{"infobox":{"foi_dossiers":[{"dc_creator":"R0m4ndu","dc_date_year":2026,"dc_description":"Bereikbaarheidsgegevens van J.L. Geurts, Burgemeester voor CDA in de Gemeente Bunschoten","dc_identifier":"nl.gm0313.1e.8004.11","dc_publisher":"gm0313","dc_source":"https://organisaties.overheid.nl/archive/exportOO.xml","dc_title":"J.L. Geurts - Burgemeester (CDA)","dc_type":"1e","dc_type_description":"Bereikbaarheidsgegevens","foaf_initials":"J.L.","foaf_lastName":"Geurts","foaf_name":"J.L. Geurts","foaf_phone":"14 033","foi_academicTitle":"Dhr.","foi_files":[],"foi_function":"8004","foi_functionDescription":"Burgemeester","foi_nrDocuments":0,"foi_nrPagesInDossier":0,"foi_party":"CDA","foi_partyName":"CDA","foi_rawFunction":"Burgemeester","foi_retrievedDate":"2026-04-18"},{"dc_creator":"R0m4ndu","dc_date_year":2026,"dc_description":"Bereikbaarheidsgegevens van Wytse de Jong, Wethouder voor CAP in de Gemeente Bunschoten","dc_identifier":"nl.gm0313.1e.8005.31","dc_publisher":"gm0313","dc_source":"https://organisaties.overheid.nl/archive/exportOO.xml","dc_title":"Wytse de Jong - Wethouder (CAP)","dc_type":"1e","dc_type_description":"Bereikbaarheidsgegevens","foaf_firstName":"Wytse","foaf_homepage":"https://www.bunschoten.nl/burgemeester-en-wethouders","foaf_initials":"W.","foaf_lastName":"de Jong","foaf_name":"Wytse de Jong","foaf_phone":"14 033","foi_academicTitle":"Dhr.","foi_files":[],"foi_function":"8005","foi_functionDescription":"Wethouder","foi_linkedIn":"https://nl.linkedin.com/in/wytsedejong","foi_nrDocuments":0,"foi_nrPagesInDossier":0,"foi_party":"CAP","foi_partyName":"CAP","foi_rawFunction":"Wethouder","foi_retrievedDate":"2026-04-18"},{"dc_creator":"R0m4ndu","dc_date_year":2026,"dc_description":"Bereikbaarheidsgegevens van A. van de Groep, Wethouder voor CDA in de Gemeente Bunschoten","dc_identifier":"nl.gm0313.1e.8005.32","dc_publisher":"gm0313","dc_source":"https://organisaties.overheid.nl/archive/exportOO.xml","dc_title":"A. van de Groep - Wethouder (CDA)","dc_type":"1e","dc_type_description":"Bereikbaarheidsgegevens","foaf_initials":"A.","foaf_lastName":"van de Groep","foaf_name":"A. van de Groep","foaf_phone":"14 033","foi_academicTitle":"Dhr.","foi_files":[],"foi_function":"8005","foi_functionDescription":"Wethouder","foi_nrDocuments":0,"foi_nrPagesInDossier":0,"foi_party":"CDA","foi_partyName":"CDA","foi_rawFunction":"Wethouder","foi_retrievedDate":"2026-04-18"},{"dc_creator":"R0m4ndu","dc_date_year":2026,"dc_description":"Bereikbaarheidsgegevens van W.P. van der Es, Wethouder voor VVD in de Gemeente Bunschoten","dc_identifier":"nl.gm0313.1e.8005.33","dc_publisher":"gm0313","dc_source":"https://organisaties.overheid.nl/archive/exportOO.xml","dc_title":"W.P. van der Es - Wethouder (VVD)","dc_type":"1e","dc_type_description":"Bereikbaarheidsgegevens","foaf_initials":"W.P.","foaf_lastName":"van der Es","foaf_name":"W.P. van der Es","foaf_phone":"14 033","foi_academicTitle":"Dhr.","foi_files":[],"foi_function":"8005","foi_functionDescription":"Wethouder","foi_nrDocuments":0,"foi_nrPagesInDossier":0,"foi_party":"VVD","foi_partyName":"VVD","foi_rawFunction":"Wethouder","foi_retrievedDate":"2026-04-18"},{"dc_creator":"R0m4ndu","dc_date_year":2026,"dc_description":"Bereikbaarheidsgegevens van A.F. de Graaf, Fractievoorzitter voor CAP in de Gemeente Bunschoten","dc_identifier":"nl.gm0313.1e.8006.178","dc_publisher":"gm0313","dc_source":"https://organisaties.overheid.nl/archive/exportOO.xml","dc_title":"A.F. de Graaf - Gemeenteraadslid (CAP)","dc_type":"1e","dc_type_description":"Bereikbaarheidsgegevens","foaf_initials":"A.F.","foaf_lastName":"de Graaf","foaf_name":"A.F. de Graaf","foaf_phone":"14 033","foi_academicTitle":"Dhr.","foi_files":[],"foi_function":"8006","foi_functionDescription":"Gemeenteraadslid","foi_linkedIn":"https://nl.linkedin.com/in/juliette-de-graaf-b4843710b","foi_nrDocuments":0,"foi_nrPagesInDossier":0,"foi_party":"CAP","foi_partyName":"CAP","foi_rawFunction":"Fractievoorzitter","foi_retrievedDate":"2026-04-18"},{"dc_creator":"R0m4ndu","dc_date_year":2026,"dc_description":"Bereikbaarheidsgegevens van C.P. Buis, Fractievoorzitter voor CDA in de Gemeente Bunschoten","dc_identifier":"nl.gm0313.1e.8006.179","dc_publisher":"gm0313","dc_source":"https://organisaties.overheid.nl/archive/exportOO.xml","dc_title":"C.P. Buis - Gemeenteraadslid (CDA)","dc_type":"1e","dc_type_description":"Bereikbaarheidsgegevens","foaf_initials":"C.P.","foaf_lastName":"Buis","foaf_name":"C.P. Buis","foaf_phone":"14 033","foi_academicTitle":"Dhr.","foi_files":[],"foi_function":"8006","foi_functionDescription":"Gemeenteraadslid","foi_nrDocuments":0,"foi_nrPagesInDossier":0,"foi_party":"CDA","foi_partyName":"CDA","foi_rawFunction":"Fractievoorzitter","foi_retrievedDate":"2026-04-18"},{"dc_creator":"R0m4ndu","dc_date_year":2026,"dc_description":"Bereikbaarheidsgegevens van Alma Broekmaat-Hagens, Fractievoorzitter voor ChristenUnie in de Gemeente Bunschoten","dc_identifier":"nl.gm0313.1e.8006.180","dc_publisher":"gm0313","dc_source":"https://organisaties.overheid.nl/archive/exportOO.xml","dc_title":"Alma Broekmaat-Hagens - Gemeenteraadslid (CU)","dc_type":"1e","dc_type_description":"Bereikbaarheidsgegevens","foaf_firstName":"Alma","foaf_initials":"A.W.","foaf_lastName":"Broekmaat-Hagens","foaf_name":"Alma Broekmaat-Hagens","foaf_phone":"14 033","foi_academicTitle":"Mw.","foi_files":[],"foi_function":"8006","foi_functionDescription":"Gemeenteraadslid","foi_linkedIn":"https://nl.linkedin.com/in/alma-broekmaat-hagens-a7310814","foi_nrDocuments":0,"foi_nrPagesInDossier":0,"foi_party":"CU","foi_partyName":"ChristenUnie","foi_rawFunction":"Fractievoorzitter","foi_retrievedDate":"2026-04-18"},{"dc_creator":"R0m4ndu","dc_date_year":2026,"dc_description":"Bereikbaarheidsgegevens van Jan-Bert Heinen, Fractievoorzitter voor SGP in de Gemeente Bunschoten","dc_identifier":"nl.gm0313.1e.8006.181","dc_publisher":"gm0313","dc_source":"https://organisaties.overheid.nl/archive/exportOO.xml","dc_title":"Jan-Bert Heinen - Gemeenteraadslid (SGP)","dc_type":"1e","dc_type_description":"Bereikbaarheidsgegevens","foaf_firstName":"Jan-Bert","foaf_initials":"J.B.","foaf_lastName":"Heinen","foaf_name":"Jan-Bert Heinen","foaf_phone":"14 033","foi_academicTitle":"Dhr.","foi_files":[],"foi_function":"8006","foi_functionDescription":"Gemeenteraadslid","foi_linkedIn":"https://nl.linkedin.com/in/jan-bert-heinen-b13612103","foi_nrDocuments":0,"foi_nrPagesInDossier":0,"foi_party":"SGP","foi_partyName":"SGP","foi_rawFunction":"Fractievoorzitter","foi_retrievedDate":"2026-04-18"},{"dc_creator":"R0m4ndu","dc_date_year":2026,"dc_description":"Bereikbaarheidsgegevens van E.M.J. de Graaf, Fractievoorzitter voor VVD in de Gemeente Bunschoten","dc_identifier":"nl.gm0313.1e.8006.182","dc_publisher":"gm0313","dc_source":"https://organisaties.overheid.nl/archive/exportOO.xml","dc_title":"E.M.J. de Graaf - Gemeenteraadslid (VVD)","dc_type":"1e","dc_type_description":"Bereikbaarheidsgegevens","foaf_initials":"E.M.J.","foaf_lastName":"de Graaf","foaf_name":"E.M.J. de Graaf","foaf_phone":"14 033","foi_academicTitle":"Mw.","foi_files":[],"foi_function":"8006","foi_functionDescription":"Gemeenteraadslid","foi_linkedIn":"https://nl.linkedin.com/in/juliette-de-graaf-b4843710b","foi_nrDocuments":0,"foi_nrPagesInDossier":0,"foi_party":"VVD","foi_partyName":"VVD","foi_rawFunction":"Fractievoorzitter","foi_retrievedDate":"2026-03-28"},{"dc_creator":"R0m4ndu","dc_date_year":2026,"dc_description":"Bereikbaarheidsgegevens van A. van Diermen, Raadslid voor CAP in de Gemeente Bunschoten","dc_identifier":"nl.gm0313.1e.8006.183","dc_publisher":"gm0313","dc_source":"https://organisaties.overheid.nl/archive/exportOO.xml","dc_title":"A. van Diermen - Gemeenteraadslid (CAP)","dc_type":"1e","dc_type_description":"Bereikbaarheidsgegevens","foaf_initials":"A.","foaf_lastName":"van Diermen","foaf_name":"A. van Diermen","foaf_phone":"14 033","foi_academicTitle":"Dhr.","foi_files":[],"foi_function":"8006","foi_functionDescription":"Gemeenteraadslid","foi_nrDocuments":0,"foi_nrPagesInDossier":0,"foi_party":"CAP","foi_partyName":"CAP","foi_rawFunction":"Raadslid","foi_retrievedDate":"2026-03-28"},{"dc_creator":"R0m4ndu","dc_date_year":2026,"dc_description":"Bereikbaarheidsgegevens van J.H. Dijkhuizen, Raadslid voor CDA in de Gemeente Bunschoten","dc_identifier":"nl.gm0313.1e.8006.184","dc_publisher":"gm0313","dc_source":"https://organisaties.overheid.nl/archive/exportOO.xml","dc_title":"J.H. Dijkhuizen - Gemeenteraadslid (CDA)","dc_type":"1e","dc_type_description":"Bereikbaarheidsgegevens","foaf_initials":"J.H.","foaf_lastName":"Dijkhuizen","foaf_name":"J.H. Dijkhuizen","foaf_phone":"14 033","foi_academicTitle":"Dhr.","foi_files":[],"foi_function":"8006","foi_functionDescription":"Gemeenteraadslid","foi_linkedIn":"https://nl.linkedin.com/in/gerrit-dijkhuizen-a9476764","foi_nrDocuments":0,"foi_nrPagesInDossier":0,"foi_party":"CDA","foi_partyName":"CDA","foi_rawFunction":"Raadslid","foi_retrievedDate":"2026-03-28"},{"dc_creator":"R0m4ndu","dc_date_year":2026,"dc_description":"Bereikbaarheidsgegevens van J.W.Z. van de Geest, Raadslid voor CDA in de Gemeente Bunschoten","dc_identifier":"nl.gm0313.1e.8006.185","dc_publisher":"gm0313","dc_source":"https://organisaties.overheid.nl/archive/exportOO.xml","dc_title":"J.W.Z. van de Geest - Gemeenteraadslid (CDA)","dc_type":"1e","dc_type_description":"Bereikbaarheidsgegevens","foaf_initials":"J.W.Z.","foaf_lastName":"van de Geest","foaf_name":"J.W.Z. van de Geest","foaf_phone":"14 033","foi_academicTitle":"Dhr.","foi_files":[],"foi_function":"8006","foi_functionDescription":"Gemeenteraadslid","foi_nrDocuments":0,"foi_nrPagesInDossier":0,"foi_party":"CDA","foi_partyName":"CDA","foi_rawFunction":"Raadslid","foi_retrievedDate":"2026-03-28"},{"dc_creator":"R0m4ndu","dc_date_year":2026,"dc_description":"Bereikbaarheidsgegevens van Rogier Zwaan, Raadslid voor CDA in de Gemeente Bunschoten","dc_identifier":"nl.gm0313.1e.8006.186","dc_publisher":"gm0313","dc_source":"https://organisaties.overheid.nl/archive/exportOO.xml","dc_title":"Rogier Zwaan - Gemeenteraadslid (CDA)","dc_type":"1e","dc_type_description":"Bereikbaarheidsgegevens","foaf_firstName":"Rogier","foaf_initials":"R.E.","foaf_lastName":"Zwaan","foaf_name":"Rogier Zwaan","foaf_phone":"14 033","foi_academicTitle":"Dhr.","foi_files":[],"foi_function":"8006","foi_functionDescription":"Gemeenteraadslid","foi_linkedIn":"https://nl.linkedin.com/in/rogier-zwaan-92617b8a","foi_nrDocuments":0,"foi_nrPagesInDossier":0,"foi_party":"CDA","foi_partyName":"CDA","foi_rawFunction":"Raadslid","foi_retrievedDate":"2026-03-28"},{"dc_creator":"R0m4ndu","dc_date_year":2026,"dc_description":"Bereikbaarheidsgegevens van M.C. van der Goot-van den Herik, Raadslid voor ChristenUnie in de Gemeente Bunschoten","dc_identifier":"nl.gm0313.1e.8006.187","dc_publisher":"gm0313","dc_source":"https://organisaties.overheid.nl/archive/exportOO.xml","dc_title":"M.C. van der Goot-van den Herik - Gemeenteraadslid (CU)","dc_type":"1e","dc_type_description":"Bereikbaarheidsgegevens","foaf_initials":"M.C.","foaf_lastName":"van der Goot-van den Herik","foaf_name":"M.C. van der Goot-van den Herik","foaf_phone":"14 033","foi_academicTitle":"Mw.","foi_files":[],"foi_function":"8006","foi_functionDescription":"Gemeenteraadslid","foi_nrDocuments":0,"foi_nrPagesInDossier":0,"foi_party":"CU","foi_partyName":"ChristenUnie","foi_rawFunction":"Raadslid","foi_retrievedDate":"2026-03-28"},{"dc_creator":"R0m4ndu","dc_date_year":2026,"dc_description":"Bereikbaarheidsgegevens van E.G. Hartog-Heinen, Raadslid voor ChristenUnie in de Gemeente Bunschoten","dc_identifier":"nl.gm0313.1e.8006.188","dc_publisher":"gm0313","dc_source":"https://organisaties.overheid.nl/archive/exportOO.xml","dc_title":"E.G. Hartog-Heinen - Gemeenteraadslid (CU)","dc_type":"1e","dc_type_description":"Bereikbaarheidsgegevens","foaf_initials":"E.G.","foaf_lastName":"Hartog-Heinen","foaf_name":"E.G. Hartog-Heinen","foaf_phone":"14 033","foi_academicTitle":"Mw.","foi_files":[],"foi_function":"8006","foi_functionDescription":"Gemeenteraadslid","foi_linkedIn":"https://nl.linkedin.com/in/gerine-hartog-heinen-96361956","foi_nrDocuments":0,"foi_nrPagesInDossier":0,"foi_party":"CU","foi_partyName":"ChristenUnie","foi_rawFunction":"Raadslid","foi_retrievedDate":"2026-04-18"},{"dc_creator":"R0m4ndu","dc_date_year":2026,"dc_description":"Bereikbaarheidsgegevens van A. Koops, Raadslid voor ChristenUnie in de Gemeente Bunschoten","dc_identifier":"nl.gm0313.1e.8006.189","dc_publisher":"gm0313","dc_source":"https://organisaties.overheid.nl/archive/exportOO.xml","dc_title":"A. Koops - Gemeenteraadslid (CU)","dc_type":"1e","dc_type_description":"Bereikbaarheidsgegevens","foaf_initials":"A.","foaf_lastName":"Koops","foaf_name":"A. Koops","foaf_phone":"14 033","foi_academicTitle":"Dhr.","foi_files":[],"foi_function":"8006","foi_functionDescription":"Gemeenteraadslid","foi_linkedIn":"https://nl.linkedin.com/in/a-koops-943142237","foi_nrDocuments":0,"foi_nrPagesInDossier":0,"foi_party":"CU","foi_partyName":"ChristenUnie","foi_rawFunction":"Raadslid","foi_retrievedDate":"2026-04-18"},{"dc_creator":"R0m4ndu","dc_date_year":2026,"dc_description":"Bereikbaarheidsgegevens van Peter Nagel, Raadslid voor ChristenUnie in de Gemeente Bunschoten","dc_identifier":"nl.gm0313.1e.8006.190","dc_publisher":"gm0313","dc_source":"https://organisaties.overheid.nl/archive/exportOO.xml","dc_title":"Peter Nagel - Gemeenteraadslid (CU)","dc_type":"1e","dc_type_description":"Bereikbaarheidsgegevens","foaf_firstName":"Peter","foaf_initials":"P.","foaf_lastName":"Nagel","foaf_name":"Peter Nagel","foaf_phone":"14 033","foi_academicTitle":"Dhr.","foi_files":[],"foi_function":"8006","foi_functionDescription":"Gemeenteraadslid","foi_nrDocuments":0,"foi_nrPagesInDossier":0,"foi_party":"CU","foi_partyName":"ChristenUnie","foi_rawFunction":"Raadslid","foi_retrievedDate":"2026-03-28","foi_twitter":"https://twitter.com/p_nagel"},{"dc_creator":"R0m4ndu","dc_date_year":2026,"dc_description":"Bereikbaarheidsgegevens van Pieter de Vos, Raadslid voor ChristenUnie in de Gemeente Bunschoten","dc_identifier":"nl.gm0313.1e.8006.191","dc_publisher":"gm0313","dc_source":"https://organisaties.overheid.nl/archive/exportOO.xml","dc_title":"Pieter de Vos - Gemeenteraadslid (CU)","dc_type":"1e","dc_type_description":"Bereikbaarheidsgegevens","foaf_firstName":"Pieter","foaf_initials":"P.J.","foaf_lastName":"de Vos","foaf_name":"Pieter de Vos","foaf_phone":"14 033","foi_academicTitle":"Dhr.","foi_files":[],"foi_function":"8006","foi_functionDescription":"Gemeenteraadslid","foi_nrDocuments":0,"foi_nrPagesInDossier":0,"foi_party":"CU","foi_partyName":"ChristenUnie","foi_rawFunction":"Raadslid","foi_retrievedDate":"2026-04-18"},{"dc_creator":"R0m4ndu","dc_date_year":2026,"dc_description":"Bereikbaarheidsgegevens van H. van Barneveld, Raadslid voor SGP in de Gemeente Bunschoten","dc_identifier":"nl.gm0313.1e.8006.192","dc_publisher":"gm0313","dc_source":"https://organisaties.overheid.nl/archive/exportOO.xml","dc_title":"H. van Barneveld - Gemeenteraadslid (SGP)","dc_type":"1e","dc_type_description":"Bereikbaarheidsgegevens","foaf_initials":"H.","foaf_lastName":"van Barneveld","foaf_name":"H. van Barneveld","foaf_phone":"14 033","foi_academicTitle":"Dhr.","foi_files":[],"foi_function":"8006","foi_functionDescription":"Gemeenteraadslid","foi_linkedIn":"https://nl.linkedin.com/in/h-van-barneveld-528944103","foi_nrDocuments":0,"foi_nrPagesInDossier":0,"foi_party":"SGP","foi_partyName":"SGP","foi_rawFunction":"Raadslid","foi_retrievedDate":"2026-03-28"},{"dc_creator":"R0m4ndu","dc_date_year":2026,"dc_description":"Bereikbaarheidsgegevens van A. van Goor, Raadslid voor SGP in de Gemeente Bunschoten","dc_identifier":"nl.gm0313.1e.8006.193","dc_publisher":"gm0313","dc_source":"https://organisaties.overheid.nl/archive/exportOO.xml","dc_title":"A. van Goor - Gemeenteraadslid (SGP)","dc_type":"1e","dc_type_description":"Bereikbaarheidsgegevens","foaf_initials":"A.","foaf_lastName":"van Goor","foaf_name":"A. van Goor","foaf_phone":"14 033","foi_academicTitle":"Dhr.","foi_files":[],"foi_function":"8006","foi_functionDescription":"Gemeenteraadslid","foi_nrDocuments":0,"foi_nrPagesInDossier":0,"foi_party":"SGP","foi_partyName":"SGP","foi_rawFunction":"Raadslid","foi_retrievedDate":"2026-04-18"},{"dc_creator":"R0m4ndu","dc_date_year":2026,"dc_description":"Bereikbaarheidsgegevens van Benjamin Boelhout, Raadslid voor VVD in de Gemeente Bunschoten","dc_identifier":"nl.gm0313.1e.8006.194","dc_publisher":"gm0313","dc_source":"https://organisaties.overheid.nl/archive/exportOO.xml","dc_title":"Benjamin Boelhout - Gemeenteraadslid (VVD)","dc_type":"1e","dc_type_description":"Bereikbaarheidsgegevens","foaf_firstName":"Benjamin","foaf_initials":"B.K.","foaf_lastName":"Boelhout","foaf_name":"Benjamin Boelhout","foaf_phone":"14 033","foi_academicTitle":"Dhr.","foi_files":[],"foi_function":"8006","foi_functionDescription":"Gemeenteraadslid","foi_linkedIn":"https://nl.linkedin.com/in/benjaminboelhout","foi_nrDocuments":0,"foi_nrPagesInDossier":0,"foi_party":"VVD","foi_partyName":"VVD","foi_rawFunction":"Raadslid","foi_retrievedDate":"2026-03-28"},{"dc_creator":"R0m4ndu","dc_date_year":2026,"dc_description":"Bereikbaarheidsgegevens van Wiebe de Boer, Fractievoorzitter voor VVD in de Gemeente Bunschoten","dc_identifier":"nl.gm0313.1e.8006.195","dc_publisher":"gm0313","dc_source":"https://organisaties.overheid.nl/archive/exportOO.xml","dc_title":"Wiebe de Boer - Gemeenteraadslid (VVD)","dc_type":"1e","dc_type_description":"Bereikbaarheidsgegevens","foaf_firstName":"Wiebe","foaf_initials":"W.","foaf_lastName":"de Boer","foaf_name":"Wiebe de Boer","foaf_phone":"14 033","foi_academicTitle":"Dhr.","foi_files":[],"foi_function":"8006","foi_functionDescription":"Gemeenteraadslid","foi_linkedIn":"https://nl.linkedin.com/in/wim-de-boer-48045093","foi_nrDocuments":0,"foi_nrPagesInDossier":0,"foi_party":"VVD","foi_partyName":"VVD","foi_rawFunction":"Fractievoorzitter","foi_retrievedDate":"2026-04-18"},{"dc_creator":"R0m4ndu","dc_date_year":2026,"dc_description":"Bereikbaarheidsgegevens van P.A.A. Koelewijn, Raadslid voor VVD in de Gemeente Bunschoten","dc_identifier":"nl.gm0313.1e.8006.196","dc_publisher":"gm0313","dc_source":"https://organisaties.overheid.nl/archive/exportOO.xml","dc_title":"P.A.A. Koelewijn - Gemeenteraadslid (VVD)","dc_type":"1e","dc_type_description":"Bereikbaarheidsgegevens","foaf_initials":"P.A.A.","foaf_lastName":"Koelewijn","foaf_name":"P.A.A. Koelewijn","foaf_phone":"14 033","foi_academicTitle":"Dhr.","foi_files":[],"foi_function":"8006","foi_functionDescription":"Gemeenteraadslid","foi_linkedIn":"https://nl.linkedin.com/in/mariska-koelewijn-0277225a","foi_nrDocuments":0,"foi_nrPagesInDossier":0,"foi_party":"VVD","foi_partyName":"VVD","foi_rawFunction":"Raadslid","foi_retrievedDate":"2026-04-18"},{"dc_creator":"R0m4ndu","dc_date_year":2026,"dc_description":"Bereikbaarheidsgegevens van L.W. Gerth, Raadslid voor CAP in de Gemeente Bunschoten","dc_identifier":"nl.gm0313.1e.8006.197","dc_publisher":"gm0313","dc_source":"https://organisaties.overheid.nl/archive/exportOO.xml","dc_title":"L.W. Gerth - Gemeenteraadslid (CAP)","dc_type":"1e","dc_type_description":"Bereikbaarheidsgegevens","foaf_initials":"L.W.","foaf_lastName":"Gerth","foaf_name":"L.W. Gerth","foaf_phone":"14 033","foi_academicTitle":"Mw.","foi_files":[],"foi_function":"8006","foi_functionDescription":"Gemeenteraadslid","foi_nrDocuments":0,"foi_nrPagesInDossier":0,"foi_party":"CAP","foi_partyName":"CAP","foi_rawFunction":"Raadslid","foi_retrievedDate":"2026-04-18"},{"dc_creator":"R0m4ndu","dc_date_year":2026,"dc_description":"Bereikbaarheidsgegevens van J. Koelewijn, Raadslid voor CAP in de Gemeente Bunschoten","dc_identifier":"nl.gm0313.1e.8006.198","dc_publisher":"gm0313","dc_source":"https://organisaties.overheid.nl/archive/exportOO.xml","dc_title":"J. Koelewijn - Gemeenteraadslid (CAP)","dc_type":"1e","dc_type_description":"Bereikbaarheidsgegevens","foaf_initials":"J.","foaf_lastName":"Koelewijn","foaf_name":"J. Koelewijn","foaf_phone":"14 033","foi_academicTitle":"Dhr.","foi_files":[],"foi_function":"8006","foi_functionDescription":"Gemeenteraadslid","foi_nrDocuments":0,"foi_nrPagesInDossier":0,"foi_party":"CAP","foi_partyName":"CAP","foi_rawFunction":"Raadslid","foi_retrievedDate":"2026-04-18"},{"dc_creator":"R0m4ndu","dc_date_year":2026,"dc_description":"Bereikbaarheidsgegevens van M. \u00d6zt\u00fcrk, Raadslid voor CAP in de Gemeente Bunschoten","dc_identifier":"nl.gm0313.1e.8006.199","dc_publisher":"gm0313","dc_source":"https://organisaties.overheid.nl/archive/exportOO.xml","dc_title":"M. \u00d6zt\u00fcrk - Gemeenteraadslid (CAP)","dc_type":"1e","dc_type_description":"Bereikbaarheidsgegevens","foaf_initials":"M.","foaf_lastName":"\u00d6zt\u00fcrk","foaf_name":"M. \u00d6zt\u00fcrk","foaf_phone":"14 033","foi_academicTitle":"Dhr.","foi_files":[],"foi_function":"8006","foi_functionDescription":"Gemeenteraadslid","foi_nrDocuments":0,"foi_nrPagesInDossier":0,"foi_party":"CAP","foi_partyName":"CAP","foi_rawFunction":"Raadslid","foi_retrievedDate":"2026-04-18"},{"dc_creator":"R0m4ndu","dc_date_year":2026,"dc_description":"Bereikbaarheidsgegevens van Ariean van de Groep, Raadslid voor CDA in de Gemeente Bunschoten","dc_identifier":"nl.gm0313.1e.8006.200","dc_publisher":"gm0313","dc_source":"https://organisaties.overheid.nl/archive/exportOO.xml","dc_title":"Ariean van de Groep - Gemeenteraadslid (CDA)","dc_type":"1e","dc_type_description":"Bereikbaarheidsgegevens","foaf_firstName":"Ariean","foaf_initials":"A.","foaf_lastName":"van de Groep","foaf_name":"Ariean van de Groep","foaf_phone":"14 033","foi_academicTitle":"Dhr.","foi_files":[],"foi_function":"8006","foi_functionDescription":"Gemeenteraadslid","foi_linkedIn":"https://nl.linkedin.com/in/arie-ariean-van-de-groep-379851273","foi_nrDocuments":0,"foi_nrPagesInDossier":0,"foi_party":"CDA","foi_partyName":"CDA","foi_rawFunction":"Raadslid","foi_retrievedDate":"2026-04-18"},{"dc_creator":"R0m4ndu","dc_date_year":2026,"dc_description":"Bereikbaarheidsgegevens van M. Meester-de Jonge, Raadslid voor CDA in de Gemeente Bunschoten","dc_identifier":"nl.gm0313.1e.8006.201","dc_publisher":"gm0313","dc_source":"https://organisaties.overheid.nl/archive/exportOO.xml","dc_title":"M. Meester-de Jonge - Gemeenteraadslid (CDA)","dc_type":"1e","dc_type_description":"Bereikbaarheidsgegevens","foaf_initials":"M.","foaf_lastName":"Meester-de Jonge","foaf_name":"M. Meester-de Jonge","foaf_phone":"14 033","foi_academicTitle":"Mw.","foi_files":[],"foi_function":"8006","foi_functionDescription":"Gemeenteraadslid","foi_nrDocuments":0,"foi_nrPagesInDossier":0,"foi_party":"CDA","foi_partyName":"CDA","foi_rawFunction":"Raadslid","foi_retrievedDate":"2026-04-18"},{"dc_creator":"R0m4ndu","dc_date_year":2026,"dc_description":"Bereikbaarheidsgegevens van M. Zwaan, Raadslid voor CDA in de Gemeente Bunschoten","dc_identifier":"nl.gm0313.1e.8006.202","dc_publisher":"gm0313","dc_source":"https://organisaties.overheid.nl/archive/exportOO.xml","dc_title":"M. Zwaan - Gemeenteraadslid (CDA)","dc_type":"1e","dc_type_description":"Bereikbaarheidsgegevens","foaf_initials":"M.","foaf_lastName":"Zwaan","foaf_name":"M. Zwaan","foaf_phone":"14 033","foi_academicTitle":"Dhr.","foi_files":[],"foi_function":"8006","foi_functionDescription":"Gemeenteraadslid","foi_nrDocuments":0,"foi_nrPagesInDossier":0,"foi_party":"CDA","foi_partyName":"CDA","foi_rawFunction":"Raadslid","foi_retrievedDate":"2026-04-18"},{"dc_creator":"R0m4ndu","dc_date_year":2026,"dc_description":"Bereikbaarheidsgegevens van W.W. Beukers, Raadslid voor ChristenUnie in de Gemeente Bunschoten","dc_identifier":"nl.gm0313.1e.8006.203","dc_publisher":"gm0313","dc_source":"https://organisaties.overheid.nl/archive/exportOO.xml","dc_title":"W.W. Beukers - Gemeenteraadslid (CU)","dc_type":"1e","dc_type_description":"Bereikbaarheidsgegevens","foaf_initials":"W.W.","foaf_lastName":"Beukers","foaf_name":"W.W. Beukers","foaf_phone":"14 033","foi_academicTitle":"Dhr.","foi_files":[],"foi_function":"8006","foi_functionDescription":"Gemeenteraadslid","foi_nrDocuments":0,"foi_nrPagesInDossier":0,"foi_party":"CU","foi_partyName":"ChristenUnie","foi_rawFunction":"Raadslid","foi_retrievedDate":"2026-04-18"},{"dc_creator":"R0m4ndu","dc_date_year":2026,"dc_description":"Bereikbaarheidsgegevens van N.A. Muijs, Raadslid voor SGP in de Gemeente Bunschoten","dc_identifier":"nl.gm0313.1e.8006.204","dc_publisher":"gm0313","dc_source":"https://organisaties.overheid.nl/archive/exportOO.xml","dc_title":"N.A. Muijs - Gemeenteraadslid (SGP)","dc_type":"1e","dc_type_description":"Bereikbaarheidsgegevens","foaf_initials":"N.A.","foaf_lastName":"Muijs","foaf_name":"N.A. Muijs","foaf_phone":"14 033","foi_academicTitle":"Mw.","foi_files":[],"foi_function":"8006","foi_functionDescription":"Gemeenteraadslid","foi_nrDocuments":0,"foi_nrPagesInDossier":0,"foi_party":"SGP","foi_partyName":"SGP","foi_rawFunction":"Raadslid","foi_retrievedDate":"2026-04-18"},{"dc_creator":"R0m4ndu","dc_date_year":2026,"dc_description":"Bereikbaarheidsgegevens van F.J.P. van Geet, Raadslid voor VVD in de Gemeente Bunschoten","dc_identifier":"nl.gm0313.1e.8006.205","dc_publisher":"gm0313","dc_source":"https://organisaties.overheid.nl/archive/exportOO.xml","dc_title":"F.J.P. van Geet - Gemeenteraadslid (VVD)","dc_type":"1e","dc_type_description":"Bereikbaarheidsgegevens","foaf_initials":"F.J.P.","foaf_lastName":"van Geet","foaf_name":"F.J.P. van Geet","foaf_phone":"14 033","foi_academicTitle":"Dhr.","foi_files":[],"foi_function":"8006","foi_functionDescription":"Gemeenteraadslid","foi_nrDocuments":0,"foi_nrPagesInDossier":0,"foi_party":"VVD","foi_partyName":"VVD","foi_rawFunction":"Raadslid","foi_retrievedDate":"2026-04-18"},{"dc_creator":"R0m4ndu","dc_date_year":2026,"dc_description":"Bereikbaarheidsgegevens van W.P. van der Es, Locoburgemeester voor VVD in de Gemeente Bunschoten","dc_identifier":"nl.gm0313.1e.8007.11","dc_publisher":"gm0313","dc_source":"https://organisaties.overheid.nl/archive/exportOO.xml","dc_title":"W.P. van der Es - Locoburgemeester (VVD)","dc_type":"1e","dc_type_description":"Bereikbaarheidsgegevens","foaf_initials":"W.P.","foaf_lastName":"van der Es","foaf_name":"W.P. van der Es","foaf_phone":"14 033","foi_academicTitle":"Dhr.","foi_files":[],"foi_function":"8007","foi_functionDescription":"Locoburgemeester","foi_nrDocuments":0,"foi_nrPagesInDossier":0,"foi_party":"VVD","foi_partyName":"VVD","foi_rawFunction":"Locoburgemeester","foi_retrievedDate":"2026-04-18"},{"dc_creator":"R0m4ndu","dc_date_year":2026,"dc_description":"Bereikbaarheidsgegevens van Esther Hoogstraten, Raadsgriffier voor Gemeente Bunschoten","dc_identifier":"nl.gm0313.1e.8008.10","dc_publisher":"gm0313","dc_source":"https://organisaties.overheid.nl/archive/exportOO.xml","dc_title":"Esther Hoogstraten - Raadsgriffier","dc_type":"1e","dc_type_description":"Bereikbaarheidsgegevens","foaf_firstName":"Esther","foaf_initials":"E.","foaf_lastName":"Hoogstraten","foaf_name":"Esther Hoogstraten","foaf_phone":"14 033","foi_academicTitle":"Mw. drs.","foi_files":[],"foi_function":"8008","foi_functionDescription":"Raadsgriffier","foi_linkedIn":"https://nl.linkedin.com/in/esther-hoogstraten-528a1812","foi_nrDocuments":0,"foi_nrPagesInDossier":0,"foi_rawFunction":"Raadsgriffier","foi_retrievedDate":"2026-04-18","foi_wikipedia":"https://nl.wikipedia.org/wiki/Hoogstraten"},{"dc_creator":"R0m4ndu","dc_date_year":2026,"dc_description":"Bereikbaarheidsgegevens van Jan Jennekens, Gemeentesecretaris voor Gemeente Bunschoten","dc_identifier":"nl.gm0313.1e.8009.10","dc_publisher":"gm0313","dc_source":"https://organisaties.overheid.nl/archive/exportOO.xml","dc_title":"Jan Jennekens - Gemeentesecretaris","dc_type":"1e","dc_type_description":"Bereikbaarheidsgegevens","foaf_firstName":"Jan","foaf_initials":"J.F.H.","foaf_lastName":"Jennekens","foaf_name":"Jan Jennekens","foaf_phone":"14 033","foi_academicTitle":"Dhr. drs.","foi_files":[],"foi_function":"8009","foi_functionDescription":"Gemeentesecretaris","foi_linkedIn":"https://nl.linkedin.com/in/jan-jennekens-06424329","foi_nrDocuments":0,"foi_nrPagesInDossier":0,"foi_rawFunction":"Gemeentesecretaris","foi_retrievedDate":"2026-04-18"},{"dc_creator":"R0m4ndu","dc_date_year":2024,"dc_description":"Bereikbaarheidsgegevens Gemeente Bunschoten (1e).","dc_identifier":"nl.gm0313.1e.8011.1","dc_publisher":"gm0313","dc_publisher_name":"Gemeente Bunschoten","dc_source":"https://organisaties.overheid.nl/archive/exportOO.xml","dc_title":"Gemeente - Gemeente Bunschoten","dc_type":"1e","dc_type_description":"Bereikbaarheidsgegevens","foaf_homepage":"https://www.bunschoten.nl","foaf_name":"Gemeente Bunschoten","foaf_phone":"14 033","foi_files":[],"foi_function":"8011","foi_functionDescription":"Organisatie","foi_linkedIn":"https://nl.linkedin.com/company/gemeente-bunschoten","foi_mailAddress":"200 3750 GE Bunschoten-Spakenburg","foi_nrDocuments":0,"foi_nrPagesInDossier":0,"foi_retrievedDate":"2026-04-11","foi_twitter":"https://twitter.com/gembunschoten","foi_updateDate":"2026-04-09","foi_visitAddress":"Stadsspui 1 3752 CL Bunschoten-Spakenburg","foi_wikipedia":"https://nl.wikipedia.org/wiki/Bunschoten"}],"foi_totalDossiers":36},"resource":"nl.gm0313.1e"}
