{"infobox":{"foi_dossiers":[{"dc_creator":"R0m4ndu","dc_date_year":2026,"dc_description":"Bereikbaarheidsgegevens van Marvin Polak, Burgemeester voor VVD in de Gemeente Oostzaan","dc_identifier":"nl.gm0431.1e.8004.9","dc_publisher":"gm0431","dc_source":"https://organisaties.overheid.nl/archive/exportOO.xml","dc_title":"Marvin Polak - Burgemeester (VVD)","dc_type":"1e","dc_type_description":"Bereikbaarheidsgegevens","foaf_firstName":"Marvin","foaf_initials":"M.D.","foaf_lastName":"Polak","foaf_mbox":"antwoord@oostzaan.nl","foaf_name":"Marvin Polak","foaf_phone":"(075) 651 21 00","foi_academicTitle":"Dhr.","foi_files":[],"foi_function":"8004","foi_functionDescription":"Burgemeester","foi_nrDocuments":0,"foi_nrPagesInDossier":0,"foi_party":"VVD","foi_partyName":"VVD","foi_rawFunction":"Burgemeester","foi_retrievedDate":"2026-04-18","foi_wikipedia":"https://nl.wikipedia.org/wiki/Marvin_Polak"},{"dc_creator":"R0m4ndu","dc_date_year":2026,"dc_description":"Bereikbaarheidsgegevens van Eelco Taams, Wethouder voor PvdA in de Gemeente Oostzaan","dc_identifier":"nl.gm0431.1e.8005.19","dc_publisher":"gm0431","dc_source":"https://organisaties.overheid.nl/archive/exportOO.xml","dc_title":"Eelco Taams - Wethouder (PvdA)","dc_type":"1e","dc_type_description":"Bereikbaarheidsgegevens","foaf_firstName":"Eelco","foaf_initials":"E.J.","foaf_lastName":"Taams","foaf_mbox":"antwoord@oostzaan.nl","foaf_name":"Eelco Taams","foaf_phone":"(075) 651 21 00","foi_academicTitle":"Dhr. mr.","foi_files":[],"foi_function":"8005","foi_functionDescription":"Wethouder","foi_linkedIn":"https://nl.linkedin.com/in/eelco-taams-3012042a","foi_nrDocuments":0,"foi_nrPagesInDossier":0,"foi_party":"PvdA","foi_partyName":"PvdA","foi_rawFunction":"Wethouder","foi_retrievedDate":"2026-04-18"},{"dc_creator":"R0m4ndu","dc_date_year":2026,"dc_description":"Bereikbaarheidsgegevens van Martin W\u00f6rsd\u00f6rfer, Wethouder voor VVD in de Gemeente Oostzaan","dc_identifier":"nl.gm0431.1e.8005.20","dc_publisher":"gm0431","dc_source":"https://organisaties.overheid.nl/archive/exportOO.xml","dc_title":"Martin W\u00f6rsd\u00f6rfer - Wethouder (VVD)","dc_type":"1e","dc_type_description":"Bereikbaarheidsgegevens","foaf_firstName":"Martin","foaf_initials":"M.","foaf_lastName":"W\u00f6rsd\u00f6rfer","foaf_mbox":"antwoord@oostzaan.nl","foaf_name":"Martin W\u00f6rsd\u00f6rfer","foaf_phone":"(075) 651 21 00","foi_academicTitle":"Dhr. drs.","foi_files":[],"foi_function":"8005","foi_functionDescription":"Wethouder","foi_nrDocuments":0,"foi_nrPagesInDossier":0,"foi_party":"VVD","foi_partyName":"VVD","foi_rawFunction":"Wethouder","foi_retrievedDate":"2026-04-18"},{"dc_creator":"R0m4ndu","dc_date_year":2026,"dc_description":"Bereikbaarheidsgegevens van L. Boshoven, Fractievoorzitter voor CDA in de Gemeente Oostzaan","dc_identifier":"nl.gm0431.1e.8006.116","dc_publisher":"gm0431","dc_source":"https://organisaties.overheid.nl/archive/exportOO.xml","dc_title":"L. Boshoven - Gemeenteraadslid (CDA)","dc_type":"1e","dc_type_description":"Bereikbaarheidsgegevens","foaf_initials":"L.","foaf_lastName":"Boshoven","foaf_mbox":"antwoord@oostzaan.nl","foaf_name":"L. Boshoven","foaf_phone":"(075) 651 21 00","foi_academicTitle":"Mw.","foi_files":[],"foi_function":"8006","foi_functionDescription":"Gemeenteraadslid","foi_nrDocuments":0,"foi_nrPagesInDossier":0,"foi_party":"CDA","foi_partyName":"CDA","foi_rawFunction":"Fractievoorzitter","foi_retrievedDate":"2026-04-18"},{"dc_creator":"R0m4ndu","dc_date_year":2026,"dc_description":"Bereikbaarheidsgegevens van S.G.R. Julius, Fractievoorzitter voor D66 in de Gemeente Oostzaan","dc_identifier":"nl.gm0431.1e.8006.117","dc_publisher":"gm0431","dc_source":"https://organisaties.overheid.nl/archive/exportOO.xml","dc_title":"S.G.R. Julius - Gemeenteraadslid (D66)","dc_type":"1e","dc_type_description":"Bereikbaarheidsgegevens","foaf_initials":"S.G.R.","foaf_lastName":"Julius","foaf_mbox":"antwoord@oostzaan.nl","foaf_name":"S.G.R. Julius","foaf_phone":"(075) 651 21 00","foi_academicTitle":"Dhr. MBA","foi_files":[],"foi_function":"8006","foi_functionDescription":"Gemeenteraadslid","foi_nrDocuments":0,"foi_nrPagesInDossier":0,"foi_party":"D66","foi_partyName":"D66","foi_rawFunction":"Fractievoorzitter","foi_retrievedDate":"2026-04-18"},{"dc_creator":"R0m4ndu","dc_date_year":2026,"dc_description":"Bereikbaarheidsgegevens van S. van Brussel, Fractievoorzitter voor GroenLinks in de Gemeente Oostzaan","dc_identifier":"nl.gm0431.1e.8006.118","dc_publisher":"gm0431","dc_source":"https://organisaties.overheid.nl/archive/exportOO.xml","dc_title":"S. van Brussel - Gemeenteraadslid (GL)","dc_type":"1e","dc_type_description":"Bereikbaarheidsgegevens","foaf_initials":"S.","foaf_lastName":"van Brussel","foaf_mbox":"antwoord@oostzaan.nl","foaf_name":"S. van Brussel","foaf_phone":"(075) 651 21 00","foi_academicTitle":"Mw.","foi_files":[],"foi_function":"8006","foi_functionDescription":"Gemeenteraadslid","foi_nrDocuments":0,"foi_nrPagesInDossier":0,"foi_party":"GL","foi_partyName":"GroenLinks","foi_rawFunction":"Fractievoorzitter","foi_retrievedDate":"2026-04-18"},{"dc_creator":"R0m4ndu","dc_date_year":2026,"dc_description":"Bereikbaarheidsgegevens van Rob Monen, Fractievoorzitter voor Oostzaan Natuurlijk in de Gemeente Oostzaan","dc_identifier":"nl.gm0431.1e.8006.119","dc_publisher":"gm0431","dc_source":"https://organisaties.overheid.nl/archive/exportOO.xml","dc_title":"Rob Monen - Gemeenteraadslid (Oostzaan Natuurlijk)","dc_type":"1e","dc_type_description":"Bereikbaarheidsgegevens","foaf_firstName":"Rob","foaf_initials":"R.J.","foaf_lastName":"Monen","foaf_mbox":"antwoord@oostzaan.nl","foaf_name":"Rob Monen","foaf_phone":"(075) 651 21 00","foi_academicTitle":"Dhr.","foi_files":[],"foi_function":"8006","foi_functionDescription":"Gemeenteraadslid","foi_nrDocuments":0,"foi_nrPagesInDossier":0,"foi_party":"Oostzaan Natuurlijk","foi_partyName":"Oostzaan Natuurlijk","foi_rawFunction":"Fractievoorzitter","foi_retrievedDate":"2026-04-18"},{"dc_creator":"R0m4ndu","dc_date_year":2026,"dc_description":"Bereikbaarheidsgegevens van F. Aan, Fractievoorzitter voor PvdA in de Gemeente Oostzaan","dc_identifier":"nl.gm0431.1e.8006.120","dc_publisher":"gm0431","dc_source":"https://organisaties.overheid.nl/archive/exportOO.xml","dc_title":"F. Aan - Gemeenteraadslid (PvdA)","dc_type":"1e","dc_type_description":"Bereikbaarheidsgegevens","foaf_homepage":"https://www.oostzaan.nl/","foaf_initials":"F.","foaf_lastName":"Aan","foaf_mbox":"antwoord@oostzaan.nl","foaf_name":"F. Aan","foaf_phone":"(075) 651 21 00","foi_academicTitle":"Dhr.","foi_files":[],"foi_function":"8006","foi_functionDescription":"Gemeenteraadslid","foi_nrDocuments":0,"foi_nrPagesInDossier":0,"foi_party":"PvdA","foi_partyName":"PvdA","foi_rawFunction":"Fractievoorzitter","foi_retrievedDate":"2026-04-18","foi_twitter":"https://twitter.com/ofc_oostzaan","foi_wikipedia":"https://nl.wikipedia.org/wiki/Oostzaan"},{"dc_creator":"R0m4ndu","dc_date_year":2026,"dc_description":"Bereikbaarheidsgegevens van B.A.M. Baaten, Fractievoorzitter voor VVD in de Gemeente Oostzaan","dc_identifier":"nl.gm0431.1e.8006.121","dc_publisher":"gm0431","dc_source":"https://organisaties.overheid.nl/archive/exportOO.xml","dc_title":"B.A.M. Baaten - Gemeenteraadslid (VVD)","dc_type":"1e","dc_type_description":"Bereikbaarheidsgegevens","foaf_initials":"B.A.M.","foaf_lastName":"Baaten","foaf_mbox":"antwoord@oostzaan.nl","foaf_name":"B.A.M. Baaten","foaf_phone":"(075) 651 21 00","foi_academicTitle":"Dhr.","foi_files":[],"foi_function":"8006","foi_functionDescription":"Gemeenteraadslid","foi_nrDocuments":0,"foi_nrPagesInDossier":0,"foi_party":"VVD","foi_partyName":"VVD","foi_rawFunction":"Fractievoorzitter","foi_retrievedDate":"2026-04-18"},{"dc_creator":"R0m4ndu","dc_date_year":2026,"dc_description":"Bereikbaarheidsgegevens van A.M. Visser, Raadslid voor CDA in de Gemeente Oostzaan","dc_identifier":"nl.gm0431.1e.8006.122","dc_publisher":"gm0431","dc_source":"https://organisaties.overheid.nl/archive/exportOO.xml","dc_title":"A.M. Visser - Gemeenteraadslid (CDA)","dc_type":"1e","dc_type_description":"Bereikbaarheidsgegevens","foaf_initials":"A.M.","foaf_lastName":"Visser","foaf_mbox":"antwoord@oostzaan.nl","foaf_name":"A.M. Visser","foaf_phone":"(075) 651 21 00","foi_academicTitle":"Mw.","foi_files":[],"foi_function":"8006","foi_functionDescription":"Gemeenteraadslid","foi_linkedIn":"https://nl.linkedin.com/in/a-m-visser-70b229112","foi_nrDocuments":0,"foi_nrPagesInDossier":0,"foi_party":"CDA","foi_partyName":"CDA","foi_rawFunction":"Raadslid","foi_retrievedDate":"2026-04-18"},{"dc_creator":"R0m4ndu","dc_date_year":2026,"dc_description":"Bereikbaarheidsgegevens van H. Stroo, Raadslid voor GroenLinks in de Gemeente Oostzaan","dc_identifier":"nl.gm0431.1e.8006.123","dc_publisher":"gm0431","dc_source":"https://organisaties.overheid.nl/archive/exportOO.xml","dc_title":"H. Stroo - Gemeenteraadslid (GL)","dc_type":"1e","dc_type_description":"Bereikbaarheidsgegevens","foaf_initials":"H.","foaf_lastName":"Stroo","foaf_mbox":"antwoord@oostzaan.nl","foaf_name":"H. Stroo","foaf_phone":"(075) 651 21 00","foi_academicTitle":"Mw.","foi_files":[],"foi_function":"8006","foi_functionDescription":"Gemeenteraadslid","foi_linkedIn":"https://nl.linkedin.com/in/theo-stroo-42b8374","foi_nrDocuments":0,"foi_nrPagesInDossier":0,"foi_party":"GL","foi_partyName":"GroenLinks","foi_rawFunction":"Raadslid","foi_retrievedDate":"2026-04-18"},{"dc_creator":"R0m4ndu","dc_date_year":2026,"dc_description":"Bereikbaarheidsgegevens van Laura Gunzel, Raadslid voor PvdA in de Gemeente Oostzaan","dc_identifier":"nl.gm0431.1e.8006.124","dc_publisher":"gm0431","dc_source":"https://organisaties.overheid.nl/archive/exportOO.xml","dc_title":"Laura Gunzel - Gemeenteraadslid (PvdA)","dc_type":"1e","dc_type_description":"Bereikbaarheidsgegevens","foaf_firstName":"Laura","foaf_initials":"L.H.","foaf_lastName":"Gunzel","foaf_mbox":"antwoord@oostzaan.nl","foaf_name":"Laura Gunzel","foaf_phone":"(075) 651 21 00","foi_academicTitle":"Mw.","foi_files":[],"foi_function":"8006","foi_functionDescription":"Gemeenteraadslid","foi_linkedIn":"https://nl.linkedin.com/in/laura-gunzel-24868877","foi_nrDocuments":0,"foi_nrPagesInDossier":0,"foi_party":"PvdA","foi_partyName":"PvdA","foi_rawFunction":"Raadslid","foi_retrievedDate":"2026-04-18"},{"dc_creator":"R0m4ndu","dc_date_year":2026,"dc_description":"Bereikbaarheidsgegevens van O. Abbring, Raadslid voor VVD in de Gemeente Oostzaan","dc_identifier":"nl.gm0431.1e.8006.125","dc_publisher":"gm0431","dc_source":"https://organisaties.overheid.nl/archive/exportOO.xml","dc_title":"O. Abbring - Gemeenteraadslid (VVD)","dc_type":"1e","dc_type_description":"Bereikbaarheidsgegevens","foaf_initials":"O.","foaf_lastName":"Abbring","foaf_mbox":"antwoord@oostzaan.nl","foaf_name":"O. Abbring","foaf_phone":"(075) 651 21 00","foi_academicTitle":"Dhr.","foi_files":[],"foi_function":"8006","foi_functionDescription":"Gemeenteraadslid","foi_nrDocuments":0,"foi_nrPagesInDossier":0,"foi_party":"VVD","foi_partyName":"VVD","foi_rawFunction":"Raadslid","foi_retrievedDate":"2026-04-18"},{"dc_creator":"R0m4ndu","dc_date_year":2026,"dc_description":"Bereikbaarheidsgegevens van M.P. Alblas, Raadslid voor VVD in de Gemeente Oostzaan","dc_identifier":"nl.gm0431.1e.8006.126","dc_publisher":"gm0431","dc_source":"https://organisaties.overheid.nl/archive/exportOO.xml","dc_title":"M.P. Alblas - Gemeenteraadslid (VVD)","dc_type":"1e","dc_type_description":"Bereikbaarheidsgegevens","foaf_initials":"M.P.","foaf_lastName":"Alblas","foaf_mbox":"antwoord@oostzaan.nl","foaf_name":"M.P. Alblas","foaf_phone":"(075) 651 21 00","foi_academicTitle":"Dhr.","foi_files":[],"foi_function":"8006","foi_functionDescription":"Gemeenteraadslid","foi_nrDocuments":0,"foi_nrPagesInDossier":0,"foi_party":"VVD","foi_partyName":"VVD","foi_rawFunction":"Raadslid","foi_retrievedDate":"2026-04-18"},{"dc_creator":"R0m4ndu","dc_date_year":2026,"dc_description":"Bereikbaarheidsgegevens van Rene Blokzijl, Raadslid voor VVD in de Gemeente Oostzaan","dc_identifier":"nl.gm0431.1e.8006.127","dc_publisher":"gm0431","dc_source":"https://organisaties.overheid.nl/archive/exportOO.xml","dc_title":"Rene Blokzijl - Gemeenteraadslid (VVD)","dc_type":"1e","dc_type_description":"Bereikbaarheidsgegevens","foaf_firstName":"Rene","foaf_initials":"R.","foaf_lastName":"Blokzijl","foaf_mbox":"antwoord@oostzaan.nl","foaf_name":"Rene Blokzijl","foaf_phone":"(075) 651 21 00","foi_academicTitle":"Dhr.","foi_files":[],"foi_function":"8006","foi_functionDescription":"Gemeenteraadslid","foi_linkedIn":"https://nl.linkedin.com/in/rene-blokzijl-2392627","foi_nrDocuments":0,"foi_nrPagesInDossier":0,"foi_party":"VVD","foi_partyName":"VVD","foi_rawFunction":"Raadslid","foi_retrievedDate":"2026-04-18","foi_twitter":"https://twitter.com/r_blokzijl"},{"dc_creator":"R0m4ndu","dc_date_year":2026,"dc_description":"Bereikbaarheidsgegevens van Janneke Lagerwaard, Raadslid voor VVD in de Gemeente Oostzaan","dc_identifier":"nl.gm0431.1e.8006.128","dc_publisher":"gm0431","dc_source":"https://organisaties.overheid.nl/archive/exportOO.xml","dc_title":"Janneke Lagerwaard - Gemeenteraadslid (VVD)","dc_type":"1e","dc_type_description":"Bereikbaarheidsgegevens","foaf_firstName":"Janneke","foaf_initials":"J.G.","foaf_lastName":"Lagerwaard","foaf_mbox":"antwoord@oostzaan.nl","foaf_name":"Janneke Lagerwaard","foaf_phone":"(075) 651 21 00","foi_academicTitle":"Mw.","foi_files":[],"foi_function":"8006","foi_functionDescription":"Gemeenteraadslid","foi_linkedIn":"https://nl.linkedin.com/in/janneke-lagerwaard-5855579b","foi_nrDocuments":0,"foi_nrPagesInDossier":0,"foi_party":"VVD","foi_partyName":"VVD","foi_rawFunction":"Raadslid","foi_retrievedDate":"2026-04-18"},{"dc_creator":"R0m4ndu","dc_date_year":2026,"dc_description":"Bereikbaarheidsgegevens van Z. de la Cruz, Raadsgriffier voor Gemeente Oostzaan","dc_identifier":"nl.gm0431.1e.8008.11","dc_publisher":"gm0431","dc_source":"https://organisaties.overheid.nl/archive/exportOO.xml","dc_title":"Z. de la Cruz - Raadsgriffier","dc_type":"1e","dc_type_description":"Bereikbaarheidsgegevens","foaf_initials":"Z.","foaf_lastName":"de la Cruz","foaf_mbox":"antwoord@oostzaan.nl","foaf_name":"Z. de la Cruz","foaf_phone":"(075) 651 21 00","foi_academicTitle":"Mw.","foi_files":[],"foi_function":"8008","foi_functionDescription":"Raadsgriffier","foi_nrDocuments":0,"foi_nrPagesInDossier":0,"foi_rawFunction":"Raadsgriffier","foi_retrievedDate":"2026-04-18"},{"dc_creator":"R0m4ndu","dc_date_year":2026,"dc_description":"Bereikbaarheidsgegevens van Dick van Huizen, Gemeentesecretaris voor Gemeente Oostzaan","dc_identifier":"nl.gm0431.1e.8009.10","dc_publisher":"gm0431","dc_source":"https://organisaties.overheid.nl/archive/exportOO.xml","dc_title":"Dick van Huizen - Gemeentesecretaris","dc_type":"1e","dc_type_description":"Bereikbaarheidsgegevens","foaf_firstName":"Dick","foaf_initials":"D.J.","foaf_lastName":"van Huizen","foaf_mbox":"antwoord@oostzaan.nl","foaf_name":"Dick van Huizen","foaf_phone":"(075) 651 21 00","foi_academicTitle":"Dhr.","foi_files":[],"foi_function":"8009","foi_functionDescription":"Gemeentesecretaris","foi_linkedIn":"https://nl.linkedin.com/in/dick-van-huizen-3487b04b","foi_nrDocuments":0,"foi_nrPagesInDossier":0,"foi_rawFunction":"Gemeentesecretaris","foi_retrievedDate":"2026-04-18"},{"dc_creator":"R0m4ndu","dc_date_year":2024,"dc_description":"Bereikbaarheidsgegevens Gemeente Oostzaan (1e).","dc_identifier":"nl.gm0431.1e.8011.1","dc_publisher":"gm0431","dc_publisher_name":"Gemeente Oostzaan","dc_source":"https://organisaties.overheid.nl/archive/exportOO.xml","dc_title":"Gemeente - Gemeente Oostzaan","dc_type":"1e","dc_type_description":"Bereikbaarheidsgegevens","foaf_homepage":"https://www.oostzaan.nl","foaf_mbox":"antwoord@oostzaan.nl","foaf_name":"Gemeente Oostzaan","foaf_phone":"(075) 651 21 00","foi_files":[],"foi_function":"8011","foi_functionDescription":"Organisatie","foi_linkedIn":"https://nl.linkedin.com/company/gemeente-oostzaan","foi_mailAddress":"20 1530 AA Wormer","foi_nrDocuments":0,"foi_nrPagesInDossier":0,"foi_retrievedDate":"2026-04-11","foi_twitter":"https://twitter.com/@OVERoostzaan","foi_updateDate":"2026-03-21","foi_visitAddress":"Kerkbuurt 4 1511 BD Oostzaan","foi_wikipedia":"https://nl.wikipedia.org/wiki/Oostzaan"}],"foi_totalDossiers":19},"resource":"nl.gm0431.1e"}
