{"infobox":{"foi_dossiers":[{"dc_creator":"HandelingScraper_v1","dc_date_year":2019,"dc_description":"Vergadering van de Gemeente Beekdaelen op 2019-01-02. Onderdeel: Opening.","dc_identifier":"nl.gm1954.2c.2019.2827990-1","dc_publisher":"gm1954","dc_source":"https://beekdaelen.bestuurlijkeinformatie.nl/Agenda/Index/422999a5-a465-46b7-9b0d-f2d2ca7f6245","dc_title":"Raadsvergadering 2019-01-02 - Opening","dc_type":"2c","dc_type_description":"Vergaderstuk decentrale overheid","foi_fairiscoreVersions":{"v1":1,"v2":1},"foi_files":[{"dc_format":"application/pdf","dc_identifier":"nl.gm1954.2c.2019.2827990-1.doc.1","dc_source":"https://api1.ibabs.eu/publicdownload.aspx?site=Beekdaelen&id=83ab9370-c6f2-425e-84a9-cb2bc341650b","dc_title":"Uitnodiging en voorlopige agenda raadsvergadering 02012019","dc_type":"bijlage","foi_fairiscoreVersions":{"v1":1,"v2":1},"foi_fileName":"Uitnodiging%20en%20agenda%20raadsvergadering%2002012019.pdf","foi_nrPages":1}],"foi_nrDocuments":1,"foi_nrPagesInDossier":1,"foi_publishedDate":"2019-01-02","foi_retrievedDate":"2026-01-23"},{"dc_creator":"HandelingScraper_v1","dc_date_year":2019,"dc_description":"Vergadering van de Gemeente Beekdaelen op 2019-01-02. Onderdeel: Vaststelling van de agenda.","dc_identifier":"nl.gm1954.2c.2019.2827990-2","dc_publisher":"gm1954","dc_source":"https://beekdaelen.bestuurlijkeinformatie.nl/Agenda/Index/422999a5-a465-46b7-9b0d-f2d2ca7f6245","dc_title":"Raadsvergadering 2019-01-02 - Vaststelling van de agenda","dc_type":"2c","dc_type_description":"Vergaderstuk decentrale overheid","foi_fairiscoreVersions":{"v1":2,"v2":2},"foi_files":[{"dc_format":"application/pdf","dc_identifier":"nl.gm1954.2c.2019.2827990-2.doc.1","dc_source":"https://api1.ibabs.eu/publicdownload.aspx?site=Beekdaelen&id=1db624ec-2061-4425-918f-ff877299193b","dc_title":"Vastgestelde agenda raadsvergadering 02012019","dc_type":"bijlage","foi_fairiscoreVersions":{"v1":2,"v2":2},"foi_fileName":"Vastgestelde%20agenda%20raadsvergadering%2002012019.pdf","foi_nrPages":1}],"foi_nrDocuments":1,"foi_nrPagesInDossier":1,"foi_publishedDate":"2019-01-02","foi_retrievedDate":"2026-03-04"},{"dc_creator":"HandelingScraper_v1","dc_date_year":2019,"dc_description":"Vergadering van de Gemeente Beekdaelen op 2019-01-02. Onderdeel: Vaststellen van Reglementen, Verordeningen en codes m.b.t. het functioneren van de gemeenteraad en het gemeentebestuur.","dc_identifier":"nl.gm1954.2c.2019.2827990-3","dc_publisher":"gm1954","dc_source":"https://beekdaelen.bestuurlijkeinformatie.nl/Agenda/Index/422999a5-a465-46b7-9b0d-f2d2ca7f6245","dc_title":"Raadsvergadering 2019-01-02 - Vaststellen van Reglementen, Verordeningen en codes m.b.t. het functioneren van de gemeenteraad en het gemeentebestuur","dc_type":"2c","dc_type_description":"Vergaderstuk decentrale overheid","foi_fairiscoreVersions":{"v1":1,"v2":1},"foi_files":[{"dc_format":"application/pdf","dc_identifier":"nl.gm1954.2c.2019.2827990-3.doc.2","dc_source":"https://api1.ibabs.eu/publicdownload.aspx?site=Beekdaelen&id=aeab0dc1-62de-4d1c-906e-08ad5833b9d0","dc_title":"Verzamelbestand vragen en opmerkingen raadsfracties raad 02012019-volledig","dc_type":"bijlage","foi_fairiscoreVersions":{"v1":1,"v2":1},"foi_fileName":"05%20Verzamelbestand%20vragen%20en%20opmerkingen%20raadsfracties%20raad%2002012019-volledig.pdf","foi_nrPages":16},{"dc_format":"application/pdf","dc_identifier":"nl.gm1954.2c.2019.2827990-3.doc.1","dc_source":"https://api1.ibabs.eu/publicdownload.aspx?site=Beekdaelen&id=eef2ec43-cff5-4cdf-9090-0636e5238e0c","dc_title":"Algemene inleidende tekst - aangepast","dc_type":"bijlage","foi_fairiscoreVersions":{"v1":1,"v2":1},"foi_fileName":"Algemene%20inleidende%20tekst%20-%20aangepast%20.pdf","foi_nrPages":2}],"foi_nrDocuments":2,"foi_nrPagesInDossier":18,"foi_publishedDate":"2019-01-02","foi_retrievedDate":"2025-12-01"},{"dc_creator":"HandelingScraper_v1","dc_date_year":2019,"dc_description":"Vergadering van de Gemeente Beekdaelen op 2019-01-02. Onderdeel: Reglementen, Verordeningen etc. Raad.","dc_identifier":"nl.gm1954.2c.2019.2827990-4","dc_publisher":"gm1954","dc_source":"https://beekdaelen.bestuurlijkeinformatie.nl/Agenda/Index/422999a5-a465-46b7-9b0d-f2d2ca7f6245","dc_title":"Raadsvergadering 2019-01-02 - Reglementen, Verordeningen etc. Raad","dc_type":"2c","dc_type_description":"Vergaderstuk decentrale overheid","foi_fairiscoreVersions":{"v1":2,"v2":1},"foi_files":[{"dc_format":"application/pdf","dc_identifier":"nl.gm1954.2c.2019.2827990-4.doc.2","dc_source":"https://api1.ibabs.eu/publicdownload.aspx?site=Beekdaelen&id=be276096-3221-4b98-8c0b-7bfa7eda9fb8","dc_title":"2. Gedragscode raads- en collegeleden vastgesteld 02012019","dc_type":"bijlage","foi_fairiscoreVersions":{"v1":2,"v2":1},"foi_fileName":"Gedragscode%20raadsleden.pdf","foi_nrPages":18},{"dc_format":"application/pdf","dc_identifier":"nl.gm1954.2c.2019.2827990-4.doc.3","dc_source":"https://api1.ibabs.eu/publicdownload.aspx?site=Beekdaelen&id=b7016732-3bd1-421e-95c3-f53437b32b60","dc_title":"3. Griffiersinstructie Beekdaelen 2019 vastgesteld 02012019","dc_type":"bijlage","foi_fairiscoreVersions":{"v1":1,"v2":1},"foi_fileName":"Griffiersinstructie%20Beekdaelen%202019.pdf","foi_nrPages":3},{"dc_format":"application/pdf","dc_identifier":"nl.gm1954.2c.2019.2827990-4.doc.4","dc_source":"https://api1.ibabs.eu/publicdownload.aspx?site=Beekdaelen&id=ab62e949-acdc-4281-baf5-04204ba251dd","dc_title":"4. Protocol integriteitsschending vastgesteld 02012019","dc_type":"bijlage","foi_fairiscoreVersions":{"v1":1,"v2":1},"foi_fileName":"Protocol%20integriteitsschending.pdf","foi_nrPages":5},{"dc_format":"application/pdf","dc_identifier":"nl.gm1954.2c.2019.2827990-4.doc.1","dc_source":"https://api1.ibabs.eu/publicdownload.aspx?site=Beekdaelen&id=a4923bac-49ab-4340-9769-eb3f5bbf5814","dc_title":"1. Reglement van Orde gemeenteraad Beekdaelen 2019  vastgesteld 02012019","dc_type":"bijlage","foi_fairiscoreVersions":{"v1":1,"v2":1},"foi_fileName":"Reglement%20van%20Orde%20gemeenteraad%20Beekdalen%202019%20-%20aangepast%2021122018.pdf","foi_nrPages":10},{"dc_format":"application/pdf","dc_identifier":"nl.gm1954.2c.2019.2827990-4.doc.6","dc_source":"https://api1.ibabs.eu/publicdownload.aspx?site=Beekdaelen&id=e6e0b420-cbee-4702-8d77-fd31f290d884","dc_title":"6. Verordening ambtelijke bijstand en fractieondersteuning gemeente Beekdaelen 2019 vastgesteld 02012019","dc_type":"bijlage","foi_fairiscoreVersions":{"v1":1,"v2":1},"foi_fileName":"Verordening%20ambtelijke%20bijstand%20en%20fractieondersteuning%20gemeente%20Beekdaelen%202019%20aangepast%2018122018.pdf","foi_nrPages":4},{"dc_format":"application/pdf","dc_identifier":"nl.gm1954.2c.2019.2827990-4.doc.8","dc_source":"https://api1.ibabs.eu/publicdownload.aspx?site=Beekdaelen&id=2860da2f-254b-495e-bc2d-32875b4bbeef","dc_title":"8. Verordening op de Auditcommissie gemeente Beekdaelen vastgesteld 02012019","dc_type":"bijlage","foi_fairiscoreVersions":{"v1":1,"v2":1},"foi_fileName":"Verordening%20op%20de%20Auditcommissie%20gemeente%20Beekdaelen.pdf","foi_nrPages":3},{"dc_format":"application/pdf","dc_identifier":"nl.gm1954.2c.2019.2827990-4.doc.7","dc_source":"https://api1.ibabs.eu/publicdownload.aspx?site=Beekdaelen&id=f091b5af-c469-4d43-9296-df6894ec4df5","dc_title":"7. Verordening op de vertrouwenscommissie vastgesteld 02012019","dc_type":"bijlage","foi_fairiscoreVersions":{"v1":1,"v2":1},"foi_fileName":"Verordening%20op%20de%20vertrouwenscommissie.pdf","foi_nrPages":4},{"dc_format":"application/pdf","dc_identifier":"nl.gm1954.2c.2019.2827990-4.doc.9","dc_source":"https://api1.ibabs.eu/publicdownload.aspx?site=Beekdaelen&id=82af7608-6595-4aa8-90ce-8f77ae3d874d","dc_title":"9. Verordening op de Werkgeverscommissie gemeente Beekdaelen vastgesteld 02012019","dc_type":"bijlage","foi_fairiscoreVersions":{"v1":1,"v2":1},"foi_fileName":"Verordening%20op%20de%20Werkgeverscommissie%20gemeente%20Beekdaelen.pdf","foi_nrPages":3},{"dc_format":"application/pdf","dc_identifier":"nl.gm1954.2c.2019.2827990-4.doc.5","dc_source":"https://api1.ibabs.eu/publicdownload.aspx?site=Beekdaelen&id=e1d7171d-6660-4554-acf5-fd6a4f5a3d53","dc_title":"5. Verordening rechtspositie wethouders, raads- en commissieleden gemeente Beekdaelen 2019 vastgesteld 02012019","dc_type":"bijlage","foi_fairiscoreVersions":{"v1":1,"v2":1},"foi_fileName":"Verordening%20rechtspositie%20wethouders_%20raads-%20en%20commissieleden%20gemeente%20Beekdaelen%202019.pdf","foi_nrPages":5}],"foi_nrDocuments":9,"foi_nrPagesInDossier":55,"foi_publishedDate":"2019-01-02","foi_retrievedDate":"2026-01-23"},{"dc_creator":"HandelingScraper_v1","dc_date_year":2019,"dc_description":"Vergadering van de Gemeente Beekdaelen op 2019-01-02. Onderdeel: Verordeningen etc. m.b.t. Cluster Algemeen bestuur en Dienstverlening.","dc_identifier":"nl.gm1954.2c.2019.2827990-5","dc_publisher":"gm1954","dc_source":"https://beekdaelen.bestuurlijkeinformatie.nl/Agenda/Index/422999a5-a465-46b7-9b0d-f2d2ca7f6245","dc_title":"Raadsvergadering 2019-01-02 - Verordeningen etc. m.b.t. Cluster Algemeen bestuur en Dienstverlening","dc_type":"2c","dc_type_description":"Vergaderstuk decentrale overheid","foi_fairiscoreVersions":{"v1":2,"v2":1},"foi_files":[{"dc_format":"application/pdf","dc_identifier":"nl.gm1954.2c.2019.2827990-5.doc.4","dc_source":"https://api1.ibabs.eu/publicdownload.aspx?site=Beekdaelen&id=187ddda0-edac-4485-b3e7-67ffc69f87ef","dc_title":"2. Toelichting Algemeen Delegatiebesluit Beekdaelen 2019","dc_type":"bijlage","foi_fairiscoreVersions":{"v1":1,"v2":1},"foi_fileName":"2.%20Toelichting%20Algemeen%20Delegatiebesluit%20Beekdaelen%202019.pdf","foi_nrPages":3},{"dc_format":"application/pdf","dc_identifier":"nl.gm1954.2c.2019.2827990-5.doc.10","dc_source":"https://api1.ibabs.eu/publicdownload.aspx?site=Beekdaelen&id=de680717-7766-43b9-b579-684c5c575133","dc_title":"6. Addendum voorstel Verordening Paracommercie gemeente Beekdaelen 2019","dc_type":"bijlage","foi_fairiscoreVersions":{"v1":1,"v2":1},"foi_fileName":"Addendum%20voorstel%20Verordening%20Paracommercie%20gemeente%20Beekdaelen%202019.pdf","foi_nrPages":1},{"dc_format":"application/pdf","dc_identifier":"nl.gm1954.2c.2019.2827990-5.doc.3","dc_source":"https://api1.ibabs.eu/publicdownload.aspx?site=Beekdaelen&id=cb16dfe1-ff9b-4bad-af9f-e81b54e8e11b","dc_title":"2. Algemeen delegatiebesluit gemeente Beekdaelen 2019 vastgesteld 02012019","dc_type":"bijlage","foi_fairiscoreVersions":{"v1":1,"v2":1},"foi_fileName":"Algemeen%20delegatiebesluit%20gemeente%20Beekdaelen%202019.pdf","foi_nrPages":4},{"dc_format":"application/pdf","dc_identifier":"nl.gm1954.2c.2019.2827990-5.doc.18","dc_source":"https://api1.ibabs.eu/publicdownload.aspx?site=Beekdaelen&id=80d49b4c-770e-4142-9823-c7249af2db41","dc_title":"14. Algemene Plaatselijke Verordening Beekdaelen 2019 vastgesteld 02012019","dc_type":"bijlage","foi_fairiscoreVersions":{"v1":2,"v2":1},"foi_fileName":"Algemene%20Plaatselijke%20Verordening%20Beekdaelen%202019.pdf","foi_nrPages":28},{"dc_format":"application/pdf","dc_identifier":"nl.gm1954.2c.2019.2827990-5.doc.12","dc_source":"https://api1.ibabs.eu/publicdownload.aspx?site=Beekdaelen&id=fce33e61-0df9-444c-9e7f-9d20303dcced","dc_title":"8. Archiefverordening gemeente Beekdaelen 2019 vastgesteld 02012019","dc_type":"bijlage","foi_fairiscoreVersions":{"v1":1,"v2":1},"foi_fileName":"Archiefverordening%20gemeente%20Beekdaelen%202019.pdf","foi_nrPages":7},{"dc_format":"application/pdf","dc_identifier":"nl.gm1954.2c.2019.2827990-5.doc.15","dc_source":"https://api1.ibabs.eu/publicdownload.aspx?site=Beekdaelen&id=333663ed-c42b-462d-8439-738b17be0283","dc_title":"11. Dienstverleningsconcept gemeente Beekdaelen vastgesteld 02012019","dc_type":"bijlage","foi_fairiscoreVersions":{"v1":1,"v2":1},"foi_fileName":"Dienstverleningsconcept%20gemeente%20Beekdaelen.pdf","foi_nrPages":31},{"dc_format":"application/pdf","dc_identifier":"nl.gm1954.2c.2019.2827990-5.doc.16","dc_source":"https://api1.ibabs.eu/publicdownload.aspx?site=Beekdaelen&id=66eb3c6c-742c-403a-a964-e70447b58eb8","dc_title":"11. Dienstverleningsvisie gemeente Beekdaelen vastgesteld 02012019","dc_type":"bijlage","foi_fairiscoreVersions":{"v1":1,"v2":1},"foi_fileName":"Dienstverleningsvisie%20gemeente%20Beekdaelen.pdf","foi_nrPages":21},{"dc_format":"application/pdf","dc_identifier":"nl.gm1954.2c.2019.2827990-5.doc.14","dc_source":"https://api1.ibabs.eu/publicdownload.aspx?site=Beekdaelen&id=b2315352-b95e-47d1-a1c4-e7ceb6e35577","dc_title":"10. Inkoopbeleid gemeente Beekdaelen vastgesteld 02012019","dc_type":"bijlage","foi_fairiscoreVersions":{"v1":1,"v2":1},"foi_fileName":"Inkoopbeleid%20gemeente%20Beekdaelen.pdf","foi_nrPages":20},{"dc_format":"application/pdf","dc_identifier":"nl.gm1954.2c.2019.2827990-5.doc.5","dc_source":"https://api1.ibabs.eu/publicdownload.aspx?site=Beekdaelen&id=c45d77fe-f6be-4a5e-ac0c-a045eb963439","dc_title":"3. Inspraakverordening gemeente Beekdaelen 2019 vastgesteld 02012019","dc_type":"bijlage","foi_fairiscoreVersions":{"v1":1,"v2":1},"foi_fileName":"Inspraakverordening%20gemeente%20Beekdaelen%202019.pdf","foi_nrPages":3},{"dc_format":"application/pdf","dc_identifier":"nl.gm1954.2c.2019.2827990-5.doc.17","dc_source":"https://api1.ibabs.eu/publicdownload.aspx?site=Beekdaelen&id=cb611e3e-0cbd-4db6-a4c0-0e76e81c4f4b","dc_title":"13. RV+RB aanmelding experiment centraal tellen verkiezingen in 2019 vastgesteld 02012019","dc_type":"bijlage","foi_fairiscoreVersions":{"v1":1,"v2":1},"foi_fileName":"Raadsvoorstel%20aanmelding%20experiment%20centraal%20tellen%20verkiezingen%20in%202019.pdf","foi_nrPages":2},{"dc_format":"application/pdf","dc_identifier":"nl.gm1954.2c.2019.2827990-5.doc.2","dc_source":"https://api1.ibabs.eu/publicdownload.aspx?site=Beekdaelen&id=e4873694-50c8-4939-8940-4be35c0f4c21","dc_title":"1. Raadsvoorstel incl. bijlagen inzake het wapen van de gemeente Beekdaelen","dc_type":"bijlage","foi_fairiscoreVersions":{"v1":1,"v2":1},"foi_fileName":"Raadsvoorstel%20inzake%20het%20wapen%20van%20de%20gemeente%20Beekdaelen.pdf","foi_nrPages":6},{"dc_format":"application/pdf","dc_identifier":"nl.gm1954.2c.2019.2827990-5.doc.6","dc_source":"https://api1.ibabs.eu/publicdownload.aspx?site=Beekdaelen&id=4a392b5d-a005-4c91-beb2-b59e18c38f6e","dc_title":"4.A.1 Verordening ambtelijk horen gemeente Beekdaelen 2019 vastgesteld  02012019","dc_type":"bijlage","foi_fairiscoreVersions":{"v1":1,"v2":1},"foi_fileName":"Verordening%20ambtelijk%20horen%20gemeente%20Beekdaelen%202019.pdf","foi_nrPages":3},{"dc_format":"application/pdf","dc_identifier":"nl.gm1954.2c.2019.2827990-5.doc.7","dc_source":"https://api1.ibabs.eu/publicdownload.aspx?site=Beekdaelen&id=cc73a5dc-2d47-45aa-b77b-519a27703a69","dc_title":"4.A.2 Verordening bezwaarschriftencommissie personeelszaken gemeente Beekdaelen 2019 vastgesteld 02012019","dc_type":"bijlage","foi_fairiscoreVersions":{"v1":1,"v2":1},"foi_fileName":"Verordening%20bezwaarschriftencommissie%20personeelszaken%20gemeente%20Beekdaelen%202019.pdf","foi_nrPages":3},{"dc_format":"application/pdf","dc_identifier":"nl.gm1954.2c.2019.2827990-5.doc.13","dc_source":"https://api1.ibabs.eu/publicdownload.aspx?site=Beekdaelen&id=1f8c81fd-e7fa-4a4d-992c-cb24a90d8dea","dc_title":"9. Verordening gegevensverstrekking BRP incl. bijlage vastgesteld 02012019","dc_type":"bijlage","foi_fairiscoreVersions":{"v1":1,"v2":1},"foi_fileName":"Verordening%20gegevensverstrekking%20BRP%20incl.%20bijlage.pdf","foi_nrPages":6},{"dc_format":"application/pdf","dc_identifier":"nl.gm1954.2c.2019.2827990-5.doc.8","dc_source":"https://api1.ibabs.eu/publicdownload.aspx?site=Beekdaelen&id=486fc36c-a88e-46b5-b25a-cc935dff107e","dc_title":"5. Verordening gemeentelijk decoratiestelsel van de gemeente Beekdaelen vastgesteld 02012019","dc_type":"bijlage","foi_fairiscoreVersions":{"v1":1,"v2":1},"foi_fileName":"Verordening%20gemeentelijk%20decoratiestelsel%20van%20de%20gemeente%20Beekdaelen.pdf","foi_nrPages":5},{"dc_format":"application/pdf","dc_identifier":"nl.gm1954.2c.2019.2827990-5.doc.9","dc_source":"https://api1.ibabs.eu/publicdownload.aspx?site=Beekdaelen&id=08a2abef-dba7-413a-9499-3cabe1a087bc","dc_title":"6. Verordening paracommercie gemeente Beekdaelen 2019 vastgesteld 02012019","dc_type":"bijlage","foi_fairiscoreVersions":{"v1":1,"v2":1},"foi_fileName":"Verordening%20paracommercie%20gemeente%20Beekdaelen%202019%20-%2012122018%20aangepast.pdf","foi_nrPages":3},{"dc_format":"application/pdf","dc_identifier":"nl.gm1954.2c.2019.2827990-5.doc.11","dc_source":"https://api1.ibabs.eu/publicdownload.aspx?site=Beekdaelen&id=07b59227-3ad8-47ee-8f4a-606077435a30","dc_title":"7. Verordening Winkeltijden gemeente Beekdaelen 2019 vastgesteld 02012019","dc_type":"bijlage","foi_fairiscoreVersions":{"v1":1,"v2":1},"foi_fileName":"Verordening%20Winkeltijden%20gemeente%20Beekdaelen%202019.pdf","foi_nrPages":3},{"dc_format":"application/pdf","dc_identifier":"nl.gm1954.2c.2019.2827990-5.doc.1","dc_source":"https://api1.ibabs.eu/publicdownload.aspx?site=Beekdaelen&id=b4bd3194-2d73-4f5b-af1c-ad31d06afe30","dc_title":"RV+RB inzake verordeningen e.a. besluiten Cluster Algemeen Bestuur en Dienstverlening","dc_type":"bijlage","foi_fairiscoreVersions":{"v1":1,"v2":1},"foi_fileName":"Voorstel%20tot%20vaststellen%20serie%20verordening%20en%20en%20nemen%20besluiten%20in%20het%20Cluster%20Algemeen%20Bestuur%20en%20Dienstverlening.pdf","foi_nrPages":13}],"foi_nrDocuments":18,"foi_nrPagesInDossier":162,"foi_publishedDate":"2019-01-02","foi_retrievedDate":"2026-02-05"},{"dc_creator":"HandelingScraper_v1","dc_date_year":2019,"dc_description":"Vergadering van de Gemeente Beekdaelen op 2019-01-02. Onderdeel: Verordeningen etc. m.b.t. Cluster Financi\u00ebn.","dc_identifier":"nl.gm1954.2c.2019.2827990-6","dc_publisher":"gm1954","dc_source":"https://beekdaelen.bestuurlijkeinformatie.nl/Agenda/Index/422999a5-a465-46b7-9b0d-f2d2ca7f6245","dc_title":"Raadsvergadering 2019-01-02 - Verordeningen etc. m.b.t. Cluster Financi\u00ebn","dc_type":"2c","dc_type_description":"Vergaderstuk decentrale overheid","foi_fairiscoreVersions":{"v1":1,"v2":1},"foi_files":[{"dc_format":"application/pdf","dc_identifier":"nl.gm1954.2c.2019.2827990-6.doc.2","dc_source":"https://api1.ibabs.eu/publicdownload.aspx?site=Beekdaelen&id=92f533d2-ff2c-45be-9bb5-2638f67786e2","dc_title":"1. Financi\u00eble verordening artikel 212 Gemeentewet gemeente Beekdaelen 2019 vastgesteld 02012019","dc_type":"bijlage","foi_fairiscoreVersions":{"v1":1,"v2":1},"foi_fileName":"Financiele%20verordening%20artikel%20212%20Gemeentewet%20gemeente%20Beekdaelen%202019.pdf","foi_nrPages":9},{"dc_format":"application/pdf","dc_identifier":"nl.gm1954.2c.2019.2827990-6.doc.5","dc_source":"https://api1.ibabs.eu/publicdownload.aspx?site=Beekdaelen&id=31654ddb-7fcf-4d56-ac3a-6a73cbd1485d","dc_title":"5. Legesverordening vastgesteld 02012019","dc_type":"bijlage","foi_fairiscoreVersions":{"v1":1,"v2":1},"foi_fileName":"Legesverordening%20-%20data%20aangepast%2017122018.pdf","foi_nrPages":4},{"dc_format":"application/pdf","dc_identifier":"nl.gm1954.2c.2019.2827990-6.doc.6","dc_source":"https://api1.ibabs.eu/publicdownload.aspx?site=Beekdaelen&id=24d59132-4d8a-46fd-aee7-f9ce707eff17","dc_title":"5. Tarieventabel Legesverordening Beekdaelen 2019 vastgesteld 02012019","dc_type":"bijlage","foi_fairiscoreVersions":{"v1":1,"v2":1},"foi_fileName":"Tarieventabel%20Legesverordening%20Beekdaelen%202019%20aangepast%2013122018.pdf","foi_nrPages":17},{"dc_format":"application/pdf","dc_identifier":"nl.gm1954.2c.2019.2827990-6.doc.3","dc_source":"https://api1.ibabs.eu/publicdownload.aspx?site=Beekdaelen&id=b944cb92-aaee-4e0f-9321-4e3b6563b379","dc_title":"2. Verordening art. 213 GW voor controle op fin. beheer en inrichting fin. organisatie gemeente Beekdaelen vastgesteld 02012019","dc_type":"bijlage","foi_fairiscoreVersions":{"v1":1,"v2":1},"foi_fileName":"Verordening%20art.%20213%20GW%20voor%20controle%20op%20fin.%20beheer%20en%20inrichting%20fin.%20organisatie%20gemeente%20Beekdaelen.pdf","foi_nrPages":5},{"dc_format":"application/pdf","dc_identifier":"nl.gm1954.2c.2019.2827990-6.doc.4","dc_source":"https://api1.ibabs.eu/publicdownload.aspx?site=Beekdaelen&id=477bd629-97f7-4817-abe7-f0b38e0c9066","dc_title":"3. Verordening art. 213a GW onderzoeken doelmatigheid en doeltreffendheid van de gemeente Beekdaelen 2019 vastgesteld 02012019","dc_type":"bijlage","foi_fairiscoreVersions":{"v1":1,"v2":1},"foi_fileName":"Verordening%20art.%20213a%20GW%20onderzoeken%20doelmatigheid%20en%20doeltreffendheid%20van%20de%20gemeente%20Beekdaelen%202019.pdf","foi_nrPages":3},{"dc_format":"application/pdf","dc_identifier":"nl.gm1954.2c.2019.2827990-6.doc.1","dc_source":"https://api1.ibabs.eu/publicdownload.aspx?site=Beekdaelen&id=d9a2cfc1-ac1c-46b5-b591-47968d230e7e","dc_title":"RV+RB tot het vaststellen van een serie verordeningen in het Cluster Financien vastgesteld 02012019","dc_type":"bijlage","foi_fairiscoreVersions":{"v1":1,"v2":1},"foi_fileName":"Voorstel%20tot%20het%20vaststellen%20van%20een%20serie%20verordeningen%20in%20het%20Cluster%20Financien.pdf","foi_nrPages":6}],"foi_nrDocuments":6,"foi_nrPagesInDossier":44,"foi_publishedDate":"2019-01-02","foi_retrievedDate":"2026-03-02"},{"dc_creator":"HandelingScraper_v1","dc_date_year":2019,"dc_description":"Vergadering van de Gemeente Beekdaelen op 2019-01-02. Onderdeel: Verordeningen etc. m.b.t. Cluster Sociaal.","dc_identifier":"nl.gm1954.2c.2019.2827990-7","dc_publisher":"gm1954","dc_source":"https://beekdaelen.bestuurlijkeinformatie.nl/Agenda/Index/422999a5-a465-46b7-9b0d-f2d2ca7f6245","dc_title":"Raadsvergadering 2019-01-02 - Verordeningen etc. m.b.t. Cluster Sociaal","dc_type":"2c","dc_type_description":"Vergaderstuk decentrale overheid","foi_fairiscoreVersions":{"v1":2,"v2":2},"foi_files":[{"dc_format":"application/pdf","dc_identifier":"nl.gm1954.2c.2019.2827990-7.doc.3","dc_source":"https://api1.ibabs.eu/publicdownload.aspx?site=Beekdaelen&id=5a4e7671-13cf-4089-9d2b-73e6e9871501","dc_title":"2. Verordening jeugdhulp gemeente Beekdaelen 2019 vastgesteld 02012019","dc_type":"bijlage","foi_fairiscoreVersions":{"v1":2,"v2":2},"foi_fileName":"Verordening%20jeugdhulp%20gemeente%20Beekdaelen%202019.pdf","foi_nrPages":25},{"dc_format":"application/pdf","dc_identifier":"nl.gm1954.2c.2019.2827990-7.doc.2","dc_source":"https://api1.ibabs.eu/publicdownload.aspx?site=Beekdaelen&id=8c1bc4f5-e4b8-48a9-9e0f-5d21df88d06d","dc_title":"1. Verordening maatschappelijke ondersteuning gemeente Beekdaelen 2019 vastgesteld 02012019","dc_type":"bijlage","foi_fairiscoreVersions":{"v1":1,"v2":1},"foi_fileName":"Verordening%20maatschappelijke%20ondersteuning%20gemeente%20Beekdaelen%202019.pdf","foi_nrPages":70},{"dc_format":"application/pdf","dc_identifier":"nl.gm1954.2c.2019.2827990-7.doc.1","dc_source":"https://api1.ibabs.eu/publicdownload.aspx?site=Beekdaelen&id=1cecd513-d21f-433b-b286-cac640350282","dc_title":"RV+RB tot het vaststellen van verordeningen en het nemen van besluiten in het Cluster Sociaal vastgesteld 02012019","dc_type":"bijlage","foi_fairiscoreVersions":{"v1":1,"v2":1},"foi_fileName":"Voorstel%20tot%20het%20vaststellen%20van%20verordeningen%20en%20het%20nemen%20van%20besluiten%20in%20het%20Cluster%20Sociaal%20-%20aangepast%2020122018.pdf","foi_nrPages":4}],"foi_nrDocuments":3,"foi_nrPagesInDossier":99,"foi_publishedDate":"2019-01-02","foi_retrievedDate":"2026-03-04"},{"dc_creator":"HandelingScraper_v1","dc_date_year":2019,"dc_description":"Vergadering van de Gemeente Beekdaelen op 2019-01-02. Onderdeel: Benoemingen in diverse commissies.","dc_identifier":"nl.gm1954.2c.2019.2827990-8","dc_publisher":"gm1954","dc_source":"https://beekdaelen.bestuurlijkeinformatie.nl/Agenda/Index/422999a5-a465-46b7-9b0d-f2d2ca7f6245","dc_title":"Raadsvergadering 2019-01-02 - Benoemingen in diverse commissies","dc_type":"2c","dc_type_description":"Vergaderstuk decentrale overheid","foi_fairiscoreVersions":{"v1":1,"v2":1},"foi_files":[{"dc_format":"application/pdf","dc_identifier":"nl.gm1954.2c.2019.2827990-8.doc.1","dc_source":"https://api1.ibabs.eu/publicdownload.aspx?site=Beekdaelen&id=ad52f175-3c4c-41e6-9902-f037b11f0fd2","dc_title":"RV+RB benoemingen in vertrouwenscie, auditcie, werkgeverscie en raadswerkgroepen vastgesteld 02012019","dc_type":"bijlage","foi_fairiscoreVersions":{"v1":1,"v2":1},"foi_fileName":"5A%20Raadsvoorstel%20benoemingen-3.pdf","foi_nrPages":3}],"foi_nrDocuments":1,"foi_nrPagesInDossier":3,"foi_publishedDate":"2019-01-02","foi_retrievedDate":"2025-12-04"},{"dc_creator":"HandelingScraper_v1","dc_date_year":2019,"dc_description":"Vergadering van de Gemeente Beekdaelen op 2019-01-08. Onderdeel: Opening.","dc_identifier":"nl.gm1954.2c.2019.2827994-1","dc_publisher":"gm1954","dc_source":"https://beekdaelen.bestuurlijkeinformatie.nl/Agenda/Index/85beda40-9a53-444d-8c6d-ae3acbfbdeb4","dc_title":"Raadsvergadering 2019-01-08 - Opening","dc_type":"2c","dc_type_description":"Vergaderstuk decentrale overheid","foi_fairiscoreVersions":{"v1":1,"v2":1},"foi_files":[{"dc_format":"application/pdf","dc_identifier":"nl.gm1954.2c.2019.2827994-1.doc.1","dc_source":"https://api1.ibabs.eu/publicdownload.aspx?site=Beekdaelen&id=a342e398-dff8-4f7d-859b-00e0f6a7d5c5","dc_title":"Uitnodiging en voorlopige agenda raadsvergadering 08012019","dc_type":"bijlage","foi_fairiscoreVersions":{"v1":1,"v2":1},"foi_fileName":"Uitnodiging%20en%20voorlopige%20agenda%20raadsvergadering%2008012019.pdf","foi_nrPages":1}],"foi_nrDocuments":1,"foi_nrPagesInDossier":1,"foi_publishedDate":"2019-01-08","foi_retrievedDate":"2026-03-02"},{"dc_creator":"HandelingScraper_v1","dc_date_year":2019,"dc_description":"Vergadering van de Gemeente Beekdaelen op 2019-01-08. Onderdeel: Vaststelling van de agenda.","dc_identifier":"nl.gm1954.2c.2019.2827994-2","dc_publisher":"gm1954","dc_source":"https://beekdaelen.bestuurlijkeinformatie.nl/Agenda/Index/85beda40-9a53-444d-8c6d-ae3acbfbdeb4","dc_title":"Raadsvergadering 2019-01-08 - Vaststelling van de agenda","dc_type":"2c","dc_type_description":"Vergaderstuk decentrale overheid","foi_fairiscoreVersions":{"v1":null,"v2":null},"foi_files":[{"dc_format":"application/pdf","dc_identifier":"nl.gm1954.2c.2019.2827994-2.doc.1","dc_source":"https://api1.ibabs.eu/publicdownload.aspx?site=Beekdaelen&id=b9ee8d46-bc98-42af-bcca-dd776911d653","dc_title":"Vastgestelde agenda raadsvergadering 08012019","dc_type":"bijlage","foi_fileName":"Vastgestelde%20agenda%20raadsvergadering%2008012019.pdf"}],"foi_nrDocuments":1,"foi_nrPagesInDossier":0,"foi_publishedDate":"2019-01-08","foi_retrievedDate":"2025-11-30"},{"dc_creator":"HandelingScraper_v1","dc_date_year":2019,"dc_description":"Vergadering van de Gemeente Beekdaelen op 2019-01-08. Onderdeel: Vaststelling Bomenverordening gemeente Beekdaelen 2019 (van agenda afgevoerd, doorgeschoven naar vergadering 22012019).","dc_identifier":"nl.gm1954.2c.2019.2827994-3","dc_publisher":"gm1954","dc_source":"https://beekdaelen.bestuurlijkeinformatie.nl/Agenda/Index/85beda40-9a53-444d-8c6d-ae3acbfbdeb4","dc_title":"Raadsvergadering 2019-01-08 - Vaststelling Bomenverordening gemeente Beekdaelen 2019 (van agenda afgevoerd, doorgeschoven naar vergadering 22012019)","dc_type":"2c","dc_type_description":"Vergaderstuk decentrale overheid","foi_fairiscoreVersions":{"v1":1,"v2":1},"foi_files":[{"dc_format":"application/pdf","dc_identifier":"nl.gm1954.2c.2019.2827994-3.doc.1","dc_source":"https://api1.ibabs.eu/publicdownload.aspx?site=Beekdaelen&id=e7ff5ceb-566b-4ddd-9453-5279c2fabef5","dc_title":"Bomenverordening gemeente Beekdaelen 2019","dc_type":"bijlage","foi_fairiscoreVersions":{"v1":1,"v2":1},"foi_fileName":"Bomenverordening%20gemeente%20Beekdaelen%202019%20-%20data%20aangepast%2003012019.pdf","foi_nrPages":3}],"foi_nrDocuments":1,"foi_nrPagesInDossier":3,"foi_publishedDate":"2019-01-08","foi_retrievedDate":"2026-03-04"},{"dc_creator":"HandelingScraper_v1","dc_date_year":2019,"dc_description":"Vergadering van de Gemeente Beekdaelen op 2019-01-08. Onderdeel: Vaststellen Nota Welstandsbeleid gemeente Beekdaelen incl. excessenregeling (van agenda afgevoerd, doorgeschoven naar vergadering 22012019).","dc_identifier":"nl.gm1954.2c.2019.2827994-4","dc_publisher":"gm1954","dc_source":"https://beekdaelen.bestuurlijkeinformatie.nl/Agenda/Index/85beda40-9a53-444d-8c6d-ae3acbfbdeb4","dc_title":"Raadsvergadering 2019-01-08 - Vaststellen Nota Welstandsbeleid gemeente Beekdaelen incl. excessenregeling (van agenda afgevoerd, doorgeschoven naar vergadering 22012019)","dc_type":"2c","dc_type_description":"Vergaderstuk decentrale overheid","foi_fairiscoreVersions":{"v1":1,"v2":1},"foi_files":[{"dc_format":"application/pdf","dc_identifier":"nl.gm1954.2c.2019.2827994-4.doc.1","dc_source":"https://api1.ibabs.eu/publicdownload.aspx?site=Beekdaelen&id=090028b9-d4f6-4eae-baed-5836735e0dca","dc_title":"Nota Welstandsbeleid 2019 incl. excessenregeling","dc_type":"bijlage","foi_fairiscoreVersions":{"v1":1,"v2":1},"foi_fileName":"Nota%20Welstandsbeleid%20-%20raad%2008012019.pdf","foi_nrPages":2}],"foi_nrDocuments":1,"foi_nrPagesInDossier":2,"foi_publishedDate":"2019-01-08","foi_retrievedDate":"2026-03-03"},{"dc_creator":"HandelingScraper_v1","dc_date_year":2019,"dc_description":"Vergadering van de Gemeente Beekdaelen op 2019-01-08. Onderdeel: Vaststellen Verordening op de heffing en invordering van Onroerend-Zaakbelastingen.","dc_identifier":"nl.gm1954.2c.2019.2827994-5","dc_publisher":"gm1954","dc_source":"https://beekdaelen.bestuurlijkeinformatie.nl/Agenda/Index/85beda40-9a53-444d-8c6d-ae3acbfbdeb4","dc_title":"Raadsvergadering 2019-01-08 - Vaststellen Verordening op de heffing en invordering van Onroerend-Zaakbelastingen","dc_type":"2c","dc_type_description":"Vergaderstuk decentrale overheid","foi_fairiscoreVersions":{"v1":2,"v2":2},"foi_files":[{"dc_format":"application/pdf","dc_identifier":"nl.gm1954.2c.2019.2827994-5.doc.6","dc_source":"https://api1.ibabs.eu/publicdownload.aspx?site=Beekdaelen&id=f50e0930-92da-479c-9d20-3b4ced035b03","dc_title":"Amendement D66 OZB hondenbelasting incl. stemuitslag raad 08012019 - VERWORPEN","dc_type":"bijlage","foi_fairiscoreVersions":{"v1":1,"v2":1},"foi_fileName":"07%20Amendement%20ozb%20hondenbelasting%20incl.%20stemuitslag%20raad%2008012019%20VERWORPEN.pdf","foi_nrPages":1},{"dc_format":"application/pdf","dc_identifier":"nl.gm1954.2c.2019.2827994-5.doc.5","dc_source":"https://api1.ibabs.eu/publicdownload.aspx?site=Beekdaelen&id=e8701f1b-f2b2-4654-909d-c84315f326ff","dc_title":"Amendement D66 OZB niet woningen incl. stemuitslag raad 08012019 - VERWORPEN","dc_type":"bijlage","foi_fairiscoreVersions":{"v1":1,"v2":1},"foi_fileName":"07%20Amendement%20ozb%20niet%20woningen%20incl.%20stemuitslag%20raad%2008012019%20VERWORPEN.pdf","foi_nrPages":1},{"dc_format":"application/pdf","dc_identifier":"nl.gm1954.2c.2019.2827994-5.doc.7","dc_source":"https://api1.ibabs.eu/publicdownload.aspx?site=Beekdaelen&id=8dcba76c-b7cc-4322-8e19-d8ab0c50b2a4","dc_title":"Ambtelijk Advies - Reactie op amendementen D66","dc_type":"bijlage","foi_fairiscoreVersions":{"v1":1,"v2":1},"foi_fileName":"Ambtelijk%20Advies%20-%20Reactie%20op%20amendementen%20D66.pdf","foi_nrPages":1},{"dc_format":"application/pdf","dc_identifier":"nl.gm1954.2c.2019.2827994-5.doc.4","dc_source":"https://api1.ibabs.eu/publicdownload.aspx?site=Beekdaelen&id=30e16270-fba5-4499-8587-af942a1c22bd","dc_title":"Antwoord op vraag dhr. J. Joosten m.b.t. rioolheffing.","dc_type":"bijlage","foi_fairiscoreVersions":{"v1":1,"v2":1},"foi_fileName":"Antwoord%20op%20vraag%20dhr.%20J.%20Joosten%20m.b.t.%20rioolheffing.pdf","foi_nrPages":1},{"dc_format":"application/pdf","dc_identifier":"nl.gm1954.2c.2019.2827994-5.doc.3","dc_source":"https://api1.ibabs.eu/publicdownload.aspx?site=Beekdaelen&id=b86a3232-2e96-4cad-bea4-a769c027f0c0","dc_title":"Antwoorden op vragen dhr. J. Joosten m.b.t. OZB","dc_type":"bijlage","foi_fairiscoreVersions":{"v1":1,"v2":1},"foi_fileName":"Antwoorden%20op%20vragen%20dhr.%20J.%20Joosten%20m.b.t.%20OZB.pdf","foi_nrPages":2},{"dc_format":"application/pdf","dc_identifier":"nl.gm1954.2c.2019.2827994-5.doc.2","dc_source":"https://api1.ibabs.eu/publicdownload.aspx?site=Beekdaelen&id=0d9cd65f-1db3-45c7-b8df-0753e1087840","dc_title":"Verordening OZB bijlagen","dc_type":"bijlage","foi_fairiscoreVersions":{"v1":5,"v2":5},"foi_fileName":"Verordening%20OZB%20bijlagen.pdf","foi_nrPages":4},{"dc_format":"application/pdf","dc_identifier":"nl.gm1954.2c.2019.2827994-5.doc.1","dc_source":"https://api1.ibabs.eu/publicdownload.aspx?site=Beekdaelen&id=e65edb0f-1a9d-4f2f-8e1c-04caa8a88847","dc_title":"Verordening OZB vastgesteld 08012019","dc_type":"bijlage","foi_fairiscoreVersions":{"v1":1,"v2":1},"foi_fileName":"Verordening%20OZB%20data%20aangepast%2003012019.pdf","foi_nrPages":4}],"foi_nrDocuments":7,"foi_nrPagesInDossier":14,"foi_publishedDate":"2019-01-08","foi_retrievedDate":"2026-03-02"},{"dc_creator":"HandelingScraper_v1","dc_date_year":2019,"dc_description":"Vergadering van de Gemeente Beekdaelen op 2019-01-08. Onderdeel: Raadsbreed programma \"Samen maken we Beekdaelen\" - Eindverslag van de verkenners.","dc_identifier":"nl.gm1954.2c.2019.2827994-6","dc_publisher":"gm1954","dc_source":"https://beekdaelen.bestuurlijkeinformatie.nl/Agenda/Index/85beda40-9a53-444d-8c6d-ae3acbfbdeb4","dc_title":"Raadsvergadering 2019-01-08 - Raadsbreed programma \"Samen maken we Beekdaelen\" - Eindverslag van de verkenners","dc_type":"2c","dc_type_description":"Vergaderstuk decentrale overheid","foi_fairiscoreVersions":{"v1":1,"v2":1},"foi_files":[{"dc_format":"application/pdf","dc_identifier":"nl.gm1954.2c.2019.2827994-6.doc.2","dc_source":"https://api1.ibabs.eu/publicdownload.aspx?site=Beekdaelen&id=3b04707a-9727-44f3-906e-c09760b8b72c","dc_title":"Raadsbreed programma \"Samen maken we Beekdaelen\" -  december 2018","dc_type":"bijlage","foi_fairiscoreVersions":{"v1":1,"v2":1},"foi_fileName":"06%20Verslag%20verkenners%20voorzet%20raadsbreed%20programma%20december%202018.pdf","foi_nrPages":17},{"dc_format":"application/pdf","dc_identifier":"nl.gm1954.2c.2019.2827994-6.doc.1","dc_source":"https://api1.ibabs.eu/publicdownload.aspx?site=Beekdaelen&id=b91f36c0-9f53-4be5-8a0a-f46a181a6f7d","dc_title":"Aanbiedingsbrief raadsbreed programma - eindverslag verkenners d.d. 24 december 2018","dc_type":"bijlage","foi_fairiscoreVersions":{"v1":1,"v2":1},"foi_fileName":"08%20Aanbiedingsbrief%20eindverslag%20verkenners%2024%20december%202018%20aangepast.pdf","foi_nrPages":2},{"dc_format":"application/pdf","dc_identifier":"nl.gm1954.2c.2019.2827994-6.doc.3","dc_source":"https://api1.ibabs.eu/publicdownload.aspx?site=Beekdaelen&id=fbd750d6-756a-4b92-9cec-735f6f199a05","dc_title":"Raadsbesluit inzake raadsbreed programma vastgesteld 08012019","dc_type":"bijlage","foi_fairiscoreVersions":{"v1":1,"v2":1},"foi_fileName":"Ontwerp-raadbesluit%20inzake%20raadsbreed%20programma.pdf","foi_nrPages":1}],"foi_nrDocuments":3,"foi_nrPagesInDossier":20,"foi_publishedDate":"2019-01-08","foi_retrievedDate":"2026-02-11"},{"dc_creator":"HandelingScraper_v1","dc_date_year":2019,"dc_description":"Vergadering van de Gemeente Beekdaelen op 2019-01-08. Onderdeel: Vaststellen wijze van afhandeling ingekomen stukken aan de Raad over periode 22-10-2018 t/m 19-12-2018.","dc_identifier":"nl.gm1954.2c.2019.2827994-7","dc_publisher":"gm1954","dc_source":"https://beekdaelen.bestuurlijkeinformatie.nl/Agenda/Index/85beda40-9a53-444d-8c6d-ae3acbfbdeb4","dc_title":"Raadsvergadering 2019-01-08 - Vaststellen wijze van afhandeling ingekomen stukken aan de Raad over periode 22-10-2018 t/m 19-12-2018","dc_type":"2c","dc_type_description":"Vergaderstuk decentrale overheid","foi_fairiscoreVersions":{"v1":1,"v2":1},"foi_files":[{"dc_format":"application/pdf","dc_identifier":"nl.gm1954.2c.2019.2827994-7.doc.1","dc_source":"https://api1.ibabs.eu/publicdownload.aspx?site=Beekdaelen&id=f0254a5b-82c1-48bc-9202-c81ea49a5bab","dc_title":"Lijst ingekomen stukken Raad periode 22-10-2018 tm 19-12-2018 vastgesteld 08012019","dc_type":"bijlage","foi_fairiscoreVersions":{"v1":1,"v2":1},"foi_fileName":"Lijst%20ingekomen%20stukken%20Raad%20periode%2022-10-2018%20tm%2019-12-2018%20vastgesteld%2008012019.pdf","foi_nrPages":7}],"foi_nrDocuments":1,"foi_nrPagesInDossier":7,"foi_publishedDate":"2019-01-08","foi_retrievedDate":"2026-02-05"},{"dc_creator":"HandelingScraper_v1","dc_date_year":2019,"dc_description":"Vergadering van de Gemeente Beekdaelen op 2019-01-22. Onderdeel: Opening en vaststellen agenda.","dc_identifier":"nl.gm1954.2c.2019.2828206-1","dc_publisher":"gm1954","dc_source":"https://beekdaelen.bestuurlijkeinformatie.nl/Agenda/Index/cfdfe866-8529-4ac7-8718-f08e3b5725b9","dc_title":"Raadsvergadering 2019-01-22 - Opening en vaststellen agenda","dc_type":"2c","dc_type_description":"Vergaderstuk decentrale overheid","foi_fairiscoreVersions":{"v1":null,"v2":null},"foi_files":[{"dc_format":"application/pdf","dc_identifier":"nl.gm1954.2c.2019.2828206-1.doc.1","dc_source":"https://api1.ibabs.eu/publicdownload.aspx?site=Beekdaelen&id=bdf2989e-5eef-4a0f-9380-94bfedfd151b","dc_title":"Uitnodiging en voorlopige agenda raadsvergadering 22-01-2019","dc_type":"bijlage","foi_fileName":"Uitnodiging%20en%20voorlopige%20agenda%20raadsvergadering%2022-01-2019.pdf"},{"dc_format":"application/pdf","dc_identifier":"nl.gm1954.2c.2019.2828206-1.doc.2","dc_source":"https://api1.ibabs.eu/publicdownload.aspx?site=Beekdaelen&id=e9c8b81a-e288-4792-9325-6432183d4b6a","dc_title":"Vastgestelde agenda raadsvergadering 22012019","dc_type":"bijlage","foi_fileName":"Vastgestelde%20agenda%20raadsvergadering%2022012019.pdf"}],"foi_nrDocuments":2,"foi_nrPagesInDossier":0,"foi_publishedDate":"2019-01-22","foi_retrievedDate":"2025-11-30"},{"dc_creator":"HandelingScraper_v1","dc_date_year":2019,"dc_description":"Vergadering van de Gemeente Beekdaelen op 2019-01-22. Onderdeel: Vaststelling besluitenlijsten 2 en 8 januari 2019.","dc_identifier":"nl.gm1954.2c.2019.2828206-2","dc_publisher":"gm1954","dc_source":"https://beekdaelen.bestuurlijkeinformatie.nl/Agenda/Index/cfdfe866-8529-4ac7-8718-f08e3b5725b9","dc_title":"Raadsvergadering 2019-01-22 - Vaststelling besluitenlijsten 2 en 8 januari 2019","dc_type":"2c","dc_type_description":"Vergaderstuk decentrale overheid","foi_fairiscoreVersions":{"v1":null,"v2":null},"foi_files":[{"dc_format":"application/pdf","dc_identifier":"nl.gm1954.2c.2019.2828206-2.doc.1","dc_source":"https://api1.ibabs.eu/publicdownload.aspx?site=Beekdaelen&id=4010e7d0-3b87-483d-981a-5390f09cec6a","dc_title":"Besluitenlijst raadsvergadering Beekdaelen dd 2 januari 2019 vastgesteld 22012019","dc_type":"bijlage","foi_fileName":"Besluitenlijst%20raadsvergadering%20Beekdaelen%20dd%202%20januari%202019%20vastgesteld.pdf"},{"dc_format":"application/pdf","dc_identifier":"nl.gm1954.2c.2019.2828206-2.doc.2","dc_source":"https://api1.ibabs.eu/publicdownload.aspx?site=Beekdaelen&id=7b0169d1-9771-4f3d-818e-04b46066b027","dc_title":"Besluitenlijst raadsvergadering Beekdaelen dd 8 januari 2019 vastgesteld 22012019","dc_type":"bijlage","foi_fileName":"Besluitenlijst%20raadsvergadering%20Beekdaelen%20dd%208%20januari%202019%20vastgesteld.pdf"}],"foi_nrDocuments":2,"foi_nrPagesInDossier":0,"foi_publishedDate":"2019-01-22","foi_retrievedDate":"2025-11-30"},{"dc_creator":"HandelingScraper_v1","dc_date_year":2019,"dc_description":"Vergadering van de Gemeente Beekdaelen op 2019-01-22. Onderdeel: Verkiezing van wethouders.","dc_identifier":"nl.gm1954.2c.2019.2828206-3","dc_publisher":"gm1954","dc_source":"https://beekdaelen.bestuurlijkeinformatie.nl/Agenda/Index/cfdfe866-8529-4ac7-8718-f08e3b5725b9","dc_title":"Raadsvergadering 2019-01-22 - Verkiezing van wethouders","dc_type":"2c","dc_type_description":"Vergaderstuk decentrale overheid","foi_fairiscoreVersions":{"v1":2,"v2":2},"foi_files":[{"dc_format":"application/pdf","dc_identifier":"nl.gm1954.2c.2019.2828206-3.doc.2","dc_source":"https://api1.ibabs.eu/publicdownload.aspx?site=Beekdaelen&id=0f64d385-9564-4c21-ba07-b7d1745cfabc","dc_title":"Raadsvoorstel vacatureruimte wethouders","dc_type":"bijlage","foi_fairiscoreVersions":{"v1":1,"v2":1},"foi_fileName":"04%20Raadsvoorstel%20vacatureruimte%20wethouders.pdf","foi_nrPages":3},{"dc_format":"application/pdf","dc_identifier":"nl.gm1954.2c.2019.2828206-3.doc.4","dc_source":"https://api1.ibabs.eu/publicdownload.aspx?site=Beekdaelen&id=0fb454fe-57be-416d-a009-3cd7c472a447","dc_title":"Raadsbesluit benoeming wethouders gemeente Beekdaelen vastgesteld 22012019","dc_type":"bijlage","foi_fairiscoreVersions":{"v1":1,"v2":1},"foi_fileName":"04%20RB%20benoeming%20wethouders%20gemeente%20Beekdaelen%20vastgesteld.pdf","foi_nrPages":1},{"dc_format":"application/pdf","dc_identifier":"nl.gm1954.2c.2019.2828206-3.doc.3","dc_source":"https://api1.ibabs.eu/publicdownload.aspx?site=Beekdaelen&id=95616c47-455f-405e-a1b4-220225dd33f6","dc_title":"Raadsbesluit bepalen vacatureruimte wethouders vastgesteld 22012019","dc_type":"bijlage","foi_fairiscoreVersions":{"v1":1,"v2":1},"foi_fileName":"04%20RB%20bepalen%20vacatureruimte%20wethouders%20vastgesteld.pdf","foi_nrPages":1},{"dc_format":"application/pdf","dc_identifier":"nl.gm1954.2c.2019.2828206-3.doc.1","dc_source":"https://api1.ibabs.eu/publicdownload.aspx?site=Beekdaelen&id=4b5be2c3-732e-476b-81d0-e4318899a1e2","dc_title":"Rapportage coalitievorming Beekdaelen","dc_type":"bijlage","foi_fairiscoreVersions":{"v1":5,"v2":5},"foi_fileName":"mric01_22-1-2019_15-49-29.pdf","foi_nrPages":6}],"foi_nrDocuments":4,"foi_nrPagesInDossier":11,"foi_publishedDate":"2019-01-22","foi_retrievedDate":"2026-03-01"},{"dc_creator":"HandelingScraper_v1","dc_date_year":2019,"dc_description":"Vergadering van de Gemeente Beekdaelen op 2019-01-22. Onderdeel: Vervulling vacatures in de raad.","dc_identifier":"nl.gm1954.2c.2019.2828206-4","dc_publisher":"gm1954","dc_source":"https://beekdaelen.bestuurlijkeinformatie.nl/Agenda/Index/cfdfe866-8529-4ac7-8718-f08e3b5725b9","dc_title":"Raadsvergadering 2019-01-22 - Vervulling vacatures in de raad","dc_type":"2c","dc_type_description":"Vergaderstuk decentrale overheid","foi_fairiscoreVersions":{"v1":null,"v2":null},"foi_files":[{"dc_format":"application/pdf","dc_identifier":"nl.gm1954.2c.2019.2828206-4.doc.2","dc_source":"https://api1.ibabs.eu/publicdownload.aspx?site=Beekdaelen&id=d3953eaf-9791-4171-91b3-73360153190c","dc_title":"Raadsbesluit toelating lid gemeenteraad vastgesteld 22012019","dc_type":"bijlage","foi_fileName":"Raadsbesluit%20toelating%20lid%20gemeenteraad%20vastgesteld%2022012019.pdf"},{"dc_format":"application/pdf","dc_identifier":"nl.gm1954.2c.2019.2828206-4.doc.1","dc_source":"https://api1.ibabs.eu/publicdownload.aspx?site=Beekdaelen&id=7c40824f-441d-4e5e-a25a-f02c07c5caa9","dc_title":"Rapport raadscommissie onderzoek geloofsbrieven vastgesteld 22012019","dc_type":"bijlage","foi_fileName":"Rapport%20raadscie.%20onderzoek%20geloofsbrieven%20vastgesteld%2022012019.pdf"}],"foi_nrDocuments":2,"foi_nrPagesInDossier":0,"foi_publishedDate":"2019-01-22","foi_retrievedDate":"2025-11-30"},{"dc_creator":"HandelingScraper_v1","dc_date_year":2019,"dc_description":"Vergadering van de Gemeente Beekdaelen op 2019-01-22. Onderdeel: Vaststelling bomenverordening.","dc_identifier":"nl.gm1954.2c.2019.2828206-5","dc_publisher":"gm1954","dc_source":"https://beekdaelen.bestuurlijkeinformatie.nl/Agenda/Index/cfdfe866-8529-4ac7-8718-f08e3b5725b9","dc_title":"Raadsvergadering 2019-01-22 - Vaststelling bomenverordening","dc_type":"2c","dc_type_description":"Vergaderstuk decentrale overheid","foi_fairiscoreVersions":{"v1":2,"v2":2},"foi_files":[{"dc_format":"application/pdf","dc_identifier":"nl.gm1954.2c.2019.2828206-5.doc.2","dc_source":"https://api1.ibabs.eu/publicdownload.aspx?site=Beekdaelen&id=5bb6b9ac-c8ce-4413-b8b1-ad38e63e36c9","dc_title":"Ambtelijke informatie bomenverordening","dc_type":"bijlage","foi_fairiscoreVersions":{"v1":1,"v2":1},"foi_fileName":"04%20Ambtelijke%20informatie%20bomenverordening.pdf","foi_nrPages":2},{"dc_format":"application/pdf","dc_identifier":"nl.gm1954.2c.2019.2828206-5.doc.3","dc_source":"https://api1.ibabs.eu/publicdownload.aspx?site=Beekdaelen&id=fbce0fbd-cd80-4965-b8f7-86f832650be6","dc_title":"Vragen VG en BL & antwoorden - Bomenverordening Beekdaelen 2019","dc_type":"bijlage","foi_fairiscoreVersions":{"v1":1,"v2":1},"foi_fileName":"04%20BOMENVERORDENING%20BEEKDAELEN%202019%20-%20vragen-antwoord.pdf","foi_nrPages":4},{"dc_format":"application/pdf","dc_identifier":"nl.gm1954.2c.2019.2828206-5.doc.4","dc_source":"https://api1.ibabs.eu/publicdownload.aspx?site=Beekdaelen&id=8c36883d-c022-4b47-b9d0-729626913fee","dc_title":"Schinveldse Bossen - gebiedsbegrenzing","dc_type":"bijlage","foi_fairiscoreVersions":{"v1":5,"v2":5},"foi_fileName":"04%20Schinveldse%20Bossen%20-%20gebiedsbegrenzing.pdf","foi_nrPages":1},{"dc_format":"application/pdf","dc_identifier":"nl.gm1954.2c.2019.2828206-5.doc.1","dc_source":"https://api1.ibabs.eu/publicdownload.aspx?site=Beekdaelen&id=8ad0319b-5789-462a-b5c2-02b960048d56","dc_title":"Bomenverordening gemeente Beekdaelen 2019 vastgesteld 22012019","dc_type":"bijlage","foi_fairiscoreVersions":{"v1":1,"v2":1},"foi_fileName":"Bomenverordening%20gemeente%20Beekdaelen%202019%20vastgesteld%2022012019.pdf","foi_nrPages":4}],"foi_nrDocuments":4,"foi_nrPagesInDossier":11,"foi_publishedDate":"2019-01-22","foi_retrievedDate":"2026-02-12"},{"dc_creator":"HandelingScraper_v1","dc_date_year":2019,"dc_description":"Vergadering van de Gemeente Beekdaelen op 2019-01-22. Onderdeel: Vaststelling nota welstandsbeleid Beekdaelen 2019 (incl. excessenregeling).","dc_identifier":"nl.gm1954.2c.2019.2828206-6","dc_publisher":"gm1954","dc_source":"https://beekdaelen.bestuurlijkeinformatie.nl/Agenda/Index/cfdfe866-8529-4ac7-8718-f08e3b5725b9","dc_title":"Raadsvergadering 2019-01-22 - Vaststelling nota welstandsbeleid Beekdaelen 2019 (incl. excessenregeling)","dc_type":"2c","dc_type_description":"Vergaderstuk decentrale overheid","foi_fairiscoreVersions":{"v1":1,"v2":1},"foi_files":[{"dc_format":"application/pdf","dc_identifier":"nl.gm1954.2c.2019.2828206-6.doc.2","dc_source":"https://api1.ibabs.eu/publicdownload.aspx?site=Beekdaelen&id=1288b7f7-c362-419d-b183-9b62eef3b070","dc_title":"Notitie ivm gemaakte opmerkingen inzake voorstel welstand","dc_type":"bijlage","foi_fairiscoreVersions":{"v1":1,"v2":1},"foi_fileName":"04%20Notitie%20welstand%2017%20januari%202019.pdf","foi_nrPages":3},{"dc_format":"application/pdf","dc_identifier":"nl.gm1954.2c.2019.2828206-6.doc.1","dc_source":"https://api1.ibabs.eu/publicdownload.aspx?site=Beekdaelen&id=b3e94801-9046-4fed-ba14-7339087f9b67","dc_title":"Nota Welstandsbeleid gemeente Beekdaelen incl. excessenregeling 2019 vastgesteld 22012019","dc_type":"bijlage","foi_fairiscoreVersions":{"v1":1,"v2":1},"foi_fileName":"Nota%20Welstandsbeleid%20gemeente%20Beekdaelen%20incl.%20excessenregeling%202019%20vastgesteld%2022012019.pdf","foi_nrPages":3}],"foi_nrDocuments":2,"foi_nrPagesInDossier":6,"foi_publishedDate":"2019-01-22","foi_retrievedDate":"2026-03-01"},{"dc_creator":"HandelingScraper_v1","dc_date_year":2019,"dc_description":"Vergadering van de Gemeente Beekdaelen op 2019-01-30. Onderdeel: Opening en vaststellen agenda.","dc_identifier":"nl.gm1954.2c.2019.2828312-1","dc_publisher":"gm1954","dc_source":"https://beekdaelen.bestuurlijkeinformatie.nl/Agenda/Index/290877ab-984c-4bcc-b15b-ca9c1ff3ab49","dc_title":"Raadsvergadering 2019-01-30 - Opening en vaststellen agenda","dc_type":"2c","dc_type_description":"Vergaderstuk decentrale overheid","foi_fairiscoreVersions":{"v1":1,"v2":1},"foi_files":[{"dc_format":"application/pdf","dc_identifier":"nl.gm1954.2c.2019.2828312-1.doc.1","dc_source":"https://api1.ibabs.eu/publicdownload.aspx?site=Beekdaelen&id=95d75452-56f0-40e5-a509-f8f9b9713c73","dc_title":"Uitnodiging en voorlopige agenda raadsvergadering 30012019","dc_type":"bijlage","foi_fairiscoreVersions":{"v1":1,"v2":1},"foi_fileName":"Uitnodiging%20en%20voorlopige%20agenda%20raadsvergadering%2030012019.pdf","foi_nrPages":1},{"dc_format":"application/pdf","dc_identifier":"nl.gm1954.2c.2019.2828312-1.doc.2","dc_source":"https://api1.ibabs.eu/publicdownload.aspx?site=Beekdaelen&id=82a8762e-cd7e-4c4f-9883-b780b54afc56","dc_title":"Vastgestelde agenda raadsvergadering 30012019","dc_type":"bijlage","foi_fairiscoreVersions":{"v1":1,"v2":1},"foi_fileName":"Vastgestelde%20agenda%20raadsvergadering%2030012019.pdf","foi_nrPages":1}],"foi_nrDocuments":2,"foi_nrPagesInDossier":2,"foi_publishedDate":"2019-01-30","foi_retrievedDate":"2026-03-01"},{"dc_creator":"HandelingScraper_v1","dc_date_year":2019,"dc_description":"Vergadering van de Gemeente Beekdaelen op 2019-01-30. Onderdeel: Vaststelling profielschets burgemeester Beekdaelen.","dc_identifier":"nl.gm1954.2c.2019.2828312-2","dc_publisher":"gm1954","dc_source":"https://beekdaelen.bestuurlijkeinformatie.nl/Agenda/Index/290877ab-984c-4bcc-b15b-ca9c1ff3ab49","dc_title":"Raadsvergadering 2019-01-30 - Vaststelling profielschets burgemeester Beekdaelen","dc_type":"2c","dc_type_description":"Vergaderstuk decentrale overheid","foi_fairiscoreVersions":{"v1":2,"v2":2},"foi_files":[{"dc_format":"application/pdf","dc_identifier":"nl.gm1954.2c.2019.2828312-2.doc.2","dc_source":"https://api1.ibabs.eu/publicdownload.aspx?site=Beekdaelen&id=a4a3823c-a560-451c-a81e-4a5f62739e68","dc_title":"Raadsbesluit profielschets burgemeester vastgesteld 30012019","dc_type":"bijlage","foi_fairiscoreVersions":{"v1":1,"v2":1},"foi_fileName":"04%20Raadsbesluit%20profielschets%20burgemeester%20vastgesteld%2030012019.pdf","foi_nrPages":1},{"dc_format":"application/pdf","dc_identifier":"nl.gm1954.2c.2019.2828312-2.doc.1","dc_source":"https://api1.ibabs.eu/publicdownload.aspx?site=Beekdaelen&id=cb5e1b35-a90d-4374-b7e8-b6b8fe33d685","dc_title":"Raadsvoorstel inzake vaststelling profielschets burgemeester Beekdaelen","dc_type":"bijlage","foi_fairiscoreVersions":{"v1":1,"v2":1},"foi_fileName":"04%20Raadsvoorstel%20Profielschets%20burgemeester.pdf","foi_nrPages":2},{"dc_format":"application/pdf","dc_identifier":"nl.gm1954.2c.2019.2828312-2.doc.4","dc_source":"https://api1.ibabs.eu/publicdownload.aspx?site=Beekdaelen&id=900089d6-cff6-4f6b-8e6e-e975438af4b3","dc_title":"Profielschets burgemeester gemeente Beekdaelen","dc_type":"bijlage","foi_fairiscoreVersions":{"v1":1,"v2":1},"foi_fileName":"Profielschets%20definitief%20-1.pdf","foi_nrPages":10},{"dc_format":"application/pdf","dc_identifier":"nl.gm1954.2c.2019.2828312-2.doc.3","dc_source":"https://api1.ibabs.eu/publicdownload.aspx?site=Beekdaelen&id=20ea00c4-debd-4472-af97-77e3ba761676","dc_title":"Samenvatting resultaten burgerenqu\u00eate burgemeestersprofiel Beekdaelen","dc_type":"bijlage","foi_fairiscoreVersions":{"v1":2,"v2":2},"foi_fileName":"Samenvatting%20burgerenquete%20burgemeestersprofiel.pdf","foi_nrPages":5}],"foi_nrDocuments":4,"foi_nrPagesInDossier":18,"foi_publishedDate":"2019-01-30","foi_retrievedDate":"2026-02-12"},{"dc_creator":"HandelingScraper_v1","dc_date_year":2019,"dc_description":"Vergadering van de Gemeente Beekdaelen op 2019-01-30. Onderdeel: Raadsvoorstel Wet Normalisering rechtspositie ambtenaren (Wnra) en CAO gemeenten.","dc_identifier":"nl.gm1954.2c.2019.2828312-3","dc_publisher":"gm1954","dc_source":"https://beekdaelen.bestuurlijkeinformatie.nl/Agenda/Index/290877ab-984c-4bcc-b15b-ca9c1ff3ab49","dc_title":"Raadsvergadering 2019-01-30 - Raadsvoorstel Wet Normalisering rechtspositie ambtenaren (Wnra) en CAO gemeenten","dc_type":"2c","dc_type_description":"Vergaderstuk decentrale overheid","foi_fairiscoreVersions":{"v1":null,"v2":null},"foi_files":[{"dc_format":"application/pdf","dc_identifier":"nl.gm1954.2c.2019.2828312-3.doc.2","dc_source":"https://api1.ibabs.eu/publicdownload.aspx?site=Beekdaelen&id=24541697-b73c-4abf-b845-fcdc85f3f22f","dc_title":"Raadsbesluit Wet normalisering rechtspositie ambtenaren(Wnra) vastgesteld 30012019","dc_type":"bijlage","foi_fileName":"05%20RB%20Wet%20normalisering%20rechtspositie%20ambtenaren%28Wnra%29%20vastgesteld.pdf"},{"dc_format":"application/pdf","dc_identifier":"nl.gm1954.2c.2019.2828312-3.doc.1","dc_source":"https://api1.ibabs.eu/publicdownload.aspx?site=Beekdaelen&id=c3ecb314-afa0-4af1-a71c-664e56a45692","dc_title":"Raadsvoorstel Wet normalisering rechtspositie ambtenaren(Wnra) vastgesteld","dc_type":"bijlage","foi_fileName":"05%20RV%20Wet%20normalisering%20rechtspositie%20ambtenaren%28Wnra%29%20vastgesteld.pdf"}],"foi_nrDocuments":2,"foi_nrPagesInDossier":0,"foi_publishedDate":"2019-01-30","foi_retrievedDate":"2025-12-01"},{"dc_creator":"HandelingScraper_v1","dc_date_year":2019,"dc_description":"Vergadering van de Gemeente Beekdaelen op 2019-01-30. Onderdeel: Raadsvoorstel inzake wijziging verordening auditcommissie, verordening werkgeverscommissie en benoeming van leden in diverse gremia.","dc_identifier":"nl.gm1954.2c.2019.2828312-4","dc_publisher":"gm1954","dc_source":"https://beekdaelen.bestuurlijkeinformatie.nl/Agenda/Index/290877ab-984c-4bcc-b15b-ca9c1ff3ab49","dc_title":"Raadsvergadering 2019-01-30 - Raadsvoorstel inzake wijziging verordening auditcommissie, verordening werkgeverscommissie en benoeming van leden in diverse gremia","dc_type":"2c","dc_type_description":"Vergaderstuk decentrale overheid","foi_fairiscoreVersions":{"v1":1,"v2":1},"foi_files":[{"dc_format":"application/pdf","dc_identifier":"nl.gm1954.2c.2019.2828312-4.doc.1","dc_source":"https://api1.ibabs.eu/publicdownload.aspx?site=Beekdaelen&id=8e7526cf-f408-4e76-a8c0-c089a9b6f917","dc_title":"Raadsvoorstel wijziging verordening auditcommissie, verordening werkgeverscommissie en benoeming van leden in diverse gremia","dc_type":"bijlage","foi_fairiscoreVersions":{"v1":1,"v2":1},"foi_fileName":"06%20Raadsvoorstel%20benoemingen.pdf","foi_nrPages":4},{"dc_format":"application/pdf","dc_identifier":"nl.gm1954.2c.2019.2828312-4.doc.2","dc_source":"https://api1.ibabs.eu/publicdownload.aspx?site=Beekdaelen&id=07693a8f-d3c4-41f0-84c7-fc50b8ffb139","dc_title":"Raadsbesluit wijziging verordening auditcie, verordening werkgeverscie en benoemingen in diverse gremia vastgesteld 30012019","dc_type":"bijlage","foi_fairiscoreVersions":{"v1":1,"v2":1},"foi_fileName":"RB%20wijziging%20verordening%20auditcommissie_%20verordening%20werkgeverscommissie%20en%20benoeming%20van%20leden%20in%20diverse%20gremia.pdf","foi_nrPages":1},{"dc_format":"application/pdf","dc_identifier":"nl.gm1954.2c.2019.2828312-4.doc.3","dc_source":"https://api1.ibabs.eu/publicdownload.aspx?site=Beekdaelen&id=2e6790e8-2ef4-4c29-b345-e292d4981132","dc_title":"Gewijzigde Verordening Auditcommissie Beekdaelen 2019","dc_type":"bijlage","foi_fairiscoreVersions":{"v1":1,"v2":1},"foi_fileName":"Verordening%20Auditcommissie%20Beekdaelen.pdf","foi_nrPages":3},{"dc_format":"application/pdf","dc_identifier":"nl.gm1954.2c.2019.2828312-4.doc.4","dc_source":"https://api1.ibabs.eu/publicdownload.aspx?site=Beekdaelen&id=b069433e-91b5-4d8d-b328-e048c8e7633b","dc_title":"Gewijzigde Verordening Werkgeverscommissie Beekdaelen 2019","dc_type":"bijlage","foi_fairiscoreVersions":{"v1":1,"v2":1},"foi_fileName":"Verordening%20Werkgeverscommissie%20Beekdaelen.pdf","foi_nrPages":3}],"foi_nrDocuments":4,"foi_nrPagesInDossier":11,"foi_publishedDate":"2019-01-30","foi_retrievedDate":"2026-02-11"},{"dc_creator":"HandelingScraper_v1","dc_date_year":2019,"dc_description":"Vergadering van de Gemeente Beekdaelen op 2019-01-30. Onderdeel: Lijst toezeggingen en afhandeling moties voormalige gemeenten Onderbanken, Nuth en Schinnen.","dc_identifier":"nl.gm1954.2c.2019.2828312-5","dc_publisher":"gm1954","dc_source":"https://beekdaelen.bestuurlijkeinformatie.nl/Agenda/Index/290877ab-984c-4bcc-b15b-ca9c1ff3ab49","dc_title":"Raadsvergadering 2019-01-30 - Lijst toezeggingen en afhandeling moties voormalige gemeenten Onderbanken, Nuth en Schinnen","dc_type":"2c","dc_type_description":"Vergaderstuk decentrale overheid","foi_fairiscoreVersions":{"v1":2,"v2":2},"foi_files":[{"dc_format":"application/pdf","dc_identifier":"nl.gm1954.2c.2019.2828312-5.doc.2","dc_source":"https://api1.ibabs.eu/publicdownload.aspx?site=Beekdaelen&id=5a73afd3-68b8-4dc3-909f-c4fb711a76c8","dc_title":"Raadsbesluit inzake  lijst van toezeggingen en afhandeling moties Onderbanken, Nuth en Schinnen vastgesteld raad 30012019","dc_type":"bijlage","foi_fairiscoreVersions":{"v1":1,"v2":1},"foi_fileName":"07%20GRIFFIE%20rbs%20lijst%20van%20toezeggingen%20ONS.pdf","foi_nrPages":1},{"dc_format":"application/pdf","dc_identifier":"nl.gm1954.2c.2019.2828312-5.doc.3","dc_source":"https://api1.ibabs.eu/publicdownload.aspx?site=Beekdaelen&id=c579d99a-e087-4687-a62d-d852ed9262d6","dc_title":"Lijst van toezeggingen Onderbanken overdracht naar Beekdaelen","dc_type":"bijlage","foi_fairiscoreVersions":{"v1":1,"v2":1},"foi_fileName":"07%20Lijst%20van%20toezeggingen%20Onderbanken%20overdracht%20naar%20Beekdaelen.pdf","foi_nrPages":4},{"dc_format":"application/pdf","dc_identifier":"nl.gm1954.2c.2019.2828312-5.doc.4","dc_source":"https://api1.ibabs.eu/publicdownload.aspx?site=Beekdaelen&id=688b191c-3eee-4f50-a882-a3c2d80bc12e","dc_title":"Lijst van toezeggingen Schinnen overdracht naar Beekdaelen","dc_type":"bijlage","foi_fairiscoreVersions":{"v1":1,"v2":1},"foi_fileName":"07%20Lijst%20van%20toezeggingen%20Schinnen%20overdracht%20naar%20Beekdaelen.pdf","foi_nrPages":5},{"dc_format":"application/pdf","dc_identifier":"nl.gm1954.2c.2019.2828312-5.doc.1","dc_source":"https://api1.ibabs.eu/publicdownload.aspx?site=Beekdaelen&id=cc0e6a1d-9ed7-4cf2-a5a5-71f0be04858e","dc_title":"Raadsvoorstel inzake lijst van toezeggingen en afhandeling moties Onderbanken Nuth en Schinnen","dc_type":"bijlage","foi_fairiscoreVersions":{"v1":1,"v2":1},"foi_fileName":"07%20Voorstel%20inzake%20lijst%20van%20toezeggingen%20Onderbanken%20Nuth%20en%20Schinnen.pdf","foi_nrPages":3},{"dc_format":"application/pdf","dc_identifier":"nl.gm1954.2c.2019.2828312-5.doc.6","dc_source":"https://api1.ibabs.eu/publicdownload.aspx?site=Beekdaelen&id=854fc689-5d8c-4b99-a5ed-d56cf6b297bb","dc_title":"Lijst moties Onderbanken (aangepast)","dc_type":"bijlage","foi_fairiscoreVersions":{"v1":5,"v2":5},"foi_fileName":"Lijst%20moties%20Onderbanken.pdf","foi_nrPages":3},{"dc_format":"application/pdf","dc_identifier":"nl.gm1954.2c.2019.2828312-5.doc.5","dc_source":"https://api1.ibabs.eu/publicdownload.aspx?site=Beekdaelen&id=173ffe64-6a86-46ec-89bb-1d1264d7c8af","dc_title":"Lijst van toezeggingen Nuth overdracht naar Beekdaelen","dc_type":"bijlage","foi_fairiscoreVersions":{"v1":1,"v2":1},"foi_fileName":"Lijst%20toezeggingen%20aan%20Raad%20Nuth%20versie%2026102018.pdf","foi_nrPages":13}],"foi_nrDocuments":6,"foi_nrPagesInDossier":29,"foi_publishedDate":"2019-01-30","foi_retrievedDate":"2026-01-23"},{"dc_creator":"HandelingScraper_v1","dc_date_year":2019,"dc_description":"Vergadering van de Gemeente Beekdaelen op 2019-01-30. Onderdeel: Lijst ingekomen stukken.","dc_identifier":"nl.gm1954.2c.2019.2828312-6","dc_publisher":"gm1954","dc_source":"https://beekdaelen.bestuurlijkeinformatie.nl/Agenda/Index/290877ab-984c-4bcc-b15b-ca9c1ff3ab49","dc_title":"Raadsvergadering 2019-01-30 - Lijst ingekomen stukken","dc_type":"2c","dc_type_description":"Vergaderstuk decentrale overheid","foi_fairiscoreVersions":{"v1":1,"v2":1},"foi_files":[{"dc_format":"application/pdf","dc_identifier":"nl.gm1954.2c.2019.2828312-6.doc.1","dc_source":"https://api1.ibabs.eu/publicdownload.aspx?site=Beekdaelen&id=e85430c1-def1-4512-9aef-ce00f574406d","dc_title":"Lijst ingekomen stukken Raad vastgesteld 30012019","dc_type":"bijlage","foi_fairiscoreVersions":{"v1":1,"v2":1},"foi_fileName":"Lijst%20ingekomen%20stukken%20Raad%20vastgesteld%2030012019.pdf","foi_nrPages":5}],"foi_nrDocuments":1,"foi_nrPagesInDossier":5,"foi_publishedDate":"2019-01-30","foi_retrievedDate":"2026-03-01"},{"dc_creator":"HandelingScraper_v1","dc_date_year":2019,"dc_description":"Vergadering van de Gemeente Beekdaelen op 2019-01-30. Onderdeel: Motie vreemd aan de orde van de dag m.b.t. Naanhofsweg.","dc_identifier":"nl.gm1954.2c.2019.2828312-7","dc_publisher":"gm1954","dc_source":"https://beekdaelen.bestuurlijkeinformatie.nl/Agenda/Index/290877ab-984c-4bcc-b15b-ca9c1ff3ab49","dc_title":"Raadsvergadering 2019-01-30 - Motie vreemd aan de orde van de dag m.b.t. Naanhofsweg","dc_type":"2c","dc_type_description":"Vergaderstuk decentrale overheid","foi_fairiscoreVersions":{"v1":1,"v2":1},"foi_files":[{"dc_format":"application/pdf","dc_identifier":"nl.gm1954.2c.2019.2828312-7.doc.1","dc_source":"https://api1.ibabs.eu/publicdownload.aspx?site=Beekdaelen&id=04d956a3-045f-45fe-8ba4-8814df3b23bb","dc_title":"Motie raadsbreed inzake Naanhofsweg incl. stemuitslag AANGENOMEN","dc_type":"bijlage","foi_fairiscoreVersions":{"v1":1,"v2":1},"foi_fileName":"2019%2001%20Motie%20raadsbreed%20inzake%20Naanhofsweg%20incl.%20stemuitslag.pdf","foi_nrPages":2}],"foi_nrDocuments":1,"foi_nrPagesInDossier":2,"foi_publishedDate":"2019-01-30","foi_retrievedDate":"2026-03-01"},{"dc_creator":"HandelingScraper_v1","dc_date_year":2019,"dc_description":"Vergadering van de Gemeente Beekdaelen op 2019-02-05. Onderdeel: Opening.","dc_identifier":"nl.gm1954.2c.2019.2828314-1","dc_publisher":"gm1954","dc_source":"https://beekdaelen.bestuurlijkeinformatie.nl/Agenda/Index/eb16fbaf-a19a-4da9-891b-930840f888ef","dc_title":"Raadscommissie (2019 t/m januari 2020) 2019-02-05 - Opening","dc_type":"2c","dc_type_description":"Vergaderstuk decentrale overheid","foi_fairiscoreVersions":{"v1":1,"v2":1},"foi_files":[{"dc_format":"application/pdf","dc_identifier":"nl.gm1954.2c.2019.2828314-1.doc.1","dc_source":"https://api1.ibabs.eu/publicdownload.aspx?site=Beekdaelen&id=920eb173-3908-4792-bb86-8249c461cb94","dc_title":"Agenda raadscommissie 5febr2019 geregistreerd","dc_type":"bijlage","foi_fairiscoreVersions":{"v1":1,"v2":1},"foi_fileName":"Agenda%20raadscommissie%205febr2019%20geregistreerd.pdf","foi_nrPages":1}],"foi_nrDocuments":1,"foi_nrPagesInDossier":1,"foi_publishedDate":"2019-02-05","foi_retrievedDate":"2026-03-01"},{"dc_creator":"HandelingScraper_v1","dc_date_year":2019,"dc_description":"Vergadering van de Gemeente Beekdaelen op 2019-02-05. Onderdeel: Bomenverordening.","dc_identifier":"nl.gm1954.2c.2019.2828314-2","dc_publisher":"gm1954","dc_source":"https://beekdaelen.bestuurlijkeinformatie.nl/Agenda/Index/eb16fbaf-a19a-4da9-891b-930840f888ef","dc_title":"Raadscommissie (2019 t/m januari 2020) 2019-02-05 - Bomenverordening","dc_type":"2c","dc_type_description":"Vergaderstuk decentrale overheid","foi_fairiscoreVersions":{"v1":2,"v2":1},"foi_files":[{"dc_format":"application/pdf","dc_identifier":"nl.gm1954.2c.2019.2828314-2.doc.1","dc_source":"https://api1.ibabs.eu/publicdownload.aspx?site=Beekdaelen&id=ce743c03-e192-48ce-b93e-d9d0e1ffca75","dc_title":"Memo Bomenverordening Beekdaelen t.b.v. Raad 05febr2019","dc_type":"bijlage","foi_fairiscoreVersions":{"v1":2,"v2":1},"foi_fileName":"Bomenverordening%20-%20toelichting%205%20febr%202019.pdf","foi_nrPages":3}],"foi_nrDocuments":1,"foi_nrPagesInDossier":3,"foi_publishedDate":"2019-02-05","foi_retrievedDate":"2025-12-01"},{"dc_creator":"HandelingScraper_v1","dc_date_year":2019,"dc_description":"Vergadering van de Gemeente Beekdaelen op 2019-02-05. Onderdeel: Bespreken notitie.","dc_identifier":"nl.gm1954.2c.2019.2828314-3","dc_publisher":"gm1954","dc_source":"https://beekdaelen.bestuurlijkeinformatie.nl/Agenda/Index/eb16fbaf-a19a-4da9-891b-930840f888ef","dc_title":"Raadscommissie (2019 t/m januari 2020) 2019-02-05 - Bespreken notitie","dc_type":"2c","dc_type_description":"Vergaderstuk decentrale overheid","foi_fairiscoreVersions":{"v1":5,"v2":5},"foi_files":[{"dc_format":"application/pdf","dc_identifier":"nl.gm1954.2c.2019.2828314-3.doc.1","dc_source":"https://api1.ibabs.eu/publicdownload.aspx?site=Beekdaelen&id=1d0e3b2c-4fce-4a79-af0c-4c0d77e8f453","dc_title":"Inbreng Vernieuwingsgroep inzake bomenverordening","dc_type":"bijlage","foi_fairiscoreVersions":{"v1":5,"v2":5},"foi_fileName":"inbreng%20VG%20bomenverordening.pdf","foi_nrPages":2}],"foi_nrDocuments":1,"foi_nrPagesInDossier":2,"foi_publishedDate":"2019-02-05","foi_retrievedDate":"2026-02-12"},{"dc_creator":"HandelingScraper_v1","dc_date_year":2019,"dc_description":"Vergadering van de Gemeente Beekdaelen op 2019-02-05. Onderdeel: Voortgang Welstandsnota.","dc_identifier":"nl.gm1954.2c.2019.2828314-4","dc_publisher":"gm1954","dc_source":"https://beekdaelen.bestuurlijkeinformatie.nl/Agenda/Index/eb16fbaf-a19a-4da9-891b-930840f888ef","dc_title":"Raadscommissie (2019 t/m januari 2020) 2019-02-05 - Voortgang Welstandsnota","dc_type":"2c","dc_type_description":"Vergaderstuk decentrale overheid","foi_fairiscoreVersions":{"v1":1,"v2":1},"foi_files":[{"dc_format":"application/pdf","dc_identifier":"nl.gm1954.2c.2019.2828314-4.doc.1","dc_source":"https://api1.ibabs.eu/publicdownload.aspx?site=Beekdaelen&id=35044e0c-6d10-4aae-89e5-e4da6a9773dc","dc_title":"Inbreng Vernieuwingsgroep inzake beleid welstandsvrij maken Beekdalen","dc_type":"bijlage","foi_fairiscoreVersions":{"v1":1,"v2":1},"foi_fileName":"Inbreng%20Vernieuwingsgroep%20inz.%20beleid%20welstandsvrij%20maken%20Beekdalen.pdf","foi_nrPages":3}],"foi_nrDocuments":1,"foi_nrPagesInDossier":3,"foi_publishedDate":"2019-02-05","foi_retrievedDate":"2026-02-12"},{"dc_creator":"HandelingScraper_v1","dc_date_year":2019,"dc_description":"Vergadering van de Gemeente Beekdaelen op 2019-02-05. Onderdeel: Raadsvoorstel advies Commissariaat voor de Media inzake lokale zendmachtiging.","dc_identifier":"nl.gm1954.2c.2019.2828314-5","dc_publisher":"gm1954","dc_source":"https://beekdaelen.bestuurlijkeinformatie.nl/Agenda/Index/eb16fbaf-a19a-4da9-891b-930840f888ef","dc_title":"Raadscommissie (2019 t/m januari 2020) 2019-02-05 - Raadsvoorstel advies Commissariaat voor de Media inzake lokale zendmachtiging","dc_type":"2c","dc_type_description":"Vergaderstuk decentrale overheid","foi_fairiscoreVersions":{"v1":2,"v2":2},"foi_files":[{"dc_format":"application/pdf","dc_identifier":"nl.gm1954.2c.2019.2828314-5.doc.2","dc_source":"https://api1.ibabs.eu/publicdownload.aspx?site=Beekdaelen&id=1f48b61a-50b6-40fd-acec-45d784aa643e","dc_title":"Bescheiden Stichting Samenwerkende Omroepen in Parkstad (incluis samenstelling pbo)","dc_type":"bijlage","foi_fairiscoreVersions":{"v1":2,"v2":2},"foi_fileName":"07%20Bescheiden%20Stichting%20Samenwerkende%20Omroepen%20in%20Parkstad%20%28incluis%20samenstelling%20pbo%29.pdf","foi_nrPages":19},{"dc_format":"application/pdf","dc_identifier":"nl.gm1954.2c.2019.2828314-5.doc.3","dc_source":"https://api1.ibabs.eu/publicdownload.aspx?site=Beekdaelen&id=faa89ead-75c4-4617-8cf7-f70165f8f57d","dc_title":"Brief Commissariaat voor de Media","dc_type":"bijlage","foi_fairiscoreVersions":{"v1":2,"v2":2},"foi_fileName":"07%20Brief%20Commissariaat%20voor%20de%20Media.pdf","foi_nrPages":3},{"dc_format":"application/pdf","dc_identifier":"nl.gm1954.2c.2019.2828314-5.doc.4","dc_source":"https://api1.ibabs.eu/publicdownload.aspx?site=Beekdaelen&id=5e043ca4-cff0-466b-8c82-cfc141c10106","dc_title":"Uittreksel KvK Stichting Samenwerkende Omroepen in Parkstad","dc_type":"bijlage","foi_fairiscoreVersions":{"v1":2,"v2":2},"foi_fileName":"07%20Uittreksel%20KvK%20Stichting%20Samenwerkende%20Omroepen%20in%20Parkstad.pdf","foi_nrPages":5},{"dc_format":"application/pdf","dc_identifier":"nl.gm1954.2c.2019.2828314-5.doc.1","dc_source":"https://api1.ibabs.eu/publicdownload.aspx?site=Beekdaelen&id=c6047a74-2135-4b2a-a6cc-f2b25dab4b30","dc_title":"Raadsvoorstel advies Commissariaat voor de Media inz. lokale zendmachtiging","dc_type":"bijlage","foi_fairiscoreVersions":{"v1":1,"v2":1},"foi_fileName":"raadsvoorstel%20advies%20Commissariaat%20voor%20de%20Media%20inz.%20lokale%20zendmachtiging.pdf","foi_nrPages":5}],"foi_nrDocuments":4,"foi_nrPagesInDossier":32,"foi_publishedDate":"2019-02-05","foi_retrievedDate":"2026-03-01"},{"dc_creator":"HandelingScraper_v1","dc_date_year":2019,"dc_description":"Vergadering van de Gemeente Beekdaelen op 2019-02-19. Onderdeel: Opening en vaststelling agenda.","dc_identifier":"nl.gm1954.2c.2019.2828354-1","dc_publisher":"gm1954","dc_source":"https://beekdaelen.bestuurlijkeinformatie.nl/Agenda/Index/441d4b99-4bbf-4b87-927c-3389e38adaf8","dc_title":"Raadsvergadering 2019-02-19 - Opening en vaststelling agenda","dc_type":"2c","dc_type_description":"Vergaderstuk decentrale overheid","foi_fairiscoreVersions":{"v1":1,"v2":1},"foi_files":[{"dc_format":"application/pdf","dc_identifier":"nl.gm1954.2c.2019.2828354-1.doc.1","dc_source":"https://api1.ibabs.eu/publicdownload.aspx?site=Beekdaelen&id=198ddeda-5228-4303-b884-e79d27b84121","dc_title":"Uitnodiging en voorlopige agenda raadsvergadering 19022019","dc_type":"bijlage","foi_fairiscoreVersions":{"v1":1,"v2":1},"foi_fileName":"Uitnodiging%20en%20voorlopige%20agenda%20raadsvergadering%2019022019.pdf","foi_nrPages":1},{"dc_format":"application/pdf","dc_identifier":"nl.gm1954.2c.2019.2828354-1.doc.2","dc_source":"https://api1.ibabs.eu/publicdownload.aspx?site=Beekdaelen&id=311300d8-62be-4b43-a22b-0753cf87ba8b","dc_title":"Vastgestelde agenda raadsvergadering 19022019","dc_type":"bijlage","foi_fairiscoreVersions":{"v1":1,"v2":1},"foi_fileName":"Vastgestelde%20agenda%20raadsvergadering%2019022019.pdf","foi_nrPages":1}],"foi_nrDocuments":2,"foi_nrPagesInDossier":2,"foi_publishedDate":"2019-02-19","foi_retrievedDate":"2025-11-29"},{"dc_creator":"HandelingScraper_v1","dc_date_year":2019,"dc_description":"Vergadering van de Gemeente Beekdaelen op 2019-02-19. Onderdeel: Raadsvoorstel advies Commissariaat voor de Media inzake lokale zendmachtiging.","dc_identifier":"nl.gm1954.2c.2019.2828354-2","dc_publisher":"gm1954","dc_source":"https://beekdaelen.bestuurlijkeinformatie.nl/Agenda/Index/441d4b99-4bbf-4b87-927c-3389e38adaf8","dc_title":"Raadsvergadering 2019-02-19 - Raadsvoorstel advies Commissariaat voor de Media inzake lokale zendmachtiging","dc_type":"2c","dc_type_description":"Vergaderstuk decentrale overheid","foi_fairiscoreVersions":{"v1":1,"v2":1},"foi_files":[{"dc_format":"application/pdf","dc_identifier":"nl.gm1954.2c.2019.2828354-2.doc.1","dc_source":"https://api1.ibabs.eu/publicdownload.aspx?site=Beekdaelen&id=e4b84294-82bb-4375-9a7e-45a6d8487964","dc_title":"RV advies Commissariaat voor de Media inz. lokale zendmachtiging","dc_type":"bijlage","foi_fairiscoreVersions":{"v1":1,"v2":1},"foi_fileName":"02%20Raadsvoorstel%20advies%20Commissariaat%20voor%20de%20Media%20inz.%20lokale%20zendmachtiging.pdf","foi_nrPages":5},{"dc_format":"application/pdf","dc_identifier":"nl.gm1954.2c.2019.2828354-2.doc.2","dc_source":"https://api1.ibabs.eu/publicdownload.aspx?site=Beekdaelen&id=98d84431-f2cc-46c0-8291-7f6db6f13acc","dc_title":"RB inzake advies Commissariaat voor de Media inzake lokale zendmachtiging vastgesteld 19022019","dc_type":"bijlage","foi_fairiscoreVersions":{"v1":1,"v2":1},"foi_fileName":"02%20RB%20inzake%20advies%20Commissariaat%20voor%20de%20Media%20inzake%20lokale%20zendmachtiging.pdf","foi_nrPages":1}],"foi_nrDocuments":2,"foi_nrPagesInDossier":6,"foi_publishedDate":"2019-02-19","foi_retrievedDate":"2025-12-02"},{"dc_creator":"HandelingScraper_v1","dc_date_year":2019,"dc_description":"Vergadering van de Gemeente Beekdaelen op 2019-02-19. Onderdeel: Besluitenlijst gemeenteraad Beekdaelen 22 januari.","dc_identifier":"nl.gm1954.2c.2019.2828354-3","dc_publisher":"gm1954","dc_source":"https://beekdaelen.bestuurlijkeinformatie.nl/Agenda/Index/441d4b99-4bbf-4b87-927c-3389e38adaf8","dc_title":"Raadsvergadering 2019-02-19 - Besluitenlijst gemeenteraad Beekdaelen 22 januari","dc_type":"2c","dc_type_description":"Vergaderstuk decentrale overheid","foi_fairiscoreVersions":{"v1":null,"v2":null},"foi_files":[{"dc_format":"application/pdf","dc_identifier":"nl.gm1954.2c.2019.2828354-3.doc.1","dc_source":"https://api1.ibabs.eu/publicdownload.aspx?site=Beekdaelen&id=adafa4d9-4df4-4a19-ae3d-e0a71547fea2","dc_title":"03.a Besluitenlijst raadsvergadering Beekdaelen 22 januari 2019 vastgesteld 19022019","dc_type":"bijlage","foi_fileName":"03.a%20Besluitenlijst%20raadsvergadering%20Beekdaelen%2022%20januari%202019%20vastgesteld%2019022019.pdf"}],"foi_nrDocuments":1,"foi_nrPagesInDossier":0,"foi_publishedDate":"2019-02-19","foi_retrievedDate":"2025-12-01"},{"dc_creator":"HandelingScraper_v1","dc_date_year":2019,"dc_description":"Vergadering van de Gemeente Beekdaelen op 2019-02-19. Onderdeel: Besluitenlijst gemeenteraad Beekdaelen 30 januari.","dc_identifier":"nl.gm1954.2c.2019.2828354-4","dc_publisher":"gm1954","dc_source":"https://beekdaelen.bestuurlijkeinformatie.nl/Agenda/Index/441d4b99-4bbf-4b87-927c-3389e38adaf8","dc_title":"Raadsvergadering 2019-02-19 - Besluitenlijst gemeenteraad Beekdaelen 30 januari","dc_type":"2c","dc_type_description":"Vergaderstuk decentrale overheid","foi_fairiscoreVersions":{"v1":null,"v2":null},"foi_files":[{"dc_format":"application/pdf","dc_identifier":"nl.gm1954.2c.2019.2828354-4.doc.1","dc_source":"https://api1.ibabs.eu/publicdownload.aspx?site=Beekdaelen&id=29f55681-c9b1-410f-8b5d-e07b552856b3","dc_title":"03.b Besluitenlijst raadsvergadering Beekdaelen 30 januari 2019 aangepast en vastgesteld 19022019","dc_type":"bijlage","foi_fileName":"03.b%20Besluitenlijst%20raadsvergadering%20Beekdaelen%2030%20januari%202019%20aangepast%20en%20vastgesteld%2019022019.pdf"}],"foi_nrDocuments":1,"foi_nrPagesInDossier":0,"foi_publishedDate":"2019-02-19","foi_retrievedDate":"2025-12-01"},{"dc_creator":"HandelingScraper_v1","dc_date_year":2019,"dc_description":"Vergadering van de Gemeente Beekdaelen op 2019-02-19. Onderdeel: Besluitenlijsten van de raad van de voormalige gemeente Nuth van 27 november en 4 december 2018.","dc_identifier":"nl.gm1954.2c.2019.2828354-5","dc_publisher":"gm1954","dc_source":"https://beekdaelen.bestuurlijkeinformatie.nl/Agenda/Index/441d4b99-4bbf-4b87-927c-3389e38adaf8","dc_title":"Raadsvergadering 2019-02-19 - Besluitenlijsten van de raad van de voormalige gemeente Nuth van 27 november en 4 december 2018","dc_type":"2c","dc_type_description":"Vergaderstuk decentrale overheid","foi_fairiscoreVersions":{"v1":1,"v2":1},"foi_files":[{"dc_format":"application/pdf","dc_identifier":"nl.gm1954.2c.2019.2828354-5.doc.1","dc_source":"https://api1.ibabs.eu/publicdownload.aspx?site=Beekdaelen&id=3f43e94f-b695-499a-a335-72b3a1cff461","dc_title":"03.c Besluitenlijst raadsvergadering Nuth 27 november 2018 aangepast en vastgesteld 19022019","dc_type":"bijlage","foi_fairiscoreVersions":{"v1":1,"v2":1},"foi_fileName":"03.c%20Besluitenlijst%20raadsvergadering%20Nuth%2027%20november%202018%20aangepast%20en%20vastgesteld.pdf","foi_nrPages":3},{"dc_format":"application/pdf","dc_identifier":"nl.gm1954.2c.2019.2828354-5.doc.2","dc_source":"https://api1.ibabs.eu/publicdownload.aspx?site=Beekdaelen&id=c2013269-5bec-4e5c-9308-d5667e97f88b","dc_title":"03.c Besluitenlijst raadsvergadering Nuth 4 december 2018 vastgesteld 19022019","dc_type":"bijlage","foi_fairiscoreVersions":{"v1":1,"v2":1},"foi_fileName":"03.c%20Besluitenlijst%20raadsvergadering%20Nuth%204%20december%202018%20vastgesteld%2019022019.pdf","foi_nrPages":2}],"foi_nrDocuments":2,"foi_nrPagesInDossier":5,"foi_publishedDate":"2019-02-19","foi_retrievedDate":"2026-03-01"},{"dc_creator":"HandelingScraper_v1","dc_date_year":2019,"dc_description":"Vergadering van de Gemeente Beekdaelen op 2019-02-19. Onderdeel: Besluitenlijst van de raad van de voormalige gemeente Onderbanken van 19 december 2018.","dc_identifier":"nl.gm1954.2c.2019.2828354-6","dc_publisher":"gm1954","dc_source":"https://beekdaelen.bestuurlijkeinformatie.nl/Agenda/Index/441d4b99-4bbf-4b87-927c-3389e38adaf8","dc_title":"Raadsvergadering 2019-02-19 - Besluitenlijst van de raad van de voormalige gemeente Onderbanken van 19 december 2018","dc_type":"2c","dc_type_description":"Vergaderstuk decentrale overheid","foi_fairiscoreVersions":{"v1":1,"v2":1},"foi_files":[{"dc_format":"application/pdf","dc_identifier":"nl.gm1954.2c.2019.2828354-6.doc.1","dc_source":"https://api1.ibabs.eu/publicdownload.aspx?site=Beekdaelen&id=761905fe-4223-4b45-9ce1-6550810f7405","dc_title":"03.d Besluitenlijst raadsvergadering Onderbanken 19 december 2018 vastgesteld 19022019","dc_type":"bijlage","foi_fairiscoreVersions":{"v1":1,"v2":1},"foi_fileName":"03.d%20Besluitenlijst%20raadsvergadering%20Onderbanken%2019%20december%202018%20vastgesteld.pdf","foi_nrPages":2}],"foi_nrDocuments":1,"foi_nrPagesInDossier":2,"foi_publishedDate":"2019-02-19","foi_retrievedDate":"2025-12-02"},{"dc_creator":"HandelingScraper_v1","dc_date_year":2019,"dc_description":"Vergadering van de Gemeente Beekdaelen op 2019-02-19. Onderdeel: Notulen van de raad van de voormalige gemeente Schinnen van 29 november 2018.","dc_identifier":"nl.gm1954.2c.2019.2828354-7","dc_publisher":"gm1954","dc_source":"https://beekdaelen.bestuurlijkeinformatie.nl/Agenda/Index/441d4b99-4bbf-4b87-927c-3389e38adaf8","dc_title":"Raadsvergadering 2019-02-19 - Notulen van de raad van de voormalige gemeente Schinnen van 29 november 2018","dc_type":"2c","dc_type_description":"Vergaderstuk decentrale overheid","foi_fairiscoreVersions":{"v1":1,"v2":1},"foi_files":[{"dc_format":"application/pdf","dc_identifier":"nl.gm1954.2c.2019.2828354-7.doc.1","dc_source":"https://api1.ibabs.eu/publicdownload.aspx?site=Beekdaelen&id=b6437635-a7aa-4572-8473-542b9a6f5090","dc_title":"03.e Besluitenlijst en notulen raadsvergadering Schinnen 29 november 2018 vastgesteld 19022019","dc_type":"bijlage","foi_fairiscoreVersions":{"v1":1,"v2":1},"foi_fileName":"03.e%20Besluitenlijst%20en%20notulen%20raadsvergadering%20Schinnen%2029%20november%202018%20vastgesteld.pdf","foi_nrPages":10}],"foi_nrDocuments":1,"foi_nrPagesInDossier":10,"foi_publishedDate":"2019-02-19","foi_retrievedDate":"2026-02-05"},{"dc_creator":"HandelingScraper_v1","dc_date_year":2019,"dc_description":"Vergadering van de Gemeente Beekdaelen op 2019-02-19. Onderdeel: Motie vreemd aan de orde van de dag inzake bevorderen afvalscheiding en duurzaamheid bij kinderen.","dc_identifier":"nl.gm1954.2c.2019.2828354-8","dc_publisher":"gm1954","dc_source":"https://beekdaelen.bestuurlijkeinformatie.nl/Agenda/Index/441d4b99-4bbf-4b87-927c-3389e38adaf8","dc_title":"Raadsvergadering 2019-02-19 - Motie vreemd aan de orde van de dag inzake bevorderen afvalscheiding en duurzaamheid bij kinderen","dc_type":"2c","dc_type_description":"Vergaderstuk decentrale overheid","foi_fairiscoreVersions":{"v1":1,"v2":1},"foi_files":[{"dc_format":"application/pdf","dc_identifier":"nl.gm1954.2c.2019.2828354-8.doc.1","dc_source":"https://api1.ibabs.eu/publicdownload.aspx?site=Beekdaelen&id=fbf1aa43-e33b-4706-8cbd-3adce897b9b9","dc_title":"Motie VVD+D66+BL  Afvalscheiding Basisscholen incl. stemuitslag VERWORPEN","dc_type":"bijlage","foi_fairiscoreVersions":{"v1":1,"v2":1},"foi_fileName":"20190219%20Motie%20VVD%2BD66%2BBL%20%20Afvalscheiding%20Basisscholen%20incl.%20stemuitslag.pdf","foi_nrPages":1}],"foi_nrDocuments":1,"foi_nrPagesInDossier":1,"foi_publishedDate":"2019-02-19","foi_retrievedDate":"2026-03-01"},{"dc_creator":"HandelingScraper_v1","dc_date_year":2019,"dc_description":"Vergadering van de Gemeente Beekdaelen op 2019-02-19. Onderdeel: Motie vreemd aan de orde van de dag inzake een actieve LHTBI gemeente Beekdaelen.","dc_identifier":"nl.gm1954.2c.2019.2828354-9","dc_publisher":"gm1954","dc_source":"https://beekdaelen.bestuurlijkeinformatie.nl/Agenda/Index/441d4b99-4bbf-4b87-927c-3389e38adaf8","dc_title":"Raadsvergadering 2019-02-19 - Motie vreemd aan de orde van de dag inzake een actieve LHTBI gemeente Beekdaelen","dc_type":"2c","dc_type_description":"Vergaderstuk decentrale overheid","foi_fairiscoreVersions":{"v1":1,"v2":1},"foi_files":[{"dc_format":"application/pdf","dc_identifier":"nl.gm1954.2c.2019.2828354-9.doc.1","dc_source":"https://api1.ibabs.eu/publicdownload.aspx?site=Beekdaelen&id=9ef51635-e176-44f3-b3b5-cc955334f2d2","dc_title":"Motie GL CDA VG PvdA inzake LHBTI incl. stemuitslag AANGENOMEN","dc_type":"bijlage","foi_fairiscoreVersions":{"v1":1,"v2":1},"foi_fileName":"20190219%20Motie%20GL%20CDA%20VG%20PvdA%20inzake%20LHBTI%20incl.%20stemuitslag.pdf","foi_nrPages":1}],"foi_nrDocuments":1,"foi_nrPagesInDossier":1,"foi_publishedDate":"2019-02-19","foi_retrievedDate":"2026-02-05"},{"dc_creator":"HandelingScraper_v1","dc_date_year":2019,"dc_description":"Vergadering van de Gemeente Beekdaelen op 2019-03-22. Onderdeel: Annotatie.","dc_identifier":"nl.gm1954.2c.2019.2828376-1","dc_publisher":"gm1954","dc_source":"https://beekdaelen.bestuurlijkeinformatie.nl/Agenda/Index/5283b667-a501-49de-81e0-abcdacfa50e9","dc_title":"BDN Commissie AWACS Limburg 2019-03-22 - Annotatie","dc_type":"2c","dc_type_description":"Vergaderstuk decentrale overheid","foi_fairiscoreVersions":{"v1":1,"v2":1},"foi_files":[{"dc_format":"application/pdf","dc_identifier":"nl.gm1954.2c.2019.2828376-1.doc.1","dc_source":"https://api1.ibabs.eu/publicdownload.aspx?site=Beekdaelen&id=a410149c-e6b9-4bb2-a142-444672dd52cf","dc_title":"Annotatie commissie Awacs Limburg op 22-3-2019.docx","dc_type":"bijlage","foi_fairiscoreVersions":{"v1":1,"v2":1},"foi_fileName":"Annotatie%20commissie%20Awacs%20Limburg%20op%2022-3-2019.pdf","foi_nrPages":2}],"foi_nrDocuments":1,"foi_nrPagesInDossier":2,"foi_publishedDate":"2019-03-22","foi_retrievedDate":"2026-01-23"},{"dc_creator":"HandelingScraper_v1","dc_date_year":2019,"dc_description":"Vergadering van de Gemeente Beekdaelen op 2019-03-22. Onderdeel: Agenda.","dc_identifier":"nl.gm1954.2c.2019.2828376-2","dc_publisher":"gm1954","dc_source":"https://beekdaelen.bestuurlijkeinformatie.nl/Agenda/Index/5283b667-a501-49de-81e0-abcdacfa50e9","dc_title":"BDN Commissie AWACS Limburg 2019-03-22 - Agenda","dc_type":"2c","dc_type_description":"Vergaderstuk decentrale overheid","foi_fairiscoreVersions":{"v1":2,"v2":1},"foi_files":[{"dc_format":"application/pdf","dc_identifier":"nl.gm1954.2c.2019.2828376-2.doc.1","dc_source":"https://api1.ibabs.eu/publicdownload.aspx?site=Beekdaelen&id=733bdf50-2435-4654-910b-6c3879223f69","dc_title":"agenda.doc","dc_type":"bijlage","foi_fairiscoreVersions":{"v1":2,"v2":1},"foi_fileName":"agenda.pdf","foi_nrPages":2}],"foi_nrDocuments":1,"foi_nrPagesInDossier":2,"foi_publishedDate":"2019-03-22","foi_retrievedDate":"2026-03-03"},{"dc_creator":"HandelingScraper_v1","dc_date_year":2019,"dc_description":"Vergadering van de Gemeente Beekdaelen op 2019-03-22. Onderdeel: Vaststellen verslag vergadering cie. AWACS Limburg 22-11-2018.","dc_identifier":"nl.gm1954.2c.2019.2828376-3","dc_publisher":"gm1954","dc_source":"https://beekdaelen.bestuurlijkeinformatie.nl/Agenda/Index/5283b667-a501-49de-81e0-abcdacfa50e9","dc_title":"BDN Commissie AWACS Limburg 2019-03-22 - Vaststellen verslag vergadering cie. AWACS Limburg 22-11-2018","dc_type":"2c","dc_type_description":"Vergaderstuk decentrale overheid","foi_fairiscoreVersions":{"v1":1,"v2":1},"foi_files":[{"dc_format":"application/pdf","dc_identifier":"nl.gm1954.2c.2019.2828376-3.doc.1","dc_source":"https://api1.ibabs.eu/publicdownload.aspx?site=Beekdaelen&id=8d7cbc0d-bfd9-4891-8031-8a5b71194672","dc_title":"verslag 18.11.22.docx","dc_type":"bijlage","foi_fairiscoreVersions":{"v1":1,"v2":1},"foi_fileName":"verslag%2018.11.22.pdf","foi_nrPages":5}],"foi_nrDocuments":1,"foi_nrPagesInDossier":5,"foi_publishedDate":"2019-03-22","foi_retrievedDate":"2026-03-02"},{"dc_creator":"HandelingScraper_v1","dc_date_year":2019,"dc_description":"Vergadering van de Gemeente Beekdaelen op 2019-03-22. Onderdeel: Actiepuntenlijst Commissie.","dc_identifier":"nl.gm1954.2c.2019.2828376-4","dc_publisher":"gm1954","dc_source":"https://beekdaelen.bestuurlijkeinformatie.nl/Agenda/Index/5283b667-a501-49de-81e0-abcdacfa50e9","dc_title":"BDN Commissie AWACS Limburg 2019-03-22 - Actiepuntenlijst Commissie","dc_type":"2c","dc_type_description":"Vergaderstuk decentrale overheid","foi_fairiscoreVersions":{"v1":1,"v2":1},"foi_files":[{"dc_format":"application/pdf","dc_identifier":"nl.gm1954.2c.2019.2828376-4.doc.1","dc_source":"https://api1.ibabs.eu/publicdownload.aspx?site=Beekdaelen&id=f759298c-b9e0-4cc6-b384-760c08e474fc","dc_title":"actiepuntenlijst CAL 18.11.22.docx","dc_type":"bijlage","foi_fairiscoreVersions":{"v1":1,"v2":1},"foi_fileName":"actiepuntenlijst%20CAL%2018.11.22.pdf","foi_nrPages":1}],"foi_nrDocuments":1,"foi_nrPagesInDossier":1,"foi_publishedDate":"2019-03-22","foi_retrievedDate":"2026-03-02"},{"dc_creator":"HandelingScraper_v1","dc_date_year":2019,"dc_description":"Vergadering van de Gemeente Beekdaelen op 2019-03-22. Onderdeel: Brief Milieunetwerk Brunssum en Onderbanken over fijnstofproblematiek.","dc_identifier":"nl.gm1954.2c.2019.2828376-5","dc_publisher":"gm1954","dc_source":"https://beekdaelen.bestuurlijkeinformatie.nl/Agenda/Index/5283b667-a501-49de-81e0-abcdacfa50e9","dc_title":"BDN Commissie AWACS Limburg 2019-03-22 - Brief Milieunetwerk Brunssum en Onderbanken over fijnstofproblematiek","dc_type":"2c","dc_type_description":"Vergaderstuk decentrale overheid","foi_fairiscoreVersions":{"v1":5,"v2":5},"foi_files":[{"dc_format":"application/pdf","dc_identifier":"nl.gm1954.2c.2019.2828376-5.doc.1","dc_source":"https://api1.ibabs.eu/publicdownload.aspx?site=Beekdaelen&id=23ebb805-1124-472b-9dc4-16c35ff382b1","dc_title":"CAL 19.03.22 Brief MinI&W 24jan2019 inzake afwezigheid CAL.pdf","dc_type":"bijlage","foi_fairiscoreVersions":{"v1":5,"v2":5},"foi_fileName":"CAL%2019.03.22%20Brief%20MinI%26W%2024jan2019%20inzake%20afwezigheid%20CAL.pdf","foi_nrPages":1}],"foi_nrDocuments":1,"foi_nrPagesInDossier":1,"foi_publishedDate":"2019-03-22","foi_retrievedDate":"2026-02-12"},{"dc_creator":"HandelingScraper_v1","dc_date_year":2019,"dc_description":"Vergadering van de Gemeente Beekdaelen op 2019-03-22. Onderdeel: DGMR Aanvullende analyse geluidsniveaus vliegtuigpassages 2017.","dc_identifier":"nl.gm1954.2c.2019.2828376-6","dc_publisher":"gm1954","dc_source":"https://beekdaelen.bestuurlijkeinformatie.nl/Agenda/Index/5283b667-a501-49de-81e0-abcdacfa50e9","dc_title":"BDN Commissie AWACS Limburg 2019-03-22 - DGMR Aanvullende analyse geluidsniveaus vliegtuigpassages 2017","dc_type":"2c","dc_type_description":"Vergaderstuk decentrale overheid","foi_fairiscoreVersions":{"v1":1,"v2":1},"foi_files":[{"dc_format":"application/pdf","dc_identifier":"nl.gm1954.2c.2019.2828376-6.doc.1","dc_source":"https://api1.ibabs.eu/publicdownload.aspx?site=Beekdaelen&id=a96162d6-3575-4d47-9c2f-c17baecee940","dc_title":"CAL 19.03.22 DGMR aanvullende analyse geluidsniveaus 2017.pdf","dc_type":"bijlage","foi_fairiscoreVersions":{"v1":1,"v2":1},"foi_fileName":"CAL%2019.03.22%20DGMR%20aanvullende%20analyse%20geluidsniveaus%202017.pdf","foi_nrPages":6}],"foi_nrDocuments":1,"foi_nrPagesInDossier":6,"foi_publishedDate":"2019-03-22","foi_retrievedDate":"2025-12-06"},{"dc_creator":"HandelingScraper_v1","dc_date_year":2019,"dc_description":"Vergadering van de Gemeente Beekdaelen op 2019-03-22. Onderdeel: Klachtenrapportage tweede kwartaal.","dc_identifier":"nl.gm1954.2c.2019.2828376-7","dc_publisher":"gm1954","dc_source":"https://beekdaelen.bestuurlijkeinformatie.nl/Agenda/Index/5283b667-a501-49de-81e0-abcdacfa50e9","dc_title":"BDN Commissie AWACS Limburg 2019-03-22 - Klachtenrapportage tweede kwartaal","dc_type":"2c","dc_type_description":"Vergaderstuk decentrale overheid","foi_fairiscoreVersions":{"v1":1,"v2":1},"foi_files":[{"dc_format":"application/pdf","dc_identifier":"nl.gm1954.2c.2019.2828376-7.doc.1","dc_source":"https://api1.ibabs.eu/publicdownload.aspx?site=Beekdaelen&id=9004912a-6d5a-474b-9609-f9643c80311d","dc_title":"klachten 2018-2eKW.doc","dc_type":"bijlage","foi_fairiscoreVersions":{"v1":1,"v2":1},"foi_fileName":"klachten%202018-2eKW.pdf","foi_nrPages":19}],"foi_nrDocuments":1,"foi_nrPagesInDossier":19,"foi_publishedDate":"2019-03-22","foi_retrievedDate":"2025-11-30"},{"dc_creator":"HandelingScraper_v1","dc_date_year":2019,"dc_description":"Vergadering van de Gemeente Beekdaelen op 2019-03-22. Onderdeel: Vaststellen vergaderschema 2019 Commissie AWACS Limburg.","dc_identifier":"nl.gm1954.2c.2019.2828376-8","dc_publisher":"gm1954","dc_source":"https://beekdaelen.bestuurlijkeinformatie.nl/Agenda/Index/5283b667-a501-49de-81e0-abcdacfa50e9","dc_title":"BDN Commissie AWACS Limburg 2019-03-22 - Vaststellen vergaderschema 2019 Commissie AWACS Limburg","dc_type":"2c","dc_type_description":"Vergaderstuk decentrale overheid","foi_fairiscoreVersions":{"v1":1,"v2":1},"foi_files":[{"dc_format":"application/pdf","dc_identifier":"nl.gm1954.2c.2019.2828376-8.doc.1","dc_source":"https://api1.ibabs.eu/publicdownload.aspx?site=Beekdaelen&id=7078c63a-d5fc-47ff-909a-e28f94947f5d","dc_title":"Vergaderschema 2019.docx","dc_type":"bijlage","foi_fairiscoreVersions":{"v1":1,"v2":1},"foi_fileName":"Vergaderschema%202019.pdf","foi_nrPages":1}],"foi_nrDocuments":1,"foi_nrPagesInDossier":1,"foi_publishedDate":"2019-03-22","foi_retrievedDate":"2025-12-06"},{"dc_creator":"HandelingScraper_v1","dc_date_year":2019,"dc_description":"Vergadering van de Gemeente Beekdaelen op 2019-03-26. Onderdeel: Opening.","dc_identifier":"nl.gm1954.2c.2019.2828393-1","dc_publisher":"gm1954","dc_source":"https://beekdaelen.bestuurlijkeinformatie.nl/Agenda/Index/8ac97e6a-5a98-4f3c-a415-560ed82da289","dc_title":"Raadsvergadering 2019-03-26 - Opening","dc_type":"2c","dc_type_description":"Vergaderstuk decentrale overheid","foi_fairiscoreVersions":{"v1":1,"v2":1},"foi_files":[{"dc_format":"application/pdf","dc_identifier":"nl.gm1954.2c.2019.2828393-1.doc.1","dc_source":"https://api1.ibabs.eu/publicdownload.aspx?site=Beekdaelen&id=7b041e9c-a816-41cc-976e-80335763e6b7","dc_title":"Uitnodiging incl. voorlopige agenda raadsvergadering 26032019","dc_type":"bijlage","foi_fairiscoreVersions":{"v1":1,"v2":1},"foi_fileName":"Uitnodiging%20incl.%20voorlopige%20agenda%20raadsvergadering%2026032019.pdf","foi_nrPages":1}],"foi_nrDocuments":1,"foi_nrPagesInDossier":1,"foi_publishedDate":"2019-03-26","foi_retrievedDate":"2025-12-03"},{"dc_creator":"HandelingScraper_v1","dc_date_year":2019,"dc_description":"Vergadering van de Gemeente Beekdaelen op 2019-03-26. Onderdeel: Raadsvoorstel inzake Programmabegroting 2019 gemeente Beekdaelen.","dc_identifier":"nl.gm1954.2c.2019.2828393-10","dc_publisher":"gm1954","dc_source":"https://beekdaelen.bestuurlijkeinformatie.nl/Agenda/Index/8ac97e6a-5a98-4f3c-a415-560ed82da289","dc_title":"Raadsvergadering 2019-03-26 - Raadsvoorstel inzake Programmabegroting 2019 gemeente Beekdaelen","dc_type":"2c","dc_type_description":"Vergaderstuk decentrale overheid","foi_fairiscoreVersions":{"v1":2,"v2":2},"foi_files":[{"dc_format":"application/pdf","dc_identifier":"nl.gm1954.2c.2019.2828393-10.doc.14","dc_source":"https://api1.ibabs.eu/publicdownload.aspx?site=Beekdaelen&id=f822e63a-9054-43a2-abe8-82006a20366a","dc_title":"11 Beantwoording vragen fracties Vernieuwingsgroep, D66, VVD en Beekdaelen Lokaal inzake begroting 2019","dc_type":"bijlage","foi_fairiscoreVersions":{"v1":1,"v2":1},"foi_fileName":"05%20Beantwoording%20vragen%20begroting.pdf","foi_nrPages":35},{"dc_format":"application/pdf","dc_identifier":"nl.gm1954.2c.2019.2828393-10.doc.15","dc_source":"https://api1.ibabs.eu/publicdownload.aspx?site=Beekdaelen&id=a81616b0-a766-4610-a7a4-5c8db6264cfe","dc_title":"11 Bijlage 1 bij beantwoording vragen begroting - kaart A76 (Vernieuwingsgroep)","dc_type":"bijlage","foi_fairiscoreVersions":{"v1":5,"v2":5},"foi_fileName":"05%20Bijlage%201%20bij%20beantwoording%20vragen%20begroting%20-%20kaart%20A76%20%28vernieuwingsgroep%29.pdf","foi_nrPages":1},{"dc_format":"application/pdf","dc_identifier":"nl.gm1954.2c.2019.2828393-10.doc.16","dc_source":"https://api1.ibabs.eu/publicdownload.aspx?site=Beekdaelen&id=c37b753f-9075-40bc-a216-cbe6f8337c95","dc_title":"11 Bijlage 2 bij beantwoording vragen begroting - woonlasten bedrijven gemeente Beekdaelen","dc_type":"bijlage","foi_fairiscoreVersions":{"v1":1,"v2":1},"foi_fileName":"05%20Bijlage%202%20bij%20beantwoording%20vragen%20begroting%20-%20woonlasten%20bedrijven%20gemeente%20Beekdaelen.pdf","foi_nrPages":1},{"dc_format":"application/pdf","dc_identifier":"nl.gm1954.2c.2019.2828393-10.doc.17","dc_source":"https://api1.ibabs.eu/publicdownload.aspx?site=Beekdaelen&id=f1f34f65-7cd6-4327-a644-500f5a222acf","dc_title":"11 Bijlage 3 bij beantwoording vragen begroting - Saldo per taakveld (VVD)","dc_type":"bijlage","foi_fairiscoreVersions":{"v1":1,"v2":1},"foi_fileName":"05%20Bijlage%203%20bij%20beantwoording%20vragen%20begroting%20-%20Saldo%20per%20taakveld%20%28VVD%29.pdf","foi_nrPages":1},{"dc_format":"application/pdf","dc_identifier":"nl.gm1954.2c.2019.2828393-10.doc.18","dc_source":"https://api1.ibabs.eu/publicdownload.aspx?site=Beekdaelen&id=024a1346-af4c-41bf-ab49-576f389a46b3","dc_title":"11 Bijlage 4 bij beantwoording vragen begroting - griffiebegroting","dc_type":"bijlage","foi_fairiscoreVersions":{"v1":1,"v2":1},"foi_fileName":"05%20Bijlage%204%20bij%20beantwoording%20vragen%20begroting%20-%20griffiebegroting.pdf","foi_nrPages":1},{"dc_format":"application/pdf","dc_identifier":"nl.gm1954.2c.2019.2828393-10.doc.11","dc_source":"https://api1.ibabs.eu/publicdownload.aspx?site=Beekdaelen&id=7ca58cf0-986f-436f-9e16-fd0a4252359c","dc_title":"11 Document ONS Beekdaelen maken we samen vastgesteld juli 2018","dc_type":"bijlage","foi_fairiscoreVersions":{"v1":2,"v2":1},"foi_fileName":"05%20Document%20ONS%20Beekdaelen%20maken%20we%20samen%20vastgesteld%20juli%202018.pdf","foi_nrPages":49},{"dc_format":"application/pdf","dc_identifier":"nl.gm1954.2c.2019.2828393-10.doc.12","dc_source":"https://api1.ibabs.eu/publicdownload.aspx?site=Beekdaelen&id=5ee561be-7a00-44af-8f7b-720b02dcced6","dc_title":"11 Ontwikkelagenda Beekdaelen 23 mei 2017","dc_type":"bijlage","foi_fairiscoreVersions":{"v1":2,"v2":2},"foi_fileName":"05%20Ontwikkelagenda%20Beekdaelen%2023%20mei%202017.pdf","foi_nrPages":24},{"dc_format":"application/pdf","dc_identifier":"nl.gm1954.2c.2019.2828393-10.doc.6","dc_source":"https://api1.ibabs.eu/publicdownload.aspx?site=Beekdaelen&id=1068b813-17c7-4311-b2bf-5b675d6523c4","dc_title":"11 Programmabegroting 2019 gemeente Beekdaelen","dc_type":"bijlage","foi_fairiscoreVersions":{"v1":2,"v2":1},"foi_fileName":"05%20Programmabegroting%202019%20gemeente%20Beekdaelen.pdf","foi_nrPages":127},{"dc_format":"application/pdf","dc_identifier":"nl.gm1954.2c.2019.2828393-10.doc.13","dc_source":"https://api1.ibabs.eu/publicdownload.aspx?site=Beekdaelen&id=dfd18bf4-8b1c-44f0-9847-797cb91a7298","dc_title":"11 Projectbundel bij ontwikkelagenda Beekdaelen 23 mei 2017","dc_type":"bijlage","foi_fairiscoreVersions":{"v1":2,"v2":2},"foi_fileName":"05%20Projectbundel%20bij%20ontwikkelagenda%20Beekdaelen%2023%20mei%202017.pdf","foi_nrPages":14},{"dc_format":"application/pdf","dc_identifier":"nl.gm1954.2c.2019.2828393-10.doc.10","dc_source":"https://api1.ibabs.eu/publicdownload.aspx?site=Beekdaelen&id=47c1cba5-62d8-46bd-b4b0-be5729b43f6b","dc_title":"11 Raadsbreed programma vastgesteld 8 januari 2019","dc_type":"bijlage","foi_fairiscoreVersions":{"v1":1,"v2":1},"foi_fileName":"05%20Raadsbreed%20programma%20vastgesteld%208%20januari%202019.pdf","foi_nrPages":17},{"dc_format":"application/pdf","dc_identifier":"nl.gm1954.2c.2019.2828393-10.doc.7","dc_source":"https://api1.ibabs.eu/publicdownload.aspx?site=Beekdaelen&id=da5142fb-748b-4669-aa60-e64fcf0c8d99","dc_title":"11 Uitgangspuntennotitie begroting 2019 Beekdaelen vastgesteld november 2018","dc_type":"bijlage","foi_fairiscoreVersions":{"v1":2,"v2":1},"foi_fileName":"05%20Uitgangspuntennotitie%20begroting%202019%20Beekdaelen%20vastgesteld%20november%202018.pdf","foi_nrPages":8},{"dc_format":"application/pdf","dc_identifier":"nl.gm1954.2c.2019.2828393-10.doc.8","dc_source":"https://api1.ibabs.eu/publicdownload.aspx?site=Beekdaelen&id=fee9f25d-2d08-463f-9951-37c41e816925","dc_title":"11 Uitgangspuntennotitie bijlage 1 indicatieve meerjarenraming gemeente Beekdaelen","dc_type":"bijlage","foi_fairiscoreVersions":{"v1":1,"v2":1},"foi_fileName":"05%20Uitgangspuntennotitie%20bijlage%201%20indicatieve%20meerjarenraming%20gemeente%20Beekdaelen.pdf","foi_nrPages":1},{"dc_format":"application/pdf","dc_identifier":"nl.gm1954.2c.2019.2828393-10.doc.9","dc_source":"https://api1.ibabs.eu/publicdownload.aspx?site=Beekdaelen&id=68e5fc8a-24e0-4389-8adb-da8c4d25acf9","dc_title":"11 Uitgangspuntennotitie toelichting bijlage 1 indicatieve meerjarenraming gemeente Beekdaelen","dc_type":"bijlage","foi_fairiscoreVersions":{"v1":1,"v2":1},"foi_fileName":"05%20Uitgangspuntennotitie%20toelichting%20bijlage%201%20indicatieve%20meerjarenraming%20gemeente%20Beekdaelen.pdf","foi_nrPages":3},{"dc_format":"application/pdf","dc_identifier":"nl.gm1954.2c.2019.2828393-10.doc.2","dc_source":"https://api1.ibabs.eu/publicdownload.aspx?site=Beekdaelen&id=71f1e8b0-9aa7-4097-b51c-49854069fe4f","dc_title":"Amendement D66 en VVD doorontwikkeling organisatie INGETROKKEN","dc_type":"bijlage","foi_fairiscoreVersions":{"v1":1,"v2":1},"foi_fileName":"Amendement%20D66%20en%20VVD%20doorontwikkeling%20organisatie%20INGETROKKEN.pdf","foi_nrPages":1},{"dc_format":"application/pdf","dc_identifier":"nl.gm1954.2c.2019.2828393-10.doc.3","dc_source":"https://api1.ibabs.eu/publicdownload.aspx?site=Beekdaelen&id=f4f4ca28-2252-4b47-805a-899a44b12c6f","dc_title":"Amendement VG doorontwikkeling organisatie  AANGENOMEN","dc_type":"bijlage","foi_fairiscoreVersions":{"v1":1,"v2":1},"foi_fileName":"Amendement%20VG%20doorontwikkeling%20organisatie%20%20AANGENOMEN.pdf","foi_nrPages":1},{"dc_format":"application/pdf","dc_identifier":"nl.gm1954.2c.2019.2828393-10.doc.19","dc_source":"https://api1.ibabs.eu/publicdownload.aspx?site=Beekdaelen&id=a63e9f12-f152-4a5f-8135-b57e24196e8a","dc_title":"Beantwoording vragen in 2e termijn","dc_type":"bijlage","foi_fairiscoreVersions":{"v1":1,"v2":1},"foi_fileName":"Beantwoording%20vragen%20in%202e%20termijn.pdf","foi_nrPages":7},{"dc_format":"application/pdf","dc_identifier":"nl.gm1954.2c.2019.2828393-10.doc.4","dc_source":"https://api1.ibabs.eu/publicdownload.aspx?site=Beekdaelen&id=52f368af-2f89-4305-a0de-9de0f7624bcc","dc_title":"Erratum bij Programmabegroting 2019 gemeente Beekdaelen","dc_type":"bijlage","foi_fairiscoreVersions":{"v1":1,"v2":1},"foi_fileName":"Erratum%20bij%20Programmabegroting%202019%20gemeente%20Beekdaelen.pdf","foi_nrPages":14},{"dc_format":"application/pdf","dc_identifier":"nl.gm1954.2c.2019.2828393-10.doc.1","dc_source":"https://api1.ibabs.eu/publicdownload.aspx?site=Beekdaelen&id=3d0509da-6424-4a85-8c78-4fb56abe38c3","dc_title":"Gewijzigd Raadsvoorstel Programmabegroting 2019 gemeente Beekdaelen","dc_type":"bijlage","foi_fairiscoreVersions":{"v1":1,"v2":1},"foi_fileName":"Gewijzigd%20Raadsvoorstel%20Programmabegroting%202019%20gemeente%20Beekdaelen.pdf","foi_nrPages":14},{"dc_format":"application/pdf","dc_identifier":"nl.gm1954.2c.2019.2828393-10.doc.21","dc_source":"https://api1.ibabs.eu/publicdownload.aspx?site=Beekdaelen&id=7bb30b0f-e7f8-47f0-94ec-ee6d53f035d6","dc_title":"Infografic begroting Beekdaelen2019","dc_type":"bijlage","foi_fairiscoreVersions":{"v1":1,"v2":1},"foi_fileName":"Infografic%20begroting%20Beekdaelen2019.pdf","foi_nrPages":1},{"dc_format":"application/pdf","dc_identifier":"nl.gm1954.2c.2019.2828393-10.doc.5","dc_source":"https://api1.ibabs.eu/publicdownload.aspx?site=Beekdaelen&id=07855807-cb77-4d47-a9ca-b4f66504acf6","dc_title":"Raadsbesluit Programmabegroting 2019 gemeente Beekdaelen incl. erratum - vastgesteld 26032019","dc_type":"bijlage","foi_fairiscoreVersions":{"v1":1,"v2":1},"foi_fileName":"Raadsbesluit%20Programmabegroting%202019%20gemeente%20Beekdaelen%20incl.%20erratum%20-%20vastgesteld%2026032019.pdf","foi_nrPages":14},{"dc_format":"application/pdf","dc_identifier":"nl.gm1954.2c.2019.2828393-10.doc.20","dc_source":"https://api1.ibabs.eu/publicdownload.aspx?site=Beekdaelen&id=20eabfd9-3949-4e34-975b-2632e7839ff9","dc_title":"Toezeggingen commissie 14 maart 2019 - definitief","dc_type":"bijlage","foi_fairiscoreVersions":{"v1":1,"v2":1},"foi_fileName":"Toezeggingen%20commissie%2014%20maart-definitief.pdf","foi_nrPages":3}],"foi_nrDocuments":21,"foi_nrPagesInDossier":337,"foi_publishedDate":"2019-03-26","foi_retrievedDate":"2025-11-29"},{"dc_creator":"HandelingScraper_v1","dc_date_year":2019,"dc_description":"Vergadering van de Gemeente Beekdaelen op 2019-03-26. Onderdeel: Ingediende motie inzake ontmoedigingsbeleid m.b.t. het oplaten van ballonnen en Sluiting.","dc_identifier":"nl.gm1954.2c.2019.2828393-11","dc_publisher":"gm1954","dc_source":"https://beekdaelen.bestuurlijkeinformatie.nl/Agenda/Index/8ac97e6a-5a98-4f3c-a415-560ed82da289","dc_title":"Raadsvergadering 2019-03-26 - Ingediende motie inzake ontmoedigingsbeleid m.b.t. het oplaten van ballonnen en Sluiting","dc_type":"2c","dc_type_description":"Vergaderstuk decentrale overheid","foi_fairiscoreVersions":{"v1":1,"v2":1},"foi_files":[{"dc_format":"application/pdf","dc_identifier":"nl.gm1954.2c.2019.2828393-11.doc.1","dc_source":"https://api1.ibabs.eu/publicdownload.aspx?site=Beekdaelen&id=37a1d483-626c-49ce-b0b8-4c396072b4d4","dc_title":"Motie CDA, VG, GL en PvdA ballonnen oplaten AANGENOMEN","dc_type":"bijlage","foi_fairiscoreVersions":{"v1":1,"v2":1},"foi_fileName":"Motie%20CDA_%20VG_%20GL%20en%20PvdA%20ballonnen%20oplaten%20AANGENOMEN.pdf","foi_nrPages":3}],"foi_nrDocuments":1,"foi_nrPagesInDossier":3,"foi_publishedDate":"2019-03-26","foi_retrievedDate":"2025-11-29"},{"dc_creator":"HandelingScraper_v1","dc_date_year":2019,"dc_description":"Vergadering van de Gemeente Beekdaelen op 2019-03-26. Onderdeel: Vaststelling van de agenda.","dc_identifier":"nl.gm1954.2c.2019.2828393-2","dc_publisher":"gm1954","dc_source":"https://beekdaelen.bestuurlijkeinformatie.nl/Agenda/Index/8ac97e6a-5a98-4f3c-a415-560ed82da289","dc_title":"Raadsvergadering 2019-03-26 - Vaststelling van de agenda","dc_type":"2c","dc_type_description":"Vergaderstuk decentrale overheid","foi_fairiscoreVersions":{"v1":1,"v2":1},"foi_files":[{"dc_format":"application/pdf","dc_identifier":"nl.gm1954.2c.2019.2828393-2.doc.1","dc_source":"https://api1.ibabs.eu/publicdownload.aspx?site=Beekdaelen&id=a3e2f325-a7d6-42d5-8b1f-73972d14b599","dc_title":"Vastgestelde agenda raadsvergadering 26032019","dc_type":"bijlage","foi_fairiscoreVersions":{"v1":1,"v2":1},"foi_fileName":"Vastgestelde%20agenda%20raadsvergadering%2026032019.pdf","foi_nrPages":1}],"foi_nrDocuments":1,"foi_nrPagesInDossier":1,"foi_publishedDate":"2019-03-26","foi_retrievedDate":"2025-12-03"},{"dc_creator":"HandelingScraper_v1","dc_date_year":2019,"dc_description":"Vergadering van de Gemeente Beekdaelen op 2019-03-26. Onderdeel: Vaststellen besluitenlijst openbare raadsvergadering d.d. 19 februari 2019.","dc_identifier":"nl.gm1954.2c.2019.2828393-3","dc_publisher":"gm1954","dc_source":"https://beekdaelen.bestuurlijkeinformatie.nl/Agenda/Index/8ac97e6a-5a98-4f3c-a415-560ed82da289","dc_title":"Raadsvergadering 2019-03-26 - Vaststellen besluitenlijst openbare raadsvergadering d.d. 19 februari 2019","dc_type":"2c","dc_type_description":"Vergaderstuk decentrale overheid","foi_fairiscoreVersions":{"v1":1,"v2":1},"foi_files":[{"dc_format":"application/pdf","dc_identifier":"nl.gm1954.2c.2019.2828393-3.doc.1","dc_source":"https://api1.ibabs.eu/publicdownload.aspx?site=Beekdaelen&id=0a1cfc02-9406-4d51-ba9b-da396ca2d8dd","dc_title":"Besluitenlijst raadsvergadering Beekdaelen 19 februari 2019 vastgesteld","dc_type":"bijlage","foi_fairiscoreVersions":{"v1":1,"v2":1},"foi_fileName":"3.%20Besluitenlijst%20raadsvergadering%20Beekdaelen%2019%20februari%202019%20vastgesteld.pdf","foi_nrPages":2}],"foi_nrDocuments":1,"foi_nrPagesInDossier":2,"foi_publishedDate":"2019-03-26","foi_retrievedDate":"2025-11-29"},{"dc_creator":"HandelingScraper_v1","dc_date_year":2019,"dc_description":"Vergadering van de Gemeente Beekdaelen op 2019-03-26. Onderdeel: Vaststelling lijst ingekomen stukken.","dc_identifier":"nl.gm1954.2c.2019.2828393-4","dc_publisher":"gm1954","dc_source":"https://beekdaelen.bestuurlijkeinformatie.nl/Agenda/Index/8ac97e6a-5a98-4f3c-a415-560ed82da289","dc_title":"Raadsvergadering 2019-03-26 - Vaststelling lijst ingekomen stukken","dc_type":"2c","dc_type_description":"Vergaderstuk decentrale overheid","foi_fairiscoreVersions":{"v1":1,"v2":1},"foi_files":[{"dc_format":"application/pdf","dc_identifier":"nl.gm1954.2c.2019.2828393-4.doc.1","dc_source":"https://api1.ibabs.eu/publicdownload.aspx?site=Beekdaelen&id=e4908707-4bd0-4454-a116-101d5c4cb520","dc_title":"Lijst ingekomen stukken Raad periode 01-01-2019 tm 26-03-2019 vastgesteld","dc_type":"bijlage","foi_fairiscoreVersions":{"v1":1,"v2":1},"foi_fileName":"Lijst%20ingekomen%20stukken%20Raad%20periode%2001-01-2019%20tm%2026-03-2019.pdf","foi_nrPages":5}],"foi_nrDocuments":1,"foi_nrPagesInDossier":5,"foi_publishedDate":"2019-03-26","foi_retrievedDate":"2025-11-29"},{"dc_creator":"HandelingScraper_v1","dc_date_year":2019,"dc_description":"Vergadering van de Gemeente Beekdaelen op 2019-03-26. Onderdeel: Raadsvoorstel instemmen met bijgestelde begroting Vixia 2019 (hamerstuk).","dc_identifier":"nl.gm1954.2c.2019.2828393-5","dc_publisher":"gm1954","dc_source":"https://beekdaelen.bestuurlijkeinformatie.nl/Agenda/Index/8ac97e6a-5a98-4f3c-a415-560ed82da289","dc_title":"Raadsvergadering 2019-03-26 - Raadsvoorstel instemmen met bijgestelde begroting Vixia 2019 (hamerstuk)","dc_type":"2c","dc_type_description":"Vergaderstuk decentrale overheid","foi_fairiscoreVersions":{"v1":3,"v2":3},"foi_files":[{"dc_format":"application/pdf","dc_identifier":"nl.gm1954.2c.2019.2828393-5.doc.3","dc_source":"https://api1.ibabs.eu/publicdownload.aspx?site=Beekdaelen&id=c2020cbe-5e35-4f45-a8f3-a56846e3dcc7","dc_title":"Bijgestelde begroting 2019 Vixia","dc_type":"bijlage","foi_fairiscoreVersions":{"v1":5,"v2":5},"foi_fileName":"06%20Bijgestelde%20begroting%202019%20Vixia.pdf","foi_nrPages":29},{"dc_format":"application/pdf","dc_identifier":"nl.gm1954.2c.2019.2828393-5.doc.2","dc_source":"https://api1.ibabs.eu/publicdownload.aspx?site=Beekdaelen&id=e89d8787-304b-41d4-9df1-876bdd7b3025","dc_title":"Raadsbesluit bijgestelde begroting 2019 Vixia vastgesteld 26032019","dc_type":"bijlage","foi_fairiscoreVersions":{"v1":1,"v2":1},"foi_fileName":"Raadsbesluit%20bijgestelde%20begroting%202019%20Vixia%20vastgesteld%2026032019.pdf","foi_nrPages":1},{"dc_format":"application/pdf","dc_identifier":"nl.gm1954.2c.2019.2828393-5.doc.1","dc_source":"https://api1.ibabs.eu/publicdownload.aspx?site=Beekdaelen&id=e67e408c-d008-4e44-b21d-54943ac611bf","dc_title":"Raadsvoorstel bijgestelde begroting 2019 Vixia (juiste vermelding ondertekening college)","dc_type":"bijlage","foi_fairiscoreVersions":{"v1":1,"v2":1},"foi_fileName":"Raadsvoorstel%20bijgestelde%20begroting%202019%20Vixia%20%28juiste%20vermelding%20ondertekening%20college%29.pdf","foi_nrPages":4}],"foi_nrDocuments":3,"foi_nrPagesInDossier":34,"foi_publishedDate":"2019-03-26","foi_retrievedDate":"2025-11-29"},{"dc_creator":"HandelingScraper_v1","dc_date_year":2019,"dc_description":"Vergadering van de Gemeente Beekdaelen op 2019-03-26. Onderdeel: Raadsvoorstel benoemingen commissieleden en anderen.","dc_identifier":"nl.gm1954.2c.2019.2828393-7","dc_publisher":"gm1954","dc_source":"https://beekdaelen.bestuurlijkeinformatie.nl/Agenda/Index/8ac97e6a-5a98-4f3c-a415-560ed82da289","dc_title":"Raadsvergadering 2019-03-26 - Raadsvoorstel benoemingen commissieleden en anderen","dc_type":"2c","dc_type_description":"Vergaderstuk decentrale overheid","foi_fairiscoreVersions":{"v1":1,"v2":1},"foi_files":[{"dc_format":"application/pdf","dc_identifier":"nl.gm1954.2c.2019.2828393-7.doc.2","dc_source":"https://api1.ibabs.eu/publicdownload.aspx?site=Beekdaelen&id=9280503c-6398-4c2b-bade-7d10b5c6b454","dc_title":"RB inzake benoeming commissieleden en anderen - vastgesteld Raad 26032019","dc_type":"bijlage","foi_fairiscoreVersions":{"v1":1,"v2":1},"foi_fileName":"07.Raadsbesluit%20inzake%20benoeming%20commissieleden%20en%20anderen%20-%20vastgesteld%20Raad%2026032019.pdf","foi_nrPages":1},{"dc_format":"application/pdf","dc_identifier":"nl.gm1954.2c.2019.2828393-7.doc.1","dc_source":"https://api1.ibabs.eu/publicdownload.aspx?site=Beekdaelen&id=3b8e8289-0d48-4316-bab2-fc37cad91efe","dc_title":"RV inzake benoeming commissieleden en anderen - vastgesteld Raad 26032019","dc_type":"bijlage","foi_fairiscoreVersions":{"v1":1,"v2":1},"foi_fileName":"07.Raadsvoorstel%20inzake%20benoeming%20commissieleden%20en%20anderen%20-%20vastgesteld%20Raad%2026032019.pdf","foi_nrPages":2}],"foi_nrDocuments":2,"foi_nrPagesInDossier":3,"foi_publishedDate":"2019-03-26","foi_retrievedDate":"2025-11-29"},{"dc_creator":"HandelingScraper_v1","dc_date_year":2019,"dc_description":"Vergadering van de Gemeente Beekdaelen op 2019-03-26. Onderdeel: Raadsvoorstel inzake Stimuleringsregeling afkoppelen hemelwater.","dc_identifier":"nl.gm1954.2c.2019.2828393-8","dc_publisher":"gm1954","dc_source":"https://beekdaelen.bestuurlijkeinformatie.nl/Agenda/Index/8ac97e6a-5a98-4f3c-a415-560ed82da289","dc_title":"Raadsvergadering 2019-03-26 - Raadsvoorstel inzake Stimuleringsregeling afkoppelen hemelwater","dc_type":"2c","dc_type_description":"Vergaderstuk decentrale overheid","foi_fairiscoreVersions":{"v1":2,"v2":1},"foi_files":[{"dc_format":"application/pdf","dc_identifier":"nl.gm1954.2c.2019.2828393-8.doc.4","dc_source":"https://api1.ibabs.eu/publicdownload.aspx?site=Beekdaelen&id=6585ff8a-fa86-472e-82aa-f3e3238a720a","dc_title":"09 Ambtelijke toelichting voorstel stimuleringsregeling afkoppelen hemelwater","dc_type":"bijlage","foi_fairiscoreVersions":{"v1":1,"v2":1},"foi_fileName":"04.%20Ambtelijke%20toelichting%20voorstel%20stimuleringsregeling%20afkoppelen%20hemelwater%20%28def.%29.pdf","foi_nrPages":1},{"dc_format":"application/pdf","dc_identifier":"nl.gm1954.2c.2019.2828393-8.doc.6","dc_source":"https://api1.ibabs.eu/publicdownload.aspx?site=Beekdaelen&id=1dfe615c-bcfe-45c7-8e19-e12e522efec8","dc_title":"09 Beantwoording vragen fractie D66 inzake voorstel stimuleringsregeling afkoppelen hemelwater","dc_type":"bijlage","foi_fairiscoreVersions":{"v1":1,"v2":1},"foi_fileName":"04.%20Beantwoording%20vragen%20D66%20inzake%20voorstel%20stimuleringsregeling%20afkoppelen%20hemelwater%20%28def.%29.pdf","foi_nrPages":4},{"dc_format":"application/pdf","dc_identifier":"nl.gm1954.2c.2019.2828393-8.doc.1","dc_source":"https://api1.ibabs.eu/publicdownload.aspx?site=Beekdaelen&id=70abb7eb-b4c4-4b3d-aab7-b4e96eb8afd0","dc_title":"09 Raadsvoorstel stimuleringsregeling afkoppelen hemelwater 26 maart 2019","dc_type":"bijlage","foi_fairiscoreVersions":{"v1":1,"v2":1},"foi_fileName":"04%20Raadsvoorstel%20stimuleringsregeling%20afkoppelen%20hemelwater%2026%20maart%202019.pdf","foi_nrPages":5},{"dc_format":"application/pdf","dc_identifier":"nl.gm1954.2c.2019.2828393-8.doc.3","dc_source":"https://api1.ibabs.eu/publicdownload.aspx?site=Beekdaelen&id=4eb632aa-dd3b-4f18-b321-132b40e81f0c","dc_title":"09 Voorwaarden stimuleringsregeling-190125","dc_type":"bijlage","foi_fairiscoreVersions":{"v1":2,"v2":1},"foi_fileName":"04%20voorwaarden%20stimuleringsregeling-190125.pdf","foi_nrPages":8},{"dc_format":"application/pdf","dc_identifier":"nl.gm1954.2c.2019.2828393-8.doc.7","dc_source":"https://api1.ibabs.eu/publicdownload.aspx?site=Beekdaelen&id=fb0ee637-4d8d-497d-b869-281c9f0f9bb2","dc_title":"09 Nota van toelichting technische wijziging raadsvoorstel stimuleringsregeling afkoppelen hemelwater","dc_type":"bijlage","foi_fairiscoreVersions":{"v1":1,"v2":1},"foi_fileName":"Nota%20van%20toelichting%20technische%20wijziging%20raadsvoorstel%20stimuleringsregeling%20afkoppelen%20hemelwater.pdf","foi_nrPages":1},{"dc_format":"application/pdf","dc_identifier":"nl.gm1954.2c.2019.2828393-8.doc.2","dc_source":"https://api1.ibabs.eu/publicdownload.aspx?site=Beekdaelen&id=e05a3961-40c5-49cf-8a9d-c9710d85a406","dc_title":"09 Raadsbesluit stimuleringsregeling afkoppelen hemelwater Beekdaelen 2019-2021 vastgesteld 26032019","dc_type":"bijlage","foi_fairiscoreVersions":{"v1":1,"v2":1},"foi_fileName":"Raadsbesluit%20stimuleringsregeling%20afkoppelen%20hemelwater%20Beekdaelen%202019-2021%20%28wijz.%2021%20maart%202019%29.pdf","foi_nrPages":1},{"dc_format":"application/pdf","dc_identifier":"nl.gm1954.2c.2019.2828393-8.doc.5","dc_source":"https://api1.ibabs.eu/publicdownload.aspx?site=Beekdaelen&id=667c4bbf-b514-4c12-ac04-caa0dc95ab8a","dc_title":"09 Vragen fractie D66 inzake voorstel stimuleringsregeling afkoppelen hemelwater","dc_type":"bijlage","foi_fairiscoreVersions":{"v1":1,"v2":1},"foi_fileName":"vragen%20stimuleringsregeling%20afkoppelen.pdf","foi_nrPages":2}],"foi_nrDocuments":7,"foi_nrPagesInDossier":22,"foi_publishedDate":"2019-03-26","foi_retrievedDate":"2025-11-29"},{"dc_creator":"HandelingScraper_v1","dc_date_year":2019,"dc_description":"Vergadering van de Gemeente Beekdaelen op 2019-03-26. Onderdeel: Raadsvoorstel inzake toezeggingenlijsten voormalige gemeenten Onderbanken, Nuth en Schinnen.","dc_identifier":"nl.gm1954.2c.2019.2828393-9","dc_publisher":"gm1954","dc_source":"https://beekdaelen.bestuurlijkeinformatie.nl/Agenda/Index/8ac97e6a-5a98-4f3c-a415-560ed82da289","dc_title":"Raadsvergadering 2019-03-26 - Raadsvoorstel inzake toezeggingenlijsten voormalige gemeenten Onderbanken, Nuth en Schinnen","dc_type":"2c","dc_type_description":"Vergaderstuk decentrale overheid","foi_fairiscoreVersions":{"v1":1,"v2":1},"foi_files":[{"dc_format":"application/pdf","dc_identifier":"nl.gm1954.2c.2019.2828393-9.doc.2","dc_source":"https://api1.ibabs.eu/publicdownload.aspx?site=Beekdaelen&id=3fcc2e4b-f99a-40e8-87a0-cf20f458b5f6","dc_title":"10. Raadsbesluit vastleggen en volgen toezeggingen van college B&W cq burg. vastgesteld 26032019","dc_type":"bijlage","foi_fairiscoreVersions":{"v1":1,"v2":1},"foi_fileName":"10.%20RB%20vastleggen%20en%20volgen%20toezeggingen%20van%20college%20B%26W%20cq%20burg.%20vastgesteld%2026032019.pdf","foi_nrPages":1},{"dc_format":"application/pdf","dc_identifier":"nl.gm1954.2c.2019.2828393-9.doc.1","dc_source":"https://api1.ibabs.eu/publicdownload.aspx?site=Beekdaelen&id=cbd3d7a4-c9c3-400b-9a4b-b68f63e395a2","dc_title":"10. Raadsvoorstel vastleggen en volgen toezeggingen van college B&W cq burg. vastgesteld 26032019","dc_type":"bijlage","foi_fairiscoreVersions":{"v1":1,"v2":1},"foi_fileName":"10.%20RV%20vastleggen%20en%20volgen%20toezeggingen%20van%20college%20B%26W%20cq%20burgemeester%20vastgesteld%2026032019.pdf","foi_nrPages":3}],"foi_nrDocuments":2,"foi_nrPagesInDossier":4,"foi_publishedDate":"2019-03-26","foi_retrievedDate":"2025-11-29"},{"dc_creator":"HandelingScraper_v1","dc_date_year":2019,"dc_description":"Vergadering van de Gemeente Beekdaelen op 2019-03-14. Onderdeel: Opening en vaststelling agenda d.d. 14 maart 2019.","dc_identifier":"nl.gm1954.2c.2019.2828400-1","dc_publisher":"gm1954","dc_source":"https://beekdaelen.bestuurlijkeinformatie.nl/Agenda/Index/bcf3c9d9-2350-4944-92a0-2ffebfc68b36","dc_title":"Raadscommissie (2019 t/m januari 2020) 2019-03-14 - Opening en vaststelling agenda d.d. 14 maart 2019","dc_type":"2c","dc_type_description":"Vergaderstuk decentrale overheid","foi_fairiscoreVersions":{"v1":1,"v2":1},"foi_files":[{"dc_format":"application/pdf","dc_identifier":"nl.gm1954.2c.2019.2828400-1.doc.1","dc_source":"https://api1.ibabs.eu/publicdownload.aspx?site=Beekdaelen&id=90df8978-79dc-44be-b7da-d6f1a005c128","dc_title":"01 Vastgestelde agenda raadscommissie 14032019","dc_type":"bijlage","foi_fairiscoreVersions":{"v1":1,"v2":1},"foi_fileName":"01%20Vastgestelde%20agenda%20raadscommissie%2014032019.pdf","foi_nrPages":1}],"foi_nrDocuments":1,"foi_nrPagesInDossier":1,"foi_publishedDate":"2019-03-14","foi_retrievedDate":"2026-03-01"},{"dc_creator":"HandelingScraper_v1","dc_date_year":2019,"dc_description":"Vergadering van de Gemeente Beekdaelen op 2019-03-14. Onderdeel: Vaststelling actiepuntenlijst Beeldvormende Raad d.d. 5 februari 2019.","dc_identifier":"nl.gm1954.2c.2019.2828400-2","dc_publisher":"gm1954","dc_source":"https://beekdaelen.bestuurlijkeinformatie.nl/Agenda/Index/bcf3c9d9-2350-4944-92a0-2ffebfc68b36","dc_title":"Raadscommissie (2019 t/m januari 2020) 2019-03-14 - Vaststelling actiepuntenlijst Beeldvormende Raad d.d. 5 februari 2019","dc_type":"2c","dc_type_description":"Vergaderstuk decentrale overheid","foi_fairiscoreVersions":{"v1":1,"v2":1},"foi_files":[{"dc_format":"application/pdf","dc_identifier":"nl.gm1954.2c.2019.2828400-2.doc.2","dc_source":"https://api1.ibabs.eu/publicdownload.aspx?site=Beekdaelen&id=b34e3619-e527-4c3d-8dfc-2f20f859c22f","dc_title":"Actiepuntenlijst BVR 5 februari 2019 vastgesteld 14032019","dc_type":"bijlage","foi_fairiscoreVersions":{"v1":1,"v2":1},"foi_fileName":"Actiepuntenlijst%20BVR%2020190205%205%20februari%202019%20vastgesteld%2014032019.pdf","foi_nrPages":2},{"dc_format":"application/pdf","dc_identifier":"nl.gm1954.2c.2019.2828400-2.doc.1","dc_source":"https://api1.ibabs.eu/publicdownload.aspx?site=Beekdaelen&id=2e8265b5-c407-49e9-bec9-8b7934b3b979","dc_title":"02 Actiepuntenlijst BVR 5 februari 2019","dc_type":"bijlage","foi_fairiscoreVersions":{"v1":1,"v2":1},"foi_fileName":"Actiepuntenlijst%20BVR%205%20februari%202019.pdf","foi_nrPages":2}],"foi_nrDocuments":2,"foi_nrPagesInDossier":4,"foi_publishedDate":"2019-03-14","foi_retrievedDate":"2026-03-01"},{"dc_creator":"HandelingScraper_v1","dc_date_year":2019,"dc_description":"Vergadering van de Gemeente Beekdaelen op 2019-03-14. Onderdeel: Vaststellen diverse raadseigen verordeningen gemeente Beekdaelen.","dc_identifier":"nl.gm1954.2c.2019.2828400-3","dc_publisher":"gm1954","dc_source":"https://beekdaelen.bestuurlijkeinformatie.nl/Agenda/Index/bcf3c9d9-2350-4944-92a0-2ffebfc68b36","dc_title":"Raadscommissie (2019 t/m januari 2020) 2019-03-14 - Vaststellen diverse raadseigen verordeningen gemeente Beekdaelen","dc_type":"2c","dc_type_description":"Vergaderstuk decentrale overheid","foi_fairiscoreVersions":{"v1":1,"v2":1},"foi_files":[{"dc_format":"application/pdf","dc_identifier":"nl.gm1954.2c.2019.2828400-3.doc.9","dc_source":"https://api1.ibabs.eu/publicdownload.aspx?site=Beekdaelen&id=db34c6b2-9899-46e8-b71c-73b3f3cb6afd","dc_title":"03 Gedragscode publicatie persoonsgegevens Beekdaelen","dc_type":"bijlage","foi_fairiscoreVersions":{"v1":1,"v2":1},"foi_fileName":"03%20gedragscode%20publicatie%20persoonsgegevens%20Beekdaelen.pdf","foi_nrPages":6},{"dc_format":"application/pdf","dc_identifier":"nl.gm1954.2c.2019.2828400-3.doc.2","dc_source":"https://api1.ibabs.eu/publicdownload.aspx?site=Beekdaelen&id=958b984f-1360-4538-9960-43506ddcbbab","dc_title":"06 Reglement van Orde gemeenteraad Beekdalen 2019 incl. toelichting VERVALLEN ivm aanpassing ondertekening","dc_type":"bijlage","foi_fairiscoreVersions":{"v1":1,"v2":1},"foi_fileName":"03%20Reglement%20van%20Orde%20gemeenteraad%20Beekdalen%202019%20incl.%20toelichting.pdf","foi_nrPages":19},{"dc_format":"application/pdf","dc_identifier":"nl.gm1954.2c.2019.2828400-3.doc.4","dc_source":"https://api1.ibabs.eu/publicdownload.aspx?site=Beekdaelen&id=0422d680-e9aa-474e-849a-7b22ce9b939d","dc_title":"06 Verordening ambtelijke ondersteuning Beekdaelen VERVALLEN ivm aanpassing ondertekening","dc_type":"bijlage","foi_fairiscoreVersions":{"v1":1,"v2":1},"foi_fileName":"03%20Verordening%20ambtelijke%20ondersteuning%20Beekdaelen.pdf","foi_nrPages":10},{"dc_format":"application/pdf","dc_identifier":"nl.gm1954.2c.2019.2828400-3.doc.5","dc_source":"https://api1.ibabs.eu/publicdownload.aspx?site=Beekdaelen&id=06a4f96c-0943-48c6-b111-ce67b23df18a","dc_title":"06 Verordening Auditcommissie Beekdaelen VERVALLEN ivm aanpassing ondertekening","dc_type":"bijlage","foi_fairiscoreVersions":{"v1":1,"v2":1},"foi_fileName":"03%20Verordening%20Auditcommissie%20Beekdaelen.pdf","foi_nrPages":4},{"dc_format":"application/pdf","dc_identifier":"nl.gm1954.2c.2019.2828400-3.doc.3","dc_source":"https://api1.ibabs.eu/publicdownload.aspx?site=Beekdaelen&id=3e99250d-123c-4552-af76-203ebd188b24","dc_title":"06 Verordening op de raadscommissie Beekdaelen 2019 VERVALLEN ivm wijziging pag.indeling","dc_type":"bijlage","foi_fairiscoreVersions":{"v1":1,"v2":1},"foi_fileName":"03%20Verordening%20op%20de%20raadscommissie%20Beekdaelen%202019.pdf","foi_nrPages":20},{"dc_format":"application/pdf","dc_identifier":"nl.gm1954.2c.2019.2828400-3.doc.8","dc_source":"https://api1.ibabs.eu/publicdownload.aspx?site=Beekdaelen&id=32007961-0385-46ba-8493-624bb42b0fd1","dc_title":"06 Verordening rechtspositie raads- en commissieleden Beekdaelen 2019 VERVALLEN ivm. aanpassing ondertekening","dc_type":"bijlage","foi_fairiscoreVersions":{"v1":1,"v2":1},"foi_fileName":"03%20Verordening%20rechtspositie%20raads-%20en%20commissieleden%20Beekdaelen%202019.pdf","foi_nrPages":9},{"dc_format":"application/pdf","dc_identifier":"nl.gm1954.2c.2019.2828400-3.doc.6","dc_source":"https://api1.ibabs.eu/publicdownload.aspx?site=Beekdaelen&id=523eac28-4424-4d3d-81ae-d360b070f1f1","dc_title":"06 verordening vertrouwenscommissie VERVALLEN ivm aanpassing ondertekening","dc_type":"bijlage","foi_fairiscoreVersions":{"v1":1,"v2":1},"foi_fileName":"03%20verordening%20vertrouwenscommissie.pdf","foi_nrPages":12},{"dc_format":"application/pdf","dc_identifier":"nl.gm1954.2c.2019.2828400-3.doc.7","dc_source":"https://api1.ibabs.eu/publicdownload.aspx?site=Beekdaelen&id=17147e6f-3ff9-4541-864d-1d4d5c592535","dc_title":"06 Verordening Werkgeverscommissie Beekdaelen VERVALLEN ivm aanpassing ondertekening","dc_type":"bijlage","foi_fairiscoreVersions":{"v1":1,"v2":1},"foi_fileName":"03%20Verordening%20Werkgeverscommissie%20Beekdaelen.pdf","foi_nrPages":5},{"dc_format":"application/pdf","dc_identifier":"nl.gm1954.2c.2019.2828400-3.doc.1","dc_source":"https://api1.ibabs.eu/publicdownload.aspx?site=Beekdaelen&id=cd7fceb9-04bb-44f4-9733-007794ba96d2","dc_title":"06 Raadsvoorstel incl. -besluit verordeningen gemeenteraad vastgesteld 26032019","dc_type":"bijlage","foi_fairiscoreVersions":{"v1":1,"v2":1},"foi_fileName":"raadsvoorstel%20verordeningen%20gemeenteraad.pdf","foi_nrPages":3}],"foi_nrDocuments":9,"foi_nrPagesInDossier":88,"foi_publishedDate":"2019-03-14","foi_retrievedDate":"2026-03-01"},{"dc_creator":"HandelingScraper_v1","dc_date_year":2019,"dc_description":"Vergadering van de Gemeente Beekdaelen op 2019-03-14. Onderdeel: Voorstel inzake Stimuleringsregeling afkoppelen hemelwater.","dc_identifier":"nl.gm1954.2c.2019.2828400-4","dc_publisher":"gm1954","dc_source":"https://beekdaelen.bestuurlijkeinformatie.nl/Agenda/Index/bcf3c9d9-2350-4944-92a0-2ffebfc68b36","dc_title":"Raadscommissie (2019 t/m januari 2020) 2019-03-14 - Voorstel inzake Stimuleringsregeling afkoppelen hemelwater","dc_type":"2c","dc_type_description":"Vergaderstuk decentrale overheid","foi_fairiscoreVersions":{"v1":2,"v2":1},"foi_files":[{"dc_format":"application/pdf","dc_identifier":"nl.gm1954.2c.2019.2828400-4.doc.3","dc_source":"https://api1.ibabs.eu/publicdownload.aspx?site=Beekdaelen&id=6585ff8a-fa86-472e-82aa-f3e3238a720a","dc_title":"09 Ambtelijke toelichting voorstel stimuleringsregeling afkoppelen hemelwater","dc_type":"bijlage","foi_fairiscoreVersions":{"v1":1,"v2":1},"foi_fileName":"04.%20Ambtelijke%20toelichting%20voorstel%20stimuleringsregeling%20afkoppelen%20hemelwater%20%28def.%29.pdf","foi_nrPages":1},{"dc_format":"application/pdf","dc_identifier":"nl.gm1954.2c.2019.2828400-4.doc.5","dc_source":"https://api1.ibabs.eu/publicdownload.aspx?site=Beekdaelen&id=1dfe615c-bcfe-45c7-8e19-e12e522efec8","dc_title":"09 Beantwoording vragen fractie D66 inzake voorstel stimuleringsregeling afkoppelen hemelwater","dc_type":"bijlage","foi_fairiscoreVersions":{"v1":1,"v2":1},"foi_fileName":"04.%20Beantwoording%20vragen%20D66%20inzake%20voorstel%20stimuleringsregeling%20afkoppelen%20hemelwater%20%28def.%29.pdf","foi_nrPages":4},{"dc_format":"application/pdf","dc_identifier":"nl.gm1954.2c.2019.2828400-4.doc.1","dc_source":"https://api1.ibabs.eu/publicdownload.aspx?site=Beekdaelen&id=70abb7eb-b4c4-4b3d-aab7-b4e96eb8afd0","dc_title":"09 Raadsvoorstel stimuleringsregeling afkoppelen hemelwater 26 maart 2019","dc_type":"bijlage","foi_fairiscoreVersions":{"v1":1,"v2":1},"foi_fileName":"04%20Raadsvoorstel%20stimuleringsregeling%20afkoppelen%20hemelwater%2026%20maart%202019.pdf","foi_nrPages":5},{"dc_format":"application/pdf","dc_identifier":"nl.gm1954.2c.2019.2828400-4.doc.2","dc_source":"https://api1.ibabs.eu/publicdownload.aspx?site=Beekdaelen&id=4eb632aa-dd3b-4f18-b321-132b40e81f0c","dc_title":"09 Voorwaarden stimuleringsregeling-190125","dc_type":"bijlage","foi_fairiscoreVersions":{"v1":2,"v2":1},"foi_fileName":"04%20voorwaarden%20stimuleringsregeling-190125.pdf","foi_nrPages":8},{"dc_format":"application/pdf","dc_identifier":"nl.gm1954.2c.2019.2828400-4.doc.4","dc_source":"https://api1.ibabs.eu/publicdownload.aspx?site=Beekdaelen&id=667c4bbf-b514-4c12-ac04-caa0dc95ab8a","dc_title":"09 Vragen fractie D66 inzake voorstel stimuleringsregeling afkoppelen hemelwater","dc_type":"bijlage","foi_fairiscoreVersions":{"v1":1,"v2":1},"foi_fileName":"vragen%20stimuleringsregeling%20afkoppelen.pdf","foi_nrPages":2}],"foi_nrDocuments":5,"foi_nrPagesInDossier":20,"foi_publishedDate":"2019-03-14","foi_retrievedDate":"2026-03-06"},{"dc_creator":"HandelingScraper_v1","dc_date_year":2019,"dc_description":"Vergadering van de Gemeente Beekdaelen op 2019-03-14. Onderdeel: Voorstel inzake Programmabegroting gemeente Beekdaelen 2019.","dc_identifier":"nl.gm1954.2c.2019.2828400-5","dc_publisher":"gm1954","dc_source":"https://beekdaelen.bestuurlijkeinformatie.nl/Agenda/Index/bcf3c9d9-2350-4944-92a0-2ffebfc68b36","dc_title":"Raadscommissie (2019 t/m januari 2020) 2019-03-14 - Voorstel inzake Programmabegroting gemeente Beekdaelen 2019","dc_type":"2c","dc_type_description":"Vergaderstuk decentrale overheid","foi_fairiscoreVersions":{"v1":2,"v2":2},"foi_files":[{"dc_format":"application/pdf","dc_identifier":"nl.gm1954.2c.2019.2828400-5.doc.9","dc_source":"https://api1.ibabs.eu/publicdownload.aspx?site=Beekdaelen&id=f822e63a-9054-43a2-abe8-82006a20366a","dc_title":"11 Beantwoording vragen fracties Vernieuwingsgroep, D66, VVD en Beekdaelen Lokaal inzake begroting 2019","dc_type":"bijlage","foi_fairiscoreVersions":{"v1":1,"v2":1},"foi_fileName":"05%20Beantwoording%20vragen%20begroting.pdf","foi_nrPages":35},{"dc_format":"application/pdf","dc_identifier":"nl.gm1954.2c.2019.2828400-5.doc.10","dc_source":"https://api1.ibabs.eu/publicdownload.aspx?site=Beekdaelen&id=a81616b0-a766-4610-a7a4-5c8db6264cfe","dc_title":"11 Bijlage 1 bij beantwoording vragen begroting - kaart A76 (Vernieuwingsgroep)","dc_type":"bijlage","foi_fairiscoreVersions":{"v1":5,"v2":5},"foi_fileName":"05%20Bijlage%201%20bij%20beantwoording%20vragen%20begroting%20-%20kaart%20A76%20%28vernieuwingsgroep%29.pdf","foi_nrPages":1},{"dc_format":"application/pdf","dc_identifier":"nl.gm1954.2c.2019.2828400-5.doc.11","dc_source":"https://api1.ibabs.eu/publicdownload.aspx?site=Beekdaelen&id=c37b753f-9075-40bc-a216-cbe6f8337c95","dc_title":"11 Bijlage 2 bij beantwoording vragen begroting - woonlasten bedrijven gemeente Beekdaelen","dc_type":"bijlage","foi_fairiscoreVersions":{"v1":1,"v2":1},"foi_fileName":"05%20Bijlage%202%20bij%20beantwoording%20vragen%20begroting%20-%20woonlasten%20bedrijven%20gemeente%20Beekdaelen.pdf","foi_nrPages":1},{"dc_format":"application/pdf","dc_identifier":"nl.gm1954.2c.2019.2828400-5.doc.12","dc_source":"https://api1.ibabs.eu/publicdownload.aspx?site=Beekdaelen&id=f1f34f65-7cd6-4327-a644-500f5a222acf","dc_title":"11 Bijlage 3 bij beantwoording vragen begroting - Saldo per taakveld (VVD)","dc_type":"bijlage","foi_fairiscoreVersions":{"v1":1,"v2":1},"foi_fileName":"05%20Bijlage%203%20bij%20beantwoording%20vragen%20begroting%20-%20Saldo%20per%20taakveld%20%28VVD%29.pdf","foi_nrPages":1},{"dc_format":"application/pdf","dc_identifier":"nl.gm1954.2c.2019.2828400-5.doc.13","dc_source":"https://api1.ibabs.eu/publicdownload.aspx?site=Beekdaelen&id=024a1346-af4c-41bf-ab49-576f389a46b3","dc_title":"11 Bijlage 4 bij beantwoording vragen begroting - griffiebegroting","dc_type":"bijlage","foi_fairiscoreVersions":{"v1":1,"v2":1},"foi_fileName":"05%20Bijlage%204%20bij%20beantwoording%20vragen%20begroting%20-%20griffiebegroting.pdf","foi_nrPages":1},{"dc_format":"application/pdf","dc_identifier":"nl.gm1954.2c.2019.2828400-5.doc.6","dc_source":"https://api1.ibabs.eu/publicdownload.aspx?site=Beekdaelen&id=7ca58cf0-986f-436f-9e16-fd0a4252359c","dc_title":"11 Document ONS Beekdaelen maken we samen vastgesteld juli 2018","dc_type":"bijlage","foi_fairiscoreVersions":{"v1":2,"v2":1},"foi_fileName":"05%20Document%20ONS%20Beekdaelen%20maken%20we%20samen%20vastgesteld%20juli%202018.pdf","foi_nrPages":49},{"dc_format":"application/pdf","dc_identifier":"nl.gm1954.2c.2019.2828400-5.doc.7","dc_source":"https://api1.ibabs.eu/publicdownload.aspx?site=Beekdaelen&id=5ee561be-7a00-44af-8f7b-720b02dcced6","dc_title":"11 Ontwikkelagenda Beekdaelen 23 mei 2017","dc_type":"bijlage","foi_fairiscoreVersions":{"v1":2,"v2":2},"foi_fileName":"05%20Ontwikkelagenda%20Beekdaelen%2023%20mei%202017.pdf","foi_nrPages":24},{"dc_format":"application/pdf","dc_identifier":"nl.gm1954.2c.2019.2828400-5.doc.1","dc_source":"https://api1.ibabs.eu/publicdownload.aspx?site=Beekdaelen&id=1068b813-17c7-4311-b2bf-5b675d6523c4","dc_title":"11 Programmabegroting 2019 gemeente Beekdaelen","dc_type":"bijlage","foi_fairiscoreVersions":{"v1":2,"v2":1},"foi_fileName":"05%20Programmabegroting%202019%20gemeente%20Beekdaelen.pdf","foi_nrPages":127},{"dc_format":"application/pdf","dc_identifier":"nl.gm1954.2c.2019.2828400-5.doc.8","dc_source":"https://api1.ibabs.eu/publicdownload.aspx?site=Beekdaelen&id=dfd18bf4-8b1c-44f0-9847-797cb91a7298","dc_title":"11 Projectbundel bij ontwikkelagenda Beekdaelen 23 mei 2017","dc_type":"bijlage","foi_fairiscoreVersions":{"v1":2,"v2":2},"foi_fileName":"05%20Projectbundel%20bij%20ontwikkelagenda%20Beekdaelen%2023%20mei%202017.pdf","foi_nrPages":14},{"dc_format":"application/pdf","dc_identifier":"nl.gm1954.2c.2019.2828400-5.doc.5","dc_source":"https://api1.ibabs.eu/publicdownload.aspx?site=Beekdaelen&id=47c1cba5-62d8-46bd-b4b0-be5729b43f6b","dc_title":"11 Raadsbreed programma vastgesteld 8 januari 2019","dc_type":"bijlage","foi_fairiscoreVersions":{"v1":1,"v2":1},"foi_fileName":"05%20Raadsbreed%20programma%20vastgesteld%208%20januari%202019.pdf","foi_nrPages":17},{"dc_format":"application/pdf","dc_identifier":"nl.gm1954.2c.2019.2828400-5.doc.2","dc_source":"https://api1.ibabs.eu/publicdownload.aspx?site=Beekdaelen&id=da5142fb-748b-4669-aa60-e64fcf0c8d99","dc_title":"11 Uitgangspuntennotitie begroting 2019 Beekdaelen vastgesteld november 2018","dc_type":"bijlage","foi_fairiscoreVersions":{"v1":2,"v2":1},"foi_fileName":"05%20Uitgangspuntennotitie%20begroting%202019%20Beekdaelen%20vastgesteld%20november%202018.pdf","foi_nrPages":8},{"dc_format":"application/pdf","dc_identifier":"nl.gm1954.2c.2019.2828400-5.doc.3","dc_source":"https://api1.ibabs.eu/publicdownload.aspx?site=Beekdaelen&id=fee9f25d-2d08-463f-9951-37c41e816925","dc_title":"11 Uitgangspuntennotitie bijlage 1 indicatieve meerjarenraming gemeente Beekdaelen","dc_type":"bijlage","foi_fairiscoreVersions":{"v1":1,"v2":1},"foi_fileName":"05%20Uitgangspuntennotitie%20bijlage%201%20indicatieve%20meerjarenraming%20gemeente%20Beekdaelen.pdf","foi_nrPages":1},{"dc_format":"application/pdf","dc_identifier":"nl.gm1954.2c.2019.2828400-5.doc.4","dc_source":"https://api1.ibabs.eu/publicdownload.aspx?site=Beekdaelen&id=68e5fc8a-24e0-4389-8adb-da8c4d25acf9","dc_title":"11 Uitgangspuntennotitie toelichting bijlage 1 indicatieve meerjarenraming gemeente Beekdaelen","dc_type":"bijlage","foi_fairiscoreVersions":{"v1":1,"v2":1},"foi_fileName":"05%20Uitgangspuntennotitie%20toelichting%20bijlage%201%20indicatieve%20meerjarenraming%20gemeente%20Beekdaelen.pdf","foi_nrPages":3}],"foi_nrDocuments":13,"foi_nrPagesInDossier":282,"foi_publishedDate":"2019-03-14","foi_retrievedDate":"2026-03-01"},{"dc_creator":"HandelingScraper_v1","dc_date_year":2019,"dc_description":"Vergadering van de Gemeente Beekdaelen op 2019-03-14. Onderdeel: Voorstel inzake bijgestelde begroting 2019 Vixia.","dc_identifier":"nl.gm1954.2c.2019.2828400-6","dc_publisher":"gm1954","dc_source":"https://beekdaelen.bestuurlijkeinformatie.nl/Agenda/Index/bcf3c9d9-2350-4944-92a0-2ffebfc68b36","dc_title":"Raadscommissie (2019 t/m januari 2020) 2019-03-14 - Voorstel inzake bijgestelde begroting 2019 Vixia","dc_type":"2c","dc_type_description":"Vergaderstuk decentrale overheid","foi_fairiscoreVersions":{"v1":3,"v2":3},"foi_files":[{"dc_format":"application/pdf","dc_identifier":"nl.gm1954.2c.2019.2828400-6.doc.1","dc_source":"https://api1.ibabs.eu/publicdownload.aspx?site=Beekdaelen&id=a8aeea12-a5af-4792-86bd-c542caa9c86a","dc_title":"06 Raadsvoorstel bijgestelde begroting 2019 Vixia (met juiste vermelding ondertekening college)","dc_type":"bijlage","foi_fairiscoreVersions":{"v1":1,"v2":1},"foi_fileName":"06.%20herzien%20rvs%20ondertekening.pdf","foi_nrPages":4},{"dc_format":"application/pdf","dc_identifier":"nl.gm1954.2c.2019.2828400-6.doc.2","dc_source":"https://api1.ibabs.eu/publicdownload.aspx?site=Beekdaelen&id=1a19168d-1a66-4483-9930-7684d5cb9095","dc_title":"06 Concept Raadsbesluit bijgestelde begroting 2019 Vixia","dc_type":"bijlage","foi_fairiscoreVersions":{"v1":1,"v2":1},"foi_fileName":"06.%20Raadsbesluit%20conceptversie.pdf","foi_nrPages":1},{"dc_format":"application/pdf","dc_identifier":"nl.gm1954.2c.2019.2828400-6.doc.3","dc_source":"https://api1.ibabs.eu/publicdownload.aspx?site=Beekdaelen&id=c2020cbe-5e35-4f45-a8f3-a56846e3dcc7","dc_title":"Bijgestelde begroting 2019 Vixia","dc_type":"bijlage","foi_fairiscoreVersions":{"v1":5,"v2":5},"foi_fileName":"06%20Bijgestelde%20begroting%202019%20Vixia.pdf","foi_nrPages":29}],"foi_nrDocuments":3,"foi_nrPagesInDossier":34,"foi_publishedDate":"2019-03-14","foi_retrievedDate":"2026-02-12"},{"dc_creator":"HandelingScraper_v1","dc_date_year":2019,"dc_description":"Vergadering van de Gemeente Beekdaelen op 2019-03-14. Onderdeel: Toezeggingenlijst.","dc_identifier":"nl.gm1954.2c.2019.2828400-7","dc_publisher":"gm1954","dc_source":"https://beekdaelen.bestuurlijkeinformatie.nl/Agenda/Index/bcf3c9d9-2350-4944-92a0-2ffebfc68b36","dc_title":"Raadscommissie (2019 t/m januari 2020) 2019-03-14 - Toezeggingenlijst","dc_type":"2c","dc_type_description":"Vergaderstuk decentrale overheid","foi_fairiscoreVersions":{"v1":2,"v2":1},"foi_files":[{"dc_format":"application/pdf","dc_identifier":"nl.gm1954.2c.2019.2828400-7.doc.3","dc_source":"https://api1.ibabs.eu/publicdownload.aspx?site=Beekdaelen&id=19bddce5-bef8-4557-8a95-25dc7c38e27d","dc_title":"07 Lijst van toezeggingen Onderbanken","dc_type":"bijlage","foi_fairiscoreVersions":{"v1":1,"v2":1},"foi_fileName":"07%20Lijst%20toezeggingen%20Onderbanken.pdf","foi_nrPages":6},{"dc_format":"application/pdf","dc_identifier":"nl.gm1954.2c.2019.2828400-7.doc.1","dc_source":"https://api1.ibabs.eu/publicdownload.aspx?site=Beekdaelen&id=01e46fe7-d32c-4ece-9fc6-b20ce4292814","dc_title":"07 Lijst van toezeggingen Schinnen overdracht naar Beekdaelen +PFH","dc_type":"bijlage","foi_fairiscoreVersions":{"v1":1,"v2":1},"foi_fileName":"07%20Lijst%20van%20toezeggingen%20Schinnen%20overdracht%20naar%20Beekdaelen%20%2BPFH.pdf","foi_nrPages":8},{"dc_format":"application/pdf","dc_identifier":"nl.gm1954.2c.2019.2828400-7.doc.4","dc_source":"https://api1.ibabs.eu/publicdownload.aspx?site=Beekdaelen&id=47245660-f0d2-4c26-bb9e-d7f4b8a3c457","dc_title":"07 Overzicht moties 2017 en 2018 Gemeente Onderbanken +PFH","dc_type":"bijlage","foi_fairiscoreVersions":{"v1":2,"v2":1},"foi_fileName":"07%20Overzicht%20moties%202017%20en%202018%20Gemeente%20Onderbanken%20%2BPFH.pdf","foi_nrPages":7},{"dc_format":"application/pdf","dc_identifier":"nl.gm1954.2c.2019.2828400-7.doc.2","dc_source":"https://api1.ibabs.eu/publicdownload.aspx?site=Beekdaelen&id=19083298-7264-4553-a7b5-9c0e028d2464","dc_title":"07 Toelichting en advies omtrent lijst van toezeggingen gemeente Nuth 26 oktober 2018 +PFH","dc_type":"bijlage","foi_fairiscoreVersions":{"v1":1,"v2":1},"foi_fileName":"07%20Toelichting%20en%20advies%20omtrent%20lijst%20van%20toezeggingen%20gemeente%20Nuth%2026%20oktober%202018%20%2BPFH.pdf","foi_nrPages":10}],"foi_nrDocuments":4,"foi_nrPagesInDossier":31,"foi_publishedDate":"2019-03-14","foi_retrievedDate":"2025-12-29"},{"dc_creator":"HandelingScraper_v1","dc_date_year":2019,"dc_description":"Vergadering van de Gemeente Beekdaelen op 2019-05-07. Onderdeel: Algemeen.","dc_identifier":"nl.gm1954.2c.2019.2828411-1","dc_publisher":"gm1954","dc_source":"https://beekdaelen.bestuurlijkeinformatie.nl/Agenda/Index/4a642be5-0244-43a2-af3d-9489de78bb8c","dc_title":"Raadscommissie (2019 t/m januari 2020) 2019-05-07 - Algemeen","dc_type":"2c","dc_type_description":"Vergaderstuk decentrale overheid","foi_fairiscoreVersions":{"v1":1,"v2":1},"foi_files":[{"dc_format":"application/pdf","dc_identifier":"nl.gm1954.2c.2019.2828411-1.doc.1","dc_source":"https://api1.ibabs.eu/publicdownload.aspx?site=Beekdaelen&id=4ffe4157-0566-4502-8445-5b10c5672be0","dc_title":"A0 Uitnodiging en voorlopige agenda raadscommissie 07 en 09 mei 2019","dc_type":"bijlage","foi_fairiscoreVersions":{"v1":1,"v2":1},"foi_fileName":"00%20Uitnodiging%20en%20voorlopige%20agenda%20raadscommissie%2007%20en%2009%20mei%202019.pdf","foi_nrPages":5}],"foi_nrDocuments":1,"foi_nrPagesInDossier":5,"foi_publishedDate":"2019-05-07","foi_retrievedDate":"2025-11-29"},{"dc_creator":"HandelingScraper_v1","dc_date_year":2019,"dc_description":"Vergadering van de Gemeente Beekdaelen op 2019-05-07. Onderdeel: Raadsvoorstel inzake vaststellen Verordening Paracommercie gemeente Beekdaelen 2019.","dc_identifier":"nl.gm1954.2c.2019.2828411-10","dc_publisher":"gm1954","dc_source":"https://beekdaelen.bestuurlijkeinformatie.nl/Agenda/Index/4a642be5-0244-43a2-af3d-9489de78bb8c","dc_title":"Raadscommissie (2019 t/m januari 2020) 2019-05-07 - Raadsvoorstel inzake vaststellen Verordening Paracommercie gemeente Beekdaelen 2019","dc_type":"2c","dc_type_description":"Vergaderstuk decentrale overheid","foi_fairiscoreVersions":{"v1":2,"v2":2},"foi_files":[{"dc_format":"application/pdf","dc_identifier":"nl.gm1954.2c.2019.2828411-10.doc.6","dc_source":"https://api1.ibabs.eu/publicdownload.aspx?site=Beekdaelen&id=20356ddd-7838-45c4-b32c-82890250a923","dc_title":"Inspraakreactie paracommercie uitbater Op de Trepkes Hulsberg","dc_type":"bijlage","foi_fairiscoreVersions":{"v1":5,"v2":5},"foi_fileName":"inspraakreactie%20paracommercie.pdf","foi_nrPages":1},{"dc_format":"application/pdf","dc_identifier":"nl.gm1954.2c.2019.2828411-10.doc.4","dc_source":"https://api1.ibabs.eu/publicdownload.aspx?site=Beekdaelen&id=17255345-a03b-40d8-acbd-87badd40ca8f","dc_title":"Reactie KHN Bons op PC verordening Beekdaelen (09-04-2019)","dc_type":"bijlage","foi_fairiscoreVersions":{"v1":1,"v2":1},"foi_fileName":"Reactie%20KHN%20Bons%20op%20PC%20verordening%20Beekdaelen_.pdf","foi_nrPages":2},{"dc_format":"application/pdf","dc_identifier":"nl.gm1954.2c.2019.2828411-10.doc.5","dc_source":"https://api1.ibabs.eu/publicdownload.aspx?site=Beekdaelen&id=d634a4d9-4828-4df7-bc18-e81eac461787","dc_title":"Inspraakreactie KHN Bons op PC verordening Beekdaelen  (06-05-2019)","dc_type":"bijlage","foi_fairiscoreVersions":{"v1":1,"v2":1},"foi_fileName":"Reactie%20KHN%20Bons%20op%20PC%20verordening%20Beekdaelen%20mei%202019.pdf","foi_nrPages":2},{"dc_format":"application/pdf","dc_identifier":"nl.gm1954.2c.2019.2828411-10.doc.3","dc_source":"https://api1.ibabs.eu/publicdownload.aspx?site=Beekdaelen&id=50debc7e-a6f7-46a6-9fe8-40bb28c7d8a1","dc_title":"Verordening Paracommercie  2019","dc_type":"bijlage","foi_fairiscoreVersions":{"v1":1,"v2":1},"foi_fileName":"Verordening%20Paracommercie%20%202019.pdf","foi_nrPages":3},{"dc_format":"application/pdf","dc_identifier":"nl.gm1954.2c.2019.2828411-10.doc.2","dc_source":"https://api1.ibabs.eu/publicdownload.aspx?site=Beekdaelen&id=2e31bed0-5cc8-4553-8073-c769bec303fb","dc_title":"Concept Raadsbesluit verordening paracommercie 2019","dc_type":"bijlage","foi_fairiscoreVersions":{"v1":1,"v2":1},"foi_fileName":"verordening%20paracommercie%202019.rb.pdf","foi_nrPages":1},{"dc_format":"application/pdf","dc_identifier":"nl.gm1954.2c.2019.2828411-10.doc.1","dc_source":"https://api1.ibabs.eu/publicdownload.aspx?site=Beekdaelen&id=a5cd6735-7a27-49b7-bc0e-869f82edc7f3","dc_title":"Raadsvoorstel verordening paracommercie 2019","dc_type":"bijlage","foi_fairiscoreVersions":{"v1":1,"v2":1},"foi_fileName":"verordening%20paracommercie%202019.rv.pdf","foi_nrPages":2},{"dc_format":"application/pdf","dc_identifier":"nl.gm1954.2c.2019.2828411-10.doc.7","dc_source":"https://api1.ibabs.eu/publicdownload.aspx?site=Beekdaelen&id=f127fe04-674b-4ff8-8af9-dab6c591e012","dc_title":"Vragen fracties incl. antwoorden mbt Paracommercie","dc_type":"bijlage","foi_fairiscoreVersions":{"v1":1,"v2":1},"foi_fileName":"Vragen%20fracties%20incl.%20antwoorden%20mbt%20Paracommercie.pdf","foi_nrPages":2}],"foi_nrDocuments":7,"foi_nrPagesInDossier":13,"foi_publishedDate":"2019-05-07","foi_retrievedDate":"2025-12-01"},{"dc_creator":"HandelingScraper_v1","dc_date_year":2019,"dc_description":"Vergadering van de Gemeente Beekdaelen op 2019-05-07. Onderdeel: Opening, mededelingen voorzitter en vaststellen agenda.","dc_identifier":"nl.gm1954.2c.2019.2828411-2","dc_publisher":"gm1954","dc_source":"https://beekdaelen.bestuurlijkeinformatie.nl/Agenda/Index/4a642be5-0244-43a2-af3d-9489de78bb8c","dc_title":"Raadscommissie (2019 t/m januari 2020) 2019-05-07 - Opening, mededelingen voorzitter en vaststellen agenda","dc_type":"2c","dc_type_description":"Vergaderstuk decentrale overheid","foi_fairiscoreVersions":{"v1":1,"v2":1},"foi_files":[{"dc_format":"application/pdf","dc_identifier":"nl.gm1954.2c.2019.2828411-2.doc.1","dc_source":"https://api1.ibabs.eu/publicdownload.aspx?site=Beekdaelen&id=34a55688-e4b1-4024-931c-9bfeb8fbd099","dc_title":"A.1 Vastgestelde agenda raadscommissie 07 mei 2019","dc_type":"bijlage","foi_fairiscoreVersions":{"v1":1,"v2":1},"foi_fileName":"A.1%20Vastgestelde%20agenda%20raadscommissie%2007%20mei%202019.pdf","foi_nrPages":5}],"foi_nrDocuments":1,"foi_nrPagesInDossier":5,"foi_publishedDate":"2019-05-07","foi_retrievedDate":"2025-11-29"},{"dc_creator":"HandelingScraper_v1","dc_date_year":2019,"dc_description":"Vergadering van de Gemeente Beekdaelen op 2019-05-07. Onderdeel: Presentatie \u00c9\u00e9n JGZ door de GGD en beantwoording vragen raads- en cieleden.","dc_identifier":"nl.gm1954.2c.2019.2828411-3","dc_publisher":"gm1954","dc_source":"https://beekdaelen.bestuurlijkeinformatie.nl/Agenda/Index/4a642be5-0244-43a2-af3d-9489de78bb8c","dc_title":"Raadscommissie (2019 t/m januari 2020) 2019-05-07 - Presentatie \u00c9\u00e9n JGZ door de GGD en beantwoording vragen raads- en cieleden","dc_type":"2c","dc_type_description":"Vergaderstuk decentrale overheid","foi_fairiscoreVersions":{"v1":2,"v2":2},"foi_files":[{"dc_format":"application/pdf","dc_identifier":"nl.gm1954.2c.2019.2828411-3.doc.1","dc_source":"https://api1.ibabs.eu/publicdownload.aspx?site=Beekdaelen&id=26a3e027-c805-4e06-8e11-97538d7758e7","dc_title":"E\u00e9n JGZ in Zuid-Limburg","dc_type":"bijlage","foi_fairiscoreVersions":{"v1":1,"v2":1},"foi_fileName":"E%C3%A9n%20JGZ%20in%20Zuid-Limburg.pdf","foi_nrPages":3},{"dc_format":"application/pdf","dc_identifier":"nl.gm1954.2c.2019.2828411-3.doc.2","dc_source":"https://api1.ibabs.eu/publicdownload.aspx?site=Beekdaelen&id=46938bf1-e2a1-4201-bfc4-b34290653db0","dc_title":"Presentatie raadsbijeenkomst_nieuwe variant zonder tekst v1","dc_type":"bijlage","foi_fairiscoreVersions":{"v1":2,"v2":3},"foi_fileName":"presentatie%20raadsbijeenkomst_nieuwe%20variant%20zonder%20tekst_v1.pdf","foi_nrPages":14}],"foi_nrDocuments":2,"foi_nrPagesInDossier":17,"foi_publishedDate":"2019-05-07","foi_retrievedDate":"2025-12-02"},{"dc_creator":"HandelingScraper_v1","dc_date_year":2019,"dc_description":"Vergadering van de Gemeente Beekdaelen op 2019-05-07. Onderdeel: Brief m.b.t. bomenkap in Oirsbeek (op verzoek van de heer Pieper).","dc_identifier":"nl.gm1954.2c.2019.2828411-4","dc_publisher":"gm1954","dc_source":"https://beekdaelen.bestuurlijkeinformatie.nl/Agenda/Index/4a642be5-0244-43a2-af3d-9489de78bb8c","dc_title":"Raadscommissie (2019 t/m januari 2020) 2019-05-07 - Brief m.b.t. bomenkap in Oirsbeek (op verzoek van de heer Pieper)","dc_type":"2c","dc_type_description":"Vergaderstuk decentrale overheid","foi_fairiscoreVersions":{"v1":1,"v2":1},"foi_files":[{"dc_format":"application/pdf","dc_identifier":"nl.gm1954.2c.2019.2828411-4.doc.1","dc_source":"https://api1.ibabs.eu/publicdownload.aspx?site=Beekdaelen&id=2f4627c9-e71d-4f76-b042-22c16124acec","dc_title":"Vragen CDA incl. antwoorden mbt ALGEMEEN betreffende brief A5","dc_type":"bijlage","foi_fairiscoreVersions":{"v1":1,"v2":1},"foi_fileName":"Vragen%20CDA%20incl.%20antwoorden%20mbt%20ALGEMEEN%20betreffende%20brief%20A5.pdf","foi_nrPages":1}],"foi_nrDocuments":1,"foi_nrPagesInDossier":1,"foi_publishedDate":"2019-05-07","foi_retrievedDate":"2026-01-22"},{"dc_creator":"HandelingScraper_v1","dc_date_year":2019,"dc_description":"Vergadering van de Gemeente Beekdaelen op 2019-05-07. Onderdeel: Fairtrade organisatie (op verzoek van mevrouw Debets).","dc_identifier":"nl.gm1954.2c.2019.2828411-5","dc_publisher":"gm1954","dc_source":"https://beekdaelen.bestuurlijkeinformatie.nl/Agenda/Index/4a642be5-0244-43a2-af3d-9489de78bb8c","dc_title":"Raadscommissie (2019 t/m januari 2020) 2019-05-07 - Fairtrade organisatie (op verzoek van mevrouw Debets)","dc_type":"2c","dc_type_description":"Vergaderstuk decentrale overheid","foi_fairiscoreVersions":{"v1":null,"v2":null},"foi_files":[{"dc_format":"application/pdf","dc_identifier":"nl.gm1954.2c.2019.2828411-5.doc.1","dc_source":"https://api1.ibabs.eu/publicdownload.aspx?site=Beekdaelen&id=32536daa-610b-47ae-94df-4ed3d3ff11c9","dc_title":"Fairtrade Beekdaelen Fractievoorzitters","dc_type":"bijlage","foi_fileName":"Fairtrade%20Beekdaelen_Fractievoorzitters.pdf"}],"foi_nrDocuments":1,"foi_nrPagesInDossier":0,"foi_publishedDate":"2019-05-07","foi_retrievedDate":"2025-11-30"},{"dc_creator":"HandelingScraper_v1","dc_date_year":2019,"dc_description":"Vergadering van de Gemeente Beekdaelen op 2019-05-07. Onderdeel: Raadsvoorstel inzake afgeven positieve zienswijze mbt jaardocument 2018 Veiligheidsregio Zuid-Limburg en jaardocument 2018 Meld- en Co\u00f6rdinatie Centrum.","dc_identifier":"nl.gm1954.2c.2019.2828411-8","dc_publisher":"gm1954","dc_source":"https://beekdaelen.bestuurlijkeinformatie.nl/Agenda/Index/4a642be5-0244-43a2-af3d-9489de78bb8c","dc_title":"Raadscommissie (2019 t/m januari 2020) 2019-05-07 - Raadsvoorstel inzake afgeven positieve zienswijze mbt jaardocument 2018 Veiligheidsregio Zuid-Limburg en jaardocument 2018 Meld- en Co\u00f6rdinatie Centrum","dc_type":"2c","dc_type_description":"Vergaderstuk decentrale overheid","foi_fairiscoreVersions":{"v1":2,"v2":2},"foi_files":[{"dc_format":"application/pdf","dc_identifier":"nl.gm1954.2c.2019.2828411-8.doc.6","dc_source":"https://api1.ibabs.eu/publicdownload.aspx?site=Beekdaelen&id=f5be4f3c-8d4e-4f84-a24c-2cf899de5476","dc_title":"Overzicht fin. ontwikkelingen GR's irt MJR 2019-2022 Beekdaelen","dc_type":"bijlage","foi_fairiscoreVersions":{"v1":1,"v2":1},"foi_fileName":"Ontwikkelingen%20GR%27s%20Beekdaelen.pdf","foi_nrPages":3},{"dc_format":"application/pdf","dc_identifier":"nl.gm1954.2c.2019.2828411-8.doc.2","dc_source":"https://api1.ibabs.eu/publicdownload.aspx?site=Beekdaelen&id=aa7654ac-6485-4c44-9788-312b2483d83a","dc_title":"Gewijzigd raadsbesluit jaarrekening 2018 Veiligheidsregio (raadsdatum aangepast)","dc_type":"bijlage","foi_fairiscoreVersions":{"v1":1,"v2":1},"foi_fileName":"Veiligheidsregio%20gewijzigd%20raadsbesluit%20192742_1.pdf","foi_nrPages":1},{"dc_format":"application/pdf","dc_identifier":"nl.gm1954.2c.2019.2828411-8.doc.1","dc_source":"https://api1.ibabs.eu/publicdownload.aspx?site=Beekdaelen&id=4202223f-17b2-44f4-8902-bd572d87e7ab","dc_title":"Raadsvoorstel jaarrekening Veiligheidsregio ZL","dc_type":"bijlage","foi_fairiscoreVersions":{"v1":1,"v2":1},"foi_fileName":"Veiligheidsregio%20jaarrekening%20def%20raadsv.pdf","foi_nrPages":3},{"dc_format":"application/pdf","dc_identifier":"nl.gm1954.2c.2019.2828411-8.doc.7","dc_source":"https://api1.ibabs.eu/publicdownload.aspx?site=Beekdaelen&id=8655ca34-281e-40c9-9e3e-f2426d34b02c","dc_title":"Vragen fracties incl. antwoorden mbt VRZL","dc_type":"bijlage","foi_fairiscoreVersions":{"v1":1,"v2":1},"foi_fileName":"Vragen%20fracties%20incl.%20antwoorden%20mbt%20VRZL.pdf","foi_nrPages":5},{"dc_format":"application/pdf","dc_identifier":"nl.gm1954.2c.2019.2828411-8.doc.4","dc_source":"https://api1.ibabs.eu/publicdownload.aspx?site=Beekdaelen&id=8e26ee6c-3f7d-49f8-b2d3-eeb671b9cec0","dc_title":"Jaarstukken 2018 Veiligheidsregio def","dc_type":"bijlage","foi_fairiscoreVersions":{"v1":2,"v2":1},"foi_fileName":"VRZL-Jaarstukken%202018%20DEF.pdf","foi_nrPages":48},{"dc_format":"application/pdf","dc_identifier":"nl.gm1954.2c.2019.2828411-8.doc.5","dc_source":"https://api1.ibabs.eu/publicdownload.aspx?site=Beekdaelen&id=37418277-4ef6-4c6a-a252-af2b230132f6","dc_title":"Controleverklaring EY jaarstukken 2018 Veiligheidsregio","dc_type":"bijlage","foi_fairiscoreVersions":{"v1":5,"v2":5},"foi_fileName":"VRZL%20Controleverklaring%20EY%20jaarstukken%202018.pdf","foi_nrPages":4},{"dc_format":"application/pdf","dc_identifier":"nl.gm1954.2c.2019.2828411-8.doc.3","dc_source":"https://api1.ibabs.eu/publicdownload.aspx?site=Beekdaelen&id=66b674ed-2233-461f-b5dd-23b4856d5aad","dc_title":"Jaardocument MCC 2018 (def 05022019)","dc_type":"bijlage","foi_fairiscoreVersions":{"v1":1,"v2":1},"foi_fileName":"VRZL%20Jaardocument%20MCC%202018%20%28def%2005022019%29.pdf","foi_nrPages":13}],"foi_nrDocuments":7,"foi_nrPagesInDossier":77,"foi_publishedDate":"2019-05-07","foi_retrievedDate":"2025-12-01"},{"dc_creator":"HandelingScraper_v1","dc_date_year":2019,"dc_description":"Vergadering van de Gemeente Beekdaelen op 2019-05-09. Onderdeel: Raadsvoorstel inzake een positieve zienswijze afgeven ten aanzien van de 1e begrotingswijziging 2019 GR WOZL.","dc_identifier":"nl.gm1954.2c.2019.2828532-10","dc_publisher":"gm1954","dc_source":"https://beekdaelen.bestuurlijkeinformatie.nl/Agenda/Index/a381140f-3cdf-46f6-8527-9e1ce56efde0","dc_title":"Raadscommissie (2019 t/m januari 2020) 2019-05-09 - Raadsvoorstel inzake een positieve zienswijze afgeven ten aanzien van de 1e begrotingswijziging 2019 GR WOZL","dc_type":"2c","dc_type_description":"Vergaderstuk decentrale overheid","foi_fairiscoreVersions":{"v1":null,"v2":null},"foi_files":[{"dc_format":"application/pdf","dc_identifier":"nl.gm1954.2c.2019.2828532-10.doc.4","dc_source":"https://api1.ibabs.eu/publicdownload.aspx?site=Beekdaelen&id=eb05625a-d329-4a10-af6e-38c1d294442f","dc_title":"MvA vragen CDA en Beekdaelen Lokaal mbt cie 25-06-2019 inzake Jaarstukken 2018 en Begroting 2020 WOZL","dc_type":"bijlage","foi_fileName":"MvA%20vragen%20CDA%20en%20Beekdaelen%20Lokaal%20mbt%20cie%2025-06-2019%20inzake%20Jaarstukken%202018%20en%20Begroting%202020%20WOZL.pdf"},{"dc_format":"application/pdf","dc_identifier":"nl.gm1954.2c.2019.2828532-10.doc.3","dc_source":"https://api1.ibabs.eu/publicdownload.aspx?site=Beekdaelen&id=4641102c-3f17-417e-b9c0-73f4ba8fc64a","dc_title":"Ontwikkelingen GR's Beekdaelen","dc_type":"bijlage","foi_fileName":"Ontwikkelingen%20GR%27s%20Beekdaelen.pdf"},{"dc_format":"application/pdf","dc_identifier":"nl.gm1954.2c.2019.2828532-10.doc.2","dc_source":"https://api1.ibabs.eu/publicdownload.aspx?site=Beekdaelen&id=dc1a0c9a-97b7-455f-a217-2cda78dbd0d3","dc_title":"Bijlage 1e Begrotingswijziging 2019 WOZL","dc_type":"bijlage","foi_fileName":"WOZL%20raad%2021%20mei%20bijlage%20Begr.wijziging.pdf"},{"dc_format":"application/pdf","dc_identifier":"nl.gm1954.2c.2019.2828532-10.doc.1","dc_source":"https://api1.ibabs.eu/publicdownload.aspx?site=Beekdaelen&id=12718923-9a41-44f9-a2fa-a41a4b9cce5f","dc_title":"Concept raadsbesluit 1e begr.wijziging WOZL","dc_type":"bijlage","foi_fileName":"WOZL%20raad%2021%20mei%20raadsbesluit.pdf"}],"foi_nrDocuments":4,"foi_nrPagesInDossier":0,"foi_publishedDate":"2019-05-09","foi_retrievedDate":"2025-11-30"},{"dc_creator":"HandelingScraper_v1","dc_date_year":2019,"dc_description":"Vergadering van de Gemeente Beekdaelen op 2019-05-09. Onderdeel: Raadsvoorstel inzake een positieve zienswijze afgeven ten aanzien van de 1e begrotingswijziging 2019 GR WSP.","dc_identifier":"nl.gm1954.2c.2019.2828532-11","dc_publisher":"gm1954","dc_source":"https://beekdaelen.bestuurlijkeinformatie.nl/Agenda/Index/a381140f-3cdf-46f6-8527-9e1ce56efde0","dc_title":"Raadscommissie (2019 t/m januari 2020) 2019-05-09 - Raadsvoorstel inzake een positieve zienswijze afgeven ten aanzien van de 1e begrotingswijziging 2019 GR WSP","dc_type":"2c","dc_type_description":"Vergaderstuk decentrale overheid","foi_fairiscoreVersions":{"v1":2,"v2":2},"foi_files":[{"dc_format":"application/pdf","dc_identifier":"nl.gm1954.2c.2019.2828532-11.doc.4","dc_source":"https://api1.ibabs.eu/publicdownload.aspx?site=Beekdaelen&id=f5185d6c-fcd7-4996-8e09-d4d346b3400e","dc_title":"MvA vragen CDA mbt cie 25-06-2019 inzake Jaarstukken 2018 en Begroting 2020 WSP","dc_type":"bijlage","foi_fairiscoreVersions":{"v1":1,"v2":1},"foi_fileName":"MvA%20vragen%20CDA%20mbt%20cie%2025-06-2019%20inzake%20Jaarstukken%202018%20en%20Begroting%202020%20WSP.pdf","foi_nrPages":1},{"dc_format":"application/pdf","dc_identifier":"nl.gm1954.2c.2019.2828532-11.doc.3","dc_source":"https://api1.ibabs.eu/publicdownload.aspx?site=Beekdaelen&id=b4532494-f00a-4acb-a367-ce7a0ba8ca68","dc_title":"Ontwikkelingen GR's Beekdaelen","dc_type":"bijlage","foi_fairiscoreVersions":{"v1":1,"v2":1},"foi_fileName":"Ontwikkelingen%20GR%27s%20Beekdaelen.pdf","foi_nrPages":3},{"dc_format":"application/pdf","dc_identifier":"nl.gm1954.2c.2019.2828532-11.doc.2","dc_source":"https://api1.ibabs.eu/publicdownload.aspx?site=Beekdaelen&id=a3ca087a-d576-4639-bd89-9f0f3532c498","dc_title":"WSP 21 mei Bijlage begrotingswijziging","dc_type":"bijlage","foi_fairiscoreVersions":{"v1":5,"v2":5},"foi_fileName":"WSP%2021%20mei%20Bijlage%20begrotingswijziging.pdf","foi_nrPages":26},{"dc_format":"application/pdf","dc_identifier":"nl.gm1954.2c.2019.2828532-11.doc.1","dc_source":"https://api1.ibabs.eu/publicdownload.aspx?site=Beekdaelen&id=8413ca18-90c3-4984-9ccb-2379775a0281","dc_title":"WSP 21 mei raadsbesluit - foute versie","dc_type":"bijlage","foi_fairiscoreVersions":{"v1":1,"v2":1},"foi_fileName":"WSP%2021%20mei%20raadsbesluit.pdf","foi_nrPages":1}],"foi_nrDocuments":4,"foi_nrPagesInDossier":31,"foi_publishedDate":"2019-05-09","foi_retrievedDate":"2026-04-10"},{"dc_creator":"HandelingScraper_v1","dc_date_year":2019,"dc_description":"Vergadering van de Gemeente Beekdaelen op 2019-05-09. Onderdeel: Raadsvoorstel inzake vaststellen van de beleidsregel \"Regionaal Afwegingskader Grootschalige Duurzame Energieopwekking\".","dc_identifier":"nl.gm1954.2c.2019.2828532-12","dc_publisher":"gm1954","dc_source":"https://beekdaelen.bestuurlijkeinformatie.nl/Agenda/Index/a381140f-3cdf-46f6-8527-9e1ce56efde0","dc_title":"Raadscommissie (2019 t/m januari 2020) 2019-05-09 - Raadsvoorstel inzake vaststellen van de beleidsregel \"Regionaal Afwegingskader Grootschalige Duurzame Energieopwekking\"","dc_type":"2c","dc_type_description":"Vergaderstuk decentrale overheid","foi_fairiscoreVersions":{"v1":2,"v2":2},"foi_files":[{"dc_format":"application/pdf","dc_identifier":"nl.gm1954.2c.2019.2828532-12.doc.3","dc_source":"https://api1.ibabs.eu/publicdownload.aspx?site=Beekdaelen&id=abb3721f-6a49-41bc-ab0a-0d435668d737","dc_title":"Beleidsregel PALET Regionaal Afwegingskader","dc_type":"bijlage","foi_fairiscoreVersions":{"v1":2,"v2":2},"foi_fileName":"Beleidsregel%20PALET%20Regionaal%20Afwegingskader.pdf","foi_nrPages":14},{"dc_format":"application/pdf","dc_identifier":"nl.gm1954.2c.2019.2828532-12.doc.4","dc_source":"https://api1.ibabs.eu/publicdownload.aspx?site=Beekdaelen&id=7f192b63-c820-4fa0-a60f-4bf132f22bfa","dc_title":"Bijlage - Regionale Inspraaknota PALET Regionaal Afwegingskader","dc_type":"bijlage","foi_fairiscoreVersions":{"v1":1,"v2":1},"foi_fileName":"Bijlage%20-%20Regionale%20Inspraaknota%20PALET%20Regionaal%20Afwegingskader.pdf","foi_nrPages":2},{"dc_format":"application/pdf","dc_identifier":"nl.gm1954.2c.2019.2828532-12.doc.5","dc_source":"https://api1.ibabs.eu/publicdownload.aspx?site=Beekdaelen&id=42a8e700-2b04-4613-b4b0-863e1f121820","dc_title":"Flyer PALET Regionaal Afwegingskader","dc_type":"bijlage","foi_fairiscoreVersions":{"v1":1,"v2":1},"foi_fileName":"Flyer%20PALET%20Regionaal%20Afwegingskader%20%28bijlage%203%29.pdf","foi_nrPages":2},{"dc_format":"application/pdf","dc_identifier":"nl.gm1954.2c.2019.2828532-12.doc.2","dc_source":"https://api1.ibabs.eu/publicdownload.aspx?site=Beekdaelen&id=2f1b9108-e2f1-4344-8b49-0d0a763745d3","dc_title":"Raadsbesluit Regionaal Afwegingskader Grootschalige Duurzame Energieopwekking","dc_type":"bijlage","foi_fairiscoreVersions":{"v1":1,"v2":1},"foi_fileName":"Raadsbesluit%20Regionaal%20Afwegingskader%20Grootschalige%20Duurzame%20Energieopwekking.pdf","foi_nrPages":1},{"dc_format":"application/pdf","dc_identifier":"nl.gm1954.2c.2019.2828532-12.doc.1","dc_source":"https://api1.ibabs.eu/publicdownload.aspx?site=Beekdaelen&id=cc8c47a7-41a9-41da-afe6-3ddae8f1f927","dc_title":"Raadsvoorstel - oude versie","dc_type":"bijlage","foi_fairiscoreVersions":{"v1":1,"v2":1},"foi_fileName":"Raadsvoorstel.pdf","foi_nrPages":3},{"dc_format":"application/pdf","dc_identifier":"nl.gm1954.2c.2019.2828532-12.doc.6","dc_source":"https://api1.ibabs.eu/publicdownload.aspx?site=Beekdaelen&id=2f2972a0-73a3-49e9-bf65-3799df0171b6","dc_title":"Vragen fracties incl. antwoorden inzake Regionaal Afwegingskader Grootschalige Duurzame Energieopwekking","dc_type":"bijlage","foi_fairiscoreVersions":{"v1":1,"v2":1},"foi_fileName":"Vragen%20fracties%20incl.%20antwoorden%20inzake%20Regionaal%20Afwegingskader%20Grootschalige%20Duurzame%20Energieopwekking.pdf","foi_nrPages":2}],"foi_nrDocuments":6,"foi_nrPagesInDossier":24,"foi_publishedDate":"2019-05-09","foi_retrievedDate":"2026-03-05"},{"dc_creator":"HandelingScraper_v1","dc_date_year":2019,"dc_description":"Vergadering van de Gemeente Beekdaelen op 2019-05-09. Onderdeel: Heropening.","dc_identifier":"nl.gm1954.2c.2019.2828532-2","dc_publisher":"gm1954","dc_source":"https://beekdaelen.bestuurlijkeinformatie.nl/Agenda/Index/a381140f-3cdf-46f6-8527-9e1ce56efde0","dc_title":"Raadscommissie (2019 t/m januari 2020) 2019-05-09 - Heropening","dc_type":"2c","dc_type_description":"Vergaderstuk decentrale overheid","foi_fairiscoreVersions":{"v1":1,"v2":1},"foi_files":[{"dc_format":"application/pdf","dc_identifier":"nl.gm1954.2c.2019.2828532-2.doc.1","dc_source":"https://api1.ibabs.eu/publicdownload.aspx?site=Beekdaelen&id=4509fc76-9fcf-4eda-be75-540255ae19be","dc_title":"Vastgestelde agenda raadscommissie 9 mei 2019","dc_type":"bijlage","foi_fairiscoreVersions":{"v1":1,"v2":1},"foi_fileName":"A%201%20Vastgestelde%20agenda%20raadscommissie%209%20mei%202019.pdf","foi_nrPages":3}],"foi_nrDocuments":1,"foi_nrPagesInDossier":3,"foi_publishedDate":"2019-05-09","foi_retrievedDate":"2026-03-07"},{"dc_creator":"HandelingScraper_v1","dc_date_year":2019,"dc_description":"Vergadering van de Gemeente Beekdaelen op 2019-05-09. Onderdeel: Vaststellen actiepuntenlijst van de commissie d.d. 14 maart 2019.","dc_identifier":"nl.gm1954.2c.2019.2828532-4","dc_publisher":"gm1954","dc_source":"https://beekdaelen.bestuurlijkeinformatie.nl/Agenda/Index/a381140f-3cdf-46f6-8527-9e1ce56efde0","dc_title":"Raadscommissie (2019 t/m januari 2020) 2019-05-09 - Vaststellen actiepuntenlijst van de commissie d.d. 14 maart 2019","dc_type":"2c","dc_type_description":"Vergaderstuk decentrale overheid","foi_fairiscoreVersions":{"v1":null,"v2":null},"foi_files":[{"dc_format":"application/pdf","dc_identifier":"nl.gm1954.2c.2019.2828532-4.doc.2","dc_source":"https://api1.ibabs.eu/publicdownload.aspx?site=Beekdaelen&id=b01080ae-1a0d-48d2-8877-02e22566ee73","dc_title":"Actiepuntenlijst raadscommissie 14 maart 2019 vastgesteld 09052019","dc_type":"bijlage","foi_fileName":"Actiepuntenlijst%20cie%2020190314%2014%20maart%202019%20vastgesteld%2009052019.pdf"},{"dc_format":"application/pdf","dc_identifier":"nl.gm1954.2c.2019.2828532-4.doc.1","dc_source":"https://api1.ibabs.eu/publicdownload.aspx?site=Beekdaelen&id=22ea95d9-4c1a-4052-835c-8a0f9ee7dbab","dc_title":"Besluiten- en toezeggingenlijst cie 14 maart 2019 (oud)","dc_type":"bijlage","foi_fileName":"besluiten-%20en%20toezeggingenlijst%20cie%2014%20maart%202018.pdf"},{"dc_format":"application/pdf","dc_identifier":"nl.gm1954.2c.2019.2828532-4.doc.3","dc_source":"https://api1.ibabs.eu/publicdownload.aspx?site=Beekdaelen&id=61b39f28-bb48-4959-a707-70bc13e79452","dc_title":"Vragen Vernieuwingsgroep incl. antwoorden mbt A7 actiepuntenlijst ad L en N","dc_type":"bijlage","foi_fileName":"Vragen%20Vernieuwingsgroep%20incl.%20antwoorden%20mbt%20A7%20actiepuntenlijst%20ad%20L%20en%20N.pdf"}],"foi_nrDocuments":3,"foi_nrPagesInDossier":0,"foi_publishedDate":"2019-05-09","foi_retrievedDate":"2025-12-01"},{"dc_creator":"HandelingScraper_v1","dc_date_year":2019,"dc_description":"Vergadering van de Gemeente Beekdaelen op 2019-05-09. Onderdeel: Raadsvoorstel inzake vaststellen gewijzigde Algemene Plaatselijke Verordening (APV) gemeente Beekdaelen en intrekken APV gemeente Beekdaelendd 02012019.","dc_identifier":"nl.gm1954.2c.2019.2828532-5","dc_publisher":"gm1954","dc_source":"https://beekdaelen.bestuurlijkeinformatie.nl/Agenda/Index/a381140f-3cdf-46f6-8527-9e1ce56efde0","dc_title":"Raadscommissie (2019 t/m januari 2020) 2019-05-09 - Raadsvoorstel inzake vaststellen gewijzigde Algemene Plaatselijke Verordening (APV) gemeente Beekdaelen en intrekken APV gemeente Beekdaelendd 02012019","dc_type":"2c","dc_type_description":"Vergaderstuk decentrale overheid","foi_fairiscoreVersions":{"v1":null,"v2":null},"foi_files":[{"dc_format":"application/pdf","dc_identifier":"nl.gm1954.2c.2019.2828532-5.doc.3","dc_source":"https://api1.ibabs.eu/publicdownload.aspx?site=Beekdaelen&id=add929a8-350d-42f8-8657-02bbe234f098","dc_title":"Algemene Plaatselijke Verordening gemeente Beekdaelen 2019","dc_type":"bijlage","foi_fileName":"Algemene%20Plaatselijke%20Verordening%20gemeente%20Beekdaelen%202019.pdf"},{"dc_format":"application/pdf","dc_identifier":"nl.gm1954.2c.2019.2828532-5.doc.1","dc_source":"https://api1.ibabs.eu/publicdownload.aspx?site=Beekdaelen&id=3d12e928-ffe3-4120-9787-f50fc0d47ff9","dc_title":"RV inzake vaststelling APV Beekdaelen 2019 - oude versie","dc_type":"bijlage","foi_fileName":"APV%202019%20raadsvoorstel.pdf"},{"dc_format":"application/pdf","dc_identifier":"nl.gm1954.2c.2019.2828532-5.doc.5","dc_source":"https://api1.ibabs.eu/publicdownload.aspx?site=Beekdaelen&id=b0010448-671f-4523-85a3-c5878775e803","dc_title":"Adviesrapportage Politie Sluitingstijden Horeca Beekdaelen","dc_type":"bijlage","foi_fileName":"APV%20Adviesrapportage%20Politie%20Sluitingstijden%20Horeca%20Beekdaelen.pdf"},{"dc_format":"application/pdf","dc_identifier":"nl.gm1954.2c.2019.2828532-5.doc.4","dc_source":"https://api1.ibabs.eu/publicdownload.aspx?site=Beekdaelen&id=1995817d-667c-4e2d-9ef6-b54511f6aa40","dc_title":"Overzicht wijzigingen APV Beekdaelen 2019","dc_type":"bijlage","foi_fileName":"APV%20overzicht%20wijzigingen%20APV%20Beekdaelen%202019.pdf"},{"dc_format":"application/pdf","dc_identifier":"nl.gm1954.2c.2019.2828532-5.doc.2","dc_source":"https://api1.ibabs.eu/publicdownload.aspx?site=Beekdaelen&id=fd23da16-262f-4d12-af87-a42a6306ab18","dc_title":"RB inzake vaststelling APV Beekdaelen 2019 - oude versie","dc_type":"bijlage","foi_fileName":"APV%20Raadsbesluit%20APV%202019.pdf"},{"dc_format":"application/pdf","dc_identifier":"nl.gm1954.2c.2019.2828532-5.doc.6","dc_source":"https://api1.ibabs.eu/publicdownload.aspx?site=Beekdaelen&id=5016c1d9-77b0-4f12-aba3-9bdf17aea671","dc_title":"Vragen fracties incl. antwoorden inzake wijziging APV","dc_type":"bijlage","foi_fileName":"Vragen%20fracties%20incl.%20antwoorden%20inzake%20wijziging%20APV.pdf"}],"foi_nrDocuments":6,"foi_nrPagesInDossier":0,"foi_publishedDate":"2019-05-09","foi_retrievedDate":"2025-11-30"},{"dc_creator":"HandelingScraper_v1","dc_date_year":2019,"dc_description":"Vergadering van de Gemeente Beekdaelen op 2019-05-09. Onderdeel: Raadsvoorstel inzake wijzigen tijdsbestedingsnorm wethouder Janssen.","dc_identifier":"nl.gm1954.2c.2019.2828532-6","dc_publisher":"gm1954","dc_source":"https://beekdaelen.bestuurlijkeinformatie.nl/Agenda/Index/a381140f-3cdf-46f6-8527-9e1ce56efde0","dc_title":"Raadscommissie (2019 t/m januari 2020) 2019-05-09 - Raadsvoorstel inzake wijzigen tijdsbestedingsnorm wethouder Janssen","dc_type":"2c","dc_type_description":"Vergaderstuk decentrale overheid","foi_fairiscoreVersions":{"v1":1,"v2":1},"foi_files":[{"dc_format":"application/pdf","dc_identifier":"nl.gm1954.2c.2019.2828532-6.doc.1","dc_source":"https://api1.ibabs.eu/publicdownload.aspx?site=Beekdaelen&id=316c1de2-6e1a-4ba8-ac00-604c49aced3d","dc_title":"Raadsvoorstel Wijziging tijdsbestedingsnorm wethouder Janssen","dc_type":"bijlage","foi_fairiscoreVersions":{"v1":1,"v2":1},"foi_fileName":"B%206%20RV%20Wijziging%20tijdsbestedingsnorm%20wethouder%20Janssen.pdf","foi_nrPages":2},{"dc_format":"application/pdf","dc_identifier":"nl.gm1954.2c.2019.2828532-6.doc.2","dc_source":"https://api1.ibabs.eu/publicdownload.aspx?site=Beekdaelen&id=fc4e1e4d-4f6e-4003-8e74-3e63ba9357c4","dc_title":"Concept raadsbesluit wijziging tijdsbestedingsnorm wethouder Janssen - oude versie","dc_type":"bijlage","foi_fairiscoreVersions":{"v1":1,"v2":1},"foi_fileName":"Concept%20raadsbesluit%20wijziging%20tijdsbestedingsnorm%20wethouder%20Janssen.pdf","foi_nrPages":1},{"dc_format":"application/pdf","dc_identifier":"nl.gm1954.2c.2019.2828532-6.doc.3","dc_source":"https://api1.ibabs.eu/publicdownload.aspx?site=Beekdaelen&id=4a679583-87a7-44fc-a67e-fd4030c381b6","dc_title":"Vragen D66 mbt B6 Wijzigen tijdbestedingsnorm weth. Janssen","dc_type":"bijlage","foi_fairiscoreVersions":{"v1":1,"v2":1},"foi_fileName":"Vragen%20D66%20mbt%20B6%20Wijzigen%20tijdbestedingsnorm%20weth.%20Janssen.pdf","foi_nrPages":5}],"foi_nrDocuments":3,"foi_nrPagesInDossier":8,"foi_publishedDate":"2019-05-09","foi_retrievedDate":"2026-03-04"},{"dc_creator":"HandelingScraper_v1","dc_date_year":2019,"dc_description":"Vergadering van de Gemeente Beekdaelen op 2019-05-09. Onderdeel: Raadsvoorstel inzake instemmen met zienswijze om niet in te stemmen met de ontwerpbegroting 2020 en de Meerjarenraming 2021-2023 Stadsregio Parkstad Limburg en dit de Stadsregio berichten aangezien gemeente Beekdaelen nog geen besluit heeft genomen t.a.v. deelname voor het volledige grondgebied aan de gemeenschappelijke regeling Parkstad Limburg.","dc_identifier":"nl.gm1954.2c.2019.2828532-7","dc_publisher":"gm1954","dc_source":"https://beekdaelen.bestuurlijkeinformatie.nl/Agenda/Index/a381140f-3cdf-46f6-8527-9e1ce56efde0","dc_title":"Raadscommissie (2019 t/m januari 2020) 2019-05-09 - Raadsvoorstel inzake instemmen met zienswijze om niet in te stemmen met de ontwerpbegroting 2020 en de Meerjarenraming 2021-2023 Stadsregio Parkstad Limburg en dit de Stadsregio berichten aangezien gemeente Beekdaelen nog geen besluit heeft genomen t.a.v. deelname voor het volledige grondgebied aan de gemeenschappelijke regeling Parkstad Limburg","dc_type":"2c","dc_type_description":"Vergaderstuk decentrale overheid","foi_fairiscoreVersions":{"v1":2,"v2":1},"foi_files":[{"dc_format":"application/pdf","dc_identifier":"nl.gm1954.2c.2019.2828532-7.doc.1","dc_source":"https://api1.ibabs.eu/publicdownload.aspx?site=Beekdaelen&id=370aa34a-b3fb-4aa1-bfe6-8d5a5a1e1993","dc_title":"Parkstad Bijlage 1 Concept ontwerpbegroting PL 2020","dc_type":"bijlage","foi_fairiscoreVersions":{"v1":1,"v2":1},"foi_fileName":"Parkstad%20Bijlage%201%20Concept%20ontwerpbegroting%20PL%202020.pdf","foi_nrPages":33},{"dc_format":"application/pdf","dc_identifier":"nl.gm1954.2c.2019.2828532-7.doc.2","dc_source":"https://api1.ibabs.eu/publicdownload.aspx?site=Beekdaelen&id=a6b4cc99-9114-421b-b971-432d7f6bbec9","dc_title":"Parkstad Bijlage 2 Concept Jaarstukken 2018 - deel I  Jaarverslag 2018","dc_type":"bijlage","foi_fairiscoreVersions":{"v1":2,"v2":1},"foi_fileName":"Parkstad%20Bijlage%202%20Concept%20Jaarstukken%202018%20-deel%20I-%20Jaarverslag%202018.pdf","foi_nrPages":49},{"dc_format":"application/pdf","dc_identifier":"nl.gm1954.2c.2019.2828532-7.doc.3","dc_source":"https://api1.ibabs.eu/publicdownload.aspx?site=Beekdaelen&id=f4624117-19f9-4964-b041-e5236d02bfd8","dc_title":"Parkstad Bijlage 3 Concept Jaarstukken 2018 - deel II Jaarrekening 2018","dc_type":"bijlage","foi_fairiscoreVersions":{"v1":2,"v2":1},"foi_fileName":"Parkstad%20Bijlage%203%20Concept%20Jaarstukken%202018%20-%20deel%20II-%20Jaarrekening%202018.pdf","foi_nrPages":40}],"foi_nrDocuments":3,"foi_nrPagesInDossier":122,"foi_publishedDate":"2019-05-09","foi_retrievedDate":"2026-02-05"},{"dc_creator":"HandelingScraper_v1","dc_date_year":2019,"dc_description":"Vergadering van de Gemeente Beekdaelen op 2019-05-09. Onderdeel: Raadsvoorstel inzake uitspreken zienswijze mbt Begroting 2020 en Meerjarenraming 2021-2023 RUD en kennis te nemen van de jaarstukken 2018 RUD.","dc_identifier":"nl.gm1954.2c.2019.2828532-8","dc_publisher":"gm1954","dc_source":"https://beekdaelen.bestuurlijkeinformatie.nl/Agenda/Index/a381140f-3cdf-46f6-8527-9e1ce56efde0","dc_title":"Raadscommissie (2019 t/m januari 2020) 2019-05-09 - Raadsvoorstel inzake uitspreken zienswijze mbt Begroting 2020 en Meerjarenraming 2021-2023 RUD en kennis te nemen van de jaarstukken 2018 RUD","dc_type":"2c","dc_type_description":"Vergaderstuk decentrale overheid","foi_fairiscoreVersions":{"v1":3,"v2":3},"foi_files":[{"dc_format":"application/pdf","dc_identifier":"nl.gm1954.2c.2019.2828532-8.doc.3","dc_source":"https://api1.ibabs.eu/publicdownload.aspx?site=Beekdaelen&id=6e621734-7c0f-4102-91af-7d25a44a2506","dc_title":"Ontwikkelingen GR's Beekdaelen","dc_type":"bijlage","foi_fairiscoreVersions":{"v1":1,"v2":1},"foi_fileName":"Ontwikkelingen%20GR%27s%20Beekdaelen.pdf","foi_nrPages":3},{"dc_format":"application/pdf","dc_identifier":"nl.gm1954.2c.2019.2828532-8.doc.1","dc_source":"https://api1.ibabs.eu/publicdownload.aspx?site=Beekdaelen&id=6c9d9702-34da-4d04-a1cf-2b897949c50e","dc_title":"RUD begroting 2020","dc_type":"bijlage","foi_fairiscoreVersions":{"v1":5,"v2":5},"foi_fileName":"RUD%20begroting%202020.pdf","foi_nrPages":27},{"dc_format":"application/pdf","dc_identifier":"nl.gm1954.2c.2019.2828532-8.doc.2","dc_source":"https://api1.ibabs.eu/publicdownload.aspx?site=Beekdaelen&id=dd7db3cb-1790-4068-9f1a-9e57e3663770","dc_title":"RUD jaarrekening 2018","dc_type":"bijlage","foi_fairiscoreVersions":{"v1":5,"v2":5},"foi_fileName":"RUD%20jaarrekening%202018.pdf","foi_nrPages":52},{"dc_format":"application/pdf","dc_identifier":"nl.gm1954.2c.2019.2828532-8.doc.4","dc_source":"https://api1.ibabs.eu/publicdownload.aspx?site=Beekdaelen&id=a4de2813-4f96-4835-9359-31459dc6e77c","dc_title":"Vragen fracties incl. antwoorden mbt RUD","dc_type":"bijlage","foi_fairiscoreVersions":{"v1":1,"v2":1},"foi_fileName":"Vragen%20fracties%20incl.%20antwoorden%20mbt%20RUD.pdf","foi_nrPages":2}],"foi_nrDocuments":4,"foi_nrPagesInDossier":84,"foi_publishedDate":"2019-05-09","foi_retrievedDate":"2026-02-06"},{"dc_creator":"HandelingScraper_v1","dc_date_year":2019,"dc_description":"Vergadering van de Gemeente Beekdaelen op 2019-05-09. Onderdeel: Raadsvoorstel inzake kennisnemen van jaarstukken 2018 van het Gegevenshuis, de bijgestelde begroting 2019 en de begroting 2020-2023 en geen zienswijze indienen.","dc_identifier":"nl.gm1954.2c.2019.2828532-9","dc_publisher":"gm1954","dc_source":"https://beekdaelen.bestuurlijkeinformatie.nl/Agenda/Index/a381140f-3cdf-46f6-8527-9e1ce56efde0","dc_title":"Raadscommissie (2019 t/m januari 2020) 2019-05-09 - Raadsvoorstel inzake kennisnemen van jaarstukken 2018 van het Gegevenshuis, de bijgestelde begroting 2019 en de begroting 2020-2023 en geen zienswijze indienen","dc_type":"2c","dc_type_description":"Vergaderstuk decentrale overheid","foi_fairiscoreVersions":{"v1":2,"v2":1},"foi_files":[{"dc_format":"application/pdf","dc_identifier":"nl.gm1954.2c.2019.2828532-9.doc.4","dc_source":"https://api1.ibabs.eu/publicdownload.aspx?site=Beekdaelen&id=81f53f2e-a411-43a8-9d53-557012fa73c0","dc_title":"Gegevenshuis Begroting 2020 - meerjarenraming versie 1.0","dc_type":"bijlage","foi_fairiscoreVersions":{"v1":2,"v2":1},"foi_fileName":"Gegevenshuis%20Begroting%202020%20-%20meerjarenraming%20versie%201.0.pdf","foi_nrPages":36},{"dc_format":"application/pdf","dc_identifier":"nl.gm1954.2c.2019.2828532-9.doc.3","dc_source":"https://api1.ibabs.eu/publicdownload.aspx?site=Beekdaelen&id=4c9e5a45-2901-4ea8-b824-d720dc712685","dc_title":"Gegevenshuis Bijstelling begroting 2019 versie 1.0","dc_type":"bijlage","foi_fairiscoreVersions":{"v1":2,"v2":1},"foi_fileName":"Gegevenshuis%20Bijstelling%20begroting%202019%20versie%201.0.pdf","foi_nrPages":38},{"dc_format":"application/pdf","dc_identifier":"nl.gm1954.2c.2019.2828532-9.doc.5","dc_source":"https://api1.ibabs.eu/publicdownload.aspx?site=Beekdaelen&id=2e37ab39-a129-44ae-93de-6c2f72e0d8ef","dc_title":"Gegevenshuis Jaarrekening 2018 versie 1.0","dc_type":"bijlage","foi_fairiscoreVersions":{"v1":2,"v2":1},"foi_fileName":"Gegevenshuis%20Jaarrekening%202018%20versie%201.0.pdf","foi_nrPages":35},{"dc_format":"application/pdf","dc_identifier":"nl.gm1954.2c.2019.2828532-9.doc.2","dc_source":"https://api1.ibabs.eu/publicdownload.aspx?site=Beekdaelen&id=53b9b8d4-49b3-49f1-b1bc-c22794d07f74","dc_title":"Raadsbesluit fin. stukken Gegevenshuis","dc_type":"bijlage","foi_fairiscoreVersions":{"v1":1,"v2":1},"foi_fileName":"Gegevenshuis%20Raadsbesluit.docx%20-%20Z19126706%20-%20193494.pdf","foi_nrPages":1},{"dc_format":"application/pdf","dc_identifier":"nl.gm1954.2c.2019.2828532-9.doc.1","dc_source":"https://api1.ibabs.eu/publicdownload.aspx?site=Beekdaelen&id=4b884626-e7f7-45d5-9e4a-d288454c9549","dc_title":"Raadsvoorstel inzake fin. stukken Gegevenshuis","dc_type":"bijlage","foi_fairiscoreVersions":{"v1":1,"v2":1},"foi_fileName":"Gegevenshuis%20Raadsvoorstel.DOCX%20-%20Z19126706%20-%20193494.pdf","foi_nrPages":3},{"dc_format":"application/pdf","dc_identifier":"nl.gm1954.2c.2019.2828532-9.doc.6","dc_source":"https://api1.ibabs.eu/publicdownload.aspx?site=Beekdaelen&id=5b59fad4-3eeb-456c-80a1-7f519bdc763e","dc_title":"Ontwikkelingen GR's Beekdaelen","dc_type":"bijlage","foi_fairiscoreVersions":{"v1":1,"v2":1},"foi_fileName":"Ontwikkelingen%20GR%27s%20Beekdaelen.pdf","foi_nrPages":3},{"dc_format":"application/pdf","dc_identifier":"nl.gm1954.2c.2019.2828532-9.doc.7","dc_source":"https://api1.ibabs.eu/publicdownload.aspx?site=Beekdaelen&id=e4604857-77b9-45dc-8d13-b05fa1bfab95","dc_title":"Vragen fracties incl. antwoorden mbt. Gegevenshuis","dc_type":"bijlage","foi_fairiscoreVersions":{"v1":1,"v2":1},"foi_fileName":"Vragen%20fracties%20incl.%20antwoorden%20mbt.%20Gegevenshuis.pdf","foi_nrPages":1}],"foi_nrDocuments":7,"foi_nrPagesInDossier":117,"foi_publishedDate":"2019-05-09","foi_retrievedDate":"2026-04-10"},{"dc_creator":"HandelingScraper_v1","dc_date_year":2019,"dc_description":"Vergadering van de Gemeente Beekdaelen op 2019-05-14. Onderdeel: Algemeen.","dc_identifier":"nl.gm1954.2c.2019.2828550-1","dc_publisher":"gm1954","dc_source":"https://beekdaelen.bestuurlijkeinformatie.nl/Agenda/Index/6ebcc9bc-f511-467c-a29f-198c3e499ae3","dc_title":"Raadscommissie (2019 t/m januari 2020) 2019-05-14 - Algemeen","dc_type":"2c","dc_type_description":"Vergaderstuk decentrale overheid","foi_fairiscoreVersions":{"v1":1,"v2":1},"foi_files":[{"dc_format":"application/pdf","dc_identifier":"nl.gm1954.2c.2019.2828550-1.doc.1","dc_source":"https://api1.ibabs.eu/publicdownload.aspx?site=Beekdaelen&id=aeebc66a-43c8-4819-924f-7d82ed930b6f","dc_title":"A 0 Uitnodiging en voorlopige agenda raadscommissie 14 mei 2019","dc_type":"bijlage","foi_fairiscoreVersions":{"v1":1,"v2":1},"foi_fileName":"00%20Uitnodiging%20en%20voorlopige%20agenda%20raadscommissie%2014%20mei%202019.pdf","foi_nrPages":2}],"foi_nrDocuments":1,"foi_nrPagesInDossier":2,"foi_publishedDate":"2019-05-14","foi_retrievedDate":"2026-03-04"},{"dc_creator":"HandelingScraper_v1","dc_date_year":2019,"dc_description":"Vergadering van de Gemeente Beekdaelen op 2019-05-14. Onderdeel: Heropening.","dc_identifier":"nl.gm1954.2c.2019.2828550-2","dc_publisher":"gm1954","dc_source":"https://beekdaelen.bestuurlijkeinformatie.nl/Agenda/Index/6ebcc9bc-f511-467c-a29f-198c3e499ae3","dc_title":"Raadscommissie (2019 t/m januari 2020) 2019-05-14 - Heropening","dc_type":"2c","dc_type_description":"Vergaderstuk decentrale overheid","foi_fairiscoreVersions":{"v1":1,"v2":1},"foi_files":[{"dc_format":"application/pdf","dc_identifier":"nl.gm1954.2c.2019.2828550-2.doc.1","dc_source":"https://api1.ibabs.eu/publicdownload.aspx?site=Beekdaelen&id=34aa7024-0a1a-4e5c-9306-78c245ad2c92","dc_title":"A 1 Vastgestelde agenda raadscommissie 14 mei 2019","dc_type":"bijlage","foi_fairiscoreVersions":{"v1":1,"v2":1},"foi_fileName":"00%20Vastgestelde%20agenda%20raadscommissie%2014%20mei%202019.pdf","foi_nrPages":2}],"foi_nrDocuments":1,"foi_nrPagesInDossier":2,"foi_publishedDate":"2019-05-14","foi_retrievedDate":"2025-11-30"},{"dc_creator":"HandelingScraper_v1","dc_date_year":2019,"dc_description":"Vergadering van de Gemeente Beekdaelen op 2019-05-14. Onderdeel: Raadsvoorstel inzake het beleidsplan 2019/2020 gewijzigd vast te stellen t.a.v. de wijziging van de Inburgeringswet per 2021, de GR Kompas in relatie tot deelname Beekdaelen en deelname van Kompas aan de pilot co\u00f6peratieve aanpak en een positieve zienswijze te geven t.a.v. de begrotingswijziging 2019, begroting 2020 en meerjarenbegroting 2020-2023 ISD Kompas.","dc_identifier":"nl.gm1954.2c.2019.2828550-3","dc_publisher":"gm1954","dc_source":"https://beekdaelen.bestuurlijkeinformatie.nl/Agenda/Index/6ebcc9bc-f511-467c-a29f-198c3e499ae3","dc_title":"Raadscommissie (2019 t/m januari 2020) 2019-05-14 - Raadsvoorstel inzake het beleidsplan 2019/2020 gewijzigd vast te stellen t.a.v. de wijziging van de Inburgeringswet per 2021, de GR Kompas in relatie tot deelname Beekdaelen en deelname van Kompas aan de pilot co\u00f6peratieve aanpak en een positieve zienswijze te geven t.a.v. de begrotingswijziging 2019, begroting 2020 en meerjarenbegroting 2020-2023 ISD Kompas","dc_type":"2c","dc_type_description":"Vergaderstuk decentrale overheid","foi_fairiscoreVersions":{"v1":3,"v2":3},"foi_files":[{"dc_format":"application/pdf","dc_identifier":"nl.gm1954.2c.2019.2828550-3.doc.4","dc_source":"https://api1.ibabs.eu/publicdownload.aspx?site=Beekdaelen&id=07569d5f-98d7-4e42-bb57-0661a0dff378","dc_title":"Kompas begroting 2020","dc_type":"bijlage","foi_fairiscoreVersions":{"v1":5,"v2":5},"foi_fileName":"Kompas%20begroting%202020.pdf","foi_nrPages":14},{"dc_format":"application/pdf","dc_identifier":"nl.gm1954.2c.2019.2828550-3.doc.3","dc_source":"https://api1.ibabs.eu/publicdownload.aspx?site=Beekdaelen&id=09b231e2-4082-4727-a5e1-b33f2468507c","dc_title":"Kompas begrotingswijziging 2019","dc_type":"bijlage","foi_fairiscoreVersions":{"v1":5,"v2":5},"foi_fileName":"Kompas%20begrotingswijziging%202019.pdf","foi_nrPages":19},{"dc_format":"application/pdf","dc_identifier":"nl.gm1954.2c.2019.2828550-3.doc.5","dc_source":"https://api1.ibabs.eu/publicdownload.aspx?site=Beekdaelen&id=bbadfbe6-6c56-4372-ace7-dd970134bb0c","dc_title":"Kompas beleidsplan","dc_type":"bijlage","foi_fairiscoreVersions":{"v1":5,"v2":5},"foi_fileName":"Kompas%20beleidsplan.pdf","foi_nrPages":14},{"dc_format":"application/pdf","dc_identifier":"nl.gm1954.2c.2019.2828550-3.doc.2","dc_source":"https://api1.ibabs.eu/publicdownload.aspx?site=Beekdaelen&id=61bc67e3-5d18-454a-bd22-b7aa9dea400f","dc_title":"Kompas gewijzigd raadsbesluit - VERVALLEN","dc_type":"bijlage","foi_fairiscoreVersions":{"v1":1,"v2":1},"foi_fileName":"Kompas%20gewijzigd%20raadsbesluit%20stukken%202019.docx%20-%20Z19126176%20-%20193868%20-%20Raadsbesluit%20inzake%20beleidsplan%2020192020%20begrotingswijziging%202019%20begroting%202020%20en%20MJB%202020-2023%20Kompas.pdf","foi_nrPages":1},{"dc_format":"application/pdf","dc_identifier":"nl.gm1954.2c.2019.2828550-3.doc.1","dc_source":"https://api1.ibabs.eu/publicdownload.aspx?site=Beekdaelen&id=6d3dffb4-c414-4935-8841-1fc1edfd8cf5","dc_title":"Kompas gewijzigd raadsvoorstel - VERVALLEN","dc_type":"bijlage","foi_fairiscoreVersions":{"v1":1,"v2":1},"foi_fileName":"Kompas%20gewijzigd%20raadsvoorstel%20193363_2.docx%20-%20Z19126176%20-%20193363.pdf","foi_nrPages":6},{"dc_format":"application/pdf","dc_identifier":"nl.gm1954.2c.2019.2828550-3.doc.6","dc_source":"https://api1.ibabs.eu/publicdownload.aspx?site=Beekdaelen&id=4427140c-7664-48f2-8927-328fe3d33de9","dc_title":"Ontwikkelingen GR's Beekdaelen","dc_type":"bijlage","foi_fairiscoreVersions":{"v1":1,"v2":1},"foi_fileName":"Ontwikkelingen%20GR%27s%20Beekdaelen.pdf","foi_nrPages":3},{"dc_format":"application/pdf","dc_identifier":"nl.gm1954.2c.2019.2828550-3.doc.7","dc_source":"https://api1.ibabs.eu/publicdownload.aspx?site=Beekdaelen&id=a9a2a8da-d510-4619-ba46-f4591a187e92","dc_title":"Vragen VVD incl. antwoorden inzake Kompas","dc_type":"bijlage","foi_fairiscoreVersions":{"v1":1,"v2":1},"foi_fileName":"Vragen%20VVD%20incl.%20antwoorden%20inz%20Kompas.pdf","foi_nrPages":1}],"foi_nrDocuments":7,"foi_nrPagesInDossier":58,"foi_publishedDate":"2019-05-14","foi_retrievedDate":"2026-03-03"},{"dc_creator":"HandelingScraper_v1","dc_date_year":2019,"dc_description":"Vergadering van de Gemeente Beekdaelen op 2019-05-14. Onderdeel: Raadsvoorstel inzake kennisnemen van concept ontwerpbegroting 2020 en aan GR Vixia de zienswijze meedelen m.b.t. de bijgestelde begroting 2020 en de haalbaarheid van het Implementatieplan transformatie Vixia BV en de daarin genoemde taakstelling.","dc_identifier":"nl.gm1954.2c.2019.2828550-4","dc_publisher":"gm1954","dc_source":"https://beekdaelen.bestuurlijkeinformatie.nl/Agenda/Index/6ebcc9bc-f511-467c-a29f-198c3e499ae3","dc_title":"Raadscommissie (2019 t/m januari 2020) 2019-05-14 - Raadsvoorstel inzake kennisnemen van concept ontwerpbegroting 2020 en aan GR Vixia de zienswijze meedelen m.b.t. de bijgestelde begroting 2020 en de haalbaarheid van het Implementatieplan transformatie Vixia BV en de daarin genoemde taakstelling","dc_type":"2c","dc_type_description":"Vergaderstuk decentrale overheid","foi_fairiscoreVersions":{"v1":2,"v2":1},"foi_files":[{"dc_format":"application/pdf","dc_identifier":"nl.gm1954.2c.2019.2828550-4.doc.1","dc_source":"https://api1.ibabs.eu/publicdownload.aspx?site=Beekdaelen&id=39c4c528-9612-43df-bbc1-b2d5166c3965","dc_title":"Raadsvoorstel Begroting 2020 Vixia","dc_type":"bijlage","foi_fairiscoreVersions":{"v1":1,"v2":1},"foi_fileName":"Vixia%20193948_1.pdf","foi_nrPages":3},{"dc_format":"application/pdf","dc_identifier":"nl.gm1954.2c.2019.2828550-4.doc.2","dc_source":"https://api1.ibabs.eu/publicdownload.aspx?site=Beekdaelen&id=8f21160a-d4ff-403a-88b0-b798b15dbb91","dc_title":"Raadsbesluit Begroting 2020 Vixia","dc_type":"bijlage","foi_fairiscoreVersions":{"v1":1,"v2":1},"foi_fileName":"Vixia%20193949_1.pdf","foi_nrPages":1},{"dc_format":"application/pdf","dc_identifier":"nl.gm1954.2c.2019.2828550-4.doc.3","dc_source":"https://api1.ibabs.eu/publicdownload.aspx?site=Beekdaelen&id=097ad17c-2c3d-4602-9d71-a6bd3cc70885","dc_title":"Vixia Ontwerpbegroting  Vixia 2020 incl Mjpl -2024","dc_type":"bijlage","foi_fairiscoreVersions":{"v1":2,"v2":1},"foi_fileName":"Vixia%20Ontwerpbegroting%20%20Vixia%202020%20incl%20Mjpl%20-2024.pdf","foi_nrPages":40},{"dc_format":"application/pdf","dc_identifier":"nl.gm1954.2c.2019.2828550-4.doc.5","dc_source":"https://api1.ibabs.eu/publicdownload.aspx?site=Beekdaelen&id=c204dd16-76be-44d8-a915-ae4ace27eb24","dc_title":"Vixia Sociaal jaarverslag Vixia 2018","dc_type":"bijlage","foi_fairiscoreVersions":{"v1":2,"v2":1},"foi_fileName":"Vixia%20Sociaal%20jaarverslag%20Vixia%202018.pdf","foi_nrPages":24},{"dc_format":"application/pdf","dc_identifier":"nl.gm1954.2c.2019.2828550-4.doc.4","dc_source":"https://api1.ibabs.eu/publicdownload.aspx?site=Beekdaelen&id=48335d91-e323-4cba-871f-e8a1f1d1ba77","dc_title":"Vixia Voorlopige Jaarstukken Vixia BV 2018","dc_type":"bijlage","foi_fairiscoreVersions":{"v1":2,"v2":1},"foi_fileName":"Voorlopige%20Jaarstukken%20Vixia%20BV%202018.pdf","foi_nrPages":47},{"dc_format":"application/pdf","dc_identifier":"nl.gm1954.2c.2019.2828550-4.doc.6","dc_source":"https://api1.ibabs.eu/publicdownload.aspx?site=Beekdaelen&id=9ba49a44-db8e-47c0-98bf-a4ce62b62427","dc_title":"Vragen CDA incl. antwoorden mbt Vixia","dc_type":"bijlage","foi_fairiscoreVersions":{"v1":1,"v2":1},"foi_fileName":"Vragen%20CDA%20incl.%20antwoorden%20mbt%20Vixia%20.pdf","foi_nrPages":2}],"foi_nrDocuments":6,"foi_nrPagesInDossier":117,"foi_publishedDate":"2019-05-14","foi_retrievedDate":"2025-12-01"},{"dc_creator":"HandelingScraper_v1","dc_date_year":2019,"dc_description":"Vergadering van de Gemeente Beekdaelen op 2019-05-14. Onderdeel: Raadsvoorstel inzake kennisnemen van het jaarverslag en de jaarrekening 2018 Omnibuzz en geen zienswijze indienen, kennisnemen van begrotingswijziging 2019-1 en geen zienswijze indienen en kennisnemen van de  begroting 2020-2024 e.v. en geen zienswijze indienen.","dc_identifier":"nl.gm1954.2c.2019.2828550-5","dc_publisher":"gm1954","dc_source":"https://beekdaelen.bestuurlijkeinformatie.nl/Agenda/Index/6ebcc9bc-f511-467c-a29f-198c3e499ae3","dc_title":"Raadscommissie (2019 t/m januari 2020) 2019-05-14 - Raadsvoorstel inzake kennisnemen van het jaarverslag en de jaarrekening 2018 Omnibuzz en geen zienswijze indienen, kennisnemen van begrotingswijziging 2019-1 en geen zienswijze indienen en kennisnemen van de  begroting 2020-2024 e.v. en geen zienswijze indienen","dc_type":"2c","dc_type_description":"Vergaderstuk decentrale overheid","foi_fairiscoreVersions":{"v1":4,"v2":4},"foi_files":[{"dc_format":"application/pdf","dc_identifier":"nl.gm1954.2c.2019.2828550-5.doc.1","dc_source":"https://api1.ibabs.eu/publicdownload.aspx?site=Beekdaelen&id=3e335266-292f-4826-a9d6-9e9186151ed6","dc_title":"Omnibuzz begroting 2019-1","dc_type":"bijlage","foi_fairiscoreVersions":{"v1":5,"v2":5},"foi_fileName":"Omnibuzz%20begroting%202019-1.pdf","foi_nrPages":50},{"dc_format":"application/pdf","dc_identifier":"nl.gm1954.2c.2019.2828550-5.doc.2","dc_source":"https://api1.ibabs.eu/publicdownload.aspx?site=Beekdaelen&id=4ffcc9a9-66a0-46ec-9585-8fd1100458a4","dc_title":"Omnibuzz begroting 2020 en meerjarenperspectief 2021-2023","dc_type":"bijlage","foi_fairiscoreVersions":{"v1":5,"v2":5},"foi_fileName":"Omnibuzz%20begroting%202020%20en%20meerjarenperspectief%202021-2023.pdf","foi_nrPages":60},{"dc_format":"application/pdf","dc_identifier":"nl.gm1954.2c.2019.2828550-5.doc.3","dc_source":"https://api1.ibabs.eu/publicdownload.aspx?site=Beekdaelen&id=319ee0dd-c34a-491e-807f-b975d4cfd1ae","dc_title":"Omnibuzz jaarverslag 2018 deel 1","dc_type":"bijlage","foi_fairiscoreVersions":{"v1":5,"v2":5},"foi_fileName":"Omnibuzz%20jaarverslag%202018%20deel%201.pdf","foi_nrPages":42},{"dc_format":"application/pdf","dc_identifier":"nl.gm1954.2c.2019.2828550-5.doc.4","dc_source":"https://api1.ibabs.eu/publicdownload.aspx?site=Beekdaelen&id=9aa06506-79dd-4a43-8f94-1f28d526e767","dc_title":"Omnibuzz jaarverslag 2018 deel 2","dc_type":"bijlage","foi_fairiscoreVersions":{"v1":5,"v2":5},"foi_fileName":"Omnibuzz%20jaarverslag%202018%20deel%202.pdf","foi_nrPages":54},{"dc_format":"application/pdf","dc_identifier":"nl.gm1954.2c.2019.2828550-5.doc.6","dc_source":"https://api1.ibabs.eu/publicdownload.aspx?site=Beekdaelen&id=bb33ad88-12d6-474b-b0fc-b3ee523eac5a","dc_title":"Ontwikkelingen GR's Beekdaelen","dc_type":"bijlage","foi_fairiscoreVersions":{"v1":1,"v2":1},"foi_fileName":"Ontwikkelingen%20GR%27s%20Beekdaelen.pdf","foi_nrPages":3},{"dc_format":"application/pdf","dc_identifier":"nl.gm1954.2c.2019.2828550-5.doc.5","dc_source":"https://api1.ibabs.eu/publicdownload.aspx?site=Beekdaelen&id=9cf7e0d1-e4c5-466c-9788-9b6d2bbc4035","dc_title":"Uitgangspunten notitie Omnibuzz 2019-1 en 2020","dc_type":"bijlage","foi_fairiscoreVersions":{"v1":1,"v2":1},"foi_fileName":"Uitgangspunten%20notitie%20Omnibuzz%202019-1%20en%202020.pdf","foi_nrPages":9},{"dc_format":"application/pdf","dc_identifier":"nl.gm1954.2c.2019.2828550-5.doc.7","dc_source":"https://api1.ibabs.eu/publicdownload.aspx?site=Beekdaelen&id=ef5ae7c3-63de-4799-8b7c-7155c434a82c","dc_title":"Vragen Vernieuwingsgroep incl. antwoorden inzake Omnibuzz","dc_type":"bijlage","foi_fairiscoreVersions":{"v1":1,"v2":1},"foi_fileName":"Vragen%20Vernieuwingsgroep%20incl.%20antwoorden%20inzake%20Omnibuzz.pdf","foi_nrPages":1}],"foi_nrDocuments":7,"foi_nrPagesInDossier":219,"foi_publishedDate":"2019-05-14","foi_retrievedDate":"2026-03-03"},{"dc_creator":"HandelingScraper_v1","dc_date_year":2019,"dc_description":"Vergadering van de Gemeente Beekdaelen op 2019-05-14. Onderdeel: Raadsvoorstel inzake vaststellen van de Verordening Leerlingenvervoer Beekdaelen 2019 met inwerkingtreding op 21 mei 2019.","dc_identifier":"nl.gm1954.2c.2019.2828550-6","dc_publisher":"gm1954","dc_source":"https://beekdaelen.bestuurlijkeinformatie.nl/Agenda/Index/6ebcc9bc-f511-467c-a29f-198c3e499ae3","dc_title":"Raadscommissie (2019 t/m januari 2020) 2019-05-14 - Raadsvoorstel inzake vaststellen van de Verordening Leerlingenvervoer Beekdaelen 2019 met inwerkingtreding op 21 mei 2019","dc_type":"2c","dc_type_description":"Vergaderstuk decentrale overheid","foi_fairiscoreVersions":{"v1":1,"v2":1},"foi_files":[{"dc_format":"application/pdf","dc_identifier":"nl.gm1954.2c.2019.2828550-6.doc.1","dc_source":"https://api1.ibabs.eu/publicdownload.aspx?site=Beekdaelen&id=8c8c5e18-17d8-4356-a2e5-6a19b81bfa27","dc_title":"Vragen GroenLinks incl. antwoorden inzake Leerlingenvervoer","dc_type":"bijlage","foi_fairiscoreVersions":{"v1":1,"v2":1},"foi_fileName":"Vragen%20GroenLinks%20incl.%20antwoorden%20inzake%20Leerlingenvervoer.pdf","foi_nrPages":1}],"foi_nrDocuments":1,"foi_nrPagesInDossier":1,"foi_publishedDate":"2019-05-14","foi_retrievedDate":"2025-11-29"},{"dc_creator":"HandelingScraper_v1","dc_date_year":2019,"dc_description":"Vergadering van de Gemeente Beekdaelen op 2019-05-14. Onderdeel: Raadsvoorstel inzake vaststellen van de Uitgangspuntennotitie Sociaal Domein Beekdaelen.","dc_identifier":"nl.gm1954.2c.2019.2828550-7","dc_publisher":"gm1954","dc_source":"https://beekdaelen.bestuurlijkeinformatie.nl/Agenda/Index/6ebcc9bc-f511-467c-a29f-198c3e499ae3","dc_title":"Raadscommissie (2019 t/m januari 2020) 2019-05-14 - Raadsvoorstel inzake vaststellen van de Uitgangspuntennotitie Sociaal Domein Beekdaelen","dc_type":"2c","dc_type_description":"Vergaderstuk decentrale overheid","foi_fairiscoreVersions":{"v1":2,"v2":1},"foi_files":[{"dc_format":"application/pdf","dc_identifier":"nl.gm1954.2c.2019.2828550-7.doc.1","dc_source":"https://api1.ibabs.eu/publicdownload.aspx?site=Beekdaelen&id=640018a0-d109-48e1-9036-80a42b6d8244","dc_title":"Uitgangspuntennotitie Sociaal Domein Beekdaelen - versie 27 maart 2019","dc_type":"bijlage","foi_fairiscoreVersions":{"v1":2,"v2":1},"foi_fileName":"Uitgangspuntennotitie%20Sociaal%20Domein%20Beekdaelen%20-%20versie%2027%20maart%202019.pdf","foi_nrPages":17},{"dc_format":"application/pdf","dc_identifier":"nl.gm1954.2c.2019.2828550-7.doc.2","dc_source":"https://api1.ibabs.eu/publicdownload.aspx?site=Beekdaelen&id=6d648d98-1904-4775-9fa5-ff3612fe5714","dc_title":"Vragen fracties incl. antwoorden inzake Uitgangspuntennotitie Sociaal Domein","dc_type":"bijlage","foi_fairiscoreVersions":{"v1":1,"v2":1},"foi_fileName":"Vragen%20fracties%20incl.%20antwoorden%20inzake%20Uitgangspuntennotitie%20Sociaal%20Domein.pdf","foi_nrPages":2}],"foi_nrDocuments":2,"foi_nrPagesInDossier":19,"foi_publishedDate":"2019-05-14","foi_retrievedDate":"2026-03-03"},{"dc_creator":"HandelingScraper_v1","dc_date_year":2019,"dc_description":"Vergadering van de Gemeente Beekdaelen op 2019-05-14. Onderdeel: Raadsvoorstel inzake beleidsverslag en jaarrekening 2018 ISD Kompas voor kennisgeving aannemen.","dc_identifier":"nl.gm1954.2c.2019.2828550-8","dc_publisher":"gm1954","dc_source":"https://beekdaelen.bestuurlijkeinformatie.nl/Agenda/Index/6ebcc9bc-f511-467c-a29f-198c3e499ae3","dc_title":"Raadscommissie (2019 t/m januari 2020) 2019-05-14 - Raadsvoorstel inzake beleidsverslag en jaarrekening 2018 ISD Kompas voor kennisgeving aannemen","dc_type":"2c","dc_type_description":"Vergaderstuk decentrale overheid","foi_fairiscoreVersions":{"v1":4,"v2":4},"foi_files":[{"dc_format":"application/pdf","dc_identifier":"nl.gm1954.2c.2019.2828550-8.doc.1","dc_source":"https://api1.ibabs.eu/publicdownload.aspx?site=Beekdaelen&id=16601a4c-14cd-4f1f-8885-a6129757661b","dc_title":"Kompas beleidsverslag 2018","dc_type":"bijlage","foi_fairiscoreVersions":{"v1":5,"v2":5},"foi_fileName":"Kompas%20beleidsverslag%202018.pdf","foi_nrPages":30},{"dc_format":"application/pdf","dc_identifier":"nl.gm1954.2c.2019.2828550-8.doc.3","dc_source":"https://api1.ibabs.eu/publicdownload.aspx?site=Beekdaelen&id=114d3396-6f75-4e69-9952-f98c742944c8","dc_title":"Kompas controleverklaring accountant","dc_type":"bijlage","foi_fairiscoreVersions":{"v1":5,"v2":5},"foi_fileName":"Kompas%20controleverklaring%20accountant.pdf","foi_nrPages":4},{"dc_format":"application/pdf","dc_identifier":"nl.gm1954.2c.2019.2828550-8.doc.2","dc_source":"https://api1.ibabs.eu/publicdownload.aspx?site=Beekdaelen&id=a126f32f-e71f-460f-ac7c-67b4bf398597","dc_title":"Kompas jaarrekening 2018","dc_type":"bijlage","foi_fairiscoreVersions":{"v1":5,"v2":5},"foi_fileName":"Kompas%20jaarrekening%202018.pdf","foi_nrPages":45},{"dc_format":"application/pdf","dc_identifier":"nl.gm1954.2c.2019.2828550-8.doc.4","dc_source":"https://api1.ibabs.eu/publicdownload.aspx?site=Beekdaelen&id=9f2b4c70-79b1-43b9-878c-d6deff2ebbcc","dc_title":"Ontwikkelingen GR's Beekdaelen","dc_type":"bijlage","foi_fairiscoreVersions":{"v1":1,"v2":1},"foi_fileName":"Ontwikkelingen%20GR%27s%20Beekdaelen.pdf","foi_nrPages":3}],"foi_nrDocuments":4,"foi_nrPagesInDossier":82,"foi_publishedDate":"2019-05-14","foi_retrievedDate":"2026-03-04"},{"dc_creator":"HandelingScraper_v1","dc_date_year":2019,"dc_description":"Vergadering van de Gemeente Beekdaelen op 2019-05-14. Onderdeel: Raadsvoorstel inzake instemmen met de concept jaarrekening 2018 Vixia en t.a.v. deze jaarrekening geen zienswijze indienen en kennisnemen van de concept jaarrekening BV 2018 en van het sociaal jaarverslag 2018 Vixia.","dc_identifier":"nl.gm1954.2c.2019.2828550-9","dc_publisher":"gm1954","dc_source":"https://beekdaelen.bestuurlijkeinformatie.nl/Agenda/Index/6ebcc9bc-f511-467c-a29f-198c3e499ae3","dc_title":"Raadscommissie (2019 t/m januari 2020) 2019-05-14 - Raadsvoorstel inzake instemmen met de concept jaarrekening 2018 Vixia en t.a.v. deze jaarrekening geen zienswijze indienen en kennisnemen van de concept jaarrekening BV 2018 en van het sociaal jaarverslag 2018 Vixia","dc_type":"2c","dc_type_description":"Vergaderstuk decentrale overheid","foi_fairiscoreVersions":{"v1":2,"v2":1},"foi_files":[{"dc_format":"application/pdf","dc_identifier":"nl.gm1954.2c.2019.2828550-9.doc.1","dc_source":"https://api1.ibabs.eu/publicdownload.aspx?site=Beekdaelen&id=b465a69a-1f1a-448c-b89b-9b3fc6e91ac0","dc_title":"Vixia Jaarstukken 2018 raadsvoorstel - oude versie","dc_type":"bijlage","foi_fairiscoreVersions":{"v1":1,"v2":1},"foi_fileName":"Vixia%20193929_1.pdf","foi_nrPages":4},{"dc_format":"application/pdf","dc_identifier":"nl.gm1954.2c.2019.2828550-9.doc.2","dc_source":"https://api1.ibabs.eu/publicdownload.aspx?site=Beekdaelen&id=42c5af07-aa01-4ab0-b4c9-b73790bf102a","dc_title":"Vixia Jaarstukken 2018 concept raadsbesluit - oude versie","dc_type":"bijlage","foi_fairiscoreVersions":{"v1":1,"v2":1},"foi_fileName":"Vixia%20193934_1.pdf","foi_nrPages":1},{"dc_format":"application/pdf","dc_identifier":"nl.gm1954.2c.2019.2828550-9.doc.5","dc_source":"https://api1.ibabs.eu/publicdownload.aspx?site=Beekdaelen&id=ba11d551-9a73-4ba1-8529-9ae23042b1ad","dc_title":"Vixia Sociaal jaarverslag Vixia 2018","dc_type":"bijlage","foi_fairiscoreVersions":{"v1":2,"v2":1},"foi_fileName":"Vixia%20Sociaal%20jaarverslag%20Vixia%202018.pdf","foi_nrPages":24},{"dc_format":"application/pdf","dc_identifier":"nl.gm1954.2c.2019.2828550-9.doc.4","dc_source":"https://api1.ibabs.eu/publicdownload.aspx?site=Beekdaelen&id=0b0b0e78-6f21-451d-b2b3-760a4b2bf1a4","dc_title":"Vixia Voorlopige Jaarstukken Vixia GR 2018","dc_type":"bijlage","foi_fairiscoreVersions":{"v1":2,"v2":1},"foi_fileName":"Vixia%20Voorlopige%20Jaarstukken%20Vixia%20GR%202018.pdf","foi_nrPages":36},{"dc_format":"application/pdf","dc_identifier":"nl.gm1954.2c.2019.2828550-9.doc.3","dc_source":"https://api1.ibabs.eu/publicdownload.aspx?site=Beekdaelen&id=10519c6e-61fb-468e-b8ff-234f629b1ea3","dc_title":"Vixia Voorlopige Jaarstukken Vixia BV 2018","dc_type":"bijlage","foi_fairiscoreVersions":{"v1":2,"v2":1},"foi_fileName":"Voorlopige%20Jaarstukken%20Vixia%20BV%202018.pdf","foi_nrPages":47},{"dc_format":"application/pdf","dc_identifier":"nl.gm1954.2c.2019.2828550-9.doc.6","dc_source":"https://api1.ibabs.eu/publicdownload.aspx?site=Beekdaelen&id=e1429c04-0271-487f-9bd7-5c9127200bad","dc_title":"Vragen CDA incl. antwoorden mbt Vixia","dc_type":"bijlage","foi_fairiscoreVersions":{"v1":1,"v2":1},"foi_fileName":"Vragen%20CDA%20incl.%20antwoorden%20mbt%20Vixia%20.pdf","foi_nrPages":2}],"foi_nrDocuments":6,"foi_nrPagesInDossier":114,"foi_publishedDate":"2019-05-14","foi_retrievedDate":"2026-03-06"},{"dc_creator":"HandelingScraper_v1","dc_date_year":2019,"dc_description":"Vergadering van de Gemeente Beekdaelen op 2019-05-21. Onderdeel: Opening.","dc_identifier":"nl.gm1954.2c.2019.2828637-1","dc_publisher":"gm1954","dc_source":"https://beekdaelen.bestuurlijkeinformatie.nl/Agenda/Index/fda9e45e-445e-449f-9fa3-de601a693f70","dc_title":"Raadsvergadering 2019-05-21 - Opening","dc_type":"2c","dc_type_description":"Vergaderstuk decentrale overheid","foi_fairiscoreVersions":{"v1":null,"v2":null},"foi_files":[{"dc_format":"application/pdf","dc_identifier":"nl.gm1954.2c.2019.2828637-1.doc.1","dc_source":"https://api1.ibabs.eu/publicdownload.aspx?site=Beekdaelen&id=2c18c1f4-5c94-4cf7-b467-ed2c1a3e119d","dc_title":"Uitnodiging en voorlopige agenda raadsvergadering 21052019","dc_type":"bijlage","foi_fileName":"Uitnodiging%20en%20voorlopige%20agenda%20raadsvergadering%2021052019.pdf"}],"foi_nrDocuments":1,"foi_nrPagesInDossier":0,"foi_publishedDate":"2019-05-21","foi_retrievedDate":"2025-11-30"},{"dc_creator":"HandelingScraper_v1","dc_date_year":2019,"dc_description":"Vergadering van de Gemeente Beekdaelen op 2019-05-21. Onderdeel: Voorstel van B&W inzake een positieve zienswijze afgeven ten aanzien van de 1e begrotingswijziging 2019 GR WSP.","dc_identifier":"nl.gm1954.2c.2019.2828637-10","dc_publisher":"gm1954","dc_source":"https://beekdaelen.bestuurlijkeinformatie.nl/Agenda/Index/fda9e45e-445e-449f-9fa3-de601a693f70","dc_title":"Raadsvergadering 2019-05-21 - Voorstel van B&W inzake een positieve zienswijze afgeven ten aanzien van de 1e begrotingswijziging 2019 GR WSP","dc_type":"2c","dc_type_description":"Vergaderstuk decentrale overheid","foi_fairiscoreVersions":{"v1":2,"v2":2},"foi_files":[{"dc_format":"application/pdf","dc_identifier":"nl.gm1954.2c.2019.2828637-10.doc.2","dc_source":"https://api1.ibabs.eu/publicdownload.aspx?site=Beekdaelen&id=f86c0119-b4f2-473b-ac68-6a7f2efa30de","dc_title":"Raadsbesluit 1e begrotingswijziging 2019 WSP vastgesteld","dc_type":"bijlage","foi_fairiscoreVersions":{"v1":1,"v2":1},"foi_fileName":"6.6%20RB%201e%20begrotingswijziging%202019%20WSP%20vastgesteld.pdf","foi_nrPages":1},{"dc_format":"application/pdf","dc_identifier":"nl.gm1954.2c.2019.2828637-10.doc.1","dc_source":"https://api1.ibabs.eu/publicdownload.aspx?site=Beekdaelen&id=666676fd-302b-4fcc-8051-f479a2dc2e64","dc_title":"Raadsvoorstel 1e begrotingswijziging 2019 WSP vastgesteld","dc_type":"bijlage","foi_fairiscoreVersions":{"v1":1,"v2":1},"foi_fileName":"6.6%20RV%201e%20begrotingswijziging%202019%20WSP%20vastgesteld.pdf","foi_nrPages":2},{"dc_format":"application/pdf","dc_identifier":"nl.gm1954.2c.2019.2828637-10.doc.4","dc_source":"https://api1.ibabs.eu/publicdownload.aspx?site=Beekdaelen&id=b4532494-f00a-4acb-a367-ce7a0ba8ca68","dc_title":"Ontwikkelingen GR's Beekdaelen","dc_type":"bijlage","foi_fairiscoreVersions":{"v1":1,"v2":1},"foi_fileName":"Ontwikkelingen%20GR%27s%20Beekdaelen.pdf","foi_nrPages":3},{"dc_format":"application/pdf","dc_identifier":"nl.gm1954.2c.2019.2828637-10.doc.3","dc_source":"https://api1.ibabs.eu/publicdownload.aspx?site=Beekdaelen&id=a3ca087a-d576-4639-bd89-9f0f3532c498","dc_title":"WSP 21 mei Bijlage begrotingswijziging","dc_type":"bijlage","foi_fairiscoreVersions":{"v1":5,"v2":5},"foi_fileName":"WSP%2021%20mei%20Bijlage%20begrotingswijziging.pdf","foi_nrPages":26},{"dc_format":"application/pdf","dc_identifier":"nl.gm1954.2c.2019.2828637-10.doc.5","dc_source":"https://api1.ibabs.eu/publicdownload.aspx?site=Beekdaelen&id=8413ca18-90c3-4984-9ccb-2379775a0281","dc_title":"WSP 21 mei raadsbesluit - foute versie","dc_type":"bijlage","foi_fairiscoreVersions":{"v1":1,"v2":1},"foi_fileName":"WSP%2021%20mei%20raadsbesluit.pdf","foi_nrPages":1}],"foi_nrDocuments":5,"foi_nrPagesInDossier":33,"foi_publishedDate":"2019-05-21","foi_retrievedDate":"2026-03-06"},{"dc_creator":"HandelingScraper_v1","dc_date_year":2019,"dc_description":"Vergadering van de Gemeente Beekdaelen op 2019-05-21. Onderdeel: Voorstel van B&W inzake kennisnemen van het jaarverslag en de jaarrekening 2018 Omnibuzz en geen zienswijze indienen, kennisnemen van begrotingswijziging 2019-1 en geen zienswijze indienen en kennisnemen van de  begroting 2020-2024 e.v. en geen zienswijze indienen.","dc_identifier":"nl.gm1954.2c.2019.2828637-11","dc_publisher":"gm1954","dc_source":"https://beekdaelen.bestuurlijkeinformatie.nl/Agenda/Index/fda9e45e-445e-449f-9fa3-de601a693f70","dc_title":"Raadsvergadering 2019-05-21 - Voorstel van B&W inzake kennisnemen van het jaarverslag en de jaarrekening 2018 Omnibuzz en geen zienswijze indienen, kennisnemen van begrotingswijziging 2019-1 en geen zienswijze indienen en kennisnemen van de  begroting 2020-2024 e.v. en geen zienswijze indienen","dc_type":"2c","dc_type_description":"Vergaderstuk decentrale overheid","foi_fairiscoreVersions":{"v1":3,"v2":3},"foi_files":[{"dc_format":"application/pdf","dc_identifier":"nl.gm1954.2c.2019.2828637-11.doc.11","dc_source":"https://api1.ibabs.eu/publicdownload.aspx?site=Beekdaelen&id=6c5e254d-4345-4b45-b3ea-7423ca361490","dc_title":"Beantwoording vraag over klachten Omnibuzz bijlage","dc_type":"bijlage","foi_fairiscoreVersions":{"v1":2,"v2":2},"foi_fileName":"06.7%20Beantwoording%20vraag%20over%20klachten%20Omnibuzz%20bijlage.pdf","foi_nrPages":2},{"dc_format":"application/pdf","dc_identifier":"nl.gm1954.2c.2019.2828637-11.doc.10","dc_source":"https://api1.ibabs.eu/publicdownload.aspx?site=Beekdaelen&id=f3e67777-9be6-46a5-9241-b3ff23a1756e","dc_title":"Beantwoording vraag over klachten Omnibuzz mail","dc_type":"bijlage","foi_fairiscoreVersions":{"v1":1,"v2":1},"foi_fileName":"06.7%20Beantwoording%20vraag%20over%20klachten%20Omnibuzz%20mail.pdf","foi_nrPages":1},{"dc_format":"application/pdf","dc_identifier":"nl.gm1954.2c.2019.2828637-11.doc.2","dc_source":"https://api1.ibabs.eu/publicdownload.aspx?site=Beekdaelen&id=65db61b2-e790-4721-88ef-2bdac8572e4b","dc_title":"Raadsbesluit jaarrekening 2018 begrotingswijizging 2019-1 en begroting 2020 Omnibuzz vastgesteld","dc_type":"bijlage","foi_fairiscoreVersions":{"v1":1,"v2":1},"foi_fileName":"6.7%20RB%20jaarrekening%202018%20begrotingswijizging%202019-1%20en%20begroting%202020%20Omnibuzz%20vastgesteld.pdf","foi_nrPages":1},{"dc_format":"application/pdf","dc_identifier":"nl.gm1954.2c.2019.2828637-11.doc.1","dc_source":"https://api1.ibabs.eu/publicdownload.aspx?site=Beekdaelen&id=b60ed78e-74c0-4769-8cb7-1046d08fede7","dc_title":"Raadsvoorstel jaarrekening 2018 begrotingswijizging 2019-1 en begroting 2020 Omnibuzz vastgesteld","dc_type":"bijlage","foi_fairiscoreVersions":{"v1":1,"v2":1},"foi_fileName":"6.7%20RV%20jaarrekening%202018%20begrotingswijizging%202019-1%20en%20begroting%202020%20Omnibuzz%20vastgesteld.pdf","foi_nrPages":4},{"dc_format":"application/pdf","dc_identifier":"nl.gm1954.2c.2019.2828637-11.doc.9","dc_source":"https://api1.ibabs.eu/publicdownload.aspx?site=Beekdaelen&id=44bbcdac-0ce0-4794-b50f-faaee0689a00","dc_title":"Antwoorden op vragen D66 met betrekking tot het sociaal domein","dc_type":"bijlage","foi_fairiscoreVersions":{"v1":1,"v2":1},"foi_fileName":"Antwoorden%20op%20vragen%20D66%20met%20betrekking%20tot%20het%20sociaal%20domein.pdf","foi_nrPages":3},{"dc_format":"application/pdf","dc_identifier":"nl.gm1954.2c.2019.2828637-11.doc.4","dc_source":"https://api1.ibabs.eu/publicdownload.aspx?site=Beekdaelen&id=3e335266-292f-4826-a9d6-9e9186151ed6","dc_title":"Omnibuzz begroting 2019-1","dc_type":"bijlage","foi_fairiscoreVersions":{"v1":5,"v2":5},"foi_fileName":"Omnibuzz%20begroting%202019-1.pdf","foi_nrPages":50},{"dc_format":"application/pdf","dc_identifier":"nl.gm1954.2c.2019.2828637-11.doc.5","dc_source":"https://api1.ibabs.eu/publicdownload.aspx?site=Beekdaelen&id=4ffcc9a9-66a0-46ec-9585-8fd1100458a4","dc_title":"Omnibuzz begroting 2020 en meerjarenperspectief 2021-2023","dc_type":"bijlage","foi_fairiscoreVersions":{"v1":5,"v2":5},"foi_fileName":"Omnibuzz%20begroting%202020%20en%20meerjarenperspectief%202021-2023.pdf","foi_nrPages":60},{"dc_format":"application/pdf","dc_identifier":"nl.gm1954.2c.2019.2828637-11.doc.6","dc_source":"https://api1.ibabs.eu/publicdownload.aspx?site=Beekdaelen&id=319ee0dd-c34a-491e-807f-b975d4cfd1ae","dc_title":"Omnibuzz jaarverslag 2018 deel 1","dc_type":"bijlage","foi_fairiscoreVersions":{"v1":5,"v2":5},"foi_fileName":"Omnibuzz%20jaarverslag%202018%20deel%201.pdf","foi_nrPages":42},{"dc_format":"application/pdf","dc_identifier":"nl.gm1954.2c.2019.2828637-11.doc.7","dc_source":"https://api1.ibabs.eu/publicdownload.aspx?site=Beekdaelen&id=9aa06506-79dd-4a43-8f94-1f28d526e767","dc_title":"Omnibuzz jaarverslag 2018 deel 2","dc_type":"bijlage","foi_fairiscoreVersions":{"v1":5,"v2":5},"foi_fileName":"Omnibuzz%20jaarverslag%202018%20deel%202.pdf","foi_nrPages":54},{"dc_format":"application/pdf","dc_identifier":"nl.gm1954.2c.2019.2828637-11.doc.8","dc_source":"https://api1.ibabs.eu/publicdownload.aspx?site=Beekdaelen&id=bb33ad88-12d6-474b-b0fc-b3ee523eac5a","dc_title":"Ontwikkelingen GR's Beekdaelen","dc_type":"bijlage","foi_fairiscoreVersions":{"v1":1,"v2":1},"foi_fileName":"Ontwikkelingen%20GR%27s%20Beekdaelen.pdf","foi_nrPages":3},{"dc_format":"application/pdf","dc_identifier":"nl.gm1954.2c.2019.2828637-11.doc.3","dc_source":"https://api1.ibabs.eu/publicdownload.aspx?site=Beekdaelen&id=9cf7e0d1-e4c5-466c-9788-9b6d2bbc4035","dc_title":"Uitgangspunten notitie Omnibuzz 2019-1 en 2020","dc_type":"bijlage","foi_fairiscoreVersions":{"v1":1,"v2":1},"foi_fileName":"Uitgangspunten%20notitie%20Omnibuzz%202019-1%20en%202020.pdf","foi_nrPages":9}],"foi_nrDocuments":11,"foi_nrPagesInDossier":229,"foi_publishedDate":"2019-05-21","foi_retrievedDate":"2026-02-05"},{"dc_creator":"HandelingScraper_v1","dc_date_year":2019,"dc_description":"Vergadering van de Gemeente Beekdaelen op 2019-05-21. Onderdeel: Voorstel van B&W inzake beleidsverslag en jaarrekening 2018 ISD Kompas voor kennisgeving aannemen.","dc_identifier":"nl.gm1954.2c.2019.2828637-12","dc_publisher":"gm1954","dc_source":"https://beekdaelen.bestuurlijkeinformatie.nl/Agenda/Index/fda9e45e-445e-449f-9fa3-de601a693f70","dc_title":"Raadsvergadering 2019-05-21 - Voorstel van B&W inzake beleidsverslag en jaarrekening 2018 ISD Kompas voor kennisgeving aannemen","dc_type":"2c","dc_type_description":"Vergaderstuk decentrale overheid","foi_fairiscoreVersions":{"v1":3,"v2":3},"foi_files":[{"dc_format":"application/pdf","dc_identifier":"nl.gm1954.2c.2019.2828637-12.doc.2","dc_source":"https://api1.ibabs.eu/publicdownload.aspx?site=Beekdaelen&id=bc2f5df4-b038-431d-a664-8ef8de6820ec","dc_title":"Raadsbesluit ISD Kompas beleidsverslag en jaarrekening 2018 vastgesteld","dc_type":"bijlage","foi_fairiscoreVersions":{"v1":1,"v2":1},"foi_fileName":"6.8%20RB%20ISD%20Kompas%20beleidsverslag%20en%20jaarrekening%202018%20vastgesteld.pdf","foi_nrPages":1},{"dc_format":"application/pdf","dc_identifier":"nl.gm1954.2c.2019.2828637-12.doc.1","dc_source":"https://api1.ibabs.eu/publicdownload.aspx?site=Beekdaelen&id=577568ca-ec4a-4d1c-9981-d42100e56ab1","dc_title":"Raadsvoorstel ISD Kompas Beleidsverslag 2018 en jaarrekening 2018 vastgesteld","dc_type":"bijlage","foi_fairiscoreVersions":{"v1":1,"v2":1},"foi_fileName":"6.8%20RV%20ISD%20Kompas%20Beleidsverslag%202018%20en%20jaarrekening%202018%20vastgesteld.pdf","foi_nrPages":5},{"dc_format":"application/pdf","dc_identifier":"nl.gm1954.2c.2019.2828637-12.doc.7","dc_source":"https://api1.ibabs.eu/publicdownload.aspx?site=Beekdaelen&id=222206d2-9e98-407b-a0a5-e5a99f7f4cbd","dc_title":"Antwoorden op vragen Vernieuwingsgroep met betrekking tot Sociaal Domein","dc_type":"bijlage","foi_fairiscoreVersions":{"v1":1,"v2":1},"foi_fileName":"Antwoorden%20op%20vragen%20Vernieuwingsgroep%20met%20betrekking%20tot%20Sociaal%20Domein.pdf","foi_nrPages":4},{"dc_format":"application/pdf","dc_identifier":"nl.gm1954.2c.2019.2828637-12.doc.3","dc_source":"https://api1.ibabs.eu/publicdownload.aspx?site=Beekdaelen&id=16601a4c-14cd-4f1f-8885-a6129757661b","dc_title":"Kompas beleidsverslag 2018","dc_type":"bijlage","foi_fairiscoreVersions":{"v1":5,"v2":5},"foi_fileName":"Kompas%20beleidsverslag%202018.pdf","foi_nrPages":30},{"dc_format":"application/pdf","dc_identifier":"nl.gm1954.2c.2019.2828637-12.doc.5","dc_source":"https://api1.ibabs.eu/publicdownload.aspx?site=Beekdaelen&id=114d3396-6f75-4e69-9952-f98c742944c8","dc_title":"Kompas controleverklaring accountant","dc_type":"bijlage","foi_fairiscoreVersions":{"v1":5,"v2":5},"foi_fileName":"Kompas%20controleverklaring%20accountant.pdf","foi_nrPages":4},{"dc_format":"application/pdf","dc_identifier":"nl.gm1954.2c.2019.2828637-12.doc.4","dc_source":"https://api1.ibabs.eu/publicdownload.aspx?site=Beekdaelen&id=a126f32f-e71f-460f-ac7c-67b4bf398597","dc_title":"Kompas jaarrekening 2018","dc_type":"bijlage","foi_fairiscoreVersions":{"v1":5,"v2":5},"foi_fileName":"Kompas%20jaarrekening%202018.pdf","foi_nrPages":45},{"dc_format":"application/pdf","dc_identifier":"nl.gm1954.2c.2019.2828637-12.doc.6","dc_source":"https://api1.ibabs.eu/publicdownload.aspx?site=Beekdaelen&id=9f2b4c70-79b1-43b9-878c-d6deff2ebbcc","dc_title":"Ontwikkelingen GR's Beekdaelen","dc_type":"bijlage","foi_fairiscoreVersions":{"v1":1,"v2":1},"foi_fileName":"Ontwikkelingen%20GR%27s%20Beekdaelen.pdf","foi_nrPages":3}],"foi_nrDocuments":7,"foi_nrPagesInDossier":92,"foi_publishedDate":"2019-05-21","foi_retrievedDate":"2026-04-10"},{"dc_creator":"HandelingScraper_v1","dc_date_year":2019,"dc_description":"Vergadering van de Gemeente Beekdaelen op 2019-05-21. Onderdeel: Voorstel van B&W inzake vaststellen van de Uitgangspuntennotitie Sociaal Domein Beekdaelen.","dc_identifier":"nl.gm1954.2c.2019.2828637-13","dc_publisher":"gm1954","dc_source":"https://beekdaelen.bestuurlijkeinformatie.nl/Agenda/Index/fda9e45e-445e-449f-9fa3-de601a693f70","dc_title":"Raadsvergadering 2019-05-21 - Voorstel van B&W inzake vaststellen van de Uitgangspuntennotitie Sociaal Domein Beekdaelen","dc_type":"2c","dc_type_description":"Vergaderstuk decentrale overheid","foi_fairiscoreVersions":{"v1":2,"v2":1},"foi_files":[{"dc_format":"application/pdf","dc_identifier":"nl.gm1954.2c.2019.2828637-13.doc.2","dc_source":"https://api1.ibabs.eu/publicdownload.aspx?site=Beekdaelen&id=416be762-13e5-423b-a457-bc8337a9d478","dc_title":"Raadsbesluit Uitgangspuntennotitie Sociaal Domein Beekdaelen 2019-2022 vastgesteld","dc_type":"bijlage","foi_fairiscoreVersions":{"v1":1,"v2":1},"foi_fileName":"6.9.%20RB%20Uitgangspuntennotitie%20Sociaal%20Domein%20Beekdaelen%202019-2022%20vastgesteld.pdf","foi_nrPages":1},{"dc_format":"application/pdf","dc_identifier":"nl.gm1954.2c.2019.2828637-13.doc.1","dc_source":"https://api1.ibabs.eu/publicdownload.aspx?site=Beekdaelen&id=fc5f8bb3-6770-4db1-b556-8431258b028d","dc_title":"Raadsvoorstel Uitgangspuntennotitie Sociaal Domein Beekdaelen 2019-2022 vastgesteld","dc_type":"bijlage","foi_fairiscoreVersions":{"v1":1,"v2":1},"foi_fileName":"6.9%20RV%20Uitgangspuntennotitie%20Sociaal%20Domein%20Beekdaelen%202019-2022%20vastgesteld.pdf","foi_nrPages":3},{"dc_format":"application/pdf","dc_identifier":"nl.gm1954.2c.2019.2828637-13.doc.4","dc_source":"https://api1.ibabs.eu/publicdownload.aspx?site=Beekdaelen&id=cb2df1b3-8190-41cf-b8aa-aef7fce86225","dc_title":"Beantwoorde technische vragen D66 commissievergadering 7 mei","dc_type":"bijlage","foi_fairiscoreVersions":{"v1":1,"v2":1},"foi_fileName":"Beantwoorde%20technische%20vragen%20D66%20commissievergadering%207%20mei.pdf","foi_nrPages":5},{"dc_format":"application/pdf","dc_identifier":"nl.gm1954.2c.2019.2828637-13.doc.3","dc_source":"https://api1.ibabs.eu/publicdownload.aspx?site=Beekdaelen&id=640018a0-d109-48e1-9036-80a42b6d8244","dc_title":"Uitgangspuntennotitie Sociaal Domein Beekdaelen - versie 27 maart 2019","dc_type":"bijlage","foi_fairiscoreVersions":{"v1":2,"v2":1},"foi_fileName":"Uitgangspuntennotitie%20Sociaal%20Domein%20Beekdaelen%20-%20versie%2027%20maart%202019.pdf","foi_nrPages":17}],"foi_nrDocuments":4,"foi_nrPagesInDossier":26,"foi_publishedDate":"2019-05-21","foi_retrievedDate":"2025-12-02"},{"dc_creator":"HandelingScraper_v1","dc_date_year":2019,"dc_description":"Vergadering van de Gemeente Beekdaelen op 2019-05-21. Onderdeel: Voorstel van B&W inzake vaststellen gewijzigde Algemene Plaatselijke Verordening (APV) gemeente Beekdaelen en intrekken de op 2 januari 2019 vastgestelde APV gemeente Beekdaelen.","dc_identifier":"nl.gm1954.2c.2019.2828637-14","dc_publisher":"gm1954","dc_source":"https://beekdaelen.bestuurlijkeinformatie.nl/Agenda/Index/fda9e45e-445e-449f-9fa3-de601a693f70","dc_title":"Raadsvergadering 2019-05-21 - Voorstel van B&W inzake vaststellen gewijzigde Algemene Plaatselijke Verordening (APV) gemeente Beekdaelen en intrekken de op 2 januari 2019 vastgestelde APV gemeente Beekdaelen","dc_type":"2c","dc_type_description":"Vergaderstuk decentrale overheid","foi_fairiscoreVersions":{"v1":2,"v2":1},"foi_files":[{"dc_format":"application/pdf","dc_identifier":"nl.gm1954.2c.2019.2828637-14.doc.4","dc_source":"https://api1.ibabs.eu/publicdownload.aspx?site=Beekdaelen&id=7f518f0c-c4ba-41e5-97e9-376f33fba441","dc_title":"Algemene Plaatselijke Verordening gemeente Beekdaelen 2019 na amendement - vastgesteld","dc_type":"bijlage","foi_fairiscoreVersions":{"v1":2,"v2":1},"foi_fileName":"7.1%20Algemene%20Plaatselijke%20Verordening%20gemeente%20Beekdaelen%202019%20na%20amendement%20-%20vastgesteld.pdf","foi_nrPages":34},{"dc_format":"application/pdf","dc_identifier":"nl.gm1954.2c.2019.2828637-14.doc.2","dc_source":"https://api1.ibabs.eu/publicdownload.aspx?site=Beekdaelen&id=63fbd769-4a53-441a-bad6-4489dc345bf6","dc_title":"Raadsbesluit vaststellen APV 2019 vastgesteld","dc_type":"bijlage","foi_fairiscoreVersions":{"v1":1,"v2":1},"foi_fileName":"7.1%20RB%20vaststellen%20APV%202019%20vastgesteld.pdf","foi_nrPages":1},{"dc_format":"application/pdf","dc_identifier":"nl.gm1954.2c.2019.2828637-14.doc.1","dc_source":"https://api1.ibabs.eu/publicdownload.aspx?site=Beekdaelen&id=b1f2834e-6630-4372-8f21-a1e0f6a94d7b","dc_title":"Raadsvoorstel inzake vaststelling APV Beekdaelen 2019 vastgesteld","dc_type":"bijlage","foi_fairiscoreVersions":{"v1":1,"v2":1},"foi_fileName":"7.1%20RV%20inzake%20vaststelling%20APV%20Beekdaelen%202019%20vastgesteld.pdf","foi_nrPages":3},{"dc_format":"application/pdf","dc_identifier":"nl.gm1954.2c.2019.2828637-14.doc.3","dc_source":"https://api1.ibabs.eu/publicdownload.aspx?site=Beekdaelen&id=5706d5bb-51d3-4f40-8c2f-a6ca2d4180e2","dc_title":"Amendement CDA, VVD, D66, BL en PvdA sluitingstijden horeca incl. stemuitslag AANGENOMEN","dc_type":"bijlage","foi_fairiscoreVersions":{"v1":1,"v2":1},"foi_fileName":"Amendement%20CDA_%20VVD_%20D66_%20BL%20en%20PvdA%20sluitingstijden%20horeca%20incl.%20stemuitslag%20AANGENOMEN.pdf","foi_nrPages":4},{"dc_format":"application/pdf","dc_identifier":"nl.gm1954.2c.2019.2828637-14.doc.10","dc_source":"https://api1.ibabs.eu/publicdownload.aspx?site=Beekdaelen&id=3d12e928-ffe3-4120-9787-f50fc0d47ff9","dc_title":"RV inzake vaststelling APV Beekdaelen 2019 - oude versie","dc_type":"bijlage","foi_fairiscoreVersions":{"v1":1,"v2":1},"foi_fileName":"APV%202019%20raadsvoorstel.pdf","foi_nrPages":3},{"dc_format":"application/pdf","dc_identifier":"nl.gm1954.2c.2019.2828637-14.doc.7","dc_source":"https://api1.ibabs.eu/publicdownload.aspx?site=Beekdaelen&id=b0010448-671f-4523-85a3-c5878775e803","dc_title":"Adviesrapportage Politie Sluitingstijden Horeca Beekdaelen","dc_type":"bijlage","foi_fairiscoreVersions":{"v1":2,"v2":1},"foi_fileName":"APV%20Adviesrapportage%20Politie%20Sluitingstijden%20Horeca%20Beekdaelen.pdf","foi_nrPages":5},{"dc_format":"application/pdf","dc_identifier":"nl.gm1954.2c.2019.2828637-14.doc.5","dc_source":"https://api1.ibabs.eu/publicdownload.aspx?site=Beekdaelen&id=1995817d-667c-4e2d-9ef6-b54511f6aa40","dc_title":"Overzicht wijzigingen APV Beekdaelen 2019","dc_type":"bijlage","foi_fairiscoreVersions":{"v1":1,"v2":1},"foi_fileName":"APV%20overzicht%20wijzigingen%20APV%20Beekdaelen%202019.pdf","foi_nrPages":13},{"dc_format":"application/pdf","dc_identifier":"nl.gm1954.2c.2019.2828637-14.doc.11","dc_source":"https://api1.ibabs.eu/publicdownload.aspx?site=Beekdaelen&id=fd23da16-262f-4d12-af87-a42a6306ab18","dc_title":"RB inzake vaststelling APV Beekdaelen 2019 - oude versie","dc_type":"bijlage","foi_fairiscoreVersions":{"v1":1,"v2":1},"foi_fileName":"APV%20Raadsbesluit%20APV%202019.pdf","foi_nrPages":1},{"dc_format":"application/pdf","dc_identifier":"nl.gm1954.2c.2019.2828637-14.doc.9","dc_source":"https://api1.ibabs.eu/publicdownload.aspx?site=Beekdaelen&id=a928c12c-8275-4662-9905-a4295a537012","dc_title":"D66 technische vragen incl. antwoorden","dc_type":"bijlage","foi_fairiscoreVersions":{"v1":1,"v2":1},"foi_fileName":"APV%20technische%20vragen%20commissievergadering%207%20mei.pdf","foi_nrPages":2},{"dc_format":"application/pdf","dc_identifier":"nl.gm1954.2c.2019.2828637-14.doc.8","dc_source":"https://api1.ibabs.eu/publicdownload.aspx?site=Beekdaelen&id=aa3990f8-6170-4954-a129-ffa64d2bbcbe","dc_title":"VG technische vragen incl. antwoorden","dc_type":"bijlage","foi_fairiscoreVersions":{"v1":1,"v2":1},"foi_fileName":"APV%20VOORVRAGEN%20VOOR%20DE%20COMMISSIEVERGADERING%20VAN%207%20MEI%202019%20VAN%20DE%20VERNIEUWINGSGROEP.pdf","foi_nrPages":3},{"dc_format":"application/pdf","dc_identifier":"nl.gm1954.2c.2019.2828637-14.doc.6","dc_source":"https://api1.ibabs.eu/publicdownload.aspx?site=Beekdaelen&id=11b08bb0-9fbe-49e5-8d6f-83fc43279b79","dc_title":"Bijlage - Inventarisatie APV's Onderbanken Nuth Schinnen Beekdaelen","dc_type":"bijlage","foi_fairiscoreVersions":{"v1":1,"v2":1},"foi_fileName":"Bijlage%20III%20-%20Inventarisatie%20APV%27s%20Onderbanken%20Nuth%20Schinnen%20Beekdaelen.pdf","foi_nrPages":121}],"foi_nrDocuments":11,"foi_nrPagesInDossier":190,"foi_publishedDate":"2019-05-21","foi_retrievedDate":"2026-03-05"},{"dc_creator":"HandelingScraper_v1","dc_date_year":2019,"dc_description":"Vergadering van de Gemeente Beekdaelen op 2019-05-21. Onderdeel: Voorstel van B&W inzake wijzigen tijdsbestedingsnorm wethouder Janssen.","dc_identifier":"nl.gm1954.2c.2019.2828637-15","dc_publisher":"gm1954","dc_source":"https://beekdaelen.bestuurlijkeinformatie.nl/Agenda/Index/fda9e45e-445e-449f-9fa3-de601a693f70","dc_title":"Raadsvergadering 2019-05-21 - Voorstel van B&W inzake wijzigen tijdsbestedingsnorm wethouder Janssen","dc_type":"2c","dc_type_description":"Vergaderstuk decentrale overheid","foi_fairiscoreVersions":{"v1":1,"v2":1},"foi_files":[{"dc_format":"application/pdf","dc_identifier":"nl.gm1954.2c.2019.2828637-15.doc.2","dc_source":"https://api1.ibabs.eu/publicdownload.aspx?site=Beekdaelen&id=fe3ac4e0-00a2-4d28-b558-47eb2a26bca7","dc_title":"Raadsbesluit wijzigen tijdsbestedingsnorm wethouder Janssen vastgesteld","dc_type":"bijlage","foi_fairiscoreVersions":{"v1":1,"v2":1},"foi_fileName":"7.2%20RB%20wijzigen%20tijdsbestedingsnorm%20wethouder%20Janssen%20vastgesteld.pdf","foi_nrPages":1},{"dc_format":"application/pdf","dc_identifier":"nl.gm1954.2c.2019.2828637-15.doc.1","dc_source":"https://api1.ibabs.eu/publicdownload.aspx?site=Beekdaelen&id=561ecbce-bb05-4464-9fe1-e662ac9c7841","dc_title":"Raadsvoorstel wijzigen tijdsbestedingsnorm wethouder Janssen vastgesteld","dc_type":"bijlage","foi_fairiscoreVersions":{"v1":1,"v2":1},"foi_fileName":"7.2%20RV%20wijzigen%20tijdsbestedingsnorm%20wethouder%20Janssen%20vastgesteld.pdf","foi_nrPages":1},{"dc_format":"application/pdf","dc_identifier":"nl.gm1954.2c.2019.2828637-15.doc.3","dc_source":"https://api1.ibabs.eu/publicdownload.aspx?site=Beekdaelen&id=882f30e6-759e-4a29-8ae4-6324167c9cc7","dc_title":"Beantwoorde technische vragen D66 commissievergadering 7 mei","dc_type":"bijlage","foi_fairiscoreVersions":{"v1":1,"v2":1},"foi_fileName":"Beantwoorde%20technische%20vragen%20D66%20commissievergadering%207%20mei.pdf","foi_nrPages":5},{"dc_format":"application/pdf","dc_identifier":"nl.gm1954.2c.2019.2828637-15.doc.4","dc_source":"https://api1.ibabs.eu/publicdownload.aspx?site=Beekdaelen&id=fc4e1e4d-4f6e-4003-8e74-3e63ba9357c4","dc_title":"Concept raadsbesluit wijziging tijdsbestedingsnorm wethouder Janssen - oude versie","dc_type":"bijlage","foi_fairiscoreVersions":{"v1":1,"v2":1},"foi_fileName":"Concept%20raadsbesluit%20wijziging%20tijdsbestedingsnorm%20wethouder%20Janssen.pdf","foi_nrPages":1}],"foi_nrDocuments":4,"foi_nrPagesInDossier":8,"foi_publishedDate":"2019-05-21","foi_retrievedDate":"2026-03-01"},{"dc_creator":"HandelingScraper_v1","dc_date_year":2019,"dc_description":"Vergadering van de Gemeente Beekdaelen op 2019-05-21. Onderdeel: Voorstel van B&W inzake instemmen met de geformuleerde zienswijze zijnde niet instemmen met de ontwerpbegroting 2020 en de Meerjarenraming 2021-2023 Stadsregio Parkstad Limburg en dit de Stadsregio te laten weten aangezien de gemeente Beekdaelen nog geen besluit heeft genomen t.a.v. de deelname voor het volledige grondgebied aan de gemeenschappelijke regeling Parkstad Limburg.","dc_identifier":"nl.gm1954.2c.2019.2828637-16","dc_publisher":"gm1954","dc_source":"https://beekdaelen.bestuurlijkeinformatie.nl/Agenda/Index/fda9e45e-445e-449f-9fa3-de601a693f70","dc_title":"Raadsvergadering 2019-05-21 - Voorstel van B&W inzake instemmen met de geformuleerde zienswijze zijnde niet instemmen met de ontwerpbegroting 2020 en de Meerjarenraming 2021-2023 Stadsregio Parkstad Limburg en dit de Stadsregio te laten weten aangezien de gemeente Beekdaelen nog geen besluit heeft genomen t.a.v. de deelname voor het volledige grondgebied aan de gemeenschappelijke regeling Parkstad Limburg","dc_type":"2c","dc_type_description":"Vergaderstuk decentrale overheid","foi_fairiscoreVersions":{"v1":2,"v2":1},"foi_files":[{"dc_format":"application/pdf","dc_identifier":"nl.gm1954.2c.2019.2828637-16.doc.2","dc_source":"https://api1.ibabs.eu/publicdownload.aspx?site=Beekdaelen&id=4d2e469f-7d57-4e1d-a326-68fa683837df","dc_title":"Raadsbesluit ontwerpbegroting 2020 meerjarenraming 2012-2033 Parkstad Limburg vastgesteld","dc_type":"bijlage","foi_fairiscoreVersions":{"v1":1,"v2":1},"foi_fileName":"7.3%20RB%20ontwerpbegroting%202020%20meerjarenraming%202012-2033%20Parkstad%20Limburg%20vastgesteld.pdf","foi_nrPages":1},{"dc_format":"application/pdf","dc_identifier":"nl.gm1954.2c.2019.2828637-16.doc.1","dc_source":"https://api1.ibabs.eu/publicdownload.aspx?site=Beekdaelen&id=9db5b19a-b6b7-4fa8-b482-892efa38dc53","dc_title":"Raadsvoorstel ontwerpbegroting 2020 meerjarenraming 2021-2033 Parkstad Limburg vastgesteld","dc_type":"bijlage","foi_fairiscoreVersions":{"v1":1,"v2":1},"foi_fileName":"7.3%20RV%20ontwerpbegroting%202020%20meerjarenraming%202021-2033%20Parkstad%20Limburg%20vastgesteld.pdf","foi_nrPages":3},{"dc_format":"application/pdf","dc_identifier":"nl.gm1954.2c.2019.2828637-16.doc.6","dc_source":"https://api1.ibabs.eu/publicdownload.aspx?site=Beekdaelen&id=2da4c972-a280-4e32-b5d1-960eecd44ec0","dc_title":"D66 technische vragen incl. antwoorden","dc_type":"bijlage","foi_fairiscoreVersions":{"v1":1,"v2":1},"foi_fileName":"Beantwoorde%20technische%20vragen%20D66%20commissievergadering%207%20mei.pdf","foi_nrPages":5},{"dc_format":"application/pdf","dc_identifier":"nl.gm1954.2c.2019.2828637-16.doc.3","dc_source":"https://api1.ibabs.eu/publicdownload.aspx?site=Beekdaelen&id=370aa34a-b3fb-4aa1-bfe6-8d5a5a1e1993","dc_title":"Parkstad Bijlage 1 Concept ontwerpbegroting PL 2020","dc_type":"bijlage","foi_fairiscoreVersions":{"v1":1,"v2":1},"foi_fileName":"Parkstad%20Bijlage%201%20Concept%20ontwerpbegroting%20PL%202020.pdf","foi_nrPages":33},{"dc_format":"application/pdf","dc_identifier":"nl.gm1954.2c.2019.2828637-16.doc.4","dc_source":"https://api1.ibabs.eu/publicdownload.aspx?site=Beekdaelen&id=a6b4cc99-9114-421b-b971-432d7f6bbec9","dc_title":"Parkstad Bijlage 2 Concept Jaarstukken 2018 - deel I  Jaarverslag 2018","dc_type":"bijlage","foi_fairiscoreVersions":{"v1":2,"v2":1},"foi_fileName":"Parkstad%20Bijlage%202%20Concept%20Jaarstukken%202018%20-deel%20I-%20Jaarverslag%202018.pdf","foi_nrPages":49},{"dc_format":"application/pdf","dc_identifier":"nl.gm1954.2c.2019.2828637-16.doc.5","dc_source":"https://api1.ibabs.eu/publicdownload.aspx?site=Beekdaelen&id=f4624117-19f9-4964-b041-e5236d02bfd8","dc_title":"Parkstad Bijlage 3 Concept Jaarstukken 2018 - deel II Jaarrekening 2018","dc_type":"bijlage","foi_fairiscoreVersions":{"v1":2,"v2":1},"foi_fileName":"Parkstad%20Bijlage%203%20Concept%20Jaarstukken%202018%20-%20deel%20II-%20Jaarrekening%202018.pdf","foi_nrPages":40},{"dc_format":"application/pdf","dc_identifier":"nl.gm1954.2c.2019.2828637-16.doc.7","dc_source":"https://api1.ibabs.eu/publicdownload.aspx?site=Beekdaelen&id=c7f94a2c-3f42-44e5-913d-1763eb615d6a","dc_title":"CDA en D66 Vragen en antwoorden Parkstad uit cie 7-5-19","dc_type":"bijlage","foi_fairiscoreVersions":{"v1":1,"v2":1},"foi_fileName":"Vragen%20Parkstad%20uit%20cie%207-5-19.pdf","foi_nrPages":2}],"foi_nrDocuments":7,"foi_nrPagesInDossier":133,"foi_publishedDate":"2019-05-21","foi_retrievedDate":"2026-03-05"},{"dc_creator":"HandelingScraper_v1","dc_date_year":2019,"dc_description":"Vergadering van de Gemeente Beekdaelen op 2019-05-21. Onderdeel: Voorstel van B&W inzake uitspreken van een zienswijze t.a.v. de Begroting 2020 en de Meerjarenraming 2021-2023 RUD en kennis te nemen van de jaarstukken 2018 RUD.","dc_identifier":"nl.gm1954.2c.2019.2828637-17","dc_publisher":"gm1954","dc_source":"https://beekdaelen.bestuurlijkeinformatie.nl/Agenda/Index/fda9e45e-445e-449f-9fa3-de601a693f70","dc_title":"Raadsvergadering 2019-05-21 - Voorstel van B&W inzake uitspreken van een zienswijze t.a.v. de Begroting 2020 en de Meerjarenraming 2021-2023 RUD en kennis te nemen van de jaarstukken 2018 RUD","dc_type":"2c","dc_type_description":"Vergaderstuk decentrale overheid","foi_fairiscoreVersions":{"v1":3,"v2":3},"foi_files":[{"dc_format":"application/pdf","dc_identifier":"nl.gm1954.2c.2019.2828637-17.doc.2","dc_source":"https://api1.ibabs.eu/publicdownload.aspx?site=Beekdaelen&id=d766ff48-b1e5-4d7b-954d-acd3ed730bd4","dc_title":"Raadsbesluit RUD zienswijze begroting 2020 en MJR 2012-2023 RUD en kennisname Jaarstukken 2018 vastgesteld","dc_type":"bijlage","foi_fairiscoreVersions":{"v1":1,"v2":1},"foi_fileName":"7.4%20RB%20RUD%20zienswijze%20begroting%202020%20en%20MJR%202012-2023%20RUD%20en%20kennisname%20Jaarstukken%202018%20vastgesteld.pdf","foi_nrPages":1},{"dc_format":"application/pdf","dc_identifier":"nl.gm1954.2c.2019.2828637-17.doc.1","dc_source":"https://api1.ibabs.eu/publicdownload.aspx?site=Beekdaelen&id=e129c3e9-eb2b-4f0f-81c4-9a3083ded14f","dc_title":"Raadsvoorstel RUD Ontwerpbegroting 2020, MJR 2021-2023 en Jaarstukken 2018 vastgesteld","dc_type":"bijlage","foi_fairiscoreVersions":{"v1":1,"v2":1},"foi_fileName":"7.4%20RV%20RUD%20Ontwerpbegroting%202020_%20MJR%202021-2023%20en%20Jaarstukken%202018%20vastgesteld.pdf","foi_nrPages":6},{"dc_format":"application/pdf","dc_identifier":"nl.gm1954.2c.2019.2828637-17.doc.6","dc_source":"https://api1.ibabs.eu/publicdownload.aspx?site=Beekdaelen&id=893902eb-1734-4d87-9a15-12cbbe30391a","dc_title":"Beantwoorde technische vragen D66","dc_type":"bijlage","foi_fairiscoreVersions":{"v1":1,"v2":1},"foi_fileName":"Beantwoorde%20technische%20vragen%20D66%20commissievergadering%207%20mei.pdf","foi_nrPages":5},{"dc_format":"application/pdf","dc_identifier":"nl.gm1954.2c.2019.2828637-17.doc.7","dc_source":"https://api1.ibabs.eu/publicdownload.aspx?site=Beekdaelen&id=f0b63206-134c-4d21-ba9f-79feb8f41a53","dc_title":"Beantwoorde voorvragen inzake RUD van fractie CDA","dc_type":"bijlage","foi_fairiscoreVersions":{"v1":1,"v2":1},"foi_fileName":"Beantwoorde%20voorvragen%20RUD%20raadscommissie%207%20en%209%20mei%20CDA%20fractie.pdf","foi_nrPages":4},{"dc_format":"application/pdf","dc_identifier":"nl.gm1954.2c.2019.2828637-17.doc.5","dc_source":"https://api1.ibabs.eu/publicdownload.aspx?site=Beekdaelen&id=6e621734-7c0f-4102-91af-7d25a44a2506","dc_title":"Ontwikkelingen GR's Beekdaelen","dc_type":"bijlage","foi_fairiscoreVersions":{"v1":1,"v2":1},"foi_fileName":"Ontwikkelingen%20GR%27s%20Beekdaelen.pdf","foi_nrPages":3},{"dc_format":"application/pdf","dc_identifier":"nl.gm1954.2c.2019.2828637-17.doc.3","dc_source":"https://api1.ibabs.eu/publicdownload.aspx?site=Beekdaelen&id=6c9d9702-34da-4d04-a1cf-2b897949c50e","dc_title":"RUD begroting 2020","dc_type":"bijlage","foi_fairiscoreVersions":{"v1":5,"v2":5},"foi_fileName":"RUD%20begroting%202020.pdf","foi_nrPages":27},{"dc_format":"application/pdf","dc_identifier":"nl.gm1954.2c.2019.2828637-17.doc.4","dc_source":"https://api1.ibabs.eu/publicdownload.aspx?site=Beekdaelen&id=dd7db3cb-1790-4068-9f1a-9e57e3663770","dc_title":"RUD jaarrekening 2018","dc_type":"bijlage","foi_fairiscoreVersions":{"v1":5,"v2":5},"foi_fileName":"RUD%20jaarrekening%202018.pdf","foi_nrPages":52}],"foi_nrDocuments":7,"foi_nrPagesInDossier":98,"foi_publishedDate":"2019-05-21","foi_retrievedDate":"2026-03-05"},{"dc_creator":"HandelingScraper_v1","dc_date_year":2019,"dc_description":"Vergadering van de Gemeente Beekdaelen op 2019-05-21. Onderdeel: Voorstel van B&W inzake vaststellen van de beleidsregel \"Regionaal Afwegingskader Grootschalige Duurzame Energieopwekking\".","dc_identifier":"nl.gm1954.2c.2019.2828637-18","dc_publisher":"gm1954","dc_source":"https://beekdaelen.bestuurlijkeinformatie.nl/Agenda/Index/fda9e45e-445e-449f-9fa3-de601a693f70","dc_title":"Raadsvergadering 2019-05-21 - Voorstel van B&W inzake vaststellen van de beleidsregel \"Regionaal Afwegingskader Grootschalige Duurzame Energieopwekking\"","dc_type":"2c","dc_type_description":"Vergaderstuk decentrale overheid","foi_fairiscoreVersions":{"v1":2,"v2":2},"foi_files":[{"dc_format":"application/pdf","dc_identifier":"nl.gm1954.2c.2019.2828637-18.doc.2","dc_source":"https://api1.ibabs.eu/publicdownload.aspx?site=Beekdaelen&id=21ddd848-cba9-4de6-9d74-9afc1cb34ec8","dc_title":"Raadsbesluit beleidsregel Regionaal Afwegingskader - Grootschalige Duurzame Energieopwekking vastgesteld","dc_type":"bijlage","foi_fairiscoreVersions":{"v1":1,"v2":1},"foi_fileName":"7.5%20RB%20beleidsregel%20Regionaal%20Afwegingskader%20-%20Grootschalige%20Duurzame%20Energieopwekking%20vastgesteld.pdf","foi_nrPages":1},{"dc_format":"application/pdf","dc_identifier":"nl.gm1954.2c.2019.2828637-18.doc.1","dc_source":"https://api1.ibabs.eu/publicdownload.aspx?site=Beekdaelen&id=ae8626c6-ad23-4b6c-a3d1-f6ffc92a88f9","dc_title":"Raadsvoorstel beleidsregel Regionaal Afwegingskader - Grootschalige Duurzame Energieopwekking vastgesteld","dc_type":"bijlage","foi_fairiscoreVersions":{"v1":1,"v2":1},"foi_fileName":"7.5%20RV%20beleidsregel%20Regionaal%20Afwegingskader%20-%20Grootschalige%20Duurzame%20Energieopwekking%20vastgesteld.pdf","foi_nrPages":3},{"dc_format":"application/pdf","dc_identifier":"nl.gm1954.2c.2019.2828637-18.doc.6","dc_source":"https://api1.ibabs.eu/publicdownload.aspx?site=Beekdaelen&id=6b08ec7b-372e-4993-b315-e404d1927e1a","dc_title":"D66 technische vragen incl. antwoorden","dc_type":"bijlage","foi_fairiscoreVersions":{"v1":1,"v2":1},"foi_fileName":"Beantwoorde%20technische%20vragen%20D66%20commissievergadering%207%20mei.pdf","foi_nrPages":5},{"dc_format":"application/pdf","dc_identifier":"nl.gm1954.2c.2019.2828637-18.doc.8","dc_source":"https://api1.ibabs.eu/publicdownload.aspx?site=Beekdaelen&id=ceaff6bc-20ac-4817-a607-83d9f0763dc2","dc_title":"CDA technische vragen incl. antwooren","dc_type":"bijlage","foi_fairiscoreVersions":{"v1":1,"v2":1},"foi_fileName":"Beantwoorde%20voorvragen%20raadscommissie%207%20en%209%20mei%20CDA%20fractie.pdf","foi_nrPages":3},{"dc_format":"application/pdf","dc_identifier":"nl.gm1954.2c.2019.2828637-18.doc.7","dc_source":"https://api1.ibabs.eu/publicdownload.aspx?site=Beekdaelen&id=ffa0abec-3963-44b8-a04c-5e2e37456b5c","dc_title":"Vernieuwingsgroep technische vragen incl. antwoorden","dc_type":"bijlage","foi_fairiscoreVersions":{"v1":1,"v2":1},"foi_fileName":"Beantwoorde%20VOORVRAGEN%20VOOR%20DE%20COMMISSIEVERGADERING%20VAN%207%20MEI%202019%20VAN%20DE%20VERNIEUWINGSGROEP.pdf","foi_nrPages":7},{"dc_format":"application/pdf","dc_identifier":"nl.gm1954.2c.2019.2828637-18.doc.3","dc_source":"https://api1.ibabs.eu/publicdownload.aspx?site=Beekdaelen&id=abb3721f-6a49-41bc-ab0a-0d435668d737","dc_title":"Beleidsregel PALET Regionaal Afwegingskader","dc_type":"bijlage","foi_fairiscoreVersions":{"v1":2,"v2":2},"foi_fileName":"Beleidsregel%20PALET%20Regionaal%20Afwegingskader.pdf","foi_nrPages":14},{"dc_format":"application/pdf","dc_identifier":"nl.gm1954.2c.2019.2828637-18.doc.4","dc_source":"https://api1.ibabs.eu/publicdownload.aspx?site=Beekdaelen&id=7f192b63-c820-4fa0-a60f-4bf132f22bfa","dc_title":"Bijlage - Regionale Inspraaknota PALET Regionaal Afwegingskader","dc_type":"bijlage","foi_fairiscoreVersions":{"v1":1,"v2":1},"foi_fileName":"Bijlage%20-%20Regionale%20Inspraaknota%20PALET%20Regionaal%20Afwegingskader.pdf","foi_nrPages":2},{"dc_format":"application/pdf","dc_identifier":"nl.gm1954.2c.2019.2828637-18.doc.5","dc_source":"https://api1.ibabs.eu/publicdownload.aspx?site=Beekdaelen&id=42a8e700-2b04-4613-b4b0-863e1f121820","dc_title":"Flyer PALET Regionaal Afwegingskader","dc_type":"bijlage","foi_fairiscoreVersions":{"v1":1,"v2":1},"foi_fileName":"Flyer%20PALET%20Regionaal%20Afwegingskader%20%28bijlage%203%29.pdf","foi_nrPages":2},{"dc_format":"application/pdf","dc_identifier":"nl.gm1954.2c.2019.2828637-18.doc.10","dc_source":"https://api1.ibabs.eu/publicdownload.aspx?site=Beekdaelen&id=1dd11a45-c2ae-4c8b-9813-ec87c204a8b9","dc_title":"Kaarten PALET","dc_type":"bijlage","foi_fairiscoreVersions":{"v1":2,"v2":2},"foi_fileName":"Kaarten%20PALET.pdf","foi_nrPages":4},{"dc_format":"application/pdf","dc_identifier":"nl.gm1954.2c.2019.2828637-18.doc.9","dc_source":"https://api1.ibabs.eu/publicdownload.aspx?site=Beekdaelen&id=31440e76-3a67-47fb-9c11-f54c4afa7f61","dc_title":"Mail ivm kaartmateriaal","dc_type":"bijlage","foi_fairiscoreVersions":{"v1":5,"v2":5},"foi_fileName":"mail%20kaartmateriaal.pdf","foi_nrPages":1},{"dc_format":"application/pdf","dc_identifier":"nl.gm1954.2c.2019.2828637-18.doc.11","dc_source":"https://api1.ibabs.eu/publicdownload.aspx?site=Beekdaelen&id=2d2f5a4e-4850-4924-8645-f74b7d6924fb","dc_title":"POL kaart met nationaal landschap","dc_type":"bijlage","foi_fairiscoreVersions":{"v1":2,"v2":1},"foi_fileName":"POL%20kaart%20met%20nationaal%20landschap.pdf","foi_nrPages":1},{"dc_format":"application/pdf","dc_identifier":"nl.gm1954.2c.2019.2828637-18.doc.12","dc_source":"https://api1.ibabs.eu/publicdownload.aspx?site=Beekdaelen&id=851f9277-fceb-4bcf-a701-786988fa05b9","dc_title":"POL kaart zonder nationaal landschap","dc_type":"bijlage","foi_fairiscoreVersions":{"v1":2,"v2":1},"foi_fileName":"POL%20kaart%20zonder%20nationaal%20landschap.pdf","foi_nrPages":1},{"dc_format":"application/pdf","dc_identifier":"nl.gm1954.2c.2019.2828637-18.doc.13","dc_source":"https://api1.ibabs.eu/publicdownload.aspx?site=Beekdaelen&id=cc8c47a7-41a9-41da-afe6-3ddae8f1f927","dc_title":"Raadsvoorstel - oude versie","dc_type":"bijlage","foi_fairiscoreVersions":{"v1":1,"v2":1},"foi_fileName":"Raadsvoorstel.pdf","foi_nrPages":3}],"foi_nrDocuments":13,"foi_nrPagesInDossier":47,"foi_publishedDate":"2019-05-21","foi_retrievedDate":"2025-12-29"},{"dc_creator":"HandelingScraper_v1","dc_date_year":2019,"dc_description":"Vergadering van de Gemeente Beekdaelen op 2019-05-21. Onderdeel: Voorstel van B&W inzake vaststellen van de Verordening Leerlingenvervoer Beekdaelen 2019 met inwerkingstreding op 21 mei 2019.","dc_identifier":"nl.gm1954.2c.2019.2828637-19","dc_publisher":"gm1954","dc_source":"https://beekdaelen.bestuurlijkeinformatie.nl/Agenda/Index/fda9e45e-445e-449f-9fa3-de601a693f70","dc_title":"Raadsvergadering 2019-05-21 - Voorstel van B&W inzake vaststellen van de Verordening Leerlingenvervoer Beekdaelen 2019 met inwerkingstreding op 21 mei 2019","dc_type":"2c","dc_type_description":"Vergaderstuk decentrale overheid","foi_fairiscoreVersions":{"v1":1,"v2":1},"foi_files":[{"dc_format":"application/pdf","dc_identifier":"nl.gm1954.2c.2019.2828637-19.doc.2","dc_source":"https://api1.ibabs.eu/publicdownload.aspx?site=Beekdaelen&id=e8a24db0-068e-4ee0-b731-b1225e009a62","dc_title":"Raadsbesluit verordening leerlingenvervoer gemeente Beekdaelen 2019 vastgesteld","dc_type":"bijlage","foi_fairiscoreVersions":{"v1":1,"v2":1},"foi_fileName":"7.6%20RB%20verordening%20leerlingenvervoer%20gemeente%20Beekdaelen%202019%20vastgesteld.pdf","foi_nrPages":1},{"dc_format":"application/pdf","dc_identifier":"nl.gm1954.2c.2019.2828637-19.doc.1","dc_source":"https://api1.ibabs.eu/publicdownload.aspx?site=Beekdaelen&id=54b9ea86-32ef-4807-8ff5-c984430231db","dc_title":"Raadsvoorstel verordening leerlingenvervoer gemeente Beekdaelen 2019 vastgesteld","dc_type":"bijlage","foi_fairiscoreVersions":{"v1":1,"v2":1},"foi_fileName":"7.6%20RV%20verordening%20leerlingenvervoer%20gemeente%20Beekdaelen%202019%20vastgesteld.pdf","foi_nrPages":3},{"dc_format":"application/pdf","dc_identifier":"nl.gm1954.2c.2019.2828637-19.doc.3","dc_source":"https://api1.ibabs.eu/publicdownload.aspx?site=Beekdaelen&id=56d27590-bd6a-46f3-9156-daca66378740","dc_title":"Verordening leerlingenvervoer gemeente Beekdaelen 2019 vastgesteld","dc_type":"bijlage","foi_fairiscoreVersions":{"v1":1,"v2":1},"foi_fileName":"7.6%20Verordening%20leerlingenvervoer%20gemeente%20Beekdaelen%202019%20vastgesteld.pdf","foi_nrPages":30},{"dc_format":"application/pdf","dc_identifier":"nl.gm1954.2c.2019.2828637-19.doc.4","dc_source":"https://api1.ibabs.eu/publicdownload.aspx?site=Beekdaelen&id=80a97e87-d8e4-424b-a6c8-ef48870a9884","dc_title":"Antwoorden op vragen GroenLinks met betrekking tot Sociaal Domein","dc_type":"bijlage","foi_fairiscoreVersions":{"v1":1,"v2":1},"foi_fileName":"Antwoorden%20op%20vragen%20GroenLinks%20met%20betrekking%20tot%20Sociaal%20Domein.pdf","foi_nrPages":2}],"foi_nrDocuments":4,"foi_nrPagesInDossier":36,"foi_publishedDate":"2019-05-21","foi_retrievedDate":"2026-03-01"},{"dc_creator":"HandelingScraper_v1","dc_date_year":2019,"dc_description":"Vergadering van de Gemeente Beekdaelen op 2019-05-21. Onderdeel: Vaststelling van de agenda.","dc_identifier":"nl.gm1954.2c.2019.2828637-2","dc_publisher":"gm1954","dc_source":"https://beekdaelen.bestuurlijkeinformatie.nl/Agenda/Index/fda9e45e-445e-449f-9fa3-de601a693f70","dc_title":"Raadsvergadering 2019-05-21 - Vaststelling van de agenda","dc_type":"2c","dc_type_description":"Vergaderstuk decentrale overheid","foi_fairiscoreVersions":{"v1":1,"v2":1},"foi_files":[{"dc_format":"application/pdf","dc_identifier":"nl.gm1954.2c.2019.2828637-2.doc.1","dc_source":"https://api1.ibabs.eu/publicdownload.aspx?site=Beekdaelen&id=92ce744a-2fec-4eda-9f1f-b47cd6a39408","dc_title":"Vastgestelde agenda raadsvergadering 21052019","dc_type":"bijlage","foi_fairiscoreVersions":{"v1":1,"v2":1},"foi_fileName":"Vastgestelde%20agenda%20raadsvergadering%2021052019.pdf","foi_nrPages":2}],"foi_nrDocuments":1,"foi_nrPagesInDossier":2,"foi_publishedDate":"2019-05-21","foi_retrievedDate":"2026-03-05"},{"dc_creator":"HandelingScraper_v1","dc_date_year":2019,"dc_description":"Vergadering van de Gemeente Beekdaelen op 2019-05-21. Onderdeel: Voorstel van B&W inzake het beleidsplan 2019/2020 gewijzigd vast te stellen t.a.v. de wijziging van de Inburgeringswet per 2021, de GR Kompas in relatie tot deelname Beekdaelen en deelname van Kompas aan de pilot co\u00f6peratieve aanpak en een positieve zienswijze te geven t.a.v. de begrotingswijziging 2019, begroting 2020 en meerjarenbegroting 2020-2023 ISD Kompas.","dc_identifier":"nl.gm1954.2c.2019.2828637-20","dc_publisher":"gm1954","dc_source":"https://beekdaelen.bestuurlijkeinformatie.nl/Agenda/Index/fda9e45e-445e-449f-9fa3-de601a693f70","dc_title":"Raadsvergadering 2019-05-21 - Voorstel van B&W inzake het beleidsplan 2019/2020 gewijzigd vast te stellen t.a.v. de wijziging van de Inburgeringswet per 2021, de GR Kompas in relatie tot deelname Beekdaelen en deelname van Kompas aan de pilot co\u00f6peratieve aanpak en een positieve zienswijze te geven t.a.v. de begrotingswijziging 2019, begroting 2020 en meerjarenbegroting 2020-2023 ISD Kompas","dc_type":"2c","dc_type_description":"Vergaderstuk decentrale overheid","foi_fairiscoreVersions":{"v1":3,"v2":3},"foi_files":[{"dc_format":"application/pdf","dc_identifier":"nl.gm1954.2c.2019.2828637-20.doc.2","dc_source":"https://api1.ibabs.eu/publicdownload.aspx?site=Beekdaelen&id=c7575745-cc34-4034-bded-bc3375e614a2","dc_title":"Raadsbesluit beleidsplan 2019-2020 etc Kompas vastgesteld","dc_type":"bijlage","foi_fairiscoreVersions":{"v1":1,"v2":1},"foi_fileName":"7.7.%20RB%20beleidsplan%202019-2020%20etc%20Kompas%20vastgesteld.pdf","foi_nrPages":1},{"dc_format":"application/pdf","dc_identifier":"nl.gm1954.2c.2019.2828637-20.doc.1","dc_source":"https://api1.ibabs.eu/publicdownload.aspx?site=Beekdaelen&id=7415e98c-13a4-42d5-bd14-2ab98727dc01","dc_title":"Raadsvoorstel beleidsplan 2019-2020 etc Kompas vastgesteld","dc_type":"bijlage","foi_fairiscoreVersions":{"v1":1,"v2":1},"foi_fileName":"7.7.%20RV%20beleidsplan%202019-2020%20etc%20Kompas%20vastgesteld.pdf","foi_nrPages":6},{"dc_format":"application/pdf","dc_identifier":"nl.gm1954.2c.2019.2828637-20.doc.4","dc_source":"https://api1.ibabs.eu/publicdownload.aspx?site=Beekdaelen&id=07569d5f-98d7-4e42-bb57-0661a0dff378","dc_title":"Kompas begroting 2020","dc_type":"bijlage","foi_fairiscoreVersions":{"v1":5,"v2":5},"foi_fileName":"Kompas%20begroting%202020.pdf","foi_nrPages":14},{"dc_format":"application/pdf","dc_identifier":"nl.gm1954.2c.2019.2828637-20.doc.3","dc_source":"https://api1.ibabs.eu/publicdownload.aspx?site=Beekdaelen&id=09b231e2-4082-4727-a5e1-b33f2468507c","dc_title":"Kompas begrotingswijziging 2019","dc_type":"bijlage","foi_fairiscoreVersions":{"v1":5,"v2":5},"foi_fileName":"Kompas%20begrotingswijziging%202019.pdf","foi_nrPages":19},{"dc_format":"application/pdf","dc_identifier":"nl.gm1954.2c.2019.2828637-20.doc.5","dc_source":"https://api1.ibabs.eu/publicdownload.aspx?site=Beekdaelen&id=bbadfbe6-6c56-4372-ace7-dd970134bb0c","dc_title":"Kompas beleidsplan","dc_type":"bijlage","foi_fairiscoreVersions":{"v1":5,"v2":5},"foi_fileName":"Kompas%20beleidsplan.pdf","foi_nrPages":14},{"dc_format":"application/pdf","dc_identifier":"nl.gm1954.2c.2019.2828637-20.doc.9","dc_source":"https://api1.ibabs.eu/publicdownload.aspx?site=Beekdaelen&id=61bc67e3-5d18-454a-bd22-b7aa9dea400f","dc_title":"Kompas gewijzigd raadsbesluit - VERVALLEN","dc_type":"bijlage","foi_fairiscoreVersions":{"v1":1,"v2":1},"foi_fileName":"Kompas%20gewijzigd%20raadsbesluit%20stukken%202019.docx%20-%20Z19126176%20-%20193868%20-%20Raadsbesluit%20inzake%20beleidsplan%2020192020%20begrotingswijziging%202019%20begroting%202020%20en%20MJB%202020-2023%20Kompas.pdf","foi_nrPages":1},{"dc_format":"application/pdf","dc_identifier":"nl.gm1954.2c.2019.2828637-20.doc.8","dc_source":"https://api1.ibabs.eu/publicdownload.aspx?site=Beekdaelen&id=6d3dffb4-c414-4935-8841-1fc1edfd8cf5","dc_title":"Kompas gewijzigd raadsvoorstel - VERVALLEN","dc_type":"bijlage","foi_fairiscoreVersions":{"v1":1,"v2":1},"foi_fileName":"Kompas%20gewijzigd%20raadsvoorstel%20193363_2.docx%20-%20Z19126176%20-%20193363.pdf","foi_nrPages":6},{"dc_format":"application/pdf","dc_identifier":"nl.gm1954.2c.2019.2828637-20.doc.6","dc_source":"https://api1.ibabs.eu/publicdownload.aspx?site=Beekdaelen&id=4427140c-7664-48f2-8927-328fe3d33de9","dc_title":"Ontwikkelingen GR's Beekdaelen","dc_type":"bijlage","foi_fairiscoreVersions":{"v1":1,"v2":1},"foi_fileName":"Ontwikkelingen%20GR%27s%20Beekdaelen.pdf","foi_nrPages":3},{"dc_format":"application/pdf","dc_identifier":"nl.gm1954.2c.2019.2828637-20.doc.7","dc_source":"https://api1.ibabs.eu/publicdownload.aspx?site=Beekdaelen&id=0320593e-f8bc-482d-b495-7818a3d3ecc5","dc_title":"Vragen incl. antwoorden VVD inz Kompas","dc_type":"bijlage","foi_fairiscoreVersions":{"v1":1,"v2":1},"foi_fileName":"Vragen%20VVD%20inz%20Kompas.pdf","foi_nrPages":1}],"foi_nrDocuments":9,"foi_nrPagesInDossier":65,"foi_publishedDate":"2019-05-21","foi_retrievedDate":"2026-04-10"},{"dc_creator":"HandelingScraper_v1","dc_date_year":2019,"dc_description":"Vergadering van de Gemeente Beekdaelen op 2019-05-21. Onderdeel: Voorstel van B&W inzake kennisnemen van de concept ontwerpbegroting 2020 en aan de GR Vixia de zienswijze meedelen dat uiterlijk bij de bijgestelde begroting 2020 duidelijkheid moet bestaan over de haalbaarheid van het Implementatieplan transformatie Vixia BV en de daarin genoemde taakstelling.","dc_identifier":"nl.gm1954.2c.2019.2828637-21","dc_publisher":"gm1954","dc_source":"https://beekdaelen.bestuurlijkeinformatie.nl/Agenda/Index/fda9e45e-445e-449f-9fa3-de601a693f70","dc_title":"Raadsvergadering 2019-05-21 - Voorstel van B&W inzake kennisnemen van de concept ontwerpbegroting 2020 en aan de GR Vixia de zienswijze meedelen dat uiterlijk bij de bijgestelde begroting 2020 duidelijkheid moet bestaan over de haalbaarheid van het Implementatieplan transformatie Vixia BV en de daarin genoemde taakstelling","dc_type":"2c","dc_type_description":"Vergaderstuk decentrale overheid","foi_fairiscoreVersions":{"v1":3,"v2":3},"foi_files":[{"dc_format":"application/pdf","dc_identifier":"nl.gm1954.2c.2019.2828637-21.doc.2","dc_source":"https://api1.ibabs.eu/publicdownload.aspx?site=Beekdaelen&id=ee1ee0e5-ce4e-42f6-965a-3ed41fe559e0","dc_title":"Raadsbesluit ontwerpbegroting 2020 Vixia vastgesteld","dc_type":"bijlage","foi_fairiscoreVersions":{"v1":1,"v2":1},"foi_fileName":"7.8%20RB%20ontwerpbegroting%202020%20Vixia%20vastgesteld.pdf","foi_nrPages":1},{"dc_format":"application/pdf","dc_identifier":"nl.gm1954.2c.2019.2828637-21.doc.1","dc_source":"https://api1.ibabs.eu/publicdownload.aspx?site=Beekdaelen&id=37ae60b2-730e-4b6a-821a-1101474c17c6","dc_title":"Raadsvoorstel ontwerpbegroting 2020 Vixia vastgesteld","dc_type":"bijlage","foi_fairiscoreVersions":{"v1":1,"v2":1},"foi_fileName":"7.8%20RV%20ontwerpbegroting%202020%20Vixia%20vastgesteld.pdf","foi_nrPages":3},{"dc_format":"application/pdf","dc_identifier":"nl.gm1954.2c.2019.2828637-21.doc.4","dc_source":"https://api1.ibabs.eu/publicdownload.aspx?site=Beekdaelen&id=f2d5e033-4711-4022-aa2b-56704f956042","dc_title":"Beantwoording vragen CDA mbt B18 begroting 2020 Vixia","dc_type":"bijlage","foi_fairiscoreVersions":{"v1":1,"v2":1},"foi_fileName":"Beantwoording%20vragen%20CDA%20mbt%20B18%20begroting%202020%20Vixia.pdf","foi_nrPages":2},{"dc_format":"application/pdf","dc_identifier":"nl.gm1954.2c.2019.2828637-21.doc.6","dc_source":"https://api1.ibabs.eu/publicdownload.aspx?site=Beekdaelen&id=8752b0e8-ceed-48b4-bc28-6eaae3f21a0d","dc_title":"Vixia gewijzigd raadsbesluit - oude versie","dc_type":"bijlage","foi_fairiscoreVersions":{"v1":5,"v2":5},"foi_fileName":"Vixia%20gewijzigd%20raadsbesluit.pdf","foi_nrPages":2},{"dc_format":"application/pdf","dc_identifier":"nl.gm1954.2c.2019.2828637-21.doc.5","dc_source":"https://api1.ibabs.eu/publicdownload.aspx?site=Beekdaelen&id=f0aadf66-7a40-4ab8-8f85-6a175d579227","dc_title":"Vixia gewijzigd raadsvoorstel - oude versie","dc_type":"bijlage","foi_fairiscoreVersions":{"v1":5,"v2":5},"foi_fileName":"Vixia%20gewijzigd%20raadsvoorstel.pdf","foi_nrPages":4},{"dc_format":"application/pdf","dc_identifier":"nl.gm1954.2c.2019.2828637-21.doc.3","dc_source":"https://api1.ibabs.eu/publicdownload.aspx?site=Beekdaelen&id=097ad17c-2c3d-4602-9d71-a6bd3cc70885","dc_title":"Vixia Ontwerpbegroting  Vixia 2020 incl Mjpl -2024","dc_type":"bijlage","foi_fairiscoreVersions":{"v1":2,"v2":1},"foi_fileName":"Vixia%20Ontwerpbegroting%20%20Vixia%202020%20incl%20Mjpl%20-2024.pdf","foi_nrPages":40}],"foi_nrDocuments":6,"foi_nrPagesInDossier":52,"foi_publishedDate":"2019-05-21","foi_retrievedDate":"2025-12-01"},{"dc_creator":"HandelingScraper_v1","dc_date_year":2019,"dc_description":"Vergadering van de Gemeente Beekdaelen op 2019-05-21. Onderdeel: Voorstel van B&W inzake instemmen met de concept jaarrekening 2018 Vixia en t.a.v. deze jaarrekening geen zienswijze indienen en kennisnemen van de concept jaarrekening BV 2018 en van het sociaal jaarverslag 2018 Vixia.","dc_identifier":"nl.gm1954.2c.2019.2828637-22","dc_publisher":"gm1954","dc_source":"https://beekdaelen.bestuurlijkeinformatie.nl/Agenda/Index/fda9e45e-445e-449f-9fa3-de601a693f70","dc_title":"Raadsvergadering 2019-05-21 - Voorstel van B&W inzake instemmen met de concept jaarrekening 2018 Vixia en t.a.v. deze jaarrekening geen zienswijze indienen en kennisnemen van de concept jaarrekening BV 2018 en van het sociaal jaarverslag 2018 Vixia","dc_type":"2c","dc_type_description":"Vergaderstuk decentrale overheid","foi_fairiscoreVersions":{"v1":2,"v2":1},"foi_files":[{"dc_format":"application/pdf","dc_identifier":"nl.gm1954.2c.2019.2828637-22.doc.2","dc_source":"https://api1.ibabs.eu/publicdownload.aspx?site=Beekdaelen&id=b9c128b3-e771-4735-86c9-43e0b02235d9","dc_title":"Raadsbesluit jaarrekening 2018 Vixia vastgesteld","dc_type":"bijlage","foi_fairiscoreVersions":{"v1":1,"v2":1},"foi_fileName":"7.9%20RB%20jaarrekening%202018%20Vixia%20vastgesteld.pdf","foi_nrPages":1},{"dc_format":"application/pdf","dc_identifier":"nl.gm1954.2c.2019.2828637-22.doc.1","dc_source":"https://api1.ibabs.eu/publicdownload.aspx?site=Beekdaelen&id=0d0f4ced-c142-4295-a1e3-0baf6204b09e","dc_title":"Raadsvoorstel jaarrekening 2018 Vixia vastgesteld","dc_type":"bijlage","foi_fairiscoreVersions":{"v1":1,"v2":1},"foi_fileName":"7.9%20RV%20jaarrekening%202018%20Vixia%20vastgesteld.pdf","foi_nrPages":4},{"dc_format":"application/pdf","dc_identifier":"nl.gm1954.2c.2019.2828637-22.doc.7","dc_source":"https://api1.ibabs.eu/publicdownload.aspx?site=Beekdaelen&id=f8b6ae23-a1d0-48f9-83ca-ebaf2b0cf688","dc_title":"Beantwoording vragen CDA B19 Jaarstukken Vixia","dc_type":"bijlage","foi_fairiscoreVersions":{"v1":1,"v2":1},"foi_fileName":"Beantwoording%20vragen%20CDA%20B19%20Jaarstukken%20Vixia.pdf","foi_nrPages":2},{"dc_format":"application/pdf","dc_identifier":"nl.gm1954.2c.2019.2828637-22.doc.6","dc_source":"https://api1.ibabs.eu/publicdownload.aspx?site=Beekdaelen&id=be9c03db-b6a3-4ffd-8b53-2d4d519093ea","dc_title":"Ontbreken accountantsverklaring bij jaarstukken Vixia","dc_type":"bijlage","foi_fairiscoreVersions":{"v1":1,"v2":1},"foi_fileName":"Per%20mail%20ontvangen%20informatie%20inzake%20ontbreken%20accountantsverklaring%20bij%20jaarstukken%20Vixia.pdf","foi_nrPages":2},{"dc_format":"application/pdf","dc_identifier":"nl.gm1954.2c.2019.2828637-22.doc.8","dc_source":"https://api1.ibabs.eu/publicdownload.aspx?site=Beekdaelen&id=b465a69a-1f1a-448c-b89b-9b3fc6e91ac0","dc_title":"Vixia Jaarstukken 2018 raadsvoorstel - oude versie","dc_type":"bijlage","foi_fairiscoreVersions":{"v1":1,"v2":1},"foi_fileName":"Vixia%20193929_1.pdf","foi_nrPages":4},{"dc_format":"application/pdf","dc_identifier":"nl.gm1954.2c.2019.2828637-22.doc.9","dc_source":"https://api1.ibabs.eu/publicdownload.aspx?site=Beekdaelen&id=42c5af07-aa01-4ab0-b4c9-b73790bf102a","dc_title":"Vixia Jaarstukken 2018 concept raadsbesluit - oude versie","dc_type":"bijlage","foi_fairiscoreVersions":{"v1":1,"v2":1},"foi_fileName":"Vixia%20193934_1.pdf","foi_nrPages":1},{"dc_format":"application/pdf","dc_identifier":"nl.gm1954.2c.2019.2828637-22.doc.5","dc_source":"https://api1.ibabs.eu/publicdownload.aspx?site=Beekdaelen&id=ba11d551-9a73-4ba1-8529-9ae23042b1ad","dc_title":"Vixia Sociaal jaarverslag Vixia 2018","dc_type":"bijlage","foi_fairiscoreVersions":{"v1":2,"v2":1},"foi_fileName":"Vixia%20Sociaal%20jaarverslag%20Vixia%202018.pdf","foi_nrPages":24},{"dc_format":"application/pdf","dc_identifier":"nl.gm1954.2c.2019.2828637-22.doc.3","dc_source":"https://api1.ibabs.eu/publicdownload.aspx?site=Beekdaelen&id=0b0b0e78-6f21-451d-b2b3-760a4b2bf1a4","dc_title":"Vixia Voorlopige Jaarstukken Vixia GR 2018","dc_type":"bijlage","foi_fairiscoreVersions":{"v1":2,"v2":1},"foi_fileName":"Vixia%20Voorlopige%20Jaarstukken%20Vixia%20GR%202018.pdf","foi_nrPages":36},{"dc_format":"application/pdf","dc_identifier":"nl.gm1954.2c.2019.2828637-22.doc.4","dc_source":"https://api1.ibabs.eu/publicdownload.aspx?site=Beekdaelen&id=10519c6e-61fb-468e-b8ff-234f629b1ea3","dc_title":"Vixia Voorlopige Jaarstukken Vixia BV 2018","dc_type":"bijlage","foi_fairiscoreVersions":{"v1":2,"v2":1},"foi_fileName":"Voorlopige%20Jaarstukken%20Vixia%20BV%202018.pdf","foi_nrPages":47}],"foi_nrDocuments":9,"foi_nrPagesInDossier":121,"foi_publishedDate":"2019-05-21","foi_retrievedDate":"2026-03-05"},{"dc_creator":"HandelingScraper_v1","dc_date_year":2019,"dc_description":"Vergadering van de Gemeente Beekdaelen op 2019-05-21. Onderdeel: Vaststellen besluitenlijst openbare raadsvergadering d.d. 26 maart 2019.","dc_identifier":"nl.gm1954.2c.2019.2828637-3","dc_publisher":"gm1954","dc_source":"https://beekdaelen.bestuurlijkeinformatie.nl/Agenda/Index/fda9e45e-445e-449f-9fa3-de601a693f70","dc_title":"Raadsvergadering 2019-05-21 - Vaststellen besluitenlijst openbare raadsvergadering d.d. 26 maart 2019","dc_type":"2c","dc_type_description":"Vergaderstuk decentrale overheid","foi_fairiscoreVersions":{"v1":1,"v2":1},"foi_files":[{"dc_format":"application/pdf","dc_identifier":"nl.gm1954.2c.2019.2828637-3.doc.1","dc_source":"https://api1.ibabs.eu/publicdownload.aspx?site=Beekdaelen&id=833a013a-239d-40c2-8b35-c13904630605","dc_title":"Besluitenlijst raadsvergadering 26 maart 2019 gewijzigd en vastgesteld","dc_type":"bijlage","foi_fairiscoreVersions":{"v1":1,"v2":1},"foi_fileName":"04%20Besluitenlijst%20raadsvergadering%2026%20maart%202019%20gewijzigd%20en%20vastgesteld.pdf","foi_nrPages":3},{"dc_format":"application/pdf","dc_identifier":"nl.gm1954.2c.2019.2828637-3.doc.2","dc_source":"https://api1.ibabs.eu/publicdownload.aspx?site=Beekdaelen&id=3cfc8705-5a29-4085-8c33-072ab2d9dca9","dc_title":"Bijlage besluitenlijst overzicht afleggen eed of belofte commissieleden Beekdaelen 26 maart 2019","dc_type":"bijlage","foi_fairiscoreVersions":{"v1":1,"v2":1},"foi_fileName":"04%20Bijlage%20besluitenlijst%20overzicht%20afleggen%20eed%20of%20belofte%20commissieleden%20Beekdaelen%2026%20maart%202019.pdf","foi_nrPages":1}],"foi_nrDocuments":2,"foi_nrPagesInDossier":4,"foi_publishedDate":"2019-05-21","foi_retrievedDate":"2025-11-29"},{"dc_creator":"HandelingScraper_v1","dc_date_year":2019,"dc_description":"Vergadering van de Gemeente Beekdaelen op 2019-05-21. Onderdeel: Vaststelling lijst ingekomen stukken.","dc_identifier":"nl.gm1954.2c.2019.2828637-4","dc_publisher":"gm1954","dc_source":"https://beekdaelen.bestuurlijkeinformatie.nl/Agenda/Index/fda9e45e-445e-449f-9fa3-de601a693f70","dc_title":"Raadsvergadering 2019-05-21 - Vaststelling lijst ingekomen stukken","dc_type":"2c","dc_type_description":"Vergaderstuk decentrale overheid","foi_fairiscoreVersions":{"v1":1,"v2":1},"foi_files":[{"dc_format":"application/pdf","dc_identifier":"nl.gm1954.2c.2019.2828637-4.doc.1","dc_source":"https://api1.ibabs.eu/publicdownload.aspx?site=Beekdaelen&id=30161ecf-e900-4c5b-8ed8-b63020a9c9e9","dc_title":"Lijst ingekomen stukken Raad periode 27032019 - 21052019","dc_type":"bijlage","foi_fairiscoreVersions":{"v1":1,"v2":1},"foi_fileName":"Lijst%20ingekomen%20stukken%20Raad%20periode%2027032019%20-%2021052019.pdf","foi_nrPages":6}],"foi_nrDocuments":1,"foi_nrPagesInDossier":6,"foi_publishedDate":"2019-05-21","foi_retrievedDate":"2025-12-04"},{"dc_creator":"HandelingScraper_v1","dc_date_year":2019,"dc_description":"Vergadering van de Gemeente Beekdaelen op 2019-05-21. Onderdeel: Voorstel van B&W inzake het afgeven van een positieve zienswijze m.b.t. de begroting 2020 en de begrotingswijziging van de Veiligheidsregio Zuid-Limburg en de begroting van het MCC van de Veiligheidsregio Zuid-Limburg.","dc_identifier":"nl.gm1954.2c.2019.2828637-5","dc_publisher":"gm1954","dc_source":"https://beekdaelen.bestuurlijkeinformatie.nl/Agenda/Index/fda9e45e-445e-449f-9fa3-de601a693f70","dc_title":"Raadsvergadering 2019-05-21 - Voorstel van B&W inzake het afgeven van een positieve zienswijze m.b.t. de begroting 2020 en de begrotingswijziging van de Veiligheidsregio Zuid-Limburg en de begroting van het MCC van de Veiligheidsregio Zuid-Limburg","dc_type":"2c","dc_type_description":"Vergaderstuk decentrale overheid","foi_fairiscoreVersions":{"v1":2,"v2":1},"foi_files":[{"dc_format":"application/pdf","dc_identifier":"nl.gm1954.2c.2019.2828637-5.doc.2","dc_source":"https://api1.ibabs.eu/publicdownload.aspx?site=Beekdaelen&id=488b8610-89e3-4127-a022-88c8d11169f7","dc_title":"Raadsbesluit positieve zienswijze begroting 2020 etc Veiligheidsregio ZL vastgesteld","dc_type":"bijlage","foi_fairiscoreVersions":{"v1":1,"v2":1},"foi_fileName":"6.1%20RB%20positieve%20zienswijze%20begroting%202020%20etc%20Veiligheidsregio%20ZL%20vastgesteld.pdf","foi_nrPages":1},{"dc_format":"application/pdf","dc_identifier":"nl.gm1954.2c.2019.2828637-5.doc.7","dc_source":"https://api1.ibabs.eu/publicdownload.aspx?site=Beekdaelen&id=733fce13-b772-4991-832c-be902a81cd04","dc_title":"Overzicht fin. ontwikkelingen GR's irt MJR 2019 - 2022 Beekdaelen","dc_type":"bijlage","foi_fairiscoreVersions":{"v1":1,"v2":1},"foi_fileName":"Ontwikkelingen%20GR%27s%20Beekdaelen.pdf","foi_nrPages":3},{"dc_format":"application/pdf","dc_identifier":"nl.gm1954.2c.2019.2828637-5.doc.1","dc_source":"https://api1.ibabs.eu/publicdownload.aspx?site=Beekdaelen&id=7140b355-e11c-4d26-a173-14f196961013","dc_title":"Raadsvoorstel zienswijze begroting 2020 etc. Veiligheidsregio ZL vastgesteld","dc_type":"bijlage","foi_fairiscoreVersions":{"v1":1,"v2":1},"foi_fileName":"Veiligheidsregio%20raadsvoorstel%20def%20begroting.pdf","foi_nrPages":5},{"dc_format":"application/pdf","dc_identifier":"nl.gm1954.2c.2019.2828637-5.doc.8","dc_source":"https://api1.ibabs.eu/publicdownload.aspx?site=Beekdaelen&id=776ffc42-5928-4f20-a37b-7b9bd73074bd","dc_title":"Vragen en antwoorden commissieleden VRZL","dc_type":"bijlage","foi_fairiscoreVersions":{"v1":1,"v2":1},"foi_fileName":"Vragen%20commissieleden%20VRZL.pdf","foi_nrPages":5},{"dc_format":"application/pdf","dc_identifier":"nl.gm1954.2c.2019.2828637-5.doc.3","dc_source":"https://api1.ibabs.eu/publicdownload.aspx?site=Beekdaelen&id=ee43461e-442d-4211-ad1b-b8f8de9aae55","dc_title":"Begroting 2020 en MJR 2021 - 2023 Veiligheidsregio (def)","dc_type":"bijlage","foi_fairiscoreVersions":{"v1":2,"v2":1},"foi_fileName":"VRZL%20-%20Begroting%202020%20-%202023%20DEFINITIEF.pdf","foi_nrPages":42},{"dc_format":"application/pdf","dc_identifier":"nl.gm1954.2c.2019.2828637-5.doc.4","dc_source":"https://api1.ibabs.eu/publicdownload.aspx?site=Beekdaelen&id=56f9f703-6a7c-4ae0-9480-7304ed22e6d7","dc_title":"Begroting 2020 MCC (def)","dc_type":"bijlage","foi_fairiscoreVersions":{"v1":1,"v2":1},"foi_fileName":"VRZL%20Begroting%202020%20MCC%20%28def%29.pdf","foi_nrPages":7},{"dc_format":"application/pdf","dc_identifier":"nl.gm1954.2c.2019.2828637-5.doc.5","dc_source":"https://api1.ibabs.eu/publicdownload.aspx?site=Beekdaelen&id=7ee469f8-66cd-4a9c-b734-0bb64a1ba7ed","dc_title":"Bijlage A - Financi\u00eble begrotingswijziging","dc_type":"bijlage","foi_fairiscoreVersions":{"v1":1,"v2":1},"foi_fileName":"VRZL%20BIJLAGE%20a%20-%20Financi%C3%ABle%20begrotingswijziging.pdf","foi_nrPages":1},{"dc_format":"application/pdf","dc_identifier":"nl.gm1954.2c.2019.2828637-5.doc.6","dc_source":"https://api1.ibabs.eu/publicdownload.aspx?site=Beekdaelen&id=fe206241-8ef7-4834-8d18-a5c2925b19d5","dc_title":"Bijlage B - Bijdrage per gemeente begrotingswijziging 2020-01","dc_type":"bijlage","foi_fairiscoreVersions":{"v1":1,"v2":1},"foi_fileName":"VRZL%20BIJLAGE%20b%20-%20Bijdrage%20per%20gemeente%20begrotingswijziging%202020-01%29.pdf","foi_nrPages":1}],"foi_nrDocuments":8,"foi_nrPagesInDossier":65,"foi_publishedDate":"2019-05-21","foi_retrievedDate":"2026-03-04"},{"dc_creator":"HandelingScraper_v1","dc_date_year":2019,"dc_description":"Vergadering van de Gemeente Beekdaelen op 2019-05-21. Onderdeel: Voorstel van B&W inzake het afgeven van een positieve zienswijze m.b.t. het jaardocument 2018 van de Veiligheidsregio Zuid-Limburg en het jaardocument 2018 van het Meld- en Co\u00f6rdinatie Centrum.","dc_identifier":"nl.gm1954.2c.2019.2828637-6","dc_publisher":"gm1954","dc_source":"https://beekdaelen.bestuurlijkeinformatie.nl/Agenda/Index/fda9e45e-445e-449f-9fa3-de601a693f70","dc_title":"Raadsvergadering 2019-05-21 - Voorstel van B&W inzake het afgeven van een positieve zienswijze m.b.t. het jaardocument 2018 van de Veiligheidsregio Zuid-Limburg en het jaardocument 2018 van het Meld- en Co\u00f6rdinatie Centrum","dc_type":"2c","dc_type_description":"Vergaderstuk decentrale overheid","foi_fairiscoreVersions":{"v1":2,"v2":2},"foi_files":[{"dc_format":"application/pdf","dc_identifier":"nl.gm1954.2c.2019.2828637-6.doc.2","dc_source":"https://api1.ibabs.eu/publicdownload.aspx?site=Beekdaelen&id=f63d8d41-9ccc-4da4-aea3-fe983a392895","dc_title":"Raadsbesluit positieve zienswijze jaardocument 2018 VRZL vastgesteld","dc_type":"bijlage","foi_fairiscoreVersions":{"v1":1,"v2":1},"foi_fileName":"6.2%20RB%20positieve%20zienswijze%20jaardocument%202018%20VRZL%20vastgesteld.pdf","foi_nrPages":1},{"dc_format":"application/pdf","dc_identifier":"nl.gm1954.2c.2019.2828637-6.doc.6","dc_source":"https://api1.ibabs.eu/publicdownload.aspx?site=Beekdaelen&id=f5be4f3c-8d4e-4f84-a24c-2cf899de5476","dc_title":"Overzicht fin. ontwikkelingen GR's irt MJR 2019-2022 Beekdaelen","dc_type":"bijlage","foi_fairiscoreVersions":{"v1":1,"v2":1},"foi_fileName":"Ontwikkelingen%20GR%27s%20Beekdaelen.pdf","foi_nrPages":3},{"dc_format":"application/pdf","dc_identifier":"nl.gm1954.2c.2019.2828637-6.doc.1","dc_source":"https://api1.ibabs.eu/publicdownload.aspx?site=Beekdaelen&id=4202223f-17b2-44f4-8902-bd572d87e7ab","dc_title":"Raadsvoorstel jaarrekening Veiligheidsregio ZL","dc_type":"bijlage","foi_fairiscoreVersions":{"v1":1,"v2":1},"foi_fileName":"Veiligheidsregio%20jaarrekening%20def%20raadsv.pdf","foi_nrPages":3},{"dc_format":"application/pdf","dc_identifier":"nl.gm1954.2c.2019.2828637-6.doc.7","dc_source":"https://api1.ibabs.eu/publicdownload.aspx?site=Beekdaelen&id=03ca13d9-197a-4857-ae1d-72a9c36ba5b5","dc_title":"Vragen en antwoorden commissieleden mbt VRZL","dc_type":"bijlage","foi_fairiscoreVersions":{"v1":1,"v2":1},"foi_fileName":"Vragen%20commissieleden%20VRZL.pdf","foi_nrPages":5},{"dc_format":"application/pdf","dc_identifier":"nl.gm1954.2c.2019.2828637-6.doc.4","dc_source":"https://api1.ibabs.eu/publicdownload.aspx?site=Beekdaelen&id=8e26ee6c-3f7d-49f8-b2d3-eeb671b9cec0","dc_title":"Jaarstukken 2018 Veiligheidsregio def","dc_type":"bijlage","foi_fairiscoreVersions":{"v1":2,"v2":1},"foi_fileName":"VRZL-Jaarstukken%202018%20DEF.pdf","foi_nrPages":48},{"dc_format":"application/pdf","dc_identifier":"nl.gm1954.2c.2019.2828637-6.doc.5","dc_source":"https://api1.ibabs.eu/publicdownload.aspx?site=Beekdaelen&id=37418277-4ef6-4c6a-a252-af2b230132f6","dc_title":"Controleverklaring EY jaarstukken 2018 Veiligheidsregio","dc_type":"bijlage","foi_fairiscoreVersions":{"v1":5,"v2":5},"foi_fileName":"VRZL%20Controleverklaring%20EY%20jaarstukken%202018.pdf","foi_nrPages":4},{"dc_format":"application/pdf","dc_identifier":"nl.gm1954.2c.2019.2828637-6.doc.3","dc_source":"https://api1.ibabs.eu/publicdownload.aspx?site=Beekdaelen&id=66b674ed-2233-461f-b5dd-23b4856d5aad","dc_title":"Jaardocument MCC 2018 (def 05022019)","dc_type":"bijlage","foi_fairiscoreVersions":{"v1":1,"v2":1},"foi_fileName":"VRZL%20Jaardocument%20MCC%202018%20%28def%2005022019%29.pdf","foi_nrPages":13}],"foi_nrDocuments":7,"foi_nrPagesInDossier":77,"foi_publishedDate":"2019-05-21","foi_retrievedDate":"2026-01-23"},{"dc_creator":"HandelingScraper_v1","dc_date_year":2019,"dc_description":"Vergadering van de Gemeente Beekdaelen op 2019-05-21. Onderdeel: Voorstel van B&W inzake het afgeven van een positieve zienswijze t.a.v. het Provinciaal Risicoprofiel van de Veiligheidsregio Zuid-Limburg en Limburg-Noord.","dc_identifier":"nl.gm1954.2c.2019.2828637-7","dc_publisher":"gm1954","dc_source":"https://beekdaelen.bestuurlijkeinformatie.nl/Agenda/Index/fda9e45e-445e-449f-9fa3-de601a693f70","dc_title":"Raadsvergadering 2019-05-21 - Voorstel van B&W inzake het afgeven van een positieve zienswijze t.a.v. het Provinciaal Risicoprofiel van de Veiligheidsregio Zuid-Limburg en Limburg-Noord","dc_type":"2c","dc_type_description":"Vergaderstuk decentrale overheid","foi_fairiscoreVersions":{"v1":2,"v2":2},"foi_files":[{"dc_format":"application/pdf","dc_identifier":"nl.gm1954.2c.2019.2828637-7.doc.4","dc_source":"https://api1.ibabs.eu/publicdownload.aspx?site=Beekdaelen&id=b11bee69-c74c-4c19-a517-e524b7c18578","dc_title":"Provinciaal Risicoprofiel Limburg Bijlagen versie 0.3 (concept)","dc_type":"bijlage","foi_fairiscoreVersions":{"v1":1,"v2":1},"foi_fileName":"20190408%20-%20Bijlage%20risicoprofiel%200.3.pdf","foi_nrPages":116},{"dc_format":"application/pdf","dc_identifier":"nl.gm1954.2c.2019.2828637-7.doc.2","dc_source":"https://api1.ibabs.eu/publicdownload.aspx?site=Beekdaelen&id=b09d772f-e4b1-4fa7-8241-bb69d00e4d49","dc_title":"Raadsbesluit positieve zienswijze provinciaal risicoprofiel Veiligheidsregio vastgesteld","dc_type":"bijlage","foi_fairiscoreVersions":{"v1":1,"v2":1},"foi_fileName":"6.3%20RB%20positieve%20zienswijze%20provinciaal%20risicoprofiel%20Veiligheidsregio%20vastgesteld.pdf","foi_nrPages":1},{"dc_format":"application/pdf","dc_identifier":"nl.gm1954.2c.2019.2828637-7.doc.7","dc_source":"https://api1.ibabs.eu/publicdownload.aspx?site=Beekdaelen&id=7502618c-66e5-4a67-863f-c0ddccd35c4d","dc_title":"Beantwoording vraag Q koorts","dc_type":"bijlage","foi_fairiscoreVersions":{"v1":5,"v2":5},"foi_fileName":"beantwoording%20vraag%20Q%20koorts.pdf","foi_nrPages":3},{"dc_format":"application/pdf","dc_identifier":"nl.gm1954.2c.2019.2828637-7.doc.5","dc_source":"https://api1.ibabs.eu/publicdownload.aspx?site=Beekdaelen&id=831a7be5-c179-46b7-ac06-40140fd96a5d","dc_title":"Overzicht fin. ontwikkelingen GR's irt MJR 2019-2022 Beekdaelen","dc_type":"bijlage","foi_fairiscoreVersions":{"v1":1,"v2":1},"foi_fileName":"Ontwikkelingen%20GR%27s%20Beekdaelen.pdf","foi_nrPages":3},{"dc_format":"application/pdf","dc_identifier":"nl.gm1954.2c.2019.2828637-7.doc.1","dc_source":"https://api1.ibabs.eu/publicdownload.aspx?site=Beekdaelen&id=bbceef8b-cd5f-4067-a847-37797d7ee57c","dc_title":"Raadsvoorstel zienswijze provinciaal risicoprofiel Veiligheidsregio def","dc_type":"bijlage","foi_fairiscoreVersions":{"v1":1,"v2":1},"foi_fileName":"Veiligheidsregio%20def%20raadsvoorstel%20risicoprofiel.pdf","foi_nrPages":3},{"dc_format":"application/pdf","dc_identifier":"nl.gm1954.2c.2019.2828637-7.doc.6","dc_source":"https://api1.ibabs.eu/publicdownload.aspx?site=Beekdaelen&id=e1f7861c-990d-4a8c-99e2-421b1c144370","dc_title":"Vragen en antwoorden commissieleden mbt VRZL","dc_type":"bijlage","foi_fairiscoreVersions":{"v1":1,"v2":1},"foi_fileName":"Vragen%20commissieleden%20VRZL.pdf","foi_nrPages":5},{"dc_format":"application/pdf","dc_identifier":"nl.gm1954.2c.2019.2828637-7.doc.3","dc_source":"https://api1.ibabs.eu/publicdownload.aspx?site=Beekdaelen&id=42664dd3-8d49-40f2-8e32-f43da8538d8e","dc_title":"Provinciaal Risicoprofiel Limburg Hoofdrapport versie 02 (concept) (17012019)","dc_type":"bijlage","foi_fairiscoreVersions":{"v1":2,"v2":2},"foi_fileName":"VRZL%2007.2%20%28Concept%200.2%20Provinciaal%20Risicoprofiel%20Limburg%20%2817012019%29.pdf","foi_nrPages":39}],"foi_nrDocuments":7,"foi_nrPagesInDossier":170,"foi_publishedDate":"2019-05-21","foi_retrievedDate":"2025-12-02"},{"dc_creator":"HandelingScraper_v1","dc_date_year":2019,"dc_description":"Vergadering van de Gemeente Beekdaelen op 2019-05-21. Onderdeel: Voorstel van B&W inzake kennisnemen van de jaarstukken 2018 van het Gegevenshuis, kennisnemen van de bijgestelde begroting 2019 en geen zienswijze indienen en kennisnemen van de begroting 2020-2023 en geen zienswijze indienen.","dc_identifier":"nl.gm1954.2c.2019.2828637-8","dc_publisher":"gm1954","dc_source":"https://beekdaelen.bestuurlijkeinformatie.nl/Agenda/Index/fda9e45e-445e-449f-9fa3-de601a693f70","dc_title":"Raadsvergadering 2019-05-21 - Voorstel van B&W inzake kennisnemen van de jaarstukken 2018 van het Gegevenshuis, kennisnemen van de bijgestelde begroting 2019 en geen zienswijze indienen en kennisnemen van de begroting 2020-2023 en geen zienswijze indienen","dc_type":"2c","dc_type_description":"Vergaderstuk decentrale overheid","foi_fairiscoreVersions":{"v1":2,"v2":2},"foi_files":[{"dc_format":"application/pdf","dc_identifier":"nl.gm1954.2c.2019.2828637-8.doc.2","dc_source":"https://api1.ibabs.eu/publicdownload.aspx?site=Beekdaelen&id=e7764c31-8735-4cf5-a06f-ae46e7705df6","dc_title":"Raadsbesluit Gegevenshuis JR 2018, bijst. begr. 2019, MJR 2020-2023 vastgesteld","dc_type":"bijlage","foi_fairiscoreVersions":{"v1":1,"v2":1},"foi_fileName":"6.4%20RB%20Gegevenshuis%20JR%202018_%20bijst.%20begr.%202019_%20MJR%202020-2023%20vastgesteld.pdf","foi_nrPages":1},{"dc_format":"application/pdf","dc_identifier":"nl.gm1954.2c.2019.2828637-8.doc.7","dc_source":"https://api1.ibabs.eu/publicdownload.aspx?site=Beekdaelen&id=4c064708-98a7-4193-92fc-e6200a2b4e02","dc_title":"Beantwoording vraag B9 GroenLinks","dc_type":"bijlage","foi_fairiscoreVersions":{"v1":5,"v2":5},"foi_fileName":"beantwoording%20vraag%20B9%20Groen%20Links.pdf","foi_nrPages":1},{"dc_format":"application/pdf","dc_identifier":"nl.gm1954.2c.2019.2828637-8.doc.4","dc_source":"https://api1.ibabs.eu/publicdownload.aspx?site=Beekdaelen&id=81f53f2e-a411-43a8-9d53-557012fa73c0","dc_title":"Gegevenshuis Begroting 2020 - meerjarenraming versie 1.0","dc_type":"bijlage","foi_fairiscoreVersions":{"v1":2,"v2":1},"foi_fileName":"Gegevenshuis%20Begroting%202020%20-%20meerjarenraming%20versie%201.0.pdf","foi_nrPages":36},{"dc_format":"application/pdf","dc_identifier":"nl.gm1954.2c.2019.2828637-8.doc.3","dc_source":"https://api1.ibabs.eu/publicdownload.aspx?site=Beekdaelen&id=4c9e5a45-2901-4ea8-b824-d720dc712685","dc_title":"Gegevenshuis Bijstelling begroting 2019 versie 1.0","dc_type":"bijlage","foi_fairiscoreVersions":{"v1":2,"v2":1},"foi_fileName":"Gegevenshuis%20Bijstelling%20begroting%202019%20versie%201.0.pdf","foi_nrPages":38},{"dc_format":"application/pdf","dc_identifier":"nl.gm1954.2c.2019.2828637-8.doc.5","dc_source":"https://api1.ibabs.eu/publicdownload.aspx?site=Beekdaelen&id=2e37ab39-a129-44ae-93de-6c2f72e0d8ef","dc_title":"Gegevenshuis Jaarrekening 2018 versie 1.0","dc_type":"bijlage","foi_fairiscoreVersions":{"v1":2,"v2":1},"foi_fileName":"Gegevenshuis%20Jaarrekening%202018%20versie%201.0.pdf","foi_nrPages":35},{"dc_format":"application/pdf","dc_identifier":"nl.gm1954.2c.2019.2828637-8.doc.1","dc_source":"https://api1.ibabs.eu/publicdownload.aspx?site=Beekdaelen&id=4b884626-e7f7-45d5-9e4a-d288454c9549","dc_title":"Raadsvoorstel inzake fin. stukken Gegevenshuis","dc_type":"bijlage","foi_fairiscoreVersions":{"v1":1,"v2":1},"foi_fileName":"Gegevenshuis%20Raadsvoorstel.DOCX%20-%20Z19126706%20-%20193494.pdf","foi_nrPages":3},{"dc_format":"application/pdf","dc_identifier":"nl.gm1954.2c.2019.2828637-8.doc.6","dc_source":"https://api1.ibabs.eu/publicdownload.aspx?site=Beekdaelen&id=5b59fad4-3eeb-456c-80a1-7f519bdc763e","dc_title":"Ontwikkelingen GR's Beekdaelen","dc_type":"bijlage","foi_fairiscoreVersions":{"v1":1,"v2":1},"foi_fileName":"Ontwikkelingen%20GR%27s%20Beekdaelen.pdf","foi_nrPages":3}],"foi_nrDocuments":7,"foi_nrPagesInDossier":117,"foi_publishedDate":"2019-05-21","foi_retrievedDate":"2025-12-29"},{"dc_creator":"HandelingScraper_v1","dc_date_year":2019,"dc_description":"Vergadering van de Gemeente Beekdaelen op 2019-05-21. Onderdeel: Voorstel van B&W inzake een positieve zienswijze afgeven ten aanzien van de 1e begrotingswijziging 2019 GR WOZL.","dc_identifier":"nl.gm1954.2c.2019.2828637-9","dc_publisher":"gm1954","dc_source":"https://beekdaelen.bestuurlijkeinformatie.nl/Agenda/Index/fda9e45e-445e-449f-9fa3-de601a693f70","dc_title":"Raadsvergadering 2019-05-21 - Voorstel van B&W inzake een positieve zienswijze afgeven ten aanzien van de 1e begrotingswijziging 2019 GR WOZL","dc_type":"2c","dc_type_description":"Vergaderstuk decentrale overheid","foi_fairiscoreVersions":{"v1":2,"v2":2},"foi_files":[{"dc_format":"application/pdf","dc_identifier":"nl.gm1954.2c.2019.2828637-9.doc.2","dc_source":"https://api1.ibabs.eu/publicdownload.aspx?site=Beekdaelen&id=ee81343b-3bb7-4f30-918e-3bf96bde5535","dc_title":"Raadsbesluit zienswijze 1e begrotingswijziging 2019 WOZL vastgesteld","dc_type":"bijlage","foi_fairiscoreVersions":{"v1":1,"v2":1},"foi_fileName":"6.5%20RB%20zienswijze%201e%20begrotingswijziging%202019%20WOZL%20vastgesteld.pdf","foi_nrPages":1},{"dc_format":"application/pdf","dc_identifier":"nl.gm1954.2c.2019.2828637-9.doc.1","dc_source":"https://api1.ibabs.eu/publicdownload.aspx?site=Beekdaelen&id=e375f0a3-e0cf-4c06-9270-96e301cb6239","dc_title":"Raadsvoorstel zienswijze 1e begrotingswijziging 2019 WOZL vastgesteld","dc_type":"bijlage","foi_fairiscoreVersions":{"v1":1,"v2":1},"foi_fileName":"6.5%20RV%20zienswijze%201e%20begrotingswijziging%202019%20WOZL%20vastgesteld.pdf","foi_nrPages":2},{"dc_format":"application/pdf","dc_identifier":"nl.gm1954.2c.2019.2828637-9.doc.4","dc_source":"https://api1.ibabs.eu/publicdownload.aspx?site=Beekdaelen&id=4641102c-3f17-417e-b9c0-73f4ba8fc64a","dc_title":"Ontwikkelingen GR's Beekdaelen","dc_type":"bijlage","foi_fairiscoreVersions":{"v1":1,"v2":1},"foi_fileName":"Ontwikkelingen%20GR%27s%20Beekdaelen.pdf","foi_nrPages":3},{"dc_format":"application/pdf","dc_identifier":"nl.gm1954.2c.2019.2828637-9.doc.3","dc_source":"https://api1.ibabs.eu/publicdownload.aspx?site=Beekdaelen&id=dc1a0c9a-97b7-455f-a217-2cda78dbd0d3","dc_title":"Bijlage 1e Begrotingswijziging 2019 WOZL","dc_type":"bijlage","foi_fairiscoreVersions":{"v1":5,"v2":5},"foi_fileName":"WOZL%20raad%2021%20mei%20bijlage%20Begr.wijziging.pdf","foi_nrPages":23}],"foi_nrDocuments":4,"foi_nrPagesInDossier":29,"foi_publishedDate":"2019-05-21","foi_retrievedDate":"2026-03-06"},{"dc_creator":"HandelingScraper_v1","dc_date_year":2019,"dc_description":"Vergadering van de Gemeente Beekdaelen op 2019-06-18. Onderdeel: Opening, mededelingen voorzitter en vaststellen agenda.","dc_identifier":"nl.gm1954.2c.2019.2828744-1","dc_publisher":"gm1954","dc_source":"https://beekdaelen.bestuurlijkeinformatie.nl/Agenda/Index/21c7f531-8758-46cc-ad29-c9fd23778d7b","dc_title":"Raadscommissie (2019 t/m januari 2020) 2019-06-18 - Opening, mededelingen voorzitter en vaststellen agenda","dc_type":"2c","dc_type_description":"Vergaderstuk decentrale overheid","foi_fairiscoreVersions":{"v1":1,"v2":1},"foi_files":[{"dc_format":"application/pdf","dc_identifier":"nl.gm1954.2c.2019.2828744-1.doc.1","dc_source":"https://api1.ibabs.eu/publicdownload.aspx?site=Beekdaelen&id=e225dbaa-ce7d-4d34-9502-9ba585bc7554","dc_title":"Vastgestelde agenda raadscommissie 18 juni 2019","dc_type":"bijlage","foi_fairiscoreVersions":{"v1":1,"v2":1},"foi_fileName":"A.1%20Vastgestelde%20agenda%20raadscommissie%2018%20juni%202019.pdf","foi_nrPages":1}],"foi_nrDocuments":1,"foi_nrPagesInDossier":1,"foi_publishedDate":"2019-06-18","foi_retrievedDate":"2026-02-05"},{"dc_creator":"HandelingScraper_v1","dc_date_year":2019,"dc_description":"Vergadering van de Gemeente Beekdaelen op 2019-06-18. Onderdeel: Sonderende notitie inzake concept College Uitvoeringsprogramma 2019-2022.","dc_identifier":"nl.gm1954.2c.2019.2828744-2","dc_publisher":"gm1954","dc_source":"https://beekdaelen.bestuurlijkeinformatie.nl/Agenda/Index/21c7f531-8758-46cc-ad29-c9fd23778d7b","dc_title":"Raadscommissie (2019 t/m januari 2020) 2019-06-18 - Sonderende notitie inzake concept College Uitvoeringsprogramma 2019-2022","dc_type":"2c","dc_type_description":"Vergaderstuk decentrale overheid","foi_fairiscoreVersions":{"v1":2,"v2":1},"foi_files":[{"dc_format":"application/pdf","dc_identifier":"nl.gm1954.2c.2019.2828744-2.doc.2","dc_source":"https://api1.ibabs.eu/publicdownload.aspx?site=Beekdaelen&id=41c05a1d-2243-4d26-977b-a267b1f3a0ce","dc_title":"College Uitvoeringsprogramma 2019-2022 Beekdaelen conceptversie 14 mei 2019","dc_type":"bijlage","foi_fairiscoreVersions":{"v1":2,"v2":1},"foi_fileName":"08%20DEF%20CUP%20Beekdaelen%20versie%2014%20mei%202019.pdf","foi_nrPages":21},{"dc_format":"application/pdf","dc_identifier":"nl.gm1954.2c.2019.2828744-2.doc.1","dc_source":"https://api1.ibabs.eu/publicdownload.aspx?site=Beekdaelen&id=b3b1d2f3-3d48-4bce-bd08-6c5ab2728f3b","dc_title":"Sonderende notitie 14 mei 2019 CUP","dc_type":"bijlage","foi_fairiscoreVersions":{"v1":2,"v2":1},"foi_fileName":"08%20DEF%20Sonderende%20notitie%20CUP%2014%20mei%202019.pdf","foi_nrPages":3},{"dc_format":"application/pdf","dc_identifier":"nl.gm1954.2c.2019.2828744-2.doc.3","dc_source":"https://api1.ibabs.eu/publicdownload.aspx?site=Beekdaelen&id=53df8b2d-5137-4509-ae07-0a90f7b44530","dc_title":"Beekdaelen Lokaal voorvragen CUP","dc_type":"bijlage","foi_fairiscoreVersions":{"v1":1,"v2":1},"foi_fileName":"Beekdaelen%20Lokaal%20vragen%20CUP.pdf","foi_nrPages":1},{"dc_format":"application/pdf","dc_identifier":"nl.gm1954.2c.2019.2828744-2.doc.4","dc_source":"https://api1.ibabs.eu/publicdownload.aspx?site=Beekdaelen&id=ad64138e-c001-40a3-a27b-51f8579a5353","dc_title":"Beekdaelen Lokaal voorvragen CUP 2","dc_type":"bijlage","foi_fairiscoreVersions":{"v1":1,"v2":1},"foi_fileName":"Beekdaelen%20Lokaal%20vragen%20CUP%202.pdf","foi_nrPages":1},{"dc_format":"application/pdf","dc_identifier":"nl.gm1954.2c.2019.2828744-2.doc.5","dc_source":"https://api1.ibabs.eu/publicdownload.aspx?site=Beekdaelen&id=6bd70c38-b6dd-410c-abb2-6ab3c60641ac","dc_title":"CDA voorvragen CUP","dc_type":"bijlage","foi_fairiscoreVersions":{"v1":1,"v2":1},"foi_fileName":"CDA%20vragen%20College%20Uitvoerings%20Programma.pdf","foi_nrPages":5},{"dc_format":"application/pdf","dc_identifier":"nl.gm1954.2c.2019.2828744-2.doc.17","dc_source":"https://api1.ibabs.eu/publicdownload.aspx?site=Beekdaelen&id=4054c3a1-2fbb-463d-98c1-253a0aa6f3a3","dc_title":"MvA mbt concept CUP 2019-2022 taakvelden afd. Sociaal fractie VVD","dc_type":"bijlage","foi_fairiscoreVersions":{"v1":1,"v2":1},"foi_fileName":"Memorie%20van%20antwoord%20cie%2018%20juni%20vragen%20VVD%20inzake%20CUP%20sociaal.pdf","foi_nrPages":3},{"dc_format":"application/pdf","dc_identifier":"nl.gm1954.2c.2019.2828744-2.doc.14","dc_source":"https://api1.ibabs.eu/publicdownload.aspx?site=Beekdaelen&id=a592202f-a734-4fde-9e1d-b83e18909c1b","dc_title":"MvA mbt concept CUP 2019-2022 taakvelden afd. PD fractie Vernieuwingsgroep","dc_type":"bijlage","foi_fairiscoreVersions":{"v1":1,"v2":1},"foi_fileName":"Memorie%20van%20antwoord%20Vernieuwingsgroep%20CUP%2018%20juni%202019%20PD.pdf","foi_nrPages":2},{"dc_format":"application/pdf","dc_identifier":"nl.gm1954.2c.2019.2828744-2.doc.16","dc_source":"https://api1.ibabs.eu/publicdownload.aspx?site=Beekdaelen&id=c2a854cc-f322-411c-88d7-9afdae7a59d2","dc_title":"MvA mbt concept CUP 2019-2022 taakvelden afd. Ruimte fractie VVD","dc_type":"bijlage","foi_fairiscoreVersions":{"v1":1,"v2":1},"foi_fileName":"Memorie%20van%20antwoord%20vragen%20VVD%20betreffende%20CUP%20aangaande%20taakvelden%20afdeling%20Ruimte.pdf","foi_nrPages":2},{"dc_format":"application/pdf","dc_identifier":"nl.gm1954.2c.2019.2828744-2.doc.15","dc_source":"https://api1.ibabs.eu/publicdownload.aspx?site=Beekdaelen&id=8918f7e9-d49b-4b42-9a27-2dde9b56d3ac","dc_title":"MvA mbt concept CUP 2019-2022 taakvelden afd. PD fractie VVD","dc_type":"bijlage","foi_fairiscoreVersions":{"v1":1,"v2":1},"foi_fileName":"Memorie%20van%20antwoord%20VVD%20CUP%2018%20juni%202019%20PD.pdf","foi_nrPages":3},{"dc_format":"application/pdf","dc_identifier":"nl.gm1954.2c.2019.2828744-2.doc.10","dc_source":"https://api1.ibabs.eu/publicdownload.aspx?site=Beekdaelen&id=d580f5c1-1b8d-437e-9e3b-b94d65c4791f","dc_title":"MvA mbt concept CUP 2019-2022 fractie Beekdaelen Lokaal","dc_type":"bijlage","foi_fairiscoreVersions":{"v1":1,"v2":1},"foi_fileName":"MvA%20mbt%20concept%20CUP%202019_2022%20fractie%20Beekdaelen%20Lokaal.pdf","foi_nrPages":2},{"dc_format":"application/pdf","dc_identifier":"nl.gm1954.2c.2019.2828744-2.doc.11","dc_source":"https://api1.ibabs.eu/publicdownload.aspx?site=Beekdaelen&id=8be93889-0d26-4839-bc1a-729d5618e762","dc_title":"MvA mbt concept CUP 2019-2022 fractie CDA","dc_type":"bijlage","foi_fairiscoreVersions":{"v1":1,"v2":1},"foi_fileName":"MvA%20mbt%20concept%20CUP%202019_2022%20fractie%20CDA.pdf","foi_nrPages":3},{"dc_format":"application/pdf","dc_identifier":"nl.gm1954.2c.2019.2828744-2.doc.12","dc_source":"https://api1.ibabs.eu/publicdownload.aspx?site=Beekdaelen&id=a362b118-c0de-4ae6-9f84-2a8a333f7290","dc_title":"MvA mbt concept CUP 2019-2022 fractie GroenLinks","dc_type":"bijlage","foi_fairiscoreVersions":{"v1":1,"v2":1},"foi_fileName":"MvA%20mbt%20concept%20CUP%202019_2022%20fractie%20GroenLinks.pdf","foi_nrPages":2},{"dc_format":"application/pdf","dc_identifier":"nl.gm1954.2c.2019.2828744-2.doc.13","dc_source":"https://api1.ibabs.eu/publicdownload.aspx?site=Beekdaelen&id=2dfbb087-e058-4ae4-bf74-584e8cc56e40","dc_title":"MvA mbt concept CUP 2019-2022 fractie Vernieuwingsgroep","dc_type":"bijlage","foi_fairiscoreVersions":{"v1":1,"v2":1},"foi_fileName":"MvA%20mbt%20concept%20CUP%202019_2022%20fractie%20Vernieuwingsgroep.pdf","foi_nrPages":7},{"dc_format":"application/pdf","dc_identifier":"nl.gm1954.2c.2019.2828744-2.doc.8","dc_source":"https://api1.ibabs.eu/publicdownload.aspx?site=Beekdaelen&id=9dc181a8-02cf-41f1-a180-1dee4f1cd409","dc_title":"Vernieuwingsgroep voorvragen tranche 2 CUP","dc_type":"bijlage","foi_fairiscoreVersions":{"v1":1,"v2":1},"foi_fileName":"Vernieuwingsgroep%20vragen%20CUP.pdf","foi_nrPages":2},{"dc_format":"application/pdf","dc_identifier":"nl.gm1954.2c.2019.2828744-2.doc.7","dc_source":"https://api1.ibabs.eu/publicdownload.aspx?site=Beekdaelen&id=3f8b7ca6-52d7-4030-a28f-7e49bbe70171","dc_title":"Vernieuwingsgroep voorvragen 06-06-2019 CUP","dc_type":"bijlage","foi_fairiscoreVersions":{"v1":1,"v2":1},"foi_fileName":"Vernieuwingsgroep%20vragen%20CUP%20Beekdaelen.pdf","foi_nrPages":7},{"dc_format":"application/pdf","dc_identifier":"nl.gm1954.2c.2019.2828744-2.doc.6","dc_source":"https://api1.ibabs.eu/publicdownload.aspx?site=Beekdaelen&id=e49a51ef-a33b-4489-97cb-9f7bc2a28f8b","dc_title":"GroenLinks voorvragen CUP","dc_type":"bijlage","foi_fairiscoreVersions":{"v1":1,"v2":1},"foi_fileName":"Vragen%20GroenLinks%20A4%20CUP.pdf","foi_nrPages":1},{"dc_format":"application/pdf","dc_identifier":"nl.gm1954.2c.2019.2828744-2.doc.9","dc_source":"https://api1.ibabs.eu/publicdownload.aspx?site=Beekdaelen&id=9c92812f-4f0a-4e49-ac7c-8d3a58970a65","dc_title":"VVD voorvragen CUP","dc_type":"bijlage","foi_fairiscoreVersions":{"v1":1,"v2":1},"foi_fileName":"Vragen%20VVD%20CIE-Agendapunt_A3%20CuP.pdf","foi_nrPages":4}],"foi_nrDocuments":17,"foi_nrPagesInDossier":69,"foi_publishedDate":"2019-06-18","foi_retrievedDate":"2026-03-15"},{"dc_creator":"HandelingScraper_v1","dc_date_year":2019,"dc_description":"Vergadering van de Gemeente Beekdaelen op 2019-06-18. Onderdeel: Raadsvoorstel inzake vaststellen van de kadernota 2020, instemmen met diverse kredietvoteringen die zich in 2019 voordoen als gevolg van beleidsontwikkelingen, instemmen met diverse kredietvoteringen die zich in 2019 voordoen als gevolg van activiteiten die zijn vermeld in het college uitvoeringsprogramma en instemmen met de begrotingswijziging bij de kadernota 2020.","dc_identifier":"nl.gm1954.2c.2019.2828744-3","dc_publisher":"gm1954","dc_source":"https://beekdaelen.bestuurlijkeinformatie.nl/Agenda/Index/21c7f531-8758-46cc-ad29-c9fd23778d7b","dc_title":"Raadscommissie (2019 t/m januari 2020) 2019-06-18 - Raadsvoorstel inzake vaststellen van de kadernota 2020, instemmen met diverse kredietvoteringen die zich in 2019 voordoen als gevolg van beleidsontwikkelingen, instemmen met diverse kredietvoteringen die zich in 2019 voordoen als gevolg van activiteiten die zijn vermeld in het college uitvoeringsprogramma en instemmen met de begrotingswijziging bij de kadernota 2020","dc_type":"2c","dc_type_description":"Vergaderstuk decentrale overheid","foi_fairiscoreVersions":{"v1":2,"v2":2},"foi_files":[{"dc_format":"application/pdf","dc_identifier":"nl.gm1954.2c.2019.2828744-3.doc.3","dc_source":"https://api1.ibabs.eu/publicdownload.aspx?site=Beekdaelen&id=37bc87ae-ee04-4ade-b3c4-d1ac717863ea","dc_title":"Kadernota 2020","dc_type":"bijlage","foi_fairiscoreVersions":{"v1":2,"v2":2},"foi_fileName":"17%20Kadernota%202020.pdf","foi_nrPages":35},{"dc_format":"application/pdf","dc_identifier":"nl.gm1954.2c.2019.2828744-3.doc.4","dc_source":"https://api1.ibabs.eu/publicdownload.aspx?site=Beekdaelen&id=5d2efd03-e212-408d-a275-80611ce4e6ec","dc_title":"Kadernota begrotingswijziging 2020","dc_type":"bijlage","foi_fairiscoreVersions":{"v1":1,"v2":1},"foi_fileName":"17%20Kadernota%20begrotingswijziging%202020.pdf","foi_nrPages":1},{"dc_format":"application/pdf","dc_identifier":"nl.gm1954.2c.2019.2828744-3.doc.2","dc_source":"https://api1.ibabs.eu/publicdownload.aspx?site=Beekdaelen&id=d6b90ce0-7eb9-4385-8db5-b4fcad6c7ade","dc_title":"RB inzake kadernota 2020","dc_type":"bijlage","foi_fairiscoreVersions":{"v1":1,"v2":1},"foi_fileName":"17%20Kadernota%20Raadsbesluit%202020.pdf","foi_nrPages":2},{"dc_format":"application/pdf","dc_identifier":"nl.gm1954.2c.2019.2828744-3.doc.1","dc_source":"https://api1.ibabs.eu/publicdownload.aspx?site=Beekdaelen&id=99ddb16f-3cdd-49b1-b37f-f385b856583a","dc_title":"RV inzake kadernota 2020","dc_type":"bijlage","foi_fairiscoreVersions":{"v1":1,"v2":1},"foi_fileName":"17%20Kadernota%20Raadsvoorstel%202020.pdf","foi_nrPages":3},{"dc_format":"application/pdf","dc_identifier":"nl.gm1954.2c.2019.2828744-3.doc.5","dc_source":"https://api1.ibabs.eu/publicdownload.aspx?site=Beekdaelen&id=1f89df64-47a8-4048-8cb0-f14256ebf17c","dc_title":"Beekdaelen Lokaal vragen kadernota 2020","dc_type":"bijlage","foi_fairiscoreVersions":{"v1":2,"v2":1},"foi_fileName":"Beekdaelen%20Lokaal%20vragen%20kadernota%202020.pdf","foi_nrPages":2},{"dc_format":"application/pdf","dc_identifier":"nl.gm1954.2c.2019.2828744-3.doc.6","dc_source":"https://api1.ibabs.eu/publicdownload.aspx?site=Beekdaelen&id=0de6de48-04e8-4ed5-b187-1ae9a09d74cf","dc_title":"CDA vragen cie's juni 2019","dc_type":"bijlage","foi_fairiscoreVersions":{"v1":1,"v2":1},"foi_fileName":"CDA%20vragen%20Kadernota%202019.pdf","foi_nrPages":5},{"dc_format":"application/pdf","dc_identifier":"nl.gm1954.2c.2019.2828744-3.doc.17","dc_source":"https://api1.ibabs.eu/publicdownload.aspx?site=Beekdaelen&id=f690828a-c8a6-47e3-85e0-3e7be4946cea","dc_title":"MvA vragen VVD-Dani\u00ebls inzake Kadernota","dc_type":"bijlage","foi_fairiscoreVersions":{"v1":1,"v2":1},"foi_fileName":"Memorie%20van%20antwoord%20cie%2025%20juni%202019_BOL%20en%20Kompas%20van%20de%20VVD.pdf","foi_nrPages":1},{"dc_format":"application/pdf","dc_identifier":"nl.gm1954.2c.2019.2828744-3.doc.12","dc_source":"https://api1.ibabs.eu/publicdownload.aspx?site=Beekdaelen&id=020c5474-8de3-410c-b3d7-03a82c8101cb","dc_title":"MvA vragen Beekdaelen Lokaal Kadernota","dc_type":"bijlage","foi_fairiscoreVersions":{"v1":1,"v2":1},"foi_fileName":"MvA%20Kadernota%20Beekdaelen%20Lokaal.pdf","foi_nrPages":5},{"dc_format":"application/pdf","dc_identifier":"nl.gm1954.2c.2019.2828744-3.doc.13","dc_source":"https://api1.ibabs.eu/publicdownload.aspx?site=Beekdaelen&id=6d64b7cc-8111-42ea-a5b4-54777b6eea34","dc_title":"MvA vragen CDA Kadernota","dc_type":"bijlage","foi_fairiscoreVersions":{"v1":1,"v2":1},"foi_fileName":"MvA%20Kadernota%20CDA.pdf","foi_nrPages":4},{"dc_format":"application/pdf","dc_identifier":"nl.gm1954.2c.2019.2828744-3.doc.14","dc_source":"https://api1.ibabs.eu/publicdownload.aspx?site=Beekdaelen&id=8e5963dc-0bcd-4504-bb6d-5d305dd0b48e","dc_title":"MvA vragen GroenLinks inzake Kadernota","dc_type":"bijlage","foi_fairiscoreVersions":{"v1":1,"v2":1},"foi_fileName":"MvA%20Kadernota%20Groen%20Links.pdf","foi_nrPages":2},{"dc_format":"application/pdf","dc_identifier":"nl.gm1954.2c.2019.2828744-3.doc.15","dc_source":"https://api1.ibabs.eu/publicdownload.aspx?site=Beekdaelen&id=d8a546e4-c5e9-4a7a-861b-957381c5e2c6","dc_title":"MvA vragen PvdA Inzake Kadernota","dc_type":"bijlage","foi_fairiscoreVersions":{"v1":1,"v2":1},"foi_fileName":"MvA%20Kadernota%20PvdA.pdf","foi_nrPages":1},{"dc_format":"application/pdf","dc_identifier":"nl.gm1954.2c.2019.2828744-3.doc.16","dc_source":"https://api1.ibabs.eu/publicdownload.aspx?site=Beekdaelen&id=692b0915-4d75-4104-b2aa-9ac0f4108149","dc_title":"MvA vragen Vernieuwingsgroep inzake Kadernota","dc_type":"bijlage","foi_fairiscoreVersions":{"v1":1,"v2":1},"foi_fileName":"MvA%20Kadernota%20Vernieuwingsgroep.pdf","foi_nrPages":7},{"dc_format":"application/pdf","dc_identifier":"nl.gm1954.2c.2019.2828744-3.doc.18","dc_source":"https://api1.ibabs.eu/publicdownload.aspx?site=Beekdaelen&id=2cb3c7d5-0f07-429d-985a-8b4f1aeb6693","dc_title":"MvA Kadernota 2020 fractie VVD vragen 16-06-2019","dc_type":"bijlage","foi_fairiscoreVersions":{"v1":1,"v2":1},"foi_fileName":"MvA%20Kadernota%20VVD.pdf","foi_nrPages":2},{"dc_format":"application/pdf","dc_identifier":"nl.gm1954.2c.2019.2828744-3.doc.9","dc_source":"https://api1.ibabs.eu/publicdownload.aspx?site=Beekdaelen&id=7ed26fda-3ee1-45a1-a2fa-b01d8b24b5c1","dc_title":"Vernieuwingsgroep vragen cie's juni 2019 tranche 2","dc_type":"bijlage","foi_fairiscoreVersions":{"v1":1,"v2":1},"foi_fileName":"Vernieuwingsgroep%20vragen%20Kadernota.pdf","foi_nrPages":2},{"dc_format":"application/pdf","dc_identifier":"nl.gm1954.2c.2019.2828744-3.doc.8","dc_source":"https://api1.ibabs.eu/publicdownload.aspx?site=Beekdaelen&id=5d9c5f84-e124-43b1-a2c8-9b1c85257ee2","dc_title":"Vernieuwingsgroep vragen cie's juni 2019","dc_type":"bijlage","foi_fairiscoreVersions":{"v1":1,"v2":1},"foi_fileName":"Vernieuwingsgroep%20vragen%20kadernota%20Beekdaelen.pdf","foi_nrPages":7},{"dc_format":"application/pdf","dc_identifier":"nl.gm1954.2c.2019.2828744-3.doc.7","dc_source":"https://api1.ibabs.eu/publicdownload.aspx?site=Beekdaelen&id=9ad3a177-cbed-4a52-8638-eadb8f8ccd14","dc_title":"GroenLinks vragen inzake Kadernota","dc_type":"bijlage","foi_fairiscoreVersions":{"v1":1,"v2":1},"foi_fileName":"Vragen%20GroenLinks%20A3%20Kadernota%202020.pdf","foi_nrPages":1},{"dc_format":"application/pdf","dc_identifier":"nl.gm1954.2c.2019.2828744-3.doc.11","dc_source":"https://api1.ibabs.eu/publicdownload.aspx?site=Beekdaelen&id=934d8f83-0cee-42a0-944f-62a3e9194b07","dc_title":"VVD-Suers vragen inzake Kadernota","dc_type":"bijlage","foi_fairiscoreVersions":{"v1":1,"v2":1},"foi_fileName":"Vragen%20VVD%20CIE-Agendapunt_A4.pdf","foi_nrPages":3},{"dc_format":"application/pdf","dc_identifier":"nl.gm1954.2c.2019.2828744-3.doc.10","dc_source":"https://api1.ibabs.eu/publicdownload.aspx?site=Beekdaelen&id=c18e3619-6c47-498a-9187-5c8e4017ee51","dc_title":"VVD-Dani\u00ebls vragen inzake Kadernota","dc_type":"bijlage","foi_fairiscoreVersions":{"v1":1,"v2":1},"foi_fileName":"Vragen%20VVD%20inzake%20Kadernota.pdf","foi_nrPages":1}],"foi_nrDocuments":18,"foi_nrPagesInDossier":84,"foi_publishedDate":"2019-06-18","foi_retrievedDate":"2026-03-10"},{"dc_creator":"HandelingScraper_v1","dc_date_year":2019,"dc_description":"Vergadering van de Gemeente Beekdaelen op 2019-06-18. Onderdeel: Raadsvoorstel vaststellen addendum op Kadernota 2020 en vaststellen van de begrotingswijziging bij het addendum op de kadernota 2020.","dc_identifier":"nl.gm1954.2c.2019.2828744-4","dc_publisher":"gm1954","dc_source":"https://beekdaelen.bestuurlijkeinformatie.nl/Agenda/Index/21c7f531-8758-46cc-ad29-c9fd23778d7b","dc_title":"Raadscommissie (2019 t/m januari 2020) 2019-06-18 - Raadsvoorstel vaststellen addendum op Kadernota 2020 en vaststellen van de begrotingswijziging bij het addendum op de kadernota 2020","dc_type":"2c","dc_type_description":"Vergaderstuk decentrale overheid","foi_fairiscoreVersions":{"v1":1,"v2":1},"foi_files":[{"dc_format":"application/pdf","dc_identifier":"nl.gm1954.2c.2019.2828744-4.doc.1","dc_source":"https://api1.ibabs.eu/publicdownload.aspx?site=Beekdaelen&id=121b1cc9-5b9d-4d40-9646-782539b42cd9","dc_title":"Raadsvoorstel addendum kadernota 2020","dc_type":"bijlage","foi_fairiscoreVersions":{"v1":1,"v2":1},"foi_fileName":"A.4.A%20Raadsvoorstel%20addendum%20kadernota%202020.pdf","foi_nrPages":2},{"dc_format":"application/pdf","dc_identifier":"nl.gm1954.2c.2019.2828744-4.doc.2","dc_source":"https://api1.ibabs.eu/publicdownload.aspx?site=Beekdaelen&id=48a15a58-4b72-4d95-becd-a9f958daf746","dc_title":"Bijlage 1 addendum kadernota 2020","dc_type":"bijlage","foi_fairiscoreVersions":{"v1":1,"v2":1},"foi_fileName":"A.4A%20Bijlage%201%20addendum%20kadernota%202020.pdf","foi_nrPages":3},{"dc_format":"application/pdf","dc_identifier":"nl.gm1954.2c.2019.2828744-4.doc.3","dc_source":"https://api1.ibabs.eu/publicdownload.aspx?site=Beekdaelen&id=26eb6c52-6b6b-4eb9-a891-f7ce90e21190","dc_title":"Bijlage 2 begrotingswijziging bij addendum kadernota 2020","dc_type":"bijlage","foi_fairiscoreVersions":{"v1":1,"v2":1},"foi_fileName":"A.4A%20Bijlage%202%20begrotingswijziging%20bij%20addendum%20kadernota%202020.pdf","foi_nrPages":2},{"dc_format":"application/pdf","dc_identifier":"nl.gm1954.2c.2019.2828744-4.doc.5","dc_source":"https://api1.ibabs.eu/publicdownload.aspx?site=Beekdaelen&id=5090e35c-9cad-4972-887c-9fbf1c59dea9","dc_title":"MvA vragen VVD inzake addendum Kadernota","dc_type":"bijlage","foi_fairiscoreVersions":{"v1":1,"v2":1},"foi_fileName":"MvA%20Kadernota%20VVD.pdf","foi_nrPages":2},{"dc_format":"application/pdf","dc_identifier":"nl.gm1954.2c.2019.2828744-4.doc.4","dc_source":"https://api1.ibabs.eu/publicdownload.aspx?site=Beekdaelen&id=922835ea-4f54-4a18-9fb2-555a78b92dbe","dc_title":"Voorvragen VVD cie's juni 2019 inzake Addendum Kadernota","dc_type":"bijlage","foi_fairiscoreVersions":{"v1":1,"v2":1},"foi_fileName":"Vragen%20VVD%20CIE-Agendapunt_A4A%20Addendum%20Kadernota.pdf","foi_nrPages":1}],"foi_nrDocuments":5,"foi_nrPagesInDossier":10,"foi_publishedDate":"2019-06-18","foi_retrievedDate":"2025-12-03"},{"dc_creator":"HandelingScraper_v1","dc_date_year":2019,"dc_description":"Vergadering van de Gemeente Beekdaelen op 2019-06-20. Onderdeel: Algemeen.","dc_identifier":"nl.gm1954.2c.2019.2828809-1","dc_publisher":"gm1954","dc_source":"https://beekdaelen.bestuurlijkeinformatie.nl/Agenda/Index/f10c5907-e5f1-4c47-9be5-3b1f662fe572","dc_title":"Raadscommissie (2019 t/m januari 2020) 2019-06-20 - Algemeen","dc_type":"2c","dc_type_description":"Vergaderstuk decentrale overheid","foi_fairiscoreVersions":{"v1":1,"v2":1},"foi_files":[{"dc_format":"application/pdf","dc_identifier":"nl.gm1954.2c.2019.2828809-1.doc.1","dc_source":"https://api1.ibabs.eu/publicdownload.aspx?site=Beekdaelen&id=180c4440-a2c6-479f-b651-91a736283ae8","dc_title":"Uitnodiging en voorlopige agenda cie 20 juni 2019","dc_type":"bijlage","foi_fairiscoreVersions":{"v1":1,"v2":1},"foi_fileName":"Uitnodiging%20en%20voorlopige%20agenda%20cie%2020%20juni%202019.pdf","foi_nrPages":3}],"foi_nrDocuments":1,"foi_nrPagesInDossier":3,"foi_publishedDate":"2019-06-20","foi_retrievedDate":"2026-02-05"},{"dc_creator":"HandelingScraper_v1","dc_date_year":2019,"dc_description":"Vergadering van de Gemeente Beekdaelen op 2019-06-20. Onderdeel: Raadsvoorstel inzake vaststellen beleidsplan Jeugd Zuid-Limburg 2019-2022.","dc_identifier":"nl.gm1954.2c.2019.2828809-10","dc_publisher":"gm1954","dc_source":"https://beekdaelen.bestuurlijkeinformatie.nl/Agenda/Index/f10c5907-e5f1-4c47-9be5-3b1f662fe572","dc_title":"Raadscommissie (2019 t/m januari 2020) 2019-06-20 - Raadsvoorstel inzake vaststellen beleidsplan Jeugd Zuid-Limburg 2019-2022","dc_type":"2c","dc_type_description":"Vergaderstuk decentrale overheid","foi_fairiscoreVersions":{"v1":null,"v2":null},"foi_files":[{"dc_format":"application/pdf","dc_identifier":"nl.gm1954.2c.2019.2828809-10.doc.5","dc_source":"https://api1.ibabs.eu/publicdownload.aspx?site=Beekdaelen&id=b6fc3113-8a4e-4270-9bcb-3a9c80d16a5c","dc_title":"Advies interim adviesraad Beekdaelen DEF","dc_type":"bijlage","foi_fileName":"Advies%20interim%20adviesraad%20Beekdaelen%20DEF..pdf"},{"dc_format":"application/pdf","dc_identifier":"nl.gm1954.2c.2019.2828809-10.doc.3","dc_source":"https://api1.ibabs.eu/publicdownload.aspx?site=Beekdaelen&id=8fc110e5-13d4-4759-8443-5924aa8610e6","dc_title":"Beleidsplan Jeugdhulp Zuid-Limburg 2019-2022","dc_type":"bijlage","foi_fileName":"Beleidsplan%20Jeugdhulp%20Zuid-Limburg%202019-2022.pdf"},{"dc_format":"application/pdf","dc_identifier":"nl.gm1954.2c.2019.2828809-10.doc.4","dc_source":"https://api1.ibabs.eu/publicdownload.aspx?site=Beekdaelen&id=8a16b5b0-eb56-4404-ae5c-30c03e3a2c7e","dc_title":"Bijlage bij beleidskader Jeugd met aanvuling cijfers over 2018","dc_type":"bijlage","foi_fileName":"bijlage%20bij%20beleidskader%20Jeugd%20met%20aanvuling%20cijfers%20over%202018.pdf"},{"dc_format":"application/pdf","dc_identifier":"nl.gm1954.2c.2019.2828809-10.doc.6","dc_source":"https://api1.ibabs.eu/publicdownload.aspx?site=Beekdaelen&id=40d71a64-2c8c-4a11-9274-a7ba3533901a","dc_title":"CDA vragen Beleidsplan jeugd","dc_type":"bijlage","foi_fileName":"CDA%20vragen%20Beleidsplan%20jeugd.pdf"},{"dc_format":"application/pdf","dc_identifier":"nl.gm1954.2c.2019.2828809-10.doc.8","dc_source":"https://api1.ibabs.eu/publicdownload.aspx?site=Beekdaelen&id=78264262-af2e-4a37-ac64-39a2587ef3af","dc_title":"GroenLinks vragen beleidsplan jeugd","dc_type":"bijlage","foi_fileName":"GroenLinks%20vragen%20beleidsplan%20jeugd.pdf"},{"dc_format":"application/pdf","dc_identifier":"nl.gm1954.2c.2019.2828809-10.doc.7","dc_source":"https://api1.ibabs.eu/publicdownload.aspx?site=Beekdaelen&id=9bf10332-57bb-4b7b-9d9c-fafd073faa91","dc_title":"Memorie van antwoord op vragen beleidsplan Jeugd van CDA raadscommissie 20 juni","dc_type":"bijlage","foi_fileName":"memorie%20van%20antwoord%20op%20vragen%20beleidsplan%20Jeugd%20van%20CDA%20raadscommissie%2020%20juni.pdf"},{"dc_format":"application/pdf","dc_identifier":"nl.gm1954.2c.2019.2828809-10.doc.9","dc_source":"https://api1.ibabs.eu/publicdownload.aspx?site=Beekdaelen&id=0b0a0374-1526-4ca9-ba2e-b34672182478","dc_title":"Memorie van antwoord op vragen beleidsplan Jeugd van Groen links raadscommissie 20 juni","dc_type":"bijlage","foi_fileName":"memorie%20van%20antwoord%20op%20vragen%20beleidsplan%20Jeugd%20van%20Groen%20links%20raadscommissie%2020%20juni.pdf"},{"dc_format":"application/pdf","dc_identifier":"nl.gm1954.2c.2019.2828809-10.doc.1","dc_source":"https://api1.ibabs.eu/publicdownload.aspx?site=Beekdaelen&id=9fbed7ab-3ac5-418a-a1ae-cb9d1ec8a9ec","dc_title":"Raadsvoorstel beleidsplan Jeugd","dc_type":"bijlage","foi_fileName":"Raadsvoorstel%20beleidsplan%20Jeugd.pdf"},{"dc_format":"application/pdf","dc_identifier":"nl.gm1954.2c.2019.2828809-10.doc.2","dc_source":"https://api1.ibabs.eu/publicdownload.aspx?site=Beekdaelen&id=58dce510-e604-4cd5-9aa0-f2d3a16d4382","dc_title":"Raadsbesluit beleidsplan Jeugdhulp 2019-2022 aangepast","dc_type":"bijlage","foi_fileName":"RB%20beleidsplan%20Jeugdhulp%202019-2022%20vastgesteld%2002072019.pdf"},{"dc_format":"application/pdf","dc_identifier":"nl.gm1954.2c.2019.2828809-10.doc.10","dc_source":"https://api1.ibabs.eu/publicdownload.aspx?site=Beekdaelen&id=948b89f6-3594-4621-819d-dc59c7f0bc0b","dc_title":"Vragen D66 incl. antwoorden inzake beleidsplan Jeugd.docx","dc_type":"bijlage","foi_fileName":"Vragen%20D66%20incl.%20antwoorden%20inzake%20beleidsplan%20Jeugd.pdf"}],"foi_nrDocuments":10,"foi_nrPagesInDossier":0,"foi_publishedDate":"2019-06-20","foi_retrievedDate":"2025-11-30"},{"dc_creator":"HandelingScraper_v1","dc_date_year":2019,"dc_description":"Vergadering van de Gemeente Beekdaelen op 2019-06-20. Onderdeel: Raadsvoorstel inzake instellen van een regeling voor een Jongerenlintje.","dc_identifier":"nl.gm1954.2c.2019.2828809-11","dc_publisher":"gm1954","dc_source":"https://beekdaelen.bestuurlijkeinformatie.nl/Agenda/Index/f10c5907-e5f1-4c47-9be5-3b1f662fe572","dc_title":"Raadscommissie (2019 t/m januari 2020) 2019-06-20 - Raadsvoorstel inzake instellen van een regeling voor een Jongerenlintje","dc_type":"2c","dc_type_description":"Vergaderstuk decentrale overheid","foi_fairiscoreVersions":{"v1":2,"v2":1},"foi_files":[{"dc_format":"application/pdf","dc_identifier":"nl.gm1954.2c.2019.2828809-11.doc.2","dc_source":"https://api1.ibabs.eu/publicdownload.aspx?site=Beekdaelen&id=a63c8ddf-10a4-45c0-a7bc-8f857a0ce365","dc_title":"Concept raadsbesluit jongerenlintje","dc_type":"bijlage","foi_fairiscoreVersions":{"v1":1,"v2":1},"foi_fileName":"16%20jongerenlintje%20concept%20besluit.pdf","foi_nrPages":1},{"dc_format":"application/pdf","dc_identifier":"nl.gm1954.2c.2019.2828809-11.doc.1","dc_source":"https://api1.ibabs.eu/publicdownload.aspx?site=Beekdaelen&id=7661135c-d847-4cc8-94aa-30567f9fd8fb","dc_title":"Raadsvoorstel jongerenlintje","dc_type":"bijlage","foi_fairiscoreVersions":{"v1":2,"v2":1},"foi_fileName":"16%20jongerenlintje%20raadsvoorstel.pdf","foi_nrPages":3},{"dc_format":"application/pdf","dc_identifier":"nl.gm1954.2c.2019.2828809-11.doc.4","dc_source":"https://api1.ibabs.eu/publicdownload.aspx?site=Beekdaelen&id=540103c7-5d65-4fbe-a442-12e41b3e18c3","dc_title":"CDA vragen jongerenlintje","dc_type":"bijlage","foi_fairiscoreVersions":{"v1":1,"v2":1},"foi_fileName":"CDA%20vragen%20jongerenlintje.pdf","foi_nrPages":5},{"dc_format":"application/pdf","dc_identifier":"nl.gm1954.2c.2019.2828809-11.doc.3","dc_source":"https://api1.ibabs.eu/publicdownload.aspx?site=Beekdaelen&id=f66dd622-74cc-4702-b47c-dfb41a1f46f0","dc_title":"Verordening toekenning Jongerenlintje gemeente Beekdaelen","dc_type":"bijlage","foi_fairiscoreVersions":{"v1":1,"v2":1},"foi_fileName":"Verordening%20toekenning%20Jongerenlintje%20gemeente%20Beekdaelen.pdf","foi_nrPages":3}],"foi_nrDocuments":4,"foi_nrPagesInDossier":12,"foi_publishedDate":"2019-06-20","foi_retrievedDate":"2026-03-05"},{"dc_creator":"HandelingScraper_v1","dc_date_year":2019,"dc_description":"Vergadering van de Gemeente Beekdaelen op 2019-06-20. Onderdeel: Rondvraag cluster Sociaal.","dc_identifier":"nl.gm1954.2c.2019.2828809-12","dc_publisher":"gm1954","dc_source":"https://beekdaelen.bestuurlijkeinformatie.nl/Agenda/Index/f10c5907-e5f1-4c47-9be5-3b1f662fe572","dc_title":"Raadscommissie (2019 t/m januari 2020) 2019-06-20 - Rondvraag cluster Sociaal","dc_type":"2c","dc_type_description":"Vergaderstuk decentrale overheid","foi_fairiscoreVersions":{"v1":1,"v2":1},"foi_files":[{"dc_format":"application/pdf","dc_identifier":"nl.gm1954.2c.2019.2828809-12.doc.1","dc_source":"https://api1.ibabs.eu/publicdownload.aspx?site=Beekdaelen&id=0f17b90f-77bd-4beb-9c49-9440bf8bf636","dc_title":"MvA vragen Vernieuwingsgroep rondvraag sociaal raadscommissie 20 juni 2019 mbt Omnibuzz","dc_type":"bijlage","foi_fairiscoreVersions":{"v1":1,"v2":1},"foi_fileName":"Memorie%20van%20antwoord%20vragen%20Omnibuzz%20door%20Vernieuwingsgroep%20t.b.v.%20rondvraag%20sociaal%20raadscomissie%2020%20juni.pdf","foi_nrPages":1},{"dc_format":"application/pdf","dc_identifier":"nl.gm1954.2c.2019.2828809-12.doc.2","dc_source":"https://api1.ibabs.eu/publicdownload.aspx?site=Beekdaelen&id=68024b3f-81e2-4d3f-825b-b6bda446b5ff","dc_title":"MvA vragen tranche 2 Vernieuwingsgroep rondvraag sociaal raadscommissie 20 juni 2019 mbt Omnibuzz","dc_type":"bijlage","foi_fairiscoreVersions":{"v1":1,"v2":1},"foi_fileName":"Memorie%20van%20antwoord%20vragen%20OMNIBUZZ%20door%20Verniewingsgroep%20t.b.v.%20rondvraag%20sociaal%20raadscommissie%2025%20juni.pdf","foi_nrPages":2},{"dc_format":"application/pdf","dc_identifier":"nl.gm1954.2c.2019.2828809-12.doc.3","dc_source":"https://api1.ibabs.eu/publicdownload.aspx?site=Beekdaelen&id=ec1a6e48-2d2e-4fb1-97a6-9404f91b7a2f","dc_title":"Vragen Vernieuwingsgroep incl. antwoorden inzake Omnibuzz","dc_type":"bijlage","foi_fairiscoreVersions":{"v1":1,"v2":1},"foi_fileName":"Vragen%20Vernieuwingsgroep%20incl.%20antwoorden%20inzake%20Omnibuzz.pdf","foi_nrPages":1}],"foi_nrDocuments":3,"foi_nrPagesInDossier":4,"foi_publishedDate":"2019-06-20","foi_retrievedDate":"2025-12-06"},{"dc_creator":"HandelingScraper_v1","dc_date_year":2019,"dc_description":"Vergadering van de Gemeente Beekdaelen op 2019-06-20. Onderdeel: Raadsvoorstel inzake vaststellen 1ste herziening Bomenverordening Beekdaelen 2019.","dc_identifier":"nl.gm1954.2c.2019.2828809-13","dc_publisher":"gm1954","dc_source":"https://beekdaelen.bestuurlijkeinformatie.nl/Agenda/Index/f10c5907-e5f1-4c47-9be5-3b1f662fe572","dc_title":"Raadscommissie (2019 t/m januari 2020) 2019-06-20 - Raadsvoorstel inzake vaststellen 1ste herziening Bomenverordening Beekdaelen 2019","dc_type":"2c","dc_type_description":"Vergaderstuk decentrale overheid","foi_fairiscoreVersions":{"v1":3,"v2":3},"foi_files":[{"dc_format":"application/pdf","dc_identifier":"nl.gm1954.2c.2019.2828809-13.doc.5","dc_source":"https://api1.ibabs.eu/publicdownload.aspx?site=Beekdaelen&id=d7068ae0-cc71-4d10-8366-5b30a775a9f3","dc_title":"Memorie van antwoord - addendum bij vragen Beekdaelenm Lokaal 1e herziening bomenverordening Beekdaelen 2019","dc_type":"bijlage","foi_fairiscoreVersions":{"v1":1,"v2":1},"foi_fileName":"Addendum%20bij%20memorie%20van%20antwoord%201e%20herziening%20bomenverordening%20beekdaelen%202019.pdf","foi_nrPages":2},{"dc_format":"application/pdf","dc_identifier":"nl.gm1954.2c.2019.2828809-13.doc.2","dc_source":"https://api1.ibabs.eu/publicdownload.aspx?site=Beekdaelen&id=ddd37ece-0484-43c7-bfd2-2c1a410ab67e","dc_title":"Bomenverordening 1ste herziening","dc_type":"bijlage","foi_fairiscoreVersions":{"v1":5,"v2":5},"foi_fileName":"Bomenverordening%201ste%20herziening.pdf","foi_nrPages":4},{"dc_format":"application/pdf","dc_identifier":"nl.gm1954.2c.2019.2828809-13.doc.4","dc_source":"https://api1.ibabs.eu/publicdownload.aspx?site=Beekdaelen&id=63bf3a2c-3f7e-4796-8a85-a609ff81b092","dc_title":"Memorie van antwoord CDA en VG 1e herziening bomenverordening Beekdaelen 2019","dc_type":"bijlage","foi_fairiscoreVersions":{"v1":1,"v2":1},"foi_fileName":"Memorie%20van%20antwoord0%20CDA%20en%20VG%201e%20herziening%20bomenverordening%20Beekdaelen%202019.pdf","foi_nrPages":3},{"dc_format":"application/pdf","dc_identifier":"nl.gm1954.2c.2019.2828809-13.doc.1","dc_source":"https://api1.ibabs.eu/publicdownload.aspx?site=Beekdaelen&id=e515a5a3-c9a6-4e8a-ab61-275f4d18c323","dc_title":"Raadsvoorstel bomenverordening, concept raadsbesluit en bomenverordening","dc_type":"bijlage","foi_fairiscoreVersions":{"v1":5,"v2":5},"foi_fileName":"raadsvoorstel%20bomenverordening.pdf","foi_nrPages":7},{"dc_format":"application/pdf","dc_identifier":"nl.gm1954.2c.2019.2828809-13.doc.3","dc_source":"https://api1.ibabs.eu/publicdownload.aspx?site=Beekdaelen&id=b9fa4f07-0506-4c69-b1a0-f53556b5c0de","dc_title":"Vragen Vernieuwingsgroep incl. antwoorden mbt Bomenverordening","dc_type":"bijlage","foi_fairiscoreVersions":{"v1":1,"v2":1},"foi_fileName":"Vragen%20Vernieuwingsgroep%20incl.%20antwoorden%20mbt%20Bomenverordening.pdf","foi_nrPages":1}],"foi_nrDocuments":5,"foi_nrPagesInDossier":17,"foi_publishedDate":"2019-06-20","foi_retrievedDate":"2026-03-04"},{"dc_creator":"HandelingScraper_v1","dc_date_year":2019,"dc_description":"Vergadering van de Gemeente Beekdaelen op 2019-06-20. Onderdeel: Raadsvoorstel inzake vaststellen Startnotitie Omgevingswet Beekdaelen.","dc_identifier":"nl.gm1954.2c.2019.2828809-14","dc_publisher":"gm1954","dc_source":"https://beekdaelen.bestuurlijkeinformatie.nl/Agenda/Index/f10c5907-e5f1-4c47-9be5-3b1f662fe572","dc_title":"Raadscommissie (2019 t/m januari 2020) 2019-06-20 - Raadsvoorstel inzake vaststellen Startnotitie Omgevingswet Beekdaelen","dc_type":"2c","dc_type_description":"Vergaderstuk decentrale overheid","foi_fairiscoreVersions":{"v1":2,"v2":2},"foi_files":[{"dc_format":"application/pdf","dc_identifier":"nl.gm1954.2c.2019.2828809-14.doc.6","dc_source":"https://api1.ibabs.eu/publicdownload.aspx?site=Beekdaelen&id=893bfcb7-b46f-4b10-97b4-4b1425f6e5c4","dc_title":"MvA (technische) vragen raadsbijeenkomst 28 mei 2019 def","dc_type":"bijlage","foi_fairiscoreVersions":{"v1":1,"v2":1},"foi_fileName":"Antwoorden%20%28technische%29%20vragen%20commissie%2028%20mei%202019%20def.pdf","foi_nrPages":3},{"dc_format":"application/pdf","dc_identifier":"nl.gm1954.2c.2019.2828809-14.doc.5","dc_source":"https://api1.ibabs.eu/publicdownload.aspx?site=Beekdaelen&id=6e2723f7-2e84-44e6-9192-ecca471c74cd","dc_title":"MvA vragen Vernieuwingsgroep mbt Startnotitie Omgevingswet","dc_type":"bijlage","foi_fairiscoreVersions":{"v1":1,"v2":1},"foi_fileName":"Kopie%20van%20MvA%20mbt%20%20Startnotitie%20Omgevingswet%20fractie%20Vernieuwingsgroep.pdf","foi_nrPages":1},{"dc_format":"application/pdf","dc_identifier":"nl.gm1954.2c.2019.2828809-14.doc.3","dc_source":"https://api1.ibabs.eu/publicdownload.aspx?site=Beekdaelen&id=b636b98f-cdbf-4c6e-884b-609ee91f2a76","dc_title":"MvA vragen CDA mbt  Startnotitie Omgevingswet","dc_type":"bijlage","foi_fairiscoreVersions":{"v1":1,"v2":1},"foi_fileName":"MvA%20mbt%20%20Startnotitie%20Omgevingswet%20fractie%20CDA.pdf","foi_nrPages":3},{"dc_format":"application/pdf","dc_identifier":"nl.gm1954.2c.2019.2828809-14.doc.4","dc_source":"https://api1.ibabs.eu/publicdownload.aspx?site=Beekdaelen&id=74c2ce2b-75a4-4c85-abd4-4733f4f7c251","dc_title":"MvA vragen GroenLinks mbt Startnotitie Omgevingswet","dc_type":"bijlage","foi_fairiscoreVersions":{"v1":1,"v2":1},"foi_fileName":"MvA%20mbt%20%20Startnotitie%20Omgevingswet%20fractie%20GroenLinks.pdf","foi_nrPages":1},{"dc_format":"application/pdf","dc_identifier":"nl.gm1954.2c.2019.2828809-14.doc.1","dc_source":"https://api1.ibabs.eu/publicdownload.aspx?site=Beekdaelen&id=fedbb00a-85b5-427a-a78c-d25144ef2886","dc_title":"Raadsvoorstel en concept raadsbesluit Startnotitie Omgevingswet","dc_type":"bijlage","foi_fairiscoreVersions":{"v1":2,"v2":1},"foi_fileName":"Raadsvoorstel%20Startnotitie%20Omgevingswet.pdf","foi_nrPages":4},{"dc_format":"application/pdf","dc_identifier":"nl.gm1954.2c.2019.2828809-14.doc.2","dc_source":"https://api1.ibabs.eu/publicdownload.aspx?site=Beekdaelen&id=2ae49923-544e-4317-96fa-2007c38ba46a","dc_title":"Startnotitie Omgevingswet Beekdaelen incl. paginanummering def","dc_type":"bijlage","foi_fairiscoreVersions":{"v1":2,"v2":2},"foi_fileName":"Startnotitie%20Omgevingswet%20Beekdaelen%20def.pdf","foi_nrPages":38}],"foi_nrDocuments":6,"foi_nrPagesInDossier":50,"foi_publishedDate":"2019-06-20","foi_retrievedDate":"2026-03-05"},{"dc_creator":"HandelingScraper_v1","dc_date_year":2019,"dc_description":"Vergadering van de Gemeente Beekdaelen op 2019-06-20. Onderdeel: Raadsvoorstel inzake vaststellen plan van aanpak \"Startnotitie Duurzaam Beekdaelen\" voor een gemeenschappelijke visie op gebied van duurzaamheid.","dc_identifier":"nl.gm1954.2c.2019.2828809-15","dc_publisher":"gm1954","dc_source":"https://beekdaelen.bestuurlijkeinformatie.nl/Agenda/Index/f10c5907-e5f1-4c47-9be5-3b1f662fe572","dc_title":"Raadscommissie (2019 t/m januari 2020) 2019-06-20 - Raadsvoorstel inzake vaststellen plan van aanpak \"Startnotitie Duurzaam Beekdaelen\" voor een gemeenschappelijke visie op gebied van duurzaamheid","dc_type":"2c","dc_type_description":"Vergaderstuk decentrale overheid","foi_fairiscoreVersions":{"v1":2,"v2":1},"foi_files":[{"dc_format":"application/pdf","dc_identifier":"nl.gm1954.2c.2019.2828809-15.doc.7","dc_source":"https://api1.ibabs.eu/publicdownload.aspx?site=Beekdaelen&id=9fca7d6b-e474-42a6-abe7-5f8c1ef21fdc","dc_title":"CDA vragen cie's juni 2019 deel 2","dc_type":"bijlage","foi_fairiscoreVersions":{"v1":1,"v2":1},"foi_fileName":"CDA%20vragen%20startnotitie%20duurzaam%20Beekdaelen.pdf","foi_nrPages":2},{"dc_format":"application/pdf","dc_identifier":"nl.gm1954.2c.2019.2828809-15.doc.5","dc_source":"https://api1.ibabs.eu/publicdownload.aspx?site=Beekdaelen&id=08e43131-3bec-45f0-abe0-d93766817397","dc_title":"MvA vragen CDA plan van aanpak startnotitie duurzaam Beekdaelen","dc_type":"bijlage","foi_fairiscoreVersions":{"v1":1,"v2":1},"foi_fileName":"Memorie%20van%20antwoord%20CDA%20plan%20van%20aanpak%20startnotitie%20duurzaam%20Beekdaelen.pdf","foi_nrPages":1},{"dc_format":"application/pdf","dc_identifier":"nl.gm1954.2c.2019.2828809-15.doc.4","dc_source":"https://api1.ibabs.eu/publicdownload.aspx?site=Beekdaelen&id=38801adb-0116-4b93-bc53-66daeaff7046","dc_title":"MvA vragen Beekdaelen Lokaal startnotitie duurzaamheid","dc_type":"bijlage","foi_fairiscoreVersions":{"v1":1,"v2":1},"foi_fileName":"MvA%20vragen%20Beekdaelen%20Lokaal%20startnotitie%20duurzaamheid.pdf","foi_nrPages":1},{"dc_format":"application/pdf","dc_identifier":"nl.gm1954.2c.2019.2828809-15.doc.2","dc_source":"https://api1.ibabs.eu/publicdownload.aspx?site=Beekdaelen&id=de85e4d4-f47b-4b41-a6f3-5c13b71162cf","dc_title":"Concept Raadsbesluit Startnotitie Duurzaam Beekdaelen","dc_type":"bijlage","foi_fairiscoreVersions":{"v1":1,"v2":1},"foi_fileName":"Raadsbesluit%20Startnotitie%20Duurzaam%20Beekdaelen.pdf","foi_nrPages":1},{"dc_format":"application/pdf","dc_identifier":"nl.gm1954.2c.2019.2828809-15.doc.1","dc_source":"https://api1.ibabs.eu/publicdownload.aspx?site=Beekdaelen&id=c7544210-ed1d-481c-9469-ca59f829e073","dc_title":"Raadsvoorstel Startnotitie Duurzaam Beekdaelen","dc_type":"bijlage","foi_fairiscoreVersions":{"v1":1,"v2":1},"foi_fileName":"Raadsvoorstel%20Startnotitie%20Duurzaam%20Beekdaelen.pdf","foi_nrPages":3},{"dc_format":"application/pdf","dc_identifier":"nl.gm1954.2c.2019.2828809-15.doc.3","dc_source":"https://api1.ibabs.eu/publicdownload.aspx?site=Beekdaelen&id=872edb05-86e8-494c-9c78-1ab855083118","dc_title":"Startnotitie Duurzaam Beekdaelen, maart 2019","dc_type":"bijlage","foi_fairiscoreVersions":{"v1":2,"v2":1},"foi_fileName":"STARTNOTITIE%20DUURZAAM%20BEEKDAELEN_%20maart%202019.pdf","foi_nrPages":6},{"dc_format":"application/pdf","dc_identifier":"nl.gm1954.2c.2019.2828809-15.doc.6","dc_source":"https://api1.ibabs.eu/publicdownload.aspx?site=Beekdaelen&id=5245ad62-5704-4a20-b62b-11294c7572e0","dc_title":"Vragen Vernieuwingsgroep incl. antwoorden mbt Startnotitie Duurzaam Beekdaelen","dc_type":"bijlage","foi_fairiscoreVersions":{"v1":1,"v2":1},"foi_fileName":"Vragen%20Vernieuwingsgroep%20incl.%20antwoorden%20mbt%20Startnotitie%20Duurzaam%20Beekdaelen.pdf","foi_nrPages":1}],"foi_nrDocuments":7,"foi_nrPagesInDossier":15,"foi_publishedDate":"2019-06-20","foi_retrievedDate":"2025-11-29"},{"dc_creator":"HandelingScraper_v1","dc_date_year":2019,"dc_description":"Vergadering van de Gemeente Beekdaelen op 2019-06-20. Onderdeel: Raadsvoorstel inzake vaststellen Procedureverordening voor advisering tegemoetkoming in planschade gemeente Beekdaelen 2019.","dc_identifier":"nl.gm1954.2c.2019.2828809-16","dc_publisher":"gm1954","dc_source":"https://beekdaelen.bestuurlijkeinformatie.nl/Agenda/Index/f10c5907-e5f1-4c47-9be5-3b1f662fe572","dc_title":"Raadscommissie (2019 t/m januari 2020) 2019-06-20 - Raadsvoorstel inzake vaststellen Procedureverordening voor advisering tegemoetkoming in planschade gemeente Beekdaelen 2019","dc_type":"2c","dc_type_description":"Vergaderstuk decentrale overheid","foi_fairiscoreVersions":{"v1":1,"v2":1},"foi_files":[{"dc_format":"application/pdf","dc_identifier":"nl.gm1954.2c.2019.2828809-16.doc.3","dc_source":"https://api1.ibabs.eu/publicdownload.aspx?site=Beekdaelen&id=c0e4c157-bd94-4468-8fa9-8679ad6a0087","dc_title":"Procedureverordening planschade Beekdaelen 2019 vastgesteld 02072019","dc_type":"bijlage","foi_fairiscoreVersions":{"v1":1,"v2":1},"foi_fileName":"04%20Procedureverordening%20planschade%20Beekdaelen%202019.pdf","foi_nrPages":5},{"dc_format":"application/pdf","dc_identifier":"nl.gm1954.2c.2019.2828809-16.doc.2","dc_source":"https://api1.ibabs.eu/publicdownload.aspx?site=Beekdaelen&id=57ae5a33-f721-4796-97c9-fb788440ffce","dc_title":"Concept Raadsbesluit inzake Procedureverordening planschade Beekdaelen 2019","dc_type":"bijlage","foi_fairiscoreVersions":{"v1":1,"v2":1},"foi_fileName":"04%20Rbs%20inzake%20Procedureverordening%20planschade%20Beekdaelen%202019.pdf","foi_nrPages":1},{"dc_format":"application/pdf","dc_identifier":"nl.gm1954.2c.2019.2828809-16.doc.1","dc_source":"https://api1.ibabs.eu/publicdownload.aspx?site=Beekdaelen&id=f7957683-0064-4ccb-85f3-9efc2fca4ee6","dc_title":"Raadsvoorstel inzake Procedureverordening planschade Beekdaelen 2019","dc_type":"bijlage","foi_fairiscoreVersions":{"v1":1,"v2":1},"foi_fileName":"04%20Rvs%20inzake%20Procedureverordening%20planschade%20Beekdaelen%202019.pdf","foi_nrPages":3}],"foi_nrDocuments":3,"foi_nrPagesInDossier":9,"foi_publishedDate":"2019-06-20","foi_retrievedDate":"2026-03-04"},{"dc_creator":"HandelingScraper_v1","dc_date_year":2019,"dc_description":"Vergadering van de Gemeente Beekdaelen op 2019-06-20. Onderdeel: Raadsvoorstel inzake opheffen geheimhouding op aan de raad overlegde stukken in het dossier Bouwbergstraat te Schinveld.","dc_identifier":"nl.gm1954.2c.2019.2828809-17","dc_publisher":"gm1954","dc_source":"https://beekdaelen.bestuurlijkeinformatie.nl/Agenda/Index/f10c5907-e5f1-4c47-9be5-3b1f662fe572","dc_title":"Raadscommissie (2019 t/m januari 2020) 2019-06-20 - Raadsvoorstel inzake opheffen geheimhouding op aan de raad overlegde stukken in het dossier Bouwbergstraat te Schinveld","dc_type":"2c","dc_type_description":"Vergaderstuk decentrale overheid","foi_fairiscoreVersions":{"v1":null,"v2":null},"foi_files":[{"dc_format":"application/pdf","dc_identifier":"nl.gm1954.2c.2019.2828809-17.doc.2","dc_source":"https://api1.ibabs.eu/publicdownload.aspx?site=Beekdaelen&id=49a6cee5-8075-43cf-a0eb-42369f1f247e","dc_title":"Concept raadsbesluit inzake opheffen geheimhouding stukken Bouwbergstraat","dc_type":"bijlage","foi_fileName":"13%20opheffen%20geheimhouding%20stukken%20Bouwbergstraat%20concept%20raadsbesluit.pdf"},{"dc_format":"application/pdf","dc_identifier":"nl.gm1954.2c.2019.2828809-17.doc.1","dc_source":"https://api1.ibabs.eu/publicdownload.aspx?site=Beekdaelen&id=03644f42-1f6d-4cfd-8c14-9ed2877d6f54","dc_title":"RV opheffen geheimhouding stukken Bouwbergstraat","dc_type":"bijlage","foi_fileName":"13%20opheffen%20geheimhouding%20stukken%20Bouwbergstraat%20raadsvoorstel.pdf"}],"foi_nrDocuments":2,"foi_nrPagesInDossier":0,"foi_publishedDate":"2019-06-20","foi_retrievedDate":"2025-11-30"},{"dc_creator":"HandelingScraper_v1","dc_date_year":2019,"dc_description":"Vergadering van de Gemeente Beekdaelen op 2019-06-20. Onderdeel: Raadsvoorstel inzake vaststellen van de verordeningen ex artikel 212, 213 en 213a en het inkoopbeleid Beekdaelen.","dc_identifier":"nl.gm1954.2c.2019.2828809-18","dc_publisher":"gm1954","dc_source":"https://beekdaelen.bestuurlijkeinformatie.nl/Agenda/Index/f10c5907-e5f1-4c47-9be5-3b1f662fe572","dc_title":"Raadscommissie (2019 t/m januari 2020) 2019-06-20 - Raadsvoorstel inzake vaststellen van de verordeningen ex artikel 212, 213 en 213a en het inkoopbeleid Beekdaelen","dc_type":"2c","dc_type_description":"Vergaderstuk decentrale overheid","foi_fairiscoreVersions":{"v1":4,"v2":4},"foi_files":[{"dc_format":"application/pdf","dc_identifier":"nl.gm1954.2c.2019.2828809-18.doc.6","dc_source":"https://api1.ibabs.eu/publicdownload.aspx?site=Beekdaelen&id=19a97a92-9252-4b01-8992-1c23900473f7","dc_title":"Advies werkgroep Auditcie","dc_type":"bijlage","foi_fairiscoreVersions":{"v1":5,"v2":5},"foi_fileName":"advies%20werkgroep%20Auditcie.pdf","foi_nrPages":4},{"dc_format":"application/pdf","dc_identifier":"nl.gm1954.2c.2019.2828809-18.doc.5","dc_source":"https://api1.ibabs.eu/publicdownload.aspx?site=Beekdaelen&id=f50df9ca-2f97-49b3-b648-0232665bf494","dc_title":"Inkoopbeleid gemeente Beekdaelen","dc_type":"bijlage","foi_fairiscoreVersions":{"v1":5,"v2":5},"foi_fileName":"Inkoopbeleid%20gemeente%20Beekdaelen.pdf","foi_nrPages":16},{"dc_format":"application/pdf","dc_identifier":"nl.gm1954.2c.2019.2828809-18.doc.7","dc_source":"https://api1.ibabs.eu/publicdownload.aspx?site=Beekdaelen&id=29230f53-68fa-42be-96f5-b820c65acdfa","dc_title":"Voorvragen Inkoopbeleid incl. antwoorden","dc_type":"bijlage","foi_fairiscoreVersions":{"v1":1,"v2":1},"foi_fileName":"inkoopbeleid%20vragen%20vernieuwingsgroep.pdf","foi_nrPages":2},{"dc_format":"application/pdf","dc_identifier":"nl.gm1954.2c.2019.2828809-18.doc.9","dc_source":"https://api1.ibabs.eu/publicdownload.aspx?site=Beekdaelen&id=c371da67-fb20-4b7d-ae89-9506a4a09e19","dc_title":"Memorie van Antwoord op vragen Vernieuwingsgroep inzake Inkoopbeleid","dc_type":"bijlage","foi_fairiscoreVersions":{"v1":1,"v2":1},"foi_fileName":"Memorie%20van%20Antwoord%20VG%20Inkoop.pdf","foi_nrPages":2},{"dc_format":"application/pdf","dc_identifier":"nl.gm1954.2c.2019.2828809-18.doc.1","dc_source":"https://api1.ibabs.eu/publicdownload.aspx?site=Beekdaelen&id=a8dcb610-ac7c-4b63-98c0-512682d91e22","dc_title":"Raadsvoorstel en raadsbesluit financi\u00eble verordeningen","dc_type":"bijlage","foi_fairiscoreVersions":{"v1":5,"v2":5},"foi_fileName":"raadsvoorstel%20financiele%20verordeningen.pdf","foi_nrPages":4},{"dc_format":"application/pdf","dc_identifier":"nl.gm1954.2c.2019.2828809-18.doc.8","dc_source":"https://api1.ibabs.eu/publicdownload.aspx?site=Beekdaelen&id=a6dbc078-6f06-4941-8719-1c4b1f2e42fa","dc_title":"Vernieuwingsgroep voorvragen cie's 18 en 20 juni 2019","dc_type":"bijlage","foi_fairiscoreVersions":{"v1":1,"v2":1},"foi_fileName":"Vernieuwingsgroep%20vragen%20inkoopbeleid.pdf","foi_nrPages":7},{"dc_format":"application/pdf","dc_identifier":"nl.gm1954.2c.2019.2828809-18.doc.2","dc_source":"https://api1.ibabs.eu/publicdownload.aspx?site=Beekdaelen&id=6eb05ceb-0403-420e-a23c-b6a7b6ceaa73","dc_title":"Verordening ex artikel 212 VERVALLEN ivm foute datum raadsvergadering","dc_type":"bijlage","foi_fairiscoreVersions":{"v1":5,"v2":5},"foi_fileName":"Verordening%20ex%20artikel%20212.pdf","foi_nrPages":13},{"dc_format":"application/pdf","dc_identifier":"nl.gm1954.2c.2019.2828809-18.doc.3","dc_source":"https://api1.ibabs.eu/publicdownload.aspx?site=Beekdaelen&id=c1b37757-0473-4058-bea8-85d83b96e7ee","dc_title":"Verordening ex artikel 213 VERVALLEN ivm foute datum raadsvergadering","dc_type":"bijlage","foi_fairiscoreVersions":{"v1":5,"v2":5},"foi_fileName":"Verordening%20ex%20artikel%20213.pdf","foi_nrPages":4},{"dc_format":"application/pdf","dc_identifier":"nl.gm1954.2c.2019.2828809-18.doc.4","dc_source":"https://api1.ibabs.eu/publicdownload.aspx?site=Beekdaelen&id=62d7fc70-63cc-4a75-a358-d9ad54811e62","dc_title":"Verordening ex artikel 213a VERVALLEN ivm foute datum raadsvergadering","dc_type":"bijlage","foi_fairiscoreVersions":{"v1":5,"v2":5},"foi_fileName":"verordening%20ex%20artikel%20213a.pdf","foi_nrPages":2}],"foi_nrDocuments":9,"foi_nrPagesInDossier":54,"foi_publishedDate":"2019-06-20","foi_retrievedDate":"2026-02-12"},{"dc_creator":"HandelingScraper_v1","dc_date_year":2019,"dc_description":"Vergadering van de Gemeente Beekdaelen op 2019-06-20. Onderdeel: Opening, mededelingen voorzitter en vaststellen agenda.","dc_identifier":"nl.gm1954.2c.2019.2828809-2","dc_publisher":"gm1954","dc_source":"https://beekdaelen.bestuurlijkeinformatie.nl/Agenda/Index/f10c5907-e5f1-4c47-9be5-3b1f662fe572","dc_title":"Raadscommissie (2019 t/m januari 2020) 2019-06-20 - Opening, mededelingen voorzitter en vaststellen agenda","dc_type":"2c","dc_type_description":"Vergaderstuk decentrale overheid","foi_fairiscoreVersions":{"v1":1,"v2":1},"foi_files":[{"dc_format":"application/pdf","dc_identifier":"nl.gm1954.2c.2019.2828809-2.doc.1","dc_source":"https://api1.ibabs.eu/publicdownload.aspx?site=Beekdaelen&id=a7e86973-0fbe-4036-8771-13f0bed2913b","dc_title":"Agenda cie 20 juni 2019 gewijzigd en vastgesteld","dc_type":"bijlage","foi_fairiscoreVersions":{"v1":1,"v2":1},"foi_fileName":"Agenda%20cie%2020%20juni%202019%20gewijz.%20en%20vastgesteld.pdf","foi_nrPages":2}],"foi_nrDocuments":1,"foi_nrPagesInDossier":2,"foi_publishedDate":"2019-06-20","foi_retrievedDate":"2026-03-09"},{"dc_creator":"HandelingScraper_v1","dc_date_year":2019,"dc_description":"Vergadering van de Gemeente Beekdaelen op 2019-06-20. Onderdeel: Vaststellen actiepuntenlijst van de commissie d.d. 7, 9 en 14 mei 2019.","dc_identifier":"nl.gm1954.2c.2019.2828809-3","dc_publisher":"gm1954","dc_source":"https://beekdaelen.bestuurlijkeinformatie.nl/Agenda/Index/f10c5907-e5f1-4c47-9be5-3b1f662fe572","dc_title":"Raadscommissie (2019 t/m januari 2020) 2019-06-20 - Vaststellen actiepuntenlijst van de commissie d.d. 7, 9 en 14 mei 2019","dc_type":"2c","dc_type_description":"Vergaderstuk decentrale overheid","foi_fairiscoreVersions":{"v1":1,"v2":1},"foi_files":[{"dc_format":"application/pdf","dc_identifier":"nl.gm1954.2c.2019.2828809-3.doc.3","dc_source":"https://api1.ibabs.eu/publicdownload.aspx?site=Beekdaelen&id=e786bfea-d628-4743-943b-3c3988ca4331","dc_title":"Actiepuntenlijst cie 20190514 14 mei 2019 aangepast en vastgesteld cie 20062019","dc_type":"bijlage","foi_fairiscoreVersions":{"v1":1,"v2":1},"foi_fileName":"Actiepuntenlijst%20cie%2020190514%2014%20mei%202019%20aangepast%20en%20vastgesteld%20cie%2020062019.pdf","foi_nrPages":3},{"dc_format":"application/pdf","dc_identifier":"nl.gm1954.2c.2019.2828809-3.doc.1","dc_source":"https://api1.ibabs.eu/publicdownload.aspx?site=Beekdaelen&id=7e11ff46-1475-448a-a82d-e9bea5c2aeb4","dc_title":"Actiepuntenlijst cie 7 mei 2019 vastgesteld cie. 20062019","dc_type":"bijlage","foi_fairiscoreVersions":{"v1":1,"v2":1},"foi_fileName":"Actiepuntenlijst%20cie%207%20mei%202019.pdf","foi_nrPages":3},{"dc_format":"application/pdf","dc_identifier":"nl.gm1954.2c.2019.2828809-3.doc.2","dc_source":"https://api1.ibabs.eu/publicdownload.aspx?site=Beekdaelen&id=62e95695-d469-4232-92f9-f41599e09579","dc_title":"Actiepuntenlijst cie 9 mei 2019 vastgesteld cie. 20062019","dc_type":"bijlage","foi_fairiscoreVersions":{"v1":1,"v2":1},"foi_fileName":"Actiepuntenlijst%20cie%209%20mei%202019.pdf","foi_nrPages":4}],"foi_nrDocuments":3,"foi_nrPagesInDossier":10,"foi_publishedDate":"2019-06-20","foi_retrievedDate":"2025-12-06"},{"dc_creator":"HandelingScraper_v1","dc_date_year":2019,"dc_description":"Vergadering van de Gemeente Beekdaelen op 2019-06-20. Onderdeel: Brief met oplossing voor rondslingerende plastic zakken (op verzoek van de heer Pieper).","dc_identifier":"nl.gm1954.2c.2019.2828809-4","dc_publisher":"gm1954","dc_source":"https://beekdaelen.bestuurlijkeinformatie.nl/Agenda/Index/f10c5907-e5f1-4c47-9be5-3b1f662fe572","dc_title":"Raadscommissie (2019 t/m januari 2020) 2019-06-20 - Brief met oplossing voor rondslingerende plastic zakken (op verzoek van de heer Pieper)","dc_type":"2c","dc_type_description":"Vergaderstuk decentrale overheid","foi_fairiscoreVersions":{"v1":3,"v2":3},"foi_files":[{"dc_format":"application/pdf","dc_identifier":"nl.gm1954.2c.2019.2828809-4.doc.1","dc_source":"https://api1.ibabs.eu/publicdownload.aspx?site=Beekdaelen&id=cab4e46e-31f4-4529-859a-592a61c80422","dc_title":"Brief klemmen plastic zakken","dc_type":"bijlage","foi_fairiscoreVersions":{"v1":2,"v2":2},"foi_fileName":"Brief%20klemmen%20plastic%20zakken.pdf","foi_nrPages":1},{"dc_format":"application/pdf","dc_identifier":"nl.gm1954.2c.2019.2828809-4.doc.3","dc_source":"https://api1.ibabs.eu/publicdownload.aspx?site=Beekdaelen&id=253e8c61-2940-407f-a8be-8498c8a0b2bc","dc_title":"CDA vragen brief rondslingerende zakken","dc_type":"bijlage","foi_fairiscoreVersions":{"v1":1,"v2":1},"foi_fileName":"CDA%20vragen%20brief%20rondslingerende%20zakken.pdf","foi_nrPages":5},{"dc_format":"application/pdf","dc_identifier":"nl.gm1954.2c.2019.2828809-4.doc.2","dc_source":"https://api1.ibabs.eu/publicdownload.aspx?site=Beekdaelen&id=f7a4a36e-2a79-4c9e-83c1-851c52838501","dc_title":"foto behorend bij brief rondslingerend plastic","dc_type":"bijlage","foi_fairiscoreVersions":{"v1":5,"v2":5},"foi_fileName":"foto%20behorend%20bij%20brief%20rondslingerend%20plastic.pdf","foi_nrPages":2},{"dc_format":"application/pdf","dc_identifier":"nl.gm1954.2c.2019.2828809-4.doc.4","dc_source":"https://api1.ibabs.eu/publicdownload.aspx?site=Beekdaelen&id=eb3bb892-a684-4436-8bfd-8bc7bb258fa7","dc_title":"Memorie van antwoord CDA ingezonden brief rondslingerende zakken","dc_type":"bijlage","foi_fairiscoreVersions":{"v1":1,"v2":1},"foi_fileName":"Memorie%20van%20antwoord%20CDA%20ingezonden%20brief%20rondslingerende%20zakken.pdf","foi_nrPages":1}],"foi_nrDocuments":4,"foi_nrPagesInDossier":9,"foi_publishedDate":"2019-06-20","foi_retrievedDate":"2026-03-02"},{"dc_creator":"HandelingScraper_v1","dc_date_year":2019,"dc_description":"Vergadering van de Gemeente Beekdaelen op 2019-06-20. Onderdeel: Brief IBA Parkstad met stand van zaken projecten IBA en lijst projecten Beekdaelen (op verzoek van de heer Pieper en mevrouw Lamerichs).","dc_identifier":"nl.gm1954.2c.2019.2828809-5","dc_publisher":"gm1954","dc_source":"https://beekdaelen.bestuurlijkeinformatie.nl/Agenda/Index/f10c5907-e5f1-4c47-9be5-3b1f662fe572","dc_title":"Raadscommissie (2019 t/m januari 2020) 2019-06-20 - Brief IBA Parkstad met stand van zaken projecten IBA en lijst projecten Beekdaelen (op verzoek van de heer Pieper en mevrouw Lamerichs)","dc_type":"2c","dc_type_description":"Vergaderstuk decentrale overheid","foi_fairiscoreVersions":{"v1":2,"v2":2},"foi_files":[{"dc_format":"application/pdf","dc_identifier":"nl.gm1954.2c.2019.2828809-5.doc.4","dc_source":"https://api1.ibabs.eu/publicdownload.aspx?site=Beekdaelen&id=03e2ac6a-efc0-4f4b-a014-e86b0a3cdeec","dc_title":"RIB Bijlage lijst projecten in uitvoering","dc_type":"bijlage","foi_fairiscoreVersions":{"v1":1,"v2":1},"foi_fileName":"a.13%20lijst%20projecten%20in%20uitvoering.pdf","foi_nrPages":3},{"dc_format":"application/pdf","dc_identifier":"nl.gm1954.2c.2019.2828809-5.doc.3","dc_source":"https://api1.ibabs.eu/publicdownload.aspx?site=Beekdaelen&id=07bb5c5a-5438-462b-99f7-7cf3e09d0483","dc_title":"RIB Bijlage Lijst geprioteerde projecten","dc_type":"bijlage","foi_fairiscoreVersions":{"v1":1,"v2":1},"foi_fileName":"a%2013%20lijst%20projecten.pdf","foi_nrPages":1},{"dc_format":"application/pdf","dc_identifier":"nl.gm1954.2c.2019.2828809-5.doc.2","dc_source":"https://api1.ibabs.eu/publicdownload.aspx?site=Beekdaelen&id=3e4e7c60-7e82-4644-9895-6b77770a9db9","dc_title":"RIB projectenlijst Beekdaelen","dc_type":"bijlage","foi_fairiscoreVersions":{"v1":1,"v2":1},"foi_fileName":"a%2013%20RIB%20projectenlijst%20Beekdaelen.pdf","foi_nrPages":1},{"dc_format":"application/pdf","dc_identifier":"nl.gm1954.2c.2019.2828809-5.doc.1","dc_source":"https://api1.ibabs.eu/publicdownload.aspx?site=Beekdaelen&id=d18f7b9e-096b-47a1-85eb-cab10c0e47f1","dc_title":"Brief aan Provincie en IBA-Gemeenteraden mbt stand van zaken IBA projecten 08052019 AVG","dc_type":"bijlage","foi_fairiscoreVersions":{"v1":2,"v2":2},"foi_fileName":"Brief%20aan%20Provincie%20en%20IBA-Gemeenteraden%20mbt%20stand%20van%20zaken%20IBA%20projecten%2008052019%20AVG.pdf","foi_nrPages":2},{"dc_format":"application/pdf","dc_identifier":"nl.gm1954.2c.2019.2828809-5.doc.5","dc_source":"https://api1.ibabs.eu/publicdownload.aspx?site=Beekdaelen&id=62524890-389e-40ca-8014-5897198c98cb","dc_title":"CDA vragen mbt A5 prioritering projecten","dc_type":"bijlage","foi_fairiscoreVersions":{"v1":1,"v2":1},"foi_fileName":"CDA%20vragen%20A5%20prioritering%20projecten.pdf","foi_nrPages":5},{"dc_format":"application/pdf","dc_identifier":"nl.gm1954.2c.2019.2828809-5.doc.6","dc_source":"https://api1.ibabs.eu/publicdownload.aspx?site=Beekdaelen&id=6c3c4c85-9aad-4e48-a94f-b669f161a6c3","dc_title":"Memo IBA-projecten 12-6-2019 nav vragen raadslid Pieper","dc_type":"bijlage","foi_fairiscoreVersions":{"v1":2,"v2":1},"foi_fileName":"memo%20IBA-projecten%2012-6-2019.pdf","foi_nrPages":2},{"dc_format":"application/pdf","dc_identifier":"nl.gm1954.2c.2019.2828809-5.doc.7","dc_source":"https://api1.ibabs.eu/publicdownload.aspx?site=Beekdaelen&id=6563eb9c-dd83-4af6-8476-d22c6e20ce2a","dc_title":"MvA vragen fractie Beekdaelen Lokaal inzake IBA projecten","dc_type":"bijlage","foi_fairiscoreVersions":{"v1":1,"v2":1},"foi_fileName":"Memorie%20van%20antwoord%20BL%20inzake%20IBA%20projecten.pdf","foi_nrPages":1}],"foi_nrDocuments":7,"foi_nrPagesInDossier":15,"foi_publishedDate":"2019-06-20","foi_retrievedDate":"2026-02-05"},{"dc_creator":"HandelingScraper_v1","dc_date_year":2019,"dc_description":"Vergadering van de Gemeente Beekdaelen op 2019-06-20. Onderdeel: Mondelinge vervolgvragen ter zake gegeven artikel 32 antwoorden.","dc_identifier":"nl.gm1954.2c.2019.2828809-6","dc_publisher":"gm1954","dc_source":"https://beekdaelen.bestuurlijkeinformatie.nl/Agenda/Index/f10c5907-e5f1-4c47-9be5-3b1f662fe572","dc_title":"Raadscommissie (2019 t/m januari 2020) 2019-06-20 - Mondelinge vervolgvragen ter zake gegeven artikel 32 antwoorden","dc_type":"2c","dc_type_description":"Vergaderstuk decentrale overheid","foi_fairiscoreVersions":{"v1":4,"v2":4},"foi_files":[{"dc_format":"application/pdf","dc_identifier":"nl.gm1954.2c.2019.2828809-6.doc.6","dc_source":"https://api1.ibabs.eu/publicdownload.aspx?site=Beekdaelen&id=8fa223fd-13dc-4df5-adbb-b14350579282","dc_title":"Art 32 vragen D66 Buitenring versus Leisure Lane (2019-62)","dc_type":"bijlage","foi_fairiscoreVersions":{"v1":5,"v2":5},"foi_fileName":"D66%20art%2032%20vragen%20Buitenring%20versus%20Leisure%20Lane.pdf","foi_nrPages":2},{"dc_format":"application/pdf","dc_identifier":"nl.gm1954.2c.2019.2828809-6.doc.7","dc_source":"https://api1.ibabs.eu/publicdownload.aspx?site=Beekdaelen&id=910b1c1b-2627-40ba-951c-91df26744e44","dc_title":"Art 32 vragen D66Gered Gereedschap Parkstad Limburg (2019-63)","dc_type":"bijlage","foi_fairiscoreVersions":{"v1":5,"v2":5},"foi_fileName":"D66%20art%2032%20vragen%20Gered%20Gereedschap%20Parkstad%20Limburg.pdf","foi_nrPages":1},{"dc_format":"application/pdf","dc_identifier":"nl.gm1954.2c.2019.2828809-6.doc.8","dc_source":"https://api1.ibabs.eu/publicdownload.aspx?site=Beekdaelen&id=ed1eb51e-9bc2-4727-91e1-60812197ccac","dc_title":"Art 32 vragen D66 school Merkelbeek (2019-65)","dc_type":"bijlage","foi_fairiscoreVersions":{"v1":5,"v2":5},"foi_fileName":"D66%20art%2032%20vragen%20school%20Merkelbeek.pdf","foi_nrPages":2},{"dc_format":"application/pdf","dc_identifier":"nl.gm1954.2c.2019.2828809-6.doc.1","dc_source":"https://api1.ibabs.eu/publicdownload.aspx?site=Beekdaelen&id=73340bda-6ef3-4aa8-94e6-055359b864e7","dc_title":"Beantwoording art 32 vragen D66 dialectborden (2019-14)","dc_type":"bijlage","foi_fairiscoreVersions":{"v1":2,"v2":1},"foi_fileName":"D66%20beantwoording%20art%2032%20vragen%20dialectborden.pdf","foi_nrPages":2},{"dc_format":"application/pdf","dc_identifier":"nl.gm1954.2c.2019.2828809-6.doc.9","dc_source":"https://api1.ibabs.eu/publicdownload.aspx?site=Beekdaelen&id=cb42d24a-5a00-4b89-bd3b-2727464d98fc","dc_title":"Beantwoording art 32 vragen D66 duurzaamheid gemeentehuizen (2019-29)","dc_type":"bijlage","foi_fairiscoreVersions":{"v1":5,"v2":5},"foi_fileName":"D66%20beantwoording%20art%2032%20vragen%20duurzaamheid%20gemeentehuizen.pdf","foi_nrPages":1},{"dc_format":"application/pdf","dc_identifier":"nl.gm1954.2c.2019.2828809-6.doc.10","dc_source":"https://api1.ibabs.eu/publicdownload.aspx?site=Beekdaelen&id=6c966ada-c77c-466f-b5b0-88d28b745816","dc_title":"Beantwoording art 32 vragen D66 ondersteuning verenigingen (2019-49)","dc_type":"bijlage","foi_fairiscoreVersions":{"v1":5,"v2":5},"foi_fileName":"D66%20beantwoording%20art%2032%20vragen%20facilitering%20verenigingen.pdf","foi_nrPages":2},{"dc_format":"application/pdf","dc_identifier":"nl.gm1954.2c.2019.2828809-6.doc.11","dc_source":"https://api1.ibabs.eu/publicdownload.aspx?site=Beekdaelen&id=725b4527-25e8-4532-a6d5-3608ab53a6b4","dc_title":"Beantwoording art 32 vragen D66 oversteek N276 Doenrade (2019-66)","dc_type":"bijlage","foi_fairiscoreVersions":{"v1":5,"v2":5},"foi_fileName":"D66%20beantwoording%20art%2032%20vragen%20oversteek%20N276%20Doenrade.pdf","foi_nrPages":3},{"dc_format":"application/pdf","dc_identifier":"nl.gm1954.2c.2019.2828809-6.doc.3","dc_source":"https://api1.ibabs.eu/publicdownload.aspx?site=Beekdaelen&id=7244751c-087a-4178-98c1-e5f2777fbc5c","dc_title":"Beantwoording art 32 vragen D66 verduurzamen vastgoed (2019-25)","dc_type":"bijlage","foi_fairiscoreVersions":{"v1":2,"v2":1},"foi_fileName":"D66%20beantwoording%20art%2032%20vragen%20verduurzamen%20vastgoed.pdf","foi_nrPages":3},{"dc_format":"application/pdf","dc_identifier":"nl.gm1954.2c.2019.2828809-6.doc.4","dc_source":"https://api1.ibabs.eu/publicdownload.aspx?site=Beekdaelen&id=5c337f48-43aa-4a6c-8a50-60784876e0ae","dc_title":"Beantwoording art 32 vragen D66 inzake Bincktour (2019-44 en 2019-32)","dc_type":"bijlage","foi_fairiscoreVersions":{"v1":5,"v2":5},"foi_fileName":"D66%20Bincktour%202.pdf","foi_nrPages":5},{"dc_format":"application/pdf","dc_identifier":"nl.gm1954.2c.2019.2828809-6.doc.5","dc_source":"https://api1.ibabs.eu/publicdownload.aspx?site=Beekdaelen&id=b7ea7baf-f351-4e67-b3a9-cef059e7e891","dc_title":"Beantwoording art 32 vragen D66 inzake minibiebkastje (2019-45)","dc_type":"bijlage","foi_fairiscoreVersions":{"v1":5,"v2":5},"foi_fileName":"D66%20minibiebkastje.pdf","foi_nrPages":2},{"dc_format":"application/pdf","dc_identifier":"nl.gm1954.2c.2019.2828809-6.doc.13","dc_source":"https://api1.ibabs.eu/publicdownload.aspx?site=Beekdaelen&id=d3e07197-4b51-4a22-b33e-561c82611a9f","dc_title":"Vervolgvraag D66 incl. antwoord inzake minibiebkastje (2019-45)","dc_type":"bijlage","foi_fairiscoreVersions":{"v1":5,"v2":5},"foi_fileName":"D66%20minibiebkastje%202.pdf","foi_nrPages":1},{"dc_format":"application/pdf","dc_identifier":"nl.gm1954.2c.2019.2828809-6.doc.2","dc_source":"https://api1.ibabs.eu/publicdownload.aspx?site=Beekdaelen&id=0cac081e-b8e7-4d84-a97e-5545dac97c7a","dc_title":"Beantwoording art 32 vragen D66 inzake verkeerssituatie basisscholen (2019-24)","dc_type":"bijlage","foi_fairiscoreVersions":{"v1":5,"v2":5},"foi_fileName":"D66%20verkeerssituatie%20basisscholen.pdf","foi_nrPages":2},{"dc_format":"application/pdf","dc_identifier":"nl.gm1954.2c.2019.2828809-6.doc.12","dc_source":"https://api1.ibabs.eu/publicdownload.aspx?site=Beekdaelen&id=6edb77d9-0304-4172-a243-f9f7bb4f3ef4","dc_title":"Uittreksel vastgestelde verslag raadscommissie 20 juni 2019 - antwoorden op vervolgvragen van dhr. Swelsen.","dc_type":"bijlage","foi_fairiscoreVersions":{"v1":1,"v2":1},"foi_fileName":"Uittreksel%20vastgestelde%20verslag%20raadscommissie%2020%20juni%202019.pdf","foi_nrPages":1},{"dc_format":"application/pdf","dc_identifier":"nl.gm1954.2c.2019.2828809-6.doc.14","dc_source":"https://api1.ibabs.eu/publicdownload.aspx?site=Beekdaelen&id=547622c7-3620-4888-b1e1-e1eb490d97fe","dc_title":"Vragen D66 incl. antwoorden mbt vervolgvragen art 32 antwoorden","dc_type":"bijlage","foi_fairiscoreVersions":{"v1":1,"v2":1},"foi_fileName":"Vragen%20D66%20incl.%20antwoorden%20mbt%20vervolgvragen%20art%2032%20antwoorden.pdf","foi_nrPages":2}],"foi_nrDocuments":14,"foi_nrPagesInDossier":29,"foi_publishedDate":"2019-06-20","foi_retrievedDate":"2026-03-01"},{"dc_creator":"HandelingScraper_v1","dc_date_year":2019,"dc_description":"Vergadering van de Gemeente Beekdaelen op 2019-06-20. Onderdeel: Raadsvoorstel inzake vaststellen van de Verordening Paracommercie gemeente Beekdaelen 2019.","dc_identifier":"nl.gm1954.2c.2019.2828809-7","dc_publisher":"gm1954","dc_source":"https://beekdaelen.bestuurlijkeinformatie.nl/Agenda/Index/f10c5907-e5f1-4c47-9be5-3b1f662fe572","dc_title":"Raadscommissie (2019 t/m januari 2020) 2019-06-20 - Raadsvoorstel inzake vaststellen van de Verordening Paracommercie gemeente Beekdaelen 2019","dc_type":"2c","dc_type_description":"Vergaderstuk decentrale overheid","foi_fairiscoreVersions":{"v1":1,"v2":1},"foi_files":[{"dc_format":"application/pdf","dc_identifier":"nl.gm1954.2c.2019.2828809-7.doc.5","dc_source":"https://api1.ibabs.eu/publicdownload.aspx?site=Beekdaelen&id=9b2b1039-d723-46ac-bdb0-b83a8adbe4d4","dc_title":"Aanvulling inspraak KHN Bons reactie verordening PC Beekdaelen (08-05-2019)","dc_type":"bijlage","foi_fairiscoreVersions":{"v1":1,"v2":1},"foi_fileName":"aanvulling%20inspraak%20reactie%20PC%20Beekdaelen.pdf","foi_nrPages":2},{"dc_format":"application/pdf","dc_identifier":"nl.gm1954.2c.2019.2828809-7.doc.13","dc_source":"https://api1.ibabs.eu/publicdownload.aspx?site=Beekdaelen&id=7c0eabb6-5481-4e9c-a3d5-4b43b24aec02","dc_title":"Ambtsbericht college dd 7 juni","dc_type":"bijlage","foi_fairiscoreVersions":{"v1":1,"v2":1},"foi_fileName":"Ambtsbericht%20college%20dd%207%20juni.pdf","foi_nrPages":2},{"dc_format":"application/pdf","dc_identifier":"nl.gm1954.2c.2019.2828809-7.doc.7","dc_source":"https://api1.ibabs.eu/publicdownload.aspx?site=Beekdaelen&id=1a38f50d-fef7-48f3-b78b-94a93923015c","dc_title":"CDA vragen paracommercie","dc_type":"bijlage","foi_fairiscoreVersions":{"v1":1,"v2":1},"foi_fileName":"CDA%20vragen%20paracommercie.pdf","foi_nrPages":5},{"dc_format":"application/pdf","dc_identifier":"nl.gm1954.2c.2019.2828809-7.doc.4","dc_source":"https://api1.ibabs.eu/publicdownload.aspx?site=Beekdaelen&id=558846c4-fa74-4a4a-a326-ec0a4706bddf","dc_title":"Inspraak KHN Bons op PC verordening Beekdaelen mei 2019","dc_type":"bijlage","foi_fairiscoreVersions":{"v1":1,"v2":1},"foi_fileName":"Inspraak%20KHN%20Bons%20op%20PC%20verordening%20Beekdaelen%20mei%202019.pdf","foi_nrPages":3},{"dc_format":"application/pdf","dc_identifier":"nl.gm1954.2c.2019.2828809-7.doc.8","dc_source":"https://api1.ibabs.eu/publicdownload.aspx?site=Beekdaelen&id=ad831c9f-97cf-4507-b98f-673b374e9488","dc_title":"MvA vragen CDA Verordening Paracommercie","dc_type":"bijlage","foi_fairiscoreVersions":{"v1":1,"v2":1},"foi_fileName":"Memorie%20van%20antwoord%20vragen%20CDA%20Verordening%20Paracommercie.pdf","foi_nrPages":2},{"dc_format":"application/pdf","dc_identifier":"nl.gm1954.2c.2019.2828809-7.doc.10","dc_source":"https://api1.ibabs.eu/publicdownload.aspx?site=Beekdaelen&id=fda84069-1ee3-474c-aabe-9b233f4c0b04","dc_title":"MvA vragen Vernieuwingsgroep tranche 2 inzake Verordening Paracommercie","dc_type":"bijlage","foi_fairiscoreVersions":{"v1":1,"v2":1},"foi_fileName":"Memorie%20van%20antwoord%20vragen%20Vernieuwingsgroep%20Verordening%20Paracommercie.pdf","foi_nrPages":2},{"dc_format":"application/pdf","dc_identifier":"nl.gm1954.2c.2019.2828809-7.doc.12","dc_source":"https://api1.ibabs.eu/publicdownload.aspx?site=Beekdaelen&id=9968e4ac-6147-475a-a5df-f49b3906ac20","dc_title":"MvA vragen Vernieuwingsgroep inzake Verordening Paracommercie","dc_type":"bijlage","foi_fairiscoreVersions":{"v1":1,"v2":1},"foi_fileName":"Memorie%20van%20antwoord%20vragen%20Vernieuwingsgroep%20Verordening%20Paracommercie%20%282%29.pdf","foi_nrPages":3},{"dc_format":"application/pdf","dc_identifier":"nl.gm1954.2c.2019.2828809-7.doc.9","dc_source":"https://api1.ibabs.eu/publicdownload.aspx?site=Beekdaelen&id=6f0ce592-145d-434b-88b1-7f5606907b0d","dc_title":"Vernieuwingsgroep vragen  cie's juni 2019 tranche 2","dc_type":"bijlage","foi_fairiscoreVersions":{"v1":1,"v2":1},"foi_fileName":"Vernieuwingsgroep%20vragen%20paracommercie.pdf","foi_nrPages":2},{"dc_format":"application/pdf","dc_identifier":"nl.gm1954.2c.2019.2828809-7.doc.11","dc_source":"https://api1.ibabs.eu/publicdownload.aspx?site=Beekdaelen&id=a2182d4b-003a-4e26-afc5-7e4c9c7781d7","dc_title":"Vernieuwingsgroep vragen cie's juni 2019","dc_type":"bijlage","foi_fairiscoreVersions":{"v1":1,"v2":1},"foi_fileName":"Vernieuwingsgroep%20vragen%20paracommercie%202.pdf","foi_nrPages":7},{"dc_format":"application/pdf","dc_identifier":"nl.gm1954.2c.2019.2828809-7.doc.6","dc_source":"https://api1.ibabs.eu/publicdownload.aspx?site=Beekdaelen&id=df1a19ff-c6c5-4c39-9d97-6ebfca2ef5a3","dc_title":"Verordening op de paracommercie Venray 2014","dc_type":"bijlage","foi_fairiscoreVersions":{"v1":1,"v2":1},"foi_fileName":"Verordening%20op%20de%20paracommercie%20Venray%202014.pdf","foi_nrPages":5},{"dc_format":"application/pdf","dc_identifier":"nl.gm1954.2c.2019.2828809-7.doc.3","dc_source":"https://api1.ibabs.eu/publicdownload.aspx?site=Beekdaelen&id=a5bf4e3d-6d19-48f8-a0a3-1e8511ec6e1a","dc_title":"Verordening Paracommercie  2019 (3)","dc_type":"bijlage","foi_fairiscoreVersions":{"v1":1,"v2":1},"foi_fileName":"Verordening%20Paracommercie%20%202019%20%283%29.pdf","foi_nrPages":3},{"dc_format":"application/pdf","dc_identifier":"nl.gm1954.2c.2019.2828809-7.doc.2","dc_source":"https://api1.ibabs.eu/publicdownload.aspx?site=Beekdaelen&id=7e27bcc7-d7aa-43c9-ba7e-f5aa5103cfcd","dc_title":"Concept raadsbesluit verordening paracommercie","dc_type":"bijlage","foi_fairiscoreVersions":{"v1":1,"v2":1},"foi_fileName":"verordening%20paracommercie%20rb.pdf","foi_nrPages":1},{"dc_format":"application/pdf","dc_identifier":"nl.gm1954.2c.2019.2828809-7.doc.1","dc_source":"https://api1.ibabs.eu/publicdownload.aspx?site=Beekdaelen&id=4a3b3e9f-aede-479d-a681-d68cd190c80c","dc_title":"Raadsvoorstel verordening paracommercie","dc_type":"bijlage","foi_fairiscoreVersions":{"v1":1,"v2":1},"foi_fileName":"verordening%20paracommercie%20rv.pdf","foi_nrPages":2}],"foi_nrDocuments":13,"foi_nrPagesInDossier":39,"foi_publishedDate":"2019-06-20","foi_retrievedDate":"2026-03-04"},{"dc_creator":"HandelingScraper_v1","dc_date_year":2019,"dc_description":"Vergadering van de Gemeente Beekdaelen op 2019-06-20. Onderdeel: Raadsvoorstel inzake wijzigen Verordening gemeentelijk decoratiestelsel - de gemeentespeld ook toekenbaar aan personen niet woonachtig in gemeente Beekdaelen.","dc_identifier":"nl.gm1954.2c.2019.2828809-8","dc_publisher":"gm1954","dc_source":"https://beekdaelen.bestuurlijkeinformatie.nl/Agenda/Index/f10c5907-e5f1-4c47-9be5-3b1f662fe572","dc_title":"Raadscommissie (2019 t/m januari 2020) 2019-06-20 - Raadsvoorstel inzake wijzigen Verordening gemeentelijk decoratiestelsel - de gemeentespeld ook toekenbaar aan personen niet woonachtig in gemeente Beekdaelen","dc_type":"2c","dc_type_description":"Vergaderstuk decentrale overheid","foi_fairiscoreVersions":{"v1":null,"v2":null},"foi_files":[{"dc_format":"application/pdf","dc_identifier":"nl.gm1954.2c.2019.2828809-8.doc.2","dc_source":"https://api1.ibabs.eu/publicdownload.aspx?site=Beekdaelen&id=f7d489fb-d9e1-433c-9b30-39737d235436","dc_title":"Concept Raadsbesluit verordening decoratiestelsel","dc_type":"bijlage","foi_fileName":"15%20verordening%20decoratiestelsel.rb.pdf"},{"dc_format":"application/pdf","dc_identifier":"nl.gm1954.2c.2019.2828809-8.doc.1","dc_source":"https://api1.ibabs.eu/publicdownload.aspx?site=Beekdaelen&id=e75b8a32-902a-45ef-8159-11184e97c14d","dc_title":"Raadsvoorstel verordening decoratiestelsel","dc_type":"bijlage","foi_fileName":"15%20verordening%20decoratiestelsel.rv.pdf"},{"dc_format":"application/pdf","dc_identifier":"nl.gm1954.2c.2019.2828809-8.doc.3","dc_source":"https://api1.ibabs.eu/publicdownload.aspx?site=Beekdaelen&id=825b91c3-db8e-4d93-8e81-34357ded03d1","dc_title":"CDA vragen wijziging verordening decoratiestelsel","dc_type":"bijlage","foi_fileName":"CDA%20vragen%20wijziging%20verordening%20decoratiestelsel.pdf"},{"dc_format":"application/pdf","dc_identifier":"nl.gm1954.2c.2019.2828809-8.doc.4","dc_source":"https://api1.ibabs.eu/publicdownload.aspx?site=Beekdaelen&id=d62930db-b14c-4cfc-8d74-20331b025a03","dc_title":"MvA vragen CDA Verordening gemeentelijk decoratiestelsel","dc_type":"bijlage","foi_fileName":"Memorie%20van%20antwoord%20vragen%20CDA%20Verordening%20gemeentelijk%20decoratiestelsel.pdf"}],"foi_nrDocuments":4,"foi_nrPagesInDossier":0,"foi_publishedDate":"2019-06-20","foi_retrievedDate":"2025-11-30"},{"dc_creator":"HandelingScraper_v1","dc_date_year":2019,"dc_description":"Vergadering van de Gemeente Beekdaelen op 2019-06-20. Onderdeel: Rondvraag burgemeester Verkerk.","dc_identifier":"nl.gm1954.2c.2019.2828809-9","dc_publisher":"gm1954","dc_source":"https://beekdaelen.bestuurlijkeinformatie.nl/Agenda/Index/f10c5907-e5f1-4c47-9be5-3b1f662fe572","dc_title":"Raadscommissie (2019 t/m januari 2020) 2019-06-20 - Rondvraag burgemeester Verkerk","dc_type":"2c","dc_type_description":"Vergaderstuk decentrale overheid","foi_fairiscoreVersions":{"v1":1,"v2":1},"foi_files":[{"dc_format":"application/pdf","dc_identifier":"nl.gm1954.2c.2019.2828809-9.doc.1","dc_source":"https://api1.ibabs.eu/publicdownload.aspx?site=Beekdaelen&id=bf39d732-2b48-4090-b94b-f1b37005f7d0","dc_title":"CDA vragen rondvraag burgemeester Verkerk - inzake serviceverlening","dc_type":"bijlage","foi_fairiscoreVersions":{"v1":1,"v2":1},"foi_fileName":"CDA%20vragen%20rondvraag%20burgemeester%20Verkerk.pdf","foi_nrPages":5},{"dc_format":"application/pdf","dc_identifier":"nl.gm1954.2c.2019.2828809-9.doc.2","dc_source":"https://api1.ibabs.eu/publicdownload.aspx?site=Beekdaelen&id=c70f5ec4-af61-44fc-85fd-ddd2232783ed","dc_title":"MvA vragen CDA rondvraag burgemeester Verkerk - inzake serviceverlening","dc_type":"bijlage","foi_fairiscoreVersions":{"v1":1,"v2":1},"foi_fileName":"memorie%20van%20antwoord%20CDA%20Kadernota%202020%20%20juni%202019%20PD.pdf","foi_nrPages":2}],"foi_nrDocuments":2,"foi_nrPagesInDossier":7,"foi_publishedDate":"2019-06-20","foi_retrievedDate":"2026-03-06"},{"dc_creator":"HandelingScraper_v1","dc_date_year":2019,"dc_description":"Vergadering van de Gemeente Beekdaelen op 2019-06-25. Onderdeel: Algemeen.","dc_identifier":"nl.gm1954.2c.2019.2828923-1","dc_publisher":"gm1954","dc_source":"https://beekdaelen.bestuurlijkeinformatie.nl/Agenda/Index/f79d5f3f-91c3-4a46-8b79-6e3160d8bd88","dc_title":"Raadscommissie (2019 t/m januari 2020) 2019-06-25 - Algemeen","dc_type":"2c","dc_type_description":"Vergaderstuk decentrale overheid","foi_fairiscoreVersions":{"v1":1,"v2":1},"foi_files":[{"dc_format":"application/pdf","dc_identifier":"nl.gm1954.2c.2019.2828923-1.doc.1","dc_source":"https://api1.ibabs.eu/publicdownload.aspx?site=Beekdaelen&id=9261ad2a-e738-4e25-8f73-43e368638438","dc_title":"Uitnodiging en voorlopige agenda cie 25 juni 2019","dc_type":"bijlage","foi_fairiscoreVersions":{"v1":1,"v2":1},"foi_fileName":"Uitnodiging%20en%20voorlopige%20agenda%20cie%2025%20juni%202019.pdf","foi_nrPages":3}],"foi_nrDocuments":1,"foi_nrPagesInDossier":3,"foi_publishedDate":"2019-06-25","foi_retrievedDate":"2025-11-29"},{"dc_creator":"HandelingScraper_v1","dc_date_year":2019,"dc_description":"Vergadering van de Gemeente Beekdaelen op 2019-06-25. Onderdeel: Raadsvoorstel inzake vaststellen Verordening \"Zonnepanelenproject Beekdaelen\".","dc_identifier":"nl.gm1954.2c.2019.2828923-10","dc_publisher":"gm1954","dc_source":"https://beekdaelen.bestuurlijkeinformatie.nl/Agenda/Index/f79d5f3f-91c3-4a46-8b79-6e3160d8bd88","dc_title":"Raadscommissie (2019 t/m januari 2020) 2019-06-25 - Raadsvoorstel inzake vaststellen Verordening \"Zonnepanelenproject Beekdaelen\"","dc_type":"2c","dc_type_description":"Vergaderstuk decentrale overheid","foi_fairiscoreVersions":{"v1":2,"v2":1},"foi_files":[{"dc_format":"application/pdf","dc_identifier":"nl.gm1954.2c.2019.2828923-10.doc.5","dc_source":"https://api1.ibabs.eu/publicdownload.aspx?site=Beekdaelen&id=7340ac08-f494-4a3a-84e0-aa246da58fae","dc_title":"CDA vraag inzake project zonnepanelen","dc_type":"bijlage","foi_fairiscoreVersions":{"v1":1,"v2":1},"foi_fileName":"CDA%20vragen%20zonnepanelen%20project.pdf","foi_nrPages":2},{"dc_format":"application/pdf","dc_identifier":"nl.gm1954.2c.2019.2828923-10.doc.6","dc_source":"https://api1.ibabs.eu/publicdownload.aspx?site=Beekdaelen&id=156c3bd6-595b-4c39-9428-52efdebbe6ce","dc_title":"CDA vragen inzake zonnepanelenproject commissie juni 2019","dc_type":"bijlage","foi_fairiscoreVersions":{"v1":1,"v2":1},"foi_fileName":"CDA%20vragen%20zonnepanelenproject%20Beekdaelen.pdf","foi_nrPages":5},{"dc_format":"application/pdf","dc_identifier":"nl.gm1954.2c.2019.2828923-10.doc.7","dc_source":"https://api1.ibabs.eu/publicdownload.aspx?site=Beekdaelen&id=55d8696a-b048-4921-8bc6-7054f2650209","dc_title":"GroenLinks vraag inzake  zonnepanelenproject","dc_type":"bijlage","foi_fairiscoreVersions":{"v1":1,"v2":1},"foi_fileName":"GroenLinks%20vragen%20zonnepanelenproject.pdf","foi_nrPages":3},{"dc_format":"application/pdf","dc_identifier":"nl.gm1954.2c.2019.2828923-10.doc.8","dc_source":"https://api1.ibabs.eu/publicdownload.aspx?site=Beekdaelen&id=bf8c4a77-2eb6-462f-9483-b47d300fb063","dc_title":"MvA vragen CDA en GroenLinksL inzake zonnepanelenproject Beekdaelen","dc_type":"bijlage","foi_fairiscoreVersions":{"v1":1,"v2":1},"foi_fileName":"Memorie%20van%20antwoord%20CDA%20en%20GL%20zonnepanelenproject%20Beekdaelen.pdf","foi_nrPages":2},{"dc_format":"application/pdf","dc_identifier":"nl.gm1954.2c.2019.2828923-10.doc.9","dc_source":"https://api1.ibabs.eu/publicdownload.aspx?site=Beekdaelen&id=19a391d7-6216-467f-b204-f716799be508","dc_title":"MvA vragen Beekdaelen Lokaal aangaande zonnepanelenproject","dc_type":"bijlage","foi_fairiscoreVersions":{"v1":1,"v2":1},"foi_fileName":"Memorie%20van%20antwoord%20vragen%20Beekdaelen%20Lokaal%20aangaande%20zonnepanelenproject.pdf","foi_nrPages":2},{"dc_format":"application/pdf","dc_identifier":"nl.gm1954.2c.2019.2828923-10.doc.2","dc_source":"https://api1.ibabs.eu/publicdownload.aspx?site=Beekdaelen&id=91bf988a-3f17-402f-ba99-f0cc70aa846c","dc_title":"Concept raadsbesluit 09042019","dc_type":"bijlage","foi_fairiscoreVersions":{"v1":1,"v2":1},"foi_fileName":"raadsbesluit%2009042019.pdf","foi_nrPages":1},{"dc_format":"application/pdf","dc_identifier":"nl.gm1954.2c.2019.2828923-10.doc.1","dc_source":"https://api1.ibabs.eu/publicdownload.aspx?site=Beekdaelen&id=1bbd4f1d-c824-4a6f-960c-9392e3ca8f6b","dc_title":"Raadsvoorstel versie 29032019","dc_type":"bijlage","foi_fairiscoreVersions":{"v1":1,"v2":1},"foi_fileName":"raadsvoorstel%20versie%2029032019.pdf","foi_nrPages":2},{"dc_format":"application/pdf","dc_identifier":"nl.gm1954.2c.2019.2828923-10.doc.3","dc_source":"https://api1.ibabs.eu/publicdownload.aspx?site=Beekdaelen&id=e8a1e72b-109e-4e85-a5d0-0d217ccb1151","dc_title":"Verordening Zonnepanelen versie 2 08042019 (met raadsdatum 21 mei 2019)","dc_type":"bijlage","foi_fairiscoreVersions":{"v1":2,"v2":1},"foi_fileName":"Verordening%20Zonnepanelen%20versie%202%2008042019.pdf","foi_nrPages":4},{"dc_format":"application/pdf","dc_identifier":"nl.gm1954.2c.2019.2828923-10.doc.4","dc_source":"https://api1.ibabs.eu/publicdownload.aspx?site=Beekdaelen&id=5678f6d5-2093-4d1a-9109-8909bbd4e731","dc_title":"Vragen Vernieuwingsgroep incl. antwoorden mbt Zonnepanelenproject","dc_type":"bijlage","foi_fairiscoreVersions":{"v1":1,"v2":1},"foi_fileName":"Vragen%20Vernieuwingsgroep%20incl.%20antwoorden%20mbt%20Zonnepanelenproject.pdf","foi_nrPages":1}],"foi_nrDocuments":9,"foi_nrPagesInDossier":22,"foi_publishedDate":"2019-06-25","foi_retrievedDate":"2025-11-29"},{"dc_creator":"HandelingScraper_v1","dc_date_year":2019,"dc_description":"Vergadering van de Gemeente Beekdaelen op 2019-06-25. Onderdeel: Raadsvoorstel inzake vaststellen Beleidsregel tijdelijke versoepeling comp.systematiek Structuurvisie Wonen Zuid-Limburg en afzien van verlenen inspraak.","dc_identifier":"nl.gm1954.2c.2019.2828923-11","dc_publisher":"gm1954","dc_source":"https://beekdaelen.bestuurlijkeinformatie.nl/Agenda/Index/f79d5f3f-91c3-4a46-8b79-6e3160d8bd88","dc_title":"Raadscommissie (2019 t/m januari 2020) 2019-06-25 - Raadsvoorstel inzake vaststellen Beleidsregel tijdelijke versoepeling comp.systematiek Structuurvisie Wonen Zuid-Limburg en afzien van verlenen inspraak","dc_type":"2c","dc_type_description":"Vergaderstuk decentrale overheid","foi_fairiscoreVersions":{"v1":1,"v2":1},"foi_files":[{"dc_format":"application/pdf","dc_identifier":"nl.gm1954.2c.2019.2828923-11.doc.3","dc_source":"https://api1.ibabs.eu/publicdownload.aspx?site=Beekdaelen&id=daadffbc-55e6-4729-abc0-cf3ee9870423","dc_title":"Bijlage Beleidsregel Tijdelijke versoepeling van de compensatiesystematiek","dc_type":"bijlage","foi_fairiscoreVersions":{"v1":1,"v2":1},"foi_fileName":"14%20Bijlage%20Beleidsregel%20Tijdelijke%20versoepeling%20van%20de%20compensatiesystematiek.pdf","foi_nrPages":3},{"dc_format":"application/pdf","dc_identifier":"nl.gm1954.2c.2019.2828923-11.doc.2","dc_source":"https://api1.ibabs.eu/publicdownload.aspx?site=Beekdaelen&id=24765dc7-a37a-4dc9-99b6-379a2dba115c","dc_title":"Raadsbesluit vaststellen beleidsregel tijdelijke versoepeling comp.systematiek Structuurvisie Wonen Zuid-Limburg","dc_type":"bijlage","foi_fairiscoreVersions":{"v1":1,"v2":1},"foi_fileName":"14%20raadsbesluit%20beleidsregel%20tijdelijke%20versoepeling.pdf","foi_nrPages":1},{"dc_format":"application/pdf","dc_identifier":"nl.gm1954.2c.2019.2828923-11.doc.1","dc_source":"https://api1.ibabs.eu/publicdownload.aspx?site=Beekdaelen&id=2500ce1d-b05e-456d-aa78-bc424806f5a3","dc_title":"Raadsvoorstel vaststellen beleidsregel tijdelijke versoepeling comp.systematiek Structuurvisie Wonen Zuid-Limburg","dc_type":"bijlage","foi_fairiscoreVersions":{"v1":1,"v2":1},"foi_fileName":"14%20raadsvoorstel%20tijdelijke%20versoepeling.pdf","foi_nrPages":4},{"dc_format":"application/pdf","dc_identifier":"nl.gm1954.2c.2019.2828923-11.doc.4","dc_source":"https://api1.ibabs.eu/publicdownload.aspx?site=Beekdaelen&id=431e8e2c-4c88-42f8-a05d-0a0f9717d26c","dc_title":"CDA vragen versoepeling compensatiesystematiek Structuurvisie Wonen Zuid-Limburg","dc_type":"bijlage","foi_fairiscoreVersions":{"v1":1,"v2":1},"foi_fileName":"CDA%20vragen%20versoepeling%20compensatiesystematiek.pdf","foi_nrPages":5},{"dc_format":"application/pdf","dc_identifier":"nl.gm1954.2c.2019.2828923-11.doc.5","dc_source":"https://api1.ibabs.eu/publicdownload.aspx?site=Beekdaelen&id=b1d85798-5640-4ac8-ad77-5df8eb551054","dc_title":"GroenLinks vragen versoepeling compensatiesystematiek Structuurvisie Wonen Zuid-Limburg","dc_type":"bijlage","foi_fairiscoreVersions":{"v1":1,"v2":1},"foi_fileName":"GroenLinks%20vragen%20structuurvisie%20wonen.pdf","foi_nrPages":3},{"dc_format":"application/pdf","dc_identifier":"nl.gm1954.2c.2019.2828923-11.doc.6","dc_source":"https://api1.ibabs.eu/publicdownload.aspx?site=Beekdaelen&id=f4ebbddd-4d60-48ff-b513-64d13bd9443c","dc_title":"MvA CDA en GL beleidsregel tijdelijke versoepeling compensatiesystematiek Structuurvisie Wonen Zuid-Limburg","dc_type":"bijlage","foi_fairiscoreVersions":{"v1":1,"v2":1},"foi_fileName":"Memorie%20van%20antwoord%20CDA%20en%20GL%20beleidsregel%20tijdelijke%20versoepeling%20compensatiesystematiek%20structuurvisie%20wonen%20Zuid-Limburg.pdf","foi_nrPages":2}],"foi_nrDocuments":6,"foi_nrPagesInDossier":18,"foi_publishedDate":"2019-06-25","foi_retrievedDate":"2025-11-29"},{"dc_creator":"HandelingScraper_v1","dc_date_year":2019,"dc_description":"Vergadering van de Gemeente Beekdaelen op 2019-06-25. Onderdeel: Raadsvoorstel inzake instemmen met aanleg zonneweide door ontheffing ex art. 2.12 lid 1 onder a sub 3 Wabo en verlenen VvgB ex art. 2.27 Wabo mandateren aan college indien geen zienswijzen ingediend worden.","dc_identifier":"nl.gm1954.2c.2019.2828923-12","dc_publisher":"gm1954","dc_source":"https://beekdaelen.bestuurlijkeinformatie.nl/Agenda/Index/f79d5f3f-91c3-4a46-8b79-6e3160d8bd88","dc_title":"Raadscommissie (2019 t/m januari 2020) 2019-06-25 - Raadsvoorstel inzake instemmen met aanleg zonneweide door ontheffing ex art. 2.12 lid 1 onder a sub 3 Wabo en verlenen VvgB ex art. 2.27 Wabo mandateren aan college indien geen zienswijzen ingediend worden","dc_type":"2c","dc_type_description":"Vergaderstuk decentrale overheid","foi_fairiscoreVersions":{"v1":2,"v2":2},"foi_files":[{"dc_format":"application/pdf","dc_identifier":"nl.gm1954.2c.2019.2828923-12.doc.4","dc_source":"https://api1.ibabs.eu/publicdownload.aspx?site=Beekdaelen&id=08c6fead-7cac-42c5-b337-015dd5880736","dc_title":"Aangepast businesscase op basis van SDE 2019 zonneweide","dc_type":"bijlage","foi_fairiscoreVersions":{"v1":2,"v2":1},"foi_fileName":"07%20Aangepast%20businesscase%20op%20basis%20van%20SDE%202019%20zonneweide.pdf","foi_nrPages":5},{"dc_format":"application/pdf","dc_identifier":"nl.gm1954.2c.2019.2828923-12.doc.5","dc_source":"https://api1.ibabs.eu/publicdownload.aspx?site=Beekdaelen&id=ccd69eea-60c8-42fb-8fe6-801215214a93","dc_title":"Besluitgebied zonneweide","dc_type":"bijlage","foi_fairiscoreVersions":{"v1":1,"v2":1},"foi_fileName":"07%20Besluitgebied%20zonneweide.pdf","foi_nrPages":1},{"dc_format":"application/pdf","dc_identifier":"nl.gm1954.2c.2019.2828923-12.doc.6","dc_source":"https://api1.ibabs.eu/publicdownload.aspx?site=Beekdaelen&id=78055b15-35b2-4c19-a8ec-1744d317d361","dc_title":"Bijlage 1 Landschappelijk inpassingsplan zonneweide","dc_type":"bijlage","foi_fairiscoreVersions":{"v1":2,"v2":2},"foi_fileName":"07%20Bijlage%201%20Landschappelijk%20inpassingsplan%20zonneweide.pdf","foi_nrPages":11},{"dc_format":"application/pdf","dc_identifier":"nl.gm1954.2c.2019.2828923-12.doc.7","dc_source":"https://api1.ibabs.eu/publicdownload.aspx?site=Beekdaelen&id=db9247b6-c0ba-405f-a6ff-1dc3aff3ec26","dc_title":"Bijlage 2 Vooronderzoek bodem zonneweide","dc_type":"bijlage","foi_fairiscoreVersions":{"v1":3,"v2":3},"foi_fileName":"07%20Bijlage%202%20Vooronderzoek%20bodem%20zonneweide.pdf","foi_nrPages":16},{"dc_format":"application/pdf","dc_identifier":"nl.gm1954.2c.2019.2828923-12.doc.8","dc_source":"https://api1.ibabs.eu/publicdownload.aspx?site=Beekdaelen&id=48704274-11af-43eb-8627-9f56cec5a05f","dc_title":"Bijlage 3 Archeologisch onderzoek zonneweide","dc_type":"bijlage","foi_fairiscoreVersions":{"v1":2,"v2":1},"foi_fileName":"07%20Bijlage%203%20Archeologisch%20onderzoek%20zonneweide.pdf","foi_nrPages":49},{"dc_format":"application/pdf","dc_identifier":"nl.gm1954.2c.2019.2828923-12.doc.9","dc_source":"https://api1.ibabs.eu/publicdownload.aspx?site=Beekdaelen&id=6e0af718-1c7c-4729-b27f-78b194a28073","dc_title":"Bijlage 4 Flora en fauna onderzoek zonneweide","dc_type":"bijlage","foi_fairiscoreVersions":{"v1":1,"v2":1},"foi_fileName":"07%20Bijlage%204%20Flora%20en%20fauna%20onderzoek%20zonneweide.pdf","foi_nrPages":15},{"dc_format":"application/pdf","dc_identifier":"nl.gm1954.2c.2019.2828923-12.doc.10","dc_source":"https://api1.ibabs.eu/publicdownload.aspx?site=Beekdaelen&id=20a12375-0cc6-4a78-8e17-137a32a134c2","dc_title":"Bijlage 5 Akoestisch onderzoek zonneweide","dc_type":"bijlage","foi_fairiscoreVersions":{"v1":2,"v2":2},"foi_fileName":"07%20Bijlage%205%20Akoestisch%20onderzoek%20zonneweide.pdf","foi_nrPages":26},{"dc_format":"application/pdf","dc_identifier":"nl.gm1954.2c.2019.2828923-12.doc.11","dc_source":"https://api1.ibabs.eu/publicdownload.aspx?site=Beekdaelen&id=8de93a18-92e1-4066-808e-c67d271fe873","dc_title":"Bijlage 6 Aanvulling akoestisch onderzoek zonneweide","dc_type":"bijlage","foi_fairiscoreVersions":{"v1":1,"v2":2},"foi_fileName":"07%20Bijlage%206%20Aanvulling%20akoestisch%20onderzoek%20zonneweide.pdf","foi_nrPages":8},{"dc_format":"application/pdf","dc_identifier":"nl.gm1954.2c.2019.2828923-12.doc.2","dc_source":"https://api1.ibabs.eu/publicdownload.aspx?site=Beekdaelen&id=42f28486-209a-47a3-9c84-ddbafe70c22a","dc_title":"Raadsbesluit inzake zonneweide","dc_type":"bijlage","foi_fairiscoreVersions":{"v1":1,"v2":1},"foi_fileName":"07%20Rbs%20inzake%20zonneweide.pdf","foi_nrPages":1},{"dc_format":"application/pdf","dc_identifier":"nl.gm1954.2c.2019.2828923-12.doc.3","dc_source":"https://api1.ibabs.eu/publicdownload.aspx?site=Beekdaelen&id=0dbe4854-3eda-4ee7-8ff3-114d64ccaed9","dc_title":"Ruimtelijke onderbouwing Zonneweide","dc_type":"bijlage","foi_fairiscoreVersions":{"v1":2,"v2":2},"foi_fileName":"07%20Ruimtelijke%20onderbouwing%20Zonneweide.pdf","foi_nrPages":56},{"dc_format":"application/pdf","dc_identifier":"nl.gm1954.2c.2019.2828923-12.doc.1","dc_source":"https://api1.ibabs.eu/publicdownload.aspx?site=Beekdaelen&id=4218ebcf-50a7-4960-b5dc-ac37886a34c4","dc_title":"Raadsvoorstel inzake zonneweide","dc_type":"bijlage","foi_fairiscoreVersions":{"v1":1,"v2":1},"foi_fileName":"07%20Rvs%20inzake%20zonneweide.pdf","foi_nrPages":2},{"dc_format":"application/pdf","dc_identifier":"nl.gm1954.2c.2019.2828923-12.doc.12","dc_source":"https://api1.ibabs.eu/publicdownload.aspx?site=Beekdaelen&id=78beadd0-f79b-4759-8285-390eb05b4fa7","dc_title":"CDA vragen ivm zonneweide","dc_type":"bijlage","foi_fairiscoreVersions":{"v1":1,"v2":1},"foi_fileName":"CDA%20vragen%20realisering%20zonneweide.pdf","foi_nrPages":5},{"dc_format":"application/pdf","dc_identifier":"nl.gm1954.2c.2019.2828923-12.doc.14","dc_source":"https://api1.ibabs.eu/publicdownload.aspx?site=Beekdaelen&id=83a90e94-cf16-40a6-ac7a-29684579c6b8","dc_title":"MvA vragen Vernieuwingsgroep en CDA inzake aanleg zonneweide","dc_type":"bijlage","foi_fairiscoreVersions":{"v1":1,"v2":1},"foi_fileName":"Memorie%20van%20antwoord%20aanleg%20zonneweide.pdf","foi_nrPages":1},{"dc_format":"application/pdf","dc_identifier":"nl.gm1954.2c.2019.2828923-12.doc.13","dc_source":"https://api1.ibabs.eu/publicdownload.aspx?site=Beekdaelen&id=5cd618bc-4c9f-4350-8e7f-09330b6bc6ac","dc_title":"Vernieuwingsgroep vraag mbt  zonneweide","dc_type":"bijlage","foi_fairiscoreVersions":{"v1":1,"v2":1},"foi_fileName":"Vernieuwingsgroep%20vragen%20zonneweide.pdf","foi_nrPages":7}],"foi_nrDocuments":14,"foi_nrPagesInDossier":203,"foi_publishedDate":"2019-06-25","foi_retrievedDate":"2025-11-29"},{"dc_creator":"HandelingScraper_v1","dc_date_year":2019,"dc_description":"Vergadering van de Gemeente Beekdaelen op 2019-06-25. Onderdeel: Voorstel van B&W inzake vaststellen Startnotitie Mobiliteitsplan Beekdaelen.","dc_identifier":"nl.gm1954.2c.2019.2828923-13","dc_publisher":"gm1954","dc_source":"https://beekdaelen.bestuurlijkeinformatie.nl/Agenda/Index/f79d5f3f-91c3-4a46-8b79-6e3160d8bd88","dc_title":"Raadscommissie (2019 t/m januari 2020) 2019-06-25 - Voorstel van B&W inzake vaststellen Startnotitie Mobiliteitsplan Beekdaelen","dc_type":"2c","dc_type_description":"Vergaderstuk decentrale overheid","foi_fairiscoreVersions":{"v1":1,"v2":1},"foi_files":[{"dc_format":"application/pdf","dc_identifier":"nl.gm1954.2c.2019.2828923-13.doc.2","dc_source":"https://api1.ibabs.eu/publicdownload.aspx?site=Beekdaelen&id=8de553a6-4fbc-466d-90a1-eda4785c8c0d","dc_title":"Raadsbesluit inzake vaststellen Startnotitie Mobiliteitsplan Beekdaelen","dc_type":"bijlage","foi_fairiscoreVersions":{"v1":1,"v2":1},"foi_fileName":"22%20raadsbesluit%20Mobiliteitsplan.pdf","foi_nrPages":1},{"dc_format":"application/pdf","dc_identifier":"nl.gm1954.2c.2019.2828923-13.doc.1","dc_source":"https://api1.ibabs.eu/publicdownload.aspx?site=Beekdaelen&id=21bd0d51-0f8c-4f47-98fe-2e645ed7c1a0","dc_title":"Raadsvoorstel inzake vaststellen Startnotitie Mobiliteitsplan Beekdaelen","dc_type":"bijlage","foi_fairiscoreVersions":{"v1":1,"v2":1},"foi_fileName":"22%20raadsvoorstel%20Mobiliteitsplan.pdf","foi_nrPages":4},{"dc_format":"application/pdf","dc_identifier":"nl.gm1954.2c.2019.2828923-13.doc.3","dc_source":"https://api1.ibabs.eu/publicdownload.aspx?site=Beekdaelen&id=e761e3ee-c355-4f8b-8cbc-50cb4189f166","dc_title":"Startnotitie Mobiliteitsplan Beekdaelen - versie 1.1 - RWAA - definitief","dc_type":"bijlage","foi_fairiscoreVersions":{"v1":1,"v2":1},"foi_fileName":"22%20Startnotitie%20Mobiliteitsplan%20Beekdaelen-rwaa-definitief.pdf","foi_nrPages":4},{"dc_format":"application/pdf","dc_identifier":"nl.gm1954.2c.2019.2828923-13.doc.4","dc_source":"https://api1.ibabs.eu/publicdownload.aspx?site=Beekdaelen&id=4ae113ed-53a9-4350-b08f-f3ca1da6e7b9","dc_title":"CDA vragen mobiliteitsplan","dc_type":"bijlage","foi_fairiscoreVersions":{"v1":1,"v2":1},"foi_fileName":"CDA%20vragen%20mobiliteitsplan.pdf","foi_nrPages":5},{"dc_format":"application/pdf","dc_identifier":"nl.gm1954.2c.2019.2828923-13.doc.5","dc_source":"https://api1.ibabs.eu/publicdownload.aspx?site=Beekdaelen&id=d99910a9-c00b-47f3-8f3e-8c22cea29cf4","dc_title":"GroenLinks vragen mobiliteitsplan","dc_type":"bijlage","foi_fairiscoreVersions":{"v1":1,"v2":1},"foi_fileName":"GroenLinks%20vragen%20mobiliteitsplan.pdf","foi_nrPages":3},{"dc_format":"application/pdf","dc_identifier":"nl.gm1954.2c.2019.2828923-13.doc.6","dc_source":"https://api1.ibabs.eu/publicdownload.aspx?site=Beekdaelen&id=0bd23d02-bd0d-421d-8084-b40f498abcb3","dc_title":"MvA vragen CDA en GroenLinks inzake Startnotitie Mobiliteitsplan Beekdaelen","dc_type":"bijlage","foi_fairiscoreVersions":{"v1":1,"v2":1},"foi_fileName":"Memorie%20van%20antwoord%20CDA%20en%20GL%20startnotitie%20mobiliteitsplan%20Beekdaelen.pdf","foi_nrPages":1}],"foi_nrDocuments":6,"foi_nrPagesInDossier":18,"foi_publishedDate":"2019-06-25","foi_retrievedDate":"2025-11-29"},{"dc_creator":"HandelingScraper_v1","dc_date_year":2019,"dc_description":"Vergadering van de Gemeente Beekdaelen op 2019-06-25. Onderdeel: Raadsvoorstel inzake uitbrengen zienswijze ontwerpbegroting 2020 BsGW en MJR 2020-2024 incl aantekening mbt weerstandsvermogen, instemmen met verwerking exploitatiebijdrage 2020 in begroting 2020 gemeente Beekdaelen en kennisname jaarrekening 2018 BsGW voor kennisgeving aannemen.","dc_identifier":"nl.gm1954.2c.2019.2828923-14","dc_publisher":"gm1954","dc_source":"https://beekdaelen.bestuurlijkeinformatie.nl/Agenda/Index/f79d5f3f-91c3-4a46-8b79-6e3160d8bd88","dc_title":"Raadscommissie (2019 t/m januari 2020) 2019-06-25 - Raadsvoorstel inzake uitbrengen zienswijze ontwerpbegroting 2020 BsGW en MJR 2020-2024 incl aantekening mbt weerstandsvermogen, instemmen met verwerking exploitatiebijdrage 2020 in begroting 2020 gemeente Beekdaelen en kennisname jaarrekening 2018 BsGW voor kennisgeving aannemen","dc_type":"2c","dc_type_description":"Vergaderstuk decentrale overheid","foi_fairiscoreVersions":{"v1":3,"v2":3},"foi_files":[{"dc_format":"application/pdf","dc_identifier":"nl.gm1954.2c.2019.2828923-14.doc.3","dc_source":"https://api1.ibabs.eu/publicdownload.aspx?site=Beekdaelen&id=cec71044-d510-4c8f-9f2f-40483c5c3dc0","dc_title":"Brief aan DB van BsGW inzake zienswijze op begroting 2020","dc_type":"bijlage","foi_fairiscoreVersions":{"v1":1,"v2":1},"foi_fileName":"05%20Brief%20aan%20DB%20van%20BsGW%20inzake%20zienswijze%20op%20begroting%202020.pdf","foi_nrPages":1},{"dc_format":"application/pdf","dc_identifier":"nl.gm1954.2c.2019.2828923-14.doc.2","dc_source":"https://api1.ibabs.eu/publicdownload.aspx?site=Beekdaelen&id=8b6badd4-5cfa-486e-a9a3-58a48af41712","dc_title":"Raadsbesluit inzake ontwerpbegroting 2020 BsGW","dc_type":"bijlage","foi_fairiscoreVersions":{"v1":1,"v2":1},"foi_fileName":"05%20Rbs%20ontwerpbegroting%202020%20BsGW.pdf","foi_nrPages":1},{"dc_format":"application/pdf","dc_identifier":"nl.gm1954.2c.2019.2828923-14.doc.1","dc_source":"https://api1.ibabs.eu/publicdownload.aspx?site=Beekdaelen&id=e901b8b7-03d0-4a96-9d2f-ac52971c881a","dc_title":"Raadsvoorstel inzake ontwerpbegroting 2020 BsGW","dc_type":"bijlage","foi_fairiscoreVersions":{"v1":1,"v2":1},"foi_fileName":"05%20Rvs%20ontwerpbegroting%202020%20BsGW.pdf","foi_nrPages":3},{"dc_format":"application/pdf","dc_identifier":"nl.gm1954.2c.2019.2828923-14.doc.6","dc_source":"https://api1.ibabs.eu/publicdownload.aspx?site=Beekdaelen&id=4727aa4b-0ddc-43cf-a6a0-d9b62f34e8d0","dc_title":"Overzicht fin. ontwikkelingen GR's irt MJR 2019-2022 Beekdaelen","dc_type":"bijlage","foi_fairiscoreVersions":{"v1":1,"v2":1},"foi_fileName":"bijdragen%20gemeenschappelijke%20Regelingen%202019%20tm%202023.pdf","foi_nrPages":1},{"dc_format":"application/pdf","dc_identifier":"nl.gm1954.2c.2019.2828923-14.doc.8","dc_source":"https://api1.ibabs.eu/publicdownload.aspx?site=Beekdaelen&id=8287827c-dc08-49f0-9190-87b6256c9462","dc_title":"Bestuursrapportage BsGW Kwartaal 4-2018 per 31-12-2018","dc_type":"bijlage","foi_fairiscoreVersions":{"v1":5,"v2":5},"foi_fileName":"BsGW%20bestuursrapportage.pdf","foi_nrPages":37},{"dc_format":"application/pdf","dc_identifier":"nl.gm1954.2c.2019.2828923-14.doc.9","dc_source":"https://api1.ibabs.eu/publicdownload.aspx?site=Beekdaelen&id=bca6978e-1958-4b6f-afa1-e324520ad4aa","dc_title":"Bijlagen Bestuursrapportage BsGW Kwartaal 4-2018 per 31-12-2018","dc_type":"bijlage","foi_fairiscoreVersions":{"v1":5,"v2":5},"foi_fileName":"BsGW%20bijlagen%20bestuursrapportage.pdf","foi_nrPages":29},{"dc_format":"application/pdf","dc_identifier":"nl.gm1954.2c.2019.2828923-14.doc.7","dc_source":"https://api1.ibabs.eu/publicdownload.aspx?site=Beekdaelen&id=1c2d1429-2ed6-48a0-b13d-aca290d92e85","dc_title":"Kadernota Begroting BsGW 2020 en MJR 2020-2024","dc_type":"bijlage","foi_fairiscoreVersions":{"v1":5,"v2":5},"foi_fileName":"BsGW%20kadernota.pdf","foi_nrPages":34},{"dc_format":"application/pdf","dc_identifier":"nl.gm1954.2c.2019.2828923-14.doc.4","dc_source":"https://api1.ibabs.eu/publicdownload.aspx?site=Beekdaelen&id=f693de28-029f-4bcb-828b-3fdc51be4dae","dc_title":"Ontwerpbegroting BsGW 2020 en MJR 2020-2024","dc_type":"bijlage","foi_fairiscoreVersions":{"v1":5,"v2":5},"foi_fileName":"BsGW%20ontwerpbegroting%202020.pdf","foi_nrPages":62},{"dc_format":"application/pdf","dc_identifier":"nl.gm1954.2c.2019.2828923-14.doc.5","dc_source":"https://api1.ibabs.eu/publicdownload.aspx?site=Beekdaelen&id=f029b173-10d5-4027-ba70-9e79ae0c1cd9","dc_title":"Overzicht afrekening jaarrekeningen 2018 GR's irt MJR 2019-2022 Beekdaelen","dc_type":"bijlage","foi_fairiscoreVersions":{"v1":1,"v2":1},"foi_fileName":"Ontwikkelingen%20GR%27s%20Beekdaelen.pdf","foi_nrPages":3}],"foi_nrDocuments":9,"foi_nrPagesInDossier":171,"foi_publishedDate":"2019-06-25","foi_retrievedDate":"2025-11-29"},{"dc_creator":"HandelingScraper_v1","dc_date_year":2019,"dc_description":"Vergadering van de Gemeente Beekdaelen op 2019-06-25. Onderdeel: Opening, mededelingen voorzitter en vaststellen agenda.","dc_identifier":"nl.gm1954.2c.2019.2828923-2","dc_publisher":"gm1954","dc_source":"https://beekdaelen.bestuurlijkeinformatie.nl/Agenda/Index/f79d5f3f-91c3-4a46-8b79-6e3160d8bd88","dc_title":"Raadscommissie (2019 t/m januari 2020) 2019-06-25 - Opening, mededelingen voorzitter en vaststellen agenda","dc_type":"2c","dc_type_description":"Vergaderstuk decentrale overheid","foi_fairiscoreVersions":{"v1":1,"v2":1},"foi_files":[{"dc_format":"application/pdf","dc_identifier":"nl.gm1954.2c.2019.2828923-2.doc.1","dc_source":"https://api1.ibabs.eu/publicdownload.aspx?site=Beekdaelen&id=ddac1aee-d68f-4f64-a89f-910f8248ea91","dc_title":"Vastgestelde agenda raadscommissie 25 juni 2019","dc_type":"bijlage","foi_fairiscoreVersions":{"v1":1,"v2":1},"foi_fileName":"Vastgestelde%20agenda%20raadscommissie%2025%20juni%202019.pdf","foi_nrPages":2}],"foi_nrDocuments":1,"foi_nrPagesInDossier":2,"foi_publishedDate":"2019-06-25","foi_retrievedDate":"2025-12-03"},{"dc_creator":"HandelingScraper_v1","dc_date_year":2019,"dc_description":"Vergadering van de Gemeente Beekdaelen op 2019-06-25. Onderdeel: Raadsvoorstel inzake kennisname jaarstukken 2018 GR WOZL en positieve zienswijze over begroting 2020 kenbaar maken.","dc_identifier":"nl.gm1954.2c.2019.2828923-3","dc_publisher":"gm1954","dc_source":"https://beekdaelen.bestuurlijkeinformatie.nl/Agenda/Index/f79d5f3f-91c3-4a46-8b79-6e3160d8bd88","dc_title":"Raadscommissie (2019 t/m januari 2020) 2019-06-25 - Raadsvoorstel inzake kennisname jaarstukken 2018 GR WOZL en positieve zienswijze over begroting 2020 kenbaar maken","dc_type":"2c","dc_type_description":"Vergaderstuk decentrale overheid","foi_fairiscoreVersions":{"v1":1,"v2":1},"foi_files":[{"dc_format":"application/pdf","dc_identifier":"nl.gm1954.2c.2019.2828923-3.doc.4","dc_source":"https://api1.ibabs.eu/publicdownload.aspx?site=Beekdaelen&id=24ce2aff-6c54-4c78-bebb-71a3d6439f79","dc_title":"Overzicht gem. bijdragen Beekdaelen aan de diverse Gemeenschappelijke Regelingen 2019 tm 2023","dc_type":"bijlage","foi_fairiscoreVersions":{"v1":1,"v2":1},"foi_fileName":"bijdragen%20gemeenschappelijke%20Regelingen%202019%20tm%202023.pdf","foi_nrPages":1},{"dc_format":"application/pdf","dc_identifier":"nl.gm1954.2c.2019.2828923-3.doc.2","dc_source":"https://api1.ibabs.eu/publicdownload.aspx?site=Beekdaelen&id=e6fc9c0f-5f86-458c-a6cf-75ec667e4546","dc_title":"Concept raadsbesluit Jaarstukken  2018 en begroting 2020 WOZL","dc_type":"bijlage","foi_fairiscoreVersions":{"v1":1,"v2":1},"foi_fileName":"Jaarstukken%20WOZL%202018%20en%20begroting%20WOZL%202020_%20raadsbesluit%2021%20mei%202019_3.pdf","foi_nrPages":1},{"dc_format":"application/pdf","dc_identifier":"nl.gm1954.2c.2019.2828923-3.doc.5","dc_source":"https://api1.ibabs.eu/publicdownload.aspx?site=Beekdaelen&id=c8cef122-f527-4228-9847-1975c8ff5e6f","dc_title":"MvA vragen CDA en Beekdaelen Lokaal Begroting WOZL","dc_type":"bijlage","foi_fairiscoreVersions":{"v1":1,"v2":1},"foi_fileName":"Memorie%20van%20antwoord%20cie%2025%20juni%202019_Jaarstukken%202018%20en%20%20Begroting%202020%20WOZL.pdf","foi_nrPages":4},{"dc_format":"application/pdf","dc_identifier":"nl.gm1954.2c.2019.2828923-3.doc.3","dc_source":"https://api1.ibabs.eu/publicdownload.aspx?site=Beekdaelen&id=d16adcb5-c2af-495f-89d8-ddf869404cd1","dc_title":"Ontwikkelingen GR's Beekdaelen","dc_type":"bijlage","foi_fairiscoreVersions":{"v1":1,"v2":1},"foi_fileName":"Ontwikkelingen%20GR%27s%20Beekdaelen.pdf","foi_nrPages":3},{"dc_format":"application/pdf","dc_identifier":"nl.gm1954.2c.2019.2828923-3.doc.1","dc_source":"https://api1.ibabs.eu/publicdownload.aspx?site=Beekdaelen&id=46b719e9-74fe-46f4-a877-d73d9a1aa9e2","dc_title":"Raadsvoorstel Jaarstukken 2018 en Begroting 2020 WOZL","dc_type":"bijlage","foi_fairiscoreVersions":{"v1":1,"v2":1},"foi_fileName":"raadsvoorstel%20WOZL.pdf","foi_nrPages":3}],"foi_nrDocuments":5,"foi_nrPagesInDossier":12,"foi_publishedDate":"2019-06-25","foi_retrievedDate":"2025-11-29"},{"dc_creator":"HandelingScraper_v1","dc_date_year":2019,"dc_description":"Vergadering van de Gemeente Beekdaelen op 2019-06-25. Onderdeel: Raadsvoorstel inzake kennisname jaarrekening 2018 en positieve zienswijze begroting 2020 en MJR 2021-2023 GR WSP afgeven.","dc_identifier":"nl.gm1954.2c.2019.2828923-4","dc_publisher":"gm1954","dc_source":"https://beekdaelen.bestuurlijkeinformatie.nl/Agenda/Index/f79d5f3f-91c3-4a46-8b79-6e3160d8bd88","dc_title":"Raadscommissie (2019 t/m januari 2020) 2019-06-25 - Raadsvoorstel inzake kennisname jaarrekening 2018 en positieve zienswijze begroting 2020 en MJR 2021-2023 GR WSP afgeven","dc_type":"2c","dc_type_description":"Vergaderstuk decentrale overheid","foi_fairiscoreVersions":{"v1":2,"v2":2},"foi_files":[{"dc_format":"application/pdf","dc_identifier":"nl.gm1954.2c.2019.2828923-4.doc.5","dc_source":"https://api1.ibabs.eu/publicdownload.aspx?site=Beekdaelen&id=3b50d5f6-3c31-4e31-8be3-c97c37ffad6b","dc_title":"Overzicht gem. bijdragen Beekdaelen aan de diverse Gemeenschappelijke Regelingen 2019 tm 2023","dc_type":"bijlage","foi_fairiscoreVersions":{"v1":1,"v2":1},"foi_fileName":"bijdragen%20gemeenschappelijke%20Regelingen%202019%20tm%202023.pdf","foi_nrPages":1},{"dc_format":"application/pdf","dc_identifier":"nl.gm1954.2c.2019.2828923-4.doc.6","dc_source":"https://api1.ibabs.eu/publicdownload.aspx?site=Beekdaelen&id=e6448177-1929-4f11-af82-780b503718f9","dc_title":"CDA vragen begroting WSP","dc_type":"bijlage","foi_fairiscoreVersions":{"v1":1,"v2":1},"foi_fileName":"CDA%20vragen%20WSP.pdf","foi_nrPages":2},{"dc_format":"application/pdf","dc_identifier":"nl.gm1954.2c.2019.2828923-4.doc.7","dc_source":"https://api1.ibabs.eu/publicdownload.aspx?site=Beekdaelen&id=be4a56b0-2d8d-484a-b415-0ef3b4f0ee2a","dc_title":"MvA vragen CDA Begroting WSP","dc_type":"bijlage","foi_fairiscoreVersions":{"v1":1,"v2":1},"foi_fileName":"Memorie%20van%20antwoord%20cie%2025%20juni%202019_Jaarstukken%202018%20en%20%20Begroting%202020%20WSP.pdf","foi_nrPages":1},{"dc_format":"application/pdf","dc_identifier":"nl.gm1954.2c.2019.2828923-4.doc.4","dc_source":"https://api1.ibabs.eu/publicdownload.aspx?site=Beekdaelen&id=02a82476-f052-409a-9972-1a4ebfb930a6","dc_title":"Ontwikkelingen GR's Beekdaelen","dc_type":"bijlage","foi_fairiscoreVersions":{"v1":1,"v2":1},"foi_fileName":"Ontwikkelingen%20GR%27s%20Beekdaelen.pdf","foi_nrPages":3},{"dc_format":"application/pdf","dc_identifier":"nl.gm1954.2c.2019.2828923-4.doc.1","dc_source":"https://api1.ibabs.eu/publicdownload.aspx?site=Beekdaelen&id=80e5f570-d2d0-46d2-b568-76b72a2ff9c3","dc_title":"Raadsvoorstel Jaarstukken 2018, begroting 2020 en MJR 2021-2023 GR WSP","dc_type":"bijlage","foi_fairiscoreVersions":{"v1":2,"v2":2},"foi_fileName":"raadsbesluit%20WSP.pdf","foi_nrPages":8},{"dc_format":"application/pdf","dc_identifier":"nl.gm1954.2c.2019.2828923-4.doc.2","dc_source":"https://api1.ibabs.eu/publicdownload.aspx?site=Beekdaelen&id=f37d1b89-b7c8-4da4-aef2-659e18efcc7f","dc_title":"Concept raadsbesluit Jaarstukken 2018, begroting 2020 en MJR 2021-2023 GR WSP","dc_type":"bijlage","foi_fairiscoreVersions":{"v1":1,"v2":1},"foi_fileName":"raadsvoorstel%20WSP.pdf","foi_nrPages":1},{"dc_format":"application/pdf","dc_identifier":"nl.gm1954.2c.2019.2828923-4.doc.3","dc_source":"https://api1.ibabs.eu/publicdownload.aspx?site=Beekdaelen&id=3dabe99b-ec15-4e25-be78-a750cca1304a","dc_title":"Begroting 2020 en MJR 2021-2023 GR WSP","dc_type":"bijlage","foi_fairiscoreVersions":{"v1":5,"v2":5},"foi_fileName":"WSP%20begroting%202020.pdf","foi_nrPages":37}],"foi_nrDocuments":7,"foi_nrPagesInDossier":53,"foi_publishedDate":"2019-06-25","foi_retrievedDate":"2025-11-29"},{"dc_creator":"HandelingScraper_v1","dc_date_year":2019,"dc_description":"Vergadering van de Gemeente Beekdaelen op 2019-06-25. Onderdeel: Raadsvoorstel inzake kennisnemen jaarverslag en jaarrekening 2018 ISD BOL en geen bezwaar hiertegen indienen.","dc_identifier":"nl.gm1954.2c.2019.2828923-5","dc_publisher":"gm1954","dc_source":"https://beekdaelen.bestuurlijkeinformatie.nl/Agenda/Index/f79d5f3f-91c3-4a46-8b79-6e3160d8bd88","dc_title":"Raadscommissie (2019 t/m januari 2020) 2019-06-25 - Raadsvoorstel inzake kennisnemen jaarverslag en jaarrekening 2018 ISD BOL en geen bezwaar hiertegen indienen","dc_type":"2c","dc_type_description":"Vergaderstuk decentrale overheid","foi_fairiscoreVersions":{"v1":2,"v2":2},"foi_files":[{"dc_format":"application/pdf","dc_identifier":"nl.gm1954.2c.2019.2828923-5.doc.2","dc_source":"https://api1.ibabs.eu/publicdownload.aspx?site=Beekdaelen&id=c3de7993-ada9-4e82-965f-756be57e1416","dc_title":"Concept raadsbesluit inzake Jaarstukken ISD BOL 2018","dc_type":"bijlage","foi_fairiscoreVersions":{"v1":1,"v2":1},"foi_fileName":"11%20Rbs%20inzake%20Jaarstukken%20ISD%20BOL%202018.pdf","foi_nrPages":1},{"dc_format":"application/pdf","dc_identifier":"nl.gm1954.2c.2019.2828923-5.doc.1","dc_source":"https://api1.ibabs.eu/publicdownload.aspx?site=Beekdaelen&id=d42ad1bd-5408-41a0-ad25-7e403ce66ba9","dc_title":"Raadsvoorstel inzake Jaarstukken ISD BOL 2018","dc_type":"bijlage","foi_fairiscoreVersions":{"v1":1,"v2":1},"foi_fileName":"11%20Rvs%20inzake%20Jaarstukken%20ISD%20BOL%202018.pdf","foi_nrPages":2},{"dc_format":"application/pdf","dc_identifier":"nl.gm1954.2c.2019.2828923-5.doc.5","dc_source":"https://api1.ibabs.eu/publicdownload.aspx?site=Beekdaelen&id=9bcd8dd2-974e-43f9-bf54-26de0397362f","dc_title":"Overzicht gem. bijdragen Beekdaelen aan de diverse Gemeenschappelijke Regelingen 2019 tm 2023","dc_type":"bijlage","foi_fairiscoreVersions":{"v1":1,"v2":1},"foi_fileName":"bijdragen%20gemeenschappelijke%20Regelingen%202019%20tm%202023.pdf","foi_nrPages":1},{"dc_format":"application/pdf","dc_identifier":"nl.gm1954.2c.2019.2828923-5.doc.3","dc_source":"https://api1.ibabs.eu/publicdownload.aspx?site=Beekdaelen&id=e6db1c23-b866-4aee-a44f-edea7a4faba4","dc_title":"Jaarrekening ISD BOL 2018","dc_type":"bijlage","foi_fairiscoreVersions":{"v1":2,"v2":1},"foi_fileName":"ISD%20BOL%20Jaarrekening%20ISD%20BOL%202018.pdf","foi_nrPages":49},{"dc_format":"application/pdf","dc_identifier":"nl.gm1954.2c.2019.2828923-5.doc.4","dc_source":"https://api1.ibabs.eu/publicdownload.aspx?site=Beekdaelen&id=98e1fe42-c5cd-4509-9020-aadc677b4767","dc_title":"Jaarverslag ISD BOL 2018","dc_type":"bijlage","foi_fairiscoreVersions":{"v1":2,"v2":2},"foi_fileName":"ISD%20BOL%20jaarverslag%202018%20ISD%20BOL.pdf","foi_nrPages":72},{"dc_format":"application/pdf","dc_identifier":"nl.gm1954.2c.2019.2828923-5.doc.6","dc_source":"https://api1.ibabs.eu/publicdownload.aspx?site=Beekdaelen&id=94f554b4-76fe-4afd-9116-72bfb70031f1","dc_title":"MvA vragen CDA m.b.t. Jaarrekening 2018 ISD BOL","dc_type":"bijlage","foi_fairiscoreVersions":{"v1":1,"v2":1},"foi_fileName":"Memorie%20van%20antwoord%20cie%2025%20juni%202019_Jaarsverslag%20en%20Jaarrekening%202018%20ISD%20BOL.pdf","foi_nrPages":1}],"foi_nrDocuments":6,"foi_nrPagesInDossier":126,"foi_publishedDate":"2019-06-25","foi_retrievedDate":"2025-11-29"},{"dc_creator":"HandelingScraper_v1","dc_date_year":2019,"dc_description":"Vergadering van de Gemeente Beekdaelen op 2019-06-25. Onderdeel: Raadsvoorstel inzake kennisnemen programmabegroting 2020-2023 ISD BOL en een zienswijze indienen om alle mogelijke maatregelen te treffen om de bedrijfsvoeringkosten terug te dringen.","dc_identifier":"nl.gm1954.2c.2019.2828923-6","dc_publisher":"gm1954","dc_source":"https://beekdaelen.bestuurlijkeinformatie.nl/Agenda/Index/f79d5f3f-91c3-4a46-8b79-6e3160d8bd88","dc_title":"Raadscommissie (2019 t/m januari 2020) 2019-06-25 - Raadsvoorstel inzake kennisnemen programmabegroting 2020-2023 ISD BOL en een zienswijze indienen om alle mogelijke maatregelen te treffen om de bedrijfsvoeringkosten terug te dringen","dc_type":"2c","dc_type_description":"Vergaderstuk decentrale overheid","foi_fairiscoreVersions":{"v1":2,"v2":1},"foi_files":[{"dc_format":"application/pdf","dc_identifier":"nl.gm1954.2c.2019.2828923-6.doc.2","dc_source":"https://api1.ibabs.eu/publicdownload.aspx?site=Beekdaelen&id=68956ed7-7719-4a94-8419-d0d8265330e1","dc_title":"Concept raadsbesluit inzake programmabegroting 2020-2023 ISD BOL","dc_type":"bijlage","foi_fairiscoreVersions":{"v1":1,"v2":1},"foi_fileName":"10%20Rbs%20inzake%20begroting%20ISD%20BOL%202020-2023.pdf","foi_nrPages":1},{"dc_format":"application/pdf","dc_identifier":"nl.gm1954.2c.2019.2828923-6.doc.1","dc_source":"https://api1.ibabs.eu/publicdownload.aspx?site=Beekdaelen&id=acf8473d-63d1-4a59-bc6c-0ae2edcb3ecf","dc_title":"Raadsvoorstel inzake programmabegroting 2020-2023 ISD BOL","dc_type":"bijlage","foi_fairiscoreVersions":{"v1":1,"v2":1},"foi_fileName":"10%20Rvs%20inzake%20programmabegroting%20ISD%20BOL%202020-2023.pdf","foi_nrPages":3},{"dc_format":"application/pdf","dc_identifier":"nl.gm1954.2c.2019.2828923-6.doc.4","dc_source":"https://api1.ibabs.eu/publicdownload.aspx?site=Beekdaelen&id=fce27fc0-aab3-44c1-bbf9-f24ea04a1510","dc_title":"Overzicht gem. bijdragen Beekdaelen aan de diverse Gemeenschappelijke Regelingen 2019 tm 2023","dc_type":"bijlage","foi_fairiscoreVersions":{"v1":1,"v2":1},"foi_fileName":"bijdragen%20gemeenschappelijke%20Regelingen%202019%20tm%202023.pdf","foi_nrPages":1},{"dc_format":"application/pdf","dc_identifier":"nl.gm1954.2c.2019.2828923-6.doc.3","dc_source":"https://api1.ibabs.eu/publicdownload.aspx?site=Beekdaelen&id=80db1c7a-d7d5-40b7-b3fb-3d5f8b48c3da","dc_title":"ISD BOL programmabegroting 2020","dc_type":"bijlage","foi_fairiscoreVersions":{"v1":2,"v2":1},"foi_fileName":"ISD%20BOL%20begroting%202020.pdf","foi_nrPages":58},{"dc_format":"application/pdf","dc_identifier":"nl.gm1954.2c.2019.2828923-6.doc.5","dc_source":"https://api1.ibabs.eu/publicdownload.aspx?site=Beekdaelen&id=1f8a22f4-7eaf-4399-b99d-ab9a44dd3833","dc_title":"MvA vragen CDA en Beekdaelen Lokaal mbt cie 25-06-2019 inzake Begroting 2020 ISD BOL","dc_type":"bijlage","foi_fairiscoreVersions":{"v1":1,"v2":1},"foi_fileName":"MvA%20vragen%20CDA%20en%20GroenLinks%20mbt%20cie%2025-06-2019%20inzake%20Begroting%202020%20ISD%20BOL.pdf","foi_nrPages":2},{"dc_format":"application/pdf","dc_identifier":"nl.gm1954.2c.2019.2828923-6.doc.6","dc_source":"https://api1.ibabs.eu/publicdownload.aspx?site=Beekdaelen&id=034e0ab4-3189-49c3-b5d1-00cc9dbe7940","dc_title":"MvA vragen Vernieuwingsgroep mbt cie 25-06-2019 inzake begroting ISD BOL","dc_type":"bijlage","foi_fairiscoreVersions":{"v1":1,"v2":1},"foi_fileName":"MvA%20vragen%20Vernieuwingsgroep%20mbt%20cie%2025-06-2019%20inzake%20begroting%20ISD%20BOL.pdf","foi_nrPages":1}],"foi_nrDocuments":6,"foi_nrPagesInDossier":66,"foi_publishedDate":"2019-06-25","foi_retrievedDate":"2025-11-29"},{"dc_creator":"HandelingScraper_v1","dc_date_year":2019,"dc_description":"Vergadering van de Gemeente Beekdaelen op 2019-06-25. Onderdeel: Raadsvoorstel inzake kennisnemen 1e bestuursrapportage 2019 van GR ISD BOL en een zienswijze indienen om alle mogelijke maatregelen te treffen om de bedrijfsvoeringkosten terug te dringen.","dc_identifier":"nl.gm1954.2c.2019.2828923-7","dc_publisher":"gm1954","dc_source":"https://beekdaelen.bestuurlijkeinformatie.nl/Agenda/Index/f79d5f3f-91c3-4a46-8b79-6e3160d8bd88","dc_title":"Raadscommissie (2019 t/m januari 2020) 2019-06-25 - Raadsvoorstel inzake kennisnemen 1e bestuursrapportage 2019 van GR ISD BOL en een zienswijze indienen om alle mogelijke maatregelen te treffen om de bedrijfsvoeringkosten terug te dringen","dc_type":"2c","dc_type_description":"Vergaderstuk decentrale overheid","foi_fairiscoreVersions":{"v1":2,"v2":2},"foi_files":[{"dc_format":"application/pdf","dc_identifier":"nl.gm1954.2c.2019.2828923-7.doc.2","dc_source":"https://api1.ibabs.eu/publicdownload.aspx?site=Beekdaelen&id=d7afce38-f128-4cd6-9817-93d2bc56e102","dc_title":"Concept raadsbesluit inzake eerste Burap ISD BOL 2019","dc_type":"bijlage","foi_fairiscoreVersions":{"v1":1,"v2":1},"foi_fileName":"09%20Rbs%20inzake%20eerste%20Burap%20ISD%20BOL%202019.pdf","foi_nrPages":1},{"dc_format":"application/pdf","dc_identifier":"nl.gm1954.2c.2019.2828923-7.doc.1","dc_source":"https://api1.ibabs.eu/publicdownload.aspx?site=Beekdaelen&id=57a8ff06-b10e-4259-86af-cd30e11fc514","dc_title":"Raadsvoorstel inzake eerste Burap 2019 ISD BOL","dc_type":"bijlage","foi_fairiscoreVersions":{"v1":1,"v2":1},"foi_fileName":"09%20Rvs%20inzake%20eerste%20burap%202019%20ISD%20BOL.pdf","foi_nrPages":2},{"dc_format":"application/pdf","dc_identifier":"nl.gm1954.2c.2019.2828923-7.doc.4","dc_source":"https://api1.ibabs.eu/publicdownload.aspx?site=Beekdaelen&id=5aaa8437-ec94-41d2-bdd2-17657f3eabf8","dc_title":"Overzicht gem. bijdragen Beekdaelen aan de diverse Gemeenschappelijke Regelingen 2019 tm 2023","dc_type":"bijlage","foi_fairiscoreVersions":{"v1":1,"v2":1},"foi_fileName":"bijdragen%20gemeenschappelijke%20Regelingen%202019%20tm%202023.pdf","foi_nrPages":1},{"dc_format":"application/pdf","dc_identifier":"nl.gm1954.2c.2019.2828923-7.doc.3","dc_source":"https://api1.ibabs.eu/publicdownload.aspx?site=Beekdaelen&id=fa72e199-b530-42db-a4c1-37e969171bc4","dc_title":"Eerste bestuursrapportage ISD BOL 2019","dc_type":"bijlage","foi_fairiscoreVersions":{"v1":2,"v2":2},"foi_fileName":"Eerste%20bestuursrapportage%20ISD%20BOL%202019.pdf","foi_nrPages":34}],"foi_nrDocuments":4,"foi_nrPagesInDossier":38,"foi_publishedDate":"2019-06-25","foi_retrievedDate":"2025-11-29"},{"dc_creator":"HandelingScraper_v1","dc_date_year":2019,"dc_description":"Vergadering van de Gemeente Beekdaelen op 2019-06-25. Onderdeel: Voorstel van B&W inzake kennisnemen van de 2e begrotingswijziging GGD Zuid-Limburg, kennisnemen van de begroting 2020, kennisnemen van het meerjarenperspectief 2020-2023 en indienen van een zienswijze.","dc_identifier":"nl.gm1954.2c.2019.2828923-8","dc_publisher":"gm1954","dc_source":"https://beekdaelen.bestuurlijkeinformatie.nl/Agenda/Index/f79d5f3f-91c3-4a46-8b79-6e3160d8bd88","dc_title":"Raadscommissie (2019 t/m januari 2020) 2019-06-25 - Voorstel van B&W inzake kennisnemen van de 2e begrotingswijziging GGD Zuid-Limburg, kennisnemen van de begroting 2020, kennisnemen van het meerjarenperspectief 2020-2023 en indienen van een zienswijze","dc_type":"2c","dc_type_description":"Vergaderstuk decentrale overheid","foi_fairiscoreVersions":{"v1":2,"v2":2},"foi_files":[{"dc_format":"application/pdf","dc_identifier":"nl.gm1954.2c.2019.2828923-8.doc.1","dc_source":"https://api1.ibabs.eu/publicdownload.aspx?site=Beekdaelen&id=d071fa83-4a83-440a-9233-4abce3678fdc","dc_title":"Concept raadsbesluit 2e begrotingswijziging 2019 begroting 2020 meerjarenperspectief 2020 2023 GGD Zuid-Limburg","dc_type":"bijlage","foi_fairiscoreVersions":{"v1":1,"v2":1},"foi_fileName":"21%20Raadsbesluit.doc%20-%20Z19126906%20-%20195127%20-%202e%20begrotingswijziging%202019%20begroting%202020%20meerjarenperspectief%202020%202023%20GGD%20Zuid-Limburg.pdf","foi_nrPages":1},{"dc_format":"application/pdf","dc_identifier":"nl.gm1954.2c.2019.2828923-8.doc.17","dc_source":"https://api1.ibabs.eu/publicdownload.aspx?site=Beekdaelen&id=449772ac-bfec-4b71-9588-6f5a7a642393","dc_title":"Overzicht gem. bijdragen Beekdaelen aan de diverse Gemeenschappelijke Regelingen 2019 tm 2023","dc_type":"bijlage","foi_fairiscoreVersions":{"v1":1,"v2":1},"foi_fileName":"bijdragen%20gemeenschappelijke%20Regelingen%202019%20tm%202023.pdf","foi_nrPages":1},{"dc_format":"application/pdf","dc_identifier":"nl.gm1954.2c.2019.2828923-8.doc.2","dc_source":"https://api1.ibabs.eu/publicdownload.aspx?site=Beekdaelen&id=ad03b7a4-d531-4fa4-8d48-c13e2c94c5cf","dc_title":"Concept brief zienswijze aan GGD","dc_type":"bijlage","foi_fairiscoreVersions":{"v1":1,"v2":1},"foi_fileName":"brief%20aan%20GGD.pdf","foi_nrPages":1},{"dc_format":"application/pdf","dc_identifier":"nl.gm1954.2c.2019.2828923-8.doc.3","dc_source":"https://api1.ibabs.eu/publicdownload.aspx?site=Beekdaelen&id=90b18ce2-0591-45e8-8498-5561871748ff","dc_title":"2e Begrotingswijziging 2019 GGD Zuid Limburg - programma Veilig Thuis","dc_type":"bijlage","foi_fairiscoreVersions":{"v1":2,"v2":1},"foi_fileName":"GGD%202e%20begrotingswijziging%20GGD%20programma%20VT.pdf","foi_nrPages":11},{"dc_format":"application/pdf","dc_identifier":"nl.gm1954.2c.2019.2828923-8.doc.7","dc_source":"https://api1.ibabs.eu/publicdownload.aspx?site=Beekdaelen&id=dc887e82-4a2f-4fde-9784-1bc252f7b195","dc_title":"Bijlage opbrengsten 2020 JGZ 0-18","dc_type":"bijlage","foi_fairiscoreVersions":{"v1":1,"v2":1},"foi_fileName":"GGD%20begrotingsbedragen%20JGZ%200-18%20opbrengsten%202020%20JGZ%200.pdf","foi_nrPages":1},{"dc_format":"application/pdf","dc_identifier":"nl.gm1954.2c.2019.2828923-8.doc.8","dc_source":"https://api1.ibabs.eu/publicdownload.aspx?site=Beekdaelen&id=49a0541b-f2d7-478f-8e1f-4c8bd3fc326f","dc_title":"Berekening inwonerbijdrage 2020 programma GGD (excl. VT en Rijksvaccinatieprogramma)","dc_type":"bijlage","foi_fairiscoreVersions":{"v1":1,"v2":1},"foi_fileName":"GGD%20bijdrage%20gemeente%20begroting%202020%20programma%20GGD.pdf","foi_nrPages":1},{"dc_format":"application/pdf","dc_identifier":"nl.gm1954.2c.2019.2828923-8.doc.9","dc_source":"https://api1.ibabs.eu/publicdownload.aspx?site=Beekdaelen&id=035f473d-4bb0-4f3c-bf1f-cc482abdb9ef","dc_title":"Verdeling VT begroting 2020","dc_type":"bijlage","foi_fairiscoreVersions":{"v1":1,"v2":1},"foi_fileName":"GGD%20bijdrage%20VT%202020.pdf","foi_nrPages":1},{"dc_format":"application/pdf","dc_identifier":"nl.gm1954.2c.2019.2828923-8.doc.10","dc_source":"https://api1.ibabs.eu/publicdownload.aspx?site=Beekdaelen&id=3f32c0f8-2ef8-43a6-a9c7-c677271d14b5","dc_title":"Verdeling VT 2e begrotingswijziging 2019","dc_type":"bijlage","foi_fairiscoreVersions":{"v1":1,"v2":1},"foi_fileName":"GGD%20bijdrage%20VT2e%20begrotingswijziging.pdf","foi_nrPages":1},{"dc_format":"application/pdf","dc_identifier":"nl.gm1954.2c.2019.2828923-8.doc.11","dc_source":"https://api1.ibabs.eu/publicdownload.aspx?site=Beekdaelen&id=3c556c98-2a37-4627-a308-975399d4d1e2","dc_title":"Financi\u00eble paragrafen Begroting 2020 GGD ZL","dc_type":"bijlage","foi_fairiscoreVersions":{"v1":1,"v2":1},"foi_fileName":"GGD%20financiele%20paragrafen%20begroting%202020.pdf","foi_nrPages":14},{"dc_format":"application/pdf","dc_identifier":"nl.gm1954.2c.2019.2828923-8.doc.12","dc_source":"https://api1.ibabs.eu/publicdownload.aspx?site=Beekdaelen&id=1402d7af-0c46-463b-9bea-4e0eb6e6645d","dc_title":"Specificatie Bijdrage gemeenten 2020 per gemeente per onderdeel","dc_type":"bijlage","foi_fairiscoreVersions":{"v1":1,"v2":1},"foi_fileName":"GGD%20inwonerbijdrage%20programma%20GGD%202020%20per%20onderdeel.pdf","foi_nrPages":1},{"dc_format":"application/pdf","dc_identifier":"nl.gm1954.2c.2019.2828923-8.doc.15","dc_source":"https://api1.ibabs.eu/publicdownload.aspx?site=Beekdaelen&id=f5e7ed63-4773-4c09-9156-7a0c2a34286c","dc_title":"Jaardocument GGD Zuid Limburg 2018, maart 2019","dc_type":"bijlage","foi_fairiscoreVersions":{"v1":2,"v2":2},"foi_fileName":"GGD%20Jaardocument%20-%20jaarrekening%20GGD%20ZL%202018.pdf","foi_nrPages":50},{"dc_format":"application/pdf","dc_identifier":"nl.gm1954.2c.2019.2828923-8.doc.13","dc_source":"https://api1.ibabs.eu/publicdownload.aspx?site=Beekdaelen&id=cb0788f7-a738-4287-945c-433c400a112c","dc_title":"Memo Veilig Thuis Toelichting begroting 2020 GGD Zuid Limburg","dc_type":"bijlage","foi_fairiscoreVersions":{"v1":1,"v2":1},"foi_fileName":"GGD%20Memo%20Veilig%20Thuis%20begroting%202020.pdf","foi_nrPages":7},{"dc_format":"application/pdf","dc_identifier":"nl.gm1954.2c.2019.2828923-8.doc.4","dc_source":"https://api1.ibabs.eu/publicdownload.aspx?site=Beekdaelen&id=f82cfbf5-430a-4c37-8b38-53e019407d90","dc_title":"Meerjarenperspectief GGD Zuid Limburg 2020-2023","dc_type":"bijlage","foi_fairiscoreVersions":{"v1":1,"v2":1},"foi_fileName":"GGD%20notitie%20meerjarenperspectief%202020-2023.pdf","foi_nrPages":21},{"dc_format":"application/pdf","dc_identifier":"nl.gm1954.2c.2019.2828923-8.doc.5","dc_source":"https://api1.ibabs.eu/publicdownload.aspx?site=Beekdaelen&id=fac79521-a48f-4819-b9b2-ec4db5284c56","dc_title":"Paragraaf Verbonden Partijen - Sjabloon","dc_type":"bijlage","foi_fairiscoreVersions":{"v1":1,"v2":1},"foi_fileName":"GGD%20Sjabloon%20paragraaf%20verbonden%20partijen.pdf","foi_nrPages":2},{"dc_format":"application/pdf","dc_identifier":"nl.gm1954.2c.2019.2828923-8.doc.6","dc_source":"https://api1.ibabs.eu/publicdownload.aspx?site=Beekdaelen&id=475f7694-bc86-453e-8603-98ac0e4f097c","dc_title":"Begroting 2020 GGD Zuid Limburg - Een gezonde en veilige trend!","dc_type":"bijlage","foi_fairiscoreVersions":{"v1":2,"v2":1},"foi_fileName":"GGDZL_Begroting_2020_interactief.pdf","foi_nrPages":52},{"dc_format":"application/pdf","dc_identifier":"nl.gm1954.2c.2019.2828923-8.doc.14","dc_source":"https://api1.ibabs.eu/publicdownload.aspx?site=Beekdaelen&id=af5eeb0f-bcf2-413a-a27a-088d730016f9","dc_title":"Jaarverslag 2018 GGD Zuid Limburg - Verbinden in de praktijk","dc_type":"bijlage","foi_fairiscoreVersions":{"v1":2,"v2":1},"foi_fileName":"GGDZL%20Jaarverslag_2018_interactief.pdf","foi_nrPages":65},{"dc_format":"application/pdf","dc_identifier":"nl.gm1954.2c.2019.2828923-8.doc.20","dc_source":"https://api1.ibabs.eu/publicdownload.aspx?site=Beekdaelen&id=011b689b-979a-405f-ab80-7ce044bc0653","dc_title":"MvA vragen Beekdaelen Lokaal m.b.t. GGD","dc_type":"bijlage","foi_fairiscoreVersions":{"v1":1,"v2":1},"foi_fileName":"memorie%20van%20antwoord%20op%20vragen%20GGD%20door%20beekdaelen%20lokaal%20raadscommissie%2025%20juni.pdf","foi_nrPages":1},{"dc_format":"application/pdf","dc_identifier":"nl.gm1954.2c.2019.2828923-8.doc.19","dc_source":"https://api1.ibabs.eu/publicdownload.aspx?site=Beekdaelen&id=6c365833-5e06-4a30-bf1b-4f3c4d761f37","dc_title":"MvA vragen Vernieuwingsgroep m.b.t. GGD","dc_type":"bijlage","foi_fairiscoreVersions":{"v1":1,"v2":1},"foi_fileName":"memorie%20van%20antwoord%20op%20vragen%20GGD%20door%20vernieuwingsgroep%20raadscommissie%2025%20juni.pdf","foi_nrPages":1},{"dc_format":"application/pdf","dc_identifier":"nl.gm1954.2c.2019.2828923-8.doc.16","dc_source":"https://api1.ibabs.eu/publicdownload.aspx?site=Beekdaelen&id=0f8ec8c5-82b5-4da0-b94c-606cc15d5341","dc_title":"Overzicht fin. ontwikkelingen GR's in relatie tot MJR 2019-2022 Beekdaelen","dc_type":"bijlage","foi_fairiscoreVersions":{"v1":1,"v2":1},"foi_fileName":"Ontwikkelingen%20GR%27s%20Beekdaelen.pdf","foi_nrPages":3},{"dc_format":"application/pdf","dc_identifier":"nl.gm1954.2c.2019.2828923-8.doc.18","dc_source":"https://api1.ibabs.eu/publicdownload.aspx?site=Beekdaelen&id=e3e44706-7aba-412d-af86-61d8156d35f4","dc_title":"Vragen Vernieuwingsgroep incl. antwoorden mbt GGD","dc_type":"bijlage","foi_fairiscoreVersions":{"v1":1,"v2":1},"foi_fileName":"Vragen%20Vernieuwingsgroep%20incl.%20antwoorden%20mbt%20GGD.pdf","foi_nrPages":1}],"foi_nrDocuments":20,"foi_nrPagesInDossier":236,"foi_publishedDate":"2019-06-25","foi_retrievedDate":"2025-11-29"},{"dc_creator":"HandelingScraper_v1","dc_date_year":2019,"dc_description":"Vergadering van de Gemeente Beekdaelen op 2019-06-25. Onderdeel: Raadsvoorstel inzake kennisname financi\u00eble jaarstukken Rd4 en geen zienswijze indienen t.a.v. ontwerpbegroting 2020.","dc_identifier":"nl.gm1954.2c.2019.2828923-9","dc_publisher":"gm1954","dc_source":"https://beekdaelen.bestuurlijkeinformatie.nl/Agenda/Index/f79d5f3f-91c3-4a46-8b79-6e3160d8bd88","dc_title":"Raadscommissie (2019 t/m januari 2020) 2019-06-25 - Raadsvoorstel inzake kennisname financi\u00eble jaarstukken Rd4 en geen zienswijze indienen t.a.v. ontwerpbegroting 2020","dc_type":"2c","dc_type_description":"Vergaderstuk decentrale overheid","foi_fairiscoreVersions":{"v1":3,"v2":3},"foi_files":[{"dc_format":"application/pdf","dc_identifier":"nl.gm1954.2c.2019.2828923-9.doc.2","dc_source":"https://api1.ibabs.eu/publicdownload.aspx?site=Beekdaelen&id=9d3fefb3-1783-4014-adcd-300a9f6c34ab","dc_title":"Overzicht gem. bijdragen Beekdaelen aan de diverse Gemeenschappelijke Regelingen 2019 tm 2023","dc_type":"bijlage","foi_fairiscoreVersions":{"v1":1,"v2":1},"foi_fileName":"bijdragen%20gemeenschappelijke%20Regelingen%202019%20tm%202023.pdf","foi_nrPages":1},{"dc_format":"application/pdf","dc_identifier":"nl.gm1954.2c.2019.2828923-9.doc.3","dc_source":"https://api1.ibabs.eu/publicdownload.aspx?site=Beekdaelen&id=e15a1eb3-8b6e-43cb-a359-ae5abd16328e","dc_title":"Ontwerpbegroting 2020 Rd4","dc_type":"bijlage","foi_fairiscoreVersions":{"v1":5,"v2":5},"foi_fileName":"Ontwerpbegroting%202020%20Rd4.pdf","foi_nrPages":55},{"dc_format":"application/pdf","dc_identifier":"nl.gm1954.2c.2019.2828923-9.doc.1","dc_source":"https://api1.ibabs.eu/publicdownload.aspx?site=Beekdaelen&id=6813a4f0-3bf8-4dbf-a5e7-d863ae3ca47a","dc_title":"Concept raadsbesluit jaarstukken Rd4","dc_type":"bijlage","foi_fairiscoreVersions":{"v1":1,"v2":1},"foi_fileName":"Raadsbesluit%20jaarstukken%20Rd4.pdf","foi_nrPages":1}],"foi_nrDocuments":3,"foi_nrPagesInDossier":57,"foi_publishedDate":"2019-06-25","foi_retrievedDate":"2025-11-29"},{"dc_creator":"HandelingScraper_v1","dc_date_year":2019,"dc_description":"Vergadering van de Gemeente Beekdaelen op 2019-06-27. Onderdeel: Vaststellen agenda vergadering 27 juni 2019.","dc_identifier":"nl.gm1954.2c.2019.2829035-1","dc_publisher":"gm1954","dc_source":"https://beekdaelen.bestuurlijkeinformatie.nl/Agenda/Index/57dc3e56-e3ea-4772-aca5-76921a3a9556","dc_title":"BDN Commissie AWACS Limburg 2019-06-27 - Vaststellen agenda vergadering 27 juni 2019","dc_type":"2c","dc_type_description":"Vergaderstuk decentrale overheid","foi_fairiscoreVersions":{"v1":1,"v2":1},"foi_files":[{"dc_format":"application/pdf","dc_identifier":"nl.gm1954.2c.2019.2829035-1.doc.1","dc_source":"https://api1.ibabs.eu/publicdownload.aspx?site=Beekdaelen&id=6e3d6b8d-4298-4e6e-8a4e-f4d02dcc81e9","dc_title":"agenda.doc","dc_type":"bijlage","foi_fairiscoreVersions":{"v1":1,"v2":1},"foi_fileName":"agenda.pdf","foi_nrPages":1}],"foi_nrDocuments":1,"foi_nrPagesInDossier":1,"foi_publishedDate":"2019-06-27","foi_retrievedDate":"2025-11-29"},{"dc_creator":"HandelingScraper_v1","dc_date_year":2019,"dc_description":"Vergadering van de Gemeente Beekdaelen op 2019-06-27. Onderdeel: Vaststellen verslag vergadering 22 maart 2019.","dc_identifier":"nl.gm1954.2c.2019.2829035-2","dc_publisher":"gm1954","dc_source":"https://beekdaelen.bestuurlijkeinformatie.nl/Agenda/Index/57dc3e56-e3ea-4772-aca5-76921a3a9556","dc_title":"BDN Commissie AWACS Limburg 2019-06-27 - Vaststellen verslag vergadering 22 maart 2019","dc_type":"2c","dc_type_description":"Vergaderstuk decentrale overheid","foi_fairiscoreVersions":{"v1":1,"v2":1},"foi_files":[{"dc_format":"application/pdf","dc_identifier":"nl.gm1954.2c.2019.2829035-2.doc.1","dc_source":"https://api1.ibabs.eu/publicdownload.aspx?site=Beekdaelen&id=bdea627f-ccba-419d-8aec-c41a133e2902","dc_title":"verslag 19.03.22.docx","dc_type":"bijlage","foi_fairiscoreVersions":{"v1":1,"v2":1},"foi_fileName":"verslag%2019.03.22.pdf","foi_nrPages":5}],"foi_nrDocuments":1,"foi_nrPagesInDossier":5,"foi_publishedDate":"2019-06-27","foi_retrievedDate":"2026-03-05"},{"dc_creator":"HandelingScraper_v1","dc_date_year":2019,"dc_description":"Vergadering van de Gemeente Beekdaelen op 2019-06-27. Onderdeel: Actiepuntenlijst.","dc_identifier":"nl.gm1954.2c.2019.2829035-3","dc_publisher":"gm1954","dc_source":"https://beekdaelen.bestuurlijkeinformatie.nl/Agenda/Index/57dc3e56-e3ea-4772-aca5-76921a3a9556","dc_title":"BDN Commissie AWACS Limburg 2019-06-27 - Actiepuntenlijst","dc_type":"2c","dc_type_description":"Vergaderstuk decentrale overheid","foi_fairiscoreVersions":{"v1":1,"v2":1},"foi_files":[{"dc_format":"application/pdf","dc_identifier":"nl.gm1954.2c.2019.2829035-3.doc.1","dc_source":"https://api1.ibabs.eu/publicdownload.aspx?site=Beekdaelen&id=14932ec2-97cb-46ec-8c4f-e9e65d38c977","dc_title":"actiepuntenlijst CAL 19.03.22.docx","dc_type":"bijlage","foi_fairiscoreVersions":{"v1":1,"v2":1},"foi_fileName":"actiepuntenlijst%20CAL%2019.03.22.pdf","foi_nrPages":1}],"foi_nrDocuments":1,"foi_nrPagesInDossier":1,"foi_publishedDate":"2019-06-27","foi_retrievedDate":"2026-01-22"},{"dc_creator":"HandelingScraper_v1","dc_date_year":2019,"dc_description":"Vergadering van de Gemeente Beekdaelen op 2019-06-27. Onderdeel: Voorstel vervolg gezondheidsonderzoek piekbelasting geluid.","dc_identifier":"nl.gm1954.2c.2019.2829035-4","dc_publisher":"gm1954","dc_source":"https://beekdaelen.bestuurlijkeinformatie.nl/Agenda/Index/57dc3e56-e3ea-4772-aca5-76921a3a9556","dc_title":"BDN Commissie AWACS Limburg 2019-06-27 - Voorstel vervolg gezondheidsonderzoek piekbelasting geluid","dc_type":"2c","dc_type_description":"Vergaderstuk decentrale overheid","foi_fairiscoreVersions":{"v1":5,"v2":5},"foi_files":[{"dc_format":"application/pdf","dc_identifier":"nl.gm1954.2c.2019.2829035-4.doc.1","dc_source":"https://api1.ibabs.eu/publicdownload.aspx?site=Beekdaelen&id=711137b2-2f10-4e8a-89ae-f6f79c8337f4","dc_title":"CAL 19.06.27 vervolg gezondheidsonderzoek piekbelasting.pdf","dc_type":"bijlage","foi_fairiscoreVersions":{"v1":5,"v2":5},"foi_fileName":"CAL%2019.06.27%20vervolg%20gezondheidsonderzoek%20piekbelasting.pdf","foi_nrPages":1}],"foi_nrDocuments":1,"foi_nrPagesInDossier":1,"foi_publishedDate":"2019-06-27","foi_retrievedDate":"2026-02-12"},{"dc_creator":"HandelingScraper_v1","dc_date_year":2019,"dc_description":"Vergadering van de Gemeente Beekdaelen op 2019-06-27. Onderdeel: Klachtenrapportage eerste kwartaal 2019.","dc_identifier":"nl.gm1954.2c.2019.2829035-5","dc_publisher":"gm1954","dc_source":"https://beekdaelen.bestuurlijkeinformatie.nl/Agenda/Index/57dc3e56-e3ea-4772-aca5-76921a3a9556","dc_title":"BDN Commissie AWACS Limburg 2019-06-27 - Klachtenrapportage eerste kwartaal 2019","dc_type":"2c","dc_type_description":"Vergaderstuk decentrale overheid","foi_fairiscoreVersions":{"v1":1,"v2":1},"foi_files":[{"dc_format":"application/pdf","dc_identifier":"nl.gm1954.2c.2019.2829035-5.doc.1","dc_source":"https://api1.ibabs.eu/publicdownload.aspx?site=Beekdaelen&id=8bc8746e-b8a6-4589-82d9-6096a54d3f9e","dc_title":"klachten 2019-1eKW.doc","dc_type":"bijlage","foi_fairiscoreVersions":{"v1":1,"v2":1},"foi_fileName":"klachten%202019-1eKW.pdf","foi_nrPages":19}],"foi_nrDocuments":1,"foi_nrPagesInDossier":19,"foi_publishedDate":"2019-06-27","foi_retrievedDate":"2026-03-03"},{"dc_creator":"HandelingScraper_v1","dc_date_year":2019,"dc_description":"Vergadering van de Gemeente Beekdaelen op 2019-06-27. Onderdeel: Overzicht vliegbewegingen boven woonbebouwing Schinveld en Brunssum eerste kwartaal 2019.","dc_identifier":"nl.gm1954.2c.2019.2829035-6","dc_publisher":"gm1954","dc_source":"https://beekdaelen.bestuurlijkeinformatie.nl/Agenda/Index/57dc3e56-e3ea-4772-aca5-76921a3a9556","dc_title":"BDN Commissie AWACS Limburg 2019-06-27 - Overzicht vliegbewegingen boven woonbebouwing Schinveld en Brunssum eerste kwartaal 2019","dc_type":"2c","dc_type_description":"Vergaderstuk decentrale overheid","foi_fairiscoreVersions":{"v1":1,"v2":1},"foi_files":[{"dc_format":"application/pdf","dc_identifier":"nl.gm1954.2c.2019.2829035-6.doc.1","dc_source":"https://api1.ibabs.eu/publicdownload.aspx?site=Beekdaelen&id=e46a3ad9-9462-4e1c-b510-38fded7fce9d","dc_title":"trackoffenders 2019 1ekw.doc","dc_type":"bijlage","foi_fairiscoreVersions":{"v1":1,"v2":1},"foi_fileName":"trackoffenders%202019%201ekw.pdf","foi_nrPages":7}],"foi_nrDocuments":1,"foi_nrPagesInDossier":7,"foi_publishedDate":"2019-06-27","foi_retrievedDate":"2025-12-04"},{"dc_creator":"HandelingScraper_v1","dc_date_year":2019,"dc_description":"Vergadering van de Gemeente Beekdaelen op 2019-07-02. Onderdeel: Vaststelling van de agenda.","dc_identifier":"nl.gm1954.2c.2019.2829049-1","dc_publisher":"gm1954","dc_source":"https://beekdaelen.bestuurlijkeinformatie.nl/Agenda/Index/ee8db400-c44d-4af0-9f74-94fb0b03fe9f","dc_title":"Raadsvergadering 2019-07-02 - Vaststelling van de agenda","dc_type":"2c","dc_type_description":"Vergaderstuk decentrale overheid","foi_fairiscoreVersions":{"v1":1,"v2":1},"foi_files":[{"dc_format":"application/pdf","dc_identifier":"nl.gm1954.2c.2019.2829049-1.doc.1","dc_source":"https://api1.ibabs.eu/publicdownload.aspx?site=Beekdaelen&id=4dbcf2b2-dfce-4fe7-b6e9-82d00f1af12d","dc_title":"Vastgestelde agenda raadsvergadering 02-07-2019","dc_type":"bijlage","foi_fairiscoreVersions":{"v1":1,"v2":1},"foi_fileName":"Vastgestelde%20agenda%20raadsvergadering%2002-07-2019.pdf","foi_nrPages":2}],"foi_nrDocuments":1,"foi_nrPagesInDossier":2,"foi_publishedDate":"2019-07-02","foi_retrievedDate":"2026-02-11"},{"dc_creator":"HandelingScraper_v1","dc_date_year":2019,"dc_description":"Vergadering van de Gemeente Beekdaelen op 2019-07-02. Onderdeel: Voorstel van B&W inzake opheffen geheimhouding op aan de raad overlegde stukken in het dossier Bouwbergstraat te Schinveld.","dc_identifier":"nl.gm1954.2c.2019.2829049-10","dc_publisher":"gm1954","dc_source":"https://beekdaelen.bestuurlijkeinformatie.nl/Agenda/Index/ee8db400-c44d-4af0-9f74-94fb0b03fe9f","dc_title":"Raadsvergadering 2019-07-02 - Voorstel van B&W inzake opheffen geheimhouding op aan de raad overlegde stukken in het dossier Bouwbergstraat te Schinveld","dc_type":"2c","dc_type_description":"Vergaderstuk decentrale overheid","foi_fairiscoreVersions":{"v1":1,"v2":1},"foi_files":[{"dc_format":"application/pdf","dc_identifier":"nl.gm1954.2c.2019.2829049-10.doc.1","dc_source":"https://api1.ibabs.eu/publicdownload.aspx?site=Beekdaelen&id=03644f42-1f6d-4cfd-8c14-9ed2877d6f54","dc_title":"RV opheffen geheimhouding stukken Bouwbergstraat","dc_type":"bijlage","foi_fairiscoreVersions":{"v1":1,"v2":1},"foi_fileName":"13%20opheffen%20geheimhouding%20stukken%20Bouwbergstraat%20raadsvoorstel.pdf","foi_nrPages":2},{"dc_format":"application/pdf","dc_identifier":"nl.gm1954.2c.2019.2829049-10.doc.2","dc_source":"https://api1.ibabs.eu/publicdownload.aspx?site=Beekdaelen&id=76cdef00-358c-4504-b23c-7a9d8d603102","dc_title":"Raadsbesluit opheffen geheimhouding stukken Bouwbergstraat Schinveld vastgesteld 02072019","dc_type":"bijlage","foi_fairiscoreVersions":{"v1":1,"v2":1},"foi_fileName":"RB%20opheffen%20geheimhouding%20stukken%20Bouwbergstraat%20Schinveld%20versie%2001072019.pdf","foi_nrPages":1}],"foi_nrDocuments":2,"foi_nrPagesInDossier":3,"foi_publishedDate":"2019-07-02","foi_retrievedDate":"2026-02-12"},{"dc_creator":"HandelingScraper_v1","dc_date_year":2019,"dc_description":"Vergadering van de Gemeente Beekdaelen op 2019-07-02. Onderdeel: Voorstel van B&W inzake vaststellen van de verordeningen ex artikel 212, 213 en 213a en het inkoopbeleid Beekdaelen.","dc_identifier":"nl.gm1954.2c.2019.2829049-11","dc_publisher":"gm1954","dc_source":"https://beekdaelen.bestuurlijkeinformatie.nl/Agenda/Index/ee8db400-c44d-4af0-9f74-94fb0b03fe9f","dc_title":"Raadsvergadering 2019-07-02 - Voorstel van B&W inzake vaststellen van de verordeningen ex artikel 212, 213 en 213a en het inkoopbeleid Beekdaelen","dc_type":"2c","dc_type_description":"Vergaderstuk decentrale overheid","foi_fairiscoreVersions":{"v1":2,"v2":2},"foi_files":[{"dc_format":"application/pdf","dc_identifier":"nl.gm1954.2c.2019.2829049-11.doc.7","dc_source":"https://api1.ibabs.eu/publicdownload.aspx?site=Beekdaelen&id=19a97a92-9252-4b01-8992-1c23900473f7","dc_title":"Advies werkgroep Auditcie","dc_type":"bijlage","foi_fairiscoreVersions":{"v1":5,"v2":5},"foi_fileName":"advies%20werkgroep%20Auditcie.pdf","foi_nrPages":4},{"dc_format":"application/pdf","dc_identifier":"nl.gm1954.2c.2019.2829049-11.doc.6","dc_source":"https://api1.ibabs.eu/publicdownload.aspx?site=Beekdaelen&id=f50df9ca-2f97-49b3-b648-0232665bf494","dc_title":"Inkoopbeleid gemeente Beekdaelen","dc_type":"bijlage","foi_fairiscoreVersions":{"v1":5,"v2":5},"foi_fileName":"Inkoopbeleid%20gemeente%20Beekdaelen.pdf","foi_nrPages":16},{"dc_format":"application/pdf","dc_identifier":"nl.gm1954.2c.2019.2829049-11.doc.10","dc_source":"https://api1.ibabs.eu/publicdownload.aspx?site=Beekdaelen&id=29230f53-68fa-42be-96f5-b820c65acdfa","dc_title":"Voorvragen Inkoopbeleid incl. antwoorden","dc_type":"bijlage","foi_fairiscoreVersions":{"v1":1,"v2":1},"foi_fileName":"inkoopbeleid%20vragen%20vernieuwingsgroep.pdf","foi_nrPages":2},{"dc_format":"application/pdf","dc_identifier":"nl.gm1954.2c.2019.2829049-11.doc.9","dc_source":"https://api1.ibabs.eu/publicdownload.aspx?site=Beekdaelen&id=c371da67-fb20-4b7d-ae89-9506a4a09e19","dc_title":"Memorie van Antwoord op vragen Vernieuwingsgroep inzake Inkoopbeleid","dc_type":"bijlage","foi_fairiscoreVersions":{"v1":1,"v2":1},"foi_fileName":"Memorie%20van%20Antwoord%20VG%20Inkoop.pdf","foi_nrPages":2},{"dc_format":"application/pdf","dc_identifier":"nl.gm1954.2c.2019.2829049-11.doc.2","dc_source":"https://api1.ibabs.eu/publicdownload.aspx?site=Beekdaelen&id=da488f48-d2ae-4f5c-85c7-70c227c75f98","dc_title":"Raadsbesluit fin. verordeningen aangepast en vastgesteld 02072019","dc_type":"bijlage","foi_fairiscoreVersions":{"v1":1,"v2":1},"foi_fileName":"RB%20fin.%20verordeningen%20aangepast%20en%20vastgesteld.pdf","foi_nrPages":1},{"dc_format":"application/pdf","dc_identifier":"nl.gm1954.2c.2019.2829049-11.doc.1","dc_source":"https://api1.ibabs.eu/publicdownload.aspx?site=Beekdaelen&id=2fbfa893-6ae9-4be8-99fa-fe504897585a","dc_title":"Raadsvoorstel fin. verordeningen","dc_type":"bijlage","foi_fairiscoreVersions":{"v1":1,"v2":1},"foi_fileName":"RV%20fin.%20verordeningen%20versie%2001072019.pdf","foi_nrPages":3},{"dc_format":"application/pdf","dc_identifier":"nl.gm1954.2c.2019.2829049-11.doc.8","dc_source":"https://api1.ibabs.eu/publicdownload.aspx?site=Beekdaelen&id=a6dbc078-6f06-4941-8719-1c4b1f2e42fa","dc_title":"Vernieuwingsgroep voorvragen cie's 18 en 20 juni 2019","dc_type":"bijlage","foi_fairiscoreVersions":{"v1":1,"v2":1},"foi_fileName":"Vernieuwingsgroep%20vragen%20inkoopbeleid.pdf","foi_nrPages":7},{"dc_format":"application/pdf","dc_identifier":"nl.gm1954.2c.2019.2829049-11.doc.3","dc_source":"https://api1.ibabs.eu/publicdownload.aspx?site=Beekdaelen&id=f933113f-9b37-4db5-8093-5266dfb422e4","dc_title":"Verordening ex artikel 212 vastgesteld 02072019","dc_type":"bijlage","foi_fairiscoreVersions":{"v1":1,"v2":1},"foi_fileName":"Verordening%20ex%20artikel%20212%20versie%2001072019.pdf","foi_nrPages":13},{"dc_format":"application/pdf","dc_identifier":"nl.gm1954.2c.2019.2829049-11.doc.4","dc_source":"https://api1.ibabs.eu/publicdownload.aspx?site=Beekdaelen&id=20188bf8-a8cd-46b2-a167-608cfa8cac0c","dc_title":"Verordening ex artikel 213 vastgesteld 02072019","dc_type":"bijlage","foi_fairiscoreVersions":{"v1":1,"v2":1},"foi_fileName":"Verordening%20ex%20artikel%20213%20versie%2001072019.pdf","foi_nrPages":4},{"dc_format":"application/pdf","dc_identifier":"nl.gm1954.2c.2019.2829049-11.doc.5","dc_source":"https://api1.ibabs.eu/publicdownload.aspx?site=Beekdaelen&id=1590c030-35b0-4314-a798-a03b1b7b9ec4","dc_title":"Verordening ex artikel 213a vastgesteld 02072019","dc_type":"bijlage","foi_fairiscoreVersions":{"v1":1,"v2":1},"foi_fileName":"Verordening%20ex%20artikel%20213a%20versie%2001072019.pdf","foi_nrPages":2}],"foi_nrDocuments":10,"foi_nrPagesInDossier":54,"foi_publishedDate":"2019-07-02","foi_retrievedDate":"2025-12-01"},{"dc_creator":"HandelingScraper_v1","dc_date_year":2019,"dc_description":"Vergadering van de Gemeente Beekdaelen op 2019-07-02. Onderdeel: Raadsvoorstel benoemingen.","dc_identifier":"nl.gm1954.2c.2019.2829049-12","dc_publisher":"gm1954","dc_source":"https://beekdaelen.bestuurlijkeinformatie.nl/Agenda/Index/ee8db400-c44d-4af0-9f74-94fb0b03fe9f","dc_title":"Raadsvergadering 2019-07-02 - Raadsvoorstel benoemingen","dc_type":"2c","dc_type_description":"Vergaderstuk decentrale overheid","foi_fairiscoreVersions":{"v1":1,"v2":1},"foi_files":[{"dc_format":"application/pdf","dc_identifier":"nl.gm1954.2c.2019.2829049-12.doc.1","dc_source":"https://api1.ibabs.eu/publicdownload.aspx?site=Beekdaelen&id=7117c92f-ef48-445b-887e-5754e5d5d683","dc_title":"Raadsvoorstel benoemingen","dc_type":"bijlage","foi_fairiscoreVersions":{"v1":1,"v2":1},"foi_fileName":"Raadsvoorstel%20benoemingen.pdf","foi_nrPages":1},{"dc_format":"application/pdf","dc_identifier":"nl.gm1954.2c.2019.2829049-12.doc.2","dc_source":"https://api1.ibabs.eu/publicdownload.aspx?site=Beekdaelen&id=354a0323-9ce3-4c73-8045-42ce35e30b83","dc_title":"Raadsbesluit benoemingen vastgesteld 02072019","dc_type":"bijlage","foi_fairiscoreVersions":{"v1":1,"v2":1},"foi_fileName":"RB%20benoemingen%20vastgesteld%2002072019.pdf","foi_nrPages":1}],"foi_nrDocuments":2,"foi_nrPagesInDossier":2,"foi_publishedDate":"2019-07-02","foi_retrievedDate":"2026-03-02"},{"dc_creator":"HandelingScraper_v1","dc_date_year":2019,"dc_description":"Vergadering van de Gemeente Beekdaelen op 2019-07-02. Onderdeel: Raadsvoorstel rechtspositie griffiepersoneel.","dc_identifier":"nl.gm1954.2c.2019.2829049-13","dc_publisher":"gm1954","dc_source":"https://beekdaelen.bestuurlijkeinformatie.nl/Agenda/Index/ee8db400-c44d-4af0-9f74-94fb0b03fe9f","dc_title":"Raadsvergadering 2019-07-02 - Raadsvoorstel rechtspositie griffiepersoneel","dc_type":"2c","dc_type_description":"Vergaderstuk decentrale overheid","foi_fairiscoreVersions":{"v1":1,"v2":1},"foi_files":[{"dc_format":"application/pdf","dc_identifier":"nl.gm1954.2c.2019.2829049-13.doc.2","dc_source":"https://api1.ibabs.eu/publicdownload.aspx?site=Beekdaelen&id=273a4d62-9dc8-4dbe-abc1-2bee7ec89041","dc_title":"Raadsbesluit verordening rechtspositie griffiepersoneel vastgesteld 02072019","dc_type":"bijlage","foi_fairiscoreVersions":{"v1":1,"v2":1},"foi_fileName":"RB%20verordening%20rechtspositie%20griffiepersoneel%20vastgesteld%2002072019.pdf","foi_nrPages":2},{"dc_format":"application/pdf","dc_identifier":"nl.gm1954.2c.2019.2829049-13.doc.1","dc_source":"https://api1.ibabs.eu/publicdownload.aspx?site=Beekdaelen&id=c9ff0636-66ce-4994-a102-c883163d31a5","dc_title":"Raadsvoorstel rechtspositionele aspecten griffiepersoneel vastgesteld 02072019","dc_type":"bijlage","foi_fairiscoreVersions":{"v1":1,"v2":1},"foi_fileName":"RV%20rechtspositionele%20aspecten%20griffiepersoneel%20vastgesteld%2002072019.pdf","foi_nrPages":3}],"foi_nrDocuments":2,"foi_nrPagesInDossier":5,"foi_publishedDate":"2019-07-02","foi_retrievedDate":"2025-12-02"},{"dc_creator":"HandelingScraper_v1","dc_date_year":2019,"dc_description":"Vergadering van de Gemeente Beekdaelen op 2019-07-02. Onderdeel: Voorstel van B&W inzake vaststellen Startnotitie Mobiliteitsplan Beekdaelen.","dc_identifier":"nl.gm1954.2c.2019.2829049-14","dc_publisher":"gm1954","dc_source":"https://beekdaelen.bestuurlijkeinformatie.nl/Agenda/Index/ee8db400-c44d-4af0-9f74-94fb0b03fe9f","dc_title":"Raadsvergadering 2019-07-02 - Voorstel van B&W inzake vaststellen Startnotitie Mobiliteitsplan Beekdaelen","dc_type":"2c","dc_type_description":"Vergaderstuk decentrale overheid","foi_fairiscoreVersions":{"v1":1,"v2":1},"foi_files":[{"dc_format":"application/pdf","dc_identifier":"nl.gm1954.2c.2019.2829049-14.doc.1","dc_source":"https://api1.ibabs.eu/publicdownload.aspx?site=Beekdaelen&id=21bd0d51-0f8c-4f47-98fe-2e645ed7c1a0","dc_title":"Raadsvoorstel inzake vaststellen Startnotitie Mobiliteitsplan Beekdaelen","dc_type":"bijlage","foi_fairiscoreVersions":{"v1":1,"v2":1},"foi_fileName":"22%20raadsvoorstel%20Mobiliteitsplan.pdf","foi_nrPages":4},{"dc_format":"application/pdf","dc_identifier":"nl.gm1954.2c.2019.2829049-14.doc.3","dc_source":"https://api1.ibabs.eu/publicdownload.aspx?site=Beekdaelen&id=e761e3ee-c355-4f8b-8cbc-50cb4189f166","dc_title":"Startnotitie Mobiliteitsplan Beekdaelen - versie 1.1 - RWAA - definitief","dc_type":"bijlage","foi_fairiscoreVersions":{"v1":1,"v2":1},"foi_fileName":"22%20Startnotitie%20Mobiliteitsplan%20Beekdaelen-rwaa-definitief.pdf","foi_nrPages":4},{"dc_format":"application/pdf","dc_identifier":"nl.gm1954.2c.2019.2829049-14.doc.4","dc_source":"https://api1.ibabs.eu/publicdownload.aspx?site=Beekdaelen&id=4ae113ed-53a9-4350-b08f-f3ca1da6e7b9","dc_title":"CDA vragen mobiliteitsplan","dc_type":"bijlage","foi_fairiscoreVersions":{"v1":1,"v2":1},"foi_fileName":"CDA%20vragen%20mobiliteitsplan.pdf","foi_nrPages":5},{"dc_format":"application/pdf","dc_identifier":"nl.gm1954.2c.2019.2829049-14.doc.5","dc_source":"https://api1.ibabs.eu/publicdownload.aspx?site=Beekdaelen&id=d99910a9-c00b-47f3-8f3e-8c22cea29cf4","dc_title":"GroenLinks vragen mobiliteitsplan","dc_type":"bijlage","foi_fairiscoreVersions":{"v1":1,"v2":1},"foi_fileName":"GroenLinks%20vragen%20mobiliteitsplan.pdf","foi_nrPages":3},{"dc_format":"application/pdf","dc_identifier":"nl.gm1954.2c.2019.2829049-14.doc.6","dc_source":"https://api1.ibabs.eu/publicdownload.aspx?site=Beekdaelen&id=0bd23d02-bd0d-421d-8084-b40f498abcb3","dc_title":"MvA vragen CDA en GroenLinks inzake Startnotitie Mobiliteitsplan Beekdaelen","dc_type":"bijlage","foi_fairiscoreVersions":{"v1":1,"v2":1},"foi_fileName":"Memorie%20van%20antwoord%20CDA%20en%20GL%20startnotitie%20mobiliteitsplan%20Beekdaelen.pdf","foi_nrPages":1},{"dc_format":"application/pdf","dc_identifier":"nl.gm1954.2c.2019.2829049-14.doc.2","dc_source":"https://api1.ibabs.eu/publicdownload.aspx?site=Beekdaelen&id=1edaa5bd-8779-4245-a9f1-e4985325a168","dc_title":"Raadsbesluit Mobiliteitsplan vastgesteld 02072019","dc_type":"bijlage","foi_fairiscoreVersions":{"v1":1,"v2":1},"foi_fileName":"RB%20Mobiliteitsplan%20versie%2001072019.pdf","foi_nrPages":1}],"foi_nrDocuments":6,"foi_nrPagesInDossier":18,"foi_publishedDate":"2019-07-02","foi_retrievedDate":"2025-12-02"},{"dc_creator":"HandelingScraper_v1","dc_date_year":2019,"dc_description":"Vergadering van de Gemeente Beekdaelen op 2019-07-02. Onderdeel: Voorstel van B&W inzake kennisnemen van de eerste bestuursrapportage 2019 van de GR ISD BOL en t.a.v. deze 1e berap de zienswijze in te dienen dat ISD BOL alle mogelijke maatregelen dient te treffen om de bedrijfsvoeringkosten terug te dringen.","dc_identifier":"nl.gm1954.2c.2019.2829049-15","dc_publisher":"gm1954","dc_source":"https://beekdaelen.bestuurlijkeinformatie.nl/Agenda/Index/ee8db400-c44d-4af0-9f74-94fb0b03fe9f","dc_title":"Raadsvergadering 2019-07-02 - Voorstel van B&W inzake kennisnemen van de eerste bestuursrapportage 2019 van de GR ISD BOL en t.a.v. deze 1e berap de zienswijze in te dienen dat ISD BOL alle mogelijke maatregelen dient te treffen om de bedrijfsvoeringkosten terug te dringen","dc_type":"2c","dc_type_description":"Vergaderstuk decentrale overheid","foi_fairiscoreVersions":{"v1":2,"v2":2},"foi_files":[{"dc_format":"application/pdf","dc_identifier":"nl.gm1954.2c.2019.2829049-15.doc.1","dc_source":"https://api1.ibabs.eu/publicdownload.aspx?site=Beekdaelen&id=57a8ff06-b10e-4259-86af-cd30e11fc514","dc_title":"Raadsvoorstel inzake eerste Burap 2019 ISD BOL","dc_type":"bijlage","foi_fairiscoreVersions":{"v1":1,"v2":1},"foi_fileName":"09%20Rvs%20inzake%20eerste%20burap%202019%20ISD%20BOL.pdf","foi_nrPages":2},{"dc_format":"application/pdf","dc_identifier":"nl.gm1954.2c.2019.2829049-15.doc.4","dc_source":"https://api1.ibabs.eu/publicdownload.aspx?site=Beekdaelen&id=5aaa8437-ec94-41d2-bdd2-17657f3eabf8","dc_title":"Overzicht gem. bijdragen Beekdaelen aan de diverse Gemeenschappelijke Regelingen 2019 tm 2023","dc_type":"bijlage","foi_fairiscoreVersions":{"v1":1,"v2":1},"foi_fileName":"bijdragen%20gemeenschappelijke%20Regelingen%202019%20tm%202023.pdf","foi_nrPages":1},{"dc_format":"application/pdf","dc_identifier":"nl.gm1954.2c.2019.2829049-15.doc.3","dc_source":"https://api1.ibabs.eu/publicdownload.aspx?site=Beekdaelen&id=fa72e199-b530-42db-a4c1-37e969171bc4","dc_title":"Eerste bestuursrapportage ISD BOL 2019","dc_type":"bijlage","foi_fairiscoreVersions":{"v1":2,"v2":2},"foi_fileName":"Eerste%20bestuursrapportage%20ISD%20BOL%202019.pdf","foi_nrPages":34},{"dc_format":"application/pdf","dc_identifier":"nl.gm1954.2c.2019.2829049-15.doc.2","dc_source":"https://api1.ibabs.eu/publicdownload.aspx?site=Beekdaelen&id=634a6bbe-10b2-4b68-adb4-015703d8cebb","dc_title":"Raadsbesluit  Eerste Burap ISD BOL 2019 vastgesteld 02072019","dc_type":"bijlage","foi_fairiscoreVersions":{"v1":1,"v2":1},"foi_fileName":"RB%20Eerste%20Burap%20ISD%20BOL%202019%20vastgesteld%2002072019.pdf","foi_nrPages":1}],"foi_nrDocuments":4,"foi_nrPagesInDossier":38,"foi_publishedDate":"2019-07-02","foi_retrievedDate":"2026-03-03"},{"dc_creator":"HandelingScraper_v1","dc_date_year":2019,"dc_description":"Vergadering van de Gemeente Beekdaelen op 2019-07-02. Onderdeel: Voorstel van B&W inzake kennisnemen van de programmabegroting 2020-2023 ISD BOL en t.a.v. deze begroting de zienswijze in te dienen dat ISD BOL alle mogelijke maatregelen dient te treffen om de bedrijfsvoeringkosten terug te dringen.","dc_identifier":"nl.gm1954.2c.2019.2829049-16","dc_publisher":"gm1954","dc_source":"https://beekdaelen.bestuurlijkeinformatie.nl/Agenda/Index/ee8db400-c44d-4af0-9f74-94fb0b03fe9f","dc_title":"Raadsvergadering 2019-07-02 - Voorstel van B&W inzake kennisnemen van de programmabegroting 2020-2023 ISD BOL en t.a.v. deze begroting de zienswijze in te dienen dat ISD BOL alle mogelijke maatregelen dient te treffen om de bedrijfsvoeringkosten terug te dringen","dc_type":"2c","dc_type_description":"Vergaderstuk decentrale overheid","foi_fairiscoreVersions":{"v1":2,"v2":1},"foi_files":[{"dc_format":"application/pdf","dc_identifier":"nl.gm1954.2c.2019.2829049-16.doc.1","dc_source":"https://api1.ibabs.eu/publicdownload.aspx?site=Beekdaelen&id=acf8473d-63d1-4a59-bc6c-0ae2edcb3ecf","dc_title":"Raadsvoorstel inzake programmabegroting 2020-2023 ISD BOL","dc_type":"bijlage","foi_fairiscoreVersions":{"v1":1,"v2":1},"foi_fileName":"10%20Rvs%20inzake%20programmabegroting%20ISD%20BOL%202020-2023.pdf","foi_nrPages":3},{"dc_format":"application/pdf","dc_identifier":"nl.gm1954.2c.2019.2829049-16.doc.5","dc_source":"https://api1.ibabs.eu/publicdownload.aspx?site=Beekdaelen&id=fce27fc0-aab3-44c1-bbf9-f24ea04a1510","dc_title":"Overzicht gem. bijdragen Beekdaelen aan de diverse Gemeenschappelijke Regelingen 2019 tm 2023","dc_type":"bijlage","foi_fairiscoreVersions":{"v1":1,"v2":1},"foi_fileName":"bijdragen%20gemeenschappelijke%20Regelingen%202019%20tm%202023.pdf","foi_nrPages":1},{"dc_format":"application/pdf","dc_identifier":"nl.gm1954.2c.2019.2829049-16.doc.4","dc_source":"https://api1.ibabs.eu/publicdownload.aspx?site=Beekdaelen&id=36d83cda-2628-480a-bf3f-eefa3c0fdcce","dc_title":"CDA voorvragen cie's juni 2019","dc_type":"bijlage","foi_fairiscoreVersions":{"v1":1,"v2":1},"foi_fileName":"CDA%20vragen%20programmabegroting%20ISD%20BOL.pdf","foi_nrPages":2},{"dc_format":"application/pdf","dc_identifier":"nl.gm1954.2c.2019.2829049-16.doc.3","dc_source":"https://api1.ibabs.eu/publicdownload.aspx?site=Beekdaelen&id=80db1c7a-d7d5-40b7-b3fb-3d5f8b48c3da","dc_title":"ISD BOL programmabegroting 2020","dc_type":"bijlage","foi_fairiscoreVersions":{"v1":2,"v2":1},"foi_fileName":"ISD%20BOL%20begroting%202020.pdf","foi_nrPages":58},{"dc_format":"application/pdf","dc_identifier":"nl.gm1954.2c.2019.2829049-16.doc.6","dc_source":"https://api1.ibabs.eu/publicdownload.aspx?site=Beekdaelen&id=d4516040-f671-472b-b853-910d950a34c4","dc_title":"Memorie van antwoord op vragen van CDA en Beekdaelen Lokaal inzake Begroting 2020 ISD BOL","dc_type":"bijlage","foi_fairiscoreVersions":{"v1":1,"v2":1},"foi_fileName":"Memorie%20van%20antwoord%20cie%2025%20juni%202019_Begroting%202020%20ISD%20BOL.pdf","foi_nrPages":2},{"dc_format":"application/pdf","dc_identifier":"nl.gm1954.2c.2019.2829049-16.doc.2","dc_source":"https://api1.ibabs.eu/publicdownload.aspx?site=Beekdaelen&id=cf5784b4-5dee-4eda-aad9-a796a722dd95","dc_title":"Raadsbesluit Begroting ISD BOL 2020-2023 vastgesteld 02072019","dc_type":"bijlage","foi_fairiscoreVersions":{"v1":1,"v2":1},"foi_fileName":"RB%20Begroting%20ISD%20BOL%202020-2023%20vastgesteld%2002072019.pdf","foi_nrPages":1},{"dc_format":"application/pdf","dc_identifier":"nl.gm1954.2c.2019.2829049-16.doc.7","dc_source":"https://api1.ibabs.eu/publicdownload.aspx?site=Beekdaelen&id=9a985372-6b40-468f-a92e-94f0f9edbce9","dc_title":"Toegezegde schriftelijke beantwoording vragen tijdens commissievergadering 25 juni 2019","dc_type":"bijlage","foi_fairiscoreVersions":{"v1":1,"v2":1},"foi_fileName":"Toegezegde%20schriftelijke%20beantwoording%20vragen%20commissievergadering%2025%20juni%202019.pdf","foi_nrPages":1}],"foi_nrDocuments":7,"foi_nrPagesInDossier":68,"foi_publishedDate":"2019-07-02","foi_retrievedDate":"2026-03-04"},{"dc_creator":"HandelingScraper_v1","dc_date_year":2019,"dc_description":"Vergadering van de Gemeente Beekdaelen op 2019-07-02. Onderdeel: Voorstel van B&W inzake kennisnemen van het jaarverslag en jaarrekening 2018 ISD BOL en geen bezwaar in te dienen tegen deze jaarstukken.","dc_identifier":"nl.gm1954.2c.2019.2829049-17","dc_publisher":"gm1954","dc_source":"https://beekdaelen.bestuurlijkeinformatie.nl/Agenda/Index/ee8db400-c44d-4af0-9f74-94fb0b03fe9f","dc_title":"Raadsvergadering 2019-07-02 - Voorstel van B&W inzake kennisnemen van het jaarverslag en jaarrekening 2018 ISD BOL en geen bezwaar in te dienen tegen deze jaarstukken","dc_type":"2c","dc_type_description":"Vergaderstuk decentrale overheid","foi_fairiscoreVersions":{"v1":null,"v2":null},"foi_files":[{"dc_format":"application/pdf","dc_identifier":"nl.gm1954.2c.2019.2829049-17.doc.1","dc_source":"https://api1.ibabs.eu/publicdownload.aspx?site=Beekdaelen&id=d42ad1bd-5408-41a0-ad25-7e403ce66ba9","dc_title":"Raadsvoorstel inzake Jaarstukken ISD BOL 2018","dc_type":"bijlage","foi_fileName":"11%20Rvs%20inzake%20Jaarstukken%20ISD%20BOL%202018.pdf"},{"dc_format":"application/pdf","dc_identifier":"nl.gm1954.2c.2019.2829049-17.doc.7","dc_source":"https://api1.ibabs.eu/publicdownload.aspx?site=Beekdaelen&id=9bcd8dd2-974e-43f9-bf54-26de0397362f","dc_title":"Overzicht gem. bijdragen Beekdaelen aan de diverse Gemeenschappelijke Regelingen 2019 tm 2023","dc_type":"bijlage","foi_fileName":"bijdragen%20gemeenschappelijke%20Regelingen%202019%20tm%202023.pdf"},{"dc_format":"application/pdf","dc_identifier":"nl.gm1954.2c.2019.2829049-17.doc.5","dc_source":"https://api1.ibabs.eu/publicdownload.aspx?site=Beekdaelen&id=10d7dc2a-1dbb-4bd9-a7ee-4656088dc14e","dc_title":"CDA voorvragen cie's juni 2019","dc_type":"bijlage","foi_fileName":"CDA%20vragen%20jaarrekening%20ISD%20BOL.pdf"},{"dc_format":"application/pdf","dc_identifier":"nl.gm1954.2c.2019.2829049-17.doc.3","dc_source":"https://api1.ibabs.eu/publicdownload.aspx?site=Beekdaelen&id=e6db1c23-b866-4aee-a44f-edea7a4faba4","dc_title":"Jaarrekening ISD BOL 2018","dc_type":"bijlage","foi_fileName":"ISD%20BOL%20Jaarrekening%20ISD%20BOL%202018.pdf"},{"dc_format":"application/pdf","dc_identifier":"nl.gm1954.2c.2019.2829049-17.doc.4","dc_source":"https://api1.ibabs.eu/publicdownload.aspx?site=Beekdaelen&id=98e1fe42-c5cd-4509-9020-aadc677b4767","dc_title":"Jaarverslag ISD BOL 2018","dc_type":"bijlage","foi_fileName":"ISD%20BOL%20jaarverslag%202018%20ISD%20BOL.pdf"},{"dc_format":"application/pdf","dc_identifier":"nl.gm1954.2c.2019.2829049-17.doc.6","dc_source":"https://api1.ibabs.eu/publicdownload.aspx?site=Beekdaelen&id=94f554b4-76fe-4afd-9116-72bfb70031f1","dc_title":"MvA vragen CDA m.b.t. Jaarrekening 2018 ISD BOL","dc_type":"bijlage","foi_fileName":"Memorie%20van%20antwoord%20cie%2025%20juni%202019_Jaarsverslag%20en%20Jaarrekening%202018%20ISD%20BOL.pdf"},{"dc_format":"application/pdf","dc_identifier":"nl.gm1954.2c.2019.2829049-17.doc.2","dc_source":"https://api1.ibabs.eu/publicdownload.aspx?site=Beekdaelen&id=103c029e-d701-4e26-b62b-aa3049df580b","dc_title":"Raadsbesluit Jaarstukken ISD BOL 2018 vastgesteld 02072019","dc_type":"bijlage","foi_fileName":"RB%20Jaarstukken%20ISD%20BOL%202018%20vastgesteld%2002072019.pdf"}],"foi_nrDocuments":7,"foi_nrPagesInDossier":0,"foi_publishedDate":"2019-07-02","foi_retrievedDate":"2025-11-30"},{"dc_creator":"HandelingScraper_v1","dc_date_year":2019,"dc_description":"Vergadering van de Gemeente Beekdaelen op 2019-07-02. Onderdeel: Voorstel van B&W inzake vaststellen van de Verordening \"Zonnepanelenproject Beekdaelen\".","dc_identifier":"nl.gm1954.2c.2019.2829049-18","dc_publisher":"gm1954","dc_source":"https://beekdaelen.bestuurlijkeinformatie.nl/Agenda/Index/ee8db400-c44d-4af0-9f74-94fb0b03fe9f","dc_title":"Raadsvergadering 2019-07-02 - Voorstel van B&W inzake vaststellen van de Verordening \"Zonnepanelenproject Beekdaelen\"","dc_type":"2c","dc_type_description":"Vergaderstuk decentrale overheid","foi_fairiscoreVersions":{"v1":2,"v2":1},"foi_files":[{"dc_format":"application/pdf","dc_identifier":"nl.gm1954.2c.2019.2829049-18.doc.4","dc_source":"https://api1.ibabs.eu/publicdownload.aspx?site=Beekdaelen&id=4c4fc4b4-be9f-48dc-a53c-c442258c3b6a","dc_title":"Voorvragen Vernieuwingsgroep incl. antwoorden inzake zonnepanelenproject","dc_type":"bijlage","foi_fairiscoreVersions":{"v1":1,"v2":1},"foi_fileName":"Antwoord%20voorvragen%20VG%20inz%20zonnepanelen.pdf","foi_nrPages":1},{"dc_format":"application/pdf","dc_identifier":"nl.gm1954.2c.2019.2829049-18.doc.5","dc_source":"https://api1.ibabs.eu/publicdownload.aspx?site=Beekdaelen&id=7340ac08-f494-4a3a-84e0-aa246da58fae","dc_title":"CDA vraag inzake project zonnepanelen","dc_type":"bijlage","foi_fairiscoreVersions":{"v1":1,"v2":1},"foi_fileName":"CDA%20vragen%20zonnepanelen%20project.pdf","foi_nrPages":2},{"dc_format":"application/pdf","dc_identifier":"nl.gm1954.2c.2019.2829049-18.doc.6","dc_source":"https://api1.ibabs.eu/publicdownload.aspx?site=Beekdaelen&id=156c3bd6-595b-4c39-9428-52efdebbe6ce","dc_title":"CDA vragen inzake zonnepanelenproject commissie juni 2019","dc_type":"bijlage","foi_fairiscoreVersions":{"v1":1,"v2":1},"foi_fileName":"CDA%20vragen%20zonnepanelenproject%20Beekdaelen.pdf","foi_nrPages":5},{"dc_format":"application/pdf","dc_identifier":"nl.gm1954.2c.2019.2829049-18.doc.7","dc_source":"https://api1.ibabs.eu/publicdownload.aspx?site=Beekdaelen&id=55d8696a-b048-4921-8bc6-7054f2650209","dc_title":"GroenLinks vraag inzake  zonnepanelenproject","dc_type":"bijlage","foi_fairiscoreVersions":{"v1":1,"v2":1},"foi_fileName":"GroenLinks%20vragen%20zonnepanelenproject.pdf","foi_nrPages":3},{"dc_format":"application/pdf","dc_identifier":"nl.gm1954.2c.2019.2829049-18.doc.8","dc_source":"https://api1.ibabs.eu/publicdownload.aspx?site=Beekdaelen&id=bf8c4a77-2eb6-462f-9483-b47d300fb063","dc_title":"MvA vragen CDA en GroenLinksL inzake zonnepanelenproject Beekdaelen","dc_type":"bijlage","foi_fairiscoreVersions":{"v1":1,"v2":1},"foi_fileName":"Memorie%20van%20antwoord%20CDA%20en%20GL%20zonnepanelenproject%20Beekdaelen.pdf","foi_nrPages":2},{"dc_format":"application/pdf","dc_identifier":"nl.gm1954.2c.2019.2829049-18.doc.9","dc_source":"https://api1.ibabs.eu/publicdownload.aspx?site=Beekdaelen&id=97639116-9f92-45e8-824a-20fba93a27c7","dc_title":"Memorie van antwoord op vragen Beekdaelen Lokaal aangaande zonnepanelenproject","dc_type":"bijlage","foi_fairiscoreVersions":{"v1":1,"v2":1},"foi_fileName":"Memorie%20van%20antwoord%20vragen%20Beekdaelen%20Lokaal%20aangaande%20zonnepanelenproject.pdf","foi_nrPages":2},{"dc_format":"application/pdf","dc_identifier":"nl.gm1954.2c.2019.2829049-18.doc.1","dc_source":"https://api1.ibabs.eu/publicdownload.aspx?site=Beekdaelen&id=0a2a3e6b-5795-4c9f-a630-be6ab457332f","dc_title":"Raadsvoorstel Verordening Zonnepanelenproject Beekdaelen versie 29032019","dc_type":"bijlage","foi_fairiscoreVersions":{"v1":1,"v2":1},"foi_fileName":"Raadsvoorstel%20versie%2029032019.pdf","foi_nrPages":2},{"dc_format":"application/pdf","dc_identifier":"nl.gm1954.2c.2019.2829049-18.doc.2","dc_source":"https://api1.ibabs.eu/publicdownload.aspx?site=Beekdaelen&id=bba5119e-f5f5-4211-850f-08fceb788dff","dc_title":"Raadsbesluit Verordening Zonnepanelenproject Beekdaelen vastgesteld 02072019","dc_type":"bijlage","foi_fairiscoreVersions":{"v1":1,"v2":1},"foi_fileName":"RB%20verordening%20Zonnepanelenproject%20Beekdaelen.pdf","foi_nrPages":1},{"dc_format":"application/pdf","dc_identifier":"nl.gm1954.2c.2019.2829049-18.doc.3","dc_source":"https://api1.ibabs.eu/publicdownload.aspx?site=Beekdaelen&id=a2846285-508f-4fe6-b14c-12cc5132d060","dc_title":"Verordening duurzaamheidslening zonnepanelen gemeente Beekdaelen vastgesteld 02072019","dc_type":"bijlage","foi_fairiscoreVersions":{"v1":2,"v2":1},"foi_fileName":"Verordening%20duurzaamheidslening%20zonnepanelen%20gemeente%20Beekdaelen%20versie%2001072019.pdf","foi_nrPages":4}],"foi_nrDocuments":9,"foi_nrPagesInDossier":22,"foi_publishedDate":"2019-07-02","foi_retrievedDate":"2026-02-05"},{"dc_creator":"HandelingScraper_v1","dc_date_year":2019,"dc_description":"Vergadering van de Gemeente Beekdaelen op 2019-07-02. Onderdeel: Voorstel van B&W inzake vaststellen Beleidsregel tijdelijke versoepeling compensatiesystematiek van de Structuurvisie Wonen Zuid-Limburg en af te zien van het verlenen van inspraak.","dc_identifier":"nl.gm1954.2c.2019.2829049-19","dc_publisher":"gm1954","dc_source":"https://beekdaelen.bestuurlijkeinformatie.nl/Agenda/Index/ee8db400-c44d-4af0-9f74-94fb0b03fe9f","dc_title":"Raadsvergadering 2019-07-02 - Voorstel van B&W inzake vaststellen Beleidsregel tijdelijke versoepeling compensatiesystematiek van de Structuurvisie Wonen Zuid-Limburg en af te zien van het verlenen van inspraak","dc_type":"2c","dc_type_description":"Vergaderstuk decentrale overheid","foi_fairiscoreVersions":{"v1":1,"v2":1},"foi_files":[{"dc_format":"application/pdf","dc_identifier":"nl.gm1954.2c.2019.2829049-19.doc.3","dc_source":"https://api1.ibabs.eu/publicdownload.aspx?site=Beekdaelen&id=daadffbc-55e6-4729-abc0-cf3ee9870423","dc_title":"Bijlage Beleidsregel Tijdelijke versoepeling van de compensatiesystematiek","dc_type":"bijlage","foi_fairiscoreVersions":{"v1":1,"v2":1},"foi_fileName":"14%20Bijlage%20Beleidsregel%20Tijdelijke%20versoepeling%20van%20de%20compensatiesystematiek.pdf","foi_nrPages":3},{"dc_format":"application/pdf","dc_identifier":"nl.gm1954.2c.2019.2829049-19.doc.1","dc_source":"https://api1.ibabs.eu/publicdownload.aspx?site=Beekdaelen&id=2500ce1d-b05e-456d-aa78-bc424806f5a3","dc_title":"Raadsvoorstel vaststellen beleidsregel tijdelijke versoepeling comp.systematiek Structuurvisie Wonen Zuid-Limburg","dc_type":"bijlage","foi_fairiscoreVersions":{"v1":1,"v2":1},"foi_fileName":"14%20raadsvoorstel%20tijdelijke%20versoepeling.pdf","foi_nrPages":4},{"dc_format":"application/pdf","dc_identifier":"nl.gm1954.2c.2019.2829049-19.doc.4","dc_source":"https://api1.ibabs.eu/publicdownload.aspx?site=Beekdaelen&id=431e8e2c-4c88-42f8-a05d-0a0f9717d26c","dc_title":"CDA vragen versoepeling compensatiesystematiek Structuurvisie Wonen Zuid-Limburg","dc_type":"bijlage","foi_fairiscoreVersions":{"v1":1,"v2":1},"foi_fileName":"CDA%20vragen%20versoepeling%20compensatiesystematiek.pdf","foi_nrPages":5},{"dc_format":"application/pdf","dc_identifier":"nl.gm1954.2c.2019.2829049-19.doc.5","dc_source":"https://api1.ibabs.eu/publicdownload.aspx?site=Beekdaelen&id=b1d85798-5640-4ac8-ad77-5df8eb551054","dc_title":"GroenLinks vragen versoepeling compensatiesystematiek Structuurvisie Wonen Zuid-Limburg","dc_type":"bijlage","foi_fairiscoreVersions":{"v1":1,"v2":1},"foi_fileName":"GroenLinks%20vragen%20structuurvisie%20wonen.pdf","foi_nrPages":3},{"dc_format":"application/pdf","dc_identifier":"nl.gm1954.2c.2019.2829049-19.doc.6","dc_source":"https://api1.ibabs.eu/publicdownload.aspx?site=Beekdaelen&id=f4ebbddd-4d60-48ff-b513-64d13bd9443c","dc_title":"MvA CDA en GL beleidsregel tijdelijke versoepeling compensatiesystematiek Structuurvisie Wonen Zuid-Limburg","dc_type":"bijlage","foi_fairiscoreVersions":{"v1":1,"v2":1},"foi_fileName":"Memorie%20van%20antwoord%20CDA%20en%20GL%20beleidsregel%20tijdelijke%20versoepeling%20compensatiesystematiek%20structuurvisie%20wonen%20Zuid-Limburg.pdf","foi_nrPages":2},{"dc_format":"application/pdf","dc_identifier":"nl.gm1954.2c.2019.2829049-19.doc.2","dc_source":"https://api1.ibabs.eu/publicdownload.aspx?site=Beekdaelen&id=8db110ac-475f-4b76-a0a4-8c75d8863cff","dc_title":"Raadsbesluit beleidsregel tijdelijke versoepelingcompensatiesystematiek vastgesteld 02072019","dc_type":"bijlage","foi_fairiscoreVersions":{"v1":1,"v2":1},"foi_fileName":"RB%20beleidsregel%20tijdelijke%20versoepelingcompensatiesystematiek%20versie%2001072019.pdf","foi_nrPages":1}],"foi_nrDocuments":6,"foi_nrPagesInDossier":18,"foi_publishedDate":"2019-07-02","foi_retrievedDate":"2026-03-04"},{"dc_creator":"HandelingScraper_v1","dc_date_year":2019,"dc_description":"Vergadering van de Gemeente Beekdaelen op 2019-07-02. Onderdeel: Vaststellen besluitenlijsten openbare raadsvergaderingen d.d. 21 mei 2019 en 28 mei 2019.","dc_identifier":"nl.gm1954.2c.2019.2829049-2","dc_publisher":"gm1954","dc_source":"https://beekdaelen.bestuurlijkeinformatie.nl/Agenda/Index/ee8db400-c44d-4af0-9f74-94fb0b03fe9f","dc_title":"Raadsvergadering 2019-07-02 - Vaststellen besluitenlijsten openbare raadsvergaderingen d.d. 21 mei 2019 en 28 mei 2019","dc_type":"2c","dc_type_description":"Vergaderstuk decentrale overheid","foi_fairiscoreVersions":{"v1":1,"v2":1},"foi_files":[{"dc_format":"application/pdf","dc_identifier":"nl.gm1954.2c.2019.2829049-2.doc.1","dc_source":"https://api1.ibabs.eu/publicdownload.aspx?site=Beekdaelen&id=55f3c1f1-37cc-4fce-a31f-3ebd005b5a56","dc_title":"Besluitenlijst raadsvergadering 21 mei 2019 gewijzigd vastgesteld 02072019","dc_type":"bijlage","foi_fairiscoreVersions":{"v1":1,"v2":1},"foi_fileName":"Besluitenlijst%20raadsvergadering%2021%20mei%202019%20gewijzigd%20vastgesteld%2002072019.pdf","foi_nrPages":5},{"dc_format":"application/pdf","dc_identifier":"nl.gm1954.2c.2019.2829049-2.doc.2","dc_source":"https://api1.ibabs.eu/publicdownload.aspx?site=Beekdaelen&id=bf761490-cc6c-48cc-b9c5-1a80e3bd3bde","dc_title":"Besluitenlijst raadsvergadering 28 mei 2019 vastgesteld 02072019","dc_type":"bijlage","foi_fairiscoreVersions":{"v1":1,"v2":1},"foi_fileName":"Besluitenlijst%20raadsvergadering%2028%20mei%202019%20vastgesteld%2002072019.pdf","foi_nrPages":1}],"foi_nrDocuments":2,"foi_nrPagesInDossier":6,"foi_publishedDate":"2019-07-02","foi_retrievedDate":"2026-02-11"},{"dc_creator":"HandelingScraper_v1","dc_date_year":2019,"dc_description":"Vergadering van de Gemeente Beekdaelen op 2019-07-02. Onderdeel: Voorstel van B&W inzake kennisnemen van de jaarstukken 2018 WOZL en een positieve zienswijze over de begroting 2020 kenbaar maken.","dc_identifier":"nl.gm1954.2c.2019.2829049-20","dc_publisher":"gm1954","dc_source":"https://beekdaelen.bestuurlijkeinformatie.nl/Agenda/Index/ee8db400-c44d-4af0-9f74-94fb0b03fe9f","dc_title":"Raadsvergadering 2019-07-02 - Voorstel van B&W inzake kennisnemen van de jaarstukken 2018 WOZL en een positieve zienswijze over de begroting 2020 kenbaar maken","dc_type":"2c","dc_type_description":"Vergaderstuk decentrale overheid","foi_fairiscoreVersions":{"v1":1,"v2":1},"foi_files":[{"dc_format":"application/pdf","dc_identifier":"nl.gm1954.2c.2019.2829049-20.doc.5","dc_source":"https://api1.ibabs.eu/publicdownload.aspx?site=Beekdaelen&id=c7cc8f89-730b-4085-bbbc-f0dc737c0412","dc_title":"Vragen Beekdaelen Lokaal WOZL jaarverslag en begroting","dc_type":"bijlage","foi_fairiscoreVersions":{"v1":1,"v2":1},"foi_fileName":"20190607-vragen%20Beekdaelen%20Lokaal%20WOZL%20jaarverslag%20en%20begroting.pdf","foi_nrPages":1},{"dc_format":"application/pdf","dc_identifier":"nl.gm1954.2c.2019.2829049-20.doc.4","dc_source":"https://api1.ibabs.eu/publicdownload.aspx?site=Beekdaelen&id=24ce2aff-6c54-4c78-bebb-71a3d6439f79","dc_title":"Overzicht gem. bijdragen Beekdaelen aan de diverse Gemeenschappelijke Regelingen 2019 tm 2023","dc_type":"bijlage","foi_fairiscoreVersions":{"v1":1,"v2":1},"foi_fileName":"bijdragen%20gemeenschappelijke%20Regelingen%202019%20tm%202023.pdf","foi_nrPages":1},{"dc_format":"application/pdf","dc_identifier":"nl.gm1954.2c.2019.2829049-20.doc.6","dc_source":"https://api1.ibabs.eu/publicdownload.aspx?site=Beekdaelen&id=c8cef122-f527-4228-9847-1975c8ff5e6f","dc_title":"MvA vragen CDA en Beekdaelen Lokaal Begroting WOZL","dc_type":"bijlage","foi_fairiscoreVersions":{"v1":1,"v2":1},"foi_fileName":"Memorie%20van%20antwoord%20cie%2025%20juni%202019_Jaarstukken%202018%20en%20%20Begroting%202020%20WOZL.pdf","foi_nrPages":4},{"dc_format":"application/pdf","dc_identifier":"nl.gm1954.2c.2019.2829049-20.doc.3","dc_source":"https://api1.ibabs.eu/publicdownload.aspx?site=Beekdaelen&id=d16adcb5-c2af-495f-89d8-ddf869404cd1","dc_title":"Ontwikkelingen GR's Beekdaelen","dc_type":"bijlage","foi_fairiscoreVersions":{"v1":1,"v2":1},"foi_fileName":"Ontwikkelingen%20GR%27s%20Beekdaelen.pdf","foi_nrPages":3},{"dc_format":"application/pdf","dc_identifier":"nl.gm1954.2c.2019.2829049-20.doc.1","dc_source":"https://api1.ibabs.eu/publicdownload.aspx?site=Beekdaelen&id=46b719e9-74fe-46f4-a877-d73d9a1aa9e2","dc_title":"Raadsvoorstel Jaarstukken 2018 en Begroting 2020 WOZL","dc_type":"bijlage","foi_fairiscoreVersions":{"v1":1,"v2":1},"foi_fileName":"raadsvoorstel%20WOZL.pdf","foi_nrPages":3},{"dc_format":"application/pdf","dc_identifier":"nl.gm1954.2c.2019.2829049-20.doc.2","dc_source":"https://api1.ibabs.eu/publicdownload.aspx?site=Beekdaelen&id=0d45573a-8f5d-4c1e-89f1-7cace68bc45f","dc_title":"Raadsbesluit Jaarstukken WOZL 2018 en begroting WOZL 2020 vastgesteld 02072019","dc_type":"bijlage","foi_fairiscoreVersions":{"v1":1,"v2":1},"foi_fileName":"RB%20Jaarstukken%20WOZL%202018%20en%20begroting%20WOZL%202020%20versie%2001072019.pdf","foi_nrPages":1}],"foi_nrDocuments":6,"foi_nrPagesInDossier":13,"foi_publishedDate":"2019-07-02","foi_retrievedDate":"2026-03-07"},{"dc_creator":"HandelingScraper_v1","dc_date_year":2019,"dc_description":"Vergadering van de Gemeente Beekdaelen op 2019-07-02. Onderdeel: Voorstel van B&W inzake kennisnemen van de 2e begrotingswijziging GGD Zuid-Limburg, kennisnemen van de begroting 2020, kennisnemen van het meerjarenperspectief 2020-2023 en indienen van een zienswijze.","dc_identifier":"nl.gm1954.2c.2019.2829049-21","dc_publisher":"gm1954","dc_source":"https://beekdaelen.bestuurlijkeinformatie.nl/Agenda/Index/ee8db400-c44d-4af0-9f74-94fb0b03fe9f","dc_title":"Raadsvergadering 2019-07-02 - Voorstel van B&W inzake kennisnemen van de 2e begrotingswijziging GGD Zuid-Limburg, kennisnemen van de begroting 2020, kennisnemen van het meerjarenperspectief 2020-2023 en indienen van een zienswijze","dc_type":"2c","dc_type_description":"Vergaderstuk decentrale overheid","foi_fairiscoreVersions":{"v1":null,"v2":null},"foi_files":[{"dc_format":"application/pdf","dc_identifier":"nl.gm1954.2c.2019.2829049-21.doc.4","dc_source":"https://api1.ibabs.eu/publicdownload.aspx?site=Beekdaelen&id=8a6d694a-e7a4-490f-8c66-837a225a5cb5","dc_title":"Motie BL inzake GGD nieuw handelingsprotocol Veilig Thuis INGETROKKEN.pdf","dc_type":"bijlage","foi_fileName":"20190702%20Motie%20BL%20inzake%20GGD%20nieuw%20handelingsprotocol%20Veilig%20Thuis%20incl.%20stemuitslag%20INGETROKKEN.pdf"},{"dc_format":"application/pdf","dc_identifier":"nl.gm1954.2c.2019.2829049-21.doc.22","dc_source":"https://api1.ibabs.eu/publicdownload.aspx?site=Beekdaelen&id=cee0c830-27d7-415e-8e79-f349da43acf9","dc_title":"Antwoorden op vragen Vernieuwingsgroep met betrekking tot Sociaal Domein","dc_type":"bijlage","foi_fileName":"Antwoorden%20op%20vragen%20Vernieuwingsgroep%20met%20betrekking%20tot%20Sociaal%20Domein.pdf"},{"dc_format":"application/pdf","dc_identifier":"nl.gm1954.2c.2019.2829049-21.doc.24","dc_source":"https://api1.ibabs.eu/publicdownload.aspx?site=Beekdaelen&id=9b9fa1b2-cc98-4b46-81db-1e3e30959015","dc_title":"Beekdaelen Lokaal vragen GGD Veiligheidshuis","dc_type":"bijlage","foi_fileName":"Beekdaelen%20Lokaal%20vragen%20GGD.pdf"},{"dc_format":"application/pdf","dc_identifier":"nl.gm1954.2c.2019.2829049-21.doc.20","dc_source":"https://api1.ibabs.eu/publicdownload.aspx?site=Beekdaelen&id=449772ac-bfec-4b71-9588-6f5a7a642393","dc_title":"Overzicht gem. bijdragen Beekdaelen aan de diverse Gemeenschappelijke Regelingen 2019 tm 2023","dc_type":"bijlage","foi_fileName":"bijdragen%20gemeenschappelijke%20Regelingen%202019%20tm%202023.pdf"},{"dc_format":"application/pdf","dc_identifier":"nl.gm1954.2c.2019.2829049-21.doc.3","dc_source":"https://api1.ibabs.eu/publicdownload.aspx?site=Beekdaelen&id=ad03b7a4-d531-4fa4-8d48-c13e2c94c5cf","dc_title":"Concept brief zienswijze aan GGD","dc_type":"bijlage","foi_fileName":"brief%20aan%20GGD.pdf"},{"dc_format":"application/pdf","dc_identifier":"nl.gm1954.2c.2019.2829049-21.doc.5","dc_source":"https://api1.ibabs.eu/publicdownload.aspx?site=Beekdaelen&id=90b18ce2-0591-45e8-8498-5561871748ff","dc_title":"2e Begrotingswijziging 2019 GGD Zuid Limburg - programma Veilig Thuis","dc_type":"bijlage","foi_fileName":"GGD%202e%20begrotingswijziging%20GGD%20programma%20VT.pdf"},{"dc_format":"application/pdf","dc_identifier":"nl.gm1954.2c.2019.2829049-21.doc.9","dc_source":"https://api1.ibabs.eu/publicdownload.aspx?site=Beekdaelen&id=dc887e82-4a2f-4fde-9784-1bc252f7b195","dc_title":"Bijlage opbrengsten 2020 JGZ 0-18","dc_type":"bijlage","foi_fileName":"GGD%20begrotingsbedragen%20JGZ%200-18%20opbrengsten%202020%20JGZ%200.pdf"},{"dc_format":"application/pdf","dc_identifier":"nl.gm1954.2c.2019.2829049-21.doc.10","dc_source":"https://api1.ibabs.eu/publicdownload.aspx?site=Beekdaelen&id=49a0541b-f2d7-478f-8e1f-4c8bd3fc326f","dc_title":"Berekening inwonerbijdrage 2020 programma GGD (excl. VT en Rijksvaccinatieprogramma)","dc_type":"bijlage","foi_fileName":"GGD%20bijdrage%20gemeente%20begroting%202020%20programma%20GGD.pdf"},{"dc_format":"application/pdf","dc_identifier":"nl.gm1954.2c.2019.2829049-21.doc.11","dc_source":"https://api1.ibabs.eu/publicdownload.aspx?site=Beekdaelen&id=035f473d-4bb0-4f3c-bf1f-cc482abdb9ef","dc_title":"Verdeling VT begroting 2020","dc_type":"bijlage","foi_fileName":"GGD%20bijdrage%20VT%202020.pdf"},{"dc_format":"application/pdf","dc_identifier":"nl.gm1954.2c.2019.2829049-21.doc.12","dc_source":"https://api1.ibabs.eu/publicdownload.aspx?site=Beekdaelen&id=3f32c0f8-2ef8-43a6-a9c7-c677271d14b5","dc_title":"Verdeling VT 2e begrotingswijziging 2019","dc_type":"bijlage","foi_fileName":"GGD%20bijdrage%20VT2e%20begrotingswijziging.pdf"},{"dc_format":"application/pdf","dc_identifier":"nl.gm1954.2c.2019.2829049-21.doc.13","dc_source":"https://api1.ibabs.eu/publicdownload.aspx?site=Beekdaelen&id=3c556c98-2a37-4627-a308-975399d4d1e2","dc_title":"Financi\u00eble paragrafen Begroting 2020 GGD ZL","dc_type":"bijlage","foi_fileName":"GGD%20financiele%20paragrafen%20begroting%202020.pdf"},{"dc_format":"application/pdf","dc_identifier":"nl.gm1954.2c.2019.2829049-21.doc.14","dc_source":"https://api1.ibabs.eu/publicdownload.aspx?site=Beekdaelen&id=1402d7af-0c46-463b-9bea-4e0eb6e6645d","dc_title":"Specificatie Bijdrage gemeenten 2020 per gemeente per onderdeel","dc_type":"bijlage","foi_fileName":"GGD%20inwonerbijdrage%20programma%20GGD%202020%20per%20onderdeel.pdf"},{"dc_format":"application/pdf","dc_identifier":"nl.gm1954.2c.2019.2829049-21.doc.17","dc_source":"https://api1.ibabs.eu/publicdownload.aspx?site=Beekdaelen&id=f5e7ed63-4773-4c09-9156-7a0c2a34286c","dc_title":"Jaardocument GGD Zuid Limburg 2018, maart 2019","dc_type":"bijlage","foi_fileName":"GGD%20Jaardocument%20-%20jaarrekening%20GGD%20ZL%202018.pdf"},{"dc_format":"application/pdf","dc_identifier":"nl.gm1954.2c.2019.2829049-21.doc.15","dc_source":"https://api1.ibabs.eu/publicdownload.aspx?site=Beekdaelen&id=cb0788f7-a738-4287-945c-433c400a112c","dc_title":"Memo Veilig Thuis Toelichting begroting 2020 GGD Zuid Limburg","dc_type":"bijlage","foi_fileName":"GGD%20Memo%20Veilig%20Thuis%20begroting%202020.pdf"},{"dc_format":"application/pdf","dc_identifier":"nl.gm1954.2c.2019.2829049-21.doc.6","dc_source":"https://api1.ibabs.eu/publicdownload.aspx?site=Beekdaelen&id=f82cfbf5-430a-4c37-8b38-53e019407d90","dc_title":"Meerjarenperspectief GGD Zuid Limburg 2020-2023","dc_type":"bijlage","foi_fileName":"GGD%20notitie%20meerjarenperspectief%202020-2023.pdf"},{"dc_format":"application/pdf","dc_identifier":"nl.gm1954.2c.2019.2829049-21.doc.7","dc_source":"https://api1.ibabs.eu/publicdownload.aspx?site=Beekdaelen&id=fac79521-a48f-4819-b9b2-ec4db5284c56","dc_title":"Paragraaf Verbonden Partijen - Sjabloon","dc_type":"bijlage","foi_fileName":"GGD%20Sjabloon%20paragraaf%20verbonden%20partijen.pdf"},{"dc_format":"application/pdf","dc_identifier":"nl.gm1954.2c.2019.2829049-21.doc.18","dc_source":"https://api1.ibabs.eu/publicdownload.aspx?site=Beekdaelen&id=ce4b594f-b650-4fce-aed5-9e9b1922eee4","dc_title":"GGD verslag van bevindingen -accountantsverslag","dc_type":"bijlage","foi_fileName":"GGD%20verslag%20van%20bevindingen%20-accountantsverslag.pdf"},{"dc_format":"application/pdf","dc_identifier":"nl.gm1954.2c.2019.2829049-21.doc.8","dc_source":"https://api1.ibabs.eu/publicdownload.aspx?site=Beekdaelen&id=475f7694-bc86-453e-8603-98ac0e4f097c","dc_title":"Begroting 2020 GGD Zuid Limburg - Een gezonde en veilige trend!","dc_type":"bijlage","foi_fileName":"GGDZL_Begroting_2020_interactief.pdf"},{"dc_format":"application/pdf","dc_identifier":"nl.gm1954.2c.2019.2829049-21.doc.16","dc_source":"https://api1.ibabs.eu/publicdownload.aspx?site=Beekdaelen&id=af5eeb0f-bcf2-413a-a27a-088d730016f9","dc_title":"Jaarverslag 2018 GGD Zuid Limburg - Verbinden in de praktijk","dc_type":"bijlage","foi_fileName":"GGDZL%20Jaarverslag_2018_interactief.pdf"},{"dc_format":"application/pdf","dc_identifier":"nl.gm1954.2c.2019.2829049-21.doc.25","dc_source":"https://api1.ibabs.eu/publicdownload.aspx?site=Beekdaelen&id=011b689b-979a-405f-ab80-7ce044bc0653","dc_title":"MvA vragen Beekdaelen Lokaal m.b.t. GGD","dc_type":"bijlage","foi_fileName":"memorie%20van%20antwoord%20op%20vragen%20GGD%20door%20beekdaelen%20lokaal%20raadscommissie%2025%20juni.pdf"},{"dc_format":"application/pdf","dc_identifier":"nl.gm1954.2c.2019.2829049-21.doc.23","dc_source":"https://api1.ibabs.eu/publicdownload.aspx?site=Beekdaelen&id=6c365833-5e06-4a30-bf1b-4f3c4d761f37","dc_title":"MvA vragen Vernieuwingsgroep m.b.t. GGD","dc_type":"bijlage","foi_fileName":"memorie%20van%20antwoord%20op%20vragen%20GGD%20door%20vernieuwingsgroep%20raadscommissie%2025%20juni.pdf"},{"dc_format":"application/pdf","dc_identifier":"nl.gm1954.2c.2019.2829049-21.doc.19","dc_source":"https://api1.ibabs.eu/publicdownload.aspx?site=Beekdaelen&id=0f8ec8c5-82b5-4da0-b94c-606cc15d5341","dc_title":"Overzicht fin. ontwikkelingen GR's in relatie tot MJR 2019-2022 Beekdaelen","dc_type":"bijlage","foi_fileName":"Ontwikkelingen%20GR%27s%20Beekdaelen.pdf"},{"dc_format":"application/pdf","dc_identifier":"nl.gm1954.2c.2019.2829049-21.doc.2","dc_source":"https://api1.ibabs.eu/publicdownload.aspx?site=Beekdaelen&id=88763bcb-d596-4bb6-83a0-4b94b9a24d76","dc_title":"Raadsbesluit 2e begrotingswijziging 2019 begroting 2020 meerjatenperspectief 2020 2023 GGD Zuid Limburg","dc_type":"bijlage","foi_fileName":"RB%202e%20begrotingswijziging%202019%20begroting%202020%20meerjatenperspectief%202020%202023%20GGD%20Zuid%20Limburg.pdf"},{"dc_format":"application/pdf","dc_identifier":"nl.gm1954.2c.2019.2829049-21.doc.1","dc_source":"https://api1.ibabs.eu/publicdownload.aspx?site=Beekdaelen&id=92adfe23-5875-44d0-925a-902eba5e5bf8","dc_title":"Raadsvoorstel 2e begrotingswijziging 2019 begroting 2020 meerjarenperspectief 2020 2023 GGD Zuid-Limburg","dc_type":"bijlage","foi_fileName":"RV%20GGD%20ongetekende%20versie.pdf"},{"dc_format":"application/pdf","dc_identifier":"nl.gm1954.2c.2019.2829049-21.doc.21","dc_source":"https://api1.ibabs.eu/publicdownload.aspx?site=Beekdaelen&id=86e634ba-5acc-4dae-98dc-35917b940b56","dc_title":"Vernieuwingsgroep vragen cie's juni 2019","dc_type":"bijlage","foi_fileName":"Vernieuwingsgroep%20vragen%20GGD.pdf"}],"foi_nrDocuments":25,"foi_nrPagesInDossier":0,"foi_publishedDate":"2019-07-02","foi_retrievedDate":"2025-11-30"},{"dc_creator":"HandelingScraper_v1","dc_date_year":2019,"dc_description":"Vergadering van de Gemeente Beekdaelen op 2019-07-02. Onderdeel: Voorstel van B&W inzake het voor kennisgeving aannemen van de jaarrekening 2018 en ten aanzien van de begroting 2020 en de meerjarenbegroting 2021-2023 GR WSP een positieve zienswijze afgeven.","dc_identifier":"nl.gm1954.2c.2019.2829049-22","dc_publisher":"gm1954","dc_source":"https://beekdaelen.bestuurlijkeinformatie.nl/Agenda/Index/ee8db400-c44d-4af0-9f74-94fb0b03fe9f","dc_title":"Raadsvergadering 2019-07-02 - Voorstel van B&W inzake het voor kennisgeving aannemen van de jaarrekening 2018 en ten aanzien van de begroting 2020 en de meerjarenbegroting 2021-2023 GR WSP een positieve zienswijze afgeven","dc_type":"2c","dc_type_description":"Vergaderstuk decentrale overheid","foi_fairiscoreVersions":{"v1":2,"v2":2},"foi_files":[{"dc_format":"application/pdf","dc_identifier":"nl.gm1954.2c.2019.2829049-22.doc.5","dc_source":"https://api1.ibabs.eu/publicdownload.aspx?site=Beekdaelen&id=3b50d5f6-3c31-4e31-8be3-c97c37ffad6b","dc_title":"Overzicht gem. bijdragen Beekdaelen aan de diverse Gemeenschappelijke Regelingen 2019 tm 2023","dc_type":"bijlage","foi_fairiscoreVersions":{"v1":1,"v2":1},"foi_fileName":"bijdragen%20gemeenschappelijke%20Regelingen%202019%20tm%202023.pdf","foi_nrPages":1},{"dc_format":"application/pdf","dc_identifier":"nl.gm1954.2c.2019.2829049-22.doc.6","dc_source":"https://api1.ibabs.eu/publicdownload.aspx?site=Beekdaelen&id=e6448177-1929-4f11-af82-780b503718f9","dc_title":"CDA vragen begroting WSP","dc_type":"bijlage","foi_fairiscoreVersions":{"v1":1,"v2":1},"foi_fileName":"CDA%20vragen%20WSP.pdf","foi_nrPages":2},{"dc_format":"application/pdf","dc_identifier":"nl.gm1954.2c.2019.2829049-22.doc.7","dc_source":"https://api1.ibabs.eu/publicdownload.aspx?site=Beekdaelen&id=be4a56b0-2d8d-484a-b415-0ef3b4f0ee2a","dc_title":"MvA vragen CDA Begroting WSP","dc_type":"bijlage","foi_fairiscoreVersions":{"v1":1,"v2":1},"foi_fileName":"Memorie%20van%20antwoord%20cie%2025%20juni%202019_Jaarstukken%202018%20en%20%20Begroting%202020%20WSP.pdf","foi_nrPages":1},{"dc_format":"application/pdf","dc_identifier":"nl.gm1954.2c.2019.2829049-22.doc.4","dc_source":"https://api1.ibabs.eu/publicdownload.aspx?site=Beekdaelen&id=02a82476-f052-409a-9972-1a4ebfb930a6","dc_title":"Ontwikkelingen GR's Beekdaelen","dc_type":"bijlage","foi_fairiscoreVersions":{"v1":1,"v2":1},"foi_fileName":"Ontwikkelingen%20GR%27s%20Beekdaelen.pdf","foi_nrPages":3},{"dc_format":"application/pdf","dc_identifier":"nl.gm1954.2c.2019.2829049-22.doc.1","dc_source":"https://api1.ibabs.eu/publicdownload.aspx?site=Beekdaelen&id=80e5f570-d2d0-46d2-b568-76b72a2ff9c3","dc_title":"Raadsvoorstel Jaarstukken 2018, begroting 2020 en MJR 2021-2023 GR WSP","dc_type":"bijlage","foi_fairiscoreVersions":{"v1":2,"v2":2},"foi_fileName":"raadsbesluit%20WSP.pdf","foi_nrPages":8},{"dc_format":"application/pdf","dc_identifier":"nl.gm1954.2c.2019.2829049-22.doc.2","dc_source":"https://api1.ibabs.eu/publicdownload.aspx?site=Beekdaelen&id=0f595682-5a0f-49ba-9e4a-190ac38a69b4","dc_title":"Raadsbesluit Jaarstukken 2018 en Begroting 2020 WSP vastgesteld 02072019","dc_type":"bijlage","foi_fairiscoreVersions":{"v1":1,"v2":1},"foi_fileName":"RB%20Jaarstukken%202018%20en%20Begroting%202020%20WSP%20versie%2001072019.pdf","foi_nrPages":1},{"dc_format":"application/pdf","dc_identifier":"nl.gm1954.2c.2019.2829049-22.doc.3","dc_source":"https://api1.ibabs.eu/publicdownload.aspx?site=Beekdaelen&id=3dabe99b-ec15-4e25-be78-a750cca1304a","dc_title":"Begroting 2020 en MJR 2021-2023 GR WSP","dc_type":"bijlage","foi_fairiscoreVersions":{"v1":5,"v2":5},"foi_fileName":"WSP%20begroting%202020.pdf","foi_nrPages":37}],"foi_nrDocuments":7,"foi_nrPagesInDossier":53,"foi_publishedDate":"2019-07-02","foi_retrievedDate":"2026-03-05"},{"dc_creator":"HandelingScraper_v1","dc_date_year":2019,"dc_description":"Vergadering van de Gemeente Beekdaelen op 2019-07-02. Onderdeel: Raadsvoorstel delegatie WOB-verzoeken.","dc_identifier":"nl.gm1954.2c.2019.2829049-23","dc_publisher":"gm1954","dc_source":"https://beekdaelen.bestuurlijkeinformatie.nl/Agenda/Index/ee8db400-c44d-4af0-9f74-94fb0b03fe9f","dc_title":"Raadsvergadering 2019-07-02 - Raadsvoorstel delegatie WOB-verzoeken","dc_type":"2c","dc_type_description":"Vergaderstuk decentrale overheid","foi_fairiscoreVersions":{"v1":1,"v2":1},"foi_files":[{"dc_format":"application/pdf","dc_identifier":"nl.gm1954.2c.2019.2829049-23.doc.2","dc_source":"https://api1.ibabs.eu/publicdownload.aspx?site=Beekdaelen&id=c751b8ab-98af-48c9-bd87-70726d98353a","dc_title":"Raadsbesluit delegatie Wob-verzoeken vastgesteld 02072019","dc_type":"bijlage","foi_fairiscoreVersions":{"v1":1,"v2":1},"foi_fileName":"RB%20delegatie%20Wob-verzoeken.pdf","foi_nrPages":1},{"dc_format":"application/pdf","dc_identifier":"nl.gm1954.2c.2019.2829049-23.doc.1","dc_source":"https://api1.ibabs.eu/publicdownload.aspx?site=Beekdaelen&id=00336378-74f4-4627-b88c-1d8a8a93bcb8","dc_title":"Raadsvoorstel delegatie Wob-verzoeken","dc_type":"bijlage","foi_fairiscoreVersions":{"v1":1,"v2":1},"foi_fileName":"RV%20delegatie%20Wob-verzoeken.pdf","foi_nrPages":4}],"foi_nrDocuments":2,"foi_nrPagesInDossier":5,"foi_publishedDate":"2019-07-02","foi_retrievedDate":"2026-03-06"},{"dc_creator":"HandelingScraper_v1","dc_date_year":2019,"dc_description":"Vergadering van de Gemeente Beekdaelen op 2019-07-02. Onderdeel: Raadsvoorstel rekenkamercommissie.","dc_identifier":"nl.gm1954.2c.2019.2829049-24","dc_publisher":"gm1954","dc_source":"https://beekdaelen.bestuurlijkeinformatie.nl/Agenda/Index/ee8db400-c44d-4af0-9f74-94fb0b03fe9f","dc_title":"Raadsvergadering 2019-07-02 - Raadsvoorstel rekenkamercommissie","dc_type":"2c","dc_type_description":"Vergaderstuk decentrale overheid","foi_fairiscoreVersions":{"v1":1,"v2":1},"foi_files":[{"dc_format":"application/pdf","dc_identifier":"nl.gm1954.2c.2019.2829049-24.doc.2","dc_source":"https://api1.ibabs.eu/publicdownload.aspx?site=Beekdaelen&id=5cee7081-acfa-40f5-ad43-c42dfb38b9d9","dc_title":"Raadsbesluit Rekenkamercommissie vastgesteld 02072019","dc_type":"bijlage","foi_fairiscoreVersions":{"v1":1,"v2":1},"foi_fileName":"Rekenkamercommissie%20raadsbesluit%20concept.pdf","foi_nrPages":1},{"dc_format":"application/pdf","dc_identifier":"nl.gm1954.2c.2019.2829049-24.doc.1","dc_source":"https://api1.ibabs.eu/publicdownload.aspx?site=Beekdaelen&id=cb17a593-4fad-4fe5-80d4-5a225d274910","dc_title":"Raadsvoorstel Rekenkamercommissie","dc_type":"bijlage","foi_fairiscoreVersions":{"v1":1,"v2":1},"foi_fileName":"Rekenkamercommissie%20raadsvoorstel.pdf","foi_nrPages":2},{"dc_format":"application/pdf","dc_identifier":"nl.gm1954.2c.2019.2829049-24.doc.3","dc_source":"https://api1.ibabs.eu/publicdownload.aspx?site=Beekdaelen&id=75df2506-f93f-4be3-85c1-32b3b0ed2922","dc_title":"Verordening Rekenkamercommisie Beekdaelen 2019 vastgesteld 02072019","dc_type":"bijlage","foi_fairiscoreVersions":{"v1":1,"v2":1},"foi_fileName":"Verordening%20Rekenkamercommisie%20Beekdaelen%202019%20vastgesteld.pdf","foi_nrPages":5}],"foi_nrDocuments":3,"foi_nrPagesInDossier":8,"foi_publishedDate":"2019-07-02","foi_retrievedDate":"2026-03-02"},{"dc_creator":"HandelingScraper_v1","dc_date_year":2019,"dc_description":"Vergadering van de Gemeente Beekdaelen op 2019-07-02. Onderdeel: Raadsvoorstel addendum Kadernota.","dc_identifier":"nl.gm1954.2c.2019.2829049-26","dc_publisher":"gm1954","dc_source":"https://beekdaelen.bestuurlijkeinformatie.nl/Agenda/Index/ee8db400-c44d-4af0-9f74-94fb0b03fe9f","dc_title":"Raadsvergadering 2019-07-02 - Raadsvoorstel addendum Kadernota","dc_type":"2c","dc_type_description":"Vergaderstuk decentrale overheid","foi_fairiscoreVersions":{"v1":1,"v2":1},"foi_files":[{"dc_format":"application/pdf","dc_identifier":"nl.gm1954.2c.2019.2829049-26.doc.1","dc_source":"https://api1.ibabs.eu/publicdownload.aspx?site=Beekdaelen&id=121b1cc9-5b9d-4d40-9646-782539b42cd9","dc_title":"Raadsvoorstel addendum kadernota 2020","dc_type":"bijlage","foi_fairiscoreVersions":{"v1":1,"v2":1},"foi_fileName":"A.4.A%20Raadsvoorstel%20addendum%20kadernota%202020.pdf","foi_nrPages":2},{"dc_format":"application/pdf","dc_identifier":"nl.gm1954.2c.2019.2829049-26.doc.2","dc_source":"https://api1.ibabs.eu/publicdownload.aspx?site=Beekdaelen&id=48a15a58-4b72-4d95-becd-a9f958daf746","dc_title":"Bijlage 1 addendum kadernota 2020","dc_type":"bijlage","foi_fairiscoreVersions":{"v1":1,"v2":1},"foi_fileName":"A.4A%20Bijlage%201%20addendum%20kadernota%202020.pdf","foi_nrPages":3},{"dc_format":"application/pdf","dc_identifier":"nl.gm1954.2c.2019.2829049-26.doc.3","dc_source":"https://api1.ibabs.eu/publicdownload.aspx?site=Beekdaelen&id=26eb6c52-6b6b-4eb9-a891-f7ce90e21190","dc_title":"Bijlage 2 begrotingswijziging bij addendum kadernota 2020","dc_type":"bijlage","foi_fairiscoreVersions":{"v1":1,"v2":1},"foi_fileName":"A.4A%20Bijlage%202%20begrotingswijziging%20bij%20addendum%20kadernota%202020.pdf","foi_nrPages":2},{"dc_format":"application/pdf","dc_identifier":"nl.gm1954.2c.2019.2829049-26.doc.5","dc_source":"https://api1.ibabs.eu/publicdownload.aspx?site=Beekdaelen&id=5090e35c-9cad-4972-887c-9fbf1c59dea9","dc_title":"MvA vragen VVD inzake addendum Kadernota","dc_type":"bijlage","foi_fairiscoreVersions":{"v1":1,"v2":1},"foi_fileName":"MvA%20Kadernota%20VVD.pdf","foi_nrPages":2},{"dc_format":"application/pdf","dc_identifier":"nl.gm1954.2c.2019.2829049-26.doc.4","dc_source":"https://api1.ibabs.eu/publicdownload.aspx?site=Beekdaelen&id=922835ea-4f54-4a18-9fb2-555a78b92dbe","dc_title":"Voorvragen VVD cie's juni 2019 inzake Addendum Kadernota","dc_type":"bijlage","foi_fairiscoreVersions":{"v1":1,"v2":1},"foi_fileName":"Vragen%20VVD%20CIE-Agendapunt_A4A%20Addendum%20Kadernota.pdf","foi_nrPages":1}],"foi_nrDocuments":5,"foi_nrPagesInDossier":10,"foi_publishedDate":"2019-07-02","foi_retrievedDate":"2026-03-05"},{"dc_creator":"HandelingScraper_v1","dc_date_year":2019,"dc_description":"Vergadering van de Gemeente Beekdaelen op 2019-07-02. Onderdeel: Voorstel van B&W inzake vaststellen van de Verordening Paracommercie gemeente Beekdaelen 2019.","dc_identifier":"nl.gm1954.2c.2019.2829049-27","dc_publisher":"gm1954","dc_source":"https://beekdaelen.bestuurlijkeinformatie.nl/Agenda/Index/ee8db400-c44d-4af0-9f74-94fb0b03fe9f","dc_title":"Raadsvergadering 2019-07-02 - Voorstel van B&W inzake vaststellen van de Verordening Paracommercie gemeente Beekdaelen 2019","dc_type":"2c","dc_type_description":"Vergaderstuk decentrale overheid","foi_fairiscoreVersions":{"v1":2,"v2":2},"foi_files":[{"dc_format":"application/pdf","dc_identifier":"nl.gm1954.2c.2019.2829049-27.doc.2","dc_source":"https://api1.ibabs.eu/publicdownload.aspx?site=Beekdaelen&id=acef1ea9-77a8-49f6-9277-c16986ef7eb5","dc_title":"Amendement Verordening Paracommercie incl. stemuitslag AANGENOMEN","dc_type":"bijlage","foi_fairiscoreVersions":{"v1":1,"v2":1},"foi_fileName":"20190702%20Amendement%20Verordening%20Paracommercie%20incl.%20stemuitslag%20AANGENOMEN.pdf","foi_nrPages":2},{"dc_format":"application/pdf","dc_identifier":"nl.gm1954.2c.2019.2829049-27.doc.5","dc_source":"https://api1.ibabs.eu/publicdownload.aspx?site=Beekdaelen&id=2a70b52e-1057-4d3e-9ceb-92aae370bc58","dc_title":"Motie paracommercie incl. stemuitslag INGETROKKEN","dc_type":"bijlage","foi_fairiscoreVersions":{"v1":1,"v2":1},"foi_fileName":"20190702%20Motie%20paracommercie%20incl.%20stemuitslag%20INGETROKKEN.pdf","foi_nrPages":1},{"dc_format":"application/pdf","dc_identifier":"nl.gm1954.2c.2019.2829049-27.doc.13","dc_source":"https://api1.ibabs.eu/publicdownload.aspx?site=Beekdaelen&id=9b2b1039-d723-46ac-bdb0-b83a8adbe4d4","dc_title":"Aanvulling inspraak KHN Bons reactie verordening PC Beekdaelen (08-05-2019)","dc_type":"bijlage","foi_fairiscoreVersions":{"v1":1,"v2":1},"foi_fileName":"aanvulling%20inspraak%20reactie%20PC%20Beekdaelen.pdf","foi_nrPages":2},{"dc_format":"application/pdf","dc_identifier":"nl.gm1954.2c.2019.2829049-27.doc.15","dc_source":"https://api1.ibabs.eu/publicdownload.aspx?site=Beekdaelen&id=7c0eabb6-5481-4e9c-a3d5-4b43b24aec02","dc_title":"Ambtsbericht college dd 7 juni","dc_type":"bijlage","foi_fairiscoreVersions":{"v1":1,"v2":1},"foi_fileName":"Ambtsbericht%20college%20dd%207%20juni.pdf","foi_nrPages":2},{"dc_format":"application/pdf","dc_identifier":"nl.gm1954.2c.2019.2829049-27.doc.20","dc_source":"https://api1.ibabs.eu/publicdownload.aspx?site=Beekdaelen&id=32c741ca-6d74-43be-8eb2-6dc312d28703","dc_title":"Brief besturen gemeenschapshuizen verordening paracommercie (27-06-2019)","dc_type":"bijlage","foi_fairiscoreVersions":{"v1":5,"v2":5},"foi_fileName":"brief%20besturen%20gemeenschapshuizen%20verordening%20paracommercie.pdf","foi_nrPages":2},{"dc_format":"application/pdf","dc_identifier":"nl.gm1954.2c.2019.2829049-27.doc.6","dc_source":"https://api1.ibabs.eu/publicdownload.aspx?site=Beekdaelen&id=1a38f50d-fef7-48f3-b78b-94a93923015c","dc_title":"CDA vragen paracommercie","dc_type":"bijlage","foi_fairiscoreVersions":{"v1":1,"v2":1},"foi_fileName":"CDA%20vragen%20paracommercie.pdf","foi_nrPages":5},{"dc_format":"application/pdf","dc_identifier":"nl.gm1954.2c.2019.2829049-27.doc.12","dc_source":"https://api1.ibabs.eu/publicdownload.aspx?site=Beekdaelen&id=558846c4-fa74-4a4a-a326-ec0a4706bddf","dc_title":"Inspraak KHN Bons op PC verordening Beekdaelen mei 2019","dc_type":"bijlage","foi_fairiscoreVersions":{"v1":1,"v2":1},"foi_fileName":"Inspraak%20KHN%20Bons%20op%20PC%20verordening%20Beekdaelen%20mei%202019.pdf","foi_nrPages":3},{"dc_format":"application/pdf","dc_identifier":"nl.gm1954.2c.2019.2829049-27.doc.16","dc_source":"https://api1.ibabs.eu/publicdownload.aspx?site=Beekdaelen&id=23c03512-4907-4a9a-bdff-9d14f29fe297","dc_title":"Inspreektekst Arets cc FaSiLa para commercie tijdens cie. 20-06-2019","dc_type":"bijlage","foi_fairiscoreVersions":{"v1":1,"v2":1},"foi_fileName":"Inspreektekst%20Arets%20cc%20FaSiLa%20para%20commercie%20Juni%202019.pdf","foi_nrPages":3},{"dc_format":"application/pdf","dc_identifier":"nl.gm1954.2c.2019.2829049-27.doc.17","dc_source":"https://api1.ibabs.eu/publicdownload.aspx?site=Beekdaelen&id=9d125c83-f9fe-4865-91dd-5d341681ac5e","dc_title":"Inspreektekst Kuijpers gemeenschapshuis De Langeberg Hulsberg tijdens cie. 20-06-2019","dc_type":"bijlage","foi_fairiscoreVersions":{"v1":5,"v2":5},"foi_fileName":"Inspreektekst%20Kuijpers%20gemeenschapshuis%20De%20Langeberg%20Hulsberg.pdf","foi_nrPages":2},{"dc_format":"application/pdf","dc_identifier":"nl.gm1954.2c.2019.2829049-27.doc.18","dc_source":"https://api1.ibabs.eu/publicdownload.aspx?site=Beekdaelen&id=e8c94981-66f1-4ac7-ae8f-cf0a6e66bf19","dc_title":"Inspreektekst Van Oppen Hoeskamer Arensgenhout tijdens cie. 20-06-2019","dc_type":"bijlage","foi_fairiscoreVersions":{"v1":5,"v2":5},"foi_fileName":"Inspreektekst%20Van%20Oppen%20Hoeskamer%20Arensgenhout.pdf","foi_nrPages":2},{"dc_format":"application/pdf","dc_identifier":"nl.gm1954.2c.2019.2829049-27.doc.19","dc_source":"https://api1.ibabs.eu/publicdownload.aspx?site=Beekdaelen&id=fe55d195-e775-4fba-9f98-8b62e4235960","dc_title":"Reactie KHN Bons inzake verordening PC Beekdaelen (26-06-2020)","dc_type":"bijlage","foi_fairiscoreVersions":{"v1":1,"v2":1},"foi_fileName":"KHN%20Bons%20inzake%20raadsvergadering%202%20juli%20over%20PC%20verordening%20Beekdaelen.pdf","foi_nrPages":3},{"dc_format":"application/pdf","dc_identifier":"nl.gm1954.2c.2019.2829049-27.doc.7","dc_source":"https://api1.ibabs.eu/publicdownload.aspx?site=Beekdaelen&id=ad831c9f-97cf-4507-b98f-673b374e9488","dc_title":"MvA vragen CDA Verordening Paracommercie","dc_type":"bijlage","foi_fairiscoreVersions":{"v1":1,"v2":1},"foi_fileName":"Memorie%20van%20antwoord%20vragen%20CDA%20Verordening%20Paracommercie.pdf","foi_nrPages":2},{"dc_format":"application/pdf","dc_identifier":"nl.gm1954.2c.2019.2829049-27.doc.11","dc_source":"https://api1.ibabs.eu/publicdownload.aspx?site=Beekdaelen&id=fda84069-1ee3-474c-aabe-9b233f4c0b04","dc_title":"MvA vragen Vernieuwingsgroep tranche 2 inzake Verordening Paracommercie","dc_type":"bijlage","foi_fairiscoreVersions":{"v1":1,"v2":1},"foi_fileName":"Memorie%20van%20antwoord%20vragen%20Vernieuwingsgroep%20Verordening%20Paracommercie.pdf","foi_nrPages":2},{"dc_format":"application/pdf","dc_identifier":"nl.gm1954.2c.2019.2829049-27.doc.9","dc_source":"https://api1.ibabs.eu/publicdownload.aspx?site=Beekdaelen&id=9968e4ac-6147-475a-a5df-f49b3906ac20","dc_title":"MvA vragen Vernieuwingsgroep inzake Verordening Paracommercie","dc_type":"bijlage","foi_fairiscoreVersions":{"v1":1,"v2":1},"foi_fileName":"Memorie%20van%20antwoord%20vragen%20Vernieuwingsgroep%20Verordening%20Paracommercie%20%282%29.pdf","foi_nrPages":3},{"dc_format":"application/pdf","dc_identifier":"nl.gm1954.2c.2019.2829049-27.doc.3","dc_source":"https://api1.ibabs.eu/publicdownload.aspx?site=Beekdaelen&id=172b7219-5349-4344-9856-c130ae9c1bf2","dc_title":"Raadsbesluit verordening Paracommercie Beekdaelen 2019 vastgesteld 02072019","dc_type":"bijlage","foi_fairiscoreVersions":{"v1":1,"v2":1},"foi_fileName":"RB%20verordening%20Paracommercie%20Beekdaelen%202019%20vastgesteld%2002072019.pdf","foi_nrPages":1},{"dc_format":"application/pdf","dc_identifier":"nl.gm1954.2c.2019.2829049-27.doc.10","dc_source":"https://api1.ibabs.eu/publicdownload.aspx?site=Beekdaelen&id=6f0ce592-145d-434b-88b1-7f5606907b0d","dc_title":"Vernieuwingsgroep vragen  cie's juni 2019 tranche 2","dc_type":"bijlage","foi_fairiscoreVersions":{"v1":1,"v2":1},"foi_fileName":"Vernieuwingsgroep%20vragen%20paracommercie.pdf","foi_nrPages":2},{"dc_format":"application/pdf","dc_identifier":"nl.gm1954.2c.2019.2829049-27.doc.8","dc_source":"https://api1.ibabs.eu/publicdownload.aspx?site=Beekdaelen&id=a2182d4b-003a-4e26-afc5-7e4c9c7781d7","dc_title":"Vernieuwingsgroep vragen cie's juni 2019","dc_type":"bijlage","foi_fairiscoreVersions":{"v1":1,"v2":1},"foi_fileName":"Vernieuwingsgroep%20vragen%20paracommercie%202.pdf","foi_nrPages":7},{"dc_format":"application/pdf","dc_identifier":"nl.gm1954.2c.2019.2829049-27.doc.14","dc_source":"https://api1.ibabs.eu/publicdownload.aspx?site=Beekdaelen&id=df1a19ff-c6c5-4c39-9d97-6ebfca2ef5a3","dc_title":"Verordening op de paracommercie Venray 2014","dc_type":"bijlage","foi_fairiscoreVersions":{"v1":1,"v2":1},"foi_fileName":"Verordening%20op%20de%20paracommercie%20Venray%202014.pdf","foi_nrPages":5},{"dc_format":"application/pdf","dc_identifier":"nl.gm1954.2c.2019.2829049-27.doc.4","dc_source":"https://api1.ibabs.eu/publicdownload.aspx?site=Beekdaelen&id=92a47e83-f8cc-455a-b8cc-d0f1270c076a","dc_title":"Verordening Paracommercie Beekdaelen vastgesteld 2jul2019","dc_type":"bijlage","foi_fairiscoreVersions":{"v1":1,"v2":1},"foi_fileName":"Verordening%20Paracommercie%20Beekdaelen%20vastgesteld%202jul2019.pdf","foi_nrPages":3},{"dc_format":"application/pdf","dc_identifier":"nl.gm1954.2c.2019.2829049-27.doc.1","dc_source":"https://api1.ibabs.eu/publicdownload.aspx?site=Beekdaelen&id=4a3b3e9f-aede-479d-a681-d68cd190c80c","dc_title":"Raadsvoorstel verordening paracommercie","dc_type":"bijlage","foi_fairiscoreVersions":{"v1":1,"v2":1},"foi_fileName":"verordening%20paracommercie%20rv.pdf","foi_nrPages":2}],"foi_nrDocuments":20,"foi_nrPagesInDossier":54,"foi_publishedDate":"2019-07-02","foi_retrievedDate":"2025-11-30"},{"dc_creator":"HandelingScraper_v1","dc_date_year":2019,"dc_description":"Vergadering van de Gemeente Beekdaelen op 2019-07-02. Onderdeel: Vaststelling lijst ingekomen stukken.","dc_identifier":"nl.gm1954.2c.2019.2829049-3","dc_publisher":"gm1954","dc_source":"https://beekdaelen.bestuurlijkeinformatie.nl/Agenda/Index/ee8db400-c44d-4af0-9f74-94fb0b03fe9f","dc_title":"Raadsvergadering 2019-07-02 - Vaststelling lijst ingekomen stukken","dc_type":"2c","dc_type_description":"Vergaderstuk decentrale overheid","foi_fairiscoreVersions":{"v1":1,"v2":1},"foi_files":[{"dc_format":"application/pdf","dc_identifier":"nl.gm1954.2c.2019.2829049-3.doc.1","dc_source":"https://api1.ibabs.eu/publicdownload.aspx?site=Beekdaelen&id=95071ac5-9a8f-4803-bcc2-9c98f1843b7b","dc_title":"Lijst ingekomen stukken Raad periode 22mei19 - 1jul19  vastgesteld raad 02072019.pdf","dc_type":"bijlage","foi_fairiscoreVersions":{"v1":1,"v2":1},"foi_fileName":"Lijst%20ingekomen%20stukken%20Raad%20periode%2022mei19%20-%201jul19%20%20vastgesteld%20raad%2002072019.pdf","foi_nrPages":7}],"foi_nrDocuments":1,"foi_nrPagesInDossier":7,"foi_publishedDate":"2019-07-02","foi_retrievedDate":"2025-12-06"},{"dc_creator":"HandelingScraper_v1","dc_date_year":2019,"dc_description":"Vergadering van de Gemeente Beekdaelen op 2019-07-02. Onderdeel: Raadsvoorstel delegatie gunning accountant.","dc_identifier":"nl.gm1954.2c.2019.2829049-4","dc_publisher":"gm1954","dc_source":"https://beekdaelen.bestuurlijkeinformatie.nl/Agenda/Index/ee8db400-c44d-4af0-9f74-94fb0b03fe9f","dc_title":"Raadsvergadering 2019-07-02 - Raadsvoorstel delegatie gunning accountant","dc_type":"2c","dc_type_description":"Vergaderstuk decentrale overheid","foi_fairiscoreVersions":{"v1":2,"v2":1},"foi_files":[{"dc_format":"application/pdf","dc_identifier":"nl.gm1954.2c.2019.2829049-4.doc.4","dc_source":"https://api1.ibabs.eu/publicdownload.aspx?site=Beekdaelen&id=8890eb83-b10a-41e2-b48f-e47739318459","dc_title":"20170330-handleiding-accountantscontrole","dc_type":"bijlage","foi_fairiscoreVersions":{"v1":2,"v2":1},"foi_fileName":"20170330-handleiding-accountantscontrole.pdf","foi_nrPages":62},{"dc_format":"application/pdf","dc_identifier":"nl.gm1954.2c.2019.2829049-4.doc.3","dc_source":"https://api1.ibabs.eu/publicdownload.aspx?site=Beekdaelen&id=338047b5-8673-47d2-8581-1242dd92a889","dc_title":"Leidraad aanbesteding accountantsdiensten 2019 tm 2022 gemeente Beekdaelen","dc_type":"bijlage","foi_fairiscoreVersions":{"v1":2,"v2":1},"foi_fileName":"Leidraad%20aanbesteding%20accountantsdiensten%202019%20tm%202022%20gemeente%20Beekdaelen-1.pdf","foi_nrPages":47},{"dc_format":"application/pdf","dc_identifier":"nl.gm1954.2c.2019.2829049-4.doc.2","dc_source":"https://api1.ibabs.eu/publicdownload.aspx?site=Beekdaelen&id=da66b5da-9091-4bd5-85c9-33ce735e2935","dc_title":"Raadsbesluit delegatie gunning accountant vastgesteld 02072019","dc_type":"bijlage","foi_fairiscoreVersions":{"v1":1,"v2":1},"foi_fileName":"RB%20delegatie%20gunning%20accountant%20versie%2001072019.pdf","foi_nrPages":1},{"dc_format":"application/pdf","dc_identifier":"nl.gm1954.2c.2019.2829049-4.doc.1","dc_source":"https://api1.ibabs.eu/publicdownload.aspx?site=Beekdaelen&id=96aa2f4f-2ac8-4fae-8bf2-7fa7e15c7698","dc_title":"Raadsvoorstel delegatie gunning accountant","dc_type":"bijlage","foi_fairiscoreVersions":{"v1":1,"v2":1},"foi_fileName":"RV%20delegatie%20gunning%20accountant%20versie%2001072019.pdf","foi_nrPages":2}],"foi_nrDocuments":4,"foi_nrPagesInDossier":112,"foi_publishedDate":"2019-07-02","foi_retrievedDate":"2026-03-05"},{"dc_creator":"HandelingScraper_v1","dc_date_year":2019,"dc_description":"Vergadering van de Gemeente Beekdaelen op 2019-07-02. Onderdeel: Voorstel van B&W inzake wijzigen Verordening op het gemeentelijk decoratiestelsel in die zin dat de gemeentespeld ook kan worden toegekend aan personen die niet woonachtig zijn in de gemeente Beekdaelen.","dc_identifier":"nl.gm1954.2c.2019.2829049-5","dc_publisher":"gm1954","dc_source":"https://beekdaelen.bestuurlijkeinformatie.nl/Agenda/Index/ee8db400-c44d-4af0-9f74-94fb0b03fe9f","dc_title":"Raadsvergadering 2019-07-02 - Voorstel van B&W inzake wijzigen Verordening op het gemeentelijk decoratiestelsel in die zin dat de gemeentespeld ook kan worden toegekend aan personen die niet woonachtig zijn in de gemeente Beekdaelen","dc_type":"2c","dc_type_description":"Vergaderstuk decentrale overheid","foi_fairiscoreVersions":{"v1":1,"v2":1},"foi_files":[{"dc_format":"application/pdf","dc_identifier":"nl.gm1954.2c.2019.2829049-5.doc.1","dc_source":"https://api1.ibabs.eu/publicdownload.aspx?site=Beekdaelen&id=e75b8a32-902a-45ef-8159-11184e97c14d","dc_title":"Raadsvoorstel verordening decoratiestelsel","dc_type":"bijlage","foi_fairiscoreVersions":{"v1":1,"v2":1},"foi_fileName":"15%20verordening%20decoratiestelsel.rv.pdf","foi_nrPages":1},{"dc_format":"application/pdf","dc_identifier":"nl.gm1954.2c.2019.2829049-5.doc.2","dc_source":"https://api1.ibabs.eu/publicdownload.aspx?site=Beekdaelen&id=ab8092be-df83-452e-a0e1-a69f7489f87c","dc_title":"Raadsbesluit wijzigen Verordening gemeentelijk decoratiestelsel gemeente Beekdaelen vastgesteld 02072019","dc_type":"bijlage","foi_fairiscoreVersions":{"v1":1,"v2":1},"foi_fileName":"RB%20wijzigen%20Verordening%20gemeentelijk%20decoratiestelsel%20gemeente%20Beekdaelen%20vastgesteld%2002072019.pdf","foi_nrPages":1}],"foi_nrDocuments":2,"foi_nrPagesInDossier":2,"foi_publishedDate":"2019-07-02","foi_retrievedDate":"2026-03-02"},{"dc_creator":"HandelingScraper_v1","dc_date_year":2019,"dc_description":"Vergadering van de Gemeente Beekdaelen op 2019-07-02. Onderdeel: Voorstel van B&W inzake vaststellen beleidsplan Jeugd Zuid-Limburg 2019-2022.","dc_identifier":"nl.gm1954.2c.2019.2829049-6","dc_publisher":"gm1954","dc_source":"https://beekdaelen.bestuurlijkeinformatie.nl/Agenda/Index/ee8db400-c44d-4af0-9f74-94fb0b03fe9f","dc_title":"Raadsvergadering 2019-07-02 - Voorstel van B&W inzake vaststellen beleidsplan Jeugd Zuid-Limburg 2019-2022","dc_type":"2c","dc_type_description":"Vergaderstuk decentrale overheid","foi_fairiscoreVersions":{"v1":2,"v2":1},"foi_files":[{"dc_format":"application/pdf","dc_identifier":"nl.gm1954.2c.2019.2829049-6.doc.4","dc_source":"https://api1.ibabs.eu/publicdownload.aspx?site=Beekdaelen&id=b6fc3113-8a4e-4270-9bcb-3a9c80d16a5c","dc_title":"Advies interim adviesraad Beekdaelen DEF","dc_type":"bijlage","foi_fairiscoreVersions":{"v1":1,"v2":1},"foi_fileName":"Advies%20interim%20adviesraad%20Beekdaelen%20DEF..pdf","foi_nrPages":2},{"dc_format":"application/pdf","dc_identifier":"nl.gm1954.2c.2019.2829049-6.doc.5","dc_source":"https://api1.ibabs.eu/publicdownload.aspx?site=Beekdaelen&id=c1e78915-3eff-41c8-99c9-1f4b69963376","dc_title":"Beantwoorde technische vragen D66 commissievergadering 7 mei","dc_type":"bijlage","foi_fairiscoreVersions":{"v1":1,"v2":1},"foi_fileName":"Beantwoorde%20technische%20vragen%20D66%20commissievergadering%207%20mei.pdf","foi_nrPages":5},{"dc_format":"application/pdf","dc_identifier":"nl.gm1954.2c.2019.2829049-6.doc.3","dc_source":"https://api1.ibabs.eu/publicdownload.aspx?site=Beekdaelen&id=8fc110e5-13d4-4759-8443-5924aa8610e6","dc_title":"Beleidsplan Jeugdhulp Zuid-Limburg 2019-2022","dc_type":"bijlage","foi_fairiscoreVersions":{"v1":2,"v2":1},"foi_fileName":"Beleidsplan%20Jeugdhulp%20Zuid-Limburg%202019-2022.pdf","foi_nrPages":15},{"dc_format":"application/pdf","dc_identifier":"nl.gm1954.2c.2019.2829049-6.doc.9","dc_source":"https://api1.ibabs.eu/publicdownload.aspx?site=Beekdaelen&id=8a16b5b0-eb56-4404-ae5c-30c03e3a2c7e","dc_title":"Bijlage bij beleidskader Jeugd met aanvuling cijfers over 2018","dc_type":"bijlage","foi_fairiscoreVersions":{"v1":1,"v2":1},"foi_fileName":"bijlage%20bij%20beleidskader%20Jeugd%20met%20aanvuling%20cijfers%20over%202018.pdf","foi_nrPages":3},{"dc_format":"application/pdf","dc_identifier":"nl.gm1954.2c.2019.2829049-6.doc.7","dc_source":"https://api1.ibabs.eu/publicdownload.aspx?site=Beekdaelen&id=78264262-af2e-4a37-ac64-39a2587ef3af","dc_title":"GroenLinks vragen beleidsplan jeugd","dc_type":"bijlage","foi_fairiscoreVersions":{"v1":1,"v2":1},"foi_fileName":"GroenLinks%20vragen%20beleidsplan%20jeugd.pdf","foi_nrPages":3},{"dc_format":"application/pdf","dc_identifier":"nl.gm1954.2c.2019.2829049-6.doc.6","dc_source":"https://api1.ibabs.eu/publicdownload.aspx?site=Beekdaelen&id=9bf10332-57bb-4b7b-9d9c-fafd073faa91","dc_title":"Memorie van antwoord op vragen beleidsplan Jeugd van CDA raadscommissie 20 juni","dc_type":"bijlage","foi_fairiscoreVersions":{"v1":1,"v2":1},"foi_fileName":"memorie%20van%20antwoord%20op%20vragen%20beleidsplan%20Jeugd%20van%20CDA%20raadscommissie%2020%20juni.pdf","foi_nrPages":2},{"dc_format":"application/pdf","dc_identifier":"nl.gm1954.2c.2019.2829049-6.doc.8","dc_source":"https://api1.ibabs.eu/publicdownload.aspx?site=Beekdaelen&id=0b0a0374-1526-4ca9-ba2e-b34672182478","dc_title":"Memorie van antwoord op vragen beleidsplan Jeugd van Groen links raadscommissie 20 juni","dc_type":"bijlage","foi_fairiscoreVersions":{"v1":1,"v2":1},"foi_fileName":"memorie%20van%20antwoord%20op%20vragen%20beleidsplan%20Jeugd%20van%20Groen%20links%20raadscommissie%2020%20juni.pdf","foi_nrPages":4},{"dc_format":"application/pdf","dc_identifier":"nl.gm1954.2c.2019.2829049-6.doc.1","dc_source":"https://api1.ibabs.eu/publicdownload.aspx?site=Beekdaelen&id=9fbed7ab-3ac5-418a-a1ae-cb9d1ec8a9ec","dc_title":"Raadsvoorstel beleidsplan Jeugd","dc_type":"bijlage","foi_fairiscoreVersions":{"v1":1,"v2":1},"foi_fileName":"Raadsvoorstel%20beleidsplan%20Jeugd.pdf","foi_nrPages":3},{"dc_format":"application/pdf","dc_identifier":"nl.gm1954.2c.2019.2829049-6.doc.2","dc_source":"https://api1.ibabs.eu/publicdownload.aspx?site=Beekdaelen&id=c641f9bd-529e-49c8-a4c7-22ab6904ce77","dc_title":"Raadsbesluit beleidsplan Jeugdhulp 2019-2022 vastgesteld 02072019","dc_type":"bijlage","foi_fairiscoreVersions":{"v1":1,"v2":1},"foi_fileName":"RB%20beleidsplan%20Jeugdhulp%202019-2022%20versie%2001072019.pdf","foi_nrPages":1}],"foi_nrDocuments":9,"foi_nrPagesInDossier":38,"foi_publishedDate":"2019-07-02","foi_retrievedDate":"2026-01-22"},{"dc_creator":"HandelingScraper_v1","dc_date_year":2019,"dc_description":"Vergadering van de Gemeente Beekdaelen op 2019-07-02. Onderdeel: Voorstel van B&W inzake instellen van een regeling voor een Jongerenlintje.","dc_identifier":"nl.gm1954.2c.2019.2829049-7","dc_publisher":"gm1954","dc_source":"https://beekdaelen.bestuurlijkeinformatie.nl/Agenda/Index/ee8db400-c44d-4af0-9f74-94fb0b03fe9f","dc_title":"Raadsvergadering 2019-07-02 - Voorstel van B&W inzake instellen van een regeling voor een Jongerenlintje","dc_type":"2c","dc_type_description":"Vergaderstuk decentrale overheid","foi_fairiscoreVersions":{"v1":2,"v2":1},"foi_files":[{"dc_format":"application/pdf","dc_identifier":"nl.gm1954.2c.2019.2829049-7.doc.1","dc_source":"https://api1.ibabs.eu/publicdownload.aspx?site=Beekdaelen&id=7661135c-d847-4cc8-94aa-30567f9fd8fb","dc_title":"Raadsvoorstel jongerenlintje","dc_type":"bijlage","foi_fairiscoreVersions":{"v1":2,"v2":1},"foi_fileName":"16%20jongerenlintje%20raadsvoorstel.pdf","foi_nrPages":3},{"dc_format":"application/pdf","dc_identifier":"nl.gm1954.2c.2019.2829049-7.doc.2","dc_source":"https://api1.ibabs.eu/publicdownload.aspx?site=Beekdaelen&id=a7864a38-8141-4c82-8c74-07db305eeedf","dc_title":"Raadsbesluit vaststellen Regeling voor een Jongerenlintje vastgesteld 02072019","dc_type":"bijlage","foi_fairiscoreVersions":{"v1":1,"v2":1},"foi_fileName":"RB%20vaststellen%20Regeling%20voor%20een%20Jongerenlintje%20versie%2001072019.pdf","foi_nrPages":1},{"dc_format":"application/pdf","dc_identifier":"nl.gm1954.2c.2019.2829049-7.doc.3","dc_source":"https://api1.ibabs.eu/publicdownload.aspx?site=Beekdaelen&id=f66dd622-74cc-4702-b47c-dfb41a1f46f0","dc_title":"Verordening toekenning Jongerenlintje gemeente Beekdaelen","dc_type":"bijlage","foi_fairiscoreVersions":{"v1":1,"v2":1},"foi_fileName":"Verordening%20toekenning%20Jongerenlintje%20gemeente%20Beekdaelen.pdf","foi_nrPages":3}],"foi_nrDocuments":3,"foi_nrPagesInDossier":7,"foi_publishedDate":"2019-07-02","foi_retrievedDate":"2026-03-02"},{"dc_creator":"HandelingScraper_v1","dc_date_year":2019,"dc_description":"Vergadering van de Gemeente Beekdaelen op 2019-07-02. Onderdeel: Voorstel van B&W inzake vaststellen 1ste herziening Bomenverordening Beekdaelen 2019.","dc_identifier":"nl.gm1954.2c.2019.2829049-8","dc_publisher":"gm1954","dc_source":"https://beekdaelen.bestuurlijkeinformatie.nl/Agenda/Index/ee8db400-c44d-4af0-9f74-94fb0b03fe9f","dc_title":"Raadsvergadering 2019-07-02 - Voorstel van B&W inzake vaststellen 1ste herziening Bomenverordening Beekdaelen 2019","dc_type":"2c","dc_type_description":"Vergaderstuk decentrale overheid","foi_fairiscoreVersions":{"v1":1,"v2":1},"foi_files":[{"dc_format":"application/pdf","dc_identifier":"nl.gm1954.2c.2019.2829049-8.doc.9","dc_source":"https://api1.ibabs.eu/publicdownload.aspx?site=Beekdaelen&id=d7068ae0-cc71-4d10-8366-5b30a775a9f3","dc_title":"Memorie van antwoord - addendum bij vragen Beekdaelenm Lokaal 1e herziening bomenverordening Beekdaelen 2019","dc_type":"bijlage","foi_fairiscoreVersions":{"v1":1,"v2":1},"foi_fileName":"Addendum%20bij%20memorie%20van%20antwoord%201e%20herziening%20bomenverordening%20beekdaelen%202019.pdf","foi_nrPages":2},{"dc_format":"application/pdf","dc_identifier":"nl.gm1954.2c.2019.2829049-8.doc.7","dc_source":"https://api1.ibabs.eu/publicdownload.aspx?site=Beekdaelen&id=c0556d83-6856-4058-86b0-86bb900f930b","dc_title":"Antwoord vragen VG inz bomenverordening","dc_type":"bijlage","foi_fairiscoreVersions":{"v1":1,"v2":1},"foi_fileName":"Antwoord%20vragen%20VG%20inz%20bomenverordening.pdf","foi_nrPages":1},{"dc_format":"application/pdf","dc_identifier":"nl.gm1954.2c.2019.2829049-8.doc.3","dc_source":"https://api1.ibabs.eu/publicdownload.aspx?site=Beekdaelen&id=a8598476-278a-4eb9-8e2c-3571834cfbf0","dc_title":"Bomenverordening gemeente Beekdaelen 2019 - 1e herziening vastgesteld 02072019","dc_type":"bijlage","foi_fairiscoreVersions":{"v1":1,"v2":1},"foi_fileName":"Bomenverordening%20gemeente%20Beekdaelen%202019%20-%201e%20herziening%20versie%2001072019.pdf","foi_nrPages":4},{"dc_format":"application/pdf","dc_identifier":"nl.gm1954.2c.2019.2829049-8.doc.4","dc_source":"https://api1.ibabs.eu/publicdownload.aspx?site=Beekdaelen&id=761abd8e-7958-40df-a18b-8b3e71106007","dc_title":"CDA vragen 1e herziening Bomenverordening","dc_type":"bijlage","foi_fairiscoreVersions":{"v1":1,"v2":1},"foi_fileName":"CDA%20vragen%201e%20herziening%20Bomenverordening.pdf","foi_nrPages":5},{"dc_format":"application/pdf","dc_identifier":"nl.gm1954.2c.2019.2829049-8.doc.5","dc_source":"https://api1.ibabs.eu/publicdownload.aspx?site=Beekdaelen&id=63bf3a2c-3f7e-4796-8a85-a609ff81b092","dc_title":"Memorie van antwoord CDA en VG 1e herziening bomenverordening Beekdaelen 2019","dc_type":"bijlage","foi_fairiscoreVersions":{"v1":1,"v2":1},"foi_fileName":"Memorie%20van%20antwoord0%20CDA%20en%20VG%201e%20herziening%20bomenverordening%20Beekdaelen%202019.pdf","foi_nrPages":3},{"dc_format":"application/pdf","dc_identifier":"nl.gm1954.2c.2019.2829049-8.doc.2","dc_source":"https://api1.ibabs.eu/publicdownload.aspx?site=Beekdaelen&id=09c475d3-31cc-42e2-a093-f7b6adb084b2","dc_title":"Raadsbesluit 1e herziening bomenverordening Beekdaelen 2019 vastgesteld 02072019","dc_type":"bijlage","foi_fairiscoreVersions":{"v1":1,"v2":1},"foi_fileName":"RB%201e%20herziening%20bomenverordening%20Beekdaelen%202019%20versie%2001072019.pdf","foi_nrPages":1},{"dc_format":"application/pdf","dc_identifier":"nl.gm1954.2c.2019.2829049-8.doc.1","dc_source":"https://api1.ibabs.eu/publicdownload.aspx?site=Beekdaelen&id=f4c348ac-274a-47bc-843e-417f3baa6c30","dc_title":"Raadsvoorstel 1e herziening bomenverordening Beekdaelen 2019","dc_type":"bijlage","foi_fairiscoreVersions":{"v1":1,"v2":1},"foi_fileName":"RV%201e%20herziening%20bomenverordening%20Beekdaelen%202019%20versie%2001072019.pdf","foi_nrPages":2},{"dc_format":"application/pdf","dc_identifier":"nl.gm1954.2c.2019.2829049-8.doc.8","dc_source":"https://api1.ibabs.eu/publicdownload.aspx?site=Beekdaelen&id=dfe314ba-a6b6-4b59-9003-814270458fdd","dc_title":"Technische Vragen Beekdaelen Lokaal commissievergaderingen 18 & 20 juni 2019","dc_type":"bijlage","foi_fairiscoreVersions":{"v1":1,"v2":1},"foi_fileName":"Technische%20Vragen%20Beekdaelen%20Lokaal%20commissievergaderingen%2018%20%26%2020%20juni%202019.pdf","foi_nrPages":2},{"dc_format":"application/pdf","dc_identifier":"nl.gm1954.2c.2019.2829049-8.doc.6","dc_source":"https://api1.ibabs.eu/publicdownload.aspx?site=Beekdaelen&id=fcf486c8-f13c-456b-b75d-dd206ffb43f7","dc_title":"Vernieuwingsgroep vragen Bomenverordening","dc_type":"bijlage","foi_fairiscoreVersions":{"v1":1,"v2":1},"foi_fileName":"Vernieuwingsgroep%20vragen%20Bomenverordening.pdf","foi_nrPages":7}],"foi_nrDocuments":9,"foi_nrPagesInDossier":27,"foi_publishedDate":"2019-07-02","foi_retrievedDate":"2026-02-12"},{"dc_creator":"HandelingScraper_v1","dc_date_year":2019,"dc_description":"Vergadering van de Gemeente Beekdaelen op 2019-07-02. Onderdeel: Voorstel van B&W inzake vaststellen Procedureverordening voor advisering tegemoetkoming in planschade gemeente Beekdaelen 2019.","dc_identifier":"nl.gm1954.2c.2019.2829049-9","dc_publisher":"gm1954","dc_source":"https://beekdaelen.bestuurlijkeinformatie.nl/Agenda/Index/ee8db400-c44d-4af0-9f74-94fb0b03fe9f","dc_title":"Raadsvergadering 2019-07-02 - Voorstel van B&W inzake vaststellen Procedureverordening voor advisering tegemoetkoming in planschade gemeente Beekdaelen 2019","dc_type":"2c","dc_type_description":"Vergaderstuk decentrale overheid","foi_fairiscoreVersions":{"v1":1,"v2":1},"foi_files":[{"dc_format":"application/pdf","dc_identifier":"nl.gm1954.2c.2019.2829049-9.doc.3","dc_source":"https://api1.ibabs.eu/publicdownload.aspx?site=Beekdaelen&id=c0e4c157-bd94-4468-8fa9-8679ad6a0087","dc_title":"Procedureverordening planschade Beekdaelen 2019 vastgesteld 02072019","dc_type":"bijlage","foi_fairiscoreVersions":{"v1":1,"v2":1},"foi_fileName":"04%20Procedureverordening%20planschade%20Beekdaelen%202019.pdf","foi_nrPages":5},{"dc_format":"application/pdf","dc_identifier":"nl.gm1954.2c.2019.2829049-9.doc.1","dc_source":"https://api1.ibabs.eu/publicdownload.aspx?site=Beekdaelen&id=f7957683-0064-4ccb-85f3-9efc2fca4ee6","dc_title":"Raadsvoorstel inzake Procedureverordening planschade Beekdaelen 2019","dc_type":"bijlage","foi_fairiscoreVersions":{"v1":1,"v2":1},"foi_fileName":"04%20Rvs%20inzake%20Procedureverordening%20planschade%20Beekdaelen%202019.pdf","foi_nrPages":3},{"dc_format":"application/pdf","dc_identifier":"nl.gm1954.2c.2019.2829049-9.doc.2","dc_source":"https://api1.ibabs.eu/publicdownload.aspx?site=Beekdaelen&id=1ef4250e-bc03-4ee4-a492-f5f97d893cdf","dc_title":"Raadsbesluit Procedureverordening planschade Beekdaelen 2019 vastgesteld 02072019","dc_type":"bijlage","foi_fairiscoreVersions":{"v1":1,"v2":1},"foi_fileName":"RB%20Procedureverordening%20planschade%20Beekdaelen%202019%20vastgesteld%2002072019.pdf","foi_nrPages":1}],"foi_nrDocuments":3,"foi_nrPagesInDossier":9,"foi_publishedDate":"2019-07-02","foi_retrievedDate":"2026-01-22"},{"dc_creator":"HandelingScraper_v1","dc_date_year":2019,"dc_description":"Vergadering van de Gemeente Beekdaelen op 2019-07-04. Onderdeel: Vaststelling van de agenda.","dc_identifier":"nl.gm1954.2c.2019.2829158-1","dc_publisher":"gm1954","dc_source":"https://beekdaelen.bestuurlijkeinformatie.nl/Agenda/Index/cc015fea-b965-4fa1-b89e-e8db45ca982b","dc_title":"Raadsvergadering 2019-07-04 - Vaststelling van de agenda","dc_type":"2c","dc_type_description":"Vergaderstuk decentrale overheid","foi_fairiscoreVersions":{"v1":1,"v2":1},"foi_files":[{"dc_format":"application/pdf","dc_identifier":"nl.gm1954.2c.2019.2829158-1.doc.1","dc_source":"https://api1.ibabs.eu/publicdownload.aspx?site=Beekdaelen&id=3227765d-b789-4134-a73c-541f3387ca8a","dc_title":"Vastgestelde agenda raadsvergadering 04072019","dc_type":"bijlage","foi_fairiscoreVersions":{"v1":1,"v2":1},"foi_fileName":"Vastgestelde%20agenda%20raadsvergadering%2004072019.pdf","foi_nrPages":1}],"foi_nrDocuments":1,"foi_nrPagesInDossier":1,"foi_publishedDate":"2019-07-04","foi_retrievedDate":"2026-03-07"},{"dc_creator":"HandelingScraper_v1","dc_date_year":2019,"dc_description":"Vergadering van de Gemeente Beekdaelen op 2019-07-04. Onderdeel: Voorstel van B&W inzake  Jaarstukken 2018 van de voormalige gemeenten Nuth, Onderbanken en Schinnen.","dc_identifier":"nl.gm1954.2c.2019.2829158-10","dc_publisher":"gm1954","dc_source":"https://beekdaelen.bestuurlijkeinformatie.nl/Agenda/Index/cc015fea-b965-4fa1-b89e-e8db45ca982b","dc_title":"Raadsvergadering 2019-07-04 - Voorstel van B&W inzake  Jaarstukken 2018 van de voormalige gemeenten Nuth, Onderbanken en Schinnen","dc_type":"2c","dc_type_description":"Vergaderstuk decentrale overheid","foi_fairiscoreVersions":{"v1":null,"v2":null},"foi_files":[{"dc_format":"application/pdf","dc_identifier":"nl.gm1954.2c.2019.2829158-10.doc.6","dc_source":"https://api1.ibabs.eu/publicdownload.aspx?site=Beekdaelen&id=a73774a8-3ce5-4a3f-a961-ec4863e1c38e","dc_title":"Jaarrekening gemeente Schinnen 2018 - gewijzigd","dc_type":"bijlage","foi_fileName":"04%20Jaarrekening%20gemeente%20Schinnen%202018%20-%20gewijzigd.pdf"},{"dc_format":"application/pdf","dc_identifier":"nl.gm1954.2c.2019.2829158-10.doc.9","dc_source":"https://api1.ibabs.eu/publicdownload.aspx?site=Beekdaelen&id=7b28fe4c-ac04-46e7-a422-c81e31678b4f","dc_title":"Controleverklaring over de jaarstukken opgenomen in jaarrekening 2018  Gemeente Schinnen w.g..pdf","dc_type":"bijlage","foi_fileName":"2018%20-%20Controleverklaring%20gemeente%20Schinnen%20d.d.%2001.07.2019%20-%20%28w.g.%29.pdf"},{"dc_format":"application/pdf","dc_identifier":"nl.gm1954.2c.2019.2829158-10.doc.8","dc_source":"https://api1.ibabs.eu/publicdownload.aspx?site=Beekdaelen&id=364d7390-05da-42e7-b392-3638fa79901f","dc_title":"Controleverklaring over de jaarstukken opgenomen in jaarrekening 2018 Gemeente Onderbanken w.g..pdf","dc_type":"bijlage","foi_fileName":"3114764280%202019.070184%20Gemeente%20Onderbanken%20Controleverklaring%202018%20WAS%20GETEKEND.pdf"},{"dc_format":"application/pdf","dc_identifier":"nl.gm1954.2c.2019.2829158-10.doc.7","dc_source":"https://api1.ibabs.eu/publicdownload.aspx?site=Beekdaelen&id=663e09c8-c108-40bd-b0f0-9839f8b981b2","dc_title":"Accountantsverslag gemeente Schinnen d.d. 27.06.2019","dc_type":"bijlage","foi_fileName":"Accountantsverslag%20gemeente%20Schinnen%20d.d.%2027.06.2019_.pdf"},{"dc_format":"application/pdf","dc_identifier":"nl.gm1954.2c.2019.2829158-10.doc.10","dc_source":"https://api1.ibabs.eu/publicdownload.aspx?site=Beekdaelen&id=506d1af8-75d2-41db-8f41-ece8b524fad5","dc_title":"Controleverklaring over de jaarstukken opgenomen in jaarrekening 2018 Gemeente Nuth w.g..pdf","dc_type":"bijlage","foi_fileName":"Controleverklaring%20Nuth%202018%20WAS%20GETEKEND.pdf"},{"dc_format":"application/pdf","dc_identifier":"nl.gm1954.2c.2019.2829158-10.doc.3","dc_source":"https://api1.ibabs.eu/publicdownload.aspx?site=Beekdaelen&id=4fd52b3d-e084-46d5-b796-1b9323ccae7a","dc_title":"Jaarstukken Gemeente Nuth 2018-definitief.pdf","dc_type":"bijlage","foi_fileName":"Jaarstukken%20Gemeente%20Nuth%202018-definitief.pdf"},{"dc_format":"application/pdf","dc_identifier":"nl.gm1954.2c.2019.2829158-10.doc.4","dc_source":"https://api1.ibabs.eu/publicdownload.aspx?site=Beekdaelen&id=0326b9f2-72b6-447e-a84c-0b5cec5df5c5","dc_title":"Jaarstukken gemeente Onderbanken 2018-definitief.pdf","dc_type":"bijlage","foi_fileName":"Jaarstukken%20gemeente%20Onderbanken%202018-definitief.pdf"},{"dc_format":"application/pdf","dc_identifier":"nl.gm1954.2c.2019.2829158-10.doc.5","dc_source":"https://api1.ibabs.eu/publicdownload.aspx?site=Beekdaelen&id=a5155c21-a842-4e53-8439-4b8308d68116","dc_title":"Jaarverslag Schinnen 2018 versie raad 02-07-2019.pdf","dc_type":"bijlage","foi_fileName":"jaarverslag%202018%20versie%20raad%2002-07-2019.pdf"},{"dc_format":"application/pdf","dc_identifier":"nl.gm1954.2c.2019.2829158-10.doc.11","dc_source":"https://api1.ibabs.eu/publicdownload.aspx?site=Beekdaelen&id=5771705d-5dd8-4a0b-8b4e-635517d0041c","dc_title":"MvA vragen Auditcommissie","dc_type":"bijlage","foi_fileName":"Memorie%20van%20Antwoord.pdf"},{"dc_format":"application/pdf","dc_identifier":"nl.gm1954.2c.2019.2829158-10.doc.1","dc_source":"https://api1.ibabs.eu/publicdownload.aspx?site=Beekdaelen&id=cdf577ee-2343-4be2-850b-29623684eefb","dc_title":"Raadsvoorstel jaarstukken 2018","dc_type":"bijlage","foi_fileName":"raadsvoorstel%20jaarstukken%202018%20aangepast.pdf"},{"dc_format":"application/pdf","dc_identifier":"nl.gm1954.2c.2019.2829158-10.doc.2","dc_source":"https://api1.ibabs.eu/publicdownload.aspx?site=Beekdaelen&id=0e132bd9-9adf-43b1-bdf8-32858b548a20","dc_title":"Raadsbesluit inzake Jaarstukken 2018 04072019 vastgesteld","dc_type":"bijlage","foi_fileName":"RB%20inzake%20Jaarstukken%202018%20versie%2004072019%20vastgesteld.pdf"}],"foi_nrDocuments":11,"foi_nrPagesInDossier":0,"foi_publishedDate":"2019-07-04","foi_retrievedDate":"2025-11-30"},{"dc_creator":"HandelingScraper_v1","dc_date_year":2019,"dc_description":"Vergadering van de Gemeente Beekdaelen op 2019-07-04. Onderdeel: Voorstel van de griffier inzake verslaglegging raadsvergaderingen Beekdaelen door middel van beeldopnamen.","dc_identifier":"nl.gm1954.2c.2019.2829158-11","dc_publisher":"gm1954","dc_source":"https://beekdaelen.bestuurlijkeinformatie.nl/Agenda/Index/cc015fea-b965-4fa1-b89e-e8db45ca982b","dc_title":"Raadsvergadering 2019-07-04 - Voorstel van de griffier inzake verslaglegging raadsvergaderingen Beekdaelen door middel van beeldopnamen","dc_type":"2c","dc_type_description":"Vergaderstuk decentrale overheid","foi_fairiscoreVersions":{"v1":1,"v2":1},"foi_files":[{"dc_format":"application/pdf","dc_identifier":"nl.gm1954.2c.2019.2829158-11.doc.3","dc_source":"https://api1.ibabs.eu/publicdownload.aspx?site=Beekdaelen&id=7f645ccf-793a-4b8b-98fc-f173bcb48de2","dc_title":"Notitie Vormen van verslaglegging Beekdaelen","dc_type":"bijlage","foi_fairiscoreVersions":{"v1":1,"v2":1},"foi_fileName":"20190618%20Concept%20Notitie%20Vormen%20van%20verslaglegging%20Beekdaelen.pdf","foi_nrPages":4},{"dc_format":"application/pdf","dc_identifier":"nl.gm1954.2c.2019.2829158-11.doc.1","dc_source":"https://api1.ibabs.eu/publicdownload.aspx?site=Beekdaelen&id=e7701291-4d17-4de1-8d7c-2c602c325ca9","dc_title":"Raadsvoorstel inzake verslaglegging raadsvergaderingen Beekdaelen door middel van beeldopnamen","dc_type":"bijlage","foi_fairiscoreVersions":{"v1":1,"v2":1},"foi_fileName":"20190618%20RV%20inzake%20verslaglegging%20raadsvergaderingen%20Beekdaelen.pdf","foi_nrPages":3},{"dc_format":"application/pdf","dc_identifier":"nl.gm1954.2c.2019.2829158-11.doc.2","dc_source":"https://api1.ibabs.eu/publicdownload.aspx?site=Beekdaelen&id=7627aabf-358d-4dbf-b1c1-092b55581bb7","dc_title":"Raadsbesluit inzake verslaglegging raadsvergaderingen Beekdaelen vastgesteld 04072019","dc_type":"bijlage","foi_fairiscoreVersions":{"v1":1,"v2":1},"foi_fileName":"RB%20inzake%20verslaglegging%20raadsvergaderingen%20Beekdaelen%20vastgesteld%2004072019.pdf","foi_nrPages":1}],"foi_nrDocuments":3,"foi_nrPagesInDossier":8,"foi_publishedDate":"2019-07-04","foi_retrievedDate":"2026-02-12"},{"dc_creator":"HandelingScraper_v1","dc_date_year":2019,"dc_description":"Vergadering van de Gemeente Beekdaelen op 2019-07-04. Onderdeel: Voorstel van B&W inzake vaststellen van het plan van aanpak \"Startnotitie Duurzaam Beekdaelen\" om te komen tot een gemeenschappelijke visie op het gebied van duurzaamheid.","dc_identifier":"nl.gm1954.2c.2019.2829158-5","dc_publisher":"gm1954","dc_source":"https://beekdaelen.bestuurlijkeinformatie.nl/Agenda/Index/cc015fea-b965-4fa1-b89e-e8db45ca982b","dc_title":"Raadsvergadering 2019-07-04 - Voorstel van B&W inzake vaststellen van het plan van aanpak \"Startnotitie Duurzaam Beekdaelen\" om te komen tot een gemeenschappelijke visie op het gebied van duurzaamheid","dc_type":"2c","dc_type_description":"Vergaderstuk decentrale overheid","foi_fairiscoreVersions":{"v1":2,"v2":1},"foi_files":[{"dc_format":"application/pdf","dc_identifier":"nl.gm1954.2c.2019.2829158-5.doc.3","dc_source":"https://api1.ibabs.eu/publicdownload.aspx?site=Beekdaelen&id=2cbd1374-7cfe-4cee-b181-b741935dde81","dc_title":"Amendement GL, CDA, PvdA, VG en D66 instellen duurzaamheidsfonds incl. stemuitslag AANGENOMEN","dc_type":"bijlage","foi_fairiscoreVersions":{"v1":1,"v2":1},"foi_fileName":"20190704%20Amendement%20GL_%20CDA_%20PvdA_%20VG%20en%20D66%20instellen%20duurzaamheidsfonds%20incl.%20stemuitslag%20AANGENOMEN.pdf","foi_nrPages":1},{"dc_format":"application/pdf","dc_identifier":"nl.gm1954.2c.2019.2829158-5.doc.9","dc_source":"https://api1.ibabs.eu/publicdownload.aspx?site=Beekdaelen&id=97b8e89a-401f-4885-86f1-d2b2806c7987","dc_title":"Voorvragen VG incl. antwoorden inzake startnotitie duurzaamheid","dc_type":"bijlage","foi_fairiscoreVersions":{"v1":1,"v2":1},"foi_fileName":"Beantwoording%20voorvragen%20VG%20inz%20duurzaamheid.pdf","foi_nrPages":1},{"dc_format":"application/pdf","dc_identifier":"nl.gm1954.2c.2019.2829158-5.doc.10","dc_source":"https://api1.ibabs.eu/publicdownload.aspx?site=Beekdaelen&id=19115995-7adf-4f5e-931e-b1b766d2617a","dc_title":"CDA vragen cie's juni 2019 deel 1","dc_type":"bijlage","foi_fairiscoreVersions":{"v1":1,"v2":1},"foi_fileName":"CDA%20vragen%20startnotitie%20duurzaam%20Beekdaelen.pdf","foi_nrPages":5},{"dc_format":"application/pdf","dc_identifier":"nl.gm1954.2c.2019.2829158-5.doc.11","dc_source":"https://api1.ibabs.eu/publicdownload.aspx?site=Beekdaelen&id=9fca7d6b-e474-42a6-abe7-5f8c1ef21fdc","dc_title":"CDA vragen cie's juni 2019 deel 2","dc_type":"bijlage","foi_fairiscoreVersions":{"v1":1,"v2":1},"foi_fileName":"CDA%20vragen%20startnotitie%20duurzaam%20Beekdaelen.pdf","foi_nrPages":2},{"dc_format":"application/pdf","dc_identifier":"nl.gm1954.2c.2019.2829158-5.doc.12","dc_source":"https://api1.ibabs.eu/publicdownload.aspx?site=Beekdaelen&id=08e43131-3bec-45f0-abe0-d93766817397","dc_title":"MvA vragen CDA plan van aanpak startnotitie duurzaam Beekdaelen","dc_type":"bijlage","foi_fairiscoreVersions":{"v1":1,"v2":1},"foi_fileName":"Memorie%20van%20antwoord%20CDA%20plan%20van%20aanpak%20startnotitie%20duurzaam%20Beekdaelen.pdf","foi_nrPages":1},{"dc_format":"application/pdf","dc_identifier":"nl.gm1954.2c.2019.2829158-5.doc.13","dc_source":"https://api1.ibabs.eu/publicdownload.aspx?site=Beekdaelen&id=2a3103cb-5aa8-430b-80c7-2432016575b4","dc_title":"Memorie van antwoord vragen Beekdaelen Lokaal aangaande startnotitie duurzaamheid","dc_type":"bijlage","foi_fairiscoreVersions":{"v1":1,"v2":1},"foi_fileName":"Memorie%20van%20antwoord%20vragen%20Beekdaelen%20Lokaal%20aangaande%20startnotitie%20duurzaamheid.pdf","foi_nrPages":1},{"dc_format":"application/pdf","dc_identifier":"nl.gm1954.2c.2019.2829158-5.doc.6","dc_source":"https://api1.ibabs.eu/publicdownload.aspx?site=Beekdaelen&id=a634b461-1b49-4fce-91dd-a8f5ca40446f","dc_title":"Motie GL CDA VG PvdA en D66 deelname Nacht van de Nacht en Earth Hour incl. stemuitslag AANGENOMEN","dc_type":"bijlage","foi_fairiscoreVersions":{"v1":1,"v2":1},"foi_fileName":"Motie%20GL%20CDA%20VG%20PvdA%20en%20D66%20deelname%20Nacht%20van%20de%20Nacht%20en%20Earth%20Hour%20incl.%20stemuitslag%20AANGENOMEN.pdf","foi_nrPages":2},{"dc_format":"application/pdf","dc_identifier":"nl.gm1954.2c.2019.2829158-5.doc.7","dc_source":"https://api1.ibabs.eu/publicdownload.aspx?site=Beekdaelen&id=05905194-ce4d-42c7-a5b1-c9e1e03af841","dc_title":"Motie VG GL PvdA en D66 bevorderen biodiversiteit incl. stemuitslag AANGENOMEN","dc_type":"bijlage","foi_fairiscoreVersions":{"v1":1,"v2":1},"foi_fileName":"Motie%20VG%20GL%20PvdA%20en%20D66%20bevorderen%20biodiversiteit%20incl.%20stemuitslag%20AANGENOMEN.pdf","foi_nrPages":1},{"dc_format":"application/pdf","dc_identifier":"nl.gm1954.2c.2019.2829158-5.doc.8","dc_source":"https://api1.ibabs.eu/publicdownload.aspx?site=Beekdaelen&id=930dad25-2885-45f4-8a10-f9fb9bb2ec5c","dc_title":"Motie VG GL PvdA en D66 Steenbreek incl. stemuitslag AANGENOMEN","dc_type":"bijlage","foi_fairiscoreVersions":{"v1":1,"v2":1},"foi_fileName":"Motie%20VG%20GL%20PvdA%20en%20D66%20Steenbreek%20incl.%20stemuitslag%20AANGENOMEN.pdf","foi_nrPages":1},{"dc_format":"application/pdf","dc_identifier":"nl.gm1954.2c.2019.2829158-5.doc.2","dc_source":"https://api1.ibabs.eu/publicdownload.aspx?site=Beekdaelen&id=0df93ef3-5d71-4e47-a8f9-6ceba310d469","dc_title":"Nota van wijziging RV startnotitie duurzaamBeekdaelen","dc_type":"bijlage","foi_fairiscoreVersions":{"v1":1,"v2":1},"foi_fileName":"nota%20van%20wijziging%20rv%20startnotitie%20duurzaamBeekdaelen.pdf","foi_nrPages":1},{"dc_format":"application/pdf","dc_identifier":"nl.gm1954.2c.2019.2829158-5.doc.4","dc_source":"https://api1.ibabs.eu/publicdownload.aspx?site=Beekdaelen&id=d4db562b-c2e1-4be9-a348-fae22354e7fc","dc_title":"Raadsbesluit Startnotitie Omgevingswet Beekdaelen vastgesteld 04072019","dc_type":"bijlage","foi_fairiscoreVersions":{"v1":1,"v2":1},"foi_fileName":"RB%20Startnotitie%20Omgevingswet%20Beekdaelen%20vastgesteld%2004072019.pdf","foi_nrPages":1},{"dc_format":"application/pdf","dc_identifier":"nl.gm1954.2c.2019.2829158-5.doc.1","dc_source":"https://api1.ibabs.eu/publicdownload.aspx?site=Beekdaelen&id=6202737f-0cb6-4e2f-bc9e-d3867073d76d","dc_title":"Raadsvoorstel startnotitie duurzaam Beekdaelen versie 01072019","dc_type":"bijlage","foi_fairiscoreVersions":{"v1":1,"v2":1},"foi_fileName":"RV%20startnotitie%20duurzaam%20Beekdaelen%20versie%2001072019.pdf","foi_nrPages":3},{"dc_format":"application/pdf","dc_identifier":"nl.gm1954.2c.2019.2829158-5.doc.5","dc_source":"https://api1.ibabs.eu/publicdownload.aspx?site=Beekdaelen&id=0fb146aa-9383-47b3-a08f-0fec9c11b28d","dc_title":"Startnotitie Duurzaam Beekdaelen 04072019","dc_type":"bijlage","foi_fairiscoreVersions":{"v1":2,"v2":1},"foi_fileName":"STARTNOTITIE%20DUURZAAM%20BEEKDAELEN%2002072019.pdf","foi_nrPages":8}],"foi_nrDocuments":13,"foi_nrPagesInDossier":28,"foi_publishedDate":"2019-07-04","foi_retrievedDate":"2026-03-15"},{"dc_creator":"HandelingScraper_v1","dc_date_year":2019,"dc_description":"Vergadering van de Gemeente Beekdaelen op 2019-07-04. Onderdeel: Voorstel van B&W inzake medewerking verlenen aan de aanleg van een zonneweide door toepassing van een ontheffing ex artikel 2.12 lid 1 onder a sub 3 Wabo (uitgebreide procedure) en de verlening van de Verklaring van geen Bedenkingen door de raad, ex artikel 2.27 Wabo, te mandateren aan het college indien blijkt dat er geen zienswijzen ingediend worden.","dc_identifier":"nl.gm1954.2c.2019.2829158-6","dc_publisher":"gm1954","dc_source":"https://beekdaelen.bestuurlijkeinformatie.nl/Agenda/Index/cc015fea-b965-4fa1-b89e-e8db45ca982b","dc_title":"Raadsvergadering 2019-07-04 - Voorstel van B&W inzake medewerking verlenen aan de aanleg van een zonneweide door toepassing van een ontheffing ex artikel 2.12 lid 1 onder a sub 3 Wabo (uitgebreide procedure) en de verlening van de Verklaring van geen Bedenkingen door de raad, ex artikel 2.27 Wabo, te mandateren aan het college indien blijkt dat er geen zienswijzen ingediend worden","dc_type":"2c","dc_type_description":"Vergaderstuk decentrale overheid","foi_fairiscoreVersions":{"v1":null,"v2":null},"foi_files":[{"dc_format":"application/pdf","dc_identifier":"nl.gm1954.2c.2019.2829158-6.doc.4","dc_source":"https://api1.ibabs.eu/publicdownload.aspx?site=Beekdaelen&id=08c6fead-7cac-42c5-b337-015dd5880736","dc_title":"Aangepast businesscase op basis van SDE 2019 zonneweide","dc_type":"bijlage","foi_fileName":"07%20Aangepast%20businesscase%20op%20basis%20van%20SDE%202019%20zonneweide.pdf"},{"dc_format":"application/pdf","dc_identifier":"nl.gm1954.2c.2019.2829158-6.doc.5","dc_source":"https://api1.ibabs.eu/publicdownload.aspx?site=Beekdaelen&id=ccd69eea-60c8-42fb-8fe6-801215214a93","dc_title":"Besluitgebied zonneweide","dc_type":"bijlage","foi_fileName":"07%20Besluitgebied%20zonneweide.pdf"},{"dc_format":"application/pdf","dc_identifier":"nl.gm1954.2c.2019.2829158-6.doc.6","dc_source":"https://api1.ibabs.eu/publicdownload.aspx?site=Beekdaelen&id=78055b15-35b2-4c19-a8ec-1744d317d361","dc_title":"Bijlage 1 Landschappelijk inpassingsplan zonneweide","dc_type":"bijlage","foi_fileName":"07%20Bijlage%201%20Landschappelijk%20inpassingsplan%20zonneweide.pdf"},{"dc_format":"application/pdf","dc_identifier":"nl.gm1954.2c.2019.2829158-6.doc.7","dc_source":"https://api1.ibabs.eu/publicdownload.aspx?site=Beekdaelen&id=db9247b6-c0ba-405f-a6ff-1dc3aff3ec26","dc_title":"Bijlage 2 Vooronderzoek bodem zonneweide","dc_type":"bijlage","foi_fileName":"07%20Bijlage%202%20Vooronderzoek%20bodem%20zonneweide.pdf"},{"dc_format":"application/pdf","dc_identifier":"nl.gm1954.2c.2019.2829158-6.doc.8","dc_source":"https://api1.ibabs.eu/publicdownload.aspx?site=Beekdaelen&id=48704274-11af-43eb-8627-9f56cec5a05f","dc_title":"Bijlage 3 Archeologisch onderzoek zonneweide","dc_type":"bijlage","foi_fileName":"07%20Bijlage%203%20Archeologisch%20onderzoek%20zonneweide.pdf"},{"dc_format":"application/pdf","dc_identifier":"nl.gm1954.2c.2019.2829158-6.doc.9","dc_source":"https://api1.ibabs.eu/publicdownload.aspx?site=Beekdaelen&id=6e0af718-1c7c-4729-b27f-78b194a28073","dc_title":"Bijlage 4 Flora en fauna onderzoek zonneweide","dc_type":"bijlage","foi_fileName":"07%20Bijlage%204%20Flora%20en%20fauna%20onderzoek%20zonneweide.pdf"},{"dc_format":"application/pdf","dc_identifier":"nl.gm1954.2c.2019.2829158-6.doc.10","dc_source":"https://api1.ibabs.eu/publicdownload.aspx?site=Beekdaelen&id=20a12375-0cc6-4a78-8e17-137a32a134c2","dc_title":"Bijlage 5 Akoestisch onderzoek zonneweide","dc_type":"bijlage","foi_fileName":"07%20Bijlage%205%20Akoestisch%20onderzoek%20zonneweide.pdf"},{"dc_format":"application/pdf","dc_identifier":"nl.gm1954.2c.2019.2829158-6.doc.11","dc_source":"https://api1.ibabs.eu/publicdownload.aspx?site=Beekdaelen&id=8de93a18-92e1-4066-808e-c67d271fe873","dc_title":"Bijlage 6 Aanvulling akoestisch onderzoek zonneweide","dc_type":"bijlage","foi_fileName":"07%20Bijlage%206%20Aanvulling%20akoestisch%20onderzoek%20zonneweide.pdf"},{"dc_format":"application/pdf","dc_identifier":"nl.gm1954.2c.2019.2829158-6.doc.3","dc_source":"https://api1.ibabs.eu/publicdownload.aspx?site=Beekdaelen&id=0dbe4854-3eda-4ee7-8ff3-114d64ccaed9","dc_title":"Ruimtelijke onderbouwing Zonneweide","dc_type":"bijlage","foi_fileName":"07%20Ruimtelijke%20onderbouwing%20Zonneweide.pdf"},{"dc_format":"application/pdf","dc_identifier":"nl.gm1954.2c.2019.2829158-6.doc.1","dc_source":"https://api1.ibabs.eu/publicdownload.aspx?site=Beekdaelen&id=4218ebcf-50a7-4960-b5dc-ac37886a34c4","dc_title":"Raadsvoorstel inzake zonneweide","dc_type":"bijlage","foi_fileName":"07%20Rvs%20inzake%20zonneweide.pdf"},{"dc_format":"application/pdf","dc_identifier":"nl.gm1954.2c.2019.2829158-6.doc.12","dc_source":"https://api1.ibabs.eu/publicdownload.aspx?site=Beekdaelen&id=78beadd0-f79b-4759-8285-390eb05b4fa7","dc_title":"CDA vragen ivm zonneweide","dc_type":"bijlage","foi_fileName":"CDA%20vragen%20realisering%20zonneweide.pdf"},{"dc_format":"application/pdf","dc_identifier":"nl.gm1954.2c.2019.2829158-6.doc.14","dc_source":"https://api1.ibabs.eu/publicdownload.aspx?site=Beekdaelen&id=83a90e94-cf16-40a6-ac7a-29684579c6b8","dc_title":"MvA vragen Vernieuwingsgroep en CDA inzake aanleg zonneweide","dc_type":"bijlage","foi_fileName":"Memorie%20van%20antwoord%20aanleg%20zonneweide.pdf"},{"dc_format":"application/pdf","dc_identifier":"nl.gm1954.2c.2019.2829158-6.doc.2","dc_source":"https://api1.ibabs.eu/publicdownload.aspx?site=Beekdaelen&id=f3bb9b12-a513-468f-a14d-5989b49dd6d6","dc_title":"Raadsbesluit aanleg zonneweide met zonnepanelen vastgesteld 04072019","dc_type":"bijlage","foi_fileName":"RB%20aanleg%20zonneweide%20met%20zonnepanelen%20vastgesteld%2004072019.pdf"},{"dc_format":"application/pdf","dc_identifier":"nl.gm1954.2c.2019.2829158-6.doc.13","dc_source":"https://api1.ibabs.eu/publicdownload.aspx?site=Beekdaelen&id=5cd618bc-4c9f-4350-8e7f-09330b6bc6ac","dc_title":"Vernieuwingsgroep vraag mbt  zonneweide","dc_type":"bijlage","foi_fileName":"Vernieuwingsgroep%20vragen%20zonneweide.pdf"}],"foi_nrDocuments":14,"foi_nrPagesInDossier":0,"foi_publishedDate":"2019-07-04","foi_retrievedDate":"2025-11-30"},{"dc_creator":"HandelingScraper_v1","dc_date_year":2019,"dc_description":"Vergadering van de Gemeente Beekdaelen op 2019-07-04. Onderdeel: Voorstel van B&W inzake kennisnemen van de financi\u00eble jaarstukken van Rd4 en het bestuur van de GR Rd4 te berichten dat de ontwerpbegroting 2020 geen aanleiding geeft tot het indienen van zienswijzen.","dc_identifier":"nl.gm1954.2c.2019.2829158-7","dc_publisher":"gm1954","dc_source":"https://beekdaelen.bestuurlijkeinformatie.nl/Agenda/Index/cc015fea-b965-4fa1-b89e-e8db45ca982b","dc_title":"Raadsvergadering 2019-07-04 - Voorstel van B&W inzake kennisnemen van de financi\u00eble jaarstukken van Rd4 en het bestuur van de GR Rd4 te berichten dat de ontwerpbegroting 2020 geen aanleiding geeft tot het indienen van zienswijzen","dc_type":"2c","dc_type_description":"Vergaderstuk decentrale overheid","foi_fairiscoreVersions":{"v1":2,"v2":2},"foi_files":[{"dc_format":"application/pdf","dc_identifier":"nl.gm1954.2c.2019.2829158-7.doc.3","dc_source":"https://api1.ibabs.eu/publicdownload.aspx?site=Beekdaelen&id=9d3fefb3-1783-4014-adcd-300a9f6c34ab","dc_title":"Overzicht gem. bijdragen Beekdaelen aan de diverse Gemeenschappelijke Regelingen 2019 tm 2023","dc_type":"bijlage","foi_fairiscoreVersions":{"v1":1,"v2":1},"foi_fileName":"bijdragen%20gemeenschappelijke%20Regelingen%202019%20tm%202023.pdf","foi_nrPages":1},{"dc_format":"application/pdf","dc_identifier":"nl.gm1954.2c.2019.2829158-7.doc.4","dc_source":"https://api1.ibabs.eu/publicdownload.aspx?site=Beekdaelen&id=555a9624-feb4-4dd7-bdbc-1fa64c698b4b","dc_title":"Ontwerpbegroting 2020 Rd4","dc_type":"bijlage","foi_fairiscoreVersions":{"v1":5,"v2":5},"foi_fileName":"Ontwerpbegroting%202020%20Rd4.pdf","foi_nrPages":55},{"dc_format":"application/pdf","dc_identifier":"nl.gm1954.2c.2019.2829158-7.doc.1","dc_source":"https://api1.ibabs.eu/publicdownload.aspx?site=Beekdaelen&id=55a2fa64-360d-456c-bd8c-d79980ec75f4","dc_title":"Raadsvoorstel inzake jaarstukken GR Rd4","dc_type":"bijlage","foi_fairiscoreVersions":{"v1":1,"v2":1},"foi_fileName":"Raadsvoorstel%20jaarstukken%20GR%20Rd4%20ongetekende%20versie.pdf","foi_nrPages":3},{"dc_format":"application/pdf","dc_identifier":"nl.gm1954.2c.2019.2829158-7.doc.2","dc_source":"https://api1.ibabs.eu/publicdownload.aspx?site=Beekdaelen&id=5aa0516e-c417-4dab-964f-543b5e6f9e72","dc_title":"Raadsbesluit jaarstukken GR Rd4 vastgesteld 04072019","dc_type":"bijlage","foi_fairiscoreVersions":{"v1":1,"v2":1},"foi_fileName":"RB%20jaarstukken%20GR%20Rd4%20vastgesteld%2004072019.pdf","foi_nrPages":1}],"foi_nrDocuments":4,"foi_nrPagesInDossier":60,"foi_publishedDate":"2019-07-04","foi_retrievedDate":"2025-11-30"},{"dc_creator":"HandelingScraper_v1","dc_date_year":2019,"dc_description":"Vergadering van de Gemeente Beekdaelen op 2019-07-04. Onderdeel: Voorstel van B&W inzake een positieve zienswijze uitbrengen op de ontwerpbegroting 2020 BsGW en -meerjarenraming 2020-2024 echter met inbegrip van een kritische aantekening betreffende weerstandsvermogen voor 2020, instemmen met verwerking van de exploitatiebijdrage 2020 van de BsGW in de begroting 2020 van de gemeente Beekdaelen en de jaarrekening 2018 van de BsGW voor kennisgeving aannemen.","dc_identifier":"nl.gm1954.2c.2019.2829158-8","dc_publisher":"gm1954","dc_source":"https://beekdaelen.bestuurlijkeinformatie.nl/Agenda/Index/cc015fea-b965-4fa1-b89e-e8db45ca982b","dc_title":"Raadsvergadering 2019-07-04 - Voorstel van B&W inzake een positieve zienswijze uitbrengen op de ontwerpbegroting 2020 BsGW en -meerjarenraming 2020-2024 echter met inbegrip van een kritische aantekening betreffende weerstandsvermogen voor 2020, instemmen met verwerking van de exploitatiebijdrage 2020 van de BsGW in de begroting 2020 van de gemeente Beekdaelen en de jaarrekening 2018 van de BsGW voor kennisgeving aannemen","dc_type":"2c","dc_type_description":"Vergaderstuk decentrale overheid","foi_fairiscoreVersions":{"v1":3,"v2":3},"foi_files":[{"dc_format":"application/pdf","dc_identifier":"nl.gm1954.2c.2019.2829158-8.doc.3","dc_source":"https://api1.ibabs.eu/publicdownload.aspx?site=Beekdaelen&id=cec71044-d510-4c8f-9f2f-40483c5c3dc0","dc_title":"Brief aan DB van BsGW inzake zienswijze op begroting 2020","dc_type":"bijlage","foi_fairiscoreVersions":{"v1":1,"v2":1},"foi_fileName":"05%20Brief%20aan%20DB%20van%20BsGW%20inzake%20zienswijze%20op%20begroting%202020.pdf","foi_nrPages":1},{"dc_format":"application/pdf","dc_identifier":"nl.gm1954.2c.2019.2829158-8.doc.1","dc_source":"https://api1.ibabs.eu/publicdownload.aspx?site=Beekdaelen&id=e901b8b7-03d0-4a96-9d2f-ac52971c881a","dc_title":"Raadsvoorstel inzake ontwerpbegroting 2020 BsGW","dc_type":"bijlage","foi_fairiscoreVersions":{"v1":1,"v2":1},"foi_fileName":"05%20Rvs%20ontwerpbegroting%202020%20BsGW.pdf","foi_nrPages":3},{"dc_format":"application/pdf","dc_identifier":"nl.gm1954.2c.2019.2829158-8.doc.9","dc_source":"https://api1.ibabs.eu/publicdownload.aspx?site=Beekdaelen&id=4727aa4b-0ddc-43cf-a6a0-d9b62f34e8d0","dc_title":"Overzicht fin. ontwikkelingen GR's irt MJR 2019-2022 Beekdaelen","dc_type":"bijlage","foi_fairiscoreVersions":{"v1":1,"v2":1},"foi_fileName":"bijdragen%20gemeenschappelijke%20Regelingen%202019%20tm%202023.pdf","foi_nrPages":1},{"dc_format":"application/pdf","dc_identifier":"nl.gm1954.2c.2019.2829158-8.doc.7","dc_source":"https://api1.ibabs.eu/publicdownload.aspx?site=Beekdaelen&id=8287827c-dc08-49f0-9190-87b6256c9462","dc_title":"Bestuursrapportage BsGW Kwartaal 4-2018 per 31-12-2018","dc_type":"bijlage","foi_fairiscoreVersions":{"v1":5,"v2":5},"foi_fileName":"BsGW%20bestuursrapportage.pdf","foi_nrPages":37},{"dc_format":"application/pdf","dc_identifier":"nl.gm1954.2c.2019.2829158-8.doc.8","dc_source":"https://api1.ibabs.eu/publicdownload.aspx?site=Beekdaelen&id=bca6978e-1958-4b6f-afa1-e324520ad4aa","dc_title":"Bijlagen Bestuursrapportage BsGW Kwartaal 4-2018 per 31-12-2018","dc_type":"bijlage","foi_fairiscoreVersions":{"v1":5,"v2":5},"foi_fileName":"BsGW%20bijlagen%20bestuursrapportage.pdf","foi_nrPages":29},{"dc_format":"application/pdf","dc_identifier":"nl.gm1954.2c.2019.2829158-8.doc.5","dc_source":"https://api1.ibabs.eu/publicdownload.aspx?site=Beekdaelen&id=1c2d1429-2ed6-48a0-b13d-aca290d92e85","dc_title":"Kadernota Begroting BsGW 2020 en MJR 2020-2024","dc_type":"bijlage","foi_fairiscoreVersions":{"v1":5,"v2":5},"foi_fileName":"BsGW%20kadernota.pdf","foi_nrPages":34},{"dc_format":"application/pdf","dc_identifier":"nl.gm1954.2c.2019.2829158-8.doc.6","dc_source":"https://api1.ibabs.eu/publicdownload.aspx?site=Beekdaelen&id=f693de28-029f-4bcb-828b-3fdc51be4dae","dc_title":"Ontwerpbegroting BsGW 2020 en MJR 2020-2024","dc_type":"bijlage","foi_fairiscoreVersions":{"v1":5,"v2":5},"foi_fileName":"BsGW%20ontwerpbegroting%202020.pdf","foi_nrPages":62},{"dc_format":"application/pdf","dc_identifier":"nl.gm1954.2c.2019.2829158-8.doc.4","dc_source":"https://api1.ibabs.eu/publicdownload.aspx?site=Beekdaelen&id=f029b173-10d5-4027-ba70-9e79ae0c1cd9","dc_title":"Overzicht afrekening jaarrekeningen 2018 GR's irt MJR 2019-2022 Beekdaelen","dc_type":"bijlage","foi_fairiscoreVersions":{"v1":1,"v2":1},"foi_fileName":"Ontwikkelingen%20GR%27s%20Beekdaelen.pdf","foi_nrPages":3},{"dc_format":"application/pdf","dc_identifier":"nl.gm1954.2c.2019.2829158-8.doc.2","dc_source":"https://api1.ibabs.eu/publicdownload.aspx?site=Beekdaelen&id=08162e6c-1de0-4b8d-8ded-f3bf09833dae","dc_title":"Raadsbesluit Ontwerpbegroting 2020 BsGW en MJR 2020-2024 vastgesteld 04072019","dc_type":"bijlage","foi_fairiscoreVersions":{"v1":1,"v2":1},"foi_fileName":"RB%20Ontwerpbegroting%202020%20BsGW%20en%20MJR%202020-2024%20vastgesteld%2004072019.pdf","foi_nrPages":1}],"foi_nrDocuments":9,"foi_nrPagesInDossier":171,"foi_publishedDate":"2019-07-04","foi_retrievedDate":"2026-01-22"},{"dc_creator":"HandelingScraper_v1","dc_date_year":2019,"dc_description":"Vergadering van de Gemeente Beekdaelen op 2019-07-04. Onderdeel: Voorstel van B&W inzake Gemeentewapen en gemeentevlag.","dc_identifier":"nl.gm1954.2c.2019.2829158-9","dc_publisher":"gm1954","dc_source":"https://beekdaelen.bestuurlijkeinformatie.nl/Agenda/Index/cc015fea-b965-4fa1-b89e-e8db45ca982b","dc_title":"Raadsvergadering 2019-07-04 - Voorstel van B&W inzake Gemeentewapen en gemeentevlag","dc_type":"2c","dc_type_description":"Vergaderstuk decentrale overheid","foi_fairiscoreVersions":{"v1":2,"v2":2},"foi_files":[{"dc_format":"application/pdf","dc_identifier":"nl.gm1954.2c.2019.2829158-9.doc.4","dc_source":"https://api1.ibabs.eu/publicdownload.aspx?site=Beekdaelen&id=4b55f875-1d19-48b5-9511-f9d19c71c60d","dc_title":"Beekdaelen, vlagontwerp 2.jpg","dc_type":"bijlage","foi_fairiscoreVersions":{"v1":2,"v2":1},"foi_fileName":"beekdaelen_%20vlagontwerp%202.pdf","foi_nrPages":1},{"dc_format":"application/pdf","dc_identifier":"nl.gm1954.2c.2019.2829158-9.doc.5","dc_source":"https://api1.ibabs.eu/publicdownload.aspx?site=Beekdaelen&id=c86ef085-6a0e-459d-9c8c-fda33040a33b","dc_title":"Beekdaelen gemeentevlag def. tekst en ontwerp 2.docx","dc_type":"bijlage","foi_fairiscoreVersions":{"v1":1,"v2":1},"foi_fileName":"Beekdaelen%20gemeentevlag%20def.%20tekst%20en%20ontwerp%202.pdf","foi_nrPages":9},{"dc_format":"application/pdf","dc_identifier":"nl.gm1954.2c.2019.2829158-9.doc.3","dc_source":"https://api1.ibabs.eu/publicdownload.aspx?site=Beekdaelen&id=0aae7cc0-42e5-483c-bd8c-54c10285f370","dc_title":"Gemeentewapen","dc_type":"bijlage","foi_fairiscoreVersions":{"v1":2,"v2":1},"foi_fileName":"gemeentewapen.pdf","foi_nrPages":1},{"dc_format":"application/pdf","dc_identifier":"nl.gm1954.2c.2019.2829158-9.doc.6","dc_source":"https://api1.ibabs.eu/publicdownload.aspx?site=Beekdaelen&id=c397bcc5-902d-4859-9028-de133bb6c6e3","dc_title":"KB-toekenning wapen-","dc_type":"bijlage","foi_fairiscoreVersions":{"v1":5,"v2":5},"foi_fileName":"KB-toekenning%20wapen-2.pdf","foi_nrPages":1},{"dc_format":"application/pdf","dc_identifier":"nl.gm1954.2c.2019.2829158-9.doc.2","dc_source":"https://api1.ibabs.eu/publicdownload.aspx?site=Beekdaelen&id=a41bec20-9266-4968-b9e8-87cd93143be5","dc_title":"Raadsbesluit gemeentewapen en vlag vastgesteld 04072019","dc_type":"bijlage","foi_fairiscoreVersions":{"v1":1,"v2":1},"foi_fileName":"RB%20gemeentewapen%20en%20vlag%20vastgesteld%2004072019.pdf","foi_nrPages":1},{"dc_format":"application/pdf","dc_identifier":"nl.gm1954.2c.2019.2829158-9.doc.1","dc_source":"https://api1.ibabs.eu/publicdownload.aspx?site=Beekdaelen&id=c9854899-44cb-4a0d-9121-2194aca71034","dc_title":"Raadsvoorstel gemeentewapen en -vlag","dc_type":"bijlage","foi_fairiscoreVersions":{"v1":1,"v2":1},"foi_fileName":"RV%20gemeentewapen%20en%20-vlag.pdf","foi_nrPages":2}],"foi_nrDocuments":6,"foi_nrPagesInDossier":15,"foi_publishedDate":"2019-07-04","foi_retrievedDate":"2025-12-04"},{"dc_creator":"HandelingScraper_v1","dc_date_year":2019,"dc_description":"Vergadering van de Gemeente Beekdaelen op 2019-08-22. Onderdeel: Be\u00ebdiging en installatie burgemeester Geurts.","dc_identifier":"nl.gm1954.2c.2019.2829223-1","dc_publisher":"gm1954","dc_source":"https://beekdaelen.bestuurlijkeinformatie.nl/Agenda/Index/33223009-4789-4b27-b0ae-62b3ea60f6ae","dc_title":"Raadsvergadering 2019-08-22 - Be\u00ebdiging en installatie burgemeester Geurts","dc_type":"2c","dc_type_description":"Vergaderstuk decentrale overheid","foi_fairiscoreVersions":{"v1":5,"v2":5},"foi_files":[{"dc_format":"application/pdf","dc_identifier":"nl.gm1954.2c.2019.2829223-1.doc.1","dc_source":"https://api1.ibabs.eu/publicdownload.aspx?site=Beekdaelen&id=8be78396-6de5-43c2-a813-acdf2bc17b58","dc_title":"Koninklijk Besluit benoeming burgemeester E. Geurts","dc_type":"bijlage","foi_fairiscoreVersions":{"v1":5,"v2":5},"foi_fileName":"30.a%20CvK%20Koninklijk%20Besluit%20benoeming%20burgemeester%20E.%20Geurts.pdf","foi_nrPages":1}],"foi_nrDocuments":1,"foi_nrPagesInDossier":1,"foi_publishedDate":"2019-08-22","foi_retrievedDate":"2026-03-09"},{"dc_creator":"HandelingScraper_v1","dc_date_year":2019,"dc_description":"Vergadering van de Gemeente Beekdaelen op 2019-09-24. Onderdeel: Algemeen.","dc_identifier":"nl.gm1954.2c.2019.2829226-1","dc_publisher":"gm1954","dc_source":"https://beekdaelen.bestuurlijkeinformatie.nl/Agenda/Index/b0c97250-357c-4a43-8a48-5d94e62e0768","dc_title":"Raadscommissie (2019 t/m januari 2020) 2019-09-24 - Algemeen","dc_type":"2c","dc_type_description":"Vergaderstuk decentrale overheid","foi_fairiscoreVersions":{"v1":1,"v2":1},"foi_files":[{"dc_format":"application/pdf","dc_identifier":"nl.gm1954.2c.2019.2829226-1.doc.1","dc_source":"https://api1.ibabs.eu/publicdownload.aspx?site=Beekdaelen&id=2951eae5-31eb-49c6-90db-9de7969c5d01","dc_title":"Uitnodiging en voorlopige agenda raadscommissie 24092019 - 263964","dc_type":"bijlage","foi_fairiscoreVersions":{"v1":1,"v2":1},"foi_fileName":"Uitnodiging%20en%20voorlopige%20agenda%20raadscommissie%2024092019%20-%20263964.pdf","foi_nrPages":3}],"foi_nrDocuments":1,"foi_nrPagesInDossier":3,"foi_publishedDate":"2019-09-24","foi_retrievedDate":"2026-03-11"},{"dc_creator":"HandelingScraper_v1","dc_date_year":2019,"dc_description":"Vergadering van de Gemeente Beekdaelen op 2019-09-24. Onderdeel: Raadsvoorstel inzake stimulering gezonde leefstijl.","dc_identifier":"nl.gm1954.2c.2019.2829226-10","dc_publisher":"gm1954","dc_source":"https://beekdaelen.bestuurlijkeinformatie.nl/Agenda/Index/b0c97250-357c-4a43-8a48-5d94e62e0768","dc_title":"Raadscommissie (2019 t/m januari 2020) 2019-09-24 - Raadsvoorstel inzake stimulering gezonde leefstijl","dc_type":"2c","dc_type_description":"Vergaderstuk decentrale overheid","foi_fairiscoreVersions":{"v1":1,"v2":1},"foi_files":[{"dc_format":"application/pdf","dc_identifier":"nl.gm1954.2c.2019.2829226-10.doc.3","dc_source":"https://api1.ibabs.eu/publicdownload.aspx?site=Beekdaelen&id=9fe10074-38dc-4601-a3d2-1141e515269f","dc_title":"Bijlage Begrotingswijziging 10 stimuleren gezonde levensstijl raad 8 oktober 2019","dc_type":"bijlage","foi_fairiscoreVersions":{"v1":1,"v2":1},"foi_fileName":"Bijlage%20Begrotingswijziging%2010%20stimuleren%20gezonde%20levensstijl%20raad%208%20oktober%202019.pdf","foi_nrPages":1},{"dc_format":"application/pdf","dc_identifier":"nl.gm1954.2c.2019.2829226-10.doc.5","dc_source":"https://api1.ibabs.eu/publicdownload.aspx?site=Beekdaelen&id=e8b1e4b0-c4ef-4b08-bcf2-b64a59485fc8","dc_title":"JOGG-Beekdaelen bereikte resultaten in vm. gemeenten Schinnen-Onderbanken-Nuth 2016-2019","dc_type":"bijlage","foi_fairiscoreVersions":{"v1":1,"v2":1},"foi_fileName":"JOGG-Beekdaelen%20bereikte%20resultaten%20in%20vm.%20gemeenten%20Schinnen-Onderbanken-Nuth-2016-2019.pdf","foi_nrPages":3},{"dc_format":"application/pdf","dc_identifier":"nl.gm1954.2c.2019.2829226-10.doc.2","dc_source":"https://api1.ibabs.eu/publicdownload.aspx?site=Beekdaelen&id=ed35bfde-5705-46ae-93eb-23bd81f66207","dc_title":"Raadsbesluit stimulering gezonde leefstijl - vastgesteld Raad 08102019","dc_type":"bijlage","foi_fairiscoreVersions":{"v1":1,"v2":1},"foi_fileName":"RB%20stimulering%20gezonde%20leefstijl.pdf","foi_nrPages":1},{"dc_format":"application/pdf","dc_identifier":"nl.gm1954.2c.2019.2829226-10.doc.1","dc_source":"https://api1.ibabs.eu/publicdownload.aspx?site=Beekdaelen&id=b37af0af-58a3-45f4-b4a1-e870b2e44c94","dc_title":"Raadsvoorstel stimulering gezonde leefstijl","dc_type":"bijlage","foi_fairiscoreVersions":{"v1":1,"v2":1},"foi_fileName":"RV%20stimulering%20gezonde%20leefstijl.pdf","foi_nrPages":3},{"dc_format":"application/pdf","dc_identifier":"nl.gm1954.2c.2019.2829226-10.doc.4","dc_source":"https://api1.ibabs.eu/publicdownload.aspx?site=Beekdaelen&id=900e642e-3574-4249-8e23-047fc1f8fbca","dc_title":"Vragen en antwoorden cie 24 september 2019 stimulering gezonde leefstijl","dc_type":"bijlage","foi_fairiscoreVersions":{"v1":1,"v2":1},"foi_fileName":"Vragen%20en%20antwoorden%20cie%2024%20september%202019%20stimulering%20gezonde%20leefstijl.pdf","foi_nrPages":2}],"foi_nrDocuments":5,"foi_nrPagesInDossier":10,"foi_publishedDate":"2019-09-24","foi_retrievedDate":"2026-02-12"},{"dc_creator":"HandelingScraper_v1","dc_date_year":2019,"dc_description":"Vergadering van de Gemeente Beekdaelen op 2019-09-24. Onderdeel: Raadsvoorstel inzake vaststellen Meerjarig onderhoudsplan gemeentelijke gebouwen.","dc_identifier":"nl.gm1954.2c.2019.2829226-11","dc_publisher":"gm1954","dc_source":"https://beekdaelen.bestuurlijkeinformatie.nl/Agenda/Index/b0c97250-357c-4a43-8a48-5d94e62e0768","dc_title":"Raadscommissie (2019 t/m januari 2020) 2019-09-24 - Raadsvoorstel inzake vaststellen Meerjarig onderhoudsplan gemeentelijke gebouwen","dc_type":"2c","dc_type_description":"Vergaderstuk decentrale overheid","foi_fairiscoreVersions":{"v1":2,"v2":1},"foi_files":[{"dc_format":"application/pdf","dc_identifier":"nl.gm1954.2c.2019.2829226-11.doc.3","dc_source":"https://api1.ibabs.eu/publicdownload.aspx?site=Beekdaelen&id=06a6cc59-87c5-441a-b8b4-d81d120c2b3b","dc_title":"Bijlage 1 - 09082019 - Algemene Lijst gebouwen Beekdaelen","dc_type":"bijlage","foi_fairiscoreVersions":{"v1":1,"v2":1},"foi_fileName":"Bijlage%201%20-%2009082019%20-%20Algemene%20Lijst%20gebouwen%20Beekdaelen_1.pdf%20-%20Z19129250%20-%20199356.pdf","foi_nrPages":1},{"dc_format":"application/pdf","dc_identifier":"nl.gm1954.2c.2019.2829226-11.doc.4","dc_source":"https://api1.ibabs.eu/publicdownload.aspx?site=Beekdaelen&id=6d07a3e2-61b3-45a0-add3-27a75a4631a4","dc_title":"Bijlage 2 - 09082019 - Lijst gebouwen niet opgenomen in het MJOP inclusief toelichting","dc_type":"bijlage","foi_fairiscoreVersions":{"v1":1,"v2":1},"foi_fileName":"Bijlage%202%20-%2009082019%20-%20Lijst%20gebouwen%20niet%20opgenomen%20in%20het%20MJOP%20inclusief%20toelichting_1.pdf%20-%20Z19129250%20-%20199356.pdf","foi_nrPages":1},{"dc_format":"application/pdf","dc_identifier":"nl.gm1954.2c.2019.2829226-11.doc.5","dc_source":"https://api1.ibabs.eu/publicdownload.aspx?site=Beekdaelen&id=871edaed-c1e5-4be1-86bc-07fba61379a3","dc_title":"Bijlage 3 - 09082019 - Benchmark Facilicom Solutions","dc_type":"bijlage","foi_fairiscoreVersions":{"v1":2,"v2":1},"foi_fileName":"Bijlage%203%20-%2009082019%20-%20Benchmark%20Facilicom%20Solutions.pdf%20-%20Z19129250%20-%20199356.pdf","foi_nrPages":3},{"dc_format":"application/pdf","dc_identifier":"nl.gm1954.2c.2019.2829226-11.doc.6","dc_source":"https://api1.ibabs.eu/publicdownload.aspx?site=Beekdaelen&id=c6f35c42-b037-4e8f-94d9-146f0bc8b990","dc_title":"Bijlage 4 - 09082019 - Lijst met besparingsmogelijkheden","dc_type":"bijlage","foi_fairiscoreVersions":{"v1":1,"v2":1},"foi_fileName":"Bijlage%204%20-%2009082019%20-%20Lijst%20met%20besparingsmogelijkheden.pdf%20-%20Z19129250%20-%20199356.pdf","foi_nrPages":1},{"dc_format":"application/pdf","dc_identifier":"nl.gm1954.2c.2019.2829226-11.doc.7","dc_source":"https://api1.ibabs.eu/publicdownload.aspx?site=Beekdaelen&id=cb7e7cc9-d394-4a6b-9f73-a83b5dff3b04","dc_title":"Bijlage 5a - Advies GGD Zuid-Limburg","dc_type":"bijlage","foi_fairiscoreVersions":{"v1":1,"v2":1},"foi_fileName":"Bijlage%205%20-%20Advies%20GGD%20Zuid-Limburg.pdf%20-%20Z19129250%20-%20199356.pdf","foi_nrPages":2},{"dc_format":"application/pdf","dc_identifier":"nl.gm1954.2c.2019.2829226-11.doc.8","dc_source":"https://api1.ibabs.eu/publicdownload.aspx?site=Beekdaelen&id=599c9e97-79bb-44b5-8cdb-95ae37eeed69","dc_title":"Bijlage 5b - Richtlijnen RIVM","dc_type":"bijlage","foi_fairiscoreVersions":{"v1":1,"v2":1},"foi_fileName":"Bijlage%205%20-%20Richtlijnen%20RIVM.pdf%20-%20Z19129250%20-%20199356.pdf","foi_nrPages":6},{"dc_format":"application/pdf","dc_identifier":"nl.gm1954.2c.2019.2829226-11.doc.9","dc_source":"https://api1.ibabs.eu/publicdownload.aspx?site=Beekdaelen&id=d59b3d8d-b96f-4f55-a8ee-c8864124b662","dc_title":"Bijlage 6 - 09082019 - Overzicht kapitalisatie energiebesparingen","dc_type":"bijlage","foi_fairiscoreVersions":{"v1":1,"v2":1},"foi_fileName":"Bijlage%206%20-%2009082019%20-%20Overzicht%20kapitalisatie%20energiebesparingen.pdf%20-%20Z19129250%20-%20199356.pdf","foi_nrPages":1},{"dc_format":"application/pdf","dc_identifier":"nl.gm1954.2c.2019.2829226-11.doc.10","dc_source":"https://api1.ibabs.eu/publicdownload.aspx?site=Beekdaelen&id=1364623f-13e9-4856-9a65-44bb3e382d55","dc_title":"Bijlage 7 - 13082019 - Overzicht 10 jarenplan - MJOP - Raad","dc_type":"bijlage","foi_fairiscoreVersions":{"v1":1,"v2":1},"foi_fileName":"Bijlage%207%20-%2013082019%20-%20Overzicht%2010%20jarenplan%20-%20MJOP%20-%20Raad.pdf%20-%20Z19129250%20-%20199356.pdf","foi_nrPages":4},{"dc_format":"application/pdf","dc_identifier":"nl.gm1954.2c.2019.2829226-11.doc.11","dc_source":"https://api1.ibabs.eu/publicdownload.aspx?site=Beekdaelen&id=a0477535-3a3c-43ce-9474-9345bf7ad2aa","dc_title":"Bijlage 9 - Begrotingswijziging inzaken meerjarig onderhoudsplan gebouwen 2020-2029","dc_type":"bijlage","foi_fairiscoreVersions":{"v1":1,"v2":1},"foi_fileName":"Bijlage%209%20-%20Begrotingswijziging%20inzaken%20meerjarig%20onderhoudsplan%20gebouwen%202020-2029.pdf%20-%20Z19129250%20-%20199356.pdf","foi_nrPages":1},{"dc_format":"application/pdf","dc_identifier":"nl.gm1954.2c.2019.2829226-11.doc.13","dc_source":"https://api1.ibabs.eu/publicdownload.aspx?site=Beekdaelen&id=56d01cfa-361a-4e4e-8f03-6e134fabe59b","dc_title":"Memo Z.18040 INT 23980 -- Loods Nierhoven","dc_type":"bijlage","foi_fairiscoreVersions":{"v1":1,"v2":1},"foi_fileName":"Memo%20Z.18040%20INT%2023980%20--%20Loods%20Nierhoven.pdf","foi_nrPages":1},{"dc_format":"application/pdf","dc_identifier":"nl.gm1954.2c.2019.2829226-11.doc.2","dc_source":"https://api1.ibabs.eu/publicdownload.aspx?site=Beekdaelen&id=f2c02596-895a-4ec0-88ae-c4cbcd0e4fec","dc_title":"Raadsbesluit Meerjarenonderhoudsplan gebouwen 2020-2029 - vastgesteld raad 08102019","dc_type":"bijlage","foi_fairiscoreVersions":{"v1":1,"v2":1},"foi_fileName":"RB%20Meerjarenonderhoudsplan%20gebouwen%202020-2029.pdf","foi_nrPages":1},{"dc_format":"application/pdf","dc_identifier":"nl.gm1954.2c.2019.2829226-11.doc.1","dc_source":"https://api1.ibabs.eu/publicdownload.aspx?site=Beekdaelen&id=682db579-8b2b-431a-8e08-24c0ba7dccf1","dc_title":"Raadsvoorstel Meerjarenonderhoudsplan gebouwen 2020-2029","dc_type":"bijlage","foi_fairiscoreVersions":{"v1":1,"v2":1},"foi_fileName":"RV%20Meerjarenonderhoudsplan%20gebouwen%202020-2029.pdf","foi_nrPages":6},{"dc_format":"application/pdf","dc_identifier":"nl.gm1954.2c.2019.2829226-11.doc.12","dc_source":"https://api1.ibabs.eu/publicdownload.aspx?site=Beekdaelen&id=daafbbdb-1247-474f-82e5-84fb46a19144","dc_title":"Vragen en antwoorden cie 24 september 2019 vaststellen MJOP","dc_type":"bijlage","foi_fairiscoreVersions":{"v1":2,"v2":1},"foi_fileName":"Vragen%20en%20antwoorden%20cie%2024%20september%202019%20vaststellen%20MJOP.pdf","foi_nrPages":6}],"foi_nrDocuments":13,"foi_nrPagesInDossier":34,"foi_publishedDate":"2019-09-24","foi_retrievedDate":"2026-01-22"},{"dc_creator":"HandelingScraper_v1","dc_date_year":2019,"dc_description":"Vergadering van de Gemeente Beekdaelen op 2019-09-24. Onderdeel: DOORGESCHOVEN NAAR 30 SEPT. 2019 Raadsvoorstel inzake kredietvoorstel herstelwerkzaamheden sporthal In de Pollack.","dc_identifier":"nl.gm1954.2c.2019.2829226-13","dc_publisher":"gm1954","dc_source":"https://beekdaelen.bestuurlijkeinformatie.nl/Agenda/Index/b0c97250-357c-4a43-8a48-5d94e62e0768","dc_title":"Raadscommissie (2019 t/m januari 2020) 2019-09-24 - DOORGESCHOVEN NAAR 30 SEPT. 2019 Raadsvoorstel inzake kredietvoorstel herstelwerkzaamheden sporthal In de Pollack","dc_type":"2c","dc_type_description":"Vergaderstuk decentrale overheid","foi_fairiscoreVersions":{"v1":1,"v2":1},"foi_files":[{"dc_format":"application/pdf","dc_identifier":"nl.gm1954.2c.2019.2829226-13.doc.2","dc_source":"https://api1.ibabs.eu/publicdownload.aspx?site=Beekdaelen&id=bba3db36-7336-45f2-a89a-b7c7d1d78585","dc_title":"Raadsbesluit voteren krediet herstelwerkzaamheden brand In de Pollack Oirsbeek - vastgesteld Raad 08102019","dc_type":"bijlage","foi_fairiscoreVersions":{"v1":1,"v2":1},"foi_fileName":"205787_1.DOCX%20-%20Raadsbesluit%20Voteren%20krediet%20herstelwerkzaamheden%20brand%20In%20de%20Pollack%20Oirsbeek.pdf","foi_nrPages":1},{"dc_format":"application/pdf","dc_identifier":"nl.gm1954.2c.2019.2829226-13.doc.3","dc_source":"https://api1.ibabs.eu/publicdownload.aspx?site=Beekdaelen&id=515ebf70-ba6d-4fb8-b020-15e0731ec437","dc_title":"Bijlage Begrotingswijziging 8 herstelwerkzaamheden brand In de Pollack","dc_type":"bijlage","foi_fairiscoreVersions":{"v1":1,"v2":1},"foi_fileName":"Begrotingswijziging%208%20herstelwerkzaamheden%20in%20de%20Pollack.pdf","foi_nrPages":1},{"dc_format":"application/pdf","dc_identifier":"nl.gm1954.2c.2019.2829226-13.doc.1","dc_source":"https://api1.ibabs.eu/publicdownload.aspx?site=Beekdaelen&id=acc5e2da-3258-4480-9e83-645c28922a58","dc_title":"Raadsvoorstel inzake krediet herstelwerkzaamheden sporthal In de Pollack","dc_type":"bijlage","foi_fairiscoreVersions":{"v1":1,"v2":1},"foi_fileName":"RV%20inzake%20krediet%20herstelwerkzaamheden%20sporthal%20In%20de%20Pollack.pdf","foi_nrPages":2},{"dc_format":"application/pdf","dc_identifier":"nl.gm1954.2c.2019.2829226-13.doc.4","dc_source":"https://api1.ibabs.eu/publicdownload.aspx?site=Beekdaelen&id=bda47dbb-649a-418b-91ca-2d4b4c4527f1","dc_title":"Vragen en antwoorden cie 24 september 2019 herstelwerkzaamheden In de Pollack","dc_type":"bijlage","foi_fairiscoreVersions":{"v1":1,"v2":1},"foi_fileName":"Vragen%20en%20antwoorden%20cie%2024%20september%202019%20herstelwerkzaamheden%20In%20de%20Pollack.pdf","foi_nrPages":1}],"foi_nrDocuments":4,"foi_nrPagesInDossier":5,"foi_publishedDate":"2019-09-24","foi_retrievedDate":"2025-12-02"},{"dc_creator":"HandelingScraper_v1","dc_date_year":2019,"dc_description":"Vergadering van de Gemeente Beekdaelen op 2019-09-24. Onderdeel: DOORGESCHOVEN NAAR 30 SEPT. 2019 Raadsvoorstel inzake herinrichting Markt Nuth.","dc_identifier":"nl.gm1954.2c.2019.2829226-14","dc_publisher":"gm1954","dc_source":"https://beekdaelen.bestuurlijkeinformatie.nl/Agenda/Index/b0c97250-357c-4a43-8a48-5d94e62e0768","dc_title":"Raadscommissie (2019 t/m januari 2020) 2019-09-24 - DOORGESCHOVEN NAAR 30 SEPT. 2019 Raadsvoorstel inzake herinrichting Markt Nuth","dc_type":"2c","dc_type_description":"Vergaderstuk decentrale overheid","foi_fairiscoreVersions":{"v1":2,"v2":2},"foi_files":[{"dc_format":"application/pdf","dc_identifier":"nl.gm1954.2c.2019.2829226-14.doc.3","dc_source":"https://api1.ibabs.eu/publicdownload.aspx?site=Beekdaelen&id=c7e4f102-b4a4-412f-8070-7e5392dca78b","dc_title":"Bijlage 1 20190527 BKD204 inrichtingsvariant 01 Kragten def 1","dc_type":"bijlage","foi_fairiscoreVersions":{"v1":2,"v2":2},"foi_fileName":"Bijlage%201%2020190527%20BKD204%20inrichtingsvariant%2001%20Kragten%20def%201.pdf","foi_nrPages":1},{"dc_format":"application/pdf","dc_identifier":"nl.gm1954.2c.2019.2829226-14.doc.4","dc_source":"https://api1.ibabs.eu/publicdownload.aspx?site=Beekdaelen&id=85876d35-76f5-4320-8642-5f37cbb48c40","dc_title":"Bijlage 2 RV herinrichting Markt 2e behandeling - besluit Raad 27112018 INGETROKKEN","dc_type":"bijlage","foi_fairiscoreVersions":{"v1":3,"v2":3},"foi_fileName":"Bijlage%202%20RV%20herinrichting%20Markt%202e%20behandeling%20-%20besluit%20Raad%2027112018%20INGETROKKEN.pdf","foi_nrPages":3},{"dc_format":"application/pdf","dc_identifier":"nl.gm1954.2c.2019.2829226-14.doc.5","dc_source":"https://api1.ibabs.eu/publicdownload.aspx?site=Beekdaelen&id=40dc1e06-2b58-4cc0-9b66-e949e2a71563","dc_title":"Bijlage 3 Begrotingswijziging 5 aanvullende middelen markt Nuth","dc_type":"bijlage","foi_fairiscoreVersions":{"v1":1,"v2":1},"foi_fileName":"Bijlage%203%20Begrotingswijziging%205%20aanvullende%20middelen%20markt%20Nuth.pdf","foi_nrPages":1},{"dc_format":"application/pdf","dc_identifier":"nl.gm1954.2c.2019.2829226-14.doc.2","dc_source":"https://api1.ibabs.eu/publicdownload.aspx?site=Beekdaelen&id=49d023b8-a1c8-4f0c-b29f-96312a06f638","dc_title":"Raadsbesluit herinrichting Markt Nuth - vastgesteld Raad 08102019","dc_type":"bijlage","foi_fairiscoreVersions":{"v1":1,"v2":1},"foi_fileName":"RB%20herinrichting%20Markt%20Nuth%20concept.pdf","foi_nrPages":1},{"dc_format":"application/pdf","dc_identifier":"nl.gm1954.2c.2019.2829226-14.doc.1","dc_source":"https://api1.ibabs.eu/publicdownload.aspx?site=Beekdaelen&id=2c4dc334-dfbd-49a2-892f-a58de73c1d8d","dc_title":"Raadsvoorstel herinrichting Markt Nuth","dc_type":"bijlage","foi_fairiscoreVersions":{"v1":1,"v2":1},"foi_fileName":"RV%20herinrichting%20Markt%20Nuth.pdf","foi_nrPages":3},{"dc_format":"application/pdf","dc_identifier":"nl.gm1954.2c.2019.2829226-14.doc.6","dc_source":"https://api1.ibabs.eu/publicdownload.aspx?site=Beekdaelen&id=c3428004-ae93-419e-9593-f78ce98bf665","dc_title":"Vragen en antwoorden cie 24 september 2019 herinrichting Markt Nuth","dc_type":"bijlage","foi_fairiscoreVersions":{"v1":2,"v2":1},"foi_fileName":"Vragen%20en%20antwoorden%20cie%2024%20september%202019%20herinrichting%20Markt%20Nuth.pdf","foi_nrPages":2}],"foi_nrDocuments":6,"foi_nrPagesInDossier":11,"foi_publishedDate":"2019-09-24","foi_retrievedDate":"2026-02-05"},{"dc_creator":"HandelingScraper_v1","dc_date_year":2019,"dc_description":"Vergadering van de Gemeente Beekdaelen op 2019-09-24. Onderdeel: DOORGESCHOVEN NAAR 30 SEPT. 2019Raadsvoorstel inzake instemmen met beleidskader AWACS.","dc_identifier":"nl.gm1954.2c.2019.2829226-16","dc_publisher":"gm1954","dc_source":"https://beekdaelen.bestuurlijkeinformatie.nl/Agenda/Index/b0c97250-357c-4a43-8a48-5d94e62e0768","dc_title":"Raadscommissie (2019 t/m januari 2020) 2019-09-24 - DOORGESCHOVEN NAAR 30 SEPT. 2019Raadsvoorstel inzake instemmen met beleidskader AWACS","dc_type":"2c","dc_type_description":"Vergaderstuk decentrale overheid","foi_fairiscoreVersions":{"v1":2,"v2":2},"foi_files":[{"dc_format":"application/pdf","dc_identifier":"nl.gm1954.2c.2019.2829226-16.doc.3","dc_source":"https://api1.ibabs.eu/publicdownload.aspx?site=Beekdaelen&id=15d617fe-5d14-4af3-9775-e3b19f7762d3","dc_title":"Etil - Een vliegende start - definitief (003)","dc_type":"bijlage","foi_fairiscoreVersions":{"v1":2,"v2":2},"foi_fileName":"Etil%20-%20Een%20vliegende%20start%20-%20definitief%20%28003%29.pdf","foi_nrPages":32},{"dc_format":"application/pdf","dc_identifier":"nl.gm1954.2c.2019.2829226-16.doc.2","dc_source":"https://api1.ibabs.eu/publicdownload.aspx?site=Beekdaelen&id=a3962f15-dfe1-4adb-9b56-870e542137ec","dc_title":"Raadsbesluit beleidskaders AWACS - vastgesteld Raad 08102019","dc_type":"bijlage","foi_fairiscoreVersions":{"v1":1,"v2":1},"foi_fileName":"RB%20beleidskaders%20AWACS.pdf","foi_nrPages":1},{"dc_format":"application/pdf","dc_identifier":"nl.gm1954.2c.2019.2829226-16.doc.1","dc_source":"https://api1.ibabs.eu/publicdownload.aspx?site=Beekdaelen&id=3dac6a5f-d5e2-4eaa-9a12-d12981400010","dc_title":"Raadsvoorstel beleidskaders AWACS","dc_type":"bijlage","foi_fairiscoreVersions":{"v1":1,"v2":1},"foi_fileName":"RV%20beleidskaders%20AWACS.pdf","foi_nrPages":4},{"dc_format":"application/pdf","dc_identifier":"nl.gm1954.2c.2019.2829226-16.doc.4","dc_source":"https://api1.ibabs.eu/publicdownload.aspx?site=Beekdaelen&id=4171be4a-77b6-404f-bc79-1de420079d86","dc_title":"Vragen en antwoorden cie 24 september 2019 beleidskader AWACS","dc_type":"bijlage","foi_fairiscoreVersions":{"v1":1,"v2":1},"foi_fileName":"Vragen%20en%20antwoorden%20cie%2024%20september%202019%20beleidskader%20AWACS.pdf","foi_nrPages":2}],"foi_nrDocuments":4,"foi_nrPagesInDossier":39,"foi_publishedDate":"2019-09-24","foi_retrievedDate":"2026-02-11"},{"dc_creator":"HandelingScraper_v1","dc_date_year":2019,"dc_description":"Vergadering van de Gemeente Beekdaelen op 2019-09-24. Onderdeel: DOORGESCHOVEN NAAR 30 SEPT. 2019 Raadsvoorstel inzake verlengen Gemeentelijke rioleringsplannen voormalige gemeenten Nuth en Onderbanken tot 1 januari 2021.","dc_identifier":"nl.gm1954.2c.2019.2829226-17","dc_publisher":"gm1954","dc_source":"https://beekdaelen.bestuurlijkeinformatie.nl/Agenda/Index/b0c97250-357c-4a43-8a48-5d94e62e0768","dc_title":"Raadscommissie (2019 t/m januari 2020) 2019-09-24 - DOORGESCHOVEN NAAR 30 SEPT. 2019 Raadsvoorstel inzake verlengen Gemeentelijke rioleringsplannen voormalige gemeenten Nuth en Onderbanken tot 1 januari 2021","dc_type":"2c","dc_type_description":"Vergaderstuk decentrale overheid","foi_fairiscoreVersions":{"v1":null,"v2":null},"foi_files":[{"dc_format":"application/pdf","dc_identifier":"nl.gm1954.2c.2019.2829226-17.doc.2","dc_source":"https://api1.ibabs.eu/publicdownload.aspx?site=Beekdaelen&id=16072dcb-7087-4a8d-a785-0e3c4379742e","dc_title":"Raadsbesluit verlengen vigerende doorlooptijd rioleringsplannen vm gemeenten Onderbanken en Nuth - vastgesteld raad 08102019","dc_type":"bijlage","foi_fileName":"RB%20verlengen%20vigerende%20doorlooptijd%20rioleringsplannen%20vm%20gemeenten%20Onderbanken_%20Nuth%20en%20Schinnen.pdf"},{"dc_format":"application/pdf","dc_identifier":"nl.gm1954.2c.2019.2829226-17.doc.1","dc_source":"https://api1.ibabs.eu/publicdownload.aspx?site=Beekdaelen&id=ed30d1c9-ca0e-40b4-a480-12d34bc17c3f","dc_title":"Raadsvoorstel verlengen vigerende doorlooptijd rioleringsplannen vm gemeenten Nuth en Onderbanken","dc_type":"bijlage","foi_fileName":"RV%20verlengen%20vigerende%20doorlooptijd%20rioleringsplannen%20vm%20gemeenten%20Nuth%20en%20Onderbanken.pdf"},{"dc_format":"application/pdf","dc_identifier":"nl.gm1954.2c.2019.2829226-17.doc.3","dc_source":"https://api1.ibabs.eu/publicdownload.aspx?site=Beekdaelen&id=34220f07-87aa-4901-a7cf-980da35bd310","dc_title":"Vragen en antwoorden cie 24 september 2019 verlengen gemeentelijke rioleringsplannen","dc_type":"bijlage","foi_fileName":"Vragen%20en%20antwoorden%20cie%2024%20september%202019%20verlengen%20gemeentelijke%20rioleringsplannen.pdf"}],"foi_nrDocuments":3,"foi_nrPagesInDossier":0,"foi_publishedDate":"2019-09-24","foi_retrievedDate":"2025-11-30"},{"dc_creator":"HandelingScraper_v1","dc_date_year":2019,"dc_description":"Vergadering van de Gemeente Beekdaelen op 2019-09-24. Onderdeel: DOORGESCHOVEN NAAR 30 SEPT. 2019Raadsvoorstel inzake voortzetten starterslening en vaststellen Verordening \"Starterslening Beekdaelen 2020\".","dc_identifier":"nl.gm1954.2c.2019.2829226-18","dc_publisher":"gm1954","dc_source":"https://beekdaelen.bestuurlijkeinformatie.nl/Agenda/Index/b0c97250-357c-4a43-8a48-5d94e62e0768","dc_title":"Raadscommissie (2019 t/m januari 2020) 2019-09-24 - DOORGESCHOVEN NAAR 30 SEPT. 2019Raadsvoorstel inzake voortzetten starterslening en vaststellen Verordening \"Starterslening Beekdaelen 2020\"","dc_type":"2c","dc_type_description":"Vergaderstuk decentrale overheid","foi_fairiscoreVersions":{"v1":2,"v2":1},"foi_files":[{"dc_format":"application/pdf","dc_identifier":"nl.gm1954.2c.2019.2829226-18.doc.2","dc_source":"https://api1.ibabs.eu/publicdownload.aspx?site=Beekdaelen&id=82833e49-c5af-457e-8b1f-1cde5e4f4944","dc_title":"Raadsbesluit inzake de verordening starterslening Beekdaelen 2020 - vastgesteld Raad 08102019","dc_type":"bijlage","foi_fairiscoreVersions":{"v1":1,"v2":1},"foi_fileName":"RB%20inzake%20de%20verordening%20starterslening%20Beekdaelen%202020.pdf","foi_nrPages":1},{"dc_format":"application/pdf","dc_identifier":"nl.gm1954.2c.2019.2829226-18.doc.1","dc_source":"https://api1.ibabs.eu/publicdownload.aspx?site=Beekdaelen&id=f628c54b-8407-4e85-989d-9aae38351cdb","dc_title":"Raadsvoorstel verordening Starterslening Beekdaelen","dc_type":"bijlage","foi_fairiscoreVersions":{"v1":1,"v2":1},"foi_fileName":"RV%20verordening%20Starterslening%20Beekdaelen.pdf","foi_nrPages":3},{"dc_format":"application/pdf","dc_identifier":"nl.gm1954.2c.2019.2829226-18.doc.3","dc_source":"https://api1.ibabs.eu/publicdownload.aspx?site=Beekdaelen&id=7f134fcc-7aaa-46c2-8255-ae737b378fd0","dc_title":"Verordening Starterslening Beekdaelen 2020 vastgesteld Raad 08102019","dc_type":"bijlage","foi_fairiscoreVersions":{"v1":1,"v2":1},"foi_fileName":"Verordening%20Starterslening%20Beekdaelen%202020.pdf","foi_nrPages":3},{"dc_format":"application/pdf","dc_identifier":"nl.gm1954.2c.2019.2829226-18.doc.4","dc_source":"https://api1.ibabs.eu/publicdownload.aspx?site=Beekdaelen&id=251743aa-3d3e-41c7-9d89-0a59116f51ea","dc_title":"Vragen en antwoorden cie 24 september 2019 starterslening - volledig","dc_type":"bijlage","foi_fairiscoreVersions":{"v1":2,"v2":1},"foi_fileName":"Vragen%20en%20antwoorden%20cie%2024%20september%202019%20starterslening.pdf","foi_nrPages":2}],"foi_nrDocuments":4,"foi_nrPagesInDossier":9,"foi_publishedDate":"2019-09-24","foi_retrievedDate":"2026-02-06"},{"dc_creator":"HandelingScraper_v1","dc_date_year":2019,"dc_description":"Vergadering van de Gemeente Beekdaelen op 2019-09-24. Onderdeel: Opening, mededelingen voorzitter en vaststellen agenda.","dc_identifier":"nl.gm1954.2c.2019.2829226-2","dc_publisher":"gm1954","dc_source":"https://beekdaelen.bestuurlijkeinformatie.nl/Agenda/Index/b0c97250-357c-4a43-8a48-5d94e62e0768","dc_title":"Raadscommissie (2019 t/m januari 2020) 2019-09-24 - Opening, mededelingen voorzitter en vaststellen agenda","dc_type":"2c","dc_type_description":"Vergaderstuk decentrale overheid","foi_fairiscoreVersions":{"v1":1,"v2":1},"foi_files":[{"dc_format":"application/pdf","dc_identifier":"nl.gm1954.2c.2019.2829226-2.doc.1","dc_source":"https://api1.ibabs.eu/publicdownload.aspx?site=Beekdaelen&id=0f6d0355-a217-456c-a920-7ecc9ae4962e","dc_title":"Vastgestelde agenda raadscommissie 24092019 - 263983","dc_type":"bijlage","foi_fairiscoreVersions":{"v1":1,"v2":1},"foi_fileName":"Vastgestelde%20agenda%20raadscommissie%2024092019%20-%20263983.pdf","foi_nrPages":3}],"foi_nrDocuments":1,"foi_nrPagesInDossier":3,"foi_publishedDate":"2019-09-24","foi_retrievedDate":"2025-11-30"},{"dc_creator":"HandelingScraper_v1","dc_date_year":2019,"dc_description":"Vergadering van de Gemeente Beekdaelen op 2019-09-24. Onderdeel: Raadsvoorstel inzake vaststellen bestemmingsplan 'Kern Nuth, Voorsterstraat 13 en 15, Valkenburgerweg 17'.","dc_identifier":"nl.gm1954.2c.2019.2829226-20","dc_publisher":"gm1954","dc_source":"https://beekdaelen.bestuurlijkeinformatie.nl/Agenda/Index/b0c97250-357c-4a43-8a48-5d94e62e0768","dc_title":"Raadscommissie (2019 t/m januari 2020) 2019-09-24 - Raadsvoorstel inzake vaststellen bestemmingsplan 'Kern Nuth, Voorsterstraat 13 en 15, Valkenburgerweg 17'","dc_type":"2c","dc_type_description":"Vergaderstuk decentrale overheid","foi_fairiscoreVersions":{"v1":1,"v2":1},"foi_files":[{"dc_format":"application/pdf","dc_identifier":"nl.gm1954.2c.2019.2829226-20.doc.2","dc_source":"https://api1.ibabs.eu/publicdownload.aspx?site=Beekdaelen&id=60b75973-9e9f-4533-98b0-6daf034868f7","dc_title":"Raadsbesluit Bestemmingsplan kern Nuth - Voorsterstraat etc - vastgesteld Raad 08102019","dc_type":"bijlage","foi_fairiscoreVersions":{"v1":1,"v2":1},"foi_fileName":"RB%20Bestemmingsplan%20kern%20Nuth%20-%20Voorsterstraat%20etc.pdf","foi_nrPages":1},{"dc_format":"application/pdf","dc_identifier":"nl.gm1954.2c.2019.2829226-20.doc.1","dc_source":"https://api1.ibabs.eu/publicdownload.aspx?site=Beekdaelen&id=57aad14a-feec-4968-bae7-2233c881c95a","dc_title":"Raadsvoorstel Bestemmingsplan kern Nuth - Voorsterstraat etc","dc_type":"bijlage","foi_fairiscoreVersions":{"v1":1,"v2":1},"foi_fileName":"RV%20Bestemmingsplan%20kern%20Nuth%20-%20Voorsterstraat%20etc.pdf","foi_nrPages":3},{"dc_format":"application/pdf","dc_identifier":"nl.gm1954.2c.2019.2829226-20.doc.3","dc_source":"https://api1.ibabs.eu/publicdownload.aspx?site=Beekdaelen&id=852584bd-b1fe-491e-8f71-43b0ed9d756e","dc_title":"Vragen en antwoorden cie 24 september 2019 bp kern Nuth Voorsterstraat en Valkenburgerweg","dc_type":"bijlage","foi_fairiscoreVersions":{"v1":1,"v2":1},"foi_fileName":"Vragen%20en%20antwoorden%20cie%2024%20september%202019%20bp%20kern%20Nuth%20Voorsterstraat%20en%20Valkenburgerweg.pdf","foi_nrPages":1}],"foi_nrDocuments":3,"foi_nrPagesInDossier":5,"foi_publishedDate":"2019-09-24","foi_retrievedDate":"2026-02-06"},{"dc_creator":"HandelingScraper_v1","dc_date_year":2019,"dc_description":"Vergadering van de Gemeente Beekdaelen op 2019-09-24. Onderdeel: Vaststellen actiepuntenlijsten van de commissie d.d. 18, 20 en 25 juni 2019.","dc_identifier":"nl.gm1954.2c.2019.2829226-3","dc_publisher":"gm1954","dc_source":"https://beekdaelen.bestuurlijkeinformatie.nl/Agenda/Index/b0c97250-357c-4a43-8a48-5d94e62e0768","dc_title":"Raadscommissie (2019 t/m januari 2020) 2019-09-24 - Vaststellen actiepuntenlijsten van de commissie d.d. 18, 20 en 25 juni 2019","dc_type":"2c","dc_type_description":"Vergaderstuk decentrale overheid","foi_fairiscoreVersions":{"v1":1,"v2":1},"foi_files":[{"dc_format":"application/pdf","dc_identifier":"nl.gm1954.2c.2019.2829226-3.doc.1","dc_source":"https://api1.ibabs.eu/publicdownload.aspx?site=Beekdaelen&id=f35774a3-0f5c-4dbe-a5bb-4f7651324467","dc_title":"Actiepuntenlijst cie 18 juni 2019","dc_type":"bijlage","foi_fairiscoreVersions":{"v1":1,"v2":1},"foi_fileName":"Actiepuntenlijst%20cie%2018%20juni%202019.pdf","foi_nrPages":3},{"dc_format":"application/pdf","dc_identifier":"nl.gm1954.2c.2019.2829226-3.doc.2","dc_source":"https://api1.ibabs.eu/publicdownload.aspx?site=Beekdaelen&id=5ecfed20-4797-40c8-8cc7-e58074ae6402","dc_title":"Actiepuntenlijst cie 20 juni 2019","dc_type":"bijlage","foi_fairiscoreVersions":{"v1":1,"v2":1},"foi_fileName":"Actiepuntenlijst%20cie%2020%20juni%202019.pdf","foi_nrPages":5},{"dc_format":"application/pdf","dc_identifier":"nl.gm1954.2c.2019.2829226-3.doc.3","dc_source":"https://api1.ibabs.eu/publicdownload.aspx?site=Beekdaelen&id=f9041b34-ce07-4787-b87f-2feafc13c10c","dc_title":"Actiepuntenlijst cie 25 juni 2019","dc_type":"bijlage","foi_fairiscoreVersions":{"v1":1,"v2":1},"foi_fileName":"Actiepuntenlijst%20cie%2025%20juni%202019.pdf","foi_nrPages":7}],"foi_nrDocuments":3,"foi_nrPagesInDossier":15,"foi_publishedDate":"2019-09-24","foi_retrievedDate":"2026-03-10"},{"dc_creator":"HandelingScraper_v1","dc_date_year":2019,"dc_description":"Vergadering van de Gemeente Beekdaelen op 2019-09-24. Onderdeel: Mondelinge vervolgvragen ter zake gegeven artikel 32 antwoorden.","dc_identifier":"nl.gm1954.2c.2019.2829226-4","dc_publisher":"gm1954","dc_source":"https://beekdaelen.bestuurlijkeinformatie.nl/Agenda/Index/b0c97250-357c-4a43-8a48-5d94e62e0768","dc_title":"Raadscommissie (2019 t/m januari 2020) 2019-09-24 - Mondelinge vervolgvragen ter zake gegeven artikel 32 antwoorden","dc_type":"2c","dc_type_description":"Vergaderstuk decentrale overheid","foi_fairiscoreVersions":{"v1":1,"v2":1},"foi_files":[{"dc_format":"application/pdf","dc_identifier":"nl.gm1954.2c.2019.2829226-4.doc.1","dc_source":"https://api1.ibabs.eu/publicdownload.aspx?site=Beekdaelen&id=2b42240a-eb55-4d91-ab10-b20ffa4b0ffa","dc_title":"Aanvullende vragen van raadslid Pieper.docx","dc_type":"bijlage","foi_fairiscoreVersions":{"v1":1,"v2":1},"foi_fileName":"Aanvullende%20vragen%20van%20raadslid%20Pieper.pdf","foi_nrPages":1}],"foi_nrDocuments":1,"foi_nrPagesInDossier":1,"foi_publishedDate":"2019-09-24","foi_retrievedDate":"2026-02-06"},{"dc_creator":"HandelingScraper_v1","dc_date_year":2019,"dc_description":"Vergadering van de Gemeente Beekdaelen op 2019-09-24. Onderdeel: Raadsvoorstel inzake vaststellen nota reserves en voorzieningen.","dc_identifier":"nl.gm1954.2c.2019.2829226-5","dc_publisher":"gm1954","dc_source":"https://beekdaelen.bestuurlijkeinformatie.nl/Agenda/Index/b0c97250-357c-4a43-8a48-5d94e62e0768","dc_title":"Raadscommissie (2019 t/m januari 2020) 2019-09-24 - Raadsvoorstel inzake vaststellen nota reserves en voorzieningen","dc_type":"2c","dc_type_description":"Vergaderstuk decentrale overheid","foi_fairiscoreVersions":{"v1":2,"v2":1},"foi_files":[{"dc_format":"application/pdf","dc_identifier":"nl.gm1954.2c.2019.2829226-5.doc.3","dc_source":"https://api1.ibabs.eu/publicdownload.aspx?site=Beekdaelen&id=3a00a321-0eb7-4594-b472-db22aa0dcfb0","dc_title":"Bijlage 1 Nota reserves en voorzieningen Beekdaelen  VERVALLEN","dc_type":"bijlage","foi_fairiscoreVersions":{"v1":2,"v2":1},"foi_fileName":"Bijlage%201%20Nota%20reserves%20en%20voorzieningen%20Beekdaelen.pdf","foi_nrPages":22},{"dc_format":"application/pdf","dc_identifier":"nl.gm1954.2c.2019.2829226-5.doc.4","dc_source":"https://api1.ibabs.eu/publicdownload.aspx?site=Beekdaelen&id=b87c0bb3-29b2-4ce3-96c5-9a021d353bc0","dc_title":"Bijlage 2 bijlage bij nota reserves en voorzieningen","dc_type":"bijlage","foi_fairiscoreVersions":{"v1":1,"v2":1},"foi_fileName":"Bijlage%202%20bijlage%20bij%20nota%20reserves%20en%20voorzieningen.pdf","foi_nrPages":3},{"dc_format":"application/pdf","dc_identifier":"nl.gm1954.2c.2019.2829226-5.doc.2","dc_source":"https://api1.ibabs.eu/publicdownload.aspx?site=Beekdaelen&id=9f5f1de6-3bf3-4ff4-867b-674b3b6dc4ba","dc_title":"RB nota reserves en voorzieningen","dc_type":"bijlage","foi_fairiscoreVersions":{"v1":1,"v2":1},"foi_fileName":"RB%20nota%20reserves%20en%20voorzieningen.pdf","foi_nrPages":1},{"dc_format":"application/pdf","dc_identifier":"nl.gm1954.2c.2019.2829226-5.doc.1","dc_source":"https://api1.ibabs.eu/publicdownload.aspx?site=Beekdaelen&id=406b87b2-6e5f-4564-b91d-7bef04b670a1","dc_title":"Raadsvoorstel nota reserves en voorzieningen","dc_type":"bijlage","foi_fairiscoreVersions":{"v1":1,"v2":1},"foi_fileName":"RV%20nota%20reserves%20en%20voorzieningen.pdf","foi_nrPages":3},{"dc_format":"application/pdf","dc_identifier":"nl.gm1954.2c.2019.2829226-5.doc.5","dc_source":"https://api1.ibabs.eu/publicdownload.aspx?site=Beekdaelen&id=28e728f8-7e7a-4bbd-b052-66cfa05b3e19","dc_title":"Vragen en antwoorden cie 24 september 2019 nota reserves en voorzieningen","dc_type":"bijlage","foi_fairiscoreVersions":{"v1":1,"v2":1},"foi_fileName":"Vragen%20en%20antwoorden%20cie%2024%20september%202019%20nota%20reserves%20en%20voorzieningen.pdf","foi_nrPages":3},{"dc_format":"application/pdf","dc_identifier":"nl.gm1954.2c.2019.2829226-5.doc.6","dc_source":"https://api1.ibabs.eu/publicdownload.aspx?site=Beekdaelen&id=34c5898e-9e87-4e5f-9029-93bac77170c9","dc_title":"Vragen VVD inzake Masterplan Schinveld","dc_type":"bijlage","foi_fairiscoreVersions":{"v1":1,"v2":1},"foi_fileName":"Vragen%20VVD%20inzake%20Masterplan%20Schinveld.pdf","foi_nrPages":1}],"foi_nrDocuments":6,"foi_nrPagesInDossier":33,"foi_publishedDate":"2019-09-24","foi_retrievedDate":"2025-11-30"},{"dc_creator":"HandelingScraper_v1","dc_date_year":2019,"dc_description":"Vergadering van de Gemeente Beekdaelen op 2019-09-24. Onderdeel: Raadsvoorstel inzake project 'Waarderen op gebruiksoppervlakte'.","dc_identifier":"nl.gm1954.2c.2019.2829226-6","dc_publisher":"gm1954","dc_source":"https://beekdaelen.bestuurlijkeinformatie.nl/Agenda/Index/b0c97250-357c-4a43-8a48-5d94e62e0768","dc_title":"Raadscommissie (2019 t/m januari 2020) 2019-09-24 - Raadsvoorstel inzake project 'Waarderen op gebruiksoppervlakte'","dc_type":"2c","dc_type_description":"Vergaderstuk decentrale overheid","foi_fairiscoreVersions":{"v1":1,"v2":1},"foi_files":[{"dc_format":"application/pdf","dc_identifier":"nl.gm1954.2c.2019.2829226-6.doc.3","dc_source":"https://api1.ibabs.eu/publicdownload.aspx?site=Beekdaelen&id=f2a007ef-7bba-48dd-bdcc-cb7d5b015751","dc_title":"Bijlage Begrotingswijziging 7 waarderen op gebruiksoppervlakte","dc_type":"bijlage","foi_fairiscoreVersions":{"v1":1,"v2":1},"foi_fileName":"Bijlage%20Begrotingswijziging%207%20waarderen%20op%20gebruiksoppervlaklte.pdf","foi_nrPages":1},{"dc_format":"application/pdf","dc_identifier":"nl.gm1954.2c.2019.2829226-6.doc.5","dc_source":"https://api1.ibabs.eu/publicdownload.aspx?site=Beekdaelen&id=359ae376-62d0-4168-a44e-599ea712590f","dc_title":"Bijlage bij beantwoording vragen CDA inzake waarderen gebruikersoppervlakte","dc_type":"bijlage","foi_fairiscoreVersions":{"v1":1,"v2":1},"foi_fileName":"Bijlage%20bij%20beantwoording%20vragen%20CDA%20inzake%20waarderen%20gebruikersoppervlakte.pdf","foi_nrPages":4},{"dc_format":"application/pdf","dc_identifier":"nl.gm1954.2c.2019.2829226-6.doc.2","dc_source":"https://api1.ibabs.eu/publicdownload.aspx?site=Beekdaelen&id=9bd0e13f-4b8d-4c66-89e8-f1283a4eb98b","dc_title":"Raadsbesluit Project waarderen op gebruiksoppervlakte - vastgesteld Raad 08102019","dc_type":"bijlage","foi_fairiscoreVersions":{"v1":1,"v2":1},"foi_fileName":"RB%20Project%20waarderen%20op%20gebruiksoppervlakte.pdf","foi_nrPages":1},{"dc_format":"application/pdf","dc_identifier":"nl.gm1954.2c.2019.2829226-6.doc.1","dc_source":"https://api1.ibabs.eu/publicdownload.aspx?site=Beekdaelen&id=bc8cf016-cc97-4ecd-8528-aa36604c2d5c","dc_title":"Raadsvoorstel Project waarderen op gebruiksoppervlakte","dc_type":"bijlage","foi_fairiscoreVersions":{"v1":1,"v2":1},"foi_fileName":"RV%20Project%20waarderen%20op%20gebruiksoppervlakte.pdf","foi_nrPages":4},{"dc_format":"application/pdf","dc_identifier":"nl.gm1954.2c.2019.2829226-6.doc.4","dc_source":"https://api1.ibabs.eu/publicdownload.aspx?site=Beekdaelen&id=200fe979-1e50-416b-a2c5-1ad144e4c307","dc_title":"Vragen en antwoorden cie 24 september 2019 waarderen op gebruiksoppervlakte","dc_type":"bijlage","foi_fairiscoreVersions":{"v1":1,"v2":1},"foi_fileName":"Vragen%20en%20antwoorden%20cie%2024%20september%202019%20waarderen%20op%20gebruiksoppervlakte.pdf","foi_nrPages":2}],"foi_nrDocuments":5,"foi_nrPagesInDossier":12,"foi_publishedDate":"2019-09-24","foi_retrievedDate":"2026-03-15"},{"dc_creator":"HandelingScraper_v1","dc_date_year":2019,"dc_description":"Vergadering van de Gemeente Beekdaelen op 2019-09-24. Onderdeel: Raadsvoorstel inzake verstrekken positieve zienswijze t.a.v. bestuursconvenant Vixia - Participatiebedrijf.","dc_identifier":"nl.gm1954.2c.2019.2829226-8","dc_publisher":"gm1954","dc_source":"https://beekdaelen.bestuurlijkeinformatie.nl/Agenda/Index/b0c97250-357c-4a43-8a48-5d94e62e0768","dc_title":"Raadscommissie (2019 t/m januari 2020) 2019-09-24 - Raadsvoorstel inzake verstrekken positieve zienswijze t.a.v. bestuursconvenant Vixia - Participatiebedrijf","dc_type":"2c","dc_type_description":"Vergaderstuk decentrale overheid","foi_fairiscoreVersions":{"v1":2,"v2":1},"foi_files":[{"dc_format":"application/pdf","dc_identifier":"nl.gm1954.2c.2019.2829226-8.doc.3","dc_source":"https://api1.ibabs.eu/publicdownload.aspx?site=Beekdaelen&id=71d0dfb6-5891-4c2d-a9ab-405c79a694de","dc_title":"Bijlage 1a Bestuursconvenant Integraal Participatiebedrijf definitieve versie 26 juni 2019","dc_type":"bijlage","foi_fairiscoreVersions":{"v1":1,"v2":1},"foi_fileName":"Bijlage%201a%20Bestuursconvenant%20Integraal%20Participatiebedrijf%20definitieve%20versie%2026%20juni%202019.pdf","foi_nrPages":5},{"dc_format":"application/pdf","dc_identifier":"nl.gm1954.2c.2019.2829226-8.doc.4","dc_source":"https://api1.ibabs.eu/publicdownload.aspx?site=Beekdaelen&id=dbf40cbc-00d8-4846-bfb9-5745c3fb046c","dc_title":"Bijlage 1b Participatiebedrijf Toelichting bij bestuursconvenant definitief","dc_type":"bijlage","foi_fairiscoreVersions":{"v1":1,"v2":1},"foi_fileName":"Bijlage%201b%20Participatiebedrijf%20Toelichting%20bij%20bestuursconvenant%20definitief.pdf","foi_nrPages":5},{"dc_format":"application/pdf","dc_identifier":"nl.gm1954.2c.2019.2829226-8.doc.5","dc_source":"https://api1.ibabs.eu/publicdownload.aspx?site=Beekdaelen&id=a337f1a4-915b-4000-8bf9-f68f8beaf215","dc_title":"Bijlage 2 Kopie van Planning 2019 v7","dc_type":"bijlage","foi_fairiscoreVersions":{"v1":2,"v2":1},"foi_fileName":"Bijlage%202%20Kopie%20van%20Planning%202019%20v7.pdf","foi_nrPages":4},{"dc_format":"application/pdf","dc_identifier":"nl.gm1954.2c.2019.2829226-8.doc.2","dc_source":"https://api1.ibabs.eu/publicdownload.aspx?site=Beekdaelen&id=c57433b0-ed72-41e2-8973-2416092f723e","dc_title":"Raadsbesluit bestuursconvenant Vixia - P'bedrijf - vastgesteld raad 08102019","dc_type":"bijlage","foi_fairiscoreVersions":{"v1":1,"v2":1},"foi_fileName":"RB%20bestuursconvenant%20Vixia%20-%20P%27bedrijf.pdf","foi_nrPages":1},{"dc_format":"application/pdf","dc_identifier":"nl.gm1954.2c.2019.2829226-8.doc.1","dc_source":"https://api1.ibabs.eu/publicdownload.aspx?site=Beekdaelen&id=7fff0f1d-614d-4843-b5ec-8a571da55db9","dc_title":"Raadsvoorstel Bestuursconvenant Vixia - P'bedrijf B&W02072019","dc_type":"bijlage","foi_fairiscoreVersions":{"v1":1,"v2":1},"foi_fileName":"RV%20Bestuursconvenant%20Vixia%20-%20P%27bedrijf%20B%26W02072019.pdf","foi_nrPages":4},{"dc_format":"application/pdf","dc_identifier":"nl.gm1954.2c.2019.2829226-8.doc.6","dc_source":"https://api1.ibabs.eu/publicdownload.aspx?site=Beekdaelen&id=da4ec52e-5358-4512-b219-833cf4a2c292","dc_title":"Vragen en antwoorden cie 24 september 2019 verstrekken positieve zienswijze bestuursconvenant","dc_type":"bijlage","foi_fairiscoreVersions":{"v1":2,"v2":1},"foi_fileName":"Vragen%20en%20antwoorden%20cie%2024%20september%202019%20verstrekken%20positieve%20zienswijze%20bestuursconvenant.pdf","foi_nrPages":2}],"foi_nrDocuments":6,"foi_nrPagesInDossier":21,"foi_publishedDate":"2019-09-24","foi_retrievedDate":"2025-12-01"},{"dc_creator":"HandelingScraper_v1","dc_date_year":2019,"dc_description":"Vergadering van de Gemeente Beekdaelen op 2019-09-24. Onderdeel: Raadsvoorstel inzake vaststellen Verordening Adviesorgaan Sociaal Domein.","dc_identifier":"nl.gm1954.2c.2019.2829226-9","dc_publisher":"gm1954","dc_source":"https://beekdaelen.bestuurlijkeinformatie.nl/Agenda/Index/b0c97250-357c-4a43-8a48-5d94e62e0768","dc_title":"Raadscommissie (2019 t/m januari 2020) 2019-09-24 - Raadsvoorstel inzake vaststellen Verordening Adviesorgaan Sociaal Domein","dc_type":"2c","dc_type_description":"Vergaderstuk decentrale overheid","foi_fairiscoreVersions":{"v1":2,"v2":1},"foi_files":[{"dc_format":"application/pdf","dc_identifier":"nl.gm1954.2c.2019.2829226-9.doc.3","dc_source":"https://api1.ibabs.eu/publicdownload.aspx?site=Beekdaelen&id=1cea3f23-8f45-4349-baf9-a70a0208e8f8","dc_title":"Bijlage 1 Concept Verordening versie augustus 2019","dc_type":"bijlage","foi_fairiscoreVersions":{"v1":1,"v2":1},"foi_fileName":"Bijlage%201%20Concept%20Verordening%20versie%20augustus%202019.pdf","foi_nrPages":5},{"dc_format":"application/pdf","dc_identifier":"nl.gm1954.2c.2019.2829226-9.doc.4","dc_source":"https://api1.ibabs.eu/publicdownload.aspx?site=Beekdaelen&id=2078896b-84ce-423f-8f89-efa493258f9e","dc_title":"Bijlage 2 Vacature lid Adviesorgaan Sociaal Domein Beekdaelen","dc_type":"bijlage","foi_fairiscoreVersions":{"v1":1,"v2":1},"foi_fileName":"Bijlage%202%20Vacature%20lid%20Adviesorgaan%20Sociaal%20Domein%20Beekdaelen.pdf","foi_nrPages":2},{"dc_format":"application/pdf","dc_identifier":"nl.gm1954.2c.2019.2829226-9.doc.2","dc_source":"https://api1.ibabs.eu/publicdownload.aspx?site=Beekdaelen&id=89c22e55-c532-482f-a18d-651e4813f923","dc_title":"Raadsbesluit Adviesorgaan Sociaal Domein Beekdaelen - vastgesteld raad 08102019","dc_type":"bijlage","foi_fairiscoreVersions":{"v1":1,"v2":1},"foi_fileName":"RB%20Adviesorgaan%20Sociaal%20Domein%20Beekdaelen.pdf","foi_nrPages":1},{"dc_format":"application/pdf","dc_identifier":"nl.gm1954.2c.2019.2829226-9.doc.1","dc_source":"https://api1.ibabs.eu/publicdownload.aspx?site=Beekdaelen&id=45488f8d-91ec-48b0-8f52-98fbb48a8379","dc_title":"Raadsvoorstel Adviesorgaan Sociaal Domein Beekdaelen","dc_type":"bijlage","foi_fairiscoreVersions":{"v1":1,"v2":1},"foi_fileName":"RV%20Adviesorgaan%20Sociaal%20Domein%20Beekdaelen.pdf","foi_nrPages":4},{"dc_format":"application/pdf","dc_identifier":"nl.gm1954.2c.2019.2829226-9.doc.5","dc_source":"https://api1.ibabs.eu/publicdownload.aspx?site=Beekdaelen&id=7682788c-3b79-433c-bd09-fff44b1026e8","dc_title":"Vragen en antwoorden cie 24 september 2019 vaststellen Verordening adviesorgaan","dc_type":"bijlage","foi_fairiscoreVersions":{"v1":2,"v2":1},"foi_fileName":"Vragen%20en%20antwoorden%20cie%2024%20september%202019%20vaststellen%20Verordening%20adviesorgaan.pdf","foi_nrPages":2}],"foi_nrDocuments":5,"foi_nrPagesInDossier":14,"foi_publishedDate":"2019-09-24","foi_retrievedDate":"2026-02-12"},{"dc_creator":"HandelingScraper_v1","dc_date_year":2019,"dc_description":"Vergadering van de Gemeente Beekdaelen op 2019-09-30. Onderdeel: Algemeen.","dc_identifier":"nl.gm1954.2c.2019.2829341-1","dc_publisher":"gm1954","dc_source":"https://beekdaelen.bestuurlijkeinformatie.nl/Agenda/Index/2a361e67-771f-4f65-a4f6-c830d749972a","dc_title":"Raadscommissie (2019 t/m januari 2020) 2019-09-30 - Algemeen","dc_type":"2c","dc_type_description":"Vergaderstuk decentrale overheid","foi_fairiscoreVersions":{"v1":1,"v2":1},"foi_files":[{"dc_format":"application/pdf","dc_identifier":"nl.gm1954.2c.2019.2829341-1.doc.1","dc_source":"https://api1.ibabs.eu/publicdownload.aspx?site=Beekdaelen&id=d8dd9b64-faa6-42cc-a744-88ea17bff762","dc_title":"Uitnodiging en voorlopige agenda raadscie 30092019","dc_type":"bijlage","foi_fairiscoreVersions":{"v1":1,"v2":1},"foi_fileName":"Uitnodiging%20en%20voorlopige%20agenda%20raadscie%2030092019.pdf","foi_nrPages":1}],"foi_nrDocuments":1,"foi_nrPagesInDossier":1,"foi_publishedDate":"2019-09-30","foi_retrievedDate":"2025-12-03"},{"dc_creator":"HandelingScraper_v1","dc_date_year":2019,"dc_description":"Vergadering van de Gemeente Beekdaelen op 2019-09-30. Onderdeel: Heropening en mededelingen voorzitter.","dc_identifier":"nl.gm1954.2c.2019.2829341-2","dc_publisher":"gm1954","dc_source":"https://beekdaelen.bestuurlijkeinformatie.nl/Agenda/Index/2a361e67-771f-4f65-a4f6-c830d749972a","dc_title":"Raadscommissie (2019 t/m januari 2020) 2019-09-30 - Heropening en mededelingen voorzitter","dc_type":"2c","dc_type_description":"Vergaderstuk decentrale overheid","foi_fairiscoreVersions":{"v1":1,"v2":1},"foi_files":[{"dc_format":"application/pdf","dc_identifier":"nl.gm1954.2c.2019.2829341-2.doc.1","dc_source":"https://api1.ibabs.eu/publicdownload.aspx?site=Beekdaelen&id=2891a39b-48bd-4d5c-960c-675e0bf4e636","dc_title":"Vastgestelde agenda raadscie 30092019","dc_type":"bijlage","foi_fairiscoreVersions":{"v1":1,"v2":1},"foi_fileName":"Vastgestelde%20agenda%20raadscie%2030092019.pdf","foi_nrPages":1}],"foi_nrDocuments":1,"foi_nrPagesInDossier":1,"foi_publishedDate":"2019-09-30","foi_retrievedDate":"2025-12-03"},{"dc_creator":"HandelingScraper_v1","dc_date_year":2019,"dc_description":"Vergadering van de Gemeente Beekdaelen op 2019-09-30. Onderdeel: Raadsvoorstel inzake verduurzamen gemeentelijke gebouwen.","dc_identifier":"nl.gm1954.2c.2019.2829341-3","dc_publisher":"gm1954","dc_source":"https://beekdaelen.bestuurlijkeinformatie.nl/Agenda/Index/2a361e67-771f-4f65-a4f6-c830d749972a","dc_title":"Raadscommissie (2019 t/m januari 2020) 2019-09-30 - Raadsvoorstel inzake verduurzamen gemeentelijke gebouwen","dc_type":"2c","dc_type_description":"Vergaderstuk decentrale overheid","foi_fairiscoreVersions":{"v1":1,"v2":1},"foi_files":[{"dc_format":"application/pdf","dc_identifier":"nl.gm1954.2c.2019.2829341-3.doc.3","dc_source":"https://api1.ibabs.eu/publicdownload.aspx?site=Beekdaelen&id=6aa232c3-cf5b-4f96-9d52-ea6dc9f86966","dc_title":"Bijlage 1 Overzicht 10 jarenplan - EML","dc_type":"bijlage","foi_fairiscoreVersions":{"v1":1,"v2":1},"foi_fileName":"Bijlage%201%20Overzicht%2010%20jarenplan%20-%20EML.pdf","foi_nrPages":4},{"dc_format":"application/pdf","dc_identifier":"nl.gm1954.2c.2019.2829341-3.doc.4","dc_source":"https://api1.ibabs.eu/publicdownload.aspx?site=Beekdaelen&id=f9cdab6a-b523-4045-9590-c2d94bf5f233","dc_title":"Bijlage 2 Algemene Lijst gebouwen incl. energie.","dc_type":"bijlage","foi_fairiscoreVersions":{"v1":1,"v2":1},"foi_fileName":"Bijlage%202%20Algemene%20Lijst%20gebouwen%20incl.%20energie.pdf","foi_nrPages":1},{"dc_format":"application/pdf","dc_identifier":"nl.gm1954.2c.2019.2829341-3.doc.5","dc_source":"https://api1.ibabs.eu/publicdownload.aspx?site=Beekdaelen&id=c0a7fcde-9f52-46cc-97ed-43812a03b3e8","dc_title":"Bijlage 3 Wijziging (meerjaren)begroting 2019 verduurzamen gemeentelijke gebouwen","dc_type":"bijlage","foi_fairiscoreVersions":{"v1":1,"v2":1},"foi_fileName":"Bijlage%203%20Wijziging%20%28meerjaren%29begroting%202019%20verduurzamen%20gemeentelijke%20gebouwen.pdf","foi_nrPages":1},{"dc_format":"application/pdf","dc_identifier":"nl.gm1954.2c.2019.2829341-3.doc.2","dc_source":"https://api1.ibabs.eu/publicdownload.aspx?site=Beekdaelen&id=7cf1bf2e-0610-4462-9171-d12df4a7874f","dc_title":"Raadsbesluit verduurzamen gemeentelijke gebouwen - vastgesteld Raad 08102019","dc_type":"bijlage","foi_fairiscoreVersions":{"v1":1,"v2":1},"foi_fileName":"RB%20verduurzamen%20gemeentelijke%20gebouwen.pdf","foi_nrPages":1},{"dc_format":"application/pdf","dc_identifier":"nl.gm1954.2c.2019.2829341-3.doc.1","dc_source":"https://api1.ibabs.eu/publicdownload.aspx?site=Beekdaelen&id=d15f015b-e0fc-4561-9a89-865c4f9c95cf","dc_title":"Raadsvoorstel verduurzamen gemeentelijke gebouwen","dc_type":"bijlage","foi_fairiscoreVersions":{"v1":1,"v2":1},"foi_fileName":"RV%20verduurzamen%20gemeentelijke%20gebouwen.pdf","foi_nrPages":4},{"dc_format":"application/pdf","dc_identifier":"nl.gm1954.2c.2019.2829341-3.doc.6","dc_source":"https://api1.ibabs.eu/publicdownload.aspx?site=Beekdaelen&id=d0b74278-6a58-4738-9e0e-8964127921b2","dc_title":"Vragen en antwoorden cie 24 september 2019 verduurzamen gemeentelijke gebouwen","dc_type":"bijlage","foi_fairiscoreVersions":{"v1":1,"v2":1},"foi_fileName":"Vragen%20en%20antwoorden%20cie%2024%20september%202019%20verduurzamen%20gemeentelijke%20gebouwen.pdf","foi_nrPages":3}],"foi_nrDocuments":6,"foi_nrPagesInDossier":14,"foi_publishedDate":"2019-09-30","foi_retrievedDate":"2025-11-29"},{"dc_creator":"HandelingScraper_v1","dc_date_year":2019,"dc_description":"Vergadering van de Gemeente Beekdaelen op 2019-09-30. Onderdeel: Raadsvoorstel inzake kredietvoorstel herstelwerkzaamheden sporthal In de Pollack.","dc_identifier":"nl.gm1954.2c.2019.2829341-4","dc_publisher":"gm1954","dc_source":"https://beekdaelen.bestuurlijkeinformatie.nl/Agenda/Index/2a361e67-771f-4f65-a4f6-c830d749972a","dc_title":"Raadscommissie (2019 t/m januari 2020) 2019-09-30 - Raadsvoorstel inzake kredietvoorstel herstelwerkzaamheden sporthal In de Pollack","dc_type":"2c","dc_type_description":"Vergaderstuk decentrale overheid","foi_fairiscoreVersions":{"v1":1,"v2":1},"foi_files":[{"dc_format":"application/pdf","dc_identifier":"nl.gm1954.2c.2019.2829341-4.doc.2","dc_source":"https://api1.ibabs.eu/publicdownload.aspx?site=Beekdaelen&id=bba3db36-7336-45f2-a89a-b7c7d1d78585","dc_title":"Raadsbesluit voteren krediet herstelwerkzaamheden brand In de Pollack Oirsbeek - vastgesteld Raad 08102019","dc_type":"bijlage","foi_fairiscoreVersions":{"v1":1,"v2":1},"foi_fileName":"205787_1.DOCX%20-%20Raadsbesluit%20Voteren%20krediet%20herstelwerkzaamheden%20brand%20In%20de%20Pollack%20Oirsbeek.pdf","foi_nrPages":1},{"dc_format":"application/pdf","dc_identifier":"nl.gm1954.2c.2019.2829341-4.doc.3","dc_source":"https://api1.ibabs.eu/publicdownload.aspx?site=Beekdaelen&id=515ebf70-ba6d-4fb8-b020-15e0731ec437","dc_title":"Bijlage Begrotingswijziging 8 herstelwerkzaamheden brand In de Pollack","dc_type":"bijlage","foi_fairiscoreVersions":{"v1":1,"v2":1},"foi_fileName":"Begrotingswijziging%208%20herstelwerkzaamheden%20in%20de%20Pollack.pdf","foi_nrPages":1},{"dc_format":"application/pdf","dc_identifier":"nl.gm1954.2c.2019.2829341-4.doc.1","dc_source":"https://api1.ibabs.eu/publicdownload.aspx?site=Beekdaelen&id=acc5e2da-3258-4480-9e83-645c28922a58","dc_title":"Raadsvoorstel inzake krediet herstelwerkzaamheden sporthal In de Pollack","dc_type":"bijlage","foi_fairiscoreVersions":{"v1":1,"v2":1},"foi_fileName":"RV%20inzake%20krediet%20herstelwerkzaamheden%20sporthal%20In%20de%20Pollack.pdf","foi_nrPages":2},{"dc_format":"application/pdf","dc_identifier":"nl.gm1954.2c.2019.2829341-4.doc.4","dc_source":"https://api1.ibabs.eu/publicdownload.aspx?site=Beekdaelen&id=bda47dbb-649a-418b-91ca-2d4b4c4527f1","dc_title":"Vragen en antwoorden cie 24 september 2019 herstelwerkzaamheden In de Pollack","dc_type":"bijlage","foi_fairiscoreVersions":{"v1":1,"v2":1},"foi_fileName":"Vragen%20en%20antwoorden%20cie%2024%20september%202019%20herstelwerkzaamheden%20In%20de%20Pollack.pdf","foi_nrPages":1}],"foi_nrDocuments":4,"foi_nrPagesInDossier":5,"foi_publishedDate":"2019-09-30","foi_retrievedDate":"2025-11-29"},{"dc_creator":"HandelingScraper_v1","dc_date_year":2019,"dc_description":"Vergadering van de Gemeente Beekdaelen op 2019-09-30. Onderdeel: Raadsvoorstel inzake herinrichting Markt Nuth.","dc_identifier":"nl.gm1954.2c.2019.2829341-5","dc_publisher":"gm1954","dc_source":"https://beekdaelen.bestuurlijkeinformatie.nl/Agenda/Index/2a361e67-771f-4f65-a4f6-c830d749972a","dc_title":"Raadscommissie (2019 t/m januari 2020) 2019-09-30 - Raadsvoorstel inzake herinrichting Markt Nuth","dc_type":"2c","dc_type_description":"Vergaderstuk decentrale overheid","foi_fairiscoreVersions":{"v1":2,"v2":2},"foi_files":[{"dc_format":"application/pdf","dc_identifier":"nl.gm1954.2c.2019.2829341-5.doc.3","dc_source":"https://api1.ibabs.eu/publicdownload.aspx?site=Beekdaelen&id=c7e4f102-b4a4-412f-8070-7e5392dca78b","dc_title":"Bijlage 1 20190527 BKD204 inrichtingsvariant 01 Kragten def 1","dc_type":"bijlage","foi_fairiscoreVersions":{"v1":2,"v2":2},"foi_fileName":"Bijlage%201%2020190527%20BKD204%20inrichtingsvariant%2001%20Kragten%20def%201.pdf","foi_nrPages":1},{"dc_format":"application/pdf","dc_identifier":"nl.gm1954.2c.2019.2829341-5.doc.4","dc_source":"https://api1.ibabs.eu/publicdownload.aspx?site=Beekdaelen&id=85876d35-76f5-4320-8642-5f37cbb48c40","dc_title":"Bijlage 2 RV herinrichting Markt 2e behandeling - besluit Raad 27112018 INGETROKKEN","dc_type":"bijlage","foi_fairiscoreVersions":{"v1":3,"v2":3},"foi_fileName":"Bijlage%202%20RV%20herinrichting%20Markt%202e%20behandeling%20-%20besluit%20Raad%2027112018%20INGETROKKEN.pdf","foi_nrPages":3},{"dc_format":"application/pdf","dc_identifier":"nl.gm1954.2c.2019.2829341-5.doc.5","dc_source":"https://api1.ibabs.eu/publicdownload.aspx?site=Beekdaelen&id=40dc1e06-2b58-4cc0-9b66-e949e2a71563","dc_title":"Bijlage 3 Begrotingswijziging 5 aanvullende middelen markt Nuth","dc_type":"bijlage","foi_fairiscoreVersions":{"v1":1,"v2":1},"foi_fileName":"Bijlage%203%20Begrotingswijziging%205%20aanvullende%20middelen%20markt%20Nuth.pdf","foi_nrPages":1},{"dc_format":"application/pdf","dc_identifier":"nl.gm1954.2c.2019.2829341-5.doc.2","dc_source":"https://api1.ibabs.eu/publicdownload.aspx?site=Beekdaelen&id=49d023b8-a1c8-4f0c-b29f-96312a06f638","dc_title":"Raadsbesluit herinrichting Markt Nuth - vastgesteld Raad 08102019","dc_type":"bijlage","foi_fairiscoreVersions":{"v1":1,"v2":1},"foi_fileName":"RB%20herinrichting%20Markt%20Nuth%20concept.pdf","foi_nrPages":1},{"dc_format":"application/pdf","dc_identifier":"nl.gm1954.2c.2019.2829341-5.doc.1","dc_source":"https://api1.ibabs.eu/publicdownload.aspx?site=Beekdaelen&id=2c4dc334-dfbd-49a2-892f-a58de73c1d8d","dc_title":"Raadsvoorstel herinrichting Markt Nuth","dc_type":"bijlage","foi_fairiscoreVersions":{"v1":1,"v2":1},"foi_fileName":"RV%20herinrichting%20Markt%20Nuth.pdf","foi_nrPages":3},{"dc_format":"application/pdf","dc_identifier":"nl.gm1954.2c.2019.2829341-5.doc.6","dc_source":"https://api1.ibabs.eu/publicdownload.aspx?site=Beekdaelen&id=c3428004-ae93-419e-9593-f78ce98bf665","dc_title":"Vragen en antwoorden cie 24 september 2019 herinrichting Markt Nuth","dc_type":"bijlage","foi_fairiscoreVersions":{"v1":2,"v2":1},"foi_fileName":"Vragen%20en%20antwoorden%20cie%2024%20september%202019%20herinrichting%20Markt%20Nuth.pdf","foi_nrPages":2}],"foi_nrDocuments":6,"foi_nrPagesInDossier":11,"foi_publishedDate":"2019-09-30","foi_retrievedDate":"2025-11-30"},{"dc_creator":"HandelingScraper_v1","dc_date_year":2019,"dc_description":"Vergadering van de Gemeente Beekdaelen op 2019-09-30. Onderdeel: Raadsvoorstel inzake verlengen Gemeentelijke rioleringsplannen voormalige gemeenten Nuth en Onderbanken tot 1 januari 2021.","dc_identifier":"nl.gm1954.2c.2019.2829341-7","dc_publisher":"gm1954","dc_source":"https://beekdaelen.bestuurlijkeinformatie.nl/Agenda/Index/2a361e67-771f-4f65-a4f6-c830d749972a","dc_title":"Raadscommissie (2019 t/m januari 2020) 2019-09-30 - Raadsvoorstel inzake verlengen Gemeentelijke rioleringsplannen voormalige gemeenten Nuth en Onderbanken tot 1 januari 2021","dc_type":"2c","dc_type_description":"Vergaderstuk decentrale overheid","foi_fairiscoreVersions":{"v1":1,"v2":1},"foi_files":[{"dc_format":"application/pdf","dc_identifier":"nl.gm1954.2c.2019.2829341-7.doc.2","dc_source":"https://api1.ibabs.eu/publicdownload.aspx?site=Beekdaelen&id=16072dcb-7087-4a8d-a785-0e3c4379742e","dc_title":"Raadsbesluit verlengen vigerende doorlooptijd rioleringsplannen vm gemeenten Onderbanken en Nuth - vastgesteld raad 08102019","dc_type":"bijlage","foi_fairiscoreVersions":{"v1":1,"v2":1},"foi_fileName":"RB%20verlengen%20vigerende%20doorlooptijd%20rioleringsplannen%20vm%20gemeenten%20Onderbanken_%20Nuth%20en%20Schinnen.pdf","foi_nrPages":1},{"dc_format":"application/pdf","dc_identifier":"nl.gm1954.2c.2019.2829341-7.doc.1","dc_source":"https://api1.ibabs.eu/publicdownload.aspx?site=Beekdaelen&id=ed30d1c9-ca0e-40b4-a480-12d34bc17c3f","dc_title":"Raadsvoorstel verlengen vigerende doorlooptijd rioleringsplannen vm gemeenten Nuth en Onderbanken","dc_type":"bijlage","foi_fairiscoreVersions":{"v1":1,"v2":1},"foi_fileName":"RV%20verlengen%20vigerende%20doorlooptijd%20rioleringsplannen%20vm%20gemeenten%20Nuth%20en%20Onderbanken.pdf","foi_nrPages":2},{"dc_format":"application/pdf","dc_identifier":"nl.gm1954.2c.2019.2829341-7.doc.3","dc_source":"https://api1.ibabs.eu/publicdownload.aspx?site=Beekdaelen&id=34220f07-87aa-4901-a7cf-980da35bd310","dc_title":"Vragen en antwoorden cie 24 september 2019 verlengen gemeentelijke rioleringsplannen","dc_type":"bijlage","foi_fairiscoreVersions":{"v1":1,"v2":1},"foi_fileName":"Vragen%20en%20antwoorden%20cie%2024%20september%202019%20verlengen%20gemeentelijke%20rioleringsplannen.pdf","foi_nrPages":1}],"foi_nrDocuments":3,"foi_nrPagesInDossier":4,"foi_publishedDate":"2019-09-30","foi_retrievedDate":"2025-11-30"},{"dc_creator":"HandelingScraper_v1","dc_date_year":2019,"dc_description":"Vergadering van de Gemeente Beekdaelen op 2019-09-30. Onderdeel: Raadsvoorstel inzake voortzetten starterslening en vaststellen Verordening \"Starterslening Beekdaelen 2020\".","dc_identifier":"nl.gm1954.2c.2019.2829341-8","dc_publisher":"gm1954","dc_source":"https://beekdaelen.bestuurlijkeinformatie.nl/Agenda/Index/2a361e67-771f-4f65-a4f6-c830d749972a","dc_title":"Raadscommissie (2019 t/m januari 2020) 2019-09-30 - Raadsvoorstel inzake voortzetten starterslening en vaststellen Verordening \"Starterslening Beekdaelen 2020\"","dc_type":"2c","dc_type_description":"Vergaderstuk decentrale overheid","foi_fairiscoreVersions":{"v1":2,"v2":1},"foi_files":[{"dc_format":"application/pdf","dc_identifier":"nl.gm1954.2c.2019.2829341-8.doc.2","dc_source":"https://api1.ibabs.eu/publicdownload.aspx?site=Beekdaelen&id=82833e49-c5af-457e-8b1f-1cde5e4f4944","dc_title":"Raadsbesluit inzake de verordening starterslening Beekdaelen 2020 - vastgesteld Raad 08102019","dc_type":"bijlage","foi_fairiscoreVersions":{"v1":1,"v2":1},"foi_fileName":"RB%20inzake%20de%20verordening%20starterslening%20Beekdaelen%202020.pdf","foi_nrPages":1},{"dc_format":"application/pdf","dc_identifier":"nl.gm1954.2c.2019.2829341-8.doc.1","dc_source":"https://api1.ibabs.eu/publicdownload.aspx?site=Beekdaelen&id=f628c54b-8407-4e85-989d-9aae38351cdb","dc_title":"Raadsvoorstel verordening Starterslening Beekdaelen","dc_type":"bijlage","foi_fairiscoreVersions":{"v1":1,"v2":1},"foi_fileName":"RV%20verordening%20Starterslening%20Beekdaelen.pdf","foi_nrPages":3},{"dc_format":"application/pdf","dc_identifier":"nl.gm1954.2c.2019.2829341-8.doc.3","dc_source":"https://api1.ibabs.eu/publicdownload.aspx?site=Beekdaelen&id=7f134fcc-7aaa-46c2-8255-ae737b378fd0","dc_title":"Verordening Starterslening Beekdaelen 2020 vastgesteld Raad 08102019","dc_type":"bijlage","foi_fairiscoreVersions":{"v1":1,"v2":1},"foi_fileName":"Verordening%20Starterslening%20Beekdaelen%202020.pdf","foi_nrPages":3},{"dc_format":"application/pdf","dc_identifier":"nl.gm1954.2c.2019.2829341-8.doc.4","dc_source":"https://api1.ibabs.eu/publicdownload.aspx?site=Beekdaelen&id=251743aa-3d3e-41c7-9d89-0a59116f51ea","dc_title":"Vragen en antwoorden cie 24 september 2019 starterslening - volledig","dc_type":"bijlage","foi_fairiscoreVersions":{"v1":2,"v2":1},"foi_fileName":"Vragen%20en%20antwoorden%20cie%2024%20september%202019%20starterslening.pdf","foi_nrPages":2}],"foi_nrDocuments":4,"foi_nrPagesInDossier":9,"foi_publishedDate":"2019-09-30","foi_retrievedDate":"2025-12-06"},{"dc_creator":"HandelingScraper_v1","dc_date_year":2019,"dc_description":"Vergadering van de Gemeente Beekdaelen op 2019-10-08. Onderdeel: Opening.","dc_identifier":"nl.gm1954.2c.2019.2829353-1","dc_publisher":"gm1954","dc_source":"https://beekdaelen.bestuurlijkeinformatie.nl/Agenda/Index/ffa84e00-a37c-466f-9d2c-7de49592213e","dc_title":"Raadsvergadering 2019-10-08 - Opening","dc_type":"2c","dc_type_description":"Vergaderstuk decentrale overheid","foi_fairiscoreVersions":{"v1":2,"v2":1},"foi_files":[{"dc_format":"application/pdf","dc_identifier":"nl.gm1954.2c.2019.2829353-1.doc.1","dc_source":"https://api1.ibabs.eu/publicdownload.aspx?site=Beekdaelen&id=30fbc302-dd58-4420-9700-a3cf8f4de5e0","dc_title":"Uitnodiging raadsvergadering 08-10-2019 aangepast na cie 30092019","dc_type":"bijlage","foi_fairiscoreVersions":{"v1":2,"v2":1},"foi_fileName":"01%20Uitnodiging%20raadsvergadering%2008-10-2019%20aangepast%20na%20cie.pdf","foi_nrPages":3}],"foi_nrDocuments":1,"foi_nrPagesInDossier":3,"foi_publishedDate":"2019-10-08","foi_retrievedDate":"2026-02-12"},{"dc_creator":"HandelingScraper_v1","dc_date_year":2019,"dc_description":"Vergadering van de Gemeente Beekdaelen op 2019-10-08. Onderdeel: Raadsvoorstel benoeming.","dc_identifier":"nl.gm1954.2c.2019.2829353-10","dc_publisher":"gm1954","dc_source":"https://beekdaelen.bestuurlijkeinformatie.nl/Agenda/Index/ffa84e00-a37c-466f-9d2c-7de49592213e","dc_title":"Raadsvergadering 2019-10-08 - Raadsvoorstel benoeming","dc_type":"2c","dc_type_description":"Vergaderstuk decentrale overheid","foi_fairiscoreVersions":{"v1":1,"v2":1},"foi_files":[{"dc_format":"application/pdf","dc_identifier":"nl.gm1954.2c.2019.2829353-10.doc.2","dc_source":"https://api1.ibabs.eu/publicdownload.aspx?site=Beekdaelen&id=07ad6247-2656-4bbc-9dba-d5c6f069505a","dc_title":"Raadsbesluit benoeming plv lid werkgeverscie. namens oppositie - vastgesteld Raad 08102019","dc_type":"bijlage","foi_fairiscoreVersions":{"v1":1,"v2":1},"foi_fileName":"RB%20benoeming%20plv%20lid%20werkgeverscie.%20namens%20oppositie%20gew..pdf","foi_nrPages":1},{"dc_format":"application/pdf","dc_identifier":"nl.gm1954.2c.2019.2829353-10.doc.1","dc_source":"https://api1.ibabs.eu/publicdownload.aspx?site=Beekdaelen&id=8232738a-efdc-48ee-a1cf-a9720cf54160","dc_title":"Raadsvoorstel benoeming plv lid werkgeverscie namens oppositie","dc_type":"bijlage","foi_fairiscoreVersions":{"v1":1,"v2":1},"foi_fileName":"RV%20benoeming%20plv%20lid%20werkgeverscie%20namens%20oppositie%20gew..pdf","foi_nrPages":1}],"foi_nrDocuments":2,"foi_nrPagesInDossier":2,"foi_publishedDate":"2019-10-08","foi_retrievedDate":"2026-04-21"},{"dc_creator":"HandelingScraper_v1","dc_date_year":2019,"dc_description":"Vergadering van de Gemeente Beekdaelen op 2019-10-08. Onderdeel: Voorstel van B&W inzake kredietvoorstel herstelwerkzaamheden sporthal In de Pollack.","dc_identifier":"nl.gm1954.2c.2019.2829353-11","dc_publisher":"gm1954","dc_source":"https://beekdaelen.bestuurlijkeinformatie.nl/Agenda/Index/ffa84e00-a37c-466f-9d2c-7de49592213e","dc_title":"Raadsvergadering 2019-10-08 - Voorstel van B&W inzake kredietvoorstel herstelwerkzaamheden sporthal In de Pollack","dc_type":"2c","dc_type_description":"Vergaderstuk decentrale overheid","foi_fairiscoreVersions":{"v1":null,"v2":null},"foi_files":[{"dc_format":"application/pdf","dc_identifier":"nl.gm1954.2c.2019.2829353-11.doc.2","dc_source":"https://api1.ibabs.eu/publicdownload.aspx?site=Beekdaelen&id=bba3db36-7336-45f2-a89a-b7c7d1d78585","dc_title":"Raadsbesluit voteren krediet herstelwerkzaamheden brand In de Pollack Oirsbeek - vastgesteld Raad 08102019","dc_type":"bijlage","foi_fileName":"205787_1.DOCX%20-%20Raadsbesluit%20Voteren%20krediet%20herstelwerkzaamheden%20brand%20In%20de%20Pollack%20Oirsbeek.pdf"},{"dc_format":"application/pdf","dc_identifier":"nl.gm1954.2c.2019.2829353-11.doc.3","dc_source":"https://api1.ibabs.eu/publicdownload.aspx?site=Beekdaelen&id=515ebf70-ba6d-4fb8-b020-15e0731ec437","dc_title":"Bijlage Begrotingswijziging 8 herstelwerkzaamheden brand In de Pollack","dc_type":"bijlage","foi_fileName":"Begrotingswijziging%208%20herstelwerkzaamheden%20in%20de%20Pollack.pdf"},{"dc_format":"application/pdf","dc_identifier":"nl.gm1954.2c.2019.2829353-11.doc.5","dc_source":"https://api1.ibabs.eu/publicdownload.aspx?site=Beekdaelen&id=88f81f23-3edb-42ac-b206-36b9e4c6fb79","dc_title":"Memorie van Antwoord toezegging In de Pollack.docx","dc_type":"bijlage","foi_fileName":"Memorie%20van%20Antwoord%20toezegging%20In%20de%20Pollack.pdf"},{"dc_format":"application/pdf","dc_identifier":"nl.gm1954.2c.2019.2829353-11.doc.1","dc_source":"https://api1.ibabs.eu/publicdownload.aspx?site=Beekdaelen&id=acc5e2da-3258-4480-9e83-645c28922a58","dc_title":"Raadsvoorstel inzake krediet herstelwerkzaamheden sporthal In de Pollack","dc_type":"bijlage","foi_fileName":"RV%20inzake%20krediet%20herstelwerkzaamheden%20sporthal%20In%20de%20Pollack.pdf"},{"dc_format":"application/pdf","dc_identifier":"nl.gm1954.2c.2019.2829353-11.doc.4","dc_source":"https://api1.ibabs.eu/publicdownload.aspx?site=Beekdaelen&id=bda47dbb-649a-418b-91ca-2d4b4c4527f1","dc_title":"Vragen en antwoorden cie 24 september 2019 herstelwerkzaamheden In de Pollack","dc_type":"bijlage","foi_fileName":"Vragen%20en%20antwoorden%20cie%2024%20september%202019%20herstelwerkzaamheden%20In%20de%20Pollack.pdf"}],"foi_nrDocuments":5,"foi_nrPagesInDossier":0,"foi_publishedDate":"2019-10-08","foi_retrievedDate":"2025-11-30"},{"dc_creator":"HandelingScraper_v1","dc_date_year":2019,"dc_description":"Vergadering van de Gemeente Beekdaelen op 2019-10-08. Onderdeel: Voorstel van B&W inzake verlengen Gemeentelijke rioleringsplannen voormalige gemeenten Nuth en Onderbanken tot 1 januari 2021.","dc_identifier":"nl.gm1954.2c.2019.2829353-12","dc_publisher":"gm1954","dc_source":"https://beekdaelen.bestuurlijkeinformatie.nl/Agenda/Index/ffa84e00-a37c-466f-9d2c-7de49592213e","dc_title":"Raadsvergadering 2019-10-08 - Voorstel van B&W inzake verlengen Gemeentelijke rioleringsplannen voormalige gemeenten Nuth en Onderbanken tot 1 januari 2021","dc_type":"2c","dc_type_description":"Vergaderstuk decentrale overheid","foi_fairiscoreVersions":{"v1":1,"v2":1},"foi_files":[{"dc_format":"application/pdf","dc_identifier":"nl.gm1954.2c.2019.2829353-12.doc.2","dc_source":"https://api1.ibabs.eu/publicdownload.aspx?site=Beekdaelen&id=16072dcb-7087-4a8d-a785-0e3c4379742e","dc_title":"Raadsbesluit verlengen vigerende doorlooptijd rioleringsplannen vm gemeenten Onderbanken en Nuth - vastgesteld raad 08102019","dc_type":"bijlage","foi_fairiscoreVersions":{"v1":1,"v2":1},"foi_fileName":"RB%20verlengen%20vigerende%20doorlooptijd%20rioleringsplannen%20vm%20gemeenten%20Onderbanken_%20Nuth%20en%20Schinnen.pdf","foi_nrPages":1},{"dc_format":"application/pdf","dc_identifier":"nl.gm1954.2c.2019.2829353-12.doc.1","dc_source":"https://api1.ibabs.eu/publicdownload.aspx?site=Beekdaelen&id=ed30d1c9-ca0e-40b4-a480-12d34bc17c3f","dc_title":"Raadsvoorstel verlengen vigerende doorlooptijd rioleringsplannen vm gemeenten Nuth en Onderbanken","dc_type":"bijlage","foi_fairiscoreVersions":{"v1":1,"v2":1},"foi_fileName":"RV%20verlengen%20vigerende%20doorlooptijd%20rioleringsplannen%20vm%20gemeenten%20Nuth%20en%20Onderbanken.pdf","foi_nrPages":2},{"dc_format":"application/pdf","dc_identifier":"nl.gm1954.2c.2019.2829353-12.doc.3","dc_source":"https://api1.ibabs.eu/publicdownload.aspx?site=Beekdaelen&id=34220f07-87aa-4901-a7cf-980da35bd310","dc_title":"Vragen en antwoorden cie 24 september 2019 verlengen gemeentelijke rioleringsplannen","dc_type":"bijlage","foi_fairiscoreVersions":{"v1":1,"v2":1},"foi_fileName":"Vragen%20en%20antwoorden%20cie%2024%20september%202019%20verlengen%20gemeentelijke%20rioleringsplannen.pdf","foi_nrPages":1}],"foi_nrDocuments":3,"foi_nrPagesInDossier":4,"foi_publishedDate":"2019-10-08","foi_retrievedDate":"2025-11-30"},{"dc_creator":"HandelingScraper_v1","dc_date_year":2019,"dc_description":"Vergadering van de Gemeente Beekdaelen op 2019-10-08. Onderdeel: Voorstel van B&W inzake vaststellen Meerjarig onderhoudsplan gemeentelijke gebouwen.","dc_identifier":"nl.gm1954.2c.2019.2829353-13","dc_publisher":"gm1954","dc_source":"https://beekdaelen.bestuurlijkeinformatie.nl/Agenda/Index/ffa84e00-a37c-466f-9d2c-7de49592213e","dc_title":"Raadsvergadering 2019-10-08 - Voorstel van B&W inzake vaststellen Meerjarig onderhoudsplan gemeentelijke gebouwen","dc_type":"2c","dc_type_description":"Vergaderstuk decentrale overheid","foi_fairiscoreVersions":{"v1":null,"v2":null},"foi_files":[{"dc_format":"application/pdf","dc_identifier":"nl.gm1954.2c.2019.2829353-13.doc.3","dc_source":"https://api1.ibabs.eu/publicdownload.aspx?site=Beekdaelen&id=a1899dba-0f50-4173-856d-d63ba0e81faa","dc_title":"Amendement BL inzake MJOP gemeenschapshuis Hulsberg - AANGEHOUDEN raad 08102019","dc_type":"bijlage","foi_fileName":"Amendement%20BL%20inzake%20MJOP%20gemeenschapshuis%20Hulsberg%20-%20AANGEHOUDEN%20raad%2008102019.pdf"},{"dc_format":"application/pdf","dc_identifier":"nl.gm1954.2c.2019.2829353-13.doc.15","dc_source":"https://api1.ibabs.eu/publicdownload.aspx?site=Beekdaelen&id=510a0b24-b948-4f9b-ac63-be80d71685f3","dc_title":"Beantwoording vragen cie rv meerjarenonderhoudsplan gebouwen","dc_type":"bijlage","foi_fileName":"Beantwoording%20vragen%20cie%20rv%20meerjarenonderhoudsplan%20gebouwen.pdf"},{"dc_format":"application/pdf","dc_identifier":"nl.gm1954.2c.2019.2829353-13.doc.4","dc_source":"https://api1.ibabs.eu/publicdownload.aspx?site=Beekdaelen&id=06a6cc59-87c5-441a-b8b4-d81d120c2b3b","dc_title":"Bijlage 1 - 09082019 - Algemene Lijst gebouwen Beekdaelen","dc_type":"bijlage","foi_fileName":"Bijlage%201%20-%2009082019%20-%20Algemene%20Lijst%20gebouwen%20Beekdaelen_1.pdf%20-%20Z19129250%20-%20199356.pdf"},{"dc_format":"application/pdf","dc_identifier":"nl.gm1954.2c.2019.2829353-13.doc.5","dc_source":"https://api1.ibabs.eu/publicdownload.aspx?site=Beekdaelen&id=6d07a3e2-61b3-45a0-add3-27a75a4631a4","dc_title":"Bijlage 2 - 09082019 - Lijst gebouwen niet opgenomen in het MJOP inclusief toelichting","dc_type":"bijlage","foi_fileName":"Bijlage%202%20-%2009082019%20-%20Lijst%20gebouwen%20niet%20opgenomen%20in%20het%20MJOP%20inclusief%20toelichting_1.pdf%20-%20Z19129250%20-%20199356.pdf"},{"dc_format":"application/pdf","dc_identifier":"nl.gm1954.2c.2019.2829353-13.doc.6","dc_source":"https://api1.ibabs.eu/publicdownload.aspx?site=Beekdaelen&id=871edaed-c1e5-4be1-86bc-07fba61379a3","dc_title":"Bijlage 3 - 09082019 - Benchmark Facilicom Solutions","dc_type":"bijlage","foi_fileName":"Bijlage%203%20-%2009082019%20-%20Benchmark%20Facilicom%20Solutions.pdf%20-%20Z19129250%20-%20199356.pdf"},{"dc_format":"application/pdf","dc_identifier":"nl.gm1954.2c.2019.2829353-13.doc.7","dc_source":"https://api1.ibabs.eu/publicdownload.aspx?site=Beekdaelen&id=c6f35c42-b037-4e8f-94d9-146f0bc8b990","dc_title":"Bijlage 4 - 09082019 - Lijst met besparingsmogelijkheden","dc_type":"bijlage","foi_fileName":"Bijlage%204%20-%2009082019%20-%20Lijst%20met%20besparingsmogelijkheden.pdf%20-%20Z19129250%20-%20199356.pdf"},{"dc_format":"application/pdf","dc_identifier":"nl.gm1954.2c.2019.2829353-13.doc.8","dc_source":"https://api1.ibabs.eu/publicdownload.aspx?site=Beekdaelen&id=cb7e7cc9-d394-4a6b-9f73-a83b5dff3b04","dc_title":"Bijlage 5a - Advies GGD Zuid-Limburg","dc_type":"bijlage","foi_fileName":"Bijlage%205%20-%20Advies%20GGD%20Zuid-Limburg.pdf%20-%20Z19129250%20-%20199356.pdf"},{"dc_format":"application/pdf","dc_identifier":"nl.gm1954.2c.2019.2829353-13.doc.9","dc_source":"https://api1.ibabs.eu/publicdownload.aspx?site=Beekdaelen&id=599c9e97-79bb-44b5-8cdb-95ae37eeed69","dc_title":"Bijlage 5b - Richtlijnen RIVM","dc_type":"bijlage","foi_fileName":"Bijlage%205%20-%20Richtlijnen%20RIVM.pdf%20-%20Z19129250%20-%20199356.pdf"},{"dc_format":"application/pdf","dc_identifier":"nl.gm1954.2c.2019.2829353-13.doc.10","dc_source":"https://api1.ibabs.eu/publicdownload.aspx?site=Beekdaelen&id=d59b3d8d-b96f-4f55-a8ee-c8864124b662","dc_title":"Bijlage 6 - 09082019 - Overzicht kapitalisatie energiebesparingen","dc_type":"bijlage","foi_fileName":"Bijlage%206%20-%2009082019%20-%20Overzicht%20kapitalisatie%20energiebesparingen.pdf%20-%20Z19129250%20-%20199356.pdf"},{"dc_format":"application/pdf","dc_identifier":"nl.gm1954.2c.2019.2829353-13.doc.11","dc_source":"https://api1.ibabs.eu/publicdownload.aspx?site=Beekdaelen&id=1364623f-13e9-4856-9a65-44bb3e382d55","dc_title":"Bijlage 7 - 13082019 - Overzicht 10 jarenplan - MJOP - Raad","dc_type":"bijlage","foi_fileName":"Bijlage%207%20-%2013082019%20-%20Overzicht%2010%20jarenplan%20-%20MJOP%20-%20Raad.pdf%20-%20Z19129250%20-%20199356.pdf"},{"dc_format":"application/pdf","dc_identifier":"nl.gm1954.2c.2019.2829353-13.doc.12","dc_source":"https://api1.ibabs.eu/publicdownload.aspx?site=Beekdaelen&id=a0477535-3a3c-43ce-9474-9345bf7ad2aa","dc_title":"Bijlage 9 - Begrotingswijziging inzaken meerjarig onderhoudsplan gebouwen 2020-2029","dc_type":"bijlage","foi_fileName":"Bijlage%209%20-%20Begrotingswijziging%20inzaken%20meerjarig%20onderhoudsplan%20gebouwen%202020-2029.pdf%20-%20Z19129250%20-%20199356.pdf"},{"dc_format":"application/pdf","dc_identifier":"nl.gm1954.2c.2019.2829353-13.doc.14","dc_source":"https://api1.ibabs.eu/publicdownload.aspx?site=Beekdaelen&id=56d01cfa-361a-4e4e-8f03-6e134fabe59b","dc_title":"Memo Z.18040 INT 23980 -- Loods Nierhoven","dc_type":"bijlage","foi_fileName":"Memo%20Z.18040%20INT%2023980%20--%20Loods%20Nierhoven.pdf"},{"dc_format":"application/pdf","dc_identifier":"nl.gm1954.2c.2019.2829353-13.doc.2","dc_source":"https://api1.ibabs.eu/publicdownload.aspx?site=Beekdaelen&id=f2c02596-895a-4ec0-88ae-c4cbcd0e4fec","dc_title":"Raadsbesluit Meerjarenonderhoudsplan gebouwen 2020-2029 - vastgesteld raad 08102019","dc_type":"bijlage","foi_fileName":"RB%20Meerjarenonderhoudsplan%20gebouwen%202020-2029.pdf"},{"dc_format":"application/pdf","dc_identifier":"nl.gm1954.2c.2019.2829353-13.doc.1","dc_source":"https://api1.ibabs.eu/publicdownload.aspx?site=Beekdaelen&id=682db579-8b2b-431a-8e08-24c0ba7dccf1","dc_title":"Raadsvoorstel Meerjarenonderhoudsplan gebouwen 2020-2029","dc_type":"bijlage","foi_fileName":"RV%20Meerjarenonderhoudsplan%20gebouwen%202020-2029.pdf"},{"dc_format":"application/pdf","dc_identifier":"nl.gm1954.2c.2019.2829353-13.doc.13","dc_source":"https://api1.ibabs.eu/publicdownload.aspx?site=Beekdaelen&id=daafbbdb-1247-474f-82e5-84fb46a19144","dc_title":"Vragen en antwoorden cie 24 september 2019 vaststellen MJOP","dc_type":"bijlage","foi_fileName":"Vragen%20en%20antwoorden%20cie%2024%20september%202019%20vaststellen%20MJOP.pdf"}],"foi_nrDocuments":15,"foi_nrPagesInDossier":0,"foi_publishedDate":"2019-10-08","foi_retrievedDate":"2025-11-30"},{"dc_creator":"HandelingScraper_v1","dc_date_year":2019,"dc_description":"Vergadering van de Gemeente Beekdaelen op 2019-10-08. Onderdeel: Voorstel van B&W inzake vaststellen nota reserves en voorzieningen.","dc_identifier":"nl.gm1954.2c.2019.2829353-14","dc_publisher":"gm1954","dc_source":"https://beekdaelen.bestuurlijkeinformatie.nl/Agenda/Index/ffa84e00-a37c-466f-9d2c-7de49592213e","dc_title":"Raadsvergadering 2019-10-08 - Voorstel van B&W inzake vaststellen nota reserves en voorzieningen","dc_type":"2c","dc_type_description":"Vergaderstuk decentrale overheid","foi_fairiscoreVersions":{"v1":2,"v2":1},"foi_files":[{"dc_format":"application/pdf","dc_identifier":"nl.gm1954.2c.2019.2829353-14.doc.8","dc_source":"https://api1.ibabs.eu/publicdownload.aspx?site=Beekdaelen&id=abe83ad0-b335-45ad-94bb-178cd453d406","dc_title":"Beantwoording vragen VVD inzake Masterplan Schinveld","dc_type":"bijlage","foi_fairiscoreVersions":{"v1":1,"v2":1},"foi_fileName":"Beantwoording%20vragen%20VVD%20inzake%20Masterplan%20Schinveld.pdf","foi_nrPages":2},{"dc_format":"application/pdf","dc_identifier":"nl.gm1954.2c.2019.2829353-14.doc.4","dc_source":"https://api1.ibabs.eu/publicdownload.aspx?site=Beekdaelen&id=3a00a321-0eb7-4594-b472-db22aa0dcfb0","dc_title":"Bijlage 1 Nota reserves en voorzieningen Beekdaelen  VERVALLEN","dc_type":"bijlage","foi_fairiscoreVersions":{"v1":2,"v2":1},"foi_fileName":"Bijlage%201%20Nota%20reserves%20en%20voorzieningen%20Beekdaelen.pdf","foi_nrPages":22},{"dc_format":"application/pdf","dc_identifier":"nl.gm1954.2c.2019.2829353-14.doc.5","dc_source":"https://api1.ibabs.eu/publicdownload.aspx?site=Beekdaelen&id=b87c0bb3-29b2-4ce3-96c5-9a021d353bc0","dc_title":"Bijlage 2 bijlage bij nota reserves en voorzieningen","dc_type":"bijlage","foi_fairiscoreVersions":{"v1":1,"v2":1},"foi_fileName":"Bijlage%202%20bijlage%20bij%20nota%20reserves%20en%20voorzieningen.pdf","foi_nrPages":3},{"dc_format":"application/pdf","dc_identifier":"nl.gm1954.2c.2019.2829353-14.doc.10","dc_source":"https://api1.ibabs.eu/publicdownload.aspx?site=Beekdaelen&id=d693b133-4e10-4927-afe4-5a2c043e36cd","dc_title":"bijlage bij nota van wijziging reserves en voorzieningen","dc_type":"bijlage","foi_fairiscoreVersions":{"v1":1,"v2":1},"foi_fileName":"bijlage%20nota%20reserves%20en%20voorzieningen.pdf","foi_nrPages":3},{"dc_format":"application/pdf","dc_identifier":"nl.gm1954.2c.2019.2829353-14.doc.3","dc_source":"https://api1.ibabs.eu/publicdownload.aspx?site=Beekdaelen&id=a4100d6a-5524-4619-a4c9-38cb784bc258","dc_title":"Nota reserves en voorzieningen Beekdaelen gewijzigd","dc_type":"bijlage","foi_fairiscoreVersions":{"v1":2,"v2":1},"foi_fileName":"nota%20reserves%20en%20voorzieningen%20Beekdaelen%20gewijzigd.pdf","foi_nrPages":23},{"dc_format":"application/pdf","dc_identifier":"nl.gm1954.2c.2019.2829353-14.doc.9","dc_source":"https://api1.ibabs.eu/publicdownload.aspx?site=Beekdaelen&id=469113fd-8b9c-4578-ad0e-c1f6841f8858","dc_title":"Nota van wijziging reserves en voorzieningen","dc_type":"bijlage","foi_fairiscoreVersions":{"v1":1,"v2":1},"foi_fileName":"Nota%20van%20wijziging%20reserves%20en%20voorzieningen.pdf","foi_nrPages":2},{"dc_format":"application/pdf","dc_identifier":"nl.gm1954.2c.2019.2829353-14.doc.2","dc_source":"https://api1.ibabs.eu/publicdownload.aspx?site=Beekdaelen&id=b38ba0da-4135-4147-b3e8-294d98d8c46d","dc_title":"Raadsbesluit inzake nota reserves en voorzieningen - vastgesteld Raad 08102019","dc_type":"bijlage","foi_fairiscoreVersions":{"v1":1,"v2":1},"foi_fileName":"RB%20inzake%20nota%20reserves%20en%20voorzieningen%20gew.%20nav%20cie%2024092019.pdf","foi_nrPages":1},{"dc_format":"application/pdf","dc_identifier":"nl.gm1954.2c.2019.2829353-14.doc.1","dc_source":"https://api1.ibabs.eu/publicdownload.aspx?site=Beekdaelen&id=406b87b2-6e5f-4564-b91d-7bef04b670a1","dc_title":"Raadsvoorstel nota reserves en voorzieningen","dc_type":"bijlage","foi_fairiscoreVersions":{"v1":1,"v2":1},"foi_fileName":"RV%20nota%20reserves%20en%20voorzieningen.pdf","foi_nrPages":3},{"dc_format":"application/pdf","dc_identifier":"nl.gm1954.2c.2019.2829353-14.doc.6","dc_source":"https://api1.ibabs.eu/publicdownload.aspx?site=Beekdaelen&id=28e728f8-7e7a-4bbd-b052-66cfa05b3e19","dc_title":"Vragen en antwoorden cie 24 september 2019 nota reserves en voorzieningen","dc_type":"bijlage","foi_fairiscoreVersions":{"v1":1,"v2":1},"foi_fileName":"Vragen%20en%20antwoorden%20cie%2024%20september%202019%20nota%20reserves%20en%20voorzieningen.pdf","foi_nrPages":3},{"dc_format":"application/pdf","dc_identifier":"nl.gm1954.2c.2019.2829353-14.doc.7","dc_source":"https://api1.ibabs.eu/publicdownload.aspx?site=Beekdaelen&id=34c5898e-9e87-4e5f-9029-93bac77170c9","dc_title":"Vragen VVD inzake Masterplan Schinveld","dc_type":"bijlage","foi_fairiscoreVersions":{"v1":1,"v2":1},"foi_fileName":"Vragen%20VVD%20inzake%20Masterplan%20Schinveld.pdf","foi_nrPages":1}],"foi_nrDocuments":10,"foi_nrPagesInDossier":63,"foi_publishedDate":"2019-10-08","foi_retrievedDate":"2026-02-12"},{"dc_creator":"HandelingScraper_v1","dc_date_year":2019,"dc_description":"Vergadering van de Gemeente Beekdaelen op 2019-10-08. Onderdeel: Voorstel van B&W inzake keuze continueren deelname gemeenschappelijke regelingen.","dc_identifier":"nl.gm1954.2c.2019.2829353-15","dc_publisher":"gm1954","dc_source":"https://beekdaelen.bestuurlijkeinformatie.nl/Agenda/Index/ffa84e00-a37c-466f-9d2c-7de49592213e","dc_title":"Raadsvergadering 2019-10-08 - Voorstel van B&W inzake keuze continueren deelname gemeenschappelijke regelingen","dc_type":"2c","dc_type_description":"Vergaderstuk decentrale overheid","foi_fairiscoreVersions":{"v1":2,"v2":2},"foi_files":[{"dc_format":"application/pdf","dc_identifier":"nl.gm1954.2c.2019.2829353-15.doc.4","dc_source":"https://api1.ibabs.eu/publicdownload.aspx?site=Beekdaelen&id=57b94fe1-48f6-44a6-b687-c197c1e728fa","dc_title":"Memorie van antwoord inzake voorvraag GroenLinks continueren deelname GR-en B.3","dc_type":"bijlage","foi_fairiscoreVersions":{"v1":1,"v2":1},"foi_fileName":"Beantwoording%20vraag%20GroenLinks%20inzake%20RV%20continueren%20deelname%20GR-en%20B.3.pdf","foi_nrPages":2},{"dc_format":"application/pdf","dc_identifier":"nl.gm1954.2c.2019.2829353-15.doc.2","dc_source":"https://api1.ibabs.eu/publicdownload.aspx?site=Beekdaelen&id=5b05c47a-9459-4ba4-bc33-27293aaa512a","dc_title":"Raadsbesluit continueren deelname gemeenschappelijke regelingen - vastgesteld raad 08102019","dc_type":"bijlage","foi_fairiscoreVersions":{"v1":1,"v2":1},"foi_fileName":"RB%20continueren%20deelname%20gemeenschappelijke%20regelingen.pdf","foi_nrPages":1},{"dc_format":"application/pdf","dc_identifier":"nl.gm1954.2c.2019.2829353-15.doc.1","dc_source":"https://api1.ibabs.eu/publicdownload.aspx?site=Beekdaelen&id=ac856773-c10d-498c-926b-283c746af030","dc_title":"Raadsvoorstel continueren deelname gemeenschappelijke regelingen incl. bijlagen","dc_type":"bijlage","foi_fairiscoreVersions":{"v1":3,"v2":3},"foi_fileName":"RV%20continueren%20deelname%20gemeenschappelijke%20regelingen%20incl.%20bijlagen.pdf","foi_nrPages":11},{"dc_format":"application/pdf","dc_identifier":"nl.gm1954.2c.2019.2829353-15.doc.3","dc_source":"https://api1.ibabs.eu/publicdownload.aspx?site=Beekdaelen&id=681bf4bc-8bf4-43c0-8af5-fe41b6886593","dc_title":"Vragen en antwoorden cie 24 september 2019 continueren deelname gemeenschappelijke regelingen","dc_type":"bijlage","foi_fairiscoreVersions":{"v1":1,"v2":1},"foi_fileName":"Vragen%20en%20antwoorden%20cie%2024%20september%202019%20continueren%20deelname%20gemeenschappelijke%20regelingen.pdf","foi_nrPages":3}],"foi_nrDocuments":4,"foi_nrPagesInDossier":17,"foi_publishedDate":"2019-10-08","foi_retrievedDate":"2026-01-23"},{"dc_creator":"HandelingScraper_v1","dc_date_year":2019,"dc_description":"Vergadering van de Gemeente Beekdaelen op 2019-10-08. Onderdeel: Voorstel van B&W inzake stimulering gezonde leefstijl.","dc_identifier":"nl.gm1954.2c.2019.2829353-16","dc_publisher":"gm1954","dc_source":"https://beekdaelen.bestuurlijkeinformatie.nl/Agenda/Index/ffa84e00-a37c-466f-9d2c-7de49592213e","dc_title":"Raadsvergadering 2019-10-08 - Voorstel van B&W inzake stimulering gezonde leefstijl","dc_type":"2c","dc_type_description":"Vergaderstuk decentrale overheid","foi_fairiscoreVersions":{"v1":1,"v2":1},"foi_files":[{"dc_format":"application/pdf","dc_identifier":"nl.gm1954.2c.2019.2829353-16.doc.3","dc_source":"https://api1.ibabs.eu/publicdownload.aspx?site=Beekdaelen&id=9fe10074-38dc-4601-a3d2-1141e515269f","dc_title":"Bijlage Begrotingswijziging 10 stimuleren gezonde levensstijl raad 8 oktober 2019","dc_type":"bijlage","foi_fairiscoreVersions":{"v1":1,"v2":1},"foi_fileName":"Bijlage%20Begrotingswijziging%2010%20stimuleren%20gezonde%20levensstijl%20raad%208%20oktober%202019.pdf","foi_nrPages":1},{"dc_format":"application/pdf","dc_identifier":"nl.gm1954.2c.2019.2829353-16.doc.5","dc_source":"https://api1.ibabs.eu/publicdownload.aspx?site=Beekdaelen&id=e8b1e4b0-c4ef-4b08-bcf2-b64a59485fc8","dc_title":"JOGG-Beekdaelen bereikte resultaten in vm. gemeenten Schinnen-Onderbanken-Nuth 2016-2019","dc_type":"bijlage","foi_fairiscoreVersions":{"v1":1,"v2":1},"foi_fileName":"JOGG-Beekdaelen%20bereikte%20resultaten%20in%20vm.%20gemeenten%20Schinnen-Onderbanken-Nuth-2016-2019.pdf","foi_nrPages":3},{"dc_format":"application/pdf","dc_identifier":"nl.gm1954.2c.2019.2829353-16.doc.2","dc_source":"https://api1.ibabs.eu/publicdownload.aspx?site=Beekdaelen&id=ed35bfde-5705-46ae-93eb-23bd81f66207","dc_title":"Raadsbesluit stimulering gezonde leefstijl - vastgesteld Raad 08102019","dc_type":"bijlage","foi_fairiscoreVersions":{"v1":1,"v2":1},"foi_fileName":"RB%20stimulering%20gezonde%20leefstijl.pdf","foi_nrPages":1},{"dc_format":"application/pdf","dc_identifier":"nl.gm1954.2c.2019.2829353-16.doc.1","dc_source":"https://api1.ibabs.eu/publicdownload.aspx?site=Beekdaelen&id=b37af0af-58a3-45f4-b4a1-e870b2e44c94","dc_title":"Raadsvoorstel stimulering gezonde leefstijl","dc_type":"bijlage","foi_fairiscoreVersions":{"v1":1,"v2":1},"foi_fileName":"RV%20stimulering%20gezonde%20leefstijl.pdf","foi_nrPages":3},{"dc_format":"application/pdf","dc_identifier":"nl.gm1954.2c.2019.2829353-16.doc.4","dc_source":"https://api1.ibabs.eu/publicdownload.aspx?site=Beekdaelen&id=900e642e-3574-4249-8e23-047fc1f8fbca","dc_title":"Vragen en antwoorden cie 24 september 2019 stimulering gezonde leefstijl","dc_type":"bijlage","foi_fairiscoreVersions":{"v1":1,"v2":1},"foi_fileName":"Vragen%20en%20antwoorden%20cie%2024%20september%202019%20stimulering%20gezonde%20leefstijl.pdf","foi_nrPages":2}],"foi_nrDocuments":5,"foi_nrPagesInDossier":10,"foi_publishedDate":"2019-10-08","foi_retrievedDate":"2026-01-22"},{"dc_creator":"HandelingScraper_v1","dc_date_year":2019,"dc_description":"Vergadering van de Gemeente Beekdaelen op 2019-10-08. Onderdeel: Voorstel van B&W inzake herinrichting Markt Nuth.","dc_identifier":"nl.gm1954.2c.2019.2829353-18","dc_publisher":"gm1954","dc_source":"https://beekdaelen.bestuurlijkeinformatie.nl/Agenda/Index/ffa84e00-a37c-466f-9d2c-7de49592213e","dc_title":"Raadsvergadering 2019-10-08 - Voorstel van B&W inzake herinrichting Markt Nuth","dc_type":"2c","dc_type_description":"Vergaderstuk decentrale overheid","foi_fairiscoreVersions":{"v1":2,"v2":2},"foi_files":[{"dc_format":"application/pdf","dc_identifier":"nl.gm1954.2c.2019.2829353-18.doc.2","dc_source":"https://api1.ibabs.eu/publicdownload.aspx?site=Beekdaelen&id=7ccae222-9e06-45e4-a9da-7e4c87f95780","dc_title":"Amendement VVD,D66,BL  Herinrichting Markt Nuth VERWORPEN Raad 08102019","dc_type":"bijlage","foi_fairiscoreVersions":{"v1":1,"v2":1},"foi_fileName":"Amendement%20VVD_D66_BL%20%20Herinrichting%20Markt%20Nuth%20VERWORPEN%20RAAD%2008102019.pdf","foi_nrPages":1},{"dc_format":"application/pdf","dc_identifier":"nl.gm1954.2c.2019.2829353-18.doc.4","dc_source":"https://api1.ibabs.eu/publicdownload.aspx?site=Beekdaelen&id=c7e4f102-b4a4-412f-8070-7e5392dca78b","dc_title":"Bijlage 1 20190527 BKD204 inrichtingsvariant 01 Kragten def 1","dc_type":"bijlage","foi_fairiscoreVersions":{"v1":2,"v2":2},"foi_fileName":"Bijlage%201%2020190527%20BKD204%20inrichtingsvariant%2001%20Kragten%20def%201.pdf","foi_nrPages":1},{"dc_format":"application/pdf","dc_identifier":"nl.gm1954.2c.2019.2829353-18.doc.5","dc_source":"https://api1.ibabs.eu/publicdownload.aspx?site=Beekdaelen&id=85876d35-76f5-4320-8642-5f37cbb48c40","dc_title":"Bijlage 2 RV herinrichting Markt 2e behandeling - besluit Raad 27112018 INGETROKKEN","dc_type":"bijlage","foi_fairiscoreVersions":{"v1":3,"v2":3},"foi_fileName":"Bijlage%202%20RV%20herinrichting%20Markt%202e%20behandeling%20-%20besluit%20Raad%2027112018%20INGETROKKEN.pdf","foi_nrPages":3},{"dc_format":"application/pdf","dc_identifier":"nl.gm1954.2c.2019.2829353-18.doc.6","dc_source":"https://api1.ibabs.eu/publicdownload.aspx?site=Beekdaelen&id=40dc1e06-2b58-4cc0-9b66-e949e2a71563","dc_title":"Bijlage 3 Begrotingswijziging 5 aanvullende middelen markt Nuth","dc_type":"bijlage","foi_fairiscoreVersions":{"v1":1,"v2":1},"foi_fileName":"Bijlage%203%20Begrotingswijziging%205%20aanvullende%20middelen%20markt%20Nuth.pdf","foi_nrPages":1},{"dc_format":"application/pdf","dc_identifier":"nl.gm1954.2c.2019.2829353-18.doc.8","dc_source":"https://api1.ibabs.eu/publicdownload.aspx?site=Beekdaelen&id=132371ec-a7e4-41eb-8d0f-06b031e4ed17","dc_title":"Nota van wijziging markt Nuth","dc_type":"bijlage","foi_fairiscoreVersions":{"v1":1,"v2":1},"foi_fileName":"nota%20van%20wijziging%20markt%20Nuth.pdf","foi_nrPages":1},{"dc_format":"application/pdf","dc_identifier":"nl.gm1954.2c.2019.2829353-18.doc.3","dc_source":"https://api1.ibabs.eu/publicdownload.aspx?site=Beekdaelen&id=49d023b8-a1c8-4f0c-b29f-96312a06f638","dc_title":"Raadsbesluit herinrichting Markt Nuth - vastgesteld Raad 08102019","dc_type":"bijlage","foi_fairiscoreVersions":{"v1":1,"v2":1},"foi_fileName":"RB%20herinrichting%20Markt%20Nuth%20concept.pdf","foi_nrPages":1},{"dc_format":"application/pdf","dc_identifier":"nl.gm1954.2c.2019.2829353-18.doc.1","dc_source":"https://api1.ibabs.eu/publicdownload.aspx?site=Beekdaelen&id=2c4dc334-dfbd-49a2-892f-a58de73c1d8d","dc_title":"Raadsvoorstel herinrichting Markt Nuth","dc_type":"bijlage","foi_fairiscoreVersions":{"v1":1,"v2":1},"foi_fileName":"RV%20herinrichting%20Markt%20Nuth.pdf","foi_nrPages":3},{"dc_format":"application/pdf","dc_identifier":"nl.gm1954.2c.2019.2829353-18.doc.7","dc_source":"https://api1.ibabs.eu/publicdownload.aspx?site=Beekdaelen&id=c3428004-ae93-419e-9593-f78ce98bf665","dc_title":"Vragen en antwoorden cie 24 september 2019 herinrichting Markt Nuth","dc_type":"bijlage","foi_fairiscoreVersions":{"v1":2,"v2":1},"foi_fileName":"Vragen%20en%20antwoorden%20cie%2024%20september%202019%20herinrichting%20Markt%20Nuth.pdf","foi_nrPages":2}],"foi_nrDocuments":8,"foi_nrPagesInDossier":13,"foi_publishedDate":"2019-10-08","foi_retrievedDate":"2026-01-22"},{"dc_creator":"HandelingScraper_v1","dc_date_year":2019,"dc_description":"Vergadering van de Gemeente Beekdaelen op 2019-10-08. Onderdeel: Voorstel van B&W inzake instemmen met beleidskader AWACS.","dc_identifier":"nl.gm1954.2c.2019.2829353-19","dc_publisher":"gm1954","dc_source":"https://beekdaelen.bestuurlijkeinformatie.nl/Agenda/Index/ffa84e00-a37c-466f-9d2c-7de49592213e","dc_title":"Raadsvergadering 2019-10-08 - Voorstel van B&W inzake instemmen met beleidskader AWACS","dc_type":"2c","dc_type_description":"Vergaderstuk decentrale overheid","foi_fairiscoreVersions":{"v1":2,"v2":2},"foi_files":[{"dc_format":"application/pdf","dc_identifier":"nl.gm1954.2c.2019.2829353-19.doc.3","dc_source":"https://api1.ibabs.eu/publicdownload.aspx?site=Beekdaelen&id=15d617fe-5d14-4af3-9775-e3b19f7762d3","dc_title":"Etil - Een vliegende start - definitief (003)","dc_type":"bijlage","foi_fairiscoreVersions":{"v1":2,"v2":2},"foi_fileName":"Etil%20-%20Een%20vliegende%20start%20-%20definitief%20%28003%29.pdf","foi_nrPages":32},{"dc_format":"application/pdf","dc_identifier":"nl.gm1954.2c.2019.2829353-19.doc.5","dc_source":"https://api1.ibabs.eu/publicdownload.aspx?site=Beekdaelen&id=ed6a32d1-8c1e-4fa3-a17e-04b7cb699554","dc_title":"Nota van wijziging AWACS RV oktober 2019","dc_type":"bijlage","foi_fairiscoreVersions":{"v1":1,"v2":1},"foi_fileName":"nota%20van%20wijziging%20AWACS%20RV%20oktober%202019.pdf","foi_nrPages":1},{"dc_format":"application/pdf","dc_identifier":"nl.gm1954.2c.2019.2829353-19.doc.2","dc_source":"https://api1.ibabs.eu/publicdownload.aspx?site=Beekdaelen&id=a3962f15-dfe1-4adb-9b56-870e542137ec","dc_title":"Raadsbesluit beleidskaders AWACS - vastgesteld Raad 08102019","dc_type":"bijlage","foi_fairiscoreVersions":{"v1":1,"v2":1},"foi_fileName":"RB%20beleidskaders%20AWACS.pdf","foi_nrPages":1},{"dc_format":"application/pdf","dc_identifier":"nl.gm1954.2c.2019.2829353-19.doc.1","dc_source":"https://api1.ibabs.eu/publicdownload.aspx?site=Beekdaelen&id=3dac6a5f-d5e2-4eaa-9a12-d12981400010","dc_title":"Raadsvoorstel beleidskaders AWACS","dc_type":"bijlage","foi_fairiscoreVersions":{"v1":1,"v2":1},"foi_fileName":"RV%20beleidskaders%20AWACS.pdf","foi_nrPages":4},{"dc_format":"application/pdf","dc_identifier":"nl.gm1954.2c.2019.2829353-19.doc.4","dc_source":"https://api1.ibabs.eu/publicdownload.aspx?site=Beekdaelen&id=4171be4a-77b6-404f-bc79-1de420079d86","dc_title":"Vragen en antwoorden cie 24 september 2019 beleidskader AWACS","dc_type":"bijlage","foi_fairiscoreVersions":{"v1":1,"v2":1},"foi_fileName":"Vragen%20en%20antwoorden%20cie%2024%20september%202019%20beleidskader%20AWACS.pdf","foi_nrPages":2}],"foi_nrDocuments":5,"foi_nrPagesInDossier":40,"foi_publishedDate":"2019-10-08","foi_retrievedDate":"2026-02-05"},{"dc_creator":"HandelingScraper_v1","dc_date_year":2019,"dc_description":"Vergadering van de Gemeente Beekdaelen op 2019-10-08. Onderdeel: Vaststelling van de agenda.","dc_identifier":"nl.gm1954.2c.2019.2829353-2","dc_publisher":"gm1954","dc_source":"https://beekdaelen.bestuurlijkeinformatie.nl/Agenda/Index/ffa84e00-a37c-466f-9d2c-7de49592213e","dc_title":"Raadsvergadering 2019-10-08 - Vaststelling van de agenda","dc_type":"2c","dc_type_description":"Vergaderstuk decentrale overheid","foi_fairiscoreVersions":{"v1":1,"v2":1},"foi_files":[{"dc_format":"application/pdf","dc_identifier":"nl.gm1954.2c.2019.2829353-2.doc.1","dc_source":"https://api1.ibabs.eu/publicdownload.aspx?site=Beekdaelen&id=dbad9c1f-9974-4c28-875b-5c04d71bb982","dc_title":"Vastgestelde agenda raadsvergadering 08102019","dc_type":"bijlage","foi_fairiscoreVersions":{"v1":1,"v2":1},"foi_fileName":"Vastgestelde%20agenda%20raadsvergadering%2008102019.pdf","foi_nrPages":2}],"foi_nrDocuments":1,"foi_nrPagesInDossier":2,"foi_publishedDate":"2019-10-08","foi_retrievedDate":"2025-12-05"},{"dc_creator":"HandelingScraper_v1","dc_date_year":2019,"dc_description":"Vergadering van de Gemeente Beekdaelen op 2019-10-08. Onderdeel: Voorstel van B&W inzake voortzetten starterslening en vaststellen Verordening \"Starterslening Beekdaelen 2020\".","dc_identifier":"nl.gm1954.2c.2019.2829353-20","dc_publisher":"gm1954","dc_source":"https://beekdaelen.bestuurlijkeinformatie.nl/Agenda/Index/ffa84e00-a37c-466f-9d2c-7de49592213e","dc_title":"Raadsvergadering 2019-10-08 - Voorstel van B&W inzake voortzetten starterslening en vaststellen Verordening \"Starterslening Beekdaelen 2020\"","dc_type":"2c","dc_type_description":"Vergaderstuk decentrale overheid","foi_fairiscoreVersions":{"v1":null,"v2":null},"foi_files":[{"dc_format":"application/pdf","dc_identifier":"nl.gm1954.2c.2019.2829353-20.doc.4","dc_source":"https://api1.ibabs.eu/publicdownload.aspx?site=Beekdaelen&id=497c083c-2999-4bc2-b7d5-74c9a6746025","dc_title":"Motie VVD, D66 Verordening Starterslening Beekdaelen AANGENOMEN raad 08102019","dc_type":"bijlage","foi_fileName":"Motie%20VVD_%20D66%20Verordening%20Starterslening%20Beekdaelen%20AANGENOMEN%20raad%2008102019.pdf"},{"dc_format":"application/pdf","dc_identifier":"nl.gm1954.2c.2019.2829353-20.doc.2","dc_source":"https://api1.ibabs.eu/publicdownload.aspx?site=Beekdaelen&id=82833e49-c5af-457e-8b1f-1cde5e4f4944","dc_title":"Raadsbesluit inzake de verordening starterslening Beekdaelen 2020 - vastgesteld Raad 08102019","dc_type":"bijlage","foi_fileName":"RB%20inzake%20de%20verordening%20starterslening%20Beekdaelen%202020.pdf"},{"dc_format":"application/pdf","dc_identifier":"nl.gm1954.2c.2019.2829353-20.doc.1","dc_source":"https://api1.ibabs.eu/publicdownload.aspx?site=Beekdaelen&id=f628c54b-8407-4e85-989d-9aae38351cdb","dc_title":"Raadsvoorstel verordening Starterslening Beekdaelen","dc_type":"bijlage","foi_fileName":"RV%20verordening%20Starterslening%20Beekdaelen.pdf"},{"dc_format":"application/pdf","dc_identifier":"nl.gm1954.2c.2019.2829353-20.doc.3","dc_source":"https://api1.ibabs.eu/publicdownload.aspx?site=Beekdaelen&id=7f134fcc-7aaa-46c2-8255-ae737b378fd0","dc_title":"Verordening Starterslening Beekdaelen 2020 vastgesteld Raad 08102019","dc_type":"bijlage","foi_fileName":"Verordening%20Starterslening%20Beekdaelen%202020.pdf"},{"dc_format":"application/pdf","dc_identifier":"nl.gm1954.2c.2019.2829353-20.doc.6","dc_source":"https://api1.ibabs.eu/publicdownload.aspx?site=Beekdaelen&id=57d21c7c-3fd7-454b-8b56-3398f37f5c6a","dc_title":"Versie 01102019 definitieve voortgangsrapportage alw najaar 2018","dc_type":"bijlage","foi_fileName":"versie%2001102019%20definitieve_voortgangsrapportage_alw_najaar_2018.pdf"},{"dc_format":"application/pdf","dc_identifier":"nl.gm1954.2c.2019.2829353-20.doc.5","dc_source":"https://api1.ibabs.eu/publicdownload.aspx?site=Beekdaelen&id=251743aa-3d3e-41c7-9d89-0a59116f51ea","dc_title":"Vragen en antwoorden cie 24 september 2019 starterslening - volledig","dc_type":"bijlage","foi_fileName":"Vragen%20en%20antwoorden%20cie%2024%20september%202019%20starterslening.pdf"}],"foi_nrDocuments":6,"foi_nrPagesInDossier":0,"foi_publishedDate":"2019-10-08","foi_retrievedDate":"2025-11-30"},{"dc_creator":"HandelingScraper_v1","dc_date_year":2019,"dc_description":"Vergadering van de Gemeente Beekdaelen op 2019-10-08. Onderdeel: Vaststelling lijst ingekomen stukken.","dc_identifier":"nl.gm1954.2c.2019.2829353-22","dc_publisher":"gm1954","dc_source":"https://beekdaelen.bestuurlijkeinformatie.nl/Agenda/Index/ffa84e00-a37c-466f-9d2c-7de49592213e","dc_title":"Raadsvergadering 2019-10-08 - Vaststelling lijst ingekomen stukken","dc_type":"2c","dc_type_description":"Vergaderstuk decentrale overheid","foi_fairiscoreVersions":{"v1":1,"v2":1},"foi_files":[{"dc_format":"application/pdf","dc_identifier":"nl.gm1954.2c.2019.2829353-22.doc.1","dc_source":"https://api1.ibabs.eu/publicdownload.aspx?site=Beekdaelen&id=075f32d6-e154-455b-ac7b-b040069cee00","dc_title":"Lijst ingekomen stukken raad periode 2jul19 - 8ok19 vastgesteld raad 08102019","dc_type":"bijlage","foi_fairiscoreVersions":{"v1":1,"v2":1},"foi_fileName":"Lijst%20ingekomen%20stukken%20raad%20periode%202jul19%20-%208ok19%20vastgesteld%20raad%2008102019.pdf","foi_nrPages":12}],"foi_nrDocuments":1,"foi_nrPagesInDossier":12,"foi_publishedDate":"2019-10-08","foi_retrievedDate":"2026-03-02"},{"dc_creator":"HandelingScraper_v1","dc_date_year":2019,"dc_description":"Vergadering van de Gemeente Beekdaelen op 2019-10-08. Onderdeel: Motie vreemd aan de orde van de dag inzake schutterijen en gilden.","dc_identifier":"nl.gm1954.2c.2019.2829353-23","dc_publisher":"gm1954","dc_source":"https://beekdaelen.bestuurlijkeinformatie.nl/Agenda/Index/ffa84e00-a37c-466f-9d2c-7de49592213e","dc_title":"Raadsvergadering 2019-10-08 - Motie vreemd aan de orde van de dag inzake schutterijen en gilden","dc_type":"2c","dc_type_description":"Vergaderstuk decentrale overheid","foi_fairiscoreVersions":{"v1":1,"v2":1},"foi_files":[{"dc_format":"application/pdf","dc_identifier":"nl.gm1954.2c.2019.2829353-23.doc.1","dc_source":"https://api1.ibabs.eu/publicdownload.aspx?site=Beekdaelen&id=5064d9ab-033d-49be-96fd-f1d3acd30e80","dc_title":"Motie voltallige raad inzake Schutterijen+gilden - wederom AANGEHOUDEN raad 08102019","dc_type":"bijlage","foi_fairiscoreVersions":{"v1":1,"v2":1},"foi_fileName":"07A%20Motie%20voltallige%20raad%20inzake%20Schutterijen%2Bgilden%20-%20wederom%20AANGEHOUDEN%20raad%2008102019.pdf","foi_nrPages":1},{"dc_format":"application/pdf","dc_identifier":"nl.gm1954.2c.2019.2829353-23.doc.4","dc_source":"https://api1.ibabs.eu/publicdownload.aspx?site=Beekdaelen&id=2017421d-a252-4986-8060-7197a6abfed3","dc_title":"Bijlage verklaring van geen bedenkingen","dc_type":"bijlage","foi_fairiscoreVersions":{"v1":1,"v2":1},"foi_fileName":"11.d.1%20Bijlage%20verklaring%20van%20geen%20bedenkingen.pdf","foi_nrPages":2},{"dc_format":"application/pdf","dc_identifier":"nl.gm1954.2c.2019.2829353-23.doc.3","dc_source":"https://api1.ibabs.eu/publicdownload.aspx?site=Beekdaelen&id=11df8d80-675a-49f6-90e9-3d15b202df56","dc_title":"RIB inzake motie schutterijen en gilden","dc_type":"bijlage","foi_fairiscoreVersions":{"v1":1,"v2":1},"foi_fileName":"11.d%20RIB%20inzake%20motie%20schutterijen%20en%20gilden.pdf","foi_nrPages":1},{"dc_format":"application/pdf","dc_identifier":"nl.gm1954.2c.2019.2829353-23.doc.2","dc_source":"https://api1.ibabs.eu/publicdownload.aspx?site=Beekdaelen&id=fef85ae8-917b-49e6-a0ae-7b519e11de08","dc_title":"Motie CDA, VVD, D66 en BL inzake schutterijen en gilden incl. stemuitslag 21052019 AANGEHOUDEN.","dc_type":"bijlage","foi_fairiscoreVersions":{"v1":1,"v2":1},"foi_fileName":"20190521%20Motie%20CDA_%20VVD_%20D66%20en%20BL%20inzake%20schutterijen%20en%20gilden%20incl.%20stemuitslag%20AANGEHOUDEN.pdf","foi_nrPages":1}],"foi_nrDocuments":4,"foi_nrPagesInDossier":5,"foi_publishedDate":"2019-10-08","foi_retrievedDate":"2026-03-05"},{"dc_creator":"HandelingScraper_v1","dc_date_year":2019,"dc_description":"Vergadering van de Gemeente Beekdaelen op 2019-10-08. Onderdeel: Motie vreemd aan de orde van de dag inzake vlaggen in de raadzaal.","dc_identifier":"nl.gm1954.2c.2019.2829353-24","dc_publisher":"gm1954","dc_source":"https://beekdaelen.bestuurlijkeinformatie.nl/Agenda/Index/ffa84e00-a37c-466f-9d2c-7de49592213e","dc_title":"Raadsvergadering 2019-10-08 - Motie vreemd aan de orde van de dag inzake vlaggen in de raadzaal","dc_type":"2c","dc_type_description":"Vergaderstuk decentrale overheid","foi_fairiscoreVersions":{"v1":1,"v2":1},"foi_files":[{"dc_format":"application/pdf","dc_identifier":"nl.gm1954.2c.2019.2829353-24.doc.1","dc_source":"https://api1.ibabs.eu/publicdownload.aspx?site=Beekdaelen&id=225bbd67-248c-404e-a2bf-90f9f9fa08aa","dc_title":"Motie VVD Vlaggen in raadszaal - AANGENOMEN raad 08102019","dc_type":"bijlage","foi_fairiscoreVersions":{"v1":1,"v2":1},"foi_fileName":"Motie%20VVD%20Vlaggen%20in%20raadszaal%20-%20AANGENOMEN%20raad%2008102019.pdf","foi_nrPages":1}],"foi_nrDocuments":1,"foi_nrPagesInDossier":1,"foi_publishedDate":"2019-10-08","foi_retrievedDate":"2026-03-06"},{"dc_creator":"HandelingScraper_v1","dc_date_year":2019,"dc_description":"Vergadering van de Gemeente Beekdaelen op 2019-10-08. Onderdeel: Vaststellen besluitenlijst openbare raadsvergadering d.d. 2 en 4 juli 2019 en 22 augustus 2019.","dc_identifier":"nl.gm1954.2c.2019.2829353-3","dc_publisher":"gm1954","dc_source":"https://beekdaelen.bestuurlijkeinformatie.nl/Agenda/Index/ffa84e00-a37c-466f-9d2c-7de49592213e","dc_title":"Raadsvergadering 2019-10-08 - Vaststellen besluitenlijst openbare raadsvergadering d.d. 2 en 4 juli 2019 en 22 augustus 2019","dc_type":"2c","dc_type_description":"Vergaderstuk decentrale overheid","foi_fairiscoreVersions":{"v1":1,"v2":1},"foi_files":[{"dc_format":"application/pdf","dc_identifier":"nl.gm1954.2c.2019.2829353-3.doc.1","dc_source":"https://api1.ibabs.eu/publicdownload.aspx?site=Beekdaelen&id=9ad02167-ebdd-48ca-b268-d2f30981cc19","dc_title":"Besluitenlijst van de raadsvergadering van 2 en 4 juli 2019 vastgesteld raad 08102019","dc_type":"bijlage","foi_fairiscoreVersions":{"v1":1,"v2":1},"foi_fileName":"Besluitenlijst%20de%20raadsvergadering%20van%202%20en%204%20juli%202019.pdf","foi_nrPages":11},{"dc_format":"application/pdf","dc_identifier":"nl.gm1954.2c.2019.2829353-3.doc.2","dc_source":"https://api1.ibabs.eu/publicdownload.aspx?site=Beekdaelen&id=4a7cb5d5-90e1-40cd-8691-2861c044f28b","dc_title":"Besluitenlijst van de raadsvergadering van 22 augustus vastgesteld raad 08102019","dc_type":"bijlage","foi_fairiscoreVersions":{"v1":1,"v2":1},"foi_fileName":"Besluitenlijst%20de%20raadsvergadering%20van%2022%20augustus.pdf","foi_nrPages":2}],"foi_nrDocuments":2,"foi_nrPagesInDossier":13,"foi_publishedDate":"2019-10-08","foi_retrievedDate":"2026-03-09"},{"dc_creator":"HandelingScraper_v1","dc_date_year":2019,"dc_description":"Vergadering van de Gemeente Beekdaelen op 2019-10-08. Onderdeel: Voorstel van B&W inzake verwerven Fairtrade titel.","dc_identifier":"nl.gm1954.2c.2019.2829353-4","dc_publisher":"gm1954","dc_source":"https://beekdaelen.bestuurlijkeinformatie.nl/Agenda/Index/ffa84e00-a37c-466f-9d2c-7de49592213e","dc_title":"Raadsvergadering 2019-10-08 - Voorstel van B&W inzake verwerven Fairtrade titel","dc_type":"2c","dc_type_description":"Vergaderstuk decentrale overheid","foi_fairiscoreVersions":{"v1":2,"v2":1},"foi_files":[{"dc_format":"application/pdf","dc_identifier":"nl.gm1954.2c.2019.2829353-4.doc.2","dc_source":"https://api1.ibabs.eu/publicdownload.aspx?site=Beekdaelen&id=0c2f44de-4bac-4e68-a012-7c4c80c295f6","dc_title":"Raadsbesluit inzake verwerven fairtrade titel gemeente - vastgesteld Raad 08102019","dc_type":"bijlage","foi_fairiscoreVersions":{"v1":1,"v2":1},"foi_fileName":"RB%20inzake%20verwerven%20fairtrade%20titel%20gemeente%20-%20vastgesteld%20Raad%2008102019.pdf","foi_nrPages":1},{"dc_format":"application/pdf","dc_identifier":"nl.gm1954.2c.2019.2829353-4.doc.1","dc_source":"https://api1.ibabs.eu/publicdownload.aspx?site=Beekdaelen&id=7ce20b29-b17a-4104-9837-8acd2d1bf325","dc_title":"Raadsvoorstel inzake verwerven Fairtrade titel gemeente","dc_type":"bijlage","foi_fairiscoreVersions":{"v1":1,"v2":1},"foi_fileName":"RV%20inzake%20verwerven%20Fairtrade%20titel%20gemeente.pdf","foi_nrPages":4},{"dc_format":"application/pdf","dc_identifier":"nl.gm1954.2c.2019.2829353-4.doc.3","dc_source":"https://api1.ibabs.eu/publicdownload.aspx?site=Beekdaelen&id=b9405220-45b7-43c8-bce4-0379f4edcfc9","dc_title":"Vragen en antwoorden cie 24 september 2019 verwerven Fairtrade titel","dc_type":"bijlage","foi_fairiscoreVersions":{"v1":2,"v2":1},"foi_fileName":"Vragen%20en%20antwoorden%20cie%2024%20september%202019%20verwerven%20Fairtrade%20titel.pdf","foi_nrPages":3}],"foi_nrDocuments":3,"foi_nrPagesInDossier":8,"foi_publishedDate":"2019-10-08","foi_retrievedDate":"2026-02-12"},{"dc_creator":"HandelingScraper_v1","dc_date_year":2019,"dc_description":"Vergadering van de Gemeente Beekdaelen op 2019-10-08. Onderdeel: Voorstel van B&W inzake verstrekken positieve zienswijze t.a.v. bestuursconvenant Vixia - Participatiebedrijf.","dc_identifier":"nl.gm1954.2c.2019.2829353-6","dc_publisher":"gm1954","dc_source":"https://beekdaelen.bestuurlijkeinformatie.nl/Agenda/Index/ffa84e00-a37c-466f-9d2c-7de49592213e","dc_title":"Raadsvergadering 2019-10-08 - Voorstel van B&W inzake verstrekken positieve zienswijze t.a.v. bestuursconvenant Vixia - Participatiebedrijf","dc_type":"2c","dc_type_description":"Vergaderstuk decentrale overheid","foi_fairiscoreVersions":{"v1":2,"v2":1},"foi_files":[{"dc_format":"application/pdf","dc_identifier":"nl.gm1954.2c.2019.2829353-6.doc.3","dc_source":"https://api1.ibabs.eu/publicdownload.aspx?site=Beekdaelen&id=71d0dfb6-5891-4c2d-a9ab-405c79a694de","dc_title":"Bijlage 1a Bestuursconvenant Integraal Participatiebedrijf definitieve versie 26 juni 2019","dc_type":"bijlage","foi_fairiscoreVersions":{"v1":1,"v2":1},"foi_fileName":"Bijlage%201a%20Bestuursconvenant%20Integraal%20Participatiebedrijf%20definitieve%20versie%2026%20juni%202019.pdf","foi_nrPages":5},{"dc_format":"application/pdf","dc_identifier":"nl.gm1954.2c.2019.2829353-6.doc.4","dc_source":"https://api1.ibabs.eu/publicdownload.aspx?site=Beekdaelen&id=dbf40cbc-00d8-4846-bfb9-5745c3fb046c","dc_title":"Bijlage 1b Participatiebedrijf Toelichting bij bestuursconvenant definitief","dc_type":"bijlage","foi_fairiscoreVersions":{"v1":1,"v2":1},"foi_fileName":"Bijlage%201b%20Participatiebedrijf%20Toelichting%20bij%20bestuursconvenant%20definitief.pdf","foi_nrPages":5},{"dc_format":"application/pdf","dc_identifier":"nl.gm1954.2c.2019.2829353-6.doc.5","dc_source":"https://api1.ibabs.eu/publicdownload.aspx?site=Beekdaelen&id=a337f1a4-915b-4000-8bf9-f68f8beaf215","dc_title":"Bijlage 2 Kopie van Planning 2019 v7","dc_type":"bijlage","foi_fairiscoreVersions":{"v1":2,"v2":1},"foi_fileName":"Bijlage%202%20Kopie%20van%20Planning%202019%20v7.pdf","foi_nrPages":4},{"dc_format":"application/pdf","dc_identifier":"nl.gm1954.2c.2019.2829353-6.doc.2","dc_source":"https://api1.ibabs.eu/publicdownload.aspx?site=Beekdaelen&id=c57433b0-ed72-41e2-8973-2416092f723e","dc_title":"Raadsbesluit bestuursconvenant Vixia - P'bedrijf - vastgesteld raad 08102019","dc_type":"bijlage","foi_fairiscoreVersions":{"v1":1,"v2":1},"foi_fileName":"RB%20bestuursconvenant%20Vixia%20-%20P%27bedrijf.pdf","foi_nrPages":1},{"dc_format":"application/pdf","dc_identifier":"nl.gm1954.2c.2019.2829353-6.doc.1","dc_source":"https://api1.ibabs.eu/publicdownload.aspx?site=Beekdaelen&id=7fff0f1d-614d-4843-b5ec-8a571da55db9","dc_title":"Raadsvoorstel Bestuursconvenant Vixia - P'bedrijf B&W02072019","dc_type":"bijlage","foi_fairiscoreVersions":{"v1":1,"v2":1},"foi_fileName":"RV%20Bestuursconvenant%20Vixia%20-%20P%27bedrijf%20B%26W02072019.pdf","foi_nrPages":4},{"dc_format":"application/pdf","dc_identifier":"nl.gm1954.2c.2019.2829353-6.doc.6","dc_source":"https://api1.ibabs.eu/publicdownload.aspx?site=Beekdaelen&id=da4ec52e-5358-4512-b219-833cf4a2c292","dc_title":"Vragen en antwoorden cie 24 september 2019 verstrekken positieve zienswijze bestuursconvenant","dc_type":"bijlage","foi_fairiscoreVersions":{"v1":2,"v2":1},"foi_fileName":"Vragen%20en%20antwoorden%20cie%2024%20september%202019%20verstrekken%20positieve%20zienswijze%20bestuursconvenant.pdf","foi_nrPages":2}],"foi_nrDocuments":6,"foi_nrPagesInDossier":21,"foi_publishedDate":"2019-10-08","foi_retrievedDate":"2026-02-12"},{"dc_creator":"HandelingScraper_v1","dc_date_year":2019,"dc_description":"Vergadering van de Gemeente Beekdaelen op 2019-10-08. Onderdeel: Voorstel van B&W inzake vaststellen Verordening Adviesorgaan Sociaal Domein.","dc_identifier":"nl.gm1954.2c.2019.2829353-7","dc_publisher":"gm1954","dc_source":"https://beekdaelen.bestuurlijkeinformatie.nl/Agenda/Index/ffa84e00-a37c-466f-9d2c-7de49592213e","dc_title":"Raadsvergadering 2019-10-08 - Voorstel van B&W inzake vaststellen Verordening Adviesorgaan Sociaal Domein","dc_type":"2c","dc_type_description":"Vergaderstuk decentrale overheid","foi_fairiscoreVersions":{"v1":2,"v2":1},"foi_files":[{"dc_format":"application/pdf","dc_identifier":"nl.gm1954.2c.2019.2829353-7.doc.4","dc_source":"https://api1.ibabs.eu/publicdownload.aspx?site=Beekdaelen&id=1cea3f23-8f45-4349-baf9-a70a0208e8f8","dc_title":"Bijlage 1 Concept Verordening versie augustus 2019","dc_type":"bijlage","foi_fairiscoreVersions":{"v1":1,"v2":1},"foi_fileName":"Bijlage%201%20Concept%20Verordening%20versie%20augustus%202019.pdf","foi_nrPages":5},{"dc_format":"application/pdf","dc_identifier":"nl.gm1954.2c.2019.2829353-7.doc.5","dc_source":"https://api1.ibabs.eu/publicdownload.aspx?site=Beekdaelen&id=2078896b-84ce-423f-8f89-efa493258f9e","dc_title":"Bijlage 2 Vacature lid Adviesorgaan Sociaal Domein Beekdaelen","dc_type":"bijlage","foi_fairiscoreVersions":{"v1":1,"v2":1},"foi_fileName":"Bijlage%202%20Vacature%20lid%20Adviesorgaan%20Sociaal%20Domein%20Beekdaelen.pdf","foi_nrPages":2},{"dc_format":"application/pdf","dc_identifier":"nl.gm1954.2c.2019.2829353-7.doc.2","dc_source":"https://api1.ibabs.eu/publicdownload.aspx?site=Beekdaelen&id=89c22e55-c532-482f-a18d-651e4813f923","dc_title":"Raadsbesluit Adviesorgaan Sociaal Domein Beekdaelen - vastgesteld raad 08102019","dc_type":"bijlage","foi_fairiscoreVersions":{"v1":1,"v2":1},"foi_fileName":"RB%20Adviesorgaan%20Sociaal%20Domein%20Beekdaelen.pdf","foi_nrPages":1},{"dc_format":"application/pdf","dc_identifier":"nl.gm1954.2c.2019.2829353-7.doc.1","dc_source":"https://api1.ibabs.eu/publicdownload.aspx?site=Beekdaelen&id=45488f8d-91ec-48b0-8f52-98fbb48a8379","dc_title":"Raadsvoorstel Adviesorgaan Sociaal Domein Beekdaelen","dc_type":"bijlage","foi_fairiscoreVersions":{"v1":1,"v2":1},"foi_fileName":"RV%20Adviesorgaan%20Sociaal%20Domein%20Beekdaelen.pdf","foi_nrPages":4},{"dc_format":"application/pdf","dc_identifier":"nl.gm1954.2c.2019.2829353-7.doc.3","dc_source":"https://api1.ibabs.eu/publicdownload.aspx?site=Beekdaelen&id=6d4a5207-86ba-48ac-81fd-4a7de621cda2","dc_title":"Verordening Adviesorgaan Sociaal Domein Beekdaelen vastgesteld raad 08102019","dc_type":"bijlage","foi_fairiscoreVersions":{"v1":1,"v2":1},"foi_fileName":"Verordening%20Adviesorgaan%20Sociaal%20Domein%20Beekdaelen%20vastgesteld%20raad%2008102019.pdf","foi_nrPages":5},{"dc_format":"application/pdf","dc_identifier":"nl.gm1954.2c.2019.2829353-7.doc.6","dc_source":"https://api1.ibabs.eu/publicdownload.aspx?site=Beekdaelen&id=7682788c-3b79-433c-bd09-fff44b1026e8","dc_title":"Vragen en antwoorden cie 24 september 2019 vaststellen Verordening adviesorgaan","dc_type":"bijlage","foi_fairiscoreVersions":{"v1":2,"v2":1},"foi_fileName":"Vragen%20en%20antwoorden%20cie%2024%20september%202019%20vaststellen%20Verordening%20adviesorgaan.pdf","foi_nrPages":2}],"foi_nrDocuments":6,"foi_nrPagesInDossier":19,"foi_publishedDate":"2019-10-08","foi_retrievedDate":"2026-01-23"},{"dc_creator":"HandelingScraper_v1","dc_date_year":2019,"dc_description":"Vergadering van de Gemeente Beekdaelen op 2019-10-08. Onderdeel: Voorstel van B&W inzake verlenen definitieve verklaring van geen bedenkingen bouw appartementen, Kloosterlaan 11-13 in Schinveld.","dc_identifier":"nl.gm1954.2c.2019.2829353-8","dc_publisher":"gm1954","dc_source":"https://beekdaelen.bestuurlijkeinformatie.nl/Agenda/Index/ffa84e00-a37c-466f-9d2c-7de49592213e","dc_title":"Raadsvergadering 2019-10-08 - Voorstel van B&W inzake verlenen definitieve verklaring van geen bedenkingen bouw appartementen, Kloosterlaan 11-13 in Schinveld","dc_type":"2c","dc_type_description":"Vergaderstuk decentrale overheid","foi_fairiscoreVersions":{"v1":2,"v2":2},"foi_files":[{"dc_format":"application/pdf","dc_identifier":"nl.gm1954.2c.2019.2829353-8.doc.3","dc_source":"https://api1.ibabs.eu/publicdownload.aspx?site=Beekdaelen&id=0fd83f2a-84b5-4575-b415-79f42947d1c5","dc_title":"Bijlage 1a Conceptvergunning","dc_type":"bijlage","foi_fairiscoreVersions":{"v1":1,"v2":1},"foi_fileName":"Bijlage%201a%20Conceptvergunning.pdf","foi_nrPages":8},{"dc_format":"application/pdf","dc_identifier":"nl.gm1954.2c.2019.2829353-8.doc.4","dc_source":"https://api1.ibabs.eu/publicdownload.aspx?site=Beekdaelen&id=d007f330-6883-4378-bc33-9b0d5e7ffed0","dc_title":"Bijlage 1b Ruimtelijke onderbouwing","dc_type":"bijlage","foi_fairiscoreVersions":{"v1":5,"v2":5},"foi_fileName":"Bijlage%201b%20Ruimtelijke%20onderbouwing.pdf","foi_nrPages":12},{"dc_format":"application/pdf","dc_identifier":"nl.gm1954.2c.2019.2829353-8.doc.5","dc_source":"https://api1.ibabs.eu/publicdownload.aspx?site=Beekdaelen&id=6d985f57-bd22-4c70-be20-c020fb352584","dc_title":"Bijlage 2 Situatietekening","dc_type":"bijlage","foi_fairiscoreVersions":{"v1":1,"v2":1},"foi_fileName":"Bijlage%202%20Situatietekening.pdf","foi_nrPages":1},{"dc_format":"application/pdf","dc_identifier":"nl.gm1954.2c.2019.2829353-8.doc.6","dc_source":"https://api1.ibabs.eu/publicdownload.aspx?site=Beekdaelen&id=cd6b8487-1a4e-4a58-ba59-8946cad0a9f5","dc_title":"Bijlage 3 Bouwplan","dc_type":"bijlage","foi_fairiscoreVersions":{"v1":1,"v2":1},"foi_fileName":"Bijlage%203%20Bouwplan.pdf","foi_nrPages":1},{"dc_format":"application/pdf","dc_identifier":"nl.gm1954.2c.2019.2829353-8.doc.2","dc_source":"https://api1.ibabs.eu/publicdownload.aspx?site=Beekdaelen&id=d8dc9caf-90d3-4cd9-8c51-be43038acc34","dc_title":"RB vvgb omgevingsvergunning bouw 4 appartementen Schinveld","dc_type":"bijlage","foi_fairiscoreVersions":{"v1":1,"v2":1},"foi_fileName":"raadsbesluit.pdf","foi_nrPages":1},{"dc_format":"application/pdf","dc_identifier":"nl.gm1954.2c.2019.2829353-8.doc.1","dc_source":"https://api1.ibabs.eu/publicdownload.aspx?site=Beekdaelen&id=ee1d8c24-35fc-48a9-ae70-3dc503304592","dc_title":"RV vvgb omgevingsvergunning bouw 4 appartementen Schinveld","dc_type":"bijlage","foi_fairiscoreVersions":{"v1":1,"v2":1},"foi_fileName":"raadsvoorstel.pdf","foi_nrPages":2},{"dc_format":"application/pdf","dc_identifier":"nl.gm1954.2c.2019.2829353-8.doc.7","dc_source":"https://api1.ibabs.eu/publicdownload.aspx?site=Beekdaelen&id=628a5b9c-4d88-412f-a594-32e2195acc93","dc_title":"Vragen en antwoorden cie 24 september 2019 vvgb Kloosterlaan Schinveld","dc_type":"bijlage","foi_fairiscoreVersions":{"v1":1,"v2":1},"foi_fileName":"Vragen%20en%20antwoorden%20cie%2024%20september%202019%20vvgb%20Kloosterstraat%20Schinveld.pdf","foi_nrPages":1}],"foi_nrDocuments":7,"foi_nrPagesInDossier":26,"foi_publishedDate":"2019-10-08","foi_retrievedDate":"2026-01-23"},{"dc_creator":"HandelingScraper_v1","dc_date_year":2019,"dc_description":"Vergadering van de Gemeente Beekdaelen op 2019-10-08. Onderdeel: Voorstel van B&W inzake vaststellen bestemmingsplan 'Kern Nuth, Voorsterstraat 13 en 15, Valkenburgerweg 17'.","dc_identifier":"nl.gm1954.2c.2019.2829353-9","dc_publisher":"gm1954","dc_source":"https://beekdaelen.bestuurlijkeinformatie.nl/Agenda/Index/ffa84e00-a37c-466f-9d2c-7de49592213e","dc_title":"Raadsvergadering 2019-10-08 - Voorstel van B&W inzake vaststellen bestemmingsplan 'Kern Nuth, Voorsterstraat 13 en 15, Valkenburgerweg 17'","dc_type":"2c","dc_type_description":"Vergaderstuk decentrale overheid","foi_fairiscoreVersions":{"v1":1,"v2":1},"foi_files":[{"dc_format":"application/pdf","dc_identifier":"nl.gm1954.2c.2019.2829353-9.doc.2","dc_source":"https://api1.ibabs.eu/publicdownload.aspx?site=Beekdaelen&id=60b75973-9e9f-4533-98b0-6daf034868f7","dc_title":"Raadsbesluit Bestemmingsplan kern Nuth - Voorsterstraat etc - vastgesteld Raad 08102019","dc_type":"bijlage","foi_fairiscoreVersions":{"v1":1,"v2":1},"foi_fileName":"RB%20Bestemmingsplan%20kern%20Nuth%20-%20Voorsterstraat%20etc.pdf","foi_nrPages":1},{"dc_format":"application/pdf","dc_identifier":"nl.gm1954.2c.2019.2829353-9.doc.1","dc_source":"https://api1.ibabs.eu/publicdownload.aspx?site=Beekdaelen&id=57aad14a-feec-4968-bae7-2233c881c95a","dc_title":"Raadsvoorstel Bestemmingsplan kern Nuth - Voorsterstraat etc","dc_type":"bijlage","foi_fairiscoreVersions":{"v1":1,"v2":1},"foi_fileName":"RV%20Bestemmingsplan%20kern%20Nuth%20-%20Voorsterstraat%20etc.pdf","foi_nrPages":3},{"dc_format":"application/pdf","dc_identifier":"nl.gm1954.2c.2019.2829353-9.doc.3","dc_source":"https://api1.ibabs.eu/publicdownload.aspx?site=Beekdaelen&id=852584bd-b1fe-491e-8f71-43b0ed9d756e","dc_title":"Vragen en antwoorden cie 24 september 2019 bp kern Nuth Voorsterstraat en Valkenburgerweg","dc_type":"bijlage","foi_fairiscoreVersions":{"v1":1,"v2":1},"foi_fileName":"Vragen%20en%20antwoorden%20cie%2024%20september%202019%20bp%20kern%20Nuth%20Voorsterstraat%20en%20Valkenburgerweg.pdf","foi_nrPages":1}],"foi_nrDocuments":3,"foi_nrPagesInDossier":5,"foi_publishedDate":"2019-10-08","foi_retrievedDate":"2026-03-04"},{"dc_creator":"HandelingScraper_v1","dc_date_year":2019,"dc_description":"Vergadering van de Gemeente Beekdaelen op 2019-10-18. Onderdeel: Vaststellen agenda vergadering.","dc_identifier":"nl.gm1954.2c.2019.2829409-1","dc_publisher":"gm1954","dc_source":"https://beekdaelen.bestuurlijkeinformatie.nl/Agenda/Index/0fc0193c-0aa9-4f01-906d-08402b4c4257","dc_title":"BDN Commissie AWACS Limburg 2019-10-18 - Vaststellen agenda vergadering","dc_type":"2c","dc_type_description":"Vergaderstuk decentrale overheid","foi_fairiscoreVersions":{"v1":1,"v2":1},"foi_files":[{"dc_format":"application/pdf","dc_identifier":"nl.gm1954.2c.2019.2829409-1.doc.1","dc_source":"https://api1.ibabs.eu/publicdownload.aspx?site=Beekdaelen&id=90f11938-1c50-40b5-90e3-636bc76306e2","dc_title":"02. Agenda 18.10.2019","dc_type":"bijlage","foi_fairiscoreVersions":{"v1":1,"v2":1},"foi_fileName":"02.%20Agenda%2018.10.2019.pdf","foi_nrPages":1}],"foi_nrDocuments":1,"foi_nrPagesInDossier":1,"foi_publishedDate":"2019-10-18","foi_retrievedDate":"2026-03-07"},{"dc_creator":"HandelingScraper_v1","dc_date_year":2019,"dc_description":"Vergadering van de Gemeente Beekdaelen op 2019-10-18. Onderdeel: Vaststellen verslag vergadering Commissie AWACS Limburg 27 juni 2019.","dc_identifier":"nl.gm1954.2c.2019.2829409-2","dc_publisher":"gm1954","dc_source":"https://beekdaelen.bestuurlijkeinformatie.nl/Agenda/Index/0fc0193c-0aa9-4f01-906d-08402b4c4257","dc_title":"BDN Commissie AWACS Limburg 2019-10-18 - Vaststellen verslag vergadering Commissie AWACS Limburg 27 juni 2019","dc_type":"2c","dc_type_description":"Vergaderstuk decentrale overheid","foi_fairiscoreVersions":{"v1":1,"v2":1},"foi_files":[{"dc_format":"application/pdf","dc_identifier":"nl.gm1954.2c.2019.2829409-2.doc.1","dc_source":"https://api1.ibabs.eu/publicdownload.aspx?site=Beekdaelen&id=9ec74a80-dcd6-4194-a8a3-defbb67c3bb9","dc_title":"04. verslag 27.06.2019","dc_type":"bijlage","foi_fairiscoreVersions":{"v1":1,"v2":1},"foi_fileName":"04.%20verslag%2027.06.2019.pdf","foi_nrPages":5}],"foi_nrDocuments":1,"foi_nrPagesInDossier":5,"foi_publishedDate":"2019-10-18","foi_retrievedDate":"2026-02-05"},{"dc_creator":"HandelingScraper_v1","dc_date_year":2019,"dc_description":"Vergadering van de Gemeente Beekdaelen op 2019-10-18. Onderdeel: Actiepuntenlijst Commissie.","dc_identifier":"nl.gm1954.2c.2019.2829409-3","dc_publisher":"gm1954","dc_source":"https://beekdaelen.bestuurlijkeinformatie.nl/Agenda/Index/0fc0193c-0aa9-4f01-906d-08402b4c4257","dc_title":"BDN Commissie AWACS Limburg 2019-10-18 - Actiepuntenlijst Commissie","dc_type":"2c","dc_type_description":"Vergaderstuk decentrale overheid","foi_fairiscoreVersions":{"v1":1,"v2":1},"foi_files":[{"dc_format":"application/pdf","dc_identifier":"nl.gm1954.2c.2019.2829409-3.doc.1","dc_source":"https://api1.ibabs.eu/publicdownload.aspx?site=Beekdaelen&id=422bbfb5-267a-49fd-86d7-67c85781a5ab","dc_title":"05. actiepuntenlijst CAL 19.06.27","dc_type":"bijlage","foi_fairiscoreVersions":{"v1":1,"v2":1},"foi_fileName":"05.%20actiepuntenlijst%20CAL%2019.06.27.pdf","foi_nrPages":1}],"foi_nrDocuments":1,"foi_nrPagesInDossier":1,"foi_publishedDate":"2019-10-18","foi_retrievedDate":"2026-03-01"},{"dc_creator":"HandelingScraper_v1","dc_date_year":2019,"dc_description":"Vergadering van de Gemeente Beekdaelen op 2019-10-18. Onderdeel: Rapportage Klachten St. Klachtentelefoon Luchtverkeer Zuid-Limburg, tweede kwartaal 2019.","dc_identifier":"nl.gm1954.2c.2019.2829409-4","dc_publisher":"gm1954","dc_source":"https://beekdaelen.bestuurlijkeinformatie.nl/Agenda/Index/0fc0193c-0aa9-4f01-906d-08402b4c4257","dc_title":"BDN Commissie AWACS Limburg 2019-10-18 - Rapportage Klachten St. Klachtentelefoon Luchtverkeer Zuid-Limburg, tweede kwartaal 2019","dc_type":"2c","dc_type_description":"Vergaderstuk decentrale overheid","foi_fairiscoreVersions":{"v1":1,"v2":1},"foi_files":[{"dc_format":"application/pdf","dc_identifier":"nl.gm1954.2c.2019.2829409-4.doc.1","dc_source":"https://api1.ibabs.eu/publicdownload.aspx?site=Beekdaelen&id=751bb654-774c-4a5f-93c6-31422c99b9b8","dc_title":"08 klachten 2019-2eKW","dc_type":"bijlage","foi_fairiscoreVersions":{"v1":1,"v2":1},"foi_fileName":"08%20klachten%202019-2eKW.pdf","foi_nrPages":19}],"foi_nrDocuments":1,"foi_nrPagesInDossier":19,"foi_publishedDate":"2019-10-18","foi_retrievedDate":"2026-01-22"},{"dc_creator":"HandelingScraper_v1","dc_date_year":2019,"dc_description":"Vergadering van de Gemeente Beekdaelen op 2019-10-18. Onderdeel: Overzicht Vliegbewegingen St. Klachtentelefoon Luchtverkeer Zuid-Limburg, tweede kwartaal 2019.","dc_identifier":"nl.gm1954.2c.2019.2829409-5","dc_publisher":"gm1954","dc_source":"https://beekdaelen.bestuurlijkeinformatie.nl/Agenda/Index/0fc0193c-0aa9-4f01-906d-08402b4c4257","dc_title":"BDN Commissie AWACS Limburg 2019-10-18 - Overzicht Vliegbewegingen St. Klachtentelefoon Luchtverkeer Zuid-Limburg, tweede kwartaal 2019","dc_type":"2c","dc_type_description":"Vergaderstuk decentrale overheid","foi_fairiscoreVersions":{"v1":1,"v2":1},"foi_files":[{"dc_format":"application/pdf","dc_identifier":"nl.gm1954.2c.2019.2829409-5.doc.1","dc_source":"https://api1.ibabs.eu/publicdownload.aspx?site=Beekdaelen&id=de9e6ce4-307a-440f-960a-1f407396ef76","dc_title":"09. AWACS 2019 2e kwartaal VLIEGBEWEGINGEN BOVEN WOONBEBOUWING BRUNSSUM EN SCHINVELD","dc_type":"bijlage","foi_fairiscoreVersions":{"v1":1,"v2":1},"foi_fileName":"09.%20AWACS%202019%202e%20kwartaal%20VLIEGBEWEGINGEN%20BOVEN%20WOONBEBOUWING%20BRUNSSUM%20EN%20SCHINVELD.pdf","foi_nrPages":6}],"foi_nrDocuments":1,"foi_nrPagesInDossier":6,"foi_publishedDate":"2019-10-18","foi_retrievedDate":"2025-12-05"},{"dc_creator":"HandelingScraper_v1","dc_date_year":2019,"dc_description":"Vergadering van de Gemeente Beekdaelen op 2019-10-18. Onderdeel: NLR Presentatie van Kamerleden.","dc_identifier":"nl.gm1954.2c.2019.2829409-6","dc_publisher":"gm1954","dc_source":"https://beekdaelen.bestuurlijkeinformatie.nl/Agenda/Index/0fc0193c-0aa9-4f01-906d-08402b4c4257","dc_title":"BDN Commissie AWACS Limburg 2019-10-18 - NLR Presentatie van Kamerleden","dc_type":"2c","dc_type_description":"Vergaderstuk decentrale overheid","foi_fairiscoreVersions":{"v1":2,"v2":2},"foi_files":[{"dc_format":"application/pdf","dc_identifier":"nl.gm1954.2c.2019.2829409-6.doc.1","dc_source":"https://api1.ibabs.eu/publicdownload.aspx?site=Beekdaelen&id=e4cda98c-a27e-4840-854e-1b66540f4952","dc_title":"10.a Ke-Lden algemeen-20180926 presentatie.pdf","dc_type":"bijlage","foi_fairiscoreVersions":{"v1":2,"v2":2},"foi_fileName":"10.a%20Ke-Lden%20algemeen-20180926%20presentatie.pdf","foi_nrPages":14}],"foi_nrDocuments":1,"foi_nrPagesInDossier":14,"foi_publishedDate":"2019-10-18","foi_retrievedDate":"2026-02-11"},{"dc_creator":"HandelingScraper_v1","dc_date_year":2019,"dc_description":"Vergadering van de Gemeente Beekdaelen op 2019-10-29. Onderdeel: Opening, mededelingen voorzitter en vaststellen agenda.","dc_identifier":"nl.gm1954.2c.2019.2829429-1","dc_publisher":"gm1954","dc_source":"https://beekdaelen.bestuurlijkeinformatie.nl/Agenda/Index/795e7ca3-b22e-4a8f-b4b0-31398e6a2332","dc_title":"Raadscommissie (2019 t/m januari 2020) 2019-10-29 - Opening, mededelingen voorzitter en vaststellen agenda","dc_type":"2c","dc_type_description":"Vergaderstuk decentrale overheid","foi_fairiscoreVersions":{"v1":1,"v2":1},"foi_files":[{"dc_format":"application/pdf","dc_identifier":"nl.gm1954.2c.2019.2829429-1.doc.1","dc_source":"https://api1.ibabs.eu/publicdownload.aspx?site=Beekdaelen&id=1e5df3ba-1526-4c95-aa0f-4da1d7d24afd","dc_title":"Vastgestelde agenda raadscommissie 29 oktober 2019","dc_type":"bijlage","foi_fairiscoreVersions":{"v1":1,"v2":1},"foi_fileName":"Vastgestelde%20agenda%20raadscommissie%2029%20oktober%202019.pdf","foi_nrPages":1}],"foi_nrDocuments":1,"foi_nrPagesInDossier":1,"foi_publishedDate":"2019-10-29","foi_retrievedDate":"2026-03-06"},{"dc_creator":"HandelingScraper_v1","dc_date_year":2019,"dc_description":"Vergadering van de Gemeente Beekdaelen op 2019-10-29. Onderdeel: Raadsvoorstel inzake vaststellen van de Programmabegroting 2020 en de meerjarenraming 2021-2023.","dc_identifier":"nl.gm1954.2c.2019.2829429-2","dc_publisher":"gm1954","dc_source":"https://beekdaelen.bestuurlijkeinformatie.nl/Agenda/Index/795e7ca3-b22e-4a8f-b4b0-31398e6a2332","dc_title":"Raadscommissie (2019 t/m januari 2020) 2019-10-29 - Raadsvoorstel inzake vaststellen van de Programmabegroting 2020 en de meerjarenraming 2021-2023","dc_type":"2c","dc_type_description":"Vergaderstuk decentrale overheid","foi_fairiscoreVersions":{"v1":2,"v2":1},"foi_files":[{"dc_format":"application/pdf","dc_identifier":"nl.gm1954.2c.2019.2829429-2.doc.4","dc_source":"https://api1.ibabs.eu/publicdownload.aspx?site=Beekdaelen&id=e99421a7-ed9b-486e-bcec-a3ab73b4ded1","dc_title":"Infographic begroting","dc_type":"bijlage","foi_fairiscoreVersions":{"v1":1,"v2":1},"foi_fileName":"19347_BD_infographic_begroting.pdf","foi_nrPages":1},{"dc_format":"application/pdf","dc_identifier":"nl.gm1954.2c.2019.2829429-2.doc.2","dc_source":"https://api1.ibabs.eu/publicdownload.aspx?site=Beekdaelen&id=982cec0b-21f0-453e-864c-6f2781f072f3","dc_title":"Raadsbesluit begroting 2020 gemeente Beekdaelen aangepast 16102019","dc_type":"bijlage","foi_fairiscoreVersions":{"v1":1,"v2":1},"foi_fileName":"209230_1.pdf","foi_nrPages":2},{"dc_format":"application/pdf","dc_identifier":"nl.gm1954.2c.2019.2829429-2.doc.3","dc_source":"https://api1.ibabs.eu/publicdownload.aspx?site=Beekdaelen&id=8ecff231-2d3f-4e8b-bec7-5b4c072ef919","dc_title":"Begroting 2020 gemeente Beekdaelen","dc_type":"bijlage","foi_fairiscoreVersions":{"v1":2,"v2":1},"foi_fileName":"Begroting%202020%20gemeente%20Beekdaelen.pdf","foi_nrPages":90},{"dc_format":"application/pdf","dc_identifier":"nl.gm1954.2c.2019.2829429-2.doc.16","dc_source":"https://api1.ibabs.eu/publicdownload.aspx?site=Beekdaelen&id=a29b4544-2ce3-414d-85c3-3201bf00d10a","dc_title":"Bijlage bij antwoord vraag 20 Vernieuwingsgroep","dc_type":"bijlage","foi_fairiscoreVersions":{"v1":1,"v2":1},"foi_fileName":"Bijlage%20bij%20antwoord%20vraag%2011%20BL%20en%20vraag%2020%20VG.pdf","foi_nrPages":1},{"dc_format":"application/pdf","dc_identifier":"nl.gm1954.2c.2019.2829429-2.doc.6","dc_source":"https://api1.ibabs.eu/publicdownload.aspx?site=Beekdaelen&id=20f5e053-3418-4c9f-9de0-e386803ae130","dc_title":"Bijlage bij antwoord vraag 11 Beekdaelen Lokaal","dc_type":"bijlage","foi_fairiscoreVersions":{"v1":1,"v2":1},"foi_fileName":"Bijlage%20vraag%2011%20en%2043.pdf","foi_nrPages":1},{"dc_format":"application/pdf","dc_identifier":"nl.gm1954.2c.2019.2829429-2.doc.14","dc_source":"https://api1.ibabs.eu/publicdownload.aspx?site=Beekdaelen&id=3283f4e8-e127-4165-849a-c65984ad04ea","dc_title":"Bijlage bij antwoord vraag 3 Vernieuwingsgroep","dc_type":"bijlage","foi_fairiscoreVersions":{"v1":1,"v2":1},"foi_fileName":"Bijlage%20vraag%2026.pdf","foi_nrPages":1},{"dc_format":"application/pdf","dc_identifier":"nl.gm1954.2c.2019.2829429-2.doc.15","dc_source":"https://api1.ibabs.eu/publicdownload.aspx?site=Beekdaelen&id=5da1bb2a-a2b7-45ee-8a8b-d43415adfef0","dc_title":"Bijlage bij antwoord vraag 18 Vernieuwingsgroep","dc_type":"bijlage","foi_fairiscoreVersions":{"v1":1,"v2":1},"foi_fileName":"Bijlage%20vraag%2041.pdf","foi_nrPages":1},{"dc_format":"application/pdf","dc_identifier":"nl.gm1954.2c.2019.2829429-2.doc.5","dc_source":"https://api1.ibabs.eu/publicdownload.aspx?site=Beekdaelen&id=61b885f8-ed02-497a-8f44-f470ddfba6f6","dc_title":"Memorie van Antwoord Beekdaelen Lokaal","dc_type":"bijlage","foi_fairiscoreVersions":{"v1":1,"v2":1},"foi_fileName":"Memorie%20van%20Antwoord%20Beekdaelen%20Lokaal.pdf","foi_nrPages":3},{"dc_format":"application/pdf","dc_identifier":"nl.gm1954.2c.2019.2829429-2.doc.8","dc_source":"https://api1.ibabs.eu/publicdownload.aspx?site=Beekdaelen&id=d75c89e1-cb7a-41d6-bf4f-c30b28a1c973","dc_title":"Memorie van Antwoord CDA","dc_type":"bijlage","foi_fairiscoreVersions":{"v1":1,"v2":1},"foi_fileName":"Memorie%20van%20Antwoord%20CDA.pdf","foi_nrPages":9},{"dc_format":"application/pdf","dc_identifier":"nl.gm1954.2c.2019.2829429-2.doc.10","dc_source":"https://api1.ibabs.eu/publicdownload.aspx?site=Beekdaelen&id=507380b8-62bc-4e11-a191-23bf020ee6a8","dc_title":"Memorie van Antwoord D66","dc_type":"bijlage","foi_fairiscoreVersions":{"v1":1,"v2":1},"foi_fileName":"Memorie%20van%20Antwoord%20D66.pdf","foi_nrPages":4},{"dc_format":"application/pdf","dc_identifier":"nl.gm1954.2c.2019.2829429-2.doc.11","dc_source":"https://api1.ibabs.eu/publicdownload.aspx?site=Beekdaelen&id=4c49794c-0195-4043-9f01-8ef61f372dc8","dc_title":"Memorie van Antwoord GroenLinks","dc_type":"bijlage","foi_fairiscoreVersions":{"v1":1,"v2":1},"foi_fileName":"Memorie%20van%20Antwoord%20GroenLinks.pdf","foi_nrPages":9},{"dc_format":"application/pdf","dc_identifier":"nl.gm1954.2c.2019.2829429-2.doc.7","dc_source":"https://api1.ibabs.eu/publicdownload.aspx?site=Beekdaelen&id=f94a068d-f39f-437b-a111-d60663aaf034","dc_title":"Memorie van Antwoord nagekomen vragen Beekdaelen Lokaal","dc_type":"bijlage","foi_fairiscoreVersions":{"v1":1,"v2":1},"foi_fileName":"Memorie%20van%20Antwoord%20nagekomen%20vragen%20Beekdaelen%20Lokaal%20%2B%20overig.pdf","foi_nrPages":3},{"dc_format":"application/pdf","dc_identifier":"nl.gm1954.2c.2019.2829429-2.doc.12","dc_source":"https://api1.ibabs.eu/publicdownload.aspx?site=Beekdaelen&id=ad17be7b-5e36-463a-89e7-9ec1994cf0ad","dc_title":"Memorie van Antwoord PvDA","dc_type":"bijlage","foi_fairiscoreVersions":{"v1":1,"v2":1},"foi_fileName":"Memorie%20van%20Antwoord%20PvDA.pdf","foi_nrPages":2},{"dc_format":"application/pdf","dc_identifier":"nl.gm1954.2c.2019.2829429-2.doc.13","dc_source":"https://api1.ibabs.eu/publicdownload.aspx?site=Beekdaelen&id=7728c776-4cd6-4eea-8b80-cc3878194494","dc_title":"Memorie van Antwoord Vernieuwingsgroep","dc_type":"bijlage","foi_fairiscoreVersions":{"v1":1,"v2":1},"foi_fileName":"Memorie%20van%20Antwoord%20Vernieuwingsgroep.pdf","foi_nrPages":5},{"dc_format":"application/pdf","dc_identifier":"nl.gm1954.2c.2019.2829429-2.doc.17","dc_source":"https://api1.ibabs.eu/publicdownload.aspx?site=Beekdaelen&id=df8b6d23-6c71-4113-8a47-5d9e7c483bcf","dc_title":"Memorie van Antwoord VVD","dc_type":"bijlage","foi_fairiscoreVersions":{"v1":1,"v2":1},"foi_fileName":"Memorie%20van%20Antwoord%20VVD.pdf","foi_nrPages":3},{"dc_format":"application/pdf","dc_identifier":"nl.gm1954.2c.2019.2829429-2.doc.1","dc_source":"https://api1.ibabs.eu/publicdownload.aspx?site=Beekdaelen&id=d28b0aaa-3840-472f-8e3b-540fba761635","dc_title":"Raadsvoorstel vaststellen begroting 2020 aangepast 16102019","dc_type":"bijlage","foi_fairiscoreVersions":{"v1":1,"v2":1},"foi_fileName":"Raadsvoorstel%20vaststellen%20begroting%202020.pdf","foi_nrPages":4},{"dc_format":"application/pdf","dc_identifier":"nl.gm1954.2c.2019.2829429-2.doc.9","dc_source":"https://api1.ibabs.eu/publicdownload.aspx?site=Beekdaelen&id=d10d09b1-4eda-4264-824f-0b98f10ee802","dc_title":"Bijlage bij antwoord vraag 22 CDA Waterprojecten Beekdaelen gepland","dc_type":"bijlage","foi_fairiscoreVersions":{"v1":1,"v2":1},"foi_fileName":"Waterprojecten%20Beekdaelen%20gepland.pdf","foi_nrPages":1}],"foi_nrDocuments":17,"foi_nrPagesInDossier":140,"foi_publishedDate":"2019-10-29","foi_retrievedDate":"2026-02-12"},{"dc_creator":"HandelingScraper_v1","dc_date_year":2019,"dc_description":"Vergadering van de Gemeente Beekdaelen op 2019-11-05. Onderdeel: Opening.","dc_identifier":"nl.gm1954.2c.2019.2829451-1","dc_publisher":"gm1954","dc_source":"https://beekdaelen.bestuurlijkeinformatie.nl/Agenda/Index/99c970a2-9c05-4e45-b4a1-c2c0348512e7","dc_title":"Raadsvergadering 2019-11-05 - Opening","dc_type":"2c","dc_type_description":"Vergaderstuk decentrale overheid","foi_fairiscoreVersions":{"v1":1,"v2":1},"foi_files":[{"dc_format":"application/pdf","dc_identifier":"nl.gm1954.2c.2019.2829451-1.doc.1","dc_source":"https://api1.ibabs.eu/publicdownload.aspx?site=Beekdaelen&id=c46d50b4-134e-4822-b61a-53f3f517339f","dc_title":"Uitnodiging en voorlopige agenda raadsvergadering 5 november","dc_type":"bijlage","foi_fairiscoreVersions":{"v1":1,"v2":1},"foi_fileName":"01%20Uitnodiging%20en%20voorlopige%20agenda%20raadsvergadering%205%20november.pdf","foi_nrPages":1}],"foi_nrDocuments":1,"foi_nrPagesInDossier":1,"foi_publishedDate":"2019-11-05","foi_retrievedDate":"2026-02-12"},{"dc_creator":"HandelingScraper_v1","dc_date_year":2019,"dc_description":"Vergadering van de Gemeente Beekdaelen op 2019-11-05. Onderdeel: Vaststelling van de agenda.","dc_identifier":"nl.gm1954.2c.2019.2829451-2","dc_publisher":"gm1954","dc_source":"https://beekdaelen.bestuurlijkeinformatie.nl/Agenda/Index/99c970a2-9c05-4e45-b4a1-c2c0348512e7","dc_title":"Raadsvergadering 2019-11-05 - Vaststelling van de agenda","dc_type":"2c","dc_type_description":"Vergaderstuk decentrale overheid","foi_fairiscoreVersions":{"v1":1,"v2":1},"foi_files":[{"dc_format":"application/pdf","dc_identifier":"nl.gm1954.2c.2019.2829451-2.doc.1","dc_source":"https://api1.ibabs.eu/publicdownload.aspx?site=Beekdaelen&id=1640ba87-e5c6-476f-b937-f06ab383c3b9","dc_title":"Vastgestelde agenda raadsvergadering 05112019 begroting","dc_type":"bijlage","foi_fairiscoreVersions":{"v1":1,"v2":1},"foi_fileName":"Vastgestelde%20agenda%20raadsvergadering%2005112019%20begroting.pdf","foi_nrPages":1}],"foi_nrDocuments":1,"foi_nrPagesInDossier":1,"foi_publishedDate":"2019-11-05","foi_retrievedDate":"2026-03-03"},{"dc_creator":"HandelingScraper_v1","dc_date_year":2019,"dc_description":"Vergadering van de Gemeente Beekdaelen op 2019-11-05. Onderdeel: Voorstel inzake vaststellen begroting.","dc_identifier":"nl.gm1954.2c.2019.2829451-3","dc_publisher":"gm1954","dc_source":"https://beekdaelen.bestuurlijkeinformatie.nl/Agenda/Index/99c970a2-9c05-4e45-b4a1-c2c0348512e7","dc_title":"Raadsvergadering 2019-11-05 - Voorstel inzake vaststellen begroting","dc_type":"2c","dc_type_description":"Vergaderstuk decentrale overheid","foi_fairiscoreVersions":{"v1":2,"v2":2},"foi_files":[{"dc_format":"application/pdf","dc_identifier":"nl.gm1954.2c.2019.2829451-3.doc.3","dc_source":"https://api1.ibabs.eu/publicdownload.aspx?site=Beekdaelen&id=4b2bade1-6ec6-4d30-9451-b63e82b057d4","dc_title":"Infographic begroting","dc_type":"bijlage","foi_fairiscoreVersions":{"v1":1,"v2":1},"foi_fileName":"19347_BD_infographic_begroting.pdf","foi_nrPages":1},{"dc_format":"application/pdf","dc_identifier":"nl.gm1954.2c.2019.2829451-3.doc.15","dc_source":"https://api1.ibabs.eu/publicdownload.aspx?site=Beekdaelen&id=b270d298-b94c-46e0-9007-1b00c0c8119c","dc_title":"A1 Amendement D66 bruteringsreserves - VERWORPEN","dc_type":"bijlage","foi_fairiscoreVersions":{"v1":1,"v2":1},"foi_fileName":"A1%20Amendement%20D66%20bruteringsreserves%20-%20VERWORPEN.pdf","foi_nrPages":1},{"dc_format":"application/pdf","dc_identifier":"nl.gm1954.2c.2019.2829451-3.doc.16","dc_source":"https://api1.ibabs.eu/publicdownload.aspx?site=Beekdaelen&id=7b4c7df5-4413-4dbb-80c5-b84bc388afc0","dc_title":"A2 Amendement D66 feldbissbreuk - VERVALLEN","dc_type":"bijlage","foi_fairiscoreVersions":{"v1":1,"v2":1},"foi_fileName":"A2%20Amendement%20D66%20feldbissbreuk%20-%20VERVALLEN.pdf","foi_nrPages":1},{"dc_format":"application/pdf","dc_identifier":"nl.gm1954.2c.2019.2829451-3.doc.17","dc_source":"https://api1.ibabs.eu/publicdownload.aspx?site=Beekdaelen&id=1a74dc79-e648-456c-bfb8-d3317749c461","dc_title":"A3 Amendement D66 doorontwikkeling organisatie en sociaal statuut - VERWORPEN","dc_type":"bijlage","foi_fairiscoreVersions":{"v1":1,"v2":1},"foi_fileName":"A3%20Amendement%20D66%20doorontwikkeling%20organisatie%20en%20sociaal%20statuut%20-%20VERWORPEN.pdf","foi_nrPages":1},{"dc_format":"application/pdf","dc_identifier":"nl.gm1954.2c.2019.2829451-3.doc.18","dc_source":"https://api1.ibabs.eu/publicdownload.aspx?site=Beekdaelen&id=74cbaf70-a323-43ab-8728-9ba9f2983a79","dc_title":"A4 Amendement D66 BPL - VERVALLEN","dc_type":"bijlage","foi_fairiscoreVersions":{"v1":1,"v2":1},"foi_fileName":"A4%20Amendement%20D66%20BPL%20-%20VERVALLEN.pdf","foi_nrPages":1},{"dc_format":"application/pdf","dc_identifier":"nl.gm1954.2c.2019.2829451-3.doc.19","dc_source":"https://api1.ibabs.eu/publicdownload.aspx?site=Beekdaelen&id=76a86911-c25b-4387-b249-8a3a9645b628","dc_title":"A5 Amendement D66, CDA, VG, GL en PvdA film herbestemming van gebouwd erfgoed - AANGENOMEN","dc_type":"bijlage","foi_fairiscoreVersions":{"v1":1,"v2":1},"foi_fileName":"A5%20Amendement%20D66_%20CDA_%20VG_%20GL%20en%20PvdA%20film%20herbestemming%20van%20gebouwd%20erfgoed%20-%20AANGENOMEN.pdf","foi_nrPages":1},{"dc_format":"application/pdf","dc_identifier":"nl.gm1954.2c.2019.2829451-3.doc.7","dc_source":"https://api1.ibabs.eu/publicdownload.aspx?site=Beekdaelen&id=590edf0e-0ad0-4d70-9227-90559ba5f6a6","dc_title":"Algemene beschouwingen Beekdaelen Lokaal","dc_type":"bijlage","foi_fairiscoreVersions":{"v1":1,"v2":1},"foi_fileName":"Algemene%20beschouwingen%20Beekdaelen%20Lokaal.pdf","foi_nrPages":5},{"dc_format":"application/pdf","dc_identifier":"nl.gm1954.2c.2019.2829451-3.doc.8","dc_source":"https://api1.ibabs.eu/publicdownload.aspx?site=Beekdaelen&id=670292ab-2433-4126-88b1-1ba0c5ad861e","dc_title":"Algemene beschouwingen CDA","dc_type":"bijlage","foi_fairiscoreVersions":{"v1":1,"v2":1},"foi_fileName":"Algemene%20beschouwingen%20CDA%20begroting%202020.pdf","foi_nrPages":4},{"dc_format":"application/pdf","dc_identifier":"nl.gm1954.2c.2019.2829451-3.doc.12","dc_source":"https://api1.ibabs.eu/publicdownload.aspx?site=Beekdaelen&id=ca019f52-d14d-43a7-8fb9-a3b374d677ab","dc_title":"Algemene beschouwingen D66","dc_type":"bijlage","foi_fairiscoreVersions":{"v1":1,"v2":1},"foi_fileName":"Algemene%20beschouwingen%20D66%20aangepast.pdf","foi_nrPages":7},{"dc_format":"application/pdf","dc_identifier":"nl.gm1954.2c.2019.2829451-3.doc.11","dc_source":"https://api1.ibabs.eu/publicdownload.aspx?site=Beekdaelen&id=3601cfb7-b129-46ea-9963-9b7a0b503e6e","dc_title":"Algemene beschouwingen GroenLinks","dc_type":"bijlage","foi_fairiscoreVersions":{"v1":1,"v2":1},"foi_fileName":"Algemene%20beschouwingen%20GroenLinks.pdf","foi_nrPages":3},{"dc_format":"application/pdf","dc_identifier":"nl.gm1954.2c.2019.2829451-3.doc.13","dc_source":"https://api1.ibabs.eu/publicdownload.aspx?site=Beekdaelen&id=f55179e2-4033-48cd-9324-e744d5d25a02","dc_title":"Algemene beschouwingen PvdA","dc_type":"bijlage","foi_fairiscoreVersions":{"v1":1,"v2":1},"foi_fileName":"Algemene%20beschouwingen%20PvdA%20defintief.pdf","foi_nrPages":7},{"dc_format":"application/pdf","dc_identifier":"nl.gm1954.2c.2019.2829451-3.doc.10","dc_source":"https://api1.ibabs.eu/publicdownload.aspx?site=Beekdaelen&id=175c43c6-a795-47ef-ba2f-821ecf82b436","dc_title":"Algemene beschouwingen Vernieuwingsgroep","dc_type":"bijlage","foi_fairiscoreVersions":{"v1":1,"v2":1},"foi_fileName":"Algemene%20beschouwingen%20Vernieuwingsgroep.pdf","foi_nrPages":4},{"dc_format":"application/pdf","dc_identifier":"nl.gm1954.2c.2019.2829451-3.doc.9","dc_source":"https://api1.ibabs.eu/publicdownload.aspx?site=Beekdaelen&id=1cfbb1de-b0a4-4ce7-952b-10c34d9db3f3","dc_title":"Algemene beschouwingen VVD","dc_type":"bijlage","foi_fairiscoreVersions":{"v1":1,"v2":1},"foi_fileName":"Algemene%20beschouwingen%20VVD%20aangepast.pdf","foi_nrPages":5},{"dc_format":"application/pdf","dc_identifier":"nl.gm1954.2c.2019.2829451-3.doc.4","dc_source":"https://api1.ibabs.eu/publicdownload.aspx?site=Beekdaelen&id=63d574d9-ab24-47bf-b5e9-54cf2b4660df","dc_title":"Begroting 2020 gemeente Beekdaelen gewijzigd nav commissie","dc_type":"bijlage","foi_fairiscoreVersions":{"v1":2,"v2":2},"foi_fileName":"Begroting%202020%20gemeente%20Beekdaelen%20gewijzigd%20nav%20cie.pdf","foi_nrPages":90},{"dc_format":"application/pdf","dc_identifier":"nl.gm1954.2c.2019.2829451-3.doc.20","dc_source":"https://api1.ibabs.eu/publicdownload.aspx?site=Beekdaelen&id=17371fed-447a-4ace-90c8-162f80bd52fc","dc_title":"M1 Motie CDA, VG, GL en PvdA bomen planten - AANGENOMEN","dc_type":"bijlage","foi_fairiscoreVersions":{"v1":1,"v2":1},"foi_fileName":"M1%20Motie%20CDA_%20VG_%20GL%20en%20PvdA%20bomen%20planten%20-%20AANGENOMEN.pdf","foi_nrPages":2},{"dc_format":"application/pdf","dc_identifier":"nl.gm1954.2c.2019.2829451-3.doc.29","dc_source":"https://api1.ibabs.eu/publicdownload.aspx?site=Beekdaelen&id=a76fdd39-135c-48ee-91a1-36fd8169a02f","dc_title":"M10 Motie GL, D66, CDA, PvdA, VG en BL Meer laadpalen in Beekdaelen -AANGENOMEN","dc_type":"bijlage","foi_fairiscoreVersions":{"v1":1,"v2":1},"foi_fileName":"M10%20Motie%20GL_%20D66_%20CDA_%20PvdA_%20VG%20en%20BL%20Meer%20laadpalen%20in%20Beekdaelen%20-AANGENOMEN.pdf","foi_nrPages":4},{"dc_format":"application/pdf","dc_identifier":"nl.gm1954.2c.2019.2829451-3.doc.30","dc_source":"https://api1.ibabs.eu/publicdownload.aspx?site=Beekdaelen&id=fbf42b69-cbf4-49c2-955f-7cb459cde7c7","dc_title":"M11 Motie GL, CDA, PvdA, VG en BL veiligheid dorpscentra Beekdaelen - AANGENOMEN","dc_type":"bijlage","foi_fairiscoreVersions":{"v1":1,"v2":1},"foi_fileName":"M11%20Motie%20GL_%20CDA_%20PvdA_%20VG%20en%20BL%20veiligheid%20dorpscentra%20Beekdaelen%20-%20AANGENOMEN.pdf","foi_nrPages":1},{"dc_format":"application/pdf","dc_identifier":"nl.gm1954.2c.2019.2829451-3.doc.31","dc_source":"https://api1.ibabs.eu/publicdownload.aspx?site=Beekdaelen&id=be888581-22f5-4430-979f-88a7f68cc5eb","dc_title":"M12 Motie VVD, GL Subsidieverordening AANGENOMEN","dc_type":"bijlage","foi_fairiscoreVersions":{"v1":1,"v2":1},"foi_fileName":"M12%20Motie%20VVD_%20GL%20Subsidieverordening%20AANGENOMEN.pdf","foi_nrPages":1},{"dc_format":"application/pdf","dc_identifier":"nl.gm1954.2c.2019.2829451-3.doc.32","dc_source":"https://api1.ibabs.eu/publicdownload.aspx?site=Beekdaelen&id=93a98647-a9c3-4b9d-87db-8b3352879e73","dc_title":"M13 Motie VVD, CDA, D66 Plaatsnaamborden AANGENOMEN","dc_type":"bijlage","foi_fairiscoreVersions":{"v1":1,"v2":1},"foi_fileName":"M13%20Motie%20VVD_%20CDA_%20D66%20Plaatsnaamborden%20AANGENOMEN.pdf","foi_nrPages":1},{"dc_format":"application/pdf","dc_identifier":"nl.gm1954.2c.2019.2829451-3.doc.33","dc_source":"https://api1.ibabs.eu/publicdownload.aspx?site=Beekdaelen&id=8ada6058-a23f-4d4a-b02a-cebdf08ee2ac","dc_title":"M14 Motie Beekdaelen Lokaal en VVD Groenonderhoud AANGENOMEN","dc_type":"bijlage","foi_fairiscoreVersions":{"v1":1,"v2":1},"foi_fileName":"M14%20Motie%20Beekdaelen%20Lokaal%20en%20VVD%20Groenonderhoud%20AANGENOMEN.pdf","foi_nrPages":1},{"dc_format":"application/pdf","dc_identifier":"nl.gm1954.2c.2019.2829451-3.doc.34","dc_source":"https://api1.ibabs.eu/publicdownload.aspx?site=Beekdaelen&id=aa367022-4a3e-4f98-a327-a4e71ef07a6f","dc_title":"M15 Motie Beekdaelen Lokaal VG, CDA trottoirs AANGENOMEN","dc_type":"bijlage","foi_fairiscoreVersions":{"v1":1,"v2":1},"foi_fileName":"M15%20Motie%20Beekdaelen%20Lokaal%20VG_%20CDA%20trottoirs%20AANGENOMEN.pdf","foi_nrPages":1},{"dc_format":"application/pdf","dc_identifier":"nl.gm1954.2c.2019.2829451-3.doc.35","dc_source":"https://api1.ibabs.eu/publicdownload.aspx?site=Beekdaelen&id=742d2fce-39a1-45fb-a798-5bdcc50c9a69","dc_title":"M16 Motie Beekdaelen Lokaal VG, CDA fietspaden AANGENOMEN","dc_type":"bijlage","foi_fairiscoreVersions":{"v1":1,"v2":1},"foi_fileName":"M16%20Motie%20Beekdaelen%20Lokaal%20VG_%20CDA%20fietspaden%20AANGENOMEN.pdf","foi_nrPages":1},{"dc_format":"application/pdf","dc_identifier":"nl.gm1954.2c.2019.2829451-3.doc.36","dc_source":"https://api1.ibabs.eu/publicdownload.aspx?site=Beekdaelen&id=4b7f859e-a628-414e-bad7-50f6def999a5","dc_title":"M17 Motie VG, PvdA, GL, CDA Pilot sociaal domein AANGENOMEN","dc_type":"bijlage","foi_fairiscoreVersions":{"v1":1,"v2":1},"foi_fileName":"M17%20Motie%20VG_%20PvdA_%20GL_%20CDA%20Pilot%20sociaal%20domein%20AANGENOMEN.pdf","foi_nrPages":1},{"dc_format":"application/pdf","dc_identifier":"nl.gm1954.2c.2019.2829451-3.doc.21","dc_source":"https://api1.ibabs.eu/publicdownload.aspx?site=Beekdaelen&id=032bd85c-dcaa-4a60-9504-cafad845388e","dc_title":"M2 Motie CDA, VG, GL, PvdA, VVD en BL overlast Nutherweg-Nagelbeek-Breinder - AANGENOMEN","dc_type":"bijlage","foi_fairiscoreVersions":{"v1":1,"v2":1},"foi_fileName":"M2%20Motie%20CDA_%20VG_%20GL_%20PvdA_%20VVD%20en%20BL%20overlast%20Nutherweg-Nagelbeek-Breinder%20-%20AANGENOMEN.pdf","foi_nrPages":2},{"dc_format":"application/pdf","dc_identifier":"nl.gm1954.2c.2019.2829451-3.doc.22","dc_source":"https://api1.ibabs.eu/publicdownload.aspx?site=Beekdaelen&id=fafa6f96-6b21-4f3a-9ecb-9b3c603cd683","dc_title":"M3 Motie CDA, GL, PvdA, VVD, BL en VG onderzoek naar verkeersstromen - AANGENOMEN","dc_type":"bijlage","foi_fairiscoreVersions":{"v1":1,"v2":1},"foi_fileName":"M3%20Motie%20CDA_%20GL_%20PvdA_%20VVD_%20BL%20en%20VG%20onderzoek%20naar%20verkeersstromen%20-%20AANGENOMEN.pdf","foi_nrPages":6},{"dc_format":"application/pdf","dc_identifier":"nl.gm1954.2c.2019.2829451-3.doc.23","dc_source":"https://api1.ibabs.eu/publicdownload.aspx?site=Beekdaelen&id=7a233059-96f0-4edf-90c0-e69572cad655","dc_title":"M4 Motie D66, VVD, CDA en GL transitie landbouw - AANGENOMEN","dc_type":"bijlage","foi_fairiscoreVersions":{"v1":1,"v2":1},"foi_fileName":"M4%20Motie%20D66_%20VVD_%20CDA%20en%20GL%20transitie%20landbouw%20-%20AANGENOMEN.pdf","foi_nrPages":1},{"dc_format":"application/pdf","dc_identifier":"nl.gm1954.2c.2019.2829451-3.doc.24","dc_source":"https://api1.ibabs.eu/publicdownload.aspx?site=Beekdaelen&id=e530805e-10e1-4567-a04a-b59b1b1a8b97","dc_title":"M5 Motie D66 destinatie marketing - VERVALLEN","dc_type":"bijlage","foi_fairiscoreVersions":{"v1":1,"v2":1},"foi_fileName":"M5%20Motie%20D66%20destinatie%20marketing%20-%20VERVALLEN.pdf","foi_nrPages":1},{"dc_format":"application/pdf","dc_identifier":"nl.gm1954.2c.2019.2829451-3.doc.25","dc_source":"https://api1.ibabs.eu/publicdownload.aspx?site=Beekdaelen&id=602c804d-e92a-4144-bc25-3b87292bf8e6","dc_title":"M6 Motie GL, CDA, D66, PvdA, VG en BL brede buitendienst - AANGENOMEN","dc_type":"bijlage","foi_fairiscoreVersions":{"v1":1,"v2":1},"foi_fileName":"M6%20Motie%20GL_%20CDA_%20D66_%20PvdA_%20VG%20en%20BL%20brede%20buitendienst%20-%20AANGENOMEN.pdf","foi_nrPages":2},{"dc_format":"application/pdf","dc_identifier":"nl.gm1954.2c.2019.2829451-3.doc.26","dc_source":"https://api1.ibabs.eu/publicdownload.aspx?site=Beekdaelen&id=20a7fd08-3ad3-40bf-b1f6-537846e76183","dc_title":"M7 Motie GL, CDA, PvdA en VG experiment regelarme participatie - AANGENOMEN","dc_type":"bijlage","foi_fairiscoreVersions":{"v1":2,"v2":1},"foi_fileName":"M7%20Motie%20GL_%20CDA_%20PvdA%20en%20VG%20experiment%20regelarme%20participatie%20-%20AANGENOMEN.pdf","foi_nrPages":2},{"dc_format":"application/pdf","dc_identifier":"nl.gm1954.2c.2019.2829451-3.doc.27","dc_source":"https://api1.ibabs.eu/publicdownload.aspx?site=Beekdaelen&id=a4a5322c-6c3c-4435-b67e-e5354a294dd6","dc_title":"M8 Motie GL, CDA, VG en PvdA themaavond duurzaamheidskaders Beekdaelen - AANGENOMEN","dc_type":"bijlage","foi_fairiscoreVersions":{"v1":1,"v2":1},"foi_fileName":"M8%20Motie%20GL_%20CDA_%20VG%20en%20PvdA%20themaavond%20duurzaamheidskaders%20Beekdaelen%20-%20AANGENOMEN.pdf","foi_nrPages":2},{"dc_format":"application/pdf","dc_identifier":"nl.gm1954.2c.2019.2829451-3.doc.28","dc_source":"https://api1.ibabs.eu/publicdownload.aspx?site=Beekdaelen&id=be103af3-250e-4572-962c-6cc76dfbef92","dc_title":"M9 Motie GL, CDA, PvdA, D66 en BL Duurzaamheidsfonds Beekdaelen - AANGENOMEN raad 05112019.pdf","dc_type":"bijlage","foi_fairiscoreVersions":{"v1":1,"v2":1},"foi_fileName":"M9%20Motie%20GL_%20CDA_%20PvdA_%20D66%20en%20BL%20Duurzaamheidsfonds%20Beekdaelen%20-%20AANGENOMEN%20raad%2005112019.pdf","foi_nrPages":2},{"dc_format":"application/pdf","dc_identifier":"nl.gm1954.2c.2019.2829451-3.doc.5","dc_source":"https://api1.ibabs.eu/publicdownload.aspx?site=Beekdaelen&id=d31746ad-fe16-4ab5-8440-9547641feddd","dc_title":"Memorie van antwoord nav commissievergadering 29102019 deel 1","dc_type":"bijlage","foi_fairiscoreVersions":{"v1":1,"v2":1},"foi_fileName":"MvA%20nav%20commissievergadering%2029102019%20%281%29.pdf","foi_nrPages":3},{"dc_format":"application/pdf","dc_identifier":"nl.gm1954.2c.2019.2829451-3.doc.6","dc_source":"https://api1.ibabs.eu/publicdownload.aspx?site=Beekdaelen&id=bc2991b6-c315-407d-8957-7e6364535236","dc_title":"Memorie van antwoord nav commissievergadering 29102019 deel 2","dc_type":"bijlage","foi_fairiscoreVersions":{"v1":1,"v2":1},"foi_fileName":"MvA%20nav%20commissievergadering%2029102019%20deel%202.pdf","foi_nrPages":2},{"dc_format":"application/pdf","dc_identifier":"nl.gm1954.2c.2019.2829451-3.doc.14","dc_source":"https://api1.ibabs.eu/publicdownload.aspx?site=Beekdaelen&id=91131472-dd41-4c5d-888d-e293cc07416b","dc_title":"Overzicht van ingediende moties en amendementen Begroting 2020 versie bijgewerkt 07112019","dc_type":"bijlage","foi_fairiscoreVersions":{"v1":1,"v2":1},"foi_fileName":"Overzicht%20van%20ingediende%20moties%20en%20amendementen%20Begroting%202020%20versie%20bijgewerkt%2007112019.pdf","foi_nrPages":3},{"dc_format":"application/pdf","dc_identifier":"nl.gm1954.2c.2019.2829451-3.doc.2","dc_source":"https://api1.ibabs.eu/publicdownload.aspx?site=Beekdaelen&id=16eba36c-1145-490e-887d-b0e42d6c1b56","dc_title":"Raadsbesluit begroting 2020 definitief vastgesteld","dc_type":"bijlage","foi_fairiscoreVersions":{"v1":1,"v2":1},"foi_fileName":"Raadsbesluit%20definitief%20vastgesteld.pdf","foi_nrPages":2},{"dc_format":"application/pdf","dc_identifier":"nl.gm1954.2c.2019.2829451-3.doc.1","dc_source":"https://api1.ibabs.eu/publicdownload.aspx?site=Beekdaelen&id=d5f1526b-5a6a-479b-8b99-96f8df8590b9","dc_title":"Raadsvoorstel begroting versie 16 oktober 2019","dc_type":"bijlage","foi_fairiscoreVersions":{"v1":1,"v2":1},"foi_fileName":"Raadsvoorstel%20begroting%20versie%2018%20oktober%202019.pdf","foi_nrPages":4}],"foi_nrDocuments":36,"foi_nrPagesInDossier":176,"foi_publishedDate":"2019-11-05","foi_retrievedDate":"2026-03-06"},{"dc_creator":"HandelingScraper_v1","dc_date_year":2019,"dc_description":"Vergadering van de Gemeente Beekdaelen op 2019-11-05. Onderdeel: Raadsvoorstel inzake opheffen geheimhouding.","dc_identifier":"nl.gm1954.2c.2019.2829451-4","dc_publisher":"gm1954","dc_source":"https://beekdaelen.bestuurlijkeinformatie.nl/Agenda/Index/99c970a2-9c05-4e45-b4a1-c2c0348512e7","dc_title":"Raadsvergadering 2019-11-05 - Raadsvoorstel inzake opheffen geheimhouding","dc_type":"2c","dc_type_description":"Vergaderstuk decentrale overheid","foi_fairiscoreVersions":{"v1":null,"v2":null},"foi_files":[{"dc_format":"application/pdf","dc_identifier":"nl.gm1954.2c.2019.2829451-4.doc.2","dc_source":"https://api1.ibabs.eu/publicdownload.aspx?site=Beekdaelen&id=5ea97e2b-e09e-4b1e-ae97-895cd477b16f","dc_title":"Raadsbesluit opheffen geheimhouding advies uitvoering Participatiewet vastgesteld 05112019","dc_type":"bijlage","foi_fileName":"RB%20Opheffen%20geheimhouding%20advies%20uitvoering%20Participatiewet%20vastgesteld%2005112019.pdf"},{"dc_format":"application/pdf","dc_identifier":"nl.gm1954.2c.2019.2829451-4.doc.1","dc_source":"https://api1.ibabs.eu/publicdownload.aspx?site=Beekdaelen&id=a7b902bf-a98a-4976-9ac9-dfbbe13d680a","dc_title":"Raadsvoorstel inzake opheffen geheimhouding advies uitvoering Participatiewet","dc_type":"bijlage","foi_fileName":"RV%20Opheffen%20geheimhouding%20advies%20uitvoering%20Participatiewet.pdf"}],"foi_nrDocuments":2,"foi_nrPagesInDossier":0,"foi_publishedDate":"2019-11-05","foi_retrievedDate":"2025-11-30"},{"dc_creator":"HandelingScraper_v1","dc_date_year":2019,"dc_description":"Vergadering van de Gemeente Beekdaelen op 2019-11-12. Onderdeel: Algemeen.","dc_identifier":"nl.gm1954.2c.2019.2829489-1","dc_publisher":"gm1954","dc_source":"https://beekdaelen.bestuurlijkeinformatie.nl/Agenda/Index/572b66d5-0682-4c86-aaf0-6382ac4b0207","dc_title":"Raadscommissie (2019 t/m januari 2020) 2019-11-12 - Algemeen","dc_type":"2c","dc_type_description":"Vergaderstuk decentrale overheid","foi_fairiscoreVersions":{"v1":1,"v2":1},"foi_files":[{"dc_format":"application/pdf","dc_identifier":"nl.gm1954.2c.2019.2829489-1.doc.2","dc_source":"https://api1.ibabs.eu/publicdownload.aspx?site=Beekdaelen&id=b097d478-8130-432d-9fdd-677a1cf1de96","dc_title":"Beekdaelen Lokaal vragen cie. 12112019 inzake continueren Kompas en ISD BOL","dc_type":"bijlage","foi_fairiscoreVersions":{"v1":1,"v2":1},"foi_fileName":"Beekdaelen%20Lokaal%20vragen%20cie.%2012112019%20inzake%20continueren%20Kompas%20en%20ISD%20BOL.pdf","foi_nrPages":2},{"dc_format":"application/pdf","dc_identifier":"nl.gm1954.2c.2019.2829489-1.doc.1","dc_source":"https://api1.ibabs.eu/publicdownload.aspx?site=Beekdaelen&id=65f35364-c648-4338-a517-c5b4c20d05e5","dc_title":"Beekdaelen Lokaal vragen cie 12112019 inzake GR Parkstad ZL","dc_type":"bijlage","foi_fairiscoreVersions":{"v1":1,"v2":1},"foi_fileName":"Beekdaelen%20Lokaal%20vragen%20cie%2012112019%20inzake%20GR%20Parkstad%20ZL.pdf","foi_nrPages":2},{"dc_format":"application/pdf","dc_identifier":"nl.gm1954.2c.2019.2829489-1.doc.3","dc_source":"https://api1.ibabs.eu/publicdownload.aspx?site=Beekdaelen&id=734c8b0b-bf7a-466f-a7e0-5a93ec9af04c","dc_title":"CDA technische vragen commissievergadering 12112019","dc_type":"bijlage","foi_fairiscoreVersions":{"v1":1,"v2":1},"foi_fileName":"CDA%20technische%20vragen%20commissievergadering%2012112019.pdf","foi_nrPages":2},{"dc_format":"application/pdf","dc_identifier":"nl.gm1954.2c.2019.2829489-1.doc.4","dc_source":"https://api1.ibabs.eu/publicdownload.aspx?site=Beekdaelen&id=a9361ed5-a12d-4fa8-a073-2fc4c8072012","dc_title":"Vernieuwingsgroep Technische vragen commissie 12112019","dc_type":"bijlage","foi_fairiscoreVersions":{"v1":1,"v2":1},"foi_fileName":"Technische%20vragen%20VG.pdf","foi_nrPages":3},{"dc_format":"application/pdf","dc_identifier":"nl.gm1954.2c.2019.2829489-1.doc.5","dc_source":"https://api1.ibabs.eu/publicdownload.aspx?site=Beekdaelen&id=37d96f74-691e-4d13-a91e-8e0084a574f8","dc_title":"VVD Technische vragen commissievergadering 12112019","dc_type":"bijlage","foi_fairiscoreVersions":{"v1":1,"v2":1},"foi_fileName":"VVD%20Schriftelijke%20vragen%20commissievergadering.pdf","foi_nrPages":5}],"foi_nrDocuments":5,"foi_nrPagesInDossier":14,"foi_publishedDate":"2019-11-12","foi_retrievedDate":"2025-12-29"},{"dc_creator":"HandelingScraper_v1","dc_date_year":2019,"dc_description":"Vergadering van de Gemeente Beekdaelen op 2019-11-12. Onderdeel: Raadsvoorstel inzake toekomstige afvalinzameling organisatie Beekdaelen.","dc_identifier":"nl.gm1954.2c.2019.2829489-10","dc_publisher":"gm1954","dc_source":"https://beekdaelen.bestuurlijkeinformatie.nl/Agenda/Index/572b66d5-0682-4c86-aaf0-6382ac4b0207","dc_title":"Raadscommissie (2019 t/m januari 2020) 2019-11-12 - Raadsvoorstel inzake toekomstige afvalinzameling organisatie Beekdaelen","dc_type":"2c","dc_type_description":"Vergaderstuk decentrale overheid","foi_fairiscoreVersions":{"v1":2,"v2":2},"foi_files":[{"dc_format":"application/octet-stream","dc_identifier":"nl.gm1954.2c.2019.2829489-10.doc.1","dc_source":"https://api1.ibabs.eu/publicdownload.aspx?site=Beekdaelen&id=cb71eedd-2b5f-4231-b6b4-0c6b484bbbc2","dc_title":"08 Cie 12 nov 2019 D3 afvalinzameling Beekdaelen - deel 1","dc_type":"bijlage","foi_fileName":"08%20Cie%2012%20nov%202019%20D3%20afvalinzameling%20Beekdaelen%20-%20deel%201.MP3"},{"dc_format":"application/octet-stream","dc_identifier":"nl.gm1954.2c.2019.2829489-10.doc.2","dc_source":"https://api1.ibabs.eu/publicdownload.aspx?site=Beekdaelen&id=00b4a201-e2db-44ba-85d6-0a3616f0051c","dc_title":"09 Cie 12 nov 2019 D3 afvalinzameling Beekdaelen - deel 2","dc_type":"bijlage","foi_fileName":"09%20Cie%2012%20nov%202019%20D3%20afvalinzameling%20Beekdaelen%20-%20deel%202.MP3"},{"dc_format":"application/pdf","dc_identifier":"nl.gm1954.2c.2019.2829489-10.doc.8","dc_source":"https://api1.ibabs.eu/publicdownload.aspx?site=Beekdaelen&id=f4a91023-67cd-4b4e-8c3a-49a736ecf4a4","dc_title":"Afvalwijzer","dc_type":"bijlage","foi_fairiscoreVersions":{"v1":5,"v2":5},"foi_fileName":"Afvalwijzer.pdf","foi_nrPages":1},{"dc_format":"application/pdf","dc_identifier":"nl.gm1954.2c.2019.2829489-10.doc.5","dc_source":"https://api1.ibabs.eu/publicdownload.aspx?site=Beekdaelen&id=173bf4ff-76f3-4c31-8862-d14e4c3cea27","dc_title":"Bijlage Memo Differentiatie afvalstoffenheffing","dc_type":"bijlage","foi_fairiscoreVersions":{"v1":1,"v2":1},"foi_fileName":"Bijlage%20Memo%20Differentiatie%20afvalstoffenheffing.pdf","foi_nrPages":5},{"dc_format":"application/pdf","dc_identifier":"nl.gm1954.2c.2019.2829489-10.doc.7","dc_source":"https://api1.ibabs.eu/publicdownload.aspx?site=Beekdaelen&id=25c71f2c-b7d0-49cc-a5a3-5c846106b197","dc_title":"Memo Uittredingskosten RP","dc_type":"bijlage","foi_fairiscoreVersions":{"v1":1,"v2":1},"foi_fileName":"M004%20Uittredingskosten%20RP.pdf","foi_nrPages":2},{"dc_format":"application/pdf","dc_identifier":"nl.gm1954.2c.2019.2829489-10.doc.9","dc_source":"https://api1.ibabs.eu/publicdownload.aspx?site=Beekdaelen&id=e95f467f-4553-48fa-a086-827d32946831","dc_title":"MvA toekomstige afvalinzameling Beekdaelen","dc_type":"bijlage","foi_fairiscoreVersions":{"v1":1,"v2":1},"foi_fileName":"MvA%20toekomstige%20afvalinzameling%20Beekdaelen.pdf","foi_nrPages":5},{"dc_format":"application/pdf","dc_identifier":"nl.gm1954.2c.2019.2829489-10.doc.6","dc_source":"https://api1.ibabs.eu/publicdownload.aspx?site=Beekdaelen&id=3da29bfd-a575-462d-b91b-ed5fe8866d93","dc_title":"Notitie 2nd opinion differentiatieruimte afvalstoffenheffing","dc_type":"bijlage","foi_fairiscoreVersions":{"v1":1,"v2":1},"foi_fileName":"Notitie%202nd%20opinion%20differentiatieruimte%20afvalstoffenheffing%20%28def%20concept%29%20%5BPRDF-2999376%5D.pdf","foi_nrPages":3},{"dc_format":"application/pdf","dc_identifier":"nl.gm1954.2c.2019.2829489-10.doc.4","dc_source":"https://api1.ibabs.eu/publicdownload.aspx?site=Beekdaelen&id=03ef5343-386f-49a1-b334-5dbae4d5fa19","dc_title":"Raadsbesluit samenwerking RWM-Rd4","dc_type":"bijlage","foi_fairiscoreVersions":{"v1":1,"v2":1},"foi_fileName":"Raadsbesluit%20samenwerking%20RWM-Rd4%20%28002%29.pdf","foi_nrPages":1},{"dc_format":"application/pdf","dc_identifier":"nl.gm1954.2c.2019.2829489-10.doc.3","dc_source":"https://api1.ibabs.eu/publicdownload.aspx?site=Beekdaelen&id=1f512b29-78a9-4e21-b614-94c23c8a1ba7","dc_title":"Raadsvoorstel samenwerking RWM-Rd4","dc_type":"bijlage","foi_fairiscoreVersions":{"v1":1,"v2":1},"foi_fileName":"Raadsvoorstel%20samenwerking%20RWM-Rd4.pdf","foi_nrPages":5}],"foi_nrDocuments":9,"foi_nrPagesInDossier":22,"foi_publishedDate":"2019-11-12","foi_retrievedDate":"2026-04-10"},{"dc_creator":"HandelingScraper_v1","dc_date_year":2019,"dc_description":"Vergadering van de Gemeente Beekdaelen op 2019-11-12. Onderdeel: Rondvraag cluster Ruimte.","dc_identifier":"nl.gm1954.2c.2019.2829489-11","dc_publisher":"gm1954","dc_source":"https://beekdaelen.bestuurlijkeinformatie.nl/Agenda/Index/572b66d5-0682-4c86-aaf0-6382ac4b0207","dc_title":"Raadscommissie (2019 t/m januari 2020) 2019-11-12 - Rondvraag cluster Ruimte","dc_type":"2c","dc_type_description":"Vergaderstuk decentrale overheid","foi_fairiscoreVersions":{"v1":null,"v2":null},"foi_files":[{"dc_format":"application/octet-stream","dc_identifier":"nl.gm1954.2c.2019.2829489-11.doc.1","dc_source":"https://api1.ibabs.eu/publicdownload.aspx?site=Beekdaelen&id=2e78e71d-f172-4c8e-ab8e-6e9a69b25915","dc_title":"10 Cie 12 nov 2019 E rondvraag cluster ruimte","dc_type":"bijlage","foi_fileName":"10%20Cie%2012%20nov%202019%20E%20rondvraag%20cluster%20ruimte.MP3"}],"foi_nrDocuments":1,"foi_nrPagesInDossier":0,"foi_publishedDate":"2019-11-12","foi_retrievedDate":"2026-01-22"},{"dc_creator":"HandelingScraper_v1","dc_date_year":2019,"dc_description":"Vergadering van de Gemeente Beekdaelen op 2019-11-12. Onderdeel: Raadsvoorstel inzake Stadsregio Parkstad Limburg.","dc_identifier":"nl.gm1954.2c.2019.2829489-12","dc_publisher":"gm1954","dc_source":"https://beekdaelen.bestuurlijkeinformatie.nl/Agenda/Index/572b66d5-0682-4c86-aaf0-6382ac4b0207","dc_title":"Raadscommissie (2019 t/m januari 2020) 2019-11-12 - Raadsvoorstel inzake Stadsregio Parkstad Limburg","dc_type":"2c","dc_type_description":"Vergaderstuk decentrale overheid","foi_fairiscoreVersions":{"v1":2,"v2":2},"foi_files":[{"dc_format":"application/octet-stream","dc_identifier":"nl.gm1954.2c.2019.2829489-12.doc.1","dc_source":"https://api1.ibabs.eu/publicdownload.aspx?site=Beekdaelen&id=8864bbbc-9a22-41b4-8d4c-e9c5cbe2416a","dc_title":"11 Cie 12 nov 2019 schorsing ivm bespreking behandeling F1","dc_type":"bijlage","foi_fileName":"11%20Cie%2012%20nov%202019%20schorsing%20ivm%20bespreking%20behandeling%20F1.MP3"},{"dc_format":"application/pdf","dc_identifier":"nl.gm1954.2c.2019.2829489-12.doc.8","dc_source":"https://api1.ibabs.eu/publicdownload.aspx?site=Beekdaelen&id=e2f5fcb3-906a-46ae-8f5d-02e215b15f65","dc_title":"Facts and Figures Parkstad Limburg t.b.v. gemeente Beekdaelen","dc_type":"bijlage","foi_fairiscoreVersions":{"v1":1,"v2":1},"foi_fileName":"20191204%20Facts%20and%20Figures%20PL%20m.b.t.%20Beekdaelen.pdf","foi_nrPages":4},{"dc_format":"application/pdf","dc_identifier":"nl.gm1954.2c.2019.2829489-12.doc.4","dc_source":"https://api1.ibabs.eu/publicdownload.aspx?site=Beekdaelen&id=8d914f04-f1d2-4631-9bd1-c70a2aae2cd7","dc_title":"GR Stadsregio Parkstad Limburg","dc_type":"bijlage","foi_fairiscoreVersions":{"v1":5,"v2":5},"foi_fileName":"GR%20Stadsregio%20Parkstad%20Limburg.pdf","foi_nrPages":15},{"dc_format":"application/pdf","dc_identifier":"nl.gm1954.2c.2019.2829489-12.doc.7","dc_source":"https://api1.ibabs.eu/publicdownload.aspx?site=Beekdaelen&id=cf7a25a2-4220-42c3-b1ce-5f82bff836cb","dc_title":"MvA Vernieuwingsgroep inzake GR Stadsregio Parkstad Limburg","dc_type":"bijlage","foi_fairiscoreVersions":{"v1":1,"v2":1},"foi_fileName":"Memorie%20van%20Antwoord%20vernieuwingsgroep.pdf","foi_nrPages":3},{"dc_format":"application/pdf","dc_identifier":"nl.gm1954.2c.2019.2829489-12.doc.5","dc_source":"https://api1.ibabs.eu/publicdownload.aspx?site=Beekdaelen&id=3312f29c-a377-4e22-8b1b-07b63d9f9eea","dc_title":"MvA vragen Beekdaelen Lokaal inzake GR Stadsregio Parkstad Limburg","dc_type":"bijlage","foi_fairiscoreVersions":{"v1":2,"v2":1},"foi_fileName":"Memorie%20van%20Antwoord%20voorvragen%20raadscommissie%2012-11-2019%20Parkstad.pdf","foi_nrPages":5},{"dc_format":"application/pdf","dc_identifier":"nl.gm1954.2c.2019.2829489-12.doc.6","dc_source":"https://api1.ibabs.eu/publicdownload.aspx?site=Beekdaelen&id=e4880840-60e6-4549-8ff6-43139185622d","dc_title":"MvA vragen VVD inzake GR Stadsregio Parkstad Limburg","dc_type":"bijlage","foi_fairiscoreVersions":{"v1":1,"v2":1},"foi_fileName":"Memorie%20van%20Antwoord%20vragen%20VVD%20inzake%20Parkstad.pdf","foi_nrPages":2},{"dc_format":"application/pdf","dc_identifier":"nl.gm1954.2c.2019.2829489-12.doc.3","dc_source":"https://api1.ibabs.eu/publicdownload.aspx?site=Beekdaelen&id=41312138-fb3b-4ec3-9d00-619e6f24f162","dc_title":"Raadsbesluit GR Stadsregio Parkstad Limburg versie 8 nov","dc_type":"bijlage","foi_fairiscoreVersions":{"v1":1,"v2":1},"foi_fileName":"Raadsbesluit%20GR%20Stadsregio%20Parkstad%20Limburg%20versie%208%20nov.pdf","foi_nrPages":1},{"dc_format":"application/pdf","dc_identifier":"nl.gm1954.2c.2019.2829489-12.doc.2","dc_source":"https://api1.ibabs.eu/publicdownload.aspx?site=Beekdaelen&id=3774c3c8-2ef3-43cb-b420-7bec6371fb17","dc_title":"Raadsvoorstel keuze al dan niet continueren deelname GR Stadsregio Parkstad Limburg versie 11 nov","dc_type":"bijlage","foi_fairiscoreVersions":{"v1":1,"v2":1},"foi_fileName":"Raadsvoorstel%20keuze%20al%20dan%20niet%20continueren%20deelname%20GR%20Stadsregio%20Parkstad%20Limburg%20versie%2011%20nov.pdf","foi_nrPages":9}],"foi_nrDocuments":8,"foi_nrPagesInDossier":39,"foi_publishedDate":"2019-11-12","foi_retrievedDate":"2025-12-03"},{"dc_creator":"HandelingScraper_v1","dc_date_year":2019,"dc_description":"Vergadering van de Gemeente Beekdaelen op 2019-11-12. Onderdeel: Raadsvoorstel inzake tijdelijke continuering ISD Kompas en ISD BOL.","dc_identifier":"nl.gm1954.2c.2019.2829489-13","dc_publisher":"gm1954","dc_source":"https://beekdaelen.bestuurlijkeinformatie.nl/Agenda/Index/572b66d5-0682-4c86-aaf0-6382ac4b0207","dc_title":"Raadscommissie (2019 t/m januari 2020) 2019-11-12 - Raadsvoorstel inzake tijdelijke continuering ISD Kompas en ISD BOL","dc_type":"2c","dc_type_description":"Vergaderstuk decentrale overheid","foi_fairiscoreVersions":{"v1":4,"v2":3},"foi_files":[{"dc_format":"application/octet-stream","dc_identifier":"nl.gm1954.2c.2019.2829489-13.doc.1","dc_source":"https://api1.ibabs.eu/publicdownload.aspx?site=Beekdaelen&id=61999b6e-37fa-4602-af0d-5918a9fb0499","dc_title":"12 Cie 12 nov 2019 toelichting afvoeren F1 van agenda & behandeling F2","dc_type":"bijlage","foi_fileName":"12%20Cie%2012%20nov%202019%20toelichting%20afvoeren%20F1%20van%20agenda%20%26%20behandeling%20F2.MP3"},{"dc_format":"application/pdf","dc_identifier":"nl.gm1954.2c.2019.2829489-13.doc.4","dc_source":"https://api1.ibabs.eu/publicdownload.aspx?site=Beekdaelen&id=c8db0a25-9b77-4fca-a629-48373092c8c5","dc_title":"GR ISD BOL","dc_type":"bijlage","foi_fairiscoreVersions":{"v1":5,"v2":5},"foi_fileName":"GR%20ISD%20BOL.pdf","foi_nrPages":12},{"dc_format":"application/pdf","dc_identifier":"nl.gm1954.2c.2019.2829489-13.doc.5","dc_source":"https://api1.ibabs.eu/publicdownload.aspx?site=Beekdaelen&id=1118d40d-0b64-4479-aefc-30367a2c25da","dc_title":"GR ISD Kompas","dc_type":"bijlage","foi_fairiscoreVersions":{"v1":5,"v2":5},"foi_fileName":"GR%20Kompas.pdf","foi_nrPages":11},{"dc_format":"application/pdf","dc_identifier":"nl.gm1954.2c.2019.2829489-13.doc.3","dc_source":"https://api1.ibabs.eu/publicdownload.aspx?site=Beekdaelen&id=555e6301-b21b-4df7-9254-38dc5a1fb946","dc_title":"Raadsbesluit tijdelijke continuering GR ISD Kompas en ISD BOL versie 8 nov","dc_type":"bijlage","foi_fairiscoreVersions":{"v1":1,"v2":1},"foi_fileName":"Raadsbesluit%20tijdelijke%20continuering%20GR%20ISD%20Kompas%20en%20ISD%20BOL%20versie%208%20nov.pdf","foi_nrPages":1},{"dc_format":"application/pdf","dc_identifier":"nl.gm1954.2c.2019.2829489-13.doc.2","dc_source":"https://api1.ibabs.eu/publicdownload.aspx?site=Beekdaelen&id=d0adedd8-1e0f-42a1-8d73-3e2455da3705","dc_title":"Raadsvoorstel tijdelijke continuering deelname GR ISD Kompas en ISD BOL versie 8 nov","dc_type":"bijlage","foi_fairiscoreVersions":{"v1":2,"v2":1},"foi_fileName":"Raadsvoorstel%20tijdelijke%20continuering%20deelname%20GR%20ISD%20Kompas%20en%20ISD%20BOL%20versie%208%20nov.pdf","foi_nrPages":9}],"foi_nrDocuments":5,"foi_nrPagesInDossier":33,"foi_publishedDate":"2019-11-12","foi_retrievedDate":"2025-12-02"},{"dc_creator":"HandelingScraper_v1","dc_date_year":2019,"dc_description":"Vergadering van de Gemeente Beekdaelen op 2019-11-12. Onderdeel: Rondvraag cluster Bedrijfsvoering/Dienstverlening en rondvraag burgemeester Geurts.","dc_identifier":"nl.gm1954.2c.2019.2829489-14","dc_publisher":"gm1954","dc_source":"https://beekdaelen.bestuurlijkeinformatie.nl/Agenda/Index/572b66d5-0682-4c86-aaf0-6382ac4b0207","dc_title":"Raadscommissie (2019 t/m januari 2020) 2019-11-12 - Rondvraag cluster Bedrijfsvoering/Dienstverlening en rondvraag burgemeester Geurts","dc_type":"2c","dc_type_description":"Vergaderstuk decentrale overheid","foi_fairiscoreVersions":{"v1":null,"v2":null},"foi_files":[{"dc_format":"application/octet-stream","dc_identifier":"nl.gm1954.2c.2019.2829489-14.doc.1","dc_source":"https://api1.ibabs.eu/publicdownload.aspx?site=Beekdaelen&id=bbf50e61-c1e4-457b-9d16-ad2fd715d6b0","dc_title":"13 Cie 12 nov 2019 G rondvraag bedrijfsvoering-dienstverlening & H sluiting","dc_type":"bijlage","foi_fileName":"13%20Cie%2012%20nov%202019%20G%20rondvraag%20bedrijfsvoering-dienstverlening%20%26%20H%20sluiting.MP3"}],"foi_nrDocuments":1,"foi_nrPagesInDossier":0,"foi_publishedDate":"2019-11-12","foi_retrievedDate":"2026-02-05"},{"dc_creator":"HandelingScraper_v1","dc_date_year":2019,"dc_description":"Vergadering van de Gemeente Beekdaelen op 2019-11-12. Onderdeel: Opening, mededelingen voorzitter en vaststellen agenda.","dc_identifier":"nl.gm1954.2c.2019.2829489-2","dc_publisher":"gm1954","dc_source":"https://beekdaelen.bestuurlijkeinformatie.nl/Agenda/Index/572b66d5-0682-4c86-aaf0-6382ac4b0207","dc_title":"Raadscommissie (2019 t/m januari 2020) 2019-11-12 - Opening, mededelingen voorzitter en vaststellen agenda","dc_type":"2c","dc_type_description":"Vergaderstuk decentrale overheid","foi_fairiscoreVersions":{"v1":1,"v2":1},"foi_files":[{"dc_format":"application/octet-stream","dc_identifier":"nl.gm1954.2c.2019.2829489-2.doc.1","dc_source":"https://api1.ibabs.eu/publicdownload.aspx?site=Beekdaelen&id=27c38042-0b86-43d7-a100-b13391a09549","dc_title":"01 Cie 12 nov 2019 A1 opening tm B1 nota gezondheidbeleid ZL","dc_type":"bijlage","foi_fileName":"01%20Cie%2012%20nov%202019%20A1%20opening%20tm%20B1%20nota%20gezondheidbeleid%20ZL.mp3"},{"dc_format":"application/pdf","dc_identifier":"nl.gm1954.2c.2019.2829489-2.doc.2","dc_source":"https://api1.ibabs.eu/publicdownload.aspx?site=Beekdaelen&id=6e0881a0-6da2-4fb9-8c07-da9308614fad","dc_title":"Vastgestelde agenda raadscommissie 12112019","dc_type":"bijlage","foi_fairiscoreVersions":{"v1":1,"v2":1},"foi_fileName":"Vastgestelde%20agenda%20raadscommissie%2012112019.pdf","foi_nrPages":2}],"foi_nrDocuments":2,"foi_nrPagesInDossier":2,"foi_publishedDate":"2019-11-12","foi_retrievedDate":"2026-03-05"},{"dc_creator":"HandelingScraper_v1","dc_date_year":2019,"dc_description":"Vergadering van de Gemeente Beekdaelen op 2019-11-12. Onderdeel: Vaststellen actiepuntenlijsten van de commissie d.d. 24 en 30 september en 29 oktober 2019.","dc_identifier":"nl.gm1954.2c.2019.2829489-3","dc_publisher":"gm1954","dc_source":"https://beekdaelen.bestuurlijkeinformatie.nl/Agenda/Index/572b66d5-0682-4c86-aaf0-6382ac4b0207","dc_title":"Raadscommissie (2019 t/m januari 2020) 2019-11-12 - Vaststellen actiepuntenlijsten van de commissie d.d. 24 en 30 september en 29 oktober 2019","dc_type":"2c","dc_type_description":"Vergaderstuk decentrale overheid","foi_fairiscoreVersions":{"v1":null,"v2":null},"foi_files":[{"dc_format":"application/pdf","dc_identifier":"nl.gm1954.2c.2019.2829489-3.doc.1","dc_source":"https://api1.ibabs.eu/publicdownload.aspx?site=Beekdaelen&id=f4493044-6a6c-40b5-bfcf-8ee00dcd49cb","dc_title":"Actiepuntenlijst cie 24 september 2019","dc_type":"bijlage","foi_fileName":"Actiepuntenlijst%20cie%2024%20september%202019.pdf"},{"dc_format":"application/pdf","dc_identifier":"nl.gm1954.2c.2019.2829489-3.doc.3","dc_source":"https://api1.ibabs.eu/publicdownload.aspx?site=Beekdaelen&id=21381364-ed22-41f5-bfa1-b667e2e3fe0a","dc_title":"Actiepuntenlijst cie 29 oktober 2019","dc_type":"bijlage","foi_fileName":"Actiepuntenlijst%20cie%2029%20oktober%202019.pdf"},{"dc_format":"application/pdf","dc_identifier":"nl.gm1954.2c.2019.2829489-3.doc.2","dc_source":"https://api1.ibabs.eu/publicdownload.aspx?site=Beekdaelen&id=d36a28c2-5f5e-4a6a-9ec4-03f0c39324ee","dc_title":"Actiepuntenlijst cie 30 september 2019","dc_type":"bijlage","foi_fileName":"Actiepuntenlijst%20cie%2030%20september%202019.pdf"}],"foi_nrDocuments":3,"foi_nrPagesInDossier":0,"foi_publishedDate":"2019-11-12","foi_retrievedDate":"2025-11-30"},{"dc_creator":"HandelingScraper_v1","dc_date_year":2019,"dc_description":"Vergadering van de Gemeente Beekdaelen op 2019-11-12. Onderdeel: Raadsvoorstel inzake vaststellen Nota Gezondheidsbeleid Zuid-Limburg 2020-2023.","dc_identifier":"nl.gm1954.2c.2019.2829489-4","dc_publisher":"gm1954","dc_source":"https://beekdaelen.bestuurlijkeinformatie.nl/Agenda/Index/572b66d5-0682-4c86-aaf0-6382ac4b0207","dc_title":"Raadscommissie (2019 t/m januari 2020) 2019-11-12 - Raadsvoorstel inzake vaststellen Nota Gezondheidsbeleid Zuid-Limburg 2020-2023","dc_type":"2c","dc_type_description":"Vergaderstuk decentrale overheid","foi_fairiscoreVersions":{"v1":2,"v2":2},"foi_files":[{"dc_format":"application/pdf","dc_identifier":"nl.gm1954.2c.2019.2829489-4.doc.1","dc_source":"https://api1.ibabs.eu/publicdownload.aspx?site=Beekdaelen&id=a2ede39b-16a9-4929-9fd4-e73c319710d3","dc_title":"Raadsvoorstel Nota gezondheidsbeleid ZL","dc_type":"bijlage","foi_fairiscoreVersions":{"v1":2,"v2":1},"foi_fileName":"208236_1%20RV%20Nota%20gezondheidsbeleid%20ZL.pdf","foi_nrPages":7},{"dc_format":"application/pdf","dc_identifier":"nl.gm1954.2c.2019.2829489-4.doc.2","dc_source":"https://api1.ibabs.eu/publicdownload.aspx?site=Beekdaelen&id=2ae47c35-1241-4918-9a99-61761802fcb3","dc_title":"concept Raadsbesluit nota gezondheidsbeleid ZL","dc_type":"bijlage","foi_fairiscoreVersions":{"v1":1,"v2":1},"foi_fileName":"208243_1%20concept%20RB%20nota%20gezondheidsbeleid%20ZL.pdf","foi_nrPages":1},{"dc_format":"application/pdf","dc_identifier":"nl.gm1954.2c.2019.2829489-4.doc.4","dc_source":"https://api1.ibabs.eu/publicdownload.aspx?site=Beekdaelen&id=ed33f45b-6e19-43f9-b87b-7620aae74f82","dc_title":"MvA Nota Gezondheidsbeleid Zuid-Limburg 2020-2023","dc_type":"bijlage","foi_fairiscoreVersions":{"v1":1,"v2":1},"foi_fileName":"MvA%20mbt%20Nota%20Gezondheidsbeleid%20Zuid-Limburg%202020-2023.pdf","foi_nrPages":2},{"dc_format":"application/pdf","dc_identifier":"nl.gm1954.2c.2019.2829489-4.doc.3","dc_source":"https://api1.ibabs.eu/publicdownload.aspx?site=Beekdaelen&id=d2127bc3-018f-46fc-8949-90d24418e006","dc_title":"Regionale gezondheidsnota 2020-2023","dc_type":"bijlage","foi_fairiscoreVersions":{"v1":2,"v2":2},"foi_fileName":"Regionale%20gezondheidsnota_2020-2023_interactief.pdf","foi_nrPages":58}],"foi_nrDocuments":4,"foi_nrPagesInDossier":68,"foi_publishedDate":"2019-11-12","foi_retrievedDate":"2026-03-02"},{"dc_creator":"HandelingScraper_v1","dc_date_year":2019,"dc_description":"Vergadering van de Gemeente Beekdaelen op 2019-11-12. Onderdeel: Raadsvoorstel inzake 1e Begrotingswijziging 2020 GGD ZL als gevolg van \u00e9\u00e9n JGZ en instellen tijdelijke BV.","dc_identifier":"nl.gm1954.2c.2019.2829489-5","dc_publisher":"gm1954","dc_source":"https://beekdaelen.bestuurlijkeinformatie.nl/Agenda/Index/572b66d5-0682-4c86-aaf0-6382ac4b0207","dc_title":"Raadscommissie (2019 t/m januari 2020) 2019-11-12 - Raadsvoorstel inzake 1e Begrotingswijziging 2020 GGD ZL als gevolg van \u00e9\u00e9n JGZ en instellen tijdelijke BV","dc_type":"2c","dc_type_description":"Vergaderstuk decentrale overheid","foi_fairiscoreVersions":{"v1":2,"v2":1},"foi_files":[{"dc_format":"application/octet-stream","dc_identifier":"nl.gm1954.2c.2019.2829489-5.doc.1","dc_source":"https://api1.ibabs.eu/publicdownload.aspx?site=Beekdaelen&id=07ed088d-2707-4c94-bb13-b6bb9fa11a08","dc_title":"02 Cie 12 nov 2019 B2 \u00e9\u00e9n JGZ","dc_type":"bijlage","foi_fileName":"02%20Cie%2012%20nov%202019%20B2%20%C3%A9%C3%A9n%20JGZ.MP3"},{"dc_format":"application/pdf","dc_identifier":"nl.gm1954.2c.2019.2829489-5.doc.5","dc_source":"https://api1.ibabs.eu/publicdownload.aspx?site=Beekdaelen&id=edcbd5cc-f692-46cd-9bb3-61b1c7826987","dc_title":"Bijlage 3 RIB d.d. 11.06.2019 inzake voorbereidingen om te komen tot een organisatie voor jeugdgezondheidszorg","dc_type":"bijlage","foi_fairiscoreVersions":{"v1":1,"v2":1},"foi_fileName":"190611%20RIB%20voorbereidingen%20om%20te%20komen%20tot%20een%20organisatie%20voor%20jeugdgezondheidszorg%20%28incl.%20bijl.pdf","foi_nrPages":8},{"dc_format":"application/pdf","dc_identifier":"nl.gm1954.2c.2019.2829489-5.doc.3","dc_source":"https://api1.ibabs.eu/publicdownload.aspx?site=Beekdaelen&id=1822e289-8cdf-4773-942f-91ce0c93316b","dc_title":"Bijlage 1 Aanbiedingsbrief Begrotingswijziging 2020 een JGZ","dc_type":"bijlage","foi_fairiscoreVersions":{"v1":1,"v2":1},"foi_fileName":"190909%20Aanbiedingsbrief%20Begrotingswijziging%202020%20een%20JGZ.pdf","foi_nrPages":3},{"dc_format":"application/pdf","dc_identifier":"nl.gm1954.2c.2019.2829489-5.doc.4","dc_source":"https://api1.ibabs.eu/publicdownload.aspx?site=Beekdaelen&id=4fa08390-65fc-4a9d-a098-2ea8cf9a9dd8","dc_title":"Bijlage 2 Begrotingswijziging 2020 een JGZ","dc_type":"bijlage","foi_fairiscoreVersions":{"v1":2,"v2":1},"foi_fileName":"190910%20begrotingswijziging%202020%20een%20JGZ.pdf","foi_nrPages":24},{"dc_format":"application/pdf","dc_identifier":"nl.gm1954.2c.2019.2829489-5.doc.2","dc_source":"https://api1.ibabs.eu/publicdownload.aspx?site=Beekdaelen&id=016b8ea5-8ceb-4012-837d-426abc6dc9df","dc_title":"Raadsvoorstel Begrotingswijziging 2020 GGD ZL en instellen tijdelijke BV voor zienswijze","dc_type":"bijlage","foi_fairiscoreVersions":{"v1":1,"v2":1},"foi_fileName":"208771_1%20RV%20Begrotingswijziging%202020%20GGd%20ZL%20en%20instellen%20tijdelijke%20BV%20voor%20zienswijze.pdf","foi_nrPages":5},{"dc_format":"application/pdf","dc_identifier":"nl.gm1954.2c.2019.2829489-5.doc.6","dc_source":"https://api1.ibabs.eu/publicdownload.aspx?site=Beekdaelen&id=cfea3137-fc32-4bb5-81cd-63ca025b548b","dc_title":"Raadsbesluit begrotingswijziging GGD ZL","dc_type":"bijlage","foi_fairiscoreVersions":{"v1":1,"v2":1},"foi_fileName":"208888_1%20RB%20begrotingswijziging.pdf","foi_nrPages":1},{"dc_format":"application/pdf","dc_identifier":"nl.gm1954.2c.2019.2829489-5.doc.7","dc_source":"https://api1.ibabs.eu/publicdownload.aspx?site=Beekdaelen&id=5ce80102-5d0f-42b3-b05e-61393582846c","dc_title":"MvA Begrotingswijziging 2020 GGD ZL","dc_type":"bijlage","foi_fairiscoreVersions":{"v1":1,"v2":1},"foi_fileName":"MvA%20Begrotingswijziging%202020%20GGD%20ZL.pdf","foi_nrPages":1}],"foi_nrDocuments":7,"foi_nrPagesInDossier":42,"foi_publishedDate":"2019-11-12","foi_retrievedDate":"2026-03-05"},{"dc_creator":"HandelingScraper_v1","dc_date_year":2019,"dc_description":"Vergadering van de Gemeente Beekdaelen op 2019-11-12. Onderdeel: Raadsvoorstel inzake voteren krediet aankoop gebouw voormalige voetbalclub RKVV Doenrade.","dc_identifier":"nl.gm1954.2c.2019.2829489-6","dc_publisher":"gm1954","dc_source":"https://beekdaelen.bestuurlijkeinformatie.nl/Agenda/Index/572b66d5-0682-4c86-aaf0-6382ac4b0207","dc_title":"Raadscommissie (2019 t/m januari 2020) 2019-11-12 - Raadsvoorstel inzake voteren krediet aankoop gebouw voormalige voetbalclub RKVV Doenrade","dc_type":"2c","dc_type_description":"Vergaderstuk decentrale overheid","foi_fairiscoreVersions":{"v1":1,"v2":1},"foi_files":[{"dc_format":"application/octet-stream","dc_identifier":"nl.gm1954.2c.2019.2829489-6.doc.1","dc_source":"https://api1.ibabs.eu/publicdownload.aspx?site=Beekdaelen&id=68437281-638d-478a-8af1-fb859fdf70e7","dc_title":"03 Cie 12 nov 2019 B3 gebouw RKVV Doenrade - deel 1","dc_type":"bijlage","foi_fileName":"03%20Cie%2012%20nov%202019%20B3%20gebouw%20RKVV%20Doenrade%20-%20deel%201.MP3"},{"dc_format":"application/octet-stream","dc_identifier":"nl.gm1954.2c.2019.2829489-6.doc.2","dc_source":"https://api1.ibabs.eu/publicdownload.aspx?site=Beekdaelen&id=a6af5f38-5d80-4d25-8de3-1c22def7e06b","dc_title":"04 Cie 12 nov 2019 B3 gebouw RKVV Doenrade - deel 2","dc_type":"bijlage","foi_fileName":"04%20Cie%2012%20nov%202019%20B3%20gebouw%20RKVV%20Doenrade%20-%20deel%202.MP3"},{"dc_format":"application/pdf","dc_identifier":"nl.gm1954.2c.2019.2829489-6.doc.3","dc_source":"https://api1.ibabs.eu/publicdownload.aspx?site=Beekdaelen&id=f69103ab-1239-4fec-aedd-50d1a9efc354","dc_title":"Raadsvoorstel inzake Kredietvotering aankoop gebouw voormalige voetbalvereniging RKVV Doenrade","dc_type":"bijlage","foi_fairiscoreVersions":{"v1":1,"v2":1},"foi_fileName":"203960_1%20RV%20Kredietvotering%20aankoop%20gebouw%20voormalige%20voetbalvereniging%20RKVV%20Doenrade.pdf","foi_nrPages":4},{"dc_format":"application/pdf","dc_identifier":"nl.gm1954.2c.2019.2829489-6.doc.4","dc_source":"https://api1.ibabs.eu/publicdownload.aspx?site=Beekdaelen&id=b1342d65-c578-4eb4-99fc-949b884b7a57","dc_title":"concept Raadsbesluit inzake kredietvotering aankoop gebouw voormailige voetbalvereniging RKVV Doenrade","dc_type":"bijlage","foi_fairiscoreVersions":{"v1":1,"v2":1},"foi_fileName":"203996_1%20concept%20RB%20.pdf","foi_nrPages":1},{"dc_format":"application/pdf","dc_identifier":"nl.gm1954.2c.2019.2829489-6.doc.5","dc_source":"https://api1.ibabs.eu/publicdownload.aspx?site=Beekdaelen&id=a18b50ef-580b-41e5-aebd-3c27fbccb54b","dc_title":"Begrotingswijziging 13  inzake aankoop gebouw vv Doenrade","dc_type":"bijlage","foi_fairiscoreVersions":{"v1":1,"v2":1},"foi_fileName":"Begrotingswijziging%2013%20%20aankoop%20gebouw%20vv%20Doenrade%20raadsvergadering%2026%20november%202019.pdf","foi_nrPages":1},{"dc_format":"application/pdf","dc_identifier":"nl.gm1954.2c.2019.2829489-6.doc.7","dc_source":"https://api1.ibabs.eu/publicdownload.aspx?site=Beekdaelen&id=6d1dc54d-e889-4daf-8fd7-ade5c7c750e6","dc_title":"Consolidatie scenarios woander forest versie 26092019 aangepaste indeling","dc_type":"bijlage","foi_fairiscoreVersions":{"v1":1,"v2":1},"foi_fileName":"Consolidatie%20scenarios%20woander%20forest%20versie%2026092019%20aangepaste%20indeling.pdf","foi_nrPages":2},{"dc_format":"application/pdf","dc_identifier":"nl.gm1954.2c.2019.2829489-6.doc.6","dc_source":"https://api1.ibabs.eu/publicdownload.aspx?site=Beekdaelen&id=2e55ab6f-c1d7-4ef2-8ead-39261cab9dc2","dc_title":"MvA inzake aankoop gebouw VV Doenrade","dc_type":"bijlage","foi_fairiscoreVersions":{"v1":1,"v2":1},"foi_fileName":"MvA%20inzake%20aankoop%20gebouw%20VV%20Doenrade.pdf","foi_nrPages":7}],"foi_nrDocuments":7,"foi_nrPagesInDossier":15,"foi_publishedDate":"2019-11-12","foi_retrievedDate":"2026-03-05"},{"dc_creator":"HandelingScraper_v1","dc_date_year":2019,"dc_description":"Vergadering van de Gemeente Beekdaelen op 2019-11-12. Onderdeel: Rondvraag cluster Sociaal.","dc_identifier":"nl.gm1954.2c.2019.2829489-7","dc_publisher":"gm1954","dc_source":"https://beekdaelen.bestuurlijkeinformatie.nl/Agenda/Index/572b66d5-0682-4c86-aaf0-6382ac4b0207","dc_title":"Raadscommissie (2019 t/m januari 2020) 2019-11-12 - Rondvraag cluster Sociaal","dc_type":"2c","dc_type_description":"Vergaderstuk decentrale overheid","foi_fairiscoreVersions":{"v1":null,"v2":null},"foi_files":[{"dc_format":"application/octet-stream","dc_identifier":"nl.gm1954.2c.2019.2829489-7.doc.1","dc_source":"https://api1.ibabs.eu/publicdownload.aspx?site=Beekdaelen&id=301fa080-4638-4057-8523-78991e548e52","dc_title":"05 Cie 12 nov 2019 C rondvraag cluster sociaal","dc_type":"bijlage","foi_fileName":"05%20Cie%2012%20nov%202019%20C%20rondvraag%20cluster%20sociaal.MP3"}],"foi_nrDocuments":1,"foi_nrPagesInDossier":0,"foi_publishedDate":"2019-11-12","foi_retrievedDate":"2026-02-05"},{"dc_creator":"HandelingScraper_v1","dc_date_year":2019,"dc_description":"Vergadering van de Gemeente Beekdaelen op 2019-11-12. Onderdeel: Raadsvoorstel inzake vaststellen Beleidsregel bijzondere begraafplaatsen.","dc_identifier":"nl.gm1954.2c.2019.2829489-8","dc_publisher":"gm1954","dc_source":"https://beekdaelen.bestuurlijkeinformatie.nl/Agenda/Index/572b66d5-0682-4c86-aaf0-6382ac4b0207","dc_title":"Raadscommissie (2019 t/m januari 2020) 2019-11-12 - Raadsvoorstel inzake vaststellen Beleidsregel bijzondere begraafplaatsen","dc_type":"2c","dc_type_description":"Vergaderstuk decentrale overheid","foi_fairiscoreVersions":{"v1":1,"v2":1},"foi_files":[{"dc_format":"application/octet-stream","dc_identifier":"nl.gm1954.2c.2019.2829489-8.doc.1","dc_source":"https://api1.ibabs.eu/publicdownload.aspx?site=Beekdaelen&id=67f41c4b-3f1d-44bb-9919-d3b97ba136a6","dc_title":"06 Cie 12 nov 2019 D1 beleidsregel bijzondere begraafplaatsen","dc_type":"bijlage","foi_fileName":"06%20Cie%2012%20nov%202019%20D1%20beleidsregel%20bijzondere%20begraafplaatsen.MP3"},{"dc_format":"application/pdf","dc_identifier":"nl.gm1954.2c.2019.2829489-8.doc.6","dc_source":"https://api1.ibabs.eu/publicdownload.aspx?site=Beekdaelen&id=3b218aca-02d9-4648-97c3-6abb910825e7","dc_title":"Beantwoording vragen VVD beleidsregels bijzondere begraafplaatsen","dc_type":"bijlage","foi_fairiscoreVersions":{"v1":1,"v2":1},"foi_fileName":"Beantwoording%20Raadsvragen%20Beleidsregels%20Privebegraafplaatsen%20versie%202%20%28MW%29.pdf","foi_nrPages":4},{"dc_format":"application/pdf","dc_identifier":"nl.gm1954.2c.2019.2829489-8.doc.3","dc_source":"https://api1.ibabs.eu/publicdownload.aspx?site=Beekdaelen&id=2d840839-f454-42f4-8522-7ef83a6480c7","dc_title":"Beleidsregels bijzondere begraafplaats","dc_type":"bijlage","foi_fairiscoreVersions":{"v1":1,"v2":1},"foi_fileName":"Bijlage%20bij%20RV%20%20bijzondere%20begraafplaats%20beleidsregels.pdf","foi_nrPages":4},{"dc_format":"application/pdf","dc_identifier":"nl.gm1954.2c.2019.2829489-8.doc.2","dc_source":"https://api1.ibabs.eu/publicdownload.aspx?site=Beekdaelen&id=d861210b-6ad6-4bc9-aa15-59e70a78129b","dc_title":"Raadsvoorstel inzake beleidsregels bijzondere begraafplaats","dc_type":"bijlage","foi_fairiscoreVersions":{"v1":1,"v2":1},"foi_fileName":"bijzondere%20begraafplaats.rv.pdf","foi_nrPages":2},{"dc_format":"application/pdf","dc_identifier":"nl.gm1954.2c.2019.2829489-8.doc.4","dc_source":"https://api1.ibabs.eu/publicdownload.aspx?site=Beekdaelen&id=549962d7-e2b9-45f6-a429-1f74ea41dd29","dc_title":"Concept Raadsbesluit inzake beleidsregels bijzondere begraafplaats.","dc_type":"bijlage","foi_fairiscoreVersions":{"v1":1,"v2":1},"foi_fileName":"Concept%20RB%20bijzondere%20begraafplaats.rb.pdf","foi_nrPages":1},{"dc_format":"application/pdf","dc_identifier":"nl.gm1954.2c.2019.2829489-8.doc.5","dc_source":"https://api1.ibabs.eu/publicdownload.aspx?site=Beekdaelen&id=6bdc8ba9-e1d1-4327-bf31-a0d40415c5ac","dc_title":"MvA VG beleidsregel bijzondere begraafplaatsen","dc_type":"bijlage","foi_fairiscoreVersions":{"v1":1,"v2":1},"foi_fileName":"Memorie%20van%20antwoord%20VG%20beleidsregel%20bijzondere%20begraafplaatsen.pdf","foi_nrPages":2}],"foi_nrDocuments":6,"foi_nrPagesInDossier":13,"foi_publishedDate":"2019-11-12","foi_retrievedDate":"2026-02-13"},{"dc_creator":"HandelingScraper_v1","dc_date_year":2019,"dc_description":"Vergadering van de Gemeente Beekdaelen op 2019-11-12. Onderdeel: Raadsvoorstel inzake Verklaring van Geen Bedenkingen ex art. 2.27 Wabo voor bouw 3 silo's Thermiekstraat 2 te Nuth (Bedrijventerrein De Horsel).","dc_identifier":"nl.gm1954.2c.2019.2829489-9","dc_publisher":"gm1954","dc_source":"https://beekdaelen.bestuurlijkeinformatie.nl/Agenda/Index/572b66d5-0682-4c86-aaf0-6382ac4b0207","dc_title":"Raadscommissie (2019 t/m januari 2020) 2019-11-12 - Raadsvoorstel inzake Verklaring van Geen Bedenkingen ex art. 2.27 Wabo voor bouw 3 silo's Thermiekstraat 2 te Nuth (Bedrijventerrein De Horsel)","dc_type":"2c","dc_type_description":"Vergaderstuk decentrale overheid","foi_fairiscoreVersions":{"v1":2,"v2":1},"foi_files":[{"dc_format":"application/octet-stream","dc_identifier":"nl.gm1954.2c.2019.2829489-9.doc.1","dc_source":"https://api1.ibabs.eu/publicdownload.aspx?site=Beekdaelen&id=80f5efd1-fe73-4140-b6ce-84f74d01293f","dc_title":"07 Cie 12 nov 2019 D2 bouw 3 silo's bedrijventerrein De Horsel","dc_type":"bijlage","foi_fileName":"07%20Cie%2012%20nov%202019%20D2%20bouw%203%20silo%27s%20bedrijventerrein%20De%20Horsel.MP3"},{"dc_format":"application/pdf","dc_identifier":"nl.gm1954.2c.2019.2829489-9.doc.2","dc_source":"https://api1.ibabs.eu/publicdownload.aspx?site=Beekdaelen&id=ea3f0702-50d5-4583-9f9b-62ff223ede43","dc_title":"Raadsvoorstel inzake VvGB bouw silo's Thermiekstraat","dc_type":"bijlage","foi_fairiscoreVersions":{"v1":1,"v2":1},"foi_fileName":"208332_1%20RV%20silo%27s%20Thermiekstraat.pdf","foi_nrPages":3},{"dc_format":"application/pdf","dc_identifier":"nl.gm1954.2c.2019.2829489-9.doc.4","dc_source":"https://api1.ibabs.eu/publicdownload.aspx?site=Beekdaelen&id=a87db204-bc95-426f-9f88-20aaa5f81f13","dc_title":"Raadsbesluit inzake VvGB bouw silo's Thermiekstraat","dc_type":"bijlage","foi_fairiscoreVersions":{"v1":1,"v2":1},"foi_fileName":"208422_1%20concept%20RB%20silo%27s%20Thermiekstraat.pdf","foi_nrPages":1},{"dc_format":"application/pdf","dc_identifier":"nl.gm1954.2c.2019.2829489-9.doc.5","dc_source":"https://api1.ibabs.eu/publicdownload.aspx?site=Beekdaelen&id=c23e83f2-3e41-463c-986d-96d5044860ea","dc_title":"MvA VvGB 3 silo's Thermiekstraat 2 Nuth","dc_type":"bijlage","foi_fairiscoreVersions":{"v1":1,"v2":1},"foi_fileName":"MvA%20VvGB%203%20silo-s%20Thermiekstraat%202%20Nuth.pdf","foi_nrPages":5},{"dc_format":"application/pdf","dc_identifier":"nl.gm1954.2c.2019.2829489-9.doc.3","dc_source":"https://api1.ibabs.eu/publicdownload.aspx?site=Beekdaelen&id=f829c25f-176a-4410-bdd4-d047b7803c9b","dc_title":"Bijlage: Ruimtelijke Onderbouwing","dc_type":"bijlage","foi_fairiscoreVersions":{"v1":2,"v2":1},"foi_fileName":"RUON%203%20silo%27s%20Thermiekstraat%202%20Nuth_1.pdf","foi_nrPages":18}],"foi_nrDocuments":5,"foi_nrPagesInDossier":27,"foi_publishedDate":"2019-11-12","foi_retrievedDate":"2025-12-29"},{"dc_creator":"HandelingScraper_v1","dc_date_year":2019,"dc_description":"Vergadering van de Gemeente Beekdaelen op 2019-11-26. Onderdeel: Opening.","dc_identifier":"nl.gm1954.2c.2019.2829532-1","dc_publisher":"gm1954","dc_source":"https://beekdaelen.bestuurlijkeinformatie.nl/Agenda/Index/e4cf93c4-49c6-48f2-a147-0cf0942f84b7","dc_title":"Raadsvergadering 2019-11-26 - Opening","dc_type":"2c","dc_type_description":"Vergaderstuk decentrale overheid","foi_fairiscoreVersions":{"v1":1,"v2":1},"foi_files":[{"dc_format":"application/octet-stream","dc_identifier":"nl.gm1954.2c.2019.2829532-1.doc.1","dc_source":"https://api1.ibabs.eu/publicdownload.aspx?site=Beekdaelen&id=bcc74235-0cd1-4cff-815d-2518d6e6d05d","dc_title":"01 Raad 26 nov 2019 ap 1 Opening en ap 2 vaststelling agenda","dc_type":"bijlage","foi_fileName":"01%20Raad%2026%20nov%202019%20ap%201%20Opening%20en%20ap%202%20vaststelling%20agenda.MP3"},{"dc_format":"application/pdf","dc_identifier":"nl.gm1954.2c.2019.2829532-1.doc.2","dc_source":"https://api1.ibabs.eu/publicdownload.aspx?site=Beekdaelen&id=d17e8669-ac08-4863-aaa3-da56929d38fc","dc_title":"Uitnodiging en agenda raadsvergadering 26-11-2019","dc_type":"bijlage","foi_fairiscoreVersions":{"v1":1,"v2":1},"foi_fileName":"01%20Uitnodiging%20en%20agenda%20raadsvergadering%2026-11-2019.pdf","foi_nrPages":2}],"foi_nrDocuments":2,"foi_nrPagesInDossier":2,"foi_publishedDate":"2019-11-26","foi_retrievedDate":"2026-03-03"},{"dc_creator":"HandelingScraper_v1","dc_date_year":2019,"dc_description":"Vergadering van de Gemeente Beekdaelen op 2019-11-26. Onderdeel: Voorstel inzake VvGB ex artikel 2.27 Wabo voor bouw silo's Thermiekstraat.","dc_identifier":"nl.gm1954.2c.2019.2829532-10","dc_publisher":"gm1954","dc_source":"https://beekdaelen.bestuurlijkeinformatie.nl/Agenda/Index/e4cf93c4-49c6-48f2-a147-0cf0942f84b7","dc_title":"Raadsvergadering 2019-11-26 - Voorstel inzake VvGB ex artikel 2.27 Wabo voor bouw silo's Thermiekstraat","dc_type":"2c","dc_type_description":"Vergaderstuk decentrale overheid","foi_fairiscoreVersions":{"v1":2,"v2":1},"foi_files":[{"dc_format":"application/octet-stream","dc_identifier":"nl.gm1954.2c.2019.2829532-10.doc.1","dc_source":"https://api1.ibabs.eu/publicdownload.aspx?site=Beekdaelen&id=13a1e736-00d6-4b59-8fb9-0aac6e695ee0","dc_title":"07 Raad 26 nov 2019 ap 6.3 Bouw silo's Thermiekstraat","dc_type":"bijlage","foi_fileName":"07%20Raad%2026%20nov%202019%20ap%206.3%20Bouw%20silo%27s%20Thermiekstraat.MP3"},{"dc_format":"application/pdf","dc_identifier":"nl.gm1954.2c.2019.2829532-10.doc.3","dc_source":"https://api1.ibabs.eu/publicdownload.aspx?site=Beekdaelen&id=d754680b-a252-4c05-9434-421b19105c7a","dc_title":"Raadsbesluit Vvgb 3 silo's Thermiekstraat vastgesteld raad 26112019","dc_type":"bijlage","foi_fairiscoreVersions":{"v1":1,"v2":1},"foi_fileName":"Concept%20RB%20Vvgb%203%20silo%27s%20Thermiekstraat.pdf","foi_nrPages":1},{"dc_format":"application/pdf","dc_identifier":"nl.gm1954.2c.2019.2829532-10.doc.5","dc_source":"https://api1.ibabs.eu/publicdownload.aspx?site=Beekdaelen&id=7346e460-9dfd-44ef-add3-35ce23c7df9e","dc_title":"MvA nav commissievergadering 29102019","dc_type":"bijlage","foi_fairiscoreVersions":{"v1":1,"v2":1},"foi_fileName":"MvA%20nav%20commissievergadering%2029102019.pdf","foi_nrPages":1},{"dc_format":"application/pdf","dc_identifier":"nl.gm1954.2c.2019.2829532-10.doc.4","dc_source":"https://api1.ibabs.eu/publicdownload.aspx?site=Beekdaelen&id=6dbd4fd7-a231-4291-a1be-eda2cafef33b","dc_title":"RUON 3 silo's Thermiekstraat 2 Nuth","dc_type":"bijlage","foi_fairiscoreVersions":{"v1":2,"v2":1},"foi_fileName":"RUON%203%20silo%27s%20Thermiekstraat%202%20Nuth_1.pdf","foi_nrPages":18},{"dc_format":"application/pdf","dc_identifier":"nl.gm1954.2c.2019.2829532-10.doc.2","dc_source":"https://api1.ibabs.eu/publicdownload.aspx?site=Beekdaelen&id=399013d3-d7d1-402c-9ed2-913da558ee56","dc_title":"Raadsvoorstel inzake VvGB bouw silo's Thermiekstraat","dc_type":"bijlage","foi_fairiscoreVersions":{"v1":1,"v2":1},"foi_fileName":"RV%20inzake%20VvGB%20bouw%20silo%27s%20Thermiekstraat%20-%20incl.%20pagnr.pdf","foi_nrPages":3}],"foi_nrDocuments":5,"foi_nrPagesInDossier":23,"foi_publishedDate":"2019-11-26","foi_retrievedDate":"2025-12-01"},{"dc_creator":"HandelingScraper_v1","dc_date_year":2019,"dc_description":"Vergadering van de Gemeente Beekdaelen op 2019-11-26. Onderdeel: Voorstel inzake toekomstige afvalinzameling gemeente Beekdaelen.","dc_identifier":"nl.gm1954.2c.2019.2829532-11","dc_publisher":"gm1954","dc_source":"https://beekdaelen.bestuurlijkeinformatie.nl/Agenda/Index/e4cf93c4-49c6-48f2-a147-0cf0942f84b7","dc_title":"Raadsvergadering 2019-11-26 - Voorstel inzake toekomstige afvalinzameling gemeente Beekdaelen","dc_type":"2c","dc_type_description":"Vergaderstuk decentrale overheid","foi_fairiscoreVersions":{"v1":1,"v2":1},"foi_files":[{"dc_format":"application/octet-stream","dc_identifier":"nl.gm1954.2c.2019.2829532-11.doc.1","dc_source":"https://api1.ibabs.eu/publicdownload.aspx?site=Beekdaelen&id=c4c17243-ee8c-4795-b1f5-3c240f447dce","dc_title":"08 Raad 26 nov 2019 ap 6.4 Afvalinzameling","dc_type":"bijlage","foi_fileName":"08%20Raad%2026%20nov%202019%20ap%206.4%20Afvalinzameling.MP3"},{"dc_format":"application/pdf","dc_identifier":"nl.gm1954.2c.2019.2829532-11.doc.4","dc_source":"https://api1.ibabs.eu/publicdownload.aspx?site=Beekdaelen&id=a5ad5d9b-3705-41fc-a3da-9495cd671b45","dc_title":"Bijlage Memo Differentiatie afvalstoffenheffing","dc_type":"bijlage","foi_fairiscoreVersions":{"v1":1,"v2":1},"foi_fileName":"Bijlage%20Memo%20Differentiatie%20afvalstoffenheffing.pdf","foi_nrPages":5},{"dc_format":"application/pdf","dc_identifier":"nl.gm1954.2c.2019.2829532-11.doc.5","dc_source":"https://api1.ibabs.eu/publicdownload.aspx?site=Beekdaelen&id=2943ede0-4bcd-4434-a988-609fc11a349d","dc_title":"Uittredingskosten RP","dc_type":"bijlage","foi_fairiscoreVersions":{"v1":1,"v2":1},"foi_fileName":"M004%20Uittredingskosten%20RP.pdf","foi_nrPages":2},{"dc_format":"application/pdf","dc_identifier":"nl.gm1954.2c.2019.2829532-11.doc.6","dc_source":"https://api1.ibabs.eu/publicdownload.aspx?site=Beekdaelen&id=d6810d01-1bdc-420b-8d14-6ee5ca91b083","dc_title":"Notitie 2nd opinion differentiatieruimte afvalstoffenheffing","dc_type":"bijlage","foi_fairiscoreVersions":{"v1":1,"v2":1},"foi_fileName":"Notitie%202nd%20opinion%20differentiatieruimte%20afvalstoffenheffing%20%28def%20concept%29%20%5BPRDF-2999376%5D.pdf","foi_nrPages":3},{"dc_format":"application/pdf","dc_identifier":"nl.gm1954.2c.2019.2829532-11.doc.3","dc_source":"https://api1.ibabs.eu/publicdownload.aspx?site=Beekdaelen&id=8f85b46e-44e7-4695-9dfe-d71a206e5cb9","dc_title":"Raadsbesluit samenwerking RWM-Rd4 vastgesteld raad 26112019","dc_type":"bijlage","foi_fairiscoreVersions":{"v1":1,"v2":1},"foi_fileName":"RB%20samenwerking%20RWM-Rd4%20vastgesteld%2026112019.pdf","foi_nrPages":1},{"dc_format":"application/pdf","dc_identifier":"nl.gm1954.2c.2019.2829532-11.doc.2","dc_source":"https://api1.ibabs.eu/publicdownload.aspx?site=Beekdaelen&id=ed2e7435-835d-477e-9139-eb08a70d2e81","dc_title":"Raadsvoorstel samenwerking RWM-Rd4","dc_type":"bijlage","foi_fairiscoreVersions":{"v1":1,"v2":1},"foi_fileName":"RV%20samenwerking%20RWM-Rd4.pdf","foi_nrPages":5}],"foi_nrDocuments":6,"foi_nrPagesInDossier":16,"foi_publishedDate":"2019-11-26","foi_retrievedDate":"2026-03-02"},{"dc_creator":"HandelingScraper_v1","dc_date_year":2019,"dc_description":"Vergadering van de Gemeente Beekdaelen op 2019-11-26. Onderdeel: Vaststelling lijst ingekomen stukken.","dc_identifier":"nl.gm1954.2c.2019.2829532-12","dc_publisher":"gm1954","dc_source":"https://beekdaelen.bestuurlijkeinformatie.nl/Agenda/Index/e4cf93c4-49c6-48f2-a147-0cf0942f84b7","dc_title":"Raadsvergadering 2019-11-26 - Vaststelling lijst ingekomen stukken","dc_type":"2c","dc_type_description":"Vergaderstuk decentrale overheid","foi_fairiscoreVersions":{"v1":1,"v2":1},"foi_files":[{"dc_format":"application/octet-stream","dc_identifier":"nl.gm1954.2c.2019.2829532-12.doc.1","dc_source":"https://api1.ibabs.eu/publicdownload.aspx?site=Beekdaelen&id=805f8063-f269-40fb-9280-d81dccbb877c","dc_title":"09 Raad 26 nov 2019 ap 7 Lijst ingekomen stukken","dc_type":"bijlage","foi_fileName":"09%20Raad%2026%20nov%202019%20ap%207%20Lijst%20ingekomen%20stukken.MP3"},{"dc_format":"application/pdf","dc_identifier":"nl.gm1954.2c.2019.2829532-12.doc.2","dc_source":"https://api1.ibabs.eu/publicdownload.aspx?site=Beekdaelen&id=4abf286a-9e0a-41bd-a1f0-2b0d4e7ffc81","dc_title":"Lijst ingekomen stukken vastgesteld tijdens raad 26110219","dc_type":"bijlage","foi_fairiscoreVersions":{"v1":1,"v2":1},"foi_fileName":"Lijst%20ingekomen%20stukken%20vastgesteld%20tijdens%20raad%2026110219.pdf","foi_nrPages":7}],"foi_nrDocuments":2,"foi_nrPagesInDossier":7,"foi_publishedDate":"2019-11-26","foi_retrievedDate":"2026-03-03"},{"dc_creator":"HandelingScraper_v1","dc_date_year":2019,"dc_description":"Vergadering van de Gemeente Beekdaelen op 2019-11-26. Onderdeel: Moties vreemd aan de orde van de dag.","dc_identifier":"nl.gm1954.2c.2019.2829532-13","dc_publisher":"gm1954","dc_source":"https://beekdaelen.bestuurlijkeinformatie.nl/Agenda/Index/e4cf93c4-49c6-48f2-a147-0cf0942f84b7","dc_title":"Raadsvergadering 2019-11-26 - Moties vreemd aan de orde van de dag","dc_type":"2c","dc_type_description":"Vergaderstuk decentrale overheid","foi_fairiscoreVersions":{"v1":null,"v2":null},"foi_files":[{"dc_format":"application/octet-stream","dc_identifier":"nl.gm1954.2c.2019.2829532-13.doc.1","dc_source":"https://api1.ibabs.eu/publicdownload.aspx?site=Beekdaelen&id=cd5edb81-ae61-455d-9246-f8d2f83943d1","dc_title":"10 Raad 26 nov 2019 ap 8 Motie en ap 9 Sluiting","dc_type":"bijlage","foi_fileName":"10%20Raad%2026%20nov%202019%20ap%208%20Motie%20en%20ap%209%20Sluiting.MP3"}],"foi_nrDocuments":1,"foi_nrPagesInDossier":0,"foi_publishedDate":"2019-11-26","foi_retrievedDate":"2025-12-06"},{"dc_creator":"HandelingScraper_v1","dc_date_year":2019,"dc_description":"Vergadering van de Gemeente Beekdaelen op 2019-11-26. Onderdeel: Aangehouden motie schutterijen.","dc_identifier":"nl.gm1954.2c.2019.2829532-14","dc_publisher":"gm1954","dc_source":"https://beekdaelen.bestuurlijkeinformatie.nl/Agenda/Index/e4cf93c4-49c6-48f2-a147-0cf0942f84b7","dc_title":"Raadsvergadering 2019-11-26 - Aangehouden motie schutterijen","dc_type":"2c","dc_type_description":"Vergaderstuk decentrale overheid","foi_fairiscoreVersions":{"v1":2,"v2":2},"foi_files":[{"dc_format":"application/pdf","dc_identifier":"nl.gm1954.2c.2019.2829532-14.doc.1","dc_source":"https://api1.ibabs.eu/publicdownload.aspx?site=Beekdaelen&id=51a244f8-cc8a-40d4-a76f-dc7c795bf167","dc_title":"Aangehouden motie schutterijen en gilden AANGENOMEN","dc_type":"bijlage","foi_fairiscoreVersions":{"v1":2,"v2":2},"foi_fileName":"Aangehouden%20motie%20schutterijen%20en%20gilden%20AANGENOMEN.pdf","foi_nrPages":1}],"foi_nrDocuments":1,"foi_nrPagesInDossier":1,"foi_publishedDate":"2019-11-26","foi_retrievedDate":"2026-03-06"},{"dc_creator":"HandelingScraper_v1","dc_date_year":2019,"dc_description":"Vergadering van de Gemeente Beekdaelen op 2019-11-26. Onderdeel: Motie VG, CDA, GL, PvdA en D66 inzake uitstoot Awacs.","dc_identifier":"nl.gm1954.2c.2019.2829532-15","dc_publisher":"gm1954","dc_source":"https://beekdaelen.bestuurlijkeinformatie.nl/Agenda/Index/e4cf93c4-49c6-48f2-a147-0cf0942f84b7","dc_title":"Raadsvergadering 2019-11-26 - Motie VG, CDA, GL, PvdA en D66 inzake uitstoot Awacs","dc_type":"2c","dc_type_description":"Vergaderstuk decentrale overheid","foi_fairiscoreVersions":{"v1":2,"v2":2},"foi_files":[{"dc_format":"application/pdf","dc_identifier":"nl.gm1954.2c.2019.2829532-15.doc.1","dc_source":"https://api1.ibabs.eu/publicdownload.aspx?site=Beekdaelen&id=6bff64cc-cfb5-4b23-a808-7a099e6004c3","dc_title":"Motie meten uitstoot AWACS-vliegtuigen AANGENOMEN","dc_type":"bijlage","foi_fairiscoreVersions":{"v1":2,"v2":2},"foi_fileName":"Motie%20meten%20uitstoot%20AWACS-vliegtuigen%20AANGENOMEN.pdf","foi_nrPages":1}],"foi_nrDocuments":1,"foi_nrPagesInDossier":1,"foi_publishedDate":"2019-11-26","foi_retrievedDate":"2025-11-29"},{"dc_creator":"HandelingScraper_v1","dc_date_year":2019,"dc_description":"Vergadering van de Gemeente Beekdaelen op 2019-11-26. Onderdeel: Motie CDA, VG, Pvda en VVD inzake openstelling Naanhofsweg       DEZE MOTIE IS NA AGENDAPUNT 2 BEHANDELD.","dc_identifier":"nl.gm1954.2c.2019.2829532-16","dc_publisher":"gm1954","dc_source":"https://beekdaelen.bestuurlijkeinformatie.nl/Agenda/Index/e4cf93c4-49c6-48f2-a147-0cf0942f84b7","dc_title":"Raadsvergadering 2019-11-26 - Motie CDA, VG, Pvda en VVD inzake openstelling Naanhofsweg       DEZE MOTIE IS NA AGENDAPUNT 2 BEHANDELD","dc_type":"2c","dc_type_description":"Vergaderstuk decentrale overheid","foi_fairiscoreVersions":{"v1":2,"v2":2},"foi_files":[{"dc_format":"application/octet-stream","dc_identifier":"nl.gm1954.2c.2019.2829532-16.doc.1","dc_source":"https://api1.ibabs.eu/publicdownload.aspx?site=Beekdaelen&id=4cb2339a-84ea-44be-9c23-203a9bb91a5b","dc_title":"02 Raad 26 nov 2019 ap 8.3 Motie Naanhofsweg","dc_type":"bijlage","foi_fileName":"02%20Raad%2026%20nov%202019%20ap%208.3%20Motie%20Naanhofsweg.MP3"},{"dc_format":"application/pdf","dc_identifier":"nl.gm1954.2c.2019.2829532-16.doc.2","dc_source":"https://api1.ibabs.eu/publicdownload.aspx?site=Beekdaelen&id=89684436-5d7f-484c-a5fc-7c4d1d2b5876","dc_title":"Motie openstelling Naanhofsweg Vaesrade AANGENOMEN","dc_type":"bijlage","foi_fairiscoreVersions":{"v1":2,"v2":2},"foi_fileName":"Motie%20openstelling%20Naanhofsweg%20Vaesrade%20AANGENOMEN.pdf","foi_nrPages":3}],"foi_nrDocuments":2,"foi_nrPagesInDossier":3,"foi_publishedDate":"2019-11-26","foi_retrievedDate":"2026-02-05"},{"dc_creator":"HandelingScraper_v1","dc_date_year":2019,"dc_description":"Vergadering van de Gemeente Beekdaelen op 2019-11-26. Onderdeel: Motie PvdA en GL inzake Ja-Ja sticker.","dc_identifier":"nl.gm1954.2c.2019.2829532-17","dc_publisher":"gm1954","dc_source":"https://beekdaelen.bestuurlijkeinformatie.nl/Agenda/Index/e4cf93c4-49c6-48f2-a147-0cf0942f84b7","dc_title":"Raadsvergadering 2019-11-26 - Motie PvdA en GL inzake Ja-Ja sticker","dc_type":"2c","dc_type_description":"Vergaderstuk decentrale overheid","foi_fairiscoreVersions":{"v1":2,"v2":2},"foi_files":[{"dc_format":"application/pdf","dc_identifier":"nl.gm1954.2c.2019.2829532-17.doc.1","dc_source":"https://api1.ibabs.eu/publicdownload.aspx?site=Beekdaelen&id=678e1eda-17a9-4aa7-a9fd-ff7e7e61fde6","dc_title":"Motie Ja-Ja sticker INGETROKKEN","dc_type":"bijlage","foi_fairiscoreVersions":{"v1":2,"v2":2},"foi_fileName":"Motie%20Ja-Ja%20sticker%20INGETROKKEN.pdf","foi_nrPages":2}],"foi_nrDocuments":1,"foi_nrPagesInDossier":2,"foi_publishedDate":"2019-11-26","foi_retrievedDate":"2026-03-04"},{"dc_creator":"HandelingScraper_v1","dc_date_year":2019,"dc_description":"Vergadering van de Gemeente Beekdaelen op 2019-11-26. Onderdeel: Motie CDA, VG, GL, D66 en VVD inzake Commissie Veiligheid Chemelot.","dc_identifier":"nl.gm1954.2c.2019.2829532-18","dc_publisher":"gm1954","dc_source":"https://beekdaelen.bestuurlijkeinformatie.nl/Agenda/Index/e4cf93c4-49c6-48f2-a147-0cf0942f84b7","dc_title":"Raadsvergadering 2019-11-26 - Motie CDA, VG, GL, D66 en VVD inzake Commissie Veiligheid Chemelot","dc_type":"2c","dc_type_description":"Vergaderstuk decentrale overheid","foi_fairiscoreVersions":{"v1":2,"v2":2},"foi_files":[{"dc_format":"application/pdf","dc_identifier":"nl.gm1954.2c.2019.2829532-18.doc.1","dc_source":"https://api1.ibabs.eu/publicdownload.aspx?site=Beekdaelen&id=798d417a-d93c-47b8-8247-b7c42e1f20b3","dc_title":"Motie oprichting adviescommissie veiligheid Chemelot AANGENOMEN","dc_type":"bijlage","foi_fairiscoreVersions":{"v1":2,"v2":2},"foi_fileName":"Motie%20oprichting%20adviescommissie%20veiligheid%20Chemelot%20AANGENOMEN.pdf","foi_nrPages":1}],"foi_nrDocuments":1,"foi_nrPagesInDossier":1,"foi_publishedDate":"2019-11-26","foi_retrievedDate":"2026-03-02"},{"dc_creator":"HandelingScraper_v1","dc_date_year":2019,"dc_description":"Vergadering van de Gemeente Beekdaelen op 2019-11-26. Onderdeel: Motie GL, PvdA, CDA, VG en D66 inzake behoud beschermde natuurgebieden.","dc_identifier":"nl.gm1954.2c.2019.2829532-19","dc_publisher":"gm1954","dc_source":"https://beekdaelen.bestuurlijkeinformatie.nl/Agenda/Index/e4cf93c4-49c6-48f2-a147-0cf0942f84b7","dc_title":"Raadsvergadering 2019-11-26 - Motie GL, PvdA, CDA, VG en D66 inzake behoud beschermde natuurgebieden","dc_type":"2c","dc_type_description":"Vergaderstuk decentrale overheid","foi_fairiscoreVersions":{"v1":2,"v2":2},"foi_files":[{"dc_format":"application/pdf","dc_identifier":"nl.gm1954.2c.2019.2829532-19.doc.1","dc_source":"https://api1.ibabs.eu/publicdownload.aspx?site=Beekdaelen&id=58712e6e-c60d-43cf-b7e0-a32c1062db67","dc_title":"Motie behoud beschermde natuurgebieden in Beekdaelen AANGENOMEN","dc_type":"bijlage","foi_fairiscoreVersions":{"v1":2,"v2":2},"foi_fileName":"Motie%20behoud%20beschermde%20natuurgebieden%20in%20Beekdaelen%20AANGENOMEN.pdf","foi_nrPages":1}],"foi_nrDocuments":1,"foi_nrPagesInDossier":1,"foi_publishedDate":"2019-11-26","foi_retrievedDate":"2026-02-12"},{"dc_creator":"HandelingScraper_v1","dc_date_year":2019,"dc_description":"Vergadering van de Gemeente Beekdaelen op 2019-11-26. Onderdeel: Vaststelling van de agenda.","dc_identifier":"nl.gm1954.2c.2019.2829532-2","dc_publisher":"gm1954","dc_source":"https://beekdaelen.bestuurlijkeinformatie.nl/Agenda/Index/e4cf93c4-49c6-48f2-a147-0cf0942f84b7","dc_title":"Raadsvergadering 2019-11-26 - Vaststelling van de agenda","dc_type":"2c","dc_type_description":"Vergaderstuk decentrale overheid","foi_fairiscoreVersions":{"v1":1,"v2":1},"foi_files":[{"dc_format":"application/pdf","dc_identifier":"nl.gm1954.2c.2019.2829532-2.doc.1","dc_source":"https://api1.ibabs.eu/publicdownload.aspx?site=Beekdaelen&id=a0fb6a7d-39bd-4b9e-88e4-8f2e0fcddf4e","dc_title":"Vastgestelde agenda raadsvergadering 26-11-2019","dc_type":"bijlage","foi_fairiscoreVersions":{"v1":1,"v2":1},"foi_fileName":"Vastgestelde%20agenda%20raadsvergadering%2026-11-2019.pdf","foi_nrPages":2}],"foi_nrDocuments":1,"foi_nrPagesInDossier":2,"foi_publishedDate":"2019-11-26","foi_retrievedDate":"2025-12-01"},{"dc_creator":"HandelingScraper_v1","dc_date_year":2019,"dc_description":"Vergadering van de Gemeente Beekdaelen op 2019-11-26. Onderdeel: Motie VG, CDA, GL en Pvda inzake tegenprestatie.","dc_identifier":"nl.gm1954.2c.2019.2829532-20","dc_publisher":"gm1954","dc_source":"https://beekdaelen.bestuurlijkeinformatie.nl/Agenda/Index/e4cf93c4-49c6-48f2-a147-0cf0942f84b7","dc_title":"Raadsvergadering 2019-11-26 - Motie VG, CDA, GL en Pvda inzake tegenprestatie","dc_type":"2c","dc_type_description":"Vergaderstuk decentrale overheid","foi_fairiscoreVersions":{"v1":null,"v2":null},"foi_files":[{"dc_format":"application/pdf","dc_identifier":"nl.gm1954.2c.2019.2829532-20.doc.1","dc_source":"https://api1.ibabs.eu/publicdownload.aspx?site=Beekdaelen&id=ae22d82b-3549-4da5-9c4b-849af9dc59a4","dc_title":"Motie verplichte tegenprestatie bijstand AANGENOMEN","dc_type":"bijlage","foi_fileName":"Motie%20verplichte%20tegenprestatie%20bijstand%20AANGENOMEN.pdf"}],"foi_nrDocuments":1,"foi_nrPagesInDossier":0,"foi_publishedDate":"2019-11-26","foi_retrievedDate":"2025-12-01"},{"dc_creator":"HandelingScraper_v1","dc_date_year":2019,"dc_description":"Vergadering van de Gemeente Beekdaelen op 2019-11-26. Onderdeel: Vaststellen besluitenlijst openbare raadsvergadering d.d. 8 oktober 2019 en 5 november 2019.","dc_identifier":"nl.gm1954.2c.2019.2829532-3","dc_publisher":"gm1954","dc_source":"https://beekdaelen.bestuurlijkeinformatie.nl/Agenda/Index/e4cf93c4-49c6-48f2-a147-0cf0942f84b7","dc_title":"Raadsvergadering 2019-11-26 - Vaststellen besluitenlijst openbare raadsvergadering d.d. 8 oktober 2019 en 5 november 2019","dc_type":"2c","dc_type_description":"Vergaderstuk decentrale overheid","foi_fairiscoreVersions":{"v1":1,"v2":1},"foi_files":[{"dc_format":"application/octet-stream","dc_identifier":"nl.gm1954.2c.2019.2829532-3.doc.1","dc_source":"https://api1.ibabs.eu/publicdownload.aspx?site=Beekdaelen&id=05c4745e-d664-4b3c-8cdb-a99f9ddf3863","dc_title":"03 Raad 26 nov 2019 ap 3 Besluitenlijst 8-10 en 5-11 en ap 4 Benoemingen","dc_type":"bijlage","foi_fileName":"03%20Raad%2026%20nov%202019%20ap%203%20Besluitenlijst%208-10%20en%205-11%20en%20ap%204%20Benoemingen.MP3"},{"dc_format":"application/pdf","dc_identifier":"nl.gm1954.2c.2019.2829532-3.doc.3","dc_source":"https://api1.ibabs.eu/publicdownload.aspx?site=Beekdaelen&id=61e29351-03fe-4f36-8a10-9233861f5b96","dc_title":"Besluitenlijst raadsvergadering 5 november 2019 vastgesteld raad 26112019","dc_type":"bijlage","foi_fairiscoreVersions":{"v1":1,"v2":1},"foi_fileName":"Besluitenlijst%20raadsvergadering%205%20november%202019%20vastgesteld%2026112019.pdf","foi_nrPages":6},{"dc_format":"application/pdf","dc_identifier":"nl.gm1954.2c.2019.2829532-3.doc.2","dc_source":"https://api1.ibabs.eu/publicdownload.aspx?site=Beekdaelen&id=2c118daf-e748-411a-aa33-dddc59ef9ec7","dc_title":"Besluitenlijst raadsvergadering 8 oktober 2019 vastgesteld raad 26112019","dc_type":"bijlage","foi_fairiscoreVersions":{"v1":1,"v2":1},"foi_fileName":"Besluitenlijst%20raadsvergadering%208%20oktober%202019%20vastgesteld%2026112019.pdf","foi_nrPages":11},{"dc_format":"application/pdf","dc_identifier":"nl.gm1954.2c.2019.2829532-3.doc.4","dc_source":"https://api1.ibabs.eu/publicdownload.aspx?site=Beekdaelen&id=e1228c29-6292-46dc-99a8-7af7350eaf16","dc_title":"Overzicht van ingediende moties en amendementen Begroting 2020 versie bijgewerkt 07112019","dc_type":"bijlage","foi_fairiscoreVersions":{"v1":1,"v2":1},"foi_fileName":"Overzicht%20van%20ingediende%20moties%20en%20amendementen%20Begroting%202020%20versie%20bijgewerkt%2007112019.pdf","foi_nrPages":3}],"foi_nrDocuments":4,"foi_nrPagesInDossier":20,"foi_publishedDate":"2019-11-26","foi_retrievedDate":"2026-03-04"},{"dc_creator":"HandelingScraper_v1","dc_date_year":2019,"dc_description":"Vergadering van de Gemeente Beekdaelen op 2019-11-26. Onderdeel: Raadsvoorstel inzake benoeming nieuwe commissieleden.","dc_identifier":"nl.gm1954.2c.2019.2829532-4","dc_publisher":"gm1954","dc_source":"https://beekdaelen.bestuurlijkeinformatie.nl/Agenda/Index/e4cf93c4-49c6-48f2-a147-0cf0942f84b7","dc_title":"Raadsvergadering 2019-11-26 - Raadsvoorstel inzake benoeming nieuwe commissieleden","dc_type":"2c","dc_type_description":"Vergaderstuk decentrale overheid","foi_fairiscoreVersions":{"v1":1,"v2":1},"foi_files":[{"dc_format":"application/pdf","dc_identifier":"nl.gm1954.2c.2019.2829532-4.doc.2","dc_source":"https://api1.ibabs.eu/publicdownload.aspx?site=Beekdaelen&id=5b8c54ab-8de0-4468-97c9-fea2c10f88a4","dc_title":"RB benoeming raadscommissieleden namens fracties VVD en GroenLinks vastgesteld raad 26112019","dc_type":"bijlage","foi_fairiscoreVersions":{"v1":1,"v2":1},"foi_fileName":"RB%20benoeming%20raadscommissieleden%20namens%20fracties%20VVD%20en%20GroenLinks.pdf","foi_nrPages":1},{"dc_format":"application/pdf","dc_identifier":"nl.gm1954.2c.2019.2829532-4.doc.1","dc_source":"https://api1.ibabs.eu/publicdownload.aspx?site=Beekdaelen&id=006c9017-5964-43fc-88b7-c5097a321841","dc_title":"RV benoeming raadscommissieleden namens fracties VVD en GroenLinks","dc_type":"bijlage","foi_fairiscoreVersions":{"v1":1,"v2":1},"foi_fileName":"RV%20benoeming%20raadscommissieleden%20namens%20fracties%20VVd%20en%20GroenLinks.pdf","foi_nrPages":1}],"foi_nrDocuments":2,"foi_nrPagesInDossier":2,"foi_publishedDate":"2019-11-26","foi_retrievedDate":"2026-03-03"},{"dc_creator":"HandelingScraper_v1","dc_date_year":2019,"dc_description":"Vergadering van de Gemeente Beekdaelen op 2019-11-26. Onderdeel: Raadsvoorstellen hamerstukken.","dc_identifier":"nl.gm1954.2c.2019.2829532-5","dc_publisher":"gm1954","dc_source":"https://beekdaelen.bestuurlijkeinformatie.nl/Agenda/Index/e4cf93c4-49c6-48f2-a147-0cf0942f84b7","dc_title":"Raadsvergadering 2019-11-26 - Raadsvoorstellen hamerstukken","dc_type":"2c","dc_type_description":"Vergaderstuk decentrale overheid","foi_fairiscoreVersions":{"v1":null,"v2":null},"foi_files":[{"dc_format":"application/octet-stream","dc_identifier":"nl.gm1954.2c.2019.2829532-5.doc.1","dc_source":"https://api1.ibabs.eu/publicdownload.aspx?site=Beekdaelen&id=56a3a049-8168-4082-8313-802bc0de4cce","dc_title":"04 Raad 26 nov 2019 ap 5.1 Nota gezondheidsbeleid en ap 5.2 1e begr wijz 2020 GGD","dc_type":"bijlage","foi_fileName":"04%20Raad%2026%20nov%202019%20ap%205.1%20Nota%20gezondheidsbeleid%20en%20ap%205.2%201e%20begr%20wijz%202020%20GGD.MP3"}],"foi_nrDocuments":1,"foi_nrPagesInDossier":0,"foi_publishedDate":"2019-11-26","foi_retrievedDate":"2025-12-01"},{"dc_creator":"HandelingScraper_v1","dc_date_year":2019,"dc_description":"Vergadering van de Gemeente Beekdaelen op 2019-11-26. Onderdeel: Voorstel inzake vaststellen Nota Gezondheidsbeleid Zuid-Limburg 2020 - 2023.","dc_identifier":"nl.gm1954.2c.2019.2829532-6","dc_publisher":"gm1954","dc_source":"https://beekdaelen.bestuurlijkeinformatie.nl/Agenda/Index/e4cf93c4-49c6-48f2-a147-0cf0942f84b7","dc_title":"Raadsvergadering 2019-11-26 - Voorstel inzake vaststellen Nota Gezondheidsbeleid Zuid-Limburg 2020 - 2023","dc_type":"2c","dc_type_description":"Vergaderstuk decentrale overheid","foi_fairiscoreVersions":{"v1":2,"v2":2},"foi_files":[{"dc_format":"application/pdf","dc_identifier":"nl.gm1954.2c.2019.2829532-6.doc.2","dc_source":"https://api1.ibabs.eu/publicdownload.aspx?site=Beekdaelen&id=976933f4-1b04-4243-a8a8-fc6cf1de8b90","dc_title":"Raadsbesluit nota gezondheidsbeleid ZL vastgesteld raad 26112019","dc_type":"bijlage","foi_fairiscoreVersions":{"v1":1,"v2":1},"foi_fileName":"RB%20nota%20gezondheidsbeleid%20ZL%20vastgesteld%2026112019.pdf","foi_nrPages":1},{"dc_format":"application/pdf","dc_identifier":"nl.gm1954.2c.2019.2829532-6.doc.3","dc_source":"https://api1.ibabs.eu/publicdownload.aspx?site=Beekdaelen&id=27c56b17-d9da-44fd-bb2b-2999667f38f7","dc_title":"Regionale gezondheidsnota 2020-2023","dc_type":"bijlage","foi_fairiscoreVersions":{"v1":2,"v2":2},"foi_fileName":"Regionale%20gezondheidsnota%202020-2023%20interactief%20-%20versie%2011102019.pdf","foi_nrPages":58},{"dc_format":"application/pdf","dc_identifier":"nl.gm1954.2c.2019.2829532-6.doc.1","dc_source":"https://api1.ibabs.eu/publicdownload.aspx?site=Beekdaelen&id=e8171714-a3f7-46a0-a86a-55fa5d50afcc","dc_title":"Raadsvoorstel Nota gezondheidsbeleid ZL versie 11102019","dc_type":"bijlage","foi_fairiscoreVersions":{"v1":2,"v2":1},"foi_fileName":"RV%20Nota%20gezondheidsbeleid%20ZL%20versie%2011102019.pdf","foi_nrPages":7}],"foi_nrDocuments":3,"foi_nrPagesInDossier":66,"foi_publishedDate":"2019-11-26","foi_retrievedDate":"2026-01-23"},{"dc_creator":"HandelingScraper_v1","dc_date_year":2019,"dc_description":"Vergadering van de Gemeente Beekdaelen op 2019-11-26. Onderdeel: Voorstel inzake 1e begrotingswijziging 2020 GGD Zuid-Limburg en instellen tijdelijke BV.","dc_identifier":"nl.gm1954.2c.2019.2829532-7","dc_publisher":"gm1954","dc_source":"https://beekdaelen.bestuurlijkeinformatie.nl/Agenda/Index/e4cf93c4-49c6-48f2-a147-0cf0942f84b7","dc_title":"Raadsvergadering 2019-11-26 - Voorstel inzake 1e begrotingswijziging 2020 GGD Zuid-Limburg en instellen tijdelijke BV","dc_type":"2c","dc_type_description":"Vergaderstuk decentrale overheid","foi_fairiscoreVersions":{"v1":2,"v2":1},"foi_files":[{"dc_format":"application/pdf","dc_identifier":"nl.gm1954.2c.2019.2829532-7.doc.3","dc_source":"https://api1.ibabs.eu/publicdownload.aspx?site=Beekdaelen&id=7d2ffb0c-f70f-434c-8b0d-b9bb7f62b0c8","dc_title":"Bijlage 1 Aanbiedingsbrief Begrotingswijziging 2020 een JGZ","dc_type":"bijlage","foi_fairiscoreVersions":{"v1":1,"v2":1},"foi_fileName":"Bijlage%201%20Aanbiedingsbrief%20Begrotingswijziging%202020%20een%20JGZ%20versie%2011102019.pdf","foi_nrPages":3},{"dc_format":"application/pdf","dc_identifier":"nl.gm1954.2c.2019.2829532-7.doc.4","dc_source":"https://api1.ibabs.eu/publicdownload.aspx?site=Beekdaelen&id=3bc5a8f7-07f1-4961-94ab-5aa9636dd6d4","dc_title":"Bijlage 2 Begrotingswijziging 2020 een JGZ","dc_type":"bijlage","foi_fairiscoreVersions":{"v1":2,"v2":1},"foi_fileName":"Bijlage%202%20Begrotingswijziging%202020%20een%20JGZ%20versie%2011102019.pdf","foi_nrPages":24},{"dc_format":"application/pdf","dc_identifier":"nl.gm1954.2c.2019.2829532-7.doc.5","dc_source":"https://api1.ibabs.eu/publicdownload.aspx?site=Beekdaelen&id=cbb094e9-8a9c-4618-819e-c80b5e56ba7c","dc_title":"Bijlage 3 RIB Gemeente Maastricht voorbereidingen om te komen tot een organisatie voor jeugdgezondheidszorg","dc_type":"bijlage","foi_fairiscoreVersions":{"v1":1,"v2":1},"foi_fileName":"Bijlage%203%20RIB%20Gemeente%20Maastricht%20voorbereidingen%20om%20te%20komen%20tot%20een%20organisatie%20voor%20jeugdgezondheidszorg.pdf","foi_nrPages":8},{"dc_format":"application/pdf","dc_identifier":"nl.gm1954.2c.2019.2829532-7.doc.2","dc_source":"https://api1.ibabs.eu/publicdownload.aspx?site=Beekdaelen&id=d2df89ea-825e-478c-a716-f07f84c0d7b3","dc_title":"Raadsbesluit Begrotingswijziging 2020 GGD ZL en instellen tijdelijke BV voor zienswijze vastgesteld raad 26112019","dc_type":"bijlage","foi_fairiscoreVersions":{"v1":1,"v2":1},"foi_fileName":"RB%20Begrotingswijziging%202020%20GGD%20ZL%20en%20instellen%20tijdelijke%20BV%20voor%20zienswijze%20versie%2014102019.pdf","foi_nrPages":1},{"dc_format":"application/pdf","dc_identifier":"nl.gm1954.2c.2019.2829532-7.doc.1","dc_source":"https://api1.ibabs.eu/publicdownload.aspx?site=Beekdaelen&id=afbd49de-8dff-4d76-9a27-fc0a868826ae","dc_title":"Raadsvoorstel Begrotingswijziging 2020 GGD ZL en instellen tijdelijke BV voor zienswijze","dc_type":"bijlage","foi_fairiscoreVersions":{"v1":1,"v2":1},"foi_fileName":"RV%20Begrotingswijziging%202020%20GGD%20ZL%20en%20instellen%20tijdelijke%20BV%20voor%20zienswijze%20versie%2011102019.pdf","foi_nrPages":5}],"foi_nrDocuments":5,"foi_nrPagesInDossier":41,"foi_publishedDate":"2019-11-26","foi_retrievedDate":"2026-03-06"},{"dc_creator":"HandelingScraper_v1","dc_date_year":2019,"dc_description":"Vergadering van de Gemeente Beekdaelen op 2019-11-26. Onderdeel: Voorstel inzake kredietvotering aankoop gebouw voormalige voetbalclub RKVV Doenrade.","dc_identifier":"nl.gm1954.2c.2019.2829532-8","dc_publisher":"gm1954","dc_source":"https://beekdaelen.bestuurlijkeinformatie.nl/Agenda/Index/e4cf93c4-49c6-48f2-a147-0cf0942f84b7","dc_title":"Raadsvergadering 2019-11-26 - Voorstel inzake kredietvotering aankoop gebouw voormalige voetbalclub RKVV Doenrade","dc_type":"2c","dc_type_description":"Vergaderstuk decentrale overheid","foi_fairiscoreVersions":{"v1":3,"v2":3},"foi_files":[{"dc_format":"application/octet-stream","dc_identifier":"nl.gm1954.2c.2019.2829532-8.doc.1","dc_source":"https://api1.ibabs.eu/publicdownload.aspx?site=Beekdaelen&id=8d3881c4-9e4b-4b3c-813a-eef2920af6bb","dc_title":"05 Raad 26 nov 2019 ap 6.1 Aankoop gebouw vml voetbalclub RKVV Doenrade","dc_type":"bijlage","foi_fileName":"05%20Raad%2026%20nov%202019%20ap%206.1%20Aankoop%20gebouw%20vml%20voetbalclub%20RKVV%20Doenrade.MP3"},{"dc_format":"application/pdf","dc_identifier":"nl.gm1954.2c.2019.2829532-8.doc.4","dc_source":"https://api1.ibabs.eu/publicdownload.aspx?site=Beekdaelen&id=454c55de-9d0f-420c-8589-00ed58b81e2d","dc_title":"Begrotingswijziging 13  aankoop gebouw vv Doenrade raadsvergadering 26 november 2019","dc_type":"bijlage","foi_fairiscoreVersions":{"v1":1,"v2":1},"foi_fileName":"Begrotingswijziging%2013%20%20aankoop%20gebouw%20vv%20Doenrade%20raadsvergadering%2026%20november%202019.pdf","foi_nrPages":1},{"dc_format":"application/pdf","dc_identifier":"nl.gm1954.2c.2019.2829532-8.doc.5","dc_source":"https://api1.ibabs.eu/publicdownload.aspx?site=Beekdaelen&id=bb29bcc7-fba5-4b8a-a866-b1c2dd7b18ac","dc_title":"Consolidatie scenarios woander forest versie 26092019 aangepaste indeling","dc_type":"bijlage","foi_fairiscoreVersions":{"v1":1,"v2":1},"foi_fileName":"Consolidatie%20scenarios%20woander%20forest%20versie%2026092019%20aangepaste%20indeling.pdf","foi_nrPages":2},{"dc_format":"application/pdf","dc_identifier":"nl.gm1954.2c.2019.2829532-8.doc.3","dc_source":"https://api1.ibabs.eu/publicdownload.aspx?site=Beekdaelen&id=39780903-4303-4333-8e08-958148761f46","dc_title":"Raadsbesluit Kredietvotering aankoop gebouw voormailg RKVV Doenrade vastgesteld raad 26112019","dc_type":"bijlage","foi_fairiscoreVersions":{"v1":1,"v2":1},"foi_fileName":"RB%20Kredietvotering%20aankoop%20gebouw%20voormailg%20RKVV%20Doenrade%20vastgesteld%2026112019.pdf","foi_nrPages":1},{"dc_format":"application/pdf","dc_identifier":"nl.gm1954.2c.2019.2829532-8.doc.6","dc_source":"https://api1.ibabs.eu/publicdownload.aspx?site=Beekdaelen&id=66b78d50-1ad0-4107-a209-b86dc199234d","dc_title":"Recht van opstal vv Doenrade","dc_type":"bijlage","foi_fairiscoreVersions":{"v1":5,"v2":5},"foi_fileName":"Recht%20van%20opstal%20vv%20Doenrade.pdf","foi_nrPages":6},{"dc_format":"application/pdf","dc_identifier":"nl.gm1954.2c.2019.2829532-8.doc.2","dc_source":"https://api1.ibabs.eu/publicdownload.aspx?site=Beekdaelen&id=0bac6025-0e9c-4678-b9ca-86ff06f352e0","dc_title":"Raadsvoorstel Kredietvotering aankoop gebouw voormalig RKVV Doenrade","dc_type":"bijlage","foi_fairiscoreVersions":{"v1":1,"v2":1},"foi_fileName":"RV%20Kredietvotering%20aankoop%20gebouw%20voormalig%20RKVV%20Doenrade%20versie%2011102019.pdf","foi_nrPages":4},{"dc_format":"application/pdf","dc_identifier":"nl.gm1954.2c.2019.2829532-8.doc.7","dc_source":"https://api1.ibabs.eu/publicdownload.aspx?site=Beekdaelen&id=dc244a95-4203-48e8-8d9d-4fba27210289","dc_title":"Taxatie Valderensweg 2c_gemeente Schinnen","dc_type":"bijlage","foi_fairiscoreVersions":{"v1":5,"v2":5},"foi_fileName":"Taxatie%20Valderensweg%202c_gemeente%20Schinnen.pdf","foi_nrPages":24},{"dc_format":"application/pdf","dc_identifier":"nl.gm1954.2c.2019.2829532-8.doc.8","dc_source":"https://api1.ibabs.eu/publicdownload.aspx?site=Beekdaelen&id=d442af57-ca63-4fb5-acc4-56c5895659ae","dc_title":"Taxatie Valderensweg 2c_voetbalvereniging Doenrade","dc_type":"bijlage","foi_fairiscoreVersions":{"v1":5,"v2":5},"foi_fileName":"Taxatie%20Valderensweg%202c_voetbalvereniging%20Doenrade.pdf","foi_nrPages":13}],"foi_nrDocuments":8,"foi_nrPagesInDossier":51,"foi_publishedDate":"2019-11-26","foi_retrievedDate":"2026-03-05"},{"dc_creator":"HandelingScraper_v1","dc_date_year":2019,"dc_description":"Vergadering van de Gemeente Beekdaelen op 2019-11-26. Onderdeel: Voorstel inzake vaststellen beleidsregel bijzondere begraafplaatsen.","dc_identifier":"nl.gm1954.2c.2019.2829532-9","dc_publisher":"gm1954","dc_source":"https://beekdaelen.bestuurlijkeinformatie.nl/Agenda/Index/e4cf93c4-49c6-48f2-a147-0cf0942f84b7","dc_title":"Raadsvergadering 2019-11-26 - Voorstel inzake vaststellen beleidsregel bijzondere begraafplaatsen","dc_type":"2c","dc_type_description":"Vergaderstuk decentrale overheid","foi_fairiscoreVersions":{"v1":1,"v2":1},"foi_files":[{"dc_format":"application/octet-stream","dc_identifier":"nl.gm1954.2c.2019.2829532-9.doc.1","dc_source":"https://api1.ibabs.eu/publicdownload.aspx?site=Beekdaelen&id=dd4fe186-7cc8-4b6c-aa0d-582e863df895","dc_title":"06 Raad 26 nov 2019 ap 6.2 Beleidsregel bijzondere begraafplaatsen","dc_type":"bijlage","foi_fileName":"06%20Raad%2026%20nov%202019%20ap%206.2%20Beleidsregel%20bijzondere%20begraafplaatsen.MP3"},{"dc_format":"application/pdf","dc_identifier":"nl.gm1954.2c.2019.2829532-9.doc.4","dc_source":"https://api1.ibabs.eu/publicdownload.aspx?site=Beekdaelen&id=6a4f774f-e22e-4bdb-8e45-9b2a89831ea2","dc_title":"Bijlage 1 Beleidsregels Bijzondere begraafplaats vastgesteld raad 26112019","dc_type":"bijlage","foi_fairiscoreVersions":{"v1":1,"v2":1},"foi_fileName":"Bijlage%20bij%20RV%20%20bijzondere%20begraafplaats%20beleidsregels.pdf","foi_nrPages":4},{"dc_format":"application/pdf","dc_identifier":"nl.gm1954.2c.2019.2829532-9.doc.3","dc_source":"https://api1.ibabs.eu/publicdownload.aspx?site=Beekdaelen&id=fb7c28a4-842b-42ce-8e4b-6c9cba4670ca","dc_title":"Raadsbesluit bijzondere begraafplaats beleidsregels vastgesteld raad 26112019","dc_type":"bijlage","foi_fairiscoreVersions":{"v1":1,"v2":1},"foi_fileName":"RB%20bijzondere%20begraafplaats%20beleidsregels%20vastgesteld%2026112019.pdf","foi_nrPages":1},{"dc_format":"application/pdf","dc_identifier":"nl.gm1954.2c.2019.2829532-9.doc.2","dc_source":"https://api1.ibabs.eu/publicdownload.aspx?site=Beekdaelen&id=a7301bde-5d87-431d-9e87-a902e72aaa44","dc_title":"Raadsvoorstel inzake beleidsregels bijzondere begraafplaats","dc_type":"bijlage","foi_fairiscoreVersions":{"v1":1,"v2":1},"foi_fileName":"RV%20inzake%20beleidsregels%20bijzondere%20begraafplaats%20-%20incl.%20pag.nr..pdf","foi_nrPages":2}],"foi_nrDocuments":4,"foi_nrPagesInDossier":7,"foi_publishedDate":"2019-11-26","foi_retrievedDate":"2026-03-04"},{"dc_creator":"HandelingScraper_v1","dc_date_year":2019,"dc_description":"Vergadering van de Gemeente Beekdaelen op 2019-12-03. Onderdeel: Algemeen.","dc_identifier":"nl.gm1954.2c.2019.2829649-1","dc_publisher":"gm1954","dc_source":"https://beekdaelen.bestuurlijkeinformatie.nl/Agenda/Index/c44f692c-afaf-4fd3-98b5-6b122846d6b2","dc_title":"Raadscommissie (2019 t/m januari 2020) 2019-12-03 - Algemeen","dc_type":"2c","dc_type_description":"Vergaderstuk decentrale overheid","foi_fairiscoreVersions":{"v1":1,"v2":1},"foi_files":[{"dc_format":"application/pdf","dc_identifier":"nl.gm1954.2c.2019.2829649-1.doc.2","dc_source":"https://api1.ibabs.eu/publicdownload.aspx?site=Beekdaelen&id=c4ae0808-5a5c-4009-8f2d-f0c4fda610a9","dc_title":"Technische vragen Beekdaelen Lokaal cie. 3.12.2019 vervolg","dc_type":"bijlage","foi_fairiscoreVersions":{"v1":1,"v2":1},"foi_fileName":"Technische%20vragen%20Beekdaelen%20Lokaal%20cie.%203.12.2019%20vervolg.pdf","foi_nrPages":2},{"dc_format":"application/pdf","dc_identifier":"nl.gm1954.2c.2019.2829649-1.doc.1","dc_source":"https://api1.ibabs.eu/publicdownload.aspx?site=Beekdaelen&id=49f900c2-2c44-4a26-a0f1-9e683137d928","dc_title":"Technische vragen Beekdaelen Lokaal cie 3.12.2019 inzake WSP","dc_type":"bijlage","foi_fairiscoreVersions":{"v1":1,"v2":1},"foi_fileName":"Technische%20vragen%20Beekdaelen%20Lokaal%20cie%203.12.2019%20inzake%20WSP.pdf","foi_nrPages":1},{"dc_format":"application/pdf","dc_identifier":"nl.gm1954.2c.2019.2829649-1.doc.3","dc_source":"https://api1.ibabs.eu/publicdownload.aspx?site=Beekdaelen&id=97da11e8-e1f3-42b2-b192-34476680dce7","dc_title":"Technische vragen CDA cie. 03.12.2019","dc_type":"bijlage","foi_fairiscoreVersions":{"v1":1,"v2":1},"foi_fileName":"Technische%20vragen%20CDA%20cie.%2003.12.2019.pdf","foi_nrPages":7},{"dc_format":"application/pdf","dc_identifier":"nl.gm1954.2c.2019.2829649-1.doc.4","dc_source":"https://api1.ibabs.eu/publicdownload.aspx?site=Beekdaelen&id=39287950-b5b5-4a94-b22c-d9baf1a620ff","dc_title":"Technische vragen GL commissie 03 dec 2019","dc_type":"bijlage","foi_fairiscoreVersions":{"v1":1,"v2":1},"foi_fileName":"Technische%20vragen%20GL%20commissie%2003%20dec%202019.pdf","foi_nrPages":4},{"dc_format":"application/pdf","dc_identifier":"nl.gm1954.2c.2019.2829649-1.doc.5","dc_source":"https://api1.ibabs.eu/publicdownload.aspx?site=Beekdaelen&id=b323ddab-287f-425a-852a-ef6d96b33320","dc_title":"Technische vragen Vernieuwingsgroep cie 03.12.2019","dc_type":"bijlage","foi_fairiscoreVersions":{"v1":1,"v2":1},"foi_fileName":"Technische%20vragen%20Vernieuwingsgroep%20cie%2003.12.2019.pdf","foi_nrPages":3}],"foi_nrDocuments":5,"foi_nrPagesInDossier":17,"foi_publishedDate":"2019-12-03","foi_retrievedDate":"2026-03-03"},{"dc_creator":"HandelingScraper_v1","dc_date_year":2019,"dc_description":"Vergadering van de Gemeente Beekdaelen op 2019-12-03. Onderdeel: Raadsvoorstel inzake kennisnemen 2e bestuursrapportage ISD BOL en geen zienswijze indienen.","dc_identifier":"nl.gm1954.2c.2019.2829649-10","dc_publisher":"gm1954","dc_source":"https://beekdaelen.bestuurlijkeinformatie.nl/Agenda/Index/c44f692c-afaf-4fd3-98b5-6b122846d6b2","dc_title":"Raadscommissie (2019 t/m januari 2020) 2019-12-03 - Raadsvoorstel inzake kennisnemen 2e bestuursrapportage ISD BOL en geen zienswijze indienen","dc_type":"2c","dc_type_description":"Vergaderstuk decentrale overheid","foi_fairiscoreVersions":{"v1":2,"v2":1},"foi_files":[{"dc_format":"application/octet-stream","dc_identifier":"nl.gm1954.2c.2019.2829649-10.doc.1","dc_source":"https://api1.ibabs.eu/publicdownload.aspx?site=Beekdaelen&id=c27d0242-4842-481c-8004-7ce8e2e8b3bd","dc_title":"08 Raadscie 3 dec 2019 B4 ISD BOL 2e burap","dc_type":"bijlage","foi_fileName":"08%20Raadscie%203%20dec%202019%20B4%20ISD%20BOL%202e%20burap.MP3"},{"dc_format":"application/pdf","dc_identifier":"nl.gm1954.2c.2019.2829649-10.doc.4","dc_source":"https://api1.ibabs.eu/publicdownload.aspx?site=Beekdaelen&id=50e3a279-ca76-480e-bd7b-469ab4913aea","dc_title":"2e berap ISD BOL 2019 versie 2.7 definitief","dc_type":"bijlage","foi_fairiscoreVersions":{"v1":2,"v2":1},"foi_fileName":"2e%20berap%20ISD%20BOL%202019%20versie%202.7%20definitief.pdf","foi_nrPages":80},{"dc_format":"application/pdf","dc_identifier":"nl.gm1954.2c.2019.2829649-10.doc.5","dc_source":"https://api1.ibabs.eu/publicdownload.aspx?site=Beekdaelen&id=e772b3dd-baf1-40f9-9064-5fbe8f56e06f","dc_title":"Concept uitgaande brief aan ISD BOL inzake raadsbesluit zienswijze 2e Burap","dc_type":"bijlage","foi_fairiscoreVersions":{"v1":2,"v2":1},"foi_fileName":"Concept%20brief%20aan%20ISD%20BOL.pdf","foi_nrPages":2},{"dc_format":"application/pdf","dc_identifier":"nl.gm1954.2c.2019.2829649-10.doc.3","dc_source":"https://api1.ibabs.eu/publicdownload.aspx?site=Beekdaelen&id=f0f9a86b-c673-4d09-bdef-e72a7a8b971d","dc_title":"Concept Raadsbesluit 2e burap ISD BOL","dc_type":"bijlage","foi_fairiscoreVersions":{"v1":1,"v2":1},"foi_fileName":"Concept%20Raadsbesluit%202e%20burap%20ISD%20BOL.pdf","foi_nrPages":1},{"dc_format":"application/pdf","dc_identifier":"nl.gm1954.2c.2019.2829649-10.doc.2","dc_source":"https://api1.ibabs.eu/publicdownload.aspx?site=Beekdaelen&id=4d4ece3f-2956-4d92-935e-124294389c51","dc_title":"Raadsvoorstel 2e burap ISD BOL","dc_type":"bijlage","foi_fairiscoreVersions":{"v1":1,"v2":1},"foi_fileName":"Raadsvoorstel%202e%20burap%20ISD%20BOL.pdf","foi_nrPages":3}],"foi_nrDocuments":5,"foi_nrPagesInDossier":86,"foi_publishedDate":"2019-12-03","foi_retrievedDate":"2026-03-04"},{"dc_creator":"HandelingScraper_v1","dc_date_year":2019,"dc_description":"Vergadering van de Gemeente Beekdaelen op 2019-12-03. Onderdeel: Raadsvoorstel inzake vaststellen van de Verordening WMO gemeente Beekdaelen 2020.","dc_identifier":"nl.gm1954.2c.2019.2829649-11","dc_publisher":"gm1954","dc_source":"https://beekdaelen.bestuurlijkeinformatie.nl/Agenda/Index/c44f692c-afaf-4fd3-98b5-6b122846d6b2","dc_title":"Raadscommissie (2019 t/m januari 2020) 2019-12-03 - Raadsvoorstel inzake vaststellen van de Verordening WMO gemeente Beekdaelen 2020","dc_type":"2c","dc_type_description":"Vergaderstuk decentrale overheid","foi_fairiscoreVersions":{"v1":null,"v2":null},"foi_files":[{"dc_format":"application/octet-stream","dc_identifier":"nl.gm1954.2c.2019.2829649-11.doc.1","dc_source":"https://api1.ibabs.eu/publicdownload.aspx?site=Beekdaelen&id=4214bba6-3118-41f7-abd1-4efeab9a678f","dc_title":"09 Raadscie 3 dec 2019 B5 Verordening WMO 2020","dc_type":"bijlage","foi_fileName":"09%20Raadscie%203%20dec%202019%20B5%20Verordening%20WMO%202020.MP3"},{"dc_format":"application/pdf","dc_identifier":"nl.gm1954.2c.2019.2829649-11.doc.5","dc_source":"https://api1.ibabs.eu/publicdownload.aspx?site=Beekdaelen&id=e7143d0c-2eea-4266-a65e-be077d796bf2","dc_title":"Overzicht wijzigingen verordening","dc_type":"bijlage","foi_fileName":"209976_1.DOCX%20-%20Overzicht%20wijzigingen%20verordening.pdf"},{"dc_format":"application/pdf","dc_identifier":"nl.gm1954.2c.2019.2829649-11.doc.7","dc_source":"https://api1.ibabs.eu/publicdownload.aspx?site=Beekdaelen&id=a5c4d0f1-093c-40f7-91bf-1d5953c1f896","dc_title":"Beantwoording vragen GroenLinks cie 3.12.2019 inzake B5 WMO","dc_type":"bijlage","foi_fileName":"Beantwoording%20vragen%20GroenLinks%20cie%203.12.2019%20inzake%20B5%20WMO.pdf"},{"dc_format":"application/pdf","dc_identifier":"nl.gm1954.2c.2019.2829649-11.doc.3","dc_source":"https://api1.ibabs.eu/publicdownload.aspx?site=Beekdaelen&id=ba40c3c7-7dd0-47ff-9b9a-8a335bf4353d","dc_title":"Concept Raadsbesluit  Verordening maatschappelijke ondersteuning gemeente Beekdaelen 2020","dc_type":"bijlage","foi_fileName":"Concept%20Raadsbesluit%20%20Verordening%20maatschappelijke%20ondersteuning%20gemeente%20Beekdaelen%202020.pdf"},{"dc_format":"application/pdf","dc_identifier":"nl.gm1954.2c.2019.2829649-11.doc.8","dc_source":"https://api1.ibabs.eu/publicdownload.aspx?site=Beekdaelen&id=be8e7fb1-78e7-4995-88b0-07baba09589c","dc_title":"Beantwoording technische vragen VG commissie 3 december 2019 aanpassing Verordening WMO","dc_type":"bijlage","foi_fileName":"Format%20technische%20vragen%20commissie%203%20december%202019%20aanpassing%20Verordening%20WMO.pdf"},{"dc_format":"application/pdf","dc_identifier":"nl.gm1954.2c.2019.2829649-11.doc.6","dc_source":"https://api1.ibabs.eu/publicdownload.aspx?site=Beekdaelen&id=43aca57b-f7b4-4d30-86cd-eff007f897d7","dc_title":"Memorie van Antwoord vragen Beekdaelen Lokaal commissie 3 december 2019 Verordening WMO","dc_type":"bijlage","foi_fileName":"Memorie%20van%20Antwoord%20vragen%20Beekdaelen%20Lokaal%20commissie%203%20december%202019%20Verordening%20WMO.pdf"},{"dc_format":"application/pdf","dc_identifier":"nl.gm1954.2c.2019.2829649-11.doc.2","dc_source":"https://api1.ibabs.eu/publicdownload.aspx?site=Beekdaelen&id=3757181b-e3d4-4090-acbe-506f2c71349d","dc_title":"Raadsvoorstel Verordening maatschappelijke ondersteuning gemeente Beekdaelen 2020","dc_type":"bijlage","foi_fileName":"Raadsvoorstel%20Verordening%20wmo.pdf"},{"dc_format":"application/pdf","dc_identifier":"nl.gm1954.2c.2019.2829649-11.doc.4","dc_source":"https://api1.ibabs.eu/publicdownload.aspx?site=Beekdaelen&id=ca7ac671-9581-452d-92ec-6e8a604c2253","dc_title":"Verordening Wmo","dc_type":"bijlage","foi_fileName":"Verordening%20Wmo.pdf"}],"foi_nrDocuments":8,"foi_nrPagesInDossier":0,"foi_publishedDate":"2019-12-03","foi_retrievedDate":"2025-12-01"},{"dc_creator":"HandelingScraper_v1","dc_date_year":2019,"dc_description":"Vergadering van de Gemeente Beekdaelen op 2019-12-03. Onderdeel: Raadsvoorstel inzake vaststellen van het Beleidsplan Schuldhulpverlening 2020 - 2023.","dc_identifier":"nl.gm1954.2c.2019.2829649-12","dc_publisher":"gm1954","dc_source":"https://beekdaelen.bestuurlijkeinformatie.nl/Agenda/Index/c44f692c-afaf-4fd3-98b5-6b122846d6b2","dc_title":"Raadscommissie (2019 t/m januari 2020) 2019-12-03 - Raadsvoorstel inzake vaststellen van het Beleidsplan Schuldhulpverlening 2020 - 2023","dc_type":"2c","dc_type_description":"Vergaderstuk decentrale overheid","foi_fairiscoreVersions":{"v1":2,"v2":1},"foi_files":[{"dc_format":"application/octet-stream","dc_identifier":"nl.gm1954.2c.2019.2829649-12.doc.1","dc_source":"https://api1.ibabs.eu/publicdownload.aspx?site=Beekdaelen&id=025a4c04-8a79-4489-970b-8faf163cf34b","dc_title":"10 Raadscie 3 dec 2019 B6 Beleidsplan schuldhulpverlening - 1e termijn","dc_type":"bijlage","foi_fileName":"10%20Raadscie%203%20dec%202019%20B6%20Beleidsplan%20schuldhulpverlening%20-%201e%20termijn.MP3"},{"dc_format":"application/octet-stream","dc_identifier":"nl.gm1954.2c.2019.2829649-12.doc.2","dc_source":"https://api1.ibabs.eu/publicdownload.aspx?site=Beekdaelen&id=ddd68bf3-a483-49e6-ac56-26a5a7c0367b","dc_title":"11 Raadscie 3 dec 2019 B6 Beleidsplan schuldhulpverlening - 2e termijn","dc_type":"bijlage","foi_fileName":"11%20Raadscie%203%20dec%202019%20B6%20Beleidsplan%20schuldhulpverlening%20-%202e%20termijn.MP3"},{"dc_format":"application/pdf","dc_identifier":"nl.gm1954.2c.2019.2829649-12.doc.6","dc_source":"https://api1.ibabs.eu/publicdownload.aspx?site=Beekdaelen&id=c5281f0e-f06c-49ab-9703-42454890a3fa","dc_title":"Beantwoording vragen Beekdaelen Lokaal cie 3.12.2019 inzake B6 Schuldhulpverlening","dc_type":"bijlage","foi_fairiscoreVersions":{"v1":1,"v2":1},"foi_fileName":"Beantwoording%20vragen%20Beekdaelen%20Lokaal%20cie%203.12.2019%20inzake%20B6%20Schuldhulpverlening.pdf","foi_nrPages":3},{"dc_format":"application/pdf","dc_identifier":"nl.gm1954.2c.2019.2829649-12.doc.7","dc_source":"https://api1.ibabs.eu/publicdownload.aspx?site=Beekdaelen&id=0b9bee57-5d7a-4649-8862-84074abd2b97","dc_title":"Beantwoording vragen GroenLinks cie 3.12.2019 inzake B6 Schuldhulpverlening","dc_type":"bijlage","foi_fairiscoreVersions":{"v1":1,"v2":1},"foi_fileName":"Beantwoording%20vragen%20GroenLinks%20cie%203.12.2019%20inzake%20B6%20Schuldhulpverlening.pdf","foi_nrPages":4},{"dc_format":"application/pdf","dc_identifier":"nl.gm1954.2c.2019.2829649-12.doc.5","dc_source":"https://api1.ibabs.eu/publicdownload.aspx?site=Beekdaelen&id=b8fdc5ed-40d6-49cb-8806-611b4b708c9d","dc_title":"Bijlage Beleidsplan Schuldhulpverlening 2020-2023","dc_type":"bijlage","foi_fairiscoreVersions":{"v1":2,"v2":1},"foi_fileName":"Bijlage%20Beleidsplan%20Schuldhulpverlening%202020-2023.pdf","foi_nrPages":22},{"dc_format":"application/pdf","dc_identifier":"nl.gm1954.2c.2019.2829649-12.doc.4","dc_source":"https://api1.ibabs.eu/publicdownload.aspx?site=Beekdaelen&id=5e56edfd-f4b7-4064-8266-d4b29b605639","dc_title":"Concept Raadsbesluit Beleidsplan Schuldhulpverlening 2020-2023","dc_type":"bijlage","foi_fairiscoreVersions":{"v1":1,"v2":1},"foi_fileName":"Concept%20Raadsbesluit%20Beleidsplan%20Schuldhulpverlening%202020-2023.pdf","foi_nrPages":1},{"dc_format":"application/pdf","dc_identifier":"nl.gm1954.2c.2019.2829649-12.doc.3","dc_source":"https://api1.ibabs.eu/publicdownload.aspx?site=Beekdaelen&id=f1787974-0732-4b52-b4dd-37a8463a15f2","dc_title":"Raadsvoorstel Beleidsplan Schuldhulpverlening 2020-2023","dc_type":"bijlage","foi_fairiscoreVersions":{"v1":1,"v2":1},"foi_fileName":"Raadsvoorstel%20Beleidsplan%20Schuldhulpverlening%202020-2023.pdf","foi_nrPages":4}],"foi_nrDocuments":7,"foi_nrPagesInDossier":34,"foi_publishedDate":"2019-12-03","foi_retrievedDate":"2026-03-06"},{"dc_creator":"HandelingScraper_v1","dc_date_year":2019,"dc_description":"Vergadering van de Gemeente Beekdaelen op 2019-12-03. Onderdeel: Rondvraag cluster Sociaal.","dc_identifier":"nl.gm1954.2c.2019.2829649-13","dc_publisher":"gm1954","dc_source":"https://beekdaelen.bestuurlijkeinformatie.nl/Agenda/Index/c44f692c-afaf-4fd3-98b5-6b122846d6b2","dc_title":"Raadscommissie (2019 t/m januari 2020) 2019-12-03 - Rondvraag cluster Sociaal","dc_type":"2c","dc_type_description":"Vergaderstuk decentrale overheid","foi_fairiscoreVersions":{"v1":null,"v2":null},"foi_files":[{"dc_format":"application/octet-stream","dc_identifier":"nl.gm1954.2c.2019.2829649-13.doc.1","dc_source":"https://api1.ibabs.eu/publicdownload.aspx?site=Beekdaelen&id=1c4dfa50-0bb8-451f-a7c6-20beef934766","dc_title":"12 Raadscie 3 dec 2019 C Rondvraag Cluster Sociaal","dc_type":"bijlage","foi_fileName":"12%20Raadscie%203%20dec%202019%20C%20Rondvraag%20Cluster%20Sociaal.MP3"}],"foi_nrDocuments":1,"foi_nrPagesInDossier":0,"foi_publishedDate":"2019-12-03","foi_retrievedDate":"2026-03-05"},{"dc_creator":"HandelingScraper_v1","dc_date_year":2019,"dc_description":"Vergadering van de Gemeente Beekdaelen op 2019-12-03. Onderdeel: Raadsvoorstel inzake vaststellen Gedragscode voor burgemeester en wethouders.","dc_identifier":"nl.gm1954.2c.2019.2829649-14","dc_publisher":"gm1954","dc_source":"https://beekdaelen.bestuurlijkeinformatie.nl/Agenda/Index/c44f692c-afaf-4fd3-98b5-6b122846d6b2","dc_title":"Raadscommissie (2019 t/m januari 2020) 2019-12-03 - Raadsvoorstel inzake vaststellen Gedragscode voor burgemeester en wethouders","dc_type":"2c","dc_type_description":"Vergaderstuk decentrale overheid","foi_fairiscoreVersions":{"v1":2,"v2":1},"foi_files":[{"dc_format":"application/octet-stream","dc_identifier":"nl.gm1954.2c.2019.2829649-14.doc.1","dc_source":"https://api1.ibabs.eu/publicdownload.aspx?site=Beekdaelen&id=0e90859d-6f82-4efd-b86b-6989bb4d86f9","dc_title":"13 Raadscie 3 dec 2019 D1 Gedragscode B&W","dc_type":"bijlage","foi_fileName":"13%20Raadscie%203%20dec%202019%20D1%20Gedragscode%20B%26W.MP3"},{"dc_format":"application/pdf","dc_identifier":"nl.gm1954.2c.2019.2829649-14.doc.2","dc_source":"https://api1.ibabs.eu/publicdownload.aspx?site=Beekdaelen&id=106e3387-a9f4-4c01-a338-483a641c4ec5","dc_title":"Raadsvoorstel gedragscode B&W","dc_type":"bijlage","foi_fairiscoreVersions":{"v1":1,"v2":1},"foi_fileName":"209094_1%20Raadsvoorstel%20gedragscode%20B%26W.pdf","foi_nrPages":2},{"dc_format":"application/pdf","dc_identifier":"nl.gm1954.2c.2019.2829649-14.doc.5","dc_source":"https://api1.ibabs.eu/publicdownload.aspx?site=Beekdaelen&id=0a51bcdb-bf47-4064-bfc9-b500c227b30a","dc_title":"Beantwoording technische vragen commissie 3 december 2019 gedragscode","dc_type":"bijlage","foi_fairiscoreVersions":{"v1":2,"v2":1},"foi_fileName":"Beantwoording%20technische%20vragen%20commissie%203%20december%202019%20gedragscode.pdf","foi_nrPages":2},{"dc_format":"application/pdf","dc_identifier":"nl.gm1954.2c.2019.2829649-14.doc.4","dc_source":"https://api1.ibabs.eu/publicdownload.aspx?site=Beekdaelen&id=bd99a94d-086e-49bb-9647-09a344608311","dc_title":"concept gedragscode-integriteit B&W 2019","dc_type":"bijlage","foi_fairiscoreVersions":{"v1":1,"v2":1},"foi_fileName":"concept%20gedragscode-integriteit%20BW%202019.pdf","foi_nrPages":13},{"dc_format":"application/pdf","dc_identifier":"nl.gm1954.2c.2019.2829649-14.doc.3","dc_source":"https://api1.ibabs.eu/publicdownload.aspx?site=Beekdaelen&id=fc27f8f6-dd02-4df3-9551-99cadccb93dc","dc_title":"Concept raadsbesluit gedragscode B&W","dc_type":"bijlage","foi_fairiscoreVersions":{"v1":1,"v2":1},"foi_fileName":"Concept%20raadsbesluit%20gedrgascode%20B%26W.pdf","foi_nrPages":1}],"foi_nrDocuments":5,"foi_nrPagesInDossier":18,"foi_publishedDate":"2019-12-03","foi_retrievedDate":"2025-11-29"},{"dc_creator":"HandelingScraper_v1","dc_date_year":2019,"dc_description":"Vergadering van de Gemeente Beekdaelen op 2019-12-03. Onderdeel: Raadsvoorstel inzake advies Commissariaat voor de Media inzake zendmachtiging ZO NWS.","dc_identifier":"nl.gm1954.2c.2019.2829649-15","dc_publisher":"gm1954","dc_source":"https://beekdaelen.bestuurlijkeinformatie.nl/Agenda/Index/c44f692c-afaf-4fd3-98b5-6b122846d6b2","dc_title":"Raadscommissie (2019 t/m januari 2020) 2019-12-03 - Raadsvoorstel inzake advies Commissariaat voor de Media inzake zendmachtiging ZO NWS","dc_type":"2c","dc_type_description":"Vergaderstuk decentrale overheid","foi_fairiscoreVersions":{"v1":4,"v2":4},"foi_files":[{"dc_format":"application/octet-stream","dc_identifier":"nl.gm1954.2c.2019.2829649-15.doc.1","dc_source":"https://api1.ibabs.eu/publicdownload.aspx?site=Beekdaelen&id=1fceff6c-8cab-4847-9563-f57959886996","dc_title":"14 Raadscie 3 dec 2019 D2 Zendmachtiging ZO NWS","dc_type":"bijlage","foi_fileName":"14%20Raadscie%203%20dec%202019%20D2%20Zendmachtiging%20ZO%20NWS.MP3"},{"dc_format":"application/pdf","dc_identifier":"nl.gm1954.2c.2019.2829649-15.doc.4","dc_source":"https://api1.ibabs.eu/publicdownload.aspx?site=Beekdaelen&id=be3b8817-72bb-4dcf-a4ee-571dcb0e0df3","dc_title":"bijlage 1 redactiestatuut","dc_type":"bijlage","foi_fairiscoreVersions":{"v1":5,"v2":5},"foi_fileName":"bijlage%201%20redactiestatuut.pdf","foi_nrPages":5},{"dc_format":"application/pdf","dc_identifier":"nl.gm1954.2c.2019.2829649-15.doc.5","dc_source":"https://api1.ibabs.eu/publicdownload.aspx?site=Beekdaelen&id=7cd9b5e8-3b6d-42f0-8985-ffb84b22f13a","dc_title":"bijlage 3 uittreksel KVK","dc_type":"bijlage","foi_fairiscoreVersions":{"v1":5,"v2":5},"foi_fileName":"bijlage%203%20uittreksel%20KVK.pdf","foi_nrPages":2},{"dc_format":"application/pdf","dc_identifier":"nl.gm1954.2c.2019.2829649-15.doc.6","dc_source":"https://api1.ibabs.eu/publicdownload.aspx?site=Beekdaelen&id=5c89a3af-f42a-4edd-8699-4053d95371f7","dc_title":"bijlage 4 overzicht samenstelling PBO","dc_type":"bijlage","foi_fairiscoreVersions":{"v1":5,"v2":5},"foi_fileName":"bijlage%204%20overzicht%20samenstelling%20PBO.pdf","foi_nrPages":2},{"dc_format":"application/pdf","dc_identifier":"nl.gm1954.2c.2019.2829649-15.doc.7","dc_source":"https://api1.ibabs.eu/publicdownload.aspx?site=Beekdaelen&id=8e23c483-c19e-4b07-8cf2-5fbccbab8b75","dc_title":"bijlage 5 aanvraag aanwijzing lokale publiek mediainstelling","dc_type":"bijlage","foi_fairiscoreVersions":{"v1":5,"v2":5},"foi_fileName":"bijlage%205%20aanvraag%20aanwijzing%20lokale%20publiek%20mediainstelling.pdf","foi_nrPages":1},{"dc_format":"application/pdf","dc_identifier":"nl.gm1954.2c.2019.2829649-15.doc.8","dc_source":"https://api1.ibabs.eu/publicdownload.aspx?site=Beekdaelen&id=9598b8e4-f941-4a1b-83a0-cab9f5fc8f62","dc_title":"bijlage 6 adviesaanvraag commissariaat voor de media","dc_type":"bijlage","foi_fairiscoreVersions":{"v1":5,"v2":5},"foi_fileName":"bijlage%206%20adviesaanvraag%20commissariaat%20voor%20de%20media.pdf","foi_nrPages":3},{"dc_format":"application/pdf","dc_identifier":"nl.gm1954.2c.2019.2829649-15.doc.3","dc_source":"https://api1.ibabs.eu/publicdownload.aspx?site=Beekdaelen&id=6a65ecad-f08c-40f7-81cb-77091580f12a","dc_title":"Concept raadsbesluit inzake zendmachtiging ZO NWS","dc_type":"bijlage","foi_fairiscoreVersions":{"v1":1,"v2":1},"foi_fileName":"Concept%20raadsbesluit.pdf","foi_nrPages":1},{"dc_format":"application/pdf","dc_identifier":"nl.gm1954.2c.2019.2829649-15.doc.9","dc_source":"https://api1.ibabs.eu/publicdownload.aspx?site=Beekdaelen&id=e7c2baf3-9567-4416-9e29-274b45cef466","dc_title":"Memorie van Antwoord vragen Beekdaelen Lokaal inzake zendmachtiging ZO NWS","dc_type":"bijlage","foi_fairiscoreVersions":{"v1":1,"v2":1},"foi_fileName":"MEMORIE%20VAN%20ANTWOORD%20vragen%20BL.pdf","foi_nrPages":1},{"dc_format":"application/pdf","dc_identifier":"nl.gm1954.2c.2019.2829649-15.doc.10","dc_source":"https://api1.ibabs.eu/publicdownload.aspx?site=Beekdaelen&id=1c1744d9-ff6c-4bd7-833e-b686fbc55960","dc_title":"Memorie van Antwoord vragen Vernieuwingsgroep inzake zandmachtiging ZO NWS","dc_type":"bijlage","foi_fairiscoreVersions":{"v1":1,"v2":1},"foi_fileName":"MEMORIE%20VAN%20ANTWOORD%20vragen%20VG.pdf","foi_nrPages":3},{"dc_format":"application/pdf","dc_identifier":"nl.gm1954.2c.2019.2829649-15.doc.2","dc_source":"https://api1.ibabs.eu/publicdownload.aspx?site=Beekdaelen&id=c670c696-0f54-47cf-974f-e58618ed7315","dc_title":"Raadsvoorstel inzake zendmachtiging ZO NWS","dc_type":"bijlage","foi_fairiscoreVersions":{"v1":1,"v2":1},"foi_fileName":"Raadsvoorstel%20.pdf","foi_nrPages":4}],"foi_nrDocuments":10,"foi_nrPagesInDossier":22,"foi_publishedDate":"2019-12-03","foi_retrievedDate":"2026-02-05"},{"dc_creator":"HandelingScraper_v1","dc_date_year":2019,"dc_description":"Vergadering van de Gemeente Beekdaelen op 2019-12-03. Onderdeel: Raadsvoorstel inzake vaststellen 2e burap 2019 gemeente Beekdaelen.","dc_identifier":"nl.gm1954.2c.2019.2829649-16","dc_publisher":"gm1954","dc_source":"https://beekdaelen.bestuurlijkeinformatie.nl/Agenda/Index/c44f692c-afaf-4fd3-98b5-6b122846d6b2","dc_title":"Raadscommissie (2019 t/m januari 2020) 2019-12-03 - Raadsvoorstel inzake vaststellen 2e burap 2019 gemeente Beekdaelen","dc_type":"2c","dc_type_description":"Vergaderstuk decentrale overheid","foi_fairiscoreVersions":{"v1":2,"v2":1},"foi_files":[{"dc_format":"application/octet-stream","dc_identifier":"nl.gm1954.2c.2019.2829649-16.doc.1","dc_source":"https://api1.ibabs.eu/publicdownload.aspx?site=Beekdaelen&id=f9129240-c41f-4f08-848c-edc41064dcd6","dc_title":"15 Raadscie 3 dec 2019 D3 2e Burap Beekdaelen - 1e termijn tm beantwoording pho Janssen","dc_type":"bijlage","foi_fileName":"15%20Raadscie%203%20dec%202019%20D3%202e%20Burap%20Beekdaelen%20-%201e%20termijn%20tm%20beantwoording%20pho%20Janssen.MP3","foi_nrPages":1},{"dc_format":"application/octet-stream","dc_identifier":"nl.gm1954.2c.2019.2829649-16.doc.2","dc_source":"https://api1.ibabs.eu/publicdownload.aspx?site=Beekdaelen&id=91beb404-d9a1-43d5-940e-bf5d0d83fa17","dc_title":"16 Raadscie 3 dec 2019 D3 2e Burap Beekdaelen - 1e termijn beantwoording pho Hermans en Timmermans","dc_type":"bijlage","foi_fileName":"16%20Raadscie%203%20dec%202019%20D3%202e%20Burap%20Beekdaelen%20-%201e%20termijn%20beantwoording%20pho%20Hermans%20en%20Timmermans.MP3","foi_nrPages":1},{"dc_format":"application/octet-stream","dc_identifier":"nl.gm1954.2c.2019.2829649-16.doc.3","dc_source":"https://api1.ibabs.eu/publicdownload.aspx?site=Beekdaelen&id=cf63d9b8-2aca-47be-9044-2c308f2b35fa","dc_title":"17 Raadscie 3 dec 2019 D3 2e Burap Beekdaelen - 2e termijn, E Rondvraag en F Sluiting","dc_type":"bijlage","foi_fileName":"17%20Raadscie%203%20dec%202019%20D3%202e%20Burap%20Beekdaelen%20-%202e%20termijn_%20E%20Rondvraag%20en%20F%20Sluiting.MP3","foi_nrPages":1},{"dc_format":"application/pdf","dc_identifier":"nl.gm1954.2c.2019.2829649-16.doc.9","dc_source":"https://api1.ibabs.eu/publicdownload.aspx?site=Beekdaelen&id=01362707-c4a1-4304-9e0b-4272f7701d3c","dc_title":"Bijlage bij beantwoording tech. vragen inzake fietsvoorziening Daelderweg","dc_type":"bijlage","foi_fairiscoreVersions":{"v1":2,"v2":1},"foi_fileName":"1904BEE%20fietsvoorzieningen%20Daelderweg%20overzicht.pdf","foi_nrPages":1},{"dc_format":"application/pdf","dc_identifier":"nl.gm1954.2c.2019.2829649-16.doc.7","dc_source":"https://api1.ibabs.eu/publicdownload.aspx?site=Beekdaelen&id=c9b63ccd-61c5-457b-8229-ce4927a9dc57","dc_title":"Begrotingswijziging 15 2e bestuursrapportage 2019","dc_type":"bijlage","foi_fairiscoreVersions":{"v1":1,"v2":1},"foi_fileName":"begrotingswijziging%2015%202e%20bestuursrapportage%202019.pdf","foi_nrPages":1},{"dc_format":"application/pdf","dc_identifier":"nl.gm1954.2c.2019.2829649-16.doc.5","dc_source":"https://api1.ibabs.eu/publicdownload.aspx?site=Beekdaelen&id=3379bb8e-d04a-4c9b-9646-5e599a50a61e","dc_title":"Concept Raadsbesluit tweede Burap","dc_type":"bijlage","foi_fairiscoreVersions":{"v1":2,"v2":1},"foi_fileName":"Concept%20Raadsbesluit%20tweede%20Burap.pdf","foi_nrPages":2},{"dc_format":"application/pdf","dc_identifier":"nl.gm1954.2c.2019.2829649-16.doc.8","dc_source":"https://api1.ibabs.eu/publicdownload.aspx?site=Beekdaelen&id=df2be6de-1758-4626-9f61-9ac3b08f79d0","dc_title":"Technische vragen incl. antwoorden cie 3.12.2019 2e burap","dc_type":"bijlage","foi_fairiscoreVersions":{"v1":2,"v2":1},"foi_fileName":"Format%20technische%20vragen%20commissie%203%20december%202019%202e%20burap.pdf","foi_nrPages":7},{"dc_format":"application/pdf","dc_identifier":"nl.gm1954.2c.2019.2829649-16.doc.4","dc_source":"https://api1.ibabs.eu/publicdownload.aspx?site=Beekdaelen&id=58185cf7-de23-42bc-9210-2629bf0a974f","dc_title":"Raadsvoorstel tweede Burap","dc_type":"bijlage","foi_fairiscoreVersions":{"v1":1,"v2":1},"foi_fileName":"Raadsvoorstel%20tweede%20Burap.pdf","foi_nrPages":2},{"dc_format":"application/pdf","dc_identifier":"nl.gm1954.2c.2019.2829649-16.doc.6","dc_source":"https://api1.ibabs.eu/publicdownload.aspx?site=Beekdaelen&id=46afdb7c-6d9b-4d81-a090-f0d717ec97a5","dc_title":"Tweede burap 2019","dc_type":"bijlage","foi_fairiscoreVersions":{"v1":2,"v2":1},"foi_fileName":"Tweede%20burap%202019.pdf","foi_nrPages":51}],"foi_nrDocuments":9,"foi_nrPagesInDossier":67,"foi_publishedDate":"2019-12-03","foi_retrievedDate":"2026-03-06"},{"dc_creator":"HandelingScraper_v1","dc_date_year":2019,"dc_description":"Vergadering van de Gemeente Beekdaelen op 2019-12-03. Onderdeel: Opening, mededelingen voorzitter en vaststellen agenda.","dc_identifier":"nl.gm1954.2c.2019.2829649-2","dc_publisher":"gm1954","dc_source":"https://beekdaelen.bestuurlijkeinformatie.nl/Agenda/Index/c44f692c-afaf-4fd3-98b5-6b122846d6b2","dc_title":"Raadscommissie (2019 t/m januari 2020) 2019-12-03 - Opening, mededelingen voorzitter en vaststellen agenda","dc_type":"2c","dc_type_description":"Vergaderstuk decentrale overheid","foi_fairiscoreVersions":{"v1":1,"v2":1},"foi_files":[{"dc_format":"application/octet-stream","dc_identifier":"nl.gm1954.2c.2019.2829649-2.doc.1","dc_source":"https://api1.ibabs.eu/publicdownload.aspx?site=Beekdaelen&id=c8ea0b4f-6bff-42ec-ae7a-8e56366b56f0","dc_title":"01 Raadscie 3 dec 2019 ap A1 Opening en vaststelling agenda","dc_type":"bijlage","foi_fileName":"01%20Raadscie%203%20dec%202019%20ap%20A1%20Opening%20en%20vaststelling%20agenda.MP3"},{"dc_format":"application/pdf","dc_identifier":"nl.gm1954.2c.2019.2829649-2.doc.2","dc_source":"https://api1.ibabs.eu/publicdownload.aspx?site=Beekdaelen&id=756cd722-0b83-441d-b4dc-cb3e0bc48c42","dc_title":"Vastgestelde agenda raadscommissie 03.12.2019","dc_type":"bijlage","foi_fairiscoreVersions":{"v1":1,"v2":1},"foi_fileName":"Vastgestelde%20agenda%20raadscommissie%2003.12.2019.pdf","foi_nrPages":2}],"foi_nrDocuments":2,"foi_nrPagesInDossier":2,"foi_publishedDate":"2019-12-03","foi_retrievedDate":"2025-11-30"},{"dc_creator":"HandelingScraper_v1","dc_date_year":2019,"dc_description":"Vergadering van de Gemeente Beekdaelen op 2019-12-03. Onderdeel: Be\u00ebdiging van de heer D. Haja.","dc_identifier":"nl.gm1954.2c.2019.2829649-3","dc_publisher":"gm1954","dc_source":"https://beekdaelen.bestuurlijkeinformatie.nl/Agenda/Index/c44f692c-afaf-4fd3-98b5-6b122846d6b2","dc_title":"Raadscommissie (2019 t/m januari 2020) 2019-12-03 - Be\u00ebdiging van de heer D. Haja","dc_type":"2c","dc_type_description":"Vergaderstuk decentrale overheid","foi_fairiscoreVersions":{"v1":null,"v2":null},"foi_files":[{"dc_format":"application/octet-stream","dc_identifier":"nl.gm1954.2c.2019.2829649-3.doc.1","dc_source":"https://api1.ibabs.eu/publicdownload.aspx?site=Beekdaelen&id=7ba090a7-59fb-4eb2-a400-c5e8254713cb","dc_title":"02 Raadscie 3 dec 2019 ap A2 Beediging dhr Haja GroenLinks","dc_type":"bijlage","foi_fileName":"02%20Raadscie%203%20dec%202019%20ap%20A2%20Beediging%20dhr%20Haja%20GroenLinks.MP3"}],"foi_nrDocuments":1,"foi_nrPagesInDossier":0,"foi_publishedDate":"2019-12-03","foi_retrievedDate":"2026-02-05"},{"dc_creator":"HandelingScraper_v1","dc_date_year":2019,"dc_description":"Vergadering van de Gemeente Beekdaelen op 2019-12-03. Onderdeel: Spreekrecht burger.","dc_identifier":"nl.gm1954.2c.2019.2829649-4","dc_publisher":"gm1954","dc_source":"https://beekdaelen.bestuurlijkeinformatie.nl/Agenda/Index/c44f692c-afaf-4fd3-98b5-6b122846d6b2","dc_title":"Raadscommissie (2019 t/m januari 2020) 2019-12-03 - Spreekrecht burger","dc_type":"2c","dc_type_description":"Vergaderstuk decentrale overheid","foi_fairiscoreVersions":{"v1":null,"v2":null},"foi_files":[{"dc_format":"application/octet-stream","dc_identifier":"nl.gm1954.2c.2019.2829649-4.doc.1","dc_source":"https://api1.ibabs.eu/publicdownload.aspx?site=Beekdaelen&id=013a87bb-c732-4c62-9319-7d094d7f8e56","dc_title":"03 Raadscie 3 dec 2019 A3 Spreekrecht en A4 actiepuntenlijst 12 nov 2019","dc_type":"bijlage","foi_fileName":"03%20Raadscie%203%20dec%202019%20A3%20Spreekrecht%20en%20A4%20actiepuntenlijst%2012%20nov%202019.MP3"}],"foi_nrDocuments":1,"foi_nrPagesInDossier":0,"foi_publishedDate":"2019-12-03","foi_retrievedDate":"2026-03-06"},{"dc_creator":"HandelingScraper_v1","dc_date_year":2019,"dc_description":"Vergadering van de Gemeente Beekdaelen op 2019-12-03. Onderdeel: Vaststellen actiepuntenlijst van de commissie d.d. 12 november 2019.","dc_identifier":"nl.gm1954.2c.2019.2829649-5","dc_publisher":"gm1954","dc_source":"https://beekdaelen.bestuurlijkeinformatie.nl/Agenda/Index/c44f692c-afaf-4fd3-98b5-6b122846d6b2","dc_title":"Raadscommissie (2019 t/m januari 2020) 2019-12-03 - Vaststellen actiepuntenlijst van de commissie d.d. 12 november 2019","dc_type":"2c","dc_type_description":"Vergaderstuk decentrale overheid","foi_fairiscoreVersions":{"v1":1,"v2":1},"foi_files":[{"dc_format":"application/pdf","dc_identifier":"nl.gm1954.2c.2019.2829649-5.doc.1","dc_source":"https://api1.ibabs.eu/publicdownload.aspx?site=Beekdaelen&id=e05fac01-55fc-4f0a-95c5-9d74531741f7","dc_title":"Concept Actiepuntenlijst cie 12 november 2019","dc_type":"bijlage","foi_fairiscoreVersions":{"v1":1,"v2":1},"foi_fileName":"Actiepuntenlijst%20cie%2012%20november%202019.pdf","foi_nrPages":4}],"foi_nrDocuments":1,"foi_nrPagesInDossier":4,"foi_publishedDate":"2019-12-03","foi_retrievedDate":"2026-02-12"},{"dc_creator":"HandelingScraper_v1","dc_date_year":2019,"dc_description":"Vergadering van de Gemeente Beekdaelen op 2019-12-03. Onderdeel: Mondelinge vervolgvragen ter zake gegeven artikel 32 antwoorden.","dc_identifier":"nl.gm1954.2c.2019.2829649-6","dc_publisher":"gm1954","dc_source":"https://beekdaelen.bestuurlijkeinformatie.nl/Agenda/Index/c44f692c-afaf-4fd3-98b5-6b122846d6b2","dc_title":"Raadscommissie (2019 t/m januari 2020) 2019-12-03 - Mondelinge vervolgvragen ter zake gegeven artikel 32 antwoorden","dc_type":"2c","dc_type_description":"Vergaderstuk decentrale overheid","foi_fairiscoreVersions":{"v1":null,"v2":null},"foi_files":[{"dc_format":"application/octet-stream","dc_identifier":"nl.gm1954.2c.2019.2829649-6.doc.1","dc_source":"https://api1.ibabs.eu/publicdownload.aspx?site=Beekdaelen&id=c42423e3-b420-4647-bb03-38744d47d5be","dc_title":"04 Raadscie 3 dec 2019 A5 Vervolgvragen op beantwoording art 32 vragen","dc_type":"bijlage","foi_fileName":"04%20Raadscie%203%20dec%202019%20A5%20Vervolgvragen%20op%20beantwoording%20art%2032%20vragen.MP3"}],"foi_nrDocuments":1,"foi_nrPagesInDossier":0,"foi_publishedDate":"2019-12-03","foi_retrievedDate":"2026-01-22"},{"dc_creator":"HandelingScraper_v1","dc_date_year":2019,"dc_description":"Vergadering van de Gemeente Beekdaelen op 2019-12-03. Onderdeel: Raadsvoorstel inzake opheffen GR Vixia.","dc_identifier":"nl.gm1954.2c.2019.2829649-7","dc_publisher":"gm1954","dc_source":"https://beekdaelen.bestuurlijkeinformatie.nl/Agenda/Index/c44f692c-afaf-4fd3-98b5-6b122846d6b2","dc_title":"Raadscommissie (2019 t/m januari 2020) 2019-12-03 - Raadsvoorstel inzake opheffen GR Vixia","dc_type":"2c","dc_type_description":"Vergaderstuk decentrale overheid","foi_fairiscoreVersions":{"v1":2,"v2":2},"foi_files":[{"dc_format":"application/octet-stream","dc_identifier":"nl.gm1954.2c.2019.2829649-7.doc.1","dc_source":"https://api1.ibabs.eu/publicdownload.aspx?site=Beekdaelen&id=18b85b0b-e866-4ac1-ad4d-7d6a404e1bf9","dc_title":"05 Raadscie 3 dec 2019 B1 Opheffen GR Vixia","dc_type":"bijlage","foi_fileName":"05%20Raadscie%203%20dec%202019%20B1%20Opheffen%20GR%20Vixia.MP3"},{"dc_format":"application/pdf","dc_identifier":"nl.gm1954.2c.2019.2829649-7.doc.4","dc_source":"https://api1.ibabs.eu/publicdownload.aspx?site=Beekdaelen&id=a8894d53-6e62-474f-8e66-7ad0b565b2e5","dc_title":"aanbieding ontwerp liquidatieplan GR Vixia","dc_type":"bijlage","foi_fairiscoreVersions":{"v1":5,"v2":5},"foi_fileName":"aanbieding%20ontwerp%20liquidatieplan%20GR%20Vixia.pdf","foi_nrPages":2},{"dc_format":"application/pdf","dc_identifier":"nl.gm1954.2c.2019.2829649-7.doc.14","dc_source":"https://api1.ibabs.eu/publicdownload.aspx?site=Beekdaelen&id=a242d37c-a1e0-422a-b900-f53d2ee22093","dc_title":"Beantwoording vragen GroenLinks cie 3.12.2019 inzake B1 Vixia.docx","dc_type":"bijlage","foi_fairiscoreVersions":{"v1":1,"v2":1},"foi_fileName":"Beantwoording%20vragen%20GroenLinks%20cie%203.12.2019%20inzake%20B1%20Vixia.pdf","foi_nrPages":4},{"dc_format":"application/pdf","dc_identifier":"nl.gm1954.2c.2019.2829649-7.doc.3","dc_source":"https://api1.ibabs.eu/publicdownload.aspx?site=Beekdaelen&id=a775f4dd-6b30-45ca-b34b-0dbe549b2829","dc_title":"Concept raadsbesluit Vixia","dc_type":"bijlage","foi_fairiscoreVersions":{"v1":1,"v2":1},"foi_fileName":"Concept%20raadsbesluit%20Vixia.pdf","foi_nrPages":1},{"dc_format":"application/pdf","dc_identifier":"nl.gm1954.2c.2019.2829649-7.doc.13","dc_source":"https://api1.ibabs.eu/publicdownload.aspx?site=Beekdaelen&id=b656e6be-f225-4d4d-96d2-fbf1a3ac1674","dc_title":"Memorie van Antwoord Vernieuwingsgroep inzake Vixia","dc_type":"bijlage","foi_fairiscoreVersions":{"v1":2,"v2":1},"foi_fileName":"Memorie%20van%20Antwoord%20Vernieuwingsgroep%20inzake%20Vixia.pdf","foi_nrPages":2},{"dc_format":"application/pdf","dc_identifier":"nl.gm1954.2c.2019.2829649-7.doc.11","dc_source":"https://api1.ibabs.eu/publicdownload.aspx?site=Beekdaelen&id=f136f7a7-4352-4b76-aa3e-903bf3eadba1","dc_title":"Memorie van Antwoord vragen Beekdaelen Lokaal inzake Vixia","dc_type":"bijlage","foi_fairiscoreVersions":{"v1":2,"v2":1},"foi_fileName":"Memorie%20van%20Antwoord%20vragen%20Beekdaelen%20Lokaal%20inzake%20Vixia.pdf","foi_nrPages":2},{"dc_format":"application/pdf","dc_identifier":"nl.gm1954.2c.2019.2829649-7.doc.12","dc_source":"https://api1.ibabs.eu/publicdownload.aspx?site=Beekdaelen&id=e5e08221-bc10-4845-8ee9-aa9e98f02b8e","dc_title":"Memorie van Antwoord vragen CDA inzake Vixia","dc_type":"bijlage","foi_fairiscoreVersions":{"v1":2,"v2":1},"foi_fileName":"Memorie%20van%20Antwoord%20vragen%20CDA%20inzake%20Vixia.pdf","foi_nrPages":2},{"dc_format":"application/pdf","dc_identifier":"nl.gm1954.2c.2019.2829649-7.doc.5","dc_source":"https://api1.ibabs.eu/publicdownload.aspx?site=Beekdaelen&id=0d14c2f1-2ba5-4272-b48b-bdfe659464f5","dc_title":"Participatiebedrijf _ Besluit opheffing GR Vixia _ definitieve versie 3 november 2019","dc_type":"bijlage","foi_fairiscoreVersions":{"v1":1,"v2":1},"foi_fileName":"Participatiebedrijf%20_%20Besluit%20opheffing%20GR%20Vixia%20_%20definitieve%20versie%203%20november%202019.pdf","foi_nrPages":3},{"dc_format":"application/pdf","dc_identifier":"nl.gm1954.2c.2019.2829649-7.doc.6","dc_source":"https://api1.ibabs.eu/publicdownload.aspx?site=Beekdaelen&id=930047a8-155e-4db5-b653-187faa57af73","dc_title":"Participatiebedrijf _ GR Participatiebedrijf Wsw _ oprichters Beek en Sittard-Geleen _ definitieve versie 31.10.2019","dc_type":"bijlage","foi_fairiscoreVersions":{"v1":1,"v2":1},"foi_fileName":"Participatiebedrijf%20_%20GR%20Participatiebedrijf%20Wsw%20_%20oprichters%20Beek%20en%20Sittard-Geleen%20_%20definitieve%20versie%2031.10.2019.pdf","foi_nrPages":11},{"dc_format":"application/pdf","dc_identifier":"nl.gm1954.2c.2019.2829649-7.doc.7","dc_source":"https://api1.ibabs.eu/publicdownload.aspx?site=Beekdaelen&id=4d51060d-c7cf-421c-b271-9e55f2f0bd23","dc_title":"Participatiebedrijf _ Liquidatieplan GR Vixia _  eindversie definitief per 7 november 2019","dc_type":"bijlage","foi_fairiscoreVersions":{"v1":2,"v2":1},"foi_fileName":"Participatiebedrijf%20_%20Liquidatieplan%20GR%20Vixia%20_%20%20eindversie%20definitief%20per%207%20november%202019.pdf","foi_nrPages":14},{"dc_format":"application/pdf","dc_identifier":"nl.gm1954.2c.2019.2829649-7.doc.8","dc_source":"https://api1.ibabs.eu/publicdownload.aspx?site=Beekdaelen&id=a63c9d2f-6de4-45b9-84b3-26adec0ec51a","dc_title":"Participatiebedrijf _ Meer Jaren Ondernemingsplan en Begroting _ definitieve versie  _ 7 november 2019","dc_type":"bijlage","foi_fairiscoreVersions":{"v1":1,"v2":1},"foi_fileName":"Participatiebedrijf%20_%20Meer%20Jaren%20Ondernemingsplan%20en%20Begroting%20_%20definitieve%20versie%20%20_%207%20november%202019.pdf","foi_nrPages":20},{"dc_format":"application/pdf","dc_identifier":"nl.gm1954.2c.2019.2829649-7.doc.9","dc_source":"https://api1.ibabs.eu/publicdownload.aspx?site=Beekdaelen&id=19bec849-2a07-4fbd-bc19-82100c99fdab","dc_title":"Participatiebedrijf Overeenkomst GR Vixia en GR Participatiebedrijf _ Overgang rechten en plichten Wsw-werknemers _ definitieve versie 3 november 2019","dc_type":"bijlage","foi_fairiscoreVersions":{"v1":1,"v2":1},"foi_fileName":"Participatiebedrijf%20_%20Overeenkomst%20GR%20Vixia%20en%20GR%20Participatiebedrijf%20_%20Overgang%20rechten%20en%20plichten%20Wsw-werknemers%20_%20definitieve%20versie%203%20november%202019.pdf","foi_nrPages":4},{"dc_format":"application/pdf","dc_identifier":"nl.gm1954.2c.2019.2829649-7.doc.10","dc_source":"https://api1.ibabs.eu/publicdownload.aspx?site=Beekdaelen&id=9a836cda-6e17-4ac5-9506-ce91d75c09c7","dc_title":"Participatiebedrijf _ Tripartite Overeenkomst Schinnense Vixianen _ meest definitieve versie  _ 11 november 2019.","dc_type":"bijlage","foi_fairiscoreVersions":{"v1":2,"v2":1},"foi_fileName":"Participatiebedrijf%20_%20Tripartite%20Overeenkomst%20Schinnense%20Vixianen%20_%20meest%20definitieve%20versie%20%20_%2011%20november%202019.pdf","foi_nrPages":6},{"dc_format":"application/pdf","dc_identifier":"nl.gm1954.2c.2019.2829649-7.doc.2","dc_source":"https://api1.ibabs.eu/publicdownload.aspx?site=Beekdaelen&id=05cd9546-d549-4e47-addf-ca4b819b75f6","dc_title":"Raadsvoorstel Vixia","dc_type":"bijlage","foi_fairiscoreVersions":{"v1":1,"v2":1},"foi_fileName":"Raadsvoorstel%20Vixia.pdf","foi_nrPages":3}],"foi_nrDocuments":14,"foi_nrPagesInDossier":74,"foi_publishedDate":"2019-12-03","foi_retrievedDate":"2025-11-30"},{"dc_creator":"HandelingScraper_v1","dc_date_year":2019,"dc_description":"Vergadering van de Gemeente Beekdaelen op 2019-12-03. Onderdeel: Raadsvoorstel inzake 2e begrotingswijziging/2e kwartaalrapportage WSP Parkstad.","dc_identifier":"nl.gm1954.2c.2019.2829649-8","dc_publisher":"gm1954","dc_source":"https://beekdaelen.bestuurlijkeinformatie.nl/Agenda/Index/c44f692c-afaf-4fd3-98b5-6b122846d6b2","dc_title":"Raadscommissie (2019 t/m januari 2020) 2019-12-03 - Raadsvoorstel inzake 2e begrotingswijziging/2e kwartaalrapportage WSP Parkstad","dc_type":"2c","dc_type_description":"Vergaderstuk decentrale overheid","foi_fairiscoreVersions":{"v1":null,"v2":null},"foi_files":[{"dc_format":"application/octet-stream","dc_identifier":"nl.gm1954.2c.2019.2829649-8.doc.1","dc_source":"https://api1.ibabs.eu/publicdownload.aspx?site=Beekdaelen&id=f8e417e7-60b2-433f-b873-bc89258c4b00","dc_title":"06 Raadscie 3 dec 2019 B2 WSP Parkstad 2e begr wijz-2e kwarap","dc_type":"bijlage","foi_fileName":"06%20Raadscie%203%20dec%202019%20B2%20WSP%20Parkstad%202e%20begr%20wijz-2e%20kwarap.MP3"},{"dc_format":"application/pdf","dc_identifier":"nl.gm1954.2c.2019.2829649-8.doc.8","dc_source":"https://api1.ibabs.eu/publicdownload.aspx?site=Beekdaelen&id=887b9948-3fb9-4177-b95c-d4afb5d390fa","dc_title":"Beantwoording vragen Beekdaelen Lokaal cie 3.12.2019 inzake B2 WSP","dc_type":"bijlage","foi_fileName":"Beantwoording%20vragen%20Beekdaelen%20Lokaal%20cie%203.12.2019%20inzake%20B2%20WSP.pdf"},{"dc_format":"application/pdf","dc_identifier":"nl.gm1954.2c.2019.2829649-8.doc.9","dc_source":"https://api1.ibabs.eu/publicdownload.aspx?site=Beekdaelen&id=b8553b8d-ebbc-459d-94de-891630aecf29","dc_title":"Beantwoording vragen GroenLinks cie 3.12.2019 inzake B2 WSP","dc_type":"bijlage","foi_fileName":"Beantwoording%20vragen%20GroenLinks%20cie%203.12.2019%20inzake%20B2%20WSP.pdf"},{"dc_format":"application/pdf","dc_identifier":"nl.gm1954.2c.2019.2829649-8.doc.3","dc_source":"https://api1.ibabs.eu/publicdownload.aspx?site=Beekdaelen&id=e16fa41f-276d-400b-8208-1f776130e080","dc_title":"Concept RB WSP","dc_type":"bijlage","foi_fileName":"Concept%20RB%20WSP.pdf"},{"dc_format":"application/pdf","dc_identifier":"nl.gm1954.2c.2019.2829649-8.doc.7","dc_source":"https://api1.ibabs.eu/publicdownload.aspx?site=Beekdaelen&id=c85fc67d-9a90-4a84-9d4a-0259b3f26cb5","dc_title":"Concept uitgaande brief inz. raadsbesluit zienswijze 2e begrotingswijziging 2019 WSP","dc_type":"bijlage","foi_fileName":"Concept%20uitgaande%20brief%20inz.%20raadsbesluit%20zienswijze%202e%20begrotingswijziging%202019%20WSP.pdf"},{"dc_format":"application/pdf","dc_identifier":"nl.gm1954.2c.2019.2829649-8.doc.2","dc_source":"https://api1.ibabs.eu/publicdownload.aspx?site=Beekdaelen&id=1cbd4093-b8f5-4ec4-946b-c9d24582e779","dc_title":"Raadsvoorstel inzake Q2 rapportage 2019 WSP en zienswijze 2e begrotingswijziging","dc_type":"bijlage","foi_fileName":"RV%20Q2%20rapportage%202019%20WSP%20en%20zienswijze%202e%20begrotingswijziging%20incl.pagnr..pdf"},{"dc_format":"application/pdf","dc_identifier":"nl.gm1954.2c.2019.2829649-8.doc.6","dc_source":"https://api1.ibabs.eu/publicdownload.aspx?site=Beekdaelen&id=718d4f89-cded-4531-925c-9aa1517c4e3b","dc_title":"WSP 2e begrotingswijziging","dc_type":"bijlage","foi_fileName":"WSP%202e%20begrotingswijziging.pdf"},{"dc_format":"application/pdf","dc_identifier":"nl.gm1954.2c.2019.2829649-8.doc.4","dc_source":"https://api1.ibabs.eu/publicdownload.aspx?site=Beekdaelen&id=b2a25397-3fdc-4576-b00a-8f88e0e64017","dc_title":"WSP aanbiedingsbrief Q2","dc_type":"bijlage","foi_fileName":"WSP%20aanbiedingsbrief%20Q2.pdf"},{"dc_format":"application/pdf","dc_identifier":"nl.gm1954.2c.2019.2829649-8.doc.5","dc_source":"https://api1.ibabs.eu/publicdownload.aspx?site=Beekdaelen&id=9e963000-cba9-45a5-89db-d54eff6430bf","dc_title":"WSP rapportage Q2","dc_type":"bijlage","foi_fileName":"WSP%20rapportage%20Q2.pdf"}],"foi_nrDocuments":9,"foi_nrPagesInDossier":0,"foi_publishedDate":"2019-12-03","foi_retrievedDate":"2025-11-30"},{"dc_creator":"HandelingScraper_v1","dc_date_year":2019,"dc_description":"Vergadering van de Gemeente Beekdaelen op 2019-12-03. Onderdeel: Raadsvoorstel inzake 2e begrotingswijziging/2e kwartaalrapportage GR WOZL.","dc_identifier":"nl.gm1954.2c.2019.2829649-9","dc_publisher":"gm1954","dc_source":"https://beekdaelen.bestuurlijkeinformatie.nl/Agenda/Index/c44f692c-afaf-4fd3-98b5-6b122846d6b2","dc_title":"Raadscommissie (2019 t/m januari 2020) 2019-12-03 - Raadsvoorstel inzake 2e begrotingswijziging/2e kwartaalrapportage GR WOZL","dc_type":"2c","dc_type_description":"Vergaderstuk decentrale overheid","foi_fairiscoreVersions":{"v1":3,"v2":3},"foi_files":[{"dc_format":"application/octet-stream","dc_identifier":"nl.gm1954.2c.2019.2829649-9.doc.1","dc_source":"https://api1.ibabs.eu/publicdownload.aspx?site=Beekdaelen&id=48f99bd6-2e6d-41be-97f5-444c9c17f7be","dc_title":"07 Raadscie 3 dec 2019 B3 GR WOZL 2e begr wijz-2e kwarap","dc_type":"bijlage","foi_fileName":"07%20Raadscie%203%20dec%202019%20B3%20GR%20WOZL%202e%20begr%20wijz-2e%20kwarap.MP3"},{"dc_format":"application/pdf","dc_identifier":"nl.gm1954.2c.2019.2829649-9.doc.3","dc_source":"https://api1.ibabs.eu/publicdownload.aspx?site=Beekdaelen&id=2ebece6b-9a42-49ea-a6f0-3398f8dcf634","dc_title":"Concept Raadsbesluit WOZL Q2 en 2e begrotingswijziging 2019 WOZL","dc_type":"bijlage","foi_fairiscoreVersions":{"v1":1,"v2":1},"foi_fileName":"Concept%20Raadsbesluit%20WOZL%20Q2%20en%202e%20begrotingswijziging%202019%20WOZL.pdf","foi_nrPages":1},{"dc_format":"application/pdf","dc_identifier":"nl.gm1954.2c.2019.2829649-9.doc.6","dc_source":"https://api1.ibabs.eu/publicdownload.aspx?site=Beekdaelen&id=667341c6-1aa6-4519-afba-cf2afa31e7cd","dc_title":"Concept uitgaande brief zienswijze raad 2e begrotingswijziging 2019 WOZL","dc_type":"bijlage","foi_fairiscoreVersions":{"v1":1,"v2":1},"foi_fileName":"Concept%20uitgaande%20brief%20zienswijze%20raad%202e%20begrotingswijziging%202019%20WOZL.pdf","foi_nrPages":1},{"dc_format":"application/pdf","dc_identifier":"nl.gm1954.2c.2019.2829649-9.doc.2","dc_source":"https://api1.ibabs.eu/publicdownload.aspx?site=Beekdaelen&id=42fa9472-f81e-40e3-b916-b6f3b623d258","dc_title":"Raadsvoorstel WOZL Q2 en 2e begrotingswijziging 2019 WOZL","dc_type":"bijlage","foi_fairiscoreVersions":{"v1":1,"v2":1},"foi_fileName":"Raadsvoorstel%20WOZL%20Q2%20en%202e%20begrotingswijziging%202019%20WOZL.pdf","foi_nrPages":3},{"dc_format":"application/pdf","dc_identifier":"nl.gm1954.2c.2019.2829649-9.doc.4","dc_source":"https://api1.ibabs.eu/publicdownload.aspx?site=Beekdaelen&id=fdd1cf62-a33d-482b-b919-cb18c1b7d0c7","dc_title":"WOZL 2e begr wijziging","dc_type":"bijlage","foi_fairiscoreVersions":{"v1":5,"v2":5},"foi_fileName":"WOZL%202e%20begr%20wijz.pdf","foi_nrPages":23},{"dc_format":"application/pdf","dc_identifier":"nl.gm1954.2c.2019.2829649-9.doc.5","dc_source":"https://api1.ibabs.eu/publicdownload.aspx?site=Beekdaelen&id=144fec96-136b-49bb-9b97-ea962445b664","dc_title":"WOZL kwartaalrapportage Q2 2019","dc_type":"bijlage","foi_fairiscoreVersions":{"v1":5,"v2":5},"foi_fileName":"WOZL%20kwartaalrapportage%20Q2%202019.pdf","foi_nrPages":19}],"foi_nrDocuments":6,"foi_nrPagesInDossier":47,"foi_publishedDate":"2019-12-03","foi_retrievedDate":"2025-12-03"},{"dc_creator":"HandelingScraper_v1","dc_date_year":2019,"dc_description":"Vergadering van de Gemeente Beekdaelen op 2019-12-04. Onderdeel: Algemeen.","dc_identifier":"nl.gm1954.2c.2019.2829681-1","dc_publisher":"gm1954","dc_source":"https://beekdaelen.bestuurlijkeinformatie.nl/Agenda/Index/0b495fbf-f7f7-4b88-b5dd-b0ecf1b3750f","dc_title":"Raadscommissie (2019 t/m januari 2020) 2019-12-04 - Algemeen","dc_type":"2c","dc_type_description":"Vergaderstuk decentrale overheid","foi_fairiscoreVersions":{"v1":1,"v2":1},"foi_files":[{"dc_format":"application/pdf","dc_identifier":"nl.gm1954.2c.2019.2829681-1.doc.1","dc_source":"https://api1.ibabs.eu/publicdownload.aspx?site=Beekdaelen&id=baecb8b0-b0c2-4aca-b4a9-1ab1a7494b44","dc_title":"Technische vragen CDA cie. 04.12.2019","dc_type":"bijlage","foi_fairiscoreVersions":{"v1":1,"v2":1},"foi_fileName":"Technische%20vragen%20CDA%20cie.%2004.12.2019.pdf","foi_nrPages":7},{"dc_format":"application/pdf","dc_identifier":"nl.gm1954.2c.2019.2829681-1.doc.2","dc_source":"https://api1.ibabs.eu/publicdownload.aspx?site=Beekdaelen&id=d40f4640-dd89-4d37-92f0-4fa0d3d57375","dc_title":"Technische vragen GroenLinks cie. 04.12.2019","dc_type":"bijlage","foi_fairiscoreVersions":{"v1":1,"v2":1},"foi_fileName":"Technische%20vragen%20GL%20commissie%2004-dec-2019.pdf","foi_nrPages":3},{"dc_format":"application/pdf","dc_identifier":"nl.gm1954.2c.2019.2829681-1.doc.3","dc_source":"https://api1.ibabs.eu/publicdownload.aspx?site=Beekdaelen&id=dec09c2e-efa0-4111-ab68-ac73a50d8727","dc_title":"Technische vragen Vernieuwingsgroep cie 04.12.2019","dc_type":"bijlage","foi_fairiscoreVersions":{"v1":1,"v2":1},"foi_fileName":"Technische%20vragen%20Vernieuwingsgroep%20cie%2004.12.2019.pdf","foi_nrPages":3}],"foi_nrDocuments":3,"foi_nrPagesInDossier":13,"foi_publishedDate":"2019-12-04","foi_retrievedDate":"2025-12-02"},{"dc_creator":"HandelingScraper_v1","dc_date_year":2019,"dc_description":"Vergadering van de Gemeente Beekdaelen op 2019-12-04. Onderdeel: Voorstel B&W inzake vaststellen Afvalstoffenverordening 2020.","dc_identifier":"nl.gm1954.2c.2019.2829681-10","dc_publisher":"gm1954","dc_source":"https://beekdaelen.bestuurlijkeinformatie.nl/Agenda/Index/0b495fbf-f7f7-4b88-b5dd-b0ecf1b3750f","dc_title":"Raadscommissie (2019 t/m januari 2020) 2019-12-04 - Voorstel B&W inzake vaststellen Afvalstoffenverordening 2020","dc_type":"2c","dc_type_description":"Vergaderstuk decentrale overheid","foi_fairiscoreVersions":{"v1":2,"v2":1},"foi_files":[{"dc_format":"application/octet-stream","dc_identifier":"nl.gm1954.2c.2019.2829681-10.doc.1","dc_source":"https://api1.ibabs.eu/publicdownload.aspx?site=Beekdaelen&id=01a3149b-a105-4ada-bf1c-ddcb37025b5f","dc_title":"11 Raadscie 4 dec 2019 ap B5 Afvalstoffenverordening - 1e termijn","dc_type":"bijlage","foi_fileName":"11%20Raadscie%204%20dec%202019%20ap%20B5%20Afvalstoffenverordening%20-%201e%20termijn.MP3"},{"dc_format":"application/octet-stream","dc_identifier":"nl.gm1954.2c.2019.2829681-10.doc.2","dc_source":"https://api1.ibabs.eu/publicdownload.aspx?site=Beekdaelen&id=dcfc5e4e-f264-478b-a6c7-2f4ad204754c","dc_title":"12 Raadscie 4 dec 2019 ap B5 Afvalstoffenverordening - 2e termijn","dc_type":"bijlage","foi_fileName":"12%20Raadscie%204%20dec%202019%20ap%20B5%20Afvalstoffenverordening%20-%202e%20termijn.MP3"},{"dc_format":"application/pdf","dc_identifier":"nl.gm1954.2c.2019.2829681-10.doc.5","dc_source":"https://api1.ibabs.eu/publicdownload.aspx?site=Beekdaelen&id=aaf0016e-e689-4b37-831a-85082a351962","dc_title":"Bijlage Afvalstoffenverordening Beekdaelen 2020","dc_type":"bijlage","foi_fairiscoreVersions":{"v1":2,"v2":1},"foi_fileName":"Bijlage%20Afvalstoffenverordening%20Beekdaelen%202020.pdf","foi_nrPages":17},{"dc_format":"application/pdf","dc_identifier":"nl.gm1954.2c.2019.2829681-10.doc.6","dc_source":"https://api1.ibabs.eu/publicdownload.aspx?site=Beekdaelen&id=f60b82fb-8100-413b-92fd-c485e3dbe85a","dc_title":"Bijlage afvalstoffenverordening locatie-overzicht","dc_type":"bijlage","foi_fairiscoreVersions":{"v1":1,"v2":1},"foi_fileName":"Bijlage%20afvalstoffenverordening%20locatie-overzicht.pdf","foi_nrPages":1},{"dc_format":"application/pdf","dc_identifier":"nl.gm1954.2c.2019.2829681-10.doc.4","dc_source":"https://api1.ibabs.eu/publicdownload.aspx?site=Beekdaelen&id=c2c15fb3-2af4-4fdf-9180-53b5872482a1","dc_title":"Concept Raadsbesluit Afvalstoffenverordening Beekdaelen 2020","dc_type":"bijlage","foi_fairiscoreVersions":{"v1":1,"v2":1},"foi_fileName":"Concept%20Raadsbesluit%20Afvalstoffenverordening%20Beekdaelen%202020.pdf","foi_nrPages":1},{"dc_format":"application/pdf","dc_identifier":"nl.gm1954.2c.2019.2829681-10.doc.3","dc_source":"https://api1.ibabs.eu/publicdownload.aspx?site=Beekdaelen&id=4e73af9d-a9b1-4b9c-ab4c-2d5086c735e6","dc_title":"Raadsvoorstel Afvalstoffenverordening Beekdaelen 2020","dc_type":"bijlage","foi_fairiscoreVersions":{"v1":1,"v2":1},"foi_fileName":"Raadsvoorstel%20Afvalstoffenverordening%20Beekdaelen%202020.pdf","foi_nrPages":2},{"dc_format":"application/pdf","dc_identifier":"nl.gm1954.2c.2019.2829681-10.doc.7","dc_source":"https://api1.ibabs.eu/publicdownload.aspx?site=Beekdaelen&id=2f7851c0-9778-4daf-ad61-67242d5fa506","dc_title":"Technische vragen incl. antwoorden cie 4.12.2019 inzake Afvalstoffenverordening","dc_type":"bijlage","foi_fairiscoreVersions":{"v1":1,"v2":1},"foi_fileName":"Technische%20vragen%20incl.%20antwoorden%20cie%204.12.2019%20inzake%20Afvalstoffenverordening.pdf","foi_nrPages":2}],"foi_nrDocuments":7,"foi_nrPagesInDossier":23,"foi_publishedDate":"2019-12-04","foi_retrievedDate":"2026-02-13"},{"dc_creator":"HandelingScraper_v1","dc_date_year":2019,"dc_description":"Vergadering van de Gemeente Beekdaelen op 2019-12-04. Onderdeel: Rondvraag cluster Ruimte.","dc_identifier":"nl.gm1954.2c.2019.2829681-11","dc_publisher":"gm1954","dc_source":"https://beekdaelen.bestuurlijkeinformatie.nl/Agenda/Index/0b495fbf-f7f7-4b88-b5dd-b0ecf1b3750f","dc_title":"Raadscommissie (2019 t/m januari 2020) 2019-12-04 - Rondvraag cluster Ruimte","dc_type":"2c","dc_type_description":"Vergaderstuk decentrale overheid","foi_fairiscoreVersions":{"v1":null,"v2":null},"foi_files":[{"dc_format":"application/octet-stream","dc_identifier":"nl.gm1954.2c.2019.2829681-11.doc.1","dc_source":"https://api1.ibabs.eu/publicdownload.aspx?site=Beekdaelen&id=58148ab7-2ea4-4305-a377-41530e34e221","dc_title":"13 Raadscie 4 dec 2019 ap C Rondvraag Cluster Ruimte","dc_type":"bijlage","foi_fileName":"13%20Raadscie%204%20dec%202019%20ap%20C%20Rondvraag%20Cluster%20Ruimte.MP3"}],"foi_nrDocuments":1,"foi_nrPagesInDossier":0,"foi_publishedDate":"2019-12-04","foi_retrievedDate":"2026-02-05"},{"dc_creator":"HandelingScraper_v1","dc_date_year":2019,"dc_description":"Vergadering van de Gemeente Beekdaelen op 2019-12-04. Onderdeel: Sluiting.","dc_identifier":"nl.gm1954.2c.2019.2829681-12","dc_publisher":"gm1954","dc_source":"https://beekdaelen.bestuurlijkeinformatie.nl/Agenda/Index/0b495fbf-f7f7-4b88-b5dd-b0ecf1b3750f","dc_title":"Raadscommissie (2019 t/m januari 2020) 2019-12-04 - Sluiting","dc_type":"2c","dc_type_description":"Vergaderstuk decentrale overheid","foi_fairiscoreVersions":{"v1":null,"v2":null},"foi_files":[{"dc_format":"application/octet-stream","dc_identifier":"nl.gm1954.2c.2019.2829681-12.doc.1","dc_source":"https://api1.ibabs.eu/publicdownload.aspx?site=Beekdaelen&id=a066960f-6b55-43da-93c5-d97bc081b56f","dc_title":"14 Raadscie 4 dec 2019 ap D Sluiting.MP3","dc_type":"bijlage","foi_fileName":"14%20Raadscie%204%20dec%202019%20ap%20D%20Sluiting.MP3"}],"foi_nrDocuments":1,"foi_nrPagesInDossier":0,"foi_publishedDate":"2019-12-04","foi_retrievedDate":"2026-03-03"},{"dc_creator":"HandelingScraper_v1","dc_date_year":2019,"dc_description":"Vergadering van de Gemeente Beekdaelen op 2019-12-04. Onderdeel: Opening, mededelingen voorzitter en vaststellen agenda.","dc_identifier":"nl.gm1954.2c.2019.2829681-2","dc_publisher":"gm1954","dc_source":"https://beekdaelen.bestuurlijkeinformatie.nl/Agenda/Index/0b495fbf-f7f7-4b88-b5dd-b0ecf1b3750f","dc_title":"Raadscommissie (2019 t/m januari 2020) 2019-12-04 - Opening, mededelingen voorzitter en vaststellen agenda","dc_type":"2c","dc_type_description":"Vergaderstuk decentrale overheid","foi_fairiscoreVersions":{"v1":1,"v2":1},"foi_files":[{"dc_format":"application/octet-stream","dc_identifier":"nl.gm1954.2c.2019.2829681-2.doc.1","dc_source":"https://api1.ibabs.eu/publicdownload.aspx?site=Beekdaelen&id=fb385faf-d6d7-4f55-ad14-1e5c21a7b37c","dc_title":"01 Raadscie 4 dec 2019 ap A1 Opening en vaststelling agenda","dc_type":"bijlage","foi_fileName":"01%20Raadscie%204%20dec%202019%20ap%20A1%20Opening%20en%20vaststelling%20agenda.MP3"},{"dc_format":"application/pdf","dc_identifier":"nl.gm1954.2c.2019.2829681-2.doc.2","dc_source":"https://api1.ibabs.eu/publicdownload.aspx?site=Beekdaelen&id=71c47393-021c-4e0d-8c74-aea49169af9c","dc_title":"Vastgestelde agenda raadscommissie 04 december 2019","dc_type":"bijlage","foi_fairiscoreVersions":{"v1":1,"v2":1},"foi_fileName":"Vastgestelde%20agenda%20raadscommissie%2004%20december%202019.pdf","foi_nrPages":1}],"foi_nrDocuments":2,"foi_nrPagesInDossier":1,"foi_publishedDate":"2019-12-04","foi_retrievedDate":"2026-02-13"},{"dc_creator":"HandelingScraper_v1","dc_date_year":2019,"dc_description":"Vergadering van de Gemeente Beekdaelen op 2019-12-04. Onderdeel: Spreekrecht burgers.","dc_identifier":"nl.gm1954.2c.2019.2829681-3","dc_publisher":"gm1954","dc_source":"https://beekdaelen.bestuurlijkeinformatie.nl/Agenda/Index/0b495fbf-f7f7-4b88-b5dd-b0ecf1b3750f","dc_title":"Raadscommissie (2019 t/m januari 2020) 2019-12-04 - Spreekrecht burgers","dc_type":"2c","dc_type_description":"Vergaderstuk decentrale overheid","foi_fairiscoreVersions":{"v1":null,"v2":null},"foi_files":[{"dc_format":"application/octet-stream","dc_identifier":"nl.gm1954.2c.2019.2829681-3.doc.1","dc_source":"https://api1.ibabs.eu/publicdownload.aspx?site=Beekdaelen&id=26e04a2e-69f8-4a67-8e76-a107b24a86cd","dc_title":"02 Raadscie 4 dec 2019 ap A2 Spreekrecht","dc_type":"bijlage","foi_fileName":"02%20Raadscie%204%20dec%202019%20ap%20A2%20Spreekrecht.MP3"}],"foi_nrDocuments":1,"foi_nrPagesInDossier":0,"foi_publishedDate":"2019-12-04","foi_retrievedDate":"2026-02-12"},{"dc_creator":"HandelingScraper_v1","dc_date_year":2019,"dc_description":"Vergadering van de Gemeente Beekdaelen op 2019-12-04. Onderdeel: Vaststellen actiepuntenlijst van de commissie d.d. 12 november 2019.","dc_identifier":"nl.gm1954.2c.2019.2829681-4","dc_publisher":"gm1954","dc_source":"https://beekdaelen.bestuurlijkeinformatie.nl/Agenda/Index/0b495fbf-f7f7-4b88-b5dd-b0ecf1b3750f","dc_title":"Raadscommissie (2019 t/m januari 2020) 2019-12-04 - Vaststellen actiepuntenlijst van de commissie d.d. 12 november 2019","dc_type":"2c","dc_type_description":"Vergaderstuk decentrale overheid","foi_fairiscoreVersions":{"v1":1,"v2":1},"foi_files":[{"dc_format":"application/octet-stream","dc_identifier":"nl.gm1954.2c.2019.2829681-4.doc.1","dc_source":"https://api1.ibabs.eu/publicdownload.aspx?site=Beekdaelen&id=1ca2b1ba-f4a7-4fe7-9f9e-0697a343aa54","dc_title":"03 Raadscie 4 dec 2019 ap A3 Actiepuntenlijst 12 nov 2019","dc_type":"bijlage","foi_fileName":"03%20Raadscie%204%20dec%202019%20ap%20A3%20Actiepuntenlijst%2012%20nov%202019.MP3"},{"dc_format":"application/pdf","dc_identifier":"nl.gm1954.2c.2019.2829681-4.doc.2","dc_source":"https://api1.ibabs.eu/publicdownload.aspx?site=Beekdaelen&id=f08adc1e-0a10-49a5-987b-e6e5ab5951e1","dc_title":"Concept Actiepuntenlijst cie 12 november 2019","dc_type":"bijlage","foi_fairiscoreVersions":{"v1":1,"v2":1},"foi_fileName":"Actiepuntenlijst%20cie%2012%20november%202019.pdf","foi_nrPages":4}],"foi_nrDocuments":2,"foi_nrPagesInDossier":4,"foi_publishedDate":"2019-12-04","foi_retrievedDate":"2025-11-30"},{"dc_creator":"HandelingScraper_v1","dc_date_year":2019,"dc_description":"Vergadering van de Gemeente Beekdaelen op 2019-12-04. Onderdeel: Mondelinge vervolgvragen terzake gegeven artikel 32 antwoorden.","dc_identifier":"nl.gm1954.2c.2019.2829681-5","dc_publisher":"gm1954","dc_source":"https://beekdaelen.bestuurlijkeinformatie.nl/Agenda/Index/0b495fbf-f7f7-4b88-b5dd-b0ecf1b3750f","dc_title":"Raadscommissie (2019 t/m januari 2020) 2019-12-04 - Mondelinge vervolgvragen terzake gegeven artikel 32 antwoorden","dc_type":"2c","dc_type_description":"Vergaderstuk decentrale overheid","foi_fairiscoreVersions":{"v1":null,"v2":null},"foi_files":[{"dc_format":"application/octet-stream","dc_identifier":"nl.gm1954.2c.2019.2829681-5.doc.1","dc_source":"https://api1.ibabs.eu/publicdownload.aspx?site=Beekdaelen&id=02685e5f-7cd5-4503-bb2f-885f5544d4b9","dc_title":"04 Raadscie 4 dec 2019 ap A4 Vervolgvragen inzake art 32 vragen","dc_type":"bijlage","foi_fileName":"04%20Raadscie%204%20dec%202019%20ap%20A4%20Vervolgvragen%20inzake%20art%2032%20vragen.MP3"}],"foi_nrDocuments":1,"foi_nrPagesInDossier":0,"foi_publishedDate":"2019-12-04","foi_retrievedDate":"2025-12-03"},{"dc_creator":"HandelingScraper_v1","dc_date_year":2019,"dc_description":"Vergadering van de Gemeente Beekdaelen op 2019-12-04. Onderdeel: Voorstel van B&W inzake aan- en verkoop agrarische grond aan de Vloedgraaf te Schinnen.","dc_identifier":"nl.gm1954.2c.2019.2829681-6","dc_publisher":"gm1954","dc_source":"https://beekdaelen.bestuurlijkeinformatie.nl/Agenda/Index/0b495fbf-f7f7-4b88-b5dd-b0ecf1b3750f","dc_title":"Raadscommissie (2019 t/m januari 2020) 2019-12-04 - Voorstel van B&W inzake aan- en verkoop agrarische grond aan de Vloedgraaf te Schinnen","dc_type":"2c","dc_type_description":"Vergaderstuk decentrale overheid","foi_fairiscoreVersions":{"v1":2,"v2":2},"foi_files":[{"dc_format":"application/pdf","dc_identifier":"nl.gm1954.2c.2019.2829681-6.doc.4","dc_source":"https://api1.ibabs.eu/publicdownload.aspx?site=Beekdaelen&id=5adee395-adeb-4107-af26-e02506aa7ac1","dc_title":"Begrotingswijzigingnummer 14","dc_type":"bijlage","foi_fairiscoreVersions":{"v1":1,"v2":1},"foi_fileName":"Begrotingswijzigingnummer%2014.pdf","foi_nrPages":1},{"dc_format":"application/pdf","dc_identifier":"nl.gm1954.2c.2019.2829681-6.doc.3","dc_source":"https://api1.ibabs.eu/publicdownload.aspx?site=Beekdaelen&id=f36c975d-e87a-487e-aca5-f0935539b97c","dc_title":"Kaartje grondtransacties raad","dc_type":"bijlage","foi_fairiscoreVersions":{"v1":5,"v2":5},"foi_fileName":"kaartje%20grondtransacties%20raad.pdf","foi_nrPages":1},{"dc_format":"application/pdf","dc_identifier":"nl.gm1954.2c.2019.2829681-6.doc.2","dc_source":"https://api1.ibabs.eu/publicdownload.aspx?site=Beekdaelen&id=c7b118c0-9d23-49c0-90b9-598e0ef54ada","dc_title":"Raadsbesluit inzake aan- en verkoop agrarische grond aan de Vloedsgraaf te Schinnen","dc_type":"bijlage","foi_fairiscoreVersions":{"v1":1,"v2":1},"foi_fileName":"raadsbesluit%20Vloedsgraaf.pdf","foi_nrPages":1},{"dc_format":"application/pdf","dc_identifier":"nl.gm1954.2c.2019.2829681-6.doc.1","dc_source":"https://api1.ibabs.eu/publicdownload.aspx?site=Beekdaelen&id=f1c46548-7092-4861-8b1f-1428759f0106","dc_title":"Raadsvoorstel inzake aan- en verkoop agrarische grond aan de Vloedsgraaf te Schinnen","dc_type":"bijlage","foi_fairiscoreVersions":{"v1":1,"v2":1},"foi_fileName":"raadsvoorstel%20Vloedsgraaf.pdf","foi_nrPages":3},{"dc_format":"application/pdf","dc_identifier":"nl.gm1954.2c.2019.2829681-6.doc.5","dc_source":"https://api1.ibabs.eu/publicdownload.aspx?site=Beekdaelen&id=d8e67e66-6d3b-480d-8ace-94d5ff609d89","dc_title":"Technische vragen incl. antwoorden cie 4.12.2019 inzake grond Vloedsgraaf","dc_type":"bijlage","foi_fairiscoreVersions":{"v1":1,"v2":1},"foi_fileName":"Technische%20vragen%20incl.%20antwoorden%20cie%204.12.2019%20inzake%20grond%20Vloedsgraaf.pdf","foi_nrPages":1}],"foi_nrDocuments":5,"foi_nrPagesInDossier":7,"foi_publishedDate":"2019-12-04","foi_retrievedDate":"2025-11-29"},{"dc_creator":"HandelingScraper_v1","dc_date_year":2019,"dc_description":"Vergadering van de Gemeente Beekdaelen op 2019-12-04. Onderdeel: Voorstel van B&W inzake vaststellen Mobiliteitsplan Beekdaelen.","dc_identifier":"nl.gm1954.2c.2019.2829681-7","dc_publisher":"gm1954","dc_source":"https://beekdaelen.bestuurlijkeinformatie.nl/Agenda/Index/0b495fbf-f7f7-4b88-b5dd-b0ecf1b3750f","dc_title":"Raadscommissie (2019 t/m januari 2020) 2019-12-04 - Voorstel van B&W inzake vaststellen Mobiliteitsplan Beekdaelen","dc_type":"2c","dc_type_description":"Vergaderstuk decentrale overheid","foi_fairiscoreVersions":{"v1":2,"v2":1},"foi_files":[{"dc_format":"application/octet-stream","dc_identifier":"nl.gm1954.2c.2019.2829681-7.doc.1","dc_source":"https://api1.ibabs.eu/publicdownload.aspx?site=Beekdaelen&id=31c8926c-b167-4548-942a-724ed4f98a0a","dc_title":"05 Raadscie 4 dec 2019 ap B2 Mobiliteitsplan - 1e termijn","dc_type":"bijlage","foi_fileName":"05%20Raadscie%204%20dec%202019%20ap%20B2%20Mobiliteitsplan%20-%201e%20termijn.MP3"},{"dc_format":"application/octet-stream","dc_identifier":"nl.gm1954.2c.2019.2829681-7.doc.2","dc_source":"https://api1.ibabs.eu/publicdownload.aspx?site=Beekdaelen&id=c0ac1621-6a49-4220-824e-e4e6cc1bac2a","dc_title":"06 Raadscie 4 dec 2019 ap B2 Mobiliteitsplan - 2e termijn","dc_type":"bijlage","foi_fileName":"06%20Raadscie%204%20dec%202019%20ap%20B2%20Mobiliteitsplan%20-%202e%20termijn.MP3"},{"dc_format":"application/pdf","dc_identifier":"nl.gm1954.2c.2019.2829681-7.doc.6","dc_source":"https://api1.ibabs.eu/publicdownload.aspx?site=Beekdaelen&id=b001c5a0-9e36-4ff4-8da4-802f274befbe","dc_title":"2019-11-14 Mobiliteitsplan - Zienswijzen","dc_type":"bijlage","foi_fairiscoreVersions":{"v1":1,"v2":1},"foi_fileName":"2019-11-14%20Mobiliteitsplan%20-%20Zienswijzen%20-%20Z19128238%20-%20213384.pdf","foi_nrPages":2},{"dc_format":"application/pdf","dc_identifier":"nl.gm1954.2c.2019.2829681-7.doc.4","dc_source":"https://api1.ibabs.eu/publicdownload.aspx?site=Beekdaelen&id=fe83af2e-04eb-4f02-a2f5-eb463c521ecb","dc_title":"Concept Raadsbesluit inzake vaststellen Mobiliteitsplan Beekdaelen","dc_type":"bijlage","foi_fairiscoreVersions":{"v1":1,"v2":1},"foi_fileName":"Concept%20Raadsbesluit%20Mobiliteitsplan.pdf","foi_nrPages":1},{"dc_format":"application/pdf","dc_identifier":"nl.gm1954.2c.2019.2829681-7.doc.7","dc_source":"https://api1.ibabs.eu/publicdownload.aspx?site=Beekdaelen&id=fcad39f9-44e2-47b2-85cd-d6ddae04e338","dc_title":"Technische vragen incl. antwoorden cie. 4.12.2019 inzake vaststellen Mobiliteitsplan Beekdaelen","dc_type":"bijlage","foi_fairiscoreVersions":{"v1":1,"v2":1},"foi_fileName":"Format%20technische%20vragen%20commissie%204%20december%202019%20vaststellen%20Mobilitei.._.pdf","foi_nrPages":6},{"dc_format":"application/pdf","dc_identifier":"nl.gm1954.2c.2019.2829681-7.doc.5","dc_source":"https://api1.ibabs.eu/publicdownload.aspx?site=Beekdaelen&id=4579806a-1688-4ef7-98b9-ebf432acbb30","dc_title":"Mobiliteitsplan 2020-2030","dc_type":"bijlage","foi_fairiscoreVersions":{"v1":2,"v2":1},"foi_fileName":"Mobiliteitsplan_2020_2030_Z19128238.pdf","foi_nrPages":22},{"dc_format":"application/pdf","dc_identifier":"nl.gm1954.2c.2019.2829681-7.doc.3","dc_source":"https://api1.ibabs.eu/publicdownload.aspx?site=Beekdaelen&id=cfe2d272-ce49-4187-9115-b39a7f1ef5c7","dc_title":"Raadsvoorstel inzake vaststellen Mobiliteitsplan Beekdaelen","dc_type":"bijlage","foi_fairiscoreVersions":{"v1":1,"v2":1},"foi_fileName":"Raadsvoorstel%20Mobiliteitsplan.pdf","foi_nrPages":5}],"foi_nrDocuments":7,"foi_nrPagesInDossier":36,"foi_publishedDate":"2019-12-04","foi_retrievedDate":"2025-12-02"},{"dc_creator":"HandelingScraper_v1","dc_date_year":2019,"dc_description":"Vergadering van de Gemeente Beekdaelen op 2019-12-04. Onderdeel: Voorstel B&W inzake vaststellen Nota Ruimtelijke Kwaliteit gemeente Beekdaelen.","dc_identifier":"nl.gm1954.2c.2019.2829681-8","dc_publisher":"gm1954","dc_source":"https://beekdaelen.bestuurlijkeinformatie.nl/Agenda/Index/0b495fbf-f7f7-4b88-b5dd-b0ecf1b3750f","dc_title":"Raadscommissie (2019 t/m januari 2020) 2019-12-04 - Voorstel B&W inzake vaststellen Nota Ruimtelijke Kwaliteit gemeente Beekdaelen","dc_type":"2c","dc_type_description":"Vergaderstuk decentrale overheid","foi_fairiscoreVersions":{"v1":2,"v2":2},"foi_files":[{"dc_format":"application/octet-stream","dc_identifier":"nl.gm1954.2c.2019.2829681-8.doc.1","dc_source":"https://api1.ibabs.eu/publicdownload.aspx?site=Beekdaelen&id=5f403bc5-0d41-4c17-b5aa-e5dff1093300","dc_title":"07 Raadscie 4 dec 2019 ap B3 Nota Ruimtelijke Kwaliteit - 1e termijn","dc_type":"bijlage","foi_fileName":"07%20Raadscie%204%20dec%202019%20ap%20B3%20Nota%20Ruimtelijke%20Kwaliteit%20-%201e%20termijn.MP3"},{"dc_format":"application/octet-stream","dc_identifier":"nl.gm1954.2c.2019.2829681-8.doc.2","dc_source":"https://api1.ibabs.eu/publicdownload.aspx?site=Beekdaelen&id=faad6f4d-9ab9-40a2-8e67-c3eb6853af63","dc_title":"08 Raadscie 4 dec 2019 ap B3 Nota Ruimtelijke Kwaliteit - 2e termijn","dc_type":"bijlage","foi_fileName":"08%20Raadscie%204%20dec%202019%20ap%20B3%20Nota%20Ruimtelijke%20Kwaliteit%20-%202e%20termijn.MP3"},{"dc_format":"application/pdf","dc_identifier":"nl.gm1954.2c.2019.2829681-8.doc.6","dc_source":"https://api1.ibabs.eu/publicdownload.aspx?site=Beekdaelen&id=8760d1dd-cd11-4351-ba8c-8f19aa9653e0","dc_title":"1 Bijlage 3 Nota Ruimtelijke Kwaliteit gebiedscriteria - Overzichtskaart","dc_type":"bijlage","foi_fairiscoreVersions":{"v1":1,"v2":1},"foi_fileName":"1%20Bijlage%203%20Nota%20Ruimtelijke%20Kwaliteit%20gebiedscriteria%20-%20Overzichtskaart.pdf","foi_nrPages":1},{"dc_format":"application/pdf","dc_identifier":"nl.gm1954.2c.2019.2829681-8.doc.7","dc_source":"https://api1.ibabs.eu/publicdownload.aspx?site=Beekdaelen&id=0769a23a-0b95-4a26-9e47-423ddd4f6ffa","dc_title":"2 Bijlage 3 Nota Ruimtelijke Kwaliteit gebiedscriteria - Onderbanken","dc_type":"bijlage","foi_fairiscoreVersions":{"v1":1,"v2":1},"foi_fileName":"2%20Bijlage%203%20Nota%20Ruimtelijke%20Kwaliteit%20gebiedscriteria%20-%20Onderbanken.pdf","foi_nrPages":1},{"dc_format":"application/pdf","dc_identifier":"nl.gm1954.2c.2019.2829681-8.doc.8","dc_source":"https://api1.ibabs.eu/publicdownload.aspx?site=Beekdaelen&id=17d391a6-1d33-43b9-a6bd-44725161c273","dc_title":"3 Bijlage 3 Nota Ruimtelijke Kwaliteit gebiedscriteria - Schinnen","dc_type":"bijlage","foi_fairiscoreVersions":{"v1":1,"v2":1},"foi_fileName":"3%20Bijlage%203%20Nota%20Ruimtelijke%20Kwaliteit%20gebiedscriteria%20-%20Schinnen.pdf","foi_nrPages":1},{"dc_format":"application/pdf","dc_identifier":"nl.gm1954.2c.2019.2829681-8.doc.9","dc_source":"https://api1.ibabs.eu/publicdownload.aspx?site=Beekdaelen&id=9c9fd779-6ced-4a31-9105-1dfdf1af944d","dc_title":"4 Bijlage 3 Nota Ruimtelijke Kwaliteit gebiedscriteria - Nuth","dc_type":"bijlage","foi_fairiscoreVersions":{"v1":1,"v2":1},"foi_fileName":"4%20Bijlage%203%20Nota%20Ruimtelijke%20Kwaliteit%20gebiedscriteria%20-%20Nuth.pdf","foi_nrPages":1},{"dc_format":"application/pdf","dc_identifier":"nl.gm1954.2c.2019.2829681-8.doc.14","dc_source":"https://api1.ibabs.eu/publicdownload.aspx?site=Beekdaelen&id=10977d4d-4b5a-488a-890e-9b84b7672b31","dc_title":"Technische vragen incl. antwoorden cie. 4.12.2019 inzake vaststellen Nota Ruimtelijke Kwaliteit gemeente Beekdaelen","dc_type":"bijlage","foi_fairiscoreVersions":{"v1":1,"v2":1},"foi_fileName":"Beantwoording%20technische%20vragen%20commissie%204%20december%202019%20vaststellen%20Nota%20ruimtelijke%20kwaliteit.pdf","foi_nrPages":10},{"dc_format":"application/pdf","dc_identifier":"nl.gm1954.2c.2019.2829681-8.doc.10","dc_source":"https://api1.ibabs.eu/publicdownload.aspx?site=Beekdaelen&id=620eeb71-c41f-4375-8f56-6a25e47b5464","dc_title":"Bijlage 4 Beeldkwaliteitsplan De Nuinhofwijk in Nuth","dc_type":"bijlage","foi_fairiscoreVersions":{"v1":2,"v2":1},"foi_fileName":"Bijlage%204%20Beeldkwaliteitsplan%20De%20Nuinhofwijk%20in%20Nuth%20%28losse%20bijlage%29.pdf","foi_nrPages":178},{"dc_format":"application/pdf","dc_identifier":"nl.gm1954.2c.2019.2829681-8.doc.11","dc_source":"https://api1.ibabs.eu/publicdownload.aspx?site=Beekdaelen&id=934f9133-c84b-41ae-b4f2-c9f7ea54d753","dc_title":"Bijlage 5 Beeldkwaliteitsplan De Bavowijk in Nuth","dc_type":"bijlage","foi_fairiscoreVersions":{"v1":2,"v2":1},"foi_fileName":"Bijlage%205%20Beeldkwaliteitsplan%20De%20Bavowijk%20in%20Nuth%20%28losse%20bijlage%29.pdf","foi_nrPages":22},{"dc_format":"application/pdf","dc_identifier":"nl.gm1954.2c.2019.2829681-8.doc.12","dc_source":"https://api1.ibabs.eu/publicdownload.aspx?site=Beekdaelen&id=465fb807-02f0-4c9e-a737-9a66f37f59dd","dc_title":"Bijlage 6 Algemene uitgangspunten en randvoorwaarden beeldkwaliteit bedrijventerrein Rode Beek","dc_type":"bijlage","foi_fairiscoreVersions":{"v1":1,"v2":1},"foi_fileName":"Bijlage%206%20Algemene%20uitgangspunten%20en%20randvoorwaarden%20beeldkwaliteit%20bedrijventerrein%20Rode%20Beek%20%28losse%20bijlage%29.pdf","foi_nrPages":3},{"dc_format":"application/pdf","dc_identifier":"nl.gm1954.2c.2019.2829681-8.doc.13","dc_source":"https://api1.ibabs.eu/publicdownload.aspx?site=Beekdaelen&id=52eb9c9d-faba-4e76-b7fb-6a11e3f57e89","dc_title":"Bijlage 7 Notitie reacties over nota Ruimtelijke Kwaliteit","dc_type":"bijlage","foi_fairiscoreVersions":{"v1":1,"v2":1},"foi_fileName":"Bijlage%207%20Notitie%20reacties%20over%20nota%20Ruimtelijke%20Kwaliteit%20%28losse%20bijlage%29.pdf","foi_nrPages":4},{"dc_format":"application/pdf","dc_identifier":"nl.gm1954.2c.2019.2829681-8.doc.4","dc_source":"https://api1.ibabs.eu/publicdownload.aspx?site=Beekdaelen&id=093911f5-eb9a-4a0d-a88c-49d427b4baf6","dc_title":"Concept Raadsbesluit inzake vaststellen Nota Ruimtelijke Kwaliteit gemeente Beekdaelen","dc_type":"bijlage","foi_fairiscoreVersions":{"v1":1,"v2":1},"foi_fileName":"Concept%20Raadsbesluit%2017%20december%202019.pdf","foi_nrPages":1},{"dc_format":"application/pdf","dc_identifier":"nl.gm1954.2c.2019.2829681-8.doc.5","dc_source":"https://api1.ibabs.eu/publicdownload.aspx?site=Beekdaelen&id=7ef16bd6-d036-49af-8b32-7d7296c72a2e","dc_title":"Definitieve Nota Ruimtelijke Kwaliteit","dc_type":"bijlage","foi_fairiscoreVersions":{"v1":3,"v2":3},"foi_fileName":"Definitieve%20Nota%20Ruimtelijke%20Kwaliteit_20191217%20%28tbv%20vaststelling%29%20definitief%20met%20voorkant%20beekdaelen.pdf","foi_nrPages":66},{"dc_format":"application/pdf","dc_identifier":"nl.gm1954.2c.2019.2829681-8.doc.3","dc_source":"https://api1.ibabs.eu/publicdownload.aspx?site=Beekdaelen&id=81786f53-d1d3-49d3-839d-9d187fe6850b","dc_title":"Raadsvoorstel inzake vaststellen Nota Ruimtelijke Kwaliteit gemeente Beekdaelen","dc_type":"bijlage","foi_fairiscoreVersions":{"v1":1,"v2":1},"foi_fileName":"Raadsvoorstel%20Ruimtelijke%20Kwaliteit%2017%20december%202019.pdf","foi_nrPages":4}],"foi_nrDocuments":14,"foi_nrPagesInDossier":292,"foi_publishedDate":"2019-12-04","foi_retrievedDate":"2026-03-02"},{"dc_creator":"HandelingScraper_v1","dc_date_year":2019,"dc_description":"Vergadering van de Gemeente Beekdaelen op 2019-12-04. Onderdeel: Voorstel B&W inzake vaststellen Ambitiedocument Omgevingswet.","dc_identifier":"nl.gm1954.2c.2019.2829681-9","dc_publisher":"gm1954","dc_source":"https://beekdaelen.bestuurlijkeinformatie.nl/Agenda/Index/0b495fbf-f7f7-4b88-b5dd-b0ecf1b3750f","dc_title":"Raadscommissie (2019 t/m januari 2020) 2019-12-04 - Voorstel B&W inzake vaststellen Ambitiedocument Omgevingswet","dc_type":"2c","dc_type_description":"Vergaderstuk decentrale overheid","foi_fairiscoreVersions":{"v1":1,"v2":1},"foi_files":[{"dc_format":"application/octet-stream","dc_identifier":"nl.gm1954.2c.2019.2829681-9.doc.1","dc_source":"https://api1.ibabs.eu/publicdownload.aspx?site=Beekdaelen&id=b94ebeaf-b151-4619-82ec-9609b5fa26e0","dc_title":"09 Raadscie 4 dec 2019 ap B4 Ambitiedocument Omgevingswet - 1e termijn","dc_type":"bijlage","foi_fileName":"09%20Raadscie%204%20dec%202019%20ap%20B4%20Ambitiedocument%20Omgevingswet%20-%201e%20termijn.MP3"},{"dc_format":"application/octet-stream","dc_identifier":"nl.gm1954.2c.2019.2829681-9.doc.2","dc_source":"https://api1.ibabs.eu/publicdownload.aspx?site=Beekdaelen&id=78a9817b-c9e0-429b-a7c6-ce606ca16ad0","dc_title":"10 Raadscie 4 dec 2019 ap B4 Ambitiedocument Omgevingswet - 2e termijn","dc_type":"bijlage","foi_fileName":"10%20Raadscie%204%20dec%202019%20ap%20B4%20Ambitiedocument%20Omgevingswet%20-%202e%20termijn.MP3"},{"dc_format":"application/pdf","dc_identifier":"nl.gm1954.2c.2019.2829681-9.doc.5","dc_source":"https://api1.ibabs.eu/publicdownload.aspx?site=Beekdaelen&id=718a6af5-4e34-4f1e-a363-d3f5bfc956e9","dc_title":"Ambitiedocument Omgevingswet","dc_type":"bijlage","foi_fairiscoreVersions":{"v1":1,"v2":1},"foi_fileName":"Ambitiedocument%20Omgevingswet.pdf","foi_nrPages":8},{"dc_format":"application/pdf","dc_identifier":"nl.gm1954.2c.2019.2829681-9.doc.4","dc_source":"https://api1.ibabs.eu/publicdownload.aspx?site=Beekdaelen&id=809bf439-a158-4bb2-bec8-99f3aa4d628e","dc_title":"Concept Raadsbesluit Ambitiedocument Omgevingswet Beekdaelen","dc_type":"bijlage","foi_fairiscoreVersions":{"v1":1,"v2":1},"foi_fileName":"Concept%20Raadsbesluit%20Ambitiedocument%20Omgevingswet%20Beekdaelen.pdf","foi_nrPages":1},{"dc_format":"application/pdf","dc_identifier":"nl.gm1954.2c.2019.2829681-9.doc.3","dc_source":"https://api1.ibabs.eu/publicdownload.aspx?site=Beekdaelen&id=6087d6b0-e047-4ad4-8142-bffab6591c07","dc_title":"Raadsvoorstel Ambitiedocument Omgevingswet Beekdaelen","dc_type":"bijlage","foi_fairiscoreVersions":{"v1":1,"v2":1},"foi_fileName":"Raadsvoorstel%20Ambitiedocument%20Omgevingswet%20Beekdaelen.pdf","foi_nrPages":2},{"dc_format":"application/pdf","dc_identifier":"nl.gm1954.2c.2019.2829681-9.doc.6","dc_source":"https://api1.ibabs.eu/publicdownload.aspx?site=Beekdaelen&id=dcbeeec8-b3fa-4eae-8043-9f094898f414","dc_title":"Technische vragen incl. antwoorden cie 4.12.2019 Ambitiedocument Omgevingswet Beekdaelen","dc_type":"bijlage","foi_fairiscoreVersions":{"v1":1,"v2":1},"foi_fileName":"Technische%20vragen%20incl.%20antwoorden%20cie%204.12.2019%20ambitiedocument%20Omgevingswet.pdf","foi_nrPages":2}],"foi_nrDocuments":6,"foi_nrPagesInDossier":13,"foi_publishedDate":"2019-12-04","foi_retrievedDate":"2026-03-06"},{"dc_creator":"HandelingScraper_v1","dc_date_year":2019,"dc_description":"Vergadering van de Gemeente Beekdaelen op 2019-12-17. Onderdeel: Opening.","dc_identifier":"nl.gm1954.2c.2019.2829819-1","dc_publisher":"gm1954","dc_source":"https://beekdaelen.bestuurlijkeinformatie.nl/Agenda/Index/f76f3482-4635-4c30-9fd9-7c4137c620e5","dc_title":"Raadsvergadering 2019-12-17 - Opening","dc_type":"2c","dc_type_description":"Vergaderstuk decentrale overheid","foi_fairiscoreVersions":{"v1":null,"v2":null},"foi_files":[{"dc_format":"application/octet-stream","dc_identifier":"nl.gm1954.2c.2019.2829819-1.doc.1","dc_source":"https://api1.ibabs.eu/publicdownload.aspx?site=Beekdaelen&id=4f558bf2-f1fd-49ee-a8cf-4b70396fa10c","dc_title":"01 Raad 17 dec 2019 ap 1 Opening tm 3 besluitenlijst 26 nov 2019","dc_type":"bijlage","foi_fileName":"01%20Raad%2017%20dec%202019%20ap%201%20Opening%20tm%203%20besluitenlijst%2026%20nov%202019.MP3"}],"foi_nrDocuments":1,"foi_nrPagesInDossier":0,"foi_publishedDate":"2019-12-17","foi_retrievedDate":"2025-11-30"},{"dc_creator":"HandelingScraper_v1","dc_date_year":2019,"dc_description":"Vergadering van de Gemeente Beekdaelen op 2019-12-17. Onderdeel: Voorstel inzake advies Commissariaat voor de Media inzake zendmachtiging ZO-NWS.","dc_identifier":"nl.gm1954.2c.2019.2829819-10","dc_publisher":"gm1954","dc_source":"https://beekdaelen.bestuurlijkeinformatie.nl/Agenda/Index/f76f3482-4635-4c30-9fd9-7c4137c620e5","dc_title":"Raadsvergadering 2019-12-17 - Voorstel inzake advies Commissariaat voor de Media inzake zendmachtiging ZO-NWS","dc_type":"2c","dc_type_description":"Vergaderstuk decentrale overheid","foi_fairiscoreVersions":{"v1":4,"v2":4},"foi_files":[{"dc_format":"application/pdf","dc_identifier":"nl.gm1954.2c.2019.2829819-10.doc.3","dc_source":"https://api1.ibabs.eu/publicdownload.aspx?site=Beekdaelen&id=cfe00b19-e303-404b-a3b6-7b45bf4a0cbf","dc_title":"bijlage 1 redactiestatuut","dc_type":"bijlage","foi_fairiscoreVersions":{"v1":5,"v2":5},"foi_fileName":"bijlage%201%20redactiestatuut.pdf","foi_nrPages":5},{"dc_format":"application/pdf","dc_identifier":"nl.gm1954.2c.2019.2829819-10.doc.4","dc_source":"https://api1.ibabs.eu/publicdownload.aspx?site=Beekdaelen&id=412e831a-4ef5-4a80-a9ad-afb1dd937821","dc_title":"bijlage 3 uittreksel KVK","dc_type":"bijlage","foi_fairiscoreVersions":{"v1":5,"v2":5},"foi_fileName":"bijlage%203%20uittreksel%20KVK.pdf","foi_nrPages":2},{"dc_format":"application/pdf","dc_identifier":"nl.gm1954.2c.2019.2829819-10.doc.5","dc_source":"https://api1.ibabs.eu/publicdownload.aspx?site=Beekdaelen&id=ca3bf238-2601-4f28-9333-c40703b53f56","dc_title":"bijlage 4 overzicht samenstelling PBO","dc_type":"bijlage","foi_fairiscoreVersions":{"v1":5,"v2":5},"foi_fileName":"bijlage%204%20overzicht%20samenstelling%20PBO.pdf","foi_nrPages":2},{"dc_format":"application/pdf","dc_identifier":"nl.gm1954.2c.2019.2829819-10.doc.6","dc_source":"https://api1.ibabs.eu/publicdownload.aspx?site=Beekdaelen&id=29e52627-04ce-4ea0-90a8-dac778cc4fbc","dc_title":"bijlage 5 aanvraag aanwijzing lokale publiek mediainstelling","dc_type":"bijlage","foi_fairiscoreVersions":{"v1":5,"v2":5},"foi_fileName":"bijlage%205%20aanvraag%20aanwijzing%20lokale%20publiek%20mediainstelling.pdf","foi_nrPages":1},{"dc_format":"application/pdf","dc_identifier":"nl.gm1954.2c.2019.2829819-10.doc.7","dc_source":"https://api1.ibabs.eu/publicdownload.aspx?site=Beekdaelen&id=28ffc4d1-c831-46ab-8ebb-27510e60ca10","dc_title":"bijlage 6 adviesaanvraag commissariaat voor de media","dc_type":"bijlage","foi_fairiscoreVersions":{"v1":5,"v2":5},"foi_fileName":"bijlage%206%20adviesaanvraag%20commissariaat%20voor%20de%20media.pdf","foi_nrPages":3},{"dc_format":"application/pdf","dc_identifier":"nl.gm1954.2c.2019.2829819-10.doc.1","dc_source":"https://api1.ibabs.eu/publicdownload.aspx?site=Beekdaelen&id=9f0bb851-87ec-4a8d-8859-49cd2da6dc7c","dc_title":"Raadsvoorstel inzake advies Commissariaat voor de Media gebiedsuitbreiding ZO-NWS","dc_type":"bijlage","foi_fairiscoreVersions":{"v1":1,"v2":1},"foi_fileName":"Raadsvoorstel%20gebiedsuitbreiding%20ZO-NWS.pdf","foi_nrPages":4},{"dc_format":"application/pdf","dc_identifier":"nl.gm1954.2c.2019.2829819-10.doc.2","dc_source":"https://api1.ibabs.eu/publicdownload.aspx?site=Beekdaelen&id=110e5de0-d3fb-41dc-b95b-10e85249f463","dc_title":"Raadsbesluit advies Commissariaat voor de Media mbt zendmachtiging ZO-NWS vastgesteld raad 17122019","dc_type":"bijlage","foi_fairiscoreVersions":{"v1":1,"v2":1},"foi_fileName":"RB%20advies%20Commissariaat%20voor%20de%20Media%20mbt%20zendmachtiging%20ZO-NWS%20vastgesteld%20raad%2017122019.pdf","foi_nrPages":1}],"foi_nrDocuments":7,"foi_nrPagesInDossier":18,"foi_publishedDate":"2019-12-17","foi_retrievedDate":"2025-12-01"},{"dc_creator":"HandelingScraper_v1","dc_date_year":2019,"dc_description":"Vergadering van de Gemeente Beekdaelen op 2019-12-17. Onderdeel: Voorstel inzake vaststellen Afvalstoffenverordening 2020.","dc_identifier":"nl.gm1954.2c.2019.2829819-11","dc_publisher":"gm1954","dc_source":"https://beekdaelen.bestuurlijkeinformatie.nl/Agenda/Index/f76f3482-4635-4c30-9fd9-7c4137c620e5","dc_title":"Raadsvergadering 2019-12-17 - Voorstel inzake vaststellen Afvalstoffenverordening 2020","dc_type":"2c","dc_type_description":"Vergaderstuk decentrale overheid","foi_fairiscoreVersions":{"v1":2,"v2":1},"foi_files":[{"dc_format":"application/pdf","dc_identifier":"nl.gm1954.2c.2019.2829819-11.doc.3","dc_source":"https://api1.ibabs.eu/publicdownload.aspx?site=Beekdaelen&id=555ffc48-85f2-4816-862b-1785071e40da","dc_title":"Afvalstoffenverordening Beekdaelen 2020 vastgesteld raad 17122019","dc_type":"bijlage","foi_fairiscoreVersions":{"v1":2,"v2":1},"foi_fileName":"Afvalstoffenverordening%20Beekdaelen%202020%20vastgesteld%20raad%2017122019.pdf","foi_nrPages":18},{"dc_format":"application/pdf","dc_identifier":"nl.gm1954.2c.2019.2829819-11.doc.4","dc_source":"https://api1.ibabs.eu/publicdownload.aspx?site=Beekdaelen&id=ce00cfbb-66c0-404d-a3df-396123116ee4","dc_title":"Bijlage afvalstoffenverordening locatie-overzicht","dc_type":"bijlage","foi_fairiscoreVersions":{"v1":1,"v2":1},"foi_fileName":"Bijlage%20afvalstoffenverordening%20locatie-overzicht.pdf","foi_nrPages":1},{"dc_format":"application/pdf","dc_identifier":"nl.gm1954.2c.2019.2829819-11.doc.1","dc_source":"https://api1.ibabs.eu/publicdownload.aspx?site=Beekdaelen&id=a88b478d-70bd-49c9-8078-4ad61fad1605","dc_title":"Raadsvoorstel Afvalstoffenverordening Beekdaelen 2020","dc_type":"bijlage","foi_fairiscoreVersions":{"v1":1,"v2":1},"foi_fileName":"Raadsvoorstel%20Afvalstoffenverordening%20Beekdaelen%202020.pdf","foi_nrPages":2},{"dc_format":"application/pdf","dc_identifier":"nl.gm1954.2c.2019.2829819-11.doc.2","dc_source":"https://api1.ibabs.eu/publicdownload.aspx?site=Beekdaelen&id=b6c165ef-5795-4b18-b97d-bd1e0ab35e2a","dc_title":"Raadsbesluit vaststellen Afvalstoffenverordening 2020  vastgesteld raad 17122019","dc_type":"bijlage","foi_fairiscoreVersions":{"v1":1,"v2":1},"foi_fileName":"RB%20vaststellen%20Afvalstoffenverordening%202020%20%20vastgesteld%20raad%2017122019.pdf","foi_nrPages":1}],"foi_nrDocuments":4,"foi_nrPagesInDossier":22,"foi_publishedDate":"2019-12-17","foi_retrievedDate":"2026-02-05"},{"dc_creator":"HandelingScraper_v1","dc_date_year":2019,"dc_description":"Vergadering van de Gemeente Beekdaelen op 2019-12-17. Onderdeel: Voorstel inzake Stadsregio Parkstad Limburg.","dc_identifier":"nl.gm1954.2c.2019.2829819-12","dc_publisher":"gm1954","dc_source":"https://beekdaelen.bestuurlijkeinformatie.nl/Agenda/Index/f76f3482-4635-4c30-9fd9-7c4137c620e5","dc_title":"Raadsvergadering 2019-12-17 - Voorstel inzake Stadsregio Parkstad Limburg","dc_type":"2c","dc_type_description":"Vergaderstuk decentrale overheid","foi_fairiscoreVersions":{"v1":3,"v2":3},"foi_files":[{"dc_format":"application/octet-stream","dc_identifier":"nl.gm1954.2c.2019.2829819-12.doc.1","dc_source":"https://api1.ibabs.eu/publicdownload.aspx?site=Beekdaelen&id=44a2ff8d-5ca6-4056-bc44-63288aa3ec9f","dc_title":"03 Raad 17 dec 2019 ap 5.1 Stadsregio Parkstad Limburg tot schorsing.MP3","dc_type":"bijlage","foi_fileName":"03%20Raad%2017%20dec%202019%20ap%205.1%20Stadsregio%20Parkstad%20Limburg%20tot%20schorsing.MP3"},{"dc_format":"application/octet-stream","dc_identifier":"nl.gm1954.2c.2019.2829819-12.doc.2","dc_source":"https://api1.ibabs.eu/publicdownload.aspx?site=Beekdaelen&id=3abaf836-dd48-4ff9-b4f0-349b4b04e531","dc_title":"04 Raad 17 dec 2019 ap 5.1 Stadsregio Parkstad Limburg na schorsing.MP3","dc_type":"bijlage","foi_fileName":"04%20Raad%2017%20dec%202019%20ap%205.1%20Stadsregio%20Parkstad%20Limburg%20na%20schorsing.MP3"},{"dc_format":"application/pdf","dc_identifier":"nl.gm1954.2c.2019.2829819-12.doc.10","dc_source":"https://api1.ibabs.eu/publicdownload.aspx?site=Beekdaelen&id=367f4792-bb61-42d3-a780-ef0616ec33df","dc_title":"Parkstad 20191204 Facts and Figures PL m.b.t. Beekdaelen","dc_type":"bijlage","foi_fairiscoreVersions":{"v1":1,"v2":1},"foi_fileName":"20191204%20Facts%20and%20Figures%20PL%20m.b.t.%20Beekdaelen.pdf","foi_nrPages":4},{"dc_format":"application/pdf","dc_identifier":"nl.gm1954.2c.2019.2829819-12.doc.9","dc_source":"https://api1.ibabs.eu/publicdownload.aspx?site=Beekdaelen&id=283bef08-8615-4149-a178-2fd42e2abd19","dc_title":"Parkstad 20191206 Parkstad en Beekdaelen algemene informatie","dc_type":"bijlage","foi_fairiscoreVersions":{"v1":1,"v2":1},"foi_fileName":"20191206%20Parkstad%20en%20Beekdaelen.pdf","foi_nrPages":4},{"dc_format":"application/pdf","dc_identifier":"nl.gm1954.2c.2019.2829819-12.doc.5","dc_source":"https://api1.ibabs.eu/publicdownload.aspx?site=Beekdaelen&id=a6e12744-d8c2-4ca2-9c02-622e7f75028c","dc_title":"Amendement D66 parkstad INGETROKKEN.pdf","dc_type":"bijlage","foi_fairiscoreVersions":{"v1":1,"v2":1},"foi_fileName":"Amendement%20D66%20parkstad%20INGETROKKEN.pdf","foi_nrPages":1},{"dc_format":"application/pdf","dc_identifier":"nl.gm1954.2c.2019.2829819-12.doc.19","dc_source":"https://api1.ibabs.eu/publicdownload.aspx?site=Beekdaelen&id=4fa5022c-b89b-4380-a4aa-78e22576e177","dc_title":"Amendement GR stadsregio Parkstad juridisch VERVALLEN zie versie definitief","dc_type":"bijlage","foi_fairiscoreVersions":{"v1":2,"v2":1},"foi_fileName":"Amendement%20GR%20stadsregio%20Parkstad%20juridisch.pdf","foi_nrPages":2},{"dc_format":"application/pdf","dc_identifier":"nl.gm1954.2c.2019.2829819-12.doc.6","dc_source":"https://api1.ibabs.eu/publicdownload.aspx?site=Beekdaelen&id=5aca02a7-4704-4153-867f-31f68cdc2c55","dc_title":"Amendement GR stadsregio Parkstad juridisch definitief AANGENOMEN.pdf","dc_type":"bijlage","foi_fairiscoreVersions":{"v1":1,"v2":1},"foi_fileName":"Amendement%20GR%20stadsregio%20Parkstad%20juridisch%20definitief%20AANGENOMEN.pdf","foi_nrPages":2},{"dc_format":"application/pdf","dc_identifier":"nl.gm1954.2c.2019.2829819-12.doc.12","dc_source":"https://api1.ibabs.eu/publicdownload.aspx?site=Beekdaelen&id=62837310-d0ae-4b4d-af91-30e2f375b9e7","dc_title":"Beantwoording technische vragen Groen Links inzake  Grip op GRen 3-12-2019","dc_type":"bijlage","foi_fairiscoreVersions":{"v1":1,"v2":1},"foi_fileName":"Beantwoording%20technische%20vragen%20Groen%20Links%20inzake%20%20Grip%20op%20GRen%203-12-2019.pdf","foi_nrPages":2},{"dc_format":"application/pdf","dc_identifier":"nl.gm1954.2c.2019.2829819-12.doc.16","dc_source":"https://api1.ibabs.eu/publicdownload.aspx?site=Beekdaelen&id=a2cc1a05-0f83-485d-9b3c-ba71e0edbd8a","dc_title":"Bijlage 14a - Voorstel projectgroep herindeling aan stuurgroep ONS inzake uitwerking strat. actieplan Zuid-Limburg","dc_type":"bijlage","foi_fairiscoreVersions":{"v1":1,"v2":1},"foi_fileName":"Bijlage%2014a%20-%20Voorstel%20uitwerking%20strat.%20actieplan%20Zuid-Limburg.pdf","foi_nrPages":3},{"dc_format":"application/pdf","dc_identifier":"nl.gm1954.2c.2019.2829819-12.doc.17","dc_source":"https://api1.ibabs.eu/publicdownload.aspx?site=Beekdaelen&id=66fc7aab-cbbf-4c4b-ab93-7c584623a9a6","dc_title":"Bijlage 14c - Gezamenlijk collegevoorstel Groene gemeenten ZL strategisch ontwikkelplan groene hart Zuid-Limburg","dc_type":"bijlage","foi_fairiscoreVersions":{"v1":1,"v2":1},"foi_fileName":"Bijlage%2014c%20-%20Gezamenlijk%20collegevoorstel%20strategisch%20ontwikkelplan%20groene%20hart%20van%20Zuid-Limburg.pdf","foi_nrPages":2},{"dc_format":"application/pdf","dc_identifier":"nl.gm1954.2c.2019.2829819-12.doc.11","dc_source":"https://api1.ibabs.eu/publicdownload.aspx?site=Beekdaelen&id=986f79d8-b8b2-409d-9c82-6455b99177ee","dc_title":"Brief Belangenvereniging Bedrijventerrein Nuth inzake uittreden uit Stadsregio Parkstad Limburg","dc_type":"bijlage","foi_fairiscoreVersions":{"v1":5,"v2":5},"foi_fileName":"Brief%20Belangenvereniging%20Bedrijventerrein%20Nuth%20inzake%20uittreden%20uit%20Stadsregio%20Parkstad%20Limburg.pdf","foi_nrPages":2},{"dc_format":"application/pdf","dc_identifier":"nl.gm1954.2c.2019.2829819-12.doc.13","dc_source":"https://api1.ibabs.eu/publicdownload.aspx?site=Beekdaelen&id=7b5ea4b7-c847-4835-9a25-20a796177b6a","dc_title":"Brief GS aan gemeente Beekdaelen d.d. 13 juni 2019 inzake verlenging termijn Arhi","dc_type":"bijlage","foi_fairiscoreVersions":{"v1":5,"v2":5},"foi_fileName":"Brief%20GS%2013%20juni%202019.pdf","foi_nrPages":1},{"dc_format":"application/pdf","dc_identifier":"nl.gm1954.2c.2019.2829819-12.doc.14","dc_source":"https://api1.ibabs.eu/publicdownload.aspx?site=Beekdaelen&id=f45b49d9-5d98-47b6-bdcb-d3b342e22820","dc_title":"brief GS  aan gemeenten ZL inzake deelname Beekdaelen aan gem reg dd 9 juli 2019","dc_type":"bijlage","foi_fairiscoreVersions":{"v1":5,"v2":5},"foi_fileName":"brief%20over%20GS%20%20deelname%20Beekdaelen%20aan%20gem%20reg%20dd%209%20juli%202019.pdf","foi_nrPages":2},{"dc_format":"application/pdf","dc_identifier":"nl.gm1954.2c.2019.2829819-12.doc.15","dc_source":"https://api1.ibabs.eu/publicdownload.aspx?site=Beekdaelen&id=08441654-d54f-49f5-9724-437e83b132bd","dc_title":"brief Prov aan gemeenten ZL inzake regionale samenwerking in Limburg d.d. 22-10-2019","dc_type":"bijlage","foi_fairiscoreVersions":{"v1":5,"v2":5},"foi_fileName":"brief%20Prov%20reg.%20samenwerking%2022-10-2019.pdf","foi_nrPages":5},{"dc_format":"application/pdf","dc_identifier":"nl.gm1954.2c.2019.2829819-12.doc.18","dc_source":"https://api1.ibabs.eu/publicdownload.aspx?site=Beekdaelen&id=07095098-dbba-4d23-ae59-96695e6a4ff2","dc_title":"Brief provincie inzake uitstel ihkv wet Arhi","dc_type":"bijlage","foi_fairiscoreVersions":{"v1":5,"v2":5},"foi_fileName":"Brief%20provincie%20inzake%20uitstel%20ihkv%20wet%20Arhi.pdf","foi_nrPages":1},{"dc_format":"application/pdf","dc_identifier":"nl.gm1954.2c.2019.2829819-12.doc.7","dc_source":"https://api1.ibabs.eu/publicdownload.aspx?site=Beekdaelen&id=09fd4653-3352-49e3-b4f2-ecacbeb49387","dc_title":"Geamendeerd raadsbesluit GR Stadsregio Parkstad Limburg 17122019","dc_type":"bijlage","foi_fairiscoreVersions":{"v1":1,"v2":1},"foi_fileName":"Geamendeerd%20raadsbesluit%20GR%20Stadsregio%20Parkstad%20Limburg%2017122019.pdf","foi_nrPages":1},{"dc_format":"application/pdf","dc_identifier":"nl.gm1954.2c.2019.2829819-12.doc.8","dc_source":"https://api1.ibabs.eu/publicdownload.aspx?site=Beekdaelen&id=1bd6cec8-990d-47a4-aa5e-c0cb1772a1cb","dc_title":"GR PSL","dc_type":"bijlage","foi_fairiscoreVersions":{"v1":5,"v2":5},"foi_fileName":"GR%20PSL.pdf","foi_nrPages":15},{"dc_format":"application/pdf","dc_identifier":"nl.gm1954.2c.2019.2829819-12.doc.3","dc_source":"https://api1.ibabs.eu/publicdownload.aspx?site=Beekdaelen&id=b8ec9dec-b5e2-4bb2-8e7f-281a842eff51","dc_title":"Raadsvoorstel GR Stadsregio Parkstad Limburg versie 8 nov.","dc_type":"bijlage","foi_fairiscoreVersions":{"v1":1,"v2":1},"foi_fileName":"Raadsvoorstel%20keuze%20al%20dan%20niet%20continueren%20deelname%20GR%20Stadsregio%20Parkstad%20Limburg%20versie%2011%20nov.pdf","foi_nrPages":9},{"dc_format":"application/pdf","dc_identifier":"nl.gm1954.2c.2019.2829819-12.doc.4","dc_source":"https://api1.ibabs.eu/publicdownload.aspx?site=Beekdaelen&id=ddc95e46-75bb-4231-826b-cfacd6e086f5","dc_title":"Subamendement Beekdaelen Lokaal inzake GR Parkstad INGETROKKEN.pdf","dc_type":"bijlage","foi_fairiscoreVersions":{"v1":1,"v2":1},"foi_fileName":"Subamendement%20Beekdaelen%20Lokaal%20inzake%20GR%20Parkstad%20INGETROKKEN.pdf","foi_nrPages":1}],"foi_nrDocuments":19,"foi_nrPagesInDossier":57,"foi_publishedDate":"2019-12-17","foi_retrievedDate":"2026-02-05"},{"dc_creator":"HandelingScraper_v1","dc_date_year":2019,"dc_description":"Vergadering van de Gemeente Beekdaelen op 2019-12-17. Onderdeel: Voorstel inzake gemeenschappelijke regelingen ISD Kompas en ISD BOL.","dc_identifier":"nl.gm1954.2c.2019.2829819-13","dc_publisher":"gm1954","dc_source":"https://beekdaelen.bestuurlijkeinformatie.nl/Agenda/Index/f76f3482-4635-4c30-9fd9-7c4137c620e5","dc_title":"Raadsvergadering 2019-12-17 - Voorstel inzake gemeenschappelijke regelingen ISD Kompas en ISD BOL","dc_type":"2c","dc_type_description":"Vergaderstuk decentrale overheid","foi_fairiscoreVersions":{"v1":3,"v2":3},"foi_files":[{"dc_format":"application/octet-stream","dc_identifier":"nl.gm1954.2c.2019.2829819-13.doc.1","dc_source":"https://api1.ibabs.eu/publicdownload.aspx?site=Beekdaelen&id=ce17d83b-d741-4eb8-b961-fdd0c7fe6f27","dc_title":"05 Raad 17 dec 2019 ap 5.2 ISD kompas en ISD BOL 1e termijn - tot 1e schorsing.MP3","dc_type":"bijlage","foi_fileName":"05%20Raad%2017%20dec%202019%20ap%205.2%20ISD%20kompas%20en%20ISD%20BOL%201e%20termijn%20-%20tot%201e%20schorsing.MP3"},{"dc_format":"application/octet-stream","dc_identifier":"nl.gm1954.2c.2019.2829819-13.doc.2","dc_source":"https://api1.ibabs.eu/publicdownload.aspx?site=Beekdaelen&id=b6e392a6-7618-4b6e-be10-861621607c81","dc_title":"06 Raad 17 dec 2019 ap 5.2 ISD Kompas en ISD BOL - tot 2e schorsing.MP3","dc_type":"bijlage","foi_fileName":"06%20Raad%2017%20dec%202019%20ap%205.2%20ISD%20Kompas%20en%20ISD%20BOL%20-%20tot%202e%20schorsing.MP3"},{"dc_format":"application/octet-stream","dc_identifier":"nl.gm1954.2c.2019.2829819-13.doc.3","dc_source":"https://api1.ibabs.eu/publicdownload.aspx?site=Beekdaelen&id=b2face65-2f18-49a0-b621-50984bfb3b36","dc_title":"07 Raad 17 dec 2019 ap 5.2 ISD Kompas en ISD BOL - na 2e schorsing.MP3","dc_type":"bijlage","foi_fileName":"07%20Raad%2017%20dec%202019%20ap%205.2%20ISD%20Kompas%20en%20ISD%20BOL%20-%20na%202e%20schorsing.MP3"},{"dc_format":"application/pdf","dc_identifier":"nl.gm1954.2c.2019.2829819-13.doc.13","dc_source":"https://api1.ibabs.eu/publicdownload.aspx?site=Beekdaelen&id=160bb3e2-ae33-47c7-b49c-47522314ceff","dc_title":"Brief van Provincie Limburg verlenging termijn art. 41 lid 4 Wet arhi.","dc_type":"bijlage","foi_fairiscoreVersions":{"v1":5,"v2":5},"foi_fileName":"16.a%20Provincie%20Limburg%20verlening%20termijn%20ar%20art.%2041%20lid%204%20Wet%20arhi.pdf","foi_nrPages":1},{"dc_format":"application/pdf","dc_identifier":"nl.gm1954.2c.2019.2829819-13.doc.5","dc_source":"https://api1.ibabs.eu/publicdownload.aspx?site=Beekdaelen&id=f99e5927-c20d-4dbf-954e-beff18bb1cda","dc_title":"Raadsvoorstel GR Kompas en BOL t.b.v. raad december","dc_type":"bijlage","foi_fairiscoreVersions":{"v1":2,"v2":1},"foi_fileName":"215508_1%20Raadsvoorstel.pdf","foi_nrPages":10},{"dc_format":"application/pdf","dc_identifier":"nl.gm1954.2c.2019.2829819-13.doc.10","dc_source":"https://api1.ibabs.eu/publicdownload.aspx?site=Beekdaelen&id=cc4a59ad-2198-4e14-98bf-569f90a2b12c","dc_title":"Brief van college Beekdaelen aan gemeente Simpelveld","dc_type":"bijlage","foi_fairiscoreVersions":{"v1":1,"v2":1},"foi_fileName":"215509_1%20Brief%20Simpelveld.pdf","foi_nrPages":2},{"dc_format":"application/pdf","dc_identifier":"nl.gm1954.2c.2019.2829819-13.doc.11","dc_source":"https://api1.ibabs.eu/publicdownload.aspx?site=Beekdaelen&id=643d539b-d578-4191-b124-5e218a56a59e","dc_title":"Brief van college Beekdaelen aan gemeente Voerendaal","dc_type":"bijlage","foi_fairiscoreVersions":{"v1":1,"v2":1},"foi_fileName":"215510_1%20brief%20voerendaal.pdf","foi_nrPages":2},{"dc_format":"application/pdf","dc_identifier":"nl.gm1954.2c.2019.2829819-13.doc.15","dc_source":"https://api1.ibabs.eu/publicdownload.aspx?site=Beekdaelen&id=5081046c-e2e9-4b78-935e-de83a5641cf6","dc_title":"Brief van Gemeente Simpelveld m.b.t. RV GR-en ISD Kompas en ISD BOL","dc_type":"bijlage","foi_fairiscoreVersions":{"v1":2,"v2":2},"foi_fileName":"31.a%20Brief%20Gemeente%20Simpelveld%20m.b.t.%20RV%20GR-en%20ISD%20Kompas%20en%20ISD%20BOL.pdf","foi_nrPages":2},{"dc_format":"application/pdf","dc_identifier":"nl.gm1954.2c.2019.2829819-13.doc.16","dc_source":"https://api1.ibabs.eu/publicdownload.aspx?site=Beekdaelen&id=bcc7a7ca-cb85-4520-8fd6-7fea3e639391","dc_title":"Brief van Gemeente Voerendaal m.b.t. RV GR-en ISD Kompas en ISD BOL","dc_type":"bijlage","foi_fairiscoreVersions":{"v1":5,"v2":5},"foi_fileName":"32.a%20Brief%20Gemeente%20Voerendaal%20m.b.t.%20RV%20GR-en%20ISD%20Kompas%20en%20ISD%20BOL.pdf","foi_nrPages":2},{"dc_format":"application/pdf","dc_identifier":"nl.gm1954.2c.2019.2829819-13.doc.9","dc_source":"https://api1.ibabs.eu/publicdownload.aspx?site=Beekdaelen&id=0e5c8782-eff8-4309-9228-47e7995cc3e6","dc_title":"Bijlage bij brief aan GS Beekdaelen Lokaal (op verzoek van Beekdaelen Lokaal toegevoegd)","dc_type":"bijlage","foi_fairiscoreVersions":{"v1":5,"v2":5},"foi_fileName":"Bijlage%20bij%20brief%20aan%20GS%20Beekdaelen%20Lokaal.pdf","foi_nrPages":16},{"dc_format":"application/pdf","dc_identifier":"nl.gm1954.2c.2019.2829819-13.doc.8","dc_source":"https://api1.ibabs.eu/publicdownload.aspx?site=Beekdaelen&id=36dd7e0f-007f-4f23-ae68-fd3740fc301a","dc_title":"Brief aan GS over ISD Kompas van Beekdaelen Lokaal (op verzoek van Beekdaelen Lokaal toegevoegd)","dc_type":"bijlage","foi_fairiscoreVersions":{"v1":1,"v2":1},"foi_fileName":"Brief%20aan%20GS%20over%20ISD%20Kompas%20van%20Beekdaelen%20Lokaal.pdf","foi_nrPages":5},{"dc_format":"application/pdf","dc_identifier":"nl.gm1954.2c.2019.2829819-13.doc.17","dc_source":"https://api1.ibabs.eu/publicdownload.aspx?site=Beekdaelen&id=a05a6ca5-a659-4efb-b387-62a061463360","dc_title":"Brief van college gemeente Simpelveld inzake verzoek DVO","dc_type":"bijlage","foi_fairiscoreVersions":{"v1":5,"v2":5},"foi_fileName":"Brief%20gemeente%20Simpelveld%20inzake%20verzoek%20DVO.pdf","foi_nrPages":1},{"dc_format":"application/pdf","dc_identifier":"nl.gm1954.2c.2019.2829819-13.doc.12","dc_source":"https://api1.ibabs.eu/publicdownload.aspx?site=Beekdaelen&id=b9657048-325a-498c-81b8-020efd39af84","dc_title":"Brief van collge Beekdaelen aan provincie Limburg inzake wet Arhi","dc_type":"bijlage","foi_fairiscoreVersions":{"v1":2,"v2":1},"foi_fileName":"Brief%20provincie.pdf","foi_nrPages":2},{"dc_format":"application/pdf","dc_identifier":"nl.gm1954.2c.2019.2829819-13.doc.4","dc_source":"https://api1.ibabs.eu/publicdownload.aspx?site=Beekdaelen&id=a636e0a7-5b05-4a6e-b6b7-0ac9599244f0","dc_title":"Memo","dc_type":"bijlage","foi_fairiscoreVersions":{"v1":1,"v2":1},"foi_fileName":"Memo.pdf","foi_nrPages":1},{"dc_format":"application/pdf","dc_identifier":"nl.gm1954.2c.2019.2829819-13.doc.7","dc_source":"https://api1.ibabs.eu/publicdownload.aspx?site=Beekdaelen&id=7bcdd7bf-8f49-48dd-8f18-3b0c3f0ba89d","dc_title":"Motie inzake gang van zaken samenwerking ISD BOL en ISD Kompas VERWORPEN raad 17122019.pdf","dc_type":"bijlage","foi_fairiscoreVersions":{"v1":2,"v2":2},"foi_fileName":"Motie%20inzake%20gang%20van%20zaken%20samenwerking%20ISD%20BOL%20en%20ISD%20Kompas%20VERWORPEN%20raad%2017122019.pdf","foi_nrPages":2},{"dc_format":"application/pdf","dc_identifier":"nl.gm1954.2c.2019.2829819-13.doc.14","dc_source":"https://api1.ibabs.eu/publicdownload.aspx?site=Beekdaelen&id=2f85d191-8f03-4ae5-b20e-2e9202b48bd0","dc_title":"Raadsvoorstel tijdelijke continuering deelname GR ISD Kompas en ISD BOL versie 8 nov (ingetrokken)","dc_type":"bijlage","foi_fairiscoreVersions":{"v1":2,"v2":1},"foi_fileName":"Raadsvoorstel%20tijdelijke%20continuering%20deelname%20GR%20ISD%20Kompas%20en%20ISD%20BOL%20versie%208%20nov.pdf","foi_nrPages":9},{"dc_format":"application/pdf","dc_identifier":"nl.gm1954.2c.2019.2829819-13.doc.6","dc_source":"https://api1.ibabs.eu/publicdownload.aspx?site=Beekdaelen&id=16b8098e-3713-40ac-9931-c5b26e01caf8","dc_title":"Raadsbesluit GR ISD Kompas en ISD BOL vastgesteld raad 17122019","dc_type":"bijlage","foi_fairiscoreVersions":{"v1":1,"v2":1},"foi_fileName":"RB%20GR%20ISD%20Kompas%20en%20ISD%20BOL%20vastgesteld%20raad%2017122018.pdf","foi_nrPages":1},{"dc_format":"application/pdf","dc_identifier":"nl.gm1954.2c.2019.2829819-13.doc.18","dc_source":"https://api1.ibabs.eu/publicdownload.aspx?site=Beekdaelen&id=c57eae35-59ac-483c-9d42-49907c44343d","dc_title":"reactie GS op brief Beekdaelen Lokaal inzake ISD KOMPAS","dc_type":"bijlage","foi_fairiscoreVersions":{"v1":5,"v2":5},"foi_fileName":"reactie%20GS%20op%20brief%20Beekdaelen%20Lokaal%20inzake%20ISD%20KOMPAS.pdf","foi_nrPages":3}],"foi_nrDocuments":18,"foi_nrPagesInDossier":59,"foi_publishedDate":"2019-12-17","foi_retrievedDate":"2025-11-30"},{"dc_creator":"HandelingScraper_v1","dc_date_year":2019,"dc_description":"Vergadering van de Gemeente Beekdaelen op 2019-12-17. Onderdeel: Vaststelling van de agenda.","dc_identifier":"nl.gm1954.2c.2019.2829819-2","dc_publisher":"gm1954","dc_source":"https://beekdaelen.bestuurlijkeinformatie.nl/Agenda/Index/f76f3482-4635-4c30-9fd9-7c4137c620e5","dc_title":"Raadsvergadering 2019-12-17 - Vaststelling van de agenda","dc_type":"2c","dc_type_description":"Vergaderstuk decentrale overheid","foi_fairiscoreVersions":{"v1":1,"v2":1},"foi_files":[{"dc_format":"application/pdf","dc_identifier":"nl.gm1954.2c.2019.2829819-2.doc.1","dc_source":"https://api1.ibabs.eu/publicdownload.aspx?site=Beekdaelen&id=01e30e4e-f2db-4e8f-a317-adc5ce24a747","dc_title":"Uitnodiging en agenda raadsvergadering 17-12-2019","dc_type":"bijlage","foi_fairiscoreVersions":{"v1":1,"v2":1},"foi_fileName":"Uitnodiging%20en%20agenda%20raadsvergadering%2017-12-2019.pdf","foi_nrPages":2},{"dc_format":"application/pdf","dc_identifier":"nl.gm1954.2c.2019.2829819-2.doc.2","dc_source":"https://api1.ibabs.eu/publicdownload.aspx?site=Beekdaelen&id=8055823b-6c71-41bb-b9a8-6fd15d3beef5","dc_title":"Vastgestelde agenda raadsvergadering 17122019","dc_type":"bijlage","foi_fairiscoreVersions":{"v1":1,"v2":1},"foi_fileName":"Vastgestelde%20agenda%20raadsvergadering%2017122019.pdf","foi_nrPages":1}],"foi_nrDocuments":2,"foi_nrPagesInDossier":3,"foi_publishedDate":"2019-12-17","foi_retrievedDate":"2026-03-02"},{"dc_creator":"HandelingScraper_v1","dc_date_year":2019,"dc_description":"Vergadering van de Gemeente Beekdaelen op 2019-12-17. Onderdeel: Vaststellen besluitenlijst openbare raadsvergadering d.d. 26 november 2019.","dc_identifier":"nl.gm1954.2c.2019.2829819-3","dc_publisher":"gm1954","dc_source":"https://beekdaelen.bestuurlijkeinformatie.nl/Agenda/Index/f76f3482-4635-4c30-9fd9-7c4137c620e5","dc_title":"Raadsvergadering 2019-12-17 - Vaststellen besluitenlijst openbare raadsvergadering d.d. 26 november 2019","dc_type":"2c","dc_type_description":"Vergaderstuk decentrale overheid","foi_fairiscoreVersions":{"v1":1,"v2":1},"foi_files":[{"dc_format":"application/pdf","dc_identifier":"nl.gm1954.2c.2019.2829819-3.doc.1","dc_source":"https://api1.ibabs.eu/publicdownload.aspx?site=Beekdaelen&id=1c2b0083-80d7-4ac2-adc1-67b651fc1a0d","dc_title":"Besluitenlijst raadsvergadering 26 november 2019 vastgesteld raad 17122019","dc_type":"bijlage","foi_fairiscoreVersions":{"v1":1,"v2":1},"foi_fileName":"Besluitenlijst%20raadsvergadering%2026%20november%202019%20vastgesteld%20raad%2017122019.pdf","foi_nrPages":10}],"foi_nrDocuments":1,"foi_nrPagesInDossier":10,"foi_publishedDate":"2019-12-17","foi_retrievedDate":"2026-03-03"},{"dc_creator":"HandelingScraper_v1","dc_date_year":2019,"dc_description":"Vergadering van de Gemeente Beekdaelen op 2019-12-17. Onderdeel: Raadsvoorstellen hamerstukken.","dc_identifier":"nl.gm1954.2c.2019.2829819-4","dc_publisher":"gm1954","dc_source":"https://beekdaelen.bestuurlijkeinformatie.nl/Agenda/Index/f76f3482-4635-4c30-9fd9-7c4137c620e5","dc_title":"Raadsvergadering 2019-12-17 - Raadsvoorstellen hamerstukken","dc_type":"2c","dc_type_description":"Vergaderstuk decentrale overheid","foi_fairiscoreVersions":{"v1":null,"v2":null},"foi_files":[{"dc_format":"application/octet-stream","dc_identifier":"nl.gm1954.2c.2019.2829819-4.doc.1","dc_source":"https://api1.ibabs.eu/publicdownload.aspx?site=Beekdaelen&id=6b6c85ca-55cb-413b-8db9-d2cb5a806b8a","dc_title":"02 Raad 17 dec 2019 ap 4 Hamerstukken.MP3","dc_type":"bijlage","foi_fileName":"02%20Raad%2017%20dec%202019%20ap%204%20Hamerstukken.MP3"}],"foi_nrDocuments":1,"foi_nrPagesInDossier":0,"foi_publishedDate":"2019-12-17","foi_retrievedDate":"2026-03-02"},{"dc_creator":"HandelingScraper_v1","dc_date_year":2019,"dc_description":"Vergadering van de Gemeente Beekdaelen op 2019-12-17. Onderdeel: Voorstel inzake opheffen GR Vixia.","dc_identifier":"nl.gm1954.2c.2019.2829819-5","dc_publisher":"gm1954","dc_source":"https://beekdaelen.bestuurlijkeinformatie.nl/Agenda/Index/f76f3482-4635-4c30-9fd9-7c4137c620e5","dc_title":"Raadsvergadering 2019-12-17 - Voorstel inzake opheffen GR Vixia","dc_type":"2c","dc_type_description":"Vergaderstuk decentrale overheid","foi_fairiscoreVersions":{"v1":null,"v2":null},"foi_files":[{"dc_format":"application/pdf","dc_identifier":"nl.gm1954.2c.2019.2829819-5.doc.3","dc_source":"https://api1.ibabs.eu/publicdownload.aspx?site=Beekdaelen&id=f351691a-aab9-4786-9b33-cd889d45cff3","dc_title":"Aanbieding ontwerp liquidatieplan GR Vixia","dc_type":"bijlage","foi_fileName":"aanbieding%20ontwerp%20liquidatieplan%20GR%20Vixia.pdf"},{"dc_format":"application/pdf","dc_identifier":"nl.gm1954.2c.2019.2829819-5.doc.12","dc_source":"https://api1.ibabs.eu/publicdownload.aspx?site=Beekdaelen&id=2760cfe3-34c4-4619-974b-9befee6b7fb8","dc_title":"Bijlage bij memo Advies OR liquidatie-plan","dc_type":"bijlage","foi_fileName":"Bijlage%20bij%20memo%20Advies%20OR%20liquidatie-plan.pdf"},{"dc_format":"application/pdf","dc_identifier":"nl.gm1954.2c.2019.2829819-5.doc.13","dc_source":"https://api1.ibabs.eu/publicdownload.aspx?site=Beekdaelen&id=80f2080f-8a56-4a93-a9ac-054efa7de442","dc_title":"Bijlage bij memo Advies OR op adviesaanvraag 10102019 def versie 2122019","dc_type":"bijlage","foi_fileName":"Bijlage%20bij%20memo%20Advies%20OR%20op%20adviesaanvraag%2010102019%20def%20versie%202122019.pdf"},{"dc_format":"application/pdf","dc_identifier":"nl.gm1954.2c.2019.2829819-5.doc.14","dc_source":"https://api1.ibabs.eu/publicdownload.aspx?site=Beekdaelen&id=f98e5b18-a99f-48fb-9f78-861c6604b4f9","dc_title":"Bijlage bij memo Advies WSWraad inzake Participatiebedrijf","dc_type":"bijlage","foi_fileName":"Bijlage%20bij%20memo%20Advies%20WSWraad%20inzake%20Participatiebedrijf.pdf"},{"dc_format":"application/pdf","dc_identifier":"nl.gm1954.2c.2019.2829819-5.doc.11","dc_source":"https://api1.ibabs.eu/publicdownload.aspx?site=Beekdaelen&id=0257b751-4c97-4abb-8e29-712a31f8f144","dc_title":"Memo inzake adviezen OR Vixia en WSW Raad","dc_type":"bijlage","foi_fileName":"Memo%20inzake%20adviezen%20OR%20Vixia%20en%20WSW%20Raad.pdf"},{"dc_format":"application/pdf","dc_identifier":"nl.gm1954.2c.2019.2829819-5.doc.10","dc_source":"https://api1.ibabs.eu/publicdownload.aspx?site=Beekdaelen&id=8bf27e56-fcd7-4812-be8a-451148b081d1","dc_title":"Memorie van Antwoord 3-12 Beekdaelen Lokaal inzake Opheffen GR Vixia","dc_type":"bijlage","foi_fileName":"Memorie%20van%20Antwoord%203-12%20Beekdaelen%20Lokaal%20inzake%20Opheffen%20GR%20Vixia.pdf"},{"dc_format":"application/pdf","dc_identifier":"nl.gm1954.2c.2019.2829819-5.doc.6","dc_source":"https://api1.ibabs.eu/publicdownload.aspx?site=Beekdaelen&id=afebd4b8-2376-4c60-8f8d-8a9764d89dd8","dc_title":"Participatiebedrijf Besluit opheffing GR Vixia","dc_type":"bijlage","foi_fileName":"Participatiebedrijf%20_%20Besluit%20opheffing%20GR%20Vixia%20_%20definitieve%20versie%203%20november%202019.pdf"},{"dc_format":"application/pdf","dc_identifier":"nl.gm1954.2c.2019.2829819-5.doc.7","dc_source":"https://api1.ibabs.eu/publicdownload.aspx?site=Beekdaelen&id=d8f47ea4-5bca-4014-8503-aa222e6e1183","dc_title":"Participatiebedrijf GR Participatiebedrijf Wsw _ oprichters Beek en Sittard-Geleen","dc_type":"bijlage","foi_fileName":"Participatiebedrijf%20_%20GR%20Participatiebedrijf%20Wsw%20_%20oprichters%20Beek%20en%20Sittard-Geleen%20_%20definitieve%20versie%2031.10.2019.pdf"},{"dc_format":"application/pdf","dc_identifier":"nl.gm1954.2c.2019.2829819-5.doc.4","dc_source":"https://api1.ibabs.eu/publicdownload.aspx?site=Beekdaelen&id=38c1d32c-a488-46b2-b562-aa44b74db8fa","dc_title":"Participatiebedrijf  Liquidatieplan GR Vixia","dc_type":"bijlage","foi_fileName":"Participatiebedrijf%20_%20Liquidatieplan%20GR%20Vixia%20_%20%20eindversie%20definitief%20per%207%20november%202019.pdf"},{"dc_format":"application/pdf","dc_identifier":"nl.gm1954.2c.2019.2829819-5.doc.8","dc_source":"https://api1.ibabs.eu/publicdownload.aspx?site=Beekdaelen&id=56f4aecb-2ab3-4e12-9139-f78492d6ec59","dc_title":"Participatiebedrijf Meer Jaren Ondernemingsplan en Begroting","dc_type":"bijlage","foi_fileName":"Participatiebedrijf%20_%20Meer%20Jaren%20Ondernemingsplan%20en%20Begroting%20_%20definitieve%20versie%20%20_%207%20november%202019.pdf"},{"dc_format":"application/pdf","dc_identifier":"nl.gm1954.2c.2019.2829819-5.doc.9","dc_source":"https://api1.ibabs.eu/publicdownload.aspx?site=Beekdaelen&id=c3e6ed50-1326-4ed1-b4d8-f5e611cc8b8a","dc_title":"Participatiebedrijf Overeenkomst GR Vixia en GR Participatiebedrijf Overgang rechten en plichten Wsw-werknemers","dc_type":"bijlage","foi_fileName":"Participatiebedrijf%20_%20Overeenkomst%20GR%20Vixia%20en%20GR%20Participatiebedrijf%20_%20Overgang%20rechten%20en%20plichten%20Wsw-werknemers%20_%20definitieve%20versie%203%20november%202019.pdf"},{"dc_format":"application/pdf","dc_identifier":"nl.gm1954.2c.2019.2829819-5.doc.5","dc_source":"https://api1.ibabs.eu/publicdownload.aspx?site=Beekdaelen&id=ef09e189-44cf-4fe6-b852-1aa79c0eecab","dc_title":"Participatiebedrijf  Tripartite Overeenkomst Schinnense Vixianen","dc_type":"bijlage","foi_fileName":"Participatiebedrijf%20_%20Tripartite%20Overeenkomst%20Schinnense%20Vixianen%20_%20meest%20definitieve%20versie%20%20_%2011%20november%202019.pdf"},{"dc_format":"application/pdf","dc_identifier":"nl.gm1954.2c.2019.2829819-5.doc.1","dc_source":"https://api1.ibabs.eu/publicdownload.aspx?site=Beekdaelen&id=3b6b8d66-b22a-4686-a8a8-c801a8de4ab7","dc_title":"Raadsvoorstel Vixia","dc_type":"bijlage","foi_fileName":"Raadsvoorstel%20Vixia.pdf"},{"dc_format":"application/pdf","dc_identifier":"nl.gm1954.2c.2019.2829819-5.doc.2","dc_source":"https://api1.ibabs.eu/publicdownload.aspx?site=Beekdaelen&id=ff7945b6-9cde-472d-b32e-de317ebac3e7","dc_title":"Raadsbesluit opheffen GR Vixia vastgesteld raad 17122019","dc_type":"bijlage","foi_fileName":"RB%20opheffen%20GR%20Vixia%20vastgesteld%20raad%2017122019.pdf"}],"foi_nrDocuments":14,"foi_nrPagesInDossier":0,"foi_publishedDate":"2019-12-17","foi_retrievedDate":"2025-11-30"},{"dc_creator":"HandelingScraper_v1","dc_date_year":2019,"dc_description":"Vergadering van de Gemeente Beekdaelen op 2019-12-17. Onderdeel: Voorstel inzake kennisname 2e kwartaalrapportage en zienswijze 2e begrotingswijziging WSP Parkstad.","dc_identifier":"nl.gm1954.2c.2019.2829819-6","dc_publisher":"gm1954","dc_source":"https://beekdaelen.bestuurlijkeinformatie.nl/Agenda/Index/f76f3482-4635-4c30-9fd9-7c4137c620e5","dc_title":"Raadsvergadering 2019-12-17 - Voorstel inzake kennisname 2e kwartaalrapportage en zienswijze 2e begrotingswijziging WSP Parkstad","dc_type":"2c","dc_type_description":"Vergaderstuk decentrale overheid","foi_fairiscoreVersions":{"v1":3,"v2":3},"foi_files":[{"dc_format":"application/pdf","dc_identifier":"nl.gm1954.2c.2019.2829819-6.doc.9","dc_source":"https://api1.ibabs.eu/publicdownload.aspx?site=Beekdaelen&id=0b2def11-95bb-430b-9179-0bdf88632f22","dc_title":"Bijlage bij Werkplan instroom doorstroom uitstroom Parkstad","dc_type":"bijlage","foi_fairiscoreVersions":{"v1":1,"v2":1},"foi_fileName":"Bijlage%20bij%20Werkplan%20instroom%20doorstroom%20uitstroom%20Parkstad.pdf","foi_nrPages":1},{"dc_format":"application/pdf","dc_identifier":"nl.gm1954.2c.2019.2829819-6.doc.3","dc_source":"https://api1.ibabs.eu/publicdownload.aspx?site=Beekdaelen&id=e8315e6c-098f-449b-8d40-494de35d5688","dc_title":"Uitgaande brief cf vastgesteld raadsbesluit mbt zienswijze 2e begrotingswijziging 2019 WSP","dc_type":"bijlage","foi_fairiscoreVersions":{"v1":1,"v2":1},"foi_fileName":"Concept%20uitgaande%20brief%20inz.%20raadsbesluit%20zienswijze%202e%20begrotingswijziging%202019%20WSP.pdf","foi_nrPages":1},{"dc_format":"application/pdf","dc_identifier":"nl.gm1954.2c.2019.2829819-6.doc.4","dc_source":"https://api1.ibabs.eu/publicdownload.aspx?site=Beekdaelen&id=73321b7c-a58b-4ffc-8747-88e57c0cf2f6","dc_title":"DEF 2de begrotingswijziging 2019 GR WSP","dc_type":"bijlage","foi_fairiscoreVersions":{"v1":2,"v2":2},"foi_fileName":"DEF%202de%20begrotingswijziging%202019%20GR%20WSP%20v2.pdf","foi_nrPages":21},{"dc_format":"application/pdf","dc_identifier":"nl.gm1954.2c.2019.2829819-6.doc.1","dc_source":"https://api1.ibabs.eu/publicdownload.aspx?site=Beekdaelen&id=12af86df-9fea-4545-85b6-4b01359c4fc7","dc_title":"Raadsvoorstel Q2 rapportage 2019 WSP en zienswijze 2e begrotingswijziging","dc_type":"bijlage","foi_fairiscoreVersions":{"v1":1,"v2":1},"foi_fileName":"Raadsvoorstel%20Q2%20rapportage%202019%20WSP%20en%20zienswijze%202e%20begrotingswijziging%20incl.pagnr..pdf","foi_nrPages":3},{"dc_format":"application/pdf","dc_identifier":"nl.gm1954.2c.2019.2829819-6.doc.2","dc_source":"https://api1.ibabs.eu/publicdownload.aspx?site=Beekdaelen&id=413aa0c1-d3a0-4fca-8b63-28b8dc0c7689","dc_title":"Raadsbesluit Q2 rapportage en 2e begr.wijziging WSP vastgesteld raad 17122019","dc_type":"bijlage","foi_fairiscoreVersions":{"v1":1,"v2":1},"foi_fileName":"RB%20Q2%20rapportage%20en%202e%20begr.wijziging%20WSP%20vastgesteld%20raad%2017122019.pdf","foi_nrPages":1},{"dc_format":"application/pdf","dc_identifier":"nl.gm1954.2c.2019.2829819-6.doc.8","dc_source":"https://api1.ibabs.eu/publicdownload.aspx?site=Beekdaelen&id=e33aed53-0403-4e79-90cf-454a342900b0","dc_title":"Werkplan instroom doorstroom uitstroom Parkstad","dc_type":"bijlage","foi_fairiscoreVersions":{"v1":1,"v2":1},"foi_fileName":"Werkplan%20instroom%20doorstroom%20uitstroom%20Parkstad.pdf","foi_nrPages":9},{"dc_format":"application/pdf","dc_identifier":"nl.gm1954.2c.2019.2829819-6.doc.5","dc_source":"https://api1.ibabs.eu/publicdownload.aspx?site=Beekdaelen&id=ecf203b9-ba2f-4ac3-b68b-730c3b0ddcc5","dc_title":"WSP 2e begrotingswijziging","dc_type":"bijlage","foi_fairiscoreVersions":{"v1":5,"v2":5},"foi_fileName":"WSP%202e%20begrotingswijziging.pdf","foi_nrPages":21},{"dc_format":"application/pdf","dc_identifier":"nl.gm1954.2c.2019.2829819-6.doc.6","dc_source":"https://api1.ibabs.eu/publicdownload.aspx?site=Beekdaelen&id=55347549-9262-4780-a88f-25011c7b3f65","dc_title":"WSP aanbiedingsbrief Q2","dc_type":"bijlage","foi_fairiscoreVersions":{"v1":5,"v2":5},"foi_fileName":"WSP%20aanbiedingsbrief%20Q2.pdf","foi_nrPages":1},{"dc_format":"application/pdf","dc_identifier":"nl.gm1954.2c.2019.2829819-6.doc.7","dc_source":"https://api1.ibabs.eu/publicdownload.aspx?site=Beekdaelen&id=547c3acd-97db-446f-944c-91fd2b3c43f1","dc_title":"WSP rapportage Q2","dc_type":"bijlage","foi_fairiscoreVersions":{"v1":5,"v2":5},"foi_fileName":"WSP%20rapportage%20Q2.pdf","foi_nrPages":42}],"foi_nrDocuments":9,"foi_nrPagesInDossier":100,"foi_publishedDate":"2019-12-17","foi_retrievedDate":"2025-11-30"},{"dc_creator":"HandelingScraper_v1","dc_date_year":2019,"dc_description":"Vergadering van de Gemeente Beekdaelen op 2019-12-17. Onderdeel: Voorstel inzake kennisname 2e kwartaalrapportage en zienswijze 2e begrotingswijziging GR WOZL.","dc_identifier":"nl.gm1954.2c.2019.2829819-7","dc_publisher":"gm1954","dc_source":"https://beekdaelen.bestuurlijkeinformatie.nl/Agenda/Index/f76f3482-4635-4c30-9fd9-7c4137c620e5","dc_title":"Raadsvergadering 2019-12-17 - Voorstel inzake kennisname 2e kwartaalrapportage en zienswijze 2e begrotingswijziging GR WOZL","dc_type":"2c","dc_type_description":"Vergaderstuk decentrale overheid","foi_fairiscoreVersions":{"v1":3,"v2":3},"foi_files":[{"dc_format":"application/pdf","dc_identifier":"nl.gm1954.2c.2019.2829819-7.doc.3","dc_source":"https://api1.ibabs.eu/publicdownload.aspx?site=Beekdaelen&id=94dc6594-55f5-44ac-bfa2-0760f9b0e13f","dc_title":"Uitgaande brief cf vastgesteld raadsbesluit inzake zienswijze raad 2e begrotingswijziging 2019 WOZL","dc_type":"bijlage","foi_fairiscoreVersions":{"v1":1,"v2":1},"foi_fileName":"Concept%20uitgaande%20brief%20zienswijze%20raad%202e%20begrotingswijziging%202019%20WOZL.pdf","foi_nrPages":1},{"dc_format":"application/pdf","dc_identifier":"nl.gm1954.2c.2019.2829819-7.doc.1","dc_source":"https://api1.ibabs.eu/publicdownload.aspx?site=Beekdaelen&id=3bf32230-1ffb-4308-bc63-d387c8111de4","dc_title":"Raadsvoorstel WOZL Q2 en 2e begrotingswijziging 2019 WOZL","dc_type":"bijlage","foi_fairiscoreVersions":{"v1":1,"v2":1},"foi_fileName":"Raadsvoorstel%20WOZL%20Q2%20en%202e%20begrotingswijziging%202019%20WOZL.pdf","foi_nrPages":3},{"dc_format":"application/pdf","dc_identifier":"nl.gm1954.2c.2019.2829819-7.doc.2","dc_source":"https://api1.ibabs.eu/publicdownload.aspx?site=Beekdaelen&id=d3c4e37a-cffa-4c23-aa96-b34a7672a191","dc_title":"Raadsbesluit Q2 rapportage en 2e begr.wijziging WOZL vastgesteld raad 17122019","dc_type":"bijlage","foi_fairiscoreVersions":{"v1":1,"v2":1},"foi_fileName":"RB%20Q2rapportage%20en%202e%20begr.wijziging%20WOZL%20vastgesteld%20raad%2017122019.pdf","foi_nrPages":1},{"dc_format":"application/pdf","dc_identifier":"nl.gm1954.2c.2019.2829819-7.doc.4","dc_source":"https://api1.ibabs.eu/publicdownload.aspx?site=Beekdaelen&id=d47f3192-75a1-4d54-966a-a6124ecfe941","dc_title":"WOZL 2e begrotingswijziging","dc_type":"bijlage","foi_fairiscoreVersions":{"v1":5,"v2":5},"foi_fileName":"WOZL%202e%20begr%20wijz.pdf","foi_nrPages":23},{"dc_format":"application/pdf","dc_identifier":"nl.gm1954.2c.2019.2829819-7.doc.5","dc_source":"https://api1.ibabs.eu/publicdownload.aspx?site=Beekdaelen&id=cb486e93-fa51-45d1-b5fc-4832b6f98f09","dc_title":"WOZL kwartaalrapportage Q2 2019","dc_type":"bijlage","foi_fairiscoreVersions":{"v1":5,"v2":5},"foi_fileName":"WOZL%20kwartaalrapportage%20Q2%202019.pdf","foi_nrPages":19}],"foi_nrDocuments":5,"foi_nrPagesInDossier":47,"foi_publishedDate":"2019-12-17","foi_retrievedDate":"2026-03-05"},{"dc_creator":"HandelingScraper_v1","dc_date_year":2019,"dc_description":"Vergadering van de Gemeente Beekdaelen op 2019-12-17. Onderdeel: Voorstel inzake kennisname 2e kwartaalrapportage en zienswijze 2e begrotingswijziging ISD BOL.","dc_identifier":"nl.gm1954.2c.2019.2829819-8","dc_publisher":"gm1954","dc_source":"https://beekdaelen.bestuurlijkeinformatie.nl/Agenda/Index/f76f3482-4635-4c30-9fd9-7c4137c620e5","dc_title":"Raadsvergadering 2019-12-17 - Voorstel inzake kennisname 2e kwartaalrapportage en zienswijze 2e begrotingswijziging ISD BOL","dc_type":"2c","dc_type_description":"Vergaderstuk decentrale overheid","foi_fairiscoreVersions":{"v1":2,"v2":1},"foi_files":[{"dc_format":"application/pdf","dc_identifier":"nl.gm1954.2c.2019.2829819-8.doc.3","dc_source":"https://api1.ibabs.eu/publicdownload.aspx?site=Beekdaelen&id=9fb0ca7b-731f-4f19-a9ac-0467a7658db8","dc_title":"2e burap ISD BOL 2019","dc_type":"bijlage","foi_fairiscoreVersions":{"v1":2,"v2":1},"foi_fileName":"2e%20berap%20ISD%20BOL%202019%20versie%202.7%20definitief.pdf","foi_nrPages":80},{"dc_format":"application/pdf","dc_identifier":"nl.gm1954.2c.2019.2829819-8.doc.4","dc_source":"https://api1.ibabs.eu/publicdownload.aspx?site=Beekdaelen&id=b75499a9-59d5-4f96-a32d-5d1de8b3a210","dc_title":"Uitgaande brief aan ISD BOL inzake vastgesteld raadsbesluit 2e Burap","dc_type":"bijlage","foi_fairiscoreVersions":{"v1":2,"v2":1},"foi_fileName":"Concept%20uitgaande%20brief%20aan%20ISD%20BOL%20inzake%20raadsbesluit%202e%20Burap.pdf","foi_nrPages":2},{"dc_format":"application/pdf","dc_identifier":"nl.gm1954.2c.2019.2829819-8.doc.1","dc_source":"https://api1.ibabs.eu/publicdownload.aspx?site=Beekdaelen&id=eb95d685-98a6-4b2f-b269-46417574df84","dc_title":"Raadsvoorstel 2e burap ISD BOL.","dc_type":"bijlage","foi_fairiscoreVersions":{"v1":1,"v2":1},"foi_fileName":"Raadsvoorstel%202e%20burap%20ISD%20BOL.pdf","foi_nrPages":3},{"dc_format":"application/pdf","dc_identifier":"nl.gm1954.2c.2019.2829819-8.doc.2","dc_source":"https://api1.ibabs.eu/publicdownload.aspx?site=Beekdaelen&id=aa80409d-cab1-4d62-9a76-de447ce7d7c2","dc_title":"Raadsbesluit 2e Burap 2019 ISD BOL vastgesteld raad 17122019","dc_type":"bijlage","foi_fairiscoreVersions":{"v1":1,"v2":1},"foi_fileName":"RB%202e%20Burap%202019%20ISD%20BOL%20vastgesteld%20raad%2017122019.pdf","foi_nrPages":1}],"foi_nrDocuments":4,"foi_nrPagesInDossier":86,"foi_publishedDate":"2019-12-17","foi_retrievedDate":"2025-12-03"},{"dc_creator":"HandelingScraper_v1","dc_date_year":2019,"dc_description":"Vergadering van de Gemeente Beekdaelen op 2019-12-17. Onderdeel: Voorstel inzake vaststellen Gedragscode voor burgemeester en wethouders.","dc_identifier":"nl.gm1954.2c.2019.2829819-9","dc_publisher":"gm1954","dc_source":"https://beekdaelen.bestuurlijkeinformatie.nl/Agenda/Index/f76f3482-4635-4c30-9fd9-7c4137c620e5","dc_title":"Raadsvergadering 2019-12-17 - Voorstel inzake vaststellen Gedragscode voor burgemeester en wethouders","dc_type":"2c","dc_type_description":"Vergaderstuk decentrale overheid","foi_fairiscoreVersions":{"v1":1,"v2":1},"foi_files":[{"dc_format":"application/pdf","dc_identifier":"nl.gm1954.2c.2019.2829819-9.doc.3","dc_source":"https://api1.ibabs.eu/publicdownload.aspx?site=Beekdaelen&id=c3c4b712-666d-43a6-bea3-36c042fd6372","dc_title":"Gedragscode integriteit B&W vastgesteld raad 17122019","dc_type":"bijlage","foi_fairiscoreVersions":{"v1":1,"v2":1},"foi_fileName":"Gedragscode%20integriteit%20B%26W%20vastgesteld%20raad%2017122019.pdf","foi_nrPages":13},{"dc_format":"application/pdf","dc_identifier":"nl.gm1954.2c.2019.2829819-9.doc.2","dc_source":"https://api1.ibabs.eu/publicdownload.aspx?site=Beekdaelen&id=8f6ef924-2423-417a-be04-643045bb69cc","dc_title":"Raadsbesluit inzake gedragscode B&W vastgesteld raad 17122019","dc_type":"bijlage","foi_fairiscoreVersions":{"v1":1,"v2":1},"foi_fileName":"RB%20inzake%20gedragscode%20B%26W%20vastgesteld%20raad%2017122019.pdf","foi_nrPages":1},{"dc_format":"application/pdf","dc_identifier":"nl.gm1954.2c.2019.2829819-9.doc.1","dc_source":"https://api1.ibabs.eu/publicdownload.aspx?site=Beekdaelen&id=75d778e1-4b29-43f4-a90d-7b4751851997","dc_title":"Raadsvoorstel inzake gedragscode Burgemeester & Wethouders","dc_type":"bijlage","foi_fairiscoreVersions":{"v1":1,"v2":1},"foi_fileName":"RV%20inzake%20gedragscode%20B%26W.pdf","foi_nrPages":2}],"foi_nrDocuments":3,"foi_nrPagesInDossier":16,"foi_publishedDate":"2019-12-17","foi_retrievedDate":"2026-03-03"},{"dc_creator":"HandelingScraper_v1","dc_date_year":2019,"dc_description":"Vergadering van de Gemeente Beekdaelen op 2019-12-23. Onderdeel: Voorstel inzake vaststellen Mobiliteitsplan Beekdaelen.","dc_identifier":"nl.gm1954.2c.2019.2829853-1","dc_publisher":"gm1954","dc_source":"https://beekdaelen.bestuurlijkeinformatie.nl/Agenda/Index/fe2fe010-32dd-4d78-ac06-e6d60d3fbde4","dc_title":"Raadsvergadering 2019-12-23 - Voorstel inzake vaststellen Mobiliteitsplan Beekdaelen","dc_type":"2c","dc_type_description":"Vergaderstuk decentrale overheid","foi_fairiscoreVersions":{"v1":2,"v2":2},"foi_files":[{"dc_format":"application/octet-stream","dc_identifier":"nl.gm1954.2c.2019.2829853-1.doc.1","dc_source":"https://api1.ibabs.eu/publicdownload.aspx?site=Beekdaelen&id=f5924011-be06-4d66-ad15-bb222792c594","dc_title":"08 Raad 23 dec 2019 ap 5.3 Mobiliteitsplan, 5.4 Nota ruimtelijke kwaliteit en 5.5 Ambitiedocument Omgevingswet","dc_type":"bijlage","foi_fileName":"08%20Raad%2023%20dec%202019%20ap%205.3%20Mobiliteitsplan_%205.4%20Nota%20ruimtelijke%20kwaliteit%20en%205.5%20Ambitiedocument%20Omgevingswet.MP3"},{"dc_format":"application/pdf","dc_identifier":"nl.gm1954.2c.2019.2829853-1.doc.5","dc_source":"https://api1.ibabs.eu/publicdownload.aspx?site=Beekdaelen&id=c968fda3-0882-4100-860d-6b905367b9a8","dc_title":"Mobiliteitsplan - Zienswijzen","dc_type":"bijlage","foi_fairiscoreVersions":{"v1":1,"v2":1},"foi_fileName":"2019-11-14%20Mobiliteitsplan%20-%20Zienswijzen%20-%20Z19128238%20-%20213384.pdf","foi_nrPages":2},{"dc_format":"application/pdf","dc_identifier":"nl.gm1954.2c.2019.2829853-1.doc.9","dc_source":"https://api1.ibabs.eu/publicdownload.aspx?site=Beekdaelen&id=b3fb9135-74b5-4fdb-9afe-a85f54196432","dc_title":"Amendement CDA en PvdA verkeersvisie versie 23122019 inclusief stemuitslag AANGENOMEN","dc_type":"bijlage","foi_fairiscoreVersions":{"v1":1,"v2":1},"foi_fileName":"Amendement%20CDA%20en%20PvdA%20verkeersvisie%20versie%2023122019%20inclusief%20stemuitslag%20AANGENOMEN.pdf","foi_nrPages":2},{"dc_format":"application/pdf","dc_identifier":"nl.gm1954.2c.2019.2829853-1.doc.6","dc_source":"https://api1.ibabs.eu/publicdownload.aspx?site=Beekdaelen&id=5aac684a-155d-4fea-b587-259aa7ef6f8c","dc_title":"Bijlage 1 Hoofdwegennet Beekdaelen","dc_type":"bijlage","foi_fairiscoreVersions":{"v1":2,"v2":2},"foi_fileName":"Bijlage%201%20Hoofdwegennet%20Beekdaelen.pdf","foi_nrPages":1},{"dc_format":"application/pdf","dc_identifier":"nl.gm1954.2c.2019.2829853-1.doc.7","dc_source":"https://api1.ibabs.eu/publicdownload.aspx?site=Beekdaelen&id=6def5fda-c48f-415b-8c63-e49e9948972c","dc_title":"Bijlage 2 Wegcategorie wensbeeld","dc_type":"bijlage","foi_fairiscoreVersions":{"v1":2,"v2":2},"foi_fileName":"Bijlage%202%20Wegcategorie%20wensbeeld.pdf","foi_nrPages":1},{"dc_format":"application/pdf","dc_identifier":"nl.gm1954.2c.2019.2829853-1.doc.8","dc_source":"https://api1.ibabs.eu/publicdownload.aspx?site=Beekdaelen&id=47ef342b-bcfd-4c15-93dd-8c9e54a03728","dc_title":"Bijlage 3 Overzicht per modaliteit","dc_type":"bijlage","foi_fairiscoreVersions":{"v1":2,"v2":2},"foi_fileName":"Bijlage%203%20Overzicht%20per%20modaliteit.pdf","foi_nrPages":4},{"dc_format":"application/pdf","dc_identifier":"nl.gm1954.2c.2019.2829853-1.doc.4","dc_source":"https://api1.ibabs.eu/publicdownload.aspx?site=Beekdaelen&id=c0162d55-1430-44f8-8d7b-510d08cab675","dc_title":"Gewijzigd Mobiliteitsplan Beekdaelen nav cie","dc_type":"bijlage","foi_fairiscoreVersions":{"v1":2,"v2":1},"foi_fileName":"Gewijzigd%20Mobiliteitsplan%20Beekdaelen%20nav%20cie.pdf","foi_nrPages":22},{"dc_format":"application/pdf","dc_identifier":"nl.gm1954.2c.2019.2829853-1.doc.3","dc_source":"https://api1.ibabs.eu/publicdownload.aspx?site=Beekdaelen&id=78c2a7b6-a0df-4647-981e-31b7974463ee","dc_title":"Memorie van Toelichting n.a.v. cie vergadering 3 december","dc_type":"bijlage","foi_fairiscoreVersions":{"v1":1,"v2":1},"foi_fileName":"Memorie%20van%20Toelichting%20n.a.v.%20cie%20vergadering%203%20december.pdf","foi_nrPages":2},{"dc_format":"application/pdf","dc_identifier":"nl.gm1954.2c.2019.2829853-1.doc.2","dc_source":"https://api1.ibabs.eu/publicdownload.aspx?site=Beekdaelen&id=e6309ac3-28a5-4706-9c07-4f11c133bc3d","dc_title":"Raadsvoorstel inzake vaststellen Mobiliteitsplan Beekdaelen","dc_type":"bijlage","foi_fairiscoreVersions":{"v1":1,"v2":1},"foi_fileName":"Raadsvoorstel%20inzake%20Mobiliteitsplan_Z19128238_211091.pdf","foi_nrPages":5},{"dc_format":"application/pdf","dc_identifier":"nl.gm1954.2c.2019.2829853-1.doc.10","dc_source":"https://api1.ibabs.eu/publicdownload.aspx?site=Beekdaelen&id=3d2fb750-6b76-4c54-9c73-bed6ce9ed60a","dc_title":"Raadsbesluit inzake vaststelling Mobiliteitsplan Beekdaelen geamendeerd vastgesteld","dc_type":"bijlage","foi_fairiscoreVersions":{"v1":1,"v2":1},"foi_fileName":"RB%20inzake%20vaststelling%20Mobiliteitsplan%20Beekdaelen%20geamendeerd%20vastgesteld.pdf","foi_nrPages":1}],"foi_nrDocuments":10,"foi_nrPagesInDossier":40,"foi_publishedDate":"2019-12-23","foi_retrievedDate":"2025-12-01"},{"dc_creator":"HandelingScraper_v1","dc_date_year":2019,"dc_description":"Vergadering van de Gemeente Beekdaelen op 2019-12-23. Onderdeel: Voorstel inzake vaststellen aanpassing Verordening WMO gemeente Beekdaelen 2020.","dc_identifier":"nl.gm1954.2c.2019.2829853-11","dc_publisher":"gm1954","dc_source":"https://beekdaelen.bestuurlijkeinformatie.nl/Agenda/Index/fe2fe010-32dd-4d78-ac06-e6d60d3fbde4","dc_title":"Raadsvergadering 2019-12-23 - Voorstel inzake vaststellen aanpassing Verordening WMO gemeente Beekdaelen 2020","dc_type":"2c","dc_type_description":"Vergaderstuk decentrale overheid","foi_fairiscoreVersions":{"v1":null,"v2":null},"foi_files":[{"dc_format":"application/octet-stream","dc_identifier":"nl.gm1954.2c.2019.2829853-11.doc.1","dc_source":"https://api1.ibabs.eu/publicdownload.aspx?site=Beekdaelen&id=58255308-985e-4800-ac88-cde3d4c7e6b8","dc_title":"09 Raad 23 dec 2019 ap 5.13 Verordening wmo 2020 en 5.14 Beleidsplan schuldhulpverlening 2020-2023","dc_type":"bijlage","foi_fileName":"09%20Raad%2023%20dec%202019%20ap%205.13%20Verordening%20wmo%202020%20en%205.14%20Beleidsplan%20schuldhulpverlening%202020-2023.MP3"},{"dc_format":"application/pdf","dc_identifier":"nl.gm1954.2c.2019.2829853-11.doc.3","dc_source":"https://api1.ibabs.eu/publicdownload.aspx?site=Beekdaelen&id=6cf48abf-001f-458a-99c5-98de4340de42","dc_title":"Overzicht wijzigingen verordening WMO","dc_type":"bijlage","foi_fileName":"209976_1.DOCX%20-%20Overzicht%20wijzigingen%20verordening.pdf"},{"dc_format":"application/pdf","dc_identifier":"nl.gm1954.2c.2019.2829853-11.doc.2","dc_source":"https://api1.ibabs.eu/publicdownload.aspx?site=Beekdaelen&id=670eabbd-4bfa-4dcc-a5af-71afbcb4da60","dc_title":"Raadsvoorstel Verordening maatschappelijke ondersteuning gemeente Beekdalen 2020","dc_type":"bijlage","foi_fileName":"Raadsvoorstel%20Verordening%20wmo.pdf"},{"dc_format":"application/pdf","dc_identifier":"nl.gm1954.2c.2019.2829853-11.doc.4","dc_source":"https://api1.ibabs.eu/publicdownload.aspx?site=Beekdaelen&id=6ee40d8b-e839-44ef-b019-711f4ea8d89d","dc_title":"Raadsbesluit Verordening maatschappelijke ondersteuning gemeente Beekdaelen 2020 vastgesteld raad 23122019","dc_type":"bijlage","foi_fileName":"RB%20Verordening%20maatschappelijke%20ondersteuning%20gemeente%20Beekdaelen%202020%20vastgesteld%20raad%2023122019.pdf"},{"dc_format":"application/pdf","dc_identifier":"nl.gm1954.2c.2019.2829853-11.doc.5","dc_source":"https://api1.ibabs.eu/publicdownload.aspx?site=Beekdaelen&id=8293fa03-1c84-4db1-b1f2-cad1ec57e84c","dc_title":"Verordening maatschappelijke ondersteuning gemeente Beekdaelen 2020 vastgesteld raad 23122019","dc_type":"bijlage","foi_fileName":"Verordening%20maatschappelijke%20ondersteuning%20gemeente%20Beekdaelen%202020%20vastgesteld%20raad%2023122019.pdf"}],"foi_nrDocuments":5,"foi_nrPagesInDossier":0,"foi_publishedDate":"2019-12-23","foi_retrievedDate":"2025-12-01"},{"dc_creator":"HandelingScraper_v1","dc_date_year":2019,"dc_description":"Vergadering van de Gemeente Beekdaelen op 2019-12-23. Onderdeel: Voorstel inzake vaststellen Beleidsplan Schuldhulpverlening 2020 - 2023.","dc_identifier":"nl.gm1954.2c.2019.2829853-12","dc_publisher":"gm1954","dc_source":"https://beekdaelen.bestuurlijkeinformatie.nl/Agenda/Index/fe2fe010-32dd-4d78-ac06-e6d60d3fbde4","dc_title":"Raadsvergadering 2019-12-23 - Voorstel inzake vaststellen Beleidsplan Schuldhulpverlening 2020 - 2023","dc_type":"2c","dc_type_description":"Vergaderstuk decentrale overheid","foi_fairiscoreVersions":{"v1":2,"v2":1},"foi_files":[{"dc_format":"application/pdf","dc_identifier":"nl.gm1954.2c.2019.2829853-12.doc.2","dc_source":"https://api1.ibabs.eu/publicdownload.aspx?site=Beekdaelen&id=b28b08a1-9c3e-4d88-bdc0-6746299566bb","dc_title":"Beleidsplan Schuldhulpverlening 2020 - 2023","dc_type":"bijlage","foi_fairiscoreVersions":{"v1":2,"v2":1},"foi_fileName":"Bijlage%20Beleidsplan%20Schuldhulpverlening%202020-2023.pdf","foi_nrPages":22},{"dc_format":"application/pdf","dc_identifier":"nl.gm1954.2c.2019.2829853-12.doc.1","dc_source":"https://api1.ibabs.eu/publicdownload.aspx?site=Beekdaelen&id=d749615e-c96c-4ec7-a532-0cbf52bb913d","dc_title":"Raadsvoorstel Beleidsplan Schuldhulpverlening 2020 - 2023","dc_type":"bijlage","foi_fairiscoreVersions":{"v1":1,"v2":1},"foi_fileName":"Raadsvoorstel%20Beleidsplan%20Schuldhulpverlening%202020-2023.pdf","foi_nrPages":4},{"dc_format":"application/pdf","dc_identifier":"nl.gm1954.2c.2019.2829853-12.doc.3","dc_source":"https://api1.ibabs.eu/publicdownload.aspx?site=Beekdaelen&id=3ef71db9-a4ee-4bb6-812f-f50b182c4007","dc_title":"Raadsbesluit Beleidsplan Schuldhulpverlening 2020-2023 vastgesteld raad 23122019","dc_type":"bijlage","foi_fairiscoreVersions":{"v1":1,"v2":1},"foi_fileName":"RB%20Beleidsplan%20Schuldhulpverlening%202020-2023%20vastgesteld%20raad%2023122019.pdf","foi_nrPages":1}],"foi_nrDocuments":3,"foi_nrPagesInDossier":27,"foi_publishedDate":"2019-12-23","foi_retrievedDate":"2026-03-15"},{"dc_creator":"HandelingScraper_v1","dc_date_year":2019,"dc_description":"Vergadering van de Gemeente Beekdaelen op 2019-12-23. Onderdeel: Voorstel inzake vaststellen 2e burap 2019 gemeente Beekdaelen.","dc_identifier":"nl.gm1954.2c.2019.2829853-13","dc_publisher":"gm1954","dc_source":"https://beekdaelen.bestuurlijkeinformatie.nl/Agenda/Index/fe2fe010-32dd-4d78-ac06-e6d60d3fbde4","dc_title":"Raadsvergadering 2019-12-23 - Voorstel inzake vaststellen 2e burap 2019 gemeente Beekdaelen","dc_type":"2c","dc_type_description":"Vergaderstuk decentrale overheid","foi_fairiscoreVersions":{"v1":2,"v2":1},"foi_files":[{"dc_format":"application/octet-stream","dc_identifier":"nl.gm1954.2c.2019.2829853-13.doc.1","dc_source":"https://api1.ibabs.eu/publicdownload.aspx?site=Beekdaelen&id=31f9a1f1-6e8c-4723-b437-404c5986479f","dc_title":"07 Raad 23 dec 2019 ap 5.15 2e Burap 2019 Gemeente Beekdaelen","dc_type":"bijlage","foi_fileName":"07%20Raad%2023%20dec%202019%20ap%205.15%202e%20Burap%202019%20Gemeente%20Beekdaelen.MP3"},{"dc_format":"application/pdf","dc_identifier":"nl.gm1954.2c.2019.2829853-13.doc.8","dc_source":"https://api1.ibabs.eu/publicdownload.aspx?site=Beekdaelen&id=94bc39e4-1836-4271-9f4e-2f062e642bd4","dc_title":"Begrotingswijziging 15 2e bestuursrapportage 2019","dc_type":"bijlage","foi_fairiscoreVersions":{"v1":1,"v2":1},"foi_fileName":"begrotingswijziging%2015%202e%20bestuursrapportage%202019.pdf","foi_nrPages":1},{"dc_format":"application/pdf","dc_identifier":"nl.gm1954.2c.2019.2829853-13.doc.6","dc_source":"https://api1.ibabs.eu/publicdownload.aspx?site=Beekdaelen&id=01d03c4c-06b5-45c4-8d9c-f3b0ec53ef90","dc_title":"Technische vragen en antwoorden fractie VVD m.b.t. commissie 3 december 2019 2e burap","dc_type":"bijlage","foi_fairiscoreVersions":{"v1":1,"v2":1},"foi_fileName":"Format%20technische%20vragen%20fractie%20VVD%20na%20commissie%203%20december%202019%202e%20burap.pdf","foi_nrPages":4},{"dc_format":"application/pdf","dc_identifier":"nl.gm1954.2c.2019.2829853-13.doc.5","dc_source":"https://api1.ibabs.eu/publicdownload.aspx?site=Beekdaelen&id=fdfb79fb-d7eb-4c9e-aecc-6fb4fe5193ee","dc_title":"Technische vragen en antwoorden m.b.t. commissie 3 december 2019 2e burap","dc_type":"bijlage","foi_fairiscoreVersions":{"v1":1,"v2":1},"foi_fileName":"Format%20technische%20vragen%20tijdens%20commissie%203%20december%202019%202e%20burap.pdf","foi_nrPages":4},{"dc_format":"application/pdf","dc_identifier":"nl.gm1954.2c.2019.2829853-13.doc.3","dc_source":"https://api1.ibabs.eu/publicdownload.aspx?site=Beekdaelen&id=96b67212-c074-4ae6-b1f1-39403f750cc3","dc_title":"Nota van wijziging 2e burap 2019","dc_type":"bijlage","foi_fairiscoreVersions":{"v1":1,"v2":1},"foi_fileName":"Nota%20van%20wijziging%202e%20burap%202019.pdf","foi_nrPages":3},{"dc_format":"application/pdf","dc_identifier":"nl.gm1954.2c.2019.2829853-13.doc.2","dc_source":"https://api1.ibabs.eu/publicdownload.aspx?site=Beekdaelen&id=98f9d6f0-c02a-4bbb-91a6-e2a3e6ab0663","dc_title":"Raadsvoorstel tweede Burap","dc_type":"bijlage","foi_fairiscoreVersions":{"v1":1,"v2":1},"foi_fileName":"Raadsvoorstel%20tweede%20Burap.pdf","foi_nrPages":2},{"dc_format":"application/pdf","dc_identifier":"nl.gm1954.2c.2019.2829853-13.doc.7","dc_source":"https://api1.ibabs.eu/publicdownload.aspx?site=Beekdaelen&id=b2e2b7dc-c1cc-4de3-bce8-583fa2b82b51","dc_title":"Raadsbesluit 2e Burap vastgesteld raad 23122019","dc_type":"bijlage","foi_fairiscoreVersions":{"v1":1,"v2":1},"foi_fileName":"RB%202e%20Burap%20vastgesteld%20raad%2023122019.pdf","foi_nrPages":1},{"dc_format":"application/pdf","dc_identifier":"nl.gm1954.2c.2019.2829853-13.doc.4","dc_source":"https://api1.ibabs.eu/publicdownload.aspx?site=Beekdaelen&id=60c2cfc1-84e9-43b5-a92e-dfad25a05bd4","dc_title":"Tweede burap 2019 na Commissie 03-12-2019","dc_type":"bijlage","foi_fairiscoreVersions":{"v1":2,"v2":1},"foi_fileName":"Tweede%20burap%202019%20na%20Commissie%2003-12-2019.pdf","foi_nrPages":51}],"foi_nrDocuments":8,"foi_nrPagesInDossier":66,"foi_publishedDate":"2019-12-23","foi_retrievedDate":"2026-04-10"},{"dc_creator":"HandelingScraper_v1","dc_date_year":2019,"dc_description":"Vergadering van de Gemeente Beekdaelen op 2019-12-23. Onderdeel: Vaststelling lijst ingekomen stukken.","dc_identifier":"nl.gm1954.2c.2019.2829853-14","dc_publisher":"gm1954","dc_source":"https://beekdaelen.bestuurlijkeinformatie.nl/Agenda/Index/fe2fe010-32dd-4d78-ac06-e6d60d3fbde4","dc_title":"Raadsvergadering 2019-12-23 - Vaststelling lijst ingekomen stukken","dc_type":"2c","dc_type_description":"Vergaderstuk decentrale overheid","foi_fairiscoreVersions":{"v1":2,"v2":1},"foi_files":[{"dc_format":"application/octet-stream","dc_identifier":"nl.gm1954.2c.2019.2829853-14.doc.1","dc_source":"https://api1.ibabs.eu/publicdownload.aspx?site=Beekdaelen&id=81f23842-43ff-4ddb-91f3-c7876264d643","dc_title":"10 Raad 23 dec 2019 ap 6 Lijst ingekomen stukken, 7 Motie inzake zwerfafval en 8 Sluiting","dc_type":"bijlage","foi_fileName":"10%20Raad%2023%20dec%202019%20ap%206%20Lijst%20ingekomen%20stukken_%207%20Motie%20inzake%20zwerfafval%20en%208%20Sluiting.MP3","foi_nrPages":1},{"dc_format":"application/pdf","dc_identifier":"nl.gm1954.2c.2019.2829853-14.doc.2","dc_source":"https://api1.ibabs.eu/publicdownload.aspx?site=Beekdaelen&id=7802dbc2-bd31-4c3c-9615-628156a1867c","dc_title":"Lijst ingekomen stukken raad vastgesteld raad 23122019","dc_type":"bijlage","foi_fairiscoreVersions":{"v1":2,"v2":1},"foi_fileName":"Lijst%20ingekomen%20stukken%20raad%20vastgesteld%20raad%2023122019.pdf","foi_nrPages":6}],"foi_nrDocuments":2,"foi_nrPagesInDossier":7,"foi_publishedDate":"2019-12-23","foi_retrievedDate":"2026-03-06"},{"dc_creator":"HandelingScraper_v1","dc_date_year":2019,"dc_description":"Vergadering van de Gemeente Beekdaelen op 2019-12-23. Onderdeel: Moties vreemd aan de orde van de dag.","dc_identifier":"nl.gm1954.2c.2019.2829853-15","dc_publisher":"gm1954","dc_source":"https://beekdaelen.bestuurlijkeinformatie.nl/Agenda/Index/fe2fe010-32dd-4d78-ac06-e6d60d3fbde4","dc_title":"Raadsvergadering 2019-12-23 - Moties vreemd aan de orde van de dag","dc_type":"2c","dc_type_description":"Vergaderstuk decentrale overheid","foi_fairiscoreVersions":{"v1":1,"v2":1},"foi_files":[{"dc_format":"application/pdf","dc_identifier":"nl.gm1954.2c.2019.2829853-15.doc.1","dc_source":"https://api1.ibabs.eu/publicdownload.aspx?site=Beekdaelen&id=0f76c653-5f8d-4013-80fc-4288fe74ebee","dc_title":"Motie zwerfafval incl. stemuitslag raad 23122019 AANGENOMEN","dc_type":"bijlage","foi_fairiscoreVersions":{"v1":1,"v2":1},"foi_fileName":"Motie%20zwerfafval%20incl.%20stemuitslag%20raad%2023122019%20AANGENOMEN.pdf","foi_nrPages":1}],"foi_nrDocuments":1,"foi_nrPagesInDossier":1,"foi_publishedDate":"2019-12-23","foi_retrievedDate":"2026-03-06"},{"dc_creator":"HandelingScraper_v1","dc_date_year":2019,"dc_description":"Vergadering van de Gemeente Beekdaelen op 2019-12-23. Onderdeel: Voorstel inzake vaststellen Nota Ruimtelijke kwaliteit gemeente Beekdaelen.","dc_identifier":"nl.gm1954.2c.2019.2829853-2","dc_publisher":"gm1954","dc_source":"https://beekdaelen.bestuurlijkeinformatie.nl/Agenda/Index/fe2fe010-32dd-4d78-ac06-e6d60d3fbde4","dc_title":"Raadsvergadering 2019-12-23 - Voorstel inzake vaststellen Nota Ruimtelijke kwaliteit gemeente Beekdaelen","dc_type":"2c","dc_type_description":"Vergaderstuk decentrale overheid","foi_fairiscoreVersions":{"v1":2,"v2":2},"foi_files":[{"dc_format":"application/pdf","dc_identifier":"nl.gm1954.2c.2019.2829853-2.doc.3","dc_source":"https://api1.ibabs.eu/publicdownload.aspx?site=Beekdaelen&id=052e78d4-f6c7-471e-95dc-0684e6fae343","dc_title":"1 Bijlage 3 Nota Ruimtelijke Kwaliteit gebiedscriteria - Overzichtskaart","dc_type":"bijlage","foi_fairiscoreVersions":{"v1":1,"v2":1},"foi_fileName":"1%20Bijlage%203%20Nota%20Ruimtelijke%20Kwaliteit%20gebiedscriteria%20-%20Overzichtskaart.pdf","foi_nrPages":1},{"dc_format":"application/pdf","dc_identifier":"nl.gm1954.2c.2019.2829853-2.doc.4","dc_source":"https://api1.ibabs.eu/publicdownload.aspx?site=Beekdaelen&id=6c1830b8-17a4-4752-87fd-6e12eed1b807","dc_title":"2 Bijlage 3 Nota Ruimtelijke Kwaliteit gebiedscriteria - Onderbanken","dc_type":"bijlage","foi_fairiscoreVersions":{"v1":1,"v2":1},"foi_fileName":"2%20Bijlage%203%20Nota%20Ruimtelijke%20Kwaliteit%20gebiedscriteria%20-%20Onderbanken.pdf","foi_nrPages":1},{"dc_format":"application/pdf","dc_identifier":"nl.gm1954.2c.2019.2829853-2.doc.5","dc_source":"https://api1.ibabs.eu/publicdownload.aspx?site=Beekdaelen&id=1fdaa190-489a-47b3-aab6-97483f827881","dc_title":"3 Bijlage 3 Nota Ruimtelijke Kwaliteit gebiedscriteria - Schinnen","dc_type":"bijlage","foi_fairiscoreVersions":{"v1":1,"v2":1},"foi_fileName":"3%20Bijlage%203%20Nota%20Ruimtelijke%20Kwaliteit%20gebiedscriteria%20-%20Schinnen.pdf","foi_nrPages":1},{"dc_format":"application/pdf","dc_identifier":"nl.gm1954.2c.2019.2829853-2.doc.6","dc_source":"https://api1.ibabs.eu/publicdownload.aspx?site=Beekdaelen&id=94721964-199b-43af-ab93-a1308afb54a5","dc_title":"4 Bijlage 3 Nota Ruimtelijke Kwaliteit gebiedscriteria - Nuth","dc_type":"bijlage","foi_fairiscoreVersions":{"v1":1,"v2":1},"foi_fileName":"4%20Bijlage%203%20Nota%20Ruimtelijke%20Kwaliteit%20gebiedscriteria%20-%20Nuth.pdf","foi_nrPages":1},{"dc_format":"application/pdf","dc_identifier":"nl.gm1954.2c.2019.2829853-2.doc.12","dc_source":"https://api1.ibabs.eu/publicdownload.aspx?site=Beekdaelen&id=97f174b7-f536-40f5-b510-73424c73c122","dc_title":"Amendement D66 en VVD inzake ruimtelijke kwaliteit incl. stemuitslag raad 23122019 VERWORPEN","dc_type":"bijlage","foi_fairiscoreVersions":{"v1":1,"v2":1},"foi_fileName":"Amendement%20D66%20en%20VVD%20inzake%20ruimtelijke%20kwaliteit%20incl.%20stemuitslag%20raad%2023122019%20VERWORPEN.pdf","foi_nrPages":1},{"dc_format":"application/pdf","dc_identifier":"nl.gm1954.2c.2019.2829853-2.doc.7","dc_source":"https://api1.ibabs.eu/publicdownload.aspx?site=Beekdaelen&id=0c300854-134a-4bb0-9171-fd120a572e14","dc_title":"Bijlage 4 Beeldkwaliteitsplan De Nuinhofwijk in Nuth","dc_type":"bijlage","foi_fairiscoreVersions":{"v1":2,"v2":1},"foi_fileName":"Bijlage%204%20Beeldkwaliteitsplan%20De%20Nuinhofwijk%20in%20Nuth%20%28losse%20bijlage%29.pdf","foi_nrPages":178},{"dc_format":"application/pdf","dc_identifier":"nl.gm1954.2c.2019.2829853-2.doc.8","dc_source":"https://api1.ibabs.eu/publicdownload.aspx?site=Beekdaelen&id=9dcfda78-e6f4-4348-88ff-6b91aacf6aea","dc_title":"Bijlage 5 Beeldkwaliteitsplan De Bavowijk in Nuth","dc_type":"bijlage","foi_fairiscoreVersions":{"v1":2,"v2":1},"foi_fileName":"Bijlage%205%20Beeldkwaliteitsplan%20De%20Bavowijk%20in%20Nuth%20%28losse%20bijlage%29.pdf","foi_nrPages":22},{"dc_format":"application/pdf","dc_identifier":"nl.gm1954.2c.2019.2829853-2.doc.9","dc_source":"https://api1.ibabs.eu/publicdownload.aspx?site=Beekdaelen&id=eed8aa13-a30f-48d8-8d1a-f43827c9d5f0","dc_title":"Bijlage 6 Algemene uitgangspunten en randvoorwaarden beeldkwaliteit bedrijventerrein Rode Beek","dc_type":"bijlage","foi_fairiscoreVersions":{"v1":1,"v2":1},"foi_fileName":"Bijlage%206%20Algemene%20uitgangspunten%20en%20randvoorwaarden%20beeldkwaliteit%20bedrijventerrein%20Rode%20Beek%20%28losse%20bijlage%29.pdf","foi_nrPages":3},{"dc_format":"application/pdf","dc_identifier":"nl.gm1954.2c.2019.2829853-2.doc.10","dc_source":"https://api1.ibabs.eu/publicdownload.aspx?site=Beekdaelen&id=fbeb9194-c211-4c96-aee6-7f1a191e2c45","dc_title":"Bijlage 7 Notitie reacties over nota Ruimtelijke Kwaliteit","dc_type":"bijlage","foi_fairiscoreVersions":{"v1":1,"v2":1},"foi_fileName":"Bijlage%207%20Notitie%20reacties%20over%20nota%20Ruimtelijke%20Kwaliteit%20%28losse%20bijlage%29.pdf","foi_nrPages":4},{"dc_format":"application/pdf","dc_identifier":"nl.gm1954.2c.2019.2829853-2.doc.2","dc_source":"https://api1.ibabs.eu/publicdownload.aspx?site=Beekdaelen&id=a701bb34-05d8-4093-8048-49ff837b724e","dc_title":"Definitieve Nota Ruimtelijke Kwaliteit","dc_type":"bijlage","foi_fairiscoreVersions":{"v1":3,"v2":3},"foi_fileName":"Definitieve%20Nota%20Ruimtelijke%20Kwaliteit_20191217%20%28tbv%20vaststelling%29%20definitief%20met%20voorkant%20beekdaelen.pdf","foi_nrPages":66},{"dc_format":"application/pdf","dc_identifier":"nl.gm1954.2c.2019.2829853-2.doc.11","dc_source":"https://api1.ibabs.eu/publicdownload.aspx?site=Beekdaelen&id=aba066a0-cd09-4bac-97bb-64679f071b5b","dc_title":"Nota van wijziging nav. cie.vergadering","dc_type":"bijlage","foi_fairiscoreVersions":{"v1":2,"v2":1},"foi_fileName":"Nota%20van%20wijziging%20nav.%20cie.vergadering.pdf","foi_nrPages":2},{"dc_format":"application/pdf","dc_identifier":"nl.gm1954.2c.2019.2829853-2.doc.1","dc_source":"https://api1.ibabs.eu/publicdownload.aspx?site=Beekdaelen&id=f4876cda-b95b-43d0-b678-29c5e49e12da","dc_title":"Raadsvoorstel Nota Ruimtelijke Kwaliteit","dc_type":"bijlage","foi_fairiscoreVersions":{"v1":1,"v2":1},"foi_fileName":"Raadsvoorstel%20Ruimtelijke%20Kwaliteit%2017%20december%202019.pdf","foi_nrPages":4},{"dc_format":"application/pdf","dc_identifier":"nl.gm1954.2c.2019.2829853-2.doc.13","dc_source":"https://api1.ibabs.eu/publicdownload.aspx?site=Beekdaelen&id=bab2d902-610e-40d6-b271-527c5ca8e3c6","dc_title":"Raadsbesluit nota ruimtelijke kwaliteit - vastgesteld raad 23122019","dc_type":"bijlage","foi_fairiscoreVersions":{"v1":1,"v2":1},"foi_fileName":"RB%20nota%20ruimtelijke%20kwaliteit%20-%20vastgesteld%20raad%2023122019.pdf","foi_nrPages":1}],"foi_nrDocuments":13,"foi_nrPagesInDossier":285,"foi_publishedDate":"2019-12-23","foi_retrievedDate":"2026-04-10"},{"dc_creator":"HandelingScraper_v1","dc_date_year":2019,"dc_description":"Vergadering van de Gemeente Beekdaelen op 2019-12-23. Onderdeel: Voorstel inzake vaststellen Ambitiedocument Omgevingswet.","dc_identifier":"nl.gm1954.2c.2019.2829853-3","dc_publisher":"gm1954","dc_source":"https://beekdaelen.bestuurlijkeinformatie.nl/Agenda/Index/fe2fe010-32dd-4d78-ac06-e6d60d3fbde4","dc_title":"Raadsvergadering 2019-12-23 - Voorstel inzake vaststellen Ambitiedocument Omgevingswet","dc_type":"2c","dc_type_description":"Vergaderstuk decentrale overheid","foi_fairiscoreVersions":{"v1":1,"v2":1},"foi_files":[{"dc_format":"application/pdf","dc_identifier":"nl.gm1954.2c.2019.2829853-3.doc.2","dc_source":"https://api1.ibabs.eu/publicdownload.aspx?site=Beekdaelen&id=5884e5f8-bf04-4029-b550-65243df0437e","dc_title":"Ambitiedocument Omgevingswet","dc_type":"bijlage","foi_fairiscoreVersions":{"v1":1,"v2":1},"foi_fileName":"Ambitiedocument%20Omgevingswet.pdf","foi_nrPages":8},{"dc_format":"application/pdf","dc_identifier":"nl.gm1954.2c.2019.2829853-3.doc.1","dc_source":"https://api1.ibabs.eu/publicdownload.aspx?site=Beekdaelen&id=151337e0-12a2-490d-a263-1d446ab7e3b9","dc_title":"Raadsvoorstel Ambitiedocument Omgevingswet Beekdaelen","dc_type":"bijlage","foi_fairiscoreVersions":{"v1":1,"v2":1},"foi_fileName":"Raadsvoorstel%20Ambitiedocument%20Omgevingswet%20Beekdaelen.pdf","foi_nrPages":2},{"dc_format":"application/pdf","dc_identifier":"nl.gm1954.2c.2019.2829853-3.doc.3","dc_source":"https://api1.ibabs.eu/publicdownload.aspx?site=Beekdaelen&id=c3274987-625d-40ed-a93a-3c507d0ec4a4","dc_title":"Raadsbesluit Ambitiedocument Omgevingswet Beekdaelen vastgesteld raad 23122019","dc_type":"bijlage","foi_fairiscoreVersions":{"v1":1,"v2":1},"foi_fileName":"RB%20Ambitiedocument%20Omgevingswet%20Beekdaelen%20vastgesteld%20raad%2023122019.pdf","foi_nrPages":1}],"foi_nrDocuments":3,"foi_nrPagesInDossier":11,"foi_publishedDate":"2019-12-23","foi_retrievedDate":"2026-02-12"},{"dc_creator":"HandelingScraper_v1","dc_date_year":2019,"dc_description":"Vergadering van de Gemeente Beekdaelen op 2019-12-23. Onderdeel: Voorstel inzake vaststellen legesverordening 2020 incl. tarieventabel.","dc_identifier":"nl.gm1954.2c.2019.2829853-4","dc_publisher":"gm1954","dc_source":"https://beekdaelen.bestuurlijkeinformatie.nl/Agenda/Index/fe2fe010-32dd-4d78-ac06-e6d60d3fbde4","dc_title":"Raadsvergadering 2019-12-23 - Voorstel inzake vaststellen legesverordening 2020 incl. tarieventabel","dc_type":"2c","dc_type_description":"Vergaderstuk decentrale overheid","foi_fairiscoreVersions":{"v1":1,"v2":1},"foi_files":[{"dc_format":"application/octet-stream","dc_identifier":"nl.gm1954.2c.2019.2829853-4.doc.1","dc_source":"https://api1.ibabs.eu/publicdownload.aspx?site=Beekdaelen&id=72dd39ab-5517-4dcd-b76f-a8a169fc29e2","dc_title":"01 Raad 23 dec 2019 ap 5.6 Legesverordening 2020","dc_type":"bijlage","foi_fileName":"01%20Raad%2023%20dec%202019%20ap%205.6%20Legesverordening%202020.MP3"},{"dc_format":"application/pdf","dc_identifier":"nl.gm1954.2c.2019.2829853-4.doc.4","dc_source":"https://api1.ibabs.eu/publicdownload.aspx?site=Beekdaelen&id=0bca376e-9ad6-4466-adbe-2c5554fd66df","dc_title":"Legesverordening 2020 vastgesteld raad 23122019","dc_type":"bijlage","foi_fairiscoreVersions":{"v1":1,"v2":1},"foi_fileName":"Legesverordening%202020%20vastgesteld%20raad%2023122019.pdf","foi_nrPages":3},{"dc_format":"application/pdf","dc_identifier":"nl.gm1954.2c.2019.2829853-4.doc.2","dc_source":"https://api1.ibabs.eu/publicdownload.aspx?site=Beekdaelen&id=3089389a-cc54-429a-a5fd-eca7a783bc08","dc_title":"Raadsvoorstel legesverordening 2020","dc_type":"bijlage","foi_fairiscoreVersions":{"v1":1,"v2":1},"foi_fileName":"Raadsvoorstel%20legesverordening%202020.pdf","foi_nrPages":2},{"dc_format":"application/pdf","dc_identifier":"nl.gm1954.2c.2019.2829853-4.doc.3","dc_source":"https://api1.ibabs.eu/publicdownload.aspx?site=Beekdaelen&id=9e273cdf-7cb2-44b3-b9aa-f4956d479f23","dc_title":"Raadsbesluit legesverordening 2020 vastgesteld raad 23122019","dc_type":"bijlage","foi_fairiscoreVersions":{"v1":1,"v2":1},"foi_fileName":"RB%20legesverordening%202020%20vastgesteld%20raad%2023122019.pdf","foi_nrPages":1},{"dc_format":"application/pdf","dc_identifier":"nl.gm1954.2c.2019.2829853-4.doc.5","dc_source":"https://api1.ibabs.eu/publicdownload.aspx?site=Beekdaelen&id=75a6bc88-bc0d-42af-baf5-3fb9b6323ec5","dc_title":"Tarieventabel behorende bij de Legesverordening 2020 vastgesteld raad 23122019","dc_type":"bijlage","foi_fairiscoreVersions":{"v1":1,"v2":1},"foi_fileName":"Tarieventabel%20behorende%20bij%20de%20Legesverordening%202020%20vastgesteld%20raad%2023122019.pdf","foi_nrPages":21}],"foi_nrDocuments":5,"foi_nrPagesInDossier":27,"foi_publishedDate":"2019-12-23","foi_retrievedDate":"2026-04-10"},{"dc_creator":"HandelingScraper_v1","dc_date_year":2019,"dc_description":"Vergadering van de Gemeente Beekdaelen op 2019-12-23. Onderdeel: Voorstel inzake vaststellen Verordening Onroerende Zaakbelasting 2020.","dc_identifier":"nl.gm1954.2c.2019.2829853-5","dc_publisher":"gm1954","dc_source":"https://beekdaelen.bestuurlijkeinformatie.nl/Agenda/Index/fe2fe010-32dd-4d78-ac06-e6d60d3fbde4","dc_title":"Raadsvergadering 2019-12-23 - Voorstel inzake vaststellen Verordening Onroerende Zaakbelasting 2020","dc_type":"2c","dc_type_description":"Vergaderstuk decentrale overheid","foi_fairiscoreVersions":{"v1":1,"v2":1},"foi_files":[{"dc_format":"application/octet-stream","dc_identifier":"nl.gm1954.2c.2019.2829853-5.doc.1","dc_source":"https://api1.ibabs.eu/publicdownload.aspx?site=Beekdaelen&id=e59c6a2e-7788-4de3-80cf-50f95662ab79","dc_title":"02 Raad 23 dec 2019 ap 5.7 Verordening OZB 2020","dc_type":"bijlage","foi_fileName":"02%20Raad%2023%20dec%202019%20ap%205.7%20Verordening%20OZB%202020.MP3"},{"dc_format":"application/pdf","dc_identifier":"nl.gm1954.2c.2019.2829853-5.doc.3","dc_source":"https://api1.ibabs.eu/publicdownload.aspx?site=Beekdaelen&id=39550b42-426a-45bb-8737-f66a6c9c51b5","dc_title":"Overzicht Woonlasten Beekdaelen","dc_type":"bijlage","foi_fairiscoreVersions":{"v1":1,"v2":1},"foi_fileName":"Overzicht%20Woonlasten%20Beekdaelen.pdf","foi_nrPages":1},{"dc_format":"application/pdf","dc_identifier":"nl.gm1954.2c.2019.2829853-5.doc.4","dc_source":"https://api1.ibabs.eu/publicdownload.aspx?site=Beekdaelen&id=564b86aa-b3f2-496a-865e-d356b8a04b24","dc_title":"Raadsbesluit verordening onroerende-zaakbelastingen 2020 vastgesteld raad 23122019","dc_type":"bijlage","foi_fairiscoreVersions":{"v1":1,"v2":1},"foi_fileName":"Raadsbesluit%20verordening%20onroerende-zaakbelastingen%202020%20vastgesteld%20raad%2023122019.pdf","foi_nrPages":1},{"dc_format":"application/pdf","dc_identifier":"nl.gm1954.2c.2019.2829853-5.doc.2","dc_source":"https://api1.ibabs.eu/publicdownload.aspx?site=Beekdaelen&id=c89d624c-e2fd-4350-b420-422122a3d484","dc_title":"Raadsvoorstel Verordening onroerende-zaakbelastingen 2020","dc_type":"bijlage","foi_fairiscoreVersions":{"v1":1,"v2":1},"foi_fileName":"Raadsvoorstel%20Verordening%20onroerende-zaakbelastingen%202020.pdf","foi_nrPages":2},{"dc_format":"application/pdf","dc_identifier":"nl.gm1954.2c.2019.2829853-5.doc.5","dc_source":"https://api1.ibabs.eu/publicdownload.aspx?site=Beekdaelen&id=202858d4-3776-44e7-b898-bcdeed67eee8","dc_title":"Verordening onroerende-zaakbelastingen 2020 vastgesteld raad 23122019","dc_type":"bijlage","foi_fairiscoreVersions":{"v1":1,"v2":1},"foi_fileName":"Verordening%20onroerende-zaakbelastingen%202020%20vastgesteld%20raad%2023122019.pdf","foi_nrPages":3}],"foi_nrDocuments":5,"foi_nrPagesInDossier":7,"foi_publishedDate":"2019-12-23","foi_retrievedDate":"2025-12-04"},{"dc_creator":"HandelingScraper_v1","dc_date_year":2019,"dc_description":"Vergadering van de Gemeente Beekdaelen op 2019-12-23. Onderdeel: Voorstel inzake vaststellen Verordening Afvalstoffenheffing 2020 incl. tarieventabel.","dc_identifier":"nl.gm1954.2c.2019.2829853-6","dc_publisher":"gm1954","dc_source":"https://beekdaelen.bestuurlijkeinformatie.nl/Agenda/Index/fe2fe010-32dd-4d78-ac06-e6d60d3fbde4","dc_title":"Raadsvergadering 2019-12-23 - Voorstel inzake vaststellen Verordening Afvalstoffenheffing 2020 incl. tarieventabel","dc_type":"2c","dc_type_description":"Vergaderstuk decentrale overheid","foi_fairiscoreVersions":{"v1":1,"v2":1},"foi_files":[{"dc_format":"application/octet-stream","dc_identifier":"nl.gm1954.2c.2019.2829853-6.doc.1","dc_source":"https://api1.ibabs.eu/publicdownload.aspx?site=Beekdaelen&id=4c004a71-acc8-4581-ae81-391a975d60cf","dc_title":"03 Raad 23 dec 2019 ap 5.8 Verordening afvalstoffenheffing 2020 en 5.9 Verordening toeristenbelasting 2020-2021","dc_type":"bijlage","foi_fileName":"03%20Raad%2023%20dec%202019%20ap%205.8%20Verordening%20afvalstoffenheffing%202020%20en%205.9%20Verordening%20toeristenbelasting%202020-2021.MP3"},{"dc_format":"application/pdf","dc_identifier":"nl.gm1954.2c.2019.2829853-6.doc.2","dc_source":"https://api1.ibabs.eu/publicdownload.aspx?site=Beekdaelen&id=bb2cfda2-8c38-4b0b-bef7-b6595653e376","dc_title":"Raadsvoorstel Verordening afvalstoffenheffing 2020","dc_type":"bijlage","foi_fairiscoreVersions":{"v1":1,"v2":1},"foi_fileName":"Raadsvoorstel%20Verordening%20afvalstoffenheffing%202020.pdf","foi_nrPages":2},{"dc_format":"application/pdf","dc_identifier":"nl.gm1954.2c.2019.2829853-6.doc.3","dc_source":"https://api1.ibabs.eu/publicdownload.aspx?site=Beekdaelen&id=709601b7-fdaa-49ce-aed9-aee29769e818","dc_title":"Raadsbesluit Verordening afvalstoffenheffing 2020 vastgesteld raad 23122019","dc_type":"bijlage","foi_fairiscoreVersions":{"v1":1,"v2":1},"foi_fileName":"RB%20Verordening%20afvalstoffenheffing%202020%20vastgesteld%20raad%2023122019.pdf","foi_nrPages":1},{"dc_format":"application/pdf","dc_identifier":"nl.gm1954.2c.2019.2829853-6.doc.5","dc_source":"https://api1.ibabs.eu/publicdownload.aspx?site=Beekdaelen&id=c4687607-1413-417c-93bd-b72fbfbb4158","dc_title":"Tarieventabel behorende bij de Verordening afvalstoffenheffing 2020 vastgesteld raad 23122019","dc_type":"bijlage","foi_fairiscoreVersions":{"v1":1,"v2":1},"foi_fileName":"Tarieventabelbehorende%20bij%20de%20Verordening%20afvalstoffenheffing%202020%20vastgesteld%20raad%2023122019.pdf","foi_nrPages":3},{"dc_format":"application/pdf","dc_identifier":"nl.gm1954.2c.2019.2829853-6.doc.4","dc_source":"https://api1.ibabs.eu/publicdownload.aspx?site=Beekdaelen&id=1bb747c8-2bdf-44ac-9fb8-7bce942637de","dc_title":"Verordening afvalstoffenheffing 2020 vastgesteld raad 23122019","dc_type":"bijlage","foi_fairiscoreVersions":{"v1":1,"v2":1},"foi_fileName":"Verordening%20afvalstoffenheffing%202020%20vastgesteld%20raad%2023122019.pdf","foi_nrPages":3}],"foi_nrDocuments":5,"foi_nrPagesInDossier":9,"foi_publishedDate":"2019-12-23","foi_retrievedDate":"2025-12-06"},{"dc_creator":"HandelingScraper_v1","dc_date_year":2019,"dc_description":"Vergadering van de Gemeente Beekdaelen op 2019-12-23. Onderdeel: Voorstel inzake vaststellen Verordening kwijtschelding gemeentelijke belastingen 2020.","dc_identifier":"nl.gm1954.2c.2019.2829853-8","dc_publisher":"gm1954","dc_source":"https://beekdaelen.bestuurlijkeinformatie.nl/Agenda/Index/fe2fe010-32dd-4d78-ac06-e6d60d3fbde4","dc_title":"Raadsvergadering 2019-12-23 - Voorstel inzake vaststellen Verordening kwijtschelding gemeentelijke belastingen 2020","dc_type":"2c","dc_type_description":"Vergaderstuk decentrale overheid","foi_fairiscoreVersions":{"v1":null,"v2":null},"foi_files":[{"dc_format":"application/octet-stream","dc_identifier":"nl.gm1954.2c.2019.2829853-8.doc.1","dc_source":"https://api1.ibabs.eu/publicdownload.aspx?site=Beekdaelen&id=af505dbe-bc0e-47d5-a3c6-6bccbe19a2a0","dc_title":"04 Raad 23 dec 2019 ap 5.10 Verordening kwijtschelding gemeentelijke belastingen 2020.MP3","dc_type":"bijlage","foi_fileName":"04%20Raad%2023%20dec%202019%20ap%205.10%20Verordening%20kwijtschelding%20gemeentelijke%20belastingen%202020.MP3"},{"dc_format":"application/pdf","dc_identifier":"nl.gm1954.2c.2019.2829853-8.doc.2","dc_source":"https://api1.ibabs.eu/publicdownload.aspx?site=Beekdaelen&id=378cf83f-c68b-4b24-98ea-f4db0bf5b3e7","dc_title":"Raadsvoorstel Verordening kwijtschelding gemeentelijke belastingen 2020","dc_type":"bijlage","foi_fileName":"Raadsvoorstel%20Verordening%20kwijtschelding%20gemeentelijke%20belastingen%202020.pdf"},{"dc_format":"application/pdf","dc_identifier":"nl.gm1954.2c.2019.2829853-8.doc.3","dc_source":"https://api1.ibabs.eu/publicdownload.aspx?site=Beekdaelen&id=e7f0cc6b-a041-4c73-80c1-23701b614378","dc_title":"Raadsbesluit Verordening kwijtschelding gemeentelijke belastingen 2020 vastgesteld raad 23122019","dc_type":"bijlage","foi_fileName":"RB%20Verordening%20kwijtschelding%20gemeentelijke%20belastingen%202020%20vastgesteld%20raad%2023122019.pdf"},{"dc_format":"application/pdf","dc_identifier":"nl.gm1954.2c.2019.2829853-8.doc.4","dc_source":"https://api1.ibabs.eu/publicdownload.aspx?site=Beekdaelen&id=e631b224-a135-4ac8-9121-0b78bb450f52","dc_title":"Verordening kwijtschelding gemeentelijke belastingen 2020 vastgesteld raad 23122019","dc_type":"bijlage","foi_fileName":"Verordening%20kwijtschelding%20gemeentelijke%20belastingen%202020%20vastgesteld%20raad%2023122019.pdf"}],"foi_nrDocuments":4,"foi_nrPagesInDossier":0,"foi_publishedDate":"2019-12-23","foi_retrievedDate":"2025-12-01"},{"dc_creator":"HandelingScraper_v1","dc_date_year":2020,"dc_description":"Vergadering van de Gemeente Beekdaelen op 2020-01-15. Onderdeel: Opening.","dc_identifier":"nl.gm1954.2c.2020.2829860-1","dc_publisher":"gm1954","dc_source":"https://beekdaelen.bestuurlijkeinformatie.nl/Agenda/Index/f9417fdd-2d9d-4a7c-bdc6-4b7331a82788","dc_title":"BDN Commissie AWACS Limburg 2020-01-15 - Opening","dc_type":"2c","dc_type_description":"Vergaderstuk decentrale overheid","foi_fairiscoreVersions":{"v1":1,"v2":1},"foi_files":[{"dc_format":"application/pdf","dc_identifier":"nl.gm1954.2c.2020.2829860-1.doc.1","dc_source":"https://api1.ibabs.eu/publicdownload.aspx?site=Beekdaelen&id=087dfa9e-fdf5-4825-8671-0e0a5bde645d","dc_title":"Leden Commissie AWACS Limburg 2019.doc","dc_type":"bijlage","foi_fairiscoreVersions":{"v1":1,"v2":1},"foi_fileName":"Leden%20Commissie%20AWACS%20Limburg%202019.pdf","foi_nrPages":1},{"dc_format":"application/pdf","dc_identifier":"nl.gm1954.2c.2020.2829860-1.doc.2","dc_source":"https://api1.ibabs.eu/publicdownload.aspx?site=Beekdaelen&id=b8aa88e1-0809-4c59-a853-3436d9dc87e1","dc_title":"Vergaderschema 2020 voorstel.docx","dc_type":"bijlage","foi_fairiscoreVersions":{"v1":1,"v2":1},"foi_fileName":"Vergaderschema%202020%20voorstel.pdf","foi_nrPages":1}],"foi_nrDocuments":2,"foi_nrPagesInDossier":2,"foi_publishedDate":"2020-01-15","foi_retrievedDate":"2026-03-15"},{"dc_creator":"HandelingScraper_v1","dc_date_year":2020,"dc_description":"Vergadering van de Gemeente Beekdaelen op 2020-01-15. Onderdeel: Vaststellen agenda vergadering.","dc_identifier":"nl.gm1954.2c.2020.2829860-2","dc_publisher":"gm1954","dc_source":"https://beekdaelen.bestuurlijkeinformatie.nl/Agenda/Index/f9417fdd-2d9d-4a7c-bdc6-4b7331a82788","dc_title":"BDN Commissie AWACS Limburg 2020-01-15 - Vaststellen agenda vergadering","dc_type":"2c","dc_type_description":"Vergaderstuk decentrale overheid","foi_fairiscoreVersions":{"v1":1,"v2":1},"foi_files":[{"dc_format":"application/pdf","dc_identifier":"nl.gm1954.2c.2020.2829860-2.doc.1","dc_source":"https://api1.ibabs.eu/publicdownload.aspx?site=Beekdaelen&id=c7655175-98d5-4a36-a9e4-a572bb53fb60","dc_title":"Agenda 15.01.2020.docx","dc_type":"bijlage","foi_fairiscoreVersions":{"v1":1,"v2":1},"foi_fileName":"Agenda%2015.01.2020.pdf","foi_nrPages":1}],"foi_nrDocuments":1,"foi_nrPagesInDossier":1,"foi_publishedDate":"2020-01-15","foi_retrievedDate":"2026-02-12"},{"dc_creator":"HandelingScraper_v1","dc_date_year":2020,"dc_description":"Vergadering van de Gemeente Beekdaelen op 2020-01-15. Onderdeel: Vaststellen verslag vergadering Commissie AWACS Limburg 18 oktober 2019.","dc_identifier":"nl.gm1954.2c.2020.2829860-3","dc_publisher":"gm1954","dc_source":"https://beekdaelen.bestuurlijkeinformatie.nl/Agenda/Index/f9417fdd-2d9d-4a7c-bdc6-4b7331a82788","dc_title":"BDN Commissie AWACS Limburg 2020-01-15 - Vaststellen verslag vergadering Commissie AWACS Limburg 18 oktober 2019","dc_type":"2c","dc_type_description":"Vergaderstuk decentrale overheid","foi_fairiscoreVersions":{"v1":1,"v2":1},"foi_files":[{"dc_format":"application/pdf","dc_identifier":"nl.gm1954.2c.2020.2829860-3.doc.1","dc_source":"https://api1.ibabs.eu/publicdownload.aspx?site=Beekdaelen&id=d767524d-7eb5-4b65-8fbe-e62641b83f3b","dc_title":"Verslag vergadering 18.10.2019.docx","dc_type":"bijlage","foi_fairiscoreVersions":{"v1":1,"v2":1},"foi_fileName":"Verslag%20vergadering%2018.10.2019.pdf","foi_nrPages":5}],"foi_nrDocuments":1,"foi_nrPagesInDossier":5,"foi_publishedDate":"2020-01-15","foi_retrievedDate":"2026-03-05"},{"dc_creator":"HandelingScraper_v1","dc_date_year":2020,"dc_description":"Vergadering van de Gemeente Beekdaelen op 2020-01-15. Onderdeel: Overzicht klachten St. Klachtentelefoon Luchtverkeer Zuid Limburg, derde kwartaal 2019.","dc_identifier":"nl.gm1954.2c.2020.2829860-4","dc_publisher":"gm1954","dc_source":"https://beekdaelen.bestuurlijkeinformatie.nl/Agenda/Index/f9417fdd-2d9d-4a7c-bdc6-4b7331a82788","dc_title":"BDN Commissie AWACS Limburg 2020-01-15 - Overzicht klachten St. Klachtentelefoon Luchtverkeer Zuid Limburg, derde kwartaal 2019","dc_type":"2c","dc_type_description":"Vergaderstuk decentrale overheid","foi_fairiscoreVersions":{"v1":1,"v2":1},"foi_files":[{"dc_format":"application/pdf","dc_identifier":"nl.gm1954.2c.2020.2829860-4.doc.1","dc_source":"https://api1.ibabs.eu/publicdownload.aspx?site=Beekdaelen&id=d74e8312-315e-455e-ad41-df54fd1e5117","dc_title":"2019-3eKW.doc","dc_type":"bijlage","foi_fairiscoreVersions":{"v1":1,"v2":1},"foi_fileName":"2019-3eKW.pdf","foi_nrPages":18}],"foi_nrDocuments":1,"foi_nrPagesInDossier":18,"foi_publishedDate":"2020-01-15","foi_retrievedDate":"2026-03-05"},{"dc_creator":"HandelingScraper_v1","dc_date_year":2020,"dc_description":"Vergadering van de Gemeente Beekdaelen op 2020-01-15. Onderdeel: Overzicht Vliegbewegingen boven woonbebouwing van Schinveld en Brunssum, St. klachtentelefoon Luchtverkeer Zuid Limburg, derde kwartaal 2019.","dc_identifier":"nl.gm1954.2c.2020.2829860-5","dc_publisher":"gm1954","dc_source":"https://beekdaelen.bestuurlijkeinformatie.nl/Agenda/Index/f9417fdd-2d9d-4a7c-bdc6-4b7331a82788","dc_title":"BDN Commissie AWACS Limburg 2020-01-15 - Overzicht Vliegbewegingen boven woonbebouwing van Schinveld en Brunssum, St. klachtentelefoon Luchtverkeer Zuid Limburg, derde kwartaal 2019","dc_type":"2c","dc_type_description":"Vergaderstuk decentrale overheid","foi_fairiscoreVersions":{"v1":1,"v2":1},"foi_files":[{"dc_format":"application/pdf","dc_identifier":"nl.gm1954.2c.2020.2829860-5.doc.1","dc_source":"https://api1.ibabs.eu/publicdownload.aspx?site=Beekdaelen&id=ad385e9a-8e5c-4ea1-8cad-0c21fcbdccd8","dc_title":"AWACS 2019-3e kwartaal VLIEGBEWEGINGEN BOVEN WOONBEBOUWING SCHINVELD EN BRUNSSUM.doc","dc_type":"bijlage","foi_fairiscoreVersions":{"v1":1,"v2":1},"foi_fileName":"AWACS%202019-3e%20kwartaal%20VLIEGBEWEGINGEN%20BOVEN%20WOONBEBOUWING%20SCHINVELD%20EN%20BRUNSSUM.pdf","foi_nrPages":7}],"foi_nrDocuments":1,"foi_nrPagesInDossier":7,"foi_publishedDate":"2020-01-15","foi_retrievedDate":"2026-03-05"},{"dc_creator":"HandelingScraper_v1","dc_date_year":2020,"dc_description":"Vergadering van de Gemeente Beekdaelen op 2020-01-21. Onderdeel: Algemeen.","dc_identifier":"nl.gm1954.2c.2020.2829948-1","dc_publisher":"gm1954","dc_source":"https://beekdaelen.bestuurlijkeinformatie.nl/Agenda/Index/184b2667-8bca-4951-bcc1-d74137fa9690","dc_title":"Raadscommissie (2019 t/m januari 2020) 2020-01-21 - Algemeen","dc_type":"2c","dc_type_description":"Vergaderstuk decentrale overheid","foi_fairiscoreVersions":{"v1":1,"v2":1},"foi_files":[{"dc_format":"application/pdf","dc_identifier":"nl.gm1954.2c.2020.2829948-1.doc.3","dc_source":"https://api1.ibabs.eu/publicdownload.aspx?site=Beekdaelen&id=116ceaed-387f-4c57-97dc-04de4e0259e5","dc_title":"Memorie van Antwoord m.b.t. vraag Vernieuwingsgroep inzake Albatros","dc_type":"bijlage","foi_fairiscoreVersions":{"v1":1,"v2":1},"foi_fileName":"A%20Memorie%20van%20Antwoord%20m.b.t.%20vraag%20Vernieuwingsgroep%20inzake%20Albatros.pdf","foi_nrPages":1},{"dc_format":"application/pdf","dc_identifier":"nl.gm1954.2c.2020.2829948-1.doc.6","dc_source":"https://api1.ibabs.eu/publicdownload.aspx?site=Beekdaelen&id=3c1b2cfb-c7ef-4826-b76c-7c1dfcec1715","dc_title":"Memorie van Antwoord technische vragen CDA commissie 21 januari","dc_type":"bijlage","foi_fairiscoreVersions":{"v1":1,"v2":1},"foi_fileName":"A%20Memorie%20van%20Antwoord%20technische%20vragen%20CDA%20commissie%2021%20januari.pdf","foi_nrPages":2},{"dc_format":"application/pdf","dc_identifier":"nl.gm1954.2c.2020.2829948-1.doc.2","dc_source":"https://api1.ibabs.eu/publicdownload.aspx?site=Beekdaelen&id=331ae3a7-ba2d-4ae4-83ce-ea82ade1648c","dc_title":"Memorie van Antwoord technische vragen Vernieuwingsgroep commissie 21 januari","dc_type":"bijlage","foi_fairiscoreVersions":{"v1":1,"v2":1},"foi_fileName":"A%20Memorie%20van%20Antwoord%20technische%20vragen%20Vernieuwingsgroep%20commissie%2021%20januari.pdf","foi_nrPages":3},{"dc_format":"application/pdf","dc_identifier":"nl.gm1954.2c.2020.2829948-1.doc.4","dc_source":"https://api1.ibabs.eu/publicdownload.aspx?site=Beekdaelen&id=1a424cdd-1f42-41b3-8d2d-0fda047b34e0","dc_title":"Memorie van Antwoord m.b.t. vraag Vernieuwingsgroep holocaust monument","dc_type":"bijlage","foi_fairiscoreVersions":{"v1":1,"v2":1},"foi_fileName":"Memorie%20van%20Antwoord%20m.b.t.%20vraag%20Vernieuwingsgroep%20holocaust%20monument.pdf","foi_nrPages":1},{"dc_format":"application/pdf","dc_identifier":"nl.gm1954.2c.2020.2829948-1.doc.5","dc_source":"https://api1.ibabs.eu/publicdownload.aspx?site=Beekdaelen&id=5530cc16-79e3-43e8-aaca-8942a208fa46","dc_title":"Technische vragen CDA fractie commissie 21 en 23 januari 2020","dc_type":"bijlage","foi_fairiscoreVersions":{"v1":1,"v2":1},"foi_fileName":"Technische%20vragen%20CDA%20fractie%20commissie%2021%20en%2023%20januari.pdf","foi_nrPages":2},{"dc_format":"application/pdf","dc_identifier":"nl.gm1954.2c.2020.2829948-1.doc.1","dc_source":"https://api1.ibabs.eu/publicdownload.aspx?site=Beekdaelen&id=e840af95-8f0a-4da2-bae4-ae47c0950162","dc_title":"Technische vragen VERNIEUWINGSGROEP COMMISSIEVERGADERINGEN 21 en 23 januari 2020","dc_type":"bijlage","foi_fairiscoreVersions":{"v1":1,"v2":1},"foi_fileName":"VOORVRAGEN%20VERNIEUWINGSGROEP%20COMMISSIEVERGADERINGEN%2021%20en%2023%20januari%202020.pdf","foi_nrPages":2}],"foi_nrDocuments":6,"foi_nrPagesInDossier":11,"foi_publishedDate":"2020-01-21","foi_retrievedDate":"2026-03-01"},{"dc_creator":"HandelingScraper_v1","dc_date_year":2020,"dc_description":"Vergadering van de Gemeente Beekdaelen op 2020-01-21. Onderdeel: Opening, mededelingen voorzitter en vaststellen agenda.","dc_identifier":"nl.gm1954.2c.2020.2829948-2","dc_publisher":"gm1954","dc_source":"https://beekdaelen.bestuurlijkeinformatie.nl/Agenda/Index/184b2667-8bca-4951-bcc1-d74137fa9690","dc_title":"Raadscommissie (2019 t/m januari 2020) 2020-01-21 - Opening, mededelingen voorzitter en vaststellen agenda","dc_type":"2c","dc_type_description":"Vergaderstuk decentrale overheid","foi_fairiscoreVersions":{"v1":1,"v2":1},"foi_files":[{"dc_format":"application/octet-stream","dc_identifier":"nl.gm1954.2c.2020.2829948-2.doc.1","dc_source":"https://api1.ibabs.eu/publicdownload.aspx?site=Beekdaelen&id=4f7efb16-3c7b-43a8-925a-df52482fc9cf","dc_title":"01 Raadscie 21 januari 2020 ap A.1 Opening tm A.4 Vervolgvragen art 32 antwoorden","dc_type":"bijlage","foi_fileName":"01%20Raadscie%20ap%20A.1%20Opening%20tm%20A.4%20Vervolgvragen%20art%2032%20antwoorden.MP3","foi_nrPages":1},{"dc_format":"application/pdf","dc_identifier":"nl.gm1954.2c.2020.2829948-2.doc.2","dc_source":"https://api1.ibabs.eu/publicdownload.aspx?site=Beekdaelen&id=93df55db-a276-4bf9-91a2-bce1cde1cb01","dc_title":"Vastgestelde agenda cie. Sociaal 21 januari 2020","dc_type":"bijlage","foi_fairiscoreVersions":{"v1":1,"v2":1},"foi_fileName":"Vastgestelde%20agenda%20cie%20Sociaal%2021%20januari.pdf","foi_nrPages":1}],"foi_nrDocuments":2,"foi_nrPagesInDossier":2,"foi_publishedDate":"2020-01-21","foi_retrievedDate":"2026-03-04"},{"dc_creator":"HandelingScraper_v1","dc_date_year":2020,"dc_description":"Vergadering van de Gemeente Beekdaelen op 2020-01-21. Onderdeel: Vaststellen actiepuntenlijst d.d. 3 december 2019.","dc_identifier":"nl.gm1954.2c.2020.2829948-3","dc_publisher":"gm1954","dc_source":"https://beekdaelen.bestuurlijkeinformatie.nl/Agenda/Index/184b2667-8bca-4951-bcc1-d74137fa9690","dc_title":"Raadscommissie (2019 t/m januari 2020) 2020-01-21 - Vaststellen actiepuntenlijst d.d. 3 december 2019","dc_type":"2c","dc_type_description":"Vergaderstuk decentrale overheid","foi_fairiscoreVersions":{"v1":1,"v2":1},"foi_files":[{"dc_format":"application/pdf","dc_identifier":"nl.gm1954.2c.2020.2829948-3.doc.1","dc_source":"https://api1.ibabs.eu/publicdownload.aspx?site=Beekdaelen&id=b1215c17-fbc1-40b6-ad41-f73c9dfeef04","dc_title":"Actiepuntenlijst cie 3 december 2019","dc_type":"bijlage","foi_fairiscoreVersions":{"v1":1,"v2":1},"foi_fileName":"Actiepuntenlijst%20cie%203%20december%202019.pdf","foi_nrPages":4}],"foi_nrDocuments":1,"foi_nrPagesInDossier":4,"foi_publishedDate":"2020-01-21","foi_retrievedDate":"2025-11-30"},{"dc_creator":"HandelingScraper_v1","dc_date_year":2020,"dc_description":"Vergadering van de Gemeente Beekdaelen op 2020-01-21. Onderdeel: Voorstel van B&W inzake Concept beleidsplan Politie 2020-2023.","dc_identifier":"nl.gm1954.2c.2020.2829948-4","dc_publisher":"gm1954","dc_source":"https://beekdaelen.bestuurlijkeinformatie.nl/Agenda/Index/184b2667-8bca-4951-bcc1-d74137fa9690","dc_title":"Raadscommissie (2019 t/m januari 2020) 2020-01-21 - Voorstel van B&W inzake Concept beleidsplan Politie 2020-2023","dc_type":"2c","dc_type_description":"Vergaderstuk decentrale overheid","foi_fairiscoreVersions":{"v1":2,"v2":1},"foi_files":[{"dc_format":"application/octet-stream","dc_identifier":"nl.gm1954.2c.2020.2829948-4.doc.1","dc_source":"https://api1.ibabs.eu/publicdownload.aspx?site=Beekdaelen&id=b5c8282f-971c-4b6c-bf0c-9ffe8fa3f6db","dc_title":"02 Raadscie 21 januari 2020 ap B1 Beleidsplan politie 2020-2023 1e termijn","dc_type":"bijlage","foi_fileName":"02%20Raadscie%20ap%20B1%20Beleidsplan%20politie%202020-2023%201e%20termijn.MP3"},{"dc_format":"application/octet-stream","dc_identifier":"nl.gm1954.2c.2020.2829948-4.doc.2","dc_source":"https://api1.ibabs.eu/publicdownload.aspx?site=Beekdaelen&id=e10da55a-e575-4274-a5d4-23c242f5bc51","dc_title":"03 Raadscie 21 januari 2020 ap B1 Beleidplan politie 2020-2023 2e termijn","dc_type":"bijlage","foi_fileName":"03%20Raadscie%20ap%20B1%20Beleidplan%20politie%202020-2023%202e%20termijn.MP3"},{"dc_format":"application/pdf","dc_identifier":"nl.gm1954.2c.2020.2829948-4.doc.7","dc_source":"https://api1.ibabs.eu/publicdownload.aspx?site=Beekdaelen&id=8470200d-08e5-49e5-9134-654173c8f515","dc_title":"Memo beveiligingslek Citrix aan Raad n.a.v. cie sociaal 21 januari 2020","dc_type":"bijlage","foi_fairiscoreVersions":{"v1":1,"v2":1},"foi_fileName":"2020.01.21%20Memo%20beveiligingslek%20Citrix%20aan%20Raad%20n.a.v.%20cie%20sociaal%2021%20januari%202020.pdf","foi_nrPages":1},{"dc_format":"application/pdf","dc_identifier":"nl.gm1954.2c.2020.2829948-4.doc.3","dc_source":"https://api1.ibabs.eu/publicdownload.aspx?site=Beekdaelen&id=a33d2023-995d-447c-a53f-837fb5103482","dc_title":"Raadsvoorstel beleidsplan","dc_type":"bijlage","foi_fairiscoreVersions":{"v1":1,"v2":1},"foi_fileName":"213430%20Raadsvoorstel%20beleidsplan.pdf","foi_nrPages":4},{"dc_format":"application/pdf","dc_identifier":"nl.gm1954.2c.2020.2829948-4.doc.4","dc_source":"https://api1.ibabs.eu/publicdownload.aspx?site=Beekdaelen&id=1d2fb687-db53-4922-852e-2c5fd3c18e5d","dc_title":"Raadsbesluit beleidsplan","dc_type":"bijlage","foi_fairiscoreVersions":{"v1":1,"v2":1},"foi_fileName":"213545%20Raadsbesluit%20beleidsplan.pdf","foi_nrPages":1},{"dc_format":"application/pdf","dc_identifier":"nl.gm1954.2c.2020.2829948-4.doc.5","dc_source":"https://api1.ibabs.eu/publicdownload.aspx?site=Beekdaelen&id=524751ff-0774-47e7-83d6-b6bb503222cc","dc_title":"Concept Beleidsplan 2020-2023","dc_type":"bijlage","foi_fairiscoreVersions":{"v1":2,"v2":1},"foi_fileName":"Concept%20Beleidsplan%202020-2023.pdf","foi_nrPages":23},{"dc_format":"application/pdf","dc_identifier":"nl.gm1954.2c.2020.2829948-4.doc.6","dc_source":"https://api1.ibabs.eu/publicdownload.aspx?site=Beekdaelen&id=9361a90f-7cdc-456c-96c3-24430a62ac4b","dc_title":"Verzoekoplegnotitie Regioburgemeester","dc_type":"bijlage","foi_fairiscoreVersions":{"v1":1,"v2":1},"foi_fileName":"Verzoekoplegnotitie%20Regioburgemeester%20.pdf","foi_nrPages":3}],"foi_nrDocuments":7,"foi_nrPagesInDossier":32,"foi_publishedDate":"2020-01-21","foi_retrievedDate":"2026-02-05"},{"dc_creator":"HandelingScraper_v1","dc_date_year":2020,"dc_description":"Vergadering van de Gemeente Beekdaelen op 2020-01-21. Onderdeel: Voorstel van B&W inzake Kadernota Integrale Veiligheid 2020-2023.","dc_identifier":"nl.gm1954.2c.2020.2829948-5","dc_publisher":"gm1954","dc_source":"https://beekdaelen.bestuurlijkeinformatie.nl/Agenda/Index/184b2667-8bca-4951-bcc1-d74137fa9690","dc_title":"Raadscommissie (2019 t/m januari 2020) 2020-01-21 - Voorstel van B&W inzake Kadernota Integrale Veiligheid 2020-2023","dc_type":"2c","dc_type_description":"Vergaderstuk decentrale overheid","foi_fairiscoreVersions":{"v1":2,"v2":2},"foi_files":[{"dc_format":"application/octet-stream","dc_identifier":"nl.gm1954.2c.2020.2829948-5.doc.1","dc_source":"https://api1.ibabs.eu/publicdownload.aspx?site=Beekdaelen&id=7362682c-a0bb-484e-a7f7-8f0149ee1142","dc_title":"04 Raadscie 21 januari 2020 ap B2 Kadernota integrale veiligheid 2020-2023.MP3","dc_type":"bijlage","foi_fileName":"04%20Raadscie%20ap%20B2%20Kadernota%20integrale%20veiligheid%202020-2023.MP3"},{"dc_format":"application/pdf","dc_identifier":"nl.gm1954.2c.2020.2829948-5.doc.3","dc_source":"https://api1.ibabs.eu/publicdownload.aspx?site=Beekdaelen&id=42dbaa49-1a7b-40ad-9fe2-58a3589cbe06","dc_title":"Concept raadsbesluit kadernota","dc_type":"bijlage","foi_fairiscoreVersions":{"v1":1,"v2":1},"foi_fileName":"213800%20raadsbesluit%20kadernota.pdf","foi_nrPages":1},{"dc_format":"application/pdf","dc_identifier":"nl.gm1954.2c.2020.2829948-5.doc.2","dc_source":"https://api1.ibabs.eu/publicdownload.aspx?site=Beekdaelen&id=bddb4eba-cab6-4364-9e06-7639d1dd4e33","dc_title":"Raadsvoorstel kadernota integrale veiligheid","dc_type":"bijlage","foi_fairiscoreVersions":{"v1":1,"v2":1},"foi_fileName":"213801%20raadsvoorstel%20kadernota%20integrale%20veiligheid.pdf","foi_nrPages":4},{"dc_format":"application/pdf","dc_identifier":"nl.gm1954.2c.2020.2829948-5.doc.4","dc_source":"https://api1.ibabs.eu/publicdownload.aspx?site=Beekdaelen&id=9dfe8832-6331-4f30-aa42-34d7259c1d79","dc_title":"Kadernota Integrale Veiligheid SVBBL 2020-2023","dc_type":"bijlage","foi_fairiscoreVersions":{"v1":2,"v2":2},"foi_fileName":"Kadernota%20Integrale%20Veiligheid%20SVBBL%202020-2023%20.pdf","foi_nrPages":20},{"dc_format":"application/pdf","dc_identifier":"nl.gm1954.2c.2020.2829948-5.doc.5","dc_source":"https://api1.ibabs.eu/publicdownload.aspx?site=Beekdaelen&id=2d6679dd-f1db-4e3a-acb2-92f081fcbafc","dc_title":"Motie begrotingsbehandeling","dc_type":"bijlage","foi_fairiscoreVersions":{"v1":1,"v2":1},"foi_fileName":"Motie%20begrotingsbehandeling%20.pdf","foi_nrPages":1}],"foi_nrDocuments":5,"foi_nrPagesInDossier":26,"foi_publishedDate":"2020-01-21","foi_retrievedDate":"2026-01-22"},{"dc_creator":"HandelingScraper_v1","dc_date_year":2020,"dc_description":"Vergadering van de Gemeente Beekdaelen op 2020-01-21. Onderdeel: Rondvraag cluster Sociaal.","dc_identifier":"nl.gm1954.2c.2020.2829948-6","dc_publisher":"gm1954","dc_source":"https://beekdaelen.bestuurlijkeinformatie.nl/Agenda/Index/184b2667-8bca-4951-bcc1-d74137fa9690","dc_title":"Raadscommissie (2019 t/m januari 2020) 2020-01-21 - Rondvraag cluster Sociaal","dc_type":"2c","dc_type_description":"Vergaderstuk decentrale overheid","foi_fairiscoreVersions":{"v1":1,"v2":1},"foi_files":[{"dc_format":"application/octet-stream","dc_identifier":"nl.gm1954.2c.2020.2829948-6.doc.1","dc_source":"https://api1.ibabs.eu/publicdownload.aspx?site=Beekdaelen&id=d67fdb8c-9a7c-4093-a57c-ecbc0fe4e734","dc_title":"05 Raadscie 21 januari 2020 ap C, D Rondvraag en E Sluiting","dc_type":"bijlage","foi_fileName":"05%20Raadscie%20ap%20C_%20D%20Rondvraag%20en%20E%20Sluiting.MP3","foi_nrPages":1},{"dc_format":"application/pdf","dc_identifier":"nl.gm1954.2c.2020.2829948-6.doc.3","dc_source":"https://api1.ibabs.eu/publicdownload.aspx?site=Beekdaelen&id=078d2774-3668-49fa-ad88-8c1e15d4a94b","dc_title":"Memorie van Antwoord m.b.t. vraag Vernieuwingsgroep holocaust monument","dc_type":"bijlage","foi_fairiscoreVersions":{"v1":1,"v2":1},"foi_fileName":"Beantwoording%20vraag%20Vernieuwingsgroep%20holocaust%20monument.pdf","foi_nrPages":1},{"dc_format":"application/pdf","dc_identifier":"nl.gm1954.2c.2020.2829948-6.doc.2","dc_source":"https://api1.ibabs.eu/publicdownload.aspx?site=Beekdaelen&id=36b75972-9830-4554-8089-49ea5b17608b","dc_title":"Memorie van Antwoord m.b.t. vraag Vernieuwingsgroep inzake Albatros","dc_type":"bijlage","foi_fairiscoreVersions":{"v1":1,"v2":1},"foi_fileName":"C%20Memorie%20van%20Antwoord%20m.b.t.%20vraag%20Vernieuwingsgroep%20inzake%20Albatros.pdf","foi_nrPages":1},{"dc_format":"application/pdf","dc_identifier":"nl.gm1954.2c.2020.2829948-6.doc.4","dc_source":"https://api1.ibabs.eu/publicdownload.aspx?site=Beekdaelen&id=0a658cfa-ee4c-488a-8adc-212e1caafa00","dc_title":"Dashboard vuurwerk jaarwisseling 2019-2020 n.a.v. rondvraag cie sociaal 21 januari 2020","dc_type":"bijlage","foi_fairiscoreVersions":{"v1":1,"v2":1},"foi_fileName":"Dashboard%20vuurwerk%20jaarwisseling%202019-2020%20n.a.v.%20cie%20sociaal%2021%20januari%202020.pdf","foi_nrPages":1}],"foi_nrDocuments":4,"foi_nrPagesInDossier":4,"foi_publishedDate":"2020-01-21","foi_retrievedDate":"2026-03-04"},{"dc_creator":"HandelingScraper_v1","dc_date_year":2020,"dc_description":"Vergadering van de Gemeente Beekdaelen op 2020-01-23. Onderdeel: Algemeen.","dc_identifier":"nl.gm1954.2c.2020.2830056-1","dc_publisher":"gm1954","dc_source":"https://beekdaelen.bestuurlijkeinformatie.nl/Agenda/Index/4a4fe875-b7e6-4a65-a0f1-e42fa527703e","dc_title":"Raadscommissie (2019 t/m januari 2020) 2020-01-23 - Algemeen","dc_type":"2c","dc_type_description":"Vergaderstuk decentrale overheid","foi_fairiscoreVersions":{"v1":1,"v2":1},"foi_files":[{"dc_format":"application/pdf","dc_identifier":"nl.gm1954.2c.2020.2830056-1.doc.1","dc_source":"https://api1.ibabs.eu/publicdownload.aspx?site=Beekdaelen&id=9c3b14ac-2d07-4f46-bc93-ea7f3e873811","dc_title":"Technische vragen/vragen ex. art. 32 RvO D66 inzake regeling reductie energieverbruik i.r.t. woonwijzerwinkel","dc_type":"bijlage","foi_fairiscoreVersions":{"v1":1,"v2":1},"foi_fileName":"2019-88%20artikel%2032%20vragen%20D66%20inzake%20regeling%20reductie%20energieverbruik.pdf","foi_nrPages":1},{"dc_format":"application/pdf","dc_identifier":"nl.gm1954.2c.2020.2830056-1.doc.3","dc_source":"https://api1.ibabs.eu/publicdownload.aspx?site=Beekdaelen&id=f32ebba5-6b23-443a-9efc-853c16118ec6","dc_title":"Technische vragen VVD commissievergadering 23 januari 2020","dc_type":"bijlage","foi_fairiscoreVersions":{"v1":1,"v2":1},"foi_fileName":"20200111_VVD_Schriftelijke%20vragen%20commissievergadering.pdf","foi_nrPages":3},{"dc_format":"application/pdf","dc_identifier":"nl.gm1954.2c.2020.2830056-1.doc.4","dc_source":"https://api1.ibabs.eu/publicdownload.aspx?site=Beekdaelen&id=6211c1a3-c284-4fb4-a5ce-54de6ce547ee","dc_title":"Technische vragen CDA fractie commissie 21 en 23 januari 2020","dc_type":"bijlage","foi_fairiscoreVersions":{"v1":1,"v2":1},"foi_fileName":"Technische%20vragen%20CDA%20fractie%20commissie%2021%20en%2023%20januari.pdf","foi_nrPages":2},{"dc_format":"application/pdf","dc_identifier":"nl.gm1954.2c.2020.2830056-1.doc.2","dc_source":"https://api1.ibabs.eu/publicdownload.aspx?site=Beekdaelen&id=d242e965-0fb1-419f-9e06-ee566397ca97","dc_title":"Technische vragen VERNIEUWINGSGROEP COMMISSIEVERGADERINGEN 21 en 23 januari 2020","dc_type":"bijlage","foi_fairiscoreVersions":{"v1":1,"v2":1},"foi_fileName":"VOORVRAGEN%20VERNIEUWINGSGROEP%20COMMISSIEVERGADERINGEN%2021%20en%2023%20januari%202020.pdf","foi_nrPages":2}],"foi_nrDocuments":4,"foi_nrPagesInDossier":8,"foi_publishedDate":"2020-01-23","foi_retrievedDate":"2025-12-01"},{"dc_creator":"HandelingScraper_v1","dc_date_year":2020,"dc_description":"Vergadering van de Gemeente Beekdaelen op 2020-01-23. Onderdeel: Opening, mededelingen voorzitter en vaststellen agenda.","dc_identifier":"nl.gm1954.2c.2020.2830056-2","dc_publisher":"gm1954","dc_source":"https://beekdaelen.bestuurlijkeinformatie.nl/Agenda/Index/4a4fe875-b7e6-4a65-a0f1-e42fa527703e","dc_title":"Raadscommissie (2019 t/m januari 2020) 2020-01-23 - Opening, mededelingen voorzitter en vaststellen agenda","dc_type":"2c","dc_type_description":"Vergaderstuk decentrale overheid","foi_fairiscoreVersions":{"v1":null,"v2":null},"foi_files":[{"dc_format":"application/octet-stream","dc_identifier":"nl.gm1954.2c.2020.2830056-2.doc.1","dc_source":"https://api1.ibabs.eu/publicdownload.aspx?site=Beekdaelen&id=733b6989-83c0-4565-91fa-332810587153","dc_title":"01 Raadscie 23 januari 2020 ap A1 opening tm A4 vervolgvragen","dc_type":"bijlage","foi_fileName":"01%20Raadscie%2023%20januari%202020%20ap%20A1%20opening%20tm%20A4%20vervolgvragen.MP3"},{"dc_format":"application/pdf","dc_identifier":"nl.gm1954.2c.2020.2830056-2.doc.2","dc_source":"https://api1.ibabs.eu/publicdownload.aspx?site=Beekdaelen&id=d00968e6-d0a1-445c-983f-f8d80a88698b","dc_title":"Vastgestelde agenda cie. Ruimte 23012020","dc_type":"bijlage","foi_fileName":"Vastgestelde%20agenda%20cie%20Ruimte%2023012020.pdf"}],"foi_nrDocuments":2,"foi_nrPagesInDossier":0,"foi_publishedDate":"2020-01-23","foi_retrievedDate":"2025-12-01"},{"dc_creator":"HandelingScraper_v1","dc_date_year":2020,"dc_description":"Vergadering van de Gemeente Beekdaelen op 2020-01-23. Onderdeel: Vaststellen actiepuntenlijst cie d.d. 4 december 2019.","dc_identifier":"nl.gm1954.2c.2020.2830056-3","dc_publisher":"gm1954","dc_source":"https://beekdaelen.bestuurlijkeinformatie.nl/Agenda/Index/4a4fe875-b7e6-4a65-a0f1-e42fa527703e","dc_title":"Raadscommissie (2019 t/m januari 2020) 2020-01-23 - Vaststellen actiepuntenlijst cie d.d. 4 december 2019","dc_type":"2c","dc_type_description":"Vergaderstuk decentrale overheid","foi_fairiscoreVersions":{"v1":1,"v2":1},"foi_files":[{"dc_format":"application/pdf","dc_identifier":"nl.gm1954.2c.2020.2830056-3.doc.1","dc_source":"https://api1.ibabs.eu/publicdownload.aspx?site=Beekdaelen&id=0a5c3961-d189-4829-ad7a-65903a8b9553","dc_title":"Actiepuntenlijst cie 4 december 2019","dc_type":"bijlage","foi_fairiscoreVersions":{"v1":1,"v2":1},"foi_fileName":"Actiepuntenlijst%20cie%204%20december%202019.pdf","foi_nrPages":3}],"foi_nrDocuments":1,"foi_nrPagesInDossier":3,"foi_publishedDate":"2020-01-23","foi_retrievedDate":"2026-01-23"},{"dc_creator":"HandelingScraper_v1","dc_date_year":2020,"dc_description":"Vergadering van de Gemeente Beekdaelen op 2020-01-23. Onderdeel: Voorstel B&W inzake oprichten Woonwijzerwinkel BV.","dc_identifier":"nl.gm1954.2c.2020.2830056-4","dc_publisher":"gm1954","dc_source":"https://beekdaelen.bestuurlijkeinformatie.nl/Agenda/Index/4a4fe875-b7e6-4a65-a0f1-e42fa527703e","dc_title":"Raadscommissie (2019 t/m januari 2020) 2020-01-23 - Voorstel B&W inzake oprichten Woonwijzerwinkel BV","dc_type":"2c","dc_type_description":"Vergaderstuk decentrale overheid","foi_fairiscoreVersions":{"v1":3,"v2":3},"foi_files":[{"dc_format":"application/octet-stream","dc_identifier":"nl.gm1954.2c.2020.2830056-4.doc.1","dc_source":"https://api1.ibabs.eu/publicdownload.aspx?site=Beekdaelen&id=788b2815-5b78-4478-8e21-99405ee43754","dc_title":"02 Raadscie 23 januari 2020 ap B1 Woonwijzerwinkel - presentatie","dc_type":"bijlage","foi_fileName":"02%20Raadscie%2023%20januari%202020%20ap%20B1%20Woonwijzerwinkel%20-%20presentatie.MP3"},{"dc_format":"application/octet-stream","dc_identifier":"nl.gm1954.2c.2020.2830056-4.doc.2","dc_source":"https://api1.ibabs.eu/publicdownload.aspx?site=Beekdaelen&id=c8449c9f-654e-4b79-93e1-c7f9b4a26d29","dc_title":"03 Raadscie 23 januari 2020 ap B1 Woonwijzerwinkel- 1e termijn cie","dc_type":"bijlage","foi_fileName":"03%20Raadscie%2023%20januari%202020%20ap%20B1%20Woonwijzerwinkel-%201e%20termijn%20cie.MP3"},{"dc_format":"application/octet-stream","dc_identifier":"nl.gm1954.2c.2020.2830056-4.doc.3","dc_source":"https://api1.ibabs.eu/publicdownload.aspx?site=Beekdaelen&id=85caca1f-8965-4b78-a725-0c8d420f0e27","dc_title":"04 Raadscie 23 januari 2020 ap B1 Woonwijzerwinkel - 1e termijn college","dc_type":"bijlage","foi_fileName":"04%20Raadscie%2023%20januari%202020%20ap%20B1%20Woonwijzerwinkel%20-%201e%20termijn%20college.MP3"},{"dc_format":"application/octet-stream","dc_identifier":"nl.gm1954.2c.2020.2830056-4.doc.4","dc_source":"https://api1.ibabs.eu/publicdownload.aspx?site=Beekdaelen&id=f95c7080-4745-4647-8918-c0c784a61e98","dc_title":"05 Raadscie 23 januari 2020 ap B1 Woonwijzerwinkel - 2e termijn cie","dc_type":"bijlage","foi_fileName":"05%20Raadscie%2023%20januari%202020%20ap%20B1%20Woonwijzerwinkel%20-%202e%20termijn%20cie.MP3"},{"dc_format":"application/octet-stream","dc_identifier":"nl.gm1954.2c.2020.2830056-4.doc.5","dc_source":"https://api1.ibabs.eu/publicdownload.aspx?site=Beekdaelen&id=781049cd-686f-42de-864f-1ae351bc716c","dc_title":"06 Raadscie 23 januari 2020 ap B1 Woonwijzerwinkel - 2e termijn college","dc_type":"bijlage","foi_fileName":"06%20Raadscie%2023%20januari%202020%20ap%20B1%20Woonwijzerwinkel%20-%202e%20termijn%20college.MP3"},{"dc_format":"application/octet-stream","dc_identifier":"nl.gm1954.2c.2020.2830056-4.doc.6","dc_source":"https://api1.ibabs.eu/publicdownload.aspx?site=Beekdaelen&id=1b2b050d-1692-4d41-95ab-87e19c206921","dc_title":"07 Raadscie 23 januari 2020 ap B1 Woonwijzerwinkel - afronding","dc_type":"bijlage","foi_fileName":"07%20Raadscie%2023%20januari%202020%20ap%20B1%20Woonwijzerwinkel%20-%20afronding.MP3"},{"dc_format":"application/pdf","dc_identifier":"nl.gm1954.2c.2020.2830056-4.doc.15","dc_source":"https://api1.ibabs.eu/publicdownload.aspx?site=Beekdaelen&id=85443e0c-5255-4a5c-98be-52bc61e8ff00","dc_title":"20200121 - QenA WoonWijzerWinkel versie 21.01.2020.docx","dc_type":"bijlage","foi_fairiscoreVersions":{"v1":2,"v2":2},"foi_fileName":"20200121%20-%20QenA%20WoonWijzerWinkel%20versie%2021.01.2020.pdf","foi_nrPages":12},{"dc_format":"application/pdf","dc_identifier":"nl.gm1954.2c.2020.2830056-4.doc.10","dc_source":"https://api1.ibabs.eu/publicdownload.aspx?site=Beekdaelen&id=2ba3e2de-e1bd-4ddd-b3b4-1f10385e614c","dc_title":"213608 - Businessplan WoonWijzerWinkel","dc_type":"bijlage","foi_fairiscoreVersions":{"v1":2,"v2":1},"foi_fileName":"213608%20-%20Businessplan%20WoonWijzerWinkel.pdf","foi_nrPages":30},{"dc_format":"application/pdf","dc_identifier":"nl.gm1954.2c.2020.2830056-4.doc.7","dc_source":"https://api1.ibabs.eu/publicdownload.aspx?site=Beekdaelen&id=ec62f34f-4a25-4aaa-8298-610e5167d5aa","dc_title":"213609_1 Raadvoorstel oprichten WoonWijzerWinkel","dc_type":"bijlage","foi_fairiscoreVersions":{"v1":1,"v2":1},"foi_fileName":"213609_1%20Raadvoorstel%20oprichten%20WoonWijzerWinkel.pdf","foi_nrPages":5},{"dc_format":"application/pdf","dc_identifier":"nl.gm1954.2c.2020.2830056-4.doc.8","dc_source":"https://api1.ibabs.eu/publicdownload.aspx?site=Beekdaelen&id=38cf377a-be82-491b-83d3-e2b8896dbba4","dc_title":"213610_1 Raadbesluit oprichten WoonWijzerWinkel","dc_type":"bijlage","foi_fairiscoreVersions":{"v1":1,"v2":1},"foi_fileName":"213610_1%20Raadbesluit%20oprichten%20WoonWijzerWinkel.pdf","foi_nrPages":1},{"dc_format":"application/pdf","dc_identifier":"nl.gm1954.2c.2020.2830056-4.doc.9","dc_source":"https://api1.ibabs.eu/publicdownload.aspx?site=Beekdaelen&id=9a2d1583-950c-413b-8d6d-473780da7070","dc_title":"Aanbiedingsbrief","dc_type":"bijlage","foi_fairiscoreVersions":{"v1":5,"v2":5},"foi_fileName":"Aanbiedingsbrief.pdf","foi_nrPages":2},{"dc_format":"application/pdf","dc_identifier":"nl.gm1954.2c.2020.2830056-4.doc.14","dc_source":"https://api1.ibabs.eu/publicdownload.aspx?site=Beekdaelen&id=c1928bf5-3823-432f-88e8-d95a8594f0ff","dc_title":"beantwoording art. 32 vragen D66.pdf","dc_type":"bijlage","foi_fairiscoreVersions":{"v1":5,"v2":5},"foi_fileName":"beantwoording%20art.%2032%20vragen%20D66.pdf","foi_nrPages":2},{"dc_format":"application/pdf","dc_identifier":"nl.gm1954.2c.2020.2830056-4.doc.12","dc_source":"https://api1.ibabs.eu/publicdownload.aspx?site=Beekdaelen&id=cfcae033-ea2d-45aa-96f3-094efc24d54c","dc_title":"Memorie van Antwoord CDA m.b.t raadsvoorstel WoonWijzerWinkel.docx","dc_type":"bijlage","foi_fairiscoreVersions":{"v1":1,"v2":1},"foi_fileName":"Memorie%20van%20Antwoord%20CDA%20m.b.t%20raadsvoorstel%20WoonWijzerWinkel.pdf","foi_nrPages":2},{"dc_format":"application/pdf","dc_identifier":"nl.gm1954.2c.2020.2830056-4.doc.17","dc_source":"https://api1.ibabs.eu/publicdownload.aspx?site=Beekdaelen&id=adf0c5c0-02a8-4d72-8c95-76461c4ccbce","dc_title":"Memorie van Antwoord VG m.b.t raadsvoorstel WoonWijzerWinkel.docx","dc_type":"bijlage","foi_fairiscoreVersions":{"v1":1,"v2":1},"foi_fileName":"Memorie%20van%20Antwoord%20VG%20m.b.t%20raadsvoorstel%20WoonWijzerWinkel.pdf","foi_nrPages":2},{"dc_format":"application/pdf","dc_identifier":"nl.gm1954.2c.2020.2830056-4.doc.13","dc_source":"https://api1.ibabs.eu/publicdownload.aspx?site=Beekdaelen&id=d82012a2-2bb0-4d84-ae5f-7054681ba6ee","dc_title":"Memorie van Antwoord VVD m.b.t raadsvoorstel WoonWijzerWinkel.docx","dc_type":"bijlage","foi_fairiscoreVersions":{"v1":1,"v2":1},"foi_fileName":"Memorie%20van%20Antwoord%20VVD%20m.b.t%20raadsvoorstel%20WoonWijzerWinkel.pdf","foi_nrPages":5},{"dc_format":"application/pdf","dc_identifier":"nl.gm1954.2c.2020.2830056-4.doc.11","dc_source":"https://api1.ibabs.eu/publicdownload.aspx?site=Beekdaelen&id=0adcabb5-8353-4a1a-a7e7-60e560004837","dc_title":"Notitie WoonWijzerWinkel","dc_type":"bijlage","foi_fairiscoreVersions":{"v1":1,"v2":1},"foi_fileName":"Notitie%20WoonWijzerWinkel.pdf","foi_nrPages":11},{"dc_format":"application/pdf","dc_identifier":"nl.gm1954.2c.2020.2830056-4.doc.16","dc_source":"https://api1.ibabs.eu/publicdownload.aspx?site=Beekdaelen&id=8ce41dfb-e3c9-48af-83a6-a34ab632500d","dc_title":"presentatie WoonWijzerWinkel.pdf","dc_type":"bijlage","foi_fairiscoreVersions":{"v1":5,"v2":5},"foi_fileName":"presentatie%20WoonWijzerWinkel.pdf","foi_nrPages":34}],"foi_nrDocuments":17,"foi_nrPagesInDossier":106,"foi_publishedDate":"2020-01-23","foi_retrievedDate":"2025-11-30"},{"dc_creator":"HandelingScraper_v1","dc_date_year":2020,"dc_description":"Vergadering van de Gemeente Beekdaelen op 2020-01-23. Onderdeel: Voorstel B&W inzake verklaring van geen bedenkingen woning Raadhuisstraat te Merkelbeek.","dc_identifier":"nl.gm1954.2c.2020.2830056-5","dc_publisher":"gm1954","dc_source":"https://beekdaelen.bestuurlijkeinformatie.nl/Agenda/Index/4a4fe875-b7e6-4a65-a0f1-e42fa527703e","dc_title":"Raadscommissie (2019 t/m januari 2020) 2020-01-23 - Voorstel B&W inzake verklaring van geen bedenkingen woning Raadhuisstraat te Merkelbeek","dc_type":"2c","dc_type_description":"Vergaderstuk decentrale overheid","foi_fairiscoreVersions":{"v1":2,"v2":2},"foi_files":[{"dc_format":"application/octet-stream","dc_identifier":"nl.gm1954.2c.2020.2830056-5.doc.1","dc_source":"https://api1.ibabs.eu/publicdownload.aspx?site=Beekdaelen&id=9b7ebfb4-7930-435d-b671-2624018deb53","dc_title":"08 Raadscie 23 januari 2020 ap B2 Verklaring van geen bedenkingen inzake woning Raadshuisstraat Merkelbeek","dc_type":"bijlage","foi_fileName":"08%20Raadscie%2023%20januari%202020%20ap%20B2%20Verklaring%20van%20geen%20bedenkingen%20inzake%20woning%20Raadshuisstraat%20Merkelbeek.MP3"},{"dc_format":"application/pdf","dc_identifier":"nl.gm1954.2c.2020.2830056-5.doc.4","dc_source":"https://api1.ibabs.eu/publicdownload.aspx?site=Beekdaelen&id=19dc75b7-5893-46cd-b5e6-a132059946ce","dc_title":"212965 Plangegevens en ruimtelijke onderbouwing","dc_type":"bijlage","foi_fairiscoreVersions":{"v1":2,"v2":2},"foi_fileName":"212965%20Plangegevens%20en%20ruimtelijke%20onderbouwing.pdf","foi_nrPages":98},{"dc_format":"application/pdf","dc_identifier":"nl.gm1954.2c.2020.2830056-5.doc.5","dc_source":"https://api1.ibabs.eu/publicdownload.aspx?site=Beekdaelen&id=4650f241-2336-45f4-817d-48c1780fd815","dc_title":"212965 Principebesluit voormalige gemeente Onderbanken","dc_type":"bijlage","foi_fairiscoreVersions":{"v1":5,"v2":5},"foi_fileName":"212965%20Principebesluit%20voormalige%20gemeente%20Onderbanken.pdf","foi_nrPages":7},{"dc_format":"application/pdf","dc_identifier":"nl.gm1954.2c.2020.2830056-5.doc.2","dc_source":"https://api1.ibabs.eu/publicdownload.aspx?site=Beekdaelen&id=c5ba9aa4-019f-4e59-8c4a-d09172ee67cf","dc_title":"212965 Raadsvoorstel Bouw van woning Raadhuisstraat te Merkelbeek","dc_type":"bijlage","foi_fairiscoreVersions":{"v1":1,"v2":1},"foi_fileName":"212965%20Raadsvoorstel%20Bouw%20van%20woning%20Raadhuisstraat%20te%20Merkelbeek.pdf","foi_nrPages":2},{"dc_format":"application/pdf","dc_identifier":"nl.gm1954.2c.2020.2830056-5.doc.3","dc_source":"https://api1.ibabs.eu/publicdownload.aspx?site=Beekdaelen&id=c9b02433-1b1e-4257-a974-9efb86342fd8","dc_title":"213103_1 Raadsbesluit ontwerpverklaring geen bedenkingen Merkelbeek","dc_type":"bijlage","foi_fairiscoreVersions":{"v1":1,"v2":1},"foi_fileName":"213103_1%20Raadsbesluit%20ontwerpverklaring%20geen%20bedenkingen%20Merkelbeek.pdf","foi_nrPages":1},{"dc_format":"application/pdf","dc_identifier":"nl.gm1954.2c.2020.2830056-5.doc.6","dc_source":"https://api1.ibabs.eu/publicdownload.aspx?site=Beekdaelen&id=8203d7ec-289a-4aa0-ba72-125cfe089fba","dc_title":"Memorie van Antwoord CDA cie Ruimte 23 jan 2020.docx","dc_type":"bijlage","foi_fairiscoreVersions":{"v1":1,"v2":1},"foi_fileName":"Memorie%20van%20Antwoord%20CDA%20cie%20Ruimte%2023%20jan%202020.pdf","foi_nrPages":3},{"dc_format":"application/pdf","dc_identifier":"nl.gm1954.2c.2020.2830056-5.doc.7","dc_source":"https://api1.ibabs.eu/publicdownload.aspx?site=Beekdaelen&id=057a76ce-17ae-4c9e-be59-a84aafe76b60","dc_title":"Memorie van Antwoord Vernieuwingsgroep Cie Ruimte 23.1.2020.docx","dc_type":"bijlage","foi_fairiscoreVersions":{"v1":1,"v2":1},"foi_fileName":"Memorie%20van%20Antwoord%20Vernieuwingsgroep%20Cie%20Ruimte%2023.1.2020.pdf","foi_nrPages":2}],"foi_nrDocuments":7,"foi_nrPagesInDossier":113,"foi_publishedDate":"2020-01-23","foi_retrievedDate":"2025-12-03"},{"dc_creator":"HandelingScraper_v1","dc_date_year":2020,"dc_description":"Vergadering van de Gemeente Beekdaelen op 2020-01-23. Onderdeel: Rondvraag cluster Ruimte.","dc_identifier":"nl.gm1954.2c.2020.2830056-6","dc_publisher":"gm1954","dc_source":"https://beekdaelen.bestuurlijkeinformatie.nl/Agenda/Index/4a4fe875-b7e6-4a65-a0f1-e42fa527703e","dc_title":"Raadscommissie (2019 t/m januari 2020) 2020-01-23 - Rondvraag cluster Ruimte","dc_type":"2c","dc_type_description":"Vergaderstuk decentrale overheid","foi_fairiscoreVersions":{"v1":null,"v2":null},"foi_files":[{"dc_format":"application/octet-stream","dc_identifier":"nl.gm1954.2c.2020.2830056-6.doc.1","dc_source":"https://api1.ibabs.eu/publicdownload.aspx?site=Beekdaelen&id=37beccae-b96c-4ab1-8264-dd767eedb10a","dc_title":"09 Raadscie 23 januari 2020 ap C Rondvraag en D Sluiting","dc_type":"bijlage","foi_fileName":"09%20Raadscie%2023%20januari%202020%20ap%20C%20Rondvraag%20en%20D%20Sluiting.MP3"}],"foi_nrDocuments":1,"foi_nrPagesInDossier":0,"foi_publishedDate":"2020-01-23","foi_retrievedDate":"2026-01-23"},{"dc_creator":"HandelingScraper_v1","dc_date_year":2020,"dc_description":"Vergadering van de Gemeente Beekdaelen op 2020-01-23. Onderdeel: Training Omgevingswet.","dc_identifier":"nl.gm1954.2c.2020.2830056-7","dc_publisher":"gm1954","dc_source":"https://beekdaelen.bestuurlijkeinformatie.nl/Agenda/Index/4a4fe875-b7e6-4a65-a0f1-e42fa527703e","dc_title":"Raadscommissie (2019 t/m januari 2020) 2020-01-23 - Training Omgevingswet","dc_type":"2c","dc_type_description":"Vergaderstuk decentrale overheid","foi_fairiscoreVersions":{"v1":2,"v2":2},"foi_files":[{"dc_format":"application/pdf","dc_identifier":"nl.gm1954.2c.2020.2830056-7.doc.2","dc_source":"https://api1.ibabs.eu/publicdownload.aspx?site=Beekdaelen&id=4b1b2dc3-5828-4815-9d10-d8a7af480fd5","dc_title":"Presentatie verdieping Omgevingswet Raad Beekdaelen 23 januari 2020.pptx","dc_type":"bijlage","foi_fairiscoreVersions":{"v1":2,"v2":2},"foi_fileName":"Presentatie%20verdieping%20Omgevingswet%20Raad%20Beekdaelen%2023%20januari%202020.pdf","foi_nrPages":24},{"dc_format":"application/pdf","dc_identifier":"nl.gm1954.2c.2020.2830056-7.doc.1","dc_source":"https://api1.ibabs.eu/publicdownload.aspx?site=Beekdaelen&id=adf3c558-1670-485f-b632-824eaf4928d8","dc_title":"Training Omgevingswet Raad","dc_type":"bijlage","foi_fairiscoreVersions":{"v1":1,"v2":1},"foi_fileName":"Training%20Omgevingswet%20Raad.pdf","foi_nrPages":2}],"foi_nrDocuments":2,"foi_nrPagesInDossier":26,"foi_publishedDate":"2020-01-23","foi_retrievedDate":"2025-12-01"},{"dc_creator":"HandelingScraper_v1","dc_date_year":2020,"dc_description":"Vergadering van de Gemeente Beekdaelen op 2020-02-04. Onderdeel: Opening.","dc_identifier":"nl.gm1954.2c.2020.2830103-1","dc_publisher":"gm1954","dc_source":"https://beekdaelen.bestuurlijkeinformatie.nl/Agenda/Index/2582fd7d-c748-4dae-aa55-0006205155ed","dc_title":"Raadsvergadering 2020-02-04 - Opening","dc_type":"2c","dc_type_description":"Vergaderstuk decentrale overheid","foi_fairiscoreVersions":{"v1":null,"v2":null},"foi_files":[{"dc_format":"application/octet-stream","dc_identifier":"nl.gm1954.2c.2020.2830103-1.doc.1","dc_source":"https://api1.ibabs.eu/publicdownload.aspx?site=Beekdaelen&id=3209b547-1883-451d-a991-3cb7d04fb85f","dc_title":"01 Raad 4 febr 2020 ap 1 opening tm 3 besluitenlijst 17 en 23 december 2019","dc_type":"bijlage","foi_fileName":"01%20Raad%204%20febr%202020%20ap%201%20opening%20tm%203%20besluitenlijst%2017%20en%2023%20december%202019.MP3"}],"foi_nrDocuments":1,"foi_nrPagesInDossier":0,"foi_publishedDate":"2020-02-04","foi_retrievedDate":"2025-11-30"},{"dc_creator":"HandelingScraper_v1","dc_date_year":2020,"dc_description":"Vergadering van de Gemeente Beekdaelen op 2020-02-04. Onderdeel: Voorstel inzake oprichten Woonwijzerwinkel BV.","dc_identifier":"nl.gm1954.2c.2020.2830103-10","dc_publisher":"gm1954","dc_source":"https://beekdaelen.bestuurlijkeinformatie.nl/Agenda/Index/2582fd7d-c748-4dae-aa55-0006205155ed","dc_title":"Raadsvergadering 2020-02-04 - Voorstel inzake oprichten Woonwijzerwinkel BV","dc_type":"2c","dc_type_description":"Vergaderstuk decentrale overheid","foi_fairiscoreVersions":{"v1":2,"v2":2},"foi_files":[{"dc_format":"application/octet-stream","dc_identifier":"nl.gm1954.2c.2020.2830103-10.doc.1","dc_source":"https://api1.ibabs.eu/publicdownload.aspx?site=Beekdaelen&id=64b336f0-cab3-4b37-b459-87588f816365","dc_title":"04 Raad 4 febr 2020 ap 5.2 Woonwijzerwinkel tot schorsing","dc_type":"bijlage","foi_fileName":"04%20Raad%204%20febr%202020%20ap%205.2%20Woonwijzerwinkel%20tot%20schorsing.MP3"},{"dc_format":"application/octet-stream","dc_identifier":"nl.gm1954.2c.2020.2830103-10.doc.2","dc_source":"https://api1.ibabs.eu/publicdownload.aspx?site=Beekdaelen&id=65bc5400-b6fc-4652-9a34-c55a29d43cbc","dc_title":"05 Raad 4 febr 2020 ap 5.2 Woonwijzerwinkel na schorsing tm 7.1 Motie fietspad Doenrade - Merkelbeek","dc_type":"bijlage","foi_fileName":"05%20Raad%204%20febr%202020%20ap%205.2%20Woonwijzerwinkel%20na%20schorsing%20tm%207.1%20Motie%20fietspad%20Doenrade%20-%20Merkelbeek.MP3"},{"dc_format":"application/pdf","dc_identifier":"nl.gm1954.2c.2020.2830103-10.doc.7","dc_source":"https://api1.ibabs.eu/publicdownload.aspx?site=Beekdaelen&id=81eca1e3-5b89-4c14-8706-7f5a2eb9152f","dc_title":"QenA WoonWijzerWinkel versie 21.01.2020","dc_type":"bijlage","foi_fairiscoreVersions":{"v1":2,"v2":2},"foi_fileName":"20200121%20-%20QenA%20WoonWijzerWinkel%20versie%2021.01.2020.pdf","foi_nrPages":12},{"dc_format":"application/pdf","dc_identifier":"nl.gm1954.2c.2020.2830103-10.doc.6","dc_source":"https://api1.ibabs.eu/publicdownload.aspx?site=Beekdaelen&id=c7254ffc-7e51-45ff-b2e8-cb5a7558d6d3","dc_title":"Businessplan WoonWijzerWinkel","dc_type":"bijlage","foi_fairiscoreVersions":{"v1":2,"v2":1},"foi_fileName":"213608%20-%20Businessplan%20WoonWijzerWinkel.pdf","foi_nrPages":30},{"dc_format":"application/pdf","dc_identifier":"nl.gm1954.2c.2020.2830103-10.doc.3","dc_source":"https://api1.ibabs.eu/publicdownload.aspx?site=Beekdaelen&id=93dd1114-7ace-443f-93d1-0b17d55d3f93","dc_title":"Raadvoorstel oprichten WoonWijzerWinkel","dc_type":"bijlage","foi_fairiscoreVersions":{"v1":1,"v2":1},"foi_fileName":"213609_1%20Raadvoorstel%20oprichten%20WoonWijzerWinkel.pdf","foi_nrPages":5},{"dc_format":"application/pdf","dc_identifier":"nl.gm1954.2c.2020.2830103-10.doc.4","dc_source":"https://api1.ibabs.eu/publicdownload.aspx?site=Beekdaelen&id=363c6168-eea0-46c6-883b-9ee63d7e7f68","dc_title":"Raadbesluit oprichten WoonWijzerWinkel","dc_type":"bijlage","foi_fairiscoreVersions":{"v1":1,"v2":1},"foi_fileName":"213610_1%20Raadbesluit%20oprichten%20WoonWijzerWinkel.pdf","foi_nrPages":1},{"dc_format":"application/pdf","dc_identifier":"nl.gm1954.2c.2020.2830103-10.doc.8","dc_source":"https://api1.ibabs.eu/publicdownload.aspx?site=Beekdaelen&id=30545709-c600-444f-9ac3-e9e0a9385e03","dc_title":"Notitie WoonWijzerWinkel","dc_type":"bijlage","foi_fairiscoreVersions":{"v1":1,"v2":1},"foi_fileName":"Notitie%20WoonWijzerWinkel.pdf","foi_nrPages":11},{"dc_format":"application/pdf","dc_identifier":"nl.gm1954.2c.2020.2830103-10.doc.9","dc_source":"https://api1.ibabs.eu/publicdownload.aspx?site=Beekdaelen&id=44ac542d-76c6-4870-8069-02bd941768e4","dc_title":"presentatie WoonWijzerWinkel","dc_type":"bijlage","foi_fairiscoreVersions":{"v1":5,"v2":5},"foi_fileName":"presentatie%20WoonWijzerWinkel.pdf","foi_nrPages":34},{"dc_format":"application/pdf","dc_identifier":"nl.gm1954.2c.2020.2830103-10.doc.5","dc_source":"https://api1.ibabs.eu/publicdownload.aspx?site=Beekdaelen&id=816dcc73-921d-4bf5-aa4f-e9bf049b5867","dc_title":"RB oprichten WoonWijzerWinkel vastgesteld raad 04022020","dc_type":"bijlage","foi_fairiscoreVersions":{"v1":1,"v2":1},"foi_fileName":"RB%20oprichten%20WoonWijzerWinkel%20vastgesteld%20raad%2004022020.pdf","foi_nrPages":1}],"foi_nrDocuments":9,"foi_nrPagesInDossier":94,"foi_publishedDate":"2020-02-04","foi_retrievedDate":"2025-11-30"},{"dc_creator":"HandelingScraper_v1","dc_date_year":2020,"dc_description":"Vergadering van de Gemeente Beekdaelen op 2020-02-04. Onderdeel: Vaststelling lijst ingekomen stukken.","dc_identifier":"nl.gm1954.2c.2020.2830103-11","dc_publisher":"gm1954","dc_source":"https://beekdaelen.bestuurlijkeinformatie.nl/Agenda/Index/2582fd7d-c748-4dae-aa55-0006205155ed","dc_title":"Raadsvergadering 2020-02-04 - Vaststelling lijst ingekomen stukken","dc_type":"2c","dc_type_description":"Vergaderstuk decentrale overheid","foi_fairiscoreVersions":{"v1":1,"v2":1},"foi_files":[{"dc_format":"application/pdf","dc_identifier":"nl.gm1954.2c.2020.2830103-11.doc.2","dc_source":"https://api1.ibabs.eu/publicdownload.aspx?site=Beekdaelen&id=02d147ee-497f-44d2-a08d-842d94152407","dc_title":"Lijst ingekomen stukken raad 04022020 VASTGESTELD.pdf","dc_type":"bijlage","foi_fairiscoreVersions":{"v1":1,"v2":1},"foi_fileName":"Lijst%20ingekomen%20stukken%20raad%2004022020%20VASTGESTELD.pdf","foi_nrPages":6},{"dc_format":"application/pdf","dc_identifier":"nl.gm1954.2c.2020.2830103-11.doc.1","dc_source":"https://api1.ibabs.eu/publicdownload.aspx?site=Beekdaelen&id=8938ee3f-9475-4d67-890b-2dcd15b6a8b4","dc_title":"Lijst ingekomen stukken raad 04022020 versie 20200130","dc_type":"bijlage","foi_fairiscoreVersions":{"v1":1,"v2":1},"foi_fileName":"Lijst%20ingekomen%20stukken%20raad%2004022020%20versie%2020200130.pdf","foi_nrPages":6}],"foi_nrDocuments":2,"foi_nrPagesInDossier":12,"foi_publishedDate":"2020-02-04","foi_retrievedDate":"2026-03-04"},{"dc_creator":"HandelingScraper_v1","dc_date_year":2020,"dc_description":"Vergadering van de Gemeente Beekdaelen op 2020-02-04. Onderdeel: Motie D66 en VVD inzake haalbaarheid vrijliggend fietspad Doenrade - Merkelbeek vv.","dc_identifier":"nl.gm1954.2c.2020.2830103-12","dc_publisher":"gm1954","dc_source":"https://beekdaelen.bestuurlijkeinformatie.nl/Agenda/Index/2582fd7d-c748-4dae-aa55-0006205155ed","dc_title":"Raadsvergadering 2020-02-04 - Motie D66 en VVD inzake haalbaarheid vrijliggend fietspad Doenrade - Merkelbeek vv","dc_type":"2c","dc_type_description":"Vergaderstuk decentrale overheid","foi_fairiscoreVersions":{"v1":1,"v2":1},"foi_files":[{"dc_format":"application/pdf","dc_identifier":"nl.gm1954.2c.2020.2830103-12.doc.2","dc_source":"https://api1.ibabs.eu/publicdownload.aspx?site=Beekdaelen&id=ca5ffacd-caca-4c1d-9c09-8b90b3a1138a","dc_title":"Motie D66 en VVD haalbaarheid vrijliggend fietspad Doenrade-Merkelbeek incl. stemuitslag 04022020 VERWORPEN","dc_type":"bijlage","foi_fairiscoreVersions":{"v1":1,"v2":1},"foi_fileName":"Motie%20D66%20en%20VVD%20haalbaarheid%20vrijliggend%20fietspad%20Doenrade-Merkelbeek%20incl.%20stemuitslag%2004022020.pdf","foi_nrPages":2},{"dc_format":"application/pdf","dc_identifier":"nl.gm1954.2c.2020.2830103-12.doc.1","dc_source":"https://api1.ibabs.eu/publicdownload.aspx?site=Beekdaelen&id=b3608d95-52d2-440b-a116-a88e438c2035","dc_title":"Motie D66 en VVD inzake haalbaarheid vrijliggend fietspad Doenrade-Merkelbeek vv","dc_type":"bijlage","foi_fairiscoreVersions":{"v1":1,"v2":1},"foi_fileName":"Motie%20D66%20en%20VVD%20inzake%20haalbaarheid%20vrijliggend%20fietspad%20Doenrade-Merkelbeek%20vv.pdf","foi_nrPages":2}],"foi_nrDocuments":2,"foi_nrPagesInDossier":4,"foi_publishedDate":"2020-02-04","foi_retrievedDate":"2026-03-04"},{"dc_creator":"HandelingScraper_v1","dc_date_year":2020,"dc_description":"Vergadering van de Gemeente Beekdaelen op 2020-02-04. Onderdeel: Motie GroenLinks en PvdA inzake vuurwerk.","dc_identifier":"nl.gm1954.2c.2020.2830103-13","dc_publisher":"gm1954","dc_source":"https://beekdaelen.bestuurlijkeinformatie.nl/Agenda/Index/2582fd7d-c748-4dae-aa55-0006205155ed","dc_title":"Raadsvergadering 2020-02-04 - Motie GroenLinks en PvdA inzake vuurwerk","dc_type":"2c","dc_type_description":"Vergaderstuk decentrale overheid","foi_fairiscoreVersions":{"v1":1,"v2":1},"foi_files":[{"dc_format":"application/octet-stream","dc_identifier":"nl.gm1954.2c.2020.2830103-13.doc.1","dc_source":"https://api1.ibabs.eu/publicdownload.aspx?site=Beekdaelen&id=32bc0873-b088-4ea0-8b1c-7d68975eb128","dc_title":"06 Raad 4 febr 2020 ap 7.2 Motie GL en PvdA inzake vuurwerk","dc_type":"bijlage","foi_fileName":"06%20Raad%204%20febr%202020%20ap%207.2%20Motie%20GL%20en%20PvdA%20inzake%20vuurwerk.MP3","foi_nrPages":1},{"dc_format":"application/pdf","dc_identifier":"nl.gm1954.2c.2020.2830103-13.doc.3","dc_source":"https://api1.ibabs.eu/publicdownload.aspx?site=Beekdaelen&id=217fa481-4f79-4b60-ba61-3a83b7814d38","dc_title":"motie GL en PvdA inzake vuurwerk INGETROKKEN raad 04022020","dc_type":"bijlage","foi_fairiscoreVersions":{"v1":1,"v2":1},"foi_fileName":"motie%20GL%20en%20PvdA%20inzake%20vuurwerk%20INGETROKKEN%20raad%2004022020.pdf","foi_nrPages":2},{"dc_format":"application/pdf","dc_identifier":"nl.gm1954.2c.2020.2830103-13.doc.2","dc_source":"https://api1.ibabs.eu/publicdownload.aspx?site=Beekdaelen&id=50c97889-98ae-462d-af93-4139648c603f","dc_title":"motie vuurwerk - Definitief","dc_type":"bijlage","foi_fairiscoreVersions":{"v1":1,"v2":1},"foi_fileName":"motie%20vuurwerk%20-%20Definitief.pdf","foi_nrPages":2}],"foi_nrDocuments":3,"foi_nrPagesInDossier":5,"foi_publishedDate":"2020-02-04","foi_retrievedDate":"2026-03-04"},{"dc_creator":"HandelingScraper_v1","dc_date_year":2020,"dc_description":"Vergadering van de Gemeente Beekdaelen op 2020-02-04. Onderdeel: Sluiting.","dc_identifier":"nl.gm1954.2c.2020.2830103-14","dc_publisher":"gm1954","dc_source":"https://beekdaelen.bestuurlijkeinformatie.nl/Agenda/Index/2582fd7d-c748-4dae-aa55-0006205155ed","dc_title":"Raadsvergadering 2020-02-04 - Sluiting","dc_type":"2c","dc_type_description":"Vergaderstuk decentrale overheid","foi_fairiscoreVersions":{"v1":null,"v2":null},"foi_files":[{"dc_format":"application/octet-stream","dc_identifier":"nl.gm1954.2c.2020.2830103-14.doc.1","dc_source":"https://api1.ibabs.eu/publicdownload.aspx?site=Beekdaelen&id=5438cdb8-a3a8-435b-8129-73485722b148","dc_title":"07 Raad 4 febr 2020 Afscheid raadslid dhr. F. Heuts en ap 8 sluiting","dc_type":"bijlage","foi_fileName":"07%20Raad%204%20febr%202020%20Afscheid%20raadslid%20dhr.%20F.%20Heuts%20en%20ap%208%20sluiting.MP3"}],"foi_nrDocuments":1,"foi_nrPagesInDossier":0,"foi_publishedDate":"2020-02-04","foi_retrievedDate":"2025-12-01"},{"dc_creator":"HandelingScraper_v1","dc_date_year":2020,"dc_description":"Vergadering van de Gemeente Beekdaelen op 2020-02-04. Onderdeel: Vaststelling van de agenda.","dc_identifier":"nl.gm1954.2c.2020.2830103-2","dc_publisher":"gm1954","dc_source":"https://beekdaelen.bestuurlijkeinformatie.nl/Agenda/Index/2582fd7d-c748-4dae-aa55-0006205155ed","dc_title":"Raadsvergadering 2020-02-04 - Vaststelling van de agenda","dc_type":"2c","dc_type_description":"Vergaderstuk decentrale overheid","foi_fairiscoreVersions":{"v1":1,"v2":1},"foi_files":[{"dc_format":"application/pdf","dc_identifier":"nl.gm1954.2c.2020.2830103-2.doc.1","dc_source":"https://api1.ibabs.eu/publicdownload.aspx?site=Beekdaelen&id=d6b47808-7999-4143-a02a-99607c78b90f","dc_title":"Uitnodiging en agenda raadsvergadering 4 februari 2020","dc_type":"bijlage","foi_fairiscoreVersions":{"v1":1,"v2":1},"foi_fileName":"Uitnodiging%20en%20agenda%20raadsvergadering%204%20februari%202020.pdf","foi_nrPages":2},{"dc_format":"application/pdf","dc_identifier":"nl.gm1954.2c.2020.2830103-2.doc.2","dc_source":"https://api1.ibabs.eu/publicdownload.aspx?site=Beekdaelen&id=e7a9f017-7ac4-4c1c-9ad5-044f38ea1696","dc_title":"Vastgestelde agenda raadsvergadering 04022020","dc_type":"bijlage","foi_fairiscoreVersions":{"v1":1,"v2":1},"foi_fileName":"Vastgestelde%20agenda%20raadsvergadering%2004022020.pdf","foi_nrPages":1}],"foi_nrDocuments":2,"foi_nrPagesInDossier":3,"foi_publishedDate":"2020-02-04","foi_retrievedDate":"2025-12-01"},{"dc_creator":"HandelingScraper_v1","dc_date_year":2020,"dc_description":"Vergadering van de Gemeente Beekdaelen op 2020-02-04. Onderdeel: Vaststellen besluitenlijst openbare raadsvergadering d.d. 17 en 23 december 2019.","dc_identifier":"nl.gm1954.2c.2020.2830103-3","dc_publisher":"gm1954","dc_source":"https://beekdaelen.bestuurlijkeinformatie.nl/Agenda/Index/2582fd7d-c748-4dae-aa55-0006205155ed","dc_title":"Raadsvergadering 2020-02-04 - Vaststellen besluitenlijst openbare raadsvergadering d.d. 17 en 23 december 2019","dc_type":"2c","dc_type_description":"Vergaderstuk decentrale overheid","foi_fairiscoreVersions":{"v1":1,"v2":1},"foi_files":[{"dc_format":"application/pdf","dc_identifier":"nl.gm1954.2c.2020.2830103-3.doc.1","dc_source":"https://api1.ibabs.eu/publicdownload.aspx?site=Beekdaelen&id=2eb18d55-e69b-45b2-a91b-648f30e8583a","dc_title":"Besluitenlijst raadsvergadering 17 en 23 december 2019","dc_type":"bijlage","foi_fairiscoreVersions":{"v1":1,"v2":1},"foi_fileName":"Besluitenlijst%20raadsvergadering%2017%20en%2023%20december%202019.pdf","foi_nrPages":24},{"dc_format":"application/pdf","dc_identifier":"nl.gm1954.2c.2020.2830103-3.doc.2","dc_source":"https://api1.ibabs.eu/publicdownload.aspx?site=Beekdaelen&id=3e708bb1-e4e8-42fe-86a2-7367a77bb1f2","dc_title":"Besluitenlijst raadsvergadering 17 en 23 december 2019 vastgesteld 04022020","dc_type":"bijlage","foi_fairiscoreVersions":{"v1":1,"v2":1},"foi_fileName":"Besluitenlijst%20raadsvergadering%2017%20en%2023%20december%202019%20vastgesteld%2004022020.pdf","foi_nrPages":24}],"foi_nrDocuments":2,"foi_nrPagesInDossier":48,"foi_publishedDate":"2020-02-04","foi_retrievedDate":"2025-12-01"},{"dc_creator":"HandelingScraper_v1","dc_date_year":2020,"dc_description":"Vergadering van de Gemeente Beekdaelen op 2020-02-04. Onderdeel: Raadsvoorstellen hamerstukken.","dc_identifier":"nl.gm1954.2c.2020.2830103-4","dc_publisher":"gm1954","dc_source":"https://beekdaelen.bestuurlijkeinformatie.nl/Agenda/Index/2582fd7d-c748-4dae-aa55-0006205155ed","dc_title":"Raadsvergadering 2020-02-04 - Raadsvoorstellen hamerstukken","dc_type":"2c","dc_type_description":"Vergaderstuk decentrale overheid","foi_fairiscoreVersions":{"v1":null,"v2":null},"foi_files":[{"dc_format":"application/octet-stream","dc_identifier":"nl.gm1954.2c.2020.2830103-4.doc.1","dc_source":"https://api1.ibabs.eu/publicdownload.aspx?site=Beekdaelen&id=06dd73dc-eab9-4bea-a47a-05c61e996a22","dc_title":"02 Raad 4 febr 2020 ap 4 hamerstukken","dc_type":"bijlage","foi_fileName":"02%20Raad%204%20febr%202020%20ap%204%20hamerstukken.MP3","foi_nrPages":1}],"foi_nrDocuments":1,"foi_nrPagesInDossier":1,"foi_publishedDate":"2020-02-04","foi_retrievedDate":"2026-03-04"},{"dc_creator":"HandelingScraper_v1","dc_date_year":2020,"dc_description":"Vergadering van de Gemeente Beekdaelen op 2020-02-04. Onderdeel: Voorstel inzake ontwerpbeleidsplan politie 2020 - 2023.","dc_identifier":"nl.gm1954.2c.2020.2830103-5","dc_publisher":"gm1954","dc_source":"https://beekdaelen.bestuurlijkeinformatie.nl/Agenda/Index/2582fd7d-c748-4dae-aa55-0006205155ed","dc_title":"Raadsvergadering 2020-02-04 - Voorstel inzake ontwerpbeleidsplan politie 2020 - 2023","dc_type":"2c","dc_type_description":"Vergaderstuk decentrale overheid","foi_fairiscoreVersions":{"v1":2,"v2":1},"foi_files":[{"dc_format":"application/pdf","dc_identifier":"nl.gm1954.2c.2020.2830103-5.doc.6","dc_source":"https://api1.ibabs.eu/publicdownload.aspx?site=Beekdaelen&id=886bc46f-d8f0-41c2-a0aa-12075aca74f1","dc_title":"artikel 38b Politiewet tekst ontwerpbeleidsplan","dc_type":"bijlage","foi_fairiscoreVersions":{"v1":1,"v2":1},"foi_fileName":"artikel%2038b%20Politiewet%20tekst%20ontwerpbeleidsplan.pdf","foi_nrPages":1},{"dc_format":"application/pdf","dc_identifier":"nl.gm1954.2c.2020.2830103-5.doc.4","dc_source":"https://api1.ibabs.eu/publicdownload.aspx?site=Beekdaelen&id=13e6628a-9855-4afe-8b99-a9fe9324f3e0","dc_title":"Concept Beleidsplan 2020-2023","dc_type":"bijlage","foi_fairiscoreVersions":{"v1":2,"v2":1},"foi_fileName":"Concept%20Beleidsplan%202020-2023.pdf","foi_nrPages":23},{"dc_format":"application/pdf","dc_identifier":"nl.gm1954.2c.2020.2830103-5.doc.2","dc_source":"https://api1.ibabs.eu/publicdownload.aspx?site=Beekdaelen&id=e98fd754-1e24-4a9d-ae5a-487f68feb80c","dc_title":"Raadsbesluit inzake ontwerpbeleidsplan politie 2020-2023 gewijzigd n.a.v. cie 21 januari 2020","dc_type":"bijlage","foi_fairiscoreVersions":{"v1":1,"v2":1},"foi_fileName":"Raadsbesluit%20ontwerpbeleidsplan%20politie%202020-2023%20gewijzigd%20n.a.v.%20cie%2021%20januari%202020.pdf","foi_nrPages":1},{"dc_format":"application/pdf","dc_identifier":"nl.gm1954.2c.2020.2830103-5.doc.1","dc_source":"https://api1.ibabs.eu/publicdownload.aspx?site=Beekdaelen&id=7d0b6bb1-c9ba-4916-b126-1f2706bf7c4b","dc_title":"Raadsvoorstel inzake ontwerpbeleidsplan politie 2020-2023 gewijzigd n.a.v. cie 21 januari 2020","dc_type":"bijlage","foi_fairiscoreVersions":{"v1":1,"v2":1},"foi_fileName":"Raadsvoorstel%20ontwerpbeleidsplan%20politie%202020-2023%20gewijzigd%20n.a.v.%20cie%2021%20januari%202020.pdf","foi_nrPages":4},{"dc_format":"application/pdf","dc_identifier":"nl.gm1954.2c.2020.2830103-5.doc.3","dc_source":"https://api1.ibabs.eu/publicdownload.aspx?site=Beekdaelen&id=899aff30-c22c-429f-b569-2047a9058fde","dc_title":"RB beleidsplan politie 2020-2023 vastgesteld raad 04022020","dc_type":"bijlage","foi_fairiscoreVersions":{"v1":1,"v2":1},"foi_fileName":"RB%20beleidsplan%20politie%202020-2023%20vastgesteld%20raad%2004022020.pdf","foi_nrPages":1},{"dc_format":"application/pdf","dc_identifier":"nl.gm1954.2c.2020.2830103-5.doc.5","dc_source":"https://api1.ibabs.eu/publicdownload.aspx?site=Beekdaelen&id=c0c141d7-16ea-4dfa-915a-52d15a44dab5","dc_title":"Verzoekoplegnotitie Regioburgemeester","dc_type":"bijlage","foi_fairiscoreVersions":{"v1":1,"v2":1},"foi_fileName":"Verzoekoplegnotitie%20Regioburgemeester%20.pdf","foi_nrPages":3}],"foi_nrDocuments":6,"foi_nrPagesInDossier":33,"foi_publishedDate":"2020-02-04","foi_retrievedDate":"2025-11-30"},{"dc_creator":"HandelingScraper_v1","dc_date_year":2020,"dc_description":"Vergadering van de Gemeente Beekdaelen op 2020-02-04. Onderdeel: Voorstel inzake vaststellen kadernota Integrale Veiligheid SVBBL 2020 - 2023.","dc_identifier":"nl.gm1954.2c.2020.2830103-6","dc_publisher":"gm1954","dc_source":"https://beekdaelen.bestuurlijkeinformatie.nl/Agenda/Index/2582fd7d-c748-4dae-aa55-0006205155ed","dc_title":"Raadsvergadering 2020-02-04 - Voorstel inzake vaststellen kadernota Integrale Veiligheid SVBBL 2020 - 2023","dc_type":"2c","dc_type_description":"Vergaderstuk decentrale overheid","foi_fairiscoreVersions":{"v1":2,"v2":2},"foi_files":[{"dc_format":"application/pdf","dc_identifier":"nl.gm1954.2c.2020.2830103-6.doc.2","dc_source":"https://api1.ibabs.eu/publicdownload.aspx?site=Beekdaelen&id=9c504667-5bfd-4904-aadb-e3251f7ed3a1","dc_title":"Raadsbesluit inzake vaststellen kadernota integrale veiligheid","dc_type":"bijlage","foi_fairiscoreVersions":{"v1":1,"v2":1},"foi_fileName":"213800%20raadsbesluit%20kadernota.pdf","foi_nrPages":1},{"dc_format":"application/pdf","dc_identifier":"nl.gm1954.2c.2020.2830103-6.doc.1","dc_source":"https://api1.ibabs.eu/publicdownload.aspx?site=Beekdaelen&id=0b4b9af4-cec6-49a9-b476-1372955bfff9","dc_title":"Raadsvoorstel inzake vaststellen kadernota integrale veiligheid","dc_type":"bijlage","foi_fairiscoreVersions":{"v1":1,"v2":1},"foi_fileName":"213801%20raadsvoorstel%20kadernota%20integrale%20veiligheid.pdf","foi_nrPages":4},{"dc_format":"application/pdf","dc_identifier":"nl.gm1954.2c.2020.2830103-6.doc.4","dc_source":"https://api1.ibabs.eu/publicdownload.aspx?site=Beekdaelen&id=cb3abf31-f9b3-4471-b0ef-b9b582d22e51","dc_title":"Kadernota Integrale Veiligheid SVBBL 2020-2023","dc_type":"bijlage","foi_fairiscoreVersions":{"v1":2,"v2":2},"foi_fileName":"Kadernota%20Integrale%20Veiligheid%20SVBBL%202020-2023%20.pdf","foi_nrPages":20},{"dc_format":"application/pdf","dc_identifier":"nl.gm1954.2c.2020.2830103-6.doc.5","dc_source":"https://api1.ibabs.eu/publicdownload.aspx?site=Beekdaelen&id=c7c34f28-a167-430d-8419-b985bddcd6b6","dc_title":"Motie begrotingsbehandeling","dc_type":"bijlage","foi_fairiscoreVersions":{"v1":1,"v2":1},"foi_fileName":"Motie%20begrotingsbehandeling%20.pdf","foi_nrPages":1},{"dc_format":"application/pdf","dc_identifier":"nl.gm1954.2c.2020.2830103-6.doc.3","dc_source":"https://api1.ibabs.eu/publicdownload.aspx?site=Beekdaelen&id=106cc55e-e0a9-43e7-8d23-2a84a21739f5","dc_title":"RB vaststellen kadernota Integrale veiligheid SVBBL 2020-2023 vaststelling raad 04022020","dc_type":"bijlage","foi_fairiscoreVersions":{"v1":1,"v2":1},"foi_fileName":"RB%20vaststellen%20kadernota%20Integrale%20veiligheid%20SVBBL%202020-2023%20vaststelling%20raad%2004022020.pdf","foi_nrPages":1}],"foi_nrDocuments":5,"foi_nrPagesInDossier":27,"foi_publishedDate":"2020-02-04","foi_retrievedDate":"2026-03-04"},{"dc_creator":"HandelingScraper_v1","dc_date_year":2020,"dc_description":"Vergadering van de Gemeente Beekdaelen op 2020-02-04. Onderdeel: Voorstel inzake vaststellen verordeningen gemeenteraad Beekdaelen.","dc_identifier":"nl.gm1954.2c.2020.2830103-7","dc_publisher":"gm1954","dc_source":"https://beekdaelen.bestuurlijkeinformatie.nl/Agenda/Index/2582fd7d-c748-4dae-aa55-0006205155ed","dc_title":"Raadsvergadering 2020-02-04 - Voorstel inzake vaststellen verordeningen gemeenteraad Beekdaelen","dc_type":"2c","dc_type_description":"Vergaderstuk decentrale overheid","foi_fairiscoreVersions":{"v1":1,"v2":1},"foi_files":[{"dc_format":"application/pdf","dc_identifier":"nl.gm1954.2c.2020.2830103-7.doc.6","dc_source":"https://api1.ibabs.eu/publicdownload.aspx?site=Beekdaelen&id=07aecd97-2c0c-4d0d-ac47-559633c82c50","dc_title":"Concept Reglement van Orde gemeenteraad Beekdalen 2020 incl. toelichting","dc_type":"bijlage","foi_fairiscoreVersions":{"v1":1,"v2":1},"foi_fileName":"Concept%20Reglement%20van%20Orde%20gemeenteraad%20Beekdalen%202020%20incl.%20toelichting%20-%20versie%20griffie%2027%20januari%202020.pdf","foi_nrPages":26},{"dc_format":"application/pdf","dc_identifier":"nl.gm1954.2c.2020.2830103-7.doc.7","dc_source":"https://api1.ibabs.eu/publicdownload.aspx?site=Beekdaelen&id=ea246abe-a44c-48a5-8c0b-468ad09304db","dc_title":"Concept vergaderstructuur Beekdaelen 2020 - bijlage bij RvO","dc_type":"bijlage","foi_fairiscoreVersions":{"v1":1,"v2":1},"foi_fileName":"Concept%20vergaderstructuur%20Beekdaelen%202020%20-%20bijlage%20bij%20RvO.pdf","foi_nrPages":2},{"dc_format":"application/pdf","dc_identifier":"nl.gm1954.2c.2020.2830103-7.doc.8","dc_source":"https://api1.ibabs.eu/publicdownload.aspx?site=Beekdaelen&id=70f331ab-917e-4e18-bd7c-f2952e19d50b","dc_title":"Concept verordening raadscommissie Beekdaelen 2020","dc_type":"bijlage","foi_fairiscoreVersions":{"v1":1,"v2":1},"foi_fileName":"Concept%20verordening%20raadscommissie%20Beekdaelen%202020%20-%20versie%20griffie%2027%20januari%202020.pdf","foi_nrPages":13},{"dc_format":"application/pdf","dc_identifier":"nl.gm1954.2c.2020.2830103-7.doc.2","dc_source":"https://api1.ibabs.eu/publicdownload.aspx?site=Beekdaelen&id=589d7bd9-560a-4814-bb5c-35a153d1965b","dc_title":"Raadsbesluit inzake vaststellen RvO en verordening raadscommissie Beekdaelen 2020 vastgesteld raad 04022020","dc_type":"bijlage","foi_fairiscoreVersions":{"v1":1,"v2":1},"foi_fileName":"Raadsbesluit%20inzake%20vaststellen%20RvO%20en%20verordening%20raadscommissie%20Beekdaelen%202020.pdf","foi_nrPages":1},{"dc_format":"application/pdf","dc_identifier":"nl.gm1954.2c.2020.2830103-7.doc.1","dc_source":"https://api1.ibabs.eu/publicdownload.aspx?site=Beekdaelen&id=191045b1-13fb-4c25-a41a-70ff70836462","dc_title":"Raadsvoorstel inzake vaststellen RvO en verordening raadscommissie Beekdaelen 2020","dc_type":"bijlage","foi_fairiscoreVersions":{"v1":1,"v2":1},"foi_fileName":"Raadsvoorstel%20inzake%20vaststellen%20RvO%20en%20verordening%20raadscommissie%20Beekdaelen%202020.pdf","foi_nrPages":2},{"dc_format":"application/pdf","dc_identifier":"nl.gm1954.2c.2020.2830103-7.doc.3","dc_source":"https://api1.ibabs.eu/publicdownload.aspx?site=Beekdaelen&id=3c01715b-3c50-4c57-aae8-cbdb23526011","dc_title":"Reglement van Orde gemeenteraad Beekdalen 2020 incl. toelichting - vastgesteld raad 04022020","dc_type":"bijlage","foi_fairiscoreVersions":{"v1":1,"v2":1},"foi_fileName":"Reglement%20van%20Orde%20gemeenteraad%20Beekdalen%202020%20incl.%20toelichting%20-%20vaststelling%20raad%2004022020.pdf","foi_nrPages":26},{"dc_format":"application/pdf","dc_identifier":"nl.gm1954.2c.2020.2830103-7.doc.4","dc_source":"https://api1.ibabs.eu/publicdownload.aspx?site=Beekdaelen&id=1faffcd4-8ebe-43f1-ada2-362713fe3fe2","dc_title":"Vergaderstructuur Beekdaelen 2020 - bijlage bij RvO vastgesteld raad 04022020","dc_type":"bijlage","foi_fairiscoreVersions":{"v1":1,"v2":1},"foi_fileName":"Vergaderstructuur%20Beekdaelen%202020%20-%20bijlage%20bij%20RvO%20vastgesteld%20raad%2004022020.pdf","foi_nrPages":2},{"dc_format":"application/pdf","dc_identifier":"nl.gm1954.2c.2020.2830103-7.doc.5","dc_source":"https://api1.ibabs.eu/publicdownload.aspx?site=Beekdaelen&id=6146747f-c5b8-4507-97d0-70bbaf1f87be","dc_title":"Verordening raadscommissie Beekdaelen 2020 vastgesteld raad 04022020","dc_type":"bijlage","foi_fairiscoreVersions":{"v1":1,"v2":1},"foi_fileName":"Verordening%20raadscommissie%20Beekdaelen%202020%20vastgesteld%20raad%2004022020.pdf","foi_nrPages":13},{"dc_format":"application/pdf","dc_identifier":"nl.gm1954.2c.2020.2830103-7.doc.9","dc_source":"https://api1.ibabs.eu/publicdownload.aspx?site=Beekdaelen&id=f2d4c265-60af-4b72-87ee-19b452ae83be","dc_title":"was-wordt-tabel rvo Beekdaelen 2020","dc_type":"bijlage","foi_fairiscoreVersions":{"v1":1,"v2":1},"foi_fileName":"was-wordt-tabel%20rvo%20Beekdaelen%202020%20-%20versie%20griffie%2027%20januari%202020.pdf","foi_nrPages":6},{"dc_format":"application/pdf","dc_identifier":"nl.gm1954.2c.2020.2830103-7.doc.10","dc_source":"https://api1.ibabs.eu/publicdownload.aspx?site=Beekdaelen&id=999a8a01-1fcc-460f-8989-11642946c043","dc_title":"was-wordt-tabel verordening raadscommissies 2020","dc_type":"bijlage","foi_fairiscoreVersions":{"v1":1,"v2":1},"foi_fileName":"was-wordt-tabel%20verordening%20raadscommissies%202020%20-%20versie%20griffie%2027%20januari%202020.pdf","foi_nrPages":10}],"foi_nrDocuments":10,"foi_nrPagesInDossier":101,"foi_publishedDate":"2020-02-04","foi_retrievedDate":"2026-01-22"},{"dc_creator":"HandelingScraper_v1","dc_date_year":2020,"dc_description":"Vergadering van de Gemeente Beekdaelen op 2020-02-04. Onderdeel: Voorstel inzake benoeming (plv.) commissievoorzitters.","dc_identifier":"nl.gm1954.2c.2020.2830103-8","dc_publisher":"gm1954","dc_source":"https://beekdaelen.bestuurlijkeinformatie.nl/Agenda/Index/2582fd7d-c748-4dae-aa55-0006205155ed","dc_title":"Raadsvergadering 2020-02-04 - Voorstel inzake benoeming (plv.) commissievoorzitters","dc_type":"2c","dc_type_description":"Vergaderstuk decentrale overheid","foi_fairiscoreVersions":{"v1":1,"v2":1},"foi_files":[{"dc_format":"application/pdf","dc_identifier":"nl.gm1954.2c.2020.2830103-8.doc.2","dc_source":"https://api1.ibabs.eu/publicdownload.aspx?site=Beekdaelen&id=a75553c8-58b1-4feb-a867-82dc8fd061be","dc_title":"Raadsbesluit inzake benoeming commissievoorzitters vastgesteld raad 04022020","dc_type":"bijlage","foi_fairiscoreVersions":{"v1":1,"v2":1},"foi_fileName":"RB%20benoeming%20commissievoorzitters.pdf","foi_nrPages":1},{"dc_format":"application/pdf","dc_identifier":"nl.gm1954.2c.2020.2830103-8.doc.1","dc_source":"https://api1.ibabs.eu/publicdownload.aspx?site=Beekdaelen&id=51d01604-6fe7-4fce-b6ab-b246efd1f7e9","dc_title":"Raadsvoorstel inzake benoeming commissievoorzitters","dc_type":"bijlage","foi_fairiscoreVersions":{"v1":1,"v2":1},"foi_fileName":"RV%20benoeming%20commissievoorzitters.pdf","foi_nrPages":2}],"foi_nrDocuments":2,"foi_nrPagesInDossier":3,"foi_publishedDate":"2020-02-04","foi_retrievedDate":"2026-02-12"},{"dc_creator":"HandelingScraper_v1","dc_date_year":2020,"dc_description":"Vergadering van de Gemeente Beekdaelen op 2020-02-04. Onderdeel: Voorstel inzake verklaring van geen bedenkingen woning Raadhuisstraat te Merkelbeek.","dc_identifier":"nl.gm1954.2c.2020.2830103-9","dc_publisher":"gm1954","dc_source":"https://beekdaelen.bestuurlijkeinformatie.nl/Agenda/Index/2582fd7d-c748-4dae-aa55-0006205155ed","dc_title":"Raadsvergadering 2020-02-04 - Voorstel inzake verklaring van geen bedenkingen woning Raadhuisstraat te Merkelbeek","dc_type":"2c","dc_type_description":"Vergaderstuk decentrale overheid","foi_fairiscoreVersions":{"v1":null,"v2":null},"foi_files":[{"dc_format":"application/octet-stream","dc_identifier":"nl.gm1954.2c.2020.2830103-9.doc.1","dc_source":"https://api1.ibabs.eu/publicdownload.aspx?site=Beekdaelen&id=79f63d5f-18f9-40c6-a6d4-5a5005eb55a6","dc_title":"03 Raad 4 febr 2020 ap 5.1 VvGB woning Raadhuisstraat Merkelbeek","dc_type":"bijlage","foi_fileName":"03%20Raad%204%20febr%202020%20ap%205.1%20VvGB%20woning%20Raadhuisstraat%20Merkelbeek.MP3"},{"dc_format":"application/pdf","dc_identifier":"nl.gm1954.2c.2020.2830103-9.doc.5","dc_source":"https://api1.ibabs.eu/publicdownload.aspx?site=Beekdaelen&id=845763ee-e0c1-4aa9-89cb-f369653bfcde","dc_title":"Plangegevens en ruimtelijke onderbouwing","dc_type":"bijlage","foi_fileName":"212965%20Plangegevens%20en%20ruimtelijke%20onderbouwing.pdf"},{"dc_format":"application/pdf","dc_identifier":"nl.gm1954.2c.2020.2830103-9.doc.6","dc_source":"https://api1.ibabs.eu/publicdownload.aspx?site=Beekdaelen&id=39ad1daa-0079-4e4a-8840-15b6090ba9a1","dc_title":"Principebesluit voormalige gemeente Onderbanken","dc_type":"bijlage","foi_fileName":"212965%20Principebesluit%20voormalige%20gemeente%20Onderbanken.pdf"},{"dc_format":"application/pdf","dc_identifier":"nl.gm1954.2c.2020.2830103-9.doc.7","dc_source":"https://api1.ibabs.eu/publicdownload.aspx?site=Beekdaelen&id=b6b40b8c-443a-466f-bae0-70df0f28048a","dc_title":"Memorie van antwoord behorend bij VVgB woning Raadhuisstraat Merkelbeek","dc_type":"bijlage","foi_fileName":"Memorie%20van%20antwoord%20behorend%20bij%20VVgB%20woning%20Raadhuisstraat%20Merkelbeek.pdf"},{"dc_format":"application/pdf","dc_identifier":"nl.gm1954.2c.2020.2830103-9.doc.3","dc_source":"https://api1.ibabs.eu/publicdownload.aspx?site=Beekdaelen&id=042ecb9e-f98e-4429-872b-4e3a208208c4","dc_title":"Raadsbesluit VvGB Bouw woning Raadhuisstraat te Merkelbeek","dc_type":"bijlage","foi_fileName":"raadsbesluit.pdf"},{"dc_format":"application/pdf","dc_identifier":"nl.gm1954.2c.2020.2830103-9.doc.2","dc_source":"https://api1.ibabs.eu/publicdownload.aspx?site=Beekdaelen&id=adfe3f09-96d7-471a-a3fd-e6ab30415ebb","dc_title":"Raadsvoorstel VvGB Bouw woning Raadhuisstraat te Merkelbeek","dc_type":"bijlage","foi_fileName":"raadsvoorstel%20vvgb%20Raadhuisstraat%20Merkelbeek.pdf"},{"dc_format":"application/pdf","dc_identifier":"nl.gm1954.2c.2020.2830103-9.doc.4","dc_source":"https://api1.ibabs.eu/publicdownload.aspx?site=Beekdaelen&id=35f1c0b5-67c7-45e0-a162-e993078f3970","dc_title":"RB vvgb woning Raadhuisstraat Merkelbeek vastgesteld raad 04022020","dc_type":"bijlage","foi_fileName":"RB%20vvgb%20woning%20Raadhuisstraat%20Merkelbeek%20vastgesteld%20raad%2004022020.pdf"}],"foi_nrDocuments":7,"foi_nrPagesInDossier":0,"foi_publishedDate":"2020-02-04","foi_retrievedDate":"2025-11-30"},{"dc_creator":"HandelingScraper_v1","dc_date_year":2020,"dc_description":"Vergadering van de Gemeente Beekdaelen op 2020-02-18. Onderdeel: Algemeen.","dc_identifier":"nl.gm1954.2c.2020.2830171-1","dc_publisher":"gm1954","dc_source":"https://beekdaelen.bestuurlijkeinformatie.nl/Agenda/Index/92bba2af-7ec4-4634-a8e3-2c8e55f256e8","dc_title":"Commissie Sociaal & BV (t/m april 2022) 2020-02-18 - Algemeen","dc_type":"2c","dc_type_description":"Vergaderstuk decentrale overheid","foi_fairiscoreVersions":{"v1":2,"v2":2},"foi_files":[{"dc_format":"application/pdf","dc_identifier":"nl.gm1954.2c.2020.2830171-1.doc.7","dc_source":"https://api1.ibabs.eu/publicdownload.aspx?site=Beekdaelen&id=aa51b837-b3c1-46d8-96b2-d2ba02361e07","dc_title":"Bijlage 1 bij MvA vragen VVD inzake leerplicht - Regionaal jaarverslag leerplicht Westelijke Mijnstreek","dc_type":"bijlage","foi_fairiscoreVersions":{"v1":2,"v2":2},"foi_fileName":"Bijlage%201%20bij%20MvA%20vragen%20VVD%20inzake%20leerplicht%20-%20Regionaal%20jaarverslag%20leerplicht%20Westelijke%20Mijnstreek.pdf","foi_nrPages":19},{"dc_format":"application/pdf","dc_identifier":"nl.gm1954.2c.2020.2830171-1.doc.8","dc_source":"https://api1.ibabs.eu/publicdownload.aspx?site=Beekdaelen&id=eea2d5d5-3c5d-43f8-8ad7-2978eadf4656","dc_title":"Bijlage 2 bij MvA vragen VVD inzake leerplicht - Jaarverslag Bureau VSV 2018-2019","dc_type":"bijlage","foi_fairiscoreVersions":{"v1":2,"v2":1},"foi_fileName":"Bijlage%202%20bij%20MvA%20vragen%20VVD%20inzake%20leerplicht%20-%20Jaarverslag%20Bureau%20VSV%202018-2019.pdf","foi_nrPages":12},{"dc_format":"application/pdf","dc_identifier":"nl.gm1954.2c.2020.2830171-1.doc.2","dc_source":"https://api1.ibabs.eu/publicdownload.aspx?site=Beekdaelen&id=3ee3d664-eabe-43ce-85af-7d2485547807","dc_title":"BL technische vragen commissievergadering 18 feb 2020","dc_type":"bijlage","foi_fairiscoreVersions":{"v1":1,"v2":1},"foi_fileName":"BL%20technische%20vragen%20commissievergadering%2018%20feb%202020.pdf","foi_nrPages":1},{"dc_format":"application/pdf","dc_identifier":"nl.gm1954.2c.2020.2830171-1.doc.4","dc_source":"https://api1.ibabs.eu/publicdownload.aspx?site=Beekdaelen&id=f60b2a69-4e84-43a3-ad6a-5c1984589e3b","dc_title":"Memorie van Antwoord technische vraag BL inzake GR Omnibuzz","dc_type":"bijlage","foi_fairiscoreVersions":{"v1":1,"v2":1},"foi_fileName":"Memorie%20van%20Antwoord%20technische%20vraag%20BL%20inzake%20GR%20Omnibuzz.pdf","foi_nrPages":1},{"dc_format":"application/pdf","dc_identifier":"nl.gm1954.2c.2020.2830171-1.doc.6","dc_source":"https://api1.ibabs.eu/publicdownload.aspx?site=Beekdaelen&id=87555033-9dd9-4255-83d6-16eb24d3d270","dc_title":"Memorie van Antwoord technische vragen BL inzake leerplicht","dc_type":"bijlage","foi_fairiscoreVersions":{"v1":1,"v2":1},"foi_fileName":"Memorie%20van%20Antwoord%20technische%20vragen%20BL%20inzake%20leerplicht.pdf","foi_nrPages":1},{"dc_format":"application/pdf","dc_identifier":"nl.gm1954.2c.2020.2830171-1.doc.5","dc_source":"https://api1.ibabs.eu/publicdownload.aspx?site=Beekdaelen&id=08491f78-2f96-4809-a1fe-8004dc6b36d8","dc_title":"Memorie van Antwoord technische vragen VVD inzake leerplicht","dc_type":"bijlage","foi_fairiscoreVersions":{"v1":1,"v2":1},"foi_fileName":"Memorie%20van%20Antwoord%20technische%20vragen%20VVD%20inzake%20leerplicht.pdf","foi_nrPages":3},{"dc_format":"application/pdf","dc_identifier":"nl.gm1954.2c.2020.2830171-1.doc.3","dc_source":"https://api1.ibabs.eu/publicdownload.aspx?site=Beekdaelen&id=2d22e6b1-83c0-4e68-9e05-175f8f45d07a","dc_title":"Memorie van Antwoord technische vragen VVD inzake Veiligheidsregio","dc_type":"bijlage","foi_fairiscoreVersions":{"v1":1,"v2":1},"foi_fileName":"Memorie%20van%20Antwoord%20technische%20vragen%20VVD%20inzake%20Veiligheidsregio.pdf","foi_nrPages":2},{"dc_format":"application/pdf","dc_identifier":"nl.gm1954.2c.2020.2830171-1.doc.1","dc_source":"https://api1.ibabs.eu/publicdownload.aspx?site=Beekdaelen&id=8de79243-76be-4528-aa45-02543a695f71","dc_title":"VVD technische vragen commissievergadering 18 feb 2020","dc_type":"bijlage","foi_fairiscoreVersions":{"v1":1,"v2":1},"foi_fileName":"VVD%20technische%20vragen%20commissievergadering%2018%20feb%202020.pdf","foi_nrPages":3}],"foi_nrDocuments":8,"foi_nrPagesInDossier":42,"foi_publishedDate":"2020-02-18","foi_retrievedDate":"2025-12-04"},{"dc_creator":"HandelingScraper_v1","dc_date_year":2020,"dc_description":"Vergadering van de Gemeente Beekdaelen op 2020-02-18. Onderdeel: Opening, mededelingen voorzitter en vaststellen agenda.","dc_identifier":"nl.gm1954.2c.2020.2830171-2","dc_publisher":"gm1954","dc_source":"https://beekdaelen.bestuurlijkeinformatie.nl/Agenda/Index/92bba2af-7ec4-4634-a8e3-2c8e55f256e8","dc_title":"Commissie Sociaal & BV (t/m april 2022) 2020-02-18 - Opening, mededelingen voorzitter en vaststellen agenda","dc_type":"2c","dc_type_description":"Vergaderstuk decentrale overheid","foi_fairiscoreVersions":{"v1":1,"v2":1},"foi_files":[{"dc_format":"application/octet-stream","dc_identifier":"nl.gm1954.2c.2020.2830171-2.doc.1","dc_source":"https://api1.ibabs.eu/publicdownload.aspx?site=Beekdaelen&id=68eb2193-ff6c-49d3-bd19-208fb4e628d0","dc_title":"01 Raadscie 18 febr 2020 ap A1 opening en vaststellen agenda","dc_type":"bijlage","foi_fileName":"01%20Raadscie%2018%20febr%202020%20ap%20A1%20opening%20en%20vaststellen%20agenda.MP3"},{"dc_format":"application/pdf","dc_identifier":"nl.gm1954.2c.2020.2830171-2.doc.2","dc_source":"https://api1.ibabs.eu/publicdownload.aspx?site=Beekdaelen&id=7ae2f87e-97a6-4255-8f0a-3671b60a6ada","dc_title":"Vastgestelde agenda cie. Sociaal 18022020","dc_type":"bijlage","foi_fairiscoreVersions":{"v1":1,"v2":1},"foi_fileName":"Vastgestelde%20agenda%20cie.%20Sociaal%2018022020.pdf","foi_nrPages":1}],"foi_nrDocuments":2,"foi_nrPagesInDossier":1,"foi_publishedDate":"2020-02-18","foi_retrievedDate":"2025-12-02"},{"dc_creator":"HandelingScraper_v1","dc_date_year":2020,"dc_description":"Vergadering van de Gemeente Beekdaelen op 2020-02-18. Onderdeel: Spreekrecht burgers.","dc_identifier":"nl.gm1954.2c.2020.2830171-3","dc_publisher":"gm1954","dc_source":"https://beekdaelen.bestuurlijkeinformatie.nl/Agenda/Index/92bba2af-7ec4-4634-a8e3-2c8e55f256e8","dc_title":"Commissie Sociaal & BV (t/m april 2022) 2020-02-18 - Spreekrecht burgers","dc_type":"2c","dc_type_description":"Vergaderstuk decentrale overheid","foi_fairiscoreVersions":{"v1":null,"v2":null},"foi_files":[{"dc_format":"application/octet-stream","dc_identifier":"nl.gm1954.2c.2020.2830171-3.doc.1","dc_source":"https://api1.ibabs.eu/publicdownload.aspx?site=Beekdaelen&id=739fa45a-126b-4bfc-846f-5ef2192267f8","dc_title":"02 Raadscie 18 febr 2020 ap A2 Spreekrecht burgers","dc_type":"bijlage","foi_fileName":"02%20Raadscie%2018%20febr%202020%20ap%20A2%20Spreekrecht%20burgers.MP3"}],"foi_nrDocuments":1,"foi_nrPagesInDossier":0,"foi_publishedDate":"2020-02-18","foi_retrievedDate":"2026-02-12"},{"dc_creator":"HandelingScraper_v1","dc_date_year":2020,"dc_description":"Vergadering van de Gemeente Beekdaelen op 2020-02-18. Onderdeel: Vaststellen actiepuntenlijst van de commissie d.d. 21 januari 2020.","dc_identifier":"nl.gm1954.2c.2020.2830171-4","dc_publisher":"gm1954","dc_source":"https://beekdaelen.bestuurlijkeinformatie.nl/Agenda/Index/92bba2af-7ec4-4634-a8e3-2c8e55f256e8","dc_title":"Commissie Sociaal & BV (t/m april 2022) 2020-02-18 - Vaststellen actiepuntenlijst van de commissie d.d. 21 januari 2020","dc_type":"2c","dc_type_description":"Vergaderstuk decentrale overheid","foi_fairiscoreVersions":{"v1":1,"v2":1},"foi_files":[{"dc_format":"application/octet-stream","dc_identifier":"nl.gm1954.2c.2020.2830171-4.doc.1","dc_source":"https://api1.ibabs.eu/publicdownload.aspx?site=Beekdaelen&id=4114a4a6-55a0-440c-854f-1250290e9217","dc_title":"03 Raadscie 18 febr 2020 ap A3 Actiepuntenlijst cie d.d. 21 januari 2020","dc_type":"bijlage","foi_fileName":"03%20Raadscie%2018%20febr%202020%20ap%20A3%20Actiepuntenlijst%20cie%20d.d.%2021%20januari%202020.MP3"},{"dc_format":"application/pdf","dc_identifier":"nl.gm1954.2c.2020.2830171-4.doc.2","dc_source":"https://api1.ibabs.eu/publicdownload.aspx?site=Beekdaelen&id=be03664b-62d4-462e-9fd5-b2a36f7a1689","dc_title":"Concept actiepuntenlijst cie 21 januari 2020","dc_type":"bijlage","foi_fairiscoreVersions":{"v1":1,"v2":1},"foi_fileName":"Actiepuntenlijst%20cie%2021%20januari%202020.pdf","foi_nrPages":4}],"foi_nrDocuments":2,"foi_nrPagesInDossier":4,"foi_publishedDate":"2020-02-18","foi_retrievedDate":"2026-03-02"},{"dc_creator":"HandelingScraper_v1","dc_date_year":2020,"dc_description":"Vergadering van de Gemeente Beekdaelen op 2020-02-18. Onderdeel: Voorstel inzake wijziging GR Veiligheidsregio.","dc_identifier":"nl.gm1954.2c.2020.2830171-5","dc_publisher":"gm1954","dc_source":"https://beekdaelen.bestuurlijkeinformatie.nl/Agenda/Index/92bba2af-7ec4-4634-a8e3-2c8e55f256e8","dc_title":"Commissie Sociaal & BV (t/m april 2022) 2020-02-18 - Voorstel inzake wijziging GR Veiligheidsregio","dc_type":"2c","dc_type_description":"Vergaderstuk decentrale overheid","foi_fairiscoreVersions":{"v1":2,"v2":1},"foi_files":[{"dc_format":"application/octet-stream","dc_identifier":"nl.gm1954.2c.2020.2830171-5.doc.1","dc_source":"https://api1.ibabs.eu/publicdownload.aspx?site=Beekdaelen&id=0297338c-1fe4-4939-98f7-71ffb6c77b6e","dc_title":"04 Raadscie 18 febr 2020 ap B1 Wijziging GR Veiligheidsregio","dc_type":"bijlage","foi_fileName":"04%20Raadscie%2018%20febr%202020%20ap%20B1%20Wijziging%20GR%20Veiligheidsregio.MP3"},{"dc_format":"application/pdf","dc_identifier":"nl.gm1954.2c.2020.2830171-5.doc.4","dc_source":"https://api1.ibabs.eu/publicdownload.aspx?site=Beekdaelen&id=8305b64e-dd27-45fb-ac0c-edeacdcf7e0a","dc_title":"Concept Gemeenschappelijke regeling Veiligheidsregio ZL (met wijzigingen)","dc_type":"bijlage","foi_fairiscoreVersions":{"v1":2,"v2":1},"foi_fileName":"Gemeenschappelijke%20regeling%20Veiligheidsregio%20ZL%20%28met%20wijzigingen%29.pdf","foi_nrPages":21},{"dc_format":"application/pdf","dc_identifier":"nl.gm1954.2c.2020.2830171-5.doc.6","dc_source":"https://api1.ibabs.eu/publicdownload.aspx?site=Beekdaelen&id=c9223900-5807-4dc0-afb5-5620acfe679a","dc_title":"Memorie van Antwoord technische vragen VVD inzake Veiligheidsregio","dc_type":"bijlage","foi_fairiscoreVersions":{"v1":1,"v2":1},"foi_fileName":"Memorie%20van%20Antwoord%20technische%20vragen%20VVD%20inzake%20Veiligheidsregio.pdf","foi_nrPages":2},{"dc_format":"application/pdf","dc_identifier":"nl.gm1954.2c.2020.2830171-5.doc.3","dc_source":"https://api1.ibabs.eu/publicdownload.aspx?site=Beekdaelen&id=e07bc61b-d7bf-4429-9b32-3c7cf26bd17e","dc_title":"RB inzake wijziging van de GR Veiligheidsregio ZL","dc_type":"bijlage","foi_fairiscoreVersions":{"v1":1,"v2":1},"foi_fileName":"RB%20inzake%20wijziging%20van%20de%20GR%20Veiligheidsregio%20ZL.pdf","foi_nrPages":1},{"dc_format":"application/pdf","dc_identifier":"nl.gm1954.2c.2020.2830171-5.doc.2","dc_source":"https://api1.ibabs.eu/publicdownload.aspx?site=Beekdaelen&id=2ca0e72c-ee3f-435b-9b68-c139cc92872b","dc_title":"RV inzake wijziging van de GR Veiligheidsregio ZL","dc_type":"bijlage","foi_fairiscoreVersions":{"v1":1,"v2":1},"foi_fileName":"RV%20inzake%20wijziging%20van%20de%20GR%20Veiligheidsregio%20ZL.pdf","foi_nrPages":2},{"dc_format":"application/pdf","dc_identifier":"nl.gm1954.2c.2020.2830171-5.doc.5","dc_source":"https://api1.ibabs.eu/publicdownload.aspx?site=Beekdaelen&id=18060886-3a3f-4e4e-97f8-b1af21d98fa8","dc_title":"Concept Toelichting op gemeenschappelijke regeling Veiligheidsregio ZL (met wijz)","dc_type":"bijlage","foi_fairiscoreVersions":{"v1":1,"v2":1},"foi_fileName":"Toelichting%20op%20gemeenschappelijke%20regeling%20Veiligheidsregio%20ZL%20%28met%20wijz%29.pdf","foi_nrPages":7}],"foi_nrDocuments":6,"foi_nrPagesInDossier":33,"foi_publishedDate":"2020-02-18","foi_retrievedDate":"2025-12-01"},{"dc_creator":"HandelingScraper_v1","dc_date_year":2020,"dc_description":"Vergadering van de Gemeente Beekdaelen op 2020-02-18. Onderdeel: Voorstel inzake wijziging GR Omnibuzz.","dc_identifier":"nl.gm1954.2c.2020.2830171-6","dc_publisher":"gm1954","dc_source":"https://beekdaelen.bestuurlijkeinformatie.nl/Agenda/Index/92bba2af-7ec4-4634-a8e3-2c8e55f256e8","dc_title":"Commissie Sociaal & BV (t/m april 2022) 2020-02-18 - Voorstel inzake wijziging GR Omnibuzz","dc_type":"2c","dc_type_description":"Vergaderstuk decentrale overheid","foi_fairiscoreVersions":{"v1":1,"v2":1},"foi_files":[{"dc_format":"application/octet-stream","dc_identifier":"nl.gm1954.2c.2020.2830171-6.doc.1","dc_source":"https://api1.ibabs.eu/publicdownload.aspx?site=Beekdaelen&id=4a03aa30-c7f3-4a58-898e-47f2c118f6d7","dc_title":"05 Raadscie 18 febr 2020 ap B2 Wijziging GR Omnibuzz","dc_type":"bijlage","foi_fileName":"05%20Raadscie%2018%20febr%202020%20ap%20B2%20Wijziging%20GR%20Omnibuzz.MP3"},{"dc_format":"application/pdf","dc_identifier":"nl.gm1954.2c.2020.2830171-6.doc.4","dc_source":"https://api1.ibabs.eu/publicdownload.aspx?site=Beekdaelen&id=8d196089-9596-4f77-aa5b-c32619f7f546","dc_title":"Bijlage 2 Concept wijzigingsbesluit GR Omnibuzz-def","dc_type":"bijlage","foi_fairiscoreVersions":{"v1":1,"v2":1},"foi_fileName":"Bijlage%202%20Concept%20wijzigingsbesluit%20GR%20Omnibuzz-def.pdf","foi_nrPages":10},{"dc_format":"application/pdf","dc_identifier":"nl.gm1954.2c.2020.2830171-6.doc.5","dc_source":"https://api1.ibabs.eu/publicdownload.aspx?site=Beekdaelen&id=83e7239b-c9b7-4803-ab3e-3885b650dcf6","dc_title":"Bijlage 3 Toelichting gewijzigde GR Omnibuzz","dc_type":"bijlage","foi_fairiscoreVersions":{"v1":1,"v2":1},"foi_fileName":"Bijlage%203%20Toelichting%20gewijzigde%20GR%20Omnibuzz.pdf","foi_nrPages":6},{"dc_format":"application/pdf","dc_identifier":"nl.gm1954.2c.2020.2830171-6.doc.6","dc_source":"https://api1.ibabs.eu/publicdownload.aspx?site=Beekdaelen&id=69a26b6e-bfa2-4975-aaeb-3ae7f812b5f3","dc_title":"Bijlage 4 Matrix wijzigingen GR Omnibuzz","dc_type":"bijlage","foi_fairiscoreVersions":{"v1":1,"v2":1},"foi_fileName":"Bijlage%204%20Matrix%20wijzigingen%20GR%20Omnibuzz.pdf","foi_nrPages":4},{"dc_format":"application/pdf","dc_identifier":"nl.gm1954.2c.2020.2830171-6.doc.7","dc_source":"https://api1.ibabs.eu/publicdownload.aspx?site=Beekdaelen&id=6bddad85-c022-4e1c-b6e6-498f82499167","dc_title":"Memorie van Antwoord technische vraag BL inzake GR Omnibuzz","dc_type":"bijlage","foi_fairiscoreVersions":{"v1":1,"v2":1},"foi_fileName":"Memorie%20van%20Antwoord%20technische%20vraag%20BL%20inzake%20GR%20Omnibuzz.pdf","foi_nrPages":1},{"dc_format":"application/pdf","dc_identifier":"nl.gm1954.2c.2020.2830171-6.doc.3","dc_source":"https://api1.ibabs.eu/publicdownload.aspx?site=Beekdaelen&id=31381bff-bd06-4d03-8060-67df780a7735","dc_title":"RB wijziging GR Omnibuzz","dc_type":"bijlage","foi_fairiscoreVersions":{"v1":1,"v2":1},"foi_fileName":"RB%20wijziging%20GR%20Omnibuzz.pdf","foi_nrPages":1},{"dc_format":"application/pdf","dc_identifier":"nl.gm1954.2c.2020.2830171-6.doc.2","dc_source":"https://api1.ibabs.eu/publicdownload.aspx?site=Beekdaelen&id=286e6583-14a4-46a8-a452-66ac7ca40639","dc_title":"RV wijzigingsregeling GR Omnibuzz","dc_type":"bijlage","foi_fairiscoreVersions":{"v1":1,"v2":1},"foi_fileName":"RV%20wijzigingsregeling%20GR%20Omnibuzz.pdf","foi_nrPages":3}],"foi_nrDocuments":7,"foi_nrPagesInDossier":25,"foi_publishedDate":"2020-02-18","foi_retrievedDate":"2025-11-30"},{"dc_creator":"HandelingScraper_v1","dc_date_year":2020,"dc_description":"Vergadering van de Gemeente Beekdaelen op 2020-02-18. Onderdeel: Voorstel inzake leerplicht/Regionaal Co\u00f6rdinatiepunt voortijdig schoolverlaten.","dc_identifier":"nl.gm1954.2c.2020.2830171-7","dc_publisher":"gm1954","dc_source":"https://beekdaelen.bestuurlijkeinformatie.nl/Agenda/Index/92bba2af-7ec4-4634-a8e3-2c8e55f256e8","dc_title":"Commissie Sociaal & BV (t/m april 2022) 2020-02-18 - Voorstel inzake leerplicht/Regionaal Co\u00f6rdinatiepunt voortijdig schoolverlaten","dc_type":"2c","dc_type_description":"Vergaderstuk decentrale overheid","foi_fairiscoreVersions":{"v1":2,"v2":2},"foi_files":[{"dc_format":"application/octet-stream","dc_identifier":"nl.gm1954.2c.2020.2830171-7.doc.1","dc_source":"https://api1.ibabs.eu/publicdownload.aspx?site=Beekdaelen&id=43bd248c-a651-4c1c-b36a-bf8c774d208c","dc_title":"06 Raadscie 18 febr 2020 ap B3 Leerplicht - regionaal coordinatiepunt voortijdig schoolverlaten","dc_type":"bijlage","foi_fileName":"06%20Raadscie%2018%20febr%202020%20ap%20B3%20Leerplicht%20-%20regionaal%20coordinatiepunt%20voortijdig%20schoolverlaten.MP3"},{"dc_format":"application/pdf","dc_identifier":"nl.gm1954.2c.2020.2830171-7.doc.4","dc_source":"https://api1.ibabs.eu/publicdownload.aspx?site=Beekdaelen&id=1f281d45-1505-40e5-aa18-7eeec75cbb26","dc_title":"Begrotingswijziging 2 Desintegratiekosten a.g.v. keuze regionaal bureau leerplicht","dc_type":"bijlage","foi_fairiscoreVersions":{"v1":1,"v2":1},"foi_fileName":"Begrotingswijziging%202%20Desintegratiekosten%20a.g.v.%20keuze%20regionaal%20bureau%20leerplicht.pdf","foi_nrPages":1},{"dc_format":"application/pdf","dc_identifier":"nl.gm1954.2c.2020.2830171-7.doc.7","dc_source":"https://api1.ibabs.eu/publicdownload.aspx?site=Beekdaelen&id=a1ad98d4-1185-43fc-a8a7-cf0bd44e5d28","dc_title":"Bijlage 1 bij MvA vragen VVD inzake leerplicht - Regionaal jaarverslag leerplicht Westelijke Mijnstreek","dc_type":"bijlage","foi_fairiscoreVersions":{"v1":2,"v2":2},"foi_fileName":"Bijlage%201%20bij%20MvA%20vragen%20VVD%20inzake%20leerplicht%20-%20Regionaal%20jaarverslag%20leerplicht%20Westelijke%20Mijnstreek.pdf","foi_nrPages":19},{"dc_format":"application/pdf","dc_identifier":"nl.gm1954.2c.2020.2830171-7.doc.8","dc_source":"https://api1.ibabs.eu/publicdownload.aspx?site=Beekdaelen&id=4bdef86a-bb4c-4e35-ae1d-2e253dae9c36","dc_title":"Bijlage 2 bij MvA vragen VVD inzake leerplicht - Jaarverslag Bureau VSV 2018-2019","dc_type":"bijlage","foi_fairiscoreVersions":{"v1":2,"v2":1},"foi_fileName":"Bijlage%202%20bij%20MvA%20vragen%20VVD%20inzake%20leerplicht%20-%20Jaarverslag%20Bureau%20VSV%202018-2019.pdf","foi_nrPages":12},{"dc_format":"application/pdf","dc_identifier":"nl.gm1954.2c.2020.2830171-7.doc.9","dc_source":"https://api1.ibabs.eu/publicdownload.aspx?site=Beekdaelen&id=5692fe17-511d-41db-9262-38c0b161d5b7","dc_title":"Memorie van Antwoord technische vragen BL inzake leerplicht","dc_type":"bijlage","foi_fairiscoreVersions":{"v1":1,"v2":1},"foi_fileName":"Memorie%20van%20Antwoord%20technische%20vragen%20BL%20inzake%20leerplicht.pdf","foi_nrPages":1},{"dc_format":"application/pdf","dc_identifier":"nl.gm1954.2c.2020.2830171-7.doc.6","dc_source":"https://api1.ibabs.eu/publicdownload.aspx?site=Beekdaelen&id=0762d1a9-f9b9-44c2-9e33-744930b30ab6","dc_title":"Memorie van Antwoord technische vragen VVD inzake leerplicht","dc_type":"bijlage","foi_fairiscoreVersions":{"v1":1,"v2":1},"foi_fileName":"Memorie%20van%20Antwoord%20technische%20vragen%20VVD%20inzake%20leerplicht.pdf","foi_nrPages":3},{"dc_format":"application/pdf","dc_identifier":"nl.gm1954.2c.2020.2830171-7.doc.3","dc_source":"https://api1.ibabs.eu/publicdownload.aspx?site=Beekdaelen&id=56664693-2d1c-4903-8615-3c65d2e0e5ca","dc_title":"RB keuze bureau uitvoering leerplichtwet","dc_type":"bijlage","foi_fairiscoreVersions":{"v1":1,"v2":1},"foi_fileName":"RB%20keuze%20bureau%20uitvoering%20leerplichtwet.pdf","foi_nrPages":1},{"dc_format":"application/pdf","dc_identifier":"nl.gm1954.2c.2020.2830171-7.doc.2","dc_source":"https://api1.ibabs.eu/publicdownload.aspx?site=Beekdaelen&id=d09823c2-f03b-4fc8-8767-32667dee1c90","dc_title":"RV inzake keuze bureau uitvoering leerplichtwet","dc_type":"bijlage","foi_fairiscoreVersions":{"v1":1,"v2":1},"foi_fileName":"RV%20inzake%20keuze%20bureau%20uitvoering%20leerplichtwet.pdf","foi_nrPages":3},{"dc_format":"application/pdf","dc_identifier":"nl.gm1954.2c.2020.2830171-7.doc.5","dc_source":"https://api1.ibabs.eu/publicdownload.aspx?site=Beekdaelen&id=696438d4-ef40-4dbf-8d2a-f34b90ce1b76","dc_title":"Stand van zaken fusiebudget raad maart 2020","dc_type":"bijlage","foi_fairiscoreVersions":{"v1":1,"v2":1},"foi_fileName":"Stand%20van%20zaken%20fusiebudget%20raad%20maart%202020.pdf","foi_nrPages":1}],"foi_nrDocuments":9,"foi_nrPagesInDossier":41,"foi_publishedDate":"2020-02-18","foi_retrievedDate":"2026-03-04"},{"dc_creator":"HandelingScraper_v1","dc_date_year":2020,"dc_description":"Vergadering van de Gemeente Beekdaelen op 2020-02-18. Onderdeel: Bespreken correspondentie inzake verzoek financi\u00eble ondersteuning RKGV Albatros Nuth.","dc_identifier":"nl.gm1954.2c.2020.2830171-8","dc_publisher":"gm1954","dc_source":"https://beekdaelen.bestuurlijkeinformatie.nl/Agenda/Index/92bba2af-7ec4-4634-a8e3-2c8e55f256e8","dc_title":"Commissie Sociaal & BV (t/m april 2022) 2020-02-18 - Bespreken correspondentie inzake verzoek financi\u00eble ondersteuning RKGV Albatros Nuth","dc_type":"2c","dc_type_description":"Vergaderstuk decentrale overheid","foi_fairiscoreVersions":{"v1":1,"v2":1},"foi_files":[{"dc_format":"application/pdf","dc_identifier":"nl.gm1954.2c.2020.2830171-8.doc.1","dc_source":"https://api1.ibabs.eu/publicdownload.aspx?site=Beekdaelen&id=58c4c066-e592-4bae-9719-9a75bfd08972","dc_title":"Agenderingsverzoek CDA inzake Albatros","dc_type":"bijlage","foi_fairiscoreVersions":{"v1":1,"v2":1},"foi_fileName":"Agenderingsverzoek%20CDA%20inzake%20Albatros.pdf","foi_nrPages":1},{"dc_format":"application/pdf","dc_identifier":"nl.gm1954.2c.2020.2830171-8.doc.3","dc_source":"https://api1.ibabs.eu/publicdownload.aspx?site=Beekdaelen&id=0cfe86b7-b95f-42ce-be4c-87d3a46d55b9","dc_title":"Beschikking op verzoek om fin. ondersteuning Albatros","dc_type":"bijlage","foi_fairiscoreVersions":{"v1":1,"v2":1},"foi_fileName":"Beschikking%20op%20verzoek%20om%20fin.%20ondersteuning%20Albatros.pdf","foi_nrPages":2},{"dc_format":"application/pdf","dc_identifier":"nl.gm1954.2c.2020.2830171-8.doc.4","dc_source":"https://api1.ibabs.eu/publicdownload.aspx?site=Beekdaelen&id=6263668b-9d2b-41af-a521-b9e6a8ecc7b2","dc_title":"RKGV Albatros Nuth Bezwaar tegen afwijzing","dc_type":"bijlage","foi_fairiscoreVersions":{"v1":1,"v2":1},"foi_fileName":"RKGV%20Albatros%20Nuth%20Bezwaar%20tegen%20afwijzing.pdf","foi_nrPages":2},{"dc_format":"application/pdf","dc_identifier":"nl.gm1954.2c.2020.2830171-8.doc.2","dc_source":"https://api1.ibabs.eu/publicdownload.aspx?site=Beekdaelen&id=c06bc814-e8c5-461b-82ab-035ed27d631c","dc_title":"RKGV Albatros Nuth verzoek om fin. ondersteuning","dc_type":"bijlage","foi_fairiscoreVersions":{"v1":1,"v2":1},"foi_fileName":"RKGV%20Albatros%20Nuth%20verzoek%20om%20fin.%20ondersteuning.pdf","foi_nrPages":2}],"foi_nrDocuments":4,"foi_nrPagesInDossier":7,"foi_publishedDate":"2020-02-18","foi_retrievedDate":"2026-02-12"},{"dc_creator":"HandelingScraper_v1","dc_date_year":2020,"dc_description":"Vergadering van de Gemeente Beekdaelen op 2020-02-18. Onderdeel: Rondvraag.","dc_identifier":"nl.gm1954.2c.2020.2830171-9","dc_publisher":"gm1954","dc_source":"https://beekdaelen.bestuurlijkeinformatie.nl/Agenda/Index/92bba2af-7ec4-4634-a8e3-2c8e55f256e8","dc_title":"Commissie Sociaal & BV (t/m april 2022) 2020-02-18 - Rondvraag","dc_type":"2c","dc_type_description":"Vergaderstuk decentrale overheid","foi_fairiscoreVersions":{"v1":null,"v2":null},"foi_files":[{"dc_format":"application/octet-stream","dc_identifier":"nl.gm1954.2c.2020.2830171-9.doc.1","dc_source":"https://api1.ibabs.eu/publicdownload.aspx?site=Beekdaelen&id=47f2de05-2b5e-4c56-8e90-025e457e0a7d","dc_title":"07 Raadscie 18 febr 2020 ap C Rondvraag en sluiting","dc_type":"bijlage","foi_fileName":"07%20Raadscie%2018%20febr%202020%20ap%20C%20Rondvraag%20en%20sluiting.MP3"}],"foi_nrDocuments":1,"foi_nrPagesInDossier":0,"foi_publishedDate":"2020-02-18","foi_retrievedDate":"2025-12-05"},{"dc_creator":"HandelingScraper_v1","dc_date_year":2020,"dc_description":"Vergadering van de Gemeente Beekdaelen op 2020-03-10. Onderdeel: Opening.","dc_identifier":"nl.gm1954.2c.2020.2830222-1","dc_publisher":"gm1954","dc_source":"https://beekdaelen.bestuurlijkeinformatie.nl/Agenda/Index/31557fd0-943a-4ae3-adef-b8c9387adf61","dc_title":"Raadsvergadering 2020-03-10 - Opening","dc_type":"2c","dc_type_description":"Vergaderstuk decentrale overheid","foi_fairiscoreVersions":{"v1":null,"v2":null},"foi_files":[{"dc_format":"application/octet-stream","dc_identifier":"nl.gm1954.2c.2020.2830222-1.doc.1","dc_source":"https://api1.ibabs.eu/publicdownload.aspx?site=Beekdaelen&id=05ab0f8e-c58f-46c3-af1c-f952ce2f15eb","dc_title":"01 Raad 10 maart 2020 ap 1 Opening tm 3 instelling cie geloofsbrieven","dc_type":"bijlage","foi_fileName":"01%20Raad%2010%20maart%202020%20ap%201%20Opening%20tm%203%20instelling%20cie%20geloofsbrieven.MP3"}],"foi_nrDocuments":1,"foi_nrPagesInDossier":0,"foi_publishedDate":"2020-03-10","foi_retrievedDate":"2026-02-12"},{"dc_creator":"HandelingScraper_v1","dc_date_year":2020,"dc_description":"Vergadering van de Gemeente Beekdaelen op 2020-03-10. Onderdeel: Vaststelling van de agenda.","dc_identifier":"nl.gm1954.2c.2020.2830222-2","dc_publisher":"gm1954","dc_source":"https://beekdaelen.bestuurlijkeinformatie.nl/Agenda/Index/31557fd0-943a-4ae3-adef-b8c9387adf61","dc_title":"Raadsvergadering 2020-03-10 - Vaststelling van de agenda","dc_type":"2c","dc_type_description":"Vergaderstuk decentrale overheid","foi_fairiscoreVersions":{"v1":1,"v2":1},"foi_files":[{"dc_format":"application/pdf","dc_identifier":"nl.gm1954.2c.2020.2830222-2.doc.1","dc_source":"https://api1.ibabs.eu/publicdownload.aspx?site=Beekdaelen&id=3e516577-0f38-452c-98eb-0b0a52012d67","dc_title":"Uitnodiging en voorlopige agenda raadsvergadering 10 maart 2020","dc_type":"bijlage","foi_fairiscoreVersions":{"v1":1,"v2":1},"foi_fileName":"Uitnodiging%20en%20agenda%20raadsvergadering%2010%20maart%202020.pdf","foi_nrPages":2},{"dc_format":"application/pdf","dc_identifier":"nl.gm1954.2c.2020.2830222-2.doc.2","dc_source":"https://api1.ibabs.eu/publicdownload.aspx?site=Beekdaelen&id=c556fe52-f835-4485-95d6-f9dd0e1e0b38","dc_title":"Vastgestelde agenda raadsvergadering 10032020","dc_type":"bijlage","foi_fairiscoreVersions":{"v1":1,"v2":1},"foi_fileName":"Vastgestelde%20agenda%20raadsvergadering%2010032020.pdf","foi_nrPages":1}],"foi_nrDocuments":2,"foi_nrPagesInDossier":3,"foi_publishedDate":"2020-03-10","foi_retrievedDate":"2026-01-23"},{"dc_creator":"HandelingScraper_v1","dc_date_year":2020,"dc_description":"Vergadering van de Gemeente Beekdaelen op 2020-03-10. Onderdeel: Voorstel inzake toelating en be\u00ebdiging de heer H.J.M. Geurten.","dc_identifier":"nl.gm1954.2c.2020.2830222-3","dc_publisher":"gm1954","dc_source":"https://beekdaelen.bestuurlijkeinformatie.nl/Agenda/Index/31557fd0-943a-4ae3-adef-b8c9387adf61","dc_title":"Raadsvergadering 2020-03-10 - Voorstel inzake toelating en be\u00ebdiging de heer H.J.M. Geurten","dc_type":"2c","dc_type_description":"Vergaderstuk decentrale overheid","foi_fairiscoreVersions":{"v1":1,"v2":1},"foi_files":[{"dc_format":"application/octet-stream","dc_identifier":"nl.gm1954.2c.2020.2830222-3.doc.1","dc_source":"https://api1.ibabs.eu/publicdownload.aspx?site=Beekdaelen&id=4d0bb313-a3df-445e-82e5-ced21652e474","dc_title":"02 Raad 10 maart 2020 ap 3 Toelating en beediging raadslid Geurten","dc_type":"bijlage","foi_fileName":"02%20Raad%2010%20maart%202020%20ap%203%20Toelating%20en%20beediging%20raadslid%20Geurten.MP3"},{"dc_format":"application/pdf","dc_identifier":"nl.gm1954.2c.2020.2830222-3.doc.4","dc_source":"https://api1.ibabs.eu/publicdownload.aspx?site=Beekdaelen&id=6490f26d-10f1-4569-a209-1cb24bbf8342","dc_title":"Rapport commissie geloofsbrieven vastgesteld raad 10032020","dc_type":"bijlage","foi_fairiscoreVersions":{"v1":1,"v2":1},"foi_fileName":"Rapport%20commissie%20geloofsbrieven%20vastgesteld%20raad%2010032020.pdf","foi_nrPages":1},{"dc_format":"application/pdf","dc_identifier":"nl.gm1954.2c.2020.2830222-3.doc.3","dc_source":"https://api1.ibabs.eu/publicdownload.aspx?site=Beekdaelen&id=2d568268-2feb-494c-ab9e-6c103085d455","dc_title":"RB inzake toelating dhr. Geurten","dc_type":"bijlage","foi_fairiscoreVersions":{"v1":1,"v2":1},"foi_fileName":"RB%20inzake%20toelating%20dhr.%20Geurten.pdf","foi_nrPages":1},{"dc_format":"application/pdf","dc_identifier":"nl.gm1954.2c.2020.2830222-3.doc.5","dc_source":"https://api1.ibabs.eu/publicdownload.aspx?site=Beekdaelen&id=26aabc1c-6aad-4961-b322-75b78b49aceb","dc_title":"RB inzake toelating dhr. Geurten vastgesteld raad 10032020","dc_type":"bijlage","foi_fairiscoreVersions":{"v1":1,"v2":1},"foi_fileName":"RB%20inzake%20toelating%20dhr.%20Geurten%20vastgesteld%20raad%2010032020.pdf","foi_nrPages":1},{"dc_format":"application/pdf","dc_identifier":"nl.gm1954.2c.2020.2830222-3.doc.2","dc_source":"https://api1.ibabs.eu/publicdownload.aspx?site=Beekdaelen&id=e57e15b1-bcb2-4415-be24-d2824ed2e737","dc_title":"RV inzake toelating en beediging dhr. Geurten","dc_type":"bijlage","foi_fairiscoreVersions":{"v1":1,"v2":1},"foi_fileName":"RV%20inzake%20toelating%20en%20beediging%20dhr.%20Geurten.pdf","foi_nrPages":1}],"foi_nrDocuments":5,"foi_nrPagesInDossier":4,"foi_publishedDate":"2020-03-10","foi_retrievedDate":"2026-03-09"},{"dc_creator":"HandelingScraper_v1","dc_date_year":2020,"dc_description":"Vergadering van de Gemeente Beekdaelen op 2020-03-10. Onderdeel: Vaststellen besluitenlijst openbare raadsvergadering d.d. 4 februari 2020.","dc_identifier":"nl.gm1954.2c.2020.2830222-4","dc_publisher":"gm1954","dc_source":"https://beekdaelen.bestuurlijkeinformatie.nl/Agenda/Index/31557fd0-943a-4ae3-adef-b8c9387adf61","dc_title":"Raadsvergadering 2020-03-10 - Vaststellen besluitenlijst openbare raadsvergadering d.d. 4 februari 2020","dc_type":"2c","dc_type_description":"Vergaderstuk decentrale overheid","foi_fairiscoreVersions":{"v1":1,"v2":1},"foi_files":[{"dc_format":"application/octet-stream","dc_identifier":"nl.gm1954.2c.2020.2830222-4.doc.1","dc_source":"https://api1.ibabs.eu/publicdownload.aspx?site=Beekdaelen&id=0e8cf213-cc23-4655-9e6f-c715bbbab342","dc_title":"03 Raad 10 maart 2020 ap 4 Besluitenlijst 4 febr 2020 en ap 5.1 Bureau leerplicht","dc_type":"bijlage","foi_fileName":"03%20Raad%2010%20maart%202020%20ap%204%20Besluitenlijst%204%20febr%202020%20en%20ap%205.1%20Bureau%20leerplicht.MP3"},{"dc_format":"application/pdf","dc_identifier":"nl.gm1954.2c.2020.2830222-4.doc.2","dc_source":"https://api1.ibabs.eu/publicdownload.aspx?site=Beekdaelen&id=b0425ea6-508a-4255-bd87-f2bb270c757b","dc_title":"Besluitenlijst raadsvergadering 4 februari 2020 vastgesteld raad 10032020","dc_type":"bijlage","foi_fairiscoreVersions":{"v1":1,"v2":1},"foi_fileName":"Besluitenlijst%20raadsvergadering%204%20februari%202020.pdf","foi_nrPages":13}],"foi_nrDocuments":2,"foi_nrPagesInDossier":13,"foi_publishedDate":"2020-03-10","foi_retrievedDate":"2026-03-03"},{"dc_creator":"HandelingScraper_v1","dc_date_year":2020,"dc_description":"Vergadering van de Gemeente Beekdaelen op 2020-03-10. Onderdeel: Voorstel inzake krediet t.b.v. desintegratie a.g.v. keuze regionaal bureau leerplicht.","dc_identifier":"nl.gm1954.2c.2020.2830222-5","dc_publisher":"gm1954","dc_source":"https://beekdaelen.bestuurlijkeinformatie.nl/Agenda/Index/31557fd0-943a-4ae3-adef-b8c9387adf61","dc_title":"Raadsvergadering 2020-03-10 - Voorstel inzake krediet t.b.v. desintegratie a.g.v. keuze regionaal bureau leerplicht","dc_type":"2c","dc_type_description":"Vergaderstuk decentrale overheid","foi_fairiscoreVersions":{"v1":1,"v2":1},"foi_files":[{"dc_format":"application/pdf","dc_identifier":"nl.gm1954.2c.2020.2830222-5.doc.4","dc_source":"https://api1.ibabs.eu/publicdownload.aspx?site=Beekdaelen&id=4dcda6b3-c30b-48c2-80c7-6a65743bb81e","dc_title":"Begrotingswijziging 2 Desintegratiekosten a.g.v. keuze regionaal bureau leerplicht","dc_type":"bijlage","foi_fairiscoreVersions":{"v1":1,"v2":1},"foi_fileName":"Begrotingswijziging%202%20Desintegratiekosten%20a.g.v.%20keuze%20regionaal%20bureau%20leerplicht.pdf","foi_nrPages":1},{"dc_format":"application/pdf","dc_identifier":"nl.gm1954.2c.2020.2830222-5.doc.3","dc_source":"https://api1.ibabs.eu/publicdownload.aspx?site=Beekdaelen&id=53c12c1a-cde8-423b-9926-f8d7d19c7e63","dc_title":"RB keuze bureau uitvoering leerplicht vastgesteld raad 10032020","dc_type":"bijlage","foi_fairiscoreVersions":{"v1":1,"v2":1},"foi_fileName":"RB%20keuze%20bureau%20uitvoering%20leerplicht%20vastgesteld%20raad%2010032020.pdf","foi_nrPages":1},{"dc_format":"application/pdf","dc_identifier":"nl.gm1954.2c.2020.2830222-5.doc.2","dc_source":"https://api1.ibabs.eu/publicdownload.aspx?site=Beekdaelen&id=997e1f90-a976-47d7-9955-7132ab5661d8","dc_title":"RB keuze bureau uitvoering leerplichtwet","dc_type":"bijlage","foi_fairiscoreVersions":{"v1":1,"v2":1},"foi_fileName":"RB%20keuze%20bureau%20uitvoering%20leerplichtwet.pdf","foi_nrPages":1},{"dc_format":"application/pdf","dc_identifier":"nl.gm1954.2c.2020.2830222-5.doc.1","dc_source":"https://api1.ibabs.eu/publicdownload.aspx?site=Beekdaelen&id=d8da43c0-5d9d-4b21-9ffa-412b5413c919","dc_title":"RV inzake keuze bureau uitvoering leerplichtwet","dc_type":"bijlage","foi_fairiscoreVersions":{"v1":1,"v2":1},"foi_fileName":"RV%20inzake%20keuze%20bureau%20uitvoering%20leerplichtwet.pdf","foi_nrPages":3},{"dc_format":"application/pdf","dc_identifier":"nl.gm1954.2c.2020.2830222-5.doc.5","dc_source":"https://api1.ibabs.eu/publicdownload.aspx?site=Beekdaelen&id=76af5941-bdba-4bc8-a39e-0b1de9bb2bce","dc_title":"Stand van zaken fusiebudget raad maart 2020","dc_type":"bijlage","foi_fairiscoreVersions":{"v1":1,"v2":1},"foi_fileName":"Stand%20van%20zaken%20fusiebudget%20raad%20maart%202020.pdf","foi_nrPages":1}],"foi_nrDocuments":5,"foi_nrPagesInDossier":7,"foi_publishedDate":"2020-03-10","foi_retrievedDate":"2026-03-10"},{"dc_creator":"HandelingScraper_v1","dc_date_year":2020,"dc_description":"Vergadering van de Gemeente Beekdaelen op 2020-03-10. Onderdeel: Voorstel inzake wijziging GR Veiligheidsregio.","dc_identifier":"nl.gm1954.2c.2020.2830222-6","dc_publisher":"gm1954","dc_source":"https://beekdaelen.bestuurlijkeinformatie.nl/Agenda/Index/31557fd0-943a-4ae3-adef-b8c9387adf61","dc_title":"Raadsvergadering 2020-03-10 - Voorstel inzake wijziging GR Veiligheidsregio","dc_type":"2c","dc_type_description":"Vergaderstuk decentrale overheid","foi_fairiscoreVersions":{"v1":2,"v2":1},"foi_files":[{"dc_format":"application/octet-stream","dc_identifier":"nl.gm1954.2c.2020.2830222-6.doc.1","dc_source":"https://api1.ibabs.eu/publicdownload.aspx?site=Beekdaelen&id=37cddeeb-783e-43fb-9b1e-d9e8c71155c5","dc_title":"04 Raad 10 maart 2020 ap 6.1 GR Veiligheidsregio en 6.2 Aanwijziging griffier en plv griffiers","dc_type":"bijlage","foi_fileName":"04%20Raad%2010%20maart%202020%20ap%206.1%20GR%20Veiligheidsregio%20en%206.2%20Aanwijziging%20griffier%20en%20plv%20griffiers.MP3","foi_nrPages":1},{"dc_format":"application/pdf","dc_identifier":"nl.gm1954.2c.2020.2830222-6.doc.5","dc_source":"https://api1.ibabs.eu/publicdownload.aspx?site=Beekdaelen&id=a2d42ee7-f480-48ec-b455-5eb5330f0af3","dc_title":"Aangenomen amendement BL, CDA en VVD inzake samenstelling DB Veiligheidsregio ZL incl. stemuitslag","dc_type":"bijlage","foi_fairiscoreVersions":{"v1":1,"v2":1},"foi_fileName":"Aangenomen%20amendement%20BL_%20CDA%20en%20VVD%20inzake%20samenstelling%20DB%20Veiligheidsregio%20ZL%20-%20versie%2010%20maart%202020.pdf","foi_nrPages":1},{"dc_format":"application/pdf","dc_identifier":"nl.gm1954.2c.2020.2830222-6.doc.4","dc_source":"https://api1.ibabs.eu/publicdownload.aspx?site=Beekdaelen&id=8c72c12a-cab7-4c25-9a47-c904e991fc34","dc_title":"Amendement BL, CDA en VVD inzake samenstelling DB Veiligheidsregio ZL - versie 10 maart 2020","dc_type":"bijlage","foi_fairiscoreVersions":{"v1":1,"v2":1},"foi_fileName":"Amendement%20BL_%20CDA%20en%20VVD%20inzake%20samenstelling%20DB%20Veiligheidsregio%20ZL%20-%20versie%2010%20maart%202020.pdf","foi_nrPages":1},{"dc_format":"application/pdf","dc_identifier":"nl.gm1954.2c.2020.2830222-6.doc.6","dc_source":"https://api1.ibabs.eu/publicdownload.aspx?site=Beekdaelen&id=2deed7f1-5bed-49b0-a5df-024309115745","dc_title":"Geamendeerd RB wijziging GR Veiligheidsregio vastgesteld raad 10032020","dc_type":"bijlage","foi_fairiscoreVersions":{"v1":1,"v2":1},"foi_fileName":"Geamendeerd%20RB%20wijziging%20GR%20Veiligheidsregio%20vastgesteld%20raad%2010032020.pdf","foi_nrPages":1},{"dc_format":"application/pdf","dc_identifier":"nl.gm1954.2c.2020.2830222-6.doc.8","dc_source":"https://api1.ibabs.eu/publicdownload.aspx?site=Beekdaelen&id=b0398f8f-f4ff-4c96-8e6c-46772f9e4dbe","dc_title":"Gemeenschappelijke regeling Veiligheidsregio ZL (met wijzigingen)","dc_type":"bijlage","foi_fairiscoreVersions":{"v1":2,"v2":1},"foi_fileName":"Gemeenschappelijke%20regeling%20Veiligheidsregio%20ZL%20%28met%20wijzigingen%29.pdf","foi_nrPages":21},{"dc_format":"application/pdf","dc_identifier":"nl.gm1954.2c.2020.2830222-6.doc.3","dc_source":"https://api1.ibabs.eu/publicdownload.aspx?site=Beekdaelen&id=ec30562b-42d3-4f51-ae55-3b04ea5f6339","dc_title":"RB wijziging GR Veiligheidsregio","dc_type":"bijlage","foi_fairiscoreVersions":{"v1":1,"v2":1},"foi_fileName":"RB%20wijziging%20GR%20Veiligheidsregio.pdf","foi_nrPages":1},{"dc_format":"application/pdf","dc_identifier":"nl.gm1954.2c.2020.2830222-6.doc.2","dc_source":"https://api1.ibabs.eu/publicdownload.aspx?site=Beekdaelen&id=2b9f1951-434f-4bd1-b6aa-714def8cf84e","dc_title":"RV inzake wijziging van de GR Veiligheidsregio ZL","dc_type":"bijlage","foi_fairiscoreVersions":{"v1":1,"v2":1},"foi_fileName":"RV%20inzake%20wijziging%20van%20de%20GR%20Veiligheidsregio%20ZL.pdf","foi_nrPages":2},{"dc_format":"application/pdf","dc_identifier":"nl.gm1954.2c.2020.2830222-6.doc.7","dc_source":"https://api1.ibabs.eu/publicdownload.aspx?site=Beekdaelen&id=39d1d529-a437-4631-8cea-002c8cd137cd","dc_title":"Toelichting op gemeenschappelijke regeling Veiligheidsregio ZL (met wijz)","dc_type":"bijlage","foi_fairiscoreVersions":{"v1":1,"v2":1},"foi_fileName":"Toelichting%20op%20gemeenschappelijke%20regeling%20Veiligheidsregio%20ZL%20%28met%20wijz%29.pdf","foi_nrPages":7}],"foi_nrDocuments":8,"foi_nrPagesInDossier":35,"foi_publishedDate":"2020-03-10","foi_retrievedDate":"2026-03-15"},{"dc_creator":"HandelingScraper_v1","dc_date_year":2020,"dc_description":"Vergadering van de Gemeente Beekdaelen op 2020-03-10. Onderdeel: Voorstel inzake aanwijzing griffier en plaatsvervangend griffiers.","dc_identifier":"nl.gm1954.2c.2020.2830222-7","dc_publisher":"gm1954","dc_source":"https://beekdaelen.bestuurlijkeinformatie.nl/Agenda/Index/31557fd0-943a-4ae3-adef-b8c9387adf61","dc_title":"Raadsvergadering 2020-03-10 - Voorstel inzake aanwijzing griffier en plaatsvervangend griffiers","dc_type":"2c","dc_type_description":"Vergaderstuk decentrale overheid","foi_fairiscoreVersions":{"v1":1,"v2":1},"foi_files":[{"dc_format":"application/pdf","dc_identifier":"nl.gm1954.2c.2020.2830222-7.doc.2","dc_source":"https://api1.ibabs.eu/publicdownload.aspx?site=Beekdaelen&id=f7c33262-71b7-4df9-bf67-ad07acd1ac38","dc_title":"RB inzake aanwijzing (plv.) griffier vastgesteld raad 10032020","dc_type":"bijlage","foi_fairiscoreVersions":{"v1":1,"v2":1},"foi_fileName":"RB%20inzake%20aanwijzing%20%28plv%29%20griffier.pdf","foi_nrPages":1},{"dc_format":"application/pdf","dc_identifier":"nl.gm1954.2c.2020.2830222-7.doc.1","dc_source":"https://api1.ibabs.eu/publicdownload.aspx?site=Beekdaelen&id=dd1bfe16-c6f8-43eb-a031-38b72795eb81","dc_title":"RV inzake aanwijzingsbesluit (plv.) griffier","dc_type":"bijlage","foi_fairiscoreVersions":{"v1":1,"v2":1},"foi_fileName":"RV%20inzake%20aanwijzingsbesluit.pdf","foi_nrPages":2}],"foi_nrDocuments":2,"foi_nrPagesInDossier":3,"foi_publishedDate":"2020-03-10","foi_retrievedDate":"2026-01-22"},{"dc_creator":"HandelingScraper_v1","dc_date_year":2020,"dc_description":"Vergadering van de Gemeente Beekdaelen op 2020-03-10. Onderdeel: Voorstel inzake wijziging GR Omnibuzz.","dc_identifier":"nl.gm1954.2c.2020.2830222-8","dc_publisher":"gm1954","dc_source":"https://beekdaelen.bestuurlijkeinformatie.nl/Agenda/Index/31557fd0-943a-4ae3-adef-b8c9387adf61","dc_title":"Raadsvergadering 2020-03-10 - Voorstel inzake wijziging GR Omnibuzz","dc_type":"2c","dc_type_description":"Vergaderstuk decentrale overheid","foi_fairiscoreVersions":{"v1":1,"v2":1},"foi_files":[{"dc_format":"application/octet-stream","dc_identifier":"nl.gm1954.2c.2020.2830222-8.doc.1","dc_source":"https://api1.ibabs.eu/publicdownload.aspx?site=Beekdaelen&id=28cfb3e5-969b-41ca-a8f7-c2022b50521e","dc_title":"05 Raad 10 maart 2020 ap 6.3 GR Omnibuzz","dc_type":"bijlage","foi_fileName":"05%20Raad%2010%20maart%202020%20ap%206.3%20GR%20Omnibuzz.MP3"},{"dc_format":"application/pdf","dc_identifier":"nl.gm1954.2c.2020.2830222-8.doc.4","dc_source":"https://api1.ibabs.eu/publicdownload.aspx?site=Beekdaelen&id=c25818c6-7188-4ca2-baa9-a7fcfd3b92b0","dc_title":"Bijlage 2 Concept wijzigingsbesluit GR Omnibuzz-def","dc_type":"bijlage","foi_fairiscoreVersions":{"v1":1,"v2":1},"foi_fileName":"Bijlage%202%20Concept%20wijzigingsbesluit%20GR%20Omnibuzz-def.pdf","foi_nrPages":10},{"dc_format":"application/pdf","dc_identifier":"nl.gm1954.2c.2020.2830222-8.doc.5","dc_source":"https://api1.ibabs.eu/publicdownload.aspx?site=Beekdaelen&id=83856e1d-856b-4888-a43d-8ad37edfe399","dc_title":"Bijlage 3 Toelichting gewijzigde GR Omnibuzz","dc_type":"bijlage","foi_fairiscoreVersions":{"v1":1,"v2":1},"foi_fileName":"Bijlage%203%20Toelichting%20gewijzigde%20GR%20Omnibuzz.pdf","foi_nrPages":6},{"dc_format":"application/pdf","dc_identifier":"nl.gm1954.2c.2020.2830222-8.doc.6","dc_source":"https://api1.ibabs.eu/publicdownload.aspx?site=Beekdaelen&id=53c89e26-dcda-4095-9012-7e0d8d7bfa4c","dc_title":"Bijlage 4 Matrix wijzigingen GR Omnibuzz","dc_type":"bijlage","foi_fairiscoreVersions":{"v1":1,"v2":1},"foi_fileName":"Bijlage%204%20Matrix%20wijzigingen%20GR%20Omnibuzz.pdf","foi_nrPages":4},{"dc_format":"application/pdf","dc_identifier":"nl.gm1954.2c.2020.2830222-8.doc.3","dc_source":"https://api1.ibabs.eu/publicdownload.aspx?site=Beekdaelen&id=779fe2ae-be68-46e9-9182-c8fa9951d760","dc_title":"RB wijziging GR Omnibuzz vastgesteld raad 10032020","dc_type":"bijlage","foi_fairiscoreVersions":{"v1":1,"v2":1},"foi_fileName":"RB%20wijziging%20GR%20Omnibuzz.pdf","foi_nrPages":1},{"dc_format":"application/pdf","dc_identifier":"nl.gm1954.2c.2020.2830222-8.doc.2","dc_source":"https://api1.ibabs.eu/publicdownload.aspx?site=Beekdaelen&id=9b2b295a-da98-43a9-aff7-e25313df3104","dc_title":"RV wijzigingsregeling GR Omnibuzz","dc_type":"bijlage","foi_fairiscoreVersions":{"v1":1,"v2":1},"foi_fileName":"RV%20wijzigingsregeling%20GR%20Omnibuzz.pdf","foi_nrPages":3}],"foi_nrDocuments":6,"foi_nrPagesInDossier":24,"foi_publishedDate":"2020-03-10","foi_retrievedDate":"2026-03-09"},{"dc_creator":"HandelingScraper_v1","dc_date_year":2020,"dc_description":"Vergadering van de Gemeente Beekdaelen op 2020-03-10. Onderdeel: Vaststelling lijst ingekomen stukken 5 februari - 10 maart 2020.","dc_identifier":"nl.gm1954.2c.2020.2830222-9","dc_publisher":"gm1954","dc_source":"https://beekdaelen.bestuurlijkeinformatie.nl/Agenda/Index/31557fd0-943a-4ae3-adef-b8c9387adf61","dc_title":"Raadsvergadering 2020-03-10 - Vaststelling lijst ingekomen stukken 5 februari - 10 maart 2020","dc_type":"2c","dc_type_description":"Vergaderstuk decentrale overheid","foi_fairiscoreVersions":{"v1":1,"v2":1},"foi_files":[{"dc_format":"application/octet-stream","dc_identifier":"nl.gm1954.2c.2020.2830222-9.doc.1","dc_source":"https://api1.ibabs.eu/publicdownload.aspx?site=Beekdaelen&id=f8edb566-b348-4c0c-9ee0-91a2d7960cd2","dc_title":"06 Raad 10 maart 2020 ap 7 Lijst ingekomen stukken, 8 Moties vreemd aan de orde en 9 Sluiting","dc_type":"bijlage","foi_fileName":"06%20Raad%2010%20maart%202020%20ap%207%20Lijst%20ingekomen%20stukken_%208%20Moties%20vreemd%20aan%20de%20orde%20en%209%20Sluiting.MP3"},{"dc_format":"application/pdf","dc_identifier":"nl.gm1954.2c.2020.2830222-9.doc.2","dc_source":"https://api1.ibabs.eu/publicdownload.aspx?site=Beekdaelen&id=f44f372f-4904-4784-8678-d586f15b8e2a","dc_title":"Lijst ingekomen stukken raad 10032020 VASTGESTELD","dc_type":"bijlage","foi_fairiscoreVersions":{"v1":1,"v2":1},"foi_fileName":"Lijst%20ingekomen%20stukken%20raad%2010032020%20versie%2006032020.pdf","foi_nrPages":5}],"foi_nrDocuments":2,"foi_nrPagesInDossier":5,"foi_publishedDate":"2020-03-10","foi_retrievedDate":"2025-12-01"},{"dc_creator":"HandelingScraper_v1","dc_date_year":2020,"dc_description":"Vergadering van de Gemeente Beekdaelen op 2020-03-24. Onderdeel: Bijlagen vergadering.","dc_identifier":"nl.gm1954.2c.2020.2830265-1","dc_publisher":"gm1954","dc_source":"https://beekdaelen.bestuurlijkeinformatie.nl/Agenda/Index/e6efc03f-95c2-4123-b76c-e31377cad234","dc_title":"Commissie Sociaal & BV (t/m april 2022) 2020-03-24 - Bijlagen vergadering","dc_type":"2c","dc_type_description":"Vergaderstuk decentrale overheid","foi_fairiscoreVersions":{"v1":1,"v2":1},"foi_files":[{"dc_format":"application/pdf","dc_identifier":"nl.gm1954.2c.2020.2830265-1.doc.1","dc_source":"https://api1.ibabs.eu/publicdownload.aspx?site=Beekdaelen&id=b92d3b8e-2d7a-4aae-a991-ba94d763291a","dc_title":"Agenda AFGELASTE cie sociaal 24 maart 2020","dc_type":"bijlage","foi_fairiscoreVersions":{"v1":1,"v2":1},"foi_fileName":"Agenda%20AFGELASTE%20cie%20sociaal%2024%20maart%202020.pdf","foi_nrPages":2}],"foi_nrDocuments":1,"foi_nrPagesInDossier":2,"foi_publishedDate":"2020-03-24","foi_retrievedDate":"2026-03-02"},{"dc_creator":"HandelingScraper_v1","dc_date_year":2020,"dc_description":"Vergadering van de Gemeente Beekdaelen op 2020-03-26. Onderdeel: Bijlagen vergadering.","dc_identifier":"nl.gm1954.2c.2020.2830267-1","dc_publisher":"gm1954","dc_source":"https://beekdaelen.bestuurlijkeinformatie.nl/Agenda/Index/c48a1c9b-c0d9-48c1-a527-6baf3cba9502","dc_title":"Commissie Ruimte (t/m april 2022) 2020-03-26 - Bijlagen vergadering","dc_type":"2c","dc_type_description":"Vergaderstuk decentrale overheid","foi_fairiscoreVersions":{"v1":1,"v2":1},"foi_files":[{"dc_format":"application/pdf","dc_identifier":"nl.gm1954.2c.2020.2830267-1.doc.1","dc_source":"https://api1.ibabs.eu/publicdownload.aspx?site=Beekdaelen&id=d05d3522-7822-42fd-98d3-ed41790f7987","dc_title":"Agenda AFGELASTE cie ruimte 26 maart 2020","dc_type":"bijlage","foi_fairiscoreVersions":{"v1":1,"v2":1},"foi_fileName":"Concept%20agenda%20AFGELASTE%20cie%20ruimte%2026%20maart%202020.pdf","foi_nrPages":2}],"foi_nrDocuments":1,"foi_nrPagesInDossier":2,"foi_publishedDate":"2020-03-26","foi_retrievedDate":"2025-12-05"},{"dc_creator":"HandelingScraper_v1","dc_date_year":2020,"dc_description":"Vergadering van de Gemeente Beekdaelen op 2020-03-26. Onderdeel: Algemeen commissie ruimte: ingediende technische (voor)vragen..","dc_identifier":"nl.gm1954.2c.2020.2830269-1","dc_publisher":"gm1954","dc_source":"https://beekdaelen.bestuurlijkeinformatie.nl/Agenda/Index/1c5be9ae-8e6f-45ca-8ae5-161ad0c688c0","dc_title":"Gecombineerde commissie (t/m april 2022) 2020-03-26 - Algemeen commissie ruimte: ingediende technische (voor)vragen.","dc_type":"2c","dc_type_description":"Vergaderstuk decentrale overheid","foi_fairiscoreVersions":{"v1":3,"v2":3},"foi_files":[{"dc_format":"application/pdf","dc_identifier":"nl.gm1954.2c.2020.2830269-1.doc.3","dc_source":"https://api1.ibabs.eu/publicdownload.aspx?site=Beekdaelen&id=b00012b9-5d81-4d97-957f-c49d442204d4","dc_title":"Technische vragen Beekdaelen Lokaal inzake Cie vergadering 26 maart","dc_type":"bijlage","foi_fairiscoreVersions":{"v1":1,"v2":1},"foi_fileName":"Technische%20vragen%20Beekdaelen%20Lokaal%20inzake%20Cie%20vergadering%2026%20maart.pdf","foi_nrPages":2},{"dc_format":"application/pdf","dc_identifier":"nl.gm1954.2c.2020.2830269-1.doc.2","dc_source":"https://api1.ibabs.eu/publicdownload.aspx?site=Beekdaelen&id=3da5f4ed-1f24-4e64-b055-414943720ad8","dc_title":"Technische vragen VG commissies maart 2020","dc_type":"bijlage","foi_fairiscoreVersions":{"v1":1,"v2":1},"foi_fileName":"Technische%20vragen%20VG%20commissies%20maart%202020.pdf","foi_nrPages":2},{"dc_format":"application/pdf","dc_identifier":"nl.gm1954.2c.2020.2830269-1.doc.1","dc_source":"https://api1.ibabs.eu/publicdownload.aspx?site=Beekdaelen&id=65c0a89f-e25e-41c2-a8fe-cb690e241470","dc_title":"Technische vragen D66 visie vrijetijdseconomie","dc_type":"bijlage","foi_fairiscoreVersions":{"v1":5,"v2":5},"foi_fileName":"Voorvragen%20D66%20visie%20vrijetijdseconomie.pdf","foi_nrPages":2}],"foi_nrDocuments":3,"foi_nrPagesInDossier":6,"foi_publishedDate":"2020-03-26","foi_retrievedDate":"2026-03-04"},{"dc_creator":"HandelingScraper_v1","dc_date_year":2020,"dc_description":"Vergadering van de Gemeente Beekdaelen op 2020-03-26. Onderdeel: Voorstel inzake toestemming verlenen om in te stemmen met technische wijziging GR Stadsregio Parkstad Limburg.","dc_identifier":"nl.gm1954.2c.2020.2830269-10","dc_publisher":"gm1954","dc_source":"https://beekdaelen.bestuurlijkeinformatie.nl/Agenda/Index/1c5be9ae-8e6f-45ca-8ae5-161ad0c688c0","dc_title":"Gecombineerde commissie (t/m april 2022) 2020-03-26 - Voorstel inzake toestemming verlenen om in te stemmen met technische wijziging GR Stadsregio Parkstad Limburg","dc_type":"2c","dc_type_description":"Vergaderstuk decentrale overheid","foi_fairiscoreVersions":{"v1":2,"v2":1},"foi_files":[{"dc_format":"application/pdf","dc_identifier":"nl.gm1954.2c.2020.2830269-10.doc.3","dc_source":"https://api1.ibabs.eu/publicdownload.aspx?site=Beekdaelen&id=a9a5451c-e416-4b4b-b564-9d1bc25e3679","dc_title":"Bijlage 2 Gewijzigde GR Stadsregio Parkstad Limburg per 01012020","dc_type":"bijlage","foi_fairiscoreVersions":{"v1":1,"v2":1},"foi_fileName":"Bijlage%202%20Gewijzigde%20GR%20Stadsregio%20Parkstad%20Limburg%20per%2001012020.pdf","foi_nrPages":17},{"dc_format":"application/pdf","dc_identifier":"nl.gm1954.2c.2020.2830269-10.doc.4","dc_source":"https://api1.ibabs.eu/publicdownload.aspx?site=Beekdaelen&id=9c0a0a6c-301e-4dbb-8167-71639f7be5a5","dc_title":"Bijlage 3 Gewijzigde GR Stadsregio Parkstad Limburg 2020 incl. oude teksten","dc_type":"bijlage","foi_fairiscoreVersions":{"v1":1,"v2":1},"foi_fileName":"Bijlage%203%20Gewijzigde%20GR%20Stadsregio%20Parkstad%20Limburg%202020%20incl.%20oude%20teksten.pdf","foi_nrPages":17},{"dc_format":"application/pdf","dc_identifier":"nl.gm1954.2c.2020.2830269-10.doc.5","dc_source":"https://api1.ibabs.eu/publicdownload.aspx?site=Beekdaelen&id=6ea1ae06-6ba3-4ee8-a8ea-40b5e412b169","dc_title":"Bijlage 4 Overzicht wijzigingen GR Stadsregio Parkstad Limburg 2020","dc_type":"bijlage","foi_fairiscoreVersions":{"v1":1,"v2":1},"foi_fileName":"Bijlage%204%20Overzicht%20wijzigingen%20GR%20Stadsregio%20Parkstad%20Limburg%202020.pdf","foi_nrPages":1},{"dc_format":"application/pdf","dc_identifier":"nl.gm1954.2c.2020.2830269-10.doc.6","dc_source":"https://api1.ibabs.eu/publicdownload.aspx?site=Beekdaelen&id=154218fa-7e61-4d5d-8d6e-fb991ab1c6a3","dc_title":"Bijlage 5 Handtekeningenpagina bij GR Stadsregio Parkstad Limburg 2020","dc_type":"bijlage","foi_fairiscoreVersions":{"v1":1,"v2":1},"foi_fileName":"Bijlage%205%20Handtekeningenpagina%20bij%20GR%20Stadsregio%20Parkstad%20Limburg%202020.pdf","foi_nrPages":1},{"dc_format":"application/pdf","dc_identifier":"nl.gm1954.2c.2020.2830269-10.doc.7","dc_source":"https://api1.ibabs.eu/publicdownload.aspx?site=Beekdaelen&id=31f5a080-be63-4676-b48a-339541a26c31","dc_title":"Bijlage 6 Brief aan AB Parkstad continueren deelname GR Stadsregio Parkstad Limburg 7 januari 2020","dc_type":"bijlage","foi_fairiscoreVersions":{"v1":2,"v2":1},"foi_fileName":"continueren%20deelname%20Gr%20Stadsregio%20Parkstad%20Limburg.pdf","foi_nrPages":2},{"dc_format":"application/pdf","dc_identifier":"nl.gm1954.2c.2020.2830269-10.doc.8","dc_source":"https://api1.ibabs.eu/publicdownload.aspx?site=Beekdaelen&id=d1e318ee-2dc7-4306-9bb9-c661d48768e4","dc_title":"Bijlage 7 Brief aan College GS continueren deelname GR Stadsregio Parkstad Limburg 7 januari 2020","dc_type":"bijlage","foi_fairiscoreVersions":{"v1":2,"v2":1},"foi_fileName":"ntinueren%20deelname%20Gr%20Stadsregio%20parkstad%20Limburg.pdf","foi_nrPages":2},{"dc_format":"application/pdf","dc_identifier":"nl.gm1954.2c.2020.2830269-10.doc.2","dc_source":"https://api1.ibabs.eu/publicdownload.aspx?site=Beekdaelen&id=aabadb23-e602-46a0-baeb-18731e7d31cf","dc_title":"RB inzake technische wijziging GR Stadsregio Parkstad Limburg","dc_type":"bijlage","foi_fairiscoreVersions":{"v1":1,"v2":1},"foi_fileName":"raadsbesluit%20Parkstad.pdf","foi_nrPages":1},{"dc_format":"application/pdf","dc_identifier":"nl.gm1954.2c.2020.2830269-10.doc.1","dc_source":"https://api1.ibabs.eu/publicdownload.aspx?site=Beekdaelen&id=38ed4f17-349d-4b1c-97d4-7b0b6ed4d087","dc_title":"RV inzake technische wijziging GR Stadsregio Parkstad Limburg","dc_type":"bijlage","foi_fairiscoreVersions":{"v1":1,"v2":1},"foi_fileName":"raadsvoorstel%20Parkstad.pdf","foi_nrPages":2}],"foi_nrDocuments":8,"foi_nrPagesInDossier":43,"foi_publishedDate":"2020-03-26","foi_retrievedDate":"2026-02-12"},{"dc_creator":"HandelingScraper_v1","dc_date_year":2020,"dc_description":"Vergadering van de Gemeente Beekdaelen op 2020-03-26. Onderdeel: Voorstel inzake vaststellen Archiefverordening Gemeente Beekdaelen 2020.","dc_identifier":"nl.gm1954.2c.2020.2830269-11","dc_publisher":"gm1954","dc_source":"https://beekdaelen.bestuurlijkeinformatie.nl/Agenda/Index/1c5be9ae-8e6f-45ca-8ae5-161ad0c688c0","dc_title":"Gecombineerde commissie (t/m april 2022) 2020-03-26 - Voorstel inzake vaststellen Archiefverordening Gemeente Beekdaelen 2020","dc_type":"2c","dc_type_description":"Vergaderstuk decentrale overheid","foi_fairiscoreVersions":{"v1":null,"v2":null},"foi_files":[{"dc_format":"application/pdf","dc_identifier":"nl.gm1954.2c.2020.2830269-11.doc.4","dc_source":"https://api1.ibabs.eu/publicdownload.aspx?site=Beekdaelen&id=cf637256-dfa7-4298-b25c-1c5ce998a3c8","dc_title":"MvA technische vraag PvdA inzake archiefverordening 2020","dc_type":"bijlage","foi_fileName":"Memorie%20van%20Antwoord%20technische%20vraag%20PvdA%20inzake%20archiefverordening%202020.pdf"},{"dc_format":"application/pdf","dc_identifier":"nl.gm1954.2c.2020.2830269-11.doc.5","dc_source":"https://api1.ibabs.eu/publicdownload.aspx?site=Beekdaelen&id=fe422dcd-5f1c-4d4e-89a4-29575d97789f","dc_title":"MvA technische vraag VVD inzake archiefverordening 2020","dc_type":"bijlage","foi_fileName":"Memorie%20van%20Antwoord%20technische%20vraag%20VVD%20inzake%20archiefverordening%202020.pdf"},{"dc_format":"application/pdf","dc_identifier":"nl.gm1954.2c.2020.2830269-11.doc.3","dc_source":"https://api1.ibabs.eu/publicdownload.aspx?site=Beekdaelen&id=e291b70c-e87c-440f-a3ea-981130d67ca0","dc_title":"Archiefverordening gemeente Beekdaelen 2020","dc_type":"bijlage","foi_fileName":"Z%2F20%2F137971%20-%20220073%20-%20Archiefverordening%20gemeente%20Beekdaelen%202020.pdf"},{"dc_format":"application/pdf","dc_identifier":"nl.gm1954.2c.2020.2830269-11.doc.2","dc_source":"https://api1.ibabs.eu/publicdownload.aspx?site=Beekdaelen&id=ef1884f6-0c4d-4349-ba38-7471b3ceb435","dc_title":"RB archiefverordening gemeente Beekdaelen 2020","dc_type":"bijlage","foi_fileName":"Z%2F20%2F137971%20-%20221695%20-%20Raadsbesluit%20archiefverordening%20gemeente%20Beekdaelen%202020.pdf"},{"dc_format":"application/pdf","dc_identifier":"nl.gm1954.2c.2020.2830269-11.doc.1","dc_source":"https://api1.ibabs.eu/publicdownload.aspx?site=Beekdaelen&id=a43a77a5-3113-4815-a227-54f34680102e","dc_title":"RV archiefverordening gemeente Beekdaelen 2020","dc_type":"bijlage","foi_fileName":"Z%2F20%2F137971%20-%20221702%20-%20%20Raadsvoorstel%20archiefverordening%20gemeente%20Beekdaelen%202020.pdf"}],"foi_nrDocuments":5,"foi_nrPagesInDossier":0,"foi_publishedDate":"2020-03-26","foi_retrievedDate":"2025-12-01"},{"dc_creator":"HandelingScraper_v1","dc_date_year":2020,"dc_description":"Vergadering van de Gemeente Beekdaelen op 2020-03-26. Onderdeel: Voorstel inzake vaststellen beleidsuitgangspunten gladheidsbestrijding Beekdaelen.","dc_identifier":"nl.gm1954.2c.2020.2830269-12","dc_publisher":"gm1954","dc_source":"https://beekdaelen.bestuurlijkeinformatie.nl/Agenda/Index/1c5be9ae-8e6f-45ca-8ae5-161ad0c688c0","dc_title":"Gecombineerde commissie (t/m april 2022) 2020-03-26 - Voorstel inzake vaststellen beleidsuitgangspunten gladheidsbestrijding Beekdaelen","dc_type":"2c","dc_type_description":"Vergaderstuk decentrale overheid","foi_fairiscoreVersions":{"v1":2,"v2":2},"foi_files":[{"dc_format":"application/pdf","dc_identifier":"nl.gm1954.2c.2020.2830269-12.doc.3","dc_source":"https://api1.ibabs.eu/publicdownload.aspx?site=Beekdaelen&id=434844d6-a33e-4a23-bb31-6c6fbb87df23","dc_title":"RIB inzake gladheidsbestrijding 2020-2021","dc_type":"bijlage","foi_fairiscoreVersions":{"v1":1,"v2":1},"foi_fileName":"12.d%20RIB%20inzake%20gladheidsbestrijding%202020-2021.pdf","foi_nrPages":2},{"dc_format":"application/pdf","dc_identifier":"nl.gm1954.2c.2020.2830269-12.doc.5","dc_source":"https://api1.ibabs.eu/publicdownload.aspx?site=Beekdaelen&id=965b5884-ee43-4cda-95a2-7ad02999439b","dc_title":"MvA vraag PvdA inzake Beleidsuitgangspunten Gladheidbestrijding","dc_type":"bijlage","foi_fairiscoreVersions":{"v1":5,"v2":5},"foi_fileName":"beantwoording%20vraag%20PvdA%20B2.pdf","foi_nrPages":1},{"dc_format":"application/pdf","dc_identifier":"nl.gm1954.2c.2020.2830269-12.doc.4","dc_source":"https://api1.ibabs.eu/publicdownload.aspx?site=Beekdaelen&id=fe39ff29-a7a8-4e61-86fc-3ca6d69a1a63","dc_title":"MvA technische vragen Beekdaelen Lokaal inzake Beleidsuitgangspunten Gladheidbestrijding","dc_type":"bijlage","foi_fairiscoreVersions":{"v1":1,"v2":1},"foi_fileName":"Memorie%20van%20Antwoord%20technische%20vragen%20Beekdaelen%20Lokaal%20inzake%20Beleidsuitgangspunten%20Gladheidbestrijding.pdf","foi_nrPages":2},{"dc_format":"application/pdf","dc_identifier":"nl.gm1954.2c.2020.2830269-12.doc.1","dc_source":"https://api1.ibabs.eu/publicdownload.aspx?site=Beekdaelen&id=8bea9b1f-4bcd-4ac9-95ed-547d111bdf5f","dc_title":"Beleidsuitgangspunten Gladheidbestrijding Beekdaelen","dc_type":"bijlage","foi_fairiscoreVersions":{"v1":1,"v2":1},"foi_fileName":"Z%2F19%2F136465%20-%20215096%20-%20Beleidsuitgangspunten%20Gladheidbestrijding%20Beekdaelen.pdf","foi_nrPages":3},{"dc_format":"application/pdf","dc_identifier":"nl.gm1954.2c.2020.2830269-12.doc.2","dc_source":"https://api1.ibabs.eu/publicdownload.aspx?site=Beekdaelen&id=92d892b8-b9d1-4fb5-8a10-b2de7009e0de","dc_title":"Raadsbesluit inzake beleidsuitgangspunten gladheidsbestrijding Beekdaelen vastgesteld raad 140402020","dc_type":"bijlage","foi_fairiscoreVersions":{"v1":1,"v2":1},"foi_fileName":"Z%2F19%2F136465%20-%20216047.pdf","foi_nrPages":1}],"foi_nrDocuments":5,"foi_nrPagesInDossier":9,"foi_publishedDate":"2020-03-26","foi_retrievedDate":"2026-03-03"},{"dc_creator":"HandelingScraper_v1","dc_date_year":2020,"dc_description":"Vergadering van de Gemeente Beekdaelen op 2020-03-26. Onderdeel: Algemeen commissie sociaal: ingediende technische (voor)vragen..","dc_identifier":"nl.gm1954.2c.2020.2830269-2","dc_publisher":"gm1954","dc_source":"https://beekdaelen.bestuurlijkeinformatie.nl/Agenda/Index/1c5be9ae-8e6f-45ca-8ae5-161ad0c688c0","dc_title":"Gecombineerde commissie (t/m april 2022) 2020-03-26 - Algemeen commissie sociaal: ingediende technische (voor)vragen.","dc_type":"2c","dc_type_description":"Vergaderstuk decentrale overheid","foi_fairiscoreVersions":{"v1":1,"v2":1},"foi_files":[{"dc_format":"application/pdf","dc_identifier":"nl.gm1954.2c.2020.2830269-2.doc.5","dc_source":"https://api1.ibabs.eu/publicdownload.aspx?site=Beekdaelen&id=851189bd-b496-4ffb-8ad2-65df914c2cb0","dc_title":"Technische vragen CDA","dc_type":"bijlage","foi_fairiscoreVersions":{"v1":1,"v2":1},"foi_fileName":"Technische%20vragen%20CDA.pdf","foi_nrPages":1},{"dc_format":"application/pdf","dc_identifier":"nl.gm1954.2c.2020.2830269-2.doc.4","dc_source":"https://api1.ibabs.eu/publicdownload.aspx?site=Beekdaelen&id=9826ef04-0c99-4329-a531-48c3be8c119d","dc_title":"Technische vragen GroenLinks Raadscommissie Sociaal","dc_type":"bijlage","foi_fairiscoreVersions":{"v1":1,"v2":1},"foi_fileName":"Technische%20vragen%20GroenLinks%20Raadscommissie%20Sociaal.pdf","foi_nrPages":2},{"dc_format":"application/pdf","dc_identifier":"nl.gm1954.2c.2020.2830269-2.doc.1","dc_source":"https://api1.ibabs.eu/publicdownload.aspx?site=Beekdaelen&id=7f78c1cc-dfbf-4650-8082-c71bb19b1796","dc_title":"Technische vragen VG commissies maart 2020","dc_type":"bijlage","foi_fairiscoreVersions":{"v1":1,"v2":1},"foi_fileName":"Technische%20vragen%20VG%20commissies%20maart%202020.pdf","foi_nrPages":2},{"dc_format":"application/pdf","dc_identifier":"nl.gm1954.2c.2020.2830269-2.doc.6","dc_source":"https://api1.ibabs.eu/publicdownload.aspx?site=Beekdaelen&id=0a3be764-0d72-4ca2-8f16-4ebf5b2222ca","dc_title":"Technische vragen VVD","dc_type":"bijlage","foi_fairiscoreVersions":{"v1":1,"v2":1},"foi_fileName":"Technische%20vragen%20VVD.pdf","foi_nrPages":2},{"dc_format":"application/pdf","dc_identifier":"nl.gm1954.2c.2020.2830269-2.doc.3","dc_source":"https://api1.ibabs.eu/publicdownload.aspx?site=Beekdaelen&id=5a08bf02-5695-4766-abe3-cf33ed2b9e4e","dc_title":"Technische vragen Beekdaelen Lokaal Commissie Sociaal maart 2020","dc_type":"bijlage","foi_fairiscoreVersions":{"v1":1,"v2":1},"foi_fileName":"Tecnnische%20vragen%20Beekdaelen%20Lokaal%20Commissie%20Sociaal%2020201013.pdf","foi_nrPages":2},{"dc_format":"application/pdf","dc_identifier":"nl.gm1954.2c.2020.2830269-2.doc.7","dc_source":"https://api1.ibabs.eu/publicdownload.aspx?site=Beekdaelen&id=19c661a4-f949-4d12-a799-96699185ec5a","dc_title":"Vervolgvraag Beekdaelen Lokaal n.a.v. beantwoording technische voorvragen cie 26 maart 2020","dc_type":"bijlage","foi_fairiscoreVersions":{"v1":1,"v2":1},"foi_fileName":"Vervolgvraag%20Beekdaelen%20Lokaal%20n.a.v.%20beantwoording%20technische%20voorvragen%20cie%2026%20maart%202020.pdf","foi_nrPages":1},{"dc_format":"application/pdf","dc_identifier":"nl.gm1954.2c.2020.2830269-2.doc.2","dc_source":"https://api1.ibabs.eu/publicdownload.aspx?site=Beekdaelen&id=74dd0529-8032-4de8-b827-acbbf9555735","dc_title":"Technische vragen PvdA Cie maart 2020","dc_type":"bijlage","foi_fairiscoreVersions":{"v1":1,"v2":1},"foi_fileName":"Vragen%20PvdA%20Cie%20maart%202020.pdf","foi_nrPages":3}],"foi_nrDocuments":7,"foi_nrPagesInDossier":13,"foi_publishedDate":"2020-03-26","foi_retrievedDate":"2026-03-10"},{"dc_creator":"HandelingScraper_v1","dc_date_year":2020,"dc_description":"Vergadering van de Gemeente Beekdaelen op 2020-03-26. Onderdeel: Opening, mededelingen voorzitter en vaststellen agenda.","dc_identifier":"nl.gm1954.2c.2020.2830269-3","dc_publisher":"gm1954","dc_source":"https://beekdaelen.bestuurlijkeinformatie.nl/Agenda/Index/1c5be9ae-8e6f-45ca-8ae5-161ad0c688c0","dc_title":"Gecombineerde commissie (t/m april 2022) 2020-03-26 - Opening, mededelingen voorzitter en vaststellen agenda","dc_type":"2c","dc_type_description":"Vergaderstuk decentrale overheid","foi_fairiscoreVersions":{"v1":1,"v2":1},"foi_files":[{"dc_format":"application/pdf","dc_identifier":"nl.gm1954.2c.2020.2830269-3.doc.1","dc_source":"https://api1.ibabs.eu/publicdownload.aspx?site=Beekdaelen&id=eb5afc21-04cb-446e-b766-40e1831a2f37","dc_title":"Vastgestelde agenda gecombineerde cie. 26 maart 2020","dc_type":"bijlage","foi_fairiscoreVersions":{"v1":1,"v2":1},"foi_fileName":"Vastgestelde%20agenda%20gecombineerde%20cie%2026%20maart%202020.pdf","foi_nrPages":1}],"foi_nrDocuments":1,"foi_nrPagesInDossier":1,"foi_publishedDate":"2020-03-26","foi_retrievedDate":"2026-03-03"},{"dc_creator":"HandelingScraper_v1","dc_date_year":2020,"dc_description":"Vergadering van de Gemeente Beekdaelen op 2020-03-26. Onderdeel: Vaststellen actiepuntenlijst van de commissie Sociaal d.d. 18 februari 2020 en commissie Ruimte d.d. 23 januari 2020.","dc_identifier":"nl.gm1954.2c.2020.2830269-4","dc_publisher":"gm1954","dc_source":"https://beekdaelen.bestuurlijkeinformatie.nl/Agenda/Index/1c5be9ae-8e6f-45ca-8ae5-161ad0c688c0","dc_title":"Gecombineerde commissie (t/m april 2022) 2020-03-26 - Vaststellen actiepuntenlijst van de commissie Sociaal d.d. 18 februari 2020 en commissie Ruimte d.d. 23 januari 2020","dc_type":"2c","dc_type_description":"Vergaderstuk decentrale overheid","foi_fairiscoreVersions":{"v1":1,"v2":1},"foi_files":[{"dc_format":"application/pdf","dc_identifier":"nl.gm1954.2c.2020.2830269-4.doc.1","dc_source":"https://api1.ibabs.eu/publicdownload.aspx?site=Beekdaelen&id=22c0813e-2048-4275-8a5a-e80a348c40cc","dc_title":"Actiepuntenlijst cie sociaal 18 febr 2020","dc_type":"bijlage","foi_fairiscoreVersions":{"v1":1,"v2":1},"foi_fileName":"Actiepuntenlijst%20cie%2018%20febr%202020.pdf","foi_nrPages":3},{"dc_format":"application/pdf","dc_identifier":"nl.gm1954.2c.2020.2830269-4.doc.2","dc_source":"https://api1.ibabs.eu/publicdownload.aspx?site=Beekdaelen&id=6d1792a8-06fc-40c2-92db-d1aad138091a","dc_title":"Actiepuntenlijst cie ruimte 23 januari 2020","dc_type":"bijlage","foi_fairiscoreVersions":{"v1":1,"v2":1},"foi_fileName":"Actiepuntenlijst%20cie%2023%20januari%202020.pdf","foi_nrPages":3}],"foi_nrDocuments":2,"foi_nrPagesInDossier":6,"foi_publishedDate":"2020-03-26","foi_retrievedDate":"2026-03-05"},{"dc_creator":"HandelingScraper_v1","dc_date_year":2020,"dc_description":"Vergadering van de Gemeente Beekdaelen op 2020-03-26. Onderdeel: Vaststellen lijsten van toezeggingen van de commissie Sociaal en commissie Ruimte.","dc_identifier":"nl.gm1954.2c.2020.2830269-5","dc_publisher":"gm1954","dc_source":"https://beekdaelen.bestuurlijkeinformatie.nl/Agenda/Index/1c5be9ae-8e6f-45ca-8ae5-161ad0c688c0","dc_title":"Gecombineerde commissie (t/m april 2022) 2020-03-26 - Vaststellen lijsten van toezeggingen van de commissie Sociaal en commissie Ruimte","dc_type":"2c","dc_type_description":"Vergaderstuk decentrale overheid","foi_fairiscoreVersions":{"v1":1,"v2":1},"foi_files":[{"dc_format":"application/pdf","dc_identifier":"nl.gm1954.2c.2020.2830269-5.doc.3","dc_source":"https://api1.ibabs.eu/publicdownload.aspx?site=Beekdaelen&id=5bee34c2-04e3-4d9a-9b48-b7ce6c327746","dc_title":"Beantwoording vragen BL en VG mbt actualisering lijst van toezeggingen","dc_type":"bijlage","foi_fairiscoreVersions":{"v1":1,"v2":1},"foi_fileName":"Beantwoording%20vragen%20BL%20en%20VG%20mbt%20actualisering%20lijst%20van%20toezeggingen.pdf","foi_nrPages":1},{"dc_format":"application/pdf","dc_identifier":"nl.gm1954.2c.2020.2830269-5.doc.4","dc_source":"https://api1.ibabs.eu/publicdownload.aspx?site=Beekdaelen&id=b5fc6086-bf8f-4978-af06-b2bb367724f4","dc_title":"Beantwoording vragen BL en VG mbt actualisering lijst van toezeggingen","dc_type":"bijlage","foi_fairiscoreVersions":{"v1":1,"v2":1},"foi_fileName":"Beantwoording%20vragen%20BL%20en%20VG%20mbt%20actualisering%20lijst%20van%20toezeggingen.pdf","foi_nrPages":1},{"dc_format":"application/pdf","dc_identifier":"nl.gm1954.2c.2020.2830269-5.doc.2","dc_source":"https://api1.ibabs.eu/publicdownload.aspx?site=Beekdaelen&id=313b3a07-7af4-4a7a-a620-ada5fae0647f","dc_title":"Toezeggingen totaal bijgewerkt vaststelling cie Ruimte 26032020 def versie 02032020","dc_type":"bijlage","foi_fairiscoreVersions":{"v1":1,"v2":1},"foi_fileName":"Toezeggingen%20totaal%20bijgewerkt%20vaststelling%20cie%20Ruimte%2026032020%20def%20versie%2002032020.pdf","foi_nrPages":14},{"dc_format":"application/pdf","dc_identifier":"nl.gm1954.2c.2020.2830269-5.doc.1","dc_source":"https://api1.ibabs.eu/publicdownload.aspx?site=Beekdaelen&id=591ccdf2-84be-4e43-8bfb-70c372223c4f","dc_title":"Toezeggingen totaal bijgewerkt vaststelling cie Sociaal 24032020 def versie 02032020","dc_type":"bijlage","foi_fairiscoreVersions":{"v1":1,"v2":1},"foi_fileName":"Toezeggingen%20totaal%20bijgewerkt%20vaststelling%20cie%20Sociaal%2024032020%20def%20versie%2002032020.pdf","foi_nrPages":12}],"foi_nrDocuments":4,"foi_nrPagesInDossier":28,"foi_publishedDate":"2020-03-26","foi_retrievedDate":"2026-03-03"},{"dc_creator":"HandelingScraper_v1","dc_date_year":2020,"dc_description":"Vergadering van de Gemeente Beekdaelen op 2020-03-26. Onderdeel: Voorstel inzake Regiovisie \u2018Geweld hoort nergens thuis\u2019.","dc_identifier":"nl.gm1954.2c.2020.2830269-6","dc_publisher":"gm1954","dc_source":"https://beekdaelen.bestuurlijkeinformatie.nl/Agenda/Index/1c5be9ae-8e6f-45ca-8ae5-161ad0c688c0","dc_title":"Gecombineerde commissie (t/m april 2022) 2020-03-26 - Voorstel inzake Regiovisie \u2018Geweld hoort nergens thuis\u2019","dc_type":"2c","dc_type_description":"Vergaderstuk decentrale overheid","foi_fairiscoreVersions":{"v1":2,"v2":2},"foi_files":[{"dc_format":"application/pdf","dc_identifier":"nl.gm1954.2c.2020.2830269-6.doc.7","dc_source":"https://api1.ibabs.eu/publicdownload.aspx?site=Beekdaelen&id=223dca8d-55e2-410d-864e-5b8943db026e","dc_title":"MvA Beekdaelen Lokaal op vragen regiovisie geweld hoort nergens thuis commissie 24 maart 2020","dc_type":"bijlage","foi_fairiscoreVersions":{"v1":1,"v2":1},"foi_fileName":"MvA%20Beekdaelen%20Lokaal%20op%20vragen%20regiovisie%20geweld%20hoort%20nergens%20thuis%20comissie%2024%20maart.pdf","foi_nrPages":2},{"dc_format":"application/pdf","dc_identifier":"nl.gm1954.2c.2020.2830269-6.doc.8","dc_source":"https://api1.ibabs.eu/publicdownload.aspx?site=Beekdaelen&id=a1cb9ea5-33bb-4db2-ae26-fe58016fbc6a","dc_title":"MvA Groen Links op vragen regiovisie geweld hoort nergens thuis commissie 24 maart 2020","dc_type":"bijlage","foi_fairiscoreVersions":{"v1":1,"v2":1},"foi_fileName":"MvA%20Groen%20Links%20op%20vragen%20regiovisie%20geweld%20hoort%20nergens%20thuis%20comissie%2024%20maart.pdf","foi_nrPages":2},{"dc_format":"application/pdf","dc_identifier":"nl.gm1954.2c.2020.2830269-6.doc.9","dc_source":"https://api1.ibabs.eu/publicdownload.aspx?site=Beekdaelen&id=8584f1ba-47c6-404e-a7b2-d2247ff1a09d","dc_title":"MvA PvdA op vragen regiovisie geweld hoort nergens thuis commissie 24 maart 2020","dc_type":"bijlage","foi_fairiscoreVersions":{"v1":1,"v2":1},"foi_fileName":"MvA%20PvdA%20op%20vragen%20regiovisie%20geweld%20hoort%20nergens%20thuis%20comissie%2024%20maart.pdf","foi_nrPages":3},{"dc_format":"application/pdf","dc_identifier":"nl.gm1954.2c.2020.2830269-6.doc.10","dc_source":"https://api1.ibabs.eu/publicdownload.aspx?site=Beekdaelen&id=47ec4169-72e6-4313-a62d-afb96ed540f4","dc_title":"MvA VVD op vragen regiovisie geweld hoort nergens thuis commissie 24 maart 2020","dc_type":"bijlage","foi_fairiscoreVersions":{"v1":1,"v2":1},"foi_fileName":"MvA%20VVD%20op%20vragen%20regiovisie%20geweld%20hoort%20nergens%20thuis%20comissie%2024%20maart.pdf","foi_nrPages":2},{"dc_format":"application/pdf","dc_identifier":"nl.gm1954.2c.2020.2830269-6.doc.1","dc_source":"https://api1.ibabs.eu/publicdownload.aspx?site=Beekdaelen&id=22014782-b5c3-41d1-b834-699a02edd6eb","dc_title":"RV inzake Regiovisie \"Geweld hoort nergens thuis\"","dc_type":"bijlage","foi_fairiscoreVersions":{"v1":1,"v2":1},"foi_fileName":"Z%2F20%2F138965%20-%20220539%20-%20Regiovisie%20Geweld%20Hoort%20Nergens%20Thuis.pdf","foi_nrPages":3},{"dc_format":"application/pdf","dc_identifier":"nl.gm1954.2c.2020.2830269-6.doc.5","dc_source":"https://api1.ibabs.eu/publicdownload.aspx?site=Beekdaelen&id=d5e3890a-19f2-418f-a17b-50ae2e586f23","dc_title":"Bijlage 4 Advies gezamenlijke gemeentelijke adviesraden Sociaal Domein Parkstad op regiovisie GHNT","dc_type":"bijlage","foi_fairiscoreVersions":{"v1":1,"v2":1},"foi_fileName":"Z%2F20%2F138965%20-%20220541%20-%20advies%20regionale%20adviesraden%20op%20regio%20visie%20geweld%20hoort%20nergens%20thuis.pdf","foi_nrPages":5},{"dc_format":"application/pdf","dc_identifier":"nl.gm1954.2c.2020.2830269-6.doc.4","dc_source":"https://api1.ibabs.eu/publicdownload.aspx?site=Beekdaelen&id=276542e3-5728-42e3-8b9a-4cad3c6a2435","dc_title":"Bijlage 2 Oplegger voor regiovisie GHNT","dc_type":"bijlage","foi_fairiscoreVersions":{"v1":2,"v2":2},"foi_fileName":"Z%2F20%2F138965%20-%20220558%20-%20Oplegger%20voor%20regiovisie%20GHNT.pdf","foi_nrPages":4},{"dc_format":"application/pdf","dc_identifier":"nl.gm1954.2c.2020.2830269-6.doc.3","dc_source":"https://api1.ibabs.eu/publicdownload.aspx?site=Beekdaelen&id=b4b77034-1904-4ccb-94f5-0e9766c20002","dc_title":"Bijlage 1 Regiovisie GHNT","dc_type":"bijlage","foi_fairiscoreVersions":{"v1":2,"v2":2},"foi_fileName":"Z%2F20%2F138965%20-%20220559%20-%20Regiovisie%20GHNT.pdf","foi_nrPages":41},{"dc_format":"application/pdf","dc_identifier":"nl.gm1954.2c.2020.2830269-6.doc.6","dc_source":"https://api1.ibabs.eu/publicdownload.aspx?site=Beekdaelen&id=be1cdc05-24a0-4f94-88de-4f74ff2e64c7","dc_title":"Bijlage 5 Reactie op advies gezamenlijke gemeentelijke adviesraden Sociaal Domein Parkstad","dc_type":"bijlage","foi_fairiscoreVersions":{"v1":1,"v2":1},"foi_fileName":"Z%2F20%2F138965%20-%20220564%20-%20gezamenlijke%20reactie%20van%20adviesraden%20Parkstad%20op%20regiovisie%20GHNT.pdf","foi_nrPages":5},{"dc_format":"application/pdf","dc_identifier":"nl.gm1954.2c.2020.2830269-6.doc.2","dc_source":"https://api1.ibabs.eu/publicdownload.aspx?site=Beekdaelen&id=3947b4da-95f4-4349-9b8d-dd36bffa659b","dc_title":"RB inzake Regiovisie \"Geweld hoort nergens thuis\"","dc_type":"bijlage","foi_fairiscoreVersions":{"v1":1,"v2":1},"foi_fileName":"Z%2F20%2F138965%20-%20220731%20-%20vaststellen%20regiovisie%20geweld%20hoort%20nergens%20thuis.pdf","foi_nrPages":1}],"foi_nrDocuments":10,"foi_nrPagesInDossier":68,"foi_publishedDate":"2020-03-26","foi_retrievedDate":"2026-02-12"},{"dc_creator":"HandelingScraper_v1","dc_date_year":2020,"dc_description":"Vergadering van de Gemeente Beekdaelen op 2020-03-26. Onderdeel: Voorstel inzake eerste begrotingswijziging 2020 GR WOZL.","dc_identifier":"nl.gm1954.2c.2020.2830269-7","dc_publisher":"gm1954","dc_source":"https://beekdaelen.bestuurlijkeinformatie.nl/Agenda/Index/1c5be9ae-8e6f-45ca-8ae5-161ad0c688c0","dc_title":"Gecombineerde commissie (t/m april 2022) 2020-03-26 - Voorstel inzake eerste begrotingswijziging 2020 GR WOZL","dc_type":"2c","dc_type_description":"Vergaderstuk decentrale overheid","foi_fairiscoreVersions":{"v1":null,"v2":null},"foi_files":[{"dc_format":"application/pdf","dc_identifier":"nl.gm1954.2c.2020.2830269-7.doc.3","dc_source":"https://api1.ibabs.eu/publicdownload.aspx?site=Beekdaelen&id=3bd78ab5-f270-4464-a61e-f42fb7044669","dc_title":"Bijlage 1 1e begrotingswijziging 2020 WOZL","dc_type":"bijlage","foi_fileName":"1e%20begrotingswijziging%202020%20WOZL.pdf"},{"dc_format":"application/pdf","dc_identifier":"nl.gm1954.2c.2020.2830269-7.doc.5","dc_source":"https://api1.ibabs.eu/publicdownload.aspx?site=Beekdaelen&id=65278ad0-f4f2-4556-a440-88d23887fb17","dc_title":"bijlage 3 Concept brief aan WOZL inzake te nemen raadsbesluit","dc_type":"bijlage","foi_fileName":"Concept%20brief%20aan%20WOZL.pdf"},{"dc_format":"application/pdf","dc_identifier":"nl.gm1954.2c.2020.2830269-7.doc.4","dc_source":"https://api1.ibabs.eu/publicdownload.aspx?site=Beekdaelen&id=e97a1286-77ca-4a98-a271-5ddb98d47307","dc_title":"Bijlage 2 Factsheet 1e begrotingswijziging 2020 WOZL","dc_type":"bijlage","foi_fileName":"Factsheet%201e%20begrotingswijziging%202020%20WOZL.pdf"},{"dc_format":"application/pdf","dc_identifier":"nl.gm1954.2c.2020.2830269-7.doc.6","dc_source":"https://api1.ibabs.eu/publicdownload.aspx?site=Beekdaelen&id=d37e8824-92e4-4f4e-9e78-cd9ce2bdfb88","dc_title":"MvA Beekdaelen Lokaal inzake RV eerste begrotingswijziging 2020 WOZL","dc_type":"bijlage","foi_fileName":"Memorie%20van%20antwoord%20vragen%20Beekdaelen%20Lokaal%20inzake%20RV%20eerste%20begrotingswijziging%202020%20WOZL.pdf"},{"dc_format":"application/pdf","dc_identifier":"nl.gm1954.2c.2020.2830269-7.doc.7","dc_source":"https://api1.ibabs.eu/publicdownload.aspx?site=Beekdaelen&id=6d94debf-cd18-40a0-ae7b-4558a88f7059","dc_title":"MvA CDA inzake RV eerste begrotingswijziging 2020 WOZL","dc_type":"bijlage","foi_fileName":"Memorie%20van%20antwoord%20vragen%20CDA%20inzake%20RV%20eerste%20begrotingswijziging%202020%20WOZL.pdf"},{"dc_format":"application/pdf","dc_identifier":"nl.gm1954.2c.2020.2830269-7.doc.8","dc_source":"https://api1.ibabs.eu/publicdownload.aspx?site=Beekdaelen&id=a04c4b9c-5040-4dd4-a004-2e91436b1610","dc_title":"MvA Groen Links inzake RV eerste begrotingswijziging 2020 WOZL","dc_type":"bijlage","foi_fileName":"Memorie%20van%20antwoord%20vragen%20Groen%20Links%20inzake%20RV%20eerste%20begrotingswijziging%202020%20WOZL.pdf"},{"dc_format":"application/pdf","dc_identifier":"nl.gm1954.2c.2020.2830269-7.doc.9","dc_source":"https://api1.ibabs.eu/publicdownload.aspx?site=Beekdaelen&id=b574a2b1-3a39-4014-af96-4edf9b237bb3","dc_title":"MvA PVDA inzake RV eerste begrotingswijziging 2020 WOZL","dc_type":"bijlage","foi_fileName":"Memorie%20van%20antwoord%20vragen%20PVDA%20inzake%20RV%20eerste%20begrotingswijziging%202020%20WOZL.pdf"},{"dc_format":"application/pdf","dc_identifier":"nl.gm1954.2c.2020.2830269-7.doc.10","dc_source":"https://api1.ibabs.eu/publicdownload.aspx?site=Beekdaelen&id=08b80cfa-a832-4930-9a4c-f0618df300d4","dc_title":"MvA VVD inzake RV eerste begrotingswijziging 2020 WOZL","dc_type":"bijlage","foi_fileName":"Memorie%20van%20antwoord%20vragen%20VVD%20inzake%20RV%20eerste%20begrotingswijziging%202020%20WOZL.pdf"},{"dc_format":"application/pdf","dc_identifier":"nl.gm1954.2c.2020.2830269-7.doc.2","dc_source":"https://api1.ibabs.eu/publicdownload.aspx?site=Beekdaelen&id=8d3f7a56-a24d-4891-b8f2-aac66db17a24","dc_title":"Raadsbesluit inzake eerste begrotingswijziging 2020 GR WOZL vastgesteld raad 140402020","dc_type":"bijlage","foi_fileName":"RB%20inzake%20eerste%20begrotingswijziging%202020%20WOZL.pdf"},{"dc_format":"application/pdf","dc_identifier":"nl.gm1954.2c.2020.2830269-7.doc.1","dc_source":"https://api1.ibabs.eu/publicdownload.aspx?site=Beekdaelen&id=2e20a057-a2c1-4777-b35c-7546ea3a6cff","dc_title":"Raadsvoorstel inzake eerste begrotingswijziging 2020 GR WOZL","dc_type":"bijlage","foi_fileName":"RV%20inzake%20eerste%20begrotingswijziging%202020%20WOZL.pdf"}],"foi_nrDocuments":10,"foi_nrPagesInDossier":0,"foi_publishedDate":"2020-03-26","foi_retrievedDate":"2025-11-30"},{"dc_creator":"HandelingScraper_v1","dc_date_year":2020,"dc_description":"Vergadering van de Gemeente Beekdaelen op 2020-03-26. Onderdeel: Voorstel inzake eerste begrotingswijziging 2020 GR WSP Parkstad.","dc_identifier":"nl.gm1954.2c.2020.2830269-8","dc_publisher":"gm1954","dc_source":"https://beekdaelen.bestuurlijkeinformatie.nl/Agenda/Index/1c5be9ae-8e6f-45ca-8ae5-161ad0c688c0","dc_title":"Gecombineerde commissie (t/m april 2022) 2020-03-26 - Voorstel inzake eerste begrotingswijziging 2020 GR WSP Parkstad","dc_type":"2c","dc_type_description":"Vergaderstuk decentrale overheid","foi_fairiscoreVersions":{"v1":2,"v2":2},"foi_files":[{"dc_format":"application/pdf","dc_identifier":"nl.gm1954.2c.2020.2830269-8.doc.3","dc_source":"https://api1.ibabs.eu/publicdownload.aspx?site=Beekdaelen&id=687f9c7a-0a35-49e4-b130-f9a76290df65","dc_title":"1e begrotingswijzingen 20 GR WSP Parkstad","dc_type":"bijlage","foi_fairiscoreVersions":{"v1":4,"v2":4},"foi_fileName":"1e%20begrotingswijzingen%2020%20GR%20WSP%20Parkstad.pdf","foi_nrPages":24},{"dc_format":"application/pdf","dc_identifier":"nl.gm1954.2c.2020.2830269-8.doc.8","dc_source":"https://api1.ibabs.eu/publicdownload.aspx?site=Beekdaelen&id=9861b262-5d11-4294-8cc1-ad48307b9ad3","dc_title":"MvA PVDA inzake RV eerste begrotingswijziging 2020 WSP","dc_type":"bijlage","foi_fairiscoreVersions":{"v1":1,"v2":1},"foi_fileName":"2.%20Memorie%20van%20antwoord%20vragen%20PVDA%20inzake%20RV%20eerste%20begrotingswijziging%202020%20WSP.pdf","foi_nrPages":2},{"dc_format":"application/pdf","dc_identifier":"nl.gm1954.2c.2020.2830269-8.doc.4","dc_source":"https://api1.ibabs.eu/publicdownload.aspx?site=Beekdaelen&id=51ca9679-003c-4ed2-8416-3f3ba6cbf1b4","dc_title":"Factsheet WSP eerste begrotingswijziging","dc_type":"bijlage","foi_fairiscoreVersions":{"v1":4,"v2":4},"foi_fileName":"bijlagen.pdf","foi_nrPages":5},{"dc_format":"application/pdf","dc_identifier":"nl.gm1954.2c.2020.2830269-8.doc.10","dc_source":"https://api1.ibabs.eu/publicdownload.aspx?site=Beekdaelen&id=f4e71272-f0e5-4af9-8e5d-53789a211eca","dc_title":"Memorie van antwoord vervolgvraag n.a.v. commissie Beekdaelen Lokaal inzake RV eerste begrotingswijziging 2020 WSP","dc_type":"bijlage","foi_fairiscoreVersions":{"v1":1,"v2":1},"foi_fileName":"Memorie%20van%20antwoord%20vervolgvraag%20n.a.v.%20commissie%20Beekdaelen%20Lokaal%20inzake%20RV%20eerste%20begrotingswijziging%202020%20WSP.pdf","foi_nrPages":1},{"dc_format":"application/pdf","dc_identifier":"nl.gm1954.2c.2020.2830269-8.doc.6","dc_source":"https://api1.ibabs.eu/publicdownload.aspx?site=Beekdaelen&id=3f09e990-a2d0-4df4-b39b-bdafae23d7df","dc_title":"MvA Beekdaelen Lokaal inzake RV eerste begrotingswijziging 2020 WSP","dc_type":"bijlage","foi_fairiscoreVersions":{"v1":1,"v2":1},"foi_fileName":"Memorie%20van%20antwoord%20vragen%20Beekdaelen%20Lokaal%20inzake%20RV%20eerste%20begrotingswijziging%202020%20WSP.pdf","foi_nrPages":1},{"dc_format":"application/pdf","dc_identifier":"nl.gm1954.2c.2020.2830269-8.doc.9","dc_source":"https://api1.ibabs.eu/publicdownload.aspx?site=Beekdaelen&id=5e97e86b-a932-4bd0-8753-e69b467bd9d6","dc_title":"MvA CDA inzake RV eerste begrotingswijziging 2020 WSP","dc_type":"bijlage","foi_fairiscoreVersions":{"v1":1,"v2":1},"foi_fileName":"Memorie%20van%20antwoord%20vragen%20CDA%20inzake%20RV%20eerste%20begrotingswijziging%202020%20WSP.pdf","foi_nrPages":2},{"dc_format":"application/pdf","dc_identifier":"nl.gm1954.2c.2020.2830269-8.doc.7","dc_source":"https://api1.ibabs.eu/publicdownload.aspx?site=Beekdaelen&id=90a87d5d-df2e-4a2f-bc5b-ba0cfb6634a2","dc_title":"MvA Groen Links inzake RV eerste begrotingswijziging 2020 WSP","dc_type":"bijlage","foi_fairiscoreVersions":{"v1":1,"v2":1},"foi_fileName":"Memorie%20van%20antwoord%20vragen%20Groen%20Links%20inzake%20RV%20eerste%20begrotingswijziging%202020%20WSP.pdf","foi_nrPages":2},{"dc_format":"application/pdf","dc_identifier":"nl.gm1954.2c.2020.2830269-8.doc.1","dc_source":"https://api1.ibabs.eu/publicdownload.aspx?site=Beekdaelen&id=4d9e3ed8-a8e9-4c92-af51-b23400703a62","dc_title":"Raadsvoorstel 1e begrotingswijziging 2020 WSP ter zienswijze","dc_type":"bijlage","foi_fairiscoreVersions":{"v1":1,"v2":1},"foi_fileName":"Z%2F20%2F138201%20-%20218813%20-%20Raadsvoorstel%201e%20begrotingswijziging%202020%20WSP%20ter%20zienswijze.pdf","foi_nrPages":4},{"dc_format":"application/pdf","dc_identifier":"nl.gm1954.2c.2020.2830269-8.doc.2","dc_source":"https://api1.ibabs.eu/publicdownload.aspx?site=Beekdaelen&id=70380dd1-7b03-405b-b8e6-aabf5470cc20","dc_title":"Raadsbesluit 1e begrotingswijziging 2020 WSP vastgesteld raad 14042020","dc_type":"bijlage","foi_fairiscoreVersions":{"v1":1,"v2":1},"foi_fileName":"Z%2F20%2F138201%20-%20218851%20-%20Raadsbesluit%201e%20begrotingswijziging%202020%20WSP.pdf","foi_nrPages":1},{"dc_format":"application/pdf","dc_identifier":"nl.gm1954.2c.2020.2830269-8.doc.5","dc_source":"https://api1.ibabs.eu/publicdownload.aspx?site=Beekdaelen&id=39d4c707-48c9-42e6-b910-c7582283c595","dc_title":"Zienswijze raad aan bestuur GR WSP PL","dc_type":"bijlage","foi_fairiscoreVersions":{"v1":1,"v2":1},"foi_fileName":"Z%2F20%2F138201%20-%20219166%20-%20Zienswijze%20raad%20aan%20bestuur%20GR%20WSP%20PL.pdf","foi_nrPages":1}],"foi_nrDocuments":10,"foi_nrPagesInDossier":43,"foi_publishedDate":"2020-03-26","foi_retrievedDate":"2026-03-03"},{"dc_creator":"HandelingScraper_v1","dc_date_year":2020,"dc_description":"Vergadering van de Gemeente Beekdaelen op 2020-03-26. Onderdeel: Voorstel inzake wijziging GR Belastingsamenwerking gemeenten en waterschappen (BsGW).","dc_identifier":"nl.gm1954.2c.2020.2830269-9","dc_publisher":"gm1954","dc_source":"https://beekdaelen.bestuurlijkeinformatie.nl/Agenda/Index/1c5be9ae-8e6f-45ca-8ae5-161ad0c688c0","dc_title":"Gecombineerde commissie (t/m april 2022) 2020-03-26 - Voorstel inzake wijziging GR Belastingsamenwerking gemeenten en waterschappen (BsGW)","dc_type":"2c","dc_type_description":"Vergaderstuk decentrale overheid","foi_fairiscoreVersions":{"v1":2,"v2":2},"foi_files":[{"dc_format":"application/pdf","dc_identifier":"nl.gm1954.2c.2020.2830269-9.doc.1","dc_source":"https://api1.ibabs.eu/publicdownload.aspx?site=Beekdaelen&id=4addd753-54f8-45fe-88d6-d048b633b201","dc_title":"Raadsvoorstel inzake wijziging GR BsGW","dc_type":"bijlage","foi_fairiscoreVersions":{"v1":1,"v2":1},"foi_fileName":"aangepast.pdf","foi_nrPages":5},{"dc_format":"application/pdf","dc_identifier":"nl.gm1954.2c.2020.2830269-9.doc.3","dc_source":"https://api1.ibabs.eu/publicdownload.aspx?site=Beekdaelen&id=e06b2ea3-1aea-44a3-a98e-042c5ed0853d","dc_title":"Gewijzigde GR BwGW","dc_type":"bijlage","foi_fairiscoreVersions":{"v1":4,"v2":4},"foi_fileName":"bijlage%201.pdf","foi_nrPages":19},{"dc_format":"application/pdf","dc_identifier":"nl.gm1954.2c.2020.2830269-9.doc.4","dc_source":"https://api1.ibabs.eu/publicdownload.aspx?site=Beekdaelen&id=7bd350ee-419b-42e9-97a1-9e11bec36f98","dc_title":"Gewijzigde GR BsGW incl. oude teksten","dc_type":"bijlage","foi_fairiscoreVersions":{"v1":3,"v2":3},"foi_fileName":"bijlage%202.pdf","foi_nrPages":24},{"dc_format":"application/pdf","dc_identifier":"nl.gm1954.2c.2020.2830269-9.doc.5","dc_source":"https://api1.ibabs.eu/publicdownload.aspx?site=Beekdaelen&id=6865cba6-c5ae-477b-a62a-8dc83bd96fe8","dc_title":"MvA vragen Beekdaelen Lokaal","dc_type":"bijlage","foi_fairiscoreVersions":{"v1":1,"v2":1},"foi_fileName":"MvA%20Beekdaelen%20Lokaal.pdf","foi_nrPages":1},{"dc_format":"application/pdf","dc_identifier":"nl.gm1954.2c.2020.2830269-9.doc.6","dc_source":"https://api1.ibabs.eu/publicdownload.aspx?site=Beekdaelen&id=6bc1cc13-35d1-430a-9558-a65f0c740e64","dc_title":"MvA vragen PvdA","dc_type":"bijlage","foi_fairiscoreVersions":{"v1":2,"v2":1},"foi_fileName":"MvA%20PvdA.pdf","foi_nrPages":2},{"dc_format":"application/pdf","dc_identifier":"nl.gm1954.2c.2020.2830269-9.doc.2","dc_source":"https://api1.ibabs.eu/publicdownload.aspx?site=Beekdaelen&id=0c182628-501b-4861-8b68-35ecd1beb9ff","dc_title":"Raadsbesluit inzake wijziging GR BsGW vastgesteld raad 14042020","dc_type":"bijlage","foi_fairiscoreVersions":{"v1":1,"v2":1},"foi_fileName":"Z%2F19%2F135087%20-%20221733%20-%20Raadsbesluit%20wijziging%20GR%20BsGW.pdf","foi_nrPages":1}],"foi_nrDocuments":6,"foi_nrPagesInDossier":52,"foi_publishedDate":"2020-03-26","foi_retrievedDate":"2025-12-02"},{"dc_creator":"HandelingScraper_v1","dc_date_year":2020,"dc_description":"Vergadering van de Gemeente Beekdaelen op 2020-03-27. Onderdeel: Div. stukken naar aanleiding van eerdere vergadering.","dc_identifier":"nl.gm1954.2c.2020.2830354-1","dc_publisher":"gm1954","dc_source":"https://beekdaelen.bestuurlijkeinformatie.nl/Agenda/Index/0bcb5a4a-53dd-4d56-b1d6-feb721c51fe3","dc_title":"BDN Commissie AWACS Limburg 2020-03-27 - Div. stukken naar aanleiding van eerdere vergadering","dc_type":"2c","dc_type_description":"Vergaderstuk decentrale overheid","foi_fairiscoreVersions":{"v1":3,"v2":2},"foi_files":[{"dc_format":"application/pdf","dc_identifier":"nl.gm1954.2c.2020.2830354-1.doc.1","dc_source":"https://api1.ibabs.eu/publicdownload.aspx?site=Beekdaelen&id=ca260ef8-0430-4210-9187-a4b7b7f89816","dc_title":"brief defensie-ienm aan TK 3mei2016.pdf","dc_type":"bijlage","foi_fairiscoreVersions":{"v1":5,"v2":5},"foi_fileName":"brief%20defensie-ienm%20aan%20TK%203mei2016.pdf","foi_nrPages":5},{"dc_format":"application/pdf","dc_identifier":"nl.gm1954.2c.2020.2830354-1.doc.2","dc_source":"https://api1.ibabs.eu/publicdownload.aspx?site=Beekdaelen&id=4f1d1ef3-0049-46b0-906c-d8a346014d24","dc_title":"Brief minDef - AWACSvoortgangsrapportage 091111.pdf","dc_type":"bijlage","foi_fairiscoreVersions":{"v1":1,"v2":1},"foi_fileName":"Brief%20minDef%20-%20AWACSvoortgangsrapportage%20091111.pdf","foi_nrPages":7},{"dc_format":"application/pdf","dc_identifier":"nl.gm1954.2c.2020.2830354-1.doc.3","dc_source":"https://api1.ibabs.eu/publicdownload.aspx?site=Beekdaelen&id=947050ce-e18c-4ab7-87e8-90f1a6378d9f","dc_title":"Kamerbrief BOD besluitvorming vervolgstudie 260608.pdf","dc_type":"bijlage","foi_fairiscoreVersions":{"v1":1,"v2":1},"foi_fileName":"Kamerbrief%20BOD%20besluitvorming%20vervolgstudie%20260608.pdf","foi_nrPages":1},{"dc_format":"application/pdf","dc_identifier":"nl.gm1954.2c.2020.2830354-1.doc.4","dc_source":"https://api1.ibabs.eu/publicdownload.aspx?site=Beekdaelen&id=cf43dc15-4bfb-4e71-be69-5b5cbd794cb4","dc_title":"NATO Stakeholder Followup Presentation_Final.pdf","dc_type":"bijlage","foi_fairiscoreVersions":{"v1":2,"v2":1},"foi_fileName":"NATO%20Stakeholder%20Followup%20Presentation_Final.pdf","foi_nrPages":43}],"foi_nrDocuments":4,"foi_nrPagesInDossier":56,"foi_publishedDate":"2020-03-27","foi_retrievedDate":"2025-12-01"},{"dc_creator":"HandelingScraper_v1","dc_date_year":2020,"dc_description":"Vergadering van de Gemeente Beekdaelen op 2020-04-14. Onderdeel: Vaststelling van de agenda.","dc_identifier":"nl.gm1954.2c.2020.2830360-1","dc_publisher":"gm1954","dc_source":"https://beekdaelen.bestuurlijkeinformatie.nl/Agenda/Index/7e4b45ea-70a6-4626-b673-3abb26e05abb","dc_title":"Raadsvergadering 2020-04-14 - Vaststelling van de agenda","dc_type":"2c","dc_type_description":"Vergaderstuk decentrale overheid","foi_fairiscoreVersions":{"v1":1,"v2":1},"foi_files":[{"dc_format":"application/pdf","dc_identifier":"nl.gm1954.2c.2020.2830360-1.doc.1","dc_source":"https://api1.ibabs.eu/publicdownload.aspx?site=Beekdaelen&id=ccc7c367-d4e6-40c1-b585-e12dc1712a01","dc_title":"Uitnodiging en agenda raadsvergadering 14 april 2020","dc_type":"bijlage","foi_fairiscoreVersions":{"v1":1,"v2":1},"foi_fileName":"Uitnodiging%20en%20agenda%20raadsvergadering%2014%20april%202020.pdf","foi_nrPages":2},{"dc_format":"application/pdf","dc_identifier":"nl.gm1954.2c.2020.2830360-1.doc.2","dc_source":"https://api1.ibabs.eu/publicdownload.aspx?site=Beekdaelen&id=3f856552-4615-4a76-836a-db6f916f8f6e","dc_title":"Vastgestelde agenda raadsvergadering 14 april 2020","dc_type":"bijlage","foi_fairiscoreVersions":{"v1":1,"v2":1},"foi_fileName":"Vastgestelde%20agenda%20raadsvergadering%2014042020.pdf","foi_nrPages":1}],"foi_nrDocuments":2,"foi_nrPagesInDossier":3,"foi_publishedDate":"2020-04-14","foi_retrievedDate":"2026-03-03"},{"dc_creator":"HandelingScraper_v1","dc_date_year":2020,"dc_description":"Vergadering van de Gemeente Beekdaelen op 2020-04-14. Onderdeel: Raadsvoorstel inzake diverse benoemingen.","dc_identifier":"nl.gm1954.2c.2020.2830360-10","dc_publisher":"gm1954","dc_source":"https://beekdaelen.bestuurlijkeinformatie.nl/Agenda/Index/7e4b45ea-70a6-4626-b673-3abb26e05abb","dc_title":"Raadsvergadering 2020-04-14 - Raadsvoorstel inzake diverse benoemingen","dc_type":"2c","dc_type_description":"Vergaderstuk decentrale overheid","foi_fairiscoreVersions":{"v1":1,"v2":1},"foi_files":[{"dc_format":"application/pdf","dc_identifier":"nl.gm1954.2c.2020.2830360-10.doc.2","dc_source":"https://api1.ibabs.eu/publicdownload.aspx?site=Beekdaelen&id=90bae57b-fcb1-409e-bdfc-58759418e8de","dc_title":"Raadsbesluit inzake diverse benoemingen vastgesteld raad 140402020","dc_type":"bijlage","foi_fairiscoreVersions":{"v1":1,"v2":1},"foi_fileName":"RB%20inzake%20diverse%20benoemingen.pdf","foi_nrPages":1},{"dc_format":"application/pdf","dc_identifier":"nl.gm1954.2c.2020.2830360-10.doc.1","dc_source":"https://api1.ibabs.eu/publicdownload.aspx?site=Beekdaelen&id=c2df6ea9-c4ba-4184-9dcf-ce345e47b699","dc_title":"Raadsvoorstel inzake diverse benoemingen","dc_type":"bijlage","foi_fairiscoreVersions":{"v1":1,"v2":1},"foi_fileName":"RV%20inzake%20diverse%20benoemingen.pdf","foi_nrPages":2}],"foi_nrDocuments":2,"foi_nrPagesInDossier":3,"foi_publishedDate":"2020-04-14","foi_retrievedDate":"2026-02-05"},{"dc_creator":"HandelingScraper_v1","dc_date_year":2020,"dc_description":"Vergadering van de Gemeente Beekdaelen op 2020-04-14. Onderdeel: Voorstel inzake Regiovisie \"Geweld hoort nergens Thuis\".","dc_identifier":"nl.gm1954.2c.2020.2830360-11","dc_publisher":"gm1954","dc_source":"https://beekdaelen.bestuurlijkeinformatie.nl/Agenda/Index/7e4b45ea-70a6-4626-b673-3abb26e05abb","dc_title":"Raadsvergadering 2020-04-14 - Voorstel inzake Regiovisie \"Geweld hoort nergens Thuis\"","dc_type":"2c","dc_type_description":"Vergaderstuk decentrale overheid","foi_fairiscoreVersions":{"v1":2,"v2":2},"foi_files":[{"dc_format":"application/pdf","dc_identifier":"nl.gm1954.2c.2020.2830360-11.doc.5","dc_source":"https://api1.ibabs.eu/publicdownload.aspx?site=Beekdaelen&id=e8d09058-a8e9-40a0-b761-efb968f67f31","dc_title":"Bijlage 3 Advies regionale adviesraden op regio visie geweld hoort nergens thuis","dc_type":"bijlage","foi_fairiscoreVersions":{"v1":1,"v2":1},"foi_fileName":"138965%20-%20220541%20-%20advies%20regionale%20adviesraden%20op%20regio%20visie%20geweld%20hoort%20nergens%20thuis.pdf","foi_nrPages":5},{"dc_format":"application/pdf","dc_identifier":"nl.gm1954.2c.2020.2830360-11.doc.4","dc_source":"https://api1.ibabs.eu/publicdownload.aspx?site=Beekdaelen&id=8a4ded9e-8200-46a1-b3f0-2fdb001232aa","dc_title":"Bijlage 2 Oplegger voor regiovisie GHNT","dc_type":"bijlage","foi_fairiscoreVersions":{"v1":2,"v2":2},"foi_fileName":"138965%20-%20220558%20-%20Oplegger%20voor%20regiovisie%20GHNT.pdf","foi_nrPages":4},{"dc_format":"application/pdf","dc_identifier":"nl.gm1954.2c.2020.2830360-11.doc.3","dc_source":"https://api1.ibabs.eu/publicdownload.aspx?site=Beekdaelen&id=b3489cce-b20c-46f6-a472-d953b070e304","dc_title":"Bijlage 1 Regiovisie GHNT","dc_type":"bijlage","foi_fairiscoreVersions":{"v1":2,"v2":2},"foi_fileName":"138965%20-%20220559%20-%20Regiovisie%20GHNT.pdf","foi_nrPages":41},{"dc_format":"application/pdf","dc_identifier":"nl.gm1954.2c.2020.2830360-11.doc.6","dc_source":"https://api1.ibabs.eu/publicdownload.aspx?site=Beekdaelen&id=c06cc429-7883-4857-9fa6-040c6be7f09f","dc_title":"Bijlage 4 Gezamenlijke reactie van adviesraden Parkstad op regiovisie GHNT","dc_type":"bijlage","foi_fairiscoreVersions":{"v1":1,"v2":1},"foi_fileName":"138965%20-%20220564%20-%20gezamenlijke%20reactie%20van%20adviesraden%20Parkstad%20op%20regiovisie%20GHNT.pdf","foi_nrPages":5},{"dc_format":"application/pdf","dc_identifier":"nl.gm1954.2c.2020.2830360-11.doc.2","dc_source":"https://api1.ibabs.eu/publicdownload.aspx?site=Beekdaelen&id=96ec1dc3-ae4b-4e13-b825-dab1b264cf40","dc_title":"Raadsbesluit inzake vaststellen regiovisie \"Geweld hoort nergens thuis\" vastgesteld raad 140402020","dc_type":"bijlage","foi_fairiscoreVersions":{"v1":1,"v2":1},"foi_fileName":"138965%20-%20220731%20-%20Raadsbesluit%20vaststellen%20regiovisie%20geweld%20hoort%20nergens%20thuis.pdf","foi_nrPages":1},{"dc_format":"application/pdf","dc_identifier":"nl.gm1954.2c.2020.2830360-11.doc.1","dc_source":"https://api1.ibabs.eu/publicdownload.aspx?site=Beekdaelen&id=2da66c6c-6815-49a4-96fe-f78f9d8e039b","dc_title":"Raadsvoorstel inzake Regiovisie Geweld Hoort Nergens Thuis","dc_type":"bijlage","foi_fairiscoreVersions":{"v1":1,"v2":1},"foi_fileName":"Z20138965%20-%20220539%20-%20%20Raadsvoorstel%20Regiovisie%20Geweld%20Hoort%20Nergens%20Thuis.pdf","foi_nrPages":3}],"foi_nrDocuments":6,"foi_nrPagesInDossier":59,"foi_publishedDate":"2020-04-14","foi_retrievedDate":"2026-02-12"},{"dc_creator":"HandelingScraper_v1","dc_date_year":2020,"dc_description":"Vergadering van de Gemeente Beekdaelen op 2020-04-14. Onderdeel: Vaststelling lijst ingekomen stukken 11 maart - 14 april 2020.","dc_identifier":"nl.gm1954.2c.2020.2830360-12","dc_publisher":"gm1954","dc_source":"https://beekdaelen.bestuurlijkeinformatie.nl/Agenda/Index/7e4b45ea-70a6-4626-b673-3abb26e05abb","dc_title":"Raadsvergadering 2020-04-14 - Vaststelling lijst ingekomen stukken 11 maart - 14 april 2020","dc_type":"2c","dc_type_description":"Vergaderstuk decentrale overheid","foi_fairiscoreVersions":{"v1":1,"v2":1},"foi_files":[{"dc_format":"application/pdf","dc_identifier":"nl.gm1954.2c.2020.2830360-12.doc.1","dc_source":"https://api1.ibabs.eu/publicdownload.aspx?site=Beekdaelen&id=a1c1f3d7-9863-4a50-9bd5-b64ece10a885","dc_title":"Lijst ingekomen stukken raad 14042020 vastgesteld raad 14042020","dc_type":"bijlage","foi_fairiscoreVersions":{"v1":1,"v2":1},"foi_fileName":"Lijst%20ingekomen%20stukken%20raad%2014042020%20versie%2009042020.pdf","foi_nrPages":7}],"foi_nrDocuments":1,"foi_nrPagesInDossier":7,"foi_publishedDate":"2020-04-14","foi_retrievedDate":"2026-03-02"},{"dc_creator":"HandelingScraper_v1","dc_date_year":2020,"dc_description":"Vergadering van de Gemeente Beekdaelen op 2020-04-14. Onderdeel: Vaststellen besluitenlijst openbare raadsvergadering d.d. 10 maart 2020.","dc_identifier":"nl.gm1954.2c.2020.2830360-2","dc_publisher":"gm1954","dc_source":"https://beekdaelen.bestuurlijkeinformatie.nl/Agenda/Index/7e4b45ea-70a6-4626-b673-3abb26e05abb","dc_title":"Raadsvergadering 2020-04-14 - Vaststellen besluitenlijst openbare raadsvergadering d.d. 10 maart 2020","dc_type":"2c","dc_type_description":"Vergaderstuk decentrale overheid","foi_fairiscoreVersions":{"v1":1,"v2":1},"foi_files":[{"dc_format":"application/pdf","dc_identifier":"nl.gm1954.2c.2020.2830360-2.doc.1","dc_source":"https://api1.ibabs.eu/publicdownload.aspx?site=Beekdaelen&id=52ad2fb8-683b-43a3-85b6-b9efcede614b","dc_title":"Besluitenlijst raadsvergadering 10 maart 2020 vastgesteld raad 14042020","dc_type":"bijlage","foi_fairiscoreVersions":{"v1":1,"v2":1},"foi_fileName":"Besluitenlijst%20raadsvergadering%2010%20maart%202020.pdf","foi_nrPages":6}],"foi_nrDocuments":1,"foi_nrPagesInDossier":6,"foi_publishedDate":"2020-04-14","foi_retrievedDate":"2026-03-03"},{"dc_creator":"HandelingScraper_v1","dc_date_year":2020,"dc_description":"Vergadering van de Gemeente Beekdaelen op 2020-04-14. Onderdeel: Voorstel inzake eerste begrotingswijziging 2020 GR WOZL.","dc_identifier":"nl.gm1954.2c.2020.2830360-3","dc_publisher":"gm1954","dc_source":"https://beekdaelen.bestuurlijkeinformatie.nl/Agenda/Index/7e4b45ea-70a6-4626-b673-3abb26e05abb","dc_title":"Raadsvergadering 2020-04-14 - Voorstel inzake eerste begrotingswijziging 2020 GR WOZL","dc_type":"2c","dc_type_description":"Vergaderstuk decentrale overheid","foi_fairiscoreVersions":{"v1":3,"v2":3},"foi_files":[{"dc_format":"application/pdf","dc_identifier":"nl.gm1954.2c.2020.2830360-3.doc.3","dc_source":"https://api1.ibabs.eu/publicdownload.aspx?site=Beekdaelen&id=3bd78ab5-f270-4464-a61e-f42fb7044669","dc_title":"Bijlage 1 1e begrotingswijziging 2020 WOZL","dc_type":"bijlage","foi_fairiscoreVersions":{"v1":4,"v2":4},"foi_fileName":"1e%20begrotingswijziging%202020%20WOZL.pdf","foi_nrPages":20},{"dc_format":"application/pdf","dc_identifier":"nl.gm1954.2c.2020.2830360-3.doc.5","dc_source":"https://api1.ibabs.eu/publicdownload.aspx?site=Beekdaelen&id=65278ad0-f4f2-4556-a440-88d23887fb17","dc_title":"bijlage 3 Concept brief aan WOZL inzake te nemen raadsbesluit","dc_type":"bijlage","foi_fairiscoreVersions":{"v1":2,"v2":1},"foi_fileName":"Concept%20brief%20aan%20WOZL.pdf","foi_nrPages":2},{"dc_format":"application/pdf","dc_identifier":"nl.gm1954.2c.2020.2830360-3.doc.4","dc_source":"https://api1.ibabs.eu/publicdownload.aspx?site=Beekdaelen&id=e97a1286-77ca-4a98-a271-5ddb98d47307","dc_title":"Bijlage 2 Factsheet 1e begrotingswijziging 2020 WOZL","dc_type":"bijlage","foi_fairiscoreVersions":{"v1":4,"v2":4},"foi_fileName":"Factsheet%201e%20begrotingswijziging%202020%20WOZL.pdf","foi_nrPages":4},{"dc_format":"application/pdf","dc_identifier":"nl.gm1954.2c.2020.2830360-3.doc.2","dc_source":"https://api1.ibabs.eu/publicdownload.aspx?site=Beekdaelen&id=8d3f7a56-a24d-4891-b8f2-aac66db17a24","dc_title":"Raadsbesluit inzake eerste begrotingswijziging 2020 GR WOZL vastgesteld raad 140402020","dc_type":"bijlage","foi_fairiscoreVersions":{"v1":1,"v2":1},"foi_fileName":"RB%20inzake%20eerste%20begrotingswijziging%202020%20WOZL.pdf","foi_nrPages":1},{"dc_format":"application/pdf","dc_identifier":"nl.gm1954.2c.2020.2830360-3.doc.1","dc_source":"https://api1.ibabs.eu/publicdownload.aspx?site=Beekdaelen&id=2e20a057-a2c1-4777-b35c-7546ea3a6cff","dc_title":"Raadsvoorstel inzake eerste begrotingswijziging 2020 GR WOZL","dc_type":"bijlage","foi_fairiscoreVersions":{"v1":1,"v2":1},"foi_fileName":"RV%20inzake%20eerste%20begrotingswijziging%202020%20WOZL.pdf","foi_nrPages":3}],"foi_nrDocuments":5,"foi_nrPagesInDossier":30,"foi_publishedDate":"2020-04-14","foi_retrievedDate":"2026-03-03"},{"dc_creator":"HandelingScraper_v1","dc_date_year":2020,"dc_description":"Vergadering van de Gemeente Beekdaelen op 2020-04-14. Onderdeel: Voorstel inzake 1e begrotingswijziging 2020 GR WSP Parkstad.","dc_identifier":"nl.gm1954.2c.2020.2830360-4","dc_publisher":"gm1954","dc_source":"https://beekdaelen.bestuurlijkeinformatie.nl/Agenda/Index/7e4b45ea-70a6-4626-b673-3abb26e05abb","dc_title":"Raadsvergadering 2020-04-14 - Voorstel inzake 1e begrotingswijziging 2020 GR WSP Parkstad","dc_type":"2c","dc_type_description":"Vergaderstuk decentrale overheid","foi_fairiscoreVersions":{"v1":3,"v2":3},"foi_files":[{"dc_format":"application/pdf","dc_identifier":"nl.gm1954.2c.2020.2830360-4.doc.3","dc_source":"https://api1.ibabs.eu/publicdownload.aspx?site=Beekdaelen&id=687f9c7a-0a35-49e4-b130-f9a76290df65","dc_title":"1e begrotingswijzingen 20 GR WSP Parkstad","dc_type":"bijlage","foi_fairiscoreVersions":{"v1":4,"v2":4},"foi_fileName":"1e%20begrotingswijzingen%2020%20GR%20WSP%20Parkstad.pdf","foi_nrPages":24},{"dc_format":"application/pdf","dc_identifier":"nl.gm1954.2c.2020.2830360-4.doc.4","dc_source":"https://api1.ibabs.eu/publicdownload.aspx?site=Beekdaelen&id=51ca9679-003c-4ed2-8416-3f3ba6cbf1b4","dc_title":"Factsheet WSP eerste begrotingswijziging","dc_type":"bijlage","foi_fairiscoreVersions":{"v1":4,"v2":4},"foi_fileName":"bijlagen.pdf","foi_nrPages":5},{"dc_format":"application/pdf","dc_identifier":"nl.gm1954.2c.2020.2830360-4.doc.1","dc_source":"https://api1.ibabs.eu/publicdownload.aspx?site=Beekdaelen&id=4d9e3ed8-a8e9-4c92-af51-b23400703a62","dc_title":"Raadsvoorstel 1e begrotingswijziging 2020 WSP ter zienswijze","dc_type":"bijlage","foi_fairiscoreVersions":{"v1":1,"v2":1},"foi_fileName":"Z%2F20%2F138201%20-%20218813%20-%20Raadsvoorstel%201e%20begrotingswijziging%202020%20WSP%20ter%20zienswijze.pdf","foi_nrPages":4},{"dc_format":"application/pdf","dc_identifier":"nl.gm1954.2c.2020.2830360-4.doc.2","dc_source":"https://api1.ibabs.eu/publicdownload.aspx?site=Beekdaelen&id=70380dd1-7b03-405b-b8e6-aabf5470cc20","dc_title":"Raadsbesluit 1e begrotingswijziging 2020 WSP vastgesteld raad 14042020","dc_type":"bijlage","foi_fairiscoreVersions":{"v1":1,"v2":1},"foi_fileName":"Z%2F20%2F138201%20-%20218851%20-%20Raadsbesluit%201e%20begrotingswijziging%202020%20WSP.pdf","foi_nrPages":1},{"dc_format":"application/pdf","dc_identifier":"nl.gm1954.2c.2020.2830360-4.doc.5","dc_source":"https://api1.ibabs.eu/publicdownload.aspx?site=Beekdaelen&id=39d4c707-48c9-42e6-b910-c7582283c595","dc_title":"Zienswijze raad aan bestuur GR WSP PL","dc_type":"bijlage","foi_fairiscoreVersions":{"v1":1,"v2":1},"foi_fileName":"Z%2F20%2F138201%20-%20219166%20-%20Zienswijze%20raad%20aan%20bestuur%20GR%20WSP%20PL.pdf","foi_nrPages":1}],"foi_nrDocuments":5,"foi_nrPagesInDossier":35,"foi_publishedDate":"2020-04-14","foi_retrievedDate":"2026-03-02"},{"dc_creator":"HandelingScraper_v1","dc_date_year":2020,"dc_description":"Vergadering van de Gemeente Beekdaelen op 2020-04-14. Onderdeel: Voorstel inzake wijziging GR BsGW.","dc_identifier":"nl.gm1954.2c.2020.2830360-5","dc_publisher":"gm1954","dc_source":"https://beekdaelen.bestuurlijkeinformatie.nl/Agenda/Index/7e4b45ea-70a6-4626-b673-3abb26e05abb","dc_title":"Raadsvergadering 2020-04-14 - Voorstel inzake wijziging GR BsGW","dc_type":"2c","dc_type_description":"Vergaderstuk decentrale overheid","foi_fairiscoreVersions":{"v1":3,"v2":3},"foi_files":[{"dc_format":"application/pdf","dc_identifier":"nl.gm1954.2c.2020.2830360-5.doc.3","dc_source":"https://api1.ibabs.eu/publicdownload.aspx?site=Beekdaelen&id=4addd753-54f8-45fe-88d6-d048b633b201","dc_title":"Raadsvoorstel inzake wijziging GR BsGW","dc_type":"bijlage","foi_fairiscoreVersions":{"v1":1,"v2":1},"foi_fileName":"aangepast.pdf","foi_nrPages":5},{"dc_format":"application/pdf","dc_identifier":"nl.gm1954.2c.2020.2830360-5.doc.1","dc_source":"https://api1.ibabs.eu/publicdownload.aspx?site=Beekdaelen&id=e06b2ea3-1aea-44a3-a98e-042c5ed0853d","dc_title":"Gewijzigde GR BwGW","dc_type":"bijlage","foi_fairiscoreVersions":{"v1":4,"v2":4},"foi_fileName":"bijlage%201.pdf","foi_nrPages":19},{"dc_format":"application/pdf","dc_identifier":"nl.gm1954.2c.2020.2830360-5.doc.2","dc_source":"https://api1.ibabs.eu/publicdownload.aspx?site=Beekdaelen&id=7bd350ee-419b-42e9-97a1-9e11bec36f98","dc_title":"Gewijzigde GR BsGW incl. oude teksten","dc_type":"bijlage","foi_fairiscoreVersions":{"v1":3,"v2":3},"foi_fileName":"bijlage%202.pdf","foi_nrPages":24},{"dc_format":"application/pdf","dc_identifier":"nl.gm1954.2c.2020.2830360-5.doc.4","dc_source":"https://api1.ibabs.eu/publicdownload.aspx?site=Beekdaelen&id=0c182628-501b-4861-8b68-35ecd1beb9ff","dc_title":"Raadsbesluit inzake wijziging GR BsGW vastgesteld raad 14042020","dc_type":"bijlage","foi_fairiscoreVersions":{"v1":1,"v2":1},"foi_fileName":"Z%2F19%2F135087%20-%20221733%20-%20Raadsbesluit%20wijziging%20GR%20BsGW.pdf","foi_nrPages":1}],"foi_nrDocuments":4,"foi_nrPagesInDossier":49,"foi_publishedDate":"2020-04-14","foi_retrievedDate":"2026-02-12"},{"dc_creator":"HandelingScraper_v1","dc_date_year":2020,"dc_description":"Vergadering van de Gemeente Beekdaelen op 2020-04-14. Onderdeel: Voorstel inzake toestemming om in te stemmen met technische wijziging GR Stadsregio Parkstad Limburg.","dc_identifier":"nl.gm1954.2c.2020.2830360-6","dc_publisher":"gm1954","dc_source":"https://beekdaelen.bestuurlijkeinformatie.nl/Agenda/Index/7e4b45ea-70a6-4626-b673-3abb26e05abb","dc_title":"Raadsvergadering 2020-04-14 - Voorstel inzake toestemming om in te stemmen met technische wijziging GR Stadsregio Parkstad Limburg","dc_type":"2c","dc_type_description":"Vergaderstuk decentrale overheid","foi_fairiscoreVersions":{"v1":3,"v2":3},"foi_files":[{"dc_format":"application/pdf","dc_identifier":"nl.gm1954.2c.2020.2830360-6.doc.3","dc_source":"https://api1.ibabs.eu/publicdownload.aspx?site=Beekdaelen&id=3f9b71e3-dcd4-4619-acbc-2615c0394799","dc_title":"Bijlage 1 Brief Stadsregio Parkstad d.d. 28 jan 2020 inzake technische wijziging GR Stadsregio Parkstad Limburg","dc_type":"bijlage","foi_fairiscoreVersions":{"v1":5,"v2":5},"foi_fileName":"Bijlage%201%20Brief%20Stadsregio%20Parkstad%20d.d.%2028%20jan%202020%20inzake%20technische%20wijziging%20GR%20Stadsregio%20Parkstad%20Limburg.pdf","foi_nrPages":2},{"dc_format":"application/pdf","dc_identifier":"nl.gm1954.2c.2020.2830360-6.doc.4","dc_source":"https://api1.ibabs.eu/publicdownload.aspx?site=Beekdaelen&id=0d3ee64e-6ec8-4a09-844b-123204509a78","dc_title":"Bijlage 2 Gewijzigde GR Stadsregio Parkstad Limburg per 01012020","dc_type":"bijlage","foi_fairiscoreVersions":{"v1":1,"v2":1},"foi_fileName":"Bijlage%202%20Gewijzigde%20GR%20Stadsregio%20Parkstad%20Limburg%20per%2001012020.pdf","foi_nrPages":17},{"dc_format":"application/pdf","dc_identifier":"nl.gm1954.2c.2020.2830360-6.doc.5","dc_source":"https://api1.ibabs.eu/publicdownload.aspx?site=Beekdaelen&id=0906e9bd-918e-4cad-b7ea-69d912f47ca5","dc_title":"Bijlage 3 Gewijzigde GR Stadsregio Parkstad Limburg 2020 incl. oude teksten","dc_type":"bijlage","foi_fairiscoreVersions":{"v1":1,"v2":1},"foi_fileName":"Bijlage%203%20Gewijzigde%20GR%20Stadsregio%20Parkstad%20Limburg%202020%20incl.%20oude%20teksten.pdf","foi_nrPages":17},{"dc_format":"application/pdf","dc_identifier":"nl.gm1954.2c.2020.2830360-6.doc.6","dc_source":"https://api1.ibabs.eu/publicdownload.aspx?site=Beekdaelen&id=f7dae988-ae0f-4caa-b179-2e2c3aa6253c","dc_title":"Bijlage 4 Overzicht wijzigingen GR Stadsregio Parkstad Limburg 2020","dc_type":"bijlage","foi_fairiscoreVersions":{"v1":1,"v2":1},"foi_fileName":"Bijlage%204%20Overzicht%20wijzigingen%20GR%20Stadsregio%20Parkstad%20Limburg%202020.pdf","foi_nrPages":1},{"dc_format":"application/pdf","dc_identifier":"nl.gm1954.2c.2020.2830360-6.doc.7","dc_source":"https://api1.ibabs.eu/publicdownload.aspx?site=Beekdaelen&id=462da120-e985-4b49-b443-6a5977388bb5","dc_title":"Bijlage 5 Handtekeningenpagina bij GR Stadsregio Parkstad Limburg 2020","dc_type":"bijlage","foi_fairiscoreVersions":{"v1":1,"v2":1},"foi_fileName":"Bijlage%205%20Handtekeningenpagina%20bij%20GR%20Stadsregio%20Parkstad%20Limburg%202020.pdf","foi_nrPages":1},{"dc_format":"application/pdf","dc_identifier":"nl.gm1954.2c.2020.2830360-6.doc.8","dc_source":"https://api1.ibabs.eu/publicdownload.aspx?site=Beekdaelen&id=d7518c7a-e6a4-4009-b625-abcfed09ab66","dc_title":"Bijlage 6 brief aan AB Stadsregio Parkstad","dc_type":"bijlage","foi_fairiscoreVersions":{"v1":5,"v2":5},"foi_fileName":"Bijlage%206%20brief%20aan%20AB%20Stadsregio%20Parkstad.pdf","foi_nrPages":1},{"dc_format":"application/pdf","dc_identifier":"nl.gm1954.2c.2020.2830360-6.doc.9","dc_source":"https://api1.ibabs.eu/publicdownload.aspx?site=Beekdaelen&id=a3bab848-bd76-4700-821d-1a3523bf4b3f","dc_title":"Bijlage 7 brief aan GS","dc_type":"bijlage","foi_fairiscoreVersions":{"v1":5,"v2":5},"foi_fileName":"Bijlage%207%20brief%20aan%20GS.pdf","foi_nrPages":1},{"dc_format":"application/pdf","dc_identifier":"nl.gm1954.2c.2020.2830360-6.doc.10","dc_source":"https://api1.ibabs.eu/publicdownload.aspx?site=Beekdaelen&id=9276dcec-ab6b-4de2-af2c-7f755025d553","dc_title":"Memorie van antwoord technische vragen BL inzake RV wijziging GR Parkstad versie 9 april 2020.docx","dc_type":"bijlage","foi_fairiscoreVersions":{"v1":1,"v2":1},"foi_fileName":"Memorie%20van%20antwoord%20technische%20vragen%20BL%20inzake%20RV%20wijziging%20GR%20Parkstad%20versie%209%20april%202020.pdf","foi_nrPages":5},{"dc_format":"application/pdf","dc_identifier":"nl.gm1954.2c.2020.2830360-6.doc.2","dc_source":"https://api1.ibabs.eu/publicdownload.aspx?site=Beekdaelen&id=540850ae-cf7f-48d4-9277-991adca5da45","dc_title":"Raadsbesluit inzake wijziging GR Stadsregio Parkstad vastgesteld raad 14042020","dc_type":"bijlage","foi_fairiscoreVersions":{"v1":5,"v2":5},"foi_fileName":"RB%20wijziging%20GR%20Stadsregio%20Parkstad.pdf","foi_nrPages":1},{"dc_format":"application/pdf","dc_identifier":"nl.gm1954.2c.2020.2830360-6.doc.1","dc_source":"https://api1.ibabs.eu/publicdownload.aspx?site=Beekdaelen&id=7908f39d-3996-4b16-970c-f6fc1fa68d72","dc_title":"Raadsvoorstel inzake wijziging GR Stadsregio Parkstad","dc_type":"bijlage","foi_fairiscoreVersions":{"v1":5,"v2":5},"foi_fileName":"RV%20wijziging%20GR%20Stadsregio%20Parkstad.pdf","foi_nrPages":2}],"foi_nrDocuments":10,"foi_nrPagesInDossier":48,"foi_publishedDate":"2020-04-14","foi_retrievedDate":"2026-02-05"},{"dc_creator":"HandelingScraper_v1","dc_date_year":2020,"dc_description":"Vergadering van de Gemeente Beekdaelen op 2020-04-14. Onderdeel: Voorstel inzake archiefverordening gemeente Beekdaelen 2020.","dc_identifier":"nl.gm1954.2c.2020.2830360-7","dc_publisher":"gm1954","dc_source":"https://beekdaelen.bestuurlijkeinformatie.nl/Agenda/Index/7e4b45ea-70a6-4626-b673-3abb26e05abb","dc_title":"Raadsvergadering 2020-04-14 - Voorstel inzake archiefverordening gemeente Beekdaelen 2020","dc_type":"2c","dc_type_description":"Vergaderstuk decentrale overheid","foi_fairiscoreVersions":{"v1":1,"v2":1},"foi_files":[{"dc_format":"application/pdf","dc_identifier":"nl.gm1954.2c.2020.2830360-7.doc.3","dc_source":"https://api1.ibabs.eu/publicdownload.aspx?site=Beekdaelen&id=81810fef-88f2-4e79-997b-817a57fcc53f","dc_title":"Archiefverordening gemeente Beekdaelen 2020","dc_type":"bijlage","foi_fairiscoreVersions":{"v1":1,"v2":1},"foi_fileName":"Z%2F20%2F137971%20-%20220073%20-%20Archiefverordening%20gemeente%20Beekdaelen%202020.pdf","foi_nrPages":7},{"dc_format":"application/pdf","dc_identifier":"nl.gm1954.2c.2020.2830360-7.doc.2","dc_source":"https://api1.ibabs.eu/publicdownload.aspx?site=Beekdaelen&id=4265c315-aebe-49e4-8f79-cdb729a72d68","dc_title":"Raadsbesluit archiefverordening gemeente Beekdaelen 2020 vastgesteld raad 140402020","dc_type":"bijlage","foi_fairiscoreVersions":{"v1":1,"v2":1},"foi_fileName":"Z%2F20%2F137971%20-%20221695%20-%20Raadsbesluit%20archiefverordening%20gemeente%20Beekdaelen%202020.pdf","foi_nrPages":1},{"dc_format":"application/pdf","dc_identifier":"nl.gm1954.2c.2020.2830360-7.doc.1","dc_source":"https://api1.ibabs.eu/publicdownload.aspx?site=Beekdaelen&id=57d26a7b-c8fb-473e-a01a-5969d458def4","dc_title":"Raadsvoorstel archiefverordening gemeente Beekdaelen 2020","dc_type":"bijlage","foi_fairiscoreVersions":{"v1":1,"v2":1},"foi_fileName":"Z%2F20%2F137971%20-%20221702%20-%20%20Raadsvoorstel%20archiefverordening%20gemeente%20Beekdaelen%202020.pdf","foi_nrPages":2}],"foi_nrDocuments":3,"foi_nrPagesInDossier":10,"foi_publishedDate":"2020-04-14","foi_retrievedDate":"2025-11-30"},{"dc_creator":"HandelingScraper_v1","dc_date_year":2020,"dc_description":"Vergadering van de Gemeente Beekdaelen op 2020-04-14. Onderdeel: Voorstel inzake beleidsuitgangspunten gladheidbestrijding Beekdaelen.","dc_identifier":"nl.gm1954.2c.2020.2830360-8","dc_publisher":"gm1954","dc_source":"https://beekdaelen.bestuurlijkeinformatie.nl/Agenda/Index/7e4b45ea-70a6-4626-b673-3abb26e05abb","dc_title":"Raadsvergadering 2020-04-14 - Voorstel inzake beleidsuitgangspunten gladheidbestrijding Beekdaelen","dc_type":"2c","dc_type_description":"Vergaderstuk decentrale overheid","foi_fairiscoreVersions":{"v1":null,"v2":null},"foi_files":[{"dc_format":"application/pdf","dc_identifier":"nl.gm1954.2c.2020.2830360-8.doc.1","dc_source":"https://api1.ibabs.eu/publicdownload.aspx?site=Beekdaelen&id=ff8d31e3-f8a3-4217-878c-40890640f191","dc_title":"Raadsvoorstel inzake beleidsuitgangspunten Gladheidbestrijding Beekdaelen","dc_type":"bijlage","foi_fileName":"RV%20beleidsuitgangspunten%20Gladheidbestrijding%20Beekdaelen.pdf"},{"dc_format":"application/pdf","dc_identifier":"nl.gm1954.2c.2020.2830360-8.doc.3","dc_source":"https://api1.ibabs.eu/publicdownload.aspx?site=Beekdaelen&id=8bea9b1f-4bcd-4ac9-95ed-547d111bdf5f","dc_title":"Beleidsuitgangspunten Gladheidbestrijding Beekdaelen","dc_type":"bijlage","foi_fileName":"Z%2F19%2F136465%20-%20215096%20-%20Beleidsuitgangspunten%20Gladheidbestrijding%20Beekdaelen.pdf"},{"dc_format":"application/pdf","dc_identifier":"nl.gm1954.2c.2020.2830360-8.doc.2","dc_source":"https://api1.ibabs.eu/publicdownload.aspx?site=Beekdaelen&id=92d892b8-b9d1-4fb5-8a10-b2de7009e0de","dc_title":"Raadsbesluit inzake beleidsuitgangspunten gladheidsbestrijding Beekdaelen vastgesteld raad 140402020","dc_type":"bijlage","foi_fileName":"Z%2F19%2F136465%20-%20216047.pdf"}],"foi_nrDocuments":3,"foi_nrPagesInDossier":0,"foi_publishedDate":"2020-04-14","foi_retrievedDate":"2025-12-01"},{"dc_creator":"HandelingScraper_v1","dc_date_year":2020,"dc_description":"Vergadering van de Gemeente Beekdaelen op 2020-04-14. Onderdeel: Voorstel inzake aanpassing bestemmingsplan bedrijventerrein Rode Beek.","dc_identifier":"nl.gm1954.2c.2020.2830360-9","dc_publisher":"gm1954","dc_source":"https://beekdaelen.bestuurlijkeinformatie.nl/Agenda/Index/7e4b45ea-70a6-4626-b673-3abb26e05abb","dc_title":"Raadsvergadering 2020-04-14 - Voorstel inzake aanpassing bestemmingsplan bedrijventerrein Rode Beek","dc_type":"2c","dc_type_description":"Vergaderstuk decentrale overheid","foi_fairiscoreVersions":{"v1":1,"v2":1},"foi_files":[{"dc_format":"application/pdf","dc_identifier":"nl.gm1954.2c.2020.2830360-9.doc.2","dc_source":"https://api1.ibabs.eu/publicdownload.aspx?site=Beekdaelen&id=d4a2719d-d7dd-4fc1-bb6c-82475c9f3031","dc_title":"Raadsbesluit aanpassing bestemmingsplan Rode Beek vastgesteld raad 14042020","dc_type":"bijlage","foi_fairiscoreVersions":{"v1":1,"v2":1},"foi_fileName":"Raadsbesluit%20aanpassing%20bestemmingsplan%20Rode%20Beek.pdf","foi_nrPages":1},{"dc_format":"application/pdf","dc_identifier":"nl.gm1954.2c.2020.2830360-9.doc.1","dc_source":"https://api1.ibabs.eu/publicdownload.aspx?site=Beekdaelen&id=371f6bfe-d570-4cfd-a4bf-02402dd08cf0","dc_title":"Raadsvoorstel aanpassing bestemmingsplan Rode Beek","dc_type":"bijlage","foi_fairiscoreVersions":{"v1":1,"v2":1},"foi_fileName":"Z%2F19%2F124369%20-%20226514%20-.pdf","foi_nrPages":2}],"foi_nrDocuments":2,"foi_nrPagesInDossier":3,"foi_publishedDate":"2020-04-14","foi_retrievedDate":"2026-02-12"},{"dc_creator":"HandelingScraper_v1","dc_date_year":2020,"dc_description":"Vergadering van de Gemeente Beekdaelen op 2020-04-28. Onderdeel: Algemeen.","dc_identifier":"nl.gm1954.2c.2020.2830401-1","dc_publisher":"gm1954","dc_source":"https://beekdaelen.bestuurlijkeinformatie.nl/Agenda/Index/6632ac18-bd8d-4c0a-99e7-026f70b2c6b9","dc_title":"Commissie Sociaal & BV (t/m april 2022) 2020-04-28 - Algemeen","dc_type":"2c","dc_type_description":"Vergaderstuk decentrale overheid","foi_fairiscoreVersions":{"v1":1,"v2":1},"foi_files":[{"dc_format":"application/pdf","dc_identifier":"nl.gm1954.2c.2020.2830401-1.doc.1","dc_source":"https://api1.ibabs.eu/publicdownload.aspx?site=Beekdaelen&id=a21accad-de97-4e93-8bf5-266e2cc248a7","dc_title":"Technische vragen BL commissie sociaal 28 april 2020","dc_type":"bijlage","foi_fairiscoreVersions":{"v1":1,"v2":1},"foi_fileName":"Technische%20vragen%20BL%20commissie%20sociaal%2028%20april%202020.pdf","foi_nrPages":4},{"dc_format":"application/pdf","dc_identifier":"nl.gm1954.2c.2020.2830401-1.doc.3","dc_source":"https://api1.ibabs.eu/publicdownload.aspx?site=Beekdaelen&id=6ab63e0d-81b8-466b-bc9d-4c48141465cc","dc_title":"Technische vragen CDA commissie sociaal 28 en commissie ruimte 30 april 2020","dc_type":"bijlage","foi_fairiscoreVersions":{"v1":1,"v2":1},"foi_fileName":"Technische%20vragen%20CDA%20commissie%20sociaal%2028%20en%20commissie%20ruimte%2030%20april%202020.pdf","foi_nrPages":2},{"dc_format":"application/pdf","dc_identifier":"nl.gm1954.2c.2020.2830401-1.doc.2","dc_source":"https://api1.ibabs.eu/publicdownload.aspx?site=Beekdaelen&id=0400b416-7492-4a80-8fda-3ebf99604be0","dc_title":"Technische vragen VVD commissie sociaal 28 april 2020","dc_type":"bijlage","foi_fairiscoreVersions":{"v1":1,"v2":1},"foi_fileName":"Technische%20vragen%20VVD%20commissie%20sociaal%2028%20april%202020.pdf","foi_nrPages":4}],"foi_nrDocuments":3,"foi_nrPagesInDossier":10,"foi_publishedDate":"2020-04-28","foi_retrievedDate":"2026-03-02"},{"dc_creator":"HandelingScraper_v1","dc_date_year":2020,"dc_description":"Vergadering van de Gemeente Beekdaelen op 2020-04-28. Onderdeel: Nader voorstel inzake gemeentelijke huisvesting Beekdaelen.","dc_identifier":"nl.gm1954.2c.2020.2830401-10","dc_publisher":"gm1954","dc_source":"https://beekdaelen.bestuurlijkeinformatie.nl/Agenda/Index/6632ac18-bd8d-4c0a-99e7-026f70b2c6b9","dc_title":"Commissie Sociaal & BV (t/m april 2022) 2020-04-28 - Nader voorstel inzake gemeentelijke huisvesting Beekdaelen","dc_type":"2c","dc_type_description":"Vergaderstuk decentrale overheid","foi_fairiscoreVersions":{"v1":1,"v2":1},"foi_files":[{"dc_format":"application/pdf","dc_identifier":"nl.gm1954.2c.2020.2830401-10.doc.1","dc_source":"https://api1.ibabs.eu/publicdownload.aspx?site=Beekdaelen&id=965b2c15-0884-4d88-abd3-95a3c2176c35","dc_title":"Memorie van Antwoord technische vragen stroperig proces huisvesting (D1)","dc_type":"bijlage","foi_fairiscoreVersions":{"v1":1,"v2":1},"foi_fileName":"Memorie%20van%20Antwoord%20technische%20vragen%20stroperig%20proces%20huisvesting%20%28D1%29.pdf","foi_nrPages":1}],"foi_nrDocuments":1,"foi_nrPagesInDossier":1,"foi_publishedDate":"2020-04-28","foi_retrievedDate":"2026-01-22"},{"dc_creator":"HandelingScraper_v1","dc_date_year":2020,"dc_description":"Vergadering van de Gemeente Beekdaelen op 2020-04-28. Onderdeel: Opening, mededelingen voorzitter en vaststellen agenda.","dc_identifier":"nl.gm1954.2c.2020.2830401-2","dc_publisher":"gm1954","dc_source":"https://beekdaelen.bestuurlijkeinformatie.nl/Agenda/Index/6632ac18-bd8d-4c0a-99e7-026f70b2c6b9","dc_title":"Commissie Sociaal & BV (t/m april 2022) 2020-04-28 - Opening, mededelingen voorzitter en vaststellen agenda","dc_type":"2c","dc_type_description":"Vergaderstuk decentrale overheid","foi_fairiscoreVersions":{"v1":1,"v2":1},"foi_files":[{"dc_format":"application/pdf","dc_identifier":"nl.gm1954.2c.2020.2830401-2.doc.1","dc_source":"https://api1.ibabs.eu/publicdownload.aspx?site=Beekdaelen&id=49d27ff4-7831-4df5-a85d-801c19922a9d","dc_title":"Vastgestelde agenda cie. Sociaal 28 april 2020","dc_type":"bijlage","foi_fairiscoreVersions":{"v1":1,"v2":1},"foi_fileName":"Vastgestelde%20agenda%20cie%2028%20april%202020.pdf","foi_nrPages":1}],"foi_nrDocuments":1,"foi_nrPagesInDossier":1,"foi_publishedDate":"2020-04-28","foi_retrievedDate":"2025-11-30"},{"dc_creator":"HandelingScraper_v1","dc_date_year":2020,"dc_description":"Vergadering van de Gemeente Beekdaelen op 2020-04-28. Onderdeel: Spreekrecht burgers.","dc_identifier":"nl.gm1954.2c.2020.2830401-3","dc_publisher":"gm1954","dc_source":"https://beekdaelen.bestuurlijkeinformatie.nl/Agenda/Index/6632ac18-bd8d-4c0a-99e7-026f70b2c6b9","dc_title":"Commissie Sociaal & BV (t/m april 2022) 2020-04-28 - Spreekrecht burgers","dc_type":"2c","dc_type_description":"Vergaderstuk decentrale overheid","foi_fairiscoreVersions":{"v1":1,"v2":1},"foi_files":[{"dc_format":"application/pdf","dc_identifier":"nl.gm1954.2c.2020.2830401-3.doc.1","dc_source":"https://api1.ibabs.eu/publicdownload.aspx?site=Beekdaelen&id=d6674276-7708-46e9-a135-fc767fa0166f","dc_title":"Bestuur bibliotheek Nuth - bijdrage debat over harmonisering bibliotheekbeleid cie sociaal 28 april 2020","dc_type":"bijlage","foi_fairiscoreVersions":{"v1":1,"v2":1},"foi_fileName":"Bestuur%20bibbliotheek%20Nuth%20-%20bijdrage%20debat%20over%20harmonisering%20bibliotheekbeleid%20cie%20sociaal%2028%20april%202020.pdf","foi_nrPages":1},{"dc_format":"application/pdf","dc_identifier":"nl.gm1954.2c.2020.2830401-3.doc.2","dc_source":"https://api1.ibabs.eu/publicdownload.aspx?site=Beekdaelen&id=e195672b-afe6-42c4-afc0-4fe96a4302ae","dc_title":"Tekst inspraak dhr. J. Hermkens bestuur bibbliotheek Nuth cie sociaal 28 april 2020","dc_type":"bijlage","foi_fairiscoreVersions":{"v1":1,"v2":1},"foi_fileName":"Tekst%20inspraak%20dhr.%20J.%20Hermkens%20bestuur%20bibbliotheek%20Nuth%20cie%20sociaal%2028%20april%202020.pdf","foi_nrPages":2}],"foi_nrDocuments":2,"foi_nrPagesInDossier":3,"foi_publishedDate":"2020-04-28","foi_retrievedDate":"2026-03-02"},{"dc_creator":"HandelingScraper_v1","dc_date_year":2020,"dc_description":"Vergadering van de Gemeente Beekdaelen op 2020-04-28. Onderdeel: Vaststellen actiepuntenlijst van de gecombineerde commissie d.d. 26 maart 2020.","dc_identifier":"nl.gm1954.2c.2020.2830401-4","dc_publisher":"gm1954","dc_source":"https://beekdaelen.bestuurlijkeinformatie.nl/Agenda/Index/6632ac18-bd8d-4c0a-99e7-026f70b2c6b9","dc_title":"Commissie Sociaal & BV (t/m april 2022) 2020-04-28 - Vaststellen actiepuntenlijst van de gecombineerde commissie d.d. 26 maart 2020","dc_type":"2c","dc_type_description":"Vergaderstuk decentrale overheid","foi_fairiscoreVersions":{"v1":1,"v2":1},"foi_files":[{"dc_format":"application/pdf","dc_identifier":"nl.gm1954.2c.2020.2830401-4.doc.1","dc_source":"https://api1.ibabs.eu/publicdownload.aspx?site=Beekdaelen&id=c399585f-4f32-4f3d-be64-235f802baa78","dc_title":"Actiepuntenlijst gecombineerde commissievergadering d.d. 26 maart 2020","dc_type":"bijlage","foi_fairiscoreVersions":{"v1":1,"v2":1},"foi_fileName":"Actiepuntenlijst%20gecombineerde%20commissievergadering%20d.d.%2026%20maart%202020.pdf","foi_nrPages":5}],"foi_nrDocuments":1,"foi_nrPagesInDossier":5,"foi_publishedDate":"2020-04-28","foi_retrievedDate":"2025-11-29"},{"dc_creator":"HandelingScraper_v1","dc_date_year":2020,"dc_description":"Vergadering van de Gemeente Beekdaelen op 2020-04-28. Onderdeel: Vaststellen lijst van toezeggingen van de commissie sociaal.","dc_identifier":"nl.gm1954.2c.2020.2830401-5","dc_publisher":"gm1954","dc_source":"https://beekdaelen.bestuurlijkeinformatie.nl/Agenda/Index/6632ac18-bd8d-4c0a-99e7-026f70b2c6b9","dc_title":"Commissie Sociaal & BV (t/m april 2022) 2020-04-28 - Vaststellen lijst van toezeggingen van de commissie sociaal","dc_type":"2c","dc_type_description":"Vergaderstuk decentrale overheid","foi_fairiscoreVersions":{"v1":1,"v2":1},"foi_files":[{"dc_format":"application/pdf","dc_identifier":"nl.gm1954.2c.2020.2830401-5.doc.1","dc_source":"https://api1.ibabs.eu/publicdownload.aspx?site=Beekdaelen&id=8ab970d9-e902-41ec-bbfb-ef44620fd244","dc_title":"Lijst toezeggingen Cie. Sociaal versie 06042020","dc_type":"bijlage","foi_fairiscoreVersions":{"v1":1,"v2":1},"foi_fileName":"Lijst%20toezeggingen%20Cie.%20Sociaal%20cf%20vaststelling%20cie.%2026032020%20incl.%20bijwerking%20college%20mrt%202020%20versie%2006042020.pdf","foi_nrPages":8},{"dc_format":"application/pdf","dc_identifier":"nl.gm1954.2c.2020.2830401-5.doc.2","dc_source":"https://api1.ibabs.eu/publicdownload.aspx?site=Beekdaelen&id=afd2e69a-a930-4242-baba-86cf43511dbb","dc_title":"Memorie van Antwoord technische vragen BL vaststellen lijst toezeggingen","dc_type":"bijlage","foi_fairiscoreVersions":{"v1":1,"v2":1},"foi_fileName":"Memorie%20van%20Antwoord%20technische%20vragen%20BL%20vaststellen%20lijst%20toezegging.pdf","foi_nrPages":1}],"foi_nrDocuments":2,"foi_nrPagesInDossier":9,"foi_publishedDate":"2020-04-28","foi_retrievedDate":"2025-12-05"},{"dc_creator":"HandelingScraper_v1","dc_date_year":2020,"dc_description":"Vergadering van de Gemeente Beekdaelen op 2020-04-28. Onderdeel: Voorstel inzake ontwerpbegroting 2021 en meerjarenraming 2022 \u2013 2024 GR WOZL.","dc_identifier":"nl.gm1954.2c.2020.2830401-6","dc_publisher":"gm1954","dc_source":"https://beekdaelen.bestuurlijkeinformatie.nl/Agenda/Index/6632ac18-bd8d-4c0a-99e7-026f70b2c6b9","dc_title":"Commissie Sociaal & BV (t/m april 2022) 2020-04-28 - Voorstel inzake ontwerpbegroting 2021 en meerjarenraming 2022 \u2013 2024 GR WOZL","dc_type":"2c","dc_type_description":"Vergaderstuk decentrale overheid","foi_fairiscoreVersions":{"v1":2,"v2":2},"foi_files":[{"dc_format":"application/pdf","dc_identifier":"nl.gm1954.2c.2020.2830401-6.doc.5","dc_source":"https://api1.ibabs.eu/publicdownload.aspx?site=Beekdaelen&id=a6eabbff-a3b9-4d0e-9ec9-14f1efbd49ce","dc_title":"Bijlage 3 Brief aan WOZL inzake raadsbesluit","dc_type":"bijlage","foi_fairiscoreVersions":{"v1":2,"v2":1},"foi_fileName":"223848_1%20uitgaande%20brief%20bestuur%20WOZL.pdf","foi_nrPages":2},{"dc_format":"application/pdf","dc_identifier":"nl.gm1954.2c.2020.2830401-6.doc.3","dc_source":"https://api1.ibabs.eu/publicdownload.aspx?site=Beekdaelen&id=d55c840b-bea0-403c-8063-b956047f1bae","dc_title":"Bijlage 1 Begroting 2021 en meerjarenraming 2022-2024 GR WOZL","dc_type":"bijlage","foi_fairiscoreVersions":{"v1":4,"v2":4},"foi_fileName":"bijlage.pdf","foi_nrPages":35},{"dc_format":"application/pdf","dc_identifier":"nl.gm1954.2c.2020.2830401-6.doc.4","dc_source":"https://api1.ibabs.eu/publicdownload.aspx?site=Beekdaelen&id=7468546a-bc11-4dcb-bdc0-266b6848dda3","dc_title":"Bijlage 2 Factsheet begroting 2021 en meerjarenraming 2022-2024 GR WOZL","dc_type":"bijlage","foi_fairiscoreVersions":{"v1":4,"v2":4},"foi_fileName":"factsheet.pdf","foi_nrPages":3},{"dc_format":"application/pdf","dc_identifier":"nl.gm1954.2c.2020.2830401-6.doc.6","dc_source":"https://api1.ibabs.eu/publicdownload.aspx?site=Beekdaelen&id=c3d13c3f-43d1-4109-acc7-8a70d004d9ae","dc_title":"MVA Beekdaelen Lokaal inzake RV Begroting 2021 en meerjarenraming WOZL","dc_type":"bijlage","foi_fairiscoreVersions":{"v1":1,"v2":1},"foi_fileName":"MVA%20Beekdaelen%20Lokaal%20inzake%20RV%20Begroting%202021%20en%20meerjarenraming%20WOZL.pdf","foi_nrPages":3},{"dc_format":"application/pdf","dc_identifier":"nl.gm1954.2c.2020.2830401-6.doc.7","dc_source":"https://api1.ibabs.eu/publicdownload.aspx?site=Beekdaelen&id=52a52472-a585-4a5e-b796-c3d7b253e9c5","dc_title":"MVA CDA inzake RV begroting 2021 en meerjarenraming WOZL","dc_type":"bijlage","foi_fairiscoreVersions":{"v1":1,"v2":1},"foi_fileName":"MVA%20CDA%20inzake%20RV%20begroting%202021%20en%20meerjarenraming%20WOZL.pdf","foi_nrPages":1},{"dc_format":"application/pdf","dc_identifier":"nl.gm1954.2c.2020.2830401-6.doc.8","dc_source":"https://api1.ibabs.eu/publicdownload.aspx?site=Beekdaelen&id=043b5e0a-2607-4370-a685-87ecf2d333f2","dc_title":"MVA VVD inzake RV begroting 2021 en meerjarenraming WOZL","dc_type":"bijlage","foi_fairiscoreVersions":{"v1":1,"v2":1},"foi_fileName":"MVA%20VVD%20inzake%20RV%20begroting%202021%20en%20meerjarenraming%20WOZL.pdf","foi_nrPages":4},{"dc_format":"application/pdf","dc_identifier":"nl.gm1954.2c.2020.2830401-6.doc.9","dc_source":"https://api1.ibabs.eu/publicdownload.aspx?site=Beekdaelen&id=30c60863-014a-4b33-8421-fce01a327ba2","dc_title":"RIB WOZL WSP Corona 3 april 2020","dc_type":"bijlage","foi_fairiscoreVersions":{"v1":1,"v2":1},"foi_fileName":"RIB%20WOZL%20WSP%20Corona%203%20april%202020.pdf","foi_nrPages":1},{"dc_format":"application/pdf","dc_identifier":"nl.gm1954.2c.2020.2830401-6.doc.1","dc_source":"https://api1.ibabs.eu/publicdownload.aspx?site=Beekdaelen&id=89949cc5-d23a-441e-baf1-69b455cb6c1c","dc_title":"Raadsvoorstel inzake ontwerpbegroting 2021 en meerjarenraming 2022 \u2013 2024 GR WOZL","dc_type":"bijlage","foi_fairiscoreVersions":{"v1":2,"v2":1},"foi_fileName":"Z%2F20%2F139566%20-%20223576%20-%20Begroting%202021%20en%20meerjarenraming%202022-2024%20GR%20WOZL.pdf","foi_nrPages":3},{"dc_format":"application/pdf","dc_identifier":"nl.gm1954.2c.2020.2830401-6.doc.2","dc_source":"https://api1.ibabs.eu/publicdownload.aspx?site=Beekdaelen&id=6f83e564-265e-407e-b200-da5ef9ebd2c2","dc_title":"Raadsbesluit inzake ontwerpbegroting 2021 en meerjarenraming 2022 \u2013 2024 GR WOZL vastgesteld 19052020","dc_type":"bijlage","foi_fairiscoreVersions":{"v1":1,"v2":1},"foi_fileName":"Z%2F20%2F139566%20-%20223846%20-%20Bgeroting%202021%20met%20meerjarenraming%202022-2024%20GR%20WOZL.pdf","foi_nrPages":1}],"foi_nrDocuments":9,"foi_nrPagesInDossier":53,"foi_publishedDate":"2020-04-28","foi_retrievedDate":"2026-03-05"},{"dc_creator":"HandelingScraper_v1","dc_date_year":2020,"dc_description":"Vergadering van de Gemeente Beekdaelen op 2020-04-28. Onderdeel: Voorstel inzake ontwerpbegroting 2021 en meerjarenraming 2022 \u2013 2024 GR WSP.","dc_identifier":"nl.gm1954.2c.2020.2830401-7","dc_publisher":"gm1954","dc_source":"https://beekdaelen.bestuurlijkeinformatie.nl/Agenda/Index/6632ac18-bd8d-4c0a-99e7-026f70b2c6b9","dc_title":"Commissie Sociaal & BV (t/m april 2022) 2020-04-28 - Voorstel inzake ontwerpbegroting 2021 en meerjarenraming 2022 \u2013 2024 GR WSP","dc_type":"2c","dc_type_description":"Vergaderstuk decentrale overheid","foi_fairiscoreVersions":{"v1":2,"v2":2},"foi_files":[{"dc_format":"application/pdf","dc_identifier":"nl.gm1954.2c.2020.2830401-7.doc.3","dc_source":"https://api1.ibabs.eu/publicdownload.aspx?site=Beekdaelen&id=cea4e558-1f5b-4846-b823-d7b709d7f7bc","dc_title":"Bijlage 1 Ontwerpbegroting 2021 en meerjarenraming 2022 \u2013 2024 GR WSP","dc_type":"bijlage","foi_fairiscoreVersions":{"v1":4,"v2":4},"foi_fileName":"bijlage.pdf","foi_nrPages":30},{"dc_format":"application/pdf","dc_identifier":"nl.gm1954.2c.2020.2830401-7.doc.4","dc_source":"https://api1.ibabs.eu/publicdownload.aspx?site=Beekdaelen&id=1e0f2ddf-4f53-4ac6-818d-04271f3cee20","dc_title":"Bijlage 2 Factsheet ontwerpbegroting 2021 en meerjarenraming 2022 \u2013 2024 GR WSP","dc_type":"bijlage","foi_fairiscoreVersions":{"v1":4,"v2":4},"foi_fileName":"factsheet.pdf","foi_nrPages":4},{"dc_format":"application/pdf","dc_identifier":"nl.gm1954.2c.2020.2830401-7.doc.6","dc_source":"https://api1.ibabs.eu/publicdownload.aspx?site=Beekdaelen&id=33fad50b-548e-4fce-8f22-5c729647c916","dc_title":"MVA Beekdaelen Lokaal RV begroting 2021 en meerjarenraming WSP","dc_type":"bijlage","foi_fairiscoreVersions":{"v1":1,"v2":1},"foi_fileName":"MVA%20Beekdaelen%20Lokaal%20RV%20begroting%202021%20en%20meerjarenraming%20WSP.pdf","foi_nrPages":3},{"dc_format":"application/pdf","dc_identifier":"nl.gm1954.2c.2020.2830401-7.doc.7","dc_source":"https://api1.ibabs.eu/publicdownload.aspx?site=Beekdaelen&id=47d21eed-f696-434e-9777-8f1bd2861c02","dc_title":"MVA CDA RV begroting 2021 en meerjarenraming WSP","dc_type":"bijlage","foi_fairiscoreVersions":{"v1":1,"v2":1},"foi_fileName":"MVA%20CDA%20RV%20begroting%202021%20en%20meerjarenraming%20WSP.pdf","foi_nrPages":1},{"dc_format":"application/pdf","dc_identifier":"nl.gm1954.2c.2020.2830401-7.doc.8","dc_source":"https://api1.ibabs.eu/publicdownload.aspx?site=Beekdaelen&id=66876f3f-c9be-4ab8-8d7c-d0eef7b59195","dc_title":"MVA VVD RV begroting 2021 en meerjarenraming WSP","dc_type":"bijlage","foi_fairiscoreVersions":{"v1":1,"v2":1},"foi_fileName":"MVA%20VVD%20RV%20begroting%202021%20en%20meerjarenraming%20WSP.pdf","foi_nrPages":3},{"dc_format":"application/pdf","dc_identifier":"nl.gm1954.2c.2020.2830401-7.doc.9","dc_source":"https://api1.ibabs.eu/publicdownload.aspx?site=Beekdaelen&id=ec1b22b1-7088-4b3d-a7d7-7ac801e0d6ec","dc_title":"RIB WOZL WSP Corona 3 april 2020","dc_type":"bijlage","foi_fairiscoreVersions":{"v1":1,"v2":1},"foi_fileName":"RIB%20WOZL%20WSP%20Corona%203%20april%202020.pdf","foi_nrPages":1},{"dc_format":"application/pdf","dc_identifier":"nl.gm1954.2c.2020.2830401-7.doc.5","dc_source":"https://api1.ibabs.eu/publicdownload.aspx?site=Beekdaelen&id=753ad4c6-73dd-4d29-a73d-eb0383f8ea27","dc_title":"Bijlage 4 Brief aan WSP inzake raadsbesluit","dc_type":"bijlage","foi_fairiscoreVersions":{"v1":1,"v2":1},"foi_fileName":"Uitgaande%20brief%20bestuur%20WSP.pdf","foi_nrPages":1},{"dc_format":"application/pdf","dc_identifier":"nl.gm1954.2c.2020.2830401-7.doc.1","dc_source":"https://api1.ibabs.eu/publicdownload.aspx?site=Beekdaelen&id=9aafb722-1e2b-43f1-af3f-5a6b22c775bc","dc_title":"Raadsvoorstel inzake ontwerpbegroting 2021 en meerjarenraming 2022 \u2013 2024 GR WSP","dc_type":"bijlage","foi_fairiscoreVersions":{"v1":1,"v2":1},"foi_fileName":"Z%2F20%2F139570%20-%20224772.pdf","foi_nrPages":3},{"dc_format":"application/pdf","dc_identifier":"nl.gm1954.2c.2020.2830401-7.doc.2","dc_source":"https://api1.ibabs.eu/publicdownload.aspx?site=Beekdaelen&id=32e4acad-e1f3-4cc4-885f-fcbed3c37641","dc_title":"Raadsbesluit  inzake ontwerpbegroting 2021 en meerjarenraming 2022 \u2013 2024 GR WSP vastgesteld 19052020","dc_type":"bijlage","foi_fairiscoreVersions":{"v1":1,"v2":1},"foi_fileName":"Z%2F20%2F139570%20-%20224778%20-%20Raadsbesluit%20begroting%202021%20en%20MJB%202020-2024%20GR%20WSP.pdf","foi_nrPages":1}],"foi_nrDocuments":9,"foi_nrPagesInDossier":47,"foi_publishedDate":"2020-04-28","foi_retrievedDate":"2026-03-05"},{"dc_creator":"HandelingScraper_v1","dc_date_year":2020,"dc_description":"Vergadering van de Gemeente Beekdaelen op 2020-04-28. Onderdeel: Voorstel inzake jaarstukken 2019 en ontwerpbegroting 2021 en meerjarenraming 2022 \u2013 2024 ISD BOL.","dc_identifier":"nl.gm1954.2c.2020.2830401-8","dc_publisher":"gm1954","dc_source":"https://beekdaelen.bestuurlijkeinformatie.nl/Agenda/Index/6632ac18-bd8d-4c0a-99e7-026f70b2c6b9","dc_title":"Commissie Sociaal & BV (t/m april 2022) 2020-04-28 - Voorstel inzake jaarstukken 2019 en ontwerpbegroting 2021 en meerjarenraming 2022 \u2013 2024 ISD BOL","dc_type":"2c","dc_type_description":"Vergaderstuk decentrale overheid","foi_fairiscoreVersions":{"v1":2,"v2":2},"foi_files":[{"dc_format":"application/pdf","dc_identifier":"nl.gm1954.2c.2020.2830401-8.doc.1","dc_source":"https://api1.ibabs.eu/publicdownload.aspx?site=Beekdaelen&id=516b71bd-ce2f-492c-829b-7d01c95975eb","dc_title":"Raadsvoorstel inzake jaarstukken 2019 en ontwerpbegroting 2021 en meerjarenraming 2022 \u2013 2024 ISD BOL","dc_type":"bijlage","foi_fairiscoreVersions":{"v1":1,"v2":1},"foi_fileName":"225089_1.pdf","foi_nrPages":3},{"dc_format":"application/pdf","dc_identifier":"nl.gm1954.2c.2020.2830401-8.doc.4","dc_source":"https://api1.ibabs.eu/publicdownload.aspx?site=Beekdaelen&id=6cbe108e-cad3-4291-a9a4-67722c934272","dc_title":"Bijlage 2 Begroting 2021 en meerjarenraming 2022-2024 ISD BOL","dc_type":"bijlage","foi_fairiscoreVersions":{"v1":2,"v2":1},"foi_fileName":"Begroting%202021%20ISD%20BOL%20versie%203%2025%20maart%202020.pdf","foi_nrPages":66},{"dc_format":"application/pdf","dc_identifier":"nl.gm1954.2c.2020.2830401-8.doc.10","dc_source":"https://api1.ibabs.eu/publicdownload.aspx?site=Beekdaelen&id=918c508f-4baf-417e-ba49-7459bc756465","dc_title":"Brieven aan ISD BOL en gemeenten Brunssum en Landgraaf","dc_type":"bijlage","foi_fairiscoreVersions":{"v1":5,"v2":5},"foi_fileName":"Brieven%20aan%20ISD%20BOL%20en%20gemeenten%20Brunssum%20en%20Landgraaf.pdf","foi_nrPages":3},{"dc_format":"application/pdf","dc_identifier":"nl.gm1954.2c.2020.2830401-8.doc.3","dc_source":"https://api1.ibabs.eu/publicdownload.aspx?site=Beekdaelen&id=4e70a29c-9ea1-487c-8530-f5ca5f741b66","dc_title":"Bijlage 1 Jaarstukken ISD BOL 2019.","dc_type":"bijlage","foi_fairiscoreVersions":{"v1":2,"v2":1},"foi_fileName":"Jaarstukken%202019%20ISD%20BOL%20versie%203.0%2025%20maart%202020.pdf","foi_nrPages":121},{"dc_format":"application/pdf","dc_identifier":"nl.gm1954.2c.2020.2830401-8.doc.6","dc_source":"https://api1.ibabs.eu/publicdownload.aspx?site=Beekdaelen&id=ff5a735f-58b7-489c-a4be-13bb9ec3c382","dc_title":"MVA Beekdaelen Lokaal inzake RV jaarstukken 2019 en begroting 2021 ISD BOL","dc_type":"bijlage","foi_fairiscoreVersions":{"v1":1,"v2":1},"foi_fileName":"MVA%20Beekdaelen%20Lokaal%20inzake%20RV%20jaarstukken%202019%20en%20begroting%202021%20ISD%20BOL.pdf","foi_nrPages":3},{"dc_format":"application/pdf","dc_identifier":"nl.gm1954.2c.2020.2830401-8.doc.7","dc_source":"https://api1.ibabs.eu/publicdownload.aspx?site=Beekdaelen&id=80f7ee9f-b53b-45ef-849c-09e9b7266f0a","dc_title":"MVA CDA inzake RV jaarstukken 2019 en begroting 2021 ISD BOL","dc_type":"bijlage","foi_fairiscoreVersions":{"v1":2,"v2":1},"foi_fileName":"MVA%20CDA%20inzake%20RV%20jaarstukken%202019%20en%20begroting%202021%20ISD%20BOL.pdf","foi_nrPages":2},{"dc_format":"application/pdf","dc_identifier":"nl.gm1954.2c.2020.2830401-8.doc.8","dc_source":"https://api1.ibabs.eu/publicdownload.aspx?site=Beekdaelen&id=3daddb19-9c45-43bb-bcb6-be621d20874f","dc_title":"MVA VVD inzake RV jaarstukken 2019 en begroting 2021 ISD BOL","dc_type":"bijlage","foi_fairiscoreVersions":{"v1":1,"v2":1},"foi_fileName":"MVA%20VVD%20inzake%20RV%20jaarstukken%202019%20en%20begroting%202021%20ISD%20BOL.pdf","foi_nrPages":5},{"dc_format":"application/pdf","dc_identifier":"nl.gm1954.2c.2020.2830401-8.doc.9","dc_source":"https://api1.ibabs.eu/publicdownload.aspx?site=Beekdaelen&id=8a64825a-59e4-4130-8afe-2bb315a2de57","dc_title":"RIB inzake stappenplan Sociale Dienst Beekdaelen","dc_type":"bijlage","foi_fairiscoreVersions":{"v1":1,"v2":1},"foi_fileName":"RIB%20inzake%20stappenplan%20Sociale%20Dienst%20Beekdaelen.pdf","foi_nrPages":3},{"dc_format":"application/pdf","dc_identifier":"nl.gm1954.2c.2020.2830401-8.doc.5","dc_source":"https://api1.ibabs.eu/publicdownload.aspx?site=Beekdaelen&id=c9721c4d-ab30-4929-ac6e-e8e2b1022a5a","dc_title":"Bijlage 3 Brief aan ISD BOL inzake raadsbesluit.","dc_type":"bijlage","foi_fairiscoreVersions":{"v1":1,"v2":1},"foi_fileName":"Uitgaande%20brief%20AB%20ISD%20BOL.pdf","foi_nrPages":1},{"dc_format":"application/pdf","dc_identifier":"nl.gm1954.2c.2020.2830401-8.doc.2","dc_source":"https://api1.ibabs.eu/publicdownload.aspx?site=Beekdaelen&id=ef0472d9-08f6-49bc-ba5c-6987cd6b4dc9","dc_title":"Raadsbesluit inzake jaarstukken 2019 en ontwerpbegroting 2021 en meerjarenraming 2022 \u2013 2024 ISD BOL vastgesteld 19052020","dc_type":"bijlage","foi_fairiscoreVersions":{"v1":1,"v2":1},"foi_fileName":"Z%2F20%2F140819%20-%20225100%20-%20Jaarstukken%202019%20en%20Begroting%202021%20met%20meerjarenraming%202022-2024%20ISD%20BOL.pdf","foi_nrPages":1}],"foi_nrDocuments":10,"foi_nrPagesInDossier":208,"foi_publishedDate":"2020-04-28","foi_retrievedDate":"2026-03-01"},{"dc_creator":"HandelingScraper_v1","dc_date_year":2020,"dc_description":"Vergadering van de Gemeente Beekdaelen op 2020-04-28. Onderdeel: Bespreken Raadsinformatiebrief inzake stand van zaken harmonisatie bibliotheekbeleid.","dc_identifier":"nl.gm1954.2c.2020.2830401-9","dc_publisher":"gm1954","dc_source":"https://beekdaelen.bestuurlijkeinformatie.nl/Agenda/Index/6632ac18-bd8d-4c0a-99e7-026f70b2c6b9","dc_title":"Commissie Sociaal & BV (t/m april 2022) 2020-04-28 - Bespreken Raadsinformatiebrief inzake stand van zaken harmonisatie bibliotheekbeleid","dc_type":"2c","dc_type_description":"Vergaderstuk decentrale overheid","foi_fairiscoreVersions":{"v1":2,"v2":1},"foi_files":[{"dc_format":"application/pdf","dc_identifier":"nl.gm1954.2c.2020.2830401-9.doc.2","dc_source":"https://api1.ibabs.eu/publicdownload.aspx?site=Beekdaelen&id=f30b8afd-6010-4d73-af66-7d2750f95c6b","dc_title":"RIB inzake stand van zaken harmonisatie bibliotheekbeleid","dc_type":"bijlage","foi_fairiscoreVersions":{"v1":1,"v2":1},"foi_fileName":"3.d%20RIB%20inzake%20stand%20van%20zaken%20harmonisatie%20bibliotheekbeleid.pdf","foi_nrPages":2},{"dc_format":"application/pdf","dc_identifier":"nl.gm1954.2c.2020.2830401-9.doc.3","dc_source":"https://api1.ibabs.eu/publicdownload.aspx?site=Beekdaelen&id=27d832ce-1887-43e5-9756-d3d6f28d22bb","dc_title":"Bestuur bibliotheek Nuth - bijdrage debat over harmonisering bibliotheekbeleid cie sociaal 28 april 2020","dc_type":"bijlage","foi_fairiscoreVersions":{"v1":1,"v2":1},"foi_fileName":"Bestuur%20bibbliotheek%20Nuth%20-%20bijdrage%20debat%20over%20harmonisering%20bibliotheekbeleid%20cie%20sociaal%2028%20april%202020.pdf","foi_nrPages":1},{"dc_format":"application/pdf","dc_identifier":"nl.gm1954.2c.2020.2830401-9.doc.4","dc_source":"https://api1.ibabs.eu/publicdownload.aspx?site=Beekdaelen&id=c981d3a9-bfd8-4a3e-883e-90d87c06ac91","dc_title":"MvA vragen BL inzake RIB stand van zaken harmonisatie bibliotheekbeleid","dc_type":"bijlage","foi_fairiscoreVersions":{"v1":1,"v2":1},"foi_fileName":"MvA%20vragen%20BL%20inzake%20RIB%20stand%20van%20zaken%20harmonisatie%20bibliotheekbeleid.pdf","foi_nrPages":2},{"dc_format":"application/pdf","dc_identifier":"nl.gm1954.2c.2020.2830401-9.doc.5","dc_source":"https://api1.ibabs.eu/publicdownload.aspx?site=Beekdaelen&id=3bbef009-85d9-42c7-a9c5-30a6526704ee","dc_title":"MvA vragen CDA inzake RIB stand van zaken harmonisatie bibliotheekbeleid","dc_type":"bijlage","foi_fairiscoreVersions":{"v1":1,"v2":1},"foi_fileName":"MvA%20vragen%20CDA%20inzake%20RIB%20stand%20van%20zaken%20harmonisatie%20bibliotheekbeleid.pdf","foi_nrPages":1},{"dc_format":"application/pdf","dc_identifier":"nl.gm1954.2c.2020.2830401-9.doc.1","dc_source":"https://api1.ibabs.eu/publicdownload.aspx?site=Beekdaelen&id=b3abbd9a-8dec-4999-8071-59c85b7c192f","dc_title":"Agenderingsverzoek VVD inzake harmonisatie bibliotheekbeleid","dc_type":"bijlage","foi_fairiscoreVersions":{"v1":2,"v2":1},"foi_fileName":"VVD_Agenderingsverzoek%20inzake%20harmonisatie%20bibliotheekbeleid.pdf","foi_nrPages":2}],"foi_nrDocuments":5,"foi_nrPagesInDossier":8,"foi_publishedDate":"2020-04-28","foi_retrievedDate":"2026-03-01"},{"dc_creator":"HandelingScraper_v1","dc_date_year":2020,"dc_description":"Vergadering van de Gemeente Beekdaelen op 2020-04-30. Onderdeel: Algemeen.","dc_identifier":"nl.gm1954.2c.2020.2830456-1","dc_publisher":"gm1954","dc_source":"https://beekdaelen.bestuurlijkeinformatie.nl/Agenda/Index/924b66c9-35f2-43b4-9c8b-fd8ab1261723","dc_title":"Commissie Ruimte (t/m april 2022) 2020-04-30 - Algemeen","dc_type":"2c","dc_type_description":"Vergaderstuk decentrale overheid","foi_fairiscoreVersions":{"v1":2,"v2":1},"foi_files":[{"dc_format":"application/pdf","dc_identifier":"nl.gm1954.2c.2020.2830456-1.doc.1","dc_source":"https://api1.ibabs.eu/publicdownload.aspx?site=Beekdaelen&id=64b05176-f49c-43b3-bf8f-58fbe7faef69","dc_title":"technische vragen 30 april BL","dc_type":"bijlage","foi_fairiscoreVersions":{"v1":2,"v2":1},"foi_fileName":"technische%20vragen%2030%20april.pdf","foi_nrPages":3},{"dc_format":"application/pdf","dc_identifier":"nl.gm1954.2c.2020.2830456-1.doc.3","dc_source":"https://api1.ibabs.eu/publicdownload.aspx?site=Beekdaelen&id=3f647fdf-4e6a-43db-b7f6-41059ef56307","dc_title":"Technische vragen PvdA Commissie Ruimte 30-4-2020","dc_type":"bijlage","foi_fairiscoreVersions":{"v1":1,"v2":1},"foi_fileName":"Technischer%20vragen%20PvdA%20Commissie%20Ruimte%2030-4-2020.pdf","foi_nrPages":1},{"dc_format":"application/pdf","dc_identifier":"nl.gm1954.2c.2020.2830456-1.doc.2","dc_source":"https://api1.ibabs.eu/publicdownload.aspx?site=Beekdaelen&id=9c4ba1cf-8c8a-4a08-b1c1-de66d57d29f4","dc_title":"Vragen commissies 28 en 30 april CDA","dc_type":"bijlage","foi_fairiscoreVersions":{"v1":1,"v2":1},"foi_fileName":"Vragen%20commissies%2028%20en%2030%20april%20CDA.pdf","foi_nrPages":2}],"foi_nrDocuments":3,"foi_nrPagesInDossier":6,"foi_publishedDate":"2020-04-30","foi_retrievedDate":"2026-02-12"},{"dc_creator":"HandelingScraper_v1","dc_date_year":2020,"dc_description":"Vergadering van de Gemeente Beekdaelen op 2020-04-30. Onderdeel: Voortgang Nuinhofwijk (agenderingsverzoek PvdA, dhr. Kockelkoren).","dc_identifier":"nl.gm1954.2c.2020.2830456-10","dc_publisher":"gm1954","dc_source":"https://beekdaelen.bestuurlijkeinformatie.nl/Agenda/Index/924b66c9-35f2-43b4-9c8b-fd8ab1261723","dc_title":"Commissie Ruimte (t/m april 2022) 2020-04-30 - Voortgang Nuinhofwijk (agenderingsverzoek PvdA, dhr. Kockelkoren)","dc_type":"2c","dc_type_description":"Vergaderstuk decentrale overheid","foi_fairiscoreVersions":{"v1":4,"v2":4},"foi_files":[{"dc_format":"application/pdf","dc_identifier":"nl.gm1954.2c.2020.2830456-10.doc.1","dc_source":"https://api1.ibabs.eu/publicdownload.aspx?site=Beekdaelen&id=87853d27-3581-4652-8ebd-b12039f0209e","dc_title":"01. Agenderingsverzoek PvdA inzake Nuinhofwijk","dc_type":"bijlage","foi_fairiscoreVersions":{"v1":1,"v2":1},"foi_fileName":"01.%20Agenderingsverzoek%20PvdA%20inzake%20Nuinhofwijk.pdf","foi_nrPages":2},{"dc_format":"application/pdf","dc_identifier":"nl.gm1954.2c.2020.2830456-10.doc.2","dc_source":"https://api1.ibabs.eu/publicdownload.aspx?site=Beekdaelen&id=db2397ca-f5ab-4121-ac04-f66997f97584","dc_title":"02. Overzicht historie dossier Nuinhofwijk Nuth","dc_type":"bijlage","foi_fairiscoreVersions":{"v1":1,"v2":1},"foi_fileName":"02.%20Overzicht%20historie%20dossier%20Nuinhofwijk%20Nuth.pdf","foi_nrPages":1},{"dc_format":"application/pdf","dc_identifier":"nl.gm1954.2c.2020.2830456-10.doc.3","dc_source":"https://api1.ibabs.eu/publicdownload.aspx?site=Beekdaelen&id=faa2a371-060f-482f-819b-1f29503c5ade","dc_title":"03. schriftelijke vragen raadslid Essers 28 juni 2017 leegstand Nuinhofbuurt","dc_type":"bijlage","foi_fairiscoreVersions":{"v1":5,"v2":5},"foi_fileName":"03.%20schriftelijke%20vragen%20raadslid%20Essers%2028%20juni%202017%20leegstand%20Nuinhofbuurt.pdf","foi_nrPages":5},{"dc_format":"application/pdf","dc_identifier":"nl.gm1954.2c.2020.2830456-10.doc.4","dc_source":"https://api1.ibabs.eu/publicdownload.aspx?site=Beekdaelen&id=cd9d3282-2fe1-41fd-9a38-bc9cfccbcd93","dc_title":"04. antwoord schriftelijke vragen d.d. 18 juli 2017","dc_type":"bijlage","foi_fairiscoreVersions":{"v1":5,"v2":5},"foi_fileName":"04.%20antwoord%20schriftelijke%20vragen%20d.d.%2018%20juli%202017.pdf","foi_nrPages":3},{"dc_format":"application/pdf","dc_identifier":"nl.gm1954.2c.2020.2830456-10.doc.5","dc_source":"https://api1.ibabs.eu/publicdownload.aspx?site=Beekdaelen&id=eecf2a42-9f6d-40de-a41f-e604c2186d5e","dc_title":"05. Initiatiefvoorstel Nuinhofbuurt 26 september 2017 AVG","dc_type":"bijlage","foi_fairiscoreVersions":{"v1":5,"v2":5},"foi_fileName":"05.%20Initiatiefvoorstel%20Nuinhofbuurt%2026%20september%202017%20AVG.pdf","foi_nrPages":2},{"dc_format":"application/pdf","dc_identifier":"nl.gm1954.2c.2020.2830456-10.doc.6","dc_source":"https://api1.ibabs.eu/publicdownload.aspx?site=Beekdaelen&id=7e07934e-7843-40d0-a3b5-f1e294bcd4c1","dc_title":"06. memo college d.d. 6 december 2017 aanpak Nuinhofwijk","dc_type":"bijlage","foi_fairiscoreVersions":{"v1":5,"v2":5},"foi_fileName":"06.%20memo%20college%20d.d.%206%20december%202017%20aanpak%20Nuinhofwijk.pdf","foi_nrPages":1},{"dc_format":"application/pdf","dc_identifier":"nl.gm1954.2c.2020.2830456-10.doc.7","dc_source":"https://api1.ibabs.eu/publicdownload.aspx?site=Beekdaelen&id=6906da5b-2169-453b-86ff-0ce0c34a36f0","dc_title":"07. interpellatiedebat problemaltiek Nuinhofbuurt 19 december 2017","dc_type":"bijlage","foi_fairiscoreVersions":{"v1":5,"v2":5},"foi_fileName":"07.%20interpellatiedebat%20problemaltiek%20Nuinhofbuurt%2019%20december%202017.pdf","foi_nrPages":4},{"dc_format":"application/pdf","dc_identifier":"nl.gm1954.2c.2020.2830456-10.doc.8","dc_source":"https://api1.ibabs.eu/publicdownload.aspx?site=Beekdaelen&id=46d8f285-4916-41d3-ab13-807a23619057","dc_title":"08. memo college d.d. maart april 2018 Nuinhofwijk","dc_type":"bijlage","foi_fairiscoreVersions":{"v1":5,"v2":5},"foi_fileName":"08.%20memo%20college%20d.d.%20maart%20april%202018%20Nuinhofwijk.pdf","foi_nrPages":2},{"dc_format":"application/pdf","dc_identifier":"nl.gm1954.2c.2020.2830456-10.doc.9","dc_source":"https://api1.ibabs.eu/publicdownload.aspx?site=Beekdaelen&id=23776cd2-cb76-415f-adbe-a6d12f510ef5","dc_title":"09. motie van treurnis aanpak problematiek Nuinhofbuurt AVG","dc_type":"bijlage","foi_fairiscoreVersions":{"v1":5,"v2":5},"foi_fileName":"09.%20motie%20van%20treurnis%20aanpak%20problematiek%20Nuinhofbuurt%20AVG.pdf","foi_nrPages":1},{"dc_format":"application/pdf","dc_identifier":"nl.gm1954.2c.2020.2830456-10.doc.10","dc_source":"https://api1.ibabs.eu/publicdownload.aspx?site=Beekdaelen&id=99fab711-9b9f-4272-9222-fc95f301a5c6","dc_title":"10. memo college d.d. 11 september 2018 voortgang Nuinhofwijk nav motie van treurnis","dc_type":"bijlage","foi_fairiscoreVersions":{"v1":5,"v2":5},"foi_fileName":"10.%20memo%20college%20d.d.%2011%20september%202018%20voortgang%20Nuinhofwijk%20nav%20motie%20van%20treurnis.pdf","foi_nrPages":2},{"dc_format":"application/pdf","dc_identifier":"nl.gm1954.2c.2020.2830456-10.doc.11","dc_source":"https://api1.ibabs.eu/publicdownload.aspx?site=Beekdaelen&id=cb947581-dece-4d41-aeee-3e6f3a082057","dc_title":"11. brief Wonen Zuid d.d. 19 december 2018 aan bewoners Nuinhofwijk AVG","dc_type":"bijlage","foi_fairiscoreVersions":{"v1":5,"v2":5},"foi_fileName":"11.%20brief%20Wonen%20Zuid%20d.d.%2019%20december%202018%20aan%20bewoners%20Nuinhofwijk%20AVG.pdf","foi_nrPages":3},{"dc_format":"application/pdf","dc_identifier":"nl.gm1954.2c.2020.2830456-10.doc.12","dc_source":"https://api1.ibabs.eu/publicdownload.aspx?site=Beekdaelen&id=fb2d35df-771f-4062-82cf-a7f8499e25ac","dc_title":"12. raadsinformatiebrief d.d. 9 juli 2019 voortgang Nuinhofwijk","dc_type":"bijlage","foi_fairiscoreVersions":{"v1":5,"v2":5},"foi_fileName":"12.%20raadsinformatiebrief%20d.d.%209%20juli%202019%20voortgang%20Nuinhofwijk.pdf","foi_nrPages":2},{"dc_format":"application/pdf","dc_identifier":"nl.gm1954.2c.2020.2830456-10.doc.13","dc_source":"https://api1.ibabs.eu/publicdownload.aspx?site=Beekdaelen&id=453e50bf-2554-4df9-98ff-0be3c5b2f601","dc_title":"13. raadsinformatiebrief d.d. 17 december 2019 voortgang Nuinhofwijk","dc_type":"bijlage","foi_fairiscoreVersions":{"v1":5,"v2":5},"foi_fileName":"13.%20raadsinformatiebrief%20d.d.%2017%20december%202019%20voortgang%20Nuinhofwijk.pdf","foi_nrPages":1},{"dc_format":"application/pdf","dc_identifier":"nl.gm1954.2c.2020.2830456-10.doc.14","dc_source":"https://api1.ibabs.eu/publicdownload.aspx?site=Beekdaelen&id=6cfb5d1e-a03c-4a89-85b9-449a5b309d11","dc_title":"14. Prestatieafspraken 2019 Nuth DEF AVG","dc_type":"bijlage","foi_fairiscoreVersions":{"v1":2,"v2":1},"foi_fileName":"14.%20Prestatieafspraken%202019%20Nuth%20DEF%20AVG.pdf","foi_nrPages":39},{"dc_format":"application/pdf","dc_identifier":"nl.gm1954.2c.2020.2830456-10.doc.15","dc_source":"https://api1.ibabs.eu/publicdownload.aspx?site=Beekdaelen&id=5260cece-e14b-43ca-b653-cee238f2999d","dc_title":"15. raadsinformatiebrief d.d. 12 december 2019 Prestatie Afspraken Beekdaelen 2020","dc_type":"bijlage","foi_fairiscoreVersions":{"v1":5,"v2":5},"foi_fileName":"15.%20raadsinformatiebrief%20d.d.%2012%20december%202019%20Prestatie%20Afspraken%20Beekdaelen%202020.pdf","foi_nrPages":2},{"dc_format":"application/pdf","dc_identifier":"nl.gm1954.2c.2020.2830456-10.doc.16","dc_source":"https://api1.ibabs.eu/publicdownload.aspx?site=Beekdaelen&id=2f1c1745-ee98-4390-8d48-b13175603562","dc_title":"16. Def. lokale Prestatie Afspraken Beekdaelen 2020","dc_type":"bijlage","foi_fairiscoreVersions":{"v1":1,"v2":1},"foi_fileName":"16.%20Def.%20lokale%20Prestatie%20Afspraken%20Beekdaelen%202020.pdf","foi_nrPages":27},{"dc_format":"application/pdf","dc_identifier":"nl.gm1954.2c.2020.2830456-10.doc.17","dc_source":"https://api1.ibabs.eu/publicdownload.aspx?site=Beekdaelen&id=83099587-9c61-48c8-92a0-1afb5efa5b6b","dc_title":"17. Memorie van Antwoord nav vragen PvdA - aangepaste versie 20 maart 2020","dc_type":"bijlage","foi_fairiscoreVersions":{"v1":1,"v2":1},"foi_fileName":"17.%20Memorie%20van%20Antwoord%20nav%20vragen%20PvdA%20-%20aangepaste%20versie%2020%20maart%202020.pdf","foi_nrPages":3},{"dc_format":"application/pdf","dc_identifier":"nl.gm1954.2c.2020.2830456-10.doc.18","dc_source":"https://api1.ibabs.eu/publicdownload.aspx?site=Beekdaelen&id=26822982-496c-4e4a-9c8b-a38ac664bbd6","dc_title":"18. Memorie van antwoord nav vragen Beekdaelen Lokaal inzake Nuinhofwijk","dc_type":"bijlage","foi_fairiscoreVersions":{"v1":1,"v2":1},"foi_fileName":"18.%20Memorie%20van%20antwoord%20nav%20vragen%20Beekdaelen%20Lokaal%20inzake%20Nuinhofwijk.pdf","foi_nrPages":2},{"dc_format":"application/pdf","dc_identifier":"nl.gm1954.2c.2020.2830456-10.doc.19","dc_source":"https://api1.ibabs.eu/publicdownload.aspx?site=Beekdaelen&id=4ae5339d-0339-4599-8562-7c376053ffa0","dc_title":"Bijlage bij MvA vragen Beekdaelen Lokaal - Historisch overzicht Nuinhofwijk","dc_type":"bijlage","foi_fairiscoreVersions":{"v1":1,"v2":1},"foi_fileName":"19.%20Historisch%20overzicht%20Nuinhofwijk.pdf","foi_nrPages":5},{"dc_format":"application/pdf","dc_identifier":"nl.gm1954.2c.2020.2830456-10.doc.20","dc_source":"https://api1.ibabs.eu/publicdownload.aspx?site=Beekdaelen&id=e69c7f03-909b-4e92-89e2-c38883bf82da","dc_title":"19. Historisch overzicht Nuinhofwijk","dc_type":"bijlage","foi_fairiscoreVersions":{"v1":1,"v2":1},"foi_fileName":"19.%20Historisch%20overzicht%20Nuinhofwijk.pdf","foi_nrPages":5},{"dc_format":"application/pdf","dc_identifier":"nl.gm1954.2c.2020.2830456-10.doc.21","dc_source":"https://api1.ibabs.eu/publicdownload.aspx?site=Beekdaelen&id=9420c432-86c0-4e98-8a2e-39353d3bc5be","dc_title":"20. raadsinformatiebrief d.d. 7 april 2020 met brief Wonen Zuid","dc_type":"bijlage","foi_fairiscoreVersions":{"v1":5,"v2":5},"foi_fileName":"20.%20raadsinformatiebrief%20d.d.%207%20april%202020%20met%20brief%20Wonen%20Zuid.pdf","foi_nrPages":4},{"dc_format":"application/pdf","dc_identifier":"nl.gm1954.2c.2020.2830456-10.doc.22","dc_source":"https://api1.ibabs.eu/publicdownload.aspx?site=Beekdaelen&id=d6be0758-447f-4671-86fe-2cacdbddd837","dc_title":"Memorie van Antwoord technische vragen BL Voortgang Nuinhofwijk","dc_type":"bijlage","foi_fairiscoreVersions":{"v1":1,"v2":1},"foi_fileName":"Memorie%20van%20Antwoord%20technische%20vragen%20BL%20Voortgang%20Nuinhofwijk.pdf","foi_nrPages":1}],"foi_nrDocuments":22,"foi_nrPagesInDossier":117,"foi_publishedDate":"2020-04-30","foi_retrievedDate":"2026-03-09"},{"dc_creator":"HandelingScraper_v1","dc_date_year":2020,"dc_description":"Vergadering van de Gemeente Beekdaelen op 2020-04-30. Onderdeel: Bespreken brief inwoner over plaatsen digitale snelheidsmeters (agenderingsverzoek VVD, dhr. Suers).","dc_identifier":"nl.gm1954.2c.2020.2830456-11","dc_publisher":"gm1954","dc_source":"https://beekdaelen.bestuurlijkeinformatie.nl/Agenda/Index/924b66c9-35f2-43b4-9c8b-fd8ab1261723","dc_title":"Commissie Ruimte (t/m april 2022) 2020-04-30 - Bespreken brief inwoner over plaatsen digitale snelheidsmeters (agenderingsverzoek VVD, dhr. Suers)","dc_type":"2c","dc_type_description":"Vergaderstuk decentrale overheid","foi_fairiscoreVersions":{"v1":4,"v2":3},"foi_files":[{"dc_format":"application/pdf","dc_identifier":"nl.gm1954.2c.2020.2830456-11.doc.1","dc_source":"https://api1.ibabs.eu/publicdownload.aspx?site=Beekdaelen&id=768cbadd-205d-437d-84d2-53b189d10547","dc_title":"brief inwoner plaatsen digitale snelheidsmeters","dc_type":"bijlage","foi_fairiscoreVersions":{"v1":5,"v2":5},"foi_fileName":"brief%20inwoner%20plaatsen%20digitale%20snelheidsmeters.pdf","foi_nrPages":4},{"dc_format":"application/pdf","dc_identifier":"nl.gm1954.2c.2020.2830456-11.doc.4","dc_source":"https://api1.ibabs.eu/publicdownload.aspx?site=Beekdaelen&id=da84de2d-a22f-437c-84c3-ccc142bc2812","dc_title":"Memorie van Antwoord technische vragen CDA snelheidsmeters.docx","dc_type":"bijlage","foi_fairiscoreVersions":{"v1":1,"v2":1},"foi_fileName":"Memorie%20van%20Antwoord%20technische%20vragen%20CDA%20snelheidsmeters.pdf","foi_nrPages":1},{"dc_format":"application/pdf","dc_identifier":"nl.gm1954.2c.2020.2830456-11.doc.3","dc_source":"https://api1.ibabs.eu/publicdownload.aspx?site=Beekdaelen&id=dffe0f81-8f73-4285-8690-c87b84ee84b5","dc_title":"uitgaande mail","dc_type":"bijlage","foi_fairiscoreVersions":{"v1":5,"v2":5},"foi_fileName":"uitgaande%20mail.pdf","foi_nrPages":2},{"dc_format":"application/pdf","dc_identifier":"nl.gm1954.2c.2020.2830456-11.doc.2","dc_source":"https://api1.ibabs.eu/publicdownload.aspx?site=Beekdaelen&id=028f1c22-0b2b-4fb9-8d17-b5b4c1bc0473","dc_title":"VVD_Agenderingsverzoek n.a.v. brief inwoner","dc_type":"bijlage","foi_fairiscoreVersions":{"v1":2,"v2":1},"foi_fileName":"VVD_Agenderingsverzoek%20n.a.v.%20brief%20inwoner.pdf","foi_nrPages":2}],"foi_nrDocuments":4,"foi_nrPagesInDossier":9,"foi_publishedDate":"2020-04-30","foi_retrievedDate":"2025-12-06"},{"dc_creator":"HandelingScraper_v1","dc_date_year":2020,"dc_description":"Vergadering van de Gemeente Beekdaelen op 2020-04-30. Onderdeel: Bespreken brief inwoners Thull inzake gebiedsontwikkeling Thull (agenderingsverzoek VVD, dhr. Heggen).","dc_identifier":"nl.gm1954.2c.2020.2830456-12","dc_publisher":"gm1954","dc_source":"https://beekdaelen.bestuurlijkeinformatie.nl/Agenda/Index/924b66c9-35f2-43b4-9c8b-fd8ab1261723","dc_title":"Commissie Ruimte (t/m april 2022) 2020-04-30 - Bespreken brief inwoners Thull inzake gebiedsontwikkeling Thull (agenderingsverzoek VVD, dhr. Heggen)","dc_type":"2c","dc_type_description":"Vergaderstuk decentrale overheid","foi_fairiscoreVersions":{"v1":4,"v2":4},"foi_files":[{"dc_format":"application/pdf","dc_identifier":"nl.gm1954.2c.2020.2830456-12.doc.1","dc_source":"https://api1.ibabs.eu/publicdownload.aspx?site=Beekdaelen&id=ae46002b-c79a-4574-a541-f6ce00bc8514","dc_title":"Agenderingsverzoek VVD n.a.v. brief bewoners Thull","dc_type":"bijlage","foi_fairiscoreVersions":{"v1":1,"v2":1},"foi_fileName":"Agenderingsverzoek%20VVD%20n.a.v.%20brief%20bewoners%20Thull.pdf","foi_nrPages":1},{"dc_format":"application/pdf","dc_identifier":"nl.gm1954.2c.2020.2830456-12.doc.6","dc_source":"https://api1.ibabs.eu/publicdownload.aspx?site=Beekdaelen&id=d67a329f-2412-4d17-80d8-d12cd121dcd8","dc_title":"Antwoordbrief college d.d. 9 april 2020","dc_type":"bijlage","foi_fairiscoreVersions":{"v1":5,"v2":5},"foi_fileName":"Antwoordbrief%20college%20d.d.%209%20april%202020.pdf","foi_nrPages":7},{"dc_format":"application/pdf","dc_identifier":"nl.gm1954.2c.2020.2830456-12.doc.2","dc_source":"https://api1.ibabs.eu/publicdownload.aspx?site=Beekdaelen&id=d00f19b6-7d6d-427d-af6b-b37e6ae61e59","dc_title":"brief bewoners Thull","dc_type":"bijlage","foi_fairiscoreVersions":{"v1":5,"v2":5},"foi_fileName":"brief%20bewoners%20Thull.pdf","foi_nrPages":3},{"dc_format":"application/pdf","dc_identifier":"nl.gm1954.2c.2020.2830456-12.doc.5","dc_source":"https://api1.ibabs.eu/publicdownload.aspx?site=Beekdaelen&id=2d9ce2cd-caaa-4e1f-8ef2-93f87448cf6d","dc_title":"brief bewoners Thull d.d. 16 maart 2020","dc_type":"bijlage","foi_fairiscoreVersions":{"v1":5,"v2":5},"foi_fileName":"brief%20bewoners%20Thull%20d.d.%2016%20maart%202020.pdf","foi_nrPages":4},{"dc_format":"application/pdf","dc_identifier":"nl.gm1954.2c.2020.2830456-12.doc.7","dc_source":"https://api1.ibabs.eu/publicdownload.aspx?site=Beekdaelen&id=f1fb7a24-bdb8-4c61-9f7b-3ea9b3ed5727","dc_title":"MvA vragen Beekdaelen Lokaal en CDA","dc_type":"bijlage","foi_fairiscoreVersions":{"v1":1,"v2":1},"foi_fileName":"MvA%20vragen%20Beekdaelen%20Lokaal%20en%20CDA.pdf","foi_nrPages":4},{"dc_format":"application/pdf","dc_identifier":"nl.gm1954.2c.2020.2830456-12.doc.4","dc_source":"https://api1.ibabs.eu/publicdownload.aspx?site=Beekdaelen&id=b2705f22-3386-4317-b401-98a8cf2c384c","dc_title":"ontwerp gebiedsontwikkeling Thull","dc_type":"bijlage","foi_fairiscoreVersions":{"v1":5,"v2":5},"foi_fileName":"ontwerp%20gebiedsontwikkeling%20Thull.pdf","foi_nrPages":25},{"dc_format":"application/pdf","dc_identifier":"nl.gm1954.2c.2020.2830456-12.doc.3","dc_source":"https://api1.ibabs.eu/publicdownload.aspx?site=Beekdaelen&id=771c29a8-b08e-4868-a4ea-0e34c10bb7ea","dc_title":"raadsinformatiebrief d.d. 7 april 2020","dc_type":"bijlage","foi_fairiscoreVersions":{"v1":5,"v2":5},"foi_fileName":"raadsinformatiebrief%20d.d.%207%20april%202020.pdf","foi_nrPages":2},{"dc_format":"application/pdf","dc_identifier":"nl.gm1954.2c.2020.2830456-12.doc.8","dc_source":"https://api1.ibabs.eu/publicdownload.aspx?site=Beekdaelen&id=362bce47-657d-464f-8b38-f80e2d1eb888","dc_title":"spreektekst inspreker.pdf","dc_type":"bijlage","foi_fairiscoreVersions":{"v1":5,"v2":5},"foi_fileName":"spreektekst%20inspreker.pdf","foi_nrPages":2}],"foi_nrDocuments":8,"foi_nrPagesInDossier":48,"foi_publishedDate":"2020-04-30","foi_retrievedDate":"2026-03-13"},{"dc_creator":"HandelingScraper_v1","dc_date_year":2020,"dc_description":"Vergadering van de Gemeente Beekdaelen op 2020-04-30. Onderdeel: Opening, mededelingen voorzitter en vaststellen agenda.","dc_identifier":"nl.gm1954.2c.2020.2830456-2","dc_publisher":"gm1954","dc_source":"https://beekdaelen.bestuurlijkeinformatie.nl/Agenda/Index/924b66c9-35f2-43b4-9c8b-fd8ab1261723","dc_title":"Commissie Ruimte (t/m april 2022) 2020-04-30 - Opening, mededelingen voorzitter en vaststellen agenda","dc_type":"2c","dc_type_description":"Vergaderstuk decentrale overheid","foi_fairiscoreVersions":{"v1":1,"v2":1},"foi_files":[{"dc_format":"application/pdf","dc_identifier":"nl.gm1954.2c.2020.2830456-2.doc.1","dc_source":"https://api1.ibabs.eu/publicdownload.aspx?site=Beekdaelen&id=de699554-94c7-420c-97c7-b752037e7b16","dc_title":"Vastgestelde agenda cie. Ruimte 30 april 2020","dc_type":"bijlage","foi_fairiscoreVersions":{"v1":1,"v2":1},"foi_fileName":"Vastgestelde%20agenda%20cie%20Ruimte%2030%20april%202020.pdf","foi_nrPages":1}],"foi_nrDocuments":1,"foi_nrPagesInDossier":1,"foi_publishedDate":"2020-04-30","foi_retrievedDate":"2025-12-02"},{"dc_creator":"HandelingScraper_v1","dc_date_year":2020,"dc_description":"Vergadering van de Gemeente Beekdaelen op 2020-04-30. Onderdeel: Vaststellen actiepuntenlijst van de gecombineerde cie d.d. 26 maart 2020.","dc_identifier":"nl.gm1954.2c.2020.2830456-3","dc_publisher":"gm1954","dc_source":"https://beekdaelen.bestuurlijkeinformatie.nl/Agenda/Index/924b66c9-35f2-43b4-9c8b-fd8ab1261723","dc_title":"Commissie Ruimte (t/m april 2022) 2020-04-30 - Vaststellen actiepuntenlijst van de gecombineerde cie d.d. 26 maart 2020","dc_type":"2c","dc_type_description":"Vergaderstuk decentrale overheid","foi_fairiscoreVersions":{"v1":1,"v2":1},"foi_files":[{"dc_format":"application/pdf","dc_identifier":"nl.gm1954.2c.2020.2830456-3.doc.1","dc_source":"https://api1.ibabs.eu/publicdownload.aspx?site=Beekdaelen&id=18524e7a-8175-4c40-948d-371c126d9126","dc_title":"Actiepuntenlijst gecombineerde commissievergadering d.d. 26 maart 2020","dc_type":"bijlage","foi_fairiscoreVersions":{"v1":1,"v2":1},"foi_fileName":"Actiepuntenlijst%20gecombineerde%20commissievergadering%20d.d.%2026%20maart%202020.pdf","foi_nrPages":5}],"foi_nrDocuments":1,"foi_nrPagesInDossier":5,"foi_publishedDate":"2020-04-30","foi_retrievedDate":"2026-01-22"},{"dc_creator":"HandelingScraper_v1","dc_date_year":2020,"dc_description":"Vergadering van de Gemeente Beekdaelen op 2020-04-30. Onderdeel: Vaststellen lijst van toezeggingen van de cie Ruimte.","dc_identifier":"nl.gm1954.2c.2020.2830456-4","dc_publisher":"gm1954","dc_source":"https://beekdaelen.bestuurlijkeinformatie.nl/Agenda/Index/924b66c9-35f2-43b4-9c8b-fd8ab1261723","dc_title":"Commissie Ruimte (t/m april 2022) 2020-04-30 - Vaststellen lijst van toezeggingen van de cie Ruimte","dc_type":"2c","dc_type_description":"Vergaderstuk decentrale overheid","foi_fairiscoreVersions":{"v1":1,"v2":1},"foi_files":[{"dc_format":"application/pdf","dc_identifier":"nl.gm1954.2c.2020.2830456-4.doc.1","dc_source":"https://api1.ibabs.eu/publicdownload.aspx?site=Beekdaelen&id=a139fa03-d4af-495f-95d3-d8a744a91474","dc_title":"Lijst toezeggingen Cie. Ruimte versie 06042020","dc_type":"bijlage","foi_fairiscoreVersions":{"v1":1,"v2":1},"foi_fileName":"Lijst%20toezeggingen%20Cie.%20Ruimte%20cf%20vaststelling%20cie.%2026032020%20incl.%20bijwerking%20college%20maart%202020%20versie%2006042020.pdf","foi_nrPages":8},{"dc_format":"application/pdf","dc_identifier":"nl.gm1954.2c.2020.2830456-4.doc.2","dc_source":"https://api1.ibabs.eu/publicdownload.aspx?site=Beekdaelen&id=6a7a2f3c-eeac-4c6f-9662-1d73b555fe00","dc_title":"Memorie van Antwoord technische vragen BL vaststellen lijst toezeggingen","dc_type":"bijlage","foi_fairiscoreVersions":{"v1":1,"v2":1},"foi_fileName":"Memorie%20van%20Antwoord%20technische%20vragen%20BL%20vaststellen%20lijst%20toezegging.pdf","foi_nrPages":1}],"foi_nrDocuments":2,"foi_nrPagesInDossier":9,"foi_publishedDate":"2020-04-30","foi_retrievedDate":"2026-03-01"},{"dc_creator":"HandelingScraper_v1","dc_date_year":2020,"dc_description":"Vergadering van de Gemeente Beekdaelen op 2020-04-30. Onderdeel: Voorstel inzake aan- en verkoop agrarische grond aan de Vloedsgraaf te Schinnen t.b.v. het project Hersteltuin.","dc_identifier":"nl.gm1954.2c.2020.2830456-5","dc_publisher":"gm1954","dc_source":"https://beekdaelen.bestuurlijkeinformatie.nl/Agenda/Index/924b66c9-35f2-43b4-9c8b-fd8ab1261723","dc_title":"Commissie Ruimte (t/m april 2022) 2020-04-30 - Voorstel inzake aan- en verkoop agrarische grond aan de Vloedsgraaf te Schinnen t.b.v. het project Hersteltuin","dc_type":"2c","dc_type_description":"Vergaderstuk decentrale overheid","foi_fairiscoreVersions":{"v1":null,"v2":null},"foi_files":[{"dc_format":"application/pdf","dc_identifier":"nl.gm1954.2c.2020.2830456-5.doc.6","dc_source":"https://api1.ibabs.eu/publicdownload.aspx?site=Beekdaelen&id=027e8c76-672a-4e6d-bc05-c82d7a0f98ec","dc_title":"Informatie voor commissie 28-04-2020","dc_type":"bijlage","foi_fileName":"Informatie%20voor%20commissie%2028-04-2020.pdf"},{"dc_format":"application/pdf","dc_identifier":"nl.gm1954.2c.2020.2830456-5.doc.7","dc_source":"https://api1.ibabs.eu/publicdownload.aspx?site=Beekdaelen&id=975228aa-bb92-4021-aba5-80412d1f8d77","dc_title":"Tijdlijn project Hersteltuin","dc_type":"bijlage","foi_fileName":"Tijdlijn%20project%20Hersteltuin.pdf"},{"dc_format":"application/pdf","dc_identifier":"nl.gm1954.2c.2020.2830456-5.doc.1","dc_source":"https://api1.ibabs.eu/publicdownload.aspx?site=Beekdaelen&id=42642326-2a63-434b-8db1-627efe37fd42","dc_title":"Raadsvoorstel aan- en verkoop agrarische grond aan de Vloedsgraaf te Schinnen t.b.v. het project Hersteltuin","dc_type":"bijlage","foi_fileName":"Z%2F19%2F131090%20-%20208443.pdf"},{"dc_format":"application/pdf","dc_identifier":"nl.gm1954.2c.2020.2830456-5.doc.2","dc_source":"https://api1.ibabs.eu/publicdownload.aspx?site=Beekdaelen&id=642a93ef-e5be-4bcd-96a5-4f27f1367a8b","dc_title":"Raadsbesluit aan- en verkoop agrarische grond aan de Vloedsgraaf te Schinnen t.b.v. het project Hersteltuin","dc_type":"bijlage","foi_fileName":"Z%2F19%2F131090%20-%20208463.pdf"},{"dc_format":"application/pdf","dc_identifier":"nl.gm1954.2c.2020.2830456-5.doc.3","dc_source":"https://api1.ibabs.eu/publicdownload.aspx?site=Beekdaelen&id=895e5bdd-9525-4bc9-a6b7-e69cff2dd65c","dc_title":"Annotatie Gemeenteraad inzake project Hersteltuin","dc_type":"bijlage","foi_fileName":"Z%2F19%2F131090%20-%20224636%20-%20Annotatie%20Gemeenteraad%20inzake%20project%20Hersteltuin.pdf"},{"dc_format":"application/pdf","dc_identifier":"nl.gm1954.2c.2020.2830456-5.doc.4","dc_source":"https://api1.ibabs.eu/publicdownload.aspx?site=Beekdaelen&id=32b3cb7f-c6a3-4298-a9b4-d533e6ca609d","dc_title":"Grafische weergave beoogde transacties en fasering","dc_type":"bijlage","foi_fileName":"Z%2F19%2F131090%20-%20224802Grafische%20weergave%20boorgde%20transacties%20en%20fasering.pdf"},{"dc_format":"application/pdf","dc_identifier":"nl.gm1954.2c.2020.2830456-5.doc.5","dc_source":"https://api1.ibabs.eu/publicdownload.aspx?site=Beekdaelen&id=6b8834c1-443b-4640-995f-3e449e3c2373","dc_title":"3e begrotingswijziging 2020 ivm aan- en verkoop gronden Vloedsgraaf","dc_type":"bijlage","foi_fileName":"Z%2F19%2F131090%20-%20225631%20-%203e%20begrotingswijziging%202020%20ivm%20aan-%20en%20verkoop%20gronden%20Vloedsgraaf.pdf"}],"foi_nrDocuments":7,"foi_nrPagesInDossier":0,"foi_publishedDate":"2020-04-30","foi_retrievedDate":"2025-12-01"},{"dc_creator":"HandelingScraper_v1","dc_date_year":2020,"dc_description":"Vergadering van de Gemeente Beekdaelen op 2020-04-30. Onderdeel: Voorstel inzake vaststellen visie vrijetijdseconomie Zuid-Limburg.","dc_identifier":"nl.gm1954.2c.2020.2830456-6","dc_publisher":"gm1954","dc_source":"https://beekdaelen.bestuurlijkeinformatie.nl/Agenda/Index/924b66c9-35f2-43b4-9c8b-fd8ab1261723","dc_title":"Commissie Ruimte (t/m april 2022) 2020-04-30 - Voorstel inzake vaststellen visie vrijetijdseconomie Zuid-Limburg","dc_type":"2c","dc_type_description":"Vergaderstuk decentrale overheid","foi_fairiscoreVersions":{"v1":2,"v2":2},"foi_files":[{"dc_format":"application/pdf","dc_identifier":"nl.gm1954.2c.2020.2830456-6.doc.9","dc_source":"https://api1.ibabs.eu/publicdownload.aspx?site=Beekdaelen&id=a4f4ec1a-e715-49ba-9825-6a3ac650aa80","dc_title":"Bijlage bij MvA CDA","dc_type":"bijlage","foi_fairiscoreVersions":{"v1":5,"v2":5},"foi_fileName":"Bijlage%20bij%20MvA%20CDA.pdf","foi_nrPages":1},{"dc_format":"application/pdf","dc_identifier":"nl.gm1954.2c.2020.2830456-6.doc.6","dc_source":"https://api1.ibabs.eu/publicdownload.aspx?site=Beekdaelen&id=672e9dfe-6b42-444d-890a-89759ba6bc87","dc_title":"Bijlage bij MvA vragen PvdA inz Middengebied - Uitvoeringsprogramma Middengebied definitief - oktober 2019","dc_type":"bijlage","foi_fairiscoreVersions":{"v1":2,"v2":1},"foi_fileName":"Bijlage%20bij%20MvA%20vragen%20PvdA%20inz%20Middengebied%20-%20Uitvoeringsprogramma%20Middengebied%20definitief%20-%20oktober%202019.pdf","foi_nrPages":25},{"dc_format":"application/pdf","dc_identifier":"nl.gm1954.2c.2020.2830456-6.doc.7","dc_source":"https://api1.ibabs.eu/publicdownload.aspx?site=Beekdaelen&id=771229b0-9607-4fe5-80e4-ef525acdce90","dc_title":"Memorie van Antwoord technische vragen inzake de Visie Vrijetijdseconomie Zuid-Limburg 2030, Beekdaelen Lokaal","dc_type":"bijlage","foi_fairiscoreVersions":{"v1":1,"v2":1},"foi_fileName":"Memorie%20van%20Antwoord%20technische%20vragen%20inzake%20de%20Visie%20Vrijetijdseconomie%20Zuid-Limburg%202030_%20Beekdaelen%20Lokaal.pdf","foi_nrPages":2},{"dc_format":"application/pdf","dc_identifier":"nl.gm1954.2c.2020.2830456-6.doc.8","dc_source":"https://api1.ibabs.eu/publicdownload.aspx?site=Beekdaelen&id=5789d470-715e-4f0f-ba12-c3c3983dbcee","dc_title":"Memorie van Antwoord technische vragen inzake de Visie Vrijetijdseconomie Zuid-Limburg 2030, CDA","dc_type":"bijlage","foi_fairiscoreVersions":{"v1":1,"v2":1},"foi_fileName":"Memorie%20van%20Antwoord%20technische%20vragen%20inzake%20de%20Visie%20Vrijetijdseconomie%20Zuid-Limburg%202030_%20CDA.pdf","foi_nrPages":3},{"dc_format":"application/pdf","dc_identifier":"nl.gm1954.2c.2020.2830456-6.doc.5","dc_source":"https://api1.ibabs.eu/publicdownload.aspx?site=Beekdaelen&id=5b1322eb-5271-4c70-b1fa-30b3c6eb4772","dc_title":"Memorie van Antwoord technische vragen inzake de Visie Vrijetijdseconomie Zuid-Limburg 2030, PvdA TS","dc_type":"bijlage","foi_fairiscoreVersions":{"v1":1,"v2":1},"foi_fileName":"Memorie%20van%20Antwoord%20technische%20vragen%20inzake%20de%20Visie%20Vrijetijdseconomie%20Zuid-Limburg%202030_%20PvdA%20TS.pdf","foi_nrPages":1},{"dc_format":"application/pdf","dc_identifier":"nl.gm1954.2c.2020.2830456-6.doc.4","dc_source":"https://api1.ibabs.eu/publicdownload.aspx?site=Beekdaelen&id=52b08960-4018-4c47-8abe-7525be9910ba","dc_title":"Memorie van Antwoord technische vragen inzake de Visie Vrijetijdseconomie Zuid-Limburg 2030","dc_type":"bijlage","foi_fairiscoreVersions":{"v1":1,"v2":1},"foi_fileName":"Memorie%20van%20Antwoord%20technische%20vragen%20inzake%20de%20Visie%20Vrijetijdseconomie%20Zuid-Limburg%202030.pdf","foi_nrPages":7},{"dc_format":"application/pdf","dc_identifier":"nl.gm1954.2c.2020.2830456-6.doc.3","dc_source":"https://api1.ibabs.eu/publicdownload.aspx?site=Beekdaelen&id=1d1fca5e-963c-4a80-85b2-848f42524ed1","dc_title":"Visie Vrijetijdseconomie Zuid-Limburg 2030","dc_type":"bijlage","foi_fairiscoreVersions":{"v1":3,"v2":3},"foi_fileName":"Z%2F20%2F138343%20-%20218960.pdf","foi_nrPages":83},{"dc_format":"application/pdf","dc_identifier":"nl.gm1954.2c.2020.2830456-6.doc.1","dc_source":"https://api1.ibabs.eu/publicdownload.aspx?site=Beekdaelen&id=b1994a9b-4cf6-46a3-8980-3f07ef17f5e8","dc_title":"Raadsvoorstel Visie Vrijetijdseconomie Zuid-Limburg 2030","dc_type":"bijlage","foi_fairiscoreVersions":{"v1":2,"v2":1},"foi_fileName":"Z%2F20%2F138343%20-%20218960%20-%20Visie%20Vrijetijdseconomie%20Zuid-Limburg.pdf","foi_nrPages":9},{"dc_format":"application/pdf","dc_identifier":"nl.gm1954.2c.2020.2830456-6.doc.2","dc_source":"https://api1.ibabs.eu/publicdownload.aspx?site=Beekdaelen&id=05512b8b-3966-453d-bb85-344b2ed6064b","dc_title":"Raadsbesluit Visie Vrijetijdseconomie Zuid-Limburg 2030","dc_type":"bijlage","foi_fairiscoreVersions":{"v1":1,"v2":1},"foi_fileName":"Z%2F20%2F138343%20-%20220431%20-%20Visie%20Vrijetijdseconomie%20Zuid-Limburg.pdf","foi_nrPages":1}],"foi_nrDocuments":9,"foi_nrPagesInDossier":132,"foi_publishedDate":"2020-04-30","foi_retrievedDate":"2026-03-02"},{"dc_creator":"HandelingScraper_v1","dc_date_year":2020,"dc_description":"Vergadering van de Gemeente Beekdaelen op 2020-04-30. Onderdeel: Voorstel inzake vvgb inzake renovatie/verbouwing van schuur tot woning en B&B, Roermolen 1 te Jabeek.","dc_identifier":"nl.gm1954.2c.2020.2830456-7","dc_publisher":"gm1954","dc_source":"https://beekdaelen.bestuurlijkeinformatie.nl/Agenda/Index/924b66c9-35f2-43b4-9c8b-fd8ab1261723","dc_title":"Commissie Ruimte (t/m april 2022) 2020-04-30 - Voorstel inzake vvgb inzake renovatie/verbouwing van schuur tot woning en B&B, Roermolen 1 te Jabeek","dc_type":"2c","dc_type_description":"Vergaderstuk decentrale overheid","foi_fairiscoreVersions":{"v1":null,"v2":null},"foi_files":[{"dc_format":"application/pdf","dc_identifier":"nl.gm1954.2c.2020.2830456-7.doc.6","dc_source":"https://api1.ibabs.eu/publicdownload.aspx?site=Beekdaelen&id=4d1330a0-4cba-490c-b0ae-c4209cf745f4","dc_title":"Memorie van Antwoord technische vragen Roermolen 1","dc_type":"bijlage","foi_fileName":"Memorie%20van%20Antwoord%20technische%20vragen%20Roermolen%201.pdf"},{"dc_format":"application/pdf","dc_identifier":"nl.gm1954.2c.2020.2830456-7.doc.3","dc_source":"https://api1.ibabs.eu/publicdownload.aspx?site=Beekdaelen&id=fea496b0-6744-4668-af5f-e6c8d2a03dc0","dc_title":"Principebesluit","dc_type":"bijlage","foi_fileName":"Principebesluit.pdf"},{"dc_format":"application/pdf","dc_identifier":"nl.gm1954.2c.2020.2830456-7.doc.4","dc_source":"https://api1.ibabs.eu/publicdownload.aspx?site=Beekdaelen&id=22c7109e-e5ae-4b82-bb9c-8f1d0b1dcde2","dc_title":"Ruimtelijke onderbouwing","dc_type":"bijlage","foi_fileName":"Ruimtelijke%20onderbouwing.pdf"},{"dc_format":"application/pdf","dc_identifier":"nl.gm1954.2c.2020.2830456-7.doc.5","dc_source":"https://api1.ibabs.eu/publicdownload.aspx?site=Beekdaelen&id=39733a40-a1e8-4456-9cc9-822d11426cb7","dc_title":"Ontwerpbesluit","dc_type":"bijlage","foi_fileName":"Z19136624%20223797%20Ontwerpbesluit.pdf"},{"dc_format":"application/pdf","dc_identifier":"nl.gm1954.2c.2020.2830456-7.doc.1","dc_source":"https://api1.ibabs.eu/publicdownload.aspx?site=Beekdaelen&id=e10d0e3b-10bd-4d36-bdc6-b75f0f442292","dc_title":"Raadsvoorstel  inzake aanvraag omgevingsvergunning voor het renoverenverbouwen van een schuur tot woning en B&B, Roermolen 1 te Jabeek","dc_type":"bijlage","foi_fileName":"Z19136624%20224014%20Raadsvoorstel%20%20inzake%20aanvraag%20omgevingsvergunning%20voor%20het%20renoverenverbouwen%20van%20een%20schuur%20tot%20woning%20en%20B%26B_%20Roermolen%201%20te%20Jabeek.pdf"},{"dc_format":"application/pdf","dc_identifier":"nl.gm1954.2c.2020.2830456-7.doc.2","dc_source":"https://api1.ibabs.eu/publicdownload.aspx?site=Beekdaelen&id=b33df48d-4f0d-4aab-83e2-d269f1ea789e","dc_title":"Concept  raadsbesluit  inzake aanvraag omgevingsvergunning voor het renoverenverbouwen van een schuur tot woning en B&B, Roermolen 1 te Jabeek","dc_type":"bijlage","foi_fileName":"Z19136624%20224048%20Concept%20%20raadsbesluit%20%20inzake%20aanvraag%20omgevingsvergunning%20voor%20het%20renoverenverbouwen%20van%20een%20schuur%20tot%20woning%20en%20B%26B_%20Roermolen%201%20te%20Jabeek.pdf"}],"foi_nrDocuments":6,"foi_nrPagesInDossier":0,"foi_publishedDate":"2020-04-30","foi_retrievedDate":"2025-12-01"},{"dc_creator":"HandelingScraper_v1","dc_date_year":2020,"dc_description":"Vergadering van de Gemeente Beekdaelen op 2020-04-30. Onderdeel: Voorstel inzake financi\u00eble stukken GR Gegevenshuis.","dc_identifier":"nl.gm1954.2c.2020.2830456-8","dc_publisher":"gm1954","dc_source":"https://beekdaelen.bestuurlijkeinformatie.nl/Agenda/Index/924b66c9-35f2-43b4-9c8b-fd8ab1261723","dc_title":"Commissie Ruimte (t/m april 2022) 2020-04-30 - Voorstel inzake financi\u00eble stukken GR Gegevenshuis","dc_type":"2c","dc_type_description":"Vergaderstuk decentrale overheid","foi_fairiscoreVersions":{"v1":2,"v2":2},"foi_files":[{"dc_format":"application/pdf","dc_identifier":"nl.gm1954.2c.2020.2830456-8.doc.8","dc_source":"https://api1.ibabs.eu/publicdownload.aspx?site=Beekdaelen&id=30b93ef9-e9ec-4bf3-a106-dd079dc61bc2","dc_title":"MvA beantwoording technische vragen PvdA","dc_type":"bijlage","foi_fairiscoreVersions":{"v1":1,"v2":1},"foi_fileName":"MvA%20beantwoording%20technische%20vragen%20PvdA.pdf","foi_nrPages":2},{"dc_format":"application/pdf","dc_identifier":"nl.gm1954.2c.2020.2830456-8.doc.2","dc_source":"https://api1.ibabs.eu/publicdownload.aspx?site=Beekdaelen&id=3628eab1-b673-4f38-b1c2-5cbb298e5aef","dc_title":"Raadsbesluit Jaarrekening 2019 en begroting 2020 GR Gegevenshuis","dc_type":"bijlage","foi_fairiscoreVersions":{"v1":1,"v2":1},"foi_fileName":"Z%2F20%2F140840%20-%20225150%20-%20Raadsbesluit%20Jaarrekening%202019%20en%20begroting%202020%20GR%20Gegevenshuis.pdf","foi_nrPages":1},{"dc_format":"application/pdf","dc_identifier":"nl.gm1954.2c.2020.2830456-8.doc.1","dc_source":"https://api1.ibabs.eu/publicdownload.aspx?site=Beekdaelen&id=2367b298-a718-4981-bdb9-2c16758bbcb3","dc_title":"Raadsvoorstel Jaarrekening 2019 en begroting 2020 GR Gegevenshuis","dc_type":"bijlage","foi_fairiscoreVersions":{"v1":1,"v2":1},"foi_fileName":"Z%2F20%2F140840%20-%20225154%20-%20Raadsvoorstel%20Jaarrekening%202019%20en%20begroting%202020%20GR%20Gegevenshuis.pdf","foi_nrPages":3},{"dc_format":"application/pdf","dc_identifier":"nl.gm1954.2c.2020.2830456-8.doc.5","dc_source":"https://api1.ibabs.eu/publicdownload.aspx?site=Beekdaelen&id=508e87c7-465e-44d7-b934-ec6648c75afa","dc_title":"Begroting 2021 - meerjarenraming","dc_type":"bijlage","foi_fairiscoreVersions":{"v1":2,"v2":1},"foi_fileName":"Z%2F20%2F140840%20-%20225871-%20Begroting%202021%20-%20meerjarenraming.pdf","foi_nrPages":38},{"dc_format":"application/pdf","dc_identifier":"nl.gm1954.2c.2020.2830456-8.doc.6","dc_source":"https://api1.ibabs.eu/publicdownload.aspx?site=Beekdaelen&id=93260ecb-de2f-44f3-b3f4-db7fd3d3617a","dc_title":"Bijlage bij meerjarenbegroting 2021 besparing door S-G","dc_type":"bijlage","foi_fairiscoreVersions":{"v1":1,"v2":1},"foi_fileName":"Z%2F20%2F140840%20-%20225871-%20Bijlage%20bij%20meerjarenbegroting%202021%20besparing%20door%20S-G.pdf","foi_nrPages":2},{"dc_format":"application/pdf","dc_identifier":"nl.gm1954.2c.2020.2830456-8.doc.4","dc_source":"https://api1.ibabs.eu/publicdownload.aspx?site=Beekdaelen&id=cd8bd89c-3aa8-498a-a8f6-9be28ca643e2","dc_title":"Bijstelling begroting 2020","dc_type":"bijlage","foi_fairiscoreVersions":{"v1":2,"v2":1},"foi_fileName":"Z%2F20%2F140840%20-%20225871-%20Bijstelling%20begroting%202020.pdf","foi_nrPages":39},{"dc_format":"application/pdf","dc_identifier":"nl.gm1954.2c.2020.2830456-8.doc.7","dc_source":"https://api1.ibabs.eu/publicdownload.aspx?site=Beekdaelen&id=5d704c6d-135c-4a6b-b371-81b1094543f7","dc_title":"Brief GR Gegevenshuis inzake aanbieden financiele stukken","dc_type":"bijlage","foi_fairiscoreVersions":{"v1":5,"v2":5},"foi_fileName":"Z%2F20%2F140840%20-%20225871-%20Brief%20GR%20Gegevenshuis%20inzake%20aanbieden%20financiele%20stukken.pdf","foi_nrPages":1},{"dc_format":"application/pdf","dc_identifier":"nl.gm1954.2c.2020.2830456-8.doc.3","dc_source":"https://api1.ibabs.eu/publicdownload.aspx?site=Beekdaelen&id=51eb66c2-1b6c-4658-9308-0c016b16ac2a","dc_title":"Jaarrekening 2019","dc_type":"bijlage","foi_fairiscoreVersions":{"v1":2,"v2":1},"foi_fileName":"Z%2F20%2F140840%20-%20225871-%20Jaarrekening%202019.pdf","foi_nrPages":35}],"foi_nrDocuments":8,"foi_nrPagesInDossier":121,"foi_publishedDate":"2020-04-30","foi_retrievedDate":"2025-12-29"},{"dc_creator":"HandelingScraper_v1","dc_date_year":2020,"dc_description":"Vergadering van de Gemeente Beekdaelen op 2020-04-30. Onderdeel: bespreken brief inwoner openen toerit A76 Schinnen i.v.m. verkeersdrukte bij de rotonde Nuth (Agenderingsverzoek VVD, dhr. Heggen).","dc_identifier":"nl.gm1954.2c.2020.2830456-9","dc_publisher":"gm1954","dc_source":"https://beekdaelen.bestuurlijkeinformatie.nl/Agenda/Index/924b66c9-35f2-43b4-9c8b-fd8ab1261723","dc_title":"Commissie Ruimte (t/m april 2022) 2020-04-30 - bespreken brief inwoner openen toerit A76 Schinnen i.v.m. verkeersdrukte bij de rotonde Nuth (Agenderingsverzoek VVD, dhr. Heggen)","dc_type":"2c","dc_type_description":"Vergaderstuk decentrale overheid","foi_fairiscoreVersions":{"v1":3,"v2":3},"foi_files":[{"dc_format":"application/pdf","dc_identifier":"nl.gm1954.2c.2020.2830456-9.doc.3","dc_source":"https://api1.ibabs.eu/publicdownload.aspx?site=Beekdaelen&id=e059603f-33cc-4a88-8596-1f20ebb00157","dc_title":"Mail Actiecomit\u00e9 Dorpstraat-Holleweg 30km NU -  Heropening oprit A76 - richting Geleen","dc_type":"bijlage","foi_fairiscoreVersions":{"v1":1,"v2":1},"foi_fileName":"5.b%20Actiecomit%C3%A9%20Dorpstraat-Holleweg%2030km%20NU%20-%20%20Heropening%20oprit%20A76%20-%20richting%20Geleen.pdf","foi_nrPages":1},{"dc_format":"application/pdf","dc_identifier":"nl.gm1954.2c.2020.2830456-9.doc.6","dc_source":"https://api1.ibabs.eu/publicdownload.aspx?site=Beekdaelen&id=da29de4f-6fe1-44e2-80ec-afb03949bd43","dc_title":"aanvullende mail eerste briefschrijver","dc_type":"bijlage","foi_fairiscoreVersions":{"v1":5,"v2":5},"foi_fileName":"aanvullende%20mail%20eerste%20briefschrijver.pdf","foi_nrPages":2},{"dc_format":"application/pdf","dc_identifier":"nl.gm1954.2c.2020.2830456-9.doc.1","dc_source":"https://api1.ibabs.eu/publicdownload.aspx?site=Beekdaelen&id=baf3de3a-97b9-48a6-a428-a8ff89b48373","dc_title":"Brief inzake toerit A76 Schinnen geanonimiseerd","dc_type":"bijlage","foi_fairiscoreVersions":{"v1":5,"v2":5},"foi_fileName":"Brief%20geanonimiseerd%20toerit%20A76%20Schinnen.pdf","foi_nrPages":1},{"dc_format":"application/pdf","dc_identifier":"nl.gm1954.2c.2020.2830456-9.doc.8","dc_source":"https://api1.ibabs.eu/publicdownload.aspx?site=Beekdaelen&id=eab18d71-99ee-450c-ad89-caa94802dd33","dc_title":"brief provincie verkeerssituatie Schinnen","dc_type":"bijlage","foi_fairiscoreVersions":{"v1":5,"v2":5},"foi_fileName":"brief%20provincie%20verkeerssituatie%20Schinnen.pdf","foi_nrPages":2},{"dc_format":"application/pdf","dc_identifier":"nl.gm1954.2c.2020.2830456-9.doc.10","dc_source":"https://api1.ibabs.eu/publicdownload.aspx?site=Beekdaelen&id=cef4de2c-c820-4b69-b05d-f6d6840e4b7a","dc_title":"Gemeente Beekdaelen, situatie rotonde Nuth  A.76.docx","dc_type":"bijlage","foi_fairiscoreVersions":{"v1":1,"v2":1},"foi_fileName":"Gemeente%20Beekdaelen_%20situatie%20rotonde%20Nuth%20%20A.76.pdf","foi_nrPages":1},{"dc_format":"application/pdf","dc_identifier":"nl.gm1954.2c.2020.2830456-9.doc.5","dc_source":"https://api1.ibabs.eu/publicdownload.aspx?site=Beekdaelen&id=357f5a61-6619-46d1-a7b0-23c98db5a592","dc_title":"mail eerste briefschrijver","dc_type":"bijlage","foi_fairiscoreVersions":{"v1":5,"v2":5},"foi_fileName":"mail%20eerste%20briefschrijver.pdf","foi_nrPages":1},{"dc_format":"application/pdf","dc_identifier":"nl.gm1954.2c.2020.2830456-9.doc.4","dc_source":"https://api1.ibabs.eu/publicdownload.aspx?site=Beekdaelen&id=a82a53b7-1f8a-4626-9810-436739e848b6","dc_title":"mail inwoner inzake openstelling toerit naar A76 Nagelbeek Schinnen","dc_type":"bijlage","foi_fairiscoreVersions":{"v1":5,"v2":5},"foi_fileName":"mail%20openstelling%20A76.pdf","foi_nrPages":1},{"dc_format":"application/pdf","dc_identifier":"nl.gm1954.2c.2020.2830456-9.doc.9","dc_source":"https://api1.ibabs.eu/publicdownload.aspx?site=Beekdaelen&id=715a1188-bd33-4c5e-84d6-7dbd1ca5ce5f","dc_title":"Memorie van Antwoord technische vragen CDA openen toerit A76.docx","dc_type":"bijlage","foi_fairiscoreVersions":{"v1":1,"v2":1},"foi_fileName":"Memorie%20van%20Antwoord%20technische%20vragen%20CDA%20openen%20toerit%20A76.pdf","foi_nrPages":1},{"dc_format":"application/pdf","dc_identifier":"nl.gm1954.2c.2020.2830456-9.doc.7","dc_source":"https://api1.ibabs.eu/publicdownload.aspx?site=Beekdaelen&id=511e8c37-92d7-4a99-bd11-7fe48acdf30d","dc_title":"Memorie van Antwoord vragen BL over brief openen toerit A76","dc_type":"bijlage","foi_fairiscoreVersions":{"v1":1,"v2":1},"foi_fileName":"Memorie%20van%20Antwoord%20vragen%20BL%20over%20brief%20openen%20toerit%20A76.pdf","foi_nrPages":1},{"dc_format":"application/pdf","dc_identifier":"nl.gm1954.2c.2020.2830456-9.doc.2","dc_source":"https://api1.ibabs.eu/publicdownload.aspx?site=Beekdaelen&id=73559144-842c-4fd2-840f-51976f9f121d","dc_title":"Uitgaande brief - Heroverweging verkeersbesluit A76 Schinnen","dc_type":"bijlage","foi_fairiscoreVersions":{"v1":1,"v2":1},"foi_fileName":"Uitgaande%20brief%20-%20Heroverweging%20verkeersbesluit%20A76%20Schinnen.pdf","foi_nrPages":1}],"foi_nrDocuments":10,"foi_nrPagesInDossier":12,"foi_publishedDate":"2020-04-30","foi_retrievedDate":"2025-12-04"},{"dc_creator":"HandelingScraper_v1","dc_date_year":2020,"dc_description":"Vergadering van de Gemeente Beekdaelen op 2020-05-19. Onderdeel: Opening.","dc_identifier":"nl.gm1954.2c.2020.2830551-1","dc_publisher":"gm1954","dc_source":"https://beekdaelen.bestuurlijkeinformatie.nl/Agenda/Index/d4b95e94-acc8-49aa-ad93-6fd816193e4b","dc_title":"Raadsvergadering 2020-05-19 - Opening","dc_type":"2c","dc_type_description":"Vergaderstuk decentrale overheid","foi_fairiscoreVersions":{"v1":null,"v2":null},"foi_files":[{"dc_format":"application/pdf","dc_identifier":"nl.gm1954.2c.2020.2830551-1.doc.1","dc_source":"https://api1.ibabs.eu/publicdownload.aspx?site=Beekdaelen&id=c4434db1-dfae-4a94-8f6a-81c4b6e3d4f0","dc_title":"Uitnodiging en voorlopige agenda raadsvergadering 19 mei 2020","dc_type":"bijlage","foi_fileName":"Uitnodiging%20en%20agenda%20raadsvergadering%2019%20mei%202020.pdf"}],"foi_nrDocuments":1,"foi_nrPagesInDossier":0,"foi_publishedDate":"2020-05-19","foi_retrievedDate":"2025-12-01"},{"dc_creator":"HandelingScraper_v1","dc_date_year":2020,"dc_description":"Vergadering van de Gemeente Beekdaelen op 2020-05-19. Onderdeel: Voorstel inzake VvGB bouwplan Roermolen 1 te Jabeek.","dc_identifier":"nl.gm1954.2c.2020.2830551-10","dc_publisher":"gm1954","dc_source":"https://beekdaelen.bestuurlijkeinformatie.nl/Agenda/Index/d4b95e94-acc8-49aa-ad93-6fd816193e4b","dc_title":"Raadsvergadering 2020-05-19 - Voorstel inzake VvGB bouwplan Roermolen 1 te Jabeek","dc_type":"2c","dc_type_description":"Vergaderstuk decentrale overheid","foi_fairiscoreVersions":{"v1":1,"v2":1},"foi_files":[{"dc_format":"application/pdf","dc_identifier":"nl.gm1954.2c.2020.2830551-10.doc.4","dc_source":"https://api1.ibabs.eu/publicdownload.aspx?site=Beekdaelen&id=12f99192-0fd3-4be7-b8ea-ebf360a89c56","dc_title":"Ontwerp omgevingsvergunning","dc_type":"bijlage","foi_fairiscoreVersions":{"v1":1,"v2":1},"foi_fileName":"ontwerpbesluit.pdf","foi_nrPages":7},{"dc_format":"application/pdf","dc_identifier":"nl.gm1954.2c.2020.2830551-10.doc.2","dc_source":"https://api1.ibabs.eu/publicdownload.aspx?site=Beekdaelen&id=c07ab3d9-c35e-421f-9ddc-7e384c38b026","dc_title":"Raadsbesluit inzake VvGB bouwplan Roermolen 1 Jabeek vastgesteld 19052020","dc_type":"bijlage","foi_fairiscoreVersions":{"v1":1,"v2":1},"foi_fileName":"Raadsbesluit%20inzake%20VvGB%20bouwplan%20Roermolen%201%20Jabeek%20vastgesteld%2019052020.pdf","foi_nrPages":1},{"dc_format":"application/pdf","dc_identifier":"nl.gm1954.2c.2020.2830551-10.doc.1","dc_source":"https://api1.ibabs.eu/publicdownload.aspx?site=Beekdaelen&id=139dc632-0137-4570-b3cf-3c9ac902142f","dc_title":"Raadsvoorstel inzake aanvraag omgevingsvergunning voor het renoveren/verbouwen van een schuur tot woning en B&B, Roermolen 1 te Jabeek.","dc_type":"bijlage","foi_fairiscoreVersions":{"v1":1,"v2":1},"foi_fileName":"raadsvoorstel.pdf","foi_nrPages":3},{"dc_format":"application/pdf","dc_identifier":"nl.gm1954.2c.2020.2830551-10.doc.3","dc_source":"https://api1.ibabs.eu/publicdownload.aspx?site=Beekdaelen&id=4410b8d2-b43f-4c71-a6d0-23c8bff16f5f","dc_title":"Ruimtelijke onderbouwing","dc_type":"bijlage","foi_fairiscoreVersions":{"v1":1,"v2":1},"foi_fileName":"ruimtelijke%20onderbouwing.pdf","foi_nrPages":29}],"foi_nrDocuments":4,"foi_nrPagesInDossier":40,"foi_publishedDate":"2020-05-19","foi_retrievedDate":"2026-03-15"},{"dc_creator":"HandelingScraper_v1","dc_date_year":2020,"dc_description":"Vergadering van de Gemeente Beekdaelen op 2020-05-19. Onderdeel: Vaststelling lijst ingekomen stukken.","dc_identifier":"nl.gm1954.2c.2020.2830551-11","dc_publisher":"gm1954","dc_source":"https://beekdaelen.bestuurlijkeinformatie.nl/Agenda/Index/d4b95e94-acc8-49aa-ad93-6fd816193e4b","dc_title":"Raadsvergadering 2020-05-19 - Vaststelling lijst ingekomen stukken","dc_type":"2c","dc_type_description":"Vergaderstuk decentrale overheid","foi_fairiscoreVersions":{"v1":1,"v2":1},"foi_files":[{"dc_format":"application/pdf","dc_identifier":"nl.gm1954.2c.2020.2830551-11.doc.1","dc_source":"https://api1.ibabs.eu/publicdownload.aspx?site=Beekdaelen&id=da65b917-e567-46e0-9c55-1d6c5544d078","dc_title":"Lijst ingekomen stukken raad 19052020 vastgesteld 19052020","dc_type":"bijlage","foi_fairiscoreVersions":{"v1":1,"v2":1},"foi_fileName":"Lijst%20ingekomen%20stukken%20raad%2019052020%20versie%2014052020.pdf","foi_nrPages":6}],"foi_nrDocuments":1,"foi_nrPagesInDossier":6,"foi_publishedDate":"2020-05-19","foi_retrievedDate":"2026-03-15"},{"dc_creator":"HandelingScraper_v1","dc_date_year":2020,"dc_description":"Vergadering van de Gemeente Beekdaelen op 2020-05-19. Onderdeel: Moties vreemd aan de orde van de dag en initiatiefvoorstellen.","dc_identifier":"nl.gm1954.2c.2020.2830551-12","dc_publisher":"gm1954","dc_source":"https://beekdaelen.bestuurlijkeinformatie.nl/Agenda/Index/d4b95e94-acc8-49aa-ad93-6fd816193e4b","dc_title":"Raadsvergadering 2020-05-19 - Moties vreemd aan de orde van de dag en initiatiefvoorstellen","dc_type":"2c","dc_type_description":"Vergaderstuk decentrale overheid","foi_fairiscoreVersions":{"v1":1,"v2":1},"foi_files":[{"dc_format":"application/pdf","dc_identifier":"nl.gm1954.2c.2020.2830551-12.doc.1","dc_source":"https://api1.ibabs.eu/publicdownload.aspx?site=Beekdaelen&id=4552e253-efdc-4b56-b984-0643ac61f7d1","dc_title":"Motie instellen Covid Noodfonds incl. stemuitslag AANGENOMEN","dc_type":"bijlage","foi_fairiscoreVersions":{"v1":1,"v2":1},"foi_fileName":"Motie%20instellen%20Covid%20Noodfonds%20incl.%20stemuitslag%20AANGENOMEN.pdf","foi_nrPages":1}],"foi_nrDocuments":1,"foi_nrPagesInDossier":1,"foi_publishedDate":"2020-05-19","foi_retrievedDate":"2026-02-05"},{"dc_creator":"HandelingScraper_v1","dc_date_year":2020,"dc_description":"Vergadering van de Gemeente Beekdaelen op 2020-05-19. Onderdeel: Vaststelling van de agenda.","dc_identifier":"nl.gm1954.2c.2020.2830551-2","dc_publisher":"gm1954","dc_source":"https://beekdaelen.bestuurlijkeinformatie.nl/Agenda/Index/d4b95e94-acc8-49aa-ad93-6fd816193e4b","dc_title":"Raadsvergadering 2020-05-19 - Vaststelling van de agenda","dc_type":"2c","dc_type_description":"Vergaderstuk decentrale overheid","foi_fairiscoreVersions":{"v1":1,"v2":1},"foi_files":[{"dc_format":"application/pdf","dc_identifier":"nl.gm1954.2c.2020.2830551-2.doc.1","dc_source":"https://api1.ibabs.eu/publicdownload.aspx?site=Beekdaelen&id=e7bf1912-76a0-4ce6-b9a6-267d5a124179","dc_title":"Vastgestelde agenda raadsvergadering 19052020","dc_type":"bijlage","foi_fairiscoreVersions":{"v1":1,"v2":1},"foi_fileName":"Vastgestelde%20agenda%20raadsvergadering%2019052020.pdf","foi_nrPages":1}],"foi_nrDocuments":1,"foi_nrPagesInDossier":1,"foi_publishedDate":"2020-05-19","foi_retrievedDate":"2026-03-02"},{"dc_creator":"HandelingScraper_v1","dc_date_year":2020,"dc_description":"Vergadering van de Gemeente Beekdaelen op 2020-05-19. Onderdeel: Vaststellen besluitenlijst openbare raadsvergadering d.d. 14 april 2020.","dc_identifier":"nl.gm1954.2c.2020.2830551-3","dc_publisher":"gm1954","dc_source":"https://beekdaelen.bestuurlijkeinformatie.nl/Agenda/Index/d4b95e94-acc8-49aa-ad93-6fd816193e4b","dc_title":"Raadsvergadering 2020-05-19 - Vaststellen besluitenlijst openbare raadsvergadering d.d. 14 april 2020","dc_type":"2c","dc_type_description":"Vergaderstuk decentrale overheid","foi_fairiscoreVersions":{"v1":1,"v2":1},"foi_files":[{"dc_format":"application/pdf","dc_identifier":"nl.gm1954.2c.2020.2830551-3.doc.1","dc_source":"https://api1.ibabs.eu/publicdownload.aspx?site=Beekdaelen&id=087677b6-497c-4232-8ded-60ec7d6bf359","dc_title":"Besluitenlijst raadsvergadering 14 april 2020 vastgesteld 19052020","dc_type":"bijlage","foi_fairiscoreVersions":{"v1":1,"v2":1},"foi_fileName":"Besluitenlijst%20raadsvergadering%2014%20april%202020.pdf","foi_nrPages":6}],"foi_nrDocuments":1,"foi_nrPagesInDossier":6,"foi_publishedDate":"2020-05-19","foi_retrievedDate":"2026-03-04"},{"dc_creator":"HandelingScraper_v1","dc_date_year":2020,"dc_description":"Vergadering van de Gemeente Beekdaelen op 2020-05-19. Onderdeel: Voorstel inzake begroting 2021 en meerjarenraming 2022-2024 GR WOZL.","dc_identifier":"nl.gm1954.2c.2020.2830551-4","dc_publisher":"gm1954","dc_source":"https://beekdaelen.bestuurlijkeinformatie.nl/Agenda/Index/d4b95e94-acc8-49aa-ad93-6fd816193e4b","dc_title":"Raadsvergadering 2020-05-19 - Voorstel inzake begroting 2021 en meerjarenraming 2022-2024 GR WOZL","dc_type":"2c","dc_type_description":"Vergaderstuk decentrale overheid","foi_fairiscoreVersions":{"v1":3,"v2":3},"foi_files":[{"dc_format":"application/pdf","dc_identifier":"nl.gm1954.2c.2020.2830551-4.doc.5","dc_source":"https://api1.ibabs.eu/publicdownload.aspx?site=Beekdaelen&id=a6eabbff-a3b9-4d0e-9ec9-14f1efbd49ce","dc_title":"Bijlage 3 Brief aan WOZL inzake raadsbesluit","dc_type":"bijlage","foi_fairiscoreVersions":{"v1":2,"v2":1},"foi_fileName":"223848_1%20uitgaande%20brief%20bestuur%20WOZL.pdf","foi_nrPages":2},{"dc_format":"application/pdf","dc_identifier":"nl.gm1954.2c.2020.2830551-4.doc.3","dc_source":"https://api1.ibabs.eu/publicdownload.aspx?site=Beekdaelen&id=d55c840b-bea0-403c-8063-b956047f1bae","dc_title":"Bijlage 1 Begroting 2021 en meerjarenraming 2022-2024 GR WOZL","dc_type":"bijlage","foi_fairiscoreVersions":{"v1":4,"v2":4},"foi_fileName":"bijlage.pdf","foi_nrPages":35},{"dc_format":"application/pdf","dc_identifier":"nl.gm1954.2c.2020.2830551-4.doc.4","dc_source":"https://api1.ibabs.eu/publicdownload.aspx?site=Beekdaelen&id=7468546a-bc11-4dcb-bdc0-266b6848dda3","dc_title":"Bijlage 2 Factsheet begroting 2021 en meerjarenraming 2022-2024 GR WOZL","dc_type":"bijlage","foi_fairiscoreVersions":{"v1":4,"v2":4},"foi_fileName":"factsheet.pdf","foi_nrPages":3},{"dc_format":"application/pdf","dc_identifier":"nl.gm1954.2c.2020.2830551-4.doc.1","dc_source":"https://api1.ibabs.eu/publicdownload.aspx?site=Beekdaelen&id=89949cc5-d23a-441e-baf1-69b455cb6c1c","dc_title":"Raadsvoorstel inzake ontwerpbegroting 2021 en meerjarenraming 2022 \u2013 2024 GR WOZL","dc_type":"bijlage","foi_fairiscoreVersions":{"v1":2,"v2":1},"foi_fileName":"Z%2F20%2F139566%20-%20223576%20-%20Begroting%202021%20en%20meerjarenraming%202022-2024%20GR%20WOZL.pdf","foi_nrPages":3},{"dc_format":"application/pdf","dc_identifier":"nl.gm1954.2c.2020.2830551-4.doc.2","dc_source":"https://api1.ibabs.eu/publicdownload.aspx?site=Beekdaelen&id=6f83e564-265e-407e-b200-da5ef9ebd2c2","dc_title":"Raadsbesluit inzake ontwerpbegroting 2021 en meerjarenraming 2022 \u2013 2024 GR WOZL vastgesteld 19052020","dc_type":"bijlage","foi_fairiscoreVersions":{"v1":1,"v2":1},"foi_fileName":"Z%2F20%2F139566%20-%20223846%20-%20Bgeroting%202021%20met%20meerjarenraming%202022-2024%20GR%20WOZL.pdf","foi_nrPages":1}],"foi_nrDocuments":5,"foi_nrPagesInDossier":44,"foi_publishedDate":"2020-05-19","foi_retrievedDate":"2026-03-15"},{"dc_creator":"HandelingScraper_v1","dc_date_year":2020,"dc_description":"Vergadering van de Gemeente Beekdaelen op 2020-05-19. Onderdeel: Voorstel inzake ontwerpbegroting 2021 en meerjarenraming 2022-2024 GR WSP.","dc_identifier":"nl.gm1954.2c.2020.2830551-5","dc_publisher":"gm1954","dc_source":"https://beekdaelen.bestuurlijkeinformatie.nl/Agenda/Index/d4b95e94-acc8-49aa-ad93-6fd816193e4b","dc_title":"Raadsvergadering 2020-05-19 - Voorstel inzake ontwerpbegroting 2021 en meerjarenraming 2022-2024 GR WSP","dc_type":"2c","dc_type_description":"Vergaderstuk decentrale overheid","foi_fairiscoreVersions":{"v1":3,"v2":3},"foi_files":[{"dc_format":"application/pdf","dc_identifier":"nl.gm1954.2c.2020.2830551-5.doc.3","dc_source":"https://api1.ibabs.eu/publicdownload.aspx?site=Beekdaelen&id=cea4e558-1f5b-4846-b823-d7b709d7f7bc","dc_title":"Bijlage 1 Ontwerpbegroting 2021 en meerjarenraming 2022 \u2013 2024 GR WSP","dc_type":"bijlage","foi_fairiscoreVersions":{"v1":4,"v2":4},"foi_fileName":"bijlage.pdf","foi_nrPages":30},{"dc_format":"application/pdf","dc_identifier":"nl.gm1954.2c.2020.2830551-5.doc.4","dc_source":"https://api1.ibabs.eu/publicdownload.aspx?site=Beekdaelen&id=1e0f2ddf-4f53-4ac6-818d-04271f3cee20","dc_title":"Bijlage 2 Factsheet ontwerpbegroting 2021 en meerjarenraming 2022 \u2013 2024 GR WSP","dc_type":"bijlage","foi_fairiscoreVersions":{"v1":4,"v2":4},"foi_fileName":"factsheet.pdf","foi_nrPages":4},{"dc_format":"application/pdf","dc_identifier":"nl.gm1954.2c.2020.2830551-5.doc.5","dc_source":"https://api1.ibabs.eu/publicdownload.aspx?site=Beekdaelen&id=753ad4c6-73dd-4d29-a73d-eb0383f8ea27","dc_title":"Bijlage 4 Brief aan WSP inzake raadsbesluit","dc_type":"bijlage","foi_fairiscoreVersions":{"v1":1,"v2":1},"foi_fileName":"Uitgaande%20brief%20bestuur%20WSP.pdf","foi_nrPages":1},{"dc_format":"application/pdf","dc_identifier":"nl.gm1954.2c.2020.2830551-5.doc.1","dc_source":"https://api1.ibabs.eu/publicdownload.aspx?site=Beekdaelen&id=9aafb722-1e2b-43f1-af3f-5a6b22c775bc","dc_title":"Raadsvoorstel inzake ontwerpbegroting 2021 en meerjarenraming 2022 \u2013 2024 GR WSP","dc_type":"bijlage","foi_fairiscoreVersions":{"v1":1,"v2":1},"foi_fileName":"Z%2F20%2F139570%20-%20224772.pdf","foi_nrPages":3},{"dc_format":"application/pdf","dc_identifier":"nl.gm1954.2c.2020.2830551-5.doc.2","dc_source":"https://api1.ibabs.eu/publicdownload.aspx?site=Beekdaelen&id=32e4acad-e1f3-4cc4-885f-fcbed3c37641","dc_title":"Raadsbesluit  inzake ontwerpbegroting 2021 en meerjarenraming 2022 \u2013 2024 GR WSP vastgesteld 19052020","dc_type":"bijlage","foi_fairiscoreVersions":{"v1":1,"v2":1},"foi_fileName":"Z%2F20%2F139570%20-%20224778%20-%20Raadsbesluit%20begroting%202021%20en%20MJB%202020-2024%20GR%20WSP.pdf","foi_nrPages":1}],"foi_nrDocuments":5,"foi_nrPagesInDossier":39,"foi_publishedDate":"2020-05-19","foi_retrievedDate":"2025-11-30"},{"dc_creator":"HandelingScraper_v1","dc_date_year":2020,"dc_description":"Vergadering van de Gemeente Beekdaelen op 2020-05-19. Onderdeel: Voorstel inzake ontwerpbegroting 2021 en meerjarenraming 2022-2024 ISD BOL..","dc_identifier":"nl.gm1954.2c.2020.2830551-6","dc_publisher":"gm1954","dc_source":"https://beekdaelen.bestuurlijkeinformatie.nl/Agenda/Index/d4b95e94-acc8-49aa-ad93-6fd816193e4b","dc_title":"Raadsvergadering 2020-05-19 - Voorstel inzake ontwerpbegroting 2021 en meerjarenraming 2022-2024 ISD BOL.","dc_type":"2c","dc_type_description":"Vergaderstuk decentrale overheid","foi_fairiscoreVersions":{"v1":2,"v2":1},"foi_files":[{"dc_format":"application/pdf","dc_identifier":"nl.gm1954.2c.2020.2830551-6.doc.1","dc_source":"https://api1.ibabs.eu/publicdownload.aspx?site=Beekdaelen&id=516b71bd-ce2f-492c-829b-7d01c95975eb","dc_title":"Raadsvoorstel inzake jaarstukken 2019 en ontwerpbegroting 2021 en meerjarenraming 2022 \u2013 2024 ISD BOL","dc_type":"bijlage","foi_fairiscoreVersions":{"v1":1,"v2":1},"foi_fileName":"225089_1.pdf","foi_nrPages":3},{"dc_format":"application/pdf","dc_identifier":"nl.gm1954.2c.2020.2830551-6.doc.4","dc_source":"https://api1.ibabs.eu/publicdownload.aspx?site=Beekdaelen&id=6cbe108e-cad3-4291-a9a4-67722c934272","dc_title":"Bijlage 2 Begroting 2021 en meerjarenraming 2022-2024 ISD BOL","dc_type":"bijlage","foi_fairiscoreVersions":{"v1":2,"v2":1},"foi_fileName":"Begroting%202021%20ISD%20BOL%20versie%203%2025%20maart%202020.pdf","foi_nrPages":66},{"dc_format":"application/pdf","dc_identifier":"nl.gm1954.2c.2020.2830551-6.doc.3","dc_source":"https://api1.ibabs.eu/publicdownload.aspx?site=Beekdaelen&id=4e70a29c-9ea1-487c-8530-f5ca5f741b66","dc_title":"Bijlage 1 Jaarstukken ISD BOL 2019.","dc_type":"bijlage","foi_fairiscoreVersions":{"v1":2,"v2":1},"foi_fileName":"Jaarstukken%202019%20ISD%20BOL%20versie%203.0%2025%20maart%202020.pdf","foi_nrPages":121},{"dc_format":"application/pdf","dc_identifier":"nl.gm1954.2c.2020.2830551-6.doc.5","dc_source":"https://api1.ibabs.eu/publicdownload.aspx?site=Beekdaelen&id=c9721c4d-ab30-4929-ac6e-e8e2b1022a5a","dc_title":"Bijlage 3 Brief aan ISD BOL inzake raadsbesluit.","dc_type":"bijlage","foi_fairiscoreVersions":{"v1":1,"v2":1},"foi_fileName":"Uitgaande%20brief%20AB%20ISD%20BOL.pdf","foi_nrPages":1},{"dc_format":"application/pdf","dc_identifier":"nl.gm1954.2c.2020.2830551-6.doc.2","dc_source":"https://api1.ibabs.eu/publicdownload.aspx?site=Beekdaelen&id=ef0472d9-08f6-49bc-ba5c-6987cd6b4dc9","dc_title":"Raadsbesluit inzake jaarstukken 2019 en ontwerpbegroting 2021 en meerjarenraming 2022 \u2013 2024 ISD BOL vastgesteld 19052020","dc_type":"bijlage","foi_fairiscoreVersions":{"v1":1,"v2":1},"foi_fileName":"Z%2F20%2F140819%20-%20225100%20-%20Jaarstukken%202019%20en%20Begroting%202021%20met%20meerjarenraming%202022-2024%20ISD%20BOL.pdf","foi_nrPages":1}],"foi_nrDocuments":5,"foi_nrPagesInDossier":192,"foi_publishedDate":"2020-05-19","foi_retrievedDate":"2025-11-29"},{"dc_creator":"HandelingScraper_v1","dc_date_year":2020,"dc_description":"Vergadering van de Gemeente Beekdaelen op 2020-05-19. Onderdeel: Voorstel inzake financi\u00eble stukken GR Gegevenshuis.","dc_identifier":"nl.gm1954.2c.2020.2830551-7","dc_publisher":"gm1954","dc_source":"https://beekdaelen.bestuurlijkeinformatie.nl/Agenda/Index/d4b95e94-acc8-49aa-ad93-6fd816193e4b","dc_title":"Raadsvergadering 2020-05-19 - Voorstel inzake financi\u00eble stukken GR Gegevenshuis","dc_type":"2c","dc_type_description":"Vergaderstuk decentrale overheid","foi_fairiscoreVersions":{"v1":2,"v2":1},"foi_files":[{"dc_format":"application/pdf","dc_identifier":"nl.gm1954.2c.2020.2830551-7.doc.2","dc_source":"https://api1.ibabs.eu/publicdownload.aspx?site=Beekdaelen&id=a6e1e5a3-d049-48ff-bed5-fbcb439c5249","dc_title":"Raadsbesluit inzake fin.stukken GR Gegevenshuis vastgesteld 19052020","dc_type":"bijlage","foi_fairiscoreVersions":{"v1":1,"v2":1},"foi_fileName":"Raadsbesluit%20inzake%20fin.stukken%20GR%20Gegevenshuis%20aangepast.pdf","foi_nrPages":1},{"dc_format":"application/pdf","dc_identifier":"nl.gm1954.2c.2020.2830551-7.doc.1","dc_source":"https://api1.ibabs.eu/publicdownload.aspx?site=Beekdaelen&id=3beb25ab-d891-482f-bf31-be2d30037d2d","dc_title":"Raadsvoorstel inzake Jaarrekening 2019 en begroting 2020 GR Gegevenshuis","dc_type":"bijlage","foi_fairiscoreVersions":{"v1":1,"v2":1},"foi_fileName":"Z%2F20%2F140840%20-%20225154%20-%20Raadsvoorstel%20Jaarrekening%202019%20en%20begroting%202020%20GR%20Gegevenshuis.pdf","foi_nrPages":3},{"dc_format":"application/pdf","dc_identifier":"nl.gm1954.2c.2020.2830551-7.doc.5","dc_source":"https://api1.ibabs.eu/publicdownload.aspx?site=Beekdaelen&id=de3f31e0-8731-4f51-8717-726c6781a7c2","dc_title":"Begroting 2021 - meerjarenraming","dc_type":"bijlage","foi_fairiscoreVersions":{"v1":2,"v2":1},"foi_fileName":"Z%2F20%2F140840%20-%20225871-%20Begroting%202021%20-%20meerjarenraming.pdf","foi_nrPages":38},{"dc_format":"application/pdf","dc_identifier":"nl.gm1954.2c.2020.2830551-7.doc.6","dc_source":"https://api1.ibabs.eu/publicdownload.aspx?site=Beekdaelen&id=8b4fb61b-28b9-4bc8-b1a1-605f7c10a7a5","dc_title":"Bijlage bij meerjarenbegroting 2021 besparing door S-G","dc_type":"bijlage","foi_fairiscoreVersions":{"v1":1,"v2":1},"foi_fileName":"Z%2F20%2F140840%20-%20225871-%20Bijlage%20bij%20meerjarenbegroting%202021%20besparing%20door%20S-G.pdf","foi_nrPages":2},{"dc_format":"application/pdf","dc_identifier":"nl.gm1954.2c.2020.2830551-7.doc.4","dc_source":"https://api1.ibabs.eu/publicdownload.aspx?site=Beekdaelen&id=9d3394df-0775-4133-96ca-49bc6eef0c87","dc_title":"Bijstelling begroting 2020","dc_type":"bijlage","foi_fairiscoreVersions":{"v1":2,"v2":1},"foi_fileName":"Z%2F20%2F140840%20-%20225871-%20Bijstelling%20begroting%202020.pdf","foi_nrPages":39},{"dc_format":"application/pdf","dc_identifier":"nl.gm1954.2c.2020.2830551-7.doc.3","dc_source":"https://api1.ibabs.eu/publicdownload.aspx?site=Beekdaelen&id=570d1d8d-d903-4057-a304-9bac22ef58df","dc_title":"Jaarrekening 2019","dc_type":"bijlage","foi_fairiscoreVersions":{"v1":2,"v2":1},"foi_fileName":"Z%2F20%2F140840%20-%20225871-%20Jaarrekening%202019.pdf","foi_nrPages":35}],"foi_nrDocuments":6,"foi_nrPagesInDossier":118,"foi_publishedDate":"2020-05-19","foi_retrievedDate":"2025-12-02"},{"dc_creator":"HandelingScraper_v1","dc_date_year":2020,"dc_description":"Vergadering van de Gemeente Beekdaelen op 2020-05-19. Onderdeel: Voorstel inzake aan- en verkoop agrarische grond Vloedsgraaf te Schinnen t.b.v. project Hersteltuin.","dc_identifier":"nl.gm1954.2c.2020.2830551-8","dc_publisher":"gm1954","dc_source":"https://beekdaelen.bestuurlijkeinformatie.nl/Agenda/Index/d4b95e94-acc8-49aa-ad93-6fd816193e4b","dc_title":"Raadsvergadering 2020-05-19 - Voorstel inzake aan- en verkoop agrarische grond Vloedsgraaf te Schinnen t.b.v. project Hersteltuin","dc_type":"2c","dc_type_description":"Vergaderstuk decentrale overheid","foi_fairiscoreVersions":{"v1":2,"v2":2},"foi_files":[{"dc_format":"application/pdf","dc_identifier":"nl.gm1954.2c.2020.2830551-8.doc.5","dc_source":"https://api1.ibabs.eu/publicdownload.aspx?site=Beekdaelen&id=027e8c76-672a-4e6d-bc05-c82d7a0f98ec","dc_title":"Informatie voor commissie 28-04-2020","dc_type":"bijlage","foi_fairiscoreVersions":{"v1":1,"v2":1},"foi_fileName":"Informatie%20voor%20commissie%2028-04-2020.pdf","foi_nrPages":2},{"dc_format":"application/pdf","dc_identifier":"nl.gm1954.2c.2020.2830551-8.doc.6","dc_source":"https://api1.ibabs.eu/publicdownload.aspx?site=Beekdaelen&id=975228aa-bb92-4021-aba5-80412d1f8d77","dc_title":"Tijdlijn project Hersteltuin","dc_type":"bijlage","foi_fairiscoreVersions":{"v1":1,"v2":1},"foi_fileName":"Tijdlijn%20project%20Hersteltuin.pdf","foi_nrPages":1},{"dc_format":"application/pdf","dc_identifier":"nl.gm1954.2c.2020.2830551-8.doc.1","dc_source":"https://api1.ibabs.eu/publicdownload.aspx?site=Beekdaelen&id=42642326-2a63-434b-8db1-627efe37fd42","dc_title":"Raadsvoorstel aan- en verkoop agrarische grond aan de Vloedsgraaf te Schinnen t.b.v. het project Hersteltuin","dc_type":"bijlage","foi_fairiscoreVersions":{"v1":1,"v2":1},"foi_fileName":"Z%2F19%2F131090%20-%20208443.pdf","foi_nrPages":3},{"dc_format":"application/pdf","dc_identifier":"nl.gm1954.2c.2020.2830551-8.doc.7","dc_source":"https://api1.ibabs.eu/publicdownload.aspx?site=Beekdaelen&id=642a93ef-e5be-4bcd-96a5-4f27f1367a8b","dc_title":"Raadsbesluit aan- en verkoop agrarische grond aan de Vloedsgraaf te Schinnen t.b.v. het project Hersteltuin","dc_type":"bijlage","foi_fairiscoreVersions":{"v1":1,"v2":1},"foi_fileName":"Z%2F19%2F131090%20-%20208463.pdf","foi_nrPages":1},{"dc_format":"application/pdf","dc_identifier":"nl.gm1954.2c.2020.2830551-8.doc.2","dc_source":"https://api1.ibabs.eu/publicdownload.aspx?site=Beekdaelen&id=895e5bdd-9525-4bc9-a6b7-e69cff2dd65c","dc_title":"Annotatie Gemeenteraad inzake project Hersteltuin","dc_type":"bijlage","foi_fairiscoreVersions":{"v1":1,"v2":1},"foi_fileName":"Z%2F19%2F131090%20-%20224636%20-%20Annotatie%20Gemeenteraad%20inzake%20project%20Hersteltuin.pdf","foi_nrPages":2},{"dc_format":"application/pdf","dc_identifier":"nl.gm1954.2c.2020.2830551-8.doc.3","dc_source":"https://api1.ibabs.eu/publicdownload.aspx?site=Beekdaelen&id=32b3cb7f-c6a3-4298-a9b4-d533e6ca609d","dc_title":"Grafische weergave beoogde transacties en fasering","dc_type":"bijlage","foi_fairiscoreVersions":{"v1":5,"v2":5},"foi_fileName":"Z%2F19%2F131090%20-%20224802Grafische%20weergave%20boorgde%20transacties%20en%20fasering.pdf","foi_nrPages":1},{"dc_format":"application/pdf","dc_identifier":"nl.gm1954.2c.2020.2830551-8.doc.4","dc_source":"https://api1.ibabs.eu/publicdownload.aspx?site=Beekdaelen&id=6b8834c1-443b-4640-995f-3e449e3c2373","dc_title":"3e begrotingswijziging 2020 ivm aan- en verkoop gronden Vloedsgraaf","dc_type":"bijlage","foi_fairiscoreVersions":{"v1":1,"v2":1},"foi_fileName":"Z%2F19%2F131090%20-%20225631%20-%203e%20begrotingswijziging%202020%20ivm%20aan-%20en%20verkoop%20gronden%20Vloedsgraaf.pdf","foi_nrPages":1}],"foi_nrDocuments":7,"foi_nrPagesInDossier":11,"foi_publishedDate":"2020-05-19","foi_retrievedDate":"2025-11-30"},{"dc_creator":"HandelingScraper_v1","dc_date_year":2020,"dc_description":"Vergadering van de Gemeente Beekdaelen op 2020-05-19. Onderdeel: voorstel inzake vaststellen Visie Vrijetijdseconomie Zuid-Limburg 2030.","dc_identifier":"nl.gm1954.2c.2020.2830551-9","dc_publisher":"gm1954","dc_source":"https://beekdaelen.bestuurlijkeinformatie.nl/Agenda/Index/d4b95e94-acc8-49aa-ad93-6fd816193e4b","dc_title":"Raadsvergadering 2020-05-19 - voorstel inzake vaststellen Visie Vrijetijdseconomie Zuid-Limburg 2030","dc_type":"2c","dc_type_description":"Vergaderstuk decentrale overheid","foi_fairiscoreVersions":{"v1":3,"v2":2},"foi_files":[{"dc_format":"application/pdf","dc_identifier":"nl.gm1954.2c.2020.2830551-9.doc.3","dc_source":"https://api1.ibabs.eu/publicdownload.aspx?site=Beekdaelen&id=680ba14d-e891-4d2a-8c79-039e59327658","dc_title":"Memorie van Antwoord technische vragen inzake de Visie Vrijetijdseconomie Zuid-Limburg 2030 nav commissie 30 april jl.","dc_type":"bijlage","foi_fairiscoreVersions":{"v1":1,"v2":1},"foi_fileName":"Memorie%20van%20Antwoord%20technische%20vragen%20inzake%20de%20Visie%20Vrijetijdseconomie%20Zuid-Limburg%202030%20nav%20commissie%2030%20april%20jl.pdf","foi_nrPages":1},{"dc_format":"application/pdf","dc_identifier":"nl.gm1954.2c.2020.2830551-9.doc.5","dc_source":"https://api1.ibabs.eu/publicdownload.aspx?site=Beekdaelen&id=9542fee2-094a-4aab-a19b-7cf570566f7b","dc_title":"Soete 2 Van groen hart tot groene long","dc_type":"bijlage","foi_fairiscoreVersions":{"v1":4,"v2":4},"foi_fileName":"Soete%202%20Van%20groen%20hart%20tot%20groene%20long%20.pdf","foi_nrPages":25},{"dc_format":"application/pdf","dc_identifier":"nl.gm1954.2c.2020.2830551-9.doc.4","dc_source":"https://api1.ibabs.eu/publicdownload.aspx?site=Beekdaelen&id=1d1fca5e-963c-4a80-85b2-848f42524ed1","dc_title":"Visie Vrijetijdseconomie Zuid-Limburg 2030","dc_type":"bijlage","foi_fairiscoreVersions":{"v1":3,"v2":3},"foi_fileName":"Z%2F20%2F138343%20-%20218960.pdf","foi_nrPages":83},{"dc_format":"application/pdf","dc_identifier":"nl.gm1954.2c.2020.2830551-9.doc.1","dc_source":"https://api1.ibabs.eu/publicdownload.aspx?site=Beekdaelen&id=b1994a9b-4cf6-46a3-8980-3f07ef17f5e8","dc_title":"Raadsvoorstel Visie Vrijetijdseconomie Zuid-Limburg 2030","dc_type":"bijlage","foi_fairiscoreVersions":{"v1":2,"v2":1},"foi_fileName":"Z%2F20%2F138343%20-%20218960%20-%20Visie%20Vrijetijdseconomie%20Zuid-Limburg.pdf","foi_nrPages":9},{"dc_format":"application/pdf","dc_identifier":"nl.gm1954.2c.2020.2830551-9.doc.2","dc_source":"https://api1.ibabs.eu/publicdownload.aspx?site=Beekdaelen&id=c04d4251-ad44-466f-9e3c-05366210d119","dc_title":"Raadsbesluit inzake vaststellen Visie Vrijetijdseconomie Zuid-Limburg vastgesteld 19052020","dc_type":"bijlage","foi_fairiscoreVersions":{"v1":1,"v2":1},"foi_fileName":"Z%2F20%2F138343%20-%20220431%20-%20Visie%20Vrijetijdseconomie%20Zuid-Limburg.pdf","foi_nrPages":1}],"foi_nrDocuments":5,"foi_nrPagesInDossier":119,"foi_publishedDate":"2020-05-19","foi_retrievedDate":"2025-12-02"},{"dc_creator":"HandelingScraper_v1","dc_date_year":2020,"dc_description":"Vergadering van de Gemeente Beekdaelen op 2020-06-16. Onderdeel: Algemeen.","dc_identifier":"nl.gm1954.2c.2020.2830582-1","dc_publisher":"gm1954","dc_source":"https://beekdaelen.bestuurlijkeinformatie.nl/Agenda/Index/7b4ff244-4b70-4ba8-8731-84b0769ac3ea","dc_title":"Commissie Sociaal & BV (t/m april 2022) 2020-06-16 - Algemeen","dc_type":"2c","dc_type_description":"Vergaderstuk decentrale overheid","foi_fairiscoreVersions":{"v1":2,"v2":1},"foi_files":[{"dc_format":"application/pdf","dc_identifier":"nl.gm1954.2c.2020.2830582-1.doc.6","dc_source":"https://api1.ibabs.eu/publicdownload.aspx?site=Beekdaelen&id=93d6bb68-3556-4f47-8087-e3bfe9d4486b","dc_title":"MvA vragen Vernieuwingsgroep A algemeen","dc_type":"bijlage","foi_fairiscoreVersions":{"v1":1,"v2":1},"foi_fileName":"Format%20MvA%20Vernieuwingsgroep%20A%20algemeen.pdf","foi_nrPages":1},{"dc_format":"application/pdf","dc_identifier":"nl.gm1954.2c.2020.2830582-1.doc.3","dc_source":"https://api1.ibabs.eu/publicdownload.aspx?site=Beekdaelen&id=aaf73f1a-75d5-41c7-af79-672b511b15a5","dc_title":"Technische vragen BL commissie sociaal 16 juni 2020","dc_type":"bijlage","foi_fairiscoreVersions":{"v1":1,"v2":1},"foi_fileName":"Technische%20vragen%20BL%20commissie%20sociaal%2016%20juni%202020.pdf","foi_nrPages":5},{"dc_format":"application/pdf","dc_identifier":"nl.gm1954.2c.2020.2830582-1.doc.1","dc_source":"https://api1.ibabs.eu/publicdownload.aspx?site=Beekdaelen&id=5fb52a62-13b8-4a3b-b31a-d6895e8d9512","dc_title":"Technische vragen CDA commissie 16-17-18 juni 2020","dc_type":"bijlage","foi_fairiscoreVersions":{"v1":1,"v2":1},"foi_fileName":"Technische%20vragen%20CDA%20commissie%2016-17-18%20%20juni%202020.pdf","foi_nrPages":4},{"dc_format":"application/pdf","dc_identifier":"nl.gm1954.2c.2020.2830582-1.doc.4","dc_source":"https://api1.ibabs.eu/publicdownload.aspx?site=Beekdaelen&id=0cc1bace-c796-4ec9-a477-8974e262ed6b","dc_title":"Technische vragen GL commissie 16-17-18 juni 2020","dc_type":"bijlage","foi_fairiscoreVersions":{"v1":1,"v2":1},"foi_fileName":"Technische%20vragen%20GL%20commissie%2016-17-18%20juni%202020.pdf","foi_nrPages":2},{"dc_format":"application/pdf","dc_identifier":"nl.gm1954.2c.2020.2830582-1.doc.5","dc_source":"https://api1.ibabs.eu/publicdownload.aspx?site=Beekdaelen&id=041ad07a-091c-4315-9a32-82b52e918278","dc_title":"Technische vragen PvdA commissie 16 juni 2020","dc_type":"bijlage","foi_fairiscoreVersions":{"v1":2,"v2":1},"foi_fileName":"Technische%20vragen%20PvdA%20commissie%2016%20juni%202020.pdf","foi_nrPages":2},{"dc_format":"application/pdf","dc_identifier":"nl.gm1954.2c.2020.2830582-1.doc.2","dc_source":"https://api1.ibabs.eu/publicdownload.aspx?site=Beekdaelen&id=a776ee53-5b13-4c00-806b-a2611e1552c3","dc_title":"Technische vragen VG commissie 16-17-18 juni 2020","dc_type":"bijlage","foi_fairiscoreVersions":{"v1":1,"v2":1},"foi_fileName":"Technische%20vragen%20VG%20commissie%2016-17-18%20%20juni%202020.pdf","foi_nrPages":11}],"foi_nrDocuments":6,"foi_nrPagesInDossier":25,"foi_publishedDate":"2020-06-16","foi_retrievedDate":"2026-03-10"},{"dc_creator":"HandelingScraper_v1","dc_date_year":2020,"dc_description":"Vergadering van de Gemeente Beekdaelen op 2020-06-16. Onderdeel: Voorstel inzake P&C documenten van GR GGD ZL.","dc_identifier":"nl.gm1954.2c.2020.2830582-11","dc_publisher":"gm1954","dc_source":"https://beekdaelen.bestuurlijkeinformatie.nl/Agenda/Index/7b4ff244-4b70-4ba8-8731-84b0769ac3ea","dc_title":"Commissie Sociaal & BV (t/m april 2022) 2020-06-16 - Voorstel inzake P&C documenten van GR GGD ZL","dc_type":"2c","dc_type_description":"Vergaderstuk decentrale overheid","foi_fairiscoreVersions":{"v1":2,"v2":2},"foi_files":[{"dc_format":"application/pdf","dc_identifier":"nl.gm1954.2c.2020.2830582-11.doc.4","dc_source":"https://api1.ibabs.eu/publicdownload.aspx?site=Beekdaelen&id=585e1486-43f1-4c47-851b-2893b02428d0","dc_title":"Bijlage 1.2 Jaaroverzicht GGD ZL 2019 (gedownloade pdf versie)","dc_type":"bijlage","foi_fairiscoreVersions":{"v1":3,"v2":3},"foi_fileName":"GGDZL_Jaaroverzicht_2019_interactief.pdf","foi_nrPages":78},{"dc_format":"application/pdf","dc_identifier":"nl.gm1954.2c.2020.2830582-11.doc.1","dc_source":"https://api1.ibabs.eu/publicdownload.aspx?site=Beekdaelen&id=4a1ca901-487b-4e4a-a6db-a889143e5278","dc_title":"Raadsvoorstel inzake P&C documenten van GR GGD ZL","dc_type":"bijlage","foi_fairiscoreVersions":{"v1":1,"v2":1},"foi_fileName":"Z%2F20%2F141872%20-%20227895%20-%20Begroting%20GGD-ZL%202021%20en%20jaarverslag%202019.pdf","foi_nrPages":5},{"dc_format":"application/pdf","dc_identifier":"nl.gm1954.2c.2020.2830582-11.doc.2","dc_source":"https://api1.ibabs.eu/publicdownload.aspx?site=Beekdaelen&id=8bc27f17-3af2-45d9-9d50-ed7383dd5f6a","dc_title":"Raadsbesluit inzake P&C documenten van GR GGD ZL vastgesteld 07072020","dc_type":"bijlage","foi_fairiscoreVersions":{"v1":1,"v2":1},"foi_fileName":"Z%2F20%2F141872%20-%20227896%20-%20Begroting%20GGD-ZL%202021.pdf","foi_nrPages":1},{"dc_format":"application/pdf","dc_identifier":"nl.gm1954.2c.2020.2830582-11.doc.9","dc_source":"https://api1.ibabs.eu/publicdownload.aspx?site=Beekdaelen&id=31c52895-b647-4177-b8ff-a34baaef9273","dc_title":"Bijlage 6 Zienswijze op begroting GGD ZL 2021","dc_type":"bijlage","foi_fairiscoreVersions":{"v1":1,"v2":1},"foi_fileName":"Z%2F20%2F141872%20-%20227897%20-%20Zienswijze%20op%20begroting%202021%20GGD-ZL.pdf","foi_nrPages":1},{"dc_format":"application/pdf","dc_identifier":"nl.gm1954.2c.2020.2830582-11.doc.8","dc_source":"https://api1.ibabs.eu/publicdownload.aspx?site=Beekdaelen&id=419bc49e-2d8c-4fce-b574-b5c99833367f","dc_title":"Bijlage 5 Financi\u00eble paragrafen begroting GGD ZL 2021","dc_type":"bijlage","foi_fairiscoreVersions":{"v1":2,"v2":1},"foi_fileName":"Z%2F20%2F141872%20-%20228497%20bijlage%20financiele%20paragrafen%20begroting%202021.pdf","foi_nrPages":13},{"dc_format":"application/pdf","dc_identifier":"nl.gm1954.2c.2020.2830582-11.doc.7","dc_source":"https://api1.ibabs.eu/publicdownload.aspx?site=Beekdaelen&id=f619ed34-8aa7-444d-906d-6e397e5787d5","dc_title":"Bijlage 4 Begroting GGD ZL 2021","dc_type":"bijlage","foi_fairiscoreVersions":{"v1":2,"v2":1},"foi_fileName":"Z%2F20%2F141872%20-%20228497%20GGDZL_Begroting_2021.pdf","foi_nrPages":51},{"dc_format":"application/pdf","dc_identifier":"nl.gm1954.2c.2020.2830582-11.doc.3","dc_source":"https://api1.ibabs.eu/publicdownload.aspx?site=Beekdaelen&id=149c715b-4ae5-4128-9aa6-5615a5e165fa","dc_title":"Bijlage 1.1 Jaaroverzicht GGD ZL 2019 (link naar website)","dc_type":"bijlage","foi_fairiscoreVersions":{"v1":1,"v2":1},"foi_fileName":"Z%2F20%2F141872%20-%20228497%20Jaaroverzicht%202019%20GGD%20ZL%20%28link%20naar%20digitaal%20document%29.pdf","foi_nrPages":1},{"dc_format":"application/pdf","dc_identifier":"nl.gm1954.2c.2020.2830582-11.doc.5","dc_source":"https://api1.ibabs.eu/publicdownload.aspx?site=Beekdaelen&id=1080dc3a-e3b1-4460-bf61-4313bb183658","dc_title":"Bijlage 2 Jaarrekening GGD ZL 2019","dc_type":"bijlage","foi_fairiscoreVersions":{"v1":2,"v2":1},"foi_fileName":"Z%2F20%2F141872%20-%20228497%20Jaarrekening%20GGD%20ZL%202019.pdf","foi_nrPages":45},{"dc_format":"application/pdf","dc_identifier":"nl.gm1954.2c.2020.2830582-11.doc.6","dc_source":"https://api1.ibabs.eu/publicdownload.aspx?site=Beekdaelen&id=a1a8624d-b9ab-4bd1-b669-96c30d9721e2","dc_title":"Bijlage 3 Managementletter GGD ZL 2019","dc_type":"bijlage","foi_fairiscoreVersions":{"v1":2,"v2":2},"foi_fileName":"Z%2F20%2F141872%20-%20228497%20Managementletter%20GGD%202019.pdf","foi_nrPages":30}],"foi_nrDocuments":9,"foi_nrPagesInDossier":225,"foi_publishedDate":"2020-06-16","foi_retrievedDate":"2026-04-10"},{"dc_creator":"HandelingScraper_v1","dc_date_year":2020,"dc_description":"Vergadering van de Gemeente Beekdaelen op 2020-06-16. Onderdeel: Voorstel inzake P&C documenten van GR Omnibuzz.","dc_identifier":"nl.gm1954.2c.2020.2830582-12","dc_publisher":"gm1954","dc_source":"https://beekdaelen.bestuurlijkeinformatie.nl/Agenda/Index/7b4ff244-4b70-4ba8-8731-84b0769ac3ea","dc_title":"Commissie Sociaal & BV (t/m april 2022) 2020-06-16 - Voorstel inzake P&C documenten van GR Omnibuzz","dc_type":"2c","dc_type_description":"Vergaderstuk decentrale overheid","foi_fairiscoreVersions":{"v1":2,"v2":2},"foi_files":[{"dc_format":"application/pdf","dc_identifier":"nl.gm1954.2c.2020.2830582-12.doc.7","dc_source":"https://api1.ibabs.eu/publicdownload.aspx?site=Beekdaelen&id=044bfa48-cb8d-478f-9412-2992658384a9","dc_title":"MvA vragen VG en BL - agendapunt B8 Omnibuzz - cie 16 juni 2020","dc_type":"bijlage","foi_fairiscoreVersions":{"v1":1,"v2":1},"foi_fileName":"MvA%20vragen%20VG%20en%20BL%20-%20agendapunt%20B8%20Omnibuzz%20-%20cie%2016%20juni%202020.pdf","foi_nrPages":1},{"dc_format":"application/pdf","dc_identifier":"nl.gm1954.2c.2020.2830582-12.doc.3","dc_source":"https://api1.ibabs.eu/publicdownload.aspx?site=Beekdaelen&id=53c78cdb-e31e-4158-99e1-6a97e9a6fdfd","dc_title":"Bijlage 1 Omnibuzz jaarverslag 2019","dc_type":"bijlage","foi_fairiscoreVersions":{"v1":2,"v2":2},"foi_fileName":"Z%2F20%2F142144%20-%20228442%20-%20Bijlage%201%20Omnibuzz-jaarverslag-2019.pdf","foi_nrPages":104},{"dc_format":"application/pdf","dc_identifier":"nl.gm1954.2c.2020.2830582-12.doc.4","dc_source":"https://api1.ibabs.eu/publicdownload.aspx?site=Beekdaelen&id=f48be8ea-6a56-4727-b005-2731bc0ab93e","dc_title":"Bijlage 2 Uitgangspunten notitie bij Omnibuzz begroting 2020-1 en 2021","dc_type":"bijlage","foi_fairiscoreVersions":{"v1":2,"v2":1},"foi_fileName":"Z%2F20%2F142144%20-%20228442%20-%20Bijlage%202%20Uitgangspunten%20notitie%20Omnibuzz%20begroting%202020-1%20en%202021%20mjp.pdf","foi_nrPages":9},{"dc_format":"application/pdf","dc_identifier":"nl.gm1954.2c.2020.2830582-12.doc.5","dc_source":"https://api1.ibabs.eu/publicdownload.aspx?site=Beekdaelen&id=d6d16d7b-c49d-4879-8918-5a250091f1df","dc_title":"Bijlage 3 Omnibuzz begroting 2020-1","dc_type":"bijlage","foi_fairiscoreVersions":{"v1":2,"v2":2},"foi_fileName":"Z%2F20%2F142144%20-%20228442%20-%20Bijlage%203%20Omnibuzz-begroting-2020-1.pdf","foi_nrPages":50},{"dc_format":"application/pdf","dc_identifier":"nl.gm1954.2c.2020.2830582-12.doc.6","dc_source":"https://api1.ibabs.eu/publicdownload.aspx?site=Beekdaelen&id=2e57cbb2-9911-4f7b-8430-7ecf421367f8","dc_title":"Bijlage 4 Omnibuzz begroting 2021 en meerjarenperspectief 2022-2024","dc_type":"bijlage","foi_fairiscoreVersions":{"v1":2,"v2":2},"foi_fileName":"Z%2F20%2F142144%20-%20228442%20-%20Bijlage%204%20Omnibuzz-begroting-2021.pdf","foi_nrPages":66},{"dc_format":"application/pdf","dc_identifier":"nl.gm1954.2c.2020.2830582-12.doc.1","dc_source":"https://api1.ibabs.eu/publicdownload.aspx?site=Beekdaelen&id=4baa453c-cb2e-4e8e-a397-168f7e464518","dc_title":"Raadsvoorstel inzake P&C documenten van GR Omnibuzz","dc_type":"bijlage","foi_fairiscoreVersions":{"v1":1,"v2":1},"foi_fileName":"Z%2F20%2F142144%20-%20228442%20-%20Concept%20jaarrekening%202019_%20eerste%20begrotingswijziging%202020%20en%20begroting%202021%20met%20meerjarenperspectief%202022-2024%20van%20de%20gemenschappelijke%20regeling%20Omnibuzz.pdf","foi_nrPages":5},{"dc_format":"application/pdf","dc_identifier":"nl.gm1954.2c.2020.2830582-12.doc.2","dc_source":"https://api1.ibabs.eu/publicdownload.aspx?site=Beekdaelen&id=b4f0fa7e-f450-4ae6-b142-89d043432f22","dc_title":"RB inzake P&C documenten van GR Omnibuzz","dc_type":"bijlage","foi_fairiscoreVersions":{"v1":1,"v2":1},"foi_fileName":"Z%2F20%2F142144%20-%20228444%20-%20Concept%20jaarrekening%202019_%20eerste%20begrotingswijziging%202020%20en%20begroting%202021%20met%20meerjarenperspectief%202022-2024%20van%20de%20gemeenschappelijke%20regeling%20Omnibuzz.pdf","foi_nrPages":1}],"foi_nrDocuments":7,"foi_nrPagesInDossier":236,"foi_publishedDate":"2020-06-16","foi_retrievedDate":"2026-03-01"},{"dc_creator":"HandelingScraper_v1","dc_date_year":2020,"dc_description":"Vergadering van de Gemeente Beekdaelen op 2020-06-16. Onderdeel: Voorstel inzake mantelzorgbeleid gemeente Beekdaelen 2020\u20132022.","dc_identifier":"nl.gm1954.2c.2020.2830582-13","dc_publisher":"gm1954","dc_source":"https://beekdaelen.bestuurlijkeinformatie.nl/Agenda/Index/7b4ff244-4b70-4ba8-8731-84b0769ac3ea","dc_title":"Commissie Sociaal & BV (t/m april 2022) 2020-06-16 - Voorstel inzake mantelzorgbeleid gemeente Beekdaelen 2020\u20132022","dc_type":"2c","dc_type_description":"Vergaderstuk decentrale overheid","foi_fairiscoreVersions":{"v1":2,"v2":1},"foi_files":[{"dc_format":"application/pdf","dc_identifier":"nl.gm1954.2c.2020.2830582-13.doc.5","dc_source":"https://api1.ibabs.eu/publicdownload.aspx?site=Beekdaelen&id=c03a45c8-15f7-4e78-9fdd-acb5ad0b9003","dc_title":"Eerste reactie ASD op Beleidsplan Mantelzorg Beekdaelen 2020-2022","dc_type":"bijlage","foi_fairiscoreVersions":{"v1":1,"v2":1},"foi_fileName":"Eerste%20reactie%20ASD%20op%20Beleidsplan%20Mantelzorg%20Beekdaelen%202020-2022.pdf","foi_nrPages":1},{"dc_format":"application/pdf","dc_identifier":"nl.gm1954.2c.2020.2830582-13.doc.6","dc_source":"https://api1.ibabs.eu/publicdownload.aspx?site=Beekdaelen&id=dfe5d487-8a13-4cd4-9460-e4c604fc6868","dc_title":"MvA vragen CDA - agendapunt B9 mantelzorgbeleid - cie 16 juni 2020","dc_type":"bijlage","foi_fairiscoreVersions":{"v1":1,"v2":1},"foi_fileName":"MvA%20vragen%20CDA%20-%20agendapunt%20B9%20mantelzorgbeleid%20-%20cie%2016%20juni%202020.pdf","foi_nrPages":2},{"dc_format":"application/pdf","dc_identifier":"nl.gm1954.2c.2020.2830582-13.doc.8","dc_source":"https://api1.ibabs.eu/publicdownload.aspx?site=Beekdaelen&id=68442a35-facb-47fc-a959-45d1660f970a","dc_title":"MvA vragen GL - agendapunt B9 mantelzorgbeleid - cie 16 juni 2020","dc_type":"bijlage","foi_fairiscoreVersions":{"v1":1,"v2":1},"foi_fileName":"MvA%20vragen%20GL%20-%20agendapunt%20B9%20mantelzorgbeleid%20-%20cie%2016%20juni%202020.pdf","foi_nrPages":1},{"dc_format":"application/pdf","dc_identifier":"nl.gm1954.2c.2020.2830582-13.doc.7","dc_source":"https://api1.ibabs.eu/publicdownload.aspx?site=Beekdaelen&id=144619f9-834d-4b94-97fe-d9ce47a067fe","dc_title":"MvA vragen VG - agendapunt B9 mantelzorgbeleid - cie 16 juni 2020","dc_type":"bijlage","foi_fairiscoreVersions":{"v1":1,"v2":1},"foi_fileName":"MvA%20vragen%20VG%20-%20agendapunt%20B9%20mantelzorgbeleid%20-%20cie%2016%20juni%202020.pdf","foi_nrPages":3},{"dc_format":"application/pdf","dc_identifier":"nl.gm1954.2c.2020.2830582-13.doc.1","dc_source":"https://api1.ibabs.eu/publicdownload.aspx?site=Beekdaelen&id=a9926823-4e1a-4a62-9561-8fea7a70df02","dc_title":"Raadsvoorstel Beleidsplan mantelzorg Beekdaelen 2020-2022","dc_type":"bijlage","foi_fairiscoreVersions":{"v1":1,"v2":1},"foi_fileName":"Z%2F20%2F141808%20-%20227707%20-%20Beleidsplan%20mantelzorg%20Beekdaelen%202020-2022.pdf","foi_nrPages":3},{"dc_format":"application/pdf","dc_identifier":"nl.gm1954.2c.2020.2830582-13.doc.2","dc_source":"https://api1.ibabs.eu/publicdownload.aspx?site=Beekdaelen&id=987e2063-2d77-4208-a449-e68eca4f1479","dc_title":"RB Beleidsplan mantelzorg Beekdaelen 2020-2022","dc_type":"bijlage","foi_fairiscoreVersions":{"v1":1,"v2":1},"foi_fileName":"Z%2F20%2F141808%20-%20227708%20-%20Beleidsplan%20mantelzorg%20Beekdalen%202020-2022.pdf","foi_nrPages":1},{"dc_format":"application/pdf","dc_identifier":"nl.gm1954.2c.2020.2830582-13.doc.3","dc_source":"https://api1.ibabs.eu/publicdownload.aspx?site=Beekdaelen&id=3a5a3017-7726-463f-8c3d-745d2e81e5ee","dc_title":"Bijlage 1 Beleidsplan Mantelzorg gemeente Beekdaelen 2020 - 2022","dc_type":"bijlage","foi_fairiscoreVersions":{"v1":2,"v2":1},"foi_fileName":"Z%2F20%2F141808%20-%20229949%20-.pdf","foi_nrPages":13},{"dc_format":"application/pdf","dc_identifier":"nl.gm1954.2c.2020.2830582-13.doc.4","dc_source":"https://api1.ibabs.eu/publicdownload.aspx?site=Beekdaelen&id=69647df1-0f62-4cf6-9638-d6f2828d3803","dc_title":"Bijlage 2 Financieel overzicht mantelzorg 2020","dc_type":"bijlage","foi_fairiscoreVersions":{"v1":1,"v2":1},"foi_fileName":"Z%2F20%2F141808%20-%20229950.pdf","foi_nrPages":1}],"foi_nrDocuments":8,"foi_nrPagesInDossier":25,"foi_publishedDate":"2020-06-16","foi_retrievedDate":"2026-03-01"},{"dc_creator":"HandelingScraper_v1","dc_date_year":2020,"dc_description":"Vergadering van de Gemeente Beekdaelen op 2020-06-16. Onderdeel: Opening, mededelingen voorzitter en vaststellen agenda.","dc_identifier":"nl.gm1954.2c.2020.2830582-2","dc_publisher":"gm1954","dc_source":"https://beekdaelen.bestuurlijkeinformatie.nl/Agenda/Index/7b4ff244-4b70-4ba8-8731-84b0769ac3ea","dc_title":"Commissie Sociaal & BV (t/m april 2022) 2020-06-16 - Opening, mededelingen voorzitter en vaststellen agenda","dc_type":"2c","dc_type_description":"Vergaderstuk decentrale overheid","foi_fairiscoreVersions":{"v1":1,"v2":1},"foi_files":[{"dc_format":"application/pdf","dc_identifier":"nl.gm1954.2c.2020.2830582-2.doc.1","dc_source":"https://api1.ibabs.eu/publicdownload.aspx?site=Beekdaelen&id=62eb1333-0488-4963-8600-6568323e154b","dc_title":"Vastgestelde agenda cie Sociaal 16 juni 2020","dc_type":"bijlage","foi_fairiscoreVersions":{"v1":1,"v2":1},"foi_fileName":"Vastgestelde%20agenda%20cie%20Sociaal%2016%20juni%202020.pdf","foi_nrPages":2}],"foi_nrDocuments":1,"foi_nrPagesInDossier":2,"foi_publishedDate":"2020-06-16","foi_retrievedDate":"2025-12-05"},{"dc_creator":"HandelingScraper_v1","dc_date_year":2020,"dc_description":"Vergadering van de Gemeente Beekdaelen op 2020-06-16. Onderdeel: Vaststellen actiepuntenlijst van de commissie Sociaal d.d. 28 april 2020.","dc_identifier":"nl.gm1954.2c.2020.2830582-3","dc_publisher":"gm1954","dc_source":"https://beekdaelen.bestuurlijkeinformatie.nl/Agenda/Index/7b4ff244-4b70-4ba8-8731-84b0769ac3ea","dc_title":"Commissie Sociaal & BV (t/m april 2022) 2020-06-16 - Vaststellen actiepuntenlijst van de commissie Sociaal d.d. 28 april 2020","dc_type":"2c","dc_type_description":"Vergaderstuk decentrale overheid","foi_fairiscoreVersions":{"v1":1,"v2":1},"foi_files":[{"dc_format":"application/pdf","dc_identifier":"nl.gm1954.2c.2020.2830582-3.doc.1","dc_source":"https://api1.ibabs.eu/publicdownload.aspx?site=Beekdaelen&id=a500dadc-2897-476b-8915-66b52b91d49f","dc_title":"Actiepuntenlijst cie Sociaal 28 april 2020 - vastgesteld","dc_type":"bijlage","foi_fairiscoreVersions":{"v1":1,"v2":1},"foi_fileName":"Actiepuntenlijst%20cie%20Sociaal%2028%20april%202020%20-%20vastgesteld.pdf","foi_nrPages":6}],"foi_nrDocuments":1,"foi_nrPagesInDossier":6,"foi_publishedDate":"2020-06-16","foi_retrievedDate":"2026-03-09"},{"dc_creator":"HandelingScraper_v1","dc_date_year":2020,"dc_description":"Vergadering van de Gemeente Beekdaelen op 2020-06-16. Onderdeel: Vaststellen lijst van toezeggingen van de commissie Sociaal.","dc_identifier":"nl.gm1954.2c.2020.2830582-4","dc_publisher":"gm1954","dc_source":"https://beekdaelen.bestuurlijkeinformatie.nl/Agenda/Index/7b4ff244-4b70-4ba8-8731-84b0769ac3ea","dc_title":"Commissie Sociaal & BV (t/m april 2022) 2020-06-16 - Vaststellen lijst van toezeggingen van de commissie Sociaal","dc_type":"2c","dc_type_description":"Vergaderstuk decentrale overheid","foi_fairiscoreVersions":{"v1":1,"v2":1},"foi_files":[{"dc_format":"application/pdf","dc_identifier":"nl.gm1954.2c.2020.2830582-4.doc.1","dc_source":"https://api1.ibabs.eu/publicdownload.aspx?site=Beekdaelen&id=98538b56-68c0-4e38-b510-60328c907638","dc_title":"Totaallijst Toezeggingen dd 29052020 ter vaststelling in cie Sociaal op 16062020","dc_type":"bijlage","foi_fairiscoreVersions":{"v1":1,"v2":1},"foi_fileName":"Totaallijst%20Toezeggingen%20dd%2029052020%20ter%20vaststelling%20in%20cie%20Sociaal%20op%2016062020.pdf","foi_nrPages":5}],"foi_nrDocuments":1,"foi_nrPagesInDossier":5,"foi_publishedDate":"2020-06-16","foi_retrievedDate":"2026-02-13"},{"dc_creator":"HandelingScraper_v1","dc_date_year":2020,"dc_description":"Vergadering van de Gemeente Beekdaelen op 2020-06-16. Onderdeel: Voorstel inzake P&C documenten van GR Veiligheidsregio Zuid-Limburg en Meld- en Co\u00f6rdinatiecentrum (MCC).","dc_identifier":"nl.gm1954.2c.2020.2830582-5","dc_publisher":"gm1954","dc_source":"https://beekdaelen.bestuurlijkeinformatie.nl/Agenda/Index/7b4ff244-4b70-4ba8-8731-84b0769ac3ea","dc_title":"Commissie Sociaal & BV (t/m april 2022) 2020-06-16 - Voorstel inzake P&C documenten van GR Veiligheidsregio Zuid-Limburg en Meld- en Co\u00f6rdinatiecentrum (MCC)","dc_type":"2c","dc_type_description":"Vergaderstuk decentrale overheid","foi_fairiscoreVersions":{"v1":null,"v2":null},"foi_files":[{"dc_format":"application/pdf","dc_identifier":"nl.gm1954.2c.2020.2830582-5.doc.8","dc_source":"https://api1.ibabs.eu/publicdownload.aspx?site=Beekdaelen&id=3e0f41d4-2df2-4c90-8aff-e11466dd20a0","dc_title":"Bijlage 6 Aanbiedingsbrief jaardocumenten d.d. 31-03-2020","dc_type":"bijlage","foi_fileName":"aanbiedingsbrief.pdf"},{"dc_format":"application/pdf","dc_identifier":"nl.gm1954.2c.2020.2830582-5.doc.9","dc_source":"https://api1.ibabs.eu/publicdownload.aspx?site=Beekdaelen&id=b0f2ad9e-49b2-49d1-bf71-5ff530998de6","dc_title":"MvA vragen BL CDA VG en PvdA - agendapunt B1 PC documenten GR VRZL en MCC - cie 16 juni 2020","dc_type":"bijlage","foi_fileName":"MvA%20vragen%20BL%20CDA%20VG%20en%20PvdA%20-%20agendapunt%20B1%20PC%20documenten%20GR%20VRZL%20en%20MCC%20-%20cie%2016%20juni%202020.pdf"},{"dc_format":"application/pdf","dc_identifier":"nl.gm1954.2c.2020.2830582-5.doc.7","dc_source":"https://api1.ibabs.eu/publicdownload.aspx?site=Beekdaelen&id=45704848-917b-4f51-8cee-01c1384472f7","dc_title":"Bijlage 5 wijziging procesgang uitstel behandeling meerjarenbeleidsplan","dc_type":"bijlage","foi_fileName":"wijziging%20procesgang%20uitstel%20behandeling%20meerjarenbeleidsplan.pdf"},{"dc_format":"application/pdf","dc_identifier":"nl.gm1954.2c.2020.2830582-5.doc.3","dc_source":"https://api1.ibabs.eu/publicdownload.aspx?site=Beekdaelen&id=f45c9982-829d-4eed-bed9-4d4c39dc5275","dc_title":"Bijlage 1 jaarstukken VRZL 2019","dc_type":"bijlage","foi_fileName":"Z%2F20%2F141297%20-%20226398.pdf"},{"dc_format":"application/pdf","dc_identifier":"nl.gm1954.2c.2020.2830582-5.doc.4","dc_source":"https://api1.ibabs.eu/publicdownload.aspx?site=Beekdaelen&id=17e02841-ebae-4ec3-9dbf-903dd4423bef","dc_title":"Bijlage 2 begroting 2021 (incl. meerjarenraming) VRZL","dc_type":"bijlage","foi_fileName":"Z%2F20%2F141297%20-%20226398.pdf"},{"dc_format":"application/pdf","dc_identifier":"nl.gm1954.2c.2020.2830582-5.doc.5","dc_source":"https://api1.ibabs.eu/publicdownload.aspx?site=Beekdaelen&id=14d5e447-2010-4d25-93bd-b55358ba38d7","dc_title":"Bijlage 3 jaarrekening MCC 2019","dc_type":"bijlage","foi_fileName":"Z%2F20%2F141297%20-%20226398.pdf"},{"dc_format":"application/pdf","dc_identifier":"nl.gm1954.2c.2020.2830582-5.doc.6","dc_source":"https://api1.ibabs.eu/publicdownload.aspx?site=Beekdaelen&id=7cee368b-31f0-45cd-a05a-da6ddcb379ab","dc_title":"Bijlage 4 begroting MCC 2021","dc_type":"bijlage","foi_fileName":"Z%2F20%2F141297%20-%20226398.pdf"},{"dc_format":"application/pdf","dc_identifier":"nl.gm1954.2c.2020.2830582-5.doc.1","dc_source":"https://api1.ibabs.eu/publicdownload.aspx?site=Beekdaelen&id=7a191be0-5689-4e63-b089-493632361ae3","dc_title":"Raadsvoorstel jaarstukken en begroting Veiligheidsregio ZL en MCC","dc_type":"bijlage","foi_fileName":"Z%2F20%2F141297%20-%20229619%20-%20Jaarrekening%202019_%20begroting%202021%20van%20zowel%20de%20veiligheidsregio%20Zuid-Limburg%20als%20het%20Meld-%20en%20Coordinatiecentrum%20%28MCC%29.pdf"},{"dc_format":"application/pdf","dc_identifier":"nl.gm1954.2c.2020.2830582-5.doc.2","dc_source":"https://api1.ibabs.eu/publicdownload.aspx?site=Beekdaelen&id=62060e7f-5eef-4672-9515-e070f215a51d","dc_title":"RB jaarstukken en begroting Veiligheidsregio ZL en MCC","dc_type":"bijlage","foi_fileName":"Z%2F20%2F141297%20-%20229796%20-%20concept%20raadsbesluit%20m.b.t.pdf"}],"foi_nrDocuments":9,"foi_nrPagesInDossier":0,"foi_publishedDate":"2020-06-16","foi_retrievedDate":"2025-12-01"},{"dc_creator":"HandelingScraper_v1","dc_date_year":2020,"dc_description":"Vergadering van de Gemeente Beekdaelen op 2020-06-16. Onderdeel: Voorstel inzake zienswijze eerste bestuursrapportage 2020 van GR ISD BOL.","dc_identifier":"nl.gm1954.2c.2020.2830582-6","dc_publisher":"gm1954","dc_source":"https://beekdaelen.bestuurlijkeinformatie.nl/Agenda/Index/7b4ff244-4b70-4ba8-8731-84b0769ac3ea","dc_title":"Commissie Sociaal & BV (t/m april 2022) 2020-06-16 - Voorstel inzake zienswijze eerste bestuursrapportage 2020 van GR ISD BOL","dc_type":"2c","dc_type_description":"Vergaderstuk decentrale overheid","foi_fairiscoreVersions":{"v1":2,"v2":2},"foi_files":[{"dc_format":"application/pdf","dc_identifier":"nl.gm1954.2c.2020.2830582-6.doc.6","dc_source":"https://api1.ibabs.eu/publicdownload.aspx?site=Beekdaelen&id=a87a771a-44d1-417b-beab-4e91102ee233","dc_title":"Bijlage MvA vragen CDA - agendapunt B2 - Nieuwsbrief 9 ISD BOL","dc_type":"bijlage","foi_fairiscoreVersions":{"v1":1,"v2":1},"foi_fileName":"Bijlage%20MvA%20vragen%20CDA%20-%20agendapunt%20B2%20-%20Nieuwsbrief%209%20ISD%20BOL.pdf","foi_nrPages":3},{"dc_format":"application/pdf","dc_identifier":"nl.gm1954.2c.2020.2830582-6.doc.8","dc_source":"https://api1.ibabs.eu/publicdownload.aspx?site=Beekdaelen&id=85ca7468-2e77-450d-91ed-c30572a0baf2","dc_title":"MvA vragen BL- agendapunt B2 Eerste burap 2020 ISD BOL - cie 16 juni 2020","dc_type":"bijlage","foi_fairiscoreVersions":{"v1":1,"v2":1},"foi_fileName":"MvA%20vragen%20BL-%20agendapunt%20B2%20Eerste%20burap%202020%20ISD%20BOL%20-%20cie%2016%20juni%202020.pdf","foi_nrPages":3},{"dc_format":"application/pdf","dc_identifier":"nl.gm1954.2c.2020.2830582-6.doc.5","dc_source":"https://api1.ibabs.eu/publicdownload.aspx?site=Beekdaelen&id=db41917d-76de-4a05-8a29-35773062a8b4","dc_title":"MvA vragen CDA - agendapunt B2 Eerste burap 2020 ISD BOL - cie 16 juni 2020","dc_type":"bijlage","foi_fairiscoreVersions":{"v1":1,"v2":1},"foi_fileName":"MvA%20vragen%20CDA%20-%20agendapunt%20B2%20Eerste%20burap%202020%20ISD%20BOL%20-%20cie%2016%20juni%202020.pdf","foi_nrPages":3},{"dc_format":"application/pdf","dc_identifier":"nl.gm1954.2c.2020.2830582-6.doc.7","dc_source":"https://api1.ibabs.eu/publicdownload.aspx?site=Beekdaelen&id=c078ef74-1cc3-4693-8aae-16c9b248bb13","dc_title":"MvA vragen VG - agendapunt B2 Eerste burap 2020 ISD BOL - cie 16 juni 2020","dc_type":"bijlage","foi_fairiscoreVersions":{"v1":1,"v2":1},"foi_fileName":"MvA%20vragen%20VG%20-%20agendapunt%20B2%20Eerste%20burap%202020%20ISD%20BOL%20-%20cie%2016%20juni%202020.pdf","foi_nrPages":2},{"dc_format":"application/pdf","dc_identifier":"nl.gm1954.2c.2020.2830582-6.doc.3","dc_source":"https://api1.ibabs.eu/publicdownload.aspx?site=Beekdaelen&id=e0658c91-68a4-485e-a6d4-d520d5e5569c","dc_title":"Bijlage 1 Eerste bestuursrapportage 2020 ISD BOL","dc_type":"bijlage","foi_fairiscoreVersions":{"v1":2,"v2":2},"foi_fileName":"Z%2F20%2F141408%20-%20226789%20-%20Eerste%20bestuursrapportage%202020%20ISD%20BOL.pdf","foi_nrPages":42},{"dc_format":"application/pdf","dc_identifier":"nl.gm1954.2c.2020.2830582-6.doc.1","dc_source":"https://api1.ibabs.eu/publicdownload.aspx?site=Beekdaelen&id=98172a71-c916-4ee8-9ef0-7b408c1d6ac7","dc_title":"Raadsvoorstel inzake eerste bestuursrapportage 2020 ISD BOL.","dc_type":"bijlage","foi_fairiscoreVersions":{"v1":1,"v2":1},"foi_fileName":"Z%2F20%2F141408%20-%20226817%20-%20Eerste%20begrotingswijziging%202020%20ISD%20BOL.pdf","foi_nrPages":2},{"dc_format":"application/pdf","dc_identifier":"nl.gm1954.2c.2020.2830582-6.doc.2","dc_source":"https://api1.ibabs.eu/publicdownload.aspx?site=Beekdaelen&id=6e545512-f494-4561-8d61-8eacd7340fd7","dc_title":"Raadsbesluit inzake eerste bestuursrapportage 2020 ISD BOL vastgesteld 07072020","dc_type":"bijlage","foi_fairiscoreVersions":{"v1":1,"v2":1},"foi_fileName":"Z%2F20%2F141408%20-%20226822%20-%20Eerste%20bestuursrapportage%202020%20ISD%20BOL.pdf","foi_nrPages":1},{"dc_format":"application/pdf","dc_identifier":"nl.gm1954.2c.2020.2830582-6.doc.4","dc_source":"https://api1.ibabs.eu/publicdownload.aspx?site=Beekdaelen&id=b5cffafe-b954-42e1-9976-8441c241ef6d","dc_title":"Bijlage 2 Concept brief eerste bestuursrapportage 2020 ISD BOL","dc_type":"bijlage","foi_fairiscoreVersions":{"v1":1,"v2":1},"foi_fileName":"Z%2F20%2F141408%20-%20226827%20-%20Eerste%20bestuursrapportage%202020%20ISD%20BOL.pdf","foi_nrPages":1}],"foi_nrDocuments":8,"foi_nrPagesInDossier":57,"foi_publishedDate":"2020-06-16","foi_retrievedDate":"2025-12-06"},{"dc_creator":"HandelingScraper_v1","dc_date_year":2020,"dc_description":"Vergadering van de Gemeente Beekdaelen op 2020-06-16. Onderdeel: Voorstel inzake wijziging gemeenschappelijke regeling ISD Kompas.","dc_identifier":"nl.gm1954.2c.2020.2830582-7","dc_publisher":"gm1954","dc_source":"https://beekdaelen.bestuurlijkeinformatie.nl/Agenda/Index/7b4ff244-4b70-4ba8-8731-84b0769ac3ea","dc_title":"Commissie Sociaal & BV (t/m april 2022) 2020-06-16 - Voorstel inzake wijziging gemeenschappelijke regeling ISD Kompas","dc_type":"2c","dc_type_description":"Vergaderstuk decentrale overheid","foi_fairiscoreVersions":{"v1":1,"v2":1},"foi_files":[{"dc_format":"application/pdf","dc_identifier":"nl.gm1954.2c.2020.2830582-7.doc.8","dc_source":"https://api1.ibabs.eu/publicdownload.aspx?site=Beekdaelen&id=afe973c9-f27e-4437-87df-77dbd1b8c043","dc_title":"MvA Beekdaelen Lokaal B.3 Voorstel inzake Vaststelling gemeenschappelijke regeling ISD Kompas","dc_type":"bijlage","foi_fairiscoreVersions":{"v1":1,"v2":1},"foi_fileName":"MvA%20Beekdaelen%20Lokaal%20B.3%20Voorstel%20inzake%20Vaststelling%20gemeenschappelijke%20regeling%20ISD%20Kompas.pdf","foi_nrPages":3},{"dc_format":"application/pdf","dc_identifier":"nl.gm1954.2c.2020.2830582-7.doc.6","dc_source":"https://api1.ibabs.eu/publicdownload.aspx?site=Beekdaelen&id=88b9a503-3f00-4cd1-b4b1-48dd2eb44f4c","dc_title":"MvA CDA B.3 Voorstel inzake vaststelling gemeenschappelijke regeling ISD Kompas","dc_type":"bijlage","foi_fairiscoreVersions":{"v1":1,"v2":1},"foi_fileName":"MvA%20CDA%20B.3%20Voorstel%20inzake%20vaststelling%20gemeenschappelijke%20regeling%20ISD%20Kompas.pdf","foi_nrPages":2},{"dc_format":"application/pdf","dc_identifier":"nl.gm1954.2c.2020.2830582-7.doc.7","dc_source":"https://api1.ibabs.eu/publicdownload.aspx?site=Beekdaelen&id=4dca4890-7f91-448c-b329-ba3b297e9741","dc_title":"MvA Vernieuwingsgroep B.3 Voorstel inzake vaststelling gemeenschappelijke regeling ISD Kompas","dc_type":"bijlage","foi_fairiscoreVersions":{"v1":1,"v2":1},"foi_fileName":"MvA%20Vernieuwingsgroep%20B.3%20Voorstel%20inzake%20vaststelling%20gemeenschappelijke%20regeling%20ISD%20Kompas.pdf","foi_nrPages":5},{"dc_format":"application/pdf","dc_identifier":"nl.gm1954.2c.2020.2830582-7.doc.3","dc_source":"https://api1.ibabs.eu/publicdownload.aspx?site=Beekdaelen&id=899163e6-7b29-4d86-83cc-0048f83a7857","dc_title":"Bijlage 1 Concept gemeenschappelijke regeling ISD Kompas","dc_type":"bijlage","foi_fairiscoreVersions":{"v1":1,"v2":1},"foi_fileName":"Z%2F20%2F138458%20-%20219327.pdf","foi_nrPages":11},{"dc_format":"application/pdf","dc_identifier":"nl.gm1954.2c.2020.2830582-7.doc.5","dc_source":"https://api1.ibabs.eu/publicdownload.aspx?site=Beekdaelen&id=99c3e3d1-8085-497a-a318-920b4464f267","dc_title":"Bijlage 6 Argumentatie stemverhouding GR Kompas","dc_type":"bijlage","foi_fairiscoreVersions":{"v1":1,"v2":1},"foi_fileName":"Z%2F20%2F138458%20-%20223596%20-%20Argumentatie%20stemverhouding%20GR%20Kompas.pdf","foi_nrPages":2},{"dc_format":"application/pdf","dc_identifier":"nl.gm1954.2c.2020.2830582-7.doc.1","dc_source":"https://api1.ibabs.eu/publicdownload.aspx?site=Beekdaelen&id=f63eef37-df80-4719-8060-d96cb2f74ef9","dc_title":"Raadsvoorstel inzake wijziging gemeenschappelijke regeling ISD Kompas","dc_type":"bijlage","foi_fairiscoreVersions":{"v1":1,"v2":1},"foi_fileName":"Z%2F20%2F138458%20-%20229797.pdf","foi_nrPages":6},{"dc_format":"application/pdf","dc_identifier":"nl.gm1954.2c.2020.2830582-7.doc.4","dc_source":"https://api1.ibabs.eu/publicdownload.aspx?site=Beekdaelen&id=e33a2f1d-9b59-49ca-83ed-6fcbaad37d41","dc_title":"Bijlage 2 bij raadsvoorstel (technische wijzigingen GR)","dc_type":"bijlage","foi_fairiscoreVersions":{"v1":1,"v2":1},"foi_fileName":"Z%2F20%2F138458%20-%20229886%20-%20Bijlage%202%20bij%20raadsvoorstel%20%28technische%20wijzigingen%20GR%29.pdf","foi_nrPages":3},{"dc_format":"application/pdf","dc_identifier":"nl.gm1954.2c.2020.2830582-7.doc.2","dc_source":"https://api1.ibabs.eu/publicdownload.aspx?site=Beekdaelen&id=c5eb4108-51e4-4fd5-ac89-037d5f87d7df","dc_title":"Raadsbesluit inzake wijziging gemeenschappelijke regeling ISD Kompas vastgesteld 07072020","dc_type":"bijlage","foi_fairiscoreVersions":{"v1":1,"v2":1},"foi_fileName":"Z%2F20%2F138458%20-%20229957%20-%20Raadsbesluit%20tot%20vaststelling%20GR%20ISD%20Kompas.pdf","foi_nrPages":1}],"foi_nrDocuments":8,"foi_nrPagesInDossier":33,"foi_publishedDate":"2020-06-16","foi_retrievedDate":"2026-04-10"},{"dc_creator":"HandelingScraper_v1","dc_date_year":2020,"dc_description":"Vergadering van de Gemeente Beekdaelen op 2020-06-16. Onderdeel: Voorstel inzake P&C documenten van GR ISD Kompas.","dc_identifier":"nl.gm1954.2c.2020.2830582-8","dc_publisher":"gm1954","dc_source":"https://beekdaelen.bestuurlijkeinformatie.nl/Agenda/Index/7b4ff244-4b70-4ba8-8731-84b0769ac3ea","dc_title":"Commissie Sociaal & BV (t/m april 2022) 2020-06-16 - Voorstel inzake P&C documenten van GR ISD Kompas","dc_type":"2c","dc_type_description":"Vergaderstuk decentrale overheid","foi_fairiscoreVersions":{"v1":2,"v2":2},"foi_files":[{"dc_format":"application/pdf","dc_identifier":"nl.gm1954.2c.2020.2830582-8.doc.9","dc_source":"https://api1.ibabs.eu/publicdownload.aspx?site=Beekdaelen&id=cdaee953-a9d6-4c2a-ae06-920798582e0c","dc_title":"MvA Beekdaelen Lokaal B.4 Voorstel P&C documenten gemeenschappelijke regeling ISD Kompas","dc_type":"bijlage","foi_fairiscoreVersions":{"v1":1,"v2":1},"foi_fileName":"MvA%20Beekdaelen%20Lokaal%20B.4%20Voorstel%20P%26C%20documenten%20gemeenschappelijke%20regeling%20ISD%20Kompas.pdf","foi_nrPages":3},{"dc_format":"application/pdf","dc_identifier":"nl.gm1954.2c.2020.2830582-8.doc.10","dc_source":"https://api1.ibabs.eu/publicdownload.aspx?site=Beekdaelen&id=b079f031-7b1f-40e7-90ef-f2238e94b350","dc_title":"MvA Vernieuwingsgroep B.4 Voorstel P&C documenten gemeenschappelijke regeling ISD Kompas","dc_type":"bijlage","foi_fairiscoreVersions":{"v1":1,"v2":1},"foi_fileName":"MvA%20Vernieuwingsgroep%20B.4%20Voorstel%20P%26C%20documenten%20gemeenschappelijke%20regeling%20ISD%20Kompas.pdf","foi_nrPages":1},{"dc_format":"application/pdf","dc_identifier":"nl.gm1954.2c.2020.2830582-8.doc.3","dc_source":"https://api1.ibabs.eu/publicdownload.aspx?site=Beekdaelen&id=2eb9fc57-9671-497d-bf16-84574b45ee2f","dc_title":"Bijlage 1 Beleidsverslag ISD Kompas 2019","dc_type":"bijlage","foi_fairiscoreVersions":{"v1":2,"v2":2},"foi_fileName":"Z%2F20%2F141159%20-%20226032.pdf","foi_nrPages":23},{"dc_format":"application/pdf","dc_identifier":"nl.gm1954.2c.2020.2830582-8.doc.4","dc_source":"https://api1.ibabs.eu/publicdownload.aspx?site=Beekdaelen&id=66bfe964-2c03-4af3-85e6-ee2fc92abdd4","dc_title":"Bijlage 2 Jaarrekening ISD Kompas 2019","dc_type":"bijlage","foi_fairiscoreVersions":{"v1":2,"v2":1},"foi_fileName":"Z%2F20%2F141159%20-%20226032.pdf","foi_nrPages":46},{"dc_format":"application/pdf","dc_identifier":"nl.gm1954.2c.2020.2830582-8.doc.5","dc_source":"https://api1.ibabs.eu/publicdownload.aspx?site=Beekdaelen&id=66270838-08c1-4af1-8783-727352e15c3e","dc_title":"Bijlage 4 Uitvoeringsprogramma ISD Kompas 2020-2021","dc_type":"bijlage","foi_fairiscoreVersions":{"v1":1,"v2":1},"foi_fileName":"Z%2F20%2F141159%20-%20226032.pdf","foi_nrPages":15},{"dc_format":"application/pdf","dc_identifier":"nl.gm1954.2c.2020.2830582-8.doc.6","dc_source":"https://api1.ibabs.eu/publicdownload.aspx?site=Beekdaelen&id=03ef7824-4c97-44e5-abf3-d3e2f15dc2b2","dc_title":"Bijlage 5 Gewijzigde begroting 2020, primitieve begroting 2021 en meerjarenraming 2021-2024 ISD Kompas","dc_type":"bijlage","foi_fairiscoreVersions":{"v1":2,"v2":1},"foi_fileName":"Z%2F20%2F141159%20-%20226032.pdf","foi_nrPages":33},{"dc_format":"application/pdf","dc_identifier":"nl.gm1954.2c.2020.2830582-8.doc.7","dc_source":"https://api1.ibabs.eu/publicdownload.aspx?site=Beekdaelen&id=518ce42f-248f-40f8-a0d2-5fa9548553e7","dc_title":"Bijlage 6 Brief van ISD Kompas d.d. 30 maart","dc_type":"bijlage","foi_fairiscoreVersions":{"v1":1,"v2":1},"foi_fileName":"Z%2F20%2F141159%20-%20226032.pdf","foi_nrPages":2},{"dc_format":"application/pdf","dc_identifier":"nl.gm1954.2c.2020.2830582-8.doc.1","dc_source":"https://api1.ibabs.eu/publicdownload.aspx?site=Beekdaelen&id=0019f346-9d68-4f82-ae91-b697c3651084","dc_title":"Raadsvoorstel inzake P&C documenten van GR ISD Kompas","dc_type":"bijlage","foi_fairiscoreVersions":{"v1":1,"v2":1},"foi_fileName":"Z%2F20%2F141159%20-%20226340%20-%20Beleidsverslag%202019_%20de%20Jaarrekening%202019_%20uitvoeringsprogramma%202020-2021_%20Begrotingswijziging%202020-1%20primitieve%20begroting%202021%20Kompas%20en%20meerjarenraming%202021-2024.pdf","foi_nrPages":7},{"dc_format":"application/pdf","dc_identifier":"nl.gm1954.2c.2020.2830582-8.doc.2","dc_source":"https://api1.ibabs.eu/publicdownload.aspx?site=Beekdaelen&id=8fe5fdac-7a1f-4915-9dfa-81e0f2344f5e","dc_title":"Raadsbesluit inzake P&C documenten van GR ISD Kompas vastgesteld 07072020","dc_type":"bijlage","foi_fairiscoreVersions":{"v1":1,"v2":1},"foi_fileName":"Z%2F20%2F141159%20-%20226431%20-%20Raadsbesluit%20inz.%20beleidsverslag%202019_%20jaarverslag%202019_%20uitvoeringsprogramma%202020-2021_%20begr.%20wijz%202020_%20prim.begr.pdf","foi_nrPages":1},{"dc_format":"application/pdf","dc_identifier":"nl.gm1954.2c.2020.2830582-8.doc.8","dc_source":"https://api1.ibabs.eu/publicdownload.aspx?site=Beekdaelen&id=3451611c-639f-4179-b19d-31d1884fecda","dc_title":"Bijlage 7 Brief aan ISD Kompas inzake raadsbesluit","dc_type":"bijlage","foi_fairiscoreVersions":{"v1":1,"v2":1},"foi_fileName":"Z%2F20%2F141159%20-%20226432%20-%20Brief%20aan%20Kompas%20inz.pdf","foi_nrPages":1}],"foi_nrDocuments":10,"foi_nrPagesInDossier":132,"foi_publishedDate":"2020-06-16","foi_retrievedDate":"2025-11-30"},{"dc_creator":"HandelingScraper_v1","dc_date_year":2020,"dc_description":"Vergadering van de Gemeente Beekdaelen op 2020-06-16. Onderdeel: Voorstel inzake algemene subsidieverordening Beekdaelen 2020.","dc_identifier":"nl.gm1954.2c.2020.2830582-9","dc_publisher":"gm1954","dc_source":"https://beekdaelen.bestuurlijkeinformatie.nl/Agenda/Index/7b4ff244-4b70-4ba8-8731-84b0769ac3ea","dc_title":"Commissie Sociaal & BV (t/m april 2022) 2020-06-16 - Voorstel inzake algemene subsidieverordening Beekdaelen 2020","dc_type":"2c","dc_type_description":"Vergaderstuk decentrale overheid","foi_fairiscoreVersions":{"v1":1,"v2":1},"foi_files":[{"dc_format":"application/pdf","dc_identifier":"nl.gm1954.2c.2020.2830582-9.doc.1","dc_source":"https://api1.ibabs.eu/publicdownload.aspx?site=Beekdaelen&id=f499ed3a-3b9d-4044-be59-240b56403544","dc_title":"Raadsvoorstel inzake algemene subsidieverordening Beekdaelen 2020","dc_type":"bijlage","foi_fairiscoreVersions":{"v1":1,"v2":1},"foi_fileName":"Algemene%20subsidieverordening%20Beekdaelen.pdf","foi_nrPages":3},{"dc_format":"application/pdf","dc_identifier":"nl.gm1954.2c.2020.2830582-9.doc.2","dc_source":"https://api1.ibabs.eu/publicdownload.aspx?site=Beekdaelen&id=d0a85159-a41d-4adc-8fb0-9e72a046277b","dc_title":"RB inzake algemene subsidieverordening Beekdaelen 2020","dc_type":"bijlage","foi_fairiscoreVersions":{"v1":1,"v2":1},"foi_fileName":"Algemene%20subsidieverordening%20Beekdaelen.pdf","foi_nrPages":1},{"dc_format":"application/pdf","dc_identifier":"nl.gm1954.2c.2020.2830582-9.doc.4","dc_source":"https://api1.ibabs.eu/publicdownload.aspx?site=Beekdaelen&id=02f8206e-465d-46a9-abe6-885ccf193501","dc_title":"MvA vragen Vernieuwingsgroep B.5 ASV Beekdaelen 2020","dc_type":"bijlage","foi_fairiscoreVersions":{"v1":1,"v2":1},"foi_fileName":"MvA%20Vernieuwingsgroep%20B.5%20ASV%20Beekdaelen%202020.pdf","foi_nrPages":1},{"dc_format":"application/pdf","dc_identifier":"nl.gm1954.2c.2020.2830582-9.doc.3","dc_source":"https://api1.ibabs.eu/publicdownload.aspx?site=Beekdaelen&id=2780ec6b-1357-4694-8a46-c4306fcf5219","dc_title":"Algemene subsidieverordening Beekdaelen 2020","dc_type":"bijlage","foi_fairiscoreVersions":{"v1":1,"v2":1},"foi_fileName":"Z%2F20%2F142434%20-%20229537%20-%20Algemene%20subsidieverordening%20Beekdaelen%202020.pdf","foi_nrPages":10}],"foi_nrDocuments":4,"foi_nrPagesInDossier":15,"foi_publishedDate":"2020-06-16","foi_retrievedDate":"2026-04-10"},{"dc_creator":"HandelingScraper_v1","dc_date_year":2020,"dc_description":"Vergadering van de Gemeente Beekdaelen op 2020-06-17. Onderdeel: Algemeen.","dc_identifier":"nl.gm1954.2c.2020.2830674-1","dc_publisher":"gm1954","dc_source":"https://beekdaelen.bestuurlijkeinformatie.nl/Agenda/Index/6901c45a-1384-40b2-8f98-0502c05f3b61","dc_title":"Commissie Sociaal & BV (t/m april 2022) 2020-06-17 - Algemeen","dc_type":"2c","dc_type_description":"Vergaderstuk decentrale overheid","foi_fairiscoreVersions":{"v1":1,"v2":1},"foi_files":[{"dc_format":"application/pdf","dc_identifier":"nl.gm1954.2c.2020.2830674-1.doc.3","dc_source":"https://api1.ibabs.eu/publicdownload.aspx?site=Beekdaelen&id=14011aa8-48d6-4c19-9133-9f67aa276f3c","dc_title":"Technische vragen BL commissie sociaal 17 juni 2020","dc_type":"bijlage","foi_fairiscoreVersions":{"v1":1,"v2":1},"foi_fileName":"Technische%20vragen%20BL%20commissie%20sociaal%20dd%2017%20juni%202020.pdf","foi_nrPages":3},{"dc_format":"application/pdf","dc_identifier":"nl.gm1954.2c.2020.2830674-1.doc.1","dc_source":"https://api1.ibabs.eu/publicdownload.aspx?site=Beekdaelen&id=54105ee0-de84-403c-ab9e-7ef3e8d67fa9","dc_title":"Technische vragen CDA commissie 16-17-18 juni 2020","dc_type":"bijlage","foi_fairiscoreVersions":{"v1":1,"v2":1},"foi_fileName":"Technische%20vragen%20CDA%20commissie%2016-17-18%20%20juni%202020.pdf","foi_nrPages":4},{"dc_format":"application/pdf","dc_identifier":"nl.gm1954.2c.2020.2830674-1.doc.4","dc_source":"https://api1.ibabs.eu/publicdownload.aspx?site=Beekdaelen&id=48ea8390-1b54-4ac9-9633-2ea8004aebca","dc_title":"Technische vragen GL commissie 16-17-18 juni 2020","dc_type":"bijlage","foi_fairiscoreVersions":{"v1":1,"v2":1},"foi_fileName":"Technische%20vragen%20GL%20commissie%2016-17-18%20juni%202020.pdf","foi_nrPages":2},{"dc_format":"application/pdf","dc_identifier":"nl.gm1954.2c.2020.2830674-1.doc.2","dc_source":"https://api1.ibabs.eu/publicdownload.aspx?site=Beekdaelen&id=e4b95121-6885-4e93-b054-879d1407c74d","dc_title":"Technische vragen VG commissie 16-17-18 juni 2020","dc_type":"bijlage","foi_fairiscoreVersions":{"v1":1,"v2":1},"foi_fileName":"Technische%20vragen%20VG%20commissie%2016-17-18%20%20juni%202020.pdf","foi_nrPages":11}],"foi_nrDocuments":4,"foi_nrPagesInDossier":20,"foi_publishedDate":"2020-06-17","foi_retrievedDate":"2026-03-01"},{"dc_creator":"HandelingScraper_v1","dc_date_year":2020,"dc_description":"Vergadering van de Gemeente Beekdaelen op 2020-06-17. Onderdeel: Voorstel inzake kadernota 2021 gemeente Beekdaelen.","dc_identifier":"nl.gm1954.2c.2020.2830674-10","dc_publisher":"gm1954","dc_source":"https://beekdaelen.bestuurlijkeinformatie.nl/Agenda/Index/6901c45a-1384-40b2-8f98-0502c05f3b61","dc_title":"Commissie Sociaal & BV (t/m april 2022) 2020-06-17 - Voorstel inzake kadernota 2021 gemeente Beekdaelen","dc_type":"2c","dc_type_description":"Vergaderstuk decentrale overheid","foi_fairiscoreVersions":{"v1":2,"v2":2},"foi_files":[{"dc_format":"application/pdf","dc_identifier":"nl.gm1954.2c.2020.2830674-10.doc.5","dc_source":"https://api1.ibabs.eu/publicdownload.aspx?site=Beekdaelen&id=e7176f3d-a95c-4cf7-9db1-5ec149fb9a69","dc_title":"Begrotingswijziging 6 Kadernota 2021","dc_type":"bijlage","foi_fairiscoreVersions":{"v1":1,"v2":1},"foi_fileName":"Begrotingswijziging%206%20Kadernota%202021.pdf","foi_nrPages":1},{"dc_format":"application/pdf","dc_identifier":"nl.gm1954.2c.2020.2830674-10.doc.3","dc_source":"https://api1.ibabs.eu/publicdownload.aspx?site=Beekdaelen&id=e6d78ec6-6d74-469a-abc4-7e8cf1e1d845","dc_title":"Kadernota 2021","dc_type":"bijlage","foi_fairiscoreVersions":{"v1":2,"v2":2},"foi_fileName":"Kadernota%202021.pdf","foi_nrPages":59},{"dc_format":"application/pdf","dc_identifier":"nl.gm1954.2c.2020.2830674-10.doc.4","dc_source":"https://api1.ibabs.eu/publicdownload.aspx?site=Beekdaelen&id=6512d70b-d20e-42b5-806f-a1a527bef10b","dc_title":"Memo inzake verkeersadvies school-thuisroute Doenrade - Merkelbeek","dc_type":"bijlage","foi_fairiscoreVersions":{"v1":1,"v2":1},"foi_fileName":"Memo%20inzake%20verkeersadvies%20school-thuisroute%20Doenrade%20-%20Merkelbeek.pdf","foi_nrPages":9},{"dc_format":"application/pdf","dc_identifier":"nl.gm1954.2c.2020.2830674-10.doc.2","dc_source":"https://api1.ibabs.eu/publicdownload.aspx?site=Beekdaelen&id=d5b18c11-d79d-467d-90ab-f7af3cf958cc","dc_title":"Raadsbesluit kadernota 2021","dc_type":"bijlage","foi_fairiscoreVersions":{"v1":1,"v2":1},"foi_fileName":"Raadsbesluit%20kadernota%202021.pdf","foi_nrPages":1},{"dc_format":"application/pdf","dc_identifier":"nl.gm1954.2c.2020.2830674-10.doc.1","dc_source":"https://api1.ibabs.eu/publicdownload.aspx?site=Beekdaelen&id=b6dfabf7-e329-4ea9-8a84-8d6581833ebc","dc_title":"Raadsvoorstel kadernota 2021","dc_type":"bijlage","foi_fairiscoreVersions":{"v1":1,"v2":1},"foi_fileName":"Raadsvoorstel%20kadernota%202021.pdf","foi_nrPages":3}],"foi_nrDocuments":5,"foi_nrPagesInDossier":73,"foi_publishedDate":"2020-06-17","foi_retrievedDate":"2025-12-29"},{"dc_creator":"HandelingScraper_v1","dc_date_year":2020,"dc_description":"Vergadering van de Gemeente Beekdaelen op 2020-06-17. Onderdeel: Opening, mededelingen voorzitter en vaststellen agenda.","dc_identifier":"nl.gm1954.2c.2020.2830674-2","dc_publisher":"gm1954","dc_source":"https://beekdaelen.bestuurlijkeinformatie.nl/Agenda/Index/6901c45a-1384-40b2-8f98-0502c05f3b61","dc_title":"Commissie Sociaal & BV (t/m april 2022) 2020-06-17 - Opening, mededelingen voorzitter en vaststellen agenda","dc_type":"2c","dc_type_description":"Vergaderstuk decentrale overheid","foi_fairiscoreVersions":{"v1":1,"v2":1},"foi_files":[{"dc_format":"application/pdf","dc_identifier":"nl.gm1954.2c.2020.2830674-2.doc.1","dc_source":"https://api1.ibabs.eu/publicdownload.aspx?site=Beekdaelen&id=181aed6f-600c-4c81-999c-13f5791a69f4","dc_title":"Vastgestelde agenda cie. Sociaal, cluster bedrijfsvoering 17062020","dc_type":"bijlage","foi_fairiscoreVersions":{"v1":1,"v2":1},"foi_fileName":"Vastgestelde%20agenda%20cie%20Sociaal_%20cluster%20bedrijfsvoering%2017062020.pdf","foi_nrPages":1}],"foi_nrDocuments":1,"foi_nrPagesInDossier":1,"foi_publishedDate":"2020-06-17","foi_retrievedDate":"2026-03-01"},{"dc_creator":"HandelingScraper_v1","dc_date_year":2020,"dc_description":"Vergadering van de Gemeente Beekdaelen op 2020-06-17. Onderdeel: Spreekrecht burgers.","dc_identifier":"nl.gm1954.2c.2020.2830674-3","dc_publisher":"gm1954","dc_source":"https://beekdaelen.bestuurlijkeinformatie.nl/Agenda/Index/6901c45a-1384-40b2-8f98-0502c05f3b61","dc_title":"Commissie Sociaal & BV (t/m april 2022) 2020-06-17 - Spreekrecht burgers","dc_type":"2c","dc_type_description":"Vergaderstuk decentrale overheid","foi_fairiscoreVersions":{"v1":5,"v2":5},"foi_files":[{"dc_format":"application/pdf","dc_identifier":"nl.gm1954.2c.2020.2830674-3.doc.1","dc_source":"https://api1.ibabs.eu/publicdownload.aspx?site=Beekdaelen&id=7cd59ef1-1d21-4e18-933b-de9749a37a0d","dc_title":"Bijdrage dhr. Roebroek","dc_type":"bijlage","foi_fairiscoreVersions":{"v1":5,"v2":5},"foi_fileName":"Bijdrage%20dhr.%20Roebroek.pdf","foi_nrPages":2}],"foi_nrDocuments":1,"foi_nrPagesInDossier":2,"foi_publishedDate":"2020-06-17","foi_retrievedDate":"2026-03-01"},{"dc_creator":"HandelingScraper_v1","dc_date_year":2020,"dc_description":"Vergadering van de Gemeente Beekdaelen op 2020-06-17. Onderdeel: Voorstel inzake actualisatie inkoop- en aanbestedingsbeleid Beekdaelen 2020.","dc_identifier":"nl.gm1954.2c.2020.2830674-4","dc_publisher":"gm1954","dc_source":"https://beekdaelen.bestuurlijkeinformatie.nl/Agenda/Index/6901c45a-1384-40b2-8f98-0502c05f3b61","dc_title":"Commissie Sociaal & BV (t/m april 2022) 2020-06-17 - Voorstel inzake actualisatie inkoop- en aanbestedingsbeleid Beekdaelen 2020","dc_type":"2c","dc_type_description":"Vergaderstuk decentrale overheid","foi_fairiscoreVersions":{"v1":1,"v2":1},"foi_files":[{"dc_format":"application/pdf","dc_identifier":"nl.gm1954.2c.2020.2830674-4.doc.6","dc_source":"https://api1.ibabs.eu/publicdownload.aspx?site=Beekdaelen&id=71dea7d9-5aa7-4a19-a945-792bfcc0bd1d","dc_title":"MvA vragen Beekdaelen Lokaal B1 inkoop- en aanbestedingsbeleid","dc_type":"bijlage","foi_fairiscoreVersions":{"v1":1,"v2":1},"foi_fileName":"Format%20MvA%20Beekdaelen%20Lokaal%20B1.pdf","foi_nrPages":4},{"dc_format":"application/pdf","dc_identifier":"nl.gm1954.2c.2020.2830674-4.doc.7","dc_source":"https://api1.ibabs.eu/publicdownload.aspx?site=Beekdaelen&id=d5151565-f487-4b01-b581-b8c687d403bf","dc_title":"MvA vragen CDA B1 inkoop- en aanbestedingsbeleid","dc_type":"bijlage","foi_fairiscoreVersions":{"v1":1,"v2":1},"foi_fileName":"Format%20MvA%20CDA%20B1.pdf","foi_nrPages":3},{"dc_format":"application/pdf","dc_identifier":"nl.gm1954.2c.2020.2830674-4.doc.8","dc_source":"https://api1.ibabs.eu/publicdownload.aspx?site=Beekdaelen&id=f5613044-9a82-42f0-8854-26dae5bddf87","dc_title":"MvA vragen Vernieuwingsgroep B1 inkoop- en aanbestedingsbeleid","dc_type":"bijlage","foi_fairiscoreVersions":{"v1":1,"v2":1},"foi_fileName":"Format%20MvA%20De%20Vernieuwingsgroep%20B1.pdf","foi_nrPages":2},{"dc_format":"application/pdf","dc_identifier":"nl.gm1954.2c.2020.2830674-4.doc.9","dc_source":"https://api1.ibabs.eu/publicdownload.aspx?site=Beekdaelen&id=ce3262d9-f4ca-4d43-a47a-2ff8820baf7e","dc_title":"MvA vragen GroenLinks Beekdaelen B1 inkoop- en aanbestedingsbeleid","dc_type":"bijlage","foi_fairiscoreVersions":{"v1":1,"v2":1},"foi_fileName":"Format%20MvA%20GroenLinks%20Beekdaelen%20B1.pdf","foi_nrPages":1},{"dc_format":"application/pdf","dc_identifier":"nl.gm1954.2c.2020.2830674-4.doc.1","dc_source":"https://api1.ibabs.eu/publicdownload.aspx?site=Beekdaelen&id=d3b71262-b3b1-4fba-b0de-f24aa2e73288","dc_title":"RV inzake actualisatie Inkoop- en aanbestedingsbeleid Beekdaelen 2020","dc_type":"bijlage","foi_fairiscoreVersions":{"v1":1,"v2":1},"foi_fileName":"Z%2F19%2F135692%20-%20226064%20-%20Actualisatie%20Inkoop-%20en%20Aanbestedingsbeleid.pdf","foi_nrPages":2},{"dc_format":"application/pdf","dc_identifier":"nl.gm1954.2c.2020.2830674-4.doc.5","dc_source":"https://api1.ibabs.eu/publicdownload.aspx?site=Beekdaelen&id=502f9e4c-355e-4fa0-bddf-f56cbc57ba5a","dc_title":"Bijlage 2 Ledenbrief VNG actualisatie Inkoopbeleid 19/054","dc_type":"bijlage","foi_fairiscoreVersions":{"v1":1,"v2":1},"foi_fileName":"Z%2F19%2F135692%20-%20226166%20-%20Ledenbrief%20VNG%20actualisatie%20Inkoopbeleid%2019%2F054.pdf","foi_nrPages":3},{"dc_format":"application/pdf","dc_identifier":"nl.gm1954.2c.2020.2830674-4.doc.3","dc_source":"https://api1.ibabs.eu/publicdownload.aspx?site=Beekdaelen&id=de51741d-ddc7-488a-b17e-421c2ae51e19","dc_title":"Inkoopbeleid gemeente Beekdaelen 2020","dc_type":"bijlage","foi_fairiscoreVersions":{"v1":1,"v2":1},"foi_fileName":"Z%2F19%2F135692%20-%20226281%20-%20Inkoopbeleid%20gemeente%20Beekdaelen%202020.pdf","foi_nrPages":16},{"dc_format":"application/pdf","dc_identifier":"nl.gm1954.2c.2020.2830674-4.doc.4","dc_source":"https://api1.ibabs.eu/publicdownload.aspx?site=Beekdaelen&id=382c50e4-ccce-42e9-abaf-e48da8f1a7d7","dc_title":"Bijlage 1 Tekstuele aanpassingen nav Model Inkoopbeleid","dc_type":"bijlage","foi_fairiscoreVersions":{"v1":1,"v2":1},"foi_fileName":"Z%2F19%2F135692%20-%20226286%20-%20Bijlage%201%20Tekstuele%20aanpassingen%20nav%20Model%20Inkoopbeleid.pdf","foi_nrPages":1},{"dc_format":"application/pdf","dc_identifier":"nl.gm1954.2c.2020.2830674-4.doc.2","dc_source":"https://api1.ibabs.eu/publicdownload.aspx?site=Beekdaelen&id=320f1393-0af4-4577-8518-0378bfacb61b","dc_title":"RB inzake actualisatie Inkoop- en aanbestedingsbeleid Beekdaelen 2020","dc_type":"bijlage","foi_fairiscoreVersions":{"v1":1,"v2":1},"foi_fileName":"Z%2F19%2F135692%20-%20226530%20-%20Vastelling%20Inkoopbeleid%20Gemeente%20Beekdaelen%202020.pdf","foi_nrPages":1}],"foi_nrDocuments":9,"foi_nrPagesInDossier":33,"foi_publishedDate":"2020-06-17","foi_retrievedDate":"2026-03-04"},{"dc_creator":"HandelingScraper_v1","dc_date_year":2020,"dc_description":"Vergadering van de Gemeente Beekdaelen op 2020-06-17. Onderdeel: Voorstel inzake zienswijze begroting 2021 en meerjarenraming 2021-2025 van GR BsGW.","dc_identifier":"nl.gm1954.2c.2020.2830674-5","dc_publisher":"gm1954","dc_source":"https://beekdaelen.bestuurlijkeinformatie.nl/Agenda/Index/6901c45a-1384-40b2-8f98-0502c05f3b61","dc_title":"Commissie Sociaal & BV (t/m april 2022) 2020-06-17 - Voorstel inzake zienswijze begroting 2021 en meerjarenraming 2021-2025 van GR BsGW","dc_type":"2c","dc_type_description":"Vergaderstuk decentrale overheid","foi_fairiscoreVersions":{"v1":2,"v2":2},"foi_files":[{"dc_format":"application/pdf","dc_identifier":"nl.gm1954.2c.2020.2830674-5.doc.4","dc_source":"https://api1.ibabs.eu/publicdownload.aspx?site=Beekdaelen&id=0e0b99b3-1cbf-4f5c-b133-bcf3ddd0233f","dc_title":"Bijlage 2 Aanbiedingsbrief BsGW d.d. 10 maart 2020","dc_type":"bijlage","foi_fairiscoreVersions":{"v1":2,"v2":2},"foi_fileName":"Brief.pdf","foi_nrPages":2},{"dc_format":"application/pdf","dc_identifier":"nl.gm1954.2c.2020.2830674-5.doc.8","dc_source":"https://api1.ibabs.eu/publicdownload.aspx?site=Beekdaelen&id=e93ab174-51a0-47a1-bd1e-2c267e827c7d","dc_title":"Jaarrekening 2019_versie 3.3","dc_type":"bijlage","foi_fairiscoreVersions":{"v1":2,"v2":2},"foi_fileName":"Jaarrekening%202019_versie%203.3.pdf","foi_nrPages":41},{"dc_format":"application/pdf","dc_identifier":"nl.gm1954.2c.2020.2830674-5.doc.5","dc_source":"https://api1.ibabs.eu/publicdownload.aspx?site=Beekdaelen&id=3afb2fcc-45ef-4abe-82b9-411abbfcef9e","dc_title":"MvA vragen Beekdaelen Lokaal B2 BsGW","dc_type":"bijlage","foi_fairiscoreVersions":{"v1":1,"v2":1},"foi_fileName":"MvA%20vragen%20Beekdaelen%20Lokaal%20B2%20BsGW.pdf","foi_nrPages":2},{"dc_format":"application/pdf","dc_identifier":"nl.gm1954.2c.2020.2830674-5.doc.6","dc_source":"https://api1.ibabs.eu/publicdownload.aspx?site=Beekdaelen&id=eef5f07f-f1ac-43ba-9372-d2215595b1a4","dc_title":"MvA vragen CDA B2 BsGW","dc_type":"bijlage","foi_fairiscoreVersions":{"v1":1,"v2":1},"foi_fileName":"MvA%20vragen%20CDA%20B2%20BsGW.pdf","foi_nrPages":2},{"dc_format":"application/pdf","dc_identifier":"nl.gm1954.2c.2020.2830674-5.doc.7","dc_source":"https://api1.ibabs.eu/publicdownload.aspx?site=Beekdaelen&id=734caed5-9fe4-49ee-a251-31cc7efa9c41","dc_title":"MvA vragen PvdA B2 BsGW","dc_type":"bijlage","foi_fairiscoreVersions":{"v1":1,"v2":1},"foi_fileName":"MvA%20vragen%20PvdA%20B2%20BsGW.pdf","foi_nrPages":2},{"dc_format":"application/pdf","dc_identifier":"nl.gm1954.2c.2020.2830674-5.doc.3","dc_source":"https://api1.ibabs.eu/publicdownload.aspx?site=Beekdaelen&id=49fe1a0f-71ed-4631-8873-c4bf43680372","dc_title":"Bijlage 1 Ontwerpbegroting 2021 en ontwerp meerjarenraming 2021 - 2025 BsGW","dc_type":"bijlage","foi_fairiscoreVersions":{"v1":2,"v2":2},"foi_fileName":"Ontwerpbegroting%20en%20ontwerp%20meerjarenraming.pdf","foi_nrPages":60},{"dc_format":"application/pdf","dc_identifier":"nl.gm1954.2c.2020.2830674-5.doc.1","dc_source":"https://api1.ibabs.eu/publicdownload.aspx?site=Beekdaelen&id=28432f89-c7b2-4ff8-a315-afd819d62925","dc_title":"Raadsvoorstel inzake ontwerpbegroting BsGW 2021","dc_type":"bijlage","foi_fairiscoreVersions":{"v1":1,"v2":1},"foi_fileName":"Z%2F20%2F140459%20-%20227040%20-%20Raadsvoorstel%20ontwerpbegroting%20BsGW%202021.pdf","foi_nrPages":3},{"dc_format":"application/pdf","dc_identifier":"nl.gm1954.2c.2020.2830674-5.doc.2","dc_source":"https://api1.ibabs.eu/publicdownload.aspx?site=Beekdaelen&id=f8807e55-ca3b-432a-8295-05f8a8622422","dc_title":"Raadsbesluit inzake ontwerpbegroting BsGW 2021 vastgesteld 07072020","dc_type":"bijlage","foi_fairiscoreVersions":{"v1":1,"v2":1},"foi_fileName":"Z%2F20%2F140459%20-%20227041%20-%20Raadsbesluit%20ontwerpbegroting%20BsGW%202021.pdf","foi_nrPages":1}],"foi_nrDocuments":8,"foi_nrPagesInDossier":113,"foi_publishedDate":"2020-06-17","foi_retrievedDate":"2026-02-11"},{"dc_creator":"HandelingScraper_v1","dc_date_year":2020,"dc_description":"Vergadering van de Gemeente Beekdaelen op 2020-06-17. Onderdeel: Voorstel inzake zienswijze begroting 2021 en jaarstukken 2019 RUD Zuid-Limburg.","dc_identifier":"nl.gm1954.2c.2020.2830674-6","dc_publisher":"gm1954","dc_source":"https://beekdaelen.bestuurlijkeinformatie.nl/Agenda/Index/6901c45a-1384-40b2-8f98-0502c05f3b61","dc_title":"Commissie Sociaal & BV (t/m april 2022) 2020-06-17 - Voorstel inzake zienswijze begroting 2021 en jaarstukken 2019 RUD Zuid-Limburg","dc_type":"2c","dc_type_description":"Vergaderstuk decentrale overheid","foi_fairiscoreVersions":{"v1":2,"v2":2},"foi_files":[{"dc_format":"application/pdf","dc_identifier":"nl.gm1954.2c.2020.2830674-6.doc.3","dc_source":"https://api1.ibabs.eu/publicdownload.aspx?site=Beekdaelen&id=004c4c61-f4c3-4e7e-95be-f2f23d7296be","dc_title":"Bijlage 1 Ontwerpbegroting 2021 RUD","dc_type":"bijlage","foi_fairiscoreVersions":{"v1":2,"v2":1},"foi_fileName":"Bijlage%201%20Ontwerpbegroting%202021%20RUD.pdf","foi_nrPages":28},{"dc_format":"application/pdf","dc_identifier":"nl.gm1954.2c.2020.2830674-6.doc.4","dc_source":"https://api1.ibabs.eu/publicdownload.aspx?site=Beekdaelen&id=cbf3c937-0897-4f86-86a1-53c65d822335","dc_title":"Bijlage 2 Jaarstukken 2019 RUD","dc_type":"bijlage","foi_fairiscoreVersions":{"v1":2,"v2":2},"foi_fileName":"Bijlage%202%20Jaarstukken%202019%20RUD.pdf","foi_nrPages":46},{"dc_format":"application/pdf","dc_identifier":"nl.gm1954.2c.2020.2830674-6.doc.5","dc_source":"https://api1.ibabs.eu/publicdownload.aspx?site=Beekdaelen&id=b79e8aa3-e14c-472d-a91a-95c47c859287","dc_title":"Bijlage 3 Verdagingsbrief aan RUD","dc_type":"bijlage","foi_fairiscoreVersions":{"v1":1,"v2":1},"foi_fileName":"Bijlage%203%20Verdagingsbrief%20aan%20RUD.pdf","foi_nrPages":1},{"dc_format":"application/pdf","dc_identifier":"nl.gm1954.2c.2020.2830674-6.doc.6","dc_source":"https://api1.ibabs.eu/publicdownload.aspx?site=Beekdaelen&id=f4a9f480-3061-48dd-b12a-cf449d958df3","dc_title":"Bijlage 4 Brief besluit gemeenteraad","dc_type":"bijlage","foi_fairiscoreVersions":{"v1":1,"v2":1},"foi_fileName":"Bijlage%204%20Brief%20besluit%20gemeenteraad.pdf","foi_nrPages":1},{"dc_format":"application/pdf","dc_identifier":"nl.gm1954.2c.2020.2830674-6.doc.8","dc_source":"https://api1.ibabs.eu/publicdownload.aspx?site=Beekdaelen&id=503ee282-29a4-4f14-9d39-01d85ef17ef7","dc_title":"MvA vragen BL - agendapunt B3 RUD - cie 17 juni 2020","dc_type":"bijlage","foi_fairiscoreVersions":{"v1":1,"v2":1},"foi_fileName":"MvA%20vragen%20BL%20-%20agendapunt%20B3%20RUD%20-%20cie%2017%20juni%202020.pdf","foi_nrPages":2},{"dc_format":"application/pdf","dc_identifier":"nl.gm1954.2c.2020.2830674-6.doc.7","dc_source":"https://api1.ibabs.eu/publicdownload.aspx?site=Beekdaelen&id=14b3a3a8-203a-4857-aa62-ebb2b10e214e","dc_title":"MvA vragen VG - agendapunt B3 RUD - cie 17 juni 2020","dc_type":"bijlage","foi_fairiscoreVersions":{"v1":1,"v2":1},"foi_fileName":"MvA%20vragen%20VG%20-%20agendapunt%20B3%20RUD%20-%20cie%2017%20juni%202020.pdf","foi_nrPages":1},{"dc_format":"application/pdf","dc_identifier":"nl.gm1954.2c.2020.2830674-6.doc.2","dc_source":"https://api1.ibabs.eu/publicdownload.aspx?site=Beekdaelen&id=cc3914a3-de03-4ecb-a201-b553761e738b","dc_title":"Raadsbesluit inzake de ontwerpbegroting 2012 en Jaarstukken 2019 van de RUD Zuid-Limburg","dc_type":"bijlage","foi_fairiscoreVersions":{"v1":1,"v2":1},"foi_fileName":"Raadsbesluit%20inzake%20de%20ontwerpbegroting%202012%20en%20Jaarstukken%202019%20van%20de%20RUD%20Zuid-Limburg.pdf","foi_nrPages":1},{"dc_format":"application/pdf","dc_identifier":"nl.gm1954.2c.2020.2830674-6.doc.1","dc_source":"https://api1.ibabs.eu/publicdownload.aspx?site=Beekdaelen&id=4bfa77ba-9b81-4858-9200-9564d6bdd9ea","dc_title":"Raadsvoorstel inzake begroting 2021 en jaarstukken 2019 RUD","dc_type":"bijlage","foi_fairiscoreVersions":{"v1":1,"v2":1},"foi_fileName":"Raadsvoorstel%20inzake%20begroting%202021%20en%20jaarstukken%202019%20RUD.pdf","foi_nrPages":6}],"foi_nrDocuments":8,"foi_nrPagesInDossier":86,"foi_publishedDate":"2020-06-17","foi_retrievedDate":"2026-03-01"},{"dc_creator":"HandelingScraper_v1","dc_date_year":2020,"dc_description":"Vergadering van de Gemeente Beekdaelen op 2020-06-17. Onderdeel: Voorstel inzake zienwijze begroting 2021 en meerjarenraming GR Parkstad Limburg.","dc_identifier":"nl.gm1954.2c.2020.2830674-7","dc_publisher":"gm1954","dc_source":"https://beekdaelen.bestuurlijkeinformatie.nl/Agenda/Index/6901c45a-1384-40b2-8f98-0502c05f3b61","dc_title":"Commissie Sociaal & BV (t/m april 2022) 2020-06-17 - Voorstel inzake zienwijze begroting 2021 en meerjarenraming GR Parkstad Limburg","dc_type":"2c","dc_type_description":"Vergaderstuk decentrale overheid","foi_fairiscoreVersions":{"v1":2,"v2":1},"foi_files":[{"dc_format":"application/pdf","dc_identifier":"nl.gm1954.2c.2020.2830674-7.doc.3","dc_source":"https://api1.ibabs.eu/publicdownload.aspx?site=Beekdaelen&id=675a2e7f-c44e-43e3-b70d-b9d8865b2209","dc_title":"Concept begroting 2021 en Meerjarenramingen 2022 - 2024 GR Parkstad","dc_type":"bijlage","foi_fairiscoreVersions":{"v1":2,"v2":1},"foi_fileName":"Z20143819%20-%20232139%20concept%20begroting%202021%20en%20Meerjarenramingen%202022%20-%202024.pdf","foi_nrPages":42},{"dc_format":"application/pdf","dc_identifier":"nl.gm1954.2c.2020.2830674-7.doc.4","dc_source":"https://api1.ibabs.eu/publicdownload.aspx?site=Beekdaelen&id=0b1c97a7-b580-401e-9078-762a3b123d60","dc_title":"Voorlopige Jaarstukken 2019 GR Parkstad","dc_type":"bijlage","foi_fairiscoreVersions":{"v1":2,"v2":1},"foi_fileName":"Z20143819%20-%20232538%20voorlopige%20Jaarstukken%202019.pdf","foi_nrPages":109},{"dc_format":"application/pdf","dc_identifier":"nl.gm1954.2c.2020.2830674-7.doc.1","dc_source":"https://api1.ibabs.eu/publicdownload.aspx?site=Beekdaelen&id=addcae8d-a4b5-4d25-828c-03d2c2d0d27a","dc_title":"Raadsvoorstel Begroting 2021 e.v. GR Parkstad","dc_type":"bijlage","foi_fairiscoreVersions":{"v1":1,"v2":1},"foi_fileName":"Z20143819%20232538%20Raadsvoorstel%20Begroting%202021%20e.v.pdf","foi_nrPages":5},{"dc_format":"application/pdf","dc_identifier":"nl.gm1954.2c.2020.2830674-7.doc.2","dc_source":"https://api1.ibabs.eu/publicdownload.aspx?site=Beekdaelen&id=174464a3-13b5-4412-a0a7-a14dc17b0df0","dc_title":"Raadsbesluit Jaarstukken 2019 en begroting 2021 en meerjarenraming 2022-2024 GR Parkstad","dc_type":"bijlage","foi_fairiscoreVersions":{"v1":1,"v2":1},"foi_fileName":"Z20143819%20232589%20Raadsbesluit%20Jaarstukken%202019%20en%20begroting%202021%20en%20meerjarenraming%202022-2024.pdf","foi_nrPages":1}],"foi_nrDocuments":4,"foi_nrPagesInDossier":157,"foi_publishedDate":"2020-06-17","foi_retrievedDate":"2026-03-01"},{"dc_creator":"HandelingScraper_v1","dc_date_year":2020,"dc_description":"Vergadering van de Gemeente Beekdaelen op 2020-06-17. Onderdeel: Nader voorstel inzake gemeentelijke huisvesting Beekdaelen.","dc_identifier":"nl.gm1954.2c.2020.2830674-8","dc_publisher":"gm1954","dc_source":"https://beekdaelen.bestuurlijkeinformatie.nl/Agenda/Index/6901c45a-1384-40b2-8f98-0502c05f3b61","dc_title":"Commissie Sociaal & BV (t/m april 2022) 2020-06-17 - Nader voorstel inzake gemeentelijke huisvesting Beekdaelen","dc_type":"2c","dc_type_description":"Vergaderstuk decentrale overheid","foi_fairiscoreVersions":{"v1":1,"v2":1},"foi_files":[{"dc_format":"application/pdf","dc_identifier":"nl.gm1954.2c.2020.2830674-8.doc.3","dc_source":"https://api1.ibabs.eu/publicdownload.aspx?site=Beekdaelen&id=4a26fdba-8f85-4cd5-92af-f6c528f0be15","dc_title":"Bijlage 0 De 10 uitgangspunten uit de moties van Onderbanken en Schinnen eind 2018","dc_type":"bijlage","foi_fairiscoreVersions":{"v1":1,"v2":1},"foi_fileName":"Bijlage%200%20De%2010%20uitgangspunten%20uit%20de%20moties%20van%20Onderbanken%20en%20Schinnen%20eind%202018.pdf","foi_nrPages":1},{"dc_format":"application/pdf","dc_identifier":"nl.gm1954.2c.2020.2830674-8.doc.4","dc_source":"https://api1.ibabs.eu/publicdownload.aspx?site=Beekdaelen&id=fd55cfb5-477e-4e71-ba86-b18fc5451673","dc_title":"Bijlage 1 De 10 uitgangspunten uit het oude HEVO Rapport van eind 2017","dc_type":"bijlage","foi_fairiscoreVersions":{"v1":1,"v2":1},"foi_fileName":"Bijlage%201%20De%2010%20uitgangspunten%20uit%20het%20oude%20HEVO%20Rapport%20van%20eind%202017.pdf","foi_nrPages":1},{"dc_format":"application/pdf","dc_identifier":"nl.gm1954.2c.2020.2830674-8.doc.5","dc_source":"https://api1.ibabs.eu/publicdownload.aspx?site=Beekdaelen&id=c55fe102-720d-4620-a7b0-18fcf1e1b84d","dc_title":"Bijlage 2 Kaart Zoekgebied Huisvesting Beekdaelen","dc_type":"bijlage","foi_fairiscoreVersions":{"v1":1,"v2":1},"foi_fileName":"Bijlage%202%20Kaart%20Zoekgebied%20Huisvesting%20Beekdaelen.pdf","foi_nrPages":1},{"dc_format":"application/pdf","dc_identifier":"nl.gm1954.2c.2020.2830674-8.doc.7","dc_source":"https://api1.ibabs.eu/publicdownload.aspx?site=Beekdaelen&id=a18db425-3739-439e-9265-f8c1562d158d","dc_title":"MvA vragen BL  - agendapunt B5 Huisvesting - cie 17 juni 2020","dc_type":"bijlage","foi_fairiscoreVersions":{"v1":1,"v2":1},"foi_fileName":"MvA%20vragen%20BL%20%20-%20agendapunt%20B5%20Huisvesting%20-%20cie%2017%20juni%202020.pdf","foi_nrPages":2},{"dc_format":"application/pdf","dc_identifier":"nl.gm1954.2c.2020.2830674-8.doc.6","dc_source":"https://api1.ibabs.eu/publicdownload.aspx?site=Beekdaelen&id=e1fcb042-b971-4e54-abf4-0a1d2f02e011","dc_title":"MvA vragen VG - agendapunt B5 Huisvesting - cie 17 juni 2020","dc_type":"bijlage","foi_fairiscoreVersions":{"v1":1,"v2":1},"foi_fileName":"MvA%20vragen%20VG%20-%20agendapunt%20B5%20Huisvesting%20-%20cie%2017%20juni%202020.pdf","foi_nrPages":3},{"dc_format":"application/pdf","dc_identifier":"nl.gm1954.2c.2020.2830674-8.doc.2","dc_source":"https://api1.ibabs.eu/publicdownload.aspx?site=Beekdaelen&id=6982d377-2c71-4657-b9a1-5168cd103c1a","dc_title":"RB inzake gemeentelijke huisvesting Beekdaelen","dc_type":"bijlage","foi_fairiscoreVersions":{"v1":1,"v2":1},"foi_fileName":"Raadsbesluit%20Huisvesting%20Beekdaelen.pdf","foi_nrPages":1},{"dc_format":"application/pdf","dc_identifier":"nl.gm1954.2c.2020.2830674-8.doc.1","dc_source":"https://api1.ibabs.eu/publicdownload.aspx?site=Beekdaelen&id=31713dc8-206c-41cf-9f98-61640f53c193","dc_title":"Raadsvoorstel inzake gemeentelijke huisvesting Beekdaelen","dc_type":"bijlage","foi_fairiscoreVersions":{"v1":1,"v2":1},"foi_fileName":"RV%20inzake%20gemeentelijke%20huisvesting%20Beekdaelen%20versie%2027%20mei%202020%20-%20met%20pag.%20nrs..pdf","foi_nrPages":4}],"foi_nrDocuments":7,"foi_nrPagesInDossier":13,"foi_publishedDate":"2020-06-17","foi_retrievedDate":"2026-03-01"},{"dc_creator":"HandelingScraper_v1","dc_date_year":2020,"dc_description":"Vergadering van de Gemeente Beekdaelen op 2020-06-17. Onderdeel: Voorstel inzake eerste bestuursrapportage 2020 gemeente Beekdaelen.","dc_identifier":"nl.gm1954.2c.2020.2830674-9","dc_publisher":"gm1954","dc_source":"https://beekdaelen.bestuurlijkeinformatie.nl/Agenda/Index/6901c45a-1384-40b2-8f98-0502c05f3b61","dc_title":"Commissie Sociaal & BV (t/m april 2022) 2020-06-17 - Voorstel inzake eerste bestuursrapportage 2020 gemeente Beekdaelen","dc_type":"2c","dc_type_description":"Vergaderstuk decentrale overheid","foi_fairiscoreVersions":{"v1":2,"v2":2},"foi_files":[{"dc_format":"application/pdf","dc_identifier":"nl.gm1954.2c.2020.2830674-9.doc.4","dc_source":"https://api1.ibabs.eu/publicdownload.aspx?site=Beekdaelen&id=9b357254-3fb1-41b9-b8d5-a01cf637363d","dc_title":"Begrotingswijziging 4 eerste bestuursrapportage 2020","dc_type":"bijlage","foi_fairiscoreVersions":{"v1":1,"v2":1},"foi_fileName":"Begrotingswijziging%204%20eerste%20bestuursrapportage%202020.pdf","foi_nrPages":1},{"dc_format":"application/pdf","dc_identifier":"nl.gm1954.2c.2020.2830674-9.doc.3","dc_source":"https://api1.ibabs.eu/publicdownload.aspx?site=Beekdaelen&id=637f8961-afaa-4e7a-8f31-df1ebb978c10","dc_title":"Eerste burap 2020","dc_type":"bijlage","foi_fairiscoreVersions":{"v1":2,"v2":2},"foi_fileName":"Eerste%20burap%202020.pdf","foi_nrPages":78},{"dc_format":"application/pdf","dc_identifier":"nl.gm1954.2c.2020.2830674-9.doc.2","dc_source":"https://api1.ibabs.eu/publicdownload.aspx?site=Beekdaelen&id=80d1e01b-a1ec-4f20-a492-4fe2953b4740","dc_title":"Raadsbesluit eerste burap 2020","dc_type":"bijlage","foi_fairiscoreVersions":{"v1":1,"v2":1},"foi_fileName":"Raadsbesluit%20eerste%20burap%202020.pdf","foi_nrPages":1},{"dc_format":"application/pdf","dc_identifier":"nl.gm1954.2c.2020.2830674-9.doc.1","dc_source":"https://api1.ibabs.eu/publicdownload.aspx?site=Beekdaelen&id=42845d04-8bcd-4d83-ba8f-623a28e0468e","dc_title":"Raadsvoorstel 1e burap 2020","dc_type":"bijlage","foi_fairiscoreVersions":{"v1":1,"v2":1},"foi_fileName":"Raadsvoorstel%201e%20burap%202020.pdf","foi_nrPages":3}],"foi_nrDocuments":4,"foi_nrPagesInDossier":83,"foi_publishedDate":"2020-06-17","foi_retrievedDate":"2026-03-01"},{"dc_creator":"HandelingScraper_v1","dc_date_year":2020,"dc_description":"Vergadering van de Gemeente Beekdaelen op 2020-06-18. Onderdeel: Algemeen.","dc_identifier":"nl.gm1954.2c.2020.2830737-1","dc_publisher":"gm1954","dc_source":"https://beekdaelen.bestuurlijkeinformatie.nl/Agenda/Index/2810ba9e-16fb-4eef-b8e4-412f97c11cdb","dc_title":"Commissie Ruimte (t/m april 2022) 2020-06-18 - Algemeen","dc_type":"2c","dc_type_description":"Vergaderstuk decentrale overheid","foi_fairiscoreVersions":{"v1":1,"v2":1},"foi_files":[{"dc_format":"application/pdf","dc_identifier":"nl.gm1954.2c.2020.2830737-1.doc.4","dc_source":"https://api1.ibabs.eu/publicdownload.aspx?site=Beekdaelen&id=3fab7419-2451-4bee-980f-7a7685c80860","dc_title":"Technische vragen BL commissie ruimte","dc_type":"bijlage","foi_fairiscoreVersions":{"v1":1,"v2":1},"foi_fileName":"200618%20Technische%20vragen%20commissie%20ruimte.pdf","foi_nrPages":2},{"dc_format":"application/pdf","dc_identifier":"nl.gm1954.2c.2020.2830737-1.doc.5","dc_source":"https://api1.ibabs.eu/publicdownload.aspx?site=Beekdaelen&id=67e353f9-33ca-4626-af26-0c8b5fc6e986","dc_title":"MvA vragen Vernieuwingsgroep A algemeen","dc_type":"bijlage","foi_fairiscoreVersions":{"v1":1,"v2":1},"foi_fileName":"Format%20MvA%20Vernieuwingsgroep%20A%20algemeen.pdf","foi_nrPages":1},{"dc_format":"application/pdf","dc_identifier":"nl.gm1954.2c.2020.2830737-1.doc.1","dc_source":"https://api1.ibabs.eu/publicdownload.aspx?site=Beekdaelen&id=391bb59b-b679-427e-83eb-68cbf8f8e541","dc_title":"Technische vragen CDA commissie 16-17-18 juni 2020","dc_type":"bijlage","foi_fairiscoreVersions":{"v1":1,"v2":1},"foi_fileName":"Technische%20vragen%20CDA%20commissie%2016-17-18%20%20juni%202020.pdf","foi_nrPages":4},{"dc_format":"application/pdf","dc_identifier":"nl.gm1954.2c.2020.2830737-1.doc.3","dc_source":"https://api1.ibabs.eu/publicdownload.aspx?site=Beekdaelen&id=7f0a3caa-b968-4958-9dd1-3daa5b9c9181","dc_title":"Technische vragen GL commissie 16-17-18 juni 2020","dc_type":"bijlage","foi_fairiscoreVersions":{"v1":1,"v2":1},"foi_fileName":"Technische%20vragen%20GL%20commissie%2016-17-18%20juni%202020.pdf","foi_nrPages":2},{"dc_format":"application/pdf","dc_identifier":"nl.gm1954.2c.2020.2830737-1.doc.2","dc_source":"https://api1.ibabs.eu/publicdownload.aspx?site=Beekdaelen&id=053dd584-3192-4b74-be46-10267f42491a","dc_title":"Technische vragen VG commissie 16-17-18  juni 2020","dc_type":"bijlage","foi_fairiscoreVersions":{"v1":1,"v2":1},"foi_fileName":"Technische%20vragen%20VG%20commissie%2016-17-18%20%20juni%202020.pdf","foi_nrPages":11}],"foi_nrDocuments":5,"foi_nrPagesInDossier":20,"foi_publishedDate":"2020-06-18","foi_retrievedDate":"2026-03-01"},{"dc_creator":"HandelingScraper_v1","dc_date_year":2020,"dc_description":"Vergadering van de Gemeente Beekdaelen op 2020-06-18. Onderdeel: Voorstel inzake vaststellen Duurzaamheidsvisie gemeente Beekdaelen.","dc_identifier":"nl.gm1954.2c.2020.2830737-10","dc_publisher":"gm1954","dc_source":"https://beekdaelen.bestuurlijkeinformatie.nl/Agenda/Index/2810ba9e-16fb-4eef-b8e4-412f97c11cdb","dc_title":"Commissie Ruimte (t/m april 2022) 2020-06-18 - Voorstel inzake vaststellen Duurzaamheidsvisie gemeente Beekdaelen","dc_type":"2c","dc_type_description":"Vergaderstuk decentrale overheid","foi_fairiscoreVersions":{"v1":2,"v2":2},"foi_files":[{"dc_format":"application/pdf","dc_identifier":"nl.gm1954.2c.2020.2830737-10.doc.4","dc_source":"https://api1.ibabs.eu/publicdownload.aspx?site=Beekdaelen&id=084cb9c2-becb-4990-b9b5-3ca0dce3252b","dc_title":"Memorie van antwoorden technische vragen Duurzaamheid","dc_type":"bijlage","foi_fairiscoreVersions":{"v1":1,"v2":1},"foi_fileName":"Memorie%20van%20antwoorden%20technische%20vragen%20Duurzaamheid.pdf","foi_nrPages":5},{"dc_format":"application/pdf","dc_identifier":"nl.gm1954.2c.2020.2830737-10.doc.2","dc_source":"https://api1.ibabs.eu/publicdownload.aspx?site=Beekdaelen&id=bf8b0582-3e5c-4655-a05b-7db1f94db1a3","dc_title":"Raadsbesluit Duurzaamheidsvisie","dc_type":"bijlage","foi_fairiscoreVersions":{"v1":1,"v2":1},"foi_fileName":"Z%2F20%2F141859%20-%20230624%20-%20Raadsbesluit%20Duurzaamheidsvisie.pdf","foi_nrPages":1},{"dc_format":"application/pdf","dc_identifier":"nl.gm1954.2c.2020.2830737-10.doc.1","dc_source":"https://api1.ibabs.eu/publicdownload.aspx?site=Beekdaelen&id=522b2544-ac60-4cf2-a62b-3941bab1052e","dc_title":"Raadsvoorstel Duurzaamheidsvisie","dc_type":"bijlage","foi_fairiscoreVersions":{"v1":1,"v2":1},"foi_fileName":"Z%2F20%2F141859%20-%20230626%20-%20Raadsvoorstel%20Duurzaamheidsvisie.pdf","foi_nrPages":3},{"dc_format":"application/pdf","dc_identifier":"nl.gm1954.2c.2020.2830737-10.doc.3","dc_source":"https://api1.ibabs.eu/publicdownload.aspx?site=Beekdaelen&id=ee878202-fcd6-473c-bfd7-49ff749bf7a2","dc_title":"Duurzaamheidsvisie Beekdaelen - Beekdaelers samen aan zet !","dc_type":"bijlage","foi_fairiscoreVersions":{"v1":2,"v2":2},"foi_fileName":"Z%2F20%2F141859%20-%20230886%20-%20Duurzaamheidsvisie%20Beekdaelen%20-%20Beekdaelers%20samen%20aan%20zet%20%21.pdf","foi_nrPages":34}],"foi_nrDocuments":4,"foi_nrPagesInDossier":43,"foi_publishedDate":"2020-06-18","foi_retrievedDate":"2025-12-03"},{"dc_creator":"HandelingScraper_v1","dc_date_year":2020,"dc_description":"Vergadering van de Gemeente Beekdaelen op 2020-06-18. Onderdeel: Voorstel inzake vaststellen Verordening Stimuleringslening duurzaamheidsprojecten, voteren krediet ad 1.000.000 euro voor verstrekken geldleningen en onderzoeken oprichten Zuid-Limburgs Duurzaamheidsfonds.","dc_identifier":"nl.gm1954.2c.2020.2830737-11","dc_publisher":"gm1954","dc_source":"https://beekdaelen.bestuurlijkeinformatie.nl/Agenda/Index/2810ba9e-16fb-4eef-b8e4-412f97c11cdb","dc_title":"Commissie Ruimte (t/m april 2022) 2020-06-18 - Voorstel inzake vaststellen Verordening Stimuleringslening duurzaamheidsprojecten, voteren krediet ad 1.000.000 euro voor verstrekken geldleningen en onderzoeken oprichten Zuid-Limburgs Duurzaamheidsfonds","dc_type":"2c","dc_type_description":"Vergaderstuk decentrale overheid","foi_fairiscoreVersions":{"v1":2,"v2":1},"foi_files":[{"dc_format":"application/pdf","dc_identifier":"nl.gm1954.2c.2020.2830737-11.doc.8","dc_source":"https://api1.ibabs.eu/publicdownload.aspx?site=Beekdaelen&id=320b37c4-0712-421c-8389-62b5b943289d","dc_title":"Memorie van antwoorden technische vragen Duurzaamheid","dc_type":"bijlage","foi_fairiscoreVersions":{"v1":1,"v2":1},"foi_fileName":"Memorie%20van%20antwoorden%20technische%20vragen%20Duurzaamheid.pdf","foi_nrPages":5},{"dc_format":"application/pdf","dc_identifier":"nl.gm1954.2c.2020.2830737-11.doc.5","dc_source":"https://api1.ibabs.eu/publicdownload.aspx?site=Beekdaelen&id=b0deeeaa-1753-4704-9be6-281dbc324e81","dc_title":"Bijlage 3: \"Verordening Stimuleringslening duurzaamheidsprojecten\u201d","dc_type":"bijlage","foi_fairiscoreVersions":{"v1":2,"v2":1},"foi_fileName":"Z%2F19%2F131070%20-%20201791%20-%20Verordening%20Duurzaamheidsfonds%20Beekdaelen.pdf","foi_nrPages":6},{"dc_format":"application/pdf","dc_identifier":"nl.gm1954.2c.2020.2830737-11.doc.1","dc_source":"https://api1.ibabs.eu/publicdownload.aspx?site=Beekdaelen&id=3e53cd09-afdd-4cae-a894-113566d858a2","dc_title":"Raadsvoorstel Duurzaamheidsfonds Beekdaelen - Stimuleringslening duurzaamheidsprojecten","dc_type":"bijlage","foi_fairiscoreVersions":{"v1":1,"v2":1},"foi_fileName":"Z%2F19%2F131070%20-%20201807%20-%20Raadsvoorstel%20Duurzaamheidsfonds%20Beekdaelen.pdf","foi_nrPages":6},{"dc_format":"application/pdf","dc_identifier":"nl.gm1954.2c.2020.2830737-11.doc.7","dc_source":"https://api1.ibabs.eu/publicdownload.aspx?site=Beekdaelen&id=7563a8ca-99ee-4f8d-a1b3-0e6601a841da","dc_title":"Bijlage 5: Marktconsultatie financieringsmodellen","dc_type":"bijlage","foi_fairiscoreVersions":{"v1":1,"v2":1},"foi_fileName":"Z%2F19%2F131070%20-%20230830%20-%20Marktconsultatie.pdf","foi_nrPages":1},{"dc_format":"application/pdf","dc_identifier":"nl.gm1954.2c.2020.2830737-11.doc.2","dc_source":"https://api1.ibabs.eu/publicdownload.aspx?site=Beekdaelen&id=231ff0be-57c0-41e0-a018-5eda8a14eab5","dc_title":"Raadsbesluit: \"Verordening Stimuleringslening duurzaamheidsprojecten\"","dc_type":"bijlage","foi_fairiscoreVersions":{"v1":1,"v2":1},"foi_fileName":"Z%2F19%2F131070%20-%20230841%20-%20Raadsbesluit%3A%20Verordening%20%26quot%3BStimuleringsplening%20Duurzaamheidsprojecten%26quot%3B.pdf","foi_nrPages":1},{"dc_format":"application/pdf","dc_identifier":"nl.gm1954.2c.2020.2830737-11.doc.6","dc_source":"https://api1.ibabs.eu/publicdownload.aspx?site=Beekdaelen&id=7f46e02f-81ea-4006-9c4f-7258ace6d084","dc_title":"Bijlage 4: Begrotingswijziging nummer 5","dc_type":"bijlage","foi_fairiscoreVersions":{"v1":1,"v2":1},"foi_fileName":"Z%2F19%2F131070%20-%20231193%20-%20Begrotingswijziging%20nummer%205.pdf","foi_nrPages":1},{"dc_format":"application/pdf","dc_identifier":"nl.gm1954.2c.2020.2830737-11.doc.3","dc_source":"https://api1.ibabs.eu/publicdownload.aspx?site=Beekdaelen&id=89738ebf-91bf-4d0a-88c1-399ab307c5ec","dc_title":"Bijlage 1: Amendement: Instellen duurzaamheidsfonds, d.d. 2 juli 2019","dc_type":"bijlage","foi_fairiscoreVersions":{"v1":1,"v2":1},"foi_fileName":"Z%2F19%2F136006%20-%20213222.pdf","foi_nrPages":2},{"dc_format":"application/pdf","dc_identifier":"nl.gm1954.2c.2020.2830737-11.doc.4","dc_source":"https://api1.ibabs.eu/publicdownload.aspx?site=Beekdaelen&id=7d05f4f0-4a3a-49d0-8101-3cf34bd55b18","dc_title":"Bijlage 2: Motie: Instellen duurzaamheidsfonds, d.d. 5 november 2019","dc_type":"bijlage","foi_fairiscoreVersions":{"v1":1,"v2":1},"foi_fileName":"Z%2F19%2F136006%20-%20213222.pdf","foi_nrPages":2}],"foi_nrDocuments":8,"foi_nrPagesInDossier":24,"foi_publishedDate":"2020-06-18","foi_retrievedDate":"2026-04-10"},{"dc_creator":"HandelingScraper_v1","dc_date_year":2020,"dc_description":"Vergadering van de Gemeente Beekdaelen op 2020-06-18. Onderdeel: Rondvraag Vernieuwingsgroep: Van 29 mei t/m 9 juli 2020 kunnen zienswijzen worden ingediend over de ontwerp-luchtvaartnota van het kabinet (2020-2050), waarin o.a. de toekomst van MAA aan de orde komt. De VG gaat ervan uit dat de opvattingen van de raad, o.a. tot uitdrukking gekomen in een motie, daarbij leidend zijn..","dc_identifier":"nl.gm1954.2c.2020.2830737-12","dc_publisher":"gm1954","dc_source":"https://beekdaelen.bestuurlijkeinformatie.nl/Agenda/Index/2810ba9e-16fb-4eef-b8e4-412f97c11cdb","dc_title":"Commissie Ruimte (t/m april 2022) 2020-06-18 - Rondvraag Vernieuwingsgroep: Van 29 mei t/m 9 juli 2020 kunnen zienswijzen worden ingediend over de ontwerp-luchtvaartnota van het kabinet (2020-2050), waarin o.a. de toekomst van MAA aan de orde komt. De VG gaat ervan uit dat de opvattingen van de raad, o.a. tot uitdrukking gekomen in een motie, daarbij leidend zijn.","dc_type":"2c","dc_type_description":"Vergaderstuk decentrale overheid","foi_fairiscoreVersions":{"v1":5,"v2":5},"foi_files":[{"dc_format":"application/pdf","dc_identifier":"nl.gm1954.2c.2020.2830737-12.doc.1","dc_source":"https://api1.ibabs.eu/publicdownload.aspx?site=Beekdaelen&id=1fe1e8fe-9a43-4a8e-b8b9-578e1ff82f0d","dc_title":"motie MAA.pdf","dc_type":"bijlage","foi_fairiscoreVersions":{"v1":5,"v2":5},"foi_fileName":"motie%20MAA.pdf","foi_nrPages":2}],"foi_nrDocuments":1,"foi_nrPagesInDossier":2,"foi_publishedDate":"2020-06-18","foi_retrievedDate":"2026-03-02"},{"dc_creator":"HandelingScraper_v1","dc_date_year":2020,"dc_description":"Vergadering van de Gemeente Beekdaelen op 2020-06-18. Onderdeel: Opening, mededelingen voorzitter en vaststellen agenda.","dc_identifier":"nl.gm1954.2c.2020.2830737-2","dc_publisher":"gm1954","dc_source":"https://beekdaelen.bestuurlijkeinformatie.nl/Agenda/Index/2810ba9e-16fb-4eef-b8e4-412f97c11cdb","dc_title":"Commissie Ruimte (t/m april 2022) 2020-06-18 - Opening, mededelingen voorzitter en vaststellen agenda","dc_type":"2c","dc_type_description":"Vergaderstuk decentrale overheid","foi_fairiscoreVersions":{"v1":1,"v2":1},"foi_files":[{"dc_format":"application/pdf","dc_identifier":"nl.gm1954.2c.2020.2830737-2.doc.1","dc_source":"https://api1.ibabs.eu/publicdownload.aspx?site=Beekdaelen&id=f6ac08e7-3525-429f-a9dc-4f5468bff3b9","dc_title":"Vastgestelde agenda cie. Ruimte 18062020","dc_type":"bijlage","foi_fairiscoreVersions":{"v1":1,"v2":1},"foi_fileName":"Vastgestelde%20agenda%20raadscommissie%20Ruimte%2018062020%20-%20250243.pdf","foi_nrPages":1}],"foi_nrDocuments":1,"foi_nrPagesInDossier":1,"foi_publishedDate":"2020-06-18","foi_retrievedDate":"2026-01-23"},{"dc_creator":"HandelingScraper_v1","dc_date_year":2020,"dc_description":"Vergadering van de Gemeente Beekdaelen op 2020-06-18. Onderdeel: Vaststellen actiepuntenlijst van de cie Ruimte d.d. 30 april 2020.","dc_identifier":"nl.gm1954.2c.2020.2830737-3","dc_publisher":"gm1954","dc_source":"https://beekdaelen.bestuurlijkeinformatie.nl/Agenda/Index/2810ba9e-16fb-4eef-b8e4-412f97c11cdb","dc_title":"Commissie Ruimte (t/m april 2022) 2020-06-18 - Vaststellen actiepuntenlijst van de cie Ruimte d.d. 30 april 2020","dc_type":"2c","dc_type_description":"Vergaderstuk decentrale overheid","foi_fairiscoreVersions":{"v1":1,"v2":1},"foi_files":[{"dc_format":"application/pdf","dc_identifier":"nl.gm1954.2c.2020.2830737-3.doc.1","dc_source":"https://api1.ibabs.eu/publicdownload.aspx?site=Beekdaelen&id=920ed403-2a00-49aa-ad18-f52d7dc9bb54","dc_title":"Actiepuntenlijst cie Ruimte 30 april 2020.docx","dc_type":"bijlage","foi_fairiscoreVersions":{"v1":1,"v2":1},"foi_fileName":"Actiepuntenlijst%20cie%20Ruimte%2030%20april%202020.pdf","foi_nrPages":4}],"foi_nrDocuments":1,"foi_nrPagesInDossier":4,"foi_publishedDate":"2020-06-18","foi_retrievedDate":"2026-01-23"},{"dc_creator":"HandelingScraper_v1","dc_date_year":2020,"dc_description":"Vergadering van de Gemeente Beekdaelen op 2020-06-18. Onderdeel: Vaststellen lijst van toezeggingen van de commissie Ruimte.","dc_identifier":"nl.gm1954.2c.2020.2830737-4","dc_publisher":"gm1954","dc_source":"https://beekdaelen.bestuurlijkeinformatie.nl/Agenda/Index/2810ba9e-16fb-4eef-b8e4-412f97c11cdb","dc_title":"Commissie Ruimte (t/m april 2022) 2020-06-18 - Vaststellen lijst van toezeggingen van de commissie Ruimte","dc_type":"2c","dc_type_description":"Vergaderstuk decentrale overheid","foi_fairiscoreVersions":{"v1":1,"v2":1},"foi_files":[{"dc_format":"application/pdf","dc_identifier":"nl.gm1954.2c.2020.2830737-4.doc.1","dc_source":"https://api1.ibabs.eu/publicdownload.aspx?site=Beekdaelen&id=d0977db0-ac52-470b-9bf2-467db814372b","dc_title":"Totaallijst Toezeggingen dd 29052020 ter vaststelling in cie Ruimte op 18062020","dc_type":"bijlage","foi_fairiscoreVersions":{"v1":1,"v2":1},"foi_fileName":"Totaallijst%20Toezeggingen%20dd%2029052020%20ter%20vaststelling%20in%20cie%20Ruimte%20op%2018062020.pdf","foi_nrPages":5}],"foi_nrDocuments":1,"foi_nrPagesInDossier":5,"foi_publishedDate":"2020-06-18","foi_retrievedDate":"2026-03-01"},{"dc_creator":"HandelingScraper_v1","dc_date_year":2020,"dc_description":"Vergadering van de Gemeente Beekdaelen op 2020-06-18. Onderdeel: Brief inzake bezwaar tegen weigering Omgevingsvergunning zorgboerderij Bronsgroener-Hof.","dc_identifier":"nl.gm1954.2c.2020.2830737-5","dc_publisher":"gm1954","dc_source":"https://beekdaelen.bestuurlijkeinformatie.nl/Agenda/Index/2810ba9e-16fb-4eef-b8e4-412f97c11cdb","dc_title":"Commissie Ruimte (t/m april 2022) 2020-06-18 - Brief inzake bezwaar tegen weigering Omgevingsvergunning zorgboerderij Bronsgroener-Hof","dc_type":"2c","dc_type_description":"Vergaderstuk decentrale overheid","foi_fairiscoreVersions":{"v1":2,"v2":2},"foi_files":[{"dc_format":"application/pdf","dc_identifier":"nl.gm1954.2c.2020.2830737-5.doc.2","dc_source":"https://api1.ibabs.eu/publicdownload.aspx?site=Beekdaelen&id=9748bce8-90a0-41f3-a0c7-f1408138fef3","dc_title":"agenderingsverzoek bronsgroener hof","dc_type":"bijlage","foi_fairiscoreVersions":{"v1":1,"v2":1},"foi_fileName":"agenderingsverzoek%20bronsgroener%20hof.pdf","foi_nrPages":1},{"dc_format":"application/pdf","dc_identifier":"nl.gm1954.2c.2020.2830737-5.doc.1","dc_source":"https://api1.ibabs.eu/publicdownload.aspx?site=Beekdaelen&id=7909fa3b-03dc-479f-91ef-ffff771de6b9","dc_title":"Bezwaarschrift weigering Omgevingsvergunning Bronsgroener-Hof AVG","dc_type":"bijlage","foi_fairiscoreVersions":{"v1":2,"v2":2},"foi_fileName":"Bezwaarschrift%20geannonimiseerd.pdf","foi_nrPages":9},{"dc_format":"application/pdf","dc_identifier":"nl.gm1954.2c.2020.2830737-5.doc.4","dc_source":"https://api1.ibabs.eu/publicdownload.aspx?site=Beekdaelen&id=a5145374-20ef-4dbd-808e-c12ef51600b5","dc_title":"brief weigering omgevingsvergunning Bronsgroener-Hof.pdf","dc_type":"bijlage","foi_fairiscoreVersions":{"v1":5,"v2":5},"foi_fileName":"brief%20weigering%20omgevingsvergunning%20Bronsgroener-Hof.pdf","foi_nrPages":3},{"dc_format":"application/pdf","dc_identifier":"nl.gm1954.2c.2020.2830737-5.doc.5","dc_source":"https://api1.ibabs.eu/publicdownload.aspx?site=Beekdaelen&id=afa4a350-0afd-4721-baac-c20d3dee788b","dc_title":"Memorie van Antwoord technische vragen Omgevingsvergunning Zorgboerderij BL.doc","dc_type":"bijlage","foi_fairiscoreVersions":{"v1":1,"v2":1},"foi_fileName":"Memorie%20van%20Antwoord%20technische%20vragen%20Omgevingsvergunning%20Zorgboerderij%20BL.pdf","foi_nrPages":2},{"dc_format":"application/pdf","dc_identifier":"nl.gm1954.2c.2020.2830737-5.doc.3","dc_source":"https://api1.ibabs.eu/publicdownload.aspx?site=Beekdaelen&id=d5379e9d-c4b4-497f-aec0-cc068519cb64","dc_title":"Memorie van antwoorden technische vragen Omgevingsvergunning Bronsgroener-Hof","dc_type":"bijlage","foi_fairiscoreVersions":{"v1":1,"v2":1},"foi_fileName":"Memorie%20van%20antwoorden%20technische%20vragen%20Omgevingsvergunning%20Bronsgroener-Hof.pdf","foi_nrPages":7}],"foi_nrDocuments":5,"foi_nrPagesInDossier":22,"foi_publishedDate":"2020-06-18","foi_retrievedDate":"2026-02-12"},{"dc_creator":"HandelingScraper_v1","dc_date_year":2020,"dc_description":"Vergadering van de Gemeente Beekdaelen op 2020-06-18. Onderdeel: Voorstel inzake ontwerpbegroting 2021 en jaarrekening 2019 van de GR Rd4.","dc_identifier":"nl.gm1954.2c.2020.2830737-6","dc_publisher":"gm1954","dc_source":"https://beekdaelen.bestuurlijkeinformatie.nl/Agenda/Index/2810ba9e-16fb-4eef-b8e4-412f97c11cdb","dc_title":"Commissie Ruimte (t/m april 2022) 2020-06-18 - Voorstel inzake ontwerpbegroting 2021 en jaarrekening 2019 van de GR Rd4","dc_type":"2c","dc_type_description":"Vergaderstuk decentrale overheid","foi_fairiscoreVersions":{"v1":3,"v2":3},"foi_files":[{"dc_format":"application/pdf","dc_identifier":"nl.gm1954.2c.2020.2830737-6.doc.6","dc_source":"https://api1.ibabs.eu/publicdownload.aspx?site=Beekdaelen&id=a61f9aa1-7506-49d3-9f62-7e57ba38f625","dc_title":"aanbiedingsbrief Rd4 d.d. 9 april 2020.pdf","dc_type":"bijlage","foi_fairiscoreVersions":{"v1":5,"v2":5},"foi_fileName":"aanbiedingsbrief%20Rd4%20d.d.%209%20april%202020.pdf","foi_nrPages":1},{"dc_format":"application/pdf","dc_identifier":"nl.gm1954.2c.2020.2830737-6.doc.5","dc_source":"https://api1.ibabs.eu/publicdownload.aspx?site=Beekdaelen&id=5611e48d-67ca-40ad-8698-519eee191ccc","dc_title":"Begroting 2021 en meerjarenbegroting 2021 t/m 2024","dc_type":"bijlage","foi_fairiscoreVersions":{"v1":2,"v2":2},"foi_fileName":"Begroting%202021%20en%20meerjarenbegroting%202021%20t%2Fm%202024.pdf","foi_nrPages":26},{"dc_format":"application/pdf","dc_identifier":"nl.gm1954.2c.2020.2830737-6.doc.4","dc_source":"https://api1.ibabs.eu/publicdownload.aspx?site=Beekdaelen&id=ee1f217d-5364-4619-ba83-7e27a2826416","dc_title":"begroting 2021 geconsolideerd","dc_type":"bijlage","foi_fairiscoreVersions":{"v1":2,"v2":2},"foi_fileName":"begroting%202021%20geconsolideerd.pdf","foi_nrPages":48},{"dc_format":"application/pdf","dc_identifier":"nl.gm1954.2c.2020.2830737-6.doc.7","dc_source":"https://api1.ibabs.eu/publicdownload.aspx?site=Beekdaelen&id=c7beae81-245f-45f9-9186-2f7b2669884b","dc_title":"Jaarrekening GR Rd4, geconsolideerd 2019 - vastgesteld AB 09.04.2020","dc_type":"bijlage","foi_fairiscoreVersions":{"v1":5,"v2":5},"foi_fileName":"GR%20-%20Jaarrekening%20GR%20Rd4_%20geconsolideerd%202019%20-%20vastgesteld%20AB%2009.04.2020.pdf","foi_nrPages":39},{"dc_format":"application/pdf","dc_identifier":"nl.gm1954.2c.2020.2830737-6.doc.8","dc_source":"https://api1.ibabs.eu/publicdownload.aspx?site=Beekdaelen&id=05211d2c-b726-4ba5-9e47-7e64c7c07f43","dc_title":"Memorie van Antwoord technische vragen GR Rd4 VG","dc_type":"bijlage","foi_fairiscoreVersions":{"v1":1,"v2":1},"foi_fileName":"Memorie%20van%20Antwoord%20technische%20vragen%20GR%20Rd4%20VG.pdf","foi_nrPages":2},{"dc_format":"application/pdf","dc_identifier":"nl.gm1954.2c.2020.2830737-6.doc.1","dc_source":"https://api1.ibabs.eu/publicdownload.aspx?site=Beekdaelen&id=d7bf1525-2379-443f-8fa3-2484b6a9b63f","dc_title":"Raadsvoorstel financi\u00eble jaarstukken (ontwerpbegroting 2021/jaarrekening 2019) van de GR Rd4.","dc_type":"bijlage","foi_fairiscoreVersions":{"v1":1,"v2":1},"foi_fileName":"Z%2F20%2F141869%20-%20228629%20-%20financi%26%23235%3Ble%20jaarstukken%20%28ontwerpbegroting%202021%2Fjaarrekening%202019%29%20van%20de%20GR%20Rd4.pdf","foi_nrPages":3},{"dc_format":"application/pdf","dc_identifier":"nl.gm1954.2c.2020.2830737-6.doc.2","dc_source":"https://api1.ibabs.eu/publicdownload.aspx?site=Beekdaelen&id=0409a4cd-e7a9-4620-a44f-bf7f47c45319","dc_title":"Raadsbesluit financi\u00eble jaarstukken (ontwerpbegroting 2021/jaarrekening 2019) van de GR Rd4.","dc_type":"bijlage","foi_fairiscoreVersions":{"v1":1,"v2":1},"foi_fileName":"Z%2F20%2F141869%20-%20228646%20-%20Financi%26%23235%3Ble%20jaarstukken%20%28ontwerpbegroting%202021%2Fjaarrekening%202019%29%20van%20de%20GR%20Rd4.pdf","foi_nrPages":1},{"dc_format":"application/pdf","dc_identifier":"nl.gm1954.2c.2020.2830737-6.doc.3","dc_source":"https://api1.ibabs.eu/publicdownload.aspx?site=Beekdaelen&id=12fd0bdd-da22-4535-91ff-b446d1326aa0","dc_title":"Uitgaande brief besluitvorming begroting 2021 Rd4","dc_type":"bijlage","foi_fairiscoreVersions":{"v1":1,"v2":1},"foi_fileName":"Z%2F20%2F141869%20-%20229624%20-%20besluitvorming%20begroting%202021%20Rd4.pdf","foi_nrPages":1}],"foi_nrDocuments":8,"foi_nrPagesInDossier":121,"foi_publishedDate":"2020-06-18","foi_retrievedDate":"2026-03-01"},{"dc_creator":"HandelingScraper_v1","dc_date_year":2020,"dc_description":"Vergadering van de Gemeente Beekdaelen op 2020-06-18. Onderdeel: Voorstel inzake vaststellen Verordening startersleningen Beekdaelen 2020-2023.","dc_identifier":"nl.gm1954.2c.2020.2830737-7","dc_publisher":"gm1954","dc_source":"https://beekdaelen.bestuurlijkeinformatie.nl/Agenda/Index/2810ba9e-16fb-4eef-b8e4-412f97c11cdb","dc_title":"Commissie Ruimte (t/m april 2022) 2020-06-18 - Voorstel inzake vaststellen Verordening startersleningen Beekdaelen 2020-2023","dc_type":"2c","dc_type_description":"Vergaderstuk decentrale overheid","foi_fairiscoreVersions":{"v1":1,"v2":1},"foi_files":[{"dc_format":"application/pdf","dc_identifier":"nl.gm1954.2c.2020.2830737-7.doc.4","dc_source":"https://api1.ibabs.eu/publicdownload.aspx?site=Beekdaelen&id=377fe5cd-5daf-441b-9df5-f356619bef6d","dc_title":"Memorie van antwoorden technische vragen Startersleningen","dc_type":"bijlage","foi_fairiscoreVersions":{"v1":1,"v2":1},"foi_fileName":"Memorie%20van%20antwoorden%20technische%20vragen%20Startersleningen.pdf","foi_nrPages":1},{"dc_format":"application/pdf","dc_identifier":"nl.gm1954.2c.2020.2830737-7.doc.1","dc_source":"https://api1.ibabs.eu/publicdownload.aspx?site=Beekdaelen&id=21e54139-06ac-4429-9cd9-86654e1b1825","dc_title":"Raadsvoorstel inzake de Verordening Starterslening Beekdaelen 2020-2023 (ondertekening aangepast)","dc_type":"bijlage","foi_fairiscoreVersions":{"v1":1,"v2":1},"foi_fileName":"raadsvoorstel%20aanpassing%20starterslening%20Beekdaelen.pdf","foi_nrPages":3},{"dc_format":"application/pdf","dc_identifier":"nl.gm1954.2c.2020.2830737-7.doc.2","dc_source":"https://api1.ibabs.eu/publicdownload.aspx?site=Beekdaelen&id=b98f314c-ade5-48b3-bfcb-a439faee8703","dc_title":"Raadsbesluit inzake Verordening Starterslening Beekdaelen 2020-2023","dc_type":"bijlage","foi_fairiscoreVersions":{"v1":1,"v2":1},"foi_fileName":"Z%2F20%2F143056%20-%20230702%20-%20Verordening%20Starterslening%20Beekdaelen%202020-2023.pdf","foi_nrPages":1},{"dc_format":"application/pdf","dc_identifier":"nl.gm1954.2c.2020.2830737-7.doc.3","dc_source":"https://api1.ibabs.eu/publicdownload.aspx?site=Beekdaelen&id=698611cb-c42e-43af-b2ea-251680b3a8c6","dc_title":"Verordening Starterslening Beekdaelen 2020-2023","dc_type":"bijlage","foi_fairiscoreVersions":{"v1":1,"v2":1},"foi_fileName":"Z%2F20%2F143056%20-%20231061%20-%20Verordening%20Starterslening%20Beekdaelen%202020-2023.pdf","foi_nrPages":3}],"foi_nrDocuments":4,"foi_nrPagesInDossier":8,"foi_publishedDate":"2020-06-18","foi_retrievedDate":"2026-03-01"},{"dc_creator":"HandelingScraper_v1","dc_date_year":2020,"dc_description":"Vergadering van de Gemeente Beekdaelen op 2020-06-18. Onderdeel: Voorstel inzake verklaring van geen bedenkingen bouwplan Raadhuisstraat te Merkelbeek.","dc_identifier":"nl.gm1954.2c.2020.2830737-8","dc_publisher":"gm1954","dc_source":"https://beekdaelen.bestuurlijkeinformatie.nl/Agenda/Index/2810ba9e-16fb-4eef-b8e4-412f97c11cdb","dc_title":"Commissie Ruimte (t/m april 2022) 2020-06-18 - Voorstel inzake verklaring van geen bedenkingen bouwplan Raadhuisstraat te Merkelbeek","dc_type":"2c","dc_type_description":"Vergaderstuk decentrale overheid","foi_fairiscoreVersions":{"v1":3,"v2":3},"foi_files":[{"dc_format":"application/pdf","dc_identifier":"nl.gm1954.2c.2020.2830737-8.doc.6","dc_source":"https://api1.ibabs.eu/publicdownload.aspx?site=Beekdaelen&id=2734ad94-fa6b-47d4-ad5f-af1b21cf45e6","dc_title":"Memorie van Antwoord technische vragen VG.doc","dc_type":"bijlage","foi_fairiscoreVersions":{"v1":1,"v2":1},"foi_fileName":"Memorie%20van%20Antwoord%20technische%20vragen%20VG.pdf","foi_nrPages":1},{"dc_format":"application/pdf","dc_identifier":"nl.gm1954.2c.2020.2830737-8.doc.3","dc_source":"https://api1.ibabs.eu/publicdownload.aspx?site=Beekdaelen&id=bef37434-de96-4e97-84e0-d56a406d4492","dc_title":"Ontwerpvergunning woning Raadhuisstraat Merkelbeek AVG","dc_type":"bijlage","foi_fairiscoreVersions":{"v1":5,"v2":5},"foi_fileName":"ontwerpvergunning%20woning%20Raadhuisstraat%20Merkelbeek%20AVG.pdf","foi_nrPages":7},{"dc_format":"application/pdf","dc_identifier":"nl.gm1954.2c.2020.2830737-8.doc.1","dc_source":"https://api1.ibabs.eu/publicdownload.aspx?site=Beekdaelen&id=bb85a1fd-c2e0-451f-b8f7-69ff4238e638","dc_title":"Raadsbesluit inzake definitieve VvGb bouw woning Raadhuisstraat te Merkelbeek vastgesteld 07072020","dc_type":"bijlage","foi_fairiscoreVersions":{"v1":1,"v2":1},"foi_fileName":"raadsbesluit.pdf","foi_nrPages":1},{"dc_format":"application/pdf","dc_identifier":"nl.gm1954.2c.2020.2830737-8.doc.2","dc_source":"https://api1.ibabs.eu/publicdownload.aspx?site=Beekdaelen&id=bb2167d6-6139-478e-88e5-53b09eeccda6","dc_title":"Raadsvoorstel inzake definitieve VvGB bouw woning Raadhuisstraat Merkelbeek AVG","dc_type":"bijlage","foi_fairiscoreVersions":{"v1":5,"v2":5},"foi_fileName":"raadsvoorstel%20def.%20vvgb%20woning%20Raadhuisstraat%20Merkelbeek%20AVG.pdf","foi_nrPages":3},{"dc_format":"application/pdf","dc_identifier":"nl.gm1954.2c.2020.2830737-8.doc.5","dc_source":"https://api1.ibabs.eu/publicdownload.aspx?site=Beekdaelen&id=2b6053ba-a465-4aea-b8e5-d085c91624db","dc_title":"Publicatie staatscourant 2020-10256","dc_type":"bijlage","foi_fairiscoreVersions":{"v1":1,"v2":1},"foi_fileName":"stcrt-2020-10256.pdf","foi_nrPages":1},{"dc_format":"application/pdf","dc_identifier":"nl.gm1954.2c.2020.2830737-8.doc.4","dc_source":"https://api1.ibabs.eu/publicdownload.aspx?site=Beekdaelen&id=53cb2c24-a0dd-4092-b315-c70993a694d4","dc_title":"Zienswijze tegen VvGB AVG","dc_type":"bijlage","foi_fairiscoreVersions":{"v1":5,"v2":5},"foi_fileName":"zienswijze%20tegen%20vvgb%20AVG.pdf","foi_nrPages":3}],"foi_nrDocuments":6,"foi_nrPagesInDossier":16,"foi_publishedDate":"2020-06-18","foi_retrievedDate":"2026-03-01"},{"dc_creator":"HandelingScraper_v1","dc_date_year":2020,"dc_description":"Vergadering van de Gemeente Beekdaelen op 2020-06-18. Onderdeel: Voorstel inzake vaststellen Bestemmingsplan gebiedsontwikkeling Thull.","dc_identifier":"nl.gm1954.2c.2020.2830737-9","dc_publisher":"gm1954","dc_source":"https://beekdaelen.bestuurlijkeinformatie.nl/Agenda/Index/2810ba9e-16fb-4eef-b8e4-412f97c11cdb","dc_title":"Commissie Ruimte (t/m april 2022) 2020-06-18 - Voorstel inzake vaststellen Bestemmingsplan gebiedsontwikkeling Thull","dc_type":"2c","dc_type_description":"Vergaderstuk decentrale overheid","foi_fairiscoreVersions":{"v1":2,"v2":2},"foi_files":[{"dc_format":"application/pdf","dc_identifier":"nl.gm1954.2c.2020.2830737-9.doc.16","dc_source":"https://api1.ibabs.eu/publicdownload.aspx?site=Beekdaelen&id=5cc40846-4c85-4844-bf26-8d717777092e","dc_title":"Memorie van antwoorden technische vragen bestemmingsplan Thull","dc_type":"bijlage","foi_fairiscoreVersions":{"v1":2,"v2":1},"foi_fileName":"Memorie%20van%20antwoorden%20technische%20vragen%20bestemmingsplan%20Thull.pdf","foi_nrPages":12},{"dc_format":"application/pdf","dc_identifier":"nl.gm1954.2c.2020.2830737-9.doc.3","dc_source":"https://api1.ibabs.eu/publicdownload.aspx?site=Beekdaelen&id=0de71b7e-2c37-45f3-9fc3-7139d5b242fc","dc_title":"Ontwerpbestemmingsplan Bijlage 1 toelichting verkennend bodemonderzoek","dc_type":"bijlage","foi_fairiscoreVersions":{"v1":2,"v2":2},"foi_fileName":"Z%2F20%2F138973%20-%20225910.pdf","foi_nrPages":72},{"dc_format":"application/pdf","dc_identifier":"nl.gm1954.2c.2020.2830737-9.doc.5","dc_source":"https://api1.ibabs.eu/publicdownload.aspx?site=Beekdaelen&id=a0383c41-2f89-459b-a314-522e9959b4a3","dc_title":"Ontwerpbestemmingsplan Bijlage 2 toelichting akoestische memo parkeren rondom Alfa","dc_type":"bijlage","foi_fairiscoreVersions":{"v1":2,"v2":3},"foi_fileName":"Z%2F20%2F138973%20-%20225910.pdf","foi_nrPages":15},{"dc_format":"application/pdf","dc_identifier":"nl.gm1954.2c.2020.2830737-9.doc.6","dc_source":"https://api1.ibabs.eu/publicdownload.aspx?site=Beekdaelen&id=01c3326f-46dd-4288-b5e2-7ac6081c4471","dc_title":"Ontwerpbestemmingsplan Bijlage 3 toelichting quickscan flora & fauna","dc_type":"bijlage","foi_fairiscoreVersions":{"v1":2,"v2":2},"foi_fileName":"Z%2F20%2F138973%20-%20225910.pdf","foi_nrPages":50},{"dc_format":"application/pdf","dc_identifier":"nl.gm1954.2c.2020.2830737-9.doc.7","dc_source":"https://api1.ibabs.eu/publicdownload.aspx?site=Beekdaelen&id=c65270ae-b6ef-41a8-9901-d4a442d2c204","dc_title":"Ontwerpbestemmingsplan Bijlage 4 toelichting ontwerptekening parkeerplaats Muldermolen","dc_type":"bijlage","foi_fairiscoreVersions":{"v1":2,"v2":1},"foi_fileName":"Z%2F20%2F138973%20-%20225910.pdf","foi_nrPages":1},{"dc_format":"application/pdf","dc_identifier":"nl.gm1954.2c.2020.2830737-9.doc.8","dc_source":"https://api1.ibabs.eu/publicdownload.aspx?site=Beekdaelen&id=801170d7-a8ec-47e0-9ca1-4243a4582079","dc_title":"Ontwerpbestemmingsplan Bijlage 5 toelichting archeologisch onderzoek","dc_type":"bijlage","foi_fairiscoreVersions":{"v1":2,"v2":1},"foi_fileName":"Z%2F20%2F138973%20-%20225910.pdf","foi_nrPages":52},{"dc_format":"application/pdf","dc_identifier":"nl.gm1954.2c.2020.2830737-9.doc.9","dc_source":"https://api1.ibabs.eu/publicdownload.aspx?site=Beekdaelen&id=f8e25a1b-94a0-43a0-b8d8-0b1b47bc122a","dc_title":"Ontwerpbestemmingsplan Bijlage 6 toelichting RO Thull 15 Schinnen","dc_type":"bijlage","foi_fairiscoreVersions":{"v1":2,"v2":1},"foi_fileName":"Z%2F20%2F138973%20-%20225910.pdf","foi_nrPages":42},{"dc_format":"application/pdf","dc_identifier":"nl.gm1954.2c.2020.2830737-9.doc.10","dc_source":"https://api1.ibabs.eu/publicdownload.aspx?site=Beekdaelen&id=8db0bc3d-8d07-41bc-92b6-3bda36a76a09","dc_title":"Ontwerpbestemmingsplan Toelichting","dc_type":"bijlage","foi_fairiscoreVersions":{"v1":2,"v2":1},"foi_fileName":"Z%2F20%2F138973%20-%20225910.pdf","foi_nrPages":57},{"dc_format":"application/pdf","dc_identifier":"nl.gm1954.2c.2020.2830737-9.doc.11","dc_source":"https://api1.ibabs.eu/publicdownload.aspx?site=Beekdaelen&id=5f0b5566-a4f7-46f8-8f2c-e416c7c38287","dc_title":"Ontwerpbestemmingsplan Verbeelding 1","dc_type":"bijlage","foi_fairiscoreVersions":{"v1":1,"v2":1},"foi_fileName":"Z%2F20%2F138973%20-%20225910.pdf","foi_nrPages":1},{"dc_format":"application/pdf","dc_identifier":"nl.gm1954.2c.2020.2830737-9.doc.12","dc_source":"https://api1.ibabs.eu/publicdownload.aspx?site=Beekdaelen&id=5fa67f60-0edb-4576-b867-e5c030fecf9d","dc_title":"Ontwerpbestemmingsplan Verbeelding 2","dc_type":"bijlage","foi_fairiscoreVersions":{"v1":1,"v2":1},"foi_fileName":"Z%2F20%2F138973%20-%20225910.pdf","foi_nrPages":1},{"dc_format":"application/pdf","dc_identifier":"nl.gm1954.2c.2020.2830737-9.doc.13","dc_source":"https://api1.ibabs.eu/publicdownload.aspx?site=Beekdaelen&id=dbee08f5-5d7d-458a-960f-5d028a726409","dc_title":"Ontwerpbestemmingsplan Regels","dc_type":"bijlage","foi_fairiscoreVersions":{"v1":2,"v2":1},"foi_fileName":"Z%2F20%2F138973%20-%20225910.pdf","foi_nrPages":34},{"dc_format":"application/pdf","dc_identifier":"nl.gm1954.2c.2020.2830737-9.doc.4","dc_source":"https://api1.ibabs.eu/publicdownload.aspx?site=Beekdaelen&id=d4a0faa4-952c-4aa5-9bdf-bbc7fe094ae1","dc_title":"Ontwerpbestemmingsplan Bijlage 1 regels landschappelijk inpassingsplan","dc_type":"bijlage","foi_fairiscoreVersions":{"v1":2,"v2":2},"foi_fileName":"Z%2F20%2F138973%20-%20225910%20-%20Ontwerp%20bestemmingsplan%20Thull.pdf","foi_nrPages":1},{"dc_format":"application/pdf","dc_identifier":"nl.gm1954.2c.2020.2830737-9.doc.1","dc_source":"https://api1.ibabs.eu/publicdownload.aspx?site=Beekdaelen&id=a4680e41-f643-4e69-bb1f-0a1c97fde4cc","dc_title":"Raadsvoorstel Bestemmingsplan Thull","dc_type":"bijlage","foi_fairiscoreVersions":{"v1":1,"v2":1},"foi_fileName":"Z%2F20%2F138973%20-%20228232%20-%20Bestemmingsplan%20Thull.pdf","foi_nrPages":6},{"dc_format":"application/pdf","dc_identifier":"nl.gm1954.2c.2020.2830737-9.doc.2","dc_source":"https://api1.ibabs.eu/publicdownload.aspx?site=Beekdaelen&id=05c86df7-b9a4-4d73-bb84-8fafdee00e7a","dc_title":"Raadsbesluit Bestemmingsplan Thull vastgesteld 07072020","dc_type":"bijlage","foi_fairiscoreVersions":{"v1":1,"v2":1},"foi_fileName":"Z%2F20%2F138973%20-%20228236%20-%20Raadsbesluit%20bestemmingsplan%20Thull.pdf","foi_nrPages":1},{"dc_format":"application/pdf","dc_identifier":"nl.gm1954.2c.2020.2830737-9.doc.15","dc_source":"https://api1.ibabs.eu/publicdownload.aspx?site=Beekdaelen&id=985bc728-7535-4573-b42a-74e702f8fb6c","dc_title":"Nota Zienswijzen bestemmingsplan Thull","dc_type":"bijlage","foi_fairiscoreVersions":{"v1":1,"v2":1},"foi_fileName":"Z%2F20%2F138973%20-%20229790%20-%20Nota%20Zienswijzen%20bestemmingsplan%20Thull.pdf","foi_nrPages":11},{"dc_format":"application/pdf","dc_identifier":"nl.gm1954.2c.2020.2830737-9.doc.14","dc_source":"https://api1.ibabs.eu/publicdownload.aspx?site=Beekdaelen&id=fb8009a0-e8c6-46e6-ae8b-6f0059c066db","dc_title":"Nota ambtshalve wijzigingen","dc_type":"bijlage","foi_fairiscoreVersions":{"v1":1,"v2":1},"foi_fileName":"Z%2F20%2F138973%20-%20230001%20-%20Nota%20ambtshalve%20wijzigingen.pdf","foi_nrPages":1}],"foi_nrDocuments":16,"foi_nrPagesInDossier":357,"foi_publishedDate":"2020-06-18","foi_retrievedDate":"2026-03-04"},{"dc_creator":"HandelingScraper_v1","dc_date_year":2020,"dc_description":"Vergadering van de Gemeente Beekdaelen op 2020-06-23. Onderdeel: Vaststelling agenda vergadering..","dc_identifier":"nl.gm1954.2c.2020.2830811-1","dc_publisher":"gm1954","dc_source":"https://beekdaelen.bestuurlijkeinformatie.nl/Agenda/Index/8455ecf5-21af-4599-84f9-59599a82ecca","dc_title":"BDN Commissie AWACS Limburg 2020-06-23 - Vaststelling agenda vergadering.","dc_type":"2c","dc_type_description":"Vergaderstuk decentrale overheid","foi_fairiscoreVersions":{"v1":5,"v2":5},"foi_files":[{"dc_format":"application/pdf","dc_identifier":"nl.gm1954.2c.2020.2830811-1.doc.1","dc_source":"https://api1.ibabs.eu/publicdownload.aspx?site=Beekdaelen&id=1401d904-195e-46d4-8a97-c99d754654c4","dc_title":"02 Agenda cie AWACS 23 juni 2020 - geanonimiseerd","dc_type":"bijlage","foi_fairiscoreVersions":{"v1":5,"v2":5},"foi_fileName":"02%20Agenda%20cie%20AWACS%2023%20juni%202020%20-%20geanonimiseerd.pdf","foi_nrPages":1}],"foi_nrDocuments":1,"foi_nrPagesInDossier":1,"foi_publishedDate":"2020-06-23","foi_retrievedDate":"2026-03-04"},{"dc_creator":"HandelingScraper_v1","dc_date_year":2020,"dc_description":"Vergadering van de Gemeente Beekdaelen op 2020-06-23. Onderdeel: Brief van inwoner  (CAL-20-015).","dc_identifier":"nl.gm1954.2c.2020.2830811-10","dc_publisher":"gm1954","dc_source":"https://beekdaelen.bestuurlijkeinformatie.nl/Agenda/Index/8455ecf5-21af-4599-84f9-59599a82ecca","dc_title":"BDN Commissie AWACS Limburg 2020-06-23 - Brief van inwoner  (CAL-20-015)","dc_type":"2c","dc_type_description":"Vergaderstuk decentrale overheid","foi_fairiscoreVersions":{"v1":null,"v2":null},"foi_files":[{"dc_format":"application/pdf","dc_identifier":"nl.gm1954.2c.2020.2830811-10.doc.1","dc_source":"https://api1.ibabs.eu/publicdownload.aspx?site=Beekdaelen&id=801ac094-7cbe-4cf3-b313-406a2e4efecf","dc_title":"13.b brief inwoner - AVG","dc_type":"bijlage","foi_fileName":"13.b%20brief%20inwoner%20-%20AVG.pdf"}],"foi_nrDocuments":1,"foi_nrPagesInDossier":0,"foi_publishedDate":"2020-06-23","foi_retrievedDate":"2025-11-30"},{"dc_creator":"HandelingScraper_v1","dc_date_year":2020,"dc_description":"Vergadering van de Gemeente Beekdaelen op 2020-06-23. Onderdeel: Vaststellen verslag vergadering Commissie AWACS Limburg 15 januari 2020..","dc_identifier":"nl.gm1954.2c.2020.2830811-2","dc_publisher":"gm1954","dc_source":"https://beekdaelen.bestuurlijkeinformatie.nl/Agenda/Index/8455ecf5-21af-4599-84f9-59599a82ecca","dc_title":"BDN Commissie AWACS Limburg 2020-06-23 - Vaststellen verslag vergadering Commissie AWACS Limburg 15 januari 2020.","dc_type":"2c","dc_type_description":"Vergaderstuk decentrale overheid","foi_fairiscoreVersions":{"v1":1,"v2":1},"foi_files":[{"dc_format":"application/pdf","dc_identifier":"nl.gm1954.2c.2020.2830811-2.doc.1","dc_source":"https://api1.ibabs.eu/publicdownload.aspx?site=Beekdaelen&id=38544bdf-9296-48ad-b770-d86a748041f9","dc_title":"verslag 15.01.2020","dc_type":"bijlage","foi_fairiscoreVersions":{"v1":1,"v2":1},"foi_fileName":"verslag%2015.01.2020.pdf","foi_nrPages":5}],"foi_nrDocuments":1,"foi_nrPagesInDossier":5,"foi_publishedDate":"2020-06-23","foi_retrievedDate":"2026-02-05"},{"dc_creator":"HandelingScraper_v1","dc_date_year":2020,"dc_description":"Vergadering van de Gemeente Beekdaelen op 2020-06-23. Onderdeel: Actiepuntenlijst Commissie..","dc_identifier":"nl.gm1954.2c.2020.2830811-3","dc_publisher":"gm1954","dc_source":"https://beekdaelen.bestuurlijkeinformatie.nl/Agenda/Index/8455ecf5-21af-4599-84f9-59599a82ecca","dc_title":"BDN Commissie AWACS Limburg 2020-06-23 - Actiepuntenlijst Commissie.","dc_type":"2c","dc_type_description":"Vergaderstuk decentrale overheid","foi_fairiscoreVersions":{"v1":1,"v2":1},"foi_files":[{"dc_format":"application/pdf","dc_identifier":"nl.gm1954.2c.2020.2830811-3.doc.1","dc_source":"https://api1.ibabs.eu/publicdownload.aspx?site=Beekdaelen&id=3e5ac633-3ac3-4387-8a54-1d197010a2a8","dc_title":"actiepuntenlijst CAL 20.06.23","dc_type":"bijlage","foi_fairiscoreVersions":{"v1":1,"v2":1},"foi_fileName":"actiepuntenlijst%20CAL%2020.06.23.pdf","foi_nrPages":1}],"foi_nrDocuments":1,"foi_nrPagesInDossier":1,"foi_publishedDate":"2020-06-23","foi_retrievedDate":"2025-12-05"},{"dc_creator":"HandelingScraper_v1","dc_date_year":2020,"dc_description":"Vergadering van de Gemeente Beekdaelen op 2020-06-23. Onderdeel: Halfjaarrapportage vliegbaanbewaking vliegbasis Geilenkirchen, NLR 2e halfjaar 2019..","dc_identifier":"nl.gm1954.2c.2020.2830811-4","dc_publisher":"gm1954","dc_source":"https://beekdaelen.bestuurlijkeinformatie.nl/Agenda/Index/8455ecf5-21af-4599-84f9-59599a82ecca","dc_title":"BDN Commissie AWACS Limburg 2020-06-23 - Halfjaarrapportage vliegbaanbewaking vliegbasis Geilenkirchen, NLR 2e halfjaar 2019.","dc_type":"2c","dc_type_description":"Vergaderstuk decentrale overheid","foi_fairiscoreVersions":{"v1":5,"v2":5},"foi_files":[{"dc_format":"application/pdf","dc_identifier":"nl.gm1954.2c.2020.2830811-4.doc.1","dc_source":"https://api1.ibabs.eu/publicdownload.aspx?site=Beekdaelen&id=3f994965-aa88-47cc-8cfb-2595033e4ed5","dc_title":"07 Halfjaarrapportage vliegbaanbewaking vliegbasis Geilenkirchen AVG","dc_type":"bijlage","foi_fairiscoreVersions":{"v1":5,"v2":5},"foi_fileName":"07%20Halfjaarrapportage%20vliegbaanbewaking%20vliegbasis%20Geilenkirchen%20AVG.pdf","foi_nrPages":29}],"foi_nrDocuments":1,"foi_nrPagesInDossier":29,"foi_publishedDate":"2020-06-23","foi_retrievedDate":"2026-01-22"},{"dc_creator":"HandelingScraper_v1","dc_date_year":2020,"dc_description":"Vergadering van de Gemeente Beekdaelen op 2020-06-23. Onderdeel: Berekening geluidsbelasting nabij vliegbasis Geilenkirchen, NLR jaarrapportage 2019..","dc_identifier":"nl.gm1954.2c.2020.2830811-5","dc_publisher":"gm1954","dc_source":"https://beekdaelen.bestuurlijkeinformatie.nl/Agenda/Index/8455ecf5-21af-4599-84f9-59599a82ecca","dc_title":"BDN Commissie AWACS Limburg 2020-06-23 - Berekening geluidsbelasting nabij vliegbasis Geilenkirchen, NLR jaarrapportage 2019.","dc_type":"2c","dc_type_description":"Vergaderstuk decentrale overheid","foi_fairiscoreVersions":{"v1":5,"v2":5},"foi_files":[{"dc_format":"application/pdf","dc_identifier":"nl.gm1954.2c.2020.2830811-5.doc.1","dc_source":"https://api1.ibabs.eu/publicdownload.aspx?site=Beekdaelen&id=9da19327-977c-4aa2-89e8-c89ed646588a","dc_title":"08 Berekening geluidbelasting op Nederlands grondgebied AVG","dc_type":"bijlage","foi_fairiscoreVersions":{"v1":5,"v2":5},"foi_fileName":"08%20Berekening%20geluidbelasting%20op%20Nederlands%20grondgebied%20AVG.pdf","foi_nrPages":15}],"foi_nrDocuments":1,"foi_nrPagesInDossier":15,"foi_publishedDate":"2020-06-23","foi_retrievedDate":"2025-11-30"},{"dc_creator":"HandelingScraper_v1","dc_date_year":2020,"dc_description":"Vergadering van de Gemeente Beekdaelen op 2020-06-23. Onderdeel: Overzicht klachten St. Klachtentelefoon Luchtverkeer Zuid Limburg, vierde kwartaal 2019..","dc_identifier":"nl.gm1954.2c.2020.2830811-6","dc_publisher":"gm1954","dc_source":"https://beekdaelen.bestuurlijkeinformatie.nl/Agenda/Index/8455ecf5-21af-4599-84f9-59599a82ecca","dc_title":"BDN Commissie AWACS Limburg 2020-06-23 - Overzicht klachten St. Klachtentelefoon Luchtverkeer Zuid Limburg, vierde kwartaal 2019.","dc_type":"2c","dc_type_description":"Vergaderstuk decentrale overheid","foi_fairiscoreVersions":{"v1":1,"v2":1},"foi_files":[{"dc_format":"application/pdf","dc_identifier":"nl.gm1954.2c.2020.2830811-6.doc.1","dc_source":"https://api1.ibabs.eu/publicdownload.aspx?site=Beekdaelen&id=500b56eb-91fb-47c6-b14e-72f9376950fe","dc_title":"2019-4eKW (CAL 20-006)","dc_type":"bijlage","foi_fairiscoreVersions":{"v1":1,"v2":1},"foi_fileName":"2019-4eKW%20%28CAL%2020-006%29.pdf","foi_nrPages":19}],"foi_nrDocuments":1,"foi_nrPagesInDossier":19,"foi_publishedDate":"2020-06-23","foi_retrievedDate":"2025-11-29"},{"dc_creator":"HandelingScraper_v1","dc_date_year":2020,"dc_description":"Vergadering van de Gemeente Beekdaelen op 2020-06-23. Onderdeel: Overzicht Vliegbewegingen boven woonbebouwing van Schinveld en Brunssum, St. Klachtentelefoon Luchtverkeer Zuid-Limburg, vierde kwartaal 2019 (CAL008?).","dc_identifier":"nl.gm1954.2c.2020.2830811-7","dc_publisher":"gm1954","dc_source":"https://beekdaelen.bestuurlijkeinformatie.nl/Agenda/Index/8455ecf5-21af-4599-84f9-59599a82ecca","dc_title":"BDN Commissie AWACS Limburg 2020-06-23 - Overzicht Vliegbewegingen boven woonbebouwing van Schinveld en Brunssum, St. Klachtentelefoon Luchtverkeer Zuid-Limburg, vierde kwartaal 2019 (CAL008?)","dc_type":"2c","dc_type_description":"Vergaderstuk decentrale overheid","foi_fairiscoreVersions":{"v1":1,"v2":1},"foi_files":[{"dc_format":"application/pdf","dc_identifier":"nl.gm1954.2c.2020.2830811-7.doc.1","dc_source":"https://api1.ibabs.eu/publicdownload.aspx?site=Beekdaelen&id=fb800e27-a1e0-481e-a213-cb7f2a52172a","dc_title":"ap. 10 AWACS 2019 4e kwartaal VLIEGBEWEGINGEN BOVEN WOONBEBOUWING SCHINVELD EN BRUNSSUM (CAL 20-007)","dc_type":"bijlage","foi_fairiscoreVersions":{"v1":1,"v2":1},"foi_fileName":"ap.%2010%20AWACS%202019%204e%20kwartaal%20VLIEGBEWEGINGEN%20BOVEN%20WOONBEBOUWING%20SCHINVELD%20EN%20BRUNSSUM%20%28CAL%2020-007%29.pdf","foi_nrPages":10}],"foi_nrDocuments":1,"foi_nrPagesInDossier":10,"foi_publishedDate":"2020-06-23","foi_retrievedDate":"2026-03-02"},{"dc_creator":"HandelingScraper_v1","dc_date_year":2020,"dc_description":"Vergadering van de Gemeente Beekdaelen op 2020-06-23. Onderdeel: Jaarcijfers KICL over AWACS-vliegverkeer in 2019.","dc_identifier":"nl.gm1954.2c.2020.2830811-8","dc_publisher":"gm1954","dc_source":"https://beekdaelen.bestuurlijkeinformatie.nl/Agenda/Index/8455ecf5-21af-4599-84f9-59599a82ecca","dc_title":"BDN Commissie AWACS Limburg 2020-06-23 - Jaarcijfers KICL over AWACS-vliegverkeer in 2019","dc_type":"2c","dc_type_description":"Vergaderstuk decentrale overheid","foi_fairiscoreVersions":{"v1":1,"v2":1},"foi_files":[{"dc_format":"application/pdf","dc_identifier":"nl.gm1954.2c.2020.2830811-8.doc.1","dc_source":"https://api1.ibabs.eu/publicdownload.aspx?site=Beekdaelen&id=2e7495f7-d5be-4d31-8f97-356f3ab4a594","dc_title":"ap. 10 Klachtenpatroon EDNG  2018- 2019 (CAL 20-008)","dc_type":"bijlage","foi_fairiscoreVersions":{"v1":1,"v2":1},"foi_fileName":"ap.%2010%20Klachtenpatroon%20EDNG%20%202018-%202019%20%28CAL%2020-008%29.pdf","foi_nrPages":1}],"foi_nrDocuments":1,"foi_nrPagesInDossier":1,"foi_publishedDate":"2020-06-23","foi_retrievedDate":"2026-02-12"},{"dc_creator":"HandelingScraper_v1","dc_date_year":2020,"dc_description":"Vergadering van de Gemeente Beekdaelen op 2020-06-23. Onderdeel: Vragen 2e Kamerleden Van heldert en Amhaouch d.d. 5 ebruari 2020 (CAL-20-014).","dc_identifier":"nl.gm1954.2c.2020.2830811-9","dc_publisher":"gm1954","dc_source":"https://beekdaelen.bestuurlijkeinformatie.nl/Agenda/Index/8455ecf5-21af-4599-84f9-59599a82ecca","dc_title":"BDN Commissie AWACS Limburg 2020-06-23 - Vragen 2e Kamerleden Van heldert en Amhaouch d.d. 5 ebruari 2020 (CAL-20-014)","dc_type":"2c","dc_type_description":"Vergaderstuk decentrale overheid","foi_fairiscoreVersions":{"v1":1,"v2":1},"foi_files":[{"dc_format":"application/pdf","dc_identifier":"nl.gm1954.2c.2020.2830811-9.doc.1","dc_source":"https://api1.ibabs.eu/publicdownload.aspx?site=Beekdaelen&id=d10a2e6d-11c4-4891-9665-9e97ad1e1fc2","dc_title":"Vragen van de leden Van Helvert en Amhaouch over de leefbaarheid rondom AWACS-basis Geilenkirchen","dc_type":"bijlage","foi_fairiscoreVersions":{"v1":1,"v2":1},"foi_fileName":"Vragen_van_de_leden_Van_Helvert_en_Amhaouch_over_de_leefbaarheid_rondom_AWACS-basis_Geilenkirchen_.pdf","foi_nrPages":5}],"foi_nrDocuments":1,"foi_nrPagesInDossier":5,"foi_publishedDate":"2020-06-23","foi_retrievedDate":"2026-03-04"},{"dc_creator":"HandelingScraper_v1","dc_date_year":2020,"dc_description":"Vergadering van de Gemeente Beekdaelen op 2020-07-07. Onderdeel: Opening.","dc_identifier":"nl.gm1954.2c.2020.2830832-1","dc_publisher":"gm1954","dc_source":"https://beekdaelen.bestuurlijkeinformatie.nl/Agenda/Index/a7debc63-b199-4ee3-852f-8654c294e76e","dc_title":"Raadsvergadering 2020-07-07 - Opening","dc_type":"2c","dc_type_description":"Vergaderstuk decentrale overheid","foi_fairiscoreVersions":{"v1":1,"v2":1},"foi_files":[{"dc_format":"application/pdf","dc_identifier":"nl.gm1954.2c.2020.2830832-1.doc.1","dc_source":"https://api1.ibabs.eu/publicdownload.aspx?site=Beekdaelen&id=97d2a1d4-bcc2-427c-9adc-e390aa711812","dc_title":"Uitnodiging en agenda raadsvergadering 7 juli 2020","dc_type":"bijlage","foi_fairiscoreVersions":{"v1":1,"v2":1},"foi_fileName":"Uitnodiging%20en%20agenda%20raadsvergadering%207%20juli%202020%201.pdf","foi_nrPages":2}],"foi_nrDocuments":1,"foi_nrPagesInDossier":2,"foi_publishedDate":"2020-07-07","foi_retrievedDate":"2026-03-04"},{"dc_creator":"HandelingScraper_v1","dc_date_year":2020,"dc_description":"Vergadering van de Gemeente Beekdaelen op 2020-07-07. Onderdeel: Voorstel inzake mantelzorgbeleid gemeente Beekdaelen 2020\u20132022.","dc_identifier":"nl.gm1954.2c.2020.2830832-10","dc_publisher":"gm1954","dc_source":"https://beekdaelen.bestuurlijkeinformatie.nl/Agenda/Index/a7debc63-b199-4ee3-852f-8654c294e76e","dc_title":"Raadsvergadering 2020-07-07 - Voorstel inzake mantelzorgbeleid gemeente Beekdaelen 2020\u20132022","dc_type":"2c","dc_type_description":"Vergaderstuk decentrale overheid","foi_fairiscoreVersions":{"v1":2,"v2":1},"foi_files":[{"dc_format":"application/pdf","dc_identifier":"nl.gm1954.2c.2020.2830832-10.doc.7","dc_source":"https://api1.ibabs.eu/publicdownload.aspx?site=Beekdaelen&id=0ad68d55-91d4-4611-9e0e-1183155c5eba","dc_title":"Advies ASD inzake Mantelzorgbeleid gemeente Beekdaelen 2020-2022","dc_type":"bijlage","foi_fairiscoreVersions":{"v1":1,"v2":1},"foi_fileName":"Advies%20ASD%20inzake%20Mantelzorgbeleid%20gemeente%20Beekdaelen%202020-2022.pdf","foi_nrPages":2},{"dc_format":"application/pdf","dc_identifier":"nl.gm1954.2c.2020.2830832-10.doc.2","dc_source":"https://api1.ibabs.eu/publicdownload.aspx?site=Beekdaelen&id=fd398fde-3065-4569-b874-5ec9ca254e50","dc_title":"Amendement waardering jonge mantelzorgers AANGENOMEN","dc_type":"bijlage","foi_fairiscoreVersions":{"v1":1,"v2":1},"foi_fileName":"Amendement%20waardering%20jonge%20mantelzorgers%20AANGENOMEN.pdf","foi_nrPages":2},{"dc_format":"application/pdf","dc_identifier":"nl.gm1954.2c.2020.2830832-10.doc.4","dc_source":"https://api1.ibabs.eu/publicdownload.aspx?site=Beekdaelen&id=c9e67abf-e228-4491-9bc8-80f719aa6e5c","dc_title":"Bijlage 1 Beleidsplan Mantelzorg gemeente Beekdaelen 2020-2022 - aanpassing amendement","dc_type":"bijlage","foi_fairiscoreVersions":{"v1":2,"v2":1},"foi_fileName":"Beleidsplan%20Mantelzorg%20gemeente%20Beekdaelen%202020-2022-aanpassing%20amendement.pdf","foi_nrPages":13},{"dc_format":"application/pdf","dc_identifier":"nl.gm1954.2c.2020.2830832-10.doc.6","dc_source":"https://api1.ibabs.eu/publicdownload.aspx?site=Beekdaelen&id=c03a45c8-15f7-4e78-9fdd-acb5ad0b9003","dc_title":"Eerste reactie ASD op Beleidsplan Mantelzorg Beekdaelen 2020-2022","dc_type":"bijlage","foi_fairiscoreVersions":{"v1":1,"v2":1},"foi_fileName":"Eerste%20reactie%20ASD%20op%20Beleidsplan%20Mantelzorg%20Beekdaelen%202020-2022.pdf","foi_nrPages":1},{"dc_format":"application/pdf","dc_identifier":"nl.gm1954.2c.2020.2830832-10.doc.3","dc_source":"https://api1.ibabs.eu/publicdownload.aspx?site=Beekdaelen&id=70ea4cc9-4e36-4851-b6fc-42c382bf3a4b","dc_title":"Geamendeerd Raadsbesluit mantelzorgbeleid Beekdaelen 2020-2022 vastgesteld 07072020","dc_type":"bijlage","foi_fairiscoreVersions":{"v1":1,"v2":1},"foi_fileName":"Geamendeerd%20Raadsbesluit%20mantelzorgbeleid%20Beekdaelen%202020-2022%20VASTGESTELD.pdf","foi_nrPages":1},{"dc_format":"application/pdf","dc_identifier":"nl.gm1954.2c.2020.2830832-10.doc.1","dc_source":"https://api1.ibabs.eu/publicdownload.aspx?site=Beekdaelen&id=a9926823-4e1a-4a62-9561-8fea7a70df02","dc_title":"Raadsvoorstel Beleidsplan mantelzorg Beekdaelen 2020-2022","dc_type":"bijlage","foi_fairiscoreVersions":{"v1":1,"v2":1},"foi_fileName":"Z%2F20%2F141808%20-%20227707%20-%20Beleidsplan%20mantelzorg%20Beekdaelen%202020-2022.pdf","foi_nrPages":3},{"dc_format":"application/pdf","dc_identifier":"nl.gm1954.2c.2020.2830832-10.doc.5","dc_source":"https://api1.ibabs.eu/publicdownload.aspx?site=Beekdaelen&id=69647df1-0f62-4cf6-9638-d6f2828d3803","dc_title":"Bijlage 2 Financieel overzicht mantelzorg 2020","dc_type":"bijlage","foi_fairiscoreVersions":{"v1":1,"v2":1},"foi_fileName":"Z%2F20%2F141808%20-%20229950.pdf","foi_nrPages":1}],"foi_nrDocuments":7,"foi_nrPagesInDossier":23,"foi_publishedDate":"2020-07-07","foi_retrievedDate":"2025-12-01"},{"dc_creator":"HandelingScraper_v1","dc_date_year":2020,"dc_description":"Vergadering van de Gemeente Beekdaelen op 2020-07-07. Onderdeel: Voorstel inzake actualisatie inkoop- en aanbestedingsbeleid Beekdaelen 2020.","dc_identifier":"nl.gm1954.2c.2020.2830832-11","dc_publisher":"gm1954","dc_source":"https://beekdaelen.bestuurlijkeinformatie.nl/Agenda/Index/a7debc63-b199-4ee3-852f-8654c294e76e","dc_title":"Raadsvergadering 2020-07-07 - Voorstel inzake actualisatie inkoop- en aanbestedingsbeleid Beekdaelen 2020","dc_type":"2c","dc_type_description":"Vergaderstuk decentrale overheid","foi_fairiscoreVersions":{"v1":2,"v2":1},"foi_files":[{"dc_format":"application/pdf","dc_identifier":"nl.gm1954.2c.2020.2830832-11.doc.6","dc_source":"https://api1.ibabs.eu/publicdownload.aspx?site=Beekdaelen&id=87d69b66-9eba-4e85-b4de-29cf39407751","dc_title":"Memorie van antwoord inkoop- en aanbestedingsbeleid","dc_type":"bijlage","foi_fairiscoreVersions":{"v1":1,"v2":1},"foi_fileName":"Memorie%20van%20antwoord%20inkoop-%20en%20aanbestedingsbeleid.pdf","foi_nrPages":2},{"dc_format":"application/pdf","dc_identifier":"nl.gm1954.2c.2020.2830832-11.doc.1","dc_source":"https://api1.ibabs.eu/publicdownload.aspx?site=Beekdaelen&id=140b9401-e3ae-431c-ad39-6876e6934e7f","dc_title":"Raadsvoorstel Actualisatie Inkoop- en Aanbestedingsbeleid","dc_type":"bijlage","foi_fairiscoreVersions":{"v1":1,"v2":1},"foi_fileName":"Z%2F19%2F135692%20-%20226064%20-%20Actualisatie%20Inkoop-%20en%20Aanbestedingsbeleid.pdf","foi_nrPages":2},{"dc_format":"application/pdf","dc_identifier":"nl.gm1954.2c.2020.2830832-11.doc.5","dc_source":"https://api1.ibabs.eu/publicdownload.aspx?site=Beekdaelen&id=502f9e4c-355e-4fa0-bddf-f56cbc57ba5a","dc_title":"Bijlage 2 Ledenbrief VNG actualisatie Inkoopbeleid 19/054","dc_type":"bijlage","foi_fairiscoreVersions":{"v1":1,"v2":1},"foi_fileName":"Z%2F19%2F135692%20-%20226166%20-%20Ledenbrief%20VNG%20actualisatie%20Inkoopbeleid%2019%2F054.pdf","foi_nrPages":3},{"dc_format":"application/pdf","dc_identifier":"nl.gm1954.2c.2020.2830832-11.doc.3","dc_source":"https://api1.ibabs.eu/publicdownload.aspx?site=Beekdaelen&id=6bb2f7b1-9cc5-4d8c-a842-f37c21094d8a","dc_title":"Inkoopbeleid gemeente Beekdaelen 2020","dc_type":"bijlage","foi_fairiscoreVersions":{"v1":1,"v2":1},"foi_fileName":"Z%2F19%2F135692%20-%20226281%20-%20Inkoopbeleid%20gemeente%20Beekdaelen%202020.pdf","foi_nrPages":16},{"dc_format":"application/pdf","dc_identifier":"nl.gm1954.2c.2020.2830832-11.doc.4","dc_source":"https://api1.ibabs.eu/publicdownload.aspx?site=Beekdaelen&id=250d42d4-3c54-4b01-b007-c569cde1c9db","dc_title":"Bijlage 1 Tekstuele aanpassingen nav Model Inkoopbeleid","dc_type":"bijlage","foi_fairiscoreVersions":{"v1":2,"v2":1},"foi_fileName":"Z%2F19%2F135692%20-%20226286%20-%20Bijlage%201%20Tekstuele%20aanpassingen%20nav%20Model%20Inkoopbeleid.pdf","foi_nrPages":2},{"dc_format":"application/pdf","dc_identifier":"nl.gm1954.2c.2020.2830832-11.doc.2","dc_source":"https://api1.ibabs.eu/publicdownload.aspx?site=Beekdaelen&id=0c38a20f-9fb4-4e3d-8279-f7b0806c7fd0","dc_title":"Raadsbesluit Vaststelling Inkoopbeleid Gemeente Beekdaelen 2020 vastgesteld 07072020","dc_type":"bijlage","foi_fairiscoreVersions":{"v1":1,"v2":1},"foi_fileName":"Z%2F19%2F135692%20-%20226530%20-%20Vastelling%20Inkoopbeleid%20Gemeente%20Beekdaelen%202020.pdf","foi_nrPages":1}],"foi_nrDocuments":6,"foi_nrPagesInDossier":26,"foi_publishedDate":"2020-07-07","foi_retrievedDate":"2026-04-10"},{"dc_creator":"HandelingScraper_v1","dc_date_year":2020,"dc_description":"Vergadering van de Gemeente Beekdaelen op 2020-07-07. Onderdeel: Voorstel inzake vaststellen Jaarstukken 2019  BEHANDELING IS DOORGESCHOVEN NAAR RAADSVERGADERING 15 JULI 2020.","dc_identifier":"nl.gm1954.2c.2020.2830832-12","dc_publisher":"gm1954","dc_source":"https://beekdaelen.bestuurlijkeinformatie.nl/Agenda/Index/a7debc63-b199-4ee3-852f-8654c294e76e","dc_title":"Raadsvergadering 2020-07-07 - Voorstel inzake vaststellen Jaarstukken 2019  BEHANDELING IS DOORGESCHOVEN NAAR RAADSVERGADERING 15 JULI 2020","dc_type":"2c","dc_type_description":"Vergaderstuk decentrale overheid","foi_fairiscoreVersions":{"v1":2,"v2":2},"foi_files":[{"dc_format":"application/pdf","dc_identifier":"nl.gm1954.2c.2020.2830832-12.doc.5","dc_source":"https://api1.ibabs.eu/publicdownload.aspx?site=Beekdaelen&id=f36e40d5-ad4b-4355-9f7d-975ddbac3fd1","dc_title":"Memorie van antwoord vragen jaarstukken Beekdaelen lokaal, Groen Links, Vernieuwingsgroep","dc_type":"bijlage","foi_fairiscoreVersions":{"v1":2,"v2":1},"foi_fileName":"Memorie%20van%20antwoord%20vragen%20jaarstukken%20Beekdaelen%20lokaal_%20Groen%20Links_%20Vernieuwingsgroep.pdf","foi_nrPages":15},{"dc_format":"application/pdf","dc_identifier":"nl.gm1954.2c.2020.2830832-12.doc.4","dc_source":"https://api1.ibabs.eu/publicdownload.aspx?site=Beekdaelen&id=09c482ca-5903-48c1-aa68-3f9511db0e16","dc_title":"Nota van wijziging jaarstukken 2019","dc_type":"bijlage","foi_fairiscoreVersions":{"v1":1,"v2":1},"foi_fileName":"Nota%20van%20wijziging%20jaarstukken%202019.pdf","foi_nrPages":1},{"dc_format":"application/pdf","dc_identifier":"nl.gm1954.2c.2020.2830832-12.doc.1","dc_source":"https://api1.ibabs.eu/publicdownload.aspx?site=Beekdaelen&id=78ced418-a0ca-4ccc-990a-fd8dab8d4068","dc_title":"Raadsvoorstel jaarstukken 2019","dc_type":"bijlage","foi_fairiscoreVersions":{"v1":1,"v2":1},"foi_fileName":"Z%2F20%2F143664%20-%20233288%20-%20Jaarstukken%202019.pdf","foi_nrPages":3},{"dc_format":"application/pdf","dc_identifier":"nl.gm1954.2c.2020.2830832-12.doc.2","dc_source":"https://api1.ibabs.eu/publicdownload.aspx?site=Beekdaelen&id=154f5ea8-f2e0-49d6-a9fd-5e67e969c12b","dc_title":"Raadsbesluit jaarstukken 2019","dc_type":"bijlage","foi_fairiscoreVersions":{"v1":1,"v2":1},"foi_fileName":"Z%2F20%2F143664%20-%20233289%20-%20Jaarstukken%202019.pdf","foi_nrPages":1},{"dc_format":"application/pdf","dc_identifier":"nl.gm1954.2c.2020.2830832-12.doc.3","dc_source":"https://api1.ibabs.eu/publicdownload.aspx?site=Beekdaelen&id=79a164e3-39fa-4189-80d9-6462be33fe15","dc_title":"Jaarstukken 2019","dc_type":"bijlage","foi_fairiscoreVersions":{"v1":2,"v2":2},"foi_fileName":"Z%2F20%2F143664%20-%20234973%20-%20Jaarstukken%202019.pdf","foi_nrPages":201}],"foi_nrDocuments":5,"foi_nrPagesInDossier":221,"foi_publishedDate":"2020-07-07","foi_retrievedDate":"2026-04-10"},{"dc_creator":"HandelingScraper_v1","dc_date_year":2020,"dc_description":"Vergadering van de Gemeente Beekdaelen op 2020-07-07. Onderdeel: Voorstel inzake definitieve verklaring van geen bedenkingen bouw woning Raadhuisstraat te  Merkelbeek.","dc_identifier":"nl.gm1954.2c.2020.2830832-13","dc_publisher":"gm1954","dc_source":"https://beekdaelen.bestuurlijkeinformatie.nl/Agenda/Index/a7debc63-b199-4ee3-852f-8654c294e76e","dc_title":"Raadsvergadering 2020-07-07 - Voorstel inzake definitieve verklaring van geen bedenkingen bouw woning Raadhuisstraat te  Merkelbeek","dc_type":"2c","dc_type_description":"Vergaderstuk decentrale overheid","foi_fairiscoreVersions":{"v1":3,"v2":3},"foi_files":[{"dc_format":"application/pdf","dc_identifier":"nl.gm1954.2c.2020.2830832-13.doc.6","dc_source":"https://api1.ibabs.eu/publicdownload.aspx?site=Beekdaelen&id=00838cf3-8572-45ad-b557-c8fed8bfbda7","dc_title":"Memorie van antwoord inzake VvGB  Raadhuisstraat Merkelbeek","dc_type":"bijlage","foi_fairiscoreVersions":{"v1":1,"v2":1},"foi_fileName":"Memorie%20van%20antwoord%20inzake%20VvGB%20%20Raadhuisstraat%20Merkelbeek.pdf","foi_nrPages":3},{"dc_format":"application/pdf","dc_identifier":"nl.gm1954.2c.2020.2830832-13.doc.3","dc_source":"https://api1.ibabs.eu/publicdownload.aspx?site=Beekdaelen&id=bef37434-de96-4e97-84e0-d56a406d4492","dc_title":"Ontwerpvergunning woning Raadhuisstraat Merkelbeek AVG","dc_type":"bijlage","foi_fairiscoreVersions":{"v1":5,"v2":5},"foi_fileName":"ontwerpvergunning%20woning%20Raadhuisstraat%20Merkelbeek%20AVG.pdf","foi_nrPages":7},{"dc_format":"application/pdf","dc_identifier":"nl.gm1954.2c.2020.2830832-13.doc.2","dc_source":"https://api1.ibabs.eu/publicdownload.aspx?site=Beekdaelen&id=bb85a1fd-c2e0-451f-b8f7-69ff4238e638","dc_title":"Raadsbesluit inzake definitieve VvGb bouw woning Raadhuisstraat te Merkelbeek vastgesteld 07072020","dc_type":"bijlage","foi_fairiscoreVersions":{"v1":1,"v2":1},"foi_fileName":"raadsbesluit.pdf","foi_nrPages":1},{"dc_format":"application/pdf","dc_identifier":"nl.gm1954.2c.2020.2830832-13.doc.1","dc_source":"https://api1.ibabs.eu/publicdownload.aspx?site=Beekdaelen&id=bb2167d6-6139-478e-88e5-53b09eeccda6","dc_title":"Raadsvoorstel inzake definitieve VvGB bouw woning Raadhuisstraat Merkelbeek AVG","dc_type":"bijlage","foi_fairiscoreVersions":{"v1":5,"v2":5},"foi_fileName":"raadsvoorstel%20def.%20vvgb%20woning%20Raadhuisstraat%20Merkelbeek%20AVG.pdf","foi_nrPages":3},{"dc_format":"application/pdf","dc_identifier":"nl.gm1954.2c.2020.2830832-13.doc.5","dc_source":"https://api1.ibabs.eu/publicdownload.aspx?site=Beekdaelen&id=2b6053ba-a465-4aea-b8e5-d085c91624db","dc_title":"Publicatie staatscourant 2020-10256","dc_type":"bijlage","foi_fairiscoreVersions":{"v1":1,"v2":1},"foi_fileName":"stcrt-2020-10256.pdf","foi_nrPages":1},{"dc_format":"application/pdf","dc_identifier":"nl.gm1954.2c.2020.2830832-13.doc.4","dc_source":"https://api1.ibabs.eu/publicdownload.aspx?site=Beekdaelen&id=53cb2c24-a0dd-4092-b315-c70993a694d4","dc_title":"Zienswijze tegen VvGB AVG","dc_type":"bijlage","foi_fairiscoreVersions":{"v1":5,"v2":5},"foi_fileName":"zienswijze%20tegen%20vvgb%20AVG.pdf","foi_nrPages":3}],"foi_nrDocuments":6,"foi_nrPagesInDossier":18,"foi_publishedDate":"2020-07-07","foi_retrievedDate":"2026-02-11"},{"dc_creator":"HandelingScraper_v1","dc_date_year":2020,"dc_description":"Vergadering van de Gemeente Beekdaelen op 2020-07-07. Onderdeel: Voorstel inzake P&C documenten van GR Veiligheidsregio Zuid-Limburg en Meld- en Co\u00f6rdinatiecentrum (MCC).","dc_identifier":"nl.gm1954.2c.2020.2830832-14","dc_publisher":"gm1954","dc_source":"https://beekdaelen.bestuurlijkeinformatie.nl/Agenda/Index/a7debc63-b199-4ee3-852f-8654c294e76e","dc_title":"Raadsvergadering 2020-07-07 - Voorstel inzake P&C documenten van GR Veiligheidsregio Zuid-Limburg en Meld- en Co\u00f6rdinatiecentrum (MCC)","dc_type":"2c","dc_type_description":"Vergaderstuk decentrale overheid","foi_fairiscoreVersions":{"v1":3,"v2":2},"foi_files":[{"dc_format":"application/pdf","dc_identifier":"nl.gm1954.2c.2020.2830832-14.doc.8","dc_source":"https://api1.ibabs.eu/publicdownload.aspx?site=Beekdaelen&id=3e0f41d4-2df2-4c90-8aff-e11466dd20a0","dc_title":"Bijlage 6 Aanbiedingsbrief jaardocumenten d.d. 31-03-2020","dc_type":"bijlage","foi_fairiscoreVersions":{"v1":5,"v2":5},"foi_fileName":"aanbiedingsbrief.pdf","foi_nrPages":2},{"dc_format":"application/pdf","dc_identifier":"nl.gm1954.2c.2020.2830832-14.doc.2","dc_source":"https://api1.ibabs.eu/publicdownload.aspx?site=Beekdaelen&id=8b242072-d74f-46e3-b395-879d8fc4b5b5","dc_title":"Raadsbesluit fin.stukken GR VRZL incl. MCC vastgesteld 07072020","dc_type":"bijlage","foi_fairiscoreVersions":{"v1":1,"v2":1},"foi_fileName":"Raadsbesluit%20fin.stukken%20GR%20VRZL%20incl.%20MCC%20vastgesteld%2007072020.pdf","foi_nrPages":1},{"dc_format":"application/pdf","dc_identifier":"nl.gm1954.2c.2020.2830832-14.doc.7","dc_source":"https://api1.ibabs.eu/publicdownload.aspx?site=Beekdaelen&id=45704848-917b-4f51-8cee-01c1384472f7","dc_title":"Bijlage 5 wijziging procesgang uitstel behandeling meerjarenbeleidsplan","dc_type":"bijlage","foi_fairiscoreVersions":{"v1":5,"v2":5},"foi_fileName":"wijziging%20procesgang%20uitstel%20behandeling%20meerjarenbeleidsplan.pdf","foi_nrPages":1},{"dc_format":"application/pdf","dc_identifier":"nl.gm1954.2c.2020.2830832-14.doc.3","dc_source":"https://api1.ibabs.eu/publicdownload.aspx?site=Beekdaelen&id=f45c9982-829d-4eed-bed9-4d4c39dc5275","dc_title":"Bijlage 1 jaarstukken VRZL 2019","dc_type":"bijlage","foi_fairiscoreVersions":{"v1":2,"v2":1},"foi_fileName":"Z%2F20%2F141297%20-%20226398.pdf","foi_nrPages":42},{"dc_format":"application/pdf","dc_identifier":"nl.gm1954.2c.2020.2830832-14.doc.4","dc_source":"https://api1.ibabs.eu/publicdownload.aspx?site=Beekdaelen&id=17e02841-ebae-4ec3-9dbf-903dd4423bef","dc_title":"Bijlage 2 begroting 2021 (incl. meerjarenraming) VRZL","dc_type":"bijlage","foi_fairiscoreVersions":{"v1":2,"v2":1},"foi_fileName":"Z%2F20%2F141297%20-%20226398.pdf","foi_nrPages":34},{"dc_format":"application/pdf","dc_identifier":"nl.gm1954.2c.2020.2830832-14.doc.5","dc_source":"https://api1.ibabs.eu/publicdownload.aspx?site=Beekdaelen&id=14d5e447-2010-4d25-93bd-b55358ba38d7","dc_title":"Bijlage 3 jaarrekening MCC 2019","dc_type":"bijlage","foi_fairiscoreVersions":{"v1":1,"v2":1},"foi_fileName":"Z%2F20%2F141297%20-%20226398.pdf","foi_nrPages":9},{"dc_format":"application/pdf","dc_identifier":"nl.gm1954.2c.2020.2830832-14.doc.6","dc_source":"https://api1.ibabs.eu/publicdownload.aspx?site=Beekdaelen&id=7cee368b-31f0-45cd-a05a-da6ddcb379ab","dc_title":"Bijlage 4 begroting MCC 2021","dc_type":"bijlage","foi_fairiscoreVersions":{"v1":1,"v2":1},"foi_fileName":"Z%2F20%2F141297%20-%20226398.pdf","foi_nrPages":8},{"dc_format":"application/pdf","dc_identifier":"nl.gm1954.2c.2020.2830832-14.doc.1","dc_source":"https://api1.ibabs.eu/publicdownload.aspx?site=Beekdaelen&id=7a191be0-5689-4e63-b089-493632361ae3","dc_title":"Raadsvoorstel jaarstukken en begroting Veiligheidsregio ZL en MCC","dc_type":"bijlage","foi_fairiscoreVersions":{"v1":1,"v2":1},"foi_fileName":"Z%2F20%2F141297%20-%20229619%20-%20Jaarrekening%202019_%20begroting%202021%20van%20zowel%20de%20veiligheidsregio%20Zuid-Limburg%20als%20het%20Meld-%20en%20Coordinatiecentrum%20%28MCC%29.pdf","foi_nrPages":5}],"foi_nrDocuments":8,"foi_nrPagesInDossier":102,"foi_publishedDate":"2020-07-07","foi_retrievedDate":"2026-03-02"},{"dc_creator":"HandelingScraper_v1","dc_date_year":2020,"dc_description":"Vergadering van de Gemeente Beekdaelen op 2020-07-07. Onderdeel: Voorstel inzake zienswijze eerste bestuursrapportage 2020 van GR ISD BOL.","dc_identifier":"nl.gm1954.2c.2020.2830832-15","dc_publisher":"gm1954","dc_source":"https://beekdaelen.bestuurlijkeinformatie.nl/Agenda/Index/a7debc63-b199-4ee3-852f-8654c294e76e","dc_title":"Raadsvergadering 2020-07-07 - Voorstel inzake zienswijze eerste bestuursrapportage 2020 van GR ISD BOL","dc_type":"2c","dc_type_description":"Vergaderstuk decentrale overheid","foi_fairiscoreVersions":{"v1":2,"v2":2},"foi_files":[{"dc_format":"application/pdf","dc_identifier":"nl.gm1954.2c.2020.2830832-15.doc.3","dc_source":"https://api1.ibabs.eu/publicdownload.aspx?site=Beekdaelen&id=e0658c91-68a4-485e-a6d4-d520d5e5569c","dc_title":"Bijlage 1 Eerste bestuursrapportage 2020 ISD BOL","dc_type":"bijlage","foi_fairiscoreVersions":{"v1":2,"v2":2},"foi_fileName":"Z%2F20%2F141408%20-%20226789%20-%20Eerste%20bestuursrapportage%202020%20ISD%20BOL.pdf","foi_nrPages":42},{"dc_format":"application/pdf","dc_identifier":"nl.gm1954.2c.2020.2830832-15.doc.1","dc_source":"https://api1.ibabs.eu/publicdownload.aspx?site=Beekdaelen&id=98172a71-c916-4ee8-9ef0-7b408c1d6ac7","dc_title":"Raadsvoorstel inzake eerste bestuursrapportage 2020 ISD BOL.","dc_type":"bijlage","foi_fairiscoreVersions":{"v1":1,"v2":1},"foi_fileName":"Z%2F20%2F141408%20-%20226817%20-%20Eerste%20begrotingswijziging%202020%20ISD%20BOL.pdf","foi_nrPages":2},{"dc_format":"application/pdf","dc_identifier":"nl.gm1954.2c.2020.2830832-15.doc.2","dc_source":"https://api1.ibabs.eu/publicdownload.aspx?site=Beekdaelen&id=6e545512-f494-4561-8d61-8eacd7340fd7","dc_title":"Raadsbesluit inzake eerste bestuursrapportage 2020 ISD BOL vastgesteld 07072020","dc_type":"bijlage","foi_fairiscoreVersions":{"v1":1,"v2":1},"foi_fileName":"Z%2F20%2F141408%20-%20226822%20-%20Eerste%20bestuursrapportage%202020%20ISD%20BOL.pdf","foi_nrPages":1},{"dc_format":"application/pdf","dc_identifier":"nl.gm1954.2c.2020.2830832-15.doc.4","dc_source":"https://api1.ibabs.eu/publicdownload.aspx?site=Beekdaelen&id=b5cffafe-b954-42e1-9976-8441c241ef6d","dc_title":"Bijlage 2 Concept brief eerste bestuursrapportage 2020 ISD BOL","dc_type":"bijlage","foi_fairiscoreVersions":{"v1":1,"v2":1},"foi_fileName":"Z%2F20%2F141408%20-%20226827%20-%20Eerste%20bestuursrapportage%202020%20ISD%20BOL.pdf","foi_nrPages":1}],"foi_nrDocuments":4,"foi_nrPagesInDossier":46,"foi_publishedDate":"2020-07-07","foi_retrievedDate":"2026-02-05"},{"dc_creator":"HandelingScraper_v1","dc_date_year":2020,"dc_description":"Vergadering van de Gemeente Beekdaelen op 2020-07-07. Onderdeel: Voorstel inzake wijziging gemeenschappelijke regeling ISD Kompas.","dc_identifier":"nl.gm1954.2c.2020.2830832-16","dc_publisher":"gm1954","dc_source":"https://beekdaelen.bestuurlijkeinformatie.nl/Agenda/Index/a7debc63-b199-4ee3-852f-8654c294e76e","dc_title":"Raadsvergadering 2020-07-07 - Voorstel inzake wijziging gemeenschappelijke regeling ISD Kompas","dc_type":"2c","dc_type_description":"Vergaderstuk decentrale overheid","foi_fairiscoreVersions":{"v1":1,"v2":1},"foi_files":[{"dc_format":"application/pdf","dc_identifier":"nl.gm1954.2c.2020.2830832-16.doc.3","dc_source":"https://api1.ibabs.eu/publicdownload.aspx?site=Beekdaelen&id=bb6333cf-8149-40a2-b6a6-507aca8a042b","dc_title":"Bijlage 1 Concept GR ISD Kompas - ter vaststelling raad 7 juli 2020","dc_type":"bijlage","foi_fairiscoreVersions":{"v1":1,"v2":1},"foi_fileName":"Concept%20GR%20ISD%20Kompas%20-%20ter%20vaststelling%20raad%207%20juli%202020.pdf","foi_nrPages":11},{"dc_format":"application/pdf","dc_identifier":"nl.gm1954.2c.2020.2830832-16.doc.5","dc_source":"https://api1.ibabs.eu/publicdownload.aspx?site=Beekdaelen&id=99c3e3d1-8085-497a-a318-920b4464f267","dc_title":"Bijlage 6 Argumentatie stemverhouding GR Kompas","dc_type":"bijlage","foi_fairiscoreVersions":{"v1":1,"v2":1},"foi_fileName":"Z%2F20%2F138458%20-%20223596%20-%20Argumentatie%20stemverhouding%20GR%20Kompas.pdf","foi_nrPages":2},{"dc_format":"application/pdf","dc_identifier":"nl.gm1954.2c.2020.2830832-16.doc.1","dc_source":"https://api1.ibabs.eu/publicdownload.aspx?site=Beekdaelen&id=f63eef37-df80-4719-8060-d96cb2f74ef9","dc_title":"Raadsvoorstel inzake wijziging gemeenschappelijke regeling ISD Kompas","dc_type":"bijlage","foi_fairiscoreVersions":{"v1":1,"v2":1},"foi_fileName":"Z%2F20%2F138458%20-%20229797.pdf","foi_nrPages":6},{"dc_format":"application/pdf","dc_identifier":"nl.gm1954.2c.2020.2830832-16.doc.4","dc_source":"https://api1.ibabs.eu/publicdownload.aspx?site=Beekdaelen&id=e33a2f1d-9b59-49ca-83ed-6fcbaad37d41","dc_title":"Bijlage 2 bij raadsvoorstel (technische wijzigingen GR)","dc_type":"bijlage","foi_fairiscoreVersions":{"v1":1,"v2":1},"foi_fileName":"Z%2F20%2F138458%20-%20229886%20-%20Bijlage%202%20bij%20raadsvoorstel%20%28technische%20wijzigingen%20GR%29.pdf","foi_nrPages":3},{"dc_format":"application/pdf","dc_identifier":"nl.gm1954.2c.2020.2830832-16.doc.2","dc_source":"https://api1.ibabs.eu/publicdownload.aspx?site=Beekdaelen&id=c5eb4108-51e4-4fd5-ac89-037d5f87d7df","dc_title":"Raadsbesluit inzake wijziging gemeenschappelijke regeling ISD Kompas vastgesteld 07072020","dc_type":"bijlage","foi_fairiscoreVersions":{"v1":1,"v2":1},"foi_fileName":"Z%2F20%2F138458%20-%20229957%20-%20Raadsbesluit%20tot%20vaststelling%20GR%20ISD%20Kompas.pdf","foi_nrPages":1}],"foi_nrDocuments":5,"foi_nrPagesInDossier":23,"foi_publishedDate":"2020-07-07","foi_retrievedDate":"2025-12-05"},{"dc_creator":"HandelingScraper_v1","dc_date_year":2020,"dc_description":"Vergadering van de Gemeente Beekdaelen op 2020-07-07. Onderdeel: Voorstel inzake P&C documenten van GR ISD Kompas.","dc_identifier":"nl.gm1954.2c.2020.2830832-17","dc_publisher":"gm1954","dc_source":"https://beekdaelen.bestuurlijkeinformatie.nl/Agenda/Index/a7debc63-b199-4ee3-852f-8654c294e76e","dc_title":"Raadsvergadering 2020-07-07 - Voorstel inzake P&C documenten van GR ISD Kompas","dc_type":"2c","dc_type_description":"Vergaderstuk decentrale overheid","foi_fairiscoreVersions":{"v1":2,"v2":2},"foi_files":[{"dc_format":"application/pdf","dc_identifier":"nl.gm1954.2c.2020.2830832-17.doc.3","dc_source":"https://api1.ibabs.eu/publicdownload.aspx?site=Beekdaelen&id=2eb9fc57-9671-497d-bf16-84574b45ee2f","dc_title":"Bijlage 1 Beleidsverslag ISD Kompas 2019","dc_type":"bijlage","foi_fairiscoreVersions":{"v1":2,"v2":2},"foi_fileName":"Z%2F20%2F141159%20-%20226032.pdf","foi_nrPages":23},{"dc_format":"application/pdf","dc_identifier":"nl.gm1954.2c.2020.2830832-17.doc.4","dc_source":"https://api1.ibabs.eu/publicdownload.aspx?site=Beekdaelen&id=66bfe964-2c03-4af3-85e6-ee2fc92abdd4","dc_title":"Bijlage 2 Jaarrekening ISD Kompas 2019","dc_type":"bijlage","foi_fairiscoreVersions":{"v1":2,"v2":1},"foi_fileName":"Z%2F20%2F141159%20-%20226032.pdf","foi_nrPages":46},{"dc_format":"application/pdf","dc_identifier":"nl.gm1954.2c.2020.2830832-17.doc.5","dc_source":"https://api1.ibabs.eu/publicdownload.aspx?site=Beekdaelen&id=66270838-08c1-4af1-8783-727352e15c3e","dc_title":"Bijlage 4 Uitvoeringsprogramma ISD Kompas 2020-2021","dc_type":"bijlage","foi_fairiscoreVersions":{"v1":1,"v2":1},"foi_fileName":"Z%2F20%2F141159%20-%20226032.pdf","foi_nrPages":15},{"dc_format":"application/pdf","dc_identifier":"nl.gm1954.2c.2020.2830832-17.doc.6","dc_source":"https://api1.ibabs.eu/publicdownload.aspx?site=Beekdaelen&id=03ef7824-4c97-44e5-abf3-d3e2f15dc2b2","dc_title":"Bijlage 5 Gewijzigde begroting 2020, primitieve begroting 2021 en meerjarenraming 2021-2024 ISD Kompas","dc_type":"bijlage","foi_fairiscoreVersions":{"v1":2,"v2":1},"foi_fileName":"Z%2F20%2F141159%20-%20226032.pdf","foi_nrPages":33},{"dc_format":"application/pdf","dc_identifier":"nl.gm1954.2c.2020.2830832-17.doc.7","dc_source":"https://api1.ibabs.eu/publicdownload.aspx?site=Beekdaelen&id=518ce42f-248f-40f8-a0d2-5fa9548553e7","dc_title":"Bijlage 6 Brief van ISD Kompas d.d. 30 maart","dc_type":"bijlage","foi_fairiscoreVersions":{"v1":1,"v2":1},"foi_fileName":"Z%2F20%2F141159%20-%20226032.pdf","foi_nrPages":2},{"dc_format":"application/pdf","dc_identifier":"nl.gm1954.2c.2020.2830832-17.doc.1","dc_source":"https://api1.ibabs.eu/publicdownload.aspx?site=Beekdaelen&id=0019f346-9d68-4f82-ae91-b697c3651084","dc_title":"Raadsvoorstel inzake P&C documenten van GR ISD Kompas","dc_type":"bijlage","foi_fairiscoreVersions":{"v1":1,"v2":1},"foi_fileName":"Z%2F20%2F141159%20-%20226340%20-%20Beleidsverslag%202019_%20de%20Jaarrekening%202019_%20uitvoeringsprogramma%202020-2021_%20Begrotingswijziging%202020-1%20primitieve%20begroting%202021%20Kompas%20en%20meerjarenraming%202021-2024.pdf","foi_nrPages":7},{"dc_format":"application/pdf","dc_identifier":"nl.gm1954.2c.2020.2830832-17.doc.2","dc_source":"https://api1.ibabs.eu/publicdownload.aspx?site=Beekdaelen&id=8fe5fdac-7a1f-4915-9dfa-81e0f2344f5e","dc_title":"Raadsbesluit inzake P&C documenten van GR ISD Kompas vastgesteld 07072020","dc_type":"bijlage","foi_fairiscoreVersions":{"v1":1,"v2":1},"foi_fileName":"Z%2F20%2F141159%20-%20226431%20-%20Raadsbesluit%20inz.%20beleidsverslag%202019_%20jaarverslag%202019_%20uitvoeringsprogramma%202020-2021_%20begr.%20wijz%202020_%20prim.begr.pdf","foi_nrPages":1},{"dc_format":"application/pdf","dc_identifier":"nl.gm1954.2c.2020.2830832-17.doc.8","dc_source":"https://api1.ibabs.eu/publicdownload.aspx?site=Beekdaelen&id=3451611c-639f-4179-b19d-31d1884fecda","dc_title":"Bijlage 7 Brief aan ISD Kompas inzake raadsbesluit","dc_type":"bijlage","foi_fairiscoreVersions":{"v1":1,"v2":1},"foi_fileName":"Z%2F20%2F141159%20-%20226432%20-%20Brief%20aan%20Kompas%20inz.pdf","foi_nrPages":1}],"foi_nrDocuments":8,"foi_nrPagesInDossier":128,"foi_publishedDate":"2020-07-07","foi_retrievedDate":"2026-02-12"},{"dc_creator":"HandelingScraper_v1","dc_date_year":2020,"dc_description":"Vergadering van de Gemeente Beekdaelen op 2020-07-07. Onderdeel: Voorstel inzake vaststelling Algemene Subsidie Verordening Beekdaelen.","dc_identifier":"nl.gm1954.2c.2020.2830832-18","dc_publisher":"gm1954","dc_source":"https://beekdaelen.bestuurlijkeinformatie.nl/Agenda/Index/a7debc63-b199-4ee3-852f-8654c294e76e","dc_title":"Raadsvergadering 2020-07-07 - Voorstel inzake vaststelling Algemene Subsidie Verordening Beekdaelen","dc_type":"2c","dc_type_description":"Vergaderstuk decentrale overheid","foi_fairiscoreVersions":{"v1":1,"v2":1},"foi_files":[{"dc_format":"application/pdf","dc_identifier":"nl.gm1954.2c.2020.2830832-18.doc.1","dc_source":"https://api1.ibabs.eu/publicdownload.aspx?site=Beekdaelen&id=f499ed3a-3b9d-4044-be59-240b56403544","dc_title":"Raadsvoorstel inzake algemene subsidieverordening Beekdaelen 2020","dc_type":"bijlage","foi_fairiscoreVersions":{"v1":1,"v2":1},"foi_fileName":"Algemene%20subsidieverordening%20Beekdaelen.pdf","foi_nrPages":3},{"dc_format":"application/pdf","dc_identifier":"nl.gm1954.2c.2020.2830832-18.doc.3","dc_source":"https://api1.ibabs.eu/publicdownload.aspx?site=Beekdaelen&id=a64fd748-35f9-4a0b-b88b-4a5535531449","dc_title":"Algemene subsidieverordening Beekdaelen 2020 vastgesteld 07072020","dc_type":"bijlage","foi_fairiscoreVersions":{"v1":1,"v2":1},"foi_fileName":"Algemene%20subsidieverordening%20Beekdaelen%202020.pdf","foi_nrPages":10},{"dc_format":"application/pdf","dc_identifier":"nl.gm1954.2c.2020.2830832-18.doc.2","dc_source":"https://api1.ibabs.eu/publicdownload.aspx?site=Beekdaelen&id=7d2ddaf8-00ce-496c-a2ca-fee134c4e308","dc_title":"Raadsbesluit vaststellen Algemene subiside verordening Beekdaelen vastgesteld 07072020","dc_type":"bijlage","foi_fairiscoreVersions":{"v1":1,"v2":1},"foi_fileName":"Raadsbesluit%20vaststellen%20Algemene%20subiside%20verordening%20Beekdaelen%20vastgesteld%2007072020.pdf","foi_nrPages":1}],"foi_nrDocuments":3,"foi_nrPagesInDossier":14,"foi_publishedDate":"2020-07-07","foi_retrievedDate":"2026-02-12"},{"dc_creator":"HandelingScraper_v1","dc_date_year":2020,"dc_description":"Vergadering van de Gemeente Beekdaelen op 2020-07-07. Onderdeel: Voorstel inzake wijziging gemeenschappelijke regeling GGD-Zuid Limburg.","dc_identifier":"nl.gm1954.2c.2020.2830832-19","dc_publisher":"gm1954","dc_source":"https://beekdaelen.bestuurlijkeinformatie.nl/Agenda/Index/a7debc63-b199-4ee3-852f-8654c294e76e","dc_title":"Raadsvergadering 2020-07-07 - Voorstel inzake wijziging gemeenschappelijke regeling GGD-Zuid Limburg","dc_type":"2c","dc_type_description":"Vergaderstuk decentrale overheid","foi_fairiscoreVersions":{"v1":null,"v2":null},"foi_files":[{"dc_format":"application/pdf","dc_identifier":"nl.gm1954.2c.2020.2830832-19.doc.4","dc_source":"https://api1.ibabs.eu/publicdownload.aspx?site=Beekdaelen&id=ff8bae0d-da77-4345-868b-9257682cb6d5","dc_title":"Bijlage technische wijzigingen GR GGD ZL per 01.07.2020","dc_type":"bijlage","foi_fileName":"Bijlage%20technische%20wijzigingen%20gemeenschappelijke%20regeling.pdf"},{"dc_format":"application/pdf","dc_identifier":"nl.gm1954.2c.2020.2830832-19.doc.3","dc_source":"https://api1.ibabs.eu/publicdownload.aspx?site=Beekdaelen&id=42599bfa-1216-4eb8-a172-91f7b13562b3","dc_title":"Gemeenschappelijke regeling GGD ZL per 01.07.2020","dc_type":"bijlage","foi_fileName":"Gemeenschappelijke%20regeling%20GGD%20Zuid%20Limburg%20per%2001.07.pdf"},{"dc_format":"application/pdf","dc_identifier":"nl.gm1954.2c.2020.2830832-19.doc.1","dc_source":"https://api1.ibabs.eu/publicdownload.aspx?site=Beekdaelen&id=7b68c811-0f78-4080-8e68-ca6bdb3bd9ff","dc_title":"Raadsvoorstel inzake wijziging gemeenschappelijke regeling GGD-Zuid Limburg","dc_type":"bijlage","foi_fileName":"Z%2F20%2F141871%20-%20227852%20-%20voorstel%20aanpassing%20GR%20GGD-ZL%20per%201%20juli%202020.pdf"},{"dc_format":"application/pdf","dc_identifier":"nl.gm1954.2c.2020.2830832-19.doc.2","dc_source":"https://api1.ibabs.eu/publicdownload.aspx?site=Beekdaelen&id=029e531f-6230-4143-b3f9-91332c68c4e8","dc_title":"Raadsbesluit inzake wijziging gemeenschappelijke regeling GGD-Zuid Limburg  vastgesteld 07072020","dc_type":"bijlage","foi_fileName":"Z%2F20%2F141871%20-%20227855%20-%20raadsbesluit%20akk%20aanpassing%20GR%20GGD-ZL%20per%201%20juli%202020.pdf"}],"foi_nrDocuments":4,"foi_nrPagesInDossier":0,"foi_publishedDate":"2020-07-07","foi_retrievedDate":"2025-11-30"},{"dc_creator":"HandelingScraper_v1","dc_date_year":2020,"dc_description":"Vergadering van de Gemeente Beekdaelen op 2020-07-07. Onderdeel: Vaststelling van de agenda.","dc_identifier":"nl.gm1954.2c.2020.2830832-2","dc_publisher":"gm1954","dc_source":"https://beekdaelen.bestuurlijkeinformatie.nl/Agenda/Index/a7debc63-b199-4ee3-852f-8654c294e76e","dc_title":"Raadsvergadering 2020-07-07 - Vaststelling van de agenda","dc_type":"2c","dc_type_description":"Vergaderstuk decentrale overheid","foi_fairiscoreVersions":{"v1":1,"v2":1},"foi_files":[{"dc_format":"application/pdf","dc_identifier":"nl.gm1954.2c.2020.2830832-2.doc.1","dc_source":"https://api1.ibabs.eu/publicdownload.aspx?site=Beekdaelen&id=13c62d63-7e92-41b0-b1ba-24daa8df110c","dc_title":"Vastgestelde agenda raadsvergadering 7 juli 2020","dc_type":"bijlage","foi_fairiscoreVersions":{"v1":1,"v2":1},"foi_fileName":"Vastgestelde%20agenda%20raadsvergadering%207%20juli%202020.pdf","foi_nrPages":2}],"foi_nrDocuments":1,"foi_nrPagesInDossier":2,"foi_publishedDate":"2020-07-07","foi_retrievedDate":"2026-03-02"},{"dc_creator":"HandelingScraper_v1","dc_date_year":2020,"dc_description":"Vergadering van de Gemeente Beekdaelen op 2020-07-07. Onderdeel: Voorstel inzake P&C documenten van GR GGD ZL.","dc_identifier":"nl.gm1954.2c.2020.2830832-20","dc_publisher":"gm1954","dc_source":"https://beekdaelen.bestuurlijkeinformatie.nl/Agenda/Index/a7debc63-b199-4ee3-852f-8654c294e76e","dc_title":"Raadsvergadering 2020-07-07 - Voorstel inzake P&C documenten van GR GGD ZL","dc_type":"2c","dc_type_description":"Vergaderstuk decentrale overheid","foi_fairiscoreVersions":{"v1":null,"v2":null},"foi_files":[{"dc_format":"application/pdf","dc_identifier":"nl.gm1954.2c.2020.2830832-20.doc.4","dc_source":"https://api1.ibabs.eu/publicdownload.aspx?site=Beekdaelen&id=585e1486-43f1-4c47-851b-2893b02428d0","dc_title":"Bijlage 1.2 Jaaroverzicht GGD ZL 2019 (gedownloade pdf versie)","dc_type":"bijlage","foi_fileName":"GGDZL_Jaaroverzicht_2019_interactief.pdf"},{"dc_format":"application/pdf","dc_identifier":"nl.gm1954.2c.2020.2830832-20.doc.1","dc_source":"https://api1.ibabs.eu/publicdownload.aspx?site=Beekdaelen&id=4a1ca901-487b-4e4a-a6db-a889143e5278","dc_title":"Raadsvoorstel inzake P&C documenten van GR GGD ZL","dc_type":"bijlage","foi_fileName":"Z%2F20%2F141872%20-%20227895%20-%20Begroting%20GGD-ZL%202021%20en%20jaarverslag%202019.pdf"},{"dc_format":"application/pdf","dc_identifier":"nl.gm1954.2c.2020.2830832-20.doc.2","dc_source":"https://api1.ibabs.eu/publicdownload.aspx?site=Beekdaelen&id=8bc27f17-3af2-45d9-9d50-ed7383dd5f6a","dc_title":"Raadsbesluit inzake P&C documenten van GR GGD ZL vastgesteld 07072020","dc_type":"bijlage","foi_fileName":"Z%2F20%2F141872%20-%20227896%20-%20Begroting%20GGD-ZL%202021.pdf"},{"dc_format":"application/pdf","dc_identifier":"nl.gm1954.2c.2020.2830832-20.doc.9","dc_source":"https://api1.ibabs.eu/publicdownload.aspx?site=Beekdaelen&id=31c52895-b647-4177-b8ff-a34baaef9273","dc_title":"Bijlage 6 Zienswijze op begroting GGD ZL 2021","dc_type":"bijlage","foi_fileName":"Z%2F20%2F141872%20-%20227897%20-%20Zienswijze%20op%20begroting%202021%20GGD-ZL.pdf"},{"dc_format":"application/pdf","dc_identifier":"nl.gm1954.2c.2020.2830832-20.doc.8","dc_source":"https://api1.ibabs.eu/publicdownload.aspx?site=Beekdaelen&id=419bc49e-2d8c-4fce-b574-b5c99833367f","dc_title":"Bijlage 5 Financi\u00eble paragrafen begroting GGD ZL 2021","dc_type":"bijlage","foi_fileName":"Z%2F20%2F141872%20-%20228497%20bijlage%20financiele%20paragrafen%20begroting%202021.pdf"},{"dc_format":"application/pdf","dc_identifier":"nl.gm1954.2c.2020.2830832-20.doc.7","dc_source":"https://api1.ibabs.eu/publicdownload.aspx?site=Beekdaelen&id=f619ed34-8aa7-444d-906d-6e397e5787d5","dc_title":"Bijlage 4 Begroting GGD ZL 2021","dc_type":"bijlage","foi_fileName":"Z%2F20%2F141872%20-%20228497%20GGDZL_Begroting_2021.pdf"},{"dc_format":"application/pdf","dc_identifier":"nl.gm1954.2c.2020.2830832-20.doc.3","dc_source":"https://api1.ibabs.eu/publicdownload.aspx?site=Beekdaelen&id=149c715b-4ae5-4128-9aa6-5615a5e165fa","dc_title":"Bijlage 1.1 Jaaroverzicht GGD ZL 2019 (link naar website)","dc_type":"bijlage","foi_fileName":"Z%2F20%2F141872%20-%20228497%20Jaaroverzicht%202019%20GGD%20ZL%20%28link%20naar%20digitaal%20document%29.pdf"},{"dc_format":"application/pdf","dc_identifier":"nl.gm1954.2c.2020.2830832-20.doc.5","dc_source":"https://api1.ibabs.eu/publicdownload.aspx?site=Beekdaelen&id=1080dc3a-e3b1-4460-bf61-4313bb183658","dc_title":"Bijlage 2 Jaarrekening GGD ZL 2019","dc_type":"bijlage","foi_fileName":"Z%2F20%2F141872%20-%20228497%20Jaarrekening%20GGD%20ZL%202019.pdf"},{"dc_format":"application/pdf","dc_identifier":"nl.gm1954.2c.2020.2830832-20.doc.6","dc_source":"https://api1.ibabs.eu/publicdownload.aspx?site=Beekdaelen&id=a1a8624d-b9ab-4bd1-b669-96c30d9721e2","dc_title":"Bijlage 3 Managementletter GGD ZL 2019","dc_type":"bijlage","foi_fileName":"Z%2F20%2F141872%20-%20228497%20Managementletter%20GGD%202019.pdf"}],"foi_nrDocuments":9,"foi_nrPagesInDossier":0,"foi_publishedDate":"2020-07-07","foi_retrievedDate":"2025-12-01"},{"dc_creator":"HandelingScraper_v1","dc_date_year":2020,"dc_description":"Vergadering van de Gemeente Beekdaelen op 2020-07-07. Onderdeel: Voorstel inzake P&C documenten van GR Omnibuzz.","dc_identifier":"nl.gm1954.2c.2020.2830832-21","dc_publisher":"gm1954","dc_source":"https://beekdaelen.bestuurlijkeinformatie.nl/Agenda/Index/a7debc63-b199-4ee3-852f-8654c294e76e","dc_title":"Raadsvergadering 2020-07-07 - Voorstel inzake P&C documenten van GR Omnibuzz","dc_type":"2c","dc_type_description":"Vergaderstuk decentrale overheid","foi_fairiscoreVersions":{"v1":2,"v2":2},"foi_files":[{"dc_format":"application/pdf","dc_identifier":"nl.gm1954.2c.2020.2830832-21.doc.2","dc_source":"https://api1.ibabs.eu/publicdownload.aspx?site=Beekdaelen&id=b30a9663-b519-4789-bb40-be12a6bde968","dc_title":"Raadsbesluit inzake P&C documenten van GR Omnibuzz vastgesteld 07072020","dc_type":"bijlage","foi_fairiscoreVersions":{"v1":1,"v2":1},"foi_fileName":"Raadsbesluit%20inzake%20P%26C%20documenten%20van%20GR%20Omnibuzz%20vastgesteld%2007072020.pdf","foi_nrPages":1},{"dc_format":"application/pdf","dc_identifier":"nl.gm1954.2c.2020.2830832-21.doc.3","dc_source":"https://api1.ibabs.eu/publicdownload.aspx?site=Beekdaelen&id=53c78cdb-e31e-4158-99e1-6a97e9a6fdfd","dc_title":"Bijlage 1 Omnibuzz jaarverslag 2019","dc_type":"bijlage","foi_fairiscoreVersions":{"v1":2,"v2":2},"foi_fileName":"Z%2F20%2F142144%20-%20228442%20-%20Bijlage%201%20Omnibuzz-jaarverslag-2019.pdf","foi_nrPages":104},{"dc_format":"application/pdf","dc_identifier":"nl.gm1954.2c.2020.2830832-21.doc.4","dc_source":"https://api1.ibabs.eu/publicdownload.aspx?site=Beekdaelen&id=f48be8ea-6a56-4727-b005-2731bc0ab93e","dc_title":"Bijlage 2 Uitgangspunten notitie bij Omnibuzz begroting 2020-1 en 2021","dc_type":"bijlage","foi_fairiscoreVersions":{"v1":2,"v2":1},"foi_fileName":"Z%2F20%2F142144%20-%20228442%20-%20Bijlage%202%20Uitgangspunten%20notitie%20Omnibuzz%20begroting%202020-1%20en%202021%20mjp.pdf","foi_nrPages":9},{"dc_format":"application/pdf","dc_identifier":"nl.gm1954.2c.2020.2830832-21.doc.5","dc_source":"https://api1.ibabs.eu/publicdownload.aspx?site=Beekdaelen&id=d6d16d7b-c49d-4879-8918-5a250091f1df","dc_title":"Bijlage 3 Omnibuzz begroting 2020-1","dc_type":"bijlage","foi_fairiscoreVersions":{"v1":2,"v2":3},"foi_fileName":"Z%2F20%2F142144%20-%20228442%20-%20Bijlage%203%20Omnibuzz-begroting-2020-1.pdf","foi_nrPages":50},{"dc_format":"application/pdf","dc_identifier":"nl.gm1954.2c.2020.2830832-21.doc.6","dc_source":"https://api1.ibabs.eu/publicdownload.aspx?site=Beekdaelen&id=2e57cbb2-9911-4f7b-8430-7ecf421367f8","dc_title":"Bijlage 4 Omnibuzz begroting 2021 en meerjarenperspectief 2022-2024","dc_type":"bijlage","foi_fairiscoreVersions":{"v1":2,"v2":2},"foi_fileName":"Z%2F20%2F142144%20-%20228442%20-%20Bijlage%204%20Omnibuzz-begroting-2021.pdf","foi_nrPages":66},{"dc_format":"application/pdf","dc_identifier":"nl.gm1954.2c.2020.2830832-21.doc.1","dc_source":"https://api1.ibabs.eu/publicdownload.aspx?site=Beekdaelen&id=4baa453c-cb2e-4e8e-a397-168f7e464518","dc_title":"Raadsvoorstel inzake P&C documenten van GR Omnibuzz","dc_type":"bijlage","foi_fairiscoreVersions":{"v1":1,"v2":1},"foi_fileName":"Z%2F20%2F142144%20-%20228442%20-%20Concept%20jaarrekening%202019_%20eerste%20begrotingswijziging%202020%20en%20begroting%202021%20met%20meerjarenperspectief%202022-2024%20van%20de%20gemenschappelijke%20regeling%20Omnibuzz.pdf","foi_nrPages":5}],"foi_nrDocuments":6,"foi_nrPagesInDossier":235,"foi_publishedDate":"2020-07-07","foi_retrievedDate":"2025-12-29"},{"dc_creator":"HandelingScraper_v1","dc_date_year":2020,"dc_description":"Vergadering van de Gemeente Beekdaelen op 2020-07-07. Onderdeel: Voorstel inzake zienswijze begroting 2021 en meerjarenraming 2021-2025 van GR BsGW.","dc_identifier":"nl.gm1954.2c.2020.2830832-22","dc_publisher":"gm1954","dc_source":"https://beekdaelen.bestuurlijkeinformatie.nl/Agenda/Index/a7debc63-b199-4ee3-852f-8654c294e76e","dc_title":"Raadsvergadering 2020-07-07 - Voorstel inzake zienswijze begroting 2021 en meerjarenraming 2021-2025 van GR BsGW","dc_type":"2c","dc_type_description":"Vergaderstuk decentrale overheid","foi_fairiscoreVersions":{"v1":2,"v2":2},"foi_files":[{"dc_format":"application/pdf","dc_identifier":"nl.gm1954.2c.2020.2830832-22.doc.4","dc_source":"https://api1.ibabs.eu/publicdownload.aspx?site=Beekdaelen&id=0e0b99b3-1cbf-4f5c-b133-bcf3ddd0233f","dc_title":"Bijlage 2 Aanbiedingsbrief BsGW d.d. 10 maart 2020","dc_type":"bijlage","foi_fairiscoreVersions":{"v1":2,"v2":2},"foi_fileName":"Brief.pdf","foi_nrPages":2},{"dc_format":"application/pdf","dc_identifier":"nl.gm1954.2c.2020.2830832-22.doc.5","dc_source":"https://api1.ibabs.eu/publicdownload.aspx?site=Beekdaelen&id=e93ab174-51a0-47a1-bd1e-2c267e827c7d","dc_title":"Jaarrekening 2019_versie 3.3","dc_type":"bijlage","foi_fairiscoreVersions":{"v1":2,"v2":2},"foi_fileName":"Jaarrekening%202019_versie%203.3.pdf","foi_nrPages":41},{"dc_format":"application/pdf","dc_identifier":"nl.gm1954.2c.2020.2830832-22.doc.3","dc_source":"https://api1.ibabs.eu/publicdownload.aspx?site=Beekdaelen&id=49fe1a0f-71ed-4631-8873-c4bf43680372","dc_title":"Bijlage 1 Ontwerpbegroting 2021 en ontwerp meerjarenraming 2021 - 2025 BsGW","dc_type":"bijlage","foi_fairiscoreVersions":{"v1":2,"v2":2},"foi_fileName":"Ontwerpbegroting%20en%20ontwerp%20meerjarenraming.pdf","foi_nrPages":60},{"dc_format":"application/pdf","dc_identifier":"nl.gm1954.2c.2020.2830832-22.doc.1","dc_source":"https://api1.ibabs.eu/publicdownload.aspx?site=Beekdaelen&id=28432f89-c7b2-4ff8-a315-afd819d62925","dc_title":"Raadsvoorstel inzake ontwerpbegroting BsGW 2021","dc_type":"bijlage","foi_fairiscoreVersions":{"v1":1,"v2":1},"foi_fileName":"Z%2F20%2F140459%20-%20227040%20-%20Raadsvoorstel%20ontwerpbegroting%20BsGW%202021.pdf","foi_nrPages":3},{"dc_format":"application/pdf","dc_identifier":"nl.gm1954.2c.2020.2830832-22.doc.2","dc_source":"https://api1.ibabs.eu/publicdownload.aspx?site=Beekdaelen&id=f8807e55-ca3b-432a-8295-05f8a8622422","dc_title":"Raadsbesluit inzake ontwerpbegroting BsGW 2021 vastgesteld 07072020","dc_type":"bijlage","foi_fairiscoreVersions":{"v1":1,"v2":1},"foi_fileName":"Z%2F20%2F140459%20-%20227041%20-%20Raadsbesluit%20ontwerpbegroting%20BsGW%202021.pdf","foi_nrPages":1}],"foi_nrDocuments":5,"foi_nrPagesInDossier":107,"foi_publishedDate":"2020-07-07","foi_retrievedDate":"2026-02-12"},{"dc_creator":"HandelingScraper_v1","dc_date_year":2020,"dc_description":"Vergadering van de Gemeente Beekdaelen op 2020-07-07. Onderdeel: Voorstel inzake ontwerpbegroting 2021 en jaarstukken 2019 van de GR RUD.","dc_identifier":"nl.gm1954.2c.2020.2830832-24","dc_publisher":"gm1954","dc_source":"https://beekdaelen.bestuurlijkeinformatie.nl/Agenda/Index/a7debc63-b199-4ee3-852f-8654c294e76e","dc_title":"Raadsvergadering 2020-07-07 - Voorstel inzake ontwerpbegroting 2021 en jaarstukken 2019 van de GR RUD","dc_type":"2c","dc_type_description":"Vergaderstuk decentrale overheid","foi_fairiscoreVersions":{"v1":2,"v2":2},"foi_files":[{"dc_format":"application/pdf","dc_identifier":"nl.gm1954.2c.2020.2830832-24.doc.2","dc_source":"https://api1.ibabs.eu/publicdownload.aspx?site=Beekdaelen&id=4f599968-b709-46e6-9d47-379d35153639","dc_title":"Raadsbesluit fin. stukken GR RUD vastgesteld 07072020","dc_type":"bijlage","foi_fairiscoreVersions":{"v1":1,"v2":1},"foi_fileName":"Raadsbesluit%20fin.%20stukken%20GR%20RUD%20vastgesteld%2007072020.pdf","foi_nrPages":1},{"dc_format":"application/pdf","dc_identifier":"nl.gm1954.2c.2020.2830832-24.doc.1","dc_source":"https://api1.ibabs.eu/publicdownload.aspx?site=Beekdaelen&id=32f2eb99-8663-4015-adc3-7a82d5fd274f","dc_title":"Raadsvoorstel m.b.t. Ontwerpbegroting 2021 RUD","dc_type":"bijlage","foi_fairiscoreVersions":{"v1":1,"v2":1},"foi_fileName":"Z%2F20%2F141166%20-%20226047%20-%20Raadsvoorstel%20m.b.t.pdf","foi_nrPages":6},{"dc_format":"application/pdf","dc_identifier":"nl.gm1954.2c.2020.2830832-24.doc.3","dc_source":"https://api1.ibabs.eu/publicdownload.aspx?site=Beekdaelen&id=4088486b-d3c9-446b-a537-8e2d57000203","dc_title":"Bijlage 1: Ontwerpbegroting 2021 RUD","dc_type":"bijlage","foi_fairiscoreVersions":{"v1":2,"v2":1},"foi_fileName":"Z%2F20%2F141166%20-%20227601%20-%20bijlage%201%3A%20Ontwerpbegroting%202021%20RUD.pdf","foi_nrPages":28},{"dc_format":"application/pdf","dc_identifier":"nl.gm1954.2c.2020.2830832-24.doc.4","dc_source":"https://api1.ibabs.eu/publicdownload.aspx?site=Beekdaelen&id=9122a67b-e0fe-4aa5-8595-f0c172f102c6","dc_title":"Bijlage 2: Jaarstukken 2019 RUD","dc_type":"bijlage","foi_fairiscoreVersions":{"v1":2,"v2":2},"foi_fileName":"Z%2F20%2F141166%20-%20227603%20-%20Bijlage%202%3A%20Jaarstukken%202019%20RUD.pdf","foi_nrPages":46},{"dc_format":"application/pdf","dc_identifier":"nl.gm1954.2c.2020.2830832-24.doc.5","dc_source":"https://api1.ibabs.eu/publicdownload.aspx?site=Beekdaelen&id=537fd15e-b914-4e08-8aa6-46a705085349","dc_title":"Memorie van Toelichting","dc_type":"bijlage","foi_fairiscoreVersions":{"v1":1,"v2":1},"foi_fileName":"Z%2F20%2F141166%20-%20234590%20-%20Memorie%20van%20Toelichting%20mbt%20vraag%20toezegging%20inzake%20besteding%20positief%20resultaat.pdf","foi_nrPages":2}],"foi_nrDocuments":5,"foi_nrPagesInDossier":83,"foi_publishedDate":"2020-07-07","foi_retrievedDate":"2026-01-23"},{"dc_creator":"HandelingScraper_v1","dc_date_year":2020,"dc_description":"Vergadering van de Gemeente Beekdaelen op 2020-07-07. Onderdeel: Voorstel inzake zienswijze begroting 2021 en meerjarenraming van GR Parkstad Limburg.","dc_identifier":"nl.gm1954.2c.2020.2830832-25","dc_publisher":"gm1954","dc_source":"https://beekdaelen.bestuurlijkeinformatie.nl/Agenda/Index/a7debc63-b199-4ee3-852f-8654c294e76e","dc_title":"Raadsvergadering 2020-07-07 - Voorstel inzake zienswijze begroting 2021 en meerjarenraming van GR Parkstad Limburg","dc_type":"2c","dc_type_description":"Vergaderstuk decentrale overheid","foi_fairiscoreVersions":{"v1":2,"v2":1},"foi_files":[{"dc_format":"application/pdf","dc_identifier":"nl.gm1954.2c.2020.2830832-25.doc.1","dc_source":"https://api1.ibabs.eu/publicdownload.aspx?site=Beekdaelen&id=ebd0f8e4-706b-45e0-b6aa-9993a0d604a0","dc_title":"Raadsvoorstel Begroting 2021 e.v. Parkstad","dc_type":"bijlage","foi_fairiscoreVersions":{"v1":1,"v2":1},"foi_fileName":"Begroting%202021%20e.v.pdf","foi_nrPages":5},{"dc_format":"application/pdf","dc_identifier":"nl.gm1954.2c.2020.2830832-25.doc.2","dc_source":"https://api1.ibabs.eu/publicdownload.aspx?site=Beekdaelen&id=51bf2462-2a7f-48cd-9ec8-ced58016ce92","dc_title":"Raadsbesluit zienswijze fin. stukken GR Parkstad Limburg vastgesteld 07072020","dc_type":"bijlage","foi_fairiscoreVersions":{"v1":1,"v2":1},"foi_fileName":"Raadsbesluit%20zienswijze%20fin.%20stukken%20GR%20Parkstad%20Limburg%20vastgesteld%2007072020.pdf","foi_nrPages":1},{"dc_format":"application/pdf","dc_identifier":"nl.gm1954.2c.2020.2830832-25.doc.4","dc_source":"https://api1.ibabs.eu/publicdownload.aspx?site=Beekdaelen&id=f8340e6a-3c62-49a3-913c-949ddac7c234","dc_title":"concept begroting 2021 en Meerjarenramingen 2022 - 2024","dc_type":"bijlage","foi_fairiscoreVersions":{"v1":2,"v2":1},"foi_fileName":"Z%2F20%2F143819%20-%20232139.pdf","foi_nrPages":42},{"dc_format":"application/pdf","dc_identifier":"nl.gm1954.2c.2020.2830832-25.doc.3","dc_source":"https://api1.ibabs.eu/publicdownload.aspx?site=Beekdaelen&id=5106bf0e-6577-4d72-a8de-c2b1fed3b566","dc_title":"voorlopige Jaarstukken 2019","dc_type":"bijlage","foi_fairiscoreVersions":{"v1":2,"v2":1},"foi_fileName":"Z%2F20%2F143819%20-%20232538.pdf","foi_nrPages":109}],"foi_nrDocuments":4,"foi_nrPagesInDossier":157,"foi_publishedDate":"2020-07-07","foi_retrievedDate":"2025-11-30"},{"dc_creator":"HandelingScraper_v1","dc_date_year":2020,"dc_description":"Vergadering van de Gemeente Beekdaelen op 2020-07-07. Onderdeel: Voorstel inzake ontheffing woonplaatsvereiste burgemeester Geurts.","dc_identifier":"nl.gm1954.2c.2020.2830832-27","dc_publisher":"gm1954","dc_source":"https://beekdaelen.bestuurlijkeinformatie.nl/Agenda/Index/a7debc63-b199-4ee3-852f-8654c294e76e","dc_title":"Raadsvergadering 2020-07-07 - Voorstel inzake ontheffing woonplaatsvereiste burgemeester Geurts","dc_type":"2c","dc_type_description":"Vergaderstuk decentrale overheid","foi_fairiscoreVersions":{"v1":1,"v2":1},"foi_files":[{"dc_format":"application/pdf","dc_identifier":"nl.gm1954.2c.2020.2830832-27.doc.2","dc_source":"https://api1.ibabs.eu/publicdownload.aspx?site=Beekdaelen&id=6b430a62-b996-495b-8206-04668a195af4","dc_title":"Raadsbesluit inzake ontheffing woonplaatsvereiste vastgesteld 07072020","dc_type":"bijlage","foi_fairiscoreVersions":{"v1":1,"v2":1},"foi_fileName":"RB%20inzake%20ontheffing%20woonplaatsvereiste.pdf","foi_nrPages":1},{"dc_format":"application/pdf","dc_identifier":"nl.gm1954.2c.2020.2830832-27.doc.1","dc_source":"https://api1.ibabs.eu/publicdownload.aspx?site=Beekdaelen&id=fb204059-dbec-4303-9010-1385bb7f5553","dc_title":"Raadsvoorstel inzake ontheffing woonplaatsvereiste","dc_type":"bijlage","foi_fairiscoreVersions":{"v1":1,"v2":1},"foi_fileName":"RV%20inzake%20ontheffing%20woonplaatsvereiste.pdf","foi_nrPages":2}],"foi_nrDocuments":2,"foi_nrPagesInDossier":3,"foi_publishedDate":"2020-07-07","foi_retrievedDate":"2026-03-03"},{"dc_creator":"HandelingScraper_v1","dc_date_year":2020,"dc_description":"Vergadering van de Gemeente Beekdaelen op 2020-07-07. Onderdeel: Voorstel inzake delegatiebesluit werkgeverscommissie.","dc_identifier":"nl.gm1954.2c.2020.2830832-28","dc_publisher":"gm1954","dc_source":"https://beekdaelen.bestuurlijkeinformatie.nl/Agenda/Index/a7debc63-b199-4ee3-852f-8654c294e76e","dc_title":"Raadsvergadering 2020-07-07 - Voorstel inzake delegatiebesluit werkgeverscommissie","dc_type":"2c","dc_type_description":"Vergaderstuk decentrale overheid","foi_fairiscoreVersions":{"v1":1,"v2":1},"foi_files":[{"dc_format":"application/pdf","dc_identifier":"nl.gm1954.2c.2020.2830832-28.doc.3","dc_source":"https://api1.ibabs.eu/publicdownload.aspx?site=Beekdaelen&id=9b7e1694-33be-4e0d-bc69-ed817c37c9aa","dc_title":"Delegatiebesluit bevoegdheden raad aan werkgeverscommissie vastgesteld 07072020","dc_type":"bijlage","foi_fairiscoreVersions":{"v1":1,"v2":1},"foi_fileName":"Delegatiebesluit%20bevoegdheden%20raad%20aan%20werkgeverscommissie%20vastgesteld%2007072020.pdf","foi_nrPages":1},{"dc_format":"application/pdf","dc_identifier":"nl.gm1954.2c.2020.2830832-28.doc.2","dc_source":"https://api1.ibabs.eu/publicdownload.aspx?site=Beekdaelen&id=07fcf66f-2304-44be-9432-276eb855b23e","dc_title":"Raadsbesluit inzake delegatie bevoegdheden raad aan werkgeverscommissie vastgesteld 07072020","dc_type":"bijlage","foi_fairiscoreVersions":{"v1":1,"v2":1},"foi_fileName":"Raadsbesluit%20inzake%20delegatie%20bevoegdheden%20raad%20aan%20werkgeverscommissie%20vastgesteld%2007072020.pdf","foi_nrPages":1},{"dc_format":"application/pdf","dc_identifier":"nl.gm1954.2c.2020.2830832-28.doc.1","dc_source":"https://api1.ibabs.eu/publicdownload.aspx?site=Beekdaelen&id=00b9a026-0064-446f-9a27-c7d22f394362","dc_title":"Raadsvoorstel inzake delegatiebesluit werkgeverscommissie","dc_type":"bijlage","foi_fairiscoreVersions":{"v1":1,"v2":1},"foi_fileName":"RVS%20inzake%20delegatiebesluit%20werkgeverscommissie.pdf","foi_nrPages":2}],"foi_nrDocuments":3,"foi_nrPagesInDossier":4,"foi_publishedDate":"2020-07-07","foi_retrievedDate":"2026-01-23"},{"dc_creator":"HandelingScraper_v1","dc_date_year":2020,"dc_description":"Vergadering van de Gemeente Beekdaelen op 2020-07-07. Onderdeel: Voorstel inzake vaststellen verordening werkgeverscommissie.","dc_identifier":"nl.gm1954.2c.2020.2830832-29","dc_publisher":"gm1954","dc_source":"https://beekdaelen.bestuurlijkeinformatie.nl/Agenda/Index/a7debc63-b199-4ee3-852f-8654c294e76e","dc_title":"Raadsvergadering 2020-07-07 - Voorstel inzake vaststellen verordening werkgeverscommissie","dc_type":"2c","dc_type_description":"Vergaderstuk decentrale overheid","foi_fairiscoreVersions":{"v1":1,"v2":1},"foi_files":[{"dc_format":"application/pdf","dc_identifier":"nl.gm1954.2c.2020.2830832-29.doc.2","dc_source":"https://api1.ibabs.eu/publicdownload.aspx?site=Beekdaelen&id=032db0aa-e7b7-40b2-96e8-c13629969c09","dc_title":"Raadsbesluit inzake verordening werkgeverscommissie vastgesteld 0707202","dc_type":"bijlage","foi_fairiscoreVersions":{"v1":1,"v2":1},"foi_fileName":"Raadsbesluit%20incl%20verordening%20werkgeverscommissie%20vastgesteld%200707202.pdf","foi_nrPages":1},{"dc_format":"application/pdf","dc_identifier":"nl.gm1954.2c.2020.2830832-29.doc.1","dc_source":"https://api1.ibabs.eu/publicdownload.aspx?site=Beekdaelen&id=425ad2d6-f6ca-4691-828d-8a4169db8a46","dc_title":"Raadsvoorstel inzake aanpassen verordening werkgeverscommissie","dc_type":"bijlage","foi_fairiscoreVersions":{"v1":1,"v2":1},"foi_fileName":"Raadsvoorstel%20inzake%20aanpassen%20verordening%20werkgeverscommissie.pdf","foi_nrPages":2},{"dc_format":"application/pdf","dc_identifier":"nl.gm1954.2c.2020.2830832-29.doc.3","dc_source":"https://api1.ibabs.eu/publicdownload.aspx?site=Beekdaelen&id=74b28d44-98af-4a08-a001-b797a491a953","dc_title":"Verordening Werkgeverscie. Griffie Beekdaelen 2020 incl. toelichting en was-wordt lijst - vastgesteld 07072020","dc_type":"bijlage","foi_fairiscoreVersions":{"v1":1,"v2":1},"foi_fileName":"Verordening%20Werkgeverscie.%20Griffie%20Beekdaelen%202020%20incl.%20toelichting%20en%20was-wordt%20lijst%20-%20vastgesteld%2007072020.pdf","foi_nrPages":7}],"foi_nrDocuments":3,"foi_nrPagesInDossier":10,"foi_publishedDate":"2020-07-07","foi_retrievedDate":"2026-01-23"},{"dc_creator":"HandelingScraper_v1","dc_date_year":2020,"dc_description":"Vergadering van de Gemeente Beekdaelen op 2020-07-07. Onderdeel: Vaststellen besluitenlijst openbare raadsvergadering d.d. 19 mei 2020.","dc_identifier":"nl.gm1954.2c.2020.2830832-3","dc_publisher":"gm1954","dc_source":"https://beekdaelen.bestuurlijkeinformatie.nl/Agenda/Index/a7debc63-b199-4ee3-852f-8654c294e76e","dc_title":"Raadsvergadering 2020-07-07 - Vaststellen besluitenlijst openbare raadsvergadering d.d. 19 mei 2020","dc_type":"2c","dc_type_description":"Vergaderstuk decentrale overheid","foi_fairiscoreVersions":{"v1":1,"v2":1},"foi_files":[{"dc_format":"application/pdf","dc_identifier":"nl.gm1954.2c.2020.2830832-3.doc.1","dc_source":"https://api1.ibabs.eu/publicdownload.aspx?site=Beekdaelen&id=3325fcc9-514d-42c3-9119-030e10e0c5aa","dc_title":"Besluitenlijst raadsvergadering 19 mei 2020 vastgesteld 07072020","dc_type":"bijlage","foi_fairiscoreVersions":{"v1":1,"v2":1},"foi_fileName":"Besluitenlijst%20raadsvergadering%2019%20mei%202020.pdf","foi_nrPages":9}],"foi_nrDocuments":1,"foi_nrPagesInDossier":9,"foi_publishedDate":"2020-07-07","foi_retrievedDate":"2026-02-13"},{"dc_creator":"HandelingScraper_v1","dc_date_year":2020,"dc_description":"Vergadering van de Gemeente Beekdaelen op 2020-07-07. Onderdeel: Voorstel inzake ontslag en benoeming griffiepersoneel.","dc_identifier":"nl.gm1954.2c.2020.2830832-30","dc_publisher":"gm1954","dc_source":"https://beekdaelen.bestuurlijkeinformatie.nl/Agenda/Index/a7debc63-b199-4ee3-852f-8654c294e76e","dc_title":"Raadsvergadering 2020-07-07 - Voorstel inzake ontslag en benoeming griffiepersoneel","dc_type":"2c","dc_type_description":"Vergaderstuk decentrale overheid","foi_fairiscoreVersions":{"v1":1,"v2":1},"foi_files":[{"dc_format":"application/pdf","dc_identifier":"nl.gm1954.2c.2020.2830832-30.doc.2","dc_source":"https://api1.ibabs.eu/publicdownload.aspx?site=Beekdaelen&id=23865b98-525c-4b43-86ba-c750a07b784b","dc_title":"Raadsbesluit inzake ontslag en benoeming griffiepersoneel vastgesteld 07072020","dc_type":"bijlage","foi_fairiscoreVersions":{"v1":1,"v2":1},"foi_fileName":"RB%20inzake%20ontslag%20en%20benoeming%20griffiepersoneel.pdf","foi_nrPages":1},{"dc_format":"application/pdf","dc_identifier":"nl.gm1954.2c.2020.2830832-30.doc.1","dc_source":"https://api1.ibabs.eu/publicdownload.aspx?site=Beekdaelen&id=0e688673-627b-4527-ae16-abba8b66ee29","dc_title":"Raadsvoorstel inzake ontslag en benoeming griffiepersoneel","dc_type":"bijlage","foi_fairiscoreVersions":{"v1":1,"v2":1},"foi_fileName":"RV%20inzake%20ontslag%20en%20benoeming%20griffiepersoneel.pdf","foi_nrPages":2}],"foi_nrDocuments":2,"foi_nrPagesInDossier":3,"foi_publishedDate":"2020-07-07","foi_retrievedDate":"2026-03-07"},{"dc_creator":"HandelingScraper_v1","dc_date_year":2020,"dc_description":"Vergadering van de Gemeente Beekdaelen op 2020-07-07. Onderdeel: Voorstel inzake toepassen vrijwilligersregeling op vergoeding commissieleden.","dc_identifier":"nl.gm1954.2c.2020.2830832-31","dc_publisher":"gm1954","dc_source":"https://beekdaelen.bestuurlijkeinformatie.nl/Agenda/Index/a7debc63-b199-4ee3-852f-8654c294e76e","dc_title":"Raadsvergadering 2020-07-07 - Voorstel inzake toepassen vrijwilligersregeling op vergoeding commissieleden","dc_type":"2c","dc_type_description":"Vergaderstuk decentrale overheid","foi_fairiscoreVersions":{"v1":2,"v2":2},"foi_files":[{"dc_format":"application/pdf","dc_identifier":"nl.gm1954.2c.2020.2830832-31.doc.3","dc_source":"https://api1.ibabs.eu/publicdownload.aspx?site=Beekdaelen&id=d3cf9c9f-83a4-49f9-8e4d-1997d563ebef","dc_title":"Aanmerken presentievergoeding cieleden als vrijwilligersvergoeding","dc_type":"bijlage","foi_fairiscoreVersions":{"v1":1,"v2":1},"foi_fileName":"Aanmerken%20presentievergoeding%20cieleden%20als%20vrijwilligersvergoeding.pdf","foi_nrPages":3},{"dc_format":"application/pdf","dc_identifier":"nl.gm1954.2c.2020.2830832-31.doc.4","dc_source":"https://api1.ibabs.eu/publicdownload.aspx?site=Beekdaelen&id=553baa17-1915-43fc-be24-a21bf08135d4","dc_title":"Circulaire m.b.t. vrijwilligersvergoeding - presentiegelden","dc_type":"bijlage","foi_fairiscoreVersions":{"v1":5,"v2":5},"foi_fileName":"Circulaire%20m.b.t.%20vrijwillergsvergoeding%20-%20presentiegelden.pdf","foi_nrPages":21},{"dc_format":"application/pdf","dc_identifier":"nl.gm1954.2c.2020.2830832-31.doc.1","dc_source":"https://api1.ibabs.eu/publicdownload.aspx?site=Beekdaelen&id=c828e6f6-2f8b-483d-9191-ff0c57bb4659","dc_title":"Raadsvoorstel inzake toepassen vrijwilligersregeling op vergoeding commissieleden","dc_type":"bijlage","foi_fairiscoreVersions":{"v1":1,"v2":1},"foi_fileName":"Z%2F20%2F145288%20-%20235153%20-%20toepassen%20vrijwilligersregeling%20op%20vergoeding%20commissieleden.pdf","foi_nrPages":3},{"dc_format":"application/pdf","dc_identifier":"nl.gm1954.2c.2020.2830832-31.doc.2","dc_source":"https://api1.ibabs.eu/publicdownload.aspx?site=Beekdaelen&id=d1ce7a64-b40f-42d6-a673-6f4af76c97a0","dc_title":"Raadsbesluit inzake toepassen vrijwilligersregeling op presentievergoedingen commissieleden vastgesteld 07072020","dc_type":"bijlage","foi_fairiscoreVersions":{"v1":1,"v2":1},"foi_fileName":"Z%2F20%2F145288%20-%20235231%20-%20raadsbesluit%20toepassen%20vrijwilligersregeling%20op%20presentievergoedingen%20commissieleden.pdf","foi_nrPages":1}],"foi_nrDocuments":4,"foi_nrPagesInDossier":28,"foi_publishedDate":"2020-07-07","foi_retrievedDate":"2026-03-06"},{"dc_creator":"HandelingScraper_v1","dc_date_year":2020,"dc_description":"Vergadering van de Gemeente Beekdaelen op 2020-07-07. Onderdeel: Vaststelling lijst ingekomen stukken.","dc_identifier":"nl.gm1954.2c.2020.2830832-32","dc_publisher":"gm1954","dc_source":"https://beekdaelen.bestuurlijkeinformatie.nl/Agenda/Index/a7debc63-b199-4ee3-852f-8654c294e76e","dc_title":"Raadsvergadering 2020-07-07 - Vaststelling lijst ingekomen stukken","dc_type":"2c","dc_type_description":"Vergaderstuk decentrale overheid","foi_fairiscoreVersions":{"v1":1,"v2":1},"foi_files":[{"dc_format":"application/pdf","dc_identifier":"nl.gm1954.2c.2020.2830832-32.doc.1","dc_source":"https://api1.ibabs.eu/publicdownload.aspx?site=Beekdaelen&id=2af11114-4fae-4af1-a159-2cdff3dedd96","dc_title":"Lijst ingekomen stukken raad 07072020 vastgesteld 07072020","dc_type":"bijlage","foi_fairiscoreVersions":{"v1":1,"v2":1},"foi_fileName":"Lijst%20ingekomen%20stukken%20raad%2007072020%20bijgewerkt%20tm%2002072020.pdf","foi_nrPages":9}],"foi_nrDocuments":1,"foi_nrPagesInDossier":9,"foi_publishedDate":"2020-07-07","foi_retrievedDate":"2026-03-10"},{"dc_creator":"HandelingScraper_v1","dc_date_year":2020,"dc_description":"Vergadering van de Gemeente Beekdaelen op 2020-07-07. Onderdeel: Moties vreemd aan de orde van de dag.","dc_identifier":"nl.gm1954.2c.2020.2830832-33","dc_publisher":"gm1954","dc_source":"https://beekdaelen.bestuurlijkeinformatie.nl/Agenda/Index/a7debc63-b199-4ee3-852f-8654c294e76e","dc_title":"Raadsvergadering 2020-07-07 - Moties vreemd aan de orde van de dag","dc_type":"2c","dc_type_description":"Vergaderstuk decentrale overheid","foi_fairiscoreVersions":{"v1":null,"v2":null},"foi_files":[{"dc_format":"application/pdf","dc_identifier":"nl.gm1954.2c.2020.2830832-33.doc.3","dc_source":"https://api1.ibabs.eu/publicdownload.aspx?site=Beekdaelen&id=b3224ef9-af4f-483f-ac6e-c9964f43b81f","dc_title":"3. Motie BL, VG, CDA, GL, PvdA en VVD inzake tijdelijke pre mantelzorgwoningen AANGENOMEN","dc_type":"bijlage","foi_fileName":"Motie%20BL_%20VG_%20CDA_%20GL_%20PvdA%20en%20VVD%20inzake%20tijdelijke%20pre%20mantelzorgwoningen%20AANGENOMEN.pdf"},{"dc_format":"application/pdf","dc_identifier":"nl.gm1954.2c.2020.2830832-33.doc.4","dc_source":"https://api1.ibabs.eu/publicdownload.aspx?site=Beekdaelen&id=b18941ea-e0e8-4733-9468-a105ef8a2727","dc_title":"4. Motie CDA, VG, BL en VVD inzake BTW verlaging AANGENOMEN","dc_type":"bijlage","foi_fileName":"Motie%20CDA_%20VG_%20BL%20en%20VVD%20inzake%20BTW%20verlaging%20AANGENOMEN.pdf"},{"dc_format":"application/pdf","dc_identifier":"nl.gm1954.2c.2020.2830832-33.doc.1","dc_source":"https://api1.ibabs.eu/publicdownload.aspx?site=Beekdaelen&id=bc1f1bee-fc5d-4f34-aa0e-36741f37291c","dc_title":"1. Motie D66 en VVD inzake bronsgroenerhof VERWORPEN","dc_type":"bijlage","foi_fileName":"Motie%20D66%20en%20VVD%20inzake%20bronsgroenerhof%20VERWORPEN.pdf"},{"dc_format":"application/pdf","dc_identifier":"nl.gm1954.2c.2020.2830832-33.doc.5","dc_source":"https://api1.ibabs.eu/publicdownload.aspx?site=Beekdaelen&id=2bc7ef3e-6098-486d-acf8-162b505d490a","dc_title":"5. Motie VG, GL, PvdA en D66 inzake opvang vluchtelingenkinderen van Griekse eilanden AANGENOMEN","dc_type":"bijlage","foi_fileName":"Motie%20VG_%20GL_%20PvdA%20en%20D66%20inzake%20opvang%20vluchtelingenkinderen%20van%20Griekse%20eilanden%20AANGENOMEN.pdf"},{"dc_format":"application/pdf","dc_identifier":"nl.gm1954.2c.2020.2830832-33.doc.2","dc_source":"https://api1.ibabs.eu/publicdownload.aspx?site=Beekdaelen&id=8fac9f47-9f80-43c1-aa79-7651ee036c69","dc_title":"2. Motie VVD, D66 en BL inzake Ondernemers met schulden AANGENOMEN","dc_type":"bijlage","foi_fileName":"Motie%20VVD_%20D66%20en%20BL%20inzake%20Ondernemers%20met%20schulden%20AANGENOMEN.pdf"}],"foi_nrDocuments":5,"foi_nrPagesInDossier":0,"foi_publishedDate":"2020-07-07","foi_retrievedDate":"2025-11-30"},{"dc_creator":"HandelingScraper_v1","dc_date_year":2020,"dc_description":"Vergadering van de Gemeente Beekdaelen op 2020-07-07. Onderdeel: Eerste bestuursrapportage 2020.","dc_identifier":"nl.gm1954.2c.2020.2830832-4","dc_publisher":"gm1954","dc_source":"https://beekdaelen.bestuurlijkeinformatie.nl/Agenda/Index/a7debc63-b199-4ee3-852f-8654c294e76e","dc_title":"Raadsvergadering 2020-07-07 - Eerste bestuursrapportage 2020","dc_type":"2c","dc_type_description":"Vergaderstuk decentrale overheid","foi_fairiscoreVersions":{"v1":null,"v2":null},"foi_files":[{"dc_format":"application/pdf","dc_identifier":"nl.gm1954.2c.2020.2830832-4.doc.7","dc_source":"https://api1.ibabs.eu/publicdownload.aspx?site=Beekdaelen&id=ced6c4cb-a8ae-40ee-9167-3d924bd764c6","dc_title":"Memorie van antwoord vragen 1e burap 2020 D66","dc_type":"bijlage","foi_fileName":"Memorie%20van%20antwoord%20vragen%201e%20burap%202020%20D66.pdf"},{"dc_format":"application/pdf","dc_identifier":"nl.gm1954.2c.2020.2830832-4.doc.6","dc_source":"https://api1.ibabs.eu/publicdownload.aspx?site=Beekdaelen&id=c473a2b7-8c35-4f91-b6ee-526de5f517bb","dc_title":"Memorie van antwoord vragen VVD 1e burap 2020 en kadernota 2021","dc_type":"bijlage","foi_fileName":"Memorie%20van%20antwoord%20vragen%20VVD%201e%20burap%202020%20en%20kadernota%202021.pdf"},{"dc_format":"application/pdf","dc_identifier":"nl.gm1954.2c.2020.2830832-4.doc.4","dc_source":"https://api1.ibabs.eu/publicdownload.aspx?site=Beekdaelen&id=7be262b6-33f2-48c9-bbba-83b13ed4ad4a","dc_title":"Nota van wijziging eerste burap 2020","dc_type":"bijlage","foi_fileName":"Nota%20van%20wijziging%20eerste%20burap%202020.pdf"},{"dc_format":"application/pdf","dc_identifier":"nl.gm1954.2c.2020.2830832-4.doc.2","dc_source":"https://api1.ibabs.eu/publicdownload.aspx?site=Beekdaelen&id=73bf6990-27d6-4803-9bcc-01074bd44070","dc_title":"Raadsbesluit 1e bestuursrapportage 2020 vastgesteld 07072020","dc_type":"bijlage","foi_fileName":"Raadsbesluit%201e%20bestuursrapportage%202020%20vastgesteld%2007072020.pdf"},{"dc_format":"application/pdf","dc_identifier":"nl.gm1954.2c.2020.2830832-4.doc.3","dc_source":"https://api1.ibabs.eu/publicdownload.aspx?site=Beekdaelen&id=8decbecd-ca2b-4787-8b14-fc3245e2611c","dc_title":"Eerste burap 2020","dc_type":"bijlage","foi_fileName":"Z%2F20%2F141985%20-%20228203%20Definitief.pdf"},{"dc_format":"application/pdf","dc_identifier":"nl.gm1954.2c.2020.2830832-4.doc.5","dc_source":"https://api1.ibabs.eu/publicdownload.aspx?site=Beekdaelen&id=fa26d672-faf9-492d-827a-12944bff9e18","dc_title":"Begrotingswijziging1e burap 2020","dc_type":"bijlage","foi_fileName":"Z%2F20%2F141985%20-%20228216%20-%201e%20burap%202020%20Begrotingswijziging.pdf"},{"dc_format":"application/pdf","dc_identifier":"nl.gm1954.2c.2020.2830832-4.doc.1","dc_source":"https://api1.ibabs.eu/publicdownload.aspx?site=Beekdaelen&id=cbc0a9b1-2b49-4fcb-8745-9cb7ed3d3e1f","dc_title":"Raadsvoorstel eerste burap 2020","dc_type":"bijlage","foi_fileName":"Z%2F20%2F141985%20raadsvoorstel%201e%20burap%202020.pdf"}],"foi_nrDocuments":7,"foi_nrPagesInDossier":0,"foi_publishedDate":"2020-07-07","foi_retrievedDate":"2025-11-30"},{"dc_creator":"HandelingScraper_v1","dc_date_year":2020,"dc_description":"Vergadering van de Gemeente Beekdaelen op 2020-07-07. Onderdeel: Voorstel inzake Kadernota 2021.","dc_identifier":"nl.gm1954.2c.2020.2830832-5","dc_publisher":"gm1954","dc_source":"https://beekdaelen.bestuurlijkeinformatie.nl/Agenda/Index/a7debc63-b199-4ee3-852f-8654c294e76e","dc_title":"Raadsvergadering 2020-07-07 - Voorstel inzake Kadernota 2021","dc_type":"2c","dc_type_description":"Vergaderstuk decentrale overheid","foi_fairiscoreVersions":{"v1":2,"v2":2},"foi_files":[{"dc_format":"application/pdf","dc_identifier":"nl.gm1954.2c.2020.2830832-5.doc.6","dc_source":"https://api1.ibabs.eu/publicdownload.aspx?site=Beekdaelen&id=65384421-c786-482c-b150-ad4eacad337a","dc_title":"Memorie van antwoord vragen kadernota Beekdaelen lokaal en VVD","dc_type":"bijlage","foi_fairiscoreVersions":{"v1":1,"v2":1},"foi_fileName":"Memorie%20van%20antwoord%20vragen%20kadernota%20Beekdaelen%20lokaal%20en%20VVD.pdf","foi_nrPages":13},{"dc_format":"application/pdf","dc_identifier":"nl.gm1954.2c.2020.2830832-5.doc.5","dc_source":"https://api1.ibabs.eu/publicdownload.aspx?site=Beekdaelen&id=c58887bc-6fdd-43c0-91a2-49f78b0d66f6","dc_title":"Memorie van antwoord vragen VVD 1e burap 2020 en kadernota 2021","dc_type":"bijlage","foi_fairiscoreVersions":{"v1":1,"v2":1},"foi_fileName":"Memorie%20van%20antwoord%20vragen%20VVD%201e%20burap%202020%20en%20kadernota%202021.pdf","foi_nrPages":5},{"dc_format":"application/pdf","dc_identifier":"nl.gm1954.2c.2020.2830832-5.doc.7","dc_source":"https://api1.ibabs.eu/publicdownload.aspx?site=Beekdaelen&id=448bc28b-3827-4a56-8512-aff5260cb5c4","dc_title":"1. Motie CDA, VG, GL, PvdA en D66 inzake circulariteit vanuit de kracht van Beekdaelen AANGENOMEN","dc_type":"bijlage","foi_fairiscoreVersions":{"v1":1,"v2":1},"foi_fileName":"Motie%20CDA_%20VG_%20GL_%20PvdA%20en%20D66%20inzake%20circulariteit%20vanuit%20de%20kracht%20van%20Beekdaelen%20AANGENOMEN.pdf","foi_nrPages":2},{"dc_format":"application/pdf","dc_identifier":"nl.gm1954.2c.2020.2830832-5.doc.10","dc_source":"https://api1.ibabs.eu/publicdownload.aspx?site=Beekdaelen&id=5d5445ec-4d9d-4919-aabb-15536968f0e2","dc_title":"4. Motie GL en PvdA inzake mobiele cameras AANGENOMEN","dc_type":"bijlage","foi_fairiscoreVersions":{"v1":1,"v2":1},"foi_fileName":"Motie%20GL%20en%20PvdA%20inzake%20mobiele%20cameras%20AANGENOMEN.pdf","foi_nrPages":1},{"dc_format":"application/pdf","dc_identifier":"nl.gm1954.2c.2020.2830832-5.doc.8","dc_source":"https://api1.ibabs.eu/publicdownload.aspx?site=Beekdaelen&id=4d712f52-8906-4e56-b7a7-02ed4369562f","dc_title":"2. Motie VG, CDA, GL en PvdA Inzake water en modderoverlast AANGENOMEN","dc_type":"bijlage","foi_fairiscoreVersions":{"v1":1,"v2":1},"foi_fileName":"Motie%20VG_%20CDA_%20GL%20en%20PvdA%20Inzake%20water%20en%20modderoverlast%20AANGENOMEN.pdf","foi_nrPages":2},{"dc_format":"application/pdf","dc_identifier":"nl.gm1954.2c.2020.2830832-5.doc.9","dc_source":"https://api1.ibabs.eu/publicdownload.aspx?site=Beekdaelen&id=fda254ad-c257-4d9a-9d08-9925920866e5","dc_title":"3. Motie VVD, D66 en BL inzake impulssubsidie Euregionaal Onderwijs AANGENOMEN","dc_type":"bijlage","foi_fairiscoreVersions":{"v1":1,"v2":1},"foi_fileName":"Motie%20VVD_%20D66%20en%20BL%20inzake%20impulssubsidie%20Euregionaal%20Onderwijs%20AANGENOMEN.pdf","foi_nrPages":2},{"dc_format":"application/pdf","dc_identifier":"nl.gm1954.2c.2020.2830832-5.doc.2","dc_source":"https://api1.ibabs.eu/publicdownload.aspx?site=Beekdaelen&id=196e8430-b862-451a-91ac-2937a62586d9","dc_title":"Raadsbesluit vaststellen Kadernota 2021 vastgesteld 07072020","dc_type":"bijlage","foi_fairiscoreVersions":{"v1":1,"v2":1},"foi_fileName":"Raadsbesluit%20vaststellen%20Kadernota%202021%20vastgesteld%2007072020.pdf","foi_nrPages":1},{"dc_format":"application/pdf","dc_identifier":"nl.gm1954.2c.2020.2830832-5.doc.1","dc_source":"https://api1.ibabs.eu/publicdownload.aspx?site=Beekdaelen&id=963e9b51-4aef-44f5-a3f7-1379ac089010","dc_title":"Raadsvoorstel Kadernota 2021","dc_type":"bijlage","foi_fairiscoreVersions":{"v1":1,"v2":1},"foi_fileName":"Z%2F20%2F141700%20-%20231489%20-%20Kadernota%202021.pdf","foi_nrPages":3},{"dc_format":"application/pdf","dc_identifier":"nl.gm1954.2c.2020.2830832-5.doc.3","dc_source":"https://api1.ibabs.eu/publicdownload.aspx?site=Beekdaelen&id=62007937-c03d-47ac-865d-38d1d4754da1","dc_title":"Kadernota 2021","dc_type":"bijlage","foi_fairiscoreVersions":{"v1":2,"v2":2},"foi_fileName":"Z%2F20%2F141700%20-%20233126%20-%20Kadernota%202021.pdf","foi_nrPages":59},{"dc_format":"application/pdf","dc_identifier":"nl.gm1954.2c.2020.2830832-5.doc.4","dc_source":"https://api1.ibabs.eu/publicdownload.aspx?site=Beekdaelen&id=452494f7-e6b9-4734-b6f5-0c7805d28d56","dc_title":"Begrotingswijziging kadernota 2021","dc_type":"bijlage","foi_fairiscoreVersions":{"v1":1,"v2":1},"foi_fileName":"Z%2F20%2F141700%20-%20234969%20-%20Begrotingswijziging%20kadernota%202021.pdf","foi_nrPages":1}],"foi_nrDocuments":10,"foi_nrPagesInDossier":89,"foi_publishedDate":"2020-07-07","foi_retrievedDate":"2025-12-03"},{"dc_creator":"HandelingScraper_v1","dc_date_year":2020,"dc_description":"Vergadering van de Gemeente Beekdaelen op 2020-07-07. Onderdeel: Nader voorstel inzake gemeentelijke huisvesting Beekdaelen.","dc_identifier":"nl.gm1954.2c.2020.2830832-6","dc_publisher":"gm1954","dc_source":"https://beekdaelen.bestuurlijkeinformatie.nl/Agenda/Index/a7debc63-b199-4ee3-852f-8654c294e76e","dc_title":"Raadsvergadering 2020-07-07 - Nader voorstel inzake gemeentelijke huisvesting Beekdaelen","dc_type":"2c","dc_type_description":"Vergaderstuk decentrale overheid","foi_fairiscoreVersions":{"v1":1,"v2":1},"foi_files":[{"dc_format":"application/pdf","dc_identifier":"nl.gm1954.2c.2020.2830832-6.doc.6","dc_source":"https://api1.ibabs.eu/publicdownload.aspx?site=Beekdaelen&id=c5e093f7-988c-49be-b705-433dbe5d6e14","dc_title":"Amendement PvdA inzake gemeentelijke huisvesting VERWORPEN","dc_type":"bijlage","foi_fairiscoreVersions":{"v1":1,"v2":1},"foi_fileName":"Amendement%20PvdA%20inzake%20gemeentelijke%20huisvesting%20VERWORPEN.pdf","foi_nrPages":2},{"dc_format":"application/pdf","dc_identifier":"nl.gm1954.2c.2020.2830832-6.doc.3","dc_source":"https://api1.ibabs.eu/publicdownload.aspx?site=Beekdaelen&id=4a26fdba-8f85-4cd5-92af-f6c528f0be15","dc_title":"Bijlage 0 De 10 uitgangspunten uit de moties van Onderbanken en Schinnen eind 2018","dc_type":"bijlage","foi_fairiscoreVersions":{"v1":1,"v2":1},"foi_fileName":"Bijlage%200%20De%2010%20uitgangspunten%20uit%20de%20moties%20van%20Onderbanken%20en%20Schinnen%20eind%202018.pdf","foi_nrPages":1},{"dc_format":"application/pdf","dc_identifier":"nl.gm1954.2c.2020.2830832-6.doc.4","dc_source":"https://api1.ibabs.eu/publicdownload.aspx?site=Beekdaelen&id=fd55cfb5-477e-4e71-ba86-b18fc5451673","dc_title":"Bijlage 1 De 10 uitgangspunten uit het oude HEVO Rapport van eind 2017","dc_type":"bijlage","foi_fairiscoreVersions":{"v1":1,"v2":1},"foi_fileName":"Bijlage%201%20De%2010%20uitgangspunten%20uit%20het%20oude%20HEVO%20Rapport%20van%20eind%202017.pdf","foi_nrPages":1},{"dc_format":"application/pdf","dc_identifier":"nl.gm1954.2c.2020.2830832-6.doc.5","dc_source":"https://api1.ibabs.eu/publicdownload.aspx?site=Beekdaelen&id=c386f9bb-f6d7-4c34-9233-76d50b11e0d5","dc_title":"Bijlage 2 Kaart Zoekgebied Huisvesting Beekdaelen","dc_type":"bijlage","foi_fairiscoreVersions":{"v1":1,"v2":1},"foi_fileName":"Bijlage%202%20Kaart%20Zoekgebied%20Huisvesting%20Beekdaelen.pdf","foi_nrPages":1},{"dc_format":"application/pdf","dc_identifier":"nl.gm1954.2c.2020.2830832-6.doc.2","dc_source":"https://api1.ibabs.eu/publicdownload.aspx?site=Beekdaelen&id=0be9eb17-5adf-4c37-9283-a874506a842e","dc_title":"Raadsbesluit verruiming zoekgebied voor Huisvesting Beekdaelen vastgesteld 07072020","dc_type":"bijlage","foi_fairiscoreVersions":{"v1":1,"v2":1},"foi_fileName":"Raadsbesluit%20verruiming%20zoekgebied%20voor%20Huisvesting%20Beekdaelen%20vastgesteld%2007072020.pdf","foi_nrPages":1},{"dc_format":"application/pdf","dc_identifier":"nl.gm1954.2c.2020.2830832-6.doc.1","dc_source":"https://api1.ibabs.eu/publicdownload.aspx?site=Beekdaelen&id=31713dc8-206c-41cf-9f98-61640f53c193","dc_title":"Raadsvoorstel inzake gemeentelijke huisvesting Beekdaelen","dc_type":"bijlage","foi_fairiscoreVersions":{"v1":1,"v2":1},"foi_fileName":"RV%20inzake%20gemeentelijke%20huisvesting%20Beekdaelen%20versie%2027%20mei%202020%20-%20met%20pag.%20nrs..pdf","foi_nrPages":4}],"foi_nrDocuments":6,"foi_nrPagesInDossier":10,"foi_publishedDate":"2020-07-07","foi_retrievedDate":"2026-03-03"},{"dc_creator":"HandelingScraper_v1","dc_date_year":2020,"dc_description":"Vergadering van de Gemeente Beekdaelen op 2020-07-07. Onderdeel: Voorstel inzake vaststellen Bestemmingsplan gebiedsontwikkeling Thull (IBA).","dc_identifier":"nl.gm1954.2c.2020.2830832-7","dc_publisher":"gm1954","dc_source":"https://beekdaelen.bestuurlijkeinformatie.nl/Agenda/Index/a7debc63-b199-4ee3-852f-8654c294e76e","dc_title":"Raadsvergadering 2020-07-07 - Voorstel inzake vaststellen Bestemmingsplan gebiedsontwikkeling Thull (IBA)","dc_type":"2c","dc_type_description":"Vergaderstuk decentrale overheid","foi_fairiscoreVersions":{"v1":2,"v2":2},"foi_files":[{"dc_format":"application/pdf","dc_identifier":"nl.gm1954.2c.2020.2830832-7.doc.17","dc_source":"https://api1.ibabs.eu/publicdownload.aspx?site=Beekdaelen&id=77e5b965-5fbd-4788-b7f2-a034e100dfa6","dc_title":"Bijlage bij MvA inzake BP Thull","dc_type":"bijlage","foi_fairiscoreVersions":{"v1":1,"v2":1},"foi_fileName":"07%20Bijlage%20bij%20MvA%20inzake%20BP%20Thull.pdf","foi_nrPages":1},{"dc_format":"application/pdf","dc_identifier":"nl.gm1954.2c.2020.2830832-7.doc.16","dc_source":"https://api1.ibabs.eu/publicdownload.aspx?site=Beekdaelen&id=be8d542b-78a0-46b6-840d-76f10e6d34e4","dc_title":"Memorie van antwoord inzake BP Thull","dc_type":"bijlage","foi_fairiscoreVersions":{"v1":1,"v2":1},"foi_fileName":"07%20Memorie%20van%20antwoord%20inzake%20BP%20Thull.pdf","foi_nrPages":7},{"dc_format":"application/pdf","dc_identifier":"nl.gm1954.2c.2020.2830832-7.doc.9","dc_source":"https://api1.ibabs.eu/publicdownload.aspx?site=Beekdaelen&id=a0383c41-2f89-459b-a314-522e9959b4a3","dc_title":"Ontwerpbestemmingsplan Bijlage 2 toelichting akoestische memo parkeren rondom Alfa","dc_type":"bijlage","foi_fairiscoreVersions":{"v1":2,"v2":3},"foi_fileName":"Z%2F20%2F138973%20-%20225910.pdf","foi_nrPages":15},{"dc_format":"application/pdf","dc_identifier":"nl.gm1954.2c.2020.2830832-7.doc.13","dc_source":"https://api1.ibabs.eu/publicdownload.aspx?site=Beekdaelen&id=f8e25a1b-94a0-43a0-b8d8-0b1b47bc122a","dc_title":"Ontwerpbestemmingsplan Bijlage 6 toelichting RO Thull 15 Schinnen","dc_type":"bijlage","foi_fairiscoreVersions":{"v1":2,"v2":1},"foi_fileName":"Z%2F20%2F138973%20-%20225910.pdf","foi_nrPages":42},{"dc_format":"application/pdf","dc_identifier":"nl.gm1954.2c.2020.2830832-7.doc.12","dc_source":"https://api1.ibabs.eu/publicdownload.aspx?site=Beekdaelen&id=801170d7-a8ec-47e0-9ca1-4243a4582079","dc_title":"Ontwerpbestemmingsplan Bijlage 5 toelichting archeologisch onderzoek","dc_type":"bijlage","foi_fairiscoreVersions":{"v1":2,"v2":1},"foi_fileName":"Z%2F20%2F138973%20-%20225910.pdf","foi_nrPages":52},{"dc_format":"application/pdf","dc_identifier":"nl.gm1954.2c.2020.2830832-7.doc.11","dc_source":"https://api1.ibabs.eu/publicdownload.aspx?site=Beekdaelen&id=c65270ae-b6ef-41a8-9901-d4a442d2c204","dc_title":"Ontwerpbestemmingsplan Bijlage 4 toelichting ontwerptekening parkeerplaats Muldermolen","dc_type":"bijlage","foi_fairiscoreVersions":{"v1":2,"v2":1},"foi_fileName":"Z%2F20%2F138973%20-%20225910.pdf","foi_nrPages":1},{"dc_format":"application/pdf","dc_identifier":"nl.gm1954.2c.2020.2830832-7.doc.10","dc_source":"https://api1.ibabs.eu/publicdownload.aspx?site=Beekdaelen&id=01c3326f-46dd-4288-b5e2-7ac6081c4471","dc_title":"Ontwerpbestemmingsplan Bijlage 3 toelichting quickscan flora & fauna","dc_type":"bijlage","foi_fairiscoreVersions":{"v1":2,"v2":2},"foi_fileName":"Z%2F20%2F138973%20-%20225910.pdf","foi_nrPages":50},{"dc_format":"application/pdf","dc_identifier":"nl.gm1954.2c.2020.2830832-7.doc.8","dc_source":"https://api1.ibabs.eu/publicdownload.aspx?site=Beekdaelen&id=0de71b7e-2c37-45f3-9fc3-7139d5b242fc","dc_title":"Ontwerpbestemmingsplan Bijlage 1 toelichting verkennend bodemonderzoek","dc_type":"bijlage","foi_fairiscoreVersions":{"v1":2,"v2":2},"foi_fileName":"Z%2F20%2F138973%20-%20225910.pdf","foi_nrPages":72},{"dc_format":"application/pdf","dc_identifier":"nl.gm1954.2c.2020.2830832-7.doc.6","dc_source":"https://api1.ibabs.eu/publicdownload.aspx?site=Beekdaelen&id=5fa67f60-0edb-4576-b867-e5c030fecf9d","dc_title":"Ontwerpbestemmingsplan Verbeelding 2","dc_type":"bijlage","foi_fairiscoreVersions":{"v1":1,"v2":1},"foi_fileName":"Z%2F20%2F138973%20-%20225910.pdf","foi_nrPages":1},{"dc_format":"application/pdf","dc_identifier":"nl.gm1954.2c.2020.2830832-7.doc.5","dc_source":"https://api1.ibabs.eu/publicdownload.aspx?site=Beekdaelen&id=5f0b5566-a4f7-46f8-8f2c-e416c7c38287","dc_title":"Ontwerpbestemmingsplan Verbeelding 1","dc_type":"bijlage","foi_fairiscoreVersions":{"v1":1,"v2":1},"foi_fileName":"Z%2F20%2F138973%20-%20225910.pdf","foi_nrPages":1},{"dc_format":"application/pdf","dc_identifier":"nl.gm1954.2c.2020.2830832-7.doc.4","dc_source":"https://api1.ibabs.eu/publicdownload.aspx?site=Beekdaelen&id=8db0bc3d-8d07-41bc-92b6-3bda36a76a09","dc_title":"Ontwerpbestemmingsplan Toelichting","dc_type":"bijlage","foi_fairiscoreVersions":{"v1":2,"v2":1},"foi_fileName":"Z%2F20%2F138973%20-%20225910.pdf","foi_nrPages":57},{"dc_format":"application/pdf","dc_identifier":"nl.gm1954.2c.2020.2830832-7.doc.3","dc_source":"https://api1.ibabs.eu/publicdownload.aspx?site=Beekdaelen&id=dbee08f5-5d7d-458a-960f-5d028a726409","dc_title":"Ontwerpbestemmingsplan Regels","dc_type":"bijlage","foi_fairiscoreVersions":{"v1":2,"v2":1},"foi_fileName":"Z%2F20%2F138973%20-%20225910.pdf","foi_nrPages":34},{"dc_format":"application/pdf","dc_identifier":"nl.gm1954.2c.2020.2830832-7.doc.7","dc_source":"https://api1.ibabs.eu/publicdownload.aspx?site=Beekdaelen&id=d4a0faa4-952c-4aa5-9bdf-bbc7fe094ae1","dc_title":"Ontwerpbestemmingsplan Bijlage 1 regels landschappelijk inpassingsplan","dc_type":"bijlage","foi_fairiscoreVersions":{"v1":2,"v2":2},"foi_fileName":"Z%2F20%2F138973%20-%20225910%20-%20Ontwerp%20bestemmingsplan%20Thull.pdf","foi_nrPages":1},{"dc_format":"application/pdf","dc_identifier":"nl.gm1954.2c.2020.2830832-7.doc.1","dc_source":"https://api1.ibabs.eu/publicdownload.aspx?site=Beekdaelen&id=a4680e41-f643-4e69-bb1f-0a1c97fde4cc","dc_title":"Raadsvoorstel Bestemmingsplan Thull","dc_type":"bijlage","foi_fairiscoreVersions":{"v1":1,"v2":1},"foi_fileName":"Z%2F20%2F138973%20-%20228232%20-%20Bestemmingsplan%20Thull.pdf","foi_nrPages":6},{"dc_format":"application/pdf","dc_identifier":"nl.gm1954.2c.2020.2830832-7.doc.2","dc_source":"https://api1.ibabs.eu/publicdownload.aspx?site=Beekdaelen&id=05c86df7-b9a4-4d73-bb84-8fafdee00e7a","dc_title":"Raadsbesluit Bestemmingsplan Thull vastgesteld 07072020","dc_type":"bijlage","foi_fairiscoreVersions":{"v1":1,"v2":1},"foi_fileName":"Z%2F20%2F138973%20-%20228236%20-%20Raadsbesluit%20bestemmingsplan%20Thull.pdf","foi_nrPages":1},{"dc_format":"application/pdf","dc_identifier":"nl.gm1954.2c.2020.2830832-7.doc.15","dc_source":"https://api1.ibabs.eu/publicdownload.aspx?site=Beekdaelen&id=985bc728-7535-4573-b42a-74e702f8fb6c","dc_title":"Nota Zienswijzen bestemmingsplan Thull","dc_type":"bijlage","foi_fairiscoreVersions":{"v1":1,"v2":1},"foi_fileName":"Z%2F20%2F138973%20-%20229790%20-%20Nota%20Zienswijzen%20bestemmingsplan%20Thull.pdf","foi_nrPages":11},{"dc_format":"application/pdf","dc_identifier":"nl.gm1954.2c.2020.2830832-7.doc.14","dc_source":"https://api1.ibabs.eu/publicdownload.aspx?site=Beekdaelen&id=fb8009a0-e8c6-46e6-ae8b-6f0059c066db","dc_title":"Nota ambtshalve wijzigingen","dc_type":"bijlage","foi_fairiscoreVersions":{"v1":1,"v2":1},"foi_fileName":"Z%2F20%2F138973%20-%20230001%20-%20Nota%20ambtshalve%20wijzigingen.pdf","foi_nrPages":1}],"foi_nrDocuments":17,"foi_nrPagesInDossier":353,"foi_publishedDate":"2020-07-07","foi_retrievedDate":"2026-04-10"},{"dc_creator":"HandelingScraper_v1","dc_date_year":2020,"dc_description":"Vergadering van de Gemeente Beekdaelen op 2020-07-07. Onderdeel: Voorstel inzake vaststellen Duurzaamheidsvisie gemeente Beekdaelen.","dc_identifier":"nl.gm1954.2c.2020.2830832-8","dc_publisher":"gm1954","dc_source":"https://beekdaelen.bestuurlijkeinformatie.nl/Agenda/Index/a7debc63-b199-4ee3-852f-8654c294e76e","dc_title":"Raadsvergadering 2020-07-07 - Voorstel inzake vaststellen Duurzaamheidsvisie gemeente Beekdaelen","dc_type":"2c","dc_type_description":"Vergaderstuk decentrale overheid","foi_fairiscoreVersions":{"v1":null,"v2":null},"foi_files":[{"dc_format":"application/pdf","dc_identifier":"nl.gm1954.2c.2020.2830832-8.doc.6","dc_source":"https://api1.ibabs.eu/publicdownload.aspx?site=Beekdaelen&id=645cf5fc-c563-4c24-880e-ba85a7ffa93c","dc_title":"Beantwoording vragen Groen Links inzake duurzaamheid","dc_type":"bijlage","foi_fileName":"Beantwoording%20vragen%20Groen%20Links%20inzake%20duurzaamheid.pdf"},{"dc_format":"application/pdf","dc_identifier":"nl.gm1954.2c.2020.2830832-8.doc.4","dc_source":"https://api1.ibabs.eu/publicdownload.aspx?site=Beekdaelen&id=3e2efcd0-9d71-4316-9220-3ca5ca26b651","dc_title":"Duurzaamheidsvisie Beekdaelen versie 03072020","dc_type":"bijlage","foi_fileName":"Duurzaamheidsvisie%20Beekdaelen%20versie%2003072020.pdf"},{"dc_format":"application/pdf","dc_identifier":"nl.gm1954.2c.2020.2830832-8.doc.3","dc_source":"https://api1.ibabs.eu/publicdownload.aspx?site=Beekdaelen&id=ad5044a8-1ccb-49bb-96f8-7799eed0e4f9","dc_title":"Nota van wijziging inzake Duurzaamheidsvisie Beekdaelen","dc_type":"bijlage","foi_fileName":"Nota%20van%20wijziging%20inzake%20Duurzaamheidsvisie%20Beekdaelen.pdf"},{"dc_format":"application/pdf","dc_identifier":"nl.gm1954.2c.2020.2830832-8.doc.2","dc_source":"https://api1.ibabs.eu/publicdownload.aspx?site=Beekdaelen&id=20200356-e44c-455b-b973-e82201b2f1f2","dc_title":"Raadsbesluit Duurzaamheidsvisie Beekdaelen vastgesteld 07072020","dc_type":"bijlage","foi_fileName":"Z%2F20%2F141859%20-%20230624%20-%20Raadsbesluit%20Duurzaamheidsvisie.pdf"},{"dc_format":"application/pdf","dc_identifier":"nl.gm1954.2c.2020.2830832-8.doc.1","dc_source":"https://api1.ibabs.eu/publicdownload.aspx?site=Beekdaelen&id=5a51e7db-4c17-4fae-b357-478b60594970","dc_title":"Raadsvoorstel Duurzaamheidsvisie","dc_type":"bijlage","foi_fileName":"Z%2F20%2F141859%20-%20230626%20-%20Raadsvoorstel%20Duurzaamheidsvisie.pdf"},{"dc_format":"application/pdf","dc_identifier":"nl.gm1954.2c.2020.2830832-8.doc.5","dc_source":"https://api1.ibabs.eu/publicdownload.aspx?site=Beekdaelen&id=ec2be312-5aab-4813-a1af-fd96461aa3d2","dc_title":"Duurzaamheidsvisie Beekdaelen - Beekdaelers samen aan zet !  VERVALLEN","dc_type":"bijlage","foi_fileName":"Z%2F20%2F141859%20-%20230886%20-%20Duurzaamheidsvisie%20Beekdaelen%20-%20Beekdaelers%20samen%20aan%20zet%20%21.pdf"}],"foi_nrDocuments":6,"foi_nrPagesInDossier":0,"foi_publishedDate":"2020-07-07","foi_retrievedDate":"2025-11-30"},{"dc_creator":"HandelingScraper_v1","dc_date_year":2020,"dc_description":"Vergadering van de Gemeente Beekdaelen op 2020-07-07. Onderdeel: Voorstel inzake vaststellen Verordening Stimuleringslening duurzaamheidsprojecten, voteren krediet ad 1.000.000 euro voor verstrekken geldleningen en onderzoeken oprichten Zuid-Limburgs Duurzaamheidsfonds.","dc_identifier":"nl.gm1954.2c.2020.2830832-9","dc_publisher":"gm1954","dc_source":"https://beekdaelen.bestuurlijkeinformatie.nl/Agenda/Index/a7debc63-b199-4ee3-852f-8654c294e76e","dc_title":"Raadsvergadering 2020-07-07 - Voorstel inzake vaststellen Verordening Stimuleringslening duurzaamheidsprojecten, voteren krediet ad 1.000.000 euro voor verstrekken geldleningen en onderzoeken oprichten Zuid-Limburgs Duurzaamheidsfonds","dc_type":"2c","dc_type_description":"Vergaderstuk decentrale overheid","foi_fairiscoreVersions":{"v1":2,"v2":1},"foi_files":[{"dc_format":"application/pdf","dc_identifier":"nl.gm1954.2c.2020.2830832-9.doc.10","dc_source":"https://api1.ibabs.eu/publicdownload.aspx?site=Beekdaelen&id=9e079310-b6e2-4e3e-9b86-c9b4e48cb70a","dc_title":"Beantwoording vragen Groen Links inzake duurzaamheid","dc_type":"bijlage","foi_fairiscoreVersions":{"v1":1,"v2":1},"foi_fileName":"Beantwoording%20vragen%20Groen%20Links%20inzake%20duurzaamheid.pdf","foi_nrPages":2},{"dc_format":"application/pdf","dc_identifier":"nl.gm1954.2c.2020.2830832-9.doc.4","dc_source":"https://api1.ibabs.eu/publicdownload.aspx?site=Beekdaelen&id=a48bcc84-88a8-4807-817e-2319e6eb1884","dc_title":"Motie GL, CDA, PvdA, D66 en BL Duurzaamheidsfonds Beekdaelen - AANGENOMEN","dc_type":"bijlage","foi_fairiscoreVersions":{"v1":1,"v2":1},"foi_fileName":"M9%20Motie%20GL_%20CDA_%20PvdA_%20D66%20en%20BL%20Duurzaamheidsfonds%20Beekdaelen%20-%20AANGENOMEN%20raad%2005112019.pdf","foi_nrPages":2},{"dc_format":"application/pdf","dc_identifier":"nl.gm1954.2c.2020.2830832-9.doc.8","dc_source":"https://api1.ibabs.eu/publicdownload.aspx?site=Beekdaelen&id=e01f993a-1f71-4a51-845c-2df1af42f22d","dc_title":"Nota van Wijziging  Verordening Stimuleringslening Duurzaamheidsprojecten","dc_type":"bijlage","foi_fairiscoreVersions":{"v1":1,"v2":1},"foi_fileName":"Nota%20van%20Wijziging%20%20Verordening%20Stimuleringslening%20Duurzaamheidsprojecten.pdf","foi_nrPages":2},{"dc_format":"application/pdf","dc_identifier":"nl.gm1954.2c.2020.2830832-9.doc.2","dc_source":"https://api1.ibabs.eu/publicdownload.aspx?site=Beekdaelen&id=257b3480-bbda-4b23-9aee-a0443aedf047","dc_title":"Raadsbesluit Verordening Stimuleringslening duurzaamheidsprojecten enz vastgesteld 07072020","dc_type":"bijlage","foi_fairiscoreVersions":{"v1":1,"v2":1},"foi_fileName":"Raadsbesluit%20Verordening%20Stimuleringslening%20duurzaamheidsprojecten%20enz%20vastgesteld%2007072020.pdf","foi_nrPages":1},{"dc_format":"application/pdf","dc_identifier":"nl.gm1954.2c.2020.2830832-9.doc.9","dc_source":"https://api1.ibabs.eu/publicdownload.aspx?site=Beekdaelen&id=a3b245fc-1b94-4717-a621-4bf7d5de0269","dc_title":"Verordening Stimuleringslening Duurzaamheidsprojecten (aangepast)","dc_type":"bijlage","foi_fairiscoreVersions":{"v1":2,"v2":1},"foi_fileName":"Verordening%20Stimuleringslening%20Duurzaamheidsprojecten%20%28aangepast%29.pdf","foi_nrPages":6},{"dc_format":"application/pdf","dc_identifier":"nl.gm1954.2c.2020.2830832-9.doc.5","dc_source":"https://api1.ibabs.eu/publicdownload.aspx?site=Beekdaelen&id=c9d043fd-62dc-4c25-8ba8-f96bb74c26a2","dc_title":"Bijlage 3: \"Verordening Stimuleringslening duurzaamheidsprojecten\u201d   VERVALLEN","dc_type":"bijlage","foi_fairiscoreVersions":{"v1":2,"v2":1},"foi_fileName":"Z%2F19%2F131070%20-%20201791%20-%20Verordening%20Duurzaamheidsfonds%20Beekdaelen.pdf","foi_nrPages":6},{"dc_format":"application/pdf","dc_identifier":"nl.gm1954.2c.2020.2830832-9.doc.1","dc_source":"https://api1.ibabs.eu/publicdownload.aspx?site=Beekdaelen&id=3e53cd09-afdd-4cae-a894-113566d858a2","dc_title":"Raadsvoorstel Duurzaamheidsfonds Beekdaelen - Stimuleringslening duurzaamheidsprojecten","dc_type":"bijlage","foi_fairiscoreVersions":{"v1":1,"v2":1},"foi_fileName":"Z%2F19%2F131070%20-%20201807%20-%20Raadsvoorstel%20Duurzaamheidsfonds%20Beekdaelen.pdf","foi_nrPages":6},{"dc_format":"application/pdf","dc_identifier":"nl.gm1954.2c.2020.2830832-9.doc.7","dc_source":"https://api1.ibabs.eu/publicdownload.aspx?site=Beekdaelen&id=7563a8ca-99ee-4f8d-a1b3-0e6601a841da","dc_title":"Bijlage 5: Marktconsultatie financieringsmodellen","dc_type":"bijlage","foi_fairiscoreVersions":{"v1":1,"v2":1},"foi_fileName":"Z%2F19%2F131070%20-%20230830%20-%20Marktconsultatie.pdf","foi_nrPages":1},{"dc_format":"application/pdf","dc_identifier":"nl.gm1954.2c.2020.2830832-9.doc.6","dc_source":"https://api1.ibabs.eu/publicdownload.aspx?site=Beekdaelen&id=7f46e02f-81ea-4006-9c4f-7258ace6d084","dc_title":"Bijlage 4: Begrotingswijziging nummer 5","dc_type":"bijlage","foi_fairiscoreVersions":{"v1":1,"v2":1},"foi_fileName":"Z%2F19%2F131070%20-%20231193%20-%20Begrotingswijziging%20nummer%205.pdf","foi_nrPages":1},{"dc_format":"application/pdf","dc_identifier":"nl.gm1954.2c.2020.2830832-9.doc.3","dc_source":"https://api1.ibabs.eu/publicdownload.aspx?site=Beekdaelen&id=89738ebf-91bf-4d0a-88c1-399ab307c5ec","dc_title":"Bijlage 1: Amendement: Instellen duurzaamheidsfonds, d.d. 2 juli 2019","dc_type":"bijlage","foi_fairiscoreVersions":{"v1":1,"v2":1},"foi_fileName":"Z%2F19%2F136006%20-%20213222.pdf","foi_nrPages":2}],"foi_nrDocuments":10,"foi_nrPagesInDossier":29,"foi_publishedDate":"2020-07-07","foi_retrievedDate":"2025-12-01"},{"dc_creator":"HandelingScraper_v1","dc_date_year":2020,"dc_description":"Vergadering van de Gemeente Beekdaelen op 2020-07-15. Onderdeel: Opening.","dc_identifier":"nl.gm1954.2c.2020.2830956-1","dc_publisher":"gm1954","dc_source":"https://beekdaelen.bestuurlijkeinformatie.nl/Agenda/Index/2d90d720-591f-4d3f-9708-f2d2d87ba761","dc_title":"Raadsvergadering 2020-07-15 - Opening","dc_type":"2c","dc_type_description":"Vergaderstuk decentrale overheid","foi_fairiscoreVersions":{"v1":1,"v2":1},"foi_files":[{"dc_format":"application/octet-stream","dc_identifier":"nl.gm1954.2c.2020.2830956-1.doc.1","dc_source":"https://api1.ibabs.eu/publicdownload.aspx?site=Beekdaelen&id=6349e736-9738-4be7-91b5-57f8c88b4778","dc_title":"Audio deel 1 raad 15 juli 2020; agendapunt 1 t/m 3 tot aan schorsing","dc_type":"bijlage","foi_fileName":"1001.MP3"},{"dc_format":"application/octet-stream","dc_identifier":"nl.gm1954.2c.2020.2830956-1.doc.2","dc_source":"https://api1.ibabs.eu/publicdownload.aspx?site=Beekdaelen&id=93039fb5-42be-4af8-8a81-5f0ed5d8b41f","dc_title":"Audio deel 2 raad 15 juli 2020; agendapunt 3 t/m 4 vanaf schorsing","dc_type":"bijlage","foi_fileName":"1002.MP3"},{"dc_format":"application/pdf","dc_identifier":"nl.gm1954.2c.2020.2830956-1.doc.3","dc_source":"https://api1.ibabs.eu/publicdownload.aspx?site=Beekdaelen&id=e95891aa-2f61-482a-994e-e0985987918c","dc_title":"Uitnodiging en agenda raadsvergadering 15 juli 2020","dc_type":"bijlage","foi_fairiscoreVersions":{"v1":1,"v2":1},"foi_fileName":"Uitnodiging%20en%20agenda%20raadsvergadering%2015%20juli%202020%201.pdf","foi_nrPages":1}],"foi_nrDocuments":3,"foi_nrPagesInDossier":1,"foi_publishedDate":"2020-07-15","foi_retrievedDate":"2026-03-06"},{"dc_creator":"HandelingScraper_v1","dc_date_year":2020,"dc_description":"Vergadering van de Gemeente Beekdaelen op 2020-07-15. Onderdeel: Vaststellen agenda.","dc_identifier":"nl.gm1954.2c.2020.2830956-2","dc_publisher":"gm1954","dc_source":"https://beekdaelen.bestuurlijkeinformatie.nl/Agenda/Index/2d90d720-591f-4d3f-9708-f2d2d87ba761","dc_title":"Raadsvergadering 2020-07-15 - Vaststellen agenda","dc_type":"2c","dc_type_description":"Vergaderstuk decentrale overheid","foi_fairiscoreVersions":{"v1":1,"v2":1},"foi_files":[{"dc_format":"application/pdf","dc_identifier":"nl.gm1954.2c.2020.2830956-2.doc.1","dc_source":"https://api1.ibabs.eu/publicdownload.aspx?site=Beekdaelen&id=43a9cc87-fc3f-4e5e-8c48-0b6d5c16cc57","dc_title":"Vastgestelde agenda raadsvergadering 15 juli 2020","dc_type":"bijlage","foi_fairiscoreVersions":{"v1":1,"v2":1},"foi_fileName":"Vastgestelde%20agenda%20raadsvergadering%2015%20juli%202020.pdf","foi_nrPages":1}],"foi_nrDocuments":1,"foi_nrPagesInDossier":1,"foi_publishedDate":"2020-07-15","foi_retrievedDate":"2025-11-29"},{"dc_creator":"HandelingScraper_v1","dc_date_year":2020,"dc_description":"Vergadering van de Gemeente Beekdaelen op 2020-09-03. Onderdeel: Algemeen.","dc_identifier":"nl.gm1954.2c.2020.2830973-1","dc_publisher":"gm1954","dc_source":"https://beekdaelen.bestuurlijkeinformatie.nl/Agenda/Index/7467a424-9eaa-4695-8c83-8f1fe9283f2a","dc_title":"Commissie Ruimte (t/m april 2022) 2020-09-03 - Algemeen","dc_type":"2c","dc_type_description":"Vergaderstuk decentrale overheid","foi_fairiscoreVersions":{"v1":1,"v2":1},"foi_files":[{"dc_format":"application/pdf","dc_identifier":"nl.gm1954.2c.2020.2830973-1.doc.3","dc_source":"https://api1.ibabs.eu/publicdownload.aspx?site=Beekdaelen&id=0c2e72ab-7013-4f92-881e-cef31a462fcd","dc_title":"Voorvragen BL mbt cie Ruimte 3 sept 2020","dc_type":"bijlage","foi_fairiscoreVersions":{"v1":1,"v2":1},"foi_fileName":"Voorvragen%20BL%20commissie%20ruimte%20van%203%20september.pdf","foi_nrPages":2},{"dc_format":"application/pdf","dc_identifier":"nl.gm1954.2c.2020.2830973-1.doc.4","dc_source":"https://api1.ibabs.eu/publicdownload.aspx?site=Beekdaelen&id=2e67b2fd-86e6-4cf3-9741-8f94610799e7","dc_title":"Voorvragen BL deel 2 mbt Cie ruimte 3 sept 2020","dc_type":"bijlage","foi_fairiscoreVersions":{"v1":1,"v2":1},"foi_fileName":"Voorvragen%20BL%20deel%202%20cie%20ruimte%203%20september.pdf","foi_nrPages":1},{"dc_format":"application/pdf","dc_identifier":"nl.gm1954.2c.2020.2830973-1.doc.5","dc_source":"https://api1.ibabs.eu/publicdownload.aspx?site=Beekdaelen&id=bd63aea0-e34f-4964-97a8-ee96261712ac","dc_title":"Voorvragen CDA mbt cie Ruimte 3 sept 2020","dc_type":"bijlage","foi_fairiscoreVersions":{"v1":1,"v2":1},"foi_fileName":"Voorvragen%20CDA%20mbt%20CiE%20Ruimte%20d.d.%203%20sept%202020.pdf","foi_nrPages":1},{"dc_format":"application/pdf","dc_identifier":"nl.gm1954.2c.2020.2830973-1.doc.1","dc_source":"https://api1.ibabs.eu/publicdownload.aspx?site=Beekdaelen&id=c3c51aa3-60e7-4227-b0ea-cc8be52845c9","dc_title":"Voorvragen D66 mbt cie Ruimte 3 sept 2020","dc_type":"bijlage","foi_fairiscoreVersions":{"v1":1,"v2":1},"foi_fileName":"voorvragen%20D66%20mbt%20Cie%20Ruimte%20op%203%20sept%202020.pdf","foi_nrPages":3},{"dc_format":"application/pdf","dc_identifier":"nl.gm1954.2c.2020.2830973-1.doc.2","dc_source":"https://api1.ibabs.eu/publicdownload.aspx?site=Beekdaelen&id=fd103dfd-23a0-48ca-b241-c5965605123c","dc_title":"Voorvragen VG mbt cie Ruimte 3 sept 2020","dc_type":"bijlage","foi_fairiscoreVersions":{"v1":1,"v2":1},"foi_fileName":"Voorvragen%20VG%20mbt%20CIE%20RUIMTE%20OP%203%20SEPTEMBER.pdf","foi_nrPages":2},{"dc_format":"application/pdf","dc_identifier":"nl.gm1954.2c.2020.2830973-1.doc.6","dc_source":"https://api1.ibabs.eu/publicdownload.aspx?site=Beekdaelen&id=6ef90c40-9c07-4b99-96cf-51a989a90011","dc_title":"Voorvragen VVD mbt Cie Ruimte 3 sept 2020","dc_type":"bijlage","foi_fairiscoreVersions":{"v1":1,"v2":1},"foi_fileName":"Voorvragen%20VVD%20mbt%20Cie%20Ruimte%203%20sept%202020.pdf","foi_nrPages":1}],"foi_nrDocuments":6,"foi_nrPagesInDossier":10,"foi_publishedDate":"2020-09-03","foi_retrievedDate":"2026-03-09"},{"dc_creator":"HandelingScraper_v1","dc_date_year":2020,"dc_description":"Vergadering van de Gemeente Beekdaelen op 2020-09-03. Onderdeel: Rondvraag cluster ruimte.","dc_identifier":"nl.gm1954.2c.2020.2830973-10","dc_publisher":"gm1954","dc_source":"https://beekdaelen.bestuurlijkeinformatie.nl/Agenda/Index/7467a424-9eaa-4695-8c83-8f1fe9283f2a","dc_title":"Commissie Ruimte (t/m april 2022) 2020-09-03 - Rondvraag cluster ruimte","dc_type":"2c","dc_type_description":"Vergaderstuk decentrale overheid","foi_fairiscoreVersions":{"v1":null,"v2":null},"foi_files":[{"dc_format":"application/octet-stream","dc_identifier":"nl.gm1954.2c.2020.2830973-10.doc.1","dc_source":"https://api1.ibabs.eu/publicdownload.aspx?site=Beekdaelen&id=fd08dd3d-247c-470d-b767-c74fd5c1f204","dc_title":"12 Rcie ruimte 3 sept 2020 ap C Rondvraag en D Sluiting","dc_type":"bijlage","foi_fileName":"12%20Rcie%20ruimte%203%20sept%202020%20ap%20C%20Rondvraag%20en%20D%20Sluiting.MP3"}],"foi_nrDocuments":1,"foi_nrPagesInDossier":0,"foi_publishedDate":"2020-09-03","foi_retrievedDate":"2025-12-01"},{"dc_creator":"HandelingScraper_v1","dc_date_year":2020,"dc_description":"Vergadering van de Gemeente Beekdaelen op 2020-09-03. Onderdeel: Opening, mededelingen voorzitter en vaststellen agenda.","dc_identifier":"nl.gm1954.2c.2020.2830973-2","dc_publisher":"gm1954","dc_source":"https://beekdaelen.bestuurlijkeinformatie.nl/Agenda/Index/7467a424-9eaa-4695-8c83-8f1fe9283f2a","dc_title":"Commissie Ruimte (t/m april 2022) 2020-09-03 - Opening, mededelingen voorzitter en vaststellen agenda","dc_type":"2c","dc_type_description":"Vergaderstuk decentrale overheid","foi_fairiscoreVersions":{"v1":1,"v2":1},"foi_files":[{"dc_format":"application/octet-stream","dc_identifier":"nl.gm1954.2c.2020.2830973-2.doc.1","dc_source":"https://api1.ibabs.eu/publicdownload.aspx?site=Beekdaelen&id=7c4007e7-01ac-4250-8a43-7b35431c43ad","dc_title":"01 Rcie ruimte 3 sept 2020 ap 1 opening, mededelingen en vaststellen agenda","dc_type":"bijlage","foi_fileName":"01%20Rcie%20ruimte%203%20sept%202020%20ap%201%20opening_%20mededelingen%20en%20vaststellen%20agenda.MP3"},{"dc_format":"application/pdf","dc_identifier":"nl.gm1954.2c.2020.2830973-2.doc.2","dc_source":"https://api1.ibabs.eu/publicdownload.aspx?site=Beekdaelen&id=8e5bdf0c-7e27-4331-9d61-7d59772bcd2f","dc_title":"Vastgestelde agenda cie. Ruimte 03092020","dc_type":"bijlage","foi_fairiscoreVersions":{"v1":1,"v2":1},"foi_fileName":"Vastgestelde%20agenda%20cie.%20Ruimte%2003092020.pdf","foi_nrPages":1}],"foi_nrDocuments":2,"foi_nrPagesInDossier":1,"foi_publishedDate":"2020-09-03","foi_retrievedDate":"2026-03-01"},{"dc_creator":"HandelingScraper_v1","dc_date_year":2020,"dc_description":"Vergadering van de Gemeente Beekdaelen op 2020-09-03. Onderdeel: Spreekrecht burgers.","dc_identifier":"nl.gm1954.2c.2020.2830973-3","dc_publisher":"gm1954","dc_source":"https://beekdaelen.bestuurlijkeinformatie.nl/Agenda/Index/7467a424-9eaa-4695-8c83-8f1fe9283f2a","dc_title":"Commissie Ruimte (t/m april 2022) 2020-09-03 - Spreekrecht burgers","dc_type":"2c","dc_type_description":"Vergaderstuk decentrale overheid","foi_fairiscoreVersions":{"v1":3,"v2":3},"foi_files":[{"dc_format":"application/octet-stream","dc_identifier":"nl.gm1954.2c.2020.2830973-3.doc.5","dc_source":"https://api1.ibabs.eu/publicdownload.aspx?site=Beekdaelen&id=c56e7b2f-f875-47b4-939d-861b8e591928","dc_title":"02 Rcie ruimte 3 sept 2020 ap 2 Sprekers m.b.t. Bronsgroenerhof","dc_type":"bijlage","foi_fileName":"02%20Rcie%20ruimte%203%20sept%202020%20ap%202%20Sprekers%20m.b.t.%20Brondgroenerhof.MP3"},{"dc_format":"application/pdf","dc_identifier":"nl.gm1954.2c.2020.2830973-3.doc.1","dc_source":"https://api1.ibabs.eu/publicdownload.aspx?site=Beekdaelen&id=c460ec65-0808-4e1e-9dbe-f1df7a9c457a","dc_title":"20200818 Begeleidende mail dhr. van Leeuwen spreekrecht Cie Ruimte 3 sept 2020","dc_type":"bijlage","foi_fairiscoreVersions":{"v1":1,"v2":1},"foi_fileName":"20200818%20Begeleidende%20mail%20dhr.%20van%20Leeuwen%20spreekrecht%20Cie%20Ruimte%203%20sept%202020.pdf","foi_nrPages":1},{"dc_format":"application/pdf","dc_identifier":"nl.gm1954.2c.2020.2830973-3.doc.2","dc_source":"https://api1.ibabs.eu/publicdownload.aspx?site=Beekdaelen&id=2e492191-ca0d-4a41-9f8f-3c427e62496e","dc_title":"Gemeenteraad Zorgboerderij 2.0 scan","dc_type":"bijlage","foi_fairiscoreVersions":{"v1":5,"v2":5},"foi_fileName":"Gemeenteraad%20Zorgboerderij%202.0%20scan.pdf","foi_nrPages":3},{"dc_format":"application/pdf","dc_identifier":"nl.gm1954.2c.2020.2830973-3.doc.4","dc_source":"https://api1.ibabs.eu/publicdownload.aspx?site=Beekdaelen&id=416ebfcd-77e1-4ca0-9483-f6f64173e203","dc_title":"Mondelinge toelichting hoorzitting Bronsgroenerhof","dc_type":"bijlage","foi_fairiscoreVersions":{"v1":2,"v2":2},"foi_fileName":"mondelinge%20toelichting%20hoorzitting%20bronsgroenerhof.pdf","foi_nrPages":5},{"dc_format":"application/pdf","dc_identifier":"nl.gm1954.2c.2020.2830973-3.doc.3","dc_source":"https://api1.ibabs.eu/publicdownload.aspx?site=Beekdaelen&id=2aa82565-cfe8-4905-a3b2-b79e37b06628","dc_title":"TIMEline na bezwaar","dc_type":"bijlage","foi_fairiscoreVersions":{"v1":2,"v2":2},"foi_fileName":"TIMEline%20na%20bezwaar.pdf","foi_nrPages":10}],"foi_nrDocuments":5,"foi_nrPagesInDossier":19,"foi_publishedDate":"2020-09-03","foi_retrievedDate":"2026-04-10"},{"dc_creator":"HandelingScraper_v1","dc_date_year":2020,"dc_description":"Vergadering van de Gemeente Beekdaelen op 2020-09-03. Onderdeel: Vaststellen actiepuntenlijst van de commissie Ruimte d.d. 18 juni 2020.","dc_identifier":"nl.gm1954.2c.2020.2830973-4","dc_publisher":"gm1954","dc_source":"https://beekdaelen.bestuurlijkeinformatie.nl/Agenda/Index/7467a424-9eaa-4695-8c83-8f1fe9283f2a","dc_title":"Commissie Ruimte (t/m april 2022) 2020-09-03 - Vaststellen actiepuntenlijst van de commissie Ruimte d.d. 18 juni 2020","dc_type":"2c","dc_type_description":"Vergaderstuk decentrale overheid","foi_fairiscoreVersions":{"v1":1,"v2":1},"foi_files":[{"dc_format":"application/octet-stream","dc_identifier":"nl.gm1954.2c.2020.2830973-4.doc.2","dc_source":"https://api1.ibabs.eu/publicdownload.aspx?site=Beekdaelen&id=7ff9a636-e377-4ee9-a6af-367fd375ce9c","dc_title":"03 Rcie ruimte 3 sept 2020 ap 3.1 Actiepuntenlijst en ap 3.2 Lijst toezeggingen","dc_type":"bijlage","foi_fileName":"03%20Rcie%20ruimte%203%20sept%202020%20ap%203.1%20Actiepuntenlijst%20en%20ap%203.2%20Lijst%20toezeggingen.MP3"},{"dc_format":"application/pdf","dc_identifier":"nl.gm1954.2c.2020.2830973-4.doc.1","dc_source":"https://api1.ibabs.eu/publicdownload.aspx?site=Beekdaelen&id=6de7099f-77e7-479b-a09b-4705525c3ab8","dc_title":"Actiepuntenlijst cie Ruimte 18 juni 2020","dc_type":"bijlage","foi_fairiscoreVersions":{"v1":1,"v2":1},"foi_fileName":"Actiepuntenlijst%20cie%20Ruimte%2018%20juni%202020.pdf","foi_nrPages":4}],"foi_nrDocuments":2,"foi_nrPagesInDossier":4,"foi_publishedDate":"2020-09-03","foi_retrievedDate":"2026-03-09"},{"dc_creator":"HandelingScraper_v1","dc_date_year":2020,"dc_description":"Vergadering van de Gemeente Beekdaelen op 2020-09-03. Onderdeel: Vaststellen lijst van toezeggingen van de commissie Ruimte.","dc_identifier":"nl.gm1954.2c.2020.2830973-5","dc_publisher":"gm1954","dc_source":"https://beekdaelen.bestuurlijkeinformatie.nl/Agenda/Index/7467a424-9eaa-4695-8c83-8f1fe9283f2a","dc_title":"Commissie Ruimte (t/m april 2022) 2020-09-03 - Vaststellen lijst van toezeggingen van de commissie Ruimte","dc_type":"2c","dc_type_description":"Vergaderstuk decentrale overheid","foi_fairiscoreVersions":{"v1":1,"v2":1},"foi_files":[{"dc_format":"application/pdf","dc_identifier":"nl.gm1954.2c.2020.2830973-5.doc.1","dc_source":"https://api1.ibabs.eu/publicdownload.aspx?site=Beekdaelen&id=5d3f2c9a-62ef-4241-92e9-eb23549e9a89","dc_title":"Lijst Toezeggingen cie. Ruimte bijgewerkt B&W juli 2020 tbv cie 03092020","dc_type":"bijlage","foi_fairiscoreVersions":{"v1":1,"v2":1},"foi_fileName":"Lijst%20Toezeggingen%20cie.%20Ruimte%20bijgewerkt%20B%26W%20juli%202020%20tbv%20cie%2003092020.pdf","foi_nrPages":5}],"foi_nrDocuments":1,"foi_nrPagesInDossier":5,"foi_publishedDate":"2020-09-03","foi_retrievedDate":"2026-03-07"},{"dc_creator":"HandelingScraper_v1","dc_date_year":2020,"dc_description":"Vergadering van de Gemeente Beekdaelen op 2020-09-03. Onderdeel: Voorstel inzake verklaring van geen bedenkingen m.b.t. verzoek omgevingsvergunning oprichting zorgboerderij Bronsgroenerhof te Schinveld.","dc_identifier":"nl.gm1954.2c.2020.2830973-6","dc_publisher":"gm1954","dc_source":"https://beekdaelen.bestuurlijkeinformatie.nl/Agenda/Index/7467a424-9eaa-4695-8c83-8f1fe9283f2a","dc_title":"Commissie Ruimte (t/m april 2022) 2020-09-03 - Voorstel inzake verklaring van geen bedenkingen m.b.t. verzoek omgevingsvergunning oprichting zorgboerderij Bronsgroenerhof te Schinveld","dc_type":"2c","dc_type_description":"Vergaderstuk decentrale overheid","foi_fairiscoreVersions":{"v1":3,"v2":3},"foi_files":[{"dc_format":"application/octet-stream","dc_identifier":"nl.gm1954.2c.2020.2830973-6.doc.14","dc_source":"https://api1.ibabs.eu/publicdownload.aspx?site=Beekdaelen&id=46b51b74-4ad8-4890-88ef-a9ebbc7d0684","dc_title":"04 Rcie ruimte 3 sept 2020 ap B1 Bronsgroenerhof - 1e termijn commissie","dc_type":"bijlage","foi_fileName":"04%20Rcie%20ruimte%203%20sept%202020%20ap%20B1%20Bronsgroenerhof%20-%201e%20termijn%20commissie.MP3"},{"dc_format":"application/octet-stream","dc_identifier":"nl.gm1954.2c.2020.2830973-6.doc.15","dc_source":"https://api1.ibabs.eu/publicdownload.aspx?site=Beekdaelen&id=43234673-b1da-4432-ab93-49066b56c5cb","dc_title":"05 Rcie ruimte 3 sept 2020 ap B1 Bronsgroenerhof - 1e termijn antwoorden college (deel 1)","dc_type":"bijlage","foi_fileName":"05%20Rcie%20ruimte%203%20sept%202020%20ap%20B1%20Bronsgroenerhof%20-%201e%20termijn%20antwoorden%20college%20%28deel%201%29.MP3"},{"dc_format":"application/octet-stream","dc_identifier":"nl.gm1954.2c.2020.2830973-6.doc.16","dc_source":"https://api1.ibabs.eu/publicdownload.aspx?site=Beekdaelen&id=583536d9-22fc-4677-8eb7-c14c5c8e5131","dc_title":"06 Rcie ruimte 3 sept 2020 ap B1 Bronsgroenerhof - 1e termijn antwoorden college (deel 2)","dc_type":"bijlage","foi_fileName":"06%20Rcie%20ruimte%203%20sept%202020%20ap%20B1%20Bronsgroenerhof%20-%201e%20termijn%20antwoorden%20college%20%28deel%202%29.MP3"},{"dc_format":"application/octet-stream","dc_identifier":"nl.gm1954.2c.2020.2830973-6.doc.17","dc_source":"https://api1.ibabs.eu/publicdownload.aspx?site=Beekdaelen&id=9f045499-3318-48c5-b97d-4275700e981f","dc_title":"07 Rcie ruimte 3 sept 2020 ap B1 Bronsgroenerhof - 2e termijn tot schorsing","dc_type":"bijlage","foi_fileName":"07%20Rcie%20ruimte%203%20sept%202020%20ap%20B1%20Bronsgroenerhof%20-%202e%20termijn%20tot%20schorsing.MP3"},{"dc_format":"application/octet-stream","dc_identifier":"nl.gm1954.2c.2020.2830973-6.doc.18","dc_source":"https://api1.ibabs.eu/publicdownload.aspx?site=Beekdaelen&id=2ca94276-c70d-47bf-a255-e168844a1bea","dc_title":"08 Rcie ruimte 3 sept 2020 ap B1 Bronsgroenerhof - 2e termijn na schorsing","dc_type":"bijlage","foi_fileName":"08%20Rcie%20ruimte%203%20sept%202020%20ap%20B1%20Bronsgroenerhof%20-%202e%20termijn%20na%20schorsing.MP3"},{"dc_format":"application/octet-stream","dc_identifier":"nl.gm1954.2c.2020.2830973-6.doc.19","dc_source":"https://api1.ibabs.eu/publicdownload.aspx?site=Beekdaelen&id=27c6c286-c7b1-4e7f-80f1-c4e61577cb6d","dc_title":"09 Rcie ruimte 3 sept 2020 ap B1 Bronsgroenerhof - samenvatting advies cie","dc_type":"bijlage","foi_fileName":"09%20Rcie%20ruimte%203%20sept%202020%20ap%20B1%20Bronsgroenerhof%20-%20samenvatting%20advies%20cie.MP3"},{"dc_format":"application/pdf","dc_identifier":"nl.gm1954.2c.2020.2830973-6.doc.1","dc_source":"https://api1.ibabs.eu/publicdownload.aspx?site=Beekdaelen&id=85039f21-bc7b-4704-a6d6-0c8b80309326","dc_title":"RV inzake verklaring van geen bedenkingen m.b.t. verzoek omgevingsvergunning oprichting zorgboerderij Bronsgroenerhof te Schinveld","dc_type":"bijlage","foi_fairiscoreVersions":{"v1":1,"v2":1},"foi_fileName":"236076_1.pdf","foi_nrPages":8},{"dc_format":"application/pdf","dc_identifier":"nl.gm1954.2c.2020.2830973-6.doc.4","dc_source":"https://api1.ibabs.eu/publicdownload.aspx?site=Beekdaelen&id=252d4a63-7f11-4c08-be8f-0c039020bc94","dc_title":"Bijlage bij RV - bezwaarschrift weigering Omgevingsvergunning Bronsgroener-Hof AVG","dc_type":"bijlage","foi_fairiscoreVersions":{"v1":2,"v2":2},"foi_fileName":"Bezwaarschrift%20weigering%20Omgevingsvergunning%20Bronsgroener-Hof%20AVG.pdf","foi_nrPages":9},{"dc_format":"application/pdf","dc_identifier":"nl.gm1954.2c.2020.2830973-6.doc.7","dc_source":"https://api1.ibabs.eu/publicdownload.aspx?site=Beekdaelen&id=61fe5095-40ef-4cb5-9c1c-df7f2cdda815","dc_title":"Brief principebesluit AVG","dc_type":"bijlage","foi_fairiscoreVersions":{"v1":5,"v2":5},"foi_fileName":"Brief%20principebesluit%20AVG.pdf","foi_nrPages":4},{"dc_format":"application/pdf","dc_identifier":"nl.gm1954.2c.2020.2830973-6.doc.11","dc_source":"https://api1.ibabs.eu/publicdownload.aspx?site=Beekdaelen&id=fd67f6e6-7eb6-45d5-b6de-3f06b479d7f1","dc_title":"MvA bijlage Motie behoud beschermde natuurgebieden","dc_type":"bijlage","foi_fairiscoreVersions":{"v1":2,"v2":2},"foi_fileName":"MvA%20bijlage%20Motie%20behoud%20beschermde%20natuurgebieden.pdf","foi_nrPages":1},{"dc_format":"application/pdf","dc_identifier":"nl.gm1954.2c.2020.2830973-6.doc.13","dc_source":"https://api1.ibabs.eu/publicdownload.aspx?site=Beekdaelen&id=9aa8a87b-1397-45a2-bc4a-5432b2d0e0c3","dc_title":"MvA mbt vragen BL inzake Bronsgroenhof Cie Ruimte  03-09-2020","dc_type":"bijlage","foi_fairiscoreVersions":{"v1":1,"v2":1},"foi_fileName":"MvA%20mbt%20vragen%20BL%20inzake%20Bronsgroenhof%20Cie%20Ruimte%20%2003-09-2020.pdf","foi_nrPages":2},{"dc_format":"application/pdf","dc_identifier":"nl.gm1954.2c.2020.2830973-6.doc.10","dc_source":"https://api1.ibabs.eu/publicdownload.aspx?site=Beekdaelen&id=91092455-2d9d-4b77-acc7-4906e63d156c","dc_title":"MvA vragen Bronsgroenerhof","dc_type":"bijlage","foi_fairiscoreVersions":{"v1":1,"v2":1},"foi_fileName":"MvA%20vragen%20Bronsgroenerhof.pdf","foi_nrPages":12},{"dc_format":"application/pdf","dc_identifier":"nl.gm1954.2c.2020.2830973-6.doc.12","dc_source":"https://api1.ibabs.eu/publicdownload.aspx?site=Beekdaelen&id=1d73c7ca-0132-409e-919e-6587a0ac2bfd","dc_title":"MvA vragen VVD fractie inzake Bronsgroenerhof cie Ruimte 03-09-2020","dc_type":"bijlage","foi_fairiscoreVersions":{"v1":1,"v2":1},"foi_fileName":"MvA%20vragen%20VVD%20fractie%20inzake%20Bronsgroenerhof%20cie%20Ruimte%2003-09-2020.pdf","foi_nrPages":2},{"dc_format":"application/pdf","dc_identifier":"nl.gm1954.2c.2020.2830973-6.doc.6","dc_source":"https://api1.ibabs.eu/publicdownload.aspx?site=Beekdaelen&id=390e9dc4-1010-4521-ad32-09c40d613e9f","dc_title":"Bijlage bij RV - Ruimtelijke onderbouwing","dc_type":"bijlage","foi_fairiscoreVersions":{"v1":2,"v2":3},"foi_fileName":"Z%2F20%2F145684%20-%20236080%20-%20Bijlage%20bij%20RV%20-%20Ruimtelijke%20onderbouwing.pdf","foi_nrPages":49},{"dc_format":"application/pdf","dc_identifier":"nl.gm1954.2c.2020.2830973-6.doc.2","dc_source":"https://api1.ibabs.eu/publicdownload.aspx?site=Beekdaelen&id=029700ab-1e4f-4372-baa8-b772fd2e8a1e","dc_title":"RB inzake verklaring van geen bedenkingen m.b.t. verzoek omgevingsvergunning oprichting zorgboerderij Bronsgroenerhof te Schinveld","dc_type":"bijlage","foi_fairiscoreVersions":{"v1":1,"v2":1},"foi_fileName":"Z%2F20%2F145684%20-%20236085%20-%20Weigering%20omgevingsvergunning%20Zorgboerderij%20Bronsgroenerhof.pdf","foi_nrPages":1},{"dc_format":"application/pdf","dc_identifier":"nl.gm1954.2c.2020.2830973-6.doc.5","dc_source":"https://api1.ibabs.eu/publicdownload.aspx?site=Beekdaelen&id=b5fd032b-dda7-4400-9daa-c69f9b2cc637","dc_title":"Bijlage bij RV - timeline behorende bij bezwaarschrift","dc_type":"bijlage","foi_fairiscoreVersions":{"v1":5,"v2":5},"foi_fileName":"Z%2F20%2F145684%20-%20237542%20-%20Bijlage%20bij%20RV%20-%20timeline%20behorende%20bij%20bezwaarschrift.pdf","foi_nrPages":6},{"dc_format":"application/pdf","dc_identifier":"nl.gm1954.2c.2020.2830973-6.doc.3","dc_source":"https://api1.ibabs.eu/publicdownload.aspx?site=Beekdaelen&id=1b6dc1b7-e63f-4549-b0d3-4819b1169f1e","dc_title":"Bijlage bij RV - afbeeldingen","dc_type":"bijlage","foi_fairiscoreVersions":{"v1":1,"v2":1},"foi_fileName":"Z%2F20%2F145684%20-%20237655%20-%20Bijlage%20bij%20RV%20-%20afbeeldingen.pdf","foi_nrPages":2},{"dc_format":"application/pdf","dc_identifier":"nl.gm1954.2c.2020.2830973-6.doc.8","dc_source":"https://api1.ibabs.eu/publicdownload.aspx?site=Beekdaelen&id=65c75bfb-6dd3-4895-9ea5-2e118fd73877","dc_title":"Bijlage bij ruimtelijke onderbouwing - plattegronden en aanzichten","dc_type":"bijlage","foi_fairiscoreVersions":{"v1":5,"v2":5},"foi_fileName":"Z%2F20%2F145684%20-%20237666%20-%20Bijlage%20bij%20ruimtelijke%20onderbouwing%20-%20plattegronden%20en%20aanzichten.pdf","foi_nrPages":4},{"dc_format":"application/pdf","dc_identifier":"nl.gm1954.2c.2020.2830973-6.doc.9","dc_source":"https://api1.ibabs.eu/publicdownload.aspx?site=Beekdaelen&id=b8dbf689-876c-4993-bf9b-05263b41b6c0","dc_title":"Bijlage bij ruimtelijke onderbouwing - Brochure","dc_type":"bijlage","foi_fairiscoreVersions":{"v1":5,"v2":5},"foi_fileName":"Z%2F20%2F145684%20-%20237667%20-%20Bijlage%20bij%20ruimtelijke%20onderbouwing%20-%20Brocure.pdf","foi_nrPages":14}],"foi_nrDocuments":19,"foi_nrPagesInDossier":114,"foi_publishedDate":"2020-09-03","foi_retrievedDate":"2026-02-12"},{"dc_creator":"HandelingScraper_v1","dc_date_year":2020,"dc_description":"Vergadering van de Gemeente Beekdaelen op 2020-09-03. Onderdeel: Voorstel inzake toepassen co\u00f6rdinatieregeling ex art. 3.30 WRO inzake bestemmingsplan en omgevingsvergunning Gemeenschapshuis Puth.","dc_identifier":"nl.gm1954.2c.2020.2830973-7","dc_publisher":"gm1954","dc_source":"https://beekdaelen.bestuurlijkeinformatie.nl/Agenda/Index/7467a424-9eaa-4695-8c83-8f1fe9283f2a","dc_title":"Commissie Ruimte (t/m april 2022) 2020-09-03 - Voorstel inzake toepassen co\u00f6rdinatieregeling ex art. 3.30 WRO inzake bestemmingsplan en omgevingsvergunning Gemeenschapshuis Puth","dc_type":"2c","dc_type_description":"Vergaderstuk decentrale overheid","foi_fairiscoreVersions":{"v1":null,"v2":null},"foi_files":[{"dc_format":"application/pdf","dc_identifier":"nl.gm1954.2c.2020.2830973-7.doc.1","dc_source":"https://api1.ibabs.eu/publicdownload.aspx?site=Beekdaelen&id=a88fa8ff-2006-4b16-b14b-c19ac0012940","dc_title":"RV inzake bestemmingsplan Gemeenschapshuis Puth - toepassen co\u00f6rdinatieregeling","dc_type":"bijlage","foi_fileName":"234341_1.pdf"},{"dc_format":"application/pdf","dc_identifier":"nl.gm1954.2c.2020.2830973-7.doc.3","dc_source":"https://api1.ibabs.eu/publicdownload.aspx?site=Beekdaelen&id=c87c475e-1724-4eb6-9d2f-6ae815276e29","dc_title":"MvA bestemmingsplan gemeenschapshuis Puth - co\u00f6rdinatieregeling","dc_type":"bijlage","foi_fileName":"MvA%20coordinatieregeling.pdf"},{"dc_format":"application/pdf","dc_identifier":"nl.gm1954.2c.2020.2830973-7.doc.2","dc_source":"https://api1.ibabs.eu/publicdownload.aspx?site=Beekdaelen&id=fd405308-4e3a-412d-b1c6-014f49ac6e78","dc_title":"RB inzake bestemmingsplan Gemeenschapshuis Puth - toepassen co\u00f6rdinatieregeling","dc_type":"bijlage","foi_fileName":"Z%2F20%2F144705%20-%20238297%20-%20Raadsbesluit%20gemeenschapshuis%20Puth%20-%20toepassen%20co%26%23246%3Brdinatieregeling.pdf"}],"foi_nrDocuments":3,"foi_nrPagesInDossier":0,"foi_publishedDate":"2020-09-03","foi_retrievedDate":"2025-11-30"},{"dc_creator":"HandelingScraper_v1","dc_date_year":2020,"dc_description":"Vergadering van de Gemeente Beekdaelen op 2020-09-03. Onderdeel: Voorstel inzake benoeming Dorpsbouwmeesters en leden Monumentencommissie.","dc_identifier":"nl.gm1954.2c.2020.2830973-8","dc_publisher":"gm1954","dc_source":"https://beekdaelen.bestuurlijkeinformatie.nl/Agenda/Index/7467a424-9eaa-4695-8c83-8f1fe9283f2a","dc_title":"Commissie Ruimte (t/m april 2022) 2020-09-03 - Voorstel inzake benoeming Dorpsbouwmeesters en leden Monumentencommissie","dc_type":"2c","dc_type_description":"Vergaderstuk decentrale overheid","foi_fairiscoreVersions":{"v1":1,"v2":1},"foi_files":[{"dc_format":"application/octet-stream","dc_identifier":"nl.gm1954.2c.2020.2830973-8.doc.4","dc_source":"https://api1.ibabs.eu/publicdownload.aspx?site=Beekdaelen&id=b7c858d6-398e-41b0-9c7f-c0894404750d","dc_title":"10 Rcie ruimte 3 sept 2020 ap B3 Dorpsbouwmeester en monumentencie","dc_type":"bijlage","foi_fileName":"10%20Rcie%20ruimte%203%20sept%202020%20ap%20B3%20Dorpsbouwmeester%20en%20monumentencie.MP3"},{"dc_format":"application/pdf","dc_identifier":"nl.gm1954.2c.2020.2830973-8.doc.3","dc_source":"https://api1.ibabs.eu/publicdownload.aspx?site=Beekdaelen&id=48aacf98-a21a-460d-bea8-64fab151d953","dc_title":"MvA inzake B3 monumentencie. en dorpsbouwmeester","dc_type":"bijlage","foi_fairiscoreVersions":{"v1":1,"v2":1},"foi_fileName":"MvA%20inzake%20B3%20monumentencie.%20en%20dorpsbouwmeester.pdf","foi_nrPages":2},{"dc_format":"application/pdf","dc_identifier":"nl.gm1954.2c.2020.2830973-8.doc.1","dc_source":"https://api1.ibabs.eu/publicdownload.aspx?site=Beekdaelen&id=bc56ec80-3ec2-4342-903e-3abfd195f469","dc_title":"RV inzake aanstelling leden Monumentencommissie en (vervangend) Dorpsbouwmeester","dc_type":"bijlage","foi_fairiscoreVersions":{"v1":1,"v2":1},"foi_fileName":"Z%2F19%2F123857%20-%20237163%20-%20aanstelling%20leden%20Monumentencommissie%20en%20Dorpsbouwmeester.pdf","foi_nrPages":4},{"dc_format":"application/pdf","dc_identifier":"nl.gm1954.2c.2020.2830973-8.doc.2","dc_source":"https://api1.ibabs.eu/publicdownload.aspx?site=Beekdaelen&id=3b086e20-c0ad-4052-8403-eb5fd3fe8d9d","dc_title":"RB inzake aanstelling leden Monumentencommissie en (vervangend) Dorpsbouwmeester","dc_type":"bijlage","foi_fairiscoreVersions":{"v1":1,"v2":1},"foi_fileName":"Z%2F19%2F123857%20-%20238080%20-%20aanstelling.pdf","foi_nrPages":1}],"foi_nrDocuments":4,"foi_nrPagesInDossier":7,"foi_publishedDate":"2020-09-03","foi_retrievedDate":"2026-02-05"},{"dc_creator":"HandelingScraper_v1","dc_date_year":2020,"dc_description":"Vergadering van de Gemeente Beekdaelen op 2020-09-03. Onderdeel: Voorstel inzake verlenen toestemming wijziging GR Gegevenshuis i.v.m. toetreding tot werkgeversorganisatie.","dc_identifier":"nl.gm1954.2c.2020.2830973-9","dc_publisher":"gm1954","dc_source":"https://beekdaelen.bestuurlijkeinformatie.nl/Agenda/Index/7467a424-9eaa-4695-8c83-8f1fe9283f2a","dc_title":"Commissie Ruimte (t/m april 2022) 2020-09-03 - Voorstel inzake verlenen toestemming wijziging GR Gegevenshuis i.v.m. toetreding tot werkgeversorganisatie","dc_type":"2c","dc_type_description":"Vergaderstuk decentrale overheid","foi_fairiscoreVersions":{"v1":1,"v2":1},"foi_files":[{"dc_format":"application/octet-stream","dc_identifier":"nl.gm1954.2c.2020.2830973-9.doc.4","dc_source":"https://api1.ibabs.eu/publicdownload.aspx?site=Beekdaelen&id=4126e8f0-bf4f-404b-a7c8-161541e2e4c1","dc_title":"11 Rcie ruimte 3 sept 2020 ap B4 Toestemming wijziging GR Gegevenshuis","dc_type":"bijlage","foi_fileName":"11%20Rcie%20ruimte%203%20sept%202020%20ap%20B4%20Toestemming%20wijziging%20GR%20Gegevenshuis.MP3"},{"dc_format":"application/pdf","dc_identifier":"nl.gm1954.2c.2020.2830973-9.doc.2","dc_source":"https://api1.ibabs.eu/publicdownload.aspx?site=Beekdaelen&id=9fde5679-8ced-4fb0-80c0-dd36a2ca9f4f","dc_title":"RB inzake verlenen toestemming wijziging GR Gegevenshuis i.v.m. toetreding tot werkgeversorganisatie","dc_type":"bijlage","foi_fairiscoreVersions":{"v1":1,"v2":1},"foi_fileName":"Z%2F20%2F142004%20-%20229068%20-%20Raadsbesluit%20-%20Wijziging%20GR%20Het%20Gegevenshuis%20en%20toetreding%20tot%20Werkgeversorganisatie%20Samenwerkende%20Gemeentelijke%20Organisaties%20i.v.m.pdf","foi_nrPages":1},{"dc_format":"application/pdf","dc_identifier":"nl.gm1954.2c.2020.2830973-9.doc.3","dc_source":"https://api1.ibabs.eu/publicdownload.aspx?site=Beekdaelen&id=548e1d43-cab7-44fb-be41-fbc787067a7c","dc_title":"Gewijzigde GR Gegevenshuis","dc_type":"bijlage","foi_fairiscoreVersions":{"v1":1,"v2":1},"foi_fileName":"Z%2F20%2F142004%20-%20236760%20gewijzigde%20GR.pdf","foi_nrPages":13},{"dc_format":"application/pdf","dc_identifier":"nl.gm1954.2c.2020.2830973-9.doc.1","dc_source":"https://api1.ibabs.eu/publicdownload.aspx?site=Beekdaelen&id=4de99ff0-6534-42d4-9f98-2e829e855867","dc_title":"RV inzake verlenen toestemming wijziging GR Gegevenshuis i.v.m. toetreding tot werkgeversorganisatie","dc_type":"bijlage","foi_fairiscoreVersions":{"v1":1,"v2":1},"foi_fileName":"Z%2F20%2F142004%20-%20Raadsvoorstel%20-%20Wijziging%20GR%20Het%20Gegevenshuis%20en%20toetreding%20tot%20Werkgeversorganisatie%20Samenwerkende%20Gemeentelijke%20Organisaties%20i.v.m.%20inwerkingtreding%20Wet%20normalisering%20rechtspositie%20ambtenaren%20def.pdf","foi_nrPages":5}],"foi_nrDocuments":4,"foi_nrPagesInDossier":19,"foi_publishedDate":"2020-09-03","foi_retrievedDate":"2026-02-13"},{"dc_creator":"HandelingScraper_v1","dc_date_year":2020,"dc_description":"Vergadering van de Gemeente Beekdaelen op 2020-09-10. Onderdeel: Vaststellen agenda vergadering.","dc_identifier":"nl.gm1954.2c.2020.2831032-1","dc_publisher":"gm1954","dc_source":"https://beekdaelen.bestuurlijkeinformatie.nl/Agenda/Index/e0126f04-083e-4171-8096-51c901955802","dc_title":"BDN Commissie AWACS Limburg 2020-09-10 - Vaststellen agenda vergadering","dc_type":"2c","dc_type_description":"Vergaderstuk decentrale overheid","foi_fairiscoreVersions":{"v1":1,"v2":1},"foi_files":[{"dc_format":"application/pdf","dc_identifier":"nl.gm1954.2c.2020.2831032-1.doc.1","dc_source":"https://api1.ibabs.eu/publicdownload.aspx?site=Beekdaelen&id=3bd2d1ed-ffd2-4cf7-a3be-c6e0b7f0c4a5","dc_title":"CAL 20-016 concept-agenda 10-09-2020.pdf","dc_type":"bijlage","foi_fairiscoreVersions":{"v1":1,"v2":1},"foi_fileName":"CAL%2020-016%20concept-agenda%2010-09-2020.pdf","foi_nrPages":2}],"foi_nrDocuments":1,"foi_nrPagesInDossier":2,"foi_publishedDate":"2020-09-10","foi_retrievedDate":"2026-03-02"},{"dc_creator":"HandelingScraper_v1","dc_date_year":2020,"dc_description":"Vergadering van de Gemeente Beekdaelen op 2020-09-10. Onderdeel: Concept-Rapportage vliegtuiggeluid vliegbasis Geilenkirchen 2019, DGMR 6-7-2020, versie 001 (CAL 20-024).","dc_identifier":"nl.gm1954.2c.2020.2831032-10","dc_publisher":"gm1954","dc_source":"https://beekdaelen.bestuurlijkeinformatie.nl/Agenda/Index/e0126f04-083e-4171-8096-51c901955802","dc_title":"BDN Commissie AWACS Limburg 2020-09-10 - Concept-Rapportage vliegtuiggeluid vliegbasis Geilenkirchen 2019, DGMR 6-7-2020, versie 001 (CAL 20-024)","dc_type":"2c","dc_type_description":"Vergaderstuk decentrale overheid","foi_fairiscoreVersions":{"v1":1,"v2":1},"foi_files":[{"dc_format":"application/pdf","dc_identifier":"nl.gm1954.2c.2020.2831032-10.doc.1","dc_source":"https://api1.ibabs.eu/publicdownload.aspx?site=Beekdaelen&id=f7ec5798-7901-468b-b2c8-63a1875811ed","dc_title":"CAL 20-025 Rapportage vliegtuiggeluid vliegbasis Geilenkirchen 2019.pdf","dc_type":"bijlage","foi_fairiscoreVersions":{"v1":1,"v2":1},"foi_fileName":"CAL%2020-025%20Rapportage%20vliegtuiggeluid%20vliegbasis%20Geilenkirchen%202019.pdf","foi_nrPages":27}],"foi_nrDocuments":1,"foi_nrPagesInDossier":27,"foi_publishedDate":"2020-09-10","foi_retrievedDate":"2026-03-15"},{"dc_creator":"HandelingScraper_v1","dc_date_year":2020,"dc_description":"Vergadering van de Gemeente Beekdaelen op 2020-09-10. Onderdeel: Verzoek dhr. L\"Espoir uitnodigen door gemeenten van Vaste Kamercommissie Defensie voor een werkbezoek (CAL 20-025).","dc_identifier":"nl.gm1954.2c.2020.2831032-11","dc_publisher":"gm1954","dc_source":"https://beekdaelen.bestuurlijkeinformatie.nl/Agenda/Index/e0126f04-083e-4171-8096-51c901955802","dc_title":"BDN Commissie AWACS Limburg 2020-09-10 - Verzoek dhr. L\"Espoir uitnodigen door gemeenten van Vaste Kamercommissie Defensie voor een werkbezoek (CAL 20-025)","dc_type":"2c","dc_type_description":"Vergaderstuk decentrale overheid","foi_fairiscoreVersions":{"v1":null,"v2":null},"foi_files":[{"dc_format":"application/pdf","dc_identifier":"nl.gm1954.2c.2020.2831032-11.doc.1","dc_source":"https://api1.ibabs.eu/publicdownload.aspx?site=Beekdaelen&id=5ef24383-5e41-498f-9f6e-8cc1f3357dfc","dc_title":"CAL 20-026 Mail Servie L Espoir","dc_type":"bijlage","foi_fileName":"CAL%2020-026%20Mail%20Servie%20L%20Espoir%20iz%20impasse%20aanpak%20overlast.pdf"}],"foi_nrDocuments":1,"foi_nrPagesInDossier":0,"foi_publishedDate":"2020-09-10","foi_retrievedDate":"2025-11-30"},{"dc_creator":"HandelingScraper_v1","dc_date_year":2020,"dc_description":"Vergadering van de Gemeente Beekdaelen op 2020-09-10. Onderdeel: Cal 20-027 Reactie weth. L'Espoir op beantwoording Tweede Kamervragen.","dc_identifier":"nl.gm1954.2c.2020.2831032-12","dc_publisher":"gm1954","dc_source":"https://beekdaelen.bestuurlijkeinformatie.nl/Agenda/Index/e0126f04-083e-4171-8096-51c901955802","dc_title":"BDN Commissie AWACS Limburg 2020-09-10 - Cal 20-027 Reactie weth. L'Espoir op beantwoording Tweede Kamervragen","dc_type":"2c","dc_type_description":"Vergaderstuk decentrale overheid","foi_fairiscoreVersions":{"v1":1,"v2":1},"foi_files":[{"dc_format":"application/pdf","dc_identifier":"nl.gm1954.2c.2020.2831032-12.doc.1","dc_source":"https://api1.ibabs.eu/publicdownload.aspx?site=Beekdaelen&id=4826fc9e-6f6e-45d1-9b44-fa5b9d623450","dc_title":"CAL 20-027 Mail Servie L Espoir iz reactie op beantwoording","dc_type":"bijlage","foi_fairiscoreVersions":{"v1":1,"v2":1},"foi_fileName":"CAL%2020-027%20Mail%20Servie%20L%20Espoir%20iz%20reactie%20aan%20dhr.%20Kwast.pdf","foi_nrPages":2}],"foi_nrDocuments":1,"foi_nrPagesInDossier":2,"foi_publishedDate":"2020-09-10","foi_retrievedDate":"2026-03-06"},{"dc_creator":"HandelingScraper_v1","dc_date_year":2020,"dc_description":"Vergadering van de Gemeente Beekdaelen op 2020-09-10. Onderdeel: Cal 20-028 Brief Brigadier General Charles B. McDaniel.","dc_identifier":"nl.gm1954.2c.2020.2831032-13","dc_publisher":"gm1954","dc_source":"https://beekdaelen.bestuurlijkeinformatie.nl/Agenda/Index/e0126f04-083e-4171-8096-51c901955802","dc_title":"BDN Commissie AWACS Limburg 2020-09-10 - Cal 20-028 Brief Brigadier General Charles B. McDaniel","dc_type":"2c","dc_type_description":"Vergaderstuk decentrale overheid","foi_fairiscoreVersions":{"v1":5,"v2":5},"foi_files":[{"dc_format":"application/pdf","dc_identifier":"nl.gm1954.2c.2020.2831032-13.doc.1","dc_source":"https://api1.ibabs.eu/publicdownload.aspx?site=Beekdaelen&id=b63163bc-76c2-45e4-8be8-9a4937431768","dc_title":"Call 20-028 brief AWACS-basis 4 mei.pdf","dc_type":"bijlage","foi_fairiscoreVersions":{"v1":5,"v2":5},"foi_fileName":"Call%2020-028%20brief%20AWACS-basis%204%20mei.pdf","foi_nrPages":1}],"foi_nrDocuments":1,"foi_nrPagesInDossier":1,"foi_publishedDate":"2020-09-10","foi_retrievedDate":"2026-04-10"},{"dc_creator":"HandelingScraper_v1","dc_date_year":2020,"dc_description":"Vergadering van de Gemeente Beekdaelen op 2020-09-10. Onderdeel: Cal 20-029 Reactiebrief burgemeester Geurts n.a.v. brief dhr. B. McDaniel.","dc_identifier":"nl.gm1954.2c.2020.2831032-14","dc_publisher":"gm1954","dc_source":"https://beekdaelen.bestuurlijkeinformatie.nl/Agenda/Index/e0126f04-083e-4171-8096-51c901955802","dc_title":"BDN Commissie AWACS Limburg 2020-09-10 - Cal 20-029 Reactiebrief burgemeester Geurts n.a.v. brief dhr. B. McDaniel","dc_type":"2c","dc_type_description":"Vergaderstuk decentrale overheid","foi_fairiscoreVersions":{"v1":5,"v2":5},"foi_files":[{"dc_format":"application/pdf","dc_identifier":"nl.gm1954.2c.2020.2831032-14.doc.1","dc_source":"https://api1.ibabs.eu/publicdownload.aspx?site=Beekdaelen&id=fe291f6c-683f-49c4-9b4c-aed0f6d13ca5","dc_title":"Call 20-029 Reactie Beekdaelen brief NATO-Basis.pdf","dc_type":"bijlage","foi_fairiscoreVersions":{"v1":5,"v2":5},"foi_fileName":"Call%2020-029%20Reactie%20Beekdaelen%20brief%20NATO-Basis.pdf","foi_nrPages":2}],"foi_nrDocuments":1,"foi_nrPagesInDossier":2,"foi_publishedDate":"2020-09-10","foi_retrievedDate":"2026-03-06"},{"dc_creator":"HandelingScraper_v1","dc_date_year":2020,"dc_description":"Vergadering van de Gemeente Beekdaelen op 2020-09-10. Onderdeel: Vaststellen conceptverslag verg. Cie AWCS Limburg 23-6-2020 (CAL 20-017).","dc_identifier":"nl.gm1954.2c.2020.2831032-2","dc_publisher":"gm1954","dc_source":"https://beekdaelen.bestuurlijkeinformatie.nl/Agenda/Index/e0126f04-083e-4171-8096-51c901955802","dc_title":"BDN Commissie AWACS Limburg 2020-09-10 - Vaststellen conceptverslag verg. Cie AWCS Limburg 23-6-2020 (CAL 20-017)","dc_type":"2c","dc_type_description":"Vergaderstuk decentrale overheid","foi_fairiscoreVersions":{"v1":1,"v2":1},"foi_files":[{"dc_format":"application/pdf","dc_identifier":"nl.gm1954.2c.2020.2831032-2.doc.1","dc_source":"https://api1.ibabs.eu/publicdownload.aspx?site=Beekdaelen&id=3c6c1b0b-29fd-4c56-96f3-deaca610b55f","dc_title":"CAL 20-017 concept-verslag CAL 23 juni 2020.pdf","dc_type":"bijlage","foi_fairiscoreVersions":{"v1":1,"v2":1},"foi_fileName":"CAL%2020-017%20concept-verslag%20CAL%2023%20juni%202020.pdf","foi_nrPages":5}],"foi_nrDocuments":1,"foi_nrPagesInDossier":5,"foi_publishedDate":"2020-09-10","foi_retrievedDate":"2026-03-09"},{"dc_creator":"HandelingScraper_v1","dc_date_year":2020,"dc_description":"Vergadering van de Gemeente Beekdaelen op 2020-09-10. Onderdeel: Actiepuntenlijst Commissie (CAL 20-018).","dc_identifier":"nl.gm1954.2c.2020.2831032-3","dc_publisher":"gm1954","dc_source":"https://beekdaelen.bestuurlijkeinformatie.nl/Agenda/Index/e0126f04-083e-4171-8096-51c901955802","dc_title":"BDN Commissie AWACS Limburg 2020-09-10 - Actiepuntenlijst Commissie (CAL 20-018)","dc_type":"2c","dc_type_description":"Vergaderstuk decentrale overheid","foi_fairiscoreVersions":{"v1":1,"v2":1},"foi_files":[{"dc_format":"application/pdf","dc_identifier":"nl.gm1954.2c.2020.2831032-3.doc.1","dc_source":"https://api1.ibabs.eu/publicdownload.aspx?site=Beekdaelen&id=ed33c622-1db8-485d-8153-4bddf5afa90b","dc_title":"CAL 20-018 concept-actielijst.docx","dc_type":"bijlage","foi_fairiscoreVersions":{"v1":1,"v2":1},"foi_fileName":"CAL%2020-018%20concept-actielijst.pdf","foi_nrPages":1}],"foi_nrDocuments":1,"foi_nrPagesInDossier":1,"foi_publishedDate":"2020-09-10","foi_retrievedDate":"2025-12-06"},{"dc_creator":"HandelingScraper_v1","dc_date_year":2020,"dc_description":"Vergadering van de Gemeente Beekdaelen op 2020-09-10. Onderdeel: Uitspraak afd.Bestuursrechtspraak Rv.St. 30-1-219 inzake eis van aantal omwonenden tot jaarl.schadeverg. vanwege overlast Awacsverkeer.","dc_identifier":"nl.gm1954.2c.2020.2831032-4","dc_publisher":"gm1954","dc_source":"https://beekdaelen.bestuurlijkeinformatie.nl/Agenda/Index/e0126f04-083e-4171-8096-51c901955802","dc_title":"BDN Commissie AWACS Limburg 2020-09-10 - Uitspraak afd.Bestuursrechtspraak Rv.St. 30-1-219 inzake eis van aantal omwonenden tot jaarl.schadeverg. vanwege overlast Awacsverkeer","dc_type":"2c","dc_type_description":"Vergaderstuk decentrale overheid","foi_fairiscoreVersions":{"v1":1,"v2":1},"foi_files":[{"dc_format":"application/pdf","dc_identifier":"nl.gm1954.2c.2020.2831032-4.doc.1","dc_source":"https://api1.ibabs.eu/publicdownload.aspx?site=Beekdaelen&id=f8bc0c67-f0c1-4ad1-8d91-956e2967b977","dc_title":"CAL 20-019 Uitspraak Raad van State.pdf","dc_type":"bijlage","foi_fairiscoreVersions":{"v1":1,"v2":1},"foi_fileName":"CAL%2020-019%20Uitspraak%20Raad%20van%20State.pdf","foi_nrPages":12}],"foi_nrDocuments":1,"foi_nrPagesInDossier":12,"foi_publishedDate":"2020-09-10","foi_retrievedDate":"2026-04-10"},{"dc_creator":"HandelingScraper_v1","dc_date_year":2020,"dc_description":"Vergadering van de Gemeente Beekdaelen op 2020-09-10. Onderdeel: uitjsprak Rechtbank Roermond van 13-1-2020 inzake hoogte schadeverg. aan 2 inwoners gemeente Eijsden-Mrgraten vanwege waardedaling van hun woning door gevolgen van het luchtruimwijzigingsbesluit uit 2013 (CAL 20-019).","dc_identifier":"nl.gm1954.2c.2020.2831032-5","dc_publisher":"gm1954","dc_source":"https://beekdaelen.bestuurlijkeinformatie.nl/Agenda/Index/e0126f04-083e-4171-8096-51c901955802","dc_title":"BDN Commissie AWACS Limburg 2020-09-10 - uitjsprak Rechtbank Roermond van 13-1-2020 inzake hoogte schadeverg. aan 2 inwoners gemeente Eijsden-Mrgraten vanwege waardedaling van hun woning door gevolgen van het luchtruimwijzigingsbesluit uit 2013 (CAL 20-019)","dc_type":"2c","dc_type_description":"Vergaderstuk decentrale overheid","foi_fairiscoreVersions":{"v1":1,"v2":1},"foi_files":[{"dc_format":"application/pdf","dc_identifier":"nl.gm1954.2c.2020.2831032-5.doc.1","dc_source":"https://api1.ibabs.eu/publicdownload.aspx?site=Beekdaelen&id=84951a74-ac9d-4a27-ab53-bc828dbbfc1a","dc_title":"CAL 20-020 Rechtbank Limburg 13-01-2020.pdf","dc_type":"bijlage","foi_fairiscoreVersions":{"v1":1,"v2":1},"foi_fileName":"CAL%2020-020%20Rechtbank%20Limburg%2013-01-2020.pdf","foi_nrPages":7}],"foi_nrDocuments":1,"foi_nrPagesInDossier":7,"foi_publishedDate":"2020-09-10","foi_retrievedDate":"2026-03-01"},{"dc_creator":"HandelingScraper_v1","dc_date_year":2020,"dc_description":"Vergadering van de Gemeente Beekdaelen op 2020-09-10. Onderdeel: Overzicht klachten ST. Klachtentelefoon Luchtverkeer Z.L., 1e kwartaal 2020 (CAL 20-020).","dc_identifier":"nl.gm1954.2c.2020.2831032-6","dc_publisher":"gm1954","dc_source":"https://beekdaelen.bestuurlijkeinformatie.nl/Agenda/Index/e0126f04-083e-4171-8096-51c901955802","dc_title":"BDN Commissie AWACS Limburg 2020-09-10 - Overzicht klachten ST. Klachtentelefoon Luchtverkeer Z.L., 1e kwartaal 2020 (CAL 20-020)","dc_type":"2c","dc_type_description":"Vergaderstuk decentrale overheid","foi_fairiscoreVersions":{"v1":1,"v2":1},"foi_files":[{"dc_format":"application/pdf","dc_identifier":"nl.gm1954.2c.2020.2831032-6.doc.1","dc_source":"https://api1.ibabs.eu/publicdownload.aspx?site=Beekdaelen&id=ed80cc72-9ba0-42cf-ba86-cb2536ec2bbd","dc_title":"CAL 20-021 Overzicht klachten 1e kw 2020.pdf","dc_type":"bijlage","foi_fairiscoreVersions":{"v1":1,"v2":1},"foi_fileName":"CAL%2020-021%20Overzicht%20klachten%201e%20kw%202020.pdf","foi_nrPages":19}],"foi_nrDocuments":1,"foi_nrPagesInDossier":19,"foi_publishedDate":"2020-09-10","foi_retrievedDate":"2026-03-01"},{"dc_creator":"HandelingScraper_v1","dc_date_year":2020,"dc_description":"Vergadering van de Gemeente Beekdaelen op 2020-09-10. Onderdeel: Overzicht Vliegbewegingen boven woonbebouwing Schinveld en Brunssum, St. Klachtentel. Luchtverkeer Z.L., 1e kw. 2020 (CAL 20-021).","dc_identifier":"nl.gm1954.2c.2020.2831032-7","dc_publisher":"gm1954","dc_source":"https://beekdaelen.bestuurlijkeinformatie.nl/Agenda/Index/e0126f04-083e-4171-8096-51c901955802","dc_title":"BDN Commissie AWACS Limburg 2020-09-10 - Overzicht Vliegbewegingen boven woonbebouwing Schinveld en Brunssum, St. Klachtentel. Luchtverkeer Z.L., 1e kw. 2020 (CAL 20-021)","dc_type":"2c","dc_type_description":"Vergaderstuk decentrale overheid","foi_fairiscoreVersions":{"v1":1,"v2":1},"foi_files":[{"dc_format":"application/pdf","dc_identifier":"nl.gm1954.2c.2020.2831032-7.doc.1","dc_source":"https://api1.ibabs.eu/publicdownload.aspx?site=Beekdaelen&id=954ad244-610f-4a5a-8b10-516f10089b08","dc_title":"CAL 20-022 Vliegbewegingen 1e kwartaal 2019.pdf","dc_type":"bijlage","foi_fairiscoreVersions":{"v1":1,"v2":1},"foi_fileName":"CAL%2020-022%20Vliegbewegingen%201e%20kwartaal%202019.pdf","foi_nrPages":8}],"foi_nrDocuments":1,"foi_nrPagesInDossier":8,"foi_publishedDate":"2020-09-10","foi_retrievedDate":"2026-02-12"},{"dc_creator":"HandelingScraper_v1","dc_date_year":2020,"dc_description":"Vergadering van de Gemeente Beekdaelen op 2020-09-10. Onderdeel: Overzicht klachten St. Klachtente. Luchtverkeer Z.L., 2e kw. 2020 (CAL 20-022).","dc_identifier":"nl.gm1954.2c.2020.2831032-8","dc_publisher":"gm1954","dc_source":"https://beekdaelen.bestuurlijkeinformatie.nl/Agenda/Index/e0126f04-083e-4171-8096-51c901955802","dc_title":"BDN Commissie AWACS Limburg 2020-09-10 - Overzicht klachten St. Klachtente. Luchtverkeer Z.L., 2e kw. 2020 (CAL 20-022)","dc_type":"2c","dc_type_description":"Vergaderstuk decentrale overheid","foi_fairiscoreVersions":{"v1":1,"v2":1},"foi_files":[{"dc_format":"application/pdf","dc_identifier":"nl.gm1954.2c.2020.2831032-8.doc.1","dc_source":"https://api1.ibabs.eu/publicdownload.aspx?site=Beekdaelen&id=bf293c74-94ef-46e8-8b10-ec44ab43f074","dc_title":"CAL 20-023 Overzicht klachten 2e kw 2020.pdf","dc_type":"bijlage","foi_fairiscoreVersions":{"v1":1,"v2":1},"foi_fileName":"CAL%2020-023%20Overzicht%20klachten%202e%20kw%202020.pdf","foi_nrPages":19}],"foi_nrDocuments":1,"foi_nrPagesInDossier":19,"foi_publishedDate":"2020-09-10","foi_retrievedDate":"2026-03-06"},{"dc_creator":"HandelingScraper_v1","dc_date_year":2020,"dc_description":"Vergadering van de Gemeente Beekdaelen op 2020-09-10. Onderdeel: Overzicht Vliegbewegingen boven de woonbebouwing van Schinveld en Brunssum, St. Klachtentel. Luchtverkeer Z.L., 2e kw. (CAL 20-023).","dc_identifier":"nl.gm1954.2c.2020.2831032-9","dc_publisher":"gm1954","dc_source":"https://beekdaelen.bestuurlijkeinformatie.nl/Agenda/Index/e0126f04-083e-4171-8096-51c901955802","dc_title":"BDN Commissie AWACS Limburg 2020-09-10 - Overzicht Vliegbewegingen boven de woonbebouwing van Schinveld en Brunssum, St. Klachtentel. Luchtverkeer Z.L., 2e kw. (CAL 20-023)","dc_type":"2c","dc_type_description":"Vergaderstuk decentrale overheid","foi_fairiscoreVersions":{"v1":1,"v2":1},"foi_files":[{"dc_format":"application/pdf","dc_identifier":"nl.gm1954.2c.2020.2831032-9.doc.1","dc_source":"https://api1.ibabs.eu/publicdownload.aspx?site=Beekdaelen&id=ffaf028d-a85e-498b-892b-ab1c2e218074","dc_title":"CAL 20-024  Vliegbewegingen 2e kwartaal.pdf","dc_type":"bijlage","foi_fairiscoreVersions":{"v1":1,"v2":1},"foi_fileName":"CAL%2020-024%20%20Vliegbewegingen%202e%20kwartaal.pdf","foi_nrPages":7}],"foi_nrDocuments":1,"foi_nrPagesInDossier":7,"foi_publishedDate":"2020-09-10","foi_retrievedDate":"2026-03-07"},{"dc_creator":"HandelingScraper_v1","dc_date_year":2020,"dc_description":"Vergadering van de Gemeente Beekdaelen op 2020-09-22. Onderdeel: Opening.","dc_identifier":"nl.gm1954.2c.2020.2831061-1","dc_publisher":"gm1954","dc_source":"https://beekdaelen.bestuurlijkeinformatie.nl/Agenda/Index/0764f6be-dc4d-4a4c-8539-f5cef427e343","dc_title":"Raadsvergadering 2020-09-22 - Opening","dc_type":"2c","dc_type_description":"Vergaderstuk decentrale overheid","foi_fairiscoreVersions":{"v1":1,"v2":1},"foi_files":[{"dc_format":"application/pdf","dc_identifier":"nl.gm1954.2c.2020.2831061-1.doc.1","dc_source":"https://api1.ibabs.eu/publicdownload.aspx?site=Beekdaelen&id=8aef0f6f-7b7e-4f79-bec4-b4cb42b5954d","dc_title":"Uitnodiging en agenda raadsvergadering 22 september 2020","dc_type":"bijlage","foi_fairiscoreVersions":{"v1":1,"v2":1},"foi_fileName":"Uitnodiging%20en%20agenda%20raadsvergadering%2022%20september%202020.pdf","foi_nrPages":2}],"foi_nrDocuments":1,"foi_nrPagesInDossier":2,"foi_publishedDate":"2020-09-22","foi_retrievedDate":"2026-03-07"},{"dc_creator":"HandelingScraper_v1","dc_date_year":2020,"dc_description":"Vergadering van de Gemeente Beekdaelen op 2020-09-22. Onderdeel: Vaststelling lijst ingekomen stukken.","dc_identifier":"nl.gm1954.2c.2020.2831061-10","dc_publisher":"gm1954","dc_source":"https://beekdaelen.bestuurlijkeinformatie.nl/Agenda/Index/0764f6be-dc4d-4a4c-8539-f5cef427e343","dc_title":"Raadsvergadering 2020-09-22 - Vaststelling lijst ingekomen stukken","dc_type":"2c","dc_type_description":"Vergaderstuk decentrale overheid","foi_fairiscoreVersions":{"v1":1,"v2":1},"foi_files":[{"dc_format":"application/pdf","dc_identifier":"nl.gm1954.2c.2020.2831061-10.doc.1","dc_source":"https://api1.ibabs.eu/publicdownload.aspx?site=Beekdaelen&id=d2fee7ae-a7bf-49b6-b9b7-94e72de7d246","dc_title":"Lijst ingekomen stukken raad 22092020 vastgesteld 22092020","dc_type":"bijlage","foi_fairiscoreVersions":{"v1":1,"v2":1},"foi_fileName":"Lijst%20ingekomen%20stukken%20raad%2022092020%20versie%2015092020%20definitief.pdf","foi_nrPages":10}],"foi_nrDocuments":1,"foi_nrPagesInDossier":10,"foi_publishedDate":"2020-09-22","foi_retrievedDate":"2026-02-13"},{"dc_creator":"HandelingScraper_v1","dc_date_year":2020,"dc_description":"Vergadering van de Gemeente Beekdaelen op 2020-09-22. Onderdeel: Moties vreemd aan de orde van de dag.","dc_identifier":"nl.gm1954.2c.2020.2831061-11","dc_publisher":"gm1954","dc_source":"https://beekdaelen.bestuurlijkeinformatie.nl/Agenda/Index/0764f6be-dc4d-4a4c-8539-f5cef427e343","dc_title":"Raadsvergadering 2020-09-22 - Moties vreemd aan de orde van de dag","dc_type":"2c","dc_type_description":"Vergaderstuk decentrale overheid","foi_fairiscoreVersions":{"v1":null,"v2":null},"foi_files":[{"dc_format":"application/pdf","dc_identifier":"nl.gm1954.2c.2020.2831061-11.doc.1","dc_source":"https://api1.ibabs.eu/publicdownload.aspx?site=Beekdaelen&id=82600407-b71f-405a-bb09-24c1f2020ecd","dc_title":"Motie overleg Rijkswaterstaat A76  AANGENOMEN","dc_type":"bijlage","foi_fileName":"Motie%20A76%20%20AANGENOMEN.pdf"}],"foi_nrDocuments":1,"foi_nrPagesInDossier":0,"foi_publishedDate":"2020-09-22","foi_retrievedDate":"2025-12-01"},{"dc_creator":"HandelingScraper_v1","dc_date_year":2020,"dc_description":"Vergadering van de Gemeente Beekdaelen op 2020-09-22. Onderdeel: Vaststelling van de agenda.","dc_identifier":"nl.gm1954.2c.2020.2831061-2","dc_publisher":"gm1954","dc_source":"https://beekdaelen.bestuurlijkeinformatie.nl/Agenda/Index/0764f6be-dc4d-4a4c-8539-f5cef427e343","dc_title":"Raadsvergadering 2020-09-22 - Vaststelling van de agenda","dc_type":"2c","dc_type_description":"Vergaderstuk decentrale overheid","foi_fairiscoreVersions":{"v1":1,"v2":1},"foi_files":[{"dc_format":"application/pdf","dc_identifier":"nl.gm1954.2c.2020.2831061-2.doc.1","dc_source":"https://api1.ibabs.eu/publicdownload.aspx?site=Beekdaelen&id=fcae3d40-47d2-4fd1-8b0e-87a9abd19074","dc_title":"Vastgestelde agenda raadsvergadering 22092020","dc_type":"bijlage","foi_fairiscoreVersions":{"v1":1,"v2":1},"foi_fileName":"Vastgestelde%20agenda%20raadsvergadering%2022092020.pdf","foi_nrPages":1}],"foi_nrDocuments":1,"foi_nrPagesInDossier":1,"foi_publishedDate":"2020-09-22","foi_retrievedDate":"2025-12-02"},{"dc_creator":"HandelingScraper_v1","dc_date_year":2020,"dc_description":"Vergadering van de Gemeente Beekdaelen op 2020-09-22. Onderdeel: Voorstel inzake toelating en be\u00ebdiging de heer A.A.B. Pluijmaekers.","dc_identifier":"nl.gm1954.2c.2020.2831061-3","dc_publisher":"gm1954","dc_source":"https://beekdaelen.bestuurlijkeinformatie.nl/Agenda/Index/0764f6be-dc4d-4a4c-8539-f5cef427e343","dc_title":"Raadsvergadering 2020-09-22 - Voorstel inzake toelating en be\u00ebdiging de heer A.A.B. Pluijmaekers","dc_type":"2c","dc_type_description":"Vergaderstuk decentrale overheid","foi_fairiscoreVersions":{"v1":1,"v2":1},"foi_files":[{"dc_format":"application/pdf","dc_identifier":"nl.gm1954.2c.2020.2831061-3.doc.2","dc_source":"https://api1.ibabs.eu/publicdownload.aspx?site=Beekdaelen&id=663d9824-d73e-4aa7-88f5-ce1a4d39aa0f","dc_title":"Rapport commissie geloofsbrieven vastgesteld 22092020","dc_type":"bijlage","foi_fairiscoreVersions":{"v1":1,"v2":1},"foi_fileName":"Rapport%20commissie%20geloofsbrieven.pdf","foi_nrPages":1},{"dc_format":"application/pdf","dc_identifier":"nl.gm1954.2c.2020.2831061-3.doc.3","dc_source":"https://api1.ibabs.eu/publicdownload.aspx?site=Beekdaelen&id=d9abc6ee-ee98-4809-98d0-a58671cb2087","dc_title":"RB inzake toelating dhr. Pluijmaekers vastgesteld 22092020","dc_type":"bijlage","foi_fairiscoreVersions":{"v1":1,"v2":1},"foi_fileName":"RB%20inzake%20toelating%20dhr.%20Pluijmakers.pdf","foi_nrPages":1},{"dc_format":"application/pdf","dc_identifier":"nl.gm1954.2c.2020.2831061-3.doc.1","dc_source":"https://api1.ibabs.eu/publicdownload.aspx?site=Beekdaelen&id=e1af3de1-7822-4e43-87bb-b5f3ea65b03e","dc_title":"RV inzake toelating en be\u00ebdiging dhr. Pluijmaekers","dc_type":"bijlage","foi_fairiscoreVersions":{"v1":1,"v2":1},"foi_fileName":"RV%20inzake%20toelating%20en%20beediging%20dhr.%20Pluijmaekers.pdf","foi_nrPages":1}],"foi_nrDocuments":3,"foi_nrPagesInDossier":3,"foi_publishedDate":"2020-09-22","foi_retrievedDate":"2026-03-07"},{"dc_creator":"HandelingScraper_v1","dc_date_year":2020,"dc_description":"Vergadering van de Gemeente Beekdaelen op 2020-09-22. Onderdeel: Benoeming raadscommissieleden namens Beekdaelen Lokaal.","dc_identifier":"nl.gm1954.2c.2020.2831061-4","dc_publisher":"gm1954","dc_source":"https://beekdaelen.bestuurlijkeinformatie.nl/Agenda/Index/0764f6be-dc4d-4a4c-8539-f5cef427e343","dc_title":"Raadsvergadering 2020-09-22 - Benoeming raadscommissieleden namens Beekdaelen Lokaal","dc_type":"2c","dc_type_description":"Vergaderstuk decentrale overheid","foi_fairiscoreVersions":{"v1":1,"v2":1},"foi_files":[{"dc_format":"application/pdf","dc_identifier":"nl.gm1954.2c.2020.2831061-4.doc.2","dc_source":"https://api1.ibabs.eu/publicdownload.aspx?site=Beekdaelen&id=4e957b42-dd1d-4bca-adb6-dea25f9aa698","dc_title":"Raadsbesluit inzake benoeming raadscommissieleden Beekdaelen Lokaal vastgesteld 22092020","dc_type":"bijlage","foi_fairiscoreVersions":{"v1":1,"v2":1},"foi_fileName":"Raadsbesluit%20inzake%20benoeming%20raadscommissieleden%20Beekdaelen%20Lokaal.pdf","foi_nrPages":1},{"dc_format":"application/pdf","dc_identifier":"nl.gm1954.2c.2020.2831061-4.doc.1","dc_source":"https://api1.ibabs.eu/publicdownload.aspx?site=Beekdaelen&id=177a9395-ac1d-4d8a-af60-f1a564e5277a","dc_title":"Raadsvoorstel inzake benoeming raadscommissieleden Beekdaelen Lokaal","dc_type":"bijlage","foi_fairiscoreVersions":{"v1":1,"v2":1},"foi_fileName":"Raadsvoorstel%20inzake%20benoeming%20raadscommissieleden%20Beekdaelen%20Lokaal.pdf","foi_nrPages":1}],"foi_nrDocuments":2,"foi_nrPagesInDossier":2,"foi_publishedDate":"2020-09-22","foi_retrievedDate":"2026-02-11"},{"dc_creator":"HandelingScraper_v1","dc_date_year":2020,"dc_description":"Vergadering van de Gemeente Beekdaelen op 2020-09-22. Onderdeel: Vaststellen besluitenlijst openbare raadsvergaderingen d.d. 7 en 15 juli 2020.","dc_identifier":"nl.gm1954.2c.2020.2831061-5","dc_publisher":"gm1954","dc_source":"https://beekdaelen.bestuurlijkeinformatie.nl/Agenda/Index/0764f6be-dc4d-4a4c-8539-f5cef427e343","dc_title":"Raadsvergadering 2020-09-22 - Vaststellen besluitenlijst openbare raadsvergaderingen d.d. 7 en 15 juli 2020","dc_type":"2c","dc_type_description":"Vergaderstuk decentrale overheid","foi_fairiscoreVersions":{"v1":1,"v2":1},"foi_files":[{"dc_format":"application/pdf","dc_identifier":"nl.gm1954.2c.2020.2831061-5.doc.2","dc_source":"https://api1.ibabs.eu/publicdownload.aspx?site=Beekdaelen&id=5e9902e4-2d71-41d3-b7fb-81e0642638c7","dc_title":"Besluitenlijst raadsvergadering 15 juli 2020 vastgesteld 22092020","dc_type":"bijlage","foi_fairiscoreVersions":{"v1":1,"v2":1},"foi_fileName":"Besluitenlijst%20raadsvergadering%2015%20juli%202020.pdf","foi_nrPages":5},{"dc_format":"application/pdf","dc_identifier":"nl.gm1954.2c.2020.2831061-5.doc.1","dc_source":"https://api1.ibabs.eu/publicdownload.aspx?site=Beekdaelen&id=3d6c2318-6c15-4096-8c08-ccce1628e899","dc_title":"Besluitenlijst raadsvergadering 7 juli 2020 vastgesteld 22092020","dc_type":"bijlage","foi_fairiscoreVersions":{"v1":1,"v2":1},"foi_fileName":"Besluitenlijst%20raadsvergadering%207%20juli%202020.pdf","foi_nrPages":34}],"foi_nrDocuments":2,"foi_nrPagesInDossier":39,"foi_publishedDate":"2020-09-22","foi_retrievedDate":"2025-11-29"},{"dc_creator":"HandelingScraper_v1","dc_date_year":2020,"dc_description":"Vergadering van de Gemeente Beekdaelen op 2020-09-22. Onderdeel: Voorstel inzake vaststellen Controleprotocol accountantscontrole 2020.","dc_identifier":"nl.gm1954.2c.2020.2831061-6","dc_publisher":"gm1954","dc_source":"https://beekdaelen.bestuurlijkeinformatie.nl/Agenda/Index/0764f6be-dc4d-4a4c-8539-f5cef427e343","dc_title":"Raadsvergadering 2020-09-22 - Voorstel inzake vaststellen Controleprotocol accountantscontrole 2020","dc_type":"2c","dc_type_description":"Vergaderstuk decentrale overheid","foi_fairiscoreVersions":{"v1":2,"v2":1},"foi_files":[{"dc_format":"application/pdf","dc_identifier":"nl.gm1954.2c.2020.2831061-6.doc.1","dc_source":"https://api1.ibabs.eu/publicdownload.aspx?site=Beekdaelen&id=7cd28567-3cae-4816-ac0c-ed5cf1bdc138","dc_title":"RV inzake Controleprotocol accountantscontrole 2020","dc_type":"bijlage","foi_fairiscoreVersions":{"v1":1,"v2":1},"foi_fileName":"Z%2F20%2F145658%20-%20236332%20-%20Controleprotocol%202020.pdf","foi_nrPages":2},{"dc_format":"application/pdf","dc_identifier":"nl.gm1954.2c.2020.2831061-6.doc.3","dc_source":"https://api1.ibabs.eu/publicdownload.aspx?site=Beekdaelen&id=2f430182-ac99-4f30-804f-03fcfda0891e","dc_title":"RB inzake Controleprotocol accountantscontrole 2020 vastgesteld 22092020","dc_type":"bijlage","foi_fairiscoreVersions":{"v1":1,"v2":1},"foi_fileName":"Z%2F20%2F145658%20-%20236435%20-%20Controleprotocol%20accountantscontrole%202020.pdf","foi_nrPages":1},{"dc_format":"application/pdf","dc_identifier":"nl.gm1954.2c.2020.2831061-6.doc.4","dc_source":"https://api1.ibabs.eu/publicdownload.aspx?site=Beekdaelen&id=9d680822-df53-49ed-843c-5426fb08de25","dc_title":"Bijlage Controleprotocol accountantscontrole 2020","dc_type":"bijlage","foi_fairiscoreVersions":{"v1":2,"v2":1},"foi_fileName":"Z%2F20%2F145658%20-%20236440%20-%20Controleprotocol%202020.pdf","foi_nrPages":11},{"dc_format":"application/pdf","dc_identifier":"nl.gm1954.2c.2020.2831061-6.doc.2","dc_source":"https://api1.ibabs.eu/publicdownload.aspx?site=Beekdaelen&id=e2d8de4b-68b9-473b-92e1-cc695d36a9fa","dc_title":"Nota van wijziging controleprotocol 2020","dc_type":"bijlage","foi_fairiscoreVersions":{"v1":1,"v2":1},"foi_fileName":"Z%2F20%2F145658%20-%20241804%20-%20Nota%20van%20wijziging%20controleprotocol%202020.pdf","foi_nrPages":1}],"foi_nrDocuments":4,"foi_nrPagesInDossier":15,"foi_publishedDate":"2020-09-22","foi_retrievedDate":"2026-04-11"},{"dc_creator":"HandelingScraper_v1","dc_date_year":2020,"dc_description":"Vergadering van de Gemeente Beekdaelen op 2020-09-22. Onderdeel: Voorstel inzake verlenen toestemming wijziging GR Gegevenshuis i.v.m. toetreding tot werkgeversorganisatie.","dc_identifier":"nl.gm1954.2c.2020.2831061-7","dc_publisher":"gm1954","dc_source":"https://beekdaelen.bestuurlijkeinformatie.nl/Agenda/Index/0764f6be-dc4d-4a4c-8539-f5cef427e343","dc_title":"Raadsvergadering 2020-09-22 - Voorstel inzake verlenen toestemming wijziging GR Gegevenshuis i.v.m. toetreding tot werkgeversorganisatie","dc_type":"2c","dc_type_description":"Vergaderstuk decentrale overheid","foi_fairiscoreVersions":{"v1":1,"v2":1},"foi_files":[{"dc_format":"application/pdf","dc_identifier":"nl.gm1954.2c.2020.2831061-7.doc.2","dc_source":"https://api1.ibabs.eu/publicdownload.aspx?site=Beekdaelen&id=9fde5679-8ced-4fb0-80c0-dd36a2ca9f4f","dc_title":"RB inzake verlenen toestemming wijziging GR Gegevenshuis i.v.m. toetreding tot werkgeversorganisatie","dc_type":"bijlage","foi_fairiscoreVersions":{"v1":1,"v2":1},"foi_fileName":"Z%2F20%2F142004%20-%20229068%20-%20Raadsbesluit%20-%20Wijziging%20GR%20Het%20Gegevenshuis%20en%20toetreding%20tot%20Werkgeversorganisatie%20Samenwerkende%20Gemeentelijke%20Organisaties%20i.v.m.pdf","foi_nrPages":1},{"dc_format":"application/pdf","dc_identifier":"nl.gm1954.2c.2020.2831061-7.doc.3","dc_source":"https://api1.ibabs.eu/publicdownload.aspx?site=Beekdaelen&id=548e1d43-cab7-44fb-be41-fbc787067a7c","dc_title":"Gewijzigde GR Gegevenshuis","dc_type":"bijlage","foi_fairiscoreVersions":{"v1":1,"v2":1},"foi_fileName":"Z%2F20%2F142004%20-%20236760%20gewijzigde%20GR.pdf","foi_nrPages":13},{"dc_format":"application/pdf","dc_identifier":"nl.gm1954.2c.2020.2831061-7.doc.1","dc_source":"https://api1.ibabs.eu/publicdownload.aspx?site=Beekdaelen&id=4de99ff0-6534-42d4-9f98-2e829e855867","dc_title":"RV inzake verlenen toestemming wijziging GR Gegevenshuis i.v.m. toetreding tot werkgeversorganisatie","dc_type":"bijlage","foi_fairiscoreVersions":{"v1":1,"v2":1},"foi_fileName":"Z%2F20%2F142004%20-%20Raadsvoorstel%20-%20Wijziging%20GR%20Het%20Gegevenshuis%20en%20toetreding%20tot%20Werkgeversorganisatie%20Samenwerkende%20Gemeentelijke%20Organisaties%20i.v.m.%20inwerkingtreding%20Wet%20normalisering%20rechtspositie%20ambtenaren%20def.pdf","foi_nrPages":5}],"foi_nrDocuments":3,"foi_nrPagesInDossier":19,"foi_publishedDate":"2020-09-22","foi_retrievedDate":"2025-12-01"},{"dc_creator":"HandelingScraper_v1","dc_date_year":2020,"dc_description":"Vergadering van de Gemeente Beekdaelen op 2020-09-22. Onderdeel: Voorstel inzake VvgB m.b.t. verzoek omgevingsvergunning oprichting Zorgboerderij Bronsgroenerhof te Schinveld.","dc_identifier":"nl.gm1954.2c.2020.2831061-8","dc_publisher":"gm1954","dc_source":"https://beekdaelen.bestuurlijkeinformatie.nl/Agenda/Index/0764f6be-dc4d-4a4c-8539-f5cef427e343","dc_title":"Raadsvergadering 2020-09-22 - Voorstel inzake VvgB m.b.t. verzoek omgevingsvergunning oprichting Zorgboerderij Bronsgroenerhof te Schinveld","dc_type":"2c","dc_type_description":"Vergaderstuk decentrale overheid","foi_fairiscoreVersions":{"v1":3,"v2":3},"foi_files":[{"dc_format":"application/pdf","dc_identifier":"nl.gm1954.2c.2020.2831061-8.doc.1","dc_source":"https://api1.ibabs.eu/publicdownload.aspx?site=Beekdaelen&id=85039f21-bc7b-4704-a6d6-0c8b80309326","dc_title":"RV inzake verklaring van geen bedenkingen m.b.t. verzoek omgevingsvergunning oprichting zorgboerderij Bronsgroenerhof te Schinveld","dc_type":"bijlage","foi_fairiscoreVersions":{"v1":1,"v2":1},"foi_fileName":"236076_1.pdf","foi_nrPages":8},{"dc_format":"application/pdf","dc_identifier":"nl.gm1954.2c.2020.2831061-8.doc.11","dc_source":"https://api1.ibabs.eu/publicdownload.aspx?site=Beekdaelen&id=36c58d74-4294-4064-9b56-7500971f1570","dc_title":"Amendement bronsgroenerhof D66 VVD en BL VERWORPEN","dc_type":"bijlage","foi_fairiscoreVersions":{"v1":1,"v2":1},"foi_fileName":"amendement%20bronsgroenerhof%20d66%20vvd%20bl%20VERWORPEN.pdf","foi_nrPages":2},{"dc_format":"application/pdf","dc_identifier":"nl.gm1954.2c.2020.2831061-8.doc.4","dc_source":"https://api1.ibabs.eu/publicdownload.aspx?site=Beekdaelen&id=252d4a63-7f11-4c08-be8f-0c039020bc94","dc_title":"Bijlage bij RV - bezwaarschrift weigering Omgevingsvergunning Bronsgroener-Hof AVG","dc_type":"bijlage","foi_fairiscoreVersions":{"v1":2,"v2":2},"foi_fileName":"Bezwaarschrift%20weigering%20Omgevingsvergunning%20Bronsgroener-Hof%20AVG.pdf","foi_nrPages":9},{"dc_format":"application/pdf","dc_identifier":"nl.gm1954.2c.2020.2831061-8.doc.10","dc_source":"https://api1.ibabs.eu/publicdownload.aspx?site=Beekdaelen&id=ffcb5eff-1656-4852-9977-5fb7148adafe","dc_title":"Brief inwoners Beekdaelen - Bezwaar tegen bouw Heringsbosch Schinveld - Scan AVG","dc_type":"bijlage","foi_fairiscoreVersions":{"v1":5,"v2":5},"foi_fileName":"Brief%20inwoners%20Beekdaelen%20-%20Bezwaar%20tegen%20bouw%20Heringsbosch%20Schinveld%20-%20avg.pdf","foi_nrPages":2},{"dc_format":"application/pdf","dc_identifier":"nl.gm1954.2c.2020.2831061-8.doc.9","dc_source":"https://api1.ibabs.eu/publicdownload.aspx?site=Beekdaelen&id=61fe5095-40ef-4cb5-9c1c-df7f2cdda815","dc_title":"Brief principebesluit AVG","dc_type":"bijlage","foi_fairiscoreVersions":{"v1":5,"v2":5},"foi_fileName":"Brief%20principebesluit%20AVG.pdf","foi_nrPages":4},{"dc_format":"application/pdf","dc_identifier":"nl.gm1954.2c.2020.2831061-8.doc.12","dc_source":"https://api1.ibabs.eu/publicdownload.aspx?site=Beekdaelen&id=859c8e97-e725-4ec8-aad5-16bedd8e58d4","dc_title":"Motie Bronsgroenerhof VG, CDA en PvdA AANGENOMEN","dc_type":"bijlage","foi_fairiscoreVersions":{"v1":1,"v2":1},"foi_fileName":"Motie%20Bronsgroenerhof%20VG_%20CDA%20en%20PvdA%20AANGENOMEN.pdf","foi_nrPages":2},{"dc_format":"application/pdf","dc_identifier":"nl.gm1954.2c.2020.2831061-8.doc.6","dc_source":"https://api1.ibabs.eu/publicdownload.aspx?site=Beekdaelen&id=390e9dc4-1010-4521-ad32-09c40d613e9f","dc_title":"Bijlage bij RV - Ruimtelijke onderbouwing","dc_type":"bijlage","foi_fairiscoreVersions":{"v1":2,"v2":3},"foi_fileName":"Z%2F20%2F145684%20-%20236080%20-%20Bijlage%20bij%20RV%20-%20Ruimtelijke%20onderbouwing.pdf","foi_nrPages":49},{"dc_format":"application/pdf","dc_identifier":"nl.gm1954.2c.2020.2831061-8.doc.2","dc_source":"https://api1.ibabs.eu/publicdownload.aspx?site=Beekdaelen&id=029700ab-1e4f-4372-baa8-b772fd2e8a1e","dc_title":"RB inzake verklaring van geen bedenkingen m.b.t. verzoek omgevingsvergunning oprichting zorgboerderij Bronsgroenerhof te Schinveld","dc_type":"bijlage","foi_fairiscoreVersions":{"v1":1,"v2":1},"foi_fileName":"Z%2F20%2F145684%20-%20236085%20-%20Weigering%20omgevingsvergunning%20Zorgboerderij%20Bronsgroenerhof.pdf","foi_nrPages":1},{"dc_format":"application/pdf","dc_identifier":"nl.gm1954.2c.2020.2831061-8.doc.5","dc_source":"https://api1.ibabs.eu/publicdownload.aspx?site=Beekdaelen&id=b5fd032b-dda7-4400-9daa-c69f9b2cc637","dc_title":"Bijlage bij RV - timeline behorende bij bezwaarschrift","dc_type":"bijlage","foi_fairiscoreVersions":{"v1":5,"v2":5},"foi_fileName":"Z%2F20%2F145684%20-%20237542%20-%20Bijlage%20bij%20RV%20-%20timeline%20behorende%20bij%20bezwaarschrift.pdf","foi_nrPages":6},{"dc_format":"application/pdf","dc_identifier":"nl.gm1954.2c.2020.2831061-8.doc.3","dc_source":"https://api1.ibabs.eu/publicdownload.aspx?site=Beekdaelen&id=1b6dc1b7-e63f-4549-b0d3-4819b1169f1e","dc_title":"Bijlage bij RV - afbeeldingen","dc_type":"bijlage","foi_fairiscoreVersions":{"v1":1,"v2":1},"foi_fileName":"Z%2F20%2F145684%20-%20237655%20-%20Bijlage%20bij%20RV%20-%20afbeeldingen.pdf","foi_nrPages":2},{"dc_format":"application/pdf","dc_identifier":"nl.gm1954.2c.2020.2831061-8.doc.8","dc_source":"https://api1.ibabs.eu/publicdownload.aspx?site=Beekdaelen&id=65c75bfb-6dd3-4895-9ea5-2e118fd73877","dc_title":"Bijlage bij ruimtelijke onderbouwing - plattegronden en aanzichten","dc_type":"bijlage","foi_fairiscoreVersions":{"v1":5,"v2":5},"foi_fileName":"Z%2F20%2F145684%20-%20237666%20-%20Bijlage%20bij%20ruimtelijke%20onderbouwing%20-%20plattegronden%20en%20aanzichten.pdf","foi_nrPages":4},{"dc_format":"application/pdf","dc_identifier":"nl.gm1954.2c.2020.2831061-8.doc.7","dc_source":"https://api1.ibabs.eu/publicdownload.aspx?site=Beekdaelen&id=b8dbf689-876c-4993-bf9b-05263b41b6c0","dc_title":"Bijlage bij ruimtelijke onderbouwing - Brochure","dc_type":"bijlage","foi_fairiscoreVersions":{"v1":5,"v2":5},"foi_fileName":"Z%2F20%2F145684%20-%20237667%20-%20Bijlage%20bij%20ruimtelijke%20onderbouwing%20-%20Brocure.pdf","foi_nrPages":14}],"foi_nrDocuments":12,"foi_nrPagesInDossier":103,"foi_publishedDate":"2020-09-22","foi_retrievedDate":"2026-04-10"},{"dc_creator":"HandelingScraper_v1","dc_date_year":2020,"dc_description":"Vergadering van de Gemeente Beekdaelen op 2020-09-22. Onderdeel: Voorstel inzake benoeming Dorpsbouwmeesters en leden Monumentencommissie.","dc_identifier":"nl.gm1954.2c.2020.2831061-9","dc_publisher":"gm1954","dc_source":"https://beekdaelen.bestuurlijkeinformatie.nl/Agenda/Index/0764f6be-dc4d-4a4c-8539-f5cef427e343","dc_title":"Raadsvergadering 2020-09-22 - Voorstel inzake benoeming Dorpsbouwmeesters en leden Monumentencommissie","dc_type":"2c","dc_type_description":"Vergaderstuk decentrale overheid","foi_fairiscoreVersions":{"v1":1,"v2":1},"foi_files":[{"dc_format":"application/pdf","dc_identifier":"nl.gm1954.2c.2020.2831061-9.doc.1","dc_source":"https://api1.ibabs.eu/publicdownload.aspx?site=Beekdaelen&id=7e9593f0-4e07-460a-b105-d52c500821b9","dc_title":"RV inzake aanstelling leden Monumentencommissie en (vervangend) Dorpsbouwmeester","dc_type":"bijlage","foi_fairiscoreVersions":{"v1":1,"v2":1},"foi_fileName":"RV%20met%20kleine%20tekstuele%20aanpassingen%20nav%20MVA.pdf","foi_nrPages":4},{"dc_format":"application/pdf","dc_identifier":"nl.gm1954.2c.2020.2831061-9.doc.2","dc_source":"https://api1.ibabs.eu/publicdownload.aspx?site=Beekdaelen&id=3b086e20-c0ad-4052-8403-eb5fd3fe8d9d","dc_title":"RB inzake aanstelling leden Monumentencommissie en (vervangend) Dorpsbouwmeester","dc_type":"bijlage","foi_fairiscoreVersions":{"v1":1,"v2":1},"foi_fileName":"Z%2F19%2F123857%20-%20238080%20-%20aanstelling.pdf","foi_nrPages":1}],"foi_nrDocuments":2,"foi_nrPagesInDossier":5,"foi_publishedDate":"2020-09-22","foi_retrievedDate":"2026-03-13"},{"dc_creator":"HandelingScraper_v1","dc_date_year":2020,"dc_description":"Vergadering van de Gemeente Beekdaelen op 2020-10-06. Onderdeel: Algemeen.","dc_identifier":"nl.gm1954.2c.2020.2831092-1","dc_publisher":"gm1954","dc_source":"https://beekdaelen.bestuurlijkeinformatie.nl/Agenda/Index/d0d0bc9f-b93b-47f1-91f4-44582c819849","dc_title":"Gecombineerde commissie (t/m april 2022) 2020-10-06 - Algemeen","dc_type":"2c","dc_type_description":"Vergaderstuk decentrale overheid","foi_fairiscoreVersions":{"v1":1,"v2":1},"foi_files":[{"dc_format":"application/pdf","dc_identifier":"nl.gm1954.2c.2020.2831092-1.doc.4","dc_source":"https://api1.ibabs.eu/publicdownload.aspx?site=Beekdaelen&id=4a710c61-2aea-45b3-bafc-b15236720a87","dc_title":"Technische voorvragen BL cie 6 oktober 2020","dc_type":"bijlage","foi_fairiscoreVersions":{"v1":1,"v2":1},"foi_fileName":"Technische%20voorvragen%20BL%20cie%206%20oktober%202020.pdf","foi_nrPages":1},{"dc_format":"application/pdf","dc_identifier":"nl.gm1954.2c.2020.2831092-1.doc.5","dc_source":"https://api1.ibabs.eu/publicdownload.aspx?site=Beekdaelen&id=d9b27ec9-9a48-4ce4-9fcc-13c6cbd2b32c","dc_title":"Technische voorvragen BL cie 6 oktober 2020 deel 2","dc_type":"bijlage","foi_fairiscoreVersions":{"v1":1,"v2":1},"foi_fileName":"Technische%20voorvragen%20BL%20cie%206%20oktober%202020%20deel%202.pdf","foi_nrPages":3},{"dc_format":"application/pdf","dc_identifier":"nl.gm1954.2c.2020.2831092-1.doc.6","dc_source":"https://api1.ibabs.eu/publicdownload.aspx?site=Beekdaelen&id=ae741f19-9b32-4f9d-ac73-8e796826922f","dc_title":"Technische voorvragen BL cie 6 oktober 2020 deel 3","dc_type":"bijlage","foi_fairiscoreVersions":{"v1":1,"v2":1},"foi_fileName":"Technische%20voorvragen%20BL%20cie%206%20oktober%202020%20deel%203.pdf","foi_nrPages":1},{"dc_format":"application/pdf","dc_identifier":"nl.gm1954.2c.2020.2831092-1.doc.2","dc_source":"https://api1.ibabs.eu/publicdownload.aspx?site=Beekdaelen&id=0e8f6d9c-2d0e-4124-b3db-2494a264c249","dc_title":"Technische voorvragen CDA cie 6 oktober 2020","dc_type":"bijlage","foi_fairiscoreVersions":{"v1":1,"v2":1},"foi_fileName":"Technische%20voorvragen%20CDA%20cie%206%20oktober%202020.pdf","foi_nrPages":6},{"dc_format":"application/pdf","dc_identifier":"nl.gm1954.2c.2020.2831092-1.doc.3","dc_source":"https://api1.ibabs.eu/publicdownload.aspx?site=Beekdaelen&id=1a5f7a61-3571-4664-92e9-654abb2e06ce","dc_title":"Technische voorvragen CDA cie 6 oktober 2020 deel 2","dc_type":"bijlage","foi_fairiscoreVersions":{"v1":1,"v2":1},"foi_fileName":"Technische%20voorvragen%20CDA%20cie%206%20oktober%202020%20deel%202.pdf","foi_nrPages":2},{"dc_format":"application/pdf","dc_identifier":"nl.gm1954.2c.2020.2831092-1.doc.9","dc_source":"https://api1.ibabs.eu/publicdownload.aspx?site=Beekdaelen&id=500dcc42-7644-4d68-bbde-1165929dd953","dc_title":"Technische voorvragen D66 cie 6 oktober 2020","dc_type":"bijlage","foi_fairiscoreVersions":{"v1":1,"v2":1},"foi_fileName":"Technische%20voorvragen%20D66%20cie%206%20oktober%202020.pdf","foi_nrPages":3},{"dc_format":"application/pdf","dc_identifier":"nl.gm1954.2c.2020.2831092-1.doc.8","dc_source":"https://api1.ibabs.eu/publicdownload.aspx?site=Beekdaelen&id=dbc8cc94-3c47-4185-a466-7d3982238f54","dc_title":"Technische voorvragen PvdA cie 6 oktober 2020","dc_type":"bijlage","foi_fairiscoreVersions":{"v1":1,"v2":1},"foi_fileName":"Technische%20voorvragen%20PvdA%20cie%206%20oktober%202020.pdf","foi_nrPages":1},{"dc_format":"application/pdf","dc_identifier":"nl.gm1954.2c.2020.2831092-1.doc.1","dc_source":"https://api1.ibabs.eu/publicdownload.aspx?site=Beekdaelen&id=22b86f18-9293-4965-88a2-a0388b3b7d41","dc_title":"Technische voorvragen VG cie 6 oktober 2020 gewijzigd","dc_type":"bijlage","foi_fairiscoreVersions":{"v1":1,"v2":1},"foi_fileName":"Technische%20voorvragen%20VG%20cie%206%20oktober%202020%20gewijzigd.pdf","foi_nrPages":3},{"dc_format":"application/pdf","dc_identifier":"nl.gm1954.2c.2020.2831092-1.doc.7","dc_source":"https://api1.ibabs.eu/publicdownload.aspx?site=Beekdaelen&id=65b29409-8d76-47d8-b350-0852c5a2adfb","dc_title":"Technische voorvragen VVD cie 6 oktober 2020","dc_type":"bijlage","foi_fairiscoreVersions":{"v1":1,"v2":1},"foi_fileName":"Technische%20voorvragen%20VVD%20cie%206%20oktober%202020.pdf","foi_nrPages":3}],"foi_nrDocuments":9,"foi_nrPagesInDossier":23,"foi_publishedDate":"2020-10-06","foi_retrievedDate":"2026-03-15"},{"dc_creator":"HandelingScraper_v1","dc_date_year":2020,"dc_description":"Vergadering van de Gemeente Beekdaelen op 2020-10-06. Onderdeel: Voorstel inzake Verklaring van geen bedenkingen voor het bouwen van 16 zorgstudio\u2019s aan de Kloosterlaan 2 te Schinveld.","dc_identifier":"nl.gm1954.2c.2020.2831092-10","dc_publisher":"gm1954","dc_source":"https://beekdaelen.bestuurlijkeinformatie.nl/Agenda/Index/d0d0bc9f-b93b-47f1-91f4-44582c819849","dc_title":"Gecombineerde commissie (t/m april 2022) 2020-10-06 - Voorstel inzake Verklaring van geen bedenkingen voor het bouwen van 16 zorgstudio\u2019s aan de Kloosterlaan 2 te Schinveld","dc_type":"2c","dc_type_description":"Vergaderstuk decentrale overheid","foi_fairiscoreVersions":{"v1":1,"v2":1},"foi_files":[{"dc_format":"application/pdf","dc_identifier":"nl.gm1954.2c.2020.2831092-10.doc.5","dc_source":"https://api1.ibabs.eu/publicdownload.aspx?site=Beekdaelen&id=16e50415-b294-46c9-86c5-1e4eb58d6550","dc_title":"MvA technische voorvragen commissie inzake Kloosterlaan 2","dc_type":"bijlage","foi_fairiscoreVersions":{"v1":1,"v2":1},"foi_fileName":"MvA%20technische%20voorvragen%20commissie%20inzake%20Kloosterlaan%202.pdf","foi_nrPages":6},{"dc_format":"application/pdf","dc_identifier":"nl.gm1954.2c.2020.2831092-10.doc.3","dc_source":"https://api1.ibabs.eu/publicdownload.aspx?site=Beekdaelen&id=d534a8c7-8576-425b-85d8-d71e3787c9f8","dc_title":"Ontwerp-beschikking Kloosterlaan 2 Schinveld","dc_type":"bijlage","foi_fairiscoreVersions":{"v1":1,"v2":1},"foi_fileName":"Ontwerp-Omgevingsvergunning_25.pdf","foi_nrPages":7},{"dc_format":"application/pdf","dc_identifier":"nl.gm1954.2c.2020.2831092-10.doc.2","dc_source":"https://api1.ibabs.eu/publicdownload.aspx?site=Beekdaelen&id=6c05616f-f642-48fb-ad94-8a4bd6f6f63e","dc_title":"Rb inzake VVGB Kloosterlaan 2 Schinveld","dc_type":"bijlage","foi_fairiscoreVersions":{"v1":1,"v2":1},"foi_fileName":"Raadsbesluit.pdf","foi_nrPages":1},{"dc_format":"application/pdf","dc_identifier":"nl.gm1954.2c.2020.2831092-10.doc.4","dc_source":"https://api1.ibabs.eu/publicdownload.aspx?site=Beekdaelen&id=a966f5c1-3f63-452e-85ac-2d6907da715e","dc_title":"Ruimtelijke onderbouwing","dc_type":"bijlage","foi_fairiscoreVersions":{"v1":1,"v2":1},"foi_fileName":"ruimtelijke%20onderbouwing.pdf","foi_nrPages":35},{"dc_format":"application/pdf","dc_identifier":"nl.gm1954.2c.2020.2831092-10.doc.1","dc_source":"https://api1.ibabs.eu/publicdownload.aspx?site=Beekdaelen&id=e4418db1-040f-4d3c-bd87-aa3adec3ccbd","dc_title":"RV inzake VVGB Kloosterlaan 2 Schinveld","dc_type":"bijlage","foi_fairiscoreVersions":{"v1":1,"v2":1},"foi_fileName":"vvgb.pdf","foi_nrPages":3}],"foi_nrDocuments":5,"foi_nrPagesInDossier":52,"foi_publishedDate":"2020-10-06","foi_retrievedDate":"2026-02-12"},{"dc_creator":"HandelingScraper_v1","dc_date_year":2020,"dc_description":"Vergadering van de Gemeente Beekdaelen op 2020-10-06. Onderdeel: Voorstel inzake krediet dorpsontwikkelingsplan Nuth.","dc_identifier":"nl.gm1954.2c.2020.2831092-11","dc_publisher":"gm1954","dc_source":"https://beekdaelen.bestuurlijkeinformatie.nl/Agenda/Index/d0d0bc9f-b93b-47f1-91f4-44582c819849","dc_title":"Gecombineerde commissie (t/m april 2022) 2020-10-06 - Voorstel inzake krediet dorpsontwikkelingsplan Nuth","dc_type":"2c","dc_type_description":"Vergaderstuk decentrale overheid","foi_fairiscoreVersions":{"v1":1,"v2":1},"foi_files":[{"dc_format":"application/pdf","dc_identifier":"nl.gm1954.2c.2020.2831092-11.doc.4","dc_source":"https://api1.ibabs.eu/publicdownload.aspx?site=Beekdaelen&id=bc85470e-cc86-43e1-9ec5-c12dc54cf3c4","dc_title":"MvA technische voorvragen inzake DOP Nuth verzameldocument","dc_type":"bijlage","foi_fairiscoreVersions":{"v1":1,"v2":1},"foi_fileName":"MvA%20technische%20voorvragen%20inzake%20DOP%20Nuth%20verzameldocument.pdf","foi_nrPages":6},{"dc_format":"application/pdf","dc_identifier":"nl.gm1954.2c.2020.2831092-11.doc.3","dc_source":"https://api1.ibabs.eu/publicdownload.aspx?site=Beekdaelen&id=59fbfd7c-e0b6-4ed0-bd02-dcd02af09fcb","dc_title":"Begrotingswijziging","dc_type":"bijlage","foi_fairiscoreVersions":{"v1":1,"v2":1},"foi_fileName":"Z%2F19%2F127982%20-%20240632.pdf","foi_nrPages":1},{"dc_format":"application/pdf","dc_identifier":"nl.gm1954.2c.2020.2831092-11.doc.1","dc_source":"https://api1.ibabs.eu/publicdownload.aspx?site=Beekdaelen&id=f89cdcfe-645e-4732-b288-fa16a62cb2af","dc_title":"RV mbt aanjaagkrediet DOP Nuth","dc_type":"bijlage","foi_fairiscoreVersions":{"v1":1,"v2":1},"foi_fileName":"Z%2F19%2F127982%20-%20240632%20-%20aanjaagkrediet%20DOP%20Nuth.pdf","foi_nrPages":3},{"dc_format":"application/pdf","dc_identifier":"nl.gm1954.2c.2020.2831092-11.doc.2","dc_source":"https://api1.ibabs.eu/publicdownload.aspx?site=Beekdaelen&id=73023e5c-a066-427a-acee-8dcf4bd68706","dc_title":"RB mbt  aanjaagkrediet DOP Nuth","dc_type":"bijlage","foi_fairiscoreVersions":{"v1":1,"v2":1},"foi_fileName":"Z%2F19%2F127982%20-%20240651%20-%20aanjaagkrediet%20DOP%20Nuth.pdf","foi_nrPages":1}],"foi_nrDocuments":4,"foi_nrPagesInDossier":11,"foi_publishedDate":"2020-10-06","foi_retrievedDate":"2026-03-05"},{"dc_creator":"HandelingScraper_v1","dc_date_year":2020,"dc_description":"Vergadering van de Gemeente Beekdaelen op 2020-10-06. Onderdeel: Voorstel inzake wijziging Verordening Jongerenlintje.","dc_identifier":"nl.gm1954.2c.2020.2831092-12","dc_publisher":"gm1954","dc_source":"https://beekdaelen.bestuurlijkeinformatie.nl/Agenda/Index/d0d0bc9f-b93b-47f1-91f4-44582c819849","dc_title":"Gecombineerde commissie (t/m april 2022) 2020-10-06 - Voorstel inzake wijziging Verordening Jongerenlintje","dc_type":"2c","dc_type_description":"Vergaderstuk decentrale overheid","foi_fairiscoreVersions":{"v1":2,"v2":1},"foi_files":[{"dc_format":"application/pdf","dc_identifier":"nl.gm1954.2c.2020.2831092-12.doc.4","dc_source":"https://api1.ibabs.eu/publicdownload.aspx?site=Beekdaelen&id=50b1e2fe-c0b2-45e5-969b-c06257b9e8e1","dc_title":"MvA CDA mbt jongerenlintje gecomb cie 6 okt 2020.pdf","dc_type":"bijlage","foi_fairiscoreVersions":{"v1":2,"v2":1},"foi_fileName":"MvA%20CDA%20mbt%20jongerenlintje%20gecomb%20cie%206%20okt%202020.pdf","foi_nrPages":2},{"dc_format":"application/pdf","dc_identifier":"nl.gm1954.2c.2020.2831092-12.doc.3","dc_source":"https://api1.ibabs.eu/publicdownload.aspx?site=Beekdaelen&id=d985e3d0-a640-40ff-81ff-be26739b6b5b","dc_title":"Verordening toekennen Jongerenlintje gemeente Beekdaelen","dc_type":"bijlage","foi_fairiscoreVersions":{"v1":1,"v2":1},"foi_fileName":"Z%2F19%2F127419%20-%20196285%20-%20Verordening%20toekennen%20Jongerenlintje%20gemeente%20Beekdaelen%20-%20griffie%20lay-out%20aangepast%2002072019.pdf","foi_nrPages":3},{"dc_format":"application/pdf","dc_identifier":"nl.gm1954.2c.2020.2831092-12.doc.1","dc_source":"https://api1.ibabs.eu/publicdownload.aspx?site=Beekdaelen&id=e04a355e-931f-41ee-91d8-ffb90b80a9c2","dc_title":"RV inzake wijziging verordening Jongerenlintje","dc_type":"bijlage","foi_fairiscoreVersions":{"v1":1,"v2":1},"foi_fileName":"Z%2F19%2F127419%20-%20240763%20-%20wijziging%20verordening%20Jongerenlintje.pdf","foi_nrPages":2},{"dc_format":"application/pdf","dc_identifier":"nl.gm1954.2c.2020.2831092-12.doc.2","dc_source":"https://api1.ibabs.eu/publicdownload.aspx?site=Beekdaelen&id=a6bf2bbc-1969-4dc8-98ee-8e8e40f02470","dc_title":"RB inzake wijziging verordening Jongerenlintje","dc_type":"bijlage","foi_fairiscoreVersions":{"v1":1,"v2":1},"foi_fileName":"Z%2F19%2F127419%20-%20240765%20-%20wijziging%20verordening%20Jongerenlintje.pdf","foi_nrPages":1}],"foi_nrDocuments":4,"foi_nrPagesInDossier":8,"foi_publishedDate":"2020-10-06","foi_retrievedDate":"2026-02-12"},{"dc_creator":"HandelingScraper_v1","dc_date_year":2020,"dc_description":"Vergadering van de Gemeente Beekdaelen op 2020-10-06. Onderdeel: Voorstel inzake Algemene Plaatselijke Verordening gemeente Beekdaelen 2021.","dc_identifier":"nl.gm1954.2c.2020.2831092-13","dc_publisher":"gm1954","dc_source":"https://beekdaelen.bestuurlijkeinformatie.nl/Agenda/Index/d0d0bc9f-b93b-47f1-91f4-44582c819849","dc_title":"Gecombineerde commissie (t/m april 2022) 2020-10-06 - Voorstel inzake Algemene Plaatselijke Verordening gemeente Beekdaelen 2021","dc_type":"2c","dc_type_description":"Vergaderstuk decentrale overheid","foi_fairiscoreVersions":{"v1":2,"v2":1},"foi_files":[{"dc_format":"application/pdf","dc_identifier":"nl.gm1954.2c.2020.2831092-13.doc.6","dc_source":"https://api1.ibabs.eu/publicdownload.aspx?site=Beekdaelen&id=07f2efb7-2cbc-4122-8592-e7ba1e840b5c","dc_title":"MvA technische voorvragen m.b.t. APV aangepast","dc_type":"bijlage","foi_fairiscoreVersions":{"v1":1,"v2":1},"foi_fileName":"MvA%20technische%20voorvragen%20m.b.t.%20APV%20aangepast.pdf","foi_nrPages":7},{"dc_format":"application/pdf","dc_identifier":"nl.gm1954.2c.2020.2831092-13.doc.2","dc_source":"https://api1.ibabs.eu/publicdownload.aspx?site=Beekdaelen&id=b046f0f2-d9b4-41e0-a8d9-ada2620e23fc","dc_title":"RB inzake vaststelling APV Beekdaelen 2021","dc_type":"bijlage","foi_fairiscoreVersions":{"v1":1,"v2":1},"foi_fileName":"Z%2F20%2F143256%20-%20239560%20-%20Raadsbesluit%20vaststelling%20APV%20Beekdaelen%202021.pdf","foi_nrPages":1},{"dc_format":"application/pdf","dc_identifier":"nl.gm1954.2c.2020.2831092-13.doc.1","dc_source":"https://api1.ibabs.eu/publicdownload.aspx?site=Beekdaelen&id=a42a3ce6-884e-4fd5-a7c3-2b9968380253","dc_title":"RV inzake vaststelling van de APV Beekdaelen 2021","dc_type":"bijlage","foi_fairiscoreVersions":{"v1":1,"v2":1},"foi_fileName":"Z%2F20%2F143256%20-%20239561%20-%20Raadsvoorstel%20tot%20vaststelling%20van%20de%20APV%20Beekdaelen%202021.pdf","foi_nrPages":2},{"dc_format":"application/pdf","dc_identifier":"nl.gm1954.2c.2020.2831092-13.doc.4","dc_source":"https://api1.ibabs.eu/publicdownload.aspx?site=Beekdaelen&id=04e625ca-0b24-47f2-abd1-b828a8dad441","dc_title":"Overzicht van wijzigingen APV (was-wordt tabel)","dc_type":"bijlage","foi_fairiscoreVersions":{"v1":1,"v2":1},"foi_fileName":"Z%2F20%2F143256%20-%20239584%20-%20Overzicht%20van%20wijzigingen%20APV%20%28was-wordt%20tabel%29.pdf","foi_nrPages":11},{"dc_format":"application/pdf","dc_identifier":"nl.gm1954.2c.2020.2831092-13.doc.5","dc_source":"https://api1.ibabs.eu/publicdownload.aspx?site=Beekdaelen&id=22d129de-33f8-4f05-9bbb-db9d722ce9e0","dc_title":"Tekst APV Beekdaelen 2021 - aanpassingen zijn rood gemarkeerd","dc_type":"bijlage","foi_fairiscoreVersions":{"v1":2,"v2":1},"foi_fileName":"Z%2F20%2F143256%20-%20240496%20-%20Tekst%20APV%20Beekdaelen%202021%20%28word%20versie%29%20-%20aanpassingen%20zijn%20rood%20gemarkeerd.pdf","foi_nrPages":37},{"dc_format":"application/pdf","dc_identifier":"nl.gm1954.2c.2020.2831092-13.doc.3","dc_source":"https://api1.ibabs.eu/publicdownload.aspx?site=Beekdaelen&id=07f26f2f-4e32-44cc-be44-cdcfb26553bf","dc_title":"Ledenbrief VNG","dc_type":"bijlage","foi_fairiscoreVersions":{"v1":1,"v2":1},"foi_fileName":"Z%2F20%2F143256%20-%20241652%20-%20Ledenbrief%20VNG.pdf","foi_nrPages":7}],"foi_nrDocuments":6,"foi_nrPagesInDossier":65,"foi_publishedDate":"2020-10-06","foi_retrievedDate":"2025-11-30"},{"dc_creator":"HandelingScraper_v1","dc_date_year":2020,"dc_description":"Vergadering van de Gemeente Beekdaelen op 2020-10-06. Onderdeel: Voorstel inzake de Marktverordening en de Marktgeldverordening gemeente Beekdaelen 2021.","dc_identifier":"nl.gm1954.2c.2020.2831092-14","dc_publisher":"gm1954","dc_source":"https://beekdaelen.bestuurlijkeinformatie.nl/Agenda/Index/d0d0bc9f-b93b-47f1-91f4-44582c819849","dc_title":"Gecombineerde commissie (t/m april 2022) 2020-10-06 - Voorstel inzake de Marktverordening en de Marktgeldverordening gemeente Beekdaelen 2021","dc_type":"2c","dc_type_description":"Vergaderstuk decentrale overheid","foi_fairiscoreVersions":{"v1":1,"v2":1},"foi_files":[{"dc_format":"application/pdf","dc_identifier":"nl.gm1954.2c.2020.2831092-14.doc.5","dc_source":"https://api1.ibabs.eu/publicdownload.aspx?site=Beekdaelen&id=9b4e9ebc-2e10-4a36-8c42-35566c27d90d","dc_title":"Concept Marktgeldverordening versie augustus 2020","dc_type":"bijlage","foi_fairiscoreVersions":{"v1":1,"v2":1},"foi_fileName":"INT.pdf","foi_nrPages":2},{"dc_format":"application/pdf","dc_identifier":"nl.gm1954.2c.2020.2831092-14.doc.7","dc_source":"https://api1.ibabs.eu/publicdownload.aspx?site=Beekdaelen&id=1bef8c14-2a60-478b-9254-a10e6b673fbe","dc_title":"MvA technische voorvragen m.b.t. Markt(geld)verordening","dc_type":"bijlage","foi_fairiscoreVersions":{"v1":1,"v2":1},"foi_fileName":"MvA%20technische%20voorvragen%20m.b.t.%20Markt%28geld%29verordening.pdf","foi_nrPages":9},{"dc_format":"application/pdf","dc_identifier":"nl.gm1954.2c.2020.2831092-14.doc.1","dc_source":"https://api1.ibabs.eu/publicdownload.aspx?site=Beekdaelen&id=9a9166c3-2dc4-4cba-a185-320baf13596e","dc_title":"RV inzake Marktverordening en Marktgeldverordening 2021 Beekdaelen","dc_type":"bijlage","foi_fairiscoreVersions":{"v1":1,"v2":1},"foi_fileName":"Z%2F19%2F131706%20-%20218662%20-%20Concept%20raadsvoorstel%20Markt%28geld%29verordening.pdf","foi_nrPages":3},{"dc_format":"application/pdf","dc_identifier":"nl.gm1954.2c.2020.2831092-14.doc.3","dc_source":"https://api1.ibabs.eu/publicdownload.aspx?site=Beekdaelen&id=34b9d7f1-22cb-416f-a924-1a8fee7eba31","dc_title":"Concept marktverordening gemeente Beekdaelen 2021 versie augustus 2020","dc_type":"bijlage","foi_fairiscoreVersions":{"v1":1,"v2":1},"foi_fileName":"Z%2F19%2F131706%20-%20238151%20-%20Concept%20marktverordening%20gemeente%20Beekdaelen%202021%20versie%20augustus%202020.pdf","foi_nrPages":3},{"dc_format":"application/pdf","dc_identifier":"nl.gm1954.2c.2020.2831092-14.doc.2","dc_source":"https://api1.ibabs.eu/publicdownload.aspx?site=Beekdaelen&id=cca2deee-d9c6-41c4-b2a2-7b4eef7a3754","dc_title":"RB inzake Marktverordening en Marktgeldverordening 2021 Beekdaelen vastgesteld 27102020","dc_type":"bijlage","foi_fairiscoreVersions":{"v1":1,"v2":1},"foi_fileName":"Z%2F19%2F131706%20-%20239356%20-%20Raadsbesluit%20betreffende%20Markt%28geld%29verordening.pdf","foi_nrPages":1},{"dc_format":"application/pdf","dc_identifier":"nl.gm1954.2c.2020.2831092-14.doc.4","dc_source":"https://api1.ibabs.eu/publicdownload.aspx?site=Beekdaelen&id=c3cc4ddd-2e25-4cb4-8505-76274cbb5253","dc_title":"Was - Wordt tabel Marktverordening","dc_type":"bijlage","foi_fairiscoreVersions":{"v1":1,"v2":1},"foi_fileName":"Z%2F19%2F131706%20-%20240563%20-%20Was%20-%20Wordt%20tabel%20Marktverordening.pdf","foi_nrPages":8},{"dc_format":"application/pdf","dc_identifier":"nl.gm1954.2c.2020.2831092-14.doc.6","dc_source":"https://api1.ibabs.eu/publicdownload.aspx?site=Beekdaelen&id=a6a9e078-ba5f-4513-850d-f2379b371463","dc_title":"Was - Wordt tabel Marktgeldverordening","dc_type":"bijlage","foi_fairiscoreVersions":{"v1":1,"v2":1},"foi_fileName":"Z%2F19%2F131706%20-%20240575%20-%20Was%20-%20Wordt%20tabel%20Marktgeldverordening.pdf","foi_nrPages":4}],"foi_nrDocuments":7,"foi_nrPagesInDossier":30,"foi_publishedDate":"2020-10-06","foi_retrievedDate":"2026-02-11"},{"dc_creator":"HandelingScraper_v1","dc_date_year":2020,"dc_description":"Vergadering van de Gemeente Beekdaelen op 2020-10-06. Onderdeel: Opening, mededelingen voorzitter en vaststellen agenda.","dc_identifier":"nl.gm1954.2c.2020.2831092-2","dc_publisher":"gm1954","dc_source":"https://beekdaelen.bestuurlijkeinformatie.nl/Agenda/Index/d0d0bc9f-b93b-47f1-91f4-44582c819849","dc_title":"Gecombineerde commissie (t/m april 2022) 2020-10-06 - Opening, mededelingen voorzitter en vaststellen agenda","dc_type":"2c","dc_type_description":"Vergaderstuk decentrale overheid","foi_fairiscoreVersions":{"v1":1,"v2":1},"foi_files":[{"dc_format":"application/pdf","dc_identifier":"nl.gm1954.2c.2020.2831092-2.doc.2","dc_source":"https://api1.ibabs.eu/publicdownload.aspx?site=Beekdaelen&id=dc1fee56-af07-45a7-8c04-de22f1f1fcaf","dc_title":"Vastgestelde agenda gecombineerde cie. 06 en 08 oktober 2020","dc_type":"bijlage","foi_fairiscoreVersions":{"v1":1,"v2":1},"foi_fileName":"Vastgestelde%20agenda%20gecomb.%20cie.vergadering%2006%2B08102020%20-%20249196.pdf","foi_nrPages":2},{"dc_format":"application/pdf","dc_identifier":"nl.gm1954.2c.2020.2831092-2.doc.1","dc_source":"https://api1.ibabs.eu/publicdownload.aspx?site=Beekdaelen&id=b4552279-5829-4631-955d-22af19a35cf9","dc_title":"Agenderingsverzoek CDA inzake Verkeersoverlast Schinnen","dc_type":"bijlage","foi_fairiscoreVersions":{"v1":1,"v2":1},"foi_fileName":"Verkeersoverlast%20Schinnen%20formulier%20commissie.pdf","foi_nrPages":1}],"foi_nrDocuments":2,"foi_nrPagesInDossier":3,"foi_publishedDate":"2020-10-06","foi_retrievedDate":"2026-03-15"},{"dc_creator":"HandelingScraper_v1","dc_date_year":2020,"dc_description":"Vergadering van de Gemeente Beekdaelen op 2020-10-06. Onderdeel: Vaststellen actiepuntenlijst van de commissie Ruimte d.d. 3 september 2020.","dc_identifier":"nl.gm1954.2c.2020.2831092-3","dc_publisher":"gm1954","dc_source":"https://beekdaelen.bestuurlijkeinformatie.nl/Agenda/Index/d0d0bc9f-b93b-47f1-91f4-44582c819849","dc_title":"Gecombineerde commissie (t/m april 2022) 2020-10-06 - Vaststellen actiepuntenlijst van de commissie Ruimte d.d. 3 september 2020","dc_type":"2c","dc_type_description":"Vergaderstuk decentrale overheid","foi_fairiscoreVersions":{"v1":null,"v2":null},"foi_files":[{"dc_format":"application/pdf","dc_identifier":"nl.gm1954.2c.2020.2831092-3.doc.1","dc_source":"https://api1.ibabs.eu/publicdownload.aspx?site=Beekdaelen&id=4d4726e3-3b30-4b66-8027-9d99288a9d91","dc_title":"Actiepuntenlijst cie Ruimte 20200903 3 september 2020 - vastgesteld","dc_type":"bijlage","foi_fileName":"Actiepuntenlijst%20cie%20Ruimte%2020200903%203%20september%202020%20-%20vastgesteld.pdf"}],"foi_nrDocuments":1,"foi_nrPagesInDossier":0,"foi_publishedDate":"2020-10-06","foi_retrievedDate":"2025-11-30"},{"dc_creator":"HandelingScraper_v1","dc_date_year":2020,"dc_description":"Vergadering van de Gemeente Beekdaelen op 2020-10-06. Onderdeel: Vaststellen lijst van toezeggingen van de commissie Ruimte.","dc_identifier":"nl.gm1954.2c.2020.2831092-4","dc_publisher":"gm1954","dc_source":"https://beekdaelen.bestuurlijkeinformatie.nl/Agenda/Index/d0d0bc9f-b93b-47f1-91f4-44582c819849","dc_title":"Gecombineerde commissie (t/m april 2022) 2020-10-06 - Vaststellen lijst van toezeggingen van de commissie Ruimte","dc_type":"2c","dc_type_description":"Vergaderstuk decentrale overheid","foi_fairiscoreVersions":{"v1":1,"v2":1},"foi_files":[{"dc_format":"application/pdf","dc_identifier":"nl.gm1954.2c.2020.2831092-4.doc.1","dc_source":"https://api1.ibabs.eu/publicdownload.aspx?site=Beekdaelen&id=6f440775-c188-4767-860f-8db20054a283","dc_title":"Lijst Toezeggingen bijgewerkt college sep.2020 mbt Cie. Ruimte 06102020","dc_type":"bijlage","foi_fairiscoreVersions":{"v1":1,"v2":1},"foi_fileName":"Lijst%20Toezeggingen%20bijgewerkt%20college%20sep.2020%20mbt%20Cie.%20Ruimte%2006102020.pdf","foi_nrPages":6}],"foi_nrDocuments":1,"foi_nrPagesInDossier":6,"foi_publishedDate":"2020-10-06","foi_retrievedDate":"2026-02-13"},{"dc_creator":"HandelingScraper_v1","dc_date_year":2020,"dc_description":"Vergadering van de Gemeente Beekdaelen op 2020-10-06. Onderdeel: Vaststellen actiepuntenlijsten van de commissie Sociaal & bedrijfsvoering d.d. 16 en 17 juni 2020.","dc_identifier":"nl.gm1954.2c.2020.2831092-5","dc_publisher":"gm1954","dc_source":"https://beekdaelen.bestuurlijkeinformatie.nl/Agenda/Index/d0d0bc9f-b93b-47f1-91f4-44582c819849","dc_title":"Gecombineerde commissie (t/m april 2022) 2020-10-06 - Vaststellen actiepuntenlijsten van de commissie Sociaal & bedrijfsvoering d.d. 16 en 17 juni 2020","dc_type":"2c","dc_type_description":"Vergaderstuk decentrale overheid","foi_fairiscoreVersions":{"v1":3,"v2":3},"foi_files":[{"dc_format":"application/pdf","dc_identifier":"nl.gm1954.2c.2020.2831092-5.doc.2","dc_source":"https://api1.ibabs.eu/publicdownload.aspx?site=Beekdaelen&id=5543fc6b-784b-49ee-b996-163a84115721","dc_title":"Actiepuntenlijst cie Sociaal, cluster bedr.voering 20200617 17 juni 2020 - vastgesteld","dc_type":"bijlage","foi_fairiscoreVersions":{"v1":1,"v2":1},"foi_fileName":"Actiepuntenlijst%20cie%20Sociaal_%20cluster%20bedr.voering%2020200617%2017%20juni%202020%20-%20vastgesteld.pdf","foi_nrPages":6},{"dc_format":"application/pdf","dc_identifier":"nl.gm1954.2c.2020.2831092-5.doc.1","dc_source":"https://api1.ibabs.eu/publicdownload.aspx?site=Beekdaelen&id=5836a182-6d16-498f-9585-2f6d16edfb71","dc_title":"Actiepuntenlijst cie Sociaal, cluster sociaal 20206016 16 juni 2020 - vastgesteld","dc_type":"bijlage","foi_fairiscoreVersions":{"v1":1,"v2":1},"foi_fileName":"Actiepuntenlijst%20cie%20Sociaal_%20cluster%20sociaal%2020206016%2016%20juni%202020%20-%20vastgesteld.pdf","foi_nrPages":8},{"dc_format":"application/pdf","dc_identifier":"nl.gm1954.2c.2020.2831092-5.doc.3","dc_source":"https://api1.ibabs.eu/publicdownload.aspx?site=Beekdaelen&id=7ad2d866-5d15-48ba-b8a8-d05749d2f0fb","dc_title":"Bijlage bij actiepuntenlijst cie Sociaal d.d. 17 juni 2020 - Bijdrage inspreker dhr. Roebroek","dc_type":"bijlage","foi_fairiscoreVersions":{"v1":5,"v2":5},"foi_fileName":"Bijdrage%20dhr.%20Roebroek.pdf","foi_nrPages":2}],"foi_nrDocuments":3,"foi_nrPagesInDossier":16,"foi_publishedDate":"2020-10-06","foi_retrievedDate":"2026-02-12"},{"dc_creator":"HandelingScraper_v1","dc_date_year":2020,"dc_description":"Vergadering van de Gemeente Beekdaelen op 2020-10-06. Onderdeel: Vaststellen lijst van toezeggingen van de commissie Sociaal & bedrijfsvoering.","dc_identifier":"nl.gm1954.2c.2020.2831092-6","dc_publisher":"gm1954","dc_source":"https://beekdaelen.bestuurlijkeinformatie.nl/Agenda/Index/d0d0bc9f-b93b-47f1-91f4-44582c819849","dc_title":"Gecombineerde commissie (t/m april 2022) 2020-10-06 - Vaststellen lijst van toezeggingen van de commissie Sociaal & bedrijfsvoering","dc_type":"2c","dc_type_description":"Vergaderstuk decentrale overheid","foi_fairiscoreVersions":{"v1":1,"v2":1},"foi_files":[{"dc_format":"application/pdf","dc_identifier":"nl.gm1954.2c.2020.2831092-6.doc.1","dc_source":"https://api1.ibabs.eu/publicdownload.aspx?site=Beekdaelen&id=4ee9b4a3-aa6d-42f9-80cc-bb9d2764c1cc","dc_title":"Lijst Toezeggingen bijgewerkt college sep.2020 tbv Cie. Sociaal 06102020","dc_type":"bijlage","foi_fairiscoreVersions":{"v1":1,"v2":1},"foi_fileName":"Lijst%20Toezeggingen%20bijgewerkt%20college%20sep.2020%20tbv%20Cie.%20Sociaal%2006102020.pdf","foi_nrPages":5}],"foi_nrDocuments":1,"foi_nrPagesInDossier":5,"foi_publishedDate":"2020-10-06","foi_retrievedDate":"2026-01-23"},{"dc_creator":"HandelingScraper_v1","dc_date_year":2020,"dc_description":"Vergadering van de Gemeente Beekdaelen op 2020-10-06. Onderdeel: Voorstel inzake gemeentelijk rioleringsplan Beekdaelen 2021 - 2024.","dc_identifier":"nl.gm1954.2c.2020.2831092-7","dc_publisher":"gm1954","dc_source":"https://beekdaelen.bestuurlijkeinformatie.nl/Agenda/Index/d0d0bc9f-b93b-47f1-91f4-44582c819849","dc_title":"Gecombineerde commissie (t/m april 2022) 2020-10-06 - Voorstel inzake gemeentelijk rioleringsplan Beekdaelen 2021 - 2024","dc_type":"2c","dc_type_description":"Vergaderstuk decentrale overheid","foi_fairiscoreVersions":{"v1":null,"v2":null},"foi_files":[{"dc_format":"application/pdf","dc_identifier":"nl.gm1954.2c.2020.2831092-7.doc.4","dc_source":"https://api1.ibabs.eu/publicdownload.aspx?site=Beekdaelen&id=0bd865f9-e3c2-4f47-a328-af99879b3c2b","dc_title":"GEWIJZIGD GRP Beekdaelen_versie 20200830 DEF VERSIE 2 extra college 2 oktober","dc_type":"bijlage","foi_fileName":"GEWIJZIGD%20GRP%20Beekdaelen_versie%2020200830%20DEF%20VERSIE%202%20extra%20college%202%20oktober.pdf"},{"dc_format":"application/pdf","dc_identifier":"nl.gm1954.2c.2020.2831092-7.doc.7","dc_source":"https://api1.ibabs.eu/publicdownload.aspx?site=Beekdaelen&id=44540488-63c8-4fd7-8eee-b6e1326a9076","dc_title":"MvA technische voorvragen inzake GRP","dc_type":"bijlage","foi_fileName":"MvA%20technische%20voorvragen%20inzake%20GRP.pdf"},{"dc_format":"application/pdf","dc_identifier":"nl.gm1954.2c.2020.2831092-7.doc.3","dc_source":"https://api1.ibabs.eu/publicdownload.aspx?site=Beekdaelen&id=24f4e372-035a-43cd-9b0f-80bd82e800da","dc_title":"Gewijzigd Raadsbesluit GRP Beekdaelen","dc_type":"bijlage","foi_fileName":"Z%2020%20140292%202385571%20Gewijzigd%20Raadsbesluit%20GRP%20Beekdaelen.pdf"},{"dc_format":"application/pdf","dc_identifier":"nl.gm1954.2c.2020.2831092-7.doc.2","dc_source":"https://api1.ibabs.eu/publicdownload.aspx?site=Beekdaelen&id=6cfebf3d-c8b1-4df8-a8df-330788d8d267","dc_title":"Nota van wijziging","dc_type":"bijlage","foi_fileName":"Z%2020%20140292%20nota%20van%20wijziging.pdf"},{"dc_format":"application/pdf","dc_identifier":"nl.gm1954.2c.2020.2831092-7.doc.1","dc_source":"https://api1.ibabs.eu/publicdownload.aspx?site=Beekdaelen&id=8865164b-2f66-439b-9108-c8f9d98236f7","dc_title":"RV inzake GRP Beekdaelen 2021-2024 (oude versie)","dc_type":"bijlage","foi_fileName":"Z%2F20%2F140292%20-%20237313%20-%20Vaststellen%20GRP%20Beekdaelen.pdf"},{"dc_format":"application/pdf","dc_identifier":"nl.gm1954.2c.2020.2831092-7.doc.6","dc_source":"https://api1.ibabs.eu/publicdownload.aspx?site=Beekdaelen&id=b24382a1-d72f-4156-8719-9ebc6fe9bd1b","dc_title":"Bijlage 3 memo varianten keuze","dc_type":"bijlage","foi_fileName":"Z%2F20%2F140292%20-%20238547%20-%20Memo%20varianten%20keuze.pdf"},{"dc_format":"application/pdf","dc_identifier":"nl.gm1954.2c.2020.2831092-7.doc.8","dc_source":"https://api1.ibabs.eu/publicdownload.aspx?site=Beekdaelen&id=d6642c9e-0be1-4bba-81ad-2bc5002a7313","dc_title":"RB inzake GRP Beekdaelen 2021-2024 (oude versie)","dc_type":"bijlage","foi_fileName":"Z%2F20%2F140292%20-%20238571%20-%20GRP%20Beekdaelen%202021-2024.pdf"},{"dc_format":"application/pdf","dc_identifier":"nl.gm1954.2c.2020.2831092-7.doc.9","dc_source":"https://api1.ibabs.eu/publicdownload.aspx?site=Beekdaelen&id=e630352d-d155-4628-b1ac-5549545dc8f5","dc_title":"Bijlage 1 GRP 2021-2024 (oude versie)","dc_type":"bijlage","foi_fileName":"Z%2F20%2F140292%20-%20239173.pdf"},{"dc_format":"application/pdf","dc_identifier":"nl.gm1954.2c.2020.2831092-7.doc.5","dc_source":"https://api1.ibabs.eu/publicdownload.aspx?site=Beekdaelen&id=481ff2e2-6809-43f5-ae02-a11698440b77","dc_title":"Bijlage 2 memo kostendekkingsplan","dc_type":"bijlage","foi_fileName":"Z%2F20%2F140292%20-%20240929.pdf"}],"foi_nrDocuments":9,"foi_nrPagesInDossier":0,"foi_publishedDate":"2020-10-06","foi_retrievedDate":"2025-11-30"},{"dc_creator":"HandelingScraper_v1","dc_date_year":2020,"dc_description":"Vergadering van de Gemeente Beekdaelen op 2020-10-06. Onderdeel: Voorstel inzake vaststellen kleine maatregelen water- en modderoverlast.","dc_identifier":"nl.gm1954.2c.2020.2831092-8","dc_publisher":"gm1954","dc_source":"https://beekdaelen.bestuurlijkeinformatie.nl/Agenda/Index/d0d0bc9f-b93b-47f1-91f4-44582c819849","dc_title":"Gecombineerde commissie (t/m april 2022) 2020-10-06 - Voorstel inzake vaststellen kleine maatregelen water- en modderoverlast","dc_type":"2c","dc_type_description":"Vergaderstuk decentrale overheid","foi_fairiscoreVersions":{"v1":1,"v2":1},"foi_files":[{"dc_format":"application/pdf","dc_identifier":"nl.gm1954.2c.2020.2831092-8.doc.6","dc_source":"https://api1.ibabs.eu/publicdownload.aspx?site=Beekdaelen&id=01901fdf-27a5-4433-b654-66ac285253ce","dc_title":"MvA technische voorvragen inzake maatregelen water- en modderoverlast","dc_type":"bijlage","foi_fairiscoreVersions":{"v1":1,"v2":1},"foi_fileName":"MvA%20technische%20voorvragen%20inzake%20maatregelen%20water-%20en%20modderoverlast.pdf","foi_nrPages":5},{"dc_format":"application/pdf","dc_identifier":"nl.gm1954.2c.2020.2831092-8.doc.2","dc_source":"https://api1.ibabs.eu/publicdownload.aspx?site=Beekdaelen&id=ddbba98c-d8d0-4fd6-81ac-c3fa3cbfcbf5","dc_title":"RB inzake kleine maatregelen water- en Modderoverlast","dc_type":"bijlage","foi_fairiscoreVersions":{"v1":1,"v2":1},"foi_fileName":"Raadbesluit%20Kleine%20maatregelen%20Water-%20en%20Modderoverlast.pdf","foi_nrPages":1},{"dc_format":"application/pdf","dc_identifier":"nl.gm1954.2c.2020.2831092-8.doc.1","dc_source":"https://api1.ibabs.eu/publicdownload.aspx?site=Beekdaelen&id=14b8b282-3eed-48b7-a703-fe84780e2edd","dc_title":"RV inzake kleine maatregelen water- en modderoverlast","dc_type":"bijlage","foi_fairiscoreVersions":{"v1":1,"v2":1},"foi_fileName":"Raadvoorstel%20Kleine%20maatregelen%20Water-en%20modderoverlast.pdf","foi_nrPages":2},{"dc_format":"application/pdf","dc_identifier":"nl.gm1954.2c.2020.2831092-8.doc.3","dc_source":"https://api1.ibabs.eu/publicdownload.aspx?site=Beekdaelen&id=f6cb81bd-eb32-4fef-b357-3b3179e07f83","dc_title":"Bijlage 1 Lijst water-en modderoverlast - kleine en grote maatregelen","dc_type":"bijlage","foi_fairiscoreVersions":{"v1":1,"v2":1},"foi_fileName":"Z%2F20%2F147878%20-%20241220%20-.pdf","foi_nrPages":3},{"dc_format":"application/pdf","dc_identifier":"nl.gm1954.2c.2020.2831092-8.doc.4","dc_source":"https://api1.ibabs.eu/publicdownload.aspx?site=Beekdaelen&id=141e800e-0279-4e7d-b0a7-1ef7d6d84531","dc_title":"Bijlage 2 Motie Water- en modderoverlast 7 juli 2020","dc_type":"bijlage","foi_fairiscoreVersions":{"v1":1,"v2":1},"foi_fileName":"Z%2F20%2F147878%20-%20241222%20-.pdf","foi_nrPages":2},{"dc_format":"application/pdf","dc_identifier":"nl.gm1954.2c.2020.2831092-8.doc.5","dc_source":"https://api1.ibabs.eu/publicdownload.aspx?site=Beekdaelen&id=1d13da0c-80df-43e0-bd14-945f3917782a","dc_title":"Bijlage 3 Begrotingswijziging 7.2 aanpak water- en modderoverlast","dc_type":"bijlage","foi_fairiscoreVersions":{"v1":1,"v2":1},"foi_fileName":"Z%2F20%2F147878%20-%20241602%20-.pdf","foi_nrPages":1}],"foi_nrDocuments":6,"foi_nrPagesInDossier":14,"foi_publishedDate":"2020-10-06","foi_retrievedDate":"2025-12-01"},{"dc_creator":"HandelingScraper_v1","dc_date_year":2020,"dc_description":"Vergadering van de Gemeente Beekdaelen op 2020-10-06. Onderdeel: Voorstel inzake harmonisatie beleid Openbare Ruimte.","dc_identifier":"nl.gm1954.2c.2020.2831092-9","dc_publisher":"gm1954","dc_source":"https://beekdaelen.bestuurlijkeinformatie.nl/Agenda/Index/d0d0bc9f-b93b-47f1-91f4-44582c819849","dc_title":"Gecombineerde commissie (t/m april 2022) 2020-10-06 - Voorstel inzake harmonisatie beleid Openbare Ruimte","dc_type":"2c","dc_type_description":"Vergaderstuk decentrale overheid","foi_fairiscoreVersions":{"v1":1,"v2":1},"foi_files":[{"dc_format":"application/pdf","dc_identifier":"nl.gm1954.2c.2020.2831092-9.doc.3","dc_source":"https://api1.ibabs.eu/publicdownload.aspx?site=Beekdaelen&id=77592010-2bdb-4032-94a2-9ac4b6b58ce8","dc_title":"MvA technische voorvragen inzake IBOR","dc_type":"bijlage","foi_fairiscoreVersions":{"v1":1,"v2":1},"foi_fileName":"MvA%20technische%20voorvragen%20inzake%20IBOR.pdf","foi_nrPages":5},{"dc_format":"application/pdf","dc_identifier":"nl.gm1954.2c.2020.2831092-9.doc.4","dc_source":"https://api1.ibabs.eu/publicdownload.aspx?site=Beekdaelen&id=2412619f-35f4-49da-b294-45c7f2c7930c","dc_title":"Nota van wijziging inzake harmonisatie beleid Openbare Ruimte","dc_type":"bijlage","foi_fairiscoreVersions":{"v1":1,"v2":1},"foi_fileName":"Nota%20van%20wijziging.pdf","foi_nrPages":2},{"dc_format":"application/pdf","dc_identifier":"nl.gm1954.2c.2020.2831092-9.doc.2","dc_source":"https://api1.ibabs.eu/publicdownload.aspx?site=Beekdaelen&id=2f39b865-51dc-481c-b6b8-ae19024c4484","dc_title":"RB inzake harmonisatie beleid Openbare Ruimte","dc_type":"bijlage","foi_fairiscoreVersions":{"v1":1,"v2":1},"foi_fileName":"Z%2F20%2F142287%20-%20241622%20-%20Raadsbesluit%20harmoniseren%20IBOR.pdf","foi_nrPages":1},{"dc_format":"application/pdf","dc_identifier":"nl.gm1954.2c.2020.2831092-9.doc.1","dc_source":"https://api1.ibabs.eu/publicdownload.aspx?site=Beekdaelen&id=287cb6b1-2796-4ce5-8f45-407ced649bee","dc_title":"RV inzake harmonisatie beleid Openbare Ruimte","dc_type":"bijlage","foi_fairiscoreVersions":{"v1":1,"v2":1},"foi_fileName":"Z%2F20%2F142287%20raadsvoorstel%20harmoniseren%20IBOR.pdf","foi_nrPages":5}],"foi_nrDocuments":4,"foi_nrPagesInDossier":13,"foi_publishedDate":"2020-10-06","foi_retrievedDate":"2025-11-30"},{"dc_creator":"HandelingScraper_v1","dc_date_year":2020,"dc_description":"Vergadering van de Gemeente Beekdaelen op 2020-10-27. Onderdeel: Opening.","dc_identifier":"nl.gm1954.2c.2020.2831171-1","dc_publisher":"gm1954","dc_source":"https://beekdaelen.bestuurlijkeinformatie.nl/Agenda/Index/cb3cc527-37ed-4f85-9597-5844b240f500","dc_title":"Raadsvergadering 2020-10-27 - Opening","dc_type":"2c","dc_type_description":"Vergaderstuk decentrale overheid","foi_fairiscoreVersions":{"v1":1,"v2":1},"foi_files":[{"dc_format":"application/pdf","dc_identifier":"nl.gm1954.2c.2020.2831171-1.doc.1","dc_source":"https://api1.ibabs.eu/publicdownload.aspx?site=Beekdaelen&id=d5274322-0b40-4078-9a2c-18d14824c332","dc_title":"Uitnodiging en agenda raadsvergadering 27 oktober 2020","dc_type":"bijlage","foi_fairiscoreVersions":{"v1":1,"v2":1},"foi_fileName":"Uitnodiging%20en%20agenda%20raadsvergadering%2027%20oktober%202020.pdf","foi_nrPages":2}],"foi_nrDocuments":1,"foi_nrPagesInDossier":2,"foi_publishedDate":"2020-10-27","foi_retrievedDate":"2025-11-30"},{"dc_creator":"HandelingScraper_v1","dc_date_year":2020,"dc_description":"Vergadering van de Gemeente Beekdaelen op 2020-10-27. Onderdeel: Voorstel inzake verklaring van geen bedenkingen voor bouw van 16 zorgstudio's aan de Kloosterlaan 2 te Schinveld.","dc_identifier":"nl.gm1954.2c.2020.2831171-10","dc_publisher":"gm1954","dc_source":"https://beekdaelen.bestuurlijkeinformatie.nl/Agenda/Index/cb3cc527-37ed-4f85-9597-5844b240f500","dc_title":"Raadsvergadering 2020-10-27 - Voorstel inzake verklaring van geen bedenkingen voor bouw van 16 zorgstudio's aan de Kloosterlaan 2 te Schinveld","dc_type":"2c","dc_type_description":"Vergaderstuk decentrale overheid","foi_fairiscoreVersions":{"v1":1,"v2":1},"foi_files":[{"dc_format":"application/pdf","dc_identifier":"nl.gm1954.2c.2020.2831171-10.doc.5","dc_source":"https://api1.ibabs.eu/publicdownload.aspx?site=Beekdaelen&id=a314c7c7-e33a-489a-869d-723ea95bc9f6","dc_title":"Amendement D66 en BL inzake VvGB Kloosterlaan Schinveld VERWORPEN","dc_type":"bijlage","foi_fairiscoreVersions":{"v1":1,"v2":1},"foi_fileName":"5.5%20Amendement%20D66%20en%20BL%20inzake%20VvGB%20Kloosterlaan%20Schinveld%20VERWORPEN.pdf","foi_nrPages":1},{"dc_format":"application/pdf","dc_identifier":"nl.gm1954.2c.2020.2831171-10.doc.3","dc_source":"https://api1.ibabs.eu/publicdownload.aspx?site=Beekdaelen&id=d534a8c7-8576-425b-85d8-d71e3787c9f8","dc_title":"Ontwerp-beschikking Kloosterlaan 2 Schinveld","dc_type":"bijlage","foi_fairiscoreVersions":{"v1":1,"v2":1},"foi_fileName":"Ontwerp-Omgevingsvergunning_25.pdf","foi_nrPages":7},{"dc_format":"application/pdf","dc_identifier":"nl.gm1954.2c.2020.2831171-10.doc.2","dc_source":"https://api1.ibabs.eu/publicdownload.aspx?site=Beekdaelen&id=089864b5-1b34-4dd0-aaaf-eb0b19ebce8d","dc_title":"Raadsbesluit VvGB 16 zorgstudio's Kloosterlaan 2 Schinveld vastgesteld 27102020","dc_type":"bijlage","foi_fairiscoreVersions":{"v1":1,"v2":1},"foi_fileName":"Raadsbesluit%20VvGB%2016%20zorgstudio%27s%20Kloosterlaan%202%20Schinveld.pdf","foi_nrPages":1},{"dc_format":"application/pdf","dc_identifier":"nl.gm1954.2c.2020.2831171-10.doc.4","dc_source":"https://api1.ibabs.eu/publicdownload.aspx?site=Beekdaelen&id=a966f5c1-3f63-452e-85ac-2d6907da715e","dc_title":"Ruimtelijke onderbouwing","dc_type":"bijlage","foi_fairiscoreVersions":{"v1":1,"v2":1},"foi_fileName":"ruimtelijke%20onderbouwing.pdf","foi_nrPages":35},{"dc_format":"application/pdf","dc_identifier":"nl.gm1954.2c.2020.2831171-10.doc.1","dc_source":"https://api1.ibabs.eu/publicdownload.aspx?site=Beekdaelen&id=e4418db1-040f-4d3c-bd87-aa3adec3ccbd","dc_title":"RV inzake VVGB Kloosterlaan 2 Schinveld","dc_type":"bijlage","foi_fairiscoreVersions":{"v1":1,"v2":1},"foi_fileName":"vvgb.pdf","foi_nrPages":3}],"foi_nrDocuments":5,"foi_nrPagesInDossier":47,"foi_publishedDate":"2020-10-27","foi_retrievedDate":"2025-11-30"},{"dc_creator":"HandelingScraper_v1","dc_date_year":2020,"dc_description":"Vergadering van de Gemeente Beekdaelen op 2020-10-27. Onderdeel: Voorstel inzake vaststellen Marktverordening en Marktgeldverordening gemeente Beekdaelen 2021.","dc_identifier":"nl.gm1954.2c.2020.2831171-11","dc_publisher":"gm1954","dc_source":"https://beekdaelen.bestuurlijkeinformatie.nl/Agenda/Index/cb3cc527-37ed-4f85-9597-5844b240f500","dc_title":"Raadsvergadering 2020-10-27 - Voorstel inzake vaststellen Marktverordening en Marktgeldverordening gemeente Beekdaelen 2021","dc_type":"2c","dc_type_description":"Vergaderstuk decentrale overheid","foi_fairiscoreVersions":{"v1":1,"v2":1},"foi_files":[{"dc_format":"application/pdf","dc_identifier":"nl.gm1954.2c.2020.2831171-11.doc.7","dc_source":"https://api1.ibabs.eu/publicdownload.aspx?site=Beekdaelen&id=6d9538f3-1d97-451c-a4d6-8bb89279a56f","dc_title":"Motie BL, VG, GL en PvdA inzake Weekmarkten AANGENOMEN","dc_type":"bijlage","foi_fairiscoreVersions":{"v1":1,"v2":1},"foi_fileName":"5.6%20Motie%20BL_%20VG_%20GL%20en%20PvdA%20inzake%20Weekmarkten%20AANGENOMEN.pdf","foi_nrPages":1},{"dc_format":"application/pdf","dc_identifier":"nl.gm1954.2c.2020.2831171-11.doc.5","dc_source":"https://api1.ibabs.eu/publicdownload.aspx?site=Beekdaelen&id=c88eebcc-9f28-4f94-a637-48be36a4eac2","dc_title":"Marktgeldverordening gemeente Beekdaelen 2021 vastgesteld 27102020","dc_type":"bijlage","foi_fairiscoreVersions":{"v1":1,"v2":1},"foi_fileName":"Marktgeldverordening%20gemeente%20Beekdaelen%202021.pdf","foi_nrPages":2},{"dc_format":"application/pdf","dc_identifier":"nl.gm1954.2c.2020.2831171-11.doc.3","dc_source":"https://api1.ibabs.eu/publicdownload.aspx?site=Beekdaelen&id=f21e057a-026c-4b68-96f1-479bf68608ae","dc_title":"Marktverordening gemeente Beekdaelen 2021 vastgesteld 27102020","dc_type":"bijlage","foi_fairiscoreVersions":{"v1":1,"v2":1},"foi_fileName":"Marktverordening%20gemeente%20Beekdaelen%202021.pdf","foi_nrPages":3},{"dc_format":"application/pdf","dc_identifier":"nl.gm1954.2c.2020.2831171-11.doc.1","dc_source":"https://api1.ibabs.eu/publicdownload.aspx?site=Beekdaelen&id=9a9166c3-2dc4-4cba-a185-320baf13596e","dc_title":"RV inzake Marktverordening en Marktgeldverordening 2021 Beekdaelen","dc_type":"bijlage","foi_fairiscoreVersions":{"v1":1,"v2":1},"foi_fileName":"Z%2F19%2F131706%20-%20218662%20-%20Concept%20raadsvoorstel%20Markt%28geld%29verordening.pdf","foi_nrPages":3},{"dc_format":"application/pdf","dc_identifier":"nl.gm1954.2c.2020.2831171-11.doc.2","dc_source":"https://api1.ibabs.eu/publicdownload.aspx?site=Beekdaelen&id=cca2deee-d9c6-41c4-b2a2-7b4eef7a3754","dc_title":"RB inzake Marktverordening en Marktgeldverordening 2021 Beekdaelen vastgesteld 27102020","dc_type":"bijlage","foi_fairiscoreVersions":{"v1":1,"v2":1},"foi_fileName":"Z%2F19%2F131706%20-%20239356%20-%20Raadsbesluit%20betreffende%20Markt%28geld%29verordening.pdf","foi_nrPages":1},{"dc_format":"application/pdf","dc_identifier":"nl.gm1954.2c.2020.2831171-11.doc.4","dc_source":"https://api1.ibabs.eu/publicdownload.aspx?site=Beekdaelen&id=c3cc4ddd-2e25-4cb4-8505-76274cbb5253","dc_title":"Was - Wordt tabel Marktverordening","dc_type":"bijlage","foi_fairiscoreVersions":{"v1":1,"v2":1},"foi_fileName":"Z%2F19%2F131706%20-%20240563%20-%20Was%20-%20Wordt%20tabel%20Marktverordening.pdf","foi_nrPages":8},{"dc_format":"application/pdf","dc_identifier":"nl.gm1954.2c.2020.2831171-11.doc.6","dc_source":"https://api1.ibabs.eu/publicdownload.aspx?site=Beekdaelen&id=a6a9e078-ba5f-4513-850d-f2379b371463","dc_title":"Was - Wordt tabel Marktgeldverordening","dc_type":"bijlage","foi_fairiscoreVersions":{"v1":1,"v2":1},"foi_fileName":"Z%2F19%2F131706%20-%20240575%20-%20Was%20-%20Wordt%20tabel%20Marktgeldverordening.pdf","foi_nrPages":4}],"foi_nrDocuments":7,"foi_nrPagesInDossier":22,"foi_publishedDate":"2020-10-27","foi_retrievedDate":"2026-03-04"},{"dc_creator":"HandelingScraper_v1","dc_date_year":2020,"dc_description":"Vergadering van de Gemeente Beekdaelen op 2020-10-27. Onderdeel: Vaststelling lijst ingekomen stukken.","dc_identifier":"nl.gm1954.2c.2020.2831171-12","dc_publisher":"gm1954","dc_source":"https://beekdaelen.bestuurlijkeinformatie.nl/Agenda/Index/cb3cc527-37ed-4f85-9597-5844b240f500","dc_title":"Raadsvergadering 2020-10-27 - Vaststelling lijst ingekomen stukken","dc_type":"2c","dc_type_description":"Vergaderstuk decentrale overheid","foi_fairiscoreVersions":{"v1":1,"v2":1},"foi_files":[{"dc_format":"application/pdf","dc_identifier":"nl.gm1954.2c.2020.2831171-12.doc.1","dc_source":"https://api1.ibabs.eu/publicdownload.aspx?site=Beekdaelen&id=a1109f42-bb33-4fb6-bf8c-473b180e5ac0","dc_title":"Lijst ingekomen stukken raad 27102020 vastgesteld 27102020","dc_type":"bijlage","foi_fairiscoreVersions":{"v1":1,"v2":1},"foi_fileName":"Lijst%20ingekomen%20stukken%20raad%2027102020%20versie%2022102020-2.pdf","foi_nrPages":7}],"foi_nrDocuments":1,"foi_nrPagesInDossier":7,"foi_publishedDate":"2020-10-27","foi_retrievedDate":"2026-02-05"},{"dc_creator":"HandelingScraper_v1","dc_date_year":2020,"dc_description":"Vergadering van de Gemeente Beekdaelen op 2020-10-27. Onderdeel: Moties vreemd aan de orde van de dag.","dc_identifier":"nl.gm1954.2c.2020.2831171-13","dc_publisher":"gm1954","dc_source":"https://beekdaelen.bestuurlijkeinformatie.nl/Agenda/Index/cb3cc527-37ed-4f85-9597-5844b240f500","dc_title":"Raadsvergadering 2020-10-27 - Moties vreemd aan de orde van de dag","dc_type":"2c","dc_type_description":"Vergaderstuk decentrale overheid","foi_fairiscoreVersions":{"v1":1,"v2":1},"foi_files":[{"dc_format":"application/pdf","dc_identifier":"nl.gm1954.2c.2020.2831171-13.doc.3","dc_source":"https://api1.ibabs.eu/publicdownload.aspx?site=Beekdaelen&id=981ab13b-56a6-4e4c-9c71-9b00b6793212","dc_title":"Motie BL en D66 inzake informatiebijeenkomsten VERWORPEN","dc_type":"bijlage","foi_fairiscoreVersions":{"v1":1,"v2":1},"foi_fileName":"Motie%20BL%20en%20D66%20inzake%20informatiebijeenkomsten%20VERWORPEN.pdf","foi_nrPages":1},{"dc_format":"application/pdf","dc_identifier":"nl.gm1954.2c.2020.2831171-13.doc.2","dc_source":"https://api1.ibabs.eu/publicdownload.aspx?site=Beekdaelen&id=1babc557-1907-49bb-9ac8-7b67aeaae562","dc_title":"Motie CDA, PvdA en VVD inzake afwaarderen Altaarstraat-Dorpsstraat-Stationsstraat AANGENOMEN","dc_type":"bijlage","foi_fairiscoreVersions":{"v1":1,"v2":1},"foi_fileName":"Motie%20CDA_%20PvdA%20en%20VVD%20inzake%20afwaarderen%20Altaarstraat-Dorpsstraat-Stationsstraat%20AANGENOMEN.pdf","foi_nrPages":3},{"dc_format":"application/pdf","dc_identifier":"nl.gm1954.2c.2020.2831171-13.doc.1","dc_source":"https://api1.ibabs.eu/publicdownload.aspx?site=Beekdaelen&id=8dd6d77b-54fc-4757-a9b7-09e7d197de1e","dc_title":"Motie VG, CDA, GL, Pvda, en VVD inzake kerkenvisie AANGENOMEN","dc_type":"bijlage","foi_fairiscoreVersions":{"v1":1,"v2":1},"foi_fileName":"Motie%20VG_%20CDA_%20GL_%20Pvda_%20en%20VVD%20inzake%20kerkenvisie%20AANGENOMEN.pdf","foi_nrPages":2}],"foi_nrDocuments":3,"foi_nrPagesInDossier":6,"foi_publishedDate":"2020-10-27","foi_retrievedDate":"2025-12-02"},{"dc_creator":"HandelingScraper_v1","dc_date_year":2020,"dc_description":"Vergadering van de Gemeente Beekdaelen op 2020-10-27. Onderdeel: Vaststelling van de agenda.","dc_identifier":"nl.gm1954.2c.2020.2831171-2","dc_publisher":"gm1954","dc_source":"https://beekdaelen.bestuurlijkeinformatie.nl/Agenda/Index/cb3cc527-37ed-4f85-9597-5844b240f500","dc_title":"Raadsvergadering 2020-10-27 - Vaststelling van de agenda","dc_type":"2c","dc_type_description":"Vergaderstuk decentrale overheid","foi_fairiscoreVersions":{"v1":1,"v2":1},"foi_files":[{"dc_format":"application/pdf","dc_identifier":"nl.gm1954.2c.2020.2831171-2.doc.1","dc_source":"https://api1.ibabs.eu/publicdownload.aspx?site=Beekdaelen&id=0594bf14-4e0c-4e44-b834-db57c872dee8","dc_title":"Vastgestelde agenda raadsvergadering 27102020","dc_type":"bijlage","foi_fairiscoreVersions":{"v1":1,"v2":1},"foi_fileName":"Vastgestelde%20agenda%20raadsvergadering%2027102020.pdf","foi_nrPages":1}],"foi_nrDocuments":1,"foi_nrPagesInDossier":1,"foi_publishedDate":"2020-10-27","foi_retrievedDate":"2026-03-06"},{"dc_creator":"HandelingScraper_v1","dc_date_year":2020,"dc_description":"Vergadering van de Gemeente Beekdaelen op 2020-10-27. Onderdeel: Vaststellen besluitenlijst openbare raadsvergadering d.d. 22 september 2020.","dc_identifier":"nl.gm1954.2c.2020.2831171-3","dc_publisher":"gm1954","dc_source":"https://beekdaelen.bestuurlijkeinformatie.nl/Agenda/Index/cb3cc527-37ed-4f85-9597-5844b240f500","dc_title":"Raadsvergadering 2020-10-27 - Vaststellen besluitenlijst openbare raadsvergadering d.d. 22 september 2020","dc_type":"2c","dc_type_description":"Vergaderstuk decentrale overheid","foi_fairiscoreVersions":{"v1":1,"v2":1},"foi_files":[{"dc_format":"application/pdf","dc_identifier":"nl.gm1954.2c.2020.2831171-3.doc.1","dc_source":"https://api1.ibabs.eu/publicdownload.aspx?site=Beekdaelen&id=91df9c2d-4a82-46c2-bca8-927a4a3b7244","dc_title":"Besluitenlijst raadsvergadering 22 september 2020 vastgesteld 27102020","dc_type":"bijlage","foi_fairiscoreVersions":{"v1":1,"v2":1},"foi_fileName":"Besluitenlijst%20raadsvergadering%2022%20september%202020%20aangepast.pdf","foi_nrPages":10}],"foi_nrDocuments":1,"foi_nrPagesInDossier":10,"foi_publishedDate":"2020-10-27","foi_retrievedDate":"2026-02-06"},{"dc_creator":"HandelingScraper_v1","dc_date_year":2020,"dc_description":"Vergadering van de Gemeente Beekdaelen op 2020-10-27. Onderdeel: Voorstel inzake verlenen ontslag twee raadscommissieleden.","dc_identifier":"nl.gm1954.2c.2020.2831171-4","dc_publisher":"gm1954","dc_source":"https://beekdaelen.bestuurlijkeinformatie.nl/Agenda/Index/cb3cc527-37ed-4f85-9597-5844b240f500","dc_title":"Raadsvergadering 2020-10-27 - Voorstel inzake verlenen ontslag twee raadscommissieleden","dc_type":"2c","dc_type_description":"Vergaderstuk decentrale overheid","foi_fairiscoreVersions":{"v1":1,"v2":1},"foi_files":[{"dc_format":"application/pdf","dc_identifier":"nl.gm1954.2c.2020.2831171-4.doc.2","dc_source":"https://api1.ibabs.eu/publicdownload.aspx?site=Beekdaelen&id=8d25706c-0b84-4dd3-b9e1-5f50d53fadf9","dc_title":"Raadsbesluit inzake verlenen ontslag 2 raadscommissieleden vastgesteld 27102020","dc_type":"bijlage","foi_fairiscoreVersions":{"v1":1,"v2":1},"foi_fileName":"Raadsbesluit%20inzake%20verlenen%20ontslag%202%20raadscommissieleden.pdf","foi_nrPages":1},{"dc_format":"application/pdf","dc_identifier":"nl.gm1954.2c.2020.2831171-4.doc.1","dc_source":"https://api1.ibabs.eu/publicdownload.aspx?site=Beekdaelen&id=017787fe-531f-4e04-9919-535cdd5a5b74","dc_title":"Raadsvoorstel inzake verlenen ontslag aan 2 raadscommissieleden","dc_type":"bijlage","foi_fairiscoreVersions":{"v1":1,"v2":1},"foi_fileName":"Raadsvoorstel%20inzake%20verlenen%20ontslag%20aan%202%20raadscommissieleden.pdf","foi_nrPages":1}],"foi_nrDocuments":2,"foi_nrPagesInDossier":2,"foi_publishedDate":"2020-10-27","foi_retrievedDate":"2025-12-02"},{"dc_creator":"HandelingScraper_v1","dc_date_year":2020,"dc_description":"Vergadering van de Gemeente Beekdaelen op 2020-10-27. Onderdeel: Voorstel inzake wijziging Verordening Jongerenlintje.","dc_identifier":"nl.gm1954.2c.2020.2831171-5","dc_publisher":"gm1954","dc_source":"https://beekdaelen.bestuurlijkeinformatie.nl/Agenda/Index/cb3cc527-37ed-4f85-9597-5844b240f500","dc_title":"Raadsvergadering 2020-10-27 - Voorstel inzake wijziging Verordening Jongerenlintje","dc_type":"2c","dc_type_description":"Vergaderstuk decentrale overheid","foi_fairiscoreVersions":{"v1":1,"v2":1},"foi_files":[{"dc_format":"application/pdf","dc_identifier":"nl.gm1954.2c.2020.2831171-5.doc.3","dc_source":"https://api1.ibabs.eu/publicdownload.aspx?site=Beekdaelen&id=584396e4-d66a-4a32-9f2a-18cd235cdd28","dc_title":"Gewijzigde Verordening toekenning Jongerenlintje gemeente Beekdaelen vastgesteld 27102020","dc_type":"bijlage","foi_fairiscoreVersions":{"v1":1,"v2":1},"foi_fileName":"gewijzigde%20Verordening%20toekenning%20Jongerenlintje%20gemeente%20Beekdaelen.pdf","foi_nrPages":2},{"dc_format":"application/pdf","dc_identifier":"nl.gm1954.2c.2020.2831171-5.doc.4","dc_source":"https://api1.ibabs.eu/publicdownload.aspx?site=Beekdaelen&id=2dd785f0-4019-459f-9c4d-8f780382fe27","dc_title":"Verordening toekennen Jongerenlintje gemeente Beekdaelen OUD","dc_type":"bijlage","foi_fairiscoreVersions":{"v1":1,"v2":1},"foi_fileName":"Z%2F19%2F127419%20-%20196285%20-%20Verordening%20toekennen%20Jongerenlintje%20gemeente%20Beekdaelen%20-%20griffie%20lay-out%20aangepast%2002072019.pdf","foi_nrPages":3},{"dc_format":"application/pdf","dc_identifier":"nl.gm1954.2c.2020.2831171-5.doc.1","dc_source":"https://api1.ibabs.eu/publicdownload.aspx?site=Beekdaelen&id=aa3be425-ce65-494f-a832-b25a233a9b93","dc_title":"Raadsvoorstel inzake wijziging verordening Jongerenlintje","dc_type":"bijlage","foi_fairiscoreVersions":{"v1":1,"v2":1},"foi_fileName":"Z%2F19%2F127419%20-%20240763%20-%20wijziging%20verordening%20Jongerenlintje.pdf","foi_nrPages":2},{"dc_format":"application/pdf","dc_identifier":"nl.gm1954.2c.2020.2831171-5.doc.2","dc_source":"https://api1.ibabs.eu/publicdownload.aspx?site=Beekdaelen&id=0c4e9c5b-ac74-48b5-9bb9-3c526238cc8e","dc_title":"Raadsbesluit inzake wijziging verordening Jongerenlintje vastgesteld 27102020","dc_type":"bijlage","foi_fairiscoreVersions":{"v1":1,"v2":1},"foi_fileName":"Z%2F19%2F127419%20-%20240765%20-%20wijziging%20verordening%20Jongerenlintje.pdf","foi_nrPages":1}],"foi_nrDocuments":4,"foi_nrPagesInDossier":8,"foi_publishedDate":"2020-10-27","foi_retrievedDate":"2025-12-02"},{"dc_creator":"HandelingScraper_v1","dc_date_year":2020,"dc_description":"Vergadering van de Gemeente Beekdaelen op 2020-10-27. Onderdeel: Voorstel inzake vaststellen Gemeentelijk Rioleringsplan (GRP) Beekdaelen 2021-2024.","dc_identifier":"nl.gm1954.2c.2020.2831171-6","dc_publisher":"gm1954","dc_source":"https://beekdaelen.bestuurlijkeinformatie.nl/Agenda/Index/cb3cc527-37ed-4f85-9597-5844b240f500","dc_title":"Raadsvergadering 2020-10-27 - Voorstel inzake vaststellen Gemeentelijk Rioleringsplan (GRP) Beekdaelen 2021-2024","dc_type":"2c","dc_type_description":"Vergaderstuk decentrale overheid","foi_fairiscoreVersions":{"v1":2,"v2":2},"foi_files":[{"dc_format":"application/pdf","dc_identifier":"nl.gm1954.2c.2020.2831171-6.doc.9","dc_source":"https://api1.ibabs.eu/publicdownload.aspx?site=Beekdaelen&id=302d718a-3a1e-4fe9-9869-de30b10d7e1b","dc_title":"Motie GL, PvdA inzake stimulering bewust omgaan met water AANGENOMEN","dc_type":"bijlage","foi_fairiscoreVersions":{"v1":1,"v2":1},"foi_fileName":"5.1%20Motie%20GL_%20PvdA%20inzake%20stimulering%20bewust%20omgaan%20met%20water%20AANGENOMEN.pdf","foi_nrPages":1},{"dc_format":"application/pdf","dc_identifier":"nl.gm1954.2c.2020.2831171-6.doc.7","dc_source":"https://api1.ibabs.eu/publicdownload.aspx?site=Beekdaelen&id=ac1ac91b-933f-4e75-9056-27eac5719a35","dc_title":"Amendement D66 inzake GRP subsidieregeling VERWORPEN","dc_type":"bijlage","foi_fairiscoreVersions":{"v1":1,"v2":1},"foi_fileName":"Amendement%20D66%20inzake%20GRP%20subsidieregeling%20VERWORPEN.pdf","foi_nrPages":1},{"dc_format":"application/pdf","dc_identifier":"nl.gm1954.2c.2020.2831171-6.doc.6","dc_source":"https://api1.ibabs.eu/publicdownload.aspx?site=Beekdaelen&id=48c3bb18-991c-48e3-a1e8-adaba7c3d063","dc_title":"Amendement D66 inzake GRP VERWORPEN","dc_type":"bijlage","foi_fairiscoreVersions":{"v1":1,"v2":1},"foi_fileName":"Amendement%20D66%20inzake%20GRP%20VERWORPEN.pdf","foi_nrPages":1},{"dc_format":"application/pdf","dc_identifier":"nl.gm1954.2c.2020.2831171-6.doc.8","dc_source":"https://api1.ibabs.eu/publicdownload.aspx?site=Beekdaelen&id=2fc5da63-db88-4057-80f0-29da0407fca7","dc_title":"Amendendement BL inzake GRP INGETROKKEN","dc_type":"bijlage","foi_fairiscoreVersions":{"v1":1,"v2":1},"foi_fileName":"Amendendement%20BL%20inzake%20GRP%20INGETROKKEN.pdf","foi_nrPages":1},{"dc_format":"application/pdf","dc_identifier":"nl.gm1954.2c.2020.2831171-6.doc.3","dc_source":"https://api1.ibabs.eu/publicdownload.aspx?site=Beekdaelen&id=ef965140-19bd-4de9-97f8-6bb352e8ae65","dc_title":"Geamendeerd raadsbesluit inzake GRP Beekdaelen 2021-2024","dc_type":"bijlage","foi_fairiscoreVersions":{"v1":1,"v2":1},"foi_fileName":"Geamendeerd%20raadsbesluit%20GRP.pdf","foi_nrPages":1},{"dc_format":"application/pdf","dc_identifier":"nl.gm1954.2c.2020.2831171-6.doc.1","dc_source":"https://api1.ibabs.eu/publicdownload.aspx?site=Beekdaelen&id=a0deaf51-6102-4f99-998d-3d412a189660","dc_title":"Gewijzigd Raadsvoorstel inzake GRP Beekdaelen 2021 - 2024","dc_type":"bijlage","foi_fairiscoreVersions":{"v1":1,"v2":1},"foi_fileName":"Gewijzigd%20Raadsvoorstel.pdf","foi_nrPages":6},{"dc_format":"application/pdf","dc_identifier":"nl.gm1954.2c.2020.2831171-6.doc.2","dc_source":"https://api1.ibabs.eu/publicdownload.aspx?site=Beekdaelen&id=971d0fa9-082b-4336-aa5c-f3365264d900","dc_title":"Gezamenlijk amendement inzake GRP AANGENOMEN","dc_type":"bijlage","foi_fairiscoreVersions":{"v1":1,"v2":1},"foi_fileName":"Gezamenlijk%20amendement%20inzake%20GRP%20AANGENOMEN.pdf","foi_nrPages":1},{"dc_format":"application/pdf","dc_identifier":"nl.gm1954.2c.2020.2831171-6.doc.5","dc_source":"https://api1.ibabs.eu/publicdownload.aspx?site=Beekdaelen&id=dd2ea7e6-be97-4f4d-9ca6-cf8fe72ffa01","dc_title":"Memorie van antwoord GRP n.a.v. commissie 21102020","dc_type":"bijlage","foi_fairiscoreVersions":{"v1":1,"v2":1},"foi_fileName":"Memorie%20van%20antwoord%20GRP%20n.a.v.%20commissie%2021102020.pdf","foi_nrPages":7},{"dc_format":"application/pdf","dc_identifier":"nl.gm1954.2c.2020.2831171-6.doc.4","dc_source":"https://api1.ibabs.eu/publicdownload.aspx?site=Beekdaelen&id=f5a4c6ae-0cad-46c0-a25b-9d06059f3685","dc_title":"Gewijzigd GRP","dc_type":"bijlage","foi_fairiscoreVersions":{"v1":2,"v2":2},"foi_fileName":"Z%2F20%2F140292%20-%20239173.pdf","foi_nrPages":82}],"foi_nrDocuments":9,"foi_nrPagesInDossier":101,"foi_publishedDate":"2020-10-27","foi_retrievedDate":"2026-01-23"},{"dc_creator":"HandelingScraper_v1","dc_date_year":2020,"dc_description":"Vergadering van de Gemeente Beekdaelen op 2020-10-27. Onderdeel: Voorstel inzake kleine maatregelen water- en modderoverlast.","dc_identifier":"nl.gm1954.2c.2020.2831171-7","dc_publisher":"gm1954","dc_source":"https://beekdaelen.bestuurlijkeinformatie.nl/Agenda/Index/cb3cc527-37ed-4f85-9597-5844b240f500","dc_title":"Raadsvergadering 2020-10-27 - Voorstel inzake kleine maatregelen water- en modderoverlast","dc_type":"2c","dc_type_description":"Vergaderstuk decentrale overheid","foi_fairiscoreVersions":{"v1":1,"v2":1},"foi_files":[{"dc_format":"application/pdf","dc_identifier":"nl.gm1954.2c.2020.2831171-7.doc.2","dc_source":"https://api1.ibabs.eu/publicdownload.aspx?site=Beekdaelen&id=d1caa26c-0be6-4279-9766-c7bd8c8829cd","dc_title":"Amendement D66 inzake dekking maatregelen wateroverlast AANGENOMEN","dc_type":"bijlage","foi_fairiscoreVersions":{"v1":1,"v2":1},"foi_fileName":"Amendement%20D66%20inzake%20dekking%20maatregelen%20wateroverlast%20AANGENOMEN.pdf","foi_nrPages":1},{"dc_format":"application/pdf","dc_identifier":"nl.gm1954.2c.2020.2831171-7.doc.3","dc_source":"https://api1.ibabs.eu/publicdownload.aspx?site=Beekdaelen&id=a03d37e5-5b8f-4884-8c09-7c8066b09970","dc_title":"Geamendeerd raadsbesluit inzake kleine maatregelen water- en modderoverlast","dc_type":"bijlage","foi_fairiscoreVersions":{"v1":1,"v2":1},"foi_fileName":"Geamendeerd%20raadsbesluit.pdf","foi_nrPages":1},{"dc_format":"application/pdf","dc_identifier":"nl.gm1954.2c.2020.2831171-7.doc.1","dc_source":"https://api1.ibabs.eu/publicdownload.aspx?site=Beekdaelen&id=14b8b282-3eed-48b7-a703-fe84780e2edd","dc_title":"RV inzake kleine maatregelen water- en modderoverlast","dc_type":"bijlage","foi_fairiscoreVersions":{"v1":1,"v2":1},"foi_fileName":"Raadvoorstel%20Kleine%20maatregelen%20Water-en%20modderoverlast.pdf","foi_nrPages":2},{"dc_format":"application/pdf","dc_identifier":"nl.gm1954.2c.2020.2831171-7.doc.4","dc_source":"https://api1.ibabs.eu/publicdownload.aspx?site=Beekdaelen&id=f6cb81bd-eb32-4fef-b357-3b3179e07f83","dc_title":"Bijlage 1 Lijst water-en modderoverlast - kleine en grote maatregelen","dc_type":"bijlage","foi_fairiscoreVersions":{"v1":1,"v2":1},"foi_fileName":"Z%2F20%2F147878%20-%20241220%20-.pdf","foi_nrPages":3},{"dc_format":"application/pdf","dc_identifier":"nl.gm1954.2c.2020.2831171-7.doc.5","dc_source":"https://api1.ibabs.eu/publicdownload.aspx?site=Beekdaelen&id=141e800e-0279-4e7d-b0a7-1ef7d6d84531","dc_title":"Bijlage 2 Motie Water- en modderoverlast 7 juli 2020","dc_type":"bijlage","foi_fairiscoreVersions":{"v1":1,"v2":1},"foi_fileName":"Z%2F20%2F147878%20-%20241222%20-.pdf","foi_nrPages":2},{"dc_format":"application/pdf","dc_identifier":"nl.gm1954.2c.2020.2831171-7.doc.6","dc_source":"https://api1.ibabs.eu/publicdownload.aspx?site=Beekdaelen&id=1d13da0c-80df-43e0-bd14-945f3917782a","dc_title":"Bijlage 3 Begrotingswijziging 7.2 aanpak water- en modderoverlast","dc_type":"bijlage","foi_fairiscoreVersions":{"v1":1,"v2":1},"foi_fileName":"Z%2F20%2F147878%20-%20241602%20-.pdf","foi_nrPages":1}],"foi_nrDocuments":6,"foi_nrPagesInDossier":10,"foi_publishedDate":"2020-10-27","foi_retrievedDate":"2026-03-03"},{"dc_creator":"HandelingScraper_v1","dc_date_year":2020,"dc_description":"Vergadering van de Gemeente Beekdaelen op 2020-10-27. Onderdeel: Voorstel inzake beleid Harmoniseren Beleid Openbare Ruimte (IBOR).","dc_identifier":"nl.gm1954.2c.2020.2831171-8","dc_publisher":"gm1954","dc_source":"https://beekdaelen.bestuurlijkeinformatie.nl/Agenda/Index/cb3cc527-37ed-4f85-9597-5844b240f500","dc_title":"Raadsvergadering 2020-10-27 - Voorstel inzake beleid Harmoniseren Beleid Openbare Ruimte (IBOR)","dc_type":"2c","dc_type_description":"Vergaderstuk decentrale overheid","foi_fairiscoreVersions":{"v1":3,"v2":3},"foi_files":[{"dc_format":"application/pdf","dc_identifier":"nl.gm1954.2c.2020.2831171-8.doc.4","dc_source":"https://api1.ibabs.eu/publicdownload.aspx?site=Beekdaelen&id=9e43adc6-9da0-416a-bcc2-b6fd6135e075","dc_title":"bijlage op verzoek van commissie: voorbeelden beeldkwaliteit Verharding","dc_type":"bijlage","foi_fairiscoreVersions":{"v1":2,"v2":1},"foi_fileName":"beeldkwaliteit%20Verharding.pdf","foi_nrPages":13},{"dc_format":"application/pdf","dc_identifier":"nl.gm1954.2c.2020.2831171-8.doc.8","dc_source":"https://api1.ibabs.eu/publicdownload.aspx?site=Beekdaelen&id=3627efd5-764c-4bf0-b00e-12f4be127ba6","dc_title":"Motie D66 inzake fietsinfra VERWORPEN","dc_type":"bijlage","foi_fairiscoreVersions":{"v1":1,"v2":1},"foi_fileName":"Motie%20D66%20inzake%20fietsinfra%20VERWORPEN.pdf","foi_nrPages":1},{"dc_format":"application/pdf","dc_identifier":"nl.gm1954.2c.2020.2831171-8.doc.3","dc_source":"https://api1.ibabs.eu/publicdownload.aspx?site=Beekdaelen&id=2412619f-35f4-49da-b294-45c7f2c7930c","dc_title":"Nota van wijziging inzake harmonisatie beleid Openbare Ruimte","dc_type":"bijlage","foi_fairiscoreVersions":{"v1":1,"v2":1},"foi_fileName":"Nota%20van%20wijziging.pdf","foi_nrPages":2},{"dc_format":"application/pdf","dc_identifier":"nl.gm1954.2c.2020.2831171-8.doc.7","dc_source":"https://api1.ibabs.eu/publicdownload.aspx?site=Beekdaelen&id=e0281777-49b0-484e-9939-50252caaae91","dc_title":"bijlage op verzoek van commissie: Nuth Beleidstuk wegbeheer 2014-2019","dc_type":"bijlage","foi_fairiscoreVersions":{"v1":5,"v2":5},"foi_fileName":"Nuth%20Beleidstuk%20wegbeheer%202014-2019%20Gemeente%20Nuth.pdf","foi_nrPages":28},{"dc_format":"application/pdf","dc_identifier":"nl.gm1954.2c.2020.2831171-8.doc.6","dc_source":"https://api1.ibabs.eu/publicdownload.aspx?site=Beekdaelen&id=3543ec17-386a-4a12-8d6d-1a57fd2295f5","dc_title":"bijlage op verzoek van commissie: Onderbanken vernieuwd WegenBeleidPlan 2015-2019","dc_type":"bijlage","foi_fairiscoreVersions":{"v1":5,"v2":5},"foi_fileName":"Onderbanken%20vernieuwd%20WBP%202015-2019.pdf","foi_nrPages":34},{"dc_format":"application/pdf","dc_identifier":"nl.gm1954.2c.2020.2831171-8.doc.5","dc_source":"https://api1.ibabs.eu/publicdownload.aspx?site=Beekdaelen&id=b8f95449-7c45-4f25-a664-345978d18426","dc_title":"bijlage op verzoek van commissie: gemeente Schinnen oplegnotitie wegbeheer tot 2019","dc_type":"bijlage","foi_fairiscoreVersions":{"v1":5,"v2":5},"foi_fileName":"Schinnen%20oplegnotitie%20wegbeheer%20tot%202019.pdf","foi_nrPages":8},{"dc_format":"application/pdf","dc_identifier":"nl.gm1954.2c.2020.2831171-8.doc.2","dc_source":"https://api1.ibabs.eu/publicdownload.aspx?site=Beekdaelen&id=bdd8e752-3f16-4b16-b06e-f0dc39f86af9","dc_title":"RB inzake harmoniseren beleid Openbare Ruimte vastgesteld 27102020","dc_type":"bijlage","foi_fairiscoreVersions":{"v1":1,"v2":1},"foi_fileName":"Z%2F20%2F142287%20-%20241622%20-%20Raadsbesluit%20harmoniseren%20IBOR.pdf","foi_nrPages":1},{"dc_format":"application/pdf","dc_identifier":"nl.gm1954.2c.2020.2831171-8.doc.1","dc_source":"https://api1.ibabs.eu/publicdownload.aspx?site=Beekdaelen&id=287cb6b1-2796-4ce5-8f45-407ced649bee","dc_title":"RV inzake harmonisatie beleid Openbare Ruimte","dc_type":"bijlage","foi_fairiscoreVersions":{"v1":1,"v2":1},"foi_fileName":"Z%2F20%2F142287%20raadsvoorstel%20harmoniseren%20IBOR.pdf","foi_nrPages":5}],"foi_nrDocuments":8,"foi_nrPagesInDossier":92,"foi_publishedDate":"2020-10-27","foi_retrievedDate":"2026-01-22"},{"dc_creator":"HandelingScraper_v1","dc_date_year":2020,"dc_description":"Vergadering van de Gemeente Beekdaelen op 2020-10-27. Onderdeel: Voorstel inzake krediet integraal dorpsontwikkelingplan Nuth (DOP Nuth).","dc_identifier":"nl.gm1954.2c.2020.2831171-9","dc_publisher":"gm1954","dc_source":"https://beekdaelen.bestuurlijkeinformatie.nl/Agenda/Index/cb3cc527-37ed-4f85-9597-5844b240f500","dc_title":"Raadsvergadering 2020-10-27 - Voorstel inzake krediet integraal dorpsontwikkelingplan Nuth (DOP Nuth)","dc_type":"2c","dc_type_description":"Vergaderstuk decentrale overheid","foi_fairiscoreVersions":{"v1":1,"v2":1},"foi_files":[{"dc_format":"application/pdf","dc_identifier":"nl.gm1954.2c.2020.2831171-9.doc.3","dc_source":"https://api1.ibabs.eu/publicdownload.aspx?site=Beekdaelen&id=1b25e102-47e9-4774-a41c-72d2fa1d8b40","dc_title":"Begrotingswijziging 7.1 na nota van wijziging 22-10","dc_type":"bijlage","foi_fairiscoreVersions":{"v1":1,"v2":1},"foi_fileName":"Begrotingswijziging%207.1%20na%20nota%20van%20wijziging%2022-10.pdf","foi_nrPages":1},{"dc_format":"application/pdf","dc_identifier":"nl.gm1954.2c.2020.2831171-9.doc.1","dc_source":"https://api1.ibabs.eu/publicdownload.aspx?site=Beekdaelen&id=c8252a86-e8eb-445f-a2a6-adea2a0df8bd","dc_title":"Nota van wijzigingen DOP Nuth 22-10","dc_type":"bijlage","foi_fairiscoreVersions":{"v1":1,"v2":1},"foi_fileName":"Nota%20van%20wijzigingen%20DOP%20Nuth%2022-10.pdf","foi_nrPages":4},{"dc_format":"application/pdf","dc_identifier":"nl.gm1954.2c.2020.2831171-9.doc.5","dc_source":"https://api1.ibabs.eu/publicdownload.aspx?site=Beekdaelen&id=88bb90b6-58c3-40e9-865a-7f066c248c56","dc_title":"Oorspronkelijk raadsvoorstel mbt aanjaagkrediet DOP Nuth","dc_type":"bijlage","foi_fairiscoreVersions":{"v1":1,"v2":1},"foi_fileName":"Oorspronkelijk%20raadsvoorstel%20mbt%20aanjaagkrediet%20DOP%20Nuth.pdf","foi_nrPages":3},{"dc_format":"application/pdf","dc_identifier":"nl.gm1954.2c.2020.2831171-9.doc.4","dc_source":"https://api1.ibabs.eu/publicdownload.aspx?site=Beekdaelen&id=d3775b9a-185b-48ef-aa92-a550fd8f67fc","dc_title":"PvA Stratenaanpak Parkstad Limburg bijlage bij parafenbesluit dop nuth 22-10","dc_type":"bijlage","foi_fairiscoreVersions":{"v1":1,"v2":1},"foi_fileName":"PvA%20Stratenaanpak%20Parkstad%20Limburg%20bijlage%20bij%20parafenbesluit%20dop%20nuth%2022-10.pdf","foi_nrPages":29},{"dc_format":"application/pdf","dc_identifier":"nl.gm1954.2c.2020.2831171-9.doc.2","dc_source":"https://api1.ibabs.eu/publicdownload.aspx?site=Beekdaelen&id=17252ee5-7f44-4c7e-bc51-abbdc92d2524","dc_title":"Raadsbesluit nav nota van wijziging DOP Nuth vastgesteld 27102020","dc_type":"bijlage","foi_fairiscoreVersions":{"v1":1,"v2":1},"foi_fileName":"Raadsbesluit%20nav%20nota%20van%20wijziging%20DOP%20Nuth.pdf","foi_nrPages":1}],"foi_nrDocuments":5,"foi_nrPagesInDossier":38,"foi_publishedDate":"2020-10-27","foi_retrievedDate":"2026-03-01"},{"dc_creator":"HandelingScraper_v1","dc_date_year":2020,"dc_description":"Vergadering van de Gemeente Beekdaelen op 2020-11-03. Onderdeel: Algemeen.","dc_identifier":"nl.gm1954.2c.2020.2831186-1","dc_publisher":"gm1954","dc_source":"https://beekdaelen.bestuurlijkeinformatie.nl/Agenda/Index/691dd087-cf35-458c-a441-05a8ad7a8c36","dc_title":"Commissie Ruimte (t/m april 2022) 2020-11-03 - Algemeen","dc_type":"2c","dc_type_description":"Vergaderstuk decentrale overheid","foi_fairiscoreVersions":{"v1":1,"v2":1},"foi_files":[{"dc_format":"application/pdf","dc_identifier":"nl.gm1954.2c.2020.2831186-1.doc.1","dc_source":"https://api1.ibabs.eu/publicdownload.aspx?site=Beekdaelen&id=62b12f9c-b8c3-46b9-be02-cb762a63bf59","dc_title":"Voorvragen Vernieuwingsgroep voor cie Ruimte d.d. 3 november 2020","dc_type":"bijlage","foi_fairiscoreVersions":{"v1":1,"v2":1},"foi_fileName":"VOORVRAGEN%20VERNIEUWINGSGROEP%20VOOR%20CIE%20RUIMTE%203%20NOVEMBER%202020.pdf","foi_nrPages":1}],"foi_nrDocuments":1,"foi_nrPagesInDossier":1,"foi_publishedDate":"2020-11-03","foi_retrievedDate":"2026-01-22"},{"dc_creator":"HandelingScraper_v1","dc_date_year":2020,"dc_description":"Vergadering van de Gemeente Beekdaelen op 2020-11-03. Onderdeel: Opening, mededelingen voorzitter en vaststellen agenda.","dc_identifier":"nl.gm1954.2c.2020.2831186-2","dc_publisher":"gm1954","dc_source":"https://beekdaelen.bestuurlijkeinformatie.nl/Agenda/Index/691dd087-cf35-458c-a441-05a8ad7a8c36","dc_title":"Commissie Ruimte (t/m april 2022) 2020-11-03 - Opening, mededelingen voorzitter en vaststellen agenda","dc_type":"2c","dc_type_description":"Vergaderstuk decentrale overheid","foi_fairiscoreVersions":{"v1":1,"v2":1},"foi_files":[{"dc_format":"application/pdf","dc_identifier":"nl.gm1954.2c.2020.2831186-2.doc.1","dc_source":"https://api1.ibabs.eu/publicdownload.aspx?site=Beekdaelen&id=08a97650-1103-4f7c-85f4-88c0f6f54d6e","dc_title":"Vastgestelde agenda cie. Ruimte 03112020","dc_type":"bijlage","foi_fairiscoreVersions":{"v1":1,"v2":1},"foi_fileName":"Vastgestelde%20agenda%20cie.%20Ruimte%2003112020.pdf","foi_nrPages":1}],"foi_nrDocuments":1,"foi_nrPagesInDossier":1,"foi_publishedDate":"2020-11-03","foi_retrievedDate":"2025-11-30"},{"dc_creator":"HandelingScraper_v1","dc_date_year":2020,"dc_description":"Vergadering van de Gemeente Beekdaelen op 2020-11-03. Onderdeel: Vaststellen actiepuntenlijst van de gecombineerde commissievergadering d.d. 6 en 8 oktober 2020.","dc_identifier":"nl.gm1954.2c.2020.2831186-3","dc_publisher":"gm1954","dc_source":"https://beekdaelen.bestuurlijkeinformatie.nl/Agenda/Index/691dd087-cf35-458c-a441-05a8ad7a8c36","dc_title":"Commissie Ruimte (t/m april 2022) 2020-11-03 - Vaststellen actiepuntenlijst van de gecombineerde commissievergadering d.d. 6 en 8 oktober 2020","dc_type":"2c","dc_type_description":"Vergaderstuk decentrale overheid","foi_fairiscoreVersions":{"v1":1,"v2":1},"foi_files":[{"dc_format":"application/pdf","dc_identifier":"nl.gm1954.2c.2020.2831186-3.doc.1","dc_source":"https://api1.ibabs.eu/publicdownload.aspx?site=Beekdaelen&id=c05c703d-9927-4bd0-bf5c-a9b2c8c93307","dc_title":"Actiepuntenlijst gecomb. cie vergadering 20201006 en 20201008","dc_type":"bijlage","foi_fairiscoreVersions":{"v1":1,"v2":1},"foi_fileName":"Actiepuntenlijst%20gecomb.%20cie%20vergadering%2020201006%20en%2020201008.pdf","foi_nrPages":6}],"foi_nrDocuments":1,"foi_nrPagesInDossier":6,"foi_publishedDate":"2020-11-03","foi_retrievedDate":"2026-03-05"},{"dc_creator":"HandelingScraper_v1","dc_date_year":2020,"dc_description":"Vergadering van de Gemeente Beekdaelen op 2020-11-03. Onderdeel: Vaststellen lijst van toezeggingen van de commissie Ruimte.","dc_identifier":"nl.gm1954.2c.2020.2831186-4","dc_publisher":"gm1954","dc_source":"https://beekdaelen.bestuurlijkeinformatie.nl/Agenda/Index/691dd087-cf35-458c-a441-05a8ad7a8c36","dc_title":"Commissie Ruimte (t/m april 2022) 2020-11-03 - Vaststellen lijst van toezeggingen van de commissie Ruimte","dc_type":"2c","dc_type_description":"Vergaderstuk decentrale overheid","foi_fairiscoreVersions":{"v1":null,"v2":null},"foi_files":[{"dc_format":"application/pdf","dc_identifier":"nl.gm1954.2c.2020.2831186-4.doc.1","dc_source":"https://api1.ibabs.eu/publicdownload.aspx?site=Beekdaelen&id=d4eb7550-02c8-4b9a-a21d-18e7c3340139","dc_title":"Lijst openstaande Toezeggingen bijgewerkt tm gecomb. Cie. 06102020","dc_type":"bijlage","foi_fileName":"Lijst%20openstaande%20Toezeggingen%20bijgewerkt%20tm%20gecomb.%20Cie.%2006102020.pdf"}],"foi_nrDocuments":1,"foi_nrPagesInDossier":0,"foi_publishedDate":"2020-11-03","foi_retrievedDate":"2025-12-01"},{"dc_creator":"HandelingScraper_v1","dc_date_year":2020,"dc_description":"Vergadering van de Gemeente Beekdaelen op 2020-11-03. Onderdeel: Visie Beekdaelen B(l)oeit.","dc_identifier":"nl.gm1954.2c.2020.2831186-5","dc_publisher":"gm1954","dc_source":"https://beekdaelen.bestuurlijkeinformatie.nl/Agenda/Index/691dd087-cf35-458c-a441-05a8ad7a8c36","dc_title":"Commissie Ruimte (t/m april 2022) 2020-11-03 - Visie Beekdaelen B(l)oeit","dc_type":"2c","dc_type_description":"Vergaderstuk decentrale overheid","foi_fairiscoreVersions":{"v1":2,"v2":2},"foi_files":[{"dc_format":"application/pdf","dc_identifier":"nl.gm1954.2c.2020.2831186-5.doc.4","dc_source":"https://api1.ibabs.eu/publicdownload.aspx?site=Beekdaelen&id=64cf6667-d968-42f9-bd3e-6900ddf58542","dc_title":"MvA technische voorvragen inzake B1 Visie Beekdaelen Bloeit","dc_type":"bijlage","foi_fairiscoreVersions":{"v1":1,"v2":1},"foi_fileName":"MvA%20technische%20voorvragen%20inzake%20B1%20Visie%20Beekdaelen%20Bloeit.pdf","foi_nrPages":2},{"dc_format":"application/pdf","dc_identifier":"nl.gm1954.2c.2020.2831186-5.doc.1","dc_source":"https://api1.ibabs.eu/publicdownload.aspx?site=Beekdaelen&id=094dffe4-6fdd-401b-b9eb-545ab46642dc","dc_title":"RV Visie Beekdaelen B(l)oeit","dc_type":"bijlage","foi_fairiscoreVersions":{"v1":1,"v2":1},"foi_fileName":"Z%2F20%2F144773-241273Visie%20Beekdaelen%20B%28l%29oeit.pdf","foi_nrPages":4},{"dc_format":"application/pdf","dc_identifier":"nl.gm1954.2c.2020.2831186-5.doc.2","dc_source":"https://api1.ibabs.eu/publicdownload.aspx?site=Beekdaelen&id=c896bdf6-8a90-45ce-bb58-6fb195554f58","dc_title":"RB Visie Beekdaelen B(l)oeit vastgesteld 10112020","dc_type":"bijlage","foi_fairiscoreVersions":{"v1":1,"v2":1},"foi_fileName":"Z%2F20%2F144773-244005Raadsbesluit.pdf","foi_nrPages":1},{"dc_format":"application/pdf","dc_identifier":"nl.gm1954.2c.2020.2831186-5.doc.3","dc_source":"https://api1.ibabs.eu/publicdownload.aspx?site=Beekdaelen&id=8d2e3ac7-99f2-4c40-9f7d-54ab79982574","dc_title":"Visie Beekdaelen b(l)oeit","dc_type":"bijlage","foi_fairiscoreVersions":{"v1":2,"v2":2},"foi_fileName":"Z%2F20%2F144773%20-%20243970%20-.pdf","foi_nrPages":19}],"foi_nrDocuments":4,"foi_nrPagesInDossier":26,"foi_publishedDate":"2020-11-03","foi_retrievedDate":"2026-03-06"},{"dc_creator":"HandelingScraper_v1","dc_date_year":2020,"dc_description":"Vergadering van de Gemeente Beekdaelen op 2020-11-03. Onderdeel: Voorstel inzake Beleidsplan openbare verlichting Beekdaelen 2021-2025.","dc_identifier":"nl.gm1954.2c.2020.2831186-6","dc_publisher":"gm1954","dc_source":"https://beekdaelen.bestuurlijkeinformatie.nl/Agenda/Index/691dd087-cf35-458c-a441-05a8ad7a8c36","dc_title":"Commissie Ruimte (t/m april 2022) 2020-11-03 - Voorstel inzake Beleidsplan openbare verlichting Beekdaelen 2021-2025","dc_type":"2c","dc_type_description":"Vergaderstuk decentrale overheid","foi_fairiscoreVersions":{"v1":2,"v2":2},"foi_files":[{"dc_format":"application/pdf","dc_identifier":"nl.gm1954.2c.2020.2831186-6.doc.4","dc_source":"https://api1.ibabs.eu/publicdownload.aspx?site=Beekdaelen&id=8382d1a1-9b7b-47a1-96be-00baef58f1ef","dc_title":"MvA technische voorvragen inzake B2 beleidsplan openbare verlichting","dc_type":"bijlage","foi_fairiscoreVersions":{"v1":1,"v2":1},"foi_fileName":"MvA%20technische%20voorvragen%20inzake%20B2%20beleidsplan%20openbare%20verlichting.pdf","foi_nrPages":1},{"dc_format":"application/pdf","dc_identifier":"nl.gm1954.2c.2020.2831186-6.doc.1","dc_source":"https://api1.ibabs.eu/publicdownload.aspx?site=Beekdaelen&id=2cef2439-cf30-47e8-943d-0739f59d574d","dc_title":"RV Beleidsplan Openbare Verlichting Beekdaelen 2021-2025","dc_type":"bijlage","foi_fairiscoreVersions":{"v1":1,"v2":1},"foi_fileName":"Z%2F20%2F149109%20-%20243434%20-%20Raadsvoorstel%20Beleidsplan%20Openbare%20Verlichting%20Beekdaelen%202021-2025.pdf","foi_nrPages":4},{"dc_format":"application/pdf","dc_identifier":"nl.gm1954.2c.2020.2831186-6.doc.2","dc_source":"https://api1.ibabs.eu/publicdownload.aspx?site=Beekdaelen&id=07ed026b-f79b-4524-8af1-ba41927d135a","dc_title":"RB beleidsplan Openbare Verlichting Beekdaelen 2021-2025","dc_type":"bijlage","foi_fairiscoreVersions":{"v1":1,"v2":1},"foi_fileName":"Z%2F20%2F149109%20-%20243443%20-%20Concept%20Raadsbesluit%20beleidsplan%20Openbare%20Verlichting%20Beekdaelen%202021-2025.pdf","foi_nrPages":1},{"dc_format":"application/pdf","dc_identifier":"nl.gm1954.2c.2020.2831186-6.doc.3","dc_source":"https://api1.ibabs.eu/publicdownload.aspx?site=Beekdaelen&id=ae7fb9fb-6029-4ce9-9cdd-fb9a5cecaea8","dc_title":"Beleidsplan Openbare Verlichting Beekdaelen 2021-2025","dc_type":"bijlage","foi_fairiscoreVersions":{"v1":2,"v2":2},"foi_fileName":"Z%2F20%2F149109%20-%20243758%20-.pdf","foi_nrPages":47}],"foi_nrDocuments":4,"foi_nrPagesInDossier":53,"foi_publishedDate":"2020-11-03","foi_retrievedDate":"2026-03-03"},{"dc_creator":"HandelingScraper_v1","dc_date_year":2020,"dc_description":"Vergadering van de Gemeente Beekdaelen op 2020-11-03. Onderdeel: Voorstel inzake Voorbereidingskrediet Gebiedsontwikkeling de Gijselaar.","dc_identifier":"nl.gm1954.2c.2020.2831186-7","dc_publisher":"gm1954","dc_source":"https://beekdaelen.bestuurlijkeinformatie.nl/Agenda/Index/691dd087-cf35-458c-a441-05a8ad7a8c36","dc_title":"Commissie Ruimte (t/m april 2022) 2020-11-03 - Voorstel inzake Voorbereidingskrediet Gebiedsontwikkeling de Gijselaar","dc_type":"2c","dc_type_description":"Vergaderstuk decentrale overheid","foi_fairiscoreVersions":{"v1":1,"v2":1},"foi_files":[{"dc_format":"application/pdf","dc_identifier":"nl.gm1954.2c.2020.2831186-7.doc.3","dc_source":"https://api1.ibabs.eu/publicdownload.aspx?site=Beekdaelen&id=2d5be910-3020-4204-9a02-b2228c57c7a2","dc_title":"MvA technische voorvragen inzake B3 Krediet gebiedsontwikkeling de Gijselaar","dc_type":"bijlage","foi_fairiscoreVersions":{"v1":1,"v2":1},"foi_fileName":"MvA%20technische%20voorvragen%20inzake%20B3%20krediet%20gebiedsontwikkeling%20de%20Gijselaar.pdf","foi_nrPages":1},{"dc_format":"application/pdf","dc_identifier":"nl.gm1954.2c.2020.2831186-7.doc.1","dc_source":"https://api1.ibabs.eu/publicdownload.aspx?site=Beekdaelen&id=8a707a70-03a3-466d-b087-2460b6a4eb14","dc_title":"RV Voorbereidingskrediet gebiedsontwikkeling de Gijselaar te Amstenrade","dc_type":"bijlage","foi_fairiscoreVersions":{"v1":1,"v2":1},"foi_fileName":"Raadsvoorstel%20-%20Voorbereidingskrediet%20gebiedsontwikkeling%20de%20Gijselaar%20te%20Amstenrade.pdf","foi_nrPages":3},{"dc_format":"application/pdf","dc_identifier":"nl.gm1954.2c.2020.2831186-7.doc.2","dc_source":"https://api1.ibabs.eu/publicdownload.aspx?site=Beekdaelen&id=52ca8ddd-56dc-4238-b80c-38c3c88e2bdb","dc_title":"RB Voorbereidingskrediet gebiedsontwikkeling de Gijselaar te Amstenrade vastgesteld 10112020","dc_type":"bijlage","foi_fairiscoreVersions":{"v1":1,"v2":1},"foi_fileName":"RB%20Voorbereidingskrediet%20Gebiedsontwikkeling%20de%20Gijselaar%20te%20Amstenrade.pdf","foi_nrPages":1}],"foi_nrDocuments":3,"foi_nrPagesInDossier":5,"foi_publishedDate":"2020-11-03","foi_retrievedDate":"2026-02-05"},{"dc_creator":"HandelingScraper_v1","dc_date_year":2020,"dc_description":"Vergadering van de Gemeente Beekdaelen op 2020-11-10. Onderdeel: Opening.","dc_identifier":"nl.gm1954.2c.2020.2831249-1","dc_publisher":"gm1954","dc_source":"https://beekdaelen.bestuurlijkeinformatie.nl/Agenda/Index/8a8519b8-d358-4084-9523-8827783eeb2d","dc_title":"Raadsvergadering 2020-11-10 - Opening","dc_type":"2c","dc_type_description":"Vergaderstuk decentrale overheid","foi_fairiscoreVersions":{"v1":1,"v2":1},"foi_files":[{"dc_format":"application/pdf","dc_identifier":"nl.gm1954.2c.2020.2831249-1.doc.1","dc_source":"https://api1.ibabs.eu/publicdownload.aspx?site=Beekdaelen&id=1ec0a568-a7d9-4a9c-9b5c-325bee7b26a5","dc_title":"Uitnodiging en voorlopige agenda raadsvergadering 10 november 2020","dc_type":"bijlage","foi_fairiscoreVersions":{"v1":1,"v2":1},"foi_fileName":"Uitnodiging%20en%20agenda%20raadsvergadering%2010%20november%202020.pdf","foi_nrPages":2}],"foi_nrDocuments":1,"foi_nrPagesInDossier":2,"foi_publishedDate":"2020-11-10","foi_retrievedDate":"2026-01-22"},{"dc_creator":"HandelingScraper_v1","dc_date_year":2020,"dc_description":"Vergadering van de Gemeente Beekdaelen op 2020-11-10. Onderdeel: Voorstel inzake vaststellen verordening lijkbezorgingsrechten en beheersverordening begraafplaatsen.","dc_identifier":"nl.gm1954.2c.2020.2831249-10","dc_publisher":"gm1954","dc_source":"https://beekdaelen.bestuurlijkeinformatie.nl/Agenda/Index/8a8519b8-d358-4084-9523-8827783eeb2d","dc_title":"Raadsvergadering 2020-11-10 - Voorstel inzake vaststellen verordening lijkbezorgingsrechten en beheersverordening begraafplaatsen","dc_type":"2c","dc_type_description":"Vergaderstuk decentrale overheid","foi_fairiscoreVersions":{"v1":1,"v2":1},"foi_files":[{"dc_format":"application/pdf","dc_identifier":"nl.gm1954.2c.2020.2831249-10.doc.3","dc_source":"https://api1.ibabs.eu/publicdownload.aspx?site=Beekdaelen&id=69ed0bfa-f103-4cc3-9c72-3c39deeab0f9","dc_title":"RB vaststellen verordening lijkbezorgingsrechten en beheersverordening begraafplaatsen 2021 vastgesteld 10112020","dc_type":"bijlage","foi_fairiscoreVersions":{"v1":1,"v2":1},"foi_fileName":"RBS%20lijkbezorging.pdf","foi_nrPages":1},{"dc_format":"application/pdf","dc_identifier":"nl.gm1954.2c.2020.2831249-10.doc.1","dc_source":"https://api1.ibabs.eu/publicdownload.aspx?site=Beekdaelen&id=0f7f6447-1ed3-4d93-a24f-34914f29d89c","dc_title":"RV vaststellen verordening lijkbezorgingsrechten en beheersverordening begraafplaatsen 2021","dc_type":"bijlage","foi_fairiscoreVersions":{"v1":1,"v2":1},"foi_fileName":"RVS%20lijkbezorging.pdf","foi_nrPages":3},{"dc_format":"application/pdf","dc_identifier":"nl.gm1954.2c.2020.2831249-10.doc.5","dc_source":"https://api1.ibabs.eu/publicdownload.aspx?site=Beekdaelen&id=5ef205c4-6cf5-4b2b-b0a9-164aac76901d","dc_title":"Beheersverordening begraafplaatsen 2021 vastgesteld 10112020","dc_type":"bijlage","foi_fairiscoreVersions":{"v1":1,"v2":1},"foi_fileName":"Z%2F20%2F149204%20-%20243579%20-%20beheersverordening%20begraafplaatsen%202021.pdf","foi_nrPages":7},{"dc_format":"application/pdf","dc_identifier":"nl.gm1954.2c.2020.2831249-10.doc.4","dc_source":"https://api1.ibabs.eu/publicdownload.aspx?site=Beekdaelen&id=50bd7e1d-ea72-4e90-b371-f9f7e8aa967d","dc_title":"Verordening lijkbezorgingsrechten 2021 vastgesteld 10112020","dc_type":"bijlage","foi_fairiscoreVersions":{"v1":1,"v2":1},"foi_fileName":"Z%2F20%2F149204%20-%20243580%20-%20verordening%20lijkbezorgingsrechten%202021.pdf","foi_nrPages":3},{"dc_format":"application/pdf","dc_identifier":"nl.gm1954.2c.2020.2831249-10.doc.6","dc_source":"https://api1.ibabs.eu/publicdownload.aspx?site=Beekdaelen&id=280cbea0-21fc-4004-9e1b-9ffb15d0a24e","dc_title":"Tarieventabel lijkbezorgingsrechten 2021 vastgesteld 10112020","dc_type":"bijlage","foi_fairiscoreVersions":{"v1":1,"v2":1},"foi_fileName":"Z%2F20%2F149204%20-%20243581%20-%20tarieventabel%20lijkbezorgingsrechten%202021.pdf","foi_nrPages":2},{"dc_format":"application/pdf","dc_identifier":"nl.gm1954.2c.2020.2831249-10.doc.7","dc_source":"https://api1.ibabs.eu/publicdownload.aspx?site=Beekdaelen&id=ff76ab37-efec-44fb-abfb-65d1e2b32dbb","dc_title":"Tarieventabel lijkbezorgingsrechten was- wordt","dc_type":"bijlage","foi_fairiscoreVersions":{"v1":1,"v2":1},"foi_fileName":"Z%2F20%2F149204%20-%20246345%20-.pdf","foi_nrPages":4},{"dc_format":"application/pdf","dc_identifier":"nl.gm1954.2c.2020.2831249-10.doc.2","dc_source":"https://api1.ibabs.eu/publicdownload.aspx?site=Beekdaelen&id=5912d965-76a7-4a19-b3b8-f1da6a11b3d4","dc_title":"Nota van wijziging raadsvoorstel lijkbezorgingsrechten 2021","dc_type":"bijlage","foi_fairiscoreVersions":{"v1":1,"v2":1},"foi_fileName":"Z%2F20%2F149204%20-%20246616%20-%20nota%20van%20wijziging%20raadsvoorstel%20lijkbezorgingsrechten%202021.pdf","foi_nrPages":1}],"foi_nrDocuments":7,"foi_nrPagesInDossier":21,"foi_publishedDate":"2020-11-10","foi_retrievedDate":"2026-02-05"},{"dc_creator":"HandelingScraper_v1","dc_date_year":2020,"dc_description":"Vergadering van de Gemeente Beekdaelen op 2020-11-10. Onderdeel: Voorstel inzake vaststellen verordening kwijtschelding 2021.","dc_identifier":"nl.gm1954.2c.2020.2831249-11","dc_publisher":"gm1954","dc_source":"https://beekdaelen.bestuurlijkeinformatie.nl/Agenda/Index/8a8519b8-d358-4084-9523-8827783eeb2d","dc_title":"Raadsvergadering 2020-11-10 - Voorstel inzake vaststellen verordening kwijtschelding 2021","dc_type":"2c","dc_type_description":"Vergaderstuk decentrale overheid","foi_fairiscoreVersions":{"v1":1,"v2":1},"foi_files":[{"dc_format":"application/pdf","dc_identifier":"nl.gm1954.2c.2020.2831249-11.doc.2","dc_source":"https://api1.ibabs.eu/publicdownload.aspx?site=Beekdaelen&id=16517f02-99bc-4d14-9bc0-42b58a8c5efb","dc_title":"RB inzake vaststellen verordening kwijtschelding gemeentelijke belastingen vastgesteld 10112020","dc_type":"bijlage","foi_fairiscoreVersions":{"v1":1,"v2":1},"foi_fileName":"RBS%20kwijtschelding.pdf","foi_nrPages":1},{"dc_format":"application/pdf","dc_identifier":"nl.gm1954.2c.2020.2831249-11.doc.1","dc_source":"https://api1.ibabs.eu/publicdownload.aspx?site=Beekdaelen&id=5d7e5a77-92b6-4c1a-a748-9f1da245e498","dc_title":"RV inzake vaststellen verordening kwijtschelding gemeentelijke belastingen","dc_type":"bijlage","foi_fairiscoreVersions":{"v1":1,"v2":1},"foi_fileName":"RVS%20kwijtschelding.pdf","foi_nrPages":1},{"dc_format":"application/pdf","dc_identifier":"nl.gm1954.2c.2020.2831249-11.doc.3","dc_source":"https://api1.ibabs.eu/publicdownload.aspx?site=Beekdaelen&id=175ea29d-d06d-4a4b-b754-a94eef763872","dc_title":"Verordening kwijtschelding gemeentelijke belastingen vastgesteld 10112020","dc_type":"bijlage","foi_fairiscoreVersions":{"v1":1,"v2":1},"foi_fileName":"Z%2F20%2F146502%20-%20238089%20-%20verordening%20kwijtschelding%20gemeentelijke%20belastingen.pdf","foi_nrPages":2}],"foi_nrDocuments":3,"foi_nrPagesInDossier":4,"foi_publishedDate":"2020-11-10","foi_retrievedDate":"2025-11-29"},{"dc_creator":"HandelingScraper_v1","dc_date_year":2020,"dc_description":"Vergadering van de Gemeente Beekdaelen op 2020-11-10. Onderdeel: Voorstel inzake vaststellen Legesverordening 2021.","dc_identifier":"nl.gm1954.2c.2020.2831249-12","dc_publisher":"gm1954","dc_source":"https://beekdaelen.bestuurlijkeinformatie.nl/Agenda/Index/8a8519b8-d358-4084-9523-8827783eeb2d","dc_title":"Raadsvergadering 2020-11-10 - Voorstel inzake vaststellen Legesverordening 2021","dc_type":"2c","dc_type_description":"Vergaderstuk decentrale overheid","foi_fairiscoreVersions":{"v1":1,"v2":1},"foi_files":[{"dc_format":"application/pdf","dc_identifier":"nl.gm1954.2c.2020.2831249-12.doc.3","dc_source":"https://api1.ibabs.eu/publicdownload.aspx?site=Beekdaelen&id=59509797-6900-4aba-9c71-306d147c1fa4","dc_title":"RB vaststellen legesverordening vastgesteld 10112020","dc_type":"bijlage","foi_fairiscoreVersions":{"v1":1,"v2":1},"foi_fileName":"RBS%20leges.pdf","foi_nrPages":1},{"dc_format":"application/pdf","dc_identifier":"nl.gm1954.2c.2020.2831249-12.doc.1","dc_source":"https://api1.ibabs.eu/publicdownload.aspx?site=Beekdaelen&id=0e30d3b2-3c7c-4787-88d5-ec3d62d9d289","dc_title":"RV vaststellen legesverordening","dc_type":"bijlage","foi_fairiscoreVersions":{"v1":1,"v2":1},"foi_fileName":"RVS%20leges.pdf","foi_nrPages":2},{"dc_format":"application/pdf","dc_identifier":"nl.gm1954.2c.2020.2831249-12.doc.4","dc_source":"https://api1.ibabs.eu/publicdownload.aspx?site=Beekdaelen&id=14813b7e-813f-419a-a3dc-1a1dc01e8001","dc_title":"Legesverordening 2021 vastgesteld 10112020","dc_type":"bijlage","foi_fairiscoreVersions":{"v1":1,"v2":1},"foi_fileName":"Z%2F20%2F146501%20-%20238078%20-%20legesverordening%202021.pdf","foi_nrPages":3},{"dc_format":"application/pdf","dc_identifier":"nl.gm1954.2c.2020.2831249-12.doc.5","dc_source":"https://api1.ibabs.eu/publicdownload.aspx?site=Beekdaelen&id=e3c60264-ffa9-4e46-86b3-55c5d1f3b9ac","dc_title":"Tarieventabel legesverordening 2021 vastgesteld 10112020","dc_type":"bijlage","foi_fairiscoreVersions":{"v1":1,"v2":1},"foi_fileName":"Z%2F20%2F146501%20-%20238079%20-%20tarieventabel%20legesverordening%202021.pdf","foi_nrPages":20},{"dc_format":"application/pdf","dc_identifier":"nl.gm1954.2c.2020.2831249-12.doc.6","dc_source":"https://api1.ibabs.eu/publicdownload.aspx?site=Beekdaelen&id=524892ec-584b-4b93-a5cb-c7e1cb76b64d","dc_title":"Tarieventabel leges 2021 was - wordt","dc_type":"bijlage","foi_fairiscoreVersions":{"v1":1,"v2":1},"foi_fileName":"Z%2F20%2F146501%20-%20246328%20-%20tarieventabel%20leges%202021%20was%20-%20wordt.pdf","foi_nrPages":16},{"dc_format":"application/pdf","dc_identifier":"nl.gm1954.2c.2020.2831249-12.doc.2","dc_source":"https://api1.ibabs.eu/publicdownload.aspx?site=Beekdaelen&id=5404cedc-2547-4907-97cf-a65d0a340519","dc_title":"Nota van wijziging raadsvoorstel legesverordening 2021","dc_type":"bijlage","foi_fairiscoreVersions":{"v1":1,"v2":1},"foi_fileName":"Z%2F20%2F146501%20-%20246580%20-%20nota%20van%20wijziging%20raadsvoorstel%20legesverordening%202021.pdf","foi_nrPages":1}],"foi_nrDocuments":6,"foi_nrPagesInDossier":43,"foi_publishedDate":"2020-11-10","foi_retrievedDate":"2026-03-05"},{"dc_creator":"HandelingScraper_v1","dc_date_year":2020,"dc_description":"Vergadering van de Gemeente Beekdaelen op 2020-11-10. Onderdeel: Vaststelling agenda.","dc_identifier":"nl.gm1954.2c.2020.2831249-2","dc_publisher":"gm1954","dc_source":"https://beekdaelen.bestuurlijkeinformatie.nl/Agenda/Index/8a8519b8-d358-4084-9523-8827783eeb2d","dc_title":"Raadsvergadering 2020-11-10 - Vaststelling agenda","dc_type":"2c","dc_type_description":"Vergaderstuk decentrale overheid","foi_fairiscoreVersions":{"v1":1,"v2":1},"foi_files":[{"dc_format":"application/pdf","dc_identifier":"nl.gm1954.2c.2020.2831249-2.doc.2","dc_source":"https://api1.ibabs.eu/publicdownload.aspx?site=Beekdaelen&id=47daf202-1706-4a23-84d1-c8b75cbd8e9e","dc_title":"Tijdpad begrotingsvergadering definitief t.b.v. Ibabs","dc_type":"bijlage","foi_fairiscoreVersions":{"v1":1,"v2":1},"foi_fileName":"Tijdpad%20begrotingsvergadering%20definitief%20t.b.v.%20Ibabs.pdf","foi_nrPages":2},{"dc_format":"application/pdf","dc_identifier":"nl.gm1954.2c.2020.2831249-2.doc.1","dc_source":"https://api1.ibabs.eu/publicdownload.aspx?site=Beekdaelen&id=2d08dadc-f01c-4979-9c80-4313d7177edc","dc_title":"Vastgestelde agenda raadsvergadering 10 november 2020","dc_type":"bijlage","foi_fairiscoreVersions":{"v1":1,"v2":1},"foi_fileName":"Vastgestelde%20agenda%20raadsvergadering%2010%20november%202020.pdf","foi_nrPages":1}],"foi_nrDocuments":2,"foi_nrPagesInDossier":3,"foi_publishedDate":"2020-11-10","foi_retrievedDate":"2026-03-03"},{"dc_creator":"HandelingScraper_v1","dc_date_year":2020,"dc_description":"Vergadering van de Gemeente Beekdaelen op 2020-11-10. Onderdeel: Visie Beekdaelen B(l)oeit.","dc_identifier":"nl.gm1954.2c.2020.2831249-3","dc_publisher":"gm1954","dc_source":"https://beekdaelen.bestuurlijkeinformatie.nl/Agenda/Index/8a8519b8-d358-4084-9523-8827783eeb2d","dc_title":"Raadsvergadering 2020-11-10 - Visie Beekdaelen B(l)oeit","dc_type":"2c","dc_type_description":"Vergaderstuk decentrale overheid","foi_fairiscoreVersions":{"v1":2,"v2":2},"foi_files":[{"dc_format":"application/pdf","dc_identifier":"nl.gm1954.2c.2020.2831249-3.doc.1","dc_source":"https://api1.ibabs.eu/publicdownload.aspx?site=Beekdaelen&id=094dffe4-6fdd-401b-b9eb-545ab46642dc","dc_title":"RV Visie Beekdaelen B(l)oeit","dc_type":"bijlage","foi_fairiscoreVersions":{"v1":1,"v2":1},"foi_fileName":"Z%2F20%2F144773-241273Visie%20Beekdaelen%20B%28l%29oeit.pdf","foi_nrPages":4},{"dc_format":"application/pdf","dc_identifier":"nl.gm1954.2c.2020.2831249-3.doc.2","dc_source":"https://api1.ibabs.eu/publicdownload.aspx?site=Beekdaelen&id=c896bdf6-8a90-45ce-bb58-6fb195554f58","dc_title":"RB Visie Beekdaelen B(l)oeit vastgesteld 10112020","dc_type":"bijlage","foi_fairiscoreVersions":{"v1":1,"v2":1},"foi_fileName":"Z%2F20%2F144773-244005Raadsbesluit.pdf","foi_nrPages":1},{"dc_format":"application/pdf","dc_identifier":"nl.gm1954.2c.2020.2831249-3.doc.3","dc_source":"https://api1.ibabs.eu/publicdownload.aspx?site=Beekdaelen&id=8d2e3ac7-99f2-4c40-9f7d-54ab79982574","dc_title":"Visie Beekdaelen b(l)oeit","dc_type":"bijlage","foi_fairiscoreVersions":{"v1":2,"v2":2},"foi_fileName":"Z%2F20%2F144773%20-%20243970%20-.pdf","foi_nrPages":19}],"foi_nrDocuments":3,"foi_nrPagesInDossier":24,"foi_publishedDate":"2020-11-10","foi_retrievedDate":"2025-11-29"},{"dc_creator":"HandelingScraper_v1","dc_date_year":2020,"dc_description":"Vergadering van de Gemeente Beekdaelen op 2020-11-10. Onderdeel: Beleidsplan Openbare Verlichting Beekdaelen 2021-2025.","dc_identifier":"nl.gm1954.2c.2020.2831249-4","dc_publisher":"gm1954","dc_source":"https://beekdaelen.bestuurlijkeinformatie.nl/Agenda/Index/8a8519b8-d358-4084-9523-8827783eeb2d","dc_title":"Raadsvergadering 2020-11-10 - Beleidsplan Openbare Verlichting Beekdaelen 2021-2025","dc_type":"2c","dc_type_description":"Vergaderstuk decentrale overheid","foi_fairiscoreVersions":{"v1":2,"v2":2},"foi_files":[{"dc_format":"application/pdf","dc_identifier":"nl.gm1954.2c.2020.2831249-4.doc.2","dc_source":"https://api1.ibabs.eu/publicdownload.aspx?site=Beekdaelen&id=a5fd2186-dc91-4b1c-9583-1e276eb5aa95","dc_title":"RB Beleidsplan openbare verlichting Beekdaelen vastgesteld 10112020","dc_type":"bijlage","foi_fairiscoreVersions":{"v1":1,"v2":1},"foi_fileName":"Raadsbesluit%20Beleidsplan%20openbare%20verlichting%20Beekdaelen%20vastgesteld.pdf","foi_nrPages":1},{"dc_format":"application/pdf","dc_identifier":"nl.gm1954.2c.2020.2831249-4.doc.1","dc_source":"https://api1.ibabs.eu/publicdownload.aspx?site=Beekdaelen&id=2cef2439-cf30-47e8-943d-0739f59d574d","dc_title":"RV Beleidsplan Openbare Verlichting Beekdaelen 2021-2025","dc_type":"bijlage","foi_fairiscoreVersions":{"v1":1,"v2":1},"foi_fileName":"Z%2F20%2F149109%20-%20243434%20-%20Raadsvoorstel%20Beleidsplan%20Openbare%20Verlichting%20Beekdaelen%202021-2025.pdf","foi_nrPages":4},{"dc_format":"application/pdf","dc_identifier":"nl.gm1954.2c.2020.2831249-4.doc.3","dc_source":"https://api1.ibabs.eu/publicdownload.aspx?site=Beekdaelen&id=ae7fb9fb-6029-4ce9-9cdd-fb9a5cecaea8","dc_title":"Beleidsplan Openbare Verlichting Beekdaelen 2021-2025","dc_type":"bijlage","foi_fairiscoreVersions":{"v1":2,"v2":2},"foi_fileName":"Z%2F20%2F149109%20-%20243758%20-.pdf","foi_nrPages":47}],"foi_nrDocuments":3,"foi_nrPagesInDossier":52,"foi_publishedDate":"2020-11-10","foi_retrievedDate":"2026-03-06"},{"dc_creator":"HandelingScraper_v1","dc_date_year":2020,"dc_description":"Vergadering van de Gemeente Beekdaelen op 2020-11-10. Onderdeel: Voorstel inzake Voorbereidingskrediet Gebiedsontwikkeling de Gijselaar.","dc_identifier":"nl.gm1954.2c.2020.2831249-5","dc_publisher":"gm1954","dc_source":"https://beekdaelen.bestuurlijkeinformatie.nl/Agenda/Index/8a8519b8-d358-4084-9523-8827783eeb2d","dc_title":"Raadsvergadering 2020-11-10 - Voorstel inzake Voorbereidingskrediet Gebiedsontwikkeling de Gijselaar","dc_type":"2c","dc_type_description":"Vergaderstuk decentrale overheid","foi_fairiscoreVersions":{"v1":1,"v2":1},"foi_files":[{"dc_format":"application/pdf","dc_identifier":"nl.gm1954.2c.2020.2831249-5.doc.1","dc_source":"https://api1.ibabs.eu/publicdownload.aspx?site=Beekdaelen&id=8a707a70-03a3-466d-b087-2460b6a4eb14","dc_title":"RV Voorbereidingskrediet gebiedsontwikkeling de Gijselaar te Amstenrade","dc_type":"bijlage","foi_fairiscoreVersions":{"v1":1,"v2":1},"foi_fileName":"Raadsvoorstel%20-%20Voorbereidingskrediet%20gebiedsontwikkeling%20de%20Gijselaar%20te%20Amstenrade.pdf","foi_nrPages":3},{"dc_format":"application/pdf","dc_identifier":"nl.gm1954.2c.2020.2831249-5.doc.2","dc_source":"https://api1.ibabs.eu/publicdownload.aspx?site=Beekdaelen&id=52ca8ddd-56dc-4238-b80c-38c3c88e2bdb","dc_title":"RB Voorbereidingskrediet gebiedsontwikkeling de Gijselaar te Amstenrade vastgesteld 10112020","dc_type":"bijlage","foi_fairiscoreVersions":{"v1":1,"v2":1},"foi_fileName":"RB%20Voorbereidingskrediet%20Gebiedsontwikkeling%20de%20Gijselaar%20te%20Amstenrade.pdf","foi_nrPages":1}],"foi_nrDocuments":2,"foi_nrPagesInDossier":4,"foi_publishedDate":"2020-11-10","foi_retrievedDate":"2026-01-22"},{"dc_creator":"HandelingScraper_v1","dc_date_year":2020,"dc_description":"Vergadering van de Gemeente Beekdaelen op 2020-11-10. Onderdeel: Begroting 2021 en MJB 2022-2024.","dc_identifier":"nl.gm1954.2c.2020.2831249-6","dc_publisher":"gm1954","dc_source":"https://beekdaelen.bestuurlijkeinformatie.nl/Agenda/Index/8a8519b8-d358-4084-9523-8827783eeb2d","dc_title":"Raadsvergadering 2020-11-10 - Begroting 2021 en MJB 2022-2024","dc_type":"2c","dc_type_description":"Vergaderstuk decentrale overheid","foi_fairiscoreVersions":{"v1":2,"v2":2},"foi_files":[{"dc_format":"application/pdf","dc_identifier":"nl.gm1954.2c.2020.2831249-6.doc.22","dc_source":"https://api1.ibabs.eu/publicdownload.aspx?site=Beekdaelen&id=0423fe4e-9665-481a-81f6-060a8036a054","dc_title":"A1 Amendement PvdA, D66 en VVD inzake Dorpsco\u00f6rdinator - AANGENOMEN","dc_type":"bijlage","foi_fairiscoreVersions":{"v1":1,"v2":1},"foi_fileName":"A1%20Amendement%20PvdA_%20D66%20en%20VVD%20inzake%20Dorpsco%C3%B6rdinator%20-%20AANGENOMEN.pdf","foi_nrPages":1},{"dc_format":"application/pdf","dc_identifier":"nl.gm1954.2c.2020.2831249-6.doc.23","dc_source":"https://api1.ibabs.eu/publicdownload.aspx?site=Beekdaelen&id=92297c19-bba7-4235-b523-d8dd9bc062e4","dc_title":"A2 Amendement D66 en VVD inzake vrijliggend fietspad Doenrade-Merkelbeek vv - VERWORPEN","dc_type":"bijlage","foi_fairiscoreVersions":{"v1":1,"v2":1},"foi_fileName":"A2%20Amendement%20D66%20en%20VVD%20inzake%20vrijliggend%20fietspad%20Doenrade-Merkelbeek%20vv%20-%20VERWORPEN.pdf","foi_nrPages":2},{"dc_format":"application/pdf","dc_identifier":"nl.gm1954.2c.2020.2831249-6.doc.10","dc_source":"https://api1.ibabs.eu/publicdownload.aspx?site=Beekdaelen&id=cc4ae862-3baa-45e5-b36d-010229272d0c","dc_title":"Beantwoording vragen VVD Fractie wensbus","dc_type":"bijlage","foi_fairiscoreVersions":{"v1":1,"v2":1},"foi_fileName":"Beantwoording%20vragen%20VVD%20Fractie%20wensbus.pdf","foi_nrPages":1},{"dc_format":"application/pdf","dc_identifier":"nl.gm1954.2c.2020.2831249-6.doc.14","dc_source":"https://api1.ibabs.eu/publicdownload.aspx?site=Beekdaelen&id=3f5fe285-3d10-4f64-b606-0cda956368cb","dc_title":"Algemene beschouwingen Beekdaelen Lokaal begroting 2021","dc_type":"bijlage","foi_fairiscoreVersions":{"v1":1,"v2":1},"foi_fileName":"Beekdaelen%20Lokaal%20Algemene%20beschouwingen%20begroting%202021.pdf","foi_nrPages":5},{"dc_format":"application/pdf","dc_identifier":"nl.gm1954.2c.2020.2831249-6.doc.11","dc_source":"https://api1.ibabs.eu/publicdownload.aspx?site=Beekdaelen&id=63ee590b-f344-42aa-b15d-85ec6e19267e","dc_title":"Bijlage kapitaallasten kredieten","dc_type":"bijlage","foi_fairiscoreVersions":{"v1":1,"v2":1},"foi_fileName":"Bijlage%20kapitaallasten%20kredieten.pdf","foi_nrPages":1},{"dc_format":"application/pdf","dc_identifier":"nl.gm1954.2c.2020.2831249-6.doc.12","dc_source":"https://api1.ibabs.eu/publicdownload.aspx?site=Beekdaelen&id=70c5535f-9548-462f-bcbc-d635b1ec01ef","dc_title":"Bijlage verloop reserves en voorzieningen 2021-2024","dc_type":"bijlage","foi_fairiscoreVersions":{"v1":2,"v2":2},"foi_fileName":"bijlage%20verloop%20reserves%20en%20voorzieningen%202021-2024.pdf","foi_nrPages":2},{"dc_format":"application/pdf","dc_identifier":"nl.gm1954.2c.2020.2831249-6.doc.15","dc_source":"https://api1.ibabs.eu/publicdownload.aspx?site=Beekdaelen&id=914c8ec3-0555-41af-a9fc-ab21184b5d91","dc_title":"Algemene beschouwingen CDA begroting 2021","dc_type":"bijlage","foi_fairiscoreVersions":{"v1":1,"v2":1},"foi_fileName":"CDA%20Algemene%20beschouwingen%20begroting%202021.pdf","foi_nrPages":2},{"dc_format":"application/pdf","dc_identifier":"nl.gm1954.2c.2020.2831249-6.doc.18","dc_source":"https://api1.ibabs.eu/publicdownload.aspx?site=Beekdaelen&id=eff2c7ef-be03-452c-b73f-f12fe52fb840","dc_title":"Algemene beschouwingen D66 begroting 2021","dc_type":"bijlage","foi_fairiscoreVersions":{"v1":1,"v2":1},"foi_fileName":"D66%20Algemene%20beschouwingen%20begroting%202021.pdf","foi_nrPages":9},{"dc_format":"application/pdf","dc_identifier":"nl.gm1954.2c.2020.2831249-6.doc.19","dc_source":"https://api1.ibabs.eu/publicdownload.aspx?site=Beekdaelen&id=19f583ea-44f0-46d8-9957-409394c889dc","dc_title":"Algemene beschouwingen GroenLinks begroting 2021","dc_type":"bijlage","foi_fairiscoreVersions":{"v1":1,"v2":1},"foi_fileName":"GroenLinks%20Algemene%20beschouwingen%20begroting%202021.pdf","foi_nrPages":3},{"dc_format":"application/pdf","dc_identifier":"nl.gm1954.2c.2020.2831249-6.doc.24","dc_source":"https://api1.ibabs.eu/publicdownload.aspx?site=Beekdaelen&id=b088187a-ed75-4876-aea0-350790bb54c0","dc_title":"M1 Motie PvdA inzake inhuur externen - INGETROKKEN","dc_type":"bijlage","foi_fairiscoreVersions":{"v1":1,"v2":1},"foi_fileName":"M1%20Motie%20PvdA%20inzake%20inhuur%20externen%20-%20INGETROKKEN.pdf","foi_nrPages":1},{"dc_format":"application/pdf","dc_identifier":"nl.gm1954.2c.2020.2831249-6.doc.25","dc_source":"https://api1.ibabs.eu/publicdownload.aspx?site=Beekdaelen&id=1d7dc6db-bedc-42e8-a086-2e34b4a02174","dc_title":"M2 Motie CDA, PvdA en VVD inzake Naanhofsweg 2020 - AANGENOMEN","dc_type":"bijlage","foi_fairiscoreVersions":{"v1":1,"v2":1},"foi_fileName":"M2%20Motie%20CDA_%20PvdA%20en%20VVD%20inzake%20Naanhofsweg%202020%20-%20AANGENOMEN.pdf","foi_nrPages":3},{"dc_format":"application/pdf","dc_identifier":"nl.gm1954.2c.2020.2831249-6.doc.26","dc_source":"https://api1.ibabs.eu/publicdownload.aspx?site=Beekdaelen&id=a9f81a88-8c96-4420-8cb2-d82ba2e93033","dc_title":"M3 Motie VVD inzake Steun lokale ondernemers in december - VERWORPEN","dc_type":"bijlage","foi_fairiscoreVersions":{"v1":1,"v2":1},"foi_fileName":"M3%20Motie%20VVD%20inzake%20Steun%20lokale%20ondernemers%20in%20december%20-%20VERWORPEN.pdf","foi_nrPages":1},{"dc_format":"application/pdf","dc_identifier":"nl.gm1954.2c.2020.2831249-6.doc.27","dc_source":"https://api1.ibabs.eu/publicdownload.aspx?site=Beekdaelen&id=dd1fc249-209d-415e-8aef-418d8804cafc","dc_title":"M4 Motie VVD, D66 en BL inzake gebiedsontwikkeling Achter de Kerk-Dorpstraat Nuth - VERWORPEN","dc_type":"bijlage","foi_fairiscoreVersions":{"v1":1,"v2":1},"foi_fileName":"M4%20Motie%20VVD_%20D66%20en%20BL%20inzake%20gebiedsontwikkeling%20Achter%20de%20Kerk-Dorpstraat%20Nuth%20-%20VERWORPEN.pdf","foi_nrPages":2},{"dc_format":"application/pdf","dc_identifier":"nl.gm1954.2c.2020.2831249-6.doc.28","dc_source":"https://api1.ibabs.eu/publicdownload.aspx?site=Beekdaelen&id=9ced4ae5-92ee-48c6-bf3e-440d1eb4e66f","dc_title":"M5 Motie VVD inzake Normaliseren belastingdruk - VERWORPEN","dc_type":"bijlage","foi_fairiscoreVersions":{"v1":1,"v2":1},"foi_fileName":"M5%20Motie%20VVD%20inzake%20Normaliseren%20belastingdruk%20-%20VERWORPEN.pdf","foi_nrPages":2},{"dc_format":"application/pdf","dc_identifier":"nl.gm1954.2c.2020.2831249-6.doc.29","dc_source":"https://api1.ibabs.eu/publicdownload.aspx?site=Beekdaelen&id=8119b64c-ba5d-40a1-b004-d572a69ae29c","dc_title":"M6 Motie VVD en D66 inzake toeristenbelasting - VERWORPEN","dc_type":"bijlage","foi_fairiscoreVersions":{"v1":1,"v2":1},"foi_fileName":"M6%20Motie%20VVD%20en%20D66%20inzake%20toeristenbelasting%20-%20VERWORPEN.pdf","foi_nrPages":1},{"dc_format":"application/pdf","dc_identifier":"nl.gm1954.2c.2020.2831249-6.doc.6","dc_source":"https://api1.ibabs.eu/publicdownload.aspx?site=Beekdaelen&id=8a22106d-27f2-43fb-8d32-cba30640e3c9","dc_title":"Memorie van Antwoord Beekdaelen Lokaal","dc_type":"bijlage","foi_fairiscoreVersions":{"v1":2,"v2":1},"foi_fileName":"Memorie%20van%20Antwoord%20Beekdaelen%20Lokaal.pdf","foi_nrPages":4},{"dc_format":"application/pdf","dc_identifier":"nl.gm1954.2c.2020.2831249-6.doc.7","dc_source":"https://api1.ibabs.eu/publicdownload.aspx?site=Beekdaelen&id=c24aabca-b933-4ac1-8d0d-35685cabbd2a","dc_title":"Memorie van Antwoord GroenLinks","dc_type":"bijlage","foi_fairiscoreVersions":{"v1":1,"v2":1},"foi_fileName":"Memorie%20van%20Antwoord%20GroenLinks.pdf","foi_nrPages":7},{"dc_format":"application/pdf","dc_identifier":"nl.gm1954.2c.2020.2831249-6.doc.8","dc_source":"https://api1.ibabs.eu/publicdownload.aspx?site=Beekdaelen&id=dc3b85bc-c06c-4a71-9509-8da9655bbd9c","dc_title":"Memorie van Antwoord Vernieuwingsgroep","dc_type":"bijlage","foi_fairiscoreVersions":{"v1":1,"v2":1},"foi_fileName":"Memorie%20van%20Antwoord%20Vernieuwingsgroep.pdf","foi_nrPages":3},{"dc_format":"application/pdf","dc_identifier":"nl.gm1954.2c.2020.2831249-6.doc.9","dc_source":"https://api1.ibabs.eu/publicdownload.aspx?site=Beekdaelen&id=596a5b61-9984-434d-9779-13a75ae77e65","dc_title":"Memorie van Antwoord VVD vragen totaal document","dc_type":"bijlage","foi_fairiscoreVersions":{"v1":1,"v2":1},"foi_fileName":"Memorie%20van%20Antwoord%20VVD%20vragen%20totaal.pdf","foi_nrPages":18},{"dc_format":"application/pdf","dc_identifier":"nl.gm1954.2c.2020.2831249-6.doc.21","dc_source":"https://api1.ibabs.eu/publicdownload.aspx?site=Beekdaelen&id=8bc81133-fc83-484c-a879-b3d22a2dea6d","dc_title":"Overzicht van ingediende moties en amendementen Begroting 2021 incl. uitslag","dc_type":"bijlage","foi_fairiscoreVersions":{"v1":1,"v2":1},"foi_fileName":"Overzicht%20van%20ingediende%20moties%20en%20amendementen%20Begroting%202021.pdf","foi_nrPages":1},{"dc_format":"application/pdf","dc_identifier":"nl.gm1954.2c.2020.2831249-6.doc.4","dc_source":"https://api1.ibabs.eu/publicdownload.aspx?site=Beekdaelen&id=20e7fd03-8bb6-47bc-afe2-9454573e9735","dc_title":"Programmabegroting 2021 def.","dc_type":"bijlage","foi_fairiscoreVersions":{"v1":2,"v2":2},"foi_fileName":"Programmabegroting%202021%20def..pdf","foi_nrPages":61},{"dc_format":"application/pdf","dc_identifier":"nl.gm1954.2c.2020.2831249-6.doc.13","dc_source":"https://api1.ibabs.eu/publicdownload.aspx?site=Beekdaelen&id=39102b75-1d43-4dc6-b221-0b11de7b3565","dc_title":"Programmatabellen 2021 voteringen apart","dc_type":"bijlage","foi_fairiscoreVersions":{"v1":1,"v2":1},"foi_fileName":"Programmatabellen%202021%20voteringen%20apart.pdf","foi_nrPages":6},{"dc_format":"application/pdf","dc_identifier":"nl.gm1954.2c.2020.2831249-6.doc.20","dc_source":"https://api1.ibabs.eu/publicdownload.aspx?site=Beekdaelen&id=8a7ea47b-ad54-4b7d-beff-0370808fbb5a","dc_title":"Algemene beschouwingen PvdA begroting 2021","dc_type":"bijlage","foi_fairiscoreVersions":{"v1":1,"v2":1},"foi_fileName":"PvdA%20Algemene%20beschouwingen%20begroting%202021.pdf","foi_nrPages":6},{"dc_format":"application/pdf","dc_identifier":"nl.gm1954.2c.2020.2831249-6.doc.2","dc_source":"https://api1.ibabs.eu/publicdownload.aspx?site=Beekdaelen&id=650012ea-8c0f-4ca1-b8e6-5d4746bfb6a5","dc_title":"Raadsbesluit begroting 2021 geamendeerd vastgesteld 10112020","dc_type":"bijlage","foi_fairiscoreVersions":{"v1":1,"v2":1},"foi_fileName":"Raadsbesluit%20begroting%202021%20geamendeerd.pdf","foi_nrPages":2},{"dc_format":"application/pdf","dc_identifier":"nl.gm1954.2c.2020.2831249-6.doc.5","dc_source":"https://api1.ibabs.eu/publicdownload.aspx?site=Beekdaelen&id=9179b367-12fb-4494-a7ca-331299049e5d","dc_title":"Reeel stuctureel begrotingsresultaat","dc_type":"bijlage","foi_fairiscoreVersions":{"v1":1,"v2":1},"foi_fileName":"Reeel%20stuctureel%20begrotingsresultaat.pdf","foi_nrPages":1},{"dc_format":"application/pdf","dc_identifier":"nl.gm1954.2c.2020.2831249-6.doc.17","dc_source":"https://api1.ibabs.eu/publicdownload.aspx?site=Beekdaelen&id=ccd89fe7-3e84-4c65-b312-141377a81e80","dc_title":"Algemene beschouwingen Vernieuwingsgroep begroting 2021","dc_type":"bijlage","foi_fairiscoreVersions":{"v1":1,"v2":1},"foi_fileName":"Vernieuwingsgroep%20Algemene%20beschouwingen%20begroting%202021.pdf","foi_nrPages":5},{"dc_format":"application/pdf","dc_identifier":"nl.gm1954.2c.2020.2831249-6.doc.16","dc_source":"https://api1.ibabs.eu/publicdownload.aspx?site=Beekdaelen&id=45b8978c-54fe-4ee2-aef7-ff720f944222","dc_title":"Algemene beschouwingen VVD begroting 2021","dc_type":"bijlage","foi_fairiscoreVersions":{"v1":1,"v2":1},"foi_fileName":"VVD%20Algemene%20beschouwingen%20begroting%202021.pdf","foi_nrPages":4},{"dc_format":"application/pdf","dc_identifier":"nl.gm1954.2c.2020.2831249-6.doc.1","dc_source":"https://api1.ibabs.eu/publicdownload.aspx?site=Beekdaelen&id=b816f3c8-ce61-4087-aaa3-a1f51cc27dcf","dc_title":"Raadsvoorstel inzake vastellen begroting 2021","dc_type":"bijlage","foi_fairiscoreVersions":{"v1":1,"v2":1},"foi_fileName":"Z%2F20%2F147004%20-%20239314.pdf","foi_nrPages":4},{"dc_format":"application/pdf","dc_identifier":"nl.gm1954.2c.2020.2831249-6.doc.3","dc_source":"https://api1.ibabs.eu/publicdownload.aspx?site=Beekdaelen&id=18f6aa40-1199-4a2d-95fb-42d5258708c5","dc_title":"Concept Raadsbesluit inzake vaststellen begroting 2021 - VERVALLEN","dc_type":"bijlage","foi_fairiscoreVersions":{"v1":1,"v2":1},"foi_fileName":"Z%2F20%2F147004%20-%20239315.pdf","foi_nrPages":2}],"foi_nrDocuments":29,"foi_nrPagesInDossier":160,"foi_publishedDate":"2020-11-10","foi_retrievedDate":"2025-12-05"},{"dc_creator":"HandelingScraper_v1","dc_date_year":2020,"dc_description":"Vergadering van de Gemeente Beekdaelen op 2020-11-10. Onderdeel: Voorstel inzake vaststellen verordening afvalstoffenheffing 2021.","dc_identifier":"nl.gm1954.2c.2020.2831249-7","dc_publisher":"gm1954","dc_source":"https://beekdaelen.bestuurlijkeinformatie.nl/Agenda/Index/8a8519b8-d358-4084-9523-8827783eeb2d","dc_title":"Raadsvergadering 2020-11-10 - Voorstel inzake vaststellen verordening afvalstoffenheffing 2021","dc_type":"2c","dc_type_description":"Vergaderstuk decentrale overheid","foi_fairiscoreVersions":{"v1":1,"v2":1},"foi_files":[{"dc_format":"application/pdf","dc_identifier":"nl.gm1954.2c.2020.2831249-7.doc.3","dc_source":"https://api1.ibabs.eu/publicdownload.aspx?site=Beekdaelen&id=3e40a559-33c4-48d2-9f16-c95a1a8790d1","dc_title":"RB inzake vaststellen verordening afvalstoffenheffing 2021 vastgesteld 10112020","dc_type":"bijlage","foi_fairiscoreVersions":{"v1":1,"v2":1},"foi_fileName":"RBS%20afvalstoffenheffing.pdf","foi_nrPages":1},{"dc_format":"application/pdf","dc_identifier":"nl.gm1954.2c.2020.2831249-7.doc.1","dc_source":"https://api1.ibabs.eu/publicdownload.aspx?site=Beekdaelen&id=aeae8c9c-2992-48e0-a77f-bbb7fcc0c3a6","dc_title":"RV inzake vaststellen verordening afvalstoffenheffing 2021","dc_type":"bijlage","foi_fairiscoreVersions":{"v1":1,"v2":1},"foi_fileName":"RVS%20afvalstoffenheffing.pdf","foi_nrPages":2},{"dc_format":"application/pdf","dc_identifier":"nl.gm1954.2c.2020.2831249-7.doc.4","dc_source":"https://api1.ibabs.eu/publicdownload.aspx?site=Beekdaelen&id=d3ff623e-541b-4af8-8adb-9196136b70e5","dc_title":"Verordening afvalstoffenheffing 2021 vastgesteld 10112020","dc_type":"bijlage","foi_fairiscoreVersions":{"v1":1,"v2":1},"foi_fileName":"Z%2F20%2F146497%20-%20238059%20-%20verordening%20afvalstoffenheffing%202021.pdf","foi_nrPages":3},{"dc_format":"application/pdf","dc_identifier":"nl.gm1954.2c.2020.2831249-7.doc.5","dc_source":"https://api1.ibabs.eu/publicdownload.aspx?site=Beekdaelen&id=3759e05f-c33c-4899-8747-cbdb357f0988","dc_title":"Tarieventabel verordening afvalstoffenheffing 2021 vastgesteld 10112020","dc_type":"bijlage","foi_fairiscoreVersions":{"v1":1,"v2":1},"foi_fileName":"Z%2F20%2F146497%20-%20238060%20-%20tarieventabel%20verordening%20afvalstoffenheffing%202021.pdf","foi_nrPages":2},{"dc_format":"application/pdf","dc_identifier":"nl.gm1954.2c.2020.2831249-7.doc.6","dc_source":"https://api1.ibabs.eu/publicdownload.aspx?site=Beekdaelen&id=9d252e33-bdbd-4b76-80cd-8a4d3c33263f","dc_title":"Tarieventabel afvalstoffenheffing 2021 was - wordt","dc_type":"bijlage","foi_fairiscoreVersions":{"v1":1,"v2":1},"foi_fileName":"Z%2F20%2F146497%20-%20246297%20-%20tarieventabel%20afvalstoffenheffing%202021%20was%20-%20wordt.pdf","foi_nrPages":2},{"dc_format":"application/pdf","dc_identifier":"nl.gm1954.2c.2020.2831249-7.doc.2","dc_source":"https://api1.ibabs.eu/publicdownload.aspx?site=Beekdaelen&id=2cdb3444-7b84-4aaf-9a4c-827c26daabbb","dc_title":"Nota van wijziging verordening afvalstoffenheffing 2021","dc_type":"bijlage","foi_fairiscoreVersions":{"v1":1,"v2":1},"foi_fileName":"Z%2F20%2F146497%20-%20246565%20-%20nota%20van%20wijziging%20verordening%20afvalstoffenheffing%202021.pdf","foi_nrPages":1}],"foi_nrDocuments":6,"foi_nrPagesInDossier":11,"foi_publishedDate":"2020-11-10","foi_retrievedDate":"2026-02-12"},{"dc_creator":"HandelingScraper_v1","dc_date_year":2020,"dc_description":"Vergadering van de Gemeente Beekdaelen op 2020-11-10. Onderdeel: Voorstel inzake vaststellen verordening onroerendezaakbelasting 2021.","dc_identifier":"nl.gm1954.2c.2020.2831249-8","dc_publisher":"gm1954","dc_source":"https://beekdaelen.bestuurlijkeinformatie.nl/Agenda/Index/8a8519b8-d358-4084-9523-8827783eeb2d","dc_title":"Raadsvergadering 2020-11-10 - Voorstel inzake vaststellen verordening onroerendezaakbelasting 2021","dc_type":"2c","dc_type_description":"Vergaderstuk decentrale overheid","foi_fairiscoreVersions":{"v1":1,"v2":1},"foi_files":[{"dc_format":"application/pdf","dc_identifier":"nl.gm1954.2c.2020.2831249-8.doc.3","dc_source":"https://api1.ibabs.eu/publicdownload.aspx?site=Beekdaelen&id=05a4aeaf-6c27-4028-999d-319626c36a14","dc_title":"RB vaststellen verordening onroerendezaakbelasting 2021 vastgesteld 10112020","dc_type":"bijlage","foi_fairiscoreVersions":{"v1":1,"v2":1},"foi_fileName":"RBS%20OZB.pdf","foi_nrPages":1},{"dc_format":"application/pdf","dc_identifier":"nl.gm1954.2c.2020.2831249-8.doc.1","dc_source":"https://api1.ibabs.eu/publicdownload.aspx?site=Beekdaelen&id=9ade8e06-c567-438c-9891-086203f86fa5","dc_title":"RV vaststellen verordening onroerendezaakbelasting 2021","dc_type":"bijlage","foi_fairiscoreVersions":{"v1":1,"v2":1},"foi_fileName":"RVS%20OZB.pdf","foi_nrPages":2},{"dc_format":"application/pdf","dc_identifier":"nl.gm1954.2c.2020.2831249-8.doc.4","dc_source":"https://api1.ibabs.eu/publicdownload.aspx?site=Beekdaelen&id=2f7a64c5-7b51-4926-98a4-9a0b6bc4f36b","dc_title":"Verordening onroerendezaakbelasting 2021 vastgesteld 10112020","dc_type":"bijlage","foi_fairiscoreVersions":{"v1":1,"v2":1},"foi_fileName":"Z%2F20%2F146494%20-%20238073%20-%20verordening%20onroerendezaakbelasting%202021.pdf","foi_nrPages":4},{"dc_format":"application/pdf","dc_identifier":"nl.gm1954.2c.2020.2831249-8.doc.5","dc_source":"https://api1.ibabs.eu/publicdownload.aspx?site=Beekdaelen&id=5c59d089-09c2-49f4-ae3c-c9423c5731ee","dc_title":"Tarieven onroerendezaakbelastingen 2021 was - wordt","dc_type":"bijlage","foi_fairiscoreVersions":{"v1":1,"v2":1},"foi_fileName":"Z%2F20%2F146494%20-%20246308%20-%20tarieven%20onroerendezaakbelastingen%202021%20was%20-%20wordt.pdf","foi_nrPages":1},{"dc_format":"application/pdf","dc_identifier":"nl.gm1954.2c.2020.2831249-8.doc.2","dc_source":"https://api1.ibabs.eu/publicdownload.aspx?site=Beekdaelen&id=7d7be316-8612-43f6-a7e1-bba456207796","dc_title":"Nota van wijziging verordening onroerendezaakbelasting 2021","dc_type":"bijlage","foi_fairiscoreVersions":{"v1":1,"v2":1},"foi_fileName":"Z%2F20%2F146494%20-%20246540%20-%20nota%20van%20wijziging%20verordening%20onroerendezaakbelasting%202021.pdf","foi_nrPages":1}],"foi_nrDocuments":5,"foi_nrPagesInDossier":9,"foi_publishedDate":"2020-11-10","foi_retrievedDate":"2026-03-03"},{"dc_creator":"HandelingScraper_v1","dc_date_year":2020,"dc_description":"Vergadering van de Gemeente Beekdaelen op 2020-11-10. Onderdeel: Voorstel inzake vaststellen verordening rioolheffing 2021.","dc_identifier":"nl.gm1954.2c.2020.2831249-9","dc_publisher":"gm1954","dc_source":"https://beekdaelen.bestuurlijkeinformatie.nl/Agenda/Index/8a8519b8-d358-4084-9523-8827783eeb2d","dc_title":"Raadsvergadering 2020-11-10 - Voorstel inzake vaststellen verordening rioolheffing 2021","dc_type":"2c","dc_type_description":"Vergaderstuk decentrale overheid","foi_fairiscoreVersions":{"v1":1,"v2":1},"foi_files":[{"dc_format":"application/pdf","dc_identifier":"nl.gm1954.2c.2020.2831249-9.doc.2","dc_source":"https://api1.ibabs.eu/publicdownload.aspx?site=Beekdaelen&id=9ab66035-11d9-4eaf-930d-ac05436d8411","dc_title":"RB vastellen verordening rioolheffing vastgesteld 10112020","dc_type":"bijlage","foi_fairiscoreVersions":{"v1":1,"v2":1},"foi_fileName":"RBS%20rioolheffing.pdf","foi_nrPages":1},{"dc_format":"application/pdf","dc_identifier":"nl.gm1954.2c.2020.2831249-9.doc.1","dc_source":"https://api1.ibabs.eu/publicdownload.aspx?site=Beekdaelen&id=e195a629-0450-40bd-b7ef-d8487134b265","dc_title":"RV vaststellen verordening rioolheffing","dc_type":"bijlage","foi_fairiscoreVersions":{"v1":1,"v2":1},"foi_fileName":"RVS%20rioolheffing.pdf","foi_nrPages":2},{"dc_format":"application/pdf","dc_identifier":"nl.gm1954.2c.2020.2831249-9.doc.3","dc_source":"https://api1.ibabs.eu/publicdownload.aspx?site=Beekdaelen&id=13ca9d73-a02f-4bb6-98a2-db7c9a2be381","dc_title":"Verordening rioolheffing 2021 vastgesteld 10112020","dc_type":"bijlage","foi_fairiscoreVersions":{"v1":1,"v2":1},"foi_fileName":"Z%2F20%2F146503%20-%20238098%20-%20verordening%20rioolheffing%202021.pdf","foi_nrPages":4}],"foi_nrDocuments":3,"foi_nrPagesInDossier":7,"foi_publishedDate":"2020-11-10","foi_retrievedDate":"2026-03-02"},{"dc_creator":"HandelingScraper_v1","dc_date_year":2020,"dc_description":"Vergadering van de Gemeente Beekdaelen op 2020-11-24. Onderdeel: Algemeen.","dc_identifier":"nl.gm1954.2c.2020.2831264-1","dc_publisher":"gm1954","dc_source":"https://beekdaelen.bestuurlijkeinformatie.nl/Agenda/Index/1c027798-c48f-4736-96dd-91ad861e3842","dc_title":"Commissie Sociaal & BV (t/m april 2022) 2020-11-24 - Algemeen","dc_type":"2c","dc_type_description":"Vergaderstuk decentrale overheid","foi_fairiscoreVersions":{"v1":1,"v2":1},"foi_files":[{"dc_format":"application/pdf","dc_identifier":"nl.gm1954.2c.2020.2831264-1.doc.4","dc_source":"https://api1.ibabs.eu/publicdownload.aspx?site=Beekdaelen&id=29bd68b5-7a2b-47f0-9b0c-ed4210a57e87","dc_title":"Technische voorvragen BL deel 2 - raadscommissie 24 november","dc_type":"bijlage","foi_fairiscoreVersions":{"v1":1,"v2":1},"foi_fileName":"Technische%20voorvragen%20BL%20deel%202%20-%20raadscommissie%2024%20november.pdf","foi_nrPages":2},{"dc_format":"application/pdf","dc_identifier":"nl.gm1954.2c.2020.2831264-1.doc.3","dc_source":"https://api1.ibabs.eu/publicdownload.aspx?site=Beekdaelen&id=faf6d6cf-6152-4c06-bc87-0958fb34e189","dc_title":"Technische voorvragen BL raadscommissies 24 en 26 november","dc_type":"bijlage","foi_fairiscoreVersions":{"v1":1,"v2":1},"foi_fileName":"Technische%20voorvragen%20BL%20raadscommissies%2024%20en%2026%20november.pdf","foi_nrPages":2},{"dc_format":"application/pdf","dc_identifier":"nl.gm1954.2c.2020.2831264-1.doc.1","dc_source":"https://api1.ibabs.eu/publicdownload.aspx?site=Beekdaelen&id=d0feb921-0645-42d9-a8d9-a2a09fdf87e0","dc_title":"Technische voorvragen CDA  raadscommissies 24 en 26 november","dc_type":"bijlage","foi_fairiscoreVersions":{"v1":1,"v2":1},"foi_fileName":"Technische%20voorvragen%20CDA%20%20raadscommissies%2024%20en%2026%20november.pdf","foi_nrPages":5},{"dc_format":"application/pdf","dc_identifier":"nl.gm1954.2c.2020.2831264-1.doc.2","dc_source":"https://api1.ibabs.eu/publicdownload.aspx?site=Beekdaelen&id=2302a601-c001-4bf0-8288-d52b4a0b23c4","dc_title":"Technische voorvragen VG raadscommissie 24 november 2020","dc_type":"bijlage","foi_fairiscoreVersions":{"v1":1,"v2":1},"foi_fileName":"Technische%20voorvragen%20VG%20raadscommissie%2024%20november%202020.pdf","foi_nrPages":3}],"foi_nrDocuments":4,"foi_nrPagesInDossier":12,"foi_publishedDate":"2020-11-24","foi_retrievedDate":"2026-02-11"},{"dc_creator":"HandelingScraper_v1","dc_date_year":2020,"dc_description":"Vergadering van de Gemeente Beekdaelen op 2020-11-24. Onderdeel: Voorstel inzake harmonisatie armoede- en minimabeleid gemeente Beekdaelen.","dc_identifier":"nl.gm1954.2c.2020.2831264-10","dc_publisher":"gm1954","dc_source":"https://beekdaelen.bestuurlijkeinformatie.nl/Agenda/Index/1c027798-c48f-4736-96dd-91ad861e3842","dc_title":"Commissie Sociaal & BV (t/m april 2022) 2020-11-24 - Voorstel inzake harmonisatie armoede- en minimabeleid gemeente Beekdaelen","dc_type":"2c","dc_type_description":"Vergaderstuk decentrale overheid","foi_fairiscoreVersions":{"v1":2,"v2":1},"foi_files":[{"dc_format":"application/pdf","dc_identifier":"nl.gm1954.2c.2020.2831264-10.doc.14","dc_source":"https://api1.ibabs.eu/publicdownload.aspx?site=Beekdaelen&id=ca2493f3-4ef9-45c1-861c-8c28a968ba2f","dc_title":"MvA Beekdaelen Lokaal inzake agenda B6 armoedebeleid","dc_type":"bijlage","foi_fairiscoreVersions":{"v1":1,"v2":1},"foi_fileName":"MvA%20Beekdaelen%20Lokaal%20inzake%20agenda%20B6%20armoedebeleid.pdf","foi_nrPages":2},{"dc_format":"application/pdf","dc_identifier":"nl.gm1954.2c.2020.2831264-10.doc.15","dc_source":"https://api1.ibabs.eu/publicdownload.aspx?site=Beekdaelen&id=d24e7c93-2824-4e6b-a737-f0c3b8d5d181","dc_title":"MvA CDA inzake agenda B6 armoedebeleid","dc_type":"bijlage","foi_fairiscoreVersions":{"v1":1,"v2":1},"foi_fileName":"MvA%20CDA%20inzake%20agenda%20B6%20armoedebeleid.pdf","foi_nrPages":1},{"dc_format":"application/pdf","dc_identifier":"nl.gm1954.2c.2020.2831264-10.doc.16","dc_source":"https://api1.ibabs.eu/publicdownload.aspx?site=Beekdaelen&id=42ee109f-91f9-4963-be2a-77a0ede74d5d","dc_title":"MvA Vernieuwingsgroep inzake agenda B6 armoedebeleid","dc_type":"bijlage","foi_fairiscoreVersions":{"v1":1,"v2":1},"foi_fileName":"MvA%20Vernieuwingsgroep%20inzake%20agenda%20B6%20armoedebeleid.pdf","foi_nrPages":2},{"dc_format":"application/pdf","dc_identifier":"nl.gm1954.2c.2020.2831264-10.doc.1","dc_source":"https://api1.ibabs.eu/publicdownload.aspx?site=Beekdaelen&id=24df9774-5669-4251-ba80-8c42129ff526","dc_title":"RV harmonisatie armoede-/minimabeleid Beekdaelen per 1.1.2021","dc_type":"bijlage","foi_fairiscoreVersions":{"v1":1,"v2":1},"foi_fileName":"Z%2F20%2F149052%20-%20243303%20-%20Harmonisatie%20armoede-%2Fminimabeleid%20Beekdaelen%20per%201.1.pdf","foi_nrPages":10},{"dc_format":"application/pdf","dc_identifier":"nl.gm1954.2c.2020.2831264-10.doc.3","dc_source":"https://api1.ibabs.eu/publicdownload.aspx?site=Beekdaelen&id=7c6ebaa8-688e-4128-96a2-ce3e4893a5c8","dc_title":"Voorstellen harmonisatie (bijlage bij raadsvoorstel)","dc_type":"bijlage","foi_fairiscoreVersions":{"v1":2,"v2":1},"foi_fileName":"Z%2F20%2F149052%20-%20243647%20-%20Voorstel%20harmonisatie%20armoede-%2Fminimabeleid%20%28bijlage%20bij%20raadsvoorstel%29.pdf","foi_nrPages":5},{"dc_format":"application/pdf","dc_identifier":"nl.gm1954.2c.2020.2831264-10.doc.2","dc_source":"https://api1.ibabs.eu/publicdownload.aspx?site=Beekdaelen&id=ade98dbb-b1a6-4be5-8a4d-05bad1725029","dc_title":"RB harmonisatie armoede-/minimabeleid Beekdaelen","dc_type":"bijlage","foi_fairiscoreVersions":{"v1":1,"v2":1},"foi_fileName":"Z%2F20%2F149052%20-%20244561%20-%20Raadsbesluit%20harmonisatiearmoede-%2Fminimabeleid%20gemeente%20Beekdaelen.pdf","foi_nrPages":1},{"dc_format":"application/pdf","dc_identifier":"nl.gm1954.2c.2020.2831264-10.doc.4","dc_source":"https://api1.ibabs.eu/publicdownload.aspx?site=Beekdaelen&id=9e56849d-d5d9-4a10-876b-f8a1b0396403","dc_title":"Participatieverordening Participatiewet, IOAW, IOAZ, gemeente Beekdaelen 2021 vastgesteld 15122020","dc_type":"bijlage","foi_fairiscoreVersions":{"v1":2,"v2":1},"foi_fileName":"Z%2F20%2F149052%20-%20244683.pdf","foi_nrPages":11},{"dc_format":"application/pdf","dc_identifier":"nl.gm1954.2c.2020.2831264-10.doc.5","dc_source":"https://api1.ibabs.eu/publicdownload.aspx?site=Beekdaelen&id=bdf13250-2b92-4239-b9bd-7df14c2513a3","dc_title":"Verordening individuele inkomenstoeslag 2021 gemeente Beekdaelen vastgesteld 15122020","dc_type":"bijlage","foi_fairiscoreVersions":{"v1":1,"v2":1},"foi_fileName":"Z%2F20%2F149052%20-%20244683.pdf","foi_nrPages":5},{"dc_format":"application/pdf","dc_identifier":"nl.gm1954.2c.2020.2831264-10.doc.6","dc_source":"https://api1.ibabs.eu/publicdownload.aspx?site=Beekdaelen&id=20b31d37-9774-4d16-abeb-23c6c1c7dcb1","dc_title":"Verordening loonkostensubsidie Participatiewet Gemeente Beekdaelen 2021","dc_type":"bijlage","foi_fairiscoreVersions":{"v1":1,"v2":1},"foi_fileName":"Z%2F20%2F149052%20-%20244683.pdf","foi_nrPages":3},{"dc_format":"application/pdf","dc_identifier":"nl.gm1954.2c.2020.2831264-10.doc.7","dc_source":"https://api1.ibabs.eu/publicdownload.aspx?site=Beekdaelen&id=cbba5ce1-b83d-4a36-84ad-84c563fbf849","dc_title":"Verordening tegenprestatie Participatiewet, IOAW en IOAZ 2021 gemeente Beekdaelen vastgesteld 15122020","dc_type":"bijlage","foi_fairiscoreVersions":{"v1":2,"v2":1},"foi_fileName":"Z%2F20%2F149052%20-%20244683.pdf","foi_nrPages":8},{"dc_format":"application/pdf","dc_identifier":"nl.gm1954.2c.2020.2831264-10.doc.8","dc_source":"https://api1.ibabs.eu/publicdownload.aspx?site=Beekdaelen&id=f086f1fb-6d0b-47de-b010-cfb114227a75","dc_title":"Verordening verrekening bestuurlijke boete bij recidive 2021 gemeente Beekdaelen vastgesteld 15122020","dc_type":"bijlage","foi_fairiscoreVersions":{"v1":1,"v2":1},"foi_fileName":"Z%2F20%2F149052%20-%20244683.pdf","foi_nrPages":3},{"dc_format":"application/pdf","dc_identifier":"nl.gm1954.2c.2020.2831264-10.doc.10","dc_source":"https://api1.ibabs.eu/publicdownload.aspx?site=Beekdaelen&id=3993764e-def7-4326-9355-05fe8eb835d5","dc_title":"Verordening cli\u00ebntenparticipatie Kompas 2021 gemeente Beekdaelen vastgesteld 15122020","dc_type":"bijlage","foi_fairiscoreVersions":{"v1":1,"v2":1},"foi_fileName":"Z%2F20%2F149052%20-%20244683.pdf","foi_nrPages":6},{"dc_format":"application/pdf","dc_identifier":"nl.gm1954.2c.2020.2831264-10.doc.11","dc_source":"https://api1.ibabs.eu/publicdownload.aspx?site=Beekdaelen&id=e1f8bfad-2145-4c99-afc4-bccd77ccb775","dc_title":"Handhavingsverordening 2021 gemeente Beekdaelen vastgesteld 15122020","dc_type":"bijlage","foi_fairiscoreVersions":{"v1":1,"v2":1},"foi_fileName":"Z%2F20%2F149052%20-%20244683.pdf","foi_nrPages":2},{"dc_format":"application/pdf","dc_identifier":"nl.gm1954.2c.2020.2831264-10.doc.13","dc_source":"https://api1.ibabs.eu/publicdownload.aspx?site=Beekdaelen&id=65831d52-81c5-4435-9c99-3d2f3403ff45","dc_title":"Verordening individuele studietoeslag 2021 gemeente Beekdaelen vastgesteld 15122020","dc_type":"bijlage","foi_fairiscoreVersions":{"v1":1,"v2":1},"foi_fileName":"Z%2F20%2F149052%20-%20244683.pdf","foi_nrPages":4},{"dc_format":"application/pdf","dc_identifier":"nl.gm1954.2c.2020.2831264-10.doc.9","dc_source":"https://api1.ibabs.eu/publicdownload.aspx?site=Beekdaelen&id=c5e6b499-3d51-4628-b8f9-7ea70593a570","dc_title":"Afstemmingsverordening Beekdaelen 2021 vastgesteld 15122020","dc_type":"bijlage","foi_fairiscoreVersions":{"v1":1,"v2":1},"foi_fileName":"Z%2F20%2F149052%20-%20244683%20-%20Vast%20te%20stellen%20verordeningen%20Kompas%2FBeekdaelen%202021.pdf","foi_nrPages":14},{"dc_format":"application/pdf","dc_identifier":"nl.gm1954.2c.2020.2831264-10.doc.12","dc_source":"https://api1.ibabs.eu/publicdownload.aspx?site=Beekdaelen&id=a2513b6a-f6ad-47c3-8092-e348e500c822","dc_title":"Brief van Adviesorgaan Sociaal Domein","dc_type":"bijlage","foi_fairiscoreVersions":{"v1":1,"v2":1},"foi_fileName":"Z%2F20%2F149052%20-%20244945.pdf","foi_nrPages":2}],"foi_nrDocuments":16,"foi_nrPagesInDossier":79,"foi_publishedDate":"2020-11-24","foi_retrievedDate":"2026-01-22"},{"dc_creator":"HandelingScraper_v1","dc_date_year":2020,"dc_description":"Vergadering van de Gemeente Beekdaelen op 2020-11-24. Onderdeel: Voorstel inzake harmonisatie gezondheidsbeleid gemeente Beekdaelen.","dc_identifier":"nl.gm1954.2c.2020.2831264-11","dc_publisher":"gm1954","dc_source":"https://beekdaelen.bestuurlijkeinformatie.nl/Agenda/Index/1c027798-c48f-4736-96dd-91ad861e3842","dc_title":"Commissie Sociaal & BV (t/m april 2022) 2020-11-24 - Voorstel inzake harmonisatie gezondheidsbeleid gemeente Beekdaelen","dc_type":"2c","dc_type_description":"Vergaderstuk decentrale overheid","foi_fairiscoreVersions":{"v1":1,"v2":1},"foi_files":[{"dc_format":"application/pdf","dc_identifier":"nl.gm1954.2c.2020.2831264-11.doc.4","dc_source":"https://api1.ibabs.eu/publicdownload.aspx?site=Beekdaelen&id=e18bd30d-9fe7-45ad-9e66-ac53f7f9334b","dc_title":"MvA Beekdaelen Lokaal inzake agenda B7 Harmonisatie gezondheidsbeleid","dc_type":"bijlage","foi_fairiscoreVersions":{"v1":1,"v2":1},"foi_fileName":"MvA%20Beekdaelen%20Lokaal%20inzake%20agenda%20B7%20Harmonisatie%20gezondheidsbeleid.pdf","foi_nrPages":3},{"dc_format":"application/pdf","dc_identifier":"nl.gm1954.2c.2020.2831264-11.doc.5","dc_source":"https://api1.ibabs.eu/publicdownload.aspx?site=Beekdaelen&id=b4ba12aa-3f27-4078-9773-ddba9822405c","dc_title":"MvA Vernieuwingsgroep inzake agenda B7 harmonisatie gezondheidsbeleid","dc_type":"bijlage","foi_fairiscoreVersions":{"v1":1,"v2":1},"foi_fileName":"MvA%20Vernieuwingsgroep%20inzake%20agenda%20B7%20harmonisatie%20gezondheidsbeleid.pdf","foi_nrPages":1},{"dc_format":"application/pdf","dc_identifier":"nl.gm1954.2c.2020.2831264-11.doc.1","dc_source":"https://api1.ibabs.eu/publicdownload.aspx?site=Beekdaelen&id=41f14b7d-65b3-4701-9f50-7a5d8d339c4e","dc_title":"RV inzake uitgangspuntennotitie gezonder Beekdaelen 2021 - 2024","dc_type":"bijlage","foi_fairiscoreVersions":{"v1":1,"v2":1},"foi_fileName":"Z%2F20%2F149935%20-%20245496.pdf","foi_nrPages":3},{"dc_format":"application/pdf","dc_identifier":"nl.gm1954.2c.2020.2831264-11.doc.2","dc_source":"https://api1.ibabs.eu/publicdownload.aspx?site=Beekdaelen&id=a5155f97-c8a5-469c-902c-3bdf3c8fc691","dc_title":"RB inzake uitgangspuntennotitie gezonder Beekdaelen 2021 - 2024 vastgesteld 15122020","dc_type":"bijlage","foi_fairiscoreVersions":{"v1":1,"v2":1},"foi_fileName":"Z%2F20%2F149935%20-%20245498%20-%20Uitgangspuntennotitie%20Gezond%20Beekdaelen.pdf","foi_nrPages":1},{"dc_format":"application/pdf","dc_identifier":"nl.gm1954.2c.2020.2831264-11.doc.3","dc_source":"https://api1.ibabs.eu/publicdownload.aspx?site=Beekdaelen&id=2df54e4d-b3d9-4be2-b048-f9e1c021846f","dc_title":"Uitgangspuntennotitie Gezond Beekdaelen","dc_type":"bijlage","foi_fairiscoreVersions":{"v1":1,"v2":1},"foi_fileName":"Z%2F20%2F149935%20-%20245958.pdf","foi_nrPages":22}],"foi_nrDocuments":5,"foi_nrPagesInDossier":30,"foi_publishedDate":"2020-11-24","foi_retrievedDate":"2025-12-03"},{"dc_creator":"HandelingScraper_v1","dc_date_year":2020,"dc_description":"Vergadering van de Gemeente Beekdaelen op 2020-11-24. Onderdeel: Voorstel inzake harmonisatie kunst- en cultuurbeleid gemeente Beekdaelen.","dc_identifier":"nl.gm1954.2c.2020.2831264-12","dc_publisher":"gm1954","dc_source":"https://beekdaelen.bestuurlijkeinformatie.nl/Agenda/Index/1c027798-c48f-4736-96dd-91ad861e3842","dc_title":"Commissie Sociaal & BV (t/m april 2022) 2020-11-24 - Voorstel inzake harmonisatie kunst- en cultuurbeleid gemeente Beekdaelen","dc_type":"2c","dc_type_description":"Vergaderstuk decentrale overheid","foi_fairiscoreVersions":{"v1":2,"v2":2},"foi_files":[{"dc_format":"application/pdf","dc_identifier":"nl.gm1954.2c.2020.2831264-12.doc.5","dc_source":"https://api1.ibabs.eu/publicdownload.aspx?site=Beekdaelen&id=55ee6d67-1459-43f5-9d14-b313ecfe1cc2","dc_title":"MvA Beekdaelen Lokaal inzake agenda B8 Lokaal Cultuurbeleid","dc_type":"bijlage","foi_fairiscoreVersions":{"v1":1,"v2":1},"foi_fileName":"MvA%20Beekdaelen%20Lokaal%20inzake%20agenda%20B8%20Lokaal%20Cultuurbeleid.pdf","foi_nrPages":1},{"dc_format":"application/pdf","dc_identifier":"nl.gm1954.2c.2020.2831264-12.doc.6","dc_source":"https://api1.ibabs.eu/publicdownload.aspx?site=Beekdaelen&id=b2997f94-daa7-4c28-88bb-b63ba34ea410","dc_title":"MvA CDA inzake agenda B8 Cultuurbeleid","dc_type":"bijlage","foi_fairiscoreVersions":{"v1":1,"v2":1},"foi_fileName":"MvA%20CDA%20inzake%20agenda%20B8%20Cultuurbeleid.pdf","foi_nrPages":2},{"dc_format":"application/pdf","dc_identifier":"nl.gm1954.2c.2020.2831264-12.doc.7","dc_source":"https://api1.ibabs.eu/publicdownload.aspx?site=Beekdaelen&id=2392bfd4-af77-4f69-aff7-efd4d28b575d","dc_title":"MvA Vernieuwingsgroep inzake agenda B8 Lokaal Cultuurbeleid","dc_type":"bijlage","foi_fairiscoreVersions":{"v1":1,"v2":1},"foi_fileName":"MvA%20Vernieuwingsgroep%20inzake%20agenda%20B8%20Lokaal%20Cultuurbeleid.pdf","foi_nrPages":3},{"dc_format":"application/pdf","dc_identifier":"nl.gm1954.2c.2020.2831264-12.doc.1","dc_source":"https://api1.ibabs.eu/publicdownload.aspx?site=Beekdaelen&id=39bd6a4c-3818-4969-803c-57810198bcb6","dc_title":"RV inzake Kadernota De kracht van cultuur in Beekdaelen","dc_type":"bijlage","foi_fairiscoreVersions":{"v1":1,"v2":1},"foi_fileName":"Z%2F20%2F150155%20-%20245845%20-%20Kadernota%20Cultuur%20Beekdaelen.pdf","foi_nrPages":4},{"dc_format":"application/pdf","dc_identifier":"nl.gm1954.2c.2020.2831264-12.doc.4","dc_source":"https://api1.ibabs.eu/publicdownload.aspx?site=Beekdaelen&id=7b0224e4-f8ad-4629-9107-05e8082ff866","dc_title":"RIB Stand van zaken Cultuur Beekdaelen d.d. 22 sept. 2020","dc_type":"bijlage","foi_fairiscoreVersions":{"v1":1,"v2":1},"foi_fileName":"Z%2F20%2F150155%20-%20245873%20-%20RIB%20Stand%20van%20zaken%20Cultuur%20Beekdaelen.pdf","foi_nrPages":4},{"dc_format":"application/pdf","dc_identifier":"nl.gm1954.2c.2020.2831264-12.doc.2","dc_source":"https://api1.ibabs.eu/publicdownload.aspx?site=Beekdaelen&id=d871a67c-dcd8-498c-aa97-da353d565ee7","dc_title":"RB inzake Kadernota De kracht van cultuur in Beekdaelen","dc_type":"bijlage","foi_fairiscoreVersions":{"v1":1,"v2":1},"foi_fileName":"Z%2F20%2F150155%20-%20245929%20-%20Kadernota%20%27de%20kracht%20van%20cultuur%20in%20Beekdaelen%27.pdf","foi_nrPages":1},{"dc_format":"application/pdf","dc_identifier":"nl.gm1954.2c.2020.2831264-12.doc.3","dc_source":"https://api1.ibabs.eu/publicdownload.aspx?site=Beekdaelen&id=6c638166-f1ac-45fd-896f-5289039430fd","dc_title":"Kadernota De kracht van cultuur in Beekdaelen","dc_type":"bijlage","foi_fairiscoreVersions":{"v1":2,"v2":2},"foi_fileName":"Z%2F20%2F150155%20-%20247354%20-.pdf","foi_nrPages":24},{"dc_format":"application/pdf","dc_identifier":"nl.gm1954.2c.2020.2831264-12.doc.8","dc_source":"https://api1.ibabs.eu/publicdownload.aspx?site=Beekdaelen&id=95e42c65-c93c-43d8-977a-afffd4f35feb","dc_title":"Z/20/150155 - 248305 - Kadernota 'De kracht van cultuur in Beekdaelen'","dc_type":"bijlage","foi_fairiscoreVersions":{"v1":2,"v2":2},"foi_fileName":"Z%2F20%2F150155%20-%20248305%20-%20Kadernota%20%27De%20kracht%20van%20cultuur%20in%20Beekdaelen%27.pdf","foi_nrPages":39}],"foi_nrDocuments":8,"foi_nrPagesInDossier":78,"foi_publishedDate":"2020-11-24","foi_retrievedDate":"2026-02-12"},{"dc_creator":"HandelingScraper_v1","dc_date_year":2020,"dc_description":"Vergadering van de Gemeente Beekdaelen op 2020-11-24. Onderdeel: Voorstel inzake harmonisatie bibliotheekbeleid Beekdaelen.","dc_identifier":"nl.gm1954.2c.2020.2831264-13","dc_publisher":"gm1954","dc_source":"https://beekdaelen.bestuurlijkeinformatie.nl/Agenda/Index/1c027798-c48f-4736-96dd-91ad861e3842","dc_title":"Commissie Sociaal & BV (t/m april 2022) 2020-11-24 - Voorstel inzake harmonisatie bibliotheekbeleid Beekdaelen","dc_type":"2c","dc_type_description":"Vergaderstuk decentrale overheid","foi_fairiscoreVersions":{"v1":2,"v2":2},"foi_files":[{"dc_format":"application/pdf","dc_identifier":"nl.gm1954.2c.2020.2831264-13.doc.6","dc_source":"https://api1.ibabs.eu/publicdownload.aspx?site=Beekdaelen&id=bdc95859-cd05-48e2-abe0-2fac21b5bcde","dc_title":"MvA Beekdaelen Lokaal inzake agenda B9 Harmonisatie bibliotheekbeleid","dc_type":"bijlage","foi_fairiscoreVersions":{"v1":1,"v2":1},"foi_fileName":"MvA%20Beekdaelen%20Lokaal%20inzake%20agenda%20B9%20Harmonisatie%20bibliotheekbeleid.pdf","foi_nrPages":2},{"dc_format":"application/pdf","dc_identifier":"nl.gm1954.2c.2020.2831264-13.doc.7","dc_source":"https://api1.ibabs.eu/publicdownload.aspx?site=Beekdaelen&id=f4326a10-bc1f-44bf-91ec-a9d64dc1ff68","dc_title":"MvA CDA inzake agenda B9 Harmonisatie bibliotheekbeleid","dc_type":"bijlage","foi_fairiscoreVersions":{"v1":1,"v2":1},"foi_fileName":"MvA%20CDA%20inzake%20agenda%20B9%20Harmonisatie%20bibliotheekbeleid.pdf","foi_nrPages":4},{"dc_format":"application/pdf","dc_identifier":"nl.gm1954.2c.2020.2831264-13.doc.8","dc_source":"https://api1.ibabs.eu/publicdownload.aspx?site=Beekdaelen&id=9432a29d-f36e-4335-af0e-b3abb0000bee","dc_title":"MvA Vernieuwingsgroep inzake agenda B9 harmonisatie bibliotheekbeleid","dc_type":"bijlage","foi_fairiscoreVersions":{"v1":1,"v2":1},"foi_fileName":"MvA%20Vernieuwingsgroep%20inzake%20agenda%20B9%20harmonisatie%20bibliotheekbeleid.pdf","foi_nrPages":2},{"dc_format":"application/pdf","dc_identifier":"nl.gm1954.2c.2020.2831264-13.doc.5","dc_source":"https://api1.ibabs.eu/publicdownload.aspx?site=Beekdaelen&id=a61b5c76-85ae-4926-9ce1-2cbe8422fc2c","dc_title":"RIB stand van zaken harmonisatieproces d.d. 29 jan. 2020","dc_type":"bijlage","foi_fairiscoreVersions":{"v1":1,"v2":1},"foi_fileName":"Z%2F19%2F128601%20-%20220002%20-%20stand%20van%20zaken%20harmonisatie%20bibliotheekbeleid.pdf","foi_nrPages":2},{"dc_format":"application/pdf","dc_identifier":"nl.gm1954.2c.2020.2831264-13.doc.4","dc_source":"https://api1.ibabs.eu/publicdownload.aspx?site=Beekdaelen&id=bd72d193-8a2e-4ece-abd1-bd1f36972914","dc_title":"RIB stand van zaken harmonisatieproces d.d. 29 sept. 2020","dc_type":"bijlage","foi_fairiscoreVersions":{"v1":5,"v2":5},"foi_fileName":"Z%2F19%2F128601%20-%20243012%20getekende%20RIB.pdf","foi_nrPages":2},{"dc_format":"application/pdf","dc_identifier":"nl.gm1954.2c.2020.2831264-13.doc.3","dc_source":"https://api1.ibabs.eu/publicdownload.aspx?site=Beekdaelen&id=9c10b7cd-2786-4f44-b8fb-15d4af0cc10c","dc_title":"Visie Bibliotheek Beekdaelen 2021-2024","dc_type":"bijlage","foi_fairiscoreVersions":{"v1":2,"v2":2},"foi_fileName":"Z%2F19%2F128601%20-%20245318%20-%20Visie%20Bibliotheek%20Beekdaelen%202021-2024.pdf","foi_nrPages":37},{"dc_format":"application/pdf","dc_identifier":"nl.gm1954.2c.2020.2831264-13.doc.1","dc_source":"https://api1.ibabs.eu/publicdownload.aspx?site=Beekdaelen&id=59b2ac00-4c5d-46cb-931a-e48941a2a3db","dc_title":"Raadsvoorstel visie Bibliotheek Beekdaelen 2021-2024","dc_type":"bijlage","foi_fairiscoreVersions":{"v1":2,"v2":1},"foi_fileName":"Z%2F19%2F128601%20-%20245321%20-%20visie%20Bibliotheek%20Beekdaelen%202021-2024.pdf","foi_nrPages":4},{"dc_format":"application/pdf","dc_identifier":"nl.gm1954.2c.2020.2831264-13.doc.2","dc_source":"https://api1.ibabs.eu/publicdownload.aspx?site=Beekdaelen&id=3985be37-d887-4f64-afa1-afe8a6d91e9c","dc_title":"Raadsbesluit visie Bibliotheek Beekdaelen 2021-2024 vastgesteld 15122020","dc_type":"bijlage","foi_fairiscoreVersions":{"v1":1,"v2":1},"foi_fileName":"Z%2F19%2F128601%20-%20245324%20-%20visie%20Bibliotheek%20Beekdaelen%202021-2024.pdf","foi_nrPages":1}],"foi_nrDocuments":8,"foi_nrPagesInDossier":54,"foi_publishedDate":"2020-11-24","foi_retrievedDate":"2025-12-01"},{"dc_creator":"HandelingScraper_v1","dc_date_year":2020,"dc_description":"Vergadering van de Gemeente Beekdaelen op 2020-11-24. Onderdeel: Opening, mededelingen voorzitter en vaststellen agenda.","dc_identifier":"nl.gm1954.2c.2020.2831264-2","dc_publisher":"gm1954","dc_source":"https://beekdaelen.bestuurlijkeinformatie.nl/Agenda/Index/1c027798-c48f-4736-96dd-91ad861e3842","dc_title":"Commissie Sociaal & BV (t/m april 2022) 2020-11-24 - Opening, mededelingen voorzitter en vaststellen agenda","dc_type":"2c","dc_type_description":"Vergaderstuk decentrale overheid","foi_fairiscoreVersions":{"v1":1,"v2":1},"foi_files":[{"dc_format":"application/pdf","dc_identifier":"nl.gm1954.2c.2020.2831264-2.doc.1","dc_source":"https://api1.ibabs.eu/publicdownload.aspx?site=Beekdaelen&id=d21b7229-4438-44b1-adc5-3a9376316411","dc_title":"Vastgestelde agenda cie. Sociaal 24112020","dc_type":"bijlage","foi_fairiscoreVersions":{"v1":1,"v2":1},"foi_fileName":"Vastgestelde%20agenda%20cie.%20Sociaal%2024112020.pdf","foi_nrPages":1}],"foi_nrDocuments":1,"foi_nrPagesInDossier":1,"foi_publishedDate":"2020-11-24","foi_retrievedDate":"2026-03-02"},{"dc_creator":"HandelingScraper_v1","dc_date_year":2020,"dc_description":"Vergadering van de Gemeente Beekdaelen op 2020-11-24. Onderdeel: Vaststellen actiepuntenlijst van de gecombineerde commissievergadering d.d. 6 en 8 oktober 2020.","dc_identifier":"nl.gm1954.2c.2020.2831264-3","dc_publisher":"gm1954","dc_source":"https://beekdaelen.bestuurlijkeinformatie.nl/Agenda/Index/1c027798-c48f-4736-96dd-91ad861e3842","dc_title":"Commissie Sociaal & BV (t/m april 2022) 2020-11-24 - Vaststellen actiepuntenlijst van de gecombineerde commissievergadering d.d. 6 en 8 oktober 2020","dc_type":"2c","dc_type_description":"Vergaderstuk decentrale overheid","foi_fairiscoreVersions":{"v1":1,"v2":1},"foi_files":[{"dc_format":"application/pdf","dc_identifier":"nl.gm1954.2c.2020.2831264-3.doc.1","dc_source":"https://api1.ibabs.eu/publicdownload.aspx?site=Beekdaelen&id=517e7e74-85b0-46f6-8640-4080cfe496df","dc_title":"Actiepuntenlijst gecomb. cie.vergadering 20201006 en 20201008","dc_type":"bijlage","foi_fairiscoreVersions":{"v1":1,"v2":1},"foi_fileName":"Actiepuntenlijst%20gecomb.%20cie.vergadering%2020201006%20en%2020201008%20vastgesteld%2024112020.pdf","foi_nrPages":6}],"foi_nrDocuments":1,"foi_nrPagesInDossier":6,"foi_publishedDate":"2020-11-24","foi_retrievedDate":"2026-02-06"},{"dc_creator":"HandelingScraper_v1","dc_date_year":2020,"dc_description":"Vergadering van de Gemeente Beekdaelen op 2020-11-24. Onderdeel: Vaststellen lijst van toezeggingen van de commissie Sociaal.","dc_identifier":"nl.gm1954.2c.2020.2831264-4","dc_publisher":"gm1954","dc_source":"https://beekdaelen.bestuurlijkeinformatie.nl/Agenda/Index/1c027798-c48f-4736-96dd-91ad861e3842","dc_title":"Commissie Sociaal & BV (t/m april 2022) 2020-11-24 - Vaststellen lijst van toezeggingen van de commissie Sociaal","dc_type":"2c","dc_type_description":"Vergaderstuk decentrale overheid","foi_fairiscoreVersions":{"v1":1,"v2":1},"foi_files":[{"dc_format":"application/pdf","dc_identifier":"nl.gm1954.2c.2020.2831264-4.doc.1","dc_source":"https://api1.ibabs.eu/publicdownload.aspx?site=Beekdaelen&id=193eaa8c-94cc-400b-b7d3-ece1a8966fa1","dc_title":"Lijst openstaande toezeggingen cie. Sociaal etc, bijgewerkt college 30102020  Griffie 05112020","dc_type":"bijlage","foi_fairiscoreVersions":{"v1":1,"v2":1},"foi_fileName":"Lijst%20openstaande%20toezeggingen%20cie.%20Sociaal%20etc_%20bijgewerkt%20college%2030102020%20%20Griffie%2005112020.pdf","foi_nrPages":4}],"foi_nrDocuments":1,"foi_nrPagesInDossier":4,"foi_publishedDate":"2020-11-24","foi_retrievedDate":"2026-03-04"},{"dc_creator":"HandelingScraper_v1","dc_date_year":2020,"dc_description":"Vergadering van de Gemeente Beekdaelen op 2020-11-24. Onderdeel: Voorstel inzake Integraal Onderwijshuisvestingsplan.","dc_identifier":"nl.gm1954.2c.2020.2831264-5","dc_publisher":"gm1954","dc_source":"https://beekdaelen.bestuurlijkeinformatie.nl/Agenda/Index/1c027798-c48f-4736-96dd-91ad861e3842","dc_title":"Commissie Sociaal & BV (t/m april 2022) 2020-11-24 - Voorstel inzake Integraal Onderwijshuisvestingsplan","dc_type":"2c","dc_type_description":"Vergaderstuk decentrale overheid","foi_fairiscoreVersions":{"v1":2,"v2":2},"foi_files":[{"dc_format":"application/pdf","dc_identifier":"nl.gm1954.2c.2020.2831264-5.doc.2","dc_source":"https://api1.ibabs.eu/publicdownload.aspx?site=Beekdaelen&id=e81a3bb5-2e88-47e5-b5f0-aaf35be71e5a","dc_title":"MvA Beekdaelen Lokaal inzake agenda B1 Integraal huisvestingsplan onderwijs","dc_type":"bijlage","foi_fairiscoreVersions":{"v1":1,"v2":1},"foi_fileName":"MvA%20Beekdaelen%20Lokaal%20inzake%20agenda%20B1%20Integraal%20huisvestingsplan%20onderwijs.pdf","foi_nrPages":1},{"dc_format":"application/pdf","dc_identifier":"nl.gm1954.2c.2020.2831264-5.doc.3","dc_source":"https://api1.ibabs.eu/publicdownload.aspx?site=Beekdaelen&id=442ff0cc-f6b7-48d5-812c-997e3e036c3e","dc_title":"MvA Vernieuwingsgroep inzake agenda B1 Integraal huisvestingsplan onderwijs","dc_type":"bijlage","foi_fairiscoreVersions":{"v1":1,"v2":1},"foi_fileName":"MvA%20Vernieuwingsgroep%20inzake%20agenda%20B1%20Integraal%20huisvestingsplan%20onderwijs.pdf","foi_nrPages":3},{"dc_format":"application/pdf","dc_identifier":"nl.gm1954.2c.2020.2831264-5.doc.1","dc_source":"https://api1.ibabs.eu/publicdownload.aspx?site=Beekdaelen&id=1255e59a-6965-4d05-a5b2-71828713f8ee","dc_title":"Bijlage 1. Informatiefundament Onderwijs & Opvang","dc_type":"bijlage","foi_fairiscoreVersions":{"v1":2,"v2":2},"foi_fileName":"Z%2F20%2F149925%20-%20246094%20-%20Bijlage%201.pdf","foi_nrPages":50}],"foi_nrDocuments":3,"foi_nrPagesInDossier":54,"foi_publishedDate":"2020-11-24","foi_retrievedDate":"2026-01-22"},{"dc_creator":"HandelingScraper_v1","dc_date_year":2020,"dc_description":"Vergadering van de Gemeente Beekdaelen op 2020-11-24. Onderdeel: Voorstel inzake Onderwijsachterstandenbeleid.","dc_identifier":"nl.gm1954.2c.2020.2831264-6","dc_publisher":"gm1954","dc_source":"https://beekdaelen.bestuurlijkeinformatie.nl/Agenda/Index/1c027798-c48f-4736-96dd-91ad861e3842","dc_title":"Commissie Sociaal & BV (t/m april 2022) 2020-11-24 - Voorstel inzake Onderwijsachterstandenbeleid","dc_type":"2c","dc_type_description":"Vergaderstuk decentrale overheid","foi_fairiscoreVersions":{"v1":2,"v2":1},"foi_files":[{"dc_format":"application/pdf","dc_identifier":"nl.gm1954.2c.2020.2831264-6.doc.4","dc_source":"https://api1.ibabs.eu/publicdownload.aspx?site=Beekdaelen&id=7d414d00-1c90-44e8-9cb1-7d1d43d4fa3b","dc_title":"MvA Beekdaelen Lokaal inzake agenda B2 onderwijsachterstandenbeleid","dc_type":"bijlage","foi_fairiscoreVersions":{"v1":1,"v2":1},"foi_fileName":"MvA%20Beekdaelen%20Lokaal%20inzake%20agenda%20B2%20onderwijsachterstandenbeleid.pdf","foi_nrPages":2},{"dc_format":"application/pdf","dc_identifier":"nl.gm1954.2c.2020.2831264-6.doc.5","dc_source":"https://api1.ibabs.eu/publicdownload.aspx?site=Beekdaelen&id=a482fc8e-2ebd-42df-b078-cce7125d8d62","dc_title":"MvA Vernieuwingsgroep inzake agenda B2 onderwijsachterstandenbeleid","dc_type":"bijlage","foi_fairiscoreVersions":{"v1":1,"v2":1},"foi_fileName":"MvA%20Vernieuwingsgroep%20inzake%20agenda%20B2%20onderwijsachterstandenbeleid.pdf","foi_nrPages":1},{"dc_format":"application/pdf","dc_identifier":"nl.gm1954.2c.2020.2831264-6.doc.3","dc_source":"https://api1.ibabs.eu/publicdownload.aspx?site=Beekdaelen&id=e894c4bd-bf9b-4e8c-bc4d-e0507609f344","dc_title":"Conceptnota Onderwijsachterstandenbeleid Beekdaelen 2020-2023","dc_type":"bijlage","foi_fairiscoreVersions":{"v1":2,"v2":1},"foi_fileName":"Z%2F20%2F150101%20-%20245733%20-%20Conceptnota%20Onderwijsachterstandenbeleid%20Beekdaelen%202020-2023.pdf","foi_nrPages":34},{"dc_format":"application/pdf","dc_identifier":"nl.gm1954.2c.2020.2831264-6.doc.1","dc_source":"https://api1.ibabs.eu/publicdownload.aspx?site=Beekdaelen&id=f7970839-a195-4252-97cd-a39a7308a392","dc_title":"RV Onderwijsachterstandenbeleid Beekdaelen 2020-2023","dc_type":"bijlage","foi_fairiscoreVersions":{"v1":1,"v2":1},"foi_fileName":"Z%2F20%2F150101%20-%20245735%20-%20Onderwijsachterstandenbeleid%20Beekdaelen%202020-2023.pdf","foi_nrPages":6},{"dc_format":"application/pdf","dc_identifier":"nl.gm1954.2c.2020.2831264-6.doc.2","dc_source":"https://api1.ibabs.eu/publicdownload.aspx?site=Beekdaelen&id=04b9b070-5372-4fdb-9b35-56e2dd7fbaf1","dc_title":"RB Onderwijsachterstandenbeleid Beekdaelen 2020-2023 vastgesteld 15122020","dc_type":"bijlage","foi_fairiscoreVersions":{"v1":1,"v2":1},"foi_fileName":"Z%2F20%2F150101%20-%20246073%20-%20Raadsbesluit%20Onderwijsachterstandenbeleid%20Beekdaelen%202020-2023.pdf","foi_nrPages":1}],"foi_nrDocuments":5,"foi_nrPagesInDossier":44,"foi_publishedDate":"2020-11-24","foi_retrievedDate":"2025-12-03"},{"dc_creator":"HandelingScraper_v1","dc_date_year":2020,"dc_description":"Vergadering van de Gemeente Beekdaelen op 2020-11-24. Onderdeel: Voorstel inzake tweede begrotingswijziging 2020 GR WOZL.","dc_identifier":"nl.gm1954.2c.2020.2831264-7","dc_publisher":"gm1954","dc_source":"https://beekdaelen.bestuurlijkeinformatie.nl/Agenda/Index/1c027798-c48f-4736-96dd-91ad861e3842","dc_title":"Commissie Sociaal & BV (t/m april 2022) 2020-11-24 - Voorstel inzake tweede begrotingswijziging 2020 GR WOZL","dc_type":"2c","dc_type_description":"Vergaderstuk decentrale overheid","foi_fairiscoreVersions":{"v1":2,"v2":2},"foi_files":[{"dc_format":"application/pdf","dc_identifier":"nl.gm1954.2c.2020.2831264-7.doc.7","dc_source":"https://api1.ibabs.eu/publicdownload.aspx?site=Beekdaelen&id=fe4a3d2c-ac77-413e-9ec9-043e5ae30411","dc_title":"MvA CDA inzake agenda B3 2de begrotingswijziging 2020 WOZL","dc_type":"bijlage","foi_fairiscoreVersions":{"v1":1,"v2":1},"foi_fileName":"MvA%20CDA%20inzake%20agenda%20B3%202de%20begrotingswijziging%202020%20WOZL.pdf","foi_nrPages":1},{"dc_format":"application/pdf","dc_identifier":"nl.gm1954.2c.2020.2831264-7.doc.1","dc_source":"https://api1.ibabs.eu/publicdownload.aspx?site=Beekdaelen&id=51f765b9-2b30-460e-92e9-a567895addd3","dc_title":"RV Tweede Begrotingswijziging 2020 GR WOZL","dc_type":"bijlage","foi_fairiscoreVersions":{"v1":1,"v2":1},"foi_fileName":"Z%2F20%2F148251%20-%20243312%20-%20Raadsvoorstel%20Tweede%20Begrotingswijziging%202020%20GR%20WOZL.pdf","foi_nrPages":3},{"dc_format":"application/pdf","dc_identifier":"nl.gm1954.2c.2020.2831264-7.doc.2","dc_source":"https://api1.ibabs.eu/publicdownload.aspx?site=Beekdaelen&id=e2f2422c-bdec-4f9a-b045-4163c68dc07f","dc_title":"RB Tweede Begrotingswijziging 2020 GR WOZL vastgesteld 15122020","dc_type":"bijlage","foi_fairiscoreVersions":{"v1":1,"v2":1},"foi_fileName":"Z%2F20%2F148251%20-%20243313%20-%20Raadsbesluit%20Tweede%20Begrotingswijziging%202020%20GR%20WOZL.pdf","foi_nrPages":1},{"dc_format":"application/pdf","dc_identifier":"nl.gm1954.2c.2020.2831264-7.doc.6","dc_source":"https://api1.ibabs.eu/publicdownload.aspx?site=Beekdaelen&id=9fcbc569-bc32-4e4b-9058-1324a914f77d","dc_title":"Uitgaande brief aan WOZL inzake raadsbesluit 15 december 2020 vastgesteld 15122020","dc_type":"bijlage","foi_fairiscoreVersions":{"v1":1,"v2":1},"foi_fileName":"Z%2F20%2F148251%20-%20243314%20-%20Uitgaande%20brief%20aan%20WOZL%20inzake%20raadsbesluit%2015%20december%202020.pdf","foi_nrPages":1},{"dc_format":"application/pdf","dc_identifier":"nl.gm1954.2c.2020.2831264-7.doc.4","dc_source":"https://api1.ibabs.eu/publicdownload.aspx?site=Beekdaelen&id=ccd4f8fa-fb5a-41a4-91f3-0b9b5861ee46","dc_title":"Factsheet 2de begrotingswijziging 2020 GR WOZL","dc_type":"bijlage","foi_fairiscoreVersions":{"v1":2,"v2":2},"foi_fileName":"Z%2F20%2F148251%20-%20243318%20-%20Factsheet%202de%20begrotingswijziging%202020%20GR%20WOZL.pdf","foi_nrPages":4},{"dc_format":"application/pdf","dc_identifier":"nl.gm1954.2c.2020.2831264-7.doc.3","dc_source":"https://api1.ibabs.eu/publicdownload.aspx?site=Beekdaelen&id=e6e752a2-6afc-4570-ba5d-faf4fb5a70be","dc_title":"Tweede begrotingswijziging 2020 GR WOZL","dc_type":"bijlage","foi_fairiscoreVersions":{"v1":2,"v2":2},"foi_fileName":"Z%2F20%2F148251%20-%20243319%20-%20Tweede%20begrotingswijziging%202020%20GR%20WOZL.pdf","foi_nrPages":25},{"dc_format":"application/pdf","dc_identifier":"nl.gm1954.2c.2020.2831264-7.doc.5","dc_source":"https://api1.ibabs.eu/publicdownload.aspx?site=Beekdaelen&id=9f4142e4-2efe-49bc-a31a-fc6288953b00","dc_title":"Tweede kwartaalrapportage 2020 WOZL","dc_type":"bijlage","foi_fairiscoreVersions":{"v1":2,"v2":2},"foi_fileName":"Z%2F20%2F148251%20-%20243320%20-%20Tweede%20kwartaalrapportage%202020%20WOZL.pdf","foi_nrPages":17}],"foi_nrDocuments":7,"foi_nrPagesInDossier":52,"foi_publishedDate":"2020-11-24","foi_retrievedDate":"2025-11-30"},{"dc_creator":"HandelingScraper_v1","dc_date_year":2020,"dc_description":"Vergadering van de Gemeente Beekdaelen op 2020-11-24. Onderdeel: Voorstel inzake tweede begrotingswijziging 2020 GR WSP.","dc_identifier":"nl.gm1954.2c.2020.2831264-8","dc_publisher":"gm1954","dc_source":"https://beekdaelen.bestuurlijkeinformatie.nl/Agenda/Index/1c027798-c48f-4736-96dd-91ad861e3842","dc_title":"Commissie Sociaal & BV (t/m april 2022) 2020-11-24 - Voorstel inzake tweede begrotingswijziging 2020 GR WSP","dc_type":"2c","dc_type_description":"Vergaderstuk decentrale overheid","foi_fairiscoreVersions":{"v1":2,"v2":2},"foi_files":[{"dc_format":"application/pdf","dc_identifier":"nl.gm1954.2c.2020.2831264-8.doc.7","dc_source":"https://api1.ibabs.eu/publicdownload.aspx?site=Beekdaelen&id=7247d23d-35d9-46a8-8f74-65b40cae7850","dc_title":"MvA CDA inzake agenda B4 2de begrotingswijziging 2020 WSP","dc_type":"bijlage","foi_fairiscoreVersions":{"v1":1,"v2":1},"foi_fileName":"MvA%20CDA%20inzake%20agenda%20B4%202de%20begrotingswijziging%202020%20WSP.pdf","foi_nrPages":2},{"dc_format":"application/pdf","dc_identifier":"nl.gm1954.2c.2020.2831264-8.doc.1","dc_source":"https://api1.ibabs.eu/publicdownload.aspx?site=Beekdaelen&id=e4078214-4b27-4036-b145-401ee52a38f6","dc_title":"RV Tweede begrotingswijziging 2020 GR WSP","dc_type":"bijlage","foi_fairiscoreVersions":{"v1":1,"v2":1},"foi_fileName":"Z%2F20%2F148252%20-%20243501%20-%20Raadsvoorstel%20Tweede%20begrotingswijziging%202020%20GR%20WSP.pdf","foi_nrPages":3},{"dc_format":"application/pdf","dc_identifier":"nl.gm1954.2c.2020.2831264-8.doc.2","dc_source":"https://api1.ibabs.eu/publicdownload.aspx?site=Beekdaelen&id=15a22c73-fb2b-4d40-8156-7f9f78cbe70d","dc_title":"RB Tweede begrotingswijziging 2020 GR WSP vastgesteld 15122020","dc_type":"bijlage","foi_fairiscoreVersions":{"v1":1,"v2":1},"foi_fileName":"Z%2F20%2F148252%20-%20243511%20-%20Raadsbesluit%20Tweede%20begrotingswijziging%202020%20GR%20WSP.pdf","foi_nrPages":1},{"dc_format":"application/pdf","dc_identifier":"nl.gm1954.2c.2020.2831264-8.doc.6","dc_source":"https://api1.ibabs.eu/publicdownload.aspx?site=Beekdaelen&id=c26aeba9-54ea-4dfe-8c59-8aad84bb03e6","dc_title":"Uitgaande brief inzake raadsbesluit 15 december 2020 vastgesteld 15122020","dc_type":"bijlage","foi_fairiscoreVersions":{"v1":1,"v2":1},"foi_fileName":"Z%2F20%2F148252%20-%20243513%20-%20Uitgaande%20brief%20inzake%20raadsbesluit%2015%20december%202020.pdf","foi_nrPages":1},{"dc_format":"application/pdf","dc_identifier":"nl.gm1954.2c.2020.2831264-8.doc.3","dc_source":"https://api1.ibabs.eu/publicdownload.aspx?site=Beekdaelen&id=e3b121b9-766e-4432-a907-f4304ff1d198","dc_title":"Tweede begrotingswijziging 2020 GR WSP","dc_type":"bijlage","foi_fairiscoreVersions":{"v1":2,"v2":2},"foi_fileName":"Z%2F20%2F148252%20-%20243514%20-%20Tweede%20begrotingswijziging%202020%20GR%20WSP.pdf","foi_nrPages":23},{"dc_format":"application/pdf","dc_identifier":"nl.gm1954.2c.2020.2831264-8.doc.4","dc_source":"https://api1.ibabs.eu/publicdownload.aspx?site=Beekdaelen&id=e92c13a1-f44b-4d29-9561-d861ba1ab508","dc_title":"Factsheet Tweede begrotingswijziging 2020 GR WSP","dc_type":"bijlage","foi_fairiscoreVersions":{"v1":2,"v2":2},"foi_fileName":"Z%2F20%2F148252%20-%20243515%20-%20Factsheet%20Tweede%20begrotingswijziging%202020%20GR%20WSP.pdf","foi_nrPages":4},{"dc_format":"application/pdf","dc_identifier":"nl.gm1954.2c.2020.2831264-8.doc.5","dc_source":"https://api1.ibabs.eu/publicdownload.aspx?site=Beekdaelen&id=4b30d870-7d1f-412f-a9e3-3c5630028f43","dc_title":"Tweede Kwartaalrapportage 2020 WSP","dc_type":"bijlage","foi_fairiscoreVersions":{"v1":2,"v2":2},"foi_fileName":"Z%2F20%2F148252%20-%20243516%20-%20Tweede%20Kwartaalrapportage%202020%20WSP.pdf","foi_nrPages":35}],"foi_nrDocuments":7,"foi_nrPagesInDossier":69,"foi_publishedDate":"2020-11-24","foi_retrievedDate":"2026-03-01"},{"dc_creator":"HandelingScraper_v1","dc_date_year":2020,"dc_description":"Vergadering van de Gemeente Beekdaelen op 2020-11-24. Onderdeel: Voorstel inzake tweede bestuursrapportage 2020 GR ISD BOL.","dc_identifier":"nl.gm1954.2c.2020.2831264-9","dc_publisher":"gm1954","dc_source":"https://beekdaelen.bestuurlijkeinformatie.nl/Agenda/Index/1c027798-c48f-4736-96dd-91ad861e3842","dc_title":"Commissie Sociaal & BV (t/m april 2022) 2020-11-24 - Voorstel inzake tweede bestuursrapportage 2020 GR ISD BOL","dc_type":"2c","dc_type_description":"Vergaderstuk decentrale overheid","foi_fairiscoreVersions":{"v1":2,"v2":2},"foi_files":[{"dc_format":"application/pdf","dc_identifier":"nl.gm1954.2c.2020.2831264-9.doc.5","dc_source":"https://api1.ibabs.eu/publicdownload.aspx?site=Beekdaelen&id=bf9fa2b9-62ea-4174-bc18-a0d3f5466f78","dc_title":"MvA CDA inzake agenda B5 2de burap 2020 ISD BOL","dc_type":"bijlage","foi_fairiscoreVersions":{"v1":1,"v2":1},"foi_fileName":"MvA%20CDA%20inzake%20agenda%20B5%202de%20burap%202020%20ISD%20BOL.pdf","foi_nrPages":1},{"dc_format":"application/pdf","dc_identifier":"nl.gm1954.2c.2020.2831264-9.doc.3","dc_source":"https://api1.ibabs.eu/publicdownload.aspx?site=Beekdaelen&id=fdbf11b4-8f51-4ed5-be51-9d97f4c86fdf","dc_title":"Tweede bestuursrapportage 2020 ISD BOL","dc_type":"bijlage","foi_fairiscoreVersions":{"v1":2,"v2":2},"foi_fileName":"Z%2F20%2F149698%20-%20244728%20-%20Tweede%20bestuursrapportage%202020%20ISD%20BOL.pdf","foi_nrPages":89},{"dc_format":"application/pdf","dc_identifier":"nl.gm1954.2c.2020.2831264-9.doc.1","dc_source":"https://api1.ibabs.eu/publicdownload.aspx?site=Beekdaelen&id=eaddcd2e-3546-476b-89ff-564c28722dc4","dc_title":"RV Tweede bestuursrapportage 2020 ISD BOL.","dc_type":"bijlage","foi_fairiscoreVersions":{"v1":1,"v2":1},"foi_fileName":"Z%2F20%2F149698%20-%20244869%20-%20Raadsvoorstel%20Tweede%20bestuursrapportage%202020%20ISD%20BOL.pdf","foi_nrPages":2},{"dc_format":"application/pdf","dc_identifier":"nl.gm1954.2c.2020.2831264-9.doc.2","dc_source":"https://api1.ibabs.eu/publicdownload.aspx?site=Beekdaelen&id=002c5d5a-9c8c-4483-b540-23c9afe127c0","dc_title":"RB Tweede bestuursrapportage 2020 ISD BOL vastgesteld 15122020","dc_type":"bijlage","foi_fairiscoreVersions":{"v1":1,"v2":1},"foi_fileName":"Z%2F20%2F149698%20-%20244870%20-%20Raadsbesluit%20Tweede%20bestuursrapportage%202020%20ISD%20BOL.pdf","foi_nrPages":1},{"dc_format":"application/pdf","dc_identifier":"nl.gm1954.2c.2020.2831264-9.doc.4","dc_source":"https://api1.ibabs.eu/publicdownload.aspx?site=Beekdaelen&id=2b7fb7d2-5849-484d-8138-7c77d74cf610","dc_title":"Uitgaande brief aan ISD BOL inzake raadsbesluit 15 december 2020 vastgesteld 15122020","dc_type":"bijlage","foi_fairiscoreVersions":{"v1":1,"v2":1},"foi_fileName":"Z%2F20%2F149698%20-%20244872%20-%20Uitgaande%20brief%20aan%20ISD%20BOL%20inzake%20raadsbesluit%2015%20december%202020.pdf","foi_nrPages":1}],"foi_nrDocuments":5,"foi_nrPagesInDossier":94,"foi_publishedDate":"2020-11-24","foi_retrievedDate":"2025-12-02"},{"dc_creator":"HandelingScraper_v1","dc_date_year":2020,"dc_description":"Vergadering van de Gemeente Beekdaelen op 2020-11-26. Onderdeel: Algemeen.","dc_identifier":"nl.gm1954.2c.2020.2831411-1","dc_publisher":"gm1954","dc_source":"https://beekdaelen.bestuurlijkeinformatie.nl/Agenda/Index/5b0b0ca4-c304-4aea-a516-0a55b219e53c","dc_title":"Commissie Ruimte (t/m april 2022) 2020-11-26 - Algemeen","dc_type":"2c","dc_type_description":"Vergaderstuk decentrale overheid","foi_fairiscoreVersions":{"v1":1,"v2":1},"foi_files":[{"dc_format":"application/pdf","dc_identifier":"nl.gm1954.2c.2020.2831411-1.doc.4","dc_source":"https://api1.ibabs.eu/publicdownload.aspx?site=Beekdaelen&id=5effdbc0-100a-4e93-9db4-be568c437bab","dc_title":"Aanvullende technische voorvragen fractie BL mbt raadscommissie Ruimte/Bedrijfsvoering d.d. 26 nov 2020","dc_type":"bijlage","foi_fairiscoreVersions":{"v1":1,"v2":1},"foi_fileName":"aanvullende%20technische%20voorvragen%20BL%20raadscommissie%20Ruimte%20en%20Bedrijfsvoering%20d.d.%2026%20nov%202020.pdf","foi_nrPages":1},{"dc_format":"application/pdf","dc_identifier":"nl.gm1954.2c.2020.2831411-1.doc.10","dc_source":"https://api1.ibabs.eu/publicdownload.aspx?site=Beekdaelen&id=7d4b3b6c-fcd7-49d0-b4cc-376d7c449dbf","dc_title":"Memorie van Antwoord BL technische voorvragen commissie","dc_type":"bijlage","foi_fairiscoreVersions":{"v1":1,"v2":1},"foi_fileName":"Memorie%20van%20Antwoord%20BL%20technische%20voorvragen%20commissie.pdf","foi_nrPages":1},{"dc_format":"application/pdf","dc_identifier":"nl.gm1954.2c.2020.2831411-1.doc.8","dc_source":"https://api1.ibabs.eu/publicdownload.aspx?site=Beekdaelen&id=ebd4cfc9-2aa0-4e83-a23a-1e12f9bb6508","dc_title":"Memorie van Antwoord CDA technische voorvragen commissie","dc_type":"bijlage","foi_fairiscoreVersions":{"v1":1,"v2":1},"foi_fileName":"Memorie%20van%20Antwoord%20CDA%20technische%20voorvragen%20commissie.pdf","foi_nrPages":7},{"dc_format":"application/pdf","dc_identifier":"nl.gm1954.2c.2020.2831411-1.doc.9","dc_source":"https://api1.ibabs.eu/publicdownload.aspx?site=Beekdaelen&id=a2245653-04ca-4b05-b4af-16c7253f13f7","dc_title":"Memorie van Antwoord VG technische voorvragen commissie Ruimte","dc_type":"bijlage","foi_fairiscoreVersions":{"v1":1,"v2":1},"foi_fileName":"Memorie%20van%20Antwoord%20VG%20technische%20voorvragen%20commissie%20Ruimte.pdf","foi_nrPages":1},{"dc_format":"application/pdf","dc_identifier":"nl.gm1954.2c.2020.2831411-1.doc.3","dc_source":"https://api1.ibabs.eu/publicdownload.aspx?site=Beekdaelen&id=0aa8cd4b-2f66-49ed-96fc-9e33b41dd1d2","dc_title":"Technische voorvragen fractie BL mbt raadscommissie Ruimte/Bedrijfsvoering d.d. 26 november 2020","dc_type":"bijlage","foi_fairiscoreVersions":{"v1":1,"v2":1},"foi_fileName":"Technische%20voorvragen%20BL%20raadscommissies%2024%20en%2026%20november.pdf","foi_nrPages":2},{"dc_format":"application/pdf","dc_identifier":"nl.gm1954.2c.2020.2831411-1.doc.1","dc_source":"https://api1.ibabs.eu/publicdownload.aspx?site=Beekdaelen&id=e81c7f26-eb87-4a56-8ce1-34d7745c7e36","dc_title":"Technische voorvragen fractie CDA mbt  raadscommissie Ruimte/bedrijfsvoering d.d. 26 november 2020","dc_type":"bijlage","foi_fairiscoreVersions":{"v1":1,"v2":1},"foi_fileName":"Technische%20voorvragen%20CDA%20%20raadscommissies%2024%20en%2026%20november.pdf","foi_nrPages":5},{"dc_format":"application/pdf","dc_identifier":"nl.gm1954.2c.2020.2831411-1.doc.6","dc_source":"https://api1.ibabs.eu/publicdownload.aspx?site=Beekdaelen&id=8778217a-df48-4bb5-9e05-35d6f1885de5","dc_title":"Technische voorvragen GroenLinks raadscommissie ruimte 26 november 2020- deel 2","dc_type":"bijlage","foi_fairiscoreVersions":{"v1":1,"v2":1},"foi_fileName":"Technische%20voorvragen%20GroenLinks%20raadscommissie%20ruimte%2026%20november%202020-%20deel%202.pdf","foi_nrPages":1},{"dc_format":"application/pdf","dc_identifier":"nl.gm1954.2c.2020.2831411-1.doc.2","dc_source":"https://api1.ibabs.eu/publicdownload.aspx?site=Beekdaelen&id=7e53e07b-6f3c-450a-b52b-76a8d5cd9d50","dc_title":"Technische voorvragen VG raadscommissie ruimte 26 november 2020","dc_type":"bijlage","foi_fairiscoreVersions":{"v1":1,"v2":1},"foi_fileName":"Technische%20voorvragen%20VG%20raadscommissie%20ruimte%2026%20november%202020.pdf","foi_nrPages":2},{"dc_format":"application/pdf","dc_identifier":"nl.gm1954.2c.2020.2831411-1.doc.7","dc_source":"https://api1.ibabs.eu/publicdownload.aspx?site=Beekdaelen&id=474b5234-c158-4112-96ed-73a528feff16","dc_title":"Technische voorvragen VVD raadcommissie ruimte 26 november 2020","dc_type":"bijlage","foi_fairiscoreVersions":{"v1":1,"v2":1},"foi_fileName":"Technische%20voorvragen%20VVD%20raadcommissie%20ruimte%2026%20november%202020.pdf","foi_nrPages":3},{"dc_format":"application/pdf","dc_identifier":"nl.gm1954.2c.2020.2831411-1.doc.5","dc_source":"https://api1.ibabs.eu/publicdownload.aspx?site=Beekdaelen&id=0343aa10-379a-4623-82c3-5e879fdbfbc6","dc_title":"Technische voorvragen GroenLinks raadscommissie ruimte 26 november 2020","dc_type":"bijlage","foi_fairiscoreVersions":{"v1":1,"v2":1},"foi_fileName":"Technische%20vragen%20GroenLinks.pdf","foi_nrPages":2}],"foi_nrDocuments":10,"foi_nrPagesInDossier":25,"foi_publishedDate":"2020-11-26","foi_retrievedDate":"2026-03-05"},{"dc_creator":"HandelingScraper_v1","dc_date_year":2020,"dc_description":"Vergadering van de Gemeente Beekdaelen op 2020-11-26. Onderdeel: Rondvraag Cluster Ruimte.","dc_identifier":"nl.gm1954.2c.2020.2831411-10","dc_publisher":"gm1954","dc_source":"https://beekdaelen.bestuurlijkeinformatie.nl/Agenda/Index/5b0b0ca4-c304-4aea-a516-0a55b219e53c","dc_title":"Commissie Ruimte (t/m april 2022) 2020-11-26 - Rondvraag Cluster Ruimte","dc_type":"2c","dc_type_description":"Vergaderstuk decentrale overheid","foi_fairiscoreVersions":{"v1":1,"v2":1},"foi_files":[{"dc_format":"application/pdf","dc_identifier":"nl.gm1954.2c.2020.2831411-10.doc.1","dc_source":"https://api1.ibabs.eu/publicdownload.aspx?site=Beekdaelen&id=1b155064-6d78-4397-afe6-ed963352b895","dc_title":"Memorie van Antwoord GL - rondvraag commissie 26112020","dc_type":"bijlage","foi_fairiscoreVersions":{"v1":1,"v2":1},"foi_fileName":"Memorie%20van%20Antwoord%20GL%20-%20commissie%2026112020.pdf","foi_nrPages":2}],"foi_nrDocuments":1,"foi_nrPagesInDossier":2,"foi_publishedDate":"2020-11-26","foi_retrievedDate":"2026-03-06"},{"dc_creator":"HandelingScraper_v1","dc_date_year":2020,"dc_description":"Vergadering van de Gemeente Beekdaelen op 2020-11-26. Onderdeel: Voorstel inzake 2e bestuursrapportage 2020.","dc_identifier":"nl.gm1954.2c.2020.2831411-11","dc_publisher":"gm1954","dc_source":"https://beekdaelen.bestuurlijkeinformatie.nl/Agenda/Index/5b0b0ca4-c304-4aea-a516-0a55b219e53c","dc_title":"Commissie Ruimte (t/m april 2022) 2020-11-26 - Voorstel inzake 2e bestuursrapportage 2020","dc_type":"2c","dc_type_description":"Vergaderstuk decentrale overheid","foi_fairiscoreVersions":{"v1":2,"v2":2},"foi_files":[{"dc_format":"application/pdf","dc_identifier":"nl.gm1954.2c.2020.2831411-11.doc.10","dc_source":"https://api1.ibabs.eu/publicdownload.aspx?site=Beekdaelen&id=bae429e9-0c64-4043-8095-90b69ea40b25","dc_title":"Kopie van Verschuivingen MOP opgenomen in de 2e burap 2020","dc_type":"bijlage","foi_fairiscoreVersions":{"v1":1,"v2":1},"foi_fileName":"Kopie%20van%20Verschuivingen%20MOP%20opgenomen%20in%20de%202e%20burap%202020.pdf","foi_nrPages":1},{"dc_format":"application/pdf","dc_identifier":"nl.gm1954.2c.2020.2831411-11.doc.7","dc_source":"https://api1.ibabs.eu/publicdownload.aspx?site=Beekdaelen&id=01f0a3fd-167a-4e6d-b7bd-8c1c965f88ea","dc_title":"Memorie van Antwoord Beekdaelen Lokaal tweede burap","dc_type":"bijlage","foi_fairiscoreVersions":{"v1":1,"v2":1},"foi_fileName":"Memorie%20van%20Antwoord%20Beekdaelen%20Lokaal%20tweede%20burap.pdf","foi_nrPages":3},{"dc_format":"application/pdf","dc_identifier":"nl.gm1954.2c.2020.2831411-11.doc.8","dc_source":"https://api1.ibabs.eu/publicdownload.aspx?site=Beekdaelen&id=0d0d7323-f313-40f9-b44d-f8691ba07337","dc_title":"Memorie van Antwoord Groen Links tweede burap","dc_type":"bijlage","foi_fairiscoreVersions":{"v1":1,"v2":1},"foi_fileName":"Memorie%20van%20Antwoord%20Groen%20Links%20tweede%20burap.pdf","foi_nrPages":2},{"dc_format":"application/pdf","dc_identifier":"nl.gm1954.2c.2020.2831411-11.doc.9","dc_source":"https://api1.ibabs.eu/publicdownload.aspx?site=Beekdaelen&id=718e5253-3b98-4fc4-a74d-6f4aaf407dbf","dc_title":"Memorie van Antwoord VG tweede burap","dc_type":"bijlage","foi_fairiscoreVersions":{"v1":1,"v2":1},"foi_fileName":"Memorie%20van%20Antwoord%20VG%20tweede%20burap.pdf","foi_nrPages":3},{"dc_format":"application/pdf","dc_identifier":"nl.gm1954.2c.2020.2831411-11.doc.11","dc_source":"https://api1.ibabs.eu/publicdownload.aspx?site=Beekdaelen&id=3aec90c4-f437-460d-8d8f-24e4cdc358cf","dc_title":"Memorie van Antwoord VVD mbt  tweede burap 2020","dc_type":"bijlage","foi_fairiscoreVersions":{"v1":2,"v2":1},"foi_fileName":"Memorie%20van%20Antwoord%20VVD%20mbt%20%20tweede%20burap.pdf","foi_nrPages":2},{"dc_format":"application/pdf","dc_identifier":"nl.gm1954.2c.2020.2831411-11.doc.6","dc_source":"https://api1.ibabs.eu/publicdownload.aspx?site=Beekdaelen&id=b2c811f5-b89c-4938-b237-60028e98a40e","dc_title":"MvA Vernieuwingsgroep inzake agenda D1 2e Bestuursrapportage 2020","dc_type":"bijlage","foi_fairiscoreVersions":{"v1":1,"v2":1},"foi_fileName":"MvA%20Vernieuwingsgroep%20inzake%20agenda%20D1%202e%20Bestuursrapportage%202020.pdf","foi_nrPages":2},{"dc_format":"application/pdf","dc_identifier":"nl.gm1954.2c.2020.2831411-11.doc.4","dc_source":"https://api1.ibabs.eu/publicdownload.aspx?site=Beekdaelen&id=3cceb419-e4d4-4eb9-8d8a-00b197a2505e","dc_title":"Bijlage 2: overzicht te vervallen restantkredieten investeringen","dc_type":"bijlage","foi_fairiscoreVersions":{"v1":1,"v2":1},"foi_fileName":"Z%2F20%2F150209%20-%20247670%20-%20Bijlage%202%3A%20overzicht%20te%20vervallen%20restantkredieten%20investeringen.pdf","foi_nrPages":2},{"dc_format":"application/pdf","dc_identifier":"nl.gm1954.2c.2020.2831411-11.doc.5","dc_source":"https://api1.ibabs.eu/publicdownload.aspx?site=Beekdaelen&id=53c81fec-2cf9-4f4b-921d-89ae3e466e1c","dc_title":"Bijlage 3 begrotingswijziging 8   2e Burap 2020","dc_type":"bijlage","foi_fairiscoreVersions":{"v1":1,"v2":1},"foi_fileName":"Z%2F20%2F150209%20-%20247671%20-%20Bijlage%203%20begrotingswijziging%208%20%20%202e%20Burap%202020.pdf","foi_nrPages":1},{"dc_format":"application/pdf","dc_identifier":"nl.gm1954.2c.2020.2831411-11.doc.3","dc_source":"https://api1.ibabs.eu/publicdownload.aspx?site=Beekdaelen&id=bda95b78-4ea5-4d29-aba4-03f9448076b8","dc_title":"Bijlage 1: 2e bestuursrapportage 2020","dc_type":"bijlage","foi_fairiscoreVersions":{"v1":2,"v2":2},"foi_fileName":"Z%2F20%2F150209%20-%20248660%20-%20bijlage%201%3A%202e%20bestuursrapportage%202020%20versie%202.pdf","foi_nrPages":98},{"dc_format":"application/pdf","dc_identifier":"nl.gm1954.2c.2020.2831411-11.doc.1","dc_source":"https://api1.ibabs.eu/publicdownload.aspx?site=Beekdaelen&id=00b2c5e8-c8b5-4414-aeb7-e52b291c342d","dc_title":"Raadsvoorstel 2e Burap 2020","dc_type":"bijlage","foi_fairiscoreVersions":{"v1":1,"v2":1},"foi_fileName":"Z%2F20%2F150209doc.pdf","foi_nrPages":2},{"dc_format":"application/pdf","dc_identifier":"nl.gm1954.2c.2020.2831411-11.doc.2","dc_source":"https://api1.ibabs.eu/publicdownload.aspx?site=Beekdaelen&id=3225b0d3-015a-480f-8852-0ba82c8a5806","dc_title":"Raadsbesluit 2e Burap 2020","dc_type":"bijlage","foi_fairiscoreVersions":{"v1":1,"v2":1},"foi_fileName":"Z%2F20%2F150209doc%20%20246037raadsbesluit%202e%20Burap%202020.pdf","foi_nrPages":1}],"foi_nrDocuments":11,"foi_nrPagesInDossier":117,"foi_publishedDate":"2020-11-26","foi_retrievedDate":"2026-02-05"},{"dc_creator":"HandelingScraper_v1","dc_date_year":2020,"dc_description":"Vergadering van de Gemeente Beekdaelen op 2020-11-26. Onderdeel: Voorstel inzake wijziging GR BsGW.","dc_identifier":"nl.gm1954.2c.2020.2831411-12","dc_publisher":"gm1954","dc_source":"https://beekdaelen.bestuurlijkeinformatie.nl/Agenda/Index/5b0b0ca4-c304-4aea-a516-0a55b219e53c","dc_title":"Commissie Ruimte (t/m april 2022) 2020-11-26 - Voorstel inzake wijziging GR BsGW","dc_type":"2c","dc_type_description":"Vergaderstuk decentrale overheid","foi_fairiscoreVersions":{"v1":2,"v2":2},"foi_files":[{"dc_format":"application/pdf","dc_identifier":"nl.gm1954.2c.2020.2831411-12.doc.4","dc_source":"https://api1.ibabs.eu/publicdownload.aspx?site=Beekdaelen&id=9974ce40-44ed-4b43-842b-7df39e9a72ea","dc_title":"Gewijzigde GR BsGW incl. wijzigingen","dc_type":"bijlage","foi_fairiscoreVersions":{"v1":3,"v2":3},"foi_fileName":"Gewijzigde%20GR%20BsGW%20incl.pdf","foi_nrPages":24},{"dc_format":"application/pdf","dc_identifier":"nl.gm1954.2c.2020.2831411-12.doc.5","dc_source":"https://api1.ibabs.eu/publicdownload.aspx?site=Beekdaelen&id=f287ee48-2968-4420-9ba8-33482da089c9","dc_title":"Gewijzigde GR BsGW","dc_type":"bijlage","foi_fairiscoreVersions":{"v1":4,"v2":4},"foi_fileName":"Gewijzigde%20GR%20BwGW.pdf","foi_nrPages":19},{"dc_format":"application/pdf","dc_identifier":"nl.gm1954.2c.2020.2831411-12.doc.3","dc_source":"https://api1.ibabs.eu/publicdownload.aspx?site=Beekdaelen&id=8e2618cb-5331-474c-83de-c3dfcd16d901","dc_title":"Memorie van Antwoord technische vragen CDA inzake BsGW","dc_type":"bijlage","foi_fairiscoreVersions":{"v1":1,"v2":1},"foi_fileName":"Memorie%20van%20Antwoord%20CDA%20BsGW.pdf","foi_nrPages":1},{"dc_format":"application/pdf","dc_identifier":"nl.gm1954.2c.2020.2831411-12.doc.6","dc_source":"https://api1.ibabs.eu/publicdownload.aspx?site=Beekdaelen&id=9caa184a-9af6-4e52-ace1-3d710d9acc11","dc_title":"Memorie van Antwoord technische vragen VVD  mbt BsGW","dc_type":"bijlage","foi_fairiscoreVersions":{"v1":1,"v2":1},"foi_fileName":"Memorie%20van%20Antwoord%20VVD%20%20mbt%20BsGW.pdf","foi_nrPages":4},{"dc_format":"application/pdf","dc_identifier":"nl.gm1954.2c.2020.2831411-12.doc.1","dc_source":"https://api1.ibabs.eu/publicdownload.aspx?site=Beekdaelen&id=7c296b65-5b83-4141-98ed-fa66a8c75b9f","dc_title":"Raadsvoorstel wijziging GR BsGW","dc_type":"bijlage","foi_fairiscoreVersions":{"v1":1,"v2":1},"foi_fileName":"Z%2F19%2F135087%20-%20246175%20-%20Raadsvoorstel%20wijziging%20GR%20BsGW.pdf","foi_nrPages":2},{"dc_format":"application/pdf","dc_identifier":"nl.gm1954.2c.2020.2831411-12.doc.2","dc_source":"https://api1.ibabs.eu/publicdownload.aspx?site=Beekdaelen&id=bb1b3202-2f46-4280-b51c-9c822f4c419b","dc_title":"Raadsbesluit wijziging GR BsGW","dc_type":"bijlage","foi_fairiscoreVersions":{"v1":1,"v2":1},"foi_fileName":"Z%2F19%2F135087%20-%20246179%20-%20Raadsbesluit%20wijziging%20GR%20BsGW.pdf","foi_nrPages":1}],"foi_nrDocuments":6,"foi_nrPagesInDossier":51,"foi_publishedDate":"2020-11-26","foi_retrievedDate":"2025-11-29"},{"dc_creator":"HandelingScraper_v1","dc_date_year":2020,"dc_description":"Vergadering van de Gemeente Beekdaelen op 2020-11-26. Onderdeel: Opening, mededelingen voorzitter en vaststellen agenda.","dc_identifier":"nl.gm1954.2c.2020.2831411-2","dc_publisher":"gm1954","dc_source":"https://beekdaelen.bestuurlijkeinformatie.nl/Agenda/Index/5b0b0ca4-c304-4aea-a516-0a55b219e53c","dc_title":"Commissie Ruimte (t/m april 2022) 2020-11-26 - Opening, mededelingen voorzitter en vaststellen agenda","dc_type":"2c","dc_type_description":"Vergaderstuk decentrale overheid","foi_fairiscoreVersions":{"v1":1,"v2":1},"foi_files":[{"dc_format":"application/pdf","dc_identifier":"nl.gm1954.2c.2020.2831411-2.doc.1","dc_source":"https://api1.ibabs.eu/publicdownload.aspx?site=Beekdaelen&id=90d35fdd-8ddb-4d0b-b874-37f870263d90","dc_title":"Vastgestelde agenda cie. Ruimte & Bedrijfsvoering 26 november 2020","dc_type":"bijlage","foi_fairiscoreVersions":{"v1":1,"v2":1},"foi_fileName":"Vastgestelde%20agenda%20cie%20Ruimte%20%26%20Bedrijfsvoering%2026%20november%202020.pdf","foi_nrPages":1}],"foi_nrDocuments":1,"foi_nrPagesInDossier":1,"foi_publishedDate":"2020-11-26","foi_retrievedDate":"2026-03-02"},{"dc_creator":"HandelingScraper_v1","dc_date_year":2020,"dc_description":"Vergadering van de Gemeente Beekdaelen op 2020-11-26. Onderdeel: Vaststellen actiepuntenlijst van de commissie Ruimte d.d. 3 nov. 2020.","dc_identifier":"nl.gm1954.2c.2020.2831411-3","dc_publisher":"gm1954","dc_source":"https://beekdaelen.bestuurlijkeinformatie.nl/Agenda/Index/5b0b0ca4-c304-4aea-a516-0a55b219e53c","dc_title":"Commissie Ruimte (t/m april 2022) 2020-11-26 - Vaststellen actiepuntenlijst van de commissie Ruimte d.d. 3 nov. 2020","dc_type":"2c","dc_type_description":"Vergaderstuk decentrale overheid","foi_fairiscoreVersions":{"v1":1,"v2":1},"foi_files":[{"dc_format":"application/pdf","dc_identifier":"nl.gm1954.2c.2020.2831411-3.doc.1","dc_source":"https://api1.ibabs.eu/publicdownload.aspx?site=Beekdaelen&id=6e35c55c-12fa-465f-91f2-a4710e505fb8","dc_title":"Actiepuntenlijst cie Ruimte 20201103 - vastgesteld","dc_type":"bijlage","foi_fairiscoreVersions":{"v1":1,"v2":1},"foi_fileName":"Actiepuntenlijst%20cie%20Ruimte%2020201103%20-%20vastgesteld.pdf","foi_nrPages":4}],"foi_nrDocuments":1,"foi_nrPagesInDossier":4,"foi_publishedDate":"2020-11-26","foi_retrievedDate":"2025-12-04"},{"dc_creator":"HandelingScraper_v1","dc_date_year":2020,"dc_description":"Vergadering van de Gemeente Beekdaelen op 2020-11-26. Onderdeel: Vaststellen lijst van toezeggingen van de commissie Ruimte.","dc_identifier":"nl.gm1954.2c.2020.2831411-4","dc_publisher":"gm1954","dc_source":"https://beekdaelen.bestuurlijkeinformatie.nl/Agenda/Index/5b0b0ca4-c304-4aea-a516-0a55b219e53c","dc_title":"Commissie Ruimte (t/m april 2022) 2020-11-26 - Vaststellen lijst van toezeggingen van de commissie Ruimte","dc_type":"2c","dc_type_description":"Vergaderstuk decentrale overheid","foi_fairiscoreVersions":{"v1":1,"v2":1},"foi_files":[{"dc_format":"application/pdf","dc_identifier":"nl.gm1954.2c.2020.2831411-4.doc.2","dc_source":"https://api1.ibabs.eu/publicdownload.aspx?site=Beekdaelen&id=857885d1-3716-4cda-bf66-74f3683ef441","dc_title":"Lijst openstaande toezeggingen cie. Ruimte, aangepast griffie 10112020 (wijz. toezegging 30042020 mbt A76 bij Schinnen)","dc_type":"bijlage","foi_fairiscoreVersions":{"v1":1,"v2":1},"foi_fileName":"Lijst%20openstaande%20toezeggingen%20cie.%20Ruimte_%20aangepast%20griffie%2010112020.pdf","foi_nrPages":6},{"dc_format":"application/pdf","dc_identifier":"nl.gm1954.2c.2020.2831411-4.doc.3","dc_source":"https://api1.ibabs.eu/publicdownload.aspx?site=Beekdaelen&id=a5e21283-21ca-4a36-9fda-90c1a4f53554","dc_title":"Lijst openstaande toezeggingen cie. Ruimte, aangepast griffie 10112020 2e versie (toezeggingen uit cie 3112020 en Raad 27102020 opgenomen)","dc_type":"bijlage","foi_fairiscoreVersions":{"v1":1,"v2":1},"foi_fileName":"Lijst%20openstaande%20toezeggingen%20cie.%20Ruimte_%20aangepast%20griffie%2010112020%202e%20versie.pdf","foi_nrPages":7},{"dc_format":"application/pdf","dc_identifier":"nl.gm1954.2c.2020.2831411-4.doc.1","dc_source":"https://api1.ibabs.eu/publicdownload.aspx?site=Beekdaelen&id=837b377b-4c4e-42b7-a6c4-01d73f662073","dc_title":"Lijst openstaande toezeggingen cie. Ruimte, bijgewerkt college 30102020  Griffie 05112020","dc_type":"bijlage","foi_fairiscoreVersions":{"v1":1,"v2":1},"foi_fileName":"Lijst%20openstaande%20toezeggingen%20cie.%20Ruimte_%20bijgewerkt%20college%2030102020%20%20Griffie%2005112020.pdf","foi_nrPages":6}],"foi_nrDocuments":3,"foi_nrPagesInDossier":19,"foi_publishedDate":"2020-11-26","foi_retrievedDate":"2025-12-05"},{"dc_creator":"HandelingScraper_v1","dc_date_year":2020,"dc_description":"Vergadering van de Gemeente Beekdaelen op 2020-11-26. Onderdeel: Voorstel inzake harmonisatie groenbeheer 2021.","dc_identifier":"nl.gm1954.2c.2020.2831411-5","dc_publisher":"gm1954","dc_source":"https://beekdaelen.bestuurlijkeinformatie.nl/Agenda/Index/5b0b0ca4-c304-4aea-a516-0a55b219e53c","dc_title":"Commissie Ruimte (t/m april 2022) 2020-11-26 - Voorstel inzake harmonisatie groenbeheer 2021","dc_type":"2c","dc_type_description":"Vergaderstuk decentrale overheid","foi_fairiscoreVersions":{"v1":1,"v2":1},"foi_files":[{"dc_format":"application/pdf","dc_identifier":"nl.gm1954.2c.2020.2831411-5.doc.3","dc_source":"https://api1.ibabs.eu/publicdownload.aspx?site=Beekdaelen&id=a177f013-1e30-4351-8447-da2f0834c130","dc_title":"Memorie van Antwoord VVD mbt harmonisatie groenbeheer","dc_type":"bijlage","foi_fairiscoreVersions":{"v1":1,"v2":1},"foi_fileName":"Memorie%20van%20Antwoord%20VVD%20mbt%20harmonisatie%20groenbeheer.pdf","foi_nrPages":1},{"dc_format":"application/pdf","dc_identifier":"nl.gm1954.2c.2020.2831411-5.doc.2","dc_source":"https://api1.ibabs.eu/publicdownload.aspx?site=Beekdaelen&id=0aabfdf8-579b-45be-9bd9-359b5175bcbd","dc_title":"RB Harmonisatie groenbeheer 2021","dc_type":"bijlage","foi_fairiscoreVersions":{"v1":1,"v2":1},"foi_fileName":"RB%20Harmonisatie%20groenbeheer%202021.pdf","foi_nrPages":1},{"dc_format":"application/pdf","dc_identifier":"nl.gm1954.2c.2020.2831411-5.doc.1","dc_source":"https://api1.ibabs.eu/publicdownload.aspx?site=Beekdaelen&id=42ff0d50-667c-4557-aac8-49237ef19c22","dc_title":"RV Harmonisatie groenbeheer 2021","dc_type":"bijlage","foi_fairiscoreVersions":{"v1":1,"v2":1},"foi_fileName":"RV%20Harmonisatie%20groenbeheer%202021.pdf","foi_nrPages":3}],"foi_nrDocuments":3,"foi_nrPagesInDossier":5,"foi_publishedDate":"2020-11-26","foi_retrievedDate":"2026-02-12"},{"dc_creator":"HandelingScraper_v1","dc_date_year":2020,"dc_description":"Vergadering van de Gemeente Beekdaelen op 2020-11-26. Onderdeel: Voorstel inzake vaststellen ambitieniveau groenbeheer 2022.","dc_identifier":"nl.gm1954.2c.2020.2831411-6","dc_publisher":"gm1954","dc_source":"https://beekdaelen.bestuurlijkeinformatie.nl/Agenda/Index/5b0b0ca4-c304-4aea-a516-0a55b219e53c","dc_title":"Commissie Ruimte (t/m april 2022) 2020-11-26 - Voorstel inzake vaststellen ambitieniveau groenbeheer 2022","dc_type":"2c","dc_type_description":"Vergaderstuk decentrale overheid","foi_fairiscoreVersions":{"v1":1,"v2":1},"foi_files":[{"dc_format":"application/pdf","dc_identifier":"nl.gm1954.2c.2020.2831411-6.doc.5","dc_source":"https://api1.ibabs.eu/publicdownload.aspx?site=Beekdaelen&id=1d5949cd-d17b-4dec-8d86-0746b916b739","dc_title":"Functiegebieden - kaart 1","dc_type":"bijlage","foi_fairiscoreVersions":{"v1":1,"v2":1},"foi_fileName":"Functiegebieden%20-%20kaart%201.pdf","foi_nrPages":1},{"dc_format":"application/pdf","dc_identifier":"nl.gm1954.2c.2020.2831411-6.doc.6","dc_source":"https://api1.ibabs.eu/publicdownload.aspx?site=Beekdaelen&id=a80fc469-8976-4637-ba6f-8375b49381d9","dc_title":"Functiegebieden - kaart 2","dc_type":"bijlage","foi_fairiscoreVersions":{"v1":1,"v2":1},"foi_fileName":"Functiegebieden%20-%20kaart%202.pdf","foi_nrPages":1},{"dc_format":"application/pdf","dc_identifier":"nl.gm1954.2c.2020.2831411-6.doc.7","dc_source":"https://api1.ibabs.eu/publicdownload.aspx?site=Beekdaelen&id=8b62577d-1152-4286-ab20-23c1f1e295a4","dc_title":"Functiegebieden - kaart 3","dc_type":"bijlage","foi_fairiscoreVersions":{"v1":1,"v2":1},"foi_fileName":"Functiegebieden%20-%20kaart%203.pdf","foi_nrPages":1},{"dc_format":"application/pdf","dc_identifier":"nl.gm1954.2c.2020.2831411-6.doc.8","dc_source":"https://api1.ibabs.eu/publicdownload.aspx?site=Beekdaelen&id=2364e5aa-c032-4469-9516-7cceb6eaceb7","dc_title":"Functiegebieden - kaart 4","dc_type":"bijlage","foi_fairiscoreVersions":{"v1":1,"v2":1},"foi_fileName":"Functiegebieden%20-%20kaart%204.pdf","foi_nrPages":1},{"dc_format":"application/pdf","dc_identifier":"nl.gm1954.2c.2020.2831411-6.doc.9","dc_source":"https://api1.ibabs.eu/publicdownload.aspx?site=Beekdaelen&id=b3deab46-0565-4f5c-9978-f1602b170853","dc_title":"Functiegebieden - kaart 5","dc_type":"bijlage","foi_fairiscoreVersions":{"v1":1,"v2":1},"foi_fileName":"Functiegebieden%20-%20kaart%205.pdf","foi_nrPages":1},{"dc_format":"application/pdf","dc_identifier":"nl.gm1954.2c.2020.2831411-6.doc.10","dc_source":"https://api1.ibabs.eu/publicdownload.aspx?site=Beekdaelen&id=649609f9-dcac-46f2-91bb-4f3b2e7a62a3","dc_title":"Functiegebieden - kaart 6","dc_type":"bijlage","foi_fairiscoreVersions":{"v1":1,"v2":1},"foi_fileName":"Functiegebieden%20-%20kaart%206.pdf","foi_nrPages":1},{"dc_format":"application/pdf","dc_identifier":"nl.gm1954.2c.2020.2831411-6.doc.3","dc_source":"https://api1.ibabs.eu/publicdownload.aspx?site=Beekdaelen&id=f3d236eb-bbdc-40c7-84b1-8c7a7804a84a","dc_title":"Memorie van toelichting","dc_type":"bijlage","foi_fairiscoreVersions":{"v1":1,"v2":1},"foi_fileName":"Memorie%20van%20toelichting.pdf","foi_nrPages":2},{"dc_format":"application/pdf","dc_identifier":"nl.gm1954.2c.2020.2831411-6.doc.4","dc_source":"https://api1.ibabs.eu/publicdownload.aspx?site=Beekdaelen&id=1bb2dba4-a8d7-410c-b956-727b61cc4df7","dc_title":"Onderbouwing Raadsvoorstel ambitieniveau groenbeheer 2022","dc_type":"bijlage","foi_fairiscoreVersions":{"v1":1,"v2":1},"foi_fileName":"Onderbouwing%20Raadsvoorstel%20ambitieniveau%20groenbeheer%202022.pdf","foi_nrPages":4},{"dc_format":"application/pdf","dc_identifier":"nl.gm1954.2c.2020.2831411-6.doc.2","dc_source":"https://api1.ibabs.eu/publicdownload.aspx?site=Beekdaelen&id=06b45ada-6394-4354-88c1-62ee0169ff2e","dc_title":"RB Ambitieniveau groenbeheer 2022","dc_type":"bijlage","foi_fairiscoreVersions":{"v1":1,"v2":1},"foi_fileName":"RB%20Ambitieniveau%20groenbeheer%202022.pdf","foi_nrPages":1},{"dc_format":"application/pdf","dc_identifier":"nl.gm1954.2c.2020.2831411-6.doc.1","dc_source":"https://api1.ibabs.eu/publicdownload.aspx?site=Beekdaelen&id=3913377e-595c-444a-bbf0-3dd50b2b183d","dc_title":"RV Ambitieniveau groenbeheer 2022","dc_type":"bijlage","foi_fairiscoreVersions":{"v1":1,"v2":1},"foi_fileName":"RV%20Ambitieniveau%20groenbeheer%202022.pdf","foi_nrPages":5}],"foi_nrDocuments":10,"foi_nrPagesInDossier":18,"foi_publishedDate":"2020-11-26","foi_retrievedDate":"2026-03-10"},{"dc_creator":"HandelingScraper_v1","dc_date_year":2020,"dc_description":"Vergadering van de Gemeente Beekdaelen op 2020-11-26. Onderdeel: Voorstel inzake harmonisatie Erfgoedverordening Beekdaelen.","dc_identifier":"nl.gm1954.2c.2020.2831411-7","dc_publisher":"gm1954","dc_source":"https://beekdaelen.bestuurlijkeinformatie.nl/Agenda/Index/5b0b0ca4-c304-4aea-a516-0a55b219e53c","dc_title":"Commissie Ruimte (t/m april 2022) 2020-11-26 - Voorstel inzake harmonisatie Erfgoedverordening Beekdaelen","dc_type":"2c","dc_type_description":"Vergaderstuk decentrale overheid","foi_fairiscoreVersions":{"v1":2,"v2":2},"foi_files":[{"dc_format":"application/pdf","dc_identifier":"nl.gm1954.2c.2020.2831411-7.doc.3","dc_source":"https://api1.ibabs.eu/publicdownload.aspx?site=Beekdaelen&id=3a4d58ea-5294-444e-9dcc-0365cac81fe4","dc_title":"Erfgoedverordening","dc_type":"bijlage","foi_fairiscoreVersions":{"v1":2,"v2":2},"foi_fileName":"Erfgoedverordening.pdf","foi_nrPages":26},{"dc_format":"application/pdf","dc_identifier":"nl.gm1954.2c.2020.2831411-7.doc.2","dc_source":"https://api1.ibabs.eu/publicdownload.aspx?site=Beekdaelen&id=bf9220d0-5208-4733-b5d3-772c39913b3d","dc_title":"RB inzake Erfgoedverordening","dc_type":"bijlage","foi_fairiscoreVersions":{"v1":1,"v2":1},"foi_fileName":"RB%20inzake%20Erfgoedverordening.pdf","foi_nrPages":1},{"dc_format":"application/pdf","dc_identifier":"nl.gm1954.2c.2020.2831411-7.doc.1","dc_source":"https://api1.ibabs.eu/publicdownload.aspx?site=Beekdaelen&id=3a4b0cbc-833e-4f4a-93c9-95851fbd8b35","dc_title":"RV inzake Erfgoedverordening","dc_type":"bijlage","foi_fairiscoreVersions":{"v1":1,"v2":1},"foi_fileName":"RV%20inzake%20Erfgoedverordening.pdf","foi_nrPages":3}],"foi_nrDocuments":3,"foi_nrPagesInDossier":30,"foi_publishedDate":"2020-11-26","foi_retrievedDate":"2026-03-02"},{"dc_creator":"HandelingScraper_v1","dc_date_year":2020,"dc_description":"Vergadering van de Gemeente Beekdaelen op 2020-11-26. Onderdeel: Voorstel inzake harmonisatie Bouwverordening Beekdaelen.","dc_identifier":"nl.gm1954.2c.2020.2831411-8","dc_publisher":"gm1954","dc_source":"https://beekdaelen.bestuurlijkeinformatie.nl/Agenda/Index/5b0b0ca4-c304-4aea-a516-0a55b219e53c","dc_title":"Commissie Ruimte (t/m april 2022) 2020-11-26 - Voorstel inzake harmonisatie Bouwverordening Beekdaelen","dc_type":"2c","dc_type_description":"Vergaderstuk decentrale overheid","foi_fairiscoreVersions":{"v1":1,"v2":1},"foi_files":[{"dc_format":"application/pdf","dc_identifier":"nl.gm1954.2c.2020.2831411-8.doc.3","dc_source":"https://api1.ibabs.eu/publicdownload.aspx?site=Beekdaelen&id=9a9a14f5-4f6b-4197-b933-38ec58b80276","dc_title":"Bouwverordening 2021","dc_type":"bijlage","foi_fairiscoreVersions":{"v1":1,"v2":1},"foi_fileName":"Bouwverordening%202021.pdf","foi_nrPages":10},{"dc_format":"application/pdf","dc_identifier":"nl.gm1954.2c.2020.2831411-8.doc.4","dc_source":"https://api1.ibabs.eu/publicdownload.aspx?site=Beekdaelen&id=b88f8b64-d37a-445f-8753-60094f8ad58a","dc_title":"Memorie van Antwoord BL technische voorvragen commissie","dc_type":"bijlage","foi_fairiscoreVersions":{"v1":1,"v2":1},"foi_fileName":"Memorie%20van%20Antwoord%20BL%20technische%20voorvragen%20commissie.pdf","foi_nrPages":1},{"dc_format":"application/pdf","dc_identifier":"nl.gm1954.2c.2020.2831411-8.doc.2","dc_source":"https://api1.ibabs.eu/publicdownload.aspx?site=Beekdaelen&id=c4dd2e1b-a8b7-4183-ad09-bcc5abc0704e","dc_title":"Raadsbesluit bouwverordening.pdf","dc_type":"bijlage","foi_fairiscoreVersions":{"v1":1,"v2":1},"foi_fileName":"raadsbesluit%20bouwverordening.pdf","foi_nrPages":1},{"dc_format":"application/pdf","dc_identifier":"nl.gm1954.2c.2020.2831411-8.doc.1","dc_source":"https://api1.ibabs.eu/publicdownload.aspx?site=Beekdaelen&id=19eb50f9-478c-4c20-bf91-dc3e1ecc8790","dc_title":"Raadsvoorstel bouwverordening.pdf","dc_type":"bijlage","foi_fairiscoreVersions":{"v1":1,"v2":1},"foi_fileName":"raadsvoorstel%20bouwverordening.pdf","foi_nrPages":2}],"foi_nrDocuments":4,"foi_nrPagesInDossier":14,"foi_publishedDate":"2020-11-26","foi_retrievedDate":"2025-11-29"},{"dc_creator":"HandelingScraper_v1","dc_date_year":2020,"dc_description":"Vergadering van de Gemeente Beekdaelen op 2020-11-26. Onderdeel: Voorstel inzake harmonisatie Verordening straatnaamgeving en huisnummering Beekdaelen.","dc_identifier":"nl.gm1954.2c.2020.2831411-9","dc_publisher":"gm1954","dc_source":"https://beekdaelen.bestuurlijkeinformatie.nl/Agenda/Index/5b0b0ca4-c304-4aea-a516-0a55b219e53c","dc_title":"Commissie Ruimte (t/m april 2022) 2020-11-26 - Voorstel inzake harmonisatie Verordening straatnaamgeving en huisnummering Beekdaelen","dc_type":"2c","dc_type_description":"Vergaderstuk decentrale overheid","foi_fairiscoreVersions":{"v1":1,"v2":1},"foi_files":[{"dc_format":"application/pdf","dc_identifier":"nl.gm1954.2c.2020.2831411-9.doc.3","dc_source":"https://api1.ibabs.eu/publicdownload.aspx?site=Beekdaelen&id=b8b27b87-b636-4504-bd30-d27f4d50ad48","dc_title":"Ledenbrief VNG","dc_type":"bijlage","foi_fairiscoreVersions":{"v1":1,"v2":1},"foi_fileName":"Ledenbrief%20VNG.pdf","foi_nrPages":3},{"dc_format":"application/pdf","dc_identifier":"nl.gm1954.2c.2020.2831411-9.doc.5","dc_source":"https://api1.ibabs.eu/publicdownload.aspx?site=Beekdaelen&id=80bfa26b-bb7b-438f-8ebe-d9b06298acba","dc_title":"Memorie van Antwoord BL technische voorvragen commissie","dc_type":"bijlage","foi_fairiscoreVersions":{"v1":1,"v2":1},"foi_fileName":"Memorie%20van%20Antwoord%20BL%20technische%20voorvragen%20commissie.pdf","foi_nrPages":1},{"dc_format":"application/pdf","dc_identifier":"nl.gm1954.2c.2020.2831411-9.doc.2","dc_source":"https://api1.ibabs.eu/publicdownload.aspx?site=Beekdaelen&id=b4ade4bc-1bee-4484-bfd2-9892bf300015","dc_title":"Raadsbesluit Verordening naamgeving en nummering","dc_type":"bijlage","foi_fairiscoreVersions":{"v1":1,"v2":1},"foi_fileName":"raadsbesluit.pdf","foi_nrPages":1},{"dc_format":"application/pdf","dc_identifier":"nl.gm1954.2c.2020.2831411-9.doc.1","dc_source":"https://api1.ibabs.eu/publicdownload.aspx?site=Beekdaelen&id=8c09d90d-ba3b-4371-8350-3681a943bb85","dc_title":"Raadsvoorstel Verordening naamgeving en nummering","dc_type":"bijlage","foi_fairiscoreVersions":{"v1":1,"v2":1},"foi_fileName":"raadsvoorstel.pdf","foi_nrPages":2},{"dc_format":"application/pdf","dc_identifier":"nl.gm1954.2c.2020.2831411-9.doc.4","dc_source":"https://api1.ibabs.eu/publicdownload.aspx?site=Beekdaelen&id=d3cbedae-6f4e-40ad-854b-7034f9cb9c4d","dc_title":"Verordening naamgeving en nummering def vastgesteld 15122020","dc_type":"bijlage","foi_fairiscoreVersions":{"v1":1,"v2":1},"foi_fileName":"Verordening%20naamgeving%20en%20nummering%20def.pdf","foi_nrPages":8}],"foi_nrDocuments":5,"foi_nrPagesInDossier":15,"foi_publishedDate":"2020-11-26","foi_retrievedDate":"2025-12-05"},{"dc_creator":"HandelingScraper_v1","dc_date_year":2020,"dc_description":"Vergadering van de Gemeente Beekdaelen op 2020-12-08. Onderdeel: Vaststellen agenda..","dc_identifier":"nl.gm1954.2c.2020.2831483-1","dc_publisher":"gm1954","dc_source":"https://beekdaelen.bestuurlijkeinformatie.nl/Agenda/Index/421872a4-e925-4db5-be59-c7cd0b77064d","dc_title":"BDN Commissie AWACS Limburg 2020-12-08 - Vaststellen agenda.","dc_type":"2c","dc_type_description":"Vergaderstuk decentrale overheid","foi_fairiscoreVersions":{"v1":1,"v2":1},"foi_files":[{"dc_format":"application/pdf","dc_identifier":"nl.gm1954.2c.2020.2831483-1.doc.1","dc_source":"https://api1.ibabs.eu/publicdownload.aspx?site=Beekdaelen&id=935b6546-293f-42e0-85dc-d850ba2c905d","dc_title":"CAL-AWACS-20-030-Bijlage 1 Concept-agenda.pdf","dc_type":"bijlage","foi_fairiscoreVersions":{"v1":1,"v2":1},"foi_fileName":"CAL-AWACS-20-030-Bijlage%201%20Concept-agenda.pdf","foi_nrPages":2}],"foi_nrDocuments":1,"foi_nrPagesInDossier":2,"foi_publishedDate":"2020-12-08","foi_retrievedDate":"2025-11-30"},{"dc_creator":"HandelingScraper_v1","dc_date_year":2020,"dc_description":"Vergadering van de Gemeente Beekdaelen op 2020-12-08. Onderdeel: Analyse geluidreductie Geilenkirchen 2016-2019. Toelichting NLR. (max. 20 min.).","dc_identifier":"nl.gm1954.2c.2020.2831483-2","dc_publisher":"gm1954","dc_source":"https://beekdaelen.bestuurlijkeinformatie.nl/Agenda/Index/421872a4-e925-4db5-be59-c7cd0b77064d","dc_title":"BDN Commissie AWACS Limburg 2020-12-08 - Analyse geluidreductie Geilenkirchen 2016-2019. Toelichting NLR. (max. 20 min.)","dc_type":"2c","dc_type_description":"Vergaderstuk decentrale overheid","foi_fairiscoreVersions":{"v1":null,"v2":null},"foi_files":[{"dc_format":"application/pdf","dc_identifier":"nl.gm1954.2c.2020.2831483-2.doc.1","dc_source":"https://api1.ibabs.eu/publicdownload.aspx?site=Beekdaelen&id=35be1f73-1e04-4b26-8425-643ca081909f","dc_title":"CAL-AWACS-20-031-Bijlage 2- Analyse geluidreductie Geilenkirchen 2016-2019.pdf","dc_type":"bijlage","foi_fileName":"CAL-AWACS-20-031-Bijlage%202-%20Analyse%20geluidreductie%20Geilenkirchen%202016-2019.pdf"}],"foi_nrDocuments":1,"foi_nrPagesInDossier":0,"foi_publishedDate":"2020-12-08","foi_retrievedDate":"2025-12-01"},{"dc_creator":"HandelingScraper_v1","dc_date_year":2020,"dc_description":"Vergadering van de Gemeente Beekdaelen op 2020-12-08. Onderdeel: Vaststellen concept-verslag vergadering Commissie AWACS Limburg 10-9-2020..","dc_identifier":"nl.gm1954.2c.2020.2831483-3","dc_publisher":"gm1954","dc_source":"https://beekdaelen.bestuurlijkeinformatie.nl/Agenda/Index/421872a4-e925-4db5-be59-c7cd0b77064d","dc_title":"BDN Commissie AWACS Limburg 2020-12-08 - Vaststellen concept-verslag vergadering Commissie AWACS Limburg 10-9-2020.","dc_type":"2c","dc_type_description":"Vergaderstuk decentrale overheid","foi_fairiscoreVersions":{"v1":1,"v2":1},"foi_files":[{"dc_format":"application/pdf","dc_identifier":"nl.gm1954.2c.2020.2831483-3.doc.1","dc_source":"https://api1.ibabs.eu/publicdownload.aspx?site=Beekdaelen&id=7b7d73ec-1b1b-4dbf-859e-c22e3940aba2","dc_title":"CAL-AWACS-20-032-Bijlage 3-concept-verslag-100920.pdf","dc_type":"bijlage","foi_fairiscoreVersions":{"v1":1,"v2":1},"foi_fileName":"CAL-AWACS-20-032-Bijlage%203-concept-verslag-100920.pdf","foi_nrPages":6}],"foi_nrDocuments":1,"foi_nrPagesInDossier":6,"foi_publishedDate":"2020-12-08","foi_retrievedDate":"2025-12-02"},{"dc_creator":"HandelingScraper_v1","dc_date_year":2020,"dc_description":"Vergadering van de Gemeente Beekdaelen op 2020-12-08. Onderdeel: Actiepuntenlijst Commissie..","dc_identifier":"nl.gm1954.2c.2020.2831483-4","dc_publisher":"gm1954","dc_source":"https://beekdaelen.bestuurlijkeinformatie.nl/Agenda/Index/421872a4-e925-4db5-be59-c7cd0b77064d","dc_title":"BDN Commissie AWACS Limburg 2020-12-08 - Actiepuntenlijst Commissie.","dc_type":"2c","dc_type_description":"Vergaderstuk decentrale overheid","foi_fairiscoreVersions":{"v1":1,"v2":1},"foi_files":[{"dc_format":"application/pdf","dc_identifier":"nl.gm1954.2c.2020.2831483-4.doc.1","dc_source":"https://api1.ibabs.eu/publicdownload.aspx?site=Beekdaelen&id=1bdf60d5-caeb-4199-93ea-e17c22a4484e","dc_title":"CAL-AWACS-20-033-bijlage 4- actielijst.pdf","dc_type":"bijlage","foi_fairiscoreVersions":{"v1":1,"v2":1},"foi_fileName":"CAL-AWACS-20-033-bijlage%204-%20actielijst.pdf","foi_nrPages":1}],"foi_nrDocuments":1,"foi_nrPagesInDossier":1,"foi_publishedDate":"2020-12-08","foi_retrievedDate":"2026-03-07"},{"dc_creator":"HandelingScraper_v1","dc_date_year":2020,"dc_description":"Vergadering van de Gemeente Beekdaelen op 2020-12-08. Onderdeel: Adviesaanvraag luchtonderzoek RUD-ZL naar aanleiding van CAL 10-9-2020..","dc_identifier":"nl.gm1954.2c.2020.2831483-5","dc_publisher":"gm1954","dc_source":"https://beekdaelen.bestuurlijkeinformatie.nl/Agenda/Index/421872a4-e925-4db5-be59-c7cd0b77064d","dc_title":"BDN Commissie AWACS Limburg 2020-12-08 - Adviesaanvraag luchtonderzoek RUD-ZL naar aanleiding van CAL 10-9-2020.","dc_type":"2c","dc_type_description":"Vergaderstuk decentrale overheid","foi_fairiscoreVersions":{"v1":1,"v2":1},"foi_files":[{"dc_format":"application/pdf","dc_identifier":"nl.gm1954.2c.2020.2831483-5.doc.1","dc_source":"https://api1.ibabs.eu/publicdownload.aspx?site=Beekdaelen&id=d46adbbe-7b1c-4faa-8131-16cf46917f72","dc_title":"CAL-AWACS-20-034-Bijlage 5-  Adviesaanvraag luchtonderzoek.pdf","dc_type":"bijlage","foi_fairiscoreVersions":{"v1":1,"v2":1},"foi_fileName":"CAL-AWACS-20-034-Bijlage%205-%20%20Adviesaanvraag%20luchtonderzoek.pdf","foi_nrPages":19}],"foi_nrDocuments":1,"foi_nrPagesInDossier":19,"foi_publishedDate":"2020-12-08","foi_retrievedDate":"2025-12-04"},{"dc_creator":"HandelingScraper_v1","dc_date_year":2020,"dc_description":"Vergadering van de Gemeente Beekdaelen op 2020-12-08. Onderdeel: Motie raad Beekdaelen stikstofuitstoot AWACS (stand van zaken/mondelinge toelichting door Beekdaelen..","dc_identifier":"nl.gm1954.2c.2020.2831483-6","dc_publisher":"gm1954","dc_source":"https://beekdaelen.bestuurlijkeinformatie.nl/Agenda/Index/421872a4-e925-4db5-be59-c7cd0b77064d","dc_title":"BDN Commissie AWACS Limburg 2020-12-08 - Motie raad Beekdaelen stikstofuitstoot AWACS (stand van zaken/mondelinge toelichting door Beekdaelen.","dc_type":"2c","dc_type_description":"Vergaderstuk decentrale overheid","foi_fairiscoreVersions":{"v1":5,"v2":5},"foi_files":[{"dc_format":"application/pdf","dc_identifier":"nl.gm1954.2c.2020.2831483-6.doc.1","dc_source":"https://api1.ibabs.eu/publicdownload.aspx?site=Beekdaelen&id=00f46b6f-d770-4c57-b667-163e706ebe74","dc_title":"CAL-AWACS-20-035-Bijlage 6 - motie coalitie stikstofuitstoot.pdf","dc_type":"bijlage","foi_fairiscoreVersions":{"v1":5,"v2":5},"foi_fileName":"CAL-AWACS-20-035-Bijlage%206%20-%20motie%20coalitie%20stikstofuitstoot.pdf","foi_nrPages":1}],"foi_nrDocuments":1,"foi_nrPagesInDossier":1,"foi_publishedDate":"2020-12-08","foi_retrievedDate":"2026-01-23"},{"dc_creator":"HandelingScraper_v1","dc_date_year":2020,"dc_description":"Vergadering van de Gemeente Beekdaelen op 2020-12-08. Onderdeel: Stichting Klachtentelefoon Luchtverkeer Zuid-Limburg/Klachten Informatie Centrum Luchtverkeer..","dc_identifier":"nl.gm1954.2c.2020.2831483-7","dc_publisher":"gm1954","dc_source":"https://beekdaelen.bestuurlijkeinformatie.nl/Agenda/Index/421872a4-e925-4db5-be59-c7cd0b77064d","dc_title":"BDN Commissie AWACS Limburg 2020-12-08 - Stichting Klachtentelefoon Luchtverkeer Zuid-Limburg/Klachten Informatie Centrum Luchtverkeer.","dc_type":"2c","dc_type_description":"Vergaderstuk decentrale overheid","foi_fairiscoreVersions":{"v1":1,"v2":1},"foi_files":[{"dc_format":"application/pdf","dc_identifier":"nl.gm1954.2c.2020.2831483-7.doc.1","dc_source":"https://api1.ibabs.eu/publicdownload.aspx?site=Beekdaelen&id=ec378c29-4716-4627-aa67-acefd236a289","dc_title":"CAL-AWACS-20-036-Bijlage 7 - historie Stichting Klachtentelefoon en klachtenregeling.pdf","dc_type":"bijlage","foi_fairiscoreVersions":{"v1":1,"v2":1},"foi_fileName":"CAL-AWACS-20-036-Bijlage%207%20-%20historie%20Stichting%20Klachtentelefoon%20en%20klachtenregeling.pdf","foi_nrPages":4},{"dc_format":"application/pdf","dc_identifier":"nl.gm1954.2c.2020.2831483-7.doc.2","dc_source":"https://api1.ibabs.eu/publicdownload.aspx?site=Beekdaelen&id=d87532f4-3010-4d8b-ba22-93d3af97e55d","dc_title":"CAL-AWACS-20-037-Bijlage 8- Overzicht klachten 3e kw 2020 (incl. managementsamenvatting).pdf","dc_type":"bijlage","foi_fairiscoreVersions":{"v1":1,"v2":1},"foi_fileName":"CAL-AWACS-20-037-Bijlage%208-%20Overzicht%20klachten%203e%20kw%202020%20%28incl.%20managementsamenvatting%29.pdf","foi_nrPages":18},{"dc_format":"application/pdf","dc_identifier":"nl.gm1954.2c.2020.2831483-7.doc.3","dc_source":"https://api1.ibabs.eu/publicdownload.aspx?site=Beekdaelen&id=7ea26b84-05be-4148-983c-c5e90a5688ce","dc_title":"CAL-AWACS-20-038-Bijlage 9- Overzicht vliegtuigbewegingen.pdf","dc_type":"bijlage","foi_fairiscoreVersions":{"v1":1,"v2":1},"foi_fileName":"CAL-AWACS-20-038-Bijlage%209-%20Overzicht%20vliegtuigbewegingen.pdf","foi_nrPages":6}],"foi_nrDocuments":3,"foi_nrPagesInDossier":28,"foi_publishedDate":"2020-12-08","foi_retrievedDate":"2026-03-03"},{"dc_creator":"HandelingScraper_v1","dc_date_year":2020,"dc_description":"Vergadering van de Gemeente Beekdaelen op 2020-12-08. Onderdeel: Halfjaarrapportage vliegbaanbewaking vliegbasis Geilenkirchen, Eerste Halfjaar 2020..","dc_identifier":"nl.gm1954.2c.2020.2831483-8","dc_publisher":"gm1954","dc_source":"https://beekdaelen.bestuurlijkeinformatie.nl/Agenda/Index/421872a4-e925-4db5-be59-c7cd0b77064d","dc_title":"BDN Commissie AWACS Limburg 2020-12-08 - Halfjaarrapportage vliegbaanbewaking vliegbasis Geilenkirchen, Eerste Halfjaar 2020.","dc_type":"2c","dc_type_description":"Vergaderstuk decentrale overheid","foi_fairiscoreVersions":{"v1":null,"v2":null},"foi_files":[{"dc_format":"application/pdf","dc_identifier":"nl.gm1954.2c.2020.2831483-8.doc.1","dc_source":"https://api1.ibabs.eu/publicdownload.aspx?site=Beekdaelen&id=dde2dafb-64de-4ac9-af83-39735a2c9e99","dc_title":"CAL-AWACS-20-039-Bijlage 10 - 1e halfjaarraportage NLR.pdf","dc_type":"bijlage","foi_fileName":"CAL-AWACS-20-039-Bijlage%2010%20-%201e%20halfjaarraportage%20NLR.pdf"}],"foi_nrDocuments":1,"foi_nrPagesInDossier":0,"foi_publishedDate":"2020-12-08","foi_retrievedDate":"2025-11-30"},{"dc_creator":"HandelingScraper_v1","dc_date_year":2020,"dc_description":"Vergadering van de Gemeente Beekdaelen op 2020-12-08. Onderdeel: Ingekomen stukken en uitgaande stukken..","dc_identifier":"nl.gm1954.2c.2020.2831483-9","dc_publisher":"gm1954","dc_source":"https://beekdaelen.bestuurlijkeinformatie.nl/Agenda/Index/421872a4-e925-4db5-be59-c7cd0b77064d","dc_title":"BDN Commissie AWACS Limburg 2020-12-08 - Ingekomen stukken en uitgaande stukken.","dc_type":"2c","dc_type_description":"Vergaderstuk decentrale overheid","foi_fairiscoreVersions":{"v1":4,"v2":3},"foi_files":[{"dc_format":"application/pdf","dc_identifier":"nl.gm1954.2c.2020.2831483-9.doc.1","dc_source":"https://api1.ibabs.eu/publicdownload.aspx?site=Beekdaelen&id=783c84a1-4305-40a7-abe4-f90e415df010","dc_title":"CAL-AWACS-20-040 - Bijlage 11 - Uitnodiging Beekdaelen - Brunssum -Tweede Kamer.pdf","dc_type":"bijlage","foi_fairiscoreVersions":{"v1":5,"v2":5},"foi_fileName":"CAL-AWACS-20-040%20-%20Bijlage%2011%20-%20Uitnodiging%20Beekdaelen%20-%20Brunssum%20-Tweede%20Kamer.pdf","foi_nrPages":2},{"dc_format":"application/pdf","dc_identifier":"nl.gm1954.2c.2020.2831483-9.doc.2","dc_source":"https://api1.ibabs.eu/publicdownload.aspx?site=Beekdaelen&id=0bf7c2d0-834a-488e-81d7-9c7a1cd61ea8","dc_title":"CAL-AWACS-20-041-Bijlage 12 - Brief Beekdaelen Subsidieregeling geluidsmeetnet 2017-2019.pdf","dc_type":"bijlage","foi_fairiscoreVersions":{"v1":5,"v2":5},"foi_fileName":"CAL-AWACS-20-041-Bijlage%2012%20-%20Brief%20Beekdaelen%20Subsidieregeling%20geluidsmeetnet%202017-2019.pdf","foi_nrPages":2},{"dc_format":"application/pdf","dc_identifier":"nl.gm1954.2c.2020.2831483-9.doc.4","dc_source":"https://api1.ibabs.eu/publicdownload.aspx?site=Beekdaelen&id=48bd0001-2647-4664-9510-850aa2c540d5","dc_title":"CAL-AWACS-20-042.pdf","dc_type":"bijlage","foi_fairiscoreVersions":{"v1":1,"v2":1},"foi_fileName":"CAL-AWACS-20-042.pdf","foi_nrPages":4},{"dc_format":"application/pdf","dc_identifier":"nl.gm1954.2c.2020.2831483-9.doc.3","dc_source":"https://api1.ibabs.eu/publicdownload.aspx?site=Beekdaelen&id=07ec6ce2-20c1-4add-897a-77eb22294e08","dc_title":"CAL-AWACS-20-043-Bijlage 13- Milit\u00e4rischer Flugplatz Geilenkirchen Karte 1.pdf","dc_type":"bijlage","foi_fairiscoreVersions":{"v1":2,"v2":1},"foi_fileName":"CAL-AWACS-20-043-Bijlage%2013-%20Milit%C3%A4rischer%20Flugplatz%20Geilenkirchen%20Karte%201.pdf","foi_nrPages":1}],"foi_nrDocuments":4,"foi_nrPagesInDossier":9,"foi_publishedDate":"2020-12-08","foi_retrievedDate":"2025-12-01"},{"dc_creator":"HandelingScraper_v1","dc_date_year":2020,"dc_description":"Vergadering van de Gemeente Beekdaelen op 2020-12-15. Onderdeel: Opening.","dc_identifier":"nl.gm1954.2c.2020.2831507-1","dc_publisher":"gm1954","dc_source":"https://beekdaelen.bestuurlijkeinformatie.nl/Agenda/Index/bbfefb32-ff76-44e7-beea-8ece77b58b76","dc_title":"Raadsvergadering 2020-12-15 - Opening","dc_type":"2c","dc_type_description":"Vergaderstuk decentrale overheid","foi_fairiscoreVersions":{"v1":1,"v2":1},"foi_files":[{"dc_format":"application/pdf","dc_identifier":"nl.gm1954.2c.2020.2831507-1.doc.1","dc_source":"https://api1.ibabs.eu/publicdownload.aspx?site=Beekdaelen&id=9f315909-9b03-4521-856f-3ba045aef836","dc_title":"Uitnodiging en agenda raadsvergadering 15 december 2020","dc_type":"bijlage","foi_fairiscoreVersions":{"v1":1,"v2":1},"foi_fileName":"Uitnodiging%20en%20agenda%20raadsvergadering%2015%20december%202020.pdf","foi_nrPages":2}],"foi_nrDocuments":1,"foi_nrPagesInDossier":2,"foi_publishedDate":"2020-12-15","foi_retrievedDate":"2026-03-06"},{"dc_creator":"HandelingScraper_v1","dc_date_year":2020,"dc_description":"Vergadering van de Gemeente Beekdaelen op 2020-12-15. Onderdeel: Voorstel inzake vaststellen verordening Naamgeving en nummering Beekdaelen 2021.","dc_identifier":"nl.gm1954.2c.2020.2831507-10","dc_publisher":"gm1954","dc_source":"https://beekdaelen.bestuurlijkeinformatie.nl/Agenda/Index/bbfefb32-ff76-44e7-beea-8ece77b58b76","dc_title":"Raadsvergadering 2020-12-15 - Voorstel inzake vaststellen verordening Naamgeving en nummering Beekdaelen 2021","dc_type":"2c","dc_type_description":"Vergaderstuk decentrale overheid","foi_fairiscoreVersions":{"v1":1,"v2":1},"foi_files":[{"dc_format":"application/pdf","dc_identifier":"nl.gm1954.2c.2020.2831507-10.doc.4","dc_source":"https://api1.ibabs.eu/publicdownload.aspx?site=Beekdaelen&id=b8b27b87-b636-4504-bd30-d27f4d50ad48","dc_title":"Ledenbrief VNG","dc_type":"bijlage","foi_fairiscoreVersions":{"v1":1,"v2":1},"foi_fileName":"Ledenbrief%20VNG.pdf","foi_nrPages":3},{"dc_format":"application/pdf","dc_identifier":"nl.gm1954.2c.2020.2831507-10.doc.1","dc_source":"https://api1.ibabs.eu/publicdownload.aspx?site=Beekdaelen&id=8c09d90d-ba3b-4371-8350-3681a943bb85","dc_title":"Raadsvoorstel Verordening naamgeving en nummering","dc_type":"bijlage","foi_fairiscoreVersions":{"v1":1,"v2":1},"foi_fileName":"raadsvoorstel.pdf","foi_nrPages":2},{"dc_format":"application/pdf","dc_identifier":"nl.gm1954.2c.2020.2831507-10.doc.2","dc_source":"https://api1.ibabs.eu/publicdownload.aspx?site=Beekdaelen&id=1d18545d-7365-47eb-a450-bc6507c5a39c","dc_title":"Raadsbesluit vaststellen Verordening Naamgeving en nummering Beekdaelen 2021 vastgesteld 15122020","dc_type":"bijlage","foi_fairiscoreVersions":{"v1":1,"v2":1},"foi_fileName":"RB%20vaststellen%20Verordening%20Naamgeving%20en%20nummering%20Beekdaelen%202021%20vastgesteld%2015122020.pdf","foi_nrPages":1},{"dc_format":"application/pdf","dc_identifier":"nl.gm1954.2c.2020.2831507-10.doc.3","dc_source":"https://api1.ibabs.eu/publicdownload.aspx?site=Beekdaelen&id=d3cbedae-6f4e-40ad-854b-7034f9cb9c4d","dc_title":"Verordening naamgeving en nummering def vastgesteld 15122020","dc_type":"bijlage","foi_fairiscoreVersions":{"v1":1,"v2":1},"foi_fileName":"Verordening%20naamgeving%20en%20nummering%20def.pdf","foi_nrPages":8}],"foi_nrDocuments":4,"foi_nrPagesInDossier":14,"foi_publishedDate":"2020-12-15","foi_retrievedDate":"2025-12-05"},{"dc_creator":"HandelingScraper_v1","dc_date_year":2020,"dc_description":"Vergadering van de Gemeente Beekdaelen op 2020-12-15. Onderdeel: Voorstel inzake vaststellen Integraal Huisvestingsplan Beekdaelen en Verordening voorzieningen onderwijshuisvesting gemeente Beekdaelen 2021.","dc_identifier":"nl.gm1954.2c.2020.2831507-11","dc_publisher":"gm1954","dc_source":"https://beekdaelen.bestuurlijkeinformatie.nl/Agenda/Index/bbfefb32-ff76-44e7-beea-8ece77b58b76","dc_title":"Raadsvergadering 2020-12-15 - Voorstel inzake vaststellen Integraal Huisvestingsplan Beekdaelen en Verordening voorzieningen onderwijshuisvesting gemeente Beekdaelen 2021","dc_type":"2c","dc_type_description":"Vergaderstuk decentrale overheid","foi_fairiscoreVersions":{"v1":2,"v2":2},"foi_files":[{"dc_format":"application/pdf","dc_identifier":"nl.gm1954.2c.2020.2831507-11.doc.7","dc_source":"https://api1.ibabs.eu/publicdownload.aspx?site=Beekdaelen&id=d30c9350-a4a0-464b-b85a-85b64f423676","dc_title":"Beantwoording vragen inzake Integraal huisvestingsplan Beekdaelen n.a.v. commissievergadering 24 november 2020","dc_type":"bijlage","foi_fairiscoreVersions":{"v1":1,"v2":1},"foi_fileName":"Beantwoording%20vragen%20inzake%20Integraal%20huisvestingsplan%20Beekdaelen%20n.a.v.%20commissievergadering%2024%20november%202020.pdf","foi_nrPages":2},{"dc_format":"application/pdf","dc_identifier":"nl.gm1954.2c.2020.2831507-11.doc.8","dc_source":"https://api1.ibabs.eu/publicdownload.aspx?site=Beekdaelen&id=e51212f9-6871-4561-90f7-735f77d62602","dc_title":"Bijlage 1 bij beantwoording - Instroom gemeente Beekdaelen","dc_type":"bijlage","foi_fairiscoreVersions":{"v1":1,"v2":1},"foi_fileName":"Bijlage%201%20bij%20beantwoording%20-%20Instroom%20gemeente%20Beekdaelen.pdf","foi_nrPages":1},{"dc_format":"application/pdf","dc_identifier":"nl.gm1954.2c.2020.2831507-11.doc.9","dc_source":"https://api1.ibabs.eu/publicdownload.aspx?site=Beekdaelen&id=89631951-52ca-4450-b25a-7979d0aa9518","dc_title":"Bijlage 2 bij beantwoording - Migratiestromen gemeente Beekdaelen","dc_type":"bijlage","foi_fairiscoreVersions":{"v1":1,"v2":1},"foi_fileName":"Bijlage%202%20bij%20beantwoording%20-%20Migratiestromen%20gemeente%20Beekdaelen.pdf","foi_nrPages":1},{"dc_format":"application/pdf","dc_identifier":"nl.gm1954.2c.2020.2831507-11.doc.10","dc_source":"https://api1.ibabs.eu/publicdownload.aspx?site=Beekdaelen&id=135d0cc1-f483-4613-a441-0daf95c2e30d","dc_title":"Bijlage 3 bij beantwoording - Uitstroom gemeente Beekdaelen","dc_type":"bijlage","foi_fairiscoreVersions":{"v1":1,"v2":1},"foi_fileName":"Bijlage%203%20bij%20beantwoording%20-%20Uitstroom%20gemeente%20Beekdaelen.pdf","foi_nrPages":1},{"dc_format":"application/pdf","dc_identifier":"nl.gm1954.2c.2020.2831507-11.doc.4","dc_source":"https://api1.ibabs.eu/publicdownload.aspx?site=Beekdaelen&id=4620e07f-41b5-42c4-b148-db1308315e4f","dc_title":"IHP Beekdaelen 2021 gecompr.","dc_type":"bijlage","foi_fairiscoreVersions":{"v1":2,"v2":2},"foi_fileName":"IHP%20Beekdaelen%202021%20gecompr..pdf","foi_nrPages":30},{"dc_format":"application/pdf","dc_identifier":"nl.gm1954.2c.2020.2831507-11.doc.2","dc_source":"https://api1.ibabs.eu/publicdownload.aspx?site=Beekdaelen&id=13b414b8-3a5d-4aa1-bf87-344a0d7cfda8","dc_title":"Nota van wijziging IHP onderwijs gemeente Beekdaelen en Verordening voorzieningen onderwijshuisvesting Beekdaelen 2021","dc_type":"bijlage","foi_fairiscoreVersions":{"v1":1,"v2":1},"foi_fileName":"Nota%20van%20wijziging%20IHP%20onderwijs%20gemeente%20Beekdaelen%20en%20Verordening%20voorzieningen%20onderwijshuisvesting%20Beekdaelen%202021.pdf","foi_nrPages":3},{"dc_format":"application/pdf","dc_identifier":"nl.gm1954.2c.2020.2831507-11.doc.3","dc_source":"https://api1.ibabs.eu/publicdownload.aspx?site=Beekdaelen&id=5091cf74-ae25-4eb5-846c-2737c2e910ce","dc_title":"Raadsbesluit IHP onderwijs gemeente Beekdaelen en Verordening voorzieningen onderwijshuisvesting Beekdaelen 2021 vastgesteld 15122020","dc_type":"bijlage","foi_fairiscoreVersions":{"v1":1,"v2":1},"foi_fileName":"Raadsbesluit%20IHP%20onderwijs%20gemeente%20Beekdaelen%20en%20Verordening%20voorzieningen%20onderwijshuisvesting%20Beekdaelen%202021.pdf","foi_nrPages":1},{"dc_format":"application/pdf","dc_identifier":"nl.gm1954.2c.2020.2831507-11.doc.1","dc_source":"https://api1.ibabs.eu/publicdownload.aspx?site=Beekdaelen&id=49e9f9b4-f48f-4be7-ae7e-cafbe5c0274d","dc_title":"Raadsvoorstel IHP onderwijs gemeente Beekdaelen en Verordening voorzieningen onderwijshuisvesting Beekdaelen 2021","dc_type":"bijlage","foi_fairiscoreVersions":{"v1":1,"v2":1},"foi_fileName":"raadsvoorstel%20IHP%20onderwijs%20gemeente%20Beekdaelen%20en%20Verordening%20voorzieningen%20onderwijshuisvesting%20Beekdaelen%202021.pdf","foi_nrPages":6},{"dc_format":"application/pdf","dc_identifier":"nl.gm1954.2c.2020.2831507-11.doc.5","dc_source":"https://api1.ibabs.eu/publicdownload.aspx?site=Beekdaelen&id=7eafc42e-f79a-4659-8f96-12734eff3199","dc_title":"Verordening voorzieningen huisvesting primair onderwijs gemeente Beekdaelen","dc_type":"bijlage","foi_fairiscoreVersions":{"v1":1,"v2":1},"foi_fileName":"Verordening%20voorzieningen%20huisvesting%20primair%20onderwijs%20gemeente%20Beekdaelen.pdf","foi_nrPages":11},{"dc_format":"application/pdf","dc_identifier":"nl.gm1954.2c.2020.2831507-11.doc.6","dc_source":"https://api1.ibabs.eu/publicdownload.aspx?site=Beekdaelen&id=1255e59a-6965-4d05-a5b2-71828713f8ee","dc_title":"Bijlage 1. Informatiefundament Onderwijs & Opvang","dc_type":"bijlage","foi_fairiscoreVersions":{"v1":2,"v2":2},"foi_fileName":"Z%2F20%2F149925%20-%20246094%20-%20Bijlage%201.pdf","foi_nrPages":50}],"foi_nrDocuments":10,"foi_nrPagesInDossier":106,"foi_publishedDate":"2020-12-15","foi_retrievedDate":"2025-11-30"},{"dc_creator":"HandelingScraper_v1","dc_date_year":2020,"dc_description":"Vergadering van de Gemeente Beekdaelen op 2020-12-15. Onderdeel: Voorstel inzake Harmonisatie armoede- en minimabeleid gemeente Beekdaelen.","dc_identifier":"nl.gm1954.2c.2020.2831507-12","dc_publisher":"gm1954","dc_source":"https://beekdaelen.bestuurlijkeinformatie.nl/Agenda/Index/bbfefb32-ff76-44e7-beea-8ece77b58b76","dc_title":"Raadsvergadering 2020-12-15 - Voorstel inzake Harmonisatie armoede- en minimabeleid gemeente Beekdaelen","dc_type":"2c","dc_type_description":"Vergaderstuk decentrale overheid","foi_fairiscoreVersions":{"v1":2,"v2":1},"foi_files":[{"dc_format":"application/pdf","dc_identifier":"nl.gm1954.2c.2020.2831507-12.doc.15","dc_source":"https://api1.ibabs.eu/publicdownload.aspx?site=Beekdaelen&id=f9293744-65e8-4b0b-be6a-b390ce26b23c","dc_title":"Amendement D66 en VVD inzake tegemoetkoming chronisch zieken en gehandicapten VERWORPEN","dc_type":"bijlage","foi_fairiscoreVersions":{"v1":2,"v2":1},"foi_fileName":"Amendement%20D66%20en%20VVD%20inzake%20tegemoetkoming%20chronisch%20zieken%20en%20gehandicapten%20VERWORPEN.pdf","foi_nrPages":2},{"dc_format":"application/pdf","dc_identifier":"nl.gm1954.2c.2020.2831507-12.doc.2","dc_source":"https://api1.ibabs.eu/publicdownload.aspx?site=Beekdaelen&id=7c05a32e-dd07-4411-aded-7e3a9ab09c6a","dc_title":"Amendement VG, CDA, GL, PvdA en BL inzake chronisch zieken AANGENOMEN","dc_type":"bijlage","foi_fairiscoreVersions":{"v1":1,"v2":1},"foi_fileName":"Amendement%20VG_%20CDA_%20GL_%20PvdA%20en%20BL%20inzake%20chronisch%20zieken%20AANGENOMEN.pdf","foi_nrPages":1},{"dc_format":"application/pdf","dc_identifier":"nl.gm1954.2c.2020.2831507-12.doc.3","dc_source":"https://api1.ibabs.eu/publicdownload.aspx?site=Beekdaelen&id=d2cc8d84-6ab8-4845-b1b8-b79437f2e96b","dc_title":"Raadsbesluit harmonisatie armoede- en minimabeleid Beekdaelen - geamendeerd vastgesteld 15122020","dc_type":"bijlage","foi_fairiscoreVersions":{"v1":1,"v2":1},"foi_fileName":"RB%20harmonisatie%20armoede-%20en%20minimabeleid%20Beekdaelen%20GEAMENDEERD.pdf","foi_nrPages":1},{"dc_format":"application/pdf","dc_identifier":"nl.gm1954.2c.2020.2831507-12.doc.13","dc_source":"https://api1.ibabs.eu/publicdownload.aspx?site=Beekdaelen&id=ecb31691-57d6-4a49-9cf4-2758af7181ec","dc_title":"Verordening loonkostensubsidie Participatiewet Gemeente Beekdaelen 2021 vastgesteld 15122020","dc_type":"bijlage","foi_fairiscoreVersions":{"v1":1,"v2":1},"foi_fileName":"Verordening%20loonkostensubsidie%20Participatiewet%20Gemeente%20Beekdaele...pdf","foi_nrPages":3},{"dc_format":"application/pdf","dc_identifier":"nl.gm1954.2c.2020.2831507-12.doc.1","dc_source":"https://api1.ibabs.eu/publicdownload.aspx?site=Beekdaelen&id=24df9774-5669-4251-ba80-8c42129ff526","dc_title":"RV harmonisatie armoede-/minimabeleid Beekdaelen per 1.1.2021","dc_type":"bijlage","foi_fairiscoreVersions":{"v1":1,"v2":1},"foi_fileName":"Z%2F20%2F149052%20-%20243303%20-%20Harmonisatie%20armoede-%2Fminimabeleid%20Beekdaelen%20per%201.1.pdf","foi_nrPages":10},{"dc_format":"application/pdf","dc_identifier":"nl.gm1954.2c.2020.2831507-12.doc.4","dc_source":"https://api1.ibabs.eu/publicdownload.aspx?site=Beekdaelen&id=7c6ebaa8-688e-4128-96a2-ce3e4893a5c8","dc_title":"Voorstellen harmonisatie (bijlage bij raadsvoorstel)","dc_type":"bijlage","foi_fairiscoreVersions":{"v1":2,"v2":1},"foi_fileName":"Z%2F20%2F149052%20-%20243647%20-%20Voorstel%20harmonisatie%20armoede-%2Fminimabeleid%20%28bijlage%20bij%20raadsvoorstel%29.pdf","foi_nrPages":5},{"dc_format":"application/pdf","dc_identifier":"nl.gm1954.2c.2020.2831507-12.doc.5","dc_source":"https://api1.ibabs.eu/publicdownload.aspx?site=Beekdaelen&id=9e56849d-d5d9-4a10-876b-f8a1b0396403","dc_title":"Participatieverordening Participatiewet, IOAW, IOAZ, gemeente Beekdaelen 2021 vastgesteld 15122020","dc_type":"bijlage","foi_fairiscoreVersions":{"v1":2,"v2":1},"foi_fileName":"Z%2F20%2F149052%20-%20244683.pdf","foi_nrPages":11},{"dc_format":"application/pdf","dc_identifier":"nl.gm1954.2c.2020.2831507-12.doc.6","dc_source":"https://api1.ibabs.eu/publicdownload.aspx?site=Beekdaelen&id=bdf13250-2b92-4239-b9bd-7df14c2513a3","dc_title":"Verordening individuele inkomenstoeslag 2021 gemeente Beekdaelen vastgesteld 15122020","dc_type":"bijlage","foi_fairiscoreVersions":{"v1":1,"v2":1},"foi_fileName":"Z%2F20%2F149052%20-%20244683.pdf","foi_nrPages":5},{"dc_format":"application/pdf","dc_identifier":"nl.gm1954.2c.2020.2831507-12.doc.7","dc_source":"https://api1.ibabs.eu/publicdownload.aspx?site=Beekdaelen&id=cbba5ce1-b83d-4a36-84ad-84c563fbf849","dc_title":"Verordening tegenprestatie Participatiewet, IOAW en IOAZ 2021 gemeente Beekdaelen vastgesteld 15122020","dc_type":"bijlage","foi_fairiscoreVersions":{"v1":2,"v2":1},"foi_fileName":"Z%2F20%2F149052%20-%20244683.pdf","foi_nrPages":8},{"dc_format":"application/pdf","dc_identifier":"nl.gm1954.2c.2020.2831507-12.doc.8","dc_source":"https://api1.ibabs.eu/publicdownload.aspx?site=Beekdaelen&id=f086f1fb-6d0b-47de-b010-cfb114227a75","dc_title":"Verordening verrekening bestuurlijke boete bij recidive 2021 gemeente Beekdaelen vastgesteld 15122020","dc_type":"bijlage","foi_fairiscoreVersions":{"v1":1,"v2":1},"foi_fileName":"Z%2F20%2F149052%20-%20244683.pdf","foi_nrPages":3},{"dc_format":"application/pdf","dc_identifier":"nl.gm1954.2c.2020.2831507-12.doc.10","dc_source":"https://api1.ibabs.eu/publicdownload.aspx?site=Beekdaelen&id=3993764e-def7-4326-9355-05fe8eb835d5","dc_title":"Verordening cli\u00ebntenparticipatie Kompas 2021 gemeente Beekdaelen vastgesteld 15122020","dc_type":"bijlage","foi_fairiscoreVersions":{"v1":1,"v2":1},"foi_fileName":"Z%2F20%2F149052%20-%20244683.pdf","foi_nrPages":6},{"dc_format":"application/pdf","dc_identifier":"nl.gm1954.2c.2020.2831507-12.doc.11","dc_source":"https://api1.ibabs.eu/publicdownload.aspx?site=Beekdaelen&id=e1f8bfad-2145-4c99-afc4-bccd77ccb775","dc_title":"Handhavingsverordening 2021 gemeente Beekdaelen vastgesteld 15122020","dc_type":"bijlage","foi_fairiscoreVersions":{"v1":1,"v2":1},"foi_fileName":"Z%2F20%2F149052%20-%20244683.pdf","foi_nrPages":2},{"dc_format":"application/pdf","dc_identifier":"nl.gm1954.2c.2020.2831507-12.doc.12","dc_source":"https://api1.ibabs.eu/publicdownload.aspx?site=Beekdaelen&id=65831d52-81c5-4435-9c99-3d2f3403ff45","dc_title":"Verordening individuele studietoeslag 2021 gemeente Beekdaelen vastgesteld 15122020","dc_type":"bijlage","foi_fairiscoreVersions":{"v1":1,"v2":1},"foi_fileName":"Z%2F20%2F149052%20-%20244683.pdf","foi_nrPages":4},{"dc_format":"application/pdf","dc_identifier":"nl.gm1954.2c.2020.2831507-12.doc.9","dc_source":"https://api1.ibabs.eu/publicdownload.aspx?site=Beekdaelen&id=c5e6b499-3d51-4628-b8f9-7ea70593a570","dc_title":"Afstemmingsverordening Beekdaelen 2021 vastgesteld 15122020","dc_type":"bijlage","foi_fairiscoreVersions":{"v1":1,"v2":1},"foi_fileName":"Z%2F20%2F149052%20-%20244683%20-%20Vast%20te%20stellen%20verordeningen%20Kompas%2FBeekdaelen%202021.pdf","foi_nrPages":14},{"dc_format":"application/pdf","dc_identifier":"nl.gm1954.2c.2020.2831507-12.doc.14","dc_source":"https://api1.ibabs.eu/publicdownload.aspx?site=Beekdaelen&id=a2513b6a-f6ad-47c3-8092-e348e500c822","dc_title":"Brief van Adviesorgaan Sociaal Domein","dc_type":"bijlage","foi_fairiscoreVersions":{"v1":1,"v2":1},"foi_fileName":"Z%2F20%2F149052%20-%20244945.pdf","foi_nrPages":2}],"foi_nrDocuments":15,"foi_nrPagesInDossier":77,"foi_publishedDate":"2020-12-15","foi_retrievedDate":"2026-01-22"},{"dc_creator":"HandelingScraper_v1","dc_date_year":2020,"dc_description":"Vergadering van de Gemeente Beekdaelen op 2020-12-15. Onderdeel: Voorstel inzake vaststellen Kadernota 'De kracht van cultuur in Beekdaelen'.","dc_identifier":"nl.gm1954.2c.2020.2831507-13","dc_publisher":"gm1954","dc_source":"https://beekdaelen.bestuurlijkeinformatie.nl/Agenda/Index/bbfefb32-ff76-44e7-beea-8ece77b58b76","dc_title":"Raadsvergadering 2020-12-15 - Voorstel inzake vaststellen Kadernota 'De kracht van cultuur in Beekdaelen'","dc_type":"2c","dc_type_description":"Vergaderstuk decentrale overheid","foi_fairiscoreVersions":{"v1":2,"v2":2},"foi_files":[{"dc_format":"application/pdf","dc_identifier":"nl.gm1954.2c.2020.2831507-13.doc.5","dc_source":"https://api1.ibabs.eu/publicdownload.aspx?site=Beekdaelen&id=08d9159a-ce6c-453d-adaa-6a5a1bf2dd8b","dc_title":"Motie D66 inzake kunst in de openbare ruimte INGETROKKEN","dc_type":"bijlage","foi_fairiscoreVersions":{"v1":1,"v2":1},"foi_fileName":"Motie%20D66%20inzake%20kunst%20in%20de%20openbare%20ruimte%20INGETROKKEN.pdf","foi_nrPages":1},{"dc_format":"application/pdf","dc_identifier":"nl.gm1954.2c.2020.2831507-13.doc.1","dc_source":"https://api1.ibabs.eu/publicdownload.aspx?site=Beekdaelen&id=39325ee9-f513-4a44-9a20-bbca8494612a","dc_title":"Raadsvoorstel Kadernota Cultuur Beekdaelen","dc_type":"bijlage","foi_fairiscoreVersions":{"v1":1,"v2":1},"foi_fileName":"Z%2F20%2F150155%20-%20245845%20-%20Kadernota%20Cultuur%20Beekdaelen.pdf","foi_nrPages":4},{"dc_format":"application/pdf","dc_identifier":"nl.gm1954.2c.2020.2831507-13.doc.4","dc_source":"https://api1.ibabs.eu/publicdownload.aspx?site=Beekdaelen&id=8b8e1bce-2d17-4670-9a56-a991faa04e64","dc_title":"RIB 22092020 Stand van zaken Cultuur Beekdaelen","dc_type":"bijlage","foi_fairiscoreVersions":{"v1":1,"v2":1},"foi_fileName":"Z%2F20%2F150155%20-%20245873%20-%20RIB%20Stand%20van%20zaken%20Cultuur%20Beekdaelen.pdf","foi_nrPages":4},{"dc_format":"application/pdf","dc_identifier":"nl.gm1954.2c.2020.2831507-13.doc.2","dc_source":"https://api1.ibabs.eu/publicdownload.aspx?site=Beekdaelen&id=7b63cf56-bde8-43eb-ae0c-a984a1b227f8","dc_title":"Raadsbesluit Kadernota 'de kracht van cultuur in Beekdaelen' vastgesteld 15122020","dc_type":"bijlage","foi_fairiscoreVersions":{"v1":1,"v2":1},"foi_fileName":"Z%2F20%2F150155%20-%20245929%20-%20Kadernota%20%27de%20kracht%20van%20cultuur%20in%20Beekdaelen%27.pdf","foi_nrPages":1},{"dc_format":"application/pdf","dc_identifier":"nl.gm1954.2c.2020.2831507-13.doc.3","dc_source":"https://api1.ibabs.eu/publicdownload.aspx?site=Beekdaelen&id=6c638166-f1ac-45fd-896f-5289039430fd","dc_title":"Kadernota De kracht van cultuur in Beekdaelen","dc_type":"bijlage","foi_fairiscoreVersions":{"v1":2,"v2":2},"foi_fileName":"Z%2F20%2F150155%20-%20247354%20-.pdf","foi_nrPages":24}],"foi_nrDocuments":5,"foi_nrPagesInDossier":34,"foi_publishedDate":"2020-12-15","foi_retrievedDate":"2026-03-01"},{"dc_creator":"HandelingScraper_v1","dc_date_year":2020,"dc_description":"Vergadering van de Gemeente Beekdaelen op 2020-12-15. Onderdeel: Voorstel inzake harmonisatie bibliotheekbeleid.","dc_identifier":"nl.gm1954.2c.2020.2831507-14","dc_publisher":"gm1954","dc_source":"https://beekdaelen.bestuurlijkeinformatie.nl/Agenda/Index/bbfefb32-ff76-44e7-beea-8ece77b58b76","dc_title":"Raadsvergadering 2020-12-15 - Voorstel inzake harmonisatie bibliotheekbeleid","dc_type":"2c","dc_type_description":"Vergaderstuk decentrale overheid","foi_fairiscoreVersions":{"v1":3,"v2":3},"foi_files":[{"dc_format":"application/pdf","dc_identifier":"nl.gm1954.2c.2020.2831507-14.doc.6","dc_source":"https://api1.ibabs.eu/publicdownload.aspx?site=Beekdaelen&id=8e764fc3-5c6e-4175-80e3-36cc28340f7d","dc_title":"213442 verzonden Raadsinformatiebrief laaggeletterdheid (17 dec 2019 in raad)","dc_type":"bijlage","foi_fairiscoreVersions":{"v1":1,"v2":1},"foi_fileName":"213442%20verzonden%20Raadsinformatiebrief%20laaggeletterdheid%20%2817%20dec%202019%20in%20raad%29.pdf","foi_nrPages":3},{"dc_format":"application/pdf","dc_identifier":"nl.gm1954.2c.2020.2831507-14.doc.7","dc_source":"https://api1.ibabs.eu/publicdownload.aspx?site=Beekdaelen&id=2ecfc2b6-8d11-412a-a8e2-ca6b6bd7f137","dc_title":"aangehouden motie 21 mei 2019","dc_type":"bijlage","foi_fairiscoreVersions":{"v1":5,"v2":5},"foi_fileName":"aangehouden%20motie%205%20aug%202019.pdf","foi_nrPages":1},{"dc_format":"application/pdf","dc_identifier":"nl.gm1954.2c.2020.2831507-14.doc.8","dc_source":"https://api1.ibabs.eu/publicdownload.aspx?site=Beekdaelen&id=48f2eb7f-8538-424f-b955-837963dea386","dc_title":"Motie VVD, BL en D66 inzake Laaggeletterheid AANGENOMEN","dc_type":"bijlage","foi_fairiscoreVersions":{"v1":1,"v2":1},"foi_fileName":"Motie%20VVD_%20BL%20en%20D66%20inzake%20Laaggeletterheid%20AANGENOMEN.pdf","foi_nrPages":1},{"dc_format":"application/pdf","dc_identifier":"nl.gm1954.2c.2020.2831507-14.doc.5","dc_source":"https://api1.ibabs.eu/publicdownload.aspx?site=Beekdaelen&id=3ce09ec9-dcc3-4e7a-9782-26644e699879","dc_title":"Vraag van VVD over agendapunt B9 Visie Bibliotheek Beekdaelen 011220202","dc_type":"bijlage","foi_fairiscoreVersions":{"v1":1,"v2":1},"foi_fileName":"Vraag%20van%20VVD%20over%20agendapunt%20B9%20Visie%20Bibliotheek%20Beekdaelen%20011220202.pdf","foi_nrPages":2},{"dc_format":"application/pdf","dc_identifier":"nl.gm1954.2c.2020.2831507-14.doc.4","dc_source":"https://api1.ibabs.eu/publicdownload.aspx?site=Beekdaelen&id=bd72d193-8a2e-4ece-abd1-bd1f36972914","dc_title":"RIB stand van zaken harmonisatieproces d.d. 29 sept. 2020","dc_type":"bijlage","foi_fairiscoreVersions":{"v1":5,"v2":5},"foi_fileName":"Z%2F19%2F128601%20-%20243012%20getekende%20RIB.pdf","foi_nrPages":2},{"dc_format":"application/pdf","dc_identifier":"nl.gm1954.2c.2020.2831507-14.doc.3","dc_source":"https://api1.ibabs.eu/publicdownload.aspx?site=Beekdaelen&id=9c10b7cd-2786-4f44-b8fb-15d4af0cc10c","dc_title":"Visie Bibliotheek Beekdaelen 2021-2024","dc_type":"bijlage","foi_fairiscoreVersions":{"v1":2,"v2":2},"foi_fileName":"Z%2F19%2F128601%20-%20245318%20-%20Visie%20Bibliotheek%20Beekdaelen%202021-2024.pdf","foi_nrPages":37},{"dc_format":"application/pdf","dc_identifier":"nl.gm1954.2c.2020.2831507-14.doc.1","dc_source":"https://api1.ibabs.eu/publicdownload.aspx?site=Beekdaelen&id=59b2ac00-4c5d-46cb-931a-e48941a2a3db","dc_title":"Raadsvoorstel visie Bibliotheek Beekdaelen 2021-2024","dc_type":"bijlage","foi_fairiscoreVersions":{"v1":2,"v2":1},"foi_fileName":"Z%2F19%2F128601%20-%20245321%20-%20visie%20Bibliotheek%20Beekdaelen%202021-2024.pdf","foi_nrPages":4},{"dc_format":"application/pdf","dc_identifier":"nl.gm1954.2c.2020.2831507-14.doc.2","dc_source":"https://api1.ibabs.eu/publicdownload.aspx?site=Beekdaelen&id=3985be37-d887-4f64-afa1-afe8a6d91e9c","dc_title":"Raadsbesluit visie Bibliotheek Beekdaelen 2021-2024 vastgesteld 15122020","dc_type":"bijlage","foi_fairiscoreVersions":{"v1":1,"v2":1},"foi_fileName":"Z%2F19%2F128601%20-%20245324%20-%20visie%20Bibliotheek%20Beekdaelen%202021-2024.pdf","foi_nrPages":1}],"foi_nrDocuments":8,"foi_nrPagesInDossier":51,"foi_publishedDate":"2020-12-15","foi_retrievedDate":"2026-02-12"},{"dc_creator":"HandelingScraper_v1","dc_date_year":2020,"dc_description":"Vergadering van de Gemeente Beekdaelen op 2020-12-15. Onderdeel: Voorstel inzake harmonisatie groenbeheer 2021.","dc_identifier":"nl.gm1954.2c.2020.2831507-15","dc_publisher":"gm1954","dc_source":"https://beekdaelen.bestuurlijkeinformatie.nl/Agenda/Index/bbfefb32-ff76-44e7-beea-8ece77b58b76","dc_title":"Raadsvergadering 2020-12-15 - Voorstel inzake harmonisatie groenbeheer 2021","dc_type":"2c","dc_type_description":"Vergaderstuk decentrale overheid","foi_fairiscoreVersions":{"v1":1,"v2":1},"foi_files":[{"dc_format":"application/pdf","dc_identifier":"nl.gm1954.2c.2020.2831507-15.doc.1","dc_source":"https://api1.ibabs.eu/publicdownload.aspx?site=Beekdaelen&id=197b4715-b85d-4330-a661-7e6e1111798b","dc_title":"Raadsvoorstel Harmonisatie groenbeheer 2021","dc_type":"bijlage","foi_fairiscoreVersions":{"v1":1,"v2":1},"foi_fileName":"Z%2F19%2F129255-245290Harmonisatie%20groenbeheer%202021%20-%20Raadsvoorstel.pdf","foi_nrPages":3},{"dc_format":"application/pdf","dc_identifier":"nl.gm1954.2c.2020.2831507-15.doc.2","dc_source":"https://api1.ibabs.eu/publicdownload.aspx?site=Beekdaelen&id=85fd8d45-a874-4c7f-8766-f2e665f45585","dc_title":"Raadsbesluit Harmonisatie groenbeheer 2021 vastgesteld 15122020","dc_type":"bijlage","foi_fairiscoreVersions":{"v1":1,"v2":1},"foi_fileName":"Z%2F19%2F129255-245293Harmonisatie%20groenbeheer%202021%20-%20Raadsbesluit.pdf","foi_nrPages":1}],"foi_nrDocuments":2,"foi_nrPagesInDossier":4,"foi_publishedDate":"2020-12-15","foi_retrievedDate":"2026-03-05"},{"dc_creator":"HandelingScraper_v1","dc_date_year":2020,"dc_description":"Vergadering van de Gemeente Beekdaelen op 2020-12-15. Onderdeel: Voorstel inzake vastellen ambitieniveau groenbeheer 2022.","dc_identifier":"nl.gm1954.2c.2020.2831507-16","dc_publisher":"gm1954","dc_source":"https://beekdaelen.bestuurlijkeinformatie.nl/Agenda/Index/bbfefb32-ff76-44e7-beea-8ece77b58b76","dc_title":"Raadsvergadering 2020-12-15 - Voorstel inzake vastellen ambitieniveau groenbeheer 2022","dc_type":"2c","dc_type_description":"Vergaderstuk decentrale overheid","foi_fairiscoreVersions":{"v1":1,"v2":1},"foi_files":[{"dc_format":"application/pdf","dc_identifier":"nl.gm1954.2c.2020.2831507-16.doc.5","dc_source":"https://api1.ibabs.eu/publicdownload.aspx?site=Beekdaelen&id=6c56c46d-e23f-48c3-9859-2f7796f2b837","dc_title":"Gebiedsfunctiekaart (1) - gecorrigeerd","dc_type":"bijlage","foi_fairiscoreVersions":{"v1":1,"v2":1},"foi_fileName":"Gebiedsfunctiekaart%20%281%29%20-%20gecorrigeerd.pdf","foi_nrPages":1},{"dc_format":"application/pdf","dc_identifier":"nl.gm1954.2c.2020.2831507-16.doc.6","dc_source":"https://api1.ibabs.eu/publicdownload.aspx?site=Beekdaelen&id=866b6584-a3c7-43e5-9974-52a40d899a46","dc_title":"Gebiedsfunctiekaart (2) - gecorrigeerd","dc_type":"bijlage","foi_fairiscoreVersions":{"v1":1,"v2":1},"foi_fileName":"Gebiedsfunctiekaart%20%282%29%20-%20gecorrigeerd.pdf","foi_nrPages":1},{"dc_format":"application/pdf","dc_identifier":"nl.gm1954.2c.2020.2831507-16.doc.7","dc_source":"https://api1.ibabs.eu/publicdownload.aspx?site=Beekdaelen&id=38a073ee-56b5-4407-b226-160bc4a00ec1","dc_title":"Gebiedsfunctiekaart (3) - gecorrigeerd","dc_type":"bijlage","foi_fairiscoreVersions":{"v1":1,"v2":1},"foi_fileName":"Gebiedsfunctiekaart%20%283%29%20-%20gecorrigeerd.pdf","foi_nrPages":1},{"dc_format":"application/pdf","dc_identifier":"nl.gm1954.2c.2020.2831507-16.doc.8","dc_source":"https://api1.ibabs.eu/publicdownload.aspx?site=Beekdaelen&id=fd352829-5c39-4651-9a49-9e2a598f285c","dc_title":"Gebiedsfunctiekaart (4) - gecorrigeerd","dc_type":"bijlage","foi_fairiscoreVersions":{"v1":1,"v2":1},"foi_fileName":"Gebiedsfunctiekaart%20%284%29%20-%20gecorrigeerd.pdf","foi_nrPages":1},{"dc_format":"application/pdf","dc_identifier":"nl.gm1954.2c.2020.2831507-16.doc.9","dc_source":"https://api1.ibabs.eu/publicdownload.aspx?site=Beekdaelen&id=48138834-5a27-4072-8610-1334c5af1824","dc_title":"Gebiedsfunctiekaart (5) - gecorrigeerd","dc_type":"bijlage","foi_fairiscoreVersions":{"v1":1,"v2":1},"foi_fileName":"Gebiedsfunctiekaart%20%285%29%20-%20gecorrigeerd.pdf","foi_nrPages":1},{"dc_format":"application/pdf","dc_identifier":"nl.gm1954.2c.2020.2831507-16.doc.10","dc_source":"https://api1.ibabs.eu/publicdownload.aspx?site=Beekdaelen&id=3567d2f7-e0c2-4357-998a-ae4037cb7888","dc_title":"Gebiedsfunctiekaart (6) - gecorrigeerd","dc_type":"bijlage","foi_fairiscoreVersions":{"v1":1,"v2":1},"foi_fileName":"Gebiedsfunctiekaart%20%286%29%20-%20gecorrigeerd.pdf","foi_nrPages":1},{"dc_format":"application/pdf","dc_identifier":"nl.gm1954.2c.2020.2831507-16.doc.2","dc_source":"https://api1.ibabs.eu/publicdownload.aspx?site=Beekdaelen&id=de16726e-7688-418e-bff9-fdbe38e4efca","dc_title":"Nota van wijziging Ambitieniveau groenbeheer 2022","dc_type":"bijlage","foi_fairiscoreVersions":{"v1":1,"v2":1},"foi_fileName":"NvW%20Ambitieniveau%20groenbeheer%202022.pdf","foi_nrPages":2},{"dc_format":"application/pdf","dc_identifier":"nl.gm1954.2c.2020.2831507-16.doc.3","dc_source":"https://api1.ibabs.eu/publicdownload.aspx?site=Beekdaelen&id=ba4838d0-6432-4188-a42f-f83984080169","dc_title":"Raadsbesluit Ambitieniveau groenbeheer 2022 vastgesteld 15122020","dc_type":"bijlage","foi_fairiscoreVersions":{"v1":1,"v2":1},"foi_fileName":"RB%20Ambitieniveau%20groenbeheer%202022-%20aangepast.pdf","foi_nrPages":1},{"dc_format":"application/pdf","dc_identifier":"nl.gm1954.2c.2020.2831507-16.doc.1","dc_source":"https://api1.ibabs.eu/publicdownload.aspx?site=Beekdaelen&id=74c94c7d-7b6b-487a-a0f0-8e29ef677926","dc_title":"Raadsvoorstel - Ambitieniveau groenbeheer 2022","dc_type":"bijlage","foi_fairiscoreVersions":{"v1":1,"v2":1},"foi_fileName":"Z%2F19%2F129255-245267Raadsvoorstel%20-%20Ambitieniveau%20groenbeheer%202022.pdf","foi_nrPages":5},{"dc_format":"application/pdf","dc_identifier":"nl.gm1954.2c.2020.2831507-16.doc.4","dc_source":"https://api1.ibabs.eu/publicdownload.aspx?site=Beekdaelen&id=c2b3f98c-5a81-443c-841c-21073b27b634","dc_title":"Onderbouwing Raadsvoorstel ambitieniveau groenbeheer 2022","dc_type":"bijlage","foi_fairiscoreVersions":{"v1":1,"v2":1},"foi_fileName":"Z%2F19%2F129255%20-%20245759Onderbouwing%20Raadsvoorstel%20ambitieniveau%20groenbeheer%202022.pdf","foi_nrPages":4}],"foi_nrDocuments":10,"foi_nrPagesInDossier":18,"foi_publishedDate":"2020-12-15","foi_retrievedDate":"2025-12-05"},{"dc_creator":"HandelingScraper_v1","dc_date_year":2020,"dc_description":"Vergadering van de Gemeente Beekdaelen op 2020-12-15. Onderdeel: Voorstel inzake vaststellen Erfgoedverordening Beekdaelen 2020.","dc_identifier":"nl.gm1954.2c.2020.2831507-17","dc_publisher":"gm1954","dc_source":"https://beekdaelen.bestuurlijkeinformatie.nl/Agenda/Index/bbfefb32-ff76-44e7-beea-8ece77b58b76","dc_title":"Raadsvergadering 2020-12-15 - Voorstel inzake vaststellen Erfgoedverordening Beekdaelen 2020","dc_type":"2c","dc_type_description":"Vergaderstuk decentrale overheid","foi_fairiscoreVersions":{"v1":2,"v2":2},"foi_files":[{"dc_format":"application/pdf","dc_identifier":"nl.gm1954.2c.2020.2831507-17.doc.4","dc_source":"https://api1.ibabs.eu/publicdownload.aspx?site=Beekdaelen&id=8ff16bff-ac47-4b0a-91a6-2ad0f50e0ae9","dc_title":"Memorie van Antwoord Commissievragen inzake erfgoedverordening 26112020","dc_type":"bijlage","foi_fairiscoreVersions":{"v1":1,"v2":1},"foi_fileName":"Commissievragen%20inzake%20erfgoedverordening%2026112020.pdf","foi_nrPages":2},{"dc_format":"application/pdf","dc_identifier":"nl.gm1954.2c.2020.2831507-17.doc.3","dc_source":"https://api1.ibabs.eu/publicdownload.aspx?site=Beekdaelen&id=5985cfca-9503-479e-a84d-faa8e399dfb7","dc_title":"Erfgoedverordening Beekdaelen 2020 vastgesteld 15122020","dc_type":"bijlage","foi_fairiscoreVersions":{"v1":2,"v2":2},"foi_fileName":"Erfgoedverordening%20Beekdaelen%202020.pdf","foi_nrPages":26},{"dc_format":"application/pdf","dc_identifier":"nl.gm1954.2c.2020.2831507-17.doc.2","dc_source":"https://api1.ibabs.eu/publicdownload.aspx?site=Beekdaelen&id=aa6c65af-ee62-4ebd-93a0-4137e1bae8cf","dc_title":"Raadsbesluit Erfgoedverordening Beekdaelen vastgesteld 15122020","dc_type":"bijlage","foi_fairiscoreVersions":{"v1":1,"v2":1},"foi_fileName":"Raadsbesluit%20Erfgoedverordening%20Beekdaelen.pdf","foi_nrPages":1},{"dc_format":"application/pdf","dc_identifier":"nl.gm1954.2c.2020.2831507-17.doc.1","dc_source":"https://api1.ibabs.eu/publicdownload.aspx?site=Beekdaelen&id=43b35aad-0b17-4208-a1f7-96103763c1a3","dc_title":"Raadsvoorstel Erfgoedverordening","dc_type":"bijlage","foi_fairiscoreVersions":{"v1":1,"v2":1},"foi_fileName":"Raadsvoorstel%20Erfgoedverordening.pdf","foi_nrPages":3}],"foi_nrDocuments":4,"foi_nrPagesInDossier":32,"foi_publishedDate":"2020-12-15","foi_retrievedDate":"2026-03-03"},{"dc_creator":"HandelingScraper_v1","dc_date_year":2020,"dc_description":"Vergadering van de Gemeente Beekdaelen op 2020-12-15. Onderdeel: Voorstel inzake 2e Bestuursrapportage 2020.","dc_identifier":"nl.gm1954.2c.2020.2831507-18","dc_publisher":"gm1954","dc_source":"https://beekdaelen.bestuurlijkeinformatie.nl/Agenda/Index/bbfefb32-ff76-44e7-beea-8ece77b58b76","dc_title":"Raadsvergadering 2020-12-15 - Voorstel inzake 2e Bestuursrapportage 2020","dc_type":"2c","dc_type_description":"Vergaderstuk decentrale overheid","foi_fairiscoreVersions":{"v1":2,"v2":2},"foi_files":[{"dc_format":"application/pdf","dc_identifier":"nl.gm1954.2c.2020.2831507-18.doc.7","dc_source":"https://api1.ibabs.eu/publicdownload.aspx?site=Beekdaelen&id=c0ff5ba3-28a5-4208-a726-58bbdc5e38c5","dc_title":"Amendement D66 en VVD inzake burap kermissen en dorpsevents INGETROKKEN","dc_type":"bijlage","foi_fairiscoreVersions":{"v1":1,"v2":1},"foi_fileName":"Amendement%20D66%20en%20VVD%20inzake%20burap%20kermissen%20en%20dorpsevents%20INGETROKKEN.pdf","foi_nrPages":1},{"dc_format":"application/pdf","dc_identifier":"nl.gm1954.2c.2020.2831507-18.doc.8","dc_source":"https://api1.ibabs.eu/publicdownload.aspx?site=Beekdaelen&id=e90fd9f4-be13-4ff3-96bc-b5192e92292d","dc_title":"Amendement D66 en VVD inzake burap schinveldse bossen INGETROKKEN","dc_type":"bijlage","foi_fairiscoreVersions":{"v1":1,"v2":1},"foi_fileName":"Amendement%20D66%20en%20VVD%20inzake%20burap%20schinveldse%20bossen%20INGETROKKEN.pdf","foi_nrPages":1},{"dc_format":"application/pdf","dc_identifier":"nl.gm1954.2c.2020.2831507-18.doc.4","dc_source":"https://api1.ibabs.eu/publicdownload.aspx?site=Beekdaelen&id=de12d13a-aa78-449f-9cc6-bce2b319ebf4","dc_title":"Bijlage 2 Overzicht vervallen restantkredieten 2019","dc_type":"bijlage","foi_fairiscoreVersions":{"v1":1,"v2":1},"foi_fileName":"Bijlage%202%20Overzicht%20vervallen%20restantkredieten%202019.pdf","foi_nrPages":6},{"dc_format":"application/pdf","dc_identifier":"nl.gm1954.2c.2020.2831507-18.doc.6","dc_source":"https://api1.ibabs.eu/publicdownload.aspx?site=Beekdaelen&id=bae429e9-0c64-4043-8095-90b69ea40b25","dc_title":"Kopie van Verschuivingen MOP opgenomen in de 2e burap 2020","dc_type":"bijlage","foi_fairiscoreVersions":{"v1":1,"v2":1},"foi_fileName":"Kopie%20van%20Verschuivingen%20MOP%20opgenomen%20in%20de%202e%20burap%202020.pdf","foi_nrPages":1},{"dc_format":"application/pdf","dc_identifier":"nl.gm1954.2c.2020.2831507-18.doc.2","dc_source":"https://api1.ibabs.eu/publicdownload.aspx?site=Beekdaelen&id=2209e599-40f8-47f4-a743-fb4a85e87a37","dc_title":"Raadsbesluit 2e Burap 2020 vastgesteld 15122020","dc_type":"bijlage","foi_fairiscoreVersions":{"v1":1,"v2":1},"foi_fileName":"RB%202e%20Burap%202020%20vastgesteld%2015122020.pdf","foi_nrPages":1},{"dc_format":"application/pdf","dc_identifier":"nl.gm1954.2c.2020.2831507-18.doc.5","dc_source":"https://api1.ibabs.eu/publicdownload.aspx?site=Beekdaelen&id=53c81fec-2cf9-4f4b-921d-89ae3e466e1c","dc_title":"Bijlage 3 begrotingswijziging 8   2e Burap 2020","dc_type":"bijlage","foi_fairiscoreVersions":{"v1":1,"v2":1},"foi_fileName":"Z%2F20%2F150209%20-%20247671%20-%20Bijlage%203%20begrotingswijziging%208%20%20%202e%20Burap%202020.pdf","foi_nrPages":1},{"dc_format":"application/pdf","dc_identifier":"nl.gm1954.2c.2020.2831507-18.doc.3","dc_source":"https://api1.ibabs.eu/publicdownload.aspx?site=Beekdaelen&id=728377b5-7d57-477b-bd24-137bb4a72e73","dc_title":"Bijlage 1: 2e bestuursrapportage 2020 versie 2","dc_type":"bijlage","foi_fairiscoreVersions":{"v1":2,"v2":2},"foi_fileName":"Z%2F20%2F150209%20-%20248660%20-%20bijlage%201%3A%202e%20bestuursrapportage%202020%20versie%202.pdf","foi_nrPages":98},{"dc_format":"application/pdf","dc_identifier":"nl.gm1954.2c.2020.2831507-18.doc.1","dc_source":"https://api1.ibabs.eu/publicdownload.aspx?site=Beekdaelen&id=00b2c5e8-c8b5-4414-aeb7-e52b291c342d","dc_title":"Raadsvoorstel 2e Burap 2020","dc_type":"bijlage","foi_fairiscoreVersions":{"v1":1,"v2":1},"foi_fileName":"Z%2F20%2F150209doc.pdf","foi_nrPages":2}],"foi_nrDocuments":8,"foi_nrPagesInDossier":111,"foi_publishedDate":"2020-12-15","foi_retrievedDate":"2026-03-09"},{"dc_creator":"HandelingScraper_v1","dc_date_year":2020,"dc_description":"Vergadering van de Gemeente Beekdaelen op 2020-12-15. Onderdeel: Voorstel inzake wijziging GR BsGW.","dc_identifier":"nl.gm1954.2c.2020.2831507-19","dc_publisher":"gm1954","dc_source":"https://beekdaelen.bestuurlijkeinformatie.nl/Agenda/Index/bbfefb32-ff76-44e7-beea-8ece77b58b76","dc_title":"Raadsvergadering 2020-12-15 - Voorstel inzake wijziging GR BsGW","dc_type":"2c","dc_type_description":"Vergaderstuk decentrale overheid","foi_fairiscoreVersions":{"v1":3,"v2":3},"foi_files":[{"dc_format":"application/pdf","dc_identifier":"nl.gm1954.2c.2020.2831507-19.doc.4","dc_source":"https://api1.ibabs.eu/publicdownload.aspx?site=Beekdaelen&id=9974ce40-44ed-4b43-842b-7df39e9a72ea","dc_title":"Gewijzigde GR BsGW incl. wijzigingen","dc_type":"bijlage","foi_fairiscoreVersions":{"v1":3,"v2":3},"foi_fileName":"Gewijzigde%20GR%20BsGW%20incl.pdf","foi_nrPages":24},{"dc_format":"application/pdf","dc_identifier":"nl.gm1954.2c.2020.2831507-19.doc.3","dc_source":"https://api1.ibabs.eu/publicdownload.aspx?site=Beekdaelen&id=f287ee48-2968-4420-9ba8-33482da089c9","dc_title":"Gewijzigde GR BsGW","dc_type":"bijlage","foi_fairiscoreVersions":{"v1":4,"v2":4},"foi_fileName":"Gewijzigde%20GR%20BwGW.pdf","foi_nrPages":19},{"dc_format":"application/pdf","dc_identifier":"nl.gm1954.2c.2020.2831507-19.doc.2","dc_source":"https://api1.ibabs.eu/publicdownload.aspx?site=Beekdaelen&id=3cdfc513-f5d3-41ac-be9c-de99adbd5674","dc_title":"Raadsbesluit wijziging GR BsGW vastgesteld 15122020","dc_type":"bijlage","foi_fairiscoreVersions":{"v1":1,"v2":1},"foi_fileName":"RB%20wijziging%20GR%20BsGW%20vastgesteld%2015122020.pdf","foi_nrPages":1},{"dc_format":"application/pdf","dc_identifier":"nl.gm1954.2c.2020.2831507-19.doc.1","dc_source":"https://api1.ibabs.eu/publicdownload.aspx?site=Beekdaelen&id=7c296b65-5b83-4141-98ed-fa66a8c75b9f","dc_title":"Raadsvoorstel wijziging GR BsGW","dc_type":"bijlage","foi_fairiscoreVersions":{"v1":1,"v2":1},"foi_fileName":"Z%2F19%2F135087%20-%20246175%20-%20Raadsvoorstel%20wijziging%20GR%20BsGW.pdf","foi_nrPages":2}],"foi_nrDocuments":4,"foi_nrPagesInDossier":46,"foi_publishedDate":"2020-12-15","foi_retrievedDate":"2026-02-05"},{"dc_creator":"HandelingScraper_v1","dc_date_year":2020,"dc_description":"Vergadering van de Gemeente Beekdaelen op 2020-12-15. Onderdeel: Vaststelling van de agenda.","dc_identifier":"nl.gm1954.2c.2020.2831507-2","dc_publisher":"gm1954","dc_source":"https://beekdaelen.bestuurlijkeinformatie.nl/Agenda/Index/bbfefb32-ff76-44e7-beea-8ece77b58b76","dc_title":"Raadsvergadering 2020-12-15 - Vaststelling van de agenda","dc_type":"2c","dc_type_description":"Vergaderstuk decentrale overheid","foi_fairiscoreVersions":{"v1":1,"v2":1},"foi_files":[{"dc_format":"application/pdf","dc_identifier":"nl.gm1954.2c.2020.2831507-2.doc.1","dc_source":"https://api1.ibabs.eu/publicdownload.aspx?site=Beekdaelen&id=7804fe8c-57bb-4657-b724-b6d4da6c9aa1","dc_title":"Agenda raadsvergadering 15122020 vastgesteld 15122020","dc_type":"bijlage","foi_fairiscoreVersions":{"v1":1,"v2":1},"foi_fileName":"Agenda%20raadsvergadering%2015122020%20-%20251882%20-%20vastgesteld.pdf","foi_nrPages":1}],"foi_nrDocuments":1,"foi_nrPagesInDossier":1,"foi_publishedDate":"2020-12-15","foi_retrievedDate":"2026-03-06"},{"dc_creator":"HandelingScraper_v1","dc_date_year":2020,"dc_description":"Vergadering van de Gemeente Beekdaelen op 2020-12-15. Onderdeel: Vaststelling lijst ingekomen stukken 28 oktober - 15 december 2020.","dc_identifier":"nl.gm1954.2c.2020.2831507-20","dc_publisher":"gm1954","dc_source":"https://beekdaelen.bestuurlijkeinformatie.nl/Agenda/Index/bbfefb32-ff76-44e7-beea-8ece77b58b76","dc_title":"Raadsvergadering 2020-12-15 - Vaststelling lijst ingekomen stukken 28 oktober - 15 december 2020","dc_type":"2c","dc_type_description":"Vergaderstuk decentrale overheid","foi_fairiscoreVersions":{"v1":1,"v2":1},"foi_files":[{"dc_format":"application/pdf","dc_identifier":"nl.gm1954.2c.2020.2831507-20.doc.1","dc_source":"https://api1.ibabs.eu/publicdownload.aspx?site=Beekdaelen&id=f5610965-b873-415a-9069-caeedb160a5b","dc_title":"Lijst ingekomen stukken raad 15122020 vastgesteld 15122020","dc_type":"bijlage","foi_fairiscoreVersions":{"v1":1,"v2":1},"foi_fileName":"Lijst%20ingekomen%20stukken%20raad%2015122020%20versie%2011122020.pdf","foi_nrPages":9}],"foi_nrDocuments":1,"foi_nrPagesInDossier":9,"foi_publishedDate":"2020-12-15","foi_retrievedDate":"2026-03-01"},{"dc_creator":"HandelingScraper_v1","dc_date_year":2020,"dc_description":"Vergadering van de Gemeente Beekdaelen op 2020-12-15. Onderdeel: Moties vreemd aan de orde van de dag.","dc_identifier":"nl.gm1954.2c.2020.2831507-21","dc_publisher":"gm1954","dc_source":"https://beekdaelen.bestuurlijkeinformatie.nl/Agenda/Index/bbfefb32-ff76-44e7-beea-8ece77b58b76","dc_title":"Raadsvergadering 2020-12-15 - Moties vreemd aan de orde van de dag","dc_type":"2c","dc_type_description":"Vergaderstuk decentrale overheid","foi_fairiscoreVersions":{"v1":2,"v2":1},"foi_files":[{"dc_format":"application/pdf","dc_identifier":"nl.gm1954.2c.2020.2831507-21.doc.1","dc_source":"https://api1.ibabs.eu/publicdownload.aspx?site=Beekdaelen&id=9625dba5-e798-4971-84d5-cf162a80255c","dc_title":"Motie CDA, VG, PvdA en GL inzake verkeersveilige kernen AANGEHOUDEN","dc_type":"bijlage","foi_fairiscoreVersions":{"v1":2,"v2":1},"foi_fileName":"Motie%20CDA_%20VG_%20PvdA%20en%20GL%20inzake%20verkeersveilige%20kernen%20AANGEHOUDEN.pdf","foi_nrPages":3},{"dc_format":"application/pdf","dc_identifier":"nl.gm1954.2c.2020.2831507-21.doc.2","dc_source":"https://api1.ibabs.eu/publicdownload.aspx?site=Beekdaelen&id=dbb7cd57-b29e-42cc-9f23-5e608fc3a9ad","dc_title":"Motie D66 ondersteuning horeca in 2021 AANGEHOUDEN","dc_type":"bijlage","foi_fairiscoreVersions":{"v1":1,"v2":1},"foi_fileName":"Motie%20D66%20ondersteuning%20horeca%20in%202021%20AANGEHOUDEN.pdf","foi_nrPages":1},{"dc_format":"application/pdf","dc_identifier":"nl.gm1954.2c.2020.2831507-21.doc.3","dc_source":"https://api1.ibabs.eu/publicdownload.aspx?site=Beekdaelen&id=4f26161b-401e-4204-a7c0-65868fd1e6df","dc_title":"Motie D66 orange the world STAKEN DER STEMMEN","dc_type":"bijlage","foi_fairiscoreVersions":{"v1":1,"v2":1},"foi_fileName":"Motie%20D66%20orange%20the%20world%20STEMMEN%20GESTAAKT.pdf","foi_nrPages":1}],"foi_nrDocuments":3,"foi_nrPagesInDossier":5,"foi_publishedDate":"2020-12-15","foi_retrievedDate":"2026-03-02"},{"dc_creator":"HandelingScraper_v1","dc_date_year":2020,"dc_description":"Vergadering van de Gemeente Beekdaelen op 2020-12-15. Onderdeel: Initiatiefvoorstel CDA inzake opnemen van een verbod op het vervoeren, voorhanden hebben en het afschieten van carbid in de APV van de gemeente Beekdaelen.","dc_identifier":"nl.gm1954.2c.2020.2831507-22","dc_publisher":"gm1954","dc_source":"https://beekdaelen.bestuurlijkeinformatie.nl/Agenda/Index/bbfefb32-ff76-44e7-beea-8ece77b58b76","dc_title":"Raadsvergadering 2020-12-15 - Initiatiefvoorstel CDA inzake opnemen van een verbod op het vervoeren, voorhanden hebben en het afschieten van carbid in de APV van de gemeente Beekdaelen","dc_type":"2c","dc_type_description":"Vergaderstuk decentrale overheid","foi_fairiscoreVersions":{"v1":1,"v2":1},"foi_files":[{"dc_format":"application/pdf","dc_identifier":"nl.gm1954.2c.2020.2831507-22.doc.1","dc_source":"https://api1.ibabs.eu/publicdownload.aspx?site=Beekdaelen&id=3c0a6d46-50a6-41f3-aa11-5d472e8c9ebc","dc_title":"Initiatiefvoorstel CDA inzake verbod op carbid schieten Beekdaelen","dc_type":"bijlage","foi_fairiscoreVersions":{"v1":1,"v2":1},"foi_fileName":"Initiatiefvoorstel%20CDA%20inzake%20verbod%20op%20carbid%20schieten%20Beekdaelen.pdf","foi_nrPages":2},{"dc_format":"application/pdf","dc_identifier":"nl.gm1954.2c.2020.2831507-22.doc.2","dc_source":"https://api1.ibabs.eu/publicdownload.aspx?site=Beekdaelen&id=a4dc2930-18fe-4069-9874-977ccb2e5beb","dc_title":"Memo burgemeester inzake initiatiefvoorstel","dc_type":"bijlage","foi_fairiscoreVersions":{"v1":1,"v2":1},"foi_fileName":"Memo%20burgemeester%20inzake%20initiatiefvoorstel.pdf","foi_nrPages":1},{"dc_format":"application/pdf","dc_identifier":"nl.gm1954.2c.2020.2831507-22.doc.3","dc_source":"https://api1.ibabs.eu/publicdownload.aspx?site=Beekdaelen&id=e88494ff-0ecd-413e-864f-5c411f86cb51","dc_title":"Raadsbesluit inzake wijziging APV ivm carbidverbod vastgesteld 15122020","dc_type":"bijlage","foi_fairiscoreVersions":{"v1":1,"v2":1},"foi_fileName":"RB%20inzake%20wijziging%20APV%20ivm%20carbidverbod%20vastgesteld%2015122020.pdf","foi_nrPages":1}],"foi_nrDocuments":3,"foi_nrPagesInDossier":4,"foi_publishedDate":"2020-12-15","foi_retrievedDate":"2025-11-29"},{"dc_creator":"HandelingScraper_v1","dc_date_year":2020,"dc_description":"Vergadering van de Gemeente Beekdaelen op 2020-12-15. Onderdeel: Vaststellen besluitenlijst openbare raadsvergaderingen d.d. 27 oktober en 10 november 2020.","dc_identifier":"nl.gm1954.2c.2020.2831507-3","dc_publisher":"gm1954","dc_source":"https://beekdaelen.bestuurlijkeinformatie.nl/Agenda/Index/bbfefb32-ff76-44e7-beea-8ece77b58b76","dc_title":"Raadsvergadering 2020-12-15 - Vaststellen besluitenlijst openbare raadsvergaderingen d.d. 27 oktober en 10 november 2020","dc_type":"2c","dc_type_description":"Vergaderstuk decentrale overheid","foi_fairiscoreVersions":{"v1":1,"v2":1},"foi_files":[{"dc_format":"application/pdf","dc_identifier":"nl.gm1954.2c.2020.2831507-3.doc.2","dc_source":"https://api1.ibabs.eu/publicdownload.aspx?site=Beekdaelen&id=1d6e9e40-dc3e-44b9-9f46-e614ec133b65","dc_title":"Besluitenlijst raadsvergadering 10 november 2020 vastgesteld 15122020","dc_type":"bijlage","foi_fairiscoreVersions":{"v1":1,"v2":1},"foi_fileName":"Besluitenlijst%20raadsvergadering%2010%20november%202020.pdf","foi_nrPages":11},{"dc_format":"application/pdf","dc_identifier":"nl.gm1954.2c.2020.2831507-3.doc.1","dc_source":"https://api1.ibabs.eu/publicdownload.aspx?site=Beekdaelen&id=b4774f57-5ab0-4b63-9791-f7d8fc904e85","dc_title":"Besluitenlijst raadsvergadering 27 oktober 2020 vastgesteld 15122020","dc_type":"bijlage","foi_fairiscoreVersions":{"v1":1,"v2":1},"foi_fileName":"Besluitenlijst%20raadsvergadering%2027%20oktober%202020.pdf","foi_nrPages":20}],"foi_nrDocuments":2,"foi_nrPagesInDossier":31,"foi_publishedDate":"2020-12-15","foi_retrievedDate":"2026-03-02"},{"dc_creator":"HandelingScraper_v1","dc_date_year":2020,"dc_description":"Vergadering van de Gemeente Beekdaelen op 2020-12-15. Onderdeel: Voorstel inzake Onderwijsachterstandenbeleid Beekdaelen 2020-2023.","dc_identifier":"nl.gm1954.2c.2020.2831507-4","dc_publisher":"gm1954","dc_source":"https://beekdaelen.bestuurlijkeinformatie.nl/Agenda/Index/bbfefb32-ff76-44e7-beea-8ece77b58b76","dc_title":"Raadsvergadering 2020-12-15 - Voorstel inzake Onderwijsachterstandenbeleid Beekdaelen 2020-2023","dc_type":"2c","dc_type_description":"Vergaderstuk decentrale overheid","foi_fairiscoreVersions":{"v1":2,"v2":1},"foi_files":[{"dc_format":"application/pdf","dc_identifier":"nl.gm1954.2c.2020.2831507-4.doc.3","dc_source":"https://api1.ibabs.eu/publicdownload.aspx?site=Beekdaelen&id=e894c4bd-bf9b-4e8c-bc4d-e0507609f344","dc_title":"Conceptnota Onderwijsachterstandenbeleid Beekdaelen 2020-2023","dc_type":"bijlage","foi_fairiscoreVersions":{"v1":2,"v2":1},"foi_fileName":"Z%2F20%2F150101%20-%20245733%20-%20Conceptnota%20Onderwijsachterstandenbeleid%20Beekdaelen%202020-2023.pdf","foi_nrPages":34},{"dc_format":"application/pdf","dc_identifier":"nl.gm1954.2c.2020.2831507-4.doc.1","dc_source":"https://api1.ibabs.eu/publicdownload.aspx?site=Beekdaelen&id=f7970839-a195-4252-97cd-a39a7308a392","dc_title":"RV Onderwijsachterstandenbeleid Beekdaelen 2020-2023","dc_type":"bijlage","foi_fairiscoreVersions":{"v1":1,"v2":1},"foi_fileName":"Z%2F20%2F150101%20-%20245735%20-%20Onderwijsachterstandenbeleid%20Beekdaelen%202020-2023.pdf","foi_nrPages":6},{"dc_format":"application/pdf","dc_identifier":"nl.gm1954.2c.2020.2831507-4.doc.2","dc_source":"https://api1.ibabs.eu/publicdownload.aspx?site=Beekdaelen&id=04b9b070-5372-4fdb-9b35-56e2dd7fbaf1","dc_title":"RB Onderwijsachterstandenbeleid Beekdaelen 2020-2023 vastgesteld 15122020","dc_type":"bijlage","foi_fairiscoreVersions":{"v1":1,"v2":1},"foi_fileName":"Z%2F20%2F150101%20-%20246073%20-%20Raadsbesluit%20Onderwijsachterstandenbeleid%20Beekdaelen%202020-2023.pdf","foi_nrPages":1}],"foi_nrDocuments":3,"foi_nrPagesInDossier":41,"foi_publishedDate":"2020-12-15","foi_retrievedDate":"2026-03-06"},{"dc_creator":"HandelingScraper_v1","dc_date_year":2020,"dc_description":"Vergadering van de Gemeente Beekdaelen op 2020-12-15. Onderdeel: Voorstel inzake Tweede begrotingswijziging 2020 WOZL.","dc_identifier":"nl.gm1954.2c.2020.2831507-5","dc_publisher":"gm1954","dc_source":"https://beekdaelen.bestuurlijkeinformatie.nl/Agenda/Index/bbfefb32-ff76-44e7-beea-8ece77b58b76","dc_title":"Raadsvergadering 2020-12-15 - Voorstel inzake Tweede begrotingswijziging 2020 WOZL","dc_type":"2c","dc_type_description":"Vergaderstuk decentrale overheid","foi_fairiscoreVersions":{"v1":2,"v2":2},"foi_files":[{"dc_format":"application/pdf","dc_identifier":"nl.gm1954.2c.2020.2831507-5.doc.1","dc_source":"https://api1.ibabs.eu/publicdownload.aspx?site=Beekdaelen&id=51f765b9-2b30-460e-92e9-a567895addd3","dc_title":"RV Tweede Begrotingswijziging 2020 GR WOZL","dc_type":"bijlage","foi_fairiscoreVersions":{"v1":1,"v2":1},"foi_fileName":"Z%2F20%2F148251%20-%20243312%20-%20Raadsvoorstel%20Tweede%20Begrotingswijziging%202020%20GR%20WOZL.pdf","foi_nrPages":3},{"dc_format":"application/pdf","dc_identifier":"nl.gm1954.2c.2020.2831507-5.doc.2","dc_source":"https://api1.ibabs.eu/publicdownload.aspx?site=Beekdaelen&id=e2f2422c-bdec-4f9a-b045-4163c68dc07f","dc_title":"RB Tweede Begrotingswijziging 2020 GR WOZL vastgesteld 15122020","dc_type":"bijlage","foi_fairiscoreVersions":{"v1":1,"v2":1},"foi_fileName":"Z%2F20%2F148251%20-%20243313%20-%20Raadsbesluit%20Tweede%20Begrotingswijziging%202020%20GR%20WOZL.pdf","foi_nrPages":1},{"dc_format":"application/pdf","dc_identifier":"nl.gm1954.2c.2020.2831507-5.doc.6","dc_source":"https://api1.ibabs.eu/publicdownload.aspx?site=Beekdaelen&id=9fcbc569-bc32-4e4b-9058-1324a914f77d","dc_title":"Uitgaande brief aan WOZL inzake raadsbesluit 15 december 2020 vastgesteld 15122020","dc_type":"bijlage","foi_fairiscoreVersions":{"v1":1,"v2":1},"foi_fileName":"Z%2F20%2F148251%20-%20243314%20-%20Uitgaande%20brief%20aan%20WOZL%20inzake%20raadsbesluit%2015%20december%202020.pdf","foi_nrPages":1},{"dc_format":"application/pdf","dc_identifier":"nl.gm1954.2c.2020.2831507-5.doc.4","dc_source":"https://api1.ibabs.eu/publicdownload.aspx?site=Beekdaelen&id=ccd4f8fa-fb5a-41a4-91f3-0b9b5861ee46","dc_title":"Factsheet 2de begrotingswijziging 2020 GR WOZL","dc_type":"bijlage","foi_fairiscoreVersions":{"v1":2,"v2":2},"foi_fileName":"Z%2F20%2F148251%20-%20243318%20-%20Factsheet%202de%20begrotingswijziging%202020%20GR%20WOZL.pdf","foi_nrPages":4},{"dc_format":"application/pdf","dc_identifier":"nl.gm1954.2c.2020.2831507-5.doc.3","dc_source":"https://api1.ibabs.eu/publicdownload.aspx?site=Beekdaelen&id=e6e752a2-6afc-4570-ba5d-faf4fb5a70be","dc_title":"Tweede begrotingswijziging 2020 GR WOZL","dc_type":"bijlage","foi_fairiscoreVersions":{"v1":2,"v2":2},"foi_fileName":"Z%2F20%2F148251%20-%20243319%20-%20Tweede%20begrotingswijziging%202020%20GR%20WOZL.pdf","foi_nrPages":25},{"dc_format":"application/pdf","dc_identifier":"nl.gm1954.2c.2020.2831507-5.doc.5","dc_source":"https://api1.ibabs.eu/publicdownload.aspx?site=Beekdaelen&id=9f4142e4-2efe-49bc-a31a-fc6288953b00","dc_title":"Tweede kwartaalrapportage 2020 WOZL","dc_type":"bijlage","foi_fairiscoreVersions":{"v1":2,"v2":2},"foi_fileName":"Z%2F20%2F148251%20-%20243320%20-%20Tweede%20kwartaalrapportage%202020%20WOZL.pdf","foi_nrPages":17}],"foi_nrDocuments":6,"foi_nrPagesInDossier":51,"foi_publishedDate":"2020-12-15","foi_retrievedDate":"2026-03-02"},{"dc_creator":"HandelingScraper_v1","dc_date_year":2020,"dc_description":"Vergadering van de Gemeente Beekdaelen op 2020-12-15. Onderdeel: Voorstel inzake Tweede begrotingswijziging 2020 WSP.","dc_identifier":"nl.gm1954.2c.2020.2831507-6","dc_publisher":"gm1954","dc_source":"https://beekdaelen.bestuurlijkeinformatie.nl/Agenda/Index/bbfefb32-ff76-44e7-beea-8ece77b58b76","dc_title":"Raadsvergadering 2020-12-15 - Voorstel inzake Tweede begrotingswijziging 2020 WSP","dc_type":"2c","dc_type_description":"Vergaderstuk decentrale overheid","foi_fairiscoreVersions":{"v1":2,"v2":2},"foi_files":[{"dc_format":"application/pdf","dc_identifier":"nl.gm1954.2c.2020.2831507-6.doc.1","dc_source":"https://api1.ibabs.eu/publicdownload.aspx?site=Beekdaelen&id=e4078214-4b27-4036-b145-401ee52a38f6","dc_title":"RV Tweede begrotingswijziging 2020 GR WSP","dc_type":"bijlage","foi_fairiscoreVersions":{"v1":1,"v2":1},"foi_fileName":"Z%2F20%2F148252%20-%20243501%20-%20Raadsvoorstel%20Tweede%20begrotingswijziging%202020%20GR%20WSP.pdf","foi_nrPages":3},{"dc_format":"application/pdf","dc_identifier":"nl.gm1954.2c.2020.2831507-6.doc.5","dc_source":"https://api1.ibabs.eu/publicdownload.aspx?site=Beekdaelen&id=15a22c73-fb2b-4d40-8156-7f9f78cbe70d","dc_title":"RB Tweede begrotingswijziging 2020 GR WSP vastgesteld 15122020","dc_type":"bijlage","foi_fairiscoreVersions":{"v1":1,"v2":1},"foi_fileName":"Z%2F20%2F148252%20-%20243511%20-%20Raadsbesluit%20Tweede%20begrotingswijziging%202020%20GR%20WSP.pdf","foi_nrPages":1},{"dc_format":"application/pdf","dc_identifier":"nl.gm1954.2c.2020.2831507-6.doc.6","dc_source":"https://api1.ibabs.eu/publicdownload.aspx?site=Beekdaelen&id=c26aeba9-54ea-4dfe-8c59-8aad84bb03e6","dc_title":"Uitgaande brief inzake raadsbesluit 15 december 2020 vastgesteld 15122020","dc_type":"bijlage","foi_fairiscoreVersions":{"v1":1,"v2":1},"foi_fileName":"Z%2F20%2F148252%20-%20243513%20-%20Uitgaande%20brief%20inzake%20raadsbesluit%2015%20december%202020.pdf","foi_nrPages":1},{"dc_format":"application/pdf","dc_identifier":"nl.gm1954.2c.2020.2831507-6.doc.2","dc_source":"https://api1.ibabs.eu/publicdownload.aspx?site=Beekdaelen&id=e3b121b9-766e-4432-a907-f4304ff1d198","dc_title":"Tweede begrotingswijziging 2020 GR WSP","dc_type":"bijlage","foi_fairiscoreVersions":{"v1":2,"v2":2},"foi_fileName":"Z%2F20%2F148252%20-%20243514%20-%20Tweede%20begrotingswijziging%202020%20GR%20WSP.pdf","foi_nrPages":23},{"dc_format":"application/pdf","dc_identifier":"nl.gm1954.2c.2020.2831507-6.doc.3","dc_source":"https://api1.ibabs.eu/publicdownload.aspx?site=Beekdaelen&id=e92c13a1-f44b-4d29-9561-d861ba1ab508","dc_title":"Factsheet Tweede begrotingswijziging 2020 GR WSP","dc_type":"bijlage","foi_fairiscoreVersions":{"v1":2,"v2":2},"foi_fileName":"Z%2F20%2F148252%20-%20243515%20-%20Factsheet%20Tweede%20begrotingswijziging%202020%20GR%20WSP.pdf","foi_nrPages":4},{"dc_format":"application/pdf","dc_identifier":"nl.gm1954.2c.2020.2831507-6.doc.4","dc_source":"https://api1.ibabs.eu/publicdownload.aspx?site=Beekdaelen&id=4b30d870-7d1f-412f-a9e3-3c5630028f43","dc_title":"Tweede Kwartaalrapportage 2020 WSP","dc_type":"bijlage","foi_fairiscoreVersions":{"v1":2,"v2":2},"foi_fileName":"Z%2F20%2F148252%20-%20243516%20-%20Tweede%20Kwartaalrapportage%202020%20WSP.pdf","foi_nrPages":35}],"foi_nrDocuments":6,"foi_nrPagesInDossier":67,"foi_publishedDate":"2020-12-15","foi_retrievedDate":"2025-12-05"},{"dc_creator":"HandelingScraper_v1","dc_date_year":2020,"dc_description":"Vergadering van de Gemeente Beekdaelen op 2020-12-15. Onderdeel: Voorstel inzake Tweede bestuursrapportage 2020 ISD BOL.","dc_identifier":"nl.gm1954.2c.2020.2831507-7","dc_publisher":"gm1954","dc_source":"https://beekdaelen.bestuurlijkeinformatie.nl/Agenda/Index/bbfefb32-ff76-44e7-beea-8ece77b58b76","dc_title":"Raadsvergadering 2020-12-15 - Voorstel inzake Tweede bestuursrapportage 2020 ISD BOL","dc_type":"2c","dc_type_description":"Vergaderstuk decentrale overheid","foi_fairiscoreVersions":{"v1":2,"v2":2},"foi_files":[{"dc_format":"application/pdf","dc_identifier":"nl.gm1954.2c.2020.2831507-7.doc.2","dc_source":"https://api1.ibabs.eu/publicdownload.aspx?site=Beekdaelen&id=fdbf11b4-8f51-4ed5-be51-9d97f4c86fdf","dc_title":"Tweede bestuursrapportage 2020 ISD BOL","dc_type":"bijlage","foi_fairiscoreVersions":{"v1":2,"v2":2},"foi_fileName":"Z%2F20%2F149698%20-%20244728%20-%20Tweede%20bestuursrapportage%202020%20ISD%20BOL.pdf","foi_nrPages":89},{"dc_format":"application/pdf","dc_identifier":"nl.gm1954.2c.2020.2831507-7.doc.1","dc_source":"https://api1.ibabs.eu/publicdownload.aspx?site=Beekdaelen&id=eaddcd2e-3546-476b-89ff-564c28722dc4","dc_title":"RV Tweede bestuursrapportage 2020 ISD BOL.","dc_type":"bijlage","foi_fairiscoreVersions":{"v1":1,"v2":1},"foi_fileName":"Z%2F20%2F149698%20-%20244869%20-%20Raadsvoorstel%20Tweede%20bestuursrapportage%202020%20ISD%20BOL.pdf","foi_nrPages":2},{"dc_format":"application/pdf","dc_identifier":"nl.gm1954.2c.2020.2831507-7.doc.3","dc_source":"https://api1.ibabs.eu/publicdownload.aspx?site=Beekdaelen&id=002c5d5a-9c8c-4483-b540-23c9afe127c0","dc_title":"RB Tweede bestuursrapportage 2020 ISD BOL vastgesteld 15122020","dc_type":"bijlage","foi_fairiscoreVersions":{"v1":1,"v2":1},"foi_fileName":"Z%2F20%2F149698%20-%20244870%20-%20Raadsbesluit%20Tweede%20bestuursrapportage%202020%20ISD%20BOL.pdf","foi_nrPages":1},{"dc_format":"application/pdf","dc_identifier":"nl.gm1954.2c.2020.2831507-7.doc.4","dc_source":"https://api1.ibabs.eu/publicdownload.aspx?site=Beekdaelen&id=2b7fb7d2-5849-484d-8138-7c77d74cf610","dc_title":"Uitgaande brief aan ISD BOL inzake raadsbesluit 15 december 2020 vastgesteld 15122020","dc_type":"bijlage","foi_fairiscoreVersions":{"v1":1,"v2":1},"foi_fileName":"Z%2F20%2F149698%20-%20244872%20-%20Uitgaande%20brief%20aan%20ISD%20BOL%20inzake%20raadsbesluit%2015%20december%202020.pdf","foi_nrPages":1}],"foi_nrDocuments":4,"foi_nrPagesInDossier":93,"foi_publishedDate":"2020-12-15","foi_retrievedDate":"2026-03-04"},{"dc_creator":"HandelingScraper_v1","dc_date_year":2020,"dc_description":"Vergadering van de Gemeente Beekdaelen op 2020-12-15. Onderdeel: Voorstel inzake vaststellen uitgangspuntennotitie Gezonder Beekdaelen 2021-2024.","dc_identifier":"nl.gm1954.2c.2020.2831507-8","dc_publisher":"gm1954","dc_source":"https://beekdaelen.bestuurlijkeinformatie.nl/Agenda/Index/bbfefb32-ff76-44e7-beea-8ece77b58b76","dc_title":"Raadsvergadering 2020-12-15 - Voorstel inzake vaststellen uitgangspuntennotitie Gezonder Beekdaelen 2021-2024","dc_type":"2c","dc_type_description":"Vergaderstuk decentrale overheid","foi_fairiscoreVersions":{"v1":null,"v2":null},"foi_files":[{"dc_format":"application/pdf","dc_identifier":"nl.gm1954.2c.2020.2831507-8.doc.1","dc_source":"https://api1.ibabs.eu/publicdownload.aspx?site=Beekdaelen&id=41f14b7d-65b3-4701-9f50-7a5d8d339c4e","dc_title":"RV inzake uitgangspuntennotitie gezonder Beekdaelen 2021 - 2024","dc_type":"bijlage","foi_fileName":"Z%2F20%2F149935%20-%20245496.pdf"},{"dc_format":"application/pdf","dc_identifier":"nl.gm1954.2c.2020.2831507-8.doc.2","dc_source":"https://api1.ibabs.eu/publicdownload.aspx?site=Beekdaelen&id=a5155f97-c8a5-469c-902c-3bdf3c8fc691","dc_title":"RB inzake uitgangspuntennotitie gezonder Beekdaelen 2021 - 2024 vastgesteld 15122020","dc_type":"bijlage","foi_fileName":"Z%2F20%2F149935%20-%20245498%20-%20Uitgangspuntennotitie%20Gezond%20Beekdaelen.pdf"},{"dc_format":"application/pdf","dc_identifier":"nl.gm1954.2c.2020.2831507-8.doc.3","dc_source":"https://api1.ibabs.eu/publicdownload.aspx?site=Beekdaelen&id=2df54e4d-b3d9-4be2-b048-f9e1c021846f","dc_title":"Uitgangspuntennotitie Gezond Beekdaelen","dc_type":"bijlage","foi_fileName":"Z%2F20%2F149935%20-%20245958.pdf"}],"foi_nrDocuments":3,"foi_nrPagesInDossier":0,"foi_publishedDate":"2020-12-15","foi_retrievedDate":"2025-11-30"},{"dc_creator":"HandelingScraper_v1","dc_date_year":2020,"dc_description":"Vergadering van de Gemeente Beekdaelen op 2020-12-15. Onderdeel: Voorstel inzake vaststellen Bouwverordening Beekdaelen 2021.","dc_identifier":"nl.gm1954.2c.2020.2831507-9","dc_publisher":"gm1954","dc_source":"https://beekdaelen.bestuurlijkeinformatie.nl/Agenda/Index/bbfefb32-ff76-44e7-beea-8ece77b58b76","dc_title":"Raadsvergadering 2020-12-15 - Voorstel inzake vaststellen Bouwverordening Beekdaelen 2021","dc_type":"2c","dc_type_description":"Vergaderstuk decentrale overheid","foi_fairiscoreVersions":{"v1":1,"v2":1},"foi_files":[{"dc_format":"application/pdf","dc_identifier":"nl.gm1954.2c.2020.2831507-9.doc.3","dc_source":"https://api1.ibabs.eu/publicdownload.aspx?site=Beekdaelen&id=9a9a14f5-4f6b-4197-b933-38ec58b80276","dc_title":"Bouwverordening 2021","dc_type":"bijlage","foi_fairiscoreVersions":{"v1":1,"v2":1},"foi_fileName":"Bouwverordening%202021.pdf","foi_nrPages":10},{"dc_format":"application/pdf","dc_identifier":"nl.gm1954.2c.2020.2831507-9.doc.1","dc_source":"https://api1.ibabs.eu/publicdownload.aspx?site=Beekdaelen&id=28277b94-817b-4b38-a0a2-f04fce746421","dc_title":"Raadsvoorstel bouwverordening","dc_type":"bijlage","foi_fairiscoreVersions":{"v1":1,"v2":1},"foi_fileName":"Raadsvoorstel%20bouwverordening.pdf","foi_nrPages":2},{"dc_format":"application/pdf","dc_identifier":"nl.gm1954.2c.2020.2831507-9.doc.2","dc_source":"https://api1.ibabs.eu/publicdownload.aspx?site=Beekdaelen&id=63e73c70-25fa-44a1-b935-a1657e215e46","dc_title":"Raadsbesluit vaststellen Bouwverordening Beekdaelen 2021 vastgesteld 15122020","dc_type":"bijlage","foi_fairiscoreVersions":{"v1":1,"v2":1},"foi_fileName":"RB%20vaststellen%20Bouwverordening%20Beekdaelen%202021%20vastgesteld%2015122020.pdf","foi_nrPages":1}],"foi_nrDocuments":3,"foi_nrPagesInDossier":13,"foi_publishedDate":"2020-12-15","foi_retrievedDate":"2026-03-01"},{"dc_creator":"HandelingScraper_v1","dc_date_year":2021,"dc_description":"Vergadering van de Gemeente Beekdaelen op 2021-01-19. Onderdeel: Algemeen.","dc_identifier":"nl.gm1954.2c.2021.2831588-1","dc_publisher":"gm1954","dc_source":"https://beekdaelen.bestuurlijkeinformatie.nl/Agenda/Index/9d0c7807-7ee8-42f4-96f7-22e111b25191","dc_title":"Commissie Sociaal & BV (t/m april 2022) 2021-01-19 - Algemeen","dc_type":"2c","dc_type_description":"Vergaderstuk decentrale overheid","foi_fairiscoreVersions":{"v1":1,"v2":1},"foi_files":[{"dc_format":"application/pdf","dc_identifier":"nl.gm1954.2c.2021.2831588-1.doc.3","dc_source":"https://api1.ibabs.eu/publicdownload.aspx?site=Beekdaelen&id=ef8d0283-35d7-4c09-a58e-a597263d94f3","dc_title":"Technische voorvragen BL commissie sociaal en bedrijfsvoering 19 januari 2021","dc_type":"bijlage","foi_fairiscoreVersions":{"v1":1,"v2":1},"foi_fileName":"Technische%20voorvragen%20BL%20commissie%20sociaal%20en%20bedrijfsvoering%2019%20januari%202021.pdf","foi_nrPages":2},{"dc_format":"application/pdf","dc_identifier":"nl.gm1954.2c.2021.2831588-1.doc.2","dc_source":"https://api1.ibabs.eu/publicdownload.aspx?site=Beekdaelen&id=06b6f4a9-5fae-4734-adc9-0b5072eba801","dc_title":"Technische voorvragen CDA commissies 19 en 21 januari 2021","dc_type":"bijlage","foi_fairiscoreVersions":{"v1":1,"v2":1},"foi_fileName":"Technische%20voorvragen%20CDA%20commissies%2019%20en%2021%20januari%202021.pdf","foi_nrPages":3},{"dc_format":"application/pdf","dc_identifier":"nl.gm1954.2c.2021.2831588-1.doc.5","dc_source":"https://api1.ibabs.eu/publicdownload.aspx?site=Beekdaelen&id=40255178-33e1-4110-9bcd-b5c939bf9c3f","dc_title":"Technische voorvragen GL commissies 19 en 21 januari 2021","dc_type":"bijlage","foi_fairiscoreVersions":{"v1":1,"v2":1},"foi_fileName":"Technische%20voorvragen%20GL%20commissies%2019%20en%2021%20januari%202021.pdf","foi_nrPages":3},{"dc_format":"application/pdf","dc_identifier":"nl.gm1954.2c.2021.2831588-1.doc.1","dc_source":"https://api1.ibabs.eu/publicdownload.aspx?site=Beekdaelen&id=169c9f22-aad0-432c-a528-eaf04a0ce629","dc_title":"Technische voorvragen VG commissie sociaal en bedrijfsvoering 19 januari 2021","dc_type":"bijlage","foi_fairiscoreVersions":{"v1":1,"v2":1},"foi_fileName":"Technische%20voorvragen%20VG%20commissie%20sociaal%20en%20bedrijfsvoering%2019%20januari%202021.pdf","foi_nrPages":3},{"dc_format":"application/pdf","dc_identifier":"nl.gm1954.2c.2021.2831588-1.doc.4","dc_source":"https://api1.ibabs.eu/publicdownload.aspx?site=Beekdaelen&id=799fbb8e-d994-404e-92ba-d513695c74b3","dc_title":"Technische voorvragen VVD commissies 19 en 21 januari 2021","dc_type":"bijlage","foi_fairiscoreVersions":{"v1":1,"v2":1},"foi_fileName":"Technische%20voorvragen%20VVD%20commissies%2019%20en%2021%20januari%202021.pdf","foi_nrPages":2}],"foi_nrDocuments":5,"foi_nrPagesInDossier":13,"foi_publishedDate":"2021-01-19","foi_retrievedDate":"2026-03-15"},{"dc_creator":"HandelingScraper_v1","dc_date_year":2021,"dc_description":"Vergadering van de Gemeente Beekdaelen op 2021-01-19. Onderdeel: Opening, mededelingen voorzitter en vaststellen agenda.","dc_identifier":"nl.gm1954.2c.2021.2831588-2","dc_publisher":"gm1954","dc_source":"https://beekdaelen.bestuurlijkeinformatie.nl/Agenda/Index/9d0c7807-7ee8-42f4-96f7-22e111b25191","dc_title":"Commissie Sociaal & BV (t/m april 2022) 2021-01-19 - Opening, mededelingen voorzitter en vaststellen agenda","dc_type":"2c","dc_type_description":"Vergaderstuk decentrale overheid","foi_fairiscoreVersions":{"v1":1,"v2":1},"foi_files":[{"dc_format":"application/pdf","dc_identifier":"nl.gm1954.2c.2021.2831588-2.doc.1","dc_source":"https://api1.ibabs.eu/publicdownload.aspx?site=Beekdaelen&id=61a03081-9ace-42ad-883a-68ff3a3656c7","dc_title":"Uitnodiging en voorlopige agenda cie . Sociaal & Bedrijfsvoering","dc_type":"bijlage","foi_fairiscoreVersions":{"v1":1,"v2":1},"foi_fileName":"20210119%20Uitnodiging%20en%20voorlopige%20agenda%20cie%20.%20Sociaal%26Bedrijfsvoering.pdf","foi_nrPages":1},{"dc_format":"application/pdf","dc_identifier":"nl.gm1954.2c.2021.2831588-2.doc.2","dc_source":"https://api1.ibabs.eu/publicdownload.aspx?site=Beekdaelen&id=0d1dd29c-d8f8-4060-99eb-80d3baa95664","dc_title":"Vastgestelde agenda cie . Sociaal & Bedrijfsvoering d.d. 19012021","dc_type":"bijlage","foi_fairiscoreVersions":{"v1":1,"v2":1},"foi_fileName":"Vastgestelde%20agenda%20cie%20.%20Sociaal%26Bedrijfsvoering%20d.d.%2019012021%20-%20255598.pdf","foi_nrPages":1}],"foi_nrDocuments":2,"foi_nrPagesInDossier":2,"foi_publishedDate":"2021-01-19","foi_retrievedDate":"2026-03-06"},{"dc_creator":"HandelingScraper_v1","dc_date_year":2021,"dc_description":"Vergadering van de Gemeente Beekdaelen op 2021-01-19. Onderdeel: Vaststellen actiepuntenlijst van de commissie Sociaal & Bedrijfsvoering d.d. 24 november 2020.","dc_identifier":"nl.gm1954.2c.2021.2831588-3","dc_publisher":"gm1954","dc_source":"https://beekdaelen.bestuurlijkeinformatie.nl/Agenda/Index/9d0c7807-7ee8-42f4-96f7-22e111b25191","dc_title":"Commissie Sociaal & BV (t/m april 2022) 2021-01-19 - Vaststellen actiepuntenlijst van de commissie Sociaal & Bedrijfsvoering d.d. 24 november 2020","dc_type":"2c","dc_type_description":"Vergaderstuk decentrale overheid","foi_fairiscoreVersions":{"v1":1,"v2":1},"foi_files":[{"dc_format":"application/pdf","dc_identifier":"nl.gm1954.2c.2021.2831588-3.doc.1","dc_source":"https://api1.ibabs.eu/publicdownload.aspx?site=Beekdaelen&id=f034487c-4348-49bd-996d-98c06d6c95af","dc_title":"Actiepuntenlijst cie Sociaal 20201124 24 november 2020 - vastgesteld","dc_type":"bijlage","foi_fairiscoreVersions":{"v1":1,"v2":1},"foi_fileName":"Actiepuntenlijst%20cie%20Sociaal%2020201124%2024%20november%202020%20-%20vastgesteld.pdf","foi_nrPages":4}],"foi_nrDocuments":1,"foi_nrPagesInDossier":4,"foi_publishedDate":"2021-01-19","foi_retrievedDate":"2025-12-29"},{"dc_creator":"HandelingScraper_v1","dc_date_year":2021,"dc_description":"Vergadering van de Gemeente Beekdaelen op 2021-01-19. Onderdeel: Vaststellen lijst van toezeggingen van de commissie Sociaal & Bedrijfsvoering.","dc_identifier":"nl.gm1954.2c.2021.2831588-4","dc_publisher":"gm1954","dc_source":"https://beekdaelen.bestuurlijkeinformatie.nl/Agenda/Index/9d0c7807-7ee8-42f4-96f7-22e111b25191","dc_title":"Commissie Sociaal & BV (t/m april 2022) 2021-01-19 - Vaststellen lijst van toezeggingen van de commissie Sociaal & Bedrijfsvoering","dc_type":"2c","dc_type_description":"Vergaderstuk decentrale overheid","foi_fairiscoreVersions":{"v1":1,"v2":1},"foi_files":[{"dc_format":"application/pdf","dc_identifier":"nl.gm1954.2c.2021.2831588-4.doc.2","dc_source":"https://api1.ibabs.eu/publicdownload.aspx?site=Beekdaelen&id=4cb45dc9-e033-42da-a5c1-37f9792c6230","dc_title":"A.3.2 MvA vragen CDA inzake lijst van toezeggingen van de commissie Sociaal & Bedrijfsvoering","dc_type":"bijlage","foi_fairiscoreVersions":{"v1":1,"v2":1},"foi_fileName":"A.3.2%20MvA%20vragen%20CDA%20inzake%20lijst%20van%20toezeggingen%20van%20de%20commissie%20Sociaal%20%26%20Bedrijfsvoering.pdf","foi_nrPages":2},{"dc_format":"application/pdf","dc_identifier":"nl.gm1954.2c.2021.2831588-4.doc.1","dc_source":"https://api1.ibabs.eu/publicdownload.aspx?site=Beekdaelen&id=f6091790-c679-4b8b-83e7-aeb33213b4e1","dc_title":"Lijst openstaande toezeggingen cie. Sociaal, bijgewerkt Griffie 22122020","dc_type":"bijlage","foi_fairiscoreVersions":{"v1":1,"v2":1},"foi_fileName":"Lijst%20openstaande%20toezeggingen%20cie.%20Sociaal_%20bijgewerkt%20Griffie%2022122020.pdf","foi_nrPages":5}],"foi_nrDocuments":2,"foi_nrPagesInDossier":7,"foi_publishedDate":"2021-01-19","foi_retrievedDate":"2026-03-02"},{"dc_creator":"HandelingScraper_v1","dc_date_year":2021,"dc_description":"Vergadering van de Gemeente Beekdaelen op 2021-01-19. Onderdeel: Voorstel inzake wijziging Verordening Raadscommissies.","dc_identifier":"nl.gm1954.2c.2021.2831588-5","dc_publisher":"gm1954","dc_source":"https://beekdaelen.bestuurlijkeinformatie.nl/Agenda/Index/9d0c7807-7ee8-42f4-96f7-22e111b25191","dc_title":"Commissie Sociaal & BV (t/m april 2022) 2021-01-19 - Voorstel inzake wijziging Verordening Raadscommissies","dc_type":"2c","dc_type_description":"Vergaderstuk decentrale overheid","foi_fairiscoreVersions":{"v1":1,"v2":1},"foi_files":[{"dc_format":"application/pdf","dc_identifier":"nl.gm1954.2c.2021.2831588-5.doc.6","dc_source":"https://api1.ibabs.eu/publicdownload.aspx?site=Beekdaelen&id=8b6ba411-23a4-43c2-b531-5e2d2d7c1ad8","dc_title":"A.4 MvA vragen GL inzake wijziging verordening raadscommissies","dc_type":"bijlage","foi_fairiscoreVersions":{"v1":1,"v2":1},"foi_fileName":"A.4%20MvA%20vragen%20GL%20inzake%20wijziging%20verordening%20raadscommissies.pdf","foi_nrPages":2},{"dc_format":"application/pdf","dc_identifier":"nl.gm1954.2c.2021.2831588-5.doc.4","dc_source":"https://api1.ibabs.eu/publicdownload.aspx?site=Beekdaelen&id=393fe55e-51a6-4001-98f0-24d3a3afc3be","dc_title":"Concept Verordening raadscommissie Beekdaelen 2021 ter vaststelling raad 9 februari 2021","dc_type":"bijlage","foi_fairiscoreVersions":{"v1":1,"v2":1},"foi_fileName":"Concept%20Verordening%20raadscommissie%20Beekdaelen%202021%20ter%20vaststelling%20raad%209%20februari%202021.pdf","foi_nrPages":14},{"dc_format":"application/pdf","dc_identifier":"nl.gm1954.2c.2021.2831588-5.doc.3","dc_source":"https://api1.ibabs.eu/publicdownload.aspx?site=Beekdaelen&id=098a9076-615a-4512-afb9-96a9110f14f5","dc_title":"Concept Verordening raadscommissie Beekdaelen 2021 ter vaststelling raad 9 februari 2021 - n.a.v. voorvragen","dc_type":"bijlage","foi_fairiscoreVersions":{"v1":1,"v2":1},"foi_fileName":"Concept%20Verordening%20raadscommissie%20Beekdaelen%202021%20ter%20vaststelling%20raad%209%20februari%202021%20-%20n.a.v.%20voorvragen.pdf","foi_nrPages":14},{"dc_format":"application/pdf","dc_identifier":"nl.gm1954.2c.2021.2831588-5.doc.1","dc_source":"https://api1.ibabs.eu/publicdownload.aspx?site=Beekdaelen&id=aea0ed61-3abc-4aa9-9e17-9fcfdb21bdde","dc_title":"Raadsvoorstel inzake vaststelling verordening raadscommissies Beekdaelen 2021","dc_type":"bijlage","foi_fairiscoreVersions":{"v1":1,"v2":1},"foi_fileName":"Raadsvoorstel%20inzake%20vaststelling%20verordening%20raadscommissies%20Beekdaelen%202021%20-%20n.a.v.%20voorvragen.pdf","foi_nrPages":1},{"dc_format":"application/pdf","dc_identifier":"nl.gm1954.2c.2021.2831588-5.doc.2","dc_source":"https://api1.ibabs.eu/publicdownload.aspx?site=Beekdaelen&id=0a5d8884-907e-489e-8b53-bc4de215a1b2","dc_title":"Raadsvoorstel inzake vaststelling verordening raadscommissies Beekdaelen 2021","dc_type":"bijlage","foi_fairiscoreVersions":{"v1":1,"v2":1},"foi_fileName":"Raadsvoorstel%20inzake%20wijziging%20verordening%20raadscommissies%20Beekdaelen%202021.pdf","foi_nrPages":1},{"dc_format":"application/pdf","dc_identifier":"nl.gm1954.2c.2021.2831588-5.doc.5","dc_source":"https://api1.ibabs.eu/publicdownload.aspx?site=Beekdaelen&id=70c41a84-8057-4308-af1f-d141bcb1091a","dc_title":"Was-wordt-tabel verordening raadscommissies 2021 - tbv raad 9 februari 2021","dc_type":"bijlage","foi_fairiscoreVersions":{"v1":1,"v2":1},"foi_fileName":"was-wordt-tabel%20verordening%20raadscommissies%202021%20-%20tbv%20raad%209%20februari%202021.pdf","foi_nrPages":2}],"foi_nrDocuments":6,"foi_nrPagesInDossier":34,"foi_publishedDate":"2021-01-19","foi_retrievedDate":"2026-03-11"},{"dc_creator":"HandelingScraper_v1","dc_date_year":2021,"dc_description":"Vergadering van de Gemeente Beekdaelen op 2021-01-19. Onderdeel: Voorstel inzake wijziging (actualisatie) APV gemeente Beekdaelen.","dc_identifier":"nl.gm1954.2c.2021.2831588-6","dc_publisher":"gm1954","dc_source":"https://beekdaelen.bestuurlijkeinformatie.nl/Agenda/Index/9d0c7807-7ee8-42f4-96f7-22e111b25191","dc_title":"Commissie Sociaal & BV (t/m april 2022) 2021-01-19 - Voorstel inzake wijziging (actualisatie) APV gemeente Beekdaelen","dc_type":"2c","dc_type_description":"Vergaderstuk decentrale overheid","foi_fairiscoreVersions":{"v1":2,"v2":1},"foi_files":[{"dc_format":"application/pdf","dc_identifier":"nl.gm1954.2c.2021.2831588-6.doc.7","dc_source":"https://api1.ibabs.eu/publicdownload.aspx?site=Beekdaelen&id=8bea353e-1b3f-4830-b931-dc3ae497ed96","dc_title":"B.1 MvA vragen GroenLinks inzake APV Beekdaelen","dc_type":"bijlage","foi_fairiscoreVersions":{"v1":1,"v2":1},"foi_fileName":"B.1%20MvA%20vragen%20GroenLinks%20inzake%20APV%20Beekdaelen.pdf","foi_nrPages":1},{"dc_format":"application/pdf","dc_identifier":"nl.gm1954.2c.2021.2831588-6.doc.6","dc_source":"https://api1.ibabs.eu/publicdownload.aspx?site=Beekdaelen&id=0c0accd2-c3e5-4acf-87c4-851a874e5f08","dc_title":"B.1 MvA vragen VG inzake APV Beekdaelen","dc_type":"bijlage","foi_fairiscoreVersions":{"v1":1,"v2":1},"foi_fileName":"B.1%20MvA%20vragen%20VG%20inzake%20APV%20Beekdaelen.pdf","foi_nrPages":1},{"dc_format":"application/pdf","dc_identifier":"nl.gm1954.2c.2021.2831588-6.doc.2","dc_source":"https://api1.ibabs.eu/publicdownload.aspx?site=Beekdaelen&id=d926647b-72cb-41e3-9b3d-f09d593aefa6","dc_title":"Raadsbesluit tot vaststelling APV Beekdaelen 2021 vastgesteld 09022021","dc_type":"bijlage","foi_fairiscoreVersions":{"v1":1,"v2":1},"foi_fileName":"Z%2F20%2F143256%20-%20239560%20-%20Raadsbesluit%20vaststelling%20APV%20Beekdaelen%202021.pdf","foi_nrPages":1},{"dc_format":"application/pdf","dc_identifier":"nl.gm1954.2c.2021.2831588-6.doc.1","dc_source":"https://api1.ibabs.eu/publicdownload.aspx?site=Beekdaelen&id=6d9c1217-f463-4d58-9c1a-dddcb2eefc39","dc_title":"Raadsvoorstel tot vaststelling APV Beekdaelen 2021","dc_type":"bijlage","foi_fairiscoreVersions":{"v1":1,"v2":1},"foi_fileName":"Z%2F20%2F143256%20-%20239561%20-%20Raadsvoorstel%20tot%20vaststelling%20van%20de%20APV%20Beekdaelen%202021.pdf","foi_nrPages":2},{"dc_format":"application/pdf","dc_identifier":"nl.gm1954.2c.2021.2831588-6.doc.3","dc_source":"https://api1.ibabs.eu/publicdownload.aspx?site=Beekdaelen&id=bbcd32dd-da78-4516-893f-34080e529d61","dc_title":"Overzicht van wijzigingen APV (was-wordt tabel)","dc_type":"bijlage","foi_fairiscoreVersions":{"v1":1,"v2":1},"foi_fileName":"Z%2F20%2F143256%20-%20239584%20-%20Overzicht%20van%20wijzigingen%20APV%20%28was-wordt%20tabel%29.pdf","foi_nrPages":16},{"dc_format":"application/pdf","dc_identifier":"nl.gm1954.2c.2021.2831588-6.doc.4","dc_source":"https://api1.ibabs.eu/publicdownload.aspx?site=Beekdaelen&id=6d4d927c-ff59-43de-bebb-f37cedd8135b","dc_title":"Tekst APV Beekdaelen 2021  - aanpassingen zijn rood gemarkeerd","dc_type":"bijlage","foi_fairiscoreVersions":{"v1":2,"v2":1},"foi_fileName":"Z%2F20%2F143256%20-%20240496%20-%20Tekst%20APV%20Beekdaelen%202021%20%28word%20versie%29%20-%20aanpassingen%20zijn%20rood%20gemarkeerd.pdf","foi_nrPages":37},{"dc_format":"application/pdf","dc_identifier":"nl.gm1954.2c.2021.2831588-6.doc.5","dc_source":"https://api1.ibabs.eu/publicdownload.aspx?site=Beekdaelen&id=c9cc2aa5-df69-4054-a0bf-fedcc50a7e9c","dc_title":"Ledenbrief VNG 20/053 inzake Wijziging Model-APV zomer 2020","dc_type":"bijlage","foi_fairiscoreVersions":{"v1":1,"v2":1},"foi_fileName":"Z%2F20%2F143256%20-%20241652%20-%20Ledenbrief%20VNG%2020%2F053.pdf","foi_nrPages":7}],"foi_nrDocuments":7,"foi_nrPagesInDossier":65,"foi_publishedDate":"2021-01-19","foi_retrievedDate":"2025-12-29"},{"dc_creator":"HandelingScraper_v1","dc_date_year":2021,"dc_description":"Vergadering van de Gemeente Beekdaelen op 2021-01-19. Onderdeel: Voorstel inzake integraal beleidsplan vergunningverlening, toezicht en handhaving gemeente Beekdaelen.","dc_identifier":"nl.gm1954.2c.2021.2831588-7","dc_publisher":"gm1954","dc_source":"https://beekdaelen.bestuurlijkeinformatie.nl/Agenda/Index/9d0c7807-7ee8-42f4-96f7-22e111b25191","dc_title":"Commissie Sociaal & BV (t/m april 2022) 2021-01-19 - Voorstel inzake integraal beleidsplan vergunningverlening, toezicht en handhaving gemeente Beekdaelen","dc_type":"2c","dc_type_description":"Vergaderstuk decentrale overheid","foi_fairiscoreVersions":{"v1":null,"v2":null},"foi_files":[{"dc_format":"application/pdf","dc_identifier":"nl.gm1954.2c.2021.2831588-7.doc.3","dc_source":"https://api1.ibabs.eu/publicdownload.aspx?site=Beekdaelen&id=964739b4-a8fa-4b99-aaee-63603f49df1d","dc_title":"Bijlage 1: Beleidsplan fysieke omgeving Beekdalen 02-12-2020","dc_type":"bijlage","foi_fileName":"Beleidsplan%20fysieke%20omgeving%20Beekdalen%2002-12-2020.pdf"},{"dc_format":"application/pdf","dc_identifier":"nl.gm1954.2c.2021.2831588-7.doc.8","dc_source":"https://api1.ibabs.eu/publicdownload.aspx?site=Beekdaelen&id=bbc9aa0a-31a3-448a-baf6-6370e47262b8","dc_title":"Memorie van Antwoord BL cie. 19012021 - B2","dc_type":"bijlage","foi_fileName":"Memorie%20van%20Antwoord%20BL%20cie.%2019012021%20-%20B2.pdf"},{"dc_format":"application/pdf","dc_identifier":"nl.gm1954.2c.2021.2831588-7.doc.7","dc_source":"https://api1.ibabs.eu/publicdownload.aspx?site=Beekdaelen&id=2edae2c2-47ea-461f-95a6-7ec20a96628e","dc_title":"Memorie van Antwoord CDA cie. 19012021 - B2","dc_type":"bijlage","foi_fileName":"Memorie%20van%20Antwoord%20CDA%20cie.%2019012021%20-%20B2.pdf"},{"dc_format":"application/pdf","dc_identifier":"nl.gm1954.2c.2021.2831588-7.doc.10","dc_source":"https://api1.ibabs.eu/publicdownload.aspx?site=Beekdaelen&id=bdffa153-76b4-4698-a499-fa02cd29dae6","dc_title":"Memorie van Antwoord GL cie. 19012021 - B2","dc_type":"bijlage","foi_fileName":"Memorie%20van%20Antwoord%20GL%20cie.%2019012021%20-%20B2.pdf"},{"dc_format":"application/pdf","dc_identifier":"nl.gm1954.2c.2021.2831588-7.doc.6","dc_source":"https://api1.ibabs.eu/publicdownload.aspx?site=Beekdaelen&id=dee8fc0f-1cef-41ae-aeee-216f3e6b65a6","dc_title":"Memorie van Antwoord VG cie. 19012021 - B2","dc_type":"bijlage","foi_fileName":"Memorie%20van%20Antwoord%20VG%20cie.%2019012021%20-%20B2.pdf"},{"dc_format":"application/pdf","dc_identifier":"nl.gm1954.2c.2021.2831588-7.doc.9","dc_source":"https://api1.ibabs.eu/publicdownload.aspx?site=Beekdaelen&id=13476b12-eb43-4138-99d2-361b98a7862c","dc_title":"Memorie van Antwoord VVD cie. 19012021 - B2","dc_type":"bijlage","foi_fileName":"Memorie%20van%20Antwoord%20VVD%20cie.%2019012021%20-%20B2.pdf"},{"dc_format":"application/pdf","dc_identifier":"nl.gm1954.2c.2021.2831588-7.doc.1","dc_source":"https://api1.ibabs.eu/publicdownload.aspx?site=Beekdaelen&id=4b4e77b3-5bd4-418f-a463-d4e9a66a319e","dc_title":"Raadsvoorstel inzake integraal beleidsplan VTH gemeente Beekdaelen","dc_type":"bijlage","foi_fileName":"Raadsvoorstel%20inzake%20integraal%20beleidsplan%20VTH%20gemeente%20Beekdaelen.pdf"},{"dc_format":"application/pdf","dc_identifier":"nl.gm1954.2c.2021.2831588-7.doc.5","dc_source":"https://api1.ibabs.eu/publicdownload.aspx?site=Beekdaelen&id=9ef223b8-8652-4442-855a-5c86cf96a69a","dc_title":"Bijlage 3: VTH-Uitvoeringsprogramma 2021","dc_type":"bijlage","foi_fileName":"Z%2F19%2F136461%20-%20251641%20-%20VTH-Uitvoeringsprogramma%202021.pdf"},{"dc_format":"application/pdf","dc_identifier":"nl.gm1954.2c.2021.2831588-7.doc.4","dc_source":"https://api1.ibabs.eu/publicdownload.aspx?site=Beekdaelen&id=add70b1b-7082-42f0-bac6-6de4e6c9a934","dc_title":"Bijlage 2: Enquete","dc_type":"bijlage","foi_fileName":"Z%2F19%2F136461%20-%20251874%20-%20Enquete.pdf"},{"dc_format":"application/pdf","dc_identifier":"nl.gm1954.2c.2021.2831588-7.doc.2","dc_source":"https://api1.ibabs.eu/publicdownload.aspx?site=Beekdaelen&id=42888919-1278-465c-a558-27b549240fc9","dc_title":"Raadsbesluit inzake integraal beleidsplan VTH gemeente Beekdaelen","dc_type":"bijlage","foi_fileName":"Z%2F19%2F136461%20-%20251875%20-%20Raadsbesluit.pdf"}],"foi_nrDocuments":10,"foi_nrPagesInDossier":0,"foi_publishedDate":"2021-01-19","foi_retrievedDate":"2025-11-30"},{"dc_creator":"HandelingScraper_v1","dc_date_year":2021,"dc_description":"Vergadering van de Gemeente Beekdaelen op 2021-01-19. Onderdeel: Rondvraag Cluster Sociaal.","dc_identifier":"nl.gm1954.2c.2021.2831588-8","dc_publisher":"gm1954","dc_source":"https://beekdaelen.bestuurlijkeinformatie.nl/Agenda/Index/9d0c7807-7ee8-42f4-96f7-22e111b25191","dc_title":"Commissie Sociaal & BV (t/m april 2022) 2021-01-19 - Rondvraag Cluster Sociaal","dc_type":"2c","dc_type_description":"Vergaderstuk decentrale overheid","foi_fairiscoreVersions":{"v1":1,"v2":1},"foi_files":[{"dc_format":"application/pdf","dc_identifier":"nl.gm1954.2c.2021.2831588-8.doc.1","dc_source":"https://api1.ibabs.eu/publicdownload.aspx?site=Beekdaelen&id=85bd8c9a-4e7d-4b44-9af9-e2f866b78855","dc_title":"C. MvA vragen VG rondvraag cluster Sociaal","dc_type":"bijlage","foi_fairiscoreVersions":{"v1":1,"v2":1},"foi_fileName":"C.%20MvA%20vragen%20VG%20rondvraag%20cluster%20Sociaal.pdf","foi_nrPages":2}],"foi_nrDocuments":1,"foi_nrPagesInDossier":2,"foi_publishedDate":"2021-01-19","foi_retrievedDate":"2025-12-02"},{"dc_creator":"HandelingScraper_v1","dc_date_year":2021,"dc_description":"Vergadering van de Gemeente Beekdaelen op 2021-01-19. Onderdeel: Voorstel inzake toetredingsverzoek gemeente Mook en Middelaar tot de BsGW.","dc_identifier":"nl.gm1954.2c.2021.2831588-9","dc_publisher":"gm1954","dc_source":"https://beekdaelen.bestuurlijkeinformatie.nl/Agenda/Index/9d0c7807-7ee8-42f4-96f7-22e111b25191","dc_title":"Commissie Sociaal & BV (t/m april 2022) 2021-01-19 - Voorstel inzake toetredingsverzoek gemeente Mook en Middelaar tot de BsGW","dc_type":"2c","dc_type_description":"Vergaderstuk decentrale overheid","foi_fairiscoreVersions":{"v1":1,"v2":1},"foi_files":[{"dc_format":"application/pdf","dc_identifier":"nl.gm1954.2c.2021.2831588-9.doc.3","dc_source":"https://api1.ibabs.eu/publicdownload.aspx?site=Beekdaelen&id=d200f0ec-5a65-4967-b74e-b572b9549fb9","dc_title":"D.1 MvA vraag VG inzake toetreding tot de BsGW van Mook en Middelaar","dc_type":"bijlage","foi_fairiscoreVersions":{"v1":1,"v2":1},"foi_fileName":"D.1%20MvA%20vraag%20VG%20inzake%20toetreding%20tot%20de%20BsGW%20van%20Mook%20en%20Middelaar.pdf","foi_nrPages":1},{"dc_format":"application/pdf","dc_identifier":"nl.gm1954.2c.2021.2831588-9.doc.1","dc_source":"https://api1.ibabs.eu/publicdownload.aspx?site=Beekdaelen&id=71d10c82-38ce-49a1-844c-422ca6cfea4c","dc_title":"Raadsvoorstel toetredingsverzoek Mook en Middelaar tot BsGW","dc_type":"bijlage","foi_fairiscoreVersions":{"v1":1,"v2":1},"foi_fileName":"Z%2F20%2F149078%20-%20251295%20-%20toetredingsverzoek%20Mook%20en%20Middelaar%20tot%20BsGW.pdf","foi_nrPages":2},{"dc_format":"application/pdf","dc_identifier":"nl.gm1954.2c.2021.2831588-9.doc.2","dc_source":"https://api1.ibabs.eu/publicdownload.aspx?site=Beekdaelen&id=2c1ce434-2315-4957-8968-d9fc3dd2cfdd","dc_title":"Raadsbesluit toetredingsverzoek gemeente Mook en Middelaar tot de BsGW","dc_type":"bijlage","foi_fairiscoreVersions":{"v1":1,"v2":1},"foi_fileName":"Z%2F20%2F149078%20-%20251315%20-%20toetredingsverzoek%20gemeente%20Mook%20en%20Middelaar%20tot%20de%20BsGW.pdf","foi_nrPages":1}],"foi_nrDocuments":3,"foi_nrPagesInDossier":4,"foi_publishedDate":"2021-01-19","foi_retrievedDate":"2026-03-06"},{"dc_creator":"HandelingScraper_v1","dc_date_year":2021,"dc_description":"Vergadering van de Gemeente Beekdaelen op 2021-01-21. Onderdeel: Algemeen.","dc_identifier":"nl.gm1954.2c.2021.2831635-1","dc_publisher":"gm1954","dc_source":"https://beekdaelen.bestuurlijkeinformatie.nl/Agenda/Index/92780f0a-d778-412e-898c-105d8105c762","dc_title":"Commissie Ruimte (t/m april 2022) 2021-01-21 - Algemeen","dc_type":"2c","dc_type_description":"Vergaderstuk decentrale overheid","foi_fairiscoreVersions":{"v1":2,"v2":1},"foi_files":[{"dc_format":"application/pdf","dc_identifier":"nl.gm1954.2c.2021.2831635-1.doc.4","dc_source":"https://api1.ibabs.eu/publicdownload.aspx?site=Beekdaelen&id=6352ee5a-3d97-4b2a-a4b9-128e8853c153","dc_title":"Technische voorvragen BL commissie ruimte 21 januari 2021","dc_type":"bijlage","foi_fairiscoreVersions":{"v1":1,"v2":1},"foi_fileName":"Technische%20voorvragen%20BL%20commissie%20ruimte%2021%20januari%202021.pdf","foi_nrPages":1},{"dc_format":"application/pdf","dc_identifier":"nl.gm1954.2c.2021.2831635-1.doc.2","dc_source":"https://api1.ibabs.eu/publicdownload.aspx?site=Beekdaelen&id=d603c1c7-c115-44a8-8782-8e807d7f80eb","dc_title":"Technische voorvragen CDA commissies 19 en 21 januari 2021","dc_type":"bijlage","foi_fairiscoreVersions":{"v1":1,"v2":1},"foi_fileName":"Technische%20voorvragen%20CDA%20commissies%2019%20en%2021%20januari%202021.pdf","foi_nrPages":3},{"dc_format":"application/pdf","dc_identifier":"nl.gm1954.2c.2021.2831635-1.doc.5","dc_source":"https://api1.ibabs.eu/publicdownload.aspx?site=Beekdaelen&id=992dd6d0-bca1-4632-adf4-76a7eb633cbf","dc_title":"Technische voorvragen GL commissies 19 en 21 januari 2021","dc_type":"bijlage","foi_fairiscoreVersions":{"v1":1,"v2":1},"foi_fileName":"Technische%20voorvragen%20GL%20commissies%2019%20en%2021%20januari%202021.pdf","foi_nrPages":3},{"dc_format":"application/pdf","dc_identifier":"nl.gm1954.2c.2021.2831635-1.doc.1","dc_source":"https://api1.ibabs.eu/publicdownload.aspx?site=Beekdaelen&id=da3c9097-aa18-48e9-a711-9e257dc45a85","dc_title":"Technische voorvragen VG commissie ruimte 21 januari 2021","dc_type":"bijlage","foi_fairiscoreVersions":{"v1":2,"v2":1},"foi_fileName":"Technische%20voorvragen%20VG%20commissie%20ruimte%2021%20januari%202021.pdf","foi_nrPages":2},{"dc_format":"application/pdf","dc_identifier":"nl.gm1954.2c.2021.2831635-1.doc.3","dc_source":"https://api1.ibabs.eu/publicdownload.aspx?site=Beekdaelen&id=d12d77b3-faf7-4d32-b4c3-0cb9710a8462","dc_title":"Technische voorvragen VVD commissies 19 en 21 januari 2021","dc_type":"bijlage","foi_fairiscoreVersions":{"v1":1,"v2":1},"foi_fileName":"Technische%20voorvragen%20VVD%20commissies%2019%20en%2021%20januari%202021.pdf","foi_nrPages":2}],"foi_nrDocuments":5,"foi_nrPagesInDossier":11,"foi_publishedDate":"2021-01-21","foi_retrievedDate":"2026-03-02"},{"dc_creator":"HandelingScraper_v1","dc_date_year":2021,"dc_description":"Vergadering van de Gemeente Beekdaelen op 2021-01-21. Onderdeel: Opening, mededelingen voorzitter en vaststellen agenda.","dc_identifier":"nl.gm1954.2c.2021.2831635-2","dc_publisher":"gm1954","dc_source":"https://beekdaelen.bestuurlijkeinformatie.nl/Agenda/Index/92780f0a-d778-412e-898c-105d8105c762","dc_title":"Commissie Ruimte (t/m april 2022) 2021-01-21 - Opening, mededelingen voorzitter en vaststellen agenda","dc_type":"2c","dc_type_description":"Vergaderstuk decentrale overheid","foi_fairiscoreVersions":{"v1":1,"v2":1},"foi_files":[{"dc_format":"application/pdf","dc_identifier":"nl.gm1954.2c.2021.2831635-2.doc.1","dc_source":"https://api1.ibabs.eu/publicdownload.aspx?site=Beekdaelen&id=4f4e4551-d2da-4e50-9e33-f5068428a1b7","dc_title":"Uitnodiging en voorlopige agenda cie. Ruimte 21-01-2021","dc_type":"bijlage","foi_fairiscoreVersions":{"v1":1,"v2":1},"foi_fileName":"20210121%20Uitnodiging%20en%20voorlopige%20agenda%20cie%20.%20Ruimte.pdf","foi_nrPages":1},{"dc_format":"application/pdf","dc_identifier":"nl.gm1954.2c.2021.2831635-2.doc.2","dc_source":"https://api1.ibabs.eu/publicdownload.aspx?site=Beekdaelen&id=28be1ac9-61c7-46ce-8883-29f946640ee5","dc_title":"Vastgestelde agenda cie . Ruimte 21-01-2021","dc_type":"bijlage","foi_fairiscoreVersions":{"v1":1,"v2":1},"foi_fileName":"Vastgestelde%20agenda%20cie%20.%20Ruimte%20dd%2021012021.pdf","foi_nrPages":1}],"foi_nrDocuments":2,"foi_nrPagesInDossier":2,"foi_publishedDate":"2021-01-21","foi_retrievedDate":"2026-02-12"},{"dc_creator":"HandelingScraper_v1","dc_date_year":2021,"dc_description":"Vergadering van de Gemeente Beekdaelen op 2021-01-21. Onderdeel: Vaststellen actiepuntenlijst van de commissie Ruimte d.d. 26 nov. 2020.","dc_identifier":"nl.gm1954.2c.2021.2831635-3","dc_publisher":"gm1954","dc_source":"https://beekdaelen.bestuurlijkeinformatie.nl/Agenda/Index/92780f0a-d778-412e-898c-105d8105c762","dc_title":"Commissie Ruimte (t/m april 2022) 2021-01-21 - Vaststellen actiepuntenlijst van de commissie Ruimte d.d. 26 nov. 2020","dc_type":"2c","dc_type_description":"Vergaderstuk decentrale overheid","foi_fairiscoreVersions":{"v1":1,"v2":1},"foi_files":[{"dc_format":"application/pdf","dc_identifier":"nl.gm1954.2c.2021.2831635-3.doc.1","dc_source":"https://api1.ibabs.eu/publicdownload.aspx?site=Beekdaelen&id=85a7cdf3-001b-49ff-a777-b85f2f484183","dc_title":"Actiepuntenlijst cie Ruimte & Bedrijfsvoering 20201126 - vastgesteld 21012021","dc_type":"bijlage","foi_fairiscoreVersions":{"v1":1,"v2":1},"foi_fileName":"Actiepuntenlijst%20cie%20Ruimte%20%26%20Bedrijfsvoering%2020201126.pdf","foi_nrPages":5}],"foi_nrDocuments":1,"foi_nrPagesInDossier":5,"foi_publishedDate":"2021-01-21","foi_retrievedDate":"2026-03-07"},{"dc_creator":"HandelingScraper_v1","dc_date_year":2021,"dc_description":"Vergadering van de Gemeente Beekdaelen op 2021-01-21. Onderdeel: Vaststellen lijst van toezeggingen van de commissie Ruimte.","dc_identifier":"nl.gm1954.2c.2021.2831635-4","dc_publisher":"gm1954","dc_source":"https://beekdaelen.bestuurlijkeinformatie.nl/Agenda/Index/92780f0a-d778-412e-898c-105d8105c762","dc_title":"Commissie Ruimte (t/m april 2022) 2021-01-21 - Vaststellen lijst van toezeggingen van de commissie Ruimte","dc_type":"2c","dc_type_description":"Vergaderstuk decentrale overheid","foi_fairiscoreVersions":{"v1":1,"v2":1},"foi_files":[{"dc_format":"application/pdf","dc_identifier":"nl.gm1954.2c.2021.2831635-4.doc.1","dc_source":"https://api1.ibabs.eu/publicdownload.aspx?site=Beekdaelen&id=985c1495-3d17-4c3c-b660-5079bf7b68ab","dc_title":"Lijst openstaande toezeggingen cie. Ruimte, aangepast griffie 21122020","dc_type":"bijlage","foi_fairiscoreVersions":{"v1":1,"v2":1},"foi_fileName":"Lijst%20openstaande%20toezeggingen%20cie.%20Ruimte_%20aangepast%20griffie%2021122020.pdf","foi_nrPages":10}],"foi_nrDocuments":1,"foi_nrPagesInDossier":10,"foi_publishedDate":"2021-01-21","foi_retrievedDate":"2026-02-12"},{"dc_creator":"HandelingScraper_v1","dc_date_year":2021,"dc_description":"Vergadering van de Gemeente Beekdaelen op 2021-01-21. Onderdeel: Maatregelen schoolzones/schoolthuiszones.","dc_identifier":"nl.gm1954.2c.2021.2831635-5","dc_publisher":"gm1954","dc_source":"https://beekdaelen.bestuurlijkeinformatie.nl/Agenda/Index/92780f0a-d778-412e-898c-105d8105c762","dc_title":"Commissie Ruimte (t/m april 2022) 2021-01-21 - Maatregelen schoolzones/schoolthuiszones","dc_type":"2c","dc_type_description":"Vergaderstuk decentrale overheid","foi_fairiscoreVersions":{"v1":2,"v2":2},"foi_files":[{"dc_format":"application/pdf","dc_identifier":"nl.gm1954.2c.2021.2831635-5.doc.3","dc_source":"https://api1.ibabs.eu/publicdownload.aspx?site=Beekdaelen&id=1789868f-715a-4d21-8408-dd7ce818798b","dc_title":"Begrotingswijziging 1.1 uitvoering mobiliteitsplan.pdf","dc_type":"bijlage","foi_fairiscoreVersions":{"v1":1,"v2":1},"foi_fileName":"Begrotingswijziging%201.1%20uitvoering%20mobiliteitsplan.pdf","foi_nrPages":1},{"dc_format":"application/pdf","dc_identifier":"nl.gm1954.2c.2021.2831635-5.doc.5","dc_source":"https://api1.ibabs.eu/publicdownload.aspx?site=Beekdaelen&id=1950a51f-efde-41e5-9761-6e4901965235","dc_title":"Memorie van Antwoord CDA cie. 21012021 - B1","dc_type":"bijlage","foi_fairiscoreVersions":{"v1":1,"v2":1},"foi_fileName":"Memorie%20van%20Antwoord%20CDA%20cie.%2021012021%20-%20B1.pdf","foi_nrPages":2},{"dc_format":"application/pdf","dc_identifier":"nl.gm1954.2c.2021.2831635-5.doc.6","dc_source":"https://api1.ibabs.eu/publicdownload.aspx?site=Beekdaelen&id=ce68d9fa-8e6c-415d-8120-fcc4631c9d8d","dc_title":"Memorie van Antwoord GL cie. 21012021 - B1","dc_type":"bijlage","foi_fairiscoreVersions":{"v1":1,"v2":1},"foi_fileName":"Memorie%20van%20Antwoord%20GL%20cie.%2021012021%20-%20B1.pdf","foi_nrPages":1},{"dc_format":"application/pdf","dc_identifier":"nl.gm1954.2c.2021.2831635-5.doc.4","dc_source":"https://api1.ibabs.eu/publicdownload.aspx?site=Beekdaelen&id=f983a6c7-9796-46ce-a58a-4ab3ef09055c","dc_title":"Memorie van Antwoord VG technische voorvragen cie. 21012021 B1","dc_type":"bijlage","foi_fairiscoreVersions":{"v1":1,"v2":1},"foi_fileName":"Memorie%20van%20Antwoord%20VG%20technische%20voorvragen%20cie.%2021012021%20B1.pdf","foi_nrPages":2},{"dc_format":"application/pdf","dc_identifier":"nl.gm1954.2c.2021.2831635-5.doc.2","dc_source":"https://api1.ibabs.eu/publicdownload.aspx?site=Beekdaelen&id=68d79f34-ae59-487d-9b12-92cbc8b7a31b","dc_title":"Raadsbesluit mbt maatregelen schoolzones en schoolthuiszones","dc_type":"bijlage","foi_fairiscoreVersions":{"v1":1,"v2":1},"foi_fileName":"raadsbesluit%20mbt%20maatregelen%20schoolzones%20en%20schoolthuiszones.pdf","foi_nrPages":1},{"dc_format":"application/pdf","dc_identifier":"nl.gm1954.2c.2021.2831635-5.doc.1","dc_source":"https://api1.ibabs.eu/publicdownload.aspx?site=Beekdaelen&id=50c991f2-93b5-480c-a254-b44d972d66c0","dc_title":"Raadsvoorstel mbt maatregelen schoolzones en schoolthuiszones","dc_type":"bijlage","foi_fairiscoreVersions":{"v1":2,"v2":2},"foi_fileName":"raadsvoorstel%20mbt%20maatregelen%20schoolzones%20en%20schoolthuiszones.pdf","foi_nrPages":6}],"foi_nrDocuments":6,"foi_nrPagesInDossier":13,"foi_publishedDate":"2021-01-21","foi_retrievedDate":"2025-12-02"},{"dc_creator":"HandelingScraper_v1","dc_date_year":2021,"dc_description":"Vergadering van de Gemeente Beekdaelen op 2021-01-21. Onderdeel: Vaststelling Bestemmingsplan 'Vaesrade Ong. te Vaesrade'..","dc_identifier":"nl.gm1954.2c.2021.2831635-6","dc_publisher":"gm1954","dc_source":"https://beekdaelen.bestuurlijkeinformatie.nl/Agenda/Index/92780f0a-d778-412e-898c-105d8105c762","dc_title":"Commissie Ruimte (t/m april 2022) 2021-01-21 - Vaststelling Bestemmingsplan 'Vaesrade Ong. te Vaesrade'.","dc_type":"2c","dc_type_description":"Vergaderstuk decentrale overheid","foi_fairiscoreVersions":{"v1":2,"v2":2},"foi_files":[{"dc_format":"application/pdf","dc_identifier":"nl.gm1954.2c.2021.2831635-6.doc.9","dc_source":"https://api1.ibabs.eu/publicdownload.aspx?site=Beekdaelen&id=50c5b8a8-768e-487a-84ce-a3d4c24de6af","dc_title":"Getekend principebesluit Gemeente Nuth (30-10-2018) m.b.t. Vaesrade ong.","dc_type":"bijlage","foi_fairiscoreVersions":{"v1":5,"v2":5},"foi_fileName":"Getekend%20principebesluit%20Gemeente%20Nuth%20%2830-10-2018%29%20m.b.t.%20Vaesrade%20ong..pdf","foi_nrPages":10},{"dc_format":"application/pdf","dc_identifier":"nl.gm1954.2c.2021.2831635-6.doc.12","dc_source":"https://api1.ibabs.eu/publicdownload.aspx?site=Beekdaelen&id=715ab228-a22b-48db-9ff9-2a4fe029ca76","dc_title":"Memorie van Antwoord BL cie. 21012021 - B2","dc_type":"bijlage","foi_fairiscoreVersions":{"v1":1,"v2":1},"foi_fileName":"Memorie%20van%20Antwoord%20BL%20cie.%2021012021%20-%20B2.pdf","foi_nrPages":1},{"dc_format":"application/pdf","dc_identifier":"nl.gm1954.2c.2021.2831635-6.doc.11","dc_source":"https://api1.ibabs.eu/publicdownload.aspx?site=Beekdaelen&id=73d4cb65-da69-48f9-8568-27518e802d7b","dc_title":"Memorie van Antwoord CDA cie. 21012021 - B2 B3","dc_type":"bijlage","foi_fairiscoreVersions":{"v1":1,"v2":1},"foi_fileName":"Memorie%20van%20Antwoord%20CDA%20cie.%2021012021%20-%20B2%20B3.pdf","foi_nrPages":1},{"dc_format":"application/pdf","dc_identifier":"nl.gm1954.2c.2021.2831635-6.doc.14","dc_source":"https://api1.ibabs.eu/publicdownload.aspx?site=Beekdaelen&id=fb6a0c82-8a96-42ca-b708-d3d827201af8","dc_title":"Memorie van Antwoord GL cie. 21012021 - B2","dc_type":"bijlage","foi_fairiscoreVersions":{"v1":1,"v2":1},"foi_fileName":"Memorie%20van%20Antwoord%20GL%20cie.%2021012021%20-%20B2.pdf","foi_nrPages":1},{"dc_format":"application/pdf","dc_identifier":"nl.gm1954.2c.2021.2831635-6.doc.10","dc_source":"https://api1.ibabs.eu/publicdownload.aspx?site=Beekdaelen&id=354ff058-078b-4f71-866a-a0c31dd9d3f2","dc_title":"Memorie van Antwoord VG technische voorvragen cie. 21012021 B2-B3","dc_type":"bijlage","foi_fairiscoreVersions":{"v1":1,"v2":1},"foi_fileName":"Memorie%20van%20Antwoord%20VG%20technische%20voorvragen%20cie.%2021012021%20B2-B3.pdf","foi_nrPages":1},{"dc_format":"application/pdf","dc_identifier":"nl.gm1954.2c.2021.2831635-6.doc.13","dc_source":"https://api1.ibabs.eu/publicdownload.aspx?site=Beekdaelen&id=1373d2e8-cb73-4308-9d8c-5a29fbcc3e4f","dc_title":"Memorie van Antwoord VVD cie. 21012021 - B2","dc_type":"bijlage","foi_fairiscoreVersions":{"v1":1,"v2":1},"foi_fileName":"Memorie%20van%20Antwoord%20VVD%20cie.%2021012021%20-%20B2.pdf","foi_nrPages":2},{"dc_format":"application/pdf","dc_identifier":"nl.gm1954.2c.2021.2831635-6.doc.3","dc_source":"https://api1.ibabs.eu/publicdownload.aspx?site=Beekdaelen&id=6eb4b70d-3fbb-4bd3-92b7-3bc34589cefa","dc_title":"Vaesrade ong. te Vaesrade_Bijlagen bij toelichting_Bijlage 1  Bodemonderzoek","dc_type":"bijlage","foi_fairiscoreVersions":{"v1":3,"v2":3},"foi_fileName":"Vaesrade%20ong.%20te%20Vaesrade_Bijlagen%20bij%20toelichting_Bijlage%201%20%20Bodemonderzoek.pdf","foi_nrPages":49},{"dc_format":"application/pdf","dc_identifier":"nl.gm1954.2c.2021.2831635-6.doc.4","dc_source":"https://api1.ibabs.eu/publicdownload.aspx?site=Beekdaelen&id=bca7a79d-5595-4b72-8399-e4f8bc386f21","dc_title":"Vaesrade ong. te Vaesrade_Bijlagen bij toelichting_Bijlage 2  Akoestisch onderzoek","dc_type":"bijlage","foi_fairiscoreVersions":{"v1":2,"v2":2},"foi_fileName":"Vaesrade%20ong.%20te%20Vaesrade_Bijlagen%20bij%20toelichting_Bijlage%202%20%20Akoestisch%20onderzoek.pdf","foi_nrPages":30},{"dc_format":"application/pdf","dc_identifier":"nl.gm1954.2c.2021.2831635-6.doc.5","dc_source":"https://api1.ibabs.eu/publicdownload.aspx?site=Beekdaelen&id=fc93c6b0-910c-498e-836a-6bd24988f1bb","dc_title":"Vaesrade ong. te Vaesrade_Bijlagen bij toelichting_Bijlage 3  Stukken digitale watertoets","dc_type":"bijlage","foi_fairiscoreVersions":{"v1":1,"v2":1},"foi_fileName":"Vaesrade%20ong.%20te%20Vaesrade_Bijlagen%20bij%20toelichting_Bijlage%203%20%20Stukken%20digitale%20watertoets.pdf","foi_nrPages":7},{"dc_format":"application/pdf","dc_identifier":"nl.gm1954.2c.2021.2831635-6.doc.6","dc_source":"https://api1.ibabs.eu/publicdownload.aspx?site=Beekdaelen&id=d3a09c65-37ac-4c20-bea8-1f59b822f206","dc_title":"Vaesrade ong. te Vaesrade_Regels","dc_type":"bijlage","foi_fairiscoreVersions":{"v1":3,"v2":3},"foi_fileName":"Vaesrade%20ong.%20te%20Vaesrade_Regels.pdf","foi_nrPages":28},{"dc_format":"application/pdf","dc_identifier":"nl.gm1954.2c.2021.2831635-6.doc.7","dc_source":"https://api1.ibabs.eu/publicdownload.aspx?site=Beekdaelen&id=81cef072-73e0-4716-99b5-d52635eac6ba","dc_title":"Vaesrade ong. te Vaesrade_Toelichting","dc_type":"bijlage","foi_fairiscoreVersions":{"v1":3,"v2":3},"foi_fileName":"Vaesrade%20ong.%20te%20Vaesrade_Toelichting.pdf","foi_nrPages":44},{"dc_format":"application/pdf","dc_identifier":"nl.gm1954.2c.2021.2831635-6.doc.8","dc_source":"https://api1.ibabs.eu/publicdownload.aspx?site=Beekdaelen&id=4a48e52a-b940-453a-a97b-f33becb6f36e","dc_title":"Vaesrade ong. te Vaesrade_Verbeelding","dc_type":"bijlage","foi_fairiscoreVersions":{"v1":1,"v2":1},"foi_fileName":"Vaesrade%20ong.%20te%20Vaesrade_Verbeelding.pdf","foi_nrPages":1},{"dc_format":"application/pdf","dc_identifier":"nl.gm1954.2c.2021.2831635-6.doc.1","dc_source":"https://api1.ibabs.eu/publicdownload.aspx?site=Beekdaelen&id=19b0a369-3b25-4cbf-8bf2-0937d892fcb0","dc_title":"Raadsvoorstel Vaststelling Bestemmingsplan \u2018Vaesrade Ong. te Vaesrade\u2019","dc_type":"bijlage","foi_fairiscoreVersions":{"v1":1,"v2":1},"foi_fileName":"Z%2F20%2F149010.pdf","foi_nrPages":2},{"dc_format":"application/pdf","dc_identifier":"nl.gm1954.2c.2021.2831635-6.doc.2","dc_source":"https://api1.ibabs.eu/publicdownload.aspx?site=Beekdaelen&id=dda42032-6389-4917-9051-5218bf9ca539","dc_title":"Raadsbesluit Vaststelling Bestemmingsplan \u2018Vaesrade Ong. te Vaesrade\u2019","dc_type":"bijlage","foi_fairiscoreVersions":{"v1":1,"v2":1},"foi_fileName":"Z%2F20%2F149010.pdf","foi_nrPages":1}],"foi_nrDocuments":14,"foi_nrPagesInDossier":178,"foi_publishedDate":"2021-01-21","foi_retrievedDate":"2026-03-05"},{"dc_creator":"HandelingScraper_v1","dc_date_year":2021,"dc_description":"Vergadering van de Gemeente Beekdaelen op 2021-01-21. Onderdeel: Vaststelling Bestemmingsplan 'Zandbergweg 1 en 2 Vaesrade''.","dc_identifier":"nl.gm1954.2c.2021.2831635-7","dc_publisher":"gm1954","dc_source":"https://beekdaelen.bestuurlijkeinformatie.nl/Agenda/Index/92780f0a-d778-412e-898c-105d8105c762","dc_title":"Commissie Ruimte (t/m april 2022) 2021-01-21 - Vaststelling Bestemmingsplan 'Zandbergweg 1 en 2 Vaesrade''","dc_type":"2c","dc_type_description":"Vergaderstuk decentrale overheid","foi_fairiscoreVersions":{"v1":2,"v2":2},"foi_files":[{"dc_format":"application/pdf","dc_identifier":"nl.gm1954.2c.2021.2831635-7.doc.6","dc_source":"https://api1.ibabs.eu/publicdownload.aspx?site=Beekdaelen&id=a8d71235-77f0-4a89-abaa-ab63f2f79e29","dc_title":"Getekend principebesluit Gemeente Nuth (13-11-2018) m.b.t. Zandbergweg 1 en 2.pdf","dc_type":"bijlage","foi_fairiscoreVersions":{"v1":2,"v2":2},"foi_fileName":"Getekend%20principebesluit%20Gemeente%20Nuth%20%2813-11-2018%29%20m.b.t.%20Zandbergweg%201%20en%202.pdf","foi_nrPages":4},{"dc_format":"application/pdf","dc_identifier":"nl.gm1954.2c.2021.2831635-7.doc.8","dc_source":"https://api1.ibabs.eu/publicdownload.aspx?site=Beekdaelen&id=0ebc089e-a8c6-41cf-9351-13c64a12a3e9","dc_title":"Memorie van Antwoord CDA cie. 21012021 - B2 B3","dc_type":"bijlage","foi_fairiscoreVersions":{"v1":1,"v2":1},"foi_fileName":"Memorie%20van%20Antwoord%20CDA%20cie.%2021012021%20-%20B2%20B3.pdf","foi_nrPages":1},{"dc_format":"application/pdf","dc_identifier":"nl.gm1954.2c.2021.2831635-7.doc.7","dc_source":"https://api1.ibabs.eu/publicdownload.aspx?site=Beekdaelen&id=3617a774-c0c0-491c-8cc0-802eb6be00fc","dc_title":"Memorie van Antwoord VG technische voorvragen cie. 21012021 B2-B3","dc_type":"bijlage","foi_fairiscoreVersions":{"v1":1,"v2":1},"foi_fileName":"Memorie%20van%20Antwoord%20VG%20technische%20voorvragen%20cie.%2021012021%20B2-B3.pdf","foi_nrPages":1},{"dc_format":"application/pdf","dc_identifier":"nl.gm1954.2c.2021.2831635-7.doc.4","dc_source":"https://api1.ibabs.eu/publicdownload.aspx?site=Beekdaelen&id=2814ca9f-6781-4a90-95c6-d56c71fc3e1c","dc_title":"V_2 Zandbergweg 1+2_Regels","dc_type":"bijlage","foi_fairiscoreVersions":{"v1":2,"v2":1},"foi_fileName":"V_2%20Zandbergweg%201%2B2_Regels.pdf","foi_nrPages":19},{"dc_format":"application/pdf","dc_identifier":"nl.gm1954.2c.2021.2831635-7.doc.5","dc_source":"https://api1.ibabs.eu/publicdownload.aspx?site=Beekdaelen&id=cab1f218-1e21-4c41-a278-0f4609d5f936","dc_title":"V_3 Zandbergweg 1+2_Toelichting","dc_type":"bijlage","foi_fairiscoreVersions":{"v1":1,"v2":1},"foi_fileName":"V_3%20Zandbergweg%201%2B2_Toelichting.pdf","foi_nrPages":34},{"dc_format":"application/pdf","dc_identifier":"nl.gm1954.2c.2021.2831635-7.doc.2","dc_source":"https://api1.ibabs.eu/publicdownload.aspx?site=Beekdaelen&id=db50b033-76d6-4e9c-acff-0aabc72b14f9","dc_title":"Raadsbesluit Vaststelling Bestemmingsplan 'Zandbergweg 1 en 2 Vaesrade'.","dc_type":"bijlage","foi_fairiscoreVersions":{"v1":1,"v2":1},"foi_fileName":"Z%2F20%2F149110%20-%20Vaststelling%20Bestemmingsplan%20%27Zandbergweg%201%20en%202%20Vaesrade%27.pdf","foi_nrPages":1},{"dc_format":"application/pdf","dc_identifier":"nl.gm1954.2c.2021.2831635-7.doc.1","dc_source":"https://api1.ibabs.eu/publicdownload.aspx?site=Beekdaelen&id=0aea1c5e-abf0-4c40-9ebb-3d95ed7b81ca","dc_title":"Raadsvoorstel Vaststelling Bestemmingsplan Zandbergweg 1 en 2 Vaesrade","dc_type":"bijlage","foi_fairiscoreVersions":{"v1":1,"v2":1},"foi_fileName":"Z%2F20%2F149110%20Vaststelling%20Bestemmingsplan%20Zandbergweg%201%20en%202%20Vaesrade.pdf","foi_nrPages":2},{"dc_format":"application/pdf","dc_identifier":"nl.gm1954.2c.2021.2831635-7.doc.3","dc_source":"https://api1.ibabs.eu/publicdownload.aspx?site=Beekdaelen&id=768242c7-9bdd-4f4d-bc2d-d3473c05815b","dc_title":"Zandbergweg 1+2 - Nuth - Verbeelding","dc_type":"bijlage","foi_fairiscoreVersions":{"v1":2,"v2":2},"foi_fileName":"Zandbergweg%201%2B2%20-%20Nuth%20-%20Verbeelding.pdf","foi_nrPages":1}],"foi_nrDocuments":8,"foi_nrPagesInDossier":63,"foi_publishedDate":"2021-01-21","foi_retrievedDate":"2026-03-03"},{"dc_creator":"HandelingScraper_v1","dc_date_year":2021,"dc_description":"Vergadering van de Gemeente Beekdaelen op 2021-01-21. Onderdeel: Vaststelling Bestemmingsplan 'Kleverstraat 10/10a Schimmert'.","dc_identifier":"nl.gm1954.2c.2021.2831635-8","dc_publisher":"gm1954","dc_source":"https://beekdaelen.bestuurlijkeinformatie.nl/Agenda/Index/92780f0a-d778-412e-898c-105d8105c762","dc_title":"Commissie Ruimte (t/m april 2022) 2021-01-21 - Vaststelling Bestemmingsplan 'Kleverstraat 10/10a Schimmert'","dc_type":"2c","dc_type_description":"Vergaderstuk decentrale overheid","foi_fairiscoreVersions":{"v1":2,"v2":1},"foi_files":[{"dc_format":"application/pdf","dc_identifier":"nl.gm1954.2c.2021.2831635-8.doc.4","dc_source":"https://api1.ibabs.eu/publicdownload.aspx?site=Beekdaelen&id=1e1d0e7a-bb72-4a92-bbc8-15e19ccae78d","dc_title":"Bijlage 3 - Planregels 'Kleverstraat 10/10a Schimmert'","dc_type":"bijlage","foi_fairiscoreVersions":{"v1":1,"v2":1},"foi_fileName":"Z%2F20%2F142508%20-%20242862%20-%20Planregels%20BP%20Kleverstraat%2010%20-%2010a.pdf","foi_nrPages":33},{"dc_format":"application/pdf","dc_identifier":"nl.gm1954.2c.2021.2831635-8.doc.1","dc_source":"https://api1.ibabs.eu/publicdownload.aspx?site=Beekdaelen&id=3981bc6f-973a-4188-b663-a76f769dd6fc","dc_title":"Raadsvoorstel vaststelling bestemmingsplan 'Kleverstraat 10/10a Schimmert'","dc_type":"bijlage","foi_fairiscoreVersions":{"v1":1,"v2":1},"foi_fileName":"Z%2F20%2F142508%20-%20250718%20-.pdf","foi_nrPages":3},{"dc_format":"application/pdf","dc_identifier":"nl.gm1954.2c.2021.2831635-8.doc.2","dc_source":"https://api1.ibabs.eu/publicdownload.aspx?site=Beekdaelen&id=4ea9d0a7-f622-4c30-9789-e2d1d870b0bd","dc_title":"Raadsbesluit vaststelling bestemmingsplan 'Kleverstraat 10/10a Schimmert'","dc_type":"bijlage","foi_fairiscoreVersions":{"v1":1,"v2":1},"foi_fileName":"Z%2F20%2F142508%20-%20250722%20-.pdf","foi_nrPages":1},{"dc_format":"application/pdf","dc_identifier":"nl.gm1954.2c.2021.2831635-8.doc.3","dc_source":"https://api1.ibabs.eu/publicdownload.aspx?site=Beekdaelen&id=fe7f3ff4-a13c-4789-854d-9f8d3c4e766a","dc_title":"Bijlage 2 - Plantoelichting  'Kleverstraat 10/10a Schimmert'","dc_type":"bijlage","foi_fairiscoreVersions":{"v1":1,"v2":1},"foi_fileName":"Z%2F20%2F142508%20-%20251297%20-%20Definitieve%20toelichting%20bestemmingsplan%20Kleverstraat%2010%2F10a%20Schimmert.pdf","foi_nrPages":31},{"dc_format":"application/pdf","dc_identifier":"nl.gm1954.2c.2021.2831635-8.doc.5","dc_source":"https://api1.ibabs.eu/publicdownload.aspx?site=Beekdaelen&id=55f4adc5-747d-4ece-bd64-4a37636f77f9","dc_title":"Bijlage 4 - Verbeelding 'Kleverstraat 10/10a Schimmert'","dc_type":"bijlage","foi_fairiscoreVersions":{"v1":2,"v2":1},"foi_fileName":"Z%2F20%2F142508%20-%20251299%20-%20Definitieve%20verbeelding%20bestemmingsplan%20Kleverstraat%2010%2F10a%20Schimmert.pdf","foi_nrPages":2}],"foi_nrDocuments":5,"foi_nrPagesInDossier":70,"foi_publishedDate":"2021-01-21","foi_retrievedDate":"2026-03-07"},{"dc_creator":"HandelingScraper_v1","dc_date_year":2021,"dc_description":"Vergadering van de Gemeente Beekdaelen op 2021-01-21. Onderdeel: Beleidsregel \"Ruim baan voor goede woningbouwplannen\".","dc_identifier":"nl.gm1954.2c.2021.2831635-9","dc_publisher":"gm1954","dc_source":"https://beekdaelen.bestuurlijkeinformatie.nl/Agenda/Index/92780f0a-d778-412e-898c-105d8105c762","dc_title":"Commissie Ruimte (t/m april 2022) 2021-01-21 - Beleidsregel \"Ruim baan voor goede woningbouwplannen\"","dc_type":"2c","dc_type_description":"Vergaderstuk decentrale overheid","foi_fairiscoreVersions":{"v1":1,"v2":1},"foi_files":[{"dc_format":"application/pdf","dc_identifier":"nl.gm1954.2c.2021.2831635-9.doc.7","dc_source":"https://api1.ibabs.eu/publicdownload.aspx?site=Beekdaelen&id=520c8ca7-54e9-45b2-af74-502fbe176d17","dc_title":"Memorie van Antwoord BL cie. 21012021 - B5","dc_type":"bijlage","foi_fairiscoreVersions":{"v1":1,"v2":1},"foi_fileName":"Memorie%20van%20Antwoord%20BL%20cie.%2021012021%20-%20B5.pdf","foi_nrPages":2},{"dc_format":"application/pdf","dc_identifier":"nl.gm1954.2c.2021.2831635-9.doc.6","dc_source":"https://api1.ibabs.eu/publicdownload.aspx?site=Beekdaelen&id=49f98951-ecdc-4625-9216-33c19403a150","dc_title":"Memorie van Antwoord CDA cie. 21012021 - B5","dc_type":"bijlage","foi_fairiscoreVersions":{"v1":1,"v2":1},"foi_fileName":"Memorie%20van%20Antwoord%20CDA%20cie.%2021012021%20-%20B5.pdf","foi_nrPages":2},{"dc_format":"application/pdf","dc_identifier":"nl.gm1954.2c.2021.2831635-9.doc.9","dc_source":"https://api1.ibabs.eu/publicdownload.aspx?site=Beekdaelen&id=881241a4-9e99-4ad4-a4ba-ea1024a4979e","dc_title":"Memorie van Antwoord GL cie. 21012021 - B5","dc_type":"bijlage","foi_fairiscoreVersions":{"v1":1,"v2":1},"foi_fileName":"Memorie%20van%20Antwoord%20GL%20cie.%2021012021%20-%20B5.pdf","foi_nrPages":1},{"dc_format":"application/pdf","dc_identifier":"nl.gm1954.2c.2021.2831635-9.doc.5","dc_source":"https://api1.ibabs.eu/publicdownload.aspx?site=Beekdaelen&id=34c26e2f-71fc-4d09-b42c-aa779d2cf2dc","dc_title":"Memorie van Antwoord VG technische voorvragen cie. 21012021 B5","dc_type":"bijlage","foi_fairiscoreVersions":{"v1":1,"v2":1},"foi_fileName":"Memorie%20van%20Antwoord%20VG%20technische%20voorvragen%20cie.%2021012021%20B5.pdf","foi_nrPages":2},{"dc_format":"application/pdf","dc_identifier":"nl.gm1954.2c.2021.2831635-9.doc.8","dc_source":"https://api1.ibabs.eu/publicdownload.aspx?site=Beekdaelen&id=b4d652f9-b22a-48fb-a2b7-15b74ebecf1c","dc_title":"Memorie van Antwoord VVD cie. 21012021 - B5","dc_type":"bijlage","foi_fairiscoreVersions":{"v1":1,"v2":1},"foi_fileName":"Memorie%20van%20Antwoord%20VVD%20cie.%2021012021%20-%20B5.pdf","foi_nrPages":1},{"dc_format":"application/pdf","dc_identifier":"nl.gm1954.2c.2021.2831635-9.doc.1","dc_source":"https://api1.ibabs.eu/publicdownload.aspx?site=Beekdaelen&id=c4513290-45ca-4f5d-ae17-732b0f0023e9","dc_title":"Raadsvoorstel inzake beleidsregel 'Ruim baan voor goede woningbouwplannen 2021\"","dc_type":"bijlage","foi_fairiscoreVersions":{"v1":1,"v2":1},"foi_fileName":"Z%2F20%2F151674%20-%20249511%20-%20Raadsvoorstel%20inzake%20beleidsregel%20%27Ruim%20baan%20voor%20goede%20woningbouwplannen%202021.pdf","foi_nrPages":5},{"dc_format":"application/pdf","dc_identifier":"nl.gm1954.2c.2021.2831635-9.doc.2","dc_source":"https://api1.ibabs.eu/publicdownload.aspx?site=Beekdaelen&id=fa98da33-9d06-4dea-8e04-d39f58e0baee","dc_title":"Raadsbesluit inzake Beleidsregel \"Ruim baan voor goede woningbouwplannen 2021\"","dc_type":"bijlage","foi_fairiscoreVersions":{"v1":1,"v2":1},"foi_fileName":"Z%2F20%2F151674%20-%20249512%20-%20Beleidsregel%20Ruim%20baan%20voor%20goede%20woningbouwplannen%202021.pdf","foi_nrPages":1},{"dc_format":"application/pdf","dc_identifier":"nl.gm1954.2c.2021.2831635-9.doc.4","dc_source":"https://api1.ibabs.eu/publicdownload.aspx?site=Beekdaelen&id=abd1ed1b-fe6d-42f9-8df2-c4ed8b0ed71a","dc_title":"Bijlage 2: Beleidsregel \"Ruim baan voor goede woningbouwplannen\"","dc_type":"bijlage","foi_fairiscoreVersions":{"v1":1,"v2":1},"foi_fileName":"Z%2F20%2F151674%20-%20249519%20-.pdf","foi_nrPages":5},{"dc_format":"application/pdf","dc_identifier":"nl.gm1954.2c.2021.2831635-9.doc.3","dc_source":"https://api1.ibabs.eu/publicdownload.aspx?site=Beekdaelen&id=b121d56b-f509-4ec1-a9ab-b55fbf071b40","dc_title":"Bijlage 1: conceptnotitie \"Bouwen naar behoefte\"","dc_type":"bijlage","foi_fairiscoreVersions":{"v1":1,"v2":1},"foi_fileName":"Z%2F20%2F151674%20-%20249553%20-%20conceptnotitie%20Bouwen%20naar%20behoefte.pdf","foi_nrPages":12}],"foi_nrDocuments":9,"foi_nrPagesInDossier":31,"foi_publishedDate":"2021-01-21","foi_retrievedDate":"2026-02-12"},{"dc_creator":"HandelingScraper_v1","dc_date_year":2021,"dc_description":"Vergadering van de Gemeente Beekdaelen op 2021-02-09. Onderdeel: Opening.","dc_identifier":"nl.gm1954.2c.2021.2831696-1","dc_publisher":"gm1954","dc_source":"https://beekdaelen.bestuurlijkeinformatie.nl/Agenda/Index/f9116d48-24f2-4ed6-90fb-7f110320d306","dc_title":"Raadsvergadering 2021-02-09 - Opening","dc_type":"2c","dc_type_description":"Vergaderstuk decentrale overheid","foi_fairiscoreVersions":{"v1":1,"v2":1},"foi_files":[{"dc_format":"application/pdf","dc_identifier":"nl.gm1954.2c.2021.2831696-1.doc.1","dc_source":"https://api1.ibabs.eu/publicdownload.aspx?site=Beekdaelen&id=60782088-a151-4ab3-8a05-2fe1d7cfaac7","dc_title":"Uitnodiging en agenda raadsvergadering 9 februari 2021","dc_type":"bijlage","foi_fairiscoreVersions":{"v1":1,"v2":1},"foi_fileName":"Uitnodiging%20en%20agenda%20raadsvergadering%209%20februari%202021.pdf","foi_nrPages":2}],"foi_nrDocuments":1,"foi_nrPagesInDossier":2,"foi_publishedDate":"2021-02-09","foi_retrievedDate":"2026-03-06"},{"dc_creator":"HandelingScraper_v1","dc_date_year":2021,"dc_description":"Vergadering van de Gemeente Beekdaelen op 2021-02-09. Onderdeel: Voorstel inzake wijziging Verordening Raadscommissies.","dc_identifier":"nl.gm1954.2c.2021.2831696-10","dc_publisher":"gm1954","dc_source":"https://beekdaelen.bestuurlijkeinformatie.nl/Agenda/Index/f9116d48-24f2-4ed6-90fb-7f110320d306","dc_title":"Raadsvergadering 2021-02-09 - Voorstel inzake wijziging Verordening Raadscommissies","dc_type":"2c","dc_type_description":"Vergaderstuk decentrale overheid","foi_fairiscoreVersions":{"v1":1,"v2":1},"foi_files":[{"dc_format":"application/pdf","dc_identifier":"nl.gm1954.2c.2021.2831696-10.doc.2","dc_source":"https://api1.ibabs.eu/publicdownload.aspx?site=Beekdaelen&id=b7050121-451e-4383-9783-7e102319d0ce","dc_title":"Amendement VVD en BL inzake wijziging Verordening Raadscommissies AANGENOMEN","dc_type":"bijlage","foi_fairiscoreVersions":{"v1":1,"v2":1},"foi_fileName":"Amendement%20VVD%20en%20BL%20inzake%20wijziging%20Verordening%20Raadscommissies%20AANGENOMEN.pdf","foi_nrPages":2},{"dc_format":"application/pdf","dc_identifier":"nl.gm1954.2c.2021.2831696-10.doc.3","dc_source":"https://api1.ibabs.eu/publicdownload.aspx?site=Beekdaelen&id=ca25807a-26b6-4f00-897c-8ad12e4b0f47","dc_title":"GEAMENDEERD raadsbesluit inzake wijziging verordening raadscommissies Beekdaelen vastgesteld 09022021","dc_type":"bijlage","foi_fairiscoreVersions":{"v1":1,"v2":1},"foi_fileName":"GEAMENDEERD%20RBS%20inzake%20wijziging%20verordening%20raadscommissies%20Beekdaelen.pdf","foi_nrPages":1},{"dc_format":"application/pdf","dc_identifier":"nl.gm1954.2c.2021.2831696-10.doc.1","dc_source":"https://api1.ibabs.eu/publicdownload.aspx?site=Beekdaelen&id=aea0ed61-3abc-4aa9-9e17-9fcfdb21bdde","dc_title":"Raadsvoorstel inzake vaststelling verordening raadscommissies Beekdaelen 2021","dc_type":"bijlage","foi_fairiscoreVersions":{"v1":1,"v2":1},"foi_fileName":"Raadsvoorstel%20inzake%20vaststelling%20verordening%20raadscommissies%20Beekdaelen%202021%20-%20n.a.v.%20voorvragen.pdf","foi_nrPages":1},{"dc_format":"application/pdf","dc_identifier":"nl.gm1954.2c.2021.2831696-10.doc.4","dc_source":"https://api1.ibabs.eu/publicdownload.aspx?site=Beekdaelen&id=864f25ff-7597-4962-adc4-0f0d12e76b40","dc_title":"Verordening raadscommissie Beekdaelen 2021 DEFINITIEF VASTGESTELD","dc_type":"bijlage","foi_fairiscoreVersions":{"v1":1,"v2":1},"foi_fileName":"Verordening%20raadscommissie%20Beekdaelen%202021%20DEFINITIEF%20VASTGESTELD.pdf","foi_nrPages":14}],"foi_nrDocuments":4,"foi_nrPagesInDossier":18,"foi_publishedDate":"2021-02-09","foi_retrievedDate":"2026-03-15"},{"dc_creator":"HandelingScraper_v1","dc_date_year":2021,"dc_description":"Vergadering van de Gemeente Beekdaelen op 2021-02-09. Onderdeel: Voorstel inzake Beleidsplan vergunningverlening, toezicht en handhaving in de fysieke omgeving gemeente Beekdaelen.","dc_identifier":"nl.gm1954.2c.2021.2831696-11","dc_publisher":"gm1954","dc_source":"https://beekdaelen.bestuurlijkeinformatie.nl/Agenda/Index/f9116d48-24f2-4ed6-90fb-7f110320d306","dc_title":"Raadsvergadering 2021-02-09 - Voorstel inzake Beleidsplan vergunningverlening, toezicht en handhaving in de fysieke omgeving gemeente Beekdaelen","dc_type":"2c","dc_type_description":"Vergaderstuk decentrale overheid","foi_fairiscoreVersions":{"v1":2,"v2":2},"foi_files":[{"dc_format":"application/pdf","dc_identifier":"nl.gm1954.2c.2021.2831696-11.doc.2","dc_source":"https://api1.ibabs.eu/publicdownload.aspx?site=Beekdaelen&id=c208b295-a1c4-4e37-8449-49d36e687c7e","dc_title":"Amendement VG, BL, GL en PvdA inzake beleidsplan VTH AANGENOMEN","dc_type":"bijlage","foi_fairiscoreVersions":{"v1":2,"v2":1},"foi_fileName":"Amendement%20VG_%20BL_%20GL%20en%20PvdA%20inzake%20beleidsplan%20VTH%20AANGENOMEN.pdf","foi_nrPages":2},{"dc_format":"application/pdf","dc_identifier":"nl.gm1954.2c.2021.2831696-11.doc.5","dc_source":"https://api1.ibabs.eu/publicdownload.aspx?site=Beekdaelen&id=5742fa71-f3a4-44ba-8279-d7d4cfbc5b98","dc_title":"Bijlage 1 Beleidsplan fysieke omgeving Beekdalen aangepast","dc_type":"bijlage","foi_fairiscoreVersions":{"v1":1,"v2":1},"foi_fileName":"Beleidsplan%20fysieke%20omgeving%20Beekdalen%20aangepast.pdf","foi_nrPages":51},{"dc_format":"application/pdf","dc_identifier":"nl.gm1954.2c.2021.2831696-11.doc.6","dc_source":"https://api1.ibabs.eu/publicdownload.aspx?site=Beekdaelen&id=b6a4702a-4113-4481-a9fb-26d45d8d9595","dc_title":"Bijlage 2 Enquete","dc_type":"bijlage","foi_fairiscoreVersions":{"v1":2,"v2":2},"foi_fileName":"Bijlage%202%20Enquete.pdf","foi_nrPages":74},{"dc_format":"application/pdf","dc_identifier":"nl.gm1954.2c.2021.2831696-11.doc.7","dc_source":"https://api1.ibabs.eu/publicdownload.aspx?site=Beekdaelen&id=53a7953f-c3cf-480a-98b5-13c383d8024e","dc_title":"Bijlage 3 VTH-Uitvoeringsprogramma 2021","dc_type":"bijlage","foi_fairiscoreVersions":{"v1":2,"v2":1},"foi_fileName":"Bijlage%203%20VTH-Uitvoeringsprogramma%202021.pdf","foi_nrPages":20},{"dc_format":"application/pdf","dc_identifier":"nl.gm1954.2c.2021.2831696-11.doc.4","dc_source":"https://api1.ibabs.eu/publicdownload.aspx?site=Beekdaelen&id=25883a07-9924-4d80-848e-5f03c7d737dc","dc_title":"Memorie van wijziging beleidsplan VTH","dc_type":"bijlage","foi_fairiscoreVersions":{"v1":1,"v2":1},"foi_fileName":"Memorie%20van%20wijziging%20beleidsplan%20VTH.pdf","foi_nrPages":1},{"dc_format":"application/pdf","dc_identifier":"nl.gm1954.2c.2021.2831696-11.doc.8","dc_source":"https://api1.ibabs.eu/publicdownload.aspx?site=Beekdaelen&id=f61f4d08-fa55-4b72-9f7f-fdb679abf2a6","dc_title":"Notitie aanpak overlastlocaties gemeente Beekdaelen","dc_type":"bijlage","foi_fairiscoreVersions":{"v1":2,"v2":1},"foi_fileName":"Notitie%20aanpak%20overlastlocaties%20gemeente%20Beekdaelen.pdf","foi_nrPages":5},{"dc_format":"application/pdf","dc_identifier":"nl.gm1954.2c.2021.2831696-11.doc.3","dc_source":"https://api1.ibabs.eu/publicdownload.aspx?site=Beekdaelen&id=49cfcf06-38b5-4f4b-9f0b-a1faef482b47","dc_title":"GEAMENDEERD raadsbesluit beleidsplan VTH  vastgesteld 09022021","dc_type":"bijlage","foi_fairiscoreVersions":{"v1":1,"v2":1},"foi_fileName":"Raadsbesluit%20beleidsplan%20VTH%20GEAMENDEERD%20VASTGESTELD.pdf","foi_nrPages":1},{"dc_format":"application/pdf","dc_identifier":"nl.gm1954.2c.2021.2831696-11.doc.1","dc_source":"https://api1.ibabs.eu/publicdownload.aspx?site=Beekdaelen&id=47c5527a-7f4e-4596-b176-acec26caaf1e","dc_title":"Raadsvoorstel inzake integraal beleidsplan VTH gemeente Beekdaelen","dc_type":"bijlage","foi_fairiscoreVersions":{"v1":1,"v2":1},"foi_fileName":"Raadsvoorstel%20inzake%20integraal%20beleidsplan%20VTH%20gemeente%20Beekdaelen.pdf","foi_nrPages":6}],"foi_nrDocuments":8,"foi_nrPagesInDossier":160,"foi_publishedDate":"2021-02-09","foi_retrievedDate":"2026-01-23"},{"dc_creator":"HandelingScraper_v1","dc_date_year":2021,"dc_description":"Vergadering van de Gemeente Beekdaelen op 2021-02-09. Onderdeel: Voorstel inzake maatregelen schoolzones en schoolthuiszones.","dc_identifier":"nl.gm1954.2c.2021.2831696-12","dc_publisher":"gm1954","dc_source":"https://beekdaelen.bestuurlijkeinformatie.nl/Agenda/Index/f9116d48-24f2-4ed6-90fb-7f110320d306","dc_title":"Raadsvergadering 2021-02-09 - Voorstel inzake maatregelen schoolzones en schoolthuiszones","dc_type":"2c","dc_type_description":"Vergaderstuk decentrale overheid","foi_fairiscoreVersions":{"v1":2,"v2":2},"foi_files":[{"dc_format":"application/pdf","dc_identifier":"nl.gm1954.2c.2021.2831696-12.doc.3","dc_source":"https://api1.ibabs.eu/publicdownload.aspx?site=Beekdaelen&id=d716dec6-639c-4994-a25f-472a20276a46","dc_title":"Begrotingswijziging 1.1 uitvoering mobiliteitsplan","dc_type":"bijlage","foi_fairiscoreVersions":{"v1":1,"v2":1},"foi_fileName":"Begrotingswijziging%201.1%20uitvoering%20mobiliteitsplan%20%281%29.pdf","foi_nrPages":1},{"dc_format":"application/pdf","dc_identifier":"nl.gm1954.2c.2021.2831696-12.doc.2","dc_source":"https://api1.ibabs.eu/publicdownload.aspx?site=Beekdaelen&id=3337a990-510a-454b-908b-541398b1d297","dc_title":"Raadsbesluit aangepast na cie 21012021 vastgesteld 09022021","dc_type":"bijlage","foi_fairiscoreVersions":{"v1":1,"v2":1},"foi_fileName":"Raadsbesluit%20aangepast%20na%20cie%2021012021.pdf","foi_nrPages":1},{"dc_format":"application/pdf","dc_identifier":"nl.gm1954.2c.2021.2831696-12.doc.1","dc_source":"https://api1.ibabs.eu/publicdownload.aspx?site=Beekdaelen&id=57f3792e-79c7-472c-abbe-10cb8a83d6ca","dc_title":"Raadsvoorstel mbt maatregelen schoolzones en schoolthuiszones aangepast","dc_type":"bijlage","foi_fairiscoreVersions":{"v1":2,"v2":2},"foi_fileName":"Raadsvoorstel%20aangepast.pdf","foi_nrPages":6}],"foi_nrDocuments":3,"foi_nrPagesInDossier":8,"foi_publishedDate":"2021-02-09","foi_retrievedDate":"2026-03-11"},{"dc_creator":"HandelingScraper_v1","dc_date_year":2021,"dc_description":"Vergadering van de Gemeente Beekdaelen op 2021-02-09. Onderdeel: Voorstel inzake Beleidsregel \"Ruim baan voor goede woningbouwplannen\".","dc_identifier":"nl.gm1954.2c.2021.2831696-13","dc_publisher":"gm1954","dc_source":"https://beekdaelen.bestuurlijkeinformatie.nl/Agenda/Index/f9116d48-24f2-4ed6-90fb-7f110320d306","dc_title":"Raadsvergadering 2021-02-09 - Voorstel inzake Beleidsregel \"Ruim baan voor goede woningbouwplannen\"","dc_type":"2c","dc_type_description":"Vergaderstuk decentrale overheid","foi_fairiscoreVersions":{"v1":1,"v2":1},"foi_files":[{"dc_format":"application/pdf","dc_identifier":"nl.gm1954.2c.2021.2831696-13.doc.5","dc_source":"https://api1.ibabs.eu/publicdownload.aspx?site=Beekdaelen&id=3b9ec619-1bfb-4d9f-b2e3-7b5105d1d516","dc_title":"Motie CDA en VVD inzake ruimte voor starters in Beekdaelen INGETROKKEN","dc_type":"bijlage","foi_fairiscoreVersions":{"v1":1,"v2":1},"foi_fileName":"Motie%20CDA%20en%20VVD%20inzake%20ruimte%20voor%20starters%20in%20Beekdaelen%20INGETROKKEN.pdf","foi_nrPages":2},{"dc_format":"application/pdf","dc_identifier":"nl.gm1954.2c.2021.2831696-13.doc.6","dc_source":"https://api1.ibabs.eu/publicdownload.aspx?site=Beekdaelen&id=0dc3c4ac-7621-466f-803e-942daa6f5814","dc_title":"Motie VG inzake betaalbare woningen INGETROKKEN","dc_type":"bijlage","foi_fairiscoreVersions":{"v1":1,"v2":1},"foi_fileName":"Motie%20VG%20inzake%20betaalbare%20woningen%20INGETROKKEN.pdf","foi_nrPages":1},{"dc_format":"application/pdf","dc_identifier":"nl.gm1954.2c.2021.2831696-13.doc.1","dc_source":"https://api1.ibabs.eu/publicdownload.aspx?site=Beekdaelen&id=c4513290-45ca-4f5d-ae17-732b0f0023e9","dc_title":"Raadsvoorstel inzake beleidsregel 'Ruim baan voor goede woningbouwplannen 2021\"","dc_type":"bijlage","foi_fairiscoreVersions":{"v1":1,"v2":1},"foi_fileName":"Z%2F20%2F151674%20-%20249511%20-%20Raadsvoorstel%20inzake%20beleidsregel%20%27Ruim%20baan%20voor%20goede%20woningbouwplannen%202021.pdf","foi_nrPages":5},{"dc_format":"application/pdf","dc_identifier":"nl.gm1954.2c.2021.2831696-13.doc.2","dc_source":"https://api1.ibabs.eu/publicdownload.aspx?site=Beekdaelen&id=fa98da33-9d06-4dea-8e04-d39f58e0baee","dc_title":"Raadsbesluit inzake Beleidsregel \"Ruim baan voor goede woningbouwplannen 2021\"","dc_type":"bijlage","foi_fairiscoreVersions":{"v1":1,"v2":1},"foi_fileName":"Z%2F20%2F151674%20-%20249512%20-%20Beleidsregel%20Ruim%20baan%20voor%20goede%20woningbouwplannen%202021.pdf","foi_nrPages":1},{"dc_format":"application/pdf","dc_identifier":"nl.gm1954.2c.2021.2831696-13.doc.4","dc_source":"https://api1.ibabs.eu/publicdownload.aspx?site=Beekdaelen&id=abd1ed1b-fe6d-42f9-8df2-c4ed8b0ed71a","dc_title":"Bijlage 2: Beleidsregel \"Ruim baan voor goede woningbouwplannen\"","dc_type":"bijlage","foi_fairiscoreVersions":{"v1":1,"v2":1},"foi_fileName":"Z%2F20%2F151674%20-%20249519%20-.pdf","foi_nrPages":5},{"dc_format":"application/pdf","dc_identifier":"nl.gm1954.2c.2021.2831696-13.doc.3","dc_source":"https://api1.ibabs.eu/publicdownload.aspx?site=Beekdaelen&id=b121d56b-f509-4ec1-a9ab-b55fbf071b40","dc_title":"Bijlage 1: conceptnotitie \"Bouwen naar behoefte\"","dc_type":"bijlage","foi_fairiscoreVersions":{"v1":1,"v2":1},"foi_fileName":"Z%2F20%2F151674%20-%20249553%20-%20conceptnotitie%20Bouwen%20naar%20behoefte.pdf","foi_nrPages":12}],"foi_nrDocuments":6,"foi_nrPagesInDossier":26,"foi_publishedDate":"2021-02-09","foi_retrievedDate":"2026-01-22"},{"dc_creator":"HandelingScraper_v1","dc_date_year":2021,"dc_description":"Vergadering van de Gemeente Beekdaelen op 2021-02-09. Onderdeel: Vaststelling lijst ingekomen stukken 16 december 2020 - 9 februari 2021.","dc_identifier":"nl.gm1954.2c.2021.2831696-14","dc_publisher":"gm1954","dc_source":"https://beekdaelen.bestuurlijkeinformatie.nl/Agenda/Index/f9116d48-24f2-4ed6-90fb-7f110320d306","dc_title":"Raadsvergadering 2021-02-09 - Vaststelling lijst ingekomen stukken 16 december 2020 - 9 februari 2021","dc_type":"2c","dc_type_description":"Vergaderstuk decentrale overheid","foi_fairiscoreVersions":{"v1":1,"v2":1},"foi_files":[{"dc_format":"application/pdf","dc_identifier":"nl.gm1954.2c.2021.2831696-14.doc.1","dc_source":"https://api1.ibabs.eu/publicdownload.aspx?site=Beekdaelen&id=2fec63f2-ced6-4823-aa85-bf4317ee46a9","dc_title":"Lijst ingekomen stukken raad 09022021 vastgesteld 09022021","dc_type":"bijlage","foi_fairiscoreVersions":{"v1":1,"v2":1},"foi_fileName":"Lijst%20ingekomen%20stukken%20raad%2009022021%20versie%2004022021.pdf","foi_nrPages":8}],"foi_nrDocuments":1,"foi_nrPagesInDossier":8,"foi_publishedDate":"2021-02-09","foi_retrievedDate":"2025-11-30"},{"dc_creator":"HandelingScraper_v1","dc_date_year":2021,"dc_description":"Vergadering van de Gemeente Beekdaelen op 2021-02-09. Onderdeel: Motie D66 inzake Orange the world.","dc_identifier":"nl.gm1954.2c.2021.2831696-15","dc_publisher":"gm1954","dc_source":"https://beekdaelen.bestuurlijkeinformatie.nl/Agenda/Index/f9116d48-24f2-4ed6-90fb-7f110320d306","dc_title":"Raadsvergadering 2021-02-09 - Motie D66 inzake Orange the world","dc_type":"2c","dc_type_description":"Vergaderstuk decentrale overheid","foi_fairiscoreVersions":{"v1":1,"v2":1},"foi_files":[{"dc_format":"application/pdf","dc_identifier":"nl.gm1954.2c.2021.2831696-15.doc.1","dc_source":"https://api1.ibabs.eu/publicdownload.aspx?site=Beekdaelen&id=8e6008e4-1f94-4df7-8d9d-7e995b20afc3","dc_title":"Motie D66 inzake Orange the world AANGENOMEN","dc_type":"bijlage","foi_fairiscoreVersions":{"v1":1,"v2":1},"foi_fileName":"Motie%20D66%20orange%20the%20world%20AANGENOMEN.pdf","foi_nrPages":1}],"foi_nrDocuments":1,"foi_nrPagesInDossier":1,"foi_publishedDate":"2021-02-09","foi_retrievedDate":"2026-03-07"},{"dc_creator":"HandelingScraper_v1","dc_date_year":2021,"dc_description":"Vergadering van de Gemeente Beekdaelen op 2021-02-09. Onderdeel: Motie CDA, VG, GL en PvdA inzake verkeersveilige kernen.","dc_identifier":"nl.gm1954.2c.2021.2831696-16","dc_publisher":"gm1954","dc_source":"https://beekdaelen.bestuurlijkeinformatie.nl/Agenda/Index/f9116d48-24f2-4ed6-90fb-7f110320d306","dc_title":"Raadsvergadering 2021-02-09 - Motie CDA, VG, GL en PvdA inzake verkeersveilige kernen","dc_type":"2c","dc_type_description":"Vergaderstuk decentrale overheid","foi_fairiscoreVersions":{"v1":null,"v2":null},"foi_files":[{"dc_format":"application/pdf","dc_identifier":"nl.gm1954.2c.2021.2831696-16.doc.1","dc_source":"https://api1.ibabs.eu/publicdownload.aspx?site=Beekdaelen&id=3d258f7f-dbdc-45dc-8af0-0fe725a0a12f","dc_title":"Motie CDA, VG, GL en PvdA inzake verkeersveilige kernen Beekdaelen AANGENOMEN","dc_type":"bijlage","foi_fileName":"Motie%20CDA_%20VG_%20GL%20en%20PvdA%20inzake%20verkeersveilige%20kernen%20Beekdaelen%20AANGENOMEN.pdf"}],"foi_nrDocuments":1,"foi_nrPagesInDossier":0,"foi_publishedDate":"2021-02-09","foi_retrievedDate":"2025-11-30"},{"dc_creator":"HandelingScraper_v1","dc_date_year":2021,"dc_description":"Vergadering van de Gemeente Beekdaelen op 2021-02-09. Onderdeel: Vaststelling van de agenda.","dc_identifier":"nl.gm1954.2c.2021.2831696-2","dc_publisher":"gm1954","dc_source":"https://beekdaelen.bestuurlijkeinformatie.nl/Agenda/Index/f9116d48-24f2-4ed6-90fb-7f110320d306","dc_title":"Raadsvergadering 2021-02-09 - Vaststelling van de agenda","dc_type":"2c","dc_type_description":"Vergaderstuk decentrale overheid","foi_fairiscoreVersions":{"v1":1,"v2":1},"foi_files":[{"dc_format":"application/pdf","dc_identifier":"nl.gm1954.2c.2021.2831696-2.doc.1","dc_source":"https://api1.ibabs.eu/publicdownload.aspx?site=Beekdaelen&id=9209df07-5c7f-4f54-bbb5-3fa4bed7363c","dc_title":"Agenda raadsvergadering 9 februari 2021 vastgesteld 09022021","dc_type":"bijlage","foi_fairiscoreVersions":{"v1":1,"v2":1},"foi_fileName":"Agenda%20raadsvergadering%209%20februari%202021%20vastgesteld%2009022021.pdf","foi_nrPages":1}],"foi_nrDocuments":1,"foi_nrPagesInDossier":1,"foi_publishedDate":"2021-02-09","foi_retrievedDate":"2026-02-12"},{"dc_creator":"HandelingScraper_v1","dc_date_year":2021,"dc_description":"Vergadering van de Gemeente Beekdaelen op 2021-02-09. Onderdeel: Vaststellen besluitenlijst openbare raadsvergadering d.d. 15 december 2020.","dc_identifier":"nl.gm1954.2c.2021.2831696-3","dc_publisher":"gm1954","dc_source":"https://beekdaelen.bestuurlijkeinformatie.nl/Agenda/Index/f9116d48-24f2-4ed6-90fb-7f110320d306","dc_title":"Raadsvergadering 2021-02-09 - Vaststellen besluitenlijst openbare raadsvergadering d.d. 15 december 2020","dc_type":"2c","dc_type_description":"Vergaderstuk decentrale overheid","foi_fairiscoreVersions":{"v1":1,"v2":1},"foi_files":[{"dc_format":"application/pdf","dc_identifier":"nl.gm1954.2c.2021.2831696-3.doc.1","dc_source":"https://api1.ibabs.eu/publicdownload.aspx?site=Beekdaelen&id=f98e9b3a-7926-41b4-8db1-a710549a57de","dc_title":"Besluitenlijst raadsvergadering 15 december 2020 vastgesteld 09022021","dc_type":"bijlage","foi_fairiscoreVersions":{"v1":1,"v2":1},"foi_fileName":"Besluitenlijst%20raadsvergadering%2015%20december%202020.pdf","foi_nrPages":21}],"foi_nrDocuments":1,"foi_nrPagesInDossier":21,"foi_publishedDate":"2021-02-09","foi_retrievedDate":"2026-03-06"},{"dc_creator":"HandelingScraper_v1","dc_date_year":2021,"dc_description":"Vergadering van de Gemeente Beekdaelen op 2021-02-09. Onderdeel: Benoeming en be\u00ebdiging raadscommissieleden namens Beekdaelen Lokaal, CDA en VVD.","dc_identifier":"nl.gm1954.2c.2021.2831696-4","dc_publisher":"gm1954","dc_source":"https://beekdaelen.bestuurlijkeinformatie.nl/Agenda/Index/f9116d48-24f2-4ed6-90fb-7f110320d306","dc_title":"Raadsvergadering 2021-02-09 - Benoeming en be\u00ebdiging raadscommissieleden namens Beekdaelen Lokaal, CDA en VVD","dc_type":"2c","dc_type_description":"Vergaderstuk decentrale overheid","foi_fairiscoreVersions":{"v1":1,"v2":1},"foi_files":[{"dc_format":"application/pdf","dc_identifier":"nl.gm1954.2c.2021.2831696-4.doc.2","dc_source":"https://api1.ibabs.eu/publicdownload.aspx?site=Beekdaelen&id=4c185a68-25e2-4e3f-bd99-fa9e9bad20ce","dc_title":"Raadsbesluit benoemen raadscommissieleden voor Beekdaelen Lokaal, CDA en VVD vastgesteld 09022021","dc_type":"bijlage","foi_fairiscoreVersions":{"v1":1,"v2":1},"foi_fileName":"RB%20benoemen%20raadscommissieleden%20voor%20Beekdaelen%20Lokaal_%20CDA%20en%20VVD.pdf","foi_nrPages":1},{"dc_format":"application/pdf","dc_identifier":"nl.gm1954.2c.2021.2831696-4.doc.1","dc_source":"https://api1.ibabs.eu/publicdownload.aspx?site=Beekdaelen&id=8218bd3b-ea4b-4781-8c13-76aa4aab3b3c","dc_title":"Raadsvoorstel benoemen raadscommissieleden voor Beekdaelen Lokaal, CDA en VVD","dc_type":"bijlage","foi_fairiscoreVersions":{"v1":1,"v2":1},"foi_fileName":"RV%20benoemen%20raadscommissieleden%20voor%20Beekdaelen%20Lokaal_%20CDA%20en%20VVD.pdf","foi_nrPages":1}],"foi_nrDocuments":2,"foi_nrPagesInDossier":2,"foi_publishedDate":"2021-02-09","foi_retrievedDate":"2025-12-02"},{"dc_creator":"HandelingScraper_v1","dc_date_year":2021,"dc_description":"Vergadering van de Gemeente Beekdaelen op 2021-02-09. Onderdeel: Voorstel inzake vaststellen APV gemeente Beekdaelen 2021.","dc_identifier":"nl.gm1954.2c.2021.2831696-5","dc_publisher":"gm1954","dc_source":"https://beekdaelen.bestuurlijkeinformatie.nl/Agenda/Index/f9116d48-24f2-4ed6-90fb-7f110320d306","dc_title":"Raadsvergadering 2021-02-09 - Voorstel inzake vaststellen APV gemeente Beekdaelen 2021","dc_type":"2c","dc_type_description":"Vergaderstuk decentrale overheid","foi_fairiscoreVersions":{"v1":2,"v2":1},"foi_files":[{"dc_format":"application/pdf","dc_identifier":"nl.gm1954.2c.2021.2831696-5.doc.3","dc_source":"https://api1.ibabs.eu/publicdownload.aspx?site=Beekdaelen&id=5e14de20-eed6-405b-8c3a-8453bcd12a8f","dc_title":"Geconsolideerde APV gemeente Beekdaelen 2021 vastgesteld 09022021","dc_type":"bijlage","foi_fairiscoreVersions":{"v1":1,"v2":1},"foi_fileName":"Geconsolideerde%20APV%20gemeente%20Beekdaelen%202021%20vastgesteld%2009022021.pdf","foi_nrPages":37},{"dc_format":"application/pdf","dc_identifier":"nl.gm1954.2c.2021.2831696-5.doc.2","dc_source":"https://api1.ibabs.eu/publicdownload.aspx?site=Beekdaelen&id=d926647b-72cb-41e3-9b3d-f09d593aefa6","dc_title":"Raadsbesluit tot vaststelling APV Beekdaelen 2021 vastgesteld 09022021","dc_type":"bijlage","foi_fairiscoreVersions":{"v1":1,"v2":1},"foi_fileName":"Z%2F20%2F143256%20-%20239560%20-%20Raadsbesluit%20vaststelling%20APV%20Beekdaelen%202021.pdf","foi_nrPages":1},{"dc_format":"application/pdf","dc_identifier":"nl.gm1954.2c.2021.2831696-5.doc.1","dc_source":"https://api1.ibabs.eu/publicdownload.aspx?site=Beekdaelen&id=6d9c1217-f463-4d58-9c1a-dddcb2eefc39","dc_title":"Raadsvoorstel tot vaststelling APV Beekdaelen 2021","dc_type":"bijlage","foi_fairiscoreVersions":{"v1":1,"v2":1},"foi_fileName":"Z%2F20%2F143256%20-%20239561%20-%20Raadsvoorstel%20tot%20vaststelling%20van%20de%20APV%20Beekdaelen%202021.pdf","foi_nrPages":2},{"dc_format":"application/pdf","dc_identifier":"nl.gm1954.2c.2021.2831696-5.doc.6","dc_source":"https://api1.ibabs.eu/publicdownload.aspx?site=Beekdaelen&id=bbcd32dd-da78-4516-893f-34080e529d61","dc_title":"Overzicht van wijzigingen APV (was-wordt tabel)","dc_type":"bijlage","foi_fairiscoreVersions":{"v1":1,"v2":1},"foi_fileName":"Z%2F20%2F143256%20-%20239584%20-%20Overzicht%20van%20wijzigingen%20APV%20%28was-wordt%20tabel%29.pdf","foi_nrPages":16},{"dc_format":"application/pdf","dc_identifier":"nl.gm1954.2c.2021.2831696-5.doc.5","dc_source":"https://api1.ibabs.eu/publicdownload.aspx?site=Beekdaelen&id=6d4d927c-ff59-43de-bebb-f37cedd8135b","dc_title":"Tekst APV Beekdaelen 2021  - aanpassingen zijn rood gemarkeerd","dc_type":"bijlage","foi_fairiscoreVersions":{"v1":2,"v2":1},"foi_fileName":"Z%2F20%2F143256%20-%20240496%20-%20Tekst%20APV%20Beekdaelen%202021%20%28word%20versie%29%20-%20aanpassingen%20zijn%20rood%20gemarkeerd.pdf","foi_nrPages":37},{"dc_format":"application/pdf","dc_identifier":"nl.gm1954.2c.2021.2831696-5.doc.4","dc_source":"https://api1.ibabs.eu/publicdownload.aspx?site=Beekdaelen&id=c9cc2aa5-df69-4054-a0bf-fedcc50a7e9c","dc_title":"Ledenbrief VNG 20/053 inzake Wijziging Model-APV zomer 2020","dc_type":"bijlage","foi_fairiscoreVersions":{"v1":1,"v2":1},"foi_fileName":"Z%2F20%2F143256%20-%20241652%20-%20Ledenbrief%20VNG%2020%2F053.pdf","foi_nrPages":7}],"foi_nrDocuments":6,"foi_nrPagesInDossier":100,"foi_publishedDate":"2021-02-09","foi_retrievedDate":"2026-03-06"},{"dc_creator":"HandelingScraper_v1","dc_date_year":2021,"dc_description":"Vergadering van de Gemeente Beekdaelen op 2021-02-09. Onderdeel: Voorstel inzake Toetredingsverzoek gemeente Mook en Middelaar tot de BsGW.","dc_identifier":"nl.gm1954.2c.2021.2831696-6","dc_publisher":"gm1954","dc_source":"https://beekdaelen.bestuurlijkeinformatie.nl/Agenda/Index/f9116d48-24f2-4ed6-90fb-7f110320d306","dc_title":"Raadsvergadering 2021-02-09 - Voorstel inzake Toetredingsverzoek gemeente Mook en Middelaar tot de BsGW","dc_type":"2c","dc_type_description":"Vergaderstuk decentrale overheid","foi_fairiscoreVersions":{"v1":2,"v2":2},"foi_files":[{"dc_format":"application/pdf","dc_identifier":"nl.gm1954.2c.2021.2831696-6.doc.5","dc_source":"https://api1.ibabs.eu/publicdownload.aspx?site=Beekdaelen&id=1f8d3eb5-c2dc-4b78-9f2e-7d4732871f0f","dc_title":"Besluit AB BsGW","dc_type":"bijlage","foi_fairiscoreVersions":{"v1":2,"v2":2},"foi_fileName":"besluit.pdf","foi_nrPages":1},{"dc_format":"application/pdf","dc_identifier":"nl.gm1954.2c.2021.2831696-6.doc.6","dc_source":"https://api1.ibabs.eu/publicdownload.aspx?site=Beekdaelen&id=f2e9a177-32e2-406e-88a6-1400df25589b","dc_title":"Toetredingsverzoek gemeente Mook en Middelaar","dc_type":"bijlage","foi_fairiscoreVersions":{"v1":2,"v2":2},"foi_fileName":"brief%20gemeente%20Mook%20en%20Middelaar.pdf","foi_nrPages":1},{"dc_format":"application/pdf","dc_identifier":"nl.gm1954.2c.2021.2831696-6.doc.7","dc_source":"https://api1.ibabs.eu/publicdownload.aspx?site=Beekdaelen&id=287fcfbc-6368-4641-a5ea-12227c7daa50","dc_title":"Brief AB BsGW met verzoek om in te stemmen met toetreding","dc_type":"bijlage","foi_fairiscoreVersions":{"v1":2,"v2":2},"foi_fileName":"INK%20-INK%2F243356%2F1--Gebr.%3ASCANNERDECOS.pdf","foi_nrPages":2},{"dc_format":"application/pdf","dc_identifier":"nl.gm1954.2c.2021.2831696-6.doc.4","dc_source":"https://api1.ibabs.eu/publicdownload.aspx?site=Beekdaelen&id=618d75bc-7ad7-4c0b-be49-46d5e7b3febc","dc_title":"Voorstel AB BsGW","dc_type":"bijlage","foi_fairiscoreVersions":{"v1":2,"v2":2},"foi_fileName":"INK%20-INK%2F243356%2F2--Gebr.%3ASCANNERDECOS.pdf","foi_nrPages":4},{"dc_format":"application/pdf","dc_identifier":"nl.gm1954.2c.2021.2831696-6.doc.2","dc_source":"https://api1.ibabs.eu/publicdownload.aspx?site=Beekdaelen&id=430fd43c-2790-4a6c-b343-d6b2008cf4e9","dc_title":"Nota van wijziging ivm aanpassing formulering voorstel en besluit","dc_type":"bijlage","foi_fairiscoreVersions":{"v1":1,"v2":1},"foi_fileName":"nota%20van%20wijziging%20ivm%20aanpassing%20formulering%20voorstel%20en%20besluit.pdf","foi_nrPages":1},{"dc_format":"application/pdf","dc_identifier":"nl.gm1954.2c.2021.2831696-6.doc.3","dc_source":"https://api1.ibabs.eu/publicdownload.aspx?site=Beekdaelen&id=d74415c2-57d9-40de-b46f-a61baab363a9","dc_title":"Raadsbesluit toetreding Mook en Middelaar vastgesteld 09022021","dc_type":"bijlage","foi_fairiscoreVersions":{"v1":1,"v2":1},"foi_fileName":"raadsbesluit%20toetreding%20Mook%20en%20Middelaar%20%28aangepast%29.pdf","foi_nrPages":1},{"dc_format":"application/pdf","dc_identifier":"nl.gm1954.2c.2021.2831696-6.doc.1","dc_source":"https://api1.ibabs.eu/publicdownload.aspx?site=Beekdaelen&id=0fb8910c-b525-416e-9e27-bc4c578b1b84","dc_title":"Raadsvoorstel toetreding Mook en Middelaar (aangepast)","dc_type":"bijlage","foi_fairiscoreVersions":{"v1":1,"v2":1},"foi_fileName":"raadsvoorstel%20toetreding%20Mook%20en%20Middelaar%20%28aangepast%29.pdf","foi_nrPages":2}],"foi_nrDocuments":7,"foi_nrPagesInDossier":12,"foi_publishedDate":"2021-02-09","foi_retrievedDate":"2026-03-06"},{"dc_creator":"HandelingScraper_v1","dc_date_year":2021,"dc_description":"Vergadering van de Gemeente Beekdaelen op 2021-02-09. Onderdeel: Voorstel inzake Vaststelling Bestemmingsplan 'Vaesrade Ong. te Vaesrade'..","dc_identifier":"nl.gm1954.2c.2021.2831696-7","dc_publisher":"gm1954","dc_source":"https://beekdaelen.bestuurlijkeinformatie.nl/Agenda/Index/f9116d48-24f2-4ed6-90fb-7f110320d306","dc_title":"Raadsvergadering 2021-02-09 - Voorstel inzake Vaststelling Bestemmingsplan 'Vaesrade Ong. te Vaesrade'.","dc_type":"2c","dc_type_description":"Vergaderstuk decentrale overheid","foi_fairiscoreVersions":{"v1":2,"v2":2},"foi_files":[{"dc_format":"application/pdf","dc_identifier":"nl.gm1954.2c.2021.2831696-7.doc.3","dc_source":"https://api1.ibabs.eu/publicdownload.aspx?site=Beekdaelen&id=bb21a239-e874-4d65-8ad1-c55f699735e0","dc_title":"Vaesrade ong. te Vaesrade Bijlage bij toelichting Bijlage 1  Bodemonderzoek","dc_type":"bijlage","foi_fairiscoreVersions":{"v1":3,"v2":3},"foi_fileName":"Vaesrade%20ong.%20te%20Vaesrade_Bijlagen%20bij%20toelichting_Bijlage%201%20%20Bodemonderzoek.pdf","foi_nrPages":49},{"dc_format":"application/pdf","dc_identifier":"nl.gm1954.2c.2021.2831696-7.doc.4","dc_source":"https://api1.ibabs.eu/publicdownload.aspx?site=Beekdaelen&id=685b79eb-1de0-4eea-b92e-2fc9ae87cdac","dc_title":"Vaesrade ong. te Vaesrade Bijlage bij toelichting Bijlage 2  Akoestisch onderzoek","dc_type":"bijlage","foi_fairiscoreVersions":{"v1":2,"v2":2},"foi_fileName":"Vaesrade%20ong.%20te%20Vaesrade_Bijlagen%20bij%20toelichting_Bijlage%202%20%20Akoestisch%20onderzoek.pdf","foi_nrPages":30},{"dc_format":"application/pdf","dc_identifier":"nl.gm1954.2c.2021.2831696-7.doc.5","dc_source":"https://api1.ibabs.eu/publicdownload.aspx?site=Beekdaelen&id=dc373896-356c-4d8c-918d-a0072bc5a5d9","dc_title":"Vaesrade ong. te Vaesrade Bijlage bij toelichting Bijlage 3  Stukken digitale watertoets","dc_type":"bijlage","foi_fairiscoreVersions":{"v1":1,"v2":1},"foi_fileName":"Vaesrade%20ong.%20te%20Vaesrade_Bijlagen%20bij%20toelichting_Bijlage%203%20%20Stukken%20digitale%20watertoets.pdf","foi_nrPages":7},{"dc_format":"application/pdf","dc_identifier":"nl.gm1954.2c.2021.2831696-7.doc.6","dc_source":"https://api1.ibabs.eu/publicdownload.aspx?site=Beekdaelen&id=40f9d48c-a945-455f-9452-518f2eb94651","dc_title":"Vaesrade ong. te Vaesrade Regels","dc_type":"bijlage","foi_fairiscoreVersions":{"v1":3,"v2":3},"foi_fileName":"Vaesrade%20ong.%20te%20Vaesrade_Regels.pdf","foi_nrPages":28},{"dc_format":"application/pdf","dc_identifier":"nl.gm1954.2c.2021.2831696-7.doc.7","dc_source":"https://api1.ibabs.eu/publicdownload.aspx?site=Beekdaelen&id=29051728-03e1-46a3-ad20-3ef6397a565f","dc_title":"Vaesrade ong. te Vaesrade_Toelichting","dc_type":"bijlage","foi_fairiscoreVersions":{"v1":3,"v2":3},"foi_fileName":"Vaesrade%20ong.%20te%20Vaesrade_Toelichting.pdf","foi_nrPages":44},{"dc_format":"application/pdf","dc_identifier":"nl.gm1954.2c.2021.2831696-7.doc.8","dc_source":"https://api1.ibabs.eu/publicdownload.aspx?site=Beekdaelen&id=fa25c81b-21de-4e16-8e4e-2c402f52987a","dc_title":"Vaesrade ong. te Vaesrade_Verbeelding","dc_type":"bijlage","foi_fairiscoreVersions":{"v1":1,"v2":1},"foi_fileName":"Vaesrade%20ong.%20te%20Vaesrade_Verbeelding.pdf","foi_nrPages":1},{"dc_format":"application/pdf","dc_identifier":"nl.gm1954.2c.2021.2831696-7.doc.1","dc_source":"https://api1.ibabs.eu/publicdownload.aspx?site=Beekdaelen&id=fef5be2d-203f-4b98-99e1-45cf4cd04def","dc_title":"Raadsvoorstel Vaststelling bestemmingsplan \u2018Vaesrade Ong. te Vaesrade\u2019","dc_type":"bijlage","foi_fairiscoreVersions":{"v1":1,"v2":1},"foi_fileName":"Z%2F20%2F149010.pdf","foi_nrPages":2},{"dc_format":"application/pdf","dc_identifier":"nl.gm1954.2c.2021.2831696-7.doc.2","dc_source":"https://api1.ibabs.eu/publicdownload.aspx?site=Beekdaelen&id=6920f5d0-4538-4dd5-a4f6-3b17de645691","dc_title":"Raadsbesluit Vaststelling Bestemmingsplan \u2018Vaesrade Ong. te Vaesrade\u2019 vastgesteld 09022021","dc_type":"bijlage","foi_fairiscoreVersions":{"v1":1,"v2":1},"foi_fileName":"Z%2F20%2F149010.pdf","foi_nrPages":1}],"foi_nrDocuments":8,"foi_nrPagesInDossier":162,"foi_publishedDate":"2021-02-09","foi_retrievedDate":"2025-12-02"},{"dc_creator":"HandelingScraper_v1","dc_date_year":2021,"dc_description":"Vergadering van de Gemeente Beekdaelen op 2021-02-09. Onderdeel: Voorstel inzake Vaststelling Bestemmingsplan 'Zandbergweg 1 en 2 Vaesrade''.","dc_identifier":"nl.gm1954.2c.2021.2831696-8","dc_publisher":"gm1954","dc_source":"https://beekdaelen.bestuurlijkeinformatie.nl/Agenda/Index/f9116d48-24f2-4ed6-90fb-7f110320d306","dc_title":"Raadsvergadering 2021-02-09 - Voorstel inzake Vaststelling Bestemmingsplan 'Zandbergweg 1 en 2 Vaesrade''","dc_type":"2c","dc_type_description":"Vergaderstuk decentrale overheid","foi_fairiscoreVersions":{"v1":1,"v2":1},"foi_files":[{"dc_format":"application/pdf","dc_identifier":"nl.gm1954.2c.2021.2831696-8.doc.2","dc_source":"https://api1.ibabs.eu/publicdownload.aspx?site=Beekdaelen&id=850c7f66-606e-4b12-8806-d8d2e0669171","dc_title":"Raadsbesluit Vaststelling Bestemmingsplan 'Zandbergweg 1 en 2 Vaesrade' vastgesteld 09022021","dc_type":"bijlage","foi_fairiscoreVersions":{"v1":1,"v2":1},"foi_fileName":"Z%2F20%2F149110%20-%20Vaststelling%20Bestemmingsplan%20%27Zandbergweg%201%20en%202%20Vaesrade%27.pdf","foi_nrPages":1},{"dc_format":"application/pdf","dc_identifier":"nl.gm1954.2c.2021.2831696-8.doc.1","dc_source":"https://api1.ibabs.eu/publicdownload.aspx?site=Beekdaelen&id=381da167-b1f3-4432-befe-97543aa3078d","dc_title":"Raadsvoorstel Vaststelling Bestemmingsplan Zandbergweg 1 en 2 Vaesrade","dc_type":"bijlage","foi_fairiscoreVersions":{"v1":1,"v2":1},"foi_fileName":"Z%2F20%2F149110%20Vaststelling%20Bestemmingsplan%20Zandbergweg%201%20en%202%20Vaesrade.pdf","foi_nrPages":2}],"foi_nrDocuments":2,"foi_nrPagesInDossier":3,"foi_publishedDate":"2021-02-09","foi_retrievedDate":"2026-03-02"},{"dc_creator":"HandelingScraper_v1","dc_date_year":2021,"dc_description":"Vergadering van de Gemeente Beekdaelen op 2021-02-09. Onderdeel: Voorstel inzake Vaststelling Bestemmingsplan 'Kleverstraat 10/10a Schimmert'.","dc_identifier":"nl.gm1954.2c.2021.2831696-9","dc_publisher":"gm1954","dc_source":"https://beekdaelen.bestuurlijkeinformatie.nl/Agenda/Index/f9116d48-24f2-4ed6-90fb-7f110320d306","dc_title":"Raadsvergadering 2021-02-09 - Voorstel inzake Vaststelling Bestemmingsplan 'Kleverstraat 10/10a Schimmert'","dc_type":"2c","dc_type_description":"Vergaderstuk decentrale overheid","foi_fairiscoreVersions":{"v1":2,"v2":1},"foi_files":[{"dc_format":"application/pdf","dc_identifier":"nl.gm1954.2c.2021.2831696-9.doc.3","dc_source":"https://api1.ibabs.eu/publicdownload.aspx?site=Beekdaelen&id=1e1d0e7a-bb72-4a92-bbc8-15e19ccae78d","dc_title":"Bijlage 3 - Planregels 'Kleverstraat 10/10a Schimmert'","dc_type":"bijlage","foi_fairiscoreVersions":{"v1":1,"v2":1},"foi_fileName":"Z%2F20%2F142508%20-%20242862%20-%20Planregels%20BP%20Kleverstraat%2010%20-%2010a.pdf","foi_nrPages":33},{"dc_format":"application/pdf","dc_identifier":"nl.gm1954.2c.2021.2831696-9.doc.1","dc_source":"https://api1.ibabs.eu/publicdownload.aspx?site=Beekdaelen&id=3981bc6f-973a-4188-b663-a76f769dd6fc","dc_title":"Raadsvoorstel vaststelling bestemmingsplan 'Kleverstraat 10/10a Schimmert'","dc_type":"bijlage","foi_fairiscoreVersions":{"v1":1,"v2":1},"foi_fileName":"Z%2F20%2F142508%20-%20250718%20-.pdf","foi_nrPages":3},{"dc_format":"application/pdf","dc_identifier":"nl.gm1954.2c.2021.2831696-9.doc.5","dc_source":"https://api1.ibabs.eu/publicdownload.aspx?site=Beekdaelen&id=4ea9d0a7-f622-4c30-9789-e2d1d870b0bd","dc_title":"Raadsbesluit vaststelling bestemmingsplan 'Kleverstraat 10/10a Schimmert'","dc_type":"bijlage","foi_fairiscoreVersions":{"v1":1,"v2":1},"foi_fileName":"Z%2F20%2F142508%20-%20250722%20-.pdf","foi_nrPages":1},{"dc_format":"application/pdf","dc_identifier":"nl.gm1954.2c.2021.2831696-9.doc.2","dc_source":"https://api1.ibabs.eu/publicdownload.aspx?site=Beekdaelen&id=fe7f3ff4-a13c-4789-854d-9f8d3c4e766a","dc_title":"Bijlage 2 - Plantoelichting  'Kleverstraat 10/10a Schimmert'","dc_type":"bijlage","foi_fairiscoreVersions":{"v1":1,"v2":1},"foi_fileName":"Z%2F20%2F142508%20-%20251297%20-%20Definitieve%20toelichting%20bestemmingsplan%20Kleverstraat%2010%2F10a%20Schimmert.pdf","foi_nrPages":31},{"dc_format":"application/pdf","dc_identifier":"nl.gm1954.2c.2021.2831696-9.doc.4","dc_source":"https://api1.ibabs.eu/publicdownload.aspx?site=Beekdaelen&id=55f4adc5-747d-4ece-bd64-4a37636f77f9","dc_title":"Bijlage 4 - Verbeelding 'Kleverstraat 10/10a Schimmert'","dc_type":"bijlage","foi_fairiscoreVersions":{"v1":2,"v2":1},"foi_fileName":"Z%2F20%2F142508%20-%20251299%20-%20Definitieve%20verbeelding%20bestemmingsplan%20Kleverstraat%2010%2F10a%20Schimmert.pdf","foi_nrPages":2}],"foi_nrDocuments":5,"foi_nrPagesInDossier":70,"foi_publishedDate":"2021-02-09","foi_retrievedDate":"2025-12-06"},{"dc_creator":"HandelingScraper_v1","dc_date_year":2021,"dc_description":"Vergadering van de Gemeente Beekdaelen op 2021-02-23. Onderdeel: Algemeen.","dc_identifier":"nl.gm1954.2c.2021.2831755-1","dc_publisher":"gm1954","dc_source":"https://beekdaelen.bestuurlijkeinformatie.nl/Agenda/Index/d309b7d2-53b0-4b2e-bc87-8b6893ba41a1","dc_title":"Commissie Sociaal & BV (t/m april 2022) 2021-02-23 - Algemeen","dc_type":"2c","dc_type_description":"Vergaderstuk decentrale overheid","foi_fairiscoreVersions":{"v1":2,"v2":2},"foi_files":[{"dc_format":"application/pdf","dc_identifier":"nl.gm1954.2c.2021.2831755-1.doc.4","dc_source":"https://api1.ibabs.eu/publicdownload.aspx?site=Beekdaelen&id=0809e365-b8a8-4505-826c-ad28866e7c9e","dc_title":"Aanvullende vraag BL inzake GR Stadsregio Parkstad Limburg tbv cie 23 feb 2021","dc_type":"bijlage","foi_fairiscoreVersions":{"v1":1,"v2":1},"foi_fileName":"Aanvullende%20vraag%20BL%20inzake%20GR%20Stadsregio%20Parkstad%20Limburg%20tbv%20cie%2023%20feb%202021.pdf","foi_nrPages":1},{"dc_format":"application/pdf","dc_identifier":"nl.gm1954.2c.2021.2831755-1.doc.5","dc_source":"https://api1.ibabs.eu/publicdownload.aspx?site=Beekdaelen&id=087ed6f4-dbf2-4c54-a2b7-f38896cbd80a","dc_title":"BL voorstel GR Stadsregio Parkstad aanpassen tbv cie 23 feb 2021","dc_type":"bijlage","foi_fairiscoreVersions":{"v1":5,"v2":5},"foi_fileName":"BL%20voorstel%20GR%20parkstad%20aanpassen%20tbv%20cie%2023%20feb%202021.pdf","foi_nrPages":1},{"dc_format":"application/pdf","dc_identifier":"nl.gm1954.2c.2021.2831755-1.doc.6","dc_source":"https://api1.ibabs.eu/publicdownload.aspx?site=Beekdaelen&id=e027f4af-3448-4d29-ab05-aeeffd3dc4a4","dc_title":"BL voorstel verbeteren regionale samenwerking tbv cie 23 feb 2021","dc_type":"bijlage","foi_fairiscoreVersions":{"v1":5,"v2":5},"foi_fileName":"BL%20voorstel%20verbeteren%20regionale%20samenwerking%20tbv%20cie%2023%20feb%202021.pdf","foi_nrPages":2},{"dc_format":"application/pdf","dc_identifier":"nl.gm1954.2c.2021.2831755-1.doc.7","dc_source":"https://api1.ibabs.eu/publicdownload.aspx?site=Beekdaelen&id=a52dbc90-8b20-4243-8ce5-cf0a53d3407b","dc_title":"Technische voorvragen VVD cie's 23 en 25 feb 2021","dc_type":"bijlage","foi_fairiscoreVersions":{"v1":1,"v2":1},"foi_fileName":"Techinische%20voorvragen%20VVD%20cie%27s%2023%20en%2025%20feb%202021.pdf","foi_nrPages":5},{"dc_format":"application/pdf","dc_identifier":"nl.gm1954.2c.2021.2831755-1.doc.8","dc_source":"https://api1.ibabs.eu/publicdownload.aspx?site=Beekdaelen&id=cb49353a-bad2-4928-897d-e72263e2be3d","dc_title":"Technische voorvragen GL cie sociaal en bedrijfsvoering 23 febr 2021","dc_type":"bijlage","foi_fairiscoreVersions":{"v1":1,"v2":1},"foi_fileName":"Technische%20voorvragen%20GL%20cie%20sociaal%20en%20bedrijfsvoering%2023%20febr%202021.pdf","foi_nrPages":2},{"dc_format":"application/pdf","dc_identifier":"nl.gm1954.2c.2021.2831755-1.doc.1","dc_source":"https://api1.ibabs.eu/publicdownload.aspx?site=Beekdaelen&id=ccae1f65-5258-4370-a2e6-04f3485d6456","dc_title":"Technische voorvragen VG cie's 23 en 25 februari 2021","dc_type":"bijlage","foi_fairiscoreVersions":{"v1":1,"v2":1},"foi_fileName":"Technische%20voorvragen%20VG%20cie%27s%20%2023%20en%2025%20februari%202021.pdf","foi_nrPages":2},{"dc_format":"application/pdf","dc_identifier":"nl.gm1954.2c.2021.2831755-1.doc.3","dc_source":"https://api1.ibabs.eu/publicdownload.aspx?site=Beekdaelen&id=f98480bb-95da-4901-a675-9766a8314938","dc_title":"Technische voorvragen BL inzake commissie sociaal en bedrijfsvoering","dc_type":"bijlage","foi_fairiscoreVersions":{"v1":1,"v2":1},"foi_fileName":"Vragen%20BL%20inzake%20commissie%20sociaal%20en%20bedrijfsvoering.pdf","foi_nrPages":3},{"dc_format":"application/pdf","dc_identifier":"nl.gm1954.2c.2021.2831755-1.doc.2","dc_source":"https://api1.ibabs.eu/publicdownload.aspx?site=Beekdaelen&id=5710f43a-a2e5-4beb-8b75-33b738da79ee","dc_title":"Technische voorvragen BL inzake handhavings- en Preventieplan Jeugd en Alcohol","dc_type":"bijlage","foi_fairiscoreVersions":{"v1":1,"v2":1},"foi_fileName":"Vragen%20BL%20inzake%20handhavings-%20en%20Preventieplan%20Jeugd%20en%20Alcohol.pdf","foi_nrPages":1}],"foi_nrDocuments":8,"foi_nrPagesInDossier":17,"foi_publishedDate":"2021-02-23","foi_retrievedDate":"2026-03-09"},{"dc_creator":"HandelingScraper_v1","dc_date_year":2021,"dc_description":"Vergadering van de Gemeente Beekdaelen op 2021-02-23. Onderdeel: Opening, mededelingen voorzitter en vaststellen agenda.","dc_identifier":"nl.gm1954.2c.2021.2831755-2","dc_publisher":"gm1954","dc_source":"https://beekdaelen.bestuurlijkeinformatie.nl/Agenda/Index/d309b7d2-53b0-4b2e-bc87-8b6893ba41a1","dc_title":"Commissie Sociaal & BV (t/m april 2022) 2021-02-23 - Opening, mededelingen voorzitter en vaststellen agenda","dc_type":"2c","dc_type_description":"Vergaderstuk decentrale overheid","foi_fairiscoreVersions":{"v1":1,"v2":1},"foi_files":[{"dc_format":"application/pdf","dc_identifier":"nl.gm1954.2c.2021.2831755-2.doc.1","dc_source":"https://api1.ibabs.eu/publicdownload.aspx?site=Beekdaelen&id=2cd22822-7e3b-428b-b608-8dfde0b29155","dc_title":"Uitnodiging en voorlopige agenda cie . Sociaal & Bedrijfsvoering 23022021","dc_type":"bijlage","foi_fairiscoreVersions":{"v1":1,"v2":1},"foi_fileName":"20210223%20Uitnodiging%20en%20voorlopige%20agenda%20cie%20.%20Sociaal%20%26%20Bedrijfsvoering.pdf","foi_nrPages":1},{"dc_format":"application/pdf","dc_identifier":"nl.gm1954.2c.2021.2831755-2.doc.2","dc_source":"https://api1.ibabs.eu/publicdownload.aspx?site=Beekdaelen&id=b851e472-9275-435b-82a8-c20717e85b54","dc_title":"Vastgestelde agenda cie . Sociaal & Bedrijfsvoering 23022021","dc_type":"bijlage","foi_fairiscoreVersions":{"v1":1,"v2":1},"foi_fileName":"Vastgestelde%20agenda%20cie%20.%20Sociaal%20%26%20Bedrijfsvoering%2023022021%20-%20258735.pdf","foi_nrPages":1}],"foi_nrDocuments":2,"foi_nrPagesInDossier":2,"foi_publishedDate":"2021-02-23","foi_retrievedDate":"2026-03-15"},{"dc_creator":"HandelingScraper_v1","dc_date_year":2021,"dc_description":"Vergadering van de Gemeente Beekdaelen op 2021-02-23. Onderdeel: Vaststellen actiepuntenlijst van de commissie Sociaal & Bedrijfsvoering d.d. 19 januari 2021.","dc_identifier":"nl.gm1954.2c.2021.2831755-3","dc_publisher":"gm1954","dc_source":"https://beekdaelen.bestuurlijkeinformatie.nl/Agenda/Index/d309b7d2-53b0-4b2e-bc87-8b6893ba41a1","dc_title":"Commissie Sociaal & BV (t/m april 2022) 2021-02-23 - Vaststellen actiepuntenlijst van de commissie Sociaal & Bedrijfsvoering d.d. 19 januari 2021","dc_type":"2c","dc_type_description":"Vergaderstuk decentrale overheid","foi_fairiscoreVersions":{"v1":1,"v2":1},"foi_files":[{"dc_format":"application/pdf","dc_identifier":"nl.gm1954.2c.2021.2831755-3.doc.1","dc_source":"https://api1.ibabs.eu/publicdownload.aspx?site=Beekdaelen&id=8976041f-2908-48a5-a4c0-5b4037556606","dc_title":"20210119 Actiepuntenlijst cie Sociaal & bedrijfsvoering-vastgesteld","dc_type":"bijlage","foi_fairiscoreVersions":{"v1":1,"v2":1},"foi_fileName":"20210119%20Actiepuntenlijst%20cie%20Sociaal%20%26%20bedrijfsvoering-vastgesteld.pdf","foi_nrPages":4}],"foi_nrDocuments":1,"foi_nrPagesInDossier":4,"foi_publishedDate":"2021-02-23","foi_retrievedDate":"2026-01-22"},{"dc_creator":"HandelingScraper_v1","dc_date_year":2021,"dc_description":"Vergadering van de Gemeente Beekdaelen op 2021-02-23. Onderdeel: Vaststellen lijst van toezeggingen van de commissie Sociaal & Bedrijfsvoering.","dc_identifier":"nl.gm1954.2c.2021.2831755-4","dc_publisher":"gm1954","dc_source":"https://beekdaelen.bestuurlijkeinformatie.nl/Agenda/Index/d309b7d2-53b0-4b2e-bc87-8b6893ba41a1","dc_title":"Commissie Sociaal & BV (t/m april 2022) 2021-02-23 - Vaststellen lijst van toezeggingen van de commissie Sociaal & Bedrijfsvoering","dc_type":"2c","dc_type_description":"Vergaderstuk decentrale overheid","foi_fairiscoreVersions":{"v1":1,"v2":1},"foi_files":[{"dc_format":"application/pdf","dc_identifier":"nl.gm1954.2c.2021.2831755-4.doc.1","dc_source":"https://api1.ibabs.eu/publicdownload.aspx?site=Beekdaelen&id=7aa22a6a-36a4-41e7-8cf6-38edf89ba8bc","dc_title":"Bijgewerkte lijst Toezeggingen ter vaststelling cie Sociaal dd 23feb2021","dc_type":"bijlage","foi_fairiscoreVersions":{"v1":1,"v2":1},"foi_fileName":"Bijgewerkte%20lijst%20Toezeggingen%20ter%20vaststelling%20cie%20Sociaal%20dd%2023feb2021.pdf","foi_nrPages":4}],"foi_nrDocuments":1,"foi_nrPagesInDossier":4,"foi_publishedDate":"2021-02-23","foi_retrievedDate":"2026-03-01"},{"dc_creator":"HandelingScraper_v1","dc_date_year":2021,"dc_description":"Vergadering van de Gemeente Beekdaelen op 2021-02-23. Onderdeel: Voorstel inzake begrotingswijziging GR en toestemming wijziging GR Stadsregio Parkstad Limburg n.a.v. takendiscussie GR.","dc_identifier":"nl.gm1954.2c.2021.2831755-5","dc_publisher":"gm1954","dc_source":"https://beekdaelen.bestuurlijkeinformatie.nl/Agenda/Index/d309b7d2-53b0-4b2e-bc87-8b6893ba41a1","dc_title":"Commissie Sociaal & BV (t/m april 2022) 2021-02-23 - Voorstel inzake begrotingswijziging GR en toestemming wijziging GR Stadsregio Parkstad Limburg n.a.v. takendiscussie GR","dc_type":"2c","dc_type_description":"Vergaderstuk decentrale overheid","foi_fairiscoreVersions":{"v1":2,"v2":2},"foi_files":[{"dc_format":"application/pdf","dc_identifier":"nl.gm1954.2c.2021.2831755-5.doc.12","dc_source":"https://api1.ibabs.eu/publicdownload.aspx?site=Beekdaelen&id=73b030e6-f75e-4c05-996a-6cc6a7ce9eab","dc_title":"RIB inzake Gemeenschappelijke regeling Stadsregio Parkstad Limburg d.d. 15 januari 2021","dc_type":"bijlage","foi_fairiscoreVersions":{"v1":1,"v2":1},"foi_fileName":"20210115%20RIB%20inzake%20Gemeenschappelijke%20regeling%20Stadsregio%20Parkstad%20Limburg.pdf","foi_nrPages":1},{"dc_format":"application/pdf","dc_identifier":"nl.gm1954.2c.2021.2831755-5.doc.15","dc_source":"https://api1.ibabs.eu/publicdownload.aspx?site=Beekdaelen&id=f2961033-d08d-424b-acb1-bb04d292dfa4","dc_title":"Presentatie Takendiscussie Stadsregio Parkstad Webinar d.d. 18 januari 2021","dc_type":"bijlage","foi_fairiscoreVersions":{"v1":2,"v2":3},"foi_fileName":"20210118%20Presentatie%20Takendiscussie%20Stadsregio%20Parkstad%20Webinar%20Raadsinformatie.pdf","foi_nrPages":29},{"dc_format":"application/pdf","dc_identifier":"nl.gm1954.2c.2021.2831755-5.doc.9","dc_source":"https://api1.ibabs.eu/publicdownload.aspx?site=Beekdaelen&id=aa8c3e8c-b047-4582-adbc-db50c1088857","dc_title":"Bijlage aangepast Blauwe Schema Stadsregio Parkstad Limburg","dc_type":"bijlage","foi_fairiscoreVersions":{"v1":1,"v2":1},"foi_fileName":"Bijlage%20aangepast%20Blauwe%20Schema%20Stadsregio%20Parkstad%20Limburg.pdf","foi_nrPages":5},{"dc_format":"application/pdf","dc_identifier":"nl.gm1954.2c.2021.2831755-5.doc.8","dc_source":"https://api1.ibabs.eu/publicdownload.aspx?site=Beekdaelen&id=ce94fcda-baea-4162-b5bc-1ff1c86c5860","dc_title":"Bijlage achtergrondinformatie taken en bevoegdheden bestuurscommissies","dc_type":"bijlage","foi_fairiscoreVersions":{"v1":1,"v2":1},"foi_fileName":"Bijlage%20achtergrondinformatie%20taken%20en%20bevoegdheden%20bestuurscommissies.pdf","foi_nrPages":4},{"dc_format":"application/pdf","dc_identifier":"nl.gm1954.2c.2021.2831755-5.doc.11","dc_source":"https://api1.ibabs.eu/publicdownload.aspx?site=Beekdaelen&id=009e6dfe-560e-4357-a64f-aecf8f9988b8","dc_title":"Bijlage beschrijving verschillende procedures","dc_type":"bijlage","foi_fairiscoreVersions":{"v1":1,"v2":1},"foi_fileName":"Bijlage%20beschrijving%20verschillende%20procedures.pdf","foi_nrPages":2},{"dc_format":"application/pdf","dc_identifier":"nl.gm1954.2c.2021.2831755-5.doc.10","dc_source":"https://api1.ibabs.eu/publicdownload.aspx?site=Beekdaelen&id=fb058160-b083-4599-a436-3913260eba19","dc_title":"Bijlage bevoegdheden overdrachtsdocument nieuwe bestuurscommissies","dc_type":"bijlage","foi_fairiscoreVersions":{"v1":1,"v2":1},"foi_fileName":"Bijlage%20bevoegdheden%20overdrachtsdocument%20nieuwe%20bestuurscommissies.pdf","foi_nrPages":1},{"dc_format":"application/pdf","dc_identifier":"nl.gm1954.2c.2021.2831755-5.doc.13","dc_source":"https://api1.ibabs.eu/publicdownload.aspx?site=Beekdaelen&id=6225252f-967b-4872-8549-be8e7350bb43","dc_title":"Bijlage collegebrief d.d. 15 jan 2021 aan DB inzake besluitvorming n.a.v takendiscussie GR Parkstad","dc_type":"bijlage","foi_fairiscoreVersions":{"v1":1,"v2":1},"foi_fileName":"Bijlage%20collegebrief%20d.d.%2015%20jan%202021%20aan%20DB%20inzake%20besluitvorming%20n.a.v%20takendiscussie%20GR%20Parkstad.pdf","foi_nrPages":2},{"dc_format":"application/pdf","dc_identifier":"nl.gm1954.2c.2021.2831755-5.doc.4","dc_source":"https://api1.ibabs.eu/publicdownload.aspx?site=Beekdaelen&id=e991e7e4-17bd-46a5-93dd-0699bd852fcc","dc_title":"Bijlage concept gewijzigde GR Parkstad opgeschoonde versie","dc_type":"bijlage","foi_fairiscoreVersions":{"v1":1,"v2":1},"foi_fileName":"Bijlage%20concept%20gewijzigde%20GR%20Parkstad%20opgeschoonde%20versie.pdf","foi_nrPages":17},{"dc_format":"application/pdf","dc_identifier":"nl.gm1954.2c.2021.2831755-5.doc.3","dc_source":"https://api1.ibabs.eu/publicdownload.aspx?site=Beekdaelen&id=406e866f-e186-4ddf-a2ac-6b0aad5709c8","dc_title":"Bijlage concept gewijzigde GR Parkstad per 1 mei 2021","dc_type":"bijlage","foi_fairiscoreVersions":{"v1":1,"v2":1},"foi_fileName":"Bijlage%20concept%20gewijzigde%20GR%20Parkstad%20per%201%20mei%202021.pdf","foi_nrPages":17},{"dc_format":"application/pdf","dc_identifier":"nl.gm1954.2c.2021.2831755-5.doc.2","dc_source":"https://api1.ibabs.eu/publicdownload.aspx?site=Beekdaelen&id=6dc82ea7-ab5e-499f-a4c8-33c25287e111","dc_title":"RB besluitvorming n.a.v. takendiscussie GR Stadsregio Parkstad Limburg","dc_type":"bijlage","foi_fairiscoreVersions":{"v1":1,"v2":1},"foi_fileName":"Bijlage%20concept%20raadsbesluit%20besluitvorming%20n.a.v.%20takendiscussie%20GR%20Parkstad.pdf","foi_nrPages":1},{"dc_format":"application/pdf","dc_identifier":"nl.gm1954.2c.2021.2831755-5.doc.16","dc_source":"https://api1.ibabs.eu/publicdownload.aspx?site=Beekdaelen&id=84f56f9b-d447-413d-b690-c78adb384476","dc_title":"Bijlage reactiebrief van DB Parkstad 25 jan 2021","dc_type":"bijlage","foi_fairiscoreVersions":{"v1":2,"v2":2},"foi_fileName":"Bijlage%20reactiebrief%20van%20DB%20Parkstad%2025%20jan%202021.pdf","foi_nrPages":2},{"dc_format":"application/pdf","dc_identifier":"nl.gm1954.2c.2021.2831755-5.doc.7","dc_source":"https://api1.ibabs.eu/publicdownload.aspx?site=Beekdaelen&id=67c0b73d-ac68-445c-8b97-fc0ffbe168b1","dc_title":"Bijlage Strategische Agenda Stadsregio Parkstad 2021-2030","dc_type":"bijlage","foi_fairiscoreVersions":{"v1":2,"v2":2},"foi_fileName":"Bijlage%20Strategische%20Agenda%20Stadsregio%20Parkstad%202021-2030.pdf","foi_nrPages":13},{"dc_format":"application/pdf","dc_identifier":"nl.gm1954.2c.2021.2831755-5.doc.6","dc_source":"https://api1.ibabs.eu/publicdownload.aspx?site=Beekdaelen&id=47c6428a-c2d7-46b2-b0ed-9cd34c217160","dc_title":"Bijlage toelichting begrotingswijziging n.a.v takendiscussie GR Parkstad","dc_type":"bijlage","foi_fairiscoreVersions":{"v1":1,"v2":1},"foi_fileName":"Bijlage%20toelichting%20begrotingswijziging%20n.a.v%20takendiscussie%20GR%20Parkstad.pdf","foi_nrPages":3},{"dc_format":"application/pdf","dc_identifier":"nl.gm1954.2c.2021.2831755-5.doc.5","dc_source":"https://api1.ibabs.eu/publicdownload.aspx?site=Beekdaelen&id=0bc4feb2-54f7-48a2-a2a4-dd9c67fd57eb","dc_title":"Bijlage voorstel 1e begrotingswijziging 2021 Stadsregio Parkstad","dc_type":"bijlage","foi_fairiscoreVersions":{"v1":1,"v2":1},"foi_fileName":"Bijlage%20voorstel%201e%20begrotingswijziging%202021%20Stadsregio%20Parkstad.pdf","foi_nrPages":3},{"dc_format":"application/pdf","dc_identifier":"nl.gm1954.2c.2021.2831755-5.doc.18","dc_source":"https://api1.ibabs.eu/publicdownload.aspx?site=Beekdaelen&id=f723964f-39d8-458b-af45-7c29c401d574","dc_title":"MvA technische voorvragen BL inzake RV GR Parkstad cie sociaal 23 feb 2021","dc_type":"bijlage","foi_fairiscoreVersions":{"v1":1,"v2":1},"foi_fileName":"MvA%20technische%20voorvragen%20BL%20inzake%20RV%20GR%20Parkstad%20cie%20sociaal%2023%20feb%202021.pdf","foi_nrPages":4},{"dc_format":"application/pdf","dc_identifier":"nl.gm1954.2c.2021.2831755-5.doc.19","dc_source":"https://api1.ibabs.eu/publicdownload.aspx?site=Beekdaelen&id=37466eed-4857-4c5a-acd3-330bf4017f2f","dc_title":"MvA technische voorvragen GL inzake RV GR Parkstad cie sociaal 23 feb 2021","dc_type":"bijlage","foi_fairiscoreVersions":{"v1":1,"v2":1},"foi_fileName":"MvA%20technische%20voorvragen%20GL%20inzake%20RV%20GR%20Parkstad%20cie%20sociaal%2023%20feb%202021.pdf","foi_nrPages":3},{"dc_format":"application/pdf","dc_identifier":"nl.gm1954.2c.2021.2831755-5.doc.17","dc_source":"https://api1.ibabs.eu/publicdownload.aspx?site=Beekdaelen&id=a04be898-3876-43e6-a492-6c239cb7d307","dc_title":"MvA technische voorvragen VG inzake RV GR Parkstad cie sociaal 23 feb 2021","dc_type":"bijlage","foi_fairiscoreVersions":{"v1":1,"v2":1},"foi_fileName":"MvA%20technische%20voorvragen%20VG%20inzake%20RV%20GR%20Parkstad%20cie%20sociaal%2023%20feb%202021.pdf","foi_nrPages":2},{"dc_format":"application/pdf","dc_identifier":"nl.gm1954.2c.2021.2831755-5.doc.14","dc_source":"https://api1.ibabs.eu/publicdownload.aspx?site=Beekdaelen&id=ecc0efc0-ce11-4e19-bff9-f7a377d150ec","dc_title":"RIB inzake webinar d.d. 18 januari 2021 inzake Takendiscussie Stadsregio Parkstad Limburg","dc_type":"bijlage","foi_fairiscoreVersions":{"v1":1,"v2":1},"foi_fileName":"Raadsinformatiebrief%20inzake%20webinar%20Takendiscussie%20Stadsregio%20Parkstad%20Limburg%2018_01_2021.pdf","foi_nrPages":7},{"dc_format":"application/pdf","dc_identifier":"nl.gm1954.2c.2021.2831755-5.doc.1","dc_source":"https://api1.ibabs.eu/publicdownload.aspx?site=Beekdaelen&id=756ac428-c3a2-4b57-afa9-3e8cea0392dc","dc_title":"RV besluitvorming n.a.v takendiscussie GR Stadsregio Parkstad Limburg","dc_type":"bijlage","foi_fairiscoreVersions":{"v1":1,"v2":1},"foi_fileName":"Raadsvoorstel%20besluitvorming%20n.a.v%20takendiscussie%20GR%20Parkstad.pdf","foi_nrPages":5}],"foi_nrDocuments":19,"foi_nrPagesInDossier":121,"foi_publishedDate":"2021-02-23","foi_retrievedDate":"2025-12-02"},{"dc_creator":"HandelingScraper_v1","dc_date_year":2021,"dc_description":"Vergadering van de Gemeente Beekdaelen op 2021-02-23. Onderdeel: Voorstel inzake Evaluatie pilot dorpsco\u00f6rdinator 2020: voortzetting en uitbreiding pilot.","dc_identifier":"nl.gm1954.2c.2021.2831755-6","dc_publisher":"gm1954","dc_source":"https://beekdaelen.bestuurlijkeinformatie.nl/Agenda/Index/d309b7d2-53b0-4b2e-bc87-8b6893ba41a1","dc_title":"Commissie Sociaal & BV (t/m april 2022) 2021-02-23 - Voorstel inzake Evaluatie pilot dorpsco\u00f6rdinator 2020: voortzetting en uitbreiding pilot","dc_type":"2c","dc_type_description":"Vergaderstuk decentrale overheid","foi_fairiscoreVersions":{"v1":2,"v2":2},"foi_files":[{"dc_format":"application/pdf","dc_identifier":"nl.gm1954.2c.2021.2831755-6.doc.7","dc_source":"https://api1.ibabs.eu/publicdownload.aspx?site=Beekdaelen&id=db10e950-d521-4678-b267-c26516a2b7a7","dc_title":"Aanvullende informatie inzake taakomschrijving dorpscoordinator - 10 febr 2021","dc_type":"bijlage","foi_fairiscoreVersions":{"v1":1,"v2":1},"foi_fileName":"Aanvullende%20informatie%20inzake%20taakomschrijving%20dorpscoordinator%20-%2010%20febr%202021.pdf","foi_nrPages":2},{"dc_format":"application/pdf","dc_identifier":"nl.gm1954.2c.2021.2831755-6.doc.4","dc_source":"https://api1.ibabs.eu/publicdownload.aspx?site=Beekdaelen&id=c5208f60-a23c-4862-806b-8166b3ddadf8","dc_title":"Bijlage 1 - Algemene omschrijving werkzaamheden dorpscoordinator","dc_type":"bijlage","foi_fairiscoreVersions":{"v1":1,"v2":1},"foi_fileName":"Bijlage%201%20-%20Algemene%20omschrijving%20werkzaamheden%20dorpscoordinator.pdf","foi_nrPages":4},{"dc_format":"application/pdf","dc_identifier":"nl.gm1954.2c.2021.2831755-6.doc.5","dc_source":"https://api1.ibabs.eu/publicdownload.aspx?site=Beekdaelen&id=5f5e2292-7163-44c7-ab8c-fe0bb47d819c","dc_title":"Bijlage 2 - Contactregistratie dorpsco\u00f6rdinator","dc_type":"bijlage","foi_fairiscoreVersions":{"v1":1,"v2":1},"foi_fileName":"Bijlage%202%20-%20Contactregistratie%20dorpsco%C3%B6rdinator.pdf","foi_nrPages":21},{"dc_format":"application/pdf","dc_identifier":"nl.gm1954.2c.2021.2831755-6.doc.6","dc_source":"https://api1.ibabs.eu/publicdownload.aspx?site=Beekdaelen&id=90322441-a7ba-4611-b1dc-285978cc7dd9","dc_title":"Bijlage 3 - Resultaten enquete Dorpscoordinator","dc_type":"bijlage","foi_fairiscoreVersions":{"v1":1,"v2":1},"foi_fileName":"Bijlage%203%20-%20Resultaten%20enquete%20Dorpscoordinator.pdf","foi_nrPages":18},{"dc_format":"application/pdf","dc_identifier":"nl.gm1954.2c.2021.2831755-6.doc.8","dc_source":"https://api1.ibabs.eu/publicdownload.aspx?site=Beekdaelen&id=b2701264-816f-45e2-b1a4-ac63df77c1f6","dc_title":"Bijlage RIB inzake dorpsco\u00f6rdinatoren d.d. 10 december 2019","dc_type":"bijlage","foi_fairiscoreVersions":{"v1":5,"v2":5},"foi_fileName":"Bijlage%20RIB%20inzake%20dorpscoordinatoren%20d.d.%2010%20december%202019.pdf","foi_nrPages":2},{"dc_format":"application/pdf","dc_identifier":"nl.gm1954.2c.2021.2831755-6.doc.9","dc_source":"https://api1.ibabs.eu/publicdownload.aspx?site=Beekdaelen&id=18fd4119-0680-4819-8758-2f9dcc33b229","dc_title":"MvA technische voorvragen inzake evaluatie pilot Dorpsco\u00f6rdinator Schinveld cie sociaal 23 feb 2021","dc_type":"bijlage","foi_fairiscoreVersions":{"v1":1,"v2":1},"foi_fileName":"MvA%20technische%20voorvragen%20inzake%20evaluatie%20pilot%20Dorpsco%C3%B6rdinator%20Schinveld%20cie%20sociaal%2023%20feb%202021.pdf","foi_nrPages":9},{"dc_format":"application/pdf","dc_identifier":"nl.gm1954.2c.2021.2831755-6.doc.1","dc_source":"https://api1.ibabs.eu/publicdownload.aspx?site=Beekdaelen&id=a726ebca-094b-4361-bef8-f15d10d7dcab","dc_title":"RV Evaluatie pilot Dorpsco\u00f6rdinator Schinveld 2020","dc_type":"bijlage","foi_fairiscoreVersions":{"v1":1,"v2":1},"foi_fileName":"Z%2F20%2F152918%20-%20253275%20-%20Evaluatie%20pilot%20dorpsco%C3%B6rdinator%20Schinveld%202020.pdf","foi_nrPages":6},{"dc_format":"application/pdf","dc_identifier":"nl.gm1954.2c.2021.2831755-6.doc.3","dc_source":"https://api1.ibabs.eu/publicdownload.aspx?site=Beekdaelen&id=07965e0d-72c3-4776-b56d-2a2efb6eb72e","dc_title":"Evaluatierapport pilot Dorpsco\u00f6rdinator Schinveld 2020","dc_type":"bijlage","foi_fairiscoreVersions":{"v1":2,"v2":2},"foi_fileName":"Z%2F20%2F152918%20-%20253376%20-%20Evaluatierapport%20pilot%20Dorpsco%C3%B6rdinator%20Schinveld%202020.pdf","foi_nrPages":12},{"dc_format":"application/pdf","dc_identifier":"nl.gm1954.2c.2021.2831755-6.doc.2","dc_source":"https://api1.ibabs.eu/publicdownload.aspx?site=Beekdaelen&id=d4793b3e-415f-49bc-8ca5-12659345c3cb","dc_title":"RB Evaluatie pilot Dorpsco\u00f6rdinator Schinveld 2020","dc_type":"bijlage","foi_fairiscoreVersions":{"v1":1,"v2":1},"foi_fileName":"Z%2F20%2F152918%20-%20254679%20-%20Evaluatie%20pilot%20Dorpsco%C3%B6rdinator%20Schinveld%202020.pdf","foi_nrPages":1}],"foi_nrDocuments":9,"foi_nrPagesInDossier":75,"foi_publishedDate":"2021-02-23","foi_retrievedDate":"2026-03-12"},{"dc_creator":"HandelingScraper_v1","dc_date_year":2021,"dc_description":"Vergadering van de Gemeente Beekdaelen op 2021-02-23. Onderdeel: Preventie- en handhavingsplan jeugd en alcohol Zuid-Limburg 2021-2024.","dc_identifier":"nl.gm1954.2c.2021.2831755-7","dc_publisher":"gm1954","dc_source":"https://beekdaelen.bestuurlijkeinformatie.nl/Agenda/Index/d309b7d2-53b0-4b2e-bc87-8b6893ba41a1","dc_title":"Commissie Sociaal & BV (t/m april 2022) 2021-02-23 - Preventie- en handhavingsplan jeugd en alcohol Zuid-Limburg 2021-2024","dc_type":"2c","dc_type_description":"Vergaderstuk decentrale overheid","foi_fairiscoreVersions":{"v1":2,"v2":2},"foi_files":[{"dc_format":"application/pdf","dc_identifier":"nl.gm1954.2c.2021.2831755-7.doc.8","dc_source":"https://api1.ibabs.eu/publicdownload.aspx?site=Beekdaelen&id=cd8dc0f8-7a71-48db-97ea-9c4907c3f6a6","dc_title":"MvA technische voorvragen BL inzake Preventie- en handhavingsplan jeugd en alcohol cie Sociaal 23 feb 2021.docx","dc_type":"bijlage","foi_fairiscoreVersions":{"v1":1,"v2":1},"foi_fileName":"MvA%20technische%20voorvragen%20BL%20inzake%20Preventie-%20en%20handhavingsplan%20jeugd%20en%20alcohol%20cie%20Sociaal%2023%20feb%202021.pdf","foi_nrPages":3},{"dc_format":"application/pdf","dc_identifier":"nl.gm1954.2c.2021.2831755-7.doc.7","dc_source":"https://api1.ibabs.eu/publicdownload.aspx?site=Beekdaelen&id=6dd19cac-c9ca-4fb1-9de5-2ed54b82c959","dc_title":"MvA technische voorvragen VG inzake Preventie- en handhavingsplan jeugd en alcohol cie Sociaal 23 feb 2021","dc_type":"bijlage","foi_fairiscoreVersions":{"v1":1,"v2":1},"foi_fileName":"MvA%20technische%20voorvragen%20van%20VG%20commissie%20Sociaal%2023%20feb%202021.pdf","foi_nrPages":2},{"dc_format":"application/pdf","dc_identifier":"nl.gm1954.2c.2021.2831755-7.doc.9","dc_source":"https://api1.ibabs.eu/publicdownload.aspx?site=Beekdaelen&id=b8721440-144a-45e9-81c3-77ce3db4e201","dc_title":"MvA technische voorvragen VVD inzake Preventie- en handhavingsplan jeugd en alcohol cie Sociaal 23 feb 2021.docx","dc_type":"bijlage","foi_fairiscoreVersions":{"v1":1,"v2":1},"foi_fileName":"MvA%20technische%20voorvragen%20VVD%20inzake%20Preventie-%20en%20handhavingsplan%20jeugd%20en%20alcohol%20cie%20Sociaal%2023%20feb%202021.pdf","foi_nrPages":4},{"dc_format":"application/pdf","dc_identifier":"nl.gm1954.2c.2021.2831755-7.doc.3","dc_source":"https://api1.ibabs.eu/publicdownload.aspx?site=Beekdaelen&id=453178ae-fe05-4fae-a9ee-aa4d88fe0343","dc_title":"Preventie en handhavingsplan alcohol en jeugd Zuid-Limburg 2021-2024","dc_type":"bijlage","foi_fairiscoreVersions":{"v1":2,"v2":1},"foi_fileName":"Z%2F20%2F139678%20-%20252249%20-%20Preventie%20en%20handhavingsplan%20alcohol%20en%20jeugd%20Zuid-Limburg%202021-2024.pdf","foi_nrPages":29},{"dc_format":"application/pdf","dc_identifier":"nl.gm1954.2c.2021.2831755-7.doc.1","dc_source":"https://api1.ibabs.eu/publicdownload.aspx?site=Beekdaelen&id=f8de46c4-993c-48fb-b6ff-6f9c05528905","dc_title":"RV Preventie- en handhavingsplan alcohol en jeugd Zuid-Limburg 2021-2024.","dc_type":"bijlage","foi_fairiscoreVersions":{"v1":1,"v2":1},"foi_fileName":"Z%2F20%2F139678%20-%20254157%20-%20Preventie-%20en%20handhavingsplan%20alcohol%20en%20jeugd%20Zuid-Limburg%202021-2024.pdf","foi_nrPages":3},{"dc_format":"application/pdf","dc_identifier":"nl.gm1954.2c.2021.2831755-7.doc.2","dc_source":"https://api1.ibabs.eu/publicdownload.aspx?site=Beekdaelen&id=baf6113e-f77c-4123-a568-d5ca6a0d45e3","dc_title":"RB Preventie en Handhavingsplan jeugd en alcohol Zuid-Limburg 2021 - 2024 vastgesteld 16032021","dc_type":"bijlage","foi_fairiscoreVersions":{"v1":1,"v2":1},"foi_fileName":"Z%2F20%2F139678%20-%20254161%20-%20Preventie%20en%20Handhavingsplan%20jeugd%20en%20alcohol%20Zuid-Limburg%202021%20-%202024.pdf","foi_nrPages":1},{"dc_format":"application/pdf","dc_identifier":"nl.gm1954.2c.2021.2831755-7.doc.4","dc_source":"https://api1.ibabs.eu/publicdownload.aspx?site=Beekdaelen&id=5a1ea84a-375c-4f65-8fd1-b0b23c47537d","dc_title":"Resultaten nalevingsonderzoek onder alcoholverstrekkers in Zuid-Limburg 2015","dc_type":"bijlage","foi_fairiscoreVersions":{"v1":2,"v2":2},"foi_fileName":"Z%2F20%2F139678%20-%20254634%20-%20resultaten%20nalevingsonderzoek%20onder%20alcoholverstrekkers%20in%20Zuid-Limburg%202015.pdf","foi_nrPages":26},{"dc_format":"application/pdf","dc_identifier":"nl.gm1954.2c.2021.2831755-7.doc.5","dc_source":"https://api1.ibabs.eu/publicdownload.aspx?site=Beekdaelen&id=a3fcc69b-d926-4cdf-8366-933133aca0bb","dc_title":"Resultaten nalevingsonderzoek onder alcoholverstrekkers in Zuid Limburg 2018","dc_type":"bijlage","foi_fairiscoreVersions":{"v1":2,"v2":2},"foi_fileName":"Z%2F20%2F139678%20-%20254636%20-%20resultaten%20nalevingsonderzoek%20onder%20alcoholverstrekkers%20Zuid%20Limburg%202018.pdf","foi_nrPages":19},{"dc_format":"application/pdf","dc_identifier":"nl.gm1954.2c.2021.2831755-7.doc.6","dc_source":"https://api1.ibabs.eu/publicdownload.aspx?site=Beekdaelen&id=5a9cfbaf-7637-4057-ae64-9446b737b217","dc_title":"Advies over P+H plan Adviesraad Sociaal Domein 7-1-2021","dc_type":"bijlage","foi_fairiscoreVersions":{"v1":1,"v2":1},"foi_fileName":"Z%2F20%2F139678%20-%20254638%20-%20Advies%20over%20P%2BH%20plan%20Adviesraad%20Sociaal%20Domein%207-1-2021.pdf","foi_nrPages":3}],"foi_nrDocuments":9,"foi_nrPagesInDossier":90,"foi_publishedDate":"2021-02-23","foi_retrievedDate":"2026-02-05"},{"dc_creator":"HandelingScraper_v1","dc_date_year":2021,"dc_description":"Vergadering van de Gemeente Beekdaelen op 2021-02-25. Onderdeel: Algemeen.","dc_identifier":"nl.gm1954.2c.2021.2831812-1","dc_publisher":"gm1954","dc_source":"https://beekdaelen.bestuurlijkeinformatie.nl/Agenda/Index/7e5b0e2b-9137-4fc9-9557-fa75c2414939","dc_title":"Commissie Ruimte (t/m april 2022) 2021-02-25 - Algemeen","dc_type":"2c","dc_type_description":"Vergaderstuk decentrale overheid","foi_fairiscoreVersions":{"v1":1,"v2":1},"foi_files":[{"dc_format":"application/pdf","dc_identifier":"nl.gm1954.2c.2021.2831812-1.doc.1","dc_source":"https://api1.ibabs.eu/publicdownload.aspx?site=Beekdaelen&id=7f09be81-a3e0-4c32-862b-2a0a0445683e","dc_title":"Technische voorvragen VG cie's  23 en 25 februari 2021","dc_type":"bijlage","foi_fairiscoreVersions":{"v1":1,"v2":1},"foi_fileName":"Technische%20voorvragen%20VG%20cie%27s%20%2023%20en%2025%20februari%202021.pdf","foi_nrPages":2},{"dc_format":"application/pdf","dc_identifier":"nl.gm1954.2c.2021.2831812-1.doc.2","dc_source":"https://api1.ibabs.eu/publicdownload.aspx?site=Beekdaelen&id=99b137cd-afd9-4012-9e97-ca83173d5efe","dc_title":"Technische voorvragen BL inzake Bronsgroenerhof","dc_type":"bijlage","foi_fairiscoreVersions":{"v1":1,"v2":1},"foi_fileName":"Technische%20vragen%20BL%20inzake%20Bronsgroenerhof.pdf","foi_nrPages":1}],"foi_nrDocuments":2,"foi_nrPagesInDossier":3,"foi_publishedDate":"2021-02-25","foi_retrievedDate":"2025-12-03"},{"dc_creator":"HandelingScraper_v1","dc_date_year":2021,"dc_description":"Vergadering van de Gemeente Beekdaelen op 2021-02-25. Onderdeel: Opening, mededelingen voorzitter en vaststellen agenda.","dc_identifier":"nl.gm1954.2c.2021.2831812-2","dc_publisher":"gm1954","dc_source":"https://beekdaelen.bestuurlijkeinformatie.nl/Agenda/Index/7e5b0e2b-9137-4fc9-9557-fa75c2414939","dc_title":"Commissie Ruimte (t/m april 2022) 2021-02-25 - Opening, mededelingen voorzitter en vaststellen agenda","dc_type":"2c","dc_type_description":"Vergaderstuk decentrale overheid","foi_fairiscoreVersions":{"v1":1,"v2":1},"foi_files":[{"dc_format":"application/pdf","dc_identifier":"nl.gm1954.2c.2021.2831812-2.doc.1","dc_source":"https://api1.ibabs.eu/publicdownload.aspx?site=Beekdaelen&id=3c4bc56e-fd4c-4ce0-9fda-b683d60fe603","dc_title":"Uitnodiging en voorlopige agenda cie. Ruimte","dc_type":"bijlage","foi_fairiscoreVersions":{"v1":1,"v2":1},"foi_fileName":"20210225%20Uitnodiging%20en%20voorlopige%20agenda%20cie%20.%20Ruimte.pdf","foi_nrPages":1},{"dc_format":"application/pdf","dc_identifier":"nl.gm1954.2c.2021.2831812-2.doc.2","dc_source":"https://api1.ibabs.eu/publicdownload.aspx?site=Beekdaelen&id=953064e1-a320-4aef-acc1-50011c27abca","dc_title":"Vastgestelde agenda cie . Ruimte 25022021","dc_type":"bijlage","foi_fairiscoreVersions":{"v1":1,"v2":1},"foi_fileName":"Vastgestelde%20agenda%20cie%20.%20Ruimte%2025022021%20-%20258745.pdf","foi_nrPages":1}],"foi_nrDocuments":2,"foi_nrPagesInDossier":2,"foi_publishedDate":"2021-02-25","foi_retrievedDate":"2026-03-09"},{"dc_creator":"HandelingScraper_v1","dc_date_year":2021,"dc_description":"Vergadering van de Gemeente Beekdaelen op 2021-02-25. Onderdeel: Vaststellen actiepuntenlijst van de commissie Ruimte d.d. 21 januari 2021.","dc_identifier":"nl.gm1954.2c.2021.2831812-3","dc_publisher":"gm1954","dc_source":"https://beekdaelen.bestuurlijkeinformatie.nl/Agenda/Index/7e5b0e2b-9137-4fc9-9557-fa75c2414939","dc_title":"Commissie Ruimte (t/m april 2022) 2021-02-25 - Vaststellen actiepuntenlijst van de commissie Ruimte d.d. 21 januari 2021","dc_type":"2c","dc_type_description":"Vergaderstuk decentrale overheid","foi_fairiscoreVersions":{"v1":1,"v2":1},"foi_files":[{"dc_format":"application/pdf","dc_identifier":"nl.gm1954.2c.2021.2831812-3.doc.1","dc_source":"https://api1.ibabs.eu/publicdownload.aspx?site=Beekdaelen&id=51992255-711d-49a3-a73f-026efb1b7c5a","dc_title":"Actiepuntenlijst cie Ruimte 20210121 21 januari 2021 - vastgesteld 25022021","dc_type":"bijlage","foi_fairiscoreVersions":{"v1":1,"v2":1},"foi_fileName":"Actiepuntenlijst%20cie%20Ruimte%2020210121%20%2021%20januari%202021.pdf","foi_nrPages":4}],"foi_nrDocuments":1,"foi_nrPagesInDossier":4,"foi_publishedDate":"2021-02-25","foi_retrievedDate":"2026-03-15"},{"dc_creator":"HandelingScraper_v1","dc_date_year":2021,"dc_description":"Vergadering van de Gemeente Beekdaelen op 2021-02-25. Onderdeel: Vaststellen lijst van toezeggingen van de commissie Ruimte.","dc_identifier":"nl.gm1954.2c.2021.2831812-4","dc_publisher":"gm1954","dc_source":"https://beekdaelen.bestuurlijkeinformatie.nl/Agenda/Index/7e5b0e2b-9137-4fc9-9557-fa75c2414939","dc_title":"Commissie Ruimte (t/m april 2022) 2021-02-25 - Vaststellen lijst van toezeggingen van de commissie Ruimte","dc_type":"2c","dc_type_description":"Vergaderstuk decentrale overheid","foi_fairiscoreVersions":{"v1":null,"v2":null},"foi_files":[{"dc_format":"application/pdf","dc_identifier":"nl.gm1954.2c.2021.2831812-4.doc.1","dc_source":"https://api1.ibabs.eu/publicdownload.aspx?site=Beekdaelen&id=d7c92a30-732e-41c8-82cb-b05e4e71ef63","dc_title":"Bijgewerkte lijst Toezeggingen ter vaststelling cie Ruimte dd 25feb2021","dc_type":"bijlage","foi_fileName":"Bijgewerkte%20lijst%20Toezeggingen%20ter%20vaststelling%20cie%20Ruimte%20dd%2025feb2021.pdf"}],"foi_nrDocuments":1,"foi_nrPagesInDossier":0,"foi_publishedDate":"2021-02-25","foi_retrievedDate":"2025-12-01"},{"dc_creator":"HandelingScraper_v1","dc_date_year":2021,"dc_description":"Vergadering van de Gemeente Beekdaelen op 2021-02-25. Onderdeel: Voorstel inzake VVGB Omgevingsvergunning Hommerter Allee ong. naast 93.","dc_identifier":"nl.gm1954.2c.2021.2831812-5","dc_publisher":"gm1954","dc_source":"https://beekdaelen.bestuurlijkeinformatie.nl/Agenda/Index/7e5b0e2b-9137-4fc9-9557-fa75c2414939","dc_title":"Commissie Ruimte (t/m april 2022) 2021-02-25 - Voorstel inzake VVGB Omgevingsvergunning Hommerter Allee ong. naast 93","dc_type":"2c","dc_type_description":"Vergaderstuk decentrale overheid","foi_fairiscoreVersions":{"v1":2,"v2":2},"foi_files":[{"dc_format":"application/pdf","dc_identifier":"nl.gm1954.2c.2021.2831812-5.doc.5","dc_source":"https://api1.ibabs.eu/publicdownload.aspx?site=Beekdaelen&id=e2c675f5-ca0c-4bd2-8f1b-abc00b64df2b","dc_title":"Principebesluit gemeente Schinnen (20-11-2018)","dc_type":"bijlage","foi_fairiscoreVersions":{"v1":2,"v2":2},"foi_fileName":"Getekend%20principebesluit%20gemeente%20Schinnen%20%2820-11-2018%29%20m.b.t.%20Omgevingsvergunning%20Hommerter%20Allee%20ong.%20naast%2093.pdf","foi_nrPages":4},{"dc_format":"application/pdf","dc_identifier":"nl.gm1954.2c.2021.2831812-5.doc.3","dc_source":"https://api1.ibabs.eu/publicdownload.aspx?site=Beekdaelen&id=864aaf4a-a044-4d92-a22f-3f8e8800a36b","dc_title":"Aanvraag omgevingsvergunning","dc_type":"bijlage","foi_fairiscoreVersions":{"v1":1,"v2":1},"foi_fileName":"publiceerbare%20aanvraag.pdf","foi_nrPages":8},{"dc_format":"application/pdf","dc_identifier":"nl.gm1954.2c.2021.2831812-5.doc.4","dc_source":"https://api1.ibabs.eu/publicdownload.aspx?site=Beekdaelen&id=fe5f197e-02af-44d9-9d05-30c81c413746","dc_title":"Ruimtelijke onderbouwing","dc_type":"bijlage","foi_fairiscoreVersions":{"v1":1,"v2":1},"foi_fileName":"Ruimtelijke%20onderbouwing.pdf","foi_nrPages":27},{"dc_format":"application/pdf","dc_identifier":"nl.gm1954.2c.2021.2831812-5.doc.1","dc_source":"https://api1.ibabs.eu/publicdownload.aspx?site=Beekdaelen&id=54d23ca0-6359-40c7-b208-ef64350400b2","dc_title":"RV inzake VVGB Omgevingsvergunning Hommerter Allee ong. naast 93 in Amstenrade","dc_type":"bijlage","foi_fairiscoreVersions":{"v1":1,"v2":1},"foi_fileName":"Z%2F20%2F137750%20-%20254650%20-.pdf","foi_nrPages":3},{"dc_format":"application/pdf","dc_identifier":"nl.gm1954.2c.2021.2831812-5.doc.2","dc_source":"https://api1.ibabs.eu/publicdownload.aspx?site=Beekdaelen&id=f3ce223e-8b95-4f1f-825b-5c8ce5d5dd50","dc_title":"RB inzake VVGB Omgevingsvergunning Hommerter Allee ong. naast 93 in Amstenrade vastgesteld 16032021","dc_type":"bijlage","foi_fairiscoreVersions":{"v1":1,"v2":1},"foi_fileName":"Z%2F20%2F137750%20-%20254652%20-.pdf","foi_nrPages":1}],"foi_nrDocuments":5,"foi_nrPagesInDossier":43,"foi_publishedDate":"2021-02-25","foi_retrievedDate":"2025-12-02"},{"dc_creator":"HandelingScraper_v1","dc_date_year":2021,"dc_description":"Vergadering van de Gemeente Beekdaelen op 2021-02-25. Onderdeel: Voorstel inzake VVGB Omgevingsvergunning Heringsbosch 7b in Schinveld 'Bronsgroenerhof'.","dc_identifier":"nl.gm1954.2c.2021.2831812-6","dc_publisher":"gm1954","dc_source":"https://beekdaelen.bestuurlijkeinformatie.nl/Agenda/Index/7e5b0e2b-9137-4fc9-9557-fa75c2414939","dc_title":"Commissie Ruimte (t/m april 2022) 2021-02-25 - Voorstel inzake VVGB Omgevingsvergunning Heringsbosch 7b in Schinveld 'Bronsgroenerhof'","dc_type":"2c","dc_type_description":"Vergaderstuk decentrale overheid","foi_fairiscoreVersions":{"v1":2,"v2":1},"foi_files":[{"dc_format":"application/pdf","dc_identifier":"nl.gm1954.2c.2021.2831812-6.doc.7","dc_source":"https://api1.ibabs.eu/publicdownload.aspx?site=Beekdaelen&id=29772e84-6240-407a-9ef1-05c2648cb0d3","dc_title":"Amendement raad september 2020 Bronsgroenerhof D66 VVD BL incl. stemuitslag VERWORPEN","dc_type":"bijlage","foi_fairiscoreVersions":{"v1":1,"v2":1},"foi_fileName":"Amendement%20Bronsgroenerhof%20D66%20VVD%20BL%20incl.%20stemuitslag%20VERWORPEN.pdf","foi_nrPages":2},{"dc_format":"application/pdf","dc_identifier":"nl.gm1954.2c.2021.2831812-6.doc.3","dc_source":"https://api1.ibabs.eu/publicdownload.aspx?site=Beekdaelen&id=82508240-7b27-421a-91c7-38e2e0eb4162","dc_title":"Nota van zienswijzen","dc_type":"bijlage","foi_fairiscoreVersions":{"v1":1,"v2":1},"foi_fileName":"Bijlage%203%20-%20Nota%20van%20zienswijzen.pdf","foi_nrPages":26},{"dc_format":"application/pdf","dc_identifier":"nl.gm1954.2c.2021.2831812-6.doc.8","dc_source":"https://api1.ibabs.eu/publicdownload.aspx?site=Beekdaelen&id=857dc38e-5330-4c3d-9f6b-882578c76636","dc_title":"Ingezonden brief - inspraakreactie dhr. Waalen","dc_type":"bijlage","foi_fairiscoreVersions":{"v1":2,"v2":1},"foi_fileName":"Ingezonden%20brief%20-%20inspraakreactie%20dhr.%20Waalen.pdf","foi_nrPages":2},{"dc_format":"application/pdf","dc_identifier":"nl.gm1954.2c.2021.2831812-6.doc.5","dc_source":"https://api1.ibabs.eu/publicdownload.aspx?site=Beekdaelen&id=ecf57a40-2f8c-4303-aac3-e2e42ecc2193","dc_title":"Memorie van Antwoord BL cie. 25022021 - B2","dc_type":"bijlage","foi_fairiscoreVersions":{"v1":1,"v2":1},"foi_fileName":"Memorie%20van%20Antwoord%20BL%20cie.%2025022021%20-%20B2.pdf","foi_nrPages":2},{"dc_format":"application/pdf","dc_identifier":"nl.gm1954.2c.2021.2831812-6.doc.4","dc_source":"https://api1.ibabs.eu/publicdownload.aspx?site=Beekdaelen&id=75a7de01-2871-48eb-aa79-0250918d6b82","dc_title":"Memorie van Antwoord VG cie. 25022021 - B2","dc_type":"bijlage","foi_fairiscoreVersions":{"v1":1,"v2":1},"foi_fileName":"Memorie%20van%20Antwoord%20VG%20cie.%2025022021%20-%20B2.pdf","foi_nrPages":2},{"dc_format":"application/pdf","dc_identifier":"nl.gm1954.2c.2021.2831812-6.doc.6","dc_source":"https://api1.ibabs.eu/publicdownload.aspx?site=Beekdaelen&id=0babca8c-5468-4076-b9d9-593accb462bc","dc_title":"Motie Bronsgroenerhof VG, CDA en PvdA incl. stemuitslag AANGENOMEN","dc_type":"bijlage","foi_fairiscoreVersions":{"v1":1,"v2":1},"foi_fileName":"Motie%20Bronsgroenerhof%20VG_%20CDA%20en%20PvdA%20incl.%20stemuitslag%20AANGENOMEN.pdf","foi_nrPages":2},{"dc_format":"application/pdf","dc_identifier":"nl.gm1954.2c.2021.2831812-6.doc.1","dc_source":"https://api1.ibabs.eu/publicdownload.aspx?site=Beekdaelen&id=98ab17bf-93ef-4925-8ebd-5af333ddfec7","dc_title":"RV inzake weigering VVGB Omgevingsvergunning Heringsbosch 7b in Schinveld 'Bronsgroenerhof'","dc_type":"bijlage","foi_fairiscoreVersions":{"v1":1,"v2":1},"foi_fileName":"Raadsvoorstel%20-%20Omgevingsvergunning%20Heringsbosch%207b%20in%20Schinveld%20...pdf","foi_nrPages":3},{"dc_format":"application/pdf","dc_identifier":"nl.gm1954.2c.2021.2831812-6.doc.9","dc_source":"https://api1.ibabs.eu/publicdownload.aspx?site=Beekdaelen&id=995ad7c6-b123-4ffc-aa41-7dfbddd94ca8","dc_title":"Reactie dhr. van Leeuwen op Nota van Antwoorden Bronsgroenerhof","dc_type":"bijlage","foi_fairiscoreVersions":{"v1":1,"v2":1},"foi_fileName":"Reactie%20dhr.%20van%20Leeuwen%20op%20Nota%20van%20Antwoorden%20Bronsgroenerhof.pdf","foi_nrPages":2},{"dc_format":"application/pdf","dc_identifier":"nl.gm1954.2c.2021.2831812-6.doc.10","dc_source":"https://api1.ibabs.eu/publicdownload.aspx?site=Beekdaelen&id=85ab44f0-6c59-41c3-9124-d4d9c0d3746e","dc_title":"Reactie gemeente op ingekomen schriftelijke reacties voor de commissie","dc_type":"bijlage","foi_fairiscoreVersions":{"v1":1,"v2":1},"foi_fileName":"Reactie%20gemeente%20op%20ingekomen%20schriftelijke%20reacties%20voor%20de%20commissie.pdf","foi_nrPages":1},{"dc_format":"application/pdf","dc_identifier":"nl.gm1954.2c.2021.2831812-6.doc.2","dc_source":"https://api1.ibabs.eu/publicdownload.aspx?site=Beekdaelen&id=06bba41a-a249-4fc3-8fb0-a08ca9a164a7","dc_title":"RB inzake weigering VVGB Omgevingsvergunning Heringsbosch 7b in Schinveld 'Bronsgroenerhof'","dc_type":"bijlage","foi_fairiscoreVersions":{"v1":1,"v2":1},"foi_fileName":"Z%2F20%2F145684%20-%20255083%20-.pdf","foi_nrPages":1}],"foi_nrDocuments":10,"foi_nrPagesInDossier":43,"foi_publishedDate":"2021-02-25","foi_retrievedDate":"2026-02-05"},{"dc_creator":"HandelingScraper_v1","dc_date_year":2021,"dc_description":"Vergadering van de Gemeente Beekdaelen op 2021-02-25. Onderdeel: Rondvraag Cluster Ruimte.","dc_identifier":"nl.gm1954.2c.2021.2831812-7","dc_publisher":"gm1954","dc_source":"https://beekdaelen.bestuurlijkeinformatie.nl/Agenda/Index/7e5b0e2b-9137-4fc9-9557-fa75c2414939","dc_title":"Commissie Ruimte (t/m april 2022) 2021-02-25 - Rondvraag Cluster Ruimte","dc_type":"2c","dc_type_description":"Vergaderstuk decentrale overheid","foi_fairiscoreVersions":{"v1":1,"v2":1},"foi_files":[{"dc_format":"application/pdf","dc_identifier":"nl.gm1954.2c.2021.2831812-7.doc.1","dc_source":"https://api1.ibabs.eu/publicdownload.aspx?site=Beekdaelen&id=fff68923-b217-4db5-bcc4-164e3862cbb9","dc_title":"Memorie van Antwoord VG cie. 25022021 - Rondvraag","dc_type":"bijlage","foi_fairiscoreVersions":{"v1":1,"v2":1},"foi_fileName":"Memorie%20van%20Antwoord%20VG%20cie.%2025022021%20-%20Rondvraag.pdf","foi_nrPages":1}],"foi_nrDocuments":1,"foi_nrPagesInDossier":1,"foi_publishedDate":"2021-02-25","foi_retrievedDate":"2025-12-03"},{"dc_creator":"HandelingScraper_v1","dc_date_year":2021,"dc_description":"Vergadering van de Gemeente Beekdaelen op 2021-03-16. Onderdeel: Opening.","dc_identifier":"nl.gm1954.2c.2021.2831842-1","dc_publisher":"gm1954","dc_source":"https://beekdaelen.bestuurlijkeinformatie.nl/Agenda/Index/8542c08a-66e1-4720-be05-109ce01a6450","dc_title":"Raadsvergadering 2021-03-16 - Opening","dc_type":"2c","dc_type_description":"Vergaderstuk decentrale overheid","foi_fairiscoreVersions":{"v1":1,"v2":1},"foi_files":[{"dc_format":"application/pdf","dc_identifier":"nl.gm1954.2c.2021.2831842-1.doc.1","dc_source":"https://api1.ibabs.eu/publicdownload.aspx?site=Beekdaelen&id=22d3ee3f-353d-4d82-ad67-2e0630b9287e","dc_title":"Uitnodiging en agenda raadsvergadering 16 maart 2021","dc_type":"bijlage","foi_fairiscoreVersions":{"v1":1,"v2":1},"foi_fileName":"Uitnodiging%20en%20agenda%20raadsvergadering%2016%20maart%202021.pdf","foi_nrPages":2}],"foi_nrDocuments":1,"foi_nrPagesInDossier":2,"foi_publishedDate":"2021-03-16","foi_retrievedDate":"2025-11-29"},{"dc_creator":"HandelingScraper_v1","dc_date_year":2021,"dc_description":"Vergadering van de Gemeente Beekdaelen op 2021-03-16. Onderdeel: Motie D66 en VVD inzake voormalige N580.","dc_identifier":"nl.gm1954.2c.2021.2831842-10","dc_publisher":"gm1954","dc_source":"https://beekdaelen.bestuurlijkeinformatie.nl/Agenda/Index/8542c08a-66e1-4720-be05-109ce01a6450","dc_title":"Raadsvergadering 2021-03-16 - Motie D66 en VVD inzake voormalige N580","dc_type":"2c","dc_type_description":"Vergaderstuk decentrale overheid","foi_fairiscoreVersions":{"v1":1,"v2":1},"foi_files":[{"dc_format":"application/pdf","dc_identifier":"nl.gm1954.2c.2021.2831842-10.doc.1","dc_source":"https://api1.ibabs.eu/publicdownload.aspx?site=Beekdaelen&id=d978c663-8601-4622-a401-736921945460","dc_title":"Motie D66 en VVD inzake voormalige N580 VERWORPEN","dc_type":"bijlage","foi_fairiscoreVersions":{"v1":1,"v2":1},"foi_fileName":"Motie%20D66%20en%20VVD%20inzake%20voormalige%20N580%20VERWORPEN.pdf","foi_nrPages":1}],"foi_nrDocuments":1,"foi_nrPagesInDossier":1,"foi_publishedDate":"2021-03-16","foi_retrievedDate":"2025-11-30"},{"dc_creator":"HandelingScraper_v1","dc_date_year":2021,"dc_description":"Vergadering van de Gemeente Beekdaelen op 2021-03-16. Onderdeel: Motie CDA, VG, GL, PvdA en BL inzake zonneweiden.","dc_identifier":"nl.gm1954.2c.2021.2831842-11","dc_publisher":"gm1954","dc_source":"https://beekdaelen.bestuurlijkeinformatie.nl/Agenda/Index/8542c08a-66e1-4720-be05-109ce01a6450","dc_title":"Raadsvergadering 2021-03-16 - Motie CDA, VG, GL, PvdA en BL inzake zonneweiden","dc_type":"2c","dc_type_description":"Vergaderstuk decentrale overheid","foi_fairiscoreVersions":{"v1":1,"v2":1},"foi_files":[{"dc_format":"application/pdf","dc_identifier":"nl.gm1954.2c.2021.2831842-11.doc.1","dc_source":"https://api1.ibabs.eu/publicdownload.aspx?site=Beekdaelen&id=67d2b308-dd76-41bb-8e54-095a1d660359","dc_title":"Motie CDA, VG, BL, GL en PvdA inzake zonneweiden AANGENOMEN","dc_type":"bijlage","foi_fairiscoreVersions":{"v1":1,"v2":1},"foi_fileName":"Motie%20CDA_%20VG_%20BL_%20GL%20en%20PvdA%20inzake%20zonneweiden%20AANGENOMEN.pdf","foi_nrPages":3}],"foi_nrDocuments":1,"foi_nrPagesInDossier":3,"foi_publishedDate":"2021-03-16","foi_retrievedDate":"2025-11-29"},{"dc_creator":"HandelingScraper_v1","dc_date_year":2021,"dc_description":"Vergadering van de Gemeente Beekdaelen op 2021-03-16. Onderdeel: Motie BL inzake TC Schimmert.","dc_identifier":"nl.gm1954.2c.2021.2831842-12","dc_publisher":"gm1954","dc_source":"https://beekdaelen.bestuurlijkeinformatie.nl/Agenda/Index/8542c08a-66e1-4720-be05-109ce01a6450","dc_title":"Raadsvergadering 2021-03-16 - Motie BL inzake TC Schimmert","dc_type":"2c","dc_type_description":"Vergaderstuk decentrale overheid","foi_fairiscoreVersions":{"v1":1,"v2":1},"foi_files":[{"dc_format":"application/pdf","dc_identifier":"nl.gm1954.2c.2021.2831842-12.doc.1","dc_source":"https://api1.ibabs.eu/publicdownload.aspx?site=Beekdaelen&id=312fd04b-447a-4e7a-ad89-ab708d908dbf","dc_title":"Motie BL inzake TC Waterkoel Schimmert INGETROKKEN","dc_type":"bijlage","foi_fairiscoreVersions":{"v1":1,"v2":1},"foi_fileName":"Motie%20BL%20inzake%20TC%20Waterkoel%20Schimmert%20INGETROKKEN.pdf","foi_nrPages":3}],"foi_nrDocuments":1,"foi_nrPagesInDossier":3,"foi_publishedDate":"2021-03-16","foi_retrievedDate":"2026-03-09"},{"dc_creator":"HandelingScraper_v1","dc_date_year":2021,"dc_description":"Vergadering van de Gemeente Beekdaelen op 2021-03-16. Onderdeel: Vaststelling van de agenda.","dc_identifier":"nl.gm1954.2c.2021.2831842-2","dc_publisher":"gm1954","dc_source":"https://beekdaelen.bestuurlijkeinformatie.nl/Agenda/Index/8542c08a-66e1-4720-be05-109ce01a6450","dc_title":"Raadsvergadering 2021-03-16 - Vaststelling van de agenda","dc_type":"2c","dc_type_description":"Vergaderstuk decentrale overheid","foi_fairiscoreVersions":{"v1":1,"v2":1},"foi_files":[{"dc_format":"application/pdf","dc_identifier":"nl.gm1954.2c.2021.2831842-2.doc.1","dc_source":"https://api1.ibabs.eu/publicdownload.aspx?site=Beekdaelen&id=1c351e0f-8e67-4086-b49a-2789d8daa278","dc_title":"PvdA verzoek tot interpellatie inzake uitbesteding schoonmaak","dc_type":"bijlage","foi_fairiscoreVersions":{"v1":1,"v2":1},"foi_fileName":"PvdA%20verzoek%20tot%20interpellatie%20uitbesteding%20schoonmaak.pdf","foi_nrPages":2},{"dc_format":"application/pdf","dc_identifier":"nl.gm1954.2c.2021.2831842-2.doc.2","dc_source":"https://api1.ibabs.eu/publicdownload.aspx?site=Beekdaelen&id=7a9f8339-8c80-4795-a5f1-820e3d65e812","dc_title":"Agenda raadsvergadering 16 maart 2021 vastgesteld 16032021","dc_type":"bijlage","foi_fairiscoreVersions":{"v1":1,"v2":1},"foi_fileName":"Vastgestelde%20agenda%20raadsvergadering%2016%20maart%202021.pdf","foi_nrPages":1}],"foi_nrDocuments":2,"foi_nrPagesInDossier":3,"foi_publishedDate":"2021-03-16","foi_retrievedDate":"2025-11-29"},{"dc_creator":"HandelingScraper_v1","dc_date_year":2021,"dc_description":"Vergadering van de Gemeente Beekdaelen op 2021-03-16. Onderdeel: Vaststellen besluitenlijst openbare raadsvergadering d.d. 9 februari 2021.","dc_identifier":"nl.gm1954.2c.2021.2831842-3","dc_publisher":"gm1954","dc_source":"https://beekdaelen.bestuurlijkeinformatie.nl/Agenda/Index/8542c08a-66e1-4720-be05-109ce01a6450","dc_title":"Raadsvergadering 2021-03-16 - Vaststellen besluitenlijst openbare raadsvergadering d.d. 9 februari 2021","dc_type":"2c","dc_type_description":"Vergaderstuk decentrale overheid","foi_fairiscoreVersions":{"v1":1,"v2":1},"foi_files":[{"dc_format":"application/pdf","dc_identifier":"nl.gm1954.2c.2021.2831842-3.doc.1","dc_source":"https://api1.ibabs.eu/publicdownload.aspx?site=Beekdaelen&id=edfa21de-fbca-455c-baf7-43284922e29b","dc_title":"Besluitenlijst raadsvergadering 9 februari 2021 vastgesteld 16032021","dc_type":"bijlage","foi_fairiscoreVersions":{"v1":1,"v2":1},"foi_fileName":"Besluitenlijst%20raadsvergadering%209%20februari%202021.pdf","foi_nrPages":12}],"foi_nrDocuments":1,"foi_nrPagesInDossier":12,"foi_publishedDate":"2021-03-16","foi_retrievedDate":"2025-11-29"},{"dc_creator":"HandelingScraper_v1","dc_date_year":2021,"dc_description":"Vergadering van de Gemeente Beekdaelen op 2021-03-16. Onderdeel: Voorstel inzake Preventie- en handhavingsplan jeugd en alcohol Zuid-Limburg 2021-2024.","dc_identifier":"nl.gm1954.2c.2021.2831842-4","dc_publisher":"gm1954","dc_source":"https://beekdaelen.bestuurlijkeinformatie.nl/Agenda/Index/8542c08a-66e1-4720-be05-109ce01a6450","dc_title":"Raadsvergadering 2021-03-16 - Voorstel inzake Preventie- en handhavingsplan jeugd en alcohol Zuid-Limburg 2021-2024","dc_type":"2c","dc_type_description":"Vergaderstuk decentrale overheid","foi_fairiscoreVersions":{"v1":2,"v2":2},"foi_files":[{"dc_format":"application/pdf","dc_identifier":"nl.gm1954.2c.2021.2831842-4.doc.1","dc_source":"https://api1.ibabs.eu/publicdownload.aspx?site=Beekdaelen&id=f8de46c4-993c-48fb-b6ff-6f9c05528905","dc_title":"RV Preventie- en handhavingsplan alcohol en jeugd Zuid-Limburg 2021-2024.","dc_type":"bijlage","foi_fairiscoreVersions":{"v1":1,"v2":1},"foi_fileName":"Z%2F20%2F139678%20-%20254157%20-%20Preventie-%20en%20handhavingsplan%20alcohol%20en%20jeugd%20Zuid-Limburg%202021-2024.pdf","foi_nrPages":3},{"dc_format":"application/pdf","dc_identifier":"nl.gm1954.2c.2021.2831842-4.doc.2","dc_source":"https://api1.ibabs.eu/publicdownload.aspx?site=Beekdaelen&id=baf6113e-f77c-4123-a568-d5ca6a0d45e3","dc_title":"RB Preventie en Handhavingsplan jeugd en alcohol Zuid-Limburg 2021 - 2024 vastgesteld 16032021","dc_type":"bijlage","foi_fairiscoreVersions":{"v1":1,"v2":1},"foi_fileName":"Z%2F20%2F139678%20-%20254161%20-%20Preventie%20en%20Handhavingsplan%20jeugd%20en%20alcohol%20Zuid-Limburg%202021%20-%202024.pdf","foi_nrPages":1},{"dc_format":"application/pdf","dc_identifier":"nl.gm1954.2c.2021.2831842-4.doc.4","dc_source":"https://api1.ibabs.eu/publicdownload.aspx?site=Beekdaelen&id=5a1ea84a-375c-4f65-8fd1-b0b23c47537d","dc_title":"Resultaten nalevingsonderzoek onder alcoholverstrekkers in Zuid-Limburg 2015","dc_type":"bijlage","foi_fairiscoreVersions":{"v1":2,"v2":2},"foi_fileName":"Z%2F20%2F139678%20-%20254634%20-%20resultaten%20nalevingsonderzoek%20onder%20alcoholverstrekkers%20in%20Zuid-Limburg%202015.pdf","foi_nrPages":26},{"dc_format":"application/pdf","dc_identifier":"nl.gm1954.2c.2021.2831842-4.doc.5","dc_source":"https://api1.ibabs.eu/publicdownload.aspx?site=Beekdaelen&id=a3fcc69b-d926-4cdf-8366-933133aca0bb","dc_title":"Resultaten nalevingsonderzoek onder alcoholverstrekkers in Zuid Limburg 2018","dc_type":"bijlage","foi_fairiscoreVersions":{"v1":2,"v2":2},"foi_fileName":"Z%2F20%2F139678%20-%20254636%20-%20resultaten%20nalevingsonderzoek%20onder%20alcoholverstrekkers%20Zuid%20Limburg%202018.pdf","foi_nrPages":19},{"dc_format":"application/pdf","dc_identifier":"nl.gm1954.2c.2021.2831842-4.doc.6","dc_source":"https://api1.ibabs.eu/publicdownload.aspx?site=Beekdaelen&id=5a9cfbaf-7637-4057-ae64-9446b737b217","dc_title":"Advies over P+H plan Adviesraad Sociaal Domein 7-1-2021","dc_type":"bijlage","foi_fairiscoreVersions":{"v1":1,"v2":1},"foi_fileName":"Z%2F20%2F139678%20-%20254638%20-%20Advies%20over%20P%2BH%20plan%20Adviesraad%20Sociaal%20Domein%207-1-2021.pdf","foi_nrPages":3},{"dc_format":"application/pdf","dc_identifier":"nl.gm1954.2c.2021.2831842-4.doc.3","dc_source":"https://api1.ibabs.eu/publicdownload.aspx?site=Beekdaelen&id=907e622f-0064-4a36-8341-e4761801c4d3","dc_title":"Preventie en handhavingsplan alcohol en jeugd Zuid-Limburg 2021-2024","dc_type":"bijlage","foi_fairiscoreVersions":{"v1":2,"v2":1},"foi_fileName":"Z%2F20%2F139678%20-%20259017%20-%20aangepaste%20versie%20%28n.a.v.pdf","foi_nrPages":29}],"foi_nrDocuments":6,"foi_nrPagesInDossier":81,"foi_publishedDate":"2021-03-16","foi_retrievedDate":"2025-11-29"},{"dc_creator":"HandelingScraper_v1","dc_date_year":2021,"dc_description":"Vergadering van de Gemeente Beekdaelen op 2021-03-16. Onderdeel: Voorstel inzake VvGB - Omgevingsvergunning Hommerter Allee ong. naast 93.","dc_identifier":"nl.gm1954.2c.2021.2831842-5","dc_publisher":"gm1954","dc_source":"https://beekdaelen.bestuurlijkeinformatie.nl/Agenda/Index/8542c08a-66e1-4720-be05-109ce01a6450","dc_title":"Raadsvergadering 2021-03-16 - Voorstel inzake VvGB - Omgevingsvergunning Hommerter Allee ong. naast 93","dc_type":"2c","dc_type_description":"Vergaderstuk decentrale overheid","foi_fairiscoreVersions":{"v1":2,"v2":2},"foi_files":[{"dc_format":"application/pdf","dc_identifier":"nl.gm1954.2c.2021.2831842-5.doc.4","dc_source":"https://api1.ibabs.eu/publicdownload.aspx?site=Beekdaelen&id=e2c675f5-ca0c-4bd2-8f1b-abc00b64df2b","dc_title":"Principebesluit gemeente Schinnen (20-11-2018)","dc_type":"bijlage","foi_fairiscoreVersions":{"v1":2,"v2":2},"foi_fileName":"Getekend%20principebesluit%20gemeente%20Schinnen%20%2820-11-2018%29%20m.b.t.%20Omgevingsvergunning%20Hommerter%20Allee%20ong.%20naast%2093.pdf","foi_nrPages":4},{"dc_format":"application/pdf","dc_identifier":"nl.gm1954.2c.2021.2831842-5.doc.2","dc_source":"https://api1.ibabs.eu/publicdownload.aspx?site=Beekdaelen&id=864aaf4a-a044-4d92-a22f-3f8e8800a36b","dc_title":"Aanvraag omgevingsvergunning","dc_type":"bijlage","foi_fairiscoreVersions":{"v1":1,"v2":1},"foi_fileName":"publiceerbare%20aanvraag.pdf","foi_nrPages":8},{"dc_format":"application/pdf","dc_identifier":"nl.gm1954.2c.2021.2831842-5.doc.3","dc_source":"https://api1.ibabs.eu/publicdownload.aspx?site=Beekdaelen&id=fe5f197e-02af-44d9-9d05-30c81c413746","dc_title":"Ruimtelijke onderbouwing","dc_type":"bijlage","foi_fairiscoreVersions":{"v1":1,"v2":1},"foi_fileName":"Ruimtelijke%20onderbouwing.pdf","foi_nrPages":27},{"dc_format":"application/pdf","dc_identifier":"nl.gm1954.2c.2021.2831842-5.doc.1","dc_source":"https://api1.ibabs.eu/publicdownload.aspx?site=Beekdaelen&id=54d23ca0-6359-40c7-b208-ef64350400b2","dc_title":"RV inzake VVGB Omgevingsvergunning Hommerter Allee ong. naast 93 in Amstenrade","dc_type":"bijlage","foi_fairiscoreVersions":{"v1":1,"v2":1},"foi_fileName":"Z%2F20%2F137750%20-%20254650%20-.pdf","foi_nrPages":3},{"dc_format":"application/pdf","dc_identifier":"nl.gm1954.2c.2021.2831842-5.doc.5","dc_source":"https://api1.ibabs.eu/publicdownload.aspx?site=Beekdaelen&id=f3ce223e-8b95-4f1f-825b-5c8ce5d5dd50","dc_title":"RB inzake VVGB Omgevingsvergunning Hommerter Allee ong. naast 93 in Amstenrade vastgesteld 16032021","dc_type":"bijlage","foi_fairiscoreVersions":{"v1":1,"v2":1},"foi_fileName":"Z%2F20%2F137750%20-%20254652%20-.pdf","foi_nrPages":1}],"foi_nrDocuments":5,"foi_nrPagesInDossier":43,"foi_publishedDate":"2021-03-16","foi_retrievedDate":"2025-11-29"},{"dc_creator":"HandelingScraper_v1","dc_date_year":2021,"dc_description":"Vergadering van de Gemeente Beekdaelen op 2021-03-16. Onderdeel: Besluitvorming n.a.v. takendiscussie GR Stadsregio Parkstad Limburg.","dc_identifier":"nl.gm1954.2c.2021.2831842-6","dc_publisher":"gm1954","dc_source":"https://beekdaelen.bestuurlijkeinformatie.nl/Agenda/Index/8542c08a-66e1-4720-be05-109ce01a6450","dc_title":"Raadsvergadering 2021-03-16 - Besluitvorming n.a.v. takendiscussie GR Stadsregio Parkstad Limburg","dc_type":"2c","dc_type_description":"Vergaderstuk decentrale overheid","foi_fairiscoreVersions":{"v1":2,"v2":2},"foi_files":[{"dc_format":"application/pdf","dc_identifier":"nl.gm1954.2c.2021.2831842-6.doc.11","dc_source":"https://api1.ibabs.eu/publicdownload.aspx?site=Beekdaelen&id=e134f83e-745e-4cc5-bd28-9890e02d9b70","dc_title":"Bijlage aangepast Blauwe Schema Stadsregio Parkstad Limburg","dc_type":"bijlage","foi_fairiscoreVersions":{"v1":1,"v2":1},"foi_fileName":"Bijlage%20aangepast%20Blauwe%20Schema%20Stadsregio%20Parkstad%20Limburg.pdf","foi_nrPages":5},{"dc_format":"application/pdf","dc_identifier":"nl.gm1954.2c.2021.2831842-6.doc.8","dc_source":"https://api1.ibabs.eu/publicdownload.aspx?site=Beekdaelen&id=085ecf0b-e7d8-4112-aaaf-e33e5ad70c8b","dc_title":"Bijlage achtergrondinformatie taken en bevoegdheden bestuurscommissies","dc_type":"bijlage","foi_fairiscoreVersions":{"v1":1,"v2":1},"foi_fileName":"Bijlage%20achtergrondinformatie%20taken%20en%20bevoegdheden%20bestuurscommissies.pdf","foi_nrPages":4},{"dc_format":"application/pdf","dc_identifier":"nl.gm1954.2c.2021.2831842-6.doc.9","dc_source":"https://api1.ibabs.eu/publicdownload.aspx?site=Beekdaelen&id=e526fbeb-97cc-4ea1-b4a4-807edf9ebf1f","dc_title":"Bijlage beschrijving verschillende procedures","dc_type":"bijlage","foi_fairiscoreVersions":{"v1":1,"v2":1},"foi_fileName":"Bijlage%20beschrijving%20verschillende%20procedures.pdf","foi_nrPages":2},{"dc_format":"application/pdf","dc_identifier":"nl.gm1954.2c.2021.2831842-6.doc.10","dc_source":"https://api1.ibabs.eu/publicdownload.aspx?site=Beekdaelen&id=74542de0-062b-4e22-8417-979debc831ce","dc_title":"Bijlage bevoegdheden overdrachtsdocument nieuwe bestuurscommissies","dc_type":"bijlage","foi_fairiscoreVersions":{"v1":1,"v2":1},"foi_fileName":"Bijlage%20bevoegdheden%20overdrachtsdocument%20nieuwe%20bestuurscommissies.pdf","foi_nrPages":1},{"dc_format":"application/pdf","dc_identifier":"nl.gm1954.2c.2021.2831842-6.doc.12","dc_source":"https://api1.ibabs.eu/publicdownload.aspx?site=Beekdaelen&id=ecb97c36-1c15-44e5-bca1-9d2ad8133c77","dc_title":"Bijlage collegebrief d.d. 15 jan 2021 aan DB inzake besluitvorming n.a.v takendiscussie GR Parkstad","dc_type":"bijlage","foi_fairiscoreVersions":{"v1":1,"v2":1},"foi_fileName":"Bijlage%20collegebrief%20d.d.%2015%20jan%202021%20aan%20DB%20inzake%20besluitvorming%20n.a.v%20takendiscussie%20GR%20Parkstad.pdf","foi_nrPages":2},{"dc_format":"application/pdf","dc_identifier":"nl.gm1954.2c.2021.2831842-6.doc.6","dc_source":"https://api1.ibabs.eu/publicdownload.aspx?site=Beekdaelen&id=a6730afe-de90-413e-9706-3d7d2c03a217","dc_title":"Bijlage concept gewijzigde GR Parkstad opgeschoonde versie","dc_type":"bijlage","foi_fairiscoreVersions":{"v1":1,"v2":1},"foi_fileName":"Bijlage%20concept%20gewijzigde%20GR%20Parkstad%20opgeschoonde%20versie.pdf","foi_nrPages":17},{"dc_format":"application/pdf","dc_identifier":"nl.gm1954.2c.2021.2831842-6.doc.7","dc_source":"https://api1.ibabs.eu/publicdownload.aspx?site=Beekdaelen&id=a91edc8f-fef4-4e8c-901d-79bf1e82d93e","dc_title":"Bijlage concept gewijzigde GR Parkstad per 1 mei 2021","dc_type":"bijlage","foi_fairiscoreVersions":{"v1":1,"v2":1},"foi_fileName":"Bijlage%20concept%20gewijzigde%20GR%20Parkstad%20per%201%20mei%202021.pdf","foi_nrPages":17},{"dc_format":"application/pdf","dc_identifier":"nl.gm1954.2c.2021.2831842-6.doc.2","dc_source":"https://api1.ibabs.eu/publicdownload.aspx?site=Beekdaelen&id=0bc8fc63-3ee2-4d2c-b878-4431f2f128ab","dc_title":"Raadsbesluit besluitvorming n.a.v. takendiscussie GR Parkstad vastgesteld 16032021","dc_type":"bijlage","foi_fairiscoreVersions":{"v1":1,"v2":1},"foi_fileName":"Bijlage%20concept%20raadsbesluit%20besluitvorming%20n.a.v.%20takendiscussie%20GR%20Parkstad.pdf","foi_nrPages":1},{"dc_format":"application/pdf","dc_identifier":"nl.gm1954.2c.2021.2831842-6.doc.13","dc_source":"https://api1.ibabs.eu/publicdownload.aspx?site=Beekdaelen&id=e1293a86-e1d7-4d43-a1c5-62ecc45225b5","dc_title":"Bijlage reactiebrief van DB Parkstad 25 jan 2021","dc_type":"bijlage","foi_fairiscoreVersions":{"v1":2,"v2":2},"foi_fileName":"Bijlage%20reactiebrief%20van%20DB%20Parkstad%2025%20jan%202021.pdf","foi_nrPages":2},{"dc_format":"application/pdf","dc_identifier":"nl.gm1954.2c.2021.2831842-6.doc.3","dc_source":"https://api1.ibabs.eu/publicdownload.aspx?site=Beekdaelen&id=46df432b-cdcf-4083-bdd7-533e2ba9ed71","dc_title":"Bijlage Strategische Agenda Stadsregio Parkstad 2021-2030","dc_type":"bijlage","foi_fairiscoreVersions":{"v1":2,"v2":2},"foi_fileName":"Bijlage%20Strategische%20Agenda%20Stadsregio%20Parkstad%202021-2030.pdf","foi_nrPages":13},{"dc_format":"application/pdf","dc_identifier":"nl.gm1954.2c.2021.2831842-6.doc.5","dc_source":"https://api1.ibabs.eu/publicdownload.aspx?site=Beekdaelen&id=019a76f9-352d-432e-85a7-521c7cd09131","dc_title":"Bijlage toelichting begrotingswijziging n.a.v takendiscussie GR Parkstad","dc_type":"bijlage","foi_fairiscoreVersions":{"v1":1,"v2":1},"foi_fileName":"Bijlage%20toelichting%20begrotingswijziging%20n.a.v%20takendiscussie%20GR%20Parkstad.pdf","foi_nrPages":3},{"dc_format":"application/pdf","dc_identifier":"nl.gm1954.2c.2021.2831842-6.doc.4","dc_source":"https://api1.ibabs.eu/publicdownload.aspx?site=Beekdaelen&id=08d5aab2-5e02-4ba2-8299-ddc62c57271f","dc_title":"Bijlage voorstel 1e begrotingswijziging 2021 Stadsregio Parkstad","dc_type":"bijlage","foi_fairiscoreVersions":{"v1":1,"v2":1},"foi_fileName":"Bijlage%20voorstel%201e%20begrotingswijziging%202021%20Stadsregio%20Parkstad.pdf","foi_nrPages":3},{"dc_format":"application/pdf","dc_identifier":"nl.gm1954.2c.2021.2831842-6.doc.14","dc_source":"https://api1.ibabs.eu/publicdownload.aspx?site=Beekdaelen&id=001a1adb-e419-49a8-a30b-b9b8edcff26d","dc_title":"Motie CDA en VVD inzake Parkstad INGETROKKEN","dc_type":"bijlage","foi_fairiscoreVersions":{"v1":1,"v2":1},"foi_fileName":"Motie%20CDA%20en%20VVD%20inzake%20Parkstad%20INGETROKKEN.pdf","foi_nrPages":2},{"dc_format":"application/pdf","dc_identifier":"nl.gm1954.2c.2021.2831842-6.doc.1","dc_source":"https://api1.ibabs.eu/publicdownload.aspx?site=Beekdaelen&id=cff690bf-745f-4299-a41e-d763f8f73381","dc_title":"Raadsvoorstel besluitvorming n.a.v takendiscussie GR Parkstad","dc_type":"bijlage","foi_fairiscoreVersions":{"v1":1,"v2":1},"foi_fileName":"Raadsvoorstel%20besluitvorming%20n.a.v%20takendiscussie%20GR%20Parkstad.pdf","foi_nrPages":5}],"foi_nrDocuments":14,"foi_nrPagesInDossier":77,"foi_publishedDate":"2021-03-16","foi_retrievedDate":"2026-03-15"},{"dc_creator":"HandelingScraper_v1","dc_date_year":2021,"dc_description":"Vergadering van de Gemeente Beekdaelen op 2021-03-16. Onderdeel: Evaluatie pilot Dorpsco\u00f6rdinator Schinveld 2020.","dc_identifier":"nl.gm1954.2c.2021.2831842-7","dc_publisher":"gm1954","dc_source":"https://beekdaelen.bestuurlijkeinformatie.nl/Agenda/Index/8542c08a-66e1-4720-be05-109ce01a6450","dc_title":"Raadsvergadering 2021-03-16 - Evaluatie pilot Dorpsco\u00f6rdinator Schinveld 2020","dc_type":"2c","dc_type_description":"Vergaderstuk decentrale overheid","foi_fairiscoreVersions":{"v1":2,"v2":2},"foi_files":[{"dc_format":"application/pdf","dc_identifier":"nl.gm1954.2c.2021.2831842-7.doc.10","dc_source":"https://api1.ibabs.eu/publicdownload.aspx?site=Beekdaelen&id=051f7f3b-9d07-423f-9e0a-808cbef6df3d","dc_title":"Aanvullende notitie doelstellingen dorpscoordinator","dc_type":"bijlage","foi_fairiscoreVersions":{"v1":1,"v2":1},"foi_fileName":"Aanvullende%20notitie%20doelstellingen%20dorpscoordinator.pdf","foi_nrPages":1},{"dc_format":"application/pdf","dc_identifier":"nl.gm1954.2c.2021.2831842-7.doc.3","dc_source":"https://api1.ibabs.eu/publicdownload.aspx?site=Beekdaelen&id=1a70574b-41c9-4b4b-b948-1ee7dba9e1b0","dc_title":"Amendement VVD en D66 inzake Dorpscoordinator VERWORPEN","dc_type":"bijlage","foi_fairiscoreVersions":{"v1":1,"v2":1},"foi_fileName":"Amendement%20VVD%20en%20D66%20inzake%20Dorpscoordinator%20VERWORPEN.pdf","foi_nrPages":2},{"dc_format":"application/pdf","dc_identifier":"nl.gm1954.2c.2021.2831842-7.doc.2","dc_source":"https://api1.ibabs.eu/publicdownload.aspx?site=Beekdaelen&id=d126662f-1c15-4a3c-85a2-21c9755e4da7","dc_title":"Raadsbesluit pilot dorpscoordinator vastgesteld 16032021","dc_type":"bijlage","foi_fairiscoreVersions":{"v1":1,"v2":1},"foi_fileName":"Raadsbesluit%20pilot%20dorpscoordinator.pdf","foi_nrPages":1},{"dc_format":"application/pdf","dc_identifier":"nl.gm1954.2c.2021.2831842-7.doc.1","dc_source":"https://api1.ibabs.eu/publicdownload.aspx?site=Beekdaelen&id=db19ad70-49ca-43ec-839d-75ae160c4058","dc_title":"Raadsvoorstel Evaluatie pilot dorpsco\u00f6rdinator Schinveld 2020","dc_type":"bijlage","foi_fairiscoreVersions":{"v1":1,"v2":1},"foi_fileName":"Z%2F20%2F152918%20-%20253275%20-%20Evaluatie%20pilot%20dorpsco%C3%B6rdinator%20Schinveld%202020.pdf","foi_nrPages":6},{"dc_format":"application/pdf","dc_identifier":"nl.gm1954.2c.2021.2831842-7.doc.4","dc_source":"https://api1.ibabs.eu/publicdownload.aspx?site=Beekdaelen&id=cd44f28f-aa69-4592-b414-3f89357b5fac","dc_title":"Evaluatierapport pilot Dorpsco\u00f6rdinator Schinveld 2020","dc_type":"bijlage","foi_fairiscoreVersions":{"v1":2,"v2":2},"foi_fileName":"Z%2F20%2F152918%20-%20253376%20-%20Evaluatierapport%20pilot%20Dorpsco%C3%B6rdinator%20Schinveld%202020.pdf","foi_nrPages":12},{"dc_format":"application/pdf","dc_identifier":"nl.gm1954.2c.2021.2831842-7.doc.5","dc_source":"https://api1.ibabs.eu/publicdownload.aspx?site=Beekdaelen&id=ad9cc94f-d294-4ed9-8f20-341e2cbef94c","dc_title":"Bijlage 1 bij Evaluatierapport: Algemene omschrijving werkzaamheden Dorpsco\u00f6rdinator","dc_type":"bijlage","foi_fairiscoreVersions":{"v1":1,"v2":1},"foi_fileName":"Z%2F20%2F152918%20-%20259427%20-%20Bijlage%201%20PDF.pdf","foi_nrPages":4},{"dc_format":"application/pdf","dc_identifier":"nl.gm1954.2c.2021.2831842-7.doc.6","dc_source":"https://api1.ibabs.eu/publicdownload.aspx?site=Beekdaelen&id=36333ad9-de7b-46d1-940c-0184887aa0be","dc_title":"Bijlage 2 bij Evaluatierapport: Contactregistratie Dorpsco\u00f6rdinator","dc_type":"bijlage","foi_fairiscoreVersions":{"v1":1,"v2":1},"foi_fileName":"Z%2F20%2F152918%20-%20259430%20-%20Bijlage%202%20PDF.pdf","foi_nrPages":21},{"dc_format":"application/pdf","dc_identifier":"nl.gm1954.2c.2021.2831842-7.doc.7","dc_source":"https://api1.ibabs.eu/publicdownload.aspx?site=Beekdaelen&id=bbd3b8d1-96fc-47e6-8c7d-3ac68d2a9b3e","dc_title":"Bijlage 3 bij Evaluatierapport: Resultaten enqu\u00eate Dorpsco\u00f6rdinator","dc_type":"bijlage","foi_fairiscoreVersions":{"v1":1,"v2":1},"foi_fileName":"Z%2F20%2F152918%20-%20259431%20-%20Bijlage%203%20PDF.pdf","foi_nrPages":18},{"dc_format":"application/pdf","dc_identifier":"nl.gm1954.2c.2021.2831842-7.doc.8","dc_source":"https://api1.ibabs.eu/publicdownload.aspx?site=Beekdaelen&id=140c4ca0-3286-4e34-9c65-6eeae6ee32e7","dc_title":"Aanvullende informatie inzake taakomschrijving dorpsco\u00f6rdinator","dc_type":"bijlage","foi_fairiscoreVersions":{"v1":1,"v2":1},"foi_fileName":"Z%2F20%2F152918%20-%20259434%20-%20Aanvullende%20informatie%20inzake%20taakomschrijving%20dorpsco%C3%B6rdinator.pdf","foi_nrPages":2},{"dc_format":"application/pdf","dc_identifier":"nl.gm1954.2c.2021.2831842-7.doc.9","dc_source":"https://api1.ibabs.eu/publicdownload.aspx?site=Beekdaelen&id=75b2b8b2-93fc-43c4-9739-028fe9e311c2","dc_title":"Bijlage RIB inzake start pilot dorpsco\u00f6rdinator 10-12-2019","dc_type":"bijlage","foi_fairiscoreVersions":{"v1":5,"v2":5},"foi_fileName":"Z%2F20%2F152918%20-%20259446%20-%20RIB%20inzake%20start%20pilot%20dorpsco%C3%B6rdinator%2010-12-2019.pdf","foi_nrPages":2}],"foi_nrDocuments":10,"foi_nrPagesInDossier":69,"foi_publishedDate":"2021-03-16","foi_retrievedDate":"2025-12-02"},{"dc_creator":"HandelingScraper_v1","dc_date_year":2021,"dc_description":"Vergadering van de Gemeente Beekdaelen op 2021-03-16. Onderdeel: Voorstel inzake VvGB Omgevingsvergunning Heringsbosch 7b in Schinveld 'Bronsgroenerhof'.","dc_identifier":"nl.gm1954.2c.2021.2831842-8","dc_publisher":"gm1954","dc_source":"https://beekdaelen.bestuurlijkeinformatie.nl/Agenda/Index/8542c08a-66e1-4720-be05-109ce01a6450","dc_title":"Raadsvergadering 2021-03-16 - Voorstel inzake VvGB Omgevingsvergunning Heringsbosch 7b in Schinveld 'Bronsgroenerhof'","dc_type":"2c","dc_type_description":"Vergaderstuk decentrale overheid","foi_fairiscoreVersions":{"v1":2,"v2":2},"foi_files":[{"dc_format":"application/pdf","dc_identifier":"nl.gm1954.2c.2021.2831842-8.doc.9","dc_source":"https://api1.ibabs.eu/publicdownload.aspx?site=Beekdaelen&id=af296638-a6c8-4ede-b323-2cd75505576f","dc_title":"Aanvullende memo Bronsgroenerhof","dc_type":"bijlage","foi_fairiscoreVersions":{"v1":1,"v2":1},"foi_fileName":"aanvullende%20memo%20bronsgroenerhof.pdf","foi_nrPages":2},{"dc_format":"application/pdf","dc_identifier":"nl.gm1954.2c.2021.2831842-8.doc.7","dc_source":"https://api1.ibabs.eu/publicdownload.aspx?site=Beekdaelen&id=29772e84-6240-407a-9ef1-05c2648cb0d3","dc_title":"Amendement raad september 2020 Bronsgroenerhof D66 VVD BL incl. stemuitslag VERWORPEN","dc_type":"bijlage","foi_fairiscoreVersions":{"v1":1,"v2":1},"foi_fileName":"Amendement%20Bronsgroenerhof%20D66%20VVD%20BL%20incl.%20stemuitslag%20VERWORPEN.pdf","foi_nrPages":2},{"dc_format":"application/pdf","dc_identifier":"nl.gm1954.2c.2021.2831842-8.doc.3","dc_source":"https://api1.ibabs.eu/publicdownload.aspx?site=Beekdaelen&id=3ed76228-674d-45f7-b3e1-5109412b0a58","dc_title":"Amendement D66 en VVD inzake vvgb bronsgroenerhof incl. stemuitslag VERWORPEN","dc_type":"bijlage","foi_fairiscoreVersions":{"v1":1,"v2":1},"foi_fileName":"Amendement%20D66%20en%20VVD%20inzake%20vvgb%20bronsgroenerhof%20VERWORPEN.pdf","foi_nrPages":2},{"dc_format":"application/pdf","dc_identifier":"nl.gm1954.2c.2021.2831842-8.doc.5","dc_source":"https://api1.ibabs.eu/publicdownload.aspx?site=Beekdaelen&id=82508240-7b27-421a-91c7-38e2e0eb4162","dc_title":"Nota van zienswijzen","dc_type":"bijlage","foi_fairiscoreVersions":{"v1":1,"v2":1},"foi_fileName":"Bijlage%203%20-%20Nota%20van%20zienswijzen.pdf","foi_nrPages":26},{"dc_format":"application/pdf","dc_identifier":"nl.gm1954.2c.2021.2831842-8.doc.2","dc_source":"https://api1.ibabs.eu/publicdownload.aspx?site=Beekdaelen&id=d9db35cd-9747-4d08-a0dd-f39f14fc4095","dc_title":"Gewijzigd Raadsbesluit - VVGB Omgevingsvergunning Heringsbosch 7b in Schinveld vastgesteld 16032021","dc_type":"bijlage","foi_fairiscoreVersions":{"v1":1,"v2":1},"foi_fileName":"Gewijzigd%20Raadsbesluit%20-%20VVGB%20Omgevingsvergunning%20Heringsbosch%207b%20in%20Schinveld.pdf","foi_nrPages":1},{"dc_format":"application/pdf","dc_identifier":"nl.gm1954.2c.2021.2831842-8.doc.10","dc_source":"https://api1.ibabs.eu/publicdownload.aspx?site=Beekdaelen&id=33caf7a9-df31-4043-85c5-53664e681584","dc_title":"Kadastrale kaart Bronsgroenerhof","dc_type":"bijlage","foi_fairiscoreVersions":{"v1":5,"v2":5},"foi_fileName":"Kadastrale%20kaart%20Bronsgroenerhof.pdf","foi_nrPages":1},{"dc_format":"application/pdf","dc_identifier":"nl.gm1954.2c.2021.2831842-8.doc.6","dc_source":"https://api1.ibabs.eu/publicdownload.aspx?site=Beekdaelen&id=0babca8c-5468-4076-b9d9-593accb462bc","dc_title":"Motie Bronsgroenerhof VG, CDA en PvdA incl. stemuitslag AANGENOMEN","dc_type":"bijlage","foi_fairiscoreVersions":{"v1":1,"v2":1},"foi_fileName":"Motie%20Bronsgroenerhof%20VG_%20CDA%20en%20PvdA%20incl.%20stemuitslag%20AANGENOMEN.pdf","foi_nrPages":2},{"dc_format":"application/pdf","dc_identifier":"nl.gm1954.2c.2021.2831842-8.doc.8","dc_source":"https://api1.ibabs.eu/publicdownload.aspx?site=Beekdaelen&id=a48a0ddd-f718-4bad-8961-9adde4adebd9","dc_title":"Open brief omwonenden inzake ontwikkeling Bronsgroenerhof GEANONIMISEERD","dc_type":"bijlage","foi_fairiscoreVersions":{"v1":1,"v2":1},"foi_fileName":"Open%20brief%20omwonenden%20inzake%20ontwikkeling%20Bronsgroenerhof%20GEANONIMISEERD.pdf","foi_nrPages":1},{"dc_format":"application/pdf","dc_identifier":"nl.gm1954.2c.2021.2831842-8.doc.4","dc_source":"https://api1.ibabs.eu/publicdownload.aspx?site=Beekdaelen&id=c9bc0a83-db9d-4827-a806-2969d115e54d","dc_title":"Raadsbesluit - VVGB Omgevingsvergunning Heringsbosch 7b in Schinveld VERVALLEN","dc_type":"bijlage","foi_fairiscoreVersions":{"v1":1,"v2":1},"foi_fileName":"Raadsbesluit%20-%20VVGB%20Omgevingsvergunning%20Heringsbosch%207b%20in%20Schinveld.pdf","foi_nrPages":1},{"dc_format":"application/pdf","dc_identifier":"nl.gm1954.2c.2021.2831842-8.doc.1","dc_source":"https://api1.ibabs.eu/publicdownload.aspx?site=Beekdaelen&id=98ab17bf-93ef-4925-8ebd-5af333ddfec7","dc_title":"RV inzake weigering VVGB Omgevingsvergunning Heringsbosch 7b in Schinveld 'Bronsgroenerhof'","dc_type":"bijlage","foi_fairiscoreVersions":{"v1":1,"v2":1},"foi_fileName":"Raadsvoorstel%20-%20Omgevingsvergunning%20Heringsbosch%207b%20in%20Schinveld%20...pdf","foi_nrPages":3}],"foi_nrDocuments":10,"foi_nrPagesInDossier":41,"foi_publishedDate":"2021-03-16","foi_retrievedDate":"2025-12-05"},{"dc_creator":"HandelingScraper_v1","dc_date_year":2021,"dc_description":"Vergadering van de Gemeente Beekdaelen op 2021-03-16. Onderdeel: Vaststelling lijst ingekomen stukken.","dc_identifier":"nl.gm1954.2c.2021.2831842-9","dc_publisher":"gm1954","dc_source":"https://beekdaelen.bestuurlijkeinformatie.nl/Agenda/Index/8542c08a-66e1-4720-be05-109ce01a6450","dc_title":"Raadsvergadering 2021-03-16 - Vaststelling lijst ingekomen stukken","dc_type":"2c","dc_type_description":"Vergaderstuk decentrale overheid","foi_fairiscoreVersions":{"v1":1,"v2":1},"foi_files":[{"dc_format":"application/pdf","dc_identifier":"nl.gm1954.2c.2021.2831842-9.doc.1","dc_source":"https://api1.ibabs.eu/publicdownload.aspx?site=Beekdaelen&id=ee35eaba-eac3-404d-ad3c-6c30e76e684d","dc_title":"Lijst ingekomen stukken raad 16032021 vastgesteld 16032021","dc_type":"bijlage","foi_fairiscoreVersions":{"v1":1,"v2":1},"foi_fileName":"Lijst%20ingekomen%20stukken%20raad%2016032021%20versie%202%20d.d.%2011032021.pdf","foi_nrPages":6}],"foi_nrDocuments":1,"foi_nrPagesInDossier":6,"foi_publishedDate":"2021-03-16","foi_retrievedDate":"2026-03-09"},{"dc_creator":"HandelingScraper_v1","dc_date_year":2021,"dc_description":"Vergadering van de Gemeente Beekdaelen op 2021-03-25. Onderdeel: Vaststellen concept-agenda..","dc_identifier":"nl.gm1954.2c.2021.2831895-1","dc_publisher":"gm1954","dc_source":"https://beekdaelen.bestuurlijkeinformatie.nl/Agenda/Index/802939ea-802e-494c-89e0-2aa14b05b263","dc_title":"BDN Commissie AWACS Limburg 2021-03-25 - Vaststellen concept-agenda.","dc_type":"2c","dc_type_description":"Vergaderstuk decentrale overheid","foi_fairiscoreVersions":{"v1":2,"v2":1},"foi_files":[{"dc_format":"application/pdf","dc_identifier":"nl.gm1954.2c.2021.2831895-1.doc.1","dc_source":"https://api1.ibabs.eu/publicdownload.aspx?site=Beekdaelen&id=9c5170ed-0360-4ba8-8077-3e0bd0c70561","dc_title":"CAL-AWACS-2021-001-Bijlage1-Concept-Agenda.v11-03.pdf","dc_type":"bijlage","foi_fairiscoreVersions":{"v1":2,"v2":1},"foi_fileName":"CAL-AWACS-2021-001-Bijlage1-Concept-Agenda.v11-03.pdf","foi_nrPages":3}],"foi_nrDocuments":1,"foi_nrPagesInDossier":3,"foi_publishedDate":"2021-03-25","foi_retrievedDate":"2026-01-22"},{"dc_creator":"HandelingScraper_v1","dc_date_year":2021,"dc_description":"Vergadering van de Gemeente Beekdaelen op 2021-03-25. Onderdeel: Brief GS Limburg inzake herziening subsidie Sensornet (2021-08)..","dc_identifier":"nl.gm1954.2c.2021.2831895-10","dc_publisher":"gm1954","dc_source":"https://beekdaelen.bestuurlijkeinformatie.nl/Agenda/Index/802939ea-802e-494c-89e0-2aa14b05b263","dc_title":"BDN Commissie AWACS Limburg 2021-03-25 - Brief GS Limburg inzake herziening subsidie Sensornet (2021-08).","dc_type":"2c","dc_type_description":"Vergaderstuk decentrale overheid","foi_fairiscoreVersions":{"v1":5,"v2":5},"foi_files":[{"dc_format":"application/pdf","dc_identifier":"nl.gm1954.2c.2021.2831895-10.doc.1","dc_source":"https://api1.ibabs.eu/publicdownload.aspx?site=Beekdaelen&id=905e02bc-e399-4f8b-81b2-d062b6736619","dc_title":"CAL-AWACS-2021-010-Bijlage GS-Sensornet.pdf","dc_type":"bijlage","foi_fairiscoreVersions":{"v1":5,"v2":5},"foi_fileName":"CAL-AWACS-2021-010-Bijlage%20GS-Sensornet.pdf","foi_nrPages":3}],"foi_nrDocuments":1,"foi_nrPagesInDossier":3,"foi_publishedDate":"2021-03-25","foi_retrievedDate":"2025-11-30"},{"dc_creator":"HandelingScraper_v1","dc_date_year":2021,"dc_description":"Vergadering van de Gemeente Beekdaelen op 2021-03-25. Onderdeel: Brief Vaste Kamercommissie I&W inzake bezoek Tweede Kamerleden (2021-09)..","dc_identifier":"nl.gm1954.2c.2021.2831895-11","dc_publisher":"gm1954","dc_source":"https://beekdaelen.bestuurlijkeinformatie.nl/Agenda/Index/802939ea-802e-494c-89e0-2aa14b05b263","dc_title":"BDN Commissie AWACS Limburg 2021-03-25 - Brief Vaste Kamercommissie I&W inzake bezoek Tweede Kamerleden (2021-09).","dc_type":"2c","dc_type_description":"Vergaderstuk decentrale overheid","foi_fairiscoreVersions":{"v1":2,"v2":2},"foi_files":[{"dc_format":"application/pdf","dc_identifier":"nl.gm1954.2c.2021.2831895-11.doc.1","dc_source":"https://api1.ibabs.eu/publicdownload.aspx?site=Beekdaelen&id=10b79ccc-355e-4c59-b1a6-67235e5c3c4c","dc_title":"CAL-AWACS-2021-011-Vaste Kamercommissie I&W.pdf","dc_type":"bijlage","foi_fairiscoreVersions":{"v1":2,"v2":2},"foi_fileName":"CAL-AWACS-2021-011-Vaste%20Kamercommissie%20I%26W.pdf","foi_nrPages":1}],"foi_nrDocuments":1,"foi_nrPagesInDossier":1,"foi_publishedDate":"2021-03-25","foi_retrievedDate":"2026-03-05"},{"dc_creator":"HandelingScraper_v1","dc_date_year":2021,"dc_description":"Vergadering van de Gemeente Beekdaelen op 2021-03-25. Onderdeel: Presentatie GGD-ZL..","dc_identifier":"nl.gm1954.2c.2021.2831895-2","dc_publisher":"gm1954","dc_source":"https://beekdaelen.bestuurlijkeinformatie.nl/Agenda/Index/802939ea-802e-494c-89e0-2aa14b05b263","dc_title":"BDN Commissie AWACS Limburg 2021-03-25 - Presentatie GGD-ZL.","dc_type":"2c","dc_type_description":"Vergaderstuk decentrale overheid","foi_fairiscoreVersions":{"v1":2,"v2":2},"foi_files":[{"dc_format":"application/pdf","dc_identifier":"nl.gm1954.2c.2021.2831895-2.doc.1","dc_source":"https://api1.ibabs.eu/publicdownload.aspx?site=Beekdaelen&id=f444ff6f-889b-43cf-bbee-2a6f89996fe4","dc_title":"CAL-AWACS-2021-002-memo GGD-ZL.pdf","dc_type":"bijlage","foi_fairiscoreVersions":{"v1":1,"v2":1},"foi_fileName":"CAL-AWACS-2021-002-memo%20GGD-ZL.pdf","foi_nrPages":9},{"dc_format":"application/pdf","dc_identifier":"nl.gm1954.2c.2021.2831895-2.doc.2","dc_source":"https://api1.ibabs.eu/publicdownload.aspx?site=Beekdaelen&id=19cdfb30-da88-48be-a2d7-b0e57ab294a2","dc_title":"CAL-AWACS-2021-bijlage 12 - presentatie GGD-Z.pdf","dc_type":"bijlage","foi_fairiscoreVersions":{"v1":2,"v2":2},"foi_fileName":"CAL-AWACS-2021-bijlage%2012%20-%20presentatie%20GGD-Z.pdf","foi_nrPages":13}],"foi_nrDocuments":2,"foi_nrPagesInDossier":22,"foi_publishedDate":"2021-03-25","foi_retrievedDate":"2025-12-06"},{"dc_creator":"HandelingScraper_v1","dc_date_year":2021,"dc_description":"Vergadering van de Gemeente Beekdaelen op 2021-03-25. Onderdeel: Concept-verslag d.d. 3 december 2020 (2021-03)..","dc_identifier":"nl.gm1954.2c.2021.2831895-3","dc_publisher":"gm1954","dc_source":"https://beekdaelen.bestuurlijkeinformatie.nl/Agenda/Index/802939ea-802e-494c-89e0-2aa14b05b263","dc_title":"BDN Commissie AWACS Limburg 2021-03-25 - Concept-verslag d.d. 3 december 2020 (2021-03).","dc_type":"2c","dc_type_description":"Vergaderstuk decentrale overheid","foi_fairiscoreVersions":{"v1":1,"v2":1},"foi_files":[{"dc_format":"application/pdf","dc_identifier":"nl.gm1954.2c.2021.2831895-3.doc.1","dc_source":"https://api1.ibabs.eu/publicdownload.aspx?site=Beekdaelen&id=c6f58ef8-fd29-4425-96f4-d367ca0fe035","dc_title":"CAL-AWACS-2021-03-concept-verslag.pdf","dc_type":"bijlage","foi_fairiscoreVersions":{"v1":1,"v2":1},"foi_fileName":"CAL-AWACS-2021-03-concept-verslag.pdf","foi_nrPages":5}],"foi_nrDocuments":1,"foi_nrPagesInDossier":5,"foi_publishedDate":"2021-03-25","foi_retrievedDate":"2026-04-10"},{"dc_creator":"HandelingScraper_v1","dc_date_year":2021,"dc_description":"Vergadering van de Gemeente Beekdaelen op 2021-03-25. Onderdeel: T.k. Overzicht diverse rapportages m.b.t. vliegbasis Geilenkirchen die (standaard) in de CAL worden besproken (2021-04)..","dc_identifier":"nl.gm1954.2c.2021.2831895-4","dc_publisher":"gm1954","dc_source":"https://beekdaelen.bestuurlijkeinformatie.nl/Agenda/Index/802939ea-802e-494c-89e0-2aa14b05b263","dc_title":"BDN Commissie AWACS Limburg 2021-03-25 - T.k. Overzicht diverse rapportages m.b.t. vliegbasis Geilenkirchen die (standaard) in de CAL worden besproken (2021-04).","dc_type":"2c","dc_type_description":"Vergaderstuk decentrale overheid","foi_fairiscoreVersions":{"v1":1,"v2":1},"foi_files":[{"dc_format":"application/pdf","dc_identifier":"nl.gm1954.2c.2021.2831895-4.doc.1","dc_source":"https://api1.ibabs.eu/publicdownload.aspx?site=Beekdaelen&id=d24c2070-34d1-48d4-b75d-d09ae22252ba","dc_title":"CAL-AWACS-2021-004-overzicht rapportages.pdf","dc_type":"bijlage","foi_fairiscoreVersions":{"v1":1,"v2":1},"foi_fileName":"CAL-AWACS-2021-004-overzicht%20rapportages.pdf","foi_nrPages":2}],"foi_nrDocuments":1,"foi_nrPagesInDossier":2,"foi_publishedDate":"2021-03-25","foi_retrievedDate":"2026-02-12"},{"dc_creator":"HandelingScraper_v1","dc_date_year":2021,"dc_description":"Vergadering van de Gemeente Beekdaelen op 2021-03-25. Onderdeel: Overzicht klachten 4e kwartaal 2020 (2021-05)..","dc_identifier":"nl.gm1954.2c.2021.2831895-5","dc_publisher":"gm1954","dc_source":"https://beekdaelen.bestuurlijkeinformatie.nl/Agenda/Index/802939ea-802e-494c-89e0-2aa14b05b263","dc_title":"BDN Commissie AWACS Limburg 2021-03-25 - Overzicht klachten 4e kwartaal 2020 (2021-05).","dc_type":"2c","dc_type_description":"Vergaderstuk decentrale overheid","foi_fairiscoreVersions":{"v1":1,"v2":1},"foi_files":[{"dc_format":"application/pdf","dc_identifier":"nl.gm1954.2c.2021.2831895-5.doc.1","dc_source":"https://api1.ibabs.eu/publicdownload.aspx?site=Beekdaelen&id=eb73ea6e-55ed-4010-894c-8edd301746fc","dc_title":"CAL-AWACS-2021-005-overzicht klachten.pdf","dc_type":"bijlage","foi_fairiscoreVersions":{"v1":1,"v2":1},"foi_fileName":"CAL-AWACS-2021-005-overzicht%20klachten.pdf","foi_nrPages":18}],"foi_nrDocuments":1,"foi_nrPagesInDossier":18,"foi_publishedDate":"2021-03-25","foi_retrievedDate":"2026-02-12"},{"dc_creator":"HandelingScraper_v1","dc_date_year":2021,"dc_description":"Vergadering van de Gemeente Beekdaelen op 2021-03-25. Onderdeel: Woonkernoffenders 4e kwartaal 2020 (2021-06)..","dc_identifier":"nl.gm1954.2c.2021.2831895-6","dc_publisher":"gm1954","dc_source":"https://beekdaelen.bestuurlijkeinformatie.nl/Agenda/Index/802939ea-802e-494c-89e0-2aa14b05b263","dc_title":"BDN Commissie AWACS Limburg 2021-03-25 - Woonkernoffenders 4e kwartaal 2020 (2021-06).","dc_type":"2c","dc_type_description":"Vergaderstuk decentrale overheid","foi_fairiscoreVersions":{"v1":1,"v2":1},"foi_files":[{"dc_format":"application/pdf","dc_identifier":"nl.gm1954.2c.2021.2831895-6.doc.1","dc_source":"https://api1.ibabs.eu/publicdownload.aspx?site=Beekdaelen&id=63ec15a6-dd0b-425b-846c-b396027581c0","dc_title":"CAL-AWACS-2021-006-woonkernoffenders.pdf","dc_type":"bijlage","foi_fairiscoreVersions":{"v1":1,"v2":1},"foi_fileName":"CAL-AWACS-2021-006-woonkernoffenders.pdf","foi_nrPages":8}],"foi_nrDocuments":1,"foi_nrPagesInDossier":8,"foi_publishedDate":"2021-03-25","foi_retrievedDate":"2026-02-05"},{"dc_creator":"HandelingScraper_v1","dc_date_year":2021,"dc_description":"Vergadering van de Gemeente Beekdaelen op 2021-03-25. Onderdeel: Brief wethouder L'Espoir (2021-07)..","dc_identifier":"nl.gm1954.2c.2021.2831895-7","dc_publisher":"gm1954","dc_source":"https://beekdaelen.bestuurlijkeinformatie.nl/Agenda/Index/802939ea-802e-494c-89e0-2aa14b05b263","dc_title":"BDN Commissie AWACS Limburg 2021-03-25 - Brief wethouder L'Espoir (2021-07).","dc_type":"2c","dc_type_description":"Vergaderstuk decentrale overheid","foi_fairiscoreVersions":{"v1":2,"v2":2},"foi_files":[{"dc_format":"application/pdf","dc_identifier":"nl.gm1954.2c.2021.2831895-7.doc.1","dc_source":"https://api1.ibabs.eu/publicdownload.aspx?site=Beekdaelen&id=d828fad1-ce26-4451-b764-15fb5c6d1293","dc_title":"CAL-AWACS-2021-007-Brief wethouder L'Espoir.pdf","dc_type":"bijlage","foi_fairiscoreVersions":{"v1":2,"v2":2},"foi_fileName":"CAL-AWACS-2021-007-Brief%20wethouder%20L%27Espoir.pdf","foi_nrPages":2}],"foi_nrDocuments":1,"foi_nrPagesInDossier":2,"foi_publishedDate":"2021-03-25","foi_retrievedDate":"2026-02-12"},{"dc_creator":"HandelingScraper_v1","dc_date_year":2021,"dc_description":"Vergadering van de Gemeente Beekdaelen op 2021-03-25. Onderdeel: Reactie GS n.a.v. brief wethouder L'Espoir (2021-08).","dc_identifier":"nl.gm1954.2c.2021.2831895-8","dc_publisher":"gm1954","dc_source":"https://beekdaelen.bestuurlijkeinformatie.nl/Agenda/Index/802939ea-802e-494c-89e0-2aa14b05b263","dc_title":"BDN Commissie AWACS Limburg 2021-03-25 - Reactie GS n.a.v. brief wethouder L'Espoir (2021-08)","dc_type":"2c","dc_type_description":"Vergaderstuk decentrale overheid","foi_fairiscoreVersions":{"v1":5,"v2":5},"foi_files":[{"dc_format":"application/pdf","dc_identifier":"nl.gm1954.2c.2021.2831895-8.doc.1","dc_source":"https://api1.ibabs.eu/publicdownload.aspx?site=Beekdaelen&id=74ae0b95-48fa-4b21-ae8d-32fb47c9a346","dc_title":"CAL-AWACS-2021-008-GS.pdf","dc_type":"bijlage","foi_fairiscoreVersions":{"v1":5,"v2":5},"foi_fileName":"CAL-AWACS-2021-008-GS.pdf","foi_nrPages":2}],"foi_nrDocuments":1,"foi_nrPagesInDossier":2,"foi_publishedDate":"2021-03-25","foi_retrievedDate":"2026-03-15"},{"dc_creator":"HandelingScraper_v1","dc_date_year":2021,"dc_description":"Vergadering van de Gemeente Beekdaelen op 2021-03-25. Onderdeel: Brief NRW over Umzetzung des Flugl\u00e4rmgezetzes- Neufestsetzung des L\u00e4rmschutzbereich f\u00fcr den milit\u00e4rischen Flugplatz Geilenkirchen (2021-08)..","dc_identifier":"nl.gm1954.2c.2021.2831895-9","dc_publisher":"gm1954","dc_source":"https://beekdaelen.bestuurlijkeinformatie.nl/Agenda/Index/802939ea-802e-494c-89e0-2aa14b05b263","dc_title":"BDN Commissie AWACS Limburg 2021-03-25 - Brief NRW over Umzetzung des Flugl\u00e4rmgezetzes- Neufestsetzung des L\u00e4rmschutzbereich f\u00fcr den milit\u00e4rischen Flugplatz Geilenkirchen (2021-08).","dc_type":"2c","dc_type_description":"Vergaderstuk decentrale overheid","foi_fairiscoreVersions":{"v1":1,"v2":1},"foi_files":[{"dc_format":"application/pdf","dc_identifier":"nl.gm1954.2c.2021.2831895-9.doc.1","dc_source":"https://api1.ibabs.eu/publicdownload.aspx?site=Beekdaelen&id=a7aba9ee-24ad-425c-96ea-9da00834e1e4","dc_title":"CAL-AWACS-2021-009-Brief NRW Flugl\u00e4rmgetzes.pdf","dc_type":"bijlage","foi_fairiscoreVersions":{"v1":1,"v2":1},"foi_fileName":"CAL-AWACS-2021-009-Brief%20NRW%20Flugl%C3%A4rmgetzes.pdf","foi_nrPages":4}],"foi_nrDocuments":1,"foi_nrPagesInDossier":4,"foi_publishedDate":"2021-03-25","foi_retrievedDate":"2026-02-05"},{"dc_creator":"HandelingScraper_v1","dc_date_year":2021,"dc_description":"Vergadering van de Gemeente Beekdaelen op 2021-03-23. Onderdeel: Algemeen.","dc_identifier":"nl.gm1954.2c.2021.2831919-1","dc_publisher":"gm1954","dc_source":"https://beekdaelen.bestuurlijkeinformatie.nl/Agenda/Index/f8485cc1-13af-4a0f-80f4-d9338c5524a5","dc_title":"Commissie Sociaal & BV (t/m april 2022) 2021-03-23 - Algemeen","dc_type":"2c","dc_type_description":"Vergaderstuk decentrale overheid","foi_fairiscoreVersions":{"v1":1,"v2":1},"foi_files":[{"dc_format":"application/pdf","dc_identifier":"nl.gm1954.2c.2021.2831919-1.doc.1","dc_source":"https://api1.ibabs.eu/publicdownload.aspx?site=Beekdaelen&id=9797d279-a1a3-4f30-ad8b-b679c19cea86","dc_title":"Technische vragen VG tbv cie 23 en 25 maart","dc_type":"bijlage","foi_fairiscoreVersions":{"v1":1,"v2":1},"foi_fileName":"Technische%20vragen%20VG%20tbv%20cie%2023%20en%2025%20maart.pdf","foi_nrPages":1}],"foi_nrDocuments":1,"foi_nrPagesInDossier":1,"foi_publishedDate":"2021-03-23","foi_retrievedDate":"2026-01-23"},{"dc_creator":"HandelingScraper_v1","dc_date_year":2021,"dc_description":"Vergadering van de Gemeente Beekdaelen op 2021-03-23. Onderdeel: Opening, mededelingen voorzitter en vaststellen agenda.","dc_identifier":"nl.gm1954.2c.2021.2831919-2","dc_publisher":"gm1954","dc_source":"https://beekdaelen.bestuurlijkeinformatie.nl/Agenda/Index/f8485cc1-13af-4a0f-80f4-d9338c5524a5","dc_title":"Commissie Sociaal & BV (t/m april 2022) 2021-03-23 - Opening, mededelingen voorzitter en vaststellen agenda","dc_type":"2c","dc_type_description":"Vergaderstuk decentrale overheid","foi_fairiscoreVersions":{"v1":1,"v2":1},"foi_files":[{"dc_format":"application/pdf","dc_identifier":"nl.gm1954.2c.2021.2831919-2.doc.1","dc_source":"https://api1.ibabs.eu/publicdownload.aspx?site=Beekdaelen&id=97dba0df-83fc-4db0-a9e5-74cbcc42620e","dc_title":"Uitnodiging en voorlopige agenda cie . Sociaal & Bedrijfsvoering 23032021","dc_type":"bijlage","foi_fairiscoreVersions":{"v1":1,"v2":1},"foi_fileName":"2021%2003%2023%20Uitnodiging%20en%20voorlopige%20agenda%20cie%20.%20Sociaal%26Bedrijfsvoering.pdf","foi_nrPages":1},{"dc_format":"application/pdf","dc_identifier":"nl.gm1954.2c.2021.2831919-2.doc.2","dc_source":"https://api1.ibabs.eu/publicdownload.aspx?site=Beekdaelen&id=a8827114-d603-4aed-bb0c-36723a714d26","dc_title":"Vastgestelde agenda cie . Sociaal 23032021","dc_type":"bijlage","foi_fairiscoreVersions":{"v1":1,"v2":1},"foi_fileName":"Vastgestelde%20agenda%20cie%20.%20Sociaal%2023032021.pdf","foi_nrPages":1}],"foi_nrDocuments":2,"foi_nrPagesInDossier":2,"foi_publishedDate":"2021-03-23","foi_retrievedDate":"2025-12-02"},{"dc_creator":"HandelingScraper_v1","dc_date_year":2021,"dc_description":"Vergadering van de Gemeente Beekdaelen op 2021-03-23. Onderdeel: Vaststellen actiepuntenlijst van de commissie Sociaal & Bedrijfsvoering d.d. 23 februari 2021.","dc_identifier":"nl.gm1954.2c.2021.2831919-3","dc_publisher":"gm1954","dc_source":"https://beekdaelen.bestuurlijkeinformatie.nl/Agenda/Index/f8485cc1-13af-4a0f-80f4-d9338c5524a5","dc_title":"Commissie Sociaal & BV (t/m april 2022) 2021-03-23 - Vaststellen actiepuntenlijst van de commissie Sociaal & Bedrijfsvoering d.d. 23 februari 2021","dc_type":"2c","dc_type_description":"Vergaderstuk decentrale overheid","foi_fairiscoreVersions":{"v1":1,"v2":1},"foi_files":[{"dc_format":"application/pdf","dc_identifier":"nl.gm1954.2c.2021.2831919-3.doc.1","dc_source":"https://api1.ibabs.eu/publicdownload.aspx?site=Beekdaelen&id=d62d0865-ffbe-4afb-9134-1c290dcea509","dc_title":"20210223 Concept Actiepuntenlijst cie Sociaal en bedrijfsvoering","dc_type":"bijlage","foi_fairiscoreVersions":{"v1":1,"v2":1},"foi_fileName":"20210223%20Concept%20Actiepuntenlijst%20cie%20Sociaal%20en%20bedrijfsvoering.pdf","foi_nrPages":4}],"foi_nrDocuments":1,"foi_nrPagesInDossier":4,"foi_publishedDate":"2021-03-23","foi_retrievedDate":"2026-03-15"},{"dc_creator":"HandelingScraper_v1","dc_date_year":2021,"dc_description":"Vergadering van de Gemeente Beekdaelen op 2021-03-23. Onderdeel: Vaststellen lijst van toezeggingen van de commissie Sociaal & Bedrijfsvoering.","dc_identifier":"nl.gm1954.2c.2021.2831919-4","dc_publisher":"gm1954","dc_source":"https://beekdaelen.bestuurlijkeinformatie.nl/Agenda/Index/f8485cc1-13af-4a0f-80f4-d9338c5524a5","dc_title":"Commissie Sociaal & BV (t/m april 2022) 2021-03-23 - Vaststellen lijst van toezeggingen van de commissie Sociaal & Bedrijfsvoering","dc_type":"2c","dc_type_description":"Vergaderstuk decentrale overheid","foi_fairiscoreVersions":{"v1":1,"v2":1},"foi_files":[{"dc_format":"application/pdf","dc_identifier":"nl.gm1954.2c.2021.2831919-4.doc.1","dc_source":"https://api1.ibabs.eu/publicdownload.aspx?site=Beekdaelen&id=6a617b4d-bf2c-4bd3-86d5-fafc559719ea","dc_title":"Lijst toezeggingen Cie Sociaal&Bedrijfsvoering tbv cie 23032021 versie 02-03-2021","dc_type":"bijlage","foi_fairiscoreVersions":{"v1":1,"v2":1},"foi_fileName":"Lijst%20toezeggingen%20Cie%20Sociaal%26Bedrijfsvoering%20tbv%20cie%2023032021%20versie%2002-03-2021.pdf","foi_nrPages":6}],"foi_nrDocuments":1,"foi_nrPagesInDossier":6,"foi_publishedDate":"2021-03-23","foi_retrievedDate":"2025-11-30"},{"dc_creator":"HandelingScraper_v1","dc_date_year":2021,"dc_description":"Vergadering van de Gemeente Beekdaelen op 2021-03-23. Onderdeel: Voorstel inzake Eerste begrotingswijziging 2021 WSP.","dc_identifier":"nl.gm1954.2c.2021.2831919-5","dc_publisher":"gm1954","dc_source":"https://beekdaelen.bestuurlijkeinformatie.nl/Agenda/Index/f8485cc1-13af-4a0f-80f4-d9338c5524a5","dc_title":"Commissie Sociaal & BV (t/m april 2022) 2021-03-23 - Voorstel inzake Eerste begrotingswijziging 2021 WSP","dc_type":"2c","dc_type_description":"Vergaderstuk decentrale overheid","foi_fairiscoreVersions":{"v1":2,"v2":2},"foi_files":[{"dc_format":"application/pdf","dc_identifier":"nl.gm1954.2c.2021.2831919-5.doc.1","dc_source":"https://api1.ibabs.eu/publicdownload.aspx?site=Beekdaelen&id=107fb874-db57-4ab0-974e-5e877116c27f","dc_title":"RV inzake eerste begrotingswijziging 2021 GR WSP.","dc_type":"bijlage","foi_fairiscoreVersions":{"v1":1,"v2":1},"foi_fileName":"Z%2F20%2F152928%20-%20255805%20-%20Raadsvoorstel%20eerste%20begrotingswijziging%202021%20GR%20WSP.pdf","foi_nrPages":3},{"dc_format":"application/pdf","dc_identifier":"nl.gm1954.2c.2021.2831919-5.doc.4","dc_source":"https://api1.ibabs.eu/publicdownload.aspx?site=Beekdaelen&id=0f9848ed-ad92-4c96-a0c9-bd0b2e8ccb26","dc_title":"Factsheet Eerste begrotingswijziging 2021 GR WSP","dc_type":"bijlage","foi_fairiscoreVersions":{"v1":5,"v2":5},"foi_fileName":"Z%2F20%2F152928%20-%20255808%20-%20Factsheet%20Eerste%20begrotingswijziging%202021%20GR%20WSP.pdf","foi_nrPages":3},{"dc_format":"application/pdf","dc_identifier":"nl.gm1954.2c.2021.2831919-5.doc.3","dc_source":"https://api1.ibabs.eu/publicdownload.aspx?site=Beekdaelen&id=4f35d31f-8fc1-4d1b-b257-ece807200797","dc_title":"Eerste begrotingswijziging 2021 GR WSP","dc_type":"bijlage","foi_fairiscoreVersions":{"v1":2,"v2":1},"foi_fileName":"Z%2F20%2F152928%20-%20255809%20-%20Eerste%20begrotingswijziging%202021%20GR%20WSP.pdf","foi_nrPages":22},{"dc_format":"application/pdf","dc_identifier":"nl.gm1954.2c.2021.2831919-5.doc.2","dc_source":"https://api1.ibabs.eu/publicdownload.aspx?site=Beekdaelen&id=422754da-75fe-4046-9abe-f9b7828680cf","dc_title":"RB inzake eerste begrotingswijziging 2021 GR WSP vastgesteld 13042021","dc_type":"bijlage","foi_fairiscoreVersions":{"v1":1,"v2":1},"foi_fileName":"Z%2F20%2F152928%20-%20255813%20-%20Raadsbesluit%20Eerste%20begrotingswijziging%202021%20GR%20WSP.pdf","foi_nrPages":1},{"dc_format":"application/pdf","dc_identifier":"nl.gm1954.2c.2021.2831919-5.doc.5","dc_source":"https://api1.ibabs.eu/publicdownload.aspx?site=Beekdaelen&id=54d82c55-72d7-4536-a395-f3949e4a00d7","dc_title":"Uitgaande brief naar WSP inzake raadsbesluit 13 april 2021 VERVALLEN","dc_type":"bijlage","foi_fairiscoreVersions":{"v1":1,"v2":1},"foi_fileName":"Z%2F20%2F152928%20-%20255816%20-%20Uitgaande%20brief%20naar%20WSP%20inzake%20raadsbesluit%2013%20april%202021.pdf","foi_nrPages":1}],"foi_nrDocuments":5,"foi_nrPagesInDossier":30,"foi_publishedDate":"2021-03-23","foi_retrievedDate":"2026-03-09"},{"dc_creator":"HandelingScraper_v1","dc_date_year":2021,"dc_description":"Vergadering van de Gemeente Beekdaelen op 2021-03-23. Onderdeel: Voorstel inzake Eerste begrotingswijziging 2021 WOZL.","dc_identifier":"nl.gm1954.2c.2021.2831919-6","dc_publisher":"gm1954","dc_source":"https://beekdaelen.bestuurlijkeinformatie.nl/Agenda/Index/f8485cc1-13af-4a0f-80f4-d9338c5524a5","dc_title":"Commissie Sociaal & BV (t/m april 2022) 2021-03-23 - Voorstel inzake Eerste begrotingswijziging 2021 WOZL","dc_type":"2c","dc_type_description":"Vergaderstuk decentrale overheid","foi_fairiscoreVersions":{"v1":2,"v2":2},"foi_files":[{"dc_format":"application/pdf","dc_identifier":"nl.gm1954.2c.2021.2831919-6.doc.6","dc_source":"https://api1.ibabs.eu/publicdownload.aspx?site=Beekdaelen&id=23253672-3e55-4dab-ba7d-9dac6e8172f3","dc_title":"MvA technische voorvragen Vernieuwingsgroep inzake RV eerste begrotingswijziging WOZL 2021 commissie sociaal 23 maart 2021","dc_type":"bijlage","foi_fairiscoreVersions":{"v1":1,"v2":1},"foi_fileName":"MvA%20technische%20voorvragen%20Vernieuwingsgroep%20inzake%20RV%20eerste%20begrotingswijziging%20WOZL%202021%20commissie%20sociaal%2023%20maart%202021.pdf","foi_nrPages":1},{"dc_format":"application/pdf","dc_identifier":"nl.gm1954.2c.2021.2831919-6.doc.3","dc_source":"https://api1.ibabs.eu/publicdownload.aspx?site=Beekdaelen&id=507fd7f1-0fb3-486a-8166-2647e9d008fc","dc_title":"Eerste begrotingswijziging 2021 GR WOZL","dc_type":"bijlage","foi_fairiscoreVersions":{"v1":2,"v2":1},"foi_fileName":"Z%2F20%2F152926%20-%20255690%20-%20Eerste%20begrotingswijziging%202021%20GR%20WOZL.pdf","foi_nrPages":21},{"dc_format":"application/pdf","dc_identifier":"nl.gm1954.2c.2021.2831919-6.doc.4","dc_source":"https://api1.ibabs.eu/publicdownload.aspx?site=Beekdaelen&id=899fbfec-670c-43f1-882c-421bfb83ad34","dc_title":"Factsheet eerste begrotingswijziging 2021 GR WOZL","dc_type":"bijlage","foi_fairiscoreVersions":{"v1":2,"v2":2},"foi_fileName":"Z%2F20%2F152926%20-%20255691%20-%20Factsheet%20eerste%20begrotingswijziging%202021%20GR%20WOZL.pdf","foi_nrPages":3},{"dc_format":"application/pdf","dc_identifier":"nl.gm1954.2c.2021.2831919-6.doc.1","dc_source":"https://api1.ibabs.eu/publicdownload.aspx?site=Beekdaelen&id=0e05e87c-6a36-4cab-90b2-1dd5633dbcfc","dc_title":"RV Eerste begrotingswijziging 2021 GR WOZL","dc_type":"bijlage","foi_fairiscoreVersions":{"v1":1,"v2":1},"foi_fileName":"Z%2F20%2F152926%20-%20255692%20-%20Raadsvoorstel%20Eerste%20begrotingswijziging%202021%20GR%20WOZL.pdf","foi_nrPages":4},{"dc_format":"application/pdf","dc_identifier":"nl.gm1954.2c.2021.2831919-6.doc.2","dc_source":"https://api1.ibabs.eu/publicdownload.aspx?site=Beekdaelen&id=89fe6842-4ae7-46c0-adc7-4348f169d4dd","dc_title":"RB Eerste begrotingswijziging 2021 WOZL vastgesteld 13042021","dc_type":"bijlage","foi_fairiscoreVersions":{"v1":1,"v2":1},"foi_fileName":"Z%2F20%2F152926%20-%20255793%20-%20Raadsbesluit%20Eerste%20begrotingswijziging%202021%20WOZL.pdf","foi_nrPages":1},{"dc_format":"application/pdf","dc_identifier":"nl.gm1954.2c.2021.2831919-6.doc.5","dc_source":"https://api1.ibabs.eu/publicdownload.aspx?site=Beekdaelen&id=004bf687-84f9-482b-ba21-f8320d525ce3","dc_title":"Uitgaande brief naar WOZL inzake raadsbesluit 13 april 2021 VERVALLEN","dc_type":"bijlage","foi_fairiscoreVersions":{"v1":1,"v2":1},"foi_fileName":"Z%2F20%2F152926%20-%20255794%20-%20Uitgaande%20brief%20naar%20WOZL%20inzake%20raadsbesluit%2013%20april%202021.pdf","foi_nrPages":1}],"foi_nrDocuments":6,"foi_nrPagesInDossier":31,"foi_publishedDate":"2021-03-23","foi_retrievedDate":"2025-12-06"},{"dc_creator":"HandelingScraper_v1","dc_date_year":2021,"dc_description":"Vergadering van de Gemeente Beekdaelen op 2021-03-23. Onderdeel: Voorstel inzake Jaarrekening GR Vixia 2019-2020.","dc_identifier":"nl.gm1954.2c.2021.2831919-7","dc_publisher":"gm1954","dc_source":"https://beekdaelen.bestuurlijkeinformatie.nl/Agenda/Index/f8485cc1-13af-4a0f-80f4-d9338c5524a5","dc_title":"Commissie Sociaal & BV (t/m april 2022) 2021-03-23 - Voorstel inzake Jaarrekening GR Vixia 2019-2020","dc_type":"2c","dc_type_description":"Vergaderstuk decentrale overheid","foi_fairiscoreVersions":{"v1":2,"v2":1},"foi_files":[{"dc_format":"application/pdf","dc_identifier":"nl.gm1954.2c.2021.2831919-7.doc.7","dc_source":"https://api1.ibabs.eu/publicdownload.aspx?site=Beekdaelen&id=6573da2a-be82-4b64-98d8-6d0961b716cd","dc_title":"MvA technische voorvragen Vernieuwingsgroep inzake Vixia commissie sociaal 23 maart 2021","dc_type":"bijlage","foi_fairiscoreVersions":{"v1":1,"v2":1},"foi_fileName":"MvA%20technische%20voorvragen%20Vernieuwingsgroep%20inzake%20Vixia%20commissie%20sociaal%2023%20maart%202021.pdf","foi_nrPages":1},{"dc_format":"application/pdf","dc_identifier":"nl.gm1954.2c.2021.2831919-7.doc.3","dc_source":"https://api1.ibabs.eu/publicdownload.aspx?site=Beekdaelen&id=42a136d6-1e9e-4ff9-a01d-67bde7c51bd5","dc_title":"Definitieve Jaarrekening 2019 GR Vixia, voor zienswijze","dc_type":"bijlage","foi_fairiscoreVersions":{"v1":1,"v2":1},"foi_fileName":"Z%2F19%2F135112%20-%20256570.pdf","foi_nrPages":52},{"dc_format":"application/pdf","dc_identifier":"nl.gm1954.2c.2021.2831919-7.doc.4","dc_source":"https://api1.ibabs.eu/publicdownload.aspx?site=Beekdaelen&id=212a9669-89d0-48cc-a071-75fd399633e1","dc_title":"Controleverklaring 2019","dc_type":"bijlage","foi_fairiscoreVersions":{"v1":1,"v2":1},"foi_fileName":"Z%2F19%2F135112%20-%20256570.pdf","foi_nrPages":5},{"dc_format":"application/pdf","dc_identifier":"nl.gm1954.2c.2021.2831919-7.doc.5","dc_source":"https://api1.ibabs.eu/publicdownload.aspx?site=Beekdaelen&id=cdbbe387-6ec0-4221-abdc-64a767c201c8","dc_title":"Aanbiedingsbrief jaarrekening GR Vixia 2019-2020 d.d. 17 dec 2020","dc_type":"bijlage","foi_fairiscoreVersions":{"v1":1,"v2":1},"foi_fileName":"Z%2F19%2F135112%20-%20256570.pdf","foi_nrPages":1},{"dc_format":"application/pdf","dc_identifier":"nl.gm1954.2c.2021.2831919-7.doc.6","dc_source":"https://api1.ibabs.eu/publicdownload.aspx?site=Beekdaelen&id=cafc5c10-d987-4222-bd6b-e42623a19011","dc_title":"Stand van zaken Liquidatie Vixia, RIB d.d. 5 okt 2020","dc_type":"bijlage","foi_fairiscoreVersions":{"v1":1,"v2":1},"foi_fileName":"Z%2F19%2F135112%20-%20256570.pdf","foi_nrPages":3},{"dc_format":"application/pdf","dc_identifier":"nl.gm1954.2c.2021.2831919-7.doc.1","dc_source":"https://api1.ibabs.eu/publicdownload.aspx?site=Beekdaelen&id=22601c36-1c46-4a64-84ef-86ddba08b33c","dc_title":"RV inzake Jaarrekening GR Vixia 2019-2020","dc_type":"bijlage","foi_fairiscoreVersions":{"v1":1,"v2":1},"foi_fileName":"Z%2F19%2F135112%20-%20256570%20-%20Jaarrekening%202019-2020%20GR%20Vixia.pdf","foi_nrPages":6},{"dc_format":"application/pdf","dc_identifier":"nl.gm1954.2c.2021.2831919-7.doc.2","dc_source":"https://api1.ibabs.eu/publicdownload.aspx?site=Beekdaelen&id=311df271-3a93-483a-ab12-f017e86bbf8f","dc_title":"RB inzake Jaarrekening GR Vixia 2019-2020","dc_type":"bijlage","foi_fairiscoreVersions":{"v1":2,"v2":1},"foi_fileName":"Z%2F19%2F135112%20-%20256950%20-%20Jaarrekening%202019-2020%20GR%20vixia.pdf","foi_nrPages":2}],"foi_nrDocuments":7,"foi_nrPagesInDossier":70,"foi_publishedDate":"2021-03-23","foi_retrievedDate":"2026-03-09"},{"dc_creator":"HandelingScraper_v1","dc_date_year":2021,"dc_description":"Vergadering van de Gemeente Beekdaelen op 2021-03-23. Onderdeel: Voorstel inzake Planning & Control-applicatie.","dc_identifier":"nl.gm1954.2c.2021.2831919-8","dc_publisher":"gm1954","dc_source":"https://beekdaelen.bestuurlijkeinformatie.nl/Agenda/Index/f8485cc1-13af-4a0f-80f4-d9338c5524a5","dc_title":"Commissie Sociaal & BV (t/m april 2022) 2021-03-23 - Voorstel inzake Planning & Control-applicatie","dc_type":"2c","dc_type_description":"Vergaderstuk decentrale overheid","foi_fairiscoreVersions":{"v1":2,"v2":2},"foi_files":[{"dc_format":"application/pdf","dc_identifier":"nl.gm1954.2c.2021.2831919-8.doc.3","dc_source":"https://api1.ibabs.eu/publicdownload.aspx?site=Beekdaelen&id=55ca6ebe-03f0-4fcb-9710-5b77e1525d29","dc_title":"Presentatie P&C applicatie","dc_type":"bijlage","foi_fairiscoreVersions":{"v1":2,"v2":2},"foi_fileName":"Presentatie%20P%26C%20applicatie.pdf","foi_nrPages":6},{"dc_format":"application/pdf","dc_identifier":"nl.gm1954.2c.2021.2831919-8.doc.2","dc_source":"https://api1.ibabs.eu/publicdownload.aspx?site=Beekdaelen&id=0443ec9e-613a-45ab-b2a5-53b030c0cf97","dc_title":"RB inzake P&C applicatie","dc_type":"bijlage","foi_fairiscoreVersions":{"v1":1,"v2":1},"foi_fileName":"Z%2F21%2F154545%20-%20257604%20-%20P%26C%20applicatie.pdf","foi_nrPages":1},{"dc_format":"application/pdf","dc_identifier":"nl.gm1954.2c.2021.2831919-8.doc.1","dc_source":"https://api1.ibabs.eu/publicdownload.aspx?site=Beekdaelen&id=6ce04ac6-8eaf-4e9d-9a29-8a36dfd16631","dc_title":"RV inzake P&C applicatie","dc_type":"bijlage","foi_fairiscoreVersions":{"v1":1,"v2":1},"foi_fileName":"Z%2F21%2F154545%20-%20258825%20-%20P%26C%20applicatie.pdf","foi_nrPages":5}],"foi_nrDocuments":3,"foi_nrPagesInDossier":12,"foi_publishedDate":"2021-03-23","foi_retrievedDate":"2026-03-11"},{"dc_creator":"HandelingScraper_v1","dc_date_year":2021,"dc_description":"Vergadering van de Gemeente Beekdaelen op 2021-03-25. Onderdeel: Algemeen.","dc_identifier":"nl.gm1954.2c.2021.2831954-1","dc_publisher":"gm1954","dc_source":"https://beekdaelen.bestuurlijkeinformatie.nl/Agenda/Index/ba317d43-c6da-4df3-ad19-c573b1adf1dc","dc_title":"Commissie Ruimte (t/m april 2022) 2021-03-25 - Algemeen","dc_type":"2c","dc_type_description":"Vergaderstuk decentrale overheid","foi_fairiscoreVersions":{"v1":1,"v2":1},"foi_files":[{"dc_format":"application/pdf","dc_identifier":"nl.gm1954.2c.2021.2831954-1.doc.2","dc_source":"https://api1.ibabs.eu/publicdownload.aspx?site=Beekdaelen&id=62fbad9c-477b-488f-bb12-b286ff0a33d0","dc_title":"Technische vragen BL Cie ruimte 25 maart.docx","dc_type":"bijlage","foi_fairiscoreVersions":{"v1":1,"v2":1},"foi_fileName":"Technische%20vragen%20BL%20Cie%20ruimte%2025%20maart.pdf","foi_nrPages":1},{"dc_format":"application/pdf","dc_identifier":"nl.gm1954.2c.2021.2831954-1.doc.1","dc_source":"https://api1.ibabs.eu/publicdownload.aspx?site=Beekdaelen&id=c485dc83-c06f-4da6-8216-b96f758be32d","dc_title":"Technische vragen VG tbv cie 23 en 25 maart.docx","dc_type":"bijlage","foi_fairiscoreVersions":{"v1":1,"v2":1},"foi_fileName":"Technische%20vragen%20VG%20tbv%20cie%2023%20en%2025%20maart.pdf","foi_nrPages":1}],"foi_nrDocuments":2,"foi_nrPagesInDossier":2,"foi_publishedDate":"2021-03-25","foi_retrievedDate":"2025-11-29"},{"dc_creator":"HandelingScraper_v1","dc_date_year":2021,"dc_description":"Vergadering van de Gemeente Beekdaelen op 2021-03-25. Onderdeel: Opening, mededelingen voorzitter en vaststellen agenda.","dc_identifier":"nl.gm1954.2c.2021.2831954-2","dc_publisher":"gm1954","dc_source":"https://beekdaelen.bestuurlijkeinformatie.nl/Agenda/Index/ba317d43-c6da-4df3-ad19-c573b1adf1dc","dc_title":"Commissie Ruimte (t/m april 2022) 2021-03-25 - Opening, mededelingen voorzitter en vaststellen agenda","dc_type":"2c","dc_type_description":"Vergaderstuk decentrale overheid","foi_fairiscoreVersions":{"v1":1,"v2":1},"foi_files":[{"dc_format":"application/pdf","dc_identifier":"nl.gm1954.2c.2021.2831954-2.doc.1","dc_source":"https://api1.ibabs.eu/publicdownload.aspx?site=Beekdaelen&id=64e598c1-567f-48df-80fb-e1993a8419ad","dc_title":"Uitnodiging en voorlopige agenda cie. Ruimte","dc_type":"bijlage","foi_fairiscoreVersions":{"v1":1,"v2":1},"foi_fileName":"2021%2003%2025%20Uitnodiging%20en%20voorlopige%20agenda%20cie%20.%20Ruimte.pdf","foi_nrPages":1},{"dc_format":"application/pdf","dc_identifier":"nl.gm1954.2c.2021.2831954-2.doc.2","dc_source":"https://api1.ibabs.eu/publicdownload.aspx?site=Beekdaelen&id=a05732aa-0200-497a-8839-4f6b9acd576a","dc_title":"Vastgestelde agenda cie . Ruimte 25032021","dc_type":"bijlage","foi_fairiscoreVersions":{"v1":1,"v2":1},"foi_fileName":"Vastgestelde%20agenda%20cie%20.%20Ruimte%2025032021.pdf","foi_nrPages":1}],"foi_nrDocuments":2,"foi_nrPagesInDossier":2,"foi_publishedDate":"2021-03-25","foi_retrievedDate":"2026-02-12"},{"dc_creator":"HandelingScraper_v1","dc_date_year":2021,"dc_description":"Vergadering van de Gemeente Beekdaelen op 2021-03-25. Onderdeel: Vaststellen actiepuntenlijst van de commissie Ruimte d.d. 25 februari 2021.","dc_identifier":"nl.gm1954.2c.2021.2831954-3","dc_publisher":"gm1954","dc_source":"https://beekdaelen.bestuurlijkeinformatie.nl/Agenda/Index/ba317d43-c6da-4df3-ad19-c573b1adf1dc","dc_title":"Commissie Ruimte (t/m april 2022) 2021-03-25 - Vaststellen actiepuntenlijst van de commissie Ruimte d.d. 25 februari 2021","dc_type":"2c","dc_type_description":"Vergaderstuk decentrale overheid","foi_fairiscoreVersions":{"v1":1,"v2":1},"foi_files":[{"dc_format":"application/pdf","dc_identifier":"nl.gm1954.2c.2021.2831954-3.doc.1","dc_source":"https://api1.ibabs.eu/publicdownload.aspx?site=Beekdaelen&id=b8388b6e-7520-40dc-bb31-a2ebf80c1e0e","dc_title":"Actiepuntenlijst cie Ruimte 20210225  25 februari 2021 - vastgesteld 25.03.2021","dc_type":"bijlage","foi_fairiscoreVersions":{"v1":1,"v2":1},"foi_fileName":"Actiepuntenlijst%20cie%20Ruimte%2020210225%20%2025%20februari%202021%20-%20concept.pdf","foi_nrPages":5}],"foi_nrDocuments":1,"foi_nrPagesInDossier":5,"foi_publishedDate":"2021-03-25","foi_retrievedDate":"2026-03-15"},{"dc_creator":"HandelingScraper_v1","dc_date_year":2021,"dc_description":"Vergadering van de Gemeente Beekdaelen op 2021-03-25. Onderdeel: Vaststellen lijst van toezeggingen van de commissie Ruimte.","dc_identifier":"nl.gm1954.2c.2021.2831954-4","dc_publisher":"gm1954","dc_source":"https://beekdaelen.bestuurlijkeinformatie.nl/Agenda/Index/ba317d43-c6da-4df3-ad19-c573b1adf1dc","dc_title":"Commissie Ruimte (t/m april 2022) 2021-03-25 - Vaststellen lijst van toezeggingen van de commissie Ruimte","dc_type":"2c","dc_type_description":"Vergaderstuk decentrale overheid","foi_fairiscoreVersions":{"v1":1,"v2":1},"foi_files":[{"dc_format":"application/pdf","dc_identifier":"nl.gm1954.2c.2021.2831954-4.doc.1","dc_source":"https://api1.ibabs.eu/publicdownload.aspx?site=Beekdaelen&id=1acd616a-d200-46be-a42f-60898fb69b76","dc_title":"Lijst toezeggingen Cie. Ruimte tbv vaststellen cie 25032021 versie 02032021","dc_type":"bijlage","foi_fairiscoreVersions":{"v1":1,"v2":1},"foi_fileName":"Lijst%20toezeggingen%20Cie.%20Ruimte%20tbv%20vaststellen%20cie%2025032021%20versie%2002032021.pdf","foi_nrPages":11},{"dc_format":"application/pdf","dc_identifier":"nl.gm1954.2c.2021.2831954-4.doc.2","dc_source":"https://api1.ibabs.eu/publicdownload.aspx?site=Beekdaelen&id=206c2d2d-fe45-41f3-b7a2-fc3063902a9d","dc_title":"Lijst toezeggingen Cie. Ruimte tbv vaststellen cie 25032021 versie 04032021 - toezegging strooibeleid andere pfh.","dc_type":"bijlage","foi_fairiscoreVersions":{"v1":1,"v2":1},"foi_fileName":"Lijst%20toezeggingen%20Cie.%20Ruimte%20tbv%20vaststellen%20cie%2025032021%20versie%2004032021.pdf","foi_nrPages":11}],"foi_nrDocuments":2,"foi_nrPagesInDossier":22,"foi_publishedDate":"2021-03-25","foi_retrievedDate":"2026-02-05"},{"dc_creator":"HandelingScraper_v1","dc_date_year":2021,"dc_description":"Vergadering van de Gemeente Beekdaelen op 2021-03-25. Onderdeel: Voorstel inzake Destinatiemarketing.","dc_identifier":"nl.gm1954.2c.2021.2831954-5","dc_publisher":"gm1954","dc_source":"https://beekdaelen.bestuurlijkeinformatie.nl/Agenda/Index/ba317d43-c6da-4df3-ad19-c573b1adf1dc","dc_title":"Commissie Ruimte (t/m april 2022) 2021-03-25 - Voorstel inzake Destinatiemarketing","dc_type":"2c","dc_type_description":"Vergaderstuk decentrale overheid","foi_fairiscoreVersions":{"v1":2,"v2":2},"foi_files":[{"dc_format":"application/pdf","dc_identifier":"nl.gm1954.2c.2021.2831954-5.doc.4","dc_source":"https://api1.ibabs.eu/publicdownload.aspx?site=Beekdaelen&id=16bac1cb-22a9-43ad-96f1-3dabe652b8ba","dc_title":"MvA VG cie. 25032021 - B1","dc_type":"bijlage","foi_fairiscoreVersions":{"v1":1,"v2":1},"foi_fileName":"Memorie%20van%20Antwoord%20%20VG%20cie.%2025032021%20-%20B1.pdf","foi_nrPages":1},{"dc_format":"application/pdf","dc_identifier":"nl.gm1954.2c.2021.2831954-5.doc.5","dc_source":"https://api1.ibabs.eu/publicdownload.aspx?site=Beekdaelen&id=31cfc82c-2d4c-44de-9ca0-59354d03f7ff","dc_title":"MvA BL cie. 25032021 - B1","dc_type":"bijlage","foi_fairiscoreVersions":{"v1":1,"v2":1},"foi_fileName":"Memorie%20van%20Antwoord%20BL%20cie.%2025032021%20-%20B1.pdf","foi_nrPages":4},{"dc_format":"application/pdf","dc_identifier":"nl.gm1954.2c.2021.2831954-5.doc.3","dc_source":"https://api1.ibabs.eu/publicdownload.aspx?site=Beekdaelen&id=c7681d0b-e618-460a-af47-d69ef868ab97","dc_title":"Visie Destinatiemarketing Beekdaelen","dc_type":"bijlage","foi_fairiscoreVersions":{"v1":2,"v2":2},"foi_fileName":"Z%2F21%2F153228%20-%20253949.pdf","foi_nrPages":30},{"dc_format":"application/pdf","dc_identifier":"nl.gm1954.2c.2021.2831954-5.doc.1","dc_source":"https://api1.ibabs.eu/publicdownload.aspx?site=Beekdaelen&id=c4b627d4-9342-41fb-b0f6-3aeeb5427b7b","dc_title":"Raadsvoorstel Destinatiemarketing Beekdaelen","dc_type":"bijlage","foi_fairiscoreVersions":{"v1":1,"v2":1},"foi_fileName":"Z%2F21%2F153228%20-%20253949%20-%20Destinatiemarketing%20Beekdaelen.pdf","foi_nrPages":3},{"dc_format":"application/pdf","dc_identifier":"nl.gm1954.2c.2021.2831954-5.doc.2","dc_source":"https://api1.ibabs.eu/publicdownload.aspx?site=Beekdaelen&id=dd88fa06-507b-4c1a-8cc6-5b40404905ea","dc_title":"Raadsbesluit Destinatiemarketing Beekdaelen vastgesteld 13042021","dc_type":"bijlage","foi_fairiscoreVersions":{"v1":1,"v2":1},"foi_fileName":"Z%2F21%2F153228%20-%20255543%20-%20Destinatiemarketing%20Beekdaelen.pdf","foi_nrPages":1}],"foi_nrDocuments":5,"foi_nrPagesInDossier":39,"foi_publishedDate":"2021-03-25","foi_retrievedDate":"2025-11-30"},{"dc_creator":"HandelingScraper_v1","dc_date_year":2021,"dc_description":"Vergadering van de Gemeente Beekdaelen op 2021-03-25. Onderdeel: Voorstel inzake VVGB Wolfhagen 121-123 te Schinnen.","dc_identifier":"nl.gm1954.2c.2021.2831954-6","dc_publisher":"gm1954","dc_source":"https://beekdaelen.bestuurlijkeinformatie.nl/Agenda/Index/ba317d43-c6da-4df3-ad19-c573b1adf1dc","dc_title":"Commissie Ruimte (t/m april 2022) 2021-03-25 - Voorstel inzake VVGB Wolfhagen 121-123 te Schinnen","dc_type":"2c","dc_type_description":"Vergaderstuk decentrale overheid","foi_fairiscoreVersions":{"v1":2,"v2":1},"foi_files":[{"dc_format":"application/pdf","dc_identifier":"nl.gm1954.2c.2021.2831954-6.doc.4","dc_source":"https://api1.ibabs.eu/publicdownload.aspx?site=Beekdaelen&id=b2ab93cb-1fcb-4b51-a5d9-b5ce81e0d3d3","dc_title":"Aanvraag omgevingsvergunning Wolfhagen 121-123","dc_type":"bijlage","foi_fairiscoreVersions":{"v1":1,"v2":1},"foi_fileName":"Aanvraag%20omgevingsvergunning%20Wolfhagen%20121-123.pdf","foi_nrPages":10},{"dc_format":"application/pdf","dc_identifier":"nl.gm1954.2c.2021.2831954-6.doc.5","dc_source":"https://api1.ibabs.eu/publicdownload.aspx?site=Beekdaelen&id=e05dc751-8837-43f0-b27b-9b8335d8bbe7","dc_title":"Ruimtelijke onderbouwing","dc_type":"bijlage","foi_fairiscoreVersions":{"v1":1,"v2":1},"foi_fileName":"Bijlage%204%20-%20Ruimtelijke%20onderbouwing.pdf","foi_nrPages":17},{"dc_format":"application/pdf","dc_identifier":"nl.gm1954.2c.2021.2831954-6.doc.6","dc_source":"https://api1.ibabs.eu/publicdownload.aspx?site=Beekdaelen&id=4ab1a6c7-addb-4c2c-8963-764378ee4cf4","dc_title":"Principebesluit Gemeente Beekdaelen 7-4-2020","dc_type":"bijlage","foi_fairiscoreVersions":{"v1":2,"v2":1},"foi_fileName":"Bijlage%205%20-%20Principebesluit%20Gemeente%20Beekdaelen%207-4-2020.pdf","foi_nrPages":14},{"dc_format":"application/pdf","dc_identifier":"nl.gm1954.2c.2021.2831954-6.doc.3","dc_source":"https://api1.ibabs.eu/publicdownload.aspx?site=Beekdaelen&id=acf855be-c8e1-4079-8769-70bc4a80a140","dc_title":"Rb VVGB omgevingsvergunning Wolfhagen 121-123 in Schinnen vastgesteld 13042021","dc_type":"bijlage","foi_fairiscoreVersions":{"v1":1,"v2":1},"foi_fileName":"Raadsbesluit%20-%20VVGB%20omgevingsvergunning%20Wolfhagen%20121-123%20in%20Schinnen.pdf","foi_nrPages":1},{"dc_format":"application/pdf","dc_identifier":"nl.gm1954.2c.2021.2831954-6.doc.1","dc_source":"https://api1.ibabs.eu/publicdownload.aspx?site=Beekdaelen&id=a1627df4-e7c6-40db-ae38-77423e8bcba0","dc_title":"Rv VVGB omgevingsvergunning Wolfhagen 121-123 in Schinnen","dc_type":"bijlage","foi_fairiscoreVersions":{"v1":1,"v2":1},"foi_fileName":"Raadsvoorstel%20-%20VVGB%20omgevingsvergunning%20Wolfhagen%20121-123%20in%20Schinnen.pdf","foi_nrPages":3},{"dc_format":"application/pdf","dc_identifier":"nl.gm1954.2c.2021.2831954-6.doc.2","dc_source":"https://api1.ibabs.eu/publicdownload.aspx?site=Beekdaelen&id=31c2644d-948b-44ba-9ae0-cae96e63e3d4","dc_title":"Toelichting correctie raadsvoorstel VVGB Wolfhagen 121-123 in Schinnen","dc_type":"bijlage","foi_fairiscoreVersions":{"v1":1,"v2":1},"foi_fileName":"Toelichting%20correctie%20raadsvoorstel%20VVGB%20Wolfhagen%20121-123%20in%20Schinnen.pdf","foi_nrPages":1}],"foi_nrDocuments":6,"foi_nrPagesInDossier":46,"foi_publishedDate":"2021-03-25","foi_retrievedDate":"2026-03-09"},{"dc_creator":"HandelingScraper_v1","dc_date_year":2021,"dc_description":"Vergadering van de Gemeente Beekdaelen op 2021-04-13. Onderdeel: Opening.","dc_identifier":"nl.gm1954.2c.2021.2831979-1","dc_publisher":"gm1954","dc_source":"https://beekdaelen.bestuurlijkeinformatie.nl/Agenda/Index/3455b87c-7ae7-4d04-9b87-1575b20858a4","dc_title":"Raadsvergadering 2021-04-13 - Opening","dc_type":"2c","dc_type_description":"Vergaderstuk decentrale overheid","foi_fairiscoreVersions":{"v1":1,"v2":1},"foi_files":[{"dc_format":"application/pdf","dc_identifier":"nl.gm1954.2c.2021.2831979-1.doc.1","dc_source":"https://api1.ibabs.eu/publicdownload.aspx?site=Beekdaelen&id=9a68ce7e-1ea2-45ef-b4aa-36a1826d8e2f","dc_title":"Uitnodiging en agenda raadsvergadering 13 april 2021","dc_type":"bijlage","foi_fairiscoreVersions":{"v1":1,"v2":1},"foi_fileName":"Uitnodiging%20en%20agenda%20raadsvergadering%2013%20april%202021.pdf","foi_nrPages":2}],"foi_nrDocuments":1,"foi_nrPagesInDossier":2,"foi_publishedDate":"2021-04-13","foi_retrievedDate":"2026-03-11"},{"dc_creator":"HandelingScraper_v1","dc_date_year":2021,"dc_description":"Vergadering van de Gemeente Beekdaelen op 2021-04-13. Onderdeel: Destinatiemarketing Beekdaelen.","dc_identifier":"nl.gm1954.2c.2021.2831979-10","dc_publisher":"gm1954","dc_source":"https://beekdaelen.bestuurlijkeinformatie.nl/Agenda/Index/3455b87c-7ae7-4d04-9b87-1575b20858a4","dc_title":"Raadsvergadering 2021-04-13 - Destinatiemarketing Beekdaelen","dc_type":"2c","dc_type_description":"Vergaderstuk decentrale overheid","foi_fairiscoreVersions":{"v1":2,"v2":2},"foi_files":[{"dc_format":"application/pdf","dc_identifier":"nl.gm1954.2c.2021.2831979-10.doc.2","dc_source":"https://api1.ibabs.eu/publicdownload.aspx?site=Beekdaelen&id=c7681d0b-e618-460a-af47-d69ef868ab97","dc_title":"Visie Destinatiemarketing Beekdaelen","dc_type":"bijlage","foi_fairiscoreVersions":{"v1":2,"v2":2},"foi_fileName":"Z%2F21%2F153228%20-%20253949.pdf","foi_nrPages":30},{"dc_format":"application/pdf","dc_identifier":"nl.gm1954.2c.2021.2831979-10.doc.1","dc_source":"https://api1.ibabs.eu/publicdownload.aspx?site=Beekdaelen&id=c4b627d4-9342-41fb-b0f6-3aeeb5427b7b","dc_title":"Raadsvoorstel Destinatiemarketing Beekdaelen","dc_type":"bijlage","foi_fairiscoreVersions":{"v1":1,"v2":1},"foi_fileName":"Z%2F21%2F153228%20-%20253949%20-%20Destinatiemarketing%20Beekdaelen.pdf","foi_nrPages":3},{"dc_format":"application/pdf","dc_identifier":"nl.gm1954.2c.2021.2831979-10.doc.3","dc_source":"https://api1.ibabs.eu/publicdownload.aspx?site=Beekdaelen&id=dd88fa06-507b-4c1a-8cc6-5b40404905ea","dc_title":"Raadsbesluit Destinatiemarketing Beekdaelen vastgesteld 13042021","dc_type":"bijlage","foi_fairiscoreVersions":{"v1":1,"v2":1},"foi_fileName":"Z%2F21%2F153228%20-%20255543%20-%20Destinatiemarketing%20Beekdaelen.pdf","foi_nrPages":1}],"foi_nrDocuments":3,"foi_nrPagesInDossier":34,"foi_publishedDate":"2021-04-13","foi_retrievedDate":"2026-02-05"},{"dc_creator":"HandelingScraper_v1","dc_date_year":2021,"dc_description":"Vergadering van de Gemeente Beekdaelen op 2021-04-13. Onderdeel: Vaststelling lijst ingekomen stukken.","dc_identifier":"nl.gm1954.2c.2021.2831979-11","dc_publisher":"gm1954","dc_source":"https://beekdaelen.bestuurlijkeinformatie.nl/Agenda/Index/3455b87c-7ae7-4d04-9b87-1575b20858a4","dc_title":"Raadsvergadering 2021-04-13 - Vaststelling lijst ingekomen stukken","dc_type":"2c","dc_type_description":"Vergaderstuk decentrale overheid","foi_fairiscoreVersions":{"v1":1,"v2":1},"foi_files":[{"dc_format":"application/pdf","dc_identifier":"nl.gm1954.2c.2021.2831979-11.doc.2","dc_source":"https://api1.ibabs.eu/publicdownload.aspx?site=Beekdaelen&id=0d50dc9f-3622-4c47-89d8-d3de9c48c16a","dc_title":"Lijst ingekomen stukken raad 13042021 versie 02042021 VERVALLEN","dc_type":"bijlage","foi_fairiscoreVersions":{"v1":1,"v2":1},"foi_fileName":"Lijst%20ingekomen%20stukken%20raad%2013042021%20versie%2002042021.pdf","foi_nrPages":5},{"dc_format":"application/pdf","dc_identifier":"nl.gm1954.2c.2021.2831979-11.doc.3","dc_source":"https://api1.ibabs.eu/publicdownload.aspx?site=Beekdaelen&id=eb501662-6d9b-4cb7-8d73-9180216104fc","dc_title":"Lijst ingekomen stukken raad 13042021 vastgesteld 130420201","dc_type":"bijlage","foi_fairiscoreVersions":{"v1":1,"v2":1},"foi_fileName":"Lijst%20ingekomen%20stukken%20raad%2013042021%20versie%2008042021.pdf","foi_nrPages":6},{"dc_format":"application/pdf","dc_identifier":"nl.gm1954.2c.2021.2831979-11.doc.1","dc_source":"https://api1.ibabs.eu/publicdownload.aspx?site=Beekdaelen&id=009c3f17-a4af-4d05-8d5a-5010cb974a96","dc_title":"Lijst ingekomen stukken raad 13042021 versie 30032021 VERVALLEN","dc_type":"bijlage","foi_fairiscoreVersions":{"v1":1,"v2":1},"foi_fileName":"Lijst%20ingekomen%20stukken%20raad%2013042021%20versie%2030032021.pdf","foi_nrPages":5}],"foi_nrDocuments":3,"foi_nrPagesInDossier":16,"foi_publishedDate":"2021-04-13","foi_retrievedDate":"2026-03-10"},{"dc_creator":"HandelingScraper_v1","dc_date_year":2021,"dc_description":"Vergadering van de Gemeente Beekdaelen op 2021-04-13. Onderdeel: Vaststelling van de agenda.","dc_identifier":"nl.gm1954.2c.2021.2831979-2","dc_publisher":"gm1954","dc_source":"https://beekdaelen.bestuurlijkeinformatie.nl/Agenda/Index/3455b87c-7ae7-4d04-9b87-1575b20858a4","dc_title":"Raadsvergadering 2021-04-13 - Vaststelling van de agenda","dc_type":"2c","dc_type_description":"Vergaderstuk decentrale overheid","foi_fairiscoreVersions":{"v1":1,"v2":1},"foi_files":[{"dc_format":"application/pdf","dc_identifier":"nl.gm1954.2c.2021.2831979-2.doc.1","dc_source":"https://api1.ibabs.eu/publicdownload.aspx?site=Beekdaelen&id=9a94e1de-59da-4805-873a-eb3891703c03","dc_title":"Verzoek D66 inzake interpellatiedebat wethouder Hermans over mobiliteitsplan","dc_type":"bijlage","foi_fairiscoreVersions":{"v1":1,"v2":1},"foi_fileName":"interpellatiedebat%20wethouder%20Hermans%20over%20mobiliteitsplan%20AANGEPAST.pdf","foi_nrPages":6},{"dc_format":"application/pdf","dc_identifier":"nl.gm1954.2c.2021.2831979-2.doc.2","dc_source":"https://api1.ibabs.eu/publicdownload.aspx?site=Beekdaelen&id=1bf55e83-7076-4ae4-b8a6-18f3fe84ef75","dc_title":"Vastgestelde agenda raadsvergadering 13 april 2021","dc_type":"bijlage","foi_fairiscoreVersions":{"v1":1,"v2":1},"foi_fileName":"Vastgestelde%20agenda%20raadsvergadering%2013%20april%202021%20-%20263784.pdf","foi_nrPages":1}],"foi_nrDocuments":2,"foi_nrPagesInDossier":7,"foi_publishedDate":"2021-04-13","foi_retrievedDate":"2026-02-05"},{"dc_creator":"HandelingScraper_v1","dc_date_year":2021,"dc_description":"Vergadering van de Gemeente Beekdaelen op 2021-04-13. Onderdeel: Vaststellen besluitenlijst openbare raadsvergadering d.d. 16 maart 2021.","dc_identifier":"nl.gm1954.2c.2021.2831979-3","dc_publisher":"gm1954","dc_source":"https://beekdaelen.bestuurlijkeinformatie.nl/Agenda/Index/3455b87c-7ae7-4d04-9b87-1575b20858a4","dc_title":"Raadsvergadering 2021-04-13 - Vaststellen besluitenlijst openbare raadsvergadering d.d. 16 maart 2021","dc_type":"2c","dc_type_description":"Vergaderstuk decentrale overheid","foi_fairiscoreVersions":{"v1":1,"v2":1},"foi_files":[{"dc_format":"application/pdf","dc_identifier":"nl.gm1954.2c.2021.2831979-3.doc.1","dc_source":"https://api1.ibabs.eu/publicdownload.aspx?site=Beekdaelen&id=774bbf7a-6c59-42fe-a052-dc131a8c5e4f","dc_title":"Besluitenlijst raadsvergadering 16 maart 2021 vastgesteld 13042021","dc_type":"bijlage","foi_fairiscoreVersions":{"v1":1,"v2":1},"foi_fileName":"Besluitenlijst%20raadsvergadering%2016%20maart%202021.pdf","foi_nrPages":19}],"foi_nrDocuments":1,"foi_nrPagesInDossier":19,"foi_publishedDate":"2021-04-13","foi_retrievedDate":"2026-02-12"},{"dc_creator":"HandelingScraper_v1","dc_date_year":2021,"dc_description":"Vergadering van de Gemeente Beekdaelen op 2021-04-13. Onderdeel: Benoeming en beediging raadscommissieleden namens GroenLinks.","dc_identifier":"nl.gm1954.2c.2021.2831979-4","dc_publisher":"gm1954","dc_source":"https://beekdaelen.bestuurlijkeinformatie.nl/Agenda/Index/3455b87c-7ae7-4d04-9b87-1575b20858a4","dc_title":"Raadsvergadering 2021-04-13 - Benoeming en beediging raadscommissieleden namens GroenLinks","dc_type":"2c","dc_type_description":"Vergaderstuk decentrale overheid","foi_fairiscoreVersions":{"v1":1,"v2":1},"foi_files":[{"dc_format":"application/pdf","dc_identifier":"nl.gm1954.2c.2021.2831979-4.doc.2","dc_source":"https://api1.ibabs.eu/publicdownload.aspx?site=Beekdaelen&id=5c96717f-3b10-4907-af92-0da852064a45","dc_title":"RB inzake benoeming raadscommissieleden GroenLinks vastgesteld 13042021","dc_type":"bijlage","foi_fairiscoreVersions":{"v1":1,"v2":1},"foi_fileName":"RB%20inzake%20benoeming%20raadscommissieleden%20GroenLinks.pdf","foi_nrPages":1},{"dc_format":"application/pdf","dc_identifier":"nl.gm1954.2c.2021.2831979-4.doc.1","dc_source":"https://api1.ibabs.eu/publicdownload.aspx?site=Beekdaelen&id=79e05286-3908-49d2-a83c-bcb856d02635","dc_title":"RV inzake benoeming raadscommissieleden namens GroenLinks","dc_type":"bijlage","foi_fairiscoreVersions":{"v1":1,"v2":1},"foi_fileName":"RV%20inzake%20benoeming%20raadscommissieleden%20namens%20GroenLinks.pdf","foi_nrPages":1}],"foi_nrDocuments":2,"foi_nrPagesInDossier":2,"foi_publishedDate":"2021-04-13","foi_retrievedDate":"2026-02-12"},{"dc_creator":"HandelingScraper_v1","dc_date_year":2021,"dc_description":"Vergadering van de Gemeente Beekdaelen op 2021-04-13. Onderdeel: Eerste begrotingswijziging 2021 GR WSP Parkstad.","dc_identifier":"nl.gm1954.2c.2021.2831979-5","dc_publisher":"gm1954","dc_source":"https://beekdaelen.bestuurlijkeinformatie.nl/Agenda/Index/3455b87c-7ae7-4d04-9b87-1575b20858a4","dc_title":"Raadsvergadering 2021-04-13 - Eerste begrotingswijziging 2021 GR WSP Parkstad","dc_type":"2c","dc_type_description":"Vergaderstuk decentrale overheid","foi_fairiscoreVersions":{"v1":2,"v2":2},"foi_files":[{"dc_format":"application/pdf","dc_identifier":"nl.gm1954.2c.2021.2831979-5.doc.3","dc_source":"https://api1.ibabs.eu/publicdownload.aspx?site=Beekdaelen&id=8469cfb4-eaaf-4295-ad2a-817d3efb3800","dc_title":"Uitgaande brief naar WSP inzake raadsbesluit 13042021 verzonden 15042021","dc_type":"bijlage","foi_fairiscoreVersions":{"v1":1,"v2":1},"foi_fileName":"Uitgaande%20brief%20naar%20WSP%20inzake%20raadsbesluit%2013042021%20verzonden%2015042021.pdf","foi_nrPages":1},{"dc_format":"application/pdf","dc_identifier":"nl.gm1954.2c.2021.2831979-5.doc.1","dc_source":"https://api1.ibabs.eu/publicdownload.aspx?site=Beekdaelen&id=107fb874-db57-4ab0-974e-5e877116c27f","dc_title":"RV inzake eerste begrotingswijziging 2021 GR WSP.","dc_type":"bijlage","foi_fairiscoreVersions":{"v1":1,"v2":1},"foi_fileName":"Z%2F20%2F152928%20-%20255805%20-%20Raadsvoorstel%20eerste%20begrotingswijziging%202021%20GR%20WSP.pdf","foi_nrPages":3},{"dc_format":"application/pdf","dc_identifier":"nl.gm1954.2c.2021.2831979-5.doc.5","dc_source":"https://api1.ibabs.eu/publicdownload.aspx?site=Beekdaelen&id=0f9848ed-ad92-4c96-a0c9-bd0b2e8ccb26","dc_title":"Factsheet Eerste begrotingswijziging 2021 GR WSP","dc_type":"bijlage","foi_fairiscoreVersions":{"v1":5,"v2":5},"foi_fileName":"Z%2F20%2F152928%20-%20255808%20-%20Factsheet%20Eerste%20begrotingswijziging%202021%20GR%20WSP.pdf","foi_nrPages":3},{"dc_format":"application/pdf","dc_identifier":"nl.gm1954.2c.2021.2831979-5.doc.4","dc_source":"https://api1.ibabs.eu/publicdownload.aspx?site=Beekdaelen&id=4f35d31f-8fc1-4d1b-b257-ece807200797","dc_title":"Eerste begrotingswijziging 2021 GR WSP","dc_type":"bijlage","foi_fairiscoreVersions":{"v1":2,"v2":1},"foi_fileName":"Z%2F20%2F152928%20-%20255809%20-%20Eerste%20begrotingswijziging%202021%20GR%20WSP.pdf","foi_nrPages":22},{"dc_format":"application/pdf","dc_identifier":"nl.gm1954.2c.2021.2831979-5.doc.2","dc_source":"https://api1.ibabs.eu/publicdownload.aspx?site=Beekdaelen&id=422754da-75fe-4046-9abe-f9b7828680cf","dc_title":"RB inzake eerste begrotingswijziging 2021 GR WSP vastgesteld 13042021","dc_type":"bijlage","foi_fairiscoreVersions":{"v1":1,"v2":1},"foi_fileName":"Z%2F20%2F152928%20-%20255813%20-%20Raadsbesluit%20Eerste%20begrotingswijziging%202021%20GR%20WSP.pdf","foi_nrPages":1},{"dc_format":"application/pdf","dc_identifier":"nl.gm1954.2c.2021.2831979-5.doc.6","dc_source":"https://api1.ibabs.eu/publicdownload.aspx?site=Beekdaelen&id=54d82c55-72d7-4536-a395-f3949e4a00d7","dc_title":"Uitgaande brief naar WSP inzake raadsbesluit 13 april 2021 VERVALLEN","dc_type":"bijlage","foi_fairiscoreVersions":{"v1":1,"v2":1},"foi_fileName":"Z%2F20%2F152928%20-%20255816%20-%20Uitgaande%20brief%20naar%20WSP%20inzake%20raadsbesluit%2013%20april%202021.pdf","foi_nrPages":1}],"foi_nrDocuments":6,"foi_nrPagesInDossier":31,"foi_publishedDate":"2021-04-13","foi_retrievedDate":"2026-01-22"},{"dc_creator":"HandelingScraper_v1","dc_date_year":2021,"dc_description":"Vergadering van de Gemeente Beekdaelen op 2021-04-13. Onderdeel: Eerste begrotingswijziging 2021 GR WOZL.","dc_identifier":"nl.gm1954.2c.2021.2831979-6","dc_publisher":"gm1954","dc_source":"https://beekdaelen.bestuurlijkeinformatie.nl/Agenda/Index/3455b87c-7ae7-4d04-9b87-1575b20858a4","dc_title":"Raadsvergadering 2021-04-13 - Eerste begrotingswijziging 2021 GR WOZL","dc_type":"2c","dc_type_description":"Vergaderstuk decentrale overheid","foi_fairiscoreVersions":{"v1":2,"v2":2},"foi_files":[{"dc_format":"application/pdf","dc_identifier":"nl.gm1954.2c.2021.2831979-6.doc.3","dc_source":"https://api1.ibabs.eu/publicdownload.aspx?site=Beekdaelen&id=d4abaa44-25b5-43a2-b6cb-bc005db7e729","dc_title":"Uitgaande brief naar WOZL inzake raadsbesluit 13042021 verzonden 15042021","dc_type":"bijlage","foi_fairiscoreVersions":{"v1":1,"v2":1},"foi_fileName":"Uitgaande%20brief%20naar%20WOZL%20inzake%20raadsbesluit%2013042021%20verzonden%2015042021.pdf","foi_nrPages":1},{"dc_format":"application/pdf","dc_identifier":"nl.gm1954.2c.2021.2831979-6.doc.4","dc_source":"https://api1.ibabs.eu/publicdownload.aspx?site=Beekdaelen&id=507fd7f1-0fb3-486a-8166-2647e9d008fc","dc_title":"Eerste begrotingswijziging 2021 GR WOZL","dc_type":"bijlage","foi_fairiscoreVersions":{"v1":2,"v2":1},"foi_fileName":"Z%2F20%2F152926%20-%20255690%20-%20Eerste%20begrotingswijziging%202021%20GR%20WOZL.pdf","foi_nrPages":21},{"dc_format":"application/pdf","dc_identifier":"nl.gm1954.2c.2021.2831979-6.doc.5","dc_source":"https://api1.ibabs.eu/publicdownload.aspx?site=Beekdaelen&id=899fbfec-670c-43f1-882c-421bfb83ad34","dc_title":"Factsheet eerste begrotingswijziging 2021 GR WOZL","dc_type":"bijlage","foi_fairiscoreVersions":{"v1":2,"v2":2},"foi_fileName":"Z%2F20%2F152926%20-%20255691%20-%20Factsheet%20eerste%20begrotingswijziging%202021%20GR%20WOZL.pdf","foi_nrPages":3},{"dc_format":"application/pdf","dc_identifier":"nl.gm1954.2c.2021.2831979-6.doc.1","dc_source":"https://api1.ibabs.eu/publicdownload.aspx?site=Beekdaelen&id=0e05e87c-6a36-4cab-90b2-1dd5633dbcfc","dc_title":"RV Eerste begrotingswijziging 2021 GR WOZL","dc_type":"bijlage","foi_fairiscoreVersions":{"v1":1,"v2":1},"foi_fileName":"Z%2F20%2F152926%20-%20255692%20-%20Raadsvoorstel%20Eerste%20begrotingswijziging%202021%20GR%20WOZL.pdf","foi_nrPages":4},{"dc_format":"application/pdf","dc_identifier":"nl.gm1954.2c.2021.2831979-6.doc.2","dc_source":"https://api1.ibabs.eu/publicdownload.aspx?site=Beekdaelen&id=89fe6842-4ae7-46c0-adc7-4348f169d4dd","dc_title":"RB Eerste begrotingswijziging 2021 WOZL vastgesteld 13042021","dc_type":"bijlage","foi_fairiscoreVersions":{"v1":1,"v2":1},"foi_fileName":"Z%2F20%2F152926%20-%20255793%20-%20Raadsbesluit%20Eerste%20begrotingswijziging%202021%20WOZL.pdf","foi_nrPages":1},{"dc_format":"application/pdf","dc_identifier":"nl.gm1954.2c.2021.2831979-6.doc.6","dc_source":"https://api1.ibabs.eu/publicdownload.aspx?site=Beekdaelen&id=004bf687-84f9-482b-ba21-f8320d525ce3","dc_title":"Uitgaande brief naar WOZL inzake raadsbesluit 13 april 2021 VERVALLEN","dc_type":"bijlage","foi_fairiscoreVersions":{"v1":1,"v2":1},"foi_fileName":"Z%2F20%2F152926%20-%20255794%20-%20Uitgaande%20brief%20naar%20WOZL%20inzake%20raadsbesluit%2013%20april%202021.pdf","foi_nrPages":1}],"foi_nrDocuments":6,"foi_nrPagesInDossier":31,"foi_publishedDate":"2021-04-13","foi_retrievedDate":"2026-02-05"},{"dc_creator":"HandelingScraper_v1","dc_date_year":2021,"dc_description":"Vergadering van de Gemeente Beekdaelen op 2021-04-13. Onderdeel: Jaarrekening GR Vixia 2019-2020.","dc_identifier":"nl.gm1954.2c.2021.2831979-7","dc_publisher":"gm1954","dc_source":"https://beekdaelen.bestuurlijkeinformatie.nl/Agenda/Index/3455b87c-7ae7-4d04-9b87-1575b20858a4","dc_title":"Raadsvergadering 2021-04-13 - Jaarrekening GR Vixia 2019-2020","dc_type":"2c","dc_type_description":"Vergaderstuk decentrale overheid","foi_fairiscoreVersions":{"v1":2,"v2":1},"foi_files":[{"dc_format":"application/pdf","dc_identifier":"nl.gm1954.2c.2021.2831979-7.doc.1","dc_source":"https://api1.ibabs.eu/publicdownload.aspx?site=Beekdaelen&id=8502440b-3732-48e2-be51-e9a32a9b52fd","dc_title":"RV inzake Jaarrekening 2019-2020 GR Vixia.","dc_type":"bijlage","foi_fairiscoreVersions":{"v1":1,"v2":1},"foi_fileName":"Z%2F19%2F135112%20-%20256570%20-%20Jaarrekening%202019-2020%20GR%20Vixia.pdf","foi_nrPages":6},{"dc_format":"application/pdf","dc_identifier":"nl.gm1954.2c.2021.2831979-7.doc.2","dc_source":"https://api1.ibabs.eu/publicdownload.aspx?site=Beekdaelen&id=9e7b1973-e94f-4059-a438-265b27269667","dc_title":"RB inzake Jaarrekening 2019-2020 GR Vixia vastgesteld 13042021","dc_type":"bijlage","foi_fairiscoreVersions":{"v1":2,"v2":1},"foi_fileName":"Z%2F19%2F135112%20-%20256950%20-%20Jaarrekening%202019-2020%20GR%20vixia.pdf","foi_nrPages":2}],"foi_nrDocuments":2,"foi_nrPagesInDossier":8,"foi_publishedDate":"2021-04-13","foi_retrievedDate":"2026-03-10"},{"dc_creator":"HandelingScraper_v1","dc_date_year":2021,"dc_description":"Vergadering van de Gemeente Beekdaelen op 2021-04-13. Onderdeel: P&C applicatie.","dc_identifier":"nl.gm1954.2c.2021.2831979-8","dc_publisher":"gm1954","dc_source":"https://beekdaelen.bestuurlijkeinformatie.nl/Agenda/Index/3455b87c-7ae7-4d04-9b87-1575b20858a4","dc_title":"Raadsvergadering 2021-04-13 - P&C applicatie","dc_type":"2c","dc_type_description":"Vergaderstuk decentrale overheid","foi_fairiscoreVersions":{"v1":2,"v2":2},"foi_files":[{"dc_format":"application/pdf","dc_identifier":"nl.gm1954.2c.2021.2831979-8.doc.2","dc_source":"https://api1.ibabs.eu/publicdownload.aspx?site=Beekdaelen&id=b7b1d8df-f7bc-4a43-a84d-96c651c9440c","dc_title":"RB inzake P&C applicatie vastgesteld 13042021","dc_type":"bijlage","foi_fairiscoreVersions":{"v1":1,"v2":1},"foi_fileName":"Z%2F21%2F154545%20-%20257604%20-%20P%26C%20applicatie.pdf","foi_nrPages":1},{"dc_format":"application/pdf","dc_identifier":"nl.gm1954.2c.2021.2831979-8.doc.1","dc_source":"https://api1.ibabs.eu/publicdownload.aspx?site=Beekdaelen&id=6ce04ac6-8eaf-4e9d-9a29-8a36dfd16631","dc_title":"RV inzake P&C applicatie","dc_type":"bijlage","foi_fairiscoreVersions":{"v1":1,"v2":1},"foi_fileName":"Z%2F21%2F154545%20-%20258825%20-%20P%26C%20applicatie.pdf","foi_nrPages":5},{"dc_format":"application/pdf","dc_identifier":"nl.gm1954.2c.2021.2831979-8.doc.3","dc_source":"https://api1.ibabs.eu/publicdownload.aspx?site=Beekdaelen&id=c2de4219-9d91-4405-8596-8428a4766c6a","dc_title":"Bijlage - Presentatie P&C applicatie","dc_type":"bijlage","foi_fairiscoreVersions":{"v1":2,"v2":2},"foi_fileName":"Z%2F21%2F154545%20-%20261883%20-%20Presentatie%20P%26C%20applicatie.pdf","foi_nrPages":6}],"foi_nrDocuments":3,"foi_nrPagesInDossier":12,"foi_publishedDate":"2021-04-13","foi_retrievedDate":"2026-02-05"},{"dc_creator":"HandelingScraper_v1","dc_date_year":2021,"dc_description":"Vergadering van de Gemeente Beekdaelen op 2021-04-13. Onderdeel: Aanvraag VVGB - Omgevingsvergunning om de woning op Wolfhagen 123 in Schinnen te gebruiken als recreatiewoning.","dc_identifier":"nl.gm1954.2c.2021.2831979-9","dc_publisher":"gm1954","dc_source":"https://beekdaelen.bestuurlijkeinformatie.nl/Agenda/Index/3455b87c-7ae7-4d04-9b87-1575b20858a4","dc_title":"Raadsvergadering 2021-04-13 - Aanvraag VVGB - Omgevingsvergunning om de woning op Wolfhagen 123 in Schinnen te gebruiken als recreatiewoning","dc_type":"2c","dc_type_description":"Vergaderstuk decentrale overheid","foi_fairiscoreVersions":{"v1":2,"v2":1},"foi_files":[{"dc_format":"application/pdf","dc_identifier":"nl.gm1954.2c.2021.2831979-9.doc.4","dc_source":"https://api1.ibabs.eu/publicdownload.aspx?site=Beekdaelen&id=b2ab93cb-1fcb-4b51-a5d9-b5ce81e0d3d3","dc_title":"Aanvraag omgevingsvergunning Wolfhagen 121-123","dc_type":"bijlage","foi_fairiscoreVersions":{"v1":1,"v2":1},"foi_fileName":"Aanvraag%20omgevingsvergunning%20Wolfhagen%20121-123.pdf","foi_nrPages":10},{"dc_format":"application/pdf","dc_identifier":"nl.gm1954.2c.2021.2831979-9.doc.3","dc_source":"https://api1.ibabs.eu/publicdownload.aspx?site=Beekdaelen&id=e05dc751-8837-43f0-b27b-9b8335d8bbe7","dc_title":"Ruimtelijke onderbouwing","dc_type":"bijlage","foi_fairiscoreVersions":{"v1":1,"v2":1},"foi_fileName":"Bijlage%204%20-%20Ruimtelijke%20onderbouwing.pdf","foi_nrPages":17},{"dc_format":"application/pdf","dc_identifier":"nl.gm1954.2c.2021.2831979-9.doc.5","dc_source":"https://api1.ibabs.eu/publicdownload.aspx?site=Beekdaelen&id=4ab1a6c7-addb-4c2c-8963-764378ee4cf4","dc_title":"Principebesluit Gemeente Beekdaelen 7-4-2020","dc_type":"bijlage","foi_fairiscoreVersions":{"v1":2,"v2":1},"foi_fileName":"Bijlage%205%20-%20Principebesluit%20Gemeente%20Beekdaelen%207-4-2020.pdf","foi_nrPages":14},{"dc_format":"application/pdf","dc_identifier":"nl.gm1954.2c.2021.2831979-9.doc.2","dc_source":"https://api1.ibabs.eu/publicdownload.aspx?site=Beekdaelen&id=acf855be-c8e1-4079-8769-70bc4a80a140","dc_title":"Rb VVGB omgevingsvergunning Wolfhagen 121-123 in Schinnen vastgesteld 13042021","dc_type":"bijlage","foi_fairiscoreVersions":{"v1":1,"v2":1},"foi_fileName":"Raadsbesluit%20-%20VVGB%20omgevingsvergunning%20Wolfhagen%20121-123%20in%20Schinnen.pdf","foi_nrPages":1},{"dc_format":"application/pdf","dc_identifier":"nl.gm1954.2c.2021.2831979-9.doc.1","dc_source":"https://api1.ibabs.eu/publicdownload.aspx?site=Beekdaelen&id=a1627df4-e7c6-40db-ae38-77423e8bcba0","dc_title":"Rv VVGB omgevingsvergunning Wolfhagen 121-123 in Schinnen","dc_type":"bijlage","foi_fairiscoreVersions":{"v1":1,"v2":1},"foi_fileName":"Raadsvoorstel%20-%20VVGB%20omgevingsvergunning%20Wolfhagen%20121-123%20in%20Schinnen.pdf","foi_nrPages":3}],"foi_nrDocuments":5,"foi_nrPagesInDossier":45,"foi_publishedDate":"2021-04-13","foi_retrievedDate":"2025-11-30"},{"dc_creator":"HandelingScraper_v1","dc_date_year":2021,"dc_description":"Vergadering van de Gemeente Beekdaelen op 2021-04-28. Onderdeel: Algemeen.","dc_identifier":"nl.gm1954.2c.2021.2832006-1","dc_publisher":"gm1954","dc_source":"https://beekdaelen.bestuurlijkeinformatie.nl/Agenda/Index/fd620bf6-b7f6-4f56-81c7-5f09dd061d1c","dc_title":"Gecombineerde commissie (t/m april 2022) 2021-04-28 - Algemeen","dc_type":"2c","dc_type_description":"Vergaderstuk decentrale overheid","foi_fairiscoreVersions":{"v1":1,"v2":1},"foi_files":[{"dc_format":"application/pdf","dc_identifier":"nl.gm1954.2c.2021.2832006-1.doc.4","dc_source":"https://api1.ibabs.eu/publicdownload.aspx?site=Beekdaelen&id=b2f269e2-498f-4945-b85e-e3d3f6f23592","dc_title":"Technische voorvragen BL gecomb. cie 28 april 2021","dc_type":"bijlage","foi_fairiscoreVersions":{"v1":1,"v2":1},"foi_fileName":"Technische%20voorvragen%20BL%20gecomb.%20cie%2028%20april%202021.pdf","foi_nrPages":1},{"dc_format":"application/pdf","dc_identifier":"nl.gm1954.2c.2021.2832006-1.doc.5","dc_source":"https://api1.ibabs.eu/publicdownload.aspx?site=Beekdaelen&id=7f0c6c73-ac5f-4973-acae-792940a56b18","dc_title":"Technische voorvragen BL gecomb. cie 28 april 2021 - deel 2","dc_type":"bijlage","foi_fairiscoreVersions":{"v1":1,"v2":1},"foi_fileName":"Technische%20voorvragen%20BL%20gecomb.%20cie%2028%20april%202021%20-%20deel%202.pdf","foi_nrPages":1},{"dc_format":"application/pdf","dc_identifier":"nl.gm1954.2c.2021.2832006-1.doc.1","dc_source":"https://api1.ibabs.eu/publicdownload.aspx?site=Beekdaelen&id=46afd41b-cae1-4186-a2d6-18e10f1a3fc0","dc_title":"Technische voorvragen CDA gecomb. cie 28 april 2021","dc_type":"bijlage","foi_fairiscoreVersions":{"v1":1,"v2":1},"foi_fileName":"Technische%20voorvragen%20CDA%20gecomb.%20cie%2028%20april%202021.pdf","foi_nrPages":1},{"dc_format":"application/pdf","dc_identifier":"nl.gm1954.2c.2021.2832006-1.doc.2","dc_source":"https://api1.ibabs.eu/publicdownload.aspx?site=Beekdaelen&id=7b92e856-ca68-437b-952e-b067c7d7ea88","dc_title":"Technische voorvragen CDA gecomb. cie 28 april 2021 - deel 2","dc_type":"bijlage","foi_fairiscoreVersions":{"v1":1,"v2":1},"foi_fileName":"Technische%20voorvragen%20CDA%20gecomb.%20cie%2028%20april%202021%20-%20deel%202.pdf","foi_nrPages":1},{"dc_format":"application/pdf","dc_identifier":"nl.gm1954.2c.2021.2832006-1.doc.6","dc_source":"https://api1.ibabs.eu/publicdownload.aspx?site=Beekdaelen&id=c954a8ff-48ed-46b1-99b8-51ea37be7e5c","dc_title":"Technische voorvragen GL gecomb. cie 28 april 2021","dc_type":"bijlage","foi_fairiscoreVersions":{"v1":1,"v2":1},"foi_fileName":"Technische%20voorvragen%20GL%20gecomb.%20cie%2028%20april%202021.pdf","foi_nrPages":3},{"dc_format":"application/pdf","dc_identifier":"nl.gm1954.2c.2021.2832006-1.doc.7","dc_source":"https://api1.ibabs.eu/publicdownload.aspx?site=Beekdaelen&id=f74367c0-a593-458f-85f2-2856d8359614","dc_title":"Technische voorvragen PvdA gecomb. cie 28 april 2021","dc_type":"bijlage","foi_fairiscoreVersions":{"v1":1,"v2":1},"foi_fileName":"Technische%20voorvragen%20PvdA%20gecomb.%20cie%2028%20april%202021.pdf","foi_nrPages":1},{"dc_format":"application/pdf","dc_identifier":"nl.gm1954.2c.2021.2832006-1.doc.3","dc_source":"https://api1.ibabs.eu/publicdownload.aspx?site=Beekdaelen&id=7d733ef9-8e61-41f5-bdad-61377206b781","dc_title":"Technische voorvragen VG gecomb. cie 28 april 2021","dc_type":"bijlage","foi_fairiscoreVersions":{"v1":1,"v2":1},"foi_fileName":"Technische%20voorvragen%20VG%20gecomb.%20cie%2028%20april%202021.pdf","foi_nrPages":3}],"foi_nrDocuments":7,"foi_nrPagesInDossier":11,"foi_publishedDate":"2021-04-28","foi_retrievedDate":"2026-02-06"},{"dc_creator":"HandelingScraper_v1","dc_date_year":2021,"dc_description":"Vergadering van de Gemeente Beekdaelen op 2021-04-28. Onderdeel: Voorstel inzake Gemeentelijke Ombudscommissie.","dc_identifier":"nl.gm1954.2c.2021.2832006-10","dc_publisher":"gm1954","dc_source":"https://beekdaelen.bestuurlijkeinformatie.nl/Agenda/Index/fd620bf6-b7f6-4f56-81c7-5f09dd061d1c","dc_title":"Gecombineerde commissie (t/m april 2022) 2021-04-28 - Voorstel inzake Gemeentelijke Ombudscommissie","dc_type":"2c","dc_type_description":"Vergaderstuk decentrale overheid","foi_fairiscoreVersions":{"v1":1,"v2":1},"foi_files":[{"dc_format":"application/pdf","dc_identifier":"nl.gm1954.2c.2021.2832006-10.doc.5","dc_source":"https://api1.ibabs.eu/publicdownload.aspx?site=Beekdaelen&id=02ed0e33-8a0a-4ca0-a5ff-b84a528d3c0d","dc_title":"MvA technische voorvragen commissie - CDA inzake ombudscommissie","dc_type":"bijlage","foi_fairiscoreVersions":{"v1":1,"v2":1},"foi_fileName":"Format%20Memorie%20van%20Antwoord%20technische%20voorvragen%20commissie%20-%20CDA.pdf","foi_nrPages":4},{"dc_format":"application/pdf","dc_identifier":"nl.gm1954.2c.2021.2832006-10.doc.6","dc_source":"https://api1.ibabs.eu/publicdownload.aspx?site=Beekdaelen&id=4571ab27-bd45-4beb-be68-895571e66fdb","dc_title":"MvA technische voorvragen commissie - GroenLinks inzake ombudscommissie","dc_type":"bijlage","foi_fairiscoreVersions":{"v1":1,"v2":1},"foi_fileName":"Format%20Memorie%20van%20Antwoord%20technische%20voorvragen%20commissie%20-%20GroenLinks.pdf","foi_nrPages":2},{"dc_format":"application/pdf","dc_identifier":"nl.gm1954.2c.2021.2832006-10.doc.7","dc_source":"https://api1.ibabs.eu/publicdownload.aspx?site=Beekdaelen&id=9c9e3437-80e0-45f1-b3ef-ac8a7ee646bb","dc_title":"MvA technische voorvragen commissie - Vernieuwingsgroep inzake ombudscommissie","dc_type":"bijlage","foi_fairiscoreVersions":{"v1":1,"v2":1},"foi_fileName":"Format%20Memorie%20van%20Antwoord%20technische%20voorvragen%20commissie%20-%20Vernieuwingsgroep.pdf","foi_nrPages":1},{"dc_format":"application/pdf","dc_identifier":"nl.gm1954.2c.2021.2832006-10.doc.1","dc_source":"https://api1.ibabs.eu/publicdownload.aspx?site=Beekdaelen&id=b351d34b-9dfe-4caf-872f-a7a79aafa861","dc_title":"Raadsvoorstel Gemeentelijke ombudscommissie","dc_type":"bijlage","foi_fairiscoreVersions":{"v1":1,"v2":1},"foi_fileName":"Z%2F21%2F155927%20-%20260640%20-%20Gemeentelijke%20ombudscommissie.pdf","foi_nrPages":3},{"dc_format":"application/pdf","dc_identifier":"nl.gm1954.2c.2021.2832006-10.doc.2","dc_source":"https://api1.ibabs.eu/publicdownload.aspx?site=Beekdaelen&id=bcd7d7df-792e-4cc2-8e19-03ec27704082","dc_title":"Raadsbesluit Gemeentelijke ombudscommissie","dc_type":"bijlage","foi_fairiscoreVersions":{"v1":1,"v2":1},"foi_fileName":"Z%2F21%2F155927%20-%20260647%20-%20Gemeentelijke%20ombudscommissie.pdf","foi_nrPages":1},{"dc_format":"application/pdf","dc_identifier":"nl.gm1954.2c.2021.2832006-10.doc.3","dc_source":"https://api1.ibabs.eu/publicdownload.aspx?site=Beekdaelen&id=afa4b21d-fcd8-4811-ae85-d58a79ade562","dc_title":"Geschillenregeling Wnra","dc_type":"bijlage","foi_fairiscoreVersions":{"v1":1,"v2":1},"foi_fileName":"Z%2F21%2F155927%20-%20260648%20-%20Geschillenregeling%20Wnra.pdf","foi_nrPages":4},{"dc_format":"application/pdf","dc_identifier":"nl.gm1954.2c.2021.2832006-10.doc.4","dc_source":"https://api1.ibabs.eu/publicdownload.aspx?site=Beekdaelen&id=0785c031-c059-43e7-80b5-1d3178cdfed7","dc_title":"Richtlijn klachtbehandeling gemeente Beekdaelen","dc_type":"bijlage","foi_fairiscoreVersions":{"v1":1,"v2":1},"foi_fileName":"Z%2F21%2F155927%20-%20260651%20-%20Richtlijn%20klachtbehandeling%20gemeente%20Beekdaelen.pdf","foi_nrPages":4}],"foi_nrDocuments":7,"foi_nrPagesInDossier":19,"foi_publishedDate":"2021-04-28","foi_retrievedDate":"2026-03-05"},{"dc_creator":"HandelingScraper_v1","dc_date_year":2021,"dc_description":"Vergadering van de Gemeente Beekdaelen op 2021-04-28. Onderdeel: Voorstel inzake financi\u00eble stukken GR Gegevenshuis 2021.","dc_identifier":"nl.gm1954.2c.2021.2832006-11","dc_publisher":"gm1954","dc_source":"https://beekdaelen.bestuurlijkeinformatie.nl/Agenda/Index/fd620bf6-b7f6-4f56-81c7-5f09dd061d1c","dc_title":"Gecombineerde commissie (t/m april 2022) 2021-04-28 - Voorstel inzake financi\u00eble stukken GR Gegevenshuis 2021","dc_type":"2c","dc_type_description":"Vergaderstuk decentrale overheid","foi_fairiscoreVersions":{"v1":null,"v2":null},"foi_files":[{"dc_format":"application/pdf","dc_identifier":"nl.gm1954.2c.2021.2832006-11.doc.7","dc_source":"https://api1.ibabs.eu/publicdownload.aspx?site=Beekdaelen&id=f9cba2e8-bc4b-42ef-9ff4-35ec539b2786","dc_title":"MvA technische vragen CDA cie. 28042021 - D3 GR Gegevenshuis","dc_type":"bijlage","foi_fileName":"Memorie%20van%20Antwoord%20CDA%20cie.%2028042021%20-%20D3.pdf"},{"dc_format":"application/pdf","dc_identifier":"nl.gm1954.2c.2021.2832006-11.doc.8","dc_source":"https://api1.ibabs.eu/publicdownload.aspx?site=Beekdaelen&id=c1b00d20-2e3d-4205-8d7f-6cb8e38abe2e","dc_title":"MvA technische vragen VG cie. 28042021 - D3 GR Gegevenshuis","dc_type":"bijlage","foi_fileName":"Memorie%20van%20Antwoord%20VG%20cie.%2028042021%20-%20D3.pdf"},{"dc_format":"application/pdf","dc_identifier":"nl.gm1954.2c.2021.2832006-11.doc.9","dc_source":"https://api1.ibabs.eu/publicdownload.aspx?site=Beekdaelen&id=6f604823-765f-4481-a9fb-03bef02b483f","dc_title":"Toelichting over werkzaamheden Het Gegevenshuis voor de gemeente Beekdaelen","dc_type":"bijlage","foi_fileName":"Toelichting%20over%20werkzaamheden%20Het%20Gegevenshuis%20voor%20de%20gemeente%20Beekdaelen.pdf"},{"dc_format":"application/pdf","dc_identifier":"nl.gm1954.2c.2021.2832006-11.doc.1","dc_source":"https://api1.ibabs.eu/publicdownload.aspx?site=Beekdaelen&id=6370192e-a4e6-4524-84cc-0cbfdba663ad","dc_title":"RV jaarrekening 2020 en begroting 2021, 2022 - 2025 GR Gegevenshuis","dc_type":"bijlage","foi_fileName":"Z%2F21%2F155356%20-%20261780%20-%205.pdf"},{"dc_format":"application/pdf","dc_identifier":"nl.gm1954.2c.2021.2832006-11.doc.2","dc_source":"https://api1.ibabs.eu/publicdownload.aspx?site=Beekdaelen&id=c7a0d6aa-de66-4763-bc5b-a1bcae8a7e10","dc_title":"RB jaarrekening 2020 en begroting 2021, 2022 - 2025 GR Gegevenshuis - vastgesteld 18052021","dc_type":"bijlage","foi_fileName":"Z%2F21%2F155356%20-%20261781%20-%206.pdf"},{"dc_format":"application/pdf","dc_identifier":"nl.gm1954.2c.2021.2832006-11.doc.3","dc_source":"https://api1.ibabs.eu/publicdownload.aspx?site=Beekdaelen&id=7d37a4de-bd74-46ea-81e0-9491a4eaa315","dc_title":"1. Jaarrekening 2020","dc_type":"bijlage","foi_fileName":"Z%2F21%2F155356%20-%20262155%20-%201.pdf"},{"dc_format":"application/pdf","dc_identifier":"nl.gm1954.2c.2021.2832006-11.doc.4","dc_source":"https://api1.ibabs.eu/publicdownload.aspx?site=Beekdaelen&id=6ed692b9-0bc3-4b46-9999-0d896f5e9689","dc_title":"2. Bijgestelde begroting 2021","dc_type":"bijlage","foi_fileName":"Z%2F21%2F155356%20-%20262155%20-%202.pdf"},{"dc_format":"application/pdf","dc_identifier":"nl.gm1954.2c.2021.2832006-11.doc.5","dc_source":"https://api1.ibabs.eu/publicdownload.aspx?site=Beekdaelen&id=d8095004-35e8-443e-8f81-d7e4cdc42d7c","dc_title":"3. Begroting 2022 - meerjarenraming","dc_type":"bijlage","foi_fileName":"Z%2F21%2F155356%20-%20262155%20-%203.pdf"},{"dc_format":"application/pdf","dc_identifier":"nl.gm1954.2c.2021.2832006-11.doc.6","dc_source":"https://api1.ibabs.eu/publicdownload.aspx?site=Beekdaelen&id=96ee6a94-1519-4ab9-8514-437ad2a2f8a3","dc_title":"4. Brief GR Gegevenshuis inzake aanbieden financi\u00eble stukken","dc_type":"bijlage","foi_fileName":"Z%2F21%2F155356%20-%20262155%20-%204.pdf"}],"foi_nrDocuments":9,"foi_nrPagesInDossier":0,"foi_publishedDate":"2021-04-28","foi_retrievedDate":"2025-11-30"},{"dc_creator":"HandelingScraper_v1","dc_date_year":2021,"dc_description":"Vergadering van de Gemeente Beekdaelen op 2021-04-28. Onderdeel: Agenderingsverzoek PvdA inzake uitbesteding schoonmaak.","dc_identifier":"nl.gm1954.2c.2021.2832006-12","dc_publisher":"gm1954","dc_source":"https://beekdaelen.bestuurlijkeinformatie.nl/Agenda/Index/fd620bf6-b7f6-4f56-81c7-5f09dd061d1c","dc_title":"Gecombineerde commissie (t/m april 2022) 2021-04-28 - Agenderingsverzoek PvdA inzake uitbesteding schoonmaak","dc_type":"2c","dc_type_description":"Vergaderstuk decentrale overheid","foi_fairiscoreVersions":{"v1":1,"v2":1},"foi_files":[{"dc_format":"application/pdf","dc_identifier":"nl.gm1954.2c.2021.2832006-12.doc.1","dc_source":"https://api1.ibabs.eu/publicdownload.aspx?site=Beekdaelen&id=8028f734-cf2b-4bf9-aae5-683bcff1279e","dc_title":"Agenderingsverzoek PvdA inzake uitbesteding schoonmaak tb.v. gecomb. raadscie 28 april 2021","dc_type":"bijlage","foi_fairiscoreVersions":{"v1":1,"v2":1},"foi_fileName":"Agenderingsverzoek%20PvdA%20inzake%20uitbesteding%20schoonmaak%20tb.v.%20gecomb.%20raadscie%2028%20april%202021.pdf","foi_nrPages":2},{"dc_format":"application/pdf","dc_identifier":"nl.gm1954.2c.2021.2832006-12.doc.2","dc_source":"https://api1.ibabs.eu/publicdownload.aspx?site=Beekdaelen&id=694557cf-857f-496d-9cf8-47efac0434d4","dc_title":"Memo agenderingsverzoek PvdA inzake uitbesteding schoonmaak","dc_type":"bijlage","foi_fairiscoreVersions":{"v1":1,"v2":1},"foi_fileName":"Memo%20agenderingsverzoek%20PvdA%20inzake%20uitbesteding%20schoonmaak.pdf","foi_nrPages":3}],"foi_nrDocuments":2,"foi_nrPagesInDossier":5,"foi_publishedDate":"2021-04-28","foi_retrievedDate":"2026-02-05"},{"dc_creator":"HandelingScraper_v1","dc_date_year":2021,"dc_description":"Vergadering van de Gemeente Beekdaelen op 2021-04-28. Onderdeel: Voorstel inzake begrotingswijziging project \"Aanpak wateroverlast Aalbeek fase 2\".","dc_identifier":"nl.gm1954.2c.2021.2832006-13","dc_publisher":"gm1954","dc_source":"https://beekdaelen.bestuurlijkeinformatie.nl/Agenda/Index/fd620bf6-b7f6-4f56-81c7-5f09dd061d1c","dc_title":"Gecombineerde commissie (t/m april 2022) 2021-04-28 - Voorstel inzake begrotingswijziging project \"Aanpak wateroverlast Aalbeek fase 2\"","dc_type":"2c","dc_type_description":"Vergaderstuk decentrale overheid","foi_fairiscoreVersions":{"v1":1,"v2":1},"foi_files":[{"dc_format":"application/pdf","dc_identifier":"nl.gm1954.2c.2021.2832006-13.doc.5","dc_source":"https://api1.ibabs.eu/publicdownload.aspx?site=Beekdaelen&id=ff54d72f-7f4f-414b-b8f2-4a9e4b3559e1","dc_title":"BIJLAGE- ONTWERP DEEL 2","dc_type":"bijlage","foi_fairiscoreVersions":{"v1":1,"v2":1},"foi_fileName":"BIJLAGE%20BIJ%20RAADSVOORSTEL-%20ONTWERP%20DEEL%202.pdf","foi_nrPages":1},{"dc_format":"application/pdf","dc_identifier":"nl.gm1954.2c.2021.2832006-13.doc.3","dc_source":"https://api1.ibabs.eu/publicdownload.aspx?site=Beekdaelen&id=a0b7059d-b035-4368-be00-5e46143ece98","dc_title":"BIJLAGE- BEGROTINGSWIJZIGING 5.1","dc_type":"bijlage","foi_fairiscoreVersions":{"v1":1,"v2":1},"foi_fileName":"Bijlage%20bij%20Raadsvoorstel-begrotingswijziging%205.1.pdf","foi_nrPages":1},{"dc_format":"application/pdf","dc_identifier":"nl.gm1954.2c.2021.2832006-13.doc.4","dc_source":"https://api1.ibabs.eu/publicdownload.aspx?site=Beekdaelen&id=2a4069f7-0d8b-474b-a01f-484ef2f257af","dc_title":"BIJLAGE- ONTWERP DEEL 1","dc_type":"bijlage","foi_fairiscoreVersions":{"v1":1,"v2":1},"foi_fileName":"BIJLAGE%20BIJ%20RAADSVOORSTEL-ONTWERP%20DEEL%201.pdf","foi_nrPages":1},{"dc_format":"application/pdf","dc_identifier":"nl.gm1954.2c.2021.2832006-13.doc.2","dc_source":"https://api1.ibabs.eu/publicdownload.aspx?site=Beekdaelen&id=c4a7577b-d0f5-4edf-b02b-fc6c1cef6278","dc_title":"Raadsbesluit inzake project aanpak wateroverlast Aalbeek fase 2 - vastgesteld 18052021","dc_type":"bijlage","foi_fairiscoreVersions":{"v1":1,"v2":1},"foi_fileName":"Concept%20Raadsbesluit%20Aalbeek.pdf","foi_nrPages":1},{"dc_format":"application/pdf","dc_identifier":"nl.gm1954.2c.2021.2832006-13.doc.9","dc_source":"https://api1.ibabs.eu/publicdownload.aspx?site=Beekdaelen&id=c0267cfc-b08c-44fa-a353-87b0e77bbaf4","dc_title":"MvA technische voorvragen CDA cie. 28042021 - F1 wateroverlast Aalbeek","dc_type":"bijlage","foi_fairiscoreVersions":{"v1":1,"v2":1},"foi_fileName":"F.1%20MvA%20technische%20voorvragen%20CDA%20over%20Aanpak%20wateroverlast%20Aalbeek%20fase%202.pdf","foi_nrPages":2},{"dc_format":"application/pdf","dc_identifier":"nl.gm1954.2c.2021.2832006-13.doc.6","dc_source":"https://api1.ibabs.eu/publicdownload.aspx?site=Beekdaelen&id=35383f45-3583-4c42-8ecf-f4cefabf8c86","dc_title":"Mva technische vragen BL 28042021 - F1 wateroverlast Aalbeek","dc_type":"bijlage","foi_fairiscoreVersions":{"v1":1,"v2":1},"foi_fileName":"Memorie%20van%20Antwoord%20BL%2028042021%20-%20F1.pdf","foi_nrPages":2},{"dc_format":"application/pdf","dc_identifier":"nl.gm1954.2c.2021.2832006-13.doc.7","dc_source":"https://api1.ibabs.eu/publicdownload.aspx?site=Beekdaelen&id=b9602b19-9b4e-4a26-a816-f6831002e266","dc_title":"MvA technische vragen GL cie. 28042021 - F1 wateroverlast Aalbeek","dc_type":"bijlage","foi_fairiscoreVersions":{"v1":1,"v2":1},"foi_fileName":"Memorie%20van%20Antwoord%20GL%20cie.%2028042021%20-%20F1.pdf","foi_nrPages":2},{"dc_format":"application/pdf","dc_identifier":"nl.gm1954.2c.2021.2832006-13.doc.8","dc_source":"https://api1.ibabs.eu/publicdownload.aspx?site=Beekdaelen&id=c7165898-51d4-4d87-94eb-76452dce2f7e","dc_title":"MvA technische vragen VG cie. 28042021 - F1 wateroverlast Aalbeek","dc_type":"bijlage","foi_fairiscoreVersions":{"v1":1,"v2":1},"foi_fileName":"Memorie%20van%20Antwoord%20VG%20cie.%2028042021%20-%20F1.pdf","foi_nrPages":1},{"dc_format":"application/pdf","dc_identifier":"nl.gm1954.2c.2021.2832006-13.doc.1","dc_source":"https://api1.ibabs.eu/publicdownload.aspx?site=Beekdaelen&id=3d483ac9-6b09-4dbc-a86d-c8bb7a90552c","dc_title":"Raadsvoorstel inzake project aanpak wateroverlast Aalbeek fase 2","dc_type":"bijlage","foi_fairiscoreVersions":{"v1":1,"v2":1},"foi_fileName":"Raadsvoorstel%20Aalbeek.pdf","foi_nrPages":5}],"foi_nrDocuments":9,"foi_nrPagesInDossier":16,"foi_publishedDate":"2021-04-28","foi_retrievedDate":"2026-02-05"},{"dc_creator":"HandelingScraper_v1","dc_date_year":2021,"dc_description":"Vergadering van de Gemeente Beekdaelen op 2021-04-28. Onderdeel: Rondvraag Cluster Ruimte.","dc_identifier":"nl.gm1954.2c.2021.2832006-14","dc_publisher":"gm1954","dc_source":"https://beekdaelen.bestuurlijkeinformatie.nl/Agenda/Index/fd620bf6-b7f6-4f56-81c7-5f09dd061d1c","dc_title":"Gecombineerde commissie (t/m april 2022) 2021-04-28 - Rondvraag Cluster Ruimte","dc_type":"2c","dc_type_description":"Vergaderstuk decentrale overheid","foi_fairiscoreVersions":{"v1":1,"v2":1},"foi_files":[{"dc_format":"application/pdf","dc_identifier":"nl.gm1954.2c.2021.2832006-14.doc.4","dc_source":"https://api1.ibabs.eu/publicdownload.aspx?site=Beekdaelen&id=38fe3b66-153e-42c4-9d99-2fd3212caa96","dc_title":"G MvA technische voorvragen GL cie. 28042021 - Rondvraag ruimte","dc_type":"bijlage","foi_fairiscoreVersions":{"v1":1,"v2":1},"foi_fileName":"G%20MvA%20technische%20voorvragen%20GL%20cie.%2028042021%20-%20Rondvraag%20ruimte.pdf","foi_nrPages":1},{"dc_format":"application/pdf","dc_identifier":"nl.gm1954.2c.2021.2832006-14.doc.2","dc_source":"https://api1.ibabs.eu/publicdownload.aspx?site=Beekdaelen&id=3fc44d83-5fd5-4524-95b9-bb398e8dda3b","dc_title":"Memorie van Antwoord vragen D66 cie. 28042021 - rondvraag","dc_type":"bijlage","foi_fairiscoreVersions":{"v1":1,"v2":1},"foi_fileName":"Memorie%20van%20Antwoord%20vragen%20D66%20cie.%2028042021%20-%20rondvraag.pdf","foi_nrPages":2},{"dc_format":"application/pdf","dc_identifier":"nl.gm1954.2c.2021.2832006-14.doc.3","dc_source":"https://api1.ibabs.eu/publicdownload.aspx?site=Beekdaelen&id=d98ea67a-e102-426f-b065-9bf3bcefbc54","dc_title":"Vragen fractie CDA tbv rondvraag cluster ruimte d.d. 28 april 2021","dc_type":"bijlage","foi_fairiscoreVersions":{"v1":1,"v2":1},"foi_fileName":"Vragen%20fractie%20CDA%20tbv%20rondvraag%20cluster%20ruimte.pdf","foi_nrPages":1},{"dc_format":"application/pdf","dc_identifier":"nl.gm1954.2c.2021.2832006-14.doc.1","dc_source":"https://api1.ibabs.eu/publicdownload.aspx?site=Beekdaelen&id=f8a77d24-8821-47d4-a5e7-d6c1fe081f29","dc_title":"Vragen fractie D66 tbv rondvraag cluster ruimte d.d. 28 april 2021","dc_type":"bijlage","foi_fairiscoreVersions":{"v1":1,"v2":1},"foi_fileName":"Vragen%20fractie%20D66%20tbv%20rondvraag%20cluster%20ruimte%20d.d.%2028%20april%202021.pdf","foi_nrPages":1}],"foi_nrDocuments":4,"foi_nrPagesInDossier":5,"foi_publishedDate":"2021-04-28","foi_retrievedDate":"2026-03-04"},{"dc_creator":"HandelingScraper_v1","dc_date_year":2021,"dc_description":"Vergadering van de Gemeente Beekdaelen op 2021-04-28. Onderdeel: Opening, mededelingen voorzitter en vaststellen agenda.","dc_identifier":"nl.gm1954.2c.2021.2832006-2","dc_publisher":"gm1954","dc_source":"https://beekdaelen.bestuurlijkeinformatie.nl/Agenda/Index/fd620bf6-b7f6-4f56-81c7-5f09dd061d1c","dc_title":"Gecombineerde commissie (t/m april 2022) 2021-04-28 - Opening, mededelingen voorzitter en vaststellen agenda","dc_type":"2c","dc_type_description":"Vergaderstuk decentrale overheid","foi_fairiscoreVersions":{"v1":1,"v2":1},"foi_files":[{"dc_format":"application/pdf","dc_identifier":"nl.gm1954.2c.2021.2832006-2.doc.1","dc_source":"https://api1.ibabs.eu/publicdownload.aspx?site=Beekdaelen&id=4662d0eb-3d15-4b28-bb66-d9edc0290cfa","dc_title":"20210 04 28 Uitnodiging en voorlopige agenda gecombineerde raadscommissie","dc_type":"bijlage","foi_fairiscoreVersions":{"v1":1,"v2":1},"foi_fileName":"20210%2004%2028%20Uitnodiging%20en%20voorlopige%20agenda%20gecombineerde%20raadscommissie.pdf","foi_nrPages":2},{"dc_format":"application/pdf","dc_identifier":"nl.gm1954.2c.2021.2832006-2.doc.2","dc_source":"https://api1.ibabs.eu/publicdownload.aspx?site=Beekdaelen&id=09dcb285-748a-4cd0-920c-581d8fe61295","dc_title":"Vastgestelde agenda gecomb. raadscie. 28-04-2021","dc_type":"bijlage","foi_fairiscoreVersions":{"v1":1,"v2":1},"foi_fileName":"Vastgestelde%20agenda%20gecomb.%20raadscie.%2028042021%20-%20266062.pdf","foi_nrPages":1}],"foi_nrDocuments":2,"foi_nrPagesInDossier":3,"foi_publishedDate":"2021-04-28","foi_retrievedDate":"2025-12-03"},{"dc_creator":"HandelingScraper_v1","dc_date_year":2021,"dc_description":"Vergadering van de Gemeente Beekdaelen op 2021-04-28. Onderdeel: Vaststellen actiepuntenlijst van de commissie Sociaal & Bedrijfsvoering d.d. 23 maart 2021.","dc_identifier":"nl.gm1954.2c.2021.2832006-3","dc_publisher":"gm1954","dc_source":"https://beekdaelen.bestuurlijkeinformatie.nl/Agenda/Index/fd620bf6-b7f6-4f56-81c7-5f09dd061d1c","dc_title":"Gecombineerde commissie (t/m april 2022) 2021-04-28 - Vaststellen actiepuntenlijst van de commissie Sociaal & Bedrijfsvoering d.d. 23 maart 2021","dc_type":"2c","dc_type_description":"Vergaderstuk decentrale overheid","foi_fairiscoreVersions":{"v1":1,"v2":1},"foi_files":[{"dc_format":"application/pdf","dc_identifier":"nl.gm1954.2c.2021.2832006-3.doc.1","dc_source":"https://api1.ibabs.eu/publicdownload.aspx?site=Beekdaelen&id=50f2cb86-6437-4208-a553-55a1b40d1b21","dc_title":"Actiepuntenlijst cie Sociaal&Bedrijfsvoering 20210323 23 maart 2021 - vastgesteld 28042021","dc_type":"bijlage","foi_fairiscoreVersions":{"v1":1,"v2":1},"foi_fileName":"Actiepuntenlijst%20cie%20Sociaal%26Bedrijfsvoering%2020210323%2023%20maart%202021%20-%20vastgesteld%2028042021.pdf","foi_nrPages":3}],"foi_nrDocuments":1,"foi_nrPagesInDossier":3,"foi_publishedDate":"2021-04-28","foi_retrievedDate":"2026-02-05"},{"dc_creator":"HandelingScraper_v1","dc_date_year":2021,"dc_description":"Vergadering van de Gemeente Beekdaelen op 2021-04-28. Onderdeel: Vaststellen actiepuntenlijst van de commissie Ruimte d.d. 25 maart 2021.","dc_identifier":"nl.gm1954.2c.2021.2832006-4","dc_publisher":"gm1954","dc_source":"https://beekdaelen.bestuurlijkeinformatie.nl/Agenda/Index/fd620bf6-b7f6-4f56-81c7-5f09dd061d1c","dc_title":"Gecombineerde commissie (t/m april 2022) 2021-04-28 - Vaststellen actiepuntenlijst van de commissie Ruimte d.d. 25 maart 2021","dc_type":"2c","dc_type_description":"Vergaderstuk decentrale overheid","foi_fairiscoreVersions":{"v1":1,"v2":1},"foi_files":[{"dc_format":"application/pdf","dc_identifier":"nl.gm1954.2c.2021.2832006-4.doc.1","dc_source":"https://api1.ibabs.eu/publicdownload.aspx?site=Beekdaelen&id=fdb49602-4ba4-469c-b5b8-5856b6b12be4","dc_title":"Actiepuntenlijst cie Ruimte 20210225  25 maart 2021 - vastgesteld 28042021","dc_type":"bijlage","foi_fairiscoreVersions":{"v1":1,"v2":1},"foi_fileName":"Actiepuntenlijst%20cie%20Ruimte%2020210225%20%2025%20maart%202021%20-%20vastgesteld%2028042021.pdf","foi_nrPages":5}],"foi_nrDocuments":1,"foi_nrPagesInDossier":5,"foi_publishedDate":"2021-04-28","foi_retrievedDate":"2025-11-30"},{"dc_creator":"HandelingScraper_v1","dc_date_year":2021,"dc_description":"Vergadering van de Gemeente Beekdaelen op 2021-04-28. Onderdeel: Vaststellen lijst van toezeggingen van de commissie Sociaal & Bedrijfsvoering.","dc_identifier":"nl.gm1954.2c.2021.2832006-5","dc_publisher":"gm1954","dc_source":"https://beekdaelen.bestuurlijkeinformatie.nl/Agenda/Index/fd620bf6-b7f6-4f56-81c7-5f09dd061d1c","dc_title":"Gecombineerde commissie (t/m april 2022) 2021-04-28 - Vaststellen lijst van toezeggingen van de commissie Sociaal & Bedrijfsvoering","dc_type":"2c","dc_type_description":"Vergaderstuk decentrale overheid","foi_fairiscoreVersions":{"v1":1,"v2":1},"foi_files":[{"dc_format":"application/pdf","dc_identifier":"nl.gm1954.2c.2021.2832006-5.doc.1","dc_source":"https://api1.ibabs.eu/publicdownload.aspx?site=Beekdaelen&id=5eedc2ce-7739-4184-9402-5e8ca63ee1b9","dc_title":"Totaallijst toezeggingen cie Sociaal etc. ter goedkeuring 28042021 bijgewerkt griffie 06042021.pdf","dc_type":"bijlage","foi_fairiscoreVersions":{"v1":1,"v2":1},"foi_fileName":"Totaallijst%20toezeggingen%20cie%20Sociaal%20etc.%20ter%20goedkeuring%2028042021%20bijgewerkt%20griffie%2006042021.pdf","foi_nrPages":6}],"foi_nrDocuments":1,"foi_nrPagesInDossier":6,"foi_publishedDate":"2021-04-28","foi_retrievedDate":"2026-02-05"},{"dc_creator":"HandelingScraper_v1","dc_date_year":2021,"dc_description":"Vergadering van de Gemeente Beekdaelen op 2021-04-28. Onderdeel: Vaststellen lijst van toezeggingen van de commissie Ruimte.","dc_identifier":"nl.gm1954.2c.2021.2832006-6","dc_publisher":"gm1954","dc_source":"https://beekdaelen.bestuurlijkeinformatie.nl/Agenda/Index/fd620bf6-b7f6-4f56-81c7-5f09dd061d1c","dc_title":"Gecombineerde commissie (t/m april 2022) 2021-04-28 - Vaststellen lijst van toezeggingen van de commissie Ruimte","dc_type":"2c","dc_type_description":"Vergaderstuk decentrale overheid","foi_fairiscoreVersions":{"v1":1,"v2":1},"foi_files":[{"dc_format":"application/pdf","dc_identifier":"nl.gm1954.2c.2021.2832006-6.doc.1","dc_source":"https://api1.ibabs.eu/publicdownload.aspx?site=Beekdaelen&id=ce8f4347-6a41-494a-8d61-990d11ea9577","dc_title":"Totaallijst toezeggingen cie Ruimte ter goedkeuring 28042021 bijgewerkt griffie 06042021.pdf","dc_type":"bijlage","foi_fairiscoreVersions":{"v1":1,"v2":1},"foi_fileName":"Totaallijst%20toezeggingen%20cie%20Ruimte%20ter%20goedkeuring%2028042021%20bijgewerkt%20griffie%2006042021.pdf","foi_nrPages":9}],"foi_nrDocuments":1,"foi_nrPagesInDossier":9,"foi_publishedDate":"2021-04-28","foi_retrievedDate":"2026-02-05"},{"dc_creator":"HandelingScraper_v1","dc_date_year":2021,"dc_description":"Vergadering van de Gemeente Beekdaelen op 2021-04-28. Onderdeel: Voorstel inzake Verordening jeugdhulp gemeente Beekdaelen 2021.","dc_identifier":"nl.gm1954.2c.2021.2832006-7","dc_publisher":"gm1954","dc_source":"https://beekdaelen.bestuurlijkeinformatie.nl/Agenda/Index/fd620bf6-b7f6-4f56-81c7-5f09dd061d1c","dc_title":"Gecombineerde commissie (t/m april 2022) 2021-04-28 - Voorstel inzake Verordening jeugdhulp gemeente Beekdaelen 2021","dc_type":"2c","dc_type_description":"Vergaderstuk decentrale overheid","foi_fairiscoreVersions":{"v1":1,"v2":1},"foi_files":[{"dc_format":"application/pdf","dc_identifier":"nl.gm1954.2c.2021.2832006-7.doc.8","dc_source":"https://api1.ibabs.eu/publicdownload.aspx?site=Beekdaelen&id=bb4b5b2a-d4c8-44b6-86f5-117345062849","dc_title":"Def Advies van de ASD inzake de verordening Jeugdhulp 2021 in Beekdaelen","dc_type":"bijlage","foi_fairiscoreVersions":{"v1":1,"v2":1},"foi_fileName":"Def%20Advies%20van%20de%20ASD%20inzake%20de%20verordening%20Jeugdhulp%202021%20in%20Beekdaelen.pdf","foi_nrPages":2},{"dc_format":"application/pdf","dc_identifier":"nl.gm1954.2c.2021.2832006-7.doc.4","dc_source":"https://api1.ibabs.eu/publicdownload.aspx?site=Beekdaelen&id=84bb9d4e-f195-4398-a242-eb0df62d1752","dc_title":"MvA technische voorvragen commissie - GL en adviesorgaan SD","dc_type":"bijlage","foi_fairiscoreVersions":{"v1":1,"v2":1},"foi_fileName":"Format%20Memorie%20van%20Antwoord%20technische%20voorvragen%20commissie%20-%20GL%20en%20adviesorgaan%20SD.pdf","foi_nrPages":4},{"dc_format":"application/pdf","dc_identifier":"nl.gm1954.2c.2021.2832006-7.doc.5","dc_source":"https://api1.ibabs.eu/publicdownload.aspx?site=Beekdaelen&id=03660f07-12fc-4c72-ab74-c09375dfd9c8","dc_title":"MvA technische voorvragen commissie BL -  Verordening jeugdhulp 2021","dc_type":"bijlage","foi_fairiscoreVersions":{"v1":1,"v2":1},"foi_fileName":"Format%20Memorie%20van%20Antwoord%20technische%20voorvragen%20commissie%20BL%20-%20%20Verordening%20jeugdhulp%202021.pdf","foi_nrPages":6},{"dc_format":"application/pdf","dc_identifier":"nl.gm1954.2c.2021.2832006-7.doc.6","dc_source":"https://api1.ibabs.eu/publicdownload.aspx?site=Beekdaelen&id=2f0972ae-9cce-4a88-8f07-d3eefc2bf715","dc_title":"MvA technische voorvragen commissie PvdA - Verordening jeugdhulp 2021","dc_type":"bijlage","foi_fairiscoreVersions":{"v1":1,"v2":1},"foi_fileName":"Format%20Memorie%20van%20Antwoord%20technische%20voorvragen%20commissie%20PvdA%20-%20Verordening%20jeugdhulp%202021.pdf","foi_nrPages":2},{"dc_format":"application/pdf","dc_identifier":"nl.gm1954.2c.2021.2832006-7.doc.7","dc_source":"https://api1.ibabs.eu/publicdownload.aspx?site=Beekdaelen&id=5aa56cba-f02c-4d96-b314-e205cd1ada04","dc_title":"MvA technische voorvragen commissie VG - verordening jeugdhulp 2021","dc_type":"bijlage","foi_fairiscoreVersions":{"v1":1,"v2":1},"foi_fileName":"Format%20Memorie%20van%20Antwoord%20technische%20voorvragen%20commissie%20VG%20-%20verordening%20jeugdhulp%202021.pdf","foi_nrPages":2},{"dc_format":"application/pdf","dc_identifier":"nl.gm1954.2c.2021.2832006-7.doc.1","dc_source":"https://api1.ibabs.eu/publicdownload.aspx?site=Beekdaelen&id=9e4990cc-ea94-4206-a67c-8c867d0b5478","dc_title":"RV Verordening jeugdhulp gemeente Beekdaelen 2021","dc_type":"bijlage","foi_fairiscoreVersions":{"v1":1,"v2":1},"foi_fileName":"Z%2F21%2F156203%20-%20261192%20-%20Verordening%20jeugdhulp%20gemeente%20Beekdaelen%202021.pdf","foi_nrPages":4},{"dc_format":"application/pdf","dc_identifier":"nl.gm1954.2c.2021.2832006-7.doc.2","dc_source":"https://api1.ibabs.eu/publicdownload.aspx?site=Beekdaelen&id=424a6298-b908-4ce7-9c48-6e7d672d2b3b","dc_title":"RB Verordening jeugdhulp gemeente Beekdaelen 2021 - vastgesteld 18052021","dc_type":"bijlage","foi_fairiscoreVersions":{"v1":1,"v2":1},"foi_fileName":"Z%2F21%2F156203%20-%20261193%20-%20Verordening%20jeugdhulp%20gemeente%20Beekdaelen%202021.pdf","foi_nrPages":1},{"dc_format":"application/pdf","dc_identifier":"nl.gm1954.2c.2021.2832006-7.doc.3","dc_source":"https://api1.ibabs.eu/publicdownload.aspx?site=Beekdaelen&id=2f99ddd8-1ec3-414a-a103-0928e99d59e4","dc_title":"Tarieven PGB verordening jeugdhulp gemeente Beekdaelen 2021","dc_type":"bijlage","foi_fairiscoreVersions":{"v1":1,"v2":1},"foi_fileName":"Z%2F21%2F156203%20-%20261221%20-%20Tarieven%20PGB%20verordening%20jeugdhulp%20gemeente%20Beekdaelen%202021.pdf","foi_nrPages":4}],"foi_nrDocuments":8,"foi_nrPagesInDossier":25,"foi_publishedDate":"2021-04-28","foi_retrievedDate":"2026-02-13"},{"dc_creator":"HandelingScraper_v1","dc_date_year":2021,"dc_description":"Vergadering van de Gemeente Beekdaelen op 2021-04-28. Onderdeel: Rondvraag Cluster Sociaal.","dc_identifier":"nl.gm1954.2c.2021.2832006-8","dc_publisher":"gm1954","dc_source":"https://beekdaelen.bestuurlijkeinformatie.nl/Agenda/Index/fd620bf6-b7f6-4f56-81c7-5f09dd061d1c","dc_title":"Gecombineerde commissie (t/m april 2022) 2021-04-28 - Rondvraag Cluster Sociaal","dc_type":"2c","dc_type_description":"Vergaderstuk decentrale overheid","foi_fairiscoreVersions":{"v1":1,"v2":1},"foi_files":[{"dc_format":"application/pdf","dc_identifier":"nl.gm1954.2c.2021.2832006-8.doc.1","dc_source":"https://api1.ibabs.eu/publicdownload.aspx?site=Beekdaelen&id=638b6495-22cf-4e16-a00f-c3ffa2d2d193","dc_title":"C MvA technische voorvragen VG over rondvraag Sociaal","dc_type":"bijlage","foi_fairiscoreVersions":{"v1":1,"v2":1},"foi_fileName":"C%20MvA%20technische%20voorvragen%20-%20rondvraag%20Sociaal.pdf","foi_nrPages":2}],"foi_nrDocuments":1,"foi_nrPagesInDossier":2,"foi_publishedDate":"2021-04-28","foi_retrievedDate":"2026-02-05"},{"dc_creator":"HandelingScraper_v1","dc_date_year":2021,"dc_description":"Vergadering van de Gemeente Beekdaelen op 2021-04-28. Onderdeel: Voorstel inzake Begroting BsGW 2022.","dc_identifier":"nl.gm1954.2c.2021.2832006-9","dc_publisher":"gm1954","dc_source":"https://beekdaelen.bestuurlijkeinformatie.nl/Agenda/Index/fd620bf6-b7f6-4f56-81c7-5f09dd061d1c","dc_title":"Gecombineerde commissie (t/m april 2022) 2021-04-28 - Voorstel inzake Begroting BsGW 2022","dc_type":"2c","dc_type_description":"Vergaderstuk decentrale overheid","foi_fairiscoreVersions":{"v1":2,"v2":1},"foi_files":[{"dc_format":"application/pdf","dc_identifier":"nl.gm1954.2c.2021.2832006-9.doc.9","dc_source":"https://api1.ibabs.eu/publicdownload.aspx?site=Beekdaelen&id=e15baac2-2140-4e42-91bc-5e40e9043d11","dc_title":"D.1 MvA technische voorvragen CDA over conceptbegroting BsGW","dc_type":"bijlage","foi_fairiscoreVersions":{"v1":1,"v2":1},"foi_fileName":"D.1%20MvA%20technische%20voorvragen%20CDA%20over%20conceptbegroting%20BsGW.pdf","foi_nrPages":2},{"dc_format":"application/pdf","dc_identifier":"nl.gm1954.2c.2021.2832006-9.doc.7","dc_source":"https://api1.ibabs.eu/publicdownload.aspx?site=Beekdaelen&id=46513ac7-e380-41f1-84d3-ade688807fb1","dc_title":"D.1 MvA technische voorvragen Groen Links over conceptbegroting BsGW","dc_type":"bijlage","foi_fairiscoreVersions":{"v1":1,"v2":1},"foi_fileName":"D.1%20MvA%20technische%20voorvragen%20Groen%20Links%20over%20conceptbegroting%20BsGW.pdf","foi_nrPages":2},{"dc_format":"application/pdf","dc_identifier":"nl.gm1954.2c.2021.2832006-9.doc.8","dc_source":"https://api1.ibabs.eu/publicdownload.aspx?site=Beekdaelen&id=9f862ac8-f01a-493b-84a0-11fc2ebc887d","dc_title":"D.1 MvA technische voorvragen PvdA over conceptbegroting BsGW","dc_type":"bijlage","foi_fairiscoreVersions":{"v1":2,"v2":1},"foi_fileName":"D.1%20MvA%20technische%20voorvragen%20PvdA%20over%20conceptbegroting%20BsGW.pdf","foi_nrPages":2},{"dc_format":"application/pdf","dc_identifier":"nl.gm1954.2c.2021.2832006-9.doc.10","dc_source":"https://api1.ibabs.eu/publicdownload.aspx?site=Beekdaelen&id=db673c33-6e7c-4dbc-b565-6103d536fe1b","dc_title":"D.1 MvA technische voorvragen VG over conceptbegroting BsGW","dc_type":"bijlage","foi_fairiscoreVersions":{"v1":1,"v2":1},"foi_fileName":"D.1%20MvA%20technische%20voorvragen%20VG%20over%20conceptbegroting%20BsGW.pdf","foi_nrPages":2},{"dc_format":"application/pdf","dc_identifier":"nl.gm1954.2c.2021.2832006-9.doc.3","dc_source":"https://api1.ibabs.eu/publicdownload.aspx?site=Beekdaelen&id=70976c0f-faea-484b-8743-b524389817b4","dc_title":"Ontwerpbegroting BsGW 2022 en ontwerp MJR 2022-2026","dc_type":"bijlage","foi_fairiscoreVersions":{"v1":2,"v2":1},"foi_fileName":"Z%2F21%2F155189%20-%20258796.pdf","foi_nrPages":66},{"dc_format":"application/pdf","dc_identifier":"nl.gm1954.2c.2021.2832006-9.doc.4","dc_source":"https://api1.ibabs.eu/publicdownload.aspx?site=Beekdaelen&id=6b8dc71c-e4fb-4688-b5dc-aa70bdbb7b42","dc_title":"Kadernota 2022 BsGW","dc_type":"bijlage","foi_fairiscoreVersions":{"v1":2,"v2":1},"foi_fileName":"Z%2F21%2F155189%20-%20258796.pdf","foi_nrPages":32},{"dc_format":"application/pdf","dc_identifier":"nl.gm1954.2c.2021.2832006-9.doc.5","dc_source":"https://api1.ibabs.eu/publicdownload.aspx?site=Beekdaelen&id=064c1950-dbad-4af8-bc1b-ecda8f6a8750","dc_title":"Oplegnotitie van DB BsGW bij Kadernota 2022","dc_type":"bijlage","foi_fairiscoreVersions":{"v1":1,"v2":1},"foi_fileName":"Z%2F21%2F155189%20-%20258796.pdf","foi_nrPages":7},{"dc_format":"application/pdf","dc_identifier":"nl.gm1954.2c.2021.2832006-9.doc.1","dc_source":"https://api1.ibabs.eu/publicdownload.aspx?site=Beekdaelen&id=7ba75065-9f9b-4130-a5e7-766f7428cf11","dc_title":"RV inzake begroting BsGW 2022","dc_type":"bijlage","foi_fairiscoreVersions":{"v1":1,"v2":1},"foi_fileName":"Z%2F21%2F155189%20-%20261728%20-%20ontwerpbegroting%202022%20BsGW.pdf","foi_nrPages":5},{"dc_format":"application/pdf","dc_identifier":"nl.gm1954.2c.2021.2832006-9.doc.2","dc_source":"https://api1.ibabs.eu/publicdownload.aspx?site=Beekdaelen&id=e660515d-28ca-4275-bcbb-7ad7715155e4","dc_title":"RB inzake begroting BsGW 2022","dc_type":"bijlage","foi_fairiscoreVersions":{"v1":1,"v2":1},"foi_fileName":"Z%2F21%2F155189%20-%20261729%20-%20ontwerpbegroting%202022%20BsGW.pdf","foi_nrPages":1},{"dc_format":"application/pdf","dc_identifier":"nl.gm1954.2c.2021.2832006-9.doc.6","dc_source":"https://api1.ibabs.eu/publicdownload.aspx?site=Beekdaelen&id=5ee733c5-75cc-422e-b616-bf7d3f991bfb","dc_title":"Concept brief inzake zienswijze begroting 2022 en meerjarenbegroting 2022 - 2026 BsGW","dc_type":"bijlage","foi_fairiscoreVersions":{"v1":1,"v2":1},"foi_fileName":"Z%2F21%2F155189%20-%20261820%20-%20zienswijze%20begroting%202022%20en%20meerjarenbegroting%202022%20-%202026%20BsGW.pdf","foi_nrPages":1}],"foi_nrDocuments":10,"foi_nrPagesInDossier":120,"foi_publishedDate":"2021-04-28","foi_retrievedDate":"2026-02-05"},{"dc_creator":"HandelingScraper_v1","dc_date_year":2021,"dc_description":"Vergadering van de Gemeente Beekdaelen op 2021-05-18. Onderdeel: Opening.","dc_identifier":"nl.gm1954.2c.2021.2832084-1","dc_publisher":"gm1954","dc_source":"https://beekdaelen.bestuurlijkeinformatie.nl/Agenda/Index/1abc181d-f99f-4172-9cca-5a82ddf46611","dc_title":"Raadsvergadering 2021-05-18 - Opening","dc_type":"2c","dc_type_description":"Vergaderstuk decentrale overheid","foi_fairiscoreVersions":{"v1":1,"v2":1},"foi_files":[{"dc_format":"application/pdf","dc_identifier":"nl.gm1954.2c.2021.2832084-1.doc.1","dc_source":"https://api1.ibabs.eu/publicdownload.aspx?site=Beekdaelen&id=ca3ce735-ed9e-4401-9d4c-d3e1def3f2ce","dc_title":"Uitnodiging en agenda raadsvergadering 18 mei 2021","dc_type":"bijlage","foi_fairiscoreVersions":{"v1":1,"v2":1},"foi_fileName":"Uitnodiging%20en%20agenda%20raadsvergadering%2018%20mei%202021.pdf","foi_nrPages":2}],"foi_nrDocuments":1,"foi_nrPagesInDossier":2,"foi_publishedDate":"2021-05-18","foi_retrievedDate":"2026-03-05"},{"dc_creator":"HandelingScraper_v1","dc_date_year":2021,"dc_description":"Vergadering van de Gemeente Beekdaelen op 2021-05-18. Onderdeel: Vaststelling van de agenda.","dc_identifier":"nl.gm1954.2c.2021.2832084-2","dc_publisher":"gm1954","dc_source":"https://beekdaelen.bestuurlijkeinformatie.nl/Agenda/Index/1abc181d-f99f-4172-9cca-5a82ddf46611","dc_title":"Raadsvergadering 2021-05-18 - Vaststelling van de agenda","dc_type":"2c","dc_type_description":"Vergaderstuk decentrale overheid","foi_fairiscoreVersions":{"v1":1,"v2":1},"foi_files":[{"dc_format":"application/pdf","dc_identifier":"nl.gm1954.2c.2021.2832084-2.doc.1","dc_source":"https://api1.ibabs.eu/publicdownload.aspx?site=Beekdaelen&id=06e64dc2-c607-4f7a-a649-86bb25c1513e","dc_title":"Agenda raadsvergadering 18 mei 2021 - vastgesteld 18052021","dc_type":"bijlage","foi_fairiscoreVersions":{"v1":1,"v2":1},"foi_fileName":"Agenda%20raadsvergadering%2018%20mei%202021.pdf","foi_nrPages":1}],"foi_nrDocuments":1,"foi_nrPagesInDossier":1,"foi_publishedDate":"2021-05-18","foi_retrievedDate":"2026-03-02"},{"dc_creator":"HandelingScraper_v1","dc_date_year":2021,"dc_description":"Vergadering van de Gemeente Beekdaelen op 2021-05-18. Onderdeel: Vaststellen besluitenlijst openbare raadsvergadering d.d. 13 april 2021.","dc_identifier":"nl.gm1954.2c.2021.2832084-3","dc_publisher":"gm1954","dc_source":"https://beekdaelen.bestuurlijkeinformatie.nl/Agenda/Index/1abc181d-f99f-4172-9cca-5a82ddf46611","dc_title":"Raadsvergadering 2021-05-18 - Vaststellen besluitenlijst openbare raadsvergadering d.d. 13 april 2021","dc_type":"2c","dc_type_description":"Vergaderstuk decentrale overheid","foi_fairiscoreVersions":{"v1":1,"v2":1},"foi_files":[{"dc_format":"application/pdf","dc_identifier":"nl.gm1954.2c.2021.2832084-3.doc.1","dc_source":"https://api1.ibabs.eu/publicdownload.aspx?site=Beekdaelen&id=5c01f308-61ed-4c41-81cc-0ad3f85f86ae","dc_title":"Besluitenlijst raadsvergadering 13 april 2021- vastgesteld 18052021","dc_type":"bijlage","foi_fairiscoreVersions":{"v1":1,"v2":1},"foi_fileName":"Besluitenlijst%20raadsvergadering%2013%20april%202021.pdf","foi_nrPages":4}],"foi_nrDocuments":1,"foi_nrPagesInDossier":4,"foi_publishedDate":"2021-05-18","foi_retrievedDate":"2026-02-05"},{"dc_creator":"HandelingScraper_v1","dc_date_year":2021,"dc_description":"Vergadering van de Gemeente Beekdaelen op 2021-05-18. Onderdeel: Voorstel inzake benoeming en be\u00ebdiging raadscommissieleden namens D66 en ontslag raadcommissielid namens Vernieuwingsgroep.","dc_identifier":"nl.gm1954.2c.2021.2832084-4","dc_publisher":"gm1954","dc_source":"https://beekdaelen.bestuurlijkeinformatie.nl/Agenda/Index/1abc181d-f99f-4172-9cca-5a82ddf46611","dc_title":"Raadsvergadering 2021-05-18 - Voorstel inzake benoeming en be\u00ebdiging raadscommissieleden namens D66 en ontslag raadcommissielid namens Vernieuwingsgroep","dc_type":"2c","dc_type_description":"Vergaderstuk decentrale overheid","foi_fairiscoreVersions":{"v1":1,"v2":1},"foi_files":[{"dc_format":"application/pdf","dc_identifier":"nl.gm1954.2c.2021.2832084-4.doc.2","dc_source":"https://api1.ibabs.eu/publicdownload.aspx?site=Beekdaelen&id=c8d1867f-937d-4145-a403-8020b869cf14","dc_title":"RB benoeming raadscommissieleden fractie D66 en ontslag raadscommissielid VG - vastgesteld 18052021","dc_type":"bijlage","foi_fairiscoreVersions":{"v1":1,"v2":1},"foi_fileName":"RB%20benoeming%20raadscommissieleden%20fractie%20D66.pdf","foi_nrPages":1},{"dc_format":"application/pdf","dc_identifier":"nl.gm1954.2c.2021.2832084-4.doc.1","dc_source":"https://api1.ibabs.eu/publicdownload.aspx?site=Beekdaelen&id=b3681ad7-bb5b-41e4-9741-e692b696bc6c","dc_title":"RV benoeming raadscommissieleden fractie D66 en ontslag raadscommissielid VG","dc_type":"bijlage","foi_fairiscoreVersions":{"v1":1,"v2":1},"foi_fileName":"RV%20benoeming%20raadscommissieleden%20fractie%20D66.pdf","foi_nrPages":1}],"foi_nrDocuments":2,"foi_nrPagesInDossier":2,"foi_publishedDate":"2021-05-18","foi_retrievedDate":"2026-02-05"},{"dc_creator":"HandelingScraper_v1","dc_date_year":2021,"dc_description":"Vergadering van de Gemeente Beekdaelen op 2021-05-18. Onderdeel: Verordening jeugdhulp gemeente Beekdaelen 2021.","dc_identifier":"nl.gm1954.2c.2021.2832084-5","dc_publisher":"gm1954","dc_source":"https://beekdaelen.bestuurlijkeinformatie.nl/Agenda/Index/1abc181d-f99f-4172-9cca-5a82ddf46611","dc_title":"Raadsvergadering 2021-05-18 - Verordening jeugdhulp gemeente Beekdaelen 2021","dc_type":"2c","dc_type_description":"Vergaderstuk decentrale overheid","foi_fairiscoreVersions":{"v1":2,"v2":2},"foi_files":[{"dc_format":"application/pdf","dc_identifier":"nl.gm1954.2c.2021.2832084-5.doc.5","dc_source":"https://api1.ibabs.eu/publicdownload.aspx?site=Beekdaelen&id=787fc075-cf79-4d49-9c57-f9e77397491e","dc_title":"PGB jeugdmatrix arrangementensystematiek verordening 2019","dc_type":"bijlage","foi_fairiscoreVersions":{"v1":2,"v2":2},"foi_fileName":"PGB%20jeugdmatrix%20arrangementensystematiek%20verordening%202019.pdf","foi_nrPages":2},{"dc_format":"application/pdf","dc_identifier":"nl.gm1954.2c.2021.2832084-5.doc.3","dc_source":"https://api1.ibabs.eu/publicdownload.aspx?site=Beekdaelen&id=5b6564ad-b1ef-4995-8ebc-94c4840a4506","dc_title":"Verordening jeugdhulp gemeente Beekdaelen 2021 DEF 01032021 - vastgesteld 18052021","dc_type":"bijlage","foi_fairiscoreVersions":{"v1":2,"v2":1},"foi_fileName":"Verordening%20jeugdhulp%20gemeente%20Beekdaelen%202021%20DEF%2001032021.pdf","foi_nrPages":23},{"dc_format":"application/pdf","dc_identifier":"nl.gm1954.2c.2021.2832084-5.doc.1","dc_source":"https://api1.ibabs.eu/publicdownload.aspx?site=Beekdaelen&id=9e4990cc-ea94-4206-a67c-8c867d0b5478","dc_title":"RV Verordening jeugdhulp gemeente Beekdaelen 2021","dc_type":"bijlage","foi_fairiscoreVersions":{"v1":1,"v2":1},"foi_fileName":"Z%2F21%2F156203%20-%20261192%20-%20Verordening%20jeugdhulp%20gemeente%20Beekdaelen%202021.pdf","foi_nrPages":4},{"dc_format":"application/pdf","dc_identifier":"nl.gm1954.2c.2021.2832084-5.doc.2","dc_source":"https://api1.ibabs.eu/publicdownload.aspx?site=Beekdaelen&id=424a6298-b908-4ce7-9c48-6e7d672d2b3b","dc_title":"RB Verordening jeugdhulp gemeente Beekdaelen 2021 - vastgesteld 18052021","dc_type":"bijlage","foi_fairiscoreVersions":{"v1":1,"v2":1},"foi_fileName":"Z%2F21%2F156203%20-%20261193%20-%20Verordening%20jeugdhulp%20gemeente%20Beekdaelen%202021.pdf","foi_nrPages":1},{"dc_format":"application/pdf","dc_identifier":"nl.gm1954.2c.2021.2832084-5.doc.4","dc_source":"https://api1.ibabs.eu/publicdownload.aspx?site=Beekdaelen&id=2f99ddd8-1ec3-414a-a103-0928e99d59e4","dc_title":"Tarieven PGB verordening jeugdhulp gemeente Beekdaelen 2021","dc_type":"bijlage","foi_fairiscoreVersions":{"v1":1,"v2":1},"foi_fileName":"Z%2F21%2F156203%20-%20261221%20-%20Tarieven%20PGB%20verordening%20jeugdhulp%20gemeente%20Beekdaelen%202021.pdf","foi_nrPages":4}],"foi_nrDocuments":5,"foi_nrPagesInDossier":34,"foi_publishedDate":"2021-05-18","foi_retrievedDate":"2026-03-11"},{"dc_creator":"HandelingScraper_v1","dc_date_year":2021,"dc_description":"Vergadering van de Gemeente Beekdaelen op 2021-05-18. Onderdeel: Financi\u00eble stukken GR Gegevenshuis 2021.","dc_identifier":"nl.gm1954.2c.2021.2832084-6","dc_publisher":"gm1954","dc_source":"https://beekdaelen.bestuurlijkeinformatie.nl/Agenda/Index/1abc181d-f99f-4172-9cca-5a82ddf46611","dc_title":"Raadsvergadering 2021-05-18 - Financi\u00eble stukken GR Gegevenshuis 2021","dc_type":"2c","dc_type_description":"Vergaderstuk decentrale overheid","foi_fairiscoreVersions":{"v1":2,"v2":2},"foi_files":[{"dc_format":"application/pdf","dc_identifier":"nl.gm1954.2c.2021.2832084-6.doc.7","dc_source":"https://api1.ibabs.eu/publicdownload.aspx?site=Beekdaelen&id=d3e68fa6-3947-49b9-ac44-5fe4095e7436","dc_title":"Beantwoording openstaande vraag inzake GR Gegevenshuis","dc_type":"bijlage","foi_fairiscoreVersions":{"v1":1,"v2":1},"foi_fileName":"Beantwoording%20openstaande%20vraag%20inzake%20GR%20Gegevenshuis.pdf","foi_nrPages":2},{"dc_format":"application/pdf","dc_identifier":"nl.gm1954.2c.2021.2832084-6.doc.1","dc_source":"https://api1.ibabs.eu/publicdownload.aspx?site=Beekdaelen&id=6370192e-a4e6-4524-84cc-0cbfdba663ad","dc_title":"RV jaarrekening 2020 en begroting 2021, 2022 - 2025 GR Gegevenshuis","dc_type":"bijlage","foi_fairiscoreVersions":{"v1":1,"v2":1},"foi_fileName":"Z%2F21%2F155356%20-%20261780%20-%205.pdf","foi_nrPages":3},{"dc_format":"application/pdf","dc_identifier":"nl.gm1954.2c.2021.2832084-6.doc.6","dc_source":"https://api1.ibabs.eu/publicdownload.aspx?site=Beekdaelen&id=c7a0d6aa-de66-4763-bc5b-a1bcae8a7e10","dc_title":"RB jaarrekening 2020 en begroting 2021, 2022 - 2025 GR Gegevenshuis - vastgesteld 18052021","dc_type":"bijlage","foi_fairiscoreVersions":{"v1":1,"v2":1},"foi_fileName":"Z%2F21%2F155356%20-%20261781%20-%206.pdf","foi_nrPages":1},{"dc_format":"application/pdf","dc_identifier":"nl.gm1954.2c.2021.2832084-6.doc.2","dc_source":"https://api1.ibabs.eu/publicdownload.aspx?site=Beekdaelen&id=7d37a4de-bd74-46ea-81e0-9491a4eaa315","dc_title":"1. Jaarrekening 2020","dc_type":"bijlage","foi_fairiscoreVersions":{"v1":2,"v2":1},"foi_fileName":"Z%2F21%2F155356%20-%20262155%20-%201.pdf","foi_nrPages":37},{"dc_format":"application/pdf","dc_identifier":"nl.gm1954.2c.2021.2832084-6.doc.3","dc_source":"https://api1.ibabs.eu/publicdownload.aspx?site=Beekdaelen&id=6ed692b9-0bc3-4b46-9999-0d896f5e9689","dc_title":"2. Bijgestelde begroting 2021","dc_type":"bijlage","foi_fairiscoreVersions":{"v1":2,"v2":1},"foi_fileName":"Z%2F21%2F155356%20-%20262155%20-%202.pdf","foi_nrPages":36},{"dc_format":"application/pdf","dc_identifier":"nl.gm1954.2c.2021.2832084-6.doc.4","dc_source":"https://api1.ibabs.eu/publicdownload.aspx?site=Beekdaelen&id=d8095004-35e8-443e-8f81-d7e4cdc42d7c","dc_title":"3. Begroting 2022 - meerjarenraming","dc_type":"bijlage","foi_fairiscoreVersions":{"v1":2,"v2":1},"foi_fileName":"Z%2F21%2F155356%20-%20262155%20-%203.pdf","foi_nrPages":37},{"dc_format":"application/pdf","dc_identifier":"nl.gm1954.2c.2021.2832084-6.doc.5","dc_source":"https://api1.ibabs.eu/publicdownload.aspx?site=Beekdaelen&id=96ee6a94-1519-4ab9-8514-437ad2a2f8a3","dc_title":"4. Brief GR Gegevenshuis inzake aanbieden financi\u00eble stukken","dc_type":"bijlage","foi_fairiscoreVersions":{"v1":5,"v2":5},"foi_fileName":"Z%2F21%2F155356%20-%20262155%20-%204.pdf","foi_nrPages":1}],"foi_nrDocuments":7,"foi_nrPagesInDossier":117,"foi_publishedDate":"2021-05-18","foi_retrievedDate":"2025-12-02"},{"dc_creator":"HandelingScraper_v1","dc_date_year":2021,"dc_description":"Vergadering van de Gemeente Beekdaelen op 2021-05-18. Onderdeel: Voorstel inzake ontwerpbegroting 2022 BsGW.","dc_identifier":"nl.gm1954.2c.2021.2832084-7","dc_publisher":"gm1954","dc_source":"https://beekdaelen.bestuurlijkeinformatie.nl/Agenda/Index/1abc181d-f99f-4172-9cca-5a82ddf46611","dc_title":"Raadsvergadering 2021-05-18 - Voorstel inzake ontwerpbegroting 2022 BsGW","dc_type":"2c","dc_type_description":"Vergaderstuk decentrale overheid","foi_fairiscoreVersions":{"v1":2,"v2":1},"foi_files":[{"dc_format":"application/pdf","dc_identifier":"nl.gm1954.2c.2021.2832084-7.doc.11","dc_source":"https://api1.ibabs.eu/publicdownload.aspx?site=Beekdaelen&id=fd1ef5ae-c5b7-4b5f-800f-2fe08d8db520","dc_title":"Factsheet WOZ benchmark 2019, incl toelichting","dc_type":"bijlage","foi_fairiscoreVersions":{"v1":1,"v2":1},"foi_fileName":"4.b.1%20Factsheet%20WOZ%20benchmark%202019_%20incl%20toelichting.pdf","foi_nrPages":2},{"dc_format":"application/pdf","dc_identifier":"nl.gm1954.2c.2021.2832084-7.doc.2","dc_source":"https://api1.ibabs.eu/publicdownload.aspx?site=Beekdaelen&id=9e0b0e7c-0454-4cde-a28d-24f174436cf6","dc_title":"Amendement VVD en D66 inzake zienswijze BsGW AANGENOMEN","dc_type":"bijlage","foi_fairiscoreVersions":{"v1":1,"v2":1},"foi_fileName":"Amendement%20VVD%20en%20D66%20inzake%20zienswijze%20BsGW%20AANGENOMEN.pdf","foi_nrPages":2},{"dc_format":"application/pdf","dc_identifier":"nl.gm1954.2c.2021.2832084-7.doc.10","dc_source":"https://api1.ibabs.eu/publicdownload.aspx?site=Beekdaelen&id=679e6779-d619-4608-bca8-4cadb51ff00b","dc_title":"Beantwoording openstaande vragen begroting 2022 BsGW","dc_type":"bijlage","foi_fairiscoreVersions":{"v1":1,"v2":1},"foi_fileName":"Beantwoording%20openstaande%20vragen%20begroting%202022%20BsGW.pdf","foi_nrPages":2},{"dc_format":"application/pdf","dc_identifier":"nl.gm1954.2c.2021.2832084-7.doc.3","dc_source":"https://api1.ibabs.eu/publicdownload.aspx?site=Beekdaelen&id=f66d2fd1-e9e7-4955-9c40-76151a73d0f5","dc_title":"Geamendeerd raadsbesluit begroting BSGW 2022 - vastgesteld 18052021","dc_type":"bijlage","foi_fairiscoreVersions":{"v1":1,"v2":1},"foi_fileName":"Geamendeerd%20raadsbesluit%20begroting%20BSGW%202022.pdf","foi_nrPages":1},{"dc_format":"application/pdf","dc_identifier":"nl.gm1954.2c.2021.2832084-7.doc.5","dc_source":"https://api1.ibabs.eu/publicdownload.aspx?site=Beekdaelen&id=5a283ff3-069b-4f29-aa9e-8743378e5de2","dc_title":"Aanbiedingsbrief kadernota 2022 BsGW","dc_type":"bijlage","foi_fairiscoreVersions":{"v1":1,"v2":1},"foi_fileName":"Z%2F21%2F155189%20-%20258796.pdf","foi_nrPages":1},{"dc_format":"application/pdf","dc_identifier":"nl.gm1954.2c.2021.2832084-7.doc.6","dc_source":"https://api1.ibabs.eu/publicdownload.aspx?site=Beekdaelen&id=269010ec-3fb2-43d9-9072-383420e4d90b","dc_title":"Aanbiedingsbrief conceptbegroting 2022 BsGW","dc_type":"bijlage","foi_fairiscoreVersions":{"v1":1,"v2":1},"foi_fileName":"Z%2F21%2F155189%20-%20258796.pdf","foi_nrPages":2},{"dc_format":"application/pdf","dc_identifier":"nl.gm1954.2c.2021.2832084-7.doc.7","dc_source":"https://api1.ibabs.eu/publicdownload.aspx?site=Beekdaelen&id=eef9f6a6-9890-4d2a-8169-f9090f81c4d0","dc_title":"Kadernota 2022 BsGW","dc_type":"bijlage","foi_fairiscoreVersions":{"v1":2,"v2":1},"foi_fileName":"Z%2F21%2F155189%20-%20258796.pdf","foi_nrPages":32},{"dc_format":"application/pdf","dc_identifier":"nl.gm1954.2c.2021.2832084-7.doc.8","dc_source":"https://api1.ibabs.eu/publicdownload.aspx?site=Beekdaelen&id=30b513c4-e91f-48ff-99bf-0ddc753c6206","dc_title":"Conceptbegroting 2022 BsGW","dc_type":"bijlage","foi_fairiscoreVersions":{"v1":2,"v2":1},"foi_fileName":"Z%2F21%2F155189%20-%20258796.pdf","foi_nrPages":66},{"dc_format":"application/pdf","dc_identifier":"nl.gm1954.2c.2021.2832084-7.doc.9","dc_source":"https://api1.ibabs.eu/publicdownload.aspx?site=Beekdaelen&id=6378013f-61c9-4028-aa0c-a029578a0a13","dc_title":"Oplegnotitie bij kadernota 2022 BsGW","dc_type":"bijlage","foi_fairiscoreVersions":{"v1":1,"v2":1},"foi_fileName":"Z%2F21%2F155189%20-%20258796.pdf","foi_nrPages":7},{"dc_format":"application/pdf","dc_identifier":"nl.gm1954.2c.2021.2832084-7.doc.1","dc_source":"https://api1.ibabs.eu/publicdownload.aspx?site=Beekdaelen&id=62b408ed-7cbd-426b-a8cc-a58ceb19448c","dc_title":"Raadsvoostel ontwerpbegroting 2022 BsGW","dc_type":"bijlage","foi_fairiscoreVersions":{"v1":1,"v2":1},"foi_fileName":"Z%2F21%2F155189%20-%20261728%20-%20ontwerpbegroting%202022%20BsGW.pdf","foi_nrPages":5},{"dc_format":"application/pdf","dc_identifier":"nl.gm1954.2c.2021.2832084-7.doc.4","dc_source":"https://api1.ibabs.eu/publicdownload.aspx?site=Beekdaelen&id=4a4cbf0e-0b4a-4f0d-88d2-bf818b5d322c","dc_title":"Zienswijze begroting 2022 en meerjarenbegroting 2022 - 2026 BsGW","dc_type":"bijlage","foi_fairiscoreVersions":{"v1":1,"v2":1},"foi_fileName":"Z%2F21%2F155189%20-%20261820%20-%20zienswijze%20begroting%202022%20en%20meerjarenbegroting%202022%20-%202026%20BsGW.pdf","foi_nrPages":1}],"foi_nrDocuments":11,"foi_nrPagesInDossier":121,"foi_publishedDate":"2021-05-18","foi_retrievedDate":"2025-12-03"},{"dc_creator":"HandelingScraper_v1","dc_date_year":2021,"dc_description":"Vergadering van de Gemeente Beekdaelen op 2021-05-18. Onderdeel: Voorstel inzake project \"Aanpak wateroverlast Aalbeek fase 2\".","dc_identifier":"nl.gm1954.2c.2021.2832084-8","dc_publisher":"gm1954","dc_source":"https://beekdaelen.bestuurlijkeinformatie.nl/Agenda/Index/1abc181d-f99f-4172-9cca-5a82ddf46611","dc_title":"Raadsvergadering 2021-05-18 - Voorstel inzake project \"Aanpak wateroverlast Aalbeek fase 2\"","dc_type":"2c","dc_type_description":"Vergaderstuk decentrale overheid","foi_fairiscoreVersions":{"v1":1,"v2":1},"foi_files":[{"dc_format":"application/pdf","dc_identifier":"nl.gm1954.2c.2021.2832084-8.doc.8","dc_source":"https://api1.ibabs.eu/publicdownload.aspx?site=Beekdaelen&id=0914ed13-9681-44fe-aa4c-73512f0b60ee","dc_title":"Bijlage bij Memorie van Antwoord 05052021","dc_type":"bijlage","foi_fairiscoreVersions":{"v1":1,"v2":1},"foi_fileName":"Bijlage%20bij%20Memorie%20van%20Antwoord%2005052021.pdf","foi_nrPages":2},{"dc_format":"application/pdf","dc_identifier":"nl.gm1954.2c.2021.2832084-8.doc.5","dc_source":"https://api1.ibabs.eu/publicdownload.aspx?site=Beekdaelen&id=ff54d72f-7f4f-414b-b8f2-4a9e4b3559e1","dc_title":"BIJLAGE- ONTWERP DEEL 2","dc_type":"bijlage","foi_fairiscoreVersions":{"v1":1,"v2":1},"foi_fileName":"BIJLAGE%20BIJ%20RAADSVOORSTEL-%20ONTWERP%20DEEL%202.pdf","foi_nrPages":1},{"dc_format":"application/pdf","dc_identifier":"nl.gm1954.2c.2021.2832084-8.doc.6","dc_source":"https://api1.ibabs.eu/publicdownload.aspx?site=Beekdaelen&id=a0b7059d-b035-4368-be00-5e46143ece98","dc_title":"BIJLAGE- BEGROTINGSWIJZIGING 5.1","dc_type":"bijlage","foi_fairiscoreVersions":{"v1":1,"v2":1},"foi_fileName":"Bijlage%20bij%20Raadsvoorstel-begrotingswijziging%205.1.pdf","foi_nrPages":1},{"dc_format":"application/pdf","dc_identifier":"nl.gm1954.2c.2021.2832084-8.doc.4","dc_source":"https://api1.ibabs.eu/publicdownload.aspx?site=Beekdaelen&id=2a4069f7-0d8b-474b-a01f-484ef2f257af","dc_title":"BIJLAGE- ONTWERP DEEL 1","dc_type":"bijlage","foi_fairiscoreVersions":{"v1":1,"v2":1},"foi_fileName":"BIJLAGE%20BIJ%20RAADSVOORSTEL-ONTWERP%20DEEL%201.pdf","foi_nrPages":1},{"dc_format":"application/pdf","dc_identifier":"nl.gm1954.2c.2021.2832084-8.doc.2","dc_source":"https://api1.ibabs.eu/publicdownload.aspx?site=Beekdaelen&id=c4a7577b-d0f5-4edf-b02b-fc6c1cef6278","dc_title":"Raadsbesluit inzake project aanpak wateroverlast Aalbeek fase 2 - vastgesteld 18052021","dc_type":"bijlage","foi_fairiscoreVersions":{"v1":1,"v2":1},"foi_fileName":"Concept%20Raadsbesluit%20Aalbeek.pdf","foi_nrPages":1},{"dc_format":"application/pdf","dc_identifier":"nl.gm1954.2c.2021.2832084-8.doc.9","dc_source":"https://api1.ibabs.eu/publicdownload.aspx?site=Beekdaelen&id=94783410-51da-4470-a1e3-c807bc140283","dc_title":"Aanvulling Memorie van Antwoord commissie vragen 20210518","dc_type":"bijlage","foi_fairiscoreVersions":{"v1":1,"v2":1},"foi_fileName":"Memorie%20van%20Antwoord%20commissie%20vragen%2020210518.pdf","foi_nrPages":1},{"dc_format":"application/pdf","dc_identifier":"nl.gm1954.2c.2021.2832084-8.doc.7","dc_source":"https://api1.ibabs.eu/publicdownload.aspx?site=Beekdaelen&id=1e94f1bb-b9b3-4c64-88d5-934b3ffa4da5","dc_title":"Memorie van Antwoord commissievragen 20210512","dc_type":"bijlage","foi_fairiscoreVersions":{"v1":1,"v2":1},"foi_fileName":"Memorie%20van%20Antwoord%20commissievragen%2020210512.pdf","foi_nrPages":4},{"dc_format":"application/pdf","dc_identifier":"nl.gm1954.2c.2021.2832084-8.doc.3","dc_source":"https://api1.ibabs.eu/publicdownload.aspx?site=Beekdaelen&id=55869f8d-99e0-43ed-b8eb-d836ff6c6552","dc_title":"Motie D66 en VVD inzake Aalbeek VERWORPEN","dc_type":"bijlage","foi_fairiscoreVersions":{"v1":1,"v2":1},"foi_fileName":"Motie%20D66%20en%20VVD%20inzake%20Aalbeek%20VERWORPEN.pdf","foi_nrPages":2},{"dc_format":"application/pdf","dc_identifier":"nl.gm1954.2c.2021.2832084-8.doc.1","dc_source":"https://api1.ibabs.eu/publicdownload.aspx?site=Beekdaelen&id=3d483ac9-6b09-4dbc-a86d-c8bb7a90552c","dc_title":"Raadsvoorstel inzake project aanpak wateroverlast Aalbeek fase 2","dc_type":"bijlage","foi_fairiscoreVersions":{"v1":1,"v2":1},"foi_fileName":"Raadsvoorstel%20Aalbeek.pdf","foi_nrPages":5}],"foi_nrDocuments":9,"foi_nrPagesInDossier":18,"foi_publishedDate":"2021-05-18","foi_retrievedDate":"2026-03-05"},{"dc_creator":"HandelingScraper_v1","dc_date_year":2021,"dc_description":"Vergadering van de Gemeente Beekdaelen op 2021-05-18. Onderdeel: Vaststelling lijst ingekomen stukken.","dc_identifier":"nl.gm1954.2c.2021.2832084-9","dc_publisher":"gm1954","dc_source":"https://beekdaelen.bestuurlijkeinformatie.nl/Agenda/Index/1abc181d-f99f-4172-9cca-5a82ddf46611","dc_title":"Raadsvergadering 2021-05-18 - Vaststelling lijst ingekomen stukken","dc_type":"2c","dc_type_description":"Vergaderstuk decentrale overheid","foi_fairiscoreVersions":{"v1":1,"v2":1},"foi_files":[{"dc_format":"application/pdf","dc_identifier":"nl.gm1954.2c.2021.2832084-9.doc.1","dc_source":"https://api1.ibabs.eu/publicdownload.aspx?site=Beekdaelen&id=06de994e-1ab1-4d77-aa1d-5158f09f515f","dc_title":"Lijst ingekomen stukken raad 18052021 versie 04052021 VERVALLEN","dc_type":"bijlage","foi_fairiscoreVersions":{"v1":1,"v2":1},"foi_fileName":"Lijst%20ingekomen%20stukken%20raad%2018052021%20versie%2004052021.pdf","foi_nrPages":6},{"dc_format":"application/pdf","dc_identifier":"nl.gm1954.2c.2021.2832084-9.doc.2","dc_source":"https://api1.ibabs.eu/publicdownload.aspx?site=Beekdaelen&id=54a45123-f4c0-4ea9-99d7-e5a87e96347e","dc_title":"Lijst ingekomen stukken raad 18052021 versie 11052021 - vastgesteld 18052021","dc_type":"bijlage","foi_fairiscoreVersions":{"v1":1,"v2":1},"foi_fileName":"Lijst%20ingekomen%20stukken%20raad%2018052021%20versie%2011052021.pdf","foi_nrPages":7}],"foi_nrDocuments":2,"foi_nrPagesInDossier":13,"foi_publishedDate":"2021-05-18","foi_retrievedDate":"2026-03-05"},{"dc_creator":"HandelingScraper_v1","dc_date_year":2021,"dc_description":"Vergadering van de Gemeente Beekdaelen op 2021-06-01. Onderdeel: Algemeen.","dc_identifier":"nl.gm1954.2c.2021.2832119-1","dc_publisher":"gm1954","dc_source":"https://beekdaelen.bestuurlijkeinformatie.nl/Agenda/Index/c50cd865-3cd5-4e6e-bdfe-a75fb231e5a2","dc_title":"Commissie Sociaal & BV (t/m april 2022) 2021-06-01 - Algemeen","dc_type":"2c","dc_type_description":"Vergaderstuk decentrale overheid","foi_fairiscoreVersions":{"v1":1,"v2":1},"foi_files":[{"dc_format":"application/pdf","dc_identifier":"nl.gm1954.2c.2021.2832119-1.doc.6","dc_source":"https://api1.ibabs.eu/publicdownload.aspx?site=Beekdaelen&id=829aa9f6-941b-429a-8e98-9755cc7a660d","dc_title":"Technische voorvragen GL cie Sociaal & Bedrijfsvoering 1 juni 2021","dc_type":"bijlage","foi_fairiscoreVersions":{"v1":1,"v2":1},"foi_fileName":"Technische%20voorvragen%20GL%20cie%20Sociaal%20%26%20Bedrijfsvoering%201%20juni%202021.pdf","foi_nrPages":1},{"dc_format":"application/pdf","dc_identifier":"nl.gm1954.2c.2021.2832119-1.doc.7","dc_source":"https://api1.ibabs.eu/publicdownload.aspx?site=Beekdaelen&id=35f9d1f9-600d-4927-b615-e31a962ff30b","dc_title":"Technische voorvragen GL cie Sociaal & Bedrijfsvoering 1 juni 2021 - aanvullende vragen mbt B1 Veiligheidsregio","dc_type":"bijlage","foi_fairiscoreVersions":{"v1":1,"v2":1},"foi_fileName":"Technische%20voorvragen%20GL%20cie%20Sociaal%20%26%20Bedrijfsvoering%201%20juni%202021%20-%20aanvullende%20vragen%20mbt%20B1%20Veiligheidsregio.pdf","foi_nrPages":1},{"dc_format":"application/pdf","dc_identifier":"nl.gm1954.2c.2021.2832119-1.doc.3","dc_source":"https://api1.ibabs.eu/publicdownload.aspx?site=Beekdaelen&id=eed33c10-b53a-4325-90bd-5d9e49345edf","dc_title":"Technische voorvragen PvdA cie Sociaal & Bedrijfsvoering 1 juni 2021","dc_type":"bijlage","foi_fairiscoreVersions":{"v1":1,"v2":1},"foi_fileName":"Technische%20voorvragen%20PvdA%20cie%20Sociaal%20%26%20Bedrijfsvoering%201%20juni%202021.pdf","foi_nrPages":2},{"dc_format":"application/pdf","dc_identifier":"nl.gm1954.2c.2021.2832119-1.doc.2","dc_source":"https://api1.ibabs.eu/publicdownload.aspx?site=Beekdaelen&id=04c33166-18e3-40b6-a869-ed1312deb975","dc_title":"Technische voorvragen VG cie Sociaal & Bedrijfsvoering 1 juni 2021- aanvullende vraag mbt D1 Kompas","dc_type":"bijlage","foi_fairiscoreVersions":{"v1":1,"v2":1},"foi_fileName":"Technische%20voorvragen%20VG%20cie%20Sociaal%20%26%20Bedrijfsvoering%201%20juni%202021-%20aanvullende%20vraag%20mbt%20D1%20Kompas.pdf","foi_nrPages":1},{"dc_format":"application/pdf","dc_identifier":"nl.gm1954.2c.2021.2832119-1.doc.1","dc_source":"https://api1.ibabs.eu/publicdownload.aspx?site=Beekdaelen&id=f9d696b3-a279-4d61-8a40-468b2eabd2a0","dc_title":"Technische voorvragen VG cie Sociaal & Bedrijfsvoering 1 juni 2021","dc_type":"bijlage","foi_fairiscoreVersions":{"v1":1,"v2":1},"foi_fileName":"Technische%20voorvragen%20VG%20cie%20Sociaal%20%26%20Bedrijfsvoering%201%20juni%202021.pdf","foi_nrPages":3},{"dc_format":"application/pdf","dc_identifier":"nl.gm1954.2c.2021.2832119-1.doc.5","dc_source":"https://api1.ibabs.eu/publicdownload.aspx?site=Beekdaelen&id=5fb29619-6625-420f-a1e4-38a2439b43b8","dc_title":"Technische voorvragen VVD cie Sociaal & Bedrijfsvoering 1 juni 2021","dc_type":"bijlage","foi_fairiscoreVersions":{"v1":1,"v2":1},"foi_fileName":"Technische%20voorvragen%20VVD%20cie%20Sociaal%20%26%20Bedrijfsvoering%201%20juni%202021.pdf","foi_nrPages":2},{"dc_format":"application/pdf","dc_identifier":"nl.gm1954.2c.2021.2832119-1.doc.4","dc_source":"https://api1.ibabs.eu/publicdownload.aspx?site=Beekdaelen&id=d724bed4-0aed-4d7d-a06a-1849f89960dd","dc_title":"Technische vragen fractie Beekdaelen Lokaal cie Sociaal en Bedrijfsvoering 1 juni 2021","dc_type":"bijlage","foi_fairiscoreVersions":{"v1":1,"v2":1},"foi_fileName":"Technische%20vragen%20fractie%20Beekdaelen%20Lokaal%20cie%20Sociaal%20en%20Bedrijfsvoering.pdf","foi_nrPages":1}],"foi_nrDocuments":7,"foi_nrPagesInDossier":11,"foi_publishedDate":"2021-06-01","foi_retrievedDate":"2026-02-06"},{"dc_creator":"HandelingScraper_v1","dc_date_year":2021,"dc_description":"Vergadering van de Gemeente Beekdaelen op 2021-06-01. Onderdeel: Voorstel inzake jaarstukken 2020 en concept begroting 2022 GR WOZL.","dc_identifier":"nl.gm1954.2c.2021.2832119-10","dc_publisher":"gm1954","dc_source":"https://beekdaelen.bestuurlijkeinformatie.nl/Agenda/Index/c50cd865-3cd5-4e6e-bdfe-a75fb231e5a2","dc_title":"Commissie Sociaal & BV (t/m april 2022) 2021-06-01 - Voorstel inzake jaarstukken 2020 en concept begroting 2022 GR WOZL","dc_type":"2c","dc_type_description":"Vergaderstuk decentrale overheid","foi_fairiscoreVersions":{"v1":2,"v2":2},"foi_files":[{"dc_format":"application/pdf","dc_identifier":"nl.gm1954.2c.2021.2832119-10.doc.9","dc_source":"https://api1.ibabs.eu/publicdownload.aspx?site=Beekdaelen&id=091a7977-3c77-40c5-983e-21f5b62f20c0","dc_title":"MvA PvdA inzake agenda D4 RV Begroting 2022 met meerjarenraming 2023-2025 GR WOZL","dc_type":"bijlage","foi_fairiscoreVersions":{"v1":1,"v2":1},"foi_fileName":"MvA%20PvdA%20inzake%20agenda%20D4%20RV%20Begroting%202022%20met%20meerjarenraming%202023-2025%20GR%20WOZL.pdf","foi_nrPages":2},{"dc_format":"application/pdf","dc_identifier":"nl.gm1954.2c.2021.2832119-10.doc.10","dc_source":"https://api1.ibabs.eu/publicdownload.aspx?site=Beekdaelen&id=6d247abe-628f-4e5a-9064-166153f72dd7","dc_title":"MvA VG inzake agenda D4 RV Begroting 2022 met meerjarenraming 2023-2025 GR WOZL","dc_type":"bijlage","foi_fairiscoreVersions":{"v1":1,"v2":1},"foi_fileName":"MvA%20VG%20inzake%20agenda%20D4%20RV%20Begroting%202022%20met%20meerjarenraming%202023-2025%20GR%20WOZL.pdf","foi_nrPages":2},{"dc_format":"application/pdf","dc_identifier":"nl.gm1954.2c.2021.2832119-10.doc.6","dc_source":"https://api1.ibabs.eu/publicdownload.aspx?site=Beekdaelen&id=21da9847-13bc-491a-b61d-4719050c86f5","dc_title":"Factsheet Begroting 2022 met meerjarenraming 2023-2025 GR WOZL","dc_type":"bijlage","foi_fairiscoreVersions":{"v1":1,"v2":1},"foi_fileName":"Z%2F21%2F155603%20-%20262031%20-%20Factsheet%20Begroting%202022%20met%20meerjarenraming%202023-2025%20GR%20WOZL.pdf","foi_nrPages":1},{"dc_format":"application/pdf","dc_identifier":"nl.gm1954.2c.2021.2832119-10.doc.5","dc_source":"https://api1.ibabs.eu/publicdownload.aspx?site=Beekdaelen&id=53a4b776-0829-4652-be5d-73a1949c4a2e","dc_title":"Begroting 2022 met meerjarenraming 2023-2025 GR WOZL","dc_type":"bijlage","foi_fairiscoreVersions":{"v1":2,"v2":1},"foi_fileName":"Z%2F21%2F155603%20-%20262033%20-%20Begroting%202022%20met%20meerjarenraming%202023-2025%20GR%20WOZL.pdf","foi_nrPages":36},{"dc_format":"application/pdf","dc_identifier":"nl.gm1954.2c.2021.2832119-10.doc.1","dc_source":"https://api1.ibabs.eu/publicdownload.aspx?site=Beekdaelen&id=1699ba41-1005-4ad3-bc8b-a173c359bde2","dc_title":"RV Begroting 2022 met meerjarenraming 2023-2025 GR WOZL","dc_type":"bijlage","foi_fairiscoreVersions":{"v1":1,"v2":1},"foi_fileName":"Z%2F21%2F155603%20-%20262041%20-%20Raadsvoorstel%20Begroting%202022%20met%20meerjarenraming%202023-2025%20GR%20WOZL.pdf","foi_nrPages":5},{"dc_format":"application/pdf","dc_identifier":"nl.gm1954.2c.2021.2832119-10.doc.2","dc_source":"https://api1.ibabs.eu/publicdownload.aspx?site=Beekdaelen&id=f64c5d5c-7d65-4886-9464-6fcddaf390f9","dc_title":"RB Begroting 2022 met meerjarenraming 2023-2025 GR WOZL vastgesteld raad 22062021","dc_type":"bijlage","foi_fairiscoreVersions":{"v1":1,"v2":1},"foi_fileName":"Z%2F21%2F155603%20-%20262499%20-%20Raadsbesluit%20Begroting%202022%20met%20meerjarenraming%202023-2025%20GR%20WOZL.pdf","foi_nrPages":1},{"dc_format":"application/pdf","dc_identifier":"nl.gm1954.2c.2021.2832119-10.doc.8","dc_source":"https://api1.ibabs.eu/publicdownload.aspx?site=Beekdaelen&id=a930df3e-f7bb-4ccd-af90-7bad0097ac67","dc_title":"Uitgaande brief aan WOZL inzake raadsbesluit 22 juni 2021","dc_type":"bijlage","foi_fairiscoreVersions":{"v1":1,"v2":1},"foi_fileName":"Z%2F21%2F155603%20-%20262502%20-%20Uitgaande%20brief%20aan%20WOZL%20inzake%20raadsbesluit%2022%20juni%202021.pdf","foi_nrPages":1},{"dc_format":"application/pdf","dc_identifier":"nl.gm1954.2c.2021.2832119-10.doc.3","dc_source":"https://api1.ibabs.eu/publicdownload.aspx?site=Beekdaelen&id=9d927f5b-602d-46fd-80ec-6ae45660e2be","dc_title":"Jaarstukken 2020 GR WOZL vastgesteld AB WOZL 25 maart 2021","dc_type":"bijlage","foi_fairiscoreVersions":{"v1":2,"v2":2},"foi_fileName":"Z%2F21%2F155603%20-%20263895%20-%20Jaarstukken%202020%20GR%20WOZL.pdf","foi_nrPages":56},{"dc_format":"application/pdf","dc_identifier":"nl.gm1954.2c.2021.2832119-10.doc.4","dc_source":"https://api1.ibabs.eu/publicdownload.aspx?site=Beekdaelen&id=157c3186-79d0-4c8a-be0f-c6ce5d75607b","dc_title":"Jaarverslag 2020 GR WOZL vastgesteld AB WOZL 25 maart 2021","dc_type":"bijlage","foi_fairiscoreVersions":{"v1":2,"v2":2},"foi_fileName":"Z%2F21%2F155603%20-%20263896%20-%20Jaarverslag%202020%20GR%20WOZL.pdf","foi_nrPages":17},{"dc_format":"application/pdf","dc_identifier":"nl.gm1954.2c.2021.2832119-10.doc.7","dc_source":"https://api1.ibabs.eu/publicdownload.aspx?site=Beekdaelen&id=86de0850-12cb-41d2-83a6-dd93188ce3a8","dc_title":"RIB WOZL inzake jaarstukken 2020","dc_type":"bijlage","foi_fairiscoreVersions":{"v1":1,"v2":1},"foi_fileName":"Z%2F21%2F155603%20-%20264361%20-%20RIB%20WOZL%20inzake%20jaarstukken%202020.pdf","foi_nrPages":2}],"foi_nrDocuments":10,"foi_nrPagesInDossier":123,"foi_publishedDate":"2021-06-01","foi_retrievedDate":"2026-03-02"},{"dc_creator":"HandelingScraper_v1","dc_date_year":2021,"dc_description":"Vergadering van de Gemeente Beekdaelen op 2021-06-01. Onderdeel: Voorstel inzake jaarstukken 2020 en concept begroting 2022 GR GGD Zuid-Limburg.","dc_identifier":"nl.gm1954.2c.2021.2832119-11","dc_publisher":"gm1954","dc_source":"https://beekdaelen.bestuurlijkeinformatie.nl/Agenda/Index/c50cd865-3cd5-4e6e-bdfe-a75fb231e5a2","dc_title":"Commissie Sociaal & BV (t/m april 2022) 2021-06-01 - Voorstel inzake jaarstukken 2020 en concept begroting 2022 GR GGD Zuid-Limburg","dc_type":"2c","dc_type_description":"Vergaderstuk decentrale overheid","foi_fairiscoreVersions":{"v1":2,"v2":1},"foi_files":[{"dc_format":"application/pdf","dc_identifier":"nl.gm1954.2c.2021.2832119-11.doc.5","dc_source":"https://api1.ibabs.eu/publicdownload.aspx?site=Beekdaelen&id=051ea7d7-b8b2-40cd-9bc0-8905bdf4abb0","dc_title":"JGZ in begroting GGDZL 2022,  toelichting met bijlage","dc_type":"bijlage","foi_fairiscoreVersions":{"v1":1,"v2":1},"foi_fileName":"JGZ%20in%20begroting%20GGDZL%202022_%20%20toelichting%20met%20bijlage.pdf","foi_nrPages":6},{"dc_format":"application/pdf","dc_identifier":"nl.gm1954.2c.2021.2832119-11.doc.14","dc_source":"https://api1.ibabs.eu/publicdownload.aspx?site=Beekdaelen&id=de6392a0-c484-4c96-bf33-d1172847b7c9","dc_title":"MvA PvdA inzake agenda D5 GGD","dc_type":"bijlage","foi_fairiscoreVersions":{"v1":1,"v2":1},"foi_fileName":"MvA%20PvdA%20inzake%20agenda%20D5%20GGD.pdf","foi_nrPages":2},{"dc_format":"application/pdf","dc_identifier":"nl.gm1954.2c.2021.2832119-11.doc.15","dc_source":"https://api1.ibabs.eu/publicdownload.aspx?site=Beekdaelen&id=bc56d4df-f74d-4b0c-aea6-c7f7401d31c8","dc_title":"MvA VG inzake agenda D5 GGD","dc_type":"bijlage","foi_fairiscoreVersions":{"v1":1,"v2":1},"foi_fileName":"MvA%20VG%20inzake%20agenda%20D5%20GGD.pdf","foi_nrPages":1},{"dc_format":"application/pdf","dc_identifier":"nl.gm1954.2c.2021.2832119-11.doc.1","dc_source":"https://api1.ibabs.eu/publicdownload.aspx?site=Beekdaelen&id=e839a54a-9510-48a7-8f7d-65f77285f8b3","dc_title":"RV jaarstukken 2020 en begroting 2022 GGD-ZL","dc_type":"bijlage","foi_fairiscoreVersions":{"v1":1,"v2":1},"foi_fileName":"Z%2F21%2F157473%20-%20264154.pdf","foi_nrPages":7},{"dc_format":"application/pdf","dc_identifier":"nl.gm1954.2c.2021.2832119-11.doc.2","dc_source":"https://api1.ibabs.eu/publicdownload.aspx?site=Beekdaelen&id=ee8e918a-d9d7-4018-b0a6-d4b844400942","dc_title":"RB jaarstukken 2020 en begroting 2022 GGD-ZL vastgesteld raad 22062021","dc_type":"bijlage","foi_fairiscoreVersions":{"v1":1,"v2":1},"foi_fileName":"Z%2F21%2F157473%20-%20264156%20-%20jaarstukken%202020%20en%20begroting%202022%20GGD-zl.pdf","foi_nrPages":1},{"dc_format":"application/pdf","dc_identifier":"nl.gm1954.2c.2021.2832119-11.doc.3","dc_source":"https://api1.ibabs.eu/publicdownload.aspx?site=Beekdaelen&id=395f9daf-9105-4186-ac16-49de452daeba","dc_title":"Aanbiedingsbrief begroting 2022 en jaarrekening 2020 GGD-ZL","dc_type":"bijlage","foi_fairiscoreVersions":{"v1":1,"v2":1},"foi_fileName":"Z%2F21%2F157473%20-%20264159.pdf","foi_nrPages":3},{"dc_format":"application/pdf","dc_identifier":"nl.gm1954.2c.2021.2832119-11.doc.4","dc_source":"https://api1.ibabs.eu/publicdownload.aspx?site=Beekdaelen&id=73505857-6977-4673-a5cf-df043701ca79","dc_title":"Link naar digitaal jaaroverzicht 2020 GGD-ZL","dc_type":"bijlage","foi_fairiscoreVersions":{"v1":1,"v2":1},"foi_fileName":"Z%2F21%2F157473%20-%20264159.pdf","foi_nrPages":1},{"dc_format":"application/pdf","dc_identifier":"nl.gm1954.2c.2021.2832119-11.doc.7","dc_source":"https://api1.ibabs.eu/publicdownload.aspx?site=Beekdaelen&id=b1fe4aac-70c7-4358-bb4a-c2626c7b4e6a","dc_title":"Begroting GGD-ZL 2022","dc_type":"bijlage","foi_fairiscoreVersions":{"v1":2,"v2":1},"foi_fileName":"Z%2F21%2F157473%20-%20264159.pdf","foi_nrPages":55},{"dc_format":"application/pdf","dc_identifier":"nl.gm1954.2c.2021.2832119-11.doc.8","dc_source":"https://api1.ibabs.eu/publicdownload.aspx?site=Beekdaelen&id=a4cef0a4-3021-48d7-83aa-e9d2648cdc16","dc_title":"Financi\u00eble paragrafen begroting 2022","dc_type":"bijlage","foi_fairiscoreVersions":{"v1":2,"v2":1},"foi_fileName":"Z%2F21%2F157473%20-%20264159.pdf","foi_nrPages":10},{"dc_format":"application/pdf","dc_identifier":"nl.gm1954.2c.2021.2832119-11.doc.9","dc_source":"https://api1.ibabs.eu/publicdownload.aspx?site=Beekdaelen&id=426a949c-1b13-411a-a14d-112d553689fb","dc_title":"Berekening bijdrage Veilig Thuis","dc_type":"bijlage","foi_fairiscoreVersions":{"v1":1,"v2":1},"foi_fileName":"Z%2F21%2F157473%20-%20264159.pdf","foi_nrPages":1},{"dc_format":"application/pdf","dc_identifier":"nl.gm1954.2c.2021.2832119-11.doc.10","dc_source":"https://api1.ibabs.eu/publicdownload.aspx?site=Beekdaelen&id=7cf11d78-28e9-4b82-8376-c6685c4125f3","dc_title":"Berekening inwonerbijdrage 2022 programma GGD","dc_type":"bijlage","foi_fairiscoreVersions":{"v1":1,"v2":1},"foi_fileName":"Z%2F21%2F157473%20-%20264159.pdf","foi_nrPages":1},{"dc_format":"application/pdf","dc_identifier":"nl.gm1954.2c.2021.2832119-11.doc.11","dc_source":"https://api1.ibabs.eu/publicdownload.aspx?site=Beekdaelen&id=46cd6371-5571-44e0-a1ed-4acaa7da3174","dc_title":"Specificatie Bijdrage Gemeenten 2022 per gemeente per onderdeel","dc_type":"bijlage","foi_fairiscoreVersions":{"v1":1,"v2":1},"foi_fileName":"Z%2F21%2F157473%20-%20264159.pdf","foi_nrPages":1},{"dc_format":"application/pdf","dc_identifier":"nl.gm1954.2c.2021.2832119-11.doc.12","dc_source":"https://api1.ibabs.eu/publicdownload.aspx?site=Beekdaelen&id=cf812bb1-56fb-44d9-8fc1-23be54dd1db8","dc_title":"Inwonerbijdrage gemeenten verhoging begroting JGZ 2022","dc_type":"bijlage","foi_fairiscoreVersions":{"v1":1,"v2":1},"foi_fileName":"Z%2F21%2F157473%20-%20264159.pdf","foi_nrPages":1},{"dc_format":"application/pdf","dc_identifier":"nl.gm1954.2c.2021.2832119-11.doc.13","dc_source":"https://api1.ibabs.eu/publicdownload.aspx?site=Beekdaelen&id=79a5c099-1be1-4539-a399-b18e7b4420d4","dc_title":"Meerjaren overzicht ingroei herverdeeleffecten begroting JGZ 2022-2025 exclusief indexering","dc_type":"bijlage","foi_fairiscoreVersions":{"v1":1,"v2":1},"foi_fileName":"Z%2F21%2F157473%20-%20264159.pdf","foi_nrPages":1},{"dc_format":"application/pdf","dc_identifier":"nl.gm1954.2c.2021.2832119-11.doc.6","dc_source":"https://api1.ibabs.eu/publicdownload.aspx?site=Beekdaelen&id=c1219845-be95-4520-8f64-fb7ef95fc832","dc_title":"brf. (besluit) aan GGD t.a.v. begroting 2022","dc_type":"bijlage","foi_fairiscoreVersions":{"v1":1,"v2":1},"foi_fileName":"Z%2F21%2F157473%20-%20264640%20-%20brf.%20%28besluit%29%20aan%20GGD%20t.a.v.pdf","foi_nrPages":1}],"foi_nrDocuments":15,"foi_nrPagesInDossier":92,"foi_publishedDate":"2021-06-01","foi_retrievedDate":"2026-02-12"},{"dc_creator":"HandelingScraper_v1","dc_date_year":2021,"dc_description":"Vergadering van de Gemeente Beekdaelen op 2021-06-01. Onderdeel: Voorstel inzake jaarstukken 2020 en concept begroting 2022 GR Omnibuzz.","dc_identifier":"nl.gm1954.2c.2021.2832119-12","dc_publisher":"gm1954","dc_source":"https://beekdaelen.bestuurlijkeinformatie.nl/Agenda/Index/c50cd865-3cd5-4e6e-bdfe-a75fb231e5a2","dc_title":"Commissie Sociaal & BV (t/m april 2022) 2021-06-01 - Voorstel inzake jaarstukken 2020 en concept begroting 2022 GR Omnibuzz","dc_type":"2c","dc_type_description":"Vergaderstuk decentrale overheid","foi_fairiscoreVersions":{"v1":null,"v2":null},"foi_files":[{"dc_format":"application/pdf","dc_identifier":"nl.gm1954.2c.2021.2832119-12.doc.8","dc_source":"https://api1.ibabs.eu/publicdownload.aspx?site=Beekdaelen&id=003bafa8-937e-4323-853e-c542b0a9a940","dc_title":"MvA PvdA inzake agenda D6 Verantwoording Omnibuzz","dc_type":"bijlage","foi_fileName":"MvA%20PvdA%20inzake%20agenda%20D6%20Verantwoording%20Omnibuzz.pdf"},{"dc_format":"application/pdf","dc_identifier":"nl.gm1954.2c.2021.2832119-12.doc.9","dc_source":"https://api1.ibabs.eu/publicdownload.aspx?site=Beekdaelen&id=27b7b7a1-db0a-4f7d-891e-8bf3e4ae19bd","dc_title":"MvA VG inzake agenda D6 Verantwoording Omnibuzz","dc_type":"bijlage","foi_fileName":"MvA%20VG%20inzake%20agenda%20D6%20Verantwoording%20Omnibuzz.pdf"},{"dc_format":"application/pdf","dc_identifier":"nl.gm1954.2c.2021.2832119-12.doc.1","dc_source":"https://api1.ibabs.eu/publicdownload.aspx?site=Beekdaelen&id=149284c4-13f3-408e-bf3e-cb1728838a7a","dc_title":"RV Verantwoording gemeenschappelijke regeling Omnibuzz","dc_type":"bijlage","foi_fileName":"Raadsvoorstel%20Verantwoording%20gemeenschappelijke%20regeling%20Omnibuzz.pdf"},{"dc_format":"application/pdf","dc_identifier":"nl.gm1954.2c.2021.2832119-12.doc.4","dc_source":"https://api1.ibabs.eu/publicdownload.aspx?site=Beekdaelen&id=18b318a8-44a1-4ff6-abd0-bb283cac8dc7","dc_title":"Eerste begrotingswijziging 2021 Omnibuzz","dc_type":"bijlage","foi_fileName":"Z%2F21%2F157344%20-%20263768.pdf"},{"dc_format":"application/pdf","dc_identifier":"nl.gm1954.2c.2021.2832119-12.doc.5","dc_source":"https://api1.ibabs.eu/publicdownload.aspx?site=Beekdaelen&id=3884c270-6e76-47c6-9d6e-81195b6f7afb","dc_title":"Begroting 2022 en meerjarenparspectief Omnibuzz","dc_type":"bijlage","foi_fileName":"Z%2F21%2F157344%20-%20263768.pdf"},{"dc_format":"application/pdf","dc_identifier":"nl.gm1954.2c.2021.2832119-12.doc.6","dc_source":"https://api1.ibabs.eu/publicdownload.aspx?site=Beekdaelen&id=77533e34-898a-4dd1-9b31-d3af6299563a","dc_title":"Uitgangspuntennotitie bij begroting 2022","dc_type":"bijlage","foi_fileName":"Z%2F21%2F157344%20-%20263768.pdf"},{"dc_format":"application/pdf","dc_identifier":"nl.gm1954.2c.2021.2832119-12.doc.7","dc_source":"https://api1.ibabs.eu/publicdownload.aspx?site=Beekdaelen&id=172400c0-9dd4-4769-9bce-92e0e9722a18","dc_title":"Aanbiedingsbrief","dc_type":"bijlage","foi_fileName":"Z%2F21%2F157344%20-%20263768.pdf"},{"dc_format":"application/pdf","dc_identifier":"nl.gm1954.2c.2021.2832119-12.doc.3","dc_source":"https://api1.ibabs.eu/publicdownload.aspx?site=Beekdaelen&id=2d659d89-d92d-446c-b656-6450e03b8685","dc_title":"Jaarverslag Omnibuzz","dc_type":"bijlage","foi_fileName":"Z%2F21%2F157344%20-%20263768%20-.pdf"},{"dc_format":"application/pdf","dc_identifier":"nl.gm1954.2c.2021.2832119-12.doc.2","dc_source":"https://api1.ibabs.eu/publicdownload.aspx?site=Beekdaelen&id=1c96c68a-1f1e-4f12-9a4c-95dfbddd74e2","dc_title":"RB Omnibuzz","dc_type":"bijlage","foi_fileName":"Z%2F21%2F157344%20-%20264108%20-%20Verantwoording%20gemeenschappelijke%20regeling%20Omnibuzz%20-%20de%20concept%20jaarrekening%202020_%20de%20concept%20begroting%20%28wijziging%29%202021-1%20en%202022%20e.v.pdf"}],"foi_nrDocuments":9,"foi_nrPagesInDossier":0,"foi_publishedDate":"2021-06-01","foi_retrievedDate":"2025-12-01"},{"dc_creator":"HandelingScraper_v1","dc_date_year":2021,"dc_description":"Vergadering van de Gemeente Beekdaelen op 2021-06-01. Onderdeel: Opening, mededelingen voorzitter en vaststellen agenda.","dc_identifier":"nl.gm1954.2c.2021.2832119-2","dc_publisher":"gm1954","dc_source":"https://beekdaelen.bestuurlijkeinformatie.nl/Agenda/Index/c50cd865-3cd5-4e6e-bdfe-a75fb231e5a2","dc_title":"Commissie Sociaal & BV (t/m april 2022) 2021-06-01 - Opening, mededelingen voorzitter en vaststellen agenda","dc_type":"2c","dc_type_description":"Vergaderstuk decentrale overheid","foi_fairiscoreVersions":{"v1":1,"v2":1},"foi_files":[{"dc_format":"application/pdf","dc_identifier":"nl.gm1954.2c.2021.2832119-2.doc.1","dc_source":"https://api1.ibabs.eu/publicdownload.aspx?site=Beekdaelen&id=38980d09-a25c-4521-8ab8-db0bef20664c","dc_title":"Uitnodiging en voorlopige agenda cie . Sociaal & Bedrijfsvoering 01062021","dc_type":"bijlage","foi_fairiscoreVersions":{"v1":1,"v2":1},"foi_fileName":"Uitnodiging%20en%20voorlopige%20agenda%20cie%20.%20Sociaal%20%26%20Bedrijfsvoering%2001062021.pdf","foi_nrPages":2},{"dc_format":"application/pdf","dc_identifier":"nl.gm1954.2c.2021.2832119-2.doc.2","dc_source":"https://api1.ibabs.eu/publicdownload.aspx?site=Beekdaelen&id=aa7863d2-6de8-40f9-856c-a17e6d5f8743","dc_title":"Vastgestelde agenda cie Sociaal & Bedrijfsvoering 01062021","dc_type":"bijlage","foi_fairiscoreVersions":{"v1":1,"v2":1},"foi_fileName":"Vastgestelde%20agenda%20cie%20Sociaal%26Bedrijfsvoering%2001062021.pdf","foi_nrPages":1}],"foi_nrDocuments":2,"foi_nrPagesInDossier":3,"foi_publishedDate":"2021-06-01","foi_retrievedDate":"2026-02-13"},{"dc_creator":"HandelingScraper_v1","dc_date_year":2021,"dc_description":"Vergadering van de Gemeente Beekdaelen op 2021-06-01. Onderdeel: Vaststellen actiepuntenlijst van de gecombineerde commissie Sociaal & Bedrijfsvoering/ Ruimte d.d. 28 april 2021.","dc_identifier":"nl.gm1954.2c.2021.2832119-3","dc_publisher":"gm1954","dc_source":"https://beekdaelen.bestuurlijkeinformatie.nl/Agenda/Index/c50cd865-3cd5-4e6e-bdfe-a75fb231e5a2","dc_title":"Commissie Sociaal & BV (t/m april 2022) 2021-06-01 - Vaststellen actiepuntenlijst van de gecombineerde commissie Sociaal & Bedrijfsvoering/ Ruimte d.d. 28 april 2021","dc_type":"2c","dc_type_description":"Vergaderstuk decentrale overheid","foi_fairiscoreVersions":{"v1":1,"v2":1},"foi_files":[{"dc_format":"application/pdf","dc_identifier":"nl.gm1954.2c.2021.2832119-3.doc.1","dc_source":"https://api1.ibabs.eu/publicdownload.aspx?site=Beekdaelen&id=e39cf07f-7366-4676-95f1-8cf1f077ada7","dc_title":"Actiepuntenlijst gecomb cie 28 april 2021 - vastgesteld in cie 01062021","dc_type":"bijlage","foi_fairiscoreVersions":{"v1":1,"v2":1},"foi_fileName":"2021%2004%2028%20concept%20actiepuntenlijst%20gecomb%20cie%2028%20april%202021%20tbv%20cie%2001062021.pdf","foi_nrPages":5}],"foi_nrDocuments":1,"foi_nrPagesInDossier":5,"foi_publishedDate":"2021-06-01","foi_retrievedDate":"2025-11-30"},{"dc_creator":"HandelingScraper_v1","dc_date_year":2021,"dc_description":"Vergadering van de Gemeente Beekdaelen op 2021-06-01. Onderdeel: Vaststellen lijst van toezeggingen van de commissie Sociaal & Bedrijfsvoering.","dc_identifier":"nl.gm1954.2c.2021.2832119-4","dc_publisher":"gm1954","dc_source":"https://beekdaelen.bestuurlijkeinformatie.nl/Agenda/Index/c50cd865-3cd5-4e6e-bdfe-a75fb231e5a2","dc_title":"Commissie Sociaal & BV (t/m april 2022) 2021-06-01 - Vaststellen lijst van toezeggingen van de commissie Sociaal & Bedrijfsvoering","dc_type":"2c","dc_type_description":"Vergaderstuk decentrale overheid","foi_fairiscoreVersions":{"v1":1,"v2":1},"foi_files":[{"dc_format":"application/pdf","dc_identifier":"nl.gm1954.2c.2021.2832119-4.doc.1","dc_source":"https://api1.ibabs.eu/publicdownload.aspx?site=Beekdaelen&id=57b47dd9-2530-4acc-aecc-ade2704f8be7","dc_title":"Bijgewerkte lijst toezeggingen cie. Sociaal etc, versie 04052021 Griffie","dc_type":"bijlage","foi_fairiscoreVersions":{"v1":1,"v2":1},"foi_fileName":"Bijgewerkte%20lijst%20toezeggingen%20cie.%20Sociaal%20etc_%20versie%2004052021%20Griffie.pdf","foi_nrPages":6}],"foi_nrDocuments":1,"foi_nrPagesInDossier":6,"foi_publishedDate":"2021-06-01","foi_retrievedDate":"2026-03-02"},{"dc_creator":"HandelingScraper_v1","dc_date_year":2021,"dc_description":"Vergadering van de Gemeente Beekdaelen op 2021-06-01. Onderdeel: Voorstel inzake jaarstukken 2020 en concept begroting 2022 GR Veiligheidsregio Zuid-Limburg en Meld- en Co\u00f6rdinatiecentrum (MCC).","dc_identifier":"nl.gm1954.2c.2021.2832119-5","dc_publisher":"gm1954","dc_source":"https://beekdaelen.bestuurlijkeinformatie.nl/Agenda/Index/c50cd865-3cd5-4e6e-bdfe-a75fb231e5a2","dc_title":"Commissie Sociaal & BV (t/m april 2022) 2021-06-01 - Voorstel inzake jaarstukken 2020 en concept begroting 2022 GR Veiligheidsregio Zuid-Limburg en Meld- en Co\u00f6rdinatiecentrum (MCC)","dc_type":"2c","dc_type_description":"Vergaderstuk decentrale overheid","foi_fairiscoreVersions":{"v1":2,"v2":2},"foi_files":[{"dc_format":"application/pdf","dc_identifier":"nl.gm1954.2c.2021.2832119-5.doc.10","dc_source":"https://api1.ibabs.eu/publicdownload.aspx?site=Beekdaelen&id=ec5c9af8-e840-4142-87de-c9cf4e3fd324","dc_title":"Bijlage bij MvA - overzicht bijdrage gemeenten begroting 2022 MCC","dc_type":"bijlage","foi_fairiscoreVersions":{"v1":1,"v2":1},"foi_fileName":"Bijlage%20overzicht%20bijdrage%20gemeenten%20begroting%202022%20MCC.pdf","foi_nrPages":1},{"dc_format":"application/pdf","dc_identifier":"nl.gm1954.2c.2021.2832119-5.doc.9","dc_source":"https://api1.ibabs.eu/publicdownload.aspx?site=Beekdaelen&id=6371a0c3-73f5-4cc8-ae8c-f5285344bd04","dc_title":"MvA inzake agendapunt B1 Veiligheidsregio ZL en MCC","dc_type":"bijlage","foi_fairiscoreVersions":{"v1":1,"v2":1},"foi_fileName":"MvA%20inzake%20agendapunt%20B1%20Veilgheidsregio%20ZL%20en%20MCC.pdf","foi_nrPages":9},{"dc_format":"application/pdf","dc_identifier":"nl.gm1954.2c.2021.2832119-5.doc.3","dc_source":"https://api1.ibabs.eu/publicdownload.aspx?site=Beekdaelen&id=715df938-c155-4257-b83a-3eb09d23fe90","dc_title":"Aanbiedingsbrief jaarstukken veiligheidsregio d.d. 06-04-2021","dc_type":"bijlage","foi_fairiscoreVersions":{"v1":5,"v2":5},"foi_fileName":"Z%2F21%2F157755%20-%20264901%20Aanbiedingsbrief.pdf","foi_nrPages":2},{"dc_format":"application/pdf","dc_identifier":"nl.gm1954.2c.2021.2832119-5.doc.8","dc_source":"https://api1.ibabs.eu/publicdownload.aspx?site=Beekdaelen&id=e0d985f6-7180-40e0-a4fe-df388ab59e1e","dc_title":"Begroting MCC 2022","dc_type":"bijlage","foi_fairiscoreVersions":{"v1":1,"v2":1},"foi_fileName":"Z%2F21%2F157755%20-%20264901%20Begroting%20MCC%202022.pdf","foi_nrPages":8},{"dc_format":"application/pdf","dc_identifier":"nl.gm1954.2c.2021.2832119-5.doc.4","dc_source":"https://api1.ibabs.eu/publicdownload.aspx?site=Beekdaelen&id=9a2590fd-a480-49bc-9f82-2fcd234cbbbc","dc_title":"Concept jaarstukken 2020 VRZL","dc_type":"bijlage","foi_fairiscoreVersions":{"v1":2,"v2":1},"foi_fileName":"Z%2F21%2F157755%20-%20264901%20Concept%20jaarstukken%202020%20VRZL.pdf","foi_nrPages":49},{"dc_format":"application/pdf","dc_identifier":"nl.gm1954.2c.2021.2832119-5.doc.7","dc_source":"https://api1.ibabs.eu/publicdownload.aspx?site=Beekdaelen&id=d5ff0acb-5208-4dc2-a11c-8557126bce26","dc_title":"Conceptbegroting 2022 VRZL","dc_type":"bijlage","foi_fairiscoreVersions":{"v1":2,"v2":1},"foi_fileName":"Z%2F21%2F157755%20-%20264901%20Conceptbegroting%202022%20VRZL.pdf","foi_nrPages":36},{"dc_format":"application/pdf","dc_identifier":"nl.gm1954.2c.2021.2832119-5.doc.5","dc_source":"https://api1.ibabs.eu/publicdownload.aspx?site=Beekdaelen&id=71cd65a5-b7bb-40ea-9af2-e16b638efd40","dc_title":"Jaardocument MCC 2020","dc_type":"bijlage","foi_fairiscoreVersions":{"v1":1,"v2":1},"foi_fileName":"Z%2F21%2F157755%20-%20264901%20Jaardocument%20MCC%202020.pdf","foi_nrPages":12},{"dc_format":"application/pdf","dc_identifier":"nl.gm1954.2c.2021.2832119-5.doc.6","dc_source":"https://api1.ibabs.eu/publicdownload.aspx?site=Beekdaelen&id=a2dc9e47-df75-4bd8-97cd-29844c54a2b1","dc_title":"Toelichting jaarrekening MCC 2020","dc_type":"bijlage","foi_fairiscoreVersions":{"v1":1,"v2":1},"foi_fileName":"Z%2F21%2F157755%20-%20264901%20Toelichting%20jaarrekening%20MCC%202020.pdf","foi_nrPages":7},{"dc_format":"application/pdf","dc_identifier":"nl.gm1954.2c.2021.2832119-5.doc.1","dc_source":"https://api1.ibabs.eu/publicdownload.aspx?site=Beekdaelen&id=7ff74e9c-a91f-4aec-b7fa-fbf7c0a174cc","dc_title":"RV jaarstukken 2020 en begroting 2022 door VRZL en MCC","dc_type":"bijlage","foi_fairiscoreVersions":{"v1":1,"v2":1},"foi_fileName":"Z%2F21%2F157755%20-%20264941%20-%20Jaardocumenten%202020%20en%20begrotingen%202022%20van%20Veiligheidsregio%20Zuid-Limburg%20en%20het%20Meld%20enCoordinatiecentrum%20%28MCC%29.pdf","foi_nrPages":5},{"dc_format":"application/pdf","dc_identifier":"nl.gm1954.2c.2021.2832119-5.doc.2","dc_source":"https://api1.ibabs.eu/publicdownload.aspx?site=Beekdaelen&id=ccac5d51-d43b-445a-8119-df3f6607ef81","dc_title":"RB jaarstukken 2020 en begroting 2022 door VRZL en MCC vastgesteld raad 22062021","dc_type":"bijlage","foi_fairiscoreVersions":{"v1":1,"v2":1},"foi_fileName":"Z%2F21%2F157755%20-%20264946%20-%20Raadsbesluit%20jaarstukken%202020%20en%20Begroting%202022%20door%20VRZL%20en%20MCC.pdf","foi_nrPages":1}],"foi_nrDocuments":10,"foi_nrPagesInDossier":130,"foi_publishedDate":"2021-06-01","foi_retrievedDate":"2026-03-06"},{"dc_creator":"HandelingScraper_v1","dc_date_year":2021,"dc_description":"Vergadering van de Gemeente Beekdaelen op 2021-06-01. Onderdeel: Voorstel inzake jaarstukken 2020 en concept begroting 2022 GR Parkstad Limburg.","dc_identifier":"nl.gm1954.2c.2021.2832119-6","dc_publisher":"gm1954","dc_source":"https://beekdaelen.bestuurlijkeinformatie.nl/Agenda/Index/c50cd865-3cd5-4e6e-bdfe-a75fb231e5a2","dc_title":"Commissie Sociaal & BV (t/m april 2022) 2021-06-01 - Voorstel inzake jaarstukken 2020 en concept begroting 2022 GR Parkstad Limburg","dc_type":"2c","dc_type_description":"Vergaderstuk decentrale overheid","foi_fairiscoreVersions":{"v1":2,"v2":1},"foi_files":[{"dc_format":"application/pdf","dc_identifier":"nl.gm1954.2c.2021.2832119-6.doc.3","dc_source":"https://api1.ibabs.eu/publicdownload.aspx?site=Beekdaelen&id=a34e2487-f10b-4613-8178-28351a9c13c8","dc_title":"Concept-jaarstukken 2020 Parkstad Limburg","dc_type":"bijlage","foi_fairiscoreVersions":{"v1":2,"v2":1},"foi_fileName":"Concept-jaarstukken%202020%20Parkstad%20Limburg.pdf","foi_nrPages":108},{"dc_format":"application/pdf","dc_identifier":"nl.gm1954.2c.2021.2832119-6.doc.7","dc_source":"https://api1.ibabs.eu/publicdownload.aspx?site=Beekdaelen&id=b9cc9103-0ab6-4d02-adc8-0af8efc26102","dc_title":"MvA technische vragen PvdA inzake B2 fin stukken GR Parkstad","dc_type":"bijlage","foi_fairiscoreVersions":{"v1":1,"v2":1},"foi_fileName":"MvA%20technische%20vragen%20PvdA%20inzake%20B2%20fin%20stukken%20GR%20Parkstad.pdf","foi_nrPages":1},{"dc_format":"application/pdf","dc_identifier":"nl.gm1954.2c.2021.2832119-6.doc.6","dc_source":"https://api1.ibabs.eu/publicdownload.aspx?site=Beekdaelen&id=5cd7c846-46f8-4d26-b810-10337b1ae2cc","dc_title":"MvA technische vragen Vernieuwingsgroep inzake B2 fin stukken GR Parkstad","dc_type":"bijlage","foi_fairiscoreVersions":{"v1":1,"v2":1},"foi_fileName":"MvA%20technische%20vragen%20Vernieuwingsgroep%20inzake%20B2%20fin%20stukken%20GR%20Parkstad.pdf","foi_nrPages":1},{"dc_format":"application/pdf","dc_identifier":"nl.gm1954.2c.2021.2832119-6.doc.4","dc_source":"https://api1.ibabs.eu/publicdownload.aspx?site=Beekdaelen&id=6c457a98-4886-49c6-b9f9-a8089874911b","dc_title":"Ontwerpbegroting 2022 en meerjarenraming 2023-2025","dc_type":"bijlage","foi_fairiscoreVersions":{"v1":2,"v2":1},"foi_fileName":"Ontwerpbegroting%202022%20en%20meerjarenraming%202023-2025%20DB%2020210421.pdf","foi_nrPages":44},{"dc_format":"application/pdf","dc_identifier":"nl.gm1954.2c.2021.2832119-6.doc.5","dc_source":"https://api1.ibabs.eu/publicdownload.aspx?site=Beekdaelen&id=75d56ff0-3733-4925-96ab-21c9307e9b1f","dc_title":"Parkstad - Aanbiedingsbrief fin. owb 2022 aan gemeenteraden","dc_type":"bijlage","foi_fairiscoreVersions":{"v1":1,"v2":1},"foi_fileName":"Parkstad%20-%20Aanbiedingsbrief%20fin.%20owb%202022%20aan%20gemeenteraden.pdf","foi_nrPages":2},{"dc_format":"application/pdf","dc_identifier":"nl.gm1954.2c.2021.2832119-6.doc.2","dc_source":"https://api1.ibabs.eu/publicdownload.aspx?site=Beekdaelen&id=e213075b-f89f-4854-acef-953c182e5d77","dc_title":"RB financi\u00eble stukken GR Stadsregio Parkstad vastgesteld raad 22062021","dc_type":"bijlage","foi_fairiscoreVersions":{"v1":1,"v2":1},"foi_fileName":"Raadsbesluit%20financi%C3%ABle%20stukken%20GR%20Stadsregio%20Parkstad.pdf","foi_nrPages":1},{"dc_format":"application/pdf","dc_identifier":"nl.gm1954.2c.2021.2832119-6.doc.1","dc_source":"https://api1.ibabs.eu/publicdownload.aspx?site=Beekdaelen&id=641cfd7b-fa3f-42ff-8738-5521225789db","dc_title":"RV financi\u00eble stukken GR Stadsregio Parkstad","dc_type":"bijlage","foi_fairiscoreVersions":{"v1":1,"v2":1},"foi_fileName":"Raadsvoorstel%20financi%C3%ABle%20stukken%20GR%20Stadsregio%20Parkstad.pdf","foi_nrPages":5}],"foi_nrDocuments":7,"foi_nrPagesInDossier":162,"foi_publishedDate":"2021-06-01","foi_retrievedDate":"2025-11-30"},{"dc_creator":"HandelingScraper_v1","dc_date_year":2021,"dc_description":"Vergadering van de Gemeente Beekdaelen op 2021-06-01. Onderdeel: Voorstel inzake jaarstukken 2020 en concept begroting 2022 GR ISD Kompas.","dc_identifier":"nl.gm1954.2c.2021.2832119-7","dc_publisher":"gm1954","dc_source":"https://beekdaelen.bestuurlijkeinformatie.nl/Agenda/Index/c50cd865-3cd5-4e6e-bdfe-a75fb231e5a2","dc_title":"Commissie Sociaal & BV (t/m april 2022) 2021-06-01 - Voorstel inzake jaarstukken 2020 en concept begroting 2022 GR ISD Kompas","dc_type":"2c","dc_type_description":"Vergaderstuk decentrale overheid","foi_fairiscoreVersions":{"v1":2,"v2":2},"foi_files":[{"dc_format":"application/pdf","dc_identifier":"nl.gm1954.2c.2021.2832119-7.doc.9","dc_source":"https://api1.ibabs.eu/publicdownload.aspx?site=Beekdaelen&id=3b6c8c80-a136-4b1b-a5e6-0f45e7d30307","dc_title":"MvA BL inzake agenda D1 raadsvoorstel Jaarstukken Kompas","dc_type":"bijlage","foi_fairiscoreVersions":{"v1":1,"v2":1},"foi_fileName":"MvA%20BL%20inzake%20agenda%20D1%20raadsvoorstel%20Jaarstukken%20Kompas.pdf","foi_nrPages":2},{"dc_format":"application/pdf","dc_identifier":"nl.gm1954.2c.2021.2832119-7.doc.10","dc_source":"https://api1.ibabs.eu/publicdownload.aspx?site=Beekdaelen&id=95c86c47-7d36-435b-83d8-dcc063f85972","dc_title":"MvA GL Inzake agenda D1 raadsvoorstel Jaarstukken Kompas","dc_type":"bijlage","foi_fairiscoreVersions":{"v1":1,"v2":1},"foi_fileName":"MvA%20GL%20Inzake%20agenda%20D1%20raadsvoorstel%20Jaarstukken%20Kompas.pdf","foi_nrPages":1},{"dc_format":"application/pdf","dc_identifier":"nl.gm1954.2c.2021.2832119-7.doc.11","dc_source":"https://api1.ibabs.eu/publicdownload.aspx?site=Beekdaelen&id=e6815d28-d9c5-42c4-9411-46f98a70232d","dc_title":"MvA PvdA inzake agenda D1 raadsvoorstel Jaarstukken Kompas","dc_type":"bijlage","foi_fairiscoreVersions":{"v1":1,"v2":1},"foi_fileName":"MvA%20PvdA%20inzake%20agenda%20D1%20raadsvoorstel%20Jaarstukken%20Kompas.pdf","foi_nrPages":3},{"dc_format":"application/pdf","dc_identifier":"nl.gm1954.2c.2021.2832119-7.doc.14","dc_source":"https://api1.ibabs.eu/publicdownload.aspx?site=Beekdaelen&id=ac030cff-3158-4616-b901-aada20ba9b63","dc_title":"MvA technische vragen VG 01062021 aanvullende vraag - D1","dc_type":"bijlage","foi_fairiscoreVersions":{"v1":1,"v2":1},"foi_fileName":"MvA%20technische%20vragen%20VG%2001062021%20aanvullende%20vraag%20-%20D1.pdf","foi_nrPages":2},{"dc_format":"application/pdf","dc_identifier":"nl.gm1954.2c.2021.2832119-7.doc.12","dc_source":"https://api1.ibabs.eu/publicdownload.aspx?site=Beekdaelen&id=ff157a32-3291-4c91-aa91-0bce2cdeabab","dc_title":"MvA VG inzake agenda D1 raadsvoorstel Jaarstukken Kompas 1","dc_type":"bijlage","foi_fairiscoreVersions":{"v1":1,"v2":1},"foi_fileName":"MvA%20VG%20inzake%20agenda%20D1%20raadsvoorstel%20Jaarstukken%20Kompas%201.pdf","foi_nrPages":2},{"dc_format":"application/pdf","dc_identifier":"nl.gm1954.2c.2021.2832119-7.doc.13","dc_source":"https://api1.ibabs.eu/publicdownload.aspx?site=Beekdaelen&id=c4e178f3-a0f5-4cc2-b9cf-704142073c3c","dc_title":"MvA VG inzake agenda D1 raadsvoorstel Jaarstukken Kompas 2","dc_type":"bijlage","foi_fairiscoreVersions":{"v1":1,"v2":1},"foi_fileName":"MvA%20VG%20inzake%20agenda%20D1%20raadsvoorstel%20Jaarstukken%20Kompas%202.pdf","foi_nrPages":2},{"dc_format":"application/pdf","dc_identifier":"nl.gm1954.2c.2021.2832119-7.doc.3","dc_source":"https://api1.ibabs.eu/publicdownload.aspx?site=Beekdaelen&id=63cea5f4-dc03-40f3-95ba-a825a9a52b78","dc_title":"Jaarrekening 2020 Kompas","dc_type":"bijlage","foi_fairiscoreVersions":{"v1":2,"v2":1},"foi_fileName":"Z%2F21%2F157526%20-%20264341%20-%20Jaarrekening%202020%20Kompas.pdf","foi_nrPages":50},{"dc_format":"application/pdf","dc_identifier":"nl.gm1954.2c.2021.2832119-7.doc.6","dc_source":"https://api1.ibabs.eu/publicdownload.aspx?site=Beekdaelen&id=c0aab409-a5e6-4c3e-b4ac-6a89ee10ec5e","dc_title":"Uitvoeringsprogramma 2021 2022","dc_type":"bijlage","foi_fairiscoreVersions":{"v1":2,"v2":1},"foi_fileName":"Z%2F21%2F157526%20-%20264342%20-%20Uitvoeringsprogramma%202021%202022.pdf","foi_nrPages":21},{"dc_format":"application/pdf","dc_identifier":"nl.gm1954.2c.2021.2832119-7.doc.4","dc_source":"https://api1.ibabs.eu/publicdownload.aspx?site=Beekdaelen&id=76383b6e-cfdb-4db1-9376-6b7fd41bc9b7","dc_title":"Beleidsverslag 2020","dc_type":"bijlage","foi_fairiscoreVersions":{"v1":2,"v2":2},"foi_fileName":"Z%2F21%2F157526%20-%20264343%20-%20Beleidsverslag%202020.pdf","foi_nrPages":28},{"dc_format":"application/pdf","dc_identifier":"nl.gm1954.2c.2021.2832119-7.doc.5","dc_source":"https://api1.ibabs.eu/publicdownload.aspx?site=Beekdaelen&id=fae7c1a3-9a5d-48e0-a030-3b32fac58a90","dc_title":"Controleverklaring 2020","dc_type":"bijlage","foi_fairiscoreVersions":{"v1":1,"v2":1},"foi_fileName":"Z%2F21%2F157526%20-%20264344%20-%20Controleverklaring%202020.pdf","foi_nrPages":4},{"dc_format":"application/pdf","dc_identifier":"nl.gm1954.2c.2021.2832119-7.doc.1","dc_source":"https://api1.ibabs.eu/publicdownload.aspx?site=Beekdaelen&id=ec07c12d-900c-4d2a-80a4-c3e4f11b8367","dc_title":"RV jaarstukken Kompas","dc_type":"bijlage","foi_fairiscoreVersions":{"v1":2,"v2":1},"foi_fileName":"Z%2F21%2F157526%20-%20264347.pdf","foi_nrPages":10},{"dc_format":"application/pdf","dc_identifier":"nl.gm1954.2c.2021.2832119-7.doc.7","dc_source":"https://api1.ibabs.eu/publicdownload.aspx?site=Beekdaelen&id=9961c524-87be-4ba4-b1fb-ee79f79d8268","dc_title":"Ontvangen Gewijzigde begroting 2021, primitieve begroting 2022 en MJB 2022/2025","dc_type":"bijlage","foi_fairiscoreVersions":{"v1":2,"v2":1},"foi_fileName":"Z%2F21%2F157526%20-%20264694%20-%20Ontvangen%20Gewijzigde%20begroting%202021_%20primitieve%20begroting%202022%20en%20MJB%202022%2F2025.pdf","foi_nrPages":38},{"dc_format":"application/pdf","dc_identifier":"nl.gm1954.2c.2021.2832119-7.doc.2","dc_source":"https://api1.ibabs.eu/publicdownload.aspx?site=Beekdaelen&id=5991dd75-1ee5-4ae2-b403-e015f17f8b5b","dc_title":"RB jaarstukken 2020-2021-2022 Kompas","dc_type":"bijlage","foi_fairiscoreVersions":{"v1":1,"v2":1},"foi_fileName":"Z%2F21%2F157526%20-%20264700%20-%20Raadsbesluit%20jaarstukken%202020-2021-2022%20Kompas.pdf","foi_nrPages":1},{"dc_format":"application/pdf","dc_identifier":"nl.gm1954.2c.2021.2832119-7.doc.8","dc_source":"https://api1.ibabs.eu/publicdownload.aspx?site=Beekdaelen&id=454bf06e-cbb8-4b03-814a-2de2e90f59e2","dc_title":"Uitgaande brief aan Kompas inzake zienswijze jaarstukken 2020, 2021 en 2022","dc_type":"bijlage","foi_fairiscoreVersions":{"v1":1,"v2":1},"foi_fileName":"Z%2F21%2F157526%20-%20264701%20-%20Uitgaande%20brief%20aan%20Kompas%20inzake%20zienswijze%20jaarstukken%202020_%202021%20en%202022.pdf","foi_nrPages":1}],"foi_nrDocuments":14,"foi_nrPagesInDossier":165,"foi_publishedDate":"2021-06-01","foi_retrievedDate":"2025-12-05"},{"dc_creator":"HandelingScraper_v1","dc_date_year":2021,"dc_description":"Vergadering van de Gemeente Beekdaelen op 2021-06-01. Onderdeel: Voorstel inzake jaarstukken 2020 en Eerste begrotingswijziging 2021 GR ISD BOL.","dc_identifier":"nl.gm1954.2c.2021.2832119-8","dc_publisher":"gm1954","dc_source":"https://beekdaelen.bestuurlijkeinformatie.nl/Agenda/Index/c50cd865-3cd5-4e6e-bdfe-a75fb231e5a2","dc_title":"Commissie Sociaal & BV (t/m april 2022) 2021-06-01 - Voorstel inzake jaarstukken 2020 en Eerste begrotingswijziging 2021 GR ISD BOL","dc_type":"2c","dc_type_description":"Vergaderstuk decentrale overheid","foi_fairiscoreVersions":{"v1":null,"v2":null},"foi_files":[{"dc_format":"application/pdf","dc_identifier":"nl.gm1954.2c.2021.2832119-8.doc.6","dc_source":"https://api1.ibabs.eu/publicdownload.aspx?site=Beekdaelen&id=5566ed37-3267-4835-9ec6-a8b0546ad2a7","dc_title":"MvA BL inzake agenda D2 RV Jaarstukken 2020 en Eerste bestuursrapportage 2021 GR ISD BOL","dc_type":"bijlage","foi_fileName":"MvA%20BL%20inzake%20agenda%20D2%20RV%20Jaarstukken%202020%20en%20Eerste%20bestuursrapportage%202021%20GR%20ISD%20BOL.pdf"},{"dc_format":"application/pdf","dc_identifier":"nl.gm1954.2c.2021.2832119-8.doc.7","dc_source":"https://api1.ibabs.eu/publicdownload.aspx?site=Beekdaelen&id=d367e065-227d-4d4c-9026-17da6af94d6a","dc_title":"MvA VG inzake agenda D2 RV Jaarstukken 2020 en Eerste bestuursrapportage 2021 GR ISD BOL","dc_type":"bijlage","foi_fileName":"MvA%20VG%20inzake%20agenda%20D2%20RV%20Jaarstukken%202020%20en%20Eerste%20bestuursrapportage%202021%20GR%20ISD%20BOL.pdf"},{"dc_format":"application/pdf","dc_identifier":"nl.gm1954.2c.2021.2832119-8.doc.3","dc_source":"https://api1.ibabs.eu/publicdownload.aspx?site=Beekdaelen&id=245744bb-464a-4f2f-9428-dcd55591bf2c","dc_title":"Jaarstukken 2020 ISD BOL.","dc_type":"bijlage","foi_fileName":"Z%2F21%2F156275%20-%20263270%20-%20Jaarstukken%202020%20ISD%20BOL.pdf"},{"dc_format":"application/pdf","dc_identifier":"nl.gm1954.2c.2021.2832119-8.doc.4","dc_source":"https://api1.ibabs.eu/publicdownload.aspx?site=Beekdaelen&id=85bd2afa-9708-47ec-940f-d0ed065715a8","dc_title":"Eerste bestuursrapportage 2021 ISD BOL","dc_type":"bijlage","foi_fileName":"Z%2F21%2F156275%20-%20263273%20-%20Eerste%20bestuursrapportage%202021%20ISD%20BOL.pdf"},{"dc_format":"application/pdf","dc_identifier":"nl.gm1954.2c.2021.2832119-8.doc.1","dc_source":"https://api1.ibabs.eu/publicdownload.aspx?site=Beekdaelen&id=d132a32e-5bb1-46d3-bc53-4d64d87a076c","dc_title":"RV Jaarstukken 2020 en eerste bestuursrapportage 2021 ISD BOL.","dc_type":"bijlage","foi_fileName":"Z%2F21%2F156275%20-%20263274%20-%20Jaarstukken%202020%20en%20eerste%20bestuursrapportage%202021%20ISD%20BOL.pdf"},{"dc_format":"application/pdf","dc_identifier":"nl.gm1954.2c.2021.2832119-8.doc.2","dc_source":"https://api1.ibabs.eu/publicdownload.aspx?site=Beekdaelen&id=ca9ec4f9-22b3-46c2-8e04-fde9e3d8c096","dc_title":"RB Jaarstukken 2020 en eerste bestuursrapportage 2021 ISD BOL vastgesteld raad 22062021","dc_type":"bijlage","foi_fileName":"Z%2F21%2F156275%20-%20263378%20-%20Raadsbesluit%20Jaarstukken%202020%20en%20eerste%20bestuursrapportage%202021%20ISD%20BOL.pdf"},{"dc_format":"application/pdf","dc_identifier":"nl.gm1954.2c.2021.2832119-8.doc.5","dc_source":"https://api1.ibabs.eu/publicdownload.aspx?site=Beekdaelen&id=9f158d88-0a16-4d25-b251-6c594d46e7d6","dc_title":"Uitgaande brief aan ISD BOL inzake raadsbesluit 22 juni 2022","dc_type":"bijlage","foi_fileName":"Z%2F21%2F156275%20-%20263383%20-%20Uitgaande%20brief%20aan%20ISD%20BOL%20inzake%20raadsbesluit%2022%20juni%202022.pdf"}],"foi_nrDocuments":7,"foi_nrPagesInDossier":0,"foi_publishedDate":"2021-06-01","foi_retrievedDate":"2025-11-30"},{"dc_creator":"HandelingScraper_v1","dc_date_year":2021,"dc_description":"Vergadering van de Gemeente Beekdaelen op 2021-06-01. Onderdeel: Voorstel inzake jaarstukken 2020 en concept begroting 2022 GR WSP.","dc_identifier":"nl.gm1954.2c.2021.2832119-9","dc_publisher":"gm1954","dc_source":"https://beekdaelen.bestuurlijkeinformatie.nl/Agenda/Index/c50cd865-3cd5-4e6e-bdfe-a75fb231e5a2","dc_title":"Commissie Sociaal & BV (t/m april 2022) 2021-06-01 - Voorstel inzake jaarstukken 2020 en concept begroting 2022 GR WSP","dc_type":"2c","dc_type_description":"Vergaderstuk decentrale overheid","foi_fairiscoreVersions":{"v1":2,"v2":2},"foi_files":[{"dc_format":"application/pdf","dc_identifier":"nl.gm1954.2c.2021.2832119-9.doc.9","dc_source":"https://api1.ibabs.eu/publicdownload.aspx?site=Beekdaelen&id=5c0e5747-bcc5-41bc-a75a-ccfe62695c7d","dc_title":"MvA VG inzake agenda D3 RV Begroting 2022 met meerjarenraming 2023-2025 GR WSP Parkstad","dc_type":"bijlage","foi_fairiscoreVersions":{"v1":1,"v2":1},"foi_fileName":"MvA%20VG%20inzake%20agenda%20D3%20RV%20Begroting%202022%20met%20meerjarenraming%202023-2025%20GR%20WSP%20Parkstad.pdf","foi_nrPages":1},{"dc_format":"application/pdf","dc_identifier":"nl.gm1954.2c.2021.2832119-9.doc.4","dc_source":"https://api1.ibabs.eu/publicdownload.aspx?site=Beekdaelen&id=113f6a42-a29d-4eb5-b629-8009dbacf2f0","dc_title":"Factsheet Begroting 2022 met meerjarenraming 2023-2025 GR WSP Parkstad","dc_type":"bijlage","foi_fairiscoreVersions":{"v1":1,"v2":1},"foi_fileName":"Z%2F21%2F155600%20-%20262037%20-%20Factsheet%20Begroting%202022%20met%20meerjarenraming%202023-2025%20GR%20WSP%20Parkstad.pdf","foi_nrPages":1},{"dc_format":"application/pdf","dc_identifier":"nl.gm1954.2c.2021.2832119-9.doc.3","dc_source":"https://api1.ibabs.eu/publicdownload.aspx?site=Beekdaelen&id=f6874b77-944a-4c5f-91cc-aa11828ae34f","dc_title":"Begroting 2022 met meerjarenraming 2023-2025 GR WSP Parkstad","dc_type":"bijlage","foi_fairiscoreVersions":{"v1":2,"v2":1},"foi_fileName":"Z%2F21%2F155600%20-%20262039%20-%20Begroting%202022%20met%20meerjarenraming%202023-2025%20GR%20WSP%20Parkstad.pdf","foi_nrPages":29},{"dc_format":"application/pdf","dc_identifier":"nl.gm1954.2c.2021.2832119-9.doc.1","dc_source":"https://api1.ibabs.eu/publicdownload.aspx?site=Beekdaelen&id=0f09acac-15d2-499e-a5fd-f89d4d9a72fc","dc_title":"RV Begroting 2022 met meerjarenraming 2023-2025 GR WSP Parkstad","dc_type":"bijlage","foi_fairiscoreVersions":{"v1":1,"v2":1},"foi_fileName":"Z%2F21%2F155600%20-%20262042%20-%20Raadsvoorstel%20Begroting%202022%20met%20meerjarenraming%202023-2025%20GR%20WSP%20Parkstad.pdf","foi_nrPages":4},{"dc_format":"application/pdf","dc_identifier":"nl.gm1954.2c.2021.2832119-9.doc.2","dc_source":"https://api1.ibabs.eu/publicdownload.aspx?site=Beekdaelen&id=f0d94323-0a8c-4747-9da5-386e24acc4a2","dc_title":"RB Begroting 2022 met meerjarenraming 2023-2025 GR WSP Parkstad vastgesteld raad 22062021","dc_type":"bijlage","foi_fairiscoreVersions":{"v1":1,"v2":1},"foi_fileName":"Z%2F21%2F155600%20-%20262494%20-%20Begroting%202022%20met%20meerjarenraming%202023-2025%20GR%20WSP%20Parkstad.pdf","foi_nrPages":1},{"dc_format":"application/pdf","dc_identifier":"nl.gm1954.2c.2021.2832119-9.doc.5","dc_source":"https://api1.ibabs.eu/publicdownload.aspx?site=Beekdaelen&id=700663e9-ec0c-4657-84ac-9035a4fe5d40","dc_title":"Uitgaande brief aan GR WSP Parkstad inzake raadsbesluit 22 juni 2021","dc_type":"bijlage","foi_fairiscoreVersions":{"v1":1,"v2":1},"foi_fileName":"Z%2F21%2F155600%20-%20262496%20-%20Uitgaande%20brief%20aan%20GR%20WSP%20Parkstad%20inzake%20raadsbesluit%2022%20juni%202021.pdf","foi_nrPages":1},{"dc_format":"application/pdf","dc_identifier":"nl.gm1954.2c.2021.2832119-9.doc.6","dc_source":"https://api1.ibabs.eu/publicdownload.aspx?site=Beekdaelen&id=9a15171b-da26-4dd5-9a48-e30a103299f2","dc_title":"Jaarstukken 2020 GR WSP Parkstad vastgesteld AB WSP 25 maart 2021","dc_type":"bijlage","foi_fairiscoreVersions":{"v1":2,"v2":2},"foi_fileName":"Z%2F21%2F155600%20-%20263889%20-%20Jaarstukken%202020%20GR%20WSP%20Parkstad.pdf","foi_nrPages":38},{"dc_format":"application/pdf","dc_identifier":"nl.gm1954.2c.2021.2832119-9.doc.7","dc_source":"https://api1.ibabs.eu/publicdownload.aspx?site=Beekdaelen&id=0d3dd18a-0376-45e5-8ab2-e4b47214d2ee","dc_title":"Jaarverslag 2020 GR WSP Parkstad vastgesteld AB WSP 25 maart 2021","dc_type":"bijlage","foi_fairiscoreVersions":{"v1":2,"v2":2},"foi_fileName":"Z%2F21%2F155600%20-%20263891%20-%20Jaarverslag%202020%20GR%20WSP%20Parkstad.pdf","foi_nrPages":19},{"dc_format":"application/pdf","dc_identifier":"nl.gm1954.2c.2021.2832119-9.doc.8","dc_source":"https://api1.ibabs.eu/publicdownload.aspx?site=Beekdaelen&id=d282a48e-f799-4ec2-93df-a53a0e9664fe","dc_title":"RIB WSP Parkstad inzake jaarstukken 2020","dc_type":"bijlage","foi_fairiscoreVersions":{"v1":1,"v2":1},"foi_fileName":"Z%2F21%2F155600%20-%20264365%20-%20RIB%20WSP%20Parkstad%20inzake%20jaarstukken%202020.pdf","foi_nrPages":2}],"foi_nrDocuments":9,"foi_nrPagesInDossier":96,"foi_publishedDate":"2021-06-01","foi_retrievedDate":"2026-02-05"},{"dc_creator":"HandelingScraper_v1","dc_date_year":2021,"dc_description":"Vergadering van de Gemeente Beekdaelen op 2021-06-03. Onderdeel: Algemeen.","dc_identifier":"nl.gm1954.2c.2021.2832224-1","dc_publisher":"gm1954","dc_source":"https://beekdaelen.bestuurlijkeinformatie.nl/Agenda/Index/29972dd8-287f-4852-9316-c41d43fbad0e","dc_title":"Commissie Ruimte (t/m april 2022) 2021-06-03 - Algemeen","dc_type":"2c","dc_type_description":"Vergaderstuk decentrale overheid","foi_fairiscoreVersions":{"v1":1,"v2":1},"foi_files":[{"dc_format":"application/pdf","dc_identifier":"nl.gm1954.2c.2021.2832224-1.doc.6","dc_source":"https://api1.ibabs.eu/publicdownload.aspx?site=Beekdaelen&id=29db51c7-83e6-462f-8abb-5ddb0c6df1f9","dc_title":"Aanvullende technische vragen CDA inzake de RES B4","dc_type":"bijlage","foi_fairiscoreVersions":{"v1":1,"v2":1},"foi_fileName":"Aanvullende%20technische%20vragen%20CDA%20inzake%20de%20RES%20B4.pdf","foi_nrPages":2},{"dc_format":"application/pdf","dc_identifier":"nl.gm1954.2c.2021.2832224-1.doc.5","dc_source":"https://api1.ibabs.eu/publicdownload.aspx?site=Beekdaelen&id=b223b27a-aa96-44a6-847e-161c43ba222a","dc_title":"Technische voorvragen CDA Beekdaelen commissies juni 2021","dc_type":"bijlage","foi_fairiscoreVersions":{"v1":1,"v2":1},"foi_fileName":"Technische%20voorvragen%20CDA%20Beekdaelen%20commissies%20juni%202021.pdf","foi_nrPages":4},{"dc_format":"application/pdf","dc_identifier":"nl.gm1954.2c.2021.2832224-1.doc.7","dc_source":"https://api1.ibabs.eu/publicdownload.aspx?site=Beekdaelen&id=016d5803-e6a9-4da1-80da-67c9628bdd4c","dc_title":"Technische voorvragen GL cie Ruimte 3 juni 2021","dc_type":"bijlage","foi_fairiscoreVersions":{"v1":1,"v2":1},"foi_fileName":"Technische%20voorvragen%20GL%20cie%20Ruimte%203%20juni%202021.pdf","foi_nrPages":1},{"dc_format":"application/pdf","dc_identifier":"nl.gm1954.2c.2021.2832224-1.doc.3","dc_source":"https://api1.ibabs.eu/publicdownload.aspx?site=Beekdaelen&id=e558d333-f3a4-4485-bcda-42b0d4de7172","dc_title":"Technische voorvragen PvdA cie ruimte 3 juni 2021","dc_type":"bijlage","foi_fairiscoreVersions":{"v1":1,"v2":1},"foi_fileName":"Technische%20voorvragen%20PvdA%20cie%20ruimte%203%20juni%202021.pdf","foi_nrPages":1},{"dc_format":"application/pdf","dc_identifier":"nl.gm1954.2c.2021.2832224-1.doc.1","dc_source":"https://api1.ibabs.eu/publicdownload.aspx?site=Beekdaelen&id=acb8bb26-e891-4cfb-9c56-ac10af7e5b36","dc_title":"Technische voorvragen VG cie ruimte 3 juni 2021","dc_type":"bijlage","foi_fairiscoreVersions":{"v1":1,"v2":1},"foi_fileName":"Technische%20voorvragen%20VG%20cie%20ruimte%203%20juni%202021.pdf","foi_nrPages":5},{"dc_format":"application/pdf","dc_identifier":"nl.gm1954.2c.2021.2832224-1.doc.2","dc_source":"https://api1.ibabs.eu/publicdownload.aspx?site=Beekdaelen&id=2dfcdfa4-606f-44f5-b11f-5b5d2d516c15","dc_title":"Technische voorvragen VVD cie ruimte 3 juni 2021","dc_type":"bijlage","foi_fairiscoreVersions":{"v1":1,"v2":1},"foi_fileName":"Technische%20voorvragen%20VVD%20cie%20ruimte%203%20juni%202021.pdf","foi_nrPages":2},{"dc_format":"application/pdf","dc_identifier":"nl.gm1954.2c.2021.2832224-1.doc.4","dc_source":"https://api1.ibabs.eu/publicdownload.aspx?site=Beekdaelen&id=d174e95c-77f8-4f03-a913-7ba8c9ddd6f6","dc_title":"Technische vragen BL commissie ruimte 3 juni 2021","dc_type":"bijlage","foi_fairiscoreVersions":{"v1":1,"v2":1},"foi_fileName":"Technische%20vragen%20BL%20commissie%20ruimte%203%20juni%202021.pdf","foi_nrPages":2}],"foi_nrDocuments":7,"foi_nrPagesInDossier":17,"foi_publishedDate":"2021-06-03","foi_retrievedDate":"2026-03-01"},{"dc_creator":"HandelingScraper_v1","dc_date_year":2021,"dc_description":"Vergadering van de Gemeente Beekdaelen op 2021-06-03. Onderdeel: Rondvraag Cluster Ruimte.","dc_identifier":"nl.gm1954.2c.2021.2832224-10","dc_publisher":"gm1954","dc_source":"https://beekdaelen.bestuurlijkeinformatie.nl/Agenda/Index/29972dd8-287f-4852-9316-c41d43fbad0e","dc_title":"Commissie Ruimte (t/m april 2022) 2021-06-03 - Rondvraag Cluster Ruimte","dc_type":"2c","dc_type_description":"Vergaderstuk decentrale overheid","foi_fairiscoreVersions":{"v1":1,"v2":1},"foi_files":[{"dc_format":"application/pdf","dc_identifier":"nl.gm1954.2c.2021.2832224-10.doc.1","dc_source":"https://api1.ibabs.eu/publicdownload.aspx?site=Beekdaelen&id=62d66436-c98f-413f-ae36-353a3a15b9cb","dc_title":"Memorie van Antwoord VG cie. 03062021 - C","dc_type":"bijlage","foi_fairiscoreVersions":{"v1":1,"v2":1},"foi_fileName":"Memorie%20van%20Antwoord%20VG%20cie.%2003062021%20-%20C.pdf","foi_nrPages":1},{"dc_format":"application/pdf","dc_identifier":"nl.gm1954.2c.2021.2832224-10.doc.2","dc_source":"https://api1.ibabs.eu/publicdownload.aspx?site=Beekdaelen&id=40bfc9c0-463f-4452-a00f-664b64de9f72","dc_title":"Vragen fractie CDA tbv rondvraag cluster ruimte d.d 28 april 2021","dc_type":"bijlage","foi_fairiscoreVersions":{"v1":1,"v2":1},"foi_fileName":"Vragen%20fractie%20CDA%20tbv%20rondvraag%20cluster%20ruimte%20d.d%2028%20april%202021.pdf","foi_nrPages":1}],"foi_nrDocuments":2,"foi_nrPagesInDossier":2,"foi_publishedDate":"2021-06-03","foi_retrievedDate":"2026-03-06"},{"dc_creator":"HandelingScraper_v1","dc_date_year":2021,"dc_description":"Vergadering van de Gemeente Beekdaelen op 2021-06-03. Onderdeel: Opening, mededelingen voorzitter en vaststellen agenda.","dc_identifier":"nl.gm1954.2c.2021.2832224-2","dc_publisher":"gm1954","dc_source":"https://beekdaelen.bestuurlijkeinformatie.nl/Agenda/Index/29972dd8-287f-4852-9316-c41d43fbad0e","dc_title":"Commissie Ruimte (t/m april 2022) 2021-06-03 - Opening, mededelingen voorzitter en vaststellen agenda","dc_type":"2c","dc_type_description":"Vergaderstuk decentrale overheid","foi_fairiscoreVersions":{"v1":1,"v2":1},"foi_files":[{"dc_format":"application/pdf","dc_identifier":"nl.gm1954.2c.2021.2832224-2.doc.1","dc_source":"https://api1.ibabs.eu/publicdownload.aspx?site=Beekdaelen&id=20b41dac-de46-41fc-b099-46f2498bc1bf","dc_title":"Uitnodiging en voorlopige agenda cie . Ruimte 03062021","dc_type":"bijlage","foi_fairiscoreVersions":{"v1":1,"v2":1},"foi_fileName":"2021%2006%2003%20Uitnodiging%20en%20voorlopige%20agenda%20cie%20.%20Ruimte.pdf","foi_nrPages":1},{"dc_format":"application/pdf","dc_identifier":"nl.gm1954.2c.2021.2832224-2.doc.2","dc_source":"https://api1.ibabs.eu/publicdownload.aspx?site=Beekdaelen&id=7a6642bd-0e76-4dfa-876f-8cd0fa3f0c5d","dc_title":"Vastgestelde agenda commissie Ruimte 03062021","dc_type":"bijlage","foi_fairiscoreVersions":{"v1":1,"v2":1},"foi_fileName":"Vastgestelde%20agenda%20commissie%20Ruimte%2003062021.pdf","foi_nrPages":1}],"foi_nrDocuments":2,"foi_nrPagesInDossier":2,"foi_publishedDate":"2021-06-03","foi_retrievedDate":"2026-02-05"},{"dc_creator":"HandelingScraper_v1","dc_date_year":2021,"dc_description":"Vergadering van de Gemeente Beekdaelen op 2021-06-03. Onderdeel: Vaststellen actiepuntenlijst van de gecombineerde commissie Sociaal & Bedrijfsvoering/Ruimte d.d. 28 april 2021.","dc_identifier":"nl.gm1954.2c.2021.2832224-3","dc_publisher":"gm1954","dc_source":"https://beekdaelen.bestuurlijkeinformatie.nl/Agenda/Index/29972dd8-287f-4852-9316-c41d43fbad0e","dc_title":"Commissie Ruimte (t/m april 2022) 2021-06-03 - Vaststellen actiepuntenlijst van de gecombineerde commissie Sociaal & Bedrijfsvoering/Ruimte d.d. 28 april 2021","dc_type":"2c","dc_type_description":"Vergaderstuk decentrale overheid","foi_fairiscoreVersions":{"v1":1,"v2":1},"foi_files":[{"dc_format":"application/pdf","dc_identifier":"nl.gm1954.2c.2021.2832224-3.doc.1","dc_source":"https://api1.ibabs.eu/publicdownload.aspx?site=Beekdaelen&id=f64abc56-91a2-49dc-9e5e-296207f6c879","dc_title":"Actiepuntenlijst gecombineerde  commissie 28 april 2021  - vastgesteld 03.06.2021","dc_type":"bijlage","foi_fairiscoreVersions":{"v1":1,"v2":1},"foi_fileName":"2021%2004%2028%20concept%20actiepuntenlijst%20gecomb%20cie%2028%20april%202021%20tbv%20cie%2003062021.pdf","foi_nrPages":5}],"foi_nrDocuments":1,"foi_nrPagesInDossier":5,"foi_publishedDate":"2021-06-03","foi_retrievedDate":"2026-02-11"},{"dc_creator":"HandelingScraper_v1","dc_date_year":2021,"dc_description":"Vergadering van de Gemeente Beekdaelen op 2021-06-03. Onderdeel: Vaststellen lijst van toezeggingen van de commissie Ruimte.","dc_identifier":"nl.gm1954.2c.2021.2832224-4","dc_publisher":"gm1954","dc_source":"https://beekdaelen.bestuurlijkeinformatie.nl/Agenda/Index/29972dd8-287f-4852-9316-c41d43fbad0e","dc_title":"Commissie Ruimte (t/m april 2022) 2021-06-03 - Vaststellen lijst van toezeggingen van de commissie Ruimte","dc_type":"2c","dc_type_description":"Vergaderstuk decentrale overheid","foi_fairiscoreVersions":{"v1":1,"v2":1},"foi_files":[{"dc_format":"application/pdf","dc_identifier":"nl.gm1954.2c.2021.2832224-4.doc.1","dc_source":"https://api1.ibabs.eu/publicdownload.aspx?site=Beekdaelen&id=1642da19-d554-46b0-ac7a-5f5026df2934","dc_title":"Bijgewerkte lijst toezeggingen cie. Ruimte, versie 04052021 Griffie","dc_type":"bijlage","foi_fairiscoreVersions":{"v1":1,"v2":1},"foi_fileName":"Bijgewerkte%20lijst%20toezeggingen%20cie.%20Ruimte_%20versie%2004052021%20Griffie.pdf","foi_nrPages":8}],"foi_nrDocuments":1,"foi_nrPagesInDossier":8,"foi_publishedDate":"2021-06-03","foi_retrievedDate":"2026-03-03"},{"dc_creator":"HandelingScraper_v1","dc_date_year":2021,"dc_description":"Vergadering van de Gemeente Beekdaelen op 2021-06-03. Onderdeel: Voorstel inzake jaarstukken 2020 en concept begroting 2022 GR RUD.","dc_identifier":"nl.gm1954.2c.2021.2832224-5","dc_publisher":"gm1954","dc_source":"https://beekdaelen.bestuurlijkeinformatie.nl/Agenda/Index/29972dd8-287f-4852-9316-c41d43fbad0e","dc_title":"Commissie Ruimte (t/m april 2022) 2021-06-03 - Voorstel inzake jaarstukken 2020 en concept begroting 2022 GR RUD","dc_type":"2c","dc_type_description":"Vergaderstuk decentrale overheid","foi_fairiscoreVersions":{"v1":2,"v2":1},"foi_files":[{"dc_format":"application/pdf","dc_identifier":"nl.gm1954.2c.2021.2832224-5.doc.7","dc_source":"https://api1.ibabs.eu/publicdownload.aspx?site=Beekdaelen&id=3381489a-bccb-424e-a2dd-e7e273ad1850","dc_title":"Memorie van Antwoord BL cie. 03062021 - B1","dc_type":"bijlage","foi_fairiscoreVersions":{"v1":1,"v2":1},"foi_fileName":"Memorie%20van%20Antwoord%20BL%20cie.%2003062021%20-%20B1.pdf","foi_nrPages":1},{"dc_format":"application/pdf","dc_identifier":"nl.gm1954.2c.2021.2832224-5.doc.5","dc_source":"https://api1.ibabs.eu/publicdownload.aspx?site=Beekdaelen&id=1bb99ad9-2915-4970-baac-99354ee58a05","dc_title":"Memorie van Antwoord CDA cie. 03062021 - B1","dc_type":"bijlage","foi_fairiscoreVersions":{"v1":1,"v2":1},"foi_fileName":"Memorie%20van%20Antwoord%20CDA%20cie.%2003062021%20-%20B1.pdf","foi_nrPages":2},{"dc_format":"application/pdf","dc_identifier":"nl.gm1954.2c.2021.2832224-5.doc.6","dc_source":"https://api1.ibabs.eu/publicdownload.aspx?site=Beekdaelen&id=703e9509-64d8-4c71-95a0-3067f97ca223","dc_title":"Memorie van Antwoord VG cie. 03062021 - B1","dc_type":"bijlage","foi_fairiscoreVersions":{"v1":1,"v2":1},"foi_fileName":"Memorie%20van%20Antwoord%20VG%20cie.%2003062021%20-%20B1.pdf","foi_nrPages":1},{"dc_format":"application/pdf","dc_identifier":"nl.gm1954.2c.2021.2832224-5.doc.4","dc_source":"https://api1.ibabs.eu/publicdownload.aspx?site=Beekdaelen&id=83e9c912-08de-461a-b50b-84537240fe96","dc_title":"Jaarrekening 2020","dc_type":"bijlage","foi_fairiscoreVersions":{"v1":2,"v2":1},"foi_fileName":"Z%2F21%2F156815%20-%20262567%20-%20Jaarrekening%202020.pdf","foi_nrPages":57},{"dc_format":"application/pdf","dc_identifier":"nl.gm1954.2c.2021.2832224-5.doc.3","dc_source":"https://api1.ibabs.eu/publicdownload.aspx?site=Beekdaelen&id=48c102d6-ac3e-4d2e-8a4a-4fe31d990706","dc_title":"Ontwerpbegroting 2022","dc_type":"bijlage","foi_fairiscoreVersions":{"v1":2,"v2":1},"foi_fileName":"Z%2F21%2F156815%20-%20262569%20-%20Ontwerpbegroting%202022.pdf","foi_nrPages":49},{"dc_format":"application/pdf","dc_identifier":"nl.gm1954.2c.2021.2832224-5.doc.1","dc_source":"https://api1.ibabs.eu/publicdownload.aspx?site=Beekdaelen&id=3bfc3efa-66f2-4195-b694-a0c5071c2dce","dc_title":"RV inzake jaarrekening 2020 en begroting 2022 RUD","dc_type":"bijlage","foi_fairiscoreVersions":{"v1":1,"v2":1},"foi_fileName":"Z%2F21%2F156815%20-%20263492%20-%20Raadsvoorstel.pdf","foi_nrPages":3},{"dc_format":"application/pdf","dc_identifier":"nl.gm1954.2c.2021.2832224-5.doc.2","dc_source":"https://api1.ibabs.eu/publicdownload.aspx?site=Beekdaelen&id=620ec512-b195-4f25-913b-f5fc14fa6d23","dc_title":"RB inzake jaarrekening 2020 en begroting 2022 RUD","dc_type":"bijlage","foi_fairiscoreVersions":{"v1":1,"v2":1},"foi_fileName":"Z%2F21%2F156815%20-%20263759%20-%20Raadsbesluit.pdf","foi_nrPages":1}],"foi_nrDocuments":7,"foi_nrPagesInDossier":114,"foi_publishedDate":"2021-06-03","foi_retrievedDate":"2026-03-09"},{"dc_creator":"HandelingScraper_v1","dc_date_year":2021,"dc_description":"Vergadering van de Gemeente Beekdaelen op 2021-06-03. Onderdeel: Voorstel inzake startnotitie voor de Omgevingsvisie.","dc_identifier":"nl.gm1954.2c.2021.2832224-6","dc_publisher":"gm1954","dc_source":"https://beekdaelen.bestuurlijkeinformatie.nl/Agenda/Index/29972dd8-287f-4852-9316-c41d43fbad0e","dc_title":"Commissie Ruimte (t/m april 2022) 2021-06-03 - Voorstel inzake startnotitie voor de Omgevingsvisie","dc_type":"2c","dc_type_description":"Vergaderstuk decentrale overheid","foi_fairiscoreVersions":{"v1":2,"v2":2},"foi_files":[{"dc_format":"application/pdf","dc_identifier":"nl.gm1954.2c.2021.2832224-6.doc.10","dc_source":"https://api1.ibabs.eu/publicdownload.aspx?site=Beekdaelen&id=12c5fb72-7a25-47db-bb41-68848ae53864","dc_title":"Bijlage Zienswijzereactie POVI - Stadsregio Parkstad","dc_type":"bijlage","foi_fairiscoreVersions":{"v1":5,"v2":5},"foi_fileName":"Bijlage%208.3%20Zienswijzereactie%20POVI%20-%20Stadsregio%20Parkstad.pdf","foi_nrPages":6},{"dc_format":"application/pdf","dc_identifier":"nl.gm1954.2c.2021.2832224-6.doc.11","dc_source":"https://api1.ibabs.eu/publicdownload.aspx?site=Beekdaelen&id=8f51a0cc-812a-4877-8cdb-a9351a2c07d3","dc_title":"Brief Zienswijze Middengebied Zuid Limburg op ontwerp POVI","dc_type":"bijlage","foi_fairiscoreVersions":{"v1":1,"v2":1},"foi_fileName":"Brief%20Zienswijze%20Middengebied%20Zuid%20Limburg%20op%20ontwerp%20POVI.pdf","foi_nrPages":9},{"dc_format":"application/pdf","dc_identifier":"nl.gm1954.2c.2021.2832224-6.doc.6","dc_source":"https://api1.ibabs.eu/publicdownload.aspx?site=Beekdaelen&id=79f92cf1-c957-46c1-a695-e02bc90f6ba6","dc_title":"Memorie van Antwoord BL cie. 03052021 - B2","dc_type":"bijlage","foi_fairiscoreVersions":{"v1":1,"v2":1},"foi_fileName":"Memorie%20van%20Antwoord%20BL%20cie.%2003052021%20-%20B2%20GEREDIGEERD.pdf","foi_nrPages":2},{"dc_format":"application/pdf","dc_identifier":"nl.gm1954.2c.2021.2832224-6.doc.7","dc_source":"https://api1.ibabs.eu/publicdownload.aspx?site=Beekdaelen&id=68c7b054-0517-47a9-b871-8ea873df32fa","dc_title":"Memorie van Antwoord CDA cie. 03052021 - B2","dc_type":"bijlage","foi_fairiscoreVersions":{"v1":1,"v2":1},"foi_fileName":"Memorie%20van%20Antwoord%20CDA%20cie.%2003052021%20-%20B2%20GEREDIGEERD.pdf","foi_nrPages":3},{"dc_format":"application/pdf","dc_identifier":"nl.gm1954.2c.2021.2832224-6.doc.8","dc_source":"https://api1.ibabs.eu/publicdownload.aspx?site=Beekdaelen&id=70a86204-7d01-4be2-8b70-4e08edc0666e","dc_title":"Memorie van Antwoord PvdA cie. 03052021 - B2","dc_type":"bijlage","foi_fairiscoreVersions":{"v1":1,"v2":1},"foi_fileName":"Memorie%20van%20Antwoord%20PvdA%20cie.%2003052021%20-%20B2%20GEREDIGEERT.pdf","foi_nrPages":1},{"dc_format":"application/pdf","dc_identifier":"nl.gm1954.2c.2021.2832224-6.doc.9","dc_source":"https://api1.ibabs.eu/publicdownload.aspx?site=Beekdaelen&id=d3cebba7-0c40-4e2a-9608-4ed378a54292","dc_title":"Memorie van Antwoord VG cie. 03052021 - B2","dc_type":"bijlage","foi_fairiscoreVersions":{"v1":1,"v2":1},"foi_fileName":"Memorie%20van%20Antwoord%20VG%20cie.%2003052021%20-%20B2%20GEREDIGEERD.pdf","foi_nrPages":2},{"dc_format":"application/pdf","dc_identifier":"nl.gm1954.2c.2021.2832224-6.doc.1","dc_source":"https://api1.ibabs.eu/publicdownload.aspx?site=Beekdaelen&id=3973455c-e06c-4523-9e15-9663da2a3803","dc_title":"RV Startnotitie omgevingsvisie Beekdaelen","dc_type":"bijlage","foi_fairiscoreVersions":{"v1":1,"v2":1},"foi_fileName":"Z%2F21%2F156215%20-%20261224%20-%20Startnotitie%20omgevingsvisie%20Beekdaelen.pdf","foi_nrPages":4},{"dc_format":"application/pdf","dc_identifier":"nl.gm1954.2c.2021.2832224-6.doc.2","dc_source":"https://api1.ibabs.eu/publicdownload.aspx?site=Beekdaelen&id=fbe914d2-f1d0-4083-b0d7-7bff3562738d","dc_title":"RB Startnotitie omgevingsvisie Beekdaelen vastgesteld raad 22062021","dc_type":"bijlage","foi_fairiscoreVersions":{"v1":1,"v2":1},"foi_fileName":"Z%2F21%2F156215%20-%20261225%20-%20Startnotitie%20omgevingsvisie%20Beekdaelen.pdf","foi_nrPages":1},{"dc_format":"application/pdf","dc_identifier":"nl.gm1954.2c.2021.2832224-6.doc.3","dc_source":"https://api1.ibabs.eu/publicdownload.aspx?site=Beekdaelen&id=9c1ad1d1-615e-487a-b595-18f33740c941","dc_title":"Startnotitie omgevingsvisie Beekdaelen","dc_type":"bijlage","foi_fairiscoreVersions":{"v1":2,"v2":2},"foi_fileName":"Z%2F21%2F156215%20-%20261226%20-%20Startnotitie%20omgevingsvisie%20Beekdaelen.pdf","foi_nrPages":20},{"dc_format":"application/pdf","dc_identifier":"nl.gm1954.2c.2021.2832224-6.doc.4","dc_source":"https://api1.ibabs.eu/publicdownload.aspx?site=Beekdaelen&id=5b71a776-62d2-41aa-aea1-1a35c80e078c","dc_title":"Participatieplan inclusief stakeholderanalyse (tabel)","dc_type":"bijlage","foi_fairiscoreVersions":{"v1":2,"v2":1},"foi_fileName":"Z%2F21%2F156215%20-%20264949.pdf","foi_nrPages":3},{"dc_format":"application/pdf","dc_identifier":"nl.gm1954.2c.2021.2832224-6.doc.5","dc_source":"https://api1.ibabs.eu/publicdownload.aspx?site=Beekdaelen&id=13f73f8d-6906-42c4-a9fc-9e361e1c1277","dc_title":"Participatieplan inclusief stakeholderanalyse","dc_type":"bijlage","foi_fairiscoreVersions":{"v1":1,"v2":1},"foi_fileName":"Z%2F21%2F156215%20-%20264949%20-%20Participatieplan%20inclusief%20stakeholderanalyse.pdf","foi_nrPages":2}],"foi_nrDocuments":11,"foi_nrPagesInDossier":53,"foi_publishedDate":"2021-06-03","foi_retrievedDate":"2026-03-02"},{"dc_creator":"HandelingScraper_v1","dc_date_year":2021,"dc_description":"Vergadering van de Gemeente Beekdaelen op 2021-06-03. Onderdeel: Voorstel inzake Jaarstukken 2020 en concept begroting 2022 GR RD4.","dc_identifier":"nl.gm1954.2c.2021.2832224-7","dc_publisher":"gm1954","dc_source":"https://beekdaelen.bestuurlijkeinformatie.nl/Agenda/Index/29972dd8-287f-4852-9316-c41d43fbad0e","dc_title":"Commissie Ruimte (t/m april 2022) 2021-06-03 - Voorstel inzake Jaarstukken 2020 en concept begroting 2022 GR RD4","dc_type":"2c","dc_type_description":"Vergaderstuk decentrale overheid","foi_fairiscoreVersions":{"v1":2,"v2":2},"foi_files":[{"dc_format":"application/pdf","dc_identifier":"nl.gm1954.2c.2021.2832224-7.doc.3","dc_source":"https://api1.ibabs.eu/publicdownload.aspx?site=Beekdaelen&id=94ce78b0-a581-48a0-a3ec-afcedfa18ea8","dc_title":"Begeleidende brief Rd4 inzake jaarrekening 2020","dc_type":"bijlage","foi_fairiscoreVersions":{"v1":2,"v2":2},"foi_fileName":"begeleidende%20brief.pdf","foi_nrPages":1},{"dc_format":"application/pdf","dc_identifier":"nl.gm1954.2c.2021.2832224-7.doc.5","dc_source":"https://api1.ibabs.eu/publicdownload.aspx?site=Beekdaelen&id=4ce4a326-8311-4a57-976d-374bad1eab1a","dc_title":"Begeleidende brief Rd4 inzake begroting 2022","dc_type":"bijlage","foi_fairiscoreVersions":{"v1":2,"v2":2},"foi_fileName":"Begeleidende%20brief.pdf","foi_nrPages":1},{"dc_format":"application/pdf","dc_identifier":"nl.gm1954.2c.2021.2832224-7.doc.7","dc_source":"https://api1.ibabs.eu/publicdownload.aspx?site=Beekdaelen&id=afcb01e0-eabf-4724-8eed-a333044ab15d","dc_title":"Begroting 2022 en meerjarenbegroting 2021 t/m 2025","dc_type":"bijlage","foi_fairiscoreVersions":{"v1":2,"v2":2},"foi_fileName":"Bijlage%3A%20Begroting%202022%20en%20meerjarenbegroting%202021%20t%2Fm%202025.pdf","foi_nrPages":20},{"dc_format":"application/pdf","dc_identifier":"nl.gm1954.2c.2021.2832224-7.doc.6","dc_source":"https://api1.ibabs.eu/publicdownload.aspx?site=Beekdaelen&id=b2c1cf7e-7726-4d9c-8e51-831f4e0de84c","dc_title":"Ontwerpbegroting 2022","dc_type":"bijlage","foi_fairiscoreVersions":{"v1":2,"v2":2},"foi_fileName":"Bijlage%3A%20Ontwerpbegroting%202022.pdf","foi_nrPages":42},{"dc_format":"application/pdf","dc_identifier":"nl.gm1954.2c.2021.2832224-7.doc.10","dc_source":"https://api1.ibabs.eu/publicdownload.aspx?site=Beekdaelen&id=cf8c8388-64d5-4ce5-a9fc-7bac26fba0c3","dc_title":"Memorie van Antwoord BL cie. 03062021 - B3","dc_type":"bijlage","foi_fairiscoreVersions":{"v1":1,"v2":1},"foi_fileName":"Memorie%20van%20Antwoord%20BL%20cie.%2003062021%20-%20B3.pdf","foi_nrPages":1},{"dc_format":"application/pdf","dc_identifier":"nl.gm1954.2c.2021.2832224-7.doc.11","dc_source":"https://api1.ibabs.eu/publicdownload.aspx?site=Beekdaelen&id=572db3e8-3fe8-41ab-97e9-70cf172b481d","dc_title":"Memorie van Antwoord PvdA cie. 03062021 - B3","dc_type":"bijlage","foi_fairiscoreVersions":{"v1":1,"v2":1},"foi_fileName":"Memorie%20van%20Antwoord%20PvdA%20cie.%2003062021%20-%20B3.pdf","foi_nrPages":1},{"dc_format":"application/pdf","dc_identifier":"nl.gm1954.2c.2021.2832224-7.doc.9","dc_source":"https://api1.ibabs.eu/publicdownload.aspx?site=Beekdaelen&id=3f23f6c4-be34-430c-8b62-8cf1066eb218","dc_title":"Memorie van Antwoord VG cie. 03062021 - B3","dc_type":"bijlage","foi_fairiscoreVersions":{"v1":1,"v2":1},"foi_fileName":"Memorie%20van%20Antwoord%20VG%20cie.%2003062021%20-%20B3.pdf","foi_nrPages":1},{"dc_format":"application/pdf","dc_identifier":"nl.gm1954.2c.2021.2832224-7.doc.4","dc_source":"https://api1.ibabs.eu/publicdownload.aspx?site=Beekdaelen&id=b590e538-fbc9-4c53-b50c-06bc87f68377","dc_title":"Rapportage jaarrekening 2020","dc_type":"bijlage","foi_fairiscoreVersions":{"v1":2,"v2":2},"foi_fileName":"rapportage%20jaarrekening%202020.pdf","foi_nrPages":37},{"dc_format":"application/pdf","dc_identifier":"nl.gm1954.2c.2021.2832224-7.doc.1","dc_source":"https://api1.ibabs.eu/publicdownload.aspx?site=Beekdaelen&id=41fd115d-8258-4cc7-ae82-13af23fb7e6d","dc_title":"RV inzake financi\u00eble jaarstukken van de Gemeenschappelijke Regeling Rd4","dc_type":"bijlage","foi_fairiscoreVersions":{"v1":1,"v2":1},"foi_fileName":"Z%2F21%2F157529%20-%20264666%20-%20Financi%C3%ABle%20jaarstukken%20van%20de%20Gemeenschappelijke%20Regeling%20Rd4.pdf","foi_nrPages":4},{"dc_format":"application/pdf","dc_identifier":"nl.gm1954.2c.2021.2832224-7.doc.2","dc_source":"https://api1.ibabs.eu/publicdownload.aspx?site=Beekdaelen&id=531e1154-a05b-4d21-b22e-a45c37581078","dc_title":"RB inzake financi\u00eble jaarstukken van de Gemeenschappelijke Regeling Rd4 vastgesteld raad 22062021","dc_type":"bijlage","foi_fairiscoreVersions":{"v1":1,"v2":1},"foi_fileName":"Z%2F21%2F157529%20-%20264669%20-%20Financi%C3%ABle%20jaarstukken%20van%20de%20Gemeenschappelijke%20Regeling%20Rd4.pdf","foi_nrPages":1},{"dc_format":"application/pdf","dc_identifier":"nl.gm1954.2c.2021.2832224-7.doc.8","dc_source":"https://api1.ibabs.eu/publicdownload.aspx?site=Beekdaelen&id=9eb10cf9-c086-4097-ad2e-5942698b41c2","dc_title":"Concept reactiebrief Financi\u00eble jaarstukken Gemeenschappelijke Regeling Rd4","dc_type":"bijlage","foi_fairiscoreVersions":{"v1":1,"v2":1},"foi_fileName":"Z%2F21%2F157529%20-%20264672%20-%20Financi%C3%ABle%20jaarstukken%20Gemeenschappelijke%20Regeling%20Rd4.pdf","foi_nrPages":1}],"foi_nrDocuments":11,"foi_nrPagesInDossier":110,"foi_publishedDate":"2021-06-03","foi_retrievedDate":"2026-03-05"},{"dc_creator":"HandelingScraper_v1","dc_date_year":2021,"dc_description":"Vergadering van de Gemeente Beekdaelen op 2021-06-03. Onderdeel: Voorstel inzake Regionale Energiestrategie.","dc_identifier":"nl.gm1954.2c.2021.2832224-8","dc_publisher":"gm1954","dc_source":"https://beekdaelen.bestuurlijkeinformatie.nl/Agenda/Index/29972dd8-287f-4852-9316-c41d43fbad0e","dc_title":"Commissie Ruimte (t/m april 2022) 2021-06-03 - Voorstel inzake Regionale Energiestrategie","dc_type":"2c","dc_type_description":"Vergaderstuk decentrale overheid","foi_fairiscoreVersions":{"v1":2,"v2":1},"foi_files":[{"dc_format":"application/pdf","dc_identifier":"nl.gm1954.2c.2021.2832224-8.doc.4","dc_source":"https://api1.ibabs.eu/publicdownload.aspx?site=Beekdaelen&id=622305a0-27cf-47a9-8cd2-7e50467fb345","dc_title":"Het bod van Beekdaelen; beschrijving concrete locaties en zoekgebieden","dc_type":"bijlage","foi_fairiscoreVersions":{"v1":1,"v2":1},"foi_fileName":"Het%20bod%20van%20Beekdaelen%20Bijlage%20bij%20RES.pdf","foi_nrPages":3},{"dc_format":"application/pdf","dc_identifier":"nl.gm1954.2c.2021.2832224-8.doc.7","dc_source":"https://api1.ibabs.eu/publicdownload.aspx?site=Beekdaelen&id=c907a7e3-b276-499b-a222-02ad0322144e","dc_title":"Memorie van Antwoord BL cie. 03052021 - B4","dc_type":"bijlage","foi_fairiscoreVersions":{"v1":1,"v2":1},"foi_fileName":"Memorie%20van%20Antwoord%20BL%20cie.%2003052021%20-%20B4.pdf","foi_nrPages":4},{"dc_format":"application/pdf","dc_identifier":"nl.gm1954.2c.2021.2832224-8.doc.5","dc_source":"https://api1.ibabs.eu/publicdownload.aspx?site=Beekdaelen&id=79152ec0-092c-4595-af8b-528e09f2eac5","dc_title":"Memorie van Antwoord CDA cie. 03062021 - B4 AANGEPAST","dc_type":"bijlage","foi_fairiscoreVersions":{"v1":1,"v2":1},"foi_fileName":"Memorie%20van%20Antwoord%20CDA%20cie.%2003062021%20-%20B4%20AANGEPAST.pdf","foi_nrPages":7},{"dc_format":"application/pdf","dc_identifier":"nl.gm1954.2c.2021.2832224-8.doc.8","dc_source":"https://api1.ibabs.eu/publicdownload.aspx?site=Beekdaelen&id=bcf3986d-a4ef-4060-85bd-9c444fada49a","dc_title":"Memorie van Antwoord GL cie. 03062021 - B4","dc_type":"bijlage","foi_fairiscoreVersions":{"v1":1,"v2":1},"foi_fileName":"Memorie%20van%20Antwoord%20GL%20cie.%2003062021%20-%20B4.pdf","foi_nrPages":1},{"dc_format":"application/pdf","dc_identifier":"nl.gm1954.2c.2021.2832224-8.doc.6","dc_source":"https://api1.ibabs.eu/publicdownload.aspx?site=Beekdaelen&id=7324844e-ca2f-4ce9-b3bb-1662fa5f0954","dc_title":"Memorie van Antwoord VG cie. 03052021 - B4","dc_type":"bijlage","foi_fairiscoreVersions":{"v1":1,"v2":1},"foi_fileName":"Memorie%20van%20Antwoord%20VG%20cie.%2003052021%20-%20B4.pdf","foi_nrPages":7},{"dc_format":"application/pdf","dc_identifier":"nl.gm1954.2c.2021.2832224-8.doc.2","dc_source":"https://api1.ibabs.eu/publicdownload.aspx?site=Beekdaelen&id=0fb81b93-16ea-4f79-8511-6c3dd73f464e","dc_title":"RB Regionale Energiestrategie 1.0 Zuid-Limburg VERVALLEN","dc_type":"bijlage","foi_fairiscoreVersions":{"v1":1,"v2":1},"foi_fileName":"Z%2F21%2F156081%20-%20260873%20-%20Regionaal%20Energiestrategie%201.pdf","foi_nrPages":1},{"dc_format":"application/pdf","dc_identifier":"nl.gm1954.2c.2021.2832224-8.doc.3","dc_source":"https://api1.ibabs.eu/publicdownload.aspx?site=Beekdaelen&id=e065ea6a-6cde-4f1a-9b6c-a60a177af5df","dc_title":"Regionale Energie Strategie 1.0 Zuid Limburg","dc_type":"bijlage","foi_fairiscoreVersions":{"v1":2,"v2":1},"foi_fileName":"Z%2F21%2F156081%20-%20260876.pdf","foi_nrPages":122},{"dc_format":"application/pdf","dc_identifier":"nl.gm1954.2c.2021.2832224-8.doc.1","dc_source":"https://api1.ibabs.eu/publicdownload.aspx?site=Beekdaelen&id=23cd360d-b5b8-4742-a7fc-2cd9bb1bd206","dc_title":"RV Regionale Energie Strategie 1.0 Zuid Limburg","dc_type":"bijlage","foi_fairiscoreVersions":{"v1":1,"v2":1},"foi_fileName":"Z%2F21%2F156081%20-%20263411%20-%20Raadsvoorstel%20RES.pdf","foi_nrPages":11}],"foi_nrDocuments":8,"foi_nrPagesInDossier":156,"foi_publishedDate":"2021-06-03","foi_retrievedDate":"2026-03-11"},{"dc_creator":"HandelingScraper_v1","dc_date_year":2021,"dc_description":"Vergadering van de Gemeente Beekdaelen op 2021-06-03. Onderdeel: Voorstel inzake krediet woonwagenlocatie Veeweg.","dc_identifier":"nl.gm1954.2c.2021.2832224-9","dc_publisher":"gm1954","dc_source":"https://beekdaelen.bestuurlijkeinformatie.nl/Agenda/Index/29972dd8-287f-4852-9316-c41d43fbad0e","dc_title":"Commissie Ruimte (t/m april 2022) 2021-06-03 - Voorstel inzake krediet woonwagenlocatie Veeweg","dc_type":"2c","dc_type_description":"Vergaderstuk decentrale overheid","foi_fairiscoreVersions":{"v1":2,"v2":2},"foi_files":[{"dc_format":"application/pdf","dc_identifier":"nl.gm1954.2c.2021.2832224-9.doc.10","dc_source":"https://api1.ibabs.eu/publicdownload.aspx?site=Beekdaelen&id=8915a191-37fa-4995-a1a1-c72c5f3b07e8","dc_title":"Aanvullende notitie n.a.v. vragen inzake agendapunt B5 cie. 03062021","dc_type":"bijlage","foi_fairiscoreVersions":{"v1":1,"v2":1},"foi_fileName":"Aanvullende%20notitie%20n.a.v.%20vragen%20inzake%20agendapunt%20B5%20cie.%2003062021.pdf","foi_nrPages":2},{"dc_format":"application/pdf","dc_identifier":"nl.gm1954.2c.2021.2832224-9.doc.4","dc_source":"https://api1.ibabs.eu/publicdownload.aspx?site=Beekdaelen&id=c8064f6b-ec02-4ba6-a701-f54152b16f18","dc_title":"Memorie van Antwoord BL cie. 03062021 - B5","dc_type":"bijlage","foi_fairiscoreVersions":{"v1":1,"v2":1},"foi_fileName":"Memorie%20van%20Antwoord%20BL%20cie.%2003062021%20-%20B5.pdf","foi_nrPages":1},{"dc_format":"application/pdf","dc_identifier":"nl.gm1954.2c.2021.2832224-9.doc.5","dc_source":"https://api1.ibabs.eu/publicdownload.aspx?site=Beekdaelen&id=8964d368-1627-4713-8dc4-ab163c5bcc32","dc_title":"Memorie van Antwoord CDA cie. 03062021 - B5","dc_type":"bijlage","foi_fairiscoreVersions":{"v1":1,"v2":1},"foi_fileName":"Memorie%20van%20Antwoord%20CDA%20cie.%2003062021%20-%20B5.pdf","foi_nrPages":2},{"dc_format":"application/pdf","dc_identifier":"nl.gm1954.2c.2021.2832224-9.doc.6","dc_source":"https://api1.ibabs.eu/publicdownload.aspx?site=Beekdaelen&id=d1bcf7f2-51fc-45a7-b11c-b8c2634ecddc","dc_title":"Memorie van Antwoord GL cie. 03062021 - B5","dc_type":"bijlage","foi_fairiscoreVersions":{"v1":1,"v2":1},"foi_fileName":"Memorie%20van%20Antwoord%20GL%20cie.%2003062021%20-%20B5.pdf","foi_nrPages":1},{"dc_format":"application/pdf","dc_identifier":"nl.gm1954.2c.2021.2832224-9.doc.7","dc_source":"https://api1.ibabs.eu/publicdownload.aspx?site=Beekdaelen&id=9a34b0c5-ba64-4eef-a1ba-9551ded76128","dc_title":"Memorie van Antwoord PvdA cie. 03062021 - B5","dc_type":"bijlage","foi_fairiscoreVersions":{"v1":1,"v2":1},"foi_fileName":"Memorie%20van%20Antwoord%20PvdA%20cie.%2003062021%20-%20B5.pdf","foi_nrPages":1},{"dc_format":"application/pdf","dc_identifier":"nl.gm1954.2c.2021.2832224-9.doc.8","dc_source":"https://api1.ibabs.eu/publicdownload.aspx?site=Beekdaelen&id=4b538d97-7d76-4b3c-95fd-3e80e89586c9","dc_title":"Memorie van Antwoord VG cie. 03062021 - B5","dc_type":"bijlage","foi_fairiscoreVersions":{"v1":1,"v2":1},"foi_fileName":"Memorie%20van%20Antwoord%20VG%20cie.%2003062021%20-%20B5.pdf","foi_nrPages":4},{"dc_format":"application/pdf","dc_identifier":"nl.gm1954.2c.2021.2832224-9.doc.9","dc_source":"https://api1.ibabs.eu/publicdownload.aspx?site=Beekdaelen&id=3ad21070-4560-4ab1-b1fb-609cee9056b1","dc_title":"Memorie van Antwoord VVD cie. 03062021 - B5","dc_type":"bijlage","foi_fairiscoreVersions":{"v1":1,"v2":1},"foi_fileName":"Memorie%20van%20Antwoord%20VVD%20cie.%2003062021%20-%20B5.pdf","foi_nrPages":4},{"dc_format":"application/pdf","dc_identifier":"nl.gm1954.2c.2021.2832224-9.doc.11","dc_source":"https://api1.ibabs.eu/publicdownload.aspx?site=Beekdaelen&id=2ed9160b-d953-4b89-b62a-bea38698e980","dc_title":"Kadastrale situatie Veeweg Schinnen (gearceerde deel is eigendom gemeente)","dc_type":"bijlage","foi_fairiscoreVersions":{"v1":2,"v2":2},"foi_fileName":"Scan%20situatie%20Veeweg%20Schinnen_1..pdf","foi_nrPages":1},{"dc_format":"application/pdf","dc_identifier":"nl.gm1954.2c.2021.2832224-9.doc.3","dc_source":"https://api1.ibabs.eu/publicdownload.aspx?site=Beekdaelen&id=f8c2c0ed-abbc-4c7c-81d7-ecf4f3b0990e","dc_title":"Begrotingswijziging 4.1","dc_type":"bijlage","foi_fairiscoreVersions":{"v1":1,"v2":1},"foi_fileName":"Z%2F19%2F126656%20-%20254098%20-%20bijlage%206Begrotingswijziging%204.pdf","foi_nrPages":1},{"dc_format":"application/pdf","dc_identifier":"nl.gm1954.2c.2021.2832224-9.doc.1","dc_source":"https://api1.ibabs.eu/publicdownload.aspx?site=Beekdaelen&id=5b949237-c496-4a96-a78b-c7f3a5389e29","dc_title":"RV Woonwagenlocatie Veeweg","dc_type":"bijlage","foi_fairiscoreVersions":{"v1":1,"v2":1},"foi_fileName":"Z%2F19%2F126656%20-%20255826%20-%20Raadsvoorstel%20Woonwagenlocatie%20Veeweg.pdf","foi_nrPages":4},{"dc_format":"application/pdf","dc_identifier":"nl.gm1954.2c.2021.2832224-9.doc.2","dc_source":"https://api1.ibabs.eu/publicdownload.aspx?site=Beekdaelen&id=adceffa5-1323-4fc7-aadf-1c9f215c9d7c","dc_title":"RB Woonwagenlocatie Veeweg","dc_type":"bijlage","foi_fairiscoreVersions":{"v1":1,"v2":1},"foi_fileName":"Z%2F19%2F126656%20-%20256648%20-%20Raadsbesluit%20Woonwagenlocatie%20Veeweg.pdf","foi_nrPages":1}],"foi_nrDocuments":11,"foi_nrPagesInDossier":22,"foi_publishedDate":"2021-06-03","foi_retrievedDate":"2026-03-02"},{"dc_creator":"HandelingScraper_v1","dc_date_year":2021,"dc_description":"Vergadering van de Gemeente Beekdaelen op 2021-06-22. Onderdeel: Opening.","dc_identifier":"nl.gm1954.2c.2021.2832296-1","dc_publisher":"gm1954","dc_source":"https://beekdaelen.bestuurlijkeinformatie.nl/Agenda/Index/2372ba38-f483-4df5-bdcb-c3b9de29983b","dc_title":"Raadsvergadering 2021-06-22 - Opening","dc_type":"2c","dc_type_description":"Vergaderstuk decentrale overheid","foi_fairiscoreVersions":{"v1":1,"v2":1},"foi_files":[{"dc_format":"application/pdf","dc_identifier":"nl.gm1954.2c.2021.2832296-1.doc.1","dc_source":"https://api1.ibabs.eu/publicdownload.aspx?site=Beekdaelen&id=25d7e0c7-bee3-411d-81ee-8123a0e5e980","dc_title":"Uitnodiging en concept agenda raadsvergadering 22 juni 2021","dc_type":"bijlage","foi_fairiscoreVersions":{"v1":1,"v2":1},"foi_fileName":"Uitnodiging%20en%20concept%20agenda%20raadsvergadering%2022%20juni%202021.pdf","foi_nrPages":2}],"foi_nrDocuments":1,"foi_nrPagesInDossier":2,"foi_publishedDate":"2021-06-22","foi_retrievedDate":"2026-01-22"},{"dc_creator":"HandelingScraper_v1","dc_date_year":2021,"dc_description":"Vergadering van de Gemeente Beekdaelen op 2021-06-22. Onderdeel: Voorstel inzake Jaarstukken 2020, concept begrotingswijziging 2021-1 en de begroting 2022 ev. GR Omnibuzz.","dc_identifier":"nl.gm1954.2c.2021.2832296-10","dc_publisher":"gm1954","dc_source":"https://beekdaelen.bestuurlijkeinformatie.nl/Agenda/Index/2372ba38-f483-4df5-bdcb-c3b9de29983b","dc_title":"Raadsvergadering 2021-06-22 - Voorstel inzake Jaarstukken 2020, concept begrotingswijziging 2021-1 en de begroting 2022 ev. GR Omnibuzz","dc_type":"2c","dc_type_description":"Vergaderstuk decentrale overheid","foi_fairiscoreVersions":{"v1":2,"v2":2},"foi_files":[{"dc_format":"application/pdf","dc_identifier":"nl.gm1954.2c.2021.2832296-10.doc.1","dc_source":"https://api1.ibabs.eu/publicdownload.aspx?site=Beekdaelen&id=c279aa80-457d-45b4-a039-31e42b9337e3","dc_title":"Raadsvoorstel Verantwoording gemeenschappelijke regeling Omnibuzz","dc_type":"bijlage","foi_fairiscoreVersions":{"v1":1,"v2":1},"foi_fileName":"Raadsvoorstel%20Verantwoording%20gemeenschappelijke%20regeling%20Omnibuzz.pdf","foi_nrPages":5},{"dc_format":"application/pdf","dc_identifier":"nl.gm1954.2c.2021.2832296-10.doc.3","dc_source":"https://api1.ibabs.eu/publicdownload.aspx?site=Beekdaelen&id=d26c9b07-5b3e-421a-99f1-1858505e8e74","dc_title":"Aanbiedingsbrief Omnibuzz","dc_type":"bijlage","foi_fairiscoreVersions":{"v1":1,"v2":1},"foi_fileName":"Z%2F21%2F157344%20-%20263768.pdf","foi_nrPages":3},{"dc_format":"application/pdf","dc_identifier":"nl.gm1954.2c.2021.2832296-10.doc.5","dc_source":"https://api1.ibabs.eu/publicdownload.aspx?site=Beekdaelen&id=ca833de7-993a-4790-8578-cfb46481ab49","dc_title":"Begrotingswijziging 2021 Omnibuzz","dc_type":"bijlage","foi_fairiscoreVersions":{"v1":2,"v2":2},"foi_fileName":"Z%2F21%2F157344%20-%20263768.pdf","foi_nrPages":29},{"dc_format":"application/pdf","dc_identifier":"nl.gm1954.2c.2021.2832296-10.doc.6","dc_source":"https://api1.ibabs.eu/publicdownload.aspx?site=Beekdaelen&id=fd04c786-7c97-4f4b-a8ef-b3fd28cc1e78","dc_title":"Begroting 2022 en meerjrarenraming Omnibuzz","dc_type":"bijlage","foi_fairiscoreVersions":{"v1":2,"v2":2},"foi_fileName":"Z%2F21%2F157344%20-%20263768.pdf","foi_nrPages":38},{"dc_format":"application/pdf","dc_identifier":"nl.gm1954.2c.2021.2832296-10.doc.7","dc_source":"https://api1.ibabs.eu/publicdownload.aspx?site=Beekdaelen&id=ba3486da-ab9d-4136-b810-208530f2359a","dc_title":"Uitgangspuntennotitie Omnibuzz","dc_type":"bijlage","foi_fairiscoreVersions":{"v1":2,"v2":1},"foi_fileName":"Z%2F21%2F157344%20-%20263768.pdf","foi_nrPages":12},{"dc_format":"application/pdf","dc_identifier":"nl.gm1954.2c.2021.2832296-10.doc.4","dc_source":"https://api1.ibabs.eu/publicdownload.aspx?site=Beekdaelen&id=deae60c1-0379-4b3d-a0fe-509815dafde9","dc_title":"Jaarverslag 2020 Omnibuzz","dc_type":"bijlage","foi_fairiscoreVersions":{"v1":2,"v2":2},"foi_fileName":"Z%2F21%2F157344%20-%20263768%20-.pdf","foi_nrPages":51},{"dc_format":"application/pdf","dc_identifier":"nl.gm1954.2c.2021.2832296-10.doc.2","dc_source":"https://api1.ibabs.eu/publicdownload.aspx?site=Beekdaelen&id=d86cc4c9-44b1-45d4-9e7e-d172eec96613","dc_title":"Raadsbesluit inzake concept jaarrekening 2020, concept begroting (wijziging) 2021-1 en 2022 e.v. vastgesteld raad 22062021","dc_type":"bijlage","foi_fairiscoreVersions":{"v1":1,"v2":1},"foi_fileName":"Z%2F21%2F157344%20-%20264108%20-%20Verantwoording%20gemeenschappelijke%20regeling%20Omnibuzz%20-%20de%20concept%20jaarrekening%202020_%20de%20concept%20begroting%20%28wijziging%29%202021-1%20en%202022%20e.v.pdf","foi_nrPages":1}],"foi_nrDocuments":7,"foi_nrPagesInDossier":139,"foi_publishedDate":"2021-06-22","foi_retrievedDate":"2026-03-01"},{"dc_creator":"HandelingScraper_v1","dc_date_year":2021,"dc_description":"Vergadering van de Gemeente Beekdaelen op 2021-06-22. Onderdeel: Voorstel inzake Jaarstukken 2020 en Begroting 2022 e.v. GR RUD.","dc_identifier":"nl.gm1954.2c.2021.2832296-11","dc_publisher":"gm1954","dc_source":"https://beekdaelen.bestuurlijkeinformatie.nl/Agenda/Index/2372ba38-f483-4df5-bdcb-c3b9de29983b","dc_title":"Raadsvergadering 2021-06-22 - Voorstel inzake Jaarstukken 2020 en Begroting 2022 e.v. GR RUD","dc_type":"2c","dc_type_description":"Vergaderstuk decentrale overheid","foi_fairiscoreVersions":{"v1":2,"v2":1},"foi_files":[{"dc_format":"application/pdf","dc_identifier":"nl.gm1954.2c.2021.2832296-11.doc.5","dc_source":"https://api1.ibabs.eu/publicdownload.aspx?site=Beekdaelen&id=303a716c-08ae-4dc6-8b25-80ee4bf1bf25","dc_title":"Bijlage 3: Specificatie indirecte kosten 2022","dc_type":"bijlage","foi_fairiscoreVersions":{"v1":1,"v2":1},"foi_fileName":"specificatie%20indirecte%20kosten%202022.pdf","foi_nrPages":1},{"dc_format":"application/pdf","dc_identifier":"nl.gm1954.2c.2021.2832296-11.doc.4","dc_source":"https://api1.ibabs.eu/publicdownload.aspx?site=Beekdaelen&id=a05e9f53-7c71-425c-98e1-f26aa1fe0df6","dc_title":"Bijlage 2: Jaarrekening 2020","dc_type":"bijlage","foi_fairiscoreVersions":{"v1":2,"v2":1},"foi_fileName":"Z%2F21%2F156815%20-%20262567%20-%20Jaarrekening%202020.pdf","foi_nrPages":57},{"dc_format":"application/pdf","dc_identifier":"nl.gm1954.2c.2021.2832296-11.doc.3","dc_source":"https://api1.ibabs.eu/publicdownload.aspx?site=Beekdaelen&id=76bb8e9c-ff59-4361-8b04-5eaece1540be","dc_title":"bijlage 1: Ontwerpbegroting 2022","dc_type":"bijlage","foi_fairiscoreVersions":{"v1":2,"v2":1},"foi_fileName":"Z%2F21%2F156815%20-%20262569%20-%20Ontwerpbegroting%202022.pdf","foi_nrPages":49},{"dc_format":"application/pdf","dc_identifier":"nl.gm1954.2c.2021.2832296-11.doc.1","dc_source":"https://api1.ibabs.eu/publicdownload.aspx?site=Beekdaelen&id=80a9a565-2daa-4c45-9245-d9a8fea3c6d4","dc_title":"Raadsvoorstel Jaarstukken en Begroting 2022 e.v. GR RUD","dc_type":"bijlage","foi_fairiscoreVersions":{"v1":1,"v2":1},"foi_fileName":"Z%2F21%2F156815%20-%20263492%20-%20Raadsvoorstel.pdf","foi_nrPages":3},{"dc_format":"application/pdf","dc_identifier":"nl.gm1954.2c.2021.2832296-11.doc.2","dc_source":"https://api1.ibabs.eu/publicdownload.aspx?site=Beekdaelen&id=93b9f3cd-ac0c-4955-bea9-e591dcc3e712","dc_title":"Raadsbesluit Jaarstukken en Begroting 2022 e.v. GR RUD  vastgesteld raad 22062021","dc_type":"bijlage","foi_fairiscoreVersions":{"v1":1,"v2":1},"foi_fileName":"Z%2F21%2F156815%20-%20263759%20-%20Raadsbesluit.pdf","foi_nrPages":1}],"foi_nrDocuments":5,"foi_nrPagesInDossier":111,"foi_publishedDate":"2021-06-22","foi_retrievedDate":"2026-03-01"},{"dc_creator":"HandelingScraper_v1","dc_date_year":2021,"dc_description":"Vergadering van de Gemeente Beekdaelen op 2021-06-22. Onderdeel: Voorstel inzake Jaarstukken 2020 en concept begroting 2022 GR RD4.","dc_identifier":"nl.gm1954.2c.2021.2832296-12","dc_publisher":"gm1954","dc_source":"https://beekdaelen.bestuurlijkeinformatie.nl/Agenda/Index/2372ba38-f483-4df5-bdcb-c3b9de29983b","dc_title":"Raadsvergadering 2021-06-22 - Voorstel inzake Jaarstukken 2020 en concept begroting 2022 GR RD4","dc_type":"2c","dc_type_description":"Vergaderstuk decentrale overheid","foi_fairiscoreVersions":{"v1":2,"v2":2},"foi_files":[{"dc_format":"application/pdf","dc_identifier":"nl.gm1954.2c.2021.2832296-12.doc.3","dc_source":"https://api1.ibabs.eu/publicdownload.aspx?site=Beekdaelen&id=94ce78b0-a581-48a0-a3ec-afcedfa18ea8","dc_title":"Begeleidende brief Rd4 inzake jaarrekening 2020","dc_type":"bijlage","foi_fairiscoreVersions":{"v1":2,"v2":2},"foi_fileName":"begeleidende%20brief.pdf","foi_nrPages":1},{"dc_format":"application/pdf","dc_identifier":"nl.gm1954.2c.2021.2832296-12.doc.5","dc_source":"https://api1.ibabs.eu/publicdownload.aspx?site=Beekdaelen&id=4ce4a326-8311-4a57-976d-374bad1eab1a","dc_title":"Begeleidende brief Rd4 inzake begroting 2022","dc_type":"bijlage","foi_fairiscoreVersions":{"v1":2,"v2":2},"foi_fileName":"Begeleidende%20brief.pdf","foi_nrPages":1},{"dc_format":"application/pdf","dc_identifier":"nl.gm1954.2c.2021.2832296-12.doc.7","dc_source":"https://api1.ibabs.eu/publicdownload.aspx?site=Beekdaelen&id=afcb01e0-eabf-4724-8eed-a333044ab15d","dc_title":"Begroting 2022 en meerjarenbegroting 2021 t/m 2025","dc_type":"bijlage","foi_fairiscoreVersions":{"v1":2,"v2":2},"foi_fileName":"Bijlage%3A%20Begroting%202022%20en%20meerjarenbegroting%202021%20t%2Fm%202025.pdf","foi_nrPages":20},{"dc_format":"application/pdf","dc_identifier":"nl.gm1954.2c.2021.2832296-12.doc.6","dc_source":"https://api1.ibabs.eu/publicdownload.aspx?site=Beekdaelen&id=b2c1cf7e-7726-4d9c-8e51-831f4e0de84c","dc_title":"Ontwerpbegroting 2022","dc_type":"bijlage","foi_fairiscoreVersions":{"v1":2,"v2":2},"foi_fileName":"Bijlage%3A%20Ontwerpbegroting%202022.pdf","foi_nrPages":42},{"dc_format":"application/pdf","dc_identifier":"nl.gm1954.2c.2021.2832296-12.doc.4","dc_source":"https://api1.ibabs.eu/publicdownload.aspx?site=Beekdaelen&id=b590e538-fbc9-4c53-b50c-06bc87f68377","dc_title":"Rapportage jaarrekening 2020","dc_type":"bijlage","foi_fairiscoreVersions":{"v1":2,"v2":2},"foi_fileName":"rapportage%20jaarrekening%202020.pdf","foi_nrPages":37},{"dc_format":"application/pdf","dc_identifier":"nl.gm1954.2c.2021.2832296-12.doc.1","dc_source":"https://api1.ibabs.eu/publicdownload.aspx?site=Beekdaelen&id=41fd115d-8258-4cc7-ae82-13af23fb7e6d","dc_title":"RV inzake financi\u00eble jaarstukken van de Gemeenschappelijke Regeling Rd4","dc_type":"bijlage","foi_fairiscoreVersions":{"v1":1,"v2":1},"foi_fileName":"Z%2F21%2F157529%20-%20264666%20-%20Financi%C3%ABle%20jaarstukken%20van%20de%20Gemeenschappelijke%20Regeling%20Rd4.pdf","foi_nrPages":4},{"dc_format":"application/pdf","dc_identifier":"nl.gm1954.2c.2021.2832296-12.doc.2","dc_source":"https://api1.ibabs.eu/publicdownload.aspx?site=Beekdaelen&id=531e1154-a05b-4d21-b22e-a45c37581078","dc_title":"RB inzake financi\u00eble jaarstukken van de Gemeenschappelijke Regeling Rd4 vastgesteld raad 22062021","dc_type":"bijlage","foi_fairiscoreVersions":{"v1":1,"v2":1},"foi_fileName":"Z%2F21%2F157529%20-%20264669%20-%20Financi%C3%ABle%20jaarstukken%20van%20de%20Gemeenschappelijke%20Regeling%20Rd4.pdf","foi_nrPages":1},{"dc_format":"application/pdf","dc_identifier":"nl.gm1954.2c.2021.2832296-12.doc.8","dc_source":"https://api1.ibabs.eu/publicdownload.aspx?site=Beekdaelen&id=9eb10cf9-c086-4097-ad2e-5942698b41c2","dc_title":"Concept reactiebrief Financi\u00eble jaarstukken Gemeenschappelijke Regeling Rd4","dc_type":"bijlage","foi_fairiscoreVersions":{"v1":1,"v2":1},"foi_fileName":"Z%2F21%2F157529%20-%20264672%20-%20Financi%C3%ABle%20jaarstukken%20Gemeenschappelijke%20Regeling%20Rd4.pdf","foi_nrPages":1}],"foi_nrDocuments":8,"foi_nrPagesInDossier":107,"foi_publishedDate":"2021-06-22","foi_retrievedDate":"2025-12-05"},{"dc_creator":"HandelingScraper_v1","dc_date_year":2021,"dc_description":"Vergadering van de Gemeente Beekdaelen op 2021-06-22. Onderdeel: Voorstel inzake ontslag raadscommissielid namens D66.","dc_identifier":"nl.gm1954.2c.2021.2832296-13","dc_publisher":"gm1954","dc_source":"https://beekdaelen.bestuurlijkeinformatie.nl/Agenda/Index/2372ba38-f483-4df5-bdcb-c3b9de29983b","dc_title":"Raadsvergadering 2021-06-22 - Voorstel inzake ontslag raadscommissielid namens D66","dc_type":"2c","dc_type_description":"Vergaderstuk decentrale overheid","foi_fairiscoreVersions":{"v1":1,"v2":1},"foi_files":[{"dc_format":"application/pdf","dc_identifier":"nl.gm1954.2c.2021.2832296-13.doc.2","dc_source":"https://api1.ibabs.eu/publicdownload.aspx?site=Beekdaelen&id=1265662c-9389-4368-ac8e-d80ca5e8c9ba","dc_title":"Raadsbesluit verlenen ontslag aan raadscommissielid fractie D66 vastgesteld raad 22062021","dc_type":"bijlage","foi_fairiscoreVersions":{"v1":1,"v2":1},"foi_fileName":"Raadsbesluit%20verlenen%20ontslag%20aan%20raadscommissielid%20fractie%20D%2766.pdf","foi_nrPages":1},{"dc_format":"application/pdf","dc_identifier":"nl.gm1954.2c.2021.2832296-13.doc.1","dc_source":"https://api1.ibabs.eu/publicdownload.aspx?site=Beekdaelen&id=cb895d03-73e1-4833-b8e4-5346fd1e4d95","dc_title":"Raadsvoorstel verlenen ontslag aan raadscommissielid fractie D66","dc_type":"bijlage","foi_fairiscoreVersions":{"v1":1,"v2":1},"foi_fileName":"Raadsvoorstel%20verlenen%20ontslag%20aan%20raadscommissielid%20fractie%20D%2766.pdf","foi_nrPages":1}],"foi_nrDocuments":2,"foi_nrPagesInDossier":2,"foi_publishedDate":"2021-06-22","foi_retrievedDate":"2025-12-03"},{"dc_creator":"HandelingScraper_v1","dc_date_year":2021,"dc_description":"Vergadering van de Gemeente Beekdaelen op 2021-06-22. Onderdeel: Voorstel inzake Regionale Energie Strategie 1.0.","dc_identifier":"nl.gm1954.2c.2021.2832296-14","dc_publisher":"gm1954","dc_source":"https://beekdaelen.bestuurlijkeinformatie.nl/Agenda/Index/2372ba38-f483-4df5-bdcb-c3b9de29983b","dc_title":"Raadsvergadering 2021-06-22 - Voorstel inzake Regionale Energie Strategie 1.0","dc_type":"2c","dc_type_description":"Vergaderstuk decentrale overheid","foi_fairiscoreVersions":{"v1":null,"v2":null},"foi_files":[{"dc_format":"application/pdf","dc_identifier":"nl.gm1954.2c.2021.2832296-14.doc.2","dc_source":"https://api1.ibabs.eu/publicdownload.aspx?site=Beekdaelen&id=494288c9-0244-4891-84b0-c4c736f4cbb6","dc_title":"Amendement BL inzake RES 1.0 VERWORPEN.","dc_type":"bijlage","foi_fileName":"Amendement%20BL%20inzake%20RES%201.0%20VERWORPEN.pdf"},{"dc_format":"application/pdf","dc_identifier":"nl.gm1954.2c.2021.2832296-14.doc.3","dc_source":"https://api1.ibabs.eu/publicdownload.aspx?site=Beekdaelen&id=d1dfb620-ab3f-4098-b02d-0a4d0e8b5523","dc_title":"Amendement CDA, VG, GL, D66, VVD en PvdA inzake RES UNANIEM AANGENOMEN","dc_type":"bijlage","foi_fileName":"Amendement%20CDA_%20VG_%20GL_%20D66_%20VVD%20en%20PvdA%20inzake%20RES%20UNANIEM%20AANGENOMEN.pdf"},{"dc_format":"application/pdf","dc_identifier":"nl.gm1954.2c.2021.2832296-14.doc.7","dc_source":"https://api1.ibabs.eu/publicdownload.aspx?site=Beekdaelen&id=6cfe3d77-f3d9-4d44-b7fc-f67484bb7a7e","dc_title":"Factsheet NPRES","dc_type":"bijlage","foi_fileName":"Factsheet%20NPRES.pdf"},{"dc_format":"application/pdf","dc_identifier":"nl.gm1954.2c.2021.2832296-14.doc.4","dc_source":"https://api1.ibabs.eu/publicdownload.aspx?site=Beekdaelen&id=ac808afa-0128-4ede-825f-aac5f05cbabf","dc_title":"Geamendeerd raadsbesluit RES ZL vastgesteld raad 22062021","dc_type":"bijlage","foi_fileName":"Geamendeerd%20raadsbesluit.pdf"},{"dc_format":"application/pdf","dc_identifier":"nl.gm1954.2c.2021.2832296-14.doc.6","dc_source":"https://api1.ibabs.eu/publicdownload.aspx?site=Beekdaelen&id=622305a0-27cf-47a9-8cd2-7e50467fb345","dc_title":"Het bod van Beekdaelen; beschrijving concrete locaties en zoekgebieden","dc_type":"bijlage","foi_fileName":"Het%20bod%20van%20Beekdaelen%20Bijlage%20bij%20RES.pdf"},{"dc_format":"application/pdf","dc_identifier":"nl.gm1954.2c.2021.2832296-14.doc.9","dc_source":"https://api1.ibabs.eu/publicdownload.aspx?site=Beekdaelen&id=658b010c-e695-4a4e-9b88-ad8c780ba1bd","dc_title":"Motie gezamenlijke partijen inzake RES juni 2021 UNANIEM AANGENOMEN","dc_type":"bijlage","foi_fileName":"Motie%20gezamenlijke%20partijen%20inzake%20RES%20juni%202021%20UNANIEM%20AANGENOMEN.pdf"},{"dc_format":"application/pdf","dc_identifier":"nl.gm1954.2c.2021.2832296-14.doc.8","dc_source":"https://api1.ibabs.eu/publicdownload.aspx?site=Beekdaelen&id=7fb8aaad-b152-45ad-9167-15ded891ca03","dc_title":"Vragen en antwoorden aan portefeuillehouder Timmermans over RES","dc_type":"bijlage","foi_fileName":"Vragen%20en%20antwoorden%20aan%20portefeuillehouder%20Timmermans%20over%20RES.pdf"},{"dc_format":"application/pdf","dc_identifier":"nl.gm1954.2c.2021.2832296-14.doc.10","dc_source":"https://api1.ibabs.eu/publicdownload.aspx?site=Beekdaelen&id=0fb81b93-16ea-4f79-8511-6c3dd73f464e","dc_title":"RB Regionale Energiestrategie 1.0 Zuid-Limburg VERVALLEN","dc_type":"bijlage","foi_fileName":"Z%2F21%2F156081%20-%20260873%20-%20Regionaal%20Energiestrategie%201.pdf"},{"dc_format":"application/pdf","dc_identifier":"nl.gm1954.2c.2021.2832296-14.doc.5","dc_source":"https://api1.ibabs.eu/publicdownload.aspx?site=Beekdaelen&id=e065ea6a-6cde-4f1a-9b6c-a60a177af5df","dc_title":"Regionale Energie Strategie 1.0 Zuid Limburg","dc_type":"bijlage","foi_fileName":"Z%2F21%2F156081%20-%20260876.pdf"},{"dc_format":"application/pdf","dc_identifier":"nl.gm1954.2c.2021.2832296-14.doc.1","dc_source":"https://api1.ibabs.eu/publicdownload.aspx?site=Beekdaelen&id=23cd360d-b5b8-4742-a7fc-2cd9bb1bd206","dc_title":"RV Regionale Energie Strategie 1.0 Zuid Limburg","dc_type":"bijlage","foi_fileName":"Z%2F21%2F156081%20-%20263411%20-%20Raadsvoorstel%20RES.pdf"}],"foi_nrDocuments":10,"foi_nrPagesInDossier":0,"foi_publishedDate":"2021-06-22","foi_retrievedDate":"2025-11-30"},{"dc_creator":"HandelingScraper_v1","dc_date_year":2021,"dc_description":"Vergadering van de Gemeente Beekdaelen op 2021-06-22. Onderdeel: Voorstel inzake Startnotitie Omgevingsvisie Beekdaelen.","dc_identifier":"nl.gm1954.2c.2021.2832296-15","dc_publisher":"gm1954","dc_source":"https://beekdaelen.bestuurlijkeinformatie.nl/Agenda/Index/2372ba38-f483-4df5-bdcb-c3b9de29983b","dc_title":"Raadsvergadering 2021-06-22 - Voorstel inzake Startnotitie Omgevingsvisie Beekdaelen","dc_type":"2c","dc_type_description":"Vergaderstuk decentrale overheid","foi_fairiscoreVersions":{"v1":2,"v2":2},"foi_files":[{"dc_format":"application/pdf","dc_identifier":"nl.gm1954.2c.2021.2832296-15.doc.6","dc_source":"https://api1.ibabs.eu/publicdownload.aspx?site=Beekdaelen&id=12c5fb72-7a25-47db-bb41-68848ae53864","dc_title":"Bijlage Zienswijzereactie POVI - Stadsregio Parkstad","dc_type":"bijlage","foi_fairiscoreVersions":{"v1":5,"v2":5},"foi_fileName":"Bijlage%208.3%20Zienswijzereactie%20POVI%20-%20Stadsregio%20Parkstad.pdf","foi_nrPages":6},{"dc_format":"application/pdf","dc_identifier":"nl.gm1954.2c.2021.2832296-15.doc.7","dc_source":"https://api1.ibabs.eu/publicdownload.aspx?site=Beekdaelen&id=8f51a0cc-812a-4877-8cdb-a9351a2c07d3","dc_title":"Brief Zienswijze Middengebied Zuid Limburg op ontwerp POVI","dc_type":"bijlage","foi_fairiscoreVersions":{"v1":1,"v2":1},"foi_fileName":"Brief%20Zienswijze%20Middengebied%20Zuid%20Limburg%20op%20ontwerp%20POVI.pdf","foi_nrPages":9},{"dc_format":"application/pdf","dc_identifier":"nl.gm1954.2c.2021.2832296-15.doc.1","dc_source":"https://api1.ibabs.eu/publicdownload.aspx?site=Beekdaelen&id=3973455c-e06c-4523-9e15-9663da2a3803","dc_title":"RV Startnotitie omgevingsvisie Beekdaelen","dc_type":"bijlage","foi_fairiscoreVersions":{"v1":1,"v2":1},"foi_fileName":"Z%2F21%2F156215%20-%20261224%20-%20Startnotitie%20omgevingsvisie%20Beekdaelen.pdf","foi_nrPages":4},{"dc_format":"application/pdf","dc_identifier":"nl.gm1954.2c.2021.2832296-15.doc.2","dc_source":"https://api1.ibabs.eu/publicdownload.aspx?site=Beekdaelen&id=fbe914d2-f1d0-4083-b0d7-7bff3562738d","dc_title":"RB Startnotitie omgevingsvisie Beekdaelen vastgesteld raad 22062021","dc_type":"bijlage","foi_fairiscoreVersions":{"v1":1,"v2":1},"foi_fileName":"Z%2F21%2F156215%20-%20261225%20-%20Startnotitie%20omgevingsvisie%20Beekdaelen.pdf","foi_nrPages":1},{"dc_format":"application/pdf","dc_identifier":"nl.gm1954.2c.2021.2832296-15.doc.3","dc_source":"https://api1.ibabs.eu/publicdownload.aspx?site=Beekdaelen&id=9c1ad1d1-615e-487a-b595-18f33740c941","dc_title":"Startnotitie omgevingsvisie Beekdaelen","dc_type":"bijlage","foi_fairiscoreVersions":{"v1":2,"v2":2},"foi_fileName":"Z%2F21%2F156215%20-%20261226%20-%20Startnotitie%20omgevingsvisie%20Beekdaelen.pdf","foi_nrPages":20},{"dc_format":"application/pdf","dc_identifier":"nl.gm1954.2c.2021.2832296-15.doc.5","dc_source":"https://api1.ibabs.eu/publicdownload.aspx?site=Beekdaelen&id=5b71a776-62d2-41aa-aea1-1a35c80e078c","dc_title":"Participatieplan inclusief stakeholderanalyse (tabel)","dc_type":"bijlage","foi_fairiscoreVersions":{"v1":2,"v2":1},"foi_fileName":"Z%2F21%2F156215%20-%20264949.pdf","foi_nrPages":3},{"dc_format":"application/pdf","dc_identifier":"nl.gm1954.2c.2021.2832296-15.doc.4","dc_source":"https://api1.ibabs.eu/publicdownload.aspx?site=Beekdaelen&id=13f73f8d-6906-42c4-a9fc-9e361e1c1277","dc_title":"Participatieplan inclusief stakeholderanalyse","dc_type":"bijlage","foi_fairiscoreVersions":{"v1":1,"v2":1},"foi_fileName":"Z%2F21%2F156215%20-%20264949%20-%20Participatieplan%20inclusief%20stakeholderanalyse.pdf","foi_nrPages":2}],"foi_nrDocuments":7,"foi_nrPagesInDossier":45,"foi_publishedDate":"2021-06-22","foi_retrievedDate":"2026-03-02"},{"dc_creator":"HandelingScraper_v1","dc_date_year":2021,"dc_description":"Vergadering van de Gemeente Beekdaelen op 2021-06-22. Onderdeel: Voorstel inzake Jaarstukken 2020 en concept begroting 2021-2022 ISD Kompas.","dc_identifier":"nl.gm1954.2c.2021.2832296-16","dc_publisher":"gm1954","dc_source":"https://beekdaelen.bestuurlijkeinformatie.nl/Agenda/Index/2372ba38-f483-4df5-bdcb-c3b9de29983b","dc_title":"Raadsvergadering 2021-06-22 - Voorstel inzake Jaarstukken 2020 en concept begroting 2021-2022 ISD Kompas","dc_type":"2c","dc_type_description":"Vergaderstuk decentrale overheid","foi_fairiscoreVersions":{"v1":2,"v2":2},"foi_files":[{"dc_format":"application/pdf","dc_identifier":"nl.gm1954.2c.2021.2832296-16.doc.10","dc_source":"https://api1.ibabs.eu/publicdownload.aspx?site=Beekdaelen&id=3cfc8b5f-4cf4-40e4-84a9-18cd9d3da739","dc_title":"Motie VG, PvdA, CDA, GL, BL en VVD inzake Kompas UNANIEM AANGENOMEN","dc_type":"bijlage","foi_fairiscoreVersions":{"v1":1,"v2":1},"foi_fileName":"Motie%20VG_%20PvdA_%20CDA_%20GL_%20BL%20en%20VVD%20inzake%20Kompas%20UNANIEM%20AANGENOMEN.pdf","foi_nrPages":2},{"dc_format":"application/pdf","dc_identifier":"nl.gm1954.2c.2021.2832296-16.doc.4","dc_source":"https://api1.ibabs.eu/publicdownload.aspx?site=Beekdaelen&id=63cea5f4-dc03-40f3-95ba-a825a9a52b78","dc_title":"Jaarrekening 2020 Kompas","dc_type":"bijlage","foi_fairiscoreVersions":{"v1":2,"v2":1},"foi_fileName":"Z%2F21%2F157526%20-%20264341%20-%20Jaarrekening%202020%20Kompas.pdf","foi_nrPages":50},{"dc_format":"application/pdf","dc_identifier":"nl.gm1954.2c.2021.2832296-16.doc.7","dc_source":"https://api1.ibabs.eu/publicdownload.aspx?site=Beekdaelen&id=c0aab409-a5e6-4c3e-b4ac-6a89ee10ec5e","dc_title":"Uitvoeringsprogramma 2021 2022","dc_type":"bijlage","foi_fairiscoreVersions":{"v1":2,"v2":1},"foi_fileName":"Z%2F21%2F157526%20-%20264342%20-%20Uitvoeringsprogramma%202021%202022.pdf","foi_nrPages":21},{"dc_format":"application/pdf","dc_identifier":"nl.gm1954.2c.2021.2832296-16.doc.5","dc_source":"https://api1.ibabs.eu/publicdownload.aspx?site=Beekdaelen&id=76383b6e-cfdb-4db1-9376-6b7fd41bc9b7","dc_title":"Beleidsverslag 2020","dc_type":"bijlage","foi_fairiscoreVersions":{"v1":2,"v2":2},"foi_fileName":"Z%2F21%2F157526%20-%20264343%20-%20Beleidsverslag%202020.pdf","foi_nrPages":28},{"dc_format":"application/pdf","dc_identifier":"nl.gm1954.2c.2021.2832296-16.doc.6","dc_source":"https://api1.ibabs.eu/publicdownload.aspx?site=Beekdaelen&id=fae7c1a3-9a5d-48e0-a030-3b32fac58a90","dc_title":"Controleverklaring 2020","dc_type":"bijlage","foi_fairiscoreVersions":{"v1":1,"v2":1},"foi_fileName":"Z%2F21%2F157526%20-%20264344%20-%20Controleverklaring%202020.pdf","foi_nrPages":4},{"dc_format":"application/pdf","dc_identifier":"nl.gm1954.2c.2021.2832296-16.doc.1","dc_source":"https://api1.ibabs.eu/publicdownload.aspx?site=Beekdaelen&id=4a2b1c56-23b0-4d5c-b5aa-c17399ae0b97","dc_title":"Raadsvoorstel jaarstukken 2020-2021-2022 Kompas","dc_type":"bijlage","foi_fairiscoreVersions":{"v1":2,"v2":1},"foi_fileName":"Z%2F21%2F157526%20-%20264347.pdf","foi_nrPages":10},{"dc_format":"application/pdf","dc_identifier":"nl.gm1954.2c.2021.2832296-16.doc.8","dc_source":"https://api1.ibabs.eu/publicdownload.aspx?site=Beekdaelen&id=9961c524-87be-4ba4-b1fb-ee79f79d8268","dc_title":"Ontvangen Gewijzigde begroting 2021, primitieve begroting 2022 en MJB 2022/2025","dc_type":"bijlage","foi_fairiscoreVersions":{"v1":2,"v2":1},"foi_fileName":"Z%2F21%2F157526%20-%20264694%20-%20Ontvangen%20Gewijzigde%20begroting%202021_%20primitieve%20begroting%202022%20en%20MJB%202022%2F2025.pdf","foi_nrPages":38},{"dc_format":"application/pdf","dc_identifier":"nl.gm1954.2c.2021.2832296-16.doc.3","dc_source":"https://api1.ibabs.eu/publicdownload.aspx?site=Beekdaelen&id=d76d76bd-c03a-4e35-a810-9118e02da8f2","dc_title":"Raadsbesluit jaarstukken 2020-2021-2022 Kompas vastgesteld raad 22062021","dc_type":"bijlage","foi_fairiscoreVersions":{"v1":1,"v2":1},"foi_fileName":"Z%2F21%2F157526%20-%20264700%20-%20Raadsbesluit%20jaarstukken%202020-2021-2022%20Kompas.pdf","foi_nrPages":1},{"dc_format":"application/pdf","dc_identifier":"nl.gm1954.2c.2021.2832296-16.doc.9","dc_source":"https://api1.ibabs.eu/publicdownload.aspx?site=Beekdaelen&id=75ecfa64-1014-4d4c-8f3d-200a7eefd7cb","dc_title":"Uitgaande brief aan Kompas inzake zienswijze jaarstukken 2020, 2021 en 2022","dc_type":"bijlage","foi_fairiscoreVersions":{"v1":1,"v2":1},"foi_fileName":"Z%2F21%2F157526%20-%20264701%20-%20Uitgaande%20brief%20aan%20Kompas%20inzake%20zienswijze%20jaarstukken%202020_%202021%20en%202022.pdf","foi_nrPages":1},{"dc_format":"application/pdf","dc_identifier":"nl.gm1954.2c.2021.2832296-16.doc.2","dc_source":"https://api1.ibabs.eu/publicdownload.aspx?site=Beekdaelen&id=e54f461a-2e26-4f8e-8e16-7fa8f0c19dd8","dc_title":"Nota van wijziging op raadsvoorstel en -besluit t.a.v. zienswijze","dc_type":"bijlage","foi_fairiscoreVersions":{"v1":1,"v2":1},"foi_fileName":"Z%2F21%2F157526%20-%20269160%20-%20Wijziging%20op%20raadsvoorstel%20en%20-besluit%20t.a.v.pdf","foi_nrPages":1}],"foi_nrDocuments":10,"foi_nrPagesInDossier":156,"foi_publishedDate":"2021-06-22","foi_retrievedDate":"2026-03-05"},{"dc_creator":"HandelingScraper_v1","dc_date_year":2021,"dc_description":"Vergadering van de Gemeente Beekdaelen op 2021-06-22. Onderdeel: Vaststelling lijst ingekomen stukken voor raad 22 juni 2021.","dc_identifier":"nl.gm1954.2c.2021.2832296-17","dc_publisher":"gm1954","dc_source":"https://beekdaelen.bestuurlijkeinformatie.nl/Agenda/Index/2372ba38-f483-4df5-bdcb-c3b9de29983b","dc_title":"Raadsvergadering 2021-06-22 - Vaststelling lijst ingekomen stukken voor raad 22 juni 2021","dc_type":"2c","dc_type_description":"Vergaderstuk decentrale overheid","foi_fairiscoreVersions":{"v1":1,"v2":1},"foi_files":[{"dc_format":"application/pdf","dc_identifier":"nl.gm1954.2c.2021.2832296-17.doc.1","dc_source":"https://api1.ibabs.eu/publicdownload.aspx?site=Beekdaelen&id=54777d63-78c5-41f5-bbfb-d5eaddb205f0","dc_title":"Lijst ingekomen stukken raad 22062021 versie 07.06.2021","dc_type":"bijlage","foi_fairiscoreVersions":{"v1":1,"v2":1},"foi_fileName":"Lijst%20ingekomen%20stukken%20raad%2022062021%20versie%2007.06.2021.pdf","foi_nrPages":6},{"dc_format":"application/pdf","dc_identifier":"nl.gm1954.2c.2021.2832296-17.doc.2","dc_source":"https://api1.ibabs.eu/publicdownload.aspx?site=Beekdaelen&id=597cfdca-abbc-4a0c-86ae-4cac13174d63","dc_title":"Lijst ingekomen stukken raad 22062021 versie 11.06.2021","dc_type":"bijlage","foi_fairiscoreVersions":{"v1":1,"v2":1},"foi_fileName":"Lijst%20ingekomen%20stukken%20raad%2022062021%20versie%2011.06.2021.pdf","foi_nrPages":6},{"dc_format":"application/pdf","dc_identifier":"nl.gm1954.2c.2021.2832296-17.doc.3","dc_source":"https://api1.ibabs.eu/publicdownload.aspx?site=Beekdaelen&id=8794d107-4d33-4c20-91cb-dd52d3e25fb6","dc_title":"Lijst ingekomen stukken raad 22062021 vastgesteld raad 22062021","dc_type":"bijlage","foi_fairiscoreVersions":{"v1":1,"v2":1},"foi_fileName":"Lijst%20ingekomen%20stukken%20raad%2022062021%20versie%2017.06.2021%20aangepast.pdf","foi_nrPages":7}],"foi_nrDocuments":3,"foi_nrPagesInDossier":19,"foi_publishedDate":"2021-06-22","foi_retrievedDate":"2025-12-06"},{"dc_creator":"HandelingScraper_v1","dc_date_year":2021,"dc_description":"Vergadering van de Gemeente Beekdaelen op 2021-06-22. Onderdeel: Vaststelling van de agenda.","dc_identifier":"nl.gm1954.2c.2021.2832296-2","dc_publisher":"gm1954","dc_source":"https://beekdaelen.bestuurlijkeinformatie.nl/Agenda/Index/2372ba38-f483-4df5-bdcb-c3b9de29983b","dc_title":"Raadsvergadering 2021-06-22 - Vaststelling van de agenda","dc_type":"2c","dc_type_description":"Vergaderstuk decentrale overheid","foi_fairiscoreVersions":{"v1":1,"v2":1},"foi_files":[{"dc_format":"application/pdf","dc_identifier":"nl.gm1954.2c.2021.2832296-2.doc.1","dc_source":"https://api1.ibabs.eu/publicdownload.aspx?site=Beekdaelen&id=1b42855b-e8c6-49e7-b691-efda8580bf33","dc_title":"Verzoek D66 om interpellatiedebat wethouder Quadvlieg over uitspraken tijdens de raadsvergadering van 18 mei jl","dc_type":"bijlage","foi_fairiscoreVersions":{"v1":1,"v2":1},"foi_fileName":"interpellatiedebat%20wethouder%20Quadvlieg%20over%20uitspraken%20tijdens%20de%20raadsvergadering%20van%2018%20mei%20jl.pdf","foi_nrPages":3},{"dc_format":"application/pdf","dc_identifier":"nl.gm1954.2c.2021.2832296-2.doc.2","dc_source":"https://api1.ibabs.eu/publicdownload.aspx?site=Beekdaelen&id=96c7780a-317f-452c-9e4a-5d894e84cf1b","dc_title":"Vastgestelde agenda raadsvergadering 22062021","dc_type":"bijlage","foi_fairiscoreVersions":{"v1":1,"v2":1},"foi_fileName":"Vastgestelde%20agenda%20raadsvergadering%2022062021%20-%20270242.pdf","foi_nrPages":1}],"foi_nrDocuments":2,"foi_nrPagesInDossier":4,"foi_publishedDate":"2021-06-22","foi_retrievedDate":"2026-03-03"},{"dc_creator":"HandelingScraper_v1","dc_date_year":2021,"dc_description":"Vergadering van de Gemeente Beekdaelen op 2021-06-22. Onderdeel: Vaststellen besluitenlijst openbare raadsvergadering d.d. 18 mei 2021.","dc_identifier":"nl.gm1954.2c.2021.2832296-3","dc_publisher":"gm1954","dc_source":"https://beekdaelen.bestuurlijkeinformatie.nl/Agenda/Index/2372ba38-f483-4df5-bdcb-c3b9de29983b","dc_title":"Raadsvergadering 2021-06-22 - Vaststellen besluitenlijst openbare raadsvergadering d.d. 18 mei 2021","dc_type":"2c","dc_type_description":"Vergaderstuk decentrale overheid","foi_fairiscoreVersions":{"v1":1,"v2":1},"foi_files":[{"dc_format":"application/pdf","dc_identifier":"nl.gm1954.2c.2021.2832296-3.doc.1","dc_source":"https://api1.ibabs.eu/publicdownload.aspx?site=Beekdaelen&id=11f58d34-8fd4-4701-884c-52bf3384aad7","dc_title":"Besluitenlijst raadsvergadering 18 mei 2021 vastgesteld raad 22062021","dc_type":"bijlage","foi_fairiscoreVersions":{"v1":1,"v2":1},"foi_fileName":"Besluitenlijst%20raadsvergadering%2018%20mei%202021.pdf","foi_nrPages":7}],"foi_nrDocuments":1,"foi_nrPagesInDossier":7,"foi_publishedDate":"2021-06-22","foi_retrievedDate":"2025-11-29"},{"dc_creator":"HandelingScraper_v1","dc_date_year":2021,"dc_description":"Vergadering van de Gemeente Beekdaelen op 2021-06-22. Onderdeel: Voorstel inzake Jaarstukken 2020 en begroting 2022 GR VRZL Veiligheidsregio Zuid-Limburg en MCC.","dc_identifier":"nl.gm1954.2c.2021.2832296-4","dc_publisher":"gm1954","dc_source":"https://beekdaelen.bestuurlijkeinformatie.nl/Agenda/Index/2372ba38-f483-4df5-bdcb-c3b9de29983b","dc_title":"Raadsvergadering 2021-06-22 - Voorstel inzake Jaarstukken 2020 en begroting 2022 GR VRZL Veiligheidsregio Zuid-Limburg en MCC","dc_type":"2c","dc_type_description":"Vergaderstuk decentrale overheid","foi_fairiscoreVersions":{"v1":2,"v2":2},"foi_files":[{"dc_format":"application/pdf","dc_identifier":"nl.gm1954.2c.2021.2832296-4.doc.3","dc_source":"https://api1.ibabs.eu/publicdownload.aspx?site=Beekdaelen&id=715df938-c155-4257-b83a-3eb09d23fe90","dc_title":"Aanbiedingsbrief jaarstukken veiligheidsregio d.d. 06-04-2021","dc_type":"bijlage","foi_fairiscoreVersions":{"v1":5,"v2":5},"foi_fileName":"Z%2F21%2F157755%20-%20264901%20Aanbiedingsbrief.pdf","foi_nrPages":2},{"dc_format":"application/pdf","dc_identifier":"nl.gm1954.2c.2021.2832296-4.doc.8","dc_source":"https://api1.ibabs.eu/publicdownload.aspx?site=Beekdaelen&id=e0d985f6-7180-40e0-a4fe-df388ab59e1e","dc_title":"Begroting MCC 2022","dc_type":"bijlage","foi_fairiscoreVersions":{"v1":1,"v2":1},"foi_fileName":"Z%2F21%2F157755%20-%20264901%20Begroting%20MCC%202022.pdf","foi_nrPages":8},{"dc_format":"application/pdf","dc_identifier":"nl.gm1954.2c.2021.2832296-4.doc.4","dc_source":"https://api1.ibabs.eu/publicdownload.aspx?site=Beekdaelen&id=9a2590fd-a480-49bc-9f82-2fcd234cbbbc","dc_title":"Concept jaarstukken 2020 VRZL","dc_type":"bijlage","foi_fairiscoreVersions":{"v1":2,"v2":1},"foi_fileName":"Z%2F21%2F157755%20-%20264901%20Concept%20jaarstukken%202020%20VRZL.pdf","foi_nrPages":49},{"dc_format":"application/pdf","dc_identifier":"nl.gm1954.2c.2021.2832296-4.doc.7","dc_source":"https://api1.ibabs.eu/publicdownload.aspx?site=Beekdaelen&id=d5ff0acb-5208-4dc2-a11c-8557126bce26","dc_title":"Conceptbegroting 2022 VRZL","dc_type":"bijlage","foi_fairiscoreVersions":{"v1":2,"v2":1},"foi_fileName":"Z%2F21%2F157755%20-%20264901%20Conceptbegroting%202022%20VRZL.pdf","foi_nrPages":36},{"dc_format":"application/pdf","dc_identifier":"nl.gm1954.2c.2021.2832296-4.doc.5","dc_source":"https://api1.ibabs.eu/publicdownload.aspx?site=Beekdaelen&id=71cd65a5-b7bb-40ea-9af2-e16b638efd40","dc_title":"Jaardocument MCC 2020","dc_type":"bijlage","foi_fairiscoreVersions":{"v1":1,"v2":1},"foi_fileName":"Z%2F21%2F157755%20-%20264901%20Jaardocument%20MCC%202020.pdf","foi_nrPages":12},{"dc_format":"application/pdf","dc_identifier":"nl.gm1954.2c.2021.2832296-4.doc.6","dc_source":"https://api1.ibabs.eu/publicdownload.aspx?site=Beekdaelen&id=a2dc9e47-df75-4bd8-97cd-29844c54a2b1","dc_title":"Toelichting jaarrekening MCC 2020","dc_type":"bijlage","foi_fairiscoreVersions":{"v1":1,"v2":1},"foi_fileName":"Z%2F21%2F157755%20-%20264901%20Toelichting%20jaarrekening%20MCC%202020.pdf","foi_nrPages":7},{"dc_format":"application/pdf","dc_identifier":"nl.gm1954.2c.2021.2832296-4.doc.1","dc_source":"https://api1.ibabs.eu/publicdownload.aspx?site=Beekdaelen&id=7ff74e9c-a91f-4aec-b7fa-fbf7c0a174cc","dc_title":"RV jaarstukken 2020 en begroting 2022 door VRZL en MCC","dc_type":"bijlage","foi_fairiscoreVersions":{"v1":1,"v2":1},"foi_fileName":"Z%2F21%2F157755%20-%20264941%20-%20Jaardocumenten%202020%20en%20begrotingen%202022%20van%20Veiligheidsregio%20Zuid-Limburg%20en%20het%20Meld%20enCoordinatiecentrum%20%28MCC%29.pdf","foi_nrPages":5},{"dc_format":"application/pdf","dc_identifier":"nl.gm1954.2c.2021.2832296-4.doc.2","dc_source":"https://api1.ibabs.eu/publicdownload.aspx?site=Beekdaelen&id=ccac5d51-d43b-445a-8119-df3f6607ef81","dc_title":"RB jaarstukken 2020 en begroting 2022 door VRZL en MCC vastgesteld raad 22062021","dc_type":"bijlage","foi_fairiscoreVersions":{"v1":1,"v2":1},"foi_fileName":"Z%2F21%2F157755%20-%20264946%20-%20Raadsbesluit%20jaarstukken%202020%20en%20Begroting%202022%20door%20VRZL%20en%20MCC.pdf","foi_nrPages":1}],"foi_nrDocuments":8,"foi_nrPagesInDossier":120,"foi_publishedDate":"2021-06-22","foi_retrievedDate":"2026-03-15"},{"dc_creator":"HandelingScraper_v1","dc_date_year":2021,"dc_description":"Vergadering van de Gemeente Beekdaelen op 2021-06-22. Onderdeel: Voorstel inzake jaarstukken 2020 en concept begroting 2022 GR Parkstad Limburg.","dc_identifier":"nl.gm1954.2c.2021.2832296-5","dc_publisher":"gm1954","dc_source":"https://beekdaelen.bestuurlijkeinformatie.nl/Agenda/Index/2372ba38-f483-4df5-bdcb-c3b9de29983b","dc_title":"Raadsvergadering 2021-06-22 - Voorstel inzake jaarstukken 2020 en concept begroting 2022 GR Parkstad Limburg","dc_type":"2c","dc_type_description":"Vergaderstuk decentrale overheid","foi_fairiscoreVersions":{"v1":2,"v2":1},"foi_files":[{"dc_format":"application/pdf","dc_identifier":"nl.gm1954.2c.2021.2832296-5.doc.4","dc_source":"https://api1.ibabs.eu/publicdownload.aspx?site=Beekdaelen&id=a34e2487-f10b-4613-8178-28351a9c13c8","dc_title":"Concept-jaarstukken 2020 Parkstad Limburg","dc_type":"bijlage","foi_fairiscoreVersions":{"v1":2,"v2":1},"foi_fileName":"Concept-jaarstukken%202020%20Parkstad%20Limburg.pdf","foi_nrPages":108},{"dc_format":"application/pdf","dc_identifier":"nl.gm1954.2c.2021.2832296-5.doc.5","dc_source":"https://api1.ibabs.eu/publicdownload.aspx?site=Beekdaelen&id=6c457a98-4886-49c6-b9f9-a8089874911b","dc_title":"Ontwerpbegroting 2022 en meerjarenraming 2023-2025","dc_type":"bijlage","foi_fairiscoreVersions":{"v1":2,"v2":1},"foi_fileName":"Ontwerpbegroting%202022%20en%20meerjarenraming%202023-2025%20DB%2020210421.pdf","foi_nrPages":44},{"dc_format":"application/pdf","dc_identifier":"nl.gm1954.2c.2021.2832296-5.doc.3","dc_source":"https://api1.ibabs.eu/publicdownload.aspx?site=Beekdaelen&id=75d56ff0-3733-4925-96ab-21c9307e9b1f","dc_title":"Parkstad - Aanbiedingsbrief fin. owb 2022 aan gemeenteraden","dc_type":"bijlage","foi_fairiscoreVersions":{"v1":1,"v2":1},"foi_fileName":"Parkstad%20-%20Aanbiedingsbrief%20fin.%20owb%202022%20aan%20gemeenteraden.pdf","foi_nrPages":2},{"dc_format":"application/pdf","dc_identifier":"nl.gm1954.2c.2021.2832296-5.doc.2","dc_source":"https://api1.ibabs.eu/publicdownload.aspx?site=Beekdaelen&id=e213075b-f89f-4854-acef-953c182e5d77","dc_title":"RB financi\u00eble stukken GR Stadsregio Parkstad vastgesteld raad 22062021","dc_type":"bijlage","foi_fairiscoreVersions":{"v1":1,"v2":1},"foi_fileName":"Raadsbesluit%20financi%C3%ABle%20stukken%20GR%20Stadsregio%20Parkstad.pdf","foi_nrPages":1},{"dc_format":"application/pdf","dc_identifier":"nl.gm1954.2c.2021.2832296-5.doc.1","dc_source":"https://api1.ibabs.eu/publicdownload.aspx?site=Beekdaelen&id=641cfd7b-fa3f-42ff-8738-5521225789db","dc_title":"RV financi\u00eble stukken GR Stadsregio Parkstad","dc_type":"bijlage","foi_fairiscoreVersions":{"v1":1,"v2":1},"foi_fileName":"Raadsvoorstel%20financi%C3%ABle%20stukken%20GR%20Stadsregio%20Parkstad.pdf","foi_nrPages":5}],"foi_nrDocuments":5,"foi_nrPagesInDossier":160,"foi_publishedDate":"2021-06-22","foi_retrievedDate":"2025-12-01"},{"dc_creator":"HandelingScraper_v1","dc_date_year":2021,"dc_description":"Vergadering van de Gemeente Beekdaelen op 2021-06-22. Onderdeel: Voorstel inzake Jaarstukken 2020 en eerste bestuursrapportage 2021 GR ISD BOL.","dc_identifier":"nl.gm1954.2c.2021.2832296-6","dc_publisher":"gm1954","dc_source":"https://beekdaelen.bestuurlijkeinformatie.nl/Agenda/Index/2372ba38-f483-4df5-bdcb-c3b9de29983b","dc_title":"Raadsvergadering 2021-06-22 - Voorstel inzake Jaarstukken 2020 en eerste bestuursrapportage 2021 GR ISD BOL","dc_type":"2c","dc_type_description":"Vergaderstuk decentrale overheid","foi_fairiscoreVersions":{"v1":2,"v2":1},"foi_files":[{"dc_format":"application/pdf","dc_identifier":"nl.gm1954.2c.2021.2832296-6.doc.6","dc_source":"https://api1.ibabs.eu/publicdownload.aspx?site=Beekdaelen&id=ba83f8e7-7ed5-4260-9b1b-dbdb51680cee","dc_title":"MvA D66 D.2 RV Jaarstukken 2020 en Eerste bestuursrapportage 2021 GR ISD BOL","dc_type":"bijlage","foi_fairiscoreVersions":{"v1":1,"v2":1},"foi_fileName":"MvA%20D66%20D.2%20RV%20Jaarstukken%202020%20en%20Eerste%20bestuursrapportage%202021%20GR%20ISD%20BOL.pdf","foi_nrPages":1},{"dc_format":"application/pdf","dc_identifier":"nl.gm1954.2c.2021.2832296-6.doc.3","dc_source":"https://api1.ibabs.eu/publicdownload.aspx?site=Beekdaelen&id=245744bb-464a-4f2f-9428-dcd55591bf2c","dc_title":"Jaarstukken 2020 ISD BOL.","dc_type":"bijlage","foi_fairiscoreVersions":{"v1":2,"v2":1},"foi_fileName":"Z%2F21%2F156275%20-%20263270%20-%20Jaarstukken%202020%20ISD%20BOL.pdf","foi_nrPages":131},{"dc_format":"application/pdf","dc_identifier":"nl.gm1954.2c.2021.2832296-6.doc.4","dc_source":"https://api1.ibabs.eu/publicdownload.aspx?site=Beekdaelen&id=85bd2afa-9708-47ec-940f-d0ed065715a8","dc_title":"Eerste bestuursrapportage 2021 ISD BOL","dc_type":"bijlage","foi_fairiscoreVersions":{"v1":2,"v2":1},"foi_fileName":"Z%2F21%2F156275%20-%20263273%20-%20Eerste%20bestuursrapportage%202021%20ISD%20BOL.pdf","foi_nrPages":42},{"dc_format":"application/pdf","dc_identifier":"nl.gm1954.2c.2021.2832296-6.doc.1","dc_source":"https://api1.ibabs.eu/publicdownload.aspx?site=Beekdaelen&id=d132a32e-5bb1-46d3-bc53-4d64d87a076c","dc_title":"RV Jaarstukken 2020 en eerste bestuursrapportage 2021 ISD BOL.","dc_type":"bijlage","foi_fairiscoreVersions":{"v1":1,"v2":1},"foi_fileName":"Z%2F21%2F156275%20-%20263274%20-%20Jaarstukken%202020%20en%20eerste%20bestuursrapportage%202021%20ISD%20BOL.pdf","foi_nrPages":4},{"dc_format":"application/pdf","dc_identifier":"nl.gm1954.2c.2021.2832296-6.doc.2","dc_source":"https://api1.ibabs.eu/publicdownload.aspx?site=Beekdaelen&id=ca9ec4f9-22b3-46c2-8e04-fde9e3d8c096","dc_title":"RB Jaarstukken 2020 en eerste bestuursrapportage 2021 ISD BOL vastgesteld raad 22062021","dc_type":"bijlage","foi_fairiscoreVersions":{"v1":1,"v2":1},"foi_fileName":"Z%2F21%2F156275%20-%20263378%20-%20Raadsbesluit%20Jaarstukken%202020%20en%20eerste%20bestuursrapportage%202021%20ISD%20BOL.pdf","foi_nrPages":1},{"dc_format":"application/pdf","dc_identifier":"nl.gm1954.2c.2021.2832296-6.doc.5","dc_source":"https://api1.ibabs.eu/publicdownload.aspx?site=Beekdaelen&id=9f158d88-0a16-4d25-b251-6c594d46e7d6","dc_title":"Uitgaande brief aan ISD BOL inzake raadsbesluit 22 juni 2022","dc_type":"bijlage","foi_fairiscoreVersions":{"v1":1,"v2":1},"foi_fileName":"Z%2F21%2F156275%20-%20263383%20-%20Uitgaande%20brief%20aan%20ISD%20BOL%20inzake%20raadsbesluit%2022%20juni%202022.pdf","foi_nrPages":1}],"foi_nrDocuments":6,"foi_nrPagesInDossier":180,"foi_publishedDate":"2021-06-22","foi_retrievedDate":"2026-02-12"},{"dc_creator":"HandelingScraper_v1","dc_date_year":2021,"dc_description":"Vergadering van de Gemeente Beekdaelen op 2021-06-22. Onderdeel: Voorstel inzake Jaarstukken 2020 en begroting 2022 met meerjarenraming 2023-2025 GR WSP Parkstad.","dc_identifier":"nl.gm1954.2c.2021.2832296-7","dc_publisher":"gm1954","dc_source":"https://beekdaelen.bestuurlijkeinformatie.nl/Agenda/Index/2372ba38-f483-4df5-bdcb-c3b9de29983b","dc_title":"Raadsvergadering 2021-06-22 - Voorstel inzake Jaarstukken 2020 en begroting 2022 met meerjarenraming 2023-2025 GR WSP Parkstad","dc_type":"2c","dc_type_description":"Vergaderstuk decentrale overheid","foi_fairiscoreVersions":{"v1":2,"v2":2},"foi_files":[{"dc_format":"application/pdf","dc_identifier":"nl.gm1954.2c.2021.2832296-7.doc.4","dc_source":"https://api1.ibabs.eu/publicdownload.aspx?site=Beekdaelen&id=113f6a42-a29d-4eb5-b629-8009dbacf2f0","dc_title":"Factsheet Begroting 2022 met meerjarenraming 2023-2025 GR WSP Parkstad","dc_type":"bijlage","foi_fairiscoreVersions":{"v1":1,"v2":1},"foi_fileName":"Z%2F21%2F155600%20-%20262037%20-%20Factsheet%20Begroting%202022%20met%20meerjarenraming%202023-2025%20GR%20WSP%20Parkstad.pdf","foi_nrPages":1},{"dc_format":"application/pdf","dc_identifier":"nl.gm1954.2c.2021.2832296-7.doc.3","dc_source":"https://api1.ibabs.eu/publicdownload.aspx?site=Beekdaelen&id=f6874b77-944a-4c5f-91cc-aa11828ae34f","dc_title":"Begroting 2022 met meerjarenraming 2023-2025 GR WSP Parkstad","dc_type":"bijlage","foi_fairiscoreVersions":{"v1":2,"v2":1},"foi_fileName":"Z%2F21%2F155600%20-%20262039%20-%20Begroting%202022%20met%20meerjarenraming%202023-2025%20GR%20WSP%20Parkstad.pdf","foi_nrPages":29},{"dc_format":"application/pdf","dc_identifier":"nl.gm1954.2c.2021.2832296-7.doc.1","dc_source":"https://api1.ibabs.eu/publicdownload.aspx?site=Beekdaelen&id=0f09acac-15d2-499e-a5fd-f89d4d9a72fc","dc_title":"RV Begroting 2022 met meerjarenraming 2023-2025 GR WSP Parkstad","dc_type":"bijlage","foi_fairiscoreVersions":{"v1":1,"v2":1},"foi_fileName":"Z%2F21%2F155600%20-%20262042%20-%20Raadsvoorstel%20Begroting%202022%20met%20meerjarenraming%202023-2025%20GR%20WSP%20Parkstad.pdf","foi_nrPages":4},{"dc_format":"application/pdf","dc_identifier":"nl.gm1954.2c.2021.2832296-7.doc.2","dc_source":"https://api1.ibabs.eu/publicdownload.aspx?site=Beekdaelen&id=f0d94323-0a8c-4747-9da5-386e24acc4a2","dc_title":"RB Begroting 2022 met meerjarenraming 2023-2025 GR WSP Parkstad vastgesteld raad 22062021","dc_type":"bijlage","foi_fairiscoreVersions":{"v1":1,"v2":1},"foi_fileName":"Z%2F21%2F155600%20-%20262494%20-%20Begroting%202022%20met%20meerjarenraming%202023-2025%20GR%20WSP%20Parkstad.pdf","foi_nrPages":1},{"dc_format":"application/pdf","dc_identifier":"nl.gm1954.2c.2021.2832296-7.doc.8","dc_source":"https://api1.ibabs.eu/publicdownload.aspx?site=Beekdaelen&id=700663e9-ec0c-4657-84ac-9035a4fe5d40","dc_title":"Uitgaande brief aan GR WSP Parkstad inzake raadsbesluit 22 juni 2021","dc_type":"bijlage","foi_fairiscoreVersions":{"v1":1,"v2":1},"foi_fileName":"Z%2F21%2F155600%20-%20262496%20-%20Uitgaande%20brief%20aan%20GR%20WSP%20Parkstad%20inzake%20raadsbesluit%2022%20juni%202021.pdf","foi_nrPages":1},{"dc_format":"application/pdf","dc_identifier":"nl.gm1954.2c.2021.2832296-7.doc.5","dc_source":"https://api1.ibabs.eu/publicdownload.aspx?site=Beekdaelen&id=9a15171b-da26-4dd5-9a48-e30a103299f2","dc_title":"Jaarstukken 2020 GR WSP Parkstad vastgesteld AB WSP 25 maart 2021","dc_type":"bijlage","foi_fairiscoreVersions":{"v1":2,"v2":2},"foi_fileName":"Z%2F21%2F155600%20-%20263889%20-%20Jaarstukken%202020%20GR%20WSP%20Parkstad.pdf","foi_nrPages":38},{"dc_format":"application/pdf","dc_identifier":"nl.gm1954.2c.2021.2832296-7.doc.6","dc_source":"https://api1.ibabs.eu/publicdownload.aspx?site=Beekdaelen&id=0d3dd18a-0376-45e5-8ab2-e4b47214d2ee","dc_title":"Jaarverslag 2020 GR WSP Parkstad vastgesteld AB WSP 25 maart 2021","dc_type":"bijlage","foi_fairiscoreVersions":{"v1":2,"v2":2},"foi_fileName":"Z%2F21%2F155600%20-%20263891%20-%20Jaarverslag%202020%20GR%20WSP%20Parkstad.pdf","foi_nrPages":19},{"dc_format":"application/pdf","dc_identifier":"nl.gm1954.2c.2021.2832296-7.doc.7","dc_source":"https://api1.ibabs.eu/publicdownload.aspx?site=Beekdaelen&id=d282a48e-f799-4ec2-93df-a53a0e9664fe","dc_title":"RIB WSP Parkstad inzake jaarstukken 2020","dc_type":"bijlage","foi_fairiscoreVersions":{"v1":1,"v2":1},"foi_fileName":"Z%2F21%2F155600%20-%20264365%20-%20RIB%20WSP%20Parkstad%20inzake%20jaarstukken%202020.pdf","foi_nrPages":2}],"foi_nrDocuments":8,"foi_nrPagesInDossier":95,"foi_publishedDate":"2021-06-22","foi_retrievedDate":"2026-02-12"},{"dc_creator":"HandelingScraper_v1","dc_date_year":2021,"dc_description":"Vergadering van de Gemeente Beekdaelen op 2021-06-22. Onderdeel: Voorstel inzake  Jaarstukken 2020 en begroting 2022 met meerjarenraming 2023-2025 GR WOZL.","dc_identifier":"nl.gm1954.2c.2021.2832296-8","dc_publisher":"gm1954","dc_source":"https://beekdaelen.bestuurlijkeinformatie.nl/Agenda/Index/2372ba38-f483-4df5-bdcb-c3b9de29983b","dc_title":"Raadsvergadering 2021-06-22 - Voorstel inzake  Jaarstukken 2020 en begroting 2022 met meerjarenraming 2023-2025 GR WOZL","dc_type":"2c","dc_type_description":"Vergaderstuk decentrale overheid","foi_fairiscoreVersions":{"v1":2,"v2":2},"foi_files":[{"dc_format":"application/pdf","dc_identifier":"nl.gm1954.2c.2021.2832296-8.doc.6","dc_source":"https://api1.ibabs.eu/publicdownload.aspx?site=Beekdaelen&id=21da9847-13bc-491a-b61d-4719050c86f5","dc_title":"Factsheet Begroting 2022 met meerjarenraming 2023-2025 GR WOZL","dc_type":"bijlage","foi_fairiscoreVersions":{"v1":1,"v2":1},"foi_fileName":"Z%2F21%2F155603%20-%20262031%20-%20Factsheet%20Begroting%202022%20met%20meerjarenraming%202023-2025%20GR%20WOZL.pdf","foi_nrPages":1},{"dc_format":"application/pdf","dc_identifier":"nl.gm1954.2c.2021.2832296-8.doc.5","dc_source":"https://api1.ibabs.eu/publicdownload.aspx?site=Beekdaelen&id=53a4b776-0829-4652-be5d-73a1949c4a2e","dc_title":"Begroting 2022 met meerjarenraming 2023-2025 GR WOZL","dc_type":"bijlage","foi_fairiscoreVersions":{"v1":2,"v2":1},"foi_fileName":"Z%2F21%2F155603%20-%20262033%20-%20Begroting%202022%20met%20meerjarenraming%202023-2025%20GR%20WOZL.pdf","foi_nrPages":36},{"dc_format":"application/pdf","dc_identifier":"nl.gm1954.2c.2021.2832296-8.doc.1","dc_source":"https://api1.ibabs.eu/publicdownload.aspx?site=Beekdaelen&id=1699ba41-1005-4ad3-bc8b-a173c359bde2","dc_title":"RV Begroting 2022 met meerjarenraming 2023-2025 GR WOZL","dc_type":"bijlage","foi_fairiscoreVersions":{"v1":1,"v2":1},"foi_fileName":"Z%2F21%2F155603%20-%20262041%20-%20Raadsvoorstel%20Begroting%202022%20met%20meerjarenraming%202023-2025%20GR%20WOZL.pdf","foi_nrPages":5},{"dc_format":"application/pdf","dc_identifier":"nl.gm1954.2c.2021.2832296-8.doc.2","dc_source":"https://api1.ibabs.eu/publicdownload.aspx?site=Beekdaelen&id=f64c5d5c-7d65-4886-9464-6fcddaf390f9","dc_title":"RB Begroting 2022 met meerjarenraming 2023-2025 GR WOZL vastgesteld raad 22062021","dc_type":"bijlage","foi_fairiscoreVersions":{"v1":1,"v2":1},"foi_fileName":"Z%2F21%2F155603%20-%20262499%20-%20Raadsbesluit%20Begroting%202022%20met%20meerjarenraming%202023-2025%20GR%20WOZL.pdf","foi_nrPages":1},{"dc_format":"application/pdf","dc_identifier":"nl.gm1954.2c.2021.2832296-8.doc.8","dc_source":"https://api1.ibabs.eu/publicdownload.aspx?site=Beekdaelen&id=a930df3e-f7bb-4ccd-af90-7bad0097ac67","dc_title":"Uitgaande brief aan WOZL inzake raadsbesluit 22 juni 2021","dc_type":"bijlage","foi_fairiscoreVersions":{"v1":1,"v2":1},"foi_fileName":"Z%2F21%2F155603%20-%20262502%20-%20Uitgaande%20brief%20aan%20WOZL%20inzake%20raadsbesluit%2022%20juni%202021.pdf","foi_nrPages":1},{"dc_format":"application/pdf","dc_identifier":"nl.gm1954.2c.2021.2832296-8.doc.3","dc_source":"https://api1.ibabs.eu/publicdownload.aspx?site=Beekdaelen&id=9d927f5b-602d-46fd-80ec-6ae45660e2be","dc_title":"Jaarstukken 2020 GR WOZL vastgesteld AB WOZL 25 maart 2021","dc_type":"bijlage","foi_fairiscoreVersions":{"v1":2,"v2":2},"foi_fileName":"Z%2F21%2F155603%20-%20263895%20-%20Jaarstukken%202020%20GR%20WOZL.pdf","foi_nrPages":56},{"dc_format":"application/pdf","dc_identifier":"nl.gm1954.2c.2021.2832296-8.doc.4","dc_source":"https://api1.ibabs.eu/publicdownload.aspx?site=Beekdaelen&id=157c3186-79d0-4c8a-be0f-c6ce5d75607b","dc_title":"Jaarverslag 2020 GR WOZL vastgesteld AB WOZL 25 maart 2021","dc_type":"bijlage","foi_fairiscoreVersions":{"v1":2,"v2":2},"foi_fileName":"Z%2F21%2F155603%20-%20263896%20-%20Jaarverslag%202020%20GR%20WOZL.pdf","foi_nrPages":17},{"dc_format":"application/pdf","dc_identifier":"nl.gm1954.2c.2021.2832296-8.doc.7","dc_source":"https://api1.ibabs.eu/publicdownload.aspx?site=Beekdaelen&id=86de0850-12cb-41d2-83a6-dd93188ce3a8","dc_title":"RIB WOZL inzake jaarstukken 2020","dc_type":"bijlage","foi_fairiscoreVersions":{"v1":1,"v2":1},"foi_fileName":"Z%2F21%2F155603%20-%20264361%20-%20RIB%20WOZL%20inzake%20jaarstukken%202020.pdf","foi_nrPages":2}],"foi_nrDocuments":8,"foi_nrPagesInDossier":119,"foi_publishedDate":"2021-06-22","foi_retrievedDate":"2025-11-30"},{"dc_creator":"HandelingScraper_v1","dc_date_year":2021,"dc_description":"Vergadering van de Gemeente Beekdaelen op 2021-06-22. Onderdeel: Voorstel inzake Jaarstukken 2020 en begroting 2022 GR GGD-ZL.","dc_identifier":"nl.gm1954.2c.2021.2832296-9","dc_publisher":"gm1954","dc_source":"https://beekdaelen.bestuurlijkeinformatie.nl/Agenda/Index/2372ba38-f483-4df5-bdcb-c3b9de29983b","dc_title":"Raadsvergadering 2021-06-22 - Voorstel inzake Jaarstukken 2020 en begroting 2022 GR GGD-ZL","dc_type":"2c","dc_type_description":"Vergaderstuk decentrale overheid","foi_fairiscoreVersions":{"v1":2,"v2":1},"foi_files":[{"dc_format":"application/pdf","dc_identifier":"nl.gm1954.2c.2021.2832296-9.doc.5","dc_source":"https://api1.ibabs.eu/publicdownload.aspx?site=Beekdaelen&id=051ea7d7-b8b2-40cd-9bc0-8905bdf4abb0","dc_title":"JGZ in begroting GGDZL 2022,  toelichting met bijlage","dc_type":"bijlage","foi_fairiscoreVersions":{"v1":1,"v2":1},"foi_fileName":"JGZ%20in%20begroting%20GGDZL%202022_%20%20toelichting%20met%20bijlage.pdf","foi_nrPages":6},{"dc_format":"application/pdf","dc_identifier":"nl.gm1954.2c.2021.2832296-9.doc.1","dc_source":"https://api1.ibabs.eu/publicdownload.aspx?site=Beekdaelen&id=e839a54a-9510-48a7-8f7d-65f77285f8b3","dc_title":"RV jaarstukken 2020 en begroting 2022 GGD-ZL","dc_type":"bijlage","foi_fairiscoreVersions":{"v1":1,"v2":1},"foi_fileName":"Z%2F21%2F157473%20-%20264154.pdf","foi_nrPages":7},{"dc_format":"application/pdf","dc_identifier":"nl.gm1954.2c.2021.2832296-9.doc.2","dc_source":"https://api1.ibabs.eu/publicdownload.aspx?site=Beekdaelen&id=ee8e918a-d9d7-4018-b0a6-d4b844400942","dc_title":"RB jaarstukken 2020 en begroting 2022 GGD-ZL vastgesteld raad 22062021","dc_type":"bijlage","foi_fairiscoreVersions":{"v1":1,"v2":1},"foi_fileName":"Z%2F21%2F157473%20-%20264156%20-%20jaarstukken%202020%20en%20begroting%202022%20GGD-zl.pdf","foi_nrPages":1},{"dc_format":"application/pdf","dc_identifier":"nl.gm1954.2c.2021.2832296-9.doc.3","dc_source":"https://api1.ibabs.eu/publicdownload.aspx?site=Beekdaelen&id=395f9daf-9105-4186-ac16-49de452daeba","dc_title":"Aanbiedingsbrief begroting 2022 en jaarrekening 2020 GGD-ZL","dc_type":"bijlage","foi_fairiscoreVersions":{"v1":1,"v2":1},"foi_fileName":"Z%2F21%2F157473%20-%20264159.pdf","foi_nrPages":3},{"dc_format":"application/pdf","dc_identifier":"nl.gm1954.2c.2021.2832296-9.doc.4","dc_source":"https://api1.ibabs.eu/publicdownload.aspx?site=Beekdaelen&id=73505857-6977-4673-a5cf-df043701ca79","dc_title":"Link naar digitaal jaaroverzicht 2020 GGD-ZL","dc_type":"bijlage","foi_fairiscoreVersions":{"v1":1,"v2":1},"foi_fileName":"Z%2F21%2F157473%20-%20264159.pdf","foi_nrPages":1},{"dc_format":"application/pdf","dc_identifier":"nl.gm1954.2c.2021.2832296-9.doc.6","dc_source":"https://api1.ibabs.eu/publicdownload.aspx?site=Beekdaelen&id=b1fe4aac-70c7-4358-bb4a-c2626c7b4e6a","dc_title":"Begroting GGD-ZL 2022","dc_type":"bijlage","foi_fairiscoreVersions":{"v1":2,"v2":1},"foi_fileName":"Z%2F21%2F157473%20-%20264159.pdf","foi_nrPages":55},{"dc_format":"application/pdf","dc_identifier":"nl.gm1954.2c.2021.2832296-9.doc.7","dc_source":"https://api1.ibabs.eu/publicdownload.aspx?site=Beekdaelen&id=a4cef0a4-3021-48d7-83aa-e9d2648cdc16","dc_title":"Financi\u00eble paragrafen begroting 2022","dc_type":"bijlage","foi_fairiscoreVersions":{"v1":2,"v2":1},"foi_fileName":"Z%2F21%2F157473%20-%20264159.pdf","foi_nrPages":10},{"dc_format":"application/pdf","dc_identifier":"nl.gm1954.2c.2021.2832296-9.doc.8","dc_source":"https://api1.ibabs.eu/publicdownload.aspx?site=Beekdaelen&id=426a949c-1b13-411a-a14d-112d553689fb","dc_title":"Berekening bijdrage Veilig Thuis","dc_type":"bijlage","foi_fairiscoreVersions":{"v1":1,"v2":1},"foi_fileName":"Z%2F21%2F157473%20-%20264159.pdf","foi_nrPages":1},{"dc_format":"application/pdf","dc_identifier":"nl.gm1954.2c.2021.2832296-9.doc.9","dc_source":"https://api1.ibabs.eu/publicdownload.aspx?site=Beekdaelen&id=7cf11d78-28e9-4b82-8376-c6685c4125f3","dc_title":"Berekening inwonerbijdrage 2022 programma GGD","dc_type":"bijlage","foi_fairiscoreVersions":{"v1":1,"v2":1},"foi_fileName":"Z%2F21%2F157473%20-%20264159.pdf","foi_nrPages":1},{"dc_format":"application/pdf","dc_identifier":"nl.gm1954.2c.2021.2832296-9.doc.10","dc_source":"https://api1.ibabs.eu/publicdownload.aspx?site=Beekdaelen&id=46cd6371-5571-44e0-a1ed-4acaa7da3174","dc_title":"Specificatie Bijdrage Gemeenten 2022 per gemeente per onderdeel","dc_type":"bijlage","foi_fairiscoreVersions":{"v1":1,"v2":1},"foi_fileName":"Z%2F21%2F157473%20-%20264159.pdf","foi_nrPages":1},{"dc_format":"application/pdf","dc_identifier":"nl.gm1954.2c.2021.2832296-9.doc.11","dc_source":"https://api1.ibabs.eu/publicdownload.aspx?site=Beekdaelen&id=cf812bb1-56fb-44d9-8fc1-23be54dd1db8","dc_title":"Inwonerbijdrage gemeenten verhoging begroting JGZ 2022","dc_type":"bijlage","foi_fairiscoreVersions":{"v1":1,"v2":1},"foi_fileName":"Z%2F21%2F157473%20-%20264159.pdf","foi_nrPages":1},{"dc_format":"application/pdf","dc_identifier":"nl.gm1954.2c.2021.2832296-9.doc.12","dc_source":"https://api1.ibabs.eu/publicdownload.aspx?site=Beekdaelen&id=79a5c099-1be1-4539-a399-b18e7b4420d4","dc_title":"Meerjaren overzicht ingroei herverdeeleffecten begroting JGZ 2022-2025 exclusief indexering","dc_type":"bijlage","foi_fairiscoreVersions":{"v1":1,"v2":1},"foi_fileName":"Z%2F21%2F157473%20-%20264159.pdf","foi_nrPages":1},{"dc_format":"application/pdf","dc_identifier":"nl.gm1954.2c.2021.2832296-9.doc.13","dc_source":"https://api1.ibabs.eu/publicdownload.aspx?site=Beekdaelen&id=c1219845-be95-4520-8f64-fb7ef95fc832","dc_title":"brf. (besluit) aan GGD t.a.v. begroting 2022","dc_type":"bijlage","foi_fairiscoreVersions":{"v1":1,"v2":1},"foi_fileName":"Z%2F21%2F157473%20-%20264640%20-%20brf.%20%28besluit%29%20aan%20GGD%20t.a.v.pdf","foi_nrPages":1}],"foi_nrDocuments":13,"foi_nrPagesInDossier":89,"foi_publishedDate":"2021-06-22","foi_retrievedDate":"2025-12-04"},{"dc_creator":"HandelingScraper_v1","dc_date_year":2021,"dc_description":"Vergadering van de Gemeente Beekdaelen op 2021-06-24. Onderdeel: Vaststellen concept-agenda.","dc_identifier":"nl.gm1954.2c.2021.2832347-1","dc_publisher":"gm1954","dc_source":"https://beekdaelen.bestuurlijkeinformatie.nl/Agenda/Index/4ae88618-cbff-489f-bcde-387bdbebfbb4","dc_title":"BDN Commissie AWACS Limburg 2021-06-24 - Vaststellen concept-agenda","dc_type":"2c","dc_type_description":"Vergaderstuk decentrale overheid","foi_fairiscoreVersions":{"v1":null,"v2":null},"foi_files":[{"dc_format":"application/pdf","dc_identifier":"nl.gm1954.2c.2021.2832347-1.doc.1","dc_source":"https://api1.ibabs.eu/publicdownload.aspx?site=Beekdaelen&id=d8369ae6-2c2c-4a48-bb4e-847d4f43affe","dc_title":"CAL-AWACS-2021-013-concept-agenda 24-06-2021.pdf","dc_type":"bijlage","foi_fileName":"CAL-AWACS-2021-013-concept-agenda%2024-06-2021.pdf"}],"foi_nrDocuments":1,"foi_nrPagesInDossier":0,"foi_publishedDate":"2021-06-24","foi_retrievedDate":"2025-11-30"},{"dc_creator":"HandelingScraper_v1","dc_date_year":2021,"dc_description":"Vergadering van de Gemeente Beekdaelen op 2021-06-24. Onderdeel: Toelichting in hoofdlijnen NLR op:.","dc_identifier":"nl.gm1954.2c.2021.2832347-2","dc_publisher":"gm1954","dc_source":"https://beekdaelen.bestuurlijkeinformatie.nl/Agenda/Index/4ae88618-cbff-489f-bcde-387bdbebfbb4","dc_title":"BDN Commissie AWACS Limburg 2021-06-24 - Toelichting in hoofdlijnen NLR op:","dc_type":"2c","dc_type_description":"Vergaderstuk decentrale overheid","foi_fairiscoreVersions":{"v1":2,"v2":2},"foi_files":[{"dc_format":"application/pdf","dc_identifier":"nl.gm1954.2c.2021.2832347-2.doc.1","dc_source":"https://api1.ibabs.eu/publicdownload.aspx?site=Beekdaelen&id=eca5aaf7-b746-4fb3-8062-1cff8342dc60","dc_title":"CAL-AWACS-2021-014- 2e halfjaarrapportage 2020 NLR.pdf","dc_type":"bijlage","foi_fairiscoreVersions":{"v1":2,"v2":2},"foi_fileName":"CAL-AWACS-2021-014-%202e%20halfjaarrapportage%202020%20NLR.pdf","foi_nrPages":28},{"dc_format":"application/pdf","dc_identifier":"nl.gm1954.2c.2021.2832347-2.doc.2","dc_source":"https://api1.ibabs.eu/publicdownload.aspx?site=Beekdaelen&id=474f4964-9a9e-4d7c-aef8-cd03f6a0805e","dc_title":"CAL-AWACS-2021-015- jaarrapportage 2020.pdf","dc_type":"bijlage","foi_fairiscoreVersions":{"v1":2,"v2":2},"foi_fileName":"CAL-AWACS-2021-015-%20jaarrapportage%202020.pdf","foi_nrPages":16}],"foi_nrDocuments":2,"foi_nrPagesInDossier":44,"foi_publishedDate":"2021-06-24","foi_retrievedDate":"2026-03-09"},{"dc_creator":"HandelingScraper_v1","dc_date_year":2021,"dc_description":"Vergadering van de Gemeente Beekdaelen op 2021-06-24. Onderdeel: Concept-verslag d.d. 25-03-2021 (CAL-AWACS-2021-016).","dc_identifier":"nl.gm1954.2c.2021.2832347-3","dc_publisher":"gm1954","dc_source":"https://beekdaelen.bestuurlijkeinformatie.nl/Agenda/Index/4ae88618-cbff-489f-bcde-387bdbebfbb4","dc_title":"BDN Commissie AWACS Limburg 2021-06-24 - Concept-verslag d.d. 25-03-2021 (CAL-AWACS-2021-016)","dc_type":"2c","dc_type_description":"Vergaderstuk decentrale overheid","foi_fairiscoreVersions":{"v1":1,"v2":1},"foi_files":[{"dc_format":"application/pdf","dc_identifier":"nl.gm1954.2c.2021.2832347-3.doc.1","dc_source":"https://api1.ibabs.eu/publicdownload.aspx?site=Beekdaelen&id=d0ef1b5b-218c-402f-8c7e-b0ffae73793d","dc_title":"CAL-AWACS-2021-016-concept-verslag 25-03-2021.pdf","dc_type":"bijlage","foi_fairiscoreVersions":{"v1":1,"v2":1},"foi_fileName":"CAL-AWACS-2021-016-concept-verslag%2025-03-2021.pdf","foi_nrPages":7}],"foi_nrDocuments":1,"foi_nrPagesInDossier":7,"foi_publishedDate":"2021-06-24","foi_retrievedDate":"2026-03-03"},{"dc_creator":"HandelingScraper_v1","dc_date_year":2021,"dc_description":"Vergadering van de Gemeente Beekdaelen op 2021-06-24. Onderdeel: Stichting Klachtentelefoon Zuid-Limburg.","dc_identifier":"nl.gm1954.2c.2021.2832347-4","dc_publisher":"gm1954","dc_source":"https://beekdaelen.bestuurlijkeinformatie.nl/Agenda/Index/4ae88618-cbff-489f-bcde-387bdbebfbb4","dc_title":"BDN Commissie AWACS Limburg 2021-06-24 - Stichting Klachtentelefoon Zuid-Limburg","dc_type":"2c","dc_type_description":"Vergaderstuk decentrale overheid","foi_fairiscoreVersions":{"v1":1,"v2":1},"foi_files":[{"dc_format":"application/pdf","dc_identifier":"nl.gm1954.2c.2021.2832347-4.doc.1","dc_source":"https://api1.ibabs.eu/publicdownload.aspx?site=Beekdaelen&id=2cdddc17-5bb1-4293-9213-21ccbc930fc6","dc_title":"CAL-AWACS-2021-017-overzicht klachten 1e kwartaal.pdf","dc_type":"bijlage","foi_fairiscoreVersions":{"v1":1,"v2":1},"foi_fileName":"CAL-AWACS-2021-017-overzicht%20klachten%201e%20kwartaal.pdf","foi_nrPages":18},{"dc_format":"application/pdf","dc_identifier":"nl.gm1954.2c.2021.2832347-4.doc.2","dc_source":"https://api1.ibabs.eu/publicdownload.aspx?site=Beekdaelen&id=305f50cd-4fe4-4643-a085-22fb1ee30a8d","dc_title":"CAL-AWACS-2021-018- Woonkernoffenders.pdf","dc_type":"bijlage","foi_fairiscoreVersions":{"v1":1,"v2":1},"foi_fileName":"CAL-AWACS-2021-018-%20Woonkernoffenders.pdf","foi_nrPages":6}],"foi_nrDocuments":2,"foi_nrPagesInDossier":24,"foi_publishedDate":"2021-06-24","foi_retrievedDate":"2026-02-12"},{"dc_creator":"HandelingScraper_v1","dc_date_year":2021,"dc_description":"Vergadering van de Gemeente Beekdaelen op 2021-06-24. Onderdeel: Fijnstof meten met sensoren in Beekdaelen en Brunssum (toelichting provincie Limburg).","dc_identifier":"nl.gm1954.2c.2021.2832347-5","dc_publisher":"gm1954","dc_source":"https://beekdaelen.bestuurlijkeinformatie.nl/Agenda/Index/4ae88618-cbff-489f-bcde-387bdbebfbb4","dc_title":"BDN Commissie AWACS Limburg 2021-06-24 - Fijnstof meten met sensoren in Beekdaelen en Brunssum (toelichting provincie Limburg)","dc_type":"2c","dc_type_description":"Vergaderstuk decentrale overheid","foi_fairiscoreVersions":{"v1":2,"v2":2},"foi_files":[{"dc_format":"application/pdf","dc_identifier":"nl.gm1954.2c.2021.2832347-5.doc.1","dc_source":"https://api1.ibabs.eu/publicdownload.aspx?site=Beekdaelen&id=b66efcc2-718d-40ad-bdf3-d18e7240d3ea","dc_title":"CAL-AWACS-2021-019-Notitie fijnstof meten met sensoren.pdf","dc_type":"bijlage","foi_fairiscoreVersions":{"v1":2,"v2":2},"foi_fileName":"CAL-AWACS-2021-019-Notitie%20fijnstof%20meten%20met%20sensoren.pdf","foi_nrPages":4}],"foi_nrDocuments":1,"foi_nrPagesInDossier":4,"foi_publishedDate":"2021-06-24","foi_retrievedDate":"2025-12-03"},{"dc_creator":"HandelingScraper_v1","dc_date_year":2021,"dc_description":"Vergadering van de Gemeente Beekdaelen op 2021-06-24. Onderdeel: Ingekomen stukken. Voorstel : ter kennisname van..","dc_identifier":"nl.gm1954.2c.2021.2832347-6","dc_publisher":"gm1954","dc_source":"https://beekdaelen.bestuurlijkeinformatie.nl/Agenda/Index/4ae88618-cbff-489f-bcde-387bdbebfbb4","dc_title":"BDN Commissie AWACS Limburg 2021-06-24 - Ingekomen stukken. Voorstel : ter kennisname van.","dc_type":"2c","dc_type_description":"Vergaderstuk decentrale overheid","foi_fairiscoreVersions":{"v1":1,"v2":1},"foi_files":[{"dc_format":"application/pdf","dc_identifier":"nl.gm1954.2c.2021.2832347-6.doc.1","dc_source":"https://api1.ibabs.eu/publicdownload.aspx?site=Beekdaelen&id=046c7cdf-fd99-4408-bf44-e30402a5ce9c","dc_title":"CAL-AWACS-2021-020-DGMR-Rapportage vliegtuiggeluid vliegbasis Geilenkirchen 2020.pdf","dc_type":"bijlage","foi_fairiscoreVersions":{"v1":1,"v2":1},"foi_fileName":"CAL-AWACS-2021-020-DGMR-Rapportage%20vliegtuiggeluid%20vliegbasis%20Geilenkirchen%202020.pdf","foi_nrPages":28},{"dc_format":"application/pdf","dc_identifier":"nl.gm1954.2c.2021.2832347-6.doc.2","dc_source":"https://api1.ibabs.eu/publicdownload.aspx?site=Beekdaelen&id=5cb16af2-6350-40ec-a3e6-d3b54b8e908e","dc_title":"CAL-AWACS-2021-021-GGD-ZL- aanvulling literartuurlijst.pdf","dc_type":"bijlage","foi_fairiscoreVersions":{"v1":1,"v2":1},"foi_fileName":"CAL-AWACS-2021-021-GGD-ZL-%20aanvulling%20literartuurlijst.pdf","foi_nrPages":10}],"foi_nrDocuments":2,"foi_nrPagesInDossier":38,"foi_publishedDate":"2021-06-24","foi_retrievedDate":"2026-03-02"},{"dc_creator":"HandelingScraper_v1","dc_date_year":2021,"dc_description":"Vergadering van de Gemeente Beekdaelen op 2021-06-24. Onderdeel: Algemeen.","dc_identifier":"nl.gm1954.2c.2021.2832363-1","dc_publisher":"gm1954","dc_source":"https://beekdaelen.bestuurlijkeinformatie.nl/Agenda/Index/6fbe0410-c75b-4297-baac-1f44abeedf87","dc_title":"Gecombineerde commissie (t/m april 2022) 2021-06-24 - Algemeen","dc_type":"2c","dc_type_description":"Vergaderstuk decentrale overheid","foi_fairiscoreVersions":{"v1":1,"v2":1},"foi_files":[{"dc_format":"application/pdf","dc_identifier":"nl.gm1954.2c.2021.2832363-1.doc.1","dc_source":"https://api1.ibabs.eu/publicdownload.aspx?site=Beekdaelen&id=f61ff3e4-45f2-4f07-9b68-6bb1d9ff7e22","dc_title":"Technische voorvragen BL gecomb. cie 24 juni 2021","dc_type":"bijlage","foi_fairiscoreVersions":{"v1":1,"v2":1},"foi_fileName":"Technische%20voorvragen%20BL%20gecomb.%20cie%2024%20juni%202021.pdf","foi_nrPages":2},{"dc_format":"application/pdf","dc_identifier":"nl.gm1954.2c.2021.2832363-1.doc.2","dc_source":"https://api1.ibabs.eu/publicdownload.aspx?site=Beekdaelen&id=65e3c0e8-4a25-416e-9f4d-4c02ae1b0822","dc_title":"Vragen CDA inzake Nuinhofwijk","dc_type":"bijlage","foi_fairiscoreVersions":{"v1":1,"v2":1},"foi_fileName":"Vragen%20CDA%20inzake%20Nuinhofwijk.pdf","foi_nrPages":1}],"foi_nrDocuments":2,"foi_nrPagesInDossier":3,"foi_publishedDate":"2021-06-24","foi_retrievedDate":"2026-03-06"},{"dc_creator":"HandelingScraper_v1","dc_date_year":2021,"dc_description":"Vergadering van de Gemeente Beekdaelen op 2021-06-24. Onderdeel: Rondvraag cluster Ruimte.","dc_identifier":"nl.gm1954.2c.2021.2832363-10","dc_publisher":"gm1954","dc_source":"https://beekdaelen.bestuurlijkeinformatie.nl/Agenda/Index/6fbe0410-c75b-4297-baac-1f44abeedf87","dc_title":"Gecombineerde commissie (t/m april 2022) 2021-06-24 - Rondvraag cluster Ruimte","dc_type":"2c","dc_type_description":"Vergaderstuk decentrale overheid","foi_fairiscoreVersions":{"v1":1,"v2":1},"foi_files":[{"dc_format":"application/pdf","dc_identifier":"nl.gm1954.2c.2021.2832363-10.doc.2","dc_source":"https://api1.ibabs.eu/publicdownload.aspx?site=Beekdaelen&id=61641c55-fe75-4a0d-836a-1bdcc882dafe","dc_title":"MvA technische voorvragen VG deel 2","dc_type":"bijlage","foi_fairiscoreVersions":{"v1":1,"v2":1},"foi_fileName":"270551_1.docx%20-%20Z21158821%20-%20270551%20-%20Antwoorden%20technische%20voorvragen%20VG.pdf","foi_nrPages":2},{"dc_format":"application/pdf","dc_identifier":"nl.gm1954.2c.2021.2832363-10.doc.4","dc_source":"https://api1.ibabs.eu/publicdownload.aspx?site=Beekdaelen&id=2d9d023c-437c-4613-9eb1-eae21999c8a0","dc_title":"Beantwoording vragen P. Daniels Rondvraag gecombineerde Commissie d.d. 24 juni 2021","dc_type":"bijlage","foi_fairiscoreVersions":{"v1":1,"v2":1},"foi_fileName":"Beantwoording%20vragen%20P.%20Daniels%20Rondvraag%20gecombineerde%20Commissie%20d.d.%2024%20juni%202021.pdf","foi_nrPages":3},{"dc_format":"application/pdf","dc_identifier":"nl.gm1954.2c.2021.2832363-10.doc.1","dc_source":"https://api1.ibabs.eu/publicdownload.aspx?site=Beekdaelen&id=5e84c725-4d52-4c7b-8168-2d1ccaf2259a","dc_title":"MvA technische voorvragen fractie VG cie 24-06 - C deel 1","dc_type":"bijlage","foi_fairiscoreVersions":{"v1":1,"v2":1},"foi_fileName":"MvA%20technische%20voorvragen%20fractie%20VG%20cie%2024-06%20-%20C.pdf","foi_nrPages":1},{"dc_format":"application/pdf","dc_identifier":"nl.gm1954.2c.2021.2832363-10.doc.3","dc_source":"https://api1.ibabs.eu/publicdownload.aspx?site=Beekdaelen&id=4d938f27-5fbc-4d5e-a53f-35ae458984df","dc_title":"Rondvraag VVD tbv gecombineerde Commissie d.d. 24 juni 2021","dc_type":"bijlage","foi_fairiscoreVersions":{"v1":1,"v2":1},"foi_fileName":"Rondvraag%20VVD%20tbv%20gecombineerde%20Commissie.pdf","foi_nrPages":1}],"foi_nrDocuments":4,"foi_nrPagesInDossier":7,"foi_publishedDate":"2021-06-24","foi_retrievedDate":"2026-03-02"},{"dc_creator":"HandelingScraper_v1","dc_date_year":2021,"dc_description":"Vergadering van de Gemeente Beekdaelen op 2021-06-24. Onderdeel: Voorstel inzake eerste burap.","dc_identifier":"nl.gm1954.2c.2021.2832363-11","dc_publisher":"gm1954","dc_source":"https://beekdaelen.bestuurlijkeinformatie.nl/Agenda/Index/6fbe0410-c75b-4297-baac-1f44abeedf87","dc_title":"Gecombineerde commissie (t/m april 2022) 2021-06-24 - Voorstel inzake eerste burap","dc_type":"2c","dc_type_description":"Vergaderstuk decentrale overheid","foi_fairiscoreVersions":{"v1":2,"v2":2},"foi_files":[{"dc_format":"application/pdf","dc_identifier":"nl.gm1954.2c.2021.2832363-11.doc.3","dc_source":"https://api1.ibabs.eu/publicdownload.aspx?site=Beekdaelen&id=6a5d22de-86c6-4b5b-a1a4-0544cc316a12","dc_title":"Begrotingswijziging 6 Eerste bestuursrapportage 2021","dc_type":"bijlage","foi_fairiscoreVersions":{"v1":1,"v2":1},"foi_fileName":"Begrotingswijziging%206%20Eerste%20bestuursrapportage%202021.pdf","foi_nrPages":1},{"dc_format":"application/pdf","dc_identifier":"nl.gm1954.2c.2021.2832363-11.doc.4","dc_source":"https://api1.ibabs.eu/publicdownload.aspx?site=Beekdaelen&id=0e0e06e1-f094-4e16-8adb-dc8aa0c00448","dc_title":"Eerste burap 2021","dc_type":"bijlage","foi_fairiscoreVersions":{"v1":2,"v2":2},"foi_fileName":"Eerste%20burap%202021.pdf","foi_nrPages":103},{"dc_format":"application/pdf","dc_identifier":"nl.gm1954.2c.2021.2832363-11.doc.5","dc_source":"https://api1.ibabs.eu/publicdownload.aspx?site=Beekdaelen&id=ade46026-0815-44bf-8432-024fe2398a5a","dc_title":"Informatie inzake foutjes in coronarapportage 1e Burap - mail d.d. 22 juni 2021","dc_type":"bijlage","foi_fairiscoreVersions":{"v1":1,"v2":1},"foi_fileName":"Informatie%20inzake%20foutjes%20in%20coronarapportage%201e%20Burap%20-%20mail%20d.d.%2022%20juni%202021.pdf","foi_nrPages":1},{"dc_format":"application/pdf","dc_identifier":"nl.gm1954.2c.2021.2832363-11.doc.2","dc_source":"https://api1.ibabs.eu/publicdownload.aspx?site=Beekdaelen&id=fb100e64-92be-4dbb-ae4d-cfe0c00ac5c1","dc_title":"RB inzake Eerste bestuursrapportage 2021","dc_type":"bijlage","foi_fairiscoreVersions":{"v1":1,"v2":1},"foi_fileName":"RB%20inzake%20Eerste%20bestuursrapportage%202021.pdf","foi_nrPages":1},{"dc_format":"application/pdf","dc_identifier":"nl.gm1954.2c.2021.2832363-11.doc.1","dc_source":"https://api1.ibabs.eu/publicdownload.aspx?site=Beekdaelen&id=1cfb9635-46da-4fa1-b5d5-869cd01de658","dc_title":"RV inzake Eerste bestuursrapportage 2021","dc_type":"bijlage","foi_fairiscoreVersions":{"v1":1,"v2":1},"foi_fileName":"RV%20inzake%20Eerste%20bestuursrapportage%202021.pdf","foi_nrPages":3}],"foi_nrDocuments":5,"foi_nrPagesInDossier":109,"foi_publishedDate":"2021-06-24","foi_retrievedDate":"2026-03-05"},{"dc_creator":"HandelingScraper_v1","dc_date_year":2021,"dc_description":"Vergadering van de Gemeente Beekdaelen op 2021-06-24. Onderdeel: Voorstel inzake herziening financi\u00eble verordening.","dc_identifier":"nl.gm1954.2c.2021.2832363-12","dc_publisher":"gm1954","dc_source":"https://beekdaelen.bestuurlijkeinformatie.nl/Agenda/Index/6fbe0410-c75b-4297-baac-1f44abeedf87","dc_title":"Gecombineerde commissie (t/m april 2022) 2021-06-24 - Voorstel inzake herziening financi\u00eble verordening","dc_type":"2c","dc_type_description":"Vergaderstuk decentrale overheid","foi_fairiscoreVersions":{"v1":1,"v2":1},"foi_files":[{"dc_format":"application/pdf","dc_identifier":"nl.gm1954.2c.2021.2832363-12.doc.6","dc_source":"https://api1.ibabs.eu/publicdownload.aspx?site=Beekdaelen&id=6a939d33-36bc-4e27-bc92-b3e33e607954","dc_title":"MvA technische voorvragen VG over financi\u00eble verordening - D.3","dc_type":"bijlage","foi_fairiscoreVersions":{"v1":1,"v2":1},"foi_fileName":"MvA%20technische%20voorvragen%20VG%20over%20financi%C3%ABle%20verordening%20-%20D.3.pdf","foi_nrPages":2},{"dc_format":"application/pdf","dc_identifier":"nl.gm1954.2c.2021.2832363-12.doc.5","dc_source":"https://api1.ibabs.eu/publicdownload.aspx?site=Beekdaelen&id=ece49188-8bde-460b-8775-fcfb7ad3051a","dc_title":"financi\u00eble verordening gemeente Beekdaelen 2022","dc_type":"bijlage","foi_fairiscoreVersions":{"v1":1,"v2":1},"foi_fileName":"Z%2F21%2F159498%20-%20268765%20-%20financi%C3%ABle%20verordening%202022%20gemeente%20Beekdaelen.pdf","foi_nrPages":8},{"dc_format":"application/pdf","dc_identifier":"nl.gm1954.2c.2021.2832363-12.doc.3","dc_source":"https://api1.ibabs.eu/publicdownload.aspx?site=Beekdaelen&id=cbc3278f-5d52-4bd1-9a8a-b7cc94e987c3","dc_title":"bijlage 1 afschrijvingstermijnen","dc_type":"bijlage","foi_fairiscoreVersions":{"v1":1,"v2":1},"foi_fileName":"Z%2F21%2F159498%20-%20268768%20-%20bijlage%201%20afschrijvingstermijnen.pdf","foi_nrPages":1},{"dc_format":"application/pdf","dc_identifier":"nl.gm1954.2c.2021.2832363-12.doc.1","dc_source":"https://api1.ibabs.eu/publicdownload.aspx?site=Beekdaelen&id=f69cd2a6-8b06-4946-bad7-fbb38ff481e7","dc_title":"RV financi\u00eble verordening 2022","dc_type":"bijlage","foi_fairiscoreVersions":{"v1":1,"v2":1},"foi_fileName":"Z%2F21%2F159498%20-%20268850%20-%20financi%C3%ABle%20verordening%202022.pdf","foi_nrPages":4},{"dc_format":"application/pdf","dc_identifier":"nl.gm1954.2c.2021.2832363-12.doc.2","dc_source":"https://api1.ibabs.eu/publicdownload.aspx?site=Beekdaelen&id=fd090cee-8db6-459d-b392-753c864a6854","dc_title":"RB financi\u00eble verordening 2022","dc_type":"bijlage","foi_fairiscoreVersions":{"v1":1,"v2":1},"foi_fileName":"Z%2F21%2F159498%20-%20268879%20-%20financi%C3%ABle%20verordening%202022.pdf","foi_nrPages":1},{"dc_format":"application/pdf","dc_identifier":"nl.gm1954.2c.2021.2832363-12.doc.4","dc_source":"https://api1.ibabs.eu/publicdownload.aspx?site=Beekdaelen&id=9b6a1920-0933-4246-95f7-ecd22e02165f","dc_title":"bijlage 2 was - wordt lijst","dc_type":"bijlage","foi_fairiscoreVersions":{"v1":1,"v2":1},"foi_fileName":"Z%2F21%2F159498%20-%20268912%20-%20financi%C3%ABle%20verordening%20gemeente%20Beekdaelen%202022%20was%20-%20wordt.pdf","foi_nrPages":3}],"foi_nrDocuments":6,"foi_nrPagesInDossier":19,"foi_publishedDate":"2021-06-24","foi_retrievedDate":"2026-03-03"},{"dc_creator":"HandelingScraper_v1","dc_date_year":2021,"dc_description":"Vergadering van de Gemeente Beekdaelen op 2021-06-24. Onderdeel: Opening, mededelingen voorzitter en vaststellen agenda.","dc_identifier":"nl.gm1954.2c.2021.2832363-2","dc_publisher":"gm1954","dc_source":"https://beekdaelen.bestuurlijkeinformatie.nl/Agenda/Index/6fbe0410-c75b-4297-baac-1f44abeedf87","dc_title":"Gecombineerde commissie (t/m april 2022) 2021-06-24 - Opening, mededelingen voorzitter en vaststellen agenda","dc_type":"2c","dc_type_description":"Vergaderstuk decentrale overheid","foi_fairiscoreVersions":{"v1":1,"v2":1},"foi_files":[{"dc_format":"application/pdf","dc_identifier":"nl.gm1954.2c.2021.2832363-2.doc.1","dc_source":"https://api1.ibabs.eu/publicdownload.aspx?site=Beekdaelen&id=6ff41276-addd-4e33-84ff-154e285cec42","dc_title":"2021 06 24 Uitnodiging en voorlopige agenda gecombineerde cie . Bedrijfsvoering & Ruimte","dc_type":"bijlage","foi_fairiscoreVersions":{"v1":1,"v2":1},"foi_fileName":"2021%2006%2024%20Uitnodiging%20en%20voorlopige%20agenda%20gecombineerde%20cie%20.%20Bedrijfsvoering%20%26%20Ruimte.pdf","foi_nrPages":2},{"dc_format":"application/pdf","dc_identifier":"nl.gm1954.2c.2021.2832363-2.doc.2","dc_source":"https://api1.ibabs.eu/publicdownload.aspx?site=Beekdaelen&id=84ce3341-b20e-4d87-8767-c47442d4fb29","dc_title":"Vastgestelde agenda gecomb. commissie 24-06-2021","dc_type":"bijlage","foi_fairiscoreVersions":{"v1":1,"v2":1},"foi_fileName":"Vastgestelde%20agenda%20gecomb.%20commissie%2024062021%20aangepast%20-%20272011.pdf","foi_nrPages":1}],"foi_nrDocuments":2,"foi_nrPagesInDossier":3,"foi_publishedDate":"2021-06-24","foi_retrievedDate":"2025-12-02"},{"dc_creator":"HandelingScraper_v1","dc_date_year":2021,"dc_description":"Vergadering van de Gemeente Beekdaelen op 2021-06-24. Onderdeel: Vaststellen actiepuntenlijst commissie Sociaal & Bedrijfsvoering d.d. 1 juni 2021.","dc_identifier":"nl.gm1954.2c.2021.2832363-3","dc_publisher":"gm1954","dc_source":"https://beekdaelen.bestuurlijkeinformatie.nl/Agenda/Index/6fbe0410-c75b-4297-baac-1f44abeedf87","dc_title":"Gecombineerde commissie (t/m april 2022) 2021-06-24 - Vaststellen actiepuntenlijst commissie Sociaal & Bedrijfsvoering d.d. 1 juni 2021","dc_type":"2c","dc_type_description":"Vergaderstuk decentrale overheid","foi_fairiscoreVersions":{"v1":1,"v2":1},"foi_files":[{"dc_format":"application/pdf","dc_identifier":"nl.gm1954.2c.2021.2832363-3.doc.1","dc_source":"https://api1.ibabs.eu/publicdownload.aspx?site=Beekdaelen&id=b68009ae-aa13-44a5-a7b1-a67a76791cc4","dc_title":"Actiepuntenlijst cie Sociaal & Bedrijfsvoering 01 juni 2021 - vastgesteld 24.06.2021","dc_type":"bijlage","foi_fairiscoreVersions":{"v1":1,"v2":1},"foi_fileName":"2021%2006%2001%20Concept%20actiepuntenlijst%20cie%20Sociaal%20%26%20Bedrijfsvoering.pdf","foi_nrPages":5}],"foi_nrDocuments":1,"foi_nrPagesInDossier":5,"foi_publishedDate":"2021-06-24","foi_retrievedDate":"2026-03-05"},{"dc_creator":"HandelingScraper_v1","dc_date_year":2021,"dc_description":"Vergadering van de Gemeente Beekdaelen op 2021-06-24. Onderdeel: Vaststellen actiepuntenlijst commissie Ruimte d.d. 3 juni 2021.","dc_identifier":"nl.gm1954.2c.2021.2832363-4","dc_publisher":"gm1954","dc_source":"https://beekdaelen.bestuurlijkeinformatie.nl/Agenda/Index/6fbe0410-c75b-4297-baac-1f44abeedf87","dc_title":"Gecombineerde commissie (t/m april 2022) 2021-06-24 - Vaststellen actiepuntenlijst commissie Ruimte d.d. 3 juni 2021","dc_type":"2c","dc_type_description":"Vergaderstuk decentrale overheid","foi_fairiscoreVersions":{"v1":1,"v2":1},"foi_files":[{"dc_format":"application/pdf","dc_identifier":"nl.gm1954.2c.2021.2832363-4.doc.1","dc_source":"https://api1.ibabs.eu/publicdownload.aspx?site=Beekdaelen&id=0f960a0d-559e-41cb-a786-7ff0bac64e47","dc_title":"Actiepuntenlijst cie Ruimte 03062021 - vastgesteld 24.06.2021","dc_type":"bijlage","foi_fairiscoreVersions":{"v1":1,"v2":1},"foi_fileName":"Actiepuntenlijst%20cie%20Ruimte%2003062021%20-%20concept.pdf","foi_nrPages":5}],"foi_nrDocuments":1,"foi_nrPagesInDossier":5,"foi_publishedDate":"2021-06-24","foi_retrievedDate":"2026-01-24"},{"dc_creator":"HandelingScraper_v1","dc_date_year":2021,"dc_description":"Vergadering van de Gemeente Beekdaelen op 2021-06-24. Onderdeel: Vaststellen lijst van toezeggingen van de commissie Sociaal & Bedrijfsvoering.","dc_identifier":"nl.gm1954.2c.2021.2832363-5","dc_publisher":"gm1954","dc_source":"https://beekdaelen.bestuurlijkeinformatie.nl/Agenda/Index/6fbe0410-c75b-4297-baac-1f44abeedf87","dc_title":"Gecombineerde commissie (t/m april 2022) 2021-06-24 - Vaststellen lijst van toezeggingen van de commissie Sociaal & Bedrijfsvoering","dc_type":"2c","dc_type_description":"Vergaderstuk decentrale overheid","foi_fairiscoreVersions":{"v1":1,"v2":1},"foi_files":[{"dc_format":"application/pdf","dc_identifier":"nl.gm1954.2c.2021.2832363-5.doc.1","dc_source":"https://api1.ibabs.eu/publicdownload.aspx?site=Beekdaelen&id=78c43be4-b310-4c0b-a9b6-ae71eee1f4b8","dc_title":"Bijgewerkte lijst toezeggingen cie. Sociaal versie 08.06.2020","dc_type":"bijlage","foi_fairiscoreVersions":{"v1":1,"v2":1},"foi_fileName":"Bijgewerkte%20lijst%20toezeggingen%20cie.%20Sociaal%20versie%2008.06.2020.pdf","foi_nrPages":7}],"foi_nrDocuments":1,"foi_nrPagesInDossier":7,"foi_publishedDate":"2021-06-24","foi_retrievedDate":"2026-03-06"},{"dc_creator":"HandelingScraper_v1","dc_date_year":2021,"dc_description":"Vergadering van de Gemeente Beekdaelen op 2021-06-24. Onderdeel: Vaststellen lijst van toezeggingen van de commissie Ruimte.","dc_identifier":"nl.gm1954.2c.2021.2832363-6","dc_publisher":"gm1954","dc_source":"https://beekdaelen.bestuurlijkeinformatie.nl/Agenda/Index/6fbe0410-c75b-4297-baac-1f44abeedf87","dc_title":"Gecombineerde commissie (t/m april 2022) 2021-06-24 - Vaststellen lijst van toezeggingen van de commissie Ruimte","dc_type":"2c","dc_type_description":"Vergaderstuk decentrale overheid","foi_fairiscoreVersions":{"v1":1,"v2":1},"foi_files":[{"dc_format":"application/pdf","dc_identifier":"nl.gm1954.2c.2021.2832363-6.doc.1","dc_source":"https://api1.ibabs.eu/publicdownload.aspx?site=Beekdaelen&id=ec8798d9-e9b9-4629-9c01-33f0ed1424bc","dc_title":"Bijgewerkte lijst toezeggingen cie. Ruimte versie 08.06.2020","dc_type":"bijlage","foi_fairiscoreVersions":{"v1":1,"v2":1},"foi_fileName":"Bijgewerkte%20lijst%20toezeggingen%20cie.%20Ruimte%20versie%2008.06.2020.pdf","foi_nrPages":8}],"foi_nrDocuments":1,"foi_nrPagesInDossier":8,"foi_publishedDate":"2021-06-24","foi_retrievedDate":"2026-03-01"},{"dc_creator":"HandelingScraper_v1","dc_date_year":2021,"dc_description":"Vergadering van de Gemeente Beekdaelen op 2021-06-24. Onderdeel: Voorstel inzake krediet woonwagenlocatie Veeweg.","dc_identifier":"nl.gm1954.2c.2021.2832363-7","dc_publisher":"gm1954","dc_source":"https://beekdaelen.bestuurlijkeinformatie.nl/Agenda/Index/6fbe0410-c75b-4297-baac-1f44abeedf87","dc_title":"Gecombineerde commissie (t/m april 2022) 2021-06-24 - Voorstel inzake krediet woonwagenlocatie Veeweg","dc_type":"2c","dc_type_description":"Vergaderstuk decentrale overheid","foi_fairiscoreVersions":{"v1":2,"v2":2},"foi_files":[{"dc_format":"application/pdf","dc_identifier":"nl.gm1954.2c.2021.2832363-7.doc.11","dc_source":"https://api1.ibabs.eu/publicdownload.aspx?site=Beekdaelen&id=8915a191-37fa-4995-a1a1-c72c5f3b07e8","dc_title":"Aanvullende notitie n.a.v. vragen inzake agendapunt B5 cie. 03062021","dc_type":"bijlage","foi_fairiscoreVersions":{"v1":1,"v2":1},"foi_fileName":"Aanvullende%20notitie%20n.a.v.%20vragen%20inzake%20agendapunt%20B5%20cie.%2003062021.pdf","foi_nrPages":2},{"dc_format":"application/pdf","dc_identifier":"nl.gm1954.2c.2021.2832363-7.doc.6","dc_source":"https://api1.ibabs.eu/publicdownload.aspx?site=Beekdaelen&id=c8064f6b-ec02-4ba6-a701-f54152b16f18","dc_title":"Memorie van Antwoord BL cie. 03062021 - B5","dc_type":"bijlage","foi_fairiscoreVersions":{"v1":1,"v2":1},"foi_fileName":"Memorie%20van%20Antwoord%20BL%20cie.%2003062021%20-%20B5.pdf","foi_nrPages":1},{"dc_format":"application/pdf","dc_identifier":"nl.gm1954.2c.2021.2832363-7.doc.13","dc_source":"https://api1.ibabs.eu/publicdownload.aspx?site=Beekdaelen&id=ab7916b0-0e0f-4fe1-b979-b5ae7a474047","dc_title":"Memorie van Antwoord BL cie. 24062021 - B1","dc_type":"bijlage","foi_fairiscoreVersions":{"v1":1,"v2":1},"foi_fileName":"Memorie%20van%20Antwoord%20BL%20cie.%2024062021%20-%20B1%20-.pdf","foi_nrPages":2},{"dc_format":"application/pdf","dc_identifier":"nl.gm1954.2c.2021.2832363-7.doc.4","dc_source":"https://api1.ibabs.eu/publicdownload.aspx?site=Beekdaelen&id=8964d368-1627-4713-8dc4-ab163c5bcc32","dc_title":"Memorie van Antwoord CDA cie. 03062021 - B5","dc_type":"bijlage","foi_fairiscoreVersions":{"v1":1,"v2":1},"foi_fileName":"Memorie%20van%20Antwoord%20CDA%20cie.%2003062021%20-%20B5.pdf","foi_nrPages":2},{"dc_format":"application/pdf","dc_identifier":"nl.gm1954.2c.2021.2832363-7.doc.9","dc_source":"https://api1.ibabs.eu/publicdownload.aspx?site=Beekdaelen&id=d1bcf7f2-51fc-45a7-b11c-b8c2634ecddc","dc_title":"Memorie van Antwoord GL cie. 03062021 - B5","dc_type":"bijlage","foi_fairiscoreVersions":{"v1":1,"v2":1},"foi_fileName":"Memorie%20van%20Antwoord%20GL%20cie.%2003062021%20-%20B5.pdf","foi_nrPages":1},{"dc_format":"application/pdf","dc_identifier":"nl.gm1954.2c.2021.2832363-7.doc.10","dc_source":"https://api1.ibabs.eu/publicdownload.aspx?site=Beekdaelen&id=9a34b0c5-ba64-4eef-a1ba-9551ded76128","dc_title":"Memorie van Antwoord PvdA cie. 03062021 - B5","dc_type":"bijlage","foi_fairiscoreVersions":{"v1":1,"v2":1},"foi_fileName":"Memorie%20van%20Antwoord%20PvdA%20cie.%2003062021%20-%20B5.pdf","foi_nrPages":1},{"dc_format":"application/pdf","dc_identifier":"nl.gm1954.2c.2021.2832363-7.doc.5","dc_source":"https://api1.ibabs.eu/publicdownload.aspx?site=Beekdaelen&id=4b538d97-7d76-4b3c-95fd-3e80e89586c9","dc_title":"Memorie van Antwoord VG cie. 03062021 - B5","dc_type":"bijlage","foi_fairiscoreVersions":{"v1":1,"v2":1},"foi_fileName":"Memorie%20van%20Antwoord%20VG%20cie.%2003062021%20-%20B5.pdf","foi_nrPages":4},{"dc_format":"application/pdf","dc_identifier":"nl.gm1954.2c.2021.2832363-7.doc.7","dc_source":"https://api1.ibabs.eu/publicdownload.aspx?site=Beekdaelen&id=3ad21070-4560-4ab1-b1fb-609cee9056b1","dc_title":"Memorie van Antwoord VVD cie. 03062021 - B5","dc_type":"bijlage","foi_fairiscoreVersions":{"v1":1,"v2":1},"foi_fileName":"Memorie%20van%20Antwoord%20VVD%20cie.%2003062021%20-%20B5.pdf","foi_nrPages":4},{"dc_format":"application/pdf","dc_identifier":"nl.gm1954.2c.2021.2832363-7.doc.8","dc_source":"https://api1.ibabs.eu/publicdownload.aspx?site=Beekdaelen&id=0fad368f-e70b-468b-be51-e363bced394a","dc_title":"MvA nagekomen vraag VVD inzake woonwagenlocatie Veeweg cie. 24062021 - B1","dc_type":"bijlage","foi_fairiscoreVersions":{"v1":1,"v2":1},"foi_fileName":"MvA%20nagekomen%20vraag%20VVD%20inzake%20woonwagenlocatie%20Veeweg%20cie.%2024062021%20-%20B1.pdf","foi_nrPages":1},{"dc_format":"application/pdf","dc_identifier":"nl.gm1954.2c.2021.2832363-7.doc.12","dc_source":"https://api1.ibabs.eu/publicdownload.aspx?site=Beekdaelen&id=2ed9160b-d953-4b89-b62a-bea38698e980","dc_title":"Kadastrale situatie Veeweg Schinnen (gearceerde deel is eigendom gemeente)","dc_type":"bijlage","foi_fairiscoreVersions":{"v1":2,"v2":2},"foi_fileName":"Scan%20situatie%20Veeweg%20Schinnen_1..pdf","foi_nrPages":1},{"dc_format":"application/pdf","dc_identifier":"nl.gm1954.2c.2021.2832363-7.doc.3","dc_source":"https://api1.ibabs.eu/publicdownload.aspx?site=Beekdaelen&id=f8c2c0ed-abbc-4c7c-81d7-ecf4f3b0990e","dc_title":"Begrotingswijziging 4.1","dc_type":"bijlage","foi_fairiscoreVersions":{"v1":1,"v2":1},"foi_fileName":"Z%2F19%2F126656%20-%20254098%20-%20bijlage%206Begrotingswijziging%204.pdf","foi_nrPages":1},{"dc_format":"application/pdf","dc_identifier":"nl.gm1954.2c.2021.2832363-7.doc.1","dc_source":"https://api1.ibabs.eu/publicdownload.aspx?site=Beekdaelen&id=5b949237-c496-4a96-a78b-c7f3a5389e29","dc_title":"RV Woonwagenlocatie Veeweg","dc_type":"bijlage","foi_fairiscoreVersions":{"v1":1,"v2":1},"foi_fileName":"Z%2F19%2F126656%20-%20255826%20-%20Raadsvoorstel%20Woonwagenlocatie%20Veeweg.pdf","foi_nrPages":4},{"dc_format":"application/pdf","dc_identifier":"nl.gm1954.2c.2021.2832363-7.doc.2","dc_source":"https://api1.ibabs.eu/publicdownload.aspx?site=Beekdaelen&id=adceffa5-1323-4fc7-aadf-1c9f215c9d7c","dc_title":"RB Woonwagenlocatie Veeweg","dc_type":"bijlage","foi_fairiscoreVersions":{"v1":1,"v2":1},"foi_fileName":"Z%2F19%2F126656%20-%20256648%20-%20Raadsbesluit%20Woonwagenlocatie%20Veeweg.pdf","foi_nrPages":1}],"foi_nrDocuments":13,"foi_nrPagesInDossier":25,"foi_publishedDate":"2021-06-24","foi_retrievedDate":"2026-03-06"},{"dc_creator":"HandelingScraper_v1","dc_date_year":2021,"dc_description":"Vergadering van de Gemeente Beekdaelen op 2021-06-24. Onderdeel: Voorstel inzake Uitvoeringskrediet 4-tal deelprojecten gebiedsontwikkeling de Gijselaar.","dc_identifier":"nl.gm1954.2c.2021.2832363-8","dc_publisher":"gm1954","dc_source":"https://beekdaelen.bestuurlijkeinformatie.nl/Agenda/Index/6fbe0410-c75b-4297-baac-1f44abeedf87","dc_title":"Gecombineerde commissie (t/m april 2022) 2021-06-24 - Voorstel inzake Uitvoeringskrediet 4-tal deelprojecten gebiedsontwikkeling de Gijselaar","dc_type":"2c","dc_type_description":"Vergaderstuk decentrale overheid","foi_fairiscoreVersions":{"v1":2,"v2":2},"foi_files":[{"dc_format":"application/pdf","dc_identifier":"nl.gm1954.2c.2021.2832363-8.doc.8","dc_source":"https://api1.ibabs.eu/publicdownload.aspx?site=Beekdaelen&id=4b703a0f-152d-42e3-ac3e-64822cdab9e0","dc_title":"Presentatie inzake De Gijselaar Beeldvormende Bijeenkomst d.d. 10 juni 2021","dc_type":"bijlage","foi_fairiscoreVersions":{"v1":2,"v2":2},"foi_fileName":"210610%20Raadspresentatie%20VO%20Ontwikkeling%20De%20Gijselaar%20Amstenrade_Optimized.pdf","foi_nrPages":56},{"dc_format":"application/pdf","dc_identifier":"nl.gm1954.2c.2021.2832363-8.doc.9","dc_source":"https://api1.ibabs.eu/publicdownload.aspx?site=Beekdaelen&id=aead43d9-7300-43e0-883c-79ad4f3334c8","dc_title":"Memorie van Antwoord BL cie. 24062021 - B2","dc_type":"bijlage","foi_fairiscoreVersions":{"v1":1,"v2":1},"foi_fileName":"Memorie%20van%20Antwoord%20BL%20cie.%2024062021%20-%20B2.pdf","foi_nrPages":2},{"dc_format":"application/pdf","dc_identifier":"nl.gm1954.2c.2021.2832363-8.doc.10","dc_source":"https://api1.ibabs.eu/publicdownload.aspx?site=Beekdaelen&id=51dd0d11-9e05-4cd0-8026-2ed3b3625547","dc_title":"Memorie van Antwoord VG cie. 24062021 - B2","dc_type":"bijlage","foi_fairiscoreVersions":{"v1":1,"v2":1},"foi_fileName":"Memorie%20van%20Antwoord%20VG%20cie.%2024062021%20-%20B2.pdf","foi_nrPages":2},{"dc_format":"application/pdf","dc_identifier":"nl.gm1954.2c.2021.2832363-8.doc.3","dc_source":"https://api1.ibabs.eu/publicdownload.aspx?site=Beekdaelen&id=01abda01-dddb-477b-9900-36347c1485e5","dc_title":"Begrotingswijziging 7.3 Gebiedsontwikkeling de Gijselaar","dc_type":"bijlage","foi_fairiscoreVersions":{"v1":1,"v2":1},"foi_fileName":"Z%2F19%2F135217%20-%20267605%20-%20Begrotingswijziging%207.pdf","foi_nrPages":1},{"dc_format":"application/pdf","dc_identifier":"nl.gm1954.2c.2021.2832363-8.doc.4","dc_source":"https://api1.ibabs.eu/publicdownload.aspx?site=Beekdaelen&id=995ebe79-4100-438d-9ce9-1091b8e0eafb","dc_title":"Bijlage A - Voorlopig Ontwerp Koeteleboet","dc_type":"bijlage","foi_fairiscoreVersions":{"v1":2,"v2":1},"foi_fileName":"Z%2F19%2F135217%20-%20267605%20-%20Bijlage%20A%20-%20Voorlopig%20Ontwerp%20Koeteleboet.pdf","foi_nrPages":1},{"dc_format":"application/pdf","dc_identifier":"nl.gm1954.2c.2021.2832363-8.doc.5","dc_source":"https://api1.ibabs.eu/publicdownload.aspx?site=Beekdaelen&id=2fd2616e-0a42-4715-8c91-a8a88a2e12a0","dc_title":"Bijlage B - Voorlopig Ontwerp VVA","dc_type":"bijlage","foi_fairiscoreVersions":{"v1":2,"v2":1},"foi_fileName":"Z%2F19%2F135217%20-%20267605%20-%20Bijlage%20B%20-%20Voorlopig%20Ontwerp%20VVA.pdf","foi_nrPages":1},{"dc_format":"application/pdf","dc_identifier":"nl.gm1954.2c.2021.2832363-8.doc.6","dc_source":"https://api1.ibabs.eu/publicdownload.aspx?site=Beekdaelen&id=c7717e0e-2334-4dab-b60f-080bac212b39","dc_title":"Bijlage C - Voorlopig Ontwerp trainingsveld","dc_type":"bijlage","foi_fairiscoreVersions":{"v1":1,"v2":1},"foi_fileName":"Z%2F19%2F135217%20-%20267605%20-%20Bijlage%20C%20-%20Voorlopig%20Ontwerp%20trainingsveld.pdf","foi_nrPages":1},{"dc_format":"application/pdf","dc_identifier":"nl.gm1954.2c.2021.2832363-8.doc.7","dc_source":"https://api1.ibabs.eu/publicdownload.aspx?site=Beekdaelen&id=353a847d-f42b-4c72-b921-01dd33af3cf9","dc_title":"Bijlage D - Voorlopig Ontwerp Buitenruimte","dc_type":"bijlage","foi_fairiscoreVersions":{"v1":1,"v2":1},"foi_fileName":"Z%2F19%2F135217%20-%20267605%20-%20Bijlage%20D%20-%20Voorlopig%20Ontwerp%20Buitenruimte.pdf","foi_nrPages":4},{"dc_format":"application/pdf","dc_identifier":"nl.gm1954.2c.2021.2832363-8.doc.1","dc_source":"https://api1.ibabs.eu/publicdownload.aspx?site=Beekdaelen&id=53ef5455-5514-4d85-8163-d56392e0fbc8","dc_title":"RV Uitvoeringskrediet 4-tal deelprojecten gebiedsontwikkeling de Gijselaar","dc_type":"bijlage","foi_fairiscoreVersions":{"v1":1,"v2":1},"foi_fileName":"Z%2F19%2F135217%20-%20267605%20-%20Raadsvoorstel%20-%20Uitvoeringskrediet%204-tal%20deelprojecten%20gebiedsontwikkeling%20de%20Gijselaar.pdf","foi_nrPages":12},{"dc_format":"application/pdf","dc_identifier":"nl.gm1954.2c.2021.2832363-8.doc.2","dc_source":"https://api1.ibabs.eu/publicdownload.aspx?site=Beekdaelen&id=ef1fca84-936b-43e9-a991-4873635b2922","dc_title":"RB Uitvoeringskrediet 4-tal deelprojecten gebiedsontwikkeling de Gijselaar - vastgesteld raad 13072021","dc_type":"bijlage","foi_fairiscoreVersions":{"v1":1,"v2":1},"foi_fileName":"Z%2F19%2F135217%20-%20267606%20-%20Raadsbesluit%20-%20Uitvoeringskrediet%204-tal%20deelprojecten%20gebiedsontwikkeling%20de%20Gijselaar.pdf","foi_nrPages":1}],"foi_nrDocuments":10,"foi_nrPagesInDossier":81,"foi_publishedDate":"2021-06-24","foi_retrievedDate":"2026-03-05"},{"dc_creator":"HandelingScraper_v1","dc_date_year":2021,"dc_description":"Vergadering van de Gemeente Beekdaelen op 2021-06-24. Onderdeel: Voorstel inzake Nuinhofwijk.","dc_identifier":"nl.gm1954.2c.2021.2832363-9","dc_publisher":"gm1954","dc_source":"https://beekdaelen.bestuurlijkeinformatie.nl/Agenda/Index/6fbe0410-c75b-4297-baac-1f44abeedf87","dc_title":"Gecombineerde commissie (t/m april 2022) 2021-06-24 - Voorstel inzake Nuinhofwijk","dc_type":"2c","dc_type_description":"Vergaderstuk decentrale overheid","foi_fairiscoreVersions":{"v1":2,"v2":2},"foi_files":[{"dc_format":"application/pdf","dc_identifier":"nl.gm1954.2c.2021.2832363-9.doc.7","dc_source":"https://api1.ibabs.eu/publicdownload.aspx?site=Beekdaelen&id=33952e21-b2a3-4877-bca4-da052176657b","dc_title":"20201221 Memo quick scan planeconoom","dc_type":"bijlage","foi_fairiscoreVersions":{"v1":1,"v2":1},"foi_fileName":"20201221%20memo%20quick%20scan%20planeconoom.pdf","foi_nrPages":3},{"dc_format":"application/pdf","dc_identifier":"nl.gm1954.2c.2021.2832363-9.doc.4","dc_source":"https://api1.ibabs.eu/publicdownload.aspx?site=Beekdaelen&id=62047697-d92c-4d8b-8ad6-2e2f5241e1d5","dc_title":"20210414 Brief inzake besluitvorming politieke-bestuurlijke situatie, brief GS","dc_type":"bijlage","foi_fairiscoreVersions":{"v1":3,"v2":3},"foi_fileName":"20210414%20Brief%20inzake%20besluitvorming%20politieke-bestuurlijke%20situatie_%20brief%20GS.pdf","foi_nrPages":9},{"dc_format":"application/pdf","dc_identifier":"nl.gm1954.2c.2021.2832363-9.doc.5","dc_source":"https://api1.ibabs.eu/publicdownload.aspx?site=Beekdaelen&id=732cd478-1c85-4d0b-b780-9c61ec61ddfa","dc_title":"20210517 Stec Groep 21.070 Transitieexploitatie MKBA Nuinhofwijk Beekdaelen","dc_type":"bijlage","foi_fairiscoreVersions":{"v1":1,"v2":1},"foi_fileName":"20210517%20Stec%20Groep%2021.070%20Transitieexploitatie%20MKBA%20Nuinhofwijk%20Beekdaelen.pdf","foi_nrPages":25},{"dc_format":"application/pdf","dc_identifier":"nl.gm1954.2c.2021.2832363-9.doc.6","dc_source":"https://api1.ibabs.eu/publicdownload.aspx?site=Beekdaelen&id=0c10fa05-a7b3-4e04-859a-f24881313b18","dc_title":"20210518 Historisch overzicht","dc_type":"bijlage","foi_fairiscoreVersions":{"v1":2,"v2":1},"foi_fileName":"20210518%20223126_1%20historisch%20overzicht.pdf","foi_nrPages":6},{"dc_format":"application/pdf","dc_identifier":"nl.gm1954.2c.2021.2832363-9.doc.3","dc_source":"https://api1.ibabs.eu/publicdownload.aspx?site=Beekdaelen&id=014c2324-511e-4c68-a594-56fa86240cfd","dc_title":"Begrotingswijziging 7.2 Nuinhofwijk Nuth","dc_type":"bijlage","foi_fairiscoreVersions":{"v1":1,"v2":1},"foi_fileName":"Begrotingswijziging%207.2%20Nuinhofwijk%20Nuth.pdf","foi_nrPages":1},{"dc_format":"application/pdf","dc_identifier":"nl.gm1954.2c.2021.2832363-9.doc.9","dc_source":"https://api1.ibabs.eu/publicdownload.aspx?site=Beekdaelen&id=76b77710-c9c0-4760-9610-7dcbc39d0167","dc_title":"MvA technische voorvragen fractie BL cie  24-06 - B.3","dc_type":"bijlage","foi_fairiscoreVersions":{"v1":1,"v2":1},"foi_fileName":"MvA%20technische%20voorvragen%20fractie%20BL%20cie%20%2024-06%20-%20B.3.pdf","foi_nrPages":2},{"dc_format":"application/pdf","dc_identifier":"nl.gm1954.2c.2021.2832363-9.doc.10","dc_source":"https://api1.ibabs.eu/publicdownload.aspx?site=Beekdaelen&id=e681f439-cb51-4523-9aff-9e846c85b075","dc_title":"MvA technische voorvragen fractie CDA inzake Nuinhofwijk","dc_type":"bijlage","foi_fairiscoreVersions":{"v1":1,"v2":1},"foi_fileName":"MvA%20technische%20voorvragen%20fractie%20CDA%20inzake%20Nuinhofwijk.pdf","foi_nrPages":3},{"dc_format":"application/pdf","dc_identifier":"nl.gm1954.2c.2021.2832363-9.doc.8","dc_source":"https://api1.ibabs.eu/publicdownload.aspx?site=Beekdaelen&id=99b1c163-90d4-4ac6-9f3e-122ba75d72a3","dc_title":"MvA technische voorvragen fractie VG cie 24-06 - B.3","dc_type":"bijlage","foi_fairiscoreVersions":{"v1":1,"v2":1},"foi_fileName":"MvA%20technische%20voorvragen%20fractie%20VG%20cie%2024-06%20-%20B.3.pdf","foi_nrPages":1},{"dc_format":"application/pdf","dc_identifier":"nl.gm1954.2c.2021.2832363-9.doc.2","dc_source":"https://api1.ibabs.eu/publicdownload.aspx?site=Beekdaelen&id=3e68e885-f1e6-46f3-8eb3-5a361c07d09b","dc_title":"RB inzake Nuinhofwijk","dc_type":"bijlage","foi_fairiscoreVersions":{"v1":1,"v2":1},"foi_fileName":"RB%20inzake%20Nuinhofwijk.pdf","foi_nrPages":1},{"dc_format":"application/pdf","dc_identifier":"nl.gm1954.2c.2021.2832363-9.doc.1","dc_source":"https://api1.ibabs.eu/publicdownload.aspx?site=Beekdaelen&id=adaecc01-1f19-4a2c-b127-d83e6a6ddf75","dc_title":"RV inzake Nuinhofwijk","dc_type":"bijlage","foi_fairiscoreVersions":{"v1":1,"v2":1},"foi_fileName":"RV%20inzake%20Nuinhofwijk.pdf","foi_nrPages":11}],"foi_nrDocuments":10,"foi_nrPagesInDossier":62,"foi_publishedDate":"2021-06-24","foi_retrievedDate":"2025-11-30"},{"dc_creator":"HandelingScraper_v1","dc_date_year":2021,"dc_description":"Vergadering van de Gemeente Beekdaelen op 2021-07-13. Onderdeel: Opening.","dc_identifier":"nl.gm1954.2c.2021.2832421-1","dc_publisher":"gm1954","dc_source":"https://beekdaelen.bestuurlijkeinformatie.nl/Agenda/Index/9c163c53-6dde-41a5-bd2e-7cb2e9efaaea","dc_title":"Raadsvergadering 2021-07-13 - Opening","dc_type":"2c","dc_type_description":"Vergaderstuk decentrale overheid","foi_fairiscoreVersions":{"v1":1,"v2":1},"foi_files":[{"dc_format":"application/pdf","dc_identifier":"nl.gm1954.2c.2021.2832421-1.doc.1","dc_source":"https://api1.ibabs.eu/publicdownload.aspx?site=Beekdaelen&id=3d81d3f8-564f-458a-856e-6596d406f5a6","dc_title":"Uitnodiging en agenda raadsvergadering 13 juli 2021","dc_type":"bijlage","foi_fairiscoreVersions":{"v1":1,"v2":1},"foi_fileName":"Uitnodiging%20en%20agenda%20raadsvergadering%2013%20juli%202021.pdf","foi_nrPages":1}],"foi_nrDocuments":1,"foi_nrPagesInDossier":1,"foi_publishedDate":"2021-07-13","foi_retrievedDate":"2025-11-30"},{"dc_creator":"HandelingScraper_v1","dc_date_year":2021,"dc_description":"Vergadering van de Gemeente Beekdaelen op 2021-07-13. Onderdeel: Voorstel inzake Kadernota 2022.","dc_identifier":"nl.gm1954.2c.2021.2832421-10","dc_publisher":"gm1954","dc_source":"https://beekdaelen.bestuurlijkeinformatie.nl/Agenda/Index/9c163c53-6dde-41a5-bd2e-7cb2e9efaaea","dc_title":"Raadsvergadering 2021-07-13 - Voorstel inzake Kadernota 2022","dc_type":"2c","dc_type_description":"Vergaderstuk decentrale overheid","foi_fairiscoreVersions":{"v1":2,"v2":2},"foi_files":[{"dc_format":"application/pdf","dc_identifier":"nl.gm1954.2c.2021.2832421-10.doc.3","dc_source":"https://api1.ibabs.eu/publicdownload.aspx?site=Beekdaelen&id=d1c28dfb-7f4c-4bae-bf37-103d3a8b4bf9","dc_title":"Amendement D66 bij kadernota inzake robuuste buitendienst AANGEHOUDEN","dc_type":"bijlage","foi_fairiscoreVersions":{"v1":1,"v2":1},"foi_fileName":"Amendement%20D66%20bij%20kadernota%20inzake%20robuuste%20buitendienst%20AANGEHOUDEN.pdf","foi_nrPages":1},{"dc_format":"application/pdf","dc_identifier":"nl.gm1954.2c.2021.2832421-10.doc.2","dc_source":"https://api1.ibabs.eu/publicdownload.aspx?site=Beekdaelen&id=0c1fdc93-b0d8-438b-b468-d05beb5f78a6","dc_title":"Amendement D66 bij kadernota inzake schrappen ozb stijging AANGENOMEN","dc_type":"bijlage","foi_fairiscoreVersions":{"v1":1,"v2":1},"foi_fileName":"Amendement%20D66%20bij%20kadernota%20inzake%20schrappen%20ozb%20stijging%20AANGENOMEN.pdf","foi_nrPages":1},{"dc_format":"application/pdf","dc_identifier":"nl.gm1954.2c.2021.2832421-10.doc.4","dc_source":"https://api1.ibabs.eu/publicdownload.aspx?site=Beekdaelen&id=fa26a405-f192-4ec4-9481-0f9f997d93fe","dc_title":"Amendement D66 bij kadernota inzake toestand openbare ruimte AANGEHOUDEN","dc_type":"bijlage","foi_fairiscoreVersions":{"v1":1,"v2":1},"foi_fileName":"Amendement%20D66%20bij%20kadernota%20inzake%20toestand%20openbare%20ruimte%20AANGEHOUDEN.pdf","foi_nrPages":1},{"dc_format":"application/pdf","dc_identifier":"nl.gm1954.2c.2021.2832421-10.doc.10","dc_source":"https://api1.ibabs.eu/publicdownload.aspx?site=Beekdaelen&id=3140b81a-4892-4650-8e91-3c437c4553fa","dc_title":"Beantwoording vragen VG kadernota 2022","dc_type":"bijlage","foi_fairiscoreVersions":{"v1":1,"v2":1},"foi_fileName":"Beantwoording%20vragen%20VG%20kadernota%202022.pdf","foi_nrPages":5},{"dc_format":"application/pdf","dc_identifier":"nl.gm1954.2c.2021.2832421-10.doc.5","dc_source":"https://api1.ibabs.eu/publicdownload.aspx?site=Beekdaelen&id=463df7f8-b8aa-4a10-93ba-3c5bfdd24273","dc_title":"Geamendeerd raadsbesluit inzake kadernota 2022 - vastgesteld raad 13072021","dc_type":"bijlage","foi_fairiscoreVersions":{"v1":1,"v2":1},"foi_fileName":"Geamendeerd%20raadsbesluit%20inzake%20kadernota%202022.pdf","foi_nrPages":1},{"dc_format":"application/pdf","dc_identifier":"nl.gm1954.2c.2021.2832421-10.doc.7","dc_source":"https://api1.ibabs.eu/publicdownload.aspx?site=Beekdaelen&id=b08648e8-1311-468c-a6df-e23511b826a4","dc_title":"Kadernota 2022 na nota van wijziging","dc_type":"bijlage","foi_fairiscoreVersions":{"v1":2,"v2":2},"foi_fileName":"Kadernota%202022%20na%20nota%20van%20wijziging.pdf","foi_nrPages":53},{"dc_format":"application/pdf","dc_identifier":"nl.gm1954.2c.2021.2832421-10.doc.12","dc_source":"https://api1.ibabs.eu/publicdownload.aspx?site=Beekdaelen&id=f9867eb1-71e6-4452-8e67-8fd3b4a4dbf4","dc_title":"Motie BL inzake heffing rioolrechten gemeente Beekdaelen 2022 VERWORPEN","dc_type":"bijlage","foi_fairiscoreVersions":{"v1":1,"v2":1},"foi_fileName":"Motie%20BL%20inzake%20heffing%20rioolrechten%20gemeente%20Beekdaelen%202022%20VERWORPEN.pdf","foi_nrPages":2},{"dc_format":"application/pdf","dc_identifier":"nl.gm1954.2c.2021.2832421-10.doc.13","dc_source":"https://api1.ibabs.eu/publicdownload.aspx?site=Beekdaelen&id=aab66257-7a16-492f-aa34-70f1d9cceaff","dc_title":"Motie D66 inzake uitzenden raadsvergaderingen VERWORPEN","dc_type":"bijlage","foi_fairiscoreVersions":{"v1":1,"v2":1},"foi_fileName":"Motie%20D66%20inzake%20uitzenden%20raadsvergaderingen%20VERWORPEN.pdf","foi_nrPages":1},{"dc_format":"application/pdf","dc_identifier":"nl.gm1954.2c.2021.2832421-10.doc.6","dc_source":"https://api1.ibabs.eu/publicdownload.aspx?site=Beekdaelen&id=bebadbb7-802e-4af1-a244-61eea1ab6164","dc_title":"Nota van wijziging kadernota 2022","dc_type":"bijlage","foi_fairiscoreVersions":{"v1":2,"v2":1},"foi_fileName":"Nota%20van%20wijziging%20kadernota%202022.pdf","foi_nrPages":3},{"dc_format":"application/pdf","dc_identifier":"nl.gm1954.2c.2021.2832421-10.doc.11","dc_source":"https://api1.ibabs.eu/publicdownload.aspx?site=Beekdaelen&id=f5badad3-c41b-4846-8f13-223ef1261381","dc_title":"Overzicht van kosten die als pilot zijn opgenomen en mogelijk gaan leiden tot structurele uitgaven","dc_type":"bijlage","foi_fairiscoreVersions":{"v1":1,"v2":1},"foi_fileName":"Overzicht%20van%20kosten%20die%20als%20pilot%20zijn%20opgenomen%20en%20mogelijk%20gaan%20leiden%20tot%20structurele%20uitgaven.pdf","foi_nrPages":1},{"dc_format":"application/pdf","dc_identifier":"nl.gm1954.2c.2021.2832421-10.doc.1","dc_source":"https://api1.ibabs.eu/publicdownload.aspx?site=Beekdaelen&id=a46477d4-3c80-4503-a981-4a3d1467f622","dc_title":"Raadsvoorstel kadernota 2022","dc_type":"bijlage","foi_fairiscoreVersions":{"v1":2,"v2":1},"foi_fileName":"Raadsvoorstel%20kadernota%202022.pdf","foi_nrPages":3},{"dc_format":"application/pdf","dc_identifier":"nl.gm1954.2c.2021.2832421-10.doc.9","dc_source":"https://api1.ibabs.eu/publicdownload.aspx?site=Beekdaelen&id=54daecb7-aaaf-4546-85f6-fd1848c013e3","dc_title":"Technische vragen VG inzake burap en kadernota","dc_type":"bijlage","foi_fairiscoreVersions":{"v1":1,"v2":1},"foi_fileName":"Technische%20vragen%20VG%20inzake%20burap%20en%20kadernota.pdf","foi_nrPages":3},{"dc_format":"application/pdf","dc_identifier":"nl.gm1954.2c.2021.2832421-10.doc.8","dc_source":"https://api1.ibabs.eu/publicdownload.aspx?site=Beekdaelen&id=0a7870fa-18fa-4903-ac18-0b0636ef5343","dc_title":"Uitgebeidere tabel op pagina 9 van de kadernota","dc_type":"bijlage","foi_fairiscoreVersions":{"v1":1,"v2":1},"foi_fileName":"Uitgebeidere%20tabel%20op%20pagina%209%20van%20de%20kadernota.pdf","foi_nrPages":1}],"foi_nrDocuments":13,"foi_nrPagesInDossier":76,"foi_publishedDate":"2021-07-13","foi_retrievedDate":"2026-03-03"},{"dc_creator":"HandelingScraper_v1","dc_date_year":2021,"dc_description":"Vergadering van de Gemeente Beekdaelen op 2021-07-13. Onderdeel: Vaststelling lijst ingekomen stukken.","dc_identifier":"nl.gm1954.2c.2021.2832421-11","dc_publisher":"gm1954","dc_source":"https://beekdaelen.bestuurlijkeinformatie.nl/Agenda/Index/9c163c53-6dde-41a5-bd2e-7cb2e9efaaea","dc_title":"Raadsvergadering 2021-07-13 - Vaststelling lijst ingekomen stukken","dc_type":"2c","dc_type_description":"Vergaderstuk decentrale overheid","foi_fairiscoreVersions":{"v1":1,"v2":1},"foi_files":[{"dc_format":"application/pdf","dc_identifier":"nl.gm1954.2c.2021.2832421-11.doc.1","dc_source":"https://api1.ibabs.eu/publicdownload.aspx?site=Beekdaelen&id=5ee5321d-6363-47c2-a03c-af028d9cd39d","dc_title":"Lijst ingekomen stukken raad 13.07.2021 versie 02.07.2021","dc_type":"bijlage","foi_fairiscoreVersions":{"v1":1,"v2":1},"foi_fileName":"Lijst%20ingekomen%20stukken%20raad%2013.07.2021%20versie%2002.07.2021.pdf","foi_nrPages":5},{"dc_format":"application/pdf","dc_identifier":"nl.gm1954.2c.2021.2832421-11.doc.2","dc_source":"https://api1.ibabs.eu/publicdownload.aspx?site=Beekdaelen&id=7b5f05a9-3387-454d-b664-fe7d842fd634","dc_title":"Lijst ingekomen stukken raad 13.07.2021 versie 06.07.2021 - vastgesteld raad 13072021","dc_type":"bijlage","foi_fairiscoreVersions":{"v1":1,"v2":1},"foi_fileName":"Lijst%20ingekomen%20stukken%20raad%2013.07.2021%20versie%2006.07.2021.pdf","foi_nrPages":6}],"foi_nrDocuments":2,"foi_nrPagesInDossier":11,"foi_publishedDate":"2021-07-13","foi_retrievedDate":"2026-02-12"},{"dc_creator":"HandelingScraper_v1","dc_date_year":2021,"dc_description":"Vergadering van de Gemeente Beekdaelen op 2021-07-13. Onderdeel: Moties vreemd aan de orde van de dag.","dc_identifier":"nl.gm1954.2c.2021.2832421-12","dc_publisher":"gm1954","dc_source":"https://beekdaelen.bestuurlijkeinformatie.nl/Agenda/Index/9c163c53-6dde-41a5-bd2e-7cb2e9efaaea","dc_title":"Raadsvergadering 2021-07-13 - Moties vreemd aan de orde van de dag","dc_type":"2c","dc_type_description":"Vergaderstuk decentrale overheid","foi_fairiscoreVersions":{"v1":1,"v2":1},"foi_files":[{"dc_format":"application/pdf","dc_identifier":"nl.gm1954.2c.2021.2832421-12.doc.2","dc_source":"https://api1.ibabs.eu/publicdownload.aspx?site=Beekdaelen&id=14efe277-d30c-45aa-a58a-60f5b4cc77aa","dc_title":"Motie BL, D66 en VVD inzake Dorpstraat Nuth projectenlijst AANGENOMEN","dc_type":"bijlage","foi_fairiscoreVersions":{"v1":1,"v2":1},"foi_fileName":"Motie%20BL_%20D66%20en%20VVD%20inzake%20Dorpstraat%20Nuth%20projectenlijst%20AANGENOMEN.pdf","foi_nrPages":1},{"dc_format":"application/pdf","dc_identifier":"nl.gm1954.2c.2021.2832421-12.doc.1","dc_source":"https://api1.ibabs.eu/publicdownload.aspx?site=Beekdaelen&id=690eb8c6-a3db-4fa9-b13e-d9b8bff74f18","dc_title":"Motie BL en D66 inzake RIB 3 juli 2021 VERWORPEN","dc_type":"bijlage","foi_fairiscoreVersions":{"v1":1,"v2":1},"foi_fileName":"Motie%20BL%20en%20D66%20inzake%20RIB%203%20juli%202021%20VERWORPEN.pdf","foi_nrPages":1},{"dc_format":"application/pdf","dc_identifier":"nl.gm1954.2c.2021.2832421-12.doc.3","dc_source":"https://api1.ibabs.eu/publicdownload.aspx?site=Beekdaelen&id=319c19a9-a812-4a63-8cbd-6e9a0aeb119d","dc_title":"Motie CDA, VVD, VG en D66 inzake capaciteit politie basisteam Brunssum e.o. def UNANIEM AANGENOMEN","dc_type":"bijlage","foi_fairiscoreVersions":{"v1":1,"v2":1},"foi_fileName":"Motie%20CDA_%20VVD_%20VG%20en%20D66%20inzake%20capaciteit%20politie%20basisteam%20Brunssum%20e.o.%20def%20UNANIEM%20AANGENOMEN.pdf","foi_nrPages":2},{"dc_format":"application/pdf","dc_identifier":"nl.gm1954.2c.2021.2832421-12.doc.4","dc_source":"https://api1.ibabs.eu/publicdownload.aspx?site=Beekdaelen&id=5e30a36a-d190-439d-a249-00bbb4bcb093","dc_title":"Motie GL, PvdA, CDA, VG, BL en D66 inzake aanpak energiearmoede UNANIEM AANGENOMEN","dc_type":"bijlage","foi_fairiscoreVersions":{"v1":1,"v2":1},"foi_fileName":"Motie%20GL_%20PvdA_%20CDA_%20VG_%20BL%20en%20D66%20inzake%20aanpak%20energiearmoede%20UNANIEM%20AANGENOMEN.pdf","foi_nrPages":3},{"dc_format":"application/pdf","dc_identifier":"nl.gm1954.2c.2021.2832421-12.doc.5","dc_source":"https://api1.ibabs.eu/publicdownload.aspx?site=Beekdaelen&id=1abdfe59-7d64-4325-a1a4-5c43c3bb95e1","dc_title":"Motie GL, VG, PvdA en VVD inzake oproep voor minimumloon naar 14 euro AANGENOMEN","dc_type":"bijlage","foi_fairiscoreVersions":{"v1":1,"v2":1},"foi_fileName":"Motie%20GL_%20VG_%20PvdA%20en%20VVD%20inzake%20oproep%20voor%20minimumloon%20naar%2014%20euro%20AANGENOMEN.pdf","foi_nrPages":2}],"foi_nrDocuments":5,"foi_nrPagesInDossier":9,"foi_publishedDate":"2021-07-13","foi_retrievedDate":"2026-03-06"},{"dc_creator":"HandelingScraper_v1","dc_date_year":2021,"dc_description":"Vergadering van de Gemeente Beekdaelen op 2021-07-13. Onderdeel: Vaststelling van de agenda.","dc_identifier":"nl.gm1954.2c.2021.2832421-2","dc_publisher":"gm1954","dc_source":"https://beekdaelen.bestuurlijkeinformatie.nl/Agenda/Index/9c163c53-6dde-41a5-bd2e-7cb2e9efaaea","dc_title":"Raadsvergadering 2021-07-13 - Vaststelling van de agenda","dc_type":"2c","dc_type_description":"Vergaderstuk decentrale overheid","foi_fairiscoreVersions":{"v1":1,"v2":1},"foi_files":[{"dc_format":"application/pdf","dc_identifier":"nl.gm1954.2c.2021.2832421-2.doc.1","dc_source":"https://api1.ibabs.eu/publicdownload.aspx?site=Beekdaelen&id=b0b7cdb6-ea79-4ada-b55e-9489ebc12f5f","dc_title":"Schrift.vragen ex art 32 D66 inzake Bronsgroenerhof - na beantwoording","dc_type":"bijlage","foi_fairiscoreVersions":{"v1":1,"v2":1},"foi_fileName":"2021-44%20Schrift.vragen%20ex%20art%2032%20D66%20inzake%20Bronsgroenerhof%20-%20na%20beantwoording.pdf","foi_nrPages":2},{"dc_format":"application/pdf","dc_identifier":"nl.gm1954.2c.2021.2832421-2.doc.2","dc_source":"https://api1.ibabs.eu/publicdownload.aspx?site=Beekdaelen&id=1e017f74-c66a-435c-b29c-b4ddf0398163","dc_title":"Vastgestelde agenda raadsvergadering 13 juli 2021","dc_type":"bijlage","foi_fairiscoreVersions":{"v1":1,"v2":1},"foi_fileName":"Vastgestelde%20agenda%20raadsvergadering%2013%20juli%202021.pdf","foi_nrPages":1}],"foi_nrDocuments":2,"foi_nrPagesInDossier":3,"foi_publishedDate":"2021-07-13","foi_retrievedDate":"2025-12-07"},{"dc_creator":"HandelingScraper_v1","dc_date_year":2021,"dc_description":"Vergadering van de Gemeente Beekdaelen op 2021-07-13. Onderdeel: Vaststellen besluitenlijst openbare raadsvergadering d.d. 22 juni 2021.","dc_identifier":"nl.gm1954.2c.2021.2832421-3","dc_publisher":"gm1954","dc_source":"https://beekdaelen.bestuurlijkeinformatie.nl/Agenda/Index/9c163c53-6dde-41a5-bd2e-7cb2e9efaaea","dc_title":"Raadsvergadering 2021-07-13 - Vaststellen besluitenlijst openbare raadsvergadering d.d. 22 juni 2021","dc_type":"2c","dc_type_description":"Vergaderstuk decentrale overheid","foi_fairiscoreVersions":{"v1":1,"v2":1},"foi_files":[{"dc_format":"application/pdf","dc_identifier":"nl.gm1954.2c.2021.2832421-3.doc.1","dc_source":"https://api1.ibabs.eu/publicdownload.aspx?site=Beekdaelen&id=44f8873b-a986-416e-b722-6893d5ad9f03","dc_title":"Besluitenlijst raadsvergadering 22 juni 2021 vastgesteld raad 13072021","dc_type":"bijlage","foi_fairiscoreVersions":{"v1":1,"v2":1},"foi_fileName":"Besluitenlijst%20raadsvergadering%2022%20juni%202021.pdf","foi_nrPages":10}],"foi_nrDocuments":1,"foi_nrPagesInDossier":10,"foi_publishedDate":"2021-07-13","foi_retrievedDate":"2026-03-02"},{"dc_creator":"HandelingScraper_v1","dc_date_year":2021,"dc_description":"Vergadering van de Gemeente Beekdaelen op 2021-07-13. Onderdeel: Financiele verordening.","dc_identifier":"nl.gm1954.2c.2021.2832421-4","dc_publisher":"gm1954","dc_source":"https://beekdaelen.bestuurlijkeinformatie.nl/Agenda/Index/9c163c53-6dde-41a5-bd2e-7cb2e9efaaea","dc_title":"Raadsvergadering 2021-07-13 - Financiele verordening","dc_type":"2c","dc_type_description":"Vergaderstuk decentrale overheid","foi_fairiscoreVersions":{"v1":1,"v2":1},"foi_files":[{"dc_format":"application/pdf","dc_identifier":"nl.gm1954.2c.2021.2832421-4.doc.9","dc_source":"https://api1.ibabs.eu/publicdownload.aspx?site=Beekdaelen&id=22ceb2a6-4784-4b06-966c-d0b51f9688c0","dc_title":"Beantwoording Vragen over BURAP 2021 en Financi\u00eble verordening","dc_type":"bijlage","foi_fairiscoreVersions":{"v1":1,"v2":1},"foi_fileName":"Beantwoording%20Vragen%20over%20BURAP%202021%20en%20Financi%C3%ABle%20verordening.pdf","foi_nrPages":17},{"dc_format":"application/pdf","dc_identifier":"nl.gm1954.2c.2021.2832421-4.doc.7","dc_source":"https://api1.ibabs.eu/publicdownload.aspx?site=Beekdaelen&id=9302fffe-1303-4bed-bed3-c4adf24b1755","dc_title":"Bijlage 1 afschrijvingstermijnen na nota van wijziging","dc_type":"bijlage","foi_fairiscoreVersions":{"v1":1,"v2":1},"foi_fileName":"Bijlage%201%20afschrijvingstermijnen%20na%20nota%20van%20wijziging.pdf","foi_nrPages":1},{"dc_format":"application/pdf","dc_identifier":"nl.gm1954.2c.2021.2832421-4.doc.8","dc_source":"https://api1.ibabs.eu/publicdownload.aspx?site=Beekdaelen&id=9e5112e6-89a7-411b-912a-39f25da35366","dc_title":"Bijlage 2 Overzicht Was- wordt na nota van wijziging","dc_type":"bijlage","foi_fairiscoreVersions":{"v1":1,"v2":1},"foi_fileName":"Bijlage%202%20Overzicht%20Was-%20wordt%20na%20nota%20van%20wijziging.pdf","foi_nrPages":3},{"dc_format":"application/pdf","dc_identifier":"nl.gm1954.2c.2021.2832421-4.doc.2","dc_source":"https://api1.ibabs.eu/publicdownload.aspx?site=Beekdaelen&id=9e5f0d64-0678-4704-b793-5e8f6a0b0bb6","dc_title":"1e Nota van wijziging financiele verordening 2022","dc_type":"bijlage","foi_fairiscoreVersions":{"v1":1,"v2":1},"foi_fileName":"Nota%20van%20wijziging%20financiele%20verordening%202022.pdf","foi_nrPages":2},{"dc_format":"application/pdf","dc_identifier":"nl.gm1954.2c.2021.2832421-4.doc.6","dc_source":"https://api1.ibabs.eu/publicdownload.aspx?site=Beekdaelen&id=1503fa0c-a79f-4729-a0ca-c0893b8d04c1","dc_title":"Raadsbesluit financi\u00eble verordening 2022 - vastgesteld raad 13072021","dc_type":"bijlage","foi_fairiscoreVersions":{"v1":1,"v2":1},"foi_fileName":"Raadsbesluit%20financiele%20verordening%202022.pdf","foi_nrPages":1},{"dc_format":"application/pdf","dc_identifier":"nl.gm1954.2c.2021.2832421-4.doc.1","dc_source":"https://api1.ibabs.eu/publicdownload.aspx?site=Beekdaelen&id=709adcff-a984-4ae3-858b-811777465ea5","dc_title":"Aangepast raadsvoorstel financi\u00eble verordening 2022 n.a.v. 2e nota van wijziging","dc_type":"bijlage","foi_fairiscoreVersions":{"v1":1,"v2":1},"foi_fileName":"Z21159498%20-%20268850%20-%20aangepast%20raadsvoorstel%20financi%C3%ABle%20verordening%202022.pdf","foi_nrPages":4},{"dc_format":"application/pdf","dc_identifier":"nl.gm1954.2c.2021.2832421-4.doc.4","dc_source":"https://api1.ibabs.eu/publicdownload.aspx?site=Beekdaelen&id=eadb3177-d00e-4fa3-8ea8-1da0f364e97f","dc_title":"Financi\u00eble verordening versie 7 juli 2021 aangepast n.a.v. 2e nota van wijziging","dc_type":"bijlage","foi_fairiscoreVersions":{"v1":1,"v2":1},"foi_fileName":"Z21159498%20-%20273045%20-%20financi%C3%ABle%20verordening%20versie%207%20juli%202021.pdf","foi_nrPages":10},{"dc_format":"application/pdf","dc_identifier":"nl.gm1954.2c.2021.2832421-4.doc.5","dc_source":"https://api1.ibabs.eu/publicdownload.aspx?site=Beekdaelen&id=a224bdc5-5dfe-4401-bd03-cf4c30b42fce","dc_title":"Financi\u00eble verordening was -wordt versie 7 juli 2021","dc_type":"bijlage","foi_fairiscoreVersions":{"v1":1,"v2":1},"foi_fileName":"Z21159498%20-%20273046%20-%20financi%C3%ABle%20verordening%20was%20-wordt%20versie%207%20juli%202021.pdf","foi_nrPages":3},{"dc_format":"application/pdf","dc_identifier":"nl.gm1954.2c.2021.2832421-4.doc.3","dc_source":"https://api1.ibabs.eu/publicdownload.aspx?site=Beekdaelen&id=d699a908-03a2-4647-aa42-e2931fe2d001","dc_title":"2e Nota van wijziging financi\u00eble verordening 2022","dc_type":"bijlage","foi_fairiscoreVersions":{"v1":1,"v2":1},"foi_fileName":"Z21159498%20-%20273050%20-%202e%20nota%20van%20wijziging%20financi%C3%ABle%20verordening%202022.pdf","foi_nrPages":2}],"foi_nrDocuments":9,"foi_nrPagesInDossier":43,"foi_publishedDate":"2021-07-13","foi_retrievedDate":"2025-11-30"},{"dc_creator":"HandelingScraper_v1","dc_date_year":2021,"dc_description":"Vergadering van de Gemeente Beekdaelen op 2021-07-13. Onderdeel: Woonwagenlocatie Veeweg - vervolg.","dc_identifier":"nl.gm1954.2c.2021.2832421-5","dc_publisher":"gm1954","dc_source":"https://beekdaelen.bestuurlijkeinformatie.nl/Agenda/Index/9c163c53-6dde-41a5-bd2e-7cb2e9efaaea","dc_title":"Raadsvergadering 2021-07-13 - Woonwagenlocatie Veeweg - vervolg","dc_type":"2c","dc_type_description":"Vergaderstuk decentrale overheid","foi_fairiscoreVersions":{"v1":1,"v2":1},"foi_files":[{"dc_format":"application/pdf","dc_identifier":"nl.gm1954.2c.2021.2832421-5.doc.2","dc_source":"https://api1.ibabs.eu/publicdownload.aspx?site=Beekdaelen&id=17573d1d-c723-4cf5-84e4-361aca60b1a5","dc_title":"Raadsbesluit krediet woonwagenlocatie Veeweg - vastgesteld raad 13072021","dc_type":"bijlage","foi_fairiscoreVersions":{"v1":1,"v2":1},"foi_fileName":"Raadsbesluit%20krediet%20woonwagenlocatie%20Veeweg.pdf","foi_nrPages":1},{"dc_format":"application/pdf","dc_identifier":"nl.gm1954.2c.2021.2832421-5.doc.1","dc_source":"https://api1.ibabs.eu/publicdownload.aspx?site=Beekdaelen&id=8d6cb914-f45d-4b6a-9e9c-6a73d86f6323","dc_title":"Raadsvoorstel krediet woonwagenlocatie Veeweg","dc_type":"bijlage","foi_fairiscoreVersions":{"v1":1,"v2":1},"foi_fileName":"Raadsvoorstel%20krediet%20woonwagenlocatie%20Veeweg.pdf","foi_nrPages":4},{"dc_format":"application/pdf","dc_identifier":"nl.gm1954.2c.2021.2832421-5.doc.3","dc_source":"https://api1.ibabs.eu/publicdownload.aspx?site=Beekdaelen&id=f8c2c0ed-abbc-4c7c-81d7-ecf4f3b0990e","dc_title":"Begrotingswijziging 4.1","dc_type":"bijlage","foi_fairiscoreVersions":{"v1":1,"v2":1},"foi_fileName":"Z%2F19%2F126656%20-%20254098%20-%20bijlage%206Begrotingswijziging%204.pdf","foi_nrPages":1}],"foi_nrDocuments":3,"foi_nrPagesInDossier":6,"foi_publishedDate":"2021-07-13","foi_retrievedDate":"2026-02-05"},{"dc_creator":"HandelingScraper_v1","dc_date_year":2021,"dc_description":"Vergadering van de Gemeente Beekdaelen op 2021-07-13. Onderdeel: Voorstel inzake Uitvoeringskrediet 4-tal deelprojecten gebiedsontwikkeling de Gijselaar.","dc_identifier":"nl.gm1954.2c.2021.2832421-6","dc_publisher":"gm1954","dc_source":"https://beekdaelen.bestuurlijkeinformatie.nl/Agenda/Index/9c163c53-6dde-41a5-bd2e-7cb2e9efaaea","dc_title":"Raadsvergadering 2021-07-13 - Voorstel inzake Uitvoeringskrediet 4-tal deelprojecten gebiedsontwikkeling de Gijselaar","dc_type":"2c","dc_type_description":"Vergaderstuk decentrale overheid","foi_fairiscoreVersions":{"v1":2,"v2":1},"foi_files":[{"dc_format":"application/pdf","dc_identifier":"nl.gm1954.2c.2021.2832421-6.doc.2","dc_source":"https://api1.ibabs.eu/publicdownload.aspx?site=Beekdaelen&id=01abda01-dddb-477b-9900-36347c1485e5","dc_title":"Begrotingswijziging 7.3 Gebiedsontwikkeling de Gijselaar","dc_type":"bijlage","foi_fairiscoreVersions":{"v1":1,"v2":1},"foi_fileName":"Z%2F19%2F135217%20-%20267605%20-%20Begrotingswijziging%207.pdf","foi_nrPages":1},{"dc_format":"application/pdf","dc_identifier":"nl.gm1954.2c.2021.2832421-6.doc.3","dc_source":"https://api1.ibabs.eu/publicdownload.aspx?site=Beekdaelen&id=995ebe79-4100-438d-9ce9-1091b8e0eafb","dc_title":"Bijlage A - Voorlopig Ontwerp Koeteleboet","dc_type":"bijlage","foi_fairiscoreVersions":{"v1":2,"v2":1},"foi_fileName":"Z%2F19%2F135217%20-%20267605%20-%20Bijlage%20A%20-%20Voorlopig%20Ontwerp%20Koeteleboet.pdf","foi_nrPages":1},{"dc_format":"application/pdf","dc_identifier":"nl.gm1954.2c.2021.2832421-6.doc.4","dc_source":"https://api1.ibabs.eu/publicdownload.aspx?site=Beekdaelen&id=2fd2616e-0a42-4715-8c91-a8a88a2e12a0","dc_title":"Bijlage B - Voorlopig Ontwerp VVA","dc_type":"bijlage","foi_fairiscoreVersions":{"v1":2,"v2":1},"foi_fileName":"Z%2F19%2F135217%20-%20267605%20-%20Bijlage%20B%20-%20Voorlopig%20Ontwerp%20VVA.pdf","foi_nrPages":1},{"dc_format":"application/pdf","dc_identifier":"nl.gm1954.2c.2021.2832421-6.doc.5","dc_source":"https://api1.ibabs.eu/publicdownload.aspx?site=Beekdaelen&id=c7717e0e-2334-4dab-b60f-080bac212b39","dc_title":"Bijlage C - Voorlopig Ontwerp trainingsveld","dc_type":"bijlage","foi_fairiscoreVersions":{"v1":1,"v2":1},"foi_fileName":"Z%2F19%2F135217%20-%20267605%20-%20Bijlage%20C%20-%20Voorlopig%20Ontwerp%20trainingsveld.pdf","foi_nrPages":1},{"dc_format":"application/pdf","dc_identifier":"nl.gm1954.2c.2021.2832421-6.doc.6","dc_source":"https://api1.ibabs.eu/publicdownload.aspx?site=Beekdaelen&id=353a847d-f42b-4c72-b921-01dd33af3cf9","dc_title":"Bijlage D - Voorlopig Ontwerp Buitenruimte","dc_type":"bijlage","foi_fairiscoreVersions":{"v1":1,"v2":1},"foi_fileName":"Z%2F19%2F135217%20-%20267605%20-%20Bijlage%20D%20-%20Voorlopig%20Ontwerp%20Buitenruimte.pdf","foi_nrPages":4},{"dc_format":"application/pdf","dc_identifier":"nl.gm1954.2c.2021.2832421-6.doc.1","dc_source":"https://api1.ibabs.eu/publicdownload.aspx?site=Beekdaelen&id=53ef5455-5514-4d85-8163-d56392e0fbc8","dc_title":"RV Uitvoeringskrediet 4-tal deelprojecten gebiedsontwikkeling de Gijselaar","dc_type":"bijlage","foi_fairiscoreVersions":{"v1":1,"v2":1},"foi_fileName":"Z%2F19%2F135217%20-%20267605%20-%20Raadsvoorstel%20-%20Uitvoeringskrediet%204-tal%20deelprojecten%20gebiedsontwikkeling%20de%20Gijselaar.pdf","foi_nrPages":12},{"dc_format":"application/pdf","dc_identifier":"nl.gm1954.2c.2021.2832421-6.doc.7","dc_source":"https://api1.ibabs.eu/publicdownload.aspx?site=Beekdaelen&id=ef1fca84-936b-43e9-a991-4873635b2922","dc_title":"RB Uitvoeringskrediet 4-tal deelprojecten gebiedsontwikkeling de Gijselaar - vastgesteld raad 13072021","dc_type":"bijlage","foi_fairiscoreVersions":{"v1":1,"v2":1},"foi_fileName":"Z%2F19%2F135217%20-%20267606%20-%20Raadsbesluit%20-%20Uitvoeringskrediet%204-tal%20deelprojecten%20gebiedsontwikkeling%20de%20Gijselaar.pdf","foi_nrPages":1}],"foi_nrDocuments":7,"foi_nrPagesInDossier":21,"foi_publishedDate":"2021-07-13","foi_retrievedDate":"2026-02-05"},{"dc_creator":"HandelingScraper_v1","dc_date_year":2021,"dc_description":"Vergadering van de Gemeente Beekdaelen op 2021-07-13. Onderdeel: Voorstel inzake business-case en kredietvoorstel Nuinhofwijk.","dc_identifier":"nl.gm1954.2c.2021.2832421-7","dc_publisher":"gm1954","dc_source":"https://beekdaelen.bestuurlijkeinformatie.nl/Agenda/Index/9c163c53-6dde-41a5-bd2e-7cb2e9efaaea","dc_title":"Raadsvergadering 2021-07-13 - Voorstel inzake business-case en kredietvoorstel Nuinhofwijk","dc_type":"2c","dc_type_description":"Vergaderstuk decentrale overheid","foi_fairiscoreVersions":{"v1":2,"v2":2},"foi_files":[{"dc_format":"application/pdf","dc_identifier":"nl.gm1954.2c.2021.2832421-7.doc.4","dc_source":"https://api1.ibabs.eu/publicdownload.aspx?site=Beekdaelen&id=205a707c-6688-471e-b516-7ca202c9b3cb","dc_title":"Memo quick scan planeconoom","dc_type":"bijlage","foi_fairiscoreVersions":{"v1":1,"v2":1},"foi_fileName":"20201221%20memo%20quick%20scan%20planeconoom.pdf","foi_nrPages":3},{"dc_format":"application/pdf","dc_identifier":"nl.gm1954.2c.2021.2832421-7.doc.5","dc_source":"https://api1.ibabs.eu/publicdownload.aspx?site=Beekdaelen&id=1ad4772e-2426-405b-bb60-52b48f07d469","dc_title":"Brief inzake besluitvorming politieke-bestuurlijke situatie, brief GS","dc_type":"bijlage","foi_fairiscoreVersions":{"v1":3,"v2":3},"foi_fileName":"20210414%20Brief%20inzake%20besluitvorming%20politieke-bestuurlijke%20situatie_%20brief%20GS.pdf","foi_nrPages":9},{"dc_format":"application/pdf","dc_identifier":"nl.gm1954.2c.2021.2832421-7.doc.6","dc_source":"https://api1.ibabs.eu/publicdownload.aspx?site=Beekdaelen&id=adf85158-9836-4014-880e-1fcd6492919c","dc_title":"20210517 Stec Groep 21.070 Transitieexploitatie MKBA Nuinhofwijk Beekdaelen","dc_type":"bijlage","foi_fairiscoreVersions":{"v1":1,"v2":1},"foi_fileName":"20210517%20Stec%20Groep%2021.070%20Transitieexploitatie%20MKBA%20Nuinhofwijk%20Beekdaelen.pdf","foi_nrPages":25},{"dc_format":"application/pdf","dc_identifier":"nl.gm1954.2c.2021.2832421-7.doc.7","dc_source":"https://api1.ibabs.eu/publicdownload.aspx?site=Beekdaelen&id=bf54417d-eb0c-4906-84d7-998bea72f2e6","dc_title":"20210518 223126_1 historisch overzicht","dc_type":"bijlage","foi_fairiscoreVersions":{"v1":2,"v2":1},"foi_fileName":"20210518%20223126_1%20historisch%20overzicht.pdf","foi_nrPages":6},{"dc_format":"application/pdf","dc_identifier":"nl.gm1954.2c.2021.2832421-7.doc.1","dc_source":"https://api1.ibabs.eu/publicdownload.aspx?site=Beekdaelen&id=8852f055-6a64-4c73-bb87-e6c0028c4ec6","dc_title":"Raadsvoorstel nuinhofwijk","dc_type":"bijlage","foi_fairiscoreVersions":{"v1":1,"v2":1},"foi_fileName":"266532_1%20raadsvoorstel%20nuinhofwijk%20v3.0.pdf","foi_nrPages":11},{"dc_format":"application/pdf","dc_identifier":"nl.gm1954.2c.2021.2832421-7.doc.2","dc_source":"https://api1.ibabs.eu/publicdownload.aspx?site=Beekdaelen&id=66b2fbdc-228b-4017-9a2a-b28baa1a15b2","dc_title":"Raadsbesluit inzake business-case en kredietvoorstel Nuinhofwijk - vastgesteld raad 13072021","dc_type":"bijlage","foi_fairiscoreVersions":{"v1":1,"v2":1},"foi_fileName":"268226_1%20concept%20raadsbesluit%20v1.0.pdf","foi_nrPages":1},{"dc_format":"application/pdf","dc_identifier":"nl.gm1954.2c.2021.2832421-7.doc.3","dc_source":"https://api1.ibabs.eu/publicdownload.aspx?site=Beekdaelen&id=d3872a76-5667-405e-9953-510e02298bde","dc_title":"Begrotingswijziging 7.2 Nuinhofwijk Nuth","dc_type":"bijlage","foi_fairiscoreVersions":{"v1":1,"v2":1},"foi_fileName":"Begrotingswijziging%207.2%20Nuinhofwijk%20Nuth.pdf","foi_nrPages":1}],"foi_nrDocuments":7,"foi_nrPagesInDossier":56,"foi_publishedDate":"2021-07-13","foi_retrievedDate":"2026-02-05"},{"dc_creator":"HandelingScraper_v1","dc_date_year":2021,"dc_description":"Vergadering van de Gemeente Beekdaelen op 2021-07-13. Onderdeel: Voorstel inzake vaststellen Jaarstukken 2020.","dc_identifier":"nl.gm1954.2c.2021.2832421-8","dc_publisher":"gm1954","dc_source":"https://beekdaelen.bestuurlijkeinformatie.nl/Agenda/Index/9c163c53-6dde-41a5-bd2e-7cb2e9efaaea","dc_title":"Raadsvergadering 2021-07-13 - Voorstel inzake vaststellen Jaarstukken 2020","dc_type":"2c","dc_type_description":"Vergaderstuk decentrale overheid","foi_fairiscoreVersions":{"v1":2,"v2":2},"foi_files":[{"dc_format":"application/pdf","dc_identifier":"nl.gm1954.2c.2021.2832421-8.doc.6","dc_source":"https://api1.ibabs.eu/publicdownload.aspx?site=Beekdaelen&id=00396ffe-6e99-4071-b817-08b49ff9fc24","dc_title":"Balans pag. 182 jaarstukken op A3","dc_type":"bijlage","foi_fairiscoreVersions":{"v1":1,"v2":1},"foi_fileName":"Balans%20pag.%20182%20jaarstukken%20op%20A3.pdf","foi_nrPages":1},{"dc_format":"application/pdf","dc_identifier":"nl.gm1954.2c.2021.2832421-8.doc.11","dc_source":"https://api1.ibabs.eu/publicdownload.aspx?site=Beekdaelen&id=f4162397-8e12-4b86-8111-c3d1aa9d11eb","dc_title":"Beantwoording TECHNISCHE VOORVRAGEN VAN DE VG inzake jaarstukken","dc_type":"bijlage","foi_fairiscoreVersions":{"v1":1,"v2":1},"foi_fileName":"Beantwoording%20TECHNISCHE%20VOORVRAGEN%20VAN%20DE%20VGjaarstukken.pdf","foi_nrPages":4},{"dc_format":"application/pdf","dc_identifier":"nl.gm1954.2c.2021.2832421-8.doc.7","dc_source":"https://api1.ibabs.eu/publicdownload.aspx?site=Beekdaelen&id=767359a5-bb45-4b27-83d5-1537f9829437","dc_title":"Gemeente Beekdaelen - accountantsverslag 2020 def (vz)","dc_type":"bijlage","foi_fairiscoreVersions":{"v1":2,"v2":2},"foi_fileName":"Gemeente%20Beekdaelen%20-%20accountantsverslag%202020%20def%20%28vz%29.pdf","foi_nrPages":19},{"dc_format":"application/pdf","dc_identifier":"nl.gm1954.2c.2021.2832421-8.doc.8","dc_source":"https://api1.ibabs.eu/publicdownload.aspx?site=Beekdaelen&id=42008ade-3da4-4c42-b33d-479c1ae40b0c","dc_title":"Gemeente Beekdaelen - controleverklaring 2020 WG (vz)","dc_type":"bijlage","foi_fairiscoreVersions":{"v1":1,"v2":1},"foi_fileName":"Gemeente%20Beekdaelen%20-%20controleverklaring%202020%20WG%20%28vz%29.pdf","foi_nrPages":4},{"dc_format":"application/pdf","dc_identifier":"nl.gm1954.2c.2021.2832421-8.doc.5","dc_source":"https://api1.ibabs.eu/publicdownload.aspx?site=Beekdaelen&id=4dd108ec-959b-43c0-89ad-fff393cf54b8","dc_title":"Jaarstukken 2020 GEWIJZIGD","dc_type":"bijlage","foi_fairiscoreVersions":{"v1":2,"v2":2},"foi_fileName":"Jaarstukken%202020%20v.pdf","foi_nrPages":280},{"dc_format":"application/pdf","dc_identifier":"nl.gm1954.2c.2021.2832421-8.doc.9","dc_source":"https://api1.ibabs.eu/publicdownload.aspx?site=Beekdaelen&id=e16813d7-5804-4a97-8634-6577deca2476","dc_title":"Motie VVD en D66 inzake WoonWijzerWinkel UNANIEM AANGENOMEN","dc_type":"bijlage","foi_fairiscoreVersions":{"v1":1,"v2":1},"foi_fileName":"Motie%20VVD%20en%20D66%20inzake%20WoonWijzerWinkel%20UNANIEM%20AANGENOMEN.pdf","foi_nrPages":1},{"dc_format":"application/pdf","dc_identifier":"nl.gm1954.2c.2021.2832421-8.doc.2","dc_source":"https://api1.ibabs.eu/publicdownload.aspx?site=Beekdaelen&id=b6eb0925-0b3e-4c58-a431-2116c6434d81","dc_title":"Eerste nota van wijziging  Jaarstukken 2020","dc_type":"bijlage","foi_fairiscoreVersions":{"v1":2,"v2":1},"foi_fileName":"Nota%20van%20wijziging%20%20Jaarstukken%202020.pdf","foi_nrPages":2},{"dc_format":"application/pdf","dc_identifier":"nl.gm1954.2c.2021.2832421-8.doc.4","dc_source":"https://api1.ibabs.eu/publicdownload.aspx?site=Beekdaelen&id=1113572d-a0f1-4949-8ac3-5d3991378e01","dc_title":"RB inzake jaarstukken Beekdaelen 2020 - vastgesteld raad 13072021","dc_type":"bijlage","foi_fairiscoreVersions":{"v1":1,"v2":1},"foi_fileName":"RB%20inzake%20jaarstukken%20Beekdaelen%202020.pdf","foi_nrPages":1},{"dc_format":"application/pdf","dc_identifier":"nl.gm1954.2c.2021.2832421-8.doc.1","dc_source":"https://api1.ibabs.eu/publicdownload.aspx?site=Beekdaelen&id=4e342551-aae5-412f-a191-cd03cb293c86","dc_title":"RV Jaarrekening 2020 versie na tweede nota van wijzigingen","dc_type":"bijlage","foi_fairiscoreVersions":{"v1":2,"v2":1},"foi_fileName":"RV%20Jaarrekening%202020%20v.pdf","foi_nrPages":5},{"dc_format":"application/pdf","dc_identifier":"nl.gm1954.2c.2021.2832421-8.doc.10","dc_source":"https://api1.ibabs.eu/publicdownload.aspx?site=Beekdaelen&id=840ffbd2-bb10-4a6e-90ac-864e18959b8c","dc_title":"Technische vragen VG inzake de jaarstukken","dc_type":"bijlage","foi_fairiscoreVersions":{"v1":1,"v2":1},"foi_fileName":"TECHNISCHE%20VOORVRAGEN%20VAN%20DE%20VG%20inzake%20de%20jaarstukken.pdf","foi_nrPages":1},{"dc_format":"application/pdf","dc_identifier":"nl.gm1954.2c.2021.2832421-8.doc.3","dc_source":"https://api1.ibabs.eu/publicdownload.aspx?site=Beekdaelen&id=02da7992-291f-4286-9073-ce80161f4716","dc_title":"Tweede nota van wijzigingen Jaarstukken 2020","dc_type":"bijlage","foi_fairiscoreVersions":{"v1":1,"v2":1},"foi_fileName":"Tweede%20nota%20van%20wijzigingen%20Jaarstukken%202020.pdf","foi_nrPages":1}],"foi_nrDocuments":11,"foi_nrPagesInDossier":319,"foi_publishedDate":"2021-07-13","foi_retrievedDate":"2025-12-01"},{"dc_creator":"HandelingScraper_v1","dc_date_year":2021,"dc_description":"Vergadering van de Gemeente Beekdaelen op 2021-07-13. Onderdeel: Voorstel inzake eerste Burap 2021.","dc_identifier":"nl.gm1954.2c.2021.2832421-9","dc_publisher":"gm1954","dc_source":"https://beekdaelen.bestuurlijkeinformatie.nl/Agenda/Index/9c163c53-6dde-41a5-bd2e-7cb2e9efaaea","dc_title":"Raadsvergadering 2021-07-13 - Voorstel inzake eerste Burap 2021","dc_type":"2c","dc_type_description":"Vergaderstuk decentrale overheid","foi_fairiscoreVersions":{"v1":2,"v2":2},"foi_files":[{"dc_format":"application/pdf","dc_identifier":"nl.gm1954.2c.2021.2832421-9.doc.13","dc_source":"https://api1.ibabs.eu/publicdownload.aspx?site=Beekdaelen&id=0367d9a2-98a9-4e2c-b746-8eaf4aa5c604","dc_title":"2021-06-11 Verslag overleg comit\u00e9 verkeer kern Schinnen","dc_type":"bijlage","foi_fairiscoreVersions":{"v1":1,"v2":1},"foi_fileName":"2021-06-11%20overleg%20comit%C3%A9%20verkeer%20kern%20Schinnen.pdf","foi_nrPages":2},{"dc_format":"application/pdf","dc_identifier":"nl.gm1954.2c.2021.2832421-9.doc.3","dc_source":"https://api1.ibabs.eu/publicdownload.aspx?site=Beekdaelen&id=e8e0332f-bd81-46fa-88d0-f0e67401a23f","dc_title":"Amendement BL en D66 inzake Millieu Park Schinnen VERWORPEN","dc_type":"bijlage","foi_fairiscoreVersions":{"v1":1,"v2":1},"foi_fileName":"Amendement%20BL%20en%20D66%20inzake%20Millieu%20Park%20Schinnen%20VERWORPEN.pdf","foi_nrPages":2},{"dc_format":"application/pdf","dc_identifier":"nl.gm1954.2c.2021.2832421-9.doc.4","dc_source":"https://api1.ibabs.eu/publicdownload.aspx?site=Beekdaelen&id=720c4027-dbdb-418a-883f-12cedd6866c1","dc_title":"Amendement BL en D66 inzake Sloop Gemeenteloods Nierhoven VERWORPEN","dc_type":"bijlage","foi_fairiscoreVersions":{"v1":1,"v2":1},"foi_fileName":"Amendement%20BL%20en%20D66%20inzake%20Sloop%20Gemeenteloods%20Nierhoven%20VERWORPEN.pdf","foi_nrPages":2},{"dc_format":"application/pdf","dc_identifier":"nl.gm1954.2c.2021.2832421-9.doc.5","dc_source":"https://api1.ibabs.eu/publicdownload.aspx?site=Beekdaelen&id=29244534-cbda-443f-90e5-3eaf215016b9","dc_title":"Amendement D66 bij burap inzake krediet 30k onderzoeken verkeersveilige kernen VERWORPEN","dc_type":"bijlage","foi_fairiscoreVersions":{"v1":1,"v2":1},"foi_fileName":"Amendement%20D66%20bij%20burap%20inzake%20krediet%2030k%20onderzoeken%20verkeersveilige%20kernen%20VERWORPEN.pdf","foi_nrPages":1},{"dc_format":"application/pdf","dc_identifier":"nl.gm1954.2c.2021.2832421-9.doc.11","dc_source":"https://api1.ibabs.eu/publicdownload.aspx?site=Beekdaelen&id=629a0a60-bfa7-4735-a0d9-ea09a27f1d9f","dc_title":"Beantwoording Vragen over BURAP 2021 en Financi\u00eble verordening","dc_type":"bijlage","foi_fairiscoreVersions":{"v1":1,"v2":1},"foi_fileName":"Beantwoording%20Vragen%20over%20BURAP%202021%20en%20Financi%C3%ABle%20verordening.pdf","foi_nrPages":17},{"dc_format":"application/pdf","dc_identifier":"nl.gm1954.2c.2021.2832421-9.doc.7","dc_source":"https://api1.ibabs.eu/publicdownload.aspx?site=Beekdaelen&id=95742773-68ef-4d6f-8bd8-5fe399e31eaa","dc_title":"Burap I-2021 GEWIJZIGD","dc_type":"bijlage","foi_fairiscoreVersions":{"v1":2,"v2":2},"foi_fileName":"Burap%20I-2021%20v.pdf","foi_nrPages":103},{"dc_format":"application/pdf","dc_identifier":"nl.gm1954.2c.2021.2832421-9.doc.12","dc_source":"https://api1.ibabs.eu/publicdownload.aspx?site=Beekdaelen&id=e9b00519-580f-4396-a0db-3f839d964a2e","dc_title":"Informatie inzake Stand van zaken Stimuleringsregeling afkoppelen hemelwater - mail d.d. 28 juni 2021","dc_type":"bijlage","foi_fairiscoreVersions":{"v1":1,"v2":1},"foi_fileName":"Informatie%20inzake%20Stand%20van%20zaken%20Stimuleringsregeling%20afkoppelen%20hemelwater%20-%20mail%20d.d.%2028%20juni%202021.pdf","foi_nrPages":1},{"dc_format":"application/pdf","dc_identifier":"nl.gm1954.2c.2021.2832421-9.doc.2","dc_source":"https://api1.ibabs.eu/publicdownload.aspx?site=Beekdaelen&id=ccc1ade9-19b5-41c2-b0b3-74d24d7d8d5c","dc_title":"Nota van wijzigingen betreffende Burap I-2021","dc_type":"bijlage","foi_fairiscoreVersions":{"v1":1,"v2":1},"foi_fileName":"Nota%20van%20wijzigingen%20betreffende%20Burap%20I-2021.pdf","foi_nrPages":1},{"dc_format":"application/pdf","dc_identifier":"nl.gm1954.2c.2021.2832421-9.doc.6","dc_source":"https://api1.ibabs.eu/publicdownload.aspx?site=Beekdaelen&id=756b9624-fe7a-4ff2-8883-7382141334ee","dc_title":"RBS Eerste bestuursrapportage 2021 - vastgesteld raad 13072021","dc_type":"bijlage","foi_fairiscoreVersions":{"v1":1,"v2":1},"foi_fileName":"RBS%20Eerste%20bestuursrapportage%202021.pdf","foi_nrPages":1},{"dc_format":"application/pdf","dc_identifier":"nl.gm1954.2c.2021.2832421-9.doc.1","dc_source":"https://api1.ibabs.eu/publicdownload.aspx?site=Beekdaelen&id=365bc054-3035-4590-a14d-40b0ebe0cbaa","dc_title":"RVS inzake Eerste bestuursrapportage 2021","dc_type":"bijlage","foi_fairiscoreVersions":{"v1":1,"v2":1},"foi_fileName":"RVS%20inzake%20Eerste%20bestuursrapportage%202021.pdf","foi_nrPages":3},{"dc_format":"application/pdf","dc_identifier":"nl.gm1954.2c.2021.2832421-9.doc.8","dc_source":"https://api1.ibabs.eu/publicdownload.aspx?site=Beekdaelen&id=09d8a7c3-1c86-48b5-895b-90990150d17c","dc_title":"Technische vragen VG inzake burap en kadernota","dc_type":"bijlage","foi_fairiscoreVersions":{"v1":1,"v2":1},"foi_fileName":"Technische%20vragen%20VG%20inzake%20burap%20en%20kadernota.pdf","foi_nrPages":3},{"dc_format":"application/pdf","dc_identifier":"nl.gm1954.2c.2021.2832421-9.doc.9","dc_source":"https://api1.ibabs.eu/publicdownload.aspx?site=Beekdaelen&id=38fc9479-77cb-426c-a88e-476a4e7c3efa","dc_title":"Vragen BL over BURAP 2021 def","dc_type":"bijlage","foi_fairiscoreVersions":{"v1":1,"v2":1},"foi_fileName":"Vragen%20BL%20over%20BURAP%202021%20def_.pdf","foi_nrPages":3},{"dc_format":"application/pdf","dc_identifier":"nl.gm1954.2c.2021.2832421-9.doc.10","dc_source":"https://api1.ibabs.eu/publicdownload.aspx?site=Beekdaelen&id=250bcd84-e2bf-4f34-8a01-5a6f32379795","dc_title":"Vragen D66 nav burap","dc_type":"bijlage","foi_fairiscoreVersions":{"v1":1,"v2":1},"foi_fileName":"Vragen%20D66%20nav%20burap.pdf","foi_nrPages":1}],"foi_nrDocuments":13,"foi_nrPagesInDossier":140,"foi_publishedDate":"2021-07-13","foi_retrievedDate":"2026-02-05"},{"dc_creator":"HandelingScraper_v1","dc_date_year":2021,"dc_description":"Vergadering van de Gemeente Beekdaelen op 2021-09-13. Onderdeel: Opening.","dc_identifier":"nl.gm1954.2c.2021.2832500-1","dc_publisher":"gm1954","dc_source":"https://beekdaelen.bestuurlijkeinformatie.nl/Agenda/Index/d50504a6-1aeb-4492-aaa4-ee5b6834c87b","dc_title":"Raadsvergadering 2021-09-13 - Opening","dc_type":"2c","dc_type_description":"Vergaderstuk decentrale overheid","foi_fairiscoreVersions":{"v1":1,"v2":1},"foi_files":[{"dc_format":"application/pdf","dc_identifier":"nl.gm1954.2c.2021.2832500-1.doc.1","dc_source":"https://api1.ibabs.eu/publicdownload.aspx?site=Beekdaelen&id=04bead8e-6fbc-4082-8a5c-737f51cee3a9","dc_title":"Uitnodiging en concept agenda raadsvergadering 8 september 2021","dc_type":"bijlage","foi_fairiscoreVersions":{"v1":1,"v2":1},"foi_fileName":"Uitnodiging%20en%20concept%20agenda%20raadsvergadering%208%20september%202021%20v...pdf","foi_nrPages":1}],"foi_nrDocuments":1,"foi_nrPagesInDossier":1,"foi_publishedDate":"2021-09-13","foi_retrievedDate":"2026-03-07"},{"dc_creator":"HandelingScraper_v1","dc_date_year":2021,"dc_description":"Vergadering van de Gemeente Beekdaelen op 2021-09-13. Onderdeel: Vaststelling van de agenda.","dc_identifier":"nl.gm1954.2c.2021.2832500-2","dc_publisher":"gm1954","dc_source":"https://beekdaelen.bestuurlijkeinformatie.nl/Agenda/Index/d50504a6-1aeb-4492-aaa4-ee5b6834c87b","dc_title":"Raadsvergadering 2021-09-13 - Vaststelling van de agenda","dc_type":"2c","dc_type_description":"Vergaderstuk decentrale overheid","foi_fairiscoreVersions":{"v1":1,"v2":1},"foi_files":[{"dc_format":"application/pdf","dc_identifier":"nl.gm1954.2c.2021.2832500-2.doc.1","dc_source":"https://api1.ibabs.eu/publicdownload.aspx?site=Beekdaelen&id=5a88023d-07ac-4eb1-8555-f72e4fabc459","dc_title":"Vastgestelde agenda raadsvergadering 13092021","dc_type":"bijlage","foi_fairiscoreVersions":{"v1":1,"v2":1},"foi_fileName":"Vastgestelde%20agenda%20raadsvergadering%2013092021.pdf","foi_nrPages":1}],"foi_nrDocuments":1,"foi_nrPagesInDossier":1,"foi_publishedDate":"2021-09-13","foi_retrievedDate":"2026-02-13"},{"dc_creator":"HandelingScraper_v1","dc_date_year":2021,"dc_description":"Vergadering van de Gemeente Beekdaelen op 2021-09-13. Onderdeel: Voorstel inzake voortgang dossier bestemmingsplan bedrijventerrein Rode Beek.","dc_identifier":"nl.gm1954.2c.2021.2832500-3","dc_publisher":"gm1954","dc_source":"https://beekdaelen.bestuurlijkeinformatie.nl/Agenda/Index/d50504a6-1aeb-4492-aaa4-ee5b6834c87b","dc_title":"Raadsvergadering 2021-09-13 - Voorstel inzake voortgang dossier bestemmingsplan bedrijventerrein Rode Beek","dc_type":"2c","dc_type_description":"Vergaderstuk decentrale overheid","foi_fairiscoreVersions":{"v1":3,"v2":3},"foi_files":[{"dc_format":"application/pdf","dc_identifier":"nl.gm1954.2c.2021.2832500-3.doc.2","dc_source":"https://api1.ibabs.eu/publicdownload.aspx?site=Beekdaelen&id=f6583939-bad0-47b9-a0a1-6f4bb6e42a39","dc_title":"Raadsbesluit 13 sept. 2021 betreffende bestemmingsplan bedrijventerrein Rode Beek def - VASTGESTELD 13092021","dc_type":"bijlage","foi_fairiscoreVersions":{"v1":1,"v2":1},"foi_fileName":"Raadsbesluit%2013%20september%20bestemmingsplan%20Rode%20Beek%20def.pdf","foi_nrPages":1},{"dc_format":"application/pdf","dc_identifier":"nl.gm1954.2c.2021.2832500-3.doc.1","dc_source":"https://api1.ibabs.eu/publicdownload.aspx?site=Beekdaelen&id=0941c377-ab8d-48d1-9faf-17ebab668135","dc_title":"Raadsvoorstel 13 sept. 2021 betreffende besluit inzake voortgang dossier bestemmingsplan bedrijventerrein Rode Beek def","dc_type":"bijlage","foi_fairiscoreVersions":{"v1":1,"v2":1},"foi_fileName":"Raadsvoorstel%2013%20september%202021%20def.pdf","foi_nrPages":1},{"dc_format":"application/pdf","dc_identifier":"nl.gm1954.2c.2021.2832500-3.doc.3","dc_source":"https://api1.ibabs.eu/publicdownload.aspx?site=Beekdaelen&id=5a346552-adbb-4f66-a00d-26ee7de6d7ef","dc_title":"Uitspraak RvS best.plan Rode Beek maart 2021","dc_type":"bijlage","foi_fairiscoreVersions":{"v1":5,"v2":5},"foi_fileName":"Uitspraak%20RvS%20best.plan%20Rode%20Beek%20maart%202021%20-%20Z19124369%20-%20274867%20-%20Uitspraak%20Raad%20van%20State%2017%20_1.pdf","foi_nrPages":5}],"foi_nrDocuments":3,"foi_nrPagesInDossier":7,"foi_publishedDate":"2021-09-13","foi_retrievedDate":"2026-03-02"},{"dc_creator":"HandelingScraper_v1","dc_date_year":2021,"dc_description":"Vergadering van de Gemeente Beekdaelen op 2021-09-21. Onderdeel: Algemeen.","dc_identifier":"nl.gm1954.2c.2021.2832509-1","dc_publisher":"gm1954","dc_source":"https://beekdaelen.bestuurlijkeinformatie.nl/Agenda/Index/3ee4ba91-7c09-4da3-a0aa-5ff25d454cd5","dc_title":"Gecombineerde commissie (t/m april 2022) 2021-09-21 - Algemeen","dc_type":"2c","dc_type_description":"Vergaderstuk decentrale overheid","foi_fairiscoreVersions":{"v1":1,"v2":1},"foi_files":[{"dc_format":"application/pdf","dc_identifier":"nl.gm1954.2c.2021.2832509-1.doc.5","dc_source":"https://api1.ibabs.eu/publicdownload.aspx?site=Beekdaelen&id=8ca10433-675a-4991-898a-05f965c052b0","dc_title":"Aanvullende vragen CDA","dc_type":"bijlage","foi_fairiscoreVersions":{"v1":1,"v2":1},"foi_fileName":"Aanvullende%20vragen%20CDA.pdf","foi_nrPages":1},{"dc_format":"application/pdf","dc_identifier":"nl.gm1954.2c.2021.2832509-1.doc.2","dc_source":"https://api1.ibabs.eu/publicdownload.aspx?site=Beekdaelen&id=71f88e2b-815e-4a94-b3ad-af5eae95d861","dc_title":"Technische voorvragen PvdA gecomb. cie 21 sept 2021","dc_type":"bijlage","foi_fairiscoreVersions":{"v1":1,"v2":1},"foi_fileName":"Technische%20voorvragen%20PvdA%20gecomb.%20cie%2021%20sept%202021.pdf","foi_nrPages":1},{"dc_format":"application/pdf","dc_identifier":"nl.gm1954.2c.2021.2832509-1.doc.1","dc_source":"https://api1.ibabs.eu/publicdownload.aspx?site=Beekdaelen&id=c2e3df53-0d02-4355-9cf8-ade86dded85e","dc_title":"Technische voorvragen VG gecomb. cie 21 sept 2021","dc_type":"bijlage","foi_fairiscoreVersions":{"v1":1,"v2":1},"foi_fileName":"Technische%20voorvragen%20VG%20gecomb.%20cie%2021%20sept%202021.pdf","foi_nrPages":1},{"dc_format":"application/pdf","dc_identifier":"nl.gm1954.2c.2021.2832509-1.doc.4","dc_source":"https://api1.ibabs.eu/publicdownload.aspx?site=Beekdaelen&id=693b7fcb-15be-4481-be41-c606e1df3f13","dc_title":"Technische voorvragen BL cie 21-09-21","dc_type":"bijlage","foi_fairiscoreVersions":{"v1":1,"v2":1},"foi_fileName":"Technische%20vragen%20BL%20cie%2021-09-21.pdf","foi_nrPages":2},{"dc_format":"application/pdf","dc_identifier":"nl.gm1954.2c.2021.2832509-1.doc.3","dc_source":"https://api1.ibabs.eu/publicdownload.aspx?site=Beekdaelen&id=7d4c4d92-fe45-4137-97ec-fe13dbd14d61","dc_title":"Technische voorvragen CDA cie 21-9-21","dc_type":"bijlage","foi_fairiscoreVersions":{"v1":1,"v2":1},"foi_fileName":"Technische%20vragen%20CDA%20cie%2021-9-21.pdf","foi_nrPages":1},{"dc_format":"application/pdf","dc_identifier":"nl.gm1954.2c.2021.2832509-1.doc.6","dc_source":"https://api1.ibabs.eu/publicdownload.aspx?site=Beekdaelen&id=dea71e68-0ff2-43cf-8b3d-cb9ba9307bb6","dc_title":"Technische vragen VVD cie 21-09","dc_type":"bijlage","foi_fairiscoreVersions":{"v1":1,"v2":1},"foi_fileName":"Technische%20vragen%20VVD%20cie%2021-09.pdf","foi_nrPages":2}],"foi_nrDocuments":6,"foi_nrPagesInDossier":8,"foi_publishedDate":"2021-09-21","foi_retrievedDate":"2026-03-07"},{"dc_creator":"HandelingScraper_v1","dc_date_year":2021,"dc_description":"Vergadering van de Gemeente Beekdaelen op 2021-09-21. Onderdeel: Opening, mededelingen voorzitter en vaststellen agenda.","dc_identifier":"nl.gm1954.2c.2021.2832509-2","dc_publisher":"gm1954","dc_source":"https://beekdaelen.bestuurlijkeinformatie.nl/Agenda/Index/3ee4ba91-7c09-4da3-a0aa-5ff25d454cd5","dc_title":"Gecombineerde commissie (t/m april 2022) 2021-09-21 - Opening, mededelingen voorzitter en vaststellen agenda","dc_type":"2c","dc_type_description":"Vergaderstuk decentrale overheid","foi_fairiscoreVersions":{"v1":1,"v2":1},"foi_files":[{"dc_format":"application/pdf","dc_identifier":"nl.gm1954.2c.2021.2832509-2.doc.1","dc_source":"https://api1.ibabs.eu/publicdownload.aspx?site=Beekdaelen&id=2336ad04-1fd8-43a9-ab5d-0f77ac63ed48","dc_title":"2021 09 21 Uitnodiging en voorlopige agenda gecom cie Bedrijfsvoering & Ruimte","dc_type":"bijlage","foi_fairiscoreVersions":{"v1":1,"v2":1},"foi_fileName":"2021%2009%2021%20Uitnodiging%20en%20voorlopige%20agenda%20gecom%20cie%20Bedrijfsvoering%20%26%20Ruimte.pdf","foi_nrPages":1},{"dc_format":"application/pdf","dc_identifier":"nl.gm1954.2c.2021.2832509-2.doc.2","dc_source":"https://api1.ibabs.eu/publicdownload.aspx?site=Beekdaelen&id=f0645ec0-33b1-4334-94be-88f96dd6527e","dc_title":"Vastgestelde agenda gecomb. cie. Bedrijfsvoering & Ruimte 21-09-2021","dc_type":"bijlage","foi_fairiscoreVersions":{"v1":1,"v2":1},"foi_fileName":"Agenda%20gecomb.%20cie%20Bedrijfsvoering%20%26%20Ruimte%20dd%2020210921.pdf","foi_nrPages":1}],"foi_nrDocuments":2,"foi_nrPagesInDossier":2,"foi_publishedDate":"2021-09-21","foi_retrievedDate":"2025-12-05"},{"dc_creator":"HandelingScraper_v1","dc_date_year":2021,"dc_description":"Vergadering van de Gemeente Beekdaelen op 2021-09-21. Onderdeel: Vaststellen actiepuntenlijst van de gecombineerde commissie Bedrijfsvoering & Ruimte  d.d. 24 juni 2021.","dc_identifier":"nl.gm1954.2c.2021.2832509-3","dc_publisher":"gm1954","dc_source":"https://beekdaelen.bestuurlijkeinformatie.nl/Agenda/Index/3ee4ba91-7c09-4da3-a0aa-5ff25d454cd5","dc_title":"Gecombineerde commissie (t/m april 2022) 2021-09-21 - Vaststellen actiepuntenlijst van de gecombineerde commissie Bedrijfsvoering & Ruimte  d.d. 24 juni 2021","dc_type":"2c","dc_type_description":"Vergaderstuk decentrale overheid","foi_fairiscoreVersions":{"v1":1,"v2":1},"foi_files":[{"dc_format":"application/pdf","dc_identifier":"nl.gm1954.2c.2021.2832509-3.doc.1","dc_source":"https://api1.ibabs.eu/publicdownload.aspx?site=Beekdaelen&id=2e8baae8-7ed6-4fea-a2d9-e7a743b04266","dc_title":"Actiepuntenlijst gecomb. cie, Bedrijfsvoering & Ruimte 24 juni 2021 - vastgesteld 21.09.2021","dc_type":"bijlage","foi_fairiscoreVersions":{"v1":1,"v2":1},"foi_fileName":"2021%2006%2024%20Actiepuntenlijst%20gecomb%20cie%20Bedrijfsvoering%20%26%20Ruimte.pdf","foi_nrPages":5}],"foi_nrDocuments":1,"foi_nrPagesInDossier":5,"foi_publishedDate":"2021-09-21","foi_retrievedDate":"2026-02-05"},{"dc_creator":"HandelingScraper_v1","dc_date_year":2021,"dc_description":"Vergadering van de Gemeente Beekdaelen op 2021-09-21. Onderdeel: Vaststellen totaallijst afhandeling toezeggingen.","dc_identifier":"nl.gm1954.2c.2021.2832509-4","dc_publisher":"gm1954","dc_source":"https://beekdaelen.bestuurlijkeinformatie.nl/Agenda/Index/3ee4ba91-7c09-4da3-a0aa-5ff25d454cd5","dc_title":"Gecombineerde commissie (t/m april 2022) 2021-09-21 - Vaststellen totaallijst afhandeling toezeggingen","dc_type":"2c","dc_type_description":"Vergaderstuk decentrale overheid","foi_fairiscoreVersions":{"v1":1,"v2":1},"foi_files":[{"dc_format":"application/pdf","dc_identifier":"nl.gm1954.2c.2021.2832509-4.doc.1","dc_source":"https://api1.ibabs.eu/publicdownload.aspx?site=Beekdaelen&id=8a152cb9-0666-4951-b502-578caf82f3fb","dc_title":"Totaallijst afhandeling Toezeggingen versie 03.09.2021","dc_type":"bijlage","foi_fairiscoreVersions":{"v1":1,"v2":1},"foi_fileName":"Totaallijst%20afhandeling%20Toezeggingen%20versie%2003.09.2021.pdf","foi_nrPages":15}],"foi_nrDocuments":1,"foi_nrPagesInDossier":15,"foi_publishedDate":"2021-09-21","foi_retrievedDate":"2025-12-03"},{"dc_creator":"HandelingScraper_v1","dc_date_year":2021,"dc_description":"Vergadering van de Gemeente Beekdaelen op 2021-09-21. Onderdeel: Voorstel inzake toetreding Euregio Rhein Maas Nord.","dc_identifier":"nl.gm1954.2c.2021.2832509-5","dc_publisher":"gm1954","dc_source":"https://beekdaelen.bestuurlijkeinformatie.nl/Agenda/Index/3ee4ba91-7c09-4da3-a0aa-5ff25d454cd5","dc_title":"Gecombineerde commissie (t/m april 2022) 2021-09-21 - Voorstel inzake toetreding Euregio Rhein Maas Nord","dc_type":"2c","dc_type_description":"Vergaderstuk decentrale overheid","foi_fairiscoreVersions":{"v1":2,"v2":1},"foi_files":[{"dc_format":"application/pdf","dc_identifier":"nl.gm1954.2c.2021.2832509-5.doc.7","dc_source":"https://api1.ibabs.eu/publicdownload.aspx?site=Beekdaelen&id=1f090fb7-2498-41be-b07d-027c4ac0c636","dc_title":"MvA - technische vragen BL - B1 - 21092021","dc_type":"bijlage","foi_fairiscoreVersions":{"v1":1,"v2":1},"foi_fileName":"MvA%20-%20technische%20vragen%20BL%20-%20B1%20-%2021092021.pdf","foi_nrPages":2},{"dc_format":"application/pdf","dc_identifier":"nl.gm1954.2c.2021.2832509-5.doc.5","dc_source":"https://api1.ibabs.eu/publicdownload.aspx?site=Beekdaelen&id=f7fe8403-230c-4fa5-9e16-22a22c6daaee","dc_title":"MvA - technische vragen CDA - B1 - 21092021","dc_type":"bijlage","foi_fairiscoreVersions":{"v1":1,"v2":1},"foi_fileName":"MvA%20-%20technische%20vragen%20CDA%20-%20B1%20-%2021092021.pdf","foi_nrPages":1},{"dc_format":"application/pdf","dc_identifier":"nl.gm1954.2c.2021.2832509-5.doc.9","dc_source":"https://api1.ibabs.eu/publicdownload.aspx?site=Beekdaelen&id=62c08aa0-67c6-4f6e-97ac-c35619c08963","dc_title":"MvA - technische vragen PvdA - B1 - 21092021","dc_type":"bijlage","foi_fairiscoreVersions":{"v1":1,"v2":1},"foi_fileName":"MvA%20-%20technische%20vragen%20PvdA%20-%20B1%20-%2021092021.pdf","foi_nrPages":4},{"dc_format":"application/pdf","dc_identifier":"nl.gm1954.2c.2021.2832509-5.doc.6","dc_source":"https://api1.ibabs.eu/publicdownload.aspx?site=Beekdaelen&id=d3bae421-3daf-4e83-a5b3-782efab076aa","dc_title":"MvA - technische vragen VG - B1 - 21092021","dc_type":"bijlage","foi_fairiscoreVersions":{"v1":1,"v2":1},"foi_fileName":"MvA%20-%20technische%20vragen%20VG%20-%20B1%20-%2021092021.pdf","foi_nrPages":2},{"dc_format":"application/pdf","dc_identifier":"nl.gm1954.2c.2021.2832509-5.doc.8","dc_source":"https://api1.ibabs.eu/publicdownload.aspx?site=Beekdaelen&id=cd138aa8-a1f1-424d-a866-f15c69a821a7","dc_title":"MvA - technische vragen VVD - B1 - 21092021","dc_type":"bijlage","foi_fairiscoreVersions":{"v1":1,"v2":1},"foi_fileName":"MvA%20-%20technische%20vragen%20VVD%20-%20B1%20-%2021092021.pdf","foi_nrPages":2},{"dc_format":"application/pdf","dc_identifier":"nl.gm1954.2c.2021.2832509-5.doc.1","dc_source":"https://api1.ibabs.eu/publicdownload.aspx?site=Beekdaelen&id=65e363cd-c1b8-4ae5-994b-004168527219","dc_title":"RV inzake toetreding Euregio Rhein Maas Nord","dc_type":"bijlage","foi_fairiscoreVersions":{"v1":2,"v2":1},"foi_fileName":"Z%2F21%2F162012%20-%20274440%20-%20lidmaatschap%20ERM%20Nord.pdf","foi_nrPages":5},{"dc_format":"application/pdf","dc_identifier":"nl.gm1954.2c.2021.2832509-5.doc.2","dc_source":"https://api1.ibabs.eu/publicdownload.aspx?site=Beekdaelen&id=dd63f10f-82ea-4f85-bd89-06f7e678029b","dc_title":"RB inzake toetreding Euregio Rhein Maas Nord - vastgesteld Raad 12102021","dc_type":"bijlage","foi_fairiscoreVersions":{"v1":1,"v2":1},"foi_fileName":"Z%2F21%2F162012%20-%20274459%20-%20lidmaatschap%20ERM%20Nord.pdf","foi_nrPages":2},{"dc_format":"application/pdf","dc_identifier":"nl.gm1954.2c.2021.2832509-5.doc.4","dc_source":"https://api1.ibabs.eu/publicdownload.aspx?site=Beekdaelen&id=413c41d9-0710-4b5e-9ff5-04d615cd0010","dc_title":"Statuten Euregio RMN","dc_type":"bijlage","foi_fairiscoreVersions":{"v1":1,"v2":1},"foi_fileName":"Z%2F21%2F162012%20-%20274461%20-.pdf","foi_nrPages":12},{"dc_format":"application/pdf","dc_identifier":"nl.gm1954.2c.2021.2832509-5.doc.3","dc_source":"https://api1.ibabs.eu/publicdownload.aspx?site=Beekdaelen&id=f87c30bf-fbc9-400d-9a92-f1ecd6fe6a44","dc_title":"Motiveringsbrief Euregio RMN - Verzoek tot lidmaatschap aan Euregio Rhein-Maas-Nord","dc_type":"bijlage","foi_fairiscoreVersions":{"v1":1,"v2":1},"foi_fileName":"Z%2F21%2F162012%20-%20274462%20-%20Verzoek%20tot%20lidmaatschap%20aan%20Euregio%20Rhein-Maas-Nord.pdf","foi_nrPages":2}],"foi_nrDocuments":9,"foi_nrPagesInDossier":32,"foi_publishedDate":"2021-09-21","foi_retrievedDate":"2025-12-02"},{"dc_creator":"HandelingScraper_v1","dc_date_year":2021,"dc_description":"Vergadering van de Gemeente Beekdaelen op 2021-09-21. Onderdeel: Voorstel inzake wijziging tijdsbestedingsnorm/vermindering aantal wethouders.","dc_identifier":"nl.gm1954.2c.2021.2832509-6","dc_publisher":"gm1954","dc_source":"https://beekdaelen.bestuurlijkeinformatie.nl/Agenda/Index/3ee4ba91-7c09-4da3-a0aa-5ff25d454cd5","dc_title":"Gecombineerde commissie (t/m april 2022) 2021-09-21 - Voorstel inzake wijziging tijdsbestedingsnorm/vermindering aantal wethouders","dc_type":"2c","dc_type_description":"Vergaderstuk decentrale overheid","foi_fairiscoreVersions":{"v1":1,"v2":1},"foi_files":[{"dc_format":"application/pdf","dc_identifier":"nl.gm1954.2c.2021.2832509-6.doc.2","dc_source":"https://api1.ibabs.eu/publicdownload.aspx?site=Beekdaelen&id=b84ac4f5-0096-47ba-837d-7d75202f749b","dc_title":"RB inzake wijziging tijdsbestedingsnormvermindering aantal wethouders - vastgesteld Raad 12102021","dc_type":"bijlage","foi_fairiscoreVersions":{"v1":1,"v2":1},"foi_fileName":"Bijlage%201%20concept%20raadsbesluit%20wijziging%20tijdsbestedingsnormvermindering%20aantal%20wethouders.pdf","foi_nrPages":1},{"dc_format":"application/pdf","dc_identifier":"nl.gm1954.2c.2021.2832509-6.doc.3","dc_source":"https://api1.ibabs.eu/publicdownload.aspx?site=Beekdaelen&id=d03988be-928b-406f-a082-1d406dd53b96","dc_title":"Voorgenomen gewijzigde portefeuilleverdeling college per 1-9-21","dc_type":"bijlage","foi_fairiscoreVersions":{"v1":1,"v2":1},"foi_fileName":"Bijlage%202%20voorgenomen%20gewijzigde%20portefeuilleverdeling%20college%20per%201-9-21.pdf","foi_nrPages":2},{"dc_format":"application/pdf","dc_identifier":"nl.gm1954.2c.2021.2832509-6.doc.4","dc_source":"https://api1.ibabs.eu/publicdownload.aspx?site=Beekdaelen&id=3a1a3c5a-327d-41d6-8411-c617fbd3d8ed","dc_title":"Overzicht tijdsbestedingsnorm collegeleden na accordering raadsvoorstel","dc_type":"bijlage","foi_fairiscoreVersions":{"v1":1,"v2":1},"foi_fileName":"Bijlage%203%20overzicht%20tijdsbestedingsnorm%20collegeleden%20na%20accordering%20raadsvoorstel.pdf","foi_nrPages":1},{"dc_format":"application/pdf","dc_identifier":"nl.gm1954.2c.2021.2832509-6.doc.1","dc_source":"https://api1.ibabs.eu/publicdownload.aspx?site=Beekdaelen&id=3877735a-24dd-425f-974f-08aacb87204a","dc_title":"RV inzake wijziging tijdsbestedingsnorm - vermindering aantal wethouders","dc_type":"bijlage","foi_fairiscoreVersions":{"v1":1,"v2":1},"foi_fileName":"Raadsvoorstel%20inzake%20wijziging%20tijdsbestedingsnorm_vermindering%20aantal%20wethouders.pdf","foi_nrPages":3}],"foi_nrDocuments":4,"foi_nrPagesInDossier":7,"foi_publishedDate":"2021-09-21","foi_retrievedDate":"2025-12-02"},{"dc_creator":"HandelingScraper_v1","dc_date_year":2021,"dc_description":"Vergadering van de Gemeente Beekdaelen op 2021-09-21. Onderdeel: Voorstel inzake verordening Gemeentelijke Ombudscommissie.","dc_identifier":"nl.gm1954.2c.2021.2832509-7","dc_publisher":"gm1954","dc_source":"https://beekdaelen.bestuurlijkeinformatie.nl/Agenda/Index/3ee4ba91-7c09-4da3-a0aa-5ff25d454cd5","dc_title":"Gecombineerde commissie (t/m april 2022) 2021-09-21 - Voorstel inzake verordening Gemeentelijke Ombudscommissie","dc_type":"2c","dc_type_description":"Vergaderstuk decentrale overheid","foi_fairiscoreVersions":{"v1":2,"v2":2},"foi_files":[{"dc_format":"application/pdf","dc_identifier":"nl.gm1954.2c.2021.2832509-7.doc.12","dc_source":"https://api1.ibabs.eu/publicdownload.aspx?site=Beekdaelen&id=1b512d90-c0b6-4614-a502-ef5edbf89c64","dc_title":"Memorie van Antwoord technische voorvragen commissie BL - ombudscommissie","dc_type":"bijlage","foi_fairiscoreVersions":{"v1":1,"v2":1},"foi_fileName":"Memorie%20van%20Antwoord%20technische%20voorvragen%20commissie%20BL%20-%20ombudscommissie.pdf","foi_nrPages":3},{"dc_format":"application/pdf","dc_identifier":"nl.gm1954.2c.2021.2832509-7.doc.10","dc_source":"https://api1.ibabs.eu/publicdownload.aspx?site=Beekdaelen&id=b15fbc41-3390-4f76-ab46-96b114ff9000","dc_title":"Memorie van Antwoord technische voorvragen commissie CDA - ombudscommissie","dc_type":"bijlage","foi_fairiscoreVersions":{"v1":1,"v2":1},"foi_fileName":"Memorie%20van%20Antwoord%20technische%20voorvragen%20commissie%20CDA%20-%20ombudscommissie.pdf","foi_nrPages":2},{"dc_format":"application/pdf","dc_identifier":"nl.gm1954.2c.2021.2832509-7.doc.11","dc_source":"https://api1.ibabs.eu/publicdownload.aspx?site=Beekdaelen&id=1e5524c2-8a37-48b2-8f74-265e9d21fc7f","dc_title":"Memorie van Antwoord technische voorvragen commissie VG - ombudscommissie","dc_type":"bijlage","foi_fairiscoreVersions":{"v1":1,"v2":1},"foi_fileName":"Memorie%20van%20Antwoord%20technische%20voorvragen%20commissie%20VG%20-%20ombudscommissie.pdf","foi_nrPages":1},{"dc_format":"application/pdf","dc_identifier":"nl.gm1954.2c.2021.2832509-7.doc.7","dc_source":"https://api1.ibabs.eu/publicdownload.aspx?site=Beekdaelen&id=59674713-16e1-4362-a76f-3b6563a14105","dc_title":"Bericht Nationale Ombudsman inzake datum instelling ombudscommissie","dc_type":"bijlage","foi_fairiscoreVersions":{"v1":2,"v2":2},"foi_fileName":"Z%2F21%2F155927%20-%20266677.pdf","foi_nrPages":2},{"dc_format":"application/pdf","dc_identifier":"nl.gm1954.2c.2021.2832509-7.doc.9","dc_source":"https://api1.ibabs.eu/publicdownload.aspx?site=Beekdaelen&id=7b8521cd-219e-4a4d-aadd-b08a9b366e32","dc_title":"Awb - klachtrecht","dc_type":"bijlage","foi_fairiscoreVersions":{"v1":1,"v2":1},"foi_fileName":"Z%2F21%2F155927%20-%20266683%20-%20Awb%20-%20klachtrecht.pdf","foi_nrPages":10},{"dc_format":"application/pdf","dc_identifier":"nl.gm1954.2c.2021.2832509-7.doc.8","dc_source":"https://api1.ibabs.eu/publicdownload.aspx?site=Beekdaelen&id=6f2be255-cfba-428e-aa7e-424af1b914c6","dc_title":"Gemeentewet - ombudscommissie","dc_type":"bijlage","foi_fairiscoreVersions":{"v1":1,"v2":1},"foi_fileName":"Z%2F21%2F155927%20-%20266692%20-%20Gemeentewet%20-%20ombudscommissie.pdf","foi_nrPages":4},{"dc_format":"application/pdf","dc_identifier":"nl.gm1954.2c.2021.2832509-7.doc.3","dc_source":"https://api1.ibabs.eu/publicdownload.aspx?site=Beekdaelen&id=e9d74615-6dcc-4c4c-905e-df0f6071a2cd","dc_title":"Verordening Gemeentelijke Ombudscommissie - vastgesteld raad 12102021","dc_type":"bijlage","foi_fairiscoreVersions":{"v1":1,"v2":1},"foi_fileName":"Z%2F21%2F155927%20-%20274235%20-%20Verordening%20Ombudscommissie.pdf","foi_nrPages":2},{"dc_format":"application/pdf","dc_identifier":"nl.gm1954.2c.2021.2832509-7.doc.1","dc_source":"https://api1.ibabs.eu/publicdownload.aspx?site=Beekdaelen&id=0de713b2-3fe9-4237-940c-9d89cb142142","dc_title":"RV inzake Gemeentelijke Ombudscommissie","dc_type":"bijlage","foi_fairiscoreVersions":{"v1":1,"v2":1},"foi_fileName":"Z%2F21%2F155927%20-%20274237%20-%20Gemeentelijke%20ombudscommissie%20raadsvoorstel.pdf","foi_nrPages":4},{"dc_format":"application/pdf","dc_identifier":"nl.gm1954.2c.2021.2832509-7.doc.2","dc_source":"https://api1.ibabs.eu/publicdownload.aspx?site=Beekdaelen&id=b9d87254-2d63-4a72-bd9f-0f87e77ba0cc","dc_title":"RB inzake Gemeentelijke Ombudscommissie","dc_type":"bijlage","foi_fairiscoreVersions":{"v1":1,"v2":1},"foi_fileName":"Z%2F21%2F155927%20-%20274238%20-%20Gemeentelijke%20ombudscommissie%20raadsbesluit.pdf","foi_nrPages":1},{"dc_format":"application/pdf","dc_identifier":"nl.gm1954.2c.2021.2832509-7.doc.4","dc_source":"https://api1.ibabs.eu/publicdownload.aspx?site=Beekdaelen&id=fa2ccfaf-a560-4540-a407-d068f1fa86f6","dc_title":"Benoemingsbesluit Paul Vanderheyden","dc_type":"bijlage","foi_fairiscoreVersions":{"v1":1,"v2":1},"foi_fileName":"Z%2F21%2F155927%20-%20274241%20-%20Verordening%20ombudscommissie%20benoemingsbesluit%20Paul%20Vanderheyden.pdf","foi_nrPages":1},{"dc_format":"application/pdf","dc_identifier":"nl.gm1954.2c.2021.2832509-7.doc.5","dc_source":"https://api1.ibabs.eu/publicdownload.aspx?site=Beekdaelen&id=b18a5392-7881-4655-b6a0-64783cb4a256","dc_title":"Benoemingsbesluit I. Bierma","dc_type":"bijlage","foi_fairiscoreVersions":{"v1":1,"v2":1},"foi_fileName":"Z%2F21%2F155927%20-%20274242%20-%20Benoemingsbesluit%20Ids%20Bierma.pdf","foi_nrPages":1},{"dc_format":"application/pdf","dc_identifier":"nl.gm1954.2c.2021.2832509-7.doc.6","dc_source":"https://api1.ibabs.eu/publicdownload.aspx?site=Beekdaelen&id=9a8e7857-a524-49cf-98f1-f62f01ce7379","dc_title":"Benoemingsbesluit J. Bessems","dc_type":"bijlage","foi_fairiscoreVersions":{"v1":1,"v2":1},"foi_fileName":"Z%2F21%2F155927%20-%20274243%20-%20Benoemingsbesluit%20Jules%20Bessems.pdf","foi_nrPages":1}],"foi_nrDocuments":12,"foi_nrPagesInDossier":32,"foi_publishedDate":"2021-09-21","foi_retrievedDate":"2025-11-29"},{"dc_creator":"HandelingScraper_v1","dc_date_year":2021,"dc_description":"Vergadering van de Gemeente Beekdaelen op 2021-09-21. Onderdeel: Controleprotocol accountantscontrole 2021.","dc_identifier":"nl.gm1954.2c.2021.2832509-8","dc_publisher":"gm1954","dc_source":"https://beekdaelen.bestuurlijkeinformatie.nl/Agenda/Index/3ee4ba91-7c09-4da3-a0aa-5ff25d454cd5","dc_title":"Gecombineerde commissie (t/m april 2022) 2021-09-21 - Controleprotocol accountantscontrole 2021","dc_type":"2c","dc_type_description":"Vergaderstuk decentrale overheid","foi_fairiscoreVersions":{"v1":2,"v2":2},"foi_files":[{"dc_format":"application/pdf","dc_identifier":"nl.gm1954.2c.2021.2832509-8.doc.4","dc_source":"https://api1.ibabs.eu/publicdownload.aspx?site=Beekdaelen&id=f5fab155-3da1-4192-9b0f-d56eea00a287","dc_title":"MvA BL inzake agenda B4 Controleprotocol accountantscontrole 2021","dc_type":"bijlage","foi_fairiscoreVersions":{"v1":1,"v2":1},"foi_fileName":"MvA%20BL%20inzake%20agenda%20B4%20Controleprotocol%20accountantscontrole%202021.pdf","foi_nrPages":1},{"dc_format":"application/pdf","dc_identifier":"nl.gm1954.2c.2021.2832509-8.doc.3","dc_source":"https://api1.ibabs.eu/publicdownload.aspx?site=Beekdaelen&id=827c105c-3321-4090-8308-b5cf0eae88cf","dc_title":"Controleprotocol accountantscontrole 2021","dc_type":"bijlage","foi_fairiscoreVersions":{"v1":2,"v2":2},"foi_fileName":"Z%2F21%2F163072%20-%20275982%20-%20Controleprotocol%20accountantscontrole%202021.pdf","foi_nrPages":13},{"dc_format":"application/pdf","dc_identifier":"nl.gm1954.2c.2021.2832509-8.doc.1","dc_source":"https://api1.ibabs.eu/publicdownload.aspx?site=Beekdaelen&id=04eef57a-a0bb-4b24-8471-da91598c508c","dc_title":"RV inzake Controleprotocol accountantscontrole 2021","dc_type":"bijlage","foi_fairiscoreVersions":{"v1":1,"v2":1},"foi_fileName":"Z%2F21%2F163072%20-%20276299%20-%20Controleprotocol%20accountantscontrole%202021.pdf","foi_nrPages":2},{"dc_format":"application/pdf","dc_identifier":"nl.gm1954.2c.2021.2832509-8.doc.2","dc_source":"https://api1.ibabs.eu/publicdownload.aspx?site=Beekdaelen&id=2e4469a0-492b-48da-b476-9ac0704d6415","dc_title":"RB inzake Controleprotocol accountantscontrole 2021","dc_type":"bijlage","foi_fairiscoreVersions":{"v1":1,"v2":1},"foi_fileName":"Z%2F21%2F163072%20-%20276634%20-%20Controleprotocol%20accountantscontrole%202021.pdf","foi_nrPages":1}],"foi_nrDocuments":4,"foi_nrPagesInDossier":17,"foi_publishedDate":"2021-09-21","foi_retrievedDate":"2025-11-29"},{"dc_creator":"HandelingScraper_v1","dc_date_year":2021,"dc_description":"Vergadering van de Gemeente Beekdaelen op 2021-09-21. Onderdeel: Rondvraag.","dc_identifier":"nl.gm1954.2c.2021.2832509-9","dc_publisher":"gm1954","dc_source":"https://beekdaelen.bestuurlijkeinformatie.nl/Agenda/Index/3ee4ba91-7c09-4da3-a0aa-5ff25d454cd5","dc_title":"Gecombineerde commissie (t/m april 2022) 2021-09-21 - Rondvraag","dc_type":"2c","dc_type_description":"Vergaderstuk decentrale overheid","foi_fairiscoreVersions":{"v1":1,"v2":1},"foi_files":[{"dc_format":"application/pdf","dc_identifier":"nl.gm1954.2c.2021.2832509-9.doc.2","dc_source":"https://api1.ibabs.eu/publicdownload.aspx?site=Beekdaelen&id=aecb3348-9687-4405-9475-d84b0978ec33","dc_title":"Beantwoording aanvullende vragen VVD t.b.v. de rondvraag","dc_type":"bijlage","foi_fairiscoreVersions":{"v1":1,"v2":1},"foi_fileName":"Beantwoording%20aanvullende%20vragen%20VVD%20-%20dhr.%20Daniels%2015-9-2021.pdf","foi_nrPages":3},{"dc_format":"application/pdf","dc_identifier":"nl.gm1954.2c.2021.2832509-9.doc.1","dc_source":"https://api1.ibabs.eu/publicdownload.aspx?site=Beekdaelen&id=63a55f69-5f7f-4007-a1c9-5f42f58078a5","dc_title":"Beantwoording vragen VG t.b.v. rondvraag ruimte - bedrijfsvoering en publieksdiensten","dc_type":"bijlage","foi_fairiscoreVersions":{"v1":1,"v2":1},"foi_fileName":"Rondvraag%20ruimte%20of%20bedrijfsvoering%20en%20publieksdiensten%20ter%20behandeling%20in%20de%20raadscommissie%20van%2021%20september%202021.pdf","foi_nrPages":2}],"foi_nrDocuments":2,"foi_nrPagesInDossier":5,"foi_publishedDate":"2021-09-21","foi_retrievedDate":"2025-11-29"},{"dc_creator":"HandelingScraper_v1","dc_date_year":2021,"dc_description":"Vergadering van de Gemeente Beekdaelen op 2021-09-23. Onderdeel: Vaststellen concept Agenda.","dc_identifier":"nl.gm1954.2c.2021.2832560-1","dc_publisher":"gm1954","dc_source":"https://beekdaelen.bestuurlijkeinformatie.nl/Agenda/Index/24590b61-0d31-4ee3-b2ac-52c19dfe6677","dc_title":"BDN Commissie AWACS Limburg 2021-09-23 - Vaststellen concept Agenda","dc_type":"2c","dc_type_description":"Vergaderstuk decentrale overheid","foi_fairiscoreVersions":{"v1":1,"v2":1},"foi_files":[{"dc_format":"application/pdf","dc_identifier":"nl.gm1954.2c.2021.2832560-1.doc.1","dc_source":"https://api1.ibabs.eu/publicdownload.aspx?site=Beekdaelen&id=b2c21e9f-5e97-4c92-b3c5-4c58169106e6","dc_title":"023-CAL-AWACS-2021-016-concept-agenda 23-09-21.pdf","dc_type":"bijlage","foi_fairiscoreVersions":{"v1":1,"v2":1},"foi_fileName":"023-CAL-AWACS-2021-016-concept-agenda%2023-09-21.pdf","foi_nrPages":2}],"foi_nrDocuments":1,"foi_nrPagesInDossier":2,"foi_publishedDate":"2021-09-23","foi_retrievedDate":"2025-11-29"},{"dc_creator":"HandelingScraper_v1","dc_date_year":2021,"dc_description":"Vergadering van de Gemeente Beekdaelen op 2021-09-23. Onderdeel: Vaststellen concept verslag d.d. 24-06-2021.","dc_identifier":"nl.gm1954.2c.2021.2832560-2","dc_publisher":"gm1954","dc_source":"https://beekdaelen.bestuurlijkeinformatie.nl/Agenda/Index/24590b61-0d31-4ee3-b2ac-52c19dfe6677","dc_title":"BDN Commissie AWACS Limburg 2021-09-23 - Vaststellen concept verslag d.d. 24-06-2021","dc_type":"2c","dc_type_description":"Vergaderstuk decentrale overheid","foi_fairiscoreVersions":{"v1":1,"v2":1},"foi_files":[{"dc_format":"application/pdf","dc_identifier":"nl.gm1954.2c.2021.2832560-2.doc.1","dc_source":"https://api1.ibabs.eu/publicdownload.aspx?site=Beekdaelen&id=bf04c739-6626-4cae-8989-e9dcd51c8cf9","dc_title":"024-CAL-AWACS - concept-verslag CAL 24-06-2021.pdf","dc_type":"bijlage","foi_fairiscoreVersions":{"v1":1,"v2":1},"foi_fileName":"024-CAL-AWACS%20-%20concept-verslag%20CAL%2024-06-2021.pdf","foi_nrPages":7},{"dc_format":"application/pdf","dc_identifier":"nl.gm1954.2c.2021.2832560-2.doc.2","dc_source":"https://api1.ibabs.eu/publicdownload.aspx?site=Beekdaelen&id=37021e84-7c28-4508-8ded-eeeab1dd95a1","dc_title":"025-CAL-AWACS-2021-factsheet luchtruimherziening.pdf","dc_type":"bijlage","foi_fairiscoreVersions":{"v1":1,"v2":1},"foi_fileName":"025-CAL-AWACS-2021-factsheet%20luchtruimherziening.pdf","foi_nrPages":2},{"dc_format":"application/pdf","dc_identifier":"nl.gm1954.2c.2021.2832560-2.doc.3","dc_source":"https://api1.ibabs.eu/publicdownload.aspx?site=Beekdaelen&id=4efdae48-4dd5-471b-a925-029f6a7928dc","dc_title":"026-CAL-AWACS-2021-Kamerbrief stand van zaken onderzoek Schiphol ultrafijnstof.pdf","dc_type":"bijlage","foi_fairiscoreVersions":{"v1":1,"v2":1},"foi_fileName":"026-CAL-AWACS-2021-Kamerbrief%20stand%20van%20zaken%20onderzoek%20Schiphol%20ultrafijnstof.pdf","foi_nrPages":10}],"foi_nrDocuments":3,"foi_nrPagesInDossier":19,"foi_publishedDate":"2021-09-23","foi_retrievedDate":"2025-11-29"},{"dc_creator":"HandelingScraper_v1","dc_date_year":2021,"dc_description":"Vergadering van de Gemeente Beekdaelen op 2021-09-23. Onderdeel: Gesprek overgang ke lden.","dc_identifier":"nl.gm1954.2c.2021.2832560-3","dc_publisher":"gm1954","dc_source":"https://beekdaelen.bestuurlijkeinformatie.nl/Agenda/Index/24590b61-0d31-4ee3-b2ac-52c19dfe6677","dc_title":"BDN Commissie AWACS Limburg 2021-09-23 - Gesprek overgang ke lden","dc_type":"2c","dc_type_description":"Vergaderstuk decentrale overheid","foi_fairiscoreVersions":{"v1":2,"v2":2},"foi_files":[{"dc_format":"application/pdf","dc_identifier":"nl.gm1954.2c.2021.2832560-3.doc.1","dc_source":"https://api1.ibabs.eu/publicdownload.aspx?site=Beekdaelen&id=476cdf78-1c08-4630-b817-0a9d9663d6f9","dc_title":"027-CAL-AWACS-2021-overgang Ke Lden.pdf","dc_type":"bijlage","foi_fairiscoreVersions":{"v1":2,"v2":2},"foi_fileName":"027-CAL-AWACS-2021-overgang%20Ke%20Lden.pdf","foi_nrPages":3}],"foi_nrDocuments":1,"foi_nrPagesInDossier":3,"foi_publishedDate":"2021-09-23","foi_retrievedDate":"2025-11-29"},{"dc_creator":"HandelingScraper_v1","dc_date_year":2021,"dc_description":"Vergadering van de Gemeente Beekdaelen op 2021-09-23. Onderdeel: Voorstel aanpassing RVO CAL AWACS d.d. 8-10-1990.","dc_identifier":"nl.gm1954.2c.2021.2832560-4","dc_publisher":"gm1954","dc_source":"https://beekdaelen.bestuurlijkeinformatie.nl/Agenda/Index/24590b61-0d31-4ee3-b2ac-52c19dfe6677","dc_title":"BDN Commissie AWACS Limburg 2021-09-23 - Voorstel aanpassing RVO CAL AWACS d.d. 8-10-1990","dc_type":"2c","dc_type_description":"Vergaderstuk decentrale overheid","foi_fairiscoreVersions":{"v1":5,"v2":5},"foi_files":[{"dc_format":"application/pdf","dc_identifier":"nl.gm1954.2c.2021.2832560-4.doc.1","dc_source":"https://api1.ibabs.eu/publicdownload.aspx?site=Beekdaelen&id=9ee7e533-c1d5-49e1-87fd-f9bd38826662","dc_title":"028-CAL-AWACS-2021 aanpassing Reglement van Orde CAL.pdf","dc_type":"bijlage","foi_fairiscoreVersions":{"v1":5,"v2":5},"foi_fileName":"028-CAL-AWACS-2021%20aanpassing%20Reglement%20van%20Orde%20CAL.pdf","foi_nrPages":11}],"foi_nrDocuments":1,"foi_nrPagesInDossier":11,"foi_publishedDate":"2021-09-23","foi_retrievedDate":"2025-11-29"},{"dc_creator":"HandelingScraper_v1","dc_date_year":2021,"dc_description":"Vergadering van de Gemeente Beekdaelen op 2021-09-23. Onderdeel: Stichting Klachtentelefoon Zuid-Limburg.","dc_identifier":"nl.gm1954.2c.2021.2832560-5","dc_publisher":"gm1954","dc_source":"https://beekdaelen.bestuurlijkeinformatie.nl/Agenda/Index/24590b61-0d31-4ee3-b2ac-52c19dfe6677","dc_title":"BDN Commissie AWACS Limburg 2021-09-23 - Stichting Klachtentelefoon Zuid-Limburg","dc_type":"2c","dc_type_description":"Vergaderstuk decentrale overheid","foi_fairiscoreVersions":{"v1":2,"v2":1},"foi_files":[{"dc_format":"application/pdf","dc_identifier":"nl.gm1954.2c.2021.2832560-5.doc.1","dc_source":"https://api1.ibabs.eu/publicdownload.aspx?site=Beekdaelen&id=6684ab89-b773-4dd4-ab9d-0039761fb510","dc_title":"Bijlage A: 029-CAL-AWACS-2021-Overzicht klachten 2e kwartaal 2021.pdf","dc_type":"bijlage","foi_fairiscoreVersions":{"v1":1,"v2":1},"foi_fileName":"029-CAL-AWACS-2021-Overzicht%20klachten%202e%20kwartaal%202021.pdf","foi_nrPages":19},{"dc_format":"application/pdf","dc_identifier":"nl.gm1954.2c.2021.2832560-5.doc.2","dc_source":"https://api1.ibabs.eu/publicdownload.aspx?site=Beekdaelen&id=88de802d-9669-4ece-8b6d-2d81e097a033","dc_title":"Bijlage B: 030-CAL-AWACS-2021 2e kwartaal Vliegbewegingen boven de woonbebouwing van Schinveld en of Brunssum.pdf","dc_type":"bijlage","foi_fairiscoreVersions":{"v1":2,"v2":1},"foi_fileName":"030-CAL-AWACS-2021%202e%20kwartaal%20Vliegbewegingen%20boven%20de%20woonbebouwing%20van%20Schinveld%20en%20of%20Brunssum.pdf","foi_nrPages":8}],"foi_nrDocuments":2,"foi_nrPagesInDossier":27,"foi_publishedDate":"2021-09-23","foi_retrievedDate":"2025-11-29"},{"dc_creator":"HandelingScraper_v1","dc_date_year":2021,"dc_description":"Vergadering van de Gemeente Beekdaelen op 2021-10-12. Onderdeel: Opening.","dc_identifier":"nl.gm1954.2c.2021.2832575-1","dc_publisher":"gm1954","dc_source":"https://beekdaelen.bestuurlijkeinformatie.nl/Agenda/Index/ced2d4ce-814f-41ed-a321-f50538617c92","dc_title":"Raadsvergadering 2021-10-12 - Opening","dc_type":"2c","dc_type_description":"Vergaderstuk decentrale overheid","foi_fairiscoreVersions":{"v1":1,"v2":1},"foi_files":[{"dc_format":"application/pdf","dc_identifier":"nl.gm1954.2c.2021.2832575-1.doc.1","dc_source":"https://api1.ibabs.eu/publicdownload.aspx?site=Beekdaelen&id=c91cd76a-0776-47fe-91cd-ea5c73f20bc7","dc_title":"Uitnodiging en concept agenda raadsvergadering 12 oktober 2021","dc_type":"bijlage","foi_fairiscoreVersions":{"v1":1,"v2":1},"foi_fileName":"Uitnodiging%20en%20concept%20agenda%20raadsvergadering%2012%20oktober%202021.pdf","foi_nrPages":2}],"foi_nrDocuments":1,"foi_nrPagesInDossier":2,"foi_publishedDate":"2021-10-12","foi_retrievedDate":"2025-11-29"},{"dc_creator":"HandelingScraper_v1","dc_date_year":2021,"dc_description":"Vergadering van de Gemeente Beekdaelen op 2021-10-12. Onderdeel: Interpellatiedebat D66 inzake sluiten dienstverlening Schinnen en Schinveld incl. motie.","dc_identifier":"nl.gm1954.2c.2021.2832575-10","dc_publisher":"gm1954","dc_source":"https://beekdaelen.bestuurlijkeinformatie.nl/Agenda/Index/ced2d4ce-814f-41ed-a321-f50538617c92","dc_title":"Raadsvergadering 2021-10-12 - Interpellatiedebat D66 inzake sluiten dienstverlening Schinnen en Schinveld incl. motie","dc_type":"2c","dc_type_description":"Vergaderstuk decentrale overheid","foi_fairiscoreVersions":{"v1":1,"v2":1},"foi_files":[{"dc_format":"application/pdf","dc_identifier":"nl.gm1954.2c.2021.2832575-10.doc.3","dc_source":"https://api1.ibabs.eu/publicdownload.aspx?site=Beekdaelen&id=d1211bb8-bacb-41cf-9334-54d17c982340","dc_title":"Motie VVD inzake dienstbare servicebalies INGETROKKEN","dc_type":"bijlage","foi_fairiscoreVersions":{"v1":1,"v2":1},"foi_fileName":"20211011%20-%20Motie%20VVD%20inzake%20dienstbare%20servicebalies.pdf","foi_nrPages":2},{"dc_format":"application/pdf","dc_identifier":"nl.gm1954.2c.2021.2832575-10.doc.2","dc_source":"https://api1.ibabs.eu/publicdownload.aspx?site=Beekdaelen&id=859aaa7a-7bf1-47ff-aa4a-9b22c861b477","dc_title":"Gezamenlijke motie inzake fysieke dienstverlening UNANIEM AANGENOMEN","dc_type":"bijlage","foi_fairiscoreVersions":{"v1":1,"v2":1},"foi_fileName":"Gezamenlijke%20motie%20inzake%20fysieke%20dienstverlening%20UNANIEM%20AANGENOMEN.pdf","foi_nrPages":1},{"dc_format":"application/pdf","dc_identifier":"nl.gm1954.2c.2021.2832575-10.doc.1","dc_source":"https://api1.ibabs.eu/publicdownload.aspx?site=Beekdaelen&id=c2f0767c-c59a-4aec-b75c-782302bbc3da","dc_title":"Interpellatiedebat wethouder Quadvlieg sluiten dienstverlening in Schinnen en Schinveld","dc_type":"bijlage","foi_fairiscoreVersions":{"v1":1,"v2":1},"foi_fileName":"interpellatiedebat%20wethouder%20Quadvlieg%20sluiten%20dienstverlening%20in%20Schinnen%20en%20Schinveld.pdf","foi_nrPages":3},{"dc_format":"application/pdf","dc_identifier":"nl.gm1954.2c.2021.2832575-10.doc.4","dc_source":"https://api1.ibabs.eu/publicdownload.aspx?site=Beekdaelen&id=4430a9e0-efdd-4385-9752-e3b7a374d680","dc_title":"Motie GL, VG en PvdA inzake fysieke dienstverlening INGETROKKEN","dc_type":"bijlage","foi_fairiscoreVersions":{"v1":1,"v2":1},"foi_fileName":"Motie%20GL_%20VG%20en%20PvdA%20inzake%20fysieke%20dienstverlening.pdf","foi_nrPages":1}],"foi_nrDocuments":4,"foi_nrPagesInDossier":7,"foi_publishedDate":"2021-10-12","foi_retrievedDate":"2025-12-05"},{"dc_creator":"HandelingScraper_v1","dc_date_year":2021,"dc_description":"Vergadering van de Gemeente Beekdaelen op 2021-10-12. Onderdeel: Gezamenlijke motie inzake fysieke dienstverlening.","dc_identifier":"nl.gm1954.2c.2021.2832575-11","dc_publisher":"gm1954","dc_source":"https://beekdaelen.bestuurlijkeinformatie.nl/Agenda/Index/ced2d4ce-814f-41ed-a321-f50538617c92","dc_title":"Raadsvergadering 2021-10-12 - Gezamenlijke motie inzake fysieke dienstverlening","dc_type":"2c","dc_type_description":"Vergaderstuk decentrale overheid","foi_fairiscoreVersions":{"v1":1,"v2":1},"foi_files":[{"dc_format":"application/pdf","dc_identifier":"nl.gm1954.2c.2021.2832575-11.doc.1","dc_source":"https://api1.ibabs.eu/publicdownload.aspx?site=Beekdaelen&id=415e03bd-ee39-456e-b3da-e873a0b3b61b","dc_title":"Gezamenlijke motie inzake fysieke dienstverlening UNANIEM AANGENOMEN","dc_type":"bijlage","foi_fairiscoreVersions":{"v1":1,"v2":1},"foi_fileName":"Gezamenlijke%20motie%20inzake%20fysieke%20dienstverlening%20UNANIEM%20AANGENOMEN.pdf","foi_nrPages":1}],"foi_nrDocuments":1,"foi_nrPagesInDossier":1,"foi_publishedDate":"2021-10-12","foi_retrievedDate":"2026-02-05"},{"dc_creator":"HandelingScraper_v1","dc_date_year":2021,"dc_description":"Vergadering van de Gemeente Beekdaelen op 2021-10-12. Onderdeel: Motie BL inzake project 'Haven\".","dc_identifier":"nl.gm1954.2c.2021.2832575-12","dc_publisher":"gm1954","dc_source":"https://beekdaelen.bestuurlijkeinformatie.nl/Agenda/Index/ced2d4ce-814f-41ed-a321-f50538617c92","dc_title":"Raadsvergadering 2021-10-12 - Motie BL inzake project 'Haven\"","dc_type":"2c","dc_type_description":"Vergaderstuk decentrale overheid","foi_fairiscoreVersions":{"v1":1,"v2":1},"foi_files":[{"dc_format":"application/pdf","dc_identifier":"nl.gm1954.2c.2021.2832575-12.doc.1","dc_source":"https://api1.ibabs.eu/publicdownload.aspx?site=Beekdaelen&id=bcea7e97-9c46-4258-9fdb-d3ad92cf6148","dc_title":"Motie Beekdaelen Lokaal inzake Haven UNANIEM AANGENOMEN","dc_type":"bijlage","foi_fairiscoreVersions":{"v1":1,"v2":1},"foi_fileName":"Motie%20Beekdaelen%20Lokaal%20inzake%20Haven%20UNANIEM%20AANGENOMEN.pdf","foi_nrPages":1}],"foi_nrDocuments":1,"foi_nrPagesInDossier":1,"foi_publishedDate":"2021-10-12","foi_retrievedDate":"2025-12-29"},{"dc_creator":"HandelingScraper_v1","dc_date_year":2021,"dc_description":"Vergadering van de Gemeente Beekdaelen op 2021-10-12. Onderdeel: Motie VVD, PvdA en CDA inzake starterswoningen op voormalige legerbasis.","dc_identifier":"nl.gm1954.2c.2021.2832575-13","dc_publisher":"gm1954","dc_source":"https://beekdaelen.bestuurlijkeinformatie.nl/Agenda/Index/ced2d4ce-814f-41ed-a321-f50538617c92","dc_title":"Raadsvergadering 2021-10-12 - Motie VVD, PvdA en CDA inzake starterswoningen op voormalige legerbasis","dc_type":"2c","dc_type_description":"Vergaderstuk decentrale overheid","foi_fairiscoreVersions":{"v1":1,"v2":1},"foi_files":[{"dc_format":"application/pdf","dc_identifier":"nl.gm1954.2c.2021.2832575-13.doc.1","dc_source":"https://api1.ibabs.eu/publicdownload.aspx?site=Beekdaelen&id=0b7354a9-d2be-48d1-b434-4df0b186fe4d","dc_title":"Motie VVD, PvdA en CDA inzake starterswoningen op voormalige legerbasis AANGEHOUDEN","dc_type":"bijlage","foi_fairiscoreVersions":{"v1":1,"v2":1},"foi_fileName":"Motie%20VVD_%20PvdA%20en%20CDA%20inzake%20starterswoningen%20op%20voormalige%20legerbasis%20AANGEHOUDEN.pdf","foi_nrPages":2}],"foi_nrDocuments":1,"foi_nrPagesInDossier":2,"foi_publishedDate":"2021-10-12","foi_retrievedDate":"2026-03-05"},{"dc_creator":"HandelingScraper_v1","dc_date_year":2021,"dc_description":"Vergadering van de Gemeente Beekdaelen op 2021-10-12. Onderdeel: Vaststelling van de agenda.","dc_identifier":"nl.gm1954.2c.2021.2832575-2","dc_publisher":"gm1954","dc_source":"https://beekdaelen.bestuurlijkeinformatie.nl/Agenda/Index/ced2d4ce-814f-41ed-a321-f50538617c92","dc_title":"Raadsvergadering 2021-10-12 - Vaststelling van de agenda","dc_type":"2c","dc_type_description":"Vergaderstuk decentrale overheid","foi_fairiscoreVersions":{"v1":1,"v2":1},"foi_files":[{"dc_format":"application/pdf","dc_identifier":"nl.gm1954.2c.2021.2832575-2.doc.1","dc_source":"https://api1.ibabs.eu/publicdownload.aspx?site=Beekdaelen&id=9ce52001-76ad-4619-8cac-ae7361469748","dc_title":"Vastgestelde agenda raadsvergadering 12102021","dc_type":"bijlage","foi_fairiscoreVersions":{"v1":1,"v2":1},"foi_fileName":"Vastgestelde%20agenda%20raadsvergadering%2012102021.pdf","foi_nrPages":1}],"foi_nrDocuments":1,"foi_nrPagesInDossier":1,"foi_publishedDate":"2021-10-12","foi_retrievedDate":"2026-02-05"},{"dc_creator":"HandelingScraper_v1","dc_date_year":2021,"dc_description":"Vergadering van de Gemeente Beekdaelen op 2021-10-12. Onderdeel: Vaststellen besluitenlijsten openbare raadsvergaderingen d.d. 13 juli en 13 september 2021.","dc_identifier":"nl.gm1954.2c.2021.2832575-3","dc_publisher":"gm1954","dc_source":"https://beekdaelen.bestuurlijkeinformatie.nl/Agenda/Index/ced2d4ce-814f-41ed-a321-f50538617c92","dc_title":"Raadsvergadering 2021-10-12 - Vaststellen besluitenlijsten openbare raadsvergaderingen d.d. 13 juli en 13 september 2021","dc_type":"2c","dc_type_description":"Vergaderstuk decentrale overheid","foi_fairiscoreVersions":{"v1":2,"v2":1},"foi_files":[{"dc_format":"application/pdf","dc_identifier":"nl.gm1954.2c.2021.2832575-3.doc.1","dc_source":"https://api1.ibabs.eu/publicdownload.aspx?site=Beekdaelen&id=b1d4503b-8917-4642-9a64-32c63d15801e","dc_title":"Besluitenlijst raadsvergadering 13 juli 2021 - vastgesteld Raad 12102021","dc_type":"bijlage","foi_fairiscoreVersions":{"v1":1,"v2":1},"foi_fileName":"Besluitenlijst%20raadsvergadering%2013%20juli%202021.pdf","foi_nrPages":17},{"dc_format":"application/pdf","dc_identifier":"nl.gm1954.2c.2021.2832575-3.doc.2","dc_source":"https://api1.ibabs.eu/publicdownload.aspx?site=Beekdaelen&id=2625ed4c-af18-43f2-8f5a-ebf74295ea0b","dc_title":"Besluitenlijst raadsvergadering 13 september 2021 - vastgesteld Raad 12102021","dc_type":"bijlage","foi_fairiscoreVersions":{"v1":2,"v2":1},"foi_fileName":"Besluitenlijst%20raadsvergadering%2013%20september%202021.pdf","foi_nrPages":2}],"foi_nrDocuments":2,"foi_nrPagesInDossier":19,"foi_publishedDate":"2021-10-12","foi_retrievedDate":"2026-03-02"},{"dc_creator":"HandelingScraper_v1","dc_date_year":2021,"dc_description":"Vergadering van de Gemeente Beekdaelen op 2021-10-12. Onderdeel: Raadsvoorstel inzake Toetreding Euregio Rhein Maas Nord.","dc_identifier":"nl.gm1954.2c.2021.2832575-4","dc_publisher":"gm1954","dc_source":"https://beekdaelen.bestuurlijkeinformatie.nl/Agenda/Index/ced2d4ce-814f-41ed-a321-f50538617c92","dc_title":"Raadsvergadering 2021-10-12 - Raadsvoorstel inzake Toetreding Euregio Rhein Maas Nord","dc_type":"2c","dc_type_description":"Vergaderstuk decentrale overheid","foi_fairiscoreVersions":{"v1":2,"v2":1},"foi_files":[{"dc_format":"application/pdf","dc_identifier":"nl.gm1954.2c.2021.2832575-4.doc.1","dc_source":"https://api1.ibabs.eu/publicdownload.aspx?site=Beekdaelen&id=65e363cd-c1b8-4ae5-994b-004168527219","dc_title":"RV inzake toetreding Euregio Rhein Maas Nord","dc_type":"bijlage","foi_fairiscoreVersions":{"v1":2,"v2":1},"foi_fileName":"Z%2F21%2F162012%20-%20274440%20-%20lidmaatschap%20ERM%20Nord.pdf","foi_nrPages":5},{"dc_format":"application/pdf","dc_identifier":"nl.gm1954.2c.2021.2832575-4.doc.2","dc_source":"https://api1.ibabs.eu/publicdownload.aspx?site=Beekdaelen&id=dd63f10f-82ea-4f85-bd89-06f7e678029b","dc_title":"RB inzake toetreding Euregio Rhein Maas Nord - vastgesteld Raad 12102021","dc_type":"bijlage","foi_fairiscoreVersions":{"v1":1,"v2":1},"foi_fileName":"Z%2F21%2F162012%20-%20274459%20-%20lidmaatschap%20ERM%20Nord.pdf","foi_nrPages":2},{"dc_format":"application/pdf","dc_identifier":"nl.gm1954.2c.2021.2832575-4.doc.4","dc_source":"https://api1.ibabs.eu/publicdownload.aspx?site=Beekdaelen&id=413c41d9-0710-4b5e-9ff5-04d615cd0010","dc_title":"Statuten Euregio RMN","dc_type":"bijlage","foi_fairiscoreVersions":{"v1":1,"v2":1},"foi_fileName":"Z%2F21%2F162012%20-%20274461%20-.pdf","foi_nrPages":12},{"dc_format":"application/pdf","dc_identifier":"nl.gm1954.2c.2021.2832575-4.doc.3","dc_source":"https://api1.ibabs.eu/publicdownload.aspx?site=Beekdaelen&id=f87c30bf-fbc9-400d-9a92-f1ecd6fe6a44","dc_title":"Motiveringsbrief Euregio RMN - Verzoek tot lidmaatschap aan Euregio Rhein-Maas-Nord","dc_type":"bijlage","foi_fairiscoreVersions":{"v1":1,"v2":1},"foi_fileName":"Z%2F21%2F162012%20-%20274462%20-%20Verzoek%20tot%20lidmaatschap%20aan%20Euregio%20Rhein-Maas-Nord.pdf","foi_nrPages":2}],"foi_nrDocuments":4,"foi_nrPagesInDossier":21,"foi_publishedDate":"2021-10-12","foi_retrievedDate":"2026-02-05"},{"dc_creator":"HandelingScraper_v1","dc_date_year":2021,"dc_description":"Vergadering van de Gemeente Beekdaelen op 2021-10-12. Onderdeel: Raadsvoorstel inzake Controleprotocol accountantscontrole 2021.","dc_identifier":"nl.gm1954.2c.2021.2832575-5","dc_publisher":"gm1954","dc_source":"https://beekdaelen.bestuurlijkeinformatie.nl/Agenda/Index/ced2d4ce-814f-41ed-a321-f50538617c92","dc_title":"Raadsvergadering 2021-10-12 - Raadsvoorstel inzake Controleprotocol accountantscontrole 2021","dc_type":"2c","dc_type_description":"Vergaderstuk decentrale overheid","foi_fairiscoreVersions":{"v1":2,"v2":2},"foi_files":[{"dc_format":"application/pdf","dc_identifier":"nl.gm1954.2c.2021.2832575-5.doc.3","dc_source":"https://api1.ibabs.eu/publicdownload.aspx?site=Beekdaelen&id=827c105c-3321-4090-8308-b5cf0eae88cf","dc_title":"Controleprotocol accountantscontrole 2021","dc_type":"bijlage","foi_fairiscoreVersions":{"v1":2,"v2":2},"foi_fileName":"Z%2F21%2F163072%20-%20275982%20-%20Controleprotocol%20accountantscontrole%202021.pdf","foi_nrPages":13},{"dc_format":"application/pdf","dc_identifier":"nl.gm1954.2c.2021.2832575-5.doc.1","dc_source":"https://api1.ibabs.eu/publicdownload.aspx?site=Beekdaelen&id=51993af6-be5f-46a4-94c9-29f4e9397fdf","dc_title":"Raadsvoorstel Controleprotocol accountantscontrole 2021","dc_type":"bijlage","foi_fairiscoreVersions":{"v1":1,"v2":1},"foi_fileName":"Z%2F21%2F163072%20-%20276299%20-%20Controleprotocol%20accountantscontrole%202021.pdf","foi_nrPages":2},{"dc_format":"application/pdf","dc_identifier":"nl.gm1954.2c.2021.2832575-5.doc.2","dc_source":"https://api1.ibabs.eu/publicdownload.aspx?site=Beekdaelen&id=868622a0-499d-4bde-99a7-a39131131627","dc_title":"Raadsbesluit Controleprotocol accountantscontrole 2021- vastgesteld Raad 12102021","dc_type":"bijlage","foi_fairiscoreVersions":{"v1":1,"v2":1},"foi_fileName":"Z%2F21%2F163072%20-%20276634%20-%20Controleprotocol%20accountantscontrole%202021.pdf","foi_nrPages":1}],"foi_nrDocuments":3,"foi_nrPagesInDossier":16,"foi_publishedDate":"2021-10-12","foi_retrievedDate":"2026-03-05"},{"dc_creator":"HandelingScraper_v1","dc_date_year":2021,"dc_description":"Vergadering van de Gemeente Beekdaelen op 2021-10-12. Onderdeel: Voorstel inzake wijziging tijdsbestedingsnorm/vermindering aantal wethouders.","dc_identifier":"nl.gm1954.2c.2021.2832575-6","dc_publisher":"gm1954","dc_source":"https://beekdaelen.bestuurlijkeinformatie.nl/Agenda/Index/ced2d4ce-814f-41ed-a321-f50538617c92","dc_title":"Raadsvergadering 2021-10-12 - Voorstel inzake wijziging tijdsbestedingsnorm/vermindering aantal wethouders","dc_type":"2c","dc_type_description":"Vergaderstuk decentrale overheid","foi_fairiscoreVersions":{"v1":1,"v2":1},"foi_files":[{"dc_format":"application/pdf","dc_identifier":"nl.gm1954.2c.2021.2832575-6.doc.2","dc_source":"https://api1.ibabs.eu/publicdownload.aspx?site=Beekdaelen&id=b84ac4f5-0096-47ba-837d-7d75202f749b","dc_title":"RB inzake wijziging tijdsbestedingsnormvermindering aantal wethouders - vastgesteld Raad 12102021","dc_type":"bijlage","foi_fairiscoreVersions":{"v1":1,"v2":1},"foi_fileName":"Bijlage%201%20concept%20raadsbesluit%20wijziging%20tijdsbestedingsnormvermindering%20aantal%20wethouders.pdf","foi_nrPages":1},{"dc_format":"application/pdf","dc_identifier":"nl.gm1954.2c.2021.2832575-6.doc.3","dc_source":"https://api1.ibabs.eu/publicdownload.aspx?site=Beekdaelen&id=d03988be-928b-406f-a082-1d406dd53b96","dc_title":"Voorgenomen gewijzigde portefeuilleverdeling college per 1-9-21","dc_type":"bijlage","foi_fairiscoreVersions":{"v1":1,"v2":1},"foi_fileName":"Bijlage%202%20voorgenomen%20gewijzigde%20portefeuilleverdeling%20college%20per%201-9-21.pdf","foi_nrPages":2},{"dc_format":"application/pdf","dc_identifier":"nl.gm1954.2c.2021.2832575-6.doc.4","dc_source":"https://api1.ibabs.eu/publicdownload.aspx?site=Beekdaelen&id=3a1a3c5a-327d-41d6-8411-c617fbd3d8ed","dc_title":"Overzicht tijdsbestedingsnorm collegeleden na accordering raadsvoorstel","dc_type":"bijlage","foi_fairiscoreVersions":{"v1":1,"v2":1},"foi_fileName":"Bijlage%203%20overzicht%20tijdsbestedingsnorm%20collegeleden%20na%20accordering%20raadsvoorstel.pdf","foi_nrPages":1},{"dc_format":"application/pdf","dc_identifier":"nl.gm1954.2c.2021.2832575-6.doc.1","dc_source":"https://api1.ibabs.eu/publicdownload.aspx?site=Beekdaelen&id=3877735a-24dd-425f-974f-08aacb87204a","dc_title":"RV inzake wijziging tijdsbestedingsnorm - vermindering aantal wethouders","dc_type":"bijlage","foi_fairiscoreVersions":{"v1":1,"v2":1},"foi_fileName":"Raadsvoorstel%20inzake%20wijziging%20tijdsbestedingsnorm_vermindering%20aantal%20wethouders.pdf","foi_nrPages":3}],"foi_nrDocuments":4,"foi_nrPagesInDossier":7,"foi_publishedDate":"2021-10-12","foi_retrievedDate":"2026-02-05"},{"dc_creator":"HandelingScraper_v1","dc_date_year":2021,"dc_description":"Vergadering van de Gemeente Beekdaelen op 2021-10-12. Onderdeel: Raadsvoorstel inzake Verordening gemeentelijke ombudscommissie.","dc_identifier":"nl.gm1954.2c.2021.2832575-7","dc_publisher":"gm1954","dc_source":"https://beekdaelen.bestuurlijkeinformatie.nl/Agenda/Index/ced2d4ce-814f-41ed-a321-f50538617c92","dc_title":"Raadsvergadering 2021-10-12 - Raadsvoorstel inzake Verordening gemeentelijke ombudscommissie","dc_type":"2c","dc_type_description":"Vergaderstuk decentrale overheid","foi_fairiscoreVersions":{"v1":2,"v2":2},"foi_files":[{"dc_format":"application/pdf","dc_identifier":"nl.gm1954.2c.2021.2832575-7.doc.2","dc_source":"https://api1.ibabs.eu/publicdownload.aspx?site=Beekdaelen&id=0717da68-887c-42ed-839d-9724619b87a4","dc_title":"Amendement CDA inzake klachten AANGENOMEN","dc_type":"bijlage","foi_fairiscoreVersions":{"v1":1,"v2":1},"foi_fileName":"Amendement%20CDA%20inzake%20klachten%20AANGENOMEN.pdf","foi_nrPages":2},{"dc_format":"application/pdf","dc_identifier":"nl.gm1954.2c.2021.2832575-7.doc.3","dc_source":"https://api1.ibabs.eu/publicdownload.aspx?site=Beekdaelen&id=b9f8f63e-3f16-4027-be7b-a83d278d04bc","dc_title":"RB inzake Gemeentelijke Ombudscommissie GEAMENDEERD - vastgesteld raad 12102021","dc_type":"bijlage","foi_fairiscoreVersions":{"v1":1,"v2":1},"foi_fileName":"RB%20inzake%20Gemeentelijke%20Ombudscommissie%20GEAMENDEERD.pdf","foi_nrPages":1},{"dc_format":"application/pdf","dc_identifier":"nl.gm1954.2c.2021.2832575-7.doc.4","dc_source":"https://api1.ibabs.eu/publicdownload.aspx?site=Beekdaelen&id=274298df-259f-4798-ba97-fd7913c3d9c6","dc_title":"Richtlijn klachtbehandeling (3) na verwerking amendement","dc_type":"bijlage","foi_fairiscoreVersions":{"v1":1,"v2":1},"foi_fileName":"richtlijn%20klachtbehandeling%20%283%29%20na%20verwerking%20amendement.pdf","foi_nrPages":4},{"dc_format":"application/pdf","dc_identifier":"nl.gm1954.2c.2021.2832575-7.doc.9","dc_source":"https://api1.ibabs.eu/publicdownload.aspx?site=Beekdaelen&id=59674713-16e1-4362-a76f-3b6563a14105","dc_title":"Bericht Nationale Ombudsman inzake datum instelling ombudscommissie","dc_type":"bijlage","foi_fairiscoreVersions":{"v1":2,"v2":2},"foi_fileName":"Z%2F21%2F155927%20-%20266677.pdf","foi_nrPages":2},{"dc_format":"application/pdf","dc_identifier":"nl.gm1954.2c.2021.2832575-7.doc.11","dc_source":"https://api1.ibabs.eu/publicdownload.aspx?site=Beekdaelen&id=7b8521cd-219e-4a4d-aadd-b08a9b366e32","dc_title":"Awb - klachtrecht","dc_type":"bijlage","foi_fairiscoreVersions":{"v1":1,"v2":1},"foi_fileName":"Z%2F21%2F155927%20-%20266683%20-%20Awb%20-%20klachtrecht.pdf","foi_nrPages":10},{"dc_format":"application/pdf","dc_identifier":"nl.gm1954.2c.2021.2832575-7.doc.10","dc_source":"https://api1.ibabs.eu/publicdownload.aspx?site=Beekdaelen&id=6f2be255-cfba-428e-aa7e-424af1b914c6","dc_title":"Gemeentewet - ombudscommissie","dc_type":"bijlage","foi_fairiscoreVersions":{"v1":1,"v2":1},"foi_fileName":"Z%2F21%2F155927%20-%20266692%20-%20Gemeentewet%20-%20ombudscommissie.pdf","foi_nrPages":4},{"dc_format":"application/pdf","dc_identifier":"nl.gm1954.2c.2021.2832575-7.doc.5","dc_source":"https://api1.ibabs.eu/publicdownload.aspx?site=Beekdaelen&id=e9d74615-6dcc-4c4c-905e-df0f6071a2cd","dc_title":"Verordening Gemeentelijke Ombudscommissie - vastgesteld raad 12102021","dc_type":"bijlage","foi_fairiscoreVersions":{"v1":1,"v2":1},"foi_fileName":"Z%2F21%2F155927%20-%20274235%20-%20Verordening%20Ombudscommissie.pdf","foi_nrPages":2},{"dc_format":"application/pdf","dc_identifier":"nl.gm1954.2c.2021.2832575-7.doc.1","dc_source":"https://api1.ibabs.eu/publicdownload.aspx?site=Beekdaelen&id=0de713b2-3fe9-4237-940c-9d89cb142142","dc_title":"RV inzake Gemeentelijke Ombudscommissie","dc_type":"bijlage","foi_fairiscoreVersions":{"v1":1,"v2":1},"foi_fileName":"Z%2F21%2F155927%20-%20274237%20-%20Gemeentelijke%20ombudscommissie%20raadsvoorstel.pdf","foi_nrPages":4},{"dc_format":"application/pdf","dc_identifier":"nl.gm1954.2c.2021.2832575-7.doc.6","dc_source":"https://api1.ibabs.eu/publicdownload.aspx?site=Beekdaelen&id=456b34c7-9f25-4e20-b88c-9e9140afd30f","dc_title":"Benoemingsbesluit P. Vanderheyden","dc_type":"bijlage","foi_fairiscoreVersions":{"v1":1,"v2":1},"foi_fileName":"Z%2F21%2F155927%20-%20274241%20-%20Verordening%20ombudscommissie%20benoemingsbesluit%20Paul%20Vanderheyden.pdf","foi_nrPages":1},{"dc_format":"application/pdf","dc_identifier":"nl.gm1954.2c.2021.2832575-7.doc.7","dc_source":"https://api1.ibabs.eu/publicdownload.aspx?site=Beekdaelen&id=b18a5392-7881-4655-b6a0-64783cb4a256","dc_title":"Benoemingsbesluit I. Bierma","dc_type":"bijlage","foi_fairiscoreVersions":{"v1":1,"v2":1},"foi_fileName":"Z%2F21%2F155927%20-%20274242%20-%20Benoemingsbesluit%20Ids%20Bierma.pdf","foi_nrPages":1},{"dc_format":"application/pdf","dc_identifier":"nl.gm1954.2c.2021.2832575-7.doc.8","dc_source":"https://api1.ibabs.eu/publicdownload.aspx?site=Beekdaelen&id=9a8e7857-a524-49cf-98f1-f62f01ce7379","dc_title":"Benoemingsbesluit J. Bessems","dc_type":"bijlage","foi_fairiscoreVersions":{"v1":1,"v2":1},"foi_fileName":"Z%2F21%2F155927%20-%20274243%20-%20Benoemingsbesluit%20Jules%20Bessems.pdf","foi_nrPages":1}],"foi_nrDocuments":11,"foi_nrPagesInDossier":32,"foi_publishedDate":"2021-10-12","foi_retrievedDate":"2025-11-30"},{"dc_creator":"HandelingScraper_v1","dc_date_year":2021,"dc_description":"Vergadering van de Gemeente Beekdaelen op 2021-10-12. Onderdeel: Raadsvoorstel inzake standpunt rondom PIP ontgronding Hommert.","dc_identifier":"nl.gm1954.2c.2021.2832575-8","dc_publisher":"gm1954","dc_source":"https://beekdaelen.bestuurlijkeinformatie.nl/Agenda/Index/ced2d4ce-814f-41ed-a321-f50538617c92","dc_title":"Raadsvergadering 2021-10-12 - Raadsvoorstel inzake standpunt rondom PIP ontgronding Hommert","dc_type":"2c","dc_type_description":"Vergaderstuk decentrale overheid","foi_fairiscoreVersions":{"v1":1,"v2":1},"foi_files":[{"dc_format":"application/pdf","dc_identifier":"nl.gm1954.2c.2021.2832575-8.doc.3","dc_source":"https://api1.ibabs.eu/publicdownload.aspx?site=Beekdaelen&id=579b9cd6-b58a-4d64-bb73-f01ec8550960","dc_title":"Concept uitgaande brief aan prov. Staten","dc_type":"bijlage","foi_fairiscoreVersions":{"v1":1,"v2":1},"foi_fileName":"Concept%20brief%20aangepast%20n.a.v.%20opmerkingen.pdf","foi_nrPages":3},{"dc_format":"application/pdf","dc_identifier":"nl.gm1954.2c.2021.2832575-8.doc.2","dc_source":"https://api1.ibabs.eu/publicdownload.aspx?site=Beekdaelen&id=c443d51f-23af-4115-ae58-8417bb12462c","dc_title":"RB inzake standpunt rondom PIP ontgronding Hommert - vastgesteld Raad 12102021","dc_type":"bijlage","foi_fairiscoreVersions":{"v1":1,"v2":1},"foi_fileName":"RB%20inzake%20standpunt%20rondom%20PIP%20ontgronding%20Hommert.pdf","foi_nrPages":1},{"dc_format":"application/pdf","dc_identifier":"nl.gm1954.2c.2021.2832575-8.doc.1","dc_source":"https://api1.ibabs.eu/publicdownload.aspx?site=Beekdaelen&id=0f6861d9-fbb8-4ec2-b49c-5ab1bdea2a95","dc_title":"RV inzake standpunt rondom PIP ontgronding Hommert","dc_type":"bijlage","foi_fairiscoreVersions":{"v1":1,"v2":1},"foi_fileName":"RVS%20inzake%20standpunt%20rondom%20PIP%20ontgronding%20Hommert.pdf","foi_nrPages":2}],"foi_nrDocuments":3,"foi_nrPagesInDossier":6,"foi_publishedDate":"2021-10-12","foi_retrievedDate":"2026-02-05"},{"dc_creator":"HandelingScraper_v1","dc_date_year":2021,"dc_description":"Vergadering van de Gemeente Beekdaelen op 2021-10-12. Onderdeel: Vaststelling lijst ingekomen stukken 14 juli - 12 oktober 2021.","dc_identifier":"nl.gm1954.2c.2021.2832575-9","dc_publisher":"gm1954","dc_source":"https://beekdaelen.bestuurlijkeinformatie.nl/Agenda/Index/ced2d4ce-814f-41ed-a321-f50538617c92","dc_title":"Raadsvergadering 2021-10-12 - Vaststelling lijst ingekomen stukken 14 juli - 12 oktober 2021","dc_type":"2c","dc_type_description":"Vergaderstuk decentrale overheid","foi_fairiscoreVersions":{"v1":2,"v2":1},"foi_files":[{"dc_format":"application/pdf","dc_identifier":"nl.gm1954.2c.2021.2832575-9.doc.2","dc_source":"https://api1.ibabs.eu/publicdownload.aspx?site=Beekdaelen&id=6c1223c5-ba17-4acc-81f5-5caab819aceb","dc_title":"Lijst ingekomen stukken raad 12102021 versie 04102021","dc_type":"bijlage","foi_fairiscoreVersions":{"v1":2,"v2":1},"foi_fileName":"Lijst%20ingekomen%20stukken%20raad%2012102021%20versie%2004102021.pdf","foi_nrPages":10},{"dc_format":"application/pdf","dc_identifier":"nl.gm1954.2c.2021.2832575-9.doc.3","dc_source":"https://api1.ibabs.eu/publicdownload.aspx?site=Beekdaelen&id=984b8c4c-8661-402a-b90c-f10539a1cc80","dc_title":"Lijst ingekomen stukken raad 12102021 versie 08102021 - vastgesteld Raad 12102021","dc_type":"bijlage","foi_fairiscoreVersions":{"v1":1,"v2":1},"foi_fileName":"Lijst%20ingekomen%20stukken%20raad%2012102021%20versie%2008102021.pdf","foi_nrPages":9},{"dc_format":"application/pdf","dc_identifier":"nl.gm1954.2c.2021.2832575-9.doc.1","dc_source":"https://api1.ibabs.eu/publicdownload.aspx?site=Beekdaelen&id=db22a8f6-1ab7-4ffc-8982-d5da4914e50b","dc_title":"Lijst ingekomen stukken raad 12102021 versie 27092021","dc_type":"bijlage","foi_fairiscoreVersions":{"v1":1,"v2":1},"foi_fileName":"Lijst%20ingekomen%20stukken%20raad%2012102021%20versie%2027092021.pdf","foi_nrPages":9}],"foi_nrDocuments":3,"foi_nrPagesInDossier":28,"foi_publishedDate":"2021-10-12","foi_retrievedDate":"2026-02-05"},{"dc_creator":"HandelingScraper_v1","dc_date_year":2021,"dc_description":"Vergadering van de Gemeente Beekdaelen op 2021-11-04. Onderdeel: Algemeen.","dc_identifier":"nl.gm1954.2c.2021.2832612-1","dc_publisher":"gm1954","dc_source":"https://beekdaelen.bestuurlijkeinformatie.nl/Agenda/Index/01271569-3b3a-4243-a3cd-9963bbfda788","dc_title":"Commissie Sociaal & BV (t/m april 2022) 2021-11-04 - Algemeen","dc_type":"2c","dc_type_description":"Vergaderstuk decentrale overheid","foi_fairiscoreVersions":{"v1":1,"v2":1},"foi_files":[{"dc_format":"application/pdf","dc_identifier":"nl.gm1954.2c.2021.2832612-1.doc.2","dc_source":"https://api1.ibabs.eu/publicdownload.aspx?site=Beekdaelen&id=53c999b1-174d-4278-b59a-d3bb6e6ea197","dc_title":"Technische vragen VVD commissie 4 november 2021","dc_type":"bijlage","foi_fairiscoreVersions":{"v1":1,"v2":1},"foi_fileName":"20211022_VVD_Schriftelijke%20vragen%20commissievergaderingen.pdf","foi_nrPages":1},{"dc_format":"application/pdf","dc_identifier":"nl.gm1954.2c.2021.2832612-1.doc.1","dc_source":"https://api1.ibabs.eu/publicdownload.aspx?site=Beekdaelen&id=394333bd-4d54-48a9-aec0-bb4e0d5ceb85","dc_title":"Technische voorvragen VG commissie 4 november 2021","dc_type":"bijlage","foi_fairiscoreVersions":{"v1":1,"v2":1},"foi_fileName":"Technische%20voorvragen%20van%20de%20VG%20cie%204%20november%202021.pdf","foi_nrPages":1}],"foi_nrDocuments":2,"foi_nrPagesInDossier":2,"foi_publishedDate":"2021-11-04","foi_retrievedDate":"2026-02-05"},{"dc_creator":"HandelingScraper_v1","dc_date_year":2021,"dc_description":"Vergadering van de Gemeente Beekdaelen op 2021-11-04. Onderdeel: Opening, mededelingen voorzitter en vaststellen agenda.","dc_identifier":"nl.gm1954.2c.2021.2832612-2","dc_publisher":"gm1954","dc_source":"https://beekdaelen.bestuurlijkeinformatie.nl/Agenda/Index/01271569-3b3a-4243-a3cd-9963bbfda788","dc_title":"Commissie Sociaal & BV (t/m april 2022) 2021-11-04 - Opening, mededelingen voorzitter en vaststellen agenda","dc_type":"2c","dc_type_description":"Vergaderstuk decentrale overheid","foi_fairiscoreVersions":{"v1":null,"v2":null},"foi_files":[{"dc_format":"application/pdf","dc_identifier":"nl.gm1954.2c.2021.2832612-2.doc.1","dc_source":"https://api1.ibabs.eu/publicdownload.aspx?site=Beekdaelen&id=57ef7173-8f97-4523-91fb-f65cdc4447bd","dc_title":"Uitnodiging en voorlopige agenda cie. Sociaal & Bedrijfsvoering 04112021","dc_type":"bijlage","foi_fileName":"Uitnodiging%20en%20voorlopige%20agenda%20raadscie%20Sociaal%20%26%20Bedrijfsvoering%20dd%202021%2011%2004.pdf"},{"dc_format":"application/pdf","dc_identifier":"nl.gm1954.2c.2021.2832612-2.doc.2","dc_source":"https://api1.ibabs.eu/publicdownload.aspx?site=Beekdaelen&id=fbb602a0-93ea-4073-a681-9b55bf9ea4e1","dc_title":"Vastgestelde agenda cie. Sociaal & Bedrijfsvoering 04112021","dc_type":"bijlage","foi_fileName":"Vastgestelde%20agenda%20cie.%20Sociaal%26Bedrijfsvoering%20dd%2004112021.pdf"}],"foi_nrDocuments":2,"foi_nrPagesInDossier":0,"foi_publishedDate":"2021-11-04","foi_retrievedDate":"2025-12-01"},{"dc_creator":"HandelingScraper_v1","dc_date_year":2021,"dc_description":"Vergadering van de Gemeente Beekdaelen op 2021-11-04. Onderdeel: Vaststellen actiepuntenlijst van de commissie Bedrijfsvoering & Ruimte d.d. 21 september 2021.","dc_identifier":"nl.gm1954.2c.2021.2832612-3","dc_publisher":"gm1954","dc_source":"https://beekdaelen.bestuurlijkeinformatie.nl/Agenda/Index/01271569-3b3a-4243-a3cd-9963bbfda788","dc_title":"Commissie Sociaal & BV (t/m april 2022) 2021-11-04 - Vaststellen actiepuntenlijst van de commissie Bedrijfsvoering & Ruimte d.d. 21 september 2021","dc_type":"2c","dc_type_description":"Vergaderstuk decentrale overheid","foi_fairiscoreVersions":{"v1":1,"v2":1},"foi_files":[{"dc_format":"application/pdf","dc_identifier":"nl.gm1954.2c.2021.2832612-3.doc.1","dc_source":"https://api1.ibabs.eu/publicdownload.aspx?site=Beekdaelen&id=15cae995-cb58-438b-a047-3270bc10facc","dc_title":"2021 09 21 Actiepuntenlijst gecomb cie Bedrijfsvoering & Ruimte","dc_type":"bijlage","foi_fairiscoreVersions":{"v1":1,"v2":1},"foi_fileName":"2021%2009%2021%20Actiepuntenlijst%20gecomb%20cie%20Bedrijfsvoering%20%26%20Ruimte.pdf","foi_nrPages":4}],"foi_nrDocuments":1,"foi_nrPagesInDossier":4,"foi_publishedDate":"2021-11-04","foi_retrievedDate":"2026-02-05"},{"dc_creator":"HandelingScraper_v1","dc_date_year":2021,"dc_description":"Vergadering van de Gemeente Beekdaelen op 2021-11-04. Onderdeel: Vaststellen totaallijst van toezeggingen.","dc_identifier":"nl.gm1954.2c.2021.2832612-4","dc_publisher":"gm1954","dc_source":"https://beekdaelen.bestuurlijkeinformatie.nl/Agenda/Index/01271569-3b3a-4243-a3cd-9963bbfda788","dc_title":"Commissie Sociaal & BV (t/m april 2022) 2021-11-04 - Vaststellen totaallijst van toezeggingen","dc_type":"2c","dc_type_description":"Vergaderstuk decentrale overheid","foi_fairiscoreVersions":{"v1":1,"v2":1},"foi_files":[{"dc_format":"application/pdf","dc_identifier":"nl.gm1954.2c.2021.2832612-4.doc.1","dc_source":"https://api1.ibabs.eu/publicdownload.aspx?site=Beekdaelen&id=a60c9e32-7951-4025-b2b1-d1cb4565532f","dc_title":"Lijst afhandeling toezeggingen, bijgewerkt 04.10.2021","dc_type":"bijlage","foi_fairiscoreVersions":{"v1":1,"v2":1},"foi_fileName":"Lijst%20afhandeling%20toezeggingen_%20bijgewerkt%2004.10.2021.pdf","foi_nrPages":11}],"foi_nrDocuments":1,"foi_nrPagesInDossier":11,"foi_publishedDate":"2021-11-04","foi_retrievedDate":"2026-01-22"},{"dc_creator":"HandelingScraper_v1","dc_date_year":2021,"dc_description":"Vergadering van de Gemeente Beekdaelen op 2021-11-04. Onderdeel: Voorstel inzake Algemene plaatselijke verordening Beekdaelen 2022.","dc_identifier":"nl.gm1954.2c.2021.2832612-5","dc_publisher":"gm1954","dc_source":"https://beekdaelen.bestuurlijkeinformatie.nl/Agenda/Index/01271569-3b3a-4243-a3cd-9963bbfda788","dc_title":"Commissie Sociaal & BV (t/m april 2022) 2021-11-04 - Voorstel inzake Algemene plaatselijke verordening Beekdaelen 2022","dc_type":"2c","dc_type_description":"Vergaderstuk decentrale overheid","foi_fairiscoreVersions":{"v1":2,"v2":1},"foi_files":[{"dc_format":"application/pdf","dc_identifier":"nl.gm1954.2c.2021.2832612-5.doc.3","dc_source":"https://api1.ibabs.eu/publicdownload.aspx?site=Beekdaelen&id=29f9254c-c294-4f1b-867b-0bb28200763f","dc_title":"APV Beekdaelen 2022","dc_type":"bijlage","foi_fairiscoreVersions":{"v1":1,"v2":1},"foi_fileName":"APV%20Beekdaelen%202022.pdf","foi_nrPages":35},{"dc_format":"application/pdf","dc_identifier":"nl.gm1954.2c.2021.2832612-5.doc.5","dc_source":"https://api1.ibabs.eu/publicdownload.aspx?site=Beekdaelen&id=829d8005-443d-44a1-b12e-a3b33a8f4642","dc_title":"Beantwoording vragen raadswerkgroep APV","dc_type":"bijlage","foi_fairiscoreVersions":{"v1":2,"v2":1},"foi_fileName":"Beantwoording%20vragen%20raadswerkgroep%20APV.pdf","foi_nrPages":4},{"dc_format":"application/pdf","dc_identifier":"nl.gm1954.2c.2021.2832612-5.doc.6","dc_source":"https://api1.ibabs.eu/publicdownload.aspx?site=Beekdaelen&id=3f502ba7-fdf5-445b-b0d2-a303c1a6176e","dc_title":"Beantwoording vragen VG inzake APV","dc_type":"bijlage","foi_fairiscoreVersions":{"v1":1,"v2":1},"foi_fileName":"Beantwoording%20vragen%20VG%20inzake%20APV.pdf","foi_nrPages":1},{"dc_format":"application/pdf","dc_identifier":"nl.gm1954.2c.2021.2832612-5.doc.2","dc_source":"https://api1.ibabs.eu/publicdownload.aspx?site=Beekdaelen&id=dff79197-3135-4af7-8674-b580232f7f8e","dc_title":"RB inzake APV Beekdaelen 2022","dc_type":"bijlage","foi_fairiscoreVersions":{"v1":1,"v2":1},"foi_fileName":"RB%20inzake%20APV%20Beekdaelen%202022.pdf","foi_nrPages":1},{"dc_format":"application/pdf","dc_identifier":"nl.gm1954.2c.2021.2832612-5.doc.1","dc_source":"https://api1.ibabs.eu/publicdownload.aspx?site=Beekdaelen&id=37f5d249-0022-449e-b2db-9c1edf8c1756","dc_title":"RV inzake APV Beekdaelen 2022","dc_type":"bijlage","foi_fairiscoreVersions":{"v1":1,"v2":1},"foi_fileName":"RV%20inzake%20APV%20Beekdaelen%202022.pdf","foi_nrPages":2},{"dc_format":"application/pdf","dc_identifier":"nl.gm1954.2c.2021.2832612-5.doc.4","dc_source":"https://api1.ibabs.eu/publicdownload.aspx?site=Beekdaelen&id=3c60dddb-478e-41fe-bb08-46f037ae0dab","dc_title":"Was-wordt-tabel APV 2022","dc_type":"bijlage","foi_fairiscoreVersions":{"v1":1,"v2":1},"foi_fileName":"Was-wordt-tabel%20APV%202022.pdf","foi_nrPages":2}],"foi_nrDocuments":6,"foi_nrPagesInDossier":45,"foi_publishedDate":"2021-11-04","foi_retrievedDate":"2025-12-04"},{"dc_creator":"HandelingScraper_v1","dc_date_year":2021,"dc_description":"Vergadering van de Gemeente Beekdaelen op 2021-11-04. Onderdeel: Voorstel inzake Tweede begrotingswijziging 2021 GR WSP Parkstad.","dc_identifier":"nl.gm1954.2c.2021.2832612-6","dc_publisher":"gm1954","dc_source":"https://beekdaelen.bestuurlijkeinformatie.nl/Agenda/Index/01271569-3b3a-4243-a3cd-9963bbfda788","dc_title":"Commissie Sociaal & BV (t/m april 2022) 2021-11-04 - Voorstel inzake Tweede begrotingswijziging 2021 GR WSP Parkstad","dc_type":"2c","dc_type_description":"Vergaderstuk decentrale overheid","foi_fairiscoreVersions":{"v1":2,"v2":1},"foi_files":[{"dc_format":"application/pdf","dc_identifier":"nl.gm1954.2c.2021.2832612-6.doc.1","dc_source":"https://api1.ibabs.eu/publicdownload.aspx?site=Beekdaelen&id=2d779ac2-a8e6-42cf-85da-6305c9c95cec","dc_title":"Raadsvoorstel Tweede begrotingswijziging 2021 GR WSP Parkstad","dc_type":"bijlage","foi_fairiscoreVersions":{"v1":1,"v2":1},"foi_fileName":"Z%2F21%2F165394%20-%20281049%20-%20Raadsvoorstel%20Tweede%20begrotingswijziging%202021%20GR%20WSP%20Parkstad.pdf","foi_nrPages":4},{"dc_format":"application/pdf","dc_identifier":"nl.gm1954.2c.2021.2832612-6.doc.2","dc_source":"https://api1.ibabs.eu/publicdownload.aspx?site=Beekdaelen&id=6cf72ff7-aa0e-4885-9f74-3f498e05dfd3","dc_title":"Raadsbesluit 23-11-2021 Tweede begrotingswijziging 2021 GR WSP Parkstad","dc_type":"bijlage","foi_fairiscoreVersions":{"v1":1,"v2":1},"foi_fileName":"Z%2F21%2F165394%20-%20281050%20-%20Raadsbesluit%2023-11-2021%20Tweede%20begrotingswijziging%202021%20GR%20WSP%20Parkstad.pdf","foi_nrPages":1},{"dc_format":"application/pdf","dc_identifier":"nl.gm1954.2c.2021.2832612-6.doc.5","dc_source":"https://api1.ibabs.eu/publicdownload.aspx?site=Beekdaelen&id=114e410c-b374-4dee-beec-5208e782582f","dc_title":"Uitgaande brief aan WSP Parkstad inzake raadsbesluit 23-11-2021.","dc_type":"bijlage","foi_fairiscoreVersions":{"v1":1,"v2":1},"foi_fileName":"Z%2F21%2F165394%20-%20281051%20-%20Uitgaande%20brief%20aan%20WSP%20Parkstad%20inzake%20raadsbesluit%2023-11-2021.pdf","foi_nrPages":1},{"dc_format":"application/pdf","dc_identifier":"nl.gm1954.2c.2021.2832612-6.doc.3","dc_source":"https://api1.ibabs.eu/publicdownload.aspx?site=Beekdaelen&id=07b59336-daa5-46d4-a227-965779aa1783","dc_title":"Tweede begrotingswijziging 2021 GR WSP Parkstad","dc_type":"bijlage","foi_fairiscoreVersions":{"v1":2,"v2":1},"foi_fileName":"Z%2F21%2F165394%20-%20282115%20-%20Tweede%20begrotingswijziging%202021%20GR%20WSP%20Parkstad.pdf","foi_nrPages":24},{"dc_format":"application/pdf","dc_identifier":"nl.gm1954.2c.2021.2832612-6.doc.4","dc_source":"https://api1.ibabs.eu/publicdownload.aspx?site=Beekdaelen&id=7d5be777-8cf1-4421-92d8-7b577791b951","dc_title":"Factsheet Tweede begrotingswijziging 2021 GR WSP Parkstad","dc_type":"bijlage","foi_fairiscoreVersions":{"v1":1,"v2":1},"foi_fileName":"Z%2F21%2F165394%20-%20282116%20-%20Factsheet%20Tweede%20begrotingswijziging%202021%20GR%20WSP%20Parkstad.pdf","foi_nrPages":4}],"foi_nrDocuments":5,"foi_nrPagesInDossier":34,"foi_publishedDate":"2021-11-04","foi_retrievedDate":"2026-02-05"},{"dc_creator":"HandelingScraper_v1","dc_date_year":2021,"dc_description":"Vergadering van de Gemeente Beekdaelen op 2021-11-04. Onderdeel: Voorstel inzake Tweede begrotingswijziging 2021 GR WOZL.","dc_identifier":"nl.gm1954.2c.2021.2832612-7","dc_publisher":"gm1954","dc_source":"https://beekdaelen.bestuurlijkeinformatie.nl/Agenda/Index/01271569-3b3a-4243-a3cd-9963bbfda788","dc_title":"Commissie Sociaal & BV (t/m april 2022) 2021-11-04 - Voorstel inzake Tweede begrotingswijziging 2021 GR WOZL","dc_type":"2c","dc_type_description":"Vergaderstuk decentrale overheid","foi_fairiscoreVersions":{"v1":2,"v2":1},"foi_files":[{"dc_format":"application/pdf","dc_identifier":"nl.gm1954.2c.2021.2832612-7.doc.6","dc_source":"https://api1.ibabs.eu/publicdownload.aspx?site=Beekdaelen&id=f1060944-b05b-43c1-99d7-9fef2b079e01","dc_title":"MvA VG D.2 RV Tweede begrotingswijziging 2021 GR WOZL","dc_type":"bijlage","foi_fairiscoreVersions":{"v1":1,"v2":1},"foi_fileName":"MvA%20VG%20D.2%20RV%20Tweede%20begrotingswijziging%202021%20GR%20WOZL.pdf","foi_nrPages":1},{"dc_format":"application/pdf","dc_identifier":"nl.gm1954.2c.2021.2832612-7.doc.7","dc_source":"https://api1.ibabs.eu/publicdownload.aspx?site=Beekdaelen&id=36da10fd-34c1-42d2-ae0b-b8d6bc923c25","dc_title":"MvA VVD D.2 RV Tweede begrotingswijziging 2021 GR WOZL","dc_type":"bijlage","foi_fairiscoreVersions":{"v1":1,"v2":1},"foi_fileName":"MvA%20VVD%20D.2%20RV%20Tweede%20begrotingswijziging%202021%20GR%20WOZL.pdf","foi_nrPages":1},{"dc_format":"application/pdf","dc_identifier":"nl.gm1954.2c.2021.2832612-7.doc.1","dc_source":"https://api1.ibabs.eu/publicdownload.aspx?site=Beekdaelen&id=9c14895b-341f-41f3-b926-fe6123f61761","dc_title":"Raadsvoorstel Tweede begrotingswijziging 2021 GR WOZL","dc_type":"bijlage","foi_fairiscoreVersions":{"v1":1,"v2":1},"foi_fileName":"Z%2F21%2F165347%20-%20280946%20-%20Tweede%20begrotingswijziging%202021%20GR%20WOZL.pdf","foi_nrPages":6},{"dc_format":"application/pdf","dc_identifier":"nl.gm1954.2c.2021.2832612-7.doc.2","dc_source":"https://api1.ibabs.eu/publicdownload.aspx?site=Beekdaelen&id=7cabc2cb-821a-437c-ba0a-9dcb394142ed","dc_title":"Raadsbesluit  23-11-2021 Tweede begrotingswijziging 2021 GR WOZL","dc_type":"bijlage","foi_fairiscoreVersions":{"v1":1,"v2":1},"foi_fileName":"Z%2F21%2F165347%20-%20281040%20-%20Raadsbesluit%20%2023-11-2021%20Tweede%20begrotingswijziging%202021%20GR%20WOZL.pdf","foi_nrPages":1},{"dc_format":"application/pdf","dc_identifier":"nl.gm1954.2c.2021.2832612-7.doc.5","dc_source":"https://api1.ibabs.eu/publicdownload.aspx?site=Beekdaelen&id=c88e7b55-3b2b-4737-b438-7a975f4ac172","dc_title":"Uitgaande brief aan WOZL mbt raadsbesluit 23-11-2021","dc_type":"bijlage","foi_fairiscoreVersions":{"v1":1,"v2":1},"foi_fileName":"Z%2F21%2F165347%20-%20281042%20-%20Uitgaande%20brief%20aan%20WOZL%20mbt%20raadsbesluit%2023-11-2021.pdf","foi_nrPages":1},{"dc_format":"application/pdf","dc_identifier":"nl.gm1954.2c.2021.2832612-7.doc.3","dc_source":"https://api1.ibabs.eu/publicdownload.aspx?site=Beekdaelen&id=dba5fd32-6892-4d10-9055-b376e731dbf7","dc_title":"Tweede begrotingswijziging 2021 GR WOZL","dc_type":"bijlage","foi_fairiscoreVersions":{"v1":2,"v2":1},"foi_fileName":"Z%2F21%2F165347%20-%20282109%20-%20Tweede%20begrotingswijziging%202021%20GR%20WOZL.pdf","foi_nrPages":25},{"dc_format":"application/pdf","dc_identifier":"nl.gm1954.2c.2021.2832612-7.doc.4","dc_source":"https://api1.ibabs.eu/publicdownload.aspx?site=Beekdaelen&id=d4f650a7-bd48-40c4-926c-7041de3363d4","dc_title":"Factsheet Tweede begrotingswijziging 2021 GR WOZL","dc_type":"bijlage","foi_fairiscoreVersions":{"v1":1,"v2":1},"foi_fileName":"Z%2F21%2F165347%20-%20282112%20-%20Factsheet%20Tweede%20begrotingswijziging%202021%20GR%20WOZL.pdf","foi_nrPages":4}],"foi_nrDocuments":7,"foi_nrPagesInDossier":39,"foi_publishedDate":"2021-11-04","foi_retrievedDate":"2026-02-05"},{"dc_creator":"HandelingScraper_v1","dc_date_year":2021,"dc_description":"Vergadering van de Gemeente Beekdaelen op 2021-11-04. Onderdeel: Voorstel inzake Tweede bestuursrapportage 2021 ISD BOL.","dc_identifier":"nl.gm1954.2c.2021.2832612-8","dc_publisher":"gm1954","dc_source":"https://beekdaelen.bestuurlijkeinformatie.nl/Agenda/Index/01271569-3b3a-4243-a3cd-9963bbfda788","dc_title":"Commissie Sociaal & BV (t/m april 2022) 2021-11-04 - Voorstel inzake Tweede bestuursrapportage 2021 ISD BOL","dc_type":"2c","dc_type_description":"Vergaderstuk decentrale overheid","foi_fairiscoreVersions":{"v1":null,"v2":null},"foi_files":[{"dc_format":"application/pdf","dc_identifier":"nl.gm1954.2c.2021.2832612-8.doc.5","dc_source":"https://api1.ibabs.eu/publicdownload.aspx?site=Beekdaelen&id=b539f741-7956-4832-a852-155e0fb1eec6","dc_title":"MvA VVD D.3 RV Tweede bestuursrapportage 2021 ISD BOL","dc_type":"bijlage","foi_fileName":"MvA%20VVD%20D.3%20RV%20Tweede%20bestuursrapportage%202021%20ISD%20BOL.pdf"},{"dc_format":"application/pdf","dc_identifier":"nl.gm1954.2c.2021.2832612-8.doc.1","dc_source":"https://api1.ibabs.eu/publicdownload.aspx?site=Beekdaelen&id=b561a508-bbd2-4380-baf7-21285f93a207","dc_title":"RV inzake Tweede bestuursrapportage 2021 ISD BOL","dc_type":"bijlage","foi_fileName":"Z%2F21%2F166026%20-%20282434%20-%20Raadsvoorstel%20Tweede%20bestuursrapportage%202021%20ISD%20BOL.pdf"},{"dc_format":"application/pdf","dc_identifier":"nl.gm1954.2c.2021.2832612-8.doc.3","dc_source":"https://api1.ibabs.eu/publicdownload.aspx?site=Beekdaelen&id=9115bea3-4ebc-4fbe-9db6-94266a23064e","dc_title":"Tweede bestuursrapportage 2021 ISD BOL","dc_type":"bijlage","foi_fileName":"Z%2F21%2F166026%20-%20282444%20-%20Tweede%20bestuursrapportage%202021%20ISD%20BOL.pdf"},{"dc_format":"application/pdf","dc_identifier":"nl.gm1954.2c.2021.2832612-8.doc.2","dc_source":"https://api1.ibabs.eu/publicdownload.aspx?site=Beekdaelen&id=85a50d20-63ef-4458-b815-bb2e39008002","dc_title":"RB inzake Tweede bestuursrapportage 2021 ISD BOL","dc_type":"bijlage","foi_fileName":"Z%2F21%2F166026%20-%20282445%20-%20Raadsbesluit%20tweede%20bestuursrapportage%202021%20ISD%20BOL.pdf"},{"dc_format":"application/pdf","dc_identifier":"nl.gm1954.2c.2021.2832612-8.doc.4","dc_source":"https://api1.ibabs.eu/publicdownload.aspx?site=Beekdaelen&id=4bca0732-58de-4669-a554-25eede6272e0","dc_title":"Uitgaande brief aan ISD BOL inzake raadsbesluit 21-12-2021","dc_type":"bijlage","foi_fileName":"Z%2F21%2F166026%20-%20282449%20-%20Uitgaande%20brief%20aan%20ISD%20BOL%20inzake%20raadsbesluit%2021-12-2021.pdf"}],"foi_nrDocuments":5,"foi_nrPagesInDossier":0,"foi_publishedDate":"2021-11-04","foi_retrievedDate":"2025-11-30"},{"dc_creator":"HandelingScraper_v1","dc_date_year":2021,"dc_description":"Vergadering van de Gemeente Beekdaelen op 2021-11-15. Onderdeel: Opening.","dc_identifier":"nl.gm1954.2c.2021.2832650-1","dc_publisher":"gm1954","dc_source":"https://beekdaelen.bestuurlijkeinformatie.nl/Agenda/Index/87223d8a-33e3-4f19-b1cf-4e1f26b66acb","dc_title":"Raadsvergadering 2021-11-15 - Opening","dc_type":"2c","dc_type_description":"Vergaderstuk decentrale overheid","foi_fairiscoreVersions":{"v1":1,"v2":1},"foi_files":[{"dc_format":"application/pdf","dc_identifier":"nl.gm1954.2c.2021.2832650-1.doc.2","dc_source":"https://api1.ibabs.eu/publicdownload.aspx?site=Beekdaelen&id=81ec5e92-44fd-4982-980d-5a8a98dcc1e7","dc_title":"Globaal tijdpad begrotingsvergadering 15 november 2021","dc_type":"bijlage","foi_fairiscoreVersions":{"v1":1,"v2":1},"foi_fileName":"Globaal%20tijdpad%20begrotingsvergadering%2015%20november%202021.pdf","foi_nrPages":2},{"dc_format":"application/pdf","dc_identifier":"nl.gm1954.2c.2021.2832650-1.doc.3","dc_source":"https://api1.ibabs.eu/publicdownload.aspx?site=Beekdaelen&id=0c3258ee-52da-406c-bd34-3327f015dd93","dc_title":"Overzicht van ingediende moties en amendementen Begroting 2022 e.a. incl. uitslagen","dc_type":"bijlage","foi_fairiscoreVersions":{"v1":1,"v2":1},"foi_fileName":"Overzicht%20van%20ingediende%20moties%20en%20amendementen%20Begroting%202022%20incl.%20uitslagen.pdf","foi_nrPages":2},{"dc_format":"application/pdf","dc_identifier":"nl.gm1954.2c.2021.2832650-1.doc.1","dc_source":"https://api1.ibabs.eu/publicdownload.aspx?site=Beekdaelen&id=ac600b65-d12e-41dc-b1c6-e779b18ae579","dc_title":"Uitnodiging en voorlopige agenda raadsvergadering 15 november 2021","dc_type":"bijlage","foi_fairiscoreVersions":{"v1":1,"v2":1},"foi_fileName":"Uitnodiging%20en%20voorlopige%20agenda%20raadsvergadering%2015%20november%202021.pdf","foi_nrPages":2}],"foi_nrDocuments":3,"foi_nrPagesInDossier":6,"foi_publishedDate":"2021-11-15","foi_retrievedDate":"2025-12-02"},{"dc_creator":"HandelingScraper_v1","dc_date_year":2021,"dc_description":"Vergadering van de Gemeente Beekdaelen op 2021-11-15. Onderdeel: Voorstel inzake vaststellen legesverordening 2022.","dc_identifier":"nl.gm1954.2c.2021.2832650-10","dc_publisher":"gm1954","dc_source":"https://beekdaelen.bestuurlijkeinformatie.nl/Agenda/Index/87223d8a-33e3-4f19-b1cf-4e1f26b66acb","dc_title":"Raadsvergadering 2021-11-15 - Voorstel inzake vaststellen legesverordening 2022","dc_type":"2c","dc_type_description":"Vergaderstuk decentrale overheid","foi_fairiscoreVersions":{"v1":null,"v2":null},"foi_files":[{"dc_format":"application/pdf","dc_identifier":"nl.gm1954.2c.2021.2832650-10.doc.3","dc_source":"https://api1.ibabs.eu/publicdownload.aspx?site=Beekdaelen&id=db723a78-9a56-4308-a49b-218e12e54d40","dc_title":"legesverordening 2022 - vastgesteld raad 15112021","dc_type":"bijlage","foi_fileName":"legesverordening%202022.pdf"},{"dc_format":"application/pdf","dc_identifier":"nl.gm1954.2c.2021.2832650-10.doc.2","dc_source":"https://api1.ibabs.eu/publicdownload.aspx?site=Beekdaelen&id=ab58c504-162d-4bd0-a4a6-751e7928fdc9","dc_title":"raadsbesluit legesverordening 2022 - vastgesteld raad 15112021","dc_type":"bijlage","foi_fileName":"raadsbesluit%20legesverordening%202022.pdf"},{"dc_format":"application/pdf","dc_identifier":"nl.gm1954.2c.2021.2832650-10.doc.1","dc_source":"https://api1.ibabs.eu/publicdownload.aspx?site=Beekdaelen&id=20c85fe1-a9fb-45d6-9468-5aaf14c59248","dc_title":"raadsvoorstel legesverordening 2022","dc_type":"bijlage","foi_fileName":"raadsvoorstel%20legesverordening%202022.pdf"},{"dc_format":"application/pdf","dc_identifier":"nl.gm1954.2c.2021.2832650-10.doc.4","dc_source":"https://api1.ibabs.eu/publicdownload.aspx?site=Beekdaelen&id=a8865bf7-49d6-4d07-a8c6-1593c3231c18","dc_title":"tarieventabel legesverordening 2022 compleet, aangepast B&W 14.12.2021 - vastgesteld raad 15112021","dc_type":"bijlage","foi_fileName":"tarieventabel%20legesverordening%202022%20compleet%20-%20aangepast%20B%26W%2014.12.2021.pdf"},{"dc_format":"application/pdf","dc_identifier":"nl.gm1954.2c.2021.2832650-10.doc.5","dc_source":"https://api1.ibabs.eu/publicdownload.aspx?site=Beekdaelen&id=99f49e00-3202-43c5-b973-10cd347ec340","dc_title":"was - wordt tabel legesverordening 2022 en bepalingen tarieventabel","dc_type":"bijlage","foi_fileName":"was%20-%20wordt%20tabel%20legesverordening%202022%20en%20bepalingen%20tarieventabel.pdf"}],"foi_nrDocuments":5,"foi_nrPagesInDossier":0,"foi_publishedDate":"2021-11-15","foi_retrievedDate":"2025-12-01"},{"dc_creator":"HandelingScraper_v1","dc_date_year":2021,"dc_description":"Vergadering van de Gemeente Beekdaelen op 2021-11-15. Onderdeel: Voorstel inzake vaststellen verordening toeristenbelasting gemeente Beekdaelen 2022.","dc_identifier":"nl.gm1954.2c.2021.2832650-11","dc_publisher":"gm1954","dc_source":"https://beekdaelen.bestuurlijkeinformatie.nl/Agenda/Index/87223d8a-33e3-4f19-b1cf-4e1f26b66acb","dc_title":"Raadsvergadering 2021-11-15 - Voorstel inzake vaststellen verordening toeristenbelasting gemeente Beekdaelen 2022","dc_type":"2c","dc_type_description":"Vergaderstuk decentrale overheid","foi_fairiscoreVersions":{"v1":1,"v2":1},"foi_files":[{"dc_format":"application/pdf","dc_identifier":"nl.gm1954.2c.2021.2832650-11.doc.6","dc_source":"https://api1.ibabs.eu/publicdownload.aspx?site=Beekdaelen&id=1e225dd1-fc44-4cd1-9df0-f44035306628","dc_title":"Motie VVD Toeristenbelasting VERWORPEN","dc_type":"bijlage","foi_fairiscoreVersions":{"v1":1,"v2":1},"foi_fileName":"20201115%20-%20Motie%20VVD%20Toeristenbelasting%20VERWORPEN.pdf","foi_nrPages":1},{"dc_format":"application/pdf","dc_identifier":"nl.gm1954.2c.2021.2832650-11.doc.2","dc_source":"https://api1.ibabs.eu/publicdownload.aspx?site=Beekdaelen&id=275beee9-5618-4709-a648-5701a86bda91","dc_title":"Amendement VG, VVD en BL inzake toeristenbelasting AANGENOMEN","dc_type":"bijlage","foi_fairiscoreVersions":{"v1":1,"v2":1},"foi_fileName":"Amendement%20VG_%20VVD%20en%20BL%20inzake%20toeristenbelasting%20AANGENOMEN.pdf","foi_nrPages":1},{"dc_format":"application/pdf","dc_identifier":"nl.gm1954.2c.2021.2832650-11.doc.3","dc_source":"https://api1.ibabs.eu/publicdownload.aspx?site=Beekdaelen&id=c48f1991-2e36-4f20-a67a-43c9c884d056","dc_title":"Raadsbesluit toeristenbelasting 2022 geamendeerd - vastgesteld raad 15112021","dc_type":"bijlage","foi_fairiscoreVersions":{"v1":1,"v2":1},"foi_fileName":"Raadsbesluit%20toeristenbelasting%20geamendeerd.pdf","foi_nrPages":1},{"dc_format":"application/pdf","dc_identifier":"nl.gm1954.2c.2021.2832650-11.doc.1","dc_source":"https://api1.ibabs.eu/publicdownload.aspx?site=Beekdaelen&id=f5f71a37-02c1-4947-826b-bda8a8fc70ae","dc_title":"raadsvoorstel verordening toeristenbelasting 2022","dc_type":"bijlage","foi_fairiscoreVersions":{"v1":1,"v2":1},"foi_fileName":"raadsvoorstel%20verordening%20toeristenbelasting%202022.pdf","foi_nrPages":2},{"dc_format":"application/pdf","dc_identifier":"nl.gm1954.2c.2021.2832650-11.doc.4","dc_source":"https://api1.ibabs.eu/publicdownload.aspx?site=Beekdaelen&id=6b470c8d-45ae-466e-8f67-2929078247b6","dc_title":"Verordening toeristenbelasting 2022 geamendeerd - vastgesteld raad 15112021","dc_type":"bijlage","foi_fairiscoreVersions":{"v1":1,"v2":1},"foi_fileName":"Verordening%20toeristenbelasting%202022%20geamendeerd.pdf","foi_nrPages":4},{"dc_format":"application/pdf","dc_identifier":"nl.gm1954.2c.2021.2832650-11.doc.5","dc_source":"https://api1.ibabs.eu/publicdownload.aspx?site=Beekdaelen&id=32ed82f2-e88b-4260-9da4-8ae265f7fcea","dc_title":"verordening toeristenbelasting 2022 was - wordt tabel","dc_type":"bijlage","foi_fairiscoreVersions":{"v1":1,"v2":1},"foi_fileName":"verordening%20toeristenbelasting%202022%20was%20-%20wordt%20tabel.pdf","foi_nrPages":3}],"foi_nrDocuments":6,"foi_nrPagesInDossier":12,"foi_publishedDate":"2021-11-15","foi_retrievedDate":"2025-12-06"},{"dc_creator":"HandelingScraper_v1","dc_date_year":2021,"dc_description":"Vergadering van de Gemeente Beekdaelen op 2021-11-15. Onderdeel: Voorstel inzake Tweede begrotingswijziging 2021 GR WSP Parkstad.","dc_identifier":"nl.gm1954.2c.2021.2832650-12","dc_publisher":"gm1954","dc_source":"https://beekdaelen.bestuurlijkeinformatie.nl/Agenda/Index/87223d8a-33e3-4f19-b1cf-4e1f26b66acb","dc_title":"Raadsvergadering 2021-11-15 - Voorstel inzake Tweede begrotingswijziging 2021 GR WSP Parkstad","dc_type":"2c","dc_type_description":"Vergaderstuk decentrale overheid","foi_fairiscoreVersions":{"v1":2,"v2":1},"foi_files":[{"dc_format":"application/pdf","dc_identifier":"nl.gm1954.2c.2021.2832650-12.doc.1","dc_source":"https://api1.ibabs.eu/publicdownload.aspx?site=Beekdaelen&id=4e0845e2-e3e4-4410-a461-d4a2787e31ce","dc_title":"Raadsvoorstel Tweede begrotingswijziging 2021 GR WSP Parkstad","dc_type":"bijlage","foi_fairiscoreVersions":{"v1":1,"v2":1},"foi_fileName":"Z%2F21%2F165394%20-%20281049%20-%20Raadsvoorstel%20Tweede%20begrotingswijziging%202021%20GR%20WSP%20Parkstad.pdf","foi_nrPages":4},{"dc_format":"application/pdf","dc_identifier":"nl.gm1954.2c.2021.2832650-12.doc.2","dc_source":"https://api1.ibabs.eu/publicdownload.aspx?site=Beekdaelen&id=0f9e7f4f-58f6-4790-9e48-851a53b9a9df","dc_title":"Raadsbesluit Tweede begrotingswijziging 2021 GR WSP Parkstad - vastgesteld raad 15112021","dc_type":"bijlage","foi_fairiscoreVersions":{"v1":1,"v2":1},"foi_fileName":"Z%2F21%2F165394%20-%20281050%20-%20Raadsbesluit%2023-11-2021%20Tweede%20begrotingswijziging%202021%20GR%20WSP%20Parkstad.pdf","foi_nrPages":1},{"dc_format":"application/pdf","dc_identifier":"nl.gm1954.2c.2021.2832650-12.doc.3","dc_source":"https://api1.ibabs.eu/publicdownload.aspx?site=Beekdaelen&id=0d93caa5-b1b2-4a51-bf4a-34e38cfe9777","dc_title":"Uitgaande brief aan WSP Parkstad inzake raadsbesluit - vastgesteld raad 15112021","dc_type":"bijlage","foi_fairiscoreVersions":{"v1":1,"v2":1},"foi_fileName":"Z%2F21%2F165394%20-%20281051%20-%20Uitgaande%20brief%20aan%20WSP%20Parkstad%20inzake%20raadsbesluit%2023-11-2021.pdf","foi_nrPages":1},{"dc_format":"application/pdf","dc_identifier":"nl.gm1954.2c.2021.2832650-12.doc.4","dc_source":"https://api1.ibabs.eu/publicdownload.aspx?site=Beekdaelen&id=a7ee87de-0b97-4ef0-98d9-6d11acec8b6d","dc_title":"Tweede begrotingswijziging 2021 GR WSP Parkstad","dc_type":"bijlage","foi_fairiscoreVersions":{"v1":2,"v2":1},"foi_fileName":"Z%2F21%2F165394%20-%20282115%20-%20Tweede%20begrotingswijziging%202021%20GR%20WSP%20Parkstad.pdf","foi_nrPages":24},{"dc_format":"application/pdf","dc_identifier":"nl.gm1954.2c.2021.2832650-12.doc.5","dc_source":"https://api1.ibabs.eu/publicdownload.aspx?site=Beekdaelen&id=44e416d6-6d2f-4e25-98bf-3a21700f5e33","dc_title":"Factsheet Tweede begrotingswijziging 2021 GR WSP Parkstad","dc_type":"bijlage","foi_fairiscoreVersions":{"v1":1,"v2":1},"foi_fileName":"Z%2F21%2F165394%20-%20282116%20-%20Factsheet%20Tweede%20begrotingswijziging%202021%20GR%20WSP%20Parkstad.pdf","foi_nrPages":4}],"foi_nrDocuments":5,"foi_nrPagesInDossier":34,"foi_publishedDate":"2021-11-15","foi_retrievedDate":"2026-02-05"},{"dc_creator":"HandelingScraper_v1","dc_date_year":2021,"dc_description":"Vergadering van de Gemeente Beekdaelen op 2021-11-15. Onderdeel: Voorstel inzake Tweede begrotingswijziging 2021 GR WOZL.","dc_identifier":"nl.gm1954.2c.2021.2832650-13","dc_publisher":"gm1954","dc_source":"https://beekdaelen.bestuurlijkeinformatie.nl/Agenda/Index/87223d8a-33e3-4f19-b1cf-4e1f26b66acb","dc_title":"Raadsvergadering 2021-11-15 - Voorstel inzake Tweede begrotingswijziging 2021 GR WOZL","dc_type":"2c","dc_type_description":"Vergaderstuk decentrale overheid","foi_fairiscoreVersions":{"v1":2,"v2":1},"foi_files":[{"dc_format":"application/pdf","dc_identifier":"nl.gm1954.2c.2021.2832650-13.doc.1","dc_source":"https://api1.ibabs.eu/publicdownload.aspx?site=Beekdaelen&id=d5bc8b16-7359-402a-a785-f5da6b2cba0a","dc_title":"Raadsvoorstel Tweede begrotingswijziging 2021 GR WOZL","dc_type":"bijlage","foi_fairiscoreVersions":{"v1":1,"v2":1},"foi_fileName":"Z%2F21%2F165347%20-%20280946%20-%20Tweede%20begrotingswijziging%202021%20GR%20WOZL.pdf","foi_nrPages":6},{"dc_format":"application/pdf","dc_identifier":"nl.gm1954.2c.2021.2832650-13.doc.2","dc_source":"https://api1.ibabs.eu/publicdownload.aspx?site=Beekdaelen&id=307c1af5-3034-4e2d-86c8-35e9e207b1eb","dc_title":"Raadsbesluit Tweede begrotingswijziging 2021 GR WOZL - vastgesteld raad 15112021","dc_type":"bijlage","foi_fairiscoreVersions":{"v1":1,"v2":1},"foi_fileName":"Z%2F21%2F165347%20-%20281040%20-%20Raadsbesluit%20%2023-11-2021%20Tweede%20begrotingswijziging%202021%20GR%20WOZL.pdf","foi_nrPages":1},{"dc_format":"application/pdf","dc_identifier":"nl.gm1954.2c.2021.2832650-13.doc.3","dc_source":"https://api1.ibabs.eu/publicdownload.aspx?site=Beekdaelen&id=0e7b7381-f11d-4ad3-ba1d-07bf4175a6c7","dc_title":"Uitgaande brief aan WOZL mbt raadsbesluit  - vastgesteld raad 15112021","dc_type":"bijlage","foi_fairiscoreVersions":{"v1":1,"v2":1},"foi_fileName":"Z%2F21%2F165347%20-%20281042%20-%20Uitgaande%20brief%20aan%20WOZL%20mbt%20raadsbesluit%2023-11-2021.pdf","foi_nrPages":1},{"dc_format":"application/pdf","dc_identifier":"nl.gm1954.2c.2021.2832650-13.doc.4","dc_source":"https://api1.ibabs.eu/publicdownload.aspx?site=Beekdaelen&id=c787669d-1c4a-42d4-8880-801a18959b2b","dc_title":"Tweede begrotingswijziging 2021 GR WOZL","dc_type":"bijlage","foi_fairiscoreVersions":{"v1":2,"v2":1},"foi_fileName":"Z%2F21%2F165347%20-%20282109%20-%20Tweede%20begrotingswijziging%202021%20GR%20WOZL.pdf","foi_nrPages":25},{"dc_format":"application/pdf","dc_identifier":"nl.gm1954.2c.2021.2832650-13.doc.5","dc_source":"https://api1.ibabs.eu/publicdownload.aspx?site=Beekdaelen&id=6b87aa2e-d134-4e00-b9e6-df12e68bf2b6","dc_title":"Factsheet Tweede begrotingswijziging 2021 GR WOZL","dc_type":"bijlage","foi_fairiscoreVersions":{"v1":1,"v2":1},"foi_fileName":"Z%2F21%2F165347%20-%20282112%20-%20Factsheet%20Tweede%20begrotingswijziging%202021%20GR%20WOZL.pdf","foi_nrPages":4}],"foi_nrDocuments":5,"foi_nrPagesInDossier":37,"foi_publishedDate":"2021-11-15","foi_retrievedDate":"2026-02-05"},{"dc_creator":"HandelingScraper_v1","dc_date_year":2021,"dc_description":"Vergadering van de Gemeente Beekdaelen op 2021-11-15. Onderdeel: DOORGESCHOVEN NAAR DECEMBER Raadsvoorstel inzake vaststellen Algemene plaatselijke verordening Beekdaelen 2022.","dc_identifier":"nl.gm1954.2c.2021.2832650-14","dc_publisher":"gm1954","dc_source":"https://beekdaelen.bestuurlijkeinformatie.nl/Agenda/Index/87223d8a-33e3-4f19-b1cf-4e1f26b66acb","dc_title":"Raadsvergadering 2021-11-15 - DOORGESCHOVEN NAAR DECEMBER Raadsvoorstel inzake vaststellen Algemene plaatselijke verordening Beekdaelen 2022","dc_type":"2c","dc_type_description":"Vergaderstuk decentrale overheid","foi_fairiscoreVersions":{"v1":1,"v2":1},"foi_files":[{"dc_format":"application/pdf","dc_identifier":"nl.gm1954.2c.2021.2832650-14.doc.7","dc_source":"https://api1.ibabs.eu/publicdownload.aspx?site=Beekdaelen&id=e520cbf3-9961-4d7e-912a-3a3cbeb3feaf","dc_title":"Amendement D66 inzake APV","dc_type":"bijlage","foi_fairiscoreVersions":{"v1":1,"v2":1},"foi_fileName":"Amendement%201%20DD%20inzake%20APV.pdf","foi_nrPages":2},{"dc_format":"application/pdf","dc_identifier":"nl.gm1954.2c.2021.2832650-14.doc.3","dc_source":"https://api1.ibabs.eu/publicdownload.aspx?site=Beekdaelen&id=83252465-54b9-47bf-947c-a8a0408b0923","dc_title":"Memorie van toelichting artikel 410a APV Beekdaelen 2022","dc_type":"bijlage","foi_fairiscoreVersions":{"v1":1,"v2":1},"foi_fileName":"Memorie%20van%20toelichting%20artikel%20410a%20APV%20Beekdaelen%202022.pdf","foi_nrPages":3},{"dc_format":"application/pdf","dc_identifier":"nl.gm1954.2c.2021.2832650-14.doc.1","dc_source":"https://api1.ibabs.eu/publicdownload.aspx?site=Beekdaelen&id=670d7f94-6d4e-499e-962b-635fca3fa4a2","dc_title":"Raadsvoorstel Algemene Plaatselijke Verordening gemeente Beekdaelen 2022","dc_type":"bijlage","foi_fairiscoreVersions":{"v1":1,"v2":1},"foi_fileName":"Z%2F21%2F165094%20-%20280357%20-%20Raadsvoorstel%20Algemene%20Plaatselijke%20Verordening%20gemeente%20Beekdaelen%202022.pdf","foi_nrPages":2},{"dc_format":"application/pdf","dc_identifier":"nl.gm1954.2c.2021.2832650-14.doc.2","dc_source":"https://api1.ibabs.eu/publicdownload.aspx?site=Beekdaelen&id=39d3322d-c521-4b21-b9fc-949d4798b01a","dc_title":"Raadsbesluit Algemene Plaatselijke Verordening gemeente Beekdaelen 2022","dc_type":"bijlage","foi_fairiscoreVersions":{"v1":1,"v2":1},"foi_fileName":"Z%2F21%2F165094%20-%20280368%20-%20Raadsbesluit%20Algemene%20Plaatselijke%20Verordening%20gemeente%20Beekdaelen%202022.pdf","foi_nrPages":1},{"dc_format":"application/pdf","dc_identifier":"nl.gm1954.2c.2021.2832650-14.doc.5","dc_source":"https://api1.ibabs.eu/publicdownload.aspx?site=Beekdaelen&id=64c314ac-36ef-4d2a-bc08-eef0d5cd28db","dc_title":"Overzicht wijzigingen APV Beekdaelen 2022 (Was-Wordt tabel)","dc_type":"bijlage","foi_fairiscoreVersions":{"v1":1,"v2":1},"foi_fileName":"Z%2F21%2F165094%20-%20280921%20-%20Overzicht%20wijzigingen%20APV%20Beekdaelen%202022%20%28Was-Wordt%20tabel%29.pdf","foi_nrPages":2},{"dc_format":"application/pdf","dc_identifier":"nl.gm1954.2c.2021.2832650-14.doc.4","dc_source":"https://api1.ibabs.eu/publicdownload.aspx?site=Beekdaelen&id=500b6028-eee8-4e36-8b50-f096e7712021","dc_title":"Algemene Plaatselijke Verordening gemeente Beekdaelen 2022 (concept)","dc_type":"bijlage","foi_fairiscoreVersions":{"v1":1,"v2":1},"foi_fileName":"Z%2F21%2F165094%20-%20281277%20-%20Algemene%20Plaatselijke%20Verordening%20gemeente%20Beekdaelen%202022%20%28concept%29.pdf","foi_nrPages":35},{"dc_format":"application/pdf","dc_identifier":"nl.gm1954.2c.2021.2832650-14.doc.6","dc_source":"https://api1.ibabs.eu/publicdownload.aspx?site=Beekdaelen&id=996b76d1-42b1-49ab-8f42-fe2f2580073f","dc_title":"Beantwoording vragen Raadswerkgroep APV","dc_type":"bijlage","foi_fairiscoreVersions":{"v1":1,"v2":1},"foi_fileName":"Z%2F21%2F165094%20-%20283394%20-%20Beantwoording%20vragen%20Raadswerkgroep%20APV.pdf","foi_nrPages":3}],"foi_nrDocuments":7,"foi_nrPagesInDossier":48,"foi_publishedDate":"2021-11-15","foi_retrievedDate":"2025-12-29"},{"dc_creator":"HandelingScraper_v1","dc_date_year":2021,"dc_description":"Vergadering van de Gemeente Beekdaelen op 2021-11-15. Onderdeel: Voorstel inzake Tweede bestuursrapportage 2021 ISD BOL.","dc_identifier":"nl.gm1954.2c.2021.2832650-15","dc_publisher":"gm1954","dc_source":"https://beekdaelen.bestuurlijkeinformatie.nl/Agenda/Index/87223d8a-33e3-4f19-b1cf-4e1f26b66acb","dc_title":"Raadsvergadering 2021-11-15 - Voorstel inzake Tweede bestuursrapportage 2021 ISD BOL","dc_type":"2c","dc_type_description":"Vergaderstuk decentrale overheid","foi_fairiscoreVersions":{"v1":2,"v2":2},"foi_files":[{"dc_format":"application/pdf","dc_identifier":"nl.gm1954.2c.2021.2832650-15.doc.1","dc_source":"https://api1.ibabs.eu/publicdownload.aspx?site=Beekdaelen&id=f602a557-f324-4809-b62e-495ecc705ef0","dc_title":"Raadsvoorstel Tweede bestuursrapportage 2021 ISD BOL","dc_type":"bijlage","foi_fairiscoreVersions":{"v1":1,"v2":1},"foi_fileName":"Z%2F21%2F166026%20-%20282434%20-%20Raadsvoorstel%20Tweede%20bestuursrapportage%202021%20ISD%20BOL.pdf","foi_nrPages":4},{"dc_format":"application/pdf","dc_identifier":"nl.gm1954.2c.2021.2832650-15.doc.4","dc_source":"https://api1.ibabs.eu/publicdownload.aspx?site=Beekdaelen&id=2f05adae-d3e2-44db-928e-22f36fe41b2e","dc_title":"Tweede bestuursrapportage 2021 ISD BOL","dc_type":"bijlage","foi_fairiscoreVersions":{"v1":2,"v2":2},"foi_fileName":"Z%2F21%2F166026%20-%20282444%20-%20Tweede%20bestuursrapportage%202021%20ISD%20BOL.pdf","foi_nrPages":86},{"dc_format":"application/pdf","dc_identifier":"nl.gm1954.2c.2021.2832650-15.doc.2","dc_source":"https://api1.ibabs.eu/publicdownload.aspx?site=Beekdaelen&id=ed88e695-0454-44c6-9b29-e474b79767ab","dc_title":"Raadsbesluit Tweede bestuursrapportage 2021 ISD BOL - vastgesteld raad 15112021","dc_type":"bijlage","foi_fairiscoreVersions":{"v1":1,"v2":1},"foi_fileName":"Z%2F21%2F166026%20-%20282445%20-%20Raadsbesluit%20tweede%20bestuursrapportage%202021%20ISD%20BOL.pdf","foi_nrPages":1},{"dc_format":"application/pdf","dc_identifier":"nl.gm1954.2c.2021.2832650-15.doc.3","dc_source":"https://api1.ibabs.eu/publicdownload.aspx?site=Beekdaelen&id=8cb656e7-e001-449a-ba75-690e6628f124","dc_title":"Uitgaande brief aan ISD BOL inzake raadsbesluit - vastgesteld raad 15112021","dc_type":"bijlage","foi_fairiscoreVersions":{"v1":1,"v2":1},"foi_fileName":"Z%2F21%2F166026%20-%20282449%20-%20Uitgaande%20brief%20aan%20ISD%20BOL%20inzake%20raadsbesluit%2021-12-2021.pdf","foi_nrPages":1}],"foi_nrDocuments":4,"foi_nrPagesInDossier":92,"foi_publishedDate":"2021-11-15","foi_retrievedDate":"2026-01-22"},{"dc_creator":"HandelingScraper_v1","dc_date_year":2021,"dc_description":"Vergadering van de Gemeente Beekdaelen op 2021-11-15. Onderdeel: Vaststelling lijst ingekomen stukken 13 oktober - 15 november 2021.","dc_identifier":"nl.gm1954.2c.2021.2832650-16","dc_publisher":"gm1954","dc_source":"https://beekdaelen.bestuurlijkeinformatie.nl/Agenda/Index/87223d8a-33e3-4f19-b1cf-4e1f26b66acb","dc_title":"Raadsvergadering 2021-11-15 - Vaststelling lijst ingekomen stukken 13 oktober - 15 november 2021","dc_type":"2c","dc_type_description":"Vergaderstuk decentrale overheid","foi_fairiscoreVersions":{"v1":null,"v2":null},"foi_files":[{"dc_format":"application/pdf","dc_identifier":"nl.gm1954.2c.2021.2832650-16.doc.3","dc_source":"https://api1.ibabs.eu/publicdownload.aspx?site=Beekdaelen&id=f0ecd2bf-53fb-4c63-8771-44c14ace9fa4","dc_title":"Lijst ingekomen stukken raad 15112021 - 2e versie 11-11-2021 - vastgesteld raad 15112021","dc_type":"bijlage","foi_fileName":"Lijst%20ingekomen%20stukken%20raad%2015112021%20-%202e%20versie%2011-11-2021.pdf"},{"dc_format":"application/pdf","dc_identifier":"nl.gm1954.2c.2021.2832650-16.doc.1","dc_source":"https://api1.ibabs.eu/publicdownload.aspx?site=Beekdaelen&id=1b093d64-0097-469d-89ff-76f5a3476777","dc_title":"Lijst ingekomen stukken raad 15112021 versie 04112021","dc_type":"bijlage","foi_fileName":"Lijst%20ingekomen%20stukken%20raad%2015112021%20versie%2004112021.pdf"},{"dc_format":"application/pdf","dc_identifier":"nl.gm1954.2c.2021.2832650-16.doc.2","dc_source":"https://api1.ibabs.eu/publicdownload.aspx?site=Beekdaelen&id=b6394677-f24b-4678-a330-751fd8478675","dc_title":"Lijst ingekomen stukken raad 15112021 versie 11112021","dc_type":"bijlage","foi_fileName":"Lijst%20ingekomen%20stukken%20raad%2015112021%20versie%2011112021.pdf"}],"foi_nrDocuments":3,"foi_nrPagesInDossier":0,"foi_publishedDate":"2021-11-15","foi_retrievedDate":"2025-12-01"},{"dc_creator":"HandelingScraper_v1","dc_date_year":2021,"dc_description":"Vergadering van de Gemeente Beekdaelen op 2021-11-15. Onderdeel: Vaststelling van de agenda.","dc_identifier":"nl.gm1954.2c.2021.2832650-2","dc_publisher":"gm1954","dc_source":"https://beekdaelen.bestuurlijkeinformatie.nl/Agenda/Index/87223d8a-33e3-4f19-b1cf-4e1f26b66acb","dc_title":"Raadsvergadering 2021-11-15 - Vaststelling van de agenda","dc_type":"2c","dc_type_description":"Vergaderstuk decentrale overheid","foi_fairiscoreVersions":{"v1":1,"v2":1},"foi_files":[{"dc_format":"application/pdf","dc_identifier":"nl.gm1954.2c.2021.2832650-2.doc.1","dc_source":"https://api1.ibabs.eu/publicdownload.aspx?site=Beekdaelen&id=79c0c531-bc3f-454e-ae3a-07eaaf9e8d3b","dc_title":"Agenda raadsvergadering 15 november 2021 - vastgesteld raad 15112021","dc_type":"bijlage","foi_fairiscoreVersions":{"v1":1,"v2":1},"foi_fileName":"Agenda%20raadsvergadering%2015%20november%202021.pdf","foi_nrPages":1}],"foi_nrDocuments":1,"foi_nrPagesInDossier":1,"foi_publishedDate":"2021-11-15","foi_retrievedDate":"2026-02-05"},{"dc_creator":"HandelingScraper_v1","dc_date_year":2021,"dc_description":"Vergadering van de Gemeente Beekdaelen op 2021-11-15. Onderdeel: Vaststellen besluitenlijst openbare raadsvergadering d.d. 12 oktober 2021.","dc_identifier":"nl.gm1954.2c.2021.2832650-3","dc_publisher":"gm1954","dc_source":"https://beekdaelen.bestuurlijkeinformatie.nl/Agenda/Index/87223d8a-33e3-4f19-b1cf-4e1f26b66acb","dc_title":"Raadsvergadering 2021-11-15 - Vaststellen besluitenlijst openbare raadsvergadering d.d. 12 oktober 2021","dc_type":"2c","dc_type_description":"Vergaderstuk decentrale overheid","foi_fairiscoreVersions":{"v1":1,"v2":1},"foi_files":[{"dc_format":"application/pdf","dc_identifier":"nl.gm1954.2c.2021.2832650-3.doc.1","dc_source":"https://api1.ibabs.eu/publicdownload.aspx?site=Beekdaelen&id=0d9e5a66-a84c-47f4-a60e-2293a3ac67d3","dc_title":"Besluitenlijst raadsvergadering 12 oktober 2021 - vastgesteld raad 15112021","dc_type":"bijlage","foi_fairiscoreVersions":{"v1":1,"v2":1},"foi_fileName":"Besluitenlijst%20raadsvergadering%2012%20oktober%202021.pdf","foi_nrPages":10}],"foi_nrDocuments":1,"foi_nrPagesInDossier":10,"foi_publishedDate":"2021-11-15","foi_retrievedDate":"2026-02-05"},{"dc_creator":"HandelingScraper_v1","dc_date_year":2021,"dc_description":"Vergadering van de Gemeente Beekdaelen op 2021-11-15. Onderdeel: Begroting 2022.","dc_identifier":"nl.gm1954.2c.2021.2832650-4","dc_publisher":"gm1954","dc_source":"https://beekdaelen.bestuurlijkeinformatie.nl/Agenda/Index/87223d8a-33e3-4f19-b1cf-4e1f26b66acb","dc_title":"Raadsvergadering 2021-11-15 - Begroting 2022","dc_type":"2c","dc_type_description":"Vergaderstuk decentrale overheid","foi_fairiscoreVersions":{"v1":null,"v2":null},"foi_files":[{"dc_format":"application/pdf","dc_identifier":"nl.gm1954.2c.2021.2832650-4.doc.1","dc_source":"https://api1.ibabs.eu/publicdownload.aspx?site=Beekdaelen&id=9850b927-53b7-4d0d-9f93-de79fff767fe","dc_title":"Raadsvoorstel inzake Begroting 2022","dc_type":"bijlage","foi_fileName":"283980_1.DOCX%20-%20Z21161790%20-%20283980%20-%20Begroting%202022.pdf"},{"dc_format":"application/pdf","dc_identifier":"nl.gm1954.2c.2021.2832650-4.doc.3","dc_source":"https://api1.ibabs.eu/publicdownload.aspx?site=Beekdaelen&id=4701057f-bd0e-4437-ac7a-cd7d930d6794","dc_title":"A1 Amendement GL, PvdA en BL inzake Nuinhofwijk AANGENOMEN.docx","dc_type":"bijlage","foi_fileName":"A1%20Amendement%20GL_%20PvdA%20en%20BL%20inzake%20Nuinhofwijk%20AANGENOMEN.pdf"},{"dc_format":"application/pdf","dc_identifier":"nl.gm1954.2c.2021.2832650-4.doc.5","dc_source":"https://api1.ibabs.eu/publicdownload.aspx?site=Beekdaelen&id=09eb5e10-adb8-40b9-b63d-3528d7bd25dc","dc_title":"A2 Amendement D66 en VVD inzake belastingen conform index kadernota VERWORPEN","dc_type":"bijlage","foi_fileName":"A2%20Amendement%20D66%20en%20VVD%20inzake%20belastingen%20conform%20index%20kadernota%20VERWORPEN.pdf"},{"dc_format":"application/pdf","dc_identifier":"nl.gm1954.2c.2021.2832650-4.doc.6","dc_source":"https://api1.ibabs.eu/publicdownload.aspx?site=Beekdaelen&id=eb0c933c-8118-4cb8-ab5c-a43a578e6037","dc_title":"A3 Amendement VVD inzake kredietvotering ontwikkelplan personeel VERWORPEN","dc_type":"bijlage","foi_fileName":"A3%20Amendement%20VVD%20inzake%20kredietvotering%20ontwikkelplan%20personeel%20VERWORPEN.pdf"},{"dc_format":"application/pdf","dc_identifier":"nl.gm1954.2c.2021.2832650-4.doc.24","dc_source":"https://api1.ibabs.eu/publicdownload.aspx?site=Beekdaelen&id=11c48a62-2cc3-4b24-b4d6-e8e161f6d11e","dc_title":"Algemene beschouwing CDA begroting 2022","dc_type":"bijlage","foi_fileName":"Algemene%20beschouwing%20CDA%20begroting%202022.pdf"},{"dc_format":"application/pdf","dc_identifier":"nl.gm1954.2c.2021.2832650-4.doc.23","dc_source":"https://api1.ibabs.eu/publicdownload.aspx?site=Beekdaelen&id=c374577d-fae4-48de-88af-61cd47308b0a","dc_title":"Algemene beschouwingen BL begroting 2022","dc_type":"bijlage","foi_fileName":"Algemene%20beschouwingen%20Beekdaelen%20Lokaal%20begroting%202022.pdf"},{"dc_format":"application/pdf","dc_identifier":"nl.gm1954.2c.2021.2832650-4.doc.27","dc_source":"https://api1.ibabs.eu/publicdownload.aspx?site=Beekdaelen&id=1f06a5cd-0c9b-4106-873f-6541f34968b3","dc_title":"Algemene beschouwingen D66 begroting 2022","dc_type":"bijlage","foi_fileName":"Algemene%20beschouwingen%20D66%20begroting%202022.pdf"},{"dc_format":"application/pdf","dc_identifier":"nl.gm1954.2c.2021.2832650-4.doc.28","dc_source":"https://api1.ibabs.eu/publicdownload.aspx?site=Beekdaelen&id=155a7936-c66c-47a0-a913-dacf202bac77","dc_title":"Algemene beschouwingen GL begroting 2022","dc_type":"bijlage","foi_fileName":"Algemene%20beschouwingen%20GL%20begroting%202022.pdf"},{"dc_format":"application/pdf","dc_identifier":"nl.gm1954.2c.2021.2832650-4.doc.29","dc_source":"https://api1.ibabs.eu/publicdownload.aspx?site=Beekdaelen&id=94adb92d-fdca-4e91-967b-0114d55d1759","dc_title":"Algemene beschouwingen PvdA begroting 2022","dc_type":"bijlage","foi_fileName":"Algemene%20beschouwingen%20PvdA%20begroting%202022.pdf"},{"dc_format":"application/pdf","dc_identifier":"nl.gm1954.2c.2021.2832650-4.doc.30","dc_source":"https://api1.ibabs.eu/publicdownload.aspx?site=Beekdaelen&id=53de7ee5-6bce-4df8-9fc0-26d4ca2af5ec","dc_title":"Algemene beschouwingen VG begroting 2022","dc_type":"bijlage","foi_fileName":"Algemene%20beschouwingen%20VG%20begroting%202022.pdf"},{"dc_format":"application/pdf","dc_identifier":"nl.gm1954.2c.2021.2832650-4.doc.26","dc_source":"https://api1.ibabs.eu/publicdownload.aspx?site=Beekdaelen&id=bfd402ca-499f-4c65-b24c-6eb687afed08","dc_title":"Algemene beschouwingen VG begroting 2022","dc_type":"bijlage","foi_fileName":"Algemene%20beschouwingen%20VG%20begroting%202022.pdf"},{"dc_format":"application/pdf","dc_identifier":"nl.gm1954.2c.2021.2832650-4.doc.25","dc_source":"https://api1.ibabs.eu/publicdownload.aspx?site=Beekdaelen&id=91f157db-be04-4055-aa08-0842c324a0e7","dc_title":"Algemene beschouwingen VVD begroting 2022","dc_type":"bijlage","foi_fileName":"Algemene%20beschouwingen%20VVD%20begroting%202022.pdf"},{"dc_format":"application/pdf","dc_identifier":"nl.gm1954.2c.2021.2832650-4.doc.7","dc_source":"https://api1.ibabs.eu/publicdownload.aspx?site=Beekdaelen&id=0dff65ea-b52b-474d-9b77-94f03ce5b171","dc_title":"Geamendeerd raadsbesluit Begroting 2022 - vastgesteld raad 15112021","dc_type":"bijlage","foi_fileName":"Geamendeerd%20raadsbesluit%20Begroting%202022.pdf"},{"dc_format":"application/pdf","dc_identifier":"nl.gm1954.2c.2021.2832650-4.doc.9","dc_source":"https://api1.ibabs.eu/publicdownload.aspx?site=Beekdaelen&id=0bb8ea70-e3aa-406c-bba6-d3c644d19650","dc_title":"M1 Motie VVD VOG VERWORPEN","dc_type":"bijlage","foi_fileName":"M1%20Motie%20VVD%20VOG%20VERWORPEN.pdf"},{"dc_format":"application/pdf","dc_identifier":"nl.gm1954.2c.2021.2832650-4.doc.18","dc_source":"https://api1.ibabs.eu/publicdownload.aspx?site=Beekdaelen&id=3ee402fe-fb82-437e-9183-2f321920231f","dc_title":"M10 Motie VG en CDA inzake Park de Oirsprong UNANIEM AANGENOMEN","dc_type":"bijlage","foi_fileName":"M10%20Motie%20VG%20en%20CDA%20inzake%20Park%20de%20Oirsprong%20UNANIEM%20AANGENOMEN.pdf"},{"dc_format":"application/pdf","dc_identifier":"nl.gm1954.2c.2021.2832650-4.doc.19","dc_source":"https://api1.ibabs.eu/publicdownload.aspx?site=Beekdaelen&id=d895448b-715a-4f82-9499-5b1240ba516f","dc_title":"M11 Motie CDA, VG, VVD en BL inzake schutterij Vaesrade AANGEHOUDEN","dc_type":"bijlage","foi_fileName":"M11%20Motie%20CDA_%20VG_%20VVD%20en%20BL%20inzake%20schutterij%20Vaesrade%20AANGEHOUDEN.pdf"},{"dc_format":"application/pdf","dc_identifier":"nl.gm1954.2c.2021.2832650-4.doc.20","dc_source":"https://api1.ibabs.eu/publicdownload.aspx?site=Beekdaelen&id=081e0948-fa29-4e62-b1ee-517dfe500c81","dc_title":"M12 Motie D66 inz. onderst. horeca VERWORPEN","dc_type":"bijlage","foi_fileName":"M12%20Motie%20D66%20inz.%20onderst.%20horeca%20VERWORPEN.pdf"},{"dc_format":"application/pdf","dc_identifier":"nl.gm1954.2c.2021.2832650-4.doc.10","dc_source":"https://api1.ibabs.eu/publicdownload.aspx?site=Beekdaelen&id=1f087883-3b49-4f87-835f-aa42b91bb9be","dc_title":"M2 Motie Normaliseren woonlasten VERWORPEN","dc_type":"bijlage","foi_fileName":"M2%20Motie%20Normaliseren%20woonlasten%20VERWORPEN.pdf"},{"dc_format":"application/pdf","dc_identifier":"nl.gm1954.2c.2021.2832650-4.doc.11","dc_source":"https://api1.ibabs.eu/publicdownload.aspx?site=Beekdaelen&id=cc557fa9-5613-4754-813a-77b9379b1d39","dc_title":"M3 Motie VG, D66, BL en CDA inzake FaSiLa UNANIEM AANGENOMEN","dc_type":"bijlage","foi_fileName":"M3%20Motie%20VG_%20D66_%20BL%20en%20CDA%20inzake%20FaSiLa%20UNANIEM%20AANGENOMEN.pdf"},{"dc_format":"application/pdf","dc_identifier":"nl.gm1954.2c.2021.2832650-4.doc.12","dc_source":"https://api1.ibabs.eu/publicdownload.aspx?site=Beekdaelen&id=6f903a0c-cb99-4026-a89b-1c0874d31ac7","dc_title":"M4 Motie PvdA inzake Elektronisch bekendmakingen VERWORPEN","dc_type":"bijlage","foi_fileName":"M4%20Motie%20PvdA%20inzake%20Elektronisch%20bekendmakingen%20VERWORPEN.pdf"},{"dc_format":"application/pdf","dc_identifier":"nl.gm1954.2c.2021.2832650-4.doc.13","dc_source":"https://api1.ibabs.eu/publicdownload.aspx?site=Beekdaelen&id=a8c93419-91f2-4cec-9b71-ab3d9cbd2be1","dc_title":"M5 Motie PvdA, D66 en VVD inzake bespieden burgers AANGEHOUDEN","dc_type":"bijlage","foi_fileName":"M5%20Motie%20PvdA_%20D66%20en%20VVD%20inzake%20bespieden%20burgers%20AANGEHOUDEN.pdf"},{"dc_format":"application/pdf","dc_identifier":"nl.gm1954.2c.2021.2832650-4.doc.14","dc_source":"https://api1.ibabs.eu/publicdownload.aspx?site=Beekdaelen&id=63cc3d67-7a72-4f0d-8514-fcfee721a2ee","dc_title":"M6 Motie BL, CDA, VG en D66 inzake Flitspalen AANGENOMEN","dc_type":"bijlage","foi_fileName":"M6%20Motie%20BL_%20CDA_%20VG%20en%20D66%20inzake%20Flitspalen%20AANGENOMEN.pdf"},{"dc_format":"application/pdf","dc_identifier":"nl.gm1954.2c.2021.2832650-4.doc.15","dc_source":"https://api1.ibabs.eu/publicdownload.aspx?site=Beekdaelen&id=c3accaf8-e36d-474d-bc07-132e920df4a8","dc_title":"M7 Motie BL inzake Energiearmoede VERWORPEN","dc_type":"bijlage","foi_fileName":"M7%20Motie%20BL%20inzake%20Energiearmoede%20VERWORPEN.pdf"},{"dc_format":"application/pdf","dc_identifier":"nl.gm1954.2c.2021.2832650-4.doc.16","dc_source":"https://api1.ibabs.eu/publicdownload.aspx?site=Beekdaelen&id=2a0400c7-fd58-48c1-9b11-d6781dc930f0","dc_title":"M8 Motie VVD Levensbomenbos UNANIEM AANGENOMEN","dc_type":"bijlage","foi_fileName":"M8%20Motie%20VVD%20Levensbomenbos%20UNANIEM%20AANGENOMEN.pdf"},{"dc_format":"application/pdf","dc_identifier":"nl.gm1954.2c.2021.2832650-4.doc.17","dc_source":"https://api1.ibabs.eu/publicdownload.aspx?site=Beekdaelen&id=47e64fa4-2a8c-49d7-a608-9fc3f5c5e63e","dc_title":"M9 Motie VVD Vergoeding controle coronatoegangsbewijzen AANGENOMEN","dc_type":"bijlage","foi_fileName":"M9%20Motie%20VVD%20Vergoeding%20controle%20coronatoegangsbewijzen%20AANGENOMEN.pdf"},{"dc_format":"application/pdf","dc_identifier":"nl.gm1954.2c.2021.2832650-4.doc.2","dc_source":"https://api1.ibabs.eu/publicdownload.aspx?site=Beekdaelen&id=a4b2a535-07fa-43ae-afc8-d2bc0b4d3b40","dc_title":"Nota van wijziging begroting 2022","dc_type":"bijlage","foi_fileName":"Nota%20van%20wijziging%20begroting%202022.pdf"},{"dc_format":"application/pdf","dc_identifier":"nl.gm1954.2c.2021.2832650-4.doc.22","dc_source":"https://api1.ibabs.eu/publicdownload.aspx?site=Beekdaelen&id=2950d701-deeb-4bf0-9911-3ee7a4f2b765","dc_title":"Overzicht van ingediende moties en amendementen Begroting 2022 incl. uitslagen","dc_type":"bijlage","foi_fileName":"Overzicht%20van%20ingediende%20moties%20en%20amendementen%20Begroting%202022%20incl.%20uitslagen.pdf"},{"dc_format":"application/pdf","dc_identifier":"nl.gm1954.2c.2021.2832650-4.doc.8","dc_source":"https://api1.ibabs.eu/publicdownload.aspx?site=Beekdaelen&id=8838a64a-524d-4420-92cb-e01b05d32ca9","dc_title":"Programmabegroting 2022 na tweede nota van wijziging","dc_type":"bijlage","foi_fileName":"Programmabegroting%202022%20na%20tweede%20nota%20van%20wijziging.pdf"},{"dc_format":"application/pdf","dc_identifier":"nl.gm1954.2c.2021.2832650-4.doc.21","dc_source":"https://api1.ibabs.eu/publicdownload.aspx?site=Beekdaelen&id=b2acdbff-254d-4a6f-bf62-968cc450c6e6","dc_title":"Technische vragen VG inclusief beantwoording","dc_type":"bijlage","foi_fileName":"Technische%20vragen%20VG%20inclusief%20beantwoording.pdf"},{"dc_format":"application/pdf","dc_identifier":"nl.gm1954.2c.2021.2832650-4.doc.4","dc_source":"https://api1.ibabs.eu/publicdownload.aspx?site=Beekdaelen&id=0d35b23b-5f14-4c7a-a9aa-94db0fb35b0f","dc_title":"Tweede nota van wijziging RVS begroting","dc_type":"bijlage","foi_fileName":"Tweede%20nota%20van%20wijziging%20RVS%20begroting.pdf"}],"foi_nrDocuments":30,"foi_nrPagesInDossier":0,"foi_publishedDate":"2021-11-15","foi_retrievedDate":"2025-11-30"},{"dc_creator":"HandelingScraper_v1","dc_date_year":2021,"dc_description":"Vergadering van de Gemeente Beekdaelen op 2021-11-15. Onderdeel: Voorstel inzake vaststellen verordening afvalstoffenheffing 2022.","dc_identifier":"nl.gm1954.2c.2021.2832650-5","dc_publisher":"gm1954","dc_source":"https://beekdaelen.bestuurlijkeinformatie.nl/Agenda/Index/87223d8a-33e3-4f19-b1cf-4e1f26b66acb","dc_title":"Raadsvergadering 2021-11-15 - Voorstel inzake vaststellen verordening afvalstoffenheffing 2022","dc_type":"2c","dc_type_description":"Vergaderstuk decentrale overheid","foi_fairiscoreVersions":{"v1":2,"v2":1},"foi_files":[{"dc_format":"application/pdf","dc_identifier":"nl.gm1954.2c.2021.2832650-5.doc.2","dc_source":"https://api1.ibabs.eu/publicdownload.aspx?site=Beekdaelen&id=8626f9d8-1f88-4ce4-9a0d-6bcf4686cc22","dc_title":"raadsbesluit verordening afvalstoffenheffing 2022 - vastgesteld raad 15112021","dc_type":"bijlage","foi_fairiscoreVersions":{"v1":1,"v2":1},"foi_fileName":"raadsbesluit%20verordening%20afvalstoffenheffing%202022.pdf","foi_nrPages":1},{"dc_format":"application/pdf","dc_identifier":"nl.gm1954.2c.2021.2832650-5.doc.1","dc_source":"https://api1.ibabs.eu/publicdownload.aspx?site=Beekdaelen&id=9fc67d21-0415-46ff-aa3b-c15781cb8851","dc_title":"raadsvoorstel verordening afvalstoffenheffing 2022","dc_type":"bijlage","foi_fairiscoreVersions":{"v1":1,"v2":1},"foi_fileName":"raadsvoorstel%20verordening%20afvalstoffenheffing%202022.pdf","foi_nrPages":2},{"dc_format":"application/pdf","dc_identifier":"nl.gm1954.2c.2021.2832650-5.doc.5","dc_source":"https://api1.ibabs.eu/publicdownload.aspx?site=Beekdaelen&id=0ac0556b-e6f2-4b40-9500-50b64dc943e3","dc_title":"tarieventabel afvalstoffenheffing 2022 was - wordt","dc_type":"bijlage","foi_fairiscoreVersions":{"v1":1,"v2":1},"foi_fileName":"tarieventabel%20afvalstoffenheffing%202022%20was%20-%20wordt.pdf","foi_nrPages":2},{"dc_format":"application/pdf","dc_identifier":"nl.gm1954.2c.2021.2832650-5.doc.4","dc_source":"https://api1.ibabs.eu/publicdownload.aspx?site=Beekdaelen&id=a324b9da-dea9-48a7-9b9e-e14e3186393f","dc_title":"tarieventabel verordening afvalstoffenheffing 2022 - vastgesteld raad 15112021","dc_type":"bijlage","foi_fairiscoreVersions":{"v1":2,"v2":1},"foi_fileName":"tarieventabel%20verordening%20afvalstoffenheffing%202022.pdf","foi_nrPages":3},{"dc_format":"application/pdf","dc_identifier":"nl.gm1954.2c.2021.2832650-5.doc.3","dc_source":"https://api1.ibabs.eu/publicdownload.aspx?site=Beekdaelen&id=75b19613-cd78-4321-bf1f-ed0e6a0462b2","dc_title":"verordening afvalstoffenheffing 2022 - vastgesteld raad 15112021","dc_type":"bijlage","foi_fairiscoreVersions":{"v1":1,"v2":1},"foi_fileName":"verordening%20afvalstoffenheffing%202022.pdf","foi_nrPages":4}],"foi_nrDocuments":5,"foi_nrPagesInDossier":12,"foi_publishedDate":"2021-11-15","foi_retrievedDate":"2025-11-29"},{"dc_creator":"HandelingScraper_v1","dc_date_year":2021,"dc_description":"Vergadering van de Gemeente Beekdaelen op 2021-11-15. Onderdeel: Voorstel inzake vaststellen verordening OZB 2022.","dc_identifier":"nl.gm1954.2c.2021.2832650-6","dc_publisher":"gm1954","dc_source":"https://beekdaelen.bestuurlijkeinformatie.nl/Agenda/Index/87223d8a-33e3-4f19-b1cf-4e1f26b66acb","dc_title":"Raadsvergadering 2021-11-15 - Voorstel inzake vaststellen verordening OZB 2022","dc_type":"2c","dc_type_description":"Vergaderstuk decentrale overheid","foi_fairiscoreVersions":{"v1":2,"v2":1},"foi_files":[{"dc_format":"application/pdf","dc_identifier":"nl.gm1954.2c.2021.2832650-6.doc.3","dc_source":"https://api1.ibabs.eu/publicdownload.aspx?site=Beekdaelen&id=2312eaf5-99da-4cfa-a683-e699d0f5e005","dc_title":"ozb-verordening 2022 - vastgesteld raad 1511 2021","dc_type":"bijlage","foi_fairiscoreVersions":{"v1":1,"v2":1},"foi_fileName":"ozb-verordening%202022.pdf","foi_nrPages":4},{"dc_format":"application/pdf","dc_identifier":"nl.gm1954.2c.2021.2832650-6.doc.2","dc_source":"https://api1.ibabs.eu/publicdownload.aspx?site=Beekdaelen&id=ee0ef231-66cd-4ced-9493-07aee7a95d24","dc_title":"raadsbesluit ozb-verordening 2022 - vastgesteld raad 15112021","dc_type":"bijlage","foi_fairiscoreVersions":{"v1":1,"v2":1},"foi_fileName":"raadsbesluit%20ozb-verordening%202022.pdf","foi_nrPages":1},{"dc_format":"application/pdf","dc_identifier":"nl.gm1954.2c.2021.2832650-6.doc.1","dc_source":"https://api1.ibabs.eu/publicdownload.aspx?site=Beekdaelen&id=ac81cf15-446a-43ee-8888-c05c09c4de87","dc_title":"raadsvoorstel ozb-verordening 2022","dc_type":"bijlage","foi_fairiscoreVersions":{"v1":2,"v2":1},"foi_fileName":"raadsvoorstel%20ozb-verordening%202022.pdf","foi_nrPages":3},{"dc_format":"application/pdf","dc_identifier":"nl.gm1954.2c.2021.2832650-6.doc.4","dc_source":"https://api1.ibabs.eu/publicdownload.aspx?site=Beekdaelen&id=37ea4c2d-6f43-40b3-8729-43c560e488f6","dc_title":"was - wordt tabel ozb 2022","dc_type":"bijlage","foi_fairiscoreVersions":{"v1":1,"v2":1},"foi_fileName":"was%20-%20wordt%20tabel%20ozb%202022.pdf","foi_nrPages":1}],"foi_nrDocuments":4,"foi_nrPagesInDossier":9,"foi_publishedDate":"2021-11-15","foi_retrievedDate":"2026-02-05"},{"dc_creator":"HandelingScraper_v1","dc_date_year":2021,"dc_description":"Vergadering van de Gemeente Beekdaelen op 2021-11-15. Onderdeel: Voorstel inzake vaststellen verordening rioolheffing 2022.","dc_identifier":"nl.gm1954.2c.2021.2832650-7","dc_publisher":"gm1954","dc_source":"https://beekdaelen.bestuurlijkeinformatie.nl/Agenda/Index/87223d8a-33e3-4f19-b1cf-4e1f26b66acb","dc_title":"Raadsvergadering 2021-11-15 - Voorstel inzake vaststellen verordening rioolheffing 2022","dc_type":"2c","dc_type_description":"Vergaderstuk decentrale overheid","foi_fairiscoreVersions":{"v1":null,"v2":null},"foi_files":[{"dc_format":"application/pdf","dc_identifier":"nl.gm1954.2c.2021.2832650-7.doc.2","dc_source":"https://api1.ibabs.eu/publicdownload.aspx?site=Beekdaelen&id=2f3bbcd5-ea32-4b56-9eb4-0699d48c822e","dc_title":"raadsbesluit verordening rioolheffing 2022 - vastgesteld raad 15112021","dc_type":"bijlage","foi_fileName":"raadsbesluit%20verordening%20rioolheffing%202022.pdf"},{"dc_format":"application/pdf","dc_identifier":"nl.gm1954.2c.2021.2832650-7.doc.1","dc_source":"https://api1.ibabs.eu/publicdownload.aspx?site=Beekdaelen&id=8d2ea9aa-647b-4564-87fa-8cb556511679","dc_title":"raadsvoorstel verordening rioolheffing 2022","dc_type":"bijlage","foi_fileName":"raadsvoorstel%20verordening%20rioolheffing%202022.pdf"},{"dc_format":"application/pdf","dc_identifier":"nl.gm1954.2c.2021.2832650-7.doc.3","dc_source":"https://api1.ibabs.eu/publicdownload.aspx?site=Beekdaelen&id=e857e4fa-f8cf-4ba2-b25e-3d6d94606c8f","dc_title":"verordening rioolheffing 2022 vastgesteld raad 15112021","dc_type":"bijlage","foi_fileName":"verordening%20rioolheffing%202022.pdf"},{"dc_format":"application/pdf","dc_identifier":"nl.gm1954.2c.2021.2832650-7.doc.4","dc_source":"https://api1.ibabs.eu/publicdownload.aspx?site=Beekdaelen&id=3a96f1c3-6662-44ee-a9e2-17871ca5802c","dc_title":"verordening rioolheffing 2022 was - wordt","dc_type":"bijlage","foi_fileName":"verordening%20rioolheffing%202022%20was%20-%20wordt.pdf"}],"foi_nrDocuments":4,"foi_nrPagesInDossier":0,"foi_publishedDate":"2021-11-15","foi_retrievedDate":"2025-12-01"},{"dc_creator":"HandelingScraper_v1","dc_date_year":2021,"dc_description":"Vergadering van de Gemeente Beekdaelen op 2021-11-15. Onderdeel: Voorstel inzake vaststellen verordening lijkbezorgingsrechten gemeente Beekdaelen 2022.","dc_identifier":"nl.gm1954.2c.2021.2832650-8","dc_publisher":"gm1954","dc_source":"https://beekdaelen.bestuurlijkeinformatie.nl/Agenda/Index/87223d8a-33e3-4f19-b1cf-4e1f26b66acb","dc_title":"Raadsvergadering 2021-11-15 - Voorstel inzake vaststellen verordening lijkbezorgingsrechten gemeente Beekdaelen 2022","dc_type":"2c","dc_type_description":"Vergaderstuk decentrale overheid","foi_fairiscoreVersions":{"v1":1,"v2":1},"foi_files":[{"dc_format":"application/pdf","dc_identifier":"nl.gm1954.2c.2021.2832650-8.doc.2","dc_source":"https://api1.ibabs.eu/publicdownload.aspx?site=Beekdaelen&id=7fa5a984-836c-4083-aacd-0f51806b2c2b","dc_title":"raadsbesluit verordening lijkbezorgingsrechten 2022 - vastgesteld raad 15112021","dc_type":"bijlage","foi_fairiscoreVersions":{"v1":1,"v2":1},"foi_fileName":"raadsbesluit%20verordening%20lijkbezorgingsrechten%202022.pdf","foi_nrPages":1},{"dc_format":"application/pdf","dc_identifier":"nl.gm1954.2c.2021.2832650-8.doc.1","dc_source":"https://api1.ibabs.eu/publicdownload.aspx?site=Beekdaelen&id=c2f4bb4f-32c0-4704-ab09-7db3b6521275","dc_title":"raadsvoorstel verordening lijkbezorgingsrechten 2022","dc_type":"bijlage","foi_fairiscoreVersions":{"v1":1,"v2":1},"foi_fileName":"raadsvoorstel%20verordening%20lijkbezorgingsrechten%202022.pdf","foi_nrPages":2},{"dc_format":"application/pdf","dc_identifier":"nl.gm1954.2c.2021.2832650-8.doc.5","dc_source":"https://api1.ibabs.eu/publicdownload.aspx?site=Beekdaelen&id=53eac5e9-304a-43bd-a043-a30d9e33049f","dc_title":"tarieven lijkbezorgingsrechten 2022 was - wordt","dc_type":"bijlage","foi_fairiscoreVersions":{"v1":1,"v2":1},"foi_fileName":"tarieven%20lijkbezorgingsrechten%202022%20was%20-%20wordt.pdf","foi_nrPages":3},{"dc_format":"application/pdf","dc_identifier":"nl.gm1954.2c.2021.2832650-8.doc.4","dc_source":"https://api1.ibabs.eu/publicdownload.aspx?site=Beekdaelen&id=e418d482-f5ca-4421-8658-c0125c78e647","dc_title":"tarieventabel lijkbezorgingsrechten 2022 - vastgesteld raad 15112021","dc_type":"bijlage","foi_fairiscoreVersions":{"v1":1,"v2":1},"foi_fileName":"tarieventabel%20lijkbezorgingsrechten%202022.pdf","foi_nrPages":3},{"dc_format":"application/pdf","dc_identifier":"nl.gm1954.2c.2021.2832650-8.doc.3","dc_source":"https://api1.ibabs.eu/publicdownload.aspx?site=Beekdaelen&id=83502fa4-6943-424e-8b52-1da53c7c0743","dc_title":"verordening lijkbezorgingsrechten 2022 - vastgesteld raad 15112021","dc_type":"bijlage","foi_fairiscoreVersions":{"v1":1,"v2":1},"foi_fileName":"verordening%20lijkbezorgingsrechten%202022.pdf","foi_nrPages":3}],"foi_nrDocuments":5,"foi_nrPagesInDossier":12,"foi_publishedDate":"2021-11-15","foi_retrievedDate":"2026-02-12"},{"dc_creator":"HandelingScraper_v1","dc_date_year":2021,"dc_description":"Vergadering van de Gemeente Beekdaelen op 2021-11-15. Onderdeel: Voorstel inzake vaststellen verordening kwijtschelding gemeentelijke belastingen 2022.","dc_identifier":"nl.gm1954.2c.2021.2832650-9","dc_publisher":"gm1954","dc_source":"https://beekdaelen.bestuurlijkeinformatie.nl/Agenda/Index/87223d8a-33e3-4f19-b1cf-4e1f26b66acb","dc_title":"Raadsvergadering 2021-11-15 - Voorstel inzake vaststellen verordening kwijtschelding gemeentelijke belastingen 2022","dc_type":"2c","dc_type_description":"Vergaderstuk decentrale overheid","foi_fairiscoreVersions":{"v1":null,"v2":null},"foi_files":[{"dc_format":"application/pdf","dc_identifier":"nl.gm1954.2c.2021.2832650-9.doc.2","dc_source":"https://api1.ibabs.eu/publicdownload.aspx?site=Beekdaelen&id=528b2c73-c26c-40a7-a352-b98ab2f4416b","dc_title":"raadsbesluit verordening kwijtschelding 2022 - vastgesteld raad 15112021","dc_type":"bijlage","foi_fileName":"raadsbesluit%20verordening%20kwijtschelding%202022.pdf"},{"dc_format":"application/pdf","dc_identifier":"nl.gm1954.2c.2021.2832650-9.doc.1","dc_source":"https://api1.ibabs.eu/publicdownload.aspx?site=Beekdaelen&id=aa2d9a2f-f43d-44a6-a8d5-c3dad6eee659","dc_title":"raadsvoorstel verordening kwijtschelding 2022","dc_type":"bijlage","foi_fileName":"raadsvoorstel%20verordening%20kwijtschelding%202022.pdf"},{"dc_format":"application/pdf","dc_identifier":"nl.gm1954.2c.2021.2832650-9.doc.3","dc_source":"https://api1.ibabs.eu/publicdownload.aspx?site=Beekdaelen&id=10ed06e5-6c8d-4f8f-b833-e8276a0dfe26","dc_title":"verordening kwijtschelding gemeente Beekdaelen 2022 - vastgesteld rad 15112021","dc_type":"bijlage","foi_fileName":"verordening%20kwijtschelding%20gemeente%20Beekdaelen%202022.pdf"}],"foi_nrDocuments":3,"foi_nrPagesInDossier":0,"foi_publishedDate":"2021-11-15","foi_retrievedDate":"2025-11-30"},{"dc_creator":"HandelingScraper_v1","dc_date_year":2021,"dc_description":"Vergadering van de Gemeente Beekdaelen op 2021-11-30. Onderdeel: Algemeen.","dc_identifier":"nl.gm1954.2c.2021.2832758-1","dc_publisher":"gm1954","dc_source":"https://beekdaelen.bestuurlijkeinformatie.nl/Agenda/Index/45e3d1c0-84ac-43ab-a4cb-6175b437ddda","dc_title":"Gecombineerde commissie (t/m april 2022) 2021-11-30 - Algemeen","dc_type":"2c","dc_type_description":"Vergaderstuk decentrale overheid","foi_fairiscoreVersions":{"v1":1,"v2":1},"foi_files":[{"dc_format":"application/pdf","dc_identifier":"nl.gm1954.2c.2021.2832758-1.doc.4","dc_source":"https://api1.ibabs.eu/publicdownload.aspx?site=Beekdaelen&id=8ce6d981-6616-40af-a3f1-16e63f4c9946","dc_title":"Technische voorvragen BL raadscommissie 30 november 2021 - deel 2","dc_type":"bijlage","foi_fairiscoreVersions":{"v1":1,"v2":1},"foi_fileName":"Technische%20voorvragen%20BL%20raadscommissie%2030%20november%202021%20-%20deel%202.pdf","foi_nrPages":2},{"dc_format":"application/pdf","dc_identifier":"nl.gm1954.2c.2021.2832758-1.doc.2","dc_source":"https://api1.ibabs.eu/publicdownload.aspx?site=Beekdaelen&id=11658ff0-96b8-445a-854f-9b1e2b5000a1","dc_title":"Technische voorvragen CDA gecomb raadscommissie 30 november 2021","dc_type":"bijlage","foi_fairiscoreVersions":{"v1":1,"v2":1},"foi_fileName":"Technische%20voorvragen%20CDA%20gecomb%20raadscommissie%2030%20november%202021%20-%20Verordening%20stimuleringsregeling%20Parkstad%20Limburg.pdf","foi_nrPages":1},{"dc_format":"application/pdf","dc_identifier":"nl.gm1954.2c.2021.2832758-1.doc.1","dc_source":"https://api1.ibabs.eu/publicdownload.aspx?site=Beekdaelen&id=8606255d-f5d2-4704-8a3f-bd3f10e8a3ee","dc_title":"Technische voorvragen VG gecomb raadscommissie 30 november 2021","dc_type":"bijlage","foi_fairiscoreVersions":{"v1":1,"v2":1},"foi_fileName":"Technische%20voorvragen%20VG%20gecomb%20raadscommissie%2030%20november%202021.pdf","foi_nrPages":1},{"dc_format":"application/pdf","dc_identifier":"nl.gm1954.2c.2021.2832758-1.doc.5","dc_source":"https://api1.ibabs.eu/publicdownload.aspx?site=Beekdaelen&id=f1a53c57-0415-45f3-897a-da399ef20f31","dc_title":"Technische voorvragen VVD gecomb raadscommissie 30 november 2021","dc_type":"bijlage","foi_fairiscoreVersions":{"v1":1,"v2":1},"foi_fileName":"Technische%20voorvragen%20VVD%20gecomb%20raadscommissie%2030%20november%202021.pdf","foi_nrPages":1},{"dc_format":"application/pdf","dc_identifier":"nl.gm1954.2c.2021.2832758-1.doc.3","dc_source":"https://api1.ibabs.eu/publicdownload.aspx?site=Beekdaelen&id=06246d50-3a5e-45fd-8488-922c4ef594f5","dc_title":"Technische voorvragen BL gecomb raadscommissie 30 november 2021","dc_type":"bijlage","foi_fairiscoreVersions":{"v1":1,"v2":1},"foi_fileName":"Technische%20vragen%20Beekdaelen%20Lokaal%20behorende%20bij%20agendapunt%20F1%20TVW.pdf","foi_nrPages":1}],"foi_nrDocuments":5,"foi_nrPagesInDossier":6,"foi_publishedDate":"2021-11-30","foi_retrievedDate":"2025-11-30"},{"dc_creator":"HandelingScraper_v1","dc_date_year":2021,"dc_description":"Vergadering van de Gemeente Beekdaelen op 2021-11-30. Onderdeel: Opening, mededelingen voorzitter en vaststellen agenda.","dc_identifier":"nl.gm1954.2c.2021.2832758-2","dc_publisher":"gm1954","dc_source":"https://beekdaelen.bestuurlijkeinformatie.nl/Agenda/Index/45e3d1c0-84ac-43ab-a4cb-6175b437ddda","dc_title":"Gecombineerde commissie (t/m april 2022) 2021-11-30 - Opening, mededelingen voorzitter en vaststellen agenda","dc_type":"2c","dc_type_description":"Vergaderstuk decentrale overheid","foi_fairiscoreVersions":{"v1":1,"v2":1},"foi_files":[{"dc_format":"application/pdf","dc_identifier":"nl.gm1954.2c.2021.2832758-2.doc.1","dc_source":"https://api1.ibabs.eu/publicdownload.aspx?site=Beekdaelen&id=c1723767-7633-48bb-aa34-db6b9e27dba5","dc_title":"Uitnodiging en voorlopige agenda gecomb. cie sociaal, bedrijfsvoering & ruimte - gewijzigd","dc_type":"bijlage","foi_fairiscoreVersions":{"v1":1,"v2":1},"foi_fileName":"2021%2011%2030%20Uitnodiging%20en%20voorlopige%20agenda%20gecomb.%20cie%20sociaal_%20bedrijfsvoering%20%26%20ruimte%20-%20gewijzigd.pdf","foi_nrPages":2},{"dc_format":"application/pdf","dc_identifier":"nl.gm1954.2c.2021.2832758-2.doc.2","dc_source":"https://api1.ibabs.eu/publicdownload.aspx?site=Beekdaelen&id=07f80dc4-f10b-47c6-8a0e-e0176b70bdf1","dc_title":"20211123 - Agenderingsverzoek VVD","dc_type":"bijlage","foi_fairiscoreVersions":{"v1":1,"v2":1},"foi_fileName":"20211123%20-%20Agenderingsverzoek%20VVD.pdf","foi_nrPages":1},{"dc_format":"application/pdf","dc_identifier":"nl.gm1954.2c.2021.2832758-2.doc.4","dc_source":"https://api1.ibabs.eu/publicdownload.aspx?site=Beekdaelen&id=ee4028ba-87df-4583-842e-4770b64da68f","dc_title":"Memo inzake verzoek afvoeren APV van de commissieagenda","dc_type":"bijlage","foi_fairiscoreVersions":{"v1":1,"v2":1},"foi_fileName":"Memo%20inzake%20verzoek%20afvoeren%20APV%20van%20de%20commissieagenda.pdf","foi_nrPages":1},{"dc_format":"application/pdf","dc_identifier":"nl.gm1954.2c.2021.2832758-2.doc.3","dc_source":"https://api1.ibabs.eu/publicdownload.aspx?site=Beekdaelen&id=15663743-eb78-4728-83f1-e85b83cf0572","dc_title":"Memorie van Antwoord m.b.t. agenderingsverzoek van de VVD","dc_type":"bijlage","foi_fairiscoreVersions":{"v1":1,"v2":1},"foi_fileName":"Memorie%20van%20Antwoord%20m.b.t.%20agenderingsverzoek%20van%20de%20VVD.pdf","foi_nrPages":3},{"dc_format":"application/pdf","dc_identifier":"nl.gm1954.2c.2021.2832758-2.doc.5","dc_source":"https://api1.ibabs.eu/publicdownload.aspx?site=Beekdaelen&id=4e50fff6-f786-4249-8bd7-dcae308a5d33","dc_title":"Vastgestelde agenda gecomb. cie 30.11.2021","dc_type":"bijlage","foi_fairiscoreVersions":{"v1":1,"v2":1},"foi_fileName":"Vastgestelde%20agenda%20gecomb.%20cie%2030.11.2021.pdf","foi_nrPages":1}],"foi_nrDocuments":5,"foi_nrPagesInDossier":8,"foi_publishedDate":"2021-11-30","foi_retrievedDate":"2026-02-05"},{"dc_creator":"HandelingScraper_v1","dc_date_year":2021,"dc_description":"Vergadering van de Gemeente Beekdaelen op 2021-11-30. Onderdeel: Vaststellen actiepuntenlijst van de commissie Sociaal & Bedrijfsvoering d.d. 4 november 2021.","dc_identifier":"nl.gm1954.2c.2021.2832758-3","dc_publisher":"gm1954","dc_source":"https://beekdaelen.bestuurlijkeinformatie.nl/Agenda/Index/45e3d1c0-84ac-43ab-a4cb-6175b437ddda","dc_title":"Gecombineerde commissie (t/m april 2022) 2021-11-30 - Vaststellen actiepuntenlijst van de commissie Sociaal & Bedrijfsvoering d.d. 4 november 2021","dc_type":"2c","dc_type_description":"Vergaderstuk decentrale overheid","foi_fairiscoreVersions":{"v1":1,"v2":1},"foi_files":[{"dc_format":"application/pdf","dc_identifier":"nl.gm1954.2c.2021.2832758-3.doc.1","dc_source":"https://api1.ibabs.eu/publicdownload.aspx?site=Beekdaelen&id=72d724c0-b8af-40fe-a709-05ff2fff261f","dc_title":"Actiepuntenlijst cie. Sociaal & Bedrijfsvoering 04 november 2021 - vastgesteld 30.11.2021","dc_type":"bijlage","foi_fairiscoreVersions":{"v1":1,"v2":1},"foi_fileName":"2021%2011%2004%20%20Actiepuntenlijst%20cie%20Sociaal%20%26%20Bedrijfsvoering%20-%20concept.pdf","foi_nrPages":3}],"foi_nrDocuments":1,"foi_nrPagesInDossier":3,"foi_publishedDate":"2021-11-30","foi_retrievedDate":"2026-02-05"},{"dc_creator":"HandelingScraper_v1","dc_date_year":2021,"dc_description":"Vergadering van de Gemeente Beekdaelen op 2021-11-30. Onderdeel: Vaststellen totaallijst van toezeggingen.","dc_identifier":"nl.gm1954.2c.2021.2832758-4","dc_publisher":"gm1954","dc_source":"https://beekdaelen.bestuurlijkeinformatie.nl/Agenda/Index/45e3d1c0-84ac-43ab-a4cb-6175b437ddda","dc_title":"Gecombineerde commissie (t/m april 2022) 2021-11-30 - Vaststellen totaallijst van toezeggingen","dc_type":"2c","dc_type_description":"Vergaderstuk decentrale overheid","foi_fairiscoreVersions":{"v1":1,"v2":1},"foi_files":[{"dc_format":"application/pdf","dc_identifier":"nl.gm1954.2c.2021.2832758-4.doc.1","dc_source":"https://api1.ibabs.eu/publicdownload.aspx?site=Beekdaelen&id=f052efa3-7dae-4a7b-9809-eb434851f480","dc_title":"Lijst stand van zaken afhandeling toezeggingen, griffie bijgewerkt 25.11.2021","dc_type":"bijlage","foi_fairiscoreVersions":{"v1":1,"v2":1},"foi_fileName":"Lijst%20stand%20van%20zaken%20afhandeling%20toezeggingen_%20griffie%20bijgewerkt%2025.11.2021.pdf","foi_nrPages":9}],"foi_nrDocuments":1,"foi_nrPagesInDossier":9,"foi_publishedDate":"2021-11-30","foi_retrievedDate":"2025-11-30"},{"dc_creator":"HandelingScraper_v1","dc_date_year":2021,"dc_description":"Vergadering van de Gemeente Beekdaelen op 2021-11-30. Onderdeel: Voorstel inzake gewijzigde verordening Leerlingenvervoer 2022 Beekdaelen.","dc_identifier":"nl.gm1954.2c.2021.2832758-5","dc_publisher":"gm1954","dc_source":"https://beekdaelen.bestuurlijkeinformatie.nl/Agenda/Index/45e3d1c0-84ac-43ab-a4cb-6175b437ddda","dc_title":"Gecombineerde commissie (t/m april 2022) 2021-11-30 - Voorstel inzake gewijzigde verordening Leerlingenvervoer 2022 Beekdaelen","dc_type":"2c","dc_type_description":"Vergaderstuk decentrale overheid","foi_fairiscoreVersions":{"v1":2,"v2":1},"foi_files":[{"dc_format":"application/pdf","dc_identifier":"nl.gm1954.2c.2021.2832758-5.doc.5","dc_source":"https://api1.ibabs.eu/publicdownload.aspx?site=Beekdaelen&id=de604dec-f2be-4ad1-b1a8-7e8fdc44efbf","dc_title":"B.1 bijlage kamerbrief-evaluatie-en-verbeteraanpak-passend-onderwijs","dc_type":"bijlage","foi_fairiscoreVersions":{"v1":1,"v2":1},"foi_fileName":"B.1%20bijlage%20kamerbrief-evaluatie-en-verbeteraanpak-passend-onderwijs.pdf","foi_nrPages":11},{"dc_format":"application/pdf","dc_identifier":"nl.gm1954.2c.2021.2832758-5.doc.4","dc_source":"https://api1.ibabs.eu/publicdownload.aspx?site=Beekdaelen&id=a00b0df3-76fc-420d-b232-a9c6cb08c284","dc_title":"B.1 MvA technische vragen BL Verordening LL Vervoer","dc_type":"bijlage","foi_fairiscoreVersions":{"v1":1,"v2":1},"foi_fileName":"B.1%20MvA%20technische%20vragen%20BL%20Verordening%20LL%20Vervoer.pdf","foi_nrPages":4},{"dc_format":"application/pdf","dc_identifier":"nl.gm1954.2c.2021.2832758-5.doc.2","dc_source":"https://api1.ibabs.eu/publicdownload.aspx?site=Beekdaelen&id=1bf7f2bd-1642-4fc6-b4e1-728d3c2c5a15","dc_title":"RB inzake Verordening bekostiging leerlingenvervoer gemeente Beekdaelen 2022 - vastgesteld raad 21122021","dc_type":"bijlage","foi_fairiscoreVersions":{"v1":1,"v2":1},"foi_fileName":"Raadsbesluit%20inzake%20leerlingenvervoer.pdf","foi_nrPages":1},{"dc_format":"application/pdf","dc_identifier":"nl.gm1954.2c.2021.2832758-5.doc.1","dc_source":"https://api1.ibabs.eu/publicdownload.aspx?site=Beekdaelen&id=37ff99a3-ab17-4779-86c7-2c565de3650a","dc_title":"RV inzake Verordening Bekostiging Leerlingenvervoer gemeente Beekdaelen 2022","dc_type":"bijlage","foi_fairiscoreVersions":{"v1":1,"v2":1},"foi_fileName":"Z%2F21%2F166571%20-%20283797%20-%20Verordening%20Bekostiging%20Leerlingenvervoer%20gemeente%20Beekdaelen%202022.pdf","foi_nrPages":5},{"dc_format":"application/pdf","dc_identifier":"nl.gm1954.2c.2021.2832758-5.doc.3","dc_source":"https://api1.ibabs.eu/publicdownload.aspx?site=Beekdaelen&id=fe70ce84-eefb-4856-ac15-3da87a3d7f84","dc_title":"Verordening bekostiging leerlingenvervoer gemeente Beekdaelen 2022 - vastgesteld raad 21122021","dc_type":"bijlage","foi_fairiscoreVersions":{"v1":2,"v2":1},"foi_fileName":"Z%2F21%2F166571%20-%20283809%20-.pdf","foi_nrPages":35}],"foi_nrDocuments":5,"foi_nrPagesInDossier":56,"foi_publishedDate":"2021-11-30","foi_retrievedDate":"2026-01-22"},{"dc_creator":"HandelingScraper_v1","dc_date_year":2021,"dc_description":"Vergadering van de Gemeente Beekdaelen op 2021-11-30. Onderdeel: Voorstel inzake verordening WMO Beekdaelen.","dc_identifier":"nl.gm1954.2c.2021.2832758-6","dc_publisher":"gm1954","dc_source":"https://beekdaelen.bestuurlijkeinformatie.nl/Agenda/Index/45e3d1c0-84ac-43ab-a4cb-6175b437ddda","dc_title":"Gecombineerde commissie (t/m april 2022) 2021-11-30 - Voorstel inzake verordening WMO Beekdaelen","dc_type":"2c","dc_type_description":"Vergaderstuk decentrale overheid","foi_fairiscoreVersions":{"v1":2,"v2":2},"foi_files":[{"dc_format":"application/pdf","dc_identifier":"nl.gm1954.2c.2021.2832758-6.doc.4","dc_source":"https://api1.ibabs.eu/publicdownload.aspx?site=Beekdaelen&id=1914fc8a-c302-4fab-aed3-75e3e132101e","dc_title":"Lijst wijzigingen WMO Verordening Beekdaelen 2022","dc_type":"bijlage","foi_fairiscoreVersions":{"v1":1,"v2":1},"foi_fileName":"283820%20Lijst%20wijzigingen.pdf","foi_nrPages":1},{"dc_format":"application/pdf","dc_identifier":"nl.gm1954.2c.2021.2832758-6.doc.6","dc_source":"https://api1.ibabs.eu/publicdownload.aspx?site=Beekdaelen&id=0e64f51c-ff09-42e5-a8c3-fbcc0ab17b40","dc_title":"B.2 Bijlage bij MvA VVD Presentatie themabijeenkomst BW en MO Beekdaelen najaar 2021","dc_type":"bijlage","foi_fairiscoreVersions":{"v1":2,"v2":2},"foi_fileName":"B.2%20Bijlage%20bij%20MvA%20VVD%20Presentatie%20themabijeenkomst%20BW%20en%20MO%20Beekdaelen%20najaar%202021.pdf","foi_nrPages":20},{"dc_format":"application/pdf","dc_identifier":"nl.gm1954.2c.2021.2832758-6.doc.7","dc_source":"https://api1.ibabs.eu/publicdownload.aspx?site=Beekdaelen&id=f7c7bd4a-3e9b-4b12-89f8-974a8eaefb61","dc_title":"B.2 Bijlage bij MvA VVD Uitvoeringsagenda Opvang en Beschermd Wonen 2021 - 2022 Parkstad","dc_type":"bijlage","foi_fairiscoreVersions":{"v1":2,"v2":1},"foi_fileName":"B.2%20Bijlage%20bij%20MvA%20VVD%20Uitvoeringsagenda%20Opvang%20en%20Beschermd%20Wonen%202021%20-%202022%20Parkstad.pdf","foi_nrPages":18},{"dc_format":"application/pdf","dc_identifier":"nl.gm1954.2c.2021.2832758-6.doc.5","dc_source":"https://api1.ibabs.eu/publicdownload.aspx?site=Beekdaelen&id=88b71331-5de3-46cc-b2d5-ed55e1871130","dc_title":"B.2 MvA technische voorvragen VVD inzake WMO","dc_type":"bijlage","foi_fairiscoreVersions":{"v1":1,"v2":1},"foi_fileName":"B.2%20MvA%20technische%20voorvragen%20VVD%20inzake%20WMO.pdf","foi_nrPages":2},{"dc_format":"application/pdf","dc_identifier":"nl.gm1954.2c.2021.2832758-6.doc.2","dc_source":"https://api1.ibabs.eu/publicdownload.aspx?site=Beekdaelen&id=159828af-07df-4095-bc73-fc99c5f73045","dc_title":"Raadsbesluit inzake WMO verordening Beekdaelen 2022 - vastgesteld raad 21122021","dc_type":"bijlage","foi_fairiscoreVersions":{"v1":1,"v2":1},"foi_fileName":"RB%20inzake%20verordening%20maatschappelijke%20ondersteuning%20gemeente%20Beekdaelen%202022.pdf","foi_nrPages":1},{"dc_format":"application/pdf","dc_identifier":"nl.gm1954.2c.2021.2832758-6.doc.3","dc_source":"https://api1.ibabs.eu/publicdownload.aspx?site=Beekdaelen&id=a5033293-68c2-433d-bbb5-c13a86b4e060","dc_title":"Toelichting WMO Verordening Beekdaelen 2022","dc_type":"bijlage","foi_fairiscoreVersions":{"v1":1,"v2":1},"foi_fileName":"Toelichting%20Verordening%20maatschappelijke%20ondersteuning.pdf","foi_nrPages":30},{"dc_format":"application/pdf","dc_identifier":"nl.gm1954.2c.2021.2832758-6.doc.1","dc_source":"https://api1.ibabs.eu/publicdownload.aspx?site=Beekdaelen&id=ada63b0e-1e32-45cd-aec1-7c0cf0b997c4","dc_title":"Raadsvoorstel inzake WMO verordening Beekdaelen 2022","dc_type":"bijlage","foi_fairiscoreVersions":{"v1":1,"v2":1},"foi_fileName":"Z%2F21%2F166204%20-%20282895%20Raadsvoorstel%20WMO%20verordening.pdf","foi_nrPages":2}],"foi_nrDocuments":7,"foi_nrPagesInDossier":74,"foi_publishedDate":"2021-11-30","foi_retrievedDate":"2026-03-04"},{"dc_creator":"HandelingScraper_v1","dc_date_year":2021,"dc_description":"Vergadering van de Gemeente Beekdaelen op 2021-11-30. Onderdeel: Voorstel inzake Algemene plaatselijke verordening Beekdaelen 2022.","dc_identifier":"nl.gm1954.2c.2021.2832758-7","dc_publisher":"gm1954","dc_source":"https://beekdaelen.bestuurlijkeinformatie.nl/Agenda/Index/45e3d1c0-84ac-43ab-a4cb-6175b437ddda","dc_title":"Gecombineerde commissie (t/m april 2022) 2021-11-30 - Voorstel inzake Algemene plaatselijke verordening Beekdaelen 2022","dc_type":"2c","dc_type_description":"Vergaderstuk decentrale overheid","foi_fairiscoreVersions":{"v1":null,"v2":null},"foi_files":[{"dc_format":"application/pdf","dc_identifier":"nl.gm1954.2c.2021.2832758-7.doc.4","dc_source":"https://api1.ibabs.eu/publicdownload.aspx?site=Beekdaelen&id=1e8cfbbb-6e93-4180-bc03-f8080d80c315","dc_title":"APV Beekdaelen 2022 - n.a.v. nota van wijziging","dc_type":"bijlage","foi_fileName":"APV%20Beekdaelen%202022%20-%20n.a.v.%20nota%20van%20wijzing.pdf"},{"dc_format":"application/pdf","dc_identifier":"nl.gm1954.2c.2021.2832758-7.doc.5","dc_source":"https://api1.ibabs.eu/publicdownload.aspx?site=Beekdaelen&id=b32c18e2-5dd7-4562-8afb-f1d862ec0f0d","dc_title":"D.1 MvA vraag VG inzake APV","dc_type":"bijlage","foi_fileName":"D.1%20MvA%20vraag%20VG%20inzake%20APV.pdf"},{"dc_format":"application/pdf","dc_identifier":"nl.gm1954.2c.2021.2832758-7.doc.6","dc_source":"https://api1.ibabs.eu/publicdownload.aspx?site=Beekdaelen&id=f04079e8-acd0-450c-b46f-4256b42a8d3c","dc_title":"Memo inzake verzoek afvoeren APV van de commissieagenda","dc_type":"bijlage","foi_fileName":"Memo%20inzake%20verzoek%20afvoeren%20APV%20van%20de%20commissieagenda.pdf"},{"dc_format":"application/pdf","dc_identifier":"nl.gm1954.2c.2021.2832758-7.doc.2","dc_source":"https://api1.ibabs.eu/publicdownload.aspx?site=Beekdaelen&id=0b3e2090-7fd5-4107-b7a8-604e51af295b","dc_title":"Nota van Wijziging n.a.v. raadscommissie 4 november 2021","dc_type":"bijlage","foi_fileName":"Nota%20van%20Wijziging%20n.a.v.%20raadscommissie%204%20november%202021.pdf"},{"dc_format":"application/pdf","dc_identifier":"nl.gm1954.2c.2021.2832758-7.doc.3","dc_source":"https://api1.ibabs.eu/publicdownload.aspx?site=Beekdaelen&id=d0b227a6-50a8-4021-8325-0e478f557929","dc_title":"Raadsbesluit inzake APV Beekdaelen 2022","dc_type":"bijlage","foi_fileName":"Raadsbesluit%20inzake%20APV%20Beekdaelen%202022.pdf"},{"dc_format":"application/pdf","dc_identifier":"nl.gm1954.2c.2021.2832758-7.doc.1","dc_source":"https://api1.ibabs.eu/publicdownload.aspx?site=Beekdaelen&id=bf937708-d83d-4fd1-b7c3-7b01ca5eaae0","dc_title":"Raadsvoorstel inzake APV Beekdaelen 2022","dc_type":"bijlage","foi_fileName":"Raadsvoorstel%20inzake%20APV%20Beekdaelen%202022.pdf"}],"foi_nrDocuments":6,"foi_nrPagesInDossier":0,"foi_publishedDate":"2021-11-30","foi_retrievedDate":"2025-11-30"},{"dc_creator":"HandelingScraper_v1","dc_date_year":2021,"dc_description":"Vergadering van de Gemeente Beekdaelen op 2021-11-30. Onderdeel: Voorstel inzake Transitievisie Warmte 1.0.","dc_identifier":"nl.gm1954.2c.2021.2832758-8","dc_publisher":"gm1954","dc_source":"https://beekdaelen.bestuurlijkeinformatie.nl/Agenda/Index/45e3d1c0-84ac-43ab-a4cb-6175b437ddda","dc_title":"Gecombineerde commissie (t/m april 2022) 2021-11-30 - Voorstel inzake Transitievisie Warmte 1.0","dc_type":"2c","dc_type_description":"Vergaderstuk decentrale overheid","foi_fairiscoreVersions":{"v1":2,"v2":2},"foi_files":[{"dc_format":"application/pdf","dc_identifier":"nl.gm1954.2c.2021.2832758-8.doc.4","dc_source":"https://api1.ibabs.eu/publicdownload.aspx?site=Beekdaelen&id=0622b1db-4eb7-4d3a-9968-33a19b69fa2e","dc_title":"F.1 MvA vragen BL inzake TVW","dc_type":"bijlage","foi_fairiscoreVersions":{"v1":1,"v2":1},"foi_fileName":"F.1%20MvA%20vragen%20BL%20inzake%20TVW.pdf","foi_nrPages":3},{"dc_format":"application/pdf","dc_identifier":"nl.gm1954.2c.2021.2832758-8.doc.5","dc_source":"https://api1.ibabs.eu/publicdownload.aspx?site=Beekdaelen&id=7775e6dc-39ff-417b-8f4f-8e6bedabf25f","dc_title":"F.1 MvA vragen VG inzake TVW","dc_type":"bijlage","foi_fairiscoreVersions":{"v1":1,"v2":1},"foi_fileName":"F.1%20MvA%20vrgen%20VG%20inzake%20TVW.pdf","foi_nrPages":2},{"dc_format":"application/pdf","dc_identifier":"nl.gm1954.2c.2021.2832758-8.doc.1","dc_source":"https://api1.ibabs.eu/publicdownload.aspx?site=Beekdaelen&id=8bb902d6-5323-4c5b-aacf-418a0844ce68","dc_title":"Raadsvoorstel Transitievisie Warmte 1.0","dc_type":"bijlage","foi_fairiscoreVersions":{"v1":1,"v2":1},"foi_fileName":"Z%2F21%2F165903%20-%20284381%20-%20Raadsvoorstel%20Transitievisie%20Warmte%201.pdf","foi_nrPages":5},{"dc_format":"application/pdf","dc_identifier":"nl.gm1954.2c.2021.2832758-8.doc.2","dc_source":"https://api1.ibabs.eu/publicdownload.aspx?site=Beekdaelen&id=cbc7b9cb-a766-4ed6-b50a-2ef6a2faae11","dc_title":"Raadsbesluit Transitievisie Warmte 1.0","dc_type":"bijlage","foi_fairiscoreVersions":{"v1":1,"v2":1},"foi_fileName":"Z%2F21%2F165903%20-%20284624%20-%20Raadsbesluit%20Transitievisie%20Warmte.pdf","foi_nrPages":1},{"dc_format":"application/pdf","dc_identifier":"nl.gm1954.2c.2021.2832758-8.doc.3","dc_source":"https://api1.ibabs.eu/publicdownload.aspx?site=Beekdaelen&id=6c4a3618-facf-40fb-b2ac-62fda59d0b18","dc_title":"Bijlage Transitievisie Warmte 1.0 gemeente Beekdaelen","dc_type":"bijlage","foi_fairiscoreVersions":{"v1":2,"v2":2},"foi_fileName":"Z%2F21%2F165903%20-%20285028.pdf","foi_nrPages":45}],"foi_nrDocuments":5,"foi_nrPagesInDossier":56,"foi_publishedDate":"2021-11-30","foi_retrievedDate":"2026-01-22"},{"dc_creator":"HandelingScraper_v1","dc_date_year":2021,"dc_description":"Vergadering van de Gemeente Beekdaelen op 2021-11-30. Onderdeel: Verordening Stimuleringsregeling Parkstad Limburg (inpondmakelaar).","dc_identifier":"nl.gm1954.2c.2021.2832758-9","dc_publisher":"gm1954","dc_source":"https://beekdaelen.bestuurlijkeinformatie.nl/Agenda/Index/45e3d1c0-84ac-43ab-a4cb-6175b437ddda","dc_title":"Gecombineerde commissie (t/m april 2022) 2021-11-30 - Verordening Stimuleringsregeling Parkstad Limburg (inpondmakelaar)","dc_type":"2c","dc_type_description":"Vergaderstuk decentrale overheid","foi_fairiscoreVersions":{"v1":2,"v2":1},"foi_files":[{"dc_format":"application/pdf","dc_identifier":"nl.gm1954.2c.2021.2832758-9.doc.6","dc_source":"https://api1.ibabs.eu/publicdownload.aspx?site=Beekdaelen&id=9220baf5-10c7-4702-bb3a-1b4175fc8b41","dc_title":"F.2 MvA vragen CDA inzake inpondmakelaar","dc_type":"bijlage","foi_fairiscoreVersions":{"v1":1,"v2":1},"foi_fileName":"F.2%20MvA%20vragen%20CDA%20inpondmakelaar.pdf","foi_nrPages":4},{"dc_format":"application/pdf","dc_identifier":"nl.gm1954.2c.2021.2832758-9.doc.5","dc_source":"https://api1.ibabs.eu/publicdownload.aspx?site=Beekdaelen&id=33399746-054e-478d-9fb3-72a13ab2b651","dc_title":"F.2 MvA vragen VG inzake inpondmakelaar","dc_type":"bijlage","foi_fairiscoreVersions":{"v1":1,"v2":1},"foi_fileName":"F.2%20MvA%20vragen%20VG%20inzake%20inpondmakelaar.pdf","foi_nrPages":2},{"dc_format":"application/pdf","dc_identifier":"nl.gm1954.2c.2021.2832758-9.doc.2","dc_source":"https://api1.ibabs.eu/publicdownload.aspx?site=Beekdaelen&id=5c04fccf-8cd9-47d7-9737-f384748474eb","dc_title":"RB inzake Verordening Stimuleringsregeling Parkstad Limburg - vastgesteld raad 21122021","dc_type":"bijlage","foi_fairiscoreVersions":{"v1":1,"v2":1},"foi_fileName":"Raadsbesluit%20inzake%20inpondmakelaar.pdf","foi_nrPages":1},{"dc_format":"application/pdf","dc_identifier":"nl.gm1954.2c.2021.2832758-9.doc.1","dc_source":"https://api1.ibabs.eu/publicdownload.aspx?site=Beekdaelen&id=21a79bcc-4e52-4f5d-baa9-4dcab44c7b18","dc_title":"RV inzake Verordening Stimuleringsregeling Parkstad Limburg","dc_type":"bijlage","foi_fairiscoreVersions":{"v1":2,"v2":1},"foi_fileName":"Z%2F21%2F166456%20-%20283545.pdf","foi_nrPages":5},{"dc_format":"application/pdf","dc_identifier":"nl.gm1954.2c.2021.2832758-9.doc.3","dc_source":"https://api1.ibabs.eu/publicdownload.aspx?site=Beekdaelen&id=9739110a-cf6b-4501-bf2d-4b3e834d1249","dc_title":"Verordening Stimuleringsregeling Parkstad Limburg - vastgesteld raad 21122021","dc_type":"bijlage","foi_fairiscoreVersions":{"v1":1,"v2":1},"foi_fileName":"Z%2F21%2F166456%20-%20283546.pdf","foi_nrPages":8},{"dc_format":"application/pdf","dc_identifier":"nl.gm1954.2c.2021.2832758-9.doc.4","dc_source":"https://api1.ibabs.eu/publicdownload.aspx?site=Beekdaelen&id=e66d5b53-05bb-45eb-a4f3-cceae6f54171","dc_title":"Aanwijzingsbesluit economische activiteiten van algemeen belang Wet Markt en Overheid","dc_type":"bijlage","foi_fairiscoreVersions":{"v1":1,"v2":1},"foi_fileName":"Z%2F21%2F166456%20-%20283552%20-%20Aanwijzingsbesluit%20economische%20activiteiten%20van%20algemeen%20belang%20Wet%20Markt%20en%20Overheid.pdf","foi_nrPages":4}],"foi_nrDocuments":6,"foi_nrPagesInDossier":24,"foi_publishedDate":"2021-11-30","foi_retrievedDate":"2026-02-05"},{"dc_creator":"HandelingScraper_v1","dc_date_year":2021,"dc_description":"Vergadering van de Gemeente Beekdaelen op 2021-12-09. Onderdeel: Algemeen.","dc_identifier":"nl.gm1954.2c.2021.2832809-1","dc_publisher":"gm1954","dc_source":"https://beekdaelen.bestuurlijkeinformatie.nl/Agenda/Index/395905a5-1e8d-447d-8a0c-78a84e6c3853","dc_title":"Commissie Sociaal & BV (t/m april 2022) 2021-12-09 - Algemeen","dc_type":"2c","dc_type_description":"Vergaderstuk decentrale overheid","foi_fairiscoreVersions":{"v1":1,"v2":1},"foi_files":[{"dc_format":"application/pdf","dc_identifier":"nl.gm1954.2c.2021.2832809-1.doc.3","dc_source":"https://api1.ibabs.eu/publicdownload.aspx?site=Beekdaelen&id=b1fc66c1-a558-458e-82b3-93b5a60762b6","dc_title":"Technische voorvragen VVD raadscie 9 dec 2021 - inzake 2e burap","dc_type":"bijlage","foi_fairiscoreVersions":{"v1":1,"v2":1},"foi_fileName":"20211126_VVD_Schriftelijke%20vragen%20commissievergadering.pdf","foi_nrPages":2},{"dc_format":"application/pdf","dc_identifier":"nl.gm1954.2c.2021.2832809-1.doc.2","dc_source":"https://api1.ibabs.eu/publicdownload.aspx?site=Beekdaelen&id=df29dddf-f12f-4990-83b4-a6db83194e21","dc_title":"Technische voorvragen CDA raadscie 9 dec 2021 - inzake 2e burap","dc_type":"bijlage","foi_fairiscoreVersions":{"v1":1,"v2":1},"foi_fileName":"Technische%20voorvragen%20CDA%20raadscie%209%20december%202021%20-%20inzake%202e%20burap.pdf","foi_nrPages":2},{"dc_format":"application/pdf","dc_identifier":"nl.gm1954.2c.2021.2832809-1.doc.1","dc_source":"https://api1.ibabs.eu/publicdownload.aspx?site=Beekdaelen&id=921690a0-0e6d-42b4-971e-370c06c40c7e","dc_title":"Technische voorvragen VG raadscie 9 dec 2021 - inzake 2e burap","dc_type":"bijlage","foi_fairiscoreVersions":{"v1":1,"v2":1},"foi_fileName":"VOORVRAGEN%20VAN%20DE%20VERNIEUWINGSGROEPburap%202021.pdf","foi_nrPages":1}],"foi_nrDocuments":3,"foi_nrPagesInDossier":5,"foi_publishedDate":"2021-12-09","foi_retrievedDate":"2026-02-05"},{"dc_creator":"HandelingScraper_v1","dc_date_year":2021,"dc_description":"Vergadering van de Gemeente Beekdaelen op 2021-12-09. Onderdeel: Opening, mededelingen voorzitter en vaststellen agenda.","dc_identifier":"nl.gm1954.2c.2021.2832809-2","dc_publisher":"gm1954","dc_source":"https://beekdaelen.bestuurlijkeinformatie.nl/Agenda/Index/395905a5-1e8d-447d-8a0c-78a84e6c3853","dc_title":"Commissie Sociaal & BV (t/m april 2022) 2021-12-09 - Opening, mededelingen voorzitter en vaststellen agenda","dc_type":"2c","dc_type_description":"Vergaderstuk decentrale overheid","foi_fairiscoreVersions":{"v1":1,"v2":1},"foi_files":[{"dc_format":"application/pdf","dc_identifier":"nl.gm1954.2c.2021.2832809-2.doc.1","dc_source":"https://api1.ibabs.eu/publicdownload.aspx?site=Beekdaelen&id=fc823f63-ce87-4dc3-9abc-579bdb328132","dc_title":"2021 12 09 Uitnodiging en voorlopige agenda extra cie . Bedrijfsvoering","dc_type":"bijlage","foi_fairiscoreVersions":{"v1":1,"v2":1},"foi_fileName":"2021%2012%2009%20Uitnodiging%20en%20voorlopige%20agenda%20extra%20cie%20.%20Bedrijfsvoering.pdf","foi_nrPages":1},{"dc_format":"application/pdf","dc_identifier":"nl.gm1954.2c.2021.2832809-2.doc.2","dc_source":"https://api1.ibabs.eu/publicdownload.aspx?site=Beekdaelen&id=3948edd3-c598-464d-9edb-dbd92fe940a1","dc_title":"Vastgestelde agenda extra cie . Bedrijfsvoering d.d. 09.12.2021","dc_type":"bijlage","foi_fairiscoreVersions":{"v1":1,"v2":1},"foi_fileName":"Vastgestelde%20agenda%20extra%20cie%20.%20Bedrijfsvoering%20d.d.pdf","foi_nrPages":1}],"foi_nrDocuments":2,"foi_nrPagesInDossier":2,"foi_publishedDate":"2021-12-09","foi_retrievedDate":"2026-02-05"},{"dc_creator":"HandelingScraper_v1","dc_date_year":2021,"dc_description":"Vergadering van de Gemeente Beekdaelen op 2021-12-09. Onderdeel: Vaststellen actiepuntenlijst van de commissie Sociaal & Bedrijfsvoering d.d. 30 november 2021.","dc_identifier":"nl.gm1954.2c.2021.2832809-3","dc_publisher":"gm1954","dc_source":"https://beekdaelen.bestuurlijkeinformatie.nl/Agenda/Index/395905a5-1e8d-447d-8a0c-78a84e6c3853","dc_title":"Commissie Sociaal & BV (t/m april 2022) 2021-12-09 - Vaststellen actiepuntenlijst van de commissie Sociaal & Bedrijfsvoering d.d. 30 november 2021","dc_type":"2c","dc_type_description":"Vergaderstuk decentrale overheid","foi_fairiscoreVersions":{"v1":1,"v2":1},"foi_files":[{"dc_format":"application/pdf","dc_identifier":"nl.gm1954.2c.2021.2832809-3.doc.1","dc_source":"https://api1.ibabs.eu/publicdownload.aspx?site=Beekdaelen&id=1be99b16-d972-41e1-9e01-76f75faab01d","dc_title":"2021 11 30 Actiepuntenlijst gecomb cie Sociaal, Bedrijfsvoering & Ruimte - vastgesteld 09.12.2021","dc_type":"bijlage","foi_fairiscoreVersions":{"v1":1,"v2":1},"foi_fileName":"2021%2011%2030%20Actiepuntenlijst%20gecomb%20cie%20Sociaal_%20bedrijfsvoering%20%26%20ruimte%20-%20vastgesteld%200912201.pdf","foi_nrPages":4}],"foi_nrDocuments":1,"foi_nrPagesInDossier":4,"foi_publishedDate":"2021-12-09","foi_retrievedDate":"2026-02-05"},{"dc_creator":"HandelingScraper_v1","dc_date_year":2021,"dc_description":"Vergadering van de Gemeente Beekdaelen op 2021-12-09. Onderdeel: Voorstel inzake tweede Bestuursrapportage 2021 gemeente Beekdaelen.","dc_identifier":"nl.gm1954.2c.2021.2832809-4","dc_publisher":"gm1954","dc_source":"https://beekdaelen.bestuurlijkeinformatie.nl/Agenda/Index/395905a5-1e8d-447d-8a0c-78a84e6c3853","dc_title":"Commissie Sociaal & BV (t/m april 2022) 2021-12-09 - Voorstel inzake tweede Bestuursrapportage 2021 gemeente Beekdaelen","dc_type":"2c","dc_type_description":"Vergaderstuk decentrale overheid","foi_fairiscoreVersions":{"v1":2,"v2":2},"foi_files":[{"dc_format":"application/pdf","dc_identifier":"nl.gm1954.2c.2021.2832809-4.doc.9","dc_source":"https://api1.ibabs.eu/publicdownload.aspx?site=Beekdaelen&id=f177f51f-fdf8-438d-830a-edc266d85cf8","dc_title":"MvA Vragen CDA inzake Burap II-2021","dc_type":"bijlage","foi_fairiscoreVersions":{"v1":1,"v2":1},"foi_fileName":"MvA%20Vragen%20CDA%20inzake%20Burap.pdf","foi_nrPages":8},{"dc_format":"application/pdf","dc_identifier":"nl.gm1954.2c.2021.2832809-4.doc.7","dc_source":"https://api1.ibabs.eu/publicdownload.aspx?site=Beekdaelen&id=e6593824-dc49-46ae-a891-a73bed29eb46","dc_title":"Mva Vragen VG inzake Burap II-2021","dc_type":"bijlage","foi_fairiscoreVersions":{"v1":1,"v2":1},"foi_fileName":"Mva%20Vragen%20VG%20inzake%20Burap.pdf","foi_nrPages":4},{"dc_format":"application/pdf","dc_identifier":"nl.gm1954.2c.2021.2832809-4.doc.8","dc_source":"https://api1.ibabs.eu/publicdownload.aspx?site=Beekdaelen&id=33ef19b2-6fac-4efe-9da3-bb86a690ec30","dc_title":"Mva Vragen VVD inzake Burap II-2021","dc_type":"bijlage","foi_fairiscoreVersions":{"v1":1,"v2":1},"foi_fileName":"Mva%20Vragen%20VVD%20inzake%20burap.pdf","foi_nrPages":7},{"dc_format":"application/pdf","dc_identifier":"nl.gm1954.2c.2021.2832809-4.doc.3","dc_source":"https://api1.ibabs.eu/publicdownload.aspx?site=Beekdaelen&id=584866b0-0d9c-4f91-95df-0965d6d45c64","dc_title":"Nota van wijzigingen betreffende het raadsvoorstel en raadsbesluit bij Burap II-2021","dc_type":"bijlage","foi_fairiscoreVersions":{"v1":1,"v2":1},"foi_fileName":"Nota%20van%20wijzigingen%20betreffende%20het%20raadsvoorstel%20en%20raadsbesluit%20bij%20Burap%20II-2021.pdf","foi_nrPages":2},{"dc_format":"application/pdf","dc_identifier":"nl.gm1954.2c.2021.2832809-4.doc.2","dc_source":"https://api1.ibabs.eu/publicdownload.aspx?site=Beekdaelen&id=2b24d6d7-74dc-4424-8a28-6b448549d572","dc_title":"Raadsbesluit inzake Burap II-2021 - na nota van wijziging","dc_type":"bijlage","foi_fairiscoreVersions":{"v1":1,"v2":1},"foi_fileName":"Raadsbesluit%20inzake%20Burap%20II-2021%20-%20na%20nota%20van%20wijziging.pdf","foi_nrPages":2},{"dc_format":"application/pdf","dc_identifier":"nl.gm1954.2c.2021.2832809-4.doc.1","dc_source":"https://api1.ibabs.eu/publicdownload.aspx?site=Beekdaelen&id=42f1e028-cf75-4ac5-a137-08eecd9a2ba6","dc_title":"Raadsvoorstel inzake Burap II-2021 - na nota van wijziging","dc_type":"bijlage","foi_fairiscoreVersions":{"v1":1,"v2":1},"foi_fileName":"Raadsvoorstel%20inzake%20Burap%20II-2021%20-%20na%20nota%20van%20wijziging.pdf","foi_nrPages":4},{"dc_format":"application/pdf","dc_identifier":"nl.gm1954.2c.2021.2832809-4.doc.4","dc_source":"https://api1.ibabs.eu/publicdownload.aspx?site=Beekdaelen&id=972bbedb-2a07-48d2-9cba-7d63f72552b9","dc_title":"Burap II-2021","dc_type":"bijlage","foi_fairiscoreVersions":{"v1":2,"v2":2},"foi_fileName":"Z%2F21%2F165369%20-%20286140.pdf","foi_nrPages":45},{"dc_format":"application/pdf","dc_identifier":"nl.gm1954.2c.2021.2832809-4.doc.5","dc_source":"https://api1.ibabs.eu/publicdownload.aspx?site=Beekdaelen&id=b9939b2a-073d-4f07-8605-1e86cb59cadf","dc_title":"Begrotingswijziging bij Burap II - 2021","dc_type":"bijlage","foi_fairiscoreVersions":{"v1":1,"v2":1},"foi_fileName":"Z%2F21%2F165369%20-%20286873%20-%20Begrotingswijziging%20bij%20Burap%20II-2021.pdf","foi_nrPages":1},{"dc_format":"application/pdf","dc_identifier":"nl.gm1954.2c.2021.2832809-4.doc.6","dc_source":"https://api1.ibabs.eu/publicdownload.aspx?site=Beekdaelen&id=4aed592e-8b5c-4cc3-acd2-0845d31eb8df","dc_title":"Mutaties reserves bij Burap II - 2021","dc_type":"bijlage","foi_fairiscoreVersions":{"v1":1,"v2":1},"foi_fileName":"Z%2F21%2F165369%20-%20286874%20-%20Mutaties%20reserves%20bij%20Burap%20II-2021.pdf","foi_nrPages":1}],"foi_nrDocuments":9,"foi_nrPagesInDossier":74,"foi_publishedDate":"2021-12-09","foi_retrievedDate":"2026-02-05"},{"dc_creator":"HandelingScraper_v1","dc_date_year":2021,"dc_description":"Vergadering van de Gemeente Beekdaelen op 2021-12-21. Onderdeel: Opening.","dc_identifier":"nl.gm1954.2c.2021.2832829-1","dc_publisher":"gm1954","dc_source":"https://beekdaelen.bestuurlijkeinformatie.nl/Agenda/Index/d863d0d7-9ec5-49fd-9e89-508dda666368","dc_title":"Raadsvergadering 2021-12-21 - Opening","dc_type":"2c","dc_type_description":"Vergaderstuk decentrale overheid","foi_fairiscoreVersions":{"v1":null,"v2":null},"foi_files":[{"dc_format":"application/pdf","dc_identifier":"nl.gm1954.2c.2021.2832829-1.doc.1","dc_source":"https://api1.ibabs.eu/publicdownload.aspx?site=Beekdaelen&id=c3e36ac0-3b9a-4b5d-8ee3-9fb067791e8c","dc_title":"Uitnodiging en voorlopige agenda raadsvergadering 21 december 2021","dc_type":"bijlage","foi_fileName":"Uitnodiging%20en%20voorlopige%20agenda%20raadsvergadering%2021%20december%202021.pdf"}],"foi_nrDocuments":1,"foi_nrPagesInDossier":0,"foi_publishedDate":"2021-12-21","foi_retrievedDate":"2025-11-30"},{"dc_creator":"HandelingScraper_v1","dc_date_year":2021,"dc_description":"Vergadering van de Gemeente Beekdaelen op 2021-12-21. Onderdeel: Motie CDA, VVD en BL inzake schutterij Vaesrade.","dc_identifier":"nl.gm1954.2c.2021.2832829-10","dc_publisher":"gm1954","dc_source":"https://beekdaelen.bestuurlijkeinformatie.nl/Agenda/Index/d863d0d7-9ec5-49fd-9e89-508dda666368","dc_title":"Raadsvergadering 2021-12-21 - Motie CDA, VVD en BL inzake schutterij Vaesrade","dc_type":"2c","dc_type_description":"Vergaderstuk decentrale overheid","foi_fairiscoreVersions":{"v1":1,"v2":1},"foi_files":[{"dc_format":"application/pdf","dc_identifier":"nl.gm1954.2c.2021.2832829-10.doc.1","dc_source":"https://api1.ibabs.eu/publicdownload.aspx?site=Beekdaelen&id=7348fc11-13dd-4d84-bea9-b0a981bea631","dc_title":"Gewijzigde aangehouden motie CDA, VVD en BL inzake schutterij Vaesrade AANGENOMEN","dc_type":"bijlage","foi_fairiscoreVersions":{"v1":1,"v2":1},"foi_fileName":"Gewijzigde%20aangehouden%20motie%20CDA_%20VVD%20en%20BL%20inzake%20schutterij%20Vaesrade%20AANGENOMEN.pdf","foi_nrPages":2}],"foi_nrDocuments":1,"foi_nrPagesInDossier":2,"foi_publishedDate":"2021-12-21","foi_retrievedDate":"2026-01-22"},{"dc_creator":"HandelingScraper_v1","dc_date_year":2021,"dc_description":"Vergadering van de Gemeente Beekdaelen op 2021-12-21. Onderdeel: Motie CDA, VVD en BL inzake behoud en stimulering Limburgse taal.","dc_identifier":"nl.gm1954.2c.2021.2832829-11","dc_publisher":"gm1954","dc_source":"https://beekdaelen.bestuurlijkeinformatie.nl/Agenda/Index/d863d0d7-9ec5-49fd-9e89-508dda666368","dc_title":"Raadsvergadering 2021-12-21 - Motie CDA, VVD en BL inzake behoud en stimulering Limburgse taal","dc_type":"2c","dc_type_description":"Vergaderstuk decentrale overheid","foi_fairiscoreVersions":{"v1":1,"v2":1},"foi_files":[{"dc_format":"application/pdf","dc_identifier":"nl.gm1954.2c.2021.2832829-11.doc.1","dc_source":"https://api1.ibabs.eu/publicdownload.aspx?site=Beekdaelen&id=957463c3-807a-4aef-819a-79e185c757c5","dc_title":"Motie CDA, VVD en BL inzake behoud en stimulering Limburgse taal UNANIEM AANGENOMEN","dc_type":"bijlage","foi_fairiscoreVersions":{"v1":1,"v2":1},"foi_fileName":"Motie%20CDA_%20VVD%20en%20BL%20inzake%20behoud%20en%20stimulering%20Limburgse%20taal%20UNANIEM%20AANGENOMEN.pdf","foi_nrPages":1}],"foi_nrDocuments":1,"foi_nrPagesInDossier":1,"foi_publishedDate":"2021-12-21","foi_retrievedDate":"2026-03-06"},{"dc_creator":"HandelingScraper_v1","dc_date_year":2021,"dc_description":"Vergadering van de Gemeente Beekdaelen op 2021-12-21. Onderdeel: Motie D66, CDA en BL inzake evaluatie nota ruimtelijke kwaliteit.","dc_identifier":"nl.gm1954.2c.2021.2832829-12","dc_publisher":"gm1954","dc_source":"https://beekdaelen.bestuurlijkeinformatie.nl/Agenda/Index/d863d0d7-9ec5-49fd-9e89-508dda666368","dc_title":"Raadsvergadering 2021-12-21 - Motie D66, CDA en BL inzake evaluatie nota ruimtelijke kwaliteit","dc_type":"2c","dc_type_description":"Vergaderstuk decentrale overheid","foi_fairiscoreVersions":{"v1":1,"v2":1},"foi_files":[{"dc_format":"application/pdf","dc_identifier":"nl.gm1954.2c.2021.2832829-12.doc.1","dc_source":"https://api1.ibabs.eu/publicdownload.aspx?site=Beekdaelen&id=ce51d518-c6cc-41a8-be21-69373a8cae27","dc_title":"Motie D66, CDA en BL inzake evaluatie nota ruimtelijke kwaliteit UNANIEM AANGENOMEN","dc_type":"bijlage","foi_fairiscoreVersions":{"v1":1,"v2":1},"foi_fileName":"Motie%20D66_%20CDA%20en%20BL%20inzake%20evaluatie%20nota%20ruimtelijke%20kwaliteit%20UNANIEM%20AANGENOMEN.pdf","foi_nrPages":2}],"foi_nrDocuments":1,"foi_nrPagesInDossier":2,"foi_publishedDate":"2021-12-21","foi_retrievedDate":"2025-12-29"},{"dc_creator":"HandelingScraper_v1","dc_date_year":2021,"dc_description":"Vergadering van de Gemeente Beekdaelen op 2021-12-21. Onderdeel: Motie VVD en CDA inzake beperking noodopvang vluchtelingen.","dc_identifier":"nl.gm1954.2c.2021.2832829-13","dc_publisher":"gm1954","dc_source":"https://beekdaelen.bestuurlijkeinformatie.nl/Agenda/Index/d863d0d7-9ec5-49fd-9e89-508dda666368","dc_title":"Raadsvergadering 2021-12-21 - Motie VVD en CDA inzake beperking noodopvang vluchtelingen","dc_type":"2c","dc_type_description":"Vergaderstuk decentrale overheid","foi_fairiscoreVersions":{"v1":1,"v2":1},"foi_files":[{"dc_format":"application/pdf","dc_identifier":"nl.gm1954.2c.2021.2832829-13.doc.1","dc_source":"https://api1.ibabs.eu/publicdownload.aspx?site=Beekdaelen&id=bb3d1490-5b10-42ec-8b70-d15535b1344f","dc_title":"Motie VVD en CDA inzake beperking noodopvang vluchtelingen AANGENOMEN","dc_type":"bijlage","foi_fairiscoreVersions":{"v1":1,"v2":1},"foi_fileName":"Motie%20VVD%20en%20CDA%20inzake%20beperking%20noodopvang%20vluchtelingen%20AANGENOMEN.pdf","foi_nrPages":1}],"foi_nrDocuments":1,"foi_nrPagesInDossier":1,"foi_publishedDate":"2021-12-21","foi_retrievedDate":"2025-12-06"},{"dc_creator":"HandelingScraper_v1","dc_date_year":2021,"dc_description":"Vergadering van de Gemeente Beekdaelen op 2021-12-21. Onderdeel: Motie VVD, BL, VG en CDA inzake voorrang inwoners bij eigen woningen.","dc_identifier":"nl.gm1954.2c.2021.2832829-14","dc_publisher":"gm1954","dc_source":"https://beekdaelen.bestuurlijkeinformatie.nl/Agenda/Index/d863d0d7-9ec5-49fd-9e89-508dda666368","dc_title":"Raadsvergadering 2021-12-21 - Motie VVD, BL, VG en CDA inzake voorrang inwoners bij eigen woningen","dc_type":"2c","dc_type_description":"Vergaderstuk decentrale overheid","foi_fairiscoreVersions":{"v1":1,"v2":1},"foi_files":[{"dc_format":"application/pdf","dc_identifier":"nl.gm1954.2c.2021.2832829-14.doc.1","dc_source":"https://api1.ibabs.eu/publicdownload.aspx?site=Beekdaelen&id=5167bb3f-9bfe-4249-b224-04da608b38b4","dc_title":"Motie VVD, BL, VG en CDA inzake voorrang inwoners bij eigen woningen AANGENOMEN","dc_type":"bijlage","foi_fairiscoreVersions":{"v1":1,"v2":1},"foi_fileName":"Motie%20VVD_%20BL_%20VG%20en%20CDA%20inzake%20voorrang%20inwoners%20bij%20eigen%20woningen%20AANGENOMEN.pdf","foi_nrPages":2}],"foi_nrDocuments":1,"foi_nrPagesInDossier":2,"foi_publishedDate":"2021-12-21","foi_retrievedDate":"2026-02-11"},{"dc_creator":"HandelingScraper_v1","dc_date_year":2021,"dc_description":"Vergadering van de Gemeente Beekdaelen op 2021-12-21. Onderdeel: Motie VVD en VG inzake hufterboete bij illegale afvaldumping.","dc_identifier":"nl.gm1954.2c.2021.2832829-15","dc_publisher":"gm1954","dc_source":"https://beekdaelen.bestuurlijkeinformatie.nl/Agenda/Index/d863d0d7-9ec5-49fd-9e89-508dda666368","dc_title":"Raadsvergadering 2021-12-21 - Motie VVD en VG inzake hufterboete bij illegale afvaldumping","dc_type":"2c","dc_type_description":"Vergaderstuk decentrale overheid","foi_fairiscoreVersions":{"v1":1,"v2":1},"foi_files":[{"dc_format":"application/pdf","dc_identifier":"nl.gm1954.2c.2021.2832829-15.doc.1","dc_source":"https://api1.ibabs.eu/publicdownload.aspx?site=Beekdaelen&id=34a66435-01fa-46f9-a07d-ae3fc0f938a6","dc_title":"Motie VVD en VG inzake hufterboete bij illegale afvaldumping UNANIEM AANGENOMEN","dc_type":"bijlage","foi_fairiscoreVersions":{"v1":1,"v2":1},"foi_fileName":"Motie%20VVD%20en%20VG%20inzake%20hufterboete%20bij%20illegale%20afvaldumping%20UNANIEM%20AANGENOMEN.pdf","foi_nrPages":1}],"foi_nrDocuments":1,"foi_nrPagesInDossier":1,"foi_publishedDate":"2021-12-21","foi_retrievedDate":"2025-12-05"},{"dc_creator":"HandelingScraper_v1","dc_date_year":2021,"dc_description":"Vergadering van de Gemeente Beekdaelen op 2021-12-21. Onderdeel: Motie BL, inzake koopwoningen met voorrang.","dc_identifier":"nl.gm1954.2c.2021.2832829-16","dc_publisher":"gm1954","dc_source":"https://beekdaelen.bestuurlijkeinformatie.nl/Agenda/Index/d863d0d7-9ec5-49fd-9e89-508dda666368","dc_title":"Raadsvergadering 2021-12-21 - Motie BL, inzake koopwoningen met voorrang","dc_type":"2c","dc_type_description":"Vergaderstuk decentrale overheid","foi_fairiscoreVersions":{"v1":1,"v2":1},"foi_files":[{"dc_format":"application/pdf","dc_identifier":"nl.gm1954.2c.2021.2832829-16.doc.1","dc_source":"https://api1.ibabs.eu/publicdownload.aspx?site=Beekdaelen&id=e574f0a1-a98f-4d71-aeed-2bd50ffbe8d2","dc_title":"Motie BL inzake Koopwoningen met voorrang VERVALLEN - GECOMBINEERD MET 7.5","dc_type":"bijlage","foi_fairiscoreVersions":{"v1":1,"v2":1},"foi_fileName":"Motie%20BL%20inzake%20Koopwonigen%20met%20voorrang.pdf","foi_nrPages":1}],"foi_nrDocuments":1,"foi_nrPagesInDossier":1,"foi_publishedDate":"2021-12-21","foi_retrievedDate":"2026-01-22"},{"dc_creator":"HandelingScraper_v1","dc_date_year":2021,"dc_description":"Vergadering van de Gemeente Beekdaelen op 2021-12-21. Onderdeel: Vaststelling van de agenda.","dc_identifier":"nl.gm1954.2c.2021.2832829-2","dc_publisher":"gm1954","dc_source":"https://beekdaelen.bestuurlijkeinformatie.nl/Agenda/Index/d863d0d7-9ec5-49fd-9e89-508dda666368","dc_title":"Raadsvergadering 2021-12-21 - Vaststelling van de agenda","dc_type":"2c","dc_type_description":"Vergaderstuk decentrale overheid","foi_fairiscoreVersions":{"v1":null,"v2":null},"foi_files":[{"dc_format":"application/pdf","dc_identifier":"nl.gm1954.2c.2021.2832829-2.doc.1","dc_source":"https://api1.ibabs.eu/publicdownload.aspx?site=Beekdaelen&id=fbe14130-55c9-45ad-b133-5669a306ef5c","dc_title":"Vastgestelde agenda raad 21.12.2022","dc_type":"bijlage","foi_fileName":"Vastgestelde%20agenda%20raad%2021.12.2022.pdf"}],"foi_nrDocuments":1,"foi_nrPagesInDossier":0,"foi_publishedDate":"2021-12-21","foi_retrievedDate":"2025-11-30"},{"dc_creator":"HandelingScraper_v1","dc_date_year":2021,"dc_description":"Vergadering van de Gemeente Beekdaelen op 2021-12-21. Onderdeel: Vaststellen besluitenlijst openbare raadsvergadering d.d. 15 november 2021.","dc_identifier":"nl.gm1954.2c.2021.2832829-3","dc_publisher":"gm1954","dc_source":"https://beekdaelen.bestuurlijkeinformatie.nl/Agenda/Index/d863d0d7-9ec5-49fd-9e89-508dda666368","dc_title":"Raadsvergadering 2021-12-21 - Vaststellen besluitenlijst openbare raadsvergadering d.d. 15 november 2021","dc_type":"2c","dc_type_description":"Vergaderstuk decentrale overheid","foi_fairiscoreVersions":{"v1":1,"v2":1},"foi_files":[{"dc_format":"application/pdf","dc_identifier":"nl.gm1954.2c.2021.2832829-3.doc.1","dc_source":"https://api1.ibabs.eu/publicdownload.aspx?site=Beekdaelen&id=b4111c68-b2a3-4d32-96a3-24dabd1c4530","dc_title":"Besluitenlijst raadsvergadering 15 november 2021 - vastgesteld raad 21122021","dc_type":"bijlage","foi_fairiscoreVersions":{"v1":1,"v2":1},"foi_fileName":"Besluitenlijst%20raadsvergadering%2015%20november%202021.pdf","foi_nrPages":25}],"foi_nrDocuments":1,"foi_nrPagesInDossier":25,"foi_publishedDate":"2021-12-21","foi_retrievedDate":"2025-12-03"},{"dc_creator":"HandelingScraper_v1","dc_date_year":2021,"dc_description":"Vergadering van de Gemeente Beekdaelen op 2021-12-21. Onderdeel: Voorstel inzake Verordening bekostiging leerlingenvervoer gemeente Beekdaelen 2022.","dc_identifier":"nl.gm1954.2c.2021.2832829-4","dc_publisher":"gm1954","dc_source":"https://beekdaelen.bestuurlijkeinformatie.nl/Agenda/Index/d863d0d7-9ec5-49fd-9e89-508dda666368","dc_title":"Raadsvergadering 2021-12-21 - Voorstel inzake Verordening bekostiging leerlingenvervoer gemeente Beekdaelen 2022","dc_type":"2c","dc_type_description":"Vergaderstuk decentrale overheid","foi_fairiscoreVersions":{"v1":2,"v2":1},"foi_files":[{"dc_format":"application/pdf","dc_identifier":"nl.gm1954.2c.2021.2832829-4.doc.2","dc_source":"https://api1.ibabs.eu/publicdownload.aspx?site=Beekdaelen&id=1bf7f2bd-1642-4fc6-b4e1-728d3c2c5a15","dc_title":"RB inzake Verordening bekostiging leerlingenvervoer gemeente Beekdaelen 2022 - vastgesteld raad 21122021","dc_type":"bijlage","foi_fairiscoreVersions":{"v1":1,"v2":1},"foi_fileName":"Raadsbesluit%20inzake%20leerlingenvervoer.pdf","foi_nrPages":1},{"dc_format":"application/pdf","dc_identifier":"nl.gm1954.2c.2021.2832829-4.doc.1","dc_source":"https://api1.ibabs.eu/publicdownload.aspx?site=Beekdaelen&id=37ff99a3-ab17-4779-86c7-2c565de3650a","dc_title":"RV inzake Verordening Bekostiging Leerlingenvervoer gemeente Beekdaelen 2022","dc_type":"bijlage","foi_fairiscoreVersions":{"v1":1,"v2":1},"foi_fileName":"Z%2F21%2F166571%20-%20283797%20-%20Verordening%20Bekostiging%20Leerlingenvervoer%20gemeente%20Beekdaelen%202022.pdf","foi_nrPages":5},{"dc_format":"application/pdf","dc_identifier":"nl.gm1954.2c.2021.2832829-4.doc.3","dc_source":"https://api1.ibabs.eu/publicdownload.aspx?site=Beekdaelen&id=fe70ce84-eefb-4856-ac15-3da87a3d7f84","dc_title":"Verordening bekostiging leerlingenvervoer gemeente Beekdaelen 2022 - vastgesteld raad 21122021","dc_type":"bijlage","foi_fairiscoreVersions":{"v1":2,"v2":1},"foi_fileName":"Z%2F21%2F166571%20-%20283809%20-.pdf","foi_nrPages":35}],"foi_nrDocuments":3,"foi_nrPagesInDossier":41,"foi_publishedDate":"2021-12-21","foi_retrievedDate":"2025-12-01"},{"dc_creator":"HandelingScraper_v1","dc_date_year":2021,"dc_description":"Vergadering van de Gemeente Beekdaelen op 2021-12-21. Onderdeel: Voorstel inzake Verordening maatschappelijke voorziening 2022.","dc_identifier":"nl.gm1954.2c.2021.2832829-5","dc_publisher":"gm1954","dc_source":"https://beekdaelen.bestuurlijkeinformatie.nl/Agenda/Index/d863d0d7-9ec5-49fd-9e89-508dda666368","dc_title":"Raadsvergadering 2021-12-21 - Voorstel inzake Verordening maatschappelijke voorziening 2022","dc_type":"2c","dc_type_description":"Vergaderstuk decentrale overheid","foi_fairiscoreVersions":{"v1":1,"v2":1},"foi_files":[{"dc_format":"application/pdf","dc_identifier":"nl.gm1954.2c.2021.2832829-5.doc.2","dc_source":"https://api1.ibabs.eu/publicdownload.aspx?site=Beekdaelen&id=159828af-07df-4095-bc73-fc99c5f73045","dc_title":"Raadsbesluit inzake WMO verordening Beekdaelen 2022 - vastgesteld raad 21122021","dc_type":"bijlage","foi_fairiscoreVersions":{"v1":1,"v2":1},"foi_fileName":"RB%20inzake%20verordening%20maatschappelijke%20ondersteuning%20gemeente%20Beekdaelen%202022.pdf","foi_nrPages":1},{"dc_format":"application/pdf","dc_identifier":"nl.gm1954.2c.2021.2832829-5.doc.4","dc_source":"https://api1.ibabs.eu/publicdownload.aspx?site=Beekdaelen&id=a5033293-68c2-433d-bbb5-c13a86b4e060","dc_title":"Toelichting WMO Verordening Beekdaelen 2022","dc_type":"bijlage","foi_fairiscoreVersions":{"v1":1,"v2":1},"foi_fileName":"Toelichting%20Verordening%20maatschappelijke%20ondersteuning.pdf","foi_nrPages":30},{"dc_format":"application/pdf","dc_identifier":"nl.gm1954.2c.2021.2832829-5.doc.3","dc_source":"https://api1.ibabs.eu/publicdownload.aspx?site=Beekdaelen&id=a67ff01b-38c7-45f1-a239-9d69f4422ba0","dc_title":"Verordening maatschappelijke ondersteuning gemeente Beekdaelen 2022 - vastgesteld raad 21122021","dc_type":"bijlage","foi_fairiscoreVersions":{"v1":1,"v2":1},"foi_fileName":"Verordening%20maatschappelijke%20ondersteuning%20gemeente%20Beekdaelen%202022%20lay-out%20aangepast.pdf","foi_nrPages":24},{"dc_format":"application/pdf","dc_identifier":"nl.gm1954.2c.2021.2832829-5.doc.1","dc_source":"https://api1.ibabs.eu/publicdownload.aspx?site=Beekdaelen&id=ada63b0e-1e32-45cd-aec1-7c0cf0b997c4","dc_title":"Raadsvoorstel inzake WMO verordening Beekdaelen 2022","dc_type":"bijlage","foi_fairiscoreVersions":{"v1":1,"v2":1},"foi_fileName":"Z%2F21%2F166204%20-%20282895%20Raadsvoorstel%20WMO%20verordening.pdf","foi_nrPages":2}],"foi_nrDocuments":4,"foi_nrPagesInDossier":57,"foi_publishedDate":"2021-12-21","foi_retrievedDate":"2026-03-05"},{"dc_creator":"HandelingScraper_v1","dc_date_year":2021,"dc_description":"Vergadering van de Gemeente Beekdaelen op 2021-12-21. Onderdeel: Voorstel inzake Verordening Stimuleringsregeling Parkstad Limburg (inpondmakelaar).","dc_identifier":"nl.gm1954.2c.2021.2832829-6","dc_publisher":"gm1954","dc_source":"https://beekdaelen.bestuurlijkeinformatie.nl/Agenda/Index/d863d0d7-9ec5-49fd-9e89-508dda666368","dc_title":"Raadsvergadering 2021-12-21 - Voorstel inzake Verordening Stimuleringsregeling Parkstad Limburg (inpondmakelaar)","dc_type":"2c","dc_type_description":"Vergaderstuk decentrale overheid","foi_fairiscoreVersions":{"v1":2,"v2":1},"foi_files":[{"dc_format":"application/pdf","dc_identifier":"nl.gm1954.2c.2021.2832829-6.doc.5","dc_source":"https://api1.ibabs.eu/publicdownload.aspx?site=Beekdaelen&id=7c6bb150-196c-4eb2-b9f8-f422baa59f2e","dc_title":"Nadere beantwoording vragen nav cie 30-11-21","dc_type":"bijlage","foi_fairiscoreVersions":{"v1":1,"v2":1},"foi_fileName":"Nadere%20beantwoording%20vragen%20nav%20cie%2030-11-21.pdf","foi_nrPages":4},{"dc_format":"application/pdf","dc_identifier":"nl.gm1954.2c.2021.2832829-6.doc.3","dc_source":"https://api1.ibabs.eu/publicdownload.aspx?site=Beekdaelen&id=5c04fccf-8cd9-47d7-9737-f384748474eb","dc_title":"RB inzake Verordening Stimuleringsregeling Parkstad Limburg - vastgesteld raad 21122021","dc_type":"bijlage","foi_fairiscoreVersions":{"v1":1,"v2":1},"foi_fileName":"Raadsbesluit%20inzake%20inpondmakelaar.pdf","foi_nrPages":1},{"dc_format":"application/pdf","dc_identifier":"nl.gm1954.2c.2021.2832829-6.doc.1","dc_source":"https://api1.ibabs.eu/publicdownload.aspx?site=Beekdaelen&id=21a79bcc-4e52-4f5d-baa9-4dcab44c7b18","dc_title":"RV inzake Verordening Stimuleringsregeling Parkstad Limburg","dc_type":"bijlage","foi_fairiscoreVersions":{"v1":2,"v2":1},"foi_fileName":"Z%2F21%2F166456%20-%20283545.pdf","foi_nrPages":5},{"dc_format":"application/pdf","dc_identifier":"nl.gm1954.2c.2021.2832829-6.doc.4","dc_source":"https://api1.ibabs.eu/publicdownload.aspx?site=Beekdaelen&id=9739110a-cf6b-4501-bf2d-4b3e834d1249","dc_title":"Verordening Stimuleringsregeling Parkstad Limburg - vastgesteld raad 21122021","dc_type":"bijlage","foi_fairiscoreVersions":{"v1":1,"v2":1},"foi_fileName":"Z%2F21%2F166456%20-%20283546.pdf","foi_nrPages":8},{"dc_format":"application/pdf","dc_identifier":"nl.gm1954.2c.2021.2832829-6.doc.2","dc_source":"https://api1.ibabs.eu/publicdownload.aspx?site=Beekdaelen&id=e66d5b53-05bb-45eb-a4f3-cceae6f54171","dc_title":"Aanwijzingsbesluit economische activiteiten van algemeen belang Wet Markt en Overheid","dc_type":"bijlage","foi_fairiscoreVersions":{"v1":1,"v2":1},"foi_fileName":"Z%2F21%2F166456%20-%20283552%20-%20Aanwijzingsbesluit%20economische%20activiteiten%20van%20algemeen%20belang%20Wet%20Markt%20en%20Overheid.pdf","foi_nrPages":4}],"foi_nrDocuments":5,"foi_nrPagesInDossier":22,"foi_publishedDate":"2021-12-21","foi_retrievedDate":"2025-12-01"},{"dc_creator":"HandelingScraper_v1","dc_date_year":2021,"dc_description":"Vergadering van de Gemeente Beekdaelen op 2021-12-21. Onderdeel: Voorstel inzake Transitievisie Warmte 1.0.","dc_identifier":"nl.gm1954.2c.2021.2832829-7","dc_publisher":"gm1954","dc_source":"https://beekdaelen.bestuurlijkeinformatie.nl/Agenda/Index/d863d0d7-9ec5-49fd-9e89-508dda666368","dc_title":"Raadsvergadering 2021-12-21 - Voorstel inzake Transitievisie Warmte 1.0","dc_type":"2c","dc_type_description":"Vergaderstuk decentrale overheid","foi_fairiscoreVersions":{"v1":2,"v2":2},"foi_files":[{"dc_format":"application/pdf","dc_identifier":"nl.gm1954.2c.2021.2832829-7.doc.1","dc_source":"https://api1.ibabs.eu/publicdownload.aspx?site=Beekdaelen&id=3e291113-db27-4e5b-9465-38f15a4c717d","dc_title":"Raadsvoorstel Transitievisie Warmte 1.0","dc_type":"bijlage","foi_fairiscoreVersions":{"v1":1,"v2":1},"foi_fileName":"Z%2F21%2F165903%20-%20284381%20-%20Raadsvoorstel%20Transitievisie%20Warmte%201.pdf","foi_nrPages":5},{"dc_format":"application/pdf","dc_identifier":"nl.gm1954.2c.2021.2832829-7.doc.2","dc_source":"https://api1.ibabs.eu/publicdownload.aspx?site=Beekdaelen&id=c7aae3ee-d3e6-48ee-94d8-e20395a9158c","dc_title":"Raadsbesluit Transitievisie Warmte 1.0 - vastgesteld raad 21122021","dc_type":"bijlage","foi_fairiscoreVersions":{"v1":1,"v2":1},"foi_fileName":"Z%2F21%2F165903%20-%20284624%20-%20Raadsbesluit%20Transitievisie%20Warmte.pdf","foi_nrPages":1},{"dc_format":"application/pdf","dc_identifier":"nl.gm1954.2c.2021.2832829-7.doc.3","dc_source":"https://api1.ibabs.eu/publicdownload.aspx?site=Beekdaelen&id=445e36b9-c40f-4731-9e22-9d17f7c09c0f","dc_title":"Transitievisie Warmte 1.0 gemeente Beekdaelen","dc_type":"bijlage","foi_fairiscoreVersions":{"v1":2,"v2":2},"foi_fileName":"Z%2F21%2F165903%20-%20285028.pdf","foi_nrPages":45}],"foi_nrDocuments":3,"foi_nrPagesInDossier":51,"foi_publishedDate":"2021-12-21","foi_retrievedDate":"2026-03-15"},{"dc_creator":"HandelingScraper_v1","dc_date_year":2021,"dc_description":"Vergadering van de Gemeente Beekdaelen op 2021-12-21. Onderdeel: Voorstel inzake Tweede bestuursrapportage 2021.","dc_identifier":"nl.gm1954.2c.2021.2832829-8","dc_publisher":"gm1954","dc_source":"https://beekdaelen.bestuurlijkeinformatie.nl/Agenda/Index/d863d0d7-9ec5-49fd-9e89-508dda666368","dc_title":"Raadsvergadering 2021-12-21 - Voorstel inzake Tweede bestuursrapportage 2021","dc_type":"2c","dc_type_description":"Vergaderstuk decentrale overheid","foi_fairiscoreVersions":{"v1":2,"v2":2},"foi_files":[{"dc_format":"application/pdf","dc_identifier":"nl.gm1954.2c.2021.2832829-8.doc.10","dc_source":"https://api1.ibabs.eu/publicdownload.aspx?site=Beekdaelen&id=736bb898-c0a3-4da4-8636-edaa69f3852f","dc_title":"Beantwoording aanvullende vragen Vernieuwingsgroep","dc_type":"bijlage","foi_fairiscoreVersions":{"v1":1,"v2":1},"foi_fileName":"Beantwoording%20aanvullende%20vragen%20Vernieuwingsgroep.pdf","foi_nrPages":4},{"dc_format":"application/pdf","dc_identifier":"nl.gm1954.2c.2021.2832829-8.doc.12","dc_source":"https://api1.ibabs.eu/publicdownload.aspx?site=Beekdaelen&id=dd4d2d1c-8a04-4ed2-ae0d-ea73ecd106d4","dc_title":"Beantwoording vraag BL","dc_type":"bijlage","foi_fairiscoreVersions":{"v1":1,"v2":1},"foi_fileName":"Beantwoording%20vraag%20BL.pdf","foi_nrPages":2},{"dc_format":"application/pdf","dc_identifier":"nl.gm1954.2c.2021.2832829-8.doc.7","dc_source":"https://api1.ibabs.eu/publicdownload.aspx?site=Beekdaelen&id=0360d08f-c511-41bd-be39-837fe9928edd","dc_title":"Begrotingswijziging bij Burap II-2021","dc_type":"bijlage","foi_fairiscoreVersions":{"v1":1,"v2":1},"foi_fileName":"Begrotingswijziging%20bij%20Burap%20II-2021.pdf","foi_nrPages":1},{"dc_format":"application/pdf","dc_identifier":"nl.gm1954.2c.2021.2832829-8.doc.14","dc_source":"https://api1.ibabs.eu/publicdownload.aspx?site=Beekdaelen&id=e152eba0-c23e-4917-a1d9-b7c4fabbebed","dc_title":"Memorie van Antwoord technische vragen GroenLinks","dc_type":"bijlage","foi_fairiscoreVersions":{"v1":1,"v2":1},"foi_fileName":"Memorie%20van%20Antwoord%20technische%20vragen%20GroenLinks.pdf","foi_nrPages":2},{"dc_format":"application/pdf","dc_identifier":"nl.gm1954.2c.2021.2832829-8.doc.4","dc_source":"https://api1.ibabs.eu/publicdownload.aspx?site=Beekdaelen&id=e255aa8e-29a0-4bae-b616-506e4ca3e618","dc_title":"Motie D66, VG en GL inzake 'geen chemisch onkruidbestrijding' AANGENOMEN","dc_type":"bijlage","foi_fairiscoreVersions":{"v1":1,"v2":1},"foi_fileName":"Motie%20D66_%20VG%20en%20GL%20inzake%20%27geen%20chemisch%20onkruidbestrijding%27%20AANGENOMEN.pdf","foi_nrPages":1},{"dc_format":"application/pdf","dc_identifier":"nl.gm1954.2c.2021.2832829-8.doc.8","dc_source":"https://api1.ibabs.eu/publicdownload.aspx?site=Beekdaelen&id=d5659770-9ef2-4bae-a812-df4f52b9345a","dc_title":"Mutaties reserves bij Burap II-2021","dc_type":"bijlage","foi_fairiscoreVersions":{"v1":1,"v2":1},"foi_fileName":"Mutaties%20reserves%20bij%20Burap%20II-2021.pdf","foi_nrPages":1},{"dc_format":"application/pdf","dc_identifier":"nl.gm1954.2c.2021.2832829-8.doc.5","dc_source":"https://api1.ibabs.eu/publicdownload.aspx?site=Beekdaelen&id=55291d12-85cf-408f-b6e7-d6d2131cb12b","dc_title":"Nota van wijzigingen betreffende het raadsvoorstel en raadsbesluit bij Burap II-2021 (1)","dc_type":"bijlage","foi_fairiscoreVersions":{"v1":1,"v2":1},"foi_fileName":"Nota%20van%20wijzigingen%20betreffende%20het%20raadsvoorstel%20en%20raadsbesluit%20bij%20Burap%20II-2021%20%281%29.pdf","foi_nrPages":2},{"dc_format":"application/pdf","dc_identifier":"nl.gm1954.2c.2021.2832829-8.doc.2","dc_source":"https://api1.ibabs.eu/publicdownload.aspx?site=Beekdaelen&id=2f8d1679-cc7e-4b15-a9c8-74fbbecf83bd","dc_title":"Raadsbesluit Burap II-2021 na nota van wijziging - vastgesteld raad 21122021","dc_type":"bijlage","foi_fairiscoreVersions":{"v1":1,"v2":1},"foi_fileName":"Raadsbesluit%20Burap%20II-2021%20na%20nota%20van%20wijziging.pdf","foi_nrPages":1},{"dc_format":"application/pdf","dc_identifier":"nl.gm1954.2c.2021.2832829-8.doc.1","dc_source":"https://api1.ibabs.eu/publicdownload.aspx?site=Beekdaelen&id=3715ede1-bb03-4864-9ae0-2c7b1729d79b","dc_title":"Raadsvoorstel inzake Burap II-2021 - na nota van wijziging","dc_type":"bijlage","foi_fairiscoreVersions":{"v1":1,"v2":1},"foi_fileName":"Raadsvoorstel%20inzake%20Burap%20II-2021%20-%20na%20nota%20van%20wijziging.pdf","foi_nrPages":4},{"dc_format":"application/pdf","dc_identifier":"nl.gm1954.2c.2021.2832829-8.doc.3","dc_source":"https://api1.ibabs.eu/publicdownload.aspx?site=Beekdaelen&id=fb5e5d91-c13c-4442-b77c-8a170973d717","dc_title":"Tweede burap 2021 def. na 2e nota van wijzigingen","dc_type":"bijlage","foi_fairiscoreVersions":{"v1":2,"v2":2},"foi_fileName":"Tweede%20burap%202021%20def.%20na%202e%20nota%20van%20wijzigingen.pdf","foi_nrPages":44},{"dc_format":"application/pdf","dc_identifier":"nl.gm1954.2c.2021.2832829-8.doc.6","dc_source":"https://api1.ibabs.eu/publicdownload.aspx?site=Beekdaelen&id=b4746187-d43f-4beb-98a2-cbe5d9929d2e","dc_title":"Tweede nota van wijzigingen Burap II-2021","dc_type":"bijlage","foi_fairiscoreVersions":{"v1":1,"v2":1},"foi_fileName":"Tweede%20nota%20van%20wijzigingen%20Burap%20II-2021.pdf","foi_nrPages":2},{"dc_format":"application/pdf","dc_identifier":"nl.gm1954.2c.2021.2832829-8.doc.11","dc_source":"https://api1.ibabs.eu/publicdownload.aspx?site=Beekdaelen&id=0fc543c9-c015-419d-ae04-00790f3ec342","dc_title":"Vervolgvragen BL inzake Burap","dc_type":"bijlage","foi_fairiscoreVersions":{"v1":1,"v2":1},"foi_fileName":"Vervolgvragen%20BL%20inzake%20Burap.pdf","foi_nrPages":1},{"dc_format":"application/pdf","dc_identifier":"nl.gm1954.2c.2021.2832829-8.doc.9","dc_source":"https://api1.ibabs.eu/publicdownload.aspx?site=Beekdaelen&id=1ca3cfea-2250-48e6-8a78-1230382ed342","dc_title":"Vervolgvragen fractie VG inzake burap","dc_type":"bijlage","foi_fairiscoreVersions":{"v1":1,"v2":1},"foi_fileName":"Vervolgvragen%20fractie%20VG%20inzake%20burap.pdf","foi_nrPages":1},{"dc_format":"application/pdf","dc_identifier":"nl.gm1954.2c.2021.2832829-8.doc.13","dc_source":"https://api1.ibabs.eu/publicdownload.aspx?site=Beekdaelen&id=26a80f8f-1295-43cc-8841-b249490a0b5b","dc_title":"Vervolgvragen GL inzake Burap","dc_type":"bijlage","foi_fairiscoreVersions":{"v1":1,"v2":1},"foi_fileName":"Vervolgvragen%20GL%20inzake%20Burap.pdf","foi_nrPages":1}],"foi_nrDocuments":14,"foi_nrPagesInDossier":67,"foi_publishedDate":"2021-12-21","foi_retrievedDate":"2025-12-06"},{"dc_creator":"HandelingScraper_v1","dc_date_year":2021,"dc_description":"Vergadering van de Gemeente Beekdaelen op 2021-12-21. Onderdeel: Vaststelling lijst ingekomen stukken.","dc_identifier":"nl.gm1954.2c.2021.2832829-9","dc_publisher":"gm1954","dc_source":"https://beekdaelen.bestuurlijkeinformatie.nl/Agenda/Index/d863d0d7-9ec5-49fd-9e89-508dda666368","dc_title":"Raadsvergadering 2021-12-21 - Vaststelling lijst ingekomen stukken","dc_type":"2c","dc_type_description":"Vergaderstuk decentrale overheid","foi_fairiscoreVersions":{"v1":1,"v2":1},"foi_files":[{"dc_format":"application/pdf","dc_identifier":"nl.gm1954.2c.2021.2832829-9.doc.1","dc_source":"https://api1.ibabs.eu/publicdownload.aspx?site=Beekdaelen&id=cb4a834f-d7eb-4170-9e0c-52ae8faac5b5","dc_title":"Lijst ingekomen stukken raad 21122021 versie 06122021","dc_type":"bijlage","foi_fairiscoreVersions":{"v1":1,"v2":1},"foi_fileName":"Lijst%20ingekomen%20stukken%20raad%2021122021%20versie%2006122021.pdf","foi_nrPages":6},{"dc_format":"application/pdf","dc_identifier":"nl.gm1954.2c.2021.2832829-9.doc.2","dc_source":"https://api1.ibabs.eu/publicdownload.aspx?site=Beekdaelen&id=a9bf2c03-806c-4697-b544-3443a3537f79","dc_title":"Lijst ingekomen stukken raad 21122021 versie 14122021","dc_type":"bijlage","foi_fairiscoreVersions":{"v1":1,"v2":1},"foi_fileName":"Lijst%20ingekomen%20stukken%20raad%2021122021%20versie%2014-12-2021.pdf","foi_nrPages":7}],"foi_nrDocuments":2,"foi_nrPagesInDossier":13,"foi_publishedDate":"2021-12-21","foi_retrievedDate":"2025-11-30"},{"dc_creator":"HandelingScraper_v1","dc_date_year":2022,"dc_description":"Vergadering van de Gemeente Beekdaelen op 2022-01-18. Onderdeel: Opening, mededelingen voorzitter en vaststellen agenda.","dc_identifier":"nl.gm1954.2c.2022.2832878-2","dc_publisher":"gm1954","dc_source":"https://beekdaelen.bestuurlijkeinformatie.nl/Agenda/Index/7ac11615-7e64-4004-845d-daa0d5327d26","dc_title":"Commissie Ruimte (t/m april 2022) 2022-01-18 - Opening, mededelingen voorzitter en vaststellen agenda","dc_type":"2c","dc_type_description":"Vergaderstuk decentrale overheid","foi_fairiscoreVersions":{"v1":1,"v2":1},"foi_files":[{"dc_format":"application/pdf","dc_identifier":"nl.gm1954.2c.2022.2832878-2.doc.1","dc_source":"https://api1.ibabs.eu/publicdownload.aspx?site=Beekdaelen&id=8d24b22a-fe0a-40f3-8933-67eeffc14da1","dc_title":"Uitnodiging en voorlopige agenda cie ruimte 18012022","dc_type":"bijlage","foi_fairiscoreVersions":{"v1":1,"v2":1},"foi_fileName":"Uitnodiging%20en%20voorlopige%20agenda%20cie%20ruimte%2018012022.pdf","foi_nrPages":1},{"dc_format":"application/pdf","dc_identifier":"nl.gm1954.2c.2022.2832878-2.doc.2","dc_source":"https://api1.ibabs.eu/publicdownload.aspx?site=Beekdaelen&id=9e741aed-7504-499b-9fdf-0d14c791ee12","dc_title":"Vastgestelde agenda Cie Ruimte 18012022","dc_type":"bijlage","foi_fairiscoreVersions":{"v1":1,"v2":1},"foi_fileName":"Vastgestelde%20agenda%20Cie%20Ruimte%2018012022.pdf","foi_nrPages":1}],"foi_nrDocuments":2,"foi_nrPagesInDossier":2,"foi_publishedDate":"2022-01-18","foi_retrievedDate":"2026-01-22"},{"dc_creator":"HandelingScraper_v1","dc_date_year":2022,"dc_description":"Vergadering van de Gemeente Beekdaelen op 2022-01-18. Onderdeel: Vaststellen lijst van toezeggingen van de commissie Ruimte.","dc_identifier":"nl.gm1954.2c.2022.2832878-3","dc_publisher":"gm1954","dc_source":"https://beekdaelen.bestuurlijkeinformatie.nl/Agenda/Index/7ac11615-7e64-4004-845d-daa0d5327d26","dc_title":"Commissie Ruimte (t/m april 2022) 2022-01-18 - Vaststellen lijst van toezeggingen van de commissie Ruimte","dc_type":"2c","dc_type_description":"Vergaderstuk decentrale overheid","foi_fairiscoreVersions":{"v1":1,"v2":1},"foi_files":[{"dc_format":"application/pdf","dc_identifier":"nl.gm1954.2c.2022.2832878-3.doc.1","dc_source":"https://api1.ibabs.eu/publicdownload.aspx?site=Beekdaelen&id=bda7c6f3-1598-4d16-8cf4-b463977a1e8f","dc_title":"Lijst stand van zaken afhandeling toezeggingen mbt cie. Ruimte - griffie 2022.01.04","dc_type":"bijlage","foi_fairiscoreVersions":{"v1":1,"v2":1},"foi_fileName":"Lijst%20stand%20van%20zaken%20afhandeling%20toezeggingen%20mbt%20cie.%20Ruimte%20-%20griffie%202022.01.04.pdf","foi_nrPages":10}],"foi_nrDocuments":1,"foi_nrPagesInDossier":10,"foi_publishedDate":"2022-01-18","foi_retrievedDate":"2026-03-02"},{"dc_creator":"HandelingScraper_v1","dc_date_year":2022,"dc_description":"Vergadering van de Gemeente Beekdaelen op 2022-01-18. Onderdeel: Verordening nadeelcompensatie Beekdaelen 2022.","dc_identifier":"nl.gm1954.2c.2022.2832878-5","dc_publisher":"gm1954","dc_source":"https://beekdaelen.bestuurlijkeinformatie.nl/Agenda/Index/7ac11615-7e64-4004-845d-daa0d5327d26","dc_title":"Commissie Ruimte (t/m april 2022) 2022-01-18 - Verordening nadeelcompensatie Beekdaelen 2022","dc_type":"2c","dc_type_description":"Vergaderstuk decentrale overheid","foi_fairiscoreVersions":{"v1":1,"v2":1},"foi_files":[{"dc_format":"application/pdf","dc_identifier":"nl.gm1954.2c.2022.2832878-5.doc.2","dc_source":"https://api1.ibabs.eu/publicdownload.aspx?site=Beekdaelen&id=16e69e05-2ae0-4f12-951d-3be602ca053a","dc_title":"concept raadsbesluit Verordening nadeelcompensatie Beekdaelen 2022 VERVALLEN","dc_type":"bijlage","foi_fairiscoreVersions":{"v1":1,"v2":1},"foi_fileName":"concept%20raadsbesluit%20Verordening%20nadeelcompensatie%20Beekdaelen%202022.pdf","foi_nrPages":1},{"dc_format":"application/pdf","dc_identifier":"nl.gm1954.2c.2022.2832878-5.doc.3","dc_source":"https://api1.ibabs.eu/publicdownload.aspx?site=Beekdaelen&id=63f67461-008a-4a07-895d-82dac274fda0","dc_title":"concept Verordening nadeelcompensatie Beekdaelen 2022 VERVALLEN","dc_type":"bijlage","foi_fairiscoreVersions":{"v1":1,"v2":1},"foi_fileName":"concept%20Verordening%20nadeelcompensatie%20Beekdaelen%202022.pdf","foi_nrPages":7},{"dc_format":"application/pdf","dc_identifier":"nl.gm1954.2c.2022.2832878-5.doc.6","dc_source":"https://api1.ibabs.eu/publicdownload.aspx?site=Beekdaelen&id=6cac8834-e198-42da-b4d1-61a3597cc1e6","dc_title":"Bijlage 2 bij Lbr. 21/041 - Model Verordening Nadeelcompensatie","dc_type":"bijlage","foi_fairiscoreVersions":{"v1":1,"v2":1},"foi_fileName":"Z%2F21%2F159313%20-%20268400_%20Bijlage%202%20Model%20Verordening%20Nadeelcompensatie_%20gedownload%20bestand.pdf","foi_nrPages":6},{"dc_format":"application/pdf","dc_identifier":"nl.gm1954.2c.2022.2832878-5.doc.7","dc_source":"https://api1.ibabs.eu/publicdownload.aspx?site=Beekdaelen&id=0251930d-4ab4-49e8-944d-957f89ccb854","dc_title":"Bijlage 3 bij Lbr. 21/041 - Tekst van de Modelverordening nadeelcompensatie-Wordversie","dc_type":"bijlage","foi_fairiscoreVersions":{"v1":1,"v2":1},"foi_fileName":"Z%2F21%2F159313%20-%20268400_%20Bijlage%203%20Tekst%20van%20de%20Modelverordening%20nadeelcompensatie-Wordversie_%20gedownload%20bestand.pdf","foi_nrPages":5},{"dc_format":"application/pdf","dc_identifier":"nl.gm1954.2c.2022.2832878-5.doc.8","dc_source":"https://api1.ibabs.eu/publicdownload.aspx?site=Beekdaelen&id=c24bb200-8add-4596-b66e-99258dacc040","dc_title":"Bijlage 4 bij Lbr. 21/041 - Implementatiehandleiding bij Modelverordening nadeelcompensatie","dc_type":"bijlage","foi_fairiscoreVersions":{"v1":1,"v2":1},"foi_fileName":"Z%2F21%2F159313%20-%20268400_%20Bijlage%204%20Implementatiehandleiding%20bij%20Modelverordening%20nadeelcompensatie_%20gedownload%20bestand.pdf","foi_nrPages":4},{"dc_format":"application/pdf","dc_identifier":"nl.gm1954.2c.2022.2832878-5.doc.4","dc_source":"https://api1.ibabs.eu/publicdownload.aspx?site=Beekdaelen&id=0a29b483-1123-4303-b4fc-8c86dcface5b","dc_title":"Ledenbrief VNG d.d. 26 mei 2021 (Lbr. 21/041)","dc_type":"bijlage","foi_fairiscoreVersions":{"v1":1,"v2":1},"foi_fileName":"Z%2F21%2F159313%20-%20268400_%20ledenbrief%20gedownload%20bestand.pdf","foi_nrPages":3},{"dc_format":"application/pdf","dc_identifier":"nl.gm1954.2c.2022.2832878-5.doc.5","dc_source":"https://api1.ibabs.eu/publicdownload.aspx?site=Beekdaelen&id=2e3a7907-6c15-4ab9-9dfd-7efcd4c4758d","dc_title":"Bijlage 1 bij Lbr. 21/041- Gemeentelijke praktijk nadeelcompensatie","dc_type":"bijlage","foi_fairiscoreVersions":{"v1":1,"v2":1},"foi_fileName":"Z%2F21%2F159313%20-%20268400%20Bijlage%201%20Gemeentelijke%20praktijk%20nadeelcompensatie%20gedownload%20bestand.pdf","foi_nrPages":8},{"dc_format":"application/pdf","dc_identifier":"nl.gm1954.2c.2022.2832878-5.doc.1","dc_source":"https://api1.ibabs.eu/publicdownload.aspx?site=Beekdaelen&id=7228962c-c187-426c-82d9-25ee5599e2f7","dc_title":"Raadsvoorstel verordening nadeelcompensatie Beekdaelen 2022","dc_type":"bijlage","foi_fairiscoreVersions":{"v1":1,"v2":1},"foi_fileName":"Z%2F21%2F159313%20-%20282029%20-%20Verordening%20nadeelcompensatie%20Beekdaelen%202022.pdf","foi_nrPages":3}],"foi_nrDocuments":8,"foi_nrPagesInDossier":37,"foi_publishedDate":"2022-01-18","foi_retrievedDate":"2026-03-15"},{"dc_creator":"HandelingScraper_v1","dc_date_year":2022,"dc_description":"Vergadering van de Gemeente Beekdaelen op 2022-01-18. Onderdeel: Vaststelling bestemmingsplan Wolfhagen.","dc_identifier":"nl.gm1954.2c.2022.2832878-6","dc_publisher":"gm1954","dc_source":"https://beekdaelen.bestuurlijkeinformatie.nl/Agenda/Index/7ac11615-7e64-4004-845d-daa0d5327d26","dc_title":"Commissie Ruimte (t/m april 2022) 2022-01-18 - Vaststelling bestemmingsplan Wolfhagen","dc_type":"2c","dc_type_description":"Vergaderstuk decentrale overheid","foi_fairiscoreVersions":{"v1":1,"v2":1},"foi_files":[{"dc_format":"application/pdf","dc_identifier":"nl.gm1954.2c.2022.2832878-6.doc.3","dc_source":"https://api1.ibabs.eu/publicdownload.aspx?site=Beekdaelen&id=fd245142-53f4-4a9e-a12a-511f4ac0d7a3","dc_title":"Plantoelichting bestemmingsplan Wolfhagen 155","dc_type":"bijlage","foi_fairiscoreVersions":{"v1":1,"v2":1},"foi_fileName":"210409%20CONCEPT%20Plantoelichting%20BP%20Wolfhagen%20%20.pdf","foi_nrPages":30},{"dc_format":"application/pdf","dc_identifier":"nl.gm1954.2c.2022.2832878-6.doc.4","dc_source":"https://api1.ibabs.eu/publicdownload.aspx?site=Beekdaelen&id=15da832e-f501-4844-94f4-7d3a74a484f2","dc_title":"Regels bestemmingsplan Wolfhagen 155","dc_type":"bijlage","foi_fairiscoreVersions":{"v1":1,"v2":1},"foi_fileName":"210611%20Regels%20bestemmingsplan%20Wolfhagen%20155%20Schinnen.pdf","foi_nrPages":22},{"dc_format":"application/pdf","dc_identifier":"nl.gm1954.2c.2022.2832878-6.doc.5","dc_source":"https://api1.ibabs.eu/publicdownload.aspx?site=Beekdaelen&id=12167a6f-77e7-48d3-9e63-529aab02fbae","dc_title":"Verbeelding bestemmingsplan Wolfhagen 155","dc_type":"bijlage","foi_fairiscoreVersions":{"v1":1,"v2":1},"foi_fileName":"NL.IMRO.0962.BPWolfhagen155-VO01.pdf","foi_nrPages":1},{"dc_format":"application/pdf","dc_identifier":"nl.gm1954.2c.2022.2832878-6.doc.1","dc_source":"https://api1.ibabs.eu/publicdownload.aspx?site=Beekdaelen&id=01f3b4e0-1719-4558-abc1-f586b95007e9","dc_title":"Raadsvoorstel","dc_type":"bijlage","foi_fairiscoreVersions":{"v1":1,"v2":1},"foi_fileName":"Z%2F20%2F151924.pdf","foi_nrPages":4},{"dc_format":"application/pdf","dc_identifier":"nl.gm1954.2c.2022.2832878-6.doc.2","dc_source":"https://api1.ibabs.eu/publicdownload.aspx?site=Beekdaelen&id=fc44064b-a9fc-4942-bc06-88f90cdd226c","dc_title":"Raadsbesluit","dc_type":"bijlage","foi_fairiscoreVersions":{"v1":1,"v2":1},"foi_fileName":"Z%2F20%2F151924.pdf","foi_nrPages":1}],"foi_nrDocuments":5,"foi_nrPagesInDossier":58,"foi_publishedDate":"2022-01-18","foi_retrievedDate":"2025-12-02"},{"dc_creator":"HandelingScraper_v1","dc_date_year":2022,"dc_description":"Vergadering van de Gemeente Beekdaelen op 2022-01-18. Onderdeel: Grondstoffenplan 2022-2026 Rd4-gemeenten.","dc_identifier":"nl.gm1954.2c.2022.2832878-7","dc_publisher":"gm1954","dc_source":"https://beekdaelen.bestuurlijkeinformatie.nl/Agenda/Index/7ac11615-7e64-4004-845d-daa0d5327d26","dc_title":"Commissie Ruimte (t/m april 2022) 2022-01-18 - Grondstoffenplan 2022-2026 Rd4-gemeenten","dc_type":"2c","dc_type_description":"Vergaderstuk decentrale overheid","foi_fairiscoreVersions":{"v1":2,"v2":2},"foi_files":[{"dc_format":"application/pdf","dc_identifier":"nl.gm1954.2c.2022.2832878-7.doc.3","dc_source":"https://api1.ibabs.eu/publicdownload.aspx?site=Beekdaelen&id=8fb53d4e-7c0e-4cfd-8192-57d3505364b0","dc_title":"Grondstoffenplan 2022-2026 Gemeente Beekdaelen","dc_type":"bijlage","foi_fairiscoreVersions":{"v1":2,"v2":2},"foi_fileName":"Grondstoffenplan%202022-2026%20Gemeente%20Beekdaelen.pdf","foi_nrPages":76},{"dc_format":"application/pdf","dc_identifier":"nl.gm1954.2c.2022.2832878-7.doc.4","dc_source":"https://api1.ibabs.eu/publicdownload.aspx?site=Beekdaelen&id=35a282d2-df99-4463-b154-ec048b0ecfc5","dc_title":"MvA technische voorvragen Beekdaelen Lokaal Grondstoffenplan","dc_type":"bijlage","foi_fairiscoreVersions":{"v1":1,"v2":1},"foi_fileName":"MvA%20technische%20voorvragen%20Beekdaelen%20Lokaal%20Grondstoffenplan.pdf","foi_nrPages":3},{"dc_format":"application/pdf","dc_identifier":"nl.gm1954.2c.2022.2832878-7.doc.5","dc_source":"https://api1.ibabs.eu/publicdownload.aspx?site=Beekdaelen&id=d7830893-30d3-471e-8d08-b26d215974d9","dc_title":"MvA technische voorvragen GroenLinks Grondstoffenplan","dc_type":"bijlage","foi_fairiscoreVersions":{"v1":1,"v2":1},"foi_fileName":"MvA%20technische%20voorvragen%20GroenLinks%20Grondstoffenplan.pdf","foi_nrPages":1},{"dc_format":"application/pdf","dc_identifier":"nl.gm1954.2c.2022.2832878-7.doc.6","dc_source":"https://api1.ibabs.eu/publicdownload.aspx?site=Beekdaelen&id=57d7786c-0c62-4ce1-b2c9-5bf7c8abbfeb","dc_title":"MvA technische voorvragen Vernieuwingsgroep Grondstoffenplan","dc_type":"bijlage","foi_fairiscoreVersions":{"v1":1,"v2":1},"foi_fileName":"MvA%20technische%20voorvragen%20Vernieuwingsgroep%20Grondstoffenplan.pdf","foi_nrPages":2},{"dc_format":"application/pdf","dc_identifier":"nl.gm1954.2c.2022.2832878-7.doc.7","dc_source":"https://api1.ibabs.eu/publicdownload.aspx?site=Beekdaelen&id=3f19f308-b737-45e8-964e-c9787407920b","dc_title":"MvA technische voorvragen VVD Grondstoffenplan","dc_type":"bijlage","foi_fairiscoreVersions":{"v1":1,"v2":1},"foi_fileName":"MvA%20technische%20voorvragen%20VVD%20Grondstoffenplan.pdf","foi_nrPages":3},{"dc_format":"application/pdf","dc_identifier":"nl.gm1954.2c.2022.2832878-7.doc.1","dc_source":"https://api1.ibabs.eu/publicdownload.aspx?site=Beekdaelen&id=5311519d-a6f6-4b7b-9d2c-9e302aa9824d","dc_title":"Raadsvoorstel Grondstoffenplan 2022-2026 Rd4-gemeenten","dc_type":"bijlage","foi_fairiscoreVersions":{"v1":1,"v2":1},"foi_fileName":"Z%2F20%2F151748%20-%20287960%20-%20Concept%20Raadsvoorstel%20Grondstoffenplan%202022-2026.pdf","foi_nrPages":5},{"dc_format":"application/pdf","dc_identifier":"nl.gm1954.2c.2022.2832878-7.doc.2","dc_source":"https://api1.ibabs.eu/publicdownload.aspx?site=Beekdaelen&id=a2ea1e26-ec91-40de-bb61-bbfbd3ac5f3d","dc_title":"Concept Raadsbesluit Grondstoffenplan 2022-2026 Rd4-gemeenten","dc_type":"bijlage","foi_fairiscoreVersions":{"v1":1,"v2":1},"foi_fileName":"Z%2F20%2F151748%20-%20288323%20-%20Concept-raadsbesluit%20Grondstoffenplan%202022-2026%20Rd4-gemeenten.pdf","foi_nrPages":1}],"foi_nrDocuments":7,"foi_nrPagesInDossier":91,"foi_publishedDate":"2022-01-18","foi_retrievedDate":"2025-12-04"},{"dc_creator":"HandelingScraper_v1","dc_date_year":2022,"dc_description":"Vergadering van de Gemeente Beekdaelen op 2022-01-18. Onderdeel: Rondvraag Cluster Ruimte.","dc_identifier":"nl.gm1954.2c.2022.2832878-8","dc_publisher":"gm1954","dc_source":"https://beekdaelen.bestuurlijkeinformatie.nl/Agenda/Index/7ac11615-7e64-4004-845d-daa0d5327d26","dc_title":"Commissie Ruimte (t/m april 2022) 2022-01-18 - Rondvraag Cluster Ruimte","dc_type":"2c","dc_type_description":"Vergaderstuk decentrale overheid","foi_fairiscoreVersions":{"v1":1,"v2":1},"foi_files":[{"dc_format":"application/pdf","dc_identifier":"nl.gm1954.2c.2022.2832878-8.doc.2","dc_source":"https://api1.ibabs.eu/publicdownload.aspx?site=Beekdaelen&id=408520a6-17bf-403a-87e5-e91e63d18f49","dc_title":"CDA art 32 vragen beantwoording Holleweg","dc_type":"bijlage","foi_fairiscoreVersions":{"v1":1,"v2":1},"foi_fileName":"CDA%20art%2032%20vragen%20beantwoording%20Holleweg.pdf","foi_nrPages":3},{"dc_format":"application/pdf","dc_identifier":"nl.gm1954.2c.2022.2832878-8.doc.1","dc_source":"https://api1.ibabs.eu/publicdownload.aspx?site=Beekdaelen&id=9f40c969-dc24-4799-8343-4e7c623ea08d","dc_title":"Vragen art 32 RvO inzake werkzaamheden Holleweg Schinnen","dc_type":"bijlage","foi_fairiscoreVersions":{"v1":1,"v2":1},"foi_fileName":"Vragen%20art%2032%20RvO%20inzake%20werkzaamheden%20Holleweg%20Schinnen.pdf","foi_nrPages":1}],"foi_nrDocuments":2,"foi_nrPagesInDossier":4,"foi_publishedDate":"2022-01-18","foi_retrievedDate":"2026-03-09"},{"dc_creator":"HandelingScraper_v1","dc_date_year":2022,"dc_description":"Vergadering van de Gemeente Beekdaelen op 2022-01-20. Onderdeel: Algemeen.","dc_identifier":"nl.gm1954.2c.2022.2832935-1","dc_publisher":"gm1954","dc_source":"https://beekdaelen.bestuurlijkeinformatie.nl/Agenda/Index/c20946cc-4f1a-4566-ab81-54cf74c33003","dc_title":"Commissie Sociaal & BV (t/m april 2022) 2022-01-20 - Algemeen","dc_type":"2c","dc_type_description":"Vergaderstuk decentrale overheid","foi_fairiscoreVersions":{"v1":1,"v2":1},"foi_files":[{"dc_format":"application/pdf","dc_identifier":"nl.gm1954.2c.2022.2832935-1.doc.4","dc_source":"https://api1.ibabs.eu/publicdownload.aspx?site=Beekdaelen&id=281f54b0-8937-47c7-ad62-d6736db83252","dc_title":"Technische voorvragen GL commissievergadering 18 en 20 januari 2022","dc_type":"bijlage","foi_fairiscoreVersions":{"v1":1,"v2":1},"foi_fileName":"Technische%20voorvragen%20GL%20commissievergadering%2018%20en%2020%20januari%202022.pdf","foi_nrPages":2},{"dc_format":"application/pdf","dc_identifier":"nl.gm1954.2c.2022.2832935-1.doc.2","dc_source":"https://api1.ibabs.eu/publicdownload.aspx?site=Beekdaelen&id=f1206c67-4974-4ba6-a546-8c510f426931","dc_title":"TECHNISCHE VOORVRAGEN VAN DE VG BIJ DE CIEVERGADERINGEN 18 en 20 JAN. 2022","dc_type":"bijlage","foi_fairiscoreVersions":{"v1":1,"v2":1},"foi_fileName":"TECHNISCHE%20VOORVRAGEN%20VAN%20DE%20VG%20BIJ%20DE%20CIEVERGADERING%20RUIMTE%20VAN%2018%20JANUARI%202022.pdf","foi_nrPages":4},{"dc_format":"application/pdf","dc_identifier":"nl.gm1954.2c.2022.2832935-1.doc.3","dc_source":"https://api1.ibabs.eu/publicdownload.aspx?site=Beekdaelen&id=dd8eb21d-1163-40cc-b3d2-7635daacf4f5","dc_title":"Technische voorvragen VVD commissievergadering 18 en 20 januari 2022","dc_type":"bijlage","foi_fairiscoreVersions":{"v1":1,"v2":1},"foi_fileName":"Technische%20voorvragen%20VVD%20commissievergadering%2018%20en%2020%20januari%202022.pdf","foi_nrPages":2},{"dc_format":"application/pdf","dc_identifier":"nl.gm1954.2c.2022.2832935-1.doc.1","dc_source":"https://api1.ibabs.eu/publicdownload.aspx?site=Beekdaelen&id=883c88f5-34b5-44b2-93f6-caebc23c864a","dc_title":"Technische vragen BL inzake RKC","dc_type":"bijlage","foi_fairiscoreVersions":{"v1":1,"v2":1},"foi_fileName":"Technische%20vragen%20BL%20inzake%20RKC.pdf","foi_nrPages":1}],"foi_nrDocuments":4,"foi_nrPagesInDossier":9,"foi_publishedDate":"2022-01-20","foi_retrievedDate":"2026-02-05"},{"dc_creator":"HandelingScraper_v1","dc_date_year":2022,"dc_description":"Vergadering van de Gemeente Beekdaelen op 2022-01-20. Onderdeel: Opening, mededelingen voorzitter en vaststellen agenda.","dc_identifier":"nl.gm1954.2c.2022.2832935-2","dc_publisher":"gm1954","dc_source":"https://beekdaelen.bestuurlijkeinformatie.nl/Agenda/Index/c20946cc-4f1a-4566-ab81-54cf74c33003","dc_title":"Commissie Sociaal & BV (t/m april 2022) 2022-01-20 - Opening, mededelingen voorzitter en vaststellen agenda","dc_type":"2c","dc_type_description":"Vergaderstuk decentrale overheid","foi_fairiscoreVersions":{"v1":1,"v2":1},"foi_files":[{"dc_format":"application/pdf","dc_identifier":"nl.gm1954.2c.2022.2832935-2.doc.1","dc_source":"https://api1.ibabs.eu/publicdownload.aspx?site=Beekdaelen&id=5831ec53-16e8-45d4-9bdf-786d86e047ad","dc_title":"2022 01 20 Uitnodiging en voorlopige agenda cie . Sociaal&Bedrijfsvoering","dc_type":"bijlage","foi_fairiscoreVersions":{"v1":1,"v2":1},"foi_fileName":"2022%2001%2020%20Uitnodiging%20en%20voorlopige%20agenda%20cie%20.%20Sociaal%26Bedrijfsvoering.pdf","foi_nrPages":1},{"dc_format":"application/pdf","dc_identifier":"nl.gm1954.2c.2022.2832935-2.doc.2","dc_source":"https://api1.ibabs.eu/publicdownload.aspx?site=Beekdaelen&id=33e1e461-f75e-469c-9682-9e1fc2a523d4","dc_title":"Vastgestelde agenda cie . Sociaal&Bedrijfsvoering 20.01.2022","dc_type":"bijlage","foi_fairiscoreVersions":{"v1":1,"v2":1},"foi_fileName":"Vastgestelde%20agenda%20cie%20.pdf","foi_nrPages":1}],"foi_nrDocuments":2,"foi_nrPagesInDossier":2,"foi_publishedDate":"2022-01-20","foi_retrievedDate":"2026-01-22"},{"dc_creator":"HandelingScraper_v1","dc_date_year":2022,"dc_description":"Vergadering van de Gemeente Beekdaelen op 2022-01-20. Onderdeel: Vaststellen actiepuntenlijst van de commissie Sociaal & Bedrijfsvoering d.d. 9 december 2021.","dc_identifier":"nl.gm1954.2c.2022.2832935-3","dc_publisher":"gm1954","dc_source":"https://beekdaelen.bestuurlijkeinformatie.nl/Agenda/Index/c20946cc-4f1a-4566-ab81-54cf74c33003","dc_title":"Commissie Sociaal & BV (t/m april 2022) 2022-01-20 - Vaststellen actiepuntenlijst van de commissie Sociaal & Bedrijfsvoering d.d. 9 december 2021","dc_type":"2c","dc_type_description":"Vergaderstuk decentrale overheid","foi_fairiscoreVersions":{"v1":1,"v2":1},"foi_files":[{"dc_format":"application/pdf","dc_identifier":"nl.gm1954.2c.2022.2832935-3.doc.1","dc_source":"https://api1.ibabs.eu/publicdownload.aspx?site=Beekdaelen&id=2639024e-ec45-4ec7-a9fe-7f90e1dd5099","dc_title":"2021 12 09  Actiepuntenlijst cie Bedrijfsvoering - vastgesteld 20.01.2022","dc_type":"bijlage","foi_fairiscoreVersions":{"v1":1,"v2":1},"foi_fileName":"2021%2012%2009%20%20Actiepuntenlijst%20cie%20Bedrijfsvoering%20-%20concept.pdf","foi_nrPages":3}],"foi_nrDocuments":1,"foi_nrPagesInDossier":3,"foi_publishedDate":"2022-01-20","foi_retrievedDate":"2025-11-29"},{"dc_creator":"HandelingScraper_v1","dc_date_year":2022,"dc_description":"Vergadering van de Gemeente Beekdaelen op 2022-01-20. Onderdeel: Vaststellen lijst van toezeggingen van de commissie Sociaal & Bedrijfsvoering.","dc_identifier":"nl.gm1954.2c.2022.2832935-4","dc_publisher":"gm1954","dc_source":"https://beekdaelen.bestuurlijkeinformatie.nl/Agenda/Index/c20946cc-4f1a-4566-ab81-54cf74c33003","dc_title":"Commissie Sociaal & BV (t/m april 2022) 2022-01-20 - Vaststellen lijst van toezeggingen van de commissie Sociaal & Bedrijfsvoering","dc_type":"2c","dc_type_description":"Vergaderstuk decentrale overheid","foi_fairiscoreVersions":{"v1":1,"v2":1},"foi_files":[{"dc_format":"application/pdf","dc_identifier":"nl.gm1954.2c.2022.2832935-4.doc.1","dc_source":"https://api1.ibabs.eu/publicdownload.aspx?site=Beekdaelen&id=b23b1e61-ec5a-4108-9bd0-bb0fef5d0e64","dc_title":"Lijst stand van zaken afhandeling toezeggingen mbt cie. Sociaal & Bedr.voering - griffie 2022.01.04","dc_type":"bijlage","foi_fairiscoreVersions":{"v1":1,"v2":1},"foi_fileName":"Lijst%20stand%20van%20zaken%20afhandeling%20toezeggingen%20mbt%20cie.%20Sociaal%20%26%20Bedr.voering%20-%20griffie%202022.01.04.pdf","foi_nrPages":5}],"foi_nrDocuments":1,"foi_nrPagesInDossier":5,"foi_publishedDate":"2022-01-20","foi_retrievedDate":"2025-11-29"},{"dc_creator":"HandelingScraper_v1","dc_date_year":2022,"dc_description":"Vergadering van de Gemeente Beekdaelen op 2022-01-20. Onderdeel: Toelichting inzake politiecijfers 2021: door dhr. R. Caumon (Teamchef politie).","dc_identifier":"nl.gm1954.2c.2022.2832935-5","dc_publisher":"gm1954","dc_source":"https://beekdaelen.bestuurlijkeinformatie.nl/Agenda/Index/c20946cc-4f1a-4566-ab81-54cf74c33003","dc_title":"Commissie Sociaal & BV (t/m april 2022) 2022-01-20 - Toelichting inzake politiecijfers 2021: door dhr. R. Caumon (Teamchef politie)","dc_type":"2c","dc_type_description":"Vergaderstuk decentrale overheid","foi_fairiscoreVersions":{"v1":1,"v2":1},"foi_files":[{"dc_format":"application/pdf","dc_identifier":"nl.gm1954.2c.2022.2832935-5.doc.1","dc_source":"https://api1.ibabs.eu/publicdownload.aspx?site=Beekdaelen&id=1884d708-cacd-4cad-a8af-f34f601e8367","dc_title":"MvA technische vragen GL inzake politiecijfers","dc_type":"bijlage","foi_fairiscoreVersions":{"v1":1,"v2":1},"foi_fileName":"MvA%20technische%20vragen%20GL%20inzake%20politiecijfers.pdf","foi_nrPages":1}],"foi_nrDocuments":1,"foi_nrPagesInDossier":1,"foi_publishedDate":"2022-01-20","foi_retrievedDate":"2025-11-29"},{"dc_creator":"HandelingScraper_v1","dc_date_year":2022,"dc_description":"Vergadering van de Gemeente Beekdaelen op 2022-01-20. Onderdeel: Voorstel inzake verordening normbedragen voorzieningen onderwijshuisvesting Beekdaelen.","dc_identifier":"nl.gm1954.2c.2022.2832935-6","dc_publisher":"gm1954","dc_source":"https://beekdaelen.bestuurlijkeinformatie.nl/Agenda/Index/c20946cc-4f1a-4566-ab81-54cf74c33003","dc_title":"Commissie Sociaal & BV (t/m april 2022) 2022-01-20 - Voorstel inzake verordening normbedragen voorzieningen onderwijshuisvesting Beekdaelen","dc_type":"2c","dc_type_description":"Vergaderstuk decentrale overheid","foi_fairiscoreVersions":{"v1":1,"v2":1},"foi_files":[{"dc_format":"application/pdf","dc_identifier":"nl.gm1954.2c.2022.2832935-6.doc.1","dc_source":"https://api1.ibabs.eu/publicdownload.aspx?site=Beekdaelen&id=3c90f617-e028-44f1-8fed-539c539f4119","dc_title":"MvA vraag VG inzake normbedragen voorzieningen onderwijshuisvesting","dc_type":"bijlage","foi_fairiscoreVersions":{"v1":1,"v2":1},"foi_fileName":"MvA%20vraag%20VG%20inzake%20normbedragen%20voorzieningen%20onderwijshuisvesting.pdf","foi_nrPages":1}],"foi_nrDocuments":1,"foi_nrPagesInDossier":1,"foi_publishedDate":"2022-01-20","foi_retrievedDate":"2025-11-29"},{"dc_creator":"HandelingScraper_v1","dc_date_year":2022,"dc_description":"Vergadering van de Gemeente Beekdaelen op 2022-01-20. Onderdeel: Rondvraag Cluster Sociaal.","dc_identifier":"nl.gm1954.2c.2022.2832935-7","dc_publisher":"gm1954","dc_source":"https://beekdaelen.bestuurlijkeinformatie.nl/Agenda/Index/c20946cc-4f1a-4566-ab81-54cf74c33003","dc_title":"Commissie Sociaal & BV (t/m april 2022) 2022-01-20 - Rondvraag Cluster Sociaal","dc_type":"2c","dc_type_description":"Vergaderstuk decentrale overheid","foi_fairiscoreVersions":{"v1":1,"v2":1},"foi_files":[{"dc_format":"application/pdf","dc_identifier":"nl.gm1954.2c.2022.2832935-7.doc.3","dc_source":"https://api1.ibabs.eu/publicdownload.aspx?site=Beekdaelen&id=d5a9dd31-03b7-433f-95ef-633587215531","dc_title":"Beantwoording rondvraag D66 n.a.v. persbericht stevige impuls in leefbaarheid en regionale economie Parkstad","dc_type":"bijlage","foi_fairiscoreVersions":{"v1":1,"v2":1},"foi_fileName":"Beantwoording%20rondvraag%20D66%20n.a.v.%20persbericht%20stevige%20impuls%20in%20leefbaarheid%20en%20regionale%20economie%20Parkstad.pdf","foi_nrPages":1},{"dc_format":"application/pdf","dc_identifier":"nl.gm1954.2c.2022.2832935-7.doc.5","dc_source":"https://api1.ibabs.eu/publicdownload.aspx?site=Beekdaelen&id=5332610a-3718-46d5-9418-b2d8410940e6","dc_title":"MvA technische vragen GL inzake Bijeenkomst toekomst jeugd VT meldingen en ggz","dc_type":"bijlage","foi_fairiscoreVersions":{"v1":1,"v2":1},"foi_fileName":"MvA%20technische%20vragen%20GL%20inzake%20Bijeenkomst%20toekomst%20jeugd%20VT%20meldingen%20en%20ggz.pdf","foi_nrPages":1},{"dc_format":"application/pdf","dc_identifier":"nl.gm1954.2c.2022.2832935-7.doc.4","dc_source":"https://api1.ibabs.eu/publicdownload.aspx?site=Beekdaelen&id=855d779f-ee02-40da-8690-6fcae62c9d04","dc_title":"MvA technische vragen VG inzake fusie ambulance","dc_type":"bijlage","foi_fairiscoreVersions":{"v1":1,"v2":1},"foi_fileName":"MvA%20technische%20vragen%20VG%20inzake%20fusie%20ambulance.pdf","foi_nrPages":2},{"dc_format":"application/pdf","dc_identifier":"nl.gm1954.2c.2022.2832935-7.doc.2","dc_source":"https://api1.ibabs.eu/publicdownload.aspx?site=Beekdaelen&id=1bf9cd82-1404-4f87-89a4-f91ff13f7cb4","dc_title":"Persbericht_13_01_2022_Stevige impuls in leefbaarheid en regionale economie in Parkstad","dc_type":"bijlage","foi_fairiscoreVersions":{"v1":1,"v2":1},"foi_fileName":"Persbericht_13_01_2022_Stevige%20impuls%20in%20leefbaarheid%20en%20regionale%20economie%20in%20Parkstad.pdf","foi_nrPages":3},{"dc_format":"application/pdf","dc_identifier":"nl.gm1954.2c.2022.2832935-7.doc.1","dc_source":"https://api1.ibabs.eu/publicdownload.aspx?site=Beekdaelen&id=9a4de761-a508-46b7-8ec2-d42646561c3f","dc_title":"Vragen D66 n.a.v. persbericht Stevige impuls in leefbaarheid en regionale economie in Parkstad","dc_type":"bijlage","foi_fairiscoreVersions":{"v1":1,"v2":1},"foi_fileName":"Vragen%20D66%20n.a.v.%20persbericht%20Stevige%20impuls%20in%20leefbaarheid%20en%20regionale%20economie%20in%20Parkstad.pdf","foi_nrPages":1}],"foi_nrDocuments":5,"foi_nrPagesInDossier":8,"foi_publishedDate":"2022-01-20","foi_retrievedDate":"2025-11-29"},{"dc_creator":"HandelingScraper_v1","dc_date_year":2022,"dc_description":"Vergadering van de Gemeente Beekdaelen op 2022-01-20. Onderdeel: Voorstel inzake vaststellen Verordening Rekenkamercommissie.","dc_identifier":"nl.gm1954.2c.2022.2832935-8","dc_publisher":"gm1954","dc_source":"https://beekdaelen.bestuurlijkeinformatie.nl/Agenda/Index/c20946cc-4f1a-4566-ab81-54cf74c33003","dc_title":"Commissie Sociaal & BV (t/m april 2022) 2022-01-20 - Voorstel inzake vaststellen Verordening Rekenkamercommissie","dc_type":"2c","dc_type_description":"Vergaderstuk decentrale overheid","foi_fairiscoreVersions":{"v1":2,"v2":1},"foi_files":[{"dc_format":"application/pdf","dc_identifier":"nl.gm1954.2c.2022.2832935-8.doc.4","dc_source":"https://api1.ibabs.eu/publicdownload.aspx?site=Beekdaelen&id=02779fe1-19aa-4600-a86d-9b8f2b2852bf","dc_title":"MvA technische vragen BL inzake RKC","dc_type":"bijlage","foi_fairiscoreVersions":{"v1":1,"v2":1},"foi_fileName":"MvA%20technische%20vragen%20BL%20inzake%20RKC.pdf","foi_nrPages":1},{"dc_format":"application/pdf","dc_identifier":"nl.gm1954.2c.2022.2832935-8.doc.5","dc_source":"https://api1.ibabs.eu/publicdownload.aspx?site=Beekdaelen&id=54dc8b15-d463-4d70-9192-c7f41e1cbdf4","dc_title":"MvA technische vragen VG inzake RKC","dc_type":"bijlage","foi_fairiscoreVersions":{"v1":1,"v2":1},"foi_fileName":"MvA%20technische%20vragen%20VG%20inzake%20RKC.pdf","foi_nrPages":3},{"dc_format":"application/pdf","dc_identifier":"nl.gm1954.2c.2022.2832935-8.doc.6","dc_source":"https://api1.ibabs.eu/publicdownload.aspx?site=Beekdaelen&id=8f94f600-99c2-4331-8614-59f4a3d9cd04","dc_title":"MvA technische vragen VVD inzake RKC","dc_type":"bijlage","foi_fairiscoreVersions":{"v1":1,"v2":1},"foi_fileName":"MvA%20technische%20vragen%20VVD%20inzake%20RKC.pdf","foi_nrPages":3},{"dc_format":"application/pdf","dc_identifier":"nl.gm1954.2c.2022.2832935-8.doc.2","dc_source":"https://api1.ibabs.eu/publicdownload.aspx?site=Beekdaelen&id=8c43d0d7-d48c-4379-9e93-f080b974cfaa","dc_title":"RBS inzake vaststellen verordening RKC","dc_type":"bijlage","foi_fairiscoreVersions":{"v1":2,"v2":1},"foi_fileName":"RBS%20inzake%20vaststellen%20verordening%20RKC.pdf","foi_nrPages":2},{"dc_format":"application/pdf","dc_identifier":"nl.gm1954.2c.2022.2832935-8.doc.1","dc_source":"https://api1.ibabs.eu/publicdownload.aspx?site=Beekdaelen&id=3b94cfa9-e4cb-401a-9082-c437791edced","dc_title":"RVS inzake vaststellen verordening RKC","dc_type":"bijlage","foi_fairiscoreVersions":{"v1":1,"v2":1},"foi_fileName":"RVS%20inzake%20vaststellen%20verordening%20RKC.pdf","foi_nrPages":3},{"dc_format":"application/pdf","dc_identifier":"nl.gm1954.2c.2022.2832935-8.doc.3","dc_source":"https://api1.ibabs.eu/publicdownload.aspx?site=Beekdaelen&id=a005d283-3995-4ff4-bda9-cba580472901","dc_title":"Verordening Gezamenlijke Rekenkamercommissie Limburg Centraal","dc_type":"bijlage","foi_fairiscoreVersions":{"v1":1,"v2":1},"foi_fileName":"Verordening%20Gezamenlijke%20Rekenkamercommisie%20Limburg%20Centraal.pdf","foi_nrPages":4}],"foi_nrDocuments":6,"foi_nrPagesInDossier":16,"foi_publishedDate":"2022-01-20","foi_retrievedDate":"2025-11-29"},{"dc_creator":"HandelingScraper_v1","dc_date_year":2022,"dc_description":"Vergadering van de Gemeente Beekdaelen op 2022-01-26. Onderdeel: Agenda.","dc_identifier":"nl.gm1954.2c.2022.2832965-1","dc_publisher":"gm1954","dc_source":"https://beekdaelen.bestuurlijkeinformatie.nl/Agenda/Index/59f74206-66f6-4a5f-acee-84e82c92100f","dc_title":"BDN Commissie AWACS Limburg 2022-01-26 - Agenda","dc_type":"2c","dc_type_description":"Vergaderstuk decentrale overheid","foi_fairiscoreVersions":{"v1":1,"v2":1},"foi_files":[{"dc_format":"application/pdf","dc_identifier":"nl.gm1954.2c.2022.2832965-1.doc.1","dc_source":"https://api1.ibabs.eu/publicdownload.aspx?site=Beekdaelen&id=573e4234-6908-4ab0-825b-4fb4d21f5b5c","dc_title":"001-CAL-AWACS-2022-concept-agenda.pdf","dc_type":"bijlage","foi_fairiscoreVersions":{"v1":1,"v2":1},"foi_fileName":"001-CAL-AWACS-2022-concept-agenda.pdf","foi_nrPages":3}],"foi_nrDocuments":1,"foi_nrPagesInDossier":3,"foi_publishedDate":"2022-01-26","foi_retrievedDate":"2025-11-29"},{"dc_creator":"HandelingScraper_v1","dc_date_year":2022,"dc_description":"Vergadering van de Gemeente Beekdaelen op 2022-01-26. Onderdeel: Bespreken concept-voorstel evaluatie CAL AWACS.","dc_identifier":"nl.gm1954.2c.2022.2832965-10","dc_publisher":"gm1954","dc_source":"https://beekdaelen.bestuurlijkeinformatie.nl/Agenda/Index/59f74206-66f6-4a5f-acee-84e82c92100f","dc_title":"BDN Commissie AWACS Limburg 2022-01-26 - Bespreken concept-voorstel evaluatie CAL AWACS","dc_type":"2c","dc_type_description":"Vergaderstuk decentrale overheid","foi_fairiscoreVersions":{"v1":1,"v2":1},"foi_files":[{"dc_format":"application/pdf","dc_identifier":"nl.gm1954.2c.2022.2832965-10.doc.1","dc_source":"https://api1.ibabs.eu/publicdownload.aspx?site=Beekdaelen&id=ebde73d0-ac6a-485d-9dbf-6199d54b3bf3","dc_title":"010-CAL-AWACS-2022-Conceptopdrachtomschrijving evaluatie Commissie AWACS Limburg.pdf","dc_type":"bijlage","foi_fairiscoreVersions":{"v1":1,"v2":1},"foi_fileName":"010-CAL-AWACS-2022-Conceptopdrachtomschrijving%20evaluatie%20Commissie%20AWACS%20Limburg.pdf","foi_nrPages":2}],"foi_nrDocuments":1,"foi_nrPagesInDossier":2,"foi_publishedDate":"2022-01-26","foi_retrievedDate":"2025-11-29"},{"dc_creator":"HandelingScraper_v1","dc_date_year":2022,"dc_description":"Vergadering van de Gemeente Beekdaelen op 2022-01-26. Onderdeel: Voorstel besluiten aanpassing RVO CAL AWACS d.d. 8-10-1990 mogelijkheid tot inspreken.","dc_identifier":"nl.gm1954.2c.2022.2832965-11","dc_publisher":"gm1954","dc_source":"https://beekdaelen.bestuurlijkeinformatie.nl/Agenda/Index/59f74206-66f6-4a5f-acee-84e82c92100f","dc_title":"BDN Commissie AWACS Limburg 2022-01-26 - Voorstel besluiten aanpassing RVO CAL AWACS d.d. 8-10-1990 mogelijkheid tot inspreken","dc_type":"2c","dc_type_description":"Vergaderstuk decentrale overheid","foi_fairiscoreVersions":{"v1":1,"v2":1},"foi_files":[{"dc_format":"application/pdf","dc_identifier":"nl.gm1954.2c.2022.2832965-11.doc.1","dc_source":"https://api1.ibabs.eu/publicdownload.aspx?site=Beekdaelen&id=835318eb-b977-4e09-8307-22f4799c2e24","dc_title":"011-CAL-AWACS-2022-aanpassing RVO (insprekers).pdf","dc_type":"bijlage","foi_fairiscoreVersions":{"v1":1,"v2":1},"foi_fileName":"011-CAL-AWACS-2022-aanpassing%20RVO%20%28insprekers%29.pdf","foi_nrPages":1}],"foi_nrDocuments":1,"foi_nrPagesInDossier":1,"foi_publishedDate":"2022-01-26","foi_retrievedDate":"2025-11-29"},{"dc_creator":"HandelingScraper_v1","dc_date_year":2022,"dc_description":"Vergadering van de Gemeente Beekdaelen op 2022-01-26. Onderdeel: Kamerbrief over advies Gezondheidsraad over UFS.","dc_identifier":"nl.gm1954.2c.2022.2832965-12","dc_publisher":"gm1954","dc_source":"https://beekdaelen.bestuurlijkeinformatie.nl/Agenda/Index/59f74206-66f6-4a5f-acee-84e82c92100f","dc_title":"BDN Commissie AWACS Limburg 2022-01-26 - Kamerbrief over advies Gezondheidsraad over UFS","dc_type":"2c","dc_type_description":"Vergaderstuk decentrale overheid","foi_fairiscoreVersions":{"v1":1,"v2":1},"foi_files":[{"dc_format":"application/pdf","dc_identifier":"nl.gm1954.2c.2022.2832965-12.doc.1","dc_source":"https://api1.ibabs.eu/publicdownload.aspx?site=Beekdaelen&id=1a75fda6-b0fa-41f9-9723-b4b5489554a9","dc_title":"032-CAL-AWACS-2022-Kamerbrief over advies Gezondheidsraad over UFS 15 september 2021.pdf","dc_type":"bijlage","foi_fairiscoreVersions":{"v1":1,"v2":1},"foi_fileName":"032-CAL-AWACS-2022-Kamerbrief%20over%20advies%20Gezondheidsraad%20over%20UFS%2015%20september%202021.pdf","foi_nrPages":4}],"foi_nrDocuments":1,"foi_nrPagesInDossier":4,"foi_publishedDate":"2022-01-26","foi_retrievedDate":"2026-02-12"},{"dc_creator":"HandelingScraper_v1","dc_date_year":2022,"dc_description":"Vergadering van de Gemeente Beekdaelen op 2022-01-26. Onderdeel: Samenvatting advies Gezondheidsraad risico's fijnstof.","dc_identifier":"nl.gm1954.2c.2022.2832965-13","dc_publisher":"gm1954","dc_source":"https://beekdaelen.bestuurlijkeinformatie.nl/Agenda/Index/59f74206-66f6-4a5f-acee-84e82c92100f","dc_title":"BDN Commissie AWACS Limburg 2022-01-26 - Samenvatting advies Gezondheidsraad risico's fijnstof","dc_type":"2c","dc_type_description":"Vergaderstuk decentrale overheid","foi_fairiscoreVersions":{"v1":2,"v2":1},"foi_files":[{"dc_format":"application/pdf","dc_identifier":"nl.gm1954.2c.2022.2832965-13.doc.1","dc_source":"https://api1.ibabs.eu/publicdownload.aspx?site=Beekdaelen&id=05794f3b-da4c-4b79-8a21-5a309c926676","dc_title":"033-CAL-AWACS-2021-Samenvatting advies Gezondheidsraad risico's fijnstof.pdf","dc_type":"bijlage","foi_fairiscoreVersions":{"v1":2,"v2":1},"foi_fileName":"033-CAL-AWACS-2021-Samenvatting%20advies%20Gezondheidsraad%20risico%27s%20fijnstof.pdf","foi_nrPages":5}],"foi_nrDocuments":1,"foi_nrPagesInDossier":5,"foi_publishedDate":"2022-01-26","foi_retrievedDate":"2025-12-01"},{"dc_creator":"HandelingScraper_v1","dc_date_year":2022,"dc_description":"Vergadering van de Gemeente Beekdaelen op 2022-01-26. Onderdeel: Omgevingswet, dhr. C. Soer, Royal HaskoningDHV.","dc_identifier":"nl.gm1954.2c.2022.2832965-2","dc_publisher":"gm1954","dc_source":"https://beekdaelen.bestuurlijkeinformatie.nl/Agenda/Index/59f74206-66f6-4a5f-acee-84e82c92100f","dc_title":"BDN Commissie AWACS Limburg 2022-01-26 - Omgevingswet, dhr. C. Soer, Royal HaskoningDHV","dc_type":"2c","dc_type_description":"Vergaderstuk decentrale overheid","foi_fairiscoreVersions":{"v1":2,"v2":2},"foi_files":[{"dc_format":"application/pdf","dc_identifier":"nl.gm1954.2c.2022.2832965-2.doc.1","dc_source":"https://api1.ibabs.eu/publicdownload.aspx?site=Beekdaelen&id=d7c49f22-fbb2-43dd-9359-c6b395d34d4d","dc_title":"031-CAL-AWACS-2021-eindrapport Omgevingswet.pdf","dc_type":"bijlage","foi_fairiscoreVersions":{"v1":2,"v2":2},"foi_fileName":"031-CAL-AWACS-2021-eindrapport%20Omgevingswet.pdf","foi_nrPages":40}],"foi_nrDocuments":1,"foi_nrPagesInDossier":40,"foi_publishedDate":"2022-01-26","foi_retrievedDate":"2025-11-29"},{"dc_creator":"HandelingScraper_v1","dc_date_year":2022,"dc_description":"Vergadering van de Gemeente Beekdaelen op 2022-01-26. Onderdeel: Luchtruimherziening, dhr. O. Spanjer, Ministerie van Defensie.","dc_identifier":"nl.gm1954.2c.2022.2832965-3","dc_publisher":"gm1954","dc_source":"https://beekdaelen.bestuurlijkeinformatie.nl/Agenda/Index/59f74206-66f6-4a5f-acee-84e82c92100f","dc_title":"BDN Commissie AWACS Limburg 2022-01-26 - Luchtruimherziening, dhr. O. Spanjer, Ministerie van Defensie","dc_type":"2c","dc_type_description":"Vergaderstuk decentrale overheid","foi_fairiscoreVersions":{"v1":1,"v2":1},"foi_files":[{"dc_format":"application/pdf","dc_identifier":"nl.gm1954.2c.2022.2832965-3.doc.1","dc_source":"https://api1.ibabs.eu/publicdownload.aspx?site=Beekdaelen&id=13014591-8f37-4ad3-9204-f1eca881ebe3","dc_title":"002-CAL-AWACS-2022-voortgang luchtruimherziening.pdf","dc_type":"bijlage","foi_fairiscoreVersions":{"v1":1,"v2":1},"foi_fileName":"002-CAL-AWACS-2022-voortgang%20luchtruimherziening.pdf","foi_nrPages":6}],"foi_nrDocuments":1,"foi_nrPagesInDossier":6,"foi_publishedDate":"2022-01-26","foi_retrievedDate":"2025-11-29"},{"dc_creator":"HandelingScraper_v1","dc_date_year":2022,"dc_description":"Vergadering van de Gemeente Beekdaelen op 2022-01-26. Onderdeel: Vaststellen concept-verslag d.d. 23-9-2021.","dc_identifier":"nl.gm1954.2c.2022.2832965-4","dc_publisher":"gm1954","dc_source":"https://beekdaelen.bestuurlijkeinformatie.nl/Agenda/Index/59f74206-66f6-4a5f-acee-84e82c92100f","dc_title":"BDN Commissie AWACS Limburg 2022-01-26 - Vaststellen concept-verslag d.d. 23-9-2021","dc_type":"2c","dc_type_description":"Vergaderstuk decentrale overheid","foi_fairiscoreVersions":{"v1":1,"v2":1},"foi_files":[{"dc_format":"application/pdf","dc_identifier":"nl.gm1954.2c.2022.2832965-4.doc.1","dc_source":"https://api1.ibabs.eu/publicdownload.aspx?site=Beekdaelen&id=5032e302-7e22-482c-9a9a-c14aa3cc76b2","dc_title":"003-CAL-AWACS-2022-concept-verslag versie 130122.pdf","dc_type":"bijlage","foi_fairiscoreVersions":{"v1":1,"v2":1},"foi_fileName":"003-CAL-AWACS-2022-concept-verslag%20versie%20130122.pdf","foi_nrPages":4}],"foi_nrDocuments":1,"foi_nrPagesInDossier":4,"foi_publishedDate":"2022-01-26","foi_retrievedDate":"2025-11-29"},{"dc_creator":"HandelingScraper_v1","dc_date_year":2022,"dc_description":"Vergadering van de Gemeente Beekdaelen op 2022-01-26. Onderdeel: Gesprek gemeenten Beekdaelen en Brunssum met provincie Limburg over een aantal onderwerpen, waaronder mogelijk bezoek leden Tweede Kamer.","dc_identifier":"nl.gm1954.2c.2022.2832965-5","dc_publisher":"gm1954","dc_source":"https://beekdaelen.bestuurlijkeinformatie.nl/Agenda/Index/59f74206-66f6-4a5f-acee-84e82c92100f","dc_title":"BDN Commissie AWACS Limburg 2022-01-26 - Gesprek gemeenten Beekdaelen en Brunssum met provincie Limburg over een aantal onderwerpen, waaronder mogelijk bezoek leden Tweede Kamer","dc_type":"2c","dc_type_description":"Vergaderstuk decentrale overheid","foi_fairiscoreVersions":{"v1":1,"v2":1},"foi_files":[{"dc_format":"application/pdf","dc_identifier":"nl.gm1954.2c.2022.2832965-5.doc.1","dc_source":"https://api1.ibabs.eu/publicdownload.aspx?site=Beekdaelen&id=3c3a0cf0-9f26-483d-ab98-2749215bdcf2","dc_title":"004-CAL-AWACS-2022-Br. uitnodiging GS voor overleg.pdf","dc_type":"bijlage","foi_fairiscoreVersions":{"v1":1,"v2":1},"foi_fileName":"004-CAL-AWACS-2022-Br.%20uitnodiging%20GS%20voor%20overleg.pdf","foi_nrPages":2}],"foi_nrDocuments":1,"foi_nrPagesInDossier":2,"foi_publishedDate":"2022-01-26","foi_retrievedDate":"2025-11-29"},{"dc_creator":"HandelingScraper_v1","dc_date_year":2022,"dc_description":"Vergadering van de Gemeente Beekdaelen op 2022-01-26. Onderdeel: Halfjaarrapportage vliegbaanbewaking vliegbasis Geilenkirchen, 1e halfjaar 2021, NLR.","dc_identifier":"nl.gm1954.2c.2022.2832965-6","dc_publisher":"gm1954","dc_source":"https://beekdaelen.bestuurlijkeinformatie.nl/Agenda/Index/59f74206-66f6-4a5f-acee-84e82c92100f","dc_title":"BDN Commissie AWACS Limburg 2022-01-26 - Halfjaarrapportage vliegbaanbewaking vliegbasis Geilenkirchen, 1e halfjaar 2021, NLR","dc_type":"2c","dc_type_description":"Vergaderstuk decentrale overheid","foi_fairiscoreVersions":{"v1":2,"v2":2},"foi_files":[{"dc_format":"application/pdf","dc_identifier":"nl.gm1954.2c.2022.2832965-6.doc.1","dc_source":"https://api1.ibabs.eu/publicdownload.aspx?site=Beekdaelen&id=5dfebaff-3340-40c2-b73b-8d8e400b29b1","dc_title":"005-CAL-AWACS-2022- 1e halfjaarrapportage 2021 NLR-CR-2021-355.pdf","dc_type":"bijlage","foi_fairiscoreVersions":{"v1":2,"v2":2},"foi_fileName":"005-CAL-AWACS-2022-%201e%20halfjaarrapportage%202021%20NLR-CR-2021-355.pdf","foi_nrPages":27}],"foi_nrDocuments":1,"foi_nrPagesInDossier":27,"foi_publishedDate":"2022-01-26","foi_retrievedDate":"2025-11-29"},{"dc_creator":"HandelingScraper_v1","dc_date_year":2022,"dc_description":"Vergadering van de Gemeente Beekdaelen op 2022-01-26. Onderdeel: Overzicht klachten 3e kwartaal 2021.","dc_identifier":"nl.gm1954.2c.2022.2832965-7","dc_publisher":"gm1954","dc_source":"https://beekdaelen.bestuurlijkeinformatie.nl/Agenda/Index/59f74206-66f6-4a5f-acee-84e82c92100f","dc_title":"BDN Commissie AWACS Limburg 2022-01-26 - Overzicht klachten 3e kwartaal 2021","dc_type":"2c","dc_type_description":"Vergaderstuk decentrale overheid","foi_fairiscoreVersions":{"v1":2,"v2":2},"foi_files":[{"dc_format":"application/pdf","dc_identifier":"nl.gm1954.2c.2022.2832965-7.doc.1","dc_source":"https://api1.ibabs.eu/publicdownload.aspx?site=Beekdaelen&id=38a6104b-2335-43cf-a188-8eb34c3bbacd","dc_title":"006-CAL-AWACS-2022-3eKW.pdf","dc_type":"bijlage","foi_fairiscoreVersions":{"v1":2,"v2":2},"foi_fileName":"006-CAL-AWACS-2022-3eKW.pdf","foi_nrPages":21}],"foi_nrDocuments":1,"foi_nrPagesInDossier":21,"foi_publishedDate":"2022-01-26","foi_retrievedDate":"2025-11-29"},{"dc_creator":"HandelingScraper_v1","dc_date_year":2022,"dc_description":"Vergadering van de Gemeente Beekdaelen op 2022-01-26. Onderdeel: Vliegbewegingen boven woonbebouwing van Schinveld en/of Brunssum 3e kwartaal.","dc_identifier":"nl.gm1954.2c.2022.2832965-8","dc_publisher":"gm1954","dc_source":"https://beekdaelen.bestuurlijkeinformatie.nl/Agenda/Index/59f74206-66f6-4a5f-acee-84e82c92100f","dc_title":"BDN Commissie AWACS Limburg 2022-01-26 - Vliegbewegingen boven woonbebouwing van Schinveld en/of Brunssum 3e kwartaal","dc_type":"2c","dc_type_description":"Vergaderstuk decentrale overheid","foi_fairiscoreVersions":{"v1":1,"v2":1},"foi_files":[{"dc_format":"application/pdf","dc_identifier":"nl.gm1954.2c.2022.2832965-8.doc.1","dc_source":"https://api1.ibabs.eu/publicdownload.aspx?site=Beekdaelen&id=77efacf6-95d3-4d69-8663-b67350ff7560","dc_title":"007-CAL-AWACS-2022- Vliegbewegingen.pdf","dc_type":"bijlage","foi_fairiscoreVersions":{"v1":1,"v2":1},"foi_fileName":"007-CAL-AWACS-2022-%20Vliegbewegingen.pdf","foi_nrPages":7}],"foi_nrDocuments":1,"foi_nrPagesInDossier":7,"foi_publishedDate":"2022-01-26","foi_retrievedDate":"2025-11-29"},{"dc_creator":"HandelingScraper_v1","dc_date_year":2022,"dc_description":"Vergadering van de Gemeente Beekdaelen op 2022-01-26. Onderdeel: Vervolg informatiebijeenkomst Ke Lden d.d. 21-10-2021.","dc_identifier":"nl.gm1954.2c.2022.2832965-9","dc_publisher":"gm1954","dc_source":"https://beekdaelen.bestuurlijkeinformatie.nl/Agenda/Index/59f74206-66f6-4a5f-acee-84e82c92100f","dc_title":"BDN Commissie AWACS Limburg 2022-01-26 - Vervolg informatiebijeenkomst Ke Lden d.d. 21-10-2021","dc_type":"2c","dc_type_description":"Vergaderstuk decentrale overheid","foi_fairiscoreVersions":{"v1":2,"v2":2},"foi_files":[{"dc_format":"application/pdf","dc_identifier":"nl.gm1954.2c.2022.2832965-9.doc.1","dc_source":"https://api1.ibabs.eu/publicdownload.aspx?site=Beekdaelen&id=5e2ad7b0-485a-45a0-ab86-2fbbfa0a9772","dc_title":"008-CAL-AWACS-2022 Presentatie Van Ke naar Lden.pptx","dc_type":"bijlage","foi_fairiscoreVersions":{"v1":2,"v2":2},"foi_fileName":"008-CAL-AWACS-2022%20Presentatie%20Van%20Ke%20naar%20Lden.pdf","foi_nrPages":17},{"dc_format":"application/pdf","dc_identifier":"nl.gm1954.2c.2022.2832965-9.doc.2","dc_source":"https://api1.ibabs.eu/publicdownload.aspx?site=Beekdaelen&id=6d1b8daa-49eb-4906-a873-77819b194221","dc_title":"009-CAL-AWACS-2022-Toezeggingen informatieavond Ke lden Geilenkirchen.pdf","dc_type":"bijlage","foi_fairiscoreVersions":{"v1":1,"v2":1},"foi_fileName":"009-CAL-AWACS-2022-Toezeggingen%20informatieavond%20Ke%20lden%20Geilenkirchen.pdf","foi_nrPages":2}],"foi_nrDocuments":2,"foi_nrPagesInDossier":19,"foi_publishedDate":"2022-01-26","foi_retrievedDate":"2025-11-29"},{"dc_creator":"HandelingScraper_v1","dc_date_year":2022,"dc_description":"Vergadering van de Gemeente Beekdaelen op 2022-02-01. Onderdeel: Opening.","dc_identifier":"nl.gm1954.2c.2022.2832993-1","dc_publisher":"gm1954","dc_source":"https://beekdaelen.bestuurlijkeinformatie.nl/Agenda/Index/b967c6cc-220e-4dc3-a277-debec4d88674","dc_title":"Raadsvergadering 2022-02-01 - Opening","dc_type":"2c","dc_type_description":"Vergaderstuk decentrale overheid","foi_fairiscoreVersions":{"v1":1,"v2":1},"foi_files":[{"dc_format":"application/pdf","dc_identifier":"nl.gm1954.2c.2022.2832993-1.doc.1","dc_source":"https://api1.ibabs.eu/publicdownload.aspx?site=Beekdaelen&id=d9015130-2a0f-4c97-9ba3-e41c70f8c3e0","dc_title":"Uitnodiging en voorlopige agenda raadsvergadering 1 februari 2022","dc_type":"bijlage","foi_fairiscoreVersions":{"v1":1,"v2":1},"foi_fileName":"Uitnodiging%20en%20voorlopige%20agenda%20raadsvergadering%201%20februari%202022.pdf","foi_nrPages":2}],"foi_nrDocuments":1,"foi_nrPagesInDossier":2,"foi_publishedDate":"2022-02-01","foi_retrievedDate":"2026-01-22"},{"dc_creator":"HandelingScraper_v1","dc_date_year":2022,"dc_description":"Vergadering van de Gemeente Beekdaelen op 2022-02-01. Onderdeel: Vaststelling lijst ingekomen stukken.","dc_identifier":"nl.gm1954.2c.2022.2832993-10","dc_publisher":"gm1954","dc_source":"https://beekdaelen.bestuurlijkeinformatie.nl/Agenda/Index/b967c6cc-220e-4dc3-a277-debec4d88674","dc_title":"Raadsvergadering 2022-02-01 - Vaststelling lijst ingekomen stukken","dc_type":"2c","dc_type_description":"Vergaderstuk decentrale overheid","foi_fairiscoreVersions":{"v1":1,"v2":1},"foi_files":[{"dc_format":"application/pdf","dc_identifier":"nl.gm1954.2c.2022.2832993-10.doc.1","dc_source":"https://api1.ibabs.eu/publicdownload.aspx?site=Beekdaelen&id=074b3148-c5a6-42c2-b878-3f0c638dbda2","dc_title":"Lijst ingekomen stukken raad 01022022 versie 06.01.2022","dc_type":"bijlage","foi_fairiscoreVersions":{"v1":1,"v2":1},"foi_fileName":"Lijst%20ingekomen%20stukken%20raad%2001022022%20versie%2006.01.2022.pdf","foi_nrPages":5},{"dc_format":"application/pdf","dc_identifier":"nl.gm1954.2c.2022.2832993-10.doc.2","dc_source":"https://api1.ibabs.eu/publicdownload.aspx?site=Beekdaelen&id=86f05c75-4a77-42b3-8033-b2b0e9a0b5fb","dc_title":"Lijst ingekomen stukken raad 01022022 versie 27.01.2022 - vastgesteld raad 01022022","dc_type":"bijlage","foi_fairiscoreVersions":{"v1":1,"v2":1},"foi_fileName":"Lijst%20ingekomen%20stukken%20raad%2001022022%20versie%2027.01.2022.pdf","foi_nrPages":7}],"foi_nrDocuments":2,"foi_nrPagesInDossier":12,"foi_publishedDate":"2022-02-01","foi_retrievedDate":"2026-02-06"},{"dc_creator":"HandelingScraper_v1","dc_date_year":2022,"dc_description":"Vergadering van de Gemeente Beekdaelen op 2022-02-01. Onderdeel: Motie VG inzake herstelplan Covid-19 pandemie gemeente Beekdaelen.","dc_identifier":"nl.gm1954.2c.2022.2832993-11","dc_publisher":"gm1954","dc_source":"https://beekdaelen.bestuurlijkeinformatie.nl/Agenda/Index/b967c6cc-220e-4dc3-a277-debec4d88674","dc_title":"Raadsvergadering 2022-02-01 - Motie VG inzake herstelplan Covid-19 pandemie gemeente Beekdaelen","dc_type":"2c","dc_type_description":"Vergaderstuk decentrale overheid","foi_fairiscoreVersions":{"v1":1,"v2":1},"foi_files":[{"dc_format":"application/pdf","dc_identifier":"nl.gm1954.2c.2022.2832993-11.doc.1","dc_source":"https://api1.ibabs.eu/publicdownload.aspx?site=Beekdaelen&id=7eff78e3-75d7-42ea-b8d0-fe48b8f29868","dc_title":"Motie VG inzake herstelplan covid Beekdaelen AANGENOMEN","dc_type":"bijlage","foi_fairiscoreVersions":{"v1":1,"v2":1},"foi_fileName":"Motie%20VG%20inzake%20herstelplan%20covid%20Beekdaelen%20AANGENOMEN.pdf","foi_nrPages":2}],"foi_nrDocuments":1,"foi_nrPagesInDossier":2,"foi_publishedDate":"2022-02-01","foi_retrievedDate":"2026-01-22"},{"dc_creator":"HandelingScraper_v1","dc_date_year":2022,"dc_description":"Vergadering van de Gemeente Beekdaelen op 2022-02-01. Onderdeel: Motie CDA inzake ambulancedienst.","dc_identifier":"nl.gm1954.2c.2022.2832993-12","dc_publisher":"gm1954","dc_source":"https://beekdaelen.bestuurlijkeinformatie.nl/Agenda/Index/b967c6cc-220e-4dc3-a277-debec4d88674","dc_title":"Raadsvergadering 2022-02-01 - Motie CDA inzake ambulancedienst","dc_type":"2c","dc_type_description":"Vergaderstuk decentrale overheid","foi_fairiscoreVersions":{"v1":1,"v2":1},"foi_files":[{"dc_format":"application/pdf","dc_identifier":"nl.gm1954.2c.2022.2832993-12.doc.1","dc_source":"https://api1.ibabs.eu/publicdownload.aspx?site=Beekdaelen&id=f502119e-8fc5-4d91-b5ef-635cfd1f82db","dc_title":"Motie CDA inzake ambulancedienst VERWORPEN","dc_type":"bijlage","foi_fairiscoreVersions":{"v1":1,"v2":1},"foi_fileName":"Motie%20CDA%20inzake%20ambulancedienst%20VERWORPEN.pdf","foi_nrPages":2}],"foi_nrDocuments":1,"foi_nrPagesInDossier":2,"foi_publishedDate":"2022-02-01","foi_retrievedDate":"2026-02-12"},{"dc_creator":"HandelingScraper_v1","dc_date_year":2022,"dc_description":"Vergadering van de Gemeente Beekdaelen op 2022-02-01. Onderdeel: Motie VG, BL en GL inzake AOW minimum.","dc_identifier":"nl.gm1954.2c.2022.2832993-13","dc_publisher":"gm1954","dc_source":"https://beekdaelen.bestuurlijkeinformatie.nl/Agenda/Index/b967c6cc-220e-4dc3-a277-debec4d88674","dc_title":"Raadsvergadering 2022-02-01 - Motie VG, BL en GL inzake AOW minimum","dc_type":"2c","dc_type_description":"Vergaderstuk decentrale overheid","foi_fairiscoreVersions":{"v1":1,"v2":1},"foi_files":[{"dc_format":"application/pdf","dc_identifier":"nl.gm1954.2c.2022.2832993-13.doc.1","dc_source":"https://api1.ibabs.eu/publicdownload.aspx?site=Beekdaelen&id=4245b2fd-d047-4682-97b0-3bbfd4dd30fc","dc_title":"Motie VG, BL en GL inzake AOW Minimum AANGENOMEN","dc_type":"bijlage","foi_fairiscoreVersions":{"v1":1,"v2":1},"foi_fileName":"Motie%20VG_%20BL%20en%20GL%20inzake%20AOW%20Minimum%20AANGENOMEN.pdf","foi_nrPages":2}],"foi_nrDocuments":1,"foi_nrPagesInDossier":2,"foi_publishedDate":"2022-02-01","foi_retrievedDate":"2026-03-05"},{"dc_creator":"HandelingScraper_v1","dc_date_year":2022,"dc_description":"Vergadering van de Gemeente Beekdaelen op 2022-02-01. Onderdeel: Motie D66 en VVD inzake koopkrachtbeeld.","dc_identifier":"nl.gm1954.2c.2022.2832993-14","dc_publisher":"gm1954","dc_source":"https://beekdaelen.bestuurlijkeinformatie.nl/Agenda/Index/b967c6cc-220e-4dc3-a277-debec4d88674","dc_title":"Raadsvergadering 2022-02-01 - Motie D66 en VVD inzake koopkrachtbeeld","dc_type":"2c","dc_type_description":"Vergaderstuk decentrale overheid","foi_fairiscoreVersions":{"v1":1,"v2":1},"foi_files":[{"dc_format":"application/pdf","dc_identifier":"nl.gm1954.2c.2022.2832993-14.doc.1","dc_source":"https://api1.ibabs.eu/publicdownload.aspx?site=Beekdaelen&id=90513025-8ffc-4800-b275-ee525d9c87fe","dc_title":"Motie D66 en VVD inzake koopkrachtbeeld VERWORPEN","dc_type":"bijlage","foi_fairiscoreVersions":{"v1":1,"v2":1},"foi_fileName":"Motie%20D66%20en%20VVD%20inzake%20koopkrachtbeeld%20VERWORPEN.pdf","foi_nrPages":2}],"foi_nrDocuments":1,"foi_nrPagesInDossier":2,"foi_publishedDate":"2022-02-01","foi_retrievedDate":"2025-12-03"},{"dc_creator":"HandelingScraper_v1","dc_date_year":2022,"dc_description":"Vergadering van de Gemeente Beekdaelen op 2022-02-01. Onderdeel: Motie VVD inzake hartveilig Beekdaelen.","dc_identifier":"nl.gm1954.2c.2022.2832993-15","dc_publisher":"gm1954","dc_source":"https://beekdaelen.bestuurlijkeinformatie.nl/Agenda/Index/b967c6cc-220e-4dc3-a277-debec4d88674","dc_title":"Raadsvergadering 2022-02-01 - Motie VVD inzake hartveilig Beekdaelen","dc_type":"2c","dc_type_description":"Vergaderstuk decentrale overheid","foi_fairiscoreVersions":{"v1":1,"v2":1},"foi_files":[{"dc_format":"application/pdf","dc_identifier":"nl.gm1954.2c.2022.2832993-15.doc.1","dc_source":"https://api1.ibabs.eu/publicdownload.aspx?site=Beekdaelen&id=e409f448-0f10-43d2-8bc4-bce5f7d9f44c","dc_title":"Motie VVD inzake hartveilig Beekdaelen AANGEHOUDEN","dc_type":"bijlage","foi_fairiscoreVersions":{"v1":1,"v2":1},"foi_fileName":"Motie%20VVD%20inzake%20hartveilig%20Beekdaelen%20AANGEHOUDEN.pdf","foi_nrPages":1}],"foi_nrDocuments":1,"foi_nrPagesInDossier":1,"foi_publishedDate":"2022-02-01","foi_retrievedDate":"2025-11-30"},{"dc_creator":"HandelingScraper_v1","dc_date_year":2022,"dc_description":"Vergadering van de Gemeente Beekdaelen op 2022-02-01. Onderdeel: Motie VVD inzake overlast in dorpskernen.","dc_identifier":"nl.gm1954.2c.2022.2832993-16","dc_publisher":"gm1954","dc_source":"https://beekdaelen.bestuurlijkeinformatie.nl/Agenda/Index/b967c6cc-220e-4dc3-a277-debec4d88674","dc_title":"Raadsvergadering 2022-02-01 - Motie VVD inzake overlast in dorpskernen","dc_type":"2c","dc_type_description":"Vergaderstuk decentrale overheid","foi_fairiscoreVersions":{"v1":1,"v2":1},"foi_files":[{"dc_format":"application/pdf","dc_identifier":"nl.gm1954.2c.2022.2832993-16.doc.1","dc_source":"https://api1.ibabs.eu/publicdownload.aspx?site=Beekdaelen&id=c9444a99-a99b-4376-9584-4e16c619a1a4","dc_title":"Motie VVD inzake overlast in dorpskernen INGETROKKEN","dc_type":"bijlage","foi_fairiscoreVersions":{"v1":1,"v2":1},"foi_fileName":"Motie%20VVD%20inzake%20overlast%20in%20dorpskernen%20INGETROKKEN.pdf","foi_nrPages":1}],"foi_nrDocuments":1,"foi_nrPagesInDossier":1,"foi_publishedDate":"2022-02-01","foi_retrievedDate":"2026-03-04"},{"dc_creator":"HandelingScraper_v1","dc_date_year":2022,"dc_description":"Vergadering van de Gemeente Beekdaelen op 2022-02-01. Onderdeel: Motie BL, CDA, VG en PvdA inzake volwassenfonds sport en cultuur.","dc_identifier":"nl.gm1954.2c.2022.2832993-17","dc_publisher":"gm1954","dc_source":"https://beekdaelen.bestuurlijkeinformatie.nl/Agenda/Index/b967c6cc-220e-4dc3-a277-debec4d88674","dc_title":"Raadsvergadering 2022-02-01 - Motie BL, CDA, VG en PvdA inzake volwassenfonds sport en cultuur","dc_type":"2c","dc_type_description":"Vergaderstuk decentrale overheid","foi_fairiscoreVersions":{"v1":1,"v2":1},"foi_files":[{"dc_format":"application/pdf","dc_identifier":"nl.gm1954.2c.2022.2832993-17.doc.1","dc_source":"https://api1.ibabs.eu/publicdownload.aspx?site=Beekdaelen&id=f799ce48-da7b-493d-a5b3-7c15347046d3","dc_title":"Motie BL, CDA, VG en PvdA inzake aanhaking volwassenfonds Sport en Cultuur AANGENOMEN","dc_type":"bijlage","foi_fairiscoreVersions":{"v1":1,"v2":1},"foi_fileName":"Motie%20BL_%20CDA_%20VG%20en%20PvdA%20inzake%20aanhaking%20volwassenfonds%20Sport%20en%20Cultuur%20AANGENOMEN.pdf","foi_nrPages":1}],"foi_nrDocuments":1,"foi_nrPagesInDossier":1,"foi_publishedDate":"2022-02-01","foi_retrievedDate":"2026-03-04"},{"dc_creator":"HandelingScraper_v1","dc_date_year":2022,"dc_description":"Vergadering van de Gemeente Beekdaelen op 2022-02-01. Onderdeel: Motie BL en VG inzake witte anjerplek.","dc_identifier":"nl.gm1954.2c.2022.2832993-18","dc_publisher":"gm1954","dc_source":"https://beekdaelen.bestuurlijkeinformatie.nl/Agenda/Index/b967c6cc-220e-4dc3-a277-debec4d88674","dc_title":"Raadsvergadering 2022-02-01 - Motie BL en VG inzake witte anjerplek","dc_type":"2c","dc_type_description":"Vergaderstuk decentrale overheid","foi_fairiscoreVersions":{"v1":1,"v2":1},"foi_files":[{"dc_format":"application/pdf","dc_identifier":"nl.gm1954.2c.2022.2832993-18.doc.1","dc_source":"https://api1.ibabs.eu/publicdownload.aspx?site=Beekdaelen&id=aeefdadc-a0a2-401b-8296-4ac1b91bbbb2","dc_title":"Motie BL en VG inzake witte Anjerplek AANGENOMEN","dc_type":"bijlage","foi_fairiscoreVersions":{"v1":1,"v2":1},"foi_fileName":"Motie%20BL%20en%20VG%20inzake%20witte%20Anjerplek%20AANGENOMEN.pdf","foi_nrPages":1}],"foi_nrDocuments":1,"foi_nrPagesInDossier":1,"foi_publishedDate":"2022-02-01","foi_retrievedDate":"2025-12-05"},{"dc_creator":"HandelingScraper_v1","dc_date_year":2022,"dc_description":"Vergadering van de Gemeente Beekdaelen op 2022-02-01. Onderdeel: Motie GL en PvdA inzake heffingsgrondslag rioolheffing.","dc_identifier":"nl.gm1954.2c.2022.2832993-19","dc_publisher":"gm1954","dc_source":"https://beekdaelen.bestuurlijkeinformatie.nl/Agenda/Index/b967c6cc-220e-4dc3-a277-debec4d88674","dc_title":"Raadsvergadering 2022-02-01 - Motie GL en PvdA inzake heffingsgrondslag rioolheffing","dc_type":"2c","dc_type_description":"Vergaderstuk decentrale overheid","foi_fairiscoreVersions":{"v1":1,"v2":1},"foi_files":[{"dc_format":"application/pdf","dc_identifier":"nl.gm1954.2c.2022.2832993-19.doc.1","dc_source":"https://api1.ibabs.eu/publicdownload.aspx?site=Beekdaelen&id=123b838d-dae8-4b97-8a29-2f3b9f5bc73f","dc_title":"Motie GL en PvdA inzake Heffingsgrondslag rioolheffing INGETROKKEN","dc_type":"bijlage","foi_fairiscoreVersions":{"v1":1,"v2":1},"foi_fileName":"Motie%20GL%20en%20PvdA%20inzake%20Heffingsgrondslag%20rioolheffing%20INGETROKKEN.pdf","foi_nrPages":2}],"foi_nrDocuments":1,"foi_nrPagesInDossier":2,"foi_publishedDate":"2022-02-01","foi_retrievedDate":"2026-03-07"},{"dc_creator":"HandelingScraper_v1","dc_date_year":2022,"dc_description":"Vergadering van de Gemeente Beekdaelen op 2022-02-01. Onderdeel: Vaststelling van de agenda.","dc_identifier":"nl.gm1954.2c.2022.2832993-2","dc_publisher":"gm1954","dc_source":"https://beekdaelen.bestuurlijkeinformatie.nl/Agenda/Index/b967c6cc-220e-4dc3-a277-debec4d88674","dc_title":"Raadsvergadering 2022-02-01 - Vaststelling van de agenda","dc_type":"2c","dc_type_description":"Vergaderstuk decentrale overheid","foi_fairiscoreVersions":{"v1":1,"v2":1},"foi_files":[{"dc_format":"application/pdf","dc_identifier":"nl.gm1954.2c.2022.2832993-2.doc.1","dc_source":"https://api1.ibabs.eu/publicdownload.aspx?site=Beekdaelen&id=41904872-8511-48e9-91bb-19c4e606dbb0","dc_title":"Motie D66 en VVD inzake koopkrachtbeeld","dc_type":"bijlage","foi_fairiscoreVersions":{"v1":1,"v2":1},"foi_fileName":"Motie%20D66%20en%20VVD%20inzake%20koopkrachtbeeld.pdf","foi_nrPages":2},{"dc_format":"application/pdf","dc_identifier":"nl.gm1954.2c.2022.2832993-2.doc.2","dc_source":"https://api1.ibabs.eu/publicdownload.aspx?site=Beekdaelen&id=ea078d4c-65c3-4e15-b440-c93a9f8843af","dc_title":"Motie GL en PvdA inzake Heffingsgrondslag rioolheffing","dc_type":"bijlage","foi_fairiscoreVersions":{"v1":1,"v2":1},"foi_fileName":"Motie%20GL%20en%20PvdA%20inzake%20Heffingsgrondslag%20rioolheffing.pdf","foi_nrPages":2},{"dc_format":"application/pdf","dc_identifier":"nl.gm1954.2c.2022.2832993-2.doc.3","dc_source":"https://api1.ibabs.eu/publicdownload.aspx?site=Beekdaelen&id=ff977fc1-74b8-4025-907f-0758b0c59aae","dc_title":"Vastgestelde agenda  raadsvergadering 01022022","dc_type":"bijlage","foi_fairiscoreVersions":{"v1":1,"v2":1},"foi_fileName":"Vastgestelde%20agenda%20%20raadsvergadering%2001022022.pdf","foi_nrPages":1}],"foi_nrDocuments":3,"foi_nrPagesInDossier":5,"foi_publishedDate":"2022-02-01","foi_retrievedDate":"2025-11-30"},{"dc_creator":"HandelingScraper_v1","dc_date_year":2022,"dc_description":"Vergadering van de Gemeente Beekdaelen op 2022-02-01. Onderdeel: Vaststellen besluitenlijst openbare raadsvergadering d.d. 21 december 2021.","dc_identifier":"nl.gm1954.2c.2022.2832993-3","dc_publisher":"gm1954","dc_source":"https://beekdaelen.bestuurlijkeinformatie.nl/Agenda/Index/b967c6cc-220e-4dc3-a277-debec4d88674","dc_title":"Raadsvergadering 2022-02-01 - Vaststellen besluitenlijst openbare raadsvergadering d.d. 21 december 2021","dc_type":"2c","dc_type_description":"Vergaderstuk decentrale overheid","foi_fairiscoreVersions":{"v1":1,"v2":1},"foi_files":[{"dc_format":"application/pdf","dc_identifier":"nl.gm1954.2c.2022.2832993-3.doc.1","dc_source":"https://api1.ibabs.eu/publicdownload.aspx?site=Beekdaelen&id=2553db8c-a937-4727-8449-9fa3c92735e6","dc_title":"Besluitenlijst raadsvergadering 21 december 2021 - vastgesteld raad 01022022","dc_type":"bijlage","foi_fairiscoreVersions":{"v1":1,"v2":1},"foi_fileName":"Besluitenlijst%20raadsvergadering%2021%20december%202021.pdf","foi_nrPages":19}],"foi_nrDocuments":1,"foi_nrPagesInDossier":19,"foi_publishedDate":"2022-02-01","foi_retrievedDate":"2026-03-15"},{"dc_creator":"HandelingScraper_v1","dc_date_year":2022,"dc_description":"Vergadering van de Gemeente Beekdaelen op 2022-02-01. Onderdeel: Voorstel inzake bestemmingsplan Wolfhagen.","dc_identifier":"nl.gm1954.2c.2022.2832993-4","dc_publisher":"gm1954","dc_source":"https://beekdaelen.bestuurlijkeinformatie.nl/Agenda/Index/b967c6cc-220e-4dc3-a277-debec4d88674","dc_title":"Raadsvergadering 2022-02-01 - Voorstel inzake bestemmingsplan Wolfhagen","dc_type":"2c","dc_type_description":"Vergaderstuk decentrale overheid","foi_fairiscoreVersions":{"v1":1,"v2":1},"foi_files":[{"dc_format":"application/pdf","dc_identifier":"nl.gm1954.2c.2022.2832993-4.doc.3","dc_source":"https://api1.ibabs.eu/publicdownload.aspx?site=Beekdaelen&id=df689eaa-79a7-447e-ab05-c7fc8e661c7c","dc_title":"Plantoelichting bestemmingsplan Wolfhagen 155","dc_type":"bijlage","foi_fairiscoreVersions":{"v1":1,"v2":1},"foi_fileName":"Plantoelichting%20bestemmingsplan%20Wolfhagen%20155.pdf","foi_nrPages":30},{"dc_format":"application/pdf","dc_identifier":"nl.gm1954.2c.2022.2832993-4.doc.2","dc_source":"https://api1.ibabs.eu/publicdownload.aspx?site=Beekdaelen&id=d3597eeb-fac3-4d94-a086-dd797602f273","dc_title":"Raadsbesluit Wolfhagen - vastgestelde raad 01022022","dc_type":"bijlage","foi_fairiscoreVersions":{"v1":1,"v2":1},"foi_fileName":"Raadsbesluit%20Wolfhagen.pdf","foi_nrPages":1},{"dc_format":"application/pdf","dc_identifier":"nl.gm1954.2c.2022.2832993-4.doc.1","dc_source":"https://api1.ibabs.eu/publicdownload.aspx?site=Beekdaelen&id=ccd9b9bb-79da-479f-a2e0-df55ca9381df","dc_title":"Raadsvoorstel Wolfhagen","dc_type":"bijlage","foi_fairiscoreVersions":{"v1":1,"v2":1},"foi_fileName":"Raadsvoorstel%20Wolfhagen.pdf","foi_nrPages":4},{"dc_format":"application/pdf","dc_identifier":"nl.gm1954.2c.2022.2832993-4.doc.4","dc_source":"https://api1.ibabs.eu/publicdownload.aspx?site=Beekdaelen&id=1e0d46d1-2ab7-455e-b819-d466ebc64563","dc_title":"Regels bestemmingsplan Wolfhagen 155","dc_type":"bijlage","foi_fairiscoreVersions":{"v1":1,"v2":1},"foi_fileName":"Regels%20bestemmingsplan%20Wolfhagen%20155.pdf","foi_nrPages":22},{"dc_format":"application/pdf","dc_identifier":"nl.gm1954.2c.2022.2832993-4.doc.5","dc_source":"https://api1.ibabs.eu/publicdownload.aspx?site=Beekdaelen&id=c8b31e27-ea30-44ac-9b89-b9162335624e","dc_title":"Verbeelding bestemmingsplan Wolfhagen 155","dc_type":"bijlage","foi_fairiscoreVersions":{"v1":1,"v2":1},"foi_fileName":"Verbeelding%20bestemmingsplan%20Wolfhagen%20155.pdf","foi_nrPages":1}],"foi_nrDocuments":5,"foi_nrPagesInDossier":58,"foi_publishedDate":"2022-02-01","foi_retrievedDate":"2026-03-09"},{"dc_creator":"HandelingScraper_v1","dc_date_year":2022,"dc_description":"Vergadering van de Gemeente Beekdaelen op 2022-02-01. Onderdeel: Voorstel inzake benoeming en ontslag commissieleden.","dc_identifier":"nl.gm1954.2c.2022.2832993-5","dc_publisher":"gm1954","dc_source":"https://beekdaelen.bestuurlijkeinformatie.nl/Agenda/Index/b967c6cc-220e-4dc3-a277-debec4d88674","dc_title":"Raadsvergadering 2022-02-01 - Voorstel inzake benoeming en ontslag commissieleden","dc_type":"2c","dc_type_description":"Vergaderstuk decentrale overheid","foi_fairiscoreVersions":{"v1":1,"v2":1},"foi_files":[{"dc_format":"application/pdf","dc_identifier":"nl.gm1954.2c.2022.2832993-5.doc.2","dc_source":"https://api1.ibabs.eu/publicdownload.aspx?site=Beekdaelen&id=4b6a28bf-3909-4e34-9ec2-f8afe4494396","dc_title":"RB benoeming en ontslag raadscie.leden VG en BL - vastgesteld raad 01022022","dc_type":"bijlage","foi_fairiscoreVersions":{"v1":1,"v2":1},"foi_fileName":"RB%20benoeming%20en%20ontslag%20raadscie.leden%20VG%20en%20BL.pdf","foi_nrPages":1},{"dc_format":"application/pdf","dc_identifier":"nl.gm1954.2c.2022.2832993-5.doc.1","dc_source":"https://api1.ibabs.eu/publicdownload.aspx?site=Beekdaelen&id=8cfec777-3671-40a9-987f-e0d054811df8","dc_title":"RV benoeming en ontslag raadscie.leden VG en BL","dc_type":"bijlage","foi_fairiscoreVersions":{"v1":1,"v2":1},"foi_fileName":"RV%20benoeming%20en%20ontslag%20raadscie.leden%20VG%20en%20BL.pdf","foi_nrPages":1}],"foi_nrDocuments":2,"foi_nrPagesInDossier":2,"foi_publishedDate":"2022-02-01","foi_retrievedDate":"2025-12-04"},{"dc_creator":"HandelingScraper_v1","dc_date_year":2022,"dc_description":"Vergadering van de Gemeente Beekdaelen op 2022-02-01. Onderdeel: Voorstel inzake IBOR-beleidsplan.","dc_identifier":"nl.gm1954.2c.2022.2832993-6","dc_publisher":"gm1954","dc_source":"https://beekdaelen.bestuurlijkeinformatie.nl/Agenda/Index/b967c6cc-220e-4dc3-a277-debec4d88674","dc_title":"Raadsvergadering 2022-02-01 - Voorstel inzake IBOR-beleidsplan","dc_type":"2c","dc_type_description":"Vergaderstuk decentrale overheid","foi_fairiscoreVersions":{"v1":2,"v2":1},"foi_files":[{"dc_format":"application/pdf","dc_identifier":"nl.gm1954.2c.2022.2832993-6.doc.4","dc_source":"https://api1.ibabs.eu/publicdownload.aspx?site=Beekdaelen&id=1dc7e457-c723-4eff-a273-af2d09d3990a","dc_title":"Amendement D66 inzake kunst op rotondes AANGEHOUDEN","dc_type":"bijlage","foi_fairiscoreVersions":{"v1":1,"v2":1},"foi_fileName":"Amendement%20D66%20inzake%20kunst%20op%20rotondes%20AANGEHOUDEN.pdf","foi_nrPages":1},{"dc_format":"application/pdf","dc_identifier":"nl.gm1954.2c.2022.2832993-6.doc.5","dc_source":"https://api1.ibabs.eu/publicdownload.aspx?site=Beekdaelen&id=0787055d-1c1c-462d-bb37-05b8e190202b","dc_title":"Amendement D66 inzake Masterplan Schinveld VERWORPEN","dc_type":"bijlage","foi_fairiscoreVersions":{"v1":1,"v2":1},"foi_fileName":"Amendement%20D66%20inzake%20masterplan%20schinveld%20VERWORPEN.pdf","foi_nrPages":1},{"dc_format":"application/pdf","dc_identifier":"nl.gm1954.2c.2022.2832993-6.doc.8","dc_source":"https://api1.ibabs.eu/publicdownload.aspx?site=Beekdaelen&id=2d860d68-9072-4586-bf97-8492e56a91bf","dc_title":"Memo inzake toelichting IBOR beleidsplan","dc_type":"bijlage","foi_fairiscoreVersions":{"v1":1,"v2":1},"foi_fileName":"Memo%20inzake%20toelichting%20IBOR%20beleidsplan.pdf","foi_nrPages":2},{"dc_format":"application/pdf","dc_identifier":"nl.gm1954.2c.2022.2832993-6.doc.6","dc_source":"https://api1.ibabs.eu/publicdownload.aspx?site=Beekdaelen&id=0939b851-3c3d-4f63-8f2e-4596c1c2d1ba","dc_title":"Motie VG en CDA inzake Beekstaete UNANIEM AANGENOMEN","dc_type":"bijlage","foi_fairiscoreVersions":{"v1":1,"v2":1},"foi_fileName":"Motie%20VG%20en%20CDA%20inzake%20Beekstaete%20UNANIEM%20AANGENOMEN.pdf","foi_nrPages":2},{"dc_format":"application/pdf","dc_identifier":"nl.gm1954.2c.2022.2832993-6.doc.2","dc_source":"https://api1.ibabs.eu/publicdownload.aspx?site=Beekdaelen&id=14e5f7d7-97ec-4030-9b3e-104ed648c1cb","dc_title":"Nota van wijziging behorende bij RVS IBOR","dc_type":"bijlage","foi_fairiscoreVersions":{"v1":1,"v2":1},"foi_fileName":"Nota%20van%20wijziigng%20behorende%20bij%20RVS%20IBOR.pdf","foi_nrPages":2},{"dc_format":"application/pdf","dc_identifier":"nl.gm1954.2c.2022.2832993-6.doc.1","dc_source":"https://api1.ibabs.eu/publicdownload.aspx?site=Beekdaelen&id=b4c52d49-e670-4c71-be81-7c6c6b806f98","dc_title":"Raadsvoorstel IBOR-beleidsplan","dc_type":"bijlage","foi_fairiscoreVersions":{"v1":1,"v2":1},"foi_fileName":"Z%2F21%2F164149.pdf","foi_nrPages":10},{"dc_format":"application/pdf","dc_identifier":"nl.gm1954.2c.2022.2832993-6.doc.3","dc_source":"https://api1.ibabs.eu/publicdownload.aspx?site=Beekdaelen&id=73dfea5f-1ffb-416b-b7a2-05b8b0b11537","dc_title":"Raadsbesluit IBOR-Beleidsplan - vastgesteld raad 01022022","dc_type":"bijlage","foi_fairiscoreVersions":{"v1":1,"v2":1},"foi_fileName":"Z%2F21%2F164149%20-%20288052.pdf","foi_nrPages":1},{"dc_format":"application/pdf","dc_identifier":"nl.gm1954.2c.2022.2832993-6.doc.10","dc_source":"https://api1.ibabs.eu/publicdownload.aspx?site=Beekdaelen&id=05473403-fa2c-4e30-9be1-54e5aa1a6c00","dc_title":"Wegenonderhoud 2021 - 2025 Gemeente Beekdaelen","dc_type":"bijlage","foi_fairiscoreVersions":{"v1":2,"v2":1},"foi_fileName":"Z%2F21%2F164149%20-%20288690%20-.pdf","foi_nrPages":22},{"dc_format":"application/pdf","dc_identifier":"nl.gm1954.2c.2022.2832993-6.doc.11","dc_source":"https://api1.ibabs.eu/publicdownload.aspx?site=Beekdaelen&id=c19826b8-741c-4b4e-8aaa-69061ffa2c97","dc_title":"Gebiedsfunctiekaart (1)","dc_type":"bijlage","foi_fairiscoreVersions":{"v1":1,"v2":1},"foi_fileName":"Z%2F21%2F164149%20-%20288691%20-.pdf","foi_nrPages":1},{"dc_format":"application/pdf","dc_identifier":"nl.gm1954.2c.2022.2832993-6.doc.12","dc_source":"https://api1.ibabs.eu/publicdownload.aspx?site=Beekdaelen&id=fc42abd8-1b11-42c7-b816-c53db5ad4503","dc_title":"Gebiedsfunctiekaart (2))","dc_type":"bijlage","foi_fairiscoreVersions":{"v1":1,"v2":1},"foi_fileName":"Z%2F21%2F164149%20-%20288693%20-.pdf","foi_nrPages":1},{"dc_format":"application/pdf","dc_identifier":"nl.gm1954.2c.2022.2832993-6.doc.13","dc_source":"https://api1.ibabs.eu/publicdownload.aspx?site=Beekdaelen&id=ec7eb0d1-e35c-44d7-bab4-37da86bd9bb8","dc_title":"Gebiedsfunctiekaart (3)","dc_type":"bijlage","foi_fairiscoreVersions":{"v1":1,"v2":1},"foi_fileName":"Z%2F21%2F164149%20-%20288694%20-.pdf","foi_nrPages":1},{"dc_format":"application/pdf","dc_identifier":"nl.gm1954.2c.2022.2832993-6.doc.14","dc_source":"https://api1.ibabs.eu/publicdownload.aspx?site=Beekdaelen&id=8a596fa2-2b55-4038-9240-187ccadb0b50","dc_title":"Gebiedsfunctiekaart (4)","dc_type":"bijlage","foi_fairiscoreVersions":{"v1":1,"v2":1},"foi_fileName":"Z%2F21%2F164149%20-%20288695%20-.pdf","foi_nrPages":1},{"dc_format":"application/pdf","dc_identifier":"nl.gm1954.2c.2022.2832993-6.doc.15","dc_source":"https://api1.ibabs.eu/publicdownload.aspx?site=Beekdaelen&id=38f2ee6b-9703-455d-a797-ca2c5be14a99","dc_title":"Gebiedsfunctiekaart (5)","dc_type":"bijlage","foi_fairiscoreVersions":{"v1":1,"v2":1},"foi_fileName":"Z%2F21%2F164149%20-%20288696%20-%20Gebiedsfunctiekaart%20%285%29.pdf","foi_nrPages":1},{"dc_format":"application/pdf","dc_identifier":"nl.gm1954.2c.2022.2832993-6.doc.16","dc_source":"https://api1.ibabs.eu/publicdownload.aspx?site=Beekdaelen&id=ceaae92b-fef0-4b77-8fe6-5128712683be","dc_title":"Gebiedsfunctiekaart (6)","dc_type":"bijlage","foi_fairiscoreVersions":{"v1":1,"v2":1},"foi_fileName":"Z%2F21%2F164149%20-%20288697%20-.pdf","foi_nrPages":1},{"dc_format":"application/pdf","dc_identifier":"nl.gm1954.2c.2022.2832993-6.doc.7","dc_source":"https://api1.ibabs.eu/publicdownload.aspx?site=Beekdaelen&id=d2197202-6c66-40c8-99b2-08341eece70b","dc_title":"Concept IBOR-Beleidsplan Beekdaelen","dc_type":"bijlage","foi_fairiscoreVersions":{"v1":2,"v2":1},"foi_fileName":"Z%2F21%2F164149%20-%20289224.pdf","foi_nrPages":30},{"dc_format":"application/pdf","dc_identifier":"nl.gm1954.2c.2022.2832993-6.doc.9","dc_source":"https://api1.ibabs.eu/publicdownload.aspx?site=Beekdaelen&id=96fc88c9-13bb-4a30-a3f9-123a697d9418","dc_title":"Begrotingswijziging 1.1 IBOR-beleidsplan","dc_type":"bijlage","foi_fairiscoreVersions":{"v1":1,"v2":1},"foi_fileName":"Z%2F21%2F164149%20-%20290442%20-.pdf","foi_nrPages":1}],"foi_nrDocuments":16,"foi_nrPagesInDossier":78,"foi_publishedDate":"2022-02-01","foi_retrievedDate":"2026-03-09"},{"dc_creator":"HandelingScraper_v1","dc_date_year":2022,"dc_description":"Vergadering van de Gemeente Beekdaelen op 2022-02-01. Onderdeel: Voorstel inzake Grondstoffenplan 2022-2026 Rd4-gemeenten.","dc_identifier":"nl.gm1954.2c.2022.2832993-7","dc_publisher":"gm1954","dc_source":"https://beekdaelen.bestuurlijkeinformatie.nl/Agenda/Index/b967c6cc-220e-4dc3-a277-debec4d88674","dc_title":"Raadsvergadering 2022-02-01 - Voorstel inzake Grondstoffenplan 2022-2026 Rd4-gemeenten","dc_type":"2c","dc_type_description":"Vergaderstuk decentrale overheid","foi_fairiscoreVersions":{"v1":2,"v2":2},"foi_files":[{"dc_format":"application/pdf","dc_identifier":"nl.gm1954.2c.2022.2832993-7.doc.3","dc_source":"https://api1.ibabs.eu/publicdownload.aspx?site=Beekdaelen&id=9ba496f2-b99b-4ad8-8607-a5fd99c42fd3","dc_title":"Rapport Grondstoffenplan 2022-2026 Rd4-gemeenten","dc_type":"bijlage","foi_fairiscoreVersions":{"v1":2,"v2":2},"foi_fileName":"Z%2F20%2F151748%20-%20288554%20-.pdf","foi_nrPages":76},{"dc_format":"application/pdf","dc_identifier":"nl.gm1954.2c.2022.2832993-7.doc.1","dc_source":"https://api1.ibabs.eu/publicdownload.aspx?site=Beekdaelen&id=a23683f6-9569-4708-8401-882ad4eeb4fd","dc_title":"Raadsvoorstel Grondstoffenplan 2022-2026","dc_type":"bijlage","foi_fairiscoreVersions":{"v1":1,"v2":1},"foi_fileName":"Z20151748%20-%20287960%20-%20Concept%20Raadsvoorstel%20Grondstoffenplan%202022-2026.pdf","foi_nrPages":5},{"dc_format":"application/pdf","dc_identifier":"nl.gm1954.2c.2022.2832993-7.doc.2","dc_source":"https://api1.ibabs.eu/publicdownload.aspx?site=Beekdaelen&id=10369ec3-81b7-421d-bc8f-0d3b93bb0d83","dc_title":"Raadsbesluit Grondstoffenplan 2022-2026 Rd4-gemeenten - vastgesteld raad 01022022","dc_type":"bijlage","foi_fairiscoreVersions":{"v1":1,"v2":1},"foi_fileName":"Z20151748%20-%20288323%20-%20Concept-raadsbesluit%20Grondstoffenplan%202022-2026%20Rd4-gemeenten.pdf","foi_nrPages":1}],"foi_nrDocuments":3,"foi_nrPagesInDossier":82,"foi_publishedDate":"2022-02-01","foi_retrievedDate":"2026-03-15"},{"dc_creator":"HandelingScraper_v1","dc_date_year":2022,"dc_description":"Vergadering van de Gemeente Beekdaelen op 2022-02-01. Onderdeel: Voorstel inzake Verordening nadeelcompensatie Beekdaelen 2022.","dc_identifier":"nl.gm1954.2c.2022.2832993-8","dc_publisher":"gm1954","dc_source":"https://beekdaelen.bestuurlijkeinformatie.nl/Agenda/Index/b967c6cc-220e-4dc3-a277-debec4d88674","dc_title":"Raadsvergadering 2022-02-01 - Voorstel inzake Verordening nadeelcompensatie Beekdaelen 2022","dc_type":"2c","dc_type_description":"Vergaderstuk decentrale overheid","foi_fairiscoreVersions":{"v1":1,"v2":1},"foi_files":[{"dc_format":"application/pdf","dc_identifier":"nl.gm1954.2c.2022.2832993-8.doc.10","dc_source":"https://api1.ibabs.eu/publicdownload.aspx?site=Beekdaelen&id=477dd01a-a710-4d6f-8ba7-eb416008ce22","dc_title":"Aanvullend raadsmemo - Verordening nadeelcompensatie Beekdaelen 2022","dc_type":"bijlage","foi_fairiscoreVersions":{"v1":1,"v2":1},"foi_fileName":"Aanvullend%20raadsmemo%20-%20Verordening%20nadeelcompensatie%20Beekdaelen%202022.pdf","foi_nrPages":2},{"dc_format":"application/pdf","dc_identifier":"nl.gm1954.2c.2022.2832993-8.doc.2","dc_source":"https://api1.ibabs.eu/publicdownload.aspx?site=Beekdaelen&id=d6506613-e542-4454-87c7-9062f14714ad","dc_title":"Amendement PvdA, CDA, VVD, VG, D66 en GL inzake verordening Nadeelcompensatie UNANIEM AANGENOMEN","dc_type":"bijlage","foi_fairiscoreVersions":{"v1":1,"v2":1},"foi_fileName":"Amendement%20PvdA_%20CDA_%20VVD_%20VG_%20D66%20en%20GL%20inzake%20verordening%20Nadeelcompensatie%20UNANIEM%20AANGENOMEN.pdf","foi_nrPages":1},{"dc_format":"application/pdf","dc_identifier":"nl.gm1954.2c.2022.2832993-8.doc.11","dc_source":"https://api1.ibabs.eu/publicdownload.aspx?site=Beekdaelen&id=16e69e05-2ae0-4f12-951d-3be602ca053a","dc_title":"concept raadsbesluit Verordening nadeelcompensatie Beekdaelen 2022 VERVALLEN","dc_type":"bijlage","foi_fairiscoreVersions":{"v1":1,"v2":1},"foi_fileName":"concept%20raadsbesluit%20Verordening%20nadeelcompensatie%20Beekdaelen%202022.pdf","foi_nrPages":1},{"dc_format":"application/pdf","dc_identifier":"nl.gm1954.2c.2022.2832993-8.doc.12","dc_source":"https://api1.ibabs.eu/publicdownload.aspx?site=Beekdaelen&id=63f67461-008a-4a07-895d-82dac274fda0","dc_title":"concept Verordening nadeelcompensatie Beekdaelen 2022 VERVALLEN","dc_type":"bijlage","foi_fairiscoreVersions":{"v1":1,"v2":1},"foi_fileName":"concept%20Verordening%20nadeelcompensatie%20Beekdaelen%202022.pdf","foi_nrPages":7},{"dc_format":"application/pdf","dc_identifier":"nl.gm1954.2c.2022.2832993-8.doc.3","dc_source":"https://api1.ibabs.eu/publicdownload.aspx?site=Beekdaelen&id=4fbd1651-5ec3-4990-b270-75025990e817","dc_title":"Raadsbesluit geamendeerd vastgesteld","dc_type":"bijlage","foi_fairiscoreVersions":{"v1":1,"v2":1},"foi_fileName":"Raadsbesluit%20geamendeerd%20vastgesteld.pdf","foi_nrPages":1},{"dc_format":"application/pdf","dc_identifier":"nl.gm1954.2c.2022.2832993-8.doc.4","dc_source":"https://api1.ibabs.eu/publicdownload.aspx?site=Beekdaelen&id=c47a1310-4d6b-4cf6-9f88-c523e7d22dc0","dc_title":"Verordening Nadeelcompensatie geamendeerd vastgesteld","dc_type":"bijlage","foi_fairiscoreVersions":{"v1":1,"v2":1},"foi_fileName":"Verordening%20Nadeelcompensatie%20geamandeerd%20vastgesteld.pdf","foi_nrPages":7},{"dc_format":"application/pdf","dc_identifier":"nl.gm1954.2c.2022.2832993-8.doc.7","dc_source":"https://api1.ibabs.eu/publicdownload.aspx?site=Beekdaelen&id=6cac8834-e198-42da-b4d1-61a3597cc1e6","dc_title":"Bijlage 2 bij Lbr. 21/041 - Model Verordening Nadeelcompensatie","dc_type":"bijlage","foi_fairiscoreVersions":{"v1":1,"v2":1},"foi_fileName":"Z%2F21%2F159313%20-%20268400_%20Bijlage%202%20Model%20Verordening%20Nadeelcompensatie_%20gedownload%20bestand.pdf","foi_nrPages":6},{"dc_format":"application/pdf","dc_identifier":"nl.gm1954.2c.2022.2832993-8.doc.8","dc_source":"https://api1.ibabs.eu/publicdownload.aspx?site=Beekdaelen&id=0251930d-4ab4-49e8-944d-957f89ccb854","dc_title":"Bijlage 3 bij Lbr. 21/041 - Tekst van de Modelverordening nadeelcompensatie-Wordversie","dc_type":"bijlage","foi_fairiscoreVersions":{"v1":1,"v2":1},"foi_fileName":"Z%2F21%2F159313%20-%20268400_%20Bijlage%203%20Tekst%20van%20de%20Modelverordening%20nadeelcompensatie-Wordversie_%20gedownload%20bestand.pdf","foi_nrPages":5},{"dc_format":"application/pdf","dc_identifier":"nl.gm1954.2c.2022.2832993-8.doc.9","dc_source":"https://api1.ibabs.eu/publicdownload.aspx?site=Beekdaelen&id=c24bb200-8add-4596-b66e-99258dacc040","dc_title":"Bijlage 4 bij Lbr. 21/041 - Implementatiehandleiding bij Modelverordening nadeelcompensatie","dc_type":"bijlage","foi_fairiscoreVersions":{"v1":1,"v2":1},"foi_fileName":"Z%2F21%2F159313%20-%20268400_%20Bijlage%204%20Implementatiehandleiding%20bij%20Modelverordening%20nadeelcompensatie_%20gedownload%20bestand.pdf","foi_nrPages":4},{"dc_format":"application/pdf","dc_identifier":"nl.gm1954.2c.2022.2832993-8.doc.5","dc_source":"https://api1.ibabs.eu/publicdownload.aspx?site=Beekdaelen&id=0a29b483-1123-4303-b4fc-8c86dcface5b","dc_title":"Ledenbrief VNG d.d. 26 mei 2021 (Lbr. 21/041)","dc_type":"bijlage","foi_fairiscoreVersions":{"v1":1,"v2":1},"foi_fileName":"Z%2F21%2F159313%20-%20268400_%20ledenbrief%20gedownload%20bestand.pdf","foi_nrPages":3},{"dc_format":"application/pdf","dc_identifier":"nl.gm1954.2c.2022.2832993-8.doc.6","dc_source":"https://api1.ibabs.eu/publicdownload.aspx?site=Beekdaelen&id=2e3a7907-6c15-4ab9-9dfd-7efcd4c4758d","dc_title":"Bijlage 1 bij Lbr. 21/041- Gemeentelijke praktijk nadeelcompensatie","dc_type":"bijlage","foi_fairiscoreVersions":{"v1":1,"v2":1},"foi_fileName":"Z%2F21%2F159313%20-%20268400%20Bijlage%201%20Gemeentelijke%20praktijk%20nadeelcompensatie%20gedownload%20bestand.pdf","foi_nrPages":8},{"dc_format":"application/pdf","dc_identifier":"nl.gm1954.2c.2022.2832993-8.doc.1","dc_source":"https://api1.ibabs.eu/publicdownload.aspx?site=Beekdaelen&id=7228962c-c187-426c-82d9-25ee5599e2f7","dc_title":"Raadsvoorstel verordening nadeelcompensatie Beekdaelen 2022","dc_type":"bijlage","foi_fairiscoreVersions":{"v1":1,"v2":1},"foi_fileName":"Z%2F21%2F159313%20-%20282029%20-%20Verordening%20nadeelcompensatie%20Beekdaelen%202022.pdf","foi_nrPages":3}],"foi_nrDocuments":12,"foi_nrPagesInDossier":48,"foi_publishedDate":"2022-02-01","foi_retrievedDate":"2026-02-12"},{"dc_creator":"HandelingScraper_v1","dc_date_year":2022,"dc_description":"Vergadering van de Gemeente Beekdaelen op 2022-02-01. Onderdeel: Voorstel inzake vaststellen verordening Rekenkamercommissie Limburg Centraal.","dc_identifier":"nl.gm1954.2c.2022.2832993-9","dc_publisher":"gm1954","dc_source":"https://beekdaelen.bestuurlijkeinformatie.nl/Agenda/Index/b967c6cc-220e-4dc3-a277-debec4d88674","dc_title":"Raadsvergadering 2022-02-01 - Voorstel inzake vaststellen verordening Rekenkamercommissie Limburg Centraal","dc_type":"2c","dc_type_description":"Vergaderstuk decentrale overheid","foi_fairiscoreVersions":{"v1":2,"v2":1},"foi_files":[{"dc_format":"application/pdf","dc_identifier":"nl.gm1954.2c.2022.2832993-9.doc.5","dc_source":"https://api1.ibabs.eu/publicdownload.aspx?site=Beekdaelen&id=7a60dd6b-8b61-4934-851c-9b058565e357","dc_title":"Motie VG, BL, VVd en CDA inzake rekenkamercommissie UNANIEM AANGENOMEN","dc_type":"bijlage","foi_fairiscoreVersions":{"v1":1,"v2":1},"foi_fileName":"Motie%20VG_%20BL_%20VVd%20en%20CDA%20inzake%20rekenkamercommissie%20UNANIEM%20AANGENOMEN.pdf","foi_nrPages":1},{"dc_format":"application/pdf","dc_identifier":"nl.gm1954.2c.2022.2832993-9.doc.4","dc_source":"https://api1.ibabs.eu/publicdownload.aspx?site=Beekdaelen&id=4e48ebc8-8d81-487e-a4c9-143230e79ac3","dc_title":"Motie VVD inzake Verordening Rekenkamercommissie AANGEHOUDEN","dc_type":"bijlage","foi_fairiscoreVersions":{"v1":1,"v2":1},"foi_fileName":"Motie%20VVD%20inzake%20Verordening%20Rekenkamercommissie%20AANGEHOUDEN.pdf","foi_nrPages":1},{"dc_format":"application/pdf","dc_identifier":"nl.gm1954.2c.2022.2832993-9.doc.2","dc_source":"https://api1.ibabs.eu/publicdownload.aspx?site=Beekdaelen&id=b4608f38-dab4-4b63-b02f-bf0ef439a7df","dc_title":"Raadsbesluit inzake vaststellen verordening RKC - vastgesteld raad 01022022","dc_type":"bijlage","foi_fairiscoreVersions":{"v1":2,"v2":1},"foi_fileName":"RBS%20inzake%20vaststellen%20verordening%20RKC.pdf","foi_nrPages":2},{"dc_format":"application/pdf","dc_identifier":"nl.gm1954.2c.2022.2832993-9.doc.1","dc_source":"https://api1.ibabs.eu/publicdownload.aspx?site=Beekdaelen&id=015de46f-a43f-4a4e-a031-5c14ec5c79f1","dc_title":"Raadsvoorstel inzake vaststellen verordening RKC","dc_type":"bijlage","foi_fairiscoreVersions":{"v1":1,"v2":1},"foi_fileName":"RVS%20inzake%20vaststellen%20verordening%20RKC.pdf","foi_nrPages":3},{"dc_format":"application/pdf","dc_identifier":"nl.gm1954.2c.2022.2832993-9.doc.3","dc_source":"https://api1.ibabs.eu/publicdownload.aspx?site=Beekdaelen&id=9776cd73-42b5-4ce1-aa26-b4da4aa1290d","dc_title":"Verordening Gezamenlijke Rekenkamercommissie Limburg Centraal","dc_type":"bijlage","foi_fairiscoreVersions":{"v1":1,"v2":1},"foi_fileName":"Verordening%20Gezamenlijke%20Rekenkamercommissie%20Limburg%20Centraal.pdf","foi_nrPages":4}],"foi_nrDocuments":5,"foi_nrPagesInDossier":11,"foi_publishedDate":"2022-02-01","foi_retrievedDate":"2026-02-05"},{"dc_creator":"HandelingScraper_v1","dc_date_year":2022,"dc_description":"Vergadering van de Gemeente Beekdaelen op 2022-02-22. Onderdeel: Algemeen.","dc_identifier":"nl.gm1954.2c.2022.2833053-1","dc_publisher":"gm1954","dc_source":"https://beekdaelen.bestuurlijkeinformatie.nl/Agenda/Index/c2f98f15-2187-4101-8962-4d82967b5946","dc_title":"Gecombineerde commissie (t/m april 2022) 2022-02-22 - Algemeen","dc_type":"2c","dc_type_description":"Vergaderstuk decentrale overheid","foi_fairiscoreVersions":{"v1":1,"v2":1},"foi_files":[{"dc_format":"application/pdf","dc_identifier":"nl.gm1954.2c.2022.2833053-1.doc.3","dc_source":"https://api1.ibabs.eu/publicdownload.aspx?site=Beekdaelen&id=7867934f-04ba-44bf-a65c-602e9a717667","dc_title":"technische voorvragen fractie BL mbt gecomb.cie vergadering 24022022","dc_type":"bijlage","foi_fairiscoreVersions":{"v1":1,"v2":1},"foi_fileName":"Technische%20voorvragen%20fractie%20BL%20mbt%20gecomb.cie%20vergadering%2024022022.pdf","foi_nrPages":1},{"dc_format":"application/pdf","dc_identifier":"nl.gm1954.2c.2022.2833053-1.doc.2","dc_source":"https://api1.ibabs.eu/publicdownload.aspx?site=Beekdaelen&id=1f7b5bb0-f621-4db2-a5c0-e4f592002347","dc_title":"technische voorvragen fractie CDA mbt gecomb.cie vergadering 24022022.","dc_type":"bijlage","foi_fairiscoreVersions":{"v1":1,"v2":1},"foi_fileName":"technische%20voorvragen%20fractie%20CDA%20mbt%20gecomb.cie%20vergadering%2024022022..pdf","foi_nrPages":1},{"dc_format":"application/pdf","dc_identifier":"nl.gm1954.2c.2022.2833053-1.doc.1","dc_source":"https://api1.ibabs.eu/publicdownload.aspx?site=Beekdaelen&id=5ef3d816-3249-4719-90b2-92ae754ff5f0","dc_title":"technische voorvragen fractie GL mbt gecomb.cie vergadering 24022022.","dc_type":"bijlage","foi_fairiscoreVersions":{"v1":1,"v2":1},"foi_fileName":"technische%20voorvragen%20fractie%20GL%20mbt%20gecomb.cie%20vergadering%2024022022.pdf","foi_nrPages":2}],"foi_nrDocuments":3,"foi_nrPagesInDossier":4,"foi_publishedDate":"2022-02-22","foi_retrievedDate":"2026-03-10"},{"dc_creator":"HandelingScraper_v1","dc_date_year":2022,"dc_description":"Vergadering van de Gemeente Beekdaelen op 2022-02-22. Onderdeel: Opening, mededelingen voorzitter en vaststellen agenda.","dc_identifier":"nl.gm1954.2c.2022.2833053-2","dc_publisher":"gm1954","dc_source":"https://beekdaelen.bestuurlijkeinformatie.nl/Agenda/Index/c2f98f15-2187-4101-8962-4d82967b5946","dc_title":"Gecombineerde commissie (t/m april 2022) 2022-02-22 - Opening, mededelingen voorzitter en vaststellen agenda","dc_type":"2c","dc_type_description":"Vergaderstuk decentrale overheid","foi_fairiscoreVersions":{"v1":1,"v2":1},"foi_files":[{"dc_format":"application/pdf","dc_identifier":"nl.gm1954.2c.2022.2833053-2.doc.1","dc_source":"https://api1.ibabs.eu/publicdownload.aspx?site=Beekdaelen&id=af684e05-d10b-4003-bbd1-9e34fa06043e","dc_title":"Uitnodiging en voorlopige agenda gecombineerde cie 22022022 - dag aangepast","dc_type":"bijlage","foi_fairiscoreVersions":{"v1":1,"v2":1},"foi_fileName":"Uitnodiging%20en%20voorlopige%20agenda%20gecombineerde%20cie%2022022022.pdf","foi_nrPages":2},{"dc_format":"application/pdf","dc_identifier":"nl.gm1954.2c.2022.2833053-2.doc.2","dc_source":"https://api1.ibabs.eu/publicdownload.aspx?site=Beekdaelen&id=67ba59c7-63ce-4252-afa0-2b33bafd9128","dc_title":"Vastgestelde  agenda gecombineerde cie 22.02.2022","dc_type":"bijlage","foi_fairiscoreVersions":{"v1":1,"v2":1},"foi_fileName":"Vastgestelde%20%20agenda%20gecombineerde%20cie%2022022022.pdf","foi_nrPages":1}],"foi_nrDocuments":2,"foi_nrPagesInDossier":3,"foi_publishedDate":"2022-02-22","foi_retrievedDate":"2026-03-11"},{"dc_creator":"HandelingScraper_v1","dc_date_year":2022,"dc_description":"Vergadering van de Gemeente Beekdaelen op 2022-02-22. Onderdeel: Vaststellen actiepuntenlijst van de commissie Ruimte d.d. 18 januari 2022..","dc_identifier":"nl.gm1954.2c.2022.2833053-3","dc_publisher":"gm1954","dc_source":"https://beekdaelen.bestuurlijkeinformatie.nl/Agenda/Index/c2f98f15-2187-4101-8962-4d82967b5946","dc_title":"Gecombineerde commissie (t/m april 2022) 2022-02-22 - Vaststellen actiepuntenlijst van de commissie Ruimte d.d. 18 januari 2022.","dc_type":"2c","dc_type_description":"Vergaderstuk decentrale overheid","foi_fairiscoreVersions":{"v1":1,"v2":1},"foi_files":[{"dc_format":"application/pdf","dc_identifier":"nl.gm1954.2c.2022.2833053-3.doc.1","dc_source":"https://api1.ibabs.eu/publicdownload.aspx?site=Beekdaelen&id=d80674d1-b060-41c3-ade8-ad60011ebaa7","dc_title":"Actiepuntenlijst Cie. Ruimte d.d. 18 januari 2022 - vastgesteld 22.02.2022","dc_type":"bijlage","foi_fairiscoreVersions":{"v1":1,"v2":1},"foi_fileName":"2022%2001%2018%20Actiepuntenlijst%20cie%20Ruimte%20concept.pdf","foi_nrPages":4}],"foi_nrDocuments":1,"foi_nrPagesInDossier":4,"foi_publishedDate":"2022-02-22","foi_retrievedDate":"2026-03-09"},{"dc_creator":"HandelingScraper_v1","dc_date_year":2022,"dc_description":"Vergadering van de Gemeente Beekdaelen op 2022-02-22. Onderdeel: Vaststellen actiepuntenlijst van de commissie Sociaal & Bedrijfsvoering d.d. 20 januari 2022..","dc_identifier":"nl.gm1954.2c.2022.2833053-4","dc_publisher":"gm1954","dc_source":"https://beekdaelen.bestuurlijkeinformatie.nl/Agenda/Index/c2f98f15-2187-4101-8962-4d82967b5946","dc_title":"Gecombineerde commissie (t/m april 2022) 2022-02-22 - Vaststellen actiepuntenlijst van de commissie Sociaal & Bedrijfsvoering d.d. 20 januari 2022.","dc_type":"2c","dc_type_description":"Vergaderstuk decentrale overheid","foi_fairiscoreVersions":{"v1":1,"v2":1},"foi_files":[{"dc_format":"application/pdf","dc_identifier":"nl.gm1954.2c.2022.2833053-4.doc.1","dc_source":"https://api1.ibabs.eu/publicdownload.aspx?site=Beekdaelen&id=92e2a654-4ed6-479d-8ab5-c2d9195435f3","dc_title":"Actiepuntenlijst Cie. Sociaal&Bedrijfsvoering d.d. 20 januari 2022 - vastgesteld 22.02.2022","dc_type":"bijlage","foi_fairiscoreVersions":{"v1":1,"v2":1},"foi_fileName":"2022%2001%2020%20Actiepuntenlijst%20cie%20Sociaal%26Bedrijfsvoering%20-%20concept.pdf","foi_nrPages":3}],"foi_nrDocuments":1,"foi_nrPagesInDossier":3,"foi_publishedDate":"2022-02-22","foi_retrievedDate":"2026-03-09"},{"dc_creator":"HandelingScraper_v1","dc_date_year":2022,"dc_description":"Vergadering van de Gemeente Beekdaelen op 2022-02-22. Onderdeel: Vaststellen totaallijst van toezeggingen van de commissie Ruimte en Sociaal&Bedrijfsvoering.","dc_identifier":"nl.gm1954.2c.2022.2833053-5","dc_publisher":"gm1954","dc_source":"https://beekdaelen.bestuurlijkeinformatie.nl/Agenda/Index/c2f98f15-2187-4101-8962-4d82967b5946","dc_title":"Gecombineerde commissie (t/m april 2022) 2022-02-22 - Vaststellen totaallijst van toezeggingen van de commissie Ruimte en Sociaal&Bedrijfsvoering","dc_type":"2c","dc_type_description":"Vergaderstuk decentrale overheid","foi_fairiscoreVersions":{"v1":1,"v2":1},"foi_files":[{"dc_format":"application/pdf","dc_identifier":"nl.gm1954.2c.2022.2833053-5.doc.1","dc_source":"https://api1.ibabs.eu/publicdownload.aspx?site=Beekdaelen&id=8010eb3c-a196-4a7d-81fa-5827c1f0ad79","dc_title":"Totaallijst stand van zaken afhandeling toezeggingen, Griffie 17.02.2022","dc_type":"bijlage","foi_fairiscoreVersions":{"v1":1,"v2":1},"foi_fileName":"Totaallijst%20stand%20van%20zaken%20afhandeling%20toezeggingen_%20Griffie%2017.02.2022.pdf","foi_nrPages":15}],"foi_nrDocuments":1,"foi_nrPagesInDossier":15,"foi_publishedDate":"2022-02-22","foi_retrievedDate":"2025-11-29"},{"dc_creator":"HandelingScraper_v1","dc_date_year":2022,"dc_description":"Vergadering van de Gemeente Beekdaelen op 2022-02-22. Onderdeel: Evaluatie Jongerenlintje.","dc_identifier":"nl.gm1954.2c.2022.2833053-6","dc_publisher":"gm1954","dc_source":"https://beekdaelen.bestuurlijkeinformatie.nl/Agenda/Index/c2f98f15-2187-4101-8962-4d82967b5946","dc_title":"Gecombineerde commissie (t/m april 2022) 2022-02-22 - Evaluatie Jongerenlintje","dc_type":"2c","dc_type_description":"Vergaderstuk decentrale overheid","foi_fairiscoreVersions":{"v1":1,"v2":1},"foi_files":[{"dc_format":"application/pdf","dc_identifier":"nl.gm1954.2c.2022.2833053-6.doc.4","dc_source":"https://api1.ibabs.eu/publicdownload.aspx?site=Beekdaelen&id=69d888eb-67dd-43fe-ad9c-fef77e203202","dc_title":"MvA vragen BL inzake evaluatie jongerenlintje gecomb. cie 24 feb 2022","dc_type":"bijlage","foi_fairiscoreVersions":{"v1":1,"v2":1},"foi_fileName":"MvA%20vragen%20BL%20inzake%20evaluatie%20jongerenlintje%20gecomb.%20cie%2024%20feb%202022.pdf","foi_nrPages":2},{"dc_format":"application/pdf","dc_identifier":"nl.gm1954.2c.2022.2833053-6.doc.3","dc_source":"https://api1.ibabs.eu/publicdownload.aspx?site=Beekdaelen&id=75b03c4d-153a-45eb-aedf-b53543cce1fd","dc_title":"MvA vragen GL inzake evaluatie jongerenlintje gecomb.cie 24 feb 2022","dc_type":"bijlage","foi_fairiscoreVersions":{"v1":1,"v2":1},"foi_fileName":"MvA%20vragen%20GL%20inzake%20evaluatie%20jongerenlintje%20gecomb.cie%2024%20feb%202022.pdf","foi_nrPages":2},{"dc_format":"application/pdf","dc_identifier":"nl.gm1954.2c.2022.2833053-6.doc.1","dc_source":"https://api1.ibabs.eu/publicdownload.aspx?site=Beekdaelen&id=15aa1e1f-1c3d-4aa0-bdb4-054a2edd4610","dc_title":"Raadsvoorstel Evaluatie pilot Jongerenlintje","dc_type":"bijlage","foi_fairiscoreVersions":{"v1":1,"v2":1},"foi_fileName":"Z%2F22%2F169957%20-%20292222%20-%20Evaluatie%20pilot%20Jongerenlintje.pdf","foi_nrPages":3},{"dc_format":"application/pdf","dc_identifier":"nl.gm1954.2c.2022.2833053-6.doc.2","dc_source":"https://api1.ibabs.eu/publicdownload.aspx?site=Beekdaelen&id=b5111bea-33ec-49b5-9617-af9bc5976f14","dc_title":"Concept raadsbesluit Evaluatie pilot Jongerenlintje","dc_type":"bijlage","foi_fairiscoreVersions":{"v1":1,"v2":1},"foi_fileName":"Z%2F22%2F169957%20-%20292225%20-%20Evaluatie%20pilot%20Jongerenlintje.pdf","foi_nrPages":1}],"foi_nrDocuments":4,"foi_nrPagesInDossier":8,"foi_publishedDate":"2022-02-22","foi_retrievedDate":"2025-12-02"},{"dc_creator":"HandelingScraper_v1","dc_date_year":2022,"dc_description":"Vergadering van de Gemeente Beekdaelen op 2022-02-22. Onderdeel: Vaststelling Bestemmingsplan Gijselaar 2 tot en met 8 Amstenrade (ontwikkeling ZOwonen).","dc_identifier":"nl.gm1954.2c.2022.2833053-7","dc_publisher":"gm1954","dc_source":"https://beekdaelen.bestuurlijkeinformatie.nl/Agenda/Index/c2f98f15-2187-4101-8962-4d82967b5946","dc_title":"Gecombineerde commissie (t/m april 2022) 2022-02-22 - Vaststelling Bestemmingsplan Gijselaar 2 tot en met 8 Amstenrade (ontwikkeling ZOwonen)","dc_type":"2c","dc_type_description":"Vergaderstuk decentrale overheid","foi_fairiscoreVersions":{"v1":2,"v2":2},"foi_files":[{"dc_format":"application/pdf","dc_identifier":"nl.gm1954.2c.2022.2833053-7.doc.4","dc_source":"https://api1.ibabs.eu/publicdownload.aspx?site=Beekdaelen&id=f52f97d7-d189-46a4-a2e9-4b35bddaba5b","dc_title":"De Gijselaar 2 t/m 8 Bijlagen bij toelichting","dc_type":"bijlage","foi_fairiscoreVersions":{"v1":2,"v2":2},"foi_fileName":"De%20Gijselaar%202%20t_m%208_Bijlagen%20bij%20toelichting_1.pdf","foi_nrPages":520},{"dc_format":"application/pdf","dc_identifier":"nl.gm1954.2c.2022.2833053-7.doc.5","dc_source":"https://api1.ibabs.eu/publicdownload.aspx?site=Beekdaelen&id=6d94b943-1b03-4214-8729-c08454174a05","dc_title":"De Gijselaar 2 t/m 8 Regels","dc_type":"bijlage","foi_fairiscoreVersions":{"v1":3,"v2":3},"foi_fileName":"De%20Gijselaar%202%20t_m%208_Regels_1.pdf","foi_nrPages":34},{"dc_format":"application/pdf","dc_identifier":"nl.gm1954.2c.2022.2833053-7.doc.3","dc_source":"https://api1.ibabs.eu/publicdownload.aspx?site=Beekdaelen&id=9d0b1147-206f-4b0d-b91d-58a62f283032","dc_title":"De Gijselaar 2 t/m 8 Toelichting","dc_type":"bijlage","foi_fairiscoreVersions":{"v1":2,"v2":2},"foi_fileName":"De%20Gijselaar%202%20t_m%208_Toelichting_1.pdf","foi_nrPages":74},{"dc_format":"application/pdf","dc_identifier":"nl.gm1954.2c.2022.2833053-7.doc.8","dc_source":"https://api1.ibabs.eu/publicdownload.aspx?site=Beekdaelen&id=8092cc55-5c75-4b74-82c4-7f1059a9675a","dc_title":"MvA mbt vragen BL inzake Gijselaar","dc_type":"bijlage","foi_fairiscoreVersions":{"v1":1,"v2":1},"foi_fileName":"MvA%20mbt%20vragen%20BL%20inzake%20Gijselaar.pdf","foi_nrPages":2},{"dc_format":"application/pdf","dc_identifier":"nl.gm1954.2c.2022.2833053-7.doc.7","dc_source":"https://api1.ibabs.eu/publicdownload.aspx?site=Beekdaelen&id=ae36f492-60b0-47b6-912d-876cd26a7d56","dc_title":"MvA mbt vragen GL inzake BP Gijselaar 2 t/m 8","dc_type":"bijlage","foi_fairiscoreVersions":{"v1":1,"v2":1},"foi_fileName":"MvA%20mbt%20vragen%20GL%20inzake%20BP%20Gijselaar.pdf","foi_nrPages":2},{"dc_format":"application/pdf","dc_identifier":"nl.gm1954.2c.2022.2833053-7.doc.2","dc_source":"https://api1.ibabs.eu/publicdownload.aspx?site=Beekdaelen&id=bbe71cd5-0c4b-4217-99d9-e82c24fd30ed","dc_title":"Raadsbesluit BP Gijselaar 2 tot en met 8 Amstenrade (ontwikkelig ZOwonen) - vastgesteld 08032022","dc_type":"bijlage","foi_fairiscoreVersions":{"v1":1,"v2":1},"foi_fileName":"Raadsbesluit%20BP%20Gijselaar%202%20tot%20en%20met%208%20Amstenrade%20%28ontwikkelig%20ZOwonen%29.pdf","foi_nrPages":1},{"dc_format":"application/pdf","dc_identifier":"nl.gm1954.2c.2022.2833053-7.doc.1","dc_source":"https://api1.ibabs.eu/publicdownload.aspx?site=Beekdaelen&id=9428f2bd-8d75-4cd1-b96d-2cb7d98b40ed","dc_title":"Raadsvoorstel BP Gijselaar 2 tot en met 8 Amstenrade (ontwikkelig ZOwonen)","dc_type":"bijlage","foi_fairiscoreVersions":{"v1":1,"v2":1},"foi_fileName":"Raadsvoorstel%20BP%20Gijselaar%202%20tot%20en%20met%208%20Amstenrade%20%28ontwikkelig%20ZOwonen%29.pdf","foi_nrPages":6},{"dc_format":"application/pdf","dc_identifier":"nl.gm1954.2c.2022.2833053-7.doc.6","dc_source":"https://api1.ibabs.eu/publicdownload.aspx?site=Beekdaelen&id=5728bd2d-035c-4e80-a9dd-2141fb270c78","dc_title":"Verbeelding (J202090 De Gijselaar 2 t/m 8) 2022-03-08","dc_type":"bijlage","foi_fairiscoreVersions":{"v1":1,"v2":1},"foi_fileName":"Verbeelding%20%28J202090%20De%20Gijselaar%202tm8%29_2022-03-08.pdf","foi_nrPages":1}],"foi_nrDocuments":8,"foi_nrPagesInDossier":640,"foi_publishedDate":"2022-02-22","foi_retrievedDate":"2026-02-05"},{"dc_creator":"HandelingScraper_v1","dc_date_year":2022,"dc_description":"Vergadering van de Gemeente Beekdaelen op 2022-02-22. Onderdeel: Vaststelling Bestemmingsplan Gijselaar 10 Amstenrade (ontwikkeling Cicero).","dc_identifier":"nl.gm1954.2c.2022.2833053-8","dc_publisher":"gm1954","dc_source":"https://beekdaelen.bestuurlijkeinformatie.nl/Agenda/Index/c2f98f15-2187-4101-8962-4d82967b5946","dc_title":"Gecombineerde commissie (t/m april 2022) 2022-02-22 - Vaststelling Bestemmingsplan Gijselaar 10 Amstenrade (ontwikkeling Cicero)","dc_type":"2c","dc_type_description":"Vergaderstuk decentrale overheid","foi_fairiscoreVersions":{"v1":2,"v2":2},"foi_files":[{"dc_format":"application/pdf","dc_identifier":"nl.gm1954.2c.2022.2833053-8.doc.5","dc_source":"https://api1.ibabs.eu/publicdownload.aspx?site=Beekdaelen&id=008a76d0-b9dc-4581-a93d-b61db13893fd","dc_title":"De Gijselaar 10 Regels","dc_type":"bijlage","foi_fairiscoreVersions":{"v1":3,"v2":3},"foi_fileName":"De%20Gijselaar%2010_Regels_1.pdf","foi_nrPages":30},{"dc_format":"application/pdf","dc_identifier":"nl.gm1954.2c.2022.2833053-8.doc.4","dc_source":"https://api1.ibabs.eu/publicdownload.aspx?site=Beekdaelen&id=5e15e97b-a0eb-4f4e-b274-d371b867d1b7","dc_title":"De Gijselaar 10 Toelichting","dc_type":"bijlage","foi_fairiscoreVersions":{"v1":2,"v2":2},"foi_fileName":"De%20Gijselaar%2010_Toelichting_1.pdf","foi_nrPages":74},{"dc_format":"application/pdf","dc_identifier":"nl.gm1954.2c.2022.2833053-8.doc.8","dc_source":"https://api1.ibabs.eu/publicdownload.aspx?site=Beekdaelen&id=9c05db86-e51a-4509-a93e-3331ebffbc6d","dc_title":"MvA mbt vragen CDA inzake BP Geijselaar 10","dc_type":"bijlage","foi_fairiscoreVersions":{"v1":1,"v2":1},"foi_fileName":"Memorie%20van%20Antwoord%20techn.voorvragen%20agendapunt%20D%20-%20CDA.pdf","foi_nrPages":2},{"dc_format":"application/pdf","dc_identifier":"nl.gm1954.2c.2022.2833053-8.doc.9","dc_source":"https://api1.ibabs.eu/publicdownload.aspx?site=Beekdaelen&id=2fba9bce-185f-468b-a385-25337833c91b","dc_title":"MvA mbt vragen BL inzake Gijselaar","dc_type":"bijlage","foi_fairiscoreVersions":{"v1":1,"v2":1},"foi_fileName":"MvA%20mbt%20vragen%20BL%20inzake%20Gijselaar.pdf","foi_nrPages":2},{"dc_format":"application/pdf","dc_identifier":"nl.gm1954.2c.2022.2833053-8.doc.7","dc_source":"https://api1.ibabs.eu/publicdownload.aspx?site=Beekdaelen&id=9d0d42fb-2171-4133-b892-ee3ed286dea7","dc_title":"MvA mbt vragen GL inzake BP Gijselaar 10","dc_type":"bijlage","foi_fairiscoreVersions":{"v1":1,"v2":1},"foi_fileName":"MvA%20mbt%20vragen%20GL%20inzake%20BP%20Gijselaar.pdf","foi_nrPages":2},{"dc_format":"application/pdf","dc_identifier":"nl.gm1954.2c.2022.2833053-8.doc.3","dc_source":"https://api1.ibabs.eu/publicdownload.aspx?site=Beekdaelen&id=697b1334-ef48-44f1-9d30-2d4beca1e1ca","dc_title":"Nota van zienswijzen","dc_type":"bijlage","foi_fairiscoreVersions":{"v1":1,"v2":1},"foi_fileName":"Nota%20van%20zienswijzen.pdf","foi_nrPages":2},{"dc_format":"application/pdf","dc_identifier":"nl.gm1954.2c.2022.2833053-8.doc.2","dc_source":"https://api1.ibabs.eu/publicdownload.aspx?site=Beekdaelen&id=96f0bfdc-4ae2-4813-a382-b7d616540035","dc_title":"Raadsbesluit BP Gijselaar 10 Amstenrade (ontwikkeling Cicero) - vastgesteld 08032022","dc_type":"bijlage","foi_fairiscoreVersions":{"v1":1,"v2":1},"foi_fileName":"Raadsbesluit%20BP%20Gijselaar%2010%20Amstenrade%20%28ontwikkeling%20Cicero%29.pdf","foi_nrPages":1},{"dc_format":"application/pdf","dc_identifier":"nl.gm1954.2c.2022.2833053-8.doc.1","dc_source":"https://api1.ibabs.eu/publicdownload.aspx?site=Beekdaelen&id=eed8ea60-60a6-4ade-a0d2-d77471940408","dc_title":"Raadsvoorstel BP Gijselaar 10 Amstenrade (ontwikkeling Cicero)","dc_type":"bijlage","foi_fairiscoreVersions":{"v1":1,"v2":1},"foi_fileName":"Raadsvoorstel%20BP%20Gijselaar%2010%20Amstenrade%20%28ontwikkeling%20Cicero%29.pdf","foi_nrPages":6},{"dc_format":"application/pdf","dc_identifier":"nl.gm1954.2c.2022.2833053-8.doc.6","dc_source":"https://api1.ibabs.eu/publicdownload.aspx?site=Beekdaelen&id=cf55817f-9751-420d-b643-3112c56d7b88","dc_title":"Verbeelding (J202090 De Gijselaar 10) 2022-03-08","dc_type":"bijlage","foi_fairiscoreVersions":{"v1":1,"v2":1},"foi_fileName":"Verbeelding%20%28J202090%20De%20Gijselaar%2010%29_2022-03-08.pdf","foi_nrPages":1}],"foi_nrDocuments":9,"foi_nrPagesInDossier":120,"foi_publishedDate":"2022-02-22","foi_retrievedDate":"2026-03-09"},{"dc_creator":"HandelingScraper_v1","dc_date_year":2022,"dc_description":"Vergadering van de Gemeente Beekdaelen op 2022-02-22. Onderdeel: Vaststelling Bestemmingsplan Gijselaar 80 Amstenrade.","dc_identifier":"nl.gm1954.2c.2022.2833053-9","dc_publisher":"gm1954","dc_source":"https://beekdaelen.bestuurlijkeinformatie.nl/Agenda/Index/c2f98f15-2187-4101-8962-4d82967b5946","dc_title":"Gecombineerde commissie (t/m april 2022) 2022-02-22 - Vaststelling Bestemmingsplan Gijselaar 80 Amstenrade","dc_type":"2c","dc_type_description":"Vergaderstuk decentrale overheid","foi_fairiscoreVersions":{"v1":2,"v2":2},"foi_files":[{"dc_format":"application/pdf","dc_identifier":"nl.gm1954.2c.2022.2833053-9.doc.4","dc_source":"https://api1.ibabs.eu/publicdownload.aspx?site=Beekdaelen&id=1200fcc2-f2a2-4de0-bd3c-662201032ed1","dc_title":"De Gijselaar 80 Amstenrade vastgesteld Regels","dc_type":"bijlage","foi_fairiscoreVersions":{"v1":2,"v2":2},"foi_fileName":"De%20Gijselaar%2080%20Amstenrade_vastgesteld_1_Regels.pdf","foi_nrPages":38},{"dc_format":"application/pdf","dc_identifier":"nl.gm1954.2c.2022.2833053-9.doc.3","dc_source":"https://api1.ibabs.eu/publicdownload.aspx?site=Beekdaelen&id=90bfced7-2d96-4882-8cca-01e178014429","dc_title":"De Gijselaar 80 Amstenrade vastgesteld Toelichting","dc_type":"bijlage","foi_fairiscoreVersions":{"v1":2,"v2":2},"foi_fileName":"De%20Gijselaar%2080%20Amstenrade_vastgesteld_1_Toelichting.pdf","foi_nrPages":51},{"dc_format":"application/pdf","dc_identifier":"nl.gm1954.2c.2022.2833053-9.doc.5","dc_source":"https://api1.ibabs.eu/publicdownload.aspx?site=Beekdaelen&id=1bc642b4-985b-4738-a8ff-6ed39af85fe9","dc_title":"De Gijselaar 80 Amstenrade vastgesteld Verbeelding","dc_type":"bijlage","foi_fairiscoreVersions":{"v1":1,"v2":1},"foi_fileName":"De%20Gijselaar%2080%20Amstenrade_vastgesteld_1_Verbeelding.pdf","foi_nrPages":1},{"dc_format":"application/pdf","dc_identifier":"nl.gm1954.2c.2022.2833053-9.doc.6","dc_source":"https://api1.ibabs.eu/publicdownload.aspx?site=Beekdaelen&id=96c64bb9-3678-436e-b933-6ca66f4a3fa8","dc_title":"MvA mbt vragen BL inzake Gijselaar","dc_type":"bijlage","foi_fairiscoreVersions":{"v1":1,"v2":1},"foi_fileName":"MvA%20mbt%20vragen%20BL%20inzake%20Gijselaar.pdf","foi_nrPages":2},{"dc_format":"application/pdf","dc_identifier":"nl.gm1954.2c.2022.2833053-9.doc.2","dc_source":"https://api1.ibabs.eu/publicdownload.aspx?site=Beekdaelen&id=4bce51bf-3fc2-46fc-a076-e576eb4fc84e","dc_title":"Raadsbesluit BP De Gijselaar 80 - vastgesteld 08032022","dc_type":"bijlage","foi_fairiscoreVersions":{"v1":1,"v2":1},"foi_fileName":"Raadsbesluit_290731_1.pdf","foi_nrPages":1},{"dc_format":"application/pdf","dc_identifier":"nl.gm1954.2c.2022.2833053-9.doc.1","dc_source":"https://api1.ibabs.eu/publicdownload.aspx?site=Beekdaelen&id=f61ed0d2-b065-4f35-8910-08f4ff04f049","dc_title":"Raadsvoorstel BP De Gijselaar 80","dc_type":"bijlage","foi_fairiscoreVersions":{"v1":1,"v2":1},"foi_fileName":"Raadsvoorstel_290728_1.pdf","foi_nrPages":7}],"foi_nrDocuments":6,"foi_nrPagesInDossier":100,"foi_publishedDate":"2022-02-22","foi_retrievedDate":"2026-03-11"},{"dc_creator":"HandelingScraper_v1","dc_date_year":2022,"dc_description":"Vergadering van de Gemeente Beekdaelen op 2022-03-08. Onderdeel: Opening.","dc_identifier":"nl.gm1954.2c.2022.2833098-1","dc_publisher":"gm1954","dc_source":"https://beekdaelen.bestuurlijkeinformatie.nl/Agenda/Index/a2be2096-2023-4426-a3d4-b0ded8d31103","dc_title":"Raadsvergadering 2022-03-08 - Opening","dc_type":"2c","dc_type_description":"Vergaderstuk decentrale overheid","foi_fairiscoreVersions":{"v1":1,"v2":1},"foi_files":[{"dc_format":"application/pdf","dc_identifier":"nl.gm1954.2c.2022.2833098-1.doc.1","dc_source":"https://api1.ibabs.eu/publicdownload.aspx?site=Beekdaelen&id=6f454a9e-fc09-47fd-928a-006e10b23e7f","dc_title":"Uitnodiging en voorlopige agenda raadsvergadering 8 maart 2022","dc_type":"bijlage","foi_fairiscoreVersions":{"v1":1,"v2":1},"foi_fileName":"Uitnodiging%20en%20voorlopige%20agenda%20raadsvergadering%208%20maart%202022.pdf","foi_nrPages":2}],"foi_nrDocuments":1,"foi_nrPagesInDossier":2,"foi_publishedDate":"2022-03-08","foi_retrievedDate":"2026-03-06"},{"dc_creator":"HandelingScraper_v1","dc_date_year":2022,"dc_description":"Vergadering van de Gemeente Beekdaelen op 2022-03-08. Onderdeel: Vaststelling lijst ingekomen stukken.","dc_identifier":"nl.gm1954.2c.2022.2833098-10","dc_publisher":"gm1954","dc_source":"https://beekdaelen.bestuurlijkeinformatie.nl/Agenda/Index/a2be2096-2023-4426-a3d4-b0ded8d31103","dc_title":"Raadsvergadering 2022-03-08 - Vaststelling lijst ingekomen stukken","dc_type":"2c","dc_type_description":"Vergaderstuk decentrale overheid","foi_fairiscoreVersions":{"v1":2,"v2":1},"foi_files":[{"dc_format":"application/pdf","dc_identifier":"nl.gm1954.2c.2022.2833098-10.doc.1","dc_source":"https://api1.ibabs.eu/publicdownload.aspx?site=Beekdaelen&id=f4ffa790-975c-4bb2-96b3-b5e85217b25c","dc_title":"Lijst ingekomen stukken raad 08032022 - vastgesteld 08032022","dc_type":"bijlage","foi_fairiscoreVersions":{"v1":2,"v2":1},"foi_fileName":"Lijst%20ingekomen%20stukken%20raad%2008032022%20versie%2025.02.2022.pdf","foi_nrPages":7}],"foi_nrDocuments":1,"foi_nrPagesInDossier":7,"foi_publishedDate":"2022-03-08","foi_retrievedDate":"2025-12-05"},{"dc_creator":"HandelingScraper_v1","dc_date_year":2022,"dc_description":"Vergadering van de Gemeente Beekdaelen op 2022-03-08. Onderdeel: Motie GL en PvdA inzake heffingsgrondslag rioolheffing - 08032022 INGETROKKEN.","dc_identifier":"nl.gm1954.2c.2022.2833098-11","dc_publisher":"gm1954","dc_source":"https://beekdaelen.bestuurlijkeinformatie.nl/Agenda/Index/a2be2096-2023-4426-a3d4-b0ded8d31103","dc_title":"Raadsvergadering 2022-03-08 - Motie GL en PvdA inzake heffingsgrondslag rioolheffing - 08032022 INGETROKKEN","dc_type":"2c","dc_type_description":"Vergaderstuk decentrale overheid","foi_fairiscoreVersions":{"v1":null,"v2":null},"foi_files":[{"dc_format":"application/pdf","dc_identifier":"nl.gm1954.2c.2022.2833098-11.doc.1","dc_source":"https://api1.ibabs.eu/publicdownload.aspx?site=Beekdaelen&id=56c86c97-69c0-4da1-a84d-06ef18c9baad","dc_title":"Motie GL en PvdA inzake Heffingsgrondslag rioolheffing INGETROKKEN","dc_type":"bijlage","foi_fileName":"Motie%20GL%20en%20PvdA%20inzake%20Heffingsgrondslag%20rioolheffing%20INGETROKKEN.pdf"}],"foi_nrDocuments":1,"foi_nrPagesInDossier":0,"foi_publishedDate":"2022-03-08","foi_retrievedDate":"2025-12-01"},{"dc_creator":"HandelingScraper_v1","dc_date_year":2022,"dc_description":"Vergadering van de Gemeente Beekdaelen op 2022-03-08. Onderdeel: Motie D66, CDA, VVD en BL inzake woningmarkt - 08032022 INGETROKKEN.","dc_identifier":"nl.gm1954.2c.2022.2833098-12","dc_publisher":"gm1954","dc_source":"https://beekdaelen.bestuurlijkeinformatie.nl/Agenda/Index/a2be2096-2023-4426-a3d4-b0ded8d31103","dc_title":"Raadsvergadering 2022-03-08 - Motie D66, CDA, VVD en BL inzake woningmarkt - 08032022 INGETROKKEN","dc_type":"2c","dc_type_description":"Vergaderstuk decentrale overheid","foi_fairiscoreVersions":{"v1":1,"v2":1},"foi_files":[{"dc_format":"application/pdf","dc_identifier":"nl.gm1954.2c.2022.2833098-12.doc.2","dc_source":"https://api1.ibabs.eu/publicdownload.aspx?site=Beekdaelen&id=1ea6dc14-b8b8-4dc1-b396-6e0de6307d53","dc_title":"Toezegging Overzicht woningbouwplannen 2021 eindversie","dc_type":"bijlage","foi_fairiscoreVersions":{"v1":1,"v2":1},"foi_fileName":"7.2%20Toezegging%20Overzicht%20woningbouwplannen%202021%20eindversie.pdf","foi_nrPages":3},{"dc_format":"application/pdf","dc_identifier":"nl.gm1954.2c.2022.2833098-12.doc.1","dc_source":"https://api1.ibabs.eu/publicdownload.aspx?site=Beekdaelen&id=9bfe8040-e2a5-434c-b5e3-bc1be5c59f63","dc_title":"Motie D66, CDA, VVD en BL inzake woningmarkt INGETROKKEN","dc_type":"bijlage","foi_fairiscoreVersions":{"v1":1,"v2":1},"foi_fileName":"Motie%20D66_%20CDA_%20VVD%20en%20BL%20inzake%20woningmarkt%20INGETROKKEN.pdf","foi_nrPages":1}],"foi_nrDocuments":2,"foi_nrPagesInDossier":4,"foi_publishedDate":"2022-03-08","foi_retrievedDate":"2026-02-13"},{"dc_creator":"HandelingScraper_v1","dc_date_year":2022,"dc_description":"Vergadering van de Gemeente Beekdaelen op 2022-03-08. Onderdeel: Motie Oekra\u00efne - 08032022 UNANIEM AANGENOMEN.","dc_identifier":"nl.gm1954.2c.2022.2833098-13","dc_publisher":"gm1954","dc_source":"https://beekdaelen.bestuurlijkeinformatie.nl/Agenda/Index/a2be2096-2023-4426-a3d4-b0ded8d31103","dc_title":"Raadsvergadering 2022-03-08 - Motie Oekra\u00efne - 08032022 UNANIEM AANGENOMEN","dc_type":"2c","dc_type_description":"Vergaderstuk decentrale overheid","foi_fairiscoreVersions":{"v1":1,"v2":1},"foi_files":[{"dc_format":"application/pdf","dc_identifier":"nl.gm1954.2c.2022.2833098-13.doc.1","dc_source":"https://api1.ibabs.eu/publicdownload.aspx?site=Beekdaelen&id=5a70dc22-3c73-41fb-a892-89766c26fb45","dc_title":"Gezamenlijke motie Oekra\u00efne UNANIEM AANGENOMEN","dc_type":"bijlage","foi_fairiscoreVersions":{"v1":1,"v2":1},"foi_fileName":"Gezamenlijke%20motie%20Oekra%C3%AFne%20UNANIEM%20AANGENOMEN.pdf","foi_nrPages":2}],"foi_nrDocuments":1,"foi_nrPagesInDossier":2,"foi_publishedDate":"2022-03-08","foi_retrievedDate":"2026-02-12"},{"dc_creator":"HandelingScraper_v1","dc_date_year":2022,"dc_description":"Vergadering van de Gemeente Beekdaelen op 2022-03-08. Onderdeel: Motie PvdA, GroenLinks en D66 inzake Internationale vrouwendag - loonkloof - 08032022 INGETROKKEN.","dc_identifier":"nl.gm1954.2c.2022.2833098-14","dc_publisher":"gm1954","dc_source":"https://beekdaelen.bestuurlijkeinformatie.nl/Agenda/Index/a2be2096-2023-4426-a3d4-b0ded8d31103","dc_title":"Raadsvergadering 2022-03-08 - Motie PvdA, GroenLinks en D66 inzake Internationale vrouwendag - loonkloof - 08032022 INGETROKKEN","dc_type":"2c","dc_type_description":"Vergaderstuk decentrale overheid","foi_fairiscoreVersions":{"v1":null,"v2":null},"foi_files":[{"dc_format":"application/pdf","dc_identifier":"nl.gm1954.2c.2022.2833098-14.doc.1","dc_source":"https://api1.ibabs.eu/publicdownload.aspx?site=Beekdaelen&id=71f9279d-ded5-4616-92cf-a8c8e8acb5b9","dc_title":"Motie PvdA, GL en D66 inzake internationale vrouwendag Loonkloof INGETROKKEN","dc_type":"bijlage","foi_fileName":"Motie%20PvdA_%20GL%20en%20D66%20inzake%20internationale%20vrouwendag%20Loonkloof%20INGETROKKEN.pdf"}],"foi_nrDocuments":1,"foi_nrPagesInDossier":0,"foi_publishedDate":"2022-03-08","foi_retrievedDate":"2025-12-01"},{"dc_creator":"HandelingScraper_v1","dc_date_year":2022,"dc_description":"Vergadering van de Gemeente Beekdaelen op 2022-03-08. Onderdeel: Motie VVD inzake tegemoetkoming energiekosten verenigingen - 08032022 INGETROKKEN.","dc_identifier":"nl.gm1954.2c.2022.2833098-15","dc_publisher":"gm1954","dc_source":"https://beekdaelen.bestuurlijkeinformatie.nl/Agenda/Index/a2be2096-2023-4426-a3d4-b0ded8d31103","dc_title":"Raadsvergadering 2022-03-08 - Motie VVD inzake tegemoetkoming energiekosten verenigingen - 08032022 INGETROKKEN","dc_type":"2c","dc_type_description":"Vergaderstuk decentrale overheid","foi_fairiscoreVersions":{"v1":1,"v2":1},"foi_files":[{"dc_format":"application/pdf","dc_identifier":"nl.gm1954.2c.2022.2833098-15.doc.1","dc_source":"https://api1.ibabs.eu/publicdownload.aspx?site=Beekdaelen&id=d82e6bec-1050-4374-b38d-e9eeae5b5bcf","dc_title":"Motie VVD inzake Tegemoetkoming Energiekosten Verenigingen INGETROKKEN","dc_type":"bijlage","foi_fairiscoreVersions":{"v1":1,"v2":1},"foi_fileName":"Motie%20VVD%20inzake%20Tegemoetkoming%20Energiekosten%20Verenigingen%20INGETROKKEN.pdf","foi_nrPages":1}],"foi_nrDocuments":1,"foi_nrPagesInDossier":1,"foi_publishedDate":"2022-03-08","foi_retrievedDate":"2026-02-05"},{"dc_creator":"HandelingScraper_v1","dc_date_year":2022,"dc_description":"Vergadering van de Gemeente Beekdaelen op 2022-03-08. Onderdeel: Vaststelling van de agenda.","dc_identifier":"nl.gm1954.2c.2022.2833098-2","dc_publisher":"gm1954","dc_source":"https://beekdaelen.bestuurlijkeinformatie.nl/Agenda/Index/a2be2096-2023-4426-a3d4-b0ded8d31103","dc_title":"Raadsvergadering 2022-03-08 - Vaststelling van de agenda","dc_type":"2c","dc_type_description":"Vergaderstuk decentrale overheid","foi_fairiscoreVersions":{"v1":1,"v2":1},"foi_files":[{"dc_format":"application/pdf","dc_identifier":"nl.gm1954.2c.2022.2833098-2.doc.1","dc_source":"https://api1.ibabs.eu/publicdownload.aspx?site=Beekdaelen&id=04a07d08-50fb-4792-a97e-a2c8326bcab5","dc_title":"Motie VVD inzake Tegemoetkoming Energiekosten Verenigingen","dc_type":"bijlage","foi_fairiscoreVersions":{"v1":1,"v2":1},"foi_fileName":"Motie%20VVD%20inzake%20Tegemoetkoming%20Energiekosten%20Verenigingen.pdf","foi_nrPages":1},{"dc_format":"application/pdf","dc_identifier":"nl.gm1954.2c.2022.2833098-2.doc.2","dc_source":"https://api1.ibabs.eu/publicdownload.aspx?site=Beekdaelen&id=d955cc99-f499-429a-8f67-923187df3b7a","dc_title":"Vastgestelde agenda raadsvergadering 08032022","dc_type":"bijlage","foi_fairiscoreVersions":{"v1":1,"v2":1},"foi_fileName":"Vastgestelde%20agenda%20raadsvergadering%2008032022.pdf","foi_nrPages":1}],"foi_nrDocuments":2,"foi_nrPagesInDossier":2,"foi_publishedDate":"2022-03-08","foi_retrievedDate":"2026-02-12"},{"dc_creator":"HandelingScraper_v1","dc_date_year":2022,"dc_description":"Vergadering van de Gemeente Beekdaelen op 2022-03-08. Onderdeel: Vaststellen besluitenlijst openbare raadsvergadering d.d. 1 februari 2022.","dc_identifier":"nl.gm1954.2c.2022.2833098-3","dc_publisher":"gm1954","dc_source":"https://beekdaelen.bestuurlijkeinformatie.nl/Agenda/Index/a2be2096-2023-4426-a3d4-b0ded8d31103","dc_title":"Raadsvergadering 2022-03-08 - Vaststellen besluitenlijst openbare raadsvergadering d.d. 1 februari 2022","dc_type":"2c","dc_type_description":"Vergaderstuk decentrale overheid","foi_fairiscoreVersions":{"v1":1,"v2":1},"foi_files":[{"dc_format":"application/pdf","dc_identifier":"nl.gm1954.2c.2022.2833098-3.doc.1","dc_source":"https://api1.ibabs.eu/publicdownload.aspx?site=Beekdaelen&id=5b2b288e-073a-4e19-8338-76c0bd5d590f","dc_title":"Besluitenlijst raadsvergadering 1 februari 2022 - vastgesteld 08032022","dc_type":"bijlage","foi_fairiscoreVersions":{"v1":1,"v2":1},"foi_fileName":"Besluitenlijst%20raadsvergadering%201%20februari%202022.pdf","foi_nrPages":17}],"foi_nrDocuments":1,"foi_nrPagesInDossier":17,"foi_publishedDate":"2022-03-08","foi_retrievedDate":"2026-03-14"},{"dc_creator":"HandelingScraper_v1","dc_date_year":2022,"dc_description":"Vergadering van de Gemeente Beekdaelen op 2022-03-08. Onderdeel: Voorstel inzake vaststelling BP Gijselaar 2 tot en met 8 Amstenrade - ontwikkeling ZOwonen.","dc_identifier":"nl.gm1954.2c.2022.2833098-4","dc_publisher":"gm1954","dc_source":"https://beekdaelen.bestuurlijkeinformatie.nl/Agenda/Index/a2be2096-2023-4426-a3d4-b0ded8d31103","dc_title":"Raadsvergadering 2022-03-08 - Voorstel inzake vaststelling BP Gijselaar 2 tot en met 8 Amstenrade - ontwikkeling ZOwonen","dc_type":"2c","dc_type_description":"Vergaderstuk decentrale overheid","foi_fairiscoreVersions":{"v1":2,"v2":2},"foi_files":[{"dc_format":"application/pdf","dc_identifier":"nl.gm1954.2c.2022.2833098-4.doc.4","dc_source":"https://api1.ibabs.eu/publicdownload.aspx?site=Beekdaelen&id=f52f97d7-d189-46a4-a2e9-4b35bddaba5b","dc_title":"De Gijselaar 2 t/m 8 Bijlagen bij toelichting","dc_type":"bijlage","foi_fairiscoreVersions":{"v1":2,"v2":2},"foi_fileName":"De%20Gijselaar%202%20t_m%208_Bijlagen%20bij%20toelichting_1.pdf","foi_nrPages":520},{"dc_format":"application/pdf","dc_identifier":"nl.gm1954.2c.2022.2833098-4.doc.5","dc_source":"https://api1.ibabs.eu/publicdownload.aspx?site=Beekdaelen&id=6d94b943-1b03-4214-8729-c08454174a05","dc_title":"De Gijselaar 2 t/m 8 Regels","dc_type":"bijlage","foi_fairiscoreVersions":{"v1":3,"v2":3},"foi_fileName":"De%20Gijselaar%202%20t_m%208_Regels_1.pdf","foi_nrPages":34},{"dc_format":"application/pdf","dc_identifier":"nl.gm1954.2c.2022.2833098-4.doc.3","dc_source":"https://api1.ibabs.eu/publicdownload.aspx?site=Beekdaelen&id=9d0b1147-206f-4b0d-b91d-58a62f283032","dc_title":"De Gijselaar 2 t/m 8 Toelichting","dc_type":"bijlage","foi_fairiscoreVersions":{"v1":2,"v2":2},"foi_fileName":"De%20Gijselaar%202%20t_m%208_Toelichting_1.pdf","foi_nrPages":74},{"dc_format":"application/pdf","dc_identifier":"nl.gm1954.2c.2022.2833098-4.doc.2","dc_source":"https://api1.ibabs.eu/publicdownload.aspx?site=Beekdaelen&id=bbe71cd5-0c4b-4217-99d9-e82c24fd30ed","dc_title":"Raadsbesluit BP Gijselaar 2 tot en met 8 Amstenrade (ontwikkelig ZOwonen) - vastgesteld 08032022","dc_type":"bijlage","foi_fairiscoreVersions":{"v1":1,"v2":1},"foi_fileName":"Raadsbesluit%20BP%20Gijselaar%202%20tot%20en%20met%208%20Amstenrade%20%28ontwikkelig%20ZOwonen%29.pdf","foi_nrPages":1},{"dc_format":"application/pdf","dc_identifier":"nl.gm1954.2c.2022.2833098-4.doc.1","dc_source":"https://api1.ibabs.eu/publicdownload.aspx?site=Beekdaelen&id=9428f2bd-8d75-4cd1-b96d-2cb7d98b40ed","dc_title":"Raadsvoorstel BP Gijselaar 2 tot en met 8 Amstenrade (ontwikkelig ZOwonen)","dc_type":"bijlage","foi_fairiscoreVersions":{"v1":1,"v2":1},"foi_fileName":"Raadsvoorstel%20BP%20Gijselaar%202%20tot%20en%20met%208%20Amstenrade%20%28ontwikkelig%20ZOwonen%29.pdf","foi_nrPages":6},{"dc_format":"application/pdf","dc_identifier":"nl.gm1954.2c.2022.2833098-4.doc.6","dc_source":"https://api1.ibabs.eu/publicdownload.aspx?site=Beekdaelen&id=5728bd2d-035c-4e80-a9dd-2141fb270c78","dc_title":"Verbeelding (J202090 De Gijselaar 2 t/m 8) 2022-03-08","dc_type":"bijlage","foi_fairiscoreVersions":{"v1":1,"v2":1},"foi_fileName":"Verbeelding%20%28J202090%20De%20Gijselaar%202tm8%29_2022-03-08.pdf","foi_nrPages":1}],"foi_nrDocuments":6,"foi_nrPagesInDossier":636,"foi_publishedDate":"2022-03-08","foi_retrievedDate":"2025-11-30"},{"dc_creator":"HandelingScraper_v1","dc_date_year":2022,"dc_description":"Vergadering van de Gemeente Beekdaelen op 2022-03-08. Onderdeel: Voorstel inzake vaststelling BP Gijselaar 10 Amstenrade - ontwikkeling Cicero.","dc_identifier":"nl.gm1954.2c.2022.2833098-5","dc_publisher":"gm1954","dc_source":"https://beekdaelen.bestuurlijkeinformatie.nl/Agenda/Index/a2be2096-2023-4426-a3d4-b0ded8d31103","dc_title":"Raadsvergadering 2022-03-08 - Voorstel inzake vaststelling BP Gijselaar 10 Amstenrade - ontwikkeling Cicero","dc_type":"2c","dc_type_description":"Vergaderstuk decentrale overheid","foi_fairiscoreVersions":{"v1":2,"v2":2},"foi_files":[{"dc_format":"application/pdf","dc_identifier":"nl.gm1954.2c.2022.2833098-5.doc.5","dc_source":"https://api1.ibabs.eu/publicdownload.aspx?site=Beekdaelen&id=008a76d0-b9dc-4581-a93d-b61db13893fd","dc_title":"De Gijselaar 10 Regels","dc_type":"bijlage","foi_fairiscoreVersions":{"v1":3,"v2":3},"foi_fileName":"De%20Gijselaar%2010_Regels_1.pdf","foi_nrPages":30},{"dc_format":"application/pdf","dc_identifier":"nl.gm1954.2c.2022.2833098-5.doc.4","dc_source":"https://api1.ibabs.eu/publicdownload.aspx?site=Beekdaelen&id=5e15e97b-a0eb-4f4e-b274-d371b867d1b7","dc_title":"De Gijselaar 10 Toelichting","dc_type":"bijlage","foi_fairiscoreVersions":{"v1":2,"v2":2},"foi_fileName":"De%20Gijselaar%2010_Toelichting_1.pdf","foi_nrPages":74},{"dc_format":"application/pdf","dc_identifier":"nl.gm1954.2c.2022.2833098-5.doc.2","dc_source":"https://api1.ibabs.eu/publicdownload.aspx?site=Beekdaelen&id=697b1334-ef48-44f1-9d30-2d4beca1e1ca","dc_title":"Nota van zienswijzen","dc_type":"bijlage","foi_fairiscoreVersions":{"v1":1,"v2":1},"foi_fileName":"Nota%20van%20zienswijzen.pdf","foi_nrPages":2},{"dc_format":"application/pdf","dc_identifier":"nl.gm1954.2c.2022.2833098-5.doc.3","dc_source":"https://api1.ibabs.eu/publicdownload.aspx?site=Beekdaelen&id=96f0bfdc-4ae2-4813-a382-b7d616540035","dc_title":"Raadsbesluit BP Gijselaar 10 Amstenrade (ontwikkeling Cicero) - vastgesteld 08032022","dc_type":"bijlage","foi_fairiscoreVersions":{"v1":1,"v2":1},"foi_fileName":"Raadsbesluit%20BP%20Gijselaar%2010%20Amstenrade%20%28ontwikkeling%20Cicero%29.pdf","foi_nrPages":1},{"dc_format":"application/pdf","dc_identifier":"nl.gm1954.2c.2022.2833098-5.doc.1","dc_source":"https://api1.ibabs.eu/publicdownload.aspx?site=Beekdaelen&id=eed8ea60-60a6-4ade-a0d2-d77471940408","dc_title":"Raadsvoorstel BP Gijselaar 10 Amstenrade (ontwikkeling Cicero)","dc_type":"bijlage","foi_fairiscoreVersions":{"v1":1,"v2":1},"foi_fileName":"Raadsvoorstel%20BP%20Gijselaar%2010%20Amstenrade%20%28ontwikkeling%20Cicero%29.pdf","foi_nrPages":6},{"dc_format":"application/pdf","dc_identifier":"nl.gm1954.2c.2022.2833098-5.doc.6","dc_source":"https://api1.ibabs.eu/publicdownload.aspx?site=Beekdaelen&id=cf55817f-9751-420d-b643-3112c56d7b88","dc_title":"Verbeelding (J202090 De Gijselaar 10) 2022-03-08","dc_type":"bijlage","foi_fairiscoreVersions":{"v1":1,"v2":1},"foi_fileName":"Verbeelding%20%28J202090%20De%20Gijselaar%2010%29_2022-03-08.pdf","foi_nrPages":1}],"foi_nrDocuments":6,"foi_nrPagesInDossier":114,"foi_publishedDate":"2022-03-08","foi_retrievedDate":"2026-03-09"},{"dc_creator":"HandelingScraper_v1","dc_date_year":2022,"dc_description":"Vergadering van de Gemeente Beekdaelen op 2022-03-08. Onderdeel: Voorstel inzake vaststelling bestemmingsplan Gijselaar 80 Amstenrade.","dc_identifier":"nl.gm1954.2c.2022.2833098-6","dc_publisher":"gm1954","dc_source":"https://beekdaelen.bestuurlijkeinformatie.nl/Agenda/Index/a2be2096-2023-4426-a3d4-b0ded8d31103","dc_title":"Raadsvergadering 2022-03-08 - Voorstel inzake vaststelling bestemmingsplan Gijselaar 80 Amstenrade","dc_type":"2c","dc_type_description":"Vergaderstuk decentrale overheid","foi_fairiscoreVersions":{"v1":2,"v2":2},"foi_files":[{"dc_format":"application/pdf","dc_identifier":"nl.gm1954.2c.2022.2833098-6.doc.4","dc_source":"https://api1.ibabs.eu/publicdownload.aspx?site=Beekdaelen&id=1200fcc2-f2a2-4de0-bd3c-662201032ed1","dc_title":"De Gijselaar 80 Amstenrade vastgesteld Regels","dc_type":"bijlage","foi_fairiscoreVersions":{"v1":2,"v2":2},"foi_fileName":"De%20Gijselaar%2080%20Amstenrade_vastgesteld_1_Regels.pdf","foi_nrPages":38},{"dc_format":"application/pdf","dc_identifier":"nl.gm1954.2c.2022.2833098-6.doc.3","dc_source":"https://api1.ibabs.eu/publicdownload.aspx?site=Beekdaelen&id=90bfced7-2d96-4882-8cca-01e178014429","dc_title":"De Gijselaar 80 Amstenrade vastgesteld Toelichting","dc_type":"bijlage","foi_fairiscoreVersions":{"v1":2,"v2":2},"foi_fileName":"De%20Gijselaar%2080%20Amstenrade_vastgesteld_1_Toelichting.pdf","foi_nrPages":51},{"dc_format":"application/pdf","dc_identifier":"nl.gm1954.2c.2022.2833098-6.doc.5","dc_source":"https://api1.ibabs.eu/publicdownload.aspx?site=Beekdaelen&id=1bc642b4-985b-4738-a8ff-6ed39af85fe9","dc_title":"De Gijselaar 80 Amstenrade vastgesteld Verbeelding","dc_type":"bijlage","foi_fairiscoreVersions":{"v1":1,"v2":1},"foi_fileName":"De%20Gijselaar%2080%20Amstenrade_vastgesteld_1_Verbeelding.pdf","foi_nrPages":1},{"dc_format":"application/pdf","dc_identifier":"nl.gm1954.2c.2022.2833098-6.doc.2","dc_source":"https://api1.ibabs.eu/publicdownload.aspx?site=Beekdaelen&id=4bce51bf-3fc2-46fc-a076-e576eb4fc84e","dc_title":"Raadsbesluit BP De Gijselaar 80 - vastgesteld 08032022","dc_type":"bijlage","foi_fairiscoreVersions":{"v1":1,"v2":1},"foi_fileName":"Raadsbesluit_290731_1.pdf","foi_nrPages":1},{"dc_format":"application/pdf","dc_identifier":"nl.gm1954.2c.2022.2833098-6.doc.1","dc_source":"https://api1.ibabs.eu/publicdownload.aspx?site=Beekdaelen&id=f61ed0d2-b065-4f35-8910-08f4ff04f049","dc_title":"Raadsvoorstel BP De Gijselaar 80","dc_type":"bijlage","foi_fairiscoreVersions":{"v1":1,"v2":1},"foi_fileName":"Raadsvoorstel_290728_1.pdf","foi_nrPages":7}],"foi_nrDocuments":5,"foi_nrPagesInDossier":98,"foi_publishedDate":"2022-03-08","foi_retrievedDate":"2026-03-09"},{"dc_creator":"HandelingScraper_v1","dc_date_year":2022,"dc_description":"Vergadering van de Gemeente Beekdaelen op 2022-03-08. Onderdeel: Voorstel inzake benoeming leden commissie van onderzoek geloofsbrieven en rechtmatigheid verkiezingen.","dc_identifier":"nl.gm1954.2c.2022.2833098-7","dc_publisher":"gm1954","dc_source":"https://beekdaelen.bestuurlijkeinformatie.nl/Agenda/Index/a2be2096-2023-4426-a3d4-b0ded8d31103","dc_title":"Raadsvergadering 2022-03-08 - Voorstel inzake benoeming leden commissie van onderzoek geloofsbrieven en rechtmatigheid verkiezingen","dc_type":"2c","dc_type_description":"Vergaderstuk decentrale overheid","foi_fairiscoreVersions":{"v1":1,"v2":1},"foi_files":[{"dc_format":"application/pdf","dc_identifier":"nl.gm1954.2c.2022.2833098-7.doc.2","dc_source":"https://api1.ibabs.eu/publicdownload.aspx?site=Beekdaelen&id=1818bdb5-3d1c-44a0-a192-9e64eec04cd1","dc_title":"RBS inzake benoeming leden commissie van onderzoek geloofsbrieven en rechtmatigheid verkiezingen - vastgesteld 08032022","dc_type":"bijlage","foi_fairiscoreVersions":{"v1":1,"v2":1},"foi_fileName":"RBS%20inzake%20benoeming%20leden%20commissie%20van%20onderzoek%20geloofsbrieven%20en%20rechtmatigheid%20verkiezingen.pdf","foi_nrPages":1},{"dc_format":"application/pdf","dc_identifier":"nl.gm1954.2c.2022.2833098-7.doc.1","dc_source":"https://api1.ibabs.eu/publicdownload.aspx?site=Beekdaelen&id=bf4d8909-cb3d-40ba-9cb3-5e01f6a5e01b","dc_title":"RVS inzake benoeming leden commissie van onderzoek geloofsbrieven en rechtmatigheid verkiezingen","dc_type":"bijlage","foi_fairiscoreVersions":{"v1":1,"v2":1},"foi_fileName":"RVS%20inzake%20benoeming%20leden%20commissie%20van%20onderzoek%20geloofsbrieve%20en%20rechtmatigheid%20verkiezingen.pdf","foi_nrPages":2}],"foi_nrDocuments":2,"foi_nrPagesInDossier":3,"foi_publishedDate":"2022-03-08","foi_retrievedDate":"2026-01-22"},{"dc_creator":"HandelingScraper_v1","dc_date_year":2022,"dc_description":"Vergadering van de Gemeente Beekdaelen op 2022-03-08. Onderdeel: Voorstel inzake evaluatie jeugdlintje.","dc_identifier":"nl.gm1954.2c.2022.2833098-8","dc_publisher":"gm1954","dc_source":"https://beekdaelen.bestuurlijkeinformatie.nl/Agenda/Index/a2be2096-2023-4426-a3d4-b0ded8d31103","dc_title":"Raadsvergadering 2022-03-08 - Voorstel inzake evaluatie jeugdlintje","dc_type":"2c","dc_type_description":"Vergaderstuk decentrale overheid","foi_fairiscoreVersions":{"v1":1,"v2":1},"foi_files":[{"dc_format":"application/pdf","dc_identifier":"nl.gm1954.2c.2022.2833098-8.doc.4","dc_source":"https://api1.ibabs.eu/publicdownload.aspx?site=Beekdaelen&id=c5a4d4e4-99bd-48bb-9f6d-8a4c5f631f14","dc_title":"Evaluatie Jongerenlintje door selectiecommissie 20122021","dc_type":"bijlage","foi_fairiscoreVersions":{"v1":1,"v2":1},"foi_fileName":"evaluatie%20Jongerenlintje%20door%20selectiecommissie%2020122021.pdf","foi_nrPages":2},{"dc_format":"application/pdf","dc_identifier":"nl.gm1954.2c.2022.2833098-8.doc.3","dc_source":"https://api1.ibabs.eu/publicdownload.aspx?site=Beekdaelen&id=f92588cc-0170-4e7d-927a-a9d3ca0ec9a1","dc_title":"Gewijzigd raadsbesluit n.a.v. nota van wijziging - vastgesteld 08032022","dc_type":"bijlage","foi_fairiscoreVersions":{"v1":1,"v2":1},"foi_fileName":"Gewijzigd%20raadsbesluit%20n.a.v.%20nota%20van%20wijziging.pdf","foi_nrPages":1},{"dc_format":"application/pdf","dc_identifier":"nl.gm1954.2c.2022.2833098-8.doc.2","dc_source":"https://api1.ibabs.eu/publicdownload.aspx?site=Beekdaelen&id=5a3c7b90-bab2-4fbf-b5be-dae665c10298","dc_title":"Nota van wijzigingen evaluatie pilot Jongerenlintje","dc_type":"bijlage","foi_fairiscoreVersions":{"v1":1,"v2":1},"foi_fileName":"nota%20van%20wijzigingen%20evaluatie%20pilot%20Jongerenlintje.pdf","foi_nrPages":1},{"dc_format":"application/pdf","dc_identifier":"nl.gm1954.2c.2022.2833098-8.doc.5","dc_source":"https://api1.ibabs.eu/publicdownload.aspx?site=Beekdaelen&id=cedce620-cf4c-46bc-b1e1-786fda8ae331","dc_title":"Reactie op openstaande vragen over agendapunt B1 Jongerenlintje gecomb. cie. 22022022","dc_type":"bijlage","foi_fairiscoreVersions":{"v1":1,"v2":1},"foi_fileName":"openstaande%20vragen%20over%20agendapunt%20B1%20Jongerenlintje%2022022022.pdf","foi_nrPages":1},{"dc_format":"application/pdf","dc_identifier":"nl.gm1954.2c.2022.2833098-8.doc.6","dc_source":"https://api1.ibabs.eu/publicdownload.aspx?site=Beekdaelen&id=d9ef444a-67f6-4559-92c9-d1b463a9078c","dc_title":"Raadsbesluit Evaluatie pilot Jongerenlintje VERVALLEN","dc_type":"bijlage","foi_fairiscoreVersions":{"v1":1,"v2":1},"foi_fileName":"Raadsbesluit%20Evaluatie%20pilot%20Jongerenlintje.pdf","foi_nrPages":1},{"dc_format":"application/pdf","dc_identifier":"nl.gm1954.2c.2022.2833098-8.doc.1","dc_source":"https://api1.ibabs.eu/publicdownload.aspx?site=Beekdaelen&id=a362eccf-ae6d-461e-857f-4b26ca0ee2a0","dc_title":"Raadsvoorstel Evaluatie pilot Jongerenlintje","dc_type":"bijlage","foi_fairiscoreVersions":{"v1":1,"v2":1},"foi_fileName":"Raadsvoorstel%20Evaluatie%20pilot%20Jongerenlintje.pdf","foi_nrPages":3}],"foi_nrDocuments":6,"foi_nrPagesInDossier":9,"foi_publishedDate":"2022-03-08","foi_retrievedDate":"2026-01-23"},{"dc_creator":"HandelingScraper_v1","dc_date_year":2022,"dc_description":"Vergadering van de Gemeente Beekdaelen op 2022-03-08. Onderdeel: Voorstel inzake bestemmingsplan.","dc_identifier":"nl.gm1954.2c.2022.2833098-9","dc_publisher":"gm1954","dc_source":"https://beekdaelen.bestuurlijkeinformatie.nl/Agenda/Index/a2be2096-2023-4426-a3d4-b0ded8d31103","dc_title":"Raadsvergadering 2022-03-08 - Voorstel inzake bestemmingsplan","dc_type":"2c","dc_type_description":"Vergaderstuk decentrale overheid","foi_fairiscoreVersions":{"v1":3,"v2":3},"foi_files":[{"dc_format":"application/pdf","dc_identifier":"nl.gm1954.2c.2022.2833098-9.doc.3","dc_source":"https://api1.ibabs.eu/publicdownload.aspx?site=Beekdaelen&id=8a81ef00-1b7a-4b7d-a89e-54c9305f7d43","dc_title":"Bijlage 1 - Bouwvergunning bouw bedrijfshal, d.d. 20 juni 2000 (1)","dc_type":"bijlage","foi_fairiscoreVersions":{"v1":5,"v2":5},"foi_fileName":"Bijlage%201%20-%20Bouwvergunning%20bouw%20bedrijfshal_%20d.d.%2020%20juni%202000%20%281%29.PDF","foi_nrPages":21},{"dc_format":"application/pdf","dc_identifier":"nl.gm1954.2c.2022.2833098-9.doc.4","dc_source":"https://api1.ibabs.eu/publicdownload.aspx?site=Beekdaelen&id=67bffb2d-0d1a-48a6-a8be-bf35966009be","dc_title":"Bijlage 1 - Bouwvergunning bouw bedrijfshal, d.d. 20 juni 2000 (2)","dc_type":"bijlage","foi_fairiscoreVersions":{"v1":5,"v2":5},"foi_fileName":"Bijlage%201%20-%20Bouwvergunning%20bouw%20bedrijfshal_%20d.d.%2020%20juni%202000%20%282%29.pdf","foi_nrPages":1},{"dc_format":"application/pdf","dc_identifier":"nl.gm1954.2c.2022.2833098-9.doc.5","dc_source":"https://api1.ibabs.eu/publicdownload.aspx?site=Beekdaelen&id=2325bae0-4552-4942-baea-1e87023df4bd","dc_title":"Bijlage 1 - Bouwvergunning bouw bedrijfshal, d.d. 20 juni 2000 (3)","dc_type":"bijlage","foi_fairiscoreVersions":{"v1":5,"v2":5},"foi_fileName":"Bijlage%201%20-%20Bouwvergunning%20bouw%20bedrijfshal_%20d.d.%2020%20juni%202000%20%283%29.pdf","foi_nrPages":1},{"dc_format":"application/pdf","dc_identifier":"nl.gm1954.2c.2022.2833098-9.doc.6","dc_source":"https://api1.ibabs.eu/publicdownload.aspx?site=Beekdaelen&id=5fb3dd46-f910-4e6f-8af8-5d2cce71772a","dc_title":"Bijlage 1 - Bouwvergunning bouw bedrijfshal, d.d. 20 juni 2000 (4)","dc_type":"bijlage","foi_fairiscoreVersions":{"v1":5,"v2":5},"foi_fileName":"Bijlage%201%20-%20Bouwvergunning%20bouw%20bedrijfshal_%20d.d.%2020%20juni%202000%20%284%29.pdf","foi_nrPages":1},{"dc_format":"application/pdf","dc_identifier":"nl.gm1954.2c.2022.2833098-9.doc.7","dc_source":"https://api1.ibabs.eu/publicdownload.aspx?site=Beekdaelen&id=18ef20ff-a7c3-408d-90b7-f800a9de6723","dc_title":"Bijlage 2 - Verbeelding bestemmingsplan \u20182e wijziging bp Buitengebied Schinnen","dc_type":"bijlage","foi_fairiscoreVersions":{"v1":2,"v2":1},"foi_fileName":"Bijlage%202%20-%20Verbeelding%20bestemmingsplan%20%E2%80%982e%20wijziging%20bp%20Buitengebied%20Schinnen.pdf","foi_nrPages":1},{"dc_format":"application/pdf","dc_identifier":"nl.gm1954.2c.2022.2833098-9.doc.8","dc_source":"https://api1.ibabs.eu/publicdownload.aspx?site=Beekdaelen&id=43e12cab-8570-4e19-bc2e-8886473008c9","dc_title":"Bijlage 3 - Vaststellingsovereenkomst m.b.t. voorgenomen uitbreiding De Uiver te Doenrade, d.d. 3 juli 2017","dc_type":"bijlage","foi_fairiscoreVersions":{"v1":2,"v2":2},"foi_fileName":"Bijlage%203%20-%20Vaststellingsovereenkomst%20m.b.t.%20voorgenomen%20uitbreiding%20De%20Uiver%20te%20Doenrade_%20d.d.%203%20juli%202017.pdf","foi_nrPages":5},{"dc_format":"application/pdf","dc_identifier":"nl.gm1954.2c.2022.2833098-9.doc.9","dc_source":"https://api1.ibabs.eu/publicdownload.aspx?site=Beekdaelen&id=643d8a10-e402-4f2e-9984-286cef30b92a","dc_title":"Bijlage 4 - Digitale verbeelding planlocatie; gml-bestand NL.IMRO.1954.VBDeUiver-VA01","dc_type":"bijlage","foi_fairiscoreVersions":{"v1":1,"v2":1},"foi_fileName":"Bijlage%204%20-%20Digitale%20verbeelding%20planlocatie%3B%20gml-bestand%20NL.IMRO.1954.VBDeUiver-VA01.pdf","foi_nrPages":1},{"dc_format":"application/pdf","dc_identifier":"nl.gm1954.2c.2022.2833098-9.doc.2","dc_source":"https://api1.ibabs.eu/publicdownload.aspx?site=Beekdaelen&id=ee8b677f-04d9-40ec-8117-e92048c4cbaa","dc_title":"Raadsbesluit inzake Voorbereidingsbesluit 'De Uiver' - vastgesteld 08032022","dc_type":"bijlage","foi_fairiscoreVersions":{"v1":1,"v2":1},"foi_fileName":"Bijlage%205%20-%20Raadsbesluit%20Voorbereidingsbesluit%20%27De%20Uiver%27.pdf","foi_nrPages":1},{"dc_format":"application/pdf","dc_identifier":"nl.gm1954.2c.2022.2833098-9.doc.1","dc_source":"https://api1.ibabs.eu/publicdownload.aspx?site=Beekdaelen&id=1110ffa8-ecdc-40ed-a89e-e1f5c931c1ca","dc_title":"Raadsvoorstel voorbereidingsbesluit 'De Uiver","dc_type":"bijlage","foi_fairiscoreVersions":{"v1":1,"v2":1},"foi_fileName":"Raadsvoorstel%20voorbereidingsbesluit%20%27De%20Uiver.pdf","foi_nrPages":6}],"foi_nrDocuments":9,"foi_nrPagesInDossier":38,"foi_publishedDate":"2022-03-08","foi_retrievedDate":"2026-03-14"},{"dc_creator":"HandelingScraper_v1","dc_date_year":2022,"dc_description":"Vergadering van de Gemeente Beekdaelen op 2022-03-29. Onderdeel: Opening.","dc_identifier":"nl.gm1954.2c.2022.2833142-1","dc_publisher":"gm1954","dc_source":"https://beekdaelen.bestuurlijkeinformatie.nl/Agenda/Index/63fb6042-ba8f-4e0d-9a38-310056806083","dc_title":"Raadsvergadering 2022-03-29 - Opening","dc_type":"2c","dc_type_description":"Vergaderstuk decentrale overheid","foi_fairiscoreVersions":{"v1":1,"v2":1},"foi_files":[{"dc_format":"application/pdf","dc_identifier":"nl.gm1954.2c.2022.2833142-1.doc.1","dc_source":"https://api1.ibabs.eu/publicdownload.aspx?site=Beekdaelen&id=78e02eaf-3ee8-4f93-9498-f202dc0a6c25","dc_title":"Uitnodiging en voorlopige agenda raadsvergadering 29 maart 2022","dc_type":"bijlage","foi_fairiscoreVersions":{"v1":1,"v2":1},"foi_fileName":"Uitnodiging%20en%20voorlopige%20agenda%20raadsvergadering%2029%20maart%202022.pdf","foi_nrPages":1}],"foi_nrDocuments":1,"foi_nrPagesInDossier":1,"foi_publishedDate":"2022-03-29","foi_retrievedDate":"2026-03-06"},{"dc_creator":"HandelingScraper_v1","dc_date_year":2022,"dc_description":"Vergadering van de Gemeente Beekdaelen op 2022-03-29. Onderdeel: Vaststelling van de agenda.","dc_identifier":"nl.gm1954.2c.2022.2833142-2","dc_publisher":"gm1954","dc_source":"https://beekdaelen.bestuurlijkeinformatie.nl/Agenda/Index/63fb6042-ba8f-4e0d-9a38-310056806083","dc_title":"Raadsvergadering 2022-03-29 - Vaststelling van de agenda","dc_type":"2c","dc_type_description":"Vergaderstuk decentrale overheid","foi_fairiscoreVersions":{"v1":1,"v2":1},"foi_files":[{"dc_format":"application/pdf","dc_identifier":"nl.gm1954.2c.2022.2833142-2.doc.1","dc_source":"https://api1.ibabs.eu/publicdownload.aspx?site=Beekdaelen&id=bfd99b4c-fdbb-47d5-86f7-892b08b56b6f","dc_title":"Vastgestelde agenda  raadsvergadering 29032022","dc_type":"bijlage","foi_fairiscoreVersions":{"v1":1,"v2":1},"foi_fileName":"Vastgestelde%20agenda%20%20raadsvergadering%2029032022.pdf","foi_nrPages":1}],"foi_nrDocuments":1,"foi_nrPagesInDossier":1,"foi_publishedDate":"2022-03-29","foi_retrievedDate":"2026-03-04"},{"dc_creator":"HandelingScraper_v1","dc_date_year":2022,"dc_description":"Vergadering van de Gemeente Beekdaelen op 2022-03-29. Onderdeel: Vaststellen besluitenlijst raadsvergadering d.d. 8 maart 2022.","dc_identifier":"nl.gm1954.2c.2022.2833142-3","dc_publisher":"gm1954","dc_source":"https://beekdaelen.bestuurlijkeinformatie.nl/Agenda/Index/63fb6042-ba8f-4e0d-9a38-310056806083","dc_title":"Raadsvergadering 2022-03-29 - Vaststellen besluitenlijst raadsvergadering d.d. 8 maart 2022","dc_type":"2c","dc_type_description":"Vergaderstuk decentrale overheid","foi_fairiscoreVersions":{"v1":1,"v2":1},"foi_files":[{"dc_format":"application/pdf","dc_identifier":"nl.gm1954.2c.2022.2833142-3.doc.1","dc_source":"https://api1.ibabs.eu/publicdownload.aspx?site=Beekdaelen&id=8c72626d-2736-4f3b-9ab6-33bf89906685","dc_title":"Besluitenlijst raadsvergadering 8 maart 2022 - vastgesteld 29032022","dc_type":"bijlage","foi_fairiscoreVersions":{"v1":1,"v2":1},"foi_fileName":"Besluitenlijst%20raadsvergadering%208%20maart%202022.pdf","foi_nrPages":8},{"dc_format":"application/pdf","dc_identifier":"nl.gm1954.2c.2022.2833142-3.doc.2","dc_source":"https://api1.ibabs.eu/publicdownload.aspx?site=Beekdaelen&id=5e60dcb7-ee35-4688-a1e9-643a42862634","dc_title":"Besluitenlijst raadsvergadering 8 maart 2022 BESLOTEN DEEL  - vastgesteld 29032022 (geheimhouding vervallen per 11032022)","dc_type":"bijlage","foi_fairiscoreVersions":{"v1":1,"v2":1},"foi_fileName":"Besluitenlijst%20raadsvergadering%208%20maart%202022%20BESLOTEN%20DEEL.pdf","foi_nrPages":3}],"foi_nrDocuments":2,"foi_nrPagesInDossier":11,"foi_publishedDate":"2022-03-29","foi_retrievedDate":"2026-03-02"},{"dc_creator":"HandelingScraper_v1","dc_date_year":2022,"dc_description":"Vergadering van de Gemeente Beekdaelen op 2022-03-29. Onderdeel: Raadsvoorstel inzake oordeel rechtmatigheid verkiezingen en onderzoek geloofsbrieven.","dc_identifier":"nl.gm1954.2c.2022.2833142-4","dc_publisher":"gm1954","dc_source":"https://beekdaelen.bestuurlijkeinformatie.nl/Agenda/Index/63fb6042-ba8f-4e0d-9a38-310056806083","dc_title":"Raadsvergadering 2022-03-29 - Raadsvoorstel inzake oordeel rechtmatigheid verkiezingen en onderzoek geloofsbrieven","dc_type":"2c","dc_type_description":"Vergaderstuk decentrale overheid","foi_fairiscoreVersions":{"v1":1,"v2":1},"foi_files":[{"dc_format":"application/pdf","dc_identifier":"nl.gm1954.2c.2022.2833142-4.doc.3","dc_source":"https://api1.ibabs.eu/publicdownload.aspx?site=Beekdaelen&id=334e818d-c326-42cc-995f-beb10968f573","dc_title":"RAPPORT RAADSCOMMISSIE ONDERZOEK GELOOFSBRIEVEN - vastgesteld 29032022","dc_type":"bijlage","foi_fairiscoreVersions":{"v1":1,"v2":1},"foi_fileName":"RAPPORT%20RAADSCOMMISSIE%20ONDERZOEK%20GELOOFSBRIEVEN.pdf","foi_nrPages":2},{"dc_format":"application/pdf","dc_identifier":"nl.gm1954.2c.2022.2833142-4.doc.2","dc_source":"https://api1.ibabs.eu/publicdownload.aspx?site=Beekdaelen&id=8d085add-4bbc-4cf7-8ea4-80d0f2d70fd2","dc_title":"RBS inzake oordeel rechtmatigheid verkiezingen en toelating raadsleden - vastgesteld 29032022","dc_type":"bijlage","foi_fairiscoreVersions":{"v1":1,"v2":1},"foi_fileName":"RBS%20inzake%20oordeel%20rechtmatigheid%20verkiezingen%20en%20toelating%20raadsleden.pdf","foi_nrPages":2},{"dc_format":"application/pdf","dc_identifier":"nl.gm1954.2c.2022.2833142-4.doc.1","dc_source":"https://api1.ibabs.eu/publicdownload.aspx?site=Beekdaelen&id=5735abe0-65d0-4c67-8ab8-be14ab91d2e6","dc_title":"RVS inzake oordeel rechtmatigheid verkiezingen en onderzoek geloofsbrieven","dc_type":"bijlage","foi_fairiscoreVersions":{"v1":1,"v2":1},"foi_fileName":"RVS%20inzake%20oordeel%20rechtmatigheid%20verkiezingen%20en%20onderzoek%20geloofsbrieven.pdf","foi_nrPages":2}],"foi_nrDocuments":3,"foi_nrPagesInDossier":6,"foi_publishedDate":"2022-03-29","foi_retrievedDate":"2025-11-29"},{"dc_creator":"HandelingScraper_v1","dc_date_year":2022,"dc_description":"Vergadering van de Gemeente Beekdaelen op 2022-03-30. Onderdeel: Opening.","dc_identifier":"nl.gm1954.2c.2022.2833154-1","dc_publisher":"gm1954","dc_source":"https://beekdaelen.bestuurlijkeinformatie.nl/Agenda/Index/ce09c836-6c33-48ca-86e9-0be156e26454","dc_title":"Raadsvergadering 2022-03-30 - Opening","dc_type":"2c","dc_type_description":"Vergaderstuk decentrale overheid","foi_fairiscoreVersions":{"v1":null,"v2":null},"foi_files":[{"dc_format":"application/pdf","dc_identifier":"nl.gm1954.2c.2022.2833154-1.doc.1","dc_source":"https://api1.ibabs.eu/publicdownload.aspx?site=Beekdaelen&id=1507d5b6-786b-45c8-978e-95b75dbf1c96","dc_title":"Uitnodiging en voorlopige agenda raadsvergadering 30 maart 2022","dc_type":"bijlage","foi_fileName":"Uitnodiging%20en%20voorlopige%20agenda%20raadsvergadering%2030%20maart%202022.pdf"}],"foi_nrDocuments":1,"foi_nrPagesInDossier":0,"foi_publishedDate":"2022-03-30","foi_retrievedDate":"2025-11-30"},{"dc_creator":"HandelingScraper_v1","dc_date_year":2022,"dc_description":"Vergadering van de Gemeente Beekdaelen op 2022-03-30. Onderdeel: Vaststelling van de agenda.","dc_identifier":"nl.gm1954.2c.2022.2833154-2","dc_publisher":"gm1954","dc_source":"https://beekdaelen.bestuurlijkeinformatie.nl/Agenda/Index/ce09c836-6c33-48ca-86e9-0be156e26454","dc_title":"Raadsvergadering 2022-03-30 - Vaststelling van de agenda","dc_type":"2c","dc_type_description":"Vergaderstuk decentrale overheid","foi_fairiscoreVersions":{"v1":1,"v2":1},"foi_files":[{"dc_format":"application/pdf","dc_identifier":"nl.gm1954.2c.2022.2833154-2.doc.1","dc_source":"https://api1.ibabs.eu/publicdownload.aspx?site=Beekdaelen&id=aae96df8-4ba8-483a-bd5c-a6c26995985f","dc_title":"Vastgestelde agenda raadsvergadering 30 maart 2022 (installatievergadering)","dc_type":"bijlage","foi_fairiscoreVersions":{"v1":1,"v2":1},"foi_fileName":"Vastgestelde%20agenda%20raadsvergadering%2030%20maart%202022%20%28installatievergadering%29.pdf","foi_nrPages":1}],"foi_nrDocuments":1,"foi_nrPagesInDossier":1,"foi_publishedDate":"2022-03-30","foi_retrievedDate":"2026-03-09"},{"dc_creator":"HandelingScraper_v1","dc_date_year":2022,"dc_description":"Vergadering van de Gemeente Beekdaelen op 2022-04-12. Onderdeel: Algemeen.","dc_identifier":"nl.gm1954.2c.2022.2833159-1","dc_publisher":"gm1954","dc_source":"https://beekdaelen.bestuurlijkeinformatie.nl/Agenda/Index/427335eb-e438-4104-8486-5b0f7fe45837","dc_title":"Gecombineerde commissie (t/m april 2022) 2022-04-12 - Algemeen","dc_type":"2c","dc_type_description":"Vergaderstuk decentrale overheid","foi_fairiscoreVersions":{"v1":null,"v2":null},"foi_files":[{"dc_format":"application/pdf","dc_identifier":"nl.gm1954.2c.2022.2833159-1.doc.1","dc_source":"https://api1.ibabs.eu/publicdownload.aspx?site=Beekdaelen&id=18af26ec-8140-4c1a-ad13-4c2af28235e3","dc_title":"technische voorvraag fractie GL mbt WOZL gecomb cie d.d. 12042022.","dc_type":"bijlage","foi_fileName":"technische%20voorvraag%20fractie%20GL%20mbt%20WOZL%20gecomb%20cie%20d.d.%2012042022.pdf"},{"dc_format":"application/pdf","dc_identifier":"nl.gm1954.2c.2022.2833159-1.doc.3","dc_source":"https://api1.ibabs.eu/publicdownload.aspx?site=Beekdaelen&id=dfaadfc9-cb8b-4db6-95e4-12e58b4ec39b","dc_title":"Technische voorvragen Beekdaelen Lokaal","dc_type":"bijlage","foi_fileName":"Technische%20voorvragen%20Beekdaelen%20Lokaal.pdf"},{"dc_format":"application/pdf","dc_identifier":"nl.gm1954.2c.2022.2833159-1.doc.2","dc_source":"https://api1.ibabs.eu/publicdownload.aspx?site=Beekdaelen&id=17e17a49-5195-45c5-a19e-a3973cad5b59","dc_title":"VOORVRAGEN VERNIEUWINGSGROEP 12april","dc_type":"bijlage","foi_fileName":"VOORVRAGEN%20VERNIEUWINGSGROEP%2012april.pdf"}],"foi_nrDocuments":3,"foi_nrPagesInDossier":0,"foi_publishedDate":"2022-04-12","foi_retrievedDate":"2025-11-30"},{"dc_creator":"HandelingScraper_v1","dc_date_year":2022,"dc_description":"Vergadering van de Gemeente Beekdaelen op 2022-04-12. Onderdeel: Opening, mededelingen voorzitter en vaststellen agenda    VERGADERING VERVALLEN.","dc_identifier":"nl.gm1954.2c.2022.2833159-2","dc_publisher":"gm1954","dc_source":"https://beekdaelen.bestuurlijkeinformatie.nl/Agenda/Index/427335eb-e438-4104-8486-5b0f7fe45837","dc_title":"Gecombineerde commissie (t/m april 2022) 2022-04-12 - Opening, mededelingen voorzitter en vaststellen agenda    VERGADERING VERVALLEN","dc_type":"2c","dc_type_description":"Vergaderstuk decentrale overheid","foi_fairiscoreVersions":{"v1":1,"v2":1},"foi_files":[{"dc_format":"application/pdf","dc_identifier":"nl.gm1954.2c.2022.2833159-2.doc.1","dc_source":"https://api1.ibabs.eu/publicdownload.aspx?site=Beekdaelen&id=f140378c-2cd2-4b71-8a37-d470bd371adf","dc_title":"2022 04 12 Uitnodiging en voorlopige agenda gecomb. cie","dc_type":"bijlage","foi_fairiscoreVersions":{"v1":1,"v2":1},"foi_fileName":"2022%2004%2012%20Uitnodiging%20en%20voorlopige%20agenda%20gecomb.%20cie.pdf","foi_nrPages":1}],"foi_nrDocuments":1,"foi_nrPagesInDossier":1,"foi_publishedDate":"2022-04-12","foi_retrievedDate":"2026-03-09"},{"dc_creator":"HandelingScraper_v1","dc_date_year":2022,"dc_description":"Vergadering van de Gemeente Beekdaelen op 2022-04-12. Onderdeel: Vaststellen actiepuntenlijst van de gecombineerde raadscommissie d.d. 22 februari 2022  DOORGESCHOVEN NAAR CIE. 01.06.2022 EN 02.06.2022.","dc_identifier":"nl.gm1954.2c.2022.2833159-3","dc_publisher":"gm1954","dc_source":"https://beekdaelen.bestuurlijkeinformatie.nl/Agenda/Index/427335eb-e438-4104-8486-5b0f7fe45837","dc_title":"Gecombineerde commissie (t/m april 2022) 2022-04-12 - Vaststellen actiepuntenlijst van de gecombineerde raadscommissie d.d. 22 februari 2022  DOORGESCHOVEN NAAR CIE. 01.06.2022 EN 02.06.2022","dc_type":"2c","dc_type_description":"Vergaderstuk decentrale overheid","foi_fairiscoreVersions":{"v1":1,"v2":1},"foi_files":[{"dc_format":"application/pdf","dc_identifier":"nl.gm1954.2c.2022.2833159-3.doc.1","dc_source":"https://api1.ibabs.eu/publicdownload.aspx?site=Beekdaelen&id=0aa2e240-f334-4c63-8710-75f045f36cd2","dc_title":"2022 02 22 Actiepuntenlijst gecombineerde cie. - concept","dc_type":"bijlage","foi_fairiscoreVersions":{"v1":1,"v2":1},"foi_fileName":"2022%2002%2022%20Actiepuntenlijst%20gecombineerde%20cie.%20-%20concept.pdf","foi_nrPages":4}],"foi_nrDocuments":1,"foi_nrPagesInDossier":4,"foi_publishedDate":"2022-04-12","foi_retrievedDate":"2026-03-02"},{"dc_creator":"HandelingScraper_v1","dc_date_year":2022,"dc_description":"Vergadering van de Gemeente Beekdaelen op 2022-04-12. Onderdeel: Eerste begrotingswijziging 2022 en begroting 2023 met meerjarenraming GR WOZL   DOORGESCHOVEN NAAR RAADSVERGADERING 26.04.2022.","dc_identifier":"nl.gm1954.2c.2022.2833159-4","dc_publisher":"gm1954","dc_source":"https://beekdaelen.bestuurlijkeinformatie.nl/Agenda/Index/427335eb-e438-4104-8486-5b0f7fe45837","dc_title":"Gecombineerde commissie (t/m april 2022) 2022-04-12 - Eerste begrotingswijziging 2022 en begroting 2023 met meerjarenraming GR WOZL   DOORGESCHOVEN NAAR RAADSVERGADERING 26.04.2022","dc_type":"2c","dc_type_description":"Vergaderstuk decentrale overheid","foi_fairiscoreVersions":{"v1":2,"v2":1},"foi_files":[{"dc_format":"application/pdf","dc_identifier":"nl.gm1954.2c.2022.2833159-4.doc.8","dc_source":"https://api1.ibabs.eu/publicdownload.aspx?site=Beekdaelen&id=bbc946ca-e711-4f00-81cd-1646f6764595","dc_title":"MvA GL B1 RV Eerste begrotingswijziging 2022 en begroting 2023 GR WOZL","dc_type":"bijlage","foi_fairiscoreVersions":{"v1":1,"v2":1},"foi_fileName":"MvA%20GL%20B1%20RV%20Eerste%20begrotingswijziging%202022%20en%20begroting%202023%20GR%20WOZL.pdf","foi_nrPages":1},{"dc_format":"application/pdf","dc_identifier":"nl.gm1954.2c.2022.2833159-4.doc.2","dc_source":"https://api1.ibabs.eu/publicdownload.aspx?site=Beekdaelen&id=50f10f6b-d555-478d-8fc5-43bd28947fe6","dc_title":"Bijlage 1: Eerste begrotingswijziging 2022 GR WOZL","dc_type":"bijlage","foi_fairiscoreVersions":{"v1":2,"v2":1},"foi_fileName":"Z%2F21%2F168232%20-%20293373.pdf","foi_nrPages":22},{"dc_format":"application/pdf","dc_identifier":"nl.gm1954.2c.2022.2833159-4.doc.3","dc_source":"https://api1.ibabs.eu/publicdownload.aspx?site=Beekdaelen&id=a829da5d-a7d7-49f1-821f-076d2ffb7004","dc_title":"Bijlage 2: Factsheet eerste begrotingswijziging 2022 GR WOZL","dc_type":"bijlage","foi_fairiscoreVersions":{"v1":1,"v2":1},"foi_fileName":"Z%2F21%2F168232%20-%20293374.pdf","foi_nrPages":3},{"dc_format":"application/pdf","dc_identifier":"nl.gm1954.2c.2022.2833159-4.doc.1","dc_source":"https://api1.ibabs.eu/publicdownload.aspx?site=Beekdaelen&id=90e72181-c456-4dac-8061-47da4cd42817","dc_title":"Raadsvoorstel eerste begrotingswijziging 2022 en begroting 2023 GR WOZL","dc_type":"bijlage","foi_fairiscoreVersions":{"v1":1,"v2":1},"foi_fileName":"Z%2F21%2F168232%20-%20293382%20-%20Raadsvoorstel%20Eerste%20begrotingswijziging%202022%20en%20begroting%202023%20GR%20WOZL.pdf","foi_nrPages":6},{"dc_format":"application/pdf","dc_identifier":"nl.gm1954.2c.2022.2833159-4.doc.6","dc_source":"https://api1.ibabs.eu/publicdownload.aspx?site=Beekdaelen&id=9568078e-ddf9-4694-8a15-a6d612d34055","dc_title":"Raadsbesluit eerste begrotingswijziging 2022 en begroting 2023 GR WOZL, vastgesteld 26042022","dc_type":"bijlage","foi_fairiscoreVersions":{"v1":1,"v2":1},"foi_fileName":"Z%2F21%2F168232%20-%20293455%20-%20Raadsbesluit%2026%20april%202022.pdf","foi_nrPages":1},{"dc_format":"application/pdf","dc_identifier":"nl.gm1954.2c.2022.2833159-4.doc.7","dc_source":"https://api1.ibabs.eu/publicdownload.aspx?site=Beekdaelen&id=db93d422-fe25-481e-9fad-28f53fc12a64","dc_title":"Bijlage 6: Uitgaande brief aan WOZL inzake raadsbesluit d.d. 26 april 2022","dc_type":"bijlage","foi_fairiscoreVersions":{"v1":1,"v2":1},"foi_fileName":"Z%2F21%2F168232%20-%20293458%20-%20Uitgaande%20brief%20aan%20WOZL%20inzake%20raadsbesluit%2026%20april%202022.pdf","foi_nrPages":1},{"dc_format":"application/pdf","dc_identifier":"nl.gm1954.2c.2022.2833159-4.doc.4","dc_source":"https://api1.ibabs.eu/publicdownload.aspx?site=Beekdaelen&id=7fb1144d-f929-4637-839f-a452734aebb6","dc_title":"Bijlage 3: Begroting 2023 GR WOZL met meerjarenraming 2024-2026","dc_type":"bijlage","foi_fairiscoreVersions":{"v1":2,"v2":1},"foi_fileName":"Z%2F21%2F168232%20-%20296413%20-%20Begroting%202023%20GR%20WOZL%20met%20meerjarenraming%202024-2026.pdf","foi_nrPages":36},{"dc_format":"application/pdf","dc_identifier":"nl.gm1954.2c.2022.2833159-4.doc.5","dc_source":"https://api1.ibabs.eu/publicdownload.aspx?site=Beekdaelen&id=9e879e89-3ced-440b-bef3-72139b0f626e","dc_title":"Bijlage 4: Factsheet begroting 2023 GR WOZL met meerjarenraming 2024-2026","dc_type":"bijlage","foi_fairiscoreVersions":{"v1":1,"v2":1},"foi_fileName":"Z%2F21%2F168232%20-%20296417.pdf","foi_nrPages":3}],"foi_nrDocuments":8,"foi_nrPagesInDossier":73,"foi_publishedDate":"2022-04-12","foi_retrievedDate":"2026-03-07"},{"dc_creator":"HandelingScraper_v1","dc_date_year":2022,"dc_description":"Vergadering van de Gemeente Beekdaelen op 2022-04-12. Onderdeel: Eerste begrotingswijziging 2022 en begroting 2023 met meerjarenraming GR WSP Parkstad   DOORGESCHOVEN NAAR RAADSVERGADERING 26.04.2022.","dc_identifier":"nl.gm1954.2c.2022.2833159-5","dc_publisher":"gm1954","dc_source":"https://beekdaelen.bestuurlijkeinformatie.nl/Agenda/Index/427335eb-e438-4104-8486-5b0f7fe45837","dc_title":"Gecombineerde commissie (t/m april 2022) 2022-04-12 - Eerste begrotingswijziging 2022 en begroting 2023 met meerjarenraming GR WSP Parkstad   DOORGESCHOVEN NAAR RAADSVERGADERING 26.04.2022","dc_type":"2c","dc_type_description":"Vergaderstuk decentrale overheid","foi_fairiscoreVersions":{"v1":2,"v2":1},"foi_files":[{"dc_format":"application/pdf","dc_identifier":"nl.gm1954.2c.2022.2833159-5.doc.2","dc_source":"https://api1.ibabs.eu/publicdownload.aspx?site=Beekdaelen&id=003519bc-ac63-481f-a321-a34de8c922b1","dc_title":"Bijlage 1: Eerste begrotingswijziging 2022 GR WSP Parkstad","dc_type":"bijlage","foi_fairiscoreVersions":{"v1":2,"v2":1},"foi_fileName":"Z%2F21%2F168236%20-%20293378.pdf","foi_nrPages":24},{"dc_format":"application/pdf","dc_identifier":"nl.gm1954.2c.2022.2833159-5.doc.3","dc_source":"https://api1.ibabs.eu/publicdownload.aspx?site=Beekdaelen&id=cd89acaf-7c4c-4192-8a4c-ec216d6f5462","dc_title":"Bijlage 2: Factsheet eerste begrotingswijziging 2022 GR WSP Parkstad","dc_type":"bijlage","foi_fairiscoreVersions":{"v1":1,"v2":1},"foi_fileName":"Z%2F21%2F168236%20-%20293379.pdf","foi_nrPages":3},{"dc_format":"application/pdf","dc_identifier":"nl.gm1954.2c.2022.2833159-5.doc.7","dc_source":"https://api1.ibabs.eu/publicdownload.aspx?site=Beekdaelen&id=c2a339cd-2efb-4ca8-8983-df1b112c26d6","dc_title":"Bijlage 6: Uitgaande brief aan WSP Parkstad inzake raadsbesluit d.d. 26 april 2022","dc_type":"bijlage","foi_fairiscoreVersions":{"v1":1,"v2":1},"foi_fileName":"Z%2F21%2F168236%20-%20293460%20-%20Uitgaande%20brief%20aan%20WSP%20Parkstad%20inzake%20raadsbesluit%2026%20april%202022.pdf","foi_nrPages":1},{"dc_format":"application/pdf","dc_identifier":"nl.gm1954.2c.2022.2833159-5.doc.1","dc_source":"https://api1.ibabs.eu/publicdownload.aspx?site=Beekdaelen&id=cd6e5110-1388-4534-97f9-8b03d523c67c","dc_title":"Raadsvoorstel eerste begrotingswijziging 2022 en begroting 2023 GR WSP Parkstad","dc_type":"bijlage","foi_fairiscoreVersions":{"v1":1,"v2":1},"foi_fileName":"Z%2F21%2F168236%20-%20293462%20-%20Raadsvoorstel%20Eerste%20begrotingswijziging%202022%20en%20begroting%202023%20GR%20WSP%20Parkstad.pdf","foi_nrPages":5},{"dc_format":"application/pdf","dc_identifier":"nl.gm1954.2c.2022.2833159-5.doc.6","dc_source":"https://api1.ibabs.eu/publicdownload.aspx?site=Beekdaelen&id=47147758-014c-4986-ae76-44a551f1a78d","dc_title":"Raadsbesluit eerste begrotingswijziging 2022 en begroting 2023 GR WSP Parkstad, vastgesteld 26042022","dc_type":"bijlage","foi_fairiscoreVersions":{"v1":1,"v2":1},"foi_fileName":"Z%2F21%2F168236%20-%20293464%20-%20Raadsbesluit%2026%20april%202022.pdf","foi_nrPages":1},{"dc_format":"application/pdf","dc_identifier":"nl.gm1954.2c.2022.2833159-5.doc.4","dc_source":"https://api1.ibabs.eu/publicdownload.aspx?site=Beekdaelen&id=560720cb-9b09-4e29-9503-09678d6434d6","dc_title":"Bijlage 3: Begroting 2023 GR WSP Parkstad met meerjarenraming 2024-2026","dc_type":"bijlage","foi_fairiscoreVersions":{"v1":2,"v2":1},"foi_fileName":"Z%2F21%2F168236%20-%20296418%20-%20Begroting%202023%20GR%20WSP%20Parkstad%20met%20meerjarenraming%202024-2026.pdf","foi_nrPages":30},{"dc_format":"application/pdf","dc_identifier":"nl.gm1954.2c.2022.2833159-5.doc.5","dc_source":"https://api1.ibabs.eu/publicdownload.aspx?site=Beekdaelen&id=d6d125c7-8d3e-4bd6-80b4-73159ca0e117","dc_title":"Bijlage 4: Factsheet begroting 2023 GR WSP Parkstad met meerjarenraming 2024-2026","dc_type":"bijlage","foi_fairiscoreVersions":{"v1":1,"v2":1},"foi_fileName":"Z%2F21%2F168236%20-%20296421%20-%20Factsheet%20begroting%202023%20GR%20WSP%20Parkstad%20met%20meerjarenraming%202024-2026.pdf","foi_nrPages":4}],"foi_nrDocuments":7,"foi_nrPagesInDossier":68,"foi_publishedDate":"2022-04-12","foi_retrievedDate":"2026-03-06"},{"dc_creator":"HandelingScraper_v1","dc_date_year":2022,"dc_description":"Vergadering van de Gemeente Beekdaelen op 2022-04-26. Onderdeel: Opening.","dc_identifier":"nl.gm1954.2c.2022.2833185-1","dc_publisher":"gm1954","dc_source":"https://beekdaelen.bestuurlijkeinformatie.nl/Agenda/Index/80dbac60-4002-4331-85c7-4826afa6289e","dc_title":"Raadsvergadering 2022-04-26 - Opening","dc_type":"2c","dc_type_description":"Vergaderstuk decentrale overheid","foi_fairiscoreVersions":{"v1":1,"v2":1},"foi_files":[{"dc_format":"application/pdf","dc_identifier":"nl.gm1954.2c.2022.2833185-1.doc.1","dc_source":"https://api1.ibabs.eu/publicdownload.aspx?site=Beekdaelen&id=3f8c96df-0626-4a32-ad55-3f418ae9408e","dc_title":"Uitnodiging en voorlopige agenda raadsvergadering 26 april 2022","dc_type":"bijlage","foi_fairiscoreVersions":{"v1":1,"v2":1},"foi_fileName":"Uitnodiging%20en%20voorlopige%20agenda%20raadsvergadering%2026%20april%202022.pdf","foi_nrPages":2}],"foi_nrDocuments":1,"foi_nrPagesInDossier":2,"foi_publishedDate":"2022-04-26","foi_retrievedDate":"2026-03-03"},{"dc_creator":"HandelingScraper_v1","dc_date_year":2022,"dc_description":"Vergadering van de Gemeente Beekdaelen op 2022-04-26. Onderdeel: Vaststelling van de agenda.","dc_identifier":"nl.gm1954.2c.2022.2833185-2","dc_publisher":"gm1954","dc_source":"https://beekdaelen.bestuurlijkeinformatie.nl/Agenda/Index/80dbac60-4002-4331-85c7-4826afa6289e","dc_title":"Raadsvergadering 2022-04-26 - Vaststelling van de agenda","dc_type":"2c","dc_type_description":"Vergaderstuk decentrale overheid","foi_fairiscoreVersions":{"v1":1,"v2":1},"foi_files":[{"dc_format":"application/pdf","dc_identifier":"nl.gm1954.2c.2022.2833185-2.doc.1","dc_source":"https://api1.ibabs.eu/publicdownload.aspx?site=Beekdaelen&id=5db00282-4353-46e2-895a-7b6c434662fa","dc_title":"Vastgestelde agenda raadsvergadering 26 april 2022","dc_type":"bijlage","foi_fairiscoreVersions":{"v1":1,"v2":1},"foi_fileName":"Vastgestelde%20agenda%20raadsvergadering%2026%20april%202022.pdf","foi_nrPages":1}],"foi_nrDocuments":1,"foi_nrPagesInDossier":1,"foi_publishedDate":"2022-04-26","foi_retrievedDate":"2026-03-10"},{"dc_creator":"HandelingScraper_v1","dc_date_year":2022,"dc_description":"Vergadering van de Gemeente Beekdaelen op 2022-04-26. Onderdeel: Vaststellen besluitenlijsten openbare raadsvergaderingen d.d. 29 en 30 maart 2022.","dc_identifier":"nl.gm1954.2c.2022.2833185-3","dc_publisher":"gm1954","dc_source":"https://beekdaelen.bestuurlijkeinformatie.nl/Agenda/Index/80dbac60-4002-4331-85c7-4826afa6289e","dc_title":"Raadsvergadering 2022-04-26 - Vaststellen besluitenlijsten openbare raadsvergaderingen d.d. 29 en 30 maart 2022","dc_type":"2c","dc_type_description":"Vergaderstuk decentrale overheid","foi_fairiscoreVersions":{"v1":1,"v2":1},"foi_files":[{"dc_format":"application/pdf","dc_identifier":"nl.gm1954.2c.2022.2833185-3.doc.1","dc_source":"https://api1.ibabs.eu/publicdownload.aspx?site=Beekdaelen&id=208dbf68-e412-4cad-a9cc-c4f9504b1641","dc_title":"Besluitenlijst raadsvergadering 29 maart 2022, vastgesteld 26042022","dc_type":"bijlage","foi_fairiscoreVersions":{"v1":1,"v2":1},"foi_fileName":"Besluitenlijst%20raadsvergadering%2029%20maart%202022.pdf","foi_nrPages":3},{"dc_format":"application/pdf","dc_identifier":"nl.gm1954.2c.2022.2833185-3.doc.2","dc_source":"https://api1.ibabs.eu/publicdownload.aspx?site=Beekdaelen&id=260f5cd8-1119-4073-b850-6112ef07c6fb","dc_title":"Besluitenlijst raadsvergadering 30 maart 2022, vastgesteld 26042022","dc_type":"bijlage","foi_fairiscoreVersions":{"v1":1,"v2":1},"foi_fileName":"Besluitenlijst%20raadsvergadering%2030%20maart%202022.pdf","foi_nrPages":3}],"foi_nrDocuments":2,"foi_nrPagesInDossier":6,"foi_publishedDate":"2022-04-26","foi_retrievedDate":"2026-03-03"},{"dc_creator":"HandelingScraper_v1","dc_date_year":2022,"dc_description":"Vergadering van de Gemeente Beekdaelen op 2022-04-26. Onderdeel: Voorstel inzake vaststellen reglement van orde voor de raad en verordening op de raadscommissies gemeente Beekdaelen 2022.","dc_identifier":"nl.gm1954.2c.2022.2833185-4","dc_publisher":"gm1954","dc_source":"https://beekdaelen.bestuurlijkeinformatie.nl/Agenda/Index/80dbac60-4002-4331-85c7-4826afa6289e","dc_title":"Raadsvergadering 2022-04-26 - Voorstel inzake vaststellen reglement van orde voor de raad en verordening op de raadscommissies gemeente Beekdaelen 2022","dc_type":"2c","dc_type_description":"Vergaderstuk decentrale overheid","foi_fairiscoreVersions":{"v1":1,"v2":1},"foi_files":[{"dc_format":"application/pdf","dc_identifier":"nl.gm1954.2c.2022.2833185-4.doc.4","dc_source":"https://api1.ibabs.eu/publicdownload.aspx?site=Beekdaelen&id=05b5e551-adc3-435f-8b46-a35472d79906","dc_title":"Concept vergaderstructuur Beekdaelen 2022 - bijlage bij RvO versie 5 april","dc_type":"bijlage","foi_fairiscoreVersions":{"v1":1,"v2":1},"foi_fileName":"Concept%20vergaderstructuur%20Beekdaelen%202022%20-%20bijlage%20bij%20RvO%205%20apr...pdf","foi_nrPages":2},{"dc_format":"application/pdf","dc_identifier":"nl.gm1954.2c.2022.2833185-4.doc.2","dc_source":"https://api1.ibabs.eu/publicdownload.aspx?site=Beekdaelen&id=8ab6b6bf-255f-4927-bc64-64d721f5bfed","dc_title":"RBS inzake RvO en Verordening raadscommissies DEFINITIEF, vastgesteld 26042022","dc_type":"bijlage","foi_fairiscoreVersions":{"v1":1,"v2":1},"foi_fileName":"RBS%20inzake%20RvO%20en%20Verordening%20raadscommissies%20DEFINITIEF.pdf","foi_nrPages":1},{"dc_format":"application/pdf","dc_identifier":"nl.gm1954.2c.2022.2833185-4.doc.3","dc_source":"https://api1.ibabs.eu/publicdownload.aspx?site=Beekdaelen&id=ead65de2-7e8a-4aab-adc0-897f591520db","dc_title":"Reglement van Orde gemeenteraad Beekdaelen 2022 incl. toelichting versie 26 april VASTGESTELD","dc_type":"bijlage","foi_fairiscoreVersions":{"v1":1,"v2":1},"foi_fileName":"Reglement%20van%20Orde%20gemeenteraad%20Beekdaelen%202022%20incl.%20toelichting%20versie%2026%20april%20VASTGESTELD.pdf","foi_nrPages":22},{"dc_format":"application/pdf","dc_identifier":"nl.gm1954.2c.2022.2833185-4.doc.1","dc_source":"https://api1.ibabs.eu/publicdownload.aspx?site=Beekdaelen&id=942ac6e9-18d6-41bd-9302-2e2aadcb01d4","dc_title":"RVS  inzake RvO raad en Verordening raadcommissies","dc_type":"bijlage","foi_fairiscoreVersions":{"v1":1,"v2":1},"foi_fileName":"RVS%20%20inzake%20RvO%20raad%20en%20Verordening%20raadcommissies.pdf","foi_nrPages":3},{"dc_format":"application/pdf","dc_identifier":"nl.gm1954.2c.2022.2833185-4.doc.5","dc_source":"https://api1.ibabs.eu/publicdownload.aspx?site=Beekdaelen&id=63d21d8d-9ed3-4219-bc85-0b646c3762d4","dc_title":"Verordening raadscommissies en beeldvormende bijeenkomsten Beekdaelen 2022 - versie 5 april VASTGESTELD","dc_type":"bijlage","foi_fairiscoreVersions":{"v1":1,"v2":1},"foi_fileName":"Verordening%20raadscommissies%20en%20beeldvormende%20bijeenkomsten%20Beekdaelen%202022%20-%20versie%205%20april.pdf","foi_nrPages":19},{"dc_format":"application/pdf","dc_identifier":"nl.gm1954.2c.2022.2833185-4.doc.6","dc_source":"https://api1.ibabs.eu/publicdownload.aspx?site=Beekdaelen&id=852d3792-47f2-4fd7-8ad0-3065eea560e0","dc_title":"was-wordt-tabel rvo Beekdaelen 2022 - versie griffie 5 april 2022","dc_type":"bijlage","foi_fairiscoreVersions":{"v1":1,"v2":1},"foi_fileName":"was-wordt-tabel%20rvo%20Beekdaelen%202022%20-%20versie%20griffie%205%20april%202022.pdf","foi_nrPages":11},{"dc_format":"application/pdf","dc_identifier":"nl.gm1954.2c.2022.2833185-4.doc.7","dc_source":"https://api1.ibabs.eu/publicdownload.aspx?site=Beekdaelen&id=0b3081c0-ae46-4fc0-9ed4-9fe8988518c7","dc_title":"was-wordt-tabel verordening Rcie en beeldv. bijeenkomsten Beekdaelen 2022 - versie griffie 5 april 2022","dc_type":"bijlage","foi_fairiscoreVersions":{"v1":1,"v2":1},"foi_fileName":"was-wordt-tabel%20verordening%20Rcie%20en%20beeldv.%20bijeenkomsten%20Beekdaelen%202022%20-%20versie%20griffie%205%20april%202022.pdf","foi_nrPages":9}],"foi_nrDocuments":7,"foi_nrPagesInDossier":67,"foi_publishedDate":"2022-04-26","foi_retrievedDate":"2026-03-04"},{"dc_creator":"HandelingScraper_v1","dc_date_year":2022,"dc_description":"Vergadering van de Gemeente Beekdaelen op 2022-04-26. Onderdeel: Voorstel inzake benoeming commissieleden (burgerleden en raadsleden).","dc_identifier":"nl.gm1954.2c.2022.2833185-5","dc_publisher":"gm1954","dc_source":"https://beekdaelen.bestuurlijkeinformatie.nl/Agenda/Index/80dbac60-4002-4331-85c7-4826afa6289e","dc_title":"Raadsvergadering 2022-04-26 - Voorstel inzake benoeming commissieleden (burgerleden en raadsleden)","dc_type":"2c","dc_type_description":"Vergaderstuk decentrale overheid","foi_fairiscoreVersions":{"v1":2,"v2":1},"foi_files":[{"dc_format":"application/pdf","dc_identifier":"nl.gm1954.2c.2022.2833185-5.doc.2","dc_source":"https://api1.ibabs.eu/publicdownload.aspx?site=Beekdaelen&id=f79ef96f-de1c-4876-855d-94e23458cbed","dc_title":"RBS inzake bemensing commissies,  vastgesteld 26042022","dc_type":"bijlage","foi_fairiscoreVersions":{"v1":2,"v2":1},"foi_fileName":"RBS%20inzake%20bemensing%20commissies.pdf","foi_nrPages":3},{"dc_format":"application/pdf","dc_identifier":"nl.gm1954.2c.2022.2833185-5.doc.1","dc_source":"https://api1.ibabs.eu/publicdownload.aspx?site=Beekdaelen&id=55009fe6-32db-4100-9f1f-803a3e68887c","dc_title":"RVS inzake bemensing commissies versie 25 april 2022","dc_type":"bijlage","foi_fairiscoreVersions":{"v1":1,"v2":1},"foi_fileName":"RVS%20inzake%20bemensing%20commissies.pdf","foi_nrPages":3}],"foi_nrDocuments":2,"foi_nrPagesInDossier":6,"foi_publishedDate":"2022-04-26","foi_retrievedDate":"2026-02-12"},{"dc_creator":"HandelingScraper_v1","dc_date_year":2022,"dc_description":"Vergadering van de Gemeente Beekdaelen op 2022-04-26. Onderdeel: Eerste begrotingswijziging 2022 en begroting 2023 met meerjarenraming GR WOZL.","dc_identifier":"nl.gm1954.2c.2022.2833185-6","dc_publisher":"gm1954","dc_source":"https://beekdaelen.bestuurlijkeinformatie.nl/Agenda/Index/80dbac60-4002-4331-85c7-4826afa6289e","dc_title":"Raadsvergadering 2022-04-26 - Eerste begrotingswijziging 2022 en begroting 2023 met meerjarenraming GR WOZL","dc_type":"2c","dc_type_description":"Vergaderstuk decentrale overheid","foi_fairiscoreVersions":{"v1":2,"v2":1},"foi_files":[{"dc_format":"application/pdf","dc_identifier":"nl.gm1954.2c.2022.2833185-6.doc.9","dc_source":"https://api1.ibabs.eu/publicdownload.aspx?site=Beekdaelen&id=f3cffd94-5758-45be-8e00-424c523fc441","dc_title":"MvA Beekdaelen Lokaal 5.3 RV Eerste begrotingswijziging 2022 en begroting 2023 GR WOZL","dc_type":"bijlage","foi_fairiscoreVersions":{"v1":1,"v2":1},"foi_fileName":"MvA%20Beekdaelen%20Lokaal%205.3%20RV%20Eerste%20begrotingswijziging%202022%20en%20begroting%202023%20GR%20WOZL%20%28002%29.pdf","foi_nrPages":3},{"dc_format":"application/pdf","dc_identifier":"nl.gm1954.2c.2022.2833185-6.doc.8","dc_source":"https://api1.ibabs.eu/publicdownload.aspx?site=Beekdaelen&id=bbc946ca-e711-4f00-81cd-1646f6764595","dc_title":"MvA GL B1 RV Eerste begrotingswijziging 2022 en begroting 2023 GR WOZL","dc_type":"bijlage","foi_fairiscoreVersions":{"v1":1,"v2":1},"foi_fileName":"MvA%20GL%20B1%20RV%20Eerste%20begrotingswijziging%202022%20en%20begroting%202023%20GR%20WOZL.pdf","foi_nrPages":1},{"dc_format":"application/pdf","dc_identifier":"nl.gm1954.2c.2022.2833185-6.doc.3","dc_source":"https://api1.ibabs.eu/publicdownload.aspx?site=Beekdaelen&id=50f10f6b-d555-478d-8fc5-43bd28947fe6","dc_title":"Bijlage 1: Eerste begrotingswijziging 2022 GR WOZL","dc_type":"bijlage","foi_fairiscoreVersions":{"v1":2,"v2":1},"foi_fileName":"Z%2F21%2F168232%20-%20293373.pdf","foi_nrPages":22},{"dc_format":"application/pdf","dc_identifier":"nl.gm1954.2c.2022.2833185-6.doc.4","dc_source":"https://api1.ibabs.eu/publicdownload.aspx?site=Beekdaelen&id=a829da5d-a7d7-49f1-821f-076d2ffb7004","dc_title":"Bijlage 2: Factsheet eerste begrotingswijziging 2022 GR WOZL","dc_type":"bijlage","foi_fairiscoreVersions":{"v1":1,"v2":1},"foi_fileName":"Z%2F21%2F168232%20-%20293374.pdf","foi_nrPages":3},{"dc_format":"application/pdf","dc_identifier":"nl.gm1954.2c.2022.2833185-6.doc.1","dc_source":"https://api1.ibabs.eu/publicdownload.aspx?site=Beekdaelen&id=90e72181-c456-4dac-8061-47da4cd42817","dc_title":"Raadsvoorstel eerste begrotingswijziging 2022 en begroting 2023 GR WOZL","dc_type":"bijlage","foi_fairiscoreVersions":{"v1":1,"v2":1},"foi_fileName":"Z%2F21%2F168232%20-%20293382%20-%20Raadsvoorstel%20Eerste%20begrotingswijziging%202022%20en%20begroting%202023%20GR%20WOZL.pdf","foi_nrPages":6},{"dc_format":"application/pdf","dc_identifier":"nl.gm1954.2c.2022.2833185-6.doc.2","dc_source":"https://api1.ibabs.eu/publicdownload.aspx?site=Beekdaelen&id=9568078e-ddf9-4694-8a15-a6d612d34055","dc_title":"Raadsbesluit eerste begrotingswijziging 2022 en begroting 2023 GR WOZL, vastgesteld 26042022","dc_type":"bijlage","foi_fairiscoreVersions":{"v1":1,"v2":1},"foi_fileName":"Z%2F21%2F168232%20-%20293455%20-%20Raadsbesluit%2026%20april%202022.pdf","foi_nrPages":1},{"dc_format":"application/pdf","dc_identifier":"nl.gm1954.2c.2022.2833185-6.doc.7","dc_source":"https://api1.ibabs.eu/publicdownload.aspx?site=Beekdaelen&id=db93d422-fe25-481e-9fad-28f53fc12a64","dc_title":"Bijlage 6: Uitgaande brief aan WOZL inzake raadsbesluit d.d. 26 april 2022","dc_type":"bijlage","foi_fairiscoreVersions":{"v1":1,"v2":1},"foi_fileName":"Z%2F21%2F168232%20-%20293458%20-%20Uitgaande%20brief%20aan%20WOZL%20inzake%20raadsbesluit%2026%20april%202022.pdf","foi_nrPages":1},{"dc_format":"application/pdf","dc_identifier":"nl.gm1954.2c.2022.2833185-6.doc.5","dc_source":"https://api1.ibabs.eu/publicdownload.aspx?site=Beekdaelen&id=7fb1144d-f929-4637-839f-a452734aebb6","dc_title":"Bijlage 3: Begroting 2023 GR WOZL met meerjarenraming 2024-2026","dc_type":"bijlage","foi_fairiscoreVersions":{"v1":2,"v2":1},"foi_fileName":"Z%2F21%2F168232%20-%20296413%20-%20Begroting%202023%20GR%20WOZL%20met%20meerjarenraming%202024-2026.pdf","foi_nrPages":36},{"dc_format":"application/pdf","dc_identifier":"nl.gm1954.2c.2022.2833185-6.doc.6","dc_source":"https://api1.ibabs.eu/publicdownload.aspx?site=Beekdaelen&id=9e879e89-3ced-440b-bef3-72139b0f626e","dc_title":"Bijlage 4: Factsheet begroting 2023 GR WOZL met meerjarenraming 2024-2026","dc_type":"bijlage","foi_fairiscoreVersions":{"v1":1,"v2":1},"foi_fileName":"Z%2F21%2F168232%20-%20296417.pdf","foi_nrPages":3}],"foi_nrDocuments":9,"foi_nrPagesInDossier":76,"foi_publishedDate":"2022-04-26","foi_retrievedDate":"2026-01-22"},{"dc_creator":"HandelingScraper_v1","dc_date_year":2022,"dc_description":"Vergadering van de Gemeente Beekdaelen op 2022-04-26. Onderdeel: Eerste begrotingswijziging 2022 en begroting 2023 met meerjarenraming GR WSP Parkstad.","dc_identifier":"nl.gm1954.2c.2022.2833185-7","dc_publisher":"gm1954","dc_source":"https://beekdaelen.bestuurlijkeinformatie.nl/Agenda/Index/80dbac60-4002-4331-85c7-4826afa6289e","dc_title":"Raadsvergadering 2022-04-26 - Eerste begrotingswijziging 2022 en begroting 2023 met meerjarenraming GR WSP Parkstad","dc_type":"2c","dc_type_description":"Vergaderstuk decentrale overheid","foi_fairiscoreVersions":{"v1":2,"v2":1},"foi_files":[{"dc_format":"application/pdf","dc_identifier":"nl.gm1954.2c.2022.2833185-7.doc.8","dc_source":"https://api1.ibabs.eu/publicdownload.aspx?site=Beekdaelen&id=004c1542-e308-4b13-b2ab-9e1918f28d89","dc_title":"MvA Beekdaelen Lokaal 5.4 RV Eerste begrotingswijziging 2022 en begroting 2023 GR WSP Parkstad","dc_type":"bijlage","foi_fairiscoreVersions":{"v1":1,"v2":1},"foi_fileName":"MvA%20Beekdaelen%20Lokaal%205.4%20RV%20Eerste%20begrotingswijziging%202022%20en%20begroting%202023%20GR%20WSP%20Parkstad.pdf","foi_nrPages":1},{"dc_format":"application/pdf","dc_identifier":"nl.gm1954.2c.2022.2833185-7.doc.3","dc_source":"https://api1.ibabs.eu/publicdownload.aspx?site=Beekdaelen&id=003519bc-ac63-481f-a321-a34de8c922b1","dc_title":"Bijlage 1: Eerste begrotingswijziging 2022 GR WSP Parkstad","dc_type":"bijlage","foi_fairiscoreVersions":{"v1":2,"v2":1},"foi_fileName":"Z%2F21%2F168236%20-%20293378.pdf","foi_nrPages":24},{"dc_format":"application/pdf","dc_identifier":"nl.gm1954.2c.2022.2833185-7.doc.4","dc_source":"https://api1.ibabs.eu/publicdownload.aspx?site=Beekdaelen&id=cd89acaf-7c4c-4192-8a4c-ec216d6f5462","dc_title":"Bijlage 2: Factsheet eerste begrotingswijziging 2022 GR WSP Parkstad","dc_type":"bijlage","foi_fairiscoreVersions":{"v1":1,"v2":1},"foi_fileName":"Z%2F21%2F168236%20-%20293379.pdf","foi_nrPages":3},{"dc_format":"application/pdf","dc_identifier":"nl.gm1954.2c.2022.2833185-7.doc.7","dc_source":"https://api1.ibabs.eu/publicdownload.aspx?site=Beekdaelen&id=c2a339cd-2efb-4ca8-8983-df1b112c26d6","dc_title":"Bijlage 6: Uitgaande brief aan WSP Parkstad inzake raadsbesluit d.d. 26 april 2022","dc_type":"bijlage","foi_fairiscoreVersions":{"v1":1,"v2":1},"foi_fileName":"Z%2F21%2F168236%20-%20293460%20-%20Uitgaande%20brief%20aan%20WSP%20Parkstad%20inzake%20raadsbesluit%2026%20april%202022.pdf","foi_nrPages":1},{"dc_format":"application/pdf","dc_identifier":"nl.gm1954.2c.2022.2833185-7.doc.1","dc_source":"https://api1.ibabs.eu/publicdownload.aspx?site=Beekdaelen&id=cd6e5110-1388-4534-97f9-8b03d523c67c","dc_title":"Raadsvoorstel eerste begrotingswijziging 2022 en begroting 2023 GR WSP Parkstad","dc_type":"bijlage","foi_fairiscoreVersions":{"v1":1,"v2":1},"foi_fileName":"Z%2F21%2F168236%20-%20293462%20-%20Raadsvoorstel%20Eerste%20begrotingswijziging%202022%20en%20begroting%202023%20GR%20WSP%20Parkstad.pdf","foi_nrPages":5},{"dc_format":"application/pdf","dc_identifier":"nl.gm1954.2c.2022.2833185-7.doc.2","dc_source":"https://api1.ibabs.eu/publicdownload.aspx?site=Beekdaelen&id=47147758-014c-4986-ae76-44a551f1a78d","dc_title":"Raadsbesluit eerste begrotingswijziging 2022 en begroting 2023 GR WSP Parkstad, vastgesteld 26042022","dc_type":"bijlage","foi_fairiscoreVersions":{"v1":1,"v2":1},"foi_fileName":"Z%2F21%2F168236%20-%20293464%20-%20Raadsbesluit%2026%20april%202022.pdf","foi_nrPages":1},{"dc_format":"application/pdf","dc_identifier":"nl.gm1954.2c.2022.2833185-7.doc.5","dc_source":"https://api1.ibabs.eu/publicdownload.aspx?site=Beekdaelen&id=560720cb-9b09-4e29-9503-09678d6434d6","dc_title":"Bijlage 3: Begroting 2023 GR WSP Parkstad met meerjarenraming 2024-2026","dc_type":"bijlage","foi_fairiscoreVersions":{"v1":2,"v2":1},"foi_fileName":"Z%2F21%2F168236%20-%20296418%20-%20Begroting%202023%20GR%20WSP%20Parkstad%20met%20meerjarenraming%202024-2026.pdf","foi_nrPages":30},{"dc_format":"application/pdf","dc_identifier":"nl.gm1954.2c.2022.2833185-7.doc.6","dc_source":"https://api1.ibabs.eu/publicdownload.aspx?site=Beekdaelen&id=d6d125c7-8d3e-4bd6-80b4-73159ca0e117","dc_title":"Bijlage 4: Factsheet begroting 2023 GR WSP Parkstad met meerjarenraming 2024-2026","dc_type":"bijlage","foi_fairiscoreVersions":{"v1":1,"v2":1},"foi_fileName":"Z%2F21%2F168236%20-%20296421%20-%20Factsheet%20begroting%202023%20GR%20WSP%20Parkstad%20met%20meerjarenraming%202024-2026.pdf","foi_nrPages":4}],"foi_nrDocuments":8,"foi_nrPagesInDossier":69,"foi_publishedDate":"2022-04-26","foi_retrievedDate":"2026-03-03"},{"dc_creator":"HandelingScraper_v1","dc_date_year":2022,"dc_description":"Vergadering van de Gemeente Beekdaelen op 2022-04-26. Onderdeel: Vaststelling lijst ingekomen stukken.","dc_identifier":"nl.gm1954.2c.2022.2833185-8","dc_publisher":"gm1954","dc_source":"https://beekdaelen.bestuurlijkeinformatie.nl/Agenda/Index/80dbac60-4002-4331-85c7-4826afa6289e","dc_title":"Raadsvergadering 2022-04-26 - Vaststelling lijst ingekomen stukken","dc_type":"2c","dc_type_description":"Vergaderstuk decentrale overheid","foi_fairiscoreVersions":{"v1":1,"v2":1},"foi_files":[{"dc_format":"application/pdf","dc_identifier":"nl.gm1954.2c.2022.2833185-8.doc.1","dc_source":"https://api1.ibabs.eu/publicdownload.aspx?site=Beekdaelen&id=bdaea1d7-22e4-4b9c-813e-a0ebd6eb0002","dc_title":"Lijst ingekomen stukken raad 26.04.2022 versie 11-04-2022","dc_type":"bijlage","foi_fairiscoreVersions":{"v1":1,"v2":1},"foi_fileName":"Lijst%20ingekomen%20stukken%20raad%2026.04.2022%20versie%2011-04-2022.pdf","foi_nrPages":8},{"dc_format":"application/pdf","dc_identifier":"nl.gm1954.2c.2022.2833185-8.doc.2","dc_source":"https://api1.ibabs.eu/publicdownload.aspx?site=Beekdaelen&id=5f89e438-33b9-400c-b4b8-abb186f38b0e","dc_title":"Lijst ingekomen stukken raad 26.04.2022 met aangepaste nummering onder B en C, vastgesteld 26042022","dc_type":"bijlage","foi_fairiscoreVersions":{"v1":1,"v2":1},"foi_fileName":"Lijst%20ingekomen%20stukken%20raad%2026.04.2022%20versie%2022042022%20met%20aangepaste%20nummering%20onder%20B%20en%20C.pdf","foi_nrPages":8}],"foi_nrDocuments":2,"foi_nrPagesInDossier":16,"foi_publishedDate":"2022-04-26","foi_retrievedDate":"2025-11-29"},{"dc_creator":"HandelingScraper_v1","dc_date_year":2022,"dc_description":"Vergadering van de Gemeente Beekdaelen op 2022-04-26. Onderdeel: Motie vreemd aan de orde van de dag: PvdA inzake toekomststrategie MAA (VERWORPEN).","dc_identifier":"nl.gm1954.2c.2022.2833185-9","dc_publisher":"gm1954","dc_source":"https://beekdaelen.bestuurlijkeinformatie.nl/Agenda/Index/80dbac60-4002-4331-85c7-4826afa6289e","dc_title":"Raadsvergadering 2022-04-26 - Motie vreemd aan de orde van de dag: PvdA inzake toekomststrategie MAA (VERWORPEN)","dc_type":"2c","dc_type_description":"Vergaderstuk decentrale overheid","foi_fairiscoreVersions":{"v1":1,"v2":1},"foi_files":[{"dc_format":"application/pdf","dc_identifier":"nl.gm1954.2c.2022.2833185-9.doc.1","dc_source":"https://api1.ibabs.eu/publicdownload.aspx?site=Beekdaelen&id=cd2bb28f-46b4-4649-b9dc-cd3332db92ab","dc_title":"Motie PvdA inzake toekomststrategie MAA VERWORPEN","dc_type":"bijlage","foi_fairiscoreVersions":{"v1":1,"v2":1},"foi_fileName":"Motie%20PvdA%20inzake%20toekomststrategie%20MAA%20VERWORPEN.pdf","foi_nrPages":1}],"foi_nrDocuments":1,"foi_nrPagesInDossier":1,"foi_publishedDate":"2022-04-26","foi_retrievedDate":"2025-11-29"},{"dc_creator":"HandelingScraper_v1","dc_date_year":2022,"dc_description":"Vergadering van de Gemeente Beekdaelen op 2022-05-23. Onderdeel: Opening.","dc_identifier":"nl.gm1954.2c.2022.2833213-1","dc_publisher":"gm1954","dc_source":"https://beekdaelen.bestuurlijkeinformatie.nl/Agenda/Index/cd8240e1-55a0-4b42-8aeb-629e4ac33717","dc_title":"Raadsvergadering 2022-05-23 - Opening","dc_type":"2c","dc_type_description":"Vergaderstuk decentrale overheid","foi_fairiscoreVersions":{"v1":1,"v2":1},"foi_files":[{"dc_format":"application/pdf","dc_identifier":"nl.gm1954.2c.2022.2833213-1.doc.1","dc_source":"https://api1.ibabs.eu/publicdownload.aspx?site=Beekdaelen&id=ff1e5f49-31f1-4f65-b459-0ab3e61ddedd","dc_title":"Uitnodiging en voorlopige agenda raadsvergadering 23 mei 2022","dc_type":"bijlage","foi_fairiscoreVersions":{"v1":1,"v2":1},"foi_fileName":"Uitnodiging%20en%20voorlopige%20agenda%20raadsvergadering%2023%20mei%202022.pdf","foi_nrPages":1}],"foi_nrDocuments":1,"foi_nrPagesInDossier":1,"foi_publishedDate":"2022-05-23","foi_retrievedDate":"2025-11-29"},{"dc_creator":"HandelingScraper_v1","dc_date_year":2022,"dc_description":"Vergadering van de Gemeente Beekdaelen op 2022-05-23. Onderdeel: Vaststellen van de agenda.","dc_identifier":"nl.gm1954.2c.2022.2833213-2","dc_publisher":"gm1954","dc_source":"https://beekdaelen.bestuurlijkeinformatie.nl/Agenda/Index/cd8240e1-55a0-4b42-8aeb-629e4ac33717","dc_title":"Raadsvergadering 2022-05-23 - Vaststellen van de agenda","dc_type":"2c","dc_type_description":"Vergaderstuk decentrale overheid","foi_fairiscoreVersions":{"v1":1,"v2":1},"foi_files":[{"dc_format":"application/pdf","dc_identifier":"nl.gm1954.2c.2022.2833213-2.doc.1","dc_source":"https://api1.ibabs.eu/publicdownload.aspx?site=Beekdaelen&id=05700515-7360-466a-8b32-7a14de422c3b","dc_title":"Vastgestelde agenda  raadsvergadering 23052022","dc_type":"bijlage","foi_fairiscoreVersions":{"v1":1,"v2":1},"foi_fileName":"Vastgestelde%20agenda%20%20raadsvergadering%2023052022.pdf","foi_nrPages":1}],"foi_nrDocuments":1,"foi_nrPagesInDossier":1,"foi_publishedDate":"2022-05-23","foi_retrievedDate":"2025-11-29"},{"dc_creator":"HandelingScraper_v1","dc_date_year":2022,"dc_description":"Vergadering van de Gemeente Beekdaelen op 2022-05-23. Onderdeel: Toelichting proces coalitievorming.","dc_identifier":"nl.gm1954.2c.2022.2833213-3","dc_publisher":"gm1954","dc_source":"https://beekdaelen.bestuurlijkeinformatie.nl/Agenda/Index/cd8240e1-55a0-4b42-8aeb-629e4ac33717","dc_title":"Raadsvergadering 2022-05-23 - Toelichting proces coalitievorming","dc_type":"2c","dc_type_description":"Vergaderstuk decentrale overheid","foi_fairiscoreVersions":{"v1":2,"v2":1},"foi_files":[{"dc_format":"application/pdf","dc_identifier":"nl.gm1954.2c.2022.2833213-3.doc.1","dc_source":"https://api1.ibabs.eu/publicdownload.aspx?site=Beekdaelen&id=8707b2e3-003b-4cb3-b1d9-5f1c1a48a6eb","dc_title":"Coalitieprogramma 2022-2026 ONS THUIS, ONS BEEKDAELEN","dc_type":"bijlage","foi_fairiscoreVersions":{"v1":2,"v2":1},"foi_fileName":"2161_bd_coalitieprogramma_2022-2026.pdf","foi_nrPages":15},{"dc_format":"application/pdf","dc_identifier":"nl.gm1954.2c.2022.2833213-3.doc.3","dc_source":"https://api1.ibabs.eu/publicdownload.aspx?site=Beekdaelen&id=08f76cbd-de6b-437d-9bb3-dbeed8ef05a9","dc_title":"Reactie PvdA op concept coalitieakkoord PvdA","dc_type":"bijlage","foi_fairiscoreVersions":{"v1":1,"v2":1},"foi_fileName":"reactie%20coalitieakkoord%20PvdA%20Schriftelijk.pdf","foi_nrPages":2},{"dc_format":"application/pdf","dc_identifier":"nl.gm1954.2c.2022.2833213-3.doc.6","dc_source":"https://api1.ibabs.eu/publicdownload.aspx?site=Beekdaelen&id=0411b091-05ed-4e7d-a6c7-5d60ce80024a","dc_title":"Reactie coalitiepartijen op inbreng GroenLinks","dc_type":"bijlage","foi_fairiscoreVersions":{"v1":1,"v2":1},"foi_fileName":"Reactie%20coalitiepartijen%20op%20inbreng%20GroenLinks.pdf","foi_nrPages":3},{"dc_format":"application/pdf","dc_identifier":"nl.gm1954.2c.2022.2833213-3.doc.4","dc_source":"https://api1.ibabs.eu/publicdownload.aspx?site=Beekdaelen&id=5f0cf4ae-da5d-4f6c-8279-bde48223848b","dc_title":"Reactie coalitiepartijen op inbreng PvdA","dc_type":"bijlage","foi_fairiscoreVersions":{"v1":1,"v2":1},"foi_fileName":"Reactie%20coalitiepartijen%20op%20inbreng%20PvdA.pdf","foi_nrPages":2},{"dc_format":"application/pdf","dc_identifier":"nl.gm1954.2c.2022.2833213-3.doc.7","dc_source":"https://api1.ibabs.eu/publicdownload.aspx?site=Beekdaelen&id=18a6584f-d25a-4404-8fc3-647dba5ab34b","dc_title":"Reactie coalitiepartijen op inbreng VVD","dc_type":"bijlage","foi_fairiscoreVersions":{"v1":1,"v2":1},"foi_fileName":"Reactie%20coalitiepartijen%20op%20inbreng%20VVD.pdf","foi_nrPages":1},{"dc_format":"application/pdf","dc_identifier":"nl.gm1954.2c.2022.2833213-3.doc.2","dc_source":"https://api1.ibabs.eu/publicdownload.aspx?site=Beekdaelen&id=5b66a318-7dc2-46f6-b08f-144e3c0c1530","dc_title":"Reactie D66 op concept coalitieprogramma (in)formateur","dc_type":"bijlage","foi_fairiscoreVersions":{"v1":1,"v2":1},"foi_fileName":"Reactie%20D66%20op%20concept%20coalitieprogramma%20%28in%29formateur.pdf","foi_nrPages":4},{"dc_format":"application/pdf","dc_identifier":"nl.gm1954.2c.2022.2833213-3.doc.5","dc_source":"https://api1.ibabs.eu/publicdownload.aspx?site=Beekdaelen&id=5f34b6c4-902b-4c88-9a78-9aed98a22700","dc_title":"Reactie GroenLinks op concept coalitieprogramma","dc_type":"bijlage","foi_fairiscoreVersions":{"v1":2,"v2":1},"foi_fileName":"Reactie%20GroenLinks%20op%20concept%20coalitieprogramma.pdf","foi_nrPages":3}],"foi_nrDocuments":7,"foi_nrPagesInDossier":30,"foi_publishedDate":"2022-05-23","foi_retrievedDate":"2025-11-29"},{"dc_creator":"HandelingScraper_v1","dc_date_year":2022,"dc_description":"Vergadering van de Gemeente Beekdaelen op 2022-05-23. Onderdeel: Voorstel inzake benoeming wethouders.","dc_identifier":"nl.gm1954.2c.2022.2833213-4","dc_publisher":"gm1954","dc_source":"https://beekdaelen.bestuurlijkeinformatie.nl/Agenda/Index/cd8240e1-55a0-4b42-8aeb-629e4ac33717","dc_title":"Raadsvergadering 2022-05-23 - Voorstel inzake benoeming wethouders","dc_type":"2c","dc_type_description":"Vergaderstuk decentrale overheid","foi_fairiscoreVersions":{"v1":1,"v2":1},"foi_files":[{"dc_format":"application/pdf","dc_identifier":"nl.gm1954.2c.2022.2833213-4.doc.2","dc_source":"https://api1.ibabs.eu/publicdownload.aspx?site=Beekdaelen&id=73688dd3-06d9-45cf-9e50-53328dc5b491","dc_title":"RBS inzake benoeming wethouders, vastgesteld 23052022","dc_type":"bijlage","foi_fairiscoreVersions":{"v1":1,"v2":1},"foi_fileName":"RBS%20inzake%20benoeming%20wethouders.pdf","foi_nrPages":1},{"dc_format":"application/pdf","dc_identifier":"nl.gm1954.2c.2022.2833213-4.doc.1","dc_source":"https://api1.ibabs.eu/publicdownload.aspx?site=Beekdaelen&id=fd4f8db3-c013-49f7-9a30-d5154d7d82a6","dc_title":"RVS inzake benoeming wethouders","dc_type":"bijlage","foi_fairiscoreVersions":{"v1":1,"v2":1},"foi_fileName":"RVS%20inzake%20benoeming%20wethouders.pdf","foi_nrPages":2}],"foi_nrDocuments":2,"foi_nrPagesInDossier":3,"foi_publishedDate":"2022-05-23","foi_retrievedDate":"2025-11-29"},{"dc_creator":"HandelingScraper_v1","dc_date_year":2022,"dc_description":"Vergadering van de Gemeente Beekdaelen op 2022-05-23. Onderdeel: Voorstel inzake toelating en be\u00ebdiging nieuwe raadsleden.","dc_identifier":"nl.gm1954.2c.2022.2833213-5","dc_publisher":"gm1954","dc_source":"https://beekdaelen.bestuurlijkeinformatie.nl/Agenda/Index/cd8240e1-55a0-4b42-8aeb-629e4ac33717","dc_title":"Raadsvergadering 2022-05-23 - Voorstel inzake toelating en be\u00ebdiging nieuwe raadsleden","dc_type":"2c","dc_type_description":"Vergaderstuk decentrale overheid","foi_fairiscoreVersions":{"v1":1,"v2":1},"foi_files":[{"dc_format":"application/pdf","dc_identifier":"nl.gm1954.2c.2022.2833213-5.doc.2","dc_source":"https://api1.ibabs.eu/publicdownload.aspx?site=Beekdaelen&id=ca8abf46-a623-48ee-9bc7-b2f60db5503c","dc_title":"RBS inzake toelating nieuwe raadsleden, vastgesteld 23052022","dc_type":"bijlage","foi_fairiscoreVersions":{"v1":1,"v2":1},"foi_fileName":"RBS%20inzake%20toelating%20nieuwe%20raadsleden.pdf","foi_nrPages":1},{"dc_format":"application/pdf","dc_identifier":"nl.gm1954.2c.2022.2833213-5.doc.1","dc_source":"https://api1.ibabs.eu/publicdownload.aspx?site=Beekdaelen&id=f7ce2744-40a1-4f99-8ff5-68a9fce04666","dc_title":"RVS inzake toelating nieuwe raadsleden incl. namen","dc_type":"bijlage","foi_fairiscoreVersions":{"v1":1,"v2":1},"foi_fileName":"RVS%20inzake%20toelating%20nieuwe%20raadsleden%20incl.%20namen.pdf","foi_nrPages":1}],"foi_nrDocuments":2,"foi_nrPagesInDossier":2,"foi_publishedDate":"2022-05-23","foi_retrievedDate":"2025-11-29"},{"dc_creator":"HandelingScraper_v1","dc_date_year":2022,"dc_description":"Vergadering van de Gemeente Beekdaelen op 2022-05-23. Onderdeel: Voorstel inzake benoeming leden in diverse overleg- en adviesgremia en voor diverse functies.","dc_identifier":"nl.gm1954.2c.2022.2833213-6","dc_publisher":"gm1954","dc_source":"https://beekdaelen.bestuurlijkeinformatie.nl/Agenda/Index/cd8240e1-55a0-4b42-8aeb-629e4ac33717","dc_title":"Raadsvergadering 2022-05-23 - Voorstel inzake benoeming leden in diverse overleg- en adviesgremia en voor diverse functies","dc_type":"2c","dc_type_description":"Vergaderstuk decentrale overheid","foi_fairiscoreVersions":{"v1":1,"v2":1},"foi_files":[{"dc_format":"application/pdf","dc_identifier":"nl.gm1954.2c.2022.2833213-6.doc.2","dc_source":"https://api1.ibabs.eu/publicdownload.aspx?site=Beekdaelen&id=e1477049-5ac5-4c85-b556-a5c8e93e2a6c","dc_title":"RBS inzake benoemingen in diverse gremia en voor diverse functies, vastgesteld 23052022","dc_type":"bijlage","foi_fairiscoreVersions":{"v1":1,"v2":1},"foi_fileName":"RBS%20inzake%20benoeming%20in%20diverse%20gremia%20en%20voor%20diverse%20functies.pdf","foi_nrPages":2},{"dc_format":"application/pdf","dc_identifier":"nl.gm1954.2c.2022.2833213-6.doc.1","dc_source":"https://api1.ibabs.eu/publicdownload.aspx?site=Beekdaelen&id=53763860-4c3a-4f83-9cbb-9e9c1834eee8","dc_title":"RVS inzake benoemingen in diverse gremia en voor diverse functies","dc_type":"bijlage","foi_fairiscoreVersions":{"v1":1,"v2":1},"foi_fileName":"RVS%20inzake%20benoemingen%20in%20diverse%20gremia%20en%20voor%20diverse%20functies.pdf","foi_nrPages":2}],"foi_nrDocuments":2,"foi_nrPagesInDossier":4,"foi_publishedDate":"2022-05-23","foi_retrievedDate":"2025-11-29"},{"dc_creator":"HandelingScraper_v1","dc_date_year":2022,"dc_description":"Vergadering van de Gemeente Beekdaelen op 2022-06-01. Onderdeel: Algemeen.","dc_identifier":"nl.gm1954.2c.2022.2833235-1","dc_publisher":"gm1954","dc_source":"https://beekdaelen.bestuurlijkeinformatie.nl/Agenda/Index/af0a01ec-4f19-4f9a-9024-6aa942f9d60f","dc_title":"Raadscommissie Bestuur en Middelen 2022-06-01 - Algemeen","dc_type":"2c","dc_type_description":"Vergaderstuk decentrale overheid","foi_fairiscoreVersions":{"v1":1,"v2":1},"foi_files":[{"dc_format":"application/pdf","dc_identifier":"nl.gm1954.2c.2022.2833235-1.doc.9","dc_source":"https://api1.ibabs.eu/publicdownload.aspx?site=Beekdaelen&id=0b25d9f3-ab1b-401e-a8cb-a7494ee2fb4d","dc_title":"Memorie van Antwoord technische voorvragen PvdA cie bestuur en middelen 1-6","dc_type":"bijlage","foi_fairiscoreVersions":{"v1":1,"v2":1},"foi_fileName":"Memorie%20van%20Antwoord%20technische%20voorvragen%20PvdA%20cie%20bestuur%20en%20middelen%201-6.pdf","foi_nrPages":3},{"dc_format":"application/pdf","dc_identifier":"nl.gm1954.2c.2022.2833235-1.doc.7","dc_source":"https://api1.ibabs.eu/publicdownload.aspx?site=Beekdaelen&id=5bede2c2-81a9-4766-8d65-643bde4b9e26","dc_title":"Memorie van Antwoord technische vragen Beekdaelen Lokaal cie bestuur en middelen 1-6","dc_type":"bijlage","foi_fairiscoreVersions":{"v1":1,"v2":1},"foi_fileName":"Memorie%20van%20Antwoord%20technische%20vragen%20Beekdaelen%20Lokaal%20cie%20bestuur%20en%20middelen%201-6.pdf","foi_nrPages":6},{"dc_format":"application/pdf","dc_identifier":"nl.gm1954.2c.2022.2833235-1.doc.8","dc_source":"https://api1.ibabs.eu/publicdownload.aspx?site=Beekdaelen&id=0264ae0e-05c9-4811-8e88-8d8f961617bc","dc_title":"Memorie van Antwoord technische vragen CDA cie bestuur en middelen 1-6","dc_type":"bijlage","foi_fairiscoreVersions":{"v1":1,"v2":1},"foi_fileName":"Memorie%20van%20Antwoord%20technische%20vragen%20CDA%20cie%20bestuur%20en%20middelen%201-6.pdf","foi_nrPages":2},{"dc_format":"application/pdf","dc_identifier":"nl.gm1954.2c.2022.2833235-1.doc.6","dc_source":"https://api1.ibabs.eu/publicdownload.aspx?site=Beekdaelen&id=5e15fb09-b404-4865-beac-ab9e08ac4ac2","dc_title":"Memorie van Antwoord technische vragen Vernieuwingsgroep cie bestuur & middelen 1-6","dc_type":"bijlage","foi_fairiscoreVersions":{"v1":1,"v2":1},"foi_fileName":"Memorie%20van%20Antwoord%20technische%20vragen%20Vernieuwingsgroep%20cie%20bestuur%20%26%20middelen%201-6.pdf","foi_nrPages":6},{"dc_format":"application/pdf","dc_identifier":"nl.gm1954.2c.2022.2833235-1.doc.1","dc_source":"https://api1.ibabs.eu/publicdownload.aspx?site=Beekdaelen&id=9903f86b-92b3-4e9d-8ba3-aae56351195f","dc_title":"Technische voorvragen VG  cie Bestuur en Middelen 01-06-2022","dc_type":"bijlage","foi_fairiscoreVersions":{"v1":1,"v2":1},"foi_fileName":"TECHNISCHE%20VOORVRAGEN%20VAN%20DE%20VG%20BIJ%20DE%20CIE%20BESTUUR%20EN%20MIDDELEN%20VAN%201%20JUNI.pdf","foi_nrPages":2},{"dc_format":"application/pdf","dc_identifier":"nl.gm1954.2c.2022.2833235-1.doc.2","dc_source":"https://api1.ibabs.eu/publicdownload.aspx?site=Beekdaelen&id=6c0ac1f3-cd3d-4de4-833d-5bc247c1dbd9","dc_title":"Technische voorvragen BL cie Bestuur en Middelen 01-06-2022","dc_type":"bijlage","foi_fairiscoreVersions":{"v1":1,"v2":1},"foi_fileName":"Technische%20vragen%20BL%20cie%20bestuur%20en%20middelen%2001-06-2022.pdf","foi_nrPages":1},{"dc_format":"application/pdf","dc_identifier":"nl.gm1954.2c.2022.2833235-1.doc.3","dc_source":"https://api1.ibabs.eu/publicdownload.aspx?site=Beekdaelen&id=9c7c27bf-c95f-4543-8926-55db258e4cfb","dc_title":"Technische voorvragen BL cie bestuur en middelen 01-06-2022 - deel 2","dc_type":"bijlage","foi_fairiscoreVersions":{"v1":1,"v2":1},"foi_fileName":"Technische%20vragen%20BL%20cie%20bestuur%20en%20middelen%2001-06-2022%20-%20deel%202.pdf","foi_nrPages":1},{"dc_format":"application/pdf","dc_identifier":"nl.gm1954.2c.2022.2833235-1.doc.4","dc_source":"https://api1.ibabs.eu/publicdownload.aspx?site=Beekdaelen&id=8ed60917-ff0e-453a-ab34-20045aef626c","dc_title":"Technische voorvragen CDA cie Bestuur en Middelen 01-06-2022","dc_type":"bijlage","foi_fairiscoreVersions":{"v1":1,"v2":1},"foi_fileName":"Technische%20vragen%20CDA%20agendapunten%20CIE%20Bestuur%20en%20Middelen%201-6-22.pdf","foi_nrPages":2},{"dc_format":"application/pdf","dc_identifier":"nl.gm1954.2c.2022.2833235-1.doc.5","dc_source":"https://api1.ibabs.eu/publicdownload.aspx?site=Beekdaelen&id=7fcfddd4-f207-4102-a037-045f278562a8","dc_title":"Technische voorvragen PvdA cie Bestuur en Middelen 01-06-2022","dc_type":"bijlage","foi_fairiscoreVersions":{"v1":1,"v2":1},"foi_fileName":"Technische%20vragen%20PvdA%20Agenda%20Raadscommissie%20Bestuur%20en%20Middelen%201-6-2022.pdf","foi_nrPages":2}],"foi_nrDocuments":9,"foi_nrPagesInDossier":25,"foi_publishedDate":"2022-06-01","foi_retrievedDate":"2025-11-29"},{"dc_creator":"HandelingScraper_v1","dc_date_year":2022,"dc_description":"Vergadering van de Gemeente Beekdaelen op 2022-06-01. Onderdeel: Raadsvoorstel inzake jaarstukken 2021 en concept begroting 2023 GR GGD-ZL.","dc_identifier":"nl.gm1954.2c.2022.2833235-10","dc_publisher":"gm1954","dc_source":"https://beekdaelen.bestuurlijkeinformatie.nl/Agenda/Index/af0a01ec-4f19-4f9a-9024-6aa942f9d60f","dc_title":"Raadscommissie Bestuur en Middelen 2022-06-01 - Raadsvoorstel inzake jaarstukken 2021 en concept begroting 2023 GR GGD-ZL","dc_type":"2c","dc_type_description":"Vergaderstuk decentrale overheid","foi_fairiscoreVersions":{"v1":2,"v2":1},"foi_files":[{"dc_format":"application/pdf","dc_identifier":"nl.gm1954.2c.2022.2833235-10.doc.5","dc_source":"https://api1.ibabs.eu/publicdownload.aspx?site=Beekdaelen&id=0d87505d-b536-4f3f-9b75-4012885f9c38","dc_title":"jaaroverzicht GGDZL 2021","dc_type":"bijlage","foi_fairiscoreVersions":{"v1":2,"v2":1},"foi_fileName":"jaaroverzicht%20GGDZL%202021.pdf","foi_nrPages":1},{"dc_format":"application/pdf","dc_identifier":"nl.gm1954.2c.2022.2833235-10.doc.1","dc_source":"https://api1.ibabs.eu/publicdownload.aspx?site=Beekdaelen&id=9228acac-d7fa-4f79-b3d5-278dbf024004","dc_title":"Raadsvoorstel zienswijze begroting GGD ZL 2023","dc_type":"bijlage","foi_fairiscoreVersions":{"v1":1,"v2":1},"foi_fileName":"Z%2F22%2F173952%20-%20301554%20-%20Zienswijze%20begroting%20GGD%20ZL%202023.pdf","foi_nrPages":6},{"dc_format":"application/pdf","dc_identifier":"nl.gm1954.2c.2022.2833235-10.doc.2","dc_source":"https://api1.ibabs.eu/publicdownload.aspx?site=Beekdaelen&id=b6071ef8-b979-417d-b492-a8b62c5cb9a3","dc_title":"Raadsbesluit zienswijze begroting GGD ZL 2023","dc_type":"bijlage","foi_fairiscoreVersions":{"v1":1,"v2":1},"foi_fileName":"Z%2F22%2F173952%20-%20301555%20-%20Zienswijze%20begroting%20GGD%20ZL%202023.pdf","foi_nrPages":1},{"dc_format":"application/pdf","dc_identifier":"nl.gm1954.2c.2022.2833235-10.doc.4","dc_source":"https://api1.ibabs.eu/publicdownload.aspx?site=Beekdaelen&id=5b9aa4a6-ce4c-4000-92e9-61a721ddb8a1","dc_title":"Brief raadsbesluit aan GGD m.b.t. zienswijze begroting GGD ZL 2023","dc_type":"bijlage","foi_fairiscoreVersions":{"v1":1,"v2":1},"foi_fileName":"Z%2F22%2F173952%20-%20301556%20-%20Brf%20zienswijze%20begroting%20GGD%20ZL%202023.pdf","foi_nrPages":1},{"dc_format":"application/pdf","dc_identifier":"nl.gm1954.2c.2022.2833235-10.doc.7","dc_source":"https://api1.ibabs.eu/publicdownload.aspx?site=Beekdaelen&id=095ae5b2-6521-4c76-a01e-cf73fe416ff3","dc_title":"Begroting GGDZL 2023","dc_type":"bijlage","foi_fairiscoreVersions":{"v1":2,"v2":1},"foi_fileName":"Z%2F22%2F173952%20-%20301740.pdf","foi_nrPages":43},{"dc_format":"application/pdf","dc_identifier":"nl.gm1954.2c.2022.2833235-10.doc.8","dc_source":"https://api1.ibabs.eu/publicdownload.aspx?site=Beekdaelen&id=5952465b-7313-4df1-a0e8-91981f123dd1","dc_title":"Financi\u00eble doorkijk begroting 2023","dc_type":"bijlage","foi_fairiscoreVersions":{"v1":1,"v2":1},"foi_fileName":"Z%2F22%2F173952%20-%20301740.pdf","foi_nrPages":16},{"dc_format":"application/pdf","dc_identifier":"nl.gm1954.2c.2022.2833235-10.doc.9","dc_source":"https://api1.ibabs.eu/publicdownload.aspx?site=Beekdaelen&id=327ad62e-157d-4692-a7bb-4480b0af0411","dc_title":"Berekening bijdrage GGD per onderdeel 2023","dc_type":"bijlage","foi_fairiscoreVersions":{"v1":1,"v2":1},"foi_fileName":"Z%2F22%2F173952%20-%20301740.pdf","foi_nrPages":1},{"dc_format":"application/pdf","dc_identifier":"nl.gm1954.2c.2022.2833235-10.doc.10","dc_source":"https://api1.ibabs.eu/publicdownload.aspx?site=Beekdaelen&id=1e7fe02c-7a48-44c8-b4dd-d7b23c5ff0b1","dc_title":"Berekening bijdrage programma GGD 2023","dc_type":"bijlage","foi_fairiscoreVersions":{"v1":1,"v2":1},"foi_fileName":"Z%2F22%2F173952%20-%20301740.pdf","foi_nrPages":1},{"dc_format":"application/pdf","dc_identifier":"nl.gm1954.2c.2022.2833235-10.doc.11","dc_source":"https://api1.ibabs.eu/publicdownload.aspx?site=Beekdaelen&id=7e411012-73d8-4ce4-b2ef-815e94470384","dc_title":"Berekening bijdrage Veilig Thuis 2023","dc_type":"bijlage","foi_fairiscoreVersions":{"v1":1,"v2":1},"foi_fileName":"Z%2F22%2F173952%20-%20301740.pdf","foi_nrPages":1},{"dc_format":"application/pdf","dc_identifier":"nl.gm1954.2c.2022.2833235-10.doc.12","dc_source":"https://api1.ibabs.eu/publicdownload.aspx?site=Beekdaelen&id=57e012c6-86ae-44fb-92b0-8685c7dce969","dc_title":"Berekening bijdrage JGZ 2023","dc_type":"bijlage","foi_fairiscoreVersions":{"v1":1,"v2":1},"foi_fileName":"Z%2F22%2F173952%20-%20301740.pdf","foi_nrPages":3},{"dc_format":"application/pdf","dc_identifier":"nl.gm1954.2c.2022.2833235-10.doc.13","dc_source":"https://api1.ibabs.eu/publicdownload.aspx?site=Beekdaelen&id=83c49471-577b-4616-b9eb-647dfd509123","dc_title":"Berekening bijdrage JGZ - RVP 2023","dc_type":"bijlage","foi_fairiscoreVersions":{"v1":1,"v2":1},"foi_fileName":"Z%2F22%2F173952%20-%20301740.pdf","foi_nrPages":1},{"dc_format":"application/pdf","dc_identifier":"nl.gm1954.2c.2022.2833235-10.doc.14","dc_source":"https://api1.ibabs.eu/publicdownload.aspx?site=Beekdaelen&id=b91e4e16-ab61-42b4-8466-8d13e79e6afc","dc_title":"Begroting 2023 totaal","dc_type":"bijlage","foi_fairiscoreVersions":{"v1":1,"v2":1},"foi_fileName":"Z%2F22%2F173952%20-%20301740.pdf","foi_nrPages":1},{"dc_format":"application/pdf","dc_identifier":"nl.gm1954.2c.2022.2833235-10.doc.3","dc_source":"https://api1.ibabs.eu/publicdownload.aspx?site=Beekdaelen&id=7bccf2dd-ae0b-4154-84aa-635c5bd3a40c","dc_title":"Aanbiedingsbrief begroting 2023 GGD ZL","dc_type":"bijlage","foi_fairiscoreVersions":{"v1":1,"v2":1},"foi_fileName":"Z%2F22%2F173952%20-%20301740%20-%20aanbiedingsbrief%20begroting%202023%20GGD%20ZL.pdf","foi_nrPages":2},{"dc_format":"application/pdf","dc_identifier":"nl.gm1954.2c.2022.2833235-10.doc.6","dc_source":"https://api1.ibabs.eu/publicdownload.aspx?site=Beekdaelen&id=7cc923ff-2701-4e7c-b259-737378346b97","dc_title":"Jaarstukken GGDZL 2021","dc_type":"bijlage","foi_fairiscoreVersions":{"v1":2,"v2":1},"foi_fileName":"Z%2F22%2F173952%20-%20301925%20-%20jaarstukken%20GGDZL%202021.pdf","foi_nrPages":78},{"dc_format":"application/pdf","dc_identifier":"nl.gm1954.2c.2022.2833235-10.doc.15","dc_source":"https://api1.ibabs.eu/publicdownload.aspx?site=Beekdaelen&id=75602de2-0c1c-498d-9a83-e5f1c2824d4d","dc_title":"Financi\u00eble paragrafen begroting 2023","dc_type":"bijlage","foi_fairiscoreVersions":{"v1":2,"v2":1},"foi_fileName":"Z%2F22%2F173952%20-%20301928%20-%20fin%20paragrafen%20begroting%202023.pdf","foi_nrPages":12}],"foi_nrDocuments":15,"foi_nrPagesInDossier":168,"foi_publishedDate":"2022-06-01","foi_retrievedDate":"2025-11-29"},{"dc_creator":"HandelingScraper_v1","dc_date_year":2022,"dc_description":"Vergadering van de Gemeente Beekdaelen op 2022-06-01. Onderdeel: Raadsvoorstel inzake conceptbegroting 2023 GR BSGW..","dc_identifier":"nl.gm1954.2c.2022.2833235-11","dc_publisher":"gm1954","dc_source":"https://beekdaelen.bestuurlijkeinformatie.nl/Agenda/Index/af0a01ec-4f19-4f9a-9024-6aa942f9d60f","dc_title":"Raadscommissie Bestuur en Middelen 2022-06-01 - Raadsvoorstel inzake conceptbegroting 2023 GR BSGW.","dc_type":"2c","dc_type_description":"Vergaderstuk decentrale overheid","foi_fairiscoreVersions":{"v1":2,"v2":1},"foi_files":[{"dc_format":"application/pdf","dc_identifier":"nl.gm1954.2c.2022.2833235-11.doc.9","dc_source":"https://api1.ibabs.eu/publicdownload.aspx?site=Beekdaelen&id=39d3bbb5-d12b-4839-9cb7-07b32a891ada","dc_title":"MvA technische voorvragen BL inzake BsGW B.9","dc_type":"bijlage","foi_fairiscoreVersions":{"v1":1,"v2":1},"foi_fileName":"MvA%20technische%20voorvragen%20BL%20inzake%20BsGW%20B.9.pdf","foi_nrPages":1},{"dc_format":"application/pdf","dc_identifier":"nl.gm1954.2c.2022.2833235-11.doc.4","dc_source":"https://api1.ibabs.eu/publicdownload.aspx?site=Beekdaelen&id=adce47ed-da3d-4711-9609-de5464bf8594","dc_title":"BsGW kadernota 2023","dc_type":"bijlage","foi_fairiscoreVersions":{"v1":2,"v2":1},"foi_fileName":"PDF%20Mail-email.pdf","foi_nrPages":42},{"dc_format":"application/pdf","dc_identifier":"nl.gm1954.2c.2022.2833235-11.doc.5","dc_source":"https://api1.ibabs.eu/publicdownload.aspx?site=Beekdaelen&id=0764ee4c-69db-413c-8344-96c8e6a189c4","dc_title":"BsGW aanbiedingsbrief concept begroting 2023 ev jaren","dc_type":"bijlage","foi_fairiscoreVersions":{"v1":1,"v2":1},"foi_fileName":"PDF%20Mail-email.pdf","foi_nrPages":2},{"dc_format":"application/pdf","dc_identifier":"nl.gm1954.2c.2022.2833235-11.doc.6","dc_source":"https://api1.ibabs.eu/publicdownload.aspx?site=Beekdaelen&id=1ac912ec-229c-41ec-8f60-d806a0cb69c3","dc_title":"BsGW aanbiedingsbrief kadernota 2023","dc_type":"bijlage","foi_fairiscoreVersions":{"v1":1,"v2":1},"foi_fileName":"PDF%20Mail-email.pdf","foi_nrPages":1},{"dc_format":"application/pdf","dc_identifier":"nl.gm1954.2c.2022.2833235-11.doc.3","dc_source":"https://api1.ibabs.eu/publicdownload.aspx?site=Beekdaelen&id=a198c8b0-be30-49b1-a768-123637529167","dc_title":"BsGW concept begroting 2023 ev jaren versie 16 maart 2022","dc_type":"bijlage","foi_fairiscoreVersions":{"v1":2,"v2":1},"foi_fileName":"Z%2F22%2F172423%20-%20299059%20-.pdf","foi_nrPages":78},{"dc_format":"application/pdf","dc_identifier":"nl.gm1954.2c.2022.2833235-11.doc.1","dc_source":"https://api1.ibabs.eu/publicdownload.aspx?site=Beekdaelen&id=edb83cf6-314a-42cc-b6c9-67714341519a","dc_title":"raadsvoorstel conceptbegroting BsGW 2023 ev jaren","dc_type":"bijlage","foi_fairiscoreVersions":{"v1":1,"v2":1},"foi_fileName":"Z%2F22%2F172423%20-%20300638%20-%20conceptbegroting%20BsGW%202023.pdf","foi_nrPages":6},{"dc_format":"application/pdf","dc_identifier":"nl.gm1954.2c.2022.2833235-11.doc.2","dc_source":"https://api1.ibabs.eu/publicdownload.aspx?site=Beekdaelen&id=2e35d431-8800-416f-b8d0-d065a366de59","dc_title":"raadsbesluit conceptbegroting BsGW 2023 ev jaren","dc_type":"bijlage","foi_fairiscoreVersions":{"v1":1,"v2":1},"foi_fileName":"Z%2F22%2F172423%20-%20300639%20-%20conceptbegroting%20BsGW%202023.pdf","foi_nrPages":1},{"dc_format":"application/pdf","dc_identifier":"nl.gm1954.2c.2022.2833235-11.doc.8","dc_source":"https://api1.ibabs.eu/publicdownload.aspx?site=Beekdaelen&id=390ce2f9-6b33-4823-a6b8-f2b94ea85d0d","dc_title":"Brief aan BsGW: intentie indienen zienswijze","dc_type":"bijlage","foi_fairiscoreVersions":{"v1":1,"v2":1},"foi_fileName":"Z%2F22%2F172423%20-%20302006%20-%20intentie%20indienen%20zienswijze.pdf","foi_nrPages":2},{"dc_format":"application/pdf","dc_identifier":"nl.gm1954.2c.2022.2833235-11.doc.7","dc_source":"https://api1.ibabs.eu/publicdownload.aspx?site=Beekdaelen&id=8eedff52-b6c4-47ba-8510-4dccd99dfa1c","dc_title":"concept brief aan BsGW: zienswijze begroting en meerjarenraming 2023 - 2027","dc_type":"bijlage","foi_fairiscoreVersions":{"v1":1,"v2":1},"foi_fileName":"Z%2F22%2F172423%20-%20302007%20-%20zienswijze%20begroting%20en%20meerjarenraming%202023%20-%202027.pdf","foi_nrPages":1}],"foi_nrDocuments":9,"foi_nrPagesInDossier":134,"foi_publishedDate":"2022-06-01","foi_retrievedDate":"2025-11-29"},{"dc_creator":"HandelingScraper_v1","dc_date_year":2022,"dc_description":"Vergadering van de Gemeente Beekdaelen op 2022-06-01. Onderdeel: Opening, mededelingen voorzitter en vaststellen agenda..","dc_identifier":"nl.gm1954.2c.2022.2833235-2","dc_publisher":"gm1954","dc_source":"https://beekdaelen.bestuurlijkeinformatie.nl/Agenda/Index/af0a01ec-4f19-4f9a-9024-6aa942f9d60f","dc_title":"Raadscommissie Bestuur en Middelen 2022-06-01 - Opening, mededelingen voorzitter en vaststellen agenda.","dc_type":"2c","dc_type_description":"Vergaderstuk decentrale overheid","foi_fairiscoreVersions":{"v1":1,"v2":1},"foi_files":[{"dc_format":"application/pdf","dc_identifier":"nl.gm1954.2c.2022.2833235-2.doc.1","dc_source":"https://api1.ibabs.eu/publicdownload.aspx?site=Beekdaelen&id=ceb1a134-f409-48e1-ba10-5a136ce005a1","dc_title":"Uitnodiging en voorlopige agenda raadscie Bestuur en Middelen 01062022","dc_type":"bijlage","foi_fairiscoreVersions":{"v1":1,"v2":1},"foi_fileName":"Uitnodiging%20en%20voorlopige%20agenda%20cie%20bestuur%20en%20middelen%2001062022%20na%20raad%2023%20mei%202022.pdf","foi_nrPages":2},{"dc_format":"application/pdf","dc_identifier":"nl.gm1954.2c.2022.2833235-2.doc.2","dc_source":"https://api1.ibabs.eu/publicdownload.aspx?site=Beekdaelen&id=765d7fd9-1a4b-4e20-ba6c-b100bcfe82e9","dc_title":"Vastgestelde agenda raadscommissie Bestuur en Middelen 01062022","dc_type":"bijlage","foi_fairiscoreVersions":{"v1":1,"v2":1},"foi_fileName":"Vastgestelde%20agenda%20raadscommissie%20Bestuur%20en%20Middelen%2001062022.pdf","foi_nrPages":1}],"foi_nrDocuments":2,"foi_nrPagesInDossier":3,"foi_publishedDate":"2022-06-01","foi_retrievedDate":"2025-11-29"},{"dc_creator":"HandelingScraper_v1","dc_date_year":2022,"dc_description":"Vergadering van de Gemeente Beekdaelen op 2022-06-01. Onderdeel: Raadsvoorstel inzake jaarstukken 2021 en concept begroting 2023 GR Veiligheidsregio en Meld- en Co\u00f6rdinatiecentrum.","dc_identifier":"nl.gm1954.2c.2022.2833235-3","dc_publisher":"gm1954","dc_source":"https://beekdaelen.bestuurlijkeinformatie.nl/Agenda/Index/af0a01ec-4f19-4f9a-9024-6aa942f9d60f","dc_title":"Raadscommissie Bestuur en Middelen 2022-06-01 - Raadsvoorstel inzake jaarstukken 2021 en concept begroting 2023 GR Veiligheidsregio en Meld- en Co\u00f6rdinatiecentrum","dc_type":"2c","dc_type_description":"Vergaderstuk decentrale overheid","foi_fairiscoreVersions":{"v1":2,"v2":1},"foi_files":[{"dc_format":"application/pdf","dc_identifier":"nl.gm1954.2c.2022.2833235-3.doc.8","dc_source":"https://api1.ibabs.eu/publicdownload.aspx?site=Beekdaelen&id=a7f049b7-30eb-4018-9420-d3ff401a9999","dc_title":"MvA technische voorvragen BL inzake GR Veiligheidsregio B.1","dc_type":"bijlage","foi_fairiscoreVersions":{"v1":1,"v2":1},"foi_fileName":"MvA%20technische%20voorvragen%20BL%20inzake%20GR%20Veiligheidsregio%20B.1.pdf","foi_nrPages":1},{"dc_format":"application/pdf","dc_identifier":"nl.gm1954.2c.2022.2833235-3.doc.3","dc_source":"https://api1.ibabs.eu/publicdownload.aspx?site=Beekdaelen&id=56eeb425-3934-4719-afc0-2c7a82d4e98c","dc_title":"Bijlage 2 - conceptbegroting 2023 VRZL","dc_type":"bijlage","foi_fairiscoreVersions":{"v1":2,"v2":1},"foi_fileName":"Z%2F22%2F173789%20-%20301068.pdf","foi_nrPages":48},{"dc_format":"application/pdf","dc_identifier":"nl.gm1954.2c.2022.2833235-3.doc.4","dc_source":"https://api1.ibabs.eu/publicdownload.aspx?site=Beekdaelen&id=9752bf9f-0176-4550-9bbc-b0377d9a976c","dc_title":"Bijlage 3 - concept jaarstukken 2021 VRZL","dc_type":"bijlage","foi_fairiscoreVersions":{"v1":2,"v2":1},"foi_fileName":"Z%2F22%2F173789%20-%20301068.pdf","foi_nrPages":76},{"dc_format":"application/pdf","dc_identifier":"nl.gm1954.2c.2022.2833235-3.doc.5","dc_source":"https://api1.ibabs.eu/publicdownload.aspx?site=Beekdaelen&id=f49543ca-bb8c-4a0d-b2d6-8a58b9428fd2","dc_title":"Bijlage 4 - concept jaardocument MCC 2021","dc_type":"bijlage","foi_fairiscoreVersions":{"v1":1,"v2":1},"foi_fileName":"Z%2F22%2F173789%20-%20301068.pdf","foi_nrPages":12},{"dc_format":"application/pdf","dc_identifier":"nl.gm1954.2c.2022.2833235-3.doc.6","dc_source":"https://api1.ibabs.eu/publicdownload.aspx?site=Beekdaelen&id=140848f9-31a6-48b8-8ffc-5885ede6c40e","dc_title":"Bijlage 5 - conceptbegroting 2023 MCC","dc_type":"bijlage","foi_fairiscoreVersions":{"v1":1,"v2":1},"foi_fileName":"Z%2F22%2F173789%20-%20301068.pdf","foi_nrPages":8},{"dc_format":"application/pdf","dc_identifier":"nl.gm1954.2c.2022.2833235-3.doc.7","dc_source":"https://api1.ibabs.eu/publicdownload.aspx?site=Beekdaelen&id=6afce4ab-229e-497c-a625-6d9f9352d2dd","dc_title":"Bijlage 6 - toelichting jaardocument MCC","dc_type":"bijlage","foi_fairiscoreVersions":{"v1":1,"v2":1},"foi_fileName":"Z%2F22%2F173789%20-%20301068.pdf","foi_nrPages":8},{"dc_format":"application/pdf","dc_identifier":"nl.gm1954.2c.2022.2833235-3.doc.1","dc_source":"https://api1.ibabs.eu/publicdownload.aspx?site=Beekdaelen&id=0f0fd67c-b1dc-48a1-aeae-2309554dbf91","dc_title":"Raadsvoorstel jaarstukken 2021 en Begroting 2023 door VRZL en MCC","dc_type":"bijlage","foi_fairiscoreVersions":{"v1":1,"v2":1},"foi_fileName":"Z%2F22%2F173789%20-%20301298%20-%20Raadsvoorstel%20-%20jaarstukken%202021%20en%20Begroting%202022%20door%20VRZL%20en%20MCC.pdf","foi_nrPages":5},{"dc_format":"application/pdf","dc_identifier":"nl.gm1954.2c.2022.2833235-3.doc.2","dc_source":"https://api1.ibabs.eu/publicdownload.aspx?site=Beekdaelen&id=a1324b3a-f011-48f6-a2f8-9bf4dfe12c83","dc_title":"Raadsbesluit jaarstukken 2021 en Begroting 2023 door VRZL en MCC, vastgesteld 14062022","dc_type":"bijlage","foi_fairiscoreVersions":{"v1":1,"v2":1},"foi_fileName":"Z%2F22%2F173789%20-%20301571%20-%20Jaarstukken%202021%20en%20Begroting%202023%20door%20VRZL%20en%20MCC.pdf","foi_nrPages":1}],"foi_nrDocuments":8,"foi_nrPagesInDossier":159,"foi_publishedDate":"2022-06-01","foi_retrievedDate":"2025-11-29"},{"dc_creator":"HandelingScraper_v1","dc_date_year":2022,"dc_description":"Vergadering van de Gemeente Beekdaelen op 2022-06-01. Onderdeel: Raadsvoorstel  inzake jaarstukken 2021 en concept begroting 2023 GR Rd4.","dc_identifier":"nl.gm1954.2c.2022.2833235-4","dc_publisher":"gm1954","dc_source":"https://beekdaelen.bestuurlijkeinformatie.nl/Agenda/Index/af0a01ec-4f19-4f9a-9024-6aa942f9d60f","dc_title":"Raadscommissie Bestuur en Middelen 2022-06-01 - Raadsvoorstel  inzake jaarstukken 2021 en concept begroting 2023 GR Rd4","dc_type":"2c","dc_type_description":"Vergaderstuk decentrale overheid","foi_fairiscoreVersions":{"v1":2,"v2":2},"foi_files":[{"dc_format":"application/pdf","dc_identifier":"nl.gm1954.2c.2022.2833235-4.doc.5","dc_source":"https://api1.ibabs.eu/publicdownload.aspx?site=Beekdaelen&id=c90a6c46-955f-4230-8cfb-6f522f226533","dc_title":"begroting 2023 & Meerjarenbegroting 2024 t/m 2026","dc_type":"bijlage","foi_fairiscoreVersions":{"v1":2,"v2":2},"foi_fileName":"begroting%202023%20%26%20Meerjarenbegroting%202024%20t%2Fm%202026.pdf","foi_nrPages":19},{"dc_format":"application/pdf","dc_identifier":"nl.gm1954.2c.2022.2833235-4.doc.7","dc_source":"https://api1.ibabs.eu/publicdownload.aspx?site=Beekdaelen&id=176de8c5-7378-4237-b318-71f37051065d","dc_title":"begroting Rd4 2023","dc_type":"bijlage","foi_fairiscoreVersions":{"v1":3,"v2":3},"foi_fileName":"begroting%20Rd4%202023.pdf","foi_nrPages":64},{"dc_format":"application/pdf","dc_identifier":"nl.gm1954.2c.2022.2833235-4.doc.6","dc_source":"https://api1.ibabs.eu/publicdownload.aspx?site=Beekdaelen&id=fa6d1f7b-ecae-4266-8125-41d59983ddd1","dc_title":"ingekomen document","dc_type":"bijlage","foi_fairiscoreVersions":{"v1":2,"v2":2},"foi_fileName":"ingekomen%20document.pdf","foi_nrPages":1},{"dc_format":"application/pdf","dc_identifier":"nl.gm1954.2c.2022.2833235-4.doc.4","dc_source":"https://api1.ibabs.eu/publicdownload.aspx?site=Beekdaelen&id=26eb3a3c-6df9-420b-810b-8dfefef0210d","dc_title":"jaarrekening Rd4  2021","dc_type":"bijlage","foi_fairiscoreVersions":{"v1":2,"v2":2},"foi_fileName":"jaarrekening%20Rd4%20%202021.pdf","foi_nrPages":48},{"dc_format":"application/pdf","dc_identifier":"nl.gm1954.2c.2022.2833235-4.doc.8","dc_source":"https://api1.ibabs.eu/publicdownload.aspx?site=Beekdaelen&id=f280cf6d-3948-415b-8c2a-bf15bfa36142","dc_title":"MvA technische voorvragen CDA inzake Rd4 agendapunt B.2","dc_type":"bijlage","foi_fairiscoreVersions":{"v1":1,"v2":1},"foi_fileName":"MvA%20technische%20voorvragen%20CDA%20inzake%20Rd4%20agendapunt%20B.2.pdf","foi_nrPages":1},{"dc_format":"application/pdf","dc_identifier":"nl.gm1954.2c.2022.2833235-4.doc.1","dc_source":"https://api1.ibabs.eu/publicdownload.aspx?site=Beekdaelen&id=294ae04a-7940-472a-a9e2-e71e09a26f3a","dc_title":"Raadsvoorstel financi\u00eble stukken GR Rd4","dc_type":"bijlage","foi_fairiscoreVersions":{"v1":1,"v2":1},"foi_fileName":"Z%2F22%2F174331%20-%20302419%20-%20Financi%C3%ABle%20jaarstukken%20GR%20Rd4.pdf","foi_nrPages":2},{"dc_format":"application/pdf","dc_identifier":"nl.gm1954.2c.2022.2833235-4.doc.2","dc_source":"https://api1.ibabs.eu/publicdownload.aspx?site=Beekdaelen&id=ae548e3e-9034-4354-b168-9611fee594da","dc_title":"Raadsbesluit financi\u00eble stukken GR Rd4","dc_type":"bijlage","foi_fairiscoreVersions":{"v1":1,"v2":1},"foi_fileName":"Z%2F22%2F174331%20-%20302435%20-%20Financi%C3%ABle%20jaarstukken%20GR%20Rd4.pdf","foi_nrPages":1},{"dc_format":"application/pdf","dc_identifier":"nl.gm1954.2c.2022.2833235-4.doc.3","dc_source":"https://api1.ibabs.eu/publicdownload.aspx?site=Beekdaelen&id=d78393b5-d6f3-4b36-80a3-bd7af6b5b745","dc_title":"Brief aan Rd4.","dc_type":"bijlage","foi_fairiscoreVersions":{"v1":1,"v2":1},"foi_fileName":"Z%2F22%2F174331%20-%20302440%20-%20Financi%C3%ABle%20jaarstukken%20GR%20Rd4.pdf","foi_nrPages":1}],"foi_nrDocuments":8,"foi_nrPagesInDossier":137,"foi_publishedDate":"2022-06-01","foi_retrievedDate":"2025-11-29"},{"dc_creator":"HandelingScraper_v1","dc_date_year":2022,"dc_description":"Vergadering van de Gemeente Beekdaelen op 2022-06-01. Onderdeel: Raadsvoorstel inzake Jaarstukken 2021 en gewijzigde begroting 2022, primitieve begroting 2023, uitvoeringsplan 2022-2023 en MJB 2024-2026 GR KOMPAS..","dc_identifier":"nl.gm1954.2c.2022.2833235-5","dc_publisher":"gm1954","dc_source":"https://beekdaelen.bestuurlijkeinformatie.nl/Agenda/Index/af0a01ec-4f19-4f9a-9024-6aa942f9d60f","dc_title":"Raadscommissie Bestuur en Middelen 2022-06-01 - Raadsvoorstel inzake Jaarstukken 2021 en gewijzigde begroting 2022, primitieve begroting 2023, uitvoeringsplan 2022-2023 en MJB 2024-2026 GR KOMPAS.","dc_type":"2c","dc_type_description":"Vergaderstuk decentrale overheid","foi_fairiscoreVersions":{"v1":2,"v2":2},"foi_files":[{"dc_format":"application/pdf","dc_identifier":"nl.gm1954.2c.2022.2833235-5.doc.9","dc_source":"https://api1.ibabs.eu/publicdownload.aspx?site=Beekdaelen&id=b8be9e6e-1fae-466b-a01b-76022bbccbbd","dc_title":"Advies ASD-Beekdaelen op jaarstukken Kompas 2021-2022-2023","dc_type":"bijlage","foi_fairiscoreVersions":{"v1":1,"v2":1},"foi_fileName":"Advies%20ASD-Beekdaelen%20op%20jaarstukken%20Kompas%202021-2022-2023.pdf","foi_nrPages":2},{"dc_format":"application/pdf","dc_identifier":"nl.gm1954.2c.2022.2833235-5.doc.8","dc_source":"https://api1.ibabs.eu/publicdownload.aspx?site=Beekdaelen&id=ddbc9ba8-8f91-481f-b14d-4a98a1a76a51","dc_title":"ADVIES Cli\u00ebntenraad Kompas Uitvoeringsplan 2022 2023","dc_type":"bijlage","foi_fairiscoreVersions":{"v1":1,"v2":1},"foi_fileName":"B.3%20ADVIES%20Clientenraad%20Uitvoeringsplan%202022%202023.pdf","foi_nrPages":3},{"dc_format":"application/pdf","dc_identifier":"nl.gm1954.2c.2022.2833235-5.doc.10","dc_source":"https://api1.ibabs.eu/publicdownload.aspx?site=Beekdaelen&id=0dc254f3-89ac-4d1e-ba13-051aeb0285cd","dc_title":"MvA technische voorvragen BL inzake Kompas agendapunt B.3","dc_type":"bijlage","foi_fairiscoreVersions":{"v1":1,"v2":1},"foi_fileName":"MvA%20technische%20voorvragen%20BL%20inzake%20Kompas%20agendapunt%20B.3.pdf","foi_nrPages":1},{"dc_format":"application/pdf","dc_identifier":"nl.gm1954.2c.2022.2833235-5.doc.4","dc_source":"https://api1.ibabs.eu/publicdownload.aspx?site=Beekdaelen&id=dc74d1c0-d082-4b03-b20f-cea3270bb14d","dc_title":"Jaarrekening 2021 ISD Kompas","dc_type":"bijlage","foi_fairiscoreVersions":{"v1":2,"v2":1},"foi_fileName":"Z%2F22%2F173730%20-%20300935.pdf","foi_nrPages":51},{"dc_format":"application/pdf","dc_identifier":"nl.gm1954.2c.2022.2833235-5.doc.5","dc_source":"https://api1.ibabs.eu/publicdownload.aspx?site=Beekdaelen&id=551a3a40-b83a-42b0-9828-e9e536e0e471","dc_title":"Jaarverslag (beleidsverslag) 2021 ISD Kompas","dc_type":"bijlage","foi_fairiscoreVersions":{"v1":2,"v2":2},"foi_fileName":"Z%2F22%2F173730%20-%20300935.pdf","foi_nrPages":33},{"dc_format":"application/pdf","dc_identifier":"nl.gm1954.2c.2022.2833235-5.doc.6","dc_source":"https://api1.ibabs.eu/publicdownload.aspx?site=Beekdaelen&id=9a84e3d6-cb49-46aa-ae7f-5c4734630737","dc_title":"Gewijzigde begroting 2022, primitieve begroting 2023 en MJB 2024-2026 Kompas","dc_type":"bijlage","foi_fairiscoreVersions":{"v1":2,"v2":1},"foi_fileName":"Z%2F22%2F173730%20-%20300936.pdf","foi_nrPages":37},{"dc_format":"application/pdf","dc_identifier":"nl.gm1954.2c.2022.2833235-5.doc.7","dc_source":"https://api1.ibabs.eu/publicdownload.aspx?site=Beekdaelen&id=57ac533b-cde5-48ab-9a57-5904e5a32666","dc_title":"Uitvoeringsplan 2022-2023 ISD Kompas","dc_type":"bijlage","foi_fairiscoreVersions":{"v1":2,"v2":1},"foi_fileName":"Z%2F22%2F173730%20-%20300936.pdf","foi_nrPages":23},{"dc_format":"application/pdf","dc_identifier":"nl.gm1954.2c.2022.2833235-5.doc.1","dc_source":"https://api1.ibabs.eu/publicdownload.aspx?site=Beekdaelen&id=522f4ad2-3a8e-4224-8268-e2043f25ff71","dc_title":"Raadsvoorstel inz. jaarstukken 2021/2022 ISD Kompas: beleidsverslag en jaarrekening 2021, gewijzigde begroting 2022, primitieve begroting 2023, Uitvoeringsplan 2022-2023, MJB 2024-2026","dc_type":"bijlage","foi_fairiscoreVersions":{"v1":1,"v2":1},"foi_fileName":"Z%2F22%2F173730%20-%20300940%20-%20Jaarstukken%202021%2F2022%20ISD%20Kompas%3A%20beleidsverslag%20en%20jaarrekening%202021_%20gewijzigde%20begroting%202022_%20primitieve%20begroting%202023_%20Uitvoeringsplan%202022-2023_%20MJB%202024-2026.pdf","foi_nrPages":8},{"dc_format":"application/pdf","dc_identifier":"nl.gm1954.2c.2022.2833235-5.doc.2","dc_source":"https://api1.ibabs.eu/publicdownload.aspx?site=Beekdaelen&id=f34de65a-29a5-4818-959d-4a381f907e2f","dc_title":"Raadsbesluit inzake kennisname jaarstukken 2021 en 2022, vaststellen begrotingsstukken ISD Kompas, vastgesteld 140620222","dc_type":"bijlage","foi_fairiscoreVersions":{"v1":1,"v2":1},"foi_fileName":"Z%2F22%2F173730%20-%20301016%20-%20Raadsbesluit%20inzake%20jaarstukken%202021%20en%202022%20van%20ISD%20Kompas.pdf","foi_nrPages":1},{"dc_format":"application/pdf","dc_identifier":"nl.gm1954.2c.2022.2833235-5.doc.3","dc_source":"https://api1.ibabs.eu/publicdownload.aspx?site=Beekdaelen&id=c3724a74-dc19-46bc-9736-32897909eff8","dc_title":"Uitgaande brief aan Kompas inzake raadsbesluit jaarstukken 2021 en begrotingsstukken 2022","dc_type":"bijlage","foi_fairiscoreVersions":{"v1":2,"v2":1},"foi_fileName":"Z%2F22%2F173730%20-%20301024%20-%20Uitgaande%20brief%20naar%20Kompas%20inzake%20raadsbesluit%20op%20jaarstukken%202021%20en%202022.pdf","foi_nrPages":2}],"foi_nrDocuments":10,"foi_nrPagesInDossier":161,"foi_publishedDate":"2022-06-01","foi_retrievedDate":"2025-11-29"},{"dc_creator":"HandelingScraper_v1","dc_date_year":2022,"dc_description":"Vergadering van de Gemeente Beekdaelen op 2022-06-01. Onderdeel: Raadsvoorstel inzake concept begroting 2023 en meerjarenraming 2024 \u2013 2026 GR RUD.","dc_identifier":"nl.gm1954.2c.2022.2833235-6","dc_publisher":"gm1954","dc_source":"https://beekdaelen.bestuurlijkeinformatie.nl/Agenda/Index/af0a01ec-4f19-4f9a-9024-6aa942f9d60f","dc_title":"Raadscommissie Bestuur en Middelen 2022-06-01 - Raadsvoorstel inzake concept begroting 2023 en meerjarenraming 2024 \u2013 2026 GR RUD","dc_type":"2c","dc_type_description":"Vergaderstuk decentrale overheid","foi_fairiscoreVersions":{"v1":2,"v2":1},"foi_files":[{"dc_format":"application/pdf","dc_identifier":"nl.gm1954.2c.2022.2833235-6.doc.7","dc_source":"https://api1.ibabs.eu/publicdownload.aspx?site=Beekdaelen&id=2d7e8a93-5591-4919-8642-0d79bf9785c7","dc_title":"MvA technische voorvragen BL inzake RUD agendapunt B.4","dc_type":"bijlage","foi_fairiscoreVersions":{"v1":1,"v2":1},"foi_fileName":"MvA%20technische%20voorvragen%20BL%20inzake%20RUD%20agendapunt%20B.4.pdf","foi_nrPages":1},{"dc_format":"application/pdf","dc_identifier":"nl.gm1954.2c.2022.2833235-6.doc.8","dc_source":"https://api1.ibabs.eu/publicdownload.aspx?site=Beekdaelen&id=0cfd94fc-d46a-47a7-98c1-28269c35721c","dc_title":"MvA technische voorvragen CDA inzake RUD agendapunt B.4","dc_type":"bijlage","foi_fairiscoreVersions":{"v1":1,"v2":1},"foi_fileName":"MvA%20technische%20voorvragen%20CDA%20inzake%20RUD%20agendapunt%20B.4.pdf","foi_nrPages":5},{"dc_format":"application/pdf","dc_identifier":"nl.gm1954.2c.2022.2833235-6.doc.9","dc_source":"https://api1.ibabs.eu/publicdownload.aspx?site=Beekdaelen&id=e58c861a-bf2a-4078-88f5-c77d126a756a","dc_title":"MvA technische voorvragen PvdA inzake RUD agendapunt B.4","dc_type":"bijlage","foi_fairiscoreVersions":{"v1":1,"v2":1},"foi_fileName":"MvA%20technische%20voorvragen%20PvdA%20inzake%20RUD%20agendapunt%20B.4.pdf","foi_nrPages":1},{"dc_format":"application/pdf","dc_identifier":"nl.gm1954.2c.2022.2833235-6.doc.6","dc_source":"https://api1.ibabs.eu/publicdownload.aspx?site=Beekdaelen&id=477cc668-6119-4e40-8b6c-dd55ee21decb","dc_title":"MvA technische voorvragen VG inzake RUD agendapunt B.4","dc_type":"bijlage","foi_fairiscoreVersions":{"v1":1,"v2":1},"foi_fileName":"MvA%20technische%20voorvragen%20VG%20inzake%20RUD%20agendapunt%20B.4.pdf","foi_nrPages":1},{"dc_format":"application/pdf","dc_identifier":"nl.gm1954.2c.2022.2833235-6.doc.5","dc_source":"https://api1.ibabs.eu/publicdownload.aspx?site=Beekdaelen&id=f856e714-6cd0-4084-906e-ecfb0f294d64","dc_title":"Bijlage 1: Ontwerpbegroting 2023, meerjarenraming 2024 - 2026 RUD Zuid-Limburg","dc_type":"bijlage","foi_fairiscoreVersions":{"v1":2,"v2":1},"foi_fileName":"Z%2F22%2F173867%20-%20301233%20-%20Ontwerp-begroting%202023_%20meerjarenraming%202024%20-%202026%20RUD%20Zuid-Limburg.pdf","foi_nrPages":54},{"dc_format":"application/pdf","dc_identifier":"nl.gm1954.2c.2022.2833235-6.doc.4","dc_source":"https://api1.ibabs.eu/publicdownload.aspx?site=Beekdaelen&id=98ebdf28-0ecb-40e0-8dc6-1a4720b3b0e4","dc_title":"Bijlage 2:  Jaarrekening 2021 RUD Zuid-Limburg","dc_type":"bijlage","foi_fairiscoreVersions":{"v1":2,"v2":1},"foi_fileName":"Z%2F22%2F173867%20-%20301234%20-%20Jaarrekening%202021%20RUD%20Zuid-Limburg.pdf","foi_nrPages":58},{"dc_format":"application/pdf","dc_identifier":"nl.gm1954.2c.2022.2833235-6.doc.1","dc_source":"https://api1.ibabs.eu/publicdownload.aspx?site=Beekdaelen&id=bf5ce0a1-daa9-40c7-9a2a-8c7d9f5198fe","dc_title":"Raadsvoorstel","dc_type":"bijlage","foi_fairiscoreVersions":{"v1":1,"v2":1},"foi_fileName":"Z%2F22%2F173867%20-%20301240%20-%20Raadsvoorstel.pdf","foi_nrPages":5},{"dc_format":"application/pdf","dc_identifier":"nl.gm1954.2c.2022.2833235-6.doc.2","dc_source":"https://api1.ibabs.eu/publicdownload.aspx?site=Beekdaelen&id=41a95494-fd71-4db5-9d48-40707f7a11cb","dc_title":"Bijlage 3: concept-Raadsbesluit","dc_type":"bijlage","foi_fairiscoreVersions":{"v1":1,"v2":1},"foi_fileName":"Z%2F22%2F173867%20-%20302292%20-%20Raadsbesluit.pdf","foi_nrPages":1},{"dc_format":"application/pdf","dc_identifier":"nl.gm1954.2c.2022.2833235-6.doc.3","dc_source":"https://api1.ibabs.eu/publicdownload.aspx?site=Beekdaelen&id=83f5b25d-4fa9-4a43-a7ba-3f6317c340f7","dc_title":"Bijlage 4:  conceptbrief aan RUD","dc_type":"bijlage","foi_fairiscoreVersions":{"v1":1,"v2":1},"foi_fileName":"Z%2F22%2F173867%20-%20302942%20-%20brief%20aan%20RUD.pdf","foi_nrPages":2}],"foi_nrDocuments":9,"foi_nrPagesInDossier":128,"foi_publishedDate":"2022-06-01","foi_retrievedDate":"2025-11-29"},{"dc_creator":"HandelingScraper_v1","dc_date_year":2022,"dc_description":"Vergadering van de Gemeente Beekdaelen op 2022-06-01. Onderdeel: Raadsvoorstel inzake jaarstukken 2021 en concept begroting 2023 GR Parkstad Limburg.","dc_identifier":"nl.gm1954.2c.2022.2833235-7","dc_publisher":"gm1954","dc_source":"https://beekdaelen.bestuurlijkeinformatie.nl/Agenda/Index/af0a01ec-4f19-4f9a-9024-6aa942f9d60f","dc_title":"Raadscommissie Bestuur en Middelen 2022-06-01 - Raadsvoorstel inzake jaarstukken 2021 en concept begroting 2023 GR Parkstad Limburg","dc_type":"2c","dc_type_description":"Vergaderstuk decentrale overheid","foi_fairiscoreVersions":{"v1":2,"v2":1},"foi_files":[{"dc_format":"application/pdf","dc_identifier":"nl.gm1954.2c.2022.2833235-7.doc.2","dc_source":"https://api1.ibabs.eu/publicdownload.aspx?site=Beekdaelen&id=cf17ed42-56e3-4307-9367-7e8d19930ff5","dc_title":"Concept raadsbesluit financiele stukken GR Parkstad.pdf","dc_type":"bijlage","foi_fairiscoreVersions":{"v1":1,"v2":1},"foi_fileName":"Concept%20raadsbesluit%20financiele%20stukken%20GR%20Parkstad.pdf","foi_nrPages":1},{"dc_format":"application/pdf","dc_identifier":"nl.gm1954.2c.2022.2833235-7.doc.1","dc_source":"https://api1.ibabs.eu/publicdownload.aspx?site=Beekdaelen&id=a85f1945-d1d2-4190-af91-50e0acaac233","dc_title":"Raadsvoorstel inzake ontwerpbegroting 2023 inclusief meerjarenraming 2024-2026, voorlopige jaarstukken 2021 en 2e begrotingswijziging 2022 GR Stadsregio Par","dc_type":"bijlage","foi_fairiscoreVersions":{"v1":1,"v2":1},"foi_fileName":"Raadsvoorstel%20inzake%20ontwerpbegroting%202023%20inclusief%20meerjarenraming%202024-2026_%20voorlopige%20jaarstukken%202021%20en%202e%20begrotingswijziging%202022%20GR%20Stadsregio%20Par.pdf","foi_nrPages":6},{"dc_format":"application/pdf","dc_identifier":"nl.gm1954.2c.2022.2833235-7.doc.3","dc_source":"https://api1.ibabs.eu/publicdownload.aspx?site=Beekdaelen&id=795af70e-b3a5-4cb1-8140-777956f43eb6","dc_title":"Ontwerpbegroting 2023 met meerjarenraming 2024-2026","dc_type":"bijlage","foi_fairiscoreVersions":{"v1":2,"v2":1},"foi_fileName":"Z%2F22%2F174290%20-%20302252%20-%20Ontwerpbegroting%202023%20met%20meerjarenraming%202024-2026.pdf","foi_nrPages":44},{"dc_format":"application/pdf","dc_identifier":"nl.gm1954.2c.2022.2833235-7.doc.5","dc_source":"https://api1.ibabs.eu/publicdownload.aspx?site=Beekdaelen&id=46f86eef-21c7-42f6-9da0-1389d98b8cdf","dc_title":"2e begrotingswijziging 2022 GR Stadsregio Parkstad Limburg","dc_type":"bijlage","foi_fairiscoreVersions":{"v1":1,"v2":1},"foi_fileName":"Z%2F22%2F174290%20-%20302253%20-%202e%20begrotingswijziging%202022%20GR%20Stadsregio%20Parkstad%20Limburg.pdf","foi_nrPages":1},{"dc_format":"application/pdf","dc_identifier":"nl.gm1954.2c.2022.2833235-7.doc.4","dc_source":"https://api1.ibabs.eu/publicdownload.aspx?site=Beekdaelen&id=c4425026-9dee-4bb6-a38f-1d1601198bc2","dc_title":"Voorlopige jaarstukken 2021 GR Stadsregio Parkstad Limburg","dc_type":"bijlage","foi_fairiscoreVersions":{"v1":2,"v2":1},"foi_fileName":"Z%2F22%2F174290%20-%20302254%20-%20Voorlopige%20jaarstukken%202021%20GR%20Stadsregio%20Parkstad%20Limburg.pdf","foi_nrPages":125}],"foi_nrDocuments":5,"foi_nrPagesInDossier":177,"foi_publishedDate":"2022-06-01","foi_retrievedDate":"2025-11-29"},{"dc_creator":"HandelingScraper_v1","dc_date_year":2022,"dc_description":"Vergadering van de Gemeente Beekdaelen op 2022-06-01. Onderdeel: Raadsvoorstel inzake jaarstukken 2021 en concept begroting 2022, 2023 - 2026 GR Gegevenshuis.","dc_identifier":"nl.gm1954.2c.2022.2833235-8","dc_publisher":"gm1954","dc_source":"https://beekdaelen.bestuurlijkeinformatie.nl/Agenda/Index/af0a01ec-4f19-4f9a-9024-6aa942f9d60f","dc_title":"Raadscommissie Bestuur en Middelen 2022-06-01 - Raadsvoorstel inzake jaarstukken 2021 en concept begroting 2022, 2023 - 2026 GR Gegevenshuis","dc_type":"2c","dc_type_description":"Vergaderstuk decentrale overheid","foi_fairiscoreVersions":{"v1":2,"v2":2},"foi_files":[{"dc_format":"application/pdf","dc_identifier":"nl.gm1954.2c.2022.2833235-8.doc.8","dc_source":"https://api1.ibabs.eu/publicdownload.aspx?site=Beekdaelen&id=fab5f5d1-36fc-4e37-acc6-650f4accdd6b","dc_title":"MvA technische voorvragen CDA inzake gegevenshuis agendapunt B.6","dc_type":"bijlage","foi_fairiscoreVersions":{"v1":1,"v2":1},"foi_fileName":"MvA%20technische%20voorvragen%20CDA%20inzake%20gegevenshuis%20agendapunt%20B.6.pdf","foi_nrPages":1},{"dc_format":"application/pdf","dc_identifier":"nl.gm1954.2c.2022.2833235-8.doc.7","dc_source":"https://api1.ibabs.eu/publicdownload.aspx?site=Beekdaelen&id=320f5859-cc95-4d74-864b-362200871c4c","dc_title":"MvA technische voorvragen VG inzake gegevenshuis agendapunt B.6","dc_type":"bijlage","foi_fairiscoreVersions":{"v1":1,"v2":1},"foi_fileName":"MvA%20technische%20voovragen%20VG%20inzake%20gegevenshuis%20agendapunt%20B.6.pdf","foi_nrPages":1},{"dc_format":"application/pdf","dc_identifier":"nl.gm1954.2c.2022.2833235-8.doc.1","dc_source":"https://api1.ibabs.eu/publicdownload.aspx?site=Beekdaelen&id=b784a497-e9ba-4cc9-9a99-395c2f594176","dc_title":"Raadsvoorstel jaarrekening 2021 en begroting 2022, 2023 - 2026 GR Gegevenshuis","dc_type":"bijlage","foi_fairiscoreVersions":{"v1":1,"v2":1},"foi_fileName":"Z%2F22%2F173087%20-%20299290%20-%205.pdf","foi_nrPages":5},{"dc_format":"application/pdf","dc_identifier":"nl.gm1954.2c.2022.2833235-8.doc.2","dc_source":"https://api1.ibabs.eu/publicdownload.aspx?site=Beekdaelen&id=36e0d44a-9488-44d1-a6e2-bfd83be75569","dc_title":"Raadsbesluit jaarrekening 2021 en begroting 2022, 2023 - 2026 GR Gegevenshuis, vastgesteld 14062022","dc_type":"bijlage","foi_fairiscoreVersions":{"v1":1,"v2":1},"foi_fileName":"Z%2F22%2F173087%20-%20299292%20-%206.pdf","foi_nrPages":1},{"dc_format":"application/pdf","dc_identifier":"nl.gm1954.2c.2022.2833235-8.doc.3","dc_source":"https://api1.ibabs.eu/publicdownload.aspx?site=Beekdaelen&id=28f75bb7-2957-4bc8-997a-6da28d450c0f","dc_title":"1. Jaarrekening 2021","dc_type":"bijlage","foi_fairiscoreVersions":{"v1":2,"v2":1},"foi_fileName":"Z%2F22%2F173087%20-%20301225%20-%201.pdf","foi_nrPages":38},{"dc_format":"application/pdf","dc_identifier":"nl.gm1954.2c.2022.2833235-8.doc.4","dc_source":"https://api1.ibabs.eu/publicdownload.aspx?site=Beekdaelen&id=ce5be879-d4e3-436e-9b43-d38ee9e86ae3","dc_title":"2. Bijgestelde begroting 2022","dc_type":"bijlage","foi_fairiscoreVersions":{"v1":2,"v2":1},"foi_fileName":"Z%2F22%2F173087%20-%20301225%20-%202.pdf","foi_nrPages":37},{"dc_format":"application/pdf","dc_identifier":"nl.gm1954.2c.2022.2833235-8.doc.5","dc_source":"https://api1.ibabs.eu/publicdownload.aspx?site=Beekdaelen&id=781a8d96-a261-4077-abb3-50ecc5d19564","dc_title":"3. Begroting 2023 - meerjarenraming","dc_type":"bijlage","foi_fairiscoreVersions":{"v1":2,"v2":1},"foi_fileName":"Z%2F22%2F173087%20-%20301225%20-%203.pdf","foi_nrPages":40},{"dc_format":"application/pdf","dc_identifier":"nl.gm1954.2c.2022.2833235-8.doc.6","dc_source":"https://api1.ibabs.eu/publicdownload.aspx?site=Beekdaelen&id=766fed85-54d4-44a0-9758-185029b2f2df","dc_title":"4. Aanbiedingsbrief Gegevenshuis","dc_type":"bijlage","foi_fairiscoreVersions":{"v1":2,"v2":2},"foi_fileName":"Z%2F22%2F173087%20-%20301225%20-%204.pdf","foi_nrPages":1}],"foi_nrDocuments":8,"foi_nrPagesInDossier":124,"foi_publishedDate":"2022-06-01","foi_retrievedDate":"2025-11-29"},{"dc_creator":"HandelingScraper_v1","dc_date_year":2022,"dc_description":"Vergadering van de Gemeente Beekdaelen op 2022-06-01. Onderdeel: Raadsvoorstel inzake jaarstukken 2021 en concept begroting 2023 GR OMNIBUZZ.","dc_identifier":"nl.gm1954.2c.2022.2833235-9","dc_publisher":"gm1954","dc_source":"https://beekdaelen.bestuurlijkeinformatie.nl/Agenda/Index/af0a01ec-4f19-4f9a-9024-6aa942f9d60f","dc_title":"Raadscommissie Bestuur en Middelen 2022-06-01 - Raadsvoorstel inzake jaarstukken 2021 en concept begroting 2023 GR OMNIBUZZ","dc_type":"2c","dc_type_description":"Vergaderstuk decentrale overheid","foi_fairiscoreVersions":{"v1":2,"v2":2},"foi_files":[{"dc_format":"application/pdf","dc_identifier":"nl.gm1954.2c.2022.2833235-9.doc.3","dc_source":"https://api1.ibabs.eu/publicdownload.aspx?site=Beekdaelen&id=b8f12908-2155-4489-bf23-3cfc4b431f8d","dc_title":"Aanbiedingsbrief Omnibuzz inzake eerste begrotingswijziging 2022, MJP 2023 en jaarrekening 2021","dc_type":"bijlage","foi_fairiscoreVersions":{"v1":1,"v2":1},"foi_fileName":"Z%2F22%2F174774%20-%20303462%20-%20Aanbiedingsbrief%20Omnibuzz%20inzake%20eerste%20begrotingswijziging%202022_%20MJP%202023%20en%20jaarrekening%202021.pdf","foi_nrPages":4},{"dc_format":"application/pdf","dc_identifier":"nl.gm1954.2c.2022.2833235-9.doc.7","dc_source":"https://api1.ibabs.eu/publicdownload.aspx?site=Beekdaelen&id=25cdd16e-fb3b-4e45-b1fa-ce47dca023a2","dc_title":"Uitganspuntennotitiebij de begroting2022-1, 2023 en meerjaren 2024-2026","dc_type":"bijlage","foi_fairiscoreVersions":{"v1":1,"v2":1},"foi_fileName":"Z%2F22%2F174774%20-%20303465%20-%20Uitganspuntennotitiebij%20de%20begroting2022-1_%202023%20en%20meerjaren%202024-2026.pdf","foi_nrPages":12},{"dc_format":"application/pdf","dc_identifier":"nl.gm1954.2c.2022.2833235-9.doc.1","dc_source":"https://api1.ibabs.eu/publicdownload.aspx?site=Beekdaelen&id=08824c8c-bc33-4420-9a32-cac6c95ddd93","dc_title":"Raadsvoorstel Omnibuzz - eerste begrotingswijziging 2022, MJP 2023 en jaarrekening 2021","dc_type":"bijlage","foi_fairiscoreVersions":{"v1":1,"v2":1},"foi_fileName":"Z%2F22%2F174774%20-%20303467%20-%20Omnibuzz%20-%20eerste%20begrotingswijziging%202022_%20MJP%202023%20en%20jaarrekening%202021.pdf","foi_nrPages":6},{"dc_format":"application/pdf","dc_identifier":"nl.gm1954.2c.2022.2833235-9.doc.2","dc_source":"https://api1.ibabs.eu/publicdownload.aspx?site=Beekdaelen&id=52224559-27ae-4742-80c1-934dd13be475","dc_title":"Raadsbesluit Omnibuzz - jaarverslag 2021, begrotingswijziging 2022-1 en begroting 2023, vastgesteld 14062022","dc_type":"bijlage","foi_fairiscoreVersions":{"v1":1,"v2":1},"foi_fileName":"Z%2F22%2F174774%20-%20303570%20-%20Omnibuzz%20-%20jaarverslag%202021_%20begrotingswijziging%202022-1%20en%20begroting%202023.pdf","foi_nrPages":1},{"dc_format":"application/pdf","dc_identifier":"nl.gm1954.2c.2022.2833235-9.doc.4","dc_source":"https://api1.ibabs.eu/publicdownload.aspx?site=Beekdaelen&id=801a3c37-68ad-490d-a3d4-9719bad0760f","dc_title":"Omnibuzz jaarverslag 2021","dc_type":"bijlage","foi_fairiscoreVersions":{"v1":2,"v2":3},"foi_fileName":"Z%2F22%2F174774%20-%20303719%20-%20Omnibuzz%20-%20jaarverslag%202021.pdf","foi_nrPages":104},{"dc_format":"application/pdf","dc_identifier":"nl.gm1954.2c.2022.2833235-9.doc.5","dc_source":"https://api1.ibabs.eu/publicdownload.aspx?site=Beekdaelen&id=76f447a3-57de-4c99-a3c6-6b1816ea20dd","dc_title":"Omnibuzz begrotingswijziging 2022-1","dc_type":"bijlage","foi_fairiscoreVersions":{"v1":2,"v2":2},"foi_fileName":"Z%2F22%2F174774%20-%20303720%20-%20Omnibuzz%20begrotingswijziging%202022-1.pdf","foi_nrPages":54},{"dc_format":"application/pdf","dc_identifier":"nl.gm1954.2c.2022.2833235-9.doc.6","dc_source":"https://api1.ibabs.eu/publicdownload.aspx?site=Beekdaelen&id=dbd0c087-be7f-4154-8f11-5be561eb0dca","dc_title":"Omnibuzz begroting 2023 + MJP 2024-2026","dc_type":"bijlage","foi_fairiscoreVersions":{"v1":2,"v2":2},"foi_fileName":"Z%2F22%2F174774%20-%20303721%20-%20Omnibuzz%20begroting%202023%20%2B%20MJP%202024-2026.pdf","foi_nrPages":68}],"foi_nrDocuments":7,"foi_nrPagesInDossier":249,"foi_publishedDate":"2022-06-01","foi_retrievedDate":"2025-11-29"},{"dc_creator":"HandelingScraper_v1","dc_date_year":2022,"dc_description":"Vergadering van de Gemeente Beekdaelen op 2022-06-02. Onderdeel: Algemeen.","dc_identifier":"nl.gm1954.2c.2022.2833337-1","dc_publisher":"gm1954","dc_source":"https://beekdaelen.bestuurlijkeinformatie.nl/Agenda/Index/7a220fe9-cf86-4266-9be1-23a961d5f8e8","dc_title":"Raadscommissie Fysieke Leefomgeving 2022-06-02 - Algemeen","dc_type":"2c","dc_type_description":"Vergaderstuk decentrale overheid","foi_fairiscoreVersions":{"v1":1,"v2":1},"foi_files":[{"dc_format":"application/pdf","dc_identifier":"nl.gm1954.2c.2022.2833337-1.doc.3","dc_source":"https://api1.ibabs.eu/publicdownload.aspx?site=Beekdaelen&id=81f18073-a587-4e1e-9d76-9d8ff20814f7","dc_title":"Schriftelijke vragen Beekdaelen Lokaal raadscie fysieke leefomgeving 2 juni 2022 - deel 2","dc_type":"bijlage","foi_fairiscoreVersions":{"v1":1,"v2":1},"foi_fileName":"Schriftelijke%20vragen%20Beekdaelen%20Lokaal%20raadscie%20fysieke%20leefomgeving%202%20juni%202022%20-%20deel%202.pdf","foi_nrPages":2},{"dc_format":"application/pdf","dc_identifier":"nl.gm1954.2c.2022.2833337-1.doc.5","dc_source":"https://api1.ibabs.eu/publicdownload.aspx?site=Beekdaelen&id=7d55e8ff-aca6-4bf0-a9ba-3fcea243e389","dc_title":"Schriftelijke vragen CDA CIE Fysieke omgeving 2-6-22","dc_type":"bijlage","foi_fairiscoreVersions":{"v1":1,"v2":1},"foi_fileName":"Schriftelijke%20vragen%20CDA%20CIE%20Fysieke%20omgeving%202-6-22.pdf","foi_nrPages":2},{"dc_format":"application/pdf","dc_identifier":"nl.gm1954.2c.2022.2833337-1.doc.2","dc_source":"https://api1.ibabs.eu/publicdownload.aspx?site=Beekdaelen&id=6fef101d-47e2-4e4f-bf99-b5b91afda6e5","dc_title":"Schriftelijke vragen fractie Beekdaelen Lokaal inzake Landschapskader","dc_type":"bijlage","foi_fairiscoreVersions":{"v1":1,"v2":1},"foi_fileName":"Schriftelijke%20vragen%20fractie%20Beekdaelen%20Lokaal%20inzake%20Landschapskader.pdf","foi_nrPages":1},{"dc_format":"application/pdf","dc_identifier":"nl.gm1954.2c.2022.2833337-1.doc.4","dc_source":"https://api1.ibabs.eu/publicdownload.aspx?site=Beekdaelen&id=15951cc3-690d-4d2e-9f63-8e90200edd95","dc_title":"Schriftelijke vragen Vernieuwingsgroep cluster fysieke leefomgeving d.d. 02 juni 2022","dc_type":"bijlage","foi_fairiscoreVersions":{"v1":1,"v2":1},"foi_fileName":"Schriftelijke%20vragen%20Vernieuwingsgroep%20cluster%20fysieke%20leefomgeving%20d.d.%2002%20juni%2020222.pdf","foi_nrPages":1},{"dc_format":"application/pdf","dc_identifier":"nl.gm1954.2c.2022.2833337-1.doc.1","dc_source":"https://api1.ibabs.eu/publicdownload.aspx?site=Beekdaelen&id=a28aa591-f3b8-4504-876d-1bb4aebca89d","dc_title":"technische voorvragen D66 mbt raadsvoorstel aankoop perceel Tiny House Beekdaelen","dc_type":"bijlage","foi_fairiscoreVersions":{"v1":1,"v2":1},"foi_fileName":"technische%20voorvragen%20D66%20mbt%20raadsvoorstel%20aankoop%20perceel%20Tiny%20House%20Beekdaelen.pdf","foi_nrPages":3}],"foi_nrDocuments":5,"foi_nrPagesInDossier":9,"foi_publishedDate":"2022-06-02","foi_retrievedDate":"2025-11-29"},{"dc_creator":"HandelingScraper_v1","dc_date_year":2022,"dc_description":"Vergadering van de Gemeente Beekdaelen op 2022-06-02. Onderdeel: Rondvraag Fysieke Leefomgeving.","dc_identifier":"nl.gm1954.2c.2022.2833337-10","dc_publisher":"gm1954","dc_source":"https://beekdaelen.bestuurlijkeinformatie.nl/Agenda/Index/7a220fe9-cf86-4266-9be1-23a961d5f8e8","dc_title":"Raadscommissie Fysieke Leefomgeving 2022-06-02 - Rondvraag Fysieke Leefomgeving","dc_type":"2c","dc_type_description":"Vergaderstuk decentrale overheid","foi_fairiscoreVersions":{"v1":2,"v2":1},"foi_files":[{"dc_format":"application/pdf","dc_identifier":"nl.gm1954.2c.2022.2833337-10.doc.2","dc_source":"https://api1.ibabs.eu/publicdownload.aspx?site=Beekdaelen&id=b230e022-7fa0-45df-9c40-65f3e5de9a64","dc_title":"beantwoording 1 mbt rondvraag.docx","dc_type":"bijlage","foi_fairiscoreVersions":{"v1":1,"v2":1},"foi_fileName":"beantwoording%201%20mbt%20rondvraag.pdf","foi_nrPages":1},{"dc_format":"application/pdf","dc_identifier":"nl.gm1954.2c.2022.2833337-10.doc.3","dc_source":"https://api1.ibabs.eu/publicdownload.aspx?site=Beekdaelen&id=0f4ce182-7361-41fa-aaff-1dd4b40e0112","dc_title":"beantwoording 2 mbt rondvraag.docx","dc_type":"bijlage","foi_fairiscoreVersions":{"v1":2,"v2":1},"foi_fileName":"beantwoording%202%20mbt%20rondvraag.pdf","foi_nrPages":2},{"dc_format":"application/pdf","dc_identifier":"nl.gm1954.2c.2022.2833337-10.doc.1","dc_source":"https://api1.ibabs.eu/publicdownload.aspx?site=Beekdaelen&id=079cc0de-25f2-4967-88c0-e6c2d4ab9390","dc_title":"Rondvraag 1.docx","dc_type":"bijlage","foi_fairiscoreVersions":{"v1":1,"v2":1},"foi_fileName":"Rondvraag%201.pdf","foi_nrPages":1}],"foi_nrDocuments":3,"foi_nrPagesInDossier":4,"foi_publishedDate":"2022-06-02","foi_retrievedDate":"2025-11-29"},{"dc_creator":"HandelingScraper_v1","dc_date_year":2022,"dc_description":"Vergadering van de Gemeente Beekdaelen op 2022-06-02. Onderdeel: Opening, mededelingen voorzitter en vaststellen agenda..","dc_identifier":"nl.gm1954.2c.2022.2833337-2","dc_publisher":"gm1954","dc_source":"https://beekdaelen.bestuurlijkeinformatie.nl/Agenda/Index/7a220fe9-cf86-4266-9be1-23a961d5f8e8","dc_title":"Raadscommissie Fysieke Leefomgeving 2022-06-02 - Opening, mededelingen voorzitter en vaststellen agenda.","dc_type":"2c","dc_type_description":"Vergaderstuk decentrale overheid","foi_fairiscoreVersions":{"v1":1,"v2":1},"foi_files":[{"dc_format":"application/pdf","dc_identifier":"nl.gm1954.2c.2022.2833337-2.doc.1","dc_source":"https://api1.ibabs.eu/publicdownload.aspx?site=Beekdaelen&id=667e0783-134e-4907-a4fc-ad1ff19f6b9c","dc_title":"Uitnodiging en voorlopige agenda cie fysieke leefomgeving 02062022","dc_type":"bijlage","foi_fairiscoreVersions":{"v1":1,"v2":1},"foi_fileName":"Uitnodiging%20en%20voorlopige%20agenda%20cie%20fysieke%20leefomgeving%2002062022.pdf","foi_nrPages":1}],"foi_nrDocuments":1,"foi_nrPagesInDossier":1,"foi_publishedDate":"2022-06-02","foi_retrievedDate":"2025-11-29"},{"dc_creator":"HandelingScraper_v1","dc_date_year":2022,"dc_description":"Vergadering van de Gemeente Beekdaelen op 2022-06-02. Onderdeel: Insprekers mbt agendapunt  project Tiny House ( dhr. van Kasteren en mevr. Geurten namens vereniging Tiny House Beekdaelen).","dc_identifier":"nl.gm1954.2c.2022.2833337-3","dc_publisher":"gm1954","dc_source":"https://beekdaelen.bestuurlijkeinformatie.nl/Agenda/Index/7a220fe9-cf86-4266-9be1-23a961d5f8e8","dc_title":"Raadscommissie Fysieke Leefomgeving 2022-06-02 - Insprekers mbt agendapunt  project Tiny House ( dhr. van Kasteren en mevr. Geurten namens vereniging Tiny House Beekdaelen)","dc_type":"2c","dc_type_description":"Vergaderstuk decentrale overheid","foi_fairiscoreVersions":{"v1":2,"v2":4},"foi_files":[{"dc_format":"application/pdf","dc_identifier":"nl.gm1954.2c.2022.2833337-3.doc.1","dc_source":"https://api1.ibabs.eu/publicdownload.aspx?site=Beekdaelen&id=d15c6d45-ea09-4b58-8791-1bf70674380c","dc_title":"Presentatie insprekers Tiny Houses","dc_type":"bijlage","foi_fairiscoreVersions":{"v1":2,"v2":4},"foi_fileName":"Presentatie%20insprekers%20Tiny%20Houses.pdf","foi_nrPages":20}],"foi_nrDocuments":1,"foi_nrPagesInDossier":20,"foi_publishedDate":"2022-06-02","foi_retrievedDate":"2025-11-29"},{"dc_creator":"HandelingScraper_v1","dc_date_year":2022,"dc_description":"Vergadering van de Gemeente Beekdaelen op 2022-06-02. Onderdeel: Vaststellen actiepuntenlijst van de gecombineerde raadscommissie Sociaal/Ruimte d.d. 22-2-2022..","dc_identifier":"nl.gm1954.2c.2022.2833337-4","dc_publisher":"gm1954","dc_source":"https://beekdaelen.bestuurlijkeinformatie.nl/Agenda/Index/7a220fe9-cf86-4266-9be1-23a961d5f8e8","dc_title":"Raadscommissie Fysieke Leefomgeving 2022-06-02 - Vaststellen actiepuntenlijst van de gecombineerde raadscommissie Sociaal/Ruimte d.d. 22-2-2022.","dc_type":"2c","dc_type_description":"Vergaderstuk decentrale overheid","foi_fairiscoreVersions":{"v1":1,"v2":1},"foi_files":[{"dc_format":"application/pdf","dc_identifier":"nl.gm1954.2c.2022.2833337-4.doc.1","dc_source":"https://api1.ibabs.eu/publicdownload.aspx?site=Beekdaelen&id=a87708d3-7aef-493e-85e2-e35cd0b6d577","dc_title":"2022 02 22 Actiepuntenlijst gecombineerde cie  d.d. 22-2-2022.","dc_type":"bijlage","foi_fairiscoreVersions":{"v1":1,"v2":1},"foi_fileName":"2022%2002%2022%20Actiepuntenlijst%20gecombineerde%20cie%20%20concept.pdf","foi_nrPages":4}],"foi_nrDocuments":1,"foi_nrPagesInDossier":4,"foi_publishedDate":"2022-06-02","foi_retrievedDate":"2025-11-29"},{"dc_creator":"HandelingScraper_v1","dc_date_year":2022,"dc_description":"Vergadering van de Gemeente Beekdaelen op 2022-06-02. Onderdeel: ambtelijke presentatie mbt  Landschapskader Beekdaelen..","dc_identifier":"nl.gm1954.2c.2022.2833337-5","dc_publisher":"gm1954","dc_source":"https://beekdaelen.bestuurlijkeinformatie.nl/Agenda/Index/7a220fe9-cf86-4266-9be1-23a961d5f8e8","dc_title":"Raadscommissie Fysieke Leefomgeving 2022-06-02 - ambtelijke presentatie mbt  Landschapskader Beekdaelen.","dc_type":"2c","dc_type_description":"Vergaderstuk decentrale overheid","foi_fairiscoreVersions":{"v1":2,"v2":3},"foi_files":[{"dc_format":"application/pdf","dc_identifier":"nl.gm1954.2c.2022.2833337-5.doc.1","dc_source":"https://api1.ibabs.eu/publicdownload.aspx?site=Beekdaelen&id=dd320332-5644-44f6-ae9e-7c039a267eab","dc_title":"20220602 Pres Cie Fysieke Leefomgeving","dc_type":"bijlage","foi_fairiscoreVersions":{"v1":2,"v2":3},"foi_fileName":"20220602%20Pres%20Cie%20Fysieke%20Leefomgeving.pdf","foi_nrPages":25}],"foi_nrDocuments":1,"foi_nrPagesInDossier":25,"foi_publishedDate":"2022-06-02","foi_retrievedDate":"2025-11-29"},{"dc_creator":"HandelingScraper_v1","dc_date_year":2022,"dc_description":"Vergadering van de Gemeente Beekdaelen op 2022-06-02. Onderdeel: Landschapskader Beekdaelen.","dc_identifier":"nl.gm1954.2c.2022.2833337-6","dc_publisher":"gm1954","dc_source":"https://beekdaelen.bestuurlijkeinformatie.nl/Agenda/Index/7a220fe9-cf86-4266-9be1-23a961d5f8e8","dc_title":"Raadscommissie Fysieke Leefomgeving 2022-06-02 - Landschapskader Beekdaelen","dc_type":"2c","dc_type_description":"Vergaderstuk decentrale overheid","foi_fairiscoreVersions":{"v1":2,"v2":2},"foi_files":[{"dc_format":"application/pdf","dc_identifier":"nl.gm1954.2c.2022.2833337-6.doc.7","dc_source":"https://api1.ibabs.eu/publicdownload.aspx?site=Beekdaelen&id=9464c6fa-3766-48f0-abaf-4c041320d63e","dc_title":"MvA technische voorvragen CDA inzake Landschapskader","dc_type":"bijlage","foi_fairiscoreVersions":{"v1":1,"v2":1},"foi_fileName":"20220522%20EK%20LJ%20MvA%20techn%20voorvr%20CDA%20inz%20Landsch%20kader.pdf","foi_nrPages":3},{"dc_format":"application/pdf","dc_identifier":"nl.gm1954.2c.2022.2833337-6.doc.6","dc_source":"https://api1.ibabs.eu/publicdownload.aspx?site=Beekdaelen&id=aca15787-d1bb-4354-a77f-8a9f71842321","dc_title":"MvA technische voorvragen Beekdaelen Lokaal inzake Landschapskader","dc_type":"bijlage","foi_fairiscoreVersions":{"v1":1,"v2":1},"foi_fileName":"20220523%20EK_%20LJ%20MvA%20techn%20voorvr%20Beekd%20Lokaal%20inz%20Landsch%20kader.pdf","foi_nrPages":3},{"dc_format":"application/pdf","dc_identifier":"nl.gm1954.2c.2022.2833337-6.doc.8","dc_source":"https://api1.ibabs.eu/publicdownload.aspx?site=Beekdaelen&id=3725df4f-2fbb-4a6c-8195-b610b3e168bf","dc_title":"MvA techn voorvr fractie VG  inz Landschapskader","dc_type":"bijlage","foi_fairiscoreVersions":{"v1":1,"v2":1},"foi_fileName":"MvA%20techn%20voorvr%20fractie%20VG%20%20inz%20Landschapskader%20tbv%20cie%2002062022.pdf","foi_nrPages":1},{"dc_format":"application/pdf","dc_identifier":"nl.gm1954.2c.2022.2833337-6.doc.5","dc_source":"https://api1.ibabs.eu/publicdownload.aspx?site=Beekdaelen&id=94c1da35-6766-4e60-ba7d-504b28201690","dc_title":"MvA technische voorvragen VG inzake Landschapskader","dc_type":"bijlage","foi_fairiscoreVersions":{"v1":1,"v2":1},"foi_fileName":"MvA%20techn%20voorvragen%20VG%20inzake%20Landsch%20kader.pdf","foi_nrPages":3},{"dc_format":"application/pdf","dc_identifier":"nl.gm1954.2c.2022.2833337-6.doc.4","dc_source":"https://api1.ibabs.eu/publicdownload.aspx?site=Beekdaelen&id=8a2b375d-c669-43b3-b685-f65c5fdab4c9","dc_title":"Raadsinformatiebrief inzake voortgang Landschapskader Beekdaelen","dc_type":"bijlage","foi_fairiscoreVersions":{"v1":1,"v2":1},"foi_fileName":"Z%2F20%2F148781%20-%20290123%20-%20Raadsinformatiebrief%20inzake%20voortgang%20Landschapskader%20Beekdaelen.pdf","foi_nrPages":2},{"dc_format":"application/pdf","dc_identifier":"nl.gm1954.2c.2022.2833337-6.doc.1","dc_source":"https://api1.ibabs.eu/publicdownload.aspx?site=Beekdaelen&id=75259f35-4c94-4ec2-9ea7-0338190a2e1a","dc_title":"Raadsvoorstel inzake vaststelling Landschapskader Beekdaelen","dc_type":"bijlage","foi_fairiscoreVersions":{"v1":1,"v2":1},"foi_fileName":"Z%2F20%2F148781%20-%20297844%20-%20Voorstel%20inzake%20vaststelling%20Landschapskader%20Beekdaelen.pdf","foi_nrPages":3},{"dc_format":"application/pdf","dc_identifier":"nl.gm1954.2c.2022.2833337-6.doc.3","dc_source":"https://api1.ibabs.eu/publicdownload.aspx?site=Beekdaelen&id=9e7e64e1-7d39-4753-ba11-c92f330d24d0","dc_title":"Raadsbesluit Landschapskader Beekdaelen","dc_type":"bijlage","foi_fairiscoreVersions":{"v1":1,"v2":1},"foi_fileName":"Z%2F20%2F148781%20-%20297845%20-%20Landschapskader%20Beekdaelen.pdf","foi_nrPages":1},{"dc_format":"application/pdf","dc_identifier":"nl.gm1954.2c.2022.2833337-6.doc.2","dc_source":"https://api1.ibabs.eu/publicdownload.aspx?site=Beekdaelen&id=8348f3e5-e77a-454b-ba00-892cd98de069","dc_title":"Rapport Landschapskader","dc_type":"bijlage","foi_fairiscoreVersions":{"v1":2,"v2":2},"foi_fileName":"Z%2F20%2F148781%20-%20297846.pdf","foi_nrPages":22}],"foi_nrDocuments":8,"foi_nrPagesInDossier":38,"foi_publishedDate":"2022-06-02","foi_retrievedDate":"2025-11-29"},{"dc_creator":"HandelingScraper_v1","dc_date_year":2022,"dc_description":"Vergadering van de Gemeente Beekdaelen op 2022-06-02. Onderdeel: presentatie RUD mbt  nota  bodembeheer Beek, Beekdaelen, Stein 2021-2029.","dc_identifier":"nl.gm1954.2c.2022.2833337-7","dc_publisher":"gm1954","dc_source":"https://beekdaelen.bestuurlijkeinformatie.nl/Agenda/Index/7a220fe9-cf86-4266-9be1-23a961d5f8e8","dc_title":"Raadscommissie Fysieke Leefomgeving 2022-06-02 - presentatie RUD mbt  nota  bodembeheer Beek, Beekdaelen, Stein 2021-2029","dc_type":"2c","dc_type_description":"Vergaderstuk decentrale overheid","foi_fairiscoreVersions":{"v1":2,"v2":2},"foi_files":[{"dc_format":"application/pdf","dc_identifier":"nl.gm1954.2c.2022.2833337-7.doc.1","dc_source":"https://api1.ibabs.eu/publicdownload.aspx?site=Beekdaelen&id=409fb21c-6116-45b4-9eaf-5b7de408e981","dc_title":"Presentatie BKK NBB","dc_type":"bijlage","foi_fairiscoreVersions":{"v1":2,"v2":2},"foi_fileName":"Presentatie%20BKK%20NBB%2020220519.pdf","foi_nrPages":15}],"foi_nrDocuments":1,"foi_nrPagesInDossier":15,"foi_publishedDate":"2022-06-02","foi_retrievedDate":"2025-11-29"},{"dc_creator":"HandelingScraper_v1","dc_date_year":2022,"dc_description":"Vergadering van de Gemeente Beekdaelen op 2022-06-02. Onderdeel: Nota bodembeheer Beek, Beekdaelen (Nuth) en Stein 2021-2029, incl. Bodemkwaliteitskaart.","dc_identifier":"nl.gm1954.2c.2022.2833337-8","dc_publisher":"gm1954","dc_source":"https://beekdaelen.bestuurlijkeinformatie.nl/Agenda/Index/7a220fe9-cf86-4266-9be1-23a961d5f8e8","dc_title":"Raadscommissie Fysieke Leefomgeving 2022-06-02 - Nota bodembeheer Beek, Beekdaelen (Nuth) en Stein 2021-2029, incl. Bodemkwaliteitskaart","dc_type":"2c","dc_type_description":"Vergaderstuk decentrale overheid","foi_fairiscoreVersions":{"v1":2,"v2":2},"foi_files":[{"dc_format":"application/pdf","dc_identifier":"nl.gm1954.2c.2022.2833337-8.doc.4","dc_source":"https://api1.ibabs.eu/publicdownload.aspx?site=Beekdaelen&id=692b8b98-c577-4309-9232-0bd2de35bd4f","dc_title":"MvA techn. voorvragen VG inzake Bodembeheer d.d. 02 juni 2022","dc_type":"bijlage","foi_fairiscoreVersions":{"v1":1,"v2":1},"foi_fileName":"MvA%20techn.%20voorvragen%20VG%20inzake%20Bodembeheer%20d.d.%2002%20juni%202022.pdf","foi_nrPages":2},{"dc_format":"application/pdf","dc_identifier":"nl.gm1954.2c.2022.2833337-8.doc.5","dc_source":"https://api1.ibabs.eu/publicdownload.aspx?site=Beekdaelen&id=5ed92ea0-ebd4-4ed8-a3f3-8cd9b58e8d40","dc_title":"MvA techn voorvr fractie CDA inzake nota bodembeheer","dc_type":"bijlage","foi_fairiscoreVersions":{"v1":1,"v2":1},"foi_fileName":"MvA%20techn%20voorvr%20fractie%20CDA%20inzake%20nota%20bodembeheer.pdf","foi_nrPages":1},{"dc_format":"application/pdf","dc_identifier":"nl.gm1954.2c.2022.2833337-8.doc.6","dc_source":"https://api1.ibabs.eu/publicdownload.aspx?site=Beekdaelen&id=fe055f09-6a85-4757-ad04-3829465cd1f8","dc_title":"Nota Bodembeheer.pdf","dc_type":"bijlage","foi_fairiscoreVersions":{"v1":2,"v2":2},"foi_fileName":"Nota%20Bodembeheer.pdf","foi_nrPages":120},{"dc_format":"application/pdf","dc_identifier":"nl.gm1954.2c.2022.2833337-8.doc.3","dc_source":"https://api1.ibabs.eu/publicdownload.aspx?site=Beekdaelen&id=e40736b5-55a7-480d-a261-1ba0708a8afd","dc_title":"Bodemkwaliteitskaart","dc_type":"bijlage","foi_fairiscoreVersions":{"v1":2,"v2":1},"foi_fileName":"Z%2F21%2F159331%20-%20268439%20-.pdf","foi_nrPages":51},{"dc_format":"application/pdf","dc_identifier":"nl.gm1954.2c.2022.2833337-8.doc.1","dc_source":"https://api1.ibabs.eu/publicdownload.aspx?site=Beekdaelen&id=2103db02-92ec-4255-a9ab-b638244f295b","dc_title":"Raadsvoorstel inzake nota bodembeheer","dc_type":"bijlage","foi_fairiscoreVersions":{"v1":1,"v2":1},"foi_fileName":"Z%2F21%2F159331%20-%20300616%20-%20Raadsvoorstel.pdf","foi_nrPages":3},{"dc_format":"application/pdf","dc_identifier":"nl.gm1954.2c.2022.2833337-8.doc.2","dc_source":"https://api1.ibabs.eu/publicdownload.aspx?site=Beekdaelen&id=2eaf0b11-636e-4b88-8fb3-9456138a83ad","dc_title":"Raadsbesluit inzake nota bodembeheer, vastgesteld 14062022","dc_type":"bijlage","foi_fairiscoreVersions":{"v1":1,"v2":1},"foi_fileName":"Z%2F21%2F159331%20-%20300622%20-%20Raadsbesluit.pdf","foi_nrPages":1}],"foi_nrDocuments":6,"foi_nrPagesInDossier":178,"foi_publishedDate":"2022-06-02","foi_retrievedDate":"2026-03-05"},{"dc_creator":"HandelingScraper_v1","dc_date_year":2022,"dc_description":"Vergadering van de Gemeente Beekdaelen op 2022-06-02. Onderdeel: Stand van zaken project Tiny House Beekdaelen en aankoop perceel.","dc_identifier":"nl.gm1954.2c.2022.2833337-9","dc_publisher":"gm1954","dc_source":"https://beekdaelen.bestuurlijkeinformatie.nl/Agenda/Index/7a220fe9-cf86-4266-9be1-23a961d5f8e8","dc_title":"Raadscommissie Fysieke Leefomgeving 2022-06-02 - Stand van zaken project Tiny House Beekdaelen en aankoop perceel","dc_type":"2c","dc_type_description":"Vergaderstuk decentrale overheid","foi_fairiscoreVersions":{"v1":2,"v2":2},"foi_files":[{"dc_format":"application/pdf","dc_identifier":"nl.gm1954.2c.2022.2833337-9.doc.6","dc_source":"https://api1.ibabs.eu/publicdownload.aspx?site=Beekdaelen&id=81447d63-9d70-442b-b97d-abbd9a34b384","dc_title":"MVA tech. voorvr BL inzake Tiny Houses","dc_type":"bijlage","foi_fairiscoreVersions":{"v1":1,"v2":1},"foi_fileName":"MVA%20tech.%20voorvr%20BL%20inzake%20Tiny%20Houses.pdf","foi_nrPages":3},{"dc_format":"application/pdf","dc_identifier":"nl.gm1954.2c.2022.2833337-9.doc.5","dc_source":"https://api1.ibabs.eu/publicdownload.aspx?site=Beekdaelen&id=e8532617-7edd-4bf3-bd79-f1063e2b7fa3","dc_title":"MvA techn voorvr fractie VG mbt Tiny Houses","dc_type":"bijlage","foi_fairiscoreVersions":{"v1":1,"v2":1},"foi_fileName":"MvA%20techn%20voorvr%20fractie%20VG%20mbt%20Tiny%20Houses%20cie%2002062022.pdf","foi_nrPages":2},{"dc_format":"application/pdf","dc_identifier":"nl.gm1954.2c.2022.2833337-9.doc.4","dc_source":"https://api1.ibabs.eu/publicdownload.aspx?site=Beekdaelen&id=a67edf3e-62ed-43ca-8f78-43dd66e06bcd","dc_title":"MvA technische vragen D66 inzake Tiny Houses","dc_type":"bijlage","foi_fairiscoreVersions":{"v1":1,"v2":1},"foi_fileName":"MvA%20technische%20vragen%20D66%20inzake%20Tiny%20Houses.pdf","foi_nrPages":4},{"dc_format":"application/pdf","dc_identifier":"nl.gm1954.2c.2022.2833337-9.doc.1","dc_source":"https://api1.ibabs.eu/publicdownload.aspx?site=Beekdaelen&id=6728ce58-770c-45b9-8235-9ddb265530a9","dc_title":"Raadsvoorstel - Aankoop perceel ten behoeve van Tiny House project Beekdaelen VERVALLEN","dc_type":"bijlage","foi_fairiscoreVersions":{"v1":1,"v2":1},"foi_fileName":"Z%2F22%2F170402%20-%20299236%20-%20Aankoop%20perceel%20ten%20behoeve%20van%20Tiny%20House%20project%20Beekdaelen.pdf","foi_nrPages":4},{"dc_format":"application/pdf","dc_identifier":"nl.gm1954.2c.2022.2833337-9.doc.3","dc_source":"https://api1.ibabs.eu/publicdownload.aspx?site=Beekdaelen&id=4133ef6b-a4a8-4ab6-b855-95d3c9bb77a4","dc_title":"Raadsbesluit - Strategische grondaankoop t.b.v. het Tiny Houses project Beekdaelen, vastgesteld 14062022","dc_type":"bijlage","foi_fairiscoreVersions":{"v1":1,"v2":1},"foi_fileName":"Z%2F22%2F170402%20-%20299301%20-%20Strategische%20grondaankoop%20t.b.v.pdf","foi_nrPages":1},{"dc_format":"application/pdf","dc_identifier":"nl.gm1954.2c.2022.2833337-9.doc.2","dc_source":"https://api1.ibabs.eu/publicdownload.aspx?site=Beekdaelen&id=8c367b58-6ae3-4cdb-9c79-8259cd01c4e1","dc_title":"Voortgangsrapportage Tiny Houses project Beekdaelen","dc_type":"bijlage","foi_fairiscoreVersions":{"v1":3,"v2":3},"foi_fileName":"Z%2F22%2F170402%20-%20299303%20-%20Voortgangsrapportage%20Tiny%20House%20project%20Beekdaelen.pdf","foi_nrPages":49}],"foi_nrDocuments":6,"foi_nrPagesInDossier":63,"foi_publishedDate":"2022-06-02","foi_retrievedDate":"2025-12-04"},{"dc_creator":"HandelingScraper_v1","dc_date_year":2022,"dc_description":"Vergadering van de Gemeente Beekdaelen op 2022-06-14. Onderdeel: Opening.","dc_identifier":"nl.gm1954.2c.2022.2833381-1","dc_publisher":"gm1954","dc_source":"https://beekdaelen.bestuurlijkeinformatie.nl/Agenda/Index/76942b04-2d0f-44d8-b5b3-4a0b7f3dc7fb","dc_title":"Raadsvergadering 2022-06-14 - Opening","dc_type":"2c","dc_type_description":"Vergaderstuk decentrale overheid","foi_fairiscoreVersions":{"v1":1,"v2":1},"foi_files":[{"dc_format":"application/pdf","dc_identifier":"nl.gm1954.2c.2022.2833381-1.doc.1","dc_source":"https://api1.ibabs.eu/publicdownload.aspx?site=Beekdaelen&id=041a38dd-6dd7-4a6f-8cd0-92887aeb849a","dc_title":"Uitnodiging en voorlopige agenda raadsvergadering 14 juni 2022","dc_type":"bijlage","foi_fairiscoreVersions":{"v1":1,"v2":1},"foi_fileName":"Uitnodiging%20en%20voorlopige%20agenda%20raadsvergadering%2014%20juni%202022%20nieuw.pdf","foi_nrPages":2}],"foi_nrDocuments":1,"foi_nrPagesInDossier":2,"foi_publishedDate":"2022-06-14","foi_retrievedDate":"2025-12-01"},{"dc_creator":"HandelingScraper_v1","dc_date_year":2022,"dc_description":"Vergadering van de Gemeente Beekdaelen op 2022-06-14. Onderdeel: Voorstel inzake begroting 2023 en MJR 2024-2027 BsGW.","dc_identifier":"nl.gm1954.2c.2022.2833381-10","dc_publisher":"gm1954","dc_source":"https://beekdaelen.bestuurlijkeinformatie.nl/Agenda/Index/76942b04-2d0f-44d8-b5b3-4a0b7f3dc7fb","dc_title":"Raadsvergadering 2022-06-14 - Voorstel inzake begroting 2023 en MJR 2024-2027 BsGW","dc_type":"2c","dc_type_description":"Vergaderstuk decentrale overheid","foi_fairiscoreVersions":{"v1":2,"v2":1},"foi_files":[{"dc_format":"application/pdf","dc_identifier":"nl.gm1954.2c.2022.2833381-10.doc.3","dc_source":"https://api1.ibabs.eu/publicdownload.aspx?site=Beekdaelen&id=ae4bc51a-fca4-428a-8644-b4ea89743cdb","dc_title":"BsGW aanbiedingsbrief conceptbegroting 2023","dc_type":"bijlage","foi_fairiscoreVersions":{"v1":1,"v2":1},"foi_fileName":"email.pdf","foi_nrPages":2},{"dc_format":"application/pdf","dc_identifier":"nl.gm1954.2c.2022.2833381-10.doc.5","dc_source":"https://api1.ibabs.eu/publicdownload.aspx?site=Beekdaelen&id=112edae9-7122-468d-96a7-fccd80e970f3","dc_title":"BsGW aanbiedingsbrief kadernota 2023","dc_type":"bijlage","foi_fairiscoreVersions":{"v1":1,"v2":1},"foi_fileName":"email.pdf","foi_nrPages":1},{"dc_format":"application/pdf","dc_identifier":"nl.gm1954.2c.2022.2833381-10.doc.6","dc_source":"https://api1.ibabs.eu/publicdownload.aspx?site=Beekdaelen&id=201ca826-849e-4fe2-b964-b416a0865ed5","dc_title":"BsGW kadernota 2023","dc_type":"bijlage","foi_fairiscoreVersions":{"v1":2,"v2":1},"foi_fileName":"email.pdf","foi_nrPages":42},{"dc_format":"application/pdf","dc_identifier":"nl.gm1954.2c.2022.2833381-10.doc.4","dc_source":"https://api1.ibabs.eu/publicdownload.aspx?site=Beekdaelen&id=7c0033e7-1b69-43d1-9c89-bd7a5e23664c","dc_title":"BsGW conceptbegroting 2023 (versie 16 maart 2022)","dc_type":"bijlage","foi_fairiscoreVersions":{"v1":2,"v2":1},"foi_fileName":"Z%2F22%2F172423%20-%20299059%20-.pdf","foi_nrPages":78},{"dc_format":"application/pdf","dc_identifier":"nl.gm1954.2c.2022.2833381-10.doc.1","dc_source":"https://api1.ibabs.eu/publicdownload.aspx?site=Beekdaelen&id=55b36ab8-ee87-4daf-b5d3-f5fd5c7d9a90","dc_title":"Raadsvoorstel conceptbegroting BsGW 2023","dc_type":"bijlage","foi_fairiscoreVersions":{"v1":1,"v2":1},"foi_fileName":"Z%2F22%2F172423%20-%20300638%20-%20conceptbegroting%20BsGW%202023.pdf","foi_nrPages":6},{"dc_format":"application/pdf","dc_identifier":"nl.gm1954.2c.2022.2833381-10.doc.2","dc_source":"https://api1.ibabs.eu/publicdownload.aspx?site=Beekdaelen&id=a614511a-2fed-4dd6-88f5-b7399d227a06","dc_title":"Raadsbesluit conceptbegroting BsGW 2023, vastgesteld 14062022","dc_type":"bijlage","foi_fairiscoreVersions":{"v1":1,"v2":1},"foi_fileName":"Z%2F22%2F172423%20-%20300639%20-%20conceptbegroting%20BsGW%202023.pdf","foi_nrPages":1},{"dc_format":"application/pdf","dc_identifier":"nl.gm1954.2c.2022.2833381-10.doc.7","dc_source":"https://api1.ibabs.eu/publicdownload.aspx?site=Beekdaelen&id=9fb16e7c-bfd0-4660-8115-65604ce546b2","dc_title":"Brief aan BsGW intentie indienen zienswijze","dc_type":"bijlage","foi_fairiscoreVersions":{"v1":1,"v2":1},"foi_fileName":"Z%2F22%2F172423%20-%20302006%20-%20intentie%20indienen%20zienswijze.pdf","foi_nrPages":2},{"dc_format":"application/pdf","dc_identifier":"nl.gm1954.2c.2022.2833381-10.doc.8","dc_source":"https://api1.ibabs.eu/publicdownload.aspx?site=Beekdaelen&id=52e49322-2ce2-4591-b09d-a04a0c25d817","dc_title":"Brief aan BsGW zienswijze begroting en meerjarenraming 2023 - 2027","dc_type":"bijlage","foi_fairiscoreVersions":{"v1":1,"v2":1},"foi_fileName":"Z%2F22%2F172423%20-%20302007%20-%20zienswijze%20begroting%20en%20meerjarenraming%202023%20-%202027.pdf","foi_nrPages":1}],"foi_nrDocuments":8,"foi_nrPagesInDossier":133,"foi_publishedDate":"2022-06-14","foi_retrievedDate":"2026-03-05"},{"dc_creator":"HandelingScraper_v1","dc_date_year":2022,"dc_description":"Vergadering van de Gemeente Beekdaelen op 2022-06-14. Onderdeel: Voorstel inzake Nota bodembeheer Beek, Beekdaelen (Nuth) en Stein 2021-2029, incl. Bodemkwaliteitskaart.","dc_identifier":"nl.gm1954.2c.2022.2833381-11","dc_publisher":"gm1954","dc_source":"https://beekdaelen.bestuurlijkeinformatie.nl/Agenda/Index/76942b04-2d0f-44d8-b5b3-4a0b7f3dc7fb","dc_title":"Raadsvergadering 2022-06-14 - Voorstel inzake Nota bodembeheer Beek, Beekdaelen (Nuth) en Stein 2021-2029, incl. Bodemkwaliteitskaart","dc_type":"2c","dc_type_description":"Vergaderstuk decentrale overheid","foi_fairiscoreVersions":{"v1":2,"v2":2},"foi_files":[{"dc_format":"application/pdf","dc_identifier":"nl.gm1954.2c.2022.2833381-11.doc.4","dc_source":"https://api1.ibabs.eu/publicdownload.aspx?site=Beekdaelen&id=cbb9c690-68c2-4c71-80fe-d523a842b289","dc_title":"Bodemfunctieklassenkaart en bodemkwaliteitskaart","dc_type":"bijlage","foi_fairiscoreVersions":{"v1":2,"v2":1},"foi_fileName":"Bodemfunctieklassenkaart%20en%20bodemkwaliteitskaart.pdf","foi_nrPages":51},{"dc_format":"application/pdf","dc_identifier":"nl.gm1954.2c.2022.2833381-11.doc.3","dc_source":"https://api1.ibabs.eu/publicdownload.aspx?site=Beekdaelen&id=e6bcef68-752b-46fd-b304-141c656e42fa","dc_title":"Nota Bodembeheer","dc_type":"bijlage","foi_fairiscoreVersions":{"v1":2,"v2":2},"foi_fileName":"Nota%20Bodembeheer.pdf","foi_nrPages":120},{"dc_format":"application/pdf","dc_identifier":"nl.gm1954.2c.2022.2833381-11.doc.1","dc_source":"https://api1.ibabs.eu/publicdownload.aspx?site=Beekdaelen&id=2103db02-92ec-4255-a9ab-b638244f295b","dc_title":"Raadsvoorstel inzake nota bodembeheer","dc_type":"bijlage","foi_fairiscoreVersions":{"v1":1,"v2":1},"foi_fileName":"Z%2F21%2F159331%20-%20300616%20-%20Raadsvoorstel.pdf","foi_nrPages":3},{"dc_format":"application/pdf","dc_identifier":"nl.gm1954.2c.2022.2833381-11.doc.2","dc_source":"https://api1.ibabs.eu/publicdownload.aspx?site=Beekdaelen&id=2eaf0b11-636e-4b88-8fb3-9456138a83ad","dc_title":"Raadsbesluit inzake nota bodembeheer, vastgesteld 14062022","dc_type":"bijlage","foi_fairiscoreVersions":{"v1":1,"v2":1},"foi_fileName":"Z%2F21%2F159331%20-%20300622%20-%20Raadsbesluit.pdf","foi_nrPages":1}],"foi_nrDocuments":4,"foi_nrPagesInDossier":175,"foi_publishedDate":"2022-06-14","foi_retrievedDate":"2026-02-12"},{"dc_creator":"HandelingScraper_v1","dc_date_year":2022,"dc_description":"Vergadering van de Gemeente Beekdaelen op 2022-06-14. Onderdeel: Voorstel inzake Financi\u00eble jaarstukken GR Rd4..","dc_identifier":"nl.gm1954.2c.2022.2833381-12","dc_publisher":"gm1954","dc_source":"https://beekdaelen.bestuurlijkeinformatie.nl/Agenda/Index/76942b04-2d0f-44d8-b5b3-4a0b7f3dc7fb","dc_title":"Raadsvergadering 2022-06-14 - Voorstel inzake Financi\u00eble jaarstukken GR Rd4.","dc_type":"2c","dc_type_description":"Vergaderstuk decentrale overheid","foi_fairiscoreVersions":{"v1":2,"v2":2},"foi_files":[{"dc_format":"application/pdf","dc_identifier":"nl.gm1954.2c.2022.2833381-12.doc.4","dc_source":"https://api1.ibabs.eu/publicdownload.aspx?site=Beekdaelen&id=03559c8f-c48a-4d5f-b9e7-92890cfd53a1","dc_title":"Begroting 2023 & Meerjarenbegroting 2024 t/m 2026","dc_type":"bijlage","foi_fairiscoreVersions":{"v1":2,"v2":2},"foi_fileName":"begroting%202023%20%26%20Meerjarenbegroting%202024%20t%2Fm%202026.pdf","foi_nrPages":19},{"dc_format":"application/pdf","dc_identifier":"nl.gm1954.2c.2022.2833381-12.doc.5","dc_source":"https://api1.ibabs.eu/publicdownload.aspx?site=Beekdaelen&id=b4683075-a75f-409d-a99e-bbeecb0aa2c1","dc_title":"Boekwerk begroting Rd4 2023","dc_type":"bijlage","foi_fairiscoreVersions":{"v1":2,"v2":2},"foi_fileName":"begroting%20Rd4%202023.pdf","foi_nrPages":64},{"dc_format":"application/pdf","dc_identifier":"nl.gm1954.2c.2022.2833381-12.doc.3","dc_source":"https://api1.ibabs.eu/publicdownload.aspx?site=Beekdaelen&id=8373d15c-53e0-4894-94f9-b3bcd2333234","dc_title":"Aanbiedingsbrief begroting 2023 GR Rd4","dc_type":"bijlage","foi_fairiscoreVersions":{"v1":2,"v2":2},"foi_fileName":"ingekomen%20document.pdf","foi_nrPages":1},{"dc_format":"application/pdf","dc_identifier":"nl.gm1954.2c.2022.2833381-12.doc.6","dc_source":"https://api1.ibabs.eu/publicdownload.aspx?site=Beekdaelen&id=d580be28-3979-4c4e-aa8c-5ebe582ba9d9","dc_title":"Boekwerk jaarrekening Rd4  2021","dc_type":"bijlage","foi_fairiscoreVersions":{"v1":2,"v2":2},"foi_fileName":"jaarrekening%20Rd4%20%202021.pdf","foi_nrPages":48},{"dc_format":"application/pdf","dc_identifier":"nl.gm1954.2c.2022.2833381-12.doc.1","dc_source":"https://api1.ibabs.eu/publicdownload.aspx?site=Beekdaelen&id=b472ebf0-ed8f-4aec-ac54-cae31ca3bc4d","dc_title":"Raadsvoorstel inzake financi\u00eble stukken Rd4","dc_type":"bijlage","foi_fairiscoreVersions":{"v1":2,"v2":1},"foi_fileName":"Z%2F22%2F174331%20-%20302419%20-%20Financi%C3%ABle%20jaarstukken%20GR%20Rd4.pdf","foi_nrPages":3},{"dc_format":"application/pdf","dc_identifier":"nl.gm1954.2c.2022.2833381-12.doc.2","dc_source":"https://api1.ibabs.eu/publicdownload.aspx?site=Beekdaelen&id=766026c9-7f68-4300-8ca4-739123cb0ab2","dc_title":"Raadsbesluit inzake financi\u00eble stukken Rd4, vastgesteld 14062022","dc_type":"bijlage","foi_fairiscoreVersions":{"v1":1,"v2":1},"foi_fileName":"Z%2F22%2F174331%20-%20302435%20-%20Financi%C3%ABle%20jaarstukken%20GR%20Rd4.pdf","foi_nrPages":1},{"dc_format":"application/pdf","dc_identifier":"nl.gm1954.2c.2022.2833381-12.doc.7","dc_source":"https://api1.ibabs.eu/publicdownload.aspx?site=Beekdaelen&id=b00fd312-5780-430a-8f43-f37e92b4dbcc","dc_title":"Uitgaande brief aan Rd4 - gemeente ziet af van indienen zienswijze","dc_type":"bijlage","foi_fairiscoreVersions":{"v1":1,"v2":1},"foi_fileName":"Z%2F22%2F174331%20-%20302440%20-%20Financi%C3%ABle%20jaarstukken%20GR%20Rd4.pdf","foi_nrPages":1}],"foi_nrDocuments":7,"foi_nrPagesInDossier":137,"foi_publishedDate":"2022-06-14","foi_retrievedDate":"2026-02-12"},{"dc_creator":"HandelingScraper_v1","dc_date_year":2022,"dc_description":"Vergadering van de Gemeente Beekdaelen op 2022-06-14. Onderdeel: Voorstel inzake Jaarstukken 2021 en 2022 Kompas.","dc_identifier":"nl.gm1954.2c.2022.2833381-13","dc_publisher":"gm1954","dc_source":"https://beekdaelen.bestuurlijkeinformatie.nl/Agenda/Index/76942b04-2d0f-44d8-b5b3-4a0b7f3dc7fb","dc_title":"Raadsvergadering 2022-06-14 - Voorstel inzake Jaarstukken 2021 en 2022 Kompas","dc_type":"2c","dc_type_description":"Vergaderstuk decentrale overheid","foi_fairiscoreVersions":{"v1":2,"v2":2},"foi_files":[{"dc_format":"application/pdf","dc_identifier":"nl.gm1954.2c.2022.2833381-13.doc.8","dc_source":"https://api1.ibabs.eu/publicdownload.aspx?site=Beekdaelen&id=b8be9e6e-1fae-466b-a01b-76022bbccbbd","dc_title":"Advies ASD-Beekdaelen op jaarstukken Kompas 2021-2022-2023","dc_type":"bijlage","foi_fairiscoreVersions":{"v1":1,"v2":1},"foi_fileName":"Advies%20ASD-Beekdaelen%20op%20jaarstukken%20Kompas%202021-2022-2023.pdf","foi_nrPages":2},{"dc_format":"application/pdf","dc_identifier":"nl.gm1954.2c.2022.2833381-13.doc.7","dc_source":"https://api1.ibabs.eu/publicdownload.aspx?site=Beekdaelen&id=ddbc9ba8-8f91-481f-b14d-4a98a1a76a51","dc_title":"ADVIES Cli\u00ebntenraad Kompas Uitvoeringsplan 2022 2023","dc_type":"bijlage","foi_fairiscoreVersions":{"v1":1,"v2":1},"foi_fileName":"B.3%20ADVIES%20Clientenraad%20Uitvoeringsplan%202022%202023.pdf","foi_nrPages":3},{"dc_format":"application/pdf","dc_identifier":"nl.gm1954.2c.2022.2833381-13.doc.3","dc_source":"https://api1.ibabs.eu/publicdownload.aspx?site=Beekdaelen&id=dc74d1c0-d082-4b03-b20f-cea3270bb14d","dc_title":"Jaarrekening 2021 ISD Kompas","dc_type":"bijlage","foi_fairiscoreVersions":{"v1":2,"v2":1},"foi_fileName":"Z%2F22%2F173730%20-%20300935.pdf","foi_nrPages":51},{"dc_format":"application/pdf","dc_identifier":"nl.gm1954.2c.2022.2833381-13.doc.4","dc_source":"https://api1.ibabs.eu/publicdownload.aspx?site=Beekdaelen&id=551a3a40-b83a-42b0-9828-e9e536e0e471","dc_title":"Jaarverslag (beleidsverslag) 2021 ISD Kompas","dc_type":"bijlage","foi_fairiscoreVersions":{"v1":2,"v2":2},"foi_fileName":"Z%2F22%2F173730%20-%20300935.pdf","foi_nrPages":33},{"dc_format":"application/pdf","dc_identifier":"nl.gm1954.2c.2022.2833381-13.doc.5","dc_source":"https://api1.ibabs.eu/publicdownload.aspx?site=Beekdaelen&id=9a84e3d6-cb49-46aa-ae7f-5c4734630737","dc_title":"Gewijzigde begroting 2022, primitieve begroting 2023 en MJB 2024-2026 Kompas","dc_type":"bijlage","foi_fairiscoreVersions":{"v1":2,"v2":1},"foi_fileName":"Z%2F22%2F173730%20-%20300936.pdf","foi_nrPages":37},{"dc_format":"application/pdf","dc_identifier":"nl.gm1954.2c.2022.2833381-13.doc.6","dc_source":"https://api1.ibabs.eu/publicdownload.aspx?site=Beekdaelen&id=57ac533b-cde5-48ab-9a57-5904e5a32666","dc_title":"Uitvoeringsplan 2022-2023 ISD Kompas","dc_type":"bijlage","foi_fairiscoreVersions":{"v1":2,"v2":1},"foi_fileName":"Z%2F22%2F173730%20-%20300936.pdf","foi_nrPages":23},{"dc_format":"application/pdf","dc_identifier":"nl.gm1954.2c.2022.2833381-13.doc.1","dc_source":"https://api1.ibabs.eu/publicdownload.aspx?site=Beekdaelen&id=522f4ad2-3a8e-4224-8268-e2043f25ff71","dc_title":"Raadsvoorstel inz. jaarstukken 2021/2022 ISD Kompas: beleidsverslag en jaarrekening 2021, gewijzigde begroting 2022, primitieve begroting 2023, Uitvoeringsplan 2022-2023, MJB 2024-2026","dc_type":"bijlage","foi_fairiscoreVersions":{"v1":1,"v2":1},"foi_fileName":"Z%2F22%2F173730%20-%20300940%20-%20Jaarstukken%202021%2F2022%20ISD%20Kompas%3A%20beleidsverslag%20en%20jaarrekening%202021_%20gewijzigde%20begroting%202022_%20primitieve%20begroting%202023_%20Uitvoeringsplan%202022-2023_%20MJB%202024-2026.pdf","foi_nrPages":8},{"dc_format":"application/pdf","dc_identifier":"nl.gm1954.2c.2022.2833381-13.doc.2","dc_source":"https://api1.ibabs.eu/publicdownload.aspx?site=Beekdaelen&id=f34de65a-29a5-4818-959d-4a381f907e2f","dc_title":"Raadsbesluit inzake kennisname jaarstukken 2021 en 2022, vaststellen begrotingsstukken ISD Kompas, vastgesteld 140620222","dc_type":"bijlage","foi_fairiscoreVersions":{"v1":1,"v2":1},"foi_fileName":"Z%2F22%2F173730%20-%20301016%20-%20Raadsbesluit%20inzake%20jaarstukken%202021%20en%202022%20van%20ISD%20Kompas.pdf","foi_nrPages":1},{"dc_format":"application/pdf","dc_identifier":"nl.gm1954.2c.2022.2833381-13.doc.9","dc_source":"https://api1.ibabs.eu/publicdownload.aspx?site=Beekdaelen&id=c3724a74-dc19-46bc-9736-32897909eff8","dc_title":"Uitgaande brief aan Kompas inzake raadsbesluit jaarstukken 2021 en begrotingsstukken 2022","dc_type":"bijlage","foi_fairiscoreVersions":{"v1":2,"v2":1},"foi_fileName":"Z%2F22%2F173730%20-%20301024%20-%20Uitgaande%20brief%20naar%20Kompas%20inzake%20raadsbesluit%20op%20jaarstukken%202021%20en%202022.pdf","foi_nrPages":2}],"foi_nrDocuments":9,"foi_nrPagesInDossier":160,"foi_publishedDate":"2022-06-14","foi_retrievedDate":"2026-03-04"},{"dc_creator":"HandelingScraper_v1","dc_date_year":2022,"dc_description":"Vergadering van de Gemeente Beekdaelen op 2022-06-14. Onderdeel: Voorstel inzake Zienswijze Begroting GGDZL 2023.","dc_identifier":"nl.gm1954.2c.2022.2833381-14","dc_publisher":"gm1954","dc_source":"https://beekdaelen.bestuurlijkeinformatie.nl/Agenda/Index/76942b04-2d0f-44d8-b5b3-4a0b7f3dc7fb","dc_title":"Raadsvergadering 2022-06-14 - Voorstel inzake Zienswijze Begroting GGDZL 2023","dc_type":"2c","dc_type_description":"Vergaderstuk decentrale overheid","foi_fairiscoreVersions":{"v1":null,"v2":null},"foi_files":[{"dc_format":"application/pdf","dc_identifier":"nl.gm1954.2c.2022.2833381-14.doc.3","dc_source":"https://api1.ibabs.eu/publicdownload.aspx?site=Beekdaelen&id=2889b8fd-e9a1-4fbb-ac41-733382f6cfad","dc_title":"Aanbiedingsbrief begroting 2023 GGD ZL","dc_type":"bijlage","foi_fileName":"Aanbiedingsbrief%20begroting%202023%20GGD%20ZL.pdf"},{"dc_format":"application/pdf","dc_identifier":"nl.gm1954.2c.2022.2833381-14.doc.5","dc_source":"https://api1.ibabs.eu/publicdownload.aspx?site=Beekdaelen&id=fb8e731b-60bd-4dbe-bc23-f1c169e165eb","dc_title":"Begroting 2023 totaal","dc_type":"bijlage","foi_fileName":"Begroting%202023%20totaal.pdf"},{"dc_format":"application/pdf","dc_identifier":"nl.gm1954.2c.2022.2833381-14.doc.4","dc_source":"https://api1.ibabs.eu/publicdownload.aspx?site=Beekdaelen&id=6449a1aa-430f-499f-a61a-1756d12cda8f","dc_title":"Begroting GGD ZL 2023","dc_type":"bijlage","foi_fileName":"Begroting%20GGDZL%202023%20.pdf"},{"dc_format":"application/pdf","dc_identifier":"nl.gm1954.2c.2022.2833381-14.doc.6","dc_source":"https://api1.ibabs.eu/publicdownload.aspx?site=Beekdaelen&id=47c65e3f-3fa9-439e-badd-8cf565775ea0","dc_title":"Berekening bijdrage GGD per onderdeel 2023","dc_type":"bijlage","foi_fileName":"Berekening%20bijdrage%20GGD%20per%20onderdeel%202023.pdf"},{"dc_format":"application/pdf","dc_identifier":"nl.gm1954.2c.2022.2833381-14.doc.7","dc_source":"https://api1.ibabs.eu/publicdownload.aspx?site=Beekdaelen&id=5f1b8020-594f-4533-aa06-cfdea30b2c32","dc_title":"Berekening bijdrage JGZ - RVP 2023","dc_type":"bijlage","foi_fileName":"Berekening%20bijdrage%20JGZ%20-%20RVP%202023.pdf"},{"dc_format":"application/pdf","dc_identifier":"nl.gm1954.2c.2022.2833381-14.doc.8","dc_source":"https://api1.ibabs.eu/publicdownload.aspx?site=Beekdaelen&id=b1d587c4-a8a8-4f62-b928-4111d405b6b0","dc_title":"Berekening bijdrage JGZ 2023 (1)","dc_type":"bijlage","foi_fileName":"Berekening%20bijdrage%20JGZ%202023%20%281%29.pdf"},{"dc_format":"application/pdf","dc_identifier":"nl.gm1954.2c.2022.2833381-14.doc.9","dc_source":"https://api1.ibabs.eu/publicdownload.aspx?site=Beekdaelen&id=c9e11788-c318-4309-8ae0-cfc2a0f331a3","dc_title":"Berekening bijdrage programma GGD 2023","dc_type":"bijlage","foi_fileName":"Berekening%20bijdrage%20programma%20GGD%202023.pdf"},{"dc_format":"application/pdf","dc_identifier":"nl.gm1954.2c.2022.2833381-14.doc.10","dc_source":"https://api1.ibabs.eu/publicdownload.aspx?site=Beekdaelen&id=75a9f04b-df55-42a5-b6a1-a275cf9e2cac","dc_title":"Berekening bijdrage Veilig Thuis 2023","dc_type":"bijlage","foi_fileName":"Berekening%20bijdrage%20Veilig%20Thuis%202023.pdf"},{"dc_format":"application/pdf","dc_identifier":"nl.gm1954.2c.2022.2833381-14.doc.15","dc_source":"https://api1.ibabs.eu/publicdownload.aspx?site=Beekdaelen&id=29359297-dcf2-4faa-a68f-a5f75ea9b248","dc_title":"Brief aan GGD ZL inzake raadsbesluit begroting 2023","dc_type":"bijlage","foi_fileName":"Brief%20raadsbesluit%20aan%20GGD%20m.b.t.pdf"},{"dc_format":"application/pdf","dc_identifier":"nl.gm1954.2c.2022.2833381-14.doc.11","dc_source":"https://api1.ibabs.eu/publicdownload.aspx?site=Beekdaelen&id=19551297-cf1d-433c-a03f-f9367e57f2a5","dc_title":"Financi\u00eble doorkijk begroting 2023","dc_type":"bijlage","foi_fileName":"Financi%C3%ABle%20doorkijk%20begroting%202023.pdf"},{"dc_format":"application/pdf","dc_identifier":"nl.gm1954.2c.2022.2833381-14.doc.12","dc_source":"https://api1.ibabs.eu/publicdownload.aspx?site=Beekdaelen&id=46fbd8a1-0c42-42c5-895f-369f479b370f","dc_title":"Financi\u00eble paragrafen begroting 2023","dc_type":"bijlage","foi_fileName":"Financi%C3%ABle%20paragrafen%20begroting%202023.pdf"},{"dc_format":"application/pdf","dc_identifier":"nl.gm1954.2c.2022.2833381-14.doc.13","dc_source":"https://api1.ibabs.eu/publicdownload.aspx?site=Beekdaelen&id=5dee298b-11d2-4a0a-b117-8065d1361694","dc_title":"jaaroverzicht GGDZL 2021","dc_type":"bijlage","foi_fileName":"jaaroverzicht%20GGDZL%202021.pdf"},{"dc_format":"application/pdf","dc_identifier":"nl.gm1954.2c.2022.2833381-14.doc.14","dc_source":"https://api1.ibabs.eu/publicdownload.aspx?site=Beekdaelen&id=3c8b9556-80e1-4e54-93ba-5498af8933c7","dc_title":"Jaarstukken GGDZL 2021","dc_type":"bijlage","foi_fileName":"Jaarstukken%20GGDZL%202021.pdf"},{"dc_format":"application/pdf","dc_identifier":"nl.gm1954.2c.2022.2833381-14.doc.2","dc_source":"https://api1.ibabs.eu/publicdownload.aspx?site=Beekdaelen&id=849e82c8-cb85-4c0e-a06d-1eb9f2912f19","dc_title":"Raadsbesluit zienswijze begroting GGD ZL 2023, vastgesteld 14062022","dc_type":"bijlage","foi_fileName":"Raadsbesluit%20zienswijze%20begroting%20GGD%20ZL%202023.pdf"},{"dc_format":"application/pdf","dc_identifier":"nl.gm1954.2c.2022.2833381-14.doc.1","dc_source":"https://api1.ibabs.eu/publicdownload.aspx?site=Beekdaelen&id=4231a360-2988-4fc7-a9bd-2452ff83ca33","dc_title":"Raadsvoorstel zienswijze begroting GGD ZL 2023","dc_type":"bijlage","foi_fileName":"Raadsvoorstel%20zienswijze%20begroting%20GGD%20ZL%202023.pdf"}],"foi_nrDocuments":15,"foi_nrPagesInDossier":0,"foi_publishedDate":"2022-06-14","foi_retrievedDate":"2025-12-01"},{"dc_creator":"HandelingScraper_v1","dc_date_year":2022,"dc_description":"Vergadering van de Gemeente Beekdaelen op 2022-06-14. Onderdeel: Landschapskader Beekdaelen.","dc_identifier":"nl.gm1954.2c.2022.2833381-15","dc_publisher":"gm1954","dc_source":"https://beekdaelen.bestuurlijkeinformatie.nl/Agenda/Index/76942b04-2d0f-44d8-b5b3-4a0b7f3dc7fb","dc_title":"Raadsvergadering 2022-06-14 - Landschapskader Beekdaelen","dc_type":"2c","dc_type_description":"Vergaderstuk decentrale overheid","foi_fairiscoreVersions":{"v1":2,"v2":2},"foi_files":[{"dc_format":"application/pdf","dc_identifier":"nl.gm1954.2c.2022.2833381-15.doc.2","dc_source":"https://api1.ibabs.eu/publicdownload.aspx?site=Beekdaelen&id=0f841bff-04f3-4750-83a0-746ad5966a0b","dc_title":"Raadsbesluit inzake landschapskader Beekdaelen, vastgesteld 14062022","dc_type":"bijlage","foi_fairiscoreVersions":{"v1":2,"v2":1},"foi_fileName":"raadsbesluit%20landschapskader%20GEWIJIZIGD.pdf","foi_nrPages":2},{"dc_format":"application/pdf","dc_identifier":"nl.gm1954.2c.2022.2833381-15.doc.1","dc_source":"https://api1.ibabs.eu/publicdownload.aspx?site=Beekdaelen&id=cf1f1a8b-3fe0-47da-97a0-8fb436fca656","dc_title":"Raadsvoorstel inzake vaststelling Landschapskader Beekdaelen","dc_type":"bijlage","foi_fairiscoreVersions":{"v1":2,"v2":1},"foi_fileName":"Z%2F20%2F148781%20-%20297844%20-%20Voorstel%20inzake%20vaststelling%20Landschapskader%20Beekdaelen.pdf","foi_nrPages":4},{"dc_format":"application/pdf","dc_identifier":"nl.gm1954.2c.2022.2833381-15.doc.3","dc_source":"https://api1.ibabs.eu/publicdownload.aspx?site=Beekdaelen&id=97c02e5c-f74b-4b28-bef6-f037a890f016","dc_title":"Landschapskader Beekdaelen","dc_type":"bijlage","foi_fairiscoreVersions":{"v1":2,"v2":2},"foi_fileName":"Z%2F20%2F148781%20-%20297846%20-%20Landschapskader%20Beekdaelen.pdf","foi_nrPages":22}],"foi_nrDocuments":3,"foi_nrPagesInDossier":28,"foi_publishedDate":"2022-06-14","foi_retrievedDate":"2026-03-07"},{"dc_creator":"HandelingScraper_v1","dc_date_year":2022,"dc_description":"Vergadering van de Gemeente Beekdaelen op 2022-06-14. Onderdeel: Voorstel inzake aankoop perceel t.b.v. project Tiny House Beekdaelen.","dc_identifier":"nl.gm1954.2c.2022.2833381-16","dc_publisher":"gm1954","dc_source":"https://beekdaelen.bestuurlijkeinformatie.nl/Agenda/Index/76942b04-2d0f-44d8-b5b3-4a0b7f3dc7fb","dc_title":"Raadsvergadering 2022-06-14 - Voorstel inzake aankoop perceel t.b.v. project Tiny House Beekdaelen","dc_type":"2c","dc_type_description":"Vergaderstuk decentrale overheid","foi_fairiscoreVersions":{"v1":2,"v2":2},"foi_files":[{"dc_format":"application/pdf","dc_identifier":"nl.gm1954.2c.2022.2833381-16.doc.2","dc_source":"https://api1.ibabs.eu/publicdownload.aspx?site=Beekdaelen&id=51ba3aaa-a41a-4c4b-8a80-44ae6a97fce6","dc_title":"Nota van wijziging","dc_type":"bijlage","foi_fairiscoreVersions":{"v1":1,"v2":1},"foi_fileName":"Nota%20van%20wijziging.pdf","foi_nrPages":2},{"dc_format":"application/pdf","dc_identifier":"nl.gm1954.2c.2022.2833381-16.doc.3","dc_source":"https://api1.ibabs.eu/publicdownload.aspx?site=Beekdaelen&id=bdd07c86-4624-4f73-8310-4d60e7b82e05","dc_title":"Raadsvoorstel inzake aankoop perceel t.b.v. project Tiny Houses AANGEPAST","dc_type":"bijlage","foi_fairiscoreVersions":{"v1":1,"v2":1},"foi_fileName":"RVS%20inzake%20aankoop%20perceel%20t.b.v.%20project%20Tiny%20Houses%20AANGEPAST.pdf","foi_nrPages":4},{"dc_format":"application/pdf","dc_identifier":"nl.gm1954.2c.2022.2833381-16.doc.1","dc_source":"https://api1.ibabs.eu/publicdownload.aspx?site=Beekdaelen&id=6728ce58-770c-45b9-8235-9ddb265530a9","dc_title":"Raadsvoorstel - Aankoop perceel ten behoeve van Tiny House project Beekdaelen VERVALLEN","dc_type":"bijlage","foi_fairiscoreVersions":{"v1":1,"v2":1},"foi_fileName":"Z%2F22%2F170402%20-%20299236%20-%20Aankoop%20perceel%20ten%20behoeve%20van%20Tiny%20House%20project%20Beekdaelen.pdf","foi_nrPages":4},{"dc_format":"application/pdf","dc_identifier":"nl.gm1954.2c.2022.2833381-16.doc.4","dc_source":"https://api1.ibabs.eu/publicdownload.aspx?site=Beekdaelen&id=4133ef6b-a4a8-4ab6-b855-95d3c9bb77a4","dc_title":"Raadsbesluit - Strategische grondaankoop t.b.v. het Tiny Houses project Beekdaelen, vastgesteld 14062022","dc_type":"bijlage","foi_fairiscoreVersions":{"v1":1,"v2":1},"foi_fileName":"Z%2F22%2F170402%20-%20299301%20-%20Strategische%20grondaankoop%20t.b.v.pdf","foi_nrPages":1},{"dc_format":"application/pdf","dc_identifier":"nl.gm1954.2c.2022.2833381-16.doc.5","dc_source":"https://api1.ibabs.eu/publicdownload.aspx?site=Beekdaelen&id=8c367b58-6ae3-4cdb-9c79-8259cd01c4e1","dc_title":"Voortgangsrapportage Tiny Houses project Beekdaelen","dc_type":"bijlage","foi_fairiscoreVersions":{"v1":4,"v2":4},"foi_fileName":"Z%2F22%2F170402%20-%20299303%20-%20Voortgangsrapportage%20Tiny%20House%20project%20Beekdaelen.pdf","foi_nrPages":49}],"foi_nrDocuments":5,"foi_nrPagesInDossier":60,"foi_publishedDate":"2022-06-14","foi_retrievedDate":"2026-03-07"},{"dc_creator":"HandelingScraper_v1","dc_date_year":2022,"dc_description":"Vergadering van de Gemeente Beekdaelen op 2022-06-14. Onderdeel: Vaststelling lijst ingekomen stukken 27 april - 14 juni 2022.","dc_identifier":"nl.gm1954.2c.2022.2833381-17","dc_publisher":"gm1954","dc_source":"https://beekdaelen.bestuurlijkeinformatie.nl/Agenda/Index/76942b04-2d0f-44d8-b5b3-4a0b7f3dc7fb","dc_title":"Raadsvergadering 2022-06-14 - Vaststelling lijst ingekomen stukken 27 april - 14 juni 2022","dc_type":"2c","dc_type_description":"Vergaderstuk decentrale overheid","foi_fairiscoreVersions":{"v1":1,"v2":1},"foi_files":[{"dc_format":"application/pdf","dc_identifier":"nl.gm1954.2c.2022.2833381-17.doc.1","dc_source":"https://api1.ibabs.eu/publicdownload.aspx?site=Beekdaelen&id=96472ccd-e87d-4f3d-a7bd-df77da1375b9","dc_title":"Lijst ingekomen stukken raad 14062022 vastgesteld 14062022","dc_type":"bijlage","foi_fairiscoreVersions":{"v1":1,"v2":1},"foi_fileName":"Lijst%20ingekomen%20stukken%20raad%2014062022%20versie%2009.06.2022.pdf","foi_nrPages":8}],"foi_nrDocuments":1,"foi_nrPagesInDossier":8,"foi_publishedDate":"2022-06-14","foi_retrievedDate":"2026-03-03"},{"dc_creator":"HandelingScraper_v1","dc_date_year":2022,"dc_description":"Vergadering van de Gemeente Beekdaelen op 2022-06-14. Onderdeel: Vaststelling van de agenda.","dc_identifier":"nl.gm1954.2c.2022.2833381-2","dc_publisher":"gm1954","dc_source":"https://beekdaelen.bestuurlijkeinformatie.nl/Agenda/Index/76942b04-2d0f-44d8-b5b3-4a0b7f3dc7fb","dc_title":"Raadsvergadering 2022-06-14 - Vaststelling van de agenda","dc_type":"2c","dc_type_description":"Vergaderstuk decentrale overheid","foi_fairiscoreVersions":{"v1":1,"v2":1},"foi_files":[{"dc_format":"application/pdf","dc_identifier":"nl.gm1954.2c.2022.2833381-2.doc.1","dc_source":"https://api1.ibabs.eu/publicdownload.aspx?site=Beekdaelen&id=6108dc33-919d-46e8-8955-dcc4642b89ad","dc_title":"2022-12 Schrift.vragen ex art 32 PvdA inzake Tennet","dc_type":"bijlage","foi_fairiscoreVersions":{"v1":1,"v2":1},"foi_fileName":"2022-12%20Schrift.vragen%20ex%20art%2032%20PvdA%20inzake%20Tennet.pdf","foi_nrPages":1},{"dc_format":"application/pdf","dc_identifier":"nl.gm1954.2c.2022.2833381-2.doc.2","dc_source":"https://api1.ibabs.eu/publicdownload.aspx?site=Beekdaelen&id=569fd668-aa69-4f84-8977-7a601da44902","dc_title":"Vastgestelde agenda raadsvergadering 14 juni 2022","dc_type":"bijlage","foi_fairiscoreVersions":{"v1":1,"v2":1},"foi_fileName":"Vastgestelde%20agenda%20raadsvergadering%2014%20juni%202022.pdf","foi_nrPages":1}],"foi_nrDocuments":2,"foi_nrPagesInDossier":2,"foi_publishedDate":"2022-06-14","foi_retrievedDate":"2026-02-12"},{"dc_creator":"HandelingScraper_v1","dc_date_year":2022,"dc_description":"Vergadering van de Gemeente Beekdaelen op 2022-06-14. Onderdeel: Vaststellen besluitenlijsten openbare raadsvergaderingen d.d. 26 april en 23 mei 2022.","dc_identifier":"nl.gm1954.2c.2022.2833381-3","dc_publisher":"gm1954","dc_source":"https://beekdaelen.bestuurlijkeinformatie.nl/Agenda/Index/76942b04-2d0f-44d8-b5b3-4a0b7f3dc7fb","dc_title":"Raadsvergadering 2022-06-14 - Vaststellen besluitenlijsten openbare raadsvergaderingen d.d. 26 april en 23 mei 2022","dc_type":"2c","dc_type_description":"Vergaderstuk decentrale overheid","foi_fairiscoreVersions":{"v1":1,"v2":1},"foi_files":[{"dc_format":"application/pdf","dc_identifier":"nl.gm1954.2c.2022.2833381-3.doc.2","dc_source":"https://api1.ibabs.eu/publicdownload.aspx?site=Beekdaelen&id=ee31a8ac-fc3c-4f17-9a2b-a7476c0c5b80","dc_title":"Besluitenlijst raadsvergadering 23 mei 2022, vastgesteld 14062022","dc_type":"bijlage","foi_fairiscoreVersions":{"v1":1,"v2":1},"foi_fileName":"Besluitenlijst%20raadsvergadering%2023%20mei%202022.pdf","foi_nrPages":7},{"dc_format":"application/pdf","dc_identifier":"nl.gm1954.2c.2022.2833381-3.doc.1","dc_source":"https://api1.ibabs.eu/publicdownload.aspx?site=Beekdaelen&id=da97f88e-fb40-4053-a370-d85894604d82","dc_title":"Besluitenlijst raadsvergadering 26 april 2022, vastgesteld 14062022","dc_type":"bijlage","foi_fairiscoreVersions":{"v1":1,"v2":1},"foi_fileName":"Besluitenlijst%20raadsvergadering%2026%20april%202022.pdf","foi_nrPages":9}],"foi_nrDocuments":2,"foi_nrPagesInDossier":16,"foi_publishedDate":"2022-06-14","foi_retrievedDate":"2025-11-30"},{"dc_creator":"HandelingScraper_v1","dc_date_year":2022,"dc_description":"Vergadering van de Gemeente Beekdaelen op 2022-06-14. Onderdeel: Benoeming en be\u00ebdiging commissieleden.","dc_identifier":"nl.gm1954.2c.2022.2833381-4","dc_publisher":"gm1954","dc_source":"https://beekdaelen.bestuurlijkeinformatie.nl/Agenda/Index/76942b04-2d0f-44d8-b5b3-4a0b7f3dc7fb","dc_title":"Raadsvergadering 2022-06-14 - Benoeming en be\u00ebdiging commissieleden","dc_type":"2c","dc_type_description":"Vergaderstuk decentrale overheid","foi_fairiscoreVersions":{"v1":1,"v2":1},"foi_files":[{"dc_format":"application/pdf","dc_identifier":"nl.gm1954.2c.2022.2833381-4.doc.1","dc_source":"https://api1.ibabs.eu/publicdownload.aspx?site=Beekdaelen&id=4da60e48-2015-4cda-aba5-63f9886eb397","dc_title":"Raadsvoorstel inzake benoeming commissieleden VVD","dc_type":"bijlage","foi_fairiscoreVersions":{"v1":1,"v2":1},"foi_fileName":"Raadsvoorstel%20inzake%20benoeming%20commissieleden%20VVD.pdf","foi_nrPages":2},{"dc_format":"application/pdf","dc_identifier":"nl.gm1954.2c.2022.2833381-4.doc.2","dc_source":"https://api1.ibabs.eu/publicdownload.aspx?site=Beekdaelen&id=b7c1c4eb-b41a-4c57-a538-241c4559f1aa","dc_title":"Raadsbesluit inzake benoeming commissieleden VVD, vastgesteld 14062022","dc_type":"bijlage","foi_fairiscoreVersions":{"v1":1,"v2":1},"foi_fileName":"RBS%20inzake%20benoeming%20commissieleden%20VVD.pdf","foi_nrPages":1}],"foi_nrDocuments":2,"foi_nrPagesInDossier":3,"foi_publishedDate":"2022-06-14","foi_retrievedDate":"2025-11-30"},{"dc_creator":"HandelingScraper_v1","dc_date_year":2022,"dc_description":"Vergadering van de Gemeente Beekdaelen op 2022-06-14. Onderdeel: Voorstel inzake Jaarstukken 2021 en Begroting 2023 door VRZL en MCC.","dc_identifier":"nl.gm1954.2c.2022.2833381-5","dc_publisher":"gm1954","dc_source":"https://beekdaelen.bestuurlijkeinformatie.nl/Agenda/Index/76942b04-2d0f-44d8-b5b3-4a0b7f3dc7fb","dc_title":"Raadsvergadering 2022-06-14 - Voorstel inzake Jaarstukken 2021 en Begroting 2023 door VRZL en MCC","dc_type":"2c","dc_type_description":"Vergaderstuk decentrale overheid","foi_fairiscoreVersions":{"v1":2,"v2":1},"foi_files":[{"dc_format":"application/pdf","dc_identifier":"nl.gm1954.2c.2022.2833381-5.doc.3","dc_source":"https://api1.ibabs.eu/publicdownload.aspx?site=Beekdaelen&id=56eeb425-3934-4719-afc0-2c7a82d4e98c","dc_title":"Bijlage 2 - conceptbegroting 2023 VRZL","dc_type":"bijlage","foi_fairiscoreVersions":{"v1":2,"v2":1},"foi_fileName":"Z%2F22%2F173789%20-%20301068.pdf","foi_nrPages":48},{"dc_format":"application/pdf","dc_identifier":"nl.gm1954.2c.2022.2833381-5.doc.4","dc_source":"https://api1.ibabs.eu/publicdownload.aspx?site=Beekdaelen&id=9752bf9f-0176-4550-9bbc-b0377d9a976c","dc_title":"Bijlage 3 - concept jaarstukken 2021 VRZL","dc_type":"bijlage","foi_fairiscoreVersions":{"v1":2,"v2":1},"foi_fileName":"Z%2F22%2F173789%20-%20301068.pdf","foi_nrPages":76},{"dc_format":"application/pdf","dc_identifier":"nl.gm1954.2c.2022.2833381-5.doc.5","dc_source":"https://api1.ibabs.eu/publicdownload.aspx?site=Beekdaelen&id=f49543ca-bb8c-4a0d-b2d6-8a58b9428fd2","dc_title":"Bijlage 4 - concept jaardocument MCC 2021","dc_type":"bijlage","foi_fairiscoreVersions":{"v1":1,"v2":1},"foi_fileName":"Z%2F22%2F173789%20-%20301068.pdf","foi_nrPages":12},{"dc_format":"application/pdf","dc_identifier":"nl.gm1954.2c.2022.2833381-5.doc.6","dc_source":"https://api1.ibabs.eu/publicdownload.aspx?site=Beekdaelen&id=140848f9-31a6-48b8-8ffc-5885ede6c40e","dc_title":"Bijlage 5 - conceptbegroting 2023 MCC","dc_type":"bijlage","foi_fairiscoreVersions":{"v1":1,"v2":1},"foi_fileName":"Z%2F22%2F173789%20-%20301068.pdf","foi_nrPages":8},{"dc_format":"application/pdf","dc_identifier":"nl.gm1954.2c.2022.2833381-5.doc.7","dc_source":"https://api1.ibabs.eu/publicdownload.aspx?site=Beekdaelen&id=6afce4ab-229e-497c-a625-6d9f9352d2dd","dc_title":"Bijlage 6 - toelichting jaardocument MCC","dc_type":"bijlage","foi_fairiscoreVersions":{"v1":1,"v2":1},"foi_fileName":"Z%2F22%2F173789%20-%20301068.pdf","foi_nrPages":8},{"dc_format":"application/pdf","dc_identifier":"nl.gm1954.2c.2022.2833381-5.doc.1","dc_source":"https://api1.ibabs.eu/publicdownload.aspx?site=Beekdaelen&id=0f0fd67c-b1dc-48a1-aeae-2309554dbf91","dc_title":"Raadsvoorstel jaarstukken 2021 en Begroting 2023 door VRZL en MCC","dc_type":"bijlage","foi_fairiscoreVersions":{"v1":1,"v2":1},"foi_fileName":"Z%2F22%2F173789%20-%20301298%20-%20Raadsvoorstel%20-%20jaarstukken%202021%20en%20Begroting%202022%20door%20VRZL%20en%20MCC.pdf","foi_nrPages":5},{"dc_format":"application/pdf","dc_identifier":"nl.gm1954.2c.2022.2833381-5.doc.2","dc_source":"https://api1.ibabs.eu/publicdownload.aspx?site=Beekdaelen&id=a1324b3a-f011-48f6-a2f8-9bf4dfe12c83","dc_title":"Raadsbesluit jaarstukken 2021 en Begroting 2023 door VRZL en MCC, vastgesteld 14062022","dc_type":"bijlage","foi_fairiscoreVersions":{"v1":1,"v2":1},"foi_fileName":"Z%2F22%2F173789%20-%20301571%20-%20Jaarstukken%202021%20en%20Begroting%202023%20door%20VRZL%20en%20MCC.pdf","foi_nrPages":1}],"foi_nrDocuments":7,"foi_nrPagesInDossier":158,"foi_publishedDate":"2022-06-14","foi_retrievedDate":"2025-11-30"},{"dc_creator":"HandelingScraper_v1","dc_date_year":2022,"dc_description":"Vergadering van de Gemeente Beekdaelen op 2022-06-14. Onderdeel: Voorstel inzake Ontwerp-begroting 2023, meerjarenraming 2024 - 2026 RUD Zuid-Limburg en Jaarstukken 2021.","dc_identifier":"nl.gm1954.2c.2022.2833381-6","dc_publisher":"gm1954","dc_source":"https://beekdaelen.bestuurlijkeinformatie.nl/Agenda/Index/76942b04-2d0f-44d8-b5b3-4a0b7f3dc7fb","dc_title":"Raadsvergadering 2022-06-14 - Voorstel inzake Ontwerp-begroting 2023, meerjarenraming 2024 - 2026 RUD Zuid-Limburg en Jaarstukken 2021","dc_type":"2c","dc_type_description":"Vergaderstuk decentrale overheid","foi_fairiscoreVersions":{"v1":2,"v2":2},"foi_files":[{"dc_format":"application/pdf","dc_identifier":"nl.gm1954.2c.2022.2833381-6.doc.5","dc_source":"https://api1.ibabs.eu/publicdownload.aspx?site=Beekdaelen&id=c0d80080-79e0-4f5e-b4f4-2a94f3158626","dc_title":"Aanbiedingsbrief update begroting 2023 RUD ZL - 25juli2022","dc_type":"bijlage","foi_fairiscoreVersions":{"v1":2,"v2":2},"foi_fileName":"Aanbiedingsbrief%20update%20begroting%202023%20RUD%20ZL%20-%2025juli2022.pdf","foi_nrPages":1},{"dc_format":"application/pdf","dc_identifier":"nl.gm1954.2c.2022.2833381-6.doc.6","dc_source":"https://api1.ibabs.eu/publicdownload.aspx?site=Beekdaelen&id=763315c4-d9a9-4dd7-8f8e-2b73bc9cfbce","dc_title":"Geupdatete begroting 2023 en MJR 2024-2026 - 14juli2022","dc_type":"bijlage","foi_fairiscoreVersions":{"v1":2,"v2":2},"foi_fileName":"Geupdatete%20begroting%202023%20en%20MJR%202024-2026%20-%2014juli2022.pdf","foi_nrPages":54},{"dc_format":"application/pdf","dc_identifier":"nl.gm1954.2c.2022.2833381-6.doc.3","dc_source":"https://api1.ibabs.eu/publicdownload.aspx?site=Beekdaelen&id=c5a41a98-eae5-41fa-b6d2-a7cd5b807570","dc_title":"Jaarrekening 2021 RUD Zuid-Limburg","dc_type":"bijlage","foi_fairiscoreVersions":{"v1":2,"v2":1},"foi_fileName":"Jaarrekening%202021%20RUD%20Zuid-Limburg.pdf","foi_nrPages":58},{"dc_format":"application/pdf","dc_identifier":"nl.gm1954.2c.2022.2833381-6.doc.4","dc_source":"https://api1.ibabs.eu/publicdownload.aspx?site=Beekdaelen&id=c182ecc2-d5b5-4976-b52e-0b7bc9515966","dc_title":"Ontwerp-begroting 2023, meerjarenraming 2024 - 2026 RUD Zuid-Limburg (VERVALLEN)","dc_type":"bijlage","foi_fairiscoreVersions":{"v1":2,"v2":1},"foi_fileName":"Ontwerp-begroting%202023_%20meerjarenraming%202024%20-%202026%20RUD%20Zuid-Limburg.pdf","foi_nrPages":54},{"dc_format":"application/pdf","dc_identifier":"nl.gm1954.2c.2022.2833381-6.doc.2","dc_source":"https://api1.ibabs.eu/publicdownload.aspx?site=Beekdaelen&id=f5979af7-c135-499e-980b-51ea83589010","dc_title":"Raadsbesluit inzake RUD, vastgesteld 14062022","dc_type":"bijlage","foi_fairiscoreVersions":{"v1":1,"v2":1},"foi_fileName":"Raadsbesluit%20inzake%20RUD.pdf","foi_nrPages":1},{"dc_format":"application/pdf","dc_identifier":"nl.gm1954.2c.2022.2833381-6.doc.1","dc_source":"https://api1.ibabs.eu/publicdownload.aspx?site=Beekdaelen&id=4c46a7d1-8403-4a86-b678-4c32a3d7b4cc","dc_title":"Raadsvoorstel inzake RUD","dc_type":"bijlage","foi_fairiscoreVersions":{"v1":1,"v2":1},"foi_fileName":"Raadsvoorstel%20inzake%20RUD.pdf","foi_nrPages":5}],"foi_nrDocuments":6,"foi_nrPagesInDossier":173,"foi_publishedDate":"2022-06-14","foi_retrievedDate":"2026-02-13"},{"dc_creator":"HandelingScraper_v1","dc_date_year":2022,"dc_description":"Vergadering van de Gemeente Beekdaelen op 2022-06-14. Onderdeel: Voorstel inzake Ontwerpbegroting 2023 incl. MJR 2024-2026, voorl. jaarstukken 2021 en 2e begr.wijz. 2022 GR Stadsregio Parkstad Limburg.","dc_identifier":"nl.gm1954.2c.2022.2833381-7","dc_publisher":"gm1954","dc_source":"https://beekdaelen.bestuurlijkeinformatie.nl/Agenda/Index/76942b04-2d0f-44d8-b5b3-4a0b7f3dc7fb","dc_title":"Raadsvergadering 2022-06-14 - Voorstel inzake Ontwerpbegroting 2023 incl. MJR 2024-2026, voorl. jaarstukken 2021 en 2e begr.wijz. 2022 GR Stadsregio Parkstad Limburg","dc_type":"2c","dc_type_description":"Vergaderstuk decentrale overheid","foi_fairiscoreVersions":{"v1":2,"v2":1},"foi_files":[{"dc_format":"application/pdf","dc_identifier":"nl.gm1954.2c.2022.2833381-7.doc.3","dc_source":"https://api1.ibabs.eu/publicdownload.aspx?site=Beekdaelen&id=fc893399-da31-4d21-9168-b7d36965ec4f","dc_title":"Ontwerpbegroting 2023 met meerjarenraming 2024-2026","dc_type":"bijlage","foi_fairiscoreVersions":{"v1":2,"v2":1},"foi_fileName":"Z%2F22%2F174290%20-%20302252%20-%20Ontwerpbegroting%202023%20met%20meerjarenraming%202024-2026.pdf","foi_nrPages":44},{"dc_format":"application/pdf","dc_identifier":"nl.gm1954.2c.2022.2833381-7.doc.5","dc_source":"https://api1.ibabs.eu/publicdownload.aspx?site=Beekdaelen&id=a4d3356e-291e-460d-b738-f11be1bfa388","dc_title":"2e begrotingswijziging 2022 GR Stadsregio Parkstad Limburg","dc_type":"bijlage","foi_fairiscoreVersions":{"v1":1,"v2":1},"foi_fileName":"Z%2F22%2F174290%20-%20302253%20-%202e%20begrotingswijziging%202022%20GR%20Stadsregio%20Parkstad%20Limburg.pdf","foi_nrPages":1},{"dc_format":"application/pdf","dc_identifier":"nl.gm1954.2c.2022.2833381-7.doc.4","dc_source":"https://api1.ibabs.eu/publicdownload.aspx?site=Beekdaelen&id=5c83cedc-18fe-408d-a7eb-c37d35726aec","dc_title":"Voorlopige jaarstukken 2021 GR Stadsregio Parkstad Limburg","dc_type":"bijlage","foi_fairiscoreVersions":{"v1":2,"v2":1},"foi_fileName":"Z%2F22%2F174290%20-%20302254%20-%20Voorlopige%20jaarstukken%202021%20GR%20Stadsregio%20Parkstad%20Limburg.pdf","foi_nrPages":125},{"dc_format":"application/pdf","dc_identifier":"nl.gm1954.2c.2022.2833381-7.doc.1","dc_source":"https://api1.ibabs.eu/publicdownload.aspx?site=Beekdaelen&id=25017e4a-a61a-480d-bf2e-53dc4fc1a024","dc_title":"Raadsvoorstel inzake ontwerpbegr. 2023 incl. MJR 2024-2026, voorl. jaarstukken 2021 en 2e begr.wijz. 2022 GR Stadsregio Parkstad Limburg","dc_type":"bijlage","foi_fairiscoreVersions":{"v1":2,"v2":1},"foi_fileName":"Z%2F22%2F174290%20-%20302256%20-%20Ontwerpbegroting%202023%20inclusief%20meerjarenraming%202024-2026_%20voorlopige%20jaarstukken%202021%20en%202e%20begrotingswijziging%202022%20GR%20Stadsregio%20Parkstad%20Limburg.pdf","foi_nrPages":6},{"dc_format":"application/pdf","dc_identifier":"nl.gm1954.2c.2022.2833381-7.doc.2","dc_source":"https://api1.ibabs.eu/publicdownload.aspx?site=Beekdaelen&id=188b539c-b25b-4474-9400-c33f7cb9b617","dc_title":"Raadsbesluit inzake ontwerpbegr. 2023 incl. MJR 2024-2026, voorl. jaarstukken 2021 en 2e begr.wijz. 2022 GR Stadsregio Parkstad Limburg, vastgesteld 14062022","dc_type":"bijlage","foi_fairiscoreVersions":{"v1":1,"v2":1},"foi_fileName":"Z%2F22%2F174290%20-%20302257%20-%20Ontwerpbegroting%202023%20inclusief%20meerjarenraming%202024-2026_%20voorlopige%20jaarstukken%202021%20en%202e%20begrotingswijziging%202022%20GR%20Stadsregio%20Parkstad%20Limburg.pdf","foi_nrPages":1}],"foi_nrDocuments":5,"foi_nrPagesInDossier":177,"foi_publishedDate":"2022-06-14","foi_retrievedDate":"2026-02-05"},{"dc_creator":"HandelingScraper_v1","dc_date_year":2022,"dc_description":"Vergadering van de Gemeente Beekdaelen op 2022-06-14. Onderdeel: Voorstel inzake Financi\u00eble stukken GR Gegevenshuis 2022.","dc_identifier":"nl.gm1954.2c.2022.2833381-8","dc_publisher":"gm1954","dc_source":"https://beekdaelen.bestuurlijkeinformatie.nl/Agenda/Index/76942b04-2d0f-44d8-b5b3-4a0b7f3dc7fb","dc_title":"Raadsvergadering 2022-06-14 - Voorstel inzake Financi\u00eble stukken GR Gegevenshuis 2022","dc_type":"2c","dc_type_description":"Vergaderstuk decentrale overheid","foi_fairiscoreVersions":{"v1":2,"v2":2},"foi_files":[{"dc_format":"application/pdf","dc_identifier":"nl.gm1954.2c.2022.2833381-8.doc.1","dc_source":"https://api1.ibabs.eu/publicdownload.aspx?site=Beekdaelen&id=b784a497-e9ba-4cc9-9a99-395c2f594176","dc_title":"Raadsvoorstel jaarrekening 2021 en begroting 2022, 2023 - 2026 GR Gegevenshuis","dc_type":"bijlage","foi_fairiscoreVersions":{"v1":1,"v2":1},"foi_fileName":"Z%2F22%2F173087%20-%20299290%20-%205.pdf","foi_nrPages":5},{"dc_format":"application/pdf","dc_identifier":"nl.gm1954.2c.2022.2833381-8.doc.6","dc_source":"https://api1.ibabs.eu/publicdownload.aspx?site=Beekdaelen&id=36e0d44a-9488-44d1-a6e2-bfd83be75569","dc_title":"Raadsbesluit jaarrekening 2021 en begroting 2022, 2023 - 2026 GR Gegevenshuis, vastgesteld 14062022","dc_type":"bijlage","foi_fairiscoreVersions":{"v1":1,"v2":1},"foi_fileName":"Z%2F22%2F173087%20-%20299292%20-%206.pdf","foi_nrPages":1},{"dc_format":"application/pdf","dc_identifier":"nl.gm1954.2c.2022.2833381-8.doc.2","dc_source":"https://api1.ibabs.eu/publicdownload.aspx?site=Beekdaelen&id=28f75bb7-2957-4bc8-997a-6da28d450c0f","dc_title":"1. Jaarrekening 2021","dc_type":"bijlage","foi_fairiscoreVersions":{"v1":2,"v2":1},"foi_fileName":"Z%2F22%2F173087%20-%20301225%20-%201.pdf","foi_nrPages":38},{"dc_format":"application/pdf","dc_identifier":"nl.gm1954.2c.2022.2833381-8.doc.3","dc_source":"https://api1.ibabs.eu/publicdownload.aspx?site=Beekdaelen&id=ce5be879-d4e3-436e-9b43-d38ee9e86ae3","dc_title":"2. Bijgestelde begroting 2022","dc_type":"bijlage","foi_fairiscoreVersions":{"v1":2,"v2":1},"foi_fileName":"Z%2F22%2F173087%20-%20301225%20-%202.pdf","foi_nrPages":37},{"dc_format":"application/pdf","dc_identifier":"nl.gm1954.2c.2022.2833381-8.doc.4","dc_source":"https://api1.ibabs.eu/publicdownload.aspx?site=Beekdaelen&id=781a8d96-a261-4077-abb3-50ecc5d19564","dc_title":"3. Begroting 2023 - meerjarenraming","dc_type":"bijlage","foi_fairiscoreVersions":{"v1":2,"v2":1},"foi_fileName":"Z%2F22%2F173087%20-%20301225%20-%203.pdf","foi_nrPages":40},{"dc_format":"application/pdf","dc_identifier":"nl.gm1954.2c.2022.2833381-8.doc.5","dc_source":"https://api1.ibabs.eu/publicdownload.aspx?site=Beekdaelen&id=766fed85-54d4-44a0-9758-185029b2f2df","dc_title":"4. Aanbiedingsbrief Gegevenshuis","dc_type":"bijlage","foi_fairiscoreVersions":{"v1":2,"v2":2},"foi_fileName":"Z%2F22%2F173087%20-%20301225%20-%204.pdf","foi_nrPages":1}],"foi_nrDocuments":6,"foi_nrPagesInDossier":122,"foi_publishedDate":"2022-06-14","foi_retrievedDate":"2025-12-02"},{"dc_creator":"HandelingScraper_v1","dc_date_year":2022,"dc_description":"Vergadering van de Gemeente Beekdaelen op 2022-06-14. Onderdeel: Voorstel inzake jaarverslag 2021, begrotingswijziging 2022-1 en begroting 2023 + MJP 2024-2026 Omnibuzz.","dc_identifier":"nl.gm1954.2c.2022.2833381-9","dc_publisher":"gm1954","dc_source":"https://beekdaelen.bestuurlijkeinformatie.nl/Agenda/Index/76942b04-2d0f-44d8-b5b3-4a0b7f3dc7fb","dc_title":"Raadsvergadering 2022-06-14 - Voorstel inzake jaarverslag 2021, begrotingswijziging 2022-1 en begroting 2023 + MJP 2024-2026 Omnibuzz","dc_type":"2c","dc_type_description":"Vergaderstuk decentrale overheid","foi_fairiscoreVersions":{"v1":2,"v2":2},"foi_files":[{"dc_format":"application/pdf","dc_identifier":"nl.gm1954.2c.2022.2833381-9.doc.3","dc_source":"https://api1.ibabs.eu/publicdownload.aspx?site=Beekdaelen&id=b8f12908-2155-4489-bf23-3cfc4b431f8d","dc_title":"Aanbiedingsbrief Omnibuzz inzake eerste begrotingswijziging 2022, MJP 2023 en jaarrekening 2021","dc_type":"bijlage","foi_fairiscoreVersions":{"v1":1,"v2":1},"foi_fileName":"Z%2F22%2F174774%20-%20303462%20-%20Aanbiedingsbrief%20Omnibuzz%20inzake%20eerste%20begrotingswijziging%202022_%20MJP%202023%20en%20jaarrekening%202021.pdf","foi_nrPages":4},{"dc_format":"application/pdf","dc_identifier":"nl.gm1954.2c.2022.2833381-9.doc.7","dc_source":"https://api1.ibabs.eu/publicdownload.aspx?site=Beekdaelen&id=25cdd16e-fb3b-4e45-b1fa-ce47dca023a2","dc_title":"Uitganspuntennotitiebij de begroting2022-1, 2023 en meerjaren 2024-2026","dc_type":"bijlage","foi_fairiscoreVersions":{"v1":1,"v2":1},"foi_fileName":"Z%2F22%2F174774%20-%20303465%20-%20Uitganspuntennotitiebij%20de%20begroting2022-1_%202023%20en%20meerjaren%202024-2026.pdf","foi_nrPages":12},{"dc_format":"application/pdf","dc_identifier":"nl.gm1954.2c.2022.2833381-9.doc.1","dc_source":"https://api1.ibabs.eu/publicdownload.aspx?site=Beekdaelen&id=08824c8c-bc33-4420-9a32-cac6c95ddd93","dc_title":"Raadsvoorstel Omnibuzz - eerste begrotingswijziging 2022, MJP 2023 en jaarrekening 2021","dc_type":"bijlage","foi_fairiscoreVersions":{"v1":1,"v2":1},"foi_fileName":"Z%2F22%2F174774%20-%20303467%20-%20Omnibuzz%20-%20eerste%20begrotingswijziging%202022_%20MJP%202023%20en%20jaarrekening%202021.pdf","foi_nrPages":6},{"dc_format":"application/pdf","dc_identifier":"nl.gm1954.2c.2022.2833381-9.doc.2","dc_source":"https://api1.ibabs.eu/publicdownload.aspx?site=Beekdaelen&id=52224559-27ae-4742-80c1-934dd13be475","dc_title":"Raadsbesluit Omnibuzz - jaarverslag 2021, begrotingswijziging 2022-1 en begroting 2023, vastgesteld 14062022","dc_type":"bijlage","foi_fairiscoreVersions":{"v1":1,"v2":1},"foi_fileName":"Z%2F22%2F174774%20-%20303570%20-%20Omnibuzz%20-%20jaarverslag%202021_%20begrotingswijziging%202022-1%20en%20begroting%202023.pdf","foi_nrPages":1},{"dc_format":"application/pdf","dc_identifier":"nl.gm1954.2c.2022.2833381-9.doc.6","dc_source":"https://api1.ibabs.eu/publicdownload.aspx?site=Beekdaelen&id=801a3c37-68ad-490d-a3d4-9719bad0760f","dc_title":"Omnibuzz jaarverslag 2021","dc_type":"bijlage","foi_fairiscoreVersions":{"v1":2,"v2":3},"foi_fileName":"Z%2F22%2F174774%20-%20303719%20-%20Omnibuzz%20-%20jaarverslag%202021.pdf","foi_nrPages":104},{"dc_format":"application/pdf","dc_identifier":"nl.gm1954.2c.2022.2833381-9.doc.5","dc_source":"https://api1.ibabs.eu/publicdownload.aspx?site=Beekdaelen&id=76f447a3-57de-4c99-a3c6-6b1816ea20dd","dc_title":"Omnibuzz begrotingswijziging 2022-1","dc_type":"bijlage","foi_fairiscoreVersions":{"v1":2,"v2":2},"foi_fileName":"Z%2F22%2F174774%20-%20303720%20-%20Omnibuzz%20begrotingswijziging%202022-1.pdf","foi_nrPages":54},{"dc_format":"application/pdf","dc_identifier":"nl.gm1954.2c.2022.2833381-9.doc.4","dc_source":"https://api1.ibabs.eu/publicdownload.aspx?site=Beekdaelen&id=dbd0c087-be7f-4154-8f11-5be561eb0dca","dc_title":"Omnibuzz begroting 2023 + MJP 2024-2026","dc_type":"bijlage","foi_fairiscoreVersions":{"v1":2,"v2":2},"foi_fileName":"Z%2F22%2F174774%20-%20303721%20-%20Omnibuzz%20begroting%202023%20%2B%20MJP%202024-2026.pdf","foi_nrPages":68}],"foi_nrDocuments":7,"foi_nrPagesInDossier":249,"foi_publishedDate":"2022-06-14","foi_retrievedDate":"2025-11-30"},{"dc_creator":"HandelingScraper_v1","dc_date_year":2022,"dc_description":"Vergadering van de Gemeente Beekdaelen op 2022-07-12. Onderdeel: Opening.","dc_identifier":"nl.gm1954.2c.2022.2833456-1","dc_publisher":"gm1954","dc_source":"https://beekdaelen.bestuurlijkeinformatie.nl/Agenda/Index/30908be6-e550-445c-b5e7-caebf61aee4c","dc_title":"Raadsvergadering 2022-07-12 - Opening","dc_type":"2c","dc_type_description":"Vergaderstuk decentrale overheid","foi_fairiscoreVersions":{"v1":1,"v2":1},"foi_files":[{"dc_format":"application/pdf","dc_identifier":"nl.gm1954.2c.2022.2833456-1.doc.3","dc_source":"https://api1.ibabs.eu/publicdownload.aspx?site=Beekdaelen&id=fb0d7c33-af3e-430d-84a4-009aac433de8","dc_title":"Beantwoording technische vragen Vernieuwingsgroep deel 1","dc_type":"bijlage","foi_fairiscoreVersions":{"v1":1,"v2":1},"foi_fileName":"Beantwoording%20technische%20vragen%20VG%20deel%201.pdf","foi_nrPages":4},{"dc_format":"application/pdf","dc_identifier":"nl.gm1954.2c.2022.2833456-1.doc.5","dc_source":"https://api1.ibabs.eu/publicdownload.aspx?site=Beekdaelen&id=c9657a6f-e9a3-4af6-ad54-9e0ebf32ebc1","dc_title":"Beantwoording technische vragen Vernieuwingsgroep deel 2 AANGEPAST","dc_type":"bijlage","foi_fairiscoreVersions":{"v1":1,"v2":1},"foi_fileName":"Beantwoording%20technsiche%20vragen%20VG%20deel%202%20AANGEPAST.pdf","foi_nrPages":9},{"dc_format":"application/pdf","dc_identifier":"nl.gm1954.2c.2022.2833456-1.doc.7","dc_source":"https://api1.ibabs.eu/publicdownload.aspx?site=Beekdaelen&id=0b17363f-ec52-4149-a041-2613eb6e6984","dc_title":"Beantwoording vragen P&C- stukken D66","dc_type":"bijlage","foi_fairiscoreVersions":{"v1":1,"v2":1},"foi_fileName":"Beantwoording%20vragen%20P%26C-%20stukken%20D66.pdf","foi_nrPages":7},{"dc_format":"application/pdf","dc_identifier":"nl.gm1954.2c.2022.2833456-1.doc.6","dc_source":"https://api1.ibabs.eu/publicdownload.aspx?site=Beekdaelen&id=52141514-ead4-4374-806e-2a3c325982a6","dc_title":"Schrift.vragen ex art 32 D66 diverse onderwerpen en vragen inzake financi\u00eble documenten","dc_type":"bijlage","foi_fairiscoreVersions":{"v1":1,"v2":1},"foi_fileName":"Schrift.vragen%20ex%20art%2032%20D66%20diverse%20onderwerpen.pdf","foi_nrPages":4},{"dc_format":"application/pdf","dc_identifier":"nl.gm1954.2c.2022.2833456-1.doc.4","dc_source":"https://api1.ibabs.eu/publicdownload.aspx?site=Beekdaelen&id=b39859c0-cb11-4028-b407-1337aaa98317","dc_title":"Technische vervolgvragen VG m.b.t. financi\u00eble stukken juli 2022 (2)","dc_type":"bijlage","foi_fairiscoreVersions":{"v1":1,"v2":1},"foi_fileName":"Technische%20vervolgvragen%20VG%20m.b.t.%20financi%C3%ABle%20stukken%20juli%202022%20%281%29.pdf","foi_nrPages":4},{"dc_format":"application/pdf","dc_identifier":"nl.gm1954.2c.2022.2833456-1.doc.1","dc_source":"https://api1.ibabs.eu/publicdownload.aspx?site=Beekdaelen&id=a25b32cf-0961-462f-9cf5-d0d532a63a4f","dc_title":"Uitnodiging en voorlopige agenda raadsvergadering 12 juli 2022","dc_type":"bijlage","foi_fairiscoreVersions":{"v1":1,"v2":1},"foi_fileName":"Uitnodiging%20en%20voorlopige%20agenda%20raadsvergadering%2012%20juli%202022.pdf","foi_nrPages":2},{"dc_format":"application/pdf","dc_identifier":"nl.gm1954.2c.2022.2833456-1.doc.2","dc_source":"https://api1.ibabs.eu/publicdownload.aspx?site=Beekdaelen&id=2a7c4676-cbcd-4641-aae1-aa77b746a0c4","dc_title":"Vragen fractie Vernieuwingsgroep mbt burap, kadernota en jaarstukken (1)","dc_type":"bijlage","foi_fairiscoreVersions":{"v1":1,"v2":1},"foi_fileName":"Vragen%20fractie%20Vernieuwingsgroep%20mbt%20burap_%20kadernota%20en%20jaarstukken.pdf","foi_nrPages":2}],"foi_nrDocuments":7,"foi_nrPagesInDossier":32,"foi_publishedDate":"2022-07-12","foi_retrievedDate":"2025-12-02"},{"dc_creator":"HandelingScraper_v1","dc_date_year":2022,"dc_description":"Vergadering van de Gemeente Beekdaelen op 2022-07-12. Onderdeel: Jaarrekening 2021.","dc_identifier":"nl.gm1954.2c.2022.2833456-10","dc_publisher":"gm1954","dc_source":"https://beekdaelen.bestuurlijkeinformatie.nl/Agenda/Index/30908be6-e550-445c-b5e7-caebf61aee4c","dc_title":"Raadsvergadering 2022-07-12 - Jaarrekening 2021","dc_type":"2c","dc_type_description":"Vergaderstuk decentrale overheid","foi_fairiscoreVersions":{"v1":2,"v2":2},"foi_files":[{"dc_format":"application/pdf","dc_identifier":"nl.gm1954.2c.2022.2833456-10.doc.3","dc_source":"https://api1.ibabs.eu/publicdownload.aspx?site=Beekdaelen&id=81530511-8fad-43b5-a76e-7dae49d91ccc","dc_title":"Amendement PvdA inzake jaarrekening 2021-wijzigen beslispunt 3 VERWORPEN","dc_type":"bijlage","foi_fairiscoreVersions":{"v1":1,"v2":1},"foi_fileName":"Amendement%20PvdA%20inzake%20jaarrekening%202021-wijzigen%20beslispunt%203%20VERWORPEN.pdf","foi_nrPages":1},{"dc_format":"application/pdf","dc_identifier":"nl.gm1954.2c.2022.2833456-10.doc.4","dc_source":"https://api1.ibabs.eu/publicdownload.aspx?site=Beekdaelen&id=db9fc4ff-c3c6-44fd-8df7-12811fb0463f","dc_title":"Amendement PvdA inzake jaarrekening 2021 wijzigen resultaatbestemming VERWORPEN","dc_type":"bijlage","foi_fairiscoreVersions":{"v1":1,"v2":1},"foi_fileName":"Amendement%20PvdA%20inzake%20jaarrekening%202021%20wijzigen%20resultaatbestemming%20VERWORPEN.pdf","foi_nrPages":1},{"dc_format":"application/pdf","dc_identifier":"nl.gm1954.2c.2022.2833456-10.doc.6","dc_source":"https://api1.ibabs.eu/publicdownload.aspx?site=Beekdaelen&id=188b2c3e-6680-4313-b029-a8f3e84301c8","dc_title":"Gemeente Beekdaelen - accountantsverslag 2021 def (vz)","dc_type":"bijlage","foi_fairiscoreVersions":{"v1":2,"v2":2},"foi_fileName":"Gemeente%20Beekdaelen%20-%20accountantsverslag%202021%20def%20%28vz%29.pdf","foi_nrPages":27},{"dc_format":"application/pdf","dc_identifier":"nl.gm1954.2c.2022.2833456-10.doc.5","dc_source":"https://api1.ibabs.eu/publicdownload.aspx?site=Beekdaelen&id=a8e0d023-ce8d-418b-a3c9-6fe39431256a","dc_title":"Gemeente Beekdaelen - jaarstukken 2021 definitief inclusief controleverklaring (vz)","dc_type":"bijlage","foi_fairiscoreVersions":{"v1":2,"v2":1},"foi_fileName":"Gemeente%20Beekdaelen%20-%20jaarstukken%202021%20definitief%20was%20getekend%20%28vz%29.pdf","foi_nrPages":97},{"dc_format":"application/pdf","dc_identifier":"nl.gm1954.2c.2022.2833456-10.doc.1","dc_source":"https://api1.ibabs.eu/publicdownload.aspx?site=Beekdaelen&id=9dea43ae-8215-473a-8f09-ddca223df048","dc_title":"Raadsvoorstel Jaarstukken 2021","dc_type":"bijlage","foi_fairiscoreVersions":{"v1":1,"v2":1},"foi_fileName":"Z%2F22%2F175429%20-%20307063%20-%20Raadsvoorstel%20Jaarrekening%202021.pdf","foi_nrPages":5},{"dc_format":"application/pdf","dc_identifier":"nl.gm1954.2c.2022.2833456-10.doc.2","dc_source":"https://api1.ibabs.eu/publicdownload.aspx?site=Beekdaelen&id=ebe1d375-79c6-4d95-a2a3-33f2ebd9d28f","dc_title":"Raadsbesluit Jaarstukken 2021, vastgesteld 12.07.2022","dc_type":"bijlage","foi_fairiscoreVersions":{"v1":1,"v2":1},"foi_fileName":"Z%2F22%2F175429%20-%20307138%20-%20Raadsbesluit%20Jaarrekening%202021.pdf","foi_nrPages":1}],"foi_nrDocuments":6,"foi_nrPagesInDossier":132,"foi_publishedDate":"2022-07-12","foi_retrievedDate":"2026-02-12"},{"dc_creator":"HandelingScraper_v1","dc_date_year":2022,"dc_description":"Vergadering van de Gemeente Beekdaelen op 2022-07-12. Onderdeel: Burap I-2022.","dc_identifier":"nl.gm1954.2c.2022.2833456-11","dc_publisher":"gm1954","dc_source":"https://beekdaelen.bestuurlijkeinformatie.nl/Agenda/Index/30908be6-e550-445c-b5e7-caebf61aee4c","dc_title":"Raadsvergadering 2022-07-12 - Burap I-2022","dc_type":"2c","dc_type_description":"Vergaderstuk decentrale overheid","foi_fairiscoreVersions":{"v1":2,"v2":2},"foi_files":[{"dc_format":"application/pdf","dc_identifier":"nl.gm1954.2c.2022.2833456-11.doc.3","dc_source":"https://api1.ibabs.eu/publicdownload.aspx?site=Beekdaelen&id=aab7a1e4-0993-4cd2-ba5c-f64fd19dcf6d","dc_title":"1e bestuursrapportage 2022 versie 24.06.2022","dc_type":"bijlage","foi_fairiscoreVersions":{"v1":2,"v2":2},"foi_fileName":"1e%20bestuursrapportage%202022%20v.24-6.pdf","foi_nrPages":42},{"dc_format":"application/pdf","dc_identifier":"nl.gm1954.2c.2022.2833456-11.doc.6","dc_source":"https://api1.ibabs.eu/publicdownload.aspx?site=Beekdaelen&id=682657ad-cbc3-419e-94d3-f4f45b1d9d1e","dc_title":"Amendement PvdA inzake Burap krediet prijsstijging Hockeyveld VERWORPEN","dc_type":"bijlage","foi_fairiscoreVersions":{"v1":1,"v2":1},"foi_fileName":"Amendement%20PvdA%20inzake%20Burap%20krediet%20prijsstijging%20Hockeyveld%20VERWORPEN.pdf","foi_nrPages":1},{"dc_format":"application/pdf","dc_identifier":"nl.gm1954.2c.2022.2833456-11.doc.7","dc_source":"https://api1.ibabs.eu/publicdownload.aspx?site=Beekdaelen&id=fa3523fb-930b-4619-b569-a3ab682f54b7","dc_title":"Amendement PvdA inzake Burap krediet prijsstijging projecten VERWORPEN","dc_type":"bijlage","foi_fairiscoreVersions":{"v1":1,"v2":1},"foi_fileName":"Amendement%20PvdA%20inzake%20Burap%20krediet%20prijsstijging%20projecten%20VERWORPEN.pdf","foi_nrPages":1},{"dc_format":"application/pdf","dc_identifier":"nl.gm1954.2c.2022.2833456-11.doc.1","dc_source":"https://api1.ibabs.eu/publicdownload.aspx?site=Beekdaelen&id=050b0b04-c042-4daa-a477-cd88a36bf19e","dc_title":"Raadsvoorstel Burap I-2022","dc_type":"bijlage","foi_fairiscoreVersions":{"v1":1,"v2":1},"foi_fileName":"Z%2F22%2F176438%20-%20307143%20-%20Raadsvoorstel%20Burap%20I-2022.pdf","foi_nrPages":3},{"dc_format":"application/pdf","dc_identifier":"nl.gm1954.2c.2022.2833456-11.doc.2","dc_source":"https://api1.ibabs.eu/publicdownload.aspx?site=Beekdaelen&id=437bc7a5-8921-4b11-ae55-21c391dfa63b","dc_title":"Raadsbesluit Burap I-2022, vastgesteld 12.07.2022","dc_type":"bijlage","foi_fairiscoreVersions":{"v1":1,"v2":1},"foi_fileName":"Z%2F22%2F176438%20-%20307145%20-%20Raadsbesluit%20Burap%20I-2022.pdf","foi_nrPages":1},{"dc_format":"application/pdf","dc_identifier":"nl.gm1954.2c.2022.2833456-11.doc.4","dc_source":"https://api1.ibabs.eu/publicdownload.aspx?site=Beekdaelen&id=d23a0710-07a3-4b67-a6f2-482e09e83e1c","dc_title":"Begrotingsmutaties II behorende bij de eerste bestuursrapportage 2022","dc_type":"bijlage","foi_fairiscoreVersions":{"v1":1,"v2":1},"foi_fileName":"Z%2F22%2F176438%20-%20307606.pdf","foi_nrPages":2},{"dc_format":"application/pdf","dc_identifier":"nl.gm1954.2c.2022.2833456-11.doc.5","dc_source":"https://api1.ibabs.eu/publicdownload.aspx?site=Beekdaelen&id=bcf48ff5-f5ea-4867-9fb5-aa49cabbf4bb","dc_title":"Begrotingsmutaties I behorende bij de eerste bestuursrapportage 2022","dc_type":"bijlage","foi_fairiscoreVersions":{"v1":1,"v2":1},"foi_fileName":"Z%2F22%2F176438%20-%20307606%20-.pdf","foi_nrPages":1}],"foi_nrDocuments":7,"foi_nrPagesInDossier":51,"foi_publishedDate":"2022-07-12","foi_retrievedDate":"2026-03-14"},{"dc_creator":"HandelingScraper_v1","dc_date_year":2022,"dc_description":"Vergadering van de Gemeente Beekdaelen op 2022-07-12. Onderdeel: Kadernota.","dc_identifier":"nl.gm1954.2c.2022.2833456-12","dc_publisher":"gm1954","dc_source":"https://beekdaelen.bestuurlijkeinformatie.nl/Agenda/Index/30908be6-e550-445c-b5e7-caebf61aee4c","dc_title":"Raadsvergadering 2022-07-12 - Kadernota","dc_type":"2c","dc_type_description":"Vergaderstuk decentrale overheid","foi_fairiscoreVersions":{"v1":2,"v2":2},"foi_files":[{"dc_format":"application/pdf","dc_identifier":"nl.gm1954.2c.2022.2833456-12.doc.8","dc_source":"https://api1.ibabs.eu/publicdownload.aspx?site=Beekdaelen&id=cd98ec43-fb83-4517-bc31-7d0269d658de","dc_title":"Algemene beschouwingen kadernota Beekdaelen Lokaal","dc_type":"bijlage","foi_fairiscoreVersions":{"v1":2,"v2":1},"foi_fileName":"Algemene%20beschouwingen%20BL.pdf","foi_nrPages":6},{"dc_format":"application/pdf","dc_identifier":"nl.gm1954.2c.2022.2833456-12.doc.6","dc_source":"https://api1.ibabs.eu/publicdownload.aspx?site=Beekdaelen&id=adfe0568-92d5-4848-a17c-653ff8cf0b30","dc_title":"Algemene beschouwingen kadernota Vernieuwingsgroep","dc_type":"bijlage","foi_fairiscoreVersions":{"v1":1,"v2":1},"foi_fileName":"Algemene%20beschouwingen%20Vernieuwingsgroep%20kadernota.pdf","foi_nrPages":1},{"dc_format":"application/pdf","dc_identifier":"nl.gm1954.2c.2022.2833456-12.doc.5","dc_source":"https://api1.ibabs.eu/publicdownload.aspx?site=Beekdaelen&id=cc3cc68e-9aed-4dfe-8414-87d5c14cda8d","dc_title":"Algemene beschouwingen kadernota GroenLinks","dc_type":"bijlage","foi_fairiscoreVersions":{"v1":1,"v2":1},"foi_fileName":"Betoog%20kadernota%20GroenLinks%2012-7-2022.pdf","foi_nrPages":4},{"dc_format":"application/pdf","dc_identifier":"nl.gm1954.2c.2022.2833456-12.doc.10","dc_source":"https://api1.ibabs.eu/publicdownload.aspx?site=Beekdaelen&id=5a5abcc0-49e7-4549-a9fc-ef087b195239","dc_title":"Algemene beschouwingen kadernota PvdA","dc_type":"bijlage","foi_fairiscoreVersions":{"v1":1,"v2":1},"foi_fileName":"Kadernota%202022%20PvdA%20inbreng.pdf","foi_nrPages":6},{"dc_format":"application/pdf","dc_identifier":"nl.gm1954.2c.2022.2833456-12.doc.4","dc_source":"https://api1.ibabs.eu/publicdownload.aspx?site=Beekdaelen&id=924d7355-76f8-4740-acaf-ba37b4d83160","dc_title":"Kadernota 2023 na nota van wijziging","dc_type":"bijlage","foi_fairiscoreVersions":{"v1":2,"v2":2},"foi_fileName":"Kadernota%202023%20na%20nota%20van%20wijziging.pdf","foi_nrPages":19},{"dc_format":"application/pdf","dc_identifier":"nl.gm1954.2c.2022.2833456-12.doc.11","dc_source":"https://api1.ibabs.eu/publicdownload.aspx?site=Beekdaelen&id=fa99da4f-6495-45a4-bd31-4d341206ea4f","dc_title":"Motie gezamenlijke partijen inzake betrekken van kinderen bij besluitvorming UNANIEM AANGENOMEN","dc_type":"bijlage","foi_fairiscoreVersions":{"v1":1,"v2":1},"foi_fileName":"Motie%20gezamenlijke%20partijen%20inzake%20betrekken%20van%20kinderen%20bij%20besluitvorming%20UNANIEM%20AANGENOMEN.pdf","foi_nrPages":2},{"dc_format":"application/pdf","dc_identifier":"nl.gm1954.2c.2022.2833456-12.doc.17","dc_source":"https://api1.ibabs.eu/publicdownload.aspx?site=Beekdaelen&id=4eb9c17f-0e17-4e98-91f2-13b40520e6c0","dc_title":"Motie GL inzake woningen VERWORPEN","dc_type":"bijlage","foi_fairiscoreVersions":{"v1":1,"v2":1},"foi_fileName":"Motie%20GL%20inzake%20woningen%20VERWORPEN.pdf","foi_nrPages":1},{"dc_format":"application/pdf","dc_identifier":"nl.gm1954.2c.2022.2833456-12.doc.12","dc_source":"https://api1.ibabs.eu/publicdownload.aspx?site=Beekdaelen&id=f50551f0-bb86-42fd-a4e4-9e77c2a7196e","dc_title":"Motie PvdA inzake investeringen sportaccommodaties VERWORPEN","dc_type":"bijlage","foi_fairiscoreVersions":{"v1":1,"v2":1},"foi_fileName":"Motie%20PvdA%20inzake%20investeringen%20sportaccommodaties%20VERWORPEN.pdf","foi_nrPages":1},{"dc_format":"application/pdf","dc_identifier":"nl.gm1954.2c.2022.2833456-12.doc.13","dc_source":"https://api1.ibabs.eu/publicdownload.aspx?site=Beekdaelen&id=c7ac26d3-fb1d-4406-85d1-d595dd368aea","dc_title":"Motie VVD inzake accommodatiebeleid VERWORPEN","dc_type":"bijlage","foi_fairiscoreVersions":{"v1":1,"v2":1},"foi_fileName":"Motie%20VVD%20inzake%20accommodatiebeleid%20VERWORPEN.pdf","foi_nrPages":1},{"dc_format":"application/pdf","dc_identifier":"nl.gm1954.2c.2022.2833456-12.doc.14","dc_source":"https://api1.ibabs.eu/publicdownload.aspx?site=Beekdaelen&id=8b99df20-2f38-42e5-bccc-dad35946d05f","dc_title":"Motie VVD inzake Beekstraat INGETROKKEN","dc_type":"bijlage","foi_fairiscoreVersions":{"v1":1,"v2":1},"foi_fileName":"Motie%20VVD%20inzake%20Beekstraat%20INGETROKKEN.pdf","foi_nrPages":1},{"dc_format":"application/pdf","dc_identifier":"nl.gm1954.2c.2022.2833456-12.doc.15","dc_source":"https://api1.ibabs.eu/publicdownload.aspx?site=Beekdaelen&id=2e038ec4-2c95-41d5-bba5-1c4ddd794650","dc_title":"Motie VVD inzake pinautomaten INGETROKKEN","dc_type":"bijlage","foi_fairiscoreVersions":{"v1":1,"v2":1},"foi_fileName":"Motie%20VVD%20inzake%20pinautomaten%20INGETROKKEN.pdf","foi_nrPages":1},{"dc_format":"application/pdf","dc_identifier":"nl.gm1954.2c.2022.2833456-12.doc.16","dc_source":"https://api1.ibabs.eu/publicdownload.aspx?site=Beekdaelen&id=c627d30a-799b-4db2-9afc-7ec2136a7e9e","dc_title":"Motie VVD inzake woningen INGETROKKEN","dc_type":"bijlage","foi_fairiscoreVersions":{"v1":1,"v2":1},"foi_fileName":"Motie%20VVD%20inzake%20woningen%20INGETROKKEN.pdf","foi_nrPages":1},{"dc_format":"application/pdf","dc_identifier":"nl.gm1954.2c.2022.2833456-12.doc.2","dc_source":"https://api1.ibabs.eu/publicdownload.aspx?site=Beekdaelen&id=2048e769-c2b0-4d6e-ac95-62d31ae402dc","dc_title":"Nota van wijzigingen bij kadernota 2023","dc_type":"bijlage","foi_fairiscoreVersions":{"v1":1,"v2":1},"foi_fileName":"Nota%20van%20wijzigingen%20bij%20kadernota%202023.pdf","foi_nrPages":1},{"dc_format":"application/pdf","dc_identifier":"nl.gm1954.2c.2022.2833456-12.doc.3","dc_source":"https://api1.ibabs.eu/publicdownload.aspx?site=Beekdaelen&id=3e24ec66-ac40-44c6-a363-a4817dda6851","dc_title":"Raadsbesluit kadernota 2023 na nota van wijzigingen, vastgesteld 12.07.2022","dc_type":"bijlage","foi_fairiscoreVersions":{"v1":1,"v2":1},"foi_fileName":"Raadsbesluit%20kadernota%202023%20na%20nota%20van%20wijzigingen.pdf","foi_nrPages":1},{"dc_format":"application/pdf","dc_identifier":"nl.gm1954.2c.2022.2833456-12.doc.1","dc_source":"https://api1.ibabs.eu/publicdownload.aspx?site=Beekdaelen&id=bfe75e0c-0881-4b61-87ca-fec8117c893b","dc_title":"Raadsvoorstel kadernota 2023 na nota van wijzigingen","dc_type":"bijlage","foi_fairiscoreVersions":{"v1":1,"v2":1},"foi_fileName":"Raadsvoorstel%20kadernota%202023%20na%20nota%20van%20wijzigingen.pdf","foi_nrPages":3},{"dc_format":"application/pdf","dc_identifier":"nl.gm1954.2c.2022.2833456-12.doc.7","dc_source":"https://api1.ibabs.eu/publicdownload.aspx?site=Beekdaelen&id=4848ba7b-6ad8-4985-aa84-fbf6cd8ead83","dc_title":"Algemene beschouwingen kadernota VVD","dc_type":"bijlage","foi_fairiscoreVersions":{"v1":2,"v2":1},"foi_fileName":"Spreektekst%20fractie%20VVD%20kadernota%202023.pdf","foi_nrPages":3},{"dc_format":"application/pdf","dc_identifier":"nl.gm1954.2c.2022.2833456-12.doc.9","dc_source":"https://api1.ibabs.eu/publicdownload.aspx?site=Beekdaelen&id=d22609a1-396e-4420-aa70-2a405f48b77a","dc_title":"Algemene beschouwingen kadernota CDA","dc_type":"bijlage","foi_fairiscoreVersions":{"v1":1,"v2":1},"foi_fileName":"tekst%20kadernota%20CDA%20Beekdaelen.pdf","foi_nrPages":2}],"foi_nrDocuments":17,"foi_nrPagesInDossier":54,"foi_publishedDate":"2022-07-12","foi_retrievedDate":"2025-12-04"},{"dc_creator":"HandelingScraper_v1","dc_date_year":2022,"dc_description":"Vergadering van de Gemeente Beekdaelen op 2022-07-12. Onderdeel: Vaststelling lijst ingekomen stukken.","dc_identifier":"nl.gm1954.2c.2022.2833456-13","dc_publisher":"gm1954","dc_source":"https://beekdaelen.bestuurlijkeinformatie.nl/Agenda/Index/30908be6-e550-445c-b5e7-caebf61aee4c","dc_title":"Raadsvergadering 2022-07-12 - Vaststelling lijst ingekomen stukken","dc_type":"2c","dc_type_description":"Vergaderstuk decentrale overheid","foi_fairiscoreVersions":{"v1":1,"v2":1},"foi_files":[{"dc_format":"application/pdf","dc_identifier":"nl.gm1954.2c.2022.2833456-13.doc.2","dc_source":"https://api1.ibabs.eu/publicdownload.aspx?site=Beekdaelen&id=924bfa62-eef0-4433-97b0-c311e2ab3abf","dc_title":"Lijst ingekomen stukken raad versie 07.07.2022, vastgesteld 12.07.2022","dc_type":"bijlage","foi_fairiscoreVersions":{"v1":1,"v2":1},"foi_fileName":"Lijst%20ingekomen%20stukken%20raad%2012.07.2022%20versie%2007.07.2022.pdf","foi_nrPages":6},{"dc_format":"application/pdf","dc_identifier":"nl.gm1954.2c.2022.2833456-13.doc.1","dc_source":"https://api1.ibabs.eu/publicdownload.aspx?site=Beekdaelen&id=819439bb-f193-4aa2-bf00-0be3fff7ad4d","dc_title":"Lijst ingekomen stukken raad versie 28.06.2022","dc_type":"bijlage","foi_fairiscoreVersions":{"v1":1,"v2":1},"foi_fileName":"Lijst%20ingekomen%20stukken%20raad%20versie%2028.06.2022.pdf","foi_nrPages":5}],"foi_nrDocuments":2,"foi_nrPagesInDossier":11,"foi_publishedDate":"2022-07-12","foi_retrievedDate":"2025-12-06"},{"dc_creator":"HandelingScraper_v1","dc_date_year":2022,"dc_description":"Vergadering van de Gemeente Beekdaelen op 2022-07-12. Onderdeel: Vaststelling van de agenda.","dc_identifier":"nl.gm1954.2c.2022.2833456-2","dc_publisher":"gm1954","dc_source":"https://beekdaelen.bestuurlijkeinformatie.nl/Agenda/Index/30908be6-e550-445c-b5e7-caebf61aee4c","dc_title":"Raadsvergadering 2022-07-12 - Vaststelling van de agenda","dc_type":"2c","dc_type_description":"Vergaderstuk decentrale overheid","foi_fairiscoreVersions":{"v1":1,"v2":1},"foi_files":[{"dc_format":"application/pdf","dc_identifier":"nl.gm1954.2c.2022.2833456-2.doc.1","dc_source":"https://api1.ibabs.eu/publicdownload.aspx?site=Beekdaelen&id=97deedc5-4799-43a4-8b0e-33dab0d3e0a7","dc_title":"Vastgestelde agenda raadsvergadering 12 juli 2022","dc_type":"bijlage","foi_fairiscoreVersions":{"v1":1,"v2":1},"foi_fileName":"Vastgestelde%20agenda%20raadsvergadering%2012%20juli%202022.pdf","foi_nrPages":1}],"foi_nrDocuments":1,"foi_nrPagesInDossier":1,"foi_publishedDate":"2022-07-12","foi_retrievedDate":"2025-11-29"},{"dc_creator":"HandelingScraper_v1","dc_date_year":2022,"dc_description":"Vergadering van de Gemeente Beekdaelen op 2022-07-12. Onderdeel: Vaststellen besluitenlijst openbare raadsvergadering d.d. 14 juni 2022.","dc_identifier":"nl.gm1954.2c.2022.2833456-3","dc_publisher":"gm1954","dc_source":"https://beekdaelen.bestuurlijkeinformatie.nl/Agenda/Index/30908be6-e550-445c-b5e7-caebf61aee4c","dc_title":"Raadsvergadering 2022-07-12 - Vaststellen besluitenlijst openbare raadsvergadering d.d. 14 juni 2022","dc_type":"2c","dc_type_description":"Vergaderstuk decentrale overheid","foi_fairiscoreVersions":{"v1":null,"v2":null},"foi_files":[{"dc_format":"application/pdf","dc_identifier":"nl.gm1954.2c.2022.2833456-3.doc.1","dc_source":"https://api1.ibabs.eu/publicdownload.aspx?site=Beekdaelen&id=8b481ca0-b17e-4fc2-bf64-41a4a91a059a","dc_title":"Besluitenlijst raadsvergadering 14 juni 2022, vastgesteld 12.07.2022","dc_type":"bijlage","foi_fileName":"Besluitenlijst%20raadsvergadering%2014%20juni%202022.pdf"}],"foi_nrDocuments":1,"foi_nrPagesInDossier":0,"foi_publishedDate":"2022-07-12","foi_retrievedDate":"2025-11-30"},{"dc_creator":"HandelingScraper_v1","dc_date_year":2022,"dc_description":"Vergadering van de Gemeente Beekdaelen op 2022-07-12. Onderdeel: Voorstel inzake benoeming commissieleden Fractie Beekdaelen Lokaal.","dc_identifier":"nl.gm1954.2c.2022.2833456-4","dc_publisher":"gm1954","dc_source":"https://beekdaelen.bestuurlijkeinformatie.nl/Agenda/Index/30908be6-e550-445c-b5e7-caebf61aee4c","dc_title":"Raadsvergadering 2022-07-12 - Voorstel inzake benoeming commissieleden Fractie Beekdaelen Lokaal","dc_type":"2c","dc_type_description":"Vergaderstuk decentrale overheid","foi_fairiscoreVersions":{"v1":1,"v2":1},"foi_files":[{"dc_format":"application/pdf","dc_identifier":"nl.gm1954.2c.2022.2833456-4.doc.2","dc_source":"https://api1.ibabs.eu/publicdownload.aspx?site=Beekdaelen&id=92519487-4255-40c7-9a94-926ce11869e8","dc_title":"Raadsbesluit inzake benoeming commissieleden fractie Beekdaelen Lokaal, vastgesteld 12.07.2022","dc_type":"bijlage","foi_fairiscoreVersions":{"v1":1,"v2":1},"foi_fileName":"Raadsbesluit%20inzake%20benoeming%20commissieleden%20BL.pdf","foi_nrPages":1},{"dc_format":"application/pdf","dc_identifier":"nl.gm1954.2c.2022.2833456-4.doc.1","dc_source":"https://api1.ibabs.eu/publicdownload.aspx?site=Beekdaelen&id=af39f4f4-b3fa-4d6d-a641-947438992890","dc_title":"Raadsvoorstel inzake benoeming commissieleden fractie Beekdaelen Lokaal","dc_type":"bijlage","foi_fairiscoreVersions":{"v1":1,"v2":1},"foi_fileName":"Raadsvoorstel%20inzake%20benoeming%20commissieleden%20fractie%20BL.pdf","foi_nrPages":1}],"foi_nrDocuments":2,"foi_nrPagesInDossier":2,"foi_publishedDate":"2022-07-12","foi_retrievedDate":"2025-12-01"},{"dc_creator":"HandelingScraper_v1","dc_date_year":2022,"dc_description":"Vergadering van de Gemeente Beekdaelen op 2022-07-12. Onderdeel: Voorstel inzake delegatie bevoegdheid Wet Open Overheid.","dc_identifier":"nl.gm1954.2c.2022.2833456-5","dc_publisher":"gm1954","dc_source":"https://beekdaelen.bestuurlijkeinformatie.nl/Agenda/Index/30908be6-e550-445c-b5e7-caebf61aee4c","dc_title":"Raadsvergadering 2022-07-12 - Voorstel inzake delegatie bevoegdheid Wet Open Overheid","dc_type":"2c","dc_type_description":"Vergaderstuk decentrale overheid","foi_fairiscoreVersions":{"v1":null,"v2":null},"foi_files":[{"dc_format":"application/pdf","dc_identifier":"nl.gm1954.2c.2022.2833456-5.doc.2","dc_source":"https://api1.ibabs.eu/publicdownload.aspx?site=Beekdaelen&id=bf747d7a-e9ba-44b7-a8bd-71d68eadc75e","dc_title":"Raadsbesluit inzake delegatie Woo, vastgesteld 12.07.2022","dc_type":"bijlage","foi_fileName":"raadsbesluit%20Woo.pdf"},{"dc_format":"application/pdf","dc_identifier":"nl.gm1954.2c.2022.2833456-5.doc.1","dc_source":"https://api1.ibabs.eu/publicdownload.aspx?site=Beekdaelen&id=4ab54534-4c43-495c-9349-1d80cd66cf78","dc_title":"Raadsvoorstel inzake delegatie Woo","dc_type":"bijlage","foi_fileName":"Raadsvoorstel%20inzake%20delegatie%20Woo.pdf"}],"foi_nrDocuments":2,"foi_nrPagesInDossier":0,"foi_publishedDate":"2022-07-12","foi_retrievedDate":"2025-12-01"},{"dc_creator":"HandelingScraper_v1","dc_date_year":2022,"dc_description":"Vergadering van de Gemeente Beekdaelen op 2022-07-12. Onderdeel: Voorstel inzake aanpassing Verordening op de Auditcommissie gemeente Beekdaelen.","dc_identifier":"nl.gm1954.2c.2022.2833456-6","dc_publisher":"gm1954","dc_source":"https://beekdaelen.bestuurlijkeinformatie.nl/Agenda/Index/30908be6-e550-445c-b5e7-caebf61aee4c","dc_title":"Raadsvergadering 2022-07-12 - Voorstel inzake aanpassing Verordening op de Auditcommissie gemeente Beekdaelen","dc_type":"2c","dc_type_description":"Vergaderstuk decentrale overheid","foi_fairiscoreVersions":{"v1":null,"v2":null},"foi_files":[{"dc_format":"application/pdf","dc_identifier":"nl.gm1954.2c.2022.2833456-6.doc.2","dc_source":"https://api1.ibabs.eu/publicdownload.aspx?site=Beekdaelen&id=24325f43-206a-4011-887f-49aa41d89952","dc_title":"Raadsbesluit inzake aanpassing verordening auditcommissie, vastgesteld 12.07.2022","dc_type":"bijlage","foi_fileName":"Raadsbesluit%20inzake%20aanpassing%20verordening%20auditcommissie.pdf"},{"dc_format":"application/pdf","dc_identifier":"nl.gm1954.2c.2022.2833456-6.doc.1","dc_source":"https://api1.ibabs.eu/publicdownload.aspx?site=Beekdaelen&id=970873f1-5e23-42b9-9d89-fe54d1209f5f","dc_title":"Raadsvoorstel inzake aanpassing verordening auditcommissie","dc_type":"bijlage","foi_fileName":"Raadsvoorstel%20inzake%20aanpassing%20verordening%20auditcommissie.pdf"},{"dc_format":"application/pdf","dc_identifier":"nl.gm1954.2c.2022.2833456-6.doc.3","dc_source":"https://api1.ibabs.eu/publicdownload.aspx?site=Beekdaelen&id=a6eae136-46c1-40d9-9487-065930ee3d42","dc_title":"Verordening op de Auditcommissie gemeente Beekdaelen 2022, vastgesteld 12.07.2022","dc_type":"bijlage","foi_fileName":"Verordening%20op%20de%20Auditcommissie%20gemeente%20Beekdaelen%202022.pdf"}],"foi_nrDocuments":3,"foi_nrPagesInDossier":0,"foi_publishedDate":"2022-07-12","foi_retrievedDate":"2025-11-30"},{"dc_creator":"HandelingScraper_v1","dc_date_year":2022,"dc_description":"Vergadering van de Gemeente Beekdaelen op 2022-07-12. Onderdeel: Voorstel inzake aanpassing Verordening op de raadscommissies en beeldvormende bijeenkomsten.","dc_identifier":"nl.gm1954.2c.2022.2833456-7","dc_publisher":"gm1954","dc_source":"https://beekdaelen.bestuurlijkeinformatie.nl/Agenda/Index/30908be6-e550-445c-b5e7-caebf61aee4c","dc_title":"Raadsvergadering 2022-07-12 - Voorstel inzake aanpassing Verordening op de raadscommissies en beeldvormende bijeenkomsten","dc_type":"2c","dc_type_description":"Vergaderstuk decentrale overheid","foi_fairiscoreVersions":{"v1":1,"v2":1},"foi_files":[{"dc_format":"application/pdf","dc_identifier":"nl.gm1954.2c.2022.2833456-7.doc.3","dc_source":"https://api1.ibabs.eu/publicdownload.aspx?site=Beekdaelen&id=bbd1b01e-6fcc-4029-b8f5-e6d8c1f901a2","dc_title":"Gewijzigde verordening raadscommissies en beeldvormende bijeenkomsten, vastgesteld 12.07.2022","dc_type":"bijlage","foi_fairiscoreVersions":{"v1":1,"v2":1},"foi_fileName":"Concept%20gewijzigde%20verordening%20raadscommissies%20en%20beeldvormende%20bijeenkomsten%20raad%2012%20juli%202022.pdf","foi_nrPages":19},{"dc_format":"application/pdf","dc_identifier":"nl.gm1954.2c.2022.2833456-7.doc.2","dc_source":"https://api1.ibabs.eu/publicdownload.aspx?site=Beekdaelen&id=6ece7ab9-734d-4380-a67a-84cf38fec2b0","dc_title":"Raadsbesluit inzake aanpassing verordening raadscommissies, vastgesteld 12.07.2022","dc_type":"bijlage","foi_fairiscoreVersions":{"v1":1,"v2":1},"foi_fileName":"Raadsbesluit%20inzake%20aanpassing%20verordening%20raadscommissies.pdf","foi_nrPages":1},{"dc_format":"application/pdf","dc_identifier":"nl.gm1954.2c.2022.2833456-7.doc.1","dc_source":"https://api1.ibabs.eu/publicdownload.aspx?site=Beekdaelen&id=fd8bffe0-d3f8-431a-acc9-1f1d3bd7b769","dc_title":"Raadsvoorstel inzake aanpassing verordening raadscommissies","dc_type":"bijlage","foi_fairiscoreVersions":{"v1":1,"v2":1},"foi_fileName":"Raadsvoorstel%20inzake%20aanpassing%20verordening%20raadscommissies.pdf","foi_nrPages":2}],"foi_nrDocuments":3,"foi_nrPagesInDossier":22,"foi_publishedDate":"2022-07-12","foi_retrievedDate":"2025-11-30"},{"dc_creator":"HandelingScraper_v1","dc_date_year":2022,"dc_description":"Vergadering van de Gemeente Beekdaelen op 2022-07-12. Onderdeel: Voorstel inzake aanwijzen collegelid in AB Kompas.","dc_identifier":"nl.gm1954.2c.2022.2833456-8","dc_publisher":"gm1954","dc_source":"https://beekdaelen.bestuurlijkeinformatie.nl/Agenda/Index/30908be6-e550-445c-b5e7-caebf61aee4c","dc_title":"Raadsvergadering 2022-07-12 - Voorstel inzake aanwijzen collegelid in AB Kompas","dc_type":"2c","dc_type_description":"Vergaderstuk decentrale overheid","foi_fairiscoreVersions":{"v1":1,"v2":1},"foi_files":[{"dc_format":"application/pdf","dc_identifier":"nl.gm1954.2c.2022.2833456-8.doc.2","dc_source":"https://api1.ibabs.eu/publicdownload.aspx?site=Beekdaelen&id=84350b65-1b0b-454e-8031-15db005aeaab","dc_title":"Raadsbesluit inzake aanwijzen collegelid in AB ISD Kompas, vastgesteld 12.07.2022","dc_type":"bijlage","foi_fairiscoreVersions":{"v1":1,"v2":1},"foi_fileName":"Concept%20raadsbesluit%20inzake%20aanwijzen%20collegelid%20in%20AB%20ISD%20Kompas.pdf","foi_nrPages":1},{"dc_format":"application/pdf","dc_identifier":"nl.gm1954.2c.2022.2833456-8.doc.1","dc_source":"https://api1.ibabs.eu/publicdownload.aspx?site=Beekdaelen&id=692d5969-d723-4b69-85bf-57f277220372","dc_title":"Raadsvoorstel inzake aanwijzen collegelid in AB ISD Kompas","dc_type":"bijlage","foi_fairiscoreVersions":{"v1":1,"v2":1},"foi_fileName":"Raadsvoorstel%20inzake%20aanwijzen%20collegelid%20in%20AB%20ISD%20Kompas.pdf","foi_nrPages":2}],"foi_nrDocuments":2,"foi_nrPagesInDossier":3,"foi_publishedDate":"2022-07-12","foi_retrievedDate":"2025-12-29"},{"dc_creator":"HandelingScraper_v1","dc_date_year":2022,"dc_description":"Vergadering van de Gemeente Beekdaelen op 2022-07-12. Onderdeel: Voorstel inzake benoeming voorzitter Rekenkamercommissie.","dc_identifier":"nl.gm1954.2c.2022.2833456-9","dc_publisher":"gm1954","dc_source":"https://beekdaelen.bestuurlijkeinformatie.nl/Agenda/Index/30908be6-e550-445c-b5e7-caebf61aee4c","dc_title":"Raadsvergadering 2022-07-12 - Voorstel inzake benoeming voorzitter Rekenkamercommissie","dc_type":"2c","dc_type_description":"Vergaderstuk decentrale overheid","foi_fairiscoreVersions":{"v1":1,"v2":1},"foi_files":[{"dc_format":"application/pdf","dc_identifier":"nl.gm1954.2c.2022.2833456-9.doc.2","dc_source":"https://api1.ibabs.eu/publicdownload.aspx?site=Beekdaelen&id=dc93cbcf-0732-4136-beb4-05f50225cadd","dc_title":"Raadsbesluit inzake benoeming voorzitter Rekenkamercommissie, vastgesteld 12.07.2022","dc_type":"bijlage","foi_fairiscoreVersions":{"v1":1,"v2":1},"foi_fileName":"Raadsbesluit%20inzake%20benoeming%20voorzitter%20Rekenkamercommissie.pdf","foi_nrPages":1},{"dc_format":"application/pdf","dc_identifier":"nl.gm1954.2c.2022.2833456-9.doc.1","dc_source":"https://api1.ibabs.eu/publicdownload.aspx?site=Beekdaelen&id=6a0eac9d-2d4e-459e-87c9-3bee8e2ec73e","dc_title":"Raadsvoorstel inzake benoeming voorzitter Rekenkamercommissie","dc_type":"bijlage","foi_fairiscoreVersions":{"v1":1,"v2":1},"foi_fileName":"Raadsvoorstel%20inzake%20benoeming%20voorzitter%20Rekenkamercommissie.pdf","foi_nrPages":2}],"foi_nrDocuments":2,"foi_nrPagesInDossier":3,"foi_publishedDate":"2022-07-12","foi_retrievedDate":"2025-12-02"},{"dc_creator":"HandelingScraper_v1","dc_date_year":2022,"dc_description":"Vergadering van de Gemeente Beekdaelen op 2022-07-13. Onderdeel: Agenda.","dc_identifier":"nl.gm1954.2c.2022.2833525-1","dc_publisher":"gm1954","dc_source":"https://beekdaelen.bestuurlijkeinformatie.nl/Agenda/Index/73162c75-efd2-49ba-8558-a48636e064e8","dc_title":"BDN Commissie AWACS Limburg 2022-07-13 - Agenda","dc_type":"2c","dc_type_description":"Vergaderstuk decentrale overheid","foi_fairiscoreVersions":{"v1":1,"v2":1},"foi_files":[{"dc_format":"application/pdf","dc_identifier":"nl.gm1954.2c.2022.2833525-1.doc.1","dc_source":"https://api1.ibabs.eu/publicdownload.aspx?site=Beekdaelen&id=69c27548-65f4-4d6d-b50d-f8d61bd447ea","dc_title":"016-CAL-AWACS-2022","dc_type":"bijlage","foi_fairiscoreVersions":{"v1":1,"v2":1},"foi_fileName":"016-CAL-AWACS-2022.pdf","foi_nrPages":2}],"foi_nrDocuments":1,"foi_nrPagesInDossier":2,"foi_publishedDate":"2022-07-13","foi_retrievedDate":"2026-02-05"},{"dc_creator":"HandelingScraper_v1","dc_date_year":2022,"dc_description":"Vergadering van de Gemeente Beekdaelen op 2022-07-13. Onderdeel: Vliegbewegingen boven woonbebouwing van Schinveld en/of Brunssum 4e kwartaal 2021.","dc_identifier":"nl.gm1954.2c.2022.2833525-10","dc_publisher":"gm1954","dc_source":"https://beekdaelen.bestuurlijkeinformatie.nl/Agenda/Index/73162c75-efd2-49ba-8558-a48636e064e8","dc_title":"BDN Commissie AWACS Limburg 2022-07-13 - Vliegbewegingen boven woonbebouwing van Schinveld en/of Brunssum 4e kwartaal 2021","dc_type":"2c","dc_type_description":"Vergaderstuk decentrale overheid","foi_fairiscoreVersions":{"v1":1,"v2":1},"foi_files":[{"dc_format":"application/pdf","dc_identifier":"nl.gm1954.2c.2022.2833525-10.doc.1","dc_source":"https://api1.ibabs.eu/publicdownload.aspx?site=Beekdaelen&id=8b5028d8-3460-4c12-aabe-0e50bbb8d5e9","dc_title":"027-CAL-AWACS-2022-woonkernoffenders-4ekw2021","dc_type":"bijlage","foi_fairiscoreVersions":{"v1":1,"v2":1},"foi_fileName":"027-CAL-AWACS-2022-woonkernoffenders-4ekw2021.pdf","foi_nrPages":6}],"foi_nrDocuments":1,"foi_nrPagesInDossier":6,"foi_publishedDate":"2022-07-13","foi_retrievedDate":"2026-02-12"},{"dc_creator":"HandelingScraper_v1","dc_date_year":2022,"dc_description":"Vergadering van de Gemeente Beekdaelen op 2022-07-13. Onderdeel: Vliegbewegingen boven woonbebouwing van Schinveld en/of Brunssum 1e kwartaal 2022.","dc_identifier":"nl.gm1954.2c.2022.2833525-11","dc_publisher":"gm1954","dc_source":"https://beekdaelen.bestuurlijkeinformatie.nl/Agenda/Index/73162c75-efd2-49ba-8558-a48636e064e8","dc_title":"BDN Commissie AWACS Limburg 2022-07-13 - Vliegbewegingen boven woonbebouwing van Schinveld en/of Brunssum 1e kwartaal 2022","dc_type":"2c","dc_type_description":"Vergaderstuk decentrale overheid","foi_fairiscoreVersions":{"v1":1,"v2":1},"foi_files":[{"dc_format":"application/pdf","dc_identifier":"nl.gm1954.2c.2022.2833525-11.doc.1","dc_source":"https://api1.ibabs.eu/publicdownload.aspx?site=Beekdaelen&id=672246cc-20a3-4c4c-8813-d306f16d13d0","dc_title":"028-CAL-AWACS-2022-woonkernoffenders-1ekw2022","dc_type":"bijlage","foi_fairiscoreVersions":{"v1":1,"v2":1},"foi_fileName":"028-CAL-AWACS-2022-woonkernoffenders-1ekw2022.pdf","foi_nrPages":7}],"foi_nrDocuments":1,"foi_nrPagesInDossier":7,"foi_publishedDate":"2022-07-13","foi_retrievedDate":"2026-03-14"},{"dc_creator":"HandelingScraper_v1","dc_date_year":2022,"dc_description":"Vergadering van de Gemeente Beekdaelen op 2022-07-13. Onderdeel: Voorstel besluiten aanpassing RVO CAL AWACS d.d. 8-10-1990 mogelijkheid tot inspreken. Voorstel besluiten in te stemmen met..","dc_identifier":"nl.gm1954.2c.2022.2833525-12","dc_publisher":"gm1954","dc_source":"https://beekdaelen.bestuurlijkeinformatie.nl/Agenda/Index/73162c75-efd2-49ba-8558-a48636e064e8","dc_title":"BDN Commissie AWACS Limburg 2022-07-13 - Voorstel besluiten aanpassing RVO CAL AWACS d.d. 8-10-1990 mogelijkheid tot inspreken. Voorstel besluiten in te stemmen met.","dc_type":"2c","dc_type_description":"Vergaderstuk decentrale overheid","foi_fairiscoreVersions":{"v1":1,"v2":1},"foi_files":[{"dc_format":"application/pdf","dc_identifier":"nl.gm1954.2c.2022.2833525-12.doc.1","dc_source":"https://api1.ibabs.eu/publicdownload.aspx?site=Beekdaelen&id=adb8fc2e-aa7e-4230-98b4-5a6ae2d6c095","dc_title":"011-CAL-AWACS-2022-aanpassing RVO (insprekers)","dc_type":"bijlage","foi_fairiscoreVersions":{"v1":1,"v2":1},"foi_fileName":"011-CAL-AWACS-2022-aanpassing%20RVO%20%28insprekers%29.pdf","foi_nrPages":1}],"foi_nrDocuments":1,"foi_nrPagesInDossier":1,"foi_publishedDate":"2022-07-13","foi_retrievedDate":"2026-03-02"},{"dc_creator":"HandelingScraper_v1","dc_date_year":2022,"dc_description":"Vergadering van de Gemeente Beekdaelen op 2022-07-13. Onderdeel: Ingekomen stukken (ter kennisname).","dc_identifier":"nl.gm1954.2c.2022.2833525-13","dc_publisher":"gm1954","dc_source":"https://beekdaelen.bestuurlijkeinformatie.nl/Agenda/Index/73162c75-efd2-49ba-8558-a48636e064e8","dc_title":"BDN Commissie AWACS Limburg 2022-07-13 - Ingekomen stukken (ter kennisname)","dc_type":"2c","dc_type_description":"Vergaderstuk decentrale overheid","foi_fairiscoreVersions":{"v1":1,"v2":1},"foi_files":[{"dc_format":"application/pdf","dc_identifier":"nl.gm1954.2c.2022.2833525-13.doc.1","dc_source":"https://api1.ibabs.eu/publicdownload.aspx?site=Beekdaelen&id=faa34045-5ab5-431f-a95e-d22336927756","dc_title":"029-CAL-AWACS-2022-rapportage geluid","dc_type":"bijlage","foi_fairiscoreVersions":{"v1":1,"v2":1},"foi_fileName":"029-CAL-AWACS-2022-rapportage%20geluid.pdf","foi_nrPages":29},{"dc_format":"application/pdf","dc_identifier":"nl.gm1954.2c.2022.2833525-13.doc.2","dc_source":"https://api1.ibabs.eu/publicdownload.aspx?site=Beekdaelen&id=807980b4-fb28-4d44-81a4-4c48bab3ef4e","dc_title":"030-CAL-AWACS-2022-vliegbewegingen AWACS","dc_type":"bijlage","foi_fairiscoreVersions":{"v1":1,"v2":1},"foi_fileName":"030-CAL-AWACS-2022-vliegbewegingen%20AWACS.pdf","foi_nrPages":2},{"dc_format":"application/pdf","dc_identifier":"nl.gm1954.2c.2022.2833525-13.doc.3","dc_source":"https://api1.ibabs.eu/publicdownload.aspx?site=Beekdaelen&id=b6ec96a3-deaa-4f38-9f25-be395bfeaed4","dc_title":"031-CAL-AWACS-2022-factsheet","dc_type":"bijlage","foi_fairiscoreVersions":{"v1":1,"v2":1},"foi_fileName":"031-CAL-AWACS-2022-factsheet.pdf","foi_nrPages":2}],"foi_nrDocuments":3,"foi_nrPagesInDossier":33,"foi_publishedDate":"2022-07-13","foi_retrievedDate":"2025-11-30"},{"dc_creator":"HandelingScraper_v1","dc_date_year":2022,"dc_description":"Vergadering van de Gemeente Beekdaelen op 2022-07-13. Onderdeel: Vaststellen Concept-verslag d.d. 26-01-2022, incl. beantwoording van de schriftelijke vragenronde.","dc_identifier":"nl.gm1954.2c.2022.2833525-2","dc_publisher":"gm1954","dc_source":"https://beekdaelen.bestuurlijkeinformatie.nl/Agenda/Index/73162c75-efd2-49ba-8558-a48636e064e8","dc_title":"BDN Commissie AWACS Limburg 2022-07-13 - Vaststellen Concept-verslag d.d. 26-01-2022, incl. beantwoording van de schriftelijke vragenronde","dc_type":"2c","dc_type_description":"Vergaderstuk decentrale overheid","foi_fairiscoreVersions":{"v1":1,"v2":1},"foi_files":[{"dc_format":"application/pdf","dc_identifier":"nl.gm1954.2c.2022.2833525-2.doc.1","dc_source":"https://api1.ibabs.eu/publicdownload.aspx?site=Beekdaelen&id=dead5df6-8675-4388-b253-4af8fae059c8","dc_title":"017-CAL-AWACS-2022-concept-verslag","dc_type":"bijlage","foi_fairiscoreVersions":{"v1":1,"v2":1},"foi_fileName":"017-CAL-AWACS-2022-concept-verslag.pdf","foi_nrPages":5},{"dc_format":"application/pdf","dc_identifier":"nl.gm1954.2c.2022.2833525-2.doc.2","dc_source":"https://api1.ibabs.eu/publicdownload.aspx?site=Beekdaelen&id=9b658300-0916-4e17-a290-61143ef0bd10","dc_title":"018-CAL-AWACS-2022","dc_type":"bijlage","foi_fairiscoreVersions":{"v1":1,"v2":1},"foi_fileName":"018-CAL-AWACS-2022.pdf","foi_nrPages":5}],"foi_nrDocuments":2,"foi_nrPagesInDossier":10,"foi_publishedDate":"2022-07-13","foi_retrievedDate":"2025-11-30"},{"dc_creator":"HandelingScraper_v1","dc_date_year":2022,"dc_description":"Vergadering van de Gemeente Beekdaelen op 2022-07-13. Onderdeel: Bezoek staatssecretaris Defensie / leefbaarheidsfonds.","dc_identifier":"nl.gm1954.2c.2022.2833525-3","dc_publisher":"gm1954","dc_source":"https://beekdaelen.bestuurlijkeinformatie.nl/Agenda/Index/73162c75-efd2-49ba-8558-a48636e064e8","dc_title":"BDN Commissie AWACS Limburg 2022-07-13 - Bezoek staatssecretaris Defensie / leefbaarheidsfonds","dc_type":"2c","dc_type_description":"Vergaderstuk decentrale overheid","foi_fairiscoreVersions":{"v1":5,"v2":5},"foi_files":[{"dc_format":"application/pdf","dc_identifier":"nl.gm1954.2c.2022.2833525-3.doc.1","dc_source":"https://api1.ibabs.eu/publicdownload.aspx?site=Beekdaelen&id=eb450157-be67-4920-9d20-f1280e88359a","dc_title":"019-CAL-AWACS-2022.PDF-brief aan staatssecretaris","dc_type":"bijlage","foi_fairiscoreVersions":{"v1":5,"v2":5},"foi_fileName":"019-CAL-AWACS-2022.PDF-brief%20aan%20staatssecretaris.PDF","foi_nrPages":2}],"foi_nrDocuments":1,"foi_nrPagesInDossier":2,"foi_publishedDate":"2022-07-13","foi_retrievedDate":"2026-03-03"},{"dc_creator":"HandelingScraper_v1","dc_date_year":2022,"dc_description":"Vergadering van de Gemeente Beekdaelen op 2022-07-13. Onderdeel: Bespreken toezeggingen bijeenkomst d.d. 19 mei 2022.","dc_identifier":"nl.gm1954.2c.2022.2833525-4","dc_publisher":"gm1954","dc_source":"https://beekdaelen.bestuurlijkeinformatie.nl/Agenda/Index/73162c75-efd2-49ba-8558-a48636e064e8","dc_title":"BDN Commissie AWACS Limburg 2022-07-13 - Bespreken toezeggingen bijeenkomst d.d. 19 mei 2022","dc_type":"2c","dc_type_description":"Vergaderstuk decentrale overheid","foi_fairiscoreVersions":{"v1":1,"v2":1},"foi_files":[{"dc_format":"application/pdf","dc_identifier":"nl.gm1954.2c.2022.2833525-4.doc.1","dc_source":"https://api1.ibabs.eu/publicdownload.aspx?site=Beekdaelen&id=efa3b71a-7581-4f05-bc39-6edfced9d44b","dc_title":"020-CAL-AWACS-2022-bijeenkomst 19052022","dc_type":"bijlage","foi_fairiscoreVersions":{"v1":1,"v2":1},"foi_fileName":"020-CAL-AWACS-2022-bijeenkomst%2019052022.pdf","foi_nrPages":1}],"foi_nrDocuments":1,"foi_nrPagesInDossier":1,"foi_publishedDate":"2022-07-13","foi_retrievedDate":"2026-03-03"},{"dc_creator":"HandelingScraper_v1","dc_date_year":2022,"dc_description":"Vergadering van de Gemeente Beekdaelen op 2022-07-13. Onderdeel: Halfjaarrapportage vliegbaanbewaking vliegbasis Geilenkirchen, 2e halfjaar 2021, NLR.","dc_identifier":"nl.gm1954.2c.2022.2833525-5","dc_publisher":"gm1954","dc_source":"https://beekdaelen.bestuurlijkeinformatie.nl/Agenda/Index/73162c75-efd2-49ba-8558-a48636e064e8","dc_title":"BDN Commissie AWACS Limburg 2022-07-13 - Halfjaarrapportage vliegbaanbewaking vliegbasis Geilenkirchen, 2e halfjaar 2021, NLR","dc_type":"2c","dc_type_description":"Vergaderstuk decentrale overheid","foi_fairiscoreVersions":{"v1":2,"v2":2},"foi_files":[{"dc_format":"application/pdf","dc_identifier":"nl.gm1954.2c.2022.2833525-5.doc.1","dc_source":"https://api1.ibabs.eu/publicdownload.aspx?site=Beekdaelen&id=ecd06135-f737-47f5-8f27-ee2012cb1992","dc_title":"021-CAL-AWACS-2022-rapportage vliegtuigbewaking","dc_type":"bijlage","foi_fairiscoreVersions":{"v1":2,"v2":2},"foi_fileName":"021-CAL-AWACS-2022-rapportage%20vliegtuigbewaking.pdf","foi_nrPages":28}],"foi_nrDocuments":1,"foi_nrPagesInDossier":28,"foi_publishedDate":"2022-07-13","foi_retrievedDate":"2026-02-12"},{"dc_creator":"HandelingScraper_v1","dc_date_year":2022,"dc_description":"Vergadering van de Gemeente Beekdaelen op 2022-07-13. Onderdeel: Berekening van de geluidsbelasting op Nederlands grondgebied nabij de vliegbasis Geilenkirchen in 2021.","dc_identifier":"nl.gm1954.2c.2022.2833525-6","dc_publisher":"gm1954","dc_source":"https://beekdaelen.bestuurlijkeinformatie.nl/Agenda/Index/73162c75-efd2-49ba-8558-a48636e064e8","dc_title":"BDN Commissie AWACS Limburg 2022-07-13 - Berekening van de geluidsbelasting op Nederlands grondgebied nabij de vliegbasis Geilenkirchen in 2021","dc_type":"2c","dc_type_description":"Vergaderstuk decentrale overheid","foi_fairiscoreVersions":{"v1":2,"v2":2},"foi_files":[{"dc_format":"application/pdf","dc_identifier":"nl.gm1954.2c.2022.2833525-6.doc.1","dc_source":"https://api1.ibabs.eu/publicdownload.aspx?site=Beekdaelen&id=d4ed6db5-7a87-4884-b6bc-e42fe64b1d70","dc_title":"022-CAL-AWACS- jaarrapportage 2021 NLR","dc_type":"bijlage","foi_fairiscoreVersions":{"v1":2,"v2":2},"foi_fileName":"022-CAL-AWACS-%20jaarrapportage%202021%20NLR.pdf","foi_nrPages":16}],"foi_nrDocuments":1,"foi_nrPagesInDossier":16,"foi_publishedDate":"2022-07-13","foi_retrievedDate":"2026-03-06"},{"dc_creator":"HandelingScraper_v1","dc_date_year":2022,"dc_description":"Vergadering van de Gemeente Beekdaelen op 2022-07-13. Onderdeel: Toelichting Defensie over onderzoek nieuwe toestellen AWACS n.a.v. brief gemeenten en perspublicatie.","dc_identifier":"nl.gm1954.2c.2022.2833525-7","dc_publisher":"gm1954","dc_source":"https://beekdaelen.bestuurlijkeinformatie.nl/Agenda/Index/73162c75-efd2-49ba-8558-a48636e064e8","dc_title":"BDN Commissie AWACS Limburg 2022-07-13 - Toelichting Defensie over onderzoek nieuwe toestellen AWACS n.a.v. brief gemeenten en perspublicatie","dc_type":"2c","dc_type_description":"Vergaderstuk decentrale overheid","foi_fairiscoreVersions":{"v1":5,"v2":5},"foi_files":[{"dc_format":"application/pdf","dc_identifier":"nl.gm1954.2c.2022.2833525-7.doc.1","dc_source":"https://api1.ibabs.eu/publicdownload.aspx?site=Beekdaelen&id=58adab4e-bb8b-4caf-9b17-4bdcdcf21ade","dc_title":"023-CAL-AWACS-2022-brief aan staatssecretaris","dc_type":"bijlage","foi_fairiscoreVersions":{"v1":5,"v2":5},"foi_fileName":"023-CAL-AWACS-2022-brief%20aan%20staatssecretaris.pdf","foi_nrPages":2},{"dc_format":"application/pdf","dc_identifier":"nl.gm1954.2c.2022.2833525-7.doc.2","dc_source":"https://api1.ibabs.eu/publicdownload.aspx?site=Beekdaelen&id=ac16928e-98cf-4019-8319-544212d56f47","dc_title":"024-CAL-AWACS-2022-mediabericht","dc_type":"bijlage","foi_fairiscoreVersions":{"v1":5,"v2":5},"foi_fileName":"024-CAL-AWACS-2022-mediabericht.pdf","foi_nrPages":2}],"foi_nrDocuments":2,"foi_nrPagesInDossier":4,"foi_publishedDate":"2022-07-13","foi_retrievedDate":"2025-12-02"},{"dc_creator":"HandelingScraper_v1","dc_date_year":2022,"dc_description":"Vergadering van de Gemeente Beekdaelen op 2022-07-13. Onderdeel: Overzicht klachten 4e kwartaal 2021.","dc_identifier":"nl.gm1954.2c.2022.2833525-8","dc_publisher":"gm1954","dc_source":"https://beekdaelen.bestuurlijkeinformatie.nl/Agenda/Index/73162c75-efd2-49ba-8558-a48636e064e8","dc_title":"BDN Commissie AWACS Limburg 2022-07-13 - Overzicht klachten 4e kwartaal 2021","dc_type":"2c","dc_type_description":"Vergaderstuk decentrale overheid","foi_fairiscoreVersions":{"v1":2,"v2":1},"foi_files":[{"dc_format":"application/pdf","dc_identifier":"nl.gm1954.2c.2022.2833525-8.doc.1","dc_source":"https://api1.ibabs.eu/publicdownload.aspx?site=Beekdaelen&id=f0b6f5b2-75e7-40ad-8043-63954cecd284","dc_title":"025-CAL-AWACS-2022-klachten-4ekw2021","dc_type":"bijlage","foi_fairiscoreVersions":{"v1":2,"v2":1},"foi_fileName":"025-CAL-AWACS-2022-klachten-4ekw2021.pdf","foi_nrPages":19}],"foi_nrDocuments":1,"foi_nrPagesInDossier":19,"foi_publishedDate":"2022-07-13","foi_retrievedDate":"2025-11-29"},{"dc_creator":"HandelingScraper_v1","dc_date_year":2022,"dc_description":"Vergadering van de Gemeente Beekdaelen op 2022-07-13. Onderdeel: Overzicht klachten 1e kwartaal 2022.","dc_identifier":"nl.gm1954.2c.2022.2833525-9","dc_publisher":"gm1954","dc_source":"https://beekdaelen.bestuurlijkeinformatie.nl/Agenda/Index/73162c75-efd2-49ba-8558-a48636e064e8","dc_title":"BDN Commissie AWACS Limburg 2022-07-13 - Overzicht klachten 1e kwartaal 2022","dc_type":"2c","dc_type_description":"Vergaderstuk decentrale overheid","foi_fairiscoreVersions":{"v1":2,"v2":1},"foi_files":[{"dc_format":"application/pdf","dc_identifier":"nl.gm1954.2c.2022.2833525-9.doc.1","dc_source":"https://api1.ibabs.eu/publicdownload.aspx?site=Beekdaelen&id=776200d3-cb4e-475f-8455-825b8d604b8d","dc_title":"026-CAL-AWACS-2022.pdf-klachten 1ekw2022","dc_type":"bijlage","foi_fairiscoreVersions":{"v1":2,"v2":1},"foi_fileName":"026-CAL-AWACS-2022.pdf-klachten%201ekw2022.pdf","foi_nrPages":19}],"foi_nrDocuments":1,"foi_nrPagesInDossier":19,"foi_publishedDate":"2022-07-13","foi_retrievedDate":"2025-11-30"},{"dc_creator":"HandelingScraper_v1","dc_date_year":2022,"dc_description":"Vergadering van de Gemeente Beekdaelen op 2022-09-08. Onderdeel: Opening.","dc_identifier":"nl.gm1954.2c.2022.2833556-1","dc_publisher":"gm1954","dc_source":"https://beekdaelen.bestuurlijkeinformatie.nl/Agenda/Index/78689ac1-81f7-4aba-b0c0-bfe31becce80","dc_title":"Raadsvergadering 2022-09-08 - Opening","dc_type":"2c","dc_type_description":"Vergaderstuk decentrale overheid","foi_fairiscoreVersions":{"v1":1,"v2":1},"foi_files":[{"dc_format":"application/pdf","dc_identifier":"nl.gm1954.2c.2022.2833556-1.doc.1","dc_source":"https://api1.ibabs.eu/publicdownload.aspx?site=Beekdaelen&id=7181edfe-c13b-4b6a-9baf-b5ca667a710e","dc_title":"Uitnodiging en voorlopige agenda raadsvergadering 8 september 2022","dc_type":"bijlage","foi_fairiscoreVersions":{"v1":1,"v2":1},"foi_fileName":"Uitnodiging%20en%20voorlopige%20agenda%20raadsvergadering%208%20september%202022.pdf","foi_nrPages":1}],"foi_nrDocuments":1,"foi_nrPagesInDossier":1,"foi_publishedDate":"2022-09-08","foi_retrievedDate":"2025-12-05"},{"dc_creator":"HandelingScraper_v1","dc_date_year":2022,"dc_description":"Vergadering van de Gemeente Beekdaelen op 2022-09-08. Onderdeel: Vaststelling van de agenda.","dc_identifier":"nl.gm1954.2c.2022.2833556-2","dc_publisher":"gm1954","dc_source":"https://beekdaelen.bestuurlijkeinformatie.nl/Agenda/Index/78689ac1-81f7-4aba-b0c0-bfe31becce80","dc_title":"Raadsvergadering 2022-09-08 - Vaststelling van de agenda","dc_type":"2c","dc_type_description":"Vergaderstuk decentrale overheid","foi_fairiscoreVersions":{"v1":1,"v2":1},"foi_files":[{"dc_format":"application/pdf","dc_identifier":"nl.gm1954.2c.2022.2833556-2.doc.1","dc_source":"https://api1.ibabs.eu/publicdownload.aspx?site=Beekdaelen&id=b830a37f-da84-45c6-9327-ddf034bafe2d","dc_title":"Vastgestelde agenda raadsvergadering 8 september 2022","dc_type":"bijlage","foi_fairiscoreVersions":{"v1":1,"v2":1},"foi_fileName":"Vastgestelde%20agenda%20raadsvergadering%208%20september%202022.pdf","foi_nrPages":1}],"foi_nrDocuments":1,"foi_nrPagesInDossier":1,"foi_publishedDate":"2022-09-08","foi_retrievedDate":"2026-02-06"},{"dc_creator":"HandelingScraper_v1","dc_date_year":2022,"dc_description":"Vergadering van de Gemeente Beekdaelen op 2022-09-08. Onderdeel: Voorstel inzake voorbereidingsbesluit.","dc_identifier":"nl.gm1954.2c.2022.2833556-3","dc_publisher":"gm1954","dc_source":"https://beekdaelen.bestuurlijkeinformatie.nl/Agenda/Index/78689ac1-81f7-4aba-b0c0-bfe31becce80","dc_title":"Raadsvergadering 2022-09-08 - Voorstel inzake voorbereidingsbesluit","dc_type":"2c","dc_type_description":"Vergaderstuk decentrale overheid","foi_fairiscoreVersions":{"v1":1,"v2":1},"foi_files":[{"dc_format":"application/pdf","dc_identifier":"nl.gm1954.2c.2022.2833556-3.doc.3","dc_source":"https://api1.ibabs.eu/publicdownload.aspx?site=Beekdaelen&id=3fdae1ac-b3d6-4d39-b158-9d7af66befbb","dc_title":"Bijlage 2 Kaart met het gebied waarvoor het voorbereidingsbesluit zal gelden","dc_type":"bijlage","foi_fairiscoreVersions":{"v1":1,"v2":1},"foi_fileName":"Bijlage%202%20Kaart%20met%20het%20gebied%20waarvoor%20het%20voorbereidingsbesluit%20zal%20gelden.pdf","foi_nrPages":1},{"dc_format":"application/pdf","dc_identifier":"nl.gm1954.2c.2022.2833556-3.doc.4","dc_source":"https://api1.ibabs.eu/publicdownload.aspx?site=Beekdaelen&id=bf03fa56-bf41-4811-988a-bdbeb9a4056c","dc_title":"Bijlage 3 Begrotingswijziging 7.2 Paraplubestemmingsplan","dc_type":"bijlage","foi_fairiscoreVersions":{"v1":1,"v2":1},"foi_fileName":"Bijlage%203%20Begrotingswijziging%207.2%20Paraplubestemmingsplan.pdf","foi_nrPages":1},{"dc_format":"application/pdf","dc_identifier":"nl.gm1954.2c.2022.2833556-3.doc.2","dc_source":"https://api1.ibabs.eu/publicdownload.aspx?site=Beekdaelen&id=c8cfc46a-71a8-4644-b747-a81b6e38d4da","dc_title":"Raadsbesluit inzake voorbereidingsbesluit  woningsplitsing en kamerbewoning, vastgesteld 08.09.2022","dc_type":"bijlage","foi_fairiscoreVersions":{"v1":1,"v2":1},"foi_fileName":"Raadsbesluit%20inzake%20voorbereidingsbesluit%20%20woningsplitisng%20en%20kamerbewoning.pdf","foi_nrPages":1},{"dc_format":"application/pdf","dc_identifier":"nl.gm1954.2c.2022.2833556-3.doc.1","dc_source":"https://api1.ibabs.eu/publicdownload.aspx?site=Beekdaelen&id=5c99fa25-b1ab-4c54-bbfd-8d51ec55d234","dc_title":"Raadsvoorstel inzake voorbereidingsbesluit woningsplitsing en kamerbewoning","dc_type":"bijlage","foi_fairiscoreVersions":{"v1":1,"v2":1},"foi_fileName":"Raadsvoorstel%20inzaeke%20voorbereidingsbesluit%20woningsplitsing%20en%20kamerbewoning.pdf","foi_nrPages":6}],"foi_nrDocuments":4,"foi_nrPagesInDossier":9,"foi_publishedDate":"2022-09-08","foi_retrievedDate":"2025-12-04"},{"dc_creator":"HandelingScraper_v1","dc_date_year":2022,"dc_description":"Vergadering van de Gemeente Beekdaelen op 2022-09-15. Onderdeel: Algemeen.","dc_identifier":"nl.gm1954.2c.2022.2833566-1","dc_publisher":"gm1954","dc_source":"https://beekdaelen.bestuurlijkeinformatie.nl/Agenda/Index/02075ed3-f663-4745-9b08-78779b3a6f92","dc_title":"Raadscommissie Fysieke Leefomgeving 2022-09-15 - Algemeen","dc_type":"2c","dc_type_description":"Vergaderstuk decentrale overheid","foi_fairiscoreVersions":{"v1":1,"v2":1},"foi_files":[{"dc_format":"application/pdf","dc_identifier":"nl.gm1954.2c.2022.2833566-1.doc.2","dc_source":"https://api1.ibabs.eu/publicdownload.aspx?site=Beekdaelen&id=a49af63b-fe42-4c50-881a-e44ecc9db004","dc_title":"Vragen CDA cie fysiek 15 sept 2022","dc_type":"bijlage","foi_fairiscoreVersions":{"v1":1,"v2":1},"foi_fileName":"Vragen%20CDA%20cie%20fysiek%2015%20sept.pdf","foi_nrPages":3},{"dc_format":"application/pdf","dc_identifier":"nl.gm1954.2c.2022.2833566-1.doc.4","dc_source":"https://api1.ibabs.eu/publicdownload.aspx?site=Beekdaelen&id=564258e2-bbac-4f19-81cf-267c0b223c26","dc_title":"Vragen PvdA Cie 15 september 2022","dc_type":"bijlage","foi_fairiscoreVersions":{"v1":1,"v2":1},"foi_fileName":"Vragen%20PvdA%20Cie%2015%20september%202022.pdf","foi_nrPages":2},{"dc_format":"application/pdf","dc_identifier":"nl.gm1954.2c.2022.2833566-1.doc.3","dc_source":"https://api1.ibabs.eu/publicdownload.aspx?site=Beekdaelen&id=f1168549-3129-4312-bd5a-e1e0446b2ef8","dc_title":"vragen VG cie FL 15092022","dc_type":"bijlage","foi_fairiscoreVersions":{"v1":1,"v2":1},"foi_fileName":"vragen%20VG%20cie%20FL%2015092022.pdf","foi_nrPages":1},{"dc_format":"application/pdf","dc_identifier":"nl.gm1954.2c.2022.2833566-1.doc.1","dc_source":"https://api1.ibabs.eu/publicdownload.aspx?site=Beekdaelen&id=026886e2-d76d-457e-8ec0-292692c42be6","dc_title":"Vragen VVD t.b.v. cie FL 15092022","dc_type":"bijlage","foi_fairiscoreVersions":{"v1":1,"v2":1},"foi_fileName":"Vragen%20VVD%20t.b.v.%20cie%20FL%2015092022.pdf","foi_nrPages":1}],"foi_nrDocuments":4,"foi_nrPagesInDossier":7,"foi_publishedDate":"2022-09-15","foi_retrievedDate":"2026-03-01"},{"dc_creator":"HandelingScraper_v1","dc_date_year":2022,"dc_description":"Vergadering van de Gemeente Beekdaelen op 2022-09-15. Onderdeel: Opening, mededelingen voorzitter en vaststellen agenda..","dc_identifier":"nl.gm1954.2c.2022.2833566-2","dc_publisher":"gm1954","dc_source":"https://beekdaelen.bestuurlijkeinformatie.nl/Agenda/Index/02075ed3-f663-4745-9b08-78779b3a6f92","dc_title":"Raadscommissie Fysieke Leefomgeving 2022-09-15 - Opening, mededelingen voorzitter en vaststellen agenda.","dc_type":"2c","dc_type_description":"Vergaderstuk decentrale overheid","foi_fairiscoreVersions":{"v1":1,"v2":1},"foi_files":[{"dc_format":"application/pdf","dc_identifier":"nl.gm1954.2c.2022.2833566-2.doc.1","dc_source":"https://api1.ibabs.eu/publicdownload.aspx?site=Beekdaelen&id=003791f7-a664-471b-b12c-c4e2d7f76d40","dc_title":"Uitnodiging en voorlopige agenda cie fysieke leefomgeving 15092022","dc_type":"bijlage","foi_fairiscoreVersions":{"v1":1,"v2":1},"foi_fileName":"Uitnodiging%20en%20voorlopige%20agenda%20cie%20fysieke%20leefomgeving%2015092022.pdf","foi_nrPages":1}],"foi_nrDocuments":1,"foi_nrPagesInDossier":1,"foi_publishedDate":"2022-09-15","foi_retrievedDate":"2026-03-01"},{"dc_creator":"HandelingScraper_v1","dc_date_year":2022,"dc_description":"Vergadering van de Gemeente Beekdaelen op 2022-09-15. Onderdeel: Spreekrecht burgers..","dc_identifier":"nl.gm1954.2c.2022.2833566-3","dc_publisher":"gm1954","dc_source":"https://beekdaelen.bestuurlijkeinformatie.nl/Agenda/Index/02075ed3-f663-4745-9b08-78779b3a6f92","dc_title":"Raadscommissie Fysieke Leefomgeving 2022-09-15 - Spreekrecht burgers.","dc_type":"2c","dc_type_description":"Vergaderstuk decentrale overheid","foi_fairiscoreVersions":{"v1":1,"v2":1},"foi_files":[{"dc_format":"application/pdf","dc_identifier":"nl.gm1954.2c.2022.2833566-3.doc.1","dc_source":"https://api1.ibabs.eu/publicdownload.aspx?site=Beekdaelen&id=9ce8beb5-47fc-405e-9e16-cecfc91f66d1","dc_title":"inspreekreactie.docx","dc_type":"bijlage","foi_fairiscoreVersions":{"v1":1,"v2":1},"foi_fileName":"inspreekreactie.pdf","foi_nrPages":2}],"foi_nrDocuments":1,"foi_nrPagesInDossier":2,"foi_publishedDate":"2022-09-15","foi_retrievedDate":"2025-11-29"},{"dc_creator":"HandelingScraper_v1","dc_date_year":2022,"dc_description":"Vergadering van de Gemeente Beekdaelen op 2022-09-15. Onderdeel: Vaststellen actiepuntenlijst van de raadscommissie Fysieke Leefomgeving d.d.  02 juni 2022.","dc_identifier":"nl.gm1954.2c.2022.2833566-4","dc_publisher":"gm1954","dc_source":"https://beekdaelen.bestuurlijkeinformatie.nl/Agenda/Index/02075ed3-f663-4745-9b08-78779b3a6f92","dc_title":"Raadscommissie Fysieke Leefomgeving 2022-09-15 - Vaststellen actiepuntenlijst van de raadscommissie Fysieke Leefomgeving d.d.  02 juni 2022","dc_type":"2c","dc_type_description":"Vergaderstuk decentrale overheid","foi_fairiscoreVersions":{"v1":1,"v2":1},"foi_files":[{"dc_format":"application/pdf","dc_identifier":"nl.gm1954.2c.2022.2833566-4.doc.1","dc_source":"https://api1.ibabs.eu/publicdownload.aspx?site=Beekdaelen&id=9476c0e7-d5e8-461a-9123-9a37054da55a","dc_title":"2022 06 02 Actiepuntenlijst cie Fysieke Leefomgeving","dc_type":"bijlage","foi_fairiscoreVersions":{"v1":1,"v2":1},"foi_fileName":"2022%2006%2002%20Actiepuntenlijst%20cie%20Fysieke%20Leefomgeving.pdf","foi_nrPages":4},{"dc_format":"application/octet-stream","dc_identifier":"nl.gm1954.2c.2022.2833566-4.doc.2","dc_source":"https://api1.ibabs.eu/publicdownload.aspx?site=Beekdaelen&id=5434eebf-3db2-4ce1-862b-a3694d11a41b","dc_title":"Geluidsopname A1 t/m A3 incl. toelichting bezoek staatssecretaris","dc_type":"bijlage","foi_fileName":"A1%20tm%20A3%20incl%20toelichting%20bezoek%20staatssecr.mp3","foi_nrPages":1}],"foi_nrDocuments":2,"foi_nrPagesInDossier":5,"foi_publishedDate":"2022-09-15","foi_retrievedDate":"2026-03-14"},{"dc_creator":"HandelingScraper_v1","dc_date_year":2022,"dc_description":"Vergadering van de Gemeente Beekdaelen op 2022-09-15. Onderdeel: Plan van Aanpak Omgevingsplan.","dc_identifier":"nl.gm1954.2c.2022.2833566-5","dc_publisher":"gm1954","dc_source":"https://beekdaelen.bestuurlijkeinformatie.nl/Agenda/Index/02075ed3-f663-4745-9b08-78779b3a6f92","dc_title":"Raadscommissie Fysieke Leefomgeving 2022-09-15 - Plan van Aanpak Omgevingsplan","dc_type":"2c","dc_type_description":"Vergaderstuk decentrale overheid","foi_fairiscoreVersions":{"v1":2,"v2":2},"foi_files":[{"dc_format":"application/octet-stream","dc_identifier":"nl.gm1954.2c.2022.2833566-5.doc.8","dc_source":"https://api1.ibabs.eu/publicdownload.aspx?site=Beekdaelen&id=4e219f88-8c31-418f-82c1-ab138470e2f1","dc_title":"Geluidsopname B1 PvA Omgevingsplan","dc_type":"bijlage","foi_fileName":"B1%20PvA%20Omgevingsplan.mp3"},{"dc_format":"application/pdf","dc_identifier":"nl.gm1954.2c.2022.2833566-5.doc.4","dc_source":"https://api1.ibabs.eu/publicdownload.aspx?site=Beekdaelen&id=bc37f39f-4da5-4c20-a940-e6a4248cee15","dc_title":"MvA technische voorvragen CDA commissie FL 15-9-22","dc_type":"bijlage","foi_fairiscoreVersions":{"v1":1,"v2":1},"foi_fileName":"MvA%20technische%20voorvragen%20CDA%20commissie%20FL%2015-9-22.pdf","foi_nrPages":5},{"dc_format":"application/pdf","dc_identifier":"nl.gm1954.2c.2022.2833566-5.doc.6","dc_source":"https://api1.ibabs.eu/publicdownload.aspx?site=Beekdaelen&id=f7b216b2-de2d-40c1-a6ab-4d91f6c8a217","dc_title":"MvA technische voorvragen PvdA commissie FL 15-9-22","dc_type":"bijlage","foi_fairiscoreVersions":{"v1":1,"v2":1},"foi_fileName":"MvA%20technische%20voorvragen%20PvdA%20commissie%2015-9-22.pdf","foi_nrPages":2},{"dc_format":"application/pdf","dc_identifier":"nl.gm1954.2c.2022.2833566-5.doc.7","dc_source":"https://api1.ibabs.eu/publicdownload.aspx?site=Beekdaelen&id=81b7944e-d2fd-4671-b47b-3cdefa9745b9","dc_title":"MvA technische voorvragen VG commissie  FL 15-09-22","dc_type":"bijlage","foi_fairiscoreVersions":{"v1":1,"v2":1},"foi_fileName":"MvA%20technische%20voorvragen%20VG%20commissie%20%2015-09-22.pdf","foi_nrPages":2},{"dc_format":"application/pdf","dc_identifier":"nl.gm1954.2c.2022.2833566-5.doc.5","dc_source":"https://api1.ibabs.eu/publicdownload.aspx?site=Beekdaelen&id=c6d6e12a-a60b-41bb-b77d-d2200301c0db","dc_title":"MvA technische voorvragen VVD commissie FL 15-9-22","dc_type":"bijlage","foi_fairiscoreVersions":{"v1":1,"v2":1},"foi_fileName":"MvA%20technische%20voorvragen%20VVD%20commissie%20FL%2015-9-22.pdf","foi_nrPages":2},{"dc_format":"application/pdf","dc_identifier":"nl.gm1954.2c.2022.2833566-5.doc.1","dc_source":"https://api1.ibabs.eu/publicdownload.aspx?site=Beekdaelen&id=0ebcd09a-8c5f-45f6-99d3-b6a16063b794","dc_title":"Raadsvoorstel inzake Plan van Aanpak Omgevingsplan","dc_type":"bijlage","foi_fairiscoreVersions":{"v1":1,"v2":1},"foi_fileName":"Z%2F22%2F178058%20-%20310816%20-%20raadsvoorstel%20inzake%20Plan%20van%20Aanpak%20Omgevingsplan.pdf","foi_nrPages":3},{"dc_format":"application/pdf","dc_identifier":"nl.gm1954.2c.2022.2833566-5.doc.2","dc_source":"https://api1.ibabs.eu/publicdownload.aspx?site=Beekdaelen&id=0294ddc0-fd1c-4d6c-9100-7557bb353279","dc_title":"Raadsbesluit inzake Plan van Aanpak Omgevingsplan - vastgesteld 04.10.2022","dc_type":"bijlage","foi_fairiscoreVersions":{"v1":1,"v2":1},"foi_fileName":"Z%2F22%2F178058%20-%20310817%20-%20raadsbesluit%20inzake%20Plan%20van%20Aanpak%20Omgevingsplan.pdf","foi_nrPages":1},{"dc_format":"application/pdf","dc_identifier":"nl.gm1954.2c.2022.2833566-5.doc.3","dc_source":"https://api1.ibabs.eu/publicdownload.aspx?site=Beekdaelen&id=0ffc4507-d05b-4922-9a2e-b1c069f3d71f","dc_title":"Bijlage: Plan van Aanpak Omgevingsplan","dc_type":"bijlage","foi_fairiscoreVersions":{"v1":2,"v2":2},"foi_fileName":"Z%2F22%2F178058%20-%20313948%20-%20Plan%20van%20Aanpak%20Omgevingsplan.pdf","foi_nrPages":32}],"foi_nrDocuments":8,"foi_nrPagesInDossier":47,"foi_publishedDate":"2022-09-15","foi_retrievedDate":"2026-01-23"},{"dc_creator":"HandelingScraper_v1","dc_date_year":2022,"dc_description":"Vergadering van de Gemeente Beekdaelen op 2022-09-15. Onderdeel: Presentatie transitievisie Warmte 2.0.","dc_identifier":"nl.gm1954.2c.2022.2833566-6","dc_publisher":"gm1954","dc_source":"https://beekdaelen.bestuurlijkeinformatie.nl/Agenda/Index/02075ed3-f663-4745-9b08-78779b3a6f92","dc_title":"Raadscommissie Fysieke Leefomgeving 2022-09-15 - Presentatie transitievisie Warmte 2.0","dc_type":"2c","dc_type_description":"Vergaderstuk decentrale overheid","foi_fairiscoreVersions":{"v1":null,"v2":null},"foi_files":[{"dc_format":"application/octet-stream","dc_identifier":"nl.gm1954.2c.2022.2833566-6.doc.4","dc_source":"https://api1.ibabs.eu/publicdownload.aspx?site=Beekdaelen&id=5674263f-64e7-4337-be44-1c11940f1af7","dc_title":"Geluidsopname B2 presentatie warmtetransitie","dc_type":"bijlage","foi_fileName":"B2%20presentatie%20warmtetransitie.mp3"},{"dc_format":"application/pdf","dc_identifier":"nl.gm1954.2c.2022.2833566-6.doc.1","dc_source":"https://api1.ibabs.eu/publicdownload.aspx?site=Beekdaelen&id=c5792dce-45c7-40d5-927e-c4dba0bc34e1","dc_title":"Presentatie TVW (sessie 15092022)","dc_type":"bijlage","foi_fileName":"Presentatie%20TVW%20%28sessie%2015092022%29.pdf"},{"dc_format":"application/pdf","dc_identifier":"nl.gm1954.2c.2022.2833566-6.doc.3","dc_source":"https://api1.ibabs.eu/publicdownload.aspx?site=Beekdaelen&id=fc8ae660-6795-4cdf-91a1-c107061853b5","dc_title":"Presentatie TVW 2.0 Parkstad Beekdaelen (sessie 21072022)","dc_type":"bijlage","foi_fileName":"Presentatie%20TVW%202.0%20Parkstad%20Beekdaelen.pdf"},{"dc_format":"application/pdf","dc_identifier":"nl.gm1954.2c.2022.2833566-6.doc.2","dc_source":"https://api1.ibabs.eu/publicdownload.aspx?site=Beekdaelen&id=3ddf00fb-545d-4994-9f4d-47d00b36304e","dc_title":"Raadscommissie bijeenkomst presentatie Warmtetransitie 2.0.","dc_type":"bijlage","foi_fileName":"Raadscommissie%20bijeenkomst%20presentatie%20Warmtetransitie%202.0.pdf"}],"foi_nrDocuments":4,"foi_nrPagesInDossier":0,"foi_publishedDate":"2022-09-15","foi_retrievedDate":"2025-12-01"},{"dc_creator":"HandelingScraper_v1","dc_date_year":2022,"dc_description":"Vergadering van de Gemeente Beekdaelen op 2022-09-15. Onderdeel: Rondvraag Fysieke Leefomgeving.","dc_identifier":"nl.gm1954.2c.2022.2833566-7","dc_publisher":"gm1954","dc_source":"https://beekdaelen.bestuurlijkeinformatie.nl/Agenda/Index/02075ed3-f663-4745-9b08-78779b3a6f92","dc_title":"Raadscommissie Fysieke Leefomgeving 2022-09-15 - Rondvraag Fysieke Leefomgeving","dc_type":"2c","dc_type_description":"Vergaderstuk decentrale overheid","foi_fairiscoreVersions":{"v1":null,"v2":null},"foi_files":[{"dc_format":"application/octet-stream","dc_identifier":"nl.gm1954.2c.2022.2833566-7.doc.1","dc_source":"https://api1.ibabs.eu/publicdownload.aspx?site=Beekdaelen&id=516fe531-0823-4f47-9f12-1bbd95731d3d","dc_title":"Geluidsopname C Rondvraag","dc_type":"bijlage","foi_fileName":"C%20Rondvraag.mp3"}],"foi_nrDocuments":1,"foi_nrPagesInDossier":0,"foi_publishedDate":"2022-09-15","foi_retrievedDate":"2025-12-02"},{"dc_creator":"HandelingScraper_v1","dc_date_year":2022,"dc_description":"Vergadering van de Gemeente Beekdaelen op 2022-09-21. Onderdeel: Algemeen.","dc_identifier":"nl.gm1954.2c.2022.2833596-1","dc_publisher":"gm1954","dc_source":"https://beekdaelen.bestuurlijkeinformatie.nl/Agenda/Index/07b58f28-73a0-4506-99e7-e14ef78edf04","dc_title":"Raadscommissie Bestuur en Middelen 2022-09-21 - Algemeen","dc_type":"2c","dc_type_description":"Vergaderstuk decentrale overheid","foi_fairiscoreVersions":{"v1":1,"v2":1},"foi_files":[{"dc_format":"application/pdf","dc_identifier":"nl.gm1954.2c.2022.2833596-1.doc.2","dc_source":"https://api1.ibabs.eu/publicdownload.aspx?site=Beekdaelen&id=03e4a791-a85f-4d08-b1d1-4ad976518aca","dc_title":"Vragen BL bij B1 inzake  Procesplan strategische toekomstvisie","dc_type":"bijlage","foi_fairiscoreVersions":{"v1":1,"v2":1},"foi_fileName":"Vragen%20BL%20Bij%20B1%20%28cie%20BM%2021092022%29.pdf","foi_nrPages":1},{"dc_format":"application/pdf","dc_identifier":"nl.gm1954.2c.2022.2833596-1.doc.1","dc_source":"https://api1.ibabs.eu/publicdownload.aspx?site=Beekdaelen&id=6484c0fb-f8be-4e84-ba95-ea032116eba3","dc_title":"Vragen VG bij B1 inzake  Procesplan strategische toekomstvisie","dc_type":"bijlage","foi_fairiscoreVersions":{"v1":1,"v2":1},"foi_fileName":"Vragen%20VG%20bij%20B1.pdf","foi_nrPages":2}],"foi_nrDocuments":2,"foi_nrPagesInDossier":3,"foi_publishedDate":"2022-09-21","foi_retrievedDate":"2026-02-11"},{"dc_creator":"HandelingScraper_v1","dc_date_year":2022,"dc_description":"Vergadering van de Gemeente Beekdaelen op 2022-09-21. Onderdeel: Opening, mededelingen voorzitter en vaststellen agenda..","dc_identifier":"nl.gm1954.2c.2022.2833596-2","dc_publisher":"gm1954","dc_source":"https://beekdaelen.bestuurlijkeinformatie.nl/Agenda/Index/07b58f28-73a0-4506-99e7-e14ef78edf04","dc_title":"Raadscommissie Bestuur en Middelen 2022-09-21 - Opening, mededelingen voorzitter en vaststellen agenda.","dc_type":"2c","dc_type_description":"Vergaderstuk decentrale overheid","foi_fairiscoreVersions":{"v1":1,"v2":1},"foi_files":[{"dc_format":"application/pdf","dc_identifier":"nl.gm1954.2c.2022.2833596-2.doc.1","dc_source":"https://api1.ibabs.eu/publicdownload.aspx?site=Beekdaelen&id=b37f8407-fabd-4e4c-95ca-907bbc068ca8","dc_title":"Uitnodiging en voorlopige agenda cie bestuur en middelen  21092022","dc_type":"bijlage","foi_fairiscoreVersions":{"v1":1,"v2":1},"foi_fileName":"Uitnodiging%20en%20voorlopige%20agenda%20cie%20bestuur%20en%20middelen%20%2021092022.pdf","foi_nrPages":1},{"dc_format":"application/pdf","dc_identifier":"nl.gm1954.2c.2022.2833596-2.doc.2","dc_source":"https://api1.ibabs.eu/publicdownload.aspx?site=Beekdaelen&id=548d5130-9990-4aa1-80b1-7bbbd5e64c5f","dc_title":"Vastgestelde agenda raadscie. Bestuur en Middelen 21092022","dc_type":"bijlage","foi_fairiscoreVersions":{"v1":1,"v2":1},"foi_fileName":"Vastgestelde%20agenda%20raadscie.pdf","foi_nrPages":1}],"foi_nrDocuments":2,"foi_nrPagesInDossier":2,"foi_publishedDate":"2022-09-21","foi_retrievedDate":"2026-02-12"},{"dc_creator":"HandelingScraper_v1","dc_date_year":2022,"dc_description":"Vergadering van de Gemeente Beekdaelen op 2022-09-21. Onderdeel: Vaststellen actiepuntenlijst van de raadscommissie Bestuur en Middelen d.d. 01 juni 2022.","dc_identifier":"nl.gm1954.2c.2022.2833596-3","dc_publisher":"gm1954","dc_source":"https://beekdaelen.bestuurlijkeinformatie.nl/Agenda/Index/07b58f28-73a0-4506-99e7-e14ef78edf04","dc_title":"Raadscommissie Bestuur en Middelen 2022-09-21 - Vaststellen actiepuntenlijst van de raadscommissie Bestuur en Middelen d.d. 01 juni 2022","dc_type":"2c","dc_type_description":"Vergaderstuk decentrale overheid","foi_fairiscoreVersions":{"v1":1,"v2":1},"foi_files":[{"dc_format":"application/pdf","dc_identifier":"nl.gm1954.2c.2022.2833596-3.doc.1","dc_source":"https://api1.ibabs.eu/publicdownload.aspx?site=Beekdaelen&id=21b2e2ae-145e-4ea1-a1ef-bedecedd135f","dc_title":"Actiepuntenlijst cie Bestuur en Middelen 01.06.2022 - vastgesteld 21.09.2022","dc_type":"bijlage","foi_fairiscoreVersions":{"v1":1,"v2":1},"foi_fileName":"2022%2006%2001%20Actiepuntenlijst%20cie%20Bestuur%20en%20Middelen%20-%20CONCEPT.pdf","foi_nrPages":5},{"dc_format":"application/octet-stream","dc_identifier":"nl.gm1954.2c.2022.2833596-3.doc.2","dc_source":"https://api1.ibabs.eu/publicdownload.aspx?site=Beekdaelen&id=b5f79233-5c34-447a-9494-08ac2b57738d","dc_title":"A1_tm_A3_Agenda_Actiepuntenlijst.mp3","dc_type":"bijlage","foi_fileName":"A1_tm_A3_Agenda_Actiepuntenlijst.mp3"}],"foi_nrDocuments":2,"foi_nrPagesInDossier":5,"foi_publishedDate":"2022-09-21","foi_retrievedDate":"2026-02-13"},{"dc_creator":"HandelingScraper_v1","dc_date_year":2022,"dc_description":"Vergadering van de Gemeente Beekdaelen op 2022-09-21. Onderdeel: Raadsvoorstel inzake procesplan actualisatie strategische toekomstvisie \u201cleven en werken in het landschap\u201d.","dc_identifier":"nl.gm1954.2c.2022.2833596-4","dc_publisher":"gm1954","dc_source":"https://beekdaelen.bestuurlijkeinformatie.nl/Agenda/Index/07b58f28-73a0-4506-99e7-e14ef78edf04","dc_title":"Raadscommissie Bestuur en Middelen 2022-09-21 - Raadsvoorstel inzake procesplan actualisatie strategische toekomstvisie \u201cleven en werken in het landschap\u201d","dc_type":"2c","dc_type_description":"Vergaderstuk decentrale overheid","foi_fairiscoreVersions":{"v1":2,"v2":2},"foi_files":[{"dc_format":"application/octet-stream","dc_identifier":"nl.gm1954.2c.2022.2833596-4.doc.7","dc_source":"https://api1.ibabs.eu/publicdownload.aspx?site=Beekdaelen&id=627fbef0-694c-40c7-b3fd-7fe134e9feeb","dc_title":"B1_Strategische_toekomstvisie.mp3","dc_type":"bijlage","foi_fileName":"B1_Strategische_toekomstvisie.mp3"},{"dc_format":"application/pdf","dc_identifier":"nl.gm1954.2c.2022.2833596-4.doc.3","dc_source":"https://api1.ibabs.eu/publicdownload.aspx?site=Beekdaelen&id=f769c0a2-2c9e-40ce-a66f-528e68a0e867","dc_title":"Bijlage 1 procesvoorstel actualiseren beknopte strategische toekomstvisie","dc_type":"bijlage","foi_fairiscoreVersions":{"v1":1,"v2":1},"foi_fileName":"Bijlage%201%20procesvoorstel%20actualiseren%20beknopte%20strategische%20toekomstvisie.pdf","foi_nrPages":7},{"dc_format":"application/pdf","dc_identifier":"nl.gm1954.2c.2022.2833596-4.doc.4","dc_source":"https://api1.ibabs.eu/publicdownload.aspx?site=Beekdaelen&id=b916e259-269d-4ed6-b850-4c2da59ed5ec","dc_title":"Bijlage 2 beknopte strategische toekomstvisie leven en werken in het landschap","dc_type":"bijlage","foi_fairiscoreVersions":{"v1":2,"v2":2},"foi_fileName":"Bijlage%202%20beknopte%20strategische%20toekomstvisie%20leven%20en%20werken%20in%20het%20landschap.pdf","foi_nrPages":30},{"dc_format":"application/pdf","dc_identifier":"nl.gm1954.2c.2022.2833596-4.doc.2","dc_source":"https://api1.ibabs.eu/publicdownload.aspx?site=Beekdaelen&id=fbc88d38-afb4-468f-9888-fc0334504d8f","dc_title":"Bijlage 3 concept raadsbesluit actualiseren beknopte strategische toekoms","dc_type":"bijlage","foi_fairiscoreVersions":{"v1":1,"v2":1},"foi_fileName":"Bijlage%203%20concept%20raadsbesluit%20actualiseren%20beknopte%20strategische%20toekoms.pdf","foi_nrPages":1},{"dc_format":"application/pdf","dc_identifier":"nl.gm1954.2c.2022.2833596-4.doc.5","dc_source":"https://api1.ibabs.eu/publicdownload.aspx?site=Beekdaelen&id=8007e7b7-b3ff-48c6-a5cf-3b9e5eb8c609","dc_title":"MvA techn.vragen BL inzake actualiseren strategische toekomstvisie \"leven en werken in het landschap\"","dc_type":"bijlage","foi_fairiscoreVersions":{"v1":1,"v2":1},"foi_fileName":"MvA%20techn.vragen%20BL%20inzake%20B1.pdf","foi_nrPages":2},{"dc_format":"application/pdf","dc_identifier":"nl.gm1954.2c.2022.2833596-4.doc.6","dc_source":"https://api1.ibabs.eu/publicdownload.aspx?site=Beekdaelen&id=de25fedd-f1d4-4102-8b31-7fe2f6827843","dc_title":"MvA techn.vragen VG inzake actualiseren strategische toekomstvisie \"leven en werken in het landschap\"","dc_type":"bijlage","foi_fairiscoreVersions":{"v1":1,"v2":1},"foi_fileName":"MvA%20techn.vragen%20VG%20inzake%20B1.pdf","foi_nrPages":4},{"dc_format":"application/pdf","dc_identifier":"nl.gm1954.2c.2022.2833596-4.doc.1","dc_source":"https://api1.ibabs.eu/publicdownload.aspx?site=Beekdaelen&id=4191db46-6a1f-4e75-bb10-16edb8ac5a70","dc_title":"Raadsvoorstel actualiseren beknopte strategische toekomstvisie","dc_type":"bijlage","foi_fairiscoreVersions":{"v1":1,"v2":1},"foi_fileName":"Raadsvoorstel%20actualiseren%20beknopte%20strategische%20toekomstvisie.pdf","foi_nrPages":3}],"foi_nrDocuments":7,"foi_nrPagesInDossier":47,"foi_publishedDate":"2022-09-21","foi_retrievedDate":"2026-03-09"},{"dc_creator":"HandelingScraper_v1","dc_date_year":2022,"dc_description":"Vergadering van de Gemeente Beekdaelen op 2022-09-21. Onderdeel: Rondvraag Bestuur en Middelen.","dc_identifier":"nl.gm1954.2c.2022.2833596-5","dc_publisher":"gm1954","dc_source":"https://beekdaelen.bestuurlijkeinformatie.nl/Agenda/Index/07b58f28-73a0-4506-99e7-e14ef78edf04","dc_title":"Raadscommissie Bestuur en Middelen 2022-09-21 - Rondvraag Bestuur en Middelen","dc_type":"2c","dc_type_description":"Vergaderstuk decentrale overheid","foi_fairiscoreVersions":{"v1":null,"v2":null},"foi_files":[{"dc_format":"application/octet-stream","dc_identifier":"nl.gm1954.2c.2022.2833596-5.doc.1","dc_source":"https://api1.ibabs.eu/publicdownload.aspx?site=Beekdaelen&id=9f7ffdf3-a7d6-4761-a379-0b31f3d47c33","dc_title":"C_Rondvraag.mp3","dc_type":"bijlage","foi_fileName":"C_Rondvraag.mp3"}],"foi_nrDocuments":1,"foi_nrPagesInDossier":0,"foi_publishedDate":"2022-09-21","foi_retrievedDate":"2026-03-01"},{"dc_creator":"HandelingScraper_v1","dc_date_year":2022,"dc_description":"Vergadering van de Gemeente Beekdaelen op 2022-09-28. Onderdeel: Agenda.","dc_identifier":"nl.gm1954.2c.2022.2833616-1","dc_publisher":"gm1954","dc_source":"https://beekdaelen.bestuurlijkeinformatie.nl/Agenda/Index/b35a4004-b1e9-432c-99b9-1fd593b4b642","dc_title":"BDN Commissie AWACS Limburg 2022-09-28 - Agenda","dc_type":"2c","dc_type_description":"Vergaderstuk decentrale overheid","foi_fairiscoreVersions":{"v1":1,"v2":1},"foi_files":[{"dc_format":"application/pdf","dc_identifier":"nl.gm1954.2c.2022.2833616-1.doc.1","dc_source":"https://api1.ibabs.eu/publicdownload.aspx?site=Beekdaelen&id=0de5e57f-fada-4282-8cd6-2513a2d07465","dc_title":"034-CAL-AWACS-2022-concept-agenda.pdf","dc_type":"bijlage","foi_fairiscoreVersions":{"v1":1,"v2":1},"foi_fileName":"034-CAL-AWACS-2022-concept-agenda.pdf","foi_nrPages":1}],"foi_nrDocuments":1,"foi_nrPagesInDossier":1,"foi_publishedDate":"2022-09-28","foi_retrievedDate":"2026-02-13"},{"dc_creator":"HandelingScraper_v1","dc_date_year":2022,"dc_description":"Vergadering van de Gemeente Beekdaelen op 2022-09-28. Onderdeel: Concept-verslag en actielijst (035-CAL-AWACS-2022).","dc_identifier":"nl.gm1954.2c.2022.2833616-2","dc_publisher":"gm1954","dc_source":"https://beekdaelen.bestuurlijkeinformatie.nl/Agenda/Index/b35a4004-b1e9-432c-99b9-1fd593b4b642","dc_title":"BDN Commissie AWACS Limburg 2022-09-28 - Concept-verslag en actielijst (035-CAL-AWACS-2022)","dc_type":"2c","dc_type_description":"Vergaderstuk decentrale overheid","foi_fairiscoreVersions":{"v1":1,"v2":1},"foi_files":[{"dc_format":"application/pdf","dc_identifier":"nl.gm1954.2c.2022.2833616-2.doc.1","dc_source":"https://api1.ibabs.eu/publicdownload.aspx?site=Beekdaelen&id=7af502b0-cea9-4295-9d3b-35d1a4b2eb57","dc_title":"035-CAL-AWACS-2022-concept-verslag.pdf","dc_type":"bijlage","foi_fairiscoreVersions":{"v1":1,"v2":1},"foi_fileName":"035-CAL-AWACS-2022-concept-verslag.pdf","foi_nrPages":5}],"foi_nrDocuments":1,"foi_nrPagesInDossier":5,"foi_publishedDate":"2022-09-28","foi_retrievedDate":"2025-11-30"},{"dc_creator":"HandelingScraper_v1","dc_date_year":2022,"dc_description":"Vergadering van de Gemeente Beekdaelen op 2022-09-28. Onderdeel: Terugblik werkbezoek staatssecretaris van Defensie, dhr. Christophe van der Maat, d.d. 16-9-2022.","dc_identifier":"nl.gm1954.2c.2022.2833616-3","dc_publisher":"gm1954","dc_source":"https://beekdaelen.bestuurlijkeinformatie.nl/Agenda/Index/b35a4004-b1e9-432c-99b9-1fd593b4b642","dc_title":"BDN Commissie AWACS Limburg 2022-09-28 - Terugblik werkbezoek staatssecretaris van Defensie, dhr. Christophe van der Maat, d.d. 16-9-2022","dc_type":"2c","dc_type_description":"Vergaderstuk decentrale overheid","foi_fairiscoreVersions":{"v1":1,"v2":1},"foi_files":[{"dc_format":"application/pdf","dc_identifier":"nl.gm1954.2c.2022.2833616-3.doc.1","dc_source":"https://api1.ibabs.eu/publicdownload.aspx?site=Beekdaelen&id=b3477092-8bfe-4e18-a928-8e8326219730","dc_title":"039-CAL-AWACS-2022-persbericht bezoek staatssecretaris.pdf","dc_type":"bijlage","foi_fairiscoreVersions":{"v1":1,"v2":1},"foi_fileName":"039-CAL-AWACS-2022-persbericht%20bezoek%20staatssecretaris.pdf","foi_nrPages":2}],"foi_nrDocuments":1,"foi_nrPagesInDossier":2,"foi_publishedDate":"2022-09-28","foi_retrievedDate":"2026-03-02"},{"dc_creator":"HandelingScraper_v1","dc_date_year":2022,"dc_description":"Vergadering van de Gemeente Beekdaelen op 2022-09-28. Onderdeel: Overzicht klachten 2e kwartaal 2022 (036-CAL-AWACS-2022).","dc_identifier":"nl.gm1954.2c.2022.2833616-4","dc_publisher":"gm1954","dc_source":"https://beekdaelen.bestuurlijkeinformatie.nl/Agenda/Index/b35a4004-b1e9-432c-99b9-1fd593b4b642","dc_title":"BDN Commissie AWACS Limburg 2022-09-28 - Overzicht klachten 2e kwartaal 2022 (036-CAL-AWACS-2022)","dc_type":"2c","dc_type_description":"Vergaderstuk decentrale overheid","foi_fairiscoreVersions":{"v1":2,"v2":1},"foi_files":[{"dc_format":"application/pdf","dc_identifier":"nl.gm1954.2c.2022.2833616-4.doc.1","dc_source":"https://api1.ibabs.eu/publicdownload.aspx?site=Beekdaelen&id=f78a935d-e853-4146-b324-a5d4b4a7a255","dc_title":"036-CAL-AWACS-overzicht klachten Q2 2022.pdf","dc_type":"bijlage","foi_fairiscoreVersions":{"v1":2,"v2":1},"foi_fileName":"036-CAL-AWACS-overzicht%20klachten%20Q2%202022.pdf","foi_nrPages":20}],"foi_nrDocuments":1,"foi_nrPagesInDossier":20,"foi_publishedDate":"2022-09-28","foi_retrievedDate":"2026-03-07"},{"dc_creator":"HandelingScraper_v1","dc_date_year":2022,"dc_description":"Vergadering van de Gemeente Beekdaelen op 2022-09-28. Onderdeel: Woonkernoffenders 2e kwartaal 2022 (037-CAL-AWACS-2022).","dc_identifier":"nl.gm1954.2c.2022.2833616-5","dc_publisher":"gm1954","dc_source":"https://beekdaelen.bestuurlijkeinformatie.nl/Agenda/Index/b35a4004-b1e9-432c-99b9-1fd593b4b642","dc_title":"BDN Commissie AWACS Limburg 2022-09-28 - Woonkernoffenders 2e kwartaal 2022 (037-CAL-AWACS-2022)","dc_type":"2c","dc_type_description":"Vergaderstuk decentrale overheid","foi_fairiscoreVersions":{"v1":1,"v2":1},"foi_files":[{"dc_format":"application/pdf","dc_identifier":"nl.gm1954.2c.2022.2833616-5.doc.1","dc_source":"https://api1.ibabs.eu/publicdownload.aspx?site=Beekdaelen&id=8ddd3b73-f367-4226-b752-b1ae3919af34","dc_title":"037-CAL-AWACS-Woonkernoffenders Q2 2022.pdf","dc_type":"bijlage","foi_fairiscoreVersions":{"v1":1,"v2":1},"foi_fileName":"037-CAL-AWACS-Woonkernoffenders%20Q2%202022.pdf","foi_nrPages":6}],"foi_nrDocuments":1,"foi_nrPagesInDossier":6,"foi_publishedDate":"2022-09-28","foi_retrievedDate":"2026-01-22"},{"dc_creator":"HandelingScraper_v1","dc_date_year":2022,"dc_description":"Vergadering van de Gemeente Beekdaelen op 2022-09-28. Onderdeel: Brief GS aan PS over rol en inzet van het College inzake luchtvaart.","dc_identifier":"nl.gm1954.2c.2022.2833616-6","dc_publisher":"gm1954","dc_source":"https://beekdaelen.bestuurlijkeinformatie.nl/Agenda/Index/b35a4004-b1e9-432c-99b9-1fd593b4b642","dc_title":"BDN Commissie AWACS Limburg 2022-09-28 - Brief GS aan PS over rol en inzet van het College inzake luchtvaart","dc_type":"2c","dc_type_description":"Vergaderstuk decentrale overheid","foi_fairiscoreVersions":{"v1":1,"v2":1},"foi_files":[{"dc_format":"application/pdf","dc_identifier":"nl.gm1954.2c.2022.2833616-6.doc.1","dc_source":"https://api1.ibabs.eu/publicdownload.aspx?site=Beekdaelen&id=d44cbd6f-3bec-4f77-8a64-ba90af062156","dc_title":"038-CAL-AWACS-2022-Brief GS aan PS.pdf","dc_type":"bijlage","foi_fairiscoreVersions":{"v1":1,"v2":1},"foi_fileName":"038-CAL-AWACS-2022-Brief%20GS%20aan%20PS.pdf","foi_nrPages":5}],"foi_nrDocuments":1,"foi_nrPagesInDossier":5,"foi_publishedDate":"2022-09-28","foi_retrievedDate":"2026-03-06"},{"dc_creator":"HandelingScraper_v1","dc_date_year":2022,"dc_description":"Vergadering van de Gemeente Beekdaelen op 2022-10-04. Onderdeel: Opening.","dc_identifier":"nl.gm1954.2c.2022.2833629-1","dc_publisher":"gm1954","dc_source":"https://beekdaelen.bestuurlijkeinformatie.nl/Agenda/Index/08bda5be-1f58-4ede-985e-71cd7bb6a87d","dc_title":"Raadsvergadering 2022-10-04 - Opening","dc_type":"2c","dc_type_description":"Vergaderstuk decentrale overheid","foi_fairiscoreVersions":{"v1":1,"v2":1},"foi_files":[{"dc_format":"application/pdf","dc_identifier":"nl.gm1954.2c.2022.2833629-1.doc.1","dc_source":"https://api1.ibabs.eu/publicdownload.aspx?site=Beekdaelen&id=92e1965e-b391-4c7b-8e31-a01d3ce7d273","dc_title":"Uitnodiging en voorlopige agenda raadsvergadering 4 oktober 2022","dc_type":"bijlage","foi_fairiscoreVersions":{"v1":1,"v2":1},"foi_fileName":"Uitnodiging%20en%20voorlopige%20agenda%20raadsvergadering%204%20oktober%202022.pdf","foi_nrPages":2}],"foi_nrDocuments":1,"foi_nrPagesInDossier":2,"foi_publishedDate":"2022-10-04","foi_retrievedDate":"2025-11-29"},{"dc_creator":"HandelingScraper_v1","dc_date_year":2022,"dc_description":"Vergadering van de Gemeente Beekdaelen op 2022-10-04. Onderdeel: Vaststelling lijst ingekomen stukken.","dc_identifier":"nl.gm1954.2c.2022.2833629-10","dc_publisher":"gm1954","dc_source":"https://beekdaelen.bestuurlijkeinformatie.nl/Agenda/Index/08bda5be-1f58-4ede-985e-71cd7bb6a87d","dc_title":"Raadsvergadering 2022-10-04 - Vaststelling lijst ingekomen stukken","dc_type":"2c","dc_type_description":"Vergaderstuk decentrale overheid","foi_fairiscoreVersions":{"v1":null,"v2":null},"foi_files":[{"dc_format":"application/pdf","dc_identifier":"nl.gm1954.2c.2022.2833629-10.doc.1","dc_source":"https://api1.ibabs.eu/publicdownload.aspx?site=Beekdaelen&id=4b308c80-709f-4569-8b03-72d4a4f2eb56","dc_title":"Lijst ingekomen stukken raad 04102022 vastgesteld 04.10.2022","dc_type":"bijlage","foi_fileName":"Lijst%20ingekomen%20stukken%20raad%2004102022%20versie%2030092022.pdf"}],"foi_nrDocuments":1,"foi_nrPagesInDossier":0,"foi_publishedDate":"2022-10-04","foi_retrievedDate":"2025-11-30"},{"dc_creator":"HandelingScraper_v1","dc_date_year":2022,"dc_description":"Vergadering van de Gemeente Beekdaelen op 2022-10-04. Onderdeel: Motie GroenLinks en PvdA inzake openhouden opvang voor vluchtelingen (04.10.2022 AANGEHOUDEN).","dc_identifier":"nl.gm1954.2c.2022.2833629-11","dc_publisher":"gm1954","dc_source":"https://beekdaelen.bestuurlijkeinformatie.nl/Agenda/Index/08bda5be-1f58-4ede-985e-71cd7bb6a87d","dc_title":"Raadsvergadering 2022-10-04 - Motie GroenLinks en PvdA inzake openhouden opvang voor vluchtelingen (04.10.2022 AANGEHOUDEN)","dc_type":"2c","dc_type_description":"Vergaderstuk decentrale overheid","foi_fairiscoreVersions":{"v1":1,"v2":1},"foi_files":[{"dc_format":"application/pdf","dc_identifier":"nl.gm1954.2c.2022.2833629-11.doc.1","dc_source":"https://api1.ibabs.eu/publicdownload.aspx?site=Beekdaelen&id=fc84d9ce-f9ed-4f0b-ab6b-c3c64f182830","dc_title":"Motie GL en PvdA inzake openhouden opvang vluchtelingen AANGEHOUDEN","dc_type":"bijlage","foi_fairiscoreVersions":{"v1":1,"v2":1},"foi_fileName":"Motie%20GL%20en%20PvdA%20inzake%20openhouden%20opvang%20vluchtelingen%20AANGEHOUDEN.pdf","foi_nrPages":2}],"foi_nrDocuments":1,"foi_nrPagesInDossier":2,"foi_publishedDate":"2022-10-04","foi_retrievedDate":"2025-12-01"},{"dc_creator":"HandelingScraper_v1","dc_date_year":2022,"dc_description":"Vergadering van de Gemeente Beekdaelen op 2022-10-04. Onderdeel: Motie PvdA inzake 'help (sport)verenigingen de winter door' (04.10.2022 VERWORPEN).","dc_identifier":"nl.gm1954.2c.2022.2833629-12","dc_publisher":"gm1954","dc_source":"https://beekdaelen.bestuurlijkeinformatie.nl/Agenda/Index/08bda5be-1f58-4ede-985e-71cd7bb6a87d","dc_title":"Raadsvergadering 2022-10-04 - Motie PvdA inzake 'help (sport)verenigingen de winter door' (04.10.2022 VERWORPEN)","dc_type":"2c","dc_type_description":"Vergaderstuk decentrale overheid","foi_fairiscoreVersions":{"v1":1,"v2":1},"foi_files":[{"dc_format":"application/pdf","dc_identifier":"nl.gm1954.2c.2022.2833629-12.doc.1","dc_source":"https://api1.ibabs.eu/publicdownload.aspx?site=Beekdaelen&id=ae9b4f9f-fd72-4428-8d0c-de7da09bdad6","dc_title":"Motie PvdA inzake help (sport)verenigingen de winter door VERWORPEN","dc_type":"bijlage","foi_fairiscoreVersions":{"v1":1,"v2":1},"foi_fileName":"Motie%20PvdA%20inzake%20help%20%28sport%29verenigingen%20de%20winter%20door%20VERWORPEN.pdf","foi_nrPages":1}],"foi_nrDocuments":1,"foi_nrPagesInDossier":1,"foi_publishedDate":"2022-10-04","foi_retrievedDate":"2025-11-30"},{"dc_creator":"HandelingScraper_v1","dc_date_year":2022,"dc_description":"Vergadering van de Gemeente Beekdaelen op 2022-10-04. Onderdeel: Mondelinge beantwoording vragen ex art. 32 RvO PvdA.","dc_identifier":"nl.gm1954.2c.2022.2833629-13","dc_publisher":"gm1954","dc_source":"https://beekdaelen.bestuurlijkeinformatie.nl/Agenda/Index/08bda5be-1f58-4ede-985e-71cd7bb6a87d","dc_title":"Raadsvergadering 2022-10-04 - Mondelinge beantwoording vragen ex art. 32 RvO PvdA","dc_type":"2c","dc_type_description":"Vergaderstuk decentrale overheid","foi_fairiscoreVersions":{"v1":null,"v2":null},"foi_files":[{"dc_format":"application/pdf","dc_identifier":"nl.gm1954.2c.2022.2833629-13.doc.1","dc_source":"https://api1.ibabs.eu/publicdownload.aspx?site=Beekdaelen&id=af37eaa2-a8f4-4bb6-911d-987d7b4afb78","dc_title":"Schriftelijke vragen ex art 32 RvO PvdA inzake Omgekeerde wereld","dc_type":"bijlage","foi_fileName":"Schriftelijke%20vragen%20ex%20art%2032%20RvO%20PvdA%20inzake%20Omgekeerde%20wereld.pdf"}],"foi_nrDocuments":1,"foi_nrPagesInDossier":0,"foi_publishedDate":"2022-10-04","foi_retrievedDate":"2025-11-30"},{"dc_creator":"HandelingScraper_v1","dc_date_year":2022,"dc_description":"Vergadering van de Gemeente Beekdaelen op 2022-10-04. Onderdeel: Vaststelling van de agenda.","dc_identifier":"nl.gm1954.2c.2022.2833629-2","dc_publisher":"gm1954","dc_source":"https://beekdaelen.bestuurlijkeinformatie.nl/Agenda/Index/08bda5be-1f58-4ede-985e-71cd7bb6a87d","dc_title":"Raadsvergadering 2022-10-04 - Vaststelling van de agenda","dc_type":"2c","dc_type_description":"Vergaderstuk decentrale overheid","foi_fairiscoreVersions":{"v1":1,"v2":1},"foi_files":[{"dc_format":"application/pdf","dc_identifier":"nl.gm1954.2c.2022.2833629-2.doc.1","dc_source":"https://api1.ibabs.eu/publicdownload.aspx?site=Beekdaelen&id=533b0195-7e4c-4a26-8163-0a30e930dc96","dc_title":"Vastgestelde agenda raadsvergadering 4 oktober 2022","dc_type":"bijlage","foi_fairiscoreVersions":{"v1":1,"v2":1},"foi_fileName":"Vastgestelde%20agenda%20raadsvergadering%204%20oktober%202022.pdf","foi_nrPages":1}],"foi_nrDocuments":1,"foi_nrPagesInDossier":1,"foi_publishedDate":"2022-10-04","foi_retrievedDate":"2025-11-29"},{"dc_creator":"HandelingScraper_v1","dc_date_year":2022,"dc_description":"Vergadering van de Gemeente Beekdaelen op 2022-10-04. Onderdeel: Vaststellen besluitenlijsten raadsvergaderingen d.d. 12 juli en 8 september 2022.","dc_identifier":"nl.gm1954.2c.2022.2833629-3","dc_publisher":"gm1954","dc_source":"https://beekdaelen.bestuurlijkeinformatie.nl/Agenda/Index/08bda5be-1f58-4ede-985e-71cd7bb6a87d","dc_title":"Raadsvergadering 2022-10-04 - Vaststellen besluitenlijsten raadsvergaderingen d.d. 12 juli en 8 september 2022","dc_type":"2c","dc_type_description":"Vergaderstuk decentrale overheid","foi_fairiscoreVersions":{"v1":1,"v2":1},"foi_files":[{"dc_format":"application/pdf","dc_identifier":"nl.gm1954.2c.2022.2833629-3.doc.3","dc_source":"https://api1.ibabs.eu/publicdownload.aspx?site=Beekdaelen&id=9c7e05e2-5e3f-495c-b2a9-142c84dabe3c","dc_title":"Besluitenlijst besloten deel raadsvergadering 8 september 2022 (geheimhouding vervallen per 12092022) - vastgesteld 04.10.2022","dc_type":"bijlage","foi_fairiscoreVersions":{"v1":1,"v2":1},"foi_fileName":"Besluitenlijst%20besloten%20deel%20raadsvergadering%208%20september%202022.pdf","foi_nrPages":5},{"dc_format":"application/pdf","dc_identifier":"nl.gm1954.2c.2022.2833629-3.doc.1","dc_source":"https://api1.ibabs.eu/publicdownload.aspx?site=Beekdaelen&id=7d21563e-ddd6-46d6-bdc1-42b3820c5103","dc_title":"Besluitenlijst raadsvergadering 12 juli 2022 - vastgesteld 04.10.2022","dc_type":"bijlage","foi_fairiscoreVersions":{"v1":1,"v2":1},"foi_fileName":"Besluitenlijst%20raadsvergadering%2012%20juli%202022.pdf","foi_nrPages":28},{"dc_format":"application/pdf","dc_identifier":"nl.gm1954.2c.2022.2833629-3.doc.2","dc_source":"https://api1.ibabs.eu/publicdownload.aspx?site=Beekdaelen&id=baeba565-70b7-4ab7-b9ec-76309d5ad14a","dc_title":"Besluitenlijst raadsvergadering 8 september 2022 - vastgesteld 04.10.2022","dc_type":"bijlage","foi_fairiscoreVersions":{"v1":1,"v2":1},"foi_fileName":"Besluitenlijst%20raadsvergadering%208%20september%202022.pdf","foi_nrPages":1}],"foi_nrDocuments":3,"foi_nrPagesInDossier":34,"foi_publishedDate":"2022-10-04","foi_retrievedDate":"2025-11-29"},{"dc_creator":"HandelingScraper_v1","dc_date_year":2022,"dc_description":"Vergadering van de Gemeente Beekdaelen op 2022-10-04. Onderdeel: Voorstel inzake benoeming en ontslag commissieleden.","dc_identifier":"nl.gm1954.2c.2022.2833629-4","dc_publisher":"gm1954","dc_source":"https://beekdaelen.bestuurlijkeinformatie.nl/Agenda/Index/08bda5be-1f58-4ede-985e-71cd7bb6a87d","dc_title":"Raadsvergadering 2022-10-04 - Voorstel inzake benoeming en ontslag commissieleden","dc_type":"2c","dc_type_description":"Vergaderstuk decentrale overheid","foi_fairiscoreVersions":{"v1":1,"v2":1},"foi_files":[{"dc_format":"application/pdf","dc_identifier":"nl.gm1954.2c.2022.2833629-4.doc.2","dc_source":"https://api1.ibabs.eu/publicdownload.aspx?site=Beekdaelen&id=d4dc7c31-19f9-4a26-b2b4-3d8c7067ca2f","dc_title":"Raadsbesluit inzake benoeming en ontslag commissieleden namens BL GL en D66 - vastgesteld 04.10.2022","dc_type":"bijlage","foi_fairiscoreVersions":{"v1":1,"v2":1},"foi_fileName":"RBS%20inzake%20benoeming%20en%20ontslag%20commissieleden%20namens%20BL%20GL%20en%20D66.pdf","foi_nrPages":1},{"dc_format":"application/pdf","dc_identifier":"nl.gm1954.2c.2022.2833629-4.doc.1","dc_source":"https://api1.ibabs.eu/publicdownload.aspx?site=Beekdaelen&id=a7876aee-b699-4d7d-8718-f1928aaac7e3","dc_title":"Raadsvoorstel inzake benoeming en ontslag commissieleden namens BL, GL en D66","dc_type":"bijlage","foi_fairiscoreVersions":{"v1":1,"v2":1},"foi_fileName":"RVS%20inzake%20benoeming%20en%20ontslag%20commissieleden%20namens%20BL_%20GL%20en%20D66.pdf","foi_nrPages":2}],"foi_nrDocuments":2,"foi_nrPagesInDossier":3,"foi_publishedDate":"2022-10-04","foi_retrievedDate":"2025-11-29"},{"dc_creator":"HandelingScraper_v1","dc_date_year":2022,"dc_description":"Vergadering van de Gemeente Beekdaelen op 2022-10-04. Onderdeel: Voorstel inzake bekrachtigen geheimhouding RIB inzake Nuinhofwijk.","dc_identifier":"nl.gm1954.2c.2022.2833629-5","dc_publisher":"gm1954","dc_source":"https://beekdaelen.bestuurlijkeinformatie.nl/Agenda/Index/08bda5be-1f58-4ede-985e-71cd7bb6a87d","dc_title":"Raadsvergadering 2022-10-04 - Voorstel inzake bekrachtigen geheimhouding RIB inzake Nuinhofwijk","dc_type":"2c","dc_type_description":"Vergaderstuk decentrale overheid","foi_fairiscoreVersions":{"v1":1,"v2":1},"foi_files":[{"dc_format":"application/pdf","dc_identifier":"nl.gm1954.2c.2022.2833629-5.doc.2","dc_source":"https://api1.ibabs.eu/publicdownload.aspx?site=Beekdaelen&id=c1212dcc-7f34-4b66-b7bd-0b1ac9628e47","dc_title":"Raadsbesluit inzake bekrachtigen geheimhouding RIB Nuinhofwijk - vastgesteld 04.10.2022","dc_type":"bijlage","foi_fairiscoreVersions":{"v1":1,"v2":1},"foi_fileName":"RBS%20inzake%20bekrachtigen%20geheimhouding%20RIB%20Nuinhofwijk.pdf","foi_nrPages":1},{"dc_format":"application/pdf","dc_identifier":"nl.gm1954.2c.2022.2833629-5.doc.1","dc_source":"https://api1.ibabs.eu/publicdownload.aspx?site=Beekdaelen&id=25ed6026-78e6-4c74-b48c-c2d5cdb3369b","dc_title":"Raadsvoorstel inzake bekrachtigen geheimhouding RIB Nuinhofwijk","dc_type":"bijlage","foi_fairiscoreVersions":{"v1":1,"v2":1},"foi_fileName":"RVS%20inzake%20bekrachtigen%20geheimhouding%20RIB%20Nuinhofwijk.pdf","foi_nrPages":2}],"foi_nrDocuments":2,"foi_nrPagesInDossier":3,"foi_publishedDate":"2022-10-04","foi_retrievedDate":"2026-03-14"},{"dc_creator":"HandelingScraper_v1","dc_date_year":2022,"dc_description":"Vergadering van de Gemeente Beekdaelen op 2022-10-04. Onderdeel: Voorstel inzake aanwijzing en be\u00ebdiging plaatsvervangend griffier.","dc_identifier":"nl.gm1954.2c.2022.2833629-6","dc_publisher":"gm1954","dc_source":"https://beekdaelen.bestuurlijkeinformatie.nl/Agenda/Index/08bda5be-1f58-4ede-985e-71cd7bb6a87d","dc_title":"Raadsvergadering 2022-10-04 - Voorstel inzake aanwijzing en be\u00ebdiging plaatsvervangend griffier","dc_type":"2c","dc_type_description":"Vergaderstuk decentrale overheid","foi_fairiscoreVersions":{"v1":1,"v2":1},"foi_files":[{"dc_format":"application/pdf","dc_identifier":"nl.gm1954.2c.2022.2833629-6.doc.2","dc_source":"https://api1.ibabs.eu/publicdownload.aspx?site=Beekdaelen&id=fcfc79dd-4f57-4cd0-b395-0fcbef7a8f81","dc_title":"Raadsbesluit inzake aanwijzing plv. griffier - vastgesteld 04.10.2022","dc_type":"bijlage","foi_fairiscoreVersions":{"v1":1,"v2":1},"foi_fileName":"Raadsbesluit%20inzake%20aanwijzing%20plv.%20griffier.pdf","foi_nrPages":1},{"dc_format":"application/pdf","dc_identifier":"nl.gm1954.2c.2022.2833629-6.doc.1","dc_source":"https://api1.ibabs.eu/publicdownload.aspx?site=Beekdaelen&id=02487a8b-9028-4f10-bad8-f5b08a7fb16c","dc_title":"Raadsvoorstel inzake aanwijzing en be\u00ebdiging plv. griffier","dc_type":"bijlage","foi_fairiscoreVersions":{"v1":1,"v2":1},"foi_fileName":"Raadsvoorstel%20inzake%20aanwijzing%20en%20beediging%20plv.%20griffier.pdf","foi_nrPages":1}],"foi_nrDocuments":2,"foi_nrPagesInDossier":2,"foi_publishedDate":"2022-10-04","foi_retrievedDate":"2026-03-05"},{"dc_creator":"HandelingScraper_v1","dc_date_year":2022,"dc_description":"Vergadering van de Gemeente Beekdaelen op 2022-10-04. Onderdeel: Plan van Aanpak Omgevingsplan.","dc_identifier":"nl.gm1954.2c.2022.2833629-7","dc_publisher":"gm1954","dc_source":"https://beekdaelen.bestuurlijkeinformatie.nl/Agenda/Index/08bda5be-1f58-4ede-985e-71cd7bb6a87d","dc_title":"Raadsvergadering 2022-10-04 - Plan van Aanpak Omgevingsplan","dc_type":"2c","dc_type_description":"Vergaderstuk decentrale overheid","foi_fairiscoreVersions":{"v1":2,"v2":2},"foi_files":[{"dc_format":"application/pdf","dc_identifier":"nl.gm1954.2c.2022.2833629-7.doc.1","dc_source":"https://api1.ibabs.eu/publicdownload.aspx?site=Beekdaelen&id=0ebcd09a-8c5f-45f6-99d3-b6a16063b794","dc_title":"Raadsvoorstel inzake Plan van Aanpak Omgevingsplan","dc_type":"bijlage","foi_fairiscoreVersions":{"v1":1,"v2":1},"foi_fileName":"Z%2F22%2F178058%20-%20310816%20-%20raadsvoorstel%20inzake%20Plan%20van%20Aanpak%20Omgevingsplan.pdf","foi_nrPages":3},{"dc_format":"application/pdf","dc_identifier":"nl.gm1954.2c.2022.2833629-7.doc.2","dc_source":"https://api1.ibabs.eu/publicdownload.aspx?site=Beekdaelen&id=0294ddc0-fd1c-4d6c-9100-7557bb353279","dc_title":"Raadsbesluit inzake Plan van Aanpak Omgevingsplan - vastgesteld 04.10.2022","dc_type":"bijlage","foi_fairiscoreVersions":{"v1":1,"v2":1},"foi_fileName":"Z%2F22%2F178058%20-%20310817%20-%20raadsbesluit%20inzake%20Plan%20van%20Aanpak%20Omgevingsplan.pdf","foi_nrPages":1},{"dc_format":"application/pdf","dc_identifier":"nl.gm1954.2c.2022.2833629-7.doc.3","dc_source":"https://api1.ibabs.eu/publicdownload.aspx?site=Beekdaelen&id=0ffc4507-d05b-4922-9a2e-b1c069f3d71f","dc_title":"Bijlage: Plan van Aanpak Omgevingsplan","dc_type":"bijlage","foi_fairiscoreVersions":{"v1":2,"v2":2},"foi_fileName":"Z%2F22%2F178058%20-%20313948%20-%20Plan%20van%20Aanpak%20Omgevingsplan.pdf","foi_nrPages":32}],"foi_nrDocuments":3,"foi_nrPagesInDossier":36,"foi_publishedDate":"2022-10-04","foi_retrievedDate":"2026-03-09"},{"dc_creator":"HandelingScraper_v1","dc_date_year":2022,"dc_description":"Vergadering van de Gemeente Beekdaelen op 2022-10-04. Onderdeel: Voorstel inzake procesplan actualiseren strategische toekomstvisie 'leven en werken in het landschap'.","dc_identifier":"nl.gm1954.2c.2022.2833629-8","dc_publisher":"gm1954","dc_source":"https://beekdaelen.bestuurlijkeinformatie.nl/Agenda/Index/08bda5be-1f58-4ede-985e-71cd7bb6a87d","dc_title":"Raadsvergadering 2022-10-04 - Voorstel inzake procesplan actualiseren strategische toekomstvisie 'leven en werken in het landschap'","dc_type":"2c","dc_type_description":"Vergaderstuk decentrale overheid","foi_fairiscoreVersions":{"v1":2,"v2":2},"foi_files":[{"dc_format":"application/pdf","dc_identifier":"nl.gm1954.2c.2022.2833629-8.doc.3","dc_source":"https://api1.ibabs.eu/publicdownload.aspx?site=Beekdaelen&id=91318242-f890-4347-ad5b-d9200bc40008","dc_title":"Bijlage 1 procesvoorstel actualiseren beknopte strategische toekomstvisie","dc_type":"bijlage","foi_fairiscoreVersions":{"v1":1,"v2":1},"foi_fileName":"Bijlage%201%20procesvoorstel%20actualiseren%20beknopte%20strategische%20toekomstvisie.pdf","foi_nrPages":7},{"dc_format":"application/pdf","dc_identifier":"nl.gm1954.2c.2022.2833629-8.doc.4","dc_source":"https://api1.ibabs.eu/publicdownload.aspx?site=Beekdaelen&id=00924000-3990-4f06-aa10-fc518f5a88ce","dc_title":"Bijlage 2 beknopte strategische toekomstvisie leven en werken in het landschap","dc_type":"bijlage","foi_fairiscoreVersions":{"v1":2,"v2":2},"foi_fileName":"Bijlage%202%20beknopte%20strategische%20toekomstvisie%20leven%20en%20werken%20in%20het%20landschap.pdf","foi_nrPages":30},{"dc_format":"application/pdf","dc_identifier":"nl.gm1954.2c.2022.2833629-8.doc.2","dc_source":"https://api1.ibabs.eu/publicdownload.aspx?site=Beekdaelen&id=2eff1b5b-487e-4c33-94ab-e54bd3fe23d8","dc_title":"Raadsbesluit actualiseren beknopte strategische toekomst - vastgesteld 04.10.2022","dc_type":"bijlage","foi_fairiscoreVersions":{"v1":1,"v2":1},"foi_fileName":"Bijlage%203%20concept%20raadsbesluit%20actualiseren%20beknopte%20strategische%20toekoms%20aangepast.pdf","foi_nrPages":1},{"dc_format":"application/pdf","dc_identifier":"nl.gm1954.2c.2022.2833629-8.doc.1","dc_source":"https://api1.ibabs.eu/publicdownload.aspx?site=Beekdaelen&id=373a1d3b-6f8e-4aee-9bc9-6ddcf4689282","dc_title":"Raadsvoorstel actualiseren beknopte strategische toekomstvisie","dc_type":"bijlage","foi_fairiscoreVersions":{"v1":1,"v2":1},"foi_fileName":"Raadsvoorstel%20actualiseren%20beknopte%20strategische%20toekomstvisie.pdf","foi_nrPages":3}],"foi_nrDocuments":4,"foi_nrPagesInDossier":41,"foi_publishedDate":"2022-10-04","foi_retrievedDate":"2025-12-05"},{"dc_creator":"HandelingScraper_v1","dc_date_year":2022,"dc_description":"Vergadering van de Gemeente Beekdaelen op 2022-10-04. Onderdeel: Voorstel inzake vervolg bestemmingsplan Rode Beek.","dc_identifier":"nl.gm1954.2c.2022.2833629-9","dc_publisher":"gm1954","dc_source":"https://beekdaelen.bestuurlijkeinformatie.nl/Agenda/Index/08bda5be-1f58-4ede-985e-71cd7bb6a87d","dc_title":"Raadsvergadering 2022-10-04 - Voorstel inzake vervolg bestemmingsplan Rode Beek","dc_type":"2c","dc_type_description":"Vergaderstuk decentrale overheid","foi_fairiscoreVersions":{"v1":2,"v2":2},"foi_files":[{"dc_format":"application/pdf","dc_identifier":"nl.gm1954.2c.2022.2833629-9.doc.2","dc_source":"https://api1.ibabs.eu/publicdownload.aspx?site=Beekdaelen&id=9b3b8325-343c-4d92-87ee-991175bdb06b","dc_title":"Amendement VG, VVD, BL, GL, CDA en D66 inzake bestemmingsplan Rode Beek AANGENOMEN","dc_type":"bijlage","foi_fairiscoreVersions":{"v1":1,"v2":1},"foi_fileName":"Amendement%20VG_%20VVD_%20BL_%20GL_%20CDA%20en%20D66%20inzake%20bestemmingsplan%20Rode%20Beek%20AANGENOMEN.pdf","foi_nrPages":1},{"dc_format":"application/pdf","dc_identifier":"nl.gm1954.2c.2022.2833629-9.doc.4","dc_source":"https://api1.ibabs.eu/publicdownload.aspx?site=Beekdaelen&id=125a61e7-d0d7-4a34-808c-9bb5cc6a5524","dc_title":"Beleidskader AWACS","dc_type":"bijlage","foi_fairiscoreVersions":{"v1":5,"v2":5},"foi_fileName":"beleidskader%20AWACS.pdf","foi_nrPages":6},{"dc_format":"application/pdf","dc_identifier":"nl.gm1954.2c.2022.2833629-9.doc.3","dc_source":"https://api1.ibabs.eu/publicdownload.aspx?site=Beekdaelen&id=fc78f58c-1d16-481c-8bbb-c942bed0c2a9","dc_title":"Raadsbesluit inzake vervolgtraject Rode Beek 04.10.2022 GEAMENDEERD","dc_type":"bijlage","foi_fairiscoreVersions":{"v1":1,"v2":1},"foi_fileName":"RBS%20inzake%20vervolgtraject%20Rode%20Beek%2004102022%20GEAMENDEERD.pdf","foi_nrPages":1},{"dc_format":"application/pdf","dc_identifier":"nl.gm1954.2c.2022.2833629-9.doc.1","dc_source":"https://api1.ibabs.eu/publicdownload.aspx?site=Beekdaelen&id=aeeb75e9-0174-4d2d-982b-bf594899c306","dc_title":"Raadsvoorstel inzake vervolgtraject bestemmingsplan Rode Beek","dc_type":"bijlage","foi_fairiscoreVersions":{"v1":1,"v2":1},"foi_fileName":"RV%20vervolgtraject%20Rode%20Beek%204%20oktober%202022%20zonder%20vervolgrichtingen.pdf","foi_nrPages":2}],"foi_nrDocuments":4,"foi_nrPagesInDossier":10,"foi_publishedDate":"2022-10-04","foi_retrievedDate":"2026-03-06"},{"dc_creator":"HandelingScraper_v1","dc_date_year":2022,"dc_description":"Vergadering van de Gemeente Beekdaelen op 2022-10-19. Onderdeel: Opening.","dc_identifier":"nl.gm1954.2c.2022.2833666-1","dc_publisher":"gm1954","dc_source":"https://beekdaelen.bestuurlijkeinformatie.nl/Agenda/Index/305d1408-780d-408a-a899-8ecc66a715e4","dc_title":"Raadsvergadering 2022-10-19 - Opening","dc_type":"2c","dc_type_description":"Vergaderstuk decentrale overheid","foi_fairiscoreVersions":{"v1":1,"v2":1},"foi_files":[{"dc_format":"application/pdf","dc_identifier":"nl.gm1954.2c.2022.2833666-1.doc.1","dc_source":"https://api1.ibabs.eu/publicdownload.aspx?site=Beekdaelen&id=66188800-2f65-4790-8f55-f763c3ae5324","dc_title":"Uitnodiging en voorlopige agenda raadsvergadering 19 oktober 2022","dc_type":"bijlage","foi_fairiscoreVersions":{"v1":1,"v2":1},"foi_fileName":"Uitnodiging%20en%20voorlopige%20agenda%20raadsvergadering%2019%20oktober%202022.pdf","foi_nrPages":1}],"foi_nrDocuments":1,"foi_nrPagesInDossier":1,"foi_publishedDate":"2022-10-19","foi_retrievedDate":"2026-03-07"},{"dc_creator":"HandelingScraper_v1","dc_date_year":2022,"dc_description":"Vergadering van de Gemeente Beekdaelen op 2022-10-19. Onderdeel: Vaststelling agenda.","dc_identifier":"nl.gm1954.2c.2022.2833666-2","dc_publisher":"gm1954","dc_source":"https://beekdaelen.bestuurlijkeinformatie.nl/Agenda/Index/305d1408-780d-408a-a899-8ecc66a715e4","dc_title":"Raadsvergadering 2022-10-19 - Vaststelling agenda","dc_type":"2c","dc_type_description":"Vergaderstuk decentrale overheid","foi_fairiscoreVersions":{"v1":null,"v2":null},"foi_files":[{"dc_format":"application/pdf","dc_identifier":"nl.gm1954.2c.2022.2833666-2.doc.1","dc_source":"https://api1.ibabs.eu/publicdownload.aspx?site=Beekdaelen&id=5c184285-05ca-4a2a-8327-51fcd7e677fa","dc_title":"Vastgestelde agenda raadsvergadering 19 oktober 2022","dc_type":"bijlage","foi_fileName":"Vastgestelde%20agenda%20raadsvergadering%2019%20oktober%202022.pdf"}],"foi_nrDocuments":1,"foi_nrPagesInDossier":0,"foi_publishedDate":"2022-10-19","foi_retrievedDate":"2025-11-30"},{"dc_creator":"HandelingScraper_v1","dc_date_year":2022,"dc_description":"Vergadering van de Gemeente Beekdaelen op 2022-10-19. Onderdeel: Moties inzake opvang voor vluchtelingen - INGETROKKEN.","dc_identifier":"nl.gm1954.2c.2022.2833666-3","dc_publisher":"gm1954","dc_source":"https://beekdaelen.bestuurlijkeinformatie.nl/Agenda/Index/305d1408-780d-408a-a899-8ecc66a715e4","dc_title":"Raadsvergadering 2022-10-19 - Moties inzake opvang voor vluchtelingen - INGETROKKEN","dc_type":"2c","dc_type_description":"Vergaderstuk decentrale overheid","foi_fairiscoreVersions":{"v1":3,"v2":3},"foi_files":[{"dc_format":"application/pdf","dc_identifier":"nl.gm1954.2c.2022.2833666-3.doc.2","dc_source":"https://api1.ibabs.eu/publicdownload.aspx?site=Beekdaelen&id=2e66183b-1107-4207-b01a-ea2beea8442f","dc_title":"Brieven Ministerie van V&J en Veiligheidsregio ivm opvang  vluchtelingen","dc_type":"bijlage","foi_fairiscoreVersions":{"v1":5,"v2":5},"foi_fileName":"Brieven%20Ministerie%20van%20V%26J%20en%20Veilgheidsregio%20ivm%20opvang%20%20vluchtelingen.pdf","foi_nrPages":4},{"dc_format":"application/pdf","dc_identifier":"nl.gm1954.2c.2022.2833666-3.doc.3","dc_source":"https://api1.ibabs.eu/publicdownload.aspx?site=Beekdaelen&id=0e0f7ef7-b581-4842-a6ae-52e40c732697","dc_title":"Mailbericht van dhr. Kapteijns COA","dc_type":"bijlage","foi_fairiscoreVersions":{"v1":1,"v2":1},"foi_fileName":"Mailbericht%20van%20dhr.%20Kapteijns%20COA.pdf","foi_nrPages":1},{"dc_format":"application/pdf","dc_identifier":"nl.gm1954.2c.2022.2833666-3.doc.1","dc_source":"https://api1.ibabs.eu/publicdownload.aspx?site=Beekdaelen&id=4745d6dd-f93e-4793-924b-c20bdce13beb","dc_title":"Motie GL en PvdA inzake openhouden opvang vluchtelingen AANGEHOUDEN - INGETROKKEN","dc_type":"bijlage","foi_fairiscoreVersions":{"v1":1,"v2":1},"foi_fileName":"Motie%20GL%20en%20PvdA%20inzake%20openhouden%20opvang%20vluchtelingen%20AANGEHOUDEN%20-%20INGETROKKEN.pdf","foi_nrPages":2}],"foi_nrDocuments":3,"foi_nrPagesInDossier":7,"foi_publishedDate":"2022-10-19","foi_retrievedDate":"2025-11-30"},{"dc_creator":"HandelingScraper_v1","dc_date_year":2022,"dc_description":"Vergadering van de Gemeente Beekdaelen op 2022-10-19. Onderdeel: Motie VVD inzake huisvesting asielzoekers - VERWORPEN.","dc_identifier":"nl.gm1954.2c.2022.2833666-4","dc_publisher":"gm1954","dc_source":"https://beekdaelen.bestuurlijkeinformatie.nl/Agenda/Index/305d1408-780d-408a-a899-8ecc66a715e4","dc_title":"Raadsvergadering 2022-10-19 - Motie VVD inzake huisvesting asielzoekers - VERWORPEN","dc_type":"2c","dc_type_description":"Vergaderstuk decentrale overheid","foi_fairiscoreVersions":{"v1":1,"v2":1},"foi_files":[{"dc_format":"application/pdf","dc_identifier":"nl.gm1954.2c.2022.2833666-4.doc.1","dc_source":"https://api1.ibabs.eu/publicdownload.aspx?site=Beekdaelen&id=6a44c746-dddb-4e3a-aded-3fbbecf6e4e3","dc_title":"Motie VVD inzake Huisvesting asielzoekers VERWORPEN","dc_type":"bijlage","foi_fairiscoreVersions":{"v1":1,"v2":1},"foi_fileName":"Motie%20VVD%20inzake%20Huisvesting%20asielzoekers%20VERWORPEN.pdf","foi_nrPages":1}],"foi_nrDocuments":1,"foi_nrPagesInDossier":1,"foi_publishedDate":"2022-10-19","foi_retrievedDate":"2025-11-30"},{"dc_creator":"HandelingScraper_v1","dc_date_year":2022,"dc_description":"Vergadering van de Gemeente Beekdaelen op 2022-10-19. Onderdeel: Motie GL en PvdA inzake opvang vluchtelingen en peiling draagvlak burgers - VERWORPEN.","dc_identifier":"nl.gm1954.2c.2022.2833666-5","dc_publisher":"gm1954","dc_source":"https://beekdaelen.bestuurlijkeinformatie.nl/Agenda/Index/305d1408-780d-408a-a899-8ecc66a715e4","dc_title":"Raadsvergadering 2022-10-19 - Motie GL en PvdA inzake opvang vluchtelingen en peiling draagvlak burgers - VERWORPEN","dc_type":"2c","dc_type_description":"Vergaderstuk decentrale overheid","foi_fairiscoreVersions":{"v1":1,"v2":1},"foi_files":[{"dc_format":"application/pdf","dc_identifier":"nl.gm1954.2c.2022.2833666-5.doc.1","dc_source":"https://api1.ibabs.eu/publicdownload.aspx?site=Beekdaelen&id=9c0482b3-b8e4-4d59-b3b7-d99858bde764","dc_title":"Motie GL en PvdA inzake opvang vluchtelingen en peiling draagvlak burgers VERWORPEN","dc_type":"bijlage","foi_fairiscoreVersions":{"v1":1,"v2":1},"foi_fileName":"Motie%20GL%20en%20PvdA%20inzake%20opvang%20vluchtelingen%20en%20peiling%20draagvlak%20burgers%20VERWORPEN.pdf","foi_nrPages":2}],"foi_nrDocuments":1,"foi_nrPagesInDossier":2,"foi_publishedDate":"2022-10-19","foi_retrievedDate":"2026-02-12"},{"dc_creator":"HandelingScraper_v1","dc_date_year":2022,"dc_description":"Vergadering van de Gemeente Beekdaelen op 2022-10-19. Onderdeel: Motie GL, PvdA en D66 inzake opvang vluchtelingen en peiling draagvlak burgers AANGEVULD - VERWORPEN.","dc_identifier":"nl.gm1954.2c.2022.2833666-6","dc_publisher":"gm1954","dc_source":"https://beekdaelen.bestuurlijkeinformatie.nl/Agenda/Index/305d1408-780d-408a-a899-8ecc66a715e4","dc_title":"Raadsvergadering 2022-10-19 - Motie GL, PvdA en D66 inzake opvang vluchtelingen en peiling draagvlak burgers AANGEVULD - VERWORPEN","dc_type":"2c","dc_type_description":"Vergaderstuk decentrale overheid","foi_fairiscoreVersions":{"v1":1,"v2":1},"foi_files":[{"dc_format":"application/pdf","dc_identifier":"nl.gm1954.2c.2022.2833666-6.doc.1","dc_source":"https://api1.ibabs.eu/publicdownload.aspx?site=Beekdaelen&id=c320efa3-d838-4b5b-8115-89930b2410ed","dc_title":"Motie GL, PvdA en D66 inzake opvang vluchtelingen en peiling draagvlak burgers VERWORPEN","dc_type":"bijlage","foi_fairiscoreVersions":{"v1":1,"v2":1},"foi_fileName":"Motie%203.1.1%20GL_%20PvdA%20en%20D66%20inzake%20opvang%20vluchtelingen%20en%20peiling%20draagvlak%20burgers%20VERWORPEN.pdf","foi_nrPages":2}],"foi_nrDocuments":1,"foi_nrPagesInDossier":2,"foi_publishedDate":"2022-10-19","foi_retrievedDate":"2026-03-06"},{"dc_creator":"HandelingScraper_v1","dc_date_year":2022,"dc_description":"Vergadering van de Gemeente Beekdaelen op 2022-10-19. Onderdeel: Motie J. Pieper inzake verzoek Veiligheidsregio - VERWORPEN.","dc_identifier":"nl.gm1954.2c.2022.2833666-7","dc_publisher":"gm1954","dc_source":"https://beekdaelen.bestuurlijkeinformatie.nl/Agenda/Index/305d1408-780d-408a-a899-8ecc66a715e4","dc_title":"Raadsvergadering 2022-10-19 - Motie J. Pieper inzake verzoek Veiligheidsregio - VERWORPEN","dc_type":"2c","dc_type_description":"Vergaderstuk decentrale overheid","foi_fairiscoreVersions":{"v1":1,"v2":1},"foi_files":[{"dc_format":"application/pdf","dc_identifier":"nl.gm1954.2c.2022.2833666-7.doc.1","dc_source":"https://api1.ibabs.eu/publicdownload.aspx?site=Beekdaelen&id=5a6b3379-8bba-4e9f-bd46-19f7f9b45d65","dc_title":"Motie J. Pieper inzake verzoek Veiligheidsregio VERWORPEN","dc_type":"bijlage","foi_fairiscoreVersions":{"v1":1,"v2":1},"foi_fileName":"Motie%20J.%20Pieper%20inzake%20verzoek%20Veiligheidsregio%20VERWORPEN.pdf","foi_nrPages":1}],"foi_nrDocuments":1,"foi_nrPagesInDossier":1,"foi_publishedDate":"2022-10-19","foi_retrievedDate":"2025-12-03"},{"dc_creator":"HandelingScraper_v1","dc_date_year":2022,"dc_description":"Vergadering van de Gemeente Beekdaelen op 2022-10-19. Onderdeel: Motie BL, CDA en VG inzake Opvang Beekdaelen - AANGENOMEN.","dc_identifier":"nl.gm1954.2c.2022.2833666-8","dc_publisher":"gm1954","dc_source":"https://beekdaelen.bestuurlijkeinformatie.nl/Agenda/Index/305d1408-780d-408a-a899-8ecc66a715e4","dc_title":"Raadsvergadering 2022-10-19 - Motie BL, CDA en VG inzake Opvang Beekdaelen - AANGENOMEN","dc_type":"2c","dc_type_description":"Vergaderstuk decentrale overheid","foi_fairiscoreVersions":{"v1":null,"v2":null},"foi_files":[{"dc_format":"application/pdf","dc_identifier":"nl.gm1954.2c.2022.2833666-8.doc.1","dc_source":"https://api1.ibabs.eu/publicdownload.aspx?site=Beekdaelen&id=92d636cd-70c5-43b9-864b-77c054dd8b61","dc_title":"Motie BL, CDA en VG inzake Opvang Beekdaelen AANGENOMEN","dc_type":"bijlage","foi_fileName":"Motie%20BL_%20CDA%20en%20VG%20inzake%20Opvang%20Beekdaelen%20AANGENOMEN.pdf"}],"foi_nrDocuments":1,"foi_nrPagesInDossier":0,"foi_publishedDate":"2022-10-19","foi_retrievedDate":"2025-12-01"},{"dc_creator":"HandelingScraper_v1","dc_date_year":2022,"dc_description":"Vergadering van de Gemeente Beekdaelen op 2022-11-08. Onderdeel: Opening.","dc_identifier":"nl.gm1954.2c.2022.2833685-1","dc_publisher":"gm1954","dc_source":"https://beekdaelen.bestuurlijkeinformatie.nl/Agenda/Index/e7226ab8-d878-491a-8240-b3a87d61b0e0","dc_title":"Raadsvergadering 2022-11-08 - Opening","dc_type":"2c","dc_type_description":"Vergaderstuk decentrale overheid","foi_fairiscoreVersions":{"v1":1,"v2":1},"foi_files":[{"dc_format":"application/pdf","dc_identifier":"nl.gm1954.2c.2022.2833685-1.doc.2","dc_source":"https://api1.ibabs.eu/publicdownload.aspx?site=Beekdaelen&id=1a14c9b7-7e88-4152-af81-216c34ab1d77","dc_title":"Procesvoorstel en globaal tijdpad begrotingsvergadering 8 november 2022 VASTGESTELD","dc_type":"bijlage","foi_fairiscoreVersions":{"v1":1,"v2":1},"foi_fileName":"Procesvoorstel%20en%20globaal%20tijdpad%20begrotingsvergadering%208%20november%202022%20VASTGESTELD.pdf","foi_nrPages":2},{"dc_format":"application/pdf","dc_identifier":"nl.gm1954.2c.2022.2833685-1.doc.1","dc_source":"https://api1.ibabs.eu/publicdownload.aspx?site=Beekdaelen&id=344453e8-deb5-4ac0-873b-be7cff48d2ac","dc_title":"Uitnodiging en voorlopige agenda raadsvergadering 8 november 2022","dc_type":"bijlage","foi_fairiscoreVersions":{"v1":1,"v2":1},"foi_fileName":"Uitnodiging%20en%20voorlopige%20agenda%20raadsvergadering%208%20november%202022.pdf","foi_nrPages":2}],"foi_nrDocuments":2,"foi_nrPagesInDossier":4,"foi_publishedDate":"2022-11-08","foi_retrievedDate":"2026-03-01"},{"dc_creator":"HandelingScraper_v1","dc_date_year":2022,"dc_description":"Vergadering van de Gemeente Beekdaelen op 2022-11-08. Onderdeel: Motie GroenLinks en PvdA inzake tegemoetkoming energiekosten.","dc_identifier":"nl.gm1954.2c.2022.2833685-10","dc_publisher":"gm1954","dc_source":"https://beekdaelen.bestuurlijkeinformatie.nl/Agenda/Index/e7226ab8-d878-491a-8240-b3a87d61b0e0","dc_title":"Raadsvergadering 2022-11-08 - Motie GroenLinks en PvdA inzake tegemoetkoming energiekosten","dc_type":"2c","dc_type_description":"Vergaderstuk decentrale overheid","foi_fairiscoreVersions":{"v1":1,"v2":1},"foi_files":[{"dc_format":"application/pdf","dc_identifier":"nl.gm1954.2c.2022.2833685-10.doc.1","dc_source":"https://api1.ibabs.eu/publicdownload.aspx?site=Beekdaelen&id=d685ba06-5eb9-44a7-8202-6565429b8d4c","dc_title":"Motie GroenLinks en PvdA inzake tegemoetkoming energiekosten VERWORPEN","dc_type":"bijlage","foi_fairiscoreVersions":{"v1":1,"v2":1},"foi_fileName":"05%20Motie%20GroenLinks%20en%20PvdA%20inzake%20tegemoetkoming%20energiekosten%20VERWORPEN.pdf","foi_nrPages":2}],"foi_nrDocuments":1,"foi_nrPagesInDossier":2,"foi_publishedDate":"2022-11-08","foi_retrievedDate":"2025-11-30"},{"dc_creator":"HandelingScraper_v1","dc_date_year":2022,"dc_description":"Vergadering van de Gemeente Beekdaelen op 2022-11-08. Onderdeel: Motie VVD inzake beleid asielopvang.","dc_identifier":"nl.gm1954.2c.2022.2833685-11","dc_publisher":"gm1954","dc_source":"https://beekdaelen.bestuurlijkeinformatie.nl/Agenda/Index/e7226ab8-d878-491a-8240-b3a87d61b0e0","dc_title":"Raadsvergadering 2022-11-08 - Motie VVD inzake beleid asielopvang","dc_type":"2c","dc_type_description":"Vergaderstuk decentrale overheid","foi_fairiscoreVersions":{"v1":1,"v2":1},"foi_files":[{"dc_format":"application/pdf","dc_identifier":"nl.gm1954.2c.2022.2833685-11.doc.1","dc_source":"https://api1.ibabs.eu/publicdownload.aspx?site=Beekdaelen&id=f79f9cbd-33ec-4d04-a3f1-30f467750b33","dc_title":"Motie VVD inzake beleid asielopvang VERWORPEN","dc_type":"bijlage","foi_fairiscoreVersions":{"v1":1,"v2":1},"foi_fileName":"06%20Motie%20VVD%20inzake%20beleid%20asielopvang%20VERWORPEN.pdf","foi_nrPages":1}],"foi_nrDocuments":1,"foi_nrPagesInDossier":1,"foi_publishedDate":"2022-11-08","foi_retrievedDate":"2026-02-05"},{"dc_creator":"HandelingScraper_v1","dc_date_year":2022,"dc_description":"Vergadering van de Gemeente Beekdaelen op 2022-11-08. Onderdeel: Motie VVD en D66 inzake foto's BSGW.","dc_identifier":"nl.gm1954.2c.2022.2833685-12","dc_publisher":"gm1954","dc_source":"https://beekdaelen.bestuurlijkeinformatie.nl/Agenda/Index/e7226ab8-d878-491a-8240-b3a87d61b0e0","dc_title":"Raadsvergadering 2022-11-08 - Motie VVD en D66 inzake foto's BSGW","dc_type":"2c","dc_type_description":"Vergaderstuk decentrale overheid","foi_fairiscoreVersions":{"v1":1,"v2":1},"foi_files":[{"dc_format":"application/pdf","dc_identifier":"nl.gm1954.2c.2022.2833685-12.doc.1","dc_source":"https://api1.ibabs.eu/publicdownload.aspx?site=Beekdaelen&id=324d7783-729e-4dc5-b692-4fa14257a1f3","dc_title":"Motie VVD en D66 inzake foto's BSGW AANGENOMEN","dc_type":"bijlage","foi_fairiscoreVersions":{"v1":1,"v2":1},"foi_fileName":"07%20Motie%20VVD%20en%20D66%20inzake%20foto%27s%20BSGW%20AANGENOMEN.pdf","foi_nrPages":1},{"dc_format":"application/pdf","dc_identifier":"nl.gm1954.2c.2022.2833685-12.doc.2","dc_source":"https://api1.ibabs.eu/publicdownload.aspx?site=Beekdaelen&id=4f7afed1-deb2-4994-9e53-dfb04e736eff","dc_title":"Motie VVD inzake foto's BSGW VERVALLEN","dc_type":"bijlage","foi_fairiscoreVersions":{"v1":1,"v2":1},"foi_fileName":"07%20Motie%20VVD%20inzake%20foto%27s%20BSGW.pdf","foi_nrPages":1}],"foi_nrDocuments":2,"foi_nrPagesInDossier":2,"foi_publishedDate":"2022-11-08","foi_retrievedDate":"2025-12-01"},{"dc_creator":"HandelingScraper_v1","dc_date_year":2022,"dc_description":"Vergadering van de Gemeente Beekdaelen op 2022-11-08. Onderdeel: Motie VVD inzake onkruid.","dc_identifier":"nl.gm1954.2c.2022.2833685-13","dc_publisher":"gm1954","dc_source":"https://beekdaelen.bestuurlijkeinformatie.nl/Agenda/Index/e7226ab8-d878-491a-8240-b3a87d61b0e0","dc_title":"Raadsvergadering 2022-11-08 - Motie VVD inzake onkruid","dc_type":"2c","dc_type_description":"Vergaderstuk decentrale overheid","foi_fairiscoreVersions":{"v1":1,"v2":1},"foi_files":[{"dc_format":"application/pdf","dc_identifier":"nl.gm1954.2c.2022.2833685-13.doc.1","dc_source":"https://api1.ibabs.eu/publicdownload.aspx?site=Beekdaelen&id=18f26142-7609-446e-a97a-d41a9a93eccc","dc_title":"Motie VVD inzake onkruid INGETROKKEN","dc_type":"bijlage","foi_fairiscoreVersions":{"v1":1,"v2":1},"foi_fileName":"08%20Motie%20VVD%20inzake%20onkruid%20INGETROKKEN.pdf","foi_nrPages":1}],"foi_nrDocuments":1,"foi_nrPagesInDossier":1,"foi_publishedDate":"2022-11-08","foi_retrievedDate":"2025-11-30"},{"dc_creator":"HandelingScraper_v1","dc_date_year":2022,"dc_description":"Vergadering van de Gemeente Beekdaelen op 2022-11-08. Onderdeel: Voorstel inzake vaststellen Controleprotocol 2022.","dc_identifier":"nl.gm1954.2c.2022.2833685-14","dc_publisher":"gm1954","dc_source":"https://beekdaelen.bestuurlijkeinformatie.nl/Agenda/Index/e7226ab8-d878-491a-8240-b3a87d61b0e0","dc_title":"Raadsvergadering 2022-11-08 - Voorstel inzake vaststellen Controleprotocol 2022","dc_type":"2c","dc_type_description":"Vergaderstuk decentrale overheid","foi_fairiscoreVersions":{"v1":2,"v2":2},"foi_files":[{"dc_format":"application/pdf","dc_identifier":"nl.gm1954.2c.2022.2833685-14.doc.3","dc_source":"https://api1.ibabs.eu/publicdownload.aspx?site=Beekdaelen&id=ea934595-54b8-4c9e-89ba-b65db6894462","dc_title":"Controleprotocol 2022","dc_type":"bijlage","foi_fairiscoreVersions":{"v1":2,"v2":2},"foi_fileName":"Z%2F22%2F181579%20-%20318225%20-%20Controleprotocol%202022.pdf","foi_nrPages":14},{"dc_format":"application/pdf","dc_identifier":"nl.gm1954.2c.2022.2833685-14.doc.4","dc_source":"https://api1.ibabs.eu/publicdownload.aspx?site=Beekdaelen&id=81dff912-2328-4ad3-addd-036fe07330e0","dc_title":"Was-Wordt lijst","dc_type":"bijlage","foi_fairiscoreVersions":{"v1":1,"v2":1},"foi_fileName":"Z%2F22%2F181579%20-%20318226%20-%20Was-Wordt%20lijst.pdf","foi_nrPages":3},{"dc_format":"application/pdf","dc_identifier":"nl.gm1954.2c.2022.2833685-14.doc.1","dc_source":"https://api1.ibabs.eu/publicdownload.aspx?site=Beekdaelen&id=e4a7b2ab-a657-4eca-bddc-932c3517f38a","dc_title":"Raadsvoorstel Controleprotocol 2022","dc_type":"bijlage","foi_fairiscoreVersions":{"v1":1,"v2":1},"foi_fileName":"Z%2F22%2F181579%20-%20318236%20-%20Raadsvoorstel%20Controleprotocol%202022.pdf","foi_nrPages":2},{"dc_format":"application/pdf","dc_identifier":"nl.gm1954.2c.2022.2833685-14.doc.2","dc_source":"https://api1.ibabs.eu/publicdownload.aspx?site=Beekdaelen&id=3c32a4ff-11a2-48d8-9182-cfcb6052ae3c","dc_title":"Raadsbesluit Controleprotocol 2022, vastgesteld 08.11.2022","dc_type":"bijlage","foi_fairiscoreVersions":{"v1":1,"v2":1},"foi_fileName":"Z%2F22%2F181579%20-%20318239%20-%20Raadsbesluit%20Controleprotocol%202022.pdf","foi_nrPages":1}],"foi_nrDocuments":4,"foi_nrPagesInDossier":20,"foi_publishedDate":"2022-11-08","foi_retrievedDate":"2026-02-05"},{"dc_creator":"HandelingScraper_v1","dc_date_year":2022,"dc_description":"Vergadering van de Gemeente Beekdaelen op 2022-11-08. Onderdeel: Voorstel inzake vaststellen Financi\u00eble verordening gemeente Beekdaelen 2023.","dc_identifier":"nl.gm1954.2c.2022.2833685-15","dc_publisher":"gm1954","dc_source":"https://beekdaelen.bestuurlijkeinformatie.nl/Agenda/Index/e7226ab8-d878-491a-8240-b3a87d61b0e0","dc_title":"Raadsvergadering 2022-11-08 - Voorstel inzake vaststellen Financi\u00eble verordening gemeente Beekdaelen 2023","dc_type":"2c","dc_type_description":"Vergaderstuk decentrale overheid","foi_fairiscoreVersions":{"v1":null,"v2":null},"foi_files":[{"dc_format":"application/pdf","dc_identifier":"nl.gm1954.2c.2022.2833685-15.doc.3","dc_source":"https://api1.ibabs.eu/publicdownload.aspx?site=Beekdaelen&id=8a508450-ccb1-4805-abff-f94b0e20dc7e","dc_title":"Financi\u00eble verordening 2023, vastgesteld 08.11.2022","dc_type":"bijlage","foi_fileName":"financiele%20verordening%202023%20versie%2010%20okotber%202022.docx%20-%20Z22181573%20-%20318479%20-%20Financiele%20verordening%202023.pdf"},{"dc_format":"application/pdf","dc_identifier":"nl.gm1954.2c.2022.2833685-15.doc.2","dc_source":"https://api1.ibabs.eu/publicdownload.aspx?site=Beekdaelen&id=16547feb-33a3-4704-9f57-a16cc6f2bc95","dc_title":"Raadsbesluit financi\u00eble verordening gemeente Beekdaelen 2023, vastgesteld 08.11.2022","dc_type":"bijlage","foi_fileName":"Raadsbesluit%20financiele%20verordening%202023.pdf"},{"dc_format":"application/pdf","dc_identifier":"nl.gm1954.2c.2022.2833685-15.doc.1","dc_source":"https://api1.ibabs.eu/publicdownload.aspx?site=Beekdaelen&id=f3b21acf-b614-4e73-803c-6e1a39d8a6fc","dc_title":"Raadsvoorstel financi\u00eble verordening gemeente Beekdaelen 2023","dc_type":"bijlage","foi_fileName":"Raadsvoorstel%20financiele%20verordening%20gemeente%20Beekdaelen%202023.pdf"},{"dc_format":"application/pdf","dc_identifier":"nl.gm1954.2c.2022.2833685-15.doc.4","dc_source":"https://api1.ibabs.eu/publicdownload.aspx?site=Beekdaelen&id=70cb27d9-d48c-4de9-b336-08a66a6af6ba","dc_title":"Was wordt lijst","dc_type":"bijlage","foi_fileName":"Was%20wordt%20lijst_1.docx%20-%20Z22181573%20-%20318480%20-%20Was-Wordt%20lijst.pdf"}],"foi_nrDocuments":4,"foi_nrPagesInDossier":0,"foi_publishedDate":"2022-11-08","foi_retrievedDate":"2025-12-01"},{"dc_creator":"HandelingScraper_v1","dc_date_year":2022,"dc_description":"Vergadering van de Gemeente Beekdaelen op 2022-11-08. Onderdeel: Voorstel inzake vaststellen verordening afvalstoffenheffing 2023.","dc_identifier":"nl.gm1954.2c.2022.2833685-16","dc_publisher":"gm1954","dc_source":"https://beekdaelen.bestuurlijkeinformatie.nl/Agenda/Index/e7226ab8-d878-491a-8240-b3a87d61b0e0","dc_title":"Raadsvergadering 2022-11-08 - Voorstel inzake vaststellen verordening afvalstoffenheffing 2023","dc_type":"2c","dc_type_description":"Vergaderstuk decentrale overheid","foi_fairiscoreVersions":{"v1":1,"v2":1},"foi_files":[{"dc_format":"application/pdf","dc_identifier":"nl.gm1954.2c.2022.2833685-16.doc.3","dc_source":"https://api1.ibabs.eu/publicdownload.aspx?site=Beekdaelen&id=d553b1a5-cbc2-4860-b06b-05233b328fe6","dc_title":"Verordening afvalstoffenheffing 2023, vastgesteld 08.11.2022","dc_type":"bijlage","foi_fairiscoreVersions":{"v1":1,"v2":1},"foi_fileName":"Z%2F22%2F177654%20-%20313318%20-%20verordening%20afvalstoffenheffing%202023.pdf","foi_nrPages":4},{"dc_format":"application/pdf","dc_identifier":"nl.gm1954.2c.2022.2833685-16.doc.4","dc_source":"https://api1.ibabs.eu/publicdownload.aspx?site=Beekdaelen&id=16998a70-adf6-47ab-af1e-a64a4d9d9035","dc_title":"Tarieventabel verordening afvalstoffenheffing 2023, vastgesteld 08.11.2022","dc_type":"bijlage","foi_fairiscoreVersions":{"v1":1,"v2":1},"foi_fileName":"Z%2F22%2F177654%20-%20315940%20-%20tarieventabel%20verordening%20afvalstoffenheffing%202023.pdf","foi_nrPages":3},{"dc_format":"application/pdf","dc_identifier":"nl.gm1954.2c.2022.2833685-16.doc.5","dc_source":"https://api1.ibabs.eu/publicdownload.aspx?site=Beekdaelen&id=a4fe100d-399b-445d-b461-274ae8a3e2e2","dc_title":"Tarieventabel afvalstoffenheffing was - wordt","dc_type":"bijlage","foi_fairiscoreVersions":{"v1":1,"v2":1},"foi_fileName":"Z%2F22%2F177654%20-%20315948%20-%20tarieventabel%20afvalstoffenheffing%20was%20-%20wordt.pdf","foi_nrPages":2},{"dc_format":"application/pdf","dc_identifier":"nl.gm1954.2c.2022.2833685-16.doc.1","dc_source":"https://api1.ibabs.eu/publicdownload.aspx?site=Beekdaelen&id=7fec119d-ff2e-4c4d-a54f-d804b147a9d3","dc_title":"Raadsvoorstel verordening afvalstoffenheffing 2023","dc_type":"bijlage","foi_fairiscoreVersions":{"v1":1,"v2":1},"foi_fileName":"Z%2F22%2F177654%20-%20316310%20-%20verordening%20afvalstoffenheffing%202023.pdf","foi_nrPages":2},{"dc_format":"application/pdf","dc_identifier":"nl.gm1954.2c.2022.2833685-16.doc.2","dc_source":"https://api1.ibabs.eu/publicdownload.aspx?site=Beekdaelen&id=94dfd875-bd78-4e8a-9b19-bfdbd44450d6","dc_title":"Raadsbesluit verordening afvalstoffenheffing 2023, vastgesteld 08.11.2022","dc_type":"bijlage","foi_fairiscoreVersions":{"v1":1,"v2":1},"foi_fileName":"Z%2F22%2F177654%20-%20316311%20-%20verordening%20afvalstoffenheffing%202023.pdf","foi_nrPages":1}],"foi_nrDocuments":5,"foi_nrPagesInDossier":12,"foi_publishedDate":"2022-11-08","foi_retrievedDate":"2026-02-05"},{"dc_creator":"HandelingScraper_v1","dc_date_year":2022,"dc_description":"Vergadering van de Gemeente Beekdaelen op 2022-11-08. Onderdeel: Voorstel inzake vaststellen verordening rioolheffing 2023.","dc_identifier":"nl.gm1954.2c.2022.2833685-17","dc_publisher":"gm1954","dc_source":"https://beekdaelen.bestuurlijkeinformatie.nl/Agenda/Index/e7226ab8-d878-491a-8240-b3a87d61b0e0","dc_title":"Raadsvergadering 2022-11-08 - Voorstel inzake vaststellen verordening rioolheffing 2023","dc_type":"2c","dc_type_description":"Vergaderstuk decentrale overheid","foi_fairiscoreVersions":{"v1":1,"v2":1},"foi_files":[{"dc_format":"application/pdf","dc_identifier":"nl.gm1954.2c.2022.2833685-17.doc.1","dc_source":"https://api1.ibabs.eu/publicdownload.aspx?site=Beekdaelen&id=b189e95c-ed97-4c60-9b24-6be971a3f826","dc_title":"Raadsvoorstel verordening rioolheffing 2023","dc_type":"bijlage","foi_fairiscoreVersions":{"v1":1,"v2":1},"foi_fileName":"Z%2F22%2F177655%20-%20311622%20-%20verordening%20rioolheffing%202023.pdf","foi_nrPages":2},{"dc_format":"application/pdf","dc_identifier":"nl.gm1954.2c.2022.2833685-17.doc.3","dc_source":"https://api1.ibabs.eu/publicdownload.aspx?site=Beekdaelen&id=e1bc6300-131d-4a9a-b918-f34703af54a7","dc_title":"Verordening rioolheffing 2023, vastgesteld 08.11.2022","dc_type":"bijlage","foi_fairiscoreVersions":{"v1":1,"v2":1},"foi_fileName":"Z%2F22%2F177655%20-%20311750%20-%20verordening%20rioolheffing%202023.pdf","foi_nrPages":4},{"dc_format":"application/pdf","dc_identifier":"nl.gm1954.2c.2022.2833685-17.doc.4","dc_source":"https://api1.ibabs.eu/publicdownload.aspx?site=Beekdaelen&id=8e48a411-a01e-4998-98d6-9eaa734000eb","dc_title":"Was - wordt tabel verordening rioolheffing 2023","dc_type":"bijlage","foi_fairiscoreVersions":{"v1":1,"v2":1},"foi_fileName":"Z%2F22%2F177655%20-%20311751%20-%20was%20-%20wordt%20tabel%20verordening%20rioolheffing%202023.pdf","foi_nrPages":1},{"dc_format":"application/pdf","dc_identifier":"nl.gm1954.2c.2022.2833685-17.doc.2","dc_source":"https://api1.ibabs.eu/publicdownload.aspx?site=Beekdaelen&id=7def7621-8204-4964-b8cc-4982016aae15","dc_title":"Raadsbesluit verordening rioolheffing 2023, vastgesteld 08.11.2022","dc_type":"bijlage","foi_fairiscoreVersions":{"v1":1,"v2":1},"foi_fileName":"Z%2F22%2F177655%20-%20311752%20-%20verordening%20rioolheffing%202023.pdf","foi_nrPages":1}],"foi_nrDocuments":4,"foi_nrPagesInDossier":8,"foi_publishedDate":"2022-11-08","foi_retrievedDate":"2026-02-05"},{"dc_creator":"HandelingScraper_v1","dc_date_year":2022,"dc_description":"Vergadering van de Gemeente Beekdaelen op 2022-11-08. Onderdeel: Voorstel inzake vaststellen verordening lijkbezorgingsrechten 2023.","dc_identifier":"nl.gm1954.2c.2022.2833685-18","dc_publisher":"gm1954","dc_source":"https://beekdaelen.bestuurlijkeinformatie.nl/Agenda/Index/e7226ab8-d878-491a-8240-b3a87d61b0e0","dc_title":"Raadsvergadering 2022-11-08 - Voorstel inzake vaststellen verordening lijkbezorgingsrechten 2023","dc_type":"2c","dc_type_description":"Vergaderstuk decentrale overheid","foi_fairiscoreVersions":{"v1":1,"v2":1},"foi_files":[{"dc_format":"application/pdf","dc_identifier":"nl.gm1954.2c.2022.2833685-18.doc.3","dc_source":"https://api1.ibabs.eu/publicdownload.aspx?site=Beekdaelen&id=a8ad3f64-7a46-4fa4-87de-a0a8dba6afe2","dc_title":"Verordening lijkbezorgingsrechten 2023, vastgesteld 08.11.2022","dc_type":"bijlage","foi_fairiscoreVersions":{"v1":1,"v2":1},"foi_fileName":"Z%2F22%2F177660%20-%20313265%20-%20verordening%20lijkbezorgingsrechten%202023.pdf","foi_nrPages":3},{"dc_format":"application/pdf","dc_identifier":"nl.gm1954.2c.2022.2833685-18.doc.4","dc_source":"https://api1.ibabs.eu/publicdownload.aspx?site=Beekdaelen&id=a64241e2-37b3-4cc2-b339-02671170a2e0","dc_title":"Tarieventabel verordening lijkbezorgingsrechten 2023, vastgesteld 08.11.2022","dc_type":"bijlage","foi_fairiscoreVersions":{"v1":1,"v2":1},"foi_fileName":"Z%2F22%2F177660%20-%20313278%20-%20tarieventabel%20verordening%20lijkbezorgingsrechten%202023.pdf","foi_nrPages":3},{"dc_format":"application/pdf","dc_identifier":"nl.gm1954.2c.2022.2833685-18.doc.1","dc_source":"https://api1.ibabs.eu/publicdownload.aspx?site=Beekdaelen&id=581e6d3b-eb62-4fbf-97b8-495bd3dd5a6d","dc_title":"Raadsvoorstel verordening lijkbezorgingsrechten 2023","dc_type":"bijlage","foi_fairiscoreVersions":{"v1":1,"v2":1},"foi_fileName":"Z%2F22%2F177660%20-%20313286%20-%20verordening%20lijkbezorgingsrechten%202023.pdf","foi_nrPages":2},{"dc_format":"application/pdf","dc_identifier":"nl.gm1954.2c.2022.2833685-18.doc.2","dc_source":"https://api1.ibabs.eu/publicdownload.aspx?site=Beekdaelen&id=14ce0b2c-d8be-4dfe-9300-4af48eac49df","dc_title":"Raadsbesluit verordening lijkbezorgingsrechten 2023, vastgesteld 08.11.2022","dc_type":"bijlage","foi_fairiscoreVersions":{"v1":1,"v2":1},"foi_fileName":"Z%2F22%2F177660%20-%20313287%20-%20verordening%20lijkbezorgingsrechten%202023.pdf","foi_nrPages":1},{"dc_format":"application/pdf","dc_identifier":"nl.gm1954.2c.2022.2833685-18.doc.5","dc_source":"https://api1.ibabs.eu/publicdownload.aspx?site=Beekdaelen&id=01f11d25-4542-4f03-ab34-c11b515817b6","dc_title":"Was - wordt tarieventabel lijkbezorgingsrechten","dc_type":"bijlage","foi_fairiscoreVersions":{"v1":1,"v2":1},"foi_fileName":"Z%2F22%2F177660%20-%20319549%20-%20was%20-%20wordt%20tarieventabel%20lijkbezorgingsrechten.pdf","foi_nrPages":3}],"foi_nrDocuments":5,"foi_nrPagesInDossier":12,"foi_publishedDate":"2022-11-08","foi_retrievedDate":"2026-02-05"},{"dc_creator":"HandelingScraper_v1","dc_date_year":2022,"dc_description":"Vergadering van de Gemeente Beekdaelen op 2022-11-08. Onderdeel: Voorstel inzake vaststellen verordening toeristenbelasting 2023.","dc_identifier":"nl.gm1954.2c.2022.2833685-19","dc_publisher":"gm1954","dc_source":"https://beekdaelen.bestuurlijkeinformatie.nl/Agenda/Index/e7226ab8-d878-491a-8240-b3a87d61b0e0","dc_title":"Raadsvergadering 2022-11-08 - Voorstel inzake vaststellen verordening toeristenbelasting 2023","dc_type":"2c","dc_type_description":"Vergaderstuk decentrale overheid","foi_fairiscoreVersions":{"v1":1,"v2":1},"foi_files":[{"dc_format":"application/pdf","dc_identifier":"nl.gm1954.2c.2022.2833685-19.doc.3","dc_source":"https://api1.ibabs.eu/publicdownload.aspx?site=Beekdaelen&id=718d2add-b364-46bb-88ac-42040c2e60dd","dc_title":"Verordening toeristenbelasting 2023, vastgesteld 08.11.2022","dc_type":"bijlage","foi_fairiscoreVersions":{"v1":1,"v2":1},"foi_fileName":"Z%2F22%2F179155%20-%20313068%20-%20verrordening%20toeristenbelasting%202023.pdf","foi_nrPages":4},{"dc_format":"application/pdf","dc_identifier":"nl.gm1954.2c.2022.2833685-19.doc.4","dc_source":"https://api1.ibabs.eu/publicdownload.aspx?site=Beekdaelen&id=1e82cfeb-4136-4892-a1c8-645259cb5549","dc_title":"Was - wordt tabel Verordening toeristenbelasting 2023","dc_type":"bijlage","foi_fairiscoreVersions":{"v1":1,"v2":1},"foi_fileName":"Z%2F22%2F179155%20-%20313082%20-%20verordening%20toeristenbelasting%202023%20was%20-%20wordt%20tabel.pdf","foi_nrPages":1},{"dc_format":"application/pdf","dc_identifier":"nl.gm1954.2c.2022.2833685-19.doc.1","dc_source":"https://api1.ibabs.eu/publicdownload.aspx?site=Beekdaelen&id=211829ef-a98f-4c77-a18a-e52b06f44a70","dc_title":"Raadsvoorstel verordening toeristenbelasting 2023","dc_type":"bijlage","foi_fairiscoreVersions":{"v1":1,"v2":1},"foi_fileName":"Z%2F22%2F179155%20-%20313094%20-%20verordening%20toeristenbelasting%202023.pdf","foi_nrPages":2},{"dc_format":"application/pdf","dc_identifier":"nl.gm1954.2c.2022.2833685-19.doc.2","dc_source":"https://api1.ibabs.eu/publicdownload.aspx?site=Beekdaelen&id=06746df7-802a-4a74-8345-1a04f61900bc","dc_title":"Raadsbesluit verordening toeristenbelasting 2023, vastgesteld 08.11.2022","dc_type":"bijlage","foi_fairiscoreVersions":{"v1":1,"v2":1},"foi_fileName":"Z%2F22%2F179155%20-%20313097%20-%20verordening%20toeristenbelasting%202023.pdf","foi_nrPages":1}],"foi_nrDocuments":4,"foi_nrPagesInDossier":8,"foi_publishedDate":"2022-11-08","foi_retrievedDate":"2026-03-05"},{"dc_creator":"HandelingScraper_v1","dc_date_year":2022,"dc_description":"Vergadering van de Gemeente Beekdaelen op 2022-11-08. Onderdeel: Vaststelling van de agenda.","dc_identifier":"nl.gm1954.2c.2022.2833685-2","dc_publisher":"gm1954","dc_source":"https://beekdaelen.bestuurlijkeinformatie.nl/Agenda/Index/e7226ab8-d878-491a-8240-b3a87d61b0e0","dc_title":"Raadsvergadering 2022-11-08 - Vaststelling van de agenda","dc_type":"2c","dc_type_description":"Vergaderstuk decentrale overheid","foi_fairiscoreVersions":{"v1":1,"v2":1},"foi_files":[{"dc_format":"application/pdf","dc_identifier":"nl.gm1954.2c.2022.2833685-2.doc.1","dc_source":"https://api1.ibabs.eu/publicdownload.aspx?site=Beekdaelen&id=55535cf7-3de0-4bc7-8ec2-24532b8592cb","dc_title":"Vastgestelde agenda raadsvergadering 08.11.2022","dc_type":"bijlage","foi_fairiscoreVersions":{"v1":1,"v2":1},"foi_fileName":"Vastgestelde%20agenda%20raadsvergadering%2008112022.pdf","foi_nrPages":1}],"foi_nrDocuments":1,"foi_nrPagesInDossier":1,"foi_publishedDate":"2022-11-08","foi_retrievedDate":"2026-02-12"},{"dc_creator":"HandelingScraper_v1","dc_date_year":2022,"dc_description":"Vergadering van de Gemeente Beekdaelen op 2022-11-08. Onderdeel: Vaststelling lijst ingekomen stukken.","dc_identifier":"nl.gm1954.2c.2022.2833685-20","dc_publisher":"gm1954","dc_source":"https://beekdaelen.bestuurlijkeinformatie.nl/Agenda/Index/e7226ab8-d878-491a-8240-b3a87d61b0e0","dc_title":"Raadsvergadering 2022-11-08 - Vaststelling lijst ingekomen stukken","dc_type":"2c","dc_type_description":"Vergaderstuk decentrale overheid","foi_fairiscoreVersions":{"v1":1,"v2":1},"foi_files":[{"dc_format":"application/pdf","dc_identifier":"nl.gm1954.2c.2022.2833685-20.doc.1","dc_source":"https://api1.ibabs.eu/publicdownload.aspx?site=Beekdaelen&id=1ee1721e-e500-45bf-ad0e-5cd169cc35b9","dc_title":"Lijst ingekomen stukken raad 08112022 versie 04112022, vastgesteld 08.11.2022","dc_type":"bijlage","foi_fairiscoreVersions":{"v1":1,"v2":1},"foi_fileName":"Lijst%20ingekomen%20stukken%20raad%2008112022%20versie%2004112022.pdf","foi_nrPages":7}],"foi_nrDocuments":1,"foi_nrPagesInDossier":7,"foi_publishedDate":"2022-11-08","foi_retrievedDate":"2026-02-05"},{"dc_creator":"HandelingScraper_v1","dc_date_year":2022,"dc_description":"Vergadering van de Gemeente Beekdaelen op 2022-11-08. Onderdeel: Vaststellen besluitenlijsten openbare raadsvergaderingen d.d. 4 en 19 oktober 2022.","dc_identifier":"nl.gm1954.2c.2022.2833685-3","dc_publisher":"gm1954","dc_source":"https://beekdaelen.bestuurlijkeinformatie.nl/Agenda/Index/e7226ab8-d878-491a-8240-b3a87d61b0e0","dc_title":"Raadsvergadering 2022-11-08 - Vaststellen besluitenlijsten openbare raadsvergaderingen d.d. 4 en 19 oktober 2022","dc_type":"2c","dc_type_description":"Vergaderstuk decentrale overheid","foi_fairiscoreVersions":{"v1":null,"v2":null},"foi_files":[{"dc_format":"application/pdf","dc_identifier":"nl.gm1954.2c.2022.2833685-3.doc.2","dc_source":"https://api1.ibabs.eu/publicdownload.aspx?site=Beekdaelen&id=7e9b6952-a9cf-49e7-b3e0-0641923083dd","dc_title":"Besluitenlijst raadsvergadering 19 oktober 2022, vastgesteld 08.11.2022","dc_type":"bijlage","foi_fileName":"Besluitenlijst%20raadsvergadering%2019102022.pdf"},{"dc_format":"application/pdf","dc_identifier":"nl.gm1954.2c.2022.2833685-3.doc.1","dc_source":"https://api1.ibabs.eu/publicdownload.aspx?site=Beekdaelen&id=837b9bb5-dacd-49cc-8d9a-37f3feb0e99d","dc_title":"Besluitenlijst raadsvergadering 4 oktober 2022, vastgesteld 08.11.2022","dc_type":"bijlage","foi_fileName":"Besluitenlijst%20raadsvergadering%204%20oktober%202022.pdf"}],"foi_nrDocuments":2,"foi_nrPagesInDossier":0,"foi_publishedDate":"2022-11-08","foi_retrievedDate":"2025-11-30"},{"dc_creator":"HandelingScraper_v1","dc_date_year":2022,"dc_description":"Vergadering van de Gemeente Beekdaelen op 2022-11-08. Onderdeel: Raadsvoorstel inzake benoeming en be\u00ebdiging commissieleden.","dc_identifier":"nl.gm1954.2c.2022.2833685-4","dc_publisher":"gm1954","dc_source":"https://beekdaelen.bestuurlijkeinformatie.nl/Agenda/Index/e7226ab8-d878-491a-8240-b3a87d61b0e0","dc_title":"Raadsvergadering 2022-11-08 - Raadsvoorstel inzake benoeming en be\u00ebdiging commissieleden","dc_type":"2c","dc_type_description":"Vergaderstuk decentrale overheid","foi_fairiscoreVersions":{"v1":1,"v2":1},"foi_files":[{"dc_format":"application/pdf","dc_identifier":"nl.gm1954.2c.2022.2833685-4.doc.2","dc_source":"https://api1.ibabs.eu/publicdownload.aspx?site=Beekdaelen&id=658869c0-389d-4730-a256-fb00e58e907f","dc_title":"Raadsbesluit inzake  benoeming burgercommissielid raadscie. Fysieke Leefomgeving namens fractie GroenLinks, vastgesteld 08.11.2022","dc_type":"bijlage","foi_fairiscoreVersions":{"v1":1,"v2":1},"foi_fileName":"RBS%20benoeming%20burgercommissielid%20raadscie%20Fysieke%20Leefomgeving%20namens%20fractie%20GroenLinks.pdf","foi_nrPages":1},{"dc_format":"application/pdf","dc_identifier":"nl.gm1954.2c.2022.2833685-4.doc.1","dc_source":"https://api1.ibabs.eu/publicdownload.aspx?site=Beekdaelen&id=0ed6285b-6657-497f-b2b0-2e0036417ae8","dc_title":"Raadsvoorstel inzake benoeming burgercommissielid raadscie. Fysieke Leefomgeving namens fractie GroenLinks","dc_type":"bijlage","foi_fairiscoreVersions":{"v1":1,"v2":1},"foi_fileName":"RVS%20benoeming%20burgercommissielid%20raadscie%20Fysieke%20Leefomgeving%20namens%20GroenLinks.pdf","foi_nrPages":2}],"foi_nrDocuments":2,"foi_nrPagesInDossier":3,"foi_publishedDate":"2022-11-08","foi_retrievedDate":"2026-03-02"},{"dc_creator":"HandelingScraper_v1","dc_date_year":2022,"dc_description":"Vergadering van de Gemeente Beekdaelen op 2022-11-08. Onderdeel: Meerjarenbegroting 2023-2026.","dc_identifier":"nl.gm1954.2c.2022.2833685-5","dc_publisher":"gm1954","dc_source":"https://beekdaelen.bestuurlijkeinformatie.nl/Agenda/Index/e7226ab8-d878-491a-8240-b3a87d61b0e0","dc_title":"Raadsvergadering 2022-11-08 - Meerjarenbegroting 2023-2026","dc_type":"2c","dc_type_description":"Vergaderstuk decentrale overheid","foi_fairiscoreVersions":{"v1":2,"v2":2},"foi_files":[{"dc_format":"application/pdf","dc_identifier":"nl.gm1954.2c.2022.2833685-5.doc.6","dc_source":"https://api1.ibabs.eu/publicdownload.aspx?site=Beekdaelen&id=ef77404a-ff8c-49d2-8e75-762c32dd3375","dc_title":"Amendement VVD inzake Woonwijzerwinkel INGETROKKEN","dc_type":"bijlage","foi_fairiscoreVersions":{"v1":1,"v2":1},"foi_fileName":"01%20Amendement%20VVD%20inzake%20Woonwijzerwinkel%20INGETROKKEN.pdf","foi_nrPages":1},{"dc_format":"application/pdf","dc_identifier":"nl.gm1954.2c.2022.2833685-5.doc.9","dc_source":"https://api1.ibabs.eu/publicdownload.aspx?site=Beekdaelen&id=01383b4a-3ed3-4829-be20-cc593c6a208e","dc_title":"Algemene beschouwingen fractie CDA begroting 2023","dc_type":"bijlage","foi_fairiscoreVersions":{"v1":1,"v2":1},"foi_fileName":"Algemene%20beschouwing%20CDA%20begroting%202023.pdf","foi_nrPages":3},{"dc_format":"application/pdf","dc_identifier":"nl.gm1954.2c.2022.2833685-5.doc.10","dc_source":"https://api1.ibabs.eu/publicdownload.aspx?site=Beekdaelen&id=de325a66-740d-4246-b609-a32ad6dbd7ed","dc_title":"Algemene beschouwingen fractie VVD begroting 2023","dc_type":"bijlage","foi_fairiscoreVersions":{"v1":1,"v2":1},"foi_fileName":"Algemene%20beschouwing%20Fractie%20VVD%20Begroting%202023.pdf","foi_nrPages":4},{"dc_format":"application/pdf","dc_identifier":"nl.gm1954.2c.2022.2833685-5.doc.11","dc_source":"https://api1.ibabs.eu/publicdownload.aspx?site=Beekdaelen&id=9644547a-d0ba-45d6-a3fd-d1dbb85b3cd3","dc_title":"Algemene beschouwingen fractie Beekdaelen Lokaal begroting 2023","dc_type":"bijlage","foi_fairiscoreVersions":{"v1":1,"v2":1},"foi_fileName":"Algemene%20beschouwingen%20Beekdaelen%20Lokaal.pdf","foi_nrPages":4},{"dc_format":"application/pdf","dc_identifier":"nl.gm1954.2c.2022.2833685-5.doc.12","dc_source":"https://api1.ibabs.eu/publicdownload.aspx?site=Beekdaelen&id=ef484491-0846-444e-b3db-718a14a870c7","dc_title":"Algemene beschouwingen fractie PvdA begroting 2023","dc_type":"bijlage","foi_fairiscoreVersions":{"v1":1,"v2":1},"foi_fileName":"Algemene%20beschouwingen%20begroting%202023%20PvdA.pdf","foi_nrPages":4},{"dc_format":"application/pdf","dc_identifier":"nl.gm1954.2c.2022.2833685-5.doc.13","dc_source":"https://api1.ibabs.eu/publicdownload.aspx?site=Beekdaelen&id=6c176114-a13f-400b-8696-cf3c944a8696","dc_title":"Algemene beschouwingen fractie D66 begroting 2023","dc_type":"bijlage","foi_fairiscoreVersions":{"v1":1,"v2":1},"foi_fileName":"Algemene%20beschouwingen%20D66%20begroting%202023.pdf","foi_nrPages":4},{"dc_format":"application/pdf","dc_identifier":"nl.gm1954.2c.2022.2833685-5.doc.14","dc_source":"https://api1.ibabs.eu/publicdownload.aspx?site=Beekdaelen&id=fb8e37eb-b589-46e7-a7b5-faaf744ee2c1","dc_title":"Algemene beschouwingen fractie GroenLinks begroting 2023","dc_type":"bijlage","foi_fairiscoreVersions":{"v1":1,"v2":1},"foi_fileName":"Algemene%20beschouwingen%20GroenLinks.pdf","foi_nrPages":3},{"dc_format":"application/pdf","dc_identifier":"nl.gm1954.2c.2022.2833685-5.doc.15","dc_source":"https://api1.ibabs.eu/publicdownload.aspx?site=Beekdaelen&id=f213df3d-cb9c-40a8-a56f-9071b76d556f","dc_title":"Algemene beschouwingen fractie Vernieuwingsgroep begroting 2023","dc_type":"bijlage","foi_fairiscoreVersions":{"v1":1,"v2":1},"foi_fileName":"Algemene%20beschouwingen%20VG%20begroting%202023.pdf","foi_nrPages":4},{"dc_format":"application/pdf","dc_identifier":"nl.gm1954.2c.2022.2833685-5.doc.18","dc_source":"https://api1.ibabs.eu/publicdownload.aspx?site=Beekdaelen&id=ac9ce6f0-f61c-4b37-a7c0-e7800d41b91e","dc_title":"Beantwoording vragen dhr. Jos Pieper","dc_type":"bijlage","foi_fairiscoreVersions":{"v1":1,"v2":1},"foi_fileName":"Beantwoording%20vragen%20dhr.%20Jos%20Pieper.pdf","foi_nrPages":4},{"dc_format":"application/pdf","dc_identifier":"nl.gm1954.2c.2022.2833685-5.doc.17","dc_source":"https://api1.ibabs.eu/publicdownload.aspx?site=Beekdaelen&id=6a3d9610-62ca-4cea-a9d2-c69df26b3b31","dc_title":"Beantwoording vragen fracties 1 op 1 gesprekken","dc_type":"bijlage","foi_fairiscoreVersions":{"v1":1,"v2":1},"foi_fileName":"Beantwoording%20vragen%20fracties%201%20op%201%20gesprekken.pdf","foi_nrPages":2},{"dc_format":"application/pdf","dc_identifier":"nl.gm1954.2c.2022.2833685-5.doc.3","dc_source":"https://api1.ibabs.eu/publicdownload.aspx?site=Beekdaelen&id=8235c233-6314-4a78-85de-f0ed89df3f35","dc_title":"Bijlage 1 bij nota van wijziging Incidentele baten en lasten 2023","dc_type":"bijlage","foi_fairiscoreVersions":{"v1":1,"v2":1},"foi_fileName":"Bijlage%201%20bij%20nota%20van%20wijziging%20Incidentele%20baten%20en%20lasten%202023.pdf","foi_nrPages":3},{"dc_format":"application/pdf","dc_identifier":"nl.gm1954.2c.2022.2833685-5.doc.4","dc_source":"https://api1.ibabs.eu/publicdownload.aspx?site=Beekdaelen&id=8b9d95c0-02fb-40bf-a369-bcf915eea95f","dc_title":"Bijlage 2 bij nota van wijziging structurele toevoegingen en onttrekkingen aan reserves","dc_type":"bijlage","foi_fairiscoreVersions":{"v1":1,"v2":1},"foi_fileName":"Bijlage%202%20bij%20nota%20van%20wijziging%20structurele%20toevoegingen%20en%20onttreekkingen%20aan%20reserves.pdf","foi_nrPages":1},{"dc_format":"application/pdf","dc_identifier":"nl.gm1954.2c.2022.2833685-5.doc.5","dc_source":"https://api1.ibabs.eu/publicdownload.aspx?site=Beekdaelen&id=31dbe303-25a7-48b2-83c7-a8db8f2961da","dc_title":"Bijlage 3 bij nota van wijziging Renteschema","dc_type":"bijlage","foi_fairiscoreVersions":{"v1":1,"v2":1},"foi_fileName":"Bijlage%203%20bij%20nota%20van%20wijziging%20Renteschema.pdf","foi_nrPages":1},{"dc_format":"application/pdf","dc_identifier":"nl.gm1954.2c.2022.2833685-5.doc.19","dc_source":"https://api1.ibabs.eu/publicdownload.aspx?site=Beekdaelen&id=b2b23189-9aaa-469a-8add-a35dcbe7981a","dc_title":"Memo - verduidelijking huurcompensatiemaatregelen","dc_type":"bijlage","foi_fairiscoreVersions":{"v1":1,"v2":1},"foi_fileName":"Memo%20-%20verduidelijking%20huurcompensatiemaatregelen.pdf","foi_nrPages":2},{"dc_format":"application/pdf","dc_identifier":"nl.gm1954.2c.2022.2833685-5.doc.2","dc_source":"https://api1.ibabs.eu/publicdownload.aspx?site=Beekdaelen&id=5fd22762-ad91-4384-a4db-5db71a915b2a","dc_title":"Nota van wijziging begroting 2023","dc_type":"bijlage","foi_fairiscoreVersions":{"v1":1,"v2":1},"foi_fileName":"Nota%20van%20wijziging%20begroting%202023.pdf","foi_nrPages":4},{"dc_format":"application/pdf","dc_identifier":"nl.gm1954.2c.2022.2833685-5.doc.16","dc_source":"https://api1.ibabs.eu/publicdownload.aspx?site=Beekdaelen&id=9e59f9ea-93bb-4a4c-ad55-36a4fe7ed1a4","dc_title":"Overzicht van ingediende moties en amendementen Begroting 2023","dc_type":"bijlage","foi_fairiscoreVersions":{"v1":1,"v2":1},"foi_fileName":"Overzicht%20van%20ingediende%20moties%20en%20amendementen%20Begroting%202023.pdf","foi_nrPages":2},{"dc_format":"application/pdf","dc_identifier":"nl.gm1954.2c.2022.2833685-5.doc.8","dc_source":"https://api1.ibabs.eu/publicdownload.aspx?site=Beekdaelen&id=6559e6a7-5aa7-4e84-881e-a68c31235c6c","dc_title":"Programmabegroting 2023 na nota van wijzigingen","dc_type":"bijlage","foi_fairiscoreVersions":{"v1":2,"v2":2},"foi_fileName":"Programmabegroting%202023%20na%20nota%20van%20wijzigingen.pdf","foi_nrPages":172},{"dc_format":"application/pdf","dc_identifier":"nl.gm1954.2c.2022.2833685-5.doc.7","dc_source":"https://api1.ibabs.eu/publicdownload.aspx?site=Beekdaelen&id=dae492aa-aa25-463e-8861-0f5b5c8918d7","dc_title":"Raadsbesluit begroting 2023 na nota van wijzigingen, vastgesteld 08.11.2022","dc_type":"bijlage","foi_fairiscoreVersions":{"v1":1,"v2":1},"foi_fileName":"Raadsbesluit%20begroting%202023%20na%20nota%20van%20wijzigingen.pdf","foi_nrPages":2},{"dc_format":"application/pdf","dc_identifier":"nl.gm1954.2c.2022.2833685-5.doc.1","dc_source":"https://api1.ibabs.eu/publicdownload.aspx?site=Beekdaelen&id=9719cc56-4dff-4a8d-b0d8-48f1a17f8d19","dc_title":"Raadsvoorstel begroting 2023 na nota van wijzigingen","dc_type":"bijlage","foi_fairiscoreVersions":{"v1":1,"v2":1},"foi_fileName":"Raadsvoorstel%20begroting%202023%20na%20nota%20van%20wijzigingen.pdf","foi_nrPages":4}],"foi_nrDocuments":19,"foi_nrPagesInDossier":224,"foi_publishedDate":"2022-11-08","foi_retrievedDate":"2026-02-05"},{"dc_creator":"HandelingScraper_v1","dc_date_year":2022,"dc_description":"Vergadering van de Gemeente Beekdaelen op 2022-11-08. Onderdeel: Motie PvdA inzake maatschappelijke dienstverlening.","dc_identifier":"nl.gm1954.2c.2022.2833685-6","dc_publisher":"gm1954","dc_source":"https://beekdaelen.bestuurlijkeinformatie.nl/Agenda/Index/e7226ab8-d878-491a-8240-b3a87d61b0e0","dc_title":"Raadsvergadering 2022-11-08 - Motie PvdA inzake maatschappelijke dienstverlening","dc_type":"2c","dc_type_description":"Vergaderstuk decentrale overheid","foi_fairiscoreVersions":{"v1":1,"v2":1},"foi_files":[{"dc_format":"application/pdf","dc_identifier":"nl.gm1954.2c.2022.2833685-6.doc.1","dc_source":"https://api1.ibabs.eu/publicdownload.aspx?site=Beekdaelen&id=eddab9ad-6629-4380-8389-00951ba77c18","dc_title":"Motie PvdA inzake maatschappelijke dienstverlening VERWORPEN","dc_type":"bijlage","foi_fairiscoreVersions":{"v1":1,"v2":1},"foi_fileName":"01%20Motie%20PvdA%20inzake%20maatschappelijke%20dienstverlening%20VERWORPEN.pdf","foi_nrPages":1}],"foi_nrDocuments":1,"foi_nrPagesInDossier":1,"foi_publishedDate":"2022-11-08","foi_retrievedDate":"2026-02-05"},{"dc_creator":"HandelingScraper_v1","dc_date_year":2022,"dc_description":"Vergadering van de Gemeente Beekdaelen op 2022-11-08. Onderdeel: Motie PvdA inzake 'op de rem bij de omgevingswet'.","dc_identifier":"nl.gm1954.2c.2022.2833685-7","dc_publisher":"gm1954","dc_source":"https://beekdaelen.bestuurlijkeinformatie.nl/Agenda/Index/e7226ab8-d878-491a-8240-b3a87d61b0e0","dc_title":"Raadsvergadering 2022-11-08 - Motie PvdA inzake 'op de rem bij de omgevingswet'","dc_type":"2c","dc_type_description":"Vergaderstuk decentrale overheid","foi_fairiscoreVersions":{"v1":null,"v2":null},"foi_files":[{"dc_format":"application/pdf","dc_identifier":"nl.gm1954.2c.2022.2833685-7.doc.1","dc_source":"https://api1.ibabs.eu/publicdownload.aspx?site=Beekdaelen&id=f6f6651b-deff-402a-8f21-5593f72e9961","dc_title":"Motie PvdA inzake op de rem bij omgevingswet VERWORPEN","dc_type":"bijlage","foi_fileName":"02%20Motie%20PvdA%20inzake%20op%20de%20rem%20bij%20omgevingswet%20VERWORPEN.pdf"}],"foi_nrDocuments":1,"foi_nrPagesInDossier":0,"foi_publishedDate":"2022-11-08","foi_retrievedDate":"2025-11-30"},{"dc_creator":"HandelingScraper_v1","dc_date_year":2022,"dc_description":"Vergadering van de Gemeente Beekdaelen op 2022-11-08. Onderdeel: Motie PvdA en GroenLinks inzake voldoende sociale huurwoningen.","dc_identifier":"nl.gm1954.2c.2022.2833685-8","dc_publisher":"gm1954","dc_source":"https://beekdaelen.bestuurlijkeinformatie.nl/Agenda/Index/e7226ab8-d878-491a-8240-b3a87d61b0e0","dc_title":"Raadsvergadering 2022-11-08 - Motie PvdA en GroenLinks inzake voldoende sociale huurwoningen","dc_type":"2c","dc_type_description":"Vergaderstuk decentrale overheid","foi_fairiscoreVersions":{"v1":1,"v2":1},"foi_files":[{"dc_format":"application/pdf","dc_identifier":"nl.gm1954.2c.2022.2833685-8.doc.1","dc_source":"https://api1.ibabs.eu/publicdownload.aspx?site=Beekdaelen&id=6999a9ce-bee5-4797-9238-518c7d3f912b","dc_title":"Motie PvdA en GL inzake voldoende sociale huurwoningen VERWORPEN","dc_type":"bijlage","foi_fairiscoreVersions":{"v1":1,"v2":1},"foi_fileName":"03%20Motie%20PvdA%20en%20GL%20inzake%20voldoende%20sociale%20huurwoningen%20VERWORPEN.pdf","foi_nrPages":1}],"foi_nrDocuments":1,"foi_nrPagesInDossier":1,"foi_publishedDate":"2022-11-08","foi_retrievedDate":"2025-12-05"},{"dc_creator":"HandelingScraper_v1","dc_date_year":2022,"dc_description":"Vergadering van de Gemeente Beekdaelen op 2022-11-08. Onderdeel: Motie GroenLinks  en PvdA inzake armoedebeleid.","dc_identifier":"nl.gm1954.2c.2022.2833685-9","dc_publisher":"gm1954","dc_source":"https://beekdaelen.bestuurlijkeinformatie.nl/Agenda/Index/e7226ab8-d878-491a-8240-b3a87d61b0e0","dc_title":"Raadsvergadering 2022-11-08 - Motie GroenLinks  en PvdA inzake armoedebeleid","dc_type":"2c","dc_type_description":"Vergaderstuk decentrale overheid","foi_fairiscoreVersions":{"v1":1,"v2":1},"foi_files":[{"dc_format":"application/pdf","dc_identifier":"nl.gm1954.2c.2022.2833685-9.doc.2","dc_source":"https://api1.ibabs.eu/publicdownload.aspx?site=Beekdaelen&id=1c5d1caf-5c18-45d6-8cf1-8fe5d73ca1d1","dc_title":"Motie GroenLinks en PvdA inzake armoedebeleid VERVALLEN","dc_type":"bijlage","foi_fairiscoreVersions":{"v1":1,"v2":1},"foi_fileName":"04%20Motie%20GroenLinks%20en%20PvdA%20inzake%20armoedebeleid.pdf","foi_nrPages":2},{"dc_format":"application/pdf","dc_identifier":"nl.gm1954.2c.2022.2833685-9.doc.1","dc_source":"https://api1.ibabs.eu/publicdownload.aspx?site=Beekdaelen&id=3fe8ab01-92b0-4a86-8e69-f47501ac8662","dc_title":"Motie GroenLinks en PvdA inzake armoedebeleid AANGEPAST VERWORPEN","dc_type":"bijlage","foi_fairiscoreVersions":{"v1":1,"v2":1},"foi_fileName":"04%20Motie%20GroenLinks%20en%20PvdA%20inzake%20armoedebeleid%20AANGEPAST%20VERWORPEN.pdf","foi_nrPages":2}],"foi_nrDocuments":2,"foi_nrPagesInDossier":4,"foi_publishedDate":"2022-11-08","foi_retrievedDate":"2026-02-05"},{"dc_creator":"HandelingScraper_v1","dc_date_year":2022,"dc_description":"Vergadering van de Gemeente Beekdaelen op 2022-12-06. Onderdeel: Algemeen.","dc_identifier":"nl.gm1954.2c.2022.2833769-1","dc_publisher":"gm1954","dc_source":"https://beekdaelen.bestuurlijkeinformatie.nl/Agenda/Index/53c66c0d-bf76-47dd-96ac-3402a1505256","dc_title":"Raadscommissie Sociale Leefomgeving 2022-12-06 - Algemeen","dc_type":"2c","dc_type_description":"Vergaderstuk decentrale overheid","foi_fairiscoreVersions":{"v1":1,"v2":1},"foi_files":[{"dc_format":"application/pdf","dc_identifier":"nl.gm1954.2c.2022.2833769-1.doc.2","dc_source":"https://api1.ibabs.eu/publicdownload.aspx?site=Beekdaelen&id=1605b109-fc12-4206-ba6d-77830682a0ea","dc_title":"Technische voorvragen BL cie SL 06122022","dc_type":"bijlage","foi_fairiscoreVersions":{"v1":1,"v2":1},"foi_fileName":"Technische%20voorvragen%20BL%20cie%20SL%2006122022.pdf","foi_nrPages":1},{"dc_format":"application/pdf","dc_identifier":"nl.gm1954.2c.2022.2833769-1.doc.3","dc_source":"https://api1.ibabs.eu/publicdownload.aspx?site=Beekdaelen&id=c8bf96ae-77b2-4397-9f71-178f1b572c9a","dc_title":"Technische voorvragen CDA cie SL 06122022","dc_type":"bijlage","foi_fairiscoreVersions":{"v1":1,"v2":1},"foi_fileName":"Technische%20voorvragen%20CDA%20cie%20SL%2006122022.pdf","foi_nrPages":1},{"dc_format":"application/pdf","dc_identifier":"nl.gm1954.2c.2022.2833769-1.doc.4","dc_source":"https://api1.ibabs.eu/publicdownload.aspx?site=Beekdaelen&id=49fa04c2-e059-4ecb-9caf-b45bf6fa0f19","dc_title":"Technische voorvragen GL cie SL 06122022","dc_type":"bijlage","foi_fairiscoreVersions":{"v1":1,"v2":1},"foi_fileName":"Technische%20voorvragen%20GL%20cie%20SL%2006122022.pdf","foi_nrPages":2},{"dc_format":"application/pdf","dc_identifier":"nl.gm1954.2c.2022.2833769-1.doc.1","dc_source":"https://api1.ibabs.eu/publicdownload.aspx?site=Beekdaelen&id=2ee3c266-a688-46c0-894f-dac84ebe35dc","dc_title":"Technische voorvragen VG cie SL 06122022","dc_type":"bijlage","foi_fairiscoreVersions":{"v1":1,"v2":1},"foi_fileName":"Technische%20voorvragen%20VG%20cie%20SL%2006122022.pdf","foi_nrPages":4},{"dc_format":"application/pdf","dc_identifier":"nl.gm1954.2c.2022.2833769-1.doc.5","dc_source":"https://api1.ibabs.eu/publicdownload.aspx?site=Beekdaelen&id=24ffb070-516c-45d8-b9b9-cae7114c9fbb","dc_title":"Technische voorvragen VVD cie SL 06122022","dc_type":"bijlage","foi_fairiscoreVersions":{"v1":1,"v2":1},"foi_fileName":"Technische%20voorvragen%20VVD%20cie%20SL%2006122022.pdf","foi_nrPages":1}],"foi_nrDocuments":5,"foi_nrPagesInDossier":9,"foi_publishedDate":"2022-12-06","foi_retrievedDate":"2026-02-05"},{"dc_creator":"HandelingScraper_v1","dc_date_year":2022,"dc_description":"Vergadering van de Gemeente Beekdaelen op 2022-12-06. Onderdeel: Rondvraag Sociale Leefomgeving.","dc_identifier":"nl.gm1954.2c.2022.2833769-10","dc_publisher":"gm1954","dc_source":"https://beekdaelen.bestuurlijkeinformatie.nl/Agenda/Index/53c66c0d-bf76-47dd-96ac-3402a1505256","dc_title":"Raadscommissie Sociale Leefomgeving 2022-12-06 - Rondvraag Sociale Leefomgeving","dc_type":"2c","dc_type_description":"Vergaderstuk decentrale overheid","foi_fairiscoreVersions":{"v1":2,"v2":1},"foi_files":[{"dc_format":"application/pdf","dc_identifier":"nl.gm1954.2c.2022.2833769-10.doc.2","dc_source":"https://api1.ibabs.eu/publicdownload.aspx?site=Beekdaelen&id=aa5d196b-e57a-4ae0-ac8c-393b8aea8514","dc_title":"MvA rondvraag GL mbt aanbesteding jeugd","dc_type":"bijlage","foi_fairiscoreVersions":{"v1":1,"v2":1},"foi_fileName":"MvA%20rondvraag%20GL%20mbt%20aanbesteding%20jeugd.pdf","foi_nrPages":1},{"dc_format":"application/pdf","dc_identifier":"nl.gm1954.2c.2022.2833769-10.doc.3","dc_source":"https://api1.ibabs.eu/publicdownload.aspx?site=Beekdaelen&id=95afc244-b5a0-4d94-b305-6569651bc0a8","dc_title":"Rondvraag Rapport stand van zaken strategisch accommodatiebeleid","dc_type":"bijlage","foi_fairiscoreVersions":{"v1":2,"v2":1},"foi_fileName":"Rondvraag%20Rapport%20stand%20van%20zaken%20strategisch%20accommodatiebeleid.pdf","foi_nrPages":14},{"dc_format":"application/pdf","dc_identifier":"nl.gm1954.2c.2022.2833769-10.doc.4","dc_source":"https://api1.ibabs.eu/publicdownload.aspx?site=Beekdaelen&id=fdcbf213-cb3e-484a-8e4c-3c15857d63eb","dc_title":"Rondvraag Toelichting rapport stand van zaken accommodatiebeleid","dc_type":"bijlage","foi_fairiscoreVersions":{"v1":1,"v2":1},"foi_fileName":"Rondvraag%20Toelichting%20rapport%20stand%20van%20zaken.pdf","foi_nrPages":17},{"dc_format":"application/pdf","dc_identifier":"nl.gm1954.2c.2022.2833769-10.doc.1","dc_source":"https://api1.ibabs.eu/publicdownload.aspx?site=Beekdaelen&id=820205be-9db2-417d-811f-6904d95d1ee5","dc_title":"Rondvraag GL cie SL 06122022","dc_type":"bijlage","foi_fairiscoreVersions":{"v1":1,"v2":1},"foi_fileName":"Rondvrag%20GL%20cie%20SL%2006122022.pdf","foi_nrPages":1},{"dc_format":"application/octet-stream","dc_identifier":"nl.gm1954.2c.2022.2833769-10.doc.5","dc_source":"https://api1.ibabs.eu/publicdownload.aspx?site=Beekdaelen&id=a6148f19-cbca-4994-84ad-7bd71e593424","dc_title":"Geluidsopname B6 (zwembad) en C Rondvraag","dc_type":"bijlage","foi_fileName":"SLO%20B6%20%28zwembad%29%20en%20C%20Rondvraag.mp3"}],"foi_nrDocuments":5,"foi_nrPagesInDossier":33,"foi_publishedDate":"2022-12-06","foi_retrievedDate":"2026-03-10"},{"dc_creator":"HandelingScraper_v1","dc_date_year":2022,"dc_description":"Vergadering van de Gemeente Beekdaelen op 2022-12-06. Onderdeel: Opening, mededelingen voorzitter en vaststellen agenda..","dc_identifier":"nl.gm1954.2c.2022.2833769-2","dc_publisher":"gm1954","dc_source":"https://beekdaelen.bestuurlijkeinformatie.nl/Agenda/Index/53c66c0d-bf76-47dd-96ac-3402a1505256","dc_title":"Raadscommissie Sociale Leefomgeving 2022-12-06 - Opening, mededelingen voorzitter en vaststellen agenda.","dc_type":"2c","dc_type_description":"Vergaderstuk decentrale overheid","foi_fairiscoreVersions":{"v1":1,"v2":1},"foi_files":[{"dc_format":"application/octet-stream","dc_identifier":"nl.gm1954.2c.2022.2833769-2.doc.3","dc_source":"https://api1.ibabs.eu/publicdownload.aspx?site=Beekdaelen&id=12bf749d-af0f-4eb9-be46-c109e3f57b27","dc_title":"Geluidsopname A1 opening, mededelingen, agenda","dc_type":"bijlage","foi_fileName":"SLO%20A1%20opening_%20mededelingen_%20agenda_.mp3","foi_nrPages":1},{"dc_format":"application/pdf","dc_identifier":"nl.gm1954.2c.2022.2833769-2.doc.1","dc_source":"https://api1.ibabs.eu/publicdownload.aspx?site=Beekdaelen&id=88edae5e-3d5e-4d93-b4e2-e099e63f7bf4","dc_title":"Uitnodiging en voorlopige agenda cie Sociale Leefomgeving 06122022","dc_type":"bijlage","foi_fairiscoreVersions":{"v1":1,"v2":1},"foi_fileName":"Uitnodiging%20en%20voorlopige%20agenda%20cie%20Sociale%20Leefomgeving%2006122022.pdf","foi_nrPages":2},{"dc_format":"application/pdf","dc_identifier":"nl.gm1954.2c.2022.2833769-2.doc.2","dc_source":"https://api1.ibabs.eu/publicdownload.aspx?site=Beekdaelen&id=23b93432-e74f-4655-a661-766872599aec","dc_title":"Vastgestelde agenda raadscie. Sociale Leefomgeving 06122022","dc_type":"bijlage","foi_fairiscoreVersions":{"v1":1,"v2":1},"foi_fileName":"Vastgestelde%20agenda%20raadscie.pdf","foi_nrPages":1}],"foi_nrDocuments":3,"foi_nrPagesInDossier":4,"foi_publishedDate":"2022-12-06","foi_retrievedDate":"2026-02-05"},{"dc_creator":"HandelingScraper_v1","dc_date_year":2022,"dc_description":"Vergadering van de Gemeente Beekdaelen op 2022-12-06. Onderdeel: Vaststellen lijst van toezeggingen van de raadscommissie Sociale Leefomgeving.","dc_identifier":"nl.gm1954.2c.2022.2833769-3","dc_publisher":"gm1954","dc_source":"https://beekdaelen.bestuurlijkeinformatie.nl/Agenda/Index/53c66c0d-bf76-47dd-96ac-3402a1505256","dc_title":"Raadscommissie Sociale Leefomgeving 2022-12-06 - Vaststellen lijst van toezeggingen van de raadscommissie Sociale Leefomgeving","dc_type":"2c","dc_type_description":"Vergaderstuk decentrale overheid","foi_fairiscoreVersions":{"v1":1,"v2":1},"foi_files":[{"dc_format":"application/pdf","dc_identifier":"nl.gm1954.2c.2022.2833769-3.doc.1","dc_source":"https://api1.ibabs.eu/publicdownload.aspx?site=Beekdaelen&id=56547072-d3a9-40a0-85ea-a611676c7de8","dc_title":"Lijst stand van zaken afhandeling toezeggingen Sociale Leefomgeving - 17112022 bijgewerkt griffie","dc_type":"bijlage","foi_fairiscoreVersions":{"v1":1,"v2":1},"foi_fileName":"Lijst%20stavaza%20afhandeling%20toezeggingen%20Sociale%20Leefomgeving%20-%2017112022%20bijgewerkt%20griffie.pdf","foi_nrPages":3},{"dc_format":"application/octet-stream","dc_identifier":"nl.gm1954.2c.2022.2833769-3.doc.2","dc_source":"https://api1.ibabs.eu/publicdownload.aspx?site=Beekdaelen&id=1e5f62d5-04cf-446c-89dc-d96e13435704","dc_title":"Geluidsopname A2 en A3, lijst v toez en actiep.lijst","dc_type":"bijlage","foi_fileName":"SLO%20A2%20en%20A3_%20lijst%20v%20toez%20en%20actiep.lijst.mp3"}],"foi_nrDocuments":2,"foi_nrPagesInDossier":3,"foi_publishedDate":"2022-12-06","foi_retrievedDate":"2025-12-04"},{"dc_creator":"HandelingScraper_v1","dc_date_year":2022,"dc_description":"Vergadering van de Gemeente Beekdaelen op 2022-12-06. Onderdeel: Kadernota armoedebeleid 2023.","dc_identifier":"nl.gm1954.2c.2022.2833769-4","dc_publisher":"gm1954","dc_source":"https://beekdaelen.bestuurlijkeinformatie.nl/Agenda/Index/53c66c0d-bf76-47dd-96ac-3402a1505256","dc_title":"Raadscommissie Sociale Leefomgeving 2022-12-06 - Kadernota armoedebeleid 2023","dc_type":"2c","dc_type_description":"Vergaderstuk decentrale overheid","foi_fairiscoreVersions":{"v1":2,"v2":1},"foi_files":[{"dc_format":"application/pdf","dc_identifier":"nl.gm1954.2c.2022.2833769-4.doc.6","dc_source":"https://api1.ibabs.eu/publicdownload.aspx?site=Beekdaelen&id=c00e6c4f-c570-4548-a116-8230c21eec8f","dc_title":"Bijlage: Armoedemonitor 2019 Kompas (Nuth, Simpelveld, Voerendaal)","dc_type":"bijlage","foi_fairiscoreVersions":{"v1":2,"v2":1},"foi_fileName":"Bijlage%206%20Armoedemonitor%202019%20Kompas%20%28Nuth_%20Simpelveld_%20Voerendaal%29.pdf","foi_nrPages":42},{"dc_format":"application/pdf","dc_identifier":"nl.gm1954.2c.2022.2833769-4.doc.13","dc_source":"https://api1.ibabs.eu/publicdownload.aspx?site=Beekdaelen&id=ecb9d2a4-c332-42ce-a37a-24a6d743d0b3","dc_title":"MvA technische voorvragen BL mbt cie Sociaal B1 Armoedebeleid","dc_type":"bijlage","foi_fairiscoreVersions":{"v1":1,"v2":1},"foi_fileName":"MvA%20technische%20voorvragen%20BL%20mbt%20cie%20Sociaal%20B1%20Armoedebeleid.pdf","foi_nrPages":2},{"dc_format":"application/pdf","dc_identifier":"nl.gm1954.2c.2022.2833769-4.doc.15","dc_source":"https://api1.ibabs.eu/publicdownload.aspx?site=Beekdaelen&id=116f1f60-95a6-4fee-8f04-6c47a7a88d12","dc_title":"MvA technische voorvragen CDA mbt cie Sociaal B1 Armoedebeleid","dc_type":"bijlage","foi_fairiscoreVersions":{"v1":1,"v2":1},"foi_fileName":"MvA%20technische%20voorvragen%20CDA%20mbt%20cie%20Sociaal%20B1%20Armoedebeleid.pdf","foi_nrPages":2},{"dc_format":"application/pdf","dc_identifier":"nl.gm1954.2c.2022.2833769-4.doc.11","dc_source":"https://api1.ibabs.eu/publicdownload.aspx?site=Beekdaelen&id=ce1a1f73-f0c7-4cab-a0cf-8ac1b8456da6","dc_title":"MvA technische voorvragen GL mbt cie Sociaal B1 Armoedebeleid","dc_type":"bijlage","foi_fairiscoreVersions":{"v1":1,"v2":1},"foi_fileName":"MvA%20technische%20voorvragen%20GL%20mbt%20cie%20Sociaal%20B1%20Armoedebeleid.pdf","foi_nrPages":3},{"dc_format":"application/pdf","dc_identifier":"nl.gm1954.2c.2022.2833769-4.doc.14","dc_source":"https://api1.ibabs.eu/publicdownload.aspx?site=Beekdaelen&id=f11797e0-8ec7-420f-b7ed-8af42c358890","dc_title":"MvA technische voorvragen VG mbt cie Sociaal B1 Armoedebeleid","dc_type":"bijlage","foi_fairiscoreVersions":{"v1":1,"v2":1},"foi_fileName":"MvA%20technische%20voorvragen%20VG%20mbt%20cie%20Sociaal%20B1%20Armoedebeleid.pdf","foi_nrPages":3},{"dc_format":"application/pdf","dc_identifier":"nl.gm1954.2c.2022.2833769-4.doc.12","dc_source":"https://api1.ibabs.eu/publicdownload.aspx?site=Beekdaelen&id=f17a61ff-3891-4a19-9f71-610fdc521d67","dc_title":"MvA technische voorvragen VVD mbt cie Sociaal B1 Armoedebeleid","dc_type":"bijlage","foi_fairiscoreVersions":{"v1":1,"v2":1},"foi_fileName":"MvA%20technische%20voorvragen%20VVD%20mbt%20cie%20Sociaal%20B1%20Armoedebeleid.pdf","foi_nrPages":2},{"dc_format":"application/octet-stream","dc_identifier":"nl.gm1954.2c.2022.2833769-4.doc.16","dc_source":"https://api1.ibabs.eu/publicdownload.aspx?site=Beekdaelen&id=2c7264c0-b0e4-4711-94a5-033288f74002","dc_title":"Geluidsopname B1 Kadernota Armoedebeleid (gecrompineerd)","dc_type":"bijlage","foi_fileName":"SLO%20B1%20Kadernota%20Armoedebeleid%20%28gecrompineerd%29.mp3"},{"dc_format":"application/pdf","dc_identifier":"nl.gm1954.2c.2022.2833769-4.doc.1","dc_source":"https://api1.ibabs.eu/publicdownload.aspx?site=Beekdaelen&id=690d6540-04a9-41fd-b04f-c32ca2d81fe2","dc_title":"Kadernota Armoedebeleid 2023","dc_type":"bijlage","foi_fairiscoreVersions":{"v1":1,"v2":1},"foi_fileName":"Z%2F22%2F174708%20-%20303240%20-%20De%20Nota%20Armoedebeleid%202022.pdf","foi_nrPages":26},{"dc_format":"application/pdf","dc_identifier":"nl.gm1954.2c.2022.2833769-4.doc.7","dc_source":"https://api1.ibabs.eu/publicdownload.aspx?site=Beekdaelen&id=27b404c1-8317-4809-ad64-3fd57c1468d5","dc_title":"Bijlage: Armoedemonitor 2019 Schinnen","dc_type":"bijlage","foi_fairiscoreVersions":{"v1":2,"v2":1},"foi_fileName":"Z%2F22%2F174708%20-%20303244.pdf","foi_nrPages":40},{"dc_format":"application/pdf","dc_identifier":"nl.gm1954.2c.2022.2833769-4.doc.8","dc_source":"https://api1.ibabs.eu/publicdownload.aspx?site=Beekdaelen&id=acd6a8a4-019f-4528-b874-8f5e5d4979fd","dc_title":"Bijlage: Armoedemonitor 2019 Onderbanken","dc_type":"bijlage","foi_fairiscoreVersions":{"v1":2,"v2":1},"foi_fileName":"Z%2F22%2F174708%20-%20303244.pdf","foi_nrPages":45},{"dc_format":"application/pdf","dc_identifier":"nl.gm1954.2c.2022.2833769-4.doc.9","dc_source":"https://api1.ibabs.eu/publicdownload.aspx?site=Beekdaelen&id=c164f7d4-cd33-4bec-bff2-bdbb044c7be9","dc_title":"Bijlage: Clientervaringsonderzoek 2019 Schinnen","dc_type":"bijlage","foi_fairiscoreVersions":{"v1":2,"v2":1},"foi_fileName":"Z%2F22%2F174708%20-%20303244.pdf","foi_nrPages":18},{"dc_format":"application/pdf","dc_identifier":"nl.gm1954.2c.2022.2833769-4.doc.10","dc_source":"https://api1.ibabs.eu/publicdownload.aspx?site=Beekdaelen&id=7da996ff-4dbc-42d3-a858-59b1022e8721","dc_title":"Bijlage: Clientervaringsonderzoek 2019 Onderbanken","dc_type":"bijlage","foi_fairiscoreVersions":{"v1":2,"v2":1},"foi_fileName":"Z%2F22%2F174708%20-%20303244.pdf","foi_nrPages":20},{"dc_format":"application/pdf","dc_identifier":"nl.gm1954.2c.2022.2833769-4.doc.2","dc_source":"https://api1.ibabs.eu/publicdownload.aspx?site=Beekdaelen&id=9106606a-3ba7-4acc-9c3e-8d263e5dcd3e","dc_title":"Raadsbesluit Kadernota armoedebeleid 2023, vastgesteld 20.12.2022","dc_type":"bijlage","foi_fairiscoreVersions":{"v1":1,"v2":1},"foi_fileName":"Z%2F22%2F174708%20-%20317795%20-%20Raadsbesluit%20Kadernota%20armoedebeleid%202023.pdf","foi_nrPages":1},{"dc_format":"application/pdf","dc_identifier":"nl.gm1954.2c.2022.2833769-4.doc.5","dc_source":"https://api1.ibabs.eu/publicdownload.aspx?site=Beekdaelen&id=4d611e8e-0da7-4a5d-a4ac-cb56d110c517","dc_title":"Bijlage: Factsheet landelijke aanpak geldzorgen, armoede en schulden","dc_type":"bijlage","foi_fairiscoreVersions":{"v1":2,"v2":1},"foi_fileName":"Z%2F22%2F174708%20-%20320092%20-%20Factsheet%20landelijke%20aanpak%20geldzorgen_%20armoede%20en%20schulden.pdf","foi_nrPages":7},{"dc_format":"application/pdf","dc_identifier":"nl.gm1954.2c.2022.2833769-4.doc.3","dc_source":"https://api1.ibabs.eu/publicdownload.aspx?site=Beekdaelen&id=a1e38b2e-ecba-4481-a09c-67f80a824155","dc_title":"Bijlage: Advies adviesraad sociaal domein Beekdaelen","dc_type":"bijlage","foi_fairiscoreVersions":{"v1":1,"v2":1},"foi_fileName":"Z%2F22%2F174708%20-%20320173%20-%20Advies%20adviesraad%20sociaal%20domein%20Beekdaelen.pdf","foi_nrPages":1},{"dc_format":"application/pdf","dc_identifier":"nl.gm1954.2c.2022.2833769-4.doc.4","dc_source":"https://api1.ibabs.eu/publicdownload.aspx?site=Beekdaelen&id=9d7d6289-a9ee-4e2d-98e1-587e2dbe736f","dc_title":"Bijlage: Bijlage bij advies adviesraad sociaal domein Beekdaelen","dc_type":"bijlage","foi_fairiscoreVersions":{"v1":1,"v2":1},"foi_fileName":"Z%2F22%2F174708%20-%20320174%20-%20Bijlage%20bij%20advies%20adviesraad%20sociaal%20domein%20Beekdaelen.pdf","foi_nrPages":2}],"foi_nrDocuments":16,"foi_nrPagesInDossier":214,"foi_publishedDate":"2022-12-06","foi_retrievedDate":"2025-12-01"},{"dc_creator":"HandelingScraper_v1","dc_date_year":2022,"dc_description":"Vergadering van de Gemeente Beekdaelen op 2022-12-06. Onderdeel: Raadsvoorstel inzake \"Tweede begrotingswijziging 2022 GR WOZL\".","dc_identifier":"nl.gm1954.2c.2022.2833769-5","dc_publisher":"gm1954","dc_source":"https://beekdaelen.bestuurlijkeinformatie.nl/Agenda/Index/53c66c0d-bf76-47dd-96ac-3402a1505256","dc_title":"Raadscommissie Sociale Leefomgeving 2022-12-06 - Raadsvoorstel inzake \"Tweede begrotingswijziging 2022 GR WOZL\"","dc_type":"2c","dc_type_description":"Vergaderstuk decentrale overheid","foi_fairiscoreVersions":{"v1":null,"v2":null},"foi_files":[{"dc_format":"application/pdf","dc_identifier":"nl.gm1954.2c.2022.2833769-5.doc.7","dc_source":"https://api1.ibabs.eu/publicdownload.aspx?site=Beekdaelen&id=de60a485-71fc-48b4-bd2b-c92b0a4fa6a9","dc_title":"MvA technische voorvragen GL mbt cie Sociaal B2 WOZL","dc_type":"bijlage","foi_fileName":"MvA%20technische%20voorvragen%20GL%20mbt%20cie%20Sociaal%20B2%20WOZL.pdf"},{"dc_format":"application/pdf","dc_identifier":"nl.gm1954.2c.2022.2833769-5.doc.6","dc_source":"https://api1.ibabs.eu/publicdownload.aspx?site=Beekdaelen&id=7f36e914-b337-41f1-ba26-c152ac23e4bf","dc_title":"MvA technische voorvragen VG mbt cie Sociaal B2 WOZL","dc_type":"bijlage","foi_fileName":"MvA%20technische%20voorvragen%20VG%20mbt%20cie%20Sociaal%20B2%20WOZL.pdf"},{"dc_format":"application/octet-stream","dc_identifier":"nl.gm1954.2c.2022.2833769-5.doc.8","dc_source":"https://api1.ibabs.eu/publicdownload.aspx?site=Beekdaelen&id=9360d6fe-429d-43ee-bf25-17dfd9b0564c","dc_title":"Geluidsopname B2 (WOZL) en B3 (WSP)","dc_type":"bijlage","foi_fileName":"SLO%20B2%20%28WOZL%29%20en%20B3%20%28WSP%29.mp3"},{"dc_format":"application/pdf","dc_identifier":"nl.gm1954.2c.2022.2833769-5.doc.3","dc_source":"https://api1.ibabs.eu/publicdownload.aspx?site=Beekdaelen&id=151c2838-b6dc-48da-8464-dda46eb0abe4","dc_title":"Raadsbesluit Tweede begrotingswijziging 2022 GR WOZL, vastgesteld 20.12.2022","dc_type":"bijlage","foi_fileName":"Z%2F22%2F180969%20-%20316964%20-%20Raadsbesluit%20Tweede%20begrotingswijziging%202022%20GR%20WOZL.pdf"},{"dc_format":"application/pdf","dc_identifier":"nl.gm1954.2c.2022.2833769-5.doc.4","dc_source":"https://api1.ibabs.eu/publicdownload.aspx?site=Beekdaelen&id=630fcda4-11a6-4cbc-b5f3-3ac512dde8e6","dc_title":"Bijlage: Concept Uitgaande brief aan WOZL inzake raadsbesluit","dc_type":"bijlage","foi_fileName":"Z%2F22%2F180969%20-%20316968%20-%20Uitgaande%20brief%20aan%20WOZL%20inzake%20raadsbesluit.pdf"},{"dc_format":"application/pdf","dc_identifier":"nl.gm1954.2c.2022.2833769-5.doc.5","dc_source":"https://api1.ibabs.eu/publicdownload.aspx?site=Beekdaelen&id=d1655407-84f0-4a47-b54c-13f0a14331e7","dc_title":"Bijlage 5: Concept Uitgaande brief aan WOZL inzake commissiestandpunt","dc_type":"bijlage","foi_fileName":"Z%2F22%2F180969%20-%20317036%20-%20Uitgaande%20brief%20aan%20WOZL%20inzake%20commissiestandpunt.pdf"},{"dc_format":"application/pdf","dc_identifier":"nl.gm1954.2c.2022.2833769-5.doc.1","dc_source":"https://api1.ibabs.eu/publicdownload.aspx?site=Beekdaelen&id=a20ccbac-2481-4b61-ac90-ee628c049692","dc_title":"Bijlage: Tweede begrotingswijziging 2022 GR WOZL","dc_type":"bijlage","foi_fileName":"Z%2F22%2F180969%20-%20317941%20-%20Tweede%20begrotingswijziging%202022%20GR%20WOZL.pdf"},{"dc_format":"application/pdf","dc_identifier":"nl.gm1954.2c.2022.2833769-5.doc.2","dc_source":"https://api1.ibabs.eu/publicdownload.aspx?site=Beekdaelen&id=41bca370-5bca-4032-b3a3-95320948b9bc","dc_title":"Bijlage: Factsheet tweede begrotingswijziging 2022 GR WOZL","dc_type":"bijlage","foi_fileName":"Z%2F22%2F180969%20-%20317942.pdf"}],"foi_nrDocuments":8,"foi_nrPagesInDossier":0,"foi_publishedDate":"2022-12-06","foi_retrievedDate":"2025-11-30"},{"dc_creator":"HandelingScraper_v1","dc_date_year":2022,"dc_description":"Vergadering van de Gemeente Beekdaelen op 2022-12-06. Onderdeel: Raadsvoorstel inzake \"Tweede begrotingswijziging 2022 GR WSP Parkstad\".","dc_identifier":"nl.gm1954.2c.2022.2833769-6","dc_publisher":"gm1954","dc_source":"https://beekdaelen.bestuurlijkeinformatie.nl/Agenda/Index/53c66c0d-bf76-47dd-96ac-3402a1505256","dc_title":"Raadscommissie Sociale Leefomgeving 2022-12-06 - Raadsvoorstel inzake \"Tweede begrotingswijziging 2022 GR WSP Parkstad\"","dc_type":"2c","dc_type_description":"Vergaderstuk decentrale overheid","foi_fairiscoreVersions":{"v1":2,"v2":1},"foi_files":[{"dc_format":"application/pdf","dc_identifier":"nl.gm1954.2c.2022.2833769-6.doc.6","dc_source":"https://api1.ibabs.eu/publicdownload.aspx?site=Beekdaelen&id=f50eb9d3-55e6-4957-85e6-bf6d4cd978e9","dc_title":"MvA technische voorvragen VG mbt cie Sociaal B3 WSP","dc_type":"bijlage","foi_fairiscoreVersions":{"v1":1,"v2":1},"foi_fileName":"MvA%20technische%20voorvragen%20VG%20mbt%20cie%20Sociaal%20B3%20WSP.pdf","foi_nrPages":1},{"dc_format":"application/octet-stream","dc_identifier":"nl.gm1954.2c.2022.2833769-6.doc.7","dc_source":"https://api1.ibabs.eu/publicdownload.aspx?site=Beekdaelen&id=e44630bc-c70c-4081-bb53-8f7702dcbbba","dc_title":"Geluidsopname B2 (WOZL) en B3 (WSP)","dc_type":"bijlage","foi_fileName":"SLO%20B2%20%28WOZL%29%20en%20B3%20%28WSP%29.mp3","foi_nrPages":1},{"dc_format":"application/pdf","dc_identifier":"nl.gm1954.2c.2022.2833769-6.doc.5","dc_source":"https://api1.ibabs.eu/publicdownload.aspx?site=Beekdaelen&id=496cd421-6f09-424f-b0d8-abba6216d138","dc_title":"Bijlage 5: Concept Uitgaande brief aan WSP Parkstad inzake commissiestandpunt","dc_type":"bijlage","foi_fairiscoreVersions":{"v1":1,"v2":1},"foi_fileName":"Z%2F22%2F180970%20-%20317092%20-%20Uitgaande%20brief%20aan%20WSP%20Parkstad%20inzake%20commissiestandpunt.pdf","foi_nrPages":1},{"dc_format":"application/pdf","dc_identifier":"nl.gm1954.2c.2022.2833769-6.doc.4","dc_source":"https://api1.ibabs.eu/publicdownload.aspx?site=Beekdaelen&id=b417d532-ba8a-44d7-8720-7e22b8fde7e8","dc_title":"Bijlage: Concept Uitgaande brief aan WSP Parkstad inzake raadsbesluit","dc_type":"bijlage","foi_fairiscoreVersions":{"v1":1,"v2":1},"foi_fileName":"Z%2F22%2F180970%20-%20317093%20-%20Uitgaande%20brief%20aan%20WSP%20Parkstad%20inzake%20raadsbesluit.pdf","foi_nrPages":1},{"dc_format":"application/pdf","dc_identifier":"nl.gm1954.2c.2022.2833769-6.doc.3","dc_source":"https://api1.ibabs.eu/publicdownload.aspx?site=Beekdaelen&id=de7767c2-b8b8-4d87-b8b8-0bd0ca71865a","dc_title":"Raadsbesluit tweede begrotingswijziging 2022 GR WSP Parkstad, vastgesteld 20.12.2022","dc_type":"bijlage","foi_fairiscoreVersions":{"v1":1,"v2":1},"foi_fileName":"Z%2F22%2F180970%20-%20317094%20-%20Raadsbesluit%20tweede%20begrotingswijziging%202022%20GR%20WSP%20Parkstad.pdf","foi_nrPages":1},{"dc_format":"application/pdf","dc_identifier":"nl.gm1954.2c.2022.2833769-6.doc.1","dc_source":"https://api1.ibabs.eu/publicdownload.aspx?site=Beekdaelen&id=900b6dfb-9f4e-4ae1-9b79-53a5db01a0ed","dc_title":"Bijlage: Tweede begrotingswijziging 2022 GR WSP Parkstad","dc_type":"bijlage","foi_fairiscoreVersions":{"v1":2,"v2":1},"foi_fileName":"Z%2F22%2F180970%20-%20317945%20-%20Tweede%20begrotingswijziging%202022%20GR%20WSP%20Parkstad.pdf","foi_nrPages":22},{"dc_format":"application/pdf","dc_identifier":"nl.gm1954.2c.2022.2833769-6.doc.2","dc_source":"https://api1.ibabs.eu/publicdownload.aspx?site=Beekdaelen&id=ffbcfd44-7e04-4094-97a2-99358990167d","dc_title":"Bijlage: Factsheet Tweede begrotingswijziging 2022 GR WSP Parkstad","dc_type":"bijlage","foi_fairiscoreVersions":{"v1":1,"v2":1},"foi_fileName":"Z%2F22%2F180970%20-%20317946%20-%20Factsheet%20Tweede%20begrotingswijziging%202022%20GR%20WSP%20Parkstad.pdf","foi_nrPages":2}],"foi_nrDocuments":7,"foi_nrPagesInDossier":29,"foi_publishedDate":"2022-12-06","foi_retrievedDate":"2026-02-05"},{"dc_creator":"HandelingScraper_v1","dc_date_year":2022,"dc_description":"Vergadering van de Gemeente Beekdaelen op 2022-12-06. Onderdeel: Raadsvoorstel inzake \"Zienswijze wijziging gemeenschappelijke regeling Omnibuzz\".","dc_identifier":"nl.gm1954.2c.2022.2833769-7","dc_publisher":"gm1954","dc_source":"https://beekdaelen.bestuurlijkeinformatie.nl/Agenda/Index/53c66c0d-bf76-47dd-96ac-3402a1505256","dc_title":"Raadscommissie Sociale Leefomgeving 2022-12-06 - Raadsvoorstel inzake \"Zienswijze wijziging gemeenschappelijke regeling Omnibuzz\"","dc_type":"2c","dc_type_description":"Vergaderstuk decentrale overheid","foi_fairiscoreVersions":{"v1":2,"v2":2},"foi_files":[{"dc_format":"application/pdf","dc_identifier":"nl.gm1954.2c.2022.2833769-7.doc.6","dc_source":"https://api1.ibabs.eu/publicdownload.aspx?site=Beekdaelen&id=0a49b08c-b42f-4757-842a-6a00ade145ce","dc_title":"MvA technische voorvragen VG mbt commissie Sociaal B4 Omnibuzz","dc_type":"bijlage","foi_fairiscoreVersions":{"v1":1,"v2":1},"foi_fileName":"MvA%20technische%20voorvragen%20VG%20mbt%20commissie%20Sociaal%20B4%20Omnibuzz.pdf","foi_nrPages":1},{"dc_format":"application/octet-stream","dc_identifier":"nl.gm1954.2c.2022.2833769-7.doc.7","dc_source":"https://api1.ibabs.eu/publicdownload.aspx?site=Beekdaelen&id=aaeb2ebd-96bb-468f-a4a5-1d42419f9f1c","dc_title":"Geluidsopname B4 Omnibuzz","dc_type":"bijlage","foi_fileName":"SLO%20B4%20Omnibuzz.mp3"},{"dc_format":"application/pdf","dc_identifier":"nl.gm1954.2c.2022.2833769-7.doc.1","dc_source":"https://api1.ibabs.eu/publicdownload.aspx?site=Beekdaelen&id=4ad63280-0260-4724-8d42-8e82ca6dbe91","dc_title":"Raadsvoorstel \"Zienswijze op concept gewijzigde gemeenschappelijke regeling Omnibuzz\"","dc_type":"bijlage","foi_fairiscoreVersions":{"v1":1,"v2":1},"foi_fileName":"Z%2F22%2F180878%20-%20316734%20-%20Bijlage%201%20319365_1%20Raadsvoorstel%20Zienswijze%20op%20concept%20gewijzigde%20gemeenschappelijke%20regeling%20O.pdf","foi_nrPages":3},{"dc_format":"application/pdf","dc_identifier":"nl.gm1954.2c.2022.2833769-7.doc.2","dc_source":"https://api1.ibabs.eu/publicdownload.aspx?site=Beekdaelen&id=afe640da-abb6-4ba0-be80-281e9de6238a","dc_title":"Bijlage: Voorstel aan algemeen bestuur Omnibuzz 6 juli 2022","dc_type":"bijlage","foi_fairiscoreVersions":{"v1":1,"v2":1},"foi_fileName":"Z%2F22%2F180878%20-%20316734%20-%20Bijlage%202%20Voorstel%20wijziging%20afrekensystematiek%20tbv%20ergadering%20algemeen%20bestuur%20Omnibuzz.pdf","foi_nrPages":17},{"dc_format":"application/pdf","dc_identifier":"nl.gm1954.2c.2022.2833769-7.doc.3","dc_source":"https://api1.ibabs.eu/publicdownload.aspx?site=Beekdaelen&id=a3f3691d-ca92-4685-99b6-ec2603c3a94c","dc_title":"Bijlage: Concept wijzigingsbesluit afrekensystematiek GR Omnibuzz (wijzigingen in het geel)","dc_type":"bijlage","foi_fairiscoreVersions":{"v1":1,"v2":1},"foi_fileName":"Z%2F22%2F180878%20-%20316734%20-%20Bijlage%203%20Concept%20wijzigingsbesluit%20afrekensystematiek%20GR%20Omnibuzz%20%28wijzigingen%20in%20het%20geel%29.pdf","foi_nrPages":10},{"dc_format":"application/pdf","dc_identifier":"nl.gm1954.2c.2022.2833769-7.doc.4","dc_source":"https://api1.ibabs.eu/publicdownload.aspx?site=Beekdaelen&id=cf18ec94-22cc-4476-90ee-c957945f83f3","dc_title":"Bijlage 3: Concept Raadsbesluit \"zienswijze op concept gewijzigde gemeenschappelijke regeling Omnibuzz\"","dc_type":"bijlage","foi_fairiscoreVersions":{"v1":1,"v2":1},"foi_fileName":"Z%2F22%2F180878%20-%20316734%20-%20Bijlage%204%20319366_1%20Raadsbesluit%20Zienswijze%20op%20concept%20gewijzigde%20gemeenschappelijke%20regeling%20Om.pdf","foi_nrPages":1},{"dc_format":"application/pdf","dc_identifier":"nl.gm1954.2c.2022.2833769-7.doc.5","dc_source":"https://api1.ibabs.eu/publicdownload.aspx?site=Beekdaelen&id=e0a1a22c-f2be-49f8-866a-5fd4371eb55e","dc_title":"Bijlage: Conceptbrief aan DB Omnibuzz m.b.t. zienswijze raad Beekdaelen","dc_type":"bijlage","foi_fairiscoreVersions":{"v1":2,"v2":2},"foi_fileName":"Z%2F22%2F180878%20-%20316734%20-%20Bijlage%205%20Conceptbrief%20zienswijze%20raad%20Beekdaelen.pdf","foi_nrPages":1}],"foi_nrDocuments":7,"foi_nrPagesInDossier":33,"foi_publishedDate":"2022-12-06","foi_retrievedDate":"2026-03-05"},{"dc_creator":"HandelingScraper_v1","dc_date_year":2022,"dc_description":"Vergadering van de Gemeente Beekdaelen op 2022-12-06. Onderdeel: Raadsvoorstel inzake \"Verordeningen 2023 Participatiewet\".","dc_identifier":"nl.gm1954.2c.2022.2833769-8","dc_publisher":"gm1954","dc_source":"https://beekdaelen.bestuurlijkeinformatie.nl/Agenda/Index/53c66c0d-bf76-47dd-96ac-3402a1505256","dc_title":"Raadscommissie Sociale Leefomgeving 2022-12-06 - Raadsvoorstel inzake \"Verordeningen 2023 Participatiewet\"","dc_type":"2c","dc_type_description":"Vergaderstuk decentrale overheid","foi_fairiscoreVersions":{"v1":2,"v2":1},"foi_files":[{"dc_format":"application/pdf","dc_identifier":"nl.gm1954.2c.2022.2833769-8.doc.7","dc_source":"https://api1.ibabs.eu/publicdownload.aspx?site=Beekdaelen&id=6c677600-bd94-4ce4-be80-a2a8c21700b5","dc_title":"Bijlage: Bijlage 1 bij Advies adviesraad sociaal domein Bekdaelen","dc_type":"bijlage","foi_fairiscoreVersions":{"v1":1,"v2":1},"foi_fileName":"Advies%20ASD-Bijlage%201%20Vragen-Opmerkingen-Taakveld%20voor%20advies%20verordeningen%20participatie%20-%20Z22181.pdf","foi_nrPages":1},{"dc_format":"application/pdf","dc_identifier":"nl.gm1954.2c.2022.2833769-8.doc.8","dc_source":"https://api1.ibabs.eu/publicdownload.aspx?site=Beekdaelen&id=5e905f97-56d7-4311-a528-8fe0ce0e8843","dc_title":"Bijlage: Bijlage 2 bij Advies adviesraad sociaal domein Bekdaelen","dc_type":"bijlage","foi_fairiscoreVersions":{"v1":1,"v2":1},"foi_fileName":"Advies%20ASD-Bijlage%202%20de-winst-van-het-sociaal-domein_def%20-%20Z22181619%20-%20321409.pdf","foi_nrPages":17},{"dc_format":"application/pdf","dc_identifier":"nl.gm1954.2c.2022.2833769-8.doc.6","dc_source":"https://api1.ibabs.eu/publicdownload.aspx?site=Beekdaelen&id=7d30a8a9-1910-4f99-b981-31070ceb69b5","dc_title":"Bijlage: Advies ASD Beekdaelen op participatieverordeningen 2023","dc_type":"bijlage","foi_fairiscoreVersions":{"v1":1,"v2":1},"foi_fileName":"Advies%20ASD%20Beekdaelen%20op%20participatieverordeningen%202023%20-%20Z22181619%20-%20321409%20-%20Advies%20Adviesraad.pdf","foi_nrPages":1},{"dc_format":"application/pdf","dc_identifier":"nl.gm1954.2c.2022.2833769-8.doc.1","dc_source":"https://api1.ibabs.eu/publicdownload.aspx?site=Beekdaelen&id=97cd4061-9cef-4fed-928b-fd55c46e213b","dc_title":"Raadsvoorstel Verordeningen Participatiewet 2023","dc_type":"bijlage","foi_fairiscoreVersions":{"v1":2,"v2":1},"foi_fileName":"Gewijzigd%20raadsvoorstel%20Verordeningen%20Participatiewet%202023%20-%20Z22181619%20-%20321443%20-%20Gewijzigd%20raa.pdf","foi_nrPages":5},{"dc_format":"application/pdf","dc_identifier":"nl.gm1954.2c.2022.2833769-8.doc.10","dc_source":"https://api1.ibabs.eu/publicdownload.aspx?site=Beekdaelen&id=563d628c-0bff-44b0-a765-f070caee3804","dc_title":"MvA technische voorvragen CDA mbt cie Sociaal B5 verordeningen Participatiewet","dc_type":"bijlage","foi_fairiscoreVersions":{"v1":1,"v2":1},"foi_fileName":"MvA%20technische%20voorvragen%20CDA%20mbt%20cie%20Sociaal%20B5%20verordeningen%20Participatiewet.pdf","foi_nrPages":2},{"dc_format":"application/pdf","dc_identifier":"nl.gm1954.2c.2022.2833769-8.doc.9","dc_source":"https://api1.ibabs.eu/publicdownload.aspx?site=Beekdaelen&id=b0ba32ec-458f-4f33-94a7-f0b1c6133849","dc_title":"MvA technische voorvragen VG mbt cie Sociaal B5 Verordeningen Participatiewet","dc_type":"bijlage","foi_fairiscoreVersions":{"v1":1,"v2":1},"foi_fileName":"MvA%20technische%20voorvragen%20VG%20mbt%20cie%20Sociaal%20B5%20Verordeningen%20Participatiewet.pdf","foi_nrPages":4},{"dc_format":"application/octet-stream","dc_identifier":"nl.gm1954.2c.2022.2833769-8.doc.11","dc_source":"https://api1.ibabs.eu/publicdownload.aspx?site=Beekdaelen&id=0de66b08-b73f-48be-9c22-6176f002f827","dc_title":"Geluidsopname B5 Verordeningen Participatiewet","dc_type":"bijlage","foi_fileName":"SLO%20B5%20Verordeningen%20Participatiewet.mp3"},{"dc_format":"application/pdf","dc_identifier":"nl.gm1954.2c.2022.2833769-8.doc.2","dc_source":"https://api1.ibabs.eu/publicdownload.aspx?site=Beekdaelen&id=32989b83-5d19-4978-80f7-ddc942a58292","dc_title":"Raadsbesluit Verordeningen 2023 Participatiewet, vastgesteld 20.12.2022","dc_type":"bijlage","foi_fairiscoreVersions":{"v1":1,"v2":1},"foi_fileName":"Z%2F22%2F181619%20-%20318351%20-%20Raadsbesluit%20Verordeningen%202023%20Participatiewet.pdf","foi_nrPages":1},{"dc_format":"application/pdf","dc_identifier":"nl.gm1954.2c.2022.2833769-8.doc.3","dc_source":"https://api1.ibabs.eu/publicdownload.aspx?site=Beekdaelen&id=792d710e-660e-4bfb-af74-b20b253a4d5c","dc_title":"Handhavingsverordening ISD Kompas 2023 gemeente Beekdaelen, vastgesteld 20.12.2022","dc_type":"bijlage","foi_fairiscoreVersions":{"v1":1,"v2":1},"foi_fileName":"Z%2F22%2F181619%20-%20318680%20-%20Handhavingsverordening%20ISD%20Kompas%202023%20gemeente%20Beekdaelen.pdf","foi_nrPages":2},{"dc_format":"application/pdf","dc_identifier":"nl.gm1954.2c.2022.2833769-8.doc.5","dc_source":"https://api1.ibabs.eu/publicdownload.aspx?site=Beekdaelen&id=6b878196-c0a2-4b38-98e7-f8cd22b0b5bb","dc_title":"Verordening Participatiewet, IOAW en IOAZ ISD Kompas 2023 gemeente Beekdaelen, vastgesteld 20.12.20222","dc_type":"bijlage","foi_fairiscoreVersions":{"v1":1,"v2":1},"foi_fileName":"Z%2F22%2F181619%20-%20318681%20-%20Verordening%20Participatiewet_%20IOAW%20en%20IOAZ%20ISD%20Kompas%202023%20gemeente%20Beekdaelen.pdf","foi_nrPages":4},{"dc_format":"application/pdf","dc_identifier":"nl.gm1954.2c.2022.2833769-8.doc.4","dc_source":"https://api1.ibabs.eu/publicdownload.aspx?site=Beekdaelen&id=166df761-8db6-44ee-967f-dfd1e1b6f451","dc_title":"Verordening Individuele inkomenstoeslag ISD Kompas 2023 gemeente Beekdaelen, vastgesteld 20.12.2022","dc_type":"bijlage","foi_fairiscoreVersions":{"v1":1,"v2":1},"foi_fileName":"Z%2F22%2F181619%20-%20318682%20-%20Verordening%20Individuele%20inkomenstoeslag%20ISD%20Kompas%202023%20gemeente%20Beekdaelen.pdf","foi_nrPages":2}],"foi_nrDocuments":11,"foi_nrPagesInDossier":39,"foi_publishedDate":"2022-12-06","foi_retrievedDate":"2025-11-30"},{"dc_creator":"HandelingScraper_v1","dc_date_year":2022,"dc_description":"Vergadering van de Gemeente Beekdaelen op 2022-12-06. Onderdeel: Motie gemeente Kerkrade m.b.t. haalbaarheidsonderzoek openbaar openluchtzwembad.","dc_identifier":"nl.gm1954.2c.2022.2833769-9","dc_publisher":"gm1954","dc_source":"https://beekdaelen.bestuurlijkeinformatie.nl/Agenda/Index/53c66c0d-bf76-47dd-96ac-3402a1505256","dc_title":"Raadscommissie Sociale Leefomgeving 2022-12-06 - Motie gemeente Kerkrade m.b.t. haalbaarheidsonderzoek openbaar openluchtzwembad","dc_type":"2c","dc_type_description":"Vergaderstuk decentrale overheid","foi_fairiscoreVersions":{"v1":2,"v2":2},"foi_files":[{"dc_format":"application/pdf","dc_identifier":"nl.gm1954.2c.2022.2833769-9.doc.1","dc_source":"https://api1.ibabs.eu/publicdownload.aspx?site=Beekdaelen&id=0cf54ec9-70a8-482a-9fcf-afd99194041d","dc_title":"Agenderingsverzoek BL inzake motie gemeente Kerkrade - haalbaarheidsonderzoek openluchtzwembad","dc_type":"bijlage","foi_fairiscoreVersions":{"v1":1,"v2":1},"foi_fileName":"Agenderingsverzoek%20BL%20inzake%20motie%20gemeente%20Kerkrade%20-%20haalbaarheidsonderzoek%20openluchtzwembad.pdf","foi_nrPages":1},{"dc_format":"application/pdf","dc_identifier":"nl.gm1954.2c.2022.2833769-9.doc.2","dc_source":"https://api1.ibabs.eu/publicdownload.aspx?site=Beekdaelen&id=f763777d-842e-4df7-83df-f4322ebfd479","dc_title":"Gemeente Kerkrade - Motie Parkstadonderzoek naar Parkstadbrede haalbaarheid openbaar openluchtzwembad","dc_type":"bijlage","foi_fairiscoreVersions":{"v1":2,"v2":2},"foi_fileName":"E.1%20Gemeente%20Kerkrade%20-%20Motie%20Parkstadonderzoek%20naar%20Parkstadbrede%20haalbaarheid%20openbaar%20openluchtzwembad.pdf","foi_nrPages":4},{"dc_format":"application/pdf","dc_identifier":"nl.gm1954.2c.2022.2833769-9.doc.3","dc_source":"https://api1.ibabs.eu/publicdownload.aspx?site=Beekdaelen&id=dde104c7-8675-4e3a-b923-05493595e60d","dc_title":"MvA technische voorvragen BL mbt cie Sociaal B6 Motie Kerkrade openluchtzwembad","dc_type":"bijlage","foi_fairiscoreVersions":{"v1":1,"v2":1},"foi_fileName":"MvA%20technische%20voorvragen%20BL%20mbt%20cie%20Sociaal%20B6%20Motie%20Kerkrade%20openluchtzwembad.pdf","foi_nrPages":2},{"dc_format":"application/octet-stream","dc_identifier":"nl.gm1954.2c.2022.2833769-9.doc.4","dc_source":"https://api1.ibabs.eu/publicdownload.aspx?site=Beekdaelen&id=1dbb70d1-eebb-4a84-8af1-1249876ffb0a","dc_title":"Geluidsopname B6 (zwembad) en C Rondvraag","dc_type":"bijlage","foi_fileName":"SLO%20B6%20%28zwembad%29%20en%20C%20Rondvraag.mp3"},{"dc_format":"application/pdf","dc_identifier":"nl.gm1954.2c.2022.2833769-9.doc.5","dc_source":"https://api1.ibabs.eu/publicdownload.aspx?site=Beekdaelen&id=cde6c84d-2a12-4393-aa82-c3ce17fc46a0","dc_title":"Terugkoppeling motie openluchtzwembad","dc_type":"bijlage","foi_fairiscoreVersions":{"v1":1,"v2":1},"foi_fileName":"Terugkoppeling%20motie%20openluchtzwembad.pdf","foi_nrPages":1}],"foi_nrDocuments":5,"foi_nrPagesInDossier":8,"foi_publishedDate":"2022-12-06","foi_retrievedDate":"2025-12-01"},{"dc_creator":"HandelingScraper_v1","dc_date_year":2022,"dc_description":"Vergadering van de Gemeente Beekdaelen op 2022-12-07. Onderdeel: Agenda (045 -CAL-AWACS-2022).","dc_identifier":"nl.gm1954.2c.2022.2833849-1","dc_publisher":"gm1954","dc_source":"https://beekdaelen.bestuurlijkeinformatie.nl/Agenda/Index/af28bce2-bd9c-4687-9fa2-f71c30a2d68b","dc_title":"BDN Commissie AWACS Limburg 2022-12-07 - Agenda (045 -CAL-AWACS-2022)","dc_type":"2c","dc_type_description":"Vergaderstuk decentrale overheid","foi_fairiscoreVersions":{"v1":1,"v2":1},"foi_files":[{"dc_format":"application/pdf","dc_identifier":"nl.gm1954.2c.2022.2833849-1.doc.1","dc_source":"https://api1.ibabs.eu/publicdownload.aspx?site=Beekdaelen&id=5f762057-ddb0-4236-8f2e-17873fa552d4","dc_title":"045-CAL-AWACS-2022-concept-agenda.v.07-12-22","dc_type":"bijlage","foi_fairiscoreVersions":{"v1":1,"v2":1},"foi_fileName":"045-CAL-AWACS-2022-concept-agenda.v.07-12-22.pdf","foi_nrPages":2}],"foi_nrDocuments":1,"foi_nrPagesInDossier":2,"foi_publishedDate":"2022-12-07","foi_retrievedDate":"2025-12-02"},{"dc_creator":"HandelingScraper_v1","dc_date_year":2022,"dc_description":"Vergadering van de Gemeente Beekdaelen op 2022-12-07. Onderdeel: Concept-verslag en actielijst (046 -CAL-AWACS-2022).","dc_identifier":"nl.gm1954.2c.2022.2833849-2","dc_publisher":"gm1954","dc_source":"https://beekdaelen.bestuurlijkeinformatie.nl/Agenda/Index/af28bce2-bd9c-4687-9fa2-f71c30a2d68b","dc_title":"BDN Commissie AWACS Limburg 2022-12-07 - Concept-verslag en actielijst (046 -CAL-AWACS-2022)","dc_type":"2c","dc_type_description":"Vergaderstuk decentrale overheid","foi_fairiscoreVersions":{"v1":2,"v2":1},"foi_files":[{"dc_format":"application/pdf","dc_identifier":"nl.gm1954.2c.2022.2833849-2.doc.1","dc_source":"https://api1.ibabs.eu/publicdownload.aspx?site=Beekdaelen&id=24c25dd7-eaff-4f30-ad01-f541399a55ab","dc_title":"046-CAL-AWACS-2022 concept-verslag v. 15-11-2022","dc_type":"bijlage","foi_fairiscoreVersions":{"v1":2,"v2":1},"foi_fileName":"046-CAL-AWACS-2022%20concept-verslag%20v.%2015-11-2022.pdf","foi_nrPages":4}],"foi_nrDocuments":1,"foi_nrPagesInDossier":4,"foi_publishedDate":"2022-12-07","foi_retrievedDate":"2026-02-05"},{"dc_creator":"HandelingScraper_v1","dc_date_year":2022,"dc_description":"Vergadering van de Gemeente Beekdaelen op 2022-12-07. Onderdeel: Dagblad de Limburger, 4-11-2022 artikel over slaaponderzoek en geluidsbelasting (047-CALAWACS- 2022).","dc_identifier":"nl.gm1954.2c.2022.2833849-3","dc_publisher":"gm1954","dc_source":"https://beekdaelen.bestuurlijkeinformatie.nl/Agenda/Index/af28bce2-bd9c-4687-9fa2-f71c30a2d68b","dc_title":"BDN Commissie AWACS Limburg 2022-12-07 - Dagblad de Limburger, 4-11-2022 artikel over slaaponderzoek en geluidsbelasting (047-CALAWACS- 2022)","dc_type":"2c","dc_type_description":"Vergaderstuk decentrale overheid","foi_fairiscoreVersions":{"v1":2,"v2":1},"foi_files":[{"dc_format":"application/pdf","dc_identifier":"nl.gm1954.2c.2022.2833849-3.doc.1","dc_source":"https://api1.ibabs.eu/publicdownload.aspx?site=Beekdaelen&id=8dff36ae-04b6-4ce6-935b-b32965dc1503","dc_title":"047-CAL-AWACS-2022-DDL 4-11-2022 Onderzoek GGD","dc_type":"bijlage","foi_fairiscoreVersions":{"v1":2,"v2":1},"foi_fileName":"047-CAL-AWACS-2022-DDL%204-11-2022%20Onderzoek%20GGD.pdf","foi_nrPages":7}],"foi_nrDocuments":1,"foi_nrPagesInDossier":7,"foi_publishedDate":"2022-12-07","foi_retrievedDate":"2026-02-05"},{"dc_creator":"HandelingScraper_v1","dc_date_year":2022,"dc_description":"Vergadering van de Gemeente Beekdaelen op 2022-12-07. Onderdeel: Kamerbrief voortgang Programmatische Aanpak Meten Vliegtuiggeluid en Doc29 regionale luchthavens en bijbehorende documenten  (048-CAL-AWACS-2022).","dc_identifier":"nl.gm1954.2c.2022.2833849-4","dc_publisher":"gm1954","dc_source":"https://beekdaelen.bestuurlijkeinformatie.nl/Agenda/Index/af28bce2-bd9c-4687-9fa2-f71c30a2d68b","dc_title":"BDN Commissie AWACS Limburg 2022-12-07 - Kamerbrief voortgang Programmatische Aanpak Meten Vliegtuiggeluid en Doc29 regionale luchthavens en bijbehorende documenten  (048-CAL-AWACS-2022)","dc_type":"2c","dc_type_description":"Vergaderstuk decentrale overheid","foi_fairiscoreVersions":{"v1":1,"v2":1},"foi_files":[{"dc_format":"application/pdf","dc_identifier":"nl.gm1954.2c.2022.2833849-4.doc.1","dc_source":"https://api1.ibabs.eu/publicdownload.aspx?site=Beekdaelen&id=dcfc7135-9685-456f-9a38-b5680c3266d0","dc_title":"048-CAL-AWACS-2022-kamerbrief vliegtuiggeleid","dc_type":"bijlage","foi_fairiscoreVersions":{"v1":1,"v2":1},"foi_fileName":"048-CAL-AWACS-2022-kamerbrief%20vliegtuiggeleid.pdf","foi_nrPages":6}],"foi_nrDocuments":1,"foi_nrPagesInDossier":6,"foi_publishedDate":"2022-12-07","foi_retrievedDate":"2026-02-05"},{"dc_creator":"HandelingScraper_v1","dc_date_year":2022,"dc_description":"Vergadering van de Gemeente Beekdaelen op 2022-12-07. Onderdeel: Agendering brief GS op verzoek van dhr. Kockelkoren (038-CAL-AWACS-2022).","dc_identifier":"nl.gm1954.2c.2022.2833849-5","dc_publisher":"gm1954","dc_source":"https://beekdaelen.bestuurlijkeinformatie.nl/Agenda/Index/af28bce2-bd9c-4687-9fa2-f71c30a2d68b","dc_title":"BDN Commissie AWACS Limburg 2022-12-07 - Agendering brief GS op verzoek van dhr. Kockelkoren (038-CAL-AWACS-2022)","dc_type":"2c","dc_type_description":"Vergaderstuk decentrale overheid","foi_fairiscoreVersions":{"v1":1,"v2":1},"foi_files":[{"dc_format":"application/pdf","dc_identifier":"nl.gm1954.2c.2022.2833849-5.doc.1","dc_source":"https://api1.ibabs.eu/publicdownload.aspx?site=Beekdaelen&id=a9dcd4d5-9a57-43d7-964b-aa5ff987c066","dc_title":"038-CAL-AWACS-2022-Brief GS aan PS","dc_type":"bijlage","foi_fairiscoreVersions":{"v1":1,"v2":1},"foi_fileName":"038-CAL-AWACS-2022-Brief%20GS%20aan%20PS.pdf","foi_nrPages":5}],"foi_nrDocuments":1,"foi_nrPagesInDossier":5,"foi_publishedDate":"2022-12-07","foi_retrievedDate":"2026-01-22"},{"dc_creator":"HandelingScraper_v1","dc_date_year":2022,"dc_description":"Vergadering van de Gemeente Beekdaelen op 2022-12-07. Onderdeel: Halfjaarrapportage vliegbaanbewaking vliegbasis Geilenkirchen eerste halfjaar 2022 / korte toelichting door DEF/I&W (049-CAL-AWACS-2022).","dc_identifier":"nl.gm1954.2c.2022.2833849-6","dc_publisher":"gm1954","dc_source":"https://beekdaelen.bestuurlijkeinformatie.nl/Agenda/Index/af28bce2-bd9c-4687-9fa2-f71c30a2d68b","dc_title":"BDN Commissie AWACS Limburg 2022-12-07 - Halfjaarrapportage vliegbaanbewaking vliegbasis Geilenkirchen eerste halfjaar 2022 / korte toelichting door DEF/I&W (049-CAL-AWACS-2022)","dc_type":"2c","dc_type_description":"Vergaderstuk decentrale overheid","foi_fairiscoreVersions":{"v1":null,"v2":null},"foi_files":[{"dc_format":"application/pdf","dc_identifier":"nl.gm1954.2c.2022.2833849-6.doc.1","dc_source":"https://api1.ibabs.eu/publicdownload.aspx?site=Beekdaelen&id=33af563a-a2d3-4a90-b3f9-9daeb477be5c","dc_title":"049-CAL-AWACS-2022-1e halfjaarrapportage 2022 NLR","dc_type":"bijlage","foi_fileName":"049-CAL-AWACS-2022-1e%20halfjaarrapportage%202022%20NLR.pdf"}],"foi_nrDocuments":1,"foi_nrPagesInDossier":0,"foi_publishedDate":"2022-12-07","foi_retrievedDate":"2025-11-30"},{"dc_creator":"HandelingScraper_v1","dc_date_year":2022,"dc_description":"Vergadering van de Gemeente Beekdaelen op 2022-12-07. Onderdeel: Overzicht klachten 3e kwartaal 2022 (050-CAL-AWACS-2022).","dc_identifier":"nl.gm1954.2c.2022.2833849-7","dc_publisher":"gm1954","dc_source":"https://beekdaelen.bestuurlijkeinformatie.nl/Agenda/Index/af28bce2-bd9c-4687-9fa2-f71c30a2d68b","dc_title":"BDN Commissie AWACS Limburg 2022-12-07 - Overzicht klachten 3e kwartaal 2022 (050-CAL-AWACS-2022)","dc_type":"2c","dc_type_description":"Vergaderstuk decentrale overheid","foi_fairiscoreVersions":{"v1":null,"v2":null},"foi_files":[{"dc_format":"application/pdf","dc_identifier":"nl.gm1954.2c.2022.2833849-7.doc.1","dc_source":"https://api1.ibabs.eu/publicdownload.aspx?site=Beekdaelen&id=1bdd160a-9ff5-4b35-ae76-3c177a2e2675","dc_title":"050-CAL-AWACS-2022-klachten 3e kwartaal","dc_type":"bijlage","foi_fileName":"050-CAL-AWACS-2022-klachten%203e%20kwartaal.pdf"}],"foi_nrDocuments":1,"foi_nrPagesInDossier":0,"foi_publishedDate":"2022-12-07","foi_retrievedDate":"2025-11-30"},{"dc_creator":"HandelingScraper_v1","dc_date_year":2022,"dc_description":"Vergadering van de Gemeente Beekdaelen op 2022-12-07. Onderdeel: Woonkernoffenders 3e kwartaal 2022 (051-CAL-AWACS-2022).","dc_identifier":"nl.gm1954.2c.2022.2833849-8","dc_publisher":"gm1954","dc_source":"https://beekdaelen.bestuurlijkeinformatie.nl/Agenda/Index/af28bce2-bd9c-4687-9fa2-f71c30a2d68b","dc_title":"BDN Commissie AWACS Limburg 2022-12-07 - Woonkernoffenders 3e kwartaal 2022 (051-CAL-AWACS-2022)","dc_type":"2c","dc_type_description":"Vergaderstuk decentrale overheid","foi_fairiscoreVersions":{"v1":1,"v2":1},"foi_files":[{"dc_format":"application/pdf","dc_identifier":"nl.gm1954.2c.2022.2833849-8.doc.1","dc_source":"https://api1.ibabs.eu/publicdownload.aspx?site=Beekdaelen&id=303b6470-8340-435f-81e9-7e6059f66769","dc_title":"051-CAL-AWACS-2022-woonkernoffenders 3e kw","dc_type":"bijlage","foi_fairiscoreVersions":{"v1":1,"v2":1},"foi_fileName":"051-CAL-AWACS-2022-woonkernoffenders%203e%20kw.pdf","foi_nrPages":6}],"foi_nrDocuments":1,"foi_nrPagesInDossier":6,"foi_publishedDate":"2022-12-07","foi_retrievedDate":"2026-02-05"},{"dc_creator":"HandelingScraper_v1","dc_date_year":2022,"dc_description":"Vergadering van de Gemeente Beekdaelen op 2022-12-07. Onderdeel: Algemeen.","dc_identifier":"nl.gm1954.2c.2022.2833868-1","dc_publisher":"gm1954","dc_source":"https://beekdaelen.bestuurlijkeinformatie.nl/Agenda/Index/28e42eb8-edd0-4c37-8ff8-2674f5b21303","dc_title":"Raadscommissie Bestuur en Middelen 2022-12-07 - Algemeen","dc_type":"2c","dc_type_description":"Vergaderstuk decentrale overheid","foi_fairiscoreVersions":{"v1":1,"v2":1},"foi_files":[{"dc_format":"application/pdf","dc_identifier":"nl.gm1954.2c.2022.2833868-1.doc.3","dc_source":"https://api1.ibabs.eu/publicdownload.aspx?site=Beekdaelen&id=aaa8552d-daf2-4c05-95cb-a8d7d2e1eb70","dc_title":"Technische voorvragen CDA cie B&M 07.12.2022","dc_type":"bijlage","foi_fairiscoreVersions":{"v1":1,"v2":1},"foi_fileName":"Technische%20voorvragen%20CDA%20cie%20B%26M%2007122022.pdf","foi_nrPages":1},{"dc_format":"application/pdf","dc_identifier":"nl.gm1954.2c.2022.2833868-1.doc.2","dc_source":"https://api1.ibabs.eu/publicdownload.aspx?site=Beekdaelen&id=076d9582-5e48-4f0a-a649-a06b945d518b","dc_title":"Technische voorvragen GL cie B&M 07.12.2022","dc_type":"bijlage","foi_fairiscoreVersions":{"v1":1,"v2":1},"foi_fileName":"Technische%20voorvragen%20GL%20cie%20B%26M%2007122022.pdf","foi_nrPages":1},{"dc_format":"application/pdf","dc_identifier":"nl.gm1954.2c.2022.2833868-1.doc.4","dc_source":"https://api1.ibabs.eu/publicdownload.aspx?site=Beekdaelen&id=c1c3233e-2834-4a8c-ba61-7b148366df1f","dc_title":"Technische voorvragen PvdA cie B&M 07.12.2022","dc_type":"bijlage","foi_fairiscoreVersions":{"v1":1,"v2":1},"foi_fileName":"Technische%20voorvragen%20PvdA%20cie%20B%26M%2007122022.pdf","foi_nrPages":1},{"dc_format":"application/pdf","dc_identifier":"nl.gm1954.2c.2022.2833868-1.doc.1","dc_source":"https://api1.ibabs.eu/publicdownload.aspx?site=Beekdaelen&id=da63d873-cdde-485f-870f-4d0fec25f57b","dc_title":"Technische voorvragen VG cie B&M 07.12.2022","dc_type":"bijlage","foi_fairiscoreVersions":{"v1":1,"v2":1},"foi_fileName":"Technische%20voorvragen%20VG%20cie%20B%26M%2007122022.pdf","foi_nrPages":2},{"dc_format":"application/pdf","dc_identifier":"nl.gm1954.2c.2022.2833868-1.doc.5","dc_source":"https://api1.ibabs.eu/publicdownload.aspx?site=Beekdaelen&id=26fa725c-cdbe-4c31-bd58-98d22724977e","dc_title":"Technische voorvragen VG cie B&M 07.12.2022 (aanvullend)","dc_type":"bijlage","foi_fairiscoreVersions":{"v1":1,"v2":1},"foi_fileName":"Technische%20voorvragen%20VG%20cie%20B%26M%2007122022%20%28aanvullend%29.pdf","foi_nrPages":1}],"foi_nrDocuments":5,"foi_nrPagesInDossier":6,"foi_publishedDate":"2022-12-07","foi_retrievedDate":"2026-02-05"},{"dc_creator":"HandelingScraper_v1","dc_date_year":2022,"dc_description":"Vergadering van de Gemeente Beekdaelen op 2022-12-07. Onderdeel: Rondvraag Bestuur en Middelen.","dc_identifier":"nl.gm1954.2c.2022.2833868-10","dc_publisher":"gm1954","dc_source":"https://beekdaelen.bestuurlijkeinformatie.nl/Agenda/Index/28e42eb8-edd0-4c37-8ff8-2674f5b21303","dc_title":"Raadscommissie Bestuur en Middelen 2022-12-07 - Rondvraag Bestuur en Middelen","dc_type":"2c","dc_type_description":"Vergaderstuk decentrale overheid","foi_fairiscoreVersions":{"v1":1,"v2":1},"foi_files":[{"dc_format":"application/octet-stream","dc_identifier":"nl.gm1954.2c.2022.2833868-10.doc.3","dc_source":"https://api1.ibabs.eu/publicdownload.aspx?site=Beekdaelen&id=501d4568-adf2-49b4-a0e9-a8b73013c516","dc_title":"Geluidsopname B4 APV en C rondvraag","dc_type":"bijlage","foi_fileName":"B%26M%20B4%20APV%20en%20C%20rondvraag.mp3"},{"dc_format":"application/pdf","dc_identifier":"nl.gm1954.2c.2022.2833868-10.doc.2","dc_source":"https://api1.ibabs.eu/publicdownload.aspx?site=Beekdaelen&id=de2d86a9-e44f-4d2a-b637-a083f5fa29f3","dc_title":"MvA t.b.v. rondvraag VG inzake voorzitter RKC","dc_type":"bijlage","foi_fairiscoreVersions":{"v1":1,"v2":1},"foi_fileName":"Memorie%20van%20antwoord%20t.b.v.%20rondvraag%20VG%20inzake%20voorzitter%20RKC.pdf","foi_nrPages":2},{"dc_format":"application/pdf","dc_identifier":"nl.gm1954.2c.2022.2833868-10.doc.1","dc_source":"https://api1.ibabs.eu/publicdownload.aspx?site=Beekdaelen&id=89ec3da7-5abd-4659-97d3-d496eb127b24","dc_title":"MvA technische voorvragen GL inzake C Rondvraag","dc_type":"bijlage","foi_fairiscoreVersions":{"v1":1,"v2":1},"foi_fileName":"MvA%20technische%20voorvragen%20GL%20inzake%20C%20Rondvraag.pdf","foi_nrPages":1}],"foi_nrDocuments":3,"foi_nrPagesInDossier":3,"foi_publishedDate":"2022-12-07","foi_retrievedDate":"2026-03-04"},{"dc_creator":"HandelingScraper_v1","dc_date_year":2022,"dc_description":"Vergadering van de Gemeente Beekdaelen op 2022-12-07. Onderdeel: Opening, mededelingen voorzitter en vaststellen agenda..","dc_identifier":"nl.gm1954.2c.2022.2833868-2","dc_publisher":"gm1954","dc_source":"https://beekdaelen.bestuurlijkeinformatie.nl/Agenda/Index/28e42eb8-edd0-4c37-8ff8-2674f5b21303","dc_title":"Raadscommissie Bestuur en Middelen 2022-12-07 - Opening, mededelingen voorzitter en vaststellen agenda.","dc_type":"2c","dc_type_description":"Vergaderstuk decentrale overheid","foi_fairiscoreVersions":{"v1":1,"v2":1},"foi_files":[{"dc_format":"application/octet-stream","dc_identifier":"nl.gm1954.2c.2022.2833868-2.doc.3","dc_source":"https://api1.ibabs.eu/publicdownload.aspx?site=Beekdaelen&id=8f1007d4-fd76-4e67-a645-137bdba92dbb","dc_title":"Geluidsopname A1 opening, meded. agenda.mp3","dc_type":"bijlage","foi_fileName":"B%26M%20A1%20opening_%20meded.%20agenda.mp3"},{"dc_format":"application/pdf","dc_identifier":"nl.gm1954.2c.2022.2833868-2.doc.1","dc_source":"https://api1.ibabs.eu/publicdownload.aspx?site=Beekdaelen&id=305d84f5-340f-4bc8-8190-e0f0f6b4948f","dc_title":"Uitnodiging en voorlopige agenda cie Bestuur & Middelen 07122022","dc_type":"bijlage","foi_fairiscoreVersions":{"v1":1,"v2":1},"foi_fileName":"Uitnodiging%20en%20voorlopige%20agenda%20cie%20Bestuur%20%26%20Middelen%2007122022.pdf","foi_nrPages":1},{"dc_format":"application/pdf","dc_identifier":"nl.gm1954.2c.2022.2833868-2.doc.2","dc_source":"https://api1.ibabs.eu/publicdownload.aspx?site=Beekdaelen&id=cdc7b8bb-1ee4-429e-8c13-e9cbda9db79b","dc_title":"Vastgestelde agenda raadscie. Bestuur en Middelen 07122022","dc_type":"bijlage","foi_fairiscoreVersions":{"v1":1,"v2":1},"foi_fileName":"Vastgestelde%20agenda%20raadscie.pdf","foi_nrPages":1}],"foi_nrDocuments":3,"foi_nrPagesInDossier":2,"foi_publishedDate":"2022-12-07","foi_retrievedDate":"2026-02-05"},{"dc_creator":"HandelingScraper_v1","dc_date_year":2022,"dc_description":"Vergadering van de Gemeente Beekdaelen op 2022-12-07. Onderdeel: Korte presentatie/kennismaking met Streetwise.","dc_identifier":"nl.gm1954.2c.2022.2833868-3","dc_publisher":"gm1954","dc_source":"https://beekdaelen.bestuurlijkeinformatie.nl/Agenda/Index/28e42eb8-edd0-4c37-8ff8-2674f5b21303","dc_title":"Raadscommissie Bestuur en Middelen 2022-12-07 - Korte presentatie/kennismaking met Streetwise","dc_type":"2c","dc_type_description":"Vergaderstuk decentrale overheid","foi_fairiscoreVersions":{"v1":2,"v2":2},"foi_files":[{"dc_format":"application/octet-stream","dc_identifier":"nl.gm1954.2c.2022.2833868-3.doc.3","dc_source":"https://api1.ibabs.eu/publicdownload.aspx?site=Beekdaelen&id=af3dabeb-bc7f-4f92-80fd-f79cfe7c9934","dc_title":"Geluidsopname A1a presentatie Streetwise.mp3","dc_type":"bijlage","foi_fileName":"B%26M%20A1a%20presentatie%20Streetwise.mp3","foi_nrPages":1},{"dc_format":"application/pdf","dc_identifier":"nl.gm1954.2c.2022.2833868-3.doc.1","dc_source":"https://api1.ibabs.eu/publicdownload.aspx?site=Beekdaelen&id=91e355a9-1c23-4d0d-9f4f-81a10149a262","dc_title":"Format Streetwise","dc_type":"bijlage","foi_fairiscoreVersions":{"v1":1,"v2":1},"foi_fileName":"Format%20Streetwise.pdf","foi_nrPages":2},{"dc_format":"application/pdf","dc_identifier":"nl.gm1954.2c.2022.2833868-3.doc.2","dc_source":"https://api1.ibabs.eu/publicdownload.aspx?site=Beekdaelen&id=5b0b7143-8108-4168-8e65-1ea23e89e0ea","dc_title":"Streetwise - Evaluatie Parkstad 2021","dc_type":"bijlage","foi_fairiscoreVersions":{"v1":3,"v2":3},"foi_fileName":"Streetwise%20-%20Evaluatie%20Parkstad%202021.pdf","foi_nrPages":32}],"foi_nrDocuments":3,"foi_nrPagesInDossier":35,"foi_publishedDate":"2022-12-07","foi_retrievedDate":"2026-03-07"},{"dc_creator":"HandelingScraper_v1","dc_date_year":2022,"dc_description":"Vergadering van de Gemeente Beekdaelen op 2022-12-07. Onderdeel: Vaststellen actiepuntenlijst van de raadscommissie Bestuur en Middelen d.d. 21-09-2022.","dc_identifier":"nl.gm1954.2c.2022.2833868-4","dc_publisher":"gm1954","dc_source":"https://beekdaelen.bestuurlijkeinformatie.nl/Agenda/Index/28e42eb8-edd0-4c37-8ff8-2674f5b21303","dc_title":"Raadscommissie Bestuur en Middelen 2022-12-07 - Vaststellen actiepuntenlijst van de raadscommissie Bestuur en Middelen d.d. 21-09-2022","dc_type":"2c","dc_type_description":"Vergaderstuk decentrale overheid","foi_fairiscoreVersions":{"v1":1,"v2":1},"foi_files":[{"dc_format":"application/pdf","dc_identifier":"nl.gm1954.2c.2022.2833868-4.doc.1","dc_source":"https://api1.ibabs.eu/publicdownload.aspx?site=Beekdaelen&id=1565e053-f8d7-47d2-b2e7-f5a1ff684d4e","dc_title":"Actiepuntenlijst cie Bestuur en Middelen dd 21.09.2022 - vastgesteld 07.12.2022","dc_type":"bijlage","foi_fairiscoreVersions":{"v1":1,"v2":1},"foi_fileName":"Actiepuntenlijst%20cie%20Bestuur%20en%20Middelen%20dd%2021092022%20-%20CONCEPT.pdf","foi_nrPages":4},{"dc_format":"application/octet-stream","dc_identifier":"nl.gm1954.2c.2022.2833868-4.doc.2","dc_source":"https://api1.ibabs.eu/publicdownload.aspx?site=Beekdaelen&id=41d366b8-686e-4284-891a-2fd831d4cefb","dc_title":"Geluidsopname A2, A3.1 act.p.lijst en A3.2 lijst toez.mp3","dc_type":"bijlage","foi_fileName":"B%26M%20A2_%20A3.1%20act.p.lijst%20en%20A3.2%20lijst%20toez.mp3"}],"foi_nrDocuments":2,"foi_nrPagesInDossier":4,"foi_publishedDate":"2022-12-07","foi_retrievedDate":"2026-03-03"},{"dc_creator":"HandelingScraper_v1","dc_date_year":2022,"dc_description":"Vergadering van de Gemeente Beekdaelen op 2022-12-07. Onderdeel: Vaststellen lijst van toezeggingen van de raadscommissie Bestuur & Middelen.","dc_identifier":"nl.gm1954.2c.2022.2833868-5","dc_publisher":"gm1954","dc_source":"https://beekdaelen.bestuurlijkeinformatie.nl/Agenda/Index/28e42eb8-edd0-4c37-8ff8-2674f5b21303","dc_title":"Raadscommissie Bestuur en Middelen 2022-12-07 - Vaststellen lijst van toezeggingen van de raadscommissie Bestuur & Middelen","dc_type":"2c","dc_type_description":"Vergaderstuk decentrale overheid","foi_fairiscoreVersions":{"v1":1,"v2":1},"foi_files":[{"dc_format":"application/octet-stream","dc_identifier":"nl.gm1954.2c.2022.2833868-5.doc.2","dc_source":"https://api1.ibabs.eu/publicdownload.aspx?site=Beekdaelen&id=97fbc2c1-e5d8-46d4-8b20-c3e4521ce0c8","dc_title":"Geluidsopname  A2, A3.1 act.p.lijst en A3.2 lijst toez.mp3","dc_type":"bijlage","foi_fileName":"B%26M%20A2_%20A3.1%20act.p.lijst%20en%20A3.2%20lijst%20toez.mp3"},{"dc_format":"application/pdf","dc_identifier":"nl.gm1954.2c.2022.2833868-5.doc.1","dc_source":"https://api1.ibabs.eu/publicdownload.aspx?site=Beekdaelen&id=3ba430a8-cdfa-4113-8fd0-505691498590","dc_title":"Lijst stand van zaken afhandeling toezeggingen Bestuur en Middelen - 17112022 bijgewerkt griffie","dc_type":"bijlage","foi_fairiscoreVersions":{"v1":1,"v2":1},"foi_fileName":"Lijst%20stavaza%20afhandeling%20toezeggingen%20Bestuur%20en%20Middelen%20-%2017112022%20bijgewerkt%20griffie.pdf","foi_nrPages":6}],"foi_nrDocuments":2,"foi_nrPagesInDossier":6,"foi_publishedDate":"2022-12-07","foi_retrievedDate":"2025-11-30"},{"dc_creator":"HandelingScraper_v1","dc_date_year":2022,"dc_description":"Vergadering van de Gemeente Beekdaelen op 2022-12-07. Onderdeel: Raadsvoorstel inzake \"Tweede Bestuursrapportage 2022 gemeente Beekdaelen\".","dc_identifier":"nl.gm1954.2c.2022.2833868-6","dc_publisher":"gm1954","dc_source":"https://beekdaelen.bestuurlijkeinformatie.nl/Agenda/Index/28e42eb8-edd0-4c37-8ff8-2674f5b21303","dc_title":"Raadscommissie Bestuur en Middelen 2022-12-07 - Raadsvoorstel inzake \"Tweede Bestuursrapportage 2022 gemeente Beekdaelen\"","dc_type":"2c","dc_type_description":"Vergaderstuk decentrale overheid","foi_fairiscoreVersions":{"v1":2,"v2":2},"foi_files":[{"dc_format":"application/pdf","dc_identifier":"nl.gm1954.2c.2022.2833868-6.doc.2","dc_source":"https://api1.ibabs.eu/publicdownload.aspx?site=Beekdaelen&id=47127c01-1220-4d65-bd31-98da0b03ebd0","dc_title":"Bijlage 1: Burap II-2022","dc_type":"bijlage","foi_fairiscoreVersions":{"v1":2,"v2":2},"foi_fileName":"2e%20bestuursrapportage%202022.pdf%20-%20Z22182674%20-%20321764%20-%20Burap%20II-2022.PDF","foi_nrPages":63},{"dc_format":"application/pdf","dc_identifier":"nl.gm1954.2c.2022.2833868-6.doc.1","dc_source":"https://api1.ibabs.eu/publicdownload.aspx?site=Beekdaelen&id=981594cb-e661-40b4-ab24-4614199b176d","dc_title":"Raadsvoorstel Burap II-2022","dc_type":"bijlage","foi_fairiscoreVersions":{"v1":1,"v2":1},"foi_fileName":"321225_1.DOCX%20-%20Z22182674%20-%20321225%20-%20Raadsvoorstel%20Burap%20II-2022.pdf","foi_nrPages":3},{"dc_format":"application/pdf","dc_identifier":"nl.gm1954.2c.2022.2833868-6.doc.3","dc_source":"https://api1.ibabs.eu/publicdownload.aspx?site=Beekdaelen&id=4210707c-209d-4d8b-9082-fc63cbba285b","dc_title":"Bijlage 2: Raadsbesluit Burap II-2022","dc_type":"bijlage","foi_fairiscoreVersions":{"v1":1,"v2":1},"foi_fileName":"321228_1.DOCX%20-%20Z22182674%20-%20321228%20-%20Raadsbesluit%20Burap%20II-2022.pdf","foi_nrPages":1},{"dc_format":"application/octet-stream","dc_identifier":"nl.gm1954.2c.2022.2833868-6.doc.11","dc_source":"https://api1.ibabs.eu/publicdownload.aspx?site=Beekdaelen&id=56b299f5-d986-4dd8-a6b8-8c47c0b1c0dc","dc_title":"Geluidsopname B1 Tweede Burap gecomprineerd","dc_type":"bijlage","foi_fileName":"B%26M%20B1%20Tweede%20Burap%20gecomprineerd.mp3"},{"dc_format":"application/pdf","dc_identifier":"nl.gm1954.2c.2022.2833868-6.doc.4","dc_source":"https://api1.ibabs.eu/publicdownload.aspx?site=Beekdaelen&id=a39fffa8-d76c-48cc-94eb-d9a40b542f55","dc_title":"Bijlage 3: Begrotingswijzigingen behorende bij Burap II 2022","dc_type":"bijlage","foi_fairiscoreVersions":{"v1":1,"v2":1},"foi_fileName":"Begrotingswijziging%206%20BURAP-II%202022.pdf%20-%20Z22182674%20-%20321765%20-%20Begrotingswijziging%20Burap%20II-2022.PDF","foi_nrPages":1},{"dc_format":"application/pdf","dc_identifier":"nl.gm1954.2c.2022.2833868-6.doc.7","dc_source":"https://api1.ibabs.eu/publicdownload.aspx?site=Beekdaelen&id=22f114da-4e85-4ae0-9d52-6a8d4cd33a86","dc_title":"MvA technische voorvragen CDA inzake B1 Burap","dc_type":"bijlage","foi_fairiscoreVersions":{"v1":1,"v2":1},"foi_fileName":"MvA%20technische%20voorvragen%20CDA%20inzake%20B1%20Burap.pdf","foi_nrPages":4},{"dc_format":"application/pdf","dc_identifier":"nl.gm1954.2c.2022.2833868-6.doc.8","dc_source":"https://api1.ibabs.eu/publicdownload.aspx?site=Beekdaelen&id=8d99ee0c-ef41-462b-8604-ac56807aed91","dc_title":"MvA technische voorvragen GL inzake B1 Burap","dc_type":"bijlage","foi_fairiscoreVersions":{"v1":1,"v2":1},"foi_fileName":"MvA%20technische%20voorvragen%20GL%20inzake%20B1%20Burap.pdf","foi_nrPages":1},{"dc_format":"application/pdf","dc_identifier":"nl.gm1954.2c.2022.2833868-6.doc.6","dc_source":"https://api1.ibabs.eu/publicdownload.aspx?site=Beekdaelen&id=e1238053-c140-4973-b2a7-7857f6217ff0","dc_title":"MvA technische voorvragen PvdA inzake B1 Burap","dc_type":"bijlage","foi_fairiscoreVersions":{"v1":1,"v2":1},"foi_fileName":"MvA%20technische%20voorvragen%20PvdA%20inzake%20B1%20Burap.pdf","foi_nrPages":2},{"dc_format":"application/pdf","dc_identifier":"nl.gm1954.2c.2022.2833868-6.doc.9","dc_source":"https://api1.ibabs.eu/publicdownload.aspx?site=Beekdaelen&id=427c9945-f2c5-42f5-8c65-11e8771e7907","dc_title":"MvA technische voorvragen VG inzake B1 Burap","dc_type":"bijlage","foi_fairiscoreVersions":{"v1":1,"v2":1},"foi_fileName":"MvA%20technische%20voorvragen%20VG%20inzake%20B1%20Burap.pdf","foi_nrPages":5},{"dc_format":"application/pdf","dc_identifier":"nl.gm1954.2c.2022.2833868-6.doc.10","dc_source":"https://api1.ibabs.eu/publicdownload.aspx?site=Beekdaelen&id=507f80a4-d116-4746-aeab-a504c274324b","dc_title":"MvA technische voorvragen VG inzake B1 Burap (aanvullend)","dc_type":"bijlage","foi_fairiscoreVersions":{"v1":1,"v2":1},"foi_fileName":"MvA%20technische%20voorvragen%20VG%20inzake%20B1%20Burap%20%28aanvullend%29.pdf","foi_nrPages":1},{"dc_format":"application/pdf","dc_identifier":"nl.gm1954.2c.2022.2833868-6.doc.5","dc_source":"https://api1.ibabs.eu/publicdownload.aspx?site=Beekdaelen&id=730187ff-5ad6-4cb7-9c07-fb18be101e6c","dc_title":"Bijlage 4: Overzicht mutaties reserves BURAP-II 2022","dc_type":"bijlage","foi_fairiscoreVersions":{"v1":1,"v2":1},"foi_fileName":"Overzicht%20mutaties%20reserves%20BURAP-II%202022.pdf%20-%20Z22182674%20-%20321766%20-%20Overzicht%20mutaties%20reserves%20Burap%20II-2022.PDF","foi_nrPages":1}],"foi_nrDocuments":11,"foi_nrPagesInDossier":82,"foi_publishedDate":"2022-12-07","foi_retrievedDate":"2026-03-04"},{"dc_creator":"HandelingScraper_v1","dc_date_year":2022,"dc_description":"Vergadering van de Gemeente Beekdaelen op 2022-12-07. Onderdeel: Raadsvoorstel inzake \"Vaststellen verordening paracommercie 2023\".","dc_identifier":"nl.gm1954.2c.2022.2833868-7","dc_publisher":"gm1954","dc_source":"https://beekdaelen.bestuurlijkeinformatie.nl/Agenda/Index/28e42eb8-edd0-4c37-8ff8-2674f5b21303","dc_title":"Raadscommissie Bestuur en Middelen 2022-12-07 - Raadsvoorstel inzake \"Vaststellen verordening paracommercie 2023\"","dc_type":"2c","dc_type_description":"Vergaderstuk decentrale overheid","foi_fairiscoreVersions":{"v1":2,"v2":2},"foi_files":[{"dc_format":"application/octet-stream","dc_identifier":"nl.gm1954.2c.2022.2833868-7.doc.12","dc_source":"https://api1.ibabs.eu/publicdownload.aspx?site=Beekdaelen&id=8f5c90c1-348e-41b8-89fc-b0a3543c06bc","dc_title":"Geluidsopname B2 Paracommercie.mp3","dc_type":"bijlage","foi_fileName":"B%26M%20B2%20Paracommercie.mp3"},{"dc_format":"application/pdf","dc_identifier":"nl.gm1954.2c.2022.2833868-7.doc.4","dc_source":"https://api1.ibabs.eu/publicdownload.aspx?site=Beekdaelen&id=6e93cee1-5502-4530-ba40-16c7474c2f2e","dc_title":"Bijlage: kort verslag van de bijeenkomst op 25 april 2022","dc_type":"bijlage","foi_fairiscoreVersions":{"v1":1,"v2":1},"foi_fileName":"Kort%20verslag%20van%20de%20bijeenkomst%20op%2025%20april%202022.pdf","foi_nrPages":2},{"dc_format":"application/pdf","dc_identifier":"nl.gm1954.2c.2022.2833868-7.doc.5","dc_source":"https://api1.ibabs.eu/publicdownload.aspx?site=Beekdaelen&id=62eb0ad3-431d-41d5-bc3b-8f6e97dc10d4","dc_title":"Bijlage: Kort verslag van de bijeenkomst op 8 juni 2022","dc_type":"bijlage","foi_fairiscoreVersions":{"v1":1,"v2":1},"foi_fileName":"Kort%20verslag%20van%20de%20bijeenkomst%20op%208%20juni%202022.pdf","foi_nrPages":2},{"dc_format":"application/pdf","dc_identifier":"nl.gm1954.2c.2022.2833868-7.doc.7","dc_source":"https://api1.ibabs.eu/publicdownload.aspx?site=Beekdaelen&id=ce45a352-9571-4aff-954d-84277bc0ccad","dc_title":"Bijlage: Mailwisseling KHN (behorende bij Nota van wijziging)","dc_type":"bijlage","foi_fairiscoreVersions":{"v1":1,"v2":1},"foi_fileName":"Mailwisseling%20KHN.pdf","foi_nrPages":4},{"dc_format":"application/pdf","dc_identifier":"nl.gm1954.2c.2022.2833868-7.doc.11","dc_source":"https://api1.ibabs.eu/publicdownload.aspx?site=Beekdaelen&id=954f12e5-40bf-4990-bf3f-efc6a1720ad4","dc_title":"MvA technische voorvragen CDA cie B&M 07122022 (B2)","dc_type":"bijlage","foi_fairiscoreVersions":{"v1":1,"v2":1},"foi_fileName":"MvA%20technische%20voorvragen%20CDA%20cie%20B%26M%2007122022%20%28B2%29.pdf","foi_nrPages":1},{"dc_format":"application/pdf","dc_identifier":"nl.gm1954.2c.2022.2833868-7.doc.10","dc_source":"https://api1.ibabs.eu/publicdownload.aspx?site=Beekdaelen&id=b6ba08eb-7942-47a4-b4d4-fd89968f2002","dc_title":"MvA technische voorvragen VG cie B&M 07122022 (B2)","dc_type":"bijlage","foi_fairiscoreVersions":{"v1":1,"v2":1},"foi_fileName":"MvA%20technische%20voorvragen%20VG%20cie%20B%26M%2007122022%20%28B2%29.pdf","foi_nrPages":1},{"dc_format":"application/pdf","dc_identifier":"nl.gm1954.2c.2022.2833868-7.doc.6","dc_source":"https://api1.ibabs.eu/publicdownload.aspx?site=Beekdaelen&id=0c2fd227-397e-405f-b7e7-b155a5217c14","dc_title":"Nota van Wijziging Verordening Paracommercie","dc_type":"bijlage","foi_fairiscoreVersions":{"v1":1,"v2":1},"foi_fileName":"Nota%20van%20wijziging%20Verordening%20Paracommercie.pdf","foi_nrPages":1},{"dc_format":"application/pdf","dc_identifier":"nl.gm1954.2c.2022.2833868-7.doc.3","dc_source":"https://api1.ibabs.eu/publicdownload.aspx?site=Beekdaelen&id=807262eb-73dc-48ea-a753-8892f1202289","dc_title":"Bijlage 2: Concept Raadsbesluit verordening paracommercie gemeente Beekdaelen 2023","dc_type":"bijlage","foi_fairiscoreVersions":{"v1":1,"v2":1},"foi_fileName":"Raadsbesluit%20verordening%20paracommercie.pdf","foi_nrPages":1},{"dc_format":"application/pdf","dc_identifier":"nl.gm1954.2c.2022.2833868-7.doc.1","dc_source":"https://api1.ibabs.eu/publicdownload.aspx?site=Beekdaelen&id=8c802b5a-8014-482a-ba10-1a854046c9bd","dc_title":"Raadsvoorstel Verordening paracommercie gemeente Beekdaelen 2023","dc_type":"bijlage","foi_fairiscoreVersions":{"v1":1,"v2":1},"foi_fileName":"Raadsvoorstel%20Verordening%20paracommercie%20gemeente%20Beekdaelen%202023.pdf","foi_nrPages":2},{"dc_format":"application/pdf","dc_identifier":"nl.gm1954.2c.2022.2833868-7.doc.8","dc_source":"https://api1.ibabs.eu/publicdownload.aspx?site=Beekdaelen&id=4e994942-0d06-4000-9c1a-0ffc4b34b060","dc_title":"Bijlage: reactie KHN","dc_type":"bijlage","foi_fairiscoreVersions":{"v1":5,"v2":5},"foi_fileName":"reactie%20KHN.pdf","foi_nrPages":1},{"dc_format":"application/pdf","dc_identifier":"nl.gm1954.2c.2022.2833868-7.doc.2","dc_source":"https://api1.ibabs.eu/publicdownload.aspx?site=Beekdaelen&id=7cfa80c4-16d2-4648-9ca5-6f97cd19be91","dc_title":"Bijlage 1: Verordening paracommercie gemeente Beekdaelen 2023 NA nota van wijzigingen","dc_type":"bijlage","foi_fairiscoreVersions":{"v1":1,"v2":1},"foi_fileName":"Vast%20te%20stellen%20verordening%20NA%20nota%20van%20wijzigingen.pdf","foi_nrPages":5},{"dc_format":"application/pdf","dc_identifier":"nl.gm1954.2c.2022.2833868-7.doc.9","dc_source":"https://api1.ibabs.eu/publicdownload.aspx?site=Beekdaelen&id=ed836f82-919d-4d9d-9211-f96722d4f5bb","dc_title":"Was wordt tabel verordening paracommercie","dc_type":"bijlage","foi_fairiscoreVersions":{"v1":1,"v2":1},"foi_fileName":"Was%20wordt%20tabel%20verordening%20paracommercie.pdf","foi_nrPages":6}],"foi_nrDocuments":12,"foi_nrPagesInDossier":26,"foi_publishedDate":"2022-12-07","foi_retrievedDate":"2026-03-05"},{"dc_creator":"HandelingScraper_v1","dc_date_year":2022,"dc_description":"Vergadering van de Gemeente Beekdaelen op 2022-12-07. Onderdeel: Raadsvoorstel inzake \"Zienswijze inzake Functioneel Leeftijdsontslag (FLO) Veiligheidsregio Zuid Limburg (VRZL)\".","dc_identifier":"nl.gm1954.2c.2022.2833868-8","dc_publisher":"gm1954","dc_source":"https://beekdaelen.bestuurlijkeinformatie.nl/Agenda/Index/28e42eb8-edd0-4c37-8ff8-2674f5b21303","dc_title":"Raadscommissie Bestuur en Middelen 2022-12-07 - Raadsvoorstel inzake \"Zienswijze inzake Functioneel Leeftijdsontslag (FLO) Veiligheidsregio Zuid Limburg (VRZL)\"","dc_type":"2c","dc_type_description":"Vergaderstuk decentrale overheid","foi_fairiscoreVersions":{"v1":2,"v2":2},"foi_files":[{"dc_format":"application/octet-stream","dc_identifier":"nl.gm1954.2c.2022.2833868-8.doc.9","dc_source":"https://api1.ibabs.eu/publicdownload.aspx?site=Beekdaelen&id=ecbfe3b4-fe79-4335-baa6-b2b248aee2dd","dc_title":"Geluidsopname B3 Leeftijdsontslag.mp3","dc_type":"bijlage","foi_fileName":"B%26M%20B3%20Leeftijdsontslag.mp3"},{"dc_format":"application/pdf","dc_identifier":"nl.gm1954.2c.2022.2833868-8.doc.8","dc_source":"https://api1.ibabs.eu/publicdownload.aspx?site=Beekdaelen&id=7e80462f-7e4d-4a93-ba05-fcb462613e57","dc_title":"MvA technische voorvragen GL inzake B3 Leeftijdsontslag","dc_type":"bijlage","foi_fairiscoreVersions":{"v1":1,"v2":1},"foi_fileName":"MvA%20technische%20voorvragen%20GL%20inzake%20B3%20FLO.pdf","foi_nrPages":2},{"dc_format":"application/pdf","dc_identifier":"nl.gm1954.2c.2022.2833868-8.doc.7","dc_source":"https://api1.ibabs.eu/publicdownload.aspx?site=Beekdaelen&id=ea081f70-6a6a-4e2c-be60-844ad1ab2fdc","dc_title":"MvA technische voorvragen VG inzake B3 Leefijdsontslag","dc_type":"bijlage","foi_fairiscoreVersions":{"v1":1,"v2":1},"foi_fileName":"MvA%20technische%20voorvragen%20VG%20inzake%20B3%20FLO.pdf","foi_nrPages":2},{"dc_format":"application/pdf","dc_identifier":"nl.gm1954.2c.2022.2833868-8.doc.3","dc_source":"https://api1.ibabs.eu/publicdownload.aspx?site=Beekdaelen&id=f557cd46-feba-4e00-b9d6-453afc0c0d68","dc_title":"Bijlage: Zienswijze inzake FLO casus VRZL","dc_type":"bijlage","foi_fairiscoreVersions":{"v1":5,"v2":5},"foi_fileName":"Z%2F22%2F182114%20-%20319621.pdf","foi_nrPages":3},{"dc_format":"application/pdf","dc_identifier":"nl.gm1954.2c.2022.2833868-8.doc.5","dc_source":"https://api1.ibabs.eu/publicdownload.aspx?site=Beekdaelen&id=ad040610-1420-4146-a57c-c79b52a6088d","dc_title":"Bijlage: 18.2 Addendum memo FLO casus VRZL","dc_type":"bijlage","foi_fairiscoreVersions":{"v1":1,"v2":1},"foi_fileName":"Z%2F22%2F182114%20-%20319621.pdf","foi_nrPages":5},{"dc_format":"application/pdf","dc_identifier":"nl.gm1954.2c.2022.2833868-8.doc.4","dc_source":"https://api1.ibabs.eu/publicdownload.aspx?site=Beekdaelen&id=3f3579af-e1fb-41d8-a017-f75569ad4257","dc_title":"Bijlage: 18.1 memo FLO casus VRZL","dc_type":"bijlage","foi_fairiscoreVersions":{"v1":1,"v2":1},"foi_fileName":"Z%2F22%2F182114%20-%20319621%20-.pdf","foi_nrPages":4},{"dc_format":"application/pdf","dc_identifier":"nl.gm1954.2c.2022.2833868-8.doc.1","dc_source":"https://api1.ibabs.eu/publicdownload.aspx?site=Beekdaelen&id=660615ea-b245-4647-be2c-90c3ea62276a","dc_title":"Raadsvoorstel \"Zienswijze inzake Functioneel Leeftijdsontslag (FLO) Veiligheidsregio Zuid Limburg (VRZL)\"","dc_type":"bijlage","foi_fairiscoreVersions":{"v1":1,"v2":1},"foi_fileName":"Z%2F22%2F182114%20-%20319665%20-%20Zienswijze%20inzake%20Functioneel%20Leeftijdsontslag%20%28FLO%29%20Veiligheidsregio%20Zuid%20Limburg%20%28VRZL%29.pdf","foi_nrPages":4},{"dc_format":"application/pdf","dc_identifier":"nl.gm1954.2c.2022.2833868-8.doc.2","dc_source":"https://api1.ibabs.eu/publicdownload.aspx?site=Beekdaelen&id=2b615006-f1c8-468e-97c3-9bb6ee754a9e","dc_title":"Raadsbesluit zienswijze VRZL extra dotatie voorziening FLO 2023, vastgesteld 20.12.2022","dc_type":"bijlage","foi_fairiscoreVersions":{"v1":1,"v2":1},"foi_fileName":"Z%2F22%2F182114%20-%20320291%20-%20Zienswijze%20VRZL%20extra%20dotatie%20voorziening%20FLO%202023.pdf","foi_nrPages":1},{"dc_format":"application/pdf","dc_identifier":"nl.gm1954.2c.2022.2833868-8.doc.6","dc_source":"https://api1.ibabs.eu/publicdownload.aspx?site=Beekdaelen&id=600ab767-03c5-433a-9cb1-d63a6df00791","dc_title":"Bijlage: Concept brief B&W richting Algemeen Bestuur","dc_type":"bijlage","foi_fairiscoreVersions":{"v1":1,"v2":1},"foi_fileName":"Z%2F22%2F182114%20-%20320302%20-%20Concept%20brief%20B%26W%20richting%20Algemeen%20Bestuur.pdf","foi_nrPages":1}],"foi_nrDocuments":9,"foi_nrPagesInDossier":22,"foi_publishedDate":"2022-12-07","foi_retrievedDate":"2025-12-02"},{"dc_creator":"HandelingScraper_v1","dc_date_year":2022,"dc_description":"Vergadering van de Gemeente Beekdaelen op 2022-12-07. Onderdeel: Raadsvoorstel inzake \"Wijziging Algemene plaatselijke verordening\".","dc_identifier":"nl.gm1954.2c.2022.2833868-9","dc_publisher":"gm1954","dc_source":"https://beekdaelen.bestuurlijkeinformatie.nl/Agenda/Index/28e42eb8-edd0-4c37-8ff8-2674f5b21303","dc_title":"Raadscommissie Bestuur en Middelen 2022-12-07 - Raadsvoorstel inzake \"Wijziging Algemene plaatselijke verordening\"","dc_type":"2c","dc_type_description":"Vergaderstuk decentrale overheid","foi_fairiscoreVersions":{"v1":1,"v2":1},"foi_files":[{"dc_format":"application/octet-stream","dc_identifier":"nl.gm1954.2c.2022.2833868-9.doc.5","dc_source":"https://api1.ibabs.eu/publicdownload.aspx?site=Beekdaelen&id=94a80697-0d28-48d3-911d-8ef057d6bd13","dc_title":"Geluidsopname B4 APV","dc_type":"bijlage","foi_fileName":"B%26M%20B4%20APV.mp3"},{"dc_format":"application/octet-stream","dc_identifier":"nl.gm1954.2c.2022.2833868-9.doc.4","dc_source":"https://api1.ibabs.eu/publicdownload.aspx?site=Beekdaelen&id=704fb7bb-bc43-40df-a5ef-9327bdf83fba","dc_title":"Geluidsopname B4 APV en C rondvraag","dc_type":"bijlage","foi_fileName":"B%26M%20B4%20APV%20en%20C%20rondvraag.mp3"},{"dc_format":"application/pdf","dc_identifier":"nl.gm1954.2c.2022.2833868-9.doc.3","dc_source":"https://api1.ibabs.eu/publicdownload.aspx?site=Beekdaelen&id=0bf28d24-bf59-4080-9778-3b7682cef9d2","dc_title":"Bijlage: overzicht inhoudelijke wijzigingen APV Beekdaelen 2021","dc_type":"bijlage","foi_fairiscoreVersions":{"v1":1,"v2":1},"foi_fileName":"Z%2F22%2F170100%20-%20310339%20-%20Overzicht%20inhoudelijke%20wijzigingen%20APV%20Beekdaelen%202021.pdf","foi_nrPages":9},{"dc_format":"application/pdf","dc_identifier":"nl.gm1954.2c.2022.2833868-9.doc.1","dc_source":"https://api1.ibabs.eu/publicdownload.aspx?site=Beekdaelen&id=f7d4c50a-14c6-4308-aa93-395fee644d07","dc_title":"Raadsvoorstel wijziging APV Beekdaelen 2021","dc_type":"bijlage","foi_fairiscoreVersions":{"v1":1,"v2":1},"foi_fileName":"Z%2F22%2F170100%20-%20310341%20-%20Raadsvoorstel%20wijziging%20APV%20Beekdaelen%202021.pdf","foi_nrPages":2},{"dc_format":"application/pdf","dc_identifier":"nl.gm1954.2c.2022.2833868-9.doc.2","dc_source":"https://api1.ibabs.eu/publicdownload.aspx?site=Beekdaelen&id=255f3341-3788-4eff-9593-a1a48edc528c","dc_title":"Raadsbesluit wijziging APV Beekdaelen 2021, vastgesteld 20.12.2022","dc_type":"bijlage","foi_fairiscoreVersions":{"v1":1,"v2":1},"foi_fileName":"Z%2F22%2F170100%20-%20310342%20-%20Raadsbesluit%20wijziging%20APV%20Beekdaelen%202021.pdf","foi_nrPages":1}],"foi_nrDocuments":5,"foi_nrPagesInDossier":12,"foi_publishedDate":"2022-12-07","foi_retrievedDate":"2025-11-29"},{"dc_creator":"HandelingScraper_v1","dc_date_year":2022,"dc_description":"Vergadering van de Gemeente Beekdaelen op 2022-12-08. Onderdeel: Algemeen.","dc_identifier":"nl.gm1954.2c.2022.2833934-1","dc_publisher":"gm1954","dc_source":"https://beekdaelen.bestuurlijkeinformatie.nl/Agenda/Index/56d7df41-5e66-4e7c-96fc-f1c10a61bc05","dc_title":"Raadscommissie Fysieke Leefomgeving 2022-12-08 - Algemeen","dc_type":"2c","dc_type_description":"Vergaderstuk decentrale overheid","foi_fairiscoreVersions":{"v1":1,"v2":1},"foi_files":[{"dc_format":"application/pdf","dc_identifier":"nl.gm1954.2c.2022.2833934-1.doc.3","dc_source":"https://api1.ibabs.eu/publicdownload.aspx?site=Beekdaelen&id=a8f4b63a-c2d2-4690-85e8-439aaa823f99","dc_title":"Technische voorvragen BL cie FLO 08.12.2022","dc_type":"bijlage","foi_fairiscoreVersions":{"v1":1,"v2":1},"foi_fileName":"Technische%20voorvragen%20BL%20cie%20FLO%2008.12.2022.pdf","foi_nrPages":2},{"dc_format":"application/pdf","dc_identifier":"nl.gm1954.2c.2022.2833934-1.doc.1","dc_source":"https://api1.ibabs.eu/publicdownload.aspx?site=Beekdaelen&id=a7f8b8a7-96ec-4b4f-a6b4-2ad78a69e574","dc_title":"Technische voorvragen GL cie FLO 08.12.2022","dc_type":"bijlage","foi_fairiscoreVersions":{"v1":1,"v2":1},"foi_fileName":"Technische%20voorvragen%20GL%20cie%20FLO%2008.12.2022.pdf","foi_nrPages":1},{"dc_format":"application/pdf","dc_identifier":"nl.gm1954.2c.2022.2833934-1.doc.2","dc_source":"https://api1.ibabs.eu/publicdownload.aspx?site=Beekdaelen&id=33e80ca3-f85e-4c43-9e67-e113af6c8add","dc_title":"Technische voorvragen VG cie FLO 08.12.2022","dc_type":"bijlage","foi_fairiscoreVersions":{"v1":1,"v2":1},"foi_fileName":"Technische%20voorvragen%20VG%20cie%20FLO%2008.12.2022.pdf","foi_nrPages":2}],"foi_nrDocuments":3,"foi_nrPagesInDossier":5,"foi_publishedDate":"2022-12-08","foi_retrievedDate":"2026-03-06"},{"dc_creator":"HandelingScraper_v1","dc_date_year":2022,"dc_description":"Vergadering van de Gemeente Beekdaelen op 2022-12-08. Onderdeel: Raadsvoorstel inzake \"Bestemmingsplan Parallelstraat 56a te Amstenrade\".","dc_identifier":"nl.gm1954.2c.2022.2833934-10","dc_publisher":"gm1954","dc_source":"https://beekdaelen.bestuurlijkeinformatie.nl/Agenda/Index/56d7df41-5e66-4e7c-96fc-f1c10a61bc05","dc_title":"Raadscommissie Fysieke Leefomgeving 2022-12-08 - Raadsvoorstel inzake \"Bestemmingsplan Parallelstraat 56a te Amstenrade\"","dc_type":"2c","dc_type_description":"Vergaderstuk decentrale overheid","foi_fairiscoreVersions":{"v1":2,"v2":2},"foi_files":[{"dc_format":"application/pdf","dc_identifier":"nl.gm1954.2c.2022.2833934-10.doc.3","dc_source":"https://api1.ibabs.eu/publicdownload.aspx?site=Beekdaelen&id=d1b6e290-18d4-4d49-bd07-38f35d29f861","dc_title":"Bijlage 1: Toelichting","dc_type":"bijlage","foi_fairiscoreVersions":{"v1":2,"v2":1},"foi_fileName":"Bijlage%201%20Parallelstraat%2056a%20te%20Amstenrade_Toelichting.pdf","foi_nrPages":40},{"dc_format":"application/pdf","dc_identifier":"nl.gm1954.2c.2022.2833934-10.doc.4","dc_source":"https://api1.ibabs.eu/publicdownload.aspx?site=Beekdaelen&id=c39e7fe7-cc04-43f4-9e3c-22472614f078","dc_title":"Bijlage 2: Regels","dc_type":"bijlage","foi_fairiscoreVersions":{"v1":3,"v2":3},"foi_fileName":"Bijlage%202%20Parallelstraat%2056a%20te%20Amstenrade_Regels.pdf","foi_nrPages":38},{"dc_format":"application/pdf","dc_identifier":"nl.gm1954.2c.2022.2833934-10.doc.5","dc_source":"https://api1.ibabs.eu/publicdownload.aspx?site=Beekdaelen&id=6466a757-7227-4694-8eee-e1fc4e4d861a","dc_title":"Bijlage 3: Verbeelding","dc_type":"bijlage","foi_fairiscoreVersions":{"v1":1,"v2":1},"foi_fileName":"Bijlage%203%20Parallelstraat%2056a%20te%20Amstenrade_Verbeelding.pdf","foi_nrPages":1},{"dc_format":"application/pdf","dc_identifier":"nl.gm1954.2c.2022.2833934-10.doc.6","dc_source":"https://api1.ibabs.eu/publicdownload.aspx?site=Beekdaelen&id=9b30614d-6aee-41a6-b5f4-ec859c773f87","dc_title":"Bijlage 4: Bijlagen bij Toelichting Bijlage 1  Rapportage verkennend bodem- en asbestonderzoek","dc_type":"bijlage","foi_fairiscoreVersions":{"v1":3,"v2":3},"foi_fileName":"Bijlage%204%20Parallelstraat%2056a%20te%20Amstenrade_Bijlagen%20bij%20toelichting_Bijlage%201%20%20Rapportage%20verkennend%20bodem-%20en%20asbestonderzoek.pdf","foi_nrPages":55},{"dc_format":"application/pdf","dc_identifier":"nl.gm1954.2c.2022.2833934-10.doc.7","dc_source":"https://api1.ibabs.eu/publicdownload.aspx?site=Beekdaelen&id=6d09bc93-60e3-4b6c-bca4-df66e5b90522","dc_title":"Bijlage 5: Bijlagen bij Toelichting Bijlage 2  Rapportage akoestisch onderzoek wegverkeerslawaai","dc_type":"bijlage","foi_fairiscoreVersions":{"v1":2,"v2":2},"foi_fileName":"Bijlage%205%20Parallelstraat%2056a%20te%20Amstenrade_Bijlagen%20bij%20toelichting_Bijlage%202%20%20Rapportage%20akoestisch%20onderzoek%20wegverkeerslawaai.pdf","foi_nrPages":34},{"dc_format":"application/pdf","dc_identifier":"nl.gm1954.2c.2022.2833934-10.doc.8","dc_source":"https://api1.ibabs.eu/publicdownload.aspx?site=Beekdaelen&id=7b1252f6-2f63-47c7-aba0-8970cd4c829f","dc_title":"MvA technische voorvragen VG inzake B6 Bestemmingsplan Parallelstraat 56 a Amstenrade","dc_type":"bijlage","foi_fairiscoreVersions":{"v1":1,"v2":1},"foi_fileName":"MvA%20technische%20voorvragen%20VG%20inzake%20B6%20Bestemmingsplan%20Parallelstraat%2056%20a%20Amstenrade.pdf","foi_nrPages":2},{"dc_format":"application/pdf","dc_identifier":"nl.gm1954.2c.2022.2833934-10.doc.2","dc_source":"https://api1.ibabs.eu/publicdownload.aspx?site=Beekdaelen&id=f5c80e8e-64a0-4abb-b96d-a549def4e1a4","dc_title":"Raadsbesluit \"Bestemmingsplan Parallelstraat 56a te Amstenrade\", vastgesteld 20.12.2022","dc_type":"bijlage","foi_fairiscoreVersions":{"v1":1,"v2":1},"foi_fileName":"Raadsbesluit_318788_1%20V2.pdf","foi_nrPages":1},{"dc_format":"application/pdf","dc_identifier":"nl.gm1954.2c.2022.2833934-10.doc.1","dc_source":"https://api1.ibabs.eu/publicdownload.aspx?site=Beekdaelen&id=2bf74829-76b8-45b3-a154-20a0483dd988","dc_title":"Raadsvoorstel \"Bestemmingsplan Parallelstraat 56a te Amstenrade\"","dc_type":"bijlage","foi_fairiscoreVersions":{"v1":1,"v2":1},"foi_fileName":"Raadsvoorstel_318783_1%20V2.pdf","foi_nrPages":3}],"foi_nrDocuments":8,"foi_nrPagesInDossier":174,"foi_publishedDate":"2022-12-08","foi_retrievedDate":"2025-12-05"},{"dc_creator":"HandelingScraper_v1","dc_date_year":2022,"dc_description":"Vergadering van de Gemeente Beekdaelen op 2022-12-08. Onderdeel: Raadsvoorstel inzake \"Omgevingsvergunning Terstraten 1 Nuth\".","dc_identifier":"nl.gm1954.2c.2022.2833934-11","dc_publisher":"gm1954","dc_source":"https://beekdaelen.bestuurlijkeinformatie.nl/Agenda/Index/56d7df41-5e66-4e7c-96fc-f1c10a61bc05","dc_title":"Raadscommissie Fysieke Leefomgeving 2022-12-08 - Raadsvoorstel inzake \"Omgevingsvergunning Terstraten 1 Nuth\"","dc_type":"2c","dc_type_description":"Vergaderstuk decentrale overheid","foi_fairiscoreVersions":{"v1":2,"v2":2},"foi_files":[{"dc_format":"application/pdf","dc_identifier":"nl.gm1954.2c.2022.2833934-11.doc.5","dc_source":"https://api1.ibabs.eu/publicdownload.aspx?site=Beekdaelen&id=c5271bd0-3d15-41e3-8e97-6551dc42af77","dc_title":"Bijlage: Ecologisch onderzoek behorende bij het Ontwerpbesluit","dc_type":"bijlage","foi_fairiscoreVersions":{"v1":2,"v2":2},"foi_fileName":"Ecologisch%20onderzoek%20behorende%20bij%20het%20Ontwerpbesluit.pdf","foi_nrPages":56},{"dc_format":"application/pdf","dc_identifier":"nl.gm1954.2c.2022.2833934-11.doc.3","dc_source":"https://api1.ibabs.eu/publicdownload.aspx?site=Beekdaelen&id=724e6606-cc73-4ec8-aecb-fd8a8d95023d","dc_title":"Bijlage: Ontwerpbesluit Terstraten 1 Nuth","dc_type":"bijlage","foi_fairiscoreVersions":{"v1":2,"v2":2},"foi_fileName":"Ontwerpbesluit%20Terstraten%201%20Nuth.pdf","foi_nrPages":11},{"dc_format":"application/pdf","dc_identifier":"nl.gm1954.2c.2022.2833934-11.doc.2","dc_source":"https://api1.ibabs.eu/publicdownload.aspx?site=Beekdaelen&id=ba705ef7-99ae-4a6f-9ee1-e85a397d31d5","dc_title":"Raadsbesluit Omgevingsvergunning Terstraten 1 Nuth, vastgesteld 20.12.2022","dc_type":"bijlage","foi_fairiscoreVersions":{"v1":1,"v2":1},"foi_fileName":"Raadsbesluit%20Omgevingsvergunning%20Terstraten%201%20Nuth.pdf","foi_nrPages":1},{"dc_format":"application/pdf","dc_identifier":"nl.gm1954.2c.2022.2833934-11.doc.1","dc_source":"https://api1.ibabs.eu/publicdownload.aspx?site=Beekdaelen&id=a3b9f62d-68a7-432c-b73b-7f839c7c7e48","dc_title":"Raadsvoorstel Omgevingsvergunning Terstraten 1 Nuth","dc_type":"bijlage","foi_fairiscoreVersions":{"v1":1,"v2":1},"foi_fileName":"Raadsvoorstel%20Omgevingsvergunning%20Terstraten%201%20Nuth.pdf","foi_nrPages":4},{"dc_format":"application/pdf","dc_identifier":"nl.gm1954.2c.2022.2833934-11.doc.4","dc_source":"https://api1.ibabs.eu/publicdownload.aspx?site=Beekdaelen&id=14bc5d52-40a0-490e-a306-db19cf273696","dc_title":"Bijlage: Ruimtelijke onderbouwing behorende bij Ontwerpbesluit","dc_type":"bijlage","foi_fairiscoreVersions":{"v1":3,"v2":3},"foi_fileName":"Ruimtelijke%20onderbouwing%20behorende%20bij%20Ontwerpbesluit.pdf","foi_nrPages":36}],"foi_nrDocuments":5,"foi_nrPagesInDossier":108,"foi_publishedDate":"2022-12-08","foi_retrievedDate":"2026-02-11"},{"dc_creator":"HandelingScraper_v1","dc_date_year":2022,"dc_description":"Vergadering van de Gemeente Beekdaelen op 2022-12-08. Onderdeel: Rondvraag Fysieke Leefomgeving.","dc_identifier":"nl.gm1954.2c.2022.2833934-12","dc_publisher":"gm1954","dc_source":"https://beekdaelen.bestuurlijkeinformatie.nl/Agenda/Index/56d7df41-5e66-4e7c-96fc-f1c10a61bc05","dc_title":"Raadscommissie Fysieke Leefomgeving 2022-12-08 - Rondvraag Fysieke Leefomgeving","dc_type":"2c","dc_type_description":"Vergaderstuk decentrale overheid","foi_fairiscoreVersions":{"v1":2,"v2":2},"foi_files":[{"dc_format":"application/pdf","dc_identifier":"nl.gm1954.2c.2022.2833934-12.doc.5","dc_source":"https://api1.ibabs.eu/publicdownload.aspx?site=Beekdaelen&id=fb1908ab-b3ba-49eb-922b-6a5fb54c572d","dc_title":"bijlage 3. Toelichting veegplan PIP BPL gedeelte Beekdaelen","dc_type":"bijlage","foi_fairiscoreVersions":{"v1":5,"v2":5},"foi_fileName":"bijlage%203.%20Toelichting%20veegplan%20PIP%20BPL%20gedeelte%20Beekdaelen%20-%20321930.pdf","foi_nrPages":3},{"dc_format":"application/pdf","dc_identifier":"nl.gm1954.2c.2022.2833934-12.doc.2","dc_source":"https://api1.ibabs.eu/publicdownload.aspx?site=Beekdaelen&id=26258d85-121f-4e59-ba0f-3734e9ec4b42","dc_title":"MvA technische voorvragen commissie - CDA raadslid Franssen inzake PIP BPL","dc_type":"bijlage","foi_fairiscoreVersions":{"v1":1,"v2":1},"foi_fileName":"MvA%20technische%20voorvragen%20commissie%20-%20CDA%20raadslid%20Franssen%20inzake%20PIP%20BPL.pdf","foi_nrPages":1},{"dc_format":"application/pdf","dc_identifier":"nl.gm1954.2c.2022.2833934-12.doc.3","dc_source":"https://api1.ibabs.eu/publicdownload.aspx?site=Beekdaelen&id=60b2aee5-bce3-49ea-9504-2582e93561d3","dc_title":"bijlage 1. Inkomende brief prv limburg - voornemen PIP veegplan BPL","dc_type":"bijlage","foi_fairiscoreVersions":{"v1":2,"v2":2},"foi_fileName":"Rondvraag%20bijlage%201.%20Inkomende%20brief%20prv%20limburg%20-%20voornemen%20PIP%20veegplan%20BPL%20-%20320303.pdf","foi_nrPages":2},{"dc_format":"application/pdf","dc_identifier":"nl.gm1954.2c.2022.2833934-12.doc.4","dc_source":"https://api1.ibabs.eu/publicdownload.aspx?site=Beekdaelen&id=0585b545-890b-4ffb-b829-60d3e69243bb","dc_title":"bijlage 2. Brief - reactie op veegplan PIP -  321926 - aangepast 202211204","dc_type":"bijlage","foi_fairiscoreVersions":{"v1":2,"v2":2},"foi_fileName":"Rondvraag%20bijlage%202.%20Brief%20-%20reactie%20op%20veegplan%20PIP%20-%20%20321926%20-%20aangepast%20202211204.pdf","foi_nrPages":2},{"dc_format":"application/pdf","dc_identifier":"nl.gm1954.2c.2022.2833934-12.doc.6","dc_source":"https://api1.ibabs.eu/publicdownload.aspx?site=Beekdaelen&id=86013572-4282-4b2c-9d70-55bf03c7ee49","dc_title":"rondvraag J. Quadvlieg mbt Awacs","dc_type":"bijlage","foi_fairiscoreVersions":{"v1":1,"v2":1},"foi_fileName":"rondvraag%20J.%20Quadvlieg%20mbt%20Awacs.pdf","foi_nrPages":1},{"dc_format":"application/pdf","dc_identifier":"nl.gm1954.2c.2022.2833934-12.doc.1","dc_source":"https://api1.ibabs.eu/publicdownload.aspx?site=Beekdaelen&id=679fe918-abb0-4d27-bad4-d7a3f40bee75","dc_title":"Rondvraag Memo Commissie Fysieke Leefomgeving.","dc_type":"bijlage","foi_fairiscoreVersions":{"v1":1,"v2":1},"foi_fileName":"Rondvraag%20Memo%20Commissie%20Fysieke%20Leefomgeving.pdf","foi_nrPages":2}],"foi_nrDocuments":6,"foi_nrPagesInDossier":11,"foi_publishedDate":"2022-12-08","foi_retrievedDate":"2026-01-23"},{"dc_creator":"HandelingScraper_v1","dc_date_year":2022,"dc_description":"Vergadering van de Gemeente Beekdaelen op 2022-12-08. Onderdeel: Opening, mededelingen voorzitter en vaststellen agenda..","dc_identifier":"nl.gm1954.2c.2022.2833934-2","dc_publisher":"gm1954","dc_source":"https://beekdaelen.bestuurlijkeinformatie.nl/Agenda/Index/56d7df41-5e66-4e7c-96fc-f1c10a61bc05","dc_title":"Raadscommissie Fysieke Leefomgeving 2022-12-08 - Opening, mededelingen voorzitter en vaststellen agenda.","dc_type":"2c","dc_type_description":"Vergaderstuk decentrale overheid","foi_fairiscoreVersions":{"v1":1,"v2":1},"foi_files":[{"dc_format":"application/pdf","dc_identifier":"nl.gm1954.2c.2022.2833934-2.doc.2","dc_source":"https://api1.ibabs.eu/publicdownload.aspx?site=Beekdaelen&id=7221d9ea-0ea9-4f3b-999d-f42552e72a1d","dc_title":"RIB inzake gunning aanbesteding nieuwbouw VV Amstenrade.pdf","dc_type":"bijlage","foi_fairiscoreVersions":{"v1":1,"v2":1},"foi_fileName":"RIB%20inzake%20gunning%20aanbesteding%20nieuwbouw%20VV%20Amstenrade.pdf","foi_nrPages":4},{"dc_format":"application/pdf","dc_identifier":"nl.gm1954.2c.2022.2833934-2.doc.1","dc_source":"https://api1.ibabs.eu/publicdownload.aspx?site=Beekdaelen&id=ea9ad77a-5cdb-4d41-9ab5-d2c43f67d802","dc_title":"Uitnodiging en voorlopige agenda cie Fysieke Leefomgeving 08122022","dc_type":"bijlage","foi_fairiscoreVersions":{"v1":1,"v2":1},"foi_fileName":"Uitnodiging%20en%20voorlopige%20agenda%20cie%20Fysieke%20Leefomgeving%2008122022.pdf","foi_nrPages":2}],"foi_nrDocuments":2,"foi_nrPagesInDossier":6,"foi_publishedDate":"2022-12-08","foi_retrievedDate":"2026-03-05"},{"dc_creator":"HandelingScraper_v1","dc_date_year":2022,"dc_description":"Vergadering van de Gemeente Beekdaelen op 2022-12-08. Onderdeel: Vaststellen actiepuntenlijst van de raadscommissie Fysieke Leefomgeving d.d. 15-09-2022.","dc_identifier":"nl.gm1954.2c.2022.2833934-3","dc_publisher":"gm1954","dc_source":"https://beekdaelen.bestuurlijkeinformatie.nl/Agenda/Index/56d7df41-5e66-4e7c-96fc-f1c10a61bc05","dc_title":"Raadscommissie Fysieke Leefomgeving 2022-12-08 - Vaststellen actiepuntenlijst van de raadscommissie Fysieke Leefomgeving d.d. 15-09-2022","dc_type":"2c","dc_type_description":"Vergaderstuk decentrale overheid","foi_fairiscoreVersions":{"v1":1,"v2":1},"foi_files":[{"dc_format":"application/pdf","dc_identifier":"nl.gm1954.2c.2022.2833934-3.doc.1","dc_source":"https://api1.ibabs.eu/publicdownload.aspx?site=Beekdaelen&id=3636f0c1-fc39-4fc5-b6ff-49a7d2924cb6","dc_title":"Actiepuntenlijst cie Fysieke Leefomgeving 15092022","dc_type":"bijlage","foi_fairiscoreVersions":{"v1":1,"v2":1},"foi_fileName":"Actiepuntenlijst%20cie%20Fysieke%20Leefomgeving%2015092022%20-%20CONCEPT.pdf","foi_nrPages":5},{"dc_format":"application/pdf","dc_identifier":"nl.gm1954.2c.2022.2833934-3.doc.2","dc_source":"https://api1.ibabs.eu/publicdownload.aspx?site=Beekdaelen&id=5fc1df6f-1c3b-4f0e-a90f-52f095dd877c","dc_title":"Memorie van Antwoord technische voorvragen  BL mbt A3.1 actiepuntenlijst.","dc_type":"bijlage","foi_fairiscoreVersions":{"v1":1,"v2":1},"foi_fileName":"Memorie%20van%20Antwoord%20technische%20voorvragen%20%20BL%20mbt%20A3.1%20actiepuntenlijst.pdf","foi_nrPages":2}],"foi_nrDocuments":2,"foi_nrPagesInDossier":7,"foi_publishedDate":"2022-12-08","foi_retrievedDate":"2025-12-06"},{"dc_creator":"HandelingScraper_v1","dc_date_year":2022,"dc_description":"Vergadering van de Gemeente Beekdaelen op 2022-12-08. Onderdeel: Vaststellen lijst van toezeggingen van de raadscommissie Fysieke Leefomgeving.","dc_identifier":"nl.gm1954.2c.2022.2833934-4","dc_publisher":"gm1954","dc_source":"https://beekdaelen.bestuurlijkeinformatie.nl/Agenda/Index/56d7df41-5e66-4e7c-96fc-f1c10a61bc05","dc_title":"Raadscommissie Fysieke Leefomgeving 2022-12-08 - Vaststellen lijst van toezeggingen van de raadscommissie Fysieke Leefomgeving","dc_type":"2c","dc_type_description":"Vergaderstuk decentrale overheid","foi_fairiscoreVersions":{"v1":1,"v2":1},"foi_files":[{"dc_format":"application/pdf","dc_identifier":"nl.gm1954.2c.2022.2833934-4.doc.1","dc_source":"https://api1.ibabs.eu/publicdownload.aspx?site=Beekdaelen&id=1a79b56d-85c7-4b09-8611-14d43e463bca","dc_title":"Lijst stand van zaken afhandeling toezeggingen Fysieke Leefomgeving - 17112022 bijgewerkt griffie","dc_type":"bijlage","foi_fairiscoreVersions":{"v1":1,"v2":1},"foi_fileName":"Lijst%20stavaza%20afhandeling%20toezeggingen%20Fysieke%20Leefomgeving%20-%2017112022%20bijgewerkt%20griffie.pdf","foi_nrPages":9},{"dc_format":"application/pdf","dc_identifier":"nl.gm1954.2c.2022.2833934-4.doc.3","dc_source":"https://api1.ibabs.eu/publicdownload.aspx?site=Beekdaelen&id=86d30e24-9174-41dc-a073-084d816e6f51","dc_title":"Memorie van Antwoord technische voorvragen commissie - Groen Links incl antw. Provincie.","dc_type":"bijlage","foi_fairiscoreVersions":{"v1":1,"v2":1},"foi_fileName":"Memorie%20van%20Antwoord%20technische%20voorvragen%20commissie%20-%20Groen%20Links%20incl%20antw.%20Provincie.pdf","foi_nrPages":2},{"dc_format":"application/pdf","dc_identifier":"nl.gm1954.2c.2022.2833934-4.doc.2","dc_source":"https://api1.ibabs.eu/publicdownload.aspx?site=Beekdaelen&id=2f92758b-fa66-4a25-bf08-b430b1748248","dc_title":"Memorie van Antwoord technische voorvragen GL inzake A3.2 lijst van toezeggingen.","dc_type":"bijlage","foi_fairiscoreVersions":{"v1":1,"v2":1},"foi_fileName":"Memorie%20van%20Antwoord%20technische%20voorvragen%20GL%20inzake%20A3.2%20lijst%20van%20toezeggingen.pdf","foi_nrPages":2}],"foi_nrDocuments":3,"foi_nrPagesInDossier":13,"foi_publishedDate":"2022-12-08","foi_retrievedDate":"2025-12-05"},{"dc_creator":"HandelingScraper_v1","dc_date_year":2022,"dc_description":"Vergadering van de Gemeente Beekdaelen op 2022-12-08. Onderdeel: Raadsvoorstel inzake \"Verordening stimuleringsregeling afkoppelen hemelwater private terreinen gemeente Beekdaelen 2023\".","dc_identifier":"nl.gm1954.2c.2022.2833934-5","dc_publisher":"gm1954","dc_source":"https://beekdaelen.bestuurlijkeinformatie.nl/Agenda/Index/56d7df41-5e66-4e7c-96fc-f1c10a61bc05","dc_title":"Raadscommissie Fysieke Leefomgeving 2022-12-08 - Raadsvoorstel inzake \"Verordening stimuleringsregeling afkoppelen hemelwater private terreinen gemeente Beekdaelen 2023\"","dc_type":"2c","dc_type_description":"Vergaderstuk decentrale overheid","foi_fairiscoreVersions":{"v1":1,"v2":1},"foi_files":[{"dc_format":"application/pdf","dc_identifier":"nl.gm1954.2c.2022.2833934-5.doc.1","dc_source":"https://api1.ibabs.eu/publicdownload.aspx?site=Beekdaelen&id=9e6f36bb-7982-4856-9b65-b082811bbd92","dc_title":"Raadsvoorstel \"stimuleringsregeling afkoppelen hemelwater private terreinen\"","dc_type":"bijlage","foi_fairiscoreVersions":{"v1":1,"v2":1},"foi_fileName":"307501%20raadsvoorstel%20stimuleringsregeling%20afkoppelen%20hemelwater%20private%20terreinen.pdf","foi_nrPages":5},{"dc_format":"application/pdf","dc_identifier":"nl.gm1954.2c.2022.2833934-5.doc.2","dc_source":"https://api1.ibabs.eu/publicdownload.aspx?site=Beekdaelen&id=780f88ee-45aa-4f18-8043-fa7663cdbc1f","dc_title":"Bijlage 1: concept raadsbesluit stimuleringsregeling afkoppelen hemelwater private terreinen","dc_type":"bijlage","foi_fairiscoreVersions":{"v1":1,"v2":1},"foi_fileName":"307547%20concept%20raadsbesluit%20stimuleringsregeling%20afkoppelen%20hemelwater%20private%20terreinen.pdf","foi_nrPages":1},{"dc_format":"application/pdf","dc_identifier":"nl.gm1954.2c.2022.2833934-5.doc.3","dc_source":"https://api1.ibabs.eu/publicdownload.aspx?site=Beekdaelen&id=943b31d9-9d7e-4e68-ba4e-2515511c6302","dc_title":"Bijlage 2: Verordening stimuleringsregeling afkoppelen hemelwater private terreinen","dc_type":"bijlage","foi_fairiscoreVersions":{"v1":1,"v2":1},"foi_fileName":"310285%20Verordening%20stimuleringsregeling%20afkoppelen%20hemelwater%20private%20terreinen.pdf","foi_nrPages":4},{"dc_format":"application/pdf","dc_identifier":"nl.gm1954.2c.2022.2833934-5.doc.4","dc_source":"https://api1.ibabs.eu/publicdownload.aspx?site=Beekdaelen&id=0efa5add-d0f9-448c-9e57-fcb06a1f049e","dc_title":"Memorie van Antwoord technische voorvragen  VG inzake B1.","dc_type":"bijlage","foi_fairiscoreVersions":{"v1":1,"v2":1},"foi_fileName":"Memorie%20van%20Antwoord%20technische%20voorvragen%20%20VG%20inzake%20B1.pdf","foi_nrPages":2},{"dc_format":"application/pdf","dc_identifier":"nl.gm1954.2c.2022.2833934-5.doc.5","dc_source":"https://api1.ibabs.eu/publicdownload.aspx?site=Beekdaelen&id=ce94c4ed-8781-48c2-b901-683ac9192474","dc_title":"Memorie van Antwoord technische voorvragen BL inzake B1.","dc_type":"bijlage","foi_fairiscoreVersions":{"v1":1,"v2":1},"foi_fileName":"Memorie%20van%20Antwoord%20technische%20voorvragen%20BL%20inzake%20B1.pdf","foi_nrPages":2},{"dc_format":"application/pdf","dc_identifier":"nl.gm1954.2c.2022.2833934-5.doc.6","dc_source":"https://api1.ibabs.eu/publicdownload.aspx?site=Beekdaelen&id=29b5c6d7-3f40-43ef-9836-aa05eab16696","dc_title":"Memorie van Antwoord technische voorvragen GL inzake B1.","dc_type":"bijlage","foi_fairiscoreVersions":{"v1":1,"v2":1},"foi_fileName":"Memorie%20van%20Antwoord%20technische%20voorvragen%20GL%20inzake%20B1.pdf","foi_nrPages":2}],"foi_nrDocuments":6,"foi_nrPagesInDossier":16,"foi_publishedDate":"2022-12-08","foi_retrievedDate":"2026-03-05"},{"dc_creator":"HandelingScraper_v1","dc_date_year":2022,"dc_description":"Vergadering van de Gemeente Beekdaelen op 2022-12-08. Onderdeel: Raadsvoorstel inzake \"Afvalstoffenverordening Beekdaelen 2023\".","dc_identifier":"nl.gm1954.2c.2022.2833934-6","dc_publisher":"gm1954","dc_source":"https://beekdaelen.bestuurlijkeinformatie.nl/Agenda/Index/56d7df41-5e66-4e7c-96fc-f1c10a61bc05","dc_title":"Raadscommissie Fysieke Leefomgeving 2022-12-08 - Raadsvoorstel inzake \"Afvalstoffenverordening Beekdaelen 2023\"","dc_type":"2c","dc_type_description":"Vergaderstuk decentrale overheid","foi_fairiscoreVersions":{"v1":1,"v2":1},"foi_files":[{"dc_format":"application/pdf","dc_identifier":"nl.gm1954.2c.2022.2833934-6.doc.4","dc_source":"https://api1.ibabs.eu/publicdownload.aspx?site=Beekdaelen&id=ecaecd05-4c97-481d-8a3a-5be68a4d8852","dc_title":"MvA technische voorvragen BL inzake B2 Afvalstoffenverordening","dc_type":"bijlage","foi_fairiscoreVersions":{"v1":1,"v2":1},"foi_fileName":"MvA%20technische%20voorvragen%20BL%20inzake%20B2%20Verordening%20Afvalstoffen.pdf","foi_nrPages":1},{"dc_format":"application/pdf","dc_identifier":"nl.gm1954.2c.2022.2833934-6.doc.5","dc_source":"https://api1.ibabs.eu/publicdownload.aspx?site=Beekdaelen&id=b7dd8b85-5d79-4963-8d77-73f26505e019","dc_title":"MvA technische voorvragen VG inzake B2 Afvalstoffenverordening","dc_type":"bijlage","foi_fairiscoreVersions":{"v1":1,"v2":1},"foi_fileName":"MvA%20technische%20voorvragen%20VG%20inzake%20B2%20Verordening%20Afvalstoffen.pdf","foi_nrPages":1},{"dc_format":"application/pdf","dc_identifier":"nl.gm1954.2c.2022.2833934-6.doc.1","dc_source":"https://api1.ibabs.eu/publicdownload.aspx?site=Beekdaelen&id=bdcd21ec-5f2f-4d09-be02-2d634c6512af","dc_title":"Raadsvoorstel \"Afvalstoffenverordening Beekdaelen 2023\"","dc_type":"bijlage","foi_fairiscoreVersions":{"v1":1,"v2":1},"foi_fileName":"Z%2F22%2F182070%20-%20319493%20-%20Afvalstoffenverordening%20Beekdaelen%202023.pdf","foi_nrPages":4},{"dc_format":"application/pdf","dc_identifier":"nl.gm1954.2c.2022.2833934-6.doc.3","dc_source":"https://api1.ibabs.eu/publicdownload.aspx?site=Beekdaelen&id=d5cc5e6e-c872-4107-9a52-30220ec45d77","dc_title":"Raadsbesluit Afvalstoffenverordening Beekdaelen 2023, vastgesteld 20.12.2022","dc_type":"bijlage","foi_fairiscoreVersions":{"v1":1,"v2":1},"foi_fileName":"Z%2F22%2F182070%20-%20319495%20-%20Raadsbesluit%20Afvalstoffenverordening%20Beekdaelen%202023.pdf","foi_nrPages":1},{"dc_format":"application/pdf","dc_identifier":"nl.gm1954.2c.2022.2833934-6.doc.2","dc_source":"https://api1.ibabs.eu/publicdownload.aspx?site=Beekdaelen&id=7ba8561e-43e7-459c-bb04-3afd89757ba2","dc_title":"Afvalstoffenverordening Beekdaelen 2023 incl. toelichting, vastgesteld 20.12.2022","dc_type":"bijlage","foi_fairiscoreVersions":{"v1":1,"v2":1},"foi_fileName":"Z%2F22%2F182070%20-%20319502%20-%20Concept%20Afvalstoffenverordening%20Beekdaelen%202023%20incl.pdf","foi_nrPages":16}],"foi_nrDocuments":5,"foi_nrPagesInDossier":23,"foi_publishedDate":"2022-12-08","foi_retrievedDate":"2025-12-02"},{"dc_creator":"HandelingScraper_v1","dc_date_year":2022,"dc_description":"Vergadering van de Gemeente Beekdaelen op 2022-12-08. Onderdeel: Raadsvoorstel inzake\" Duurzame inrichting bedrijfslocatie De Uiver inclusief grondaankoop\".","dc_identifier":"nl.gm1954.2c.2022.2833934-7","dc_publisher":"gm1954","dc_source":"https://beekdaelen.bestuurlijkeinformatie.nl/Agenda/Index/56d7df41-5e66-4e7c-96fc-f1c10a61bc05","dc_title":"Raadscommissie Fysieke Leefomgeving 2022-12-08 - Raadsvoorstel inzake\" Duurzame inrichting bedrijfslocatie De Uiver inclusief grondaankoop\"","dc_type":"2c","dc_type_description":"Vergaderstuk decentrale overheid","foi_fairiscoreVersions":{"v1":null,"v2":null},"foi_files":[{"dc_format":"application/pdf","dc_identifier":"nl.gm1954.2c.2022.2833934-7.doc.1","dc_source":"https://api1.ibabs.eu/publicdownload.aspx?site=Beekdaelen&id=615aa330-3eb5-4859-a50b-3bacb1786a48","dc_title":"Raadsvoorstel inzake duurzame inrichting  bedrijfslocatie De Uiver en grondaankoop Provincialeweg Noord 84 Doenrade, De Uiver","dc_type":"bijlage","foi_fileName":"aangepast%20rv%20mbt%20De%20Uiver%20incl%20verbeelding.pdf"},{"dc_format":"application/pdf","dc_identifier":"nl.gm1954.2c.2022.2833934-7.doc.6","dc_source":"https://api1.ibabs.eu/publicdownload.aspx?site=Beekdaelen&id=67e43c81-e116-404d-ab66-448f1a3d3bb9","dc_title":"MvA technische voorvragen fractie BL inzake B3 De Uiver.","dc_type":"bijlage","foi_fileName":"MvA%20technische%20voorvragen%20BL%20inzake%20B3%20De%20Uiver.pdf"},{"dc_format":"application/pdf","dc_identifier":"nl.gm1954.2c.2022.2833934-7.doc.4","dc_source":"https://api1.ibabs.eu/publicdownload.aspx?site=Beekdaelen&id=5ed67e8d-c71c-43ff-a448-847ff644925f","dc_title":"MvA technische voorvragen fractie GL inzake B3 De Uiver.","dc_type":"bijlage","foi_fileName":"MvA%20technische%20voorvragen%20GL%20inzake%20B3%20De%20Uiver.pdf"},{"dc_format":"application/pdf","dc_identifier":"nl.gm1954.2c.2022.2833934-7.doc.5","dc_source":"https://api1.ibabs.eu/publicdownload.aspx?site=Beekdaelen&id=dcbd17e0-7614-4bcb-a77d-8556b3a34c0d","dc_title":"MvA technische voorvragen fractie VG inzake B3 De Uiver.","dc_type":"bijlage","foi_fileName":"MvA%20technische%20voorvragen%20VG%20inzake%20B3%20De%20Uiver.pdf"},{"dc_format":"application/pdf","dc_identifier":"nl.gm1954.2c.2022.2833934-7.doc.2","dc_source":"https://api1.ibabs.eu/publicdownload.aspx?site=Beekdaelen&id=5941f936-6f56-478c-98ab-2172affd08f5","dc_title":"Bijlage: Taxatierapport Provincialeweg Noord 84 6439AA te Doenrade - Aelmans Taxaties BV - 20 april 2022","dc_type":"bijlage","foi_fileName":"Z%2F22%2F174186%20-%20313954%20-.pdf"},{"dc_format":"application/pdf","dc_identifier":"nl.gm1954.2c.2022.2833934-7.doc.3","dc_source":"https://api1.ibabs.eu/publicdownload.aspx?site=Beekdaelen&id=e91fc954-f897-405a-af1b-6abdbb7e97d0","dc_title":"Bijlage: Begrotingsvoorstel 7.1 aankoop grond Uiver plus  bestemmingsplanwijziging","dc_type":"bijlage","foi_fileName":"Z%2F22%2F174186%20-%20314047%20-.pdf"}],"foi_nrDocuments":6,"foi_nrPagesInDossier":0,"foi_publishedDate":"2022-12-08","foi_retrievedDate":"2025-11-30"},{"dc_creator":"HandelingScraper_v1","dc_date_year":2022,"dc_description":"Vergadering van de Gemeente Beekdaelen op 2022-12-08. Onderdeel: Raadsvoorstel inzake \"Bestemmingsplan Burgemeester Beckerstraat 2 t/m 8 te Nuth\".","dc_identifier":"nl.gm1954.2c.2022.2833934-8","dc_publisher":"gm1954","dc_source":"https://beekdaelen.bestuurlijkeinformatie.nl/Agenda/Index/56d7df41-5e66-4e7c-96fc-f1c10a61bc05","dc_title":"Raadscommissie Fysieke Leefomgeving 2022-12-08 - Raadsvoorstel inzake \"Bestemmingsplan Burgemeester Beckerstraat 2 t/m 8 te Nuth\"","dc_type":"2c","dc_type_description":"Vergaderstuk decentrale overheid","foi_fairiscoreVersions":{"v1":2,"v2":2},"foi_files":[{"dc_format":"application/pdf","dc_identifier":"nl.gm1954.2c.2022.2833934-8.doc.4","dc_source":"https://api1.ibabs.eu/publicdownload.aspx?site=Beekdaelen&id=3b0a7347-acd5-4f24-b68b-7a9fba2fb777","dc_title":"Bijlage 2: Regels","dc_type":"bijlage","foi_fairiscoreVersions":{"v1":1,"v2":1},"foi_fileName":"Burgemeester%20Beckersstraat%202%20t_m%208_%20Nuth_%20Regels.pdf","foi_nrPages":10},{"dc_format":"application/pdf","dc_identifier":"nl.gm1954.2c.2022.2833934-8.doc.7","dc_source":"https://api1.ibabs.eu/publicdownload.aspx?site=Beekdaelen&id=ade84881-39cc-4870-8c09-ae98feea21ff","dc_title":"MvA technische voorvragen BL inzake B4 bestemmingsplan B. Beckerstraat Nuth","dc_type":"bijlage","foi_fairiscoreVersions":{"v1":1,"v2":1},"foi_fileName":"Memorie%20van%20Antwoord%20technische%20voorvragen%20BL%20inzake%20B4%20bestemmingsplan%20B.%20Beckerstraat%20Nuth.pdf","foi_nrPages":1},{"dc_format":"application/pdf","dc_identifier":"nl.gm1954.2c.2022.2833934-8.doc.5","dc_source":"https://api1.ibabs.eu/publicdownload.aspx?site=Beekdaelen&id=c5cce5d5-a89f-4387-8026-9ed7180461b8","dc_title":"Bijlage 3: Verbeelding","dc_type":"bijlage","foi_fairiscoreVersions":{"v1":1,"v2":1},"foi_fileName":"NL.IMRO.1954.BPburgbeckstr2tm8-VA01.pdf","foi_nrPages":1},{"dc_format":"application/pdf","dc_identifier":"nl.gm1954.2c.2022.2833934-8.doc.6","dc_source":"https://api1.ibabs.eu/publicdownload.aspx?site=Beekdaelen&id=855a67da-b0ac-467a-a1d8-bca8f908ce1a","dc_title":"Bijlage 4: Ondertekende anterieure overeenkomst","dc_type":"bijlage","foi_fairiscoreVersions":{"v1":5,"v2":5},"foi_fileName":"Ondertekende%20anterieure%20overeenkomst.pdf","foi_nrPages":16},{"dc_format":"application/pdf","dc_identifier":"nl.gm1954.2c.2022.2833934-8.doc.2","dc_source":"https://api1.ibabs.eu/publicdownload.aspx?site=Beekdaelen&id=e078b7d9-ca8c-40ed-b65f-d726ed61b2b4","dc_title":"Concept  raadsbesluit \"Bestemmingsplan Burgemeester Beckerstraat 2 t/m 8 te Nuth\"","dc_type":"bijlage","foi_fairiscoreVersions":{"v1":1,"v2":1},"foi_fileName":"Raadsbesluit_318908_1.pdf","foi_nrPages":1},{"dc_format":"application/pdf","dc_identifier":"nl.gm1954.2c.2022.2833934-8.doc.1","dc_source":"https://api1.ibabs.eu/publicdownload.aspx?site=Beekdaelen&id=74d6a1e2-0d0a-4fc7-be7e-ae4f8cf53ba2","dc_title":"Raadsvoorstel \"Bestemmingsplan Burgemeester Beckersstraat 2 t/m 8 te Nuth\"","dc_type":"bijlage","foi_fairiscoreVersions":{"v1":1,"v2":1},"foi_fileName":"Raadsvoorstel_318907_1.pdf","foi_nrPages":4},{"dc_format":"application/pdf","dc_identifier":"nl.gm1954.2c.2022.2833934-8.doc.3","dc_source":"https://api1.ibabs.eu/publicdownload.aspx?site=Beekdaelen&id=9d6c461f-61bd-40b8-a9f5-9a9e601a2b6a","dc_title":"Bijlage 1: Toelichting","dc_type":"bijlage","foi_fairiscoreVersions":{"v1":1,"v2":1},"foi_fileName":"t_NL.IMRO.1954.BPburgbeckstr2tm8-ON01.pdf","foi_nrPages":27}],"foi_nrDocuments":7,"foi_nrPagesInDossier":60,"foi_publishedDate":"2022-12-08","foi_retrievedDate":"2025-12-06"},{"dc_creator":"HandelingScraper_v1","dc_date_year":2022,"dc_description":"Vergadering van de Gemeente Beekdaelen op 2022-12-08. Onderdeel: Raadsvoorstel inzake \"Bestemmingsplan Maarweg 15-21 te Merkelbeek''.","dc_identifier":"nl.gm1954.2c.2022.2833934-9","dc_publisher":"gm1954","dc_source":"https://beekdaelen.bestuurlijkeinformatie.nl/Agenda/Index/56d7df41-5e66-4e7c-96fc-f1c10a61bc05","dc_title":"Raadscommissie Fysieke Leefomgeving 2022-12-08 - Raadsvoorstel inzake \"Bestemmingsplan Maarweg 15-21 te Merkelbeek''","dc_type":"2c","dc_type_description":"Vergaderstuk decentrale overheid","foi_fairiscoreVersions":{"v1":2,"v2":2},"foi_files":[{"dc_format":"application/pdf","dc_identifier":"nl.gm1954.2c.2022.2833934-9.doc.4","dc_source":"https://api1.ibabs.eu/publicdownload.aspx?site=Beekdaelen&id=e7cdd898-a486-4ab9-92c5-1c778fb6a0d1","dc_title":"Bijlage 2: Besluit principeverzoek Maarweg 15","dc_type":"bijlage","foi_fairiscoreVersions":{"v1":1,"v2":1},"foi_fileName":"Besluit%20principeverzoek%20Maarweg%2015.pdf","foi_nrPages":4},{"dc_format":"application/pdf","dc_identifier":"nl.gm1954.2c.2022.2833934-9.doc.6","dc_source":"https://api1.ibabs.eu/publicdownload.aspx?site=Beekdaelen&id=905297f3-ff30-4637-acdd-357a6fc42e48","dc_title":"Bijlage 4: Maarweg 15-21 Bijlagen toelichting","dc_type":"bijlage","foi_fairiscoreVersions":{"v1":3,"v2":3},"foi_fileName":"Maarweg%2015-21_Bijlagen%20toelichting.pdf","foi_nrPages":14},{"dc_format":"application/pdf","dc_identifier":"nl.gm1954.2c.2022.2833934-9.doc.7","dc_source":"https://api1.ibabs.eu/publicdownload.aspx?site=Beekdaelen&id=05450b0e-f8c6-49e3-a492-5f4504ebc95c","dc_title":"Bijlage 5: Maarweg 15-21 Regels","dc_type":"bijlage","foi_fairiscoreVersions":{"v1":3,"v2":3},"foi_fileName":"Maarweg%2015-21_Regels.pdf","foi_nrPages":34},{"dc_format":"application/pdf","dc_identifier":"nl.gm1954.2c.2022.2833934-9.doc.5","dc_source":"https://api1.ibabs.eu/publicdownload.aspx?site=Beekdaelen&id=1e93e4b3-daf3-433a-9080-752239436673","dc_title":"Bijlage 3: Maarweg 15-21 Toelichting","dc_type":"bijlage","foi_fairiscoreVersions":{"v1":3,"v2":3},"foi_fileName":"Maarweg%2015-21_Toelichting.pdf","foi_nrPages":44},{"dc_format":"application/pdf","dc_identifier":"nl.gm1954.2c.2022.2833934-9.doc.9","dc_source":"https://api1.ibabs.eu/publicdownload.aspx?site=Beekdaelen&id=6c5e5233-3986-49b3-9cb6-1e93456d9fa6","dc_title":"MvA technische voorvragen BL inzake B5 Bestemmingsplan Maarweg","dc_type":"bijlage","foi_fairiscoreVersions":{"v1":1,"v2":1},"foi_fileName":"MvA%20technische%20voorvragen%20BL%20inzake%20B5%20Bestemmingsplan%20Maarweg.pdf","foi_nrPages":2},{"dc_format":"application/pdf","dc_identifier":"nl.gm1954.2c.2022.2833934-9.doc.3","dc_source":"https://api1.ibabs.eu/publicdownload.aspx?site=Beekdaelen&id=1f531494-5cdc-4497-96d1-e5047f58a14a","dc_title":"Bijlage 1: Principeverzoek Maarweg 15-21","dc_type":"bijlage","foi_fairiscoreVersions":{"v1":1,"v2":1},"foi_fileName":"Principeverzoek%20Maarweg%2015-21.pdf","foi_nrPages":3},{"dc_format":"application/pdf","dc_identifier":"nl.gm1954.2c.2022.2833934-9.doc.2","dc_source":"https://api1.ibabs.eu/publicdownload.aspx?site=Beekdaelen&id=b2e5fdb3-77e8-4d7d-8931-b13c07c2d43e","dc_title":"Raadsbesluit \"Bestemmingsplan Maarweg 15-21 te Merkelbeek''","dc_type":"bijlage","foi_fairiscoreVersions":{"v1":1,"v2":1},"foi_fileName":"Raadsbesluit_318250_1.pdf","foi_nrPages":1},{"dc_format":"application/pdf","dc_identifier":"nl.gm1954.2c.2022.2833934-9.doc.1","dc_source":"https://api1.ibabs.eu/publicdownload.aspx?site=Beekdaelen&id=8d1167b3-2762-44f2-bc4c-6949d04727ff","dc_title":"Raadsvoorstel \"Bestemmingsplan Maarweg 15-21 te Merkelbeek''","dc_type":"bijlage","foi_fairiscoreVersions":{"v1":1,"v2":1},"foi_fileName":"Raadsvoorstel_318209_1.pdf","foi_nrPages":4},{"dc_format":"application/pdf","dc_identifier":"nl.gm1954.2c.2022.2833934-9.doc.8","dc_source":"https://api1.ibabs.eu/publicdownload.aspx?site=Beekdaelen&id=8832ad4b-6f22-44ae-bbdf-d3cd798f550d","dc_title":"Bijlage 6: Verbeelding Maarweg 15-21 Merkelbeek","dc_type":"bijlage","foi_fairiscoreVersions":{"v1":1,"v2":1},"foi_fileName":"Verbeelding%20Maarweg%2015-21%20Merkelbeek.pdf","foi_nrPages":1}],"foi_nrDocuments":9,"foi_nrPagesInDossier":107,"foi_publishedDate":"2022-12-08","foi_retrievedDate":"2026-03-03"},{"dc_creator":"HandelingScraper_v1","dc_date_year":2022,"dc_description":"Vergadering van de Gemeente Beekdaelen op 2022-12-20. Onderdeel: Opening.","dc_identifier":"nl.gm1954.2c.2022.2834009-1","dc_publisher":"gm1954","dc_source":"https://beekdaelen.bestuurlijkeinformatie.nl/Agenda/Index/959cf6b9-6779-495e-b496-9511aed20342","dc_title":"Raadsvergadering 2022-12-20 - Opening","dc_type":"2c","dc_type_description":"Vergaderstuk decentrale overheid","foi_fairiscoreVersions":{"v1":1,"v2":1},"foi_files":[{"dc_format":"application/pdf","dc_identifier":"nl.gm1954.2c.2022.2834009-1.doc.1","dc_source":"https://api1.ibabs.eu/publicdownload.aspx?site=Beekdaelen&id=aff33e84-84f4-4fda-bc38-397fc5af8845","dc_title":"Uitnodiging en voorlopige agenda raadsvergadering 20 december 2022","dc_type":"bijlage","foi_fairiscoreVersions":{"v1":1,"v2":1},"foi_fileName":"Uitnodiging%20en%20voorlopige%20agenda%20raadsvergadering%2020%20december%202022.pdf","foi_nrPages":2}],"foi_nrDocuments":1,"foi_nrPagesInDossier":2,"foi_publishedDate":"2022-12-20","foi_retrievedDate":"2026-03-07"},{"dc_creator":"HandelingScraper_v1","dc_date_year":2022,"dc_description":"Vergadering van de Gemeente Beekdaelen op 2022-12-20. Onderdeel: Voorstel inzake Stimuleringsregeling afkoppelen hemelwater private terreinen 2023.","dc_identifier":"nl.gm1954.2c.2022.2834009-10","dc_publisher":"gm1954","dc_source":"https://beekdaelen.bestuurlijkeinformatie.nl/Agenda/Index/959cf6b9-6779-495e-b496-9511aed20342","dc_title":"Raadsvergadering 2022-12-20 - Voorstel inzake Stimuleringsregeling afkoppelen hemelwater private terreinen 2023","dc_type":"2c","dc_type_description":"Vergaderstuk decentrale overheid","foi_fairiscoreVersions":{"v1":1,"v2":1},"foi_files":[{"dc_format":"application/pdf","dc_identifier":"nl.gm1954.2c.2022.2834009-10.doc.1","dc_source":"https://api1.ibabs.eu/publicdownload.aspx?site=Beekdaelen&id=3d216ce4-4c8a-4a5e-bce9-9ac8cadf6c8f","dc_title":"Raadsvoorstel stimuleringsregeling afkoppelen hemelwater private terreinen 2023","dc_type":"bijlage","foi_fairiscoreVersions":{"v1":1,"v2":1},"foi_fileName":"Z%2F22%2F176397%20-%20307501%20-%20stimuleringsregeling%20afkoppelen%20hemelwater%20private%20terreinen%202022-2023.pdf","foi_nrPages":5},{"dc_format":"application/pdf","dc_identifier":"nl.gm1954.2c.2022.2834009-10.doc.2","dc_source":"https://api1.ibabs.eu/publicdownload.aspx?site=Beekdaelen&id=307cf33b-e0b1-413a-9f59-2faca19ae20e","dc_title":"Raadsbesluit stimuleringsregeling afkoppelen hemelwater private terreinen 2023, vastgesteld 20.12.2022","dc_type":"bijlage","foi_fairiscoreVersions":{"v1":1,"v2":1},"foi_fileName":"Z%2F22%2F176397%20-%20307547%20-%20stimuleringsregeling%20afkoppelen%20hemelwater%20private%20terreinen%202022-2023.pdf","foi_nrPages":1},{"dc_format":"application/pdf","dc_identifier":"nl.gm1954.2c.2022.2834009-10.doc.3","dc_source":"https://api1.ibabs.eu/publicdownload.aspx?site=Beekdaelen&id=64b520aa-fc82-4a66-9eb8-2b6e1bf5a238","dc_title":"Verordening stimuleringsregeling afkoppelen hemelwater private terreinen gemeente Beekdaelen 2023, vastgesteld 20.12.2022","dc_type":"bijlage","foi_fairiscoreVersions":{"v1":1,"v2":1},"foi_fileName":"Z%2F22%2F176397%20-%20310285%20-.pdf","foi_nrPages":4}],"foi_nrDocuments":3,"foi_nrPagesInDossier":10,"foi_publishedDate":"2022-12-20","foi_retrievedDate":"2025-11-29"},{"dc_creator":"HandelingScraper_v1","dc_date_year":2022,"dc_description":"Vergadering van de Gemeente Beekdaelen op 2022-12-20. Onderdeel: Voorstel inzake Afvalstoffenverordening Beekdaelen 2023.","dc_identifier":"nl.gm1954.2c.2022.2834009-11","dc_publisher":"gm1954","dc_source":"https://beekdaelen.bestuurlijkeinformatie.nl/Agenda/Index/959cf6b9-6779-495e-b496-9511aed20342","dc_title":"Raadsvergadering 2022-12-20 - Voorstel inzake Afvalstoffenverordening Beekdaelen 2023","dc_type":"2c","dc_type_description":"Vergaderstuk decentrale overheid","foi_fairiscoreVersions":{"v1":1,"v2":1},"foi_files":[{"dc_format":"application/pdf","dc_identifier":"nl.gm1954.2c.2022.2834009-11.doc.1","dc_source":"https://api1.ibabs.eu/publicdownload.aspx?site=Beekdaelen&id=bdcd21ec-5f2f-4d09-be02-2d634c6512af","dc_title":"Raadsvoorstel \"Afvalstoffenverordening Beekdaelen 2023\"","dc_type":"bijlage","foi_fairiscoreVersions":{"v1":1,"v2":1},"foi_fileName":"Z%2F22%2F182070%20-%20319493%20-%20Afvalstoffenverordening%20Beekdaelen%202023.pdf","foi_nrPages":4},{"dc_format":"application/pdf","dc_identifier":"nl.gm1954.2c.2022.2834009-11.doc.2","dc_source":"https://api1.ibabs.eu/publicdownload.aspx?site=Beekdaelen&id=d5cc5e6e-c872-4107-9a52-30220ec45d77","dc_title":"Raadsbesluit Afvalstoffenverordening Beekdaelen 2023, vastgesteld 20.12.2022","dc_type":"bijlage","foi_fairiscoreVersions":{"v1":1,"v2":1},"foi_fileName":"Z%2F22%2F182070%20-%20319495%20-%20Raadsbesluit%20Afvalstoffenverordening%20Beekdaelen%202023.pdf","foi_nrPages":1},{"dc_format":"application/pdf","dc_identifier":"nl.gm1954.2c.2022.2834009-11.doc.3","dc_source":"https://api1.ibabs.eu/publicdownload.aspx?site=Beekdaelen&id=7ba8561e-43e7-459c-bb04-3afd89757ba2","dc_title":"Afvalstoffenverordening Beekdaelen 2023 incl. toelichting, vastgesteld 20.12.2022","dc_type":"bijlage","foi_fairiscoreVersions":{"v1":1,"v2":1},"foi_fileName":"Z%2F22%2F182070%20-%20319502%20-%20Concept%20Afvalstoffenverordening%20Beekdaelen%202023%20incl.pdf","foi_nrPages":16}],"foi_nrDocuments":3,"foi_nrPagesInDossier":21,"foi_publishedDate":"2022-12-20","foi_retrievedDate":"2025-11-29"},{"dc_creator":"HandelingScraper_v1","dc_date_year":2022,"dc_description":"Vergadering van de Gemeente Beekdaelen op 2022-12-20. Onderdeel: Voorstel inzake bestemmingsplan 'Burgemeester Beckersstraat 2 t/m 8 te Nuth'.","dc_identifier":"nl.gm1954.2c.2022.2834009-12","dc_publisher":"gm1954","dc_source":"https://beekdaelen.bestuurlijkeinformatie.nl/Agenda/Index/959cf6b9-6779-495e-b496-9511aed20342","dc_title":"Raadsvergadering 2022-12-20 - Voorstel inzake bestemmingsplan 'Burgemeester Beckersstraat 2 t/m 8 te Nuth'","dc_type":"2c","dc_type_description":"Vergaderstuk decentrale overheid","foi_fairiscoreVersions":{"v1":2,"v2":2},"foi_files":[{"dc_format":"application/pdf","dc_identifier":"nl.gm1954.2c.2022.2834009-12.doc.4","dc_source":"https://api1.ibabs.eu/publicdownload.aspx?site=Beekdaelen&id=3b0a7347-acd5-4f24-b68b-7a9fba2fb777","dc_title":"Bijlage 2: Regels","dc_type":"bijlage","foi_fairiscoreVersions":{"v1":1,"v2":1},"foi_fileName":"Burgemeester%20Beckersstraat%202%20t_m%208_%20Nuth_%20Regels.pdf","foi_nrPages":10},{"dc_format":"application/pdf","dc_identifier":"nl.gm1954.2c.2022.2834009-12.doc.5","dc_source":"https://api1.ibabs.eu/publicdownload.aspx?site=Beekdaelen&id=c5cce5d5-a89f-4387-8026-9ed7180461b8","dc_title":"Bijlage 3: Verbeelding","dc_type":"bijlage","foi_fairiscoreVersions":{"v1":1,"v2":1},"foi_fileName":"NL.IMRO.1954.BPburgbeckstr2tm8-VA01.pdf","foi_nrPages":1},{"dc_format":"application/pdf","dc_identifier":"nl.gm1954.2c.2022.2834009-12.doc.6","dc_source":"https://api1.ibabs.eu/publicdownload.aspx?site=Beekdaelen&id=855a67da-b0ac-467a-a1d8-bca8f908ce1a","dc_title":"Bijlage 4: Ondertekende anterieure overeenkomst","dc_type":"bijlage","foi_fairiscoreVersions":{"v1":5,"v2":5},"foi_fileName":"Ondertekende%20anterieure%20overeenkomst.pdf","foi_nrPages":16},{"dc_format":"application/pdf","dc_identifier":"nl.gm1954.2c.2022.2834009-12.doc.2","dc_source":"https://api1.ibabs.eu/publicdownload.aspx?site=Beekdaelen&id=26d45016-7771-45e6-a04e-9e8326ab762e","dc_title":"Raadsbesluit \"Bestemmingsplan Burgemeester Beckersstraat 2 t/m 8 te Nuth\", vastgesteld 20.12.2022","dc_type":"bijlage","foi_fairiscoreVersions":{"v1":1,"v2":1},"foi_fileName":"Raadsbesluit_318908_1.pdf","foi_nrPages":1},{"dc_format":"application/pdf","dc_identifier":"nl.gm1954.2c.2022.2834009-12.doc.1","dc_source":"https://api1.ibabs.eu/publicdownload.aspx?site=Beekdaelen&id=74d6a1e2-0d0a-4fc7-be7e-ae4f8cf53ba2","dc_title":"Raadsvoorstel \"Bestemmingsplan Burgemeester Beckersstraat 2 t/m 8 te Nuth\"","dc_type":"bijlage","foi_fairiscoreVersions":{"v1":1,"v2":1},"foi_fileName":"Raadsvoorstel_318907_1.pdf","foi_nrPages":4},{"dc_format":"application/pdf","dc_identifier":"nl.gm1954.2c.2022.2834009-12.doc.3","dc_source":"https://api1.ibabs.eu/publicdownload.aspx?site=Beekdaelen&id=9d6c461f-61bd-40b8-a9f5-9a9e601a2b6a","dc_title":"Bijlage 1: Toelichting","dc_type":"bijlage","foi_fairiscoreVersions":{"v1":1,"v2":1},"foi_fileName":"t_NL.IMRO.1954.BPburgbeckstr2tm8-ON01.pdf","foi_nrPages":27}],"foi_nrDocuments":6,"foi_nrPagesInDossier":59,"foi_publishedDate":"2022-12-20","foi_retrievedDate":"2025-11-29"},{"dc_creator":"HandelingScraper_v1","dc_date_year":2022,"dc_description":"Vergadering van de Gemeente Beekdaelen op 2022-12-20. Onderdeel: Voorstel inzake bestemmingsplan 'Parallelstraat 56a te Amstenrade'.","dc_identifier":"nl.gm1954.2c.2022.2834009-13","dc_publisher":"gm1954","dc_source":"https://beekdaelen.bestuurlijkeinformatie.nl/Agenda/Index/959cf6b9-6779-495e-b496-9511aed20342","dc_title":"Raadsvergadering 2022-12-20 - Voorstel inzake bestemmingsplan 'Parallelstraat 56a te Amstenrade'","dc_type":"2c","dc_type_description":"Vergaderstuk decentrale overheid","foi_fairiscoreVersions":{"v1":2,"v2":2},"foi_files":[{"dc_format":"application/pdf","dc_identifier":"nl.gm1954.2c.2022.2834009-13.doc.2","dc_source":"https://api1.ibabs.eu/publicdownload.aspx?site=Beekdaelen&id=d1b6e290-18d4-4d49-bd07-38f35d29f861","dc_title":"Bijlage 1: Toelichting","dc_type":"bijlage","foi_fairiscoreVersions":{"v1":2,"v2":1},"foi_fileName":"Bijlage%201%20Parallelstraat%2056a%20te%20Amstenrade_Toelichting.pdf","foi_nrPages":40},{"dc_format":"application/pdf","dc_identifier":"nl.gm1954.2c.2022.2834009-13.doc.3","dc_source":"https://api1.ibabs.eu/publicdownload.aspx?site=Beekdaelen&id=c39e7fe7-cc04-43f4-9e3c-22472614f078","dc_title":"Bijlage 2: Regels","dc_type":"bijlage","foi_fairiscoreVersions":{"v1":3,"v2":3},"foi_fileName":"Bijlage%202%20Parallelstraat%2056a%20te%20Amstenrade_Regels.pdf","foi_nrPages":38},{"dc_format":"application/pdf","dc_identifier":"nl.gm1954.2c.2022.2834009-13.doc.4","dc_source":"https://api1.ibabs.eu/publicdownload.aspx?site=Beekdaelen&id=6466a757-7227-4694-8eee-e1fc4e4d861a","dc_title":"Bijlage 3: Verbeelding","dc_type":"bijlage","foi_fairiscoreVersions":{"v1":1,"v2":1},"foi_fileName":"Bijlage%203%20Parallelstraat%2056a%20te%20Amstenrade_Verbeelding.pdf","foi_nrPages":1},{"dc_format":"application/pdf","dc_identifier":"nl.gm1954.2c.2022.2834009-13.doc.5","dc_source":"https://api1.ibabs.eu/publicdownload.aspx?site=Beekdaelen&id=9b30614d-6aee-41a6-b5f4-ec859c773f87","dc_title":"Bijlage 4: Bijlagen bij Toelichting Bijlage 1  Rapportage verkennend bodem- en asbestonderzoek","dc_type":"bijlage","foi_fairiscoreVersions":{"v1":3,"v2":3},"foi_fileName":"Bijlage%204%20Parallelstraat%2056a%20te%20Amstenrade_Bijlagen%20bij%20toelichting_Bijlage%201%20%20Rapportage%20verkennend%20bodem-%20en%20asbestonderzoek.pdf","foi_nrPages":55},{"dc_format":"application/pdf","dc_identifier":"nl.gm1954.2c.2022.2834009-13.doc.6","dc_source":"https://api1.ibabs.eu/publicdownload.aspx?site=Beekdaelen&id=6d09bc93-60e3-4b6c-bca4-df66e5b90522","dc_title":"Bijlage 5: Bijlagen bij Toelichting Bijlage 2  Rapportage akoestisch onderzoek wegverkeerslawaai","dc_type":"bijlage","foi_fairiscoreVersions":{"v1":2,"v2":2},"foi_fileName":"Bijlage%205%20Parallelstraat%2056a%20te%20Amstenrade_Bijlagen%20bij%20toelichting_Bijlage%202%20%20Rapportage%20akoestisch%20onderzoek%20wegverkeerslawaai.pdf","foi_nrPages":34},{"dc_format":"application/pdf","dc_identifier":"nl.gm1954.2c.2022.2834009-13.doc.7","dc_source":"https://api1.ibabs.eu/publicdownload.aspx?site=Beekdaelen&id=f5c80e8e-64a0-4abb-b96d-a549def4e1a4","dc_title":"Raadsbesluit \"Bestemmingsplan Parallelstraat 56a te Amstenrade\", vastgesteld 20.12.2022","dc_type":"bijlage","foi_fairiscoreVersions":{"v1":1,"v2":1},"foi_fileName":"Raadsbesluit_318788_1%20V2.pdf","foi_nrPages":1},{"dc_format":"application/pdf","dc_identifier":"nl.gm1954.2c.2022.2834009-13.doc.1","dc_source":"https://api1.ibabs.eu/publicdownload.aspx?site=Beekdaelen&id=2bf74829-76b8-45b3-a154-20a0483dd988","dc_title":"Raadsvoorstel \"Bestemmingsplan Parallelstraat 56a te Amstenrade\"","dc_type":"bijlage","foi_fairiscoreVersions":{"v1":1,"v2":1},"foi_fileName":"Raadsvoorstel_318783_1%20V2.pdf","foi_nrPages":3}],"foi_nrDocuments":7,"foi_nrPagesInDossier":172,"foi_publishedDate":"2022-12-20","foi_retrievedDate":"2025-11-29"},{"dc_creator":"HandelingScraper_v1","dc_date_year":2022,"dc_description":"Vergadering van de Gemeente Beekdaelen op 2022-12-20. Onderdeel: Voorstel inzake omgevingsvergunning Terstraten 1 Nuth.","dc_identifier":"nl.gm1954.2c.2022.2834009-14","dc_publisher":"gm1954","dc_source":"https://beekdaelen.bestuurlijkeinformatie.nl/Agenda/Index/959cf6b9-6779-495e-b496-9511aed20342","dc_title":"Raadsvergadering 2022-12-20 - Voorstel inzake omgevingsvergunning Terstraten 1 Nuth","dc_type":"2c","dc_type_description":"Vergaderstuk decentrale overheid","foi_fairiscoreVersions":{"v1":2,"v2":2},"foi_files":[{"dc_format":"application/pdf","dc_identifier":"nl.gm1954.2c.2022.2834009-14.doc.5","dc_source":"https://api1.ibabs.eu/publicdownload.aspx?site=Beekdaelen&id=c5271bd0-3d15-41e3-8e97-6551dc42af77","dc_title":"Bijlage: Ecologisch onderzoek behorende bij het Ontwerpbesluit","dc_type":"bijlage","foi_fairiscoreVersions":{"v1":2,"v2":2},"foi_fileName":"Ecologisch%20onderzoek%20behorende%20bij%20het%20Ontwerpbesluit.pdf","foi_nrPages":56},{"dc_format":"application/pdf","dc_identifier":"nl.gm1954.2c.2022.2834009-14.doc.3","dc_source":"https://api1.ibabs.eu/publicdownload.aspx?site=Beekdaelen&id=724e6606-cc73-4ec8-aecb-fd8a8d95023d","dc_title":"Bijlage: Ontwerpbesluit Terstraten 1 Nuth","dc_type":"bijlage","foi_fairiscoreVersions":{"v1":2,"v2":2},"foi_fileName":"Ontwerpbesluit%20Terstraten%201%20Nuth.pdf","foi_nrPages":11},{"dc_format":"application/pdf","dc_identifier":"nl.gm1954.2c.2022.2834009-14.doc.2","dc_source":"https://api1.ibabs.eu/publicdownload.aspx?site=Beekdaelen&id=ba705ef7-99ae-4a6f-9ee1-e85a397d31d5","dc_title":"Raadsbesluit Omgevingsvergunning Terstraten 1 Nuth, vastgesteld 20.12.2022","dc_type":"bijlage","foi_fairiscoreVersions":{"v1":1,"v2":1},"foi_fileName":"Raadsbesluit%20Omgevingsvergunning%20Terstraten%201%20Nuth.pdf","foi_nrPages":1},{"dc_format":"application/pdf","dc_identifier":"nl.gm1954.2c.2022.2834009-14.doc.1","dc_source":"https://api1.ibabs.eu/publicdownload.aspx?site=Beekdaelen&id=a3b9f62d-68a7-432c-b73b-7f839c7c7e48","dc_title":"Raadsvoorstel Omgevingsvergunning Terstraten 1 Nuth","dc_type":"bijlage","foi_fairiscoreVersions":{"v1":1,"v2":1},"foi_fileName":"Raadsvoorstel%20Omgevingsvergunning%20Terstraten%201%20Nuth.pdf","foi_nrPages":4},{"dc_format":"application/pdf","dc_identifier":"nl.gm1954.2c.2022.2834009-14.doc.4","dc_source":"https://api1.ibabs.eu/publicdownload.aspx?site=Beekdaelen&id=14bc5d52-40a0-490e-a306-db19cf273696","dc_title":"Bijlage: Ruimtelijke onderbouwing behorende bij Ontwerpbesluit","dc_type":"bijlage","foi_fairiscoreVersions":{"v1":3,"v2":3},"foi_fileName":"Ruimtelijke%20onderbouwing%20behorende%20bij%20Ontwerpbesluit.pdf","foi_nrPages":36}],"foi_nrDocuments":5,"foi_nrPagesInDossier":108,"foi_publishedDate":"2022-12-20","foi_retrievedDate":"2025-11-29"},{"dc_creator":"HandelingScraper_v1","dc_date_year":2022,"dc_description":"Vergadering van de Gemeente Beekdaelen op 2022-12-20. Onderdeel: Voorstel inzake vaststellen legesverordening 2023.","dc_identifier":"nl.gm1954.2c.2022.2834009-15","dc_publisher":"gm1954","dc_source":"https://beekdaelen.bestuurlijkeinformatie.nl/Agenda/Index/959cf6b9-6779-495e-b496-9511aed20342","dc_title":"Raadsvergadering 2022-12-20 - Voorstel inzake vaststellen legesverordening 2023","dc_type":"2c","dc_type_description":"Vergaderstuk decentrale overheid","foi_fairiscoreVersions":{"v1":1,"v2":1},"foi_files":[{"dc_format":"application/pdf","dc_identifier":"nl.gm1954.2c.2022.2834009-15.doc.4","dc_source":"https://api1.ibabs.eu/publicdownload.aspx?site=Beekdaelen&id=d86fad70-a034-47b9-b81a-dc56bc4b235e","dc_title":"Legesverordening 2023, vastgesteld 20.12.2022","dc_type":"bijlage","foi_fairiscoreVersions":{"v1":1,"v2":1},"foi_fileName":"Legesverordening%202023.pdf","foi_nrPages":3},{"dc_format":"application/pdf","dc_identifier":"nl.gm1954.2c.2022.2834009-15.doc.5","dc_source":"https://api1.ibabs.eu/publicdownload.aspx?site=Beekdaelen&id=d1439098-4d58-4593-9172-14d2e88b3c45","dc_title":"Legesverordening 2023 tarieventabel (gewijzigd), vastgesteld 20.12.2022","dc_type":"bijlage","foi_fairiscoreVersions":{"v1":1,"v2":1},"foi_fileName":"Legesverordening%202023%20tarieventabel%20%28gewijzigd%29.pdf","foi_nrPages":22},{"dc_format":"application/pdf","dc_identifier":"nl.gm1954.2c.2022.2834009-15.doc.3","dc_source":"https://api1.ibabs.eu/publicdownload.aspx?site=Beekdaelen&id=f3b72fa7-4a61-4f52-9111-e3fe812c9b53","dc_title":"Nota van wijziging","dc_type":"bijlage","foi_fairiscoreVersions":{"v1":1,"v2":1},"foi_fileName":"Nota%20van%20wijziging.pdf","foi_nrPages":2},{"dc_format":"application/pdf","dc_identifier":"nl.gm1954.2c.2022.2834009-15.doc.2","dc_source":"https://api1.ibabs.eu/publicdownload.aspx?site=Beekdaelen&id=f04c9185-1d52-457f-aef9-93e892ecbe30","dc_title":"Raadsbesluit legesverordening 2023 (gewijzigd), vastgesteld 20.12.2022","dc_type":"bijlage","foi_fairiscoreVersions":{"v1":1,"v2":1},"foi_fileName":"Raadsbesluit%20legesverordening%202023%20%28gewijzigd%29.pdf","foi_nrPages":1},{"dc_format":"application/pdf","dc_identifier":"nl.gm1954.2c.2022.2834009-15.doc.1","dc_source":"https://api1.ibabs.eu/publicdownload.aspx?site=Beekdaelen&id=8c254c16-8f16-4efa-a964-b29a1349a4ec","dc_title":"Raadsvoorstel legesverordening 2023 (gewijzigd)","dc_type":"bijlage","foi_fairiscoreVersions":{"v1":1,"v2":1},"foi_fileName":"Raadsvoorstel%20legesverordening%202023%20%28gewijzigd%29.pdf","foi_nrPages":3},{"dc_format":"application/pdf","dc_identifier":"nl.gm1954.2c.2022.2834009-15.doc.7","dc_source":"https://api1.ibabs.eu/publicdownload.aspx?site=Beekdaelen&id=02a6ca4a-4ce6-4427-80a2-2ee36656c9da","dc_title":"Was - wordt bepalingen tarieventabel 2023 (gewijzigd)","dc_type":"bijlage","foi_fairiscoreVersions":{"v1":1,"v2":1},"foi_fileName":"Was%20-%20wordt%20bepalingen%20tarieventabel%202023%20%28gewijzigd%29.pdf","foi_nrPages":2},{"dc_format":"application/pdf","dc_identifier":"nl.gm1954.2c.2022.2834009-15.doc.6","dc_source":"https://api1.ibabs.eu/publicdownload.aspx?site=Beekdaelen&id=fc6d5060-819c-4290-bb02-9c1b3b6ced86","dc_title":"Was - wordt tabel tarieven legesverordening 2023","dc_type":"bijlage","foi_fairiscoreVersions":{"v1":1,"v2":1},"foi_fileName":"Was%20-%20wordt%20tabel%20tarieven%20legesverordening%202023.pdf","foi_nrPages":18}],"foi_nrDocuments":7,"foi_nrPagesInDossier":51,"foi_publishedDate":"2022-12-20","foi_retrievedDate":"2025-11-29"},{"dc_creator":"HandelingScraper_v1","dc_date_year":2022,"dc_description":"Vergadering van de Gemeente Beekdaelen op 2022-12-20. Onderdeel: Voorstel inzake vaststellen verordening OZB 2023.","dc_identifier":"nl.gm1954.2c.2022.2834009-16","dc_publisher":"gm1954","dc_source":"https://beekdaelen.bestuurlijkeinformatie.nl/Agenda/Index/959cf6b9-6779-495e-b496-9511aed20342","dc_title":"Raadsvergadering 2022-12-20 - Voorstel inzake vaststellen verordening OZB 2023","dc_type":"2c","dc_type_description":"Vergaderstuk decentrale overheid","foi_fairiscoreVersions":{"v1":1,"v2":1},"foi_files":[{"dc_format":"application/pdf","dc_identifier":"nl.gm1954.2c.2022.2834009-16.doc.2","dc_source":"https://api1.ibabs.eu/publicdownload.aspx?site=Beekdaelen&id=8a16e8b9-931e-42ec-a42b-ecb4077d30f1","dc_title":"Nota van wijzigingen ozb-verordening 2023","dc_type":"bijlage","foi_fairiscoreVersions":{"v1":1,"v2":1},"foi_fileName":"Nota%20van%20wijzigingen%20ozb-verordening%202023.pdf","foi_nrPages":2},{"dc_format":"application/pdf","dc_identifier":"nl.gm1954.2c.2022.2834009-16.doc.3","dc_source":"https://api1.ibabs.eu/publicdownload.aspx?site=Beekdaelen&id=0adab671-5776-4fc0-985a-80dd7e09de32","dc_title":"Raadsbesluit verordening ozb 2023 (gewijzigd), vastgesteld 20.12.2022","dc_type":"bijlage","foi_fairiscoreVersions":{"v1":1,"v2":1},"foi_fileName":"Raadsbesluit%20verordening%20ozb%202023%20%28gewijzigd%29.pdf","foi_nrPages":1},{"dc_format":"application/pdf","dc_identifier":"nl.gm1954.2c.2022.2834009-16.doc.1","dc_source":"https://api1.ibabs.eu/publicdownload.aspx?site=Beekdaelen&id=32d82bd8-e079-43c9-b076-384fe6475185","dc_title":"Raadsvoorstel verordening ozb 2023 (gewijzigd)","dc_type":"bijlage","foi_fairiscoreVersions":{"v1":1,"v2":1},"foi_fileName":"Raadsvoorstel%20verordening%20ozb%202023%20%28gewijzigd%29.pdf","foi_nrPages":3},{"dc_format":"application/pdf","dc_identifier":"nl.gm1954.2c.2022.2834009-16.doc.4","dc_source":"https://api1.ibabs.eu/publicdownload.aspx?site=Beekdaelen&id=07bbde66-5ac7-49b3-89ca-f74b81f96e86","dc_title":"Verordening ozb 2023 (gewijzigd), vastgesteld 20.12.2022","dc_type":"bijlage","foi_fairiscoreVersions":{"v1":1,"v2":1},"foi_fileName":"Verordening%20ozb%202023%20%28gewijzigd%29.pdf","foi_nrPages":4},{"dc_format":"application/pdf","dc_identifier":"nl.gm1954.2c.2022.2834009-16.doc.5","dc_source":"https://api1.ibabs.eu/publicdownload.aspx?site=Beekdaelen&id=a947b85c-4a32-47fa-b858-7b03c38a9b26","dc_title":"Verordening ozb 2023 was - wordt tabel (gewijzigd)","dc_type":"bijlage","foi_fairiscoreVersions":{"v1":1,"v2":1},"foi_fileName":"Verordening%20ozb%202023%20was%20-%20wordt%20tabel%20%28gewijzigd%29.pdf","foi_nrPages":1}],"foi_nrDocuments":5,"foi_nrPagesInDossier":11,"foi_publishedDate":"2022-12-20","foi_retrievedDate":"2025-11-29"},{"dc_creator":"HandelingScraper_v1","dc_date_year":2022,"dc_description":"Vergadering van de Gemeente Beekdaelen op 2022-12-20. Onderdeel: Voorstel inzake vaststellen verordening kwijtschelding 2023.","dc_identifier":"nl.gm1954.2c.2022.2834009-17","dc_publisher":"gm1954","dc_source":"https://beekdaelen.bestuurlijkeinformatie.nl/Agenda/Index/959cf6b9-6779-495e-b496-9511aed20342","dc_title":"Raadsvergadering 2022-12-20 - Voorstel inzake vaststellen verordening kwijtschelding 2023","dc_type":"2c","dc_type_description":"Vergaderstuk decentrale overheid","foi_fairiscoreVersions":{"v1":1,"v2":1},"foi_files":[{"dc_format":"application/pdf","dc_identifier":"nl.gm1954.2c.2022.2834009-17.doc.1","dc_source":"https://api1.ibabs.eu/publicdownload.aspx?site=Beekdaelen&id=8377a6bd-6bf3-44f4-b801-4bbfe17f010c","dc_title":"Raadsvoorstel verordening kwijtschelding 2023","dc_type":"bijlage","foi_fairiscoreVersions":{"v1":1,"v2":1},"foi_fileName":"Z%2F22%2F177658%20-%20311695%20-%20verordening%20kwijtschelding%202023.pdf","foi_nrPages":3},{"dc_format":"application/pdf","dc_identifier":"nl.gm1954.2c.2022.2834009-17.doc.2","dc_source":"https://api1.ibabs.eu/publicdownload.aspx?site=Beekdaelen&id=4adc2aba-c7a2-4edf-9824-98817666185a","dc_title":"Raadsbesluit verordening kwijtschelding 2023, vastgesteld 20.12.2022","dc_type":"bijlage","foi_fairiscoreVersions":{"v1":1,"v2":1},"foi_fileName":"Z%2F22%2F177658%20-%20311701%20-%20verordening%20kwijtschelding%202023.pdf","foi_nrPages":1},{"dc_format":"application/pdf","dc_identifier":"nl.gm1954.2c.2022.2834009-17.doc.3","dc_source":"https://api1.ibabs.eu/publicdownload.aspx?site=Beekdaelen&id=70fc233f-f7e8-4f4b-a199-c5f1e177a2ec","dc_title":"Verordening kwijtschelding 2023, vastgesteld 20.12.2022","dc_type":"bijlage","foi_fairiscoreVersions":{"v1":1,"v2":1},"foi_fileName":"Z%2F22%2F177658%20-%20311702%20-%20verordening%20kwijtschelding%202023.pdf","foi_nrPages":2},{"dc_format":"application/pdf","dc_identifier":"nl.gm1954.2c.2022.2834009-17.doc.4","dc_source":"https://api1.ibabs.eu/publicdownload.aspx?site=Beekdaelen&id=c7a24156-d905-4a28-873d-d4956a38f598","dc_title":"Verordening kwijtschelding was - wordt tabel","dc_type":"bijlage","foi_fairiscoreVersions":{"v1":1,"v2":1},"foi_fileName":"Z%2F22%2F177658%20-%20317890%20-%20verordening%20kwijtschelding%20was%20-%20wordt%20tabel.pdf","foi_nrPages":1},{"dc_format":"application/pdf","dc_identifier":"nl.gm1954.2c.2022.2834009-17.doc.5","dc_source":"https://api1.ibabs.eu/publicdownload.aspx?site=Beekdaelen&id=f1d3f686-d255-4eb4-a003-1b21600081bc","dc_title":"1e begrotingswijziging 2023 ivm verhoging budget kwijtschelding gemeentelijk belastingen","dc_type":"bijlage","foi_fairiscoreVersions":{"v1":1,"v2":1},"foi_fileName":"Z%2F22%2F177658%20-%20320047%20-%201e%20begrotingswijziging%202023%20ivm%20verhoging%20budget%20kwijtschelding%20gemeentelijk%20belastingen.pdf","foi_nrPages":1}],"foi_nrDocuments":5,"foi_nrPagesInDossier":8,"foi_publishedDate":"2022-12-20","foi_retrievedDate":"2025-11-29"},{"dc_creator":"HandelingScraper_v1","dc_date_year":2022,"dc_description":"Vergadering van de Gemeente Beekdaelen op 2022-12-20. Onderdeel: Voorstel inzake extra krediet kindcentrum en clubgebouw VV Amstenrade.","dc_identifier":"nl.gm1954.2c.2022.2834009-18","dc_publisher":"gm1954","dc_source":"https://beekdaelen.bestuurlijkeinformatie.nl/Agenda/Index/959cf6b9-6779-495e-b496-9511aed20342","dc_title":"Raadsvergadering 2022-12-20 - Voorstel inzake extra krediet kindcentrum en clubgebouw VV Amstenrade","dc_type":"2c","dc_type_description":"Vergaderstuk decentrale overheid","foi_fairiscoreVersions":{"v1":1,"v2":1},"foi_files":[{"dc_format":"application/pdf","dc_identifier":"nl.gm1954.2c.2022.2834009-18.doc.3","dc_source":"https://api1.ibabs.eu/publicdownload.aspx?site=Beekdaelen&id=4fbeba14-84e1-4e30-8311-901a6484f4df","dc_title":"Begrotingswijziging 1.2 extra krediet kindcentrum Amstenrade en clubgebouw VVA","dc_type":"bijlage","foi_fairiscoreVersions":{"v1":1,"v2":1},"foi_fileName":"Begrotingswijziging%201.2%20extra%20krediet%20kindcentrum%20Amstenrade%20en%20clubgebouw%20VVA_1.pdf","foi_nrPages":1},{"dc_format":"application/pdf","dc_identifier":"nl.gm1954.2c.2022.2834009-18.doc.4","dc_source":"https://api1.ibabs.eu/publicdownload.aspx?site=Beekdaelen&id=647c9f59-90e4-4840-afed-45f36b38ef86","dc_title":"Budgetanalyse kindcentrum","dc_type":"bijlage","foi_fairiscoreVersions":{"v1":1,"v2":1},"foi_fileName":"Budgetanalyse%20kindcentrum.pdf","foi_nrPages":1},{"dc_format":"application/pdf","dc_identifier":"nl.gm1954.2c.2022.2834009-18.doc.2","dc_source":"https://api1.ibabs.eu/publicdownload.aspx?site=Beekdaelen&id=45093aac-a597-4cb2-95c3-a22006ffc49b","dc_title":"Raadsbesluit inzak extra krediet kindcentrum en clubgebouw VV Amstenrade, vastgesteld 20.12.2022","dc_type":"bijlage","foi_fairiscoreVersions":{"v1":1,"v2":1},"foi_fileName":"RBS%20inzak%20extra%20krediet%20kindcentrum%20en%20clubgebouw%20VV%20Amstenrade.pdf","foi_nrPages":1},{"dc_format":"application/pdf","dc_identifier":"nl.gm1954.2c.2022.2834009-18.doc.1","dc_source":"https://api1.ibabs.eu/publicdownload.aspx?site=Beekdaelen&id=6750e90e-597b-42bf-beb1-a088dd402a24","dc_title":"Raadsvoorstel inzake extra krediet kindcentrum en clubgebouw VV Amstenrade","dc_type":"bijlage","foi_fairiscoreVersions":{"v1":1,"v2":1},"foi_fileName":"RVS%20inzake%20extra%20krediet%20kindcentrum%20en%20clubgebouw%20VV%20Amstenrade.pdf","foi_nrPages":8}],"foi_nrDocuments":4,"foi_nrPagesInDossier":11,"foi_publishedDate":"2022-12-20","foi_retrievedDate":"2025-11-29"},{"dc_creator":"HandelingScraper_v1","dc_date_year":2022,"dc_description":"Vergadering van de Gemeente Beekdaelen op 2022-12-20. Onderdeel: Voorstel inzake tweede bestuursrapportage 2022.","dc_identifier":"nl.gm1954.2c.2022.2834009-19","dc_publisher":"gm1954","dc_source":"https://beekdaelen.bestuurlijkeinformatie.nl/Agenda/Index/959cf6b9-6779-495e-b496-9511aed20342","dc_title":"Raadsvergadering 2022-12-20 - Voorstel inzake tweede bestuursrapportage 2022","dc_type":"2c","dc_type_description":"Vergaderstuk decentrale overheid","foi_fairiscoreVersions":{"v1":2,"v2":2},"foi_files":[{"dc_format":"application/pdf","dc_identifier":"nl.gm1954.2c.2022.2834009-19.doc.2","dc_source":"https://api1.ibabs.eu/publicdownload.aspx?site=Beekdaelen&id=39484a42-5e87-43fd-aca6-04d64598e3d0","dc_title":"Eerste nota van wijzigingen Burap II-2022","dc_type":"bijlage","foi_fairiscoreVersions":{"v1":1,"v2":1},"foi_fileName":"Eerste%20nota%20van%20wijzigingen%20Burap%20II-2022.pdf","foi_nrPages":2},{"dc_format":"application/pdf","dc_identifier":"nl.gm1954.2c.2022.2834009-19.doc.7","dc_source":"https://api1.ibabs.eu/publicdownload.aspx?site=Beekdaelen&id=9639813f-bd1c-4bcb-908d-0d5b87ff13b3","dc_title":"Memorie van Antwoord technische voorvragen commissie GL B1 Tweede bestuursrapportage 2022 AANGEPAST","dc_type":"bijlage","foi_fairiscoreVersions":{"v1":1,"v2":1},"foi_fileName":"Memorie%20van%20Antwoord%20technische%20voorvragen%20commissie%20GL%20B1%20Tweede%20bestuursrapportage%202022.pdf","foi_nrPages":1},{"dc_format":"application/pdf","dc_identifier":"nl.gm1954.2c.2022.2834009-19.doc.1","dc_source":"https://api1.ibabs.eu/publicdownload.aspx?site=Beekdaelen&id=bd0c03da-055f-46da-9ef0-2466cb0963d9","dc_title":"Raadsvoorstel Burap II-2022","dc_type":"bijlage","foi_fairiscoreVersions":{"v1":1,"v2":1},"foi_fileName":"Z%2F22%2F182674%20-%20321225%20-%20Raadsvoorstel%20Burap%20II-2022.pdf","foi_nrPages":3},{"dc_format":"application/pdf","dc_identifier":"nl.gm1954.2c.2022.2834009-19.doc.3","dc_source":"https://api1.ibabs.eu/publicdownload.aspx?site=Beekdaelen&id=59563a03-4118-4791-9c67-07134207bc12","dc_title":"Raadsbesluit Burap II-2022, vastgesteld 20.12.2022","dc_type":"bijlage","foi_fairiscoreVersions":{"v1":1,"v2":1},"foi_fileName":"Z%2F22%2F182674%20-%20321228%20-%20Raadsbesluit%20Burap%20II-2022.pdf","foi_nrPages":1},{"dc_format":"application/pdf","dc_identifier":"nl.gm1954.2c.2022.2834009-19.doc.4","dc_source":"https://api1.ibabs.eu/publicdownload.aspx?site=Beekdaelen&id=d421b61e-f4d0-4cdc-a8e9-3781a4b1ca8a","dc_title":"Burap II-2022","dc_type":"bijlage","foi_fairiscoreVersions":{"v1":2,"v2":2},"foi_fileName":"Z%2F22%2F182674%20-%20321764%20-%20Burap%20II-2022.pdf","foi_nrPages":63},{"dc_format":"application/pdf","dc_identifier":"nl.gm1954.2c.2022.2834009-19.doc.6","dc_source":"https://api1.ibabs.eu/publicdownload.aspx?site=Beekdaelen&id=c2334ab6-45f8-49dd-9828-cb00ed8779a4","dc_title":"Begrotingswijziging Burap II-2022","dc_type":"bijlage","foi_fairiscoreVersions":{"v1":1,"v2":1},"foi_fileName":"Z%2F22%2F182674%20-%20321765%20-%20Begrotingswijziging%20Burap%20II-2022.pdf","foi_nrPages":1},{"dc_format":"application/pdf","dc_identifier":"nl.gm1954.2c.2022.2834009-19.doc.5","dc_source":"https://api1.ibabs.eu/publicdownload.aspx?site=Beekdaelen&id=2bde25b6-c946-4d3e-9727-e375aa515efa","dc_title":"Overzicht mutaties reserves Burap II-2022","dc_type":"bijlage","foi_fairiscoreVersions":{"v1":1,"v2":1},"foi_fileName":"Z%2F22%2F182674%20-%20321766%20-%20Overzicht%20mutaties%20reserves%20Burap%20II-2022.pdf","foi_nrPages":1}],"foi_nrDocuments":7,"foi_nrPagesInDossier":72,"foi_publishedDate":"2022-12-20","foi_retrievedDate":"2025-11-30"},{"dc_creator":"HandelingScraper_v1","dc_date_year":2022,"dc_description":"Vergadering van de Gemeente Beekdaelen op 2022-12-20. Onderdeel: Vaststelling van de agenda.","dc_identifier":"nl.gm1954.2c.2022.2834009-2","dc_publisher":"gm1954","dc_source":"https://beekdaelen.bestuurlijkeinformatie.nl/Agenda/Index/959cf6b9-6779-495e-b496-9511aed20342","dc_title":"Raadsvergadering 2022-12-20 - Vaststelling van de agenda","dc_type":"2c","dc_type_description":"Vergaderstuk decentrale overheid","foi_fairiscoreVersions":{"v1":1,"v2":1},"foi_files":[{"dc_format":"application/pdf","dc_identifier":"nl.gm1954.2c.2022.2834009-2.doc.1","dc_source":"https://api1.ibabs.eu/publicdownload.aspx?site=Beekdaelen&id=0ab57385-0f66-461c-82d6-b2e1cb2dc320","dc_title":"Vastgestelde agenda raadsvergadering 20122022","dc_type":"bijlage","foi_fairiscoreVersions":{"v1":1,"v2":1},"foi_fileName":"Vastgestelde%20agenda%20raadsvergadering%2020122022.pdf","foi_nrPages":2}],"foi_nrDocuments":1,"foi_nrPagesInDossier":2,"foi_publishedDate":"2022-12-20","foi_retrievedDate":"2025-12-05"},{"dc_creator":"HandelingScraper_v1","dc_date_year":2022,"dc_description":"Vergadering van de Gemeente Beekdaelen op 2022-12-20. Onderdeel: Amendement PvdA inzake kredieten omgevingswet.","dc_identifier":"nl.gm1954.2c.2022.2834009-20","dc_publisher":"gm1954","dc_source":"https://beekdaelen.bestuurlijkeinformatie.nl/Agenda/Index/959cf6b9-6779-495e-b496-9511aed20342","dc_title":"Raadsvergadering 2022-12-20 - Amendement PvdA inzake kredieten omgevingswet","dc_type":"2c","dc_type_description":"Vergaderstuk decentrale overheid","foi_fairiscoreVersions":{"v1":1,"v2":1},"foi_files":[{"dc_format":"application/pdf","dc_identifier":"nl.gm1954.2c.2022.2834009-20.doc.1","dc_source":"https://api1.ibabs.eu/publicdownload.aspx?site=Beekdaelen&id=316c1640-e57e-4209-82b3-a88e39affa83","dc_title":"Amendement PvdA inzake omgevingswet VERWORPEN","dc_type":"bijlage","foi_fairiscoreVersions":{"v1":1,"v2":1},"foi_fileName":"Amendement%20PvdA%20inzake%20omgevingswet%20VERWORPEN.pdf","foi_nrPages":1}],"foi_nrDocuments":1,"foi_nrPagesInDossier":1,"foi_publishedDate":"2022-12-20","foi_retrievedDate":"2025-11-29"},{"dc_creator":"HandelingScraper_v1","dc_date_year":2022,"dc_description":"Vergadering van de Gemeente Beekdaelen op 2022-12-20. Onderdeel: Voorstel inzake duurzame inrichting bedrijfslocatie De Uiver inclusief grondaankoop.","dc_identifier":"nl.gm1954.2c.2022.2834009-21","dc_publisher":"gm1954","dc_source":"https://beekdaelen.bestuurlijkeinformatie.nl/Agenda/Index/959cf6b9-6779-495e-b496-9511aed20342","dc_title":"Raadsvergadering 2022-12-20 - Voorstel inzake duurzame inrichting bedrijfslocatie De Uiver inclusief grondaankoop","dc_type":"2c","dc_type_description":"Vergaderstuk decentrale overheid","foi_fairiscoreVersions":{"v1":2,"v2":2},"foi_files":[{"dc_format":"application/pdf","dc_identifier":"nl.gm1954.2c.2022.2834009-21.doc.1","dc_source":"https://api1.ibabs.eu/publicdownload.aspx?site=Beekdaelen&id=615aa330-3eb5-4859-a50b-3bacb1786a48","dc_title":"Raadsvoorstel inzake duurzame inrichting  bedrijfslocatie De Uiver en grondaankoop Provincialeweg Noord 84 Doenrade, De Uiver","dc_type":"bijlage","foi_fairiscoreVersions":{"v1":1,"v2":1},"foi_fileName":"aangepast%20rv%20mbt%20De%20Uiver%20incl%20verbeelding.pdf","foi_nrPages":4},{"dc_format":"application/pdf","dc_identifier":"nl.gm1954.2c.2022.2834009-21.doc.2","dc_source":"https://api1.ibabs.eu/publicdownload.aspx?site=Beekdaelen&id=85902109-51b7-4e35-93eb-83e4a3df6bc7","dc_title":"Raadsbesluit aankoopvoorstel Provincialeweg Noord  84 Doenrade - Uiver, vastgesteld 20.12.2022","dc_type":"bijlage","foi_fairiscoreVersions":{"v1":1,"v2":1},"foi_fileName":"Raadsbesluit%20aankoopvoorstel%20Provincialeweg%20Noord%20%2084%20Doenrade%20-%20Uiver%2022.12.2022.pdf","foi_nrPages":1},{"dc_format":"application/pdf","dc_identifier":"nl.gm1954.2c.2022.2834009-21.doc.3","dc_source":"https://api1.ibabs.eu/publicdownload.aspx?site=Beekdaelen&id=5941f936-6f56-478c-98ab-2172affd08f5","dc_title":"Bijlage: Taxatierapport Provincialeweg Noord 84 6439AA te Doenrade - Aelmans Taxaties BV - 20 april 2022","dc_type":"bijlage","foi_fairiscoreVersions":{"v1":2,"v2":2},"foi_fileName":"Z%2F22%2F174186%20-%20313954%20-.pdf","foi_nrPages":80},{"dc_format":"application/pdf","dc_identifier":"nl.gm1954.2c.2022.2834009-21.doc.4","dc_source":"https://api1.ibabs.eu/publicdownload.aspx?site=Beekdaelen&id=e91fc954-f897-405a-af1b-6abdbb7e97d0","dc_title":"Bijlage: Begrotingsvoorstel 7.1 aankoop grond Uiver plus  bestemmingsplanwijziging","dc_type":"bijlage","foi_fairiscoreVersions":{"v1":1,"v2":1},"foi_fileName":"Z%2F22%2F174186%20-%20314047%20-.pdf","foi_nrPages":1}],"foi_nrDocuments":4,"foi_nrPagesInDossier":86,"foi_publishedDate":"2022-12-20","foi_retrievedDate":"2025-11-29"},{"dc_creator":"HandelingScraper_v1","dc_date_year":2022,"dc_description":"Vergadering van de Gemeente Beekdaelen op 2022-12-20. Onderdeel: Voorstel inzake bestemmingsplan 'Maarweg 15-21 te Merkelbeek'.","dc_identifier":"nl.gm1954.2c.2022.2834009-22","dc_publisher":"gm1954","dc_source":"https://beekdaelen.bestuurlijkeinformatie.nl/Agenda/Index/959cf6b9-6779-495e-b496-9511aed20342","dc_title":"Raadsvergadering 2022-12-20 - Voorstel inzake bestemmingsplan 'Maarweg 15-21 te Merkelbeek'","dc_type":"2c","dc_type_description":"Vergaderstuk decentrale overheid","foi_fairiscoreVersions":{"v1":2,"v2":2},"foi_files":[{"dc_format":"application/pdf","dc_identifier":"nl.gm1954.2c.2022.2834009-22.doc.5","dc_source":"https://api1.ibabs.eu/publicdownload.aspx?site=Beekdaelen&id=e7cdd898-a486-4ab9-92c5-1c778fb6a0d1","dc_title":"Bijlage 2: Besluit principeverzoek Maarweg 15","dc_type":"bijlage","foi_fairiscoreVersions":{"v1":1,"v2":1},"foi_fileName":"Besluit%20principeverzoek%20Maarweg%2015.pdf","foi_nrPages":4},{"dc_format":"application/pdf","dc_identifier":"nl.gm1954.2c.2022.2834009-22.doc.7","dc_source":"https://api1.ibabs.eu/publicdownload.aspx?site=Beekdaelen&id=905297f3-ff30-4637-acdd-357a6fc42e48","dc_title":"Bijlage 4: Maarweg 15-21 Bijlagen toelichting","dc_type":"bijlage","foi_fairiscoreVersions":{"v1":3,"v2":3},"foi_fileName":"Maarweg%2015-21_Bijlagen%20toelichting.pdf","foi_nrPages":14},{"dc_format":"application/pdf","dc_identifier":"nl.gm1954.2c.2022.2834009-22.doc.8","dc_source":"https://api1.ibabs.eu/publicdownload.aspx?site=Beekdaelen&id=05450b0e-f8c6-49e3-a492-5f4504ebc95c","dc_title":"Bijlage 5: Maarweg 15-21 Regels","dc_type":"bijlage","foi_fairiscoreVersions":{"v1":3,"v2":3},"foi_fileName":"Maarweg%2015-21_Regels.pdf","foi_nrPages":34},{"dc_format":"application/pdf","dc_identifier":"nl.gm1954.2c.2022.2834009-22.doc.6","dc_source":"https://api1.ibabs.eu/publicdownload.aspx?site=Beekdaelen&id=1e93e4b3-daf3-433a-9080-752239436673","dc_title":"Bijlage 3: Maarweg 15-21 Toelichting","dc_type":"bijlage","foi_fairiscoreVersions":{"v1":3,"v2":3},"foi_fileName":"Maarweg%2015-21_Toelichting.pdf","foi_nrPages":44},{"dc_format":"application/pdf","dc_identifier":"nl.gm1954.2c.2022.2834009-22.doc.2","dc_source":"https://api1.ibabs.eu/publicdownload.aspx?site=Beekdaelen&id=48ec7b57-747f-4653-89aa-5fb88e330a58","dc_title":"Nota van Wijziging mbt raadsvoorstel bestemmingsplan Maarweg","dc_type":"bijlage","foi_fairiscoreVersions":{"v1":1,"v2":1},"foi_fileName":"Nota%20van%20Wijziging%20mbt%20raadsvoorstel%20bestemmingsplan%20Maarweg.pdf","foi_nrPages":2},{"dc_format":"application/pdf","dc_identifier":"nl.gm1954.2c.2022.2834009-22.doc.4","dc_source":"https://api1.ibabs.eu/publicdownload.aspx?site=Beekdaelen&id=1f531494-5cdc-4497-96d1-e5047f58a14a","dc_title":"Bijlage 1: Principeverzoek Maarweg 15-21","dc_type":"bijlage","foi_fairiscoreVersions":{"v1":1,"v2":1},"foi_fileName":"Principeverzoek%20Maarweg%2015-21.pdf","foi_nrPages":3},{"dc_format":"application/pdf","dc_identifier":"nl.gm1954.2c.2022.2834009-22.doc.3","dc_source":"https://api1.ibabs.eu/publicdownload.aspx?site=Beekdaelen&id=ed17fb04-6297-469d-8f3c-56a07f7ff9c0","dc_title":"Raadsbesluit \"Bestemmingsplan Maarweg 15-21 te Merkelbeek'', vastgesteld 20.12.2022","dc_type":"bijlage","foi_fairiscoreVersions":{"v1":1,"v2":1},"foi_fileName":"Raadsbesluit_318250_1.pdf","foi_nrPages":1},{"dc_format":"application/pdf","dc_identifier":"nl.gm1954.2c.2022.2834009-22.doc.1","dc_source":"https://api1.ibabs.eu/publicdownload.aspx?site=Beekdaelen&id=8d1167b3-2762-44f2-bc4c-6949d04727ff","dc_title":"Raadsvoorstel \"Bestemmingsplan Maarweg 15-21 te Merkelbeek''","dc_type":"bijlage","foi_fairiscoreVersions":{"v1":1,"v2":1},"foi_fileName":"Raadsvoorstel_318209_1.pdf","foi_nrPages":4},{"dc_format":"application/pdf","dc_identifier":"nl.gm1954.2c.2022.2834009-22.doc.9","dc_source":"https://api1.ibabs.eu/publicdownload.aspx?site=Beekdaelen&id=8832ad4b-6f22-44ae-bbdf-d3cd798f550d","dc_title":"Bijlage 6: Verbeelding Maarweg 15-21 Merkelbeek","dc_type":"bijlage","foi_fairiscoreVersions":{"v1":1,"v2":1},"foi_fileName":"Verbeelding%20Maarweg%2015-21%20Merkelbeek.pdf","foi_nrPages":1}],"foi_nrDocuments":9,"foi_nrPagesInDossier":107,"foi_publishedDate":"2022-12-20","foi_retrievedDate":"2025-11-29"},{"dc_creator":"HandelingScraper_v1","dc_date_year":2022,"dc_description":"Vergadering van de Gemeente Beekdaelen op 2022-12-20. Onderdeel: Voorstel inzake Kadernota armoedebeleid 2023.","dc_identifier":"nl.gm1954.2c.2022.2834009-23","dc_publisher":"gm1954","dc_source":"https://beekdaelen.bestuurlijkeinformatie.nl/Agenda/Index/959cf6b9-6779-495e-b496-9511aed20342","dc_title":"Raadsvergadering 2022-12-20 - Voorstel inzake Kadernota armoedebeleid 2023","dc_type":"2c","dc_type_description":"Vergaderstuk decentrale overheid","foi_fairiscoreVersions":{"v1":2,"v2":1},"foi_files":[{"dc_format":"application/pdf","dc_identifier":"nl.gm1954.2c.2022.2834009-23.doc.8","dc_source":"https://api1.ibabs.eu/publicdownload.aspx?site=Beekdaelen&id=c00e6c4f-c570-4548-a116-8230c21eec8f","dc_title":"Bijlage: Armoedemonitor 2019 Kompas (Nuth, Simpelveld, Voerendaal)","dc_type":"bijlage","foi_fairiscoreVersions":{"v1":2,"v2":1},"foi_fileName":"Bijlage%206%20Armoedemonitor%202019%20Kompas%20%28Nuth_%20Simpelveld_%20Voerendaal%29.pdf","foi_nrPages":42},{"dc_format":"application/pdf","dc_identifier":"nl.gm1954.2c.2022.2834009-23.doc.2","dc_source":"https://api1.ibabs.eu/publicdownload.aspx?site=Beekdaelen&id=7ac1b36d-1357-42bf-b552-3e6aa9f23804","dc_title":"Nota van Wijziging","dc_type":"bijlage","foi_fairiscoreVersions":{"v1":1,"v2":1},"foi_fileName":"Nota%20van%20Wijziging.pdf","foi_nrPages":1},{"dc_format":"application/pdf","dc_identifier":"nl.gm1954.2c.2022.2834009-23.doc.1","dc_source":"https://api1.ibabs.eu/publicdownload.aspx?site=Beekdaelen&id=731fe44d-f84a-4be0-a924-02f84832f2dd","dc_title":"Raadsvoorstel Kadernota Armoedebeleid 2023 na nota van wijziging","dc_type":"bijlage","foi_fairiscoreVersions":{"v1":1,"v2":1},"foi_fileName":"Raadsvoorstel%20Kadernota%20Armoedebeleid%202023_gewijzigd.pdf","foi_nrPages":8},{"dc_format":"application/pdf","dc_identifier":"nl.gm1954.2c.2022.2834009-23.doc.4","dc_source":"https://api1.ibabs.eu/publicdownload.aspx?site=Beekdaelen&id=690d6540-04a9-41fd-b04f-c32ca2d81fe2","dc_title":"Kadernota Armoedebeleid 2023","dc_type":"bijlage","foi_fairiscoreVersions":{"v1":1,"v2":1},"foi_fileName":"Z%2F22%2F174708%20-%20303240%20-%20De%20Nota%20Armoedebeleid%202022.pdf","foi_nrPages":26},{"dc_format":"application/pdf","dc_identifier":"nl.gm1954.2c.2022.2834009-23.doc.9","dc_source":"https://api1.ibabs.eu/publicdownload.aspx?site=Beekdaelen&id=27b404c1-8317-4809-ad64-3fd57c1468d5","dc_title":"Bijlage: Armoedemonitor 2019 Schinnen","dc_type":"bijlage","foi_fairiscoreVersions":{"v1":2,"v2":1},"foi_fileName":"Z%2F22%2F174708%20-%20303244.pdf","foi_nrPages":40},{"dc_format":"application/pdf","dc_identifier":"nl.gm1954.2c.2022.2834009-23.doc.10","dc_source":"https://api1.ibabs.eu/publicdownload.aspx?site=Beekdaelen&id=acd6a8a4-019f-4528-b874-8f5e5d4979fd","dc_title":"Bijlage: Armoedemonitor 2019 Onderbanken","dc_type":"bijlage","foi_fairiscoreVersions":{"v1":2,"v2":1},"foi_fileName":"Z%2F22%2F174708%20-%20303244.pdf","foi_nrPages":45},{"dc_format":"application/pdf","dc_identifier":"nl.gm1954.2c.2022.2834009-23.doc.11","dc_source":"https://api1.ibabs.eu/publicdownload.aspx?site=Beekdaelen&id=c164f7d4-cd33-4bec-bff2-bdbb044c7be9","dc_title":"Bijlage: Clientervaringsonderzoek 2019 Schinnen","dc_type":"bijlage","foi_fairiscoreVersions":{"v1":2,"v2":1},"foi_fileName":"Z%2F22%2F174708%20-%20303244.pdf","foi_nrPages":18},{"dc_format":"application/pdf","dc_identifier":"nl.gm1954.2c.2022.2834009-23.doc.12","dc_source":"https://api1.ibabs.eu/publicdownload.aspx?site=Beekdaelen&id=7da996ff-4dbc-42d3-a858-59b1022e8721","dc_title":"Bijlage: Clientervaringsonderzoek 2019 Onderbanken","dc_type":"bijlage","foi_fairiscoreVersions":{"v1":2,"v2":1},"foi_fileName":"Z%2F22%2F174708%20-%20303244.pdf","foi_nrPages":20},{"dc_format":"application/pdf","dc_identifier":"nl.gm1954.2c.2022.2834009-23.doc.3","dc_source":"https://api1.ibabs.eu/publicdownload.aspx?site=Beekdaelen&id=9106606a-3ba7-4acc-9c3e-8d263e5dcd3e","dc_title":"Raadsbesluit Kadernota armoedebeleid 2023, vastgesteld 20.12.2022","dc_type":"bijlage","foi_fairiscoreVersions":{"v1":1,"v2":1},"foi_fileName":"Z%2F22%2F174708%20-%20317795%20-%20Raadsbesluit%20Kadernota%20armoedebeleid%202023.pdf","foi_nrPages":1},{"dc_format":"application/pdf","dc_identifier":"nl.gm1954.2c.2022.2834009-23.doc.7","dc_source":"https://api1.ibabs.eu/publicdownload.aspx?site=Beekdaelen&id=4d611e8e-0da7-4a5d-a4ac-cb56d110c517","dc_title":"Bijlage: Factsheet landelijke aanpak geldzorgen, armoede en schulden","dc_type":"bijlage","foi_fairiscoreVersions":{"v1":2,"v2":1},"foi_fileName":"Z%2F22%2F174708%20-%20320092%20-%20Factsheet%20landelijke%20aanpak%20geldzorgen_%20armoede%20en%20schulden.pdf","foi_nrPages":7},{"dc_format":"application/pdf","dc_identifier":"nl.gm1954.2c.2022.2834009-23.doc.5","dc_source":"https://api1.ibabs.eu/publicdownload.aspx?site=Beekdaelen&id=a1e38b2e-ecba-4481-a09c-67f80a824155","dc_title":"Bijlage: Advies adviesraad sociaal domein Beekdaelen","dc_type":"bijlage","foi_fairiscoreVersions":{"v1":1,"v2":1},"foi_fileName":"Z%2F22%2F174708%20-%20320173%20-%20Advies%20adviesraad%20sociaal%20domein%20Beekdaelen.pdf","foi_nrPages":1},{"dc_format":"application/pdf","dc_identifier":"nl.gm1954.2c.2022.2834009-23.doc.6","dc_source":"https://api1.ibabs.eu/publicdownload.aspx?site=Beekdaelen&id=9d7d6289-a9ee-4e2d-98e1-587e2dbe736f","dc_title":"Bijlage: Bijlage bij advies adviesraad sociaal domein Beekdaelen","dc_type":"bijlage","foi_fairiscoreVersions":{"v1":1,"v2":1},"foi_fileName":"Z%2F22%2F174708%20-%20320174%20-%20Bijlage%20bij%20advies%20adviesraad%20sociaal%20domein%20Beekdaelen.pdf","foi_nrPages":2}],"foi_nrDocuments":12,"foi_nrPagesInDossier":211,"foi_publishedDate":"2022-12-20","foi_retrievedDate":"2025-11-29"},{"dc_creator":"HandelingScraper_v1","dc_date_year":2022,"dc_description":"Vergadering van de Gemeente Beekdaelen op 2022-12-20. Onderdeel: Tweetal moties inzake voedselbanken.","dc_identifier":"nl.gm1954.2c.2022.2834009-24","dc_publisher":"gm1954","dc_source":"https://beekdaelen.bestuurlijkeinformatie.nl/Agenda/Index/959cf6b9-6779-495e-b496-9511aed20342","dc_title":"Raadsvergadering 2022-12-20 - Tweetal moties inzake voedselbanken","dc_type":"2c","dc_type_description":"Vergaderstuk decentrale overheid","foi_fairiscoreVersions":{"v1":1,"v2":1},"foi_files":[{"dc_format":"application/pdf","dc_identifier":"nl.gm1954.2c.2022.2834009-24.doc.3","dc_source":"https://api1.ibabs.eu/publicdownload.aspx?site=Beekdaelen&id=540aeac1-6123-4046-aab4-ec1b1d322852","dc_title":"Motie CDA, PvdA, GL en VVD inzake voedselbanken VERVALLEN","dc_type":"bijlage","foi_fairiscoreVersions":{"v1":1,"v2":1},"foi_fileName":"Motie%20CDA_%20PvdA_%20GL%20en%20VVD%20inzake%20voedselbanken.pdf","foi_nrPages":2},{"dc_format":"application/pdf","dc_identifier":"nl.gm1954.2c.2022.2834009-24.doc.2","dc_source":"https://api1.ibabs.eu/publicdownload.aspx?site=Beekdaelen&id=f3c31ad9-67b7-40e2-90dc-017342a45ef5","dc_title":"Motie PvdA inzake SAN INGETROKKEN","dc_type":"bijlage","foi_fairiscoreVersions":{"v1":1,"v2":1},"foi_fileName":"Motie%20PvdA%20inzake%20SAN%20INGETROKKEN.pdf","foi_nrPages":1},{"dc_format":"application/pdf","dc_identifier":"nl.gm1954.2c.2022.2834009-24.doc.1","dc_source":"https://api1.ibabs.eu/publicdownload.aspx?site=Beekdaelen&id=34668ce6-b6bc-4a29-b173-cdbc8b502d53","dc_title":"Samengevoegde motie voedselbanken 20122022 UNANIEM AANGENOMEN","dc_type":"bijlage","foi_fairiscoreVersions":{"v1":1,"v2":1},"foi_fileName":"Samengevoegde%20motie%20voedselbanken%2020122022%20UNANIEM%20AANGENOMEN.pdf","foi_nrPages":2}],"foi_nrDocuments":3,"foi_nrPagesInDossier":5,"foi_publishedDate":"2022-12-20","foi_retrievedDate":"2025-11-29"},{"dc_creator":"HandelingScraper_v1","dc_date_year":2022,"dc_description":"Vergadering van de Gemeente Beekdaelen op 2022-12-20. Onderdeel: Motie PvdA inzake Ziektekostenverzekering.","dc_identifier":"nl.gm1954.2c.2022.2834009-25","dc_publisher":"gm1954","dc_source":"https://beekdaelen.bestuurlijkeinformatie.nl/Agenda/Index/959cf6b9-6779-495e-b496-9511aed20342","dc_title":"Raadsvergadering 2022-12-20 - Motie PvdA inzake Ziektekostenverzekering","dc_type":"2c","dc_type_description":"Vergaderstuk decentrale overheid","foi_fairiscoreVersions":{"v1":1,"v2":1},"foi_files":[{"dc_format":"application/pdf","dc_identifier":"nl.gm1954.2c.2022.2834009-25.doc.1","dc_source":"https://api1.ibabs.eu/publicdownload.aspx?site=Beekdaelen&id=24d7143d-f143-4fcc-a460-4f2218e4c512","dc_title":"Motie PvdA inzake Ziektekostenverzekering INGETROKKEN","dc_type":"bijlage","foi_fairiscoreVersions":{"v1":1,"v2":1},"foi_fileName":"Motie%20PvdA%20inzake%20Ziektekostenverzekering%20INGETROKKEN.pdf","foi_nrPages":2}],"foi_nrDocuments":1,"foi_nrPagesInDossier":2,"foi_publishedDate":"2022-12-20","foi_retrievedDate":"2026-03-05"},{"dc_creator":"HandelingScraper_v1","dc_date_year":2022,"dc_description":"Vergadering van de Gemeente Beekdaelen op 2022-12-20. Onderdeel: Motie PvdA inzake ondersteuning huishoudens met lage inkomens.","dc_identifier":"nl.gm1954.2c.2022.2834009-26","dc_publisher":"gm1954","dc_source":"https://beekdaelen.bestuurlijkeinformatie.nl/Agenda/Index/959cf6b9-6779-495e-b496-9511aed20342","dc_title":"Raadsvergadering 2022-12-20 - Motie PvdA inzake ondersteuning huishoudens met lage inkomens","dc_type":"2c","dc_type_description":"Vergaderstuk decentrale overheid","foi_fairiscoreVersions":{"v1":1,"v2":1},"foi_files":[{"dc_format":"application/pdf","dc_identifier":"nl.gm1954.2c.2022.2834009-26.doc.1","dc_source":"https://api1.ibabs.eu/publicdownload.aspx?site=Beekdaelen&id=4e42e152-855b-457f-b68e-2ad03298751e","dc_title":"Motie PvdA inzake Ondersteuning huishoudens met lage inkomens VERWORPEN","dc_type":"bijlage","foi_fairiscoreVersions":{"v1":1,"v2":1},"foi_fileName":"Motie%20PvdA%20inzake%20Ondersteuning%20huishoudens%20met%20lage%20inkomens%20VERWORPEN.pdf","foi_nrPages":1}],"foi_nrDocuments":1,"foi_nrPagesInDossier":1,"foi_publishedDate":"2022-12-20","foi_retrievedDate":"2026-03-03"},{"dc_creator":"HandelingScraper_v1","dc_date_year":2022,"dc_description":"Vergadering van de Gemeente Beekdaelen op 2022-12-20. Onderdeel: Motie GroenLinks inzake garantie geen terugbetaling.","dc_identifier":"nl.gm1954.2c.2022.2834009-27","dc_publisher":"gm1954","dc_source":"https://beekdaelen.bestuurlijkeinformatie.nl/Agenda/Index/959cf6b9-6779-495e-b496-9511aed20342","dc_title":"Raadsvergadering 2022-12-20 - Motie GroenLinks inzake garantie geen terugbetaling","dc_type":"2c","dc_type_description":"Vergaderstuk decentrale overheid","foi_fairiscoreVersions":{"v1":2,"v2":1},"foi_files":[{"dc_format":"application/pdf","dc_identifier":"nl.gm1954.2c.2022.2834009-27.doc.1","dc_source":"https://api1.ibabs.eu/publicdownload.aspx?site=Beekdaelen&id=cd4c01c1-43dc-4047-9b6c-6b81e6c93be9","dc_title":"Motie GL inzake garantie geen terugbetaling VERWORPEN","dc_type":"bijlage","foi_fairiscoreVersions":{"v1":2,"v2":1},"foi_fileName":"Motie%20GL%20inzake%20garantie%20geen%20terugbetaling%20VERWORPEN.pdf","foi_nrPages":2}],"foi_nrDocuments":1,"foi_nrPagesInDossier":2,"foi_publishedDate":"2022-12-20","foi_retrievedDate":"2025-12-02"},{"dc_creator":"HandelingScraper_v1","dc_date_year":2022,"dc_description":"Vergadering van de Gemeente Beekdaelen op 2022-12-20. Onderdeel: Voorstel inzake verordeningen 2023 Participatiewet.","dc_identifier":"nl.gm1954.2c.2022.2834009-28","dc_publisher":"gm1954","dc_source":"https://beekdaelen.bestuurlijkeinformatie.nl/Agenda/Index/959cf6b9-6779-495e-b496-9511aed20342","dc_title":"Raadsvergadering 2022-12-20 - Voorstel inzake verordeningen 2023 Participatiewet","dc_type":"2c","dc_type_description":"Vergaderstuk decentrale overheid","foi_fairiscoreVersions":{"v1":2,"v2":1},"foi_files":[{"dc_format":"application/pdf","dc_identifier":"nl.gm1954.2c.2022.2834009-28.doc.9","dc_source":"https://api1.ibabs.eu/publicdownload.aspx?site=Beekdaelen&id=6c677600-bd94-4ce4-be80-a2a8c21700b5","dc_title":"Bijlage: Bijlage 1 bij Advies adviesraad sociaal domein Bekdaelen","dc_type":"bijlage","foi_fairiscoreVersions":{"v1":1,"v2":1},"foi_fileName":"Advies%20ASD-Bijlage%201%20Vragen-Opmerkingen-Taakveld%20voor%20advies%20verordeningen%20participatie%20-%20Z22181.pdf","foi_nrPages":1},{"dc_format":"application/pdf","dc_identifier":"nl.gm1954.2c.2022.2834009-28.doc.10","dc_source":"https://api1.ibabs.eu/publicdownload.aspx?site=Beekdaelen&id=5e905f97-56d7-4311-a528-8fe0ce0e8843","dc_title":"Bijlage: Bijlage 2 bij Advies adviesraad sociaal domein Bekdaelen","dc_type":"bijlage","foi_fairiscoreVersions":{"v1":1,"v2":1},"foi_fileName":"Advies%20ASD-Bijlage%202%20de-winst-van-het-sociaal-domein_def%20-%20Z22181619%20-%20321409.pdf","foi_nrPages":17},{"dc_format":"application/pdf","dc_identifier":"nl.gm1954.2c.2022.2834009-28.doc.8","dc_source":"https://api1.ibabs.eu/publicdownload.aspx?site=Beekdaelen&id=7d30a8a9-1910-4f99-b981-31070ceb69b5","dc_title":"Bijlage: Advies ASD Beekdaelen op participatieverordeningen 2023","dc_type":"bijlage","foi_fairiscoreVersions":{"v1":1,"v2":1},"foi_fileName":"Advies%20ASD%20Beekdaelen%20op%20participatieverordeningen%202023%20-%20Z22181619%20-%20321409%20-%20Advies%20Adviesraad.pdf","foi_nrPages":1},{"dc_format":"application/pdf","dc_identifier":"nl.gm1954.2c.2022.2834009-28.doc.1","dc_source":"https://api1.ibabs.eu/publicdownload.aspx?site=Beekdaelen&id=97cd4061-9cef-4fed-928b-fd55c46e213b","dc_title":"Raadsvoorstel Verordeningen Participatiewet 2023","dc_type":"bijlage","foi_fairiscoreVersions":{"v1":2,"v2":1},"foi_fileName":"Gewijzigd%20raadsvoorstel%20Verordeningen%20Participatiewet%202023%20-%20Z22181619%20-%20321443%20-%20Gewijzigd%20raa.pdf","foi_nrPages":5},{"dc_format":"application/pdf","dc_identifier":"nl.gm1954.2c.2022.2834009-28.doc.2","dc_source":"https://api1.ibabs.eu/publicdownload.aspx?site=Beekdaelen&id=4fe62cf1-3573-4421-87c5-e9f978b2c1e4","dc_title":"Nota van Wijziging","dc_type":"bijlage","foi_fairiscoreVersions":{"v1":1,"v2":1},"foi_fileName":"Nota%20van%20Wijziging.pdf","foi_nrPages":1},{"dc_format":"application/pdf","dc_identifier":"nl.gm1954.2c.2022.2834009-28.doc.4","dc_source":"https://api1.ibabs.eu/publicdownload.aspx?site=Beekdaelen&id=88ff5e74-448d-4460-b204-2163527ca99e","dc_title":"Verordening afstemming ISD Kompas 2023 gemeente Beekdaelen na nota van wijziging, vastgesteld 20.12.2022","dc_type":"bijlage","foi_fairiscoreVersions":{"v1":1,"v2":1},"foi_fileName":"Verordening%20afstemming%20ISD%20Kompas%202023%20gemeente%20Beekdaelen_gewijzigd.pdf","foi_nrPages":7},{"dc_format":"application/pdf","dc_identifier":"nl.gm1954.2c.2022.2834009-28.doc.3","dc_source":"https://api1.ibabs.eu/publicdownload.aspx?site=Beekdaelen&id=32989b83-5d19-4978-80f7-ddc942a58292","dc_title":"Raadsbesluit Verordeningen 2023 Participatiewet, vastgesteld 20.12.2022","dc_type":"bijlage","foi_fairiscoreVersions":{"v1":1,"v2":1},"foi_fileName":"Z%2F22%2F181619%20-%20318351%20-%20Raadsbesluit%20Verordeningen%202023%20Participatiewet.pdf","foi_nrPages":1},{"dc_format":"application/pdf","dc_identifier":"nl.gm1954.2c.2022.2834009-28.doc.5","dc_source":"https://api1.ibabs.eu/publicdownload.aspx?site=Beekdaelen&id=792d710e-660e-4bfb-af74-b20b253a4d5c","dc_title":"Handhavingsverordening ISD Kompas 2023 gemeente Beekdaelen, vastgesteld 20.12.2022","dc_type":"bijlage","foi_fairiscoreVersions":{"v1":1,"v2":1},"foi_fileName":"Z%2F22%2F181619%20-%20318680%20-%20Handhavingsverordening%20ISD%20Kompas%202023%20gemeente%20Beekdaelen.pdf","foi_nrPages":2},{"dc_format":"application/pdf","dc_identifier":"nl.gm1954.2c.2022.2834009-28.doc.7","dc_source":"https://api1.ibabs.eu/publicdownload.aspx?site=Beekdaelen&id=6b878196-c0a2-4b38-98e7-f8cd22b0b5bb","dc_title":"Verordening Participatiewet, IOAW en IOAZ ISD Kompas 2023 gemeente Beekdaelen, vastgesteld 20.12.20222","dc_type":"bijlage","foi_fairiscoreVersions":{"v1":1,"v2":1},"foi_fileName":"Z%2F22%2F181619%20-%20318681%20-%20Verordening%20Participatiewet_%20IOAW%20en%20IOAZ%20ISD%20Kompas%202023%20gemeente%20Beekdaelen.pdf","foi_nrPages":4},{"dc_format":"application/pdf","dc_identifier":"nl.gm1954.2c.2022.2834009-28.doc.6","dc_source":"https://api1.ibabs.eu/publicdownload.aspx?site=Beekdaelen&id=166df761-8db6-44ee-967f-dfd1e1b6f451","dc_title":"Verordening Individuele inkomenstoeslag ISD Kompas 2023 gemeente Beekdaelen, vastgesteld 20.12.2022","dc_type":"bijlage","foi_fairiscoreVersions":{"v1":1,"v2":1},"foi_fileName":"Z%2F22%2F181619%20-%20318682%20-%20Verordening%20Individuele%20inkomenstoeslag%20ISD%20Kompas%202023%20gemeente%20Beekdaelen.pdf","foi_nrPages":2}],"foi_nrDocuments":10,"foi_nrPagesInDossier":41,"foi_publishedDate":"2022-12-20","foi_retrievedDate":"2026-02-05"},{"dc_creator":"HandelingScraper_v1","dc_date_year":2022,"dc_description":"Vergadering van de Gemeente Beekdaelen op 2022-12-20. Onderdeel: Vaststelling lijst ingekomen stukken.","dc_identifier":"nl.gm1954.2c.2022.2834009-29","dc_publisher":"gm1954","dc_source":"https://beekdaelen.bestuurlijkeinformatie.nl/Agenda/Index/959cf6b9-6779-495e-b496-9511aed20342","dc_title":"Raadsvergadering 2022-12-20 - Vaststelling lijst ingekomen stukken","dc_type":"2c","dc_type_description":"Vergaderstuk decentrale overheid","foi_fairiscoreVersions":{"v1":1,"v2":1},"foi_files":[{"dc_format":"application/pdf","dc_identifier":"nl.gm1954.2c.2022.2834009-29.doc.1","dc_source":"https://api1.ibabs.eu/publicdownload.aspx?site=Beekdaelen&id=10da55ba-9ca9-42d2-ab75-f879ed88abda","dc_title":"Lijst ingekomen stukken Raad 20122022 versie 16.12.2022, vastgesteld 20.12.2022","dc_type":"bijlage","foi_fairiscoreVersions":{"v1":1,"v2":1},"foi_fileName":"Lijst%20ingekomen%20stukken%20Raad%2020122022%20versie%2016.12.2022.pdf","foi_nrPages":7}],"foi_nrDocuments":1,"foi_nrPagesInDossier":7,"foi_publishedDate":"2022-12-20","foi_retrievedDate":"2026-02-05"},{"dc_creator":"HandelingScraper_v1","dc_date_year":2022,"dc_description":"Vergadering van de Gemeente Beekdaelen op 2022-12-20. Onderdeel: Vaststellen besluitenlijst openbare raadsvergadering d.d. 8 november 2022.","dc_identifier":"nl.gm1954.2c.2022.2834009-3","dc_publisher":"gm1954","dc_source":"https://beekdaelen.bestuurlijkeinformatie.nl/Agenda/Index/959cf6b9-6779-495e-b496-9511aed20342","dc_title":"Raadsvergadering 2022-12-20 - Vaststellen besluitenlijst openbare raadsvergadering d.d. 8 november 2022","dc_type":"2c","dc_type_description":"Vergaderstuk decentrale overheid","foi_fairiscoreVersions":{"v1":1,"v2":1},"foi_files":[{"dc_format":"application/pdf","dc_identifier":"nl.gm1954.2c.2022.2834009-3.doc.1","dc_source":"https://api1.ibabs.eu/publicdownload.aspx?site=Beekdaelen&id=a5f90818-4cdf-474d-ac16-7a545c8fc129","dc_title":"Besluitenlijst raadsvergadering 08112022, vastgesteld 20.12.2022","dc_type":"bijlage","foi_fairiscoreVersions":{"v1":1,"v2":1},"foi_fileName":"Besluitenlijst%20raadsvergadering%2008112022.pdf","foi_nrPages":34}],"foi_nrDocuments":1,"foi_nrPagesInDossier":34,"foi_publishedDate":"2022-12-20","foi_retrievedDate":"2025-12-03"},{"dc_creator":"HandelingScraper_v1","dc_date_year":2022,"dc_description":"Vergadering van de Gemeente Beekdaelen op 2022-12-20. Onderdeel: Voorstel inzake tweede begrotingswijziging 2022 GR WOZL.","dc_identifier":"nl.gm1954.2c.2022.2834009-4","dc_publisher":"gm1954","dc_source":"https://beekdaelen.bestuurlijkeinformatie.nl/Agenda/Index/959cf6b9-6779-495e-b496-9511aed20342","dc_title":"Raadsvergadering 2022-12-20 - Voorstel inzake tweede begrotingswijziging 2022 GR WOZL","dc_type":"2c","dc_type_description":"Vergaderstuk decentrale overheid","foi_fairiscoreVersions":{"v1":2,"v2":1},"foi_files":[{"dc_format":"application/pdf","dc_identifier":"nl.gm1954.2c.2022.2834009-4.doc.2","dc_source":"https://api1.ibabs.eu/publicdownload.aspx?site=Beekdaelen&id=2b907266-4825-4192-8256-e15a4c624e56","dc_title":"Nota van Wijziging","dc_type":"bijlage","foi_fairiscoreVersions":{"v1":1,"v2":1},"foi_fileName":"Nota%20van%20Wijziging.pdf","foi_nrPages":1},{"dc_format":"application/pdf","dc_identifier":"nl.gm1954.2c.2022.2834009-4.doc.1","dc_source":"https://api1.ibabs.eu/publicdownload.aspx?site=Beekdaelen&id=5910d9a6-c77c-4e7a-ad36-cdb6de1d1c6f","dc_title":"Raadsvoorstel Tweede begrotingswijziging 2022 GR WOZL na nota van wijziging","dc_type":"bijlage","foi_fairiscoreVersions":{"v1":1,"v2":1},"foi_fileName":"Raadsvoorstel%20Tweede%20begrotingswijziging%202022%20GR%20WOZL_gewijzigd.pdf","foi_nrPages":6},{"dc_format":"application/pdf","dc_identifier":"nl.gm1954.2c.2022.2834009-4.doc.3","dc_source":"https://api1.ibabs.eu/publicdownload.aspx?site=Beekdaelen&id=151c2838-b6dc-48da-8464-dda46eb0abe4","dc_title":"Raadsbesluit Tweede begrotingswijziging 2022 GR WOZL, vastgesteld 20.12.2022","dc_type":"bijlage","foi_fairiscoreVersions":{"v1":1,"v2":1},"foi_fileName":"Z%2F22%2F180969%20-%20316964%20-%20Raadsbesluit%20Tweede%20begrotingswijziging%202022%20GR%20WOZL.pdf","foi_nrPages":1},{"dc_format":"application/pdf","dc_identifier":"nl.gm1954.2c.2022.2834009-4.doc.6","dc_source":"https://api1.ibabs.eu/publicdownload.aspx?site=Beekdaelen&id=630fcda4-11a6-4cbc-b5f3-3ac512dde8e6","dc_title":"Bijlage: Concept Uitgaande brief aan WOZL inzake raadsbesluit","dc_type":"bijlage","foi_fairiscoreVersions":{"v1":1,"v2":1},"foi_fileName":"Z%2F22%2F180969%20-%20316968%20-%20Uitgaande%20brief%20aan%20WOZL%20inzake%20raadsbesluit.pdf","foi_nrPages":1},{"dc_format":"application/pdf","dc_identifier":"nl.gm1954.2c.2022.2834009-4.doc.4","dc_source":"https://api1.ibabs.eu/publicdownload.aspx?site=Beekdaelen&id=a20ccbac-2481-4b61-ac90-ee628c049692","dc_title":"Bijlage: Tweede begrotingswijziging 2022 GR WOZL","dc_type":"bijlage","foi_fairiscoreVersions":{"v1":2,"v2":1},"foi_fileName":"Z%2F22%2F180969%20-%20317941%20-%20Tweede%20begrotingswijziging%202022%20GR%20WOZL.pdf","foi_nrPages":22},{"dc_format":"application/pdf","dc_identifier":"nl.gm1954.2c.2022.2834009-4.doc.5","dc_source":"https://api1.ibabs.eu/publicdownload.aspx?site=Beekdaelen&id=41bca370-5bca-4032-b3a3-95320948b9bc","dc_title":"Bijlage: Factsheet tweede begrotingswijziging 2022 GR WOZL","dc_type":"bijlage","foi_fairiscoreVersions":{"v1":1,"v2":1},"foi_fileName":"Z%2F22%2F180969%20-%20317942.pdf","foi_nrPages":3}],"foi_nrDocuments":6,"foi_nrPagesInDossier":34,"foi_publishedDate":"2022-12-20","foi_retrievedDate":"2025-11-29"},{"dc_creator":"HandelingScraper_v1","dc_date_year":2022,"dc_description":"Vergadering van de Gemeente Beekdaelen op 2022-12-20. Onderdeel: Voorstel inzake tweede begrotingswijziging 2022 GR WSP Parkstad.","dc_identifier":"nl.gm1954.2c.2022.2834009-5","dc_publisher":"gm1954","dc_source":"https://beekdaelen.bestuurlijkeinformatie.nl/Agenda/Index/959cf6b9-6779-495e-b496-9511aed20342","dc_title":"Raadsvergadering 2022-12-20 - Voorstel inzake tweede begrotingswijziging 2022 GR WSP Parkstad","dc_type":"2c","dc_type_description":"Vergaderstuk decentrale overheid","foi_fairiscoreVersions":{"v1":2,"v2":1},"foi_files":[{"dc_format":"application/pdf","dc_identifier":"nl.gm1954.2c.2022.2834009-5.doc.2","dc_source":"https://api1.ibabs.eu/publicdownload.aspx?site=Beekdaelen&id=0c75d441-9ba0-489b-994a-9e47bad9ac04","dc_title":"Nota van Wijziging","dc_type":"bijlage","foi_fairiscoreVersions":{"v1":1,"v2":1},"foi_fileName":"Nota%20van%20Wijziging.pdf","foi_nrPages":1},{"dc_format":"application/pdf","dc_identifier":"nl.gm1954.2c.2022.2834009-5.doc.1","dc_source":"https://api1.ibabs.eu/publicdownload.aspx?site=Beekdaelen&id=b88f632a-8b84-4782-a9cd-d4dc2070cccb","dc_title":"Raadsvoorstel Tweede begrotingswijziging 2022 GR WSP Parkstad na nota van wijziging","dc_type":"bijlage","foi_fairiscoreVersions":{"v1":1,"v2":1},"foi_fileName":"Raadsvoorstel%20Tweede%20begrotingswijziging%202022%20GR%20WSP%20Parkstad_gewijzigd.pdf","foi_nrPages":5},{"dc_format":"application/pdf","dc_identifier":"nl.gm1954.2c.2022.2834009-5.doc.6","dc_source":"https://api1.ibabs.eu/publicdownload.aspx?site=Beekdaelen&id=b417d532-ba8a-44d7-8720-7e22b8fde7e8","dc_title":"Bijlage: Concept Uitgaande brief aan WSP Parkstad inzake raadsbesluit","dc_type":"bijlage","foi_fairiscoreVersions":{"v1":1,"v2":1},"foi_fileName":"Z%2F22%2F180970%20-%20317093%20-%20Uitgaande%20brief%20aan%20WSP%20Parkstad%20inzake%20raadsbesluit.pdf","foi_nrPages":1},{"dc_format":"application/pdf","dc_identifier":"nl.gm1954.2c.2022.2834009-5.doc.3","dc_source":"https://api1.ibabs.eu/publicdownload.aspx?site=Beekdaelen&id=de7767c2-b8b8-4d87-b8b8-0bd0ca71865a","dc_title":"Raadsbesluit tweede begrotingswijziging 2022 GR WSP Parkstad, vastgesteld 20.12.2022","dc_type":"bijlage","foi_fairiscoreVersions":{"v1":1,"v2":1},"foi_fileName":"Z%2F22%2F180970%20-%20317094%20-%20Raadsbesluit%20tweede%20begrotingswijziging%202022%20GR%20WSP%20Parkstad.pdf","foi_nrPages":1},{"dc_format":"application/pdf","dc_identifier":"nl.gm1954.2c.2022.2834009-5.doc.4","dc_source":"https://api1.ibabs.eu/publicdownload.aspx?site=Beekdaelen&id=900b6dfb-9f4e-4ae1-9b79-53a5db01a0ed","dc_title":"Bijlage: Tweede begrotingswijziging 2022 GR WSP Parkstad","dc_type":"bijlage","foi_fairiscoreVersions":{"v1":2,"v2":1},"foi_fileName":"Z%2F22%2F180970%20-%20317945%20-%20Tweede%20begrotingswijziging%202022%20GR%20WSP%20Parkstad.pdf","foi_nrPages":22},{"dc_format":"application/pdf","dc_identifier":"nl.gm1954.2c.2022.2834009-5.doc.5","dc_source":"https://api1.ibabs.eu/publicdownload.aspx?site=Beekdaelen&id=ffbcfd44-7e04-4094-97a2-99358990167d","dc_title":"Bijlage: Factsheet Tweede begrotingswijziging 2022 GR WSP Parkstad","dc_type":"bijlage","foi_fairiscoreVersions":{"v1":1,"v2":1},"foi_fileName":"Z%2F22%2F180970%20-%20317946%20-%20Factsheet%20Tweede%20begrotingswijziging%202022%20GR%20WSP%20Parkstad.pdf","foi_nrPages":2}],"foi_nrDocuments":6,"foi_nrPagesInDossier":32,"foi_publishedDate":"2022-12-20","foi_retrievedDate":"2025-11-29"},{"dc_creator":"HandelingScraper_v1","dc_date_year":2022,"dc_description":"Vergadering van de Gemeente Beekdaelen op 2022-12-20. Onderdeel: Voorstel inzake Wijziging GR Omnibuzz fase 1 afrekensystematiek.","dc_identifier":"nl.gm1954.2c.2022.2834009-6","dc_publisher":"gm1954","dc_source":"https://beekdaelen.bestuurlijkeinformatie.nl/Agenda/Index/959cf6b9-6779-495e-b496-9511aed20342","dc_title":"Raadsvergadering 2022-12-20 - Voorstel inzake Wijziging GR Omnibuzz fase 1 afrekensystematiek","dc_type":"2c","dc_type_description":"Vergaderstuk decentrale overheid","foi_fairiscoreVersions":{"v1":2,"v2":2},"foi_files":[{"dc_format":"application/pdf","dc_identifier":"nl.gm1954.2c.2022.2834009-6.doc.2","dc_source":"https://api1.ibabs.eu/publicdownload.aspx?site=Beekdaelen&id=faad6d0b-6962-44ee-9b6b-380ecc899d16","dc_title":"Raadsbesluit \"Zienswijze op concept gewijzigde gemeenschappelijke regeling  Omnibuzz\", vastgesteld 20.12.2022","dc_type":"bijlage","foi_fairiscoreVersions":{"v1":1,"v2":1},"foi_fileName":"Raadsbesluit%20wijziging%20GR%20Omnibuzz.pdf","foi_nrPages":1},{"dc_format":"application/pdf","dc_identifier":"nl.gm1954.2c.2022.2834009-6.doc.1","dc_source":"https://api1.ibabs.eu/publicdownload.aspx?site=Beekdaelen&id=4ad63280-0260-4724-8d42-8e82ca6dbe91","dc_title":"Raadsvoorstel \"Zienswijze op concept gewijzigde gemeenschappelijke regeling Omnibuzz\"","dc_type":"bijlage","foi_fairiscoreVersions":{"v1":1,"v2":1},"foi_fileName":"Z%2F22%2F180878%20-%20316734%20-%20Bijlage%201%20319365_1%20Raadsvoorstel%20Zienswijze%20op%20concept%20gewijzigde%20gemeenschappelijke%20regeling%20O.pdf","foi_nrPages":3},{"dc_format":"application/pdf","dc_identifier":"nl.gm1954.2c.2022.2834009-6.doc.3","dc_source":"https://api1.ibabs.eu/publicdownload.aspx?site=Beekdaelen&id=afe640da-abb6-4ba0-be80-281e9de6238a","dc_title":"Bijlage: Voorstel aan algemeen bestuur Omnibuzz 6 juli 2022","dc_type":"bijlage","foi_fairiscoreVersions":{"v1":1,"v2":1},"foi_fileName":"Z%2F22%2F180878%20-%20316734%20-%20Bijlage%202%20Voorstel%20wijziging%20afrekensystematiek%20tbv%20ergadering%20algemeen%20bestuur%20Omnibuzz.pdf","foi_nrPages":17},{"dc_format":"application/pdf","dc_identifier":"nl.gm1954.2c.2022.2834009-6.doc.4","dc_source":"https://api1.ibabs.eu/publicdownload.aspx?site=Beekdaelen&id=a3f3691d-ca92-4685-99b6-ec2603c3a94c","dc_title":"Bijlage: Concept wijzigingsbesluit afrekensystematiek GR Omnibuzz (wijzigingen in het geel)","dc_type":"bijlage","foi_fairiscoreVersions":{"v1":1,"v2":1},"foi_fileName":"Z%2F22%2F180878%20-%20316734%20-%20Bijlage%203%20Concept%20wijzigingsbesluit%20afrekensystematiek%20GR%20Omnibuzz%20%28wijzigingen%20in%20het%20geel%29.pdf","foi_nrPages":10},{"dc_format":"application/pdf","dc_identifier":"nl.gm1954.2c.2022.2834009-6.doc.5","dc_source":"https://api1.ibabs.eu/publicdownload.aspx?site=Beekdaelen&id=e0a1a22c-f2be-49f8-866a-5fd4371eb55e","dc_title":"Bijlage: Conceptbrief aan DB Omnibuzz m.b.t. zienswijze raad Beekdaelen","dc_type":"bijlage","foi_fairiscoreVersions":{"v1":2,"v2":2},"foi_fileName":"Z%2F22%2F180878%20-%20316734%20-%20Bijlage%205%20Conceptbrief%20zienswijze%20raad%20Beekdaelen.pdf","foi_nrPages":1}],"foi_nrDocuments":5,"foi_nrPagesInDossier":32,"foi_publishedDate":"2022-12-20","foi_retrievedDate":"2025-11-29"},{"dc_creator":"HandelingScraper_v1","dc_date_year":2022,"dc_description":"Vergadering van de Gemeente Beekdaelen op 2022-12-20. Onderdeel: Voorstel inzake vaststellen gewijzigde Algemene plaatselijke verordening.","dc_identifier":"nl.gm1954.2c.2022.2834009-7","dc_publisher":"gm1954","dc_source":"https://beekdaelen.bestuurlijkeinformatie.nl/Agenda/Index/959cf6b9-6779-495e-b496-9511aed20342","dc_title":"Raadsvergadering 2022-12-20 - Voorstel inzake vaststellen gewijzigde Algemene plaatselijke verordening","dc_type":"2c","dc_type_description":"Vergaderstuk decentrale overheid","foi_fairiscoreVersions":{"v1":1,"v2":1},"foi_files":[{"dc_format":"application/pdf","dc_identifier":"nl.gm1954.2c.2022.2834009-7.doc.3","dc_source":"https://api1.ibabs.eu/publicdownload.aspx?site=Beekdaelen&id=2f18266a-0a26-4ff3-9134-4fd6fa1aa720","dc_title":"Gewijzigde APV Beekdaelen 2021 (vastgesteld 20.12.2022 - zonder rode markeringen)","dc_type":"bijlage","foi_fairiscoreVersions":{"v1":1,"v2":1},"foi_fileName":"Gewijzigde%20%28vastgestelde%29%20APV%20Beekdaelen%202021%20%28zonder%20rode%20markeringen%29.pdf","foi_nrPages":35},{"dc_format":"application/pdf","dc_identifier":"nl.gm1954.2c.2022.2834009-7.doc.5","dc_source":"https://api1.ibabs.eu/publicdownload.aspx?site=Beekdaelen&id=9ad178cc-ed76-4735-9526-9240bbd8a129","dc_title":"Memorie van toelichting 13-12-2022","dc_type":"bijlage","foi_fairiscoreVersions":{"v1":1,"v2":1},"foi_fileName":"Memorie%20van%20toelichting%2013-12-2022.pdf","foi_nrPages":2},{"dc_format":"application/pdf","dc_identifier":"nl.gm1954.2c.2022.2834009-7.doc.4","dc_source":"https://api1.ibabs.eu/publicdownload.aspx?site=Beekdaelen&id=0bf28d24-bf59-4080-9778-3b7682cef9d2","dc_title":"Bijlage: overzicht inhoudelijke wijzigingen APV Beekdaelen 2021","dc_type":"bijlage","foi_fairiscoreVersions":{"v1":1,"v2":1},"foi_fileName":"Z%2F22%2F170100%20-%20310339%20-%20Overzicht%20inhoudelijke%20wijzigingen%20APV%20Beekdaelen%202021.pdf","foi_nrPages":9},{"dc_format":"application/pdf","dc_identifier":"nl.gm1954.2c.2022.2834009-7.doc.1","dc_source":"https://api1.ibabs.eu/publicdownload.aspx?site=Beekdaelen&id=f7d4c50a-14c6-4308-aa93-395fee644d07","dc_title":"Raadsvoorstel wijziging APV Beekdaelen 2021","dc_type":"bijlage","foi_fairiscoreVersions":{"v1":1,"v2":1},"foi_fileName":"Z%2F22%2F170100%20-%20310341%20-%20Raadsvoorstel%20wijziging%20APV%20Beekdaelen%202021.pdf","foi_nrPages":2},{"dc_format":"application/pdf","dc_identifier":"nl.gm1954.2c.2022.2834009-7.doc.2","dc_source":"https://api1.ibabs.eu/publicdownload.aspx?site=Beekdaelen&id=255f3341-3788-4eff-9593-a1a48edc528c","dc_title":"Raadsbesluit wijziging APV Beekdaelen 2021, vastgesteld 20.12.2022","dc_type":"bijlage","foi_fairiscoreVersions":{"v1":1,"v2":1},"foi_fileName":"Z%2F22%2F170100%20-%20310342%20-%20Raadsbesluit%20wijziging%20APV%20Beekdaelen%202021.pdf","foi_nrPages":1}],"foi_nrDocuments":5,"foi_nrPagesInDossier":49,"foi_publishedDate":"2022-12-20","foi_retrievedDate":"2026-03-04"},{"dc_creator":"HandelingScraper_v1","dc_date_year":2022,"dc_description":"Vergadering van de Gemeente Beekdaelen op 2022-12-20. Onderdeel: Voorstel inzake vaststellen verordening paracommercie 2023.","dc_identifier":"nl.gm1954.2c.2022.2834009-8","dc_publisher":"gm1954","dc_source":"https://beekdaelen.bestuurlijkeinformatie.nl/Agenda/Index/959cf6b9-6779-495e-b496-9511aed20342","dc_title":"Raadsvergadering 2022-12-20 - Voorstel inzake vaststellen verordening paracommercie 2023","dc_type":"2c","dc_type_description":"Vergaderstuk decentrale overheid","foi_fairiscoreVersions":{"v1":3,"v2":3},"foi_files":[{"dc_format":"application/pdf","dc_identifier":"nl.gm1954.2c.2022.2834009-8.doc.7","dc_source":"https://api1.ibabs.eu/publicdownload.aspx?site=Beekdaelen&id=6e93cee1-5502-4530-ba40-16c7474c2f2e","dc_title":"Bijlage: kort verslag van de bijeenkomst op 25 april 2022","dc_type":"bijlage","foi_fairiscoreVersions":{"v1":1,"v2":1},"foi_fileName":"Kort%20verslag%20van%20de%20bijeenkomst%20op%2025%20april%202022.pdf","foi_nrPages":2},{"dc_format":"application/pdf","dc_identifier":"nl.gm1954.2c.2022.2834009-8.doc.8","dc_source":"https://api1.ibabs.eu/publicdownload.aspx?site=Beekdaelen&id=62eb0ad3-431d-41d5-bc3b-8f6e97dc10d4","dc_title":"Bijlage: Kort verslag van de bijeenkomst op 8 juni 2022","dc_type":"bijlage","foi_fairiscoreVersions":{"v1":1,"v2":1},"foi_fileName":"Kort%20verslag%20van%20de%20bijeenkomst%20op%208%20juni%202022.pdf","foi_nrPages":2},{"dc_format":"application/pdf","dc_identifier":"nl.gm1954.2c.2022.2834009-8.doc.3","dc_source":"https://api1.ibabs.eu/publicdownload.aspx?site=Beekdaelen&id=ce45a352-9571-4aff-954d-84277bc0ccad","dc_title":"Bijlage: Mailwisseling KHN (behorende bij Nota van wijziging)","dc_type":"bijlage","foi_fairiscoreVersions":{"v1":1,"v2":1},"foi_fileName":"Mailwisseling%20KHN.pdf","foi_nrPages":4},{"dc_format":"application/pdf","dc_identifier":"nl.gm1954.2c.2022.2834009-8.doc.2","dc_source":"https://api1.ibabs.eu/publicdownload.aspx?site=Beekdaelen&id=0c2fd227-397e-405f-b7e7-b155a5217c14","dc_title":"Nota van Wijziging Verordening Paracommercie","dc_type":"bijlage","foi_fairiscoreVersions":{"v1":1,"v2":1},"foi_fileName":"Nota%20van%20wijziging%20Verordening%20Paracommercie.pdf","foi_nrPages":1},{"dc_format":"application/pdf","dc_identifier":"nl.gm1954.2c.2022.2834009-8.doc.4","dc_source":"https://api1.ibabs.eu/publicdownload.aspx?site=Beekdaelen&id=95648f5e-8a52-48f7-a768-f50141e562ad","dc_title":"Raadsbesluit Verordening Paracommercie gemeente Beekdaelen 2023, vastgesteld 20.12.2022","dc_type":"bijlage","foi_fairiscoreVersions":{"v1":5,"v2":5},"foi_fileName":"Raadsbesluit%20Verordenign%20Paracommercie.pdf","foi_nrPages":1},{"dc_format":"application/pdf","dc_identifier":"nl.gm1954.2c.2022.2834009-8.doc.1","dc_source":"https://api1.ibabs.eu/publicdownload.aspx?site=Beekdaelen&id=8c802b5a-8014-482a-ba10-1a854046c9bd","dc_title":"Raadsvoorstel Verordening paracommercie gemeente Beekdaelen 2023","dc_type":"bijlage","foi_fairiscoreVersions":{"v1":1,"v2":1},"foi_fileName":"Raadsvoorstel%20Verordening%20paracommercie%20gemeente%20Beekdaelen%202023.pdf","foi_nrPages":2},{"dc_format":"application/pdf","dc_identifier":"nl.gm1954.2c.2022.2834009-8.doc.9","dc_source":"https://api1.ibabs.eu/publicdownload.aspx?site=Beekdaelen&id=4e994942-0d06-4000-9c1a-0ffc4b34b060","dc_title":"Bijlage: reactie KHN","dc_type":"bijlage","foi_fairiscoreVersions":{"v1":5,"v2":5},"foi_fileName":"reactie%20KHN.pdf","foi_nrPages":1},{"dc_format":"application/pdf","dc_identifier":"nl.gm1954.2c.2022.2834009-8.doc.5","dc_source":"https://api1.ibabs.eu/publicdownload.aspx?site=Beekdaelen&id=ec43eb87-7767-434b-9317-2a5ded1e64d6","dc_title":"Verordening Paracommercie gemeente Beekdaelen 2023 - na nota van wijziging, vastgesteld 20.12.2022","dc_type":"bijlage","foi_fairiscoreVersions":{"v1":5,"v2":5},"foi_fileName":"Verordening%20paracommercie%20na%20nota%20van%20wijziging.pdf","foi_nrPages":5},{"dc_format":"application/pdf","dc_identifier":"nl.gm1954.2c.2022.2834009-8.doc.6","dc_source":"https://api1.ibabs.eu/publicdownload.aspx?site=Beekdaelen&id=ed836f82-919d-4d9d-9211-f96722d4f5bb","dc_title":"Was wordt tabel verordening paracommercie","dc_type":"bijlage","foi_fairiscoreVersions":{"v1":1,"v2":1},"foi_fileName":"Was%20wordt%20tabel%20verordening%20paracommercie.pdf","foi_nrPages":6}],"foi_nrDocuments":9,"foi_nrPagesInDossier":24,"foi_publishedDate":"2022-12-20","foi_retrievedDate":"2025-11-29"},{"dc_creator":"HandelingScraper_v1","dc_date_year":2022,"dc_description":"Vergadering van de Gemeente Beekdaelen op 2022-12-20. Onderdeel: Voorstel inzake zienswijze Functioneel Leeftijdsontslag (FLO) Veiligheidsregio Zuid Limburg (VRZL).","dc_identifier":"nl.gm1954.2c.2022.2834009-9","dc_publisher":"gm1954","dc_source":"https://beekdaelen.bestuurlijkeinformatie.nl/Agenda/Index/959cf6b9-6779-495e-b496-9511aed20342","dc_title":"Raadsvergadering 2022-12-20 - Voorstel inzake zienswijze Functioneel Leeftijdsontslag (FLO) Veiligheidsregio Zuid Limburg (VRZL)","dc_type":"2c","dc_type_description":"Vergaderstuk decentrale overheid","foi_fairiscoreVersions":{"v1":2,"v2":2},"foi_files":[{"dc_format":"application/pdf","dc_identifier":"nl.gm1954.2c.2022.2834009-9.doc.3","dc_source":"https://api1.ibabs.eu/publicdownload.aspx?site=Beekdaelen&id=f557cd46-feba-4e00-b9d6-453afc0c0d68","dc_title":"Bijlage: Zienswijze inzake FLO casus VRZL","dc_type":"bijlage","foi_fairiscoreVersions":{"v1":5,"v2":5},"foi_fileName":"Z%2F22%2F182114%20-%20319621.pdf","foi_nrPages":3},{"dc_format":"application/pdf","dc_identifier":"nl.gm1954.2c.2022.2834009-9.doc.5","dc_source":"https://api1.ibabs.eu/publicdownload.aspx?site=Beekdaelen&id=ad040610-1420-4146-a57c-c79b52a6088d","dc_title":"Bijlage: 18.2 Addendum memo FLO casus VRZL","dc_type":"bijlage","foi_fairiscoreVersions":{"v1":1,"v2":1},"foi_fileName":"Z%2F22%2F182114%20-%20319621.pdf","foi_nrPages":5},{"dc_format":"application/pdf","dc_identifier":"nl.gm1954.2c.2022.2834009-9.doc.4","dc_source":"https://api1.ibabs.eu/publicdownload.aspx?site=Beekdaelen&id=3f3579af-e1fb-41d8-a017-f75569ad4257","dc_title":"Bijlage: 18.1 memo FLO casus VRZL","dc_type":"bijlage","foi_fairiscoreVersions":{"v1":1,"v2":1},"foi_fileName":"Z%2F22%2F182114%20-%20319621%20-.pdf","foi_nrPages":4},{"dc_format":"application/pdf","dc_identifier":"nl.gm1954.2c.2022.2834009-9.doc.1","dc_source":"https://api1.ibabs.eu/publicdownload.aspx?site=Beekdaelen&id=660615ea-b245-4647-be2c-90c3ea62276a","dc_title":"Raadsvoorstel \"Zienswijze inzake Functioneel Leeftijdsontslag (FLO) Veiligheidsregio Zuid Limburg (VRZL)\"","dc_type":"bijlage","foi_fairiscoreVersions":{"v1":1,"v2":1},"foi_fileName":"Z%2F22%2F182114%20-%20319665%20-%20Zienswijze%20inzake%20Functioneel%20Leeftijdsontslag%20%28FLO%29%20Veiligheidsregio%20Zuid%20Limburg%20%28VRZL%29.pdf","foi_nrPages":4},{"dc_format":"application/pdf","dc_identifier":"nl.gm1954.2c.2022.2834009-9.doc.2","dc_source":"https://api1.ibabs.eu/publicdownload.aspx?site=Beekdaelen&id=2b615006-f1c8-468e-97c3-9bb6ee754a9e","dc_title":"Raadsbesluit zienswijze VRZL extra dotatie voorziening FLO 2023, vastgesteld 20.12.2022","dc_type":"bijlage","foi_fairiscoreVersions":{"v1":1,"v2":1},"foi_fileName":"Z%2F22%2F182114%20-%20320291%20-%20Zienswijze%20VRZL%20extra%20dotatie%20voorziening%20FLO%202023.pdf","foi_nrPages":1},{"dc_format":"application/pdf","dc_identifier":"nl.gm1954.2c.2022.2834009-9.doc.6","dc_source":"https://api1.ibabs.eu/publicdownload.aspx?site=Beekdaelen&id=600ab767-03c5-433a-9cb1-d63a6df00791","dc_title":"Bijlage: Concept brief B&W richting Algemeen Bestuur","dc_type":"bijlage","foi_fairiscoreVersions":{"v1":1,"v2":1},"foi_fileName":"Z%2F22%2F182114%20-%20320302%20-%20Concept%20brief%20B%26W%20richting%20Algemeen%20Bestuur.pdf","foi_nrPages":1}],"foi_nrDocuments":6,"foi_nrPagesInDossier":18,"foi_publishedDate":"2022-12-20","foi_retrievedDate":"2025-11-29"},{"dc_creator":"HandelingScraper_v1","dc_date_year":2023,"dc_description":"Vergadering van de Gemeente Beekdaelen op 2023-01-17. Onderdeel: Algemeen.","dc_identifier":"nl.gm1954.2c.2023.2834098-1","dc_publisher":"gm1954","dc_source":"https://beekdaelen.bestuurlijkeinformatie.nl/Agenda/Index/01d320c2-1ad0-428f-9dd4-956ead106ab8","dc_title":"Raadscommissie Sociale Leefomgeving 2023-01-17 - Algemeen","dc_type":"2c","dc_type_description":"Vergaderstuk decentrale overheid","foi_fairiscoreVersions":{"v1":1,"v2":1},"foi_files":[{"dc_format":"application/pdf","dc_identifier":"nl.gm1954.2c.2023.2834098-1.doc.1","dc_source":"https://api1.ibabs.eu/publicdownload.aspx?site=Beekdaelen&id=9fdf25f6-2a2e-49ff-a628-8366e9428df8","dc_title":"Verzameldocument technische vragen van de VG voor de commissie Sociaal van 17 januari","dc_type":"bijlage","foi_fairiscoreVersions":{"v1":1,"v2":1},"foi_fileName":"Verzameldocument%20technische%20vragen%20van%20de%20VG%20voor%20de%20commissie%20Sociaal%20van%2017%20januari.pdf","foi_nrPages":1}],"foi_nrDocuments":1,"foi_nrPagesInDossier":1,"foi_publishedDate":"2023-01-17","foi_retrievedDate":"2026-02-05"},{"dc_creator":"HandelingScraper_v1","dc_date_year":2023,"dc_description":"Vergadering van de Gemeente Beekdaelen op 2023-01-17. Onderdeel: Opening, mededelingen voorzitter en vaststellen agenda..","dc_identifier":"nl.gm1954.2c.2023.2834098-2","dc_publisher":"gm1954","dc_source":"https://beekdaelen.bestuurlijkeinformatie.nl/Agenda/Index/01d320c2-1ad0-428f-9dd4-956ead106ab8","dc_title":"Raadscommissie Sociale Leefomgeving 2023-01-17 - Opening, mededelingen voorzitter en vaststellen agenda.","dc_type":"2c","dc_type_description":"Vergaderstuk decentrale overheid","foi_fairiscoreVersions":{"v1":1,"v2":1},"foi_files":[{"dc_format":"application/octet-stream","dc_identifier":"nl.gm1954.2c.2023.2834098-2.doc.3","dc_source":"https://api1.ibabs.eu/publicdownload.aspx?site=Beekdaelen&id=6ad6daf5-bcfe-40b8-b248-9d843c659d42","dc_title":"Cie SLO 17012023 A1 tm A3","dc_type":"bijlage","foi_fileName":"Cie%20FLO%2017012023%20A1%20tm%20A3.mp3"},{"dc_format":"application/pdf","dc_identifier":"nl.gm1954.2c.2023.2834098-2.doc.1","dc_source":"https://api1.ibabs.eu/publicdownload.aspx?site=Beekdaelen&id=3880006e-6832-4342-852d-14d05963e920","dc_title":"Uitnodiging en voorlopige agenda raadscie. Sociale Leefomgeving 17.01.2023","dc_type":"bijlage","foi_fairiscoreVersions":{"v1":1,"v2":1},"foi_fileName":"Uitnodiging%20en%20voorlopige%20agenda%20raadscie.%20Sociale%20Leefomgeving%2017.01.2023.pdf","foi_nrPages":1},{"dc_format":"application/pdf","dc_identifier":"nl.gm1954.2c.2023.2834098-2.doc.2","dc_source":"https://api1.ibabs.eu/publicdownload.aspx?site=Beekdaelen&id=b69fe1ef-63a7-4634-9119-9352b479bff1","dc_title":"Vastgestelde agenda raadscie. Sociale leefomgeving 17012023","dc_type":"bijlage","foi_fairiscoreVersions":{"v1":1,"v2":1},"foi_fileName":"Vastgestelde%20agenda%20raadscie.pdf","foi_nrPages":1}],"foi_nrDocuments":3,"foi_nrPagesInDossier":2,"foi_publishedDate":"2023-01-17","foi_retrievedDate":"2025-11-29"},{"dc_creator":"HandelingScraper_v1","dc_date_year":2023,"dc_description":"Vergadering van de Gemeente Beekdaelen op 2023-01-17. Onderdeel: Spreekrecht burgers..","dc_identifier":"nl.gm1954.2c.2023.2834098-3","dc_publisher":"gm1954","dc_source":"https://beekdaelen.bestuurlijkeinformatie.nl/Agenda/Index/01d320c2-1ad0-428f-9dd4-956ead106ab8","dc_title":"Raadscommissie Sociale Leefomgeving 2023-01-17 - Spreekrecht burgers.","dc_type":"2c","dc_type_description":"Vergaderstuk decentrale overheid","foi_fairiscoreVersions":{"v1":null,"v2":null},"foi_files":[{"dc_format":"application/octet-stream","dc_identifier":"nl.gm1954.2c.2023.2834098-3.doc.1","dc_source":"https://api1.ibabs.eu/publicdownload.aspx?site=Beekdaelen&id=c7e9716b-6990-4893-897b-c38893a85c99","dc_title":"Cie SLO 17012023 A1 tm A3","dc_type":"bijlage","foi_fileName":"Cie%20FLO%2017012023%20A1%20tm%20A3.mp3"}],"foi_nrDocuments":1,"foi_nrPagesInDossier":0,"foi_publishedDate":"2023-01-17","foi_retrievedDate":"2025-11-30"},{"dc_creator":"HandelingScraper_v1","dc_date_year":2023,"dc_description":"Vergadering van de Gemeente Beekdaelen op 2023-01-17. Onderdeel: Vaststellen actiepuntenlijst van de raadscommissie Sociale Leefomgeving d.d. 6 december 2022.","dc_identifier":"nl.gm1954.2c.2023.2834098-4","dc_publisher":"gm1954","dc_source":"https://beekdaelen.bestuurlijkeinformatie.nl/Agenda/Index/01d320c2-1ad0-428f-9dd4-956ead106ab8","dc_title":"Raadscommissie Sociale Leefomgeving 2023-01-17 - Vaststellen actiepuntenlijst van de raadscommissie Sociale Leefomgeving d.d. 6 december 2022","dc_type":"2c","dc_type_description":"Vergaderstuk decentrale overheid","foi_fairiscoreVersions":{"v1":1,"v2":1},"foi_files":[{"dc_format":"application/pdf","dc_identifier":"nl.gm1954.2c.2023.2834098-4.doc.1","dc_source":"https://api1.ibabs.eu/publicdownload.aspx?site=Beekdaelen&id=6693075b-8dab-48fe-9463-ef75cea34611","dc_title":"Actiepuntenlijst cie Sociale Leefomgeving 06.12.2022 - vastgesteld 17.01.2023","dc_type":"bijlage","foi_fairiscoreVersions":{"v1":1,"v2":1},"foi_fileName":"Actiepuntenlijst%20cie%20Sociale%20Leefomgeving%206.12.2022.pdf","foi_nrPages":6},{"dc_format":"application/octet-stream","dc_identifier":"nl.gm1954.2c.2023.2834098-4.doc.2","dc_source":"https://api1.ibabs.eu/publicdownload.aspx?site=Beekdaelen&id=f3e53815-c0b7-4f57-b622-58955d857c6c","dc_title":"Cie SLO 17012023 A1 tm A3","dc_type":"bijlage","foi_fileName":"Cie%20FLO%2017012023%20A1%20tm%20A3.mp3","foi_nrPages":1}],"foi_nrDocuments":2,"foi_nrPagesInDossier":7,"foi_publishedDate":"2023-01-17","foi_retrievedDate":"2026-02-05"},{"dc_creator":"HandelingScraper_v1","dc_date_year":2023,"dc_description":"Vergadering van de Gemeente Beekdaelen op 2023-01-17. Onderdeel: Vaststellen lijst van toezeggingen van de raadscommissie Sociale Leefomgeving  -  Geen lijst te behandelen..","dc_identifier":"nl.gm1954.2c.2023.2834098-5","dc_publisher":"gm1954","dc_source":"https://beekdaelen.bestuurlijkeinformatie.nl/Agenda/Index/01d320c2-1ad0-428f-9dd4-956ead106ab8","dc_title":"Raadscommissie Sociale Leefomgeving 2023-01-17 - Vaststellen lijst van toezeggingen van de raadscommissie Sociale Leefomgeving  -  Geen lijst te behandelen.","dc_type":"2c","dc_type_description":"Vergaderstuk decentrale overheid","foi_fairiscoreVersions":{"v1":null,"v2":null},"foi_files":[{"dc_format":"application/octet-stream","dc_identifier":"nl.gm1954.2c.2023.2834098-5.doc.1","dc_source":"https://api1.ibabs.eu/publicdownload.aspx?site=Beekdaelen&id=4fbe3036-e372-4a63-b5af-834f78639d84","dc_title":"Cie SLO 17012023 A1 tm A3","dc_type":"bijlage","foi_fileName":"Cie%20FLO%2017012023%20A1%20tm%20A3.mp3","foi_nrPages":1}],"foi_nrDocuments":1,"foi_nrPagesInDossier":1,"foi_publishedDate":"2023-01-17","foi_retrievedDate":"2026-02-05"},{"dc_creator":"HandelingScraper_v1","dc_date_year":2023,"dc_description":"Vergadering van de Gemeente Beekdaelen op 2023-01-17. Onderdeel: Presentatie/toelichting inzake (proces) accommodatiebeleid.","dc_identifier":"nl.gm1954.2c.2023.2834098-6","dc_publisher":"gm1954","dc_source":"https://beekdaelen.bestuurlijkeinformatie.nl/Agenda/Index/01d320c2-1ad0-428f-9dd4-956ead106ab8","dc_title":"Raadscommissie Sociale Leefomgeving 2023-01-17 - Presentatie/toelichting inzake (proces) accommodatiebeleid","dc_type":"2c","dc_type_description":"Vergaderstuk decentrale overheid","foi_fairiscoreVersions":{"v1":2,"v2":1},"foi_files":[{"dc_format":"application/pdf","dc_identifier":"nl.gm1954.2c.2023.2834098-6.doc.3","dc_source":"https://api1.ibabs.eu/publicdownload.aspx?site=Beekdaelen&id=46ac72c6-88d6-41d5-af17-c4cf37a487f4","dc_title":"MvA techn.vragen VG mbt accomodatiebeleid","dc_type":"bijlage","foi_fairiscoreVersions":{"v1":1,"v2":1},"foi_fileName":"Beantwoording%20Technische%20Vragen%20VG.pdf","foi_nrPages":2},{"dc_format":"application/pdf","dc_identifier":"nl.gm1954.2c.2023.2834098-6.doc.4","dc_source":"https://api1.ibabs.eu/publicdownload.aspx?site=Beekdaelen&id=2471a02a-2f4b-4f0b-b2de-56dd7c0777a8","dc_title":"BIJGESTELDE VERSIE MvA  vragen VG - deel accommodatiebeleid","dc_type":"bijlage","foi_fairiscoreVersions":{"v1":1,"v2":1},"foi_fileName":"BIJGESTELDE%20VERSIE%20MvA%20op%20vragen%20VG.pdf","foi_nrPages":2},{"dc_format":"application/octet-stream","dc_identifier":"nl.gm1954.2c.2023.2834098-6.doc.5","dc_source":"https://api1.ibabs.eu/publicdownload.aspx?site=Beekdaelen&id=fb17ea2c-83a8-401d-b0fd-7c280eb91401","dc_title":"Cie SLO 17012023 B1 Presentatie deel 1","dc_type":"bijlage","foi_fileName":"Cie%20FLO%2017012023%20B1%20Presentatie%20deel%201.mp3"},{"dc_format":"application/octet-stream","dc_identifier":"nl.gm1954.2c.2023.2834098-6.doc.6","dc_source":"https://api1.ibabs.eu/publicdownload.aspx?site=Beekdaelen&id=92147903-eefb-4d5a-8fa9-90e9eb8ae272","dc_title":"Cie SLO 17012023 B1 Presentatie deel 2","dc_type":"bijlage","foi_fileName":"Cie%20FLO%2017012023%20B1%20Presentatie%20deel%202.mp3"},{"dc_format":"application/octet-stream","dc_identifier":"nl.gm1954.2c.2023.2834098-6.doc.7","dc_source":"https://api1.ibabs.eu/publicdownload.aspx?site=Beekdaelen&id=ffab5fe7-2697-491e-be50-cd5fe617b239","dc_title":"Cie SLO 17012023 B1 Presentatie deel 3","dc_type":"bijlage","foi_fileName":"Cie%20FLO%2017012023%20B1%20Presentatie%20deel%203.mp3"},{"dc_format":"application/octet-stream","dc_identifier":"nl.gm1954.2c.2023.2834098-6.doc.8","dc_source":"https://api1.ibabs.eu/publicdownload.aspx?site=Beekdaelen&id=4509f1d0-8b01-4f42-8d33-21888880a1b7","dc_title":"Cie SLO 17012023 B1 Presentatie deel 4","dc_type":"bijlage","foi_fileName":"Cie%20FLO%2017012023%20B1%20Presentatie%20deel%204.mp3"},{"dc_format":"application/pdf","dc_identifier":"nl.gm1954.2c.2023.2834098-6.doc.1","dc_source":"https://api1.ibabs.eu/publicdownload.aspx?site=Beekdaelen&id=a069116f-4579-44ec-aa3b-5ada265e068c","dc_title":"Format informatievoorziening inzake strategisch accommodatiebeleid","dc_type":"bijlage","foi_fairiscoreVersions":{"v1":1,"v2":1},"foi_fileName":"Format%20informatievoorziening%20inzake%20strategisch%20accommodatiebeleid.pdf","foi_nrPages":2},{"dc_format":"application/pdf","dc_identifier":"nl.gm1954.2c.2023.2834098-6.doc.2","dc_source":"https://api1.ibabs.eu/publicdownload.aspx?site=Beekdaelen&id=76f8c0e1-3dd3-48cf-913b-dcaf71f5f0fc","dc_title":"Rapport stand van zaken strategisch accommodatiebeleid","dc_type":"bijlage","foi_fairiscoreVersions":{"v1":2,"v2":1},"foi_fileName":"Rapport%20stand%20van%20zaken%20strategisch%20accommodatiebeleid.pdf","foi_nrPages":14}],"foi_nrDocuments":8,"foi_nrPagesInDossier":20,"foi_publishedDate":"2023-01-17","foi_retrievedDate":"2026-03-04"},{"dc_creator":"HandelingScraper_v1","dc_date_year":2023,"dc_description":"Vergadering van de Gemeente Beekdaelen op 2023-01-17. Onderdeel: Rondvraag Sociale Leefomgeving.","dc_identifier":"nl.gm1954.2c.2023.2834098-7","dc_publisher":"gm1954","dc_source":"https://beekdaelen.bestuurlijkeinformatie.nl/Agenda/Index/01d320c2-1ad0-428f-9dd4-956ead106ab8","dc_title":"Raadscommissie Sociale Leefomgeving 2023-01-17 - Rondvraag Sociale Leefomgeving","dc_type":"2c","dc_type_description":"Vergaderstuk decentrale overheid","foi_fairiscoreVersions":{"v1":1,"v2":1},"foi_files":[{"dc_format":"application/pdf","dc_identifier":"nl.gm1954.2c.2023.2834098-7.doc.2","dc_source":"https://api1.ibabs.eu/publicdownload.aspx?site=Beekdaelen&id=0d0b1280-bd10-42f7-92b4-81f5d9e74d45","dc_title":"BIJGESTELDE VERSIE MvA vragen VG - deel bushaltes lijn 36","dc_type":"bijlage","foi_fairiscoreVersions":{"v1":1,"v2":1},"foi_fileName":"BIJGESTELDE%20VERSIE%20MvA%20vragen%20VG%20mbt%20bushaltes%20lijn%2036%20en%20accommodatiebeleid.pdf","foi_nrPages":2},{"dc_format":"application/pdf","dc_identifier":"nl.gm1954.2c.2023.2834098-7.doc.1","dc_source":"https://api1.ibabs.eu/publicdownload.aspx?site=Beekdaelen&id=1aba6851-0f0d-4482-8a2f-a09a7369899f","dc_title":"MvA techn.vragen VG inzake landelijk noodfonds energie","dc_type":"bijlage","foi_fairiscoreVersions":{"v1":1,"v2":1},"foi_fileName":"Memorie%20van%20Antwoord%20technische%20vragen%20commissie%20-%2017-1-2023%20inzake%20landelijk%20noodfonds%20energie.pdf","foi_nrPages":1}],"foi_nrDocuments":2,"foi_nrPagesInDossier":3,"foi_publishedDate":"2023-01-17","foi_retrievedDate":"2025-12-02"},{"dc_creator":"HandelingScraper_v1","dc_date_year":2023,"dc_description":"Vergadering van de Gemeente Beekdaelen op 2023-01-18. Onderdeel: Algemeen.","dc_identifier":"nl.gm1954.2c.2023.2834124-1","dc_publisher":"gm1954","dc_source":"https://beekdaelen.bestuurlijkeinformatie.nl/Agenda/Index/efe0237b-e0f0-4bbb-b070-3631c16c9ba6","dc_title":"Raadscommissie Bestuur en Middelen 2023-01-18 - Algemeen","dc_type":"2c","dc_type_description":"Vergaderstuk decentrale overheid","foi_fairiscoreVersions":{"v1":1,"v2":1},"foi_files":[{"dc_format":"application/pdf","dc_identifier":"nl.gm1954.2c.2023.2834124-1.doc.7","dc_source":"https://api1.ibabs.eu/publicdownload.aspx?site=Beekdaelen&id=9786232f-8202-4990-b83d-bb1c7c6b94a2","dc_title":"Aanvullende vraag fractie VG tbv cie B&M","dc_type":"bijlage","foi_fairiscoreVersions":{"v1":1,"v2":1},"foi_fileName":"Aanvullende%20vraag%20fractie%20VG%20tbv%20cie%20B%26M.pdf","foi_nrPages":1},{"dc_format":"application/pdf","dc_identifier":"nl.gm1954.2c.2023.2834124-1.doc.5","dc_source":"https://api1.ibabs.eu/publicdownload.aspx?site=Beekdaelen&id=2a2d3c19-85c2-47ad-af51-5d54d0135571","dc_title":"Aanvullende technische vragen fractie PvdA inzake gemeentelijke huisvesting","dc_type":"bijlage","foi_fairiscoreVersions":{"v1":1,"v2":1},"foi_fileName":"Aanvullende%20vragen%20fractie%20PvdA%20inzake%20gemeentelijke%20huisvesting.pdf","foi_nrPages":1},{"dc_format":"application/pdf","dc_identifier":"nl.gm1954.2c.2023.2834124-1.doc.1","dc_source":"https://api1.ibabs.eu/publicdownload.aspx?site=Beekdaelen&id=4acd960a-9197-44dc-a2e7-f63604f963e3","dc_title":"Technische voorvragen van de VG mbt cie B&M 18 januari","dc_type":"bijlage","foi_fairiscoreVersions":{"v1":1,"v2":1},"foi_fileName":"Technische%20voorvragen%20van%20de%20VG%20mbt%20cie%20B%26M%2018%20januari.pdf","foi_nrPages":1},{"dc_format":"application/pdf","dc_identifier":"nl.gm1954.2c.2023.2834124-1.doc.3","dc_source":"https://api1.ibabs.eu/publicdownload.aspx?site=Beekdaelen&id=a1089831-bc33-4fe2-8ad4-2fa1da8e5deb","dc_title":"Technische vragen fractie BL tbv cie B&M","dc_type":"bijlage","foi_fairiscoreVersions":{"v1":1,"v2":1},"foi_fileName":"Technische%20Vragen%20fractie%20BL%20cie%20B%26M.pdf","foi_nrPages":1},{"dc_format":"application/pdf","dc_identifier":"nl.gm1954.2c.2023.2834124-1.doc.2","dc_source":"https://api1.ibabs.eu/publicdownload.aspx?site=Beekdaelen&id=d2b91ace-4f9b-4a85-9957-89f406e79254","dc_title":"Technische vragen fractie CDA tbv cie B&M","dc_type":"bijlage","foi_fairiscoreVersions":{"v1":1,"v2":1},"foi_fileName":"Technische%20vragen%20fractie%20CDA%20tbv%20cie%20B%26M.pdf","foi_nrPages":1},{"dc_format":"application/pdf","dc_identifier":"nl.gm1954.2c.2023.2834124-1.doc.4","dc_source":"https://api1.ibabs.eu/publicdownload.aspx?site=Beekdaelen&id=ccf010d5-de07-43fb-b5ac-3a3689ac775c","dc_title":"Technische vragen fractie PvdA tbv cie B&M","dc_type":"bijlage","foi_fairiscoreVersions":{"v1":1,"v2":1},"foi_fileName":"Technische%20vragen%20fractie%20PvdA%20tbv%20cie%20B%26M.pdf","foi_nrPages":2},{"dc_format":"application/pdf","dc_identifier":"nl.gm1954.2c.2023.2834124-1.doc.6","dc_source":"https://api1.ibabs.eu/publicdownload.aspx?site=Beekdaelen&id=6766a853-9d7c-4418-a8db-138ee8d1f29f","dc_title":"Technische vragen VVD fractie commissie Bestuur en Middelen 18 januari 2023","dc_type":"bijlage","foi_fairiscoreVersions":{"v1":1,"v2":1},"foi_fileName":"Technische%20vragen%20VVD%20fractie%20commissie%20Bestuur%20en%20Middelen%2018%20januari%202023.pdf","foi_nrPages":2}],"foi_nrDocuments":7,"foi_nrPagesInDossier":9,"foi_publishedDate":"2023-01-18","foi_retrievedDate":"2026-03-04"},{"dc_creator":"HandelingScraper_v1","dc_date_year":2023,"dc_description":"Vergadering van de Gemeente Beekdaelen op 2023-01-18. Onderdeel: Opening, mededelingen voorzitter en vaststellen agenda..","dc_identifier":"nl.gm1954.2c.2023.2834124-2","dc_publisher":"gm1954","dc_source":"https://beekdaelen.bestuurlijkeinformatie.nl/Agenda/Index/efe0237b-e0f0-4bbb-b070-3631c16c9ba6","dc_title":"Raadscommissie Bestuur en Middelen 2023-01-18 - Opening, mededelingen voorzitter en vaststellen agenda.","dc_type":"2c","dc_type_description":"Vergaderstuk decentrale overheid","foi_fairiscoreVersions":{"v1":1,"v2":1},"foi_files":[{"dc_format":"application/octet-stream","dc_identifier":"nl.gm1954.2c.2023.2834124-2.doc.3","dc_source":"https://api1.ibabs.eu/publicdownload.aspx?site=Beekdaelen&id=41d41f6b-97e2-4f01-9a05-a2480d1f66f7","dc_title":"Cie B&M 18012023 A1 tm A3","dc_type":"bijlage","foi_fileName":"Cie%20B%26M%2018012023%20A1%20tm%20A3.mp3"},{"dc_format":"application/pdf","dc_identifier":"nl.gm1954.2c.2023.2834124-2.doc.1","dc_source":"https://api1.ibabs.eu/publicdownload.aspx?site=Beekdaelen&id=de0ba858-1300-477d-b9b4-de961da1d62f","dc_title":"Uitnodiging en voorlopige agenda raadscie. Bestuur & Middelen 18.01.2023","dc_type":"bijlage","foi_fairiscoreVersions":{"v1":1,"v2":1},"foi_fileName":"Uitnodiging%20en%20voorlopige%20agenda%20raadscie.%20Bestuur%20%26%20Middelen%2018.01.2023.pdf","foi_nrPages":1},{"dc_format":"application/pdf","dc_identifier":"nl.gm1954.2c.2023.2834124-2.doc.2","dc_source":"https://api1.ibabs.eu/publicdownload.aspx?site=Beekdaelen&id=53420aff-462c-43cd-b85d-7e080daf6dd5","dc_title":"Vastgestelde agenda raadscie. Bestuur en Middelen 18012023","dc_type":"bijlage","foi_fairiscoreVersions":{"v1":1,"v2":1},"foi_fileName":"Vastgestelde%20agenda%20raadscie.pdf","foi_nrPages":1}],"foi_nrDocuments":3,"foi_nrPagesInDossier":2,"foi_publishedDate":"2023-01-18","foi_retrievedDate":"2026-03-04"},{"dc_creator":"HandelingScraper_v1","dc_date_year":2023,"dc_description":"Vergadering van de Gemeente Beekdaelen op 2023-01-18. Onderdeel: Spreekrecht burgers..","dc_identifier":"nl.gm1954.2c.2023.2834124-3","dc_publisher":"gm1954","dc_source":"https://beekdaelen.bestuurlijkeinformatie.nl/Agenda/Index/efe0237b-e0f0-4bbb-b070-3631c16c9ba6","dc_title":"Raadscommissie Bestuur en Middelen 2023-01-18 - Spreekrecht burgers.","dc_type":"2c","dc_type_description":"Vergaderstuk decentrale overheid","foi_fairiscoreVersions":{"v1":null,"v2":null},"foi_files":[{"dc_format":"application/octet-stream","dc_identifier":"nl.gm1954.2c.2023.2834124-3.doc.1","dc_source":"https://api1.ibabs.eu/publicdownload.aspx?site=Beekdaelen&id=36214d8b-a2a0-4fb7-a68f-3d1336f39e3d","dc_title":"Cie B&M 18012023 A1 tm A3","dc_type":"bijlage","foi_fileName":"Cie%20B%26M%2018012023%20A1%20tm%20A3.mp3"}],"foi_nrDocuments":1,"foi_nrPagesInDossier":0,"foi_publishedDate":"2023-01-18","foi_retrievedDate":"2026-01-23"},{"dc_creator":"HandelingScraper_v1","dc_date_year":2023,"dc_description":"Vergadering van de Gemeente Beekdaelen op 2023-01-18. Onderdeel: Vaststellen actiepuntenlijst van de raadscommissie Bestuur en Middelen d.d. 7 december 2022.","dc_identifier":"nl.gm1954.2c.2023.2834124-4","dc_publisher":"gm1954","dc_source":"https://beekdaelen.bestuurlijkeinformatie.nl/Agenda/Index/efe0237b-e0f0-4bbb-b070-3631c16c9ba6","dc_title":"Raadscommissie Bestuur en Middelen 2023-01-18 - Vaststellen actiepuntenlijst van de raadscommissie Bestuur en Middelen d.d. 7 december 2022","dc_type":"2c","dc_type_description":"Vergaderstuk decentrale overheid","foi_fairiscoreVersions":{"v1":1,"v2":1},"foi_files":[{"dc_format":"application/pdf","dc_identifier":"nl.gm1954.2c.2023.2834124-4.doc.1","dc_source":"https://api1.ibabs.eu/publicdownload.aspx?site=Beekdaelen&id=27703256-6079-4dbf-b72f-f7930115e492","dc_title":"Actiepuntenlijst cie  Bestuur en Middelen 07.12.2022 - vastgesteld 18.01.2023","dc_type":"bijlage","foi_fairiscoreVersions":{"v1":1,"v2":1},"foi_fileName":"Actiepuntenlijst%20cie%20%20Bestuur%20en%20Middelen%2007.12.2022.pdf","foi_nrPages":5},{"dc_format":"application/octet-stream","dc_identifier":"nl.gm1954.2c.2023.2834124-4.doc.2","dc_source":"https://api1.ibabs.eu/publicdownload.aspx?site=Beekdaelen&id=723b5057-1990-4dc0-80e7-e70348e5ad24","dc_title":"Cie B&M 18012023 A1 tm A3","dc_type":"bijlage","foi_fileName":"Cie%20B%26M%2018012023%20A1%20tm%20A3.mp3"}],"foi_nrDocuments":2,"foi_nrPagesInDossier":5,"foi_publishedDate":"2023-01-18","foi_retrievedDate":"2026-03-05"},{"dc_creator":"HandelingScraper_v1","dc_date_year":2023,"dc_description":"Vergadering van de Gemeente Beekdaelen op 2023-01-18. Onderdeel: Raadsvoorstel scenariokeuze nieuwbouw Huisvesting.","dc_identifier":"nl.gm1954.2c.2023.2834124-5","dc_publisher":"gm1954","dc_source":"https://beekdaelen.bestuurlijkeinformatie.nl/Agenda/Index/efe0237b-e0f0-4bbb-b070-3631c16c9ba6","dc_title":"Raadscommissie Bestuur en Middelen 2023-01-18 - Raadsvoorstel scenariokeuze nieuwbouw Huisvesting","dc_type":"2c","dc_type_description":"Vergaderstuk decentrale overheid","foi_fairiscoreVersions":{"v1":2,"v2":2},"foi_files":[{"dc_format":"application/octet-stream","dc_identifier":"nl.gm1954.2c.2023.2834124-5.doc.11","dc_source":"https://api1.ibabs.eu/publicdownload.aspx?site=Beekdaelen&id=43c08d62-a214-455a-8634-b202d2ffea98","dc_title":"Cie B&M 18012023 B1 1e termijn I","dc_type":"bijlage","foi_fileName":"Cie%20B%26M%2018012023%20B1%201e%20termijn%20I.mp3"},{"dc_format":"application/octet-stream","dc_identifier":"nl.gm1954.2c.2023.2834124-5.doc.12","dc_source":"https://api1.ibabs.eu/publicdownload.aspx?site=Beekdaelen&id=28033051-708a-4851-b35f-3ee8a52dd411","dc_title":"Cie B&M 18012023 B1 1e termijn II","dc_type":"bijlage","foi_fileName":"Cie%20B%26M%2018012023%20B1%201e%20termijn%20II.mp3"},{"dc_format":"application/octet-stream","dc_identifier":"nl.gm1954.2c.2023.2834124-5.doc.14","dc_source":"https://api1.ibabs.eu/publicdownload.aspx?site=Beekdaelen&id=6699ec19-724e-4a3a-8893-e533e2691243","dc_title":"Cie B&M 18012023 B1 2e termijn I","dc_type":"bijlage","foi_fileName":"Cie%20B%26M%2018012023%20B1%202e%20termijn%20I.mp3"},{"dc_format":"application/octet-stream","dc_identifier":"nl.gm1954.2c.2023.2834124-5.doc.15","dc_source":"https://api1.ibabs.eu/publicdownload.aspx?site=Beekdaelen&id=dc6858ff-dda4-45bb-b615-f909171f64a6","dc_title":"Cie B&M 18012023 B1 2e termijn II","dc_type":"bijlage","foi_fileName":"Cie%20B%26M%2018012023%20B1%202e%20termijn%20II.mp3"},{"dc_format":"application/octet-stream","dc_identifier":"nl.gm1954.2c.2023.2834124-5.doc.16","dc_source":"https://api1.ibabs.eu/publicdownload.aspx?site=Beekdaelen&id=a82854a0-93af-48cc-96cc-f1f04bb76e53","dc_title":"Cie B&M 18012023 B1 2e termijn III","dc_type":"bijlage","foi_fileName":"Cie%20B%26M%2018012023%20B1%202e%20termijn%20III.mp3"},{"dc_format":"application/octet-stream","dc_identifier":"nl.gm1954.2c.2023.2834124-5.doc.18","dc_source":"https://api1.ibabs.eu/publicdownload.aspx?site=Beekdaelen&id=664a6723-6296-4d6c-a1fd-4d0b17ab35b6","dc_title":"Cie B&M 18012023 B1 conclusie","dc_type":"bijlage","foi_fileName":"Cie%20B%26M%2018012023%20B1%20conclusie.mp3"},{"dc_format":"application/octet-stream","dc_identifier":"nl.gm1954.2c.2023.2834124-5.doc.13","dc_source":"https://api1.ibabs.eu/publicdownload.aspx?site=Beekdaelen&id=1a8434ee-3d57-4d05-8789-ed3de1f25a26","dc_title":"Cie B&M 18012023 B1 antwoord B&W 1e termijn","dc_type":"bijlage","foi_fileName":"Cie%20B%26M%2018012023%20B1%20reactie%20B%26W%201e%20termijn.mp3"},{"dc_format":"application/octet-stream","dc_identifier":"nl.gm1954.2c.2023.2834124-5.doc.17","dc_source":"https://api1.ibabs.eu/publicdownload.aspx?site=Beekdaelen&id=1095fac0-4f74-4e6e-b31e-58af8d62c5d4","dc_title":"Cie B&M 18012023 B1 antwoord B&W 2e termijn","dc_type":"bijlage","foi_fileName":"Cie%20B%26M%2018012023%20B1%20reactie%20B%26W%202e%20termijn%20I.mp3"},{"dc_format":"application/pdf","dc_identifier":"nl.gm1954.2c.2023.2834124-5.doc.10","dc_source":"https://api1.ibabs.eu/publicdownload.aspx?site=Beekdaelen&id=50c11874-5932-49f7-bba7-ed4d0714be22","dc_title":"MvA BL inzake huisvesting (B1)","dc_type":"bijlage","foi_fairiscoreVersions":{"v1":1,"v2":1},"foi_fileName":"MvA%20BL%20inzake%20huisvesting%20%28B1%29.pdf","foi_nrPages":5},{"dc_format":"application/pdf","dc_identifier":"nl.gm1954.2c.2023.2834124-5.doc.6","dc_source":"https://api1.ibabs.eu/publicdownload.aspx?site=Beekdaelen&id=ce188382-7365-41a9-acdf-e36999e452d5","dc_title":"MvA CDA inzake huisvesting (B1)","dc_type":"bijlage","foi_fairiscoreVersions":{"v1":2,"v2":2},"foi_fileName":"MvA%20CDA%20inzake%20huisvesting%20%28B1%29.pdf","foi_nrPages":5},{"dc_format":"application/pdf","dc_identifier":"nl.gm1954.2c.2023.2834124-5.doc.7","dc_source":"https://api1.ibabs.eu/publicdownload.aspx?site=Beekdaelen&id=5d1744cd-74c9-4e60-af14-49f2480e92e8","dc_title":"MvA PVDA inzake huisvesting (B1)","dc_type":"bijlage","foi_fairiscoreVersions":{"v1":1,"v2":1},"foi_fileName":"MvA%20PVDA%20inzake%20huisvesting%20%28B1%29.pdf","foi_nrPages":10},{"dc_format":"application/pdf","dc_identifier":"nl.gm1954.2c.2023.2834124-5.doc.8","dc_source":"https://api1.ibabs.eu/publicdownload.aspx?site=Beekdaelen&id=cad58986-b6a6-4bb1-af5c-9ef9edf6eb95","dc_title":"MvA VG inzake huisvesting (B1)","dc_type":"bijlage","foi_fairiscoreVersions":{"v1":1,"v2":1},"foi_fileName":"MvA%20VG%20inzake%20huisvesting%20%28B1%29.pdf","foi_nrPages":2},{"dc_format":"application/pdf","dc_identifier":"nl.gm1954.2c.2023.2834124-5.doc.9","dc_source":"https://api1.ibabs.eu/publicdownload.aspx?site=Beekdaelen&id=8e9313b4-c3b9-4da8-8911-44042551bb22","dc_title":"MvA VVD inzake huisvesting (B1)","dc_type":"bijlage","foi_fairiscoreVersions":{"v1":1,"v2":1},"foi_fileName":"MvA%20VVD%20inzake%20huisvesting%20%28B1%29.pdf","foi_nrPages":8},{"dc_format":"application/pdf","dc_identifier":"nl.gm1954.2c.2023.2834124-5.doc.5","dc_source":"https://api1.ibabs.eu/publicdownload.aspx?site=Beekdaelen&id=eb4f4a34-f0ec-449b-94d9-fc9b59424d2a","dc_title":"Bijlage:  Begrotingswijziging 2.1 VERVALLEN","dc_type":"bijlage","foi_fairiscoreVersions":{"v1":1,"v2":1},"foi_fileName":"Z%2F19%2F128565%20-%20323513%20-%20151222%20bijlage%20raadsvoorstel%20Begrotingswijziging%202.pdf","foi_nrPages":1},{"dc_format":"application/pdf","dc_identifier":"nl.gm1954.2c.2023.2834124-5.doc.3","dc_source":"https://api1.ibabs.eu/publicdownload.aspx?site=Beekdaelen&id=1fddec5c-2db8-40cf-8d6c-27d922eac14e","dc_title":"Bijlage: multi-criteria analyse definities","dc_type":"bijlage","foi_fairiscoreVersions":{"v1":1,"v2":1},"foi_fileName":"Z%2F19%2F128565%20-%20323513%20-%20151222%20bijlage%20raadsvoorstel%20multi-criteria%20analyse%20definities.pdf","foi_nrPages":3},{"dc_format":"application/pdf","dc_identifier":"nl.gm1954.2c.2023.2834124-5.doc.4","dc_source":"https://api1.ibabs.eu/publicdownload.aspx?site=Beekdaelen&id=a8f54f77-e38a-4649-b230-1303c2802f32","dc_title":"Bijlage:  raadsvoorstel multi-criteria analyse van de voorliggende screnarios","dc_type":"bijlage","foi_fairiscoreVersions":{"v1":1,"v2":1},"foi_fileName":"Z%2F19%2F128565%20-%20323513%20-%20151222%20bijlage%20raadsvoorstel%20multi-criteria%20analyse%20van%20de%20voorliggende%20screnarios.pdf","foi_nrPages":5},{"dc_format":"application/pdf","dc_identifier":"nl.gm1954.2c.2023.2834124-5.doc.1","dc_source":"https://api1.ibabs.eu/publicdownload.aspx?site=Beekdaelen&id=a09063c3-2eed-4b00-9f1f-597129020858","dc_title":"Raadsvoorstel inzake huisvesting ambtelijke organisatie - 31 jan 2022 VERVALLEN","dc_type":"bijlage","foi_fairiscoreVersions":{"v1":1,"v2":1},"foi_fileName":"Z%2F19%2F128565%20-%20323513%20-%20151222%20raadsvoorstel%20huisvesting%20ambtelijke%20organisatie%20-%2031%20jan%202022.pdf","foi_nrPages":10},{"dc_format":"application/pdf","dc_identifier":"nl.gm1954.2c.2023.2834124-5.doc.2","dc_source":"https://api1.ibabs.eu/publicdownload.aspx?site=Beekdaelen&id=d03f6ce0-9595-4bfe-b02d-d7b6b0ddb6df","dc_title":"Raadsbesluit inzake scenariokeuze huisvesting Ambtelijke organisatie VERVALLEN","dc_type":"bijlage","foi_fairiscoreVersions":{"v1":1,"v2":1},"foi_fileName":"Z%2F19%2F128565%20-%20324381%20-%20151222%20raadsbesluit%20scenariokeuze%20huisvesting%20Ambtelijke%20organisatie.pdf","foi_nrPages":1}],"foi_nrDocuments":18,"foi_nrPagesInDossier":50,"foi_publishedDate":"2023-01-18","foi_retrievedDate":"2026-02-12"},{"dc_creator":"HandelingScraper_v1","dc_date_year":2023,"dc_description":"Vergadering van de Gemeente Beekdaelen op 2023-01-18. Onderdeel: Rondvraag Bestuur en Middelen.","dc_identifier":"nl.gm1954.2c.2023.2834124-6","dc_publisher":"gm1954","dc_source":"https://beekdaelen.bestuurlijkeinformatie.nl/Agenda/Index/efe0237b-e0f0-4bbb-b070-3631c16c9ba6","dc_title":"Raadscommissie Bestuur en Middelen 2023-01-18 - Rondvraag Bestuur en Middelen","dc_type":"2c","dc_type_description":"Vergaderstuk decentrale overheid","foi_fairiscoreVersions":{"v1":1,"v2":1},"foi_files":[{"dc_format":"application/pdf","dc_identifier":"nl.gm1954.2c.2023.2834124-6.doc.1","dc_source":"https://api1.ibabs.eu/publicdownload.aspx?site=Beekdaelen&id=d60d2434-8f81-48a8-8076-78e27a915d28","dc_title":"Beantwoording vraag VG inzake aanbesteding gemeentelijke infopagina's weekblad","dc_type":"bijlage","foi_fairiscoreVersions":{"v1":1,"v2":1},"foi_fileName":"Beantwoording%20vraag%20VG%20inzake%20aanbesteding%20gemeentelijke%20infopagina%27s%20weekblad.pdf","foi_nrPages":1},{"dc_format":"application/octet-stream","dc_identifier":"nl.gm1954.2c.2023.2834124-6.doc.3","dc_source":"https://api1.ibabs.eu/publicdownload.aspx?site=Beekdaelen&id=781f9875-11a2-457d-aa7a-11547c42874b","dc_title":"Cie B&M 18012023 C Rondvraag","dc_type":"bijlage","foi_fileName":"Cie%20B%26M%2018012023%20C%20Rondvraag.mp3"},{"dc_format":"application/pdf","dc_identifier":"nl.gm1954.2c.2023.2834124-6.doc.2","dc_source":"https://api1.ibabs.eu/publicdownload.aspx?site=Beekdaelen&id=c3fac34f-5e09-4999-b9d7-04df11209f4f","dc_title":"Beantwoording vraag VG inzake tarief op matrassen bij milieuparken","dc_type":"bijlage","foi_fairiscoreVersions":{"v1":1,"v2":1},"foi_fileName":"Memorie%20van%20Antwoord%20matrassen%20versie%20jan%20%28003%29.pdf","foi_nrPages":2}],"foi_nrDocuments":3,"foi_nrPagesInDossier":3,"foi_publishedDate":"2023-01-18","foi_retrievedDate":"2026-02-05"},{"dc_creator":"HandelingScraper_v1","dc_date_year":2023,"dc_description":"Vergadering van de Gemeente Beekdaelen op 2023-01-19. Onderdeel: Algemeen.","dc_identifier":"nl.gm1954.2c.2023.2834165-1","dc_publisher":"gm1954","dc_source":"https://beekdaelen.bestuurlijkeinformatie.nl/Agenda/Index/9885a85f-840b-483e-8cbf-fb5e48e7c661","dc_title":"Raadscommissie Fysieke Leefomgeving 2023-01-19 - Algemeen","dc_type":"2c","dc_type_description":"Vergaderstuk decentrale overheid","foi_fairiscoreVersions":{"v1":1,"v2":1},"foi_files":[{"dc_format":"application/pdf","dc_identifier":"nl.gm1954.2c.2023.2834165-1.doc.2","dc_source":"https://api1.ibabs.eu/publicdownload.aspx?site=Beekdaelen&id=642306dd-a161-4dec-9dc5-8df2bffaafca","dc_title":"Technische vragen fractie CDA tbv cie FL","dc_type":"bijlage","foi_fairiscoreVersions":{"v1":1,"v2":1},"foi_fileName":"Technische%20vragen%20fractie%20CDA%20tbv%20cie%20FL.pdf","foi_nrPages":2},{"dc_format":"application/pdf","dc_identifier":"nl.gm1954.2c.2023.2834165-1.doc.3","dc_source":"https://api1.ibabs.eu/publicdownload.aspx?site=Beekdaelen&id=64eeac25-f17e-4dad-b7f8-a2c986db0624","dc_title":"Technische vragen fractie GL tbv cie FL","dc_type":"bijlage","foi_fairiscoreVersions":{"v1":1,"v2":1},"foi_fileName":"Technische%20vragen%20fractie%20GL%20tbv%20cie%20FL.pdf","foi_nrPages":2},{"dc_format":"application/pdf","dc_identifier":"nl.gm1954.2c.2023.2834165-1.doc.4","dc_source":"https://api1.ibabs.eu/publicdownload.aspx?site=Beekdaelen&id=cb7a3539-5428-4cb4-a42e-5f371af4ff3e","dc_title":"Technische vragen fractie VG tbv cie FL","dc_type":"bijlage","foi_fairiscoreVersions":{"v1":1,"v2":1},"foi_fileName":"Technische%20vragen%20fractie%20VG%20tbv%20cie%20FL.pdf","foi_nrPages":1},{"dc_format":"application/pdf","dc_identifier":"nl.gm1954.2c.2023.2834165-1.doc.1","dc_source":"https://api1.ibabs.eu/publicdownload.aspx?site=Beekdaelen&id=e4ef57af-6fa5-47d7-9c2c-9cdb7108328d","dc_title":"Technische vragen fractie VVD cie FL 19 januari","dc_type":"bijlage","foi_fairiscoreVersions":{"v1":1,"v2":1},"foi_fileName":"Technische%20vragen%20fractie%20VVD%20cie%20FL%2019%20januari.pdf","foi_nrPages":1}],"foi_nrDocuments":4,"foi_nrPagesInDossier":6,"foi_publishedDate":"2023-01-19","foi_retrievedDate":"2025-12-02"},{"dc_creator":"HandelingScraper_v1","dc_date_year":2023,"dc_description":"Vergadering van de Gemeente Beekdaelen op 2023-01-19. Onderdeel: Opening, mededelingen voorzitter en vaststellen agenda..","dc_identifier":"nl.gm1954.2c.2023.2834165-2","dc_publisher":"gm1954","dc_source":"https://beekdaelen.bestuurlijkeinformatie.nl/Agenda/Index/9885a85f-840b-483e-8cbf-fb5e48e7c661","dc_title":"Raadscommissie Fysieke Leefomgeving 2023-01-19 - Opening, mededelingen voorzitter en vaststellen agenda.","dc_type":"2c","dc_type_description":"Vergaderstuk decentrale overheid","foi_fairiscoreVersions":{"v1":1,"v2":1},"foi_files":[{"dc_format":"application/octet-stream","dc_identifier":"nl.gm1954.2c.2023.2834165-2.doc.3","dc_source":"https://api1.ibabs.eu/publicdownload.aspx?site=Beekdaelen&id=cec87401-b6d0-4755-a6bb-905caeb77f2c","dc_title":"Cie FLO 19012023 A1 tm A3","dc_type":"bijlage","foi_fileName":"Cie%20FLO%2019012023%20A1%20tm%20A3.mp3"},{"dc_format":"application/pdf","dc_identifier":"nl.gm1954.2c.2023.2834165-2.doc.1","dc_source":"https://api1.ibabs.eu/publicdownload.aspx?site=Beekdaelen&id=a7afda25-eb7d-4b85-8b2f-6e3e0a7c63de","dc_title":"Uitnodiging en voorlopige agenda raadscie. Fysieke Leefomgeving 19.01.2023","dc_type":"bijlage","foi_fairiscoreVersions":{"v1":1,"v2":1},"foi_fileName":"Uitnodiging%20en%20voorlopige%20agenda%20raadscie.%20Fysieke%20Leefomgeving%2019.01.2023.pdf","foi_nrPages":1},{"dc_format":"application/pdf","dc_identifier":"nl.gm1954.2c.2023.2834165-2.doc.2","dc_source":"https://api1.ibabs.eu/publicdownload.aspx?site=Beekdaelen&id=f971f227-534f-4abb-8465-1d18b690d872","dc_title":"Vastgestelde agenda raadscie. Fysieke Leefomgeving 19012023","dc_type":"bijlage","foi_fairiscoreVersions":{"v1":1,"v2":1},"foi_fileName":"Vastgestelde%20agenda%20raadscie.pdf","foi_nrPages":1}],"foi_nrDocuments":3,"foi_nrPagesInDossier":2,"foi_publishedDate":"2023-01-19","foi_retrievedDate":"2025-11-29"},{"dc_creator":"HandelingScraper_v1","dc_date_year":2023,"dc_description":"Vergadering van de Gemeente Beekdaelen op 2023-01-19. Onderdeel: Spreekrecht burgers..","dc_identifier":"nl.gm1954.2c.2023.2834165-3","dc_publisher":"gm1954","dc_source":"https://beekdaelen.bestuurlijkeinformatie.nl/Agenda/Index/9885a85f-840b-483e-8cbf-fb5e48e7c661","dc_title":"Raadscommissie Fysieke Leefomgeving 2023-01-19 - Spreekrecht burgers.","dc_type":"2c","dc_type_description":"Vergaderstuk decentrale overheid","foi_fairiscoreVersions":{"v1":null,"v2":null},"foi_files":[{"dc_format":"application/octet-stream","dc_identifier":"nl.gm1954.2c.2023.2834165-3.doc.1","dc_source":"https://api1.ibabs.eu/publicdownload.aspx?site=Beekdaelen&id=b4cb90fb-bbfd-4e8c-b3a5-a604c1e88937","dc_title":"Cie FLO 19012023 A1 tm A3","dc_type":"bijlage","foi_fileName":"Cie%20FLO%2019012023%20A1%20tm%20A3.mp3"}],"foi_nrDocuments":1,"foi_nrPagesInDossier":0,"foi_publishedDate":"2023-01-19","foi_retrievedDate":"2025-12-04"},{"dc_creator":"HandelingScraper_v1","dc_date_year":2023,"dc_description":"Vergadering van de Gemeente Beekdaelen op 2023-01-19. Onderdeel: Vaststellen actiepuntenlijst van de raadscommissie Fysieke Leefomgeving d.d. 8 december 2022.","dc_identifier":"nl.gm1954.2c.2023.2834165-4","dc_publisher":"gm1954","dc_source":"https://beekdaelen.bestuurlijkeinformatie.nl/Agenda/Index/9885a85f-840b-483e-8cbf-fb5e48e7c661","dc_title":"Raadscommissie Fysieke Leefomgeving 2023-01-19 - Vaststellen actiepuntenlijst van de raadscommissie Fysieke Leefomgeving d.d. 8 december 2022","dc_type":"2c","dc_type_description":"Vergaderstuk decentrale overheid","foi_fairiscoreVersions":{"v1":1,"v2":1},"foi_files":[{"dc_format":"application/pdf","dc_identifier":"nl.gm1954.2c.2023.2834165-4.doc.1","dc_source":"https://api1.ibabs.eu/publicdownload.aspx?site=Beekdaelen&id=1aaca636-aadb-4c9a-89e5-c25cdf013580","dc_title":"Actiepuntenlijst cie. FLO 08.12.2022 - vastgesteld 19.01.2023","dc_type":"bijlage","foi_fairiscoreVersions":{"v1":1,"v2":1},"foi_fileName":"Actiepuntenlijst%20cie.%20FLO%2008.12.2022.pdf","foi_nrPages":8},{"dc_format":"application/octet-stream","dc_identifier":"nl.gm1954.2c.2023.2834165-4.doc.2","dc_source":"https://api1.ibabs.eu/publicdownload.aspx?site=Beekdaelen&id=c5f96b2a-fa08-416e-8a9a-756d995413b9","dc_title":"Cie FLO 19012023 A1 tm A3","dc_type":"bijlage","foi_fileName":"Cie%20FLO%2019012023%20A1%20tm%20A3.mp3"}],"foi_nrDocuments":2,"foi_nrPagesInDossier":8,"foi_publishedDate":"2023-01-19","foi_retrievedDate":"2025-12-01"},{"dc_creator":"HandelingScraper_v1","dc_date_year":2023,"dc_description":"Vergadering van de Gemeente Beekdaelen op 2023-01-19. Onderdeel: Vaststellen lijst van toezeggingen van de raadscommissie Fysieke Leefomgeving.","dc_identifier":"nl.gm1954.2c.2023.2834165-5","dc_publisher":"gm1954","dc_source":"https://beekdaelen.bestuurlijkeinformatie.nl/Agenda/Index/9885a85f-840b-483e-8cbf-fb5e48e7c661","dc_title":"Raadscommissie Fysieke Leefomgeving 2023-01-19 - Vaststellen lijst van toezeggingen van de raadscommissie Fysieke Leefomgeving","dc_type":"2c","dc_type_description":"Vergaderstuk decentrale overheid","foi_fairiscoreVersions":{"v1":null,"v2":null},"foi_files":[{"dc_format":"application/octet-stream","dc_identifier":"nl.gm1954.2c.2023.2834165-5.doc.1","dc_source":"https://api1.ibabs.eu/publicdownload.aspx?site=Beekdaelen&id=7dc23af3-0cdf-49e3-b602-6c97d6aa487e","dc_title":"Cie FLO 19012023 A1 tm A3","dc_type":"bijlage","foi_fileName":"Cie%20FLO%2019012023%20A1%20tm%20A3.mp3"}],"foi_nrDocuments":1,"foi_nrPagesInDossier":0,"foi_publishedDate":"2023-01-19","foi_retrievedDate":"2026-03-01"},{"dc_creator":"HandelingScraper_v1","dc_date_year":2023,"dc_description":"Vergadering van de Gemeente Beekdaelen op 2023-01-19. Onderdeel: Verordening Starterslening Beekdaelen 2023.","dc_identifier":"nl.gm1954.2c.2023.2834165-6","dc_publisher":"gm1954","dc_source":"https://beekdaelen.bestuurlijkeinformatie.nl/Agenda/Index/9885a85f-840b-483e-8cbf-fb5e48e7c661","dc_title":"Raadscommissie Fysieke Leefomgeving 2023-01-19 - Verordening Starterslening Beekdaelen 2023","dc_type":"2c","dc_type_description":"Vergaderstuk decentrale overheid","foi_fairiscoreVersions":{"v1":1,"v2":1},"foi_files":[{"dc_format":"application/octet-stream","dc_identifier":"nl.gm1954.2c.2023.2834165-6.doc.9","dc_source":"https://api1.ibabs.eu/publicdownload.aspx?site=Beekdaelen&id=122e3b3b-c09e-460d-9c1c-0f9753b36ee1","dc_title":"Cie FLO 19012023 B1","dc_type":"bijlage","foi_fileName":"Cie%20FLO%2019012023%20B1.mp3"},{"dc_format":"application/pdf","dc_identifier":"nl.gm1954.2c.2023.2834165-6.doc.8","dc_source":"https://api1.ibabs.eu/publicdownload.aspx?site=Beekdaelen&id=05e66551-7401-4474-9ded-208011b84b23","dc_title":"MvA technische voorvragen CDA (B1)","dc_type":"bijlage","foi_fairiscoreVersions":{"v1":1,"v2":1},"foi_fileName":"MvA%20technische%20voorvragen%20CDA%20%28B1%29.pdf","foi_nrPages":2},{"dc_format":"application/pdf","dc_identifier":"nl.gm1954.2c.2023.2834165-6.doc.7","dc_source":"https://api1.ibabs.eu/publicdownload.aspx?site=Beekdaelen&id=f7e332d4-e846-4fa2-a2d9-a75c2cbfe565","dc_title":"MvA technische voorvragen GL (B1)","dc_type":"bijlage","foi_fairiscoreVersions":{"v1":1,"v2":1},"foi_fileName":"MvA%20technische%20voorvragen%20GL%20%28B1%29.pdf","foi_nrPages":2},{"dc_format":"application/pdf","dc_identifier":"nl.gm1954.2c.2023.2834165-6.doc.6","dc_source":"https://api1.ibabs.eu/publicdownload.aspx?site=Beekdaelen&id=62a9357b-8a17-4827-93bf-97486070418f","dc_title":"MvA technische voorvragen VG (B1","dc_type":"bijlage","foi_fairiscoreVersions":{"v1":1,"v2":1},"foi_fileName":"MvA%20technische%20voorvragen%20VG%20%28B1%29.pdf","foi_nrPages":2},{"dc_format":"application/pdf","dc_identifier":"nl.gm1954.2c.2023.2834165-6.doc.5","dc_source":"https://api1.ibabs.eu/publicdownload.aspx?site=Beekdaelen&id=e7ab94ff-2119-4f64-b439-f2d932be49ac","dc_title":"MvA technische voorvragen VVD (B1)","dc_type":"bijlage","foi_fairiscoreVersions":{"v1":1,"v2":1},"foi_fileName":"MvA%20technische%20voorvragen%20VVD%20%28B1%29.pdf","foi_nrPages":1},{"dc_format":"application/pdf","dc_identifier":"nl.gm1954.2c.2023.2834165-6.doc.1","dc_source":"https://api1.ibabs.eu/publicdownload.aspx?site=Beekdaelen&id=d4fe8d41-cc63-4d7e-a823-0b0d494bbc7b","dc_title":"Raadsvoorstel inzake de Verordening Starterslening gemeente Beekdaelen 2023","dc_type":"bijlage","foi_fairiscoreVersions":{"v1":1,"v2":1},"foi_fileName":"Z%2F22%2F183414%20-%20322819%20-%20raadsvoorstel%20inzake%20de%20Verordening%20Starterslening%20gemeente%20Beekdaelen%202023.pdf","foi_nrPages":3},{"dc_format":"application/pdf","dc_identifier":"nl.gm1954.2c.2023.2834165-6.doc.2","dc_source":"https://api1.ibabs.eu/publicdownload.aspx?site=Beekdaelen&id=032dc1c0-ea5d-44ed-9888-fdd97fc1f42d","dc_title":"Bijlage1: Raadsbesluit Verordening Starterslening gemeente Beekdaelen 2023","dc_type":"bijlage","foi_fairiscoreVersions":{"v1":1,"v2":1},"foi_fileName":"Z%2F22%2F183414%20-%20322821%20-%20Verordening%20Starterslening%20gemeente%20Beekdaelen%202023.pdf","foi_nrPages":1},{"dc_format":"application/pdf","dc_identifier":"nl.gm1954.2c.2023.2834165-6.doc.4","dc_source":"https://api1.ibabs.eu/publicdownload.aspx?site=Beekdaelen&id=53eabe31-600a-4e30-9aa0-ff26fe159305","dc_title":"Bijlage 3: Verordening Starterslening gemeente Beekdaelen 2023","dc_type":"bijlage","foi_fairiscoreVersions":{"v1":1,"v2":1},"foi_fileName":"Z%2F22%2F183414%20-%20322822%20-%20Verordening%20Starterslening%20gemeente%20Beekdaelen%202023.pdf","foi_nrPages":3},{"dc_format":"application/pdf","dc_identifier":"nl.gm1954.2c.2023.2834165-6.doc.3","dc_source":"https://api1.ibabs.eu/publicdownload.aspx?site=Beekdaelen&id=8018b891-2292-4f2f-a3d9-07bff8cc3c3e","dc_title":"Bijlage 2: Overzicht inhoudelijke wijzigingen Verordening Starterslening artikelen","dc_type":"bijlage","foi_fairiscoreVersions":{"v1":1,"v2":1},"foi_fileName":"Z%2F22%2F183414%20-%20324203%20-%20Overzicht%20inhoudelijke%20wijzigingen%20Verordening%20Starterslening%20artikelen.pdf","foi_nrPages":3}],"foi_nrDocuments":9,"foi_nrPagesInDossier":17,"foi_publishedDate":"2023-01-19","foi_retrievedDate":"2026-03-10"},{"dc_creator":"HandelingScraper_v1","dc_date_year":2023,"dc_description":"Vergadering van de Gemeente Beekdaelen op 2023-01-19. Onderdeel: Regionaal Afstemmingskader Gemeentelijke Omgevingsvisies Parkstad.","dc_identifier":"nl.gm1954.2c.2023.2834165-7","dc_publisher":"gm1954","dc_source":"https://beekdaelen.bestuurlijkeinformatie.nl/Agenda/Index/9885a85f-840b-483e-8cbf-fb5e48e7c661","dc_title":"Raadscommissie Fysieke Leefomgeving 2023-01-19 - Regionaal Afstemmingskader Gemeentelijke Omgevingsvisies Parkstad","dc_type":"2c","dc_type_description":"Vergaderstuk decentrale overheid","foi_fairiscoreVersions":{"v1":2,"v2":2},"foi_files":[{"dc_format":"application/pdf","dc_identifier":"nl.gm1954.2c.2023.2834165-7.doc.1","dc_source":"https://api1.ibabs.eu/publicdownload.aspx?site=Beekdaelen&id=54b49139-a544-4aea-b60e-686891f4b6d9","dc_title":"Raadsvoorstel regionaal afstemmingskader gemeentelijke omgevingsvisies Parkstad","dc_type":"bijlage","foi_fairiscoreVersions":{"v1":1,"v2":1},"foi_fileName":"321657_1.pdf","foi_nrPages":6},{"dc_format":"application/octet-stream","dc_identifier":"nl.gm1954.2c.2023.2834165-7.doc.8","dc_source":"https://api1.ibabs.eu/publicdownload.aspx?site=Beekdaelen&id=829d2d73-a472-4730-9c2f-1d4a643efe05","dc_title":"Cie FLO 19012023 B2","dc_type":"bijlage","foi_fileName":"Cie%20FLO%2019012023%20B2.mp3"},{"dc_format":"application/pdf","dc_identifier":"nl.gm1954.2c.2023.2834165-7.doc.9","dc_source":"https://api1.ibabs.eu/publicdownload.aspx?site=Beekdaelen&id=5b886217-96cb-4c5b-abba-329528e6d9b3","dc_title":"Memorie van antwoord vragen Oostflank.","dc_type":"bijlage","foi_fairiscoreVersions":{"v1":1,"v2":1},"foi_fileName":"Memorie%20van%20antwoord%20vragen%20Oostflank.pdf","foi_nrPages":1},{"dc_format":"application/pdf","dc_identifier":"nl.gm1954.2c.2023.2834165-7.doc.6","dc_source":"https://api1.ibabs.eu/publicdownload.aspx?site=Beekdaelen&id=093926a6-a5d5-471c-8336-b524b947ebc9","dc_title":"MvA mbt voorvragen CDA inzake Omgevingsvisie Parkstad.","dc_type":"bijlage","foi_fairiscoreVersions":{"v1":1,"v2":1},"foi_fileName":"MvA%20mbt%20voorvragen%20CDA%20inzake%20Omgevingsvisie.pdf","foi_nrPages":3},{"dc_format":"application/pdf","dc_identifier":"nl.gm1954.2c.2023.2834165-7.doc.5","dc_source":"https://api1.ibabs.eu/publicdownload.aspx?site=Beekdaelen&id=190dcc0a-060f-485b-932b-6f3c42f0bcf1","dc_title":"MvA mbt voorvragen VG inzake omgevingsvisie Parkstad.","dc_type":"bijlage","foi_fairiscoreVersions":{"v1":1,"v2":1},"foi_fileName":"MvA%20mbt%20voorvragen%20VG%20inake%20omgevingsvisie%20Parkstad.pdf","foi_nrPages":1},{"dc_format":"application/pdf","dc_identifier":"nl.gm1954.2c.2023.2834165-7.doc.7","dc_source":"https://api1.ibabs.eu/publicdownload.aspx?site=Beekdaelen&id=63a75f98-2b29-4779-9111-4daec00e18db","dc_title":"MvA technische voorvragen GL (B2) aangevuld met vraag 1","dc_type":"bijlage","foi_fairiscoreVersions":{"v1":1,"v2":1},"foi_fileName":"MvA%20technische%20voorvragen%20GL%20%28B2%29%20aangevuld%20met%20vraag%201.pdf","foi_nrPages":2},{"dc_format":"application/pdf","dc_identifier":"nl.gm1954.2c.2023.2834165-7.doc.4","dc_source":"https://api1.ibabs.eu/publicdownload.aspx?site=Beekdaelen&id=7663bd65-919f-400c-8a72-1270887b5eb9","dc_title":"Bijlage 3: Raadsbesluit Regionaal Afstemmingskader Gemeentelijke Omgevingsvisies Parkstad","dc_type":"bijlage","foi_fairiscoreVersions":{"v1":1,"v2":1},"foi_fileName":"Z%2F22%2F182946%20-%20321655%20-%20Bijlage%203%3A%20Raadsbesluit%20Regionaal%20Afstemmingskader%20Gemeentelijke%20Omgevingsvisies%20Parkstad.pdf","foi_nrPages":1},{"dc_format":"application/pdf","dc_identifier":"nl.gm1954.2c.2023.2834165-7.doc.3","dc_source":"https://api1.ibabs.eu/publicdownload.aspx?site=Beekdaelen&id=73e94c4c-3684-4e34-aa62-6a86ce05585b","dc_title":"Bijlage 2: Regionaal Afstemmingskader Gemeentelijke Omgevingsvisies Parkstad","dc_type":"bijlage","foi_fairiscoreVersions":{"v1":2,"v2":3},"foi_fileName":"Z%2F22%2F182946%20-%20323073%20-.pdf","foi_nrPages":32},{"dc_format":"application/pdf","dc_identifier":"nl.gm1954.2c.2023.2834165-7.doc.2","dc_source":"https://api1.ibabs.eu/publicdownload.aspx?site=Beekdaelen&id=b3d55b62-4694-4070-87bf-a33aa0223d06","dc_title":"Bijlage 1: \u2018Voortgangsbrief Omgevingswet oktober 2022\u2019 aan de Eerste Kamer d.d. 14 oktober 2022","dc_type":"bijlage","foi_fairiscoreVersions":{"v1":1,"v2":1},"foi_fileName":"Z%2F22%2F182946%20-%20323201%20-%20Bijlage%201%3A%20%E2%80%98Voortgangsbrief%20Omgevingswet%20oktober%202022%E2%80%99%20aan%20de%20Eerste%20Kamer%20d.d.pdf","foi_nrPages":12}],"foi_nrDocuments":9,"foi_nrPagesInDossier":58,"foi_publishedDate":"2023-01-19","foi_retrievedDate":"2025-12-29"},{"dc_creator":"HandelingScraper_v1","dc_date_year":2023,"dc_description":"Vergadering van de Gemeente Beekdaelen op 2023-01-19. Onderdeel: Toelichting resultaten enqu\u00eate Oog van de Leefomgeving.","dc_identifier":"nl.gm1954.2c.2023.2834165-8","dc_publisher":"gm1954","dc_source":"https://beekdaelen.bestuurlijkeinformatie.nl/Agenda/Index/9885a85f-840b-483e-8cbf-fb5e48e7c661","dc_title":"Raadscommissie Fysieke Leefomgeving 2023-01-19 - Toelichting resultaten enqu\u00eate Oog van de Leefomgeving","dc_type":"2c","dc_type_description":"Vergaderstuk decentrale overheid","foi_fairiscoreVersions":{"v1":2,"v2":2},"foi_files":[{"dc_format":"application/octet-stream","dc_identifier":"nl.gm1954.2c.2023.2834165-8.doc.5","dc_source":"https://api1.ibabs.eu/publicdownload.aspx?site=Beekdaelen&id=9e827e92-3d78-4e1b-9c79-2337936b3dc7","dc_title":"Cie FLO 19012023 B3 deel 1","dc_type":"bijlage","foi_fileName":"Cie%20FLO%2019012023%20B3%20deel%201%20gecomprimeerd.mp3"},{"dc_format":"application/octet-stream","dc_identifier":"nl.gm1954.2c.2023.2834165-8.doc.6","dc_source":"https://api1.ibabs.eu/publicdownload.aspx?site=Beekdaelen&id=6f86c121-8c37-4c0a-a01a-ba97662d21b0","dc_title":"Cie FLO 19012023 B3 deel 2","dc_type":"bijlage","foi_fileName":"Cie%20FLO%2019012023%20B3%20deel%202.mp3"},{"dc_format":"application/pdf","dc_identifier":"nl.gm1954.2c.2023.2834165-8.doc.1","dc_source":"https://api1.ibabs.eu/publicdownload.aspx?site=Beekdaelen&id=0278ba20-f629-4d8f-873a-293d058a0c7e","dc_title":"Informatie Omgevingsvisie 'Oog van de leefomgeving' (format)","dc_type":"bijlage","foi_fairiscoreVersions":{"v1":1,"v2":1},"foi_fileName":"Informatie%20Omgevingsvisie%20%27Oog%20van%20de%20leefomgeving%27.pdf","foi_nrPages":2},{"dc_format":"application/pdf","dc_identifier":"nl.gm1954.2c.2023.2834165-8.doc.2","dc_source":"https://api1.ibabs.eu/publicdownload.aspx?site=Beekdaelen&id=bde00352-e65c-4ada-9b82-fc2b7f518d64","dc_title":"MvA mbt enqueteresultaten","dc_type":"bijlage","foi_fairiscoreVersions":{"v1":1,"v2":1},"foi_fileName":"MvA%20mbt%20enqueteresultaten.pdf","foi_nrPages":1},{"dc_format":"application/pdf","dc_identifier":"nl.gm1954.2c.2023.2834165-8.doc.3","dc_source":"https://api1.ibabs.eu/publicdownload.aspx?site=Beekdaelen&id=ac094358-29b7-4943-ad05-0df93ac48e44","dc_title":"Omgevingsvisie - Oog op de leefomgeving.","dc_type":"bijlage","foi_fairiscoreVersions":{"v1":2,"v2":2},"foi_fileName":"Omgevingsvisie%20-%20Oog%20op%20de%20leefomgeving.pdf","foi_nrPages":15},{"dc_format":"application/pdf","dc_identifier":"nl.gm1954.2c.2023.2834165-8.doc.4","dc_source":"https://api1.ibabs.eu/publicdownload.aspx?site=Beekdaelen&id=146f90d4-c901-4a56-8361-f8fe3740add1","dc_title":"Resultaten Oog op de Leefomgeving.pdf","dc_type":"bijlage","foi_fairiscoreVersions":{"v1":1,"v2":1},"foi_fileName":"Resultaten%20Oog%20op%20de%20Leefomgeving.pdf","foi_nrPages":10}],"foi_nrDocuments":6,"foi_nrPagesInDossier":28,"foi_publishedDate":"2023-01-19","foi_retrievedDate":"2026-02-12"},{"dc_creator":"HandelingScraper_v1","dc_date_year":2023,"dc_description":"Vergadering van de Gemeente Beekdaelen op 2023-01-19. Onderdeel: Rondvraag Fysieke Leefomgeving.","dc_identifier":"nl.gm1954.2c.2023.2834165-9","dc_publisher":"gm1954","dc_source":"https://beekdaelen.bestuurlijkeinformatie.nl/Agenda/Index/9885a85f-840b-483e-8cbf-fb5e48e7c661","dc_title":"Raadscommissie Fysieke Leefomgeving 2023-01-19 - Rondvraag Fysieke Leefomgeving","dc_type":"2c","dc_type_description":"Vergaderstuk decentrale overheid","foi_fairiscoreVersions":{"v1":1,"v2":1},"foi_files":[{"dc_format":"application/octet-stream","dc_identifier":"nl.gm1954.2c.2023.2834165-9.doc.3","dc_source":"https://api1.ibabs.eu/publicdownload.aspx?site=Beekdaelen&id=912b4af3-deea-4b24-ac74-ee0c720db511","dc_title":"Cie FLO 19012023 C Rondvraag","dc_type":"bijlage","foi_fileName":"Cie%20FLO%2019012023%20C%20Rondvraag.mp3"},{"dc_format":"application/pdf","dc_identifier":"nl.gm1954.2c.2023.2834165-9.doc.1","dc_source":"https://api1.ibabs.eu/publicdownload.aspx?site=Beekdaelen&id=6eb7bed4-fe5c-40be-8622-506c6313ff25","dc_title":"Memorie van Antwoord technische voorvragen commissie - VVD  - participatie.","dc_type":"bijlage","foi_fairiscoreVersions":{"v1":1,"v2":1},"foi_fileName":"Memorie%20van%20Antwoord%20technische%20voorvragen%20commissie%20-%20VVD%20participatie.pdf","foi_nrPages":1},{"dc_format":"application/pdf","dc_identifier":"nl.gm1954.2c.2023.2834165-9.doc.2","dc_source":"https://api1.ibabs.eu/publicdownload.aspx?site=Beekdaelen&id=77d07caa-9bad-4c22-94bf-ce1335f43f0d","dc_title":"rondvraag cie flo 19012023","dc_type":"bijlage","foi_fairiscoreVersions":{"v1":1,"v2":1},"foi_fileName":"rondvraag%20cie%20flo%2019012023.pdf","foi_nrPages":1}],"foi_nrDocuments":3,"foi_nrPagesInDossier":2,"foi_publishedDate":"2023-01-19","foi_retrievedDate":"2026-03-06"},{"dc_creator":"HandelingScraper_v1","dc_date_year":2023,"dc_description":"Vergadering van de Gemeente Beekdaelen op 2023-01-31. Onderdeel: Opening.","dc_identifier":"nl.gm1954.2c.2023.2834213-1","dc_publisher":"gm1954","dc_source":"https://beekdaelen.bestuurlijkeinformatie.nl/Agenda/Index/0c4bd7c2-8416-475c-a12c-dbaf79a2a99c","dc_title":"Raadsvergadering 2023-01-31 - Opening","dc_type":"2c","dc_type_description":"Vergaderstuk decentrale overheid","foi_fairiscoreVersions":{"v1":1,"v2":1},"foi_files":[{"dc_format":"application/pdf","dc_identifier":"nl.gm1954.2c.2023.2834213-1.doc.1","dc_source":"https://api1.ibabs.eu/publicdownload.aspx?site=Beekdaelen&id=0001c0a8-bc94-457f-a57b-cd700cbb4d6f","dc_title":"Uitnodiging en voorlopige agenda raadsvergadering 31 januari 2023","dc_type":"bijlage","foi_fairiscoreVersions":{"v1":1,"v2":1},"foi_fileName":"Uitnodiging%20en%20voorlopige%20agenda%20raadsvergadering%2031%20januari%202023.pdf","foi_nrPages":1}],"foi_nrDocuments":1,"foi_nrPagesInDossier":1,"foi_publishedDate":"2023-01-31","foi_retrievedDate":"2026-03-03"},{"dc_creator":"HandelingScraper_v1","dc_date_year":2023,"dc_description":"Vergadering van de Gemeente Beekdaelen op 2023-01-31. Onderdeel: Voorstel inzake Regionaal Afstemmingskader Gemeentelijke Omgevingsvisies Parkstad.","dc_identifier":"nl.gm1954.2c.2023.2834213-10","dc_publisher":"gm1954","dc_source":"https://beekdaelen.bestuurlijkeinformatie.nl/Agenda/Index/0c4bd7c2-8416-475c-a12c-dbaf79a2a99c","dc_title":"Raadsvergadering 2023-01-31 - Voorstel inzake Regionaal Afstemmingskader Gemeentelijke Omgevingsvisies Parkstad","dc_type":"2c","dc_type_description":"Vergaderstuk decentrale overheid","foi_fairiscoreVersions":{"v1":2,"v2":2},"foi_files":[{"dc_format":"application/pdf","dc_identifier":"nl.gm1954.2c.2023.2834213-10.doc.1","dc_source":"https://api1.ibabs.eu/publicdownload.aspx?site=Beekdaelen&id=54b49139-a544-4aea-b60e-686891f4b6d9","dc_title":"Raadsvoorstel regionaal afstemmingskader gemeentelijke omgevingsvisies Parkstad","dc_type":"bijlage","foi_fairiscoreVersions":{"v1":1,"v2":1},"foi_fileName":"321657_1.pdf","foi_nrPages":6},{"dc_format":"application/pdf","dc_identifier":"nl.gm1954.2c.2023.2834213-10.doc.2","dc_source":"https://api1.ibabs.eu/publicdownload.aspx?site=Beekdaelen&id=7663bd65-919f-400c-8a72-1270887b5eb9","dc_title":"Bijlage 3: Raadsbesluit Regionaal Afstemmingskader Gemeentelijke Omgevingsvisies Parkstad","dc_type":"bijlage","foi_fairiscoreVersions":{"v1":1,"v2":1},"foi_fileName":"Z%2F22%2F182946%20-%20321655%20-%20Bijlage%203%3A%20Raadsbesluit%20Regionaal%20Afstemmingskader%20Gemeentelijke%20Omgevingsvisies%20Parkstad.pdf","foi_nrPages":1},{"dc_format":"application/pdf","dc_identifier":"nl.gm1954.2c.2023.2834213-10.doc.4","dc_source":"https://api1.ibabs.eu/publicdownload.aspx?site=Beekdaelen&id=73e94c4c-3684-4e34-aa62-6a86ce05585b","dc_title":"Bijlage 2: Regionaal Afstemmingskader Gemeentelijke Omgevingsvisies Parkstad","dc_type":"bijlage","foi_fairiscoreVersions":{"v1":2,"v2":3},"foi_fileName":"Z%2F22%2F182946%20-%20323073%20-.pdf","foi_nrPages":32},{"dc_format":"application/pdf","dc_identifier":"nl.gm1954.2c.2023.2834213-10.doc.3","dc_source":"https://api1.ibabs.eu/publicdownload.aspx?site=Beekdaelen&id=b3d55b62-4694-4070-87bf-a33aa0223d06","dc_title":"Bijlage 1: \u2018Voortgangsbrief Omgevingswet oktober 2022\u2019 aan de Eerste Kamer d.d. 14 oktober 2022","dc_type":"bijlage","foi_fairiscoreVersions":{"v1":1,"v2":1},"foi_fileName":"Z%2F22%2F182946%20-%20323201%20-%20Bijlage%201%3A%20%E2%80%98Voortgangsbrief%20Omgevingswet%20oktober%202022%E2%80%99%20aan%20de%20Eerste%20Kamer%20d.d.pdf","foi_nrPages":12}],"foi_nrDocuments":4,"foi_nrPagesInDossier":51,"foi_publishedDate":"2023-01-31","foi_retrievedDate":"2026-02-05"},{"dc_creator":"HandelingScraper_v1","dc_date_year":2023,"dc_description":"Vergadering van de Gemeente Beekdaelen op 2023-01-31. Onderdeel: Vaststelling lijst ingekomen stukken.","dc_identifier":"nl.gm1954.2c.2023.2834213-11","dc_publisher":"gm1954","dc_source":"https://beekdaelen.bestuurlijkeinformatie.nl/Agenda/Index/0c4bd7c2-8416-475c-a12c-dbaf79a2a99c","dc_title":"Raadsvergadering 2023-01-31 - Vaststelling lijst ingekomen stukken","dc_type":"2c","dc_type_description":"Vergaderstuk decentrale overheid","foi_fairiscoreVersions":{"v1":1,"v2":1},"foi_files":[{"dc_format":"application/pdf","dc_identifier":"nl.gm1954.2c.2023.2834213-11.doc.1","dc_source":"https://api1.ibabs.eu/publicdownload.aspx?site=Beekdaelen&id=debcce7e-a4b4-4161-b58d-3f81d980f7a8","dc_title":"Lijst ingekomen stukken raad 31012023 versie 26012023, vastgesteld 31.01.2023","dc_type":"bijlage","foi_fairiscoreVersions":{"v1":1,"v2":1},"foi_fileName":"Lijst%20ingekomen%20stukken%20raad%2031012023%20versie%2026012023.pdf","foi_nrPages":6}],"foi_nrDocuments":1,"foi_nrPagesInDossier":6,"foi_publishedDate":"2023-01-31","foi_retrievedDate":"2026-01-23"},{"dc_creator":"HandelingScraper_v1","dc_date_year":2023,"dc_description":"Vergadering van de Gemeente Beekdaelen op 2023-01-31. Onderdeel: Vaststelling van de agenda.","dc_identifier":"nl.gm1954.2c.2023.2834213-2","dc_publisher":"gm1954","dc_source":"https://beekdaelen.bestuurlijkeinformatie.nl/Agenda/Index/0c4bd7c2-8416-475c-a12c-dbaf79a2a99c","dc_title":"Raadsvergadering 2023-01-31 - Vaststelling van de agenda","dc_type":"2c","dc_type_description":"Vergaderstuk decentrale overheid","foi_fairiscoreVersions":{"v1":1,"v2":1},"foi_files":[{"dc_format":"application/pdf","dc_identifier":"nl.gm1954.2c.2023.2834213-2.doc.1","dc_source":"https://api1.ibabs.eu/publicdownload.aspx?site=Beekdaelen&id=09802cc3-dded-4005-bb40-6c7e1d369b6b","dc_title":"Vastgestelde agenda raadsvergadering 31012023","dc_type":"bijlage","foi_fairiscoreVersions":{"v1":1,"v2":1},"foi_fileName":"Vastgestelde%20agenda%20raadsvergadering%2031012023.pdf","foi_nrPages":1}],"foi_nrDocuments":1,"foi_nrPagesInDossier":1,"foi_publishedDate":"2023-01-31","foi_retrievedDate":"2026-03-07"},{"dc_creator":"HandelingScraper_v1","dc_date_year":2023,"dc_description":"Vergadering van de Gemeente Beekdaelen op 2023-01-31. Onderdeel: Vaststellen besluitenlijst openbare raadsvergadering d.d. 20 december 2022.","dc_identifier":"nl.gm1954.2c.2023.2834213-3","dc_publisher":"gm1954","dc_source":"https://beekdaelen.bestuurlijkeinformatie.nl/Agenda/Index/0c4bd7c2-8416-475c-a12c-dbaf79a2a99c","dc_title":"Raadsvergadering 2023-01-31 - Vaststellen besluitenlijst openbare raadsvergadering d.d. 20 december 2022","dc_type":"2c","dc_type_description":"Vergaderstuk decentrale overheid","foi_fairiscoreVersions":{"v1":1,"v2":1},"foi_files":[{"dc_format":"application/pdf","dc_identifier":"nl.gm1954.2c.2023.2834213-3.doc.1","dc_source":"https://api1.ibabs.eu/publicdownload.aspx?site=Beekdaelen&id=f2b98658-d3a5-4934-82e7-cdbcd40b42e0","dc_title":"Besluitenlijst raadsvergadering 20122022, vastgesteld 31.01.2023","dc_type":"bijlage","foi_fairiscoreVersions":{"v1":1,"v2":1},"foi_fileName":"Besluitenlijst%20raadsvergadering%2020122022.pdf","foi_nrPages":13}],"foi_nrDocuments":1,"foi_nrPagesInDossier":13,"foi_publishedDate":"2023-01-31","foi_retrievedDate":"2025-12-06"},{"dc_creator":"HandelingScraper_v1","dc_date_year":2023,"dc_description":"Vergadering van de Gemeente Beekdaelen op 2023-01-31. Onderdeel: Voorstel inzake benoeming en be\u00ebdiging commissieleden.","dc_identifier":"nl.gm1954.2c.2023.2834213-4","dc_publisher":"gm1954","dc_source":"https://beekdaelen.bestuurlijkeinformatie.nl/Agenda/Index/0c4bd7c2-8416-475c-a12c-dbaf79a2a99c","dc_title":"Raadsvergadering 2023-01-31 - Voorstel inzake benoeming en be\u00ebdiging commissieleden","dc_type":"2c","dc_type_description":"Vergaderstuk decentrale overheid","foi_fairiscoreVersions":{"v1":null,"v2":null},"foi_files":[{"dc_format":"application/pdf","dc_identifier":"nl.gm1954.2c.2023.2834213-4.doc.2","dc_source":"https://api1.ibabs.eu/publicdownload.aspx?site=Beekdaelen&id=c13f4e8f-3f05-48bf-bd34-31c1f077da14","dc_title":"Raadsbesluit inzake benoeming 2-tal burgercie.leden in raadscie. Sociale Leefomgeving, vastgesteld 31.01.2023","dc_type":"bijlage","foi_fileName":"Raadsbesluit%20inzake%20benoeming%202-tal%20burgercie.leden%20in%20raadscie.%20Sociale%20Leefomgeving.pdf"},{"dc_format":"application/pdf","dc_identifier":"nl.gm1954.2c.2023.2834213-4.doc.1","dc_source":"https://api1.ibabs.eu/publicdownload.aspx?site=Beekdaelen&id=93edf6f4-ded8-4507-93a2-efad9417b85b","dc_title":"Raadsvoorstel inzake benoeming 2-tal burgercie.leden tbv raadscie. Sociale Leefomgeving","dc_type":"bijlage","foi_fileName":"Raadsvoorstel%20inzake%20benoeming%202-tal%20burgercie.leden%20tbv%20raadscie.%20Sociale%20Leefomgeving.pdf"}],"foi_nrDocuments":2,"foi_nrPagesInDossier":0,"foi_publishedDate":"2023-01-31","foi_retrievedDate":"2025-11-30"},{"dc_creator":"HandelingScraper_v1","dc_date_year":2023,"dc_description":"Vergadering van de Gemeente Beekdaelen op 2023-01-31. Onderdeel: Voorstel inzake scenariokeuze nieuwbouw gemeentelijke huisvesting.","dc_identifier":"nl.gm1954.2c.2023.2834213-5","dc_publisher":"gm1954","dc_source":"https://beekdaelen.bestuurlijkeinformatie.nl/Agenda/Index/0c4bd7c2-8416-475c-a12c-dbaf79a2a99c","dc_title":"Raadsvergadering 2023-01-31 - Voorstel inzake scenariokeuze nieuwbouw gemeentelijke huisvesting","dc_type":"2c","dc_type_description":"Vergaderstuk decentrale overheid","foi_fairiscoreVersions":{"v1":2,"v2":2},"foi_files":[{"dc_format":"application/pdf","dc_identifier":"nl.gm1954.2c.2023.2834213-5.doc.7","dc_source":"https://api1.ibabs.eu/publicdownload.aspx?site=Beekdaelen&id=1d0d5b3e-80b8-412f-96b8-5031cf39c951","dc_title":"Beantwoording extra vragen over huisvesting fracties GroenLinks, Vernieuwingsgroep en Beekdaelen Lokaal","dc_type":"bijlage","foi_fairiscoreVersions":{"v1":1,"v2":1},"foi_fileName":"Beantwoording%20extra%20vragen%20over%20huisvesting%20fracties%20GroenLinks_%20Vernieuwingsgroep%20en%20Beekdaelen%20Lokaal.pdf","foi_nrPages":5},{"dc_format":"application/pdf","dc_identifier":"nl.gm1954.2c.2023.2834213-5.doc.3","dc_source":"https://api1.ibabs.eu/publicdownload.aspx?site=Beekdaelen&id=c1560be6-b494-4ba3-bcde-f0c3071ad1a4","dc_title":"Aangepaste Begrotingswijziging 2.1 nieuw gemeentehuis Beekdaelen - gewijzigd na raad 31012023","dc_type":"bijlage","foi_fairiscoreVersions":{"v1":1,"v2":1},"foi_fileName":"Begrotingswijziging%202.1%20nieuw%20gemeentehuis%20Beekdaelen.pdf","foi_nrPages":1},{"dc_format":"application/pdf","dc_identifier":"nl.gm1954.2c.2023.2834213-5.doc.8","dc_source":"https://api1.ibabs.eu/publicdownload.aspx?site=Beekdaelen&id=8827ba06-51b0-47ce-a839-f8dc3baf315e","dc_title":"Brief Ondernemingsraad 7-12-2022 inzake huisvesting","dc_type":"bijlage","foi_fairiscoreVersions":{"v1":5,"v2":5},"foi_fileName":"brief%20Ondernemingsraad%207-12-2022%20inzake%20huisvesting.pdf","foi_nrPages":2},{"dc_format":"application/pdf","dc_identifier":"nl.gm1954.2c.2023.2834213-5.doc.6","dc_source":"https://api1.ibabs.eu/publicdownload.aspx?site=Beekdaelen&id=2fba9dd2-bff6-4ce4-94bd-9b8a20e62441","dc_title":"MvA huisvesting n.a.v. commissievergadering","dc_type":"bijlage","foi_fairiscoreVersions":{"v1":1,"v2":1},"foi_fileName":"MvA%20huisvesting%20n.a.v.%20commissievergadering.pdf","foi_nrPages":3},{"dc_format":"application/pdf","dc_identifier":"nl.gm1954.2c.2023.2834213-5.doc.2","dc_source":"https://api1.ibabs.eu/publicdownload.aspx?site=Beekdaelen&id=a3654816-adde-43cf-8432-0746a63af66a","dc_title":"Raadsbesluit inzake scenariokeuze gemeentelijke huisvesting GEAMENDEERD vastgesteld 31012023","dc_type":"bijlage","foi_fairiscoreVersions":{"v1":1,"v2":1},"foi_fileName":"RBS%20scenariokeuze%20gemeentelijke%20huisvesting%20GEAMENDEERD.pdf","foi_nrPages":1},{"dc_format":"application/pdf","dc_identifier":"nl.gm1954.2c.2023.2834213-5.doc.1","dc_source":"https://api1.ibabs.eu/publicdownload.aspx?site=Beekdaelen&id=d324d6f7-32ea-4ce0-a572-e7466ef76e98","dc_title":"Raadsvoorstel scenariokeuze gemeentelijke huisvesting aangevuld n.a.v. commissievergadering","dc_type":"bijlage","foi_fairiscoreVersions":{"v1":1,"v2":1},"foi_fileName":"RVS%20scenariokeuze%20gemeentelijke%20huisvesting%20aangevuld%20n.a.v.%20commissievergadering.pdf","foi_nrPages":10},{"dc_format":"application/pdf","dc_identifier":"nl.gm1954.2c.2023.2834213-5.doc.11","dc_source":"https://api1.ibabs.eu/publicdownload.aspx?site=Beekdaelen&id=eb4f4a34-f0ec-449b-94d9-fc9b59424d2a","dc_title":"Bijlage:  Begrotingswijziging 2.1 VERVALLEN","dc_type":"bijlage","foi_fairiscoreVersions":{"v1":1,"v2":1},"foi_fileName":"Z%2F19%2F128565%20-%20323513%20-%20151222%20bijlage%20raadsvoorstel%20Begrotingswijziging%202.pdf","foi_nrPages":1},{"dc_format":"application/pdf","dc_identifier":"nl.gm1954.2c.2023.2834213-5.doc.4","dc_source":"https://api1.ibabs.eu/publicdownload.aspx?site=Beekdaelen&id=1fddec5c-2db8-40cf-8d6c-27d922eac14e","dc_title":"Bijlage: multi-criteria analyse definities","dc_type":"bijlage","foi_fairiscoreVersions":{"v1":1,"v2":1},"foi_fileName":"Z%2F19%2F128565%20-%20323513%20-%20151222%20bijlage%20raadsvoorstel%20multi-criteria%20analyse%20definities.pdf","foi_nrPages":3},{"dc_format":"application/pdf","dc_identifier":"nl.gm1954.2c.2023.2834213-5.doc.5","dc_source":"https://api1.ibabs.eu/publicdownload.aspx?site=Beekdaelen&id=a8f54f77-e38a-4649-b230-1303c2802f32","dc_title":"Bijlage:  raadsvoorstel multi-criteria analyse van de voorliggende screnarios","dc_type":"bijlage","foi_fairiscoreVersions":{"v1":1,"v2":1},"foi_fileName":"Z%2F19%2F128565%20-%20323513%20-%20151222%20bijlage%20raadsvoorstel%20multi-criteria%20analyse%20van%20de%20voorliggende%20screnarios.pdf","foi_nrPages":5},{"dc_format":"application/pdf","dc_identifier":"nl.gm1954.2c.2023.2834213-5.doc.9","dc_source":"https://api1.ibabs.eu/publicdownload.aspx?site=Beekdaelen&id=a09063c3-2eed-4b00-9f1f-597129020858","dc_title":"Raadsvoorstel inzake huisvesting ambtelijke organisatie - 31 jan 2022 VERVALLEN","dc_type":"bijlage","foi_fairiscoreVersions":{"v1":1,"v2":1},"foi_fileName":"Z%2F19%2F128565%20-%20323513%20-%20151222%20raadsvoorstel%20huisvesting%20ambtelijke%20organisatie%20-%2031%20jan%202022.pdf","foi_nrPages":10},{"dc_format":"application/pdf","dc_identifier":"nl.gm1954.2c.2023.2834213-5.doc.10","dc_source":"https://api1.ibabs.eu/publicdownload.aspx?site=Beekdaelen&id=d03f6ce0-9595-4bfe-b02d-d7b6b0ddb6df","dc_title":"Raadsbesluit inzake scenariokeuze huisvesting Ambtelijke organisatie VERVALLEN","dc_type":"bijlage","foi_fairiscoreVersions":{"v1":1,"v2":1},"foi_fileName":"Z%2F19%2F128565%20-%20324381%20-%20151222%20raadsbesluit%20scenariokeuze%20huisvesting%20Ambtelijke%20organisatie.pdf","foi_nrPages":1}],"foi_nrDocuments":11,"foi_nrPagesInDossier":42,"foi_publishedDate":"2023-01-31","foi_retrievedDate":"2025-11-30"},{"dc_creator":"HandelingScraper_v1","dc_date_year":2023,"dc_description":"Vergadering van de Gemeente Beekdaelen op 2023-01-31. Onderdeel: Amendement VVD en PvdA inzake behoud status quo VERWORPEN.","dc_identifier":"nl.gm1954.2c.2023.2834213-6","dc_publisher":"gm1954","dc_source":"https://beekdaelen.bestuurlijkeinformatie.nl/Agenda/Index/0c4bd7c2-8416-475c-a12c-dbaf79a2a99c","dc_title":"Raadsvergadering 2023-01-31 - Amendement VVD en PvdA inzake behoud status quo VERWORPEN","dc_type":"2c","dc_type_description":"Vergaderstuk decentrale overheid","foi_fairiscoreVersions":{"v1":1,"v2":1},"foi_files":[{"dc_format":"application/pdf","dc_identifier":"nl.gm1954.2c.2023.2834213-6.doc.1","dc_source":"https://api1.ibabs.eu/publicdownload.aspx?site=Beekdaelen&id=4991361f-9d72-4ae1-b1ff-2e1d55f68474","dc_title":"Amendement PvdA en VVD inzake status quo VERWORPEN","dc_type":"bijlage","foi_fairiscoreVersions":{"v1":1,"v2":1},"foi_fileName":"Amendement%20PvdA%20en%20VVD%20inzake%20status%20quo%20VERWORPEN.pdf","foi_nrPages":1}],"foi_nrDocuments":1,"foi_nrPagesInDossier":1,"foi_publishedDate":"2023-01-31","foi_retrievedDate":"2026-02-11"},{"dc_creator":"HandelingScraper_v1","dc_date_year":2023,"dc_description":"Vergadering van de Gemeente Beekdaelen op 2023-01-31. Onderdeel: Amendement GroenLinks inzake de Horsel AANGENOMEN.","dc_identifier":"nl.gm1954.2c.2023.2834213-7","dc_publisher":"gm1954","dc_source":"https://beekdaelen.bestuurlijkeinformatie.nl/Agenda/Index/0c4bd7c2-8416-475c-a12c-dbaf79a2a99c","dc_title":"Raadsvergadering 2023-01-31 - Amendement GroenLinks inzake de Horsel AANGENOMEN","dc_type":"2c","dc_type_description":"Vergaderstuk decentrale overheid","foi_fairiscoreVersions":{"v1":2,"v2":1},"foi_files":[{"dc_format":"application/pdf","dc_identifier":"nl.gm1954.2c.2023.2834213-7.doc.1","dc_source":"https://api1.ibabs.eu/publicdownload.aspx?site=Beekdaelen&id=e0b95a8d-e26d-4960-b091-97f83612acd9","dc_title":"Amendement GL inzake de Horsel circulair AANGENOMEN","dc_type":"bijlage","foi_fairiscoreVersions":{"v1":2,"v2":1},"foi_fileName":"Amendement%20GL%20inzake%20de%20Horsel%20circulair%20AANGENOMEN.pdf","foi_nrPages":2}],"foi_nrDocuments":1,"foi_nrPagesInDossier":2,"foi_publishedDate":"2023-01-31","foi_retrievedDate":"2026-03-06"},{"dc_creator":"HandelingScraper_v1","dc_date_year":2023,"dc_description":"Vergadering van de Gemeente Beekdaelen op 2023-01-31. Onderdeel: Voorstel inzake verordening Starterslening Beekdaelen 2023.","dc_identifier":"nl.gm1954.2c.2023.2834213-8","dc_publisher":"gm1954","dc_source":"https://beekdaelen.bestuurlijkeinformatie.nl/Agenda/Index/0c4bd7c2-8416-475c-a12c-dbaf79a2a99c","dc_title":"Raadsvergadering 2023-01-31 - Voorstel inzake verordening Starterslening Beekdaelen 2023","dc_type":"2c","dc_type_description":"Vergaderstuk decentrale overheid","foi_fairiscoreVersions":{"v1":1,"v2":1},"foi_files":[{"dc_format":"application/pdf","dc_identifier":"nl.gm1954.2c.2023.2834213-8.doc.2","dc_source":"https://api1.ibabs.eu/publicdownload.aspx?site=Beekdaelen&id=e4ad5146-68e0-4da5-92e0-87359930c0c7","dc_title":"Raadsbesluit verordening starterslening GEAMENDEERD, vastgesteld 31.01.2023","dc_type":"bijlage","foi_fairiscoreVersions":{"v1":1,"v2":1},"foi_fileName":"RBS%20verordening%20starterslening%20GEAMENDEERD.pdf","foi_nrPages":1},{"dc_format":"application/pdf","dc_identifier":"nl.gm1954.2c.2023.2834213-8.doc.3","dc_source":"https://api1.ibabs.eu/publicdownload.aspx?site=Beekdaelen&id=51482196-aa34-4464-8f09-98117e9e4e2c","dc_title":"Verordening Starterslening Beekdaelen 2020-2023 NA AMENDERING","dc_type":"bijlage","foi_fairiscoreVersions":{"v1":1,"v2":1},"foi_fileName":"Verordening%20Starterslening%20Beekdaelen%202020-2023%20NA%20AMENDERING.pdf","foi_nrPages":3},{"dc_format":"application/pdf","dc_identifier":"nl.gm1954.2c.2023.2834213-8.doc.1","dc_source":"https://api1.ibabs.eu/publicdownload.aspx?site=Beekdaelen&id=d4fe8d41-cc63-4d7e-a823-0b0d494bbc7b","dc_title":"Raadsvoorstel inzake de Verordening Starterslening gemeente Beekdaelen 2023","dc_type":"bijlage","foi_fairiscoreVersions":{"v1":1,"v2":1},"foi_fileName":"Z%2F22%2F183414%20-%20322819%20-%20raadsvoorstel%20inzake%20de%20Verordening%20Starterslening%20gemeente%20Beekdaelen%202023.pdf","foi_nrPages":3},{"dc_format":"application/pdf","dc_identifier":"nl.gm1954.2c.2023.2834213-8.doc.5","dc_source":"https://api1.ibabs.eu/publicdownload.aspx?site=Beekdaelen&id=032dc1c0-ea5d-44ed-9888-fdd97fc1f42d","dc_title":"Bijlage1: Raadsbesluit Verordening Starterslening gemeente Beekdaelen 2023","dc_type":"bijlage","foi_fairiscoreVersions":{"v1":1,"v2":1},"foi_fileName":"Z%2F22%2F183414%20-%20322821%20-%20Verordening%20Starterslening%20gemeente%20Beekdaelen%202023.pdf","foi_nrPages":1},{"dc_format":"application/pdf","dc_identifier":"nl.gm1954.2c.2023.2834213-8.doc.6","dc_source":"https://api1.ibabs.eu/publicdownload.aspx?site=Beekdaelen&id=53eabe31-600a-4e30-9aa0-ff26fe159305","dc_title":"Bijlage 3: Verordening Starterslening gemeente Beekdaelen 2023","dc_type":"bijlage","foi_fairiscoreVersions":{"v1":1,"v2":1},"foi_fileName":"Z%2F22%2F183414%20-%20322822%20-%20Verordening%20Starterslening%20gemeente%20Beekdaelen%202023.pdf","foi_nrPages":3},{"dc_format":"application/pdf","dc_identifier":"nl.gm1954.2c.2023.2834213-8.doc.4","dc_source":"https://api1.ibabs.eu/publicdownload.aspx?site=Beekdaelen&id=8018b891-2292-4f2f-a3d9-07bff8cc3c3e","dc_title":"Bijlage 2: Overzicht inhoudelijke wijzigingen Verordening Starterslening artikelen","dc_type":"bijlage","foi_fairiscoreVersions":{"v1":1,"v2":1},"foi_fileName":"Z%2F22%2F183414%20-%20324203%20-%20Overzicht%20inhoudelijke%20wijzigingen%20Verordening%20Starterslening%20artikelen.pdf","foi_nrPages":3}],"foi_nrDocuments":6,"foi_nrPagesInDossier":14,"foi_publishedDate":"2023-01-31","foi_retrievedDate":"2026-02-05"},{"dc_creator":"HandelingScraper_v1","dc_date_year":2023,"dc_description":"Vergadering van de Gemeente Beekdaelen op 2023-01-31. Onderdeel: Amendement CDA, GL, VG, BL en PvdA inzake starterslening AANGENOMEN.","dc_identifier":"nl.gm1954.2c.2023.2834213-9","dc_publisher":"gm1954","dc_source":"https://beekdaelen.bestuurlijkeinformatie.nl/Agenda/Index/0c4bd7c2-8416-475c-a12c-dbaf79a2a99c","dc_title":"Raadsvergadering 2023-01-31 - Amendement CDA, GL, VG, BL en PvdA inzake starterslening AANGENOMEN","dc_type":"2c","dc_type_description":"Vergaderstuk decentrale overheid","foi_fairiscoreVersions":{"v1":1,"v2":1},"foi_files":[{"dc_format":"application/pdf","dc_identifier":"nl.gm1954.2c.2023.2834213-9.doc.1","dc_source":"https://api1.ibabs.eu/publicdownload.aspx?site=Beekdaelen&id=0afc85c9-0528-4335-b547-d0670dbd232a","dc_title":"Amendement CDA, GL, VG, BL en PvdA inzake starterslening AANGENOMEN","dc_type":"bijlage","foi_fairiscoreVersions":{"v1":1,"v2":1},"foi_fileName":"Amendement%20CDA_%20GL_%20VG_%20BL%20en%20PvdA%20inzake%20starterslening%20AANGENOMEN.pdf","foi_nrPages":3}],"foi_nrDocuments":1,"foi_nrPagesInDossier":3,"foi_publishedDate":"2023-01-31","foi_retrievedDate":"2026-02-05"},{"dc_creator":"HandelingScraper_v1","dc_date_year":2023,"dc_description":"Vergadering van de Gemeente Beekdaelen op 2023-02-09. Onderdeel: Algemeen.","dc_identifier":"nl.gm1954.2c.2023.2834242-1","dc_publisher":"gm1954","dc_source":"https://beekdaelen.bestuurlijkeinformatie.nl/Agenda/Index/a64ef4c8-a926-4e54-aa37-d377dea584e8","dc_title":"Raadscommissie Fysieke Leefomgeving 2023-02-09 - Algemeen","dc_type":"2c","dc_type_description":"Vergaderstuk decentrale overheid","foi_fairiscoreVersions":{"v1":1,"v2":1},"foi_files":[{"dc_format":"application/pdf","dc_identifier":"nl.gm1954.2c.2023.2834242-1.doc.3","dc_source":"https://api1.ibabs.eu/publicdownload.aspx?site=Beekdaelen&id=c3135b59-49a0-47fb-90df-aed59d59290b","dc_title":"Technische vragen CDA cie FLO 09.02.2023 (nagekomen)","dc_type":"bijlage","foi_fairiscoreVersions":{"v1":1,"v2":1},"foi_fileName":"Technische%20vragen%20CDA%20cie%20FLO%2009.02.2023%20%28nagekomen%29.pdf","foi_nrPages":2},{"dc_format":"application/pdf","dc_identifier":"nl.gm1954.2c.2023.2834242-1.doc.1","dc_source":"https://api1.ibabs.eu/publicdownload.aspx?site=Beekdaelen&id=e9715209-cf24-4c4a-8205-f5c630090faa","dc_title":"Technische vragen VG cie. FLO 09.02.2023","dc_type":"bijlage","foi_fairiscoreVersions":{"v1":1,"v2":1},"foi_fileName":"Technische%20vragen%20VG%20cie.%20FLO%2009.02.2023.pdf","foi_nrPages":1},{"dc_format":"application/pdf","dc_identifier":"nl.gm1954.2c.2023.2834242-1.doc.2","dc_source":"https://api1.ibabs.eu/publicdownload.aspx?site=Beekdaelen&id=0c76c464-89ed-47b1-881a-d7244518f844","dc_title":"Technische vragen VG cie FLO 09.02.2023 (nagekomen)","dc_type":"bijlage","foi_fairiscoreVersions":{"v1":1,"v2":1},"foi_fileName":"Technische%20vragen%20VG%20cie%20FLO%2009.02.2023%20%28nagekomen%29.pdf","foi_nrPages":1}],"foi_nrDocuments":3,"foi_nrPagesInDossier":4,"foi_publishedDate":"2023-02-09","foi_retrievedDate":"2025-12-02"},{"dc_creator":"HandelingScraper_v1","dc_date_year":2023,"dc_description":"Vergadering van de Gemeente Beekdaelen op 2023-02-09. Onderdeel: Presentatie \"in de natuur begraven\".","dc_identifier":"nl.gm1954.2c.2023.2834242-10","dc_publisher":"gm1954","dc_source":"https://beekdaelen.bestuurlijkeinformatie.nl/Agenda/Index/a64ef4c8-a926-4e54-aa37-d377dea584e8","dc_title":"Raadscommissie Fysieke Leefomgeving 2023-02-09 - Presentatie \"in de natuur begraven\"","dc_type":"2c","dc_type_description":"Vergaderstuk decentrale overheid","foi_fairiscoreVersions":{"v1":2,"v2":2},"foi_files":[{"dc_format":"application/pdf","dc_identifier":"nl.gm1954.2c.2023.2834242-10.doc.2","dc_source":"https://api1.ibabs.eu/publicdownload.aspx?site=Beekdaelen&id=0810b5ad-4706-4986-8e78-fb5062aadffd","dc_title":"Toelichting ontwikkeling Danikerberg intaketafel-gecombineerd","dc_type":"bijlage","foi_fairiscoreVersions":{"v1":2,"v2":2},"foi_fileName":"230112%20Toelichting%20ontwikkeling%20Danikerberg%20intaketafel-gecombineerd.pdf","foi_nrPages":122},{"dc_format":"application/pdf","dc_identifier":"nl.gm1954.2c.2023.2834242-10.doc.3","dc_source":"https://api1.ibabs.eu/publicdownload.aspx?site=Beekdaelen&id=d732ced1-0193-4ba4-bd84-3abc2a577bf9","dc_title":"230201 Presentatie omgevingstafel Beekdaelen","dc_type":"bijlage","foi_fairiscoreVersions":{"v1":2,"v2":3},"foi_fileName":"230201%20Presentatie%20omgevingstafel%20Beekdaelen.pdf","foi_nrPages":17},{"dc_format":"application/pdf","dc_identifier":"nl.gm1954.2c.2023.2834242-10.doc.1","dc_source":"https://api1.ibabs.eu/publicdownload.aspx?site=Beekdaelen&id=9f24f1bb-f171-44e3-b159-d69559103b42","dc_title":"Invulformulier informatievoorziening tijdens raadscommissie Beekdaelen.docx","dc_type":"bijlage","foi_fairiscoreVersions":{"v1":1,"v2":1},"foi_fileName":"invulformulier%20informatievoorziening%20tijdens%20raadscommissie%20Beekdaelen.pdf","foi_nrPages":2}],"foi_nrDocuments":3,"foi_nrPagesInDossier":141,"foi_publishedDate":"2023-02-09","foi_retrievedDate":"2026-02-05"},{"dc_creator":"HandelingScraper_v1","dc_date_year":2023,"dc_description":"Vergadering van de Gemeente Beekdaelen op 2023-02-09. Onderdeel: Opening, mededelingen voorzitter en vaststellen agenda..","dc_identifier":"nl.gm1954.2c.2023.2834242-2","dc_publisher":"gm1954","dc_source":"https://beekdaelen.bestuurlijkeinformatie.nl/Agenda/Index/a64ef4c8-a926-4e54-aa37-d377dea584e8","dc_title":"Raadscommissie Fysieke Leefomgeving 2023-02-09 - Opening, mededelingen voorzitter en vaststellen agenda.","dc_type":"2c","dc_type_description":"Vergaderstuk decentrale overheid","foi_fairiscoreVersions":{"v1":2,"v2":1},"foi_files":[{"dc_format":"application/pdf","dc_identifier":"nl.gm1954.2c.2023.2834242-2.doc.1","dc_source":"https://api1.ibabs.eu/publicdownload.aspx?site=Beekdaelen&id=9596c83f-385e-4eda-b689-e0b8429cd2d2","dc_title":"Uitnodiging en voorlopige agenda raadscie. Fysieke Leefomgeving 09.02.2023","dc_type":"bijlage","foi_fairiscoreVersions":{"v1":2,"v2":1},"foi_fileName":"Uitnodiging%20en%20voorlopige%20agenda%20raadscie.%20Fysieke%20Leefomgeving%2009.02.2023.pdf","foi_nrPages":2},{"dc_format":"application/pdf","dc_identifier":"nl.gm1954.2c.2023.2834242-2.doc.2","dc_source":"https://api1.ibabs.eu/publicdownload.aspx?site=Beekdaelen&id=d67e280c-cd47-486e-a4b8-c2f4e9fc4676","dc_title":"Vastgestelde agenda raadscommissie Fysieke Leefomgeving 09022023","dc_type":"bijlage","foi_fairiscoreVersions":{"v1":1,"v2":1},"foi_fileName":"Vastgestelde%20agenda%20raadscommissie%20Fysieke%20Leefomgeving%2009022023.pdf","foi_nrPages":1}],"foi_nrDocuments":2,"foi_nrPagesInDossier":3,"foi_publishedDate":"2023-02-09","foi_retrievedDate":"2026-02-05"},{"dc_creator":"HandelingScraper_v1","dc_date_year":2023,"dc_description":"Vergadering van de Gemeente Beekdaelen op 2023-02-09. Onderdeel: Vaststellen actiepuntenlijst van de raadscommissie Fysieke Leefomgeving d.d. 19.01.2023.","dc_identifier":"nl.gm1954.2c.2023.2834242-3","dc_publisher":"gm1954","dc_source":"https://beekdaelen.bestuurlijkeinformatie.nl/Agenda/Index/a64ef4c8-a926-4e54-aa37-d377dea584e8","dc_title":"Raadscommissie Fysieke Leefomgeving 2023-02-09 - Vaststellen actiepuntenlijst van de raadscommissie Fysieke Leefomgeving d.d. 19.01.2023","dc_type":"2c","dc_type_description":"Vergaderstuk decentrale overheid","foi_fairiscoreVersions":{"v1":1,"v2":1},"foi_files":[{"dc_format":"application/pdf","dc_identifier":"nl.gm1954.2c.2023.2834242-3.doc.1","dc_source":"https://api1.ibabs.eu/publicdownload.aspx?site=Beekdaelen&id=f2501913-3f3e-46a2-8882-b29b8b02dd5c","dc_title":"Actiepuntenlijst cie FLO 19.01.2023 - vastgesteld 09.02.2023","dc_type":"bijlage","foi_fairiscoreVersions":{"v1":1,"v2":1},"foi_fileName":"Actiepuntenlijst%20cie%20FLO%2019.01.2023.pdf","foi_nrPages":6}],"foi_nrDocuments":1,"foi_nrPagesInDossier":6,"foi_publishedDate":"2023-02-09","foi_retrievedDate":"2026-02-05"},{"dc_creator":"HandelingScraper_v1","dc_date_year":2023,"dc_description":"Vergadering van de Gemeente Beekdaelen op 2023-02-09. Onderdeel: Raadsvoorstel inzake \"delegatiebesluit Omgevingsplan\".","dc_identifier":"nl.gm1954.2c.2023.2834242-4","dc_publisher":"gm1954","dc_source":"https://beekdaelen.bestuurlijkeinformatie.nl/Agenda/Index/a64ef4c8-a926-4e54-aa37-d377dea584e8","dc_title":"Raadscommissie Fysieke Leefomgeving 2023-02-09 - Raadsvoorstel inzake \"delegatiebesluit Omgevingsplan\"","dc_type":"2c","dc_type_description":"Vergaderstuk decentrale overheid","foi_fairiscoreVersions":{"v1":1,"v2":1},"foi_files":[{"dc_format":"application/pdf","dc_identifier":"nl.gm1954.2c.2023.2834242-4.doc.3","dc_source":"https://api1.ibabs.eu/publicdownload.aspx?site=Beekdaelen&id=30432ad1-4102-4aa5-8f9b-9a613ad745c0","dc_title":"MvA op technische voorvragen VG B1","dc_type":"bijlage","foi_fairiscoreVersions":{"v1":1,"v2":1},"foi_fileName":"MvA%20op%20technische%20voorvragen%20VG%20B1.pdf","foi_nrPages":3},{"dc_format":"application/pdf","dc_identifier":"nl.gm1954.2c.2023.2834242-4.doc.1","dc_source":"https://api1.ibabs.eu/publicdownload.aspx?site=Beekdaelen&id=6a5341e1-3e2e-40be-bd2b-259e9a433847","dc_title":"Raadsvoorstel inzake delegatiebesluit omgevingsplan","dc_type":"bijlage","foi_fairiscoreVersions":{"v1":1,"v2":1},"foi_fileName":"Z%2F23%2F184518%20-%20325441%20-%20raadsvoorstel%20inzake%20delegatiebesluit%20omgevingsplan.pdf","foi_nrPages":5},{"dc_format":"application/pdf","dc_identifier":"nl.gm1954.2c.2023.2834242-4.doc.2","dc_source":"https://api1.ibabs.eu/publicdownload.aspx?site=Beekdaelen&id=eae887d6-5324-44bc-9949-ae8af4db318f","dc_title":"Bijlage 1: Raadsbesluit inzake delegatiebesluit omgevingsplan","dc_type":"bijlage","foi_fairiscoreVersions":{"v1":1,"v2":1},"foi_fileName":"Z%2F23%2F184518%20-%20325442%20-%20delegatiebesluit%20omgevingsplan.pdf","foi_nrPages":2}],"foi_nrDocuments":3,"foi_nrPagesInDossier":10,"foi_publishedDate":"2023-02-09","foi_retrievedDate":"2026-02-05"},{"dc_creator":"HandelingScraper_v1","dc_date_year":2023,"dc_description":"Vergadering van de Gemeente Beekdaelen op 2023-02-09. Onderdeel: Raadsvoorstel inzake \"Omgevingswet - Bindend Adviesrecht\".","dc_identifier":"nl.gm1954.2c.2023.2834242-5","dc_publisher":"gm1954","dc_source":"https://beekdaelen.bestuurlijkeinformatie.nl/Agenda/Index/a64ef4c8-a926-4e54-aa37-d377dea584e8","dc_title":"Raadscommissie Fysieke Leefomgeving 2023-02-09 - Raadsvoorstel inzake \"Omgevingswet - Bindend Adviesrecht\"","dc_type":"2c","dc_type_description":"Vergaderstuk decentrale overheid","foi_fairiscoreVersions":{"v1":null,"v2":null},"foi_files":[{"dc_format":"application/pdf","dc_identifier":"nl.gm1954.2c.2023.2834242-5.doc.2","dc_source":"https://api1.ibabs.eu/publicdownload.aspx?site=Beekdaelen&id=1fd41a32-0456-4995-8fa4-fe3c1fc8d231","dc_title":"Bijlage 1 Raadsbesluit Omgevingswet Bindend Adviesrecht.pdf","dc_type":"bijlage","foi_fileName":"Bijlage%201%20Raadsbesluit%20Omgevingswet%20Bindend%20Adviesrecht.pdf"},{"dc_format":"application/pdf","dc_identifier":"nl.gm1954.2c.2023.2834242-5.doc.3","dc_source":"https://api1.ibabs.eu/publicdownload.aspx?site=Beekdaelen&id=22143e29-9dc1-4343-94c8-be11572675d9","dc_title":"Bijlage 2 Lijst van gevallen bindend adviesrecht gemeente Beekdaelen.pdf","dc_type":"bijlage","foi_fileName":"Bijlage%202%20Lijst%20van%20gevallen%20bindend%20adviesrecht%20gemeente%20Beekdaelen.pdf"},{"dc_format":"application/pdf","dc_identifier":"nl.gm1954.2c.2023.2834242-5.doc.5","dc_source":"https://api1.ibabs.eu/publicdownload.aspx?site=Beekdaelen&id=3c621120-226d-4231-ac42-0aa99be116ed","dc_title":"MvA (nagekomen) voorvragen VG B2","dc_type":"bijlage","foi_fileName":"MvA%20%28nagekomen%29%20voorvragen%20VG%20B2.pdf"},{"dc_format":"application/pdf","dc_identifier":"nl.gm1954.2c.2023.2834242-5.doc.4","dc_source":"https://api1.ibabs.eu/publicdownload.aspx?site=Beekdaelen&id=afc6c33a-37cd-4fe1-b6dc-3ab6fbeb0405","dc_title":"MvA op technische voorvragen VG B2","dc_type":"bijlage","foi_fileName":"MvA%20op%20technische%20voorvragen%20VG%20B2.pdf"},{"dc_format":"application/pdf","dc_identifier":"nl.gm1954.2c.2023.2834242-5.doc.1","dc_source":"https://api1.ibabs.eu/publicdownload.aspx?site=Beekdaelen&id=28bce9e6-cc8d-4974-a022-05c6bd154067","dc_title":"Raadvoorstel Omgevingswet Bindend Adviesrecht.pdf","dc_type":"bijlage","foi_fileName":"Raadvoorstel%20Omgevingswet%20Bindend%20Adviesrecht.pdf"}],"foi_nrDocuments":5,"foi_nrPagesInDossier":0,"foi_publishedDate":"2023-02-09","foi_retrievedDate":"2025-12-01"},{"dc_creator":"HandelingScraper_v1","dc_date_year":2023,"dc_description":"Vergadering van de Gemeente Beekdaelen op 2023-02-09. Onderdeel: Raadsvoorstel inzake \"Omgevingswet - Verplichte Participatie\".","dc_identifier":"nl.gm1954.2c.2023.2834242-6","dc_publisher":"gm1954","dc_source":"https://beekdaelen.bestuurlijkeinformatie.nl/Agenda/Index/a64ef4c8-a926-4e54-aa37-d377dea584e8","dc_title":"Raadscommissie Fysieke Leefomgeving 2023-02-09 - Raadsvoorstel inzake \"Omgevingswet - Verplichte Participatie\"","dc_type":"2c","dc_type_description":"Vergaderstuk decentrale overheid","foi_fairiscoreVersions":{"v1":2,"v2":2},"foi_files":[{"dc_format":"application/pdf","dc_identifier":"nl.gm1954.2c.2023.2834242-6.doc.2","dc_source":"https://api1.ibabs.eu/publicdownload.aspx?site=Beekdaelen&id=52653d2c-3dc0-43ab-84e0-67675de7af0e","dc_title":"Bijlage 1 Raadsbesluit Omgevingswet Verplichte Participatie.pdf","dc_type":"bijlage","foi_fairiscoreVersions":{"v1":1,"v2":1},"foi_fileName":"Bijlage%201%20Raadsbesluit%20Omgevingswet%20Verplichte%20Participatie.pdf","foi_nrPages":1},{"dc_format":"application/pdf","dc_identifier":"nl.gm1954.2c.2023.2834242-6.doc.3","dc_source":"https://api1.ibabs.eu/publicdownload.aspx?site=Beekdaelen&id=5ca0f3bf-5185-499b-b34c-4771958b1c14","dc_title":"Bijlage 2 Lijst van gevallen van verplichte participatie.pdf","dc_type":"bijlage","foi_fairiscoreVersions":{"v1":1,"v2":1},"foi_fileName":"Bijlage%202%20Lijst%20van%20gevallen%20van%20verplichte%20participatie.pdf","foi_nrPages":4},{"dc_format":"application/pdf","dc_identifier":"nl.gm1954.2c.2023.2834242-6.doc.4","dc_source":"https://api1.ibabs.eu/publicdownload.aspx?site=Beekdaelen&id=0d7ab0f0-a876-4b7b-9318-8377765c9646","dc_title":"Bijlage 3 Folder Participatie gemeente Beekdaelen.pdf","dc_type":"bijlage","foi_fairiscoreVersions":{"v1":1,"v2":1},"foi_fileName":"Bijlage%203%20Folder%20Participatie%20gemeente%20Beekdaelen.pdf","foi_nrPages":2},{"dc_format":"application/pdf","dc_identifier":"nl.gm1954.2c.2023.2834242-6.doc.5","dc_source":"https://api1.ibabs.eu/publicdownload.aspx?site=Beekdaelen&id=3c64e58c-f32f-4d68-b89e-91a7d081ceb0","dc_title":"Bijlage 4 Handreiking Participatie gemeente Beekdaelen.pdf","dc_type":"bijlage","foi_fairiscoreVersions":{"v1":2,"v2":2},"foi_fileName":"Bijlage%204%20Handreiking%20Participatie%20gemeente%20Beekdaelen.pdf","foi_nrPages":14},{"dc_format":"application/pdf","dc_identifier":"nl.gm1954.2c.2023.2834242-6.doc.6","dc_source":"https://api1.ibabs.eu/publicdownload.aspx?site=Beekdaelen&id=63bb6302-4ce5-4a01-b998-db450c328e03","dc_title":"Bijlage 5 Participatieverslag Extern.pdf","dc_type":"bijlage","foi_fairiscoreVersions":{"v1":1,"v2":1},"foi_fileName":"Bijlage%205%20Participatieverslag%20Extern.pdf","foi_nrPages":2},{"dc_format":"application/pdf","dc_identifier":"nl.gm1954.2c.2023.2834242-6.doc.8","dc_source":"https://api1.ibabs.eu/publicdownload.aspx?site=Beekdaelen&id=c4069b6a-23cf-40e0-8b1f-d03c28e9f957","dc_title":"MvA (nagekomen) voorvragen VG B3","dc_type":"bijlage","foi_fairiscoreVersions":{"v1":1,"v2":1},"foi_fileName":"MvA%20%28nagekomen%29%20voorvragen%20VG%20B3.pdf","foi_nrPages":2},{"dc_format":"application/pdf","dc_identifier":"nl.gm1954.2c.2023.2834242-6.doc.7","dc_source":"https://api1.ibabs.eu/publicdownload.aspx?site=Beekdaelen&id=671ac3dd-c3d0-4445-bcaa-ec4f6f3c23aa","dc_title":"MvA op technische voorvragen VG B3","dc_type":"bijlage","foi_fairiscoreVersions":{"v1":1,"v2":1},"foi_fileName":"MvA%20op%20technische%20voorvragen%20VG%20B3.pdf","foi_nrPages":2},{"dc_format":"application/pdf","dc_identifier":"nl.gm1954.2c.2023.2834242-6.doc.1","dc_source":"https://api1.ibabs.eu/publicdownload.aspx?site=Beekdaelen&id=a91c92b9-b260-453d-8ab1-38181645e713","dc_title":"Raadsvoorstel Omgevingswet Verplichte Participatie.pdf","dc_type":"bijlage","foi_fairiscoreVersions":{"v1":1,"v2":1},"foi_fileName":"Raadsvoorstel%20Omgevingswet%20Verplichte%20Participatie.pdf","foi_nrPages":5}],"foi_nrDocuments":8,"foi_nrPagesInDossier":32,"foi_publishedDate":"2023-02-09","foi_retrievedDate":"2026-01-23"},{"dc_creator":"HandelingScraper_v1","dc_date_year":2023,"dc_description":"Vergadering van de Gemeente Beekdaelen op 2023-02-09. Onderdeel: Raadsvoorstel inzake \"actualisatie Erfgoedverordening Beekdaelen 2023\".","dc_identifier":"nl.gm1954.2c.2023.2834242-7","dc_publisher":"gm1954","dc_source":"https://beekdaelen.bestuurlijkeinformatie.nl/Agenda/Index/a64ef4c8-a926-4e54-aa37-d377dea584e8","dc_title":"Raadscommissie Fysieke Leefomgeving 2023-02-09 - Raadsvoorstel inzake \"actualisatie Erfgoedverordening Beekdaelen 2023\"","dc_type":"2c","dc_type_description":"Vergaderstuk decentrale overheid","foi_fairiscoreVersions":{"v1":1,"v2":1},"foi_files":[{"dc_format":"application/pdf","dc_identifier":"nl.gm1954.2c.2023.2834242-7.doc.2","dc_source":"https://api1.ibabs.eu/publicdownload.aspx?site=Beekdaelen&id=7ebdf4c0-e9df-45e6-b70e-0a1c95ff84ad","dc_title":"MvA (nagekomen) voorvragen CDA B4","dc_type":"bijlage","foi_fairiscoreVersions":{"v1":1,"v2":1},"foi_fileName":"MvA%20%28nagekomen%29%20voorvragen%20CDA%20B4.pdf","foi_nrPages":2},{"dc_format":"application/pdf","dc_identifier":"nl.gm1954.2c.2023.2834242-7.doc.1","dc_source":"https://api1.ibabs.eu/publicdownload.aspx?site=Beekdaelen&id=c736669e-c6b4-4668-a270-f8fb65e6b943","dc_title":"Raadsvoorstel Erfgoedverordening Beekdaelen 2023 (actualisatie)","dc_type":"bijlage","foi_fairiscoreVersions":{"v1":1,"v2":1},"foi_fileName":"Z%2F22%2F179295%20-%20313453%20%20raadsvoorstel%20Erfgoedverordening%20Beekdaelen%202023%20%28actualisatie%29.pdf","foi_nrPages":2}],"foi_nrDocuments":2,"foi_nrPagesInDossier":4,"foi_publishedDate":"2023-02-09","foi_retrievedDate":"2026-02-05"},{"dc_creator":"HandelingScraper_v1","dc_date_year":2023,"dc_description":"Vergadering van de Gemeente Beekdaelen op 2023-02-09. Onderdeel: Raadsvoorstel Adviescommissie omgevingskwaliteit Beekdaelen.","dc_identifier":"nl.gm1954.2c.2023.2834242-8","dc_publisher":"gm1954","dc_source":"https://beekdaelen.bestuurlijkeinformatie.nl/Agenda/Index/a64ef4c8-a926-4e54-aa37-d377dea584e8","dc_title":"Raadscommissie Fysieke Leefomgeving 2023-02-09 - Raadsvoorstel Adviescommissie omgevingskwaliteit Beekdaelen","dc_type":"2c","dc_type_description":"Vergaderstuk decentrale overheid","foi_fairiscoreVersions":{"v1":1,"v2":1},"foi_files":[{"dc_format":"application/pdf","dc_identifier":"nl.gm1954.2c.2023.2834242-8.doc.5","dc_source":"https://api1.ibabs.eu/publicdownload.aspx?site=Beekdaelen&id=ef7d23e1-3010-461d-b1c6-be1f3894f82a","dc_title":"MvA (nagekomen) voorvragen CDA B5","dc_type":"bijlage","foi_fairiscoreVersions":{"v1":1,"v2":1},"foi_fileName":"MvA%20%28nagekomen%29%20voorvragen%20CDA%20B5.pdf","foi_nrPages":1},{"dc_format":"application/pdf","dc_identifier":"nl.gm1954.2c.2023.2834242-8.doc.4","dc_source":"https://api1.ibabs.eu/publicdownload.aspx?site=Beekdaelen&id=e302b273-b3b6-4ef9-885e-87bf49e072dc","dc_title":"MvA op technische voorvragen VG B5","dc_type":"bijlage","foi_fairiscoreVersions":{"v1":1,"v2":1},"foi_fileName":"MvA%20op%20technische%20voorvragen%20VG%20B5.pdf","foi_nrPages":1},{"dc_format":"application/pdf","dc_identifier":"nl.gm1954.2c.2023.2834242-8.doc.2","dc_source":"https://api1.ibabs.eu/publicdownload.aspx?site=Beekdaelen&id=7c4ccfdd-f505-4d08-9f65-9b2966adcce8","dc_title":"Bijlage 1: Verordening Adviescommissie Omgevingskwaliteit Beekdaelen","dc_type":"bijlage","foi_fairiscoreVersions":{"v1":1,"v2":1},"foi_fileName":"Z%2F22%2F177923%20-%20310567%20-.pdf","foi_nrPages":6},{"dc_format":"application/pdf","dc_identifier":"nl.gm1954.2c.2023.2834242-8.doc.1","dc_source":"https://api1.ibabs.eu/publicdownload.aspx?site=Beekdaelen&id=b122feb8-2696-4b68-b19d-28d61af28ab4","dc_title":"Raadsvoorstel Adviescommissie Omgevingskwaliteit Beekdaelen","dc_type":"bijlage","foi_fairiscoreVersions":{"v1":1,"v2":1},"foi_fileName":"Z%2F22%2F177923%20-%20318883%20-%20Raadsvoorstel%3A%20Adviescommissie%20omgevingskwaliteit%20Beekdaelen.pdf","foi_nrPages":3},{"dc_format":"application/pdf","dc_identifier":"nl.gm1954.2c.2023.2834242-8.doc.3","dc_source":"https://api1.ibabs.eu/publicdownload.aspx?site=Beekdaelen&id=1f1fe1e1-962b-46df-812b-de2daee7889d","dc_title":"Bijlage 2: Raadsbesluit Adviescommissie Omgevingskwaliteit Beekdaelen","dc_type":"bijlage","foi_fairiscoreVersions":{"v1":1,"v2":1},"foi_fileName":"Z%2F22%2F177923%20-%20318884%20-%20Raadsbesluit%3A%20Adviescommissie%20omgevingskwaliteit%20Beekdaelen.pdf","foi_nrPages":1}],"foi_nrDocuments":5,"foi_nrPagesInDossier":12,"foi_publishedDate":"2023-02-09","foi_retrievedDate":"2025-11-30"},{"dc_creator":"HandelingScraper_v1","dc_date_year":2023,"dc_description":"Vergadering van de Gemeente Beekdaelen op 2023-02-09. Onderdeel: Presentatie inzake 'heffingsgrondslag riool/actualisatie gemeentelijk rioleringsplan.","dc_identifier":"nl.gm1954.2c.2023.2834242-9","dc_publisher":"gm1954","dc_source":"https://beekdaelen.bestuurlijkeinformatie.nl/Agenda/Index/a64ef4c8-a926-4e54-aa37-d377dea584e8","dc_title":"Raadscommissie Fysieke Leefomgeving 2023-02-09 - Presentatie inzake 'heffingsgrondslag riool/actualisatie gemeentelijk rioleringsplan","dc_type":"2c","dc_type_description":"Vergaderstuk decentrale overheid","foi_fairiscoreVersions":{"v1":2,"v2":1},"foi_files":[{"dc_format":"application/pdf","dc_identifier":"nl.gm1954.2c.2023.2834242-9.doc.4","dc_source":"https://api1.ibabs.eu/publicdownload.aspx?site=Beekdaelen&id=97b034ea-a4a3-496c-bd11-cd45e3bcbe95","dc_title":"Aangepaste presentatie Water- en rioolzorgheffing Beekdaelen (B6)","dc_type":"bijlage","foi_fairiscoreVersions":{"v1":2,"v2":1},"foi_fileName":"Aangepaste%20presentatie%20Water-%20en%20rioolzorgheffing%20Beekdaelen%20%28B6%29.pdf","foi_nrPages":15},{"dc_format":"application/pdf","dc_identifier":"nl.gm1954.2c.2023.2834242-9.doc.1","dc_source":"https://api1.ibabs.eu/publicdownload.aspx?site=Beekdaelen&id=6ff1ed28-0589-4876-91b4-427f1bba3d19","dc_title":"Informatievoorziening tijdens raadscommissie Beekdaelen 16-02-2023 - gemeentelijk rioleringsplan","dc_type":"bijlage","foi_fairiscoreVersions":{"v1":1,"v2":1},"foi_fileName":"Informatievoorziening%20tijdens%20raadscommissie%20Beekdaelen%2016-02-2023%20-%20gemeentelijk%20rioleringsplan.pdf","foi_nrPages":2},{"dc_format":"application/pdf","dc_identifier":"nl.gm1954.2c.2023.2834242-9.doc.5","dc_source":"https://api1.ibabs.eu/publicdownload.aspx?site=Beekdaelen&id=fcfe5ef4-4cb4-4e69-9a76-60c9e80bb235","dc_title":"MvA (nagekomen) voorvragen CDA B6","dc_type":"bijlage","foi_fairiscoreVersions":{"v1":1,"v2":1},"foi_fileName":"MvA%20%28nagekomen%29%20voorvragen%20CDA%20B6.pdf","foi_nrPages":3},{"dc_format":"application/pdf","dc_identifier":"nl.gm1954.2c.2023.2834242-9.doc.2","dc_source":"https://api1.ibabs.eu/publicdownload.aspx?site=Beekdaelen&id=b0e1daa7-453d-4cdd-a563-aa9bec98609b","dc_title":"Notitie rioolheffing hemelwaterdeel oktober 2022","dc_type":"bijlage","foi_fairiscoreVersions":{"v1":1,"v2":1},"foi_fileName":"Z%2F23%2F185502%20-%20327906%20-.pdf","foi_nrPages":6},{"dc_format":"application/pdf","dc_identifier":"nl.gm1954.2c.2023.2834242-9.doc.3","dc_source":"https://api1.ibabs.eu/publicdownload.aspx?site=Beekdaelen&id=ab5d6adc-b943-400e-9dc3-fab09e74cd79","dc_title":"Notitie rioolheffing vuilwaterdeel januari 2022","dc_type":"bijlage","foi_fairiscoreVersions":{"v1":1,"v2":1},"foi_fileName":"Z%2F23%2F185502%20-%20327908.pdf","foi_nrPages":7}],"foi_nrDocuments":5,"foi_nrPagesInDossier":33,"foi_publishedDate":"2023-02-09","foi_retrievedDate":"2026-02-05"},{"dc_creator":"HandelingScraper_v1","dc_date_year":2023,"dc_description":"Vergadering van de Gemeente Beekdaelen op 2023-02-14. Onderdeel: Algemeen.","dc_identifier":"nl.gm1954.2c.2023.2834290-1","dc_publisher":"gm1954","dc_source":"https://beekdaelen.bestuurlijkeinformatie.nl/Agenda/Index/5fca91d9-ab0b-4a2e-a4c1-5979ff869e41","dc_title":"Raadscommissie Sociale Leefomgeving 2023-02-14 - Algemeen","dc_type":"2c","dc_type_description":"Vergaderstuk decentrale overheid","foi_fairiscoreVersions":{"v1":1,"v2":1},"foi_files":[{"dc_format":"application/pdf","dc_identifier":"nl.gm1954.2c.2023.2834290-1.doc.1","dc_source":"https://api1.ibabs.eu/publicdownload.aspx?site=Beekdaelen&id=56c54db3-f370-47fc-a82b-d93af2e5e32f","dc_title":"Technische vragen VG","dc_type":"bijlage","foi_fairiscoreVersions":{"v1":1,"v2":1},"foi_fileName":"Technische%20vragen%20Vernieuwingsgroep.pdf","foi_nrPages":1},{"dc_format":"application/pdf","dc_identifier":"nl.gm1954.2c.2023.2834290-1.doc.2","dc_source":"https://api1.ibabs.eu/publicdownload.aspx?site=Beekdaelen&id=aa3b8ad4-7b7e-4b2b-91cc-1545b30e7b1a","dc_title":"Technische vragen BL (nagekomen)","dc_type":"bijlage","foi_fairiscoreVersions":{"v1":1,"v2":1},"foi_fileName":"TechnischeVragen%20BL%20%28nagekomen%29.pdf","foi_nrPages":1}],"foi_nrDocuments":2,"foi_nrPagesInDossier":2,"foi_publishedDate":"2023-02-14","foi_retrievedDate":"2025-11-30"},{"dc_creator":"HandelingScraper_v1","dc_date_year":2023,"dc_description":"Vergadering van de Gemeente Beekdaelen op 2023-02-14. Onderdeel: Opening, mededelingen voorzitter en vaststellen agenda..","dc_identifier":"nl.gm1954.2c.2023.2834290-2","dc_publisher":"gm1954","dc_source":"https://beekdaelen.bestuurlijkeinformatie.nl/Agenda/Index/5fca91d9-ab0b-4a2e-a4c1-5979ff869e41","dc_title":"Raadscommissie Sociale Leefomgeving 2023-02-14 - Opening, mededelingen voorzitter en vaststellen agenda.","dc_type":"2c","dc_type_description":"Vergaderstuk decentrale overheid","foi_fairiscoreVersions":{"v1":1,"v2":1},"foi_files":[{"dc_format":"application/pdf","dc_identifier":"nl.gm1954.2c.2023.2834290-2.doc.1","dc_source":"https://api1.ibabs.eu/publicdownload.aspx?site=Beekdaelen&id=82a01892-feb4-4428-b68d-9d8f519022f4","dc_title":"Uitnodiging en voorlopige agenda raadscie. Sociale Leefomgeving 14.02.2023","dc_type":"bijlage","foi_fairiscoreVersions":{"v1":1,"v2":1},"foi_fileName":"Uitnodiging%20en%20voorlopige%20agenda%20raadscie.%20Sociale%20Leefomgeving%2014.02.2023.pdf","foi_nrPages":1},{"dc_format":"application/pdf","dc_identifier":"nl.gm1954.2c.2023.2834290-2.doc.2","dc_source":"https://api1.ibabs.eu/publicdownload.aspx?site=Beekdaelen&id=c9f1c7b0-8a4c-4089-b4a8-9d6a9b4a90e4","dc_title":"Vastgestelde agenda raadscommissie Sociale Leefomgeving 14.02.2023","dc_type":"bijlage","foi_fairiscoreVersions":{"v1":1,"v2":1},"foi_fileName":"Vastgestelde%20agenda%20raadscommissie%20Sociale%20Leefomgeving%2014.02.pdf","foi_nrPages":1}],"foi_nrDocuments":2,"foi_nrPagesInDossier":2,"foi_publishedDate":"2023-02-14","foi_retrievedDate":"2025-12-06"},{"dc_creator":"HandelingScraper_v1","dc_date_year":2023,"dc_description":"Vergadering van de Gemeente Beekdaelen op 2023-02-14. Onderdeel: Vaststellen actiepuntenlijst van de raadscommissie Sociale Leefomgeving d.d. 17.01.2023.","dc_identifier":"nl.gm1954.2c.2023.2834290-3","dc_publisher":"gm1954","dc_source":"https://beekdaelen.bestuurlijkeinformatie.nl/Agenda/Index/5fca91d9-ab0b-4a2e-a4c1-5979ff869e41","dc_title":"Raadscommissie Sociale Leefomgeving 2023-02-14 - Vaststellen actiepuntenlijst van de raadscommissie Sociale Leefomgeving d.d. 17.01.2023","dc_type":"2c","dc_type_description":"Vergaderstuk decentrale overheid","foi_fairiscoreVersions":{"v1":1,"v2":1},"foi_files":[{"dc_format":"application/pdf","dc_identifier":"nl.gm1954.2c.2023.2834290-3.doc.1","dc_source":"https://api1.ibabs.eu/publicdownload.aspx?site=Beekdaelen&id=96c78b9f-cb44-45bf-b5d7-2282a659e21f","dc_title":"Actiepuntenlijst cie. Sociale Leefomgeving 17.01.2023 - vastgesteld 14.02.2023","dc_type":"bijlage","foi_fairiscoreVersions":{"v1":1,"v2":1},"foi_fileName":"Actiepuntenlijst%20cie%20SLO%2017012023.pdf","foi_nrPages":4}],"foi_nrDocuments":1,"foi_nrPagesInDossier":4,"foi_publishedDate":"2023-02-14","foi_retrievedDate":"2025-12-06"},{"dc_creator":"HandelingScraper_v1","dc_date_year":2023,"dc_description":"Vergadering van de Gemeente Beekdaelen op 2023-02-14. Onderdeel: Raadsvoorstel inzake \"Eerste begrotingswijziging 2023 GR WOZL\".","dc_identifier":"nl.gm1954.2c.2023.2834290-4","dc_publisher":"gm1954","dc_source":"https://beekdaelen.bestuurlijkeinformatie.nl/Agenda/Index/5fca91d9-ab0b-4a2e-a4c1-5979ff869e41","dc_title":"Raadscommissie Sociale Leefomgeving 2023-02-14 - Raadsvoorstel inzake \"Eerste begrotingswijziging 2023 GR WOZL\"","dc_type":"2c","dc_type_description":"Vergaderstuk decentrale overheid","foi_fairiscoreVersions":{"v1":2,"v2":1},"foi_files":[{"dc_format":"application/pdf","dc_identifier":"nl.gm1954.2c.2023.2834290-4.doc.1","dc_source":"https://api1.ibabs.eu/publicdownload.aspx?site=Beekdaelen&id=a502614a-b470-43e9-ab16-94fb679e5f33","dc_title":"Bijlage: Eerste begrotingswijzing 2023 GR WOZL","dc_type":"bijlage","foi_fairiscoreVersions":{"v1":2,"v2":1},"foi_fileName":"Z%2F22%2F184187%20-%20325446%20-%20Eerste%20begrotingswijzing%202023%20GR%20WOZL.pdf","foi_nrPages":22},{"dc_format":"application/pdf","dc_identifier":"nl.gm1954.2c.2023.2834290-4.doc.2","dc_source":"https://api1.ibabs.eu/publicdownload.aspx?site=Beekdaelen&id=801b3673-2d65-4473-9dcf-8800b7f4250b","dc_title":"Bijlage: Factsheet eerste begrotingswijzing 2023 GR WOZL","dc_type":"bijlage","foi_fairiscoreVersions":{"v1":1,"v2":1},"foi_fileName":"Z%2F22%2F184187%20-%20325447%20-%20Factsheet%20eerste%20begrotingswijzing%202023%20GR%20WOZL.pdf","foi_nrPages":3},{"dc_format":"application/pdf","dc_identifier":"nl.gm1954.2c.2023.2834290-4.doc.3","dc_source":"https://api1.ibabs.eu/publicdownload.aspx?site=Beekdaelen&id=e55b110e-dcdb-49a2-97f1-f625de389b75","dc_title":"Bijlage: Uitgaande brief aan WOZL inzake raadsbesluit","dc_type":"bijlage","foi_fairiscoreVersions":{"v1":1,"v2":1},"foi_fileName":"Z%2F22%2F184187%20-%20325511%20-%20Uitgaande%20brief%20aan%20WOZL%20inzake%20raadsbesluit.pdf","foi_nrPages":1}],"foi_nrDocuments":3,"foi_nrPagesInDossier":26,"foi_publishedDate":"2023-02-14","foi_retrievedDate":"2026-01-22"},{"dc_creator":"HandelingScraper_v1","dc_date_year":2023,"dc_description":"Vergadering van de Gemeente Beekdaelen op 2023-02-14. Onderdeel: Raadsvoorstel inzake \"Eerste begrotingswijziging 2023 GR WSP Parkstad\".","dc_identifier":"nl.gm1954.2c.2023.2834290-5","dc_publisher":"gm1954","dc_source":"https://beekdaelen.bestuurlijkeinformatie.nl/Agenda/Index/5fca91d9-ab0b-4a2e-a4c1-5979ff869e41","dc_title":"Raadscommissie Sociale Leefomgeving 2023-02-14 - Raadsvoorstel inzake \"Eerste begrotingswijziging 2023 GR WSP Parkstad\"","dc_type":"2c","dc_type_description":"Vergaderstuk decentrale overheid","foi_fairiscoreVersions":{"v1":2,"v2":1},"foi_files":[{"dc_format":"application/pdf","dc_identifier":"nl.gm1954.2c.2023.2834290-5.doc.1","dc_source":"https://api1.ibabs.eu/publicdownload.aspx?site=Beekdaelen&id=70157b06-3bcf-4228-b6d2-bf94eed1aa3f","dc_title":"Bijlage: Eerste begrotingswijziging 2023 GR WSP Parkstad","dc_type":"bijlage","foi_fairiscoreVersions":{"v1":2,"v2":1},"foi_fileName":"Z%2F22%2F184191%20-%20325578%20-%20Eerste%20begrotingswijziging%202023%20GR%20WSP%20Parkstad.pdf","foi_nrPages":22},{"dc_format":"application/pdf","dc_identifier":"nl.gm1954.2c.2023.2834290-5.doc.2","dc_source":"https://api1.ibabs.eu/publicdownload.aspx?site=Beekdaelen&id=55311016-9293-4ac4-8ff1-a5a3afb92c6f","dc_title":"Bijlage: Factsheet eerste begrotingswijziging 2023 GR WSP Parkstad","dc_type":"bijlage","foi_fairiscoreVersions":{"v1":1,"v2":1},"foi_fileName":"Z%2F22%2F184191%20-%20325579%20-%20Factsheet%20eerste%20begrotingswijziging%202023%20GR%20WSP%20Parkstad.pdf","foi_nrPages":3},{"dc_format":"application/pdf","dc_identifier":"nl.gm1954.2c.2023.2834290-5.doc.3","dc_source":"https://api1.ibabs.eu/publicdownload.aspx?site=Beekdaelen&id=84a29c44-dbee-4382-9775-a185de7f5ffd","dc_title":"Bijlage: Uitgaande brief aan WSP Parkstad inzake raadsbesluit","dc_type":"bijlage","foi_fairiscoreVersions":{"v1":1,"v2":1},"foi_fileName":"Z%2F22%2F184191%20-%20325663%20-%20Uitgaande%20brief%20aan%20WSP%20Parkstad%20inzake%20raadsbesluit.pdf","foi_nrPages":1}],"foi_nrDocuments":3,"foi_nrPagesInDossier":26,"foi_publishedDate":"2023-02-14","foi_retrievedDate":"2025-11-29"},{"dc_creator":"HandelingScraper_v1","dc_date_year":2023,"dc_description":"Vergadering van de Gemeente Beekdaelen op 2023-02-14. Onderdeel: Raadsvoorstel inzake \"Eindevaluatie dorpsco\u00f6rdinator en voorstel toekomstige inzet\".","dc_identifier":"nl.gm1954.2c.2023.2834290-6","dc_publisher":"gm1954","dc_source":"https://beekdaelen.bestuurlijkeinformatie.nl/Agenda/Index/5fca91d9-ab0b-4a2e-a4c1-5979ff869e41","dc_title":"Raadscommissie Sociale Leefomgeving 2023-02-14 - Raadsvoorstel inzake \"Eindevaluatie dorpsco\u00f6rdinator en voorstel toekomstige inzet\"","dc_type":"2c","dc_type_description":"Vergaderstuk decentrale overheid","foi_fairiscoreVersions":{"v1":2,"v2":1},"foi_files":[{"dc_format":"application/pdf","dc_identifier":"nl.gm1954.2c.2023.2834290-6.doc.4","dc_source":"https://api1.ibabs.eu/publicdownload.aspx?site=Beekdaelen&id=6747bc92-861e-463b-8d1c-aff93c9e14ed","dc_title":"Begrotingswijziging 3.1 dorpsco\u00f6rdinator","dc_type":"bijlage","foi_fairiscoreVersions":{"v1":1,"v2":1},"foi_fileName":"Begrotingswijziging%203.1%20dorpsco%C3%B6rdinator.pdf","foi_nrPages":1},{"dc_format":"application/pdf","dc_identifier":"nl.gm1954.2c.2023.2834290-6.doc.6","dc_source":"https://api1.ibabs.eu/publicdownload.aspx?site=Beekdaelen&id=2cd0b4ca-0923-46ad-b928-2a8ce132cb5d","dc_title":"MvA technische vragen BL (nagekomen)","dc_type":"bijlage","foi_fairiscoreVersions":{"v1":1,"v2":1},"foi_fileName":"MvA%20technische%20vragen%20BL%20%28nagekomen%29.pdf","foi_nrPages":2},{"dc_format":"application/pdf","dc_identifier":"nl.gm1954.2c.2023.2834290-6.doc.5","dc_source":"https://api1.ibabs.eu/publicdownload.aspx?site=Beekdaelen&id=d120a406-0693-4af6-88d9-e60c52f030a7","dc_title":"MvA technische vragen VG (B3)","dc_type":"bijlage","foi_fairiscoreVersions":{"v1":1,"v2":1},"foi_fileName":"MvA%20technische%20vragen%20VG%20%28B3%29.pdf","foi_nrPages":3},{"dc_format":"application/pdf","dc_identifier":"nl.gm1954.2c.2023.2834290-6.doc.1","dc_source":"https://api1.ibabs.eu/publicdownload.aspx?site=Beekdaelen&id=6ce2423e-c3e0-4435-85c9-c647e351071d","dc_title":"Raadsvoorstel inzake eindevaluatie en structurele voortzetting dorpsco\u00f6rdinator","dc_type":"bijlage","foi_fairiscoreVersions":{"v1":1,"v2":1},"foi_fileName":"Z%2F23%2F184660%20-%20325839%20-%20Raadsvoorstel%20eind%20evaluatie%20dorpsco%C3%B6rdinator.pdf","foi_nrPages":3},{"dc_format":"application/pdf","dc_identifier":"nl.gm1954.2c.2023.2834290-6.doc.2","dc_source":"https://api1.ibabs.eu/publicdownload.aspx?site=Beekdaelen&id=8dc3d808-23fa-4fa7-b22f-b0d1c51472e3","dc_title":"Raadsbesluit inzake eindevaluatie en structurele voortzetting dorpsco\u00f6rdinator, vastgesteld 07.03.2023","dc_type":"bijlage","foi_fairiscoreVersions":{"v1":1,"v2":1},"foi_fileName":"Z%2F23%2F184660%20-%20326173%20-%20Raadbesluit%20eind%20evaluatie%20dorpsco%C3%B6rdinator.pdf","foi_nrPages":1},{"dc_format":"application/pdf","dc_identifier":"nl.gm1954.2c.2023.2834290-6.doc.3","dc_source":"https://api1.ibabs.eu/publicdownload.aspx?site=Beekdaelen&id=d8e26e8e-ff18-4b5b-a6a6-29febc865059","dc_title":"Rapportage evaluatie dorpsco\u00f6rdinator","dc_type":"bijlage","foi_fairiscoreVersions":{"v1":2,"v2":1},"foi_fileName":"Z%2F23%2F184660%20-%20327029%20-%20evaluatie%20dorpsco%C3%B6rdinator%20def.pdf","foi_nrPages":24}],"foi_nrDocuments":6,"foi_nrPagesInDossier":34,"foi_publishedDate":"2023-02-14","foi_retrievedDate":"2025-11-30"},{"dc_creator":"HandelingScraper_v1","dc_date_year":2023,"dc_description":"Vergadering van de Gemeente Beekdaelen op 2023-02-14. Onderdeel: Raadsvoorstel inzake \"Procesvoorstel strategisch accommodatiebeleid\".","dc_identifier":"nl.gm1954.2c.2023.2834290-7","dc_publisher":"gm1954","dc_source":"https://beekdaelen.bestuurlijkeinformatie.nl/Agenda/Index/5fca91d9-ab0b-4a2e-a4c1-5979ff869e41","dc_title":"Raadscommissie Sociale Leefomgeving 2023-02-14 - Raadsvoorstel inzake \"Procesvoorstel strategisch accommodatiebeleid\"","dc_type":"2c","dc_type_description":"Vergaderstuk decentrale overheid","foi_fairiscoreVersions":{"v1":2,"v2":1},"foi_files":[{"dc_format":"application/pdf","dc_identifier":"nl.gm1954.2c.2023.2834290-7.doc.5","dc_source":"https://api1.ibabs.eu/publicdownload.aspx?site=Beekdaelen&id=00416428-6eb7-4fe9-a966-cd2f86fd305d","dc_title":"MvA technische vragen VG (B4)","dc_type":"bijlage","foi_fairiscoreVersions":{"v1":1,"v2":1},"foi_fileName":"MvA%20technische%20vragen%20VG%20%28B4%29.pdf","foi_nrPages":1},{"dc_format":"application/pdf","dc_identifier":"nl.gm1954.2c.2023.2834290-7.doc.2","dc_source":"https://api1.ibabs.eu/publicdownload.aspx?site=Beekdaelen&id=24759dee-cf97-4c35-8316-a480345dfe0f","dc_title":"Bijlage 1: Procesvoorstel Strategisch Accommodatiebeleid","dc_type":"bijlage","foi_fairiscoreVersions":{"v1":2,"v2":1},"foi_fileName":"Procesvoorstel%20Strategisch%20Accommodatiebeleid.pdf","foi_nrPages":10},{"dc_format":"application/pdf","dc_identifier":"nl.gm1954.2c.2023.2834290-7.doc.4","dc_source":"https://api1.ibabs.eu/publicdownload.aspx?site=Beekdaelen&id=726970a0-f11b-49d9-a8bc-3dffce9d32ac","dc_title":"Bijlage 3: Raadsbesluit Procesvoorstel Strategisch Accommodatiebeleid","dc_type":"bijlage","foi_fairiscoreVersions":{"v1":1,"v2":1},"foi_fileName":"Raadsbesluit%20-%20325781%20-%20Procesvoorstel%20Strategisch%20Accommodatiebeleid.pdf","foi_nrPages":1},{"dc_format":"application/pdf","dc_identifier":"nl.gm1954.2c.2023.2834290-7.doc.1","dc_source":"https://api1.ibabs.eu/publicdownload.aspx?site=Beekdaelen&id=1c60bf91-5810-4b68-80b7-75eea0f0881c","dc_title":"Raadsvoorstel \"Procesvoorstel Strategisch Accommodatiebeleid\"","dc_type":"bijlage","foi_fairiscoreVersions":{"v1":1,"v2":1},"foi_fileName":"Raadsvoorstel%20-%20325459%20-%20Procesvoorstel%20Strategisch%20Accommodatiebeleid.pdf","foi_nrPages":3},{"dc_format":"application/pdf","dc_identifier":"nl.gm1954.2c.2023.2834290-7.doc.3","dc_source":"https://api1.ibabs.eu/publicdownload.aspx?site=Beekdaelen&id=710d53d5-7185-4004-891d-406ef41929d7","dc_title":"Bijlage 2: Rapport stand van zaken strategisch accommodatiebeleid.pdf","dc_type":"bijlage","foi_fairiscoreVersions":{"v1":2,"v2":1},"foi_fileName":"Rapport%20stand%20van%20zaken%20strategisch%20accommodatiebeleid.pdf","foi_nrPages":14}],"foi_nrDocuments":5,"foi_nrPagesInDossier":29,"foi_publishedDate":"2023-02-14","foi_retrievedDate":"2026-02-05"},{"dc_creator":"HandelingScraper_v1","dc_date_year":2023,"dc_description":"Vergadering van de Gemeente Beekdaelen op 2023-02-14. Onderdeel: Presentatie inzake \"speelruimtebeleid 2023 - 2033 Beekdaelen\".","dc_identifier":"nl.gm1954.2c.2023.2834290-8","dc_publisher":"gm1954","dc_source":"https://beekdaelen.bestuurlijkeinformatie.nl/Agenda/Index/5fca91d9-ab0b-4a2e-a4c1-5979ff869e41","dc_title":"Raadscommissie Sociale Leefomgeving 2023-02-14 - Presentatie inzake \"speelruimtebeleid 2023 - 2033 Beekdaelen\"","dc_type":"2c","dc_type_description":"Vergaderstuk decentrale overheid","foi_fairiscoreVersions":{"v1":2,"v2":2},"foi_files":[{"dc_format":"application/pdf","dc_identifier":"nl.gm1954.2c.2023.2834290-8.doc.2","dc_source":"https://api1.ibabs.eu/publicdownload.aspx?site=Beekdaelen&id=0f6fed04-b98d-4a87-84cd-3475a28ccd22","dc_title":"230127 Speelruimtebeleid gemeente Beekdaelen","dc_type":"bijlage","foi_fairiscoreVersions":{"v1":2,"v2":1},"foi_fileName":"230127%20Speelruimtebeleid%20gemeente%20Beekdaelen.pdf","foi_nrPages":28},{"dc_format":"application/pdf","dc_identifier":"nl.gm1954.2c.2023.2834290-8.doc.1","dc_source":"https://api1.ibabs.eu/publicdownload.aspx?site=Beekdaelen&id=29a5f4d0-1bfc-454a-b36b-a19b3d317227","dc_title":"Format informatiebijeenkomst speelruimtebeleid 14 februari 2023","dc_type":"bijlage","foi_fairiscoreVersions":{"v1":1,"v2":1},"foi_fileName":"Format%20informatiebijeenkomst%20speelruimtebeleid%2014%20februari%202023.pdf","foi_nrPages":2},{"dc_format":"application/pdf","dc_identifier":"nl.gm1954.2c.2023.2834290-8.doc.3","dc_source":"https://api1.ibabs.eu/publicdownload.aspx?site=Beekdaelen&id=5d3fb984-2485-4776-a91c-c5dee27c6292","dc_title":"Presentatie speelruimtebeleid Beekdaelen 14 februari 2023","dc_type":"bijlage","foi_fairiscoreVersions":{"v1":2,"v2":2},"foi_fileName":"Presentatie%20speelruimtebeleid%20Beekdaelen%2014%20februari%202023.pdf","foi_nrPages":10}],"foi_nrDocuments":3,"foi_nrPagesInDossier":40,"foi_publishedDate":"2023-02-14","foi_retrievedDate":"2026-02-05"},{"dc_creator":"HandelingScraper_v1","dc_date_year":2023,"dc_description":"Vergadering van de Gemeente Beekdaelen op 2023-02-15. Onderdeel: Algemeen.","dc_identifier":"nl.gm1954.2c.2023.2834324-1","dc_publisher":"gm1954","dc_source":"https://beekdaelen.bestuurlijkeinformatie.nl/Agenda/Index/5b152692-99a0-4d5d-93f3-91b1652bfa26","dc_title":"Raadscommissie Bestuur en Middelen 2023-02-15 - Algemeen","dc_type":"2c","dc_type_description":"Vergaderstuk decentrale overheid","foi_fairiscoreVersions":{"v1":1,"v2":1},"foi_files":[{"dc_format":"application/pdf","dc_identifier":"nl.gm1954.2c.2023.2834324-1.doc.2","dc_source":"https://api1.ibabs.eu/publicdownload.aspx?site=Beekdaelen&id=91e10ea1-f1f9-4628-a7dd-d6c0964eeb9b","dc_title":"Technische vragen BL (nagekomen)","dc_type":"bijlage","foi_fairiscoreVersions":{"v1":1,"v2":1},"foi_fileName":"Technische_Vragen%20BL%20%28nagekomen%29.pdf","foi_nrPages":1},{"dc_format":"application/pdf","dc_identifier":"nl.gm1954.2c.2023.2834324-1.doc.1","dc_source":"https://api1.ibabs.eu/publicdownload.aspx?site=Beekdaelen&id=1a03c419-3578-4feb-b694-da8a02de9d8d","dc_title":"Technische vragen VG","dc_type":"bijlage","foi_fairiscoreVersions":{"v1":1,"v2":1},"foi_fileName":"Technische%20vragen%20VG%20cie.%20B%26M%2015022023.pdf","foi_nrPages":1}],"foi_nrDocuments":2,"foi_nrPagesInDossier":2,"foi_publishedDate":"2023-02-15","foi_retrievedDate":"2025-12-06"},{"dc_creator":"HandelingScraper_v1","dc_date_year":2023,"dc_description":"Vergadering van de Gemeente Beekdaelen op 2023-02-15. Onderdeel: Opening, mededelingen voorzitter en vaststellen agenda..","dc_identifier":"nl.gm1954.2c.2023.2834324-2","dc_publisher":"gm1954","dc_source":"https://beekdaelen.bestuurlijkeinformatie.nl/Agenda/Index/5b152692-99a0-4d5d-93f3-91b1652bfa26","dc_title":"Raadscommissie Bestuur en Middelen 2023-02-15 - Opening, mededelingen voorzitter en vaststellen agenda.","dc_type":"2c","dc_type_description":"Vergaderstuk decentrale overheid","foi_fairiscoreVersions":{"v1":1,"v2":1},"foi_files":[{"dc_format":"application/pdf","dc_identifier":"nl.gm1954.2c.2023.2834324-2.doc.2","dc_source":"https://api1.ibabs.eu/publicdownload.aspx?site=Beekdaelen&id=9bfcaf03-ad09-4816-b1f7-2e8730549b1e","dc_title":"Aangepaste vastgestelde agenda raadscie. B&M 15022023","dc_type":"bijlage","foi_fairiscoreVersions":{"v1":1,"v2":1},"foi_fileName":"Aangepaste%20vastgestelde%20agenda%20raadscie.pdf","foi_nrPages":1},{"dc_format":"application/pdf","dc_identifier":"nl.gm1954.2c.2023.2834324-2.doc.1","dc_source":"https://api1.ibabs.eu/publicdownload.aspx?site=Beekdaelen&id=d6d5b7be-f2b3-4d25-8e3b-760bbbe58c43","dc_title":"Uitnodiging en voorlopige agenda raadscie. Bestuur & Middelen 15.02.2023","dc_type":"bijlage","foi_fairiscoreVersions":{"v1":1,"v2":1},"foi_fileName":"Uitnodiging%20en%20voorlopige%20agenda%20raadscie.%20Bestuur%20%26%20Middelen%2015.02.2023.pdf","foi_nrPages":1}],"foi_nrDocuments":2,"foi_nrPagesInDossier":2,"foi_publishedDate":"2023-02-15","foi_retrievedDate":"2026-02-05"},{"dc_creator":"HandelingScraper_v1","dc_date_year":2023,"dc_description":"Vergadering van de Gemeente Beekdaelen op 2023-02-15. Onderdeel: Raadsvoorstel inzake \"Integraal Veiligheidsplan SVBBL 2023-2026\".","dc_identifier":"nl.gm1954.2c.2023.2834324-4","dc_publisher":"gm1954","dc_source":"https://beekdaelen.bestuurlijkeinformatie.nl/Agenda/Index/5b152692-99a0-4d5d-93f3-91b1652bfa26","dc_title":"Raadscommissie Bestuur en Middelen 2023-02-15 - Raadsvoorstel inzake \"Integraal Veiligheidsplan SVBBL 2023-2026\"","dc_type":"2c","dc_type_description":"Vergaderstuk decentrale overheid","foi_fairiscoreVersions":{"v1":2,"v2":2},"foi_files":[{"dc_format":"application/pdf","dc_identifier":"nl.gm1954.2c.2023.2834324-4.doc.1","dc_source":"https://api1.ibabs.eu/publicdownload.aspx?site=Beekdaelen&id=5562a3bf-a580-40c7-9d40-805bdf492505","dc_title":"Raadsvoorstel Integraal Veiligheidsplan SVBBL 2023-2026","dc_type":"bijlage","foi_fairiscoreVersions":{"v1":1,"v2":1},"foi_fileName":"320109_1.DOCX%20-%20Z22179745%20-%20320109%20-%20Kadernota%20Integrale%20Veiligheid%20SVBBL%202023-2026.pdf","foi_nrPages":11},{"dc_format":"application/pdf","dc_identifier":"nl.gm1954.2c.2023.2834324-4.doc.6","dc_source":"https://api1.ibabs.eu/publicdownload.aspx?site=Beekdaelen&id=22aa2600-cfc8-403f-ab4f-724c63a6d771","dc_title":"MvA (nagekomen) technische voorvragen BL SVBBL (B1)","dc_type":"bijlage","foi_fairiscoreVersions":{"v1":1,"v2":1},"foi_fileName":"MvA%20%28nagekomen%29%20technische%20voorvragen%20BL%20SVBBL%20%28B1%29.pdf","foi_nrPages":1},{"dc_format":"application/pdf","dc_identifier":"nl.gm1954.2c.2023.2834324-4.doc.5","dc_source":"https://api1.ibabs.eu/publicdownload.aspx?site=Beekdaelen&id=c1be4a78-173e-4a9b-bb3b-f9e89ba36d44","dc_title":"MvA Technische voorvragen VG SVBBL (B1)","dc_type":"bijlage","foi_fairiscoreVersions":{"v1":1,"v2":1},"foi_fileName":"MvA%20Technische%20voorvragen%20VG%20SVBBL%20%28B1%29.pdf","foi_nrPages":2},{"dc_format":"application/pdf","dc_identifier":"nl.gm1954.2c.2023.2834324-4.doc.2","dc_source":"https://api1.ibabs.eu/publicdownload.aspx?site=Beekdaelen&id=1a0c4635-582d-4d79-b050-bcb7ae4bf37b","dc_title":"Raadsbesluit Integraal Veiligheidsplan SVBBL 2023-2026, vastgesteld 07.03.2023","dc_type":"bijlage","foi_fairiscoreVersions":{"v1":1,"v2":1},"foi_fileName":"Z%2F22%2F179745%20-%20320113%20-%20Kadernota%20Integrale%20Veiligheid%20SVBBL%202023-2026.pdf","foi_nrPages":1},{"dc_format":"application/pdf","dc_identifier":"nl.gm1954.2c.2023.2834324-4.doc.4","dc_source":"https://api1.ibabs.eu/publicdownload.aspx?site=Beekdaelen&id=550af75d-546f-4166-8322-42d404d88494","dc_title":"Rapportage Parkstadmonitor 2021 Beekdaelen","dc_type":"bijlage","foi_fairiscoreVersions":{"v1":2,"v2":2},"foi_fileName":"Z%2F22%2F179745%20-%20326328%20-%20Rapportage%20Parkstadmonitor%202021%20Beekdaelen.pdf","foi_nrPages":46},{"dc_format":"application/pdf","dc_identifier":"nl.gm1954.2c.2023.2834324-4.doc.3","dc_source":"https://api1.ibabs.eu/publicdownload.aspx?site=Beekdaelen&id=3219fdf3-e624-4235-8736-91188dbf549c","dc_title":"Integraal Veiligheidsplan SVBBL 2023-2026","dc_type":"bijlage","foi_fairiscoreVersions":{"v1":2,"v2":2},"foi_fileName":"Z%2F22%2F179745%20-%20326800%20-%20Integraal%20Veiligheidsplan%20SVBBL%202023-2026.pdf","foi_nrPages":22}],"foi_nrDocuments":6,"foi_nrPagesInDossier":83,"foi_publishedDate":"2023-02-15","foi_retrievedDate":"2025-12-04"},{"dc_creator":"HandelingScraper_v1","dc_date_year":2023,"dc_description":"Vergadering van de Gemeente Beekdaelen op 2023-02-15. Onderdeel: Raadsvoorstel inzake \"Concept regionaal beleidsplan politie 2024-2027\".","dc_identifier":"nl.gm1954.2c.2023.2834324-5","dc_publisher":"gm1954","dc_source":"https://beekdaelen.bestuurlijkeinformatie.nl/Agenda/Index/5b152692-99a0-4d5d-93f3-91b1652bfa26","dc_title":"Raadscommissie Bestuur en Middelen 2023-02-15 - Raadsvoorstel inzake \"Concept regionaal beleidsplan politie 2024-2027\"","dc_type":"2c","dc_type_description":"Vergaderstuk decentrale overheid","foi_fairiscoreVersions":{"v1":2,"v2":1},"foi_files":[{"dc_format":"application/pdf","dc_identifier":"nl.gm1954.2c.2023.2834324-5.doc.3","dc_source":"https://api1.ibabs.eu/publicdownload.aspx?site=Beekdaelen&id=cc49711a-6d01-4a0e-bf08-b7c7458a2e02","dc_title":"MvA Technische voorvragen VG Beleidsplan politie (B2)","dc_type":"bijlage","foi_fairiscoreVersions":{"v1":1,"v2":1},"foi_fileName":"MvA%20Technische%20voorvragen%20VG%20Beleidsplan%20politie%20%28B2%29.pdf","foi_nrPages":1},{"dc_format":"application/pdf","dc_identifier":"nl.gm1954.2c.2023.2834324-5.doc.2","dc_source":"https://api1.ibabs.eu/publicdownload.aspx?site=Beekdaelen&id=740c3f5f-49dc-429c-9393-f6cfc75bf3d7","dc_title":"Bijlage: Concept regionaal beleidsplan politie 2024-2027","dc_type":"bijlage","foi_fairiscoreVersions":{"v1":2,"v2":1},"foi_fileName":"Z%2F23%2F184919%20-%20326359%20-%20Concept%20regionaal%20beleidsplan%20politie%202024-2027.pdf","foi_nrPages":28},{"dc_format":"application/pdf","dc_identifier":"nl.gm1954.2c.2023.2834324-5.doc.1","dc_source":"https://api1.ibabs.eu/publicdownload.aspx?site=Beekdaelen&id=70072d93-4924-4b19-b723-a76e142cfdb1","dc_title":"Bijlage: Oplegnotitie en factsheet regionaal beleidsplan politie 2024-2027","dc_type":"bijlage","foi_fairiscoreVersions":{"v1":1,"v2":1},"foi_fileName":"Z%2F23%2F184919%20-%20326360%20-%20Oplegnotitie%20en%20factsheet%20regionaal%20beleidsplan%20politie%202024-2027.pdf","foi_nrPages":5}],"foi_nrDocuments":3,"foi_nrPagesInDossier":34,"foi_publishedDate":"2023-02-15","foi_retrievedDate":"2026-02-05"},{"dc_creator":"HandelingScraper_v1","dc_date_year":2023,"dc_description":"Vergadering van de Gemeente Beekdaelen op 2023-02-15. Onderdeel: Presentatie inzake Zorg- en Veiligheidshuis Parkstad.","dc_identifier":"nl.gm1954.2c.2023.2834324-6","dc_publisher":"gm1954","dc_source":"https://beekdaelen.bestuurlijkeinformatie.nl/Agenda/Index/5b152692-99a0-4d5d-93f3-91b1652bfa26","dc_title":"Raadscommissie Bestuur en Middelen 2023-02-15 - Presentatie inzake Zorg- en Veiligheidshuis Parkstad","dc_type":"2c","dc_type_description":"Vergaderstuk decentrale overheid","foi_fairiscoreVersions":{"v1":2,"v2":2},"foi_files":[{"dc_format":"application/pdf","dc_identifier":"nl.gm1954.2c.2023.2834324-6.doc.1","dc_source":"https://api1.ibabs.eu/publicdownload.aspx?site=Beekdaelen&id=02c5345a-beb1-4333-88c8-7adab8943f93","dc_title":"Format informatievoorziening presentatie ZVHP","dc_type":"bijlage","foi_fairiscoreVersions":{"v1":1,"v2":1},"foi_fileName":"Format%20informatievoorziening%20presentatie%20ZVHP.pdf","foi_nrPages":2},{"dc_format":"application/pdf","dc_identifier":"nl.gm1954.2c.2023.2834324-6.doc.2","dc_source":"https://api1.ibabs.eu/publicdownload.aspx?site=Beekdaelen&id=0ef9b450-5fc1-4b83-a247-01236faffcd7","dc_title":"Presentatie Zorg- en Veiligheidshuis Parkstad","dc_type":"bijlage","foi_fairiscoreVersions":{"v1":3,"v2":3},"foi_fileName":"Presentatie%20RCM%20Bestuur%20en%20Middelen%2015%20februari%20ZVHP.pdf","foi_nrPages":15}],"foi_nrDocuments":2,"foi_nrPagesInDossier":17,"foi_publishedDate":"2023-02-15","foi_retrievedDate":"2026-02-05"},{"dc_creator":"HandelingScraper_v1","dc_date_year":2023,"dc_description":"Vergadering van de Gemeente Beekdaelen op 2023-03-07. Onderdeel: Opening.","dc_identifier":"nl.gm1954.2c.2023.2834347-1","dc_publisher":"gm1954","dc_source":"https://beekdaelen.bestuurlijkeinformatie.nl/Agenda/Index/70b82cba-1c42-4b8d-a71e-92e3c0289424","dc_title":"Raadsvergadering 2023-03-07 - Opening","dc_type":"2c","dc_type_description":"Vergaderstuk decentrale overheid","foi_fairiscoreVersions":{"v1":1,"v2":1},"foi_files":[{"dc_format":"application/pdf","dc_identifier":"nl.gm1954.2c.2023.2834347-1.doc.1","dc_source":"https://api1.ibabs.eu/publicdownload.aspx?site=Beekdaelen&id=45fb78ec-d380-4688-89b2-0170befca998","dc_title":"Uitnodiging en voorlopige agenda raadsvergadering 7 maart 2023","dc_type":"bijlage","foi_fairiscoreVersions":{"v1":1,"v2":1},"foi_fileName":"Uitnodiging%20en%20voorlopige%20agenda%20raadsvergadering%207%20maart%202023.pdf","foi_nrPages":2}],"foi_nrDocuments":1,"foi_nrPagesInDossier":2,"foi_publishedDate":"2023-03-07","foi_retrievedDate":"2026-02-05"},{"dc_creator":"HandelingScraper_v1","dc_date_year":2023,"dc_description":"Vergadering van de Gemeente Beekdaelen op 2023-03-07. Onderdeel: Voorstel inzake benoeming commissievoorzitter, plv. commissievoorzitters en burgercommissieleden GroenLinks.","dc_identifier":"nl.gm1954.2c.2023.2834347-10","dc_publisher":"gm1954","dc_source":"https://beekdaelen.bestuurlijkeinformatie.nl/Agenda/Index/70b82cba-1c42-4b8d-a71e-92e3c0289424","dc_title":"Raadsvergadering 2023-03-07 - Voorstel inzake benoeming commissievoorzitter, plv. commissievoorzitters en burgercommissieleden GroenLinks","dc_type":"2c","dc_type_description":"Vergaderstuk decentrale overheid","foi_fairiscoreVersions":{"v1":2,"v2":1},"foi_files":[{"dc_format":"application/pdf","dc_identifier":"nl.gm1954.2c.2023.2834347-10.doc.2","dc_source":"https://api1.ibabs.eu/publicdownload.aspx?site=Beekdaelen&id=146f1b68-f995-4c1e-9753-0d00e7338470","dc_title":"Raadsbesluit inzake benoeming commissievoorzitter cie. SL, plv. commissievoorzitters en commissieleden GL, vastgesteld 07.03.2023","dc_type":"bijlage","foi_fairiscoreVersions":{"v1":1,"v2":1},"foi_fileName":"RBS%20inzake%20benoeming%20commissievoorzitter%20cie%20SL_%20plv.%20commissievoorzitters%20en%20commissieleden%20GL.pdf","foi_nrPages":1},{"dc_format":"application/pdf","dc_identifier":"nl.gm1954.2c.2023.2834347-10.doc.1","dc_source":"https://api1.ibabs.eu/publicdownload.aspx?site=Beekdaelen&id=db29bb81-7fab-4df4-aae8-ea92b2bcadba","dc_title":"Raadsvoorstel inzake benoeming commissievoorzitter cie. SL, plv. commissievoorzitters en commissieleden GL","dc_type":"bijlage","foi_fairiscoreVersions":{"v1":2,"v2":1},"foi_fileName":"RVS%20inzake%20benoeming%20commissievooriztter%20cie.%20SL_%20plv.%20commissievoorzitters%20en%20commissieleden%20GL.pdf","foi_nrPages":2}],"foi_nrDocuments":2,"foi_nrPagesInDossier":3,"foi_publishedDate":"2023-03-07","foi_retrievedDate":"2025-12-02"},{"dc_creator":"HandelingScraper_v1","dc_date_year":2023,"dc_description":"Vergadering van de Gemeente Beekdaelen op 2023-03-07. Onderdeel: Voorstel inzake opheffen en opleggen geheimhouding Nuinhofwijk.","dc_identifier":"nl.gm1954.2c.2023.2834347-11","dc_publisher":"gm1954","dc_source":"https://beekdaelen.bestuurlijkeinformatie.nl/Agenda/Index/70b82cba-1c42-4b8d-a71e-92e3c0289424","dc_title":"Raadsvergadering 2023-03-07 - Voorstel inzake opheffen en opleggen geheimhouding Nuinhofwijk","dc_type":"2c","dc_type_description":"Vergaderstuk decentrale overheid","foi_fairiscoreVersions":{"v1":null,"v2":null},"foi_files":[{"dc_format":"application/pdf","dc_identifier":"nl.gm1954.2c.2023.2834347-11.doc.2","dc_source":"https://api1.ibabs.eu/publicdownload.aspx?site=Beekdaelen&id=20ab3c2a-7045-4d0d-b1e4-d2a5a54a5b98","dc_title":"Raadsbesluit inzake opleggen en opheffen geheimhouding Nuinhofwijk, vastgesteld 07.03.2023","dc_type":"bijlage","foi_fileName":"RBS%20inzake%20opleggen%20en%20opheffen%20geheimhouding%20Nuinhofwijk.pdf"},{"dc_format":"application/pdf","dc_identifier":"nl.gm1954.2c.2023.2834347-11.doc.1","dc_source":"https://api1.ibabs.eu/publicdownload.aspx?site=Beekdaelen&id=3c0a1684-690e-4535-ab8d-3d9fdb92c37b","dc_title":"Raadsvoorstel inzake opleggen en opheffen geheimhouding Nuinhofwijk","dc_type":"bijlage","foi_fileName":"RVS%20inzake%20opleggen%20en%20opheffen%20geheimhouding%20Nuinhofwijk.pdf"}],"foi_nrDocuments":2,"foi_nrPagesInDossier":0,"foi_publishedDate":"2023-03-07","foi_retrievedDate":"2025-12-01"},{"dc_creator":"HandelingScraper_v1","dc_date_year":2023,"dc_description":"Vergadering van de Gemeente Beekdaelen op 2023-03-07. Onderdeel: Voorstel inzake Delegatiebesluit Omgevingsplan.","dc_identifier":"nl.gm1954.2c.2023.2834347-12","dc_publisher":"gm1954","dc_source":"https://beekdaelen.bestuurlijkeinformatie.nl/Agenda/Index/70b82cba-1c42-4b8d-a71e-92e3c0289424","dc_title":"Raadsvergadering 2023-03-07 - Voorstel inzake Delegatiebesluit Omgevingsplan","dc_type":"2c","dc_type_description":"Vergaderstuk decentrale overheid","foi_fairiscoreVersions":{"v1":1,"v2":1},"foi_files":[{"dc_format":"application/pdf","dc_identifier":"nl.gm1954.2c.2023.2834347-12.doc.1","dc_source":"https://api1.ibabs.eu/publicdownload.aspx?site=Beekdaelen&id=6a5341e1-3e2e-40be-bd2b-259e9a433847","dc_title":"Raadsvoorstel inzake delegatiebesluit omgevingsplan","dc_type":"bijlage","foi_fairiscoreVersions":{"v1":1,"v2":1},"foi_fileName":"Z%2F23%2F184518%20-%20325441%20-%20raadsvoorstel%20inzake%20delegatiebesluit%20omgevingsplan.pdf","foi_nrPages":5},{"dc_format":"application/pdf","dc_identifier":"nl.gm1954.2c.2023.2834347-12.doc.2","dc_source":"https://api1.ibabs.eu/publicdownload.aspx?site=Beekdaelen&id=eae887d6-5324-44bc-9949-ae8af4db318f","dc_title":"Bijlage 1: Raadsbesluit inzake delegatiebesluit omgevingsplan","dc_type":"bijlage","foi_fairiscoreVersions":{"v1":1,"v2":1},"foi_fileName":"Z%2F23%2F184518%20-%20325442%20-%20delegatiebesluit%20omgevingsplan.pdf","foi_nrPages":2}],"foi_nrDocuments":2,"foi_nrPagesInDossier":7,"foi_publishedDate":"2023-03-07","foi_retrievedDate":"2026-02-05"},{"dc_creator":"HandelingScraper_v1","dc_date_year":2023,"dc_description":"Vergadering van de Gemeente Beekdaelen op 2023-03-07. Onderdeel: Voorstel inzake Omgevingswet - Bindend Adviesrecht.","dc_identifier":"nl.gm1954.2c.2023.2834347-13","dc_publisher":"gm1954","dc_source":"https://beekdaelen.bestuurlijkeinformatie.nl/Agenda/Index/70b82cba-1c42-4b8d-a71e-92e3c0289424","dc_title":"Raadsvergadering 2023-03-07 - Voorstel inzake Omgevingswet - Bindend Adviesrecht","dc_type":"2c","dc_type_description":"Vergaderstuk decentrale overheid","foi_fairiscoreVersions":{"v1":1,"v2":1},"foi_files":[{"dc_format":"application/pdf","dc_identifier":"nl.gm1954.2c.2023.2834347-13.doc.2","dc_source":"https://api1.ibabs.eu/publicdownload.aspx?site=Beekdaelen&id=1fd41a32-0456-4995-8fa4-fe3c1fc8d231","dc_title":"Bijlage 1 Raadsbesluit Omgevingswet Bindend Adviesrecht.pdf","dc_type":"bijlage","foi_fairiscoreVersions":{"v1":1,"v2":1},"foi_fileName":"Bijlage%201%20Raadsbesluit%20Omgevingswet%20Bindend%20Adviesrecht.pdf","foi_nrPages":1},{"dc_format":"application/pdf","dc_identifier":"nl.gm1954.2c.2023.2834347-13.doc.3","dc_source":"https://api1.ibabs.eu/publicdownload.aspx?site=Beekdaelen&id=22143e29-9dc1-4343-94c8-be11572675d9","dc_title":"Bijlage 2 Lijst van gevallen bindend adviesrecht gemeente Beekdaelen.pdf","dc_type":"bijlage","foi_fairiscoreVersions":{"v1":1,"v2":1},"foi_fileName":"Bijlage%202%20Lijst%20van%20gevallen%20bindend%20adviesrecht%20gemeente%20Beekdaelen.pdf","foi_nrPages":4},{"dc_format":"application/pdf","dc_identifier":"nl.gm1954.2c.2023.2834347-13.doc.1","dc_source":"https://api1.ibabs.eu/publicdownload.aspx?site=Beekdaelen&id=28bce9e6-cc8d-4974-a022-05c6bd154067","dc_title":"Raadvoorstel Omgevingswet Bindend Adviesrecht.pdf","dc_type":"bijlage","foi_fairiscoreVersions":{"v1":1,"v2":1},"foi_fileName":"Raadvoorstel%20Omgevingswet%20Bindend%20Adviesrecht.pdf","foi_nrPages":4}],"foi_nrDocuments":3,"foi_nrPagesInDossier":9,"foi_publishedDate":"2023-03-07","foi_retrievedDate":"2025-11-29"},{"dc_creator":"HandelingScraper_v1","dc_date_year":2023,"dc_description":"Vergadering van de Gemeente Beekdaelen op 2023-03-07. Onderdeel: Voorstel inzake Omgevingswet - Verplichte Participatie.","dc_identifier":"nl.gm1954.2c.2023.2834347-14","dc_publisher":"gm1954","dc_source":"https://beekdaelen.bestuurlijkeinformatie.nl/Agenda/Index/70b82cba-1c42-4b8d-a71e-92e3c0289424","dc_title":"Raadsvergadering 2023-03-07 - Voorstel inzake Omgevingswet - Verplichte Participatie","dc_type":"2c","dc_type_description":"Vergaderstuk decentrale overheid","foi_fairiscoreVersions":{"v1":2,"v2":2},"foi_files":[{"dc_format":"application/pdf","dc_identifier":"nl.gm1954.2c.2023.2834347-14.doc.2","dc_source":"https://api1.ibabs.eu/publicdownload.aspx?site=Beekdaelen&id=52653d2c-3dc0-43ab-84e0-67675de7af0e","dc_title":"Bijlage 1 Raadsbesluit Omgevingswet Verplichte Participatie.pdf","dc_type":"bijlage","foi_fairiscoreVersions":{"v1":1,"v2":1},"foi_fileName":"Bijlage%201%20Raadsbesluit%20Omgevingswet%20Verplichte%20Participatie.pdf","foi_nrPages":1},{"dc_format":"application/pdf","dc_identifier":"nl.gm1954.2c.2023.2834347-14.doc.3","dc_source":"https://api1.ibabs.eu/publicdownload.aspx?site=Beekdaelen&id=5ca0f3bf-5185-499b-b34c-4771958b1c14","dc_title":"Bijlage 2 Lijst van gevallen van verplichte participatie.pdf","dc_type":"bijlage","foi_fairiscoreVersions":{"v1":1,"v2":1},"foi_fileName":"Bijlage%202%20Lijst%20van%20gevallen%20van%20verplichte%20participatie.pdf","foi_nrPages":4},{"dc_format":"application/pdf","dc_identifier":"nl.gm1954.2c.2023.2834347-14.doc.4","dc_source":"https://api1.ibabs.eu/publicdownload.aspx?site=Beekdaelen&id=0d7ab0f0-a876-4b7b-9318-8377765c9646","dc_title":"Bijlage 3 Folder Participatie gemeente Beekdaelen.pdf","dc_type":"bijlage","foi_fairiscoreVersions":{"v1":1,"v2":1},"foi_fileName":"Bijlage%203%20Folder%20Participatie%20gemeente%20Beekdaelen.pdf","foi_nrPages":2},{"dc_format":"application/pdf","dc_identifier":"nl.gm1954.2c.2023.2834347-14.doc.5","dc_source":"https://api1.ibabs.eu/publicdownload.aspx?site=Beekdaelen&id=3c64e58c-f32f-4d68-b89e-91a7d081ceb0","dc_title":"Bijlage 4 Handreiking Participatie gemeente Beekdaelen.pdf","dc_type":"bijlage","foi_fairiscoreVersions":{"v1":2,"v2":2},"foi_fileName":"Bijlage%204%20Handreiking%20Participatie%20gemeente%20Beekdaelen.pdf","foi_nrPages":14},{"dc_format":"application/pdf","dc_identifier":"nl.gm1954.2c.2023.2834347-14.doc.6","dc_source":"https://api1.ibabs.eu/publicdownload.aspx?site=Beekdaelen&id=63bb6302-4ce5-4a01-b998-db450c328e03","dc_title":"Bijlage 5 Participatieverslag Extern.pdf","dc_type":"bijlage","foi_fairiscoreVersions":{"v1":1,"v2":1},"foi_fileName":"Bijlage%205%20Participatieverslag%20Extern.pdf","foi_nrPages":2},{"dc_format":"application/pdf","dc_identifier":"nl.gm1954.2c.2023.2834347-14.doc.1","dc_source":"https://api1.ibabs.eu/publicdownload.aspx?site=Beekdaelen&id=a91c92b9-b260-453d-8ab1-38181645e713","dc_title":"Raadsvoorstel Omgevingswet Verplichte Participatie.pdf","dc_type":"bijlage","foi_fairiscoreVersions":{"v1":1,"v2":1},"foi_fileName":"Raadsvoorstel%20Omgevingswet%20Verplichte%20Participatie.pdf","foi_nrPages":5}],"foi_nrDocuments":6,"foi_nrPagesInDossier":28,"foi_publishedDate":"2023-03-07","foi_retrievedDate":"2026-01-23"},{"dc_creator":"HandelingScraper_v1","dc_date_year":2023,"dc_description":"Vergadering van de Gemeente Beekdaelen op 2023-03-07. Onderdeel: Voorstel inzake actualisatie Erfgoedverordening Beekdaelen 2023.","dc_identifier":"nl.gm1954.2c.2023.2834347-15","dc_publisher":"gm1954","dc_source":"https://beekdaelen.bestuurlijkeinformatie.nl/Agenda/Index/70b82cba-1c42-4b8d-a71e-92e3c0289424","dc_title":"Raadsvergadering 2023-03-07 - Voorstel inzake actualisatie Erfgoedverordening Beekdaelen 2023","dc_type":"2c","dc_type_description":"Vergaderstuk decentrale overheid","foi_fairiscoreVersions":{"v1":1,"v2":1},"foi_files":[{"dc_format":"application/pdf","dc_identifier":"nl.gm1954.2c.2023.2834347-15.doc.4","dc_source":"https://api1.ibabs.eu/publicdownload.aspx?site=Beekdaelen&id=4292c378-4942-4d2e-9a1d-f2dc40c040ae","dc_title":"Aangepaste was-wordt tabel","dc_type":"bijlage","foi_fairiscoreVersions":{"v1":1,"v2":1},"foi_fileName":"Aangepaste%20was-wordt%20tabel.pdf","foi_nrPages":1},{"dc_format":"application/pdf","dc_identifier":"nl.gm1954.2c.2023.2834347-15.doc.3","dc_source":"https://api1.ibabs.eu/publicdownload.aspx?site=Beekdaelen&id=c7058d05-893f-408a-85ee-0118acb5f81b","dc_title":"Erfgoedverordening na amendering, vastgesteld 07.03.2023","dc_type":"bijlage","foi_fairiscoreVersions":{"v1":1,"v2":1},"foi_fileName":"Erfgoedverordening%20na%20amendering.pdf","foi_nrPages":9},{"dc_format":"application/pdf","dc_identifier":"nl.gm1954.2c.2023.2834347-15.doc.2","dc_source":"https://api1.ibabs.eu/publicdownload.aspx?site=Beekdaelen&id=f26fd140-8ab3-4df0-9c72-c5819625b9a0","dc_title":"Raadsbesluit inzake actualisatie Erfgoedverordening Beekdaelen 2023 na amendering, vastgesteld 07.03.2023","dc_type":"bijlage","foi_fairiscoreVersions":{"v1":1,"v2":1},"foi_fileName":"Raadsbesluit%20na%20amendering.pdf","foi_nrPages":1},{"dc_format":"application/pdf","dc_identifier":"nl.gm1954.2c.2023.2834347-15.doc.1","dc_source":"https://api1.ibabs.eu/publicdownload.aspx?site=Beekdaelen&id=c736669e-c6b4-4668-a270-f8fb65e6b943","dc_title":"Raadsvoorstel Erfgoedverordening Beekdaelen 2023 (actualisatie)","dc_type":"bijlage","foi_fairiscoreVersions":{"v1":1,"v2":1},"foi_fileName":"Z%2F22%2F179295%20-%20313453%20%20raadsvoorstel%20Erfgoedverordening%20Beekdaelen%202023%20%28actualisatie%29.pdf","foi_nrPages":2}],"foi_nrDocuments":4,"foi_nrPagesInDossier":13,"foi_publishedDate":"2023-03-07","foi_retrievedDate":"2025-11-30"},{"dc_creator":"HandelingScraper_v1","dc_date_year":2023,"dc_description":"Vergadering van de Gemeente Beekdaelen op 2023-03-07. Onderdeel: Amendement PvdA en D66 inzake aanpassing artikel 6 verordening UNANIEM AANGENOMEN.","dc_identifier":"nl.gm1954.2c.2023.2834347-16","dc_publisher":"gm1954","dc_source":"https://beekdaelen.bestuurlijkeinformatie.nl/Agenda/Index/70b82cba-1c42-4b8d-a71e-92e3c0289424","dc_title":"Raadsvergadering 2023-03-07 - Amendement PvdA en D66 inzake aanpassing artikel 6 verordening UNANIEM AANGENOMEN","dc_type":"2c","dc_type_description":"Vergaderstuk decentrale overheid","foi_fairiscoreVersions":{"v1":1,"v2":1},"foi_files":[{"dc_format":"application/pdf","dc_identifier":"nl.gm1954.2c.2023.2834347-16.doc.1","dc_source":"https://api1.ibabs.eu/publicdownload.aspx?site=Beekdaelen&id=da62ae08-c07c-491a-a639-90794265b6fe","dc_title":"Amendement PvdA en D66 inzake Erfgoedverordening UNANIEM AANGENOMEN","dc_type":"bijlage","foi_fairiscoreVersions":{"v1":1,"v2":1},"foi_fileName":"Amendement%20PvdA%20en%20D66%20inzake%20Erfgoedverordening%20UNANIEM%20AANGENOMEN.pdf","foi_nrPages":1}],"foi_nrDocuments":1,"foi_nrPagesInDossier":1,"foi_publishedDate":"2023-03-07","foi_retrievedDate":"2025-11-29"},{"dc_creator":"HandelingScraper_v1","dc_date_year":2023,"dc_description":"Vergadering van de Gemeente Beekdaelen op 2023-03-07. Onderdeel: Voorstel inzake Eindevaluatie en structurele voortzetting dorpsco\u00f6rdinator.","dc_identifier":"nl.gm1954.2c.2023.2834347-17","dc_publisher":"gm1954","dc_source":"https://beekdaelen.bestuurlijkeinformatie.nl/Agenda/Index/70b82cba-1c42-4b8d-a71e-92e3c0289424","dc_title":"Raadsvergadering 2023-03-07 - Voorstel inzake Eindevaluatie en structurele voortzetting dorpsco\u00f6rdinator","dc_type":"2c","dc_type_description":"Vergaderstuk decentrale overheid","foi_fairiscoreVersions":{"v1":2,"v2":1},"foi_files":[{"dc_format":"application/pdf","dc_identifier":"nl.gm1954.2c.2023.2834347-17.doc.4","dc_source":"https://api1.ibabs.eu/publicdownload.aspx?site=Beekdaelen&id=6747bc92-861e-463b-8d1c-aff93c9e14ed","dc_title":"Begrotingswijziging 3.1 dorpsco\u00f6rdinator","dc_type":"bijlage","foi_fairiscoreVersions":{"v1":1,"v2":1},"foi_fileName":"Begrotingswijziging%203.1%20dorpsco%C3%B6rdinator.pdf","foi_nrPages":1},{"dc_format":"application/pdf","dc_identifier":"nl.gm1954.2c.2023.2834347-17.doc.1","dc_source":"https://api1.ibabs.eu/publicdownload.aspx?site=Beekdaelen&id=6ce2423e-c3e0-4435-85c9-c647e351071d","dc_title":"Raadsvoorstel inzake eindevaluatie en structurele voortzetting dorpsco\u00f6rdinator","dc_type":"bijlage","foi_fairiscoreVersions":{"v1":1,"v2":1},"foi_fileName":"Z%2F23%2F184660%20-%20325839%20-%20Raadsvoorstel%20eind%20evaluatie%20dorpsco%C3%B6rdinator.pdf","foi_nrPages":3},{"dc_format":"application/pdf","dc_identifier":"nl.gm1954.2c.2023.2834347-17.doc.2","dc_source":"https://api1.ibabs.eu/publicdownload.aspx?site=Beekdaelen&id=8dc3d808-23fa-4fa7-b22f-b0d1c51472e3","dc_title":"Raadsbesluit inzake eindevaluatie en structurele voortzetting dorpsco\u00f6rdinator, vastgesteld 07.03.2023","dc_type":"bijlage","foi_fairiscoreVersions":{"v1":1,"v2":1},"foi_fileName":"Z%2F23%2F184660%20-%20326173%20-%20Raadbesluit%20eind%20evaluatie%20dorpsco%C3%B6rdinator.pdf","foi_nrPages":1},{"dc_format":"application/pdf","dc_identifier":"nl.gm1954.2c.2023.2834347-17.doc.3","dc_source":"https://api1.ibabs.eu/publicdownload.aspx?site=Beekdaelen&id=d8e26e8e-ff18-4b5b-a6a6-29febc865059","dc_title":"Rapportage evaluatie dorpsco\u00f6rdinator","dc_type":"bijlage","foi_fairiscoreVersions":{"v1":2,"v2":1},"foi_fileName":"Z%2F23%2F184660%20-%20327029%20-%20evaluatie%20dorpsco%C3%B6rdinator%20def.pdf","foi_nrPages":24}],"foi_nrDocuments":4,"foi_nrPagesInDossier":29,"foi_publishedDate":"2023-03-07","foi_retrievedDate":"2025-11-29"},{"dc_creator":"HandelingScraper_v1","dc_date_year":2023,"dc_description":"Vergadering van de Gemeente Beekdaelen op 2023-03-07. Onderdeel: Amendement VVD en PvdA inzake dorpsco\u00f6rdinator VERWORPEN.","dc_identifier":"nl.gm1954.2c.2023.2834347-18","dc_publisher":"gm1954","dc_source":"https://beekdaelen.bestuurlijkeinformatie.nl/Agenda/Index/70b82cba-1c42-4b8d-a71e-92e3c0289424","dc_title":"Raadsvergadering 2023-03-07 - Amendement VVD en PvdA inzake dorpsco\u00f6rdinator VERWORPEN","dc_type":"2c","dc_type_description":"Vergaderstuk decentrale overheid","foi_fairiscoreVersions":{"v1":1,"v2":1},"foi_files":[{"dc_format":"application/pdf","dc_identifier":"nl.gm1954.2c.2023.2834347-18.doc.1","dc_source":"https://api1.ibabs.eu/publicdownload.aspx?site=Beekdaelen&id=51cce9ad-9a5e-425c-baf0-60dfe10cb63c","dc_title":"Amendement VVD en PvdA inzake dorpsco\u00f6rdinator VERWORPEN","dc_type":"bijlage","foi_fairiscoreVersions":{"v1":1,"v2":1},"foi_fileName":"Amendement%20VVD%20en%20PvdA%20inzake%20dorpsco%C3%B6rdinator%20VERWORPEN.pdf","foi_nrPages":1}],"foi_nrDocuments":1,"foi_nrPagesInDossier":1,"foi_publishedDate":"2023-03-07","foi_retrievedDate":"2025-11-29"},{"dc_creator":"HandelingScraper_v1","dc_date_year":2023,"dc_description":"Vergadering van de Gemeente Beekdaelen op 2023-03-07. Onderdeel: Voorstel inzake Integraal Veiligheidsplan SVBBL 2023-2026.","dc_identifier":"nl.gm1954.2c.2023.2834347-19","dc_publisher":"gm1954","dc_source":"https://beekdaelen.bestuurlijkeinformatie.nl/Agenda/Index/70b82cba-1c42-4b8d-a71e-92e3c0289424","dc_title":"Raadsvergadering 2023-03-07 - Voorstel inzake Integraal Veiligheidsplan SVBBL 2023-2026","dc_type":"2c","dc_type_description":"Vergaderstuk decentrale overheid","foi_fairiscoreVersions":{"v1":2,"v2":2},"foi_files":[{"dc_format":"application/pdf","dc_identifier":"nl.gm1954.2c.2023.2834347-19.doc.1","dc_source":"https://api1.ibabs.eu/publicdownload.aspx?site=Beekdaelen&id=5562a3bf-a580-40c7-9d40-805bdf492505","dc_title":"Raadsvoorstel Integraal Veiligheidsplan SVBBL 2023-2026","dc_type":"bijlage","foi_fairiscoreVersions":{"v1":1,"v2":1},"foi_fileName":"320109_1.DOCX%20-%20Z22179745%20-%20320109%20-%20Kadernota%20Integrale%20Veiligheid%20SVBBL%202023-2026.pdf","foi_nrPages":11},{"dc_format":"application/pdf","dc_identifier":"nl.gm1954.2c.2023.2834347-19.doc.2","dc_source":"https://api1.ibabs.eu/publicdownload.aspx?site=Beekdaelen&id=1a0c4635-582d-4d79-b050-bcb7ae4bf37b","dc_title":"Raadsbesluit Integraal Veiligheidsplan SVBBL 2023-2026, vastgesteld 07.03.2023","dc_type":"bijlage","foi_fairiscoreVersions":{"v1":1,"v2":1},"foi_fileName":"Z%2F22%2F179745%20-%20320113%20-%20Kadernota%20Integrale%20Veiligheid%20SVBBL%202023-2026.pdf","foi_nrPages":1},{"dc_format":"application/pdf","dc_identifier":"nl.gm1954.2c.2023.2834347-19.doc.4","dc_source":"https://api1.ibabs.eu/publicdownload.aspx?site=Beekdaelen&id=550af75d-546f-4166-8322-42d404d88494","dc_title":"Rapportage Parkstadmonitor 2021 Beekdaelen","dc_type":"bijlage","foi_fairiscoreVersions":{"v1":2,"v2":3},"foi_fileName":"Z%2F22%2F179745%20-%20326328%20-%20Rapportage%20Parkstadmonitor%202021%20Beekdaelen.pdf","foi_nrPages":46},{"dc_format":"application/pdf","dc_identifier":"nl.gm1954.2c.2023.2834347-19.doc.3","dc_source":"https://api1.ibabs.eu/publicdownload.aspx?site=Beekdaelen&id=3219fdf3-e624-4235-8736-91188dbf549c","dc_title":"Integraal Veiligheidsplan SVBBL 2023-2026","dc_type":"bijlage","foi_fairiscoreVersions":{"v1":2,"v2":2},"foi_fileName":"Z%2F22%2F179745%20-%20326800%20-%20Integraal%20Veiligheidsplan%20SVBBL%202023-2026.pdf","foi_nrPages":22}],"foi_nrDocuments":4,"foi_nrPagesInDossier":80,"foi_publishedDate":"2023-03-07","foi_retrievedDate":"2025-11-29"},{"dc_creator":"HandelingScraper_v1","dc_date_year":2023,"dc_description":"Vergadering van de Gemeente Beekdaelen op 2023-03-07. Onderdeel: Vaststelling van de agenda.","dc_identifier":"nl.gm1954.2c.2023.2834347-2","dc_publisher":"gm1954","dc_source":"https://beekdaelen.bestuurlijkeinformatie.nl/Agenda/Index/70b82cba-1c42-4b8d-a71e-92e3c0289424","dc_title":"Raadsvergadering 2023-03-07 - Vaststelling van de agenda","dc_type":"2c","dc_type_description":"Vergaderstuk decentrale overheid","foi_fairiscoreVersions":{"v1":1,"v2":1},"foi_files":[{"dc_format":"application/pdf","dc_identifier":"nl.gm1954.2c.2023.2834347-2.doc.1","dc_source":"https://api1.ibabs.eu/publicdownload.aspx?site=Beekdaelen&id=f028b288-24e6-4c2d-8a46-3c3f505d3888","dc_title":"Vastgestelde agenda raadsvergadering 07.03.2023","dc_type":"bijlage","foi_fairiscoreVersions":{"v1":1,"v2":1},"foi_fileName":"Vastgestelde%20agenda%20raadsvergadering%2007.03.2023.pdf","foi_nrPages":1}],"foi_nrDocuments":1,"foi_nrPagesInDossier":1,"foi_publishedDate":"2023-03-07","foi_retrievedDate":"2025-12-06"},{"dc_creator":"HandelingScraper_v1","dc_date_year":2023,"dc_description":"Vergadering van de Gemeente Beekdaelen op 2023-03-07. Onderdeel: Vaststelling lijst ingekomen stukken.","dc_identifier":"nl.gm1954.2c.2023.2834347-20","dc_publisher":"gm1954","dc_source":"https://beekdaelen.bestuurlijkeinformatie.nl/Agenda/Index/70b82cba-1c42-4b8d-a71e-92e3c0289424","dc_title":"Raadsvergadering 2023-03-07 - Vaststelling lijst ingekomen stukken","dc_type":"2c","dc_type_description":"Vergaderstuk decentrale overheid","foi_fairiscoreVersions":{"v1":1,"v2":1},"foi_files":[{"dc_format":"application/pdf","dc_identifier":"nl.gm1954.2c.2023.2834347-20.doc.1","dc_source":"https://api1.ibabs.eu/publicdownload.aspx?site=Beekdaelen&id=1373fec1-6643-4f06-9e2d-1d976ed49e45","dc_title":"Lijst ingekomen stukken raad 07032023 versie 24.02.2023, vastgesteld 07.03.2023","dc_type":"bijlage","foi_fairiscoreVersions":{"v1":1,"v2":1},"foi_fileName":"Lijst%20ingekomen%20stukken%20raad%2007032023%20versie%2024.02.2023.pdf","foi_nrPages":6}],"foi_nrDocuments":1,"foi_nrPagesInDossier":6,"foi_publishedDate":"2023-03-07","foi_retrievedDate":"2025-11-29"},{"dc_creator":"HandelingScraper_v1","dc_date_year":2023,"dc_description":"Vergadering van de Gemeente Beekdaelen op 2023-03-07. Onderdeel: Vaststellen besluitenlijst openbare raadsvergadering d.d. 31 januari 2023.","dc_identifier":"nl.gm1954.2c.2023.2834347-3","dc_publisher":"gm1954","dc_source":"https://beekdaelen.bestuurlijkeinformatie.nl/Agenda/Index/70b82cba-1c42-4b8d-a71e-92e3c0289424","dc_title":"Raadsvergadering 2023-03-07 - Vaststellen besluitenlijst openbare raadsvergadering d.d. 31 januari 2023","dc_type":"2c","dc_type_description":"Vergaderstuk decentrale overheid","foi_fairiscoreVersions":{"v1":1,"v2":1},"foi_files":[{"dc_format":"application/pdf","dc_identifier":"nl.gm1954.2c.2023.2834347-3.doc.1","dc_source":"https://api1.ibabs.eu/publicdownload.aspx?site=Beekdaelen&id=3e413ebf-6043-4bcb-b5af-2c65184df382","dc_title":"Besluitenlijst raadsvergadering 31012023, vastgesteld 07.03.2023","dc_type":"bijlage","foi_fairiscoreVersions":{"v1":1,"v2":1},"foi_fileName":"Besluitenlijst%20raadsvergadering%2031012023.pdf","foi_nrPages":13}],"foi_nrDocuments":1,"foi_nrPagesInDossier":13,"foi_publishedDate":"2023-03-07","foi_retrievedDate":"2026-02-05"},{"dc_creator":"HandelingScraper_v1","dc_date_year":2023,"dc_description":"Vergadering van de Gemeente Beekdaelen op 2023-03-07. Onderdeel: Voorstel inzake Adviescommissie omgevingskwaliteit Beekdaelen.","dc_identifier":"nl.gm1954.2c.2023.2834347-4","dc_publisher":"gm1954","dc_source":"https://beekdaelen.bestuurlijkeinformatie.nl/Agenda/Index/70b82cba-1c42-4b8d-a71e-92e3c0289424","dc_title":"Raadsvergadering 2023-03-07 - Voorstel inzake Adviescommissie omgevingskwaliteit Beekdaelen","dc_type":"2c","dc_type_description":"Vergaderstuk decentrale overheid","foi_fairiscoreVersions":{"v1":1,"v2":1},"foi_files":[{"dc_format":"application/pdf","dc_identifier":"nl.gm1954.2c.2023.2834347-4.doc.3","dc_source":"https://api1.ibabs.eu/publicdownload.aspx?site=Beekdaelen&id=7c4ccfdd-f505-4d08-9f65-9b2966adcce8","dc_title":"Bijlage 1: Verordening Adviescommissie Omgevingskwaliteit Beekdaelen","dc_type":"bijlage","foi_fairiscoreVersions":{"v1":1,"v2":1},"foi_fileName":"Z%2F22%2F177923%20-%20310567%20-.pdf","foi_nrPages":6},{"dc_format":"application/pdf","dc_identifier":"nl.gm1954.2c.2023.2834347-4.doc.1","dc_source":"https://api1.ibabs.eu/publicdownload.aspx?site=Beekdaelen&id=b122feb8-2696-4b68-b19d-28d61af28ab4","dc_title":"Raadsvoorstel Adviescommissie Omgevingskwaliteit Beekdaelen","dc_type":"bijlage","foi_fairiscoreVersions":{"v1":1,"v2":1},"foi_fileName":"Z%2F22%2F177923%20-%20318883%20-%20Raadsvoorstel%3A%20Adviescommissie%20omgevingskwaliteit%20Beekdaelen.pdf","foi_nrPages":3},{"dc_format":"application/pdf","dc_identifier":"nl.gm1954.2c.2023.2834347-4.doc.2","dc_source":"https://api1.ibabs.eu/publicdownload.aspx?site=Beekdaelen&id=1f1fe1e1-962b-46df-812b-de2daee7889d","dc_title":"Bijlage 2: Raadsbesluit Adviescommissie Omgevingskwaliteit Beekdaelen","dc_type":"bijlage","foi_fairiscoreVersions":{"v1":1,"v2":1},"foi_fileName":"Z%2F22%2F177923%20-%20318884%20-%20Raadsbesluit%3A%20Adviescommissie%20omgevingskwaliteit%20Beekdaelen.pdf","foi_nrPages":1}],"foi_nrDocuments":3,"foi_nrPagesInDossier":10,"foi_publishedDate":"2023-03-07","foi_retrievedDate":"2026-01-22"},{"dc_creator":"HandelingScraper_v1","dc_date_year":2023,"dc_description":"Vergadering van de Gemeente Beekdaelen op 2023-03-07. Onderdeel: Voorstel inzake Eerste begrotingswijziging 2023 GR WOZL.","dc_identifier":"nl.gm1954.2c.2023.2834347-5","dc_publisher":"gm1954","dc_source":"https://beekdaelen.bestuurlijkeinformatie.nl/Agenda/Index/70b82cba-1c42-4b8d-a71e-92e3c0289424","dc_title":"Raadsvergadering 2023-03-07 - Voorstel inzake Eerste begrotingswijziging 2023 GR WOZL","dc_type":"2c","dc_type_description":"Vergaderstuk decentrale overheid","foi_fairiscoreVersions":{"v1":2,"v2":1},"foi_files":[{"dc_format":"application/pdf","dc_identifier":"nl.gm1954.2c.2023.2834347-5.doc.1","dc_source":"https://api1.ibabs.eu/publicdownload.aspx?site=Beekdaelen&id=5939ab5f-2228-4bd0-8029-bde419dda5be","dc_title":"Nota van wijziging raadsvoorstel Eerste begrotingswijziging 2023 WOZL","dc_type":"bijlage","foi_fairiscoreVersions":{"v1":1,"v2":1},"foi_fileName":"Nota%20van%20wijziging%20raadsvoorstel%20Eerste%20begrotingswijziging%202023%20WOZL.pdf","foi_nrPages":1},{"dc_format":"application/pdf","dc_identifier":"nl.gm1954.2c.2023.2834347-5.doc.3","dc_source":"https://api1.ibabs.eu/publicdownload.aspx?site=Beekdaelen&id=d78c95e1-9445-40e9-9c7e-9102c1a7cff0","dc_title":"Raadsbesluit na Nota van wijziging eerste begrotingswijziging 2023 WOZL, vastgesteld 07.03.2023","dc_type":"bijlage","foi_fairiscoreVersions":{"v1":1,"v2":1},"foi_fileName":"Raadsbesluit%20na%20Nota%20van%20wijziging%20eerste%20begrotingswijziging%202023%20WOZL.pdf","foi_nrPages":1},{"dc_format":"application/pdf","dc_identifier":"nl.gm1954.2c.2023.2834347-5.doc.2","dc_source":"https://api1.ibabs.eu/publicdownload.aspx?site=Beekdaelen&id=aeb6289f-1f12-4bf4-b429-1a2cdc10eca4","dc_title":"Raadsvoorstel na Nota van wijziging eerste begrotingswijziging 2023 WOZL","dc_type":"bijlage","foi_fairiscoreVersions":{"v1":1,"v2":1},"foi_fileName":"Raadsvoorstel%20na%20Nota%20van%20wijziging%20eerste%20begrotingswijziging%202023%20WOZL.pdf","foi_nrPages":6},{"dc_format":"application/pdf","dc_identifier":"nl.gm1954.2c.2023.2834347-5.doc.4","dc_source":"https://api1.ibabs.eu/publicdownload.aspx?site=Beekdaelen&id=a502614a-b470-43e9-ab16-94fb679e5f33","dc_title":"Bijlage: Eerste begrotingswijzing 2023 GR WOZL","dc_type":"bijlage","foi_fairiscoreVersions":{"v1":2,"v2":1},"foi_fileName":"Z%2F22%2F184187%20-%20325446%20-%20Eerste%20begrotingswijzing%202023%20GR%20WOZL.pdf","foi_nrPages":22},{"dc_format":"application/pdf","dc_identifier":"nl.gm1954.2c.2023.2834347-5.doc.5","dc_source":"https://api1.ibabs.eu/publicdownload.aspx?site=Beekdaelen&id=801b3673-2d65-4473-9dcf-8800b7f4250b","dc_title":"Bijlage: Factsheet eerste begrotingswijzing 2023 GR WOZL","dc_type":"bijlage","foi_fairiscoreVersions":{"v1":1,"v2":1},"foi_fileName":"Z%2F22%2F184187%20-%20325447%20-%20Factsheet%20eerste%20begrotingswijzing%202023%20GR%20WOZL.pdf","foi_nrPages":3},{"dc_format":"application/pdf","dc_identifier":"nl.gm1954.2c.2023.2834347-5.doc.6","dc_source":"https://api1.ibabs.eu/publicdownload.aspx?site=Beekdaelen&id=e55b110e-dcdb-49a2-97f1-f625de389b75","dc_title":"Bijlage: Uitgaande brief aan WOZL inzake raadsbesluit","dc_type":"bijlage","foi_fairiscoreVersions":{"v1":1,"v2":1},"foi_fileName":"Z%2F22%2F184187%20-%20325511%20-%20Uitgaande%20brief%20aan%20WOZL%20inzake%20raadsbesluit.pdf","foi_nrPages":1}],"foi_nrDocuments":6,"foi_nrPagesInDossier":34,"foi_publishedDate":"2023-03-07","foi_retrievedDate":"2025-12-07"},{"dc_creator":"HandelingScraper_v1","dc_date_year":2023,"dc_description":"Vergadering van de Gemeente Beekdaelen op 2023-03-07. Onderdeel: Voorstel inzake Eerste begrotingswijziging 2023 GR WSP Parkstad.","dc_identifier":"nl.gm1954.2c.2023.2834347-6","dc_publisher":"gm1954","dc_source":"https://beekdaelen.bestuurlijkeinformatie.nl/Agenda/Index/70b82cba-1c42-4b8d-a71e-92e3c0289424","dc_title":"Raadsvergadering 2023-03-07 - Voorstel inzake Eerste begrotingswijziging 2023 GR WSP Parkstad","dc_type":"2c","dc_type_description":"Vergaderstuk decentrale overheid","foi_fairiscoreVersions":{"v1":2,"v2":1},"foi_files":[{"dc_format":"application/pdf","dc_identifier":"nl.gm1954.2c.2023.2834347-6.doc.1","dc_source":"https://api1.ibabs.eu/publicdownload.aspx?site=Beekdaelen&id=46b85dc4-35c0-45e2-a96f-5dfa361274f2","dc_title":"Nota van Wijziging raadsvoorstel Eerste begrotingswijzing 2023 WSP Parkstad","dc_type":"bijlage","foi_fairiscoreVersions":{"v1":1,"v2":1},"foi_fileName":"Nota%20van%20Wijziging%20raadsvoorstel%20Eerste%20begrotingswijzing%202023%20WSP%20Parkstad.pdf","foi_nrPages":1},{"dc_format":"application/pdf","dc_identifier":"nl.gm1954.2c.2023.2834347-6.doc.3","dc_source":"https://api1.ibabs.eu/publicdownload.aspx?site=Beekdaelen&id=f1d84a00-7480-487f-ba47-28c5eda34b43","dc_title":"Raadsbesluit na Nota van wijziging eerste begrotingswijziging 2023 WSP Parkstad, vastgesteld 07.03.2023","dc_type":"bijlage","foi_fairiscoreVersions":{"v1":1,"v2":1},"foi_fileName":"Raadsbesluit%20na%20Nota%20van%20wijziging%20eerste%20begrotingswijziging%202023%20WSP%20Parkstad.pdf","foi_nrPages":1},{"dc_format":"application/pdf","dc_identifier":"nl.gm1954.2c.2023.2834347-6.doc.2","dc_source":"https://api1.ibabs.eu/publicdownload.aspx?site=Beekdaelen&id=4d5e4a60-e009-4532-b816-d4dc83d063ca","dc_title":"Raadsvoorstel na Nota van wijziging eesrte begrotingswijziging 2023 WSP Parkstad","dc_type":"bijlage","foi_fairiscoreVersions":{"v1":2,"v2":1},"foi_fileName":"Raadsvoorstel%20na%20Nota%20van%20wijziging%20eesrte%20begrotingswijziging%202023%20WSP%20Parkstad.pdf","foi_nrPages":5},{"dc_format":"application/pdf","dc_identifier":"nl.gm1954.2c.2023.2834347-6.doc.4","dc_source":"https://api1.ibabs.eu/publicdownload.aspx?site=Beekdaelen&id=70157b06-3bcf-4228-b6d2-bf94eed1aa3f","dc_title":"Bijlage: Eerste begrotingswijziging 2023 GR WSP Parkstad","dc_type":"bijlage","foi_fairiscoreVersions":{"v1":2,"v2":1},"foi_fileName":"Z%2F22%2F184191%20-%20325578%20-%20Eerste%20begrotingswijziging%202023%20GR%20WSP%20Parkstad.pdf","foi_nrPages":22},{"dc_format":"application/pdf","dc_identifier":"nl.gm1954.2c.2023.2834347-6.doc.5","dc_source":"https://api1.ibabs.eu/publicdownload.aspx?site=Beekdaelen&id=55311016-9293-4ac4-8ff1-a5a3afb92c6f","dc_title":"Bijlage: Factsheet eerste begrotingswijziging 2023 GR WSP Parkstad","dc_type":"bijlage","foi_fairiscoreVersions":{"v1":1,"v2":1},"foi_fileName":"Z%2F22%2F184191%20-%20325579%20-%20Factsheet%20eerste%20begrotingswijziging%202023%20GR%20WSP%20Parkstad.pdf","foi_nrPages":3},{"dc_format":"application/pdf","dc_identifier":"nl.gm1954.2c.2023.2834347-6.doc.6","dc_source":"https://api1.ibabs.eu/publicdownload.aspx?site=Beekdaelen&id=84a29c44-dbee-4382-9775-a185de7f5ffd","dc_title":"Bijlage: Uitgaande brief aan WSP Parkstad inzake raadsbesluit","dc_type":"bijlage","foi_fairiscoreVersions":{"v1":1,"v2":1},"foi_fileName":"Z%2F22%2F184191%20-%20325663%20-%20Uitgaande%20brief%20aan%20WSP%20Parkstad%20inzake%20raadsbesluit.pdf","foi_nrPages":1}],"foi_nrDocuments":6,"foi_nrPagesInDossier":33,"foi_publishedDate":"2023-03-07","foi_retrievedDate":"2026-02-05"},{"dc_creator":"HandelingScraper_v1","dc_date_year":2023,"dc_description":"Vergadering van de Gemeente Beekdaelen op 2023-03-07. Onderdeel: Voorstel inzake Proces strategisch accommodatiebeleid.","dc_identifier":"nl.gm1954.2c.2023.2834347-7","dc_publisher":"gm1954","dc_source":"https://beekdaelen.bestuurlijkeinformatie.nl/Agenda/Index/70b82cba-1c42-4b8d-a71e-92e3c0289424","dc_title":"Raadsvergadering 2023-03-07 - Voorstel inzake Proces strategisch accommodatiebeleid","dc_type":"2c","dc_type_description":"Vergaderstuk decentrale overheid","foi_fairiscoreVersions":{"v1":2,"v2":1},"foi_files":[{"dc_format":"application/pdf","dc_identifier":"nl.gm1954.2c.2023.2834347-7.doc.3","dc_source":"https://api1.ibabs.eu/publicdownload.aspx?site=Beekdaelen&id=c78545b8-5ed3-4839-9553-d644713dd4fa","dc_title":"Procesvoorstel Strategisch Accommodatiebeleid AANGEPAST","dc_type":"bijlage","foi_fairiscoreVersions":{"v1":2,"v2":1},"foi_fileName":"Procesvoorstel%20Strategisch%20Accommodatiebeleid.pdf","foi_nrPages":10},{"dc_format":"application/pdf","dc_identifier":"nl.gm1954.2c.2023.2834347-7.doc.2","dc_source":"https://api1.ibabs.eu/publicdownload.aspx?site=Beekdaelen&id=e73ed645-6c16-421f-9f4b-e698b82be2b6","dc_title":"Raadsbesluit inzake Procesvoorstel Strategisch Accommodatiebeleid, vastgesteld 07.03.2023","dc_type":"bijlage","foi_fairiscoreVersions":{"v1":1,"v2":1},"foi_fileName":"Raadsbesluit%20-%20325781%20-%20Procesvoorstel%20Strategisch%20Accommodatiebeleid.pdf","foi_nrPages":1},{"dc_format":"application/pdf","dc_identifier":"nl.gm1954.2c.2023.2834347-7.doc.1","dc_source":"https://api1.ibabs.eu/publicdownload.aspx?site=Beekdaelen&id=15bcee24-d016-4e6b-ab9a-cc3c735adead","dc_title":"Raadsvoorstel inzake Procesvoorstel Strategisch Accommodatiebeleid","dc_type":"bijlage","foi_fairiscoreVersions":{"v1":1,"v2":1},"foi_fileName":"Raadsvoorstel%20-%20325459%20-%20Procesvoorstel%20Strategisch%20Accommodatiebeleid.pdf","foi_nrPages":3},{"dc_format":"application/pdf","dc_identifier":"nl.gm1954.2c.2023.2834347-7.doc.4","dc_source":"https://api1.ibabs.eu/publicdownload.aspx?site=Beekdaelen&id=b4584707-e3e2-4045-be31-44284cf215a2","dc_title":"Rapport stand van zaken strategisch accommodatiebeleid","dc_type":"bijlage","foi_fairiscoreVersions":{"v1":2,"v2":1},"foi_fileName":"Rapport%20stand%20van%20zaken%20strategisch%20accommodatiebeleid.pdf","foi_nrPages":14}],"foi_nrDocuments":4,"foi_nrPagesInDossier":28,"foi_publishedDate":"2023-03-07","foi_retrievedDate":"2026-02-05"},{"dc_creator":"HandelingScraper_v1","dc_date_year":2023,"dc_description":"Vergadering van de Gemeente Beekdaelen op 2023-03-07. Onderdeel: Amendement PvdA inzake accommodatiebeleid VERWORPEN.","dc_identifier":"nl.gm1954.2c.2023.2834347-8","dc_publisher":"gm1954","dc_source":"https://beekdaelen.bestuurlijkeinformatie.nl/Agenda/Index/70b82cba-1c42-4b8d-a71e-92e3c0289424","dc_title":"Raadsvergadering 2023-03-07 - Amendement PvdA inzake accommodatiebeleid VERWORPEN","dc_type":"2c","dc_type_description":"Vergaderstuk decentrale overheid","foi_fairiscoreVersions":{"v1":1,"v2":1},"foi_files":[{"dc_format":"application/pdf","dc_identifier":"nl.gm1954.2c.2023.2834347-8.doc.1","dc_source":"https://api1.ibabs.eu/publicdownload.aspx?site=Beekdaelen&id=e92c005c-b8de-493e-a1a0-ee230b7d84a2","dc_title":"Amendement PvdA inzake investeringen sportaccommodaties VERWORPEN","dc_type":"bijlage","foi_fairiscoreVersions":{"v1":1,"v2":1},"foi_fileName":"Amendement%20PvdA%20inzake%20investeringen%20sportaccommodaties%20VERWORPEN.pdf","foi_nrPages":1}],"foi_nrDocuments":1,"foi_nrPagesInDossier":1,"foi_publishedDate":"2023-03-07","foi_retrievedDate":"2026-02-05"},{"dc_creator":"HandelingScraper_v1","dc_date_year":2023,"dc_description":"Vergadering van de Gemeente Beekdaelen op 2023-03-07. Onderdeel: Voorstel inzake Concept regionaal beleidsplan politie 2024-2027.","dc_identifier":"nl.gm1954.2c.2023.2834347-9","dc_publisher":"gm1954","dc_source":"https://beekdaelen.bestuurlijkeinformatie.nl/Agenda/Index/70b82cba-1c42-4b8d-a71e-92e3c0289424","dc_title":"Raadsvergadering 2023-03-07 - Voorstel inzake Concept regionaal beleidsplan politie 2024-2027","dc_type":"2c","dc_type_description":"Vergaderstuk decentrale overheid","foi_fairiscoreVersions":{"v1":2,"v2":1},"foi_files":[{"dc_format":"application/pdf","dc_identifier":"nl.gm1954.2c.2023.2834347-9.doc.6","dc_source":"https://api1.ibabs.eu/publicdownload.aspx?site=Beekdaelen&id=740c3f5f-49dc-429c-9393-f6cfc75bf3d7","dc_title":"Bijlage: Concept regionaal beleidsplan politie 2024-2027","dc_type":"bijlage","foi_fairiscoreVersions":{"v1":2,"v2":1},"foi_fileName":"Z%2F23%2F184919%20-%20326359%20-%20Concept%20regionaal%20beleidsplan%20politie%202024-2027.pdf","foi_nrPages":28},{"dc_format":"application/pdf","dc_identifier":"nl.gm1954.2c.2023.2834347-9.doc.5","dc_source":"https://api1.ibabs.eu/publicdownload.aspx?site=Beekdaelen&id=70072d93-4924-4b19-b723-a76e142cfdb1","dc_title":"Bijlage: Oplegnotitie en factsheet regionaal beleidsplan politie 2024-2027","dc_type":"bijlage","foi_fairiscoreVersions":{"v1":1,"v2":1},"foi_fileName":"Z%2F23%2F184919%20-%20326360%20-%20Oplegnotitie%20en%20factsheet%20regionaal%20beleidsplan%20politie%202024-2027.pdf","foi_nrPages":5},{"dc_format":"application/pdf","dc_identifier":"nl.gm1954.2c.2023.2834347-9.doc.2","dc_source":"https://api1.ibabs.eu/publicdownload.aspx?site=Beekdaelen&id=0e3c3a63-2938-4cc5-811d-99c01b674f8e","dc_title":"Raadsvoorstel na nota van wijziging concept regionaal beleidsplan politie 2024-2027","dc_type":"bijlage","foi_fairiscoreVersions":{"v1":1,"v2":1},"foi_fileName":"Z23184919%20-%20326356%20-%20Bijlage%203%20-%20Raadsvoorstel%20na%20nota%20van%20wijziging%20concept%20regionaal%20beleidsplan%20politie%202024-2027.pdf","foi_nrPages":4},{"dc_format":"application/pdf","dc_identifier":"nl.gm1954.2c.2023.2834347-9.doc.3","dc_source":"https://api1.ibabs.eu/publicdownload.aspx?site=Beekdaelen&id=53c54b72-1994-43ee-bebb-5551c118296c","dc_title":"Raadsbesluit na nota van wijziging concept regionaal beleidsplan politie 2024-2027, vastgesteld 07-03-2023","dc_type":"bijlage","foi_fairiscoreVersions":{"v1":1,"v2":1},"foi_fileName":"Z23184919%20-%20331622%20-%20Bijlage%204%20-%20Raadsbesluit%20na%20nota%20van%20wijziging%20concept%20regionaal%20beleidsplan%20politie%202024-2027.pdf","foi_nrPages":1},{"dc_format":"application/pdf","dc_identifier":"nl.gm1954.2c.2023.2834347-9.doc.4","dc_source":"https://api1.ibabs.eu/publicdownload.aspx?site=Beekdaelen&id=043e79fc-7518-46e1-bcd1-f15c3452648b","dc_title":"Memo onderbouwing zienswijze inzake concept regionaal beleidsplan politie 2024-2027","dc_type":"bijlage","foi_fairiscoreVersions":{"v1":1,"v2":1},"foi_fileName":"Z23184919%20-%20331697%20-%20Bijlage%205%20-%20Memo%20onderbouwing%20zienswijze%20inzake%20concept%20regionaal%20beleidsplan%20politie%202024-2027.pdf","foi_nrPages":2},{"dc_format":"application/pdf","dc_identifier":"nl.gm1954.2c.2023.2834347-9.doc.1","dc_source":"https://api1.ibabs.eu/publicdownload.aspx?site=Beekdaelen&id=b8a62fc1-cd71-4a14-b8a3-6b22f6eadbec","dc_title":"Nota van wijziging raadsvoorstel","dc_type":"bijlage","foi_fairiscoreVersions":{"v1":1,"v2":1},"foi_fileName":"Z23184919%20-%20331702%20-%20Bijlage%206%20-%20Nota%20van%20wijziging%20raadsvoorstel.pdf","foi_nrPages":1}],"foi_nrDocuments":6,"foi_nrPagesInDossier":41,"foi_publishedDate":"2023-03-07","foi_retrievedDate":"2025-12-05"},{"dc_creator":"HandelingScraper_v1","dc_date_year":2023,"dc_description":"Vergadering van de Gemeente Beekdaelen op 2023-03-08. Onderdeel: Vaststellen concept-agenda.","dc_identifier":"nl.gm1954.2c.2023.2834396-1","dc_publisher":"gm1954","dc_source":"https://beekdaelen.bestuurlijkeinformatie.nl/Agenda/Index/e2697f5c-e6f2-48bb-bdb9-24a6fc1d914c","dc_title":"BDN Commissie AWACS Limburg 2023-03-08 - Vaststellen concept-agenda","dc_type":"2c","dc_type_description":"Vergaderstuk decentrale overheid","foi_fairiscoreVersions":{"v1":1,"v2":1},"foi_files":[{"dc_format":"application/pdf","dc_identifier":"nl.gm1954.2c.2023.2834396-1.doc.1","dc_source":"https://api1.ibabs.eu/publicdownload.aspx?site=Beekdaelen&id=4ebf3751-f525-466b-9f14-83939cf7a031","dc_title":"004-CAL-AWACS-2023-concept-agenda CAL 08-03-2023.pdf","dc_type":"bijlage","foi_fairiscoreVersions":{"v1":1,"v2":1},"foi_fileName":"004-CAL-AWACS-2023-concept-agenda%20CAL%2008-03-2023.pdf","foi_nrPages":2}],"foi_nrDocuments":1,"foi_nrPagesInDossier":2,"foi_publishedDate":"2023-03-08","foi_retrievedDate":"2025-11-29"},{"dc_creator":"HandelingScraper_v1","dc_date_year":2023,"dc_description":"Vergadering van de Gemeente Beekdaelen op 2023-03-08. Onderdeel: Definitief verslag 7-12-2022 (005-CAL-AWACS-2022).","dc_identifier":"nl.gm1954.2c.2023.2834396-2","dc_publisher":"gm1954","dc_source":"https://beekdaelen.bestuurlijkeinformatie.nl/Agenda/Index/e2697f5c-e6f2-48bb-bdb9-24a6fc1d914c","dc_title":"BDN Commissie AWACS Limburg 2023-03-08 - Definitief verslag 7-12-2022 (005-CAL-AWACS-2022)","dc_type":"2c","dc_type_description":"Vergaderstuk decentrale overheid","foi_fairiscoreVersions":{"v1":1,"v2":1},"foi_files":[{"dc_format":"application/pdf","dc_identifier":"nl.gm1954.2c.2023.2834396-2.doc.1","dc_source":"https://api1.ibabs.eu/publicdownload.aspx?site=Beekdaelen&id=1cb4068a-296a-4d6d-a754-26f87bdbc32a","dc_title":"005-CAL-AWACS-2023-Definitief-verslag AWACS 7-12-2022.pdf","dc_type":"bijlage","foi_fairiscoreVersions":{"v1":1,"v2":1},"foi_fileName":"005-CAL-AWACS-2023-Definitief-verslag%20AWACS%207-12-2022.pdf","foi_nrPages":5}],"foi_nrDocuments":1,"foi_nrPagesInDossier":5,"foi_publishedDate":"2023-03-08","foi_retrievedDate":"2025-11-29"},{"dc_creator":"HandelingScraper_v1","dc_date_year":2023,"dc_description":"Vergadering van de Gemeente Beekdaelen op 2023-03-08. Onderdeel: Ingekomen stukken (voorstel ter kennisname van).","dc_identifier":"nl.gm1954.2c.2023.2834396-3","dc_publisher":"gm1954","dc_source":"https://beekdaelen.bestuurlijkeinformatie.nl/Agenda/Index/e2697f5c-e6f2-48bb-bdb9-24a6fc1d914c","dc_title":"BDN Commissie AWACS Limburg 2023-03-08 - Ingekomen stukken (voorstel ter kennisname van)","dc_type":"2c","dc_type_description":"Vergaderstuk decentrale overheid","foi_fairiscoreVersions":{"v1":1,"v2":1},"foi_files":[{"dc_format":"application/pdf","dc_identifier":"nl.gm1954.2c.2023.2834396-3.doc.1","dc_source":"https://api1.ibabs.eu/publicdownload.aspx?site=Beekdaelen&id=eaceed6c-67de-4856-bcfc-82f25b7d4ee3","dc_title":"001-CAL-AWACS-2023-brief interpretatie uitspraken RVS.pdf","dc_type":"bijlage","foi_fairiscoreVersions":{"v1":1,"v2":1},"foi_fileName":"001-CAL-AWACS-2023-brief%20interpretatie%20uitspraken%20RVS.pdf","foi_nrPages":2},{"dc_format":"application/pdf","dc_identifier":"nl.gm1954.2c.2023.2834396-3.doc.2","dc_source":"https://api1.ibabs.eu/publicdownload.aspx?site=Beekdaelen&id=6c156c62-653f-4e58-a925-3cc059c99255","dc_title":"002-CAL-AWACS-2023-Brief aan staatssecretaris Hitschler Duitstalig.pdf","dc_type":"bijlage","foi_fairiscoreVersions":{"v1":1,"v2":1},"foi_fileName":"002-CAL-AWACS-2023-Brief%20aan%20staatssecretaris%20Hitschler%20Duitstalig.pdf","foi_nrPages":2},{"dc_format":"application/pdf","dc_identifier":"nl.gm1954.2c.2023.2834396-3.doc.3","dc_source":"https://api1.ibabs.eu/publicdownload.aspx?site=Beekdaelen&id=334a9d4f-7093-46c8-9b6d-a9acc5e9f00e","dc_title":"003-CAL-AWACS-2023-Brief aan staatssecretaris Hitschler Engelstalig.pdf","dc_type":"bijlage","foi_fairiscoreVersions":{"v1":1,"v2":1},"foi_fileName":"003-CAL-AWACS-2023-Brief%20aan%20staatssecretaris%20Hitschler%20Engelstalig.pdf","foi_nrPages":2},{"dc_format":"application/pdf","dc_identifier":"nl.gm1954.2c.2023.2834396-3.doc.4","dc_source":"https://api1.ibabs.eu/publicdownload.aspx?site=Beekdaelen&id=f2ee9b61-ec74-4b99-a567-d3f9b4cbd398","dc_title":"006-CAL-AWACS-2023-situatie Duitsland (overleg met Basis).pdf","dc_type":"bijlage","foi_fairiscoreVersions":{"v1":1,"v2":1},"foi_fileName":"006-CAL-AWACS-2023-situatie%20Duitsland%20%28overleg%20met%20Basis%29.pdf","foi_nrPages":2}],"foi_nrDocuments":4,"foi_nrPagesInDossier":8,"foi_publishedDate":"2023-03-08","foi_retrievedDate":"2025-11-29"},{"dc_creator":"HandelingScraper_v1","dc_date_year":2023,"dc_description":"Vergadering van de Gemeente Beekdaelen op 2023-03-08. Onderdeel: Brief minister I&W over luchtkwaliteit (007-CAL-AWACS-2023).","dc_identifier":"nl.gm1954.2c.2023.2834396-4","dc_publisher":"gm1954","dc_source":"https://beekdaelen.bestuurlijkeinformatie.nl/Agenda/Index/e2697f5c-e6f2-48bb-bdb9-24a6fc1d914c","dc_title":"BDN Commissie AWACS Limburg 2023-03-08 - Brief minister I&W over luchtkwaliteit (007-CAL-AWACS-2023)","dc_type":"2c","dc_type_description":"Vergaderstuk decentrale overheid","foi_fairiscoreVersions":{"v1":1,"v2":1},"foi_files":[{"dc_format":"application/pdf","dc_identifier":"nl.gm1954.2c.2023.2834396-4.doc.1","dc_source":"https://api1.ibabs.eu/publicdownload.aspx?site=Beekdaelen&id=6c274147-cb3c-4f37-b79f-5f78d010552c","dc_title":"007-CAL-AWACS-Kamerbrief-IenW-Emissies_door_de_luchtvaart.pdf","dc_type":"bijlage","foi_fairiscoreVersions":{"v1":1,"v2":1},"foi_fileName":"007-CAL-AWACS-Kamerbrief-IenW-Emissies_door_de_luchtvaart.pdf","foi_nrPages":9}],"foi_nrDocuments":1,"foi_nrPagesInDossier":9,"foi_publishedDate":"2023-03-08","foi_retrievedDate":"2025-11-29"},{"dc_creator":"HandelingScraper_v1","dc_date_year":2023,"dc_description":"Vergadering van de Gemeente Beekdaelen op 2023-03-08. Onderdeel: Mededeling pho GS over luchtkwaliteit (0080-CAL-AWACS-2023).","dc_identifier":"nl.gm1954.2c.2023.2834396-5","dc_publisher":"gm1954","dc_source":"https://beekdaelen.bestuurlijkeinformatie.nl/Agenda/Index/e2697f5c-e6f2-48bb-bdb9-24a6fc1d914c","dc_title":"BDN Commissie AWACS Limburg 2023-03-08 - Mededeling pho GS over luchtkwaliteit (0080-CAL-AWACS-2023)","dc_type":"2c","dc_type_description":"Vergaderstuk decentrale overheid","foi_fairiscoreVersions":{"v1":2,"v2":2},"foi_files":[{"dc_format":"application/pdf","dc_identifier":"nl.gm1954.2c.2023.2834396-5.doc.1","dc_source":"https://api1.ibabs.eu/publicdownload.aspx?site=Beekdaelen&id=c7861dbe-1fdc-4339-a156-b993013c7fb9","dc_title":"008-CAL-AWACS-mededeling pho GS luchtkwaliteit.pdf","dc_type":"bijlage","foi_fairiscoreVersions":{"v1":2,"v2":2},"foi_fileName":"008-CAL-AWACS-mededeling%20pho%20GS%20luchtkwaliteit.pdf","foi_nrPages":67}],"foi_nrDocuments":1,"foi_nrPagesInDossier":67,"foi_publishedDate":"2023-03-08","foi_retrievedDate":"2025-11-30"},{"dc_creator":"HandelingScraper_v1","dc_date_year":2023,"dc_description":"Vergadering van de Gemeente Beekdaelen op 2023-03-08. Onderdeel: Agendering brief GS op verzoek van dhr. Kockelkoren.","dc_identifier":"nl.gm1954.2c.2023.2834396-6","dc_publisher":"gm1954","dc_source":"https://beekdaelen.bestuurlijkeinformatie.nl/Agenda/Index/e2697f5c-e6f2-48bb-bdb9-24a6fc1d914c","dc_title":"BDN Commissie AWACS Limburg 2023-03-08 - Agendering brief GS op verzoek van dhr. Kockelkoren","dc_type":"2c","dc_type_description":"Vergaderstuk decentrale overheid","foi_fairiscoreVersions":{"v1":1,"v2":1},"foi_files":[{"dc_format":"application/pdf","dc_identifier":"nl.gm1954.2c.2023.2834396-6.doc.1","dc_source":"https://api1.ibabs.eu/publicdownload.aspx?site=Beekdaelen&id=12abf84a-e64d-4ce3-9ae0-b1155dcaec4e","dc_title":"038-CAL-AWACS-2022-Brief GS aan PS.pdf","dc_type":"bijlage","foi_fairiscoreVersions":{"v1":1,"v2":1},"foi_fileName":"038-CAL-AWACS-2022-Brief%20GS%20aan%20PS.pdf","foi_nrPages":5}],"foi_nrDocuments":1,"foi_nrPagesInDossier":5,"foi_publishedDate":"2023-03-08","foi_retrievedDate":"2025-12-02"},{"dc_creator":"HandelingScraper_v1","dc_date_year":2023,"dc_description":"Vergadering van de Gemeente Beekdaelen op 2023-03-08. Onderdeel: Overzicht klachten 4e kwartaal 2022 (009-CAL-AWACS-2023).","dc_identifier":"nl.gm1954.2c.2023.2834396-7","dc_publisher":"gm1954","dc_source":"https://beekdaelen.bestuurlijkeinformatie.nl/Agenda/Index/e2697f5c-e6f2-48bb-bdb9-24a6fc1d914c","dc_title":"BDN Commissie AWACS Limburg 2023-03-08 - Overzicht klachten 4e kwartaal 2022 (009-CAL-AWACS-2023)","dc_type":"2c","dc_type_description":"Vergaderstuk decentrale overheid","foi_fairiscoreVersions":{"v1":2,"v2":1},"foi_files":[{"dc_format":"application/pdf","dc_identifier":"nl.gm1954.2c.2023.2834396-7.doc.1","dc_source":"https://api1.ibabs.eu/publicdownload.aspx?site=Beekdaelen&id=dcc5c64a-e11b-4f94-94a1-9ea5f89fb413","dc_title":"009-CAL-AWACS-2023-klachten 4e kwartaal.pdf","dc_type":"bijlage","foi_fairiscoreVersions":{"v1":2,"v2":1},"foi_fileName":"009-CAL-AWACS-2023-klachten%204e%20kwartaal.pdf","foi_nrPages":19}],"foi_nrDocuments":1,"foi_nrPagesInDossier":19,"foi_publishedDate":"2023-03-08","foi_retrievedDate":"2025-11-29"},{"dc_creator":"HandelingScraper_v1","dc_date_year":2023,"dc_description":"Vergadering van de Gemeente Beekdaelen op 2023-03-08. Onderdeel: Woonkernoffenders 4e kwartaal 2022 (010-CAL-AWACS-2023).","dc_identifier":"nl.gm1954.2c.2023.2834396-8","dc_publisher":"gm1954","dc_source":"https://beekdaelen.bestuurlijkeinformatie.nl/Agenda/Index/e2697f5c-e6f2-48bb-bdb9-24a6fc1d914c","dc_title":"BDN Commissie AWACS Limburg 2023-03-08 - Woonkernoffenders 4e kwartaal 2022 (010-CAL-AWACS-2023)","dc_type":"2c","dc_type_description":"Vergaderstuk decentrale overheid","foi_fairiscoreVersions":{"v1":1,"v2":1},"foi_files":[{"dc_format":"application/pdf","dc_identifier":"nl.gm1954.2c.2023.2834396-8.doc.1","dc_source":"https://api1.ibabs.eu/publicdownload.aspx?site=Beekdaelen&id=2d100424-03fe-4c68-9901-f9b685d640c9","dc_title":"010 -CAL-AWACS-2023 Woonkernoffenders 4e kw 2023.pdf","dc_type":"bijlage","foi_fairiscoreVersions":{"v1":1,"v2":1},"foi_fileName":"010%20-CAL-AWACS-2023%20Woonkernoffenders%204e%20kw%202023.pdf","foi_nrPages":9}],"foi_nrDocuments":1,"foi_nrPagesInDossier":9,"foi_publishedDate":"2023-03-08","foi_retrievedDate":"2026-02-05"},{"dc_creator":"HandelingScraper_v1","dc_date_year":2023,"dc_description":"Vergadering van de Gemeente Beekdaelen op 2023-04-05. Onderdeel: Algemeen.","dc_identifier":"nl.gm1954.2c.2023.2834417-1","dc_publisher":"gm1954","dc_source":"https://beekdaelen.bestuurlijkeinformatie.nl/Agenda/Index/bc5276eb-c4a1-4e29-bc2e-01aeea9138ad","dc_title":"Raadscommissie Bestuur en Middelen 2023-04-05 - Algemeen","dc_type":"2c","dc_type_description":"Vergaderstuk decentrale overheid","foi_fairiscoreVersions":{"v1":1,"v2":1},"foi_files":[{"dc_format":"application/pdf","dc_identifier":"nl.gm1954.2c.2023.2834417-1.doc.4","dc_source":"https://api1.ibabs.eu/publicdownload.aspx?site=Beekdaelen&id=27e8ef4a-a284-4ef2-a9aa-44c9cf997ac1","dc_title":"Technische vragen CDA B1 en B2","dc_type":"bijlage","foi_fairiscoreVersions":{"v1":1,"v2":1},"foi_fileName":"Technische%20vragen%20CDA%20B1%20en%20B2.pdf","foi_nrPages":1},{"dc_format":"application/pdf","dc_identifier":"nl.gm1954.2c.2023.2834417-1.doc.1","dc_source":"https://api1.ibabs.eu/publicdownload.aspx?site=Beekdaelen&id=f14a9fb6-12c7-484c-ac7e-5991deff71ef","dc_title":"Technische vragen Fractie Koll\u00e9e Rijkx B1","dc_type":"bijlage","foi_fairiscoreVersions":{"v1":1,"v2":1},"foi_fileName":"Technische%20vragen%20Fractie%20Koll%C3%A9e%20Rijkx%20B1.pdf","foi_nrPages":1},{"dc_format":"application/pdf","dc_identifier":"nl.gm1954.2c.2023.2834417-1.doc.5","dc_source":"https://api1.ibabs.eu/publicdownload.aspx?site=Beekdaelen&id=fb7562d8-b577-422f-9fc2-cfeb93e6a61a","dc_title":"Technische vragen GL B2","dc_type":"bijlage","foi_fairiscoreVersions":{"v1":1,"v2":1},"foi_fileName":"Technische%20vragen%20GL%20B2.pdf","foi_nrPages":1},{"dc_format":"application/pdf","dc_identifier":"nl.gm1954.2c.2023.2834417-1.doc.3","dc_source":"https://api1.ibabs.eu/publicdownload.aspx?site=Beekdaelen&id=e8ba8c2d-5121-4576-8998-854f68c93b81","dc_title":"Technische vragen PvdA Omnibuzz D1","dc_type":"bijlage","foi_fairiscoreVersions":{"v1":1,"v2":1},"foi_fileName":"Technische%20vragen%20PvdA%20Omnibuzz%20D1.pdf","foi_nrPages":1},{"dc_format":"application/pdf","dc_identifier":"nl.gm1954.2c.2023.2834417-1.doc.2","dc_source":"https://api1.ibabs.eu/publicdownload.aspx?site=Beekdaelen&id=1555857f-e56b-4dd3-bd45-669cd7389fcc","dc_title":"Technische vragen VG B2","dc_type":"bijlage","foi_fairiscoreVersions":{"v1":1,"v2":1},"foi_fileName":"Technische%20vragen%20VG%20cie.%20B%26M%20%2005042023%20%28B2%29.pdf","foi_nrPages":1}],"foi_nrDocuments":5,"foi_nrPagesInDossier":5,"foi_publishedDate":"2023-04-05","foi_retrievedDate":"2026-02-05"},{"dc_creator":"HandelingScraper_v1","dc_date_year":2023,"dc_description":"Vergadering van de Gemeente Beekdaelen op 2023-04-05. Onderdeel: Presentatie aanpak ondermijning i.s.m. RIEC.","dc_identifier":"nl.gm1954.2c.2023.2834417-10","dc_publisher":"gm1954","dc_source":"https://beekdaelen.bestuurlijkeinformatie.nl/Agenda/Index/bc5276eb-c4a1-4e29-bc2e-01aeea9138ad","dc_title":"Raadscommissie Bestuur en Middelen 2023-04-05 - Presentatie aanpak ondermijning i.s.m. RIEC","dc_type":"2c","dc_type_description":"Vergaderstuk decentrale overheid","foi_fairiscoreVersions":{"v1":2,"v2":2},"foi_files":[{"dc_format":"application/pdf","dc_identifier":"nl.gm1954.2c.2023.2834417-10.doc.1","dc_source":"https://api1.ibabs.eu/publicdownload.aspx?site=Beekdaelen&id=2ca99f16-4f17-40d3-8581-ad058d9b7f7a","dc_title":"Format informatiebijeenkomst presentatie RIEC 5 april","dc_type":"bijlage","foi_fairiscoreVersions":{"v1":1,"v2":1},"foi_fileName":"Format%20informatiebijeenkomst%20presentatie%20RIEC%205%20april.pdf","foi_nrPages":2},{"dc_format":"application/pdf","dc_identifier":"nl.gm1954.2c.2023.2834417-10.doc.2","dc_source":"https://api1.ibabs.eu/publicdownload.aspx?site=Beekdaelen&id=abbe9720-4d55-4318-8039-dd852ff07a3f","dc_title":"Presentatie \"aanpak ondermijning\"","dc_type":"bijlage","foi_fairiscoreVersions":{"v1":2,"v2":3},"foi_fileName":"Presentatie%20raadscommissie%20bestuur%20en%20middelen%20gemeente%20Beekdaelen%20dd%2005042023%20versie%20openbaar.pdf","foi_nrPages":22}],"foi_nrDocuments":2,"foi_nrPagesInDossier":24,"foi_publishedDate":"2023-04-05","foi_retrievedDate":"2025-12-03"},{"dc_creator":"HandelingScraper_v1","dc_date_year":2023,"dc_description":"Vergadering van de Gemeente Beekdaelen op 2023-04-05. Onderdeel: Opening, mededelingen voorzitter en vaststellen agenda..","dc_identifier":"nl.gm1954.2c.2023.2834417-2","dc_publisher":"gm1954","dc_source":"https://beekdaelen.bestuurlijkeinformatie.nl/Agenda/Index/bc5276eb-c4a1-4e29-bc2e-01aeea9138ad","dc_title":"Raadscommissie Bestuur en Middelen 2023-04-05 - Opening, mededelingen voorzitter en vaststellen agenda.","dc_type":"2c","dc_type_description":"Vergaderstuk decentrale overheid","foi_fairiscoreVersions":{"v1":1,"v2":1},"foi_files":[{"dc_format":"application/octet-stream","dc_identifier":"nl.gm1954.2c.2023.2834417-2.doc.2","dc_source":"https://api1.ibabs.eu/publicdownload.aspx?site=Beekdaelen&id=3b516ce5-13ec-4d97-ad79-94c0cccc652b","dc_title":"A1 tm A3","dc_type":"bijlage","foi_fileName":"A1%20tm%20A3.mp3","foi_nrPages":1},{"dc_format":"application/pdf","dc_identifier":"nl.gm1954.2c.2023.2834417-2.doc.3","dc_source":"https://api1.ibabs.eu/publicdownload.aspx?site=Beekdaelen&id=06484f4d-3568-4453-b0c4-5477896b7df7","dc_title":"Vastgestelde agenda raadscommissie Bestuur en Middelen 05.04.2023","dc_type":"bijlage","foi_fairiscoreVersions":{"v1":1,"v2":1},"foi_fileName":"Vastgestelde%20agenda%20raadscommissie%20bestuur%20en%20Middelen%2005042023%20-%20336858.pdf","foi_nrPages":1},{"dc_format":"application/pdf","dc_identifier":"nl.gm1954.2c.2023.2834417-2.doc.1","dc_source":"https://api1.ibabs.eu/publicdownload.aspx?site=Beekdaelen&id=84593c21-11b5-42c5-b8e7-25cd0b243628","dc_title":"Uitnodiging en voorlopige agenda cie. B&M 05-04-2023","dc_type":"bijlage","foi_fairiscoreVersions":{"v1":1,"v2":1},"foi_fileName":"Voorlopige%20agenda%20%28kopie%20uit%20Decos%29.pdf","foi_nrPages":2}],"foi_nrDocuments":3,"foi_nrPagesInDossier":4,"foi_publishedDate":"2023-04-05","foi_retrievedDate":"2026-02-05"},{"dc_creator":"HandelingScraper_v1","dc_date_year":2023,"dc_description":"Vergadering van de Gemeente Beekdaelen op 2023-04-05. Onderdeel: Spreekrecht burgers..","dc_identifier":"nl.gm1954.2c.2023.2834417-3","dc_publisher":"gm1954","dc_source":"https://beekdaelen.bestuurlijkeinformatie.nl/Agenda/Index/bc5276eb-c4a1-4e29-bc2e-01aeea9138ad","dc_title":"Raadscommissie Bestuur en Middelen 2023-04-05 - Spreekrecht burgers.","dc_type":"2c","dc_type_description":"Vergaderstuk decentrale overheid","foi_fairiscoreVersions":{"v1":null,"v2":null},"foi_files":[{"dc_format":"application/octet-stream","dc_identifier":"nl.gm1954.2c.2023.2834417-3.doc.1","dc_source":"https://api1.ibabs.eu/publicdownload.aspx?site=Beekdaelen&id=e9065570-5d51-4e51-88f3-3f3929b4b0aa","dc_title":"A1 tm A3","dc_type":"bijlage","foi_fileName":"A1%20tm%20A3.mp3","foi_nrPages":1}],"foi_nrDocuments":1,"foi_nrPagesInDossier":1,"foi_publishedDate":"2023-04-05","foi_retrievedDate":"2026-02-05"},{"dc_creator":"HandelingScraper_v1","dc_date_year":2023,"dc_description":"Vergadering van de Gemeente Beekdaelen op 2023-04-05. Onderdeel: Vaststellen actiepuntenlijst van de raadscommissie Bestuur en Middelen d.d. 15 februari 2023.","dc_identifier":"nl.gm1954.2c.2023.2834417-4","dc_publisher":"gm1954","dc_source":"https://beekdaelen.bestuurlijkeinformatie.nl/Agenda/Index/bc5276eb-c4a1-4e29-bc2e-01aeea9138ad","dc_title":"Raadscommissie Bestuur en Middelen 2023-04-05 - Vaststellen actiepuntenlijst van de raadscommissie Bestuur en Middelen d.d. 15 februari 2023","dc_type":"2c","dc_type_description":"Vergaderstuk decentrale overheid","foi_fairiscoreVersions":{"v1":1,"v2":1},"foi_files":[{"dc_format":"application/octet-stream","dc_identifier":"nl.gm1954.2c.2023.2834417-4.doc.2","dc_source":"https://api1.ibabs.eu/publicdownload.aspx?site=Beekdaelen&id=32545fbb-91e4-402d-8631-62b8628e67ef","dc_title":"A1 tm A3","dc_type":"bijlage","foi_fileName":"A1%20tm%20A3.mp3","foi_nrPages":1},{"dc_format":"application/pdf","dc_identifier":"nl.gm1954.2c.2023.2834417-4.doc.1","dc_source":"https://api1.ibabs.eu/publicdownload.aspx?site=Beekdaelen&id=2ebf8e52-1653-4016-a143-a1ad3727d9e3","dc_title":"Actiepuntenlijst Cie. B&M 15022023 - vastgesteld 05.04.2023","dc_type":"bijlage","foi_fairiscoreVersions":{"v1":1,"v2":1},"foi_fileName":"Actiepuntenlijst%2015022023.pdf","foi_nrPages":4}],"foi_nrDocuments":2,"foi_nrPagesInDossier":5,"foi_publishedDate":"2023-04-05","foi_retrievedDate":"2026-02-05"},{"dc_creator":"HandelingScraper_v1","dc_date_year":2023,"dc_description":"Vergadering van de Gemeente Beekdaelen op 2023-04-05. Onderdeel: Raadsvoorstel inzake \"Zienswijze oprichting gemeenschappelijke regeling Zorg- en Veiligheidshuis Parkstad.","dc_identifier":"nl.gm1954.2c.2023.2834417-5","dc_publisher":"gm1954","dc_source":"https://beekdaelen.bestuurlijkeinformatie.nl/Agenda/Index/bc5276eb-c4a1-4e29-bc2e-01aeea9138ad","dc_title":"Raadscommissie Bestuur en Middelen 2023-04-05 - Raadsvoorstel inzake \"Zienswijze oprichting gemeenschappelijke regeling Zorg- en Veiligheidshuis Parkstad","dc_type":"2c","dc_type_description":"Vergaderstuk decentrale overheid","foi_fairiscoreVersions":{"v1":2,"v2":1},"foi_files":[{"dc_format":"application/octet-stream","dc_identifier":"nl.gm1954.2c.2023.2834417-5.doc.8","dc_source":"https://api1.ibabs.eu/publicdownload.aspx?site=Beekdaelen&id=bb54163b-e0a6-4d54-869b-e1f44447bad9","dc_title":"B1 1e termijn","dc_type":"bijlage","foi_fileName":"B1%201e%20termijn.mp3","foi_nrPages":1},{"dc_format":"application/octet-stream","dc_identifier":"nl.gm1954.2c.2023.2834417-5.doc.10","dc_source":"https://api1.ibabs.eu/publicdownload.aspx?site=Beekdaelen&id=9b7cad52-5512-427a-948a-55e3c0b9f662","dc_title":"B1 2e termijn","dc_type":"bijlage","foi_fileName":"B1%202e%20termijn.mp3","foi_nrPages":1},{"dc_format":"application/octet-stream","dc_identifier":"nl.gm1954.2c.2023.2834417-5.doc.9","dc_source":"https://api1.ibabs.eu/publicdownload.aspx?site=Beekdaelen&id=7d9c5c5b-a44e-4f9d-8cab-0da277326937","dc_title":"B1 beantwoording 1e termijn","dc_type":"bijlage","foi_fileName":"B1%20beantwoording%201e%20termijn.mp3","foi_nrPages":1},{"dc_format":"application/octet-stream","dc_identifier":"nl.gm1954.2c.2023.2834417-5.doc.11","dc_source":"https://api1.ibabs.eu/publicdownload.aspx?site=Beekdaelen&id=dc3895f2-4f2b-46ee-a7e4-2a7ac4b4edfc","dc_title":"B1 beantwoording 2e termijn I","dc_type":"bijlage","foi_fileName":"B1%20beantwoording%202e%20termijn%20I.mp3","foi_nrPages":1},{"dc_format":"application/octet-stream","dc_identifier":"nl.gm1954.2c.2023.2834417-5.doc.12","dc_source":"https://api1.ibabs.eu/publicdownload.aspx?site=Beekdaelen&id=fcdb7bf5-7bfe-4272-a1d9-c172931c0ec0","dc_title":"B1 beantwoording 2e termijn II","dc_type":"bijlage","foi_fileName":"B1%20beantwoording%202e%20termijn%20II.mp3","foi_nrPages":1},{"dc_format":"application/octet-stream","dc_identifier":"nl.gm1954.2c.2023.2834417-5.doc.13","dc_source":"https://api1.ibabs.eu/publicdownload.aspx?site=Beekdaelen&id=84b76125-7f53-4f92-9a14-f10844fdfa42","dc_title":"B1 conclusie besluit","dc_type":"bijlage","foi_fileName":"B1%20conclusie%20besluit.mp3","foi_nrPages":1},{"dc_format":"application/pdf","dc_identifier":"nl.gm1954.2c.2023.2834417-5.doc.7","dc_source":"https://api1.ibabs.eu/publicdownload.aspx?site=Beekdaelen&id=4fc44197-3597-49d6-be21-394b21eaaa0f","dc_title":"MvA technische vragen CDA B1","dc_type":"bijlage","foi_fairiscoreVersions":{"v1":1,"v2":1},"foi_fileName":"MvA%20technische%20vragen%20CDA%20B1.pdf","foi_nrPages":4},{"dc_format":"application/pdf","dc_identifier":"nl.gm1954.2c.2023.2834417-5.doc.6","dc_source":"https://api1.ibabs.eu/publicdownload.aspx?site=Beekdaelen&id=0904deb0-3364-4d1e-b858-0ca7821a5e91","dc_title":"MvA Technische vragen Koll\u00e9e Rijkx B1","dc_type":"bijlage","foi_fairiscoreVersions":{"v1":1,"v2":1},"foi_fileName":"MvA%20Technische%20vragen%20Koll%C3%A9e%20Rijkx%20B1.pdf","foi_nrPages":2},{"dc_format":"application/pdf","dc_identifier":"nl.gm1954.2c.2023.2834417-5.doc.1","dc_source":"https://api1.ibabs.eu/publicdownload.aspx?site=Beekdaelen&id=b7a787df-add4-489f-a62e-41efbf9d09db","dc_title":"Raadsvoorstel inzake \"Treffen Gemeenschappelijke regeling Zorg- en Veiligheidshuis Parkstad\"","dc_type":"bijlage","foi_fairiscoreVersions":{"v1":1,"v2":1},"foi_fileName":"Z%2F23%2F185034%20-%20326646%20-%20Treffen%20Gemeenschappelijke%20regeling%20Zorg-%20en%20Veiligheidshuis%20Parkstad.pdf","foi_nrPages":5},{"dc_format":"application/pdf","dc_identifier":"nl.gm1954.2c.2023.2834417-5.doc.3","dc_source":"https://api1.ibabs.eu/publicdownload.aspx?site=Beekdaelen&id=d70cf44f-c00f-4ae1-964f-b5a056de9c45","dc_title":"Bijlage: Informatie over kenmerken, werkwijze en ontwikkelingen van ZVHP","dc_type":"bijlage","foi_fairiscoreVersions":{"v1":1,"v2":1},"foi_fileName":"Z%2F23%2F185034%20-%20326657%20-%20Bijlagen%20raadsinformatiebrief%20ZVHP.pdf","foi_nrPages":5},{"dc_format":"application/pdf","dc_identifier":"nl.gm1954.2c.2023.2834417-5.doc.4","dc_source":"https://api1.ibabs.eu/publicdownload.aspx?site=Beekdaelen&id=d7e9137b-e567-4557-9189-19fec5e16550","dc_title":"Bijlage: Begroting ZVHP 2023 en toelichting","dc_type":"bijlage","foi_fairiscoreVersions":{"v1":2,"v2":1},"foi_fileName":"Z%2F23%2F185034%20-%20326659%20-%20Begroting%20ZVHP%202023.pdf","foi_nrPages":20},{"dc_format":"application/pdf","dc_identifier":"nl.gm1954.2c.2023.2834417-5.doc.5","dc_source":"https://api1.ibabs.eu/publicdownload.aspx?site=Beekdaelen&id=b1e22b83-ee3f-4b78-a451-b4a25bfff699","dc_title":"Bijlage: Concept gemeenschappelijke regeling ZVHP","dc_type":"bijlage","foi_fairiscoreVersions":{"v1":2,"v2":1},"foi_fileName":"Z%2F23%2F185034%20-%20328197%20-%20Gemeenschappelijke%20regeling%20Zorg-%20en%20Veiligheidshuis%20Parkstad.pdf","foi_nrPages":15},{"dc_format":"application/pdf","dc_identifier":"nl.gm1954.2c.2023.2834417-5.doc.2","dc_source":"https://api1.ibabs.eu/publicdownload.aspx?site=Beekdaelen&id=9fa20b54-c7ae-43df-9b47-a40df8baad87","dc_title":"Raadsbesluit inzake \"Treffen Gemeenschappelijke regeling Zorg- en Veiligheidshuis Parkstad\", vastgesteld 18.04.2023","dc_type":"bijlage","foi_fairiscoreVersions":{"v1":1,"v2":1},"foi_fileName":"Z%2F23%2F185034%20-%20328426%20-%20Treffen%20Gemeenschappelijke%20regeling%20Zorg-%20en%20Veiligheidshuis%20Parkstad.pdf","foi_nrPages":1}],"foi_nrDocuments":13,"foi_nrPagesInDossier":58,"foi_publishedDate":"2023-04-05","foi_retrievedDate":"2026-02-05"},{"dc_creator":"HandelingScraper_v1","dc_date_year":2023,"dc_description":"Vergadering van de Gemeente Beekdaelen op 2023-04-05. Onderdeel: Raadsvoorstel inzake \"Verordening Participatie en uitdaagrecht Beekdaelen 2023\".","dc_identifier":"nl.gm1954.2c.2023.2834417-6","dc_publisher":"gm1954","dc_source":"https://beekdaelen.bestuurlijkeinformatie.nl/Agenda/Index/bc5276eb-c4a1-4e29-bc2e-01aeea9138ad","dc_title":"Raadscommissie Bestuur en Middelen 2023-04-05 - Raadsvoorstel inzake \"Verordening Participatie en uitdaagrecht Beekdaelen 2023\"","dc_type":"2c","dc_type_description":"Vergaderstuk decentrale overheid","foi_fairiscoreVersions":{"v1":2,"v2":1},"foi_files":[{"dc_format":"application/octet-stream","dc_identifier":"nl.gm1954.2c.2023.2834417-6.doc.10","dc_source":"https://api1.ibabs.eu/publicdownload.aspx?site=Beekdaelen&id=97d6450a-d023-4b63-ba08-411d5522e169","dc_title":"B2 1e termijn","dc_type":"bijlage","foi_fileName":"B2%201e%20termijn.mp3","foi_nrPages":1},{"dc_format":"application/octet-stream","dc_identifier":"nl.gm1954.2c.2023.2834417-6.doc.12","dc_source":"https://api1.ibabs.eu/publicdownload.aspx?site=Beekdaelen&id=7d775f20-d00f-47f5-855f-09ab281893bd","dc_title":"B2 2e termijn","dc_type":"bijlage","foi_fileName":"B2%202e%20termijn.mp3","foi_nrPages":1},{"dc_format":"application/octet-stream","dc_identifier":"nl.gm1954.2c.2023.2834417-6.doc.11","dc_source":"https://api1.ibabs.eu/publicdownload.aspx?site=Beekdaelen&id=b9e01cc1-9c75-4c75-8175-c24443b5a682","dc_title":"B2 beantwoording 1e termijn","dc_type":"bijlage","foi_fileName":"B2%20beantwoording%201e%20termijn.mp3","foi_nrPages":1},{"dc_format":"application/octet-stream","dc_identifier":"nl.gm1954.2c.2023.2834417-6.doc.13","dc_source":"https://api1.ibabs.eu/publicdownload.aspx?site=Beekdaelen&id=8be2bfea-7d56-4162-8ec6-eb195abe4055","dc_title":"B2 beantwoording 2e termijn","dc_type":"bijlage","foi_fileName":"B2%20beantwoording%202e%20termijn.mp3","foi_nrPages":1},{"dc_format":"application/octet-stream","dc_identifier":"nl.gm1954.2c.2023.2834417-6.doc.14","dc_source":"https://api1.ibabs.eu/publicdownload.aspx?site=Beekdaelen&id=3901ea2d-ae98-481c-a7b3-75a71ccb5a34","dc_title":"B2 conclusie besluit","dc_type":"bijlage","foi_fileName":"B2%20conclusie%20besluit.mp3","foi_nrPages":1},{"dc_format":"application/pdf","dc_identifier":"nl.gm1954.2c.2023.2834417-6.doc.8","dc_source":"https://api1.ibabs.eu/publicdownload.aspx?site=Beekdaelen&id=5bb663c7-5d8c-4946-b4bb-26e457846f5d","dc_title":"MvA Technische vragen CDA B2","dc_type":"bijlage","foi_fairiscoreVersions":{"v1":1,"v2":1},"foi_fileName":"MvA%20Technische%20vragen%20CDA%20B2.pdf","foi_nrPages":2},{"dc_format":"application/pdf","dc_identifier":"nl.gm1954.2c.2023.2834417-6.doc.9","dc_source":"https://api1.ibabs.eu/publicdownload.aspx?site=Beekdaelen&id=6e44aaa1-54a5-47d9-9d04-952d8849ad23","dc_title":"MvA Technische vragen GL B2","dc_type":"bijlage","foi_fairiscoreVersions":{"v1":1,"v2":1},"foi_fileName":"MvA%20Technische%20vragen%20GL%20B2.pdf","foi_nrPages":2},{"dc_format":"application/pdf","dc_identifier":"nl.gm1954.2c.2023.2834417-6.doc.7","dc_source":"https://api1.ibabs.eu/publicdownload.aspx?site=Beekdaelen&id=cf8b9fa0-3389-459e-a6db-422eb81da395","dc_title":"MvA Technische vragen VG B2","dc_type":"bijlage","foi_fairiscoreVersions":{"v1":1,"v2":1},"foi_fileName":"MvA%20Technische%20vragen%20VG%20B2.pdf","foi_nrPages":2},{"dc_format":"application/pdf","dc_identifier":"nl.gm1954.2c.2023.2834417-6.doc.5","dc_source":"https://api1.ibabs.eu/publicdownload.aspx?site=Beekdaelen&id=6676ac11-eda3-4809-a611-e20810694566","dc_title":"Bijlage: VNG voorbeeld Verordening Participatie en uitdaagrecht","dc_type":"bijlage","foi_fairiscoreVersions":{"v1":1,"v2":1},"foi_fileName":"VNG%20voorbeeld%20participatieverordening.pdf","foi_nrPages":8},{"dc_format":"application/pdf","dc_identifier":"nl.gm1954.2c.2023.2834417-6.doc.1","dc_source":"https://api1.ibabs.eu/publicdownload.aspx?site=Beekdaelen&id=bf21fbfb-799c-4f7b-b8d1-7dc899c113f4","dc_title":"Raadsvoorstel inzake \"Verordening Participatie en uitdaagrecht Beekdaelen 2023\"","dc_type":"bijlage","foi_fairiscoreVersions":{"v1":1,"v2":1},"foi_fileName":"Z%2F23%2F187050%20-%20331820%20-%20Raadsvoorstel%20Verordening%20Participatie%20en%20uitdaagrecht%20Beekdaelen%202023.pdf","foi_nrPages":3},{"dc_format":"application/pdf","dc_identifier":"nl.gm1954.2c.2023.2834417-6.doc.2","dc_source":"https://api1.ibabs.eu/publicdownload.aspx?site=Beekdaelen&id=20ae3ebe-c9c7-415b-9630-64c285535f5d","dc_title":"Raadsbesluit Verordening Participatie en uitdaagrecht Beekdaelen 2023, vastgesteld 18.04.2023","dc_type":"bijlage","foi_fairiscoreVersions":{"v1":1,"v2":1},"foi_fileName":"Z%2F23%2F187050%20-%20331822%20-%20Raadsbesluit%20Verordening%20Participatie%20en%20uitdaagrecht%20Beekdaelen%202023.pdf","foi_nrPages":1},{"dc_format":"application/pdf","dc_identifier":"nl.gm1954.2c.2023.2834417-6.doc.4","dc_source":"https://api1.ibabs.eu/publicdownload.aspx?site=Beekdaelen&id=14902a39-7e11-48e9-bab9-b241f27140d9","dc_title":"Bijlage: VNG Ledenbrief Verordening Participatie en uitdaagrecht","dc_type":"bijlage","foi_fairiscoreVersions":{"v1":1,"v2":1},"foi_fileName":"Z%2F23%2F187050%20-%20331826%20-%20VNG%20Ledenbrief.pdf","foi_nrPages":2},{"dc_format":"application/pdf","dc_identifier":"nl.gm1954.2c.2023.2834417-6.doc.3","dc_source":"https://api1.ibabs.eu/publicdownload.aspx?site=Beekdaelen&id=242e9cc6-f25a-4c13-9482-f012db08f0f7","dc_title":"Verordening Participatie en uitdaagrecht Beekdaelen 2023, vastgesteld 18.04.2023","dc_type":"bijlage","foi_fairiscoreVersions":{"v1":1,"v2":1},"foi_fileName":"Z%2F23%2F187050%20-%20331830%20-%20Voorbeeld.pdf","foi_nrPages":7},{"dc_format":"application/pdf","dc_identifier":"nl.gm1954.2c.2023.2834417-6.doc.6","dc_source":"https://api1.ibabs.eu/publicdownload.aspx?site=Beekdaelen&id=9674e432-7b2f-4083-80dc-09700cff3505","dc_title":"Bijlage: Handreiking Participatie","dc_type":"bijlage","foi_fairiscoreVersions":{"v1":2,"v2":1},"foi_fileName":"Z%2F23%2F187050%20-%20331833%20-%20Handreiking.pdf","foi_nrPages":61}],"foi_nrDocuments":14,"foi_nrPagesInDossier":93,"foi_publishedDate":"2023-04-05","foi_retrievedDate":"2026-02-05"},{"dc_creator":"HandelingScraper_v1","dc_date_year":2023,"dc_description":"Vergadering van de Gemeente Beekdaelen op 2023-04-05. Onderdeel: Rondvraag Bestuur en Middelen.","dc_identifier":"nl.gm1954.2c.2023.2834417-7","dc_publisher":"gm1954","dc_source":"https://beekdaelen.bestuurlijkeinformatie.nl/Agenda/Index/bc5276eb-c4a1-4e29-bc2e-01aeea9138ad","dc_title":"Raadscommissie Bestuur en Middelen 2023-04-05 - Rondvraag Bestuur en Middelen","dc_type":"2c","dc_type_description":"Vergaderstuk decentrale overheid","foi_fairiscoreVersions":{"v1":null,"v2":null},"foi_files":[{"dc_format":"application/octet-stream","dc_identifier":"nl.gm1954.2c.2023.2834417-7.doc.1","dc_source":"https://api1.ibabs.eu/publicdownload.aspx?site=Beekdaelen&id=660b63fc-322e-4245-8a40-adb25f1b0db7","dc_title":"C Rondvraag B&M","dc_type":"bijlage","foi_fileName":"C%20Rondvraag%20B%26M.mp3","foi_nrPages":1}],"foi_nrDocuments":1,"foi_nrPagesInDossier":1,"foi_publishedDate":"2023-04-05","foi_retrievedDate":"2026-02-05"},{"dc_creator":"HandelingScraper_v1","dc_date_year":2023,"dc_description":"Vergadering van de Gemeente Beekdaelen op 2023-04-05. Onderdeel: Raadsvoorstel inzake \"Omnibuzz 23 wijziging GR en zienswijze begrotingswijziging 2023- 1\".","dc_identifier":"nl.gm1954.2c.2023.2834417-8","dc_publisher":"gm1954","dc_source":"https://beekdaelen.bestuurlijkeinformatie.nl/Agenda/Index/bc5276eb-c4a1-4e29-bc2e-01aeea9138ad","dc_title":"Raadscommissie Bestuur en Middelen 2023-04-05 - Raadsvoorstel inzake \"Omnibuzz 23 wijziging GR en zienswijze begrotingswijziging 2023- 1\"","dc_type":"2c","dc_type_description":"Vergaderstuk decentrale overheid","foi_fairiscoreVersions":{"v1":2,"v2":2},"foi_files":[{"dc_format":"application/pdf","dc_identifier":"nl.gm1954.2c.2023.2834417-8.doc.2","dc_source":"https://api1.ibabs.eu/publicdownload.aspx?site=Beekdaelen&id=b8761c54-28a6-4204-bf04-54c7b80b2783","dc_title":"Bijlage 1 Gewijzigde regeling GR Omnibuzz","dc_type":"bijlage","foi_fairiscoreVersions":{"v1":1,"v2":1},"foi_fileName":"Bijlage%201%20Gewijzigde%20regeling%20GR%20Omnibuzz%20%281%29.pdf","foi_nrPages":10},{"dc_format":"application/pdf","dc_identifier":"nl.gm1954.2c.2023.2834417-8.doc.3","dc_source":"https://api1.ibabs.eu/publicdownload.aspx?site=Beekdaelen&id=acd1a14d-5e32-474b-a22e-f42c890b79a6","dc_title":"Bijlage 2 Toelichting wijziging GR onderdeel aanpassing afrekensystematiek","dc_type":"bijlage","foi_fairiscoreVersions":{"v1":1,"v2":1},"foi_fileName":"Bijlage%202%20Toelichting%20wijziging%20GR%20onderdeel%20aanpassing%20afrekensystematiek.pdf","foi_nrPages":1},{"dc_format":"application/pdf","dc_identifier":"nl.gm1954.2c.2023.2834417-8.doc.4","dc_source":"https://api1.ibabs.eu/publicdownload.aspx?site=Beekdaelen&id=6a51d87e-4802-4b43-8a29-c1a28c67e31d","dc_title":"Bijlage 3 Raadsbesluit Toestemming wijziging gemeenschappelijke Omnibuzz en zienswijze  gewijzigde begroting Omnibuzz 2023","dc_type":"bijlage","foi_fairiscoreVersions":{"v1":1,"v2":1},"foi_fileName":"Bijlage%203%20Raadsbesluit%20Toestemming%20wijziging%20gemeenschappelijke%20Omnibuzz%20en%20zienswijze%20%20gewijzigde%20begroting%20Omnibuzz%202023%20.pdf","foi_nrPages":1},{"dc_format":"application/pdf","dc_identifier":"nl.gm1954.2c.2023.2834417-8.doc.5","dc_source":"https://api1.ibabs.eu/publicdownload.aspx?site=Beekdaelen&id=e4ac2959-f338-416e-898a-b3bf37776334","dc_title":"Bijlage 4 Conceptbrief zienswijze raad Beekdaelen","dc_type":"bijlage","foi_fairiscoreVersions":{"v1":2,"v2":2},"foi_fileName":"Bijlage%204%20Conceptbrief%20zienswijze%20raad%20Beekdaelen.pdf","foi_nrPages":1},{"dc_format":"application/pdf","dc_identifier":"nl.gm1954.2c.2023.2834417-8.doc.6","dc_source":"https://api1.ibabs.eu/publicdownload.aspx?site=Beekdaelen&id=bb3f9619-7e05-484d-b783-053b24d2e80c","dc_title":"Bijlage 5 Begrotingswijziging 2023-1 en meerjarenperspectief 2024-2026","dc_type":"bijlage","foi_fairiscoreVersions":{"v1":2,"v2":3},"foi_fileName":"Bijlage%205%20Begrotingswijziging%202023-1%20en%20meerjarenperspectief%202024-2026.pdf","foi_nrPages":69},{"dc_format":"application/octet-stream","dc_identifier":"nl.gm1954.2c.2023.2834417-8.doc.8","dc_source":"https://api1.ibabs.eu/publicdownload.aspx?site=Beekdaelen&id=fd677e09-1c47-4774-a6e1-12dc79a75f90","dc_title":"D1 1e termijn + conclusie besluit","dc_type":"bijlage","foi_fileName":"D1%201e%20termijn%20%2B%20conclusie%20besluit.mp3"},{"dc_format":"application/pdf","dc_identifier":"nl.gm1954.2c.2023.2834417-8.doc.7","dc_source":"https://api1.ibabs.eu/publicdownload.aspx?site=Beekdaelen&id=88674e6a-cbbc-4868-911b-5a13f26ccb24","dc_title":"MvA Technische vragen PvdA D1","dc_type":"bijlage","foi_fairiscoreVersions":{"v1":1,"v2":1},"foi_fileName":"MvA%20Technische%20vragen%20PvdA%20D1.pdf","foi_nrPages":2},{"dc_format":"application/pdf","dc_identifier":"nl.gm1954.2c.2023.2834417-8.doc.1","dc_source":"https://api1.ibabs.eu/publicdownload.aspx?site=Beekdaelen&id=12be89ec-4a48-4cb7-bde4-d5f87c7b0a70","dc_title":"raadsvoorstel Toestemming wijziging gemeenschappelijke Omnibuzz en zienswijze  gewijzigde begroting Omnibuzz 2023","dc_type":"bijlage","foi_fairiscoreVersions":{"v1":1,"v2":1},"foi_fileName":"raadsvoorstel%20Toestemming%20wijziging%20gemeenschappelijke%20Omnibuzz%20en%20zienswijze%20%20gewijzigde%20begroting%20Omnibuzz%202023%20%20%281%29.pdf","foi_nrPages":3}],"foi_nrDocuments":8,"foi_nrPagesInDossier":87,"foi_publishedDate":"2023-04-05","foi_retrievedDate":"2025-12-01"},{"dc_creator":"HandelingScraper_v1","dc_date_year":2023,"dc_description":"Vergadering van de Gemeente Beekdaelen op 2023-04-05. Onderdeel: Rondvraag Sociale Leefomgeving.","dc_identifier":"nl.gm1954.2c.2023.2834417-9","dc_publisher":"gm1954","dc_source":"https://beekdaelen.bestuurlijkeinformatie.nl/Agenda/Index/bc5276eb-c4a1-4e29-bc2e-01aeea9138ad","dc_title":"Raadscommissie Bestuur en Middelen 2023-04-05 - Rondvraag Sociale Leefomgeving","dc_type":"2c","dc_type_description":"Vergaderstuk decentrale overheid","foi_fairiscoreVersions":{"v1":1,"v2":1},"foi_files":[{"dc_format":"application/octet-stream","dc_identifier":"nl.gm1954.2c.2023.2834417-9.doc.3","dc_source":"https://api1.ibabs.eu/publicdownload.aspx?site=Beekdaelen&id=4b869e3e-b14a-48d7-a2e6-6a685ad4b7a7","dc_title":"E Rondvraag SLO","dc_type":"bijlage","foi_fileName":"E%20Rondvraag%20SLO.mp3","foi_nrPages":1},{"dc_format":"application/pdf","dc_identifier":"nl.gm1954.2c.2023.2834417-9.doc.2","dc_source":"https://api1.ibabs.eu/publicdownload.aspx?site=Beekdaelen&id=0b85d400-c800-4746-a3e1-f7508624f971","dc_title":"MvA Rondvraag CDA","dc_type":"bijlage","foi_fairiscoreVersions":{"v1":1,"v2":1},"foi_fileName":"MvA%20Rondvraag%20CDA.pdf","foi_nrPages":1},{"dc_format":"application/pdf","dc_identifier":"nl.gm1954.2c.2023.2834417-9.doc.1","dc_source":"https://api1.ibabs.eu/publicdownload.aspx?site=Beekdaelen&id=1a4364ef-3765-4d1a-8a6d-f8b5a9af9818","dc_title":"Technische vragen CDA Rondvraag","dc_type":"bijlage","foi_fairiscoreVersions":{"v1":1,"v2":1},"foi_fileName":"Technische%20vragen%20CDA%20Rondvraag.pdf","foi_nrPages":1}],"foi_nrDocuments":3,"foi_nrPagesInDossier":3,"foi_publishedDate":"2023-04-05","foi_retrievedDate":"2026-02-05"},{"dc_creator":"HandelingScraper_v1","dc_date_year":2023,"dc_description":"Vergadering van de Gemeente Beekdaelen op 2023-04-06. Onderdeel: Algemeen.","dc_identifier":"nl.gm1954.2c.2023.2834480-1","dc_publisher":"gm1954","dc_source":"https://beekdaelen.bestuurlijkeinformatie.nl/Agenda/Index/e88a61dc-f9ac-4f4f-ae50-d9a42ffbf32a","dc_title":"Raadscommissie Fysieke Leefomgeving 2023-04-06 - Algemeen","dc_type":"2c","dc_type_description":"Vergaderstuk decentrale overheid","foi_fairiscoreVersions":{"v1":1,"v2":1},"foi_files":[{"dc_format":"application/pdf","dc_identifier":"nl.gm1954.2c.2023.2834480-1.doc.3","dc_source":"https://api1.ibabs.eu/publicdownload.aspx?site=Beekdaelen&id=dd68b714-9c0b-4859-9b6f-cc4b67af800c","dc_title":"Technische vragen CDA (F1)","dc_type":"bijlage","foi_fairiscoreVersions":{"v1":1,"v2":1},"foi_fileName":"Technische%20vragen%20CDA%20F1.pdf","foi_nrPages":1},{"dc_format":"application/pdf","dc_identifier":"nl.gm1954.2c.2023.2834480-1.doc.1","dc_source":"https://api1.ibabs.eu/publicdownload.aspx?site=Beekdaelen&id=bab41887-04cc-4676-bcd0-9e166a37513a","dc_title":"Technische vragen VG  (F1)","dc_type":"bijlage","foi_fairiscoreVersions":{"v1":1,"v2":1},"foi_fileName":"Technische%20vragen%20VG%20cie.%20FLO%2006042023%20%28F1%28.pdf","foi_nrPages":1},{"dc_format":"application/pdf","dc_identifier":"nl.gm1954.2c.2023.2834480-1.doc.2","dc_source":"https://api1.ibabs.eu/publicdownload.aspx?site=Beekdaelen&id=703d763e-7da0-4e2d-a29c-b86296a16023","dc_title":"Technische vragen VVD (F1)","dc_type":"bijlage","foi_fairiscoreVersions":{"v1":1,"v2":1},"foi_fileName":"Technische%20vragen%20VVD%20Cie%2006.04.2023%20%28F1%29.pdf","foi_nrPages":1},{"dc_format":"application/pdf","dc_identifier":"nl.gm1954.2c.2023.2834480-1.doc.4","dc_source":"https://api1.ibabs.eu/publicdownload.aspx?site=Beekdaelen&id=27e92fac-2b55-4edf-a380-723cc8313ddd","dc_title":"Vragen Fractie Koll\u00ebe Rijkx (F1)","dc_type":"bijlage","foi_fairiscoreVersions":{"v1":1,"v2":1},"foi_fileName":"Vragen%20Fractie%20Koll%C3%ABe%20Rijkx%20F1.pdf","foi_nrPages":1}],"foi_nrDocuments":4,"foi_nrPagesInDossier":4,"foi_publishedDate":"2023-04-06","foi_retrievedDate":"2026-02-05"},{"dc_creator":"HandelingScraper_v1","dc_date_year":2023,"dc_description":"Vergadering van de Gemeente Beekdaelen op 2023-04-06. Onderdeel: Opening, mededelingen voorzitter en vaststellen agenda..","dc_identifier":"nl.gm1954.2c.2023.2834480-2","dc_publisher":"gm1954","dc_source":"https://beekdaelen.bestuurlijkeinformatie.nl/Agenda/Index/e88a61dc-f9ac-4f4f-ae50-d9a42ffbf32a","dc_title":"Raadscommissie Fysieke Leefomgeving 2023-04-06 - Opening, mededelingen voorzitter en vaststellen agenda.","dc_type":"2c","dc_type_description":"Vergaderstuk decentrale overheid","foi_fairiscoreVersions":{"v1":1,"v2":1},"foi_files":[{"dc_format":"application/pdf","dc_identifier":"nl.gm1954.2c.2023.2834480-2.doc.2","dc_source":"https://api1.ibabs.eu/publicdownload.aspx?site=Beekdaelen&id=c4151a2a-0d37-4b70-be48-46591e9c7319","dc_title":"Vastgestelde agenda raadscommissie FLO 06042023","dc_type":"bijlage","foi_fairiscoreVersions":{"v1":1,"v2":1},"foi_fileName":"Vastgestelde%20agenda%20raadscommissie%20FLO%2006042023.pdf","foi_nrPages":1},{"dc_format":"application/pdf","dc_identifier":"nl.gm1954.2c.2023.2834480-2.doc.1","dc_source":"https://api1.ibabs.eu/publicdownload.aspx?site=Beekdaelen&id=61d9cc2a-6e66-4723-a0c3-fcb3321be88b","dc_title":"Uitnodiging en voorlopige agenda cie. FLO 06.04.2023","dc_type":"bijlage","foi_fairiscoreVersions":{"v1":1,"v2":1},"foi_fileName":"Voorlopige%20agenda%20%28kopie%20uit%20Decos%29.pdf","foi_nrPages":2}],"foi_nrDocuments":2,"foi_nrPagesInDossier":3,"foi_publishedDate":"2023-04-06","foi_retrievedDate":"2026-03-02"},{"dc_creator":"HandelingScraper_v1","dc_date_year":2023,"dc_description":"Vergadering van de Gemeente Beekdaelen op 2023-04-06. Onderdeel: Vaststellen actiepuntenlijst van de raadscommissie Fysieke Leefomgeving d.d. 9 februari 2023.","dc_identifier":"nl.gm1954.2c.2023.2834480-3","dc_publisher":"gm1954","dc_source":"https://beekdaelen.bestuurlijkeinformatie.nl/Agenda/Index/e88a61dc-f9ac-4f4f-ae50-d9a42ffbf32a","dc_title":"Raadscommissie Fysieke Leefomgeving 2023-04-06 - Vaststellen actiepuntenlijst van de raadscommissie Fysieke Leefomgeving d.d. 9 februari 2023","dc_type":"2c","dc_type_description":"Vergaderstuk decentrale overheid","foi_fairiscoreVersions":{"v1":1,"v2":1},"foi_files":[{"dc_format":"application/pdf","dc_identifier":"nl.gm1954.2c.2023.2834480-3.doc.1","dc_source":"https://api1.ibabs.eu/publicdownload.aspx?site=Beekdaelen&id=d2ac2b1b-29bd-45b4-a1c4-0526020436c1","dc_title":"Actiepuntenlijst opebaar deel cie FLO 09.02.2023 - vastgesteld 06.04.2023","dc_type":"bijlage","foi_fairiscoreVersions":{"v1":1,"v2":1},"foi_fileName":"Actiepuntenlijst%20opebaar%20deel%20cie%20FLO%2009.02.2023%20-%20hersteld.pdf","foi_nrPages":6}],"foi_nrDocuments":1,"foi_nrPagesInDossier":6,"foi_publishedDate":"2023-04-06","foi_retrievedDate":"2026-03-04"},{"dc_creator":"HandelingScraper_v1","dc_date_year":2023,"dc_description":"Vergadering van de Gemeente Beekdaelen op 2023-04-06. Onderdeel: Voorstel inzake \"Bestemmingsplan Woonzorgcomplex Valkenburgerweg 69 te Nuth\".","dc_identifier":"nl.gm1954.2c.2023.2834480-4","dc_publisher":"gm1954","dc_source":"https://beekdaelen.bestuurlijkeinformatie.nl/Agenda/Index/e88a61dc-f9ac-4f4f-ae50-d9a42ffbf32a","dc_title":"Raadscommissie Fysieke Leefomgeving 2023-04-06 - Voorstel inzake \"Bestemmingsplan Woonzorgcomplex Valkenburgerweg 69 te Nuth\"","dc_type":"2c","dc_type_description":"Vergaderstuk decentrale overheid","foi_fairiscoreVersions":{"v1":2,"v2":1},"foi_files":[{"dc_format":"application/octet-stream","dc_identifier":"nl.gm1954.2c.2023.2834480-4.doc.11","dc_source":"https://api1.ibabs.eu/publicdownload.aspx?site=Beekdaelen&id=8eab39c9-6d73-4c56-af05-38513ff81b86","dc_title":"Geluidsbestand F1 Bestemmingsplan Vburg.weg 69 I","dc_type":"bijlage","foi_fileName":"F1%20Bestemmingsplan%20Vburg.weg%2069%20I.mp3"},{"dc_format":"application/octet-stream","dc_identifier":"nl.gm1954.2c.2023.2834480-4.doc.12","dc_source":"https://api1.ibabs.eu/publicdownload.aspx?site=Beekdaelen&id=3285534f-8185-41be-8efe-46c16193f4b9","dc_title":"Geluidsbestand F1 Bestemmingsplan Vburg.weg 69 II","dc_type":"bijlage","foi_fileName":"F1%20Bestemmingsplan%20Vburg.weg%2069%20II.mp3"},{"dc_format":"application/pdf","dc_identifier":"nl.gm1954.2c.2023.2834480-4.doc.8","dc_source":"https://api1.ibabs.eu/publicdownload.aspx?site=Beekdaelen&id=5a309788-d4e0-43ba-b1b0-6ba74cb348c0","dc_title":"MvA technische voorvragen Koll\u00e9 Rijkx F1","dc_type":"bijlage","foi_fairiscoreVersions":{"v1":1,"v2":1},"foi_fileName":"MvA%20technische%20voorvragen%20Koll%C3%A9%20Rijkx%20F1.pdf","foi_nrPages":2},{"dc_format":"application/pdf","dc_identifier":"nl.gm1954.2c.2023.2834480-4.doc.9","dc_source":"https://api1.ibabs.eu/publicdownload.aspx?site=Beekdaelen&id=5156e9bb-a324-405b-a276-8e6a3545880f","dc_title":"MvA technische voorvragen VG F1","dc_type":"bijlage","foi_fairiscoreVersions":{"v1":1,"v2":1},"foi_fileName":"MvA%20technische%20voorvragen%20VG%20F1.pdf","foi_nrPages":1},{"dc_format":"application/pdf","dc_identifier":"nl.gm1954.2c.2023.2834480-4.doc.10","dc_source":"https://api1.ibabs.eu/publicdownload.aspx?site=Beekdaelen&id=4af8ea4a-c9a6-4ef5-a3f8-1706d5c8d923","dc_title":"MvA technische voorvragen VVD F1","dc_type":"bijlage","foi_fairiscoreVersions":{"v1":1,"v2":1},"foi_fileName":"MvA%20technische%20voorvragen%20VVD%20F1.pdf","foi_nrPages":2},{"dc_format":"application/pdf","dc_identifier":"nl.gm1954.2c.2023.2834480-4.doc.7","dc_source":"https://api1.ibabs.eu/publicdownload.aspx?site=Beekdaelen&id=b575b4c5-6bc6-4f18-a9e1-58f40f85a889","dc_title":"MvA technische vragen CDA F1","dc_type":"bijlage","foi_fairiscoreVersions":{"v1":1,"v2":1},"foi_fileName":"MvA%20technische%20vragen%20CDA%20F1.pdf","foi_nrPages":1},{"dc_format":"application/pdf","dc_identifier":"nl.gm1954.2c.2023.2834480-4.doc.3","dc_source":"https://api1.ibabs.eu/publicdownload.aspx?site=Beekdaelen&id=a8b28002-b0a4-4d65-a6e4-4b003afa6706","dc_title":"Bijlage 1: Nota van zienswijzen","dc_type":"bijlage","foi_fairiscoreVersions":{"v1":2,"v2":1},"foi_fileName":"Nota%20van%20zienswijzen.pdf","foi_nrPages":11},{"dc_format":"application/pdf","dc_identifier":"nl.gm1954.2c.2023.2834480-4.doc.2","dc_source":"https://api1.ibabs.eu/publicdownload.aspx?site=Beekdaelen&id=c8450efb-0edd-4b05-b8fb-61041cd8b856","dc_title":"Raadsbesluit inzake Bestemmingsplan Woonzorgcomplex Valkenburgerweg 69 te Nuth , vastgesteld 18.04.2023","dc_type":"bijlage","foi_fairiscoreVersions":{"v1":1,"v2":1},"foi_fileName":"Raadsbesluit%20331166_1.pdf","foi_nrPages":2},{"dc_format":"application/pdf","dc_identifier":"nl.gm1954.2c.2023.2834480-4.doc.1","dc_source":"https://api1.ibabs.eu/publicdownload.aspx?site=Beekdaelen&id=e9743a78-7ced-432e-9a96-1ebedcf8cc74","dc_title":"Raadsvoorstel inzake Bestemmingsplan Woonzorgcomplex Valkenburgerweg 69 te Nuth","dc_type":"bijlage","foi_fairiscoreVersions":{"v1":1,"v2":1},"foi_fileName":"Raadsvoorstel%20329471_1.pdf","foi_nrPages":5},{"dc_format":"application/pdf","dc_identifier":"nl.gm1954.2c.2023.2834480-4.doc.5","dc_source":"https://api1.ibabs.eu/publicdownload.aspx?site=Beekdaelen&id=5d56bf39-3965-4c37-bd8e-f7ef1fb8a748","dc_title":"Bijlage 4: Regels BP Valkenburgerwg 69","dc_type":"bijlage","foi_fairiscoreVersions":{"v1":1,"v2":1},"foi_fileName":"Regels%20BP%20Valkenburgerwg%2069.pdf","foi_nrPages":22},{"dc_format":"application/pdf","dc_identifier":"nl.gm1954.2c.2023.2834480-4.doc.4","dc_source":"https://api1.ibabs.eu/publicdownload.aspx?site=Beekdaelen&id=88e5beb6-219c-4055-8b74-cde28f1ff71f","dc_title":"Bijlage 2/3: Toelichting BP Valkenburgerweg 69","dc_type":"bijlage","foi_fairiscoreVersions":{"v1":2,"v2":1},"foi_fileName":"Toelichting%20BP%20Valkenburgerwg%2069.pdf","foi_nrPages":60},{"dc_format":"application/pdf","dc_identifier":"nl.gm1954.2c.2023.2834480-4.doc.6","dc_source":"https://api1.ibabs.eu/publicdownload.aspx?site=Beekdaelen&id=81c2dda9-d4e2-4190-b114-155ccd02d196","dc_title":"Bijlage 5: Verbeelding BP Valkenburgerwg 69","dc_type":"bijlage","foi_fairiscoreVersions":{"v1":1,"v2":1},"foi_fileName":"Verbeelding%20BP%20Valkenburgerwg%2069.pdf","foi_nrPages":1}],"foi_nrDocuments":12,"foi_nrPagesInDossier":107,"foi_publishedDate":"2023-04-06","foi_retrievedDate":"2026-03-03"},{"dc_creator":"HandelingScraper_v1","dc_date_year":2023,"dc_description":"Vergadering van de Gemeente Beekdaelen op 2023-04-06. Onderdeel: Voorstel inzake \"Aanvraag omgevingsvergunning: wijziging bestemming agrarisch naar wonen (3 woningen) aan de Montfortstraat 11 te Schimmert\".","dc_identifier":"nl.gm1954.2c.2023.2834480-5","dc_publisher":"gm1954","dc_source":"https://beekdaelen.bestuurlijkeinformatie.nl/Agenda/Index/e88a61dc-f9ac-4f4f-ae50-d9a42ffbf32a","dc_title":"Raadscommissie Fysieke Leefomgeving 2023-04-06 - Voorstel inzake \"Aanvraag omgevingsvergunning: wijziging bestemming agrarisch naar wonen (3 woningen) aan de Montfortstraat 11 te Schimmert\"","dc_type":"2c","dc_type_description":"Vergaderstuk decentrale overheid","foi_fairiscoreVersions":{"v1":2,"v2":2},"foi_files":[{"dc_format":"application/pdf","dc_identifier":"nl.gm1954.2c.2023.2834480-5.doc.1","dc_source":"https://api1.ibabs.eu/publicdownload.aspx?site=Beekdaelen&id=cad625b4-7521-4811-85c9-22a3724448ff","dc_title":"Raadsvoorstel inzake \"Aanvraag omgevingsvergunning van agrarisch naar wonen Montfortstaat 11 Schimmert","dc_type":"bijlage","foi_fairiscoreVersions":{"v1":1,"v2":1},"foi_fileName":"20230130%20Raad%20voorstel.pdf","foi_nrPages":2},{"dc_format":"application/pdf","dc_identifier":"nl.gm1954.2c.2023.2834480-5.doc.3","dc_source":"https://api1.ibabs.eu/publicdownload.aspx?site=Beekdaelen&id=7ec1186e-4ae1-4eed-93e5-d48ea73189f8","dc_title":"Raadsbesluit inzake Aanvraag omgevingsvergunning van agrarisch naar wonen Montfortstaat 11 Schimmert, vastgesteld 18.04.2023","dc_type":"bijlage","foi_fairiscoreVersions":{"v1":1,"v2":1},"foi_fileName":"20230130%20Raadsbesluit.pdf","foi_nrPages":1},{"dc_format":"application/pdf","dc_identifier":"nl.gm1954.2c.2023.2834480-5.doc.2","dc_source":"https://api1.ibabs.eu/publicdownload.aspx?site=Beekdaelen&id=373e8839-f42c-457b-9723-b8d28b29c41a","dc_title":"Bijlage: Ontwerpbesluit","dc_type":"bijlage","foi_fairiscoreVersions":{"v1":2,"v2":2},"foi_fileName":"20230131%20ontwerpbesluit.pdf","foi_nrPages":4},{"dc_format":"application/octet-stream","dc_identifier":"nl.gm1954.2c.2023.2834480-5.doc.7","dc_source":"https://api1.ibabs.eu/publicdownload.aspx?site=Beekdaelen&id=fa775fbb-b913-4a89-ab03-54d4f3dfe645","dc_title":"Geluidsbestand F2 Montfortstraat Schimmert","dc_type":"bijlage","foi_fileName":"F2%20Montfortstraat%20Schimmert.mp3"},{"dc_format":"application/pdf","dc_identifier":"nl.gm1954.2c.2023.2834480-5.doc.4","dc_source":"https://api1.ibabs.eu/publicdownload.aspx?site=Beekdaelen&id=8e4e3645-2774-4392-981a-a270a3c48194","dc_title":"Bijlage: Ruimtelijke onderbouwing","dc_type":"bijlage","foi_fairiscoreVersions":{"v1":1,"v2":1},"foi_fileName":"Ruimtelijke_onderbouwing_plan_Montfortstraat_11.pdf","foi_nrPages":37},{"dc_format":"application/pdf","dc_identifier":"nl.gm1954.2c.2023.2834480-5.doc.6","dc_source":"https://api1.ibabs.eu/publicdownload.aspx?site=Beekdaelen&id=4a61fa16-70e2-4934-acc4-7e951547bffe","dc_title":"Bijlage: Tekening Schetsontwerp beoogde toestand","dc_type":"bijlage","foi_fairiscoreVersions":{"v1":2,"v2":1},"foi_fileName":"Schetsontwerp_beoogde_toestand_5321So01-191021.pdf","foi_nrPages":1},{"dc_format":"application/pdf","dc_identifier":"nl.gm1954.2c.2023.2834480-5.doc.5","dc_source":"https://api1.ibabs.eu/publicdownload.aspx?site=Beekdaelen&id=c06be6e0-0eae-4655-b98a-fac99de8cff6","dc_title":"Bijlage: Tekening bestaande toestand","dc_type":"bijlage","foi_fairiscoreVersions":{"v1":2,"v2":1},"foi_fileName":"Tekening_bestaande_toestand_5321Bt01-111021.pdf","foi_nrPages":1}],"foi_nrDocuments":7,"foi_nrPagesInDossier":46,"foi_publishedDate":"2023-04-06","foi_retrievedDate":"2026-03-06"},{"dc_creator":"HandelingScraper_v1","dc_date_year":2023,"dc_description":"Vergadering van de Gemeente Beekdaelen op 2023-04-06. Onderdeel: Voorstel inzake \"Vestiging voorkeursrecht in de Nuinhofwijk te Nuth (VAN AGENDA AFGEVOERD, WORDT BEHANDELD IN CIE. 11 MEI 2023).","dc_identifier":"nl.gm1954.2c.2023.2834480-6","dc_publisher":"gm1954","dc_source":"https://beekdaelen.bestuurlijkeinformatie.nl/Agenda/Index/e88a61dc-f9ac-4f4f-ae50-d9a42ffbf32a","dc_title":"Raadscommissie Fysieke Leefomgeving 2023-04-06 - Voorstel inzake \"Vestiging voorkeursrecht in de Nuinhofwijk te Nuth (VAN AGENDA AFGEVOERD, WORDT BEHANDELD IN CIE. 11 MEI 2023)","dc_type":"2c","dc_type_description":"Vergaderstuk decentrale overheid","foi_fairiscoreVersions":{"v1":1,"v2":1},"foi_files":[{"dc_format":"application/pdf","dc_identifier":"nl.gm1954.2c.2023.2834480-6.doc.1","dc_source":"https://api1.ibabs.eu/publicdownload.aspx?site=Beekdaelen&id=189bd284-3cf2-40bb-bab5-7ff457805c33","dc_title":"Raadsvoorstel vestiging voorkeursrecht Nuinhofwijk","dc_type":"bijlage","foi_fairiscoreVersions":{"v1":1,"v2":1},"foi_fileName":"Raadsvoorstel%20vestiging%20voorkeursrecht%20Nuinhofwijk.pdf","foi_nrPages":4},{"dc_format":"application/pdf","dc_identifier":"nl.gm1954.2c.2023.2834480-6.doc.2","dc_source":"https://api1.ibabs.eu/publicdownload.aspx?site=Beekdaelen&id=8ae8c494-44ce-4e81-a591-d74eab66099a","dc_title":"RBS Nuinhofwijk","dc_type":"bijlage","foi_fairiscoreVersions":{"v1":1,"v2":1},"foi_fileName":"RBS%20Nuinhofwijk.pdf","foi_nrPages":1}],"foi_nrDocuments":2,"foi_nrPagesInDossier":5,"foi_publishedDate":"2023-04-06","foi_retrievedDate":"2026-03-01"},{"dc_creator":"HandelingScraper_v1","dc_date_year":2023,"dc_description":"Vergadering van de Gemeente Beekdaelen op 2023-04-06. Onderdeel: Rondvraag Fysieke Leefomgeving.","dc_identifier":"nl.gm1954.2c.2023.2834480-7","dc_publisher":"gm1954","dc_source":"https://beekdaelen.bestuurlijkeinformatie.nl/Agenda/Index/e88a61dc-f9ac-4f4f-ae50-d9a42ffbf32a","dc_title":"Raadscommissie Fysieke Leefomgeving 2023-04-06 - Rondvraag Fysieke Leefomgeving","dc_type":"2c","dc_type_description":"Vergaderstuk decentrale overheid","foi_fairiscoreVersions":{"v1":1,"v2":1},"foi_files":[{"dc_format":"application/pdf","dc_identifier":"nl.gm1954.2c.2023.2834480-7.doc.8","dc_source":"https://api1.ibabs.eu/publicdownload.aspx?site=Beekdaelen&id=04fdd0bf-0a98-43d4-bb91-2f7db7fc5e67","dc_title":"aanvullende vragen fractie VG mbt rondvraag  cie FLO 06042023.docx","dc_type":"bijlage","foi_fairiscoreVersions":{"v1":1,"v2":1},"foi_fileName":"aanvullende%20vragen%20fractie%20VG%20mbt%20rondvraag%20%20cie%20FLO%2006042023.pdf","foi_nrPages":1},{"dc_format":"application/octet-stream","dc_identifier":"nl.gm1954.2c.2023.2834480-7.doc.11","dc_source":"https://api1.ibabs.eu/publicdownload.aspx?site=Beekdaelen&id=8e511aab-ed1c-4d42-87ce-b9dc7309c4ff","dc_title":"Geluidsbestand G Rondvraag","dc_type":"bijlage","foi_fileName":"G%20Rondvraag.mp3"},{"dc_format":"application/pdf","dc_identifier":"nl.gm1954.2c.2023.2834480-7.doc.9","dc_source":"https://api1.ibabs.eu/publicdownload.aspx?site=Beekdaelen&id=388e902f-cbdf-4207-a8a3-ad6821a78d6e","dc_title":"MvA aanvullende vragen VG commissie FL 06-04-2023  - E-knip aanpak Energiearmoede.","dc_type":"bijlage","foi_fairiscoreVersions":{"v1":1,"v2":1},"foi_fileName":"MvA%20aanvullende%20vragen%20VG%20commissie%20FL%2006-04-2023%20%20-%20E-knip%20aanpak%20Energiearmoede.pdf","foi_nrPages":1},{"dc_format":"application/pdf","dc_identifier":"nl.gm1954.2c.2023.2834480-7.doc.7","dc_source":"https://api1.ibabs.eu/publicdownload.aspx?site=Beekdaelen&id=43294018-1509-41a3-8bab-fa88376f1787","dc_title":"MvA mbt Rondvraag 2 fractie VG","dc_type":"bijlage","foi_fairiscoreVersions":{"v1":1,"v2":1},"foi_fileName":"MvA%20Rondvraag%202%20VG.pdf","foi_nrPages":2},{"dc_format":"application/pdf","dc_identifier":"nl.gm1954.2c.2023.2834480-7.doc.10","dc_source":"https://api1.ibabs.eu/publicdownload.aspx?site=Beekdaelen&id=62102ce8-33f3-48bb-9901-7a2fb86eee1f","dc_title":"MvA technische voorvragen VVD en PvdA mbt Verkeersspiegels","dc_type":"bijlage","foi_fairiscoreVersions":{"v1":1,"v2":1},"foi_fileName":"MvA%20technische%20voorvragen%20VVD%20en%20PvdA%20mbt%20Verkeersspiegels.pdf","foi_nrPages":2},{"dc_format":"application/pdf","dc_identifier":"nl.gm1954.2c.2023.2834480-7.doc.2","dc_source":"https://api1.ibabs.eu/publicdownload.aspx?site=Beekdaelen&id=9998a26f-76c8-46d3-a5c2-77ce82c5d0d5","dc_title":"MvA technische vragen VVD G Rondvraag (vraag 1)","dc_type":"bijlage","foi_fairiscoreVersions":{"v1":1,"v2":1},"foi_fileName":"MvA%20technische%20vragen%20VVD%20G%20Rondvraag%20%28vraag%201%29.pdf","foi_nrPages":2},{"dc_format":"application/pdf","dc_identifier":"nl.gm1954.2c.2023.2834480-7.doc.3","dc_source":"https://api1.ibabs.eu/publicdownload.aspx?site=Beekdaelen&id=8dbaad9a-92bd-4f52-a9dd-9962c04a1e57","dc_title":"MvA technische vragen VVD G Rondvraag (vraag 2)","dc_type":"bijlage","foi_fairiscoreVersions":{"v1":1,"v2":1},"foi_fileName":"MvA%20technische%20vragen%20VVD%20G%20Rondvraag%20%28vraag%202%29.pdf","foi_nrPages":1},{"dc_format":"application/pdf","dc_identifier":"nl.gm1954.2c.2023.2834480-7.doc.5","dc_source":"https://api1.ibabs.eu/publicdownload.aspx?site=Beekdaelen&id=8fcfa8c8-183e-4c94-bc1b-e889070768bb","dc_title":"MvA  mbt Rondvraag 1  fractie VG","dc_type":"bijlage","foi_fairiscoreVersions":{"v1":1,"v2":1},"foi_fileName":"MvA%20VG%20mbt%20Rondvraag%201%20-%20bushalte%20Etzenrade.pdf","foi_nrPages":1},{"dc_format":"application/pdf","dc_identifier":"nl.gm1954.2c.2023.2834480-7.doc.6","dc_source":"https://api1.ibabs.eu/publicdownload.aspx?site=Beekdaelen&id=f5422d4f-a7a2-4334-9033-6a215740eeb2","dc_title":"Rondvraag 2 VG cie. FLO 06042023","dc_type":"bijlage","foi_fairiscoreVersions":{"v1":1,"v2":1},"foi_fileName":"Rondvraag%202%20VG%20cie.%20FLO%2006042023.pdf","foi_nrPages":1},{"dc_format":"application/pdf","dc_identifier":"nl.gm1954.2c.2023.2834480-7.doc.4","dc_source":"https://api1.ibabs.eu/publicdownload.aspx?site=Beekdaelen&id=44f1051b-8214-4207-bb6f-89135fb80f86","dc_title":"Rondvraag 1 VG cie. FLO 06042023","dc_type":"bijlage","foi_fairiscoreVersions":{"v1":1,"v2":1},"foi_fileName":"Rondvraag%20VG%20cie.%20FLO%2006042023.pdf","foi_nrPages":1},{"dc_format":"application/pdf","dc_identifier":"nl.gm1954.2c.2023.2834480-7.doc.1","dc_source":"https://api1.ibabs.eu/publicdownload.aspx?site=Beekdaelen&id=a2ce599e-e34d-49c7-bc8f-3112b2438c92","dc_title":"Rondvraag VVD cie. FLO 06042023","dc_type":"bijlage","foi_fairiscoreVersions":{"v1":1,"v2":1},"foi_fileName":"Rondvraag%20VVD%20cie.%20FLO%2006042023.pdf","foi_nrPages":1}],"foi_nrDocuments":11,"foi_nrPagesInDossier":13,"foi_publishedDate":"2023-04-06","foi_retrievedDate":"2026-03-09"},{"dc_creator":"HandelingScraper_v1","dc_date_year":2023,"dc_description":"Vergadering van de Gemeente Beekdaelen op 2023-04-06. Onderdeel: Informatievoorziening door Waterschap Limburg.","dc_identifier":"nl.gm1954.2c.2023.2834480-8","dc_publisher":"gm1954","dc_source":"https://beekdaelen.bestuurlijkeinformatie.nl/Agenda/Index/e88a61dc-f9ac-4f4f-ae50-d9a42ffbf32a","dc_title":"Raadscommissie Fysieke Leefomgeving 2023-04-06 - Informatievoorziening door Waterschap Limburg","dc_type":"2c","dc_type_description":"Vergaderstuk decentrale overheid","foi_fairiscoreVersions":{"v1":2,"v2":2},"foi_files":[{"dc_format":"application/pdf","dc_identifier":"nl.gm1954.2c.2023.2834480-8.doc.1","dc_source":"https://api1.ibabs.eu/publicdownload.aspx?site=Beekdaelen&id=a626a58a-dc18-4c95-8d02-6ba914c19b85","dc_title":"invulformulier informatievoorziening tijdens raadscommissie Beekdaelen 06-04-2023 - rol Waterschap Limburg.","dc_type":"bijlage","foi_fairiscoreVersions":{"v1":1,"v2":1},"foi_fileName":"invulformulier%20informatievoorziening%20tijdens%20raadscommissie%20Beekdaelen%2006-04-2023%20-%20rol%20Waterschap%20Limburg.pdf","foi_nrPages":2},{"dc_format":"application/pdf","dc_identifier":"nl.gm1954.2c.2023.2834480-8.doc.2","dc_source":"https://api1.ibabs.eu/publicdownload.aspx?site=Beekdaelen&id=93447eec-1020-47d4-a25e-0e73345c1667","dc_title":"presentatie Kennismaking WL - raad Beekdaelen.","dc_type":"bijlage","foi_fairiscoreVersions":{"v1":2,"v2":3},"foi_fileName":"presentatie%20Kennismaking%20WL%20-%20raad%20Beekdaelen.pdf","foi_nrPages":49}],"foi_nrDocuments":2,"foi_nrPagesInDossier":51,"foi_publishedDate":"2023-04-06","foi_retrievedDate":"2026-03-02"},{"dc_creator":"HandelingScraper_v1","dc_date_year":2023,"dc_description":"Vergadering van de Gemeente Beekdaelen op 2023-04-06. Onderdeel: Presentatie stand van zaken planontwikkeling gemeenschapshuis Puth.","dc_identifier":"nl.gm1954.2c.2023.2834480-9","dc_publisher":"gm1954","dc_source":"https://beekdaelen.bestuurlijkeinformatie.nl/Agenda/Index/e88a61dc-f9ac-4f4f-ae50-d9a42ffbf32a","dc_title":"Raadscommissie Fysieke Leefomgeving 2023-04-06 - Presentatie stand van zaken planontwikkeling gemeenschapshuis Puth","dc_type":"2c","dc_type_description":"Vergaderstuk decentrale overheid","foi_fairiscoreVersions":{"v1":2,"v2":2},"foi_files":[{"dc_format":"application/pdf","dc_identifier":"nl.gm1954.2c.2023.2834480-9.doc.1","dc_source":"https://api1.ibabs.eu/publicdownload.aspx?site=Beekdaelen&id=766aef10-50f7-411e-92f7-1fee5884062d","dc_title":"informatievoorziening tijdens raadscommissie Beekdaelen inzake gemeenschapshuis Puth","dc_type":"bijlage","foi_fairiscoreVersions":{"v1":1,"v2":1},"foi_fileName":"informatievoorziening%20tijdens%20raadscommissie%20Beekdaelen%20inzake%20gemeenschapshuis%20Puth%20%20DEF.pdf","foi_nrPages":2},{"dc_format":"application/pdf","dc_identifier":"nl.gm1954.2c.2023.2834480-9.doc.2","dc_source":"https://api1.ibabs.eu/publicdownload.aspx?site=Beekdaelen&id=42903cae-31c9-47e8-9f87-b2d0a5a98fca","dc_title":"Presentatie gemeenschapshuis Puth 20230406","dc_type":"bijlage","foi_fairiscoreVersions":{"v1":2,"v2":3},"foi_fileName":"Presentatie%20gemeenschapshuis%20Puth%2020230406%20DEF.pdf","foi_nrPages":18}],"foi_nrDocuments":2,"foi_nrPagesInDossier":20,"foi_publishedDate":"2023-04-06","foi_retrievedDate":"2026-03-06"},{"dc_creator":"HandelingScraper_v1","dc_date_year":2023,"dc_description":"Vergadering van de Gemeente Beekdaelen op 2023-04-18. Onderdeel: Opening.","dc_identifier":"nl.gm1954.2c.2023.2834533-1","dc_publisher":"gm1954","dc_source":"https://beekdaelen.bestuurlijkeinformatie.nl/Agenda/Index/394ab758-54fb-47fe-bbf0-6d0efb28ff5f","dc_title":"Raadsvergadering 2023-04-18 - Opening","dc_type":"2c","dc_type_description":"Vergaderstuk decentrale overheid","foi_fairiscoreVersions":{"v1":1,"v2":1},"foi_files":[{"dc_format":"application/pdf","dc_identifier":"nl.gm1954.2c.2023.2834533-1.doc.1","dc_source":"https://api1.ibabs.eu/publicdownload.aspx?site=Beekdaelen&id=f3bfb589-2ee4-45e8-ad5e-3cca60ae3c9a","dc_title":"Uitnodiging en voorlopige agenda raadsvergadering 18 april 2023","dc_type":"bijlage","foi_fairiscoreVersions":{"v1":1,"v2":1},"foi_fileName":"Uitnodiging%20en%20voorlopige%20agenda%20raadsvergadering%2018%20april%202023.pdf","foi_nrPages":2}],"foi_nrDocuments":1,"foi_nrPagesInDossier":2,"foi_publishedDate":"2023-04-18","foi_retrievedDate":"2026-03-04"},{"dc_creator":"HandelingScraper_v1","dc_date_year":2023,"dc_description":"Vergadering van de Gemeente Beekdaelen op 2023-04-18. Onderdeel: Motie inzake onderzoek samenvoeging GR'en.","dc_identifier":"nl.gm1954.2c.2023.2834533-10","dc_publisher":"gm1954","dc_source":"https://beekdaelen.bestuurlijkeinformatie.nl/Agenda/Index/394ab758-54fb-47fe-bbf0-6d0efb28ff5f","dc_title":"Raadsvergadering 2023-04-18 - Motie inzake onderzoek samenvoeging GR'en","dc_type":"2c","dc_type_description":"Vergaderstuk decentrale overheid","foi_fairiscoreVersions":{"v1":1,"v2":1},"foi_files":[{"dc_format":"application/pdf","dc_identifier":"nl.gm1954.2c.2023.2834533-10.doc.1","dc_source":"https://api1.ibabs.eu/publicdownload.aspx?site=Beekdaelen&id=86a9aca3-03b7-4709-be34-875217961f88","dc_title":"Motie gezamenlijke fracties inzake onderzoek samenvoeging GR'en UNANIEM AANGENOMEN","dc_type":"bijlage","foi_fairiscoreVersions":{"v1":1,"v2":1},"foi_fileName":"Motie%20gezamenlijke%20fracties%20inzake%20onderzoek%20samenvoeging%20GR%27en%20UNANIEM%20AANGENOMEN.pdf","foi_nrPages":1}],"foi_nrDocuments":1,"foi_nrPagesInDossier":1,"foi_publishedDate":"2023-04-18","foi_retrievedDate":"2025-12-04"},{"dc_creator":"HandelingScraper_v1","dc_date_year":2023,"dc_description":"Vergadering van de Gemeente Beekdaelen op 2023-04-18. Onderdeel: Voorstel inzake Bestemmingsplan Woonzorgcomplex Valkenburgerweg 69 te Nuth.","dc_identifier":"nl.gm1954.2c.2023.2834533-11","dc_publisher":"gm1954","dc_source":"https://beekdaelen.bestuurlijkeinformatie.nl/Agenda/Index/394ab758-54fb-47fe-bbf0-6d0efb28ff5f","dc_title":"Raadsvergadering 2023-04-18 - Voorstel inzake Bestemmingsplan Woonzorgcomplex Valkenburgerweg 69 te Nuth","dc_type":"2c","dc_type_description":"Vergaderstuk decentrale overheid","foi_fairiscoreVersions":{"v1":2,"v2":1},"foi_files":[{"dc_format":"application/pdf","dc_identifier":"nl.gm1954.2c.2023.2834533-11.doc.7","dc_source":"https://api1.ibabs.eu/publicdownload.aspx?site=Beekdaelen&id=a406de6d-2414-4d3e-ae0d-3630f8f93116","dc_title":"Beantwoording openstaande vragen","dc_type":"bijlage","foi_fairiscoreVersions":{"v1":1,"v2":1},"foi_fileName":"20230412%20Memo%20Gemeente%20Beekdaelen.pdf","foi_nrPages":2},{"dc_format":"application/pdf","dc_identifier":"nl.gm1954.2c.2023.2834533-11.doc.3","dc_source":"https://api1.ibabs.eu/publicdownload.aspx?site=Beekdaelen&id=a8b28002-b0a4-4d65-a6e4-4b003afa6706","dc_title":"Bijlage 1: Nota van zienswijzen","dc_type":"bijlage","foi_fairiscoreVersions":{"v1":2,"v2":1},"foi_fileName":"Nota%20van%20zienswijzen.pdf","foi_nrPages":11},{"dc_format":"application/pdf","dc_identifier":"nl.gm1954.2c.2023.2834533-11.doc.2","dc_source":"https://api1.ibabs.eu/publicdownload.aspx?site=Beekdaelen&id=c8450efb-0edd-4b05-b8fb-61041cd8b856","dc_title":"Raadsbesluit inzake Bestemmingsplan Woonzorgcomplex Valkenburgerweg 69 te Nuth , vastgesteld 18.04.2023","dc_type":"bijlage","foi_fairiscoreVersions":{"v1":1,"v2":1},"foi_fileName":"Raadsbesluit%20331166_1.pdf","foi_nrPages":2},{"dc_format":"application/pdf","dc_identifier":"nl.gm1954.2c.2023.2834533-11.doc.1","dc_source":"https://api1.ibabs.eu/publicdownload.aspx?site=Beekdaelen&id=e9743a78-7ced-432e-9a96-1ebedcf8cc74","dc_title":"Raadsvoorstel inzake Bestemmingsplan Woonzorgcomplex Valkenburgerweg 69 te Nuth","dc_type":"bijlage","foi_fairiscoreVersions":{"v1":1,"v2":1},"foi_fileName":"Raadsvoorstel%20329471_1.pdf","foi_nrPages":5},{"dc_format":"application/pdf","dc_identifier":"nl.gm1954.2c.2023.2834533-11.doc.5","dc_source":"https://api1.ibabs.eu/publicdownload.aspx?site=Beekdaelen&id=5d56bf39-3965-4c37-bd8e-f7ef1fb8a748","dc_title":"Bijlage 4: Regels BP Valkenburgerwg 69","dc_type":"bijlage","foi_fairiscoreVersions":{"v1":1,"v2":1},"foi_fileName":"Regels%20BP%20Valkenburgerwg%2069.pdf","foi_nrPages":22},{"dc_format":"application/pdf","dc_identifier":"nl.gm1954.2c.2023.2834533-11.doc.4","dc_source":"https://api1.ibabs.eu/publicdownload.aspx?site=Beekdaelen&id=88e5beb6-219c-4055-8b74-cde28f1ff71f","dc_title":"Bijlage 2/3: Toelichting BP Valkenburgerweg 69","dc_type":"bijlage","foi_fairiscoreVersions":{"v1":2,"v2":1},"foi_fileName":"Toelichting%20BP%20Valkenburgerwg%2069.pdf","foi_nrPages":60},{"dc_format":"application/pdf","dc_identifier":"nl.gm1954.2c.2023.2834533-11.doc.6","dc_source":"https://api1.ibabs.eu/publicdownload.aspx?site=Beekdaelen&id=81c2dda9-d4e2-4190-b114-155ccd02d196","dc_title":"Bijlage 5: Verbeelding BP Valkenburgerwg 69","dc_type":"bijlage","foi_fairiscoreVersions":{"v1":1,"v2":1},"foi_fileName":"Verbeelding%20BP%20Valkenburgerwg%2069.pdf","foi_nrPages":1}],"foi_nrDocuments":7,"foi_nrPagesInDossier":103,"foi_publishedDate":"2023-04-18","foi_retrievedDate":"2025-12-07"},{"dc_creator":"HandelingScraper_v1","dc_date_year":2023,"dc_description":"Vergadering van de Gemeente Beekdaelen op 2023-04-18. Onderdeel: Vaststelling lijst ingekomen stukken.","dc_identifier":"nl.gm1954.2c.2023.2834533-12","dc_publisher":"gm1954","dc_source":"https://beekdaelen.bestuurlijkeinformatie.nl/Agenda/Index/394ab758-54fb-47fe-bbf0-6d0efb28ff5f","dc_title":"Raadsvergadering 2023-04-18 - Vaststelling lijst ingekomen stukken","dc_type":"2c","dc_type_description":"Vergaderstuk decentrale overheid","foi_fairiscoreVersions":{"v1":1,"v2":1},"foi_files":[{"dc_format":"application/pdf","dc_identifier":"nl.gm1954.2c.2023.2834533-12.doc.1","dc_source":"https://api1.ibabs.eu/publicdownload.aspx?site=Beekdaelen&id=40ff365e-4847-4bfe-b019-051d306a7dbf","dc_title":"Lijst ingekomen stukken raad 18042023 versie 14.04.2023, vastgesteld 18.04.2023","dc_type":"bijlage","foi_fairiscoreVersions":{"v1":1,"v2":1},"foi_fileName":"Lijst%20ingekomen%20stukken%20raad%2018042023%20versie%2014042023.pdf","foi_nrPages":6}],"foi_nrDocuments":1,"foi_nrPagesInDossier":6,"foi_publishedDate":"2023-04-18","foi_retrievedDate":"2026-02-05"},{"dc_creator":"HandelingScraper_v1","dc_date_year":2023,"dc_description":"Vergadering van de Gemeente Beekdaelen op 2023-04-18. Onderdeel: Vaststelling van de agenda.","dc_identifier":"nl.gm1954.2c.2023.2834533-2","dc_publisher":"gm1954","dc_source":"https://beekdaelen.bestuurlijkeinformatie.nl/Agenda/Index/394ab758-54fb-47fe-bbf0-6d0efb28ff5f","dc_title":"Raadsvergadering 2023-04-18 - Vaststelling van de agenda","dc_type":"2c","dc_type_description":"Vergaderstuk decentrale overheid","foi_fairiscoreVersions":{"v1":1,"v2":1},"foi_files":[{"dc_format":"application/pdf","dc_identifier":"nl.gm1954.2c.2023.2834533-2.doc.1","dc_source":"https://api1.ibabs.eu/publicdownload.aspx?site=Beekdaelen&id=2617b015-28df-4e13-84eb-221cf71fd1ae","dc_title":"Vastgestelde agenda raadsvergadering 18042023","dc_type":"bijlage","foi_fairiscoreVersions":{"v1":1,"v2":1},"foi_fileName":"Vastgestelde%20agenda%20raadsvergadering%2018042023.pdf","foi_nrPages":1}],"foi_nrDocuments":1,"foi_nrPagesInDossier":1,"foi_publishedDate":"2023-04-18","foi_retrievedDate":"2025-12-01"},{"dc_creator":"HandelingScraper_v1","dc_date_year":2023,"dc_description":"Vergadering van de Gemeente Beekdaelen op 2023-04-18. Onderdeel: Vaststellen besluitenlijst openbare raadsvergadering d.d. 7 maart 2023.","dc_identifier":"nl.gm1954.2c.2023.2834533-3","dc_publisher":"gm1954","dc_source":"https://beekdaelen.bestuurlijkeinformatie.nl/Agenda/Index/394ab758-54fb-47fe-bbf0-6d0efb28ff5f","dc_title":"Raadsvergadering 2023-04-18 - Vaststellen besluitenlijst openbare raadsvergadering d.d. 7 maart 2023","dc_type":"2c","dc_type_description":"Vergaderstuk decentrale overheid","foi_fairiscoreVersions":{"v1":1,"v2":1},"foi_files":[{"dc_format":"application/pdf","dc_identifier":"nl.gm1954.2c.2023.2834533-3.doc.1","dc_source":"https://api1.ibabs.eu/publicdownload.aspx?site=Beekdaelen&id=cf8314aa-f0a0-4a99-95b5-e149e94aad67","dc_title":"Besluitenlijst raadsvergadering 07032023, vastgesteld 18.04.2023","dc_type":"bijlage","foi_fairiscoreVersions":{"v1":1,"v2":1},"foi_fileName":"Besluitenlijst%20raadsvergadering%2007032023.pdf","foi_nrPages":9}],"foi_nrDocuments":1,"foi_nrPagesInDossier":9,"foi_publishedDate":"2023-04-18","foi_retrievedDate":"2026-03-03"},{"dc_creator":"HandelingScraper_v1","dc_date_year":2023,"dc_description":"Vergadering van de Gemeente Beekdaelen op 2023-04-18. Onderdeel: Voorstel inzake Verordening Participatie en uitdaagrecht Beekdaelen 2023.","dc_identifier":"nl.gm1954.2c.2023.2834533-4","dc_publisher":"gm1954","dc_source":"https://beekdaelen.bestuurlijkeinformatie.nl/Agenda/Index/394ab758-54fb-47fe-bbf0-6d0efb28ff5f","dc_title":"Raadsvergadering 2023-04-18 - Voorstel inzake Verordening Participatie en uitdaagrecht Beekdaelen 2023","dc_type":"2c","dc_type_description":"Vergaderstuk decentrale overheid","foi_fairiscoreVersions":{"v1":2,"v2":1},"foi_files":[{"dc_format":"application/pdf","dc_identifier":"nl.gm1954.2c.2023.2834533-4.doc.5","dc_source":"https://api1.ibabs.eu/publicdownload.aspx?site=Beekdaelen&id=6676ac11-eda3-4809-a611-e20810694566","dc_title":"Bijlage: VNG voorbeeld Verordening Participatie en uitdaagrecht","dc_type":"bijlage","foi_fairiscoreVersions":{"v1":1,"v2":1},"foi_fileName":"VNG%20voorbeeld%20participatieverordening.pdf","foi_nrPages":8},{"dc_format":"application/pdf","dc_identifier":"nl.gm1954.2c.2023.2834533-4.doc.1","dc_source":"https://api1.ibabs.eu/publicdownload.aspx?site=Beekdaelen&id=bf21fbfb-799c-4f7b-b8d1-7dc899c113f4","dc_title":"Raadsvoorstel inzake \"Verordening Participatie en uitdaagrecht Beekdaelen 2023\"","dc_type":"bijlage","foi_fairiscoreVersions":{"v1":1,"v2":1},"foi_fileName":"Z%2F23%2F187050%20-%20331820%20-%20Raadsvoorstel%20Verordening%20Participatie%20en%20uitdaagrecht%20Beekdaelen%202023.pdf","foi_nrPages":3},{"dc_format":"application/pdf","dc_identifier":"nl.gm1954.2c.2023.2834533-4.doc.2","dc_source":"https://api1.ibabs.eu/publicdownload.aspx?site=Beekdaelen&id=20ae3ebe-c9c7-415b-9630-64c285535f5d","dc_title":"Raadsbesluit Verordening Participatie en uitdaagrecht Beekdaelen 2023, vastgesteld 18.04.2023","dc_type":"bijlage","foi_fairiscoreVersions":{"v1":1,"v2":1},"foi_fileName":"Z%2F23%2F187050%20-%20331822%20-%20Raadsbesluit%20Verordening%20Participatie%20en%20uitdaagrecht%20Beekdaelen%202023.pdf","foi_nrPages":1},{"dc_format":"application/pdf","dc_identifier":"nl.gm1954.2c.2023.2834533-4.doc.4","dc_source":"https://api1.ibabs.eu/publicdownload.aspx?site=Beekdaelen&id=14902a39-7e11-48e9-bab9-b241f27140d9","dc_title":"Bijlage: VNG Ledenbrief Verordening Participatie en uitdaagrecht","dc_type":"bijlage","foi_fairiscoreVersions":{"v1":1,"v2":1},"foi_fileName":"Z%2F23%2F187050%20-%20331826%20-%20VNG%20Ledenbrief.pdf","foi_nrPages":2},{"dc_format":"application/pdf","dc_identifier":"nl.gm1954.2c.2023.2834533-4.doc.3","dc_source":"https://api1.ibabs.eu/publicdownload.aspx?site=Beekdaelen&id=242e9cc6-f25a-4c13-9482-f012db08f0f7","dc_title":"Verordening Participatie en uitdaagrecht Beekdaelen 2023, vastgesteld 18.04.2023","dc_type":"bijlage","foi_fairiscoreVersions":{"v1":1,"v2":1},"foi_fileName":"Z%2F23%2F187050%20-%20331830%20-%20Voorbeeld.pdf","foi_nrPages":7},{"dc_format":"application/pdf","dc_identifier":"nl.gm1954.2c.2023.2834533-4.doc.6","dc_source":"https://api1.ibabs.eu/publicdownload.aspx?site=Beekdaelen&id=9674e432-7b2f-4083-80dc-09700cff3505","dc_title":"Bijlage: Handreiking Participatie","dc_type":"bijlage","foi_fairiscoreVersions":{"v1":2,"v2":1},"foi_fileName":"Z%2F23%2F187050%20-%20331833%20-%20Handreiking.pdf","foi_nrPages":61}],"foi_nrDocuments":6,"foi_nrPagesInDossier":82,"foi_publishedDate":"2023-04-18","foi_retrievedDate":"2025-12-02"},{"dc_creator":"HandelingScraper_v1","dc_date_year":2023,"dc_description":"Vergadering van de Gemeente Beekdaelen op 2023-04-18. Onderdeel: Voorstel inzake Wijziging GR Omnibuzz en zienswijze gewijzigde begroting 2023.","dc_identifier":"nl.gm1954.2c.2023.2834533-5","dc_publisher":"gm1954","dc_source":"https://beekdaelen.bestuurlijkeinformatie.nl/Agenda/Index/394ab758-54fb-47fe-bbf0-6d0efb28ff5f","dc_title":"Raadsvergadering 2023-04-18 - Voorstel inzake Wijziging GR Omnibuzz en zienswijze gewijzigde begroting 2023","dc_type":"2c","dc_type_description":"Vergaderstuk decentrale overheid","foi_fairiscoreVersions":{"v1":2,"v2":2},"foi_files":[{"dc_format":"application/pdf","dc_identifier":"nl.gm1954.2c.2023.2834533-5.doc.3","dc_source":"https://api1.ibabs.eu/publicdownload.aspx?site=Beekdaelen&id=0ec0496c-c35f-4ba7-8d9c-0b217bf06af9","dc_title":"Bijlage: Gewijzigde regeling GR Omnibuzz","dc_type":"bijlage","foi_fairiscoreVersions":{"v1":1,"v2":1},"foi_fileName":"Z%2F23%2F185353%20-%20327458%20-%20Bijlage%201%20wijzigingsbesluit%20afrekensystematiek%20GR%20Omnibuzz.pdf","foi_nrPages":10},{"dc_format":"application/pdf","dc_identifier":"nl.gm1954.2c.2023.2834533-5.doc.4","dc_source":"https://api1.ibabs.eu/publicdownload.aspx?site=Beekdaelen&id=eb6acac4-4ae3-4153-9099-ce584878c995","dc_title":"Bijlage: Toelichting wijziging GR onderdeel aanpassing afrekensystematiek","dc_type":"bijlage","foi_fairiscoreVersions":{"v1":1,"v2":1},"foi_fileName":"Z%2F23%2F185353%20-%20327458%20-%20Bijlage%202%20toelichting%20wijziging%20GR%20onderdeel%20aanpassing%20afrekensystematiek.pdf","foi_nrPages":1},{"dc_format":"application/pdf","dc_identifier":"nl.gm1954.2c.2023.2834533-5.doc.1","dc_source":"https://api1.ibabs.eu/publicdownload.aspx?site=Beekdaelen&id=7aeca6c7-feca-4d67-8d06-84023a089c98","dc_title":"Raadsvoorstel inzake Toestemming wijziging gemeenschappelijke Omnibuzz en zienswijze  gewijzigde begroting 2023","dc_type":"bijlage","foi_fairiscoreVersions":{"v1":1,"v2":1},"foi_fileName":"Z%2F23%2F185353%20-%20327458%20-%20Bijlage%203%20raadsvoorstel%20327471_1.pdf","foi_nrPages":3},{"dc_format":"application/pdf","dc_identifier":"nl.gm1954.2c.2023.2834533-5.doc.2","dc_source":"https://api1.ibabs.eu/publicdownload.aspx?site=Beekdaelen&id=d1528cb6-f39a-4f1a-b009-6b73e22859c0","dc_title":"Raadsbesluit inzake Toestemming wijziging gemeenschappelijke Omnibuzz en zienswijze  gewijzigde begroting 2023, vastgesteld 18.04.2023","dc_type":"bijlage","foi_fairiscoreVersions":{"v1":1,"v2":1},"foi_fileName":"Z%2F23%2F185353%20-%20327458%20-%20Bijlage%204%20raadsbesluit%20327681_1.pdf","foi_nrPages":1},{"dc_format":"application/pdf","dc_identifier":"nl.gm1954.2c.2023.2834533-5.doc.6","dc_source":"https://api1.ibabs.eu/publicdownload.aspx?site=Beekdaelen&id=bbbc17fd-eaae-4324-b81d-376376dcec22","dc_title":"Bijlage: Begrotingswijziging 2023-1 en meerjarenperspectief 2024-2026","dc_type":"bijlage","foi_fairiscoreVersions":{"v1":2,"v2":3},"foi_fileName":"Z%2F23%2F185353%20-%20327458%20-%20Bijlage%205%20begrotingswijziging%202023-1%20en%20meerjarenperspectief%202024-2026.pdf","foi_nrPages":69},{"dc_format":"application/pdf","dc_identifier":"nl.gm1954.2c.2023.2834533-5.doc.5","dc_source":"https://api1.ibabs.eu/publicdownload.aspx?site=Beekdaelen&id=1c29faac-2e24-4a51-923e-feba710ced5e","dc_title":"Bijlage: Conceptbrief zienswijze raad Beekdaelen","dc_type":"bijlage","foi_fairiscoreVersions":{"v1":2,"v2":2},"foi_fileName":"Z%2F23%2F185353%20-%20327458%20-%20Bijlage%206%20Conceptbrief%20zienswijze%20raad%20Beekdaelen.pdf","foi_nrPages":1}],"foi_nrDocuments":6,"foi_nrPagesInDossier":85,"foi_publishedDate":"2023-04-18","foi_retrievedDate":"2026-01-22"},{"dc_creator":"HandelingScraper_v1","dc_date_year":2023,"dc_description":"Vergadering van de Gemeente Beekdaelen op 2023-04-18. Onderdeel: Voorstel inzake Aanvraag omgevingsvergunning: wijziging bestemming agrarisch naar wonen (3 woningen) aan de Montfortstraat 11 te Schimmert.","dc_identifier":"nl.gm1954.2c.2023.2834533-6","dc_publisher":"gm1954","dc_source":"https://beekdaelen.bestuurlijkeinformatie.nl/Agenda/Index/394ab758-54fb-47fe-bbf0-6d0efb28ff5f","dc_title":"Raadsvergadering 2023-04-18 - Voorstel inzake Aanvraag omgevingsvergunning: wijziging bestemming agrarisch naar wonen (3 woningen) aan de Montfortstraat 11 te Schimmert","dc_type":"2c","dc_type_description":"Vergaderstuk decentrale overheid","foi_fairiscoreVersions":{"v1":2,"v2":2},"foi_files":[{"dc_format":"application/pdf","dc_identifier":"nl.gm1954.2c.2023.2834533-6.doc.1","dc_source":"https://api1.ibabs.eu/publicdownload.aspx?site=Beekdaelen&id=cad625b4-7521-4811-85c9-22a3724448ff","dc_title":"Raadsvoorstel inzake \"Aanvraag omgevingsvergunning van agrarisch naar wonen Montfortstaat 11 Schimmert","dc_type":"bijlage","foi_fairiscoreVersions":{"v1":1,"v2":1},"foi_fileName":"20230130%20Raad%20voorstel.pdf","foi_nrPages":2},{"dc_format":"application/pdf","dc_identifier":"nl.gm1954.2c.2023.2834533-6.doc.2","dc_source":"https://api1.ibabs.eu/publicdownload.aspx?site=Beekdaelen&id=7ec1186e-4ae1-4eed-93e5-d48ea73189f8","dc_title":"Raadsbesluit inzake Aanvraag omgevingsvergunning van agrarisch naar wonen Montfortstaat 11 Schimmert, vastgesteld 18.04.2023","dc_type":"bijlage","foi_fairiscoreVersions":{"v1":1,"v2":1},"foi_fileName":"20230130%20Raadsbesluit.pdf","foi_nrPages":1},{"dc_format":"application/pdf","dc_identifier":"nl.gm1954.2c.2023.2834533-6.doc.3","dc_source":"https://api1.ibabs.eu/publicdownload.aspx?site=Beekdaelen&id=373e8839-f42c-457b-9723-b8d28b29c41a","dc_title":"Bijlage: Ontwerpbesluit","dc_type":"bijlage","foi_fairiscoreVersions":{"v1":2,"v2":2},"foi_fileName":"20230131%20ontwerpbesluit.pdf","foi_nrPages":4},{"dc_format":"application/pdf","dc_identifier":"nl.gm1954.2c.2023.2834533-6.doc.4","dc_source":"https://api1.ibabs.eu/publicdownload.aspx?site=Beekdaelen&id=8e4e3645-2774-4392-981a-a270a3c48194","dc_title":"Bijlage: Ruimtelijke onderbouwing","dc_type":"bijlage","foi_fairiscoreVersions":{"v1":1,"v2":1},"foi_fileName":"Ruimtelijke_onderbouwing_plan_Montfortstraat_11.pdf","foi_nrPages":37},{"dc_format":"application/pdf","dc_identifier":"nl.gm1954.2c.2023.2834533-6.doc.6","dc_source":"https://api1.ibabs.eu/publicdownload.aspx?site=Beekdaelen&id=4a61fa16-70e2-4934-acc4-7e951547bffe","dc_title":"Bijlage: Tekening Schetsontwerp beoogde toestand","dc_type":"bijlage","foi_fairiscoreVersions":{"v1":2,"v2":1},"foi_fileName":"Schetsontwerp_beoogde_toestand_5321So01-191021.pdf","foi_nrPages":1},{"dc_format":"application/pdf","dc_identifier":"nl.gm1954.2c.2023.2834533-6.doc.5","dc_source":"https://api1.ibabs.eu/publicdownload.aspx?site=Beekdaelen&id=c06be6e0-0eae-4655-b98a-fac99de8cff6","dc_title":"Bijlage: Tekening bestaande toestand","dc_type":"bijlage","foi_fairiscoreVersions":{"v1":2,"v2":1},"foi_fileName":"Tekening_bestaande_toestand_5321Bt01-111021.pdf","foi_nrPages":1}],"foi_nrDocuments":6,"foi_nrPagesInDossier":46,"foi_publishedDate":"2023-04-18","foi_retrievedDate":"2026-03-06"},{"dc_creator":"HandelingScraper_v1","dc_date_year":2023,"dc_description":"Vergadering van de Gemeente Beekdaelen op 2023-04-18. Onderdeel: Voorstel inzake benoeming AB lid en plaatsvervangende AB leden ISD Kompas.","dc_identifier":"nl.gm1954.2c.2023.2834533-7","dc_publisher":"gm1954","dc_source":"https://beekdaelen.bestuurlijkeinformatie.nl/Agenda/Index/394ab758-54fb-47fe-bbf0-6d0efb28ff5f","dc_title":"Raadsvergadering 2023-04-18 - Voorstel inzake benoeming AB lid en plaatsvervangende AB leden ISD Kompas","dc_type":"2c","dc_type_description":"Vergaderstuk decentrale overheid","foi_fairiscoreVersions":{"v1":1,"v2":1},"foi_files":[{"dc_format":"application/pdf","dc_identifier":"nl.gm1954.2c.2023.2834533-7.doc.2","dc_source":"https://api1.ibabs.eu/publicdownload.aspx?site=Beekdaelen&id=3019cc20-60d7-40c8-87e0-b7e9eb97e693","dc_title":"Raadsbesluit inzake benoeming AB lid en plv. AB leden ISD Kompas, vastgesteld 18.04.2023","dc_type":"bijlage","foi_fairiscoreVersions":{"v1":1,"v2":1},"foi_fileName":"RBS%20inzake%20benoeming%20AB%20lid%20en%20plv.%20AB%20leden%20ISD%20Kompas.pdf","foi_nrPages":1},{"dc_format":"application/pdf","dc_identifier":"nl.gm1954.2c.2023.2834533-7.doc.1","dc_source":"https://api1.ibabs.eu/publicdownload.aspx?site=Beekdaelen&id=3737c0d6-0a30-4e32-993b-b48dd490acfd","dc_title":"Raadsvoorstel inzake benoeming AB lid en plv. AB leden ISD Kompas","dc_type":"bijlage","foi_fairiscoreVersions":{"v1":1,"v2":1},"foi_fileName":"RVS%20inzake%20benoeming%20AB%20lid%20en%20plv.%20AB%20leden%20ISD%20Kompas.pdf","foi_nrPages":2}],"foi_nrDocuments":2,"foi_nrPagesInDossier":3,"foi_publishedDate":"2023-04-18","foi_retrievedDate":"2026-02-06"},{"dc_creator":"HandelingScraper_v1","dc_date_year":2023,"dc_description":"Vergadering van de Gemeente Beekdaelen op 2023-04-18. Onderdeel: Voorstel inzake vaststellen verordeningen auditcommissie en vertrouwenscommissie.","dc_identifier":"nl.gm1954.2c.2023.2834533-8","dc_publisher":"gm1954","dc_source":"https://beekdaelen.bestuurlijkeinformatie.nl/Agenda/Index/394ab758-54fb-47fe-bbf0-6d0efb28ff5f","dc_title":"Raadsvergadering 2023-04-18 - Voorstel inzake vaststellen verordeningen auditcommissie en vertrouwenscommissie","dc_type":"2c","dc_type_description":"Vergaderstuk decentrale overheid","foi_fairiscoreVersions":{"v1":1,"v2":1},"foi_files":[{"dc_format":"application/pdf","dc_identifier":"nl.gm1954.2c.2023.2834533-8.doc.5","dc_source":"https://api1.ibabs.eu/publicdownload.aspx?site=Beekdaelen&id=51bc2263-1714-4167-b046-8d76cc57be6b","dc_title":"Verordening op de Auditcommissie gemeente Beekdaelen 2023, vastgesteld 18.04.2023","dc_type":"bijlage","foi_fairiscoreVersions":{"v1":1,"v2":1},"foi_fileName":"Concept%20verordening%20op%20de%20Auditcommissie%20gemeente%20Beekdaelen%202023.pdf","foi_nrPages":3},{"dc_format":"application/pdf","dc_identifier":"nl.gm1954.2c.2023.2834533-8.doc.3","dc_source":"https://api1.ibabs.eu/publicdownload.aspx?site=Beekdaelen&id=2c0727c2-f117-45e5-a6c9-7d32dd410fcf","dc_title":"Verordening op de Vertrouwenscommissie gemeente Beekdaelen 2023, vastgesteld 18.04.2023","dc_type":"bijlage","foi_fairiscoreVersions":{"v1":1,"v2":1},"foi_fileName":"Concept%20verordening%20op%20de%20Vertrouwenscommissie%20gemeente%20Beekdaelen%202023.pdf","foi_nrPages":6},{"dc_format":"application/pdf","dc_identifier":"nl.gm1954.2c.2023.2834533-8.doc.2","dc_source":"https://api1.ibabs.eu/publicdownload.aspx?site=Beekdaelen&id=123cb27a-965b-46d5-815f-cc98700a61ad","dc_title":"Raadsbesluit inzake aanpassing verordeningen audit- en vertrouwenscommissie, vastgesteld 18.04.2023","dc_type":"bijlage","foi_fairiscoreVersions":{"v1":1,"v2":1},"foi_fileName":"RBS%20inzake%20aanpassing%20verordeningen%20audit-%20en%20vertrouwenscommissie.pdf","foi_nrPages":1},{"dc_format":"application/pdf","dc_identifier":"nl.gm1954.2c.2023.2834533-8.doc.1","dc_source":"https://api1.ibabs.eu/publicdownload.aspx?site=Beekdaelen&id=11d14286-dceb-41bd-bf52-ee29867a45dd","dc_title":"Raadsvoorstel inzake aanpassing verordeningen audit- en vertrouwenscommissie","dc_type":"bijlage","foi_fairiscoreVersions":{"v1":1,"v2":1},"foi_fileName":"RVS%20inzake%20aanpassing%20verordeningen%20audit-%20en%20vertrouwenscommissie.pdf","foi_nrPages":1},{"dc_format":"application/pdf","dc_identifier":"nl.gm1954.2c.2023.2834533-8.doc.6","dc_source":"https://api1.ibabs.eu/publicdownload.aspx?site=Beekdaelen&id=461ae0a1-b6e5-4a60-ad0e-e0a35b824594","dc_title":"Was-wordt tabel bij Verordening Auditcommissie","dc_type":"bijlage","foi_fairiscoreVersions":{"v1":1,"v2":1},"foi_fileName":"Was-wordt%20tabel%20bij%20Verordening%20Auditcommissie.pdf","foi_nrPages":1},{"dc_format":"application/pdf","dc_identifier":"nl.gm1954.2c.2023.2834533-8.doc.4","dc_source":"https://api1.ibabs.eu/publicdownload.aspx?site=Beekdaelen&id=2151a4a0-4cbb-486a-a357-dc03083f6d35","dc_title":"Was-wordt tabel bij Verordening Vertrouwenscommissie","dc_type":"bijlage","foi_fairiscoreVersions":{"v1":1,"v2":1},"foi_fileName":"Was-wordt%20tabel%20bij%20Verordening%20Vertrouwenscommissie.pdf","foi_nrPages":1}],"foi_nrDocuments":6,"foi_nrPagesInDossier":13,"foi_publishedDate":"2023-04-18","foi_retrievedDate":"2025-12-29"},{"dc_creator":"HandelingScraper_v1","dc_date_year":2023,"dc_description":"Vergadering van de Gemeente Beekdaelen op 2023-04-18. Onderdeel: Voorstel inzake Treffen gemeenschappelijke regeling Zorg- en Veiligheidshuis Parkstad.","dc_identifier":"nl.gm1954.2c.2023.2834533-9","dc_publisher":"gm1954","dc_source":"https://beekdaelen.bestuurlijkeinformatie.nl/Agenda/Index/394ab758-54fb-47fe-bbf0-6d0efb28ff5f","dc_title":"Raadsvergadering 2023-04-18 - Voorstel inzake Treffen gemeenschappelijke regeling Zorg- en Veiligheidshuis Parkstad","dc_type":"2c","dc_type_description":"Vergaderstuk decentrale overheid","foi_fairiscoreVersions":{"v1":2,"v2":1},"foi_files":[{"dc_format":"application/pdf","dc_identifier":"nl.gm1954.2c.2023.2834533-9.doc.6","dc_source":"https://api1.ibabs.eu/publicdownload.aspx?site=Beekdaelen&id=bba729ad-9c2e-4850-bfeb-842c0b58e2a4","dc_title":"Toelichting functiegebouw ZVHParkstad","dc_type":"bijlage","foi_fairiscoreVersions":{"v1":1,"v2":1},"foi_fileName":"Toelichting%20functiegebouw%20ZVHParkstad%20tbv%20gemeente%20Beekdaelen.pdf","foi_nrPages":2},{"dc_format":"application/pdf","dc_identifier":"nl.gm1954.2c.2023.2834533-9.doc.1","dc_source":"https://api1.ibabs.eu/publicdownload.aspx?site=Beekdaelen&id=b7a787df-add4-489f-a62e-41efbf9d09db","dc_title":"Raadsvoorstel inzake \"Treffen Gemeenschappelijke regeling Zorg- en Veiligheidshuis Parkstad\"","dc_type":"bijlage","foi_fairiscoreVersions":{"v1":1,"v2":1},"foi_fileName":"Z%2F23%2F185034%20-%20326646%20-%20Treffen%20Gemeenschappelijke%20regeling%20Zorg-%20en%20Veiligheidshuis%20Parkstad.pdf","foi_nrPages":5},{"dc_format":"application/pdf","dc_identifier":"nl.gm1954.2c.2023.2834533-9.doc.3","dc_source":"https://api1.ibabs.eu/publicdownload.aspx?site=Beekdaelen&id=d70cf44f-c00f-4ae1-964f-b5a056de9c45","dc_title":"Bijlage: Informatie over kenmerken, werkwijze en ontwikkelingen van ZVHP","dc_type":"bijlage","foi_fairiscoreVersions":{"v1":1,"v2":1},"foi_fileName":"Z%2F23%2F185034%20-%20326657%20-%20Bijlagen%20raadsinformatiebrief%20ZVHP.pdf","foi_nrPages":5},{"dc_format":"application/pdf","dc_identifier":"nl.gm1954.2c.2023.2834533-9.doc.4","dc_source":"https://api1.ibabs.eu/publicdownload.aspx?site=Beekdaelen&id=d7e9137b-e567-4557-9189-19fec5e16550","dc_title":"Bijlage: Begroting ZVHP 2023 en toelichting","dc_type":"bijlage","foi_fairiscoreVersions":{"v1":2,"v2":1},"foi_fileName":"Z%2F23%2F185034%20-%20326659%20-%20Begroting%20ZVHP%202023.pdf","foi_nrPages":20},{"dc_format":"application/pdf","dc_identifier":"nl.gm1954.2c.2023.2834533-9.doc.5","dc_source":"https://api1.ibabs.eu/publicdownload.aspx?site=Beekdaelen&id=b1e22b83-ee3f-4b78-a451-b4a25bfff699","dc_title":"Bijlage: Concept gemeenschappelijke regeling ZVHP","dc_type":"bijlage","foi_fairiscoreVersions":{"v1":2,"v2":1},"foi_fileName":"Z%2F23%2F185034%20-%20328197%20-%20Gemeenschappelijke%20regeling%20Zorg-%20en%20Veiligheidshuis%20Parkstad.pdf","foi_nrPages":15},{"dc_format":"application/pdf","dc_identifier":"nl.gm1954.2c.2023.2834533-9.doc.2","dc_source":"https://api1.ibabs.eu/publicdownload.aspx?site=Beekdaelen&id=9fa20b54-c7ae-43df-9b47-a40df8baad87","dc_title":"Raadsbesluit inzake \"Treffen Gemeenschappelijke regeling Zorg- en Veiligheidshuis Parkstad\", vastgesteld 18.04.2023","dc_type":"bijlage","foi_fairiscoreVersions":{"v1":1,"v2":1},"foi_fileName":"Z%2F23%2F185034%20-%20328426%20-%20Treffen%20Gemeenschappelijke%20regeling%20Zorg-%20en%20Veiligheidshuis%20Parkstad.pdf","foi_nrPages":1}],"foi_nrDocuments":6,"foi_nrPagesInDossier":48,"foi_publishedDate":"2023-04-18","foi_retrievedDate":"2026-03-03"},{"dc_creator":"HandelingScraper_v1","dc_date_year":2023,"dc_description":"Vergadering van de Gemeente Beekdaelen op 2023-05-09. Onderdeel: Algemeen.","dc_identifier":"nl.gm1954.2c.2023.2834567-1","dc_publisher":"gm1954","dc_source":"https://beekdaelen.bestuurlijkeinformatie.nl/Agenda/Index/92fb3c6e-bc49-4fd8-a0ab-4023fca7627d","dc_title":"Raadscommissie Sociale Leefomgeving 2023-05-09 - Algemeen","dc_type":"2c","dc_type_description":"Vergaderstuk decentrale overheid","foi_fairiscoreVersions":{"v1":1,"v2":1},"foi_files":[{"dc_format":"application/pdf","dc_identifier":"nl.gm1954.2c.2023.2834567-1.doc.1","dc_source":"https://api1.ibabs.eu/publicdownload.aspx?site=Beekdaelen&id=dcd4205e-3360-4b56-8fad-d264f39e76c9","dc_title":"Technische Vragen BL mbt B1","dc_type":"bijlage","foi_fairiscoreVersions":{"v1":1,"v2":1},"foi_fileName":"Technische%20Vragen%20BL%20cie%20SLO%2009052023.pdf","foi_nrPages":1},{"dc_format":"application/pdf","dc_identifier":"nl.gm1954.2c.2023.2834567-1.doc.2","dc_source":"https://api1.ibabs.eu/publicdownload.aspx?site=Beekdaelen&id=f9aa8bfb-50e3-496f-b0e5-966c2ceb16f6","dc_title":"Technische vragen CDA mbt B1","dc_type":"bijlage","foi_fairiscoreVersions":{"v1":1,"v2":1},"foi_fileName":"Technische%20vragen%20CDA%20mbt%20B1.pdf","foi_nrPages":1},{"dc_format":"application/pdf","dc_identifier":"nl.gm1954.2c.2023.2834567-1.doc.6","dc_source":"https://api1.ibabs.eu/publicdownload.aspx?site=Beekdaelen&id=b3ddf2b7-2da3-417a-bccd-6450bf92a50c","dc_title":"Technische vragen GL mbt B1 en B2","dc_type":"bijlage","foi_fairiscoreVersions":{"v1":1,"v2":1},"foi_fileName":"Technische%20vragen%20GL%20mbt%20B1%20en%20B2.pdf","foi_nrPages":1},{"dc_format":"application/pdf","dc_identifier":"nl.gm1954.2c.2023.2834567-1.doc.3","dc_source":"https://api1.ibabs.eu/publicdownload.aspx?site=Beekdaelen&id=4749a954-156b-40bd-911b-f640c88049e8","dc_title":"Technische vragen Koll\u00e9e Rijkx mbt B1","dc_type":"bijlage","foi_fairiscoreVersions":{"v1":1,"v2":1},"foi_fileName":"Technische%20vragen%20Koll%C3%A9e%20Rijkx%20mbt%20B1.pdf","foi_nrPages":1},{"dc_format":"application/pdf","dc_identifier":"nl.gm1954.2c.2023.2834567-1.doc.5","dc_source":"https://api1.ibabs.eu/publicdownload.aspx?site=Beekdaelen&id=c4e081d5-6e2f-407e-803f-42d0ff739460","dc_title":"Technische vragen VG mbt B1 en B2","dc_type":"bijlage","foi_fairiscoreVersions":{"v1":1,"v2":1},"foi_fileName":"Technische%20vragen%20VG%20mbt%20B1%20en%20B2.pdf","foi_nrPages":2},{"dc_format":"application/pdf","dc_identifier":"nl.gm1954.2c.2023.2834567-1.doc.4","dc_source":"https://api1.ibabs.eu/publicdownload.aspx?site=Beekdaelen&id=a60489e2-485b-4ce2-911c-e19e8008fcbb","dc_title":"Technische vragen VVD mbt B1 en B2","dc_type":"bijlage","foi_fairiscoreVersions":{"v1":1,"v2":1},"foi_fileName":"Technische%20vragen%20VVD%20mbt%20B1%20en%20B2.pdf","foi_nrPages":1}],"foi_nrDocuments":6,"foi_nrPagesInDossier":7,"foi_publishedDate":"2023-05-09","foi_retrievedDate":"2025-12-02"},{"dc_creator":"HandelingScraper_v1","dc_date_year":2023,"dc_description":"Vergadering van de Gemeente Beekdaelen op 2023-05-09. Onderdeel: Presentatie: Conceptbegroting 2024 en meerjarenbegroting GGD ZL.","dc_identifier":"nl.gm1954.2c.2023.2834567-10","dc_publisher":"gm1954","dc_source":"https://beekdaelen.bestuurlijkeinformatie.nl/Agenda/Index/92fb3c6e-bc49-4fd8-a0ab-4023fca7627d","dc_title":"Raadscommissie Sociale Leefomgeving 2023-05-09 - Presentatie: Conceptbegroting 2024 en meerjarenbegroting GGD ZL","dc_type":"2c","dc_type_description":"Vergaderstuk decentrale overheid","foi_fairiscoreVersions":{"v1":2,"v2":2},"foi_files":[{"dc_format":"application/pdf","dc_identifier":"nl.gm1954.2c.2023.2834567-10.doc.1","dc_source":"https://api1.ibabs.eu/publicdownload.aspx?site=Beekdaelen&id=c3c6bb20-b890-4c9d-beca-50adfd5f5481","dc_title":"Format informatiebijeenkomst begroting 2024 en MJB GGD ZL","dc_type":"bijlage","foi_fairiscoreVersions":{"v1":1,"v2":1},"foi_fileName":"Format%20informatiebijeenkomst%20begroting%202024%20en%20MJB%20GGD%20ZL.pdf","foi_nrPages":2},{"dc_format":"application/octet-stream","dc_identifier":"nl.gm1954.2c.2023.2834567-10.doc.3","dc_source":"https://api1.ibabs.eu/publicdownload.aspx?site=Beekdaelen&id=e2ec761f-fe5a-4c45-97ec-109a714a6da4","dc_title":"Presentatie GGD I","dc_type":"bijlage","foi_fileName":"Presentatie%20GGD%20I.mp3"},{"dc_format":"application/octet-stream","dc_identifier":"nl.gm1954.2c.2023.2834567-10.doc.4","dc_source":"https://api1.ibabs.eu/publicdownload.aspx?site=Beekdaelen&id=1351a22b-9f5a-4a94-9c5e-228c6707691c","dc_title":"Presentatie GGD II","dc_type":"bijlage","foi_fileName":"Presentatie%20GGD%20II.mp3"},{"dc_format":"application/pdf","dc_identifier":"nl.gm1954.2c.2023.2834567-10.doc.2","dc_source":"https://api1.ibabs.eu/publicdownload.aspx?site=Beekdaelen&id=23d60674-6325-4b90-978c-ed1d9d0e5849","dc_title":"presentatie GGD over MJB tbv zienswijze gemeenten","dc_type":"bijlage","foi_fairiscoreVersions":{"v1":2,"v2":2},"foi_fileName":"presentatie%20GGD%20over%20MJB%20tbv%20zienswijze%20gemeenten.pdf","foi_nrPages":17}],"foi_nrDocuments":4,"foi_nrPagesInDossier":19,"foi_publishedDate":"2023-05-09","foi_retrievedDate":"2026-03-09"},{"dc_creator":"HandelingScraper_v1","dc_date_year":2023,"dc_description":"Vergadering van de Gemeente Beekdaelen op 2023-05-09. Onderdeel: Opening, mededelingen voorzitter en vaststellen agenda.","dc_identifier":"nl.gm1954.2c.2023.2834567-2","dc_publisher":"gm1954","dc_source":"https://beekdaelen.bestuurlijkeinformatie.nl/Agenda/Index/92fb3c6e-bc49-4fd8-a0ab-4023fca7627d","dc_title":"Raadscommissie Sociale Leefomgeving 2023-05-09 - Opening, mededelingen voorzitter en vaststellen agenda","dc_type":"2c","dc_type_description":"Vergaderstuk decentrale overheid","foi_fairiscoreVersions":{"v1":1,"v2":1},"foi_files":[{"dc_format":"application/octet-stream","dc_identifier":"nl.gm1954.2c.2023.2834567-2.doc.3","dc_source":"https://api1.ibabs.eu/publicdownload.aspx?site=Beekdaelen&id=7c671ffb-758b-4bba-81e4-2c89585253bf","dc_title":"A1 tm A3","dc_type":"bijlage","foi_fileName":"A1%20tm%20A3.mp3"},{"dc_format":"application/pdf","dc_identifier":"nl.gm1954.2c.2023.2834567-2.doc.1","dc_source":"https://api1.ibabs.eu/publicdownload.aspx?site=Beekdaelen&id=d30ab3a2-bf82-4956-b9d0-93d1f8acff61","dc_title":"Uitnodiging en voorlopige agenda cie SL 09 05 2023","dc_type":"bijlage","foi_fairiscoreVersions":{"v1":1,"v2":1},"foi_fileName":"Uitnodiging%20en%20voorlopige%20agenda%20cie%20SL%2009%2005%202023.pdf","foi_nrPages":1},{"dc_format":"application/pdf","dc_identifier":"nl.gm1954.2c.2023.2834567-2.doc.2","dc_source":"https://api1.ibabs.eu/publicdownload.aspx?site=Beekdaelen&id=ecf3c0e4-79c0-4f4f-af78-c2fdf2613bb3","dc_title":"Vastgestelde agenda raadscie. SLO 09052023","dc_type":"bijlage","foi_fairiscoreVersions":{"v1":1,"v2":1},"foi_fileName":"Vastgestelde%20agenda%20raadscie.pdf","foi_nrPages":1}],"foi_nrDocuments":3,"foi_nrPagesInDossier":2,"foi_publishedDate":"2023-05-09","foi_retrievedDate":"2025-11-29"},{"dc_creator":"HandelingScraper_v1","dc_date_year":2023,"dc_description":"Vergadering van de Gemeente Beekdaelen op 2023-05-09. Onderdeel: Spreekrecht burgers.","dc_identifier":"nl.gm1954.2c.2023.2834567-3","dc_publisher":"gm1954","dc_source":"https://beekdaelen.bestuurlijkeinformatie.nl/Agenda/Index/92fb3c6e-bc49-4fd8-a0ab-4023fca7627d","dc_title":"Raadscommissie Sociale Leefomgeving 2023-05-09 - Spreekrecht burgers","dc_type":"2c","dc_type_description":"Vergaderstuk decentrale overheid","foi_fairiscoreVersions":{"v1":null,"v2":null},"foi_files":[{"dc_format":"application/octet-stream","dc_identifier":"nl.gm1954.2c.2023.2834567-3.doc.1","dc_source":"https://api1.ibabs.eu/publicdownload.aspx?site=Beekdaelen&id=fe4a2370-d6ea-4aed-aedb-a724ea6d40e1","dc_title":"A1 tm A3","dc_type":"bijlage","foi_fileName":"A1%20tm%20A3.mp3"}],"foi_nrDocuments":1,"foi_nrPagesInDossier":0,"foi_publishedDate":"2023-05-09","foi_retrievedDate":"2025-12-04"},{"dc_creator":"HandelingScraper_v1","dc_date_year":2023,"dc_description":"Vergadering van de Gemeente Beekdaelen op 2023-05-09. Onderdeel: Vaststellen actiepuntenlijst van de raadscommissie Sociale Leefomgeving d.d. 14 februari 2023.","dc_identifier":"nl.gm1954.2c.2023.2834567-4","dc_publisher":"gm1954","dc_source":"https://beekdaelen.bestuurlijkeinformatie.nl/Agenda/Index/92fb3c6e-bc49-4fd8-a0ab-4023fca7627d","dc_title":"Raadscommissie Sociale Leefomgeving 2023-05-09 - Vaststellen actiepuntenlijst van de raadscommissie Sociale Leefomgeving d.d. 14 februari 2023","dc_type":"2c","dc_type_description":"Vergaderstuk decentrale overheid","foi_fairiscoreVersions":{"v1":1,"v2":1},"foi_files":[{"dc_format":"application/octet-stream","dc_identifier":"nl.gm1954.2c.2023.2834567-4.doc.2","dc_source":"https://api1.ibabs.eu/publicdownload.aspx?site=Beekdaelen&id=a711ae1f-1e38-470e-b843-58714a6f3034","dc_title":"A1 tm A3","dc_type":"bijlage","foi_fileName":"A1%20tm%20A3.mp3"},{"dc_format":"application/pdf","dc_identifier":"nl.gm1954.2c.2023.2834567-4.doc.1","dc_source":"https://api1.ibabs.eu/publicdownload.aspx?site=Beekdaelen&id=12305e06-0e3f-4958-bf1e-3017507d4b22","dc_title":"actiepuntenlijst SLO 14022023 - vastgesteld 09.05.2023","dc_type":"bijlage","foi_fairiscoreVersions":{"v1":1,"v2":1},"foi_fileName":"actiepuntenlijst%20SLO%2014022023.pdf","foi_nrPages":5}],"foi_nrDocuments":2,"foi_nrPagesInDossier":5,"foi_publishedDate":"2023-05-09","foi_retrievedDate":"2025-11-30"},{"dc_creator":"HandelingScraper_v1","dc_date_year":2023,"dc_description":"Vergadering van de Gemeente Beekdaelen op 2023-05-09. Onderdeel: Voorstel inzake \"Beleidsplan mantelzorg gemeente Beekdaelen 2023-2026\".","dc_identifier":"nl.gm1954.2c.2023.2834567-5","dc_publisher":"gm1954","dc_source":"https://beekdaelen.bestuurlijkeinformatie.nl/Agenda/Index/92fb3c6e-bc49-4fd8-a0ab-4023fca7627d","dc_title":"Raadscommissie Sociale Leefomgeving 2023-05-09 - Voorstel inzake \"Beleidsplan mantelzorg gemeente Beekdaelen 2023-2026\"","dc_type":"2c","dc_type_description":"Vergaderstuk decentrale overheid","foi_fairiscoreVersions":{"v1":2,"v2":1},"foi_files":[{"dc_format":"application/pdf","dc_identifier":"nl.gm1954.2c.2023.2834567-5.doc.10","dc_source":"https://api1.ibabs.eu/publicdownload.aspx?site=Beekdaelen&id=cee0f98f-4ca2-43ce-b576-cdd0b2c6f096","dc_title":"Advies op mantelzorgbeleid Beekdaelen 2023-2026","dc_type":"bijlage","foi_fairiscoreVersions":{"v1":1,"v2":1},"foi_fileName":"Advies%20op%20mantelzorgbeleid%20Beekdaelen%202023-2026.pdf","foi_nrPages":1},{"dc_format":"application/octet-stream","dc_identifier":"nl.gm1954.2c.2023.2834567-5.doc.11","dc_source":"https://api1.ibabs.eu/publicdownload.aspx?site=Beekdaelen&id=6c3ab997-e4f1-4d6a-8989-d99332e56aa2","dc_title":"B1 1e termijn","dc_type":"bijlage","foi_fileName":"B1%201e%20termijn.mp3"},{"dc_format":"application/octet-stream","dc_identifier":"nl.gm1954.2c.2023.2834567-5.doc.13","dc_source":"https://api1.ibabs.eu/publicdownload.aspx?site=Beekdaelen&id=b991f386-3a64-42e0-81fb-8d5317c6960a","dc_title":"B1 2e termijn","dc_type":"bijlage","foi_fileName":"B1%202e%20termijn.mp3"},{"dc_format":"application/octet-stream","dc_identifier":"nl.gm1954.2c.2023.2834567-5.doc.15","dc_source":"https://api1.ibabs.eu/publicdownload.aspx?site=Beekdaelen&id=02df2100-ab34-4b94-9166-61b7ed920948","dc_title":"B1 Advies commissie","dc_type":"bijlage","foi_fileName":"B1%20Advies%20commissie.mp3"},{"dc_format":"application/octet-stream","dc_identifier":"nl.gm1954.2c.2023.2834567-5.doc.12","dc_source":"https://api1.ibabs.eu/publicdownload.aspx?site=Beekdaelen&id=71ebefc0-4c4a-4956-80ea-3e5b7d6ba5ed","dc_title":"B1 beantwoording 1e termijn","dc_type":"bijlage","foi_fileName":"B1%20beantwoording%201e%20termijn.mp3"},{"dc_format":"application/octet-stream","dc_identifier":"nl.gm1954.2c.2023.2834567-5.doc.14","dc_source":"https://api1.ibabs.eu/publicdownload.aspx?site=Beekdaelen&id=8005795c-255e-495c-932c-bc3026b81803","dc_title":"B1 beantwoording 2e termijn","dc_type":"bijlage","foi_fileName":"B1%20beantwoording%202e%20termijn.mp3"},{"dc_format":"application/pdf","dc_identifier":"nl.gm1954.2c.2023.2834567-5.doc.16","dc_source":"https://api1.ibabs.eu/publicdownload.aspx?site=Beekdaelen&id=25f3672d-3628-410b-802b-39f96507b38f","dc_title":"Beantwoording openstaande vraag uit commissie m.b.t. vrijstelling","dc_type":"bijlage","foi_fairiscoreVersions":{"v1":1,"v2":1},"foi_fileName":"Beantwoording%20openstaande%20vraag%20uit%20commissie%20m.b.t.%20vrijstelling.pdf","foi_nrPages":1},{"dc_format":"application/pdf","dc_identifier":"nl.gm1954.2c.2023.2834567-5.doc.3","dc_source":"https://api1.ibabs.eu/publicdownload.aspx?site=Beekdaelen&id=e4212d84-23d5-4876-817b-75e6c4a34934","dc_title":"Beleidsplan Mantelzorg gemeente Beekdaelen 2023-2026","dc_type":"bijlage","foi_fairiscoreVersions":{"v1":2,"v2":1},"foi_fileName":"Beleidsplan%20Mantelzorg%20gemeente%20Beekdaelen%202023-2026.pdf","foi_nrPages":15},{"dc_format":"application/pdf","dc_identifier":"nl.gm1954.2c.2023.2834567-5.doc.4","dc_source":"https://api1.ibabs.eu/publicdownload.aspx?site=Beekdaelen&id=d900db03-4b49-4f50-b533-c7e0e55eaeb9","dc_title":"MvA technische vragen BL mbt B1","dc_type":"bijlage","foi_fairiscoreVersions":{"v1":1,"v2":1},"foi_fileName":"MvA%20technische%20vragen%20BL%20mbt%20B1.pdf","foi_nrPages":3},{"dc_format":"application/pdf","dc_identifier":"nl.gm1954.2c.2023.2834567-5.doc.5","dc_source":"https://api1.ibabs.eu/publicdownload.aspx?site=Beekdaelen&id=7bbe351d-6c7b-4857-8b77-c0e08a7eedfa","dc_title":"MvA technische vragen CDA mbt B1","dc_type":"bijlage","foi_fairiscoreVersions":{"v1":1,"v2":1},"foi_fileName":"MvA%20technische%20vragen%20CDA%20mbt%20B1.pdf","foi_nrPages":2},{"dc_format":"application/pdf","dc_identifier":"nl.gm1954.2c.2023.2834567-5.doc.9","dc_source":"https://api1.ibabs.eu/publicdownload.aspx?site=Beekdaelen&id=ce3e7288-bea9-402c-a04d-72f8f4439e8e","dc_title":"MvA technische vragen GL mbt B1","dc_type":"bijlage","foi_fairiscoreVersions":{"v1":1,"v2":1},"foi_fileName":"MvA%20technische%20vragen%20GL%20mbt%20B1.pdf","foi_nrPages":1},{"dc_format":"application/pdf","dc_identifier":"nl.gm1954.2c.2023.2834567-5.doc.6","dc_source":"https://api1.ibabs.eu/publicdownload.aspx?site=Beekdaelen&id=f27d3224-7241-4bb5-9f77-3709360a8c4e","dc_title":"MvA technische vragen Kollee-Rijkx mbt B1","dc_type":"bijlage","foi_fairiscoreVersions":{"v1":1,"v2":1},"foi_fileName":"MvA%20technische%20vragen%20Kollee-Rijkx%20mbt%20B1.pdf","foi_nrPages":1},{"dc_format":"application/pdf","dc_identifier":"nl.gm1954.2c.2023.2834567-5.doc.8","dc_source":"https://api1.ibabs.eu/publicdownload.aspx?site=Beekdaelen&id=af81af24-04b3-4681-bcdc-86a1033d45ba","dc_title":"MvA technische vragen VG mbt B1","dc_type":"bijlage","foi_fairiscoreVersions":{"v1":1,"v2":1},"foi_fileName":"MvA%20technische%20vragen%20VG%20mbt%20B1.pdf","foi_nrPages":2},{"dc_format":"application/pdf","dc_identifier":"nl.gm1954.2c.2023.2834567-5.doc.7","dc_source":"https://api1.ibabs.eu/publicdownload.aspx?site=Beekdaelen&id=92cc242a-7a15-43c2-bdb5-837b03cba3bb","dc_title":"MvA technische vragen VVD mbt B1","dc_type":"bijlage","foi_fairiscoreVersions":{"v1":1,"v2":1},"foi_fileName":"MvA%20technische%20vragen%20VVD%20mbt%20B1.pdf","foi_nrPages":2},{"dc_format":"application/pdf","dc_identifier":"nl.gm1954.2c.2023.2834567-5.doc.2","dc_source":"https://api1.ibabs.eu/publicdownload.aspx?site=Beekdaelen&id=aedfed58-2ffa-431a-a60f-0700c1e7a851","dc_title":"Raadsbesluit beleidsplan mantelzorg gemeente Beekdaelen 2023-2026","dc_type":"bijlage","foi_fairiscoreVersions":{"v1":1,"v2":1},"foi_fileName":"Raadsbesluit%20beleidsplan%20mantelzorg%20gemeente%20Beekdaelen%202023-2026.pdf.pdf","foi_nrPages":1},{"dc_format":"application/pdf","dc_identifier":"nl.gm1954.2c.2023.2834567-5.doc.1","dc_source":"https://api1.ibabs.eu/publicdownload.aspx?site=Beekdaelen&id=231021fc-f93a-46a6-b751-fc5d19c7259e","dc_title":"Raadsvoorstel beleidsplan mantelzorg gemeente Beekdaelen 2023-2026","dc_type":"bijlage","foi_fairiscoreVersions":{"v1":1,"v2":1},"foi_fileName":"Raadsvoorstel%20beleidsplan%20mantelzorg%20gemeente%20Beekdaelen%202023-2026.pdf","foi_nrPages":4}],"foi_nrDocuments":16,"foi_nrPagesInDossier":33,"foi_publishedDate":"2023-05-09","foi_retrievedDate":"2026-03-09"},{"dc_creator":"HandelingScraper_v1","dc_date_year":2023,"dc_description":"Vergadering van de Gemeente Beekdaelen op 2023-05-09. Onderdeel: Voorstel inzake \"Jaarstukken 2022, gewijzigde begroting 2023, begroting 2024 met meerjarenraming ISD Kompas\".","dc_identifier":"nl.gm1954.2c.2023.2834567-6","dc_publisher":"gm1954","dc_source":"https://beekdaelen.bestuurlijkeinformatie.nl/Agenda/Index/92fb3c6e-bc49-4fd8-a0ab-4023fca7627d","dc_title":"Raadscommissie Sociale Leefomgeving 2023-05-09 - Voorstel inzake \"Jaarstukken 2022, gewijzigde begroting 2023, begroting 2024 met meerjarenraming ISD Kompas\"","dc_type":"2c","dc_type_description":"Vergaderstuk decentrale overheid","foi_fairiscoreVersions":{"v1":2,"v2":2},"foi_files":[{"dc_format":"application/octet-stream","dc_identifier":"nl.gm1954.2c.2023.2834567-6.doc.16","dc_source":"https://api1.ibabs.eu/publicdownload.aspx?site=Beekdaelen&id=cfae7919-14cf-431f-a65a-c9cf0a299673","dc_title":"B2 1e termijn I","dc_type":"bijlage","foi_fileName":"B2%201e%20termijn%20I.mp3"},{"dc_format":"application/octet-stream","dc_identifier":"nl.gm1954.2c.2023.2834567-6.doc.17","dc_source":"https://api1.ibabs.eu/publicdownload.aspx?site=Beekdaelen&id=b7b61cad-2153-4566-83b9-ebddcb8f67ab","dc_title":"B2 1e termijn II","dc_type":"bijlage","foi_fileName":"B2%201e%20termijn%20II.mp3"},{"dc_format":"application/octet-stream","dc_identifier":"nl.gm1954.2c.2023.2834567-6.doc.19","dc_source":"https://api1.ibabs.eu/publicdownload.aspx?site=Beekdaelen&id=b2434878-ac17-4db6-9a18-35b7eead718f","dc_title":"B2 2e termijn","dc_type":"bijlage","foi_fileName":"B2%202e%20termijn.mp3"},{"dc_format":"application/octet-stream","dc_identifier":"nl.gm1954.2c.2023.2834567-6.doc.21","dc_source":"https://api1.ibabs.eu/publicdownload.aspx?site=Beekdaelen&id=d2720666-596d-4a54-b028-ccd8e4578c2a","dc_title":"B2 Advies commissie + B3 + B4 + C I","dc_type":"bijlage","foi_fileName":"B2%20Advies%20commissie%20%2B%20B3%20%2B%20B4%20%2B%20C%20I.mp3"},{"dc_format":"application/octet-stream","dc_identifier":"nl.gm1954.2c.2023.2834567-6.doc.18","dc_source":"https://api1.ibabs.eu/publicdownload.aspx?site=Beekdaelen&id=10916517-58d1-4775-9b46-3c08e2acbd05","dc_title":"B2 beantwoording 1e termijn","dc_type":"bijlage","foi_fileName":"B2%20beantwoording%201e%20termijn.mp3"},{"dc_format":"application/octet-stream","dc_identifier":"nl.gm1954.2c.2023.2834567-6.doc.20","dc_source":"https://api1.ibabs.eu/publicdownload.aspx?site=Beekdaelen&id=e7e0247d-d1df-441d-b6fb-dae25a2a945a","dc_title":"B2 beantwoording 2e termijn","dc_type":"bijlage","foi_fileName":"B2%20beantwoording%202e%20termijn.mp3"},{"dc_format":"application/pdf","dc_identifier":"nl.gm1954.2c.2023.2834567-6.doc.12","dc_source":"https://api1.ibabs.eu/publicdownload.aspx?site=Beekdaelen&id=92277cc7-6a42-4772-a06f-908586f0e9e5","dc_title":"Bijlage: Brief DB Kompas aan Cli\u00ebntenraad Kompas d.d. 12 april 2023","dc_type":"bijlage","foi_fairiscoreVersions":{"v1":2,"v2":2},"foi_fileName":"Brief%20DB%20Kompas%20aan%20Clientenraad%20Kompas%20dd%2012%20april%202023.pdf","foi_nrPages":1},{"dc_format":"application/pdf","dc_identifier":"nl.gm1954.2c.2023.2834567-6.doc.11","dc_source":"https://api1.ibabs.eu/publicdownload.aspx?site=Beekdaelen&id=35a9a9c4-8b06-4255-9948-d67b24b99ed2","dc_title":"Bijlage: Brief DB Kompas aan Cli\u00ebntenraad Kompas d.d. 21 maart 2023","dc_type":"bijlage","foi_fairiscoreVersions":{"v1":2,"v2":2},"foi_fileName":"Brief%20DB%20Kompas%20aan%20Clientenraad%20Kompas%20dd%2021%20maart%202023.pdf","foi_nrPages":1},{"dc_format":"application/pdf","dc_identifier":"nl.gm1954.2c.2023.2834567-6.doc.9","dc_source":"https://api1.ibabs.eu/publicdownload.aspx?site=Beekdaelen&id=02c0017f-ed6f-44a9-965a-89332930ee73","dc_title":"Bijlage: Memo college B&W aan gemeenteraad inzake nagekomen stukken ISD Kompas","dc_type":"bijlage","foi_fairiscoreVersions":{"v1":1,"v2":1},"foi_fileName":"Memo%20college%20B%26W%20aan%20gemeenteraad%20inzake%20nagekomen%20stukken%20ISD%20Kompas.pdf","foi_nrPages":1},{"dc_format":"application/pdf","dc_identifier":"nl.gm1954.2c.2023.2834567-6.doc.14","dc_source":"https://api1.ibabs.eu/publicdownload.aspx?site=Beekdaelen&id=1df08e3b-f37f-4cf2-9ba2-2f1f98845ab8","dc_title":"MvA technische vragen GL mbt B2","dc_type":"bijlage","foi_fairiscoreVersions":{"v1":1,"v2":1},"foi_fileName":"MvA_Groen%20Links_B2_Cie%20SL%209%20mei%202023.pdf","foi_nrPages":2},{"dc_format":"application/pdf","dc_identifier":"nl.gm1954.2c.2023.2834567-6.doc.13","dc_source":"https://api1.ibabs.eu/publicdownload.aspx?site=Beekdaelen&id=aa0fc562-0414-44fb-a9ad-258dc0973f9d","dc_title":"MvA technische vragen VG mbt B2","dc_type":"bijlage","foi_fairiscoreVersions":{"v1":1,"v2":1},"foi_fileName":"MvA_Vernieuwingsgroep_B2_Cie%20SL%209%20mei%202023.pdf","foi_nrPages":3},{"dc_format":"application/pdf","dc_identifier":"nl.gm1954.2c.2023.2834567-6.doc.15","dc_source":"https://api1.ibabs.eu/publicdownload.aspx?site=Beekdaelen&id=40bfb21d-40df-4153-a52c-c6c6868b2b04","dc_title":"MvA technische vragen VVD mbt B2","dc_type":"bijlage","foi_fairiscoreVersions":{"v1":1,"v2":1},"foi_fileName":"MvA_VVD_B2_Cie%20SL%209%20mei%202023.pdf","foi_nrPages":1},{"dc_format":"application/pdf","dc_identifier":"nl.gm1954.2c.2023.2834567-6.doc.10","dc_source":"https://api1.ibabs.eu/publicdownload.aspx?site=Beekdaelen&id=c353c3c0-a9d0-4ca9-b7bd-be977ba9e515","dc_title":"Bijlage: Reactie Cli\u00ebntenraad  Kompas d.d. 15 maart 2023 op Uitvoeringsplan Kompas","dc_type":"bijlage","foi_fairiscoreVersions":{"v1":5,"v2":5},"foi_fileName":"Reactie%20Clientenraad%20%20Kompas%20dd%2015%20maart%202023%20op%20Uitvoeringsplan%20Kompas.pdf","foi_nrPages":4},{"dc_format":"application/pdf","dc_identifier":"nl.gm1954.2c.2023.2834567-6.doc.1","dc_source":"https://api1.ibabs.eu/publicdownload.aspx?site=Beekdaelen&id=1dd009e6-080a-4c79-9a0e-7ee5733e8c2b","dc_title":"Raadsvoorstel inzake Jaarstukken 2022, gewijzigde begroting 2023, begroting 2024 met meerjarenraming ISD Kompas","dc_type":"bijlage","foi_fairiscoreVersions":{"v1":1,"v2":1},"foi_fileName":"Z%2F23%2F187875%20-%20333854%20-%20Raadsvoorstel%20Jaarstukken%202022_%20gewijzigde%20begroting%202023_%20begroting%202024%20met%20meerjarenraming%20ISD%20Kompas.pdf","foi_nrPages":9},{"dc_format":"application/pdf","dc_identifier":"nl.gm1954.2c.2023.2834567-6.doc.8","dc_source":"https://api1.ibabs.eu/publicdownload.aspx?site=Beekdaelen&id=92af3a45-b566-45bf-8af0-c0e2e1c8f8f8","dc_title":"Bijlage: Uitgaande brief aan ISD Kompas inzake raadsbesluit en zienswijze","dc_type":"bijlage","foi_fairiscoreVersions":{"v1":2,"v2":1},"foi_fileName":"Z%2F23%2F187875%20-%20334085%20-%20Uitgaande%20brief%20aan%20ISD%20Kompas%20inzake%20raadsbesluit%20en%20zienswijze.pdf","foi_nrPages":2},{"dc_format":"application/pdf","dc_identifier":"nl.gm1954.2c.2023.2834567-6.doc.3","dc_source":"https://api1.ibabs.eu/publicdownload.aspx?site=Beekdaelen&id=57842cc3-6c59-4b09-804e-d7776e85dd2f","dc_title":"Bijlage: Jaarverslag 2022 ISD Kompas","dc_type":"bijlage","foi_fairiscoreVersions":{"v1":2,"v2":2},"foi_fileName":"Z%2F23%2F187875%20-%20334094.pdf","foi_nrPages":26},{"dc_format":"application/pdf","dc_identifier":"nl.gm1954.2c.2023.2834567-6.doc.2","dc_source":"https://api1.ibabs.eu/publicdownload.aspx?site=Beekdaelen&id=19f9ab0d-4906-4f49-bc6d-dba85f219ffc","dc_title":"Bijlage: Jaarrekening 2022 ISD Kompas","dc_type":"bijlage","foi_fairiscoreVersions":{"v1":2,"v2":1},"foi_fileName":"Z%2F23%2F187875%20-%20334095.pdf","foi_nrPages":51},{"dc_format":"application/pdf","dc_identifier":"nl.gm1954.2c.2023.2834567-6.doc.5","dc_source":"https://api1.ibabs.eu/publicdownload.aspx?site=Beekdaelen&id=4b2663aa-d024-4320-81a8-8d03167b27fc","dc_title":"Bijlage: Uitvoeringsprogramma 2023-2024 ISD Kompas","dc_type":"bijlage","foi_fairiscoreVersions":{"v1":3,"v2":3},"foi_fileName":"Z%2F23%2F187875%20-%20334096.pdf","foi_nrPages":25},{"dc_format":"application/pdf","dc_identifier":"nl.gm1954.2c.2023.2834567-6.doc.4","dc_source":"https://api1.ibabs.eu/publicdownload.aspx?site=Beekdaelen&id=c2bdfa6a-7e1b-43bf-918c-3afc57fecb61","dc_title":"Bijlage: Gewijzigde begroting 2023 en begroting 2024 met meerjarenraming ISD Kompas","dc_type":"bijlage","foi_fairiscoreVersions":{"v1":2,"v2":1},"foi_fileName":"Z%2F23%2F187875%20-%20334097.pdf","foi_nrPages":38},{"dc_format":"application/pdf","dc_identifier":"nl.gm1954.2c.2023.2834567-6.doc.7","dc_source":"https://api1.ibabs.eu/publicdownload.aspx?site=Beekdaelen&id=4c1c54b8-09bb-4709-8e88-d9f5b99d77d8","dc_title":"Raadsbesluit inzake Jaarstukken 2022, gewijzigde begroting 2023, begroting 2024 met meerjarenraming ISD Kompas","dc_type":"bijlage","foi_fairiscoreVersions":{"v1":1,"v2":1},"foi_fileName":"Z%2F23%2F187875%20-%20334212%20-%20Concept%20raadsbesluit.pdf","foi_nrPages":1},{"dc_format":"application/pdf","dc_identifier":"nl.gm1954.2c.2023.2834567-6.doc.6","dc_source":"https://api1.ibabs.eu/publicdownload.aspx?site=Beekdaelen&id=3f78f8a6-79ed-4925-b8f5-4855bf4edccc","dc_title":"Bijlage: Advies Adviesraad Sociaal Domein Beekdaelen","dc_type":"bijlage","foi_fairiscoreVersions":{"v1":1,"v2":1},"foi_fileName":"Z%2F23%2F187875%20-%20334530%20-%20Advies%20Adviesraad%20Sociaal%20Domein%20Beekdaelen.pdf","foi_nrPages":1}],"foi_nrDocuments":21,"foi_nrPagesInDossier":166,"foi_publishedDate":"2023-05-09","foi_retrievedDate":"2025-12-02"},{"dc_creator":"HandelingScraper_v1","dc_date_year":2023,"dc_description":"Vergadering van de Gemeente Beekdaelen op 2023-05-09. Onderdeel: Voorstel inzake \"Jaarstukken 2022 en begroting 2024 met meerjarenraming GR WOZL\".","dc_identifier":"nl.gm1954.2c.2023.2834567-7","dc_publisher":"gm1954","dc_source":"https://beekdaelen.bestuurlijkeinformatie.nl/Agenda/Index/92fb3c6e-bc49-4fd8-a0ab-4023fca7627d","dc_title":"Raadscommissie Sociale Leefomgeving 2023-05-09 - Voorstel inzake \"Jaarstukken 2022 en begroting 2024 met meerjarenraming GR WOZL\"","dc_type":"2c","dc_type_description":"Vergaderstuk decentrale overheid","foi_fairiscoreVersions":{"v1":3,"v2":3},"foi_files":[{"dc_format":"application/octet-stream","dc_identifier":"nl.gm1954.2c.2023.2834567-7.doc.9","dc_source":"https://api1.ibabs.eu/publicdownload.aspx?site=Beekdaelen&id=e0f45884-7049-4527-8648-030efca3cd76","dc_title":"B2 Advies commissie + B3 + B4 + C I","dc_type":"bijlage","foi_fileName":"B2%20Advies%20commissie%20%2B%20B3%20%2B%20B4%20%2B%20C%20I.mp3"},{"dc_format":"application/pdf","dc_identifier":"nl.gm1954.2c.2023.2834567-7.doc.5","dc_source":"https://api1.ibabs.eu/publicdownload.aspx?site=Beekdaelen&id=db124ed7-aedf-4d8e-88a7-76084c9ba205","dc_title":"Bijlage: Begroting 2024 en meerjarenraming 2025-2027 GR WOZL","dc_type":"bijlage","foi_fairiscoreVersions":{"v1":2,"v2":1},"foi_fileName":"Z%2F23%2F186670%20-%20331633%20-%20Begroting%202024%20en%20meerjarenraming%202025-2027%20GR%20WOZL.pdf","foi_nrPages":35},{"dc_format":"application/pdf","dc_identifier":"nl.gm1954.2c.2023.2834567-7.doc.6","dc_source":"https://api1.ibabs.eu/publicdownload.aspx?site=Beekdaelen&id=df4a7baf-aa97-4dde-ae39-18891221ef35","dc_title":"Bijlage: Factsheet Begroting 2024 en meerjarenraming 2025-2027 GR WOZL","dc_type":"bijlage","foi_fairiscoreVersions":{"v1":1,"v2":1},"foi_fileName":"Z%2F23%2F186670%20-%20331638%20-%20Factsheet%20Begroting%202024%20en%20meerjarenraming%202025-2027%20GR%20WOZL.pdf","foi_nrPages":3},{"dc_format":"application/pdf","dc_identifier":"nl.gm1954.2c.2023.2834567-7.doc.1","dc_source":"https://api1.ibabs.eu/publicdownload.aspx?site=Beekdaelen&id=debc41a5-5923-4726-83c4-15343f667ebb","dc_title":"Raadsvoorstel inzake Begroting 2024 met meerjarenraming 2025-2027 GR WOZL","dc_type":"bijlage","foi_fairiscoreVersions":{"v1":1,"v2":1},"foi_fileName":"Z%2F23%2F186670%20-%20331639%20-%20Raadsvoorstel%20Begroting%202024%20met%20meerjarenraming%202025-2027%20GR%20WOZL.pdf","foi_nrPages":7},{"dc_format":"application/pdf","dc_identifier":"nl.gm1954.2c.2023.2834567-7.doc.8","dc_source":"https://api1.ibabs.eu/publicdownload.aspx?site=Beekdaelen&id=4f4eb717-c31f-41c9-8701-7ad4b2546ec4","dc_title":"Bijlage: Uitgaande brief aan WOZL inzake raadsbesluit","dc_type":"bijlage","foi_fairiscoreVersions":{"v1":1,"v2":1},"foi_fileName":"Z%2F23%2F186670%20-%20331808%20-%20Uitgaande%20brief%20aan%20WOZL%20inzake%20raadsbesluit.pdf","foi_nrPages":1},{"dc_format":"application/pdf","dc_identifier":"nl.gm1954.2c.2023.2834567-7.doc.7","dc_source":"https://api1.ibabs.eu/publicdownload.aspx?site=Beekdaelen&id=66cfd0ae-a85e-4090-af78-26c96f2f9e51","dc_title":"Raadsbesluit inzake Jaarstukken 2022 en Begroting 2024 met meerjarenraming GR WOZL","dc_type":"bijlage","foi_fairiscoreVersions":{"v1":1,"v2":1},"foi_fileName":"Z%2F23%2F186670%20-%20333586%20-%20Concept-Raadsbesluit%20Jaarstukken%202022%20en%20Begroting%202024%20met%20meerjarenraming%20GR%20WOZL.pdf","foi_nrPages":1},{"dc_format":"application/pdf","dc_identifier":"nl.gm1954.2c.2023.2834567-7.doc.2","dc_source":"https://api1.ibabs.eu/publicdownload.aspx?site=Beekdaelen&id=09f69467-925c-4b79-8771-99058d898ebb","dc_title":"Bijlage: Jaarrekening 2022 GR WOZL","dc_type":"bijlage","foi_fairiscoreVersions":{"v1":5,"v2":5},"foi_fileName":"Z%2F23%2F186670%20-%20334202%20-%20Jaarrekening%202022%20GR%20WOZL.pdf","foi_nrPages":52},{"dc_format":"application/pdf","dc_identifier":"nl.gm1954.2c.2023.2834567-7.doc.3","dc_source":"https://api1.ibabs.eu/publicdownload.aspx?site=Beekdaelen&id=37be8917-c836-47b2-8ec7-e553ba7ef591","dc_title":"Bijlage: Jaarverslag 2022 GR WOZL","dc_type":"bijlage","foi_fairiscoreVersions":{"v1":5,"v2":5},"foi_fileName":"Z%2F23%2F186670%20-%20334203%20-%20Jaarverslag%202022%20GR%20WOZL.pdf","foi_nrPages":24},{"dc_format":"application/pdf","dc_identifier":"nl.gm1954.2c.2023.2834567-7.doc.4","dc_source":"https://api1.ibabs.eu/publicdownload.aspx?site=Beekdaelen&id=e90a5296-04bd-416c-8c23-da84d9255db7","dc_title":"Bijlage: Accountantsverslag 2022 GR WOZL","dc_type":"bijlage","foi_fairiscoreVersions":{"v1":5,"v2":5},"foi_fileName":"Z%2F23%2F186670%20-%20334204%20-%20Accountantsverslag%202022%20GR%20WOZL.pdf","foi_nrPages":21}],"foi_nrDocuments":9,"foi_nrPagesInDossier":144,"foi_publishedDate":"2023-05-09","foi_retrievedDate":"2025-12-04"},{"dc_creator":"HandelingScraper_v1","dc_date_year":2023,"dc_description":"Vergadering van de Gemeente Beekdaelen op 2023-05-09. Onderdeel: Voorstel inzake \"Jaarstukken 2022 en begroting 2024 met meerjarenraming GR WSP Parkstad\".","dc_identifier":"nl.gm1954.2c.2023.2834567-8","dc_publisher":"gm1954","dc_source":"https://beekdaelen.bestuurlijkeinformatie.nl/Agenda/Index/92fb3c6e-bc49-4fd8-a0ab-4023fca7627d","dc_title":"Raadscommissie Sociale Leefomgeving 2023-05-09 - Voorstel inzake \"Jaarstukken 2022 en begroting 2024 met meerjarenraming GR WSP Parkstad\"","dc_type":"2c","dc_type_description":"Vergaderstuk decentrale overheid","foi_fairiscoreVersions":{"v1":null,"v2":null},"foi_files":[{"dc_format":"application/octet-stream","dc_identifier":"nl.gm1954.2c.2023.2834567-8.doc.9","dc_source":"https://api1.ibabs.eu/publicdownload.aspx?site=Beekdaelen&id=6057f6b7-577c-406a-b117-1ffa9688efc5","dc_title":"B2 Advies commissie + B3 + B4 + C I","dc_type":"bijlage","foi_fileName":"B2%20Advies%20commissie%20%2B%20B3%20%2B%20B4%20%2B%20C%20I.mp3"},{"dc_format":"application/pdf","dc_identifier":"nl.gm1954.2c.2023.2834567-8.doc.1","dc_source":"https://api1.ibabs.eu/publicdownload.aspx?site=Beekdaelen&id=ae5a2eda-50d6-4dd4-9e10-4033c7d81753","dc_title":"Raadsvoorstel inzake Begroting 2024 en meerjarenraming 2025-2027 GR WSP Parkstad","dc_type":"bijlage","foi_fileName":"Z%2F23%2F186671%20-%20331720%20-%20Raadsvoorstel%20Begroting%202024%20en%20meerjarenraming%202025-2027%20GR%20WSP%20Parkstad.pdf"},{"dc_format":"application/pdf","dc_identifier":"nl.gm1954.2c.2023.2834567-8.doc.8","dc_source":"https://api1.ibabs.eu/publicdownload.aspx?site=Beekdaelen&id=9dad5468-5b53-4ce8-a412-3794933cd127","dc_title":"Bijlage: Uitgaande brief aan WSP Parkstad inzake raadsbesluit","dc_type":"bijlage","foi_fileName":"Z%2F23%2F186671%20-%20331812%20-%20Uitgaande%20brief%20aan%20WSP%20Parkstad%20inzake%20raadsbesluit.pdf"},{"dc_format":"application/pdf","dc_identifier":"nl.gm1954.2c.2023.2834567-8.doc.7","dc_source":"https://api1.ibabs.eu/publicdownload.aspx?site=Beekdaelen&id=4143c8b7-49b1-41eb-8497-4b2a96fb8224","dc_title":"Raadsbesluit inzake jaarstukken 2022 en begroting 2024 met meerjarenraming GR WSP Parkstad","dc_type":"bijlage","foi_fileName":"Z%2F23%2F186671%20-%20333587%20-%20Raadsbesluit%20jaarstukken%202022%20en%20begroting%202024%20met%20meerjarenraming%20GR%20WSP%20Parkstad.pdf"},{"dc_format":"application/pdf","dc_identifier":"nl.gm1954.2c.2023.2834567-8.doc.5","dc_source":"https://api1.ibabs.eu/publicdownload.aspx?site=Beekdaelen&id=c3c89a35-a214-4716-9b88-93f86d212cbf","dc_title":"Bijlage: Begroting 2024 met meerjarenraming 2025-2027 GR WSP Parkstad","dc_type":"bijlage","foi_fileName":"Z%2F23%2F186671%20-%20333591%20-%20Begroting%202024%20met%20meerjarenraming%202025-2027%20GR%20WSP%20Parkstad.pdf"},{"dc_format":"application/pdf","dc_identifier":"nl.gm1954.2c.2023.2834567-8.doc.6","dc_source":"https://api1.ibabs.eu/publicdownload.aspx?site=Beekdaelen&id=c9e75b97-35c3-4e61-be02-615077cd7b76","dc_title":"Bijlage: Factsheet Begroting 2024 met meerjarenraming 2025-2027 GR WSP Parkstad","dc_type":"bijlage","foi_fileName":"Z%2F23%2F186671%20-%20333592%20-%20Factsheet%20Begroting%202024%20met%20meerjarenraming%202025-2027%20GR%20WSP%20Parkstad.pdf"},{"dc_format":"application/pdf","dc_identifier":"nl.gm1954.2c.2023.2834567-8.doc.2","dc_source":"https://api1.ibabs.eu/publicdownload.aspx?site=Beekdaelen&id=7283beea-b62d-42a6-a74c-c64fe6650e54","dc_title":"Bijlage: Jaarrekening 2022 GR WSP Parkstad","dc_type":"bijlage","foi_fileName":"Z%2F23%2F186671%20-%20334193%20-%20Jaarrekening%202022%20GR%20WSP%20Parkstad.pdf"},{"dc_format":"application/pdf","dc_identifier":"nl.gm1954.2c.2023.2834567-8.doc.3","dc_source":"https://api1.ibabs.eu/publicdownload.aspx?site=Beekdaelen&id=0290098c-0e0d-4cee-8027-31e9645ce3bd","dc_title":"Bijlage: Jaarverslag 2022 GR WSP Parkstad","dc_type":"bijlage","foi_fileName":"Z%2F23%2F186671%20-%20334195%20-%20Jaarverslag%202022%20GR%20WSP%20Parkstad.pdf"},{"dc_format":"application/pdf","dc_identifier":"nl.gm1954.2c.2023.2834567-8.doc.4","dc_source":"https://api1.ibabs.eu/publicdownload.aspx?site=Beekdaelen&id=6aea22f8-3a73-4133-b71b-dcc7b12d5ee9","dc_title":"Bijlage: Accountantsverslag 2022 GR WSP Parkstad","dc_type":"bijlage","foi_fileName":"Z%2F23%2F186671%20-%20334196%20-%20Accountantsverslag%202022%20GR%20WSP%20Parkstad.pdf"}],"foi_nrDocuments":9,"foi_nrPagesInDossier":0,"foi_publishedDate":"2023-05-09","foi_retrievedDate":"2025-11-30"},{"dc_creator":"HandelingScraper_v1","dc_date_year":2023,"dc_description":"Vergadering van de Gemeente Beekdaelen op 2023-05-09. Onderdeel: Rondvraag Sociale Leefomgeving.","dc_identifier":"nl.gm1954.2c.2023.2834567-9","dc_publisher":"gm1954","dc_source":"https://beekdaelen.bestuurlijkeinformatie.nl/Agenda/Index/92fb3c6e-bc49-4fd8-a0ab-4023fca7627d","dc_title":"Raadscommissie Sociale Leefomgeving 2023-05-09 - Rondvraag Sociale Leefomgeving","dc_type":"2c","dc_type_description":"Vergaderstuk decentrale overheid","foi_fairiscoreVersions":{"v1":1,"v2":1},"foi_files":[{"dc_format":"application/octet-stream","dc_identifier":"nl.gm1954.2c.2023.2834567-9.doc.6","dc_source":"https://api1.ibabs.eu/publicdownload.aspx?site=Beekdaelen&id=ab2c7f76-95ab-48e9-ab03-d68ac4d402ee","dc_title":"B2 Advies commissie + B3 + B4 + C I","dc_type":"bijlage","foi_fileName":"B2%20Advies%20commissie%20%2B%20B3%20%2B%20B4%20%2B%20C%20I.mp3"},{"dc_format":"application/octet-stream","dc_identifier":"nl.gm1954.2c.2023.2834567-9.doc.7","dc_source":"https://api1.ibabs.eu/publicdownload.aspx?site=Beekdaelen&id=9b96fd69-b8e3-4b82-8cc1-83d9187960e2","dc_title":"C II","dc_type":"bijlage","foi_fileName":"C%20II.mp3"},{"dc_format":"application/pdf","dc_identifier":"nl.gm1954.2c.2023.2834567-9.doc.4","dc_source":"https://api1.ibabs.eu/publicdownload.aspx?site=Beekdaelen&id=9c74d83d-df41-4083-961c-eee4fa5bd4e1","dc_title":"MvA technische vragen VG mbt Rondvraag (antidiscriminatie)","dc_type":"bijlage","foi_fairiscoreVersions":{"v1":1,"v2":1},"foi_fileName":"MvA%20technische%20vragen%20VG%20mbt%20Rondvraag.pdf","foi_nrPages":2},{"dc_format":"application/pdf","dc_identifier":"nl.gm1954.2c.2023.2834567-9.doc.5","dc_source":"https://api1.ibabs.eu/publicdownload.aspx?site=Beekdaelen&id=a0fc3811-62e4-4754-8cfa-e43849eb7502","dc_title":"MvA technische vragen VG mbt Rondvraag (gemeenschapshuis Sweikhuizen)","dc_type":"bijlage","foi_fairiscoreVersions":{"v1":1,"v2":1},"foi_fileName":"MvA%20technische%20vragen%20VG%20Sweikhuizen.pdf","foi_nrPages":1},{"dc_format":"application/pdf","dc_identifier":"nl.gm1954.2c.2023.2834567-9.doc.2","dc_source":"https://api1.ibabs.eu/publicdownload.aspx?site=Beekdaelen&id=7209807c-e03e-414d-af16-3f1758ebd8ae","dc_title":"MvA technische vragen VVD mbt C Rondvraag","dc_type":"bijlage","foi_fairiscoreVersions":{"v1":1,"v2":1},"foi_fileName":"MvA%20technische%20vragen%20VVD%20mbt%20C%20Rondvraag.pdf","foi_nrPages":2},{"dc_format":"application/pdf","dc_identifier":"nl.gm1954.2c.2023.2834567-9.doc.3","dc_source":"https://api1.ibabs.eu/publicdownload.aspx?site=Beekdaelen&id=a926ded1-678e-405a-96ea-32a1ae7138f4","dc_title":"Technische vragen VG mbt Rondvraag","dc_type":"bijlage","foi_fairiscoreVersions":{"v1":1,"v2":1},"foi_fileName":"Technische%20vragen%20VG%20mbt%20Rondvraag.pdf","foi_nrPages":1},{"dc_format":"application/pdf","dc_identifier":"nl.gm1954.2c.2023.2834567-9.doc.1","dc_source":"https://api1.ibabs.eu/publicdownload.aspx?site=Beekdaelen&id=165bc17f-1265-4eee-af29-74cc46a2ced8","dc_title":"Technische vragen VVD mbt Rondvraag","dc_type":"bijlage","foi_fairiscoreVersions":{"v1":1,"v2":1},"foi_fileName":"Technische%20vragen%20VVD%20mbt%20Rondvraag.pdf","foi_nrPages":1}],"foi_nrDocuments":7,"foi_nrPagesInDossier":7,"foi_publishedDate":"2023-05-09","foi_retrievedDate":"2025-12-04"},{"dc_creator":"HandelingScraper_v1","dc_date_year":2023,"dc_description":"Vergadering van de Gemeente Beekdaelen op 2023-05-10. Onderdeel: Algemeen.","dc_identifier":"nl.gm1954.2c.2023.2834656-1","dc_publisher":"gm1954","dc_source":"https://beekdaelen.bestuurlijkeinformatie.nl/Agenda/Index/f708c1e5-446c-4f2a-aa40-e846af70946d","dc_title":"Raadscommissie Bestuur en Middelen 2023-05-10 - Algemeen","dc_type":"2c","dc_type_description":"Vergaderstuk decentrale overheid","foi_fairiscoreVersions":{"v1":1,"v2":1},"foi_files":[{"dc_format":"application/pdf","dc_identifier":"nl.gm1954.2c.2023.2834656-1.doc.1","dc_source":"https://api1.ibabs.eu/publicdownload.aspx?site=Beekdaelen&id=e390b323-8d0f-402f-b758-452df975a914","dc_title":"Technische vragen CDA mbt B1","dc_type":"bijlage","foi_fairiscoreVersions":{"v1":1,"v2":1},"foi_fileName":"Technische%20vragen%20CDA%20mbt%20B1.pdf","foi_nrPages":1},{"dc_format":"application/pdf","dc_identifier":"nl.gm1954.2c.2023.2834656-1.doc.3","dc_source":"https://api1.ibabs.eu/publicdownload.aspx?site=Beekdaelen&id=4109aace-a12e-40bd-887b-55f1311ca380","dc_title":"Technische vragen Koll\u00e9e-Rijkx mbt B3","dc_type":"bijlage","foi_fairiscoreVersions":{"v1":1,"v2":1},"foi_fileName":"Technische%20vragen%20Koll%C3%A9e-Rijkx%20mbt%20B3.pdf","foi_nrPages":1},{"dc_format":"application/pdf","dc_identifier":"nl.gm1954.2c.2023.2834656-1.doc.4","dc_source":"https://api1.ibabs.eu/publicdownload.aspx?site=Beekdaelen&id=d629b8ad-7c53-4867-bde8-d2ac7ffdabd9","dc_title":"Technische vragen PvdA mbt B1","dc_type":"bijlage","foi_fairiscoreVersions":{"v1":1,"v2":1},"foi_fileName":"Technische%20vragen%20PvdA%20mbt%20B1.pdf","foi_nrPages":1},{"dc_format":"application/pdf","dc_identifier":"nl.gm1954.2c.2023.2834656-1.doc.5","dc_source":"https://api1.ibabs.eu/publicdownload.aspx?site=Beekdaelen&id=3bf0ce45-a6f7-4fd3-9aa5-9afab1970bd1","dc_title":"Technische vragen PvdA mbt B2","dc_type":"bijlage","foi_fairiscoreVersions":{"v1":1,"v2":1},"foi_fileName":"Technische%20vragen%20PvdA%20mbt%20B2.pdf","foi_nrPages":1},{"dc_format":"application/pdf","dc_identifier":"nl.gm1954.2c.2023.2834656-1.doc.2","dc_source":"https://api1.ibabs.eu/publicdownload.aspx?site=Beekdaelen&id=dfc6936b-7721-43d8-aa54-2fdac11eb89d","dc_title":"Technische vragen VG mbt B1 en B3","dc_type":"bijlage","foi_fairiscoreVersions":{"v1":1,"v2":1},"foi_fileName":"Technische%20vragen%20VG%20mbt%20B1%20en%20B3.pdf","foi_nrPages":1}],"foi_nrDocuments":5,"foi_nrPagesInDossier":5,"foi_publishedDate":"2023-05-10","foi_retrievedDate":"2026-02-12"},{"dc_creator":"HandelingScraper_v1","dc_date_year":2023,"dc_description":"Vergadering van de Gemeente Beekdaelen op 2023-05-10. Onderdeel: Opening, mededelingen voorzitter en vaststellen agenda.","dc_identifier":"nl.gm1954.2c.2023.2834656-2","dc_publisher":"gm1954","dc_source":"https://beekdaelen.bestuurlijkeinformatie.nl/Agenda/Index/f708c1e5-446c-4f2a-aa40-e846af70946d","dc_title":"Raadscommissie Bestuur en Middelen 2023-05-10 - Opening, mededelingen voorzitter en vaststellen agenda","dc_type":"2c","dc_type_description":"Vergaderstuk decentrale overheid","foi_fairiscoreVersions":{"v1":null,"v2":null},"foi_files":[{"dc_format":"application/octet-stream","dc_identifier":"nl.gm1954.2c.2023.2834656-2.doc.3","dc_source":"https://api1.ibabs.eu/publicdownload.aspx?site=Beekdaelen&id=024127e3-19da-4244-bab2-bfd893ce7c2c","dc_title":"A1 tm A3.mp3","dc_type":"bijlage","foi_fileName":"A1%20tm%20A3.mp3"},{"dc_format":"application/pdf","dc_identifier":"nl.gm1954.2c.2023.2834656-2.doc.1","dc_source":"https://api1.ibabs.eu/publicdownload.aspx?site=Beekdaelen&id=4d4ede69-ad21-4b86-aeaf-a243686aaaa1","dc_title":"Uitnodiging en voorlopige agenda cie B&M 10 05 2023","dc_type":"bijlage","foi_fileName":"Uitnodiging%20en%20voorlopige%20agenda%20cie%20B%26M%2010%2005%202023.pdf"},{"dc_format":"application/pdf","dc_identifier":"nl.gm1954.2c.2023.2834656-2.doc.2","dc_source":"https://api1.ibabs.eu/publicdownload.aspx?site=Beekdaelen&id=0fc5f185-df80-408f-940a-5c5a207fa387","dc_title":"Vastgestelde agenda raadscie. B&M 10052023","dc_type":"bijlage","foi_fileName":"Vastgestelde%20agenda%20raadscie.pdf"}],"foi_nrDocuments":3,"foi_nrPagesInDossier":0,"foi_publishedDate":"2023-05-10","foi_retrievedDate":"2025-11-30"},{"dc_creator":"HandelingScraper_v1","dc_date_year":2023,"dc_description":"Vergadering van de Gemeente Beekdaelen op 2023-05-10. Onderdeel: Spreekrecht burgers.","dc_identifier":"nl.gm1954.2c.2023.2834656-3","dc_publisher":"gm1954","dc_source":"https://beekdaelen.bestuurlijkeinformatie.nl/Agenda/Index/f708c1e5-446c-4f2a-aa40-e846af70946d","dc_title":"Raadscommissie Bestuur en Middelen 2023-05-10 - Spreekrecht burgers","dc_type":"2c","dc_type_description":"Vergaderstuk decentrale overheid","foi_fairiscoreVersions":{"v1":null,"v2":null},"foi_files":[{"dc_format":"application/octet-stream","dc_identifier":"nl.gm1954.2c.2023.2834656-3.doc.1","dc_source":"https://api1.ibabs.eu/publicdownload.aspx?site=Beekdaelen&id=cd310ebe-0656-430a-8531-3027e1d91353","dc_title":"A1 tm A3.mp3","dc_type":"bijlage","foi_fileName":"A1%20tm%20A3.mp3"}],"foi_nrDocuments":1,"foi_nrPagesInDossier":0,"foi_publishedDate":"2023-05-10","foi_retrievedDate":"2025-12-06"},{"dc_creator":"HandelingScraper_v1","dc_date_year":2023,"dc_description":"Vergadering van de Gemeente Beekdaelen op 2023-05-10. Onderdeel: Vaststellen actiepuntenlijst van de raadscommissie Bestuur en Middelen d.d. 5 april 2023.","dc_identifier":"nl.gm1954.2c.2023.2834656-4","dc_publisher":"gm1954","dc_source":"https://beekdaelen.bestuurlijkeinformatie.nl/Agenda/Index/f708c1e5-446c-4f2a-aa40-e846af70946d","dc_title":"Raadscommissie Bestuur en Middelen 2023-05-10 - Vaststellen actiepuntenlijst van de raadscommissie Bestuur en Middelen d.d. 5 april 2023","dc_type":"2c","dc_type_description":"Vergaderstuk decentrale overheid","foi_fairiscoreVersions":{"v1":1,"v2":1},"foi_files":[{"dc_format":"application/octet-stream","dc_identifier":"nl.gm1954.2c.2023.2834656-4.doc.2","dc_source":"https://api1.ibabs.eu/publicdownload.aspx?site=Beekdaelen&id=fb7e4f06-ecaf-4817-b778-8d7a72264cdc","dc_title":"A1 tm A3.mp3","dc_type":"bijlage","foi_fileName":"A1%20tm%20A3.mp3"},{"dc_format":"application/pdf","dc_identifier":"nl.gm1954.2c.2023.2834656-4.doc.1","dc_source":"https://api1.ibabs.eu/publicdownload.aspx?site=Beekdaelen&id=d87e7623-fcc3-4b71-85f2-de3c9bf05bc9","dc_title":"actiepuntenlijst B&M 05042023 - vastgesteld 10.05.2023","dc_type":"bijlage","foi_fairiscoreVersions":{"v1":1,"v2":1},"foi_fileName":"actiepuntenlijst%20B%26M%2005042023.pdf","foi_nrPages":4}],"foi_nrDocuments":2,"foi_nrPagesInDossier":4,"foi_publishedDate":"2023-05-10","foi_retrievedDate":"2026-03-01"},{"dc_creator":"HandelingScraper_v1","dc_date_year":2023,"dc_description":"Vergadering van de Gemeente Beekdaelen op 2023-05-10. Onderdeel: Voorstel inzake: \"ontwerpbegroting 2024 en meerjarenraming 2025 - 2027 BsGW\".","dc_identifier":"nl.gm1954.2c.2023.2834656-5","dc_publisher":"gm1954","dc_source":"https://beekdaelen.bestuurlijkeinformatie.nl/Agenda/Index/f708c1e5-446c-4f2a-aa40-e846af70946d","dc_title":"Raadscommissie Bestuur en Middelen 2023-05-10 - Voorstel inzake: \"ontwerpbegroting 2024 en meerjarenraming 2025 - 2027 BsGW\"","dc_type":"2c","dc_type_description":"Vergaderstuk decentrale overheid","foi_fairiscoreVersions":{"v1":2,"v2":1},"foi_files":[{"dc_format":"application/pdf","dc_identifier":"nl.gm1954.2c.2023.2834656-5.doc.17","dc_source":"https://api1.ibabs.eu/publicdownload.aspx?site=Beekdaelen&id=8446dd7b-8360-42b3-b0f4-d388c0c8be1b","dc_title":"Antwoord op vraag aantal bezwaarschriften WOZ 2023 en 2022","dc_type":"bijlage","foi_fairiscoreVersions":{"v1":1,"v2":1},"foi_fileName":"Antwoord%20op%20vraag%20aantal%20bezwaarschriften%20WOZ%202023%20en%202022.pdf","foi_nrPages":1},{"dc_format":"application/octet-stream","dc_identifier":"nl.gm1954.2c.2023.2834656-5.doc.13","dc_source":"https://api1.ibabs.eu/publicdownload.aspx?site=Beekdaelen&id=c0c38266-20c0-4f6b-b9b5-01534dfa65a3","dc_title":"B1 1e termijn.mp3","dc_type":"bijlage","foi_fileName":"B1%201e%20termijn.mp3"},{"dc_format":"application/octet-stream","dc_identifier":"nl.gm1954.2c.2023.2834656-5.doc.15","dc_source":"https://api1.ibabs.eu/publicdownload.aspx?site=Beekdaelen&id=742d933e-b69f-423e-bbd3-ab2c41666215","dc_title":"B1 2e termijn.mp3","dc_type":"bijlage","foi_fileName":"B1%202e%20termijn.mp3"},{"dc_format":"application/octet-stream","dc_identifier":"nl.gm1954.2c.2023.2834656-5.doc.16","dc_source":"https://api1.ibabs.eu/publicdownload.aspx?site=Beekdaelen&id=0d260a7c-40f4-49f1-b403-b6037894d7ea","dc_title":"B1 Advies commissie.mp3","dc_type":"bijlage","foi_fileName":"B1%20Advies%20commissie.mp3"},{"dc_format":"application/octet-stream","dc_identifier":"nl.gm1954.2c.2023.2834656-5.doc.14","dc_source":"https://api1.ibabs.eu/publicdownload.aspx?site=Beekdaelen&id=25da221e-ba34-4376-9fec-e12feda7fddd","dc_title":"B1 beantwoording 1e termijn.mp3","dc_type":"bijlage","foi_fileName":"B1%20beantwoording%201e%20termijn.mp3"},{"dc_format":"application/pdf","dc_identifier":"nl.gm1954.2c.2023.2834656-5.doc.2","dc_source":"https://api1.ibabs.eu/publicdownload.aspx?site=Beekdaelen&id=690c85f4-5d12-46c3-9464-cf4ba14b695c","dc_title":"Bijlage: BsGW aanbiedingsbrief kadernota 2024","dc_type":"bijlage","foi_fairiscoreVersions":{"v1":1,"v2":1},"foi_fileName":"email.pdf","foi_nrPages":1},{"dc_format":"application/pdf","dc_identifier":"nl.gm1954.2c.2023.2834656-5.doc.7","dc_source":"https://api1.ibabs.eu/publicdownload.aspx?site=Beekdaelen&id=68555cf3-3657-44fe-922e-17a8f67a7cd1","dc_title":"Bijlage: BsGW bijlagen ontwerpbegroting 2024 en meerjarenbegroting 2025 - 2027","dc_type":"bijlage","foi_fairiscoreVersions":{"v1":2,"v2":1},"foi_fileName":"email.pdf","foi_nrPages":16},{"dc_format":"application/pdf","dc_identifier":"nl.gm1954.2c.2023.2834656-5.doc.6","dc_source":"https://api1.ibabs.eu/publicdownload.aspx?site=Beekdaelen&id=c9946ad4-b052-4884-b9d4-47506ca3b224","dc_title":"Bijlage: BsGW ontwerpbegroting 2024 en meerjarenbegroting 2025 - 2027","dc_type":"bijlage","foi_fairiscoreVersions":{"v1":2,"v2":1},"foi_fileName":"email.pdf","foi_nrPages":58},{"dc_format":"application/pdf","dc_identifier":"nl.gm1954.2c.2023.2834656-5.doc.5","dc_source":"https://api1.ibabs.eu/publicdownload.aspx?site=Beekdaelen&id=a5923fae-6a88-4938-ad27-38b533ad38c5","dc_title":"Bijlage: BsGW aanbiedingsbrief ontwerpbegroting 2024 en meerjarenraming 2025 - 2027","dc_type":"bijlage","foi_fairiscoreVersions":{"v1":2,"v2":1},"foi_fileName":"email.pdf","foi_nrPages":2},{"dc_format":"application/pdf","dc_identifier":"nl.gm1954.2c.2023.2834656-5.doc.4","dc_source":"https://api1.ibabs.eu/publicdownload.aspx?site=Beekdaelen&id=83b28cf0-0875-4f1c-8a09-1629382c3a7b","dc_title":"Bijlage: BsGW bijlagen kadernota 2024","dc_type":"bijlage","foi_fairiscoreVersions":{"v1":2,"v2":1},"foi_fileName":"email.pdf","foi_nrPages":16},{"dc_format":"application/pdf","dc_identifier":"nl.gm1954.2c.2023.2834656-5.doc.3","dc_source":"https://api1.ibabs.eu/publicdownload.aspx?site=Beekdaelen&id=c2e9adcc-b481-4060-8a07-10b32509a1fc","dc_title":"Bijlage: BsGW kadernota 2024","dc_type":"bijlage","foi_fairiscoreVersions":{"v1":2,"v2":1},"foi_fileName":"email.pdf","foi_nrPages":12},{"dc_format":"application/pdf","dc_identifier":"nl.gm1954.2c.2023.2834656-5.doc.12","dc_source":"https://api1.ibabs.eu/publicdownload.aspx?site=Beekdaelen&id=2bb4583b-be50-4751-8d12-08f357f38c14","dc_title":"MvA technische vragen CDA mbt begroting 2024 ev jaren BsGW","dc_type":"bijlage","foi_fairiscoreVersions":{"v1":1,"v2":1},"foi_fileName":"MvA%20technische%20vragen%20Koll%C3%A9e-Rijkx%20mbt%20begroting%202024%20ev%20jaren%20BsGW.pdf","foi_nrPages":1},{"dc_format":"application/pdf","dc_identifier":"nl.gm1954.2c.2023.2834656-5.doc.10","dc_source":"https://api1.ibabs.eu/publicdownload.aspx?site=Beekdaelen&id=87c21e04-a339-472a-8209-551a7de90019","dc_title":"MvA technische vragen PvdA B1 begroting 2024 ev jaren BsGW","dc_type":"bijlage","foi_fairiscoreVersions":{"v1":1,"v2":1},"foi_fileName":"MvA%20technische%20vragen%20PvdA%20B1%20begroting%202024%20ev%20jaren%20BsGW.pdf","foi_nrPages":3},{"dc_format":"application/pdf","dc_identifier":"nl.gm1954.2c.2023.2834656-5.doc.11","dc_source":"https://api1.ibabs.eu/publicdownload.aspx?site=Beekdaelen&id=16b9215f-7e12-47e4-8527-725b5a335316","dc_title":"MvA technische vragen VG mbt begroting 2024 ev jaren BsGW","dc_type":"bijlage","foi_fairiscoreVersions":{"v1":1,"v2":1},"foi_fileName":"MvA%20technische%20vragen%20VG%20mbt%20begroting%202024%20ev%20jaren%20BsGW.pdf","foi_nrPages":1},{"dc_format":"application/pdf","dc_identifier":"nl.gm1954.2c.2023.2834656-5.doc.1","dc_source":"https://api1.ibabs.eu/publicdownload.aspx?site=Beekdaelen&id=34e54ee0-fef0-4be8-89ca-dd4ba200dd91","dc_title":"Raadsvoorstel conceptbegroting 2024 en meerjarenraming 2025 - 2027BsGW","dc_type":"bijlage","foi_fairiscoreVersions":{"v1":1,"v2":1},"foi_fileName":"Z%2F23%2F187238%20-%20334791%20-%20begroting%202024%20BsGW.pdf","foi_nrPages":5},{"dc_format":"application/pdf","dc_identifier":"nl.gm1954.2c.2023.2834656-5.doc.8","dc_source":"https://api1.ibabs.eu/publicdownload.aspx?site=Beekdaelen&id=8551c769-beec-4ac8-ad83-ed17add97d1f","dc_title":"Raadsbesluit conceptbegroting 2024 en meerjarenraming 2025 - 2027BsGW","dc_type":"bijlage","foi_fairiscoreVersions":{"v1":1,"v2":1},"foi_fileName":"Z%2F23%2F187238%20-%20334792%20-%20begroting%202024%20BsGW.pdf","foi_nrPages":1},{"dc_format":"application/pdf","dc_identifier":"nl.gm1954.2c.2023.2834656-5.doc.9","dc_source":"https://api1.ibabs.eu/publicdownload.aspx?site=Beekdaelen&id=1793c137-482d-4965-b693-1ca87eadc77e","dc_title":"Bijlage: Uitgaande brief BsGW  conceptbegroting 2024 en meerjarenraming 2025 - 2027","dc_type":"bijlage","foi_fairiscoreVersions":{"v1":1,"v2":1},"foi_fileName":"Z%2F23%2F187238%20-%20334900%20-%20begroting%202024%20BsGW.pdf","foi_nrPages":1}],"foi_nrDocuments":17,"foi_nrPagesInDossier":118,"foi_publishedDate":"2023-05-10","foi_retrievedDate":"2026-03-09"},{"dc_creator":"HandelingScraper_v1","dc_date_year":2023,"dc_description":"Vergadering van de Gemeente Beekdaelen op 2023-05-10. Onderdeel: Voorstel inzake: \"BsGW 1e begrotingswijziging 2023\".","dc_identifier":"nl.gm1954.2c.2023.2834656-6","dc_publisher":"gm1954","dc_source":"https://beekdaelen.bestuurlijkeinformatie.nl/Agenda/Index/f708c1e5-446c-4f2a-aa40-e846af70946d","dc_title":"Raadscommissie Bestuur en Middelen 2023-05-10 - Voorstel inzake: \"BsGW 1e begrotingswijziging 2023\"","dc_type":"2c","dc_type_description":"Vergaderstuk decentrale overheid","foi_fairiscoreVersions":{"v1":2,"v2":1},"foi_files":[{"dc_format":"application/octet-stream","dc_identifier":"nl.gm1954.2c.2023.2834656-6.doc.7","dc_source":"https://api1.ibabs.eu/publicdownload.aspx?site=Beekdaelen&id=7c1eabe3-9f4f-4ff0-81da-6e13e655a306","dc_title":"B2 1e termijn","dc_type":"bijlage","foi_fileName":"B2%201e%20termijn.mp3"},{"dc_format":"application/octet-stream","dc_identifier":"nl.gm1954.2c.2023.2834656-6.doc.9","dc_source":"https://api1.ibabs.eu/publicdownload.aspx?site=Beekdaelen&id=e256246c-e924-4dcd-8644-6da79fed0b2d","dc_title":"B2 2e termijn","dc_type":"bijlage","foi_fileName":"B2%202e%20termijn.mp3"},{"dc_format":"application/octet-stream","dc_identifier":"nl.gm1954.2c.2023.2834656-6.doc.8","dc_source":"https://api1.ibabs.eu/publicdownload.aspx?site=Beekdaelen&id=c4f5629d-890b-470a-8e1b-5a17be9b3954","dc_title":"B2 beantwoording 1e termijn","dc_type":"bijlage","foi_fileName":"B2%20beantwoording%201e%20termijn.mp3"},{"dc_format":"application/octet-stream","dc_identifier":"nl.gm1954.2c.2023.2834656-6.doc.10","dc_source":"https://api1.ibabs.eu/publicdownload.aspx?site=Beekdaelen&id=761a5ffe-52de-4b1f-8be8-5f1a417639f0","dc_title":"B2 beantwoording 2e termijn","dc_type":"bijlage","foi_fileName":"B2%20beantwoording%202e%20termijn.mp3"},{"dc_format":"application/pdf","dc_identifier":"nl.gm1954.2c.2023.2834656-6.doc.2","dc_source":"https://api1.ibabs.eu/publicdownload.aspx?site=Beekdaelen&id=dd4e26d2-b1dd-443a-8288-ea82178b5d26","dc_title":"Bijlage: BsGW Aanbiedingsbrief 1e  begrotingswijziging 2023","dc_type":"bijlage","foi_fairiscoreVersions":{"v1":1,"v2":1},"foi_fileName":"email.pdf","foi_nrPages":4},{"dc_format":"application/pdf","dc_identifier":"nl.gm1954.2c.2023.2834656-6.doc.3","dc_source":"https://api1.ibabs.eu/publicdownload.aspx?site=Beekdaelen&id=3f1db335-2a08-4772-b34f-97cbbc955ff4","dc_title":"Bijlage: BsGW AB-voorstel 1e  begrotingswijziging 2023","dc_type":"bijlage","foi_fairiscoreVersions":{"v1":2,"v2":1},"foi_fileName":"email.pdf","foi_nrPages":5},{"dc_format":"application/pdf","dc_identifier":"nl.gm1954.2c.2023.2834656-6.doc.6","dc_source":"https://api1.ibabs.eu/publicdownload.aspx?site=Beekdaelen&id=6ebbca71-92eb-4b43-9ea4-3811a1e04021","dc_title":"MvA technische vragen PvdA mbt 1e begrotingswijziging 2023 BsGW","dc_type":"bijlage","foi_fairiscoreVersions":{"v1":1,"v2":1},"foi_fileName":"MvA%20technische%20vragen%20PvdA%20mbt%201e%20begrotingswijziging%202023%20BsGW.pdf","foi_nrPages":2},{"dc_format":"application/pdf","dc_identifier":"nl.gm1954.2c.2023.2834656-6.doc.1","dc_source":"https://api1.ibabs.eu/publicdownload.aspx?site=Beekdaelen&id=15b66c5f-b628-4670-a399-f4e82d550f5e","dc_title":"Raadsvoorstel inzake 1e begrotingswijziging BsGW 2023","dc_type":"bijlage","foi_fairiscoreVersions":{"v1":1,"v2":1},"foi_fileName":"Z%2F23%2F187238%20-%20334788%20-%201e%20begrotingswijziging%20BsGW%202023.pdf","foi_nrPages":3},{"dc_format":"application/pdf","dc_identifier":"nl.gm1954.2c.2023.2834656-6.doc.4","dc_source":"https://api1.ibabs.eu/publicdownload.aspx?site=Beekdaelen&id=e8920f79-d90e-48a0-ad58-384ee6b721cb","dc_title":"Raadsbesluit inzake 1e begrotingswijziging 2023 BsGW","dc_type":"bijlage","foi_fairiscoreVersions":{"v1":1,"v2":1},"foi_fileName":"Z%2F23%2F187238%20-%20334789%20-%201e%20begrotingswijziging%202023%20BsGW.pdf","foi_nrPages":1},{"dc_format":"application/pdf","dc_identifier":"nl.gm1954.2c.2023.2834656-6.doc.5","dc_source":"https://api1.ibabs.eu/publicdownload.aspx?site=Beekdaelen&id=f38fceb4-fe9c-48f3-9f89-3dd06b73393e","dc_title":"Bijlage: Uitgaande brief BsGW 1e begrotingswijziging 2023","dc_type":"bijlage","foi_fairiscoreVersions":{"v1":1,"v2":1},"foi_fileName":"Z%2F23%2F187238%20-%20334882%20-%201e%20begrotingswijziging%202023%20BsGW.pdf","foi_nrPages":1}],"foi_nrDocuments":10,"foi_nrPagesInDossier":16,"foi_publishedDate":"2023-05-10","foi_retrievedDate":"2026-02-12"},{"dc_creator":"HandelingScraper_v1","dc_date_year":2023,"dc_description":"Vergadering van de Gemeente Beekdaelen op 2023-05-10. Onderdeel: Voorstel inzake: Verordening op de raadscommissies en beeldvormende-, informatieve- en opini\u00ebrende bijeenkomsten 2023.","dc_identifier":"nl.gm1954.2c.2023.2834656-7","dc_publisher":"gm1954","dc_source":"https://beekdaelen.bestuurlijkeinformatie.nl/Agenda/Index/f708c1e5-446c-4f2a-aa40-e846af70946d","dc_title":"Raadscommissie Bestuur en Middelen 2023-05-10 - Voorstel inzake: Verordening op de raadscommissies en beeldvormende-, informatieve- en opini\u00ebrende bijeenkomsten 2023","dc_type":"2c","dc_type_description":"Vergaderstuk decentrale overheid","foi_fairiscoreVersions":{"v1":2,"v2":1},"foi_files":[{"dc_format":"application/octet-stream","dc_identifier":"nl.gm1954.2c.2023.2834656-7.doc.7","dc_source":"https://api1.ibabs.eu/publicdownload.aspx?site=Beekdaelen&id=9836ca43-9bd5-4d54-b10c-f9db238a2b34","dc_title":"B3 1e termijn","dc_type":"bijlage","foi_fileName":"B3%201e%20termijn.mp3"},{"dc_format":"application/octet-stream","dc_identifier":"nl.gm1954.2c.2023.2834656-7.doc.9","dc_source":"https://api1.ibabs.eu/publicdownload.aspx?site=Beekdaelen&id=6ce4936a-4f99-41cb-a1dd-fe7acd99151d","dc_title":"B3 2e termijn","dc_type":"bijlage","foi_fileName":"B3%202e%20termijn.mp3"},{"dc_format":"application/octet-stream","dc_identifier":"nl.gm1954.2c.2023.2834656-7.doc.10","dc_source":"https://api1.ibabs.eu/publicdownload.aspx?site=Beekdaelen&id=0b00e474-2ac0-4d81-99df-ebfe1cb6112d","dc_title":"B3 Advies commissie","dc_type":"bijlage","foi_fileName":"B3%20Advies%20commissie.mp3"},{"dc_format":"application/octet-stream","dc_identifier":"nl.gm1954.2c.2023.2834656-7.doc.8","dc_source":"https://api1.ibabs.eu/publicdownload.aspx?site=Beekdaelen&id=a0ca22dc-a881-49d8-858c-84d5bc807f3d","dc_title":"B3 beantwoording 1e termijn","dc_type":"bijlage","foi_fileName":"B3%20beantwoording%201e%20termijn.mp3"},{"dc_format":"application/pdf","dc_identifier":"nl.gm1954.2c.2023.2834656-7.doc.6","dc_source":"https://api1.ibabs.eu/publicdownload.aspx?site=Beekdaelen&id=82d8ddcf-12ff-479b-a197-3cf43b56ec75","dc_title":"MvA technische vragen Koll\u00e9e Rijkx mbt B3","dc_type":"bijlage","foi_fairiscoreVersions":{"v1":1,"v2":1},"foi_fileName":"MvA%20technische%20vragen%20Koll%C3%A9e%20Rijkx%20mbt%20B3.pdf","foi_nrPages":1},{"dc_format":"application/pdf","dc_identifier":"nl.gm1954.2c.2023.2834656-7.doc.5","dc_source":"https://api1.ibabs.eu/publicdownload.aspx?site=Beekdaelen&id=94ac9c11-a460-4120-91ca-99b1c1b74cb3","dc_title":"MvA technische vragen VG mbt B3","dc_type":"bijlage","foi_fairiscoreVersions":{"v1":1,"v2":1},"foi_fileName":"MvA%20technische%20vragen%20VG%20mbt%20B3.pdf","foi_nrPages":1},{"dc_format":"application/pdf","dc_identifier":"nl.gm1954.2c.2023.2834656-7.doc.4","dc_source":"https://api1.ibabs.eu/publicdownload.aspx?site=Beekdaelen&id=f3442e16-06ae-422b-94e1-b8d193b57ce9","dc_title":"Bijlage 3: raadsbesluit verordening raadscommissies","dc_type":"bijlage","foi_fairiscoreVersions":{"v1":1,"v2":1},"foi_fileName":"raadsbesluit%20verordening%20raadscommissies.pdf","foi_nrPages":1},{"dc_format":"application/pdf","dc_identifier":"nl.gm1954.2c.2023.2834656-7.doc.1","dc_source":"https://api1.ibabs.eu/publicdownload.aspx?site=Beekdaelen&id=eca464ab-e203-4519-a680-ee995617a5d5","dc_title":"raadsvoorstel Verordening raadscommissies","dc_type":"bijlage","foi_fairiscoreVersions":{"v1":1,"v2":1},"foi_fileName":"raadsvoorstel%20Verordening%20raadscommissies.pdf","foi_nrPages":6},{"dc_format":"application/pdf","dc_identifier":"nl.gm1954.2c.2023.2834656-7.doc.3","dc_source":"https://api1.ibabs.eu/publicdownload.aspx?site=Beekdaelen&id=cc7f63fa-555c-45fa-9bc7-f9f81f2aba11","dc_title":"Bijlage 2: Verordening op de raadscommissies en beeldvormende-, informatieve- en opini\u00ebrende bijeenkomsten 2023","dc_type":"bijlage","foi_fairiscoreVersions":{"v1":2,"v2":1},"foi_fileName":"Verordening%20raadscommissies.pdf","foi_nrPages":20},{"dc_format":"application/pdf","dc_identifier":"nl.gm1954.2c.2023.2834656-7.doc.2","dc_source":"https://api1.ibabs.eu/publicdownload.aspx?site=Beekdaelen&id=cbe67eb1-5b2d-492a-87c3-80d8356377a6","dc_title":"Bijlage: Was/wordt-tabel verordening raadscommissies","dc_type":"bijlage","foi_fairiscoreVersions":{"v1":1,"v2":1},"foi_fileName":"Was%20wordt%20verordening%20raadscommissies.pdf","foi_nrPages":5}],"foi_nrDocuments":10,"foi_nrPagesInDossier":34,"foi_publishedDate":"2023-05-10","foi_retrievedDate":"2025-11-30"},{"dc_creator":"HandelingScraper_v1","dc_date_year":2023,"dc_description":"Vergadering van de Gemeente Beekdaelen op 2023-05-10. Onderdeel: Rondvraag Bestuur en Middelen.","dc_identifier":"nl.gm1954.2c.2023.2834656-8","dc_publisher":"gm1954","dc_source":"https://beekdaelen.bestuurlijkeinformatie.nl/Agenda/Index/f708c1e5-446c-4f2a-aa40-e846af70946d","dc_title":"Raadscommissie Bestuur en Middelen 2023-05-10 - Rondvraag Bestuur en Middelen","dc_type":"2c","dc_type_description":"Vergaderstuk decentrale overheid","foi_fairiscoreVersions":{"v1":1,"v2":1},"foi_files":[{"dc_format":"application/pdf","dc_identifier":"nl.gm1954.2c.2023.2834656-8.doc.2","dc_source":"https://api1.ibabs.eu/publicdownload.aspx?site=Beekdaelen&id=0eaf8ca7-c44c-4f5b-9aa3-2f27660bc22a","dc_title":"Brief COA inzake update uitbreiding capaciteit n.a.v. vragen VG","dc_type":"bijlage","foi_fairiscoreVersions":{"v1":1,"v2":1},"foi_fileName":"Brief%20COA%20inzake%20update%20uitbreiding%20capaciteit%20n.a.v.%20vragen%20VG%20GEANONIMISEERD.pdf","foi_nrPages":3},{"dc_format":"application/octet-stream","dc_identifier":"nl.gm1954.2c.2023.2834656-8.doc.4","dc_source":"https://api1.ibabs.eu/publicdownload.aspx?site=Beekdaelen&id=28c7a4aa-23e2-40d3-8126-86fce14f4a73","dc_title":"C Rondvraag","dc_type":"bijlage","foi_fileName":"C.mp3"},{"dc_format":"application/pdf","dc_identifier":"nl.gm1954.2c.2023.2834656-8.doc.3","dc_source":"https://api1.ibabs.eu/publicdownload.aspx?site=Beekdaelen&id=9278a2b4-e31f-4c45-86fc-cc9cb6c7b488","dc_title":"Memo AZC Sweikhuizen voortgang 9-5-23 (rev.)","dc_type":"bijlage","foi_fairiscoreVersions":{"v1":1,"v2":1},"foi_fileName":"Memo%20AZC%20Sweikhuizen%20voortgang%209-5-23%20%28rev.%29.pdf","foi_nrPages":3},{"dc_format":"application/pdf","dc_identifier":"nl.gm1954.2c.2023.2834656-8.doc.1","dc_source":"https://api1.ibabs.eu/publicdownload.aspx?site=Beekdaelen&id=0b7345f3-0ed5-4962-9881-b42cbd275273","dc_title":"Technische (rond)vraag VG","dc_type":"bijlage","foi_fairiscoreVersions":{"v1":1,"v2":1},"foi_fileName":"Technische%20%28rond%29vraag%20VG.pdf","foi_nrPages":1}],"foi_nrDocuments":4,"foi_nrPagesInDossier":7,"foi_publishedDate":"2023-05-10","foi_retrievedDate":"2026-02-12"},{"dc_creator":"HandelingScraper_v1","dc_date_year":2023,"dc_description":"Vergadering van de Gemeente Beekdaelen op 2023-05-10. Onderdeel: Behoefteonderzoek communicatie.","dc_identifier":"nl.gm1954.2c.2023.2834656-9","dc_publisher":"gm1954","dc_source":"https://beekdaelen.bestuurlijkeinformatie.nl/Agenda/Index/f708c1e5-446c-4f2a-aa40-e846af70946d","dc_title":"Raadscommissie Bestuur en Middelen 2023-05-10 - Behoefteonderzoek communicatie","dc_type":"2c","dc_type_description":"Vergaderstuk decentrale overheid","foi_fairiscoreVersions":{"v1":2,"v2":2},"foi_files":[{"dc_format":"application/pdf","dc_identifier":"nl.gm1954.2c.2023.2834656-9.doc.1","dc_source":"https://api1.ibabs.eu/publicdownload.aspx?site=Beekdaelen&id=6b263fa9-c15f-4077-8f09-4aa2971f1018","dc_title":"Format informatiebijeenkomst behoeftenonderzoek communicatie","dc_type":"bijlage","foi_fairiscoreVersions":{"v1":1,"v2":1},"foi_fileName":"Format%20informatiebijeenkomst%20behoeftenonderzoek%20communicatie.pdf","foi_nrPages":2},{"dc_format":"application/pdf","dc_identifier":"nl.gm1954.2c.2023.2834656-9.doc.3","dc_source":"https://api1.ibabs.eu/publicdownload.aspx?site=Beekdaelen&id=74e7fba1-7a8b-4594-a6de-35f6e2a43a6a","dc_title":"Presentatie behoeftenonderzoek communicatie","dc_type":"bijlage","foi_fairiscoreVersions":{"v1":2,"v2":2},"foi_fileName":"Presentatie%20behoeftenonderzoek%20communicatie.pdf","foi_nrPages":13},{"dc_format":"application/octet-stream","dc_identifier":"nl.gm1954.2c.2023.2834656-9.doc.4","dc_source":"https://api1.ibabs.eu/publicdownload.aspx?site=Beekdaelen&id=4cc69d8c-93ea-48f6-87fc-b35c8990c1db","dc_title":"Presentatie behoeftenonderzoek I","dc_type":"bijlage","foi_fileName":"Presentatie%20behoeftenonderzoek%20I.mp3"},{"dc_format":"application/octet-stream","dc_identifier":"nl.gm1954.2c.2023.2834656-9.doc.5","dc_source":"https://api1.ibabs.eu/publicdownload.aspx?site=Beekdaelen&id=2d077b35-38b1-4c33-bdf5-0af5e70ecc58","dc_title":"Presentatie behoeftenonderzoek II","dc_type":"bijlage","foi_fileName":"Presentatie%20behoeftenonderzoek%20II.mp3"},{"dc_format":"application/pdf","dc_identifier":"nl.gm1954.2c.2023.2834656-9.doc.2","dc_source":"https://api1.ibabs.eu/publicdownload.aspx?site=Beekdaelen&id=249eb3b3-fae9-4999-9633-1114117a1169","dc_title":"Resultaten behoefteonderzoek communicatie","dc_type":"bijlage","foi_fairiscoreVersions":{"v1":2,"v2":2},"foi_fileName":"Resultaten%20behoefteonderzoek%20communicatie.pdf","foi_nrPages":25}],"foi_nrDocuments":5,"foi_nrPagesInDossier":40,"foi_publishedDate":"2023-05-10","foi_retrievedDate":"2025-11-30"},{"dc_creator":"HandelingScraper_v1","dc_date_year":2023,"dc_description":"Vergadering van de Gemeente Beekdaelen op 2023-05-11. Onderdeel: Algemeen.","dc_identifier":"nl.gm1954.2c.2023.2834723-1","dc_publisher":"gm1954","dc_source":"https://beekdaelen.bestuurlijkeinformatie.nl/Agenda/Index/2e4fd9bd-280b-4ea0-a540-f912849abf28","dc_title":"Raadscommissie Fysieke Leefomgeving 2023-05-11 - Algemeen","dc_type":"2c","dc_type_description":"Vergaderstuk decentrale overheid","foi_fairiscoreVersions":{"v1":null,"v2":null},"foi_files":[{"dc_format":"application/pdf","dc_identifier":"nl.gm1954.2c.2023.2834723-1.doc.1","dc_source":"https://api1.ibabs.eu/publicdownload.aspx?site=Beekdaelen&id=9ebe3e2d-50ff-4a93-9334-17be868d6137","dc_title":"Technische vragen CDA","dc_type":"bijlage","foi_fileName":"Technische%20vragen%20CDA%20mbt%20B1_%20B2_%20B4%20en%20B5.pdf"},{"dc_format":"application/pdf","dc_identifier":"nl.gm1954.2c.2023.2834723-1.doc.5","dc_source":"https://api1.ibabs.eu/publicdownload.aspx?site=Beekdaelen&id=e6a9fb38-ada2-42df-9574-3cc6857beb02","dc_title":"Technische vragen GL","dc_type":"bijlage","foi_fileName":"Technische%20vragen%20GL%20mbt%20B1_%20B2%20en%20B5.pdf"},{"dc_format":"application/pdf","dc_identifier":"nl.gm1954.2c.2023.2834723-1.doc.2","dc_source":"https://api1.ibabs.eu/publicdownload.aspx?site=Beekdaelen&id=ecdaf8c9-6856-4b86-9623-78ea3469c344","dc_title":"Technische vragen Koll\u00e9e Rijkx","dc_type":"bijlage","foi_fileName":"Technische%20vragen%20Okll%C3%A9e%20Rijkx%20mbt%20B2.pdf"},{"dc_format":"application/pdf","dc_identifier":"nl.gm1954.2c.2023.2834723-1.doc.4","dc_source":"https://api1.ibabs.eu/publicdownload.aspx?site=Beekdaelen&id=ba3f97bb-9faa-4676-a8b0-ba0982c180cc","dc_title":"Technische vragen VG","dc_type":"bijlage","foi_fileName":"Technische%20vragen%20VG%20mbt%20B1_%20B2%20en%20B5.pdf"},{"dc_format":"application/pdf","dc_identifier":"nl.gm1954.2c.2023.2834723-1.doc.3","dc_source":"https://api1.ibabs.eu/publicdownload.aspx?site=Beekdaelen&id=a4bec4f6-4737-436a-9f5b-c445a0b85355","dc_title":"Technische vragen VVD","dc_type":"bijlage","foi_fileName":"Technische%20vragen%20VVD%20mbt%20B1%20en%20B2.pdf"}],"foi_nrDocuments":5,"foi_nrPagesInDossier":0,"foi_publishedDate":"2023-05-11","foi_retrievedDate":"2025-12-01"},{"dc_creator":"HandelingScraper_v1","dc_date_year":2023,"dc_description":"Vergadering van de Gemeente Beekdaelen op 2023-05-11. Onderdeel: Rondvraag Fysieke Leefomgeving.","dc_identifier":"nl.gm1954.2c.2023.2834723-10","dc_publisher":"gm1954","dc_source":"https://beekdaelen.bestuurlijkeinformatie.nl/Agenda/Index/2e4fd9bd-280b-4ea0-a540-f912849abf28","dc_title":"Raadscommissie Fysieke Leefomgeving 2023-05-11 - Rondvraag Fysieke Leefomgeving","dc_type":"2c","dc_type_description":"Vergaderstuk decentrale overheid","foi_fairiscoreVersions":{"v1":null,"v2":null},"foi_files":[{"dc_format":"application/octet-stream","dc_identifier":"nl.gm1954.2c.2023.2834723-10.doc.1","dc_source":"https://api1.ibabs.eu/publicdownload.aspx?site=Beekdaelen&id=7b277c0d-7d93-489e-9d7d-dd802774f994","dc_title":"C Rondvraag","dc_type":"bijlage","foi_fileName":"C%20Rondvraag.mp3","foi_nrPages":1}],"foi_nrDocuments":1,"foi_nrPagesInDossier":1,"foi_publishedDate":"2023-05-11","foi_retrievedDate":"2026-03-14"},{"dc_creator":"HandelingScraper_v1","dc_date_year":2023,"dc_description":"Vergadering van de Gemeente Beekdaelen op 2023-05-11. Onderdeel: Planninglijst team Planbureau.","dc_identifier":"nl.gm1954.2c.2023.2834723-11","dc_publisher":"gm1954","dc_source":"https://beekdaelen.bestuurlijkeinformatie.nl/Agenda/Index/2e4fd9bd-280b-4ea0-a540-f912849abf28","dc_title":"Raadscommissie Fysieke Leefomgeving 2023-05-11 - Planninglijst team Planbureau","dc_type":"2c","dc_type_description":"Vergaderstuk decentrale overheid","foi_fairiscoreVersions":{"v1":2,"v2":2},"foi_files":[{"dc_format":"application/pdf","dc_identifier":"nl.gm1954.2c.2023.2834723-11.doc.1","dc_source":"https://api1.ibabs.eu/publicdownload.aspx?site=Beekdaelen&id=c4bb3b52-0999-45bd-a99c-3f0ffa7cbad5","dc_title":"Format informatiebijeenkomst planninglijst Planbureau","dc_type":"bijlage","foi_fairiscoreVersions":{"v1":1,"v2":1},"foi_fileName":"Format%20informatiebijeenkomst%20planninglijst%20Planbureau.pdf","foi_nrPages":2},{"dc_format":"application/pdf","dc_identifier":"nl.gm1954.2c.2023.2834723-11.doc.3","dc_source":"https://api1.ibabs.eu/publicdownload.aspx?site=Beekdaelen&id=d3cfc37b-c622-436e-be94-11f5b0a1394b","dc_title":"Meerjaren Infra Programma","dc_type":"bijlage","foi_fairiscoreVersions":{"v1":1,"v2":1},"foi_fileName":"Meerjaren%20Infra%20Programma.pdf","foi_nrPages":1},{"dc_format":"application/pdf","dc_identifier":"nl.gm1954.2c.2023.2834723-11.doc.2","dc_source":"https://api1.ibabs.eu/publicdownload.aspx?site=Beekdaelen&id=312d4143-da2e-4015-9a21-85f4d7f6a223","dc_title":"presentatie Beeldvorming meerjaren infra ptojecten","dc_type":"bijlage","foi_fairiscoreVersions":{"v1":2,"v2":2},"foi_fileName":"presentatie%20Beeldvorming%20meerjaren%20infra%20ptojecten.pdf","foi_nrPages":14},{"dc_format":"application/octet-stream","dc_identifier":"nl.gm1954.2c.2023.2834723-11.doc.4","dc_source":"https://api1.ibabs.eu/publicdownload.aspx?site=Beekdaelen&id=4d5e60f7-62aa-4fad-8c1f-2031d82d1d14","dc_title":"Presentatie Planbureau I","dc_type":"bijlage","foi_fileName":"Presentatie%20Planbureau%20I.mp3"},{"dc_format":"application/octet-stream","dc_identifier":"nl.gm1954.2c.2023.2834723-11.doc.5","dc_source":"https://api1.ibabs.eu/publicdownload.aspx?site=Beekdaelen&id=92060667-19b6-468d-88e3-97d47e28dfdb","dc_title":"Presentatie Planbureau II","dc_type":"bijlage","foi_fileName":"Presentatie%20Planbureau%20II.mp3"}],"foi_nrDocuments":5,"foi_nrPagesInDossier":17,"foi_publishedDate":"2023-05-11","foi_retrievedDate":"2026-03-03"},{"dc_creator":"HandelingScraper_v1","dc_date_year":2023,"dc_description":"Vergadering van de Gemeente Beekdaelen op 2023-05-11. Onderdeel: Transitievisie Warmte 2.0.","dc_identifier":"nl.gm1954.2c.2023.2834723-12","dc_publisher":"gm1954","dc_source":"https://beekdaelen.bestuurlijkeinformatie.nl/Agenda/Index/2e4fd9bd-280b-4ea0-a540-f912849abf28","dc_title":"Raadscommissie Fysieke Leefomgeving 2023-05-11 - Transitievisie Warmte 2.0","dc_type":"2c","dc_type_description":"Vergaderstuk decentrale overheid","foi_fairiscoreVersions":{"v1":2,"v2":2},"foi_files":[{"dc_format":"application/pdf","dc_identifier":"nl.gm1954.2c.2023.2834723-12.doc.1","dc_source":"https://api1.ibabs.eu/publicdownload.aspx?site=Beekdaelen&id=109ecc55-6017-4328-8d3f-0f708f947c65","dc_title":"Format presentatie transitie warmte","dc_type":"bijlage","foi_fairiscoreVersions":{"v1":1,"v2":1},"foi_fileName":"Format%20presentatie%20transitie%20warmte.pdf","foi_nrPages":3},{"dc_format":"application/octet-stream","dc_identifier":"nl.gm1954.2c.2023.2834723-12.doc.3","dc_source":"https://api1.ibabs.eu/publicdownload.aspx?site=Beekdaelen&id=62f50f94-335b-4566-a3c1-00e5be896f73","dc_title":"Presentatie Transitievisie Warmte I","dc_type":"bijlage","foi_fileName":"Presentatie%20Transitievisie%20Warmte%20I.mp3"},{"dc_format":"application/octet-stream","dc_identifier":"nl.gm1954.2c.2023.2834723-12.doc.4","dc_source":"https://api1.ibabs.eu/publicdownload.aspx?site=Beekdaelen&id=1d844c95-261f-44e3-99ca-7102ef8db4cf","dc_title":"Presentatie Transitievisie Warmte II","dc_type":"bijlage","foi_fileName":"Presentatie%20Transitievisie%20Warmte%20II.mp3"},{"dc_format":"application/pdf","dc_identifier":"nl.gm1954.2c.2023.2834723-12.doc.2","dc_source":"https://api1.ibabs.eu/publicdownload.aspx?site=Beekdaelen&id=d17469ad-b4f5-4292-9687-5e97a82a9cf0","dc_title":"Presentatie TVW 2.0","dc_type":"bijlage","foi_fairiscoreVersions":{"v1":2,"v2":3},"foi_fileName":"Presentatie%20TVW%202.0%20-%20Commissie%2011%20mei%202023.pdf","foi_nrPages":13}],"foi_nrDocuments":4,"foi_nrPagesInDossier":16,"foi_publishedDate":"2023-05-11","foi_retrievedDate":"2026-03-02"},{"dc_creator":"HandelingScraper_v1","dc_date_year":2023,"dc_description":"Vergadering van de Gemeente Beekdaelen op 2023-05-11. Onderdeel: Opening, mededelingen voorzitter en vaststellen agenda..","dc_identifier":"nl.gm1954.2c.2023.2834723-2","dc_publisher":"gm1954","dc_source":"https://beekdaelen.bestuurlijkeinformatie.nl/Agenda/Index/2e4fd9bd-280b-4ea0-a540-f912849abf28","dc_title":"Raadscommissie Fysieke Leefomgeving 2023-05-11 - Opening, mededelingen voorzitter en vaststellen agenda.","dc_type":"2c","dc_type_description":"Vergaderstuk decentrale overheid","foi_fairiscoreVersions":{"v1":1,"v2":1},"foi_files":[{"dc_format":"application/octet-stream","dc_identifier":"nl.gm1954.2c.2023.2834723-2.doc.3","dc_source":"https://api1.ibabs.eu/publicdownload.aspx?site=Beekdaelen&id=9fcf1d39-7013-4ba4-8e48-fc89913b4fc8","dc_title":"A1 + A2 (I)","dc_type":"bijlage","foi_fileName":"A1%20%2B%20A2.mp3","foi_nrPages":1},{"dc_format":"application/pdf","dc_identifier":"nl.gm1954.2c.2023.2834723-2.doc.1","dc_source":"https://api1.ibabs.eu/publicdownload.aspx?site=Beekdaelen&id=14422496-b73b-4497-b237-71a3e653ab75","dc_title":"Uitnodiging en voorlopige agenda cie FLO 11 05 2023","dc_type":"bijlage","foi_fairiscoreVersions":{"v1":1,"v2":1},"foi_fileName":"Uitnodiging%20en%20voorlopige%20agenda%20cie%20FLO%2011%2005%202023.pdf","foi_nrPages":2},{"dc_format":"application/pdf","dc_identifier":"nl.gm1954.2c.2023.2834723-2.doc.2","dc_source":"https://api1.ibabs.eu/publicdownload.aspx?site=Beekdaelen&id=84503e05-e4e7-4eab-93f1-3bfd55fef44c","dc_title":"Vastgestelde agenda raadscie. FLO 11052023","dc_type":"bijlage","foi_fairiscoreVersions":{"v1":1,"v2":1},"foi_fileName":"Vastgestelde%20agenda%20raadscie.pdf","foi_nrPages":1}],"foi_nrDocuments":3,"foi_nrPagesInDossier":4,"foi_publishedDate":"2023-05-11","foi_retrievedDate":"2026-03-15"},{"dc_creator":"HandelingScraper_v1","dc_date_year":2023,"dc_description":"Vergadering van de Gemeente Beekdaelen op 2023-05-11. Onderdeel: Spreekrecht burgers..","dc_identifier":"nl.gm1954.2c.2023.2834723-3","dc_publisher":"gm1954","dc_source":"https://beekdaelen.bestuurlijkeinformatie.nl/Agenda/Index/2e4fd9bd-280b-4ea0-a540-f912849abf28","dc_title":"Raadscommissie Fysieke Leefomgeving 2023-05-11 - Spreekrecht burgers.","dc_type":"2c","dc_type_description":"Vergaderstuk decentrale overheid","foi_fairiscoreVersions":{"v1":null,"v2":null},"foi_files":[{"dc_format":"application/octet-stream","dc_identifier":"nl.gm1954.2c.2023.2834723-3.doc.1","dc_source":"https://api1.ibabs.eu/publicdownload.aspx?site=Beekdaelen&id=13edf066-c117-4626-9978-7f9095ba2f29","dc_title":"A2 (II)","dc_type":"bijlage","foi_fileName":"A2.mp3","foi_nrPages":1}],"foi_nrDocuments":1,"foi_nrPagesInDossier":1,"foi_publishedDate":"2023-05-11","foi_retrievedDate":"2026-03-14"},{"dc_creator":"HandelingScraper_v1","dc_date_year":2023,"dc_description":"Vergadering van de Gemeente Beekdaelen op 2023-05-11. Onderdeel: Vaststellen actiepuntenlijst van de raadscommissie Fysieke Leefomgeving d.d. 6 april 2023.","dc_identifier":"nl.gm1954.2c.2023.2834723-4","dc_publisher":"gm1954","dc_source":"https://beekdaelen.bestuurlijkeinformatie.nl/Agenda/Index/2e4fd9bd-280b-4ea0-a540-f912849abf28","dc_title":"Raadscommissie Fysieke Leefomgeving 2023-05-11 - Vaststellen actiepuntenlijst van de raadscommissie Fysieke Leefomgeving d.d. 6 april 2023","dc_type":"2c","dc_type_description":"Vergaderstuk decentrale overheid","foi_fairiscoreVersions":{"v1":1,"v2":1},"foi_files":[{"dc_format":"application/octet-stream","dc_identifier":"nl.gm1954.2c.2023.2834723-4.doc.2","dc_source":"https://api1.ibabs.eu/publicdownload.aspx?site=Beekdaelen&id=3957ea63-d7f0-4ff9-a35f-c0988d010aef","dc_title":"A3","dc_type":"bijlage","foi_fileName":"A3.mp3"},{"dc_format":"application/pdf","dc_identifier":"nl.gm1954.2c.2023.2834723-4.doc.1","dc_source":"https://api1.ibabs.eu/publicdownload.aspx?site=Beekdaelen&id=7b42444c-523a-49ee-a8ae-59dad79a0c9f","dc_title":"Actiepuntenlijst  cie FLO 06042023 - vastgesteld 11.05.2023","dc_type":"bijlage","foi_fairiscoreVersions":{"v1":1,"v2":1},"foi_fileName":"Actiepuntenlijst%20%20cie%20FLO%2006042023.pdf","foi_nrPages":7}],"foi_nrDocuments":2,"foi_nrPagesInDossier":7,"foi_publishedDate":"2023-05-11","foi_retrievedDate":"2026-03-05"},{"dc_creator":"HandelingScraper_v1","dc_date_year":2023,"dc_description":"Vergadering van de Gemeente Beekdaelen op 2023-05-11. Onderdeel: Voorstel inzake \"Aankoop 3 panden Beekstraat te Schinveld\".","dc_identifier":"nl.gm1954.2c.2023.2834723-5","dc_publisher":"gm1954","dc_source":"https://beekdaelen.bestuurlijkeinformatie.nl/Agenda/Index/2e4fd9bd-280b-4ea0-a540-f912849abf28","dc_title":"Raadscommissie Fysieke Leefomgeving 2023-05-11 - Voorstel inzake \"Aankoop 3 panden Beekstraat te Schinveld\"","dc_type":"2c","dc_type_description":"Vergaderstuk decentrale overheid","foi_fairiscoreVersions":{"v1":1,"v2":1},"foi_files":[{"dc_format":"application/octet-stream","dc_identifier":"nl.gm1954.2c.2023.2834723-5.doc.6","dc_source":"https://api1.ibabs.eu/publicdownload.aspx?site=Beekdaelen&id=6408c136-0cd6-4d41-8c30-7f61aab80a48","dc_title":"B1 1e termijn","dc_type":"bijlage","foi_fileName":"B1%201e%20termijn.mp3"},{"dc_format":"application/octet-stream","dc_identifier":"nl.gm1954.2c.2023.2834723-5.doc.8","dc_source":"https://api1.ibabs.eu/publicdownload.aspx?site=Beekdaelen&id=0f41c7dd-2a38-4e37-b74e-5e190d538d9b","dc_title":"B1 2e termijn","dc_type":"bijlage","foi_fileName":"B1%202e%20termijn.mp3"},{"dc_format":"application/octet-stream","dc_identifier":"nl.gm1954.2c.2023.2834723-5.doc.10","dc_source":"https://api1.ibabs.eu/publicdownload.aspx?site=Beekdaelen&id=5976cc08-b50f-4379-99a0-a8f6497d83ee","dc_title":"B1 Advies commissie","dc_type":"bijlage","foi_fileName":"B1%20Advies%20commissie.mp3"},{"dc_format":"application/octet-stream","dc_identifier":"nl.gm1954.2c.2023.2834723-5.doc.7","dc_source":"https://api1.ibabs.eu/publicdownload.aspx?site=Beekdaelen&id=29936d91-e849-43d8-8413-17c80308b074","dc_title":"B1 Beantwoording 1e termijn","dc_type":"bijlage","foi_fileName":"B1%20Beantwoording%201e%20termijn.mp3"},{"dc_format":"application/octet-stream","dc_identifier":"nl.gm1954.2c.2023.2834723-5.doc.9","dc_source":"https://api1.ibabs.eu/publicdownload.aspx?site=Beekdaelen&id=693fcc69-7dad-4b43-bd8c-35611799194c","dc_title":"B1 Beantwoording 2e termijn","dc_type":"bijlage","foi_fileName":"B1%20Beantwoording%202e%20termijn.mp3"},{"dc_format":"application/pdf","dc_identifier":"nl.gm1954.2c.2023.2834723-5.doc.3","dc_source":"https://api1.ibabs.eu/publicdownload.aspx?site=Beekdaelen&id=b126bb94-c677-4f5a-af48-64bfdbcdb1ae","dc_title":"MvA technische vragen CDA mbt Schinveld","dc_type":"bijlage","foi_fairiscoreVersions":{"v1":1,"v2":1},"foi_fileName":"MvA%20technische%20vragen%20CDA%20mbt%20B5%20Schinveld.pdf","foi_nrPages":1},{"dc_format":"application/pdf","dc_identifier":"nl.gm1954.2c.2023.2834723-5.doc.4","dc_source":"https://api1.ibabs.eu/publicdownload.aspx?site=Beekdaelen&id=1b25a199-3185-4aa9-9b74-dad6fe0e9c09","dc_title":"MvA technische vragen GL Beekstraat","dc_type":"bijlage","foi_fairiscoreVersions":{"v1":1,"v2":1},"foi_fileName":"MvA%20technische%20vragen%20GL%20Beekstraat.pdf","foi_nrPages":1},{"dc_format":"application/pdf","dc_identifier":"nl.gm1954.2c.2023.2834723-5.doc.5","dc_source":"https://api1.ibabs.eu/publicdownload.aspx?site=Beekdaelen&id=adbc1d92-eb88-485d-a19d-2e6db8e7ee8e","dc_title":"MvA technische vragen VG Beekstraat","dc_type":"bijlage","foi_fairiscoreVersions":{"v1":1,"v2":1},"foi_fileName":"MvA%20technische%20vragen%20VG%20Beekstraat.pdf","foi_nrPages":1},{"dc_format":"application/pdf","dc_identifier":"nl.gm1954.2c.2023.2834723-5.doc.1","dc_source":"https://api1.ibabs.eu/publicdownload.aspx?site=Beekdaelen&id=95f776f5-aacd-4355-90aa-8a53ea0b20b9","dc_title":"Raadsvoorstel Aankoop 3 panden Beekstraat te Schinveld","dc_type":"bijlage","foi_fairiscoreVersions":{"v1":1,"v2":1},"foi_fileName":"Raadsvoorstel%20Aankoop%203%20panden%20Beekstraat%20te%20Schinveld.pdf","foi_nrPages":3},{"dc_format":"application/pdf","dc_identifier":"nl.gm1954.2c.2023.2834723-5.doc.2","dc_source":"https://api1.ibabs.eu/publicdownload.aspx?site=Beekdaelen&id=4f3dcfdf-97a1-4679-b8e1-bee45d6df2e3","dc_title":"Bijlage 1: Concept raadsbesluit inzake aankoop 3 panden Beekstraat te Schinveld","dc_type":"bijlage","foi_fairiscoreVersions":{"v1":1,"v2":1},"foi_fileName":"Z%2F22%2F180065%20-%20335330%20-%20Concept%20raadsbesluit%20inzake%20aankoop%203%20panden%20Beekstraat%20te%20Schinveld.pdf","foi_nrPages":1}],"foi_nrDocuments":10,"foi_nrPagesInDossier":7,"foi_publishedDate":"2023-05-11","foi_retrievedDate":"2026-03-09"},{"dc_creator":"HandelingScraper_v1","dc_date_year":2023,"dc_description":"Vergadering van de Gemeente Beekdaelen op 2023-05-11. Onderdeel: Voorstel inzake \"Nota Parkeernormen gemeente Beekdaelen\".","dc_identifier":"nl.gm1954.2c.2023.2834723-6","dc_publisher":"gm1954","dc_source":"https://beekdaelen.bestuurlijkeinformatie.nl/Agenda/Index/2e4fd9bd-280b-4ea0-a540-f912849abf28","dc_title":"Raadscommissie Fysieke Leefomgeving 2023-05-11 - Voorstel inzake \"Nota Parkeernormen gemeente Beekdaelen\"","dc_type":"2c","dc_type_description":"Vergaderstuk decentrale overheid","foi_fairiscoreVersions":{"v1":2,"v2":2},"foi_files":[{"dc_format":"application/octet-stream","dc_identifier":"nl.gm1954.2c.2023.2834723-6.doc.8","dc_source":"https://api1.ibabs.eu/publicdownload.aspx?site=Beekdaelen&id=c1918aba-43de-4ef3-acba-d7945c866762","dc_title":"B2 1e termijn","dc_type":"bijlage","foi_fileName":"B2%201e%20termijn.mp3"},{"dc_format":"application/octet-stream","dc_identifier":"nl.gm1954.2c.2023.2834723-6.doc.10","dc_source":"https://api1.ibabs.eu/publicdownload.aspx?site=Beekdaelen&id=1a463ec0-2ef3-412b-9a73-fd35b0e79122","dc_title":"B2 2e termijn","dc_type":"bijlage","foi_fileName":"B2%202e%20termijn.mp3"},{"dc_format":"application/octet-stream","dc_identifier":"nl.gm1954.2c.2023.2834723-6.doc.12","dc_source":"https://api1.ibabs.eu/publicdownload.aspx?site=Beekdaelen&id=d7465edd-706e-418d-ab69-a86c355ab5bc","dc_title":"B2 Advies commissie","dc_type":"bijlage","foi_fileName":"B2%20Advies%20commissie.mp3"},{"dc_format":"application/octet-stream","dc_identifier":"nl.gm1954.2c.2023.2834723-6.doc.9","dc_source":"https://api1.ibabs.eu/publicdownload.aspx?site=Beekdaelen&id=d81b0c67-e25e-4ddf-ad7a-1ead1dfe2807","dc_title":"B2 Beantwoording 1e termijn","dc_type":"bijlage","foi_fileName":"B2%20Beantwoording%201e%20termijn.mp3"},{"dc_format":"application/octet-stream","dc_identifier":"nl.gm1954.2c.2023.2834723-6.doc.11","dc_source":"https://api1.ibabs.eu/publicdownload.aspx?site=Beekdaelen&id=585a4ab7-3709-4857-884b-142746be40a6","dc_title":"B2 Beantwoording 2e termijn","dc_type":"bijlage","foi_fileName":"B2%20Beantwoording%202e%20termijn.mp3"},{"dc_format":"application/pdf","dc_identifier":"nl.gm1954.2c.2023.2834723-6.doc.4","dc_source":"https://api1.ibabs.eu/publicdownload.aspx?site=Beekdaelen&id=b0597183-710f-463b-be04-667bf1544779","dc_title":"MvA technische vragen CDA","dc_type":"bijlage","foi_fairiscoreVersions":{"v1":1,"v2":1},"foi_fileName":"MvA%20technische%20vragen%20CDA%20B1.pdf","foi_nrPages":3},{"dc_format":"application/pdf","dc_identifier":"nl.gm1954.2c.2023.2834723-6.doc.6","dc_source":"https://api1.ibabs.eu/publicdownload.aspx?site=Beekdaelen&id=2609edbf-9441-4b9c-bd72-7632f8cef24b","dc_title":"MvA technische vragen GL","dc_type":"bijlage","foi_fairiscoreVersions":{"v1":1,"v2":1},"foi_fileName":"MvA%20technische%20vragen%20GL%20Nota%20parkeernormen.pdf","foi_nrPages":3},{"dc_format":"application/pdf","dc_identifier":"nl.gm1954.2c.2023.2834723-6.doc.7","dc_source":"https://api1.ibabs.eu/publicdownload.aspx?site=Beekdaelen&id=883ccec7-1452-4073-ba58-36610c229a08","dc_title":"MvA technische vragen VG","dc_type":"bijlage","foi_fairiscoreVersions":{"v1":1,"v2":1},"foi_fileName":"MvA%20technische%20vragen%20VG%20Nota%20parkeernormen.pdf","foi_nrPages":1},{"dc_format":"application/pdf","dc_identifier":"nl.gm1954.2c.2023.2834723-6.doc.5","dc_source":"https://api1.ibabs.eu/publicdownload.aspx?site=Beekdaelen&id=24e605f3-15ac-49db-aacb-eb0571154c1d","dc_title":"MvA technische vragen VVD","dc_type":"bijlage","foi_fairiscoreVersions":{"v1":1,"v2":1},"foi_fileName":"MvA%20technische%20vragen%20VVD%20B1.pdf","foi_nrPages":1},{"dc_format":"application/pdf","dc_identifier":"nl.gm1954.2c.2023.2834723-6.doc.1","dc_source":"https://api1.ibabs.eu/publicdownload.aspx?site=Beekdaelen&id=54db545d-6d25-40a7-95b2-f5e6bccd33e1","dc_title":"Raadsvoorstel inzak \"Nota Parkeernormen gemeente Beekdaelen\"","dc_type":"bijlage","foi_fairiscoreVersions":{"v1":1,"v2":1},"foi_fileName":"Z%2F23%2F185257%20-%20332288%20-%20Raadsvoorstel%20Nota%20Parkeernormen%20gemeente%20Beekdaelen.pdf","foi_nrPages":3},{"dc_format":"application/pdf","dc_identifier":"nl.gm1954.2c.2023.2834723-6.doc.2","dc_source":"https://api1.ibabs.eu/publicdownload.aspx?site=Beekdaelen&id=9403fb00-460a-4efb-8527-b396b1703773","dc_title":"Raadsbesluit Nota Parkeernormen gemeente Beekdaelen","dc_type":"bijlage","foi_fairiscoreVersions":{"v1":1,"v2":1},"foi_fileName":"Z%2F23%2F185257%20-%20332306%20-%20Raadsbesluit%20Nota%20Parkeernormen%20gemeente%20Beekdaelen.pdf","foi_nrPages":1},{"dc_format":"application/pdf","dc_identifier":"nl.gm1954.2c.2023.2834723-6.doc.3","dc_source":"https://api1.ibabs.eu/publicdownload.aspx?site=Beekdaelen&id=ab0c1c82-bb8c-4c8f-8e34-a042607be6e2","dc_title":"Nota Parkeernormen gemeente Beekdaelen","dc_type":"bijlage","foi_fairiscoreVersions":{"v1":2,"v2":2},"foi_fileName":"Z%2F23%2F185257%20-%20335373%20-%20Nota%20Parkeernormen%20gemeente%20Beekdaelen.pdf","foi_nrPages":32}],"foi_nrDocuments":12,"foi_nrPagesInDossier":44,"foi_publishedDate":"2023-05-11","foi_retrievedDate":"2026-03-09"},{"dc_creator":"HandelingScraper_v1","dc_date_year":2023,"dc_description":"Vergadering van de Gemeente Beekdaelen op 2023-05-11. Onderdeel: Voorstel inzake \"Regionale en lokale Woonvisie 2023-2028, gemeente Beekdaelen\".","dc_identifier":"nl.gm1954.2c.2023.2834723-7","dc_publisher":"gm1954","dc_source":"https://beekdaelen.bestuurlijkeinformatie.nl/Agenda/Index/2e4fd9bd-280b-4ea0-a540-f912849abf28","dc_title":"Raadscommissie Fysieke Leefomgeving 2023-05-11 - Voorstel inzake \"Regionale en lokale Woonvisie 2023-2028, gemeente Beekdaelen\"","dc_type":"2c","dc_type_description":"Vergaderstuk decentrale overheid","foi_fairiscoreVersions":{"v1":2,"v2":2},"foi_files":[{"dc_format":"application/octet-stream","dc_identifier":"nl.gm1954.2c.2023.2834723-7.doc.27","dc_source":"https://api1.ibabs.eu/publicdownload.aspx?site=Beekdaelen&id=829aa260-8194-422f-9125-ef395e0cfceb","dc_title":"B3 1e termijn I","dc_type":"bijlage","foi_fileName":"B3%201e%20termijn%20I.mp3"},{"dc_format":"application/octet-stream","dc_identifier":"nl.gm1954.2c.2023.2834723-7.doc.28","dc_source":"https://api1.ibabs.eu/publicdownload.aspx?site=Beekdaelen&id=11f8e61a-c185-4843-82da-85353be2e646","dc_title":"B3 1e termijn II","dc_type":"bijlage","foi_fileName":"B3%201e%20termijn%20II.mp3"},{"dc_format":"application/octet-stream","dc_identifier":"nl.gm1954.2c.2023.2834723-7.doc.30","dc_source":"https://api1.ibabs.eu/publicdownload.aspx?site=Beekdaelen&id=0441996b-aed0-419d-8072-fc4efb0eaa73","dc_title":"B3 2e termijn incl. beantwoording","dc_type":"bijlage","foi_fileName":"B3%202e%20termijn%20incl.%20beantwoording.mp3"},{"dc_format":"application/octet-stream","dc_identifier":"nl.gm1954.2c.2023.2834723-7.doc.31","dc_source":"https://api1.ibabs.eu/publicdownload.aspx?site=Beekdaelen&id=08777976-997f-4dc5-9653-e279fe160e9e","dc_title":"B3 Advies commissie","dc_type":"bijlage","foi_fileName":"B3%20Advies%20commissie.mp3"},{"dc_format":"application/octet-stream","dc_identifier":"nl.gm1954.2c.2023.2834723-7.doc.29","dc_source":"https://api1.ibabs.eu/publicdownload.aspx?site=Beekdaelen&id=b0fe804e-e769-4ed5-ae39-4b50e18db0e2","dc_title":"B3 Beantwoording 1e termijn","dc_type":"bijlage","foi_fileName":"B3%20Beantwoording%201e%20termijn.mp3"},{"dc_format":"application/octet-stream","dc_identifier":"nl.gm1954.2c.2023.2834723-7.doc.26","dc_source":"https://api1.ibabs.eu/publicdownload.aspx?site=Beekdaelen&id=c2a4eade-9864-4021-9a73-78b4e86bd043","dc_title":"B3 Inleiding portefeuillehouder","dc_type":"bijlage","foi_fileName":"B3%20Inleiding%20portefeuillehouder.mp3"},{"dc_format":"application/pdf","dc_identifier":"nl.gm1954.2c.2023.2834723-7.doc.10","dc_source":"https://api1.ibabs.eu/publicdownload.aspx?site=Beekdaelen&id=2eb0059d-ef5a-4ddd-83d4-34fd2fa0d016","dc_title":"Bijlage: Inbreng ROH Lokaal","dc_type":"bijlage","foi_fairiscoreVersions":{"v1":5,"v2":5},"foi_fileName":"Bijlage%202.7%20Inbreng%20ROH%20Lokaal.pdf","foi_nrPages":7},{"dc_format":"application/pdf","dc_identifier":"nl.gm1954.2c.2023.2834723-7.doc.11","dc_source":"https://api1.ibabs.eu/publicdownload.aspx?site=Beekdaelen&id=aa744c3d-a36c-47f8-b942-115476206f1a","dc_title":"Bijlage: Reactie ROW Lokaal","dc_type":"bijlage","foi_fairiscoreVersions":{"v1":1,"v2":1},"foi_fileName":"Bijlage%202.8%20Reactie%20ROW%20Lokaal.pdf","foi_nrPages":7},{"dc_format":"application/pdf","dc_identifier":"nl.gm1954.2c.2023.2834723-7.doc.2","dc_source":"https://api1.ibabs.eu/publicdownload.aspx?site=Beekdaelen&id=be27886c-cb34-45df-a0c3-4ff1e7d7f7b4","dc_title":"Bijlage 1: concept regionale en lokale woonvisie BEEKDAELEN","dc_type":"bijlage","foi_fairiscoreVersions":{"v1":2,"v2":2},"foi_fileName":"concept%20regionale%20en%20lokale%20woonvisie%20BEEKDAELEN.pdf","foi_nrPages":21},{"dc_format":"application/pdf","dc_identifier":"nl.gm1954.2c.2023.2834723-7.doc.24","dc_source":"https://api1.ibabs.eu/publicdownload.aspx?site=Beekdaelen&id=e8228ae6-934f-4505-9d53-1acec09bcfd2","dc_title":"MvA technische vragen CDA mbt Woonvisie","dc_type":"bijlage","foi_fairiscoreVersions":{"v1":1,"v2":1},"foi_fileName":"MvA%20technische%20vragen%20CDA%20mbt%20Woonvisie.pdf","foi_nrPages":3},{"dc_format":"application/pdf","dc_identifier":"nl.gm1954.2c.2023.2834723-7.doc.22","dc_source":"https://api1.ibabs.eu/publicdownload.aspx?site=Beekdaelen&id=697da927-6e6e-4bf5-992e-80aaef7382b6","dc_title":"MvA technische vragen GLmbt Woonvisie","dc_type":"bijlage","foi_fairiscoreVersions":{"v1":1,"v2":1},"foi_fileName":"MvA%20technische%20vragen%20GLmbt%20Woonvisie.pdf","foi_nrPages":2},{"dc_format":"application/pdf","dc_identifier":"nl.gm1954.2c.2023.2834723-7.doc.23","dc_source":"https://api1.ibabs.eu/publicdownload.aspx?site=Beekdaelen&id=0976aa96-62e1-4a46-9e1e-71e180427658","dc_title":"MvA technische vragen Koll\u00e9e Rijkx mbt Woonvisie","dc_type":"bijlage","foi_fairiscoreVersions":{"v1":1,"v2":1},"foi_fileName":"MvA%20technische%20vragen%20Koll%C3%A9e%20Rijkx%20mbt%20Woonvisie.pdf","foi_nrPages":2},{"dc_format":"application/pdf","dc_identifier":"nl.gm1954.2c.2023.2834723-7.doc.25","dc_source":"https://api1.ibabs.eu/publicdownload.aspx?site=Beekdaelen&id=f6b5646b-d68d-4666-8402-31f168990182","dc_title":"MvA technische vragen VG mbt Woonvisie","dc_type":"bijlage","foi_fairiscoreVersions":{"v1":1,"v2":1},"foi_fileName":"MvA%20technische%20vragen%20VG%20mbt%20Woonvisie.pdf","foi_nrPages":2},{"dc_format":"application/pdf","dc_identifier":"nl.gm1954.2c.2023.2834723-7.doc.21","dc_source":"https://api1.ibabs.eu/publicdownload.aspx?site=Beekdaelen&id=d68c03b7-8376-4bd6-8e53-22601cd9e22d","dc_title":"MvA technische vragen VVD mbt Woonvisie","dc_type":"bijlage","foi_fairiscoreVersions":{"v1":1,"v2":1},"foi_fileName":"MvA%20technische%20vragen%20VVD%20mbt%20Woonvisie.pdf","foi_nrPages":1},{"dc_format":"application/pdf","dc_identifier":"nl.gm1954.2c.2023.2834723-7.doc.12","dc_source":"https://api1.ibabs.eu/publicdownload.aspx?site=Beekdaelen&id=736e4416-8c13-4a34-9829-9e6a22fab3f7","dc_title":"Bijlage: Reactie Huurdersbelangenvereniging Voerendaal","dc_type":"bijlage","foi_fairiscoreVersions":{"v1":1,"v2":1},"foi_fileName":"Reactie%20Huurdersbelangenvereniging%20Voerendaal.pdf","foi_nrPages":1},{"dc_format":"application/pdf","dc_identifier":"nl.gm1954.2c.2023.2834723-7.doc.1","dc_source":"https://api1.ibabs.eu/publicdownload.aspx?site=Beekdaelen&id=aad64ea7-5ed0-4e0e-9f53-1cff825e20a2","dc_title":"Raadsvoorstel Regionale en lokale Woonvisie Beekdaelen 2023 - 2028","dc_type":"bijlage","foi_fairiscoreVersions":{"v1":1,"v2":1},"foi_fileName":"Z%2F23%2F185999%20-%20334390%20-%20Regionale%20en%20lokale%20Woonvisie%20Beekdaelen%202023%20-%202028.pdf","foi_nrPages":6},{"dc_format":"application/pdf","dc_identifier":"nl.gm1954.2c.2023.2834723-7.doc.20","dc_source":"https://api1.ibabs.eu/publicdownload.aspx?site=Beekdaelen&id=ba63e5fe-d51d-4172-8709-a47acfe48c60","dc_title":"Raadsbesluit regionale en lokale woonvisie","dc_type":"bijlage","foi_fairiscoreVersions":{"v1":1,"v2":1},"foi_fileName":"Z%2F23%2F185999%20-%20334393%20-%20Raadsbesluit%20regionale%20en%20lokale%20woonvisie.pdf","foi_nrPages":1},{"dc_format":"application/pdf","dc_identifier":"nl.gm1954.2c.2023.2834723-7.doc.3","dc_source":"https://api1.ibabs.eu/publicdownload.aspx?site=Beekdaelen&id=cf3d8500-b703-4f68-b949-297592c75b96","dc_title":"Bijlage: Nota van inspraakreacties","dc_type":"bijlage","foi_fairiscoreVersions":{"v1":1,"v2":1},"foi_fileName":"Z%2F23%2F185999%20-%20334483%20-%20Nota%20van%20inspraakreacties.pdf","foi_nrPages":28},{"dc_format":"application/pdf","dc_identifier":"nl.gm1954.2c.2023.2834723-7.doc.15","dc_source":"https://api1.ibabs.eu/publicdownload.aspx?site=Beekdaelen&id=67baf90d-1a07-40b2-8d1a-b2d2f2fad2b7","dc_title":"Bijlage: 13 kwesties uit synopsis","dc_type":"bijlage","foi_fairiscoreVersions":{"v1":1,"v2":1},"foi_fileName":"Z%2F23%2F185999%20-%20335199%20-%20Bijlage%205%2013%20kwesties%20uit%20synopsis.pdf","foi_nrPages":3},{"dc_format":"application/pdf","dc_identifier":"nl.gm1954.2c.2023.2834723-7.doc.13","dc_source":"https://api1.ibabs.eu/publicdownload.aspx?site=Beekdaelen&id=538129c8-8ecf-4886-8149-7fb205107f3b","dc_title":"Bijlage 3: Beleidskaders en wetten","dc_type":"bijlage","foi_fairiscoreVersions":{"v1":1,"v2":1},"foi_fileName":"Z%2F23%2F185999%20-%20335334%20-%20Bijlage%203%20Beleidskaders%20en%20wetten.pdf","foi_nrPages":5},{"dc_format":"application/pdf","dc_identifier":"nl.gm1954.2c.2023.2834723-7.doc.16","dc_source":"https://api1.ibabs.eu/publicdownload.aspx?site=Beekdaelen&id=15951850-6d8d-4405-a45c-b73ecc4d978c","dc_title":"Bijlage: Veerkracht analyse Parkstad","dc_type":"bijlage","foi_fairiscoreVersions":{"v1":2,"v2":1},"foi_fileName":"Z%2F23%2F185999%20-%20335335%20-%20Bijlage%206%20Veerkracht%20analyse%20Parkstad.pdf","foi_nrPages":15},{"dc_format":"application/pdf","dc_identifier":"nl.gm1954.2c.2023.2834723-7.doc.17","dc_source":"https://api1.ibabs.eu/publicdownload.aspx?site=Beekdaelen&id=2bd509de-1fcd-4632-98aa-aec26d512c18","dc_title":"Bijlage: Presentatie over traject Woonvisie gedurende de Raadsinformatiebijeenkomst van 12 september 2022","dc_type":"bijlage","foi_fairiscoreVersions":{"v1":2,"v2":2},"foi_fileName":"Z%2F23%2F185999%20-%20335336%20-%20Bijlage%207%20Presentatie%20over%20traject%20Woonvisie%20gedurende%20de%20Raadsinformatiebijeenkomst%20van%2012%20september%202022.pdf","foi_nrPages":24},{"dc_format":"application/pdf","dc_identifier":"nl.gm1954.2c.2023.2834723-7.doc.14","dc_source":"https://api1.ibabs.eu/publicdownload.aspx?site=Beekdaelen&id=bf722353-4884-4adf-99a5-bd627edf2662","dc_title":"Bijlage: Activiteitenoverzicht Woonvisie","dc_type":"bijlage","foi_fairiscoreVersions":{"v1":2,"v2":1},"foi_fileName":"Z%2F23%2F185999%20-%20335337%20-%20Bijlage%204%20Activiteitenoverzicht%20Woonvisie.pdf","foi_nrPages":3},{"dc_format":"application/pdf","dc_identifier":"nl.gm1954.2c.2023.2834723-7.doc.18","dc_source":"https://api1.ibabs.eu/publicdownload.aspx?site=Beekdaelen&id=b84bf1d1-a833-4c08-a258-15e139d273c9","dc_title":"Bijlage: Begrippenlijst Woonvisie Parkstad 2023","dc_type":"bijlage","foi_fairiscoreVersions":{"v1":1,"v2":1},"foi_fileName":"Z%2F23%2F185999%20-%20335466%20-%20Bijlage%208%20Begrippenlijst%20Woonvisie%20Parkstad%202023.pdf","foi_nrPages":7},{"dc_format":"application/pdf","dc_identifier":"nl.gm1954.2c.2023.2834723-7.doc.4","dc_source":"https://api1.ibabs.eu/publicdownload.aspx?site=Beekdaelen&id=68975f13-0dfb-4adb-a805-f8ff0da8e998","dc_title":"Bijlage: Reactie ROW-Parkstad consultatieversie","dc_type":"bijlage","foi_fairiscoreVersions":{"v1":5,"v2":5},"foi_fileName":"Z%2F23%2F185999%20-%20335546%20-%20Bijlage%203.pdf","foi_nrPages":4},{"dc_format":"application/pdf","dc_identifier":"nl.gm1954.2c.2023.2834723-7.doc.5","dc_source":"https://api1.ibabs.eu/publicdownload.aspx?site=Beekdaelen&id=9356ea75-a714-4018-9a6b-4bc3a670d939","dc_title":"Bijlage: Inbreng ROH","dc_type":"bijlage","foi_fairiscoreVersions":{"v1":5,"v2":5},"foi_fileName":"Z%2F23%2F185999%20-%20335548%20-%20Bijlage%202.pdf","foi_nrPages":6},{"dc_format":"application/pdf","dc_identifier":"nl.gm1954.2c.2023.2834723-7.doc.6","dc_source":"https://api1.ibabs.eu/publicdownload.aspx?site=Beekdaelen&id=e4a46cd6-3733-45b0-bf0f-1affebdcb8f6","dc_title":"Bijlage: Inbreng LEVANTOgroep","dc_type":"bijlage","foi_fairiscoreVersions":{"v1":2,"v2":2},"foi_fileName":"Z%2F23%2F185999%20-%20335549%20-%20Bijlage%202.pdf","foi_nrPages":2},{"dc_format":"application/pdf","dc_identifier":"nl.gm1954.2c.2023.2834723-7.doc.7","dc_source":"https://api1.ibabs.eu/publicdownload.aspx?site=Beekdaelen&id=8a161023-31a9-4e61-a0f6-ccd28a2e34b2","dc_title":"Bijlage: Inbreng Provincie Limburg","dc_type":"bijlage","foi_fairiscoreVersions":{"v1":1,"v2":1},"foi_fileName":"Z%2F23%2F185999%20-%20335550%20-%20Bijlage%202.pdf","foi_nrPages":1},{"dc_format":"application/pdf","dc_identifier":"nl.gm1954.2c.2023.2834723-7.doc.8","dc_source":"https://api1.ibabs.eu/publicdownload.aspx?site=Beekdaelen&id=6bf56d71-4f18-4ec3-83b2-58d70cb7d9b1","dc_title":"Bijlage: Inbreng JPO","dc_type":"bijlage","foi_fairiscoreVersions":{"v1":1,"v2":1},"foi_fileName":"Z%2F23%2F185999%20-%20335551%20-%20Bijlage%202.pdf","foi_nrPages":2},{"dc_format":"application/pdf","dc_identifier":"nl.gm1954.2c.2023.2834723-7.doc.9","dc_source":"https://api1.ibabs.eu/publicdownload.aspx?site=Beekdaelen&id=c3dc4e7b-ef57-4c51-a89c-8ccd26a282d8","dc_title":"Bijlage: Inbreng dhr. Mevis","dc_type":"bijlage","foi_fairiscoreVersions":{"v1":1,"v2":1},"foi_fileName":"Z%2F23%2F185999%20-%20335552%20-%20Bijlage%202.6%20Inbreng%20dhr.pdf","foi_nrPages":1},{"dc_format":"application/pdf","dc_identifier":"nl.gm1954.2c.2023.2834723-7.doc.19","dc_source":"https://api1.ibabs.eu/publicdownload.aspx?site=Beekdaelen&id=df482d72-4a00-4153-8991-d6b3c32553e5","dc_title":"Bijlage: Proces Woonvisie","dc_type":"bijlage","foi_fairiscoreVersions":{"v1":1,"v2":1},"foi_fileName":"Z%2F23%2F185999%20-%20335554%20-%20Bijlage%209%20proces%20Woonvisie.pdf","foi_nrPages":2}],"foi_nrDocuments":31,"foi_nrPagesInDossier":156,"foi_publishedDate":"2023-05-11","foi_retrievedDate":"2025-11-30"},{"dc_creator":"HandelingScraper_v1","dc_date_year":2023,"dc_description":"Vergadering van de Gemeente Beekdaelen op 2023-05-11. Onderdeel: Voorstel inzake \u201cVaststelling SOK Nuinhofwijk\u201d.","dc_identifier":"nl.gm1954.2c.2023.2834723-8","dc_publisher":"gm1954","dc_source":"https://beekdaelen.bestuurlijkeinformatie.nl/Agenda/Index/2e4fd9bd-280b-4ea0-a540-f912849abf28","dc_title":"Raadscommissie Fysieke Leefomgeving 2023-05-11 - Voorstel inzake \u201cVaststelling SOK Nuinhofwijk\u201d","dc_type":"2c","dc_type_description":"Vergaderstuk decentrale overheid","foi_fairiscoreVersions":{"v1":2,"v2":1},"foi_files":[{"dc_format":"application/pdf","dc_identifier":"nl.gm1954.2c.2023.2834723-8.doc.3","dc_source":"https://api1.ibabs.eu/publicdownload.aspx?site=Beekdaelen&id=123f1f62-4f73-4dae-9d0e-29caa70660fb","dc_title":"Bijlage 2: Samenwerkingsovereenkomst Herstructureringsplan Nuinhofwijk d.d. 25 april 2023","dc_type":"bijlage","foi_fairiscoreVersions":{"v1":1,"v2":1},"foi_fileName":"20230426%20Samenwerkingsovereenkomst%20Herstructureringsplan%20Nuinhofwijk%20d.d.%2025%20april%202023.pdf","foi_nrPages":17},{"dc_format":"application/octet-stream","dc_identifier":"nl.gm1954.2c.2023.2834723-8.doc.11","dc_source":"https://api1.ibabs.eu/publicdownload.aspx?site=Beekdaelen&id=2e219c28-b751-40b7-a4bd-49d52753873e","dc_title":"B4 1e termijn","dc_type":"bijlage","foi_fileName":"B4%201e%20termijn.mp3"},{"dc_format":"application/octet-stream","dc_identifier":"nl.gm1954.2c.2023.2834723-8.doc.14","dc_source":"https://api1.ibabs.eu/publicdownload.aspx?site=Beekdaelen&id=f7610e0e-701c-425e-89c9-693e09dadf0f","dc_title":"B4 2e termijn","dc_type":"bijlage","foi_fileName":"B4%202e%20termijn.mp3"},{"dc_format":"application/octet-stream","dc_identifier":"nl.gm1954.2c.2023.2834723-8.doc.12","dc_source":"https://api1.ibabs.eu/publicdownload.aspx?site=Beekdaelen&id=b89f6fbb-d464-4dde-a92c-b2e4f5203a07","dc_title":"B4 Beantwoording 1e termijn I","dc_type":"bijlage","foi_fileName":"B4%20Beantwoording%201e%20termijn%20I.mp3"},{"dc_format":"application/octet-stream","dc_identifier":"nl.gm1954.2c.2023.2834723-8.doc.13","dc_source":"https://api1.ibabs.eu/publicdownload.aspx?site=Beekdaelen&id=d0023e95-027b-421c-b8f9-88480c4d768a","dc_title":"B4 Beantwoording 1e termijn II","dc_type":"bijlage","foi_fileName":"B4%20Beantwoording%201e%20termijn%20II.mp3"},{"dc_format":"application/octet-stream","dc_identifier":"nl.gm1954.2c.2023.2834723-8.doc.15","dc_source":"https://api1.ibabs.eu/publicdownload.aspx?site=Beekdaelen&id=cb19be27-0d98-462d-bd7a-c8659ba02370","dc_title":"B4 Beantwoording 2e termijn","dc_type":"bijlage","foi_fileName":"B4%20Beantwoording%202e%20termijn.mp3"},{"dc_format":"application/octet-stream","dc_identifier":"nl.gm1954.2c.2023.2834723-8.doc.16","dc_source":"https://api1.ibabs.eu/publicdownload.aspx?site=Beekdaelen&id=c4f4d751-b953-43a4-aa53-7af9b7680254","dc_title":"B4 Advies commissie","dc_type":"bijlage","foi_fileName":"B4m%20Advies%20commissie.mp3"},{"dc_format":"application/pdf","dc_identifier":"nl.gm1954.2c.2023.2834723-8.doc.4","dc_source":"https://api1.ibabs.eu/publicdownload.aspx?site=Beekdaelen&id=6755eea7-424b-4811-b5ec-8e9d2627f340","dc_title":"Bijlage 2.1: Financieel- en Risicoarrangement tbv SOK","dc_type":"bijlage","foi_fairiscoreVersions":{"v1":1,"v2":1},"foi_fileName":"Bijlage%201%20Financieel-%20en%20Risicoarrangement%20tbv%20SOK.pdf","foi_nrPages":10},{"dc_format":"application/pdf","dc_identifier":"nl.gm1954.2c.2023.2834723-8.doc.5","dc_source":"https://api1.ibabs.eu/publicdownload.aspx?site=Beekdaelen&id=8ae6f4bd-807f-49f8-a28c-bc4301256aaa","dc_title":"Bijlage 2.2: Projectbegroting","dc_type":"bijlage","foi_fairiscoreVersions":{"v1":1,"v2":1},"foi_fileName":"Bijlage%202%20Projectbegroting.pdf","foi_nrPages":2},{"dc_format":"application/pdf","dc_identifier":"nl.gm1954.2c.2023.2834723-8.doc.6","dc_source":"https://api1.ibabs.eu/publicdownload.aspx?site=Beekdaelen&id=34d9c99b-7055-4b57-a3fe-6539edfed81a","dc_title":"Bijlage 2.3: Projectkaart(en) behorende bij de Samenwerkingsovereenkomst Herstructureringsplan","dc_type":"bijlage","foi_fairiscoreVersions":{"v1":1,"v2":1},"foi_fileName":"Bijlage%203%20Projectkaart%28en%29%20behorende%20bij%20de%20Samenwerkingsovereenkomst%20Herstructureringsplan.pdf","foi_nrPages":7},{"dc_format":"application/pdf","dc_identifier":"nl.gm1954.2c.2023.2834723-8.doc.7","dc_source":"https://api1.ibabs.eu/publicdownload.aspx?site=Beekdaelen&id=e2e60561-c712-4561-afbb-4d2d1eeb66cb","dc_title":"Bijlage 2.4: Het plan Sociaal Economische Structuurversterking","dc_type":"bijlage","foi_fairiscoreVersions":{"v1":2,"v2":1},"foi_fileName":"Bijlage%204%20Het%20plan%20Sociaal%20Economische%20Structuurversterking.pdf","foi_nrPages":9},{"dc_format":"application/pdf","dc_identifier":"nl.gm1954.2c.2023.2834723-8.doc.8","dc_source":"https://api1.ibabs.eu/publicdownload.aspx?site=Beekdaelen&id=8df614c7-a75e-48f7-bcbd-7f7c1aef4feb","dc_title":"Bijlage 2.5: Planning behorende bij de Samenwerkingsovereenkomst Herstructurering","dc_type":"bijlage","foi_fairiscoreVersions":{"v1":1,"v2":1},"foi_fileName":"Bijlage%205%20Planning%20behorende%20bij%20de%20Samenwerkingsovereenkomst%20Herstructurering__def.pdf","foi_nrPages":3},{"dc_format":"application/pdf","dc_identifier":"nl.gm1954.2c.2023.2834723-8.doc.9","dc_source":"https://api1.ibabs.eu/publicdownload.aspx?site=Beekdaelen&id=b14bb0f0-7b25-4a08-b86e-8ce894c9661e","dc_title":"Bijlage 2.6: Document Hoofdlijnen Aankoopproces Woningen BC","dc_type":"bijlage","foi_fairiscoreVersions":{"v1":1,"v2":1},"foi_fileName":"Bijlage%206%20Document%20Hoofdlijnen%20Aankoopproces%20Woningen%20BC.pdf","foi_nrPages":6},{"dc_format":"application/pdf","dc_identifier":"nl.gm1954.2c.2023.2834723-8.doc.10","dc_source":"https://api1.ibabs.eu/publicdownload.aspx?site=Beekdaelen&id=ffc68904-7a4c-464f-a73f-b4d84e3a2a35","dc_title":"Bijlage 2.7: Masterplan Nuinhofwijk daaronder begrepen het addendum wat daar integraal deel van uitmaakt","dc_type":"bijlage","foi_fairiscoreVersions":{"v1":2,"v2":1},"foi_fileName":"Bijlage%207%20Masterplan%20Nuinhofwijk%20daaronder%20begrepen%20het%20addendum%20wat%20daar%20integraal%20deel%20van%20uitmaakt.pdf","foi_nrPages":64},{"dc_format":"application/pdf","dc_identifier":"nl.gm1954.2c.2023.2834723-8.doc.2","dc_source":"https://api1.ibabs.eu/publicdownload.aspx?site=Beekdaelen&id=ae23e688-802a-4029-955d-6629258d55d8","dc_title":"Bijlage 1: concept raadsbesluit","dc_type":"bijlage","foi_fairiscoreVersions":{"v1":1,"v2":1},"foi_fileName":"raadsbesluit.pdf","foi_nrPages":1},{"dc_format":"application/pdf","dc_identifier":"nl.gm1954.2c.2023.2834723-8.doc.1","dc_source":"https://api1.ibabs.eu/publicdownload.aspx?site=Beekdaelen&id=d8765d76-dd0a-435d-9401-3860e3e8c093","dc_title":"Raadsvoorstel integraal herstructureringsplan Nuinhofwijk","dc_type":"bijlage","foi_fairiscoreVersions":{"v1":1,"v2":1},"foi_fileName":"Raadsvoorst%20integr%20herstr%20pl%20Nuinhofwijk%20Z_23_188851%20336692.pdf","foi_nrPages":8}],"foi_nrDocuments":16,"foi_nrPagesInDossier":127,"foi_publishedDate":"2023-05-11","foi_retrievedDate":"2025-12-01"},{"dc_creator":"HandelingScraper_v1","dc_date_year":2023,"dc_description":"Vergadering van de Gemeente Beekdaelen op 2023-05-11. Onderdeel: Voorstel inzake \u201cVaststelling WVG Nuinhofwijk\u201d.","dc_identifier":"nl.gm1954.2c.2023.2834723-9","dc_publisher":"gm1954","dc_source":"https://beekdaelen.bestuurlijkeinformatie.nl/Agenda/Index/2e4fd9bd-280b-4ea0-a540-f912849abf28","dc_title":"Raadscommissie Fysieke Leefomgeving 2023-05-11 - Voorstel inzake \u201cVaststelling WVG Nuinhofwijk\u201d","dc_type":"2c","dc_type_description":"Vergaderstuk decentrale overheid","foi_fairiscoreVersions":{"v1":1,"v2":1},"foi_files":[{"dc_format":"application/octet-stream","dc_identifier":"nl.gm1954.2c.2023.2834723-9.doc.6","dc_source":"https://api1.ibabs.eu/publicdownload.aspx?site=Beekdaelen&id=fb20a2cc-21d4-4ee5-955a-9fc20d71eb06","dc_title":"B5 termijnen en advies commissie","dc_type":"bijlage","foi_fileName":"B5%20termijnen%20en%20advies%20commissie.mp3"},{"dc_format":"application/pdf","dc_identifier":"nl.gm1954.2c.2023.2834723-9.doc.3","dc_source":"https://api1.ibabs.eu/publicdownload.aspx?site=Beekdaelen&id=fccab2db-15da-4277-ac39-c077c727e91d","dc_title":"Bijlage: kadastrale kaart met grondplannummers","dc_type":"bijlage","foi_fairiscoreVersions":{"v1":1,"v2":1},"foi_fileName":"Bijlage%201%20-%2023-03-02%20kadastrale%20kaart%20met%20grondplannummers.pdf","foi_nrPages":1},{"dc_format":"application/pdf","dc_identifier":"nl.gm1954.2c.2023.2834723-9.doc.2","dc_source":"https://api1.ibabs.eu/publicdownload.aspx?site=Beekdaelen&id=cf10b331-1baf-4ffa-b645-4c971d8b72e8","dc_title":"Bijlage: kadastrale lijst met grondplannummers GEANONIMISEERD","dc_type":"bijlage","foi_fairiscoreVersions":{"v1":1,"v2":1},"foi_fileName":"Bijlage%202%20-%2023-03-02%20kadastrale%20lijst%20met%20grondplannummers%20GEANONIMISEERD.pdf","foi_nrPages":9},{"dc_format":"application/pdf","dc_identifier":"nl.gm1954.2c.2023.2834723-9.doc.5","dc_source":"https://api1.ibabs.eu/publicdownload.aspx?site=Beekdaelen&id=8d59bee7-d6c3-419a-8cba-1199cac5c9b5","dc_title":"MvA technische vragen CDA mbt WVG Nuinhof","dc_type":"bijlage","foi_fairiscoreVersions":{"v1":1,"v2":1},"foi_fileName":"MvA%20technische%20vragen%20CDA%20mbt%20B4%20WVG%20Nuinhof.pdf","foi_nrPages":2},{"dc_format":"application/pdf","dc_identifier":"nl.gm1954.2c.2023.2834723-9.doc.4","dc_source":"https://api1.ibabs.eu/publicdownload.aspx?site=Beekdaelen&id=16f22971-e5e4-4629-ad0d-215e185d3788","dc_title":"Raadsbesluit inzake vestiging voorkeursrecht Nuinhofwijk","dc_type":"bijlage","foi_fairiscoreVersions":{"v1":1,"v2":1},"foi_fileName":"Ontwerp%20raadsbesluit%20Wvg.pdf","foi_nrPages":1},{"dc_format":"application/pdf","dc_identifier":"nl.gm1954.2c.2023.2834723-9.doc.1","dc_source":"https://api1.ibabs.eu/publicdownload.aspx?site=Beekdaelen&id=883dc210-3f55-4f0b-ad5b-53db2823a262","dc_title":"Raadsvoorstel inzake: vestiging voorkeursrecht in de Nuinhofwijk te Nuth\"","dc_type":"bijlage","foi_fairiscoreVersions":{"v1":1,"v2":1},"foi_fileName":"Ontwerp%20raadsvoorstel%20Wvg.pdf","foi_nrPages":4}],"foi_nrDocuments":6,"foi_nrPagesInDossier":17,"foi_publishedDate":"2023-05-11","foi_retrievedDate":"2026-03-09"},{"dc_creator":"HandelingScraper_v1","dc_date_year":2023,"dc_description":"Vergadering van de Gemeente Beekdaelen op 2023-05-23. Onderdeel: Opening.","dc_identifier":"nl.gm1954.2c.2023.2834832-1","dc_publisher":"gm1954","dc_source":"https://beekdaelen.bestuurlijkeinformatie.nl/Agenda/Index/541bf257-472e-4345-a051-82091d9323e7","dc_title":"Raadsvergadering 2023-05-23 - Opening","dc_type":"2c","dc_type_description":"Vergaderstuk decentrale overheid","foi_fairiscoreVersions":{"v1":1,"v2":1},"foi_files":[{"dc_format":"application/pdf","dc_identifier":"nl.gm1954.2c.2023.2834832-1.doc.1","dc_source":"https://api1.ibabs.eu/publicdownload.aspx?site=Beekdaelen&id=3e7c284d-4f81-480b-94f3-fd0caa49d244","dc_title":"Uitnodiging en voorlopige agenda raadsvergadering 23 mei 2023","dc_type":"bijlage","foi_fairiscoreVersions":{"v1":1,"v2":1},"foi_fileName":"Uitnodiging%20en%20voorlopige%20agenda%20raadsvergadering%2023%20mei%202023.pdf","foi_nrPages":2}],"foi_nrDocuments":1,"foi_nrPagesInDossier":2,"foi_publishedDate":"2023-05-23","foi_retrievedDate":"2025-12-29"},{"dc_creator":"HandelingScraper_v1","dc_date_year":2023,"dc_description":"Vergadering van de Gemeente Beekdaelen op 2023-05-23. Onderdeel: Voorstel inzake ontwerpbegroting 2024 en meerjarenraming 2025 - 2027 BsGW.","dc_identifier":"nl.gm1954.2c.2023.2834832-10","dc_publisher":"gm1954","dc_source":"https://beekdaelen.bestuurlijkeinformatie.nl/Agenda/Index/541bf257-472e-4345-a051-82091d9323e7","dc_title":"Raadsvergadering 2023-05-23 - Voorstel inzake ontwerpbegroting 2024 en meerjarenraming 2025 - 2027 BsGW","dc_type":"2c","dc_type_description":"Vergaderstuk decentrale overheid","foi_fairiscoreVersions":{"v1":2,"v2":1},"foi_files":[{"dc_format":"application/pdf","dc_identifier":"nl.gm1954.2c.2023.2834832-10.doc.10","dc_source":"https://api1.ibabs.eu/publicdownload.aspx?site=Beekdaelen&id=396a69e4-4aa2-4a86-8a03-70fa7c5b55a7","dc_title":"Antwoord op vraag aantal bezwaarschriften WOZ 2023 en 2022","dc_type":"bijlage","foi_fairiscoreVersions":{"v1":1,"v2":1},"foi_fileName":"Antwoord%20op%20vraag%20aantal%20bezwaarschriften%20WOZ%202023%20en%202022.pdf","foi_nrPages":1},{"dc_format":"application/pdf","dc_identifier":"nl.gm1954.2c.2023.2834832-10.doc.3","dc_source":"https://api1.ibabs.eu/publicdownload.aspx?site=Beekdaelen&id=690c85f4-5d12-46c3-9464-cf4ba14b695c","dc_title":"Bijlage: BsGW aanbiedingsbrief kadernota 2024","dc_type":"bijlage","foi_fairiscoreVersions":{"v1":1,"v2":1},"foi_fileName":"email.pdf","foi_nrPages":1},{"dc_format":"application/pdf","dc_identifier":"nl.gm1954.2c.2023.2834832-10.doc.4","dc_source":"https://api1.ibabs.eu/publicdownload.aspx?site=Beekdaelen&id=c2e9adcc-b481-4060-8a07-10b32509a1fc","dc_title":"Bijlage: BsGW kadernota 2024","dc_type":"bijlage","foi_fairiscoreVersions":{"v1":2,"v2":1},"foi_fileName":"email.pdf","foi_nrPages":12},{"dc_format":"application/pdf","dc_identifier":"nl.gm1954.2c.2023.2834832-10.doc.5","dc_source":"https://api1.ibabs.eu/publicdownload.aspx?site=Beekdaelen&id=83b28cf0-0875-4f1c-8a09-1629382c3a7b","dc_title":"Bijlage: BsGW bijlagen kadernota 2024","dc_type":"bijlage","foi_fairiscoreVersions":{"v1":2,"v2":1},"foi_fileName":"email.pdf","foi_nrPages":16},{"dc_format":"application/pdf","dc_identifier":"nl.gm1954.2c.2023.2834832-10.doc.6","dc_source":"https://api1.ibabs.eu/publicdownload.aspx?site=Beekdaelen&id=a5923fae-6a88-4938-ad27-38b533ad38c5","dc_title":"Bijlage: BsGW aanbiedingsbrief ontwerpbegroting 2024 en meerjarenraming 2025 - 2027","dc_type":"bijlage","foi_fairiscoreVersions":{"v1":2,"v2":1},"foi_fileName":"email.pdf","foi_nrPages":2},{"dc_format":"application/pdf","dc_identifier":"nl.gm1954.2c.2023.2834832-10.doc.7","dc_source":"https://api1.ibabs.eu/publicdownload.aspx?site=Beekdaelen&id=c9946ad4-b052-4884-b9d4-47506ca3b224","dc_title":"Bijlage: BsGW ontwerpbegroting 2024 en meerjarenbegroting 2025 - 2027","dc_type":"bijlage","foi_fairiscoreVersions":{"v1":2,"v2":1},"foi_fileName":"email.pdf","foi_nrPages":58},{"dc_format":"application/pdf","dc_identifier":"nl.gm1954.2c.2023.2834832-10.doc.8","dc_source":"https://api1.ibabs.eu/publicdownload.aspx?site=Beekdaelen&id=68555cf3-3657-44fe-922e-17a8f67a7cd1","dc_title":"Bijlage: BsGW bijlagen ontwerpbegroting 2024 en meerjarenbegroting 2025 - 2027","dc_type":"bijlage","foi_fairiscoreVersions":{"v1":2,"v2":1},"foi_fileName":"email.pdf","foi_nrPages":16},{"dc_format":"application/pdf","dc_identifier":"nl.gm1954.2c.2023.2834832-10.doc.1","dc_source":"https://api1.ibabs.eu/publicdownload.aspx?site=Beekdaelen&id=34e54ee0-fef0-4be8-89ca-dd4ba200dd91","dc_title":"Raadsvoorstel conceptbegroting 2024 en meerjarenraming 2025 - 2027BsGW","dc_type":"bijlage","foi_fairiscoreVersions":{"v1":1,"v2":1},"foi_fileName":"Z%2F23%2F187238%20-%20334791%20-%20begroting%202024%20BsGW.pdf","foi_nrPages":5},{"dc_format":"application/pdf","dc_identifier":"nl.gm1954.2c.2023.2834832-10.doc.2","dc_source":"https://api1.ibabs.eu/publicdownload.aspx?site=Beekdaelen&id=8551c769-beec-4ac8-ad83-ed17add97d1f","dc_title":"Raadsbesluit conceptbegroting 2024 en meerjarenraming 2025 - 2027BsGW","dc_type":"bijlage","foi_fairiscoreVersions":{"v1":1,"v2":1},"foi_fileName":"Z%2F23%2F187238%20-%20334792%20-%20begroting%202024%20BsGW.pdf","foi_nrPages":1},{"dc_format":"application/pdf","dc_identifier":"nl.gm1954.2c.2023.2834832-10.doc.9","dc_source":"https://api1.ibabs.eu/publicdownload.aspx?site=Beekdaelen&id=1793c137-482d-4965-b693-1ca87eadc77e","dc_title":"Bijlage: Uitgaande brief BsGW  conceptbegroting 2024 en meerjarenraming 2025 - 2027","dc_type":"bijlage","foi_fairiscoreVersions":{"v1":1,"v2":1},"foi_fileName":"Z%2F23%2F187238%20-%20334900%20-%20begroting%202024%20BsGW.pdf","foi_nrPages":1}],"foi_nrDocuments":10,"foi_nrPagesInDossier":113,"foi_publishedDate":"2023-05-23","foi_retrievedDate":"2025-12-04"},{"dc_creator":"HandelingScraper_v1","dc_date_year":2023,"dc_description":"Vergadering van de Gemeente Beekdaelen op 2023-05-23. Onderdeel: Voorstel inzake Aankoop 3 panden Beekstraat te Schinveld.","dc_identifier":"nl.gm1954.2c.2023.2834832-11","dc_publisher":"gm1954","dc_source":"https://beekdaelen.bestuurlijkeinformatie.nl/Agenda/Index/541bf257-472e-4345-a051-82091d9323e7","dc_title":"Raadsvergadering 2023-05-23 - Voorstel inzake Aankoop 3 panden Beekstraat te Schinveld","dc_type":"2c","dc_type_description":"Vergaderstuk decentrale overheid","foi_fairiscoreVersions":{"v1":1,"v2":1},"foi_files":[{"dc_format":"application/pdf","dc_identifier":"nl.gm1954.2c.2023.2834832-11.doc.1","dc_source":"https://api1.ibabs.eu/publicdownload.aspx?site=Beekdaelen&id=2242d9a2-24d3-41d6-8bc0-33481b26b889","dc_title":"Raadsvoorstel inzake aankoop 3 panden Beekstraat te Schinveld","dc_type":"bijlage","foi_fairiscoreVersions":{"v1":1,"v2":1},"foi_fileName":"Z%2F22%2F180065%20-%20335324%20-%20Raadsvoorstel%20inzake%20aankoop%203%20panden%20Beekstraat%20te%20Schinveld.pdf","foi_nrPages":3},{"dc_format":"application/pdf","dc_identifier":"nl.gm1954.2c.2023.2834832-11.doc.2","dc_source":"https://api1.ibabs.eu/publicdownload.aspx?site=Beekdaelen&id=41fae7ba-b442-49f3-b6ce-c2ec77e95a28","dc_title":"Raadsbesluit inzake aankoop 3 panden Beekstraat te Schinveld","dc_type":"bijlage","foi_fairiscoreVersions":{"v1":1,"v2":1},"foi_fileName":"Z%2F22%2F180065%20-%20335330%20-%20Concept%20raadsbesluit%20inzake%20aankoop%203%20panden%20Beekstraat%20te%20Schinveld.pdf","foi_nrPages":1}],"foi_nrDocuments":2,"foi_nrPagesInDossier":4,"foi_publishedDate":"2023-05-23","foi_retrievedDate":"2025-12-06"},{"dc_creator":"HandelingScraper_v1","dc_date_year":2023,"dc_description":"Vergadering van de Gemeente Beekdaelen op 2023-05-23. Onderdeel: Voorstel inzake Nota Parkeernormen gemeente Beekdaelen.","dc_identifier":"nl.gm1954.2c.2023.2834832-12","dc_publisher":"gm1954","dc_source":"https://beekdaelen.bestuurlijkeinformatie.nl/Agenda/Index/541bf257-472e-4345-a051-82091d9323e7","dc_title":"Raadsvergadering 2023-05-23 - Voorstel inzake Nota Parkeernormen gemeente Beekdaelen","dc_type":"2c","dc_type_description":"Vergaderstuk decentrale overheid","foi_fairiscoreVersions":{"v1":2,"v2":2},"foi_files":[{"dc_format":"application/pdf","dc_identifier":"nl.gm1954.2c.2023.2834832-12.doc.1","dc_source":"https://api1.ibabs.eu/publicdownload.aspx?site=Beekdaelen&id=54db545d-6d25-40a7-95b2-f5e6bccd33e1","dc_title":"Raadsvoorstel inzak \"Nota Parkeernormen gemeente Beekdaelen\"","dc_type":"bijlage","foi_fairiscoreVersions":{"v1":1,"v2":1},"foi_fileName":"Z%2F23%2F185257%20-%20332288%20-%20Raadsvoorstel%20Nota%20Parkeernormen%20gemeente%20Beekdaelen.pdf","foi_nrPages":3},{"dc_format":"application/pdf","dc_identifier":"nl.gm1954.2c.2023.2834832-12.doc.2","dc_source":"https://api1.ibabs.eu/publicdownload.aspx?site=Beekdaelen&id=9403fb00-460a-4efb-8527-b396b1703773","dc_title":"Raadsbesluit Nota Parkeernormen gemeente Beekdaelen","dc_type":"bijlage","foi_fairiscoreVersions":{"v1":1,"v2":1},"foi_fileName":"Z%2F23%2F185257%20-%20332306%20-%20Raadsbesluit%20Nota%20Parkeernormen%20gemeente%20Beekdaelen.pdf","foi_nrPages":1},{"dc_format":"application/pdf","dc_identifier":"nl.gm1954.2c.2023.2834832-12.doc.3","dc_source":"https://api1.ibabs.eu/publicdownload.aspx?site=Beekdaelen&id=ab0c1c82-bb8c-4c8f-8e34-a042607be6e2","dc_title":"Nota Parkeernormen gemeente Beekdaelen","dc_type":"bijlage","foi_fairiscoreVersions":{"v1":2,"v2":2},"foi_fileName":"Z%2F23%2F185257%20-%20335373%20-%20Nota%20Parkeernormen%20gemeente%20Beekdaelen.pdf","foi_nrPages":32}],"foi_nrDocuments":3,"foi_nrPagesInDossier":36,"foi_publishedDate":"2023-05-23","foi_retrievedDate":"2025-12-05"},{"dc_creator":"HandelingScraper_v1","dc_date_year":2023,"dc_description":"Vergadering van de Gemeente Beekdaelen op 2023-05-23. Onderdeel: Voorstel inzake \u201cVaststelling WVG Nuinhofwijk\u201d.","dc_identifier":"nl.gm1954.2c.2023.2834832-13","dc_publisher":"gm1954","dc_source":"https://beekdaelen.bestuurlijkeinformatie.nl/Agenda/Index/541bf257-472e-4345-a051-82091d9323e7","dc_title":"Raadsvergadering 2023-05-23 - Voorstel inzake \u201cVaststelling WVG Nuinhofwijk\u201d","dc_type":"2c","dc_type_description":"Vergaderstuk decentrale overheid","foi_fairiscoreVersions":{"v1":1,"v2":1},"foi_files":[{"dc_format":"application/pdf","dc_identifier":"nl.gm1954.2c.2023.2834832-13.doc.4","dc_source":"https://api1.ibabs.eu/publicdownload.aspx?site=Beekdaelen&id=fccab2db-15da-4277-ac39-c077c727e91d","dc_title":"Bijlage: kadastrale kaart met grondplannummers","dc_type":"bijlage","foi_fairiscoreVersions":{"v1":1,"v2":1},"foi_fileName":"Bijlage%201%20-%2023-03-02%20kadastrale%20kaart%20met%20grondplannummers.pdf","foi_nrPages":1},{"dc_format":"application/pdf","dc_identifier":"nl.gm1954.2c.2023.2834832-13.doc.3","dc_source":"https://api1.ibabs.eu/publicdownload.aspx?site=Beekdaelen&id=cf10b331-1baf-4ffa-b645-4c971d8b72e8","dc_title":"Bijlage: kadastrale lijst met grondplannummers GEANONIMISEERD","dc_type":"bijlage","foi_fairiscoreVersions":{"v1":1,"v2":1},"foi_fileName":"Bijlage%202%20-%2023-03-02%20kadastrale%20lijst%20met%20grondplannummers%20GEANONIMISEERD.pdf","foi_nrPages":9},{"dc_format":"application/pdf","dc_identifier":"nl.gm1954.2c.2023.2834832-13.doc.2","dc_source":"https://api1.ibabs.eu/publicdownload.aspx?site=Beekdaelen&id=16f22971-e5e4-4629-ad0d-215e185d3788","dc_title":"Raadsbesluit inzake vestiging voorkeursrecht Nuinhofwijk","dc_type":"bijlage","foi_fairiscoreVersions":{"v1":1,"v2":1},"foi_fileName":"Ontwerp%20raadsbesluit%20Wvg.pdf","foi_nrPages":1},{"dc_format":"application/pdf","dc_identifier":"nl.gm1954.2c.2023.2834832-13.doc.1","dc_source":"https://api1.ibabs.eu/publicdownload.aspx?site=Beekdaelen&id=883dc210-3f55-4f0b-ad5b-53db2823a262","dc_title":"Raadsvoorstel inzake: vestiging voorkeursrecht in de Nuinhofwijk te Nuth\"","dc_type":"bijlage","foi_fairiscoreVersions":{"v1":1,"v2":1},"foi_fileName":"Ontwerp%20raadsvoorstel%20Wvg.pdf","foi_nrPages":4}],"foi_nrDocuments":4,"foi_nrPagesInDossier":15,"foi_publishedDate":"2023-05-23","foi_retrievedDate":"2025-12-01"},{"dc_creator":"HandelingScraper_v1","dc_date_year":2023,"dc_description":"Vergadering van de Gemeente Beekdaelen op 2023-05-23. Onderdeel: Voorstel inzake: Verordening op de raadscommissies en beeldvormende-, informatieve- en opini\u00ebrende bijeenkomsten 2023.","dc_identifier":"nl.gm1954.2c.2023.2834832-14","dc_publisher":"gm1954","dc_source":"https://beekdaelen.bestuurlijkeinformatie.nl/Agenda/Index/541bf257-472e-4345-a051-82091d9323e7","dc_title":"Raadsvergadering 2023-05-23 - Voorstel inzake: Verordening op de raadscommissies en beeldvormende-, informatieve- en opini\u00ebrende bijeenkomsten 2023","dc_type":"2c","dc_type_description":"Vergaderstuk decentrale overheid","foi_fairiscoreVersions":{"v1":1,"v2":1},"foi_files":[{"dc_format":"application/pdf","dc_identifier":"nl.gm1954.2c.2023.2834832-14.doc.4","dc_source":"https://api1.ibabs.eu/publicdownload.aspx?site=Beekdaelen&id=57d3e424-7098-415e-bc1d-2a792376fcb3","dc_title":"Raadsbesluit inzake vaststellen verordening raadscommissies en benoeming commissieleden VERVALLEN","dc_type":"bijlage","foi_fairiscoreVersions":{"v1":1,"v2":1},"foi_fileName":"Raadsbesluit%20inzake%20vaststellen%20verordening%20raadscommissies%20en%20benoeming%20commissieleden.pdf","foi_nrPages":1},{"dc_format":"application/pdf","dc_identifier":"nl.gm1954.2c.2023.2834832-14.doc.2","dc_source":"https://api1.ibabs.eu/publicdownload.aspx?site=Beekdaelen&id=72bf2be3-ed4c-4404-9c42-5910ee8b42e4","dc_title":"Raadsbesluit inzake vaststellen verordening raadscommissies en benoeming commissieleden GEAMENDEERD","dc_type":"bijlage","foi_fairiscoreVersions":{"v1":1,"v2":1},"foi_fileName":"Raadsbesluit%20inzake%20vaststellen%20verordening%20raadscommissies%20en%20benoeming%20commissieleden%20GEAMENDEERD.pdf","foi_nrPages":1},{"dc_format":"application/pdf","dc_identifier":"nl.gm1954.2c.2023.2834832-14.doc.1","dc_source":"https://api1.ibabs.eu/publicdownload.aspx?site=Beekdaelen&id=9311ad44-07ea-484e-aaa0-566e185bcd17","dc_title":"Raadsvoorstel inzake vaststellen verordening raadscommissies en benoeming commissieleden","dc_type":"bijlage","foi_fairiscoreVersions":{"v1":1,"v2":1},"foi_fileName":"Raadsvoorstel%20inzake%20vaststellen%20verordening%20raadscommissies%20en%20benoeming%20commissieleden.pdf","foi_nrPages":6},{"dc_format":"application/pdf","dc_identifier":"nl.gm1954.2c.2023.2834832-14.doc.5","dc_source":"https://api1.ibabs.eu/publicdownload.aspx?site=Beekdaelen&id=99a5dc2c-1061-4b19-8807-52593108ec60","dc_title":"Verordening raadscommissies VERVALLEN","dc_type":"bijlage","foi_fairiscoreVersions":{"v1":1,"v2":1},"foi_fileName":"Verordening%20raadscommissies.pdf","foi_nrPages":19},{"dc_format":"application/pdf","dc_identifier":"nl.gm1954.2c.2023.2834832-14.doc.3","dc_source":"https://api1.ibabs.eu/publicdownload.aspx?site=Beekdaelen&id=ad1ae401-3665-47b6-9bdb-322464b7a48d","dc_title":"Verordening raadscommissies NA AMENDERING","dc_type":"bijlage","foi_fairiscoreVersions":{"v1":1,"v2":1},"foi_fileName":"Verordening%20raadscommissies%20NA%20AMENDERING.pdf","foi_nrPages":19},{"dc_format":"application/pdf","dc_identifier":"nl.gm1954.2c.2023.2834832-14.doc.6","dc_source":"https://api1.ibabs.eu/publicdownload.aspx?site=Beekdaelen&id=cbe67eb1-5b2d-492a-87c3-80d8356377a6","dc_title":"Bijlage: Was/wordt-tabel verordening raadscommissies","dc_type":"bijlage","foi_fairiscoreVersions":{"v1":1,"v2":1},"foi_fileName":"Was%20wordt%20verordening%20raadscommissies.pdf","foi_nrPages":5}],"foi_nrDocuments":6,"foi_nrPagesInDossier":51,"foi_publishedDate":"2023-05-23","foi_retrievedDate":"2025-11-29"},{"dc_creator":"HandelingScraper_v1","dc_date_year":2023,"dc_description":"Vergadering van de Gemeente Beekdaelen op 2023-05-23. Onderdeel: Amendement  D66, PvdA en GL inzake verlaging leeftijd burgercommissieleden naar 16 jaar.","dc_identifier":"nl.gm1954.2c.2023.2834832-15","dc_publisher":"gm1954","dc_source":"https://beekdaelen.bestuurlijkeinformatie.nl/Agenda/Index/541bf257-472e-4345-a051-82091d9323e7","dc_title":"Raadsvergadering 2023-05-23 - Amendement  D66, PvdA en GL inzake verlaging leeftijd burgercommissieleden naar 16 jaar","dc_type":"2c","dc_type_description":"Vergaderstuk decentrale overheid","foi_fairiscoreVersions":{"v1":1,"v2":1},"foi_files":[{"dc_format":"application/pdf","dc_identifier":"nl.gm1954.2c.2023.2834832-15.doc.1","dc_source":"https://api1.ibabs.eu/publicdownload.aspx?site=Beekdaelen&id=f520c041-3d6d-48ff-a176-97c1017feb1d","dc_title":"Amendement  D66, PvdA en GL inzake verlaging leeftijd burgercommissieleden naar 16 jaar UNANIEM AANGENOMEN","dc_type":"bijlage","foi_fairiscoreVersions":{"v1":1,"v2":1},"foi_fileName":"Amendement%20%20D66_%20PvdA%20en%20GL%20inzake%20verlaging%20leeftijd%20burgercommissieleden%20naar%2016%20jaar%20UNANIEM%20AANGENOMEN.pdf","foi_nrPages":1}],"foi_nrDocuments":1,"foi_nrPagesInDossier":1,"foi_publishedDate":"2023-05-23","foi_retrievedDate":"2025-11-29"},{"dc_creator":"HandelingScraper_v1","dc_date_year":2023,"dc_description":"Vergadering van de Gemeente Beekdaelen op 2023-05-23. Onderdeel: Voorstel inzake Jaarstukken 2022, gewijzigde begroting 2023, begroting 2024 met meerjarenraming ISD Kompas.","dc_identifier":"nl.gm1954.2c.2023.2834832-16","dc_publisher":"gm1954","dc_source":"https://beekdaelen.bestuurlijkeinformatie.nl/Agenda/Index/541bf257-472e-4345-a051-82091d9323e7","dc_title":"Raadsvergadering 2023-05-23 - Voorstel inzake Jaarstukken 2022, gewijzigde begroting 2023, begroting 2024 met meerjarenraming ISD Kompas","dc_type":"2c","dc_type_description":"Vergaderstuk decentrale overheid","foi_fairiscoreVersions":{"v1":2,"v2":2},"foi_files":[{"dc_format":"application/pdf","dc_identifier":"nl.gm1954.2c.2023.2834832-16.doc.12","dc_source":"https://api1.ibabs.eu/publicdownload.aspx?site=Beekdaelen&id=92277cc7-6a42-4772-a06f-908586f0e9e5","dc_title":"Bijlage: Brief DB Kompas aan Cli\u00ebntenraad Kompas d.d. 12 april 2023","dc_type":"bijlage","foi_fairiscoreVersions":{"v1":2,"v2":2},"foi_fileName":"Brief%20DB%20Kompas%20aan%20Clientenraad%20Kompas%20dd%2012%20april%202023.pdf","foi_nrPages":1},{"dc_format":"application/pdf","dc_identifier":"nl.gm1954.2c.2023.2834832-16.doc.11","dc_source":"https://api1.ibabs.eu/publicdownload.aspx?site=Beekdaelen&id=35a9a9c4-8b06-4255-9948-d67b24b99ed2","dc_title":"Bijlage: Brief DB Kompas aan Cli\u00ebntenraad Kompas d.d. 21 maart 2023","dc_type":"bijlage","foi_fairiscoreVersions":{"v1":2,"v2":2},"foi_fileName":"Brief%20DB%20Kompas%20aan%20Clientenraad%20Kompas%20dd%2021%20maart%202023.pdf","foi_nrPages":1},{"dc_format":"application/pdf","dc_identifier":"nl.gm1954.2c.2023.2834832-16.doc.9","dc_source":"https://api1.ibabs.eu/publicdownload.aspx?site=Beekdaelen&id=02c0017f-ed6f-44a9-965a-89332930ee73","dc_title":"Bijlage: Memo college B&W aan gemeenteraad inzake nagekomen stukken ISD Kompas","dc_type":"bijlage","foi_fairiscoreVersions":{"v1":1,"v2":1},"foi_fileName":"Memo%20college%20B%26W%20aan%20gemeenteraad%20inzake%20nagekomen%20stukken%20ISD%20Kompas.pdf","foi_nrPages":1},{"dc_format":"application/pdf","dc_identifier":"nl.gm1954.2c.2023.2834832-16.doc.10","dc_source":"https://api1.ibabs.eu/publicdownload.aspx?site=Beekdaelen&id=c353c3c0-a9d0-4ca9-b7bd-be977ba9e515","dc_title":"Bijlage: Reactie Cli\u00ebntenraad  Kompas d.d. 15 maart 2023 op Uitvoeringsplan Kompas","dc_type":"bijlage","foi_fairiscoreVersions":{"v1":5,"v2":5},"foi_fileName":"Reactie%20Clientenraad%20%20Kompas%20dd%2015%20maart%202023%20op%20Uitvoeringsplan%20Kompas.pdf","foi_nrPages":4},{"dc_format":"application/pdf","dc_identifier":"nl.gm1954.2c.2023.2834832-16.doc.1","dc_source":"https://api1.ibabs.eu/publicdownload.aspx?site=Beekdaelen&id=1dd009e6-080a-4c79-9a0e-7ee5733e8c2b","dc_title":"Raadsvoorstel inzake Jaarstukken 2022, gewijzigde begroting 2023, begroting 2024 met meerjarenraming ISD Kompas","dc_type":"bijlage","foi_fairiscoreVersions":{"v1":1,"v2":1},"foi_fileName":"Z%2F23%2F187875%20-%20333854%20-%20Raadsvoorstel%20Jaarstukken%202022_%20gewijzigde%20begroting%202023_%20begroting%202024%20met%20meerjarenraming%20ISD%20Kompas.pdf","foi_nrPages":9},{"dc_format":"application/pdf","dc_identifier":"nl.gm1954.2c.2023.2834832-16.doc.8","dc_source":"https://api1.ibabs.eu/publicdownload.aspx?site=Beekdaelen&id=92af3a45-b566-45bf-8af0-c0e2e1c8f8f8","dc_title":"Bijlage: Uitgaande brief aan ISD Kompas inzake raadsbesluit en zienswijze","dc_type":"bijlage","foi_fairiscoreVersions":{"v1":2,"v2":1},"foi_fileName":"Z%2F23%2F187875%20-%20334085%20-%20Uitgaande%20brief%20aan%20ISD%20Kompas%20inzake%20raadsbesluit%20en%20zienswijze.pdf","foi_nrPages":2},{"dc_format":"application/pdf","dc_identifier":"nl.gm1954.2c.2023.2834832-16.doc.4","dc_source":"https://api1.ibabs.eu/publicdownload.aspx?site=Beekdaelen&id=57842cc3-6c59-4b09-804e-d7776e85dd2f","dc_title":"Bijlage: Jaarverslag 2022 ISD Kompas","dc_type":"bijlage","foi_fairiscoreVersions":{"v1":2,"v2":2},"foi_fileName":"Z%2F23%2F187875%20-%20334094.pdf","foi_nrPages":26},{"dc_format":"application/pdf","dc_identifier":"nl.gm1954.2c.2023.2834832-16.doc.3","dc_source":"https://api1.ibabs.eu/publicdownload.aspx?site=Beekdaelen&id=19f9ab0d-4906-4f49-bc6d-dba85f219ffc","dc_title":"Bijlage: Jaarrekening 2022 ISD Kompas","dc_type":"bijlage","foi_fairiscoreVersions":{"v1":2,"v2":1},"foi_fileName":"Z%2F23%2F187875%20-%20334095.pdf","foi_nrPages":51},{"dc_format":"application/pdf","dc_identifier":"nl.gm1954.2c.2023.2834832-16.doc.6","dc_source":"https://api1.ibabs.eu/publicdownload.aspx?site=Beekdaelen&id=4b2663aa-d024-4320-81a8-8d03167b27fc","dc_title":"Bijlage: Uitvoeringsprogramma 2023-2024 ISD Kompas","dc_type":"bijlage","foi_fairiscoreVersions":{"v1":3,"v2":3},"foi_fileName":"Z%2F23%2F187875%20-%20334096.pdf","foi_nrPages":25},{"dc_format":"application/pdf","dc_identifier":"nl.gm1954.2c.2023.2834832-16.doc.5","dc_source":"https://api1.ibabs.eu/publicdownload.aspx?site=Beekdaelen&id=c2bdfa6a-7e1b-43bf-918c-3afc57fecb61","dc_title":"Bijlage: Gewijzigde begroting 2023 en begroting 2024 met meerjarenraming ISD Kompas","dc_type":"bijlage","foi_fairiscoreVersions":{"v1":2,"v2":1},"foi_fileName":"Z%2F23%2F187875%20-%20334097.pdf","foi_nrPages":38},{"dc_format":"application/pdf","dc_identifier":"nl.gm1954.2c.2023.2834832-16.doc.2","dc_source":"https://api1.ibabs.eu/publicdownload.aspx?site=Beekdaelen&id=4c1c54b8-09bb-4709-8e88-d9f5b99d77d8","dc_title":"Raadsbesluit inzake Jaarstukken 2022, gewijzigde begroting 2023, begroting 2024 met meerjarenraming ISD Kompas","dc_type":"bijlage","foi_fairiscoreVersions":{"v1":1,"v2":1},"foi_fileName":"Z%2F23%2F187875%20-%20334212%20-%20Concept%20raadsbesluit.pdf","foi_nrPages":1},{"dc_format":"application/pdf","dc_identifier":"nl.gm1954.2c.2023.2834832-16.doc.7","dc_source":"https://api1.ibabs.eu/publicdownload.aspx?site=Beekdaelen&id=3f78f8a6-79ed-4925-b8f5-4855bf4edccc","dc_title":"Bijlage: Advies Adviesraad Sociaal Domein Beekdaelen","dc_type":"bijlage","foi_fairiscoreVersions":{"v1":1,"v2":1},"foi_fileName":"Z%2F23%2F187875%20-%20334530%20-%20Advies%20Adviesraad%20Sociaal%20Domein%20Beekdaelen.pdf","foi_nrPages":1}],"foi_nrDocuments":12,"foi_nrPagesInDossier":160,"foi_publishedDate":"2023-05-23","foi_retrievedDate":"2025-11-29"},{"dc_creator":"HandelingScraper_v1","dc_date_year":2023,"dc_description":"Vergadering van de Gemeente Beekdaelen op 2023-05-23. Onderdeel: Voorstel inzake Regionale en lokale Woonvisie 2023-2028, gemeente Beekdaelen.","dc_identifier":"nl.gm1954.2c.2023.2834832-17","dc_publisher":"gm1954","dc_source":"https://beekdaelen.bestuurlijkeinformatie.nl/Agenda/Index/541bf257-472e-4345-a051-82091d9323e7","dc_title":"Raadsvergadering 2023-05-23 - Voorstel inzake Regionale en lokale Woonvisie 2023-2028, gemeente Beekdaelen","dc_type":"2c","dc_type_description":"Vergaderstuk decentrale overheid","foi_fairiscoreVersions":{"v1":2,"v2":2},"foi_files":[{"dc_format":"application/pdf","dc_identifier":"nl.gm1954.2c.2023.2834832-17.doc.11","dc_source":"https://api1.ibabs.eu/publicdownload.aspx?site=Beekdaelen&id=2eb0059d-ef5a-4ddd-83d4-34fd2fa0d016","dc_title":"Bijlage: Inbreng ROH Lokaal","dc_type":"bijlage","foi_fairiscoreVersions":{"v1":5,"v2":5},"foi_fileName":"Bijlage%202.7%20Inbreng%20ROH%20Lokaal.pdf","foi_nrPages":7},{"dc_format":"application/pdf","dc_identifier":"nl.gm1954.2c.2023.2834832-17.doc.12","dc_source":"https://api1.ibabs.eu/publicdownload.aspx?site=Beekdaelen&id=aa744c3d-a36c-47f8-b942-115476206f1a","dc_title":"Bijlage: Reactie ROW Lokaal","dc_type":"bijlage","foi_fairiscoreVersions":{"v1":1,"v2":1},"foi_fileName":"Bijlage%202.8%20Reactie%20ROW%20Lokaal.pdf","foi_nrPages":7},{"dc_format":"application/pdf","dc_identifier":"nl.gm1954.2c.2023.2834832-17.doc.20","dc_source":"https://api1.ibabs.eu/publicdownload.aspx?site=Beekdaelen&id=d9ac6f08-f2a8-4151-9381-7a5b3a16e1d6","dc_title":"Bijlage: Beleidskaders en wetten","dc_type":"bijlage","foi_fairiscoreVersions":{"v1":2,"v2":2},"foi_fileName":"Bijlage%203%20Beleidskaders%20en%20wetten.pdf","foi_nrPages":6},{"dc_format":"application/pdf","dc_identifier":"nl.gm1954.2c.2023.2834832-17.doc.22","dc_source":"https://api1.ibabs.eu/publicdownload.aspx?site=Beekdaelen&id=2efebbd8-ebc8-4c49-8c9d-4e09575dc252","dc_title":"Bijlage bij MvA inzake Woonzorgvisie","dc_type":"bijlage","foi_fairiscoreVersions":{"v1":2,"v2":2},"foi_fileName":"Bijlage%20bij%20MvA%20inzake%20Woonzorgvisie.pdf","foi_nrPages":3},{"dc_format":"application/pdf","dc_identifier":"nl.gm1954.2c.2023.2834832-17.doc.3","dc_source":"https://api1.ibabs.eu/publicdownload.aspx?site=Beekdaelen&id=48d4e9dd-af23-4e91-9990-b19d4a8e5416","dc_title":"Concept regionale en lokale woonvisie BEEKDAELEN","dc_type":"bijlage","foi_fairiscoreVersions":{"v1":2,"v2":2},"foi_fileName":"concept%20regionale%20en%20lokale%20woonvisie%20BEEKDAELEN.pdf","foi_nrPages":21},{"dc_format":"application/pdf","dc_identifier":"nl.gm1954.2c.2023.2834832-17.doc.21","dc_source":"https://api1.ibabs.eu/publicdownload.aspx?site=Beekdaelen&id=3a41edc2-0714-4d4d-a4b7-2ac16814a090","dc_title":"MvA inzake vragen woonvisie","dc_type":"bijlage","foi_fairiscoreVersions":{"v1":1,"v2":1},"foi_fileName":"MvA%20inzake%20vragen%20woonvisie.pdf","foi_nrPages":1},{"dc_format":"application/pdf","dc_identifier":"nl.gm1954.2c.2023.2834832-17.doc.13","dc_source":"https://api1.ibabs.eu/publicdownload.aspx?site=Beekdaelen&id=736e4416-8c13-4a34-9829-9e6a22fab3f7","dc_title":"Bijlage: Reactie Huurdersbelangenvereniging Voerendaal","dc_type":"bijlage","foi_fairiscoreVersions":{"v1":1,"v2":1},"foi_fileName":"Reactie%20Huurdersbelangenvereniging%20Voerendaal.pdf","foi_nrPages":1},{"dc_format":"application/pdf","dc_identifier":"nl.gm1954.2c.2023.2834832-17.doc.1","dc_source":"https://api1.ibabs.eu/publicdownload.aspx?site=Beekdaelen&id=aad64ea7-5ed0-4e0e-9f53-1cff825e20a2","dc_title":"Raadsvoorstel Regionale en lokale Woonvisie Beekdaelen 2023 - 2028","dc_type":"bijlage","foi_fairiscoreVersions":{"v1":1,"v2":1},"foi_fileName":"Z%2F23%2F185999%20-%20334390%20-%20Regionale%20en%20lokale%20Woonvisie%20Beekdaelen%202023%20-%202028.pdf","foi_nrPages":6},{"dc_format":"application/pdf","dc_identifier":"nl.gm1954.2c.2023.2834832-17.doc.2","dc_source":"https://api1.ibabs.eu/publicdownload.aspx?site=Beekdaelen&id=ba63e5fe-d51d-4172-8709-a47acfe48c60","dc_title":"Raadsbesluit regionale en lokale woonvisie","dc_type":"bijlage","foi_fairiscoreVersions":{"v1":1,"v2":1},"foi_fileName":"Z%2F23%2F185999%20-%20334393%20-%20Raadsbesluit%20regionale%20en%20lokale%20woonvisie.pdf","foi_nrPages":1},{"dc_format":"application/pdf","dc_identifier":"nl.gm1954.2c.2023.2834832-17.doc.4","dc_source":"https://api1.ibabs.eu/publicdownload.aspx?site=Beekdaelen&id=cf3d8500-b703-4f68-b949-297592c75b96","dc_title":"Bijlage: Nota van inspraakreacties","dc_type":"bijlage","foi_fairiscoreVersions":{"v1":1,"v2":1},"foi_fileName":"Z%2F23%2F185999%20-%20334483%20-%20Nota%20van%20inspraakreacties.pdf","foi_nrPages":28},{"dc_format":"application/pdf","dc_identifier":"nl.gm1954.2c.2023.2834832-17.doc.15","dc_source":"https://api1.ibabs.eu/publicdownload.aspx?site=Beekdaelen&id=67baf90d-1a07-40b2-8d1a-b2d2f2fad2b7","dc_title":"Bijlage: 13 kwesties uit synopsis","dc_type":"bijlage","foi_fairiscoreVersions":{"v1":1,"v2":1},"foi_fileName":"Z%2F23%2F185999%20-%20335199%20-%20Bijlage%205%2013%20kwesties%20uit%20synopsis.pdf","foi_nrPages":3},{"dc_format":"application/pdf","dc_identifier":"nl.gm1954.2c.2023.2834832-17.doc.16","dc_source":"https://api1.ibabs.eu/publicdownload.aspx?site=Beekdaelen&id=15951850-6d8d-4405-a45c-b73ecc4d978c","dc_title":"Bijlage: Veerkracht analyse Parkstad","dc_type":"bijlage","foi_fairiscoreVersions":{"v1":2,"v2":1},"foi_fileName":"Z%2F23%2F185999%20-%20335335%20-%20Bijlage%206%20Veerkracht%20analyse%20Parkstad.pdf","foi_nrPages":15},{"dc_format":"application/pdf","dc_identifier":"nl.gm1954.2c.2023.2834832-17.doc.17","dc_source":"https://api1.ibabs.eu/publicdownload.aspx?site=Beekdaelen&id=2bd509de-1fcd-4632-98aa-aec26d512c18","dc_title":"Bijlage: Presentatie over traject Woonvisie gedurende de Raadsinformatiebijeenkomst van 12 september 2022","dc_type":"bijlage","foi_fairiscoreVersions":{"v1":2,"v2":2},"foi_fileName":"Z%2F23%2F185999%20-%20335336%20-%20Bijlage%207%20Presentatie%20over%20traject%20Woonvisie%20gedurende%20de%20Raadsinformatiebijeenkomst%20van%2012%20september%202022.pdf","foi_nrPages":24},{"dc_format":"application/pdf","dc_identifier":"nl.gm1954.2c.2023.2834832-17.doc.14","dc_source":"https://api1.ibabs.eu/publicdownload.aspx?site=Beekdaelen&id=bf722353-4884-4adf-99a5-bd627edf2662","dc_title":"Bijlage: Activiteitenoverzicht Woonvisie","dc_type":"bijlage","foi_fairiscoreVersions":{"v1":2,"v2":1},"foi_fileName":"Z%2F23%2F185999%20-%20335337%20-%20Bijlage%204%20Activiteitenoverzicht%20Woonvisie.pdf","foi_nrPages":3},{"dc_format":"application/pdf","dc_identifier":"nl.gm1954.2c.2023.2834832-17.doc.18","dc_source":"https://api1.ibabs.eu/publicdownload.aspx?site=Beekdaelen&id=b84bf1d1-a833-4c08-a258-15e139d273c9","dc_title":"Bijlage: Begrippenlijst Woonvisie Parkstad 2023","dc_type":"bijlage","foi_fairiscoreVersions":{"v1":1,"v2":1},"foi_fileName":"Z%2F23%2F185999%20-%20335466%20-%20Bijlage%208%20Begrippenlijst%20Woonvisie%20Parkstad%202023.pdf","foi_nrPages":7},{"dc_format":"application/pdf","dc_identifier":"nl.gm1954.2c.2023.2834832-17.doc.5","dc_source":"https://api1.ibabs.eu/publicdownload.aspx?site=Beekdaelen&id=68975f13-0dfb-4adb-a805-f8ff0da8e998","dc_title":"Bijlage: Reactie ROW-Parkstad consultatieversie","dc_type":"bijlage","foi_fairiscoreVersions":{"v1":5,"v2":5},"foi_fileName":"Z%2F23%2F185999%20-%20335546%20-%20Bijlage%203.pdf","foi_nrPages":4},{"dc_format":"application/pdf","dc_identifier":"nl.gm1954.2c.2023.2834832-17.doc.6","dc_source":"https://api1.ibabs.eu/publicdownload.aspx?site=Beekdaelen&id=9356ea75-a714-4018-9a6b-4bc3a670d939","dc_title":"Bijlage: Inbreng ROH","dc_type":"bijlage","foi_fairiscoreVersions":{"v1":5,"v2":5},"foi_fileName":"Z%2F23%2F185999%20-%20335548%20-%20Bijlage%202.pdf","foi_nrPages":6},{"dc_format":"application/pdf","dc_identifier":"nl.gm1954.2c.2023.2834832-17.doc.7","dc_source":"https://api1.ibabs.eu/publicdownload.aspx?site=Beekdaelen&id=e4a46cd6-3733-45b0-bf0f-1affebdcb8f6","dc_title":"Bijlage: Inbreng LEVANTOgroep","dc_type":"bijlage","foi_fairiscoreVersions":{"v1":2,"v2":2},"foi_fileName":"Z%2F23%2F185999%20-%20335549%20-%20Bijlage%202.pdf","foi_nrPages":2},{"dc_format":"application/pdf","dc_identifier":"nl.gm1954.2c.2023.2834832-17.doc.8","dc_source":"https://api1.ibabs.eu/publicdownload.aspx?site=Beekdaelen&id=8a161023-31a9-4e61-a0f6-ccd28a2e34b2","dc_title":"Bijlage: Inbreng Provincie Limburg","dc_type":"bijlage","foi_fairiscoreVersions":{"v1":1,"v2":1},"foi_fileName":"Z%2F23%2F185999%20-%20335550%20-%20Bijlage%202.pdf","foi_nrPages":1},{"dc_format":"application/pdf","dc_identifier":"nl.gm1954.2c.2023.2834832-17.doc.9","dc_source":"https://api1.ibabs.eu/publicdownload.aspx?site=Beekdaelen&id=6bf56d71-4f18-4ec3-83b2-58d70cb7d9b1","dc_title":"Bijlage: Inbreng JPO","dc_type":"bijlage","foi_fairiscoreVersions":{"v1":1,"v2":1},"foi_fileName":"Z%2F23%2F185999%20-%20335551%20-%20Bijlage%202.pdf","foi_nrPages":2},{"dc_format":"application/pdf","dc_identifier":"nl.gm1954.2c.2023.2834832-17.doc.10","dc_source":"https://api1.ibabs.eu/publicdownload.aspx?site=Beekdaelen&id=c3dc4e7b-ef57-4c51-a89c-8ccd26a282d8","dc_title":"Bijlage: Inbreng dhr. Mevis","dc_type":"bijlage","foi_fairiscoreVersions":{"v1":1,"v2":1},"foi_fileName":"Z%2F23%2F185999%20-%20335552%20-%20Bijlage%202.6%20Inbreng%20dhr.pdf","foi_nrPages":1},{"dc_format":"application/pdf","dc_identifier":"nl.gm1954.2c.2023.2834832-17.doc.19","dc_source":"https://api1.ibabs.eu/publicdownload.aspx?site=Beekdaelen&id=df482d72-4a00-4153-8991-d6b3c32553e5","dc_title":"Bijlage: Proces Woonvisie","dc_type":"bijlage","foi_fairiscoreVersions":{"v1":1,"v2":1},"foi_fileName":"Z%2F23%2F185999%20-%20335554%20-%20Bijlage%209%20proces%20Woonvisie.pdf","foi_nrPages":2}],"foi_nrDocuments":22,"foi_nrPagesInDossier":151,"foi_publishedDate":"2023-05-23","foi_retrievedDate":"2025-11-29"},{"dc_creator":"HandelingScraper_v1","dc_date_year":2023,"dc_description":"Vergadering van de Gemeente Beekdaelen op 2023-05-23. Onderdeel: Voorstel inzake Integraal Herstructureringsplan/Samenwerkingsovereenkomst Nuinhofwijk.","dc_identifier":"nl.gm1954.2c.2023.2834832-18","dc_publisher":"gm1954","dc_source":"https://beekdaelen.bestuurlijkeinformatie.nl/Agenda/Index/541bf257-472e-4345-a051-82091d9323e7","dc_title":"Raadsvergadering 2023-05-23 - Voorstel inzake Integraal Herstructureringsplan/Samenwerkingsovereenkomst Nuinhofwijk","dc_type":"2c","dc_type_description":"Vergaderstuk decentrale overheid","foi_fairiscoreVersions":{"v1":2,"v2":1},"foi_files":[{"dc_format":"application/pdf","dc_identifier":"nl.gm1954.2c.2023.2834832-18.doc.11","dc_source":"https://api1.ibabs.eu/publicdownload.aspx?site=Beekdaelen&id=7adb3c9b-19ef-43fe-a312-fe6c7c837905","dc_title":"Sociaal Plan 2023 Wonen Zuid","dc_type":"bijlage","foi_fairiscoreVersions":{"v1":2,"v2":1},"foi_fileName":"Sociaal%20Plan%202023%20Wonen%20Zuid.pdf","foi_nrPages":16},{"dc_format":"application/pdf","dc_identifier":"nl.gm1954.2c.2023.2834832-18.doc.8","dc_source":"https://api1.ibabs.eu/publicdownload.aspx?site=Beekdaelen&id=f0b2ae23-6326-4289-a463-7fe72172e54a","dc_title":"Bijlage: Planning d.d. 25 april 2023, behorende bij de Samenwerkingsovereenkomst Herstructureringsplan Nuinhofwijk te Nuth.","dc_type":"bijlage","foi_fairiscoreVersions":{"v1":1,"v2":1},"foi_fileName":"Z%2F23%2F188851%20-%20336570%20-%20Bijlage%205%20Planning%20d.d.%2025%20april%202023_%20behorende%20bij%20de%20Samenwerkingsovereenkomst%20Herstructureringsplan%20Nuinhofwijk%20te%20Nuth.pdf","foi_nrPages":3},{"dc_format":"application/pdf","dc_identifier":"nl.gm1954.2c.2023.2834832-18.doc.3","dc_source":"https://api1.ibabs.eu/publicdownload.aspx?site=Beekdaelen&id=f3be415d-bd0e-49d5-bd55-4448dea72c5f","dc_title":"SAMENWERKINGSOVEREENKOMST Herstructureringsplan Nuinhofwijk te Nuth tussen Wonen Zuid en gemeente Beekdaelen d.d. 25 april 2023","dc_type":"bijlage","foi_fairiscoreVersions":{"v1":1,"v2":1},"foi_fileName":"Z%2F23%2F188851%20-%20336625%20-%20SAMENWERKINGSOVEREENKOMST%20Herstructureringsplan%20Nuinhofwijk%20te%20Nuth%20tussen%20Wonen%20Zuid%20en%20gemeente%20Beekdaelen%20d.d.pdf","foi_nrPages":17},{"dc_format":"application/pdf","dc_identifier":"nl.gm1954.2c.2023.2834832-18.doc.10","dc_source":"https://api1.ibabs.eu/publicdownload.aspx?site=Beekdaelen&id=7accdaca-e0ab-4540-ae76-b6a2e7e140c7","dc_title":"Bijlage: Masterplan Nuinhofwijk daaronder begrepen het addendum wat daar integraal deel van uitmaakt d.d. 25 april 2023","dc_type":"bijlage","foi_fairiscoreVersions":{"v1":2,"v2":1},"foi_fileName":"Z%2F23%2F188851%20-%20336626%20-%20Bijlage%207%20Masterplan%20Nuinhofwijk%20daaronder%20begrepen%20het%20addendum%20wat%20daar%20integraal%20deel%20van%20uitmaakt%20d.d.pdf","foi_nrPages":64},{"dc_format":"application/pdf","dc_identifier":"nl.gm1954.2c.2023.2834832-18.doc.5","dc_source":"https://api1.ibabs.eu/publicdownload.aspx?site=Beekdaelen&id=ff96572b-656e-4f3e-9175-0c7012a4b867","dc_title":"Bijlage: De Projectbegroting d.d. 25 april 2023, behorende bij de Samenwerkingsovereenkomst Herstructureringsplan Nuinhofwijk te Nuth","dc_type":"bijlage","foi_fairiscoreVersions":{"v1":1,"v2":1},"foi_fileName":"Z%2F23%2F188851%20-%20336629%20-%20Bijlage%202%20De%20Projectbegroting%20d.d.pdf","foi_nrPages":2},{"dc_format":"application/pdf","dc_identifier":"nl.gm1954.2c.2023.2834832-18.doc.6","dc_source":"https://api1.ibabs.eu/publicdownload.aspx?site=Beekdaelen&id=7f363ee5-90ca-4f3f-a40f-03fedf7f4249","dc_title":"Bijlage: Projectkaart(en) d.d. 25 april 2023, behorende bij de Samenwerkingsovereenkomst Herstructureringsplan Nuinhofwijk te Nuth","dc_type":"bijlage","foi_fairiscoreVersions":{"v1":1,"v2":1},"foi_fileName":"Z%2F23%2F188851%20-%20336630%20-%20Bijlage%203%20Projectkaart%28en%29%20d.d.pdf","foi_nrPages":7},{"dc_format":"application/pdf","dc_identifier":"nl.gm1954.2c.2023.2834832-18.doc.9","dc_source":"https://api1.ibabs.eu/publicdownload.aspx?site=Beekdaelen&id=7c739f84-fbd2-475b-87ad-1b6c3a70778c","dc_title":"Bijlage: Document Hoofdlijnen Aankoopproces Woningen BC d.d. 25 april 2023, behorende bij de Samenwerkingsovereenkomst Herstructureringsplan Nuinhofwijk te Nuth","dc_type":"bijlage","foi_fairiscoreVersions":{"v1":1,"v2":1},"foi_fileName":"Z%2F23%2F188851%20-%20336631%20-%20Bijlage%206%20Document%20Hoofdlijnen%20Aankoopproces%20Woningen%20BC%20d.d.pdf","foi_nrPages":6},{"dc_format":"application/pdf","dc_identifier":"nl.gm1954.2c.2023.2834832-18.doc.7","dc_source":"https://api1.ibabs.eu/publicdownload.aspx?site=Beekdaelen&id=ae13e561-29e9-4b5c-9d4e-2b4ca9cc7bd6","dc_title":"Bijlage: Het plan Sociaal Economische Structuur versterking d.d. 25 april 2023, behorende bij de Samenwerkingsovereenkomst Herstructureringsplan Nuinhofwijk te Nuth","dc_type":"bijlage","foi_fairiscoreVersions":{"v1":2,"v2":1},"foi_fileName":"Z%2F23%2F188851%20-%20336633%20-%20Bijlage%204%20Het%20plan%20Sociaal%20Economische%20Structuur%20versterking%20d.d.pdf","foi_nrPages":9},{"dc_format":"application/pdf","dc_identifier":"nl.gm1954.2c.2023.2834832-18.doc.1","dc_source":"https://api1.ibabs.eu/publicdownload.aspx?site=Beekdaelen&id=e752b153-3b39-4c37-8705-99ed22538ab0","dc_title":"Raadsvoorstel inzake Integraal herstrcutureringsplan/SOK Nuinhofwijk","dc_type":"bijlage","foi_fairiscoreVersions":{"v1":1,"v2":1},"foi_fileName":"Z%2F23%2F188851%20-%20336692%20-%20Raadsvoorstel%20bij%20SOK%20inzake%20Nuinhofwijk.pdf","foi_nrPages":8},{"dc_format":"application/pdf","dc_identifier":"nl.gm1954.2c.2023.2834832-18.doc.4","dc_source":"https://api1.ibabs.eu/publicdownload.aspx?site=Beekdaelen&id=deaca73f-0415-4aea-a8fc-3626ce50d545","dc_title":"Bijlage: Financieel en Risico Arrangement BC Nuinhofwijk d.d. 25 april 2023, behorende bij de Samenwerkingsovereenkomst Herstructureringsplan Nuinhofwijk te Nuth","dc_type":"bijlage","foi_fairiscoreVersions":{"v1":1,"v2":1},"foi_fileName":"Z%2F23%2F188851%20-%20336705%20-%20Bijlage%201%20Financieel%20en%20Risico%20Arrangement%20BC%20Nuinhofwijk%20d.d.pdf","foi_nrPages":10},{"dc_format":"application/pdf","dc_identifier":"nl.gm1954.2c.2023.2834832-18.doc.2","dc_source":"https://api1.ibabs.eu/publicdownload.aspx?site=Beekdaelen&id=9428f174-9930-465f-b18b-134ecd555e66","dc_title":"Raadsbesluit inzake Nuinhofwijk herstructureringsplan/SOK en krediet","dc_type":"bijlage","foi_fairiscoreVersions":{"v1":1,"v2":1},"foi_fileName":"Z%2F23%2F188851%20-%20336854%20-%20Raadsbesluit%20inzake%20Nuinhofwijk%20inzake%20herstructureringsplan_%20SOK%20en%20krediet.pdf","foi_nrPages":1}],"foi_nrDocuments":11,"foi_nrPagesInDossier":143,"foi_publishedDate":"2023-05-23","foi_retrievedDate":"2026-02-12"},{"dc_creator":"HandelingScraper_v1","dc_date_year":2023,"dc_description":"Vergadering van de Gemeente Beekdaelen op 2023-05-23. Onderdeel: Vaststelling lijst ingekomen stukken.","dc_identifier":"nl.gm1954.2c.2023.2834832-19","dc_publisher":"gm1954","dc_source":"https://beekdaelen.bestuurlijkeinformatie.nl/Agenda/Index/541bf257-472e-4345-a051-82091d9323e7","dc_title":"Raadsvergadering 2023-05-23 - Vaststelling lijst ingekomen stukken","dc_type":"2c","dc_type_description":"Vergaderstuk decentrale overheid","foi_fairiscoreVersions":{"v1":1,"v2":1},"foi_files":[{"dc_format":"application/pdf","dc_identifier":"nl.gm1954.2c.2023.2834832-19.doc.1","dc_source":"https://api1.ibabs.eu/publicdownload.aspx?site=Beekdaelen&id=799bdfb2-1b3e-4492-bb52-a881f0118adc","dc_title":"Lijst ingekomen stukken Raad 23052023 versie 15.05.2023","dc_type":"bijlage","foi_fairiscoreVersions":{"v1":1,"v2":1},"foi_fileName":"Lijst%20ingekomen%20stukken%20Raad%2023052023%20versie%2015.05.2023.pdf","foi_nrPages":6}],"foi_nrDocuments":1,"foi_nrPagesInDossier":6,"foi_publishedDate":"2023-05-23","foi_retrievedDate":"2025-11-29"},{"dc_creator":"HandelingScraper_v1","dc_date_year":2023,"dc_description":"Vergadering van de Gemeente Beekdaelen op 2023-05-23. Onderdeel: Vaststellen besluitenlijst openbare raadsvergadering d.d. 18 april 2023.","dc_identifier":"nl.gm1954.2c.2023.2834832-2","dc_publisher":"gm1954","dc_source":"https://beekdaelen.bestuurlijkeinformatie.nl/Agenda/Index/541bf257-472e-4345-a051-82091d9323e7","dc_title":"Raadsvergadering 2023-05-23 - Vaststellen besluitenlijst openbare raadsvergadering d.d. 18 april 2023","dc_type":"2c","dc_type_description":"Vergaderstuk decentrale overheid","foi_fairiscoreVersions":{"v1":1,"v2":1},"foi_files":[{"dc_format":"application/pdf","dc_identifier":"nl.gm1954.2c.2023.2834832-2.doc.1","dc_source":"https://api1.ibabs.eu/publicdownload.aspx?site=Beekdaelen&id=bae5793f-3033-4e11-895f-a662c02b642e","dc_title":"Besluitenlijst raadsvergadering 18042023","dc_type":"bijlage","foi_fairiscoreVersions":{"v1":1,"v2":1},"foi_fileName":"Besluitenlijst%20raadsvergadering%2018042023.pdf","foi_nrPages":8}],"foi_nrDocuments":1,"foi_nrPagesInDossier":8,"foi_publishedDate":"2023-05-23","foi_retrievedDate":"2026-03-07"},{"dc_creator":"HandelingScraper_v1","dc_date_year":2023,"dc_description":"Vergadering van de Gemeente Beekdaelen op 2023-05-23. Onderdeel: Motie vreemd aan de orde van de dag van GroenLinks inzake voortgang AZC Sweikhuizen.","dc_identifier":"nl.gm1954.2c.2023.2834832-20","dc_publisher":"gm1954","dc_source":"https://beekdaelen.bestuurlijkeinformatie.nl/Agenda/Index/541bf257-472e-4345-a051-82091d9323e7","dc_title":"Raadsvergadering 2023-05-23 - Motie vreemd aan de orde van de dag van GroenLinks inzake voortgang AZC Sweikhuizen","dc_type":"2c","dc_type_description":"Vergaderstuk decentrale overheid","foi_fairiscoreVersions":{"v1":1,"v2":1},"foi_files":[{"dc_format":"application/pdf","dc_identifier":"nl.gm1954.2c.2023.2834832-20.doc.1","dc_source":"https://api1.ibabs.eu/publicdownload.aspx?site=Beekdaelen&id=a794e129-688e-4b99-bdbd-a3156f156514","dc_title":"Motie GL inzake voortgang AZC Sweikhuizen INGETROKKEN","dc_type":"bijlage","foi_fairiscoreVersions":{"v1":1,"v2":1},"foi_fileName":"Motie%20GL%20inzake%20voortgang%20AZC%20Sweikhuizen%20INGETROKKEN.pdf","foi_nrPages":1}],"foi_nrDocuments":1,"foi_nrPagesInDossier":1,"foi_publishedDate":"2023-05-23","foi_retrievedDate":"2025-11-29"},{"dc_creator":"HandelingScraper_v1","dc_date_year":2023,"dc_description":"Vergadering van de Gemeente Beekdaelen op 2023-05-23. Onderdeel: Voorstel inzake wijziging verordening toeristenbelasting 2023.","dc_identifier":"nl.gm1954.2c.2023.2834832-3","dc_publisher":"gm1954","dc_source":"https://beekdaelen.bestuurlijkeinformatie.nl/Agenda/Index/541bf257-472e-4345-a051-82091d9323e7","dc_title":"Raadsvergadering 2023-05-23 - Voorstel inzake wijziging verordening toeristenbelasting 2023","dc_type":"2c","dc_type_description":"Vergaderstuk decentrale overheid","foi_fairiscoreVersions":{"v1":1,"v2":1},"foi_files":[{"dc_format":"application/pdf","dc_identifier":"nl.gm1954.2c.2023.2834832-3.doc.1","dc_source":"https://api1.ibabs.eu/publicdownload.aspx?site=Beekdaelen&id=6ec06013-9f27-4de6-8a28-7c37a1e7e194","dc_title":"Raadsvoorstel inzake wijziging verordening toeristenbelasting 2023","dc_type":"bijlage","foi_fairiscoreVersions":{"v1":1,"v2":1},"foi_fileName":"Z%2F23%2F187749%20-%20333519%20-%20wijziging%20verordening%20toeristenbelasting%202023.pdf","foi_nrPages":3},{"dc_format":"application/pdf","dc_identifier":"nl.gm1954.2c.2023.2834832-3.doc.2","dc_source":"https://api1.ibabs.eu/publicdownload.aspx?site=Beekdaelen&id=82675bc6-55e3-4d90-aa03-23c9d1470975","dc_title":"Raadsbesluit inzake wijziging verordening toeristenbelasting 2023","dc_type":"bijlage","foi_fairiscoreVersions":{"v1":1,"v2":1},"foi_fileName":"Z%2F23%2F187749%20-%20333520%20-%20raadsbesluit%20wijziging%20verordening%20toeristenbelasting%202023.pdf","foi_nrPages":1},{"dc_format":"application/pdf","dc_identifier":"nl.gm1954.2c.2023.2834832-3.doc.3","dc_source":"https://api1.ibabs.eu/publicdownload.aspx?site=Beekdaelen&id=ceaaa69b-a79b-4632-b78f-6b09ec6c9adc","dc_title":"Gewijzigde verordening toeristenbelasting 2023","dc_type":"bijlage","foi_fairiscoreVersions":{"v1":1,"v2":1},"foi_fileName":"Z%2F23%2F187749%20-%20333522%20-%20gewijzigde%20verordening%20toeristenbelasting%202023.pdf","foi_nrPages":4}],"foi_nrDocuments":3,"foi_nrPagesInDossier":8,"foi_publishedDate":"2023-05-23","foi_retrievedDate":"2025-11-29"},{"dc_creator":"HandelingScraper_v1","dc_date_year":2023,"dc_description":"Vergadering van de Gemeente Beekdaelen op 2023-05-23. Onderdeel: Voorstel inzake verlenging overeenkomst accountant.","dc_identifier":"nl.gm1954.2c.2023.2834832-4","dc_publisher":"gm1954","dc_source":"https://beekdaelen.bestuurlijkeinformatie.nl/Agenda/Index/541bf257-472e-4345-a051-82091d9323e7","dc_title":"Raadsvergadering 2023-05-23 - Voorstel inzake verlenging overeenkomst accountant","dc_type":"2c","dc_type_description":"Vergaderstuk decentrale overheid","foi_fairiscoreVersions":{"v1":1,"v2":1},"foi_files":[{"dc_format":"application/pdf","dc_identifier":"nl.gm1954.2c.2023.2834832-4.doc.2","dc_source":"https://api1.ibabs.eu/publicdownload.aspx?site=Beekdaelen&id=c26f41f7-2127-432f-af2a-7b9edb20c6da","dc_title":"Raadsbesluit inzake verlenging overeenkomst accountant","dc_type":"bijlage","foi_fairiscoreVersions":{"v1":1,"v2":1},"foi_fileName":"Raadsbesluit%20inzake%20verlenging%20overeenkomst%20accountant.pdf","foi_nrPages":1},{"dc_format":"application/pdf","dc_identifier":"nl.gm1954.2c.2023.2834832-4.doc.1","dc_source":"https://api1.ibabs.eu/publicdownload.aspx?site=Beekdaelen&id=0fd3f7ad-4d07-4f97-9161-f575894cd668","dc_title":"Raadsvoorstel inzake verlenging overeenkomst accountant","dc_type":"bijlage","foi_fairiscoreVersions":{"v1":1,"v2":1},"foi_fileName":"Raadsvoorstel%20inzake%20verlenging%20overeenkomst%20accountant.pdf","foi_nrPages":2}],"foi_nrDocuments":2,"foi_nrPagesInDossier":3,"foi_publishedDate":"2023-05-23","foi_retrievedDate":"2025-11-30"},{"dc_creator":"HandelingScraper_v1","dc_date_year":2023,"dc_description":"Vergadering van de Gemeente Beekdaelen op 2023-05-23. Onderdeel: Voorstel inzake benoeming lid vertrouwenscommissie.","dc_identifier":"nl.gm1954.2c.2023.2834832-5","dc_publisher":"gm1954","dc_source":"https://beekdaelen.bestuurlijkeinformatie.nl/Agenda/Index/541bf257-472e-4345-a051-82091d9323e7","dc_title":"Raadsvergadering 2023-05-23 - Voorstel inzake benoeming lid vertrouwenscommissie","dc_type":"2c","dc_type_description":"Vergaderstuk decentrale overheid","foi_fairiscoreVersions":{"v1":1,"v2":1},"foi_files":[{"dc_format":"application/pdf","dc_identifier":"nl.gm1954.2c.2023.2834832-5.doc.2","dc_source":"https://api1.ibabs.eu/publicdownload.aspx?site=Beekdaelen&id=b76be31d-c209-4c68-854a-69b459555f7f","dc_title":"Raadsbesluit inzake benoeming mevr. Quadvlieg - van Dam in vertrouwenscommissie","dc_type":"bijlage","foi_fairiscoreVersions":{"v1":1,"v2":1},"foi_fileName":"Raadsbesluit%20inzake%20benoeming%20mevr.%20Quadvlieg%20-%20van%20Dam%20in%20vertrouwenscommissie.pdf","foi_nrPages":1},{"dc_format":"application/pdf","dc_identifier":"nl.gm1954.2c.2023.2834832-5.doc.1","dc_source":"https://api1.ibabs.eu/publicdownload.aspx?site=Beekdaelen&id=9143760b-20a5-4ee0-b532-bdf419469a4d","dc_title":"Raadsvoorstel inzake benoeming mevr. Quadvlieg - van Dam in vertrouwenscommissie","dc_type":"bijlage","foi_fairiscoreVersions":{"v1":1,"v2":1},"foi_fileName":"Raadsvoorstel%20inzake%20benoeming%20mevr.%20Quadvlieg%20-%20van%20Dam%20in%20vertrouwenscommissie.pdf","foi_nrPages":1}],"foi_nrDocuments":2,"foi_nrPagesInDossier":2,"foi_publishedDate":"2023-05-23","foi_retrievedDate":"2026-03-02"},{"dc_creator":"HandelingScraper_v1","dc_date_year":2023,"dc_description":"Vergadering van de Gemeente Beekdaelen op 2023-05-23. Onderdeel: Voorstel inzake Beleidsplan mantelzorg gemeente Beekdaelen 2023-2026.","dc_identifier":"nl.gm1954.2c.2023.2834832-6","dc_publisher":"gm1954","dc_source":"https://beekdaelen.bestuurlijkeinformatie.nl/Agenda/Index/541bf257-472e-4345-a051-82091d9323e7","dc_title":"Raadsvergadering 2023-05-23 - Voorstel inzake Beleidsplan mantelzorg gemeente Beekdaelen 2023-2026","dc_type":"2c","dc_type_description":"Vergaderstuk decentrale overheid","foi_fairiscoreVersions":{"v1":2,"v2":1},"foi_files":[{"dc_format":"application/pdf","dc_identifier":"nl.gm1954.2c.2023.2834832-6.doc.4","dc_source":"https://api1.ibabs.eu/publicdownload.aspx?site=Beekdaelen&id=cee0f98f-4ca2-43ce-b576-cdd0b2c6f096","dc_title":"Advies op mantelzorgbeleid Beekdaelen 2023-2026","dc_type":"bijlage","foi_fairiscoreVersions":{"v1":1,"v2":1},"foi_fileName":"Advies%20op%20mantelzorgbeleid%20Beekdaelen%202023-2026.pdf","foi_nrPages":1},{"dc_format":"application/pdf","dc_identifier":"nl.gm1954.2c.2023.2834832-6.doc.5","dc_source":"https://api1.ibabs.eu/publicdownload.aspx?site=Beekdaelen&id=cf38df27-ce20-44e0-8a73-3df4815ee536","dc_title":"Beantwoording openstaande vraag uit commissie m.b.t. vrijstelling","dc_type":"bijlage","foi_fairiscoreVersions":{"v1":1,"v2":1},"foi_fileName":"Beantwoording%20vraag%20m.b.t.%20vrijstelling.pdf","foi_nrPages":1},{"dc_format":"application/pdf","dc_identifier":"nl.gm1954.2c.2023.2834832-6.doc.3","dc_source":"https://api1.ibabs.eu/publicdownload.aspx?site=Beekdaelen&id=e4212d84-23d5-4876-817b-75e6c4a34934","dc_title":"Beleidsplan Mantelzorg gemeente Beekdaelen 2023-2026","dc_type":"bijlage","foi_fairiscoreVersions":{"v1":2,"v2":1},"foi_fileName":"Beleidsplan%20Mantelzorg%20gemeente%20Beekdaelen%202023-2026.pdf","foi_nrPages":15},{"dc_format":"application/pdf","dc_identifier":"nl.gm1954.2c.2023.2834832-6.doc.2","dc_source":"https://api1.ibabs.eu/publicdownload.aspx?site=Beekdaelen&id=aedfed58-2ffa-431a-a60f-0700c1e7a851","dc_title":"Raadsbesluit beleidsplan mantelzorg gemeente Beekdaelen 2023-2026","dc_type":"bijlage","foi_fairiscoreVersions":{"v1":1,"v2":1},"foi_fileName":"Raadsbesluit%20beleidsplan%20mantelzorg%20gemeente%20Beekdaelen%202023-2026.pdf.pdf","foi_nrPages":1},{"dc_format":"application/pdf","dc_identifier":"nl.gm1954.2c.2023.2834832-6.doc.1","dc_source":"https://api1.ibabs.eu/publicdownload.aspx?site=Beekdaelen&id=231021fc-f93a-46a6-b751-fc5d19c7259e","dc_title":"Raadsvoorstel beleidsplan mantelzorg gemeente Beekdaelen 2023-2026","dc_type":"bijlage","foi_fairiscoreVersions":{"v1":1,"v2":1},"foi_fileName":"Raadsvoorstel%20beleidsplan%20mantelzorg%20gemeente%20Beekdaelen%202023-2026.pdf","foi_nrPages":4}],"foi_nrDocuments":5,"foi_nrPagesInDossier":22,"foi_publishedDate":"2023-05-23","foi_retrievedDate":"2026-01-22"},{"dc_creator":"HandelingScraper_v1","dc_date_year":2023,"dc_description":"Vergadering van de Gemeente Beekdaelen op 2023-05-23. Onderdeel: Voorstel inzake Jaarstukken 2022 en begroting 2024 met meerjarenraming GR WOZL.","dc_identifier":"nl.gm1954.2c.2023.2834832-7","dc_publisher":"gm1954","dc_source":"https://beekdaelen.bestuurlijkeinformatie.nl/Agenda/Index/541bf257-472e-4345-a051-82091d9323e7","dc_title":"Raadsvergadering 2023-05-23 - Voorstel inzake Jaarstukken 2022 en begroting 2024 met meerjarenraming GR WOZL","dc_type":"2c","dc_type_description":"Vergaderstuk decentrale overheid","foi_fairiscoreVersions":{"v1":3,"v2":3},"foi_files":[{"dc_format":"application/pdf","dc_identifier":"nl.gm1954.2c.2023.2834832-7.doc.6","dc_source":"https://api1.ibabs.eu/publicdownload.aspx?site=Beekdaelen&id=db124ed7-aedf-4d8e-88a7-76084c9ba205","dc_title":"Bijlage: Begroting 2024 en meerjarenraming 2025-2027 GR WOZL","dc_type":"bijlage","foi_fairiscoreVersions":{"v1":2,"v2":1},"foi_fileName":"Z%2F23%2F186670%20-%20331633%20-%20Begroting%202024%20en%20meerjarenraming%202025-2027%20GR%20WOZL.pdf","foi_nrPages":35},{"dc_format":"application/pdf","dc_identifier":"nl.gm1954.2c.2023.2834832-7.doc.7","dc_source":"https://api1.ibabs.eu/publicdownload.aspx?site=Beekdaelen&id=df4a7baf-aa97-4dde-ae39-18891221ef35","dc_title":"Bijlage: Factsheet Begroting 2024 en meerjarenraming 2025-2027 GR WOZL","dc_type":"bijlage","foi_fairiscoreVersions":{"v1":1,"v2":1},"foi_fileName":"Z%2F23%2F186670%20-%20331638%20-%20Factsheet%20Begroting%202024%20en%20meerjarenraming%202025-2027%20GR%20WOZL.pdf","foi_nrPages":3},{"dc_format":"application/pdf","dc_identifier":"nl.gm1954.2c.2023.2834832-7.doc.1","dc_source":"https://api1.ibabs.eu/publicdownload.aspx?site=Beekdaelen&id=debc41a5-5923-4726-83c4-15343f667ebb","dc_title":"Raadsvoorstel inzake Begroting 2024 met meerjarenraming 2025-2027 GR WOZL","dc_type":"bijlage","foi_fairiscoreVersions":{"v1":1,"v2":1},"foi_fileName":"Z%2F23%2F186670%20-%20331639%20-%20Raadsvoorstel%20Begroting%202024%20met%20meerjarenraming%202025-2027%20GR%20WOZL.pdf","foi_nrPages":7},{"dc_format":"application/pdf","dc_identifier":"nl.gm1954.2c.2023.2834832-7.doc.8","dc_source":"https://api1.ibabs.eu/publicdownload.aspx?site=Beekdaelen&id=4f4eb717-c31f-41c9-8701-7ad4b2546ec4","dc_title":"Bijlage: Uitgaande brief aan WOZL inzake raadsbesluit","dc_type":"bijlage","foi_fairiscoreVersions":{"v1":1,"v2":1},"foi_fileName":"Z%2F23%2F186670%20-%20331808%20-%20Uitgaande%20brief%20aan%20WOZL%20inzake%20raadsbesluit.pdf","foi_nrPages":1},{"dc_format":"application/pdf","dc_identifier":"nl.gm1954.2c.2023.2834832-7.doc.2","dc_source":"https://api1.ibabs.eu/publicdownload.aspx?site=Beekdaelen&id=66cfd0ae-a85e-4090-af78-26c96f2f9e51","dc_title":"Raadsbesluit inzake Jaarstukken 2022 en Begroting 2024 met meerjarenraming GR WOZL","dc_type":"bijlage","foi_fairiscoreVersions":{"v1":1,"v2":1},"foi_fileName":"Z%2F23%2F186670%20-%20333586%20-%20Concept-Raadsbesluit%20Jaarstukken%202022%20en%20Begroting%202024%20met%20meerjarenraming%20GR%20WOZL.pdf","foi_nrPages":1},{"dc_format":"application/pdf","dc_identifier":"nl.gm1954.2c.2023.2834832-7.doc.3","dc_source":"https://api1.ibabs.eu/publicdownload.aspx?site=Beekdaelen&id=09f69467-925c-4b79-8771-99058d898ebb","dc_title":"Bijlage: Jaarrekening 2022 GR WOZL","dc_type":"bijlage","foi_fairiscoreVersions":{"v1":5,"v2":5},"foi_fileName":"Z%2F23%2F186670%20-%20334202%20-%20Jaarrekening%202022%20GR%20WOZL.pdf","foi_nrPages":52},{"dc_format":"application/pdf","dc_identifier":"nl.gm1954.2c.2023.2834832-7.doc.4","dc_source":"https://api1.ibabs.eu/publicdownload.aspx?site=Beekdaelen&id=37be8917-c836-47b2-8ec7-e553ba7ef591","dc_title":"Bijlage: Jaarverslag 2022 GR WOZL","dc_type":"bijlage","foi_fairiscoreVersions":{"v1":5,"v2":5},"foi_fileName":"Z%2F23%2F186670%20-%20334203%20-%20Jaarverslag%202022%20GR%20WOZL.pdf","foi_nrPages":24},{"dc_format":"application/pdf","dc_identifier":"nl.gm1954.2c.2023.2834832-7.doc.5","dc_source":"https://api1.ibabs.eu/publicdownload.aspx?site=Beekdaelen&id=e90a5296-04bd-416c-8c23-da84d9255db7","dc_title":"Bijlage: Accountantsverslag 2022 GR WOZL","dc_type":"bijlage","foi_fairiscoreVersions":{"v1":5,"v2":5},"foi_fileName":"Z%2F23%2F186670%20-%20334204%20-%20Accountantsverslag%202022%20GR%20WOZL.pdf","foi_nrPages":21}],"foi_nrDocuments":8,"foi_nrPagesInDossier":144,"foi_publishedDate":"2023-05-23","foi_retrievedDate":"2025-11-30"},{"dc_creator":"HandelingScraper_v1","dc_date_year":2023,"dc_description":"Vergadering van de Gemeente Beekdaelen op 2023-05-23. Onderdeel: Voorstel inzake Jaarstukken 2022 en begroting 2024 met meerjarenraming GR WSP Parkstad.","dc_identifier":"nl.gm1954.2c.2023.2834832-8","dc_publisher":"gm1954","dc_source":"https://beekdaelen.bestuurlijkeinformatie.nl/Agenda/Index/541bf257-472e-4345-a051-82091d9323e7","dc_title":"Raadsvergadering 2023-05-23 - Voorstel inzake Jaarstukken 2022 en begroting 2024 met meerjarenraming GR WSP Parkstad","dc_type":"2c","dc_type_description":"Vergaderstuk decentrale overheid","foi_fairiscoreVersions":{"v1":null,"v2":null},"foi_files":[{"dc_format":"application/pdf","dc_identifier":"nl.gm1954.2c.2023.2834832-8.doc.1","dc_source":"https://api1.ibabs.eu/publicdownload.aspx?site=Beekdaelen&id=ae5a2eda-50d6-4dd4-9e10-4033c7d81753","dc_title":"Raadsvoorstel inzake Begroting 2024 en meerjarenraming 2025-2027 GR WSP Parkstad","dc_type":"bijlage","foi_fileName":"Z%2F23%2F186671%20-%20331720%20-%20Raadsvoorstel%20Begroting%202024%20en%20meerjarenraming%202025-2027%20GR%20WSP%20Parkstad.pdf"},{"dc_format":"application/pdf","dc_identifier":"nl.gm1954.2c.2023.2834832-8.doc.8","dc_source":"https://api1.ibabs.eu/publicdownload.aspx?site=Beekdaelen&id=9dad5468-5b53-4ce8-a412-3794933cd127","dc_title":"Bijlage: Uitgaande brief aan WSP Parkstad inzake raadsbesluit","dc_type":"bijlage","foi_fileName":"Z%2F23%2F186671%20-%20331812%20-%20Uitgaande%20brief%20aan%20WSP%20Parkstad%20inzake%20raadsbesluit.pdf"},{"dc_format":"application/pdf","dc_identifier":"nl.gm1954.2c.2023.2834832-8.doc.2","dc_source":"https://api1.ibabs.eu/publicdownload.aspx?site=Beekdaelen&id=4143c8b7-49b1-41eb-8497-4b2a96fb8224","dc_title":"Raadsbesluit inzake jaarstukken 2022 en begroting 2024 met meerjarenraming GR WSP Parkstad","dc_type":"bijlage","foi_fileName":"Z%2F23%2F186671%20-%20333587%20-%20Raadsbesluit%20jaarstukken%202022%20en%20begroting%202024%20met%20meerjarenraming%20GR%20WSP%20Parkstad.pdf"},{"dc_format":"application/pdf","dc_identifier":"nl.gm1954.2c.2023.2834832-8.doc.6","dc_source":"https://api1.ibabs.eu/publicdownload.aspx?site=Beekdaelen&id=c3c89a35-a214-4716-9b88-93f86d212cbf","dc_title":"Bijlage: Begroting 2024 met meerjarenraming 2025-2027 GR WSP Parkstad","dc_type":"bijlage","foi_fileName":"Z%2F23%2F186671%20-%20333591%20-%20Begroting%202024%20met%20meerjarenraming%202025-2027%20GR%20WSP%20Parkstad.pdf"},{"dc_format":"application/pdf","dc_identifier":"nl.gm1954.2c.2023.2834832-8.doc.7","dc_source":"https://api1.ibabs.eu/publicdownload.aspx?site=Beekdaelen&id=c9e75b97-35c3-4e61-be02-615077cd7b76","dc_title":"Bijlage: Factsheet Begroting 2024 met meerjarenraming 2025-2027 GR WSP Parkstad","dc_type":"bijlage","foi_fileName":"Z%2F23%2F186671%20-%20333592%20-%20Factsheet%20Begroting%202024%20met%20meerjarenraming%202025-2027%20GR%20WSP%20Parkstad.pdf"},{"dc_format":"application/pdf","dc_identifier":"nl.gm1954.2c.2023.2834832-8.doc.3","dc_source":"https://api1.ibabs.eu/publicdownload.aspx?site=Beekdaelen&id=7283beea-b62d-42a6-a74c-c64fe6650e54","dc_title":"Bijlage: Jaarrekening 2022 GR WSP Parkstad","dc_type":"bijlage","foi_fileName":"Z%2F23%2F186671%20-%20334193%20-%20Jaarrekening%202022%20GR%20WSP%20Parkstad.pdf"},{"dc_format":"application/pdf","dc_identifier":"nl.gm1954.2c.2023.2834832-8.doc.4","dc_source":"https://api1.ibabs.eu/publicdownload.aspx?site=Beekdaelen&id=0290098c-0e0d-4cee-8027-31e9645ce3bd","dc_title":"Bijlage: Jaarverslag 2022 GR WSP Parkstad","dc_type":"bijlage","foi_fileName":"Z%2F23%2F186671%20-%20334195%20-%20Jaarverslag%202022%20GR%20WSP%20Parkstad.pdf"},{"dc_format":"application/pdf","dc_identifier":"nl.gm1954.2c.2023.2834832-8.doc.5","dc_source":"https://api1.ibabs.eu/publicdownload.aspx?site=Beekdaelen&id=6aea22f8-3a73-4133-b71b-dcc7b12d5ee9","dc_title":"Bijlage: Accountantsverslag 2022 GR WSP Parkstad","dc_type":"bijlage","foi_fileName":"Z%2F23%2F186671%20-%20334196%20-%20Accountantsverslag%202022%20GR%20WSP%20Parkstad.pdf"}],"foi_nrDocuments":8,"foi_nrPagesInDossier":0,"foi_publishedDate":"2023-05-23","foi_retrievedDate":"2025-12-01"},{"dc_creator":"HandelingScraper_v1","dc_date_year":2023,"dc_description":"Vergadering van de Gemeente Beekdaelen op 2023-05-23. Onderdeel: Voorstel inzake 1e begrotingswijziging 2023 BsGW.","dc_identifier":"nl.gm1954.2c.2023.2834832-9","dc_publisher":"gm1954","dc_source":"https://beekdaelen.bestuurlijkeinformatie.nl/Agenda/Index/541bf257-472e-4345-a051-82091d9323e7","dc_title":"Raadsvergadering 2023-05-23 - Voorstel inzake 1e begrotingswijziging 2023 BsGW","dc_type":"2c","dc_type_description":"Vergaderstuk decentrale overheid","foi_fairiscoreVersions":{"v1":2,"v2":1},"foi_files":[{"dc_format":"application/pdf","dc_identifier":"nl.gm1954.2c.2023.2834832-9.doc.3","dc_source":"https://api1.ibabs.eu/publicdownload.aspx?site=Beekdaelen&id=dd4e26d2-b1dd-443a-8288-ea82178b5d26","dc_title":"Bijlage: BsGW Aanbiedingsbrief 1e  begrotingswijziging 2023","dc_type":"bijlage","foi_fairiscoreVersions":{"v1":1,"v2":1},"foi_fileName":"email.pdf","foi_nrPages":4},{"dc_format":"application/pdf","dc_identifier":"nl.gm1954.2c.2023.2834832-9.doc.4","dc_source":"https://api1.ibabs.eu/publicdownload.aspx?site=Beekdaelen&id=3f1db335-2a08-4772-b34f-97cbbc955ff4","dc_title":"Bijlage: BsGW AB-voorstel 1e  begrotingswijziging 2023","dc_type":"bijlage","foi_fairiscoreVersions":{"v1":2,"v2":1},"foi_fileName":"email.pdf","foi_nrPages":5},{"dc_format":"application/pdf","dc_identifier":"nl.gm1954.2c.2023.2834832-9.doc.1","dc_source":"https://api1.ibabs.eu/publicdownload.aspx?site=Beekdaelen&id=15b66c5f-b628-4670-a399-f4e82d550f5e","dc_title":"Raadsvoorstel inzake 1e begrotingswijziging BsGW 2023","dc_type":"bijlage","foi_fairiscoreVersions":{"v1":1,"v2":1},"foi_fileName":"Z%2F23%2F187238%20-%20334788%20-%201e%20begrotingswijziging%20BsGW%202023.pdf","foi_nrPages":3},{"dc_format":"application/pdf","dc_identifier":"nl.gm1954.2c.2023.2834832-9.doc.2","dc_source":"https://api1.ibabs.eu/publicdownload.aspx?site=Beekdaelen&id=e8920f79-d90e-48a0-ad58-384ee6b721cb","dc_title":"Raadsbesluit inzake 1e begrotingswijziging 2023 BsGW","dc_type":"bijlage","foi_fairiscoreVersions":{"v1":1,"v2":1},"foi_fileName":"Z%2F23%2F187238%20-%20334789%20-%201e%20begrotingswijziging%202023%20BsGW.pdf","foi_nrPages":1},{"dc_format":"application/pdf","dc_identifier":"nl.gm1954.2c.2023.2834832-9.doc.5","dc_source":"https://api1.ibabs.eu/publicdownload.aspx?site=Beekdaelen&id=f38fceb4-fe9c-48f3-9f89-3dd06b73393e","dc_title":"Bijlage: Uitgaande brief BsGW 1e begrotingswijziging 2023","dc_type":"bijlage","foi_fairiscoreVersions":{"v1":1,"v2":1},"foi_fileName":"Z%2F23%2F187238%20-%20334882%20-%201e%20begrotingswijziging%202023%20BsGW.pdf","foi_nrPages":1}],"foi_nrDocuments":5,"foi_nrPagesInDossier":14,"foi_publishedDate":"2023-05-23","foi_retrievedDate":"2026-03-07"},{"dc_creator":"HandelingScraper_v1","dc_date_year":2023,"dc_description":"Vergadering van de Gemeente Beekdaelen op 2023-06-06. Onderdeel: Algemeen.","dc_identifier":"nl.gm1954.2c.2023.2834889-1","dc_publisher":"gm1954","dc_source":"https://beekdaelen.bestuurlijkeinformatie.nl/Agenda/Index/8be38f3c-a56f-4382-97f1-9cfea1ffcc88","dc_title":"Raadscommissie Sociale Leefomgeving 2023-06-06 - Algemeen","dc_type":"2c","dc_type_description":"Vergaderstuk decentrale overheid","foi_fairiscoreVersions":{"v1":1,"v2":1},"foi_files":[{"dc_format":"application/pdf","dc_identifier":"nl.gm1954.2c.2023.2834889-1.doc.3","dc_source":"https://api1.ibabs.eu/publicdownload.aspx?site=Beekdaelen&id=a90669f0-a719-4c9d-a2ac-1e1228cc18c1","dc_title":"Technische vragen BL cie. SLO juni 2023","dc_type":"bijlage","foi_fairiscoreVersions":{"v1":1,"v2":1},"foi_fileName":"Technische%20vragen%20BL%20cie.%20SLO%20juni%202023.pdf","foi_nrPages":1},{"dc_format":"application/pdf","dc_identifier":"nl.gm1954.2c.2023.2834889-1.doc.1","dc_source":"https://api1.ibabs.eu/publicdownload.aspx?site=Beekdaelen&id=8e39a230-cfae-4786-a670-fef2a1f9a30a","dc_title":"Technische vragen CDA cie. SLO juni 2023","dc_type":"bijlage","foi_fairiscoreVersions":{"v1":1,"v2":1},"foi_fileName":"Technische%20vragen%20CDA%20cie.%20SLO%20juni%202023.pdf","foi_nrPages":2},{"dc_format":"application/pdf","dc_identifier":"nl.gm1954.2c.2023.2834889-1.doc.5","dc_source":"https://api1.ibabs.eu/publicdownload.aspx?site=Beekdaelen&id=508f2405-d974-4331-841e-f4e01999e10d","dc_title":"Technische vragen Koll\u00e9e Rijkx cie. SLO juni 2023","dc_type":"bijlage","foi_fairiscoreVersions":{"v1":1,"v2":1},"foi_fileName":"Technische%20vragen%20Koll%C3%A9e%20Rijkx%20cie.%20SLO%20juni%202023.pdf","foi_nrPages":1},{"dc_format":"application/pdf","dc_identifier":"nl.gm1954.2c.2023.2834889-1.doc.2","dc_source":"https://api1.ibabs.eu/publicdownload.aspx?site=Beekdaelen&id=c669c4a2-9b03-4d67-adb8-75de4488e760","dc_title":"Technische vragen VG cie. SLO juni 2023","dc_type":"bijlage","foi_fairiscoreVersions":{"v1":1,"v2":1},"foi_fileName":"Technische%20vragen%20VG%20cie.%20SLO%20juni%202023.pdf","foi_nrPages":2},{"dc_format":"application/pdf","dc_identifier":"nl.gm1954.2c.2023.2834889-1.doc.4","dc_source":"https://api1.ibabs.eu/publicdownload.aspx?site=Beekdaelen&id=a8c5212c-1e50-49aa-bfec-d633ae1beb97","dc_title":"Technische vragen VVD cie. SLO juni 2023","dc_type":"bijlage","foi_fairiscoreVersions":{"v1":1,"v2":1},"foi_fileName":"Technische%20vragen%20VVD%20cie.%20SLO%20juni%202023.pdf","foi_nrPages":1}],"foi_nrDocuments":5,"foi_nrPagesInDossier":7,"foi_publishedDate":"2023-06-06","foi_retrievedDate":"2025-11-29"},{"dc_creator":"HandelingScraper_v1","dc_date_year":2023,"dc_description":"Vergadering van de Gemeente Beekdaelen op 2023-06-06. Onderdeel: Opening, mededelingen voorzitter en vaststellen agenda..","dc_identifier":"nl.gm1954.2c.2023.2834889-2","dc_publisher":"gm1954","dc_source":"https://beekdaelen.bestuurlijkeinformatie.nl/Agenda/Index/8be38f3c-a56f-4382-97f1-9cfea1ffcc88","dc_title":"Raadscommissie Sociale Leefomgeving 2023-06-06 - Opening, mededelingen voorzitter en vaststellen agenda.","dc_type":"2c","dc_type_description":"Vergaderstuk decentrale overheid","foi_fairiscoreVersions":{"v1":1,"v2":1},"foi_files":[{"dc_format":"application/octet-stream","dc_identifier":"nl.gm1954.2c.2023.2834889-2.doc.3","dc_source":"https://api1.ibabs.eu/publicdownload.aspx?site=Beekdaelen&id=7c82d93a-a7e2-4d4e-bbd9-aa858b5fbfb7","dc_title":"A1, A3 en A2 (I)","dc_type":"bijlage","foi_fileName":"A1_%20A3%20en%20A2%20%28I%29.mp3","foi_nrPages":1},{"dc_format":"application/octet-stream","dc_identifier":"nl.gm1954.2c.2023.2834889-2.doc.4","dc_source":"https://api1.ibabs.eu/publicdownload.aspx?site=Beekdaelen&id=601e7038-8709-402f-bd61-b2eb6d50e867","dc_title":"A2 (II)","dc_type":"bijlage","foi_fileName":"A2%20%28II%29.mp3","foi_nrPages":1},{"dc_format":"application/pdf","dc_identifier":"nl.gm1954.2c.2023.2834889-2.doc.1","dc_source":"https://api1.ibabs.eu/publicdownload.aspx?site=Beekdaelen&id=c701866c-8ff2-4fef-b2c0-7ebc44bee574","dc_title":"Uitnodiging en voorlopige agenda cie. SLO 06.06.2023","dc_type":"bijlage","foi_fairiscoreVersions":{"v1":1,"v2":1},"foi_fileName":"Uitnodiging%20en%20voorlopige%20agenda%20cie.%20SLO%2006.06.2023.pdf","foi_nrPages":1},{"dc_format":"application/pdf","dc_identifier":"nl.gm1954.2c.2023.2834889-2.doc.2","dc_source":"https://api1.ibabs.eu/publicdownload.aspx?site=Beekdaelen&id=87123348-a5f3-490a-9f7d-46f2012f9fb9","dc_title":"Vastgestelde agenda cie. SLO 06.06.2023","dc_type":"bijlage","foi_fairiscoreVersions":{"v1":1,"v2":1},"foi_fileName":"Vastgestelde%20agenda%20cie.%20SLO%2006.06.pdf","foi_nrPages":1}],"foi_nrDocuments":4,"foi_nrPagesInDossier":4,"foi_publishedDate":"2023-06-06","foi_retrievedDate":"2025-11-29"},{"dc_creator":"HandelingScraper_v1","dc_date_year":2023,"dc_description":"Vergadering van de Gemeente Beekdaelen op 2023-06-06. Onderdeel: Spreekrecht burgers..","dc_identifier":"nl.gm1954.2c.2023.2834889-3","dc_publisher":"gm1954","dc_source":"https://beekdaelen.bestuurlijkeinformatie.nl/Agenda/Index/8be38f3c-a56f-4382-97f1-9cfea1ffcc88","dc_title":"Raadscommissie Sociale Leefomgeving 2023-06-06 - Spreekrecht burgers.","dc_type":"2c","dc_type_description":"Vergaderstuk decentrale overheid","foi_fairiscoreVersions":{"v1":null,"v2":null},"foi_files":[{"dc_format":"application/octet-stream","dc_identifier":"nl.gm1954.2c.2023.2834889-3.doc.1","dc_source":"https://api1.ibabs.eu/publicdownload.aspx?site=Beekdaelen&id=4ae5966a-5b51-4d22-8397-f6b569ffe978","dc_title":"A1, A3 en A2 (I)","dc_type":"bijlage","foi_fileName":"A1_%20A3%20en%20A2%20%28I%29.mp3","foi_nrPages":1},{"dc_format":"application/octet-stream","dc_identifier":"nl.gm1954.2c.2023.2834889-3.doc.2","dc_source":"https://api1.ibabs.eu/publicdownload.aspx?site=Beekdaelen&id=6a2af7d2-8822-4724-9017-93daf5634747","dc_title":"A2 (II)","dc_type":"bijlage","foi_fileName":"A2%20%28II%29.mp3","foi_nrPages":1}],"foi_nrDocuments":2,"foi_nrPagesInDossier":2,"foi_publishedDate":"2023-06-06","foi_retrievedDate":"2025-11-29"},{"dc_creator":"HandelingScraper_v1","dc_date_year":2023,"dc_description":"Vergadering van de Gemeente Beekdaelen op 2023-06-06. Onderdeel: Vaststellen actiepuntenlijst van de raadscommissie Sociale Leefomgeving d.d. 9 mei 2023.","dc_identifier":"nl.gm1954.2c.2023.2834889-4","dc_publisher":"gm1954","dc_source":"https://beekdaelen.bestuurlijkeinformatie.nl/Agenda/Index/8be38f3c-a56f-4382-97f1-9cfea1ffcc88","dc_title":"Raadscommissie Sociale Leefomgeving 2023-06-06 - Vaststellen actiepuntenlijst van de raadscommissie Sociale Leefomgeving d.d. 9 mei 2023","dc_type":"2c","dc_type_description":"Vergaderstuk decentrale overheid","foi_fairiscoreVersions":{"v1":1,"v2":1},"foi_files":[{"dc_format":"application/octet-stream","dc_identifier":"nl.gm1954.2c.2023.2834889-4.doc.2","dc_source":"https://api1.ibabs.eu/publicdownload.aspx?site=Beekdaelen&id=0cbf806c-e849-4084-9c5c-27b2e9e3c0a2","dc_title":"A1, A3 en A2 (I)","dc_type":"bijlage","foi_fileName":"A1_%20A3%20en%20A2%20%28I%29.mp3"},{"dc_format":"application/octet-stream","dc_identifier":"nl.gm1954.2c.2023.2834889-4.doc.3","dc_source":"https://api1.ibabs.eu/publicdownload.aspx?site=Beekdaelen&id=29cab0a6-ab7a-412e-a074-085fe398d91d","dc_title":"A2 (II)","dc_type":"bijlage","foi_fileName":"A2%20%28II%29.mp3"},{"dc_format":"application/pdf","dc_identifier":"nl.gm1954.2c.2023.2834889-4.doc.1","dc_source":"https://api1.ibabs.eu/publicdownload.aspx?site=Beekdaelen&id=9e3f1077-0f96-47c1-a0b7-7538040e9bcf","dc_title":"Actiepuntenlijst cie. SLO 09052023 - vastgesteld 06.06.2023","dc_type":"bijlage","foi_fairiscoreVersions":{"v1":1,"v2":1},"foi_fileName":"Actiepuntenlijst%20cie%20SLO%2009052023%20%28kopie%20uit%20Decos%29.pdf","foi_nrPages":4}],"foi_nrDocuments":3,"foi_nrPagesInDossier":4,"foi_publishedDate":"2023-06-06","foi_retrievedDate":"2025-12-06"},{"dc_creator":"HandelingScraper_v1","dc_date_year":2023,"dc_description":"Vergadering van de Gemeente Beekdaelen op 2023-06-06. Onderdeel: Raadsvoorstel inzake: zienswijze begroting GGD ZL 2024.","dc_identifier":"nl.gm1954.2c.2023.2834889-5","dc_publisher":"gm1954","dc_source":"https://beekdaelen.bestuurlijkeinformatie.nl/Agenda/Index/8be38f3c-a56f-4382-97f1-9cfea1ffcc88","dc_title":"Raadscommissie Sociale Leefomgeving 2023-06-06 - Raadsvoorstel inzake: zienswijze begroting GGD ZL 2024","dc_type":"2c","dc_type_description":"Vergaderstuk decentrale overheid","foi_fairiscoreVersions":{"v1":2,"v2":2},"foi_files":[{"dc_format":"application/octet-stream","dc_identifier":"nl.gm1954.2c.2023.2834889-5.doc.20","dc_source":"https://api1.ibabs.eu/publicdownload.aspx?site=Beekdaelen&id=34928de8-3466-49cb-9918-c7369a6fff1f","dc_title":"B1 1e termijn","dc_type":"bijlage","foi_fileName":"B1%201e%20termijn.mp3","foi_nrPages":1},{"dc_format":"application/octet-stream","dc_identifier":"nl.gm1954.2c.2023.2834889-5.doc.22","dc_source":"https://api1.ibabs.eu/publicdownload.aspx?site=Beekdaelen&id=0ab4c348-817f-417e-b46c-9964cc22e25a","dc_title":"B1 2e termijn","dc_type":"bijlage","foi_fileName":"B1%202e%20termijn.mp3","foi_nrPages":1},{"dc_format":"application/octet-stream","dc_identifier":"nl.gm1954.2c.2023.2834889-5.doc.24","dc_source":"https://api1.ibabs.eu/publicdownload.aspx?site=Beekdaelen&id=edaca6d1-9e9f-4b53-829b-45bef4e753a5","dc_title":"B1 advies commissie","dc_type":"bijlage","foi_fileName":"B1%20advies%20commissie.mp3","foi_nrPages":1},{"dc_format":"application/octet-stream","dc_identifier":"nl.gm1954.2c.2023.2834889-5.doc.21","dc_source":"https://api1.ibabs.eu/publicdownload.aspx?site=Beekdaelen&id=30007667-5160-453f-b7e8-2a9316b8d01f","dc_title":"B1 beantwoording 1e termijn","dc_type":"bijlage","foi_fileName":"B1%20beantwoording%201e%20termijn.mp3","foi_nrPages":1},{"dc_format":"application/octet-stream","dc_identifier":"nl.gm1954.2c.2023.2834889-5.doc.23","dc_source":"https://api1.ibabs.eu/publicdownload.aspx?site=Beekdaelen&id=5e5cd0d2-61d0-4c89-93df-602f836e5fbb","dc_title":"B1 beantwoording 2e termijn","dc_type":"bijlage","foi_fileName":"B1%20beantwoording%202e%20termijn.mp3","foi_nrPages":1},{"dc_format":"application/pdf","dc_identifier":"nl.gm1954.2c.2023.2834889-5.doc.19","dc_source":"https://api1.ibabs.eu/publicdownload.aspx?site=Beekdaelen&id=59f81d5c-39af-4eee-98a2-6f8e85cb3a20","dc_title":"Bijlage MvA CDA B1 Afname extra producten Beekdaelen 2022","dc_type":"bijlage","foi_fairiscoreVersions":{"v1":1,"v2":1},"foi_fileName":"Bijlage%20MvA%20CDA%20B1%20Afname%20extra%20producten%20Beekdaelen%202022.pdf","foi_nrPages":1},{"dc_format":"application/pdf","dc_identifier":"nl.gm1954.2c.2023.2834889-5.doc.17","dc_source":"https://api1.ibabs.eu/publicdownload.aspx?site=Beekdaelen&id=e4490959-60a8-48c6-94ff-564c5b7e1593","dc_title":"MvA technische vragen BL B1","dc_type":"bijlage","foi_fairiscoreVersions":{"v1":1,"v2":1},"foi_fileName":"MvA%20technische%20vragen%20BL%20B1.pdf","foi_nrPages":1},{"dc_format":"application/pdf","dc_identifier":"nl.gm1954.2c.2023.2834889-5.doc.18","dc_source":"https://api1.ibabs.eu/publicdownload.aspx?site=Beekdaelen&id=d09a0e6b-014f-4018-a1e8-3e57b92e3de1","dc_title":"MvA technische vragen CDA B1","dc_type":"bijlage","foi_fairiscoreVersions":{"v1":1,"v2":1},"foi_fileName":"MvA%20technische%20vragen%20CDA%20B1.pdf","foi_nrPages":3},{"dc_format":"application/pdf","dc_identifier":"nl.gm1954.2c.2023.2834889-5.doc.16","dc_source":"https://api1.ibabs.eu/publicdownload.aspx?site=Beekdaelen&id=56eef31a-3c22-40cf-882e-c63c7dd1614b","dc_title":"MvA technische vragen VG B1","dc_type":"bijlage","foi_fairiscoreVersions":{"v1":1,"v2":1},"foi_fileName":"MvA%20technische%20vragen%20VG%20B1.pdf","foi_nrPages":2},{"dc_format":"application/pdf","dc_identifier":"nl.gm1954.2c.2023.2834889-5.doc.1","dc_source":"https://api1.ibabs.eu/publicdownload.aspx?site=Beekdaelen&id=d18b2926-f707-41a1-887b-04847720a3b5","dc_title":"Raadsvoorstel inzake begroting GGD ZL 2024","dc_type":"bijlage","foi_fairiscoreVersions":{"v1":1,"v2":1},"foi_fileName":"Z%2F23%2F189276%20-%20337280%20-%20Zienswijze%20begroting%20GGD%20ZL%202024.pdf","foi_nrPages":13},{"dc_format":"application/pdf","dc_identifier":"nl.gm1954.2c.2023.2834889-5.doc.2","dc_source":"https://api1.ibabs.eu/publicdownload.aspx?site=Beekdaelen&id=fc9b69c3-0bbe-4e11-87c4-0255cdb61a8e","dc_title":"Raadsbesluit inzake begroting GGD ZL 2024, vastgesteld raad 27062023","dc_type":"bijlage","foi_fairiscoreVersions":{"v1":1,"v2":1},"foi_fileName":"Z%2F23%2F189276%20-%20337282%20-%20zienswijze%20begroting%20GGD%20ZL%202024.pdf","foi_nrPages":1},{"dc_format":"application/pdf","dc_identifier":"nl.gm1954.2c.2023.2834889-5.doc.4","dc_source":"https://api1.ibabs.eu/publicdownload.aspx?site=Beekdaelen&id=0abe1f65-a2c9-4530-9f5e-458e6d4adeec","dc_title":"Bijlage 1 Aanbiedingsbrief GGD ZL Pro forma begroting 2024 en Meerjarenbeleidsplan 2024-2027","dc_type":"bijlage","foi_fairiscoreVersions":{"v1":1,"v2":1},"foi_fileName":"Z%2F23%2F189276%20-%20337284%20-%20Aanbiedingsbrief%20GGD%20ZL%20Pro%20forma%20begroting%202024%20en%20Meerjarenbeleidsplan%202024-2027.pdf","foi_nrPages":4},{"dc_format":"application/pdf","dc_identifier":"nl.gm1954.2c.2023.2834889-5.doc.5","dc_source":"https://api1.ibabs.eu/publicdownload.aspx?site=Beekdaelen&id=35a786b3-5e1e-484d-a024-54b779b0fd8c","dc_title":"Bijlage 2 Pro forma begroting 2024 GGD ZL","dc_type":"bijlage","foi_fairiscoreVersions":{"v1":2,"v2":1},"foi_fileName":"Z%2F23%2F189276%20-%20337286%20-%20Pro%20forma%20begroting%202024%20GGD%20ZL.pdf","foi_nrPages":35},{"dc_format":"application/pdf","dc_identifier":"nl.gm1954.2c.2023.2834889-5.doc.6","dc_source":"https://api1.ibabs.eu/publicdownload.aspx?site=Beekdaelen&id=529bf2d3-2aa0-4111-b8f9-774bc34b6e92","dc_title":"Bijlage 3 Meerjarenbeleidsplan 2024-2027 deel A","dc_type":"bijlage","foi_fairiscoreVersions":{"v1":2,"v2":2},"foi_fileName":"Z%2F23%2F189276%20-%20337288%20-%20Meerjarenbeleidsplan%202024-2027%20deel%20A.pdf","foi_nrPages":27},{"dc_format":"application/pdf","dc_identifier":"nl.gm1954.2c.2023.2834889-5.doc.7","dc_source":"https://api1.ibabs.eu/publicdownload.aspx?site=Beekdaelen&id=885cdc64-1e17-4f66-b29c-e0a0b311013e","dc_title":"Bijlage 4 Meerjarenbeleidsplan 2024-2027 deel B financi\u00eble doorkijk","dc_type":"bijlage","foi_fairiscoreVersions":{"v1":1,"v2":1},"foi_fileName":"Z%2F23%2F189276%20-%20337290%20-%20Meerjarenbeleidsplan%202024-2027%20deel%20B%20financi%C3%ABle%20doorkijk.pdf","foi_nrPages":21},{"dc_format":"application/pdf","dc_identifier":"nl.gm1954.2c.2023.2834889-5.doc.13","dc_source":"https://api1.ibabs.eu/publicdownload.aspx?site=Beekdaelen&id=1693ede1-e760-4654-8829-eba4207536e9","dc_title":"Bijlage 10 Jaarstukken GGD ZL 2022","dc_type":"bijlage","foi_fairiscoreVersions":{"v1":1,"v2":1},"foi_fileName":"Z%2F23%2F189276%20-%20337291%20-%20Jaarstukken%20GGD%20ZL%202022.pdf","foi_nrPages":1},{"dc_format":"application/pdf","dc_identifier":"nl.gm1954.2c.2023.2834889-5.doc.3","dc_source":"https://api1.ibabs.eu/publicdownload.aspx?site=Beekdaelen&id=f9f8ae53-e0b7-4466-acc0-48851afd81e9","dc_title":"Concept zienswijze over meerjarenbeleidsplan 2024-2027","dc_type":"bijlage","foi_fairiscoreVersions":{"v1":1,"v2":1},"foi_fileName":"Z%2F23%2F189276%20-%20337294%20-%20zienswijze%20over%20meerjarenbeleidsplan%202024-2027.pdf","foi_nrPages":1},{"dc_format":"application/pdf","dc_identifier":"nl.gm1954.2c.2023.2834889-5.doc.8","dc_source":"https://api1.ibabs.eu/publicdownload.aspx?site=Beekdaelen&id=603c6e7f-7882-468d-aed1-97787a46aadf","dc_title":"Bijlage 5 Bijdrage per gemeente 2024: Tabellen programma GGD","dc_type":"bijlage","foi_fairiscoreVersions":{"v1":1,"v2":1},"foi_fileName":"Z%2F23%2F189276%20-%20337347%20-%20Bijdrage%20per%20gemeente%202024%3A%20Tabellen%20programma%20GGD.pdf","foi_nrPages":1},{"dc_format":"application/pdf","dc_identifier":"nl.gm1954.2c.2023.2834889-5.doc.9","dc_source":"https://api1.ibabs.eu/publicdownload.aspx?site=Beekdaelen&id=c796a0c8-9161-42f9-b4d0-4aeea0e59e0a","dc_title":"Bijlage 6 Bijdrage per gemeente 2024: Tabellen GHOR","dc_type":"bijlage","foi_fairiscoreVersions":{"v1":1,"v2":1},"foi_fileName":"Z%2F23%2F189276%20-%20337348%20-%20Bijdrage%20per%20gemeente%202024%3A%20Tabellen%20GHOR.pdf","foi_nrPages":1},{"dc_format":"application/pdf","dc_identifier":"nl.gm1954.2c.2023.2834889-5.doc.10","dc_source":"https://api1.ibabs.eu/publicdownload.aspx?site=Beekdaelen&id=80d29c61-cf62-43d1-b13f-0901eee77904","dc_title":"Bijlage 7 Bijdrage per gemeente 2024: Tabellen programma JGZ","dc_type":"bijlage","foi_fairiscoreVersions":{"v1":1,"v2":1},"foi_fileName":"Z%2F23%2F189276%20-%20337349%20-%20Bijdrage%20per%20gemeente%202024%3A%20Tabellen%20programma%20JGZ.pdf","foi_nrPages":1},{"dc_format":"application/pdf","dc_identifier":"nl.gm1954.2c.2023.2834889-5.doc.11","dc_source":"https://api1.ibabs.eu/publicdownload.aspx?site=Beekdaelen&id=526cb461-8a98-49a6-8282-1205f467d476","dc_title":"Bijlage 8 Bijdrage per gemeente 2024: Tabellen VT","dc_type":"bijlage","foi_fairiscoreVersions":{"v1":1,"v2":1},"foi_fileName":"Z%2F23%2F189276%20-%20337350%20-%20Bijdrage%20per%20gemeente%202024%3A%20Tabellen%20VT.pdf","foi_nrPages":1},{"dc_format":"application/pdf","dc_identifier":"nl.gm1954.2c.2023.2834889-5.doc.12","dc_source":"https://api1.ibabs.eu/publicdownload.aspx?site=Beekdaelen&id=436ccf88-57dd-4b3a-aafd-6da484e00d49","dc_title":"Bijlage 9 Bijdrage per gemeente 2024: Tabellen voorschot RVP","dc_type":"bijlage","foi_fairiscoreVersions":{"v1":1,"v2":1},"foi_fileName":"Z%2F23%2F189276%20-%20337351%20-%20Bijdrage%20per%20gemeente%202024%3A%20Tabellen%20voorschot%20RVP.pdf","foi_nrPages":1},{"dc_format":"application/pdf","dc_identifier":"nl.gm1954.2c.2023.2834889-5.doc.15","dc_source":"https://api1.ibabs.eu/publicdownload.aspx?site=Beekdaelen&id=a32fc1c3-1ed7-45f9-985c-3cbe5df217f2","dc_title":"Bijlage 12 RIB meerjarenperspectief GGD ZL 2024-2027 10 okt 2022","dc_type":"bijlage","foi_fairiscoreVersions":{"v1":1,"v2":1},"foi_fileName":"Z%2F23%2F189276%20-%20337824%20-%20RIB%20meerjarenperspectief%20GGD%20ZL%202024-2027%2010%20okt%202022.pdf","foi_nrPages":3},{"dc_format":"application/pdf","dc_identifier":"nl.gm1954.2c.2023.2834889-5.doc.14","dc_source":"https://api1.ibabs.eu/publicdownload.aspx?site=Beekdaelen&id=f91de9cb-dd52-42f2-b684-874a659a40bd","dc_title":"Bijlage 11 MJB doorkijk 2024-2027 gemeentelijke bijdrage","dc_type":"bijlage","foi_fairiscoreVersions":{"v1":1,"v2":1},"foi_fileName":"Z%2F23%2F189276%20-%20337826%20-%20MJB%20doorkijk%202024-2027%20gemeentelijke%20bijdrage.pdf","foi_nrPages":1}],"foi_nrDocuments":24,"foi_nrPagesInDossier":124,"foi_publishedDate":"2023-06-06","foi_retrievedDate":"2025-11-29"},{"dc_creator":"HandelingScraper_v1","dc_date_year":2023,"dc_description":"Vergadering van de Gemeente Beekdaelen op 2023-06-06. Onderdeel: Raadsvoorstel inzake: GR Centrumregeling  opvang en beschermd wonen 2024.","dc_identifier":"nl.gm1954.2c.2023.2834889-6","dc_publisher":"gm1954","dc_source":"https://beekdaelen.bestuurlijkeinformatie.nl/Agenda/Index/8be38f3c-a56f-4382-97f1-9cfea1ffcc88","dc_title":"Raadscommissie Sociale Leefomgeving 2023-06-06 - Raadsvoorstel inzake: GR Centrumregeling  opvang en beschermd wonen 2024","dc_type":"2c","dc_type_description":"Vergaderstuk decentrale overheid","foi_fairiscoreVersions":{"v1":2,"v2":2},"foi_files":[{"dc_format":"application/octet-stream","dc_identifier":"nl.gm1954.2c.2023.2834889-6.doc.9","dc_source":"https://api1.ibabs.eu/publicdownload.aspx?site=Beekdaelen&id=1e2ba525-9978-4e68-91d7-aca14940dcc7","dc_title":"B2 1e termijn","dc_type":"bijlage","foi_fileName":"B2%201e%20termijn.mp3","foi_nrPages":1},{"dc_format":"application/octet-stream","dc_identifier":"nl.gm1954.2c.2023.2834889-6.doc.11","dc_source":"https://api1.ibabs.eu/publicdownload.aspx?site=Beekdaelen&id=7008f7c3-5d53-415e-982a-a3a691c58407","dc_title":"B2 2e termijn","dc_type":"bijlage","foi_fileName":"B2%202e%20termijn.mp3","foi_nrPages":1},{"dc_format":"application/octet-stream","dc_identifier":"nl.gm1954.2c.2023.2834889-6.doc.13","dc_source":"https://api1.ibabs.eu/publicdownload.aspx?site=Beekdaelen&id=26c77f55-9b02-4985-9f35-161d2035221d","dc_title":"B2 advies commissie","dc_type":"bijlage","foi_fileName":"B2%20advies%20commissie.mp3","foi_nrPages":1},{"dc_format":"application/octet-stream","dc_identifier":"nl.gm1954.2c.2023.2834889-6.doc.10","dc_source":"https://api1.ibabs.eu/publicdownload.aspx?site=Beekdaelen&id=2ac35516-27ba-412e-bb10-2678cf5306d2","dc_title":"B2 beantwoording 1e termijn","dc_type":"bijlage","foi_fileName":"B2%20beantwoording%201e%20termijn.mp3","foi_nrPages":1},{"dc_format":"application/octet-stream","dc_identifier":"nl.gm1954.2c.2023.2834889-6.doc.12","dc_source":"https://api1.ibabs.eu/publicdownload.aspx?site=Beekdaelen&id=78965867-1ea2-49cc-a182-d95e679942ce","dc_title":"B2 beantwoording 2e termijn","dc_type":"bijlage","foi_fileName":"B2%20beantwoording%202e%20termijn.mp3","foi_nrPages":1},{"dc_format":"application/pdf","dc_identifier":"nl.gm1954.2c.2023.2834889-6.doc.8","dc_source":"https://api1.ibabs.eu/publicdownload.aspx?site=Beekdaelen&id=ce32d580-d19e-430d-a5da-a435bad7cb04","dc_title":"memo Wetvoorstel woonplaatsbeginsel i.r.t. GR Centrumregeling beschermd wonen","dc_type":"bijlage","foi_fairiscoreVersions":{"v1":1,"v2":1},"foi_fileName":"memo%20Wetvoorstel%20woonplaatsbeginsel%20i.r.t.%20GR%20Centrumregeling%20beschermd%20wonen.pdf","foi_nrPages":2},{"dc_format":"application/pdf","dc_identifier":"nl.gm1954.2c.2023.2834889-6.doc.7","dc_source":"https://api1.ibabs.eu/publicdownload.aspx?site=Beekdaelen&id=96ac9a2a-5809-4b99-9957-c9893d11db21","dc_title":"MvA technische vragen CDA B2","dc_type":"bijlage","foi_fairiscoreVersions":{"v1":1,"v2":1},"foi_fileName":"MvA%20technische%20vragen%20CDA%20B2.pdf","foi_nrPages":1},{"dc_format":"application/pdf","dc_identifier":"nl.gm1954.2c.2023.2834889-6.doc.6","dc_source":"https://api1.ibabs.eu/publicdownload.aspx?site=Beekdaelen&id=fcfa8f91-47dd-4fab-9bca-f3117022c6c5","dc_title":"MvA technische vragen VG B2","dc_type":"bijlage","foi_fairiscoreVersions":{"v1":1,"v2":1},"foi_fileName":"MvA%20technische%20vragen%20VG%20B2.pdf","foi_nrPages":3},{"dc_format":"application/pdf","dc_identifier":"nl.gm1954.2c.2023.2834889-6.doc.5","dc_source":"https://api1.ibabs.eu/publicdownload.aspx?site=Beekdaelen&id=05bb3c38-8c94-411c-abd4-57fec1246754","dc_title":"MvA technische vragen VVD B2","dc_type":"bijlage","foi_fairiscoreVersions":{"v1":1,"v2":1},"foi_fileName":"MvA%20technische%20vragen%20VVD%20B2.pdf","foi_nrPages":2},{"dc_format":"application/pdf","dc_identifier":"nl.gm1954.2c.2023.2834889-6.doc.3","dc_source":"https://api1.ibabs.eu/publicdownload.aspx?site=Beekdaelen&id=949548c4-60bc-4492-a9fc-7facc36a4091","dc_title":"Bijlage: concept GR \"centrumregeling regionale samenwerking Parkstad opvang en beschermd wonen 2024\"","dc_type":"bijlage","foi_fairiscoreVersions":{"v1":2,"v2":1},"foi_fileName":"Z%2F23%2F188264%20-%20336884%20Centrumregeling%20regionale%20samenwerking%20Parkstad%20opvang%20en%20beschermd%20wonen%202024.pdf","foi_nrPages":7},{"dc_format":"application/pdf","dc_identifier":"nl.gm1954.2c.2023.2834889-6.doc.4","dc_source":"https://api1.ibabs.eu/publicdownload.aspx?site=Beekdaelen&id=7b70eca8-2c00-48e0-a193-907609d9b40a","dc_title":"Bijlage: VNG informatie m.b.t. indiening en behandeling van het wetvoorstel tot invoering  van het woonplaatsbeginsel BW.","dc_type":"bijlage","foi_fairiscoreVersions":{"v1":5,"v2":5},"foi_fileName":"Z%2F23%2F188264%20-%20336884%20VNG%20woonplaatsbeginsel%20aandachtspunt.pdf","foi_nrPages":2},{"dc_format":"application/pdf","dc_identifier":"nl.gm1954.2c.2023.2834889-6.doc.1","dc_source":"https://api1.ibabs.eu/publicdownload.aspx?site=Beekdaelen&id=d97201db-42e9-4fee-a3d6-dc34195f603d","dc_title":"Raadsvoorstel inzake GR \"Centrumregeling regionale samenwerking Parkstad opvang en beschermd wonen Wmo 2024\"","dc_type":"bijlage","foi_fairiscoreVersions":{"v1":1,"v2":1},"foi_fileName":"Z%2F23%2F188264%20-%20337059%20%20Raadsvoorstel%20Gemeenschappelijke%20regeling%20Centrumregeling%20regionale%20samenwerking%20Parkstad%20opvang%20en%20beschermd%20wonen%20Wmo%202024.pdf","foi_nrPages":5},{"dc_format":"application/pdf","dc_identifier":"nl.gm1954.2c.2023.2834889-6.doc.2","dc_source":"https://api1.ibabs.eu/publicdownload.aspx?site=Beekdaelen&id=059d4516-38f2-453c-8552-2cd1b21ca18f","dc_title":"Raadsbesluit inzake GR \"Centrumregeling regionale samenwerking Parkstad opvang en beschermd wonen Wmo 2024\", vastgesteld raad 27062023","dc_type":"bijlage","foi_fairiscoreVersions":{"v1":1,"v2":1},"foi_fileName":"Z%2F23%2F188264%20-%20337077%20Concept%20raadsbesluit%20Gemeenschappelijke%20regeling%20Centrumregeling%20regionale%20samenwerking%20Parkstad%20opvang%20en%20beschermd%20wonen%20Wmo%202024.pdf","foi_nrPages":1}],"foi_nrDocuments":13,"foi_nrPagesInDossier":28,"foi_publishedDate":"2023-06-06","foi_retrievedDate":"2025-12-06"},{"dc_creator":"HandelingScraper_v1","dc_date_year":2023,"dc_description":"Vergadering van de Gemeente Beekdaelen op 2023-06-06. Onderdeel: Raadsvoorstel inzake: GR Omnibuzz jaarverslag en jaarrekening 2022, begrotingswijziging 2023-2, conceptbegroting 2024 en mjp 2025-2027.","dc_identifier":"nl.gm1954.2c.2023.2834889-7","dc_publisher":"gm1954","dc_source":"https://beekdaelen.bestuurlijkeinformatie.nl/Agenda/Index/8be38f3c-a56f-4382-97f1-9cfea1ffcc88","dc_title":"Raadscommissie Sociale Leefomgeving 2023-06-06 - Raadsvoorstel inzake: GR Omnibuzz jaarverslag en jaarrekening 2022, begrotingswijziging 2023-2, conceptbegroting 2024 en mjp 2025-2027","dc_type":"2c","dc_type_description":"Vergaderstuk decentrale overheid","foi_fairiscoreVersions":{"v1":2,"v2":2},"foi_files":[{"dc_format":"application/octet-stream","dc_identifier":"nl.gm1954.2c.2023.2834889-7.doc.12","dc_source":"https://api1.ibabs.eu/publicdownload.aspx?site=Beekdaelen&id=31add1a8-2919-4d26-bdc1-3194359d6385","dc_title":"B3 1e termijn","dc_type":"bijlage","foi_fileName":"B3%201e%20termijn.mp3","foi_nrPages":1},{"dc_format":"application/octet-stream","dc_identifier":"nl.gm1954.2c.2023.2834889-7.doc.14","dc_source":"https://api1.ibabs.eu/publicdownload.aspx?site=Beekdaelen&id=032a76b0-8b14-49db-8d6c-acef5a00980c","dc_title":"B3 2e termijn (beantwoording n.v.t.)","dc_type":"bijlage","foi_fileName":"B3%202e%20termijn%20%28beantwoording%20n.v.t.%29.mp3","foi_nrPages":1},{"dc_format":"application/octet-stream","dc_identifier":"nl.gm1954.2c.2023.2834889-7.doc.15","dc_source":"https://api1.ibabs.eu/publicdownload.aspx?site=Beekdaelen&id=700b141c-5c62-4b91-9fe5-8838d50b863b","dc_title":"B3 advies commissie","dc_type":"bijlage","foi_fileName":"B3%20advies%20commissie.mp3","foi_nrPages":1},{"dc_format":"application/octet-stream","dc_identifier":"nl.gm1954.2c.2023.2834889-7.doc.13","dc_source":"https://api1.ibabs.eu/publicdownload.aspx?site=Beekdaelen&id=d030df6b-c27c-4e5a-bd1e-97c0a1d7b67b","dc_title":"B3 beantwoording 1e termijn","dc_type":"bijlage","foi_fileName":"B3%20beantwoording%201e%20termijn.mp3","foi_nrPages":1},{"dc_format":"application/pdf","dc_identifier":"nl.gm1954.2c.2023.2834889-7.doc.11","dc_source":"https://api1.ibabs.eu/publicdownload.aspx?site=Beekdaelen&id=91713a66-9b51-441c-9713-c03ffa944fb7","dc_title":"MvA technische vragen CDA B3","dc_type":"bijlage","foi_fairiscoreVersions":{"v1":1,"v2":1},"foi_fileName":"MvA%20technische%20vragen%20CDA%20B3.pdf","foi_nrPages":2},{"dc_format":"application/pdf","dc_identifier":"nl.gm1954.2c.2023.2834889-7.doc.10","dc_source":"https://api1.ibabs.eu/publicdownload.aspx?site=Beekdaelen&id=46a681cb-6ff4-4e5b-9904-7425d8ae778b","dc_title":"MvA technische vragen VG B3","dc_type":"bijlage","foi_fairiscoreVersions":{"v1":1,"v2":1},"foi_fileName":"MvA%20technische%20vragen%20VG%20B3.pdf","foi_nrPages":1},{"dc_format":"application/pdf","dc_identifier":"nl.gm1954.2c.2023.2834889-7.doc.3","dc_source":"https://api1.ibabs.eu/publicdownload.aspx?site=Beekdaelen&id=6dddb3b4-98c0-4b6e-9736-26a4364f9d6e","dc_title":"Bijlage: aanbiedingsbrief gemeenteraden begroting 2023-2 2024 Omnibuzz","dc_type":"bijlage","foi_fairiscoreVersions":{"v1":1,"v2":1},"foi_fileName":"Z%2F23%2F188321%20-%20335815%20Aanbiedingsbrief%20gemeenteraden%20begroting%202023-2%202024%20Omnibuzz.pdf","foi_nrPages":5},{"dc_format":"application/pdf","dc_identifier":"nl.gm1954.2c.2023.2834889-7.doc.6","dc_source":"https://api1.ibabs.eu/publicdownload.aspx?site=Beekdaelen&id=d43c3457-fba3-4c60-a2ef-6970f690e5b1","dc_title":"Bijlage: Begroting 2023-2 Omnibuzz","dc_type":"bijlage","foi_fairiscoreVersions":{"v1":2,"v2":2},"foi_fileName":"Z%2F23%2F188321%20-%20335815%20Begroting%202023-2%20Omnibuzz.pdf","foi_nrPages":54},{"dc_format":"application/pdf","dc_identifier":"nl.gm1954.2c.2023.2834889-7.doc.7","dc_source":"https://api1.ibabs.eu/publicdownload.aspx?site=Beekdaelen&id=a3f11c6b-943f-400d-8ff8-17bd5c5700fb","dc_title":"Bijlage: Begroting 2024 en mjp. 2025-2027 Omnibuzz","dc_type":"bijlage","foi_fairiscoreVersions":{"v1":2,"v2":2},"foi_fileName":"Z%2F23%2F188321%20-%20335815%20Begroting%202024%20en%20mjp.pdf","foi_nrPages":74},{"dc_format":"application/pdf","dc_identifier":"nl.gm1954.2c.2023.2834889-7.doc.5","dc_source":"https://api1.ibabs.eu/publicdownload.aspx?site=Beekdaelen&id=5b7fb231-644c-4cc2-ac98-401913cabbd8","dc_title":"Bijlage: Tabellen jaarverslag 2022 Omnibuzz","dc_type":"bijlage","foi_fairiscoreVersions":{"v1":2,"v2":2},"foi_fileName":"Z%2F23%2F188321%20-%20335815%20Bijlage%20tabellen%20jaarverslag%202022%20Omnibuzz.pdf","foi_nrPages":100},{"dc_format":"application/pdf","dc_identifier":"nl.gm1954.2c.2023.2834889-7.doc.4","dc_source":"https://api1.ibabs.eu/publicdownload.aspx?site=Beekdaelen&id=d500348a-1902-42fb-b0b5-459bd7900a12","dc_title":"Bijlage: Jaarverslag 2022 Omnibuzz","dc_type":"bijlage","foi_fairiscoreVersions":{"v1":2,"v2":2},"foi_fileName":"Z%2F23%2F188321%20-%20335815%20Jaarverslag%202022%20Omnibuzz.pdf","foi_nrPages":110},{"dc_format":"application/pdf","dc_identifier":"nl.gm1954.2c.2023.2834889-7.doc.8","dc_source":"https://api1.ibabs.eu/publicdownload.aspx?site=Beekdaelen&id=4e344714-0a84-4512-bdbe-5090621c1a6e","dc_title":"Bijlage: Uitgangspuntennotitie 2023-2, 2024 en mjp. Omnibuzz","dc_type":"bijlage","foi_fairiscoreVersions":{"v1":2,"v2":1},"foi_fileName":"Z%2F23%2F188321%20-%20335815%20Uitgangspuntennotitie%202023-2_%202024%20en%20mjp.pdf","foi_nrPages":11},{"dc_format":"application/pdf","dc_identifier":"nl.gm1954.2c.2023.2834889-7.doc.1","dc_source":"https://api1.ibabs.eu/publicdownload.aspx?site=Beekdaelen&id=f396bf17-47c6-4aa9-baff-a8a604dfe790","dc_title":"Raadsvoorstel \"Omnibuzz jaarrekening 2022, tweede begrotingswijziging 2023, begroting 2024 en MJR 2025-2027\"","dc_type":"bijlage","foi_fairiscoreVersions":{"v1":1,"v2":1},"foi_fileName":"Z%2F23%2F188321%20-%20336130%20Raadsvoorstel-%20Omnibuzz%20jaarrekening%202022_%20tweede%20begrotingswijziging%202023_%20begroting%202024%20en%20meerjarenbegroting%202025-2027.pdf","foi_nrPages":7},{"dc_format":"application/pdf","dc_identifier":"nl.gm1954.2c.2023.2834889-7.doc.2","dc_source":"https://api1.ibabs.eu/publicdownload.aspx?site=Beekdaelen&id=4b32d76f-d02a-4b82-932d-5380fc3b8ea6","dc_title":"Raadsbesluit Omnibuzz jaarverslag en jaarrekening 2022, begrotingswijziging 2023-2, begroting 2024 en MJR 2025-2027, vastgesteld raad 27062023","dc_type":"bijlage","foi_fairiscoreVersions":{"v1":1,"v2":1},"foi_fileName":"Z%2F23%2F188321%20-%20336364%20Raadsbesluit%20Omnibuzz%20jaarverslag%20en%20jaarrekening%202022_%20begrotingswijziging%202023-2_%20begroting%202024%20en%20meerjarenperspectief%202025-2027.pdf","foi_nrPages":1},{"dc_format":"application/pdf","dc_identifier":"nl.gm1954.2c.2023.2834889-7.doc.9","dc_source":"https://api1.ibabs.eu/publicdownload.aspx?site=Beekdaelen&id=ca2cb9f7-1632-4bde-8d65-a289d3d92379","dc_title":"Bijlage: Brief aan het dagelijks bestuur van Omnibuzz inzake de zienswijze","dc_type":"bijlage","foi_fairiscoreVersions":{"v1":1,"v2":1},"foi_fileName":"Z%2F23%2F188321%20-%20336366%20-%20Brief%20aan%20het%20dagelijks%20bestuur%20van%20Omnibuzz%20inz.%20instemmen%20met%20%20en%20geen%20ingediende%20zienswijze.pdf","foi_nrPages":1}],"foi_nrDocuments":15,"foi_nrPagesInDossier":370,"foi_publishedDate":"2023-06-06","foi_retrievedDate":"2025-11-29"},{"dc_creator":"HandelingScraper_v1","dc_date_year":2023,"dc_description":"Vergadering van de Gemeente Beekdaelen op 2023-06-06. Onderdeel: Raadsvoorstel inzake: visiedocument Toekomst van tennis in Beekdaelen.","dc_identifier":"nl.gm1954.2c.2023.2834889-8","dc_publisher":"gm1954","dc_source":"https://beekdaelen.bestuurlijkeinformatie.nl/Agenda/Index/8be38f3c-a56f-4382-97f1-9cfea1ffcc88","dc_title":"Raadscommissie Sociale Leefomgeving 2023-06-06 - Raadsvoorstel inzake: visiedocument Toekomst van tennis in Beekdaelen","dc_type":"2c","dc_type_description":"Vergaderstuk decentrale overheid","foi_fairiscoreVersions":{"v1":2,"v2":2},"foi_files":[{"dc_format":"application/pdf","dc_identifier":"nl.gm1954.2c.2023.2834889-8.doc.3","dc_source":"https://api1.ibabs.eu/publicdownload.aspx?site=Beekdaelen&id=ec339f0c-89ca-48fd-aaf7-bc01d4fed620","dc_title":"Bijlage 2:  advies KYBYS aan gemeente Beekdaelen","dc_type":"bijlage","foi_fairiscoreVersions":{"v1":1,"v2":1},"foi_fileName":"Adviesnotitie%20gemeente%20Beekdaelen.pdf","foi_nrPages":3},{"dc_format":"application/octet-stream","dc_identifier":"nl.gm1954.2c.2023.2834889-8.doc.9","dc_source":"https://api1.ibabs.eu/publicdownload.aspx?site=Beekdaelen&id=03966e9c-8450-484d-9a3a-7b4af6683ea7","dc_title":"B4 1e termijn","dc_type":"bijlage","foi_fileName":"B4%201e%20termijn.mp3","foi_nrPages":1},{"dc_format":"application/octet-stream","dc_identifier":"nl.gm1954.2c.2023.2834889-8.doc.11","dc_source":"https://api1.ibabs.eu/publicdownload.aspx?site=Beekdaelen&id=2fb10cb1-e22d-4bb2-b13d-9dab36554872","dc_title":"B4 2e termijn","dc_type":"bijlage","foi_fileName":"B4%202e%20termijn.mp3","foi_nrPages":1},{"dc_format":"application/octet-stream","dc_identifier":"nl.gm1954.2c.2023.2834889-8.doc.13","dc_source":"https://api1.ibabs.eu/publicdownload.aspx?site=Beekdaelen&id=2d242a47-8708-4167-9fb0-f3797745ddaf","dc_title":"B4 advies commissie","dc_type":"bijlage","foi_fileName":"B4%20advies%20commissie.mp3","foi_nrPages":1},{"dc_format":"application/octet-stream","dc_identifier":"nl.gm1954.2c.2023.2834889-8.doc.10","dc_source":"https://api1.ibabs.eu/publicdownload.aspx?site=Beekdaelen&id=45ad2c00-b472-486d-bfce-042cfdc9a8ac","dc_title":"B4 beantwoording 1e termijn","dc_type":"bijlage","foi_fileName":"B4%20beantwoording%201e%20termijn.mp3","foi_nrPages":1},{"dc_format":"application/octet-stream","dc_identifier":"nl.gm1954.2c.2023.2834889-8.doc.12","dc_source":"https://api1.ibabs.eu/publicdownload.aspx?site=Beekdaelen&id=a3bbe0d1-5bb1-443a-86da-c5278e5e4ed1","dc_title":"B4 beantwoording 2e termijn","dc_type":"bijlage","foi_fileName":"B4%20beantwoording%202e%20termijn.mp3","foi_nrPages":1},{"dc_format":"application/pdf","dc_identifier":"nl.gm1954.2c.2023.2834889-8.doc.8","dc_source":"https://api1.ibabs.eu/publicdownload.aspx?site=Beekdaelen&id=0bbcc5b1-38ae-470a-b633-6c99e2ddaf81","dc_title":"MvA technische vragen BL B4","dc_type":"bijlage","foi_fairiscoreVersions":{"v1":1,"v2":1},"foi_fileName":"MvA%20technische%20vragen%20BL%20B4.pdf","foi_nrPages":2},{"dc_format":"application/pdf","dc_identifier":"nl.gm1954.2c.2023.2834889-8.doc.7","dc_source":"https://api1.ibabs.eu/publicdownload.aspx?site=Beekdaelen&id=74ed8bc5-1a02-44ad-95e8-cbb6187a0785","dc_title":"MvA technische vragen CDA B4","dc_type":"bijlage","foi_fairiscoreVersions":{"v1":1,"v2":1},"foi_fileName":"MvA%20technische%20vragen%20CDA%20B4.pdf","foi_nrPages":1},{"dc_format":"application/pdf","dc_identifier":"nl.gm1954.2c.2023.2834889-8.doc.6","dc_source":"https://api1.ibabs.eu/publicdownload.aspx?site=Beekdaelen&id=352527ba-96dc-4357-be05-bd32c36a2d3c","dc_title":"MvA technische vragen Koll\u00e9e Rijkx B4","dc_type":"bijlage","foi_fairiscoreVersions":{"v1":1,"v2":1},"foi_fileName":"MvA%20technische%20vragen%20Koll%C3%A9e%20Rijkx%20B4.pdf","foi_nrPages":2},{"dc_format":"application/pdf","dc_identifier":"nl.gm1954.2c.2023.2834889-8.doc.5","dc_source":"https://api1.ibabs.eu/publicdownload.aspx?site=Beekdaelen&id=78711494-41a0-4acb-bdbd-636d2212289a","dc_title":"MvA technische vragen VG B4","dc_type":"bijlage","foi_fairiscoreVersions":{"v1":1,"v2":1},"foi_fileName":"MvA%20technische%20vragen%20VG%20B4.pdf","foi_nrPages":2},{"dc_format":"application/pdf","dc_identifier":"nl.gm1954.2c.2023.2834889-8.doc.4","dc_source":"https://api1.ibabs.eu/publicdownload.aspx?site=Beekdaelen&id=25ab6295-3ca3-45a0-853d-cbf1581f3e06","dc_title":"Bijlage 3: concept raadsbesluit Visiedocument Toekomst van tennis in Beekdaelen","dc_type":"bijlage","foi_fairiscoreVersions":{"v1":1,"v2":1},"foi_fileName":"Raadsbesluit%20-%20337269%20-%20Visiedocument%20Toekomst%20van%20tennis%20in%20Beekdaelen.pdf","foi_nrPages":1},{"dc_format":"application/pdf","dc_identifier":"nl.gm1954.2c.2023.2834889-8.doc.1","dc_source":"https://api1.ibabs.eu/publicdownload.aspx?site=Beekdaelen&id=d1e9b29a-d8d0-4737-929b-624e07590be0","dc_title":"Raadsvoorstel Visiedocument Toekomst van tennis in Beekdaelen","dc_type":"bijlage","foi_fairiscoreVersions":{"v1":1,"v2":1},"foi_fileName":"Raadsvoorstel%20-%20337268%20-%20Visiedocument%20Toekomst%20van%20tennis%20in%20Beekdaelen.pdf","foi_nrPages":3},{"dc_format":"application/pdf","dc_identifier":"nl.gm1954.2c.2023.2834889-8.doc.2","dc_source":"https://api1.ibabs.eu/publicdownload.aspx?site=Beekdaelen&id=e1fbaf8a-1baa-48d1-977e-b6c348358063","dc_title":"Bijlage 1: visiedocument Toekomst van tennis in Beekdaelen.pdf","dc_type":"bijlage","foi_fairiscoreVersions":{"v1":2,"v2":2},"foi_fileName":"Visiedocument%20Toekomst%20van%20tennis%20in%20Beekdaelen.pdf","foi_nrPages":9}],"foi_nrDocuments":13,"foi_nrPagesInDossier":28,"foi_publishedDate":"2023-06-06","foi_retrievedDate":"2025-11-29"},{"dc_creator":"HandelingScraper_v1","dc_date_year":2023,"dc_description":"Vergadering van de Gemeente Beekdaelen op 2023-06-06. Onderdeel: Rondvraag Sociale Leefomgeving.","dc_identifier":"nl.gm1954.2c.2023.2834889-9","dc_publisher":"gm1954","dc_source":"https://beekdaelen.bestuurlijkeinformatie.nl/Agenda/Index/8be38f3c-a56f-4382-97f1-9cfea1ffcc88","dc_title":"Raadscommissie Sociale Leefomgeving 2023-06-06 - Rondvraag Sociale Leefomgeving","dc_type":"2c","dc_type_description":"Vergaderstuk decentrale overheid","foi_fairiscoreVersions":{"v1":1,"v2":1},"foi_files":[{"dc_format":"application/pdf","dc_identifier":"nl.gm1954.2c.2023.2834889-9.doc.5","dc_source":"https://api1.ibabs.eu/publicdownload.aspx?site=Beekdaelen&id=b3715dd5-c4cd-43f7-85bd-7831cd8cfd32","dc_title":"Beantwoording vraag GroenLinks bij rondvraag inzake energiecompensatie","dc_type":"bijlage","foi_fairiscoreVersions":{"v1":1,"v2":1},"foi_fileName":"Beantwoording%20vraag%20GroenLinks%20bij%20rondvraag%20inzake%20energiecompensatie.pdf","foi_nrPages":1},{"dc_format":"application/octet-stream","dc_identifier":"nl.gm1954.2c.2023.2834889-9.doc.6","dc_source":"https://api1.ibabs.eu/publicdownload.aspx?site=Beekdaelen&id=52be0350-9360-45e0-bf7f-dfc8d6d2dd15","dc_title":"C Rondvraag (I)","dc_type":"bijlage","foi_fileName":"C%20Rondvraag%20%28I%29.mp3","foi_nrPages":1},{"dc_format":"application/octet-stream","dc_identifier":"nl.gm1954.2c.2023.2834889-9.doc.7","dc_source":"https://api1.ibabs.eu/publicdownload.aspx?site=Beekdaelen&id=a182dcf0-0ed4-4e70-908c-883c7f499b24","dc_title":"C Rondvraag (II)","dc_type":"bijlage","foi_fileName":"C%20Rondvraag%20%28II%29.mp3","foi_nrPages":1},{"dc_format":"application/octet-stream","dc_identifier":"nl.gm1954.2c.2023.2834889-9.doc.8","dc_source":"https://api1.ibabs.eu/publicdownload.aspx?site=Beekdaelen&id=bde542ad-baae-43ad-8a18-e6e6a8ca6fec","dc_title":"C Rondvraag (kwartiermaker bibliotheekbeleid)","dc_type":"bijlage","foi_fileName":"C%20Rondvraag%20%28kwartiermaker%20bibliotheekbeleid%29.mp3","foi_nrPages":1},{"dc_format":"application/pdf","dc_identifier":"nl.gm1954.2c.2023.2834889-9.doc.2","dc_source":"https://api1.ibabs.eu/publicdownload.aspx?site=Beekdaelen&id=6423ca65-1da1-4626-8546-b8cd60fbb6a1","dc_title":"MvA technische vragen VG C rondvraag Wensbus","dc_type":"bijlage","foi_fairiscoreVersions":{"v1":1,"v2":1},"foi_fileName":"MvA%20technische%20vragen%20VG%20C%20rondvraag%20Wensbus.pdf","foi_nrPages":2},{"dc_format":"application/pdf","dc_identifier":"nl.gm1954.2c.2023.2834889-9.doc.3","dc_source":"https://api1.ibabs.eu/publicdownload.aspx?site=Beekdaelen&id=8a119e0d-e10e-4b08-81e6-64f8f6b2fd9a","dc_title":"RONDVRAAG van fractie PvdA voor cie SLO 060602023","dc_type":"bijlage","foi_fairiscoreVersions":{"v1":1,"v2":1},"foi_fileName":"RONDVRAAG%20PvdA%20cie%20SLO%20060602023.pdf","foi_nrPages":1},{"dc_format":"application/pdf","dc_identifier":"nl.gm1954.2c.2023.2834889-9.doc.1","dc_source":"https://api1.ibabs.eu/publicdownload.aspx?site=Beekdaelen&id=94ede37d-a2b8-40be-bef4-18d885b25cc8","dc_title":"RONDVRAAG van fractie VG voor cie SLO 06062023","dc_type":"bijlage","foi_fairiscoreVersions":{"v1":1,"v2":1},"foi_fileName":"RONDVRAAG%20van%20fractie%20VG%20voor%20cie%20SLO%2006062023.pdf","foi_nrPages":1},{"dc_format":"application/pdf","dc_identifier":"nl.gm1954.2c.2023.2834889-9.doc.4","dc_source":"https://api1.ibabs.eu/publicdownload.aspx?site=Beekdaelen&id=de499c5b-3207-4856-8225-933aae21b13b","dc_title":"Antwoord op rondvraag PvdA (Steunen motie gemeente Losser)","dc_type":"bijlage","foi_fairiscoreVersions":{"v1":1,"v2":1},"foi_fileName":"Steunen%20motie%20gemeente%20Losser.pdf","foi_nrPages":2}],"foi_nrDocuments":8,"foi_nrPagesInDossier":10,"foi_publishedDate":"2023-06-06","foi_retrievedDate":"2025-11-29"},{"dc_creator":"HandelingScraper_v1","dc_date_year":2023,"dc_description":"Vergadering van de Gemeente Beekdaelen op 2023-06-07. Onderdeel: Algemeen.","dc_identifier":"nl.gm1954.2c.2023.2834986-1","dc_publisher":"gm1954","dc_source":"https://beekdaelen.bestuurlijkeinformatie.nl/Agenda/Index/b5456fd3-a01f-4bb5-8505-4ab9bf8b3aa9","dc_title":"Raadscommissie Bestuur en Middelen 2023-06-07 - Algemeen","dc_type":"2c","dc_type_description":"Vergaderstuk decentrale overheid","foi_fairiscoreVersions":{"v1":1,"v2":1},"foi_files":[{"dc_format":"application/pdf","dc_identifier":"nl.gm1954.2c.2023.2834986-1.doc.3","dc_source":"https://api1.ibabs.eu/publicdownload.aspx?site=Beekdaelen&id=562d8f58-cc8a-4b13-bb7d-69d211d5f263","dc_title":"Technische vragen BL B&M juni 2023","dc_type":"bijlage","foi_fairiscoreVersions":{"v1":1,"v2":1},"foi_fileName":"Technische%20vragen%20BL%20B%26M%20juni%202023.pdf","foi_nrPages":1},{"dc_format":"application/pdf","dc_identifier":"nl.gm1954.2c.2023.2834986-1.doc.1","dc_source":"https://api1.ibabs.eu/publicdownload.aspx?site=Beekdaelen&id=fc19579d-7b98-4af1-a7d2-ea3b942fd490","dc_title":"Technische vragen CDA B&M juni 2023","dc_type":"bijlage","foi_fairiscoreVersions":{"v1":1,"v2":1},"foi_fileName":"Technische%20vragen%20CDA%20B%26M%20juni%202023.pdf","foi_nrPages":1},{"dc_format":"application/pdf","dc_identifier":"nl.gm1954.2c.2023.2834986-1.doc.4","dc_source":"https://api1.ibabs.eu/publicdownload.aspx?site=Beekdaelen&id=d713377f-be47-4be8-960e-ba27fb1665a8","dc_title":"Technische vragen GL B&M juni 2023","dc_type":"bijlage","foi_fairiscoreVersions":{"v1":1,"v2":1},"foi_fileName":"Technische%20vragen%20GL%20B%26M%20juni%202023.pdf","foi_nrPages":1},{"dc_format":"application/pdf","dc_identifier":"nl.gm1954.2c.2023.2834986-1.doc.5","dc_source":"https://api1.ibabs.eu/publicdownload.aspx?site=Beekdaelen&id=fe2a1044-eb06-4b79-99ac-43d46a35dcbf","dc_title":"Technische vragen Koll\u00e9e Rijkx B&M juni 2023","dc_type":"bijlage","foi_fairiscoreVersions":{"v1":1,"v2":1},"foi_fileName":"Technische%20vragen%20Koll%C3%A9e%20Rijkx%20B%26M%20juni%202023.pdf","foi_nrPages":1},{"dc_format":"application/pdf","dc_identifier":"nl.gm1954.2c.2023.2834986-1.doc.2","dc_source":"https://api1.ibabs.eu/publicdownload.aspx?site=Beekdaelen&id=0f9357ff-c8fa-429a-8483-45e5cb8cfb9b","dc_title":"Technische vragen VG B&M juni 2023","dc_type":"bijlage","foi_fairiscoreVersions":{"v1":1,"v2":1},"foi_fileName":"Technische%20vragen%20VG%20B%26M%20juni%202023.pdf","foi_nrPages":1}],"foi_nrDocuments":5,"foi_nrPagesInDossier":5,"foi_publishedDate":"2023-06-07","foi_retrievedDate":"2025-11-29"},{"dc_creator":"HandelingScraper_v1","dc_date_year":2023,"dc_description":"Vergadering van de Gemeente Beekdaelen op 2023-06-07. Onderdeel: Rondvraag Bestuur en Middelen.","dc_identifier":"nl.gm1954.2c.2023.2834986-10","dc_publisher":"gm1954","dc_source":"https://beekdaelen.bestuurlijkeinformatie.nl/Agenda/Index/b5456fd3-a01f-4bb5-8505-4ab9bf8b3aa9","dc_title":"Raadscommissie Bestuur en Middelen 2023-06-07 - Rondvraag Bestuur en Middelen","dc_type":"2c","dc_type_description":"Vergaderstuk decentrale overheid","foi_fairiscoreVersions":{"v1":1,"v2":1},"foi_files":[{"dc_format":"application/octet-stream","dc_identifier":"nl.gm1954.2c.2023.2834986-10.doc.2","dc_source":"https://api1.ibabs.eu/publicdownload.aspx?site=Beekdaelen&id=e6c3cf32-ab75-465f-88bc-1e29f66b6438","dc_title":"C Rondvraag I","dc_type":"bijlage","foi_fileName":"C%20Rondvraag%20I.mp3"},{"dc_format":"application/pdf","dc_identifier":"nl.gm1954.2c.2023.2834986-10.doc.1","dc_source":"https://api1.ibabs.eu/publicdownload.aspx?site=Beekdaelen&id=e281b809-f9e1-4e18-9979-715fdc36a9ac","dc_title":"Technische vragen VG B&M RONDVRAAG juni 2023","dc_type":"bijlage","foi_fairiscoreVersions":{"v1":1,"v2":1},"foi_fileName":"Technische%20vragen%20VG%20B%26M%20RONDVRAAG%20juni%202023.pdf","foi_nrPages":1}],"foi_nrDocuments":2,"foi_nrPagesInDossier":1,"foi_publishedDate":"2023-06-07","foi_retrievedDate":"2025-12-03"},{"dc_creator":"HandelingScraper_v1","dc_date_year":2023,"dc_description":"Vergadering van de Gemeente Beekdaelen op 2023-06-07. Onderdeel: Opening, mededelingen voorzitter en vaststellen agenda..","dc_identifier":"nl.gm1954.2c.2023.2834986-2","dc_publisher":"gm1954","dc_source":"https://beekdaelen.bestuurlijkeinformatie.nl/Agenda/Index/b5456fd3-a01f-4bb5-8505-4ab9bf8b3aa9","dc_title":"Raadscommissie Bestuur en Middelen 2023-06-07 - Opening, mededelingen voorzitter en vaststellen agenda.","dc_type":"2c","dc_type_description":"Vergaderstuk decentrale overheid","foi_fairiscoreVersions":{"v1":1,"v2":1},"foi_files":[{"dc_format":"application/octet-stream","dc_identifier":"nl.gm1954.2c.2023.2834986-2.doc.3","dc_source":"https://api1.ibabs.eu/publicdownload.aspx?site=Beekdaelen&id=b2e3ed70-9614-4c82-8485-612b37ff1307","dc_title":"A1 tm A3","dc_type":"bijlage","foi_fileName":"A1%20tm%20A3.mp3","foi_nrPages":1},{"dc_format":"application/pdf","dc_identifier":"nl.gm1954.2c.2023.2834986-2.doc.2","dc_source":"https://api1.ibabs.eu/publicdownload.aspx?site=Beekdaelen&id=d1cf9307-d0c6-4ff8-9f4c-a8affe5d4c85","dc_title":"Aangepaste Vastgestelde agenda cie. B&M 07.06.2023","dc_type":"bijlage","foi_fairiscoreVersions":{"v1":1,"v2":1},"foi_fileName":"Aangepaste%20Vastgestelde%20agenda%20cie.%20B%26M%2007.06.pdf","foi_nrPages":1},{"dc_format":"application/pdf","dc_identifier":"nl.gm1954.2c.2023.2834986-2.doc.1","dc_source":"https://api1.ibabs.eu/publicdownload.aspx?site=Beekdaelen&id=34ba950f-ade6-4102-b803-c9289e64bd46","dc_title":"Uitnodiging en voorlopige agenda cie. B&M 07.06.2023","dc_type":"bijlage","foi_fairiscoreVersions":{"v1":1,"v2":1},"foi_fileName":"Uitnodiging%20en%20voorlopige%20agenda%20cie.%20B%26M%2007.06.2023.pdf","foi_nrPages":2}],"foi_nrDocuments":3,"foi_nrPagesInDossier":4,"foi_publishedDate":"2023-06-07","foi_retrievedDate":"2025-11-29"},{"dc_creator":"HandelingScraper_v1","dc_date_year":2023,"dc_description":"Vergadering van de Gemeente Beekdaelen op 2023-06-07. Onderdeel: Spreekrecht burgers..","dc_identifier":"nl.gm1954.2c.2023.2834986-3","dc_publisher":"gm1954","dc_source":"https://beekdaelen.bestuurlijkeinformatie.nl/Agenda/Index/b5456fd3-a01f-4bb5-8505-4ab9bf8b3aa9","dc_title":"Raadscommissie Bestuur en Middelen 2023-06-07 - Spreekrecht burgers.","dc_type":"2c","dc_type_description":"Vergaderstuk decentrale overheid","foi_fairiscoreVersions":{"v1":null,"v2":null},"foi_files":[{"dc_format":"application/octet-stream","dc_identifier":"nl.gm1954.2c.2023.2834986-3.doc.1","dc_source":"https://api1.ibabs.eu/publicdownload.aspx?site=Beekdaelen&id=48dfb65a-4768-4a2c-a542-547a7b1f511c","dc_title":"A1 tm A3","dc_type":"bijlage","foi_fileName":"A1%20tm%20A3.mp3","foi_nrPages":1}],"foi_nrDocuments":1,"foi_nrPagesInDossier":1,"foi_publishedDate":"2023-06-07","foi_retrievedDate":"2025-11-29"},{"dc_creator":"HandelingScraper_v1","dc_date_year":2023,"dc_description":"Vergadering van de Gemeente Beekdaelen op 2023-06-07. Onderdeel: Vaststellen actiepuntenlijst van de raadscommissie Bestuur en Middelen d.d. 10 mei 2023.","dc_identifier":"nl.gm1954.2c.2023.2834986-4","dc_publisher":"gm1954","dc_source":"https://beekdaelen.bestuurlijkeinformatie.nl/Agenda/Index/b5456fd3-a01f-4bb5-8505-4ab9bf8b3aa9","dc_title":"Raadscommissie Bestuur en Middelen 2023-06-07 - Vaststellen actiepuntenlijst van de raadscommissie Bestuur en Middelen d.d. 10 mei 2023","dc_type":"2c","dc_type_description":"Vergaderstuk decentrale overheid","foi_fairiscoreVersions":{"v1":1,"v2":1},"foi_files":[{"dc_format":"application/octet-stream","dc_identifier":"nl.gm1954.2c.2023.2834986-4.doc.2","dc_source":"https://api1.ibabs.eu/publicdownload.aspx?site=Beekdaelen&id=11ba263d-19ff-45de-8a16-b5a86986447c","dc_title":"A1 tm A3","dc_type":"bijlage","foi_fileName":"A1%20tm%20A3.mp3","foi_nrPages":1},{"dc_format":"application/pdf","dc_identifier":"nl.gm1954.2c.2023.2834986-4.doc.1","dc_source":"https://api1.ibabs.eu/publicdownload.aspx?site=Beekdaelen&id=0ec02789-25c1-4071-8569-97542e28791a","dc_title":"Actiepuntenlijst cie B&M 10052023- vastgesteld 07.06.2023","dc_type":"bijlage","foi_fairiscoreVersions":{"v1":1,"v2":1},"foi_fileName":"Actiepuntenlijst%20cie%20B%26M%2010052023%20%28kopie%20uit%20Decos%29.pdf","foi_nrPages":4}],"foi_nrDocuments":2,"foi_nrPagesInDossier":5,"foi_publishedDate":"2023-06-07","foi_retrievedDate":"2025-11-29"},{"dc_creator":"HandelingScraper_v1","dc_date_year":2023,"dc_description":"Vergadering van de Gemeente Beekdaelen op 2023-06-07. Onderdeel: Voorstel inzake: \"jaarrekening 2022 en begroting 2023, 2024 - 2027 GR  Gegevenshuis\".","dc_identifier":"nl.gm1954.2c.2023.2834986-5","dc_publisher":"gm1954","dc_source":"https://beekdaelen.bestuurlijkeinformatie.nl/Agenda/Index/b5456fd3-a01f-4bb5-8505-4ab9bf8b3aa9","dc_title":"Raadscommissie Bestuur en Middelen 2023-06-07 - Voorstel inzake: \"jaarrekening 2022 en begroting 2023, 2024 - 2027 GR  Gegevenshuis\"","dc_type":"2c","dc_type_description":"Vergaderstuk decentrale overheid","foi_fairiscoreVersions":{"v1":2,"v2":2},"foi_files":[{"dc_format":"application/pdf","dc_identifier":"nl.gm1954.2c.2023.2834986-5.doc.6","dc_source":"https://api1.ibabs.eu/publicdownload.aspx?site=Beekdaelen&id=c150f6cb-b542-4fbe-99a2-91f88da6d506","dc_title":"Raadsbesluit inzake bijgestelde begroting 2023 en begroting 2024 met meerjarenperspectief GR Gegevenshuis, vastgesteld raad 27062023","dc_type":"bijlage","foi_fairiscoreVersions":{"v1":1,"v2":1},"foi_fileName":"334411.pdf","foi_nrPages":1},{"dc_format":"application/octet-stream","dc_identifier":"nl.gm1954.2c.2023.2834986-5.doc.9","dc_source":"https://api1.ibabs.eu/publicdownload.aspx?site=Beekdaelen&id=151d207b-0df5-43d8-b6ff-4caa2c35d654","dc_title":"B1 1e termijn","dc_type":"bijlage","foi_fileName":"B1%201e%20termijn.mp3","foi_nrPages":1},{"dc_format":"application/octet-stream","dc_identifier":"nl.gm1954.2c.2023.2834986-5.doc.12","dc_source":"https://api1.ibabs.eu/publicdownload.aspx?site=Beekdaelen&id=5540e0b1-83f7-4cbc-b2dc-45a2e719196c","dc_title":"B1 Advies commissie","dc_type":"bijlage","foi_fileName":"B1%20Advies%20commissie.mp3","foi_nrPages":1},{"dc_format":"application/octet-stream","dc_identifier":"nl.gm1954.2c.2023.2834986-5.doc.10","dc_source":"https://api1.ibabs.eu/publicdownload.aspx?site=Beekdaelen&id=b52f7b33-d5ea-4615-8544-a2b2e3d3d633","dc_title":"B1 beantwoording 1e termijn I","dc_type":"bijlage","foi_fileName":"B1%20beantwoording%201e%20termijn%20I.mp3","foi_nrPages":1},{"dc_format":"application/octet-stream","dc_identifier":"nl.gm1954.2c.2023.2834986-5.doc.11","dc_source":"https://api1.ibabs.eu/publicdownload.aspx?site=Beekdaelen&id=ef96d93c-63cf-4b00-818a-19027aa8eb38","dc_title":"B1 beantwoording 1e termijn II","dc_type":"bijlage","foi_fileName":"B1%20beantwoording%201e%20termijn%20II.mp3","foi_nrPages":1},{"dc_format":"application/pdf","dc_identifier":"nl.gm1954.2c.2023.2834986-5.doc.8","dc_source":"https://api1.ibabs.eu/publicdownload.aspx?site=Beekdaelen&id=019073ce-61d1-4ba3-adf8-0a7dad3b8c80","dc_title":"MvA technische vragen CDA B1","dc_type":"bijlage","foi_fairiscoreVersions":{"v1":1,"v2":1},"foi_fileName":"MvA%20technische%20vragen%20CDA%20B1.pdf","foi_nrPages":3},{"dc_format":"application/pdf","dc_identifier":"nl.gm1954.2c.2023.2834986-5.doc.7","dc_source":"https://api1.ibabs.eu/publicdownload.aspx?site=Beekdaelen&id=7bd7dc08-aa46-4af0-9424-83765ef4a435","dc_title":"MvA technische vragen VG B1","dc_type":"bijlage","foi_fairiscoreVersions":{"v1":1,"v2":1},"foi_fileName":"MvA%20technische%20vragen%20VG%20B1.pdf","foi_nrPages":2},{"dc_format":"application/pdf","dc_identifier":"nl.gm1954.2c.2023.2834986-5.doc.1","dc_source":"https://api1.ibabs.eu/publicdownload.aspx?site=Beekdaelen&id=7e748385-bdab-4b38-90af-7bbf58365354","dc_title":"Raadsvoorstel inzake bijgestelde begroting 2023 en begroting 2024 met meerjarenperspectief GR Gegevenshuis","dc_type":"bijlage","foi_fairiscoreVersions":{"v1":1,"v2":1},"foi_fileName":"Raadsvoorstel%20jaarrekening%202022%20en%20begroting%202023_%202024%20-%202027%20GR%20Gegevenshuis.pdf","foi_nrPages":5},{"dc_format":"application/pdf","dc_identifier":"nl.gm1954.2c.2023.2834986-5.doc.2","dc_source":"https://api1.ibabs.eu/publicdownload.aspx?site=Beekdaelen&id=e071263a-f7f5-4331-9a63-0fd0a2949d06","dc_title":"Bijlage: Jaarrekening 2022 versie 2.0","dc_type":"bijlage","foi_fairiscoreVersions":{"v1":2,"v2":1},"foi_fileName":"Z%2F23%2F188082%20-%20334410%20-%20%201.%20Jaarrekening%202022%20versie%202.pdf","foi_nrPages":36},{"dc_format":"application/pdf","dc_identifier":"nl.gm1954.2c.2023.2834986-5.doc.3","dc_source":"https://api1.ibabs.eu/publicdownload.aspx?site=Beekdaelen&id=00fe4d92-65c9-4d1a-bcf4-dde7959e9e87","dc_title":"Bijlage: Bijgestelde begroting 2023 versie 2.0","dc_type":"bijlage","foi_fairiscoreVersions":{"v1":2,"v2":1},"foi_fileName":"Z%2F23%2F188082%20-%20334410%20-%202.%20Bijgestelde%20begroting%202023%20versie%202.pdf","foi_nrPages":36},{"dc_format":"application/pdf","dc_identifier":"nl.gm1954.2c.2023.2834986-5.doc.4","dc_source":"https://api1.ibabs.eu/publicdownload.aspx?site=Beekdaelen&id=abeeb9b7-077d-4962-92aa-be7dddc427ff","dc_title":"Bijlage: Begroting 2024 - meerjarenraming versie 2.0","dc_type":"bijlage","foi_fairiscoreVersions":{"v1":1,"v2":1},"foi_fileName":"Z%2F23%2F188082%20-%20334410%20-%203.%20Begroting%202024%20-%20meerjarenraming%20versie%202.pdf","foi_nrPages":36},{"dc_format":"application/pdf","dc_identifier":"nl.gm1954.2c.2023.2834986-5.doc.5","dc_source":"https://api1.ibabs.eu/publicdownload.aspx?site=Beekdaelen&id=f9998c77-7a33-408b-8584-a31b38f3bdd3","dc_title":"Bijlage: Aanbiedingsbrief Gegevenshuis","dc_type":"bijlage","foi_fairiscoreVersions":{"v1":2,"v2":2},"foi_fileName":"Z%2F23%2F188082%20-%20334410%20-%204.pdf","foi_nrPages":1}],"foi_nrDocuments":12,"foi_nrPagesInDossier":124,"foi_publishedDate":"2023-06-07","foi_retrievedDate":"2025-11-29"},{"dc_creator":"HandelingScraper_v1","dc_date_year":2023,"dc_description":"Vergadering van de Gemeente Beekdaelen op 2023-06-07. Onderdeel: Voorstel inzake: \"jaarstukken 2022 en Begroting 2024 door VRZL en MCC\".","dc_identifier":"nl.gm1954.2c.2023.2834986-6","dc_publisher":"gm1954","dc_source":"https://beekdaelen.bestuurlijkeinformatie.nl/Agenda/Index/b5456fd3-a01f-4bb5-8505-4ab9bf8b3aa9","dc_title":"Raadscommissie Bestuur en Middelen 2023-06-07 - Voorstel inzake: \"jaarstukken 2022 en Begroting 2024 door VRZL en MCC\"","dc_type":"2c","dc_type_description":"Vergaderstuk decentrale overheid","foi_fairiscoreVersions":{"v1":2,"v2":2},"foi_files":[{"dc_format":"application/pdf","dc_identifier":"nl.gm1954.2c.2023.2834986-6.doc.9","dc_source":"https://api1.ibabs.eu/publicdownload.aspx?site=Beekdaelen&id=3a2d4511-42c3-4062-8960-06246aab7b3e","dc_title":"Raadsbesluit inzake zienswijze Jaarstukken en Begroting 2024 VRZL en MCC, vastgesteld raad 27062023","dc_type":"bijlage","foi_fairiscoreVersions":{"v1":1,"v2":1},"foi_fileName":"337800_1.pdf","foi_nrPages":1},{"dc_format":"application/octet-stream","dc_identifier":"nl.gm1954.2c.2023.2834986-6.doc.12","dc_source":"https://api1.ibabs.eu/publicdownload.aspx?site=Beekdaelen&id=b2ee8ade-1e1f-4f13-a905-59398e903961","dc_title":"B2 1e termijn","dc_type":"bijlage","foi_fileName":"B2%201e%20termijn.mp3","foi_nrPages":1},{"dc_format":"application/octet-stream","dc_identifier":"nl.gm1954.2c.2023.2834986-6.doc.14","dc_source":"https://api1.ibabs.eu/publicdownload.aspx?site=Beekdaelen&id=8f4fc2b7-dbfd-4527-babc-24282601d796","dc_title":"B2 2e termijn inc. beantwoording","dc_type":"bijlage","foi_fileName":"B2%202e%20termijn%20inc.%20beantwoording.mp3","foi_nrPages":1},{"dc_format":"application/octet-stream","dc_identifier":"nl.gm1954.2c.2023.2834986-6.doc.15","dc_source":"https://api1.ibabs.eu/publicdownload.aspx?site=Beekdaelen&id=2a862c41-5112-4e4e-ba3b-464c3ea68cb3","dc_title":"B2 Advies commissie","dc_type":"bijlage","foi_fileName":"B2%20Advies%20commissie.mp3","foi_nrPages":1},{"dc_format":"application/octet-stream","dc_identifier":"nl.gm1954.2c.2023.2834986-6.doc.13","dc_source":"https://api1.ibabs.eu/publicdownload.aspx?site=Beekdaelen&id=dd4fcabf-4caf-49ba-a5a2-fcbee098a6ac","dc_title":"B2 beantwoording 1e termijn","dc_type":"bijlage","foi_fileName":"B2%20beantwoording%201e%20termijn.mp3","foi_nrPages":1},{"dc_format":"application/pdf","dc_identifier":"nl.gm1954.2c.2023.2834986-6.doc.2","dc_source":"https://api1.ibabs.eu/publicdownload.aspx?site=Beekdaelen&id=afea1e1c-9bd2-4b8e-afea-26ba1ee7e2e1","dc_title":"Bijlage 1. Aanbiedingsbrief Zienswijze Jaarstukken 2022 en Begroting 2024 VRZL","dc_type":"bijlage","foi_fairiscoreVersions":{"v1":1,"v2":1},"foi_fileName":"email.pdf","foi_nrPages":3},{"dc_format":"application/pdf","dc_identifier":"nl.gm1954.2c.2023.2834986-6.doc.3","dc_source":"https://api1.ibabs.eu/publicdownload.aspx?site=Beekdaelen&id=58d8215e-5ac3-467e-ba04-1bed74e23ea3","dc_title":"Bijlage 2. Jaarbericht 2022 VRZL (ter informatie)","dc_type":"bijlage","foi_fairiscoreVersions":{"v1":2,"v2":2},"foi_fileName":"email.pdf","foi_nrPages":22},{"dc_format":"application/pdf","dc_identifier":"nl.gm1954.2c.2023.2834986-6.doc.4","dc_source":"https://api1.ibabs.eu/publicdownload.aspx?site=Beekdaelen&id=70e6cfe8-eb87-41cb-8344-27d372e398fe","dc_title":"Bijlage 3. Jaarstukken 2022 VRZL (voor zienswijze)","dc_type":"bijlage","foi_fairiscoreVersions":{"v1":2,"v2":1},"foi_fileName":"email.pdf","foi_nrPages":78},{"dc_format":"application/pdf","dc_identifier":"nl.gm1954.2c.2023.2834986-6.doc.5","dc_source":"https://api1.ibabs.eu/publicdownload.aspx?site=Beekdaelen&id=3e3d5cb1-cf2f-42d0-8075-4c294c183a07","dc_title":"Bijlage 4. Begroting 2024 VRZL (voor zienswijze)","dc_type":"bijlage","foi_fairiscoreVersions":{"v1":2,"v2":1},"foi_fileName":"email.pdf","foi_nrPages":60},{"dc_format":"application/pdf","dc_identifier":"nl.gm1954.2c.2023.2834986-6.doc.6","dc_source":"https://api1.ibabs.eu/publicdownload.aspx?site=Beekdaelen&id=db0de03b-e89c-45d2-a665-7844ccf32715","dc_title":"Bijlage 5. Jaardocument MCC 2022 (ter informatie)","dc_type":"bijlage","foi_fairiscoreVersions":{"v1":1,"v2":1},"foi_fileName":"email.pdf","foi_nrPages":12},{"dc_format":"application/pdf","dc_identifier":"nl.gm1954.2c.2023.2834986-6.doc.7","dc_source":"https://api1.ibabs.eu/publicdownload.aspx?site=Beekdaelen&id=4ecd6658-0ff9-43ef-bf78-795a9f912be6","dc_title":"Bijlage 6. Toelichting jaardocument MCC 2022 (ter informatie)","dc_type":"bijlage","foi_fairiscoreVersions":{"v1":1,"v2":1},"foi_fileName":"email.pdf","foi_nrPages":9},{"dc_format":"application/pdf","dc_identifier":"nl.gm1954.2c.2023.2834986-6.doc.8","dc_source":"https://api1.ibabs.eu/publicdownload.aspx?site=Beekdaelen&id=ed85d320-f1d3-4da1-9b1b-3f97f89c3d96","dc_title":"Bijlage 7. Begroting 2024 MCC (ter informatie)","dc_type":"bijlage","foi_fairiscoreVersions":{"v1":1,"v2":1},"foi_fileName":"email.pdf","foi_nrPages":9},{"dc_format":"application/pdf","dc_identifier":"nl.gm1954.2c.2023.2834986-6.doc.10","dc_source":"https://api1.ibabs.eu/publicdownload.aspx?site=Beekdaelen&id=00e1243d-a9f5-4057-ab34-8211dd83913e","dc_title":"MvA technische vraag VG B2","dc_type":"bijlage","foi_fairiscoreVersions":{"v1":1,"v2":1},"foi_fileName":"MvA%20technische%20vraag%20VG%20B2.pdf","foi_nrPages":1},{"dc_format":"application/pdf","dc_identifier":"nl.gm1954.2c.2023.2834986-6.doc.11","dc_source":"https://api1.ibabs.eu/publicdownload.aspx?site=Beekdaelen&id=b50147ed-8529-4f4e-9d31-e678d932da45","dc_title":"MvA technische vragen CDA B2","dc_type":"bijlage","foi_fairiscoreVersions":{"v1":1,"v2":1},"foi_fileName":"MvA%20technische%20vragen%20CDA%20B2.pdf","foi_nrPages":2},{"dc_format":"application/pdf","dc_identifier":"nl.gm1954.2c.2023.2834986-6.doc.1","dc_source":"https://api1.ibabs.eu/publicdownload.aspx?site=Beekdaelen&id=5dab2957-17c7-4c6d-94f4-be85e6c3182f","dc_title":"Raadsvoorstel inzake zienswijze Jaarstukken 2022 en Begroting 2024 VRZL en MCC","dc_type":"bijlage","foi_fairiscoreVersions":{"v1":1,"v2":1},"foi_fileName":"Z%2F23%2F188609%20-%20335824%20-%20Jaarstukken%202022%20en%20Begroting%202024%20door%20VRZL%20en%20MCC.pdf","foi_nrPages":12}],"foi_nrDocuments":15,"foi_nrPagesInDossier":213,"foi_publishedDate":"2023-06-07","foi_retrievedDate":"2025-11-29"},{"dc_creator":"HandelingScraper_v1","dc_date_year":2023,"dc_description":"Vergadering van de Gemeente Beekdaelen op 2023-06-07. Onderdeel: Voorstel inzake: \"voorlopige jaarstukken 2022, ontwerpbegroting 2024 inclusief meerjarenraming 2025-2027 en 1e begrotingswijziging 2023 GR Stadsregio Parkstad Limburg\".","dc_identifier":"nl.gm1954.2c.2023.2834986-7","dc_publisher":"gm1954","dc_source":"https://beekdaelen.bestuurlijkeinformatie.nl/Agenda/Index/b5456fd3-a01f-4bb5-8505-4ab9bf8b3aa9","dc_title":"Raadscommissie Bestuur en Middelen 2023-06-07 - Voorstel inzake: \"voorlopige jaarstukken 2022, ontwerpbegroting 2024 inclusief meerjarenraming 2025-2027 en 1e begrotingswijziging 2023 GR Stadsregio Parkstad Limburg\"","dc_type":"2c","dc_type_description":"Vergaderstuk decentrale overheid","foi_fairiscoreVersions":{"v1":2,"v2":1},"foi_files":[{"dc_format":"application/octet-stream","dc_identifier":"nl.gm1954.2c.2023.2834986-7.doc.8","dc_source":"https://api1.ibabs.eu/publicdownload.aspx?site=Beekdaelen&id=75d016f6-a5de-4379-be27-42bc9c919b32","dc_title":"B3 1e termijn","dc_type":"bijlage","foi_fileName":"B3%201e%20termijn.mp3","foi_nrPages":1},{"dc_format":"application/octet-stream","dc_identifier":"nl.gm1954.2c.2023.2834986-7.doc.10","dc_source":"https://api1.ibabs.eu/publicdownload.aspx?site=Beekdaelen&id=bd30955a-3863-4894-ade7-c4bc86fe4223","dc_title":"B3 2e termijn","dc_type":"bijlage","foi_fileName":"B3%202e%20termijn.mp3","foi_nrPages":1},{"dc_format":"application/octet-stream","dc_identifier":"nl.gm1954.2c.2023.2834986-7.doc.11","dc_source":"https://api1.ibabs.eu/publicdownload.aspx?site=Beekdaelen&id=9f7359be-7581-4180-b5d2-26b25a6c6d1b","dc_title":"B3 Advies commissie","dc_type":"bijlage","foi_fileName":"B3%20Advies%20commissie.mp3","foi_nrPages":1},{"dc_format":"application/octet-stream","dc_identifier":"nl.gm1954.2c.2023.2834986-7.doc.9","dc_source":"https://api1.ibabs.eu/publicdownload.aspx?site=Beekdaelen&id=92a8d428-e25a-421e-a49b-53b48c87cf0e","dc_title":"B3 beantwoording 1e termijn","dc_type":"bijlage","foi_fileName":"B3%20beantwoording%201e%20termijn.mp3","foi_nrPages":1},{"dc_format":"application/pdf","dc_identifier":"nl.gm1954.2c.2023.2834986-7.doc.6","dc_source":"https://api1.ibabs.eu/publicdownload.aspx?site=Beekdaelen&id=729bad33-ef06-49c8-9c53-6fdb949ce046","dc_title":"MvA technische vragen BL B3","dc_type":"bijlage","foi_fairiscoreVersions":{"v1":1,"v2":1},"foi_fileName":"MvA%20technische%20vragen%20BL%20B3.pdf","foi_nrPages":1},{"dc_format":"application/pdf","dc_identifier":"nl.gm1954.2c.2023.2834986-7.doc.7","dc_source":"https://api1.ibabs.eu/publicdownload.aspx?site=Beekdaelen&id=31c12ef9-3860-4fcd-9065-f67ee83158f6","dc_title":"MvA technische vragen VG B3","dc_type":"bijlage","foi_fairiscoreVersions":{"v1":2,"v2":1},"foi_fileName":"MvA%20technische%20vragen%20VG%20B3.pdf","foi_nrPages":2},{"dc_format":"application/pdf","dc_identifier":"nl.gm1954.2c.2023.2834986-7.doc.3","dc_source":"https://api1.ibabs.eu/publicdownload.aspx?site=Beekdaelen&id=a3d87393-6a4a-4ada-86bc-bfe93577235d","dc_title":"Bijlage: ontwerpbegroting 2024 inclusief meerjarenraming 2025-2027 GR Stadsregio Parkstad","dc_type":"bijlage","foi_fairiscoreVersions":{"v1":1,"v2":1},"foi_fileName":"Z%2F23%2F189566%20-%20337744%20-%20Ontwerpbegroting%202024%20inclusief%20meerjarenraming%202025-2027%20GR%20Stadsregio%20Parkstad.pdf","foi_nrPages":44},{"dc_format":"application/pdf","dc_identifier":"nl.gm1954.2c.2023.2834986-7.doc.5","dc_source":"https://api1.ibabs.eu/publicdownload.aspx?site=Beekdaelen&id=bb174bb3-f4ba-4f32-860a-87df7b6c24da","dc_title":"Bijlage: voorlopige jaarstukken 2022 GR Stadsregio Parkstad","dc_type":"bijlage","foi_fairiscoreVersions":{"v1":2,"v2":1},"foi_fileName":"Z%2F23%2F189566%20-%20337745%20-%20Voorlopige%20jaarstukken%202022%20GR%20Stadsregio%20Parkstad.pdf","foi_nrPages":125},{"dc_format":"application/pdf","dc_identifier":"nl.gm1954.2c.2023.2834986-7.doc.4","dc_source":"https://api1.ibabs.eu/publicdownload.aspx?site=Beekdaelen&id=0c61e217-bd15-4e4e-87e1-be90e873c334","dc_title":"Bijlage: eerste begrotingswijziging 2023 GR Stadsregio Parkstad","dc_type":"bijlage","foi_fairiscoreVersions":{"v1":1,"v2":1},"foi_fileName":"Z%2F23%2F189566%20-%20337746%20-%201e%20begrotingswijziging%202023%20GR%20Stadsregio%20Parkstad.pdf","foi_nrPages":1},{"dc_format":"application/pdf","dc_identifier":"nl.gm1954.2c.2023.2834986-7.doc.1","dc_source":"https://api1.ibabs.eu/publicdownload.aspx?site=Beekdaelen&id=80c58255-9d57-4711-8eea-10b90f0e8425","dc_title":"Raadsvoorstel inzake voorlopige jaarstukken 2022, ontwerpbegroting 2024 incl. MJR 2025-2027 en 1e begr. 2023 GR Stadsregio Parkstad Limburg\"","dc_type":"bijlage","foi_fairiscoreVersions":{"v1":1,"v2":1},"foi_fileName":"Z%2F23%2F189566%20-%20337748%20-%20Voorlopige%20jaarstukken%202022_%20ontwerpbegroting%202024%20inclusief%20meerjarenraming%202025-2027%20en%201e%20begrotingswijziging%202023%20GR%20Stadsregio%20Parkstad%20Limburg.pdf","foi_nrPages":5},{"dc_format":"application/pdf","dc_identifier":"nl.gm1954.2c.2023.2834986-7.doc.2","dc_source":"https://api1.ibabs.eu/publicdownload.aspx?site=Beekdaelen&id=f7d724a8-2d50-46a7-b0df-eaac92292ec7","dc_title":"Raadsbesluit inzake voorlopige jaarstukken 2022, ontwerpbegroting 2024 incl. MJR 2025-2027 en 1e begr..wijziging 2023 GR Stadsregio Parkstad Limburg, vastgesteld raad 27062023","dc_type":"bijlage","foi_fairiscoreVersions":{"v1":1,"v2":1},"foi_fileName":"Z%2F23%2F189566%20-%20337749%20-%20Voorlopige%20jaarstukken%202022_%20ontwerpbegroting%202024%20inclusief%20meerjarenraming%202025-2027%20en%201e%20begrotingswijziging%202023%20GR%20Stadsregio%20Parkstad%20Limburg.pdf","foi_nrPages":1}],"foi_nrDocuments":11,"foi_nrPagesInDossier":183,"foi_publishedDate":"2023-06-07","foi_retrievedDate":"2025-11-29"},{"dc_creator":"HandelingScraper_v1","dc_date_year":2023,"dc_description":"Vergadering van de Gemeente Beekdaelen op 2023-06-07. Onderdeel: Voorstel inzake: \"aanpassing van de verwijzing naar de bouwkostenberekeningsmethodiek in artikel 2.1.1.2 van de tarieventabel van de Legesverordening gemeente Beekdaelen 2023\".","dc_identifier":"nl.gm1954.2c.2023.2834986-8","dc_publisher":"gm1954","dc_source":"https://beekdaelen.bestuurlijkeinformatie.nl/Agenda/Index/b5456fd3-a01f-4bb5-8505-4ab9bf8b3aa9","dc_title":"Raadscommissie Bestuur en Middelen 2023-06-07 - Voorstel inzake: \"aanpassing van de verwijzing naar de bouwkostenberekeningsmethodiek in artikel 2.1.1.2 van de tarieventabel van de Legesverordening gemeente Beekdaelen 2023\"","dc_type":"2c","dc_type_description":"Vergaderstuk decentrale overheid","foi_fairiscoreVersions":{"v1":1,"v2":1},"foi_files":[{"dc_format":"application/pdf","dc_identifier":"nl.gm1954.2c.2023.2834986-8.doc.12","dc_source":"https://api1.ibabs.eu/publicdownload.aspx?site=Beekdaelen&id=3e60741d-5d36-4a76-ad19-2599bfc7b6b5","dc_title":"MvA openstaande vragen agendapunt B4 II Aanvulling: vergelijking bouwleges WM en Parkstad II (verzonden mail)","dc_type":"bijlage","foi_fairiscoreVersions":{"v1":1,"v2":1},"foi_fileName":"aanvulling%20op%20overzicht%20bouwleges%20regio.pdf","foi_nrPages":2},{"dc_format":"application/octet-stream","dc_identifier":"nl.gm1954.2c.2023.2834986-8.doc.6","dc_source":"https://api1.ibabs.eu/publicdownload.aspx?site=Beekdaelen&id=f00139be-9405-47df-9aa4-a90ce5c3c5b8","dc_title":"B4 1e termijn","dc_type":"bijlage","foi_fileName":"B4%201e%20termijn.mp3"},{"dc_format":"application/octet-stream","dc_identifier":"nl.gm1954.2c.2023.2834986-8.doc.8","dc_source":"https://api1.ibabs.eu/publicdownload.aspx?site=Beekdaelen&id=7ddc871b-df8d-4ac5-8229-0cb8717d2630","dc_title":"B4 2e termijn inc. beantwoording","dc_type":"bijlage","foi_fileName":"B4%202e%20termijn%20inc.%20beantwoording.mp3"},{"dc_format":"application/octet-stream","dc_identifier":"nl.gm1954.2c.2023.2834986-8.doc.9","dc_source":"https://api1.ibabs.eu/publicdownload.aspx?site=Beekdaelen&id=415aec8c-6b66-4718-887c-3eca61199d34","dc_title":"B4 Advies commissie","dc_type":"bijlage","foi_fileName":"B4%20Advies%20commissie.mp3"},{"dc_format":"application/octet-stream","dc_identifier":"nl.gm1954.2c.2023.2834986-8.doc.7","dc_source":"https://api1.ibabs.eu/publicdownload.aspx?site=Beekdaelen&id=be536af5-6ce0-434b-aeda-7e36f17dd777","dc_title":"B4 beantwoording 1e termijn","dc_type":"bijlage","foi_fileName":"B4%20beantwoording%201e%20termijn.mp3"},{"dc_format":"application/pdf","dc_identifier":"nl.gm1954.2c.2023.2834986-8.doc.10","dc_source":"https://api1.ibabs.eu/publicdownload.aspx?site=Beekdaelen&id=4ddbe02e-80cd-4e79-89b1-2a887115f751","dc_title":"MvA openstaande vragen agendapunt B4 I (verzonden mail)","dc_type":"bijlage","foi_fairiscoreVersions":{"v1":1,"v2":1},"foi_fileName":"MvA%20openstaande%20vragen%20agendapunt%20bouwleges.pdf","foi_nrPages":1},{"dc_format":"application/pdf","dc_identifier":"nl.gm1954.2c.2023.2834986-8.doc.11","dc_source":"https://api1.ibabs.eu/publicdownload.aspx?site=Beekdaelen&id=ed4a495f-a215-420b-b48c-36e7e2b6fad0","dc_title":"MvA openstaande vragen agendapunt B4 I (bijlage)","dc_type":"bijlage","foi_fairiscoreVersions":{"v1":1,"v2":1},"foi_fileName":"MvA%20openstaande%20vragen%20na%20commissiebehandeling.pdf","foi_nrPages":2},{"dc_format":"application/pdf","dc_identifier":"nl.gm1954.2c.2023.2834986-8.doc.4","dc_source":"https://api1.ibabs.eu/publicdownload.aspx?site=Beekdaelen&id=53a1b539-0f21-4d04-b4d0-d7bf1b902f3a","dc_title":"MvA technische vragen BL B4","dc_type":"bijlage","foi_fairiscoreVersions":{"v1":1,"v2":1},"foi_fileName":"MvA%20technische%20vragen%20BL%20B4.pdf","foi_nrPages":1},{"dc_format":"application/pdf","dc_identifier":"nl.gm1954.2c.2023.2834986-8.doc.5","dc_source":"https://api1.ibabs.eu/publicdownload.aspx?site=Beekdaelen&id=7aa02fc9-b949-44f5-8ce3-cdc2703bd387","dc_title":"MvA technische vragen VG B4","dc_type":"bijlage","foi_fairiscoreVersions":{"v1":1,"v2":1},"foi_fileName":"MvA%20technische%20vragen%20VG%20B4.pdf","foi_nrPages":1},{"dc_format":"application/pdf","dc_identifier":"nl.gm1954.2c.2023.2834986-8.doc.13","dc_source":"https://api1.ibabs.eu/publicdownload.aspx?site=Beekdaelen&id=2b76cb59-f69e-4667-aac6-4344fea08818","dc_title":"MvA openstaande vragen agendapunt B4 II Aanvulling: vergelijking bouwleges WM en Parkstad II (bijlage)","dc_type":"bijlage","foi_fairiscoreVersions":{"v1":1,"v2":1},"foi_fileName":"Vergelijking%20bouwleges%20WM%20en%20Parkstad.pdf","foi_nrPages":1},{"dc_format":"application/pdf","dc_identifier":"nl.gm1954.2c.2023.2834986-8.doc.1","dc_source":"https://api1.ibabs.eu/publicdownload.aspx?site=Beekdaelen&id=c97c9582-c0d9-46af-b75b-84fd3e9a1787","dc_title":"Raadsvoorstel aanpassing verwijzing bouwkostenberekeningsmethodiek artikel 2.1.1.2 tarieventabel Legesverordening gemeente Beekdaelen 2023","dc_type":"bijlage","foi_fairiscoreVersions":{"v1":1,"v2":1},"foi_fileName":"Z%2F23%2F189401%20-%20337792%20-%20leges.pdf","foi_nrPages":3},{"dc_format":"application/pdf","dc_identifier":"nl.gm1954.2c.2023.2834986-8.doc.3","dc_source":"https://api1.ibabs.eu/publicdownload.aspx?site=Beekdaelen&id=0cddd496-62b1-42a0-bd44-c2293a2dfdfb","dc_title":"Raadsbesluit aanpassing verwijzing bouwkostenberekeningssystematiek artikel 2.1.1.2. tarieventabel Legesverordening gemeente Beekdaelen 2023, vastgesteld raad 27062023","dc_type":"bijlage","foi_fairiscoreVersions":{"v1":1,"v2":1},"foi_fileName":"Z%2F23%2F189401%20-%20337794%20-%20leges.pdf","foi_nrPages":1},{"dc_format":"application/pdf","dc_identifier":"nl.gm1954.2c.2023.2834986-8.doc.2","dc_source":"https://api1.ibabs.eu/publicdownload.aspx?site=Beekdaelen&id=a059b998-9306-4068-b602-7bb1e225646b","dc_title":"Bijlage: kengetallen toetsing bouwkosten Beekdaelen 2023","dc_type":"bijlage","foi_fairiscoreVersions":{"v1":1,"v2":1},"foi_fileName":"Z%2F23%2F189401%20-%20337903%20-%20Kengetallen%20toetsing%20bouwkosten%20Beekdaelen%202023.pdf","foi_nrPages":16}],"foi_nrDocuments":13,"foi_nrPagesInDossier":28,"foi_publishedDate":"2023-06-07","foi_retrievedDate":"2026-01-23"},{"dc_creator":"HandelingScraper_v1","dc_date_year":2023,"dc_description":"Vergadering van de Gemeente Beekdaelen op 2023-06-07. Onderdeel: VAN AGENDA AFGEVOERD Voorstel inzake: \"offerte BsGW maatwerk afvalstoffenheffing: extra container\"  IS DOOR COLLEGE INGETROKKEN.","dc_identifier":"nl.gm1954.2c.2023.2834986-9","dc_publisher":"gm1954","dc_source":"https://beekdaelen.bestuurlijkeinformatie.nl/Agenda/Index/b5456fd3-a01f-4bb5-8505-4ab9bf8b3aa9","dc_title":"Raadscommissie Bestuur en Middelen 2023-06-07 - VAN AGENDA AFGEVOERD Voorstel inzake: \"offerte BsGW maatwerk afvalstoffenheffing: extra container\"  IS DOOR COLLEGE INGETROKKEN","dc_type":"2c","dc_type_description":"Vergaderstuk decentrale overheid","foi_fairiscoreVersions":{"v1":2,"v2":2},"foi_files":[{"dc_format":"application/pdf","dc_identifier":"nl.gm1954.2c.2023.2834986-9.doc.2","dc_source":"https://api1.ibabs.eu/publicdownload.aspx?site=Beekdaelen&id=f87d7ef1-f1dd-41e6-a989-6c2eea70d9d7","dc_title":"Bijlage 1: brief BsGW: prijsopgave maatwerk afvalstoffenheffing: extra container","dc_type":"bijlage","foi_fairiscoreVersions":{"v1":2,"v2":2},"foi_fileName":"Brief.pdf","foi_nrPages":3},{"dc_format":"application/pdf","dc_identifier":"nl.gm1954.2c.2023.2834986-9.doc.6","dc_source":"https://api1.ibabs.eu/publicdownload.aspx?site=Beekdaelen&id=ed32114f-2c5b-4e84-a3b9-b80dd2475417","dc_title":"MvA technische vragen GL B5","dc_type":"bijlage","foi_fairiscoreVersions":{"v1":1,"v2":1},"foi_fileName":"MvA%20technische%20vragen%20GL%20B5.pdf","foi_nrPages":1},{"dc_format":"application/pdf","dc_identifier":"nl.gm1954.2c.2023.2834986-9.doc.7","dc_source":"https://api1.ibabs.eu/publicdownload.aspx?site=Beekdaelen&id=47514d86-964e-4ac5-8435-dc10aa0594bb","dc_title":"MvA technische vragen Koll\u00e9e-Rijkx B5","dc_type":"bijlage","foi_fairiscoreVersions":{"v1":1,"v2":1},"foi_fileName":"MvA%20technische%20vragen%20Koll%C3%A9e-Rijkx%20B5.pdf","foi_nrPages":1},{"dc_format":"application/pdf","dc_identifier":"nl.gm1954.2c.2023.2834986-9.doc.8","dc_source":"https://api1.ibabs.eu/publicdownload.aspx?site=Beekdaelen&id=49a92925-e75f-4eb3-9cf9-4c03dd30fe52","dc_title":"MvA technische vragen Koll\u00e9e-Rijkx B5 Bijlage Uitvoeringsdocument Project Harmonisatie versie 1.0","dc_type":"bijlage","foi_fairiscoreVersions":{"v1":2,"v2":1},"foi_fileName":"MvA%20technische%20vragen%20Koll%C3%A9e-Rijkx%20B5%20Bijlage%20Uitvoeringsdocument%20Project%20Harmonisatie%20versie%201.0.pdf","foi_nrPages":14},{"dc_format":"application/pdf","dc_identifier":"nl.gm1954.2c.2023.2834986-9.doc.3","dc_source":"https://api1.ibabs.eu/publicdownload.aspx?site=Beekdaelen&id=42bb0c70-2bb9-418a-b5a4-d2d62c8051ce","dc_title":"Bijlage 2: BsGW: Prijsopgave maatwerk afvalstoffenheffing: extra container","dc_type":"bijlage","foi_fairiscoreVersions":{"v1":2,"v2":2},"foi_fileName":"Prijsopgave.pdf","foi_nrPages":1},{"dc_format":"application/pdf","dc_identifier":"nl.gm1954.2c.2023.2834986-9.doc.1","dc_source":"https://api1.ibabs.eu/publicdownload.aspx?site=Beekdaelen&id=6175ab85-50c1-4dc5-89bd-c68dc61371b3","dc_title":"Raadsvoorstel \"offerte BsGW maatwerk afvalstoffenheffing: extra container\"","dc_type":"bijlage","foi_fairiscoreVersions":{"v1":1,"v2":1},"foi_fileName":"Z%2F23%2F188284%20-%20336177%20-%20offerte%20maatwerk%20afvalstoffenheffing.pdf","foi_nrPages":3},{"dc_format":"application/pdf","dc_identifier":"nl.gm1954.2c.2023.2834986-9.doc.5","dc_source":"https://api1.ibabs.eu/publicdownload.aspx?site=Beekdaelen&id=a1c4fdc2-e26a-4b9e-b4dc-9540125b6414","dc_title":"Bijlage 4: brief aan BsGW offerte maatwerk afvalstoffenheffing: extra container","dc_type":"bijlage","foi_fairiscoreVersions":{"v1":1,"v2":1},"foi_fileName":"Z%2F23%2F188284%20-%20336193%20-%20offerte%20maatwerk%20extra%20container%20afvalstoffenheffing.pdf","foi_nrPages":1},{"dc_format":"application/pdf","dc_identifier":"nl.gm1954.2c.2023.2834986-9.doc.4","dc_source":"https://api1.ibabs.eu/publicdownload.aspx?site=Beekdaelen&id=e18aab97-dd09-4298-b398-7e4b9560c666","dc_title":"Bijlage 3: concept raadsbesluit offerte BsGW maatwerk afvalstoffenheffing: extra container","dc_type":"bijlage","foi_fairiscoreVersions":{"v1":1,"v2":1},"foi_fileName":"Z%2F23%2F188284%20-%20337245%20-%20offerte%20BsGW%20maatwerk%20afvalstoffenheffing%3A%20extra%20container.pdf","foi_nrPages":1}],"foi_nrDocuments":8,"foi_nrPagesInDossier":25,"foi_publishedDate":"2023-06-07","foi_retrievedDate":"2025-12-05"},{"dc_creator":"HandelingScraper_v1","dc_date_year":2023,"dc_description":"Vergadering van de Gemeente Beekdaelen op 2023-06-08. Onderdeel: Algemeen.","dc_identifier":"nl.gm1954.2c.2023.2835069-1","dc_publisher":"gm1954","dc_source":"https://beekdaelen.bestuurlijkeinformatie.nl/Agenda/Index/ff8360a9-2700-487e-9444-cc7d1592b8bd","dc_title":"Raadscommissie Fysieke Leefomgeving 2023-06-08 - Algemeen","dc_type":"2c","dc_type_description":"Vergaderstuk decentrale overheid","foi_fairiscoreVersions":{"v1":1,"v2":1},"foi_files":[{"dc_format":"application/pdf","dc_identifier":"nl.gm1954.2c.2023.2835069-1.doc.3","dc_source":"https://api1.ibabs.eu/publicdownload.aspx?site=Beekdaelen&id=71ecad5c-194f-46a7-a3c9-141c754f7315","dc_title":"Technische vragen BL cie FLO juni 2023","dc_type":"bijlage","foi_fairiscoreVersions":{"v1":1,"v2":1},"foi_fileName":"Technische%20vragen%20BL%20cie%20FLO%20juni%202023.pdf","foi_nrPages":1},{"dc_format":"application/pdf","dc_identifier":"nl.gm1954.2c.2023.2835069-1.doc.1","dc_source":"https://api1.ibabs.eu/publicdownload.aspx?site=Beekdaelen&id=efd89b44-56be-49fc-8402-89b240c7fd44","dc_title":"Technische vragen CDA cie FLO juni 2023","dc_type":"bijlage","foi_fairiscoreVersions":{"v1":1,"v2":1},"foi_fileName":"Technische%20vragen%20CDA%20cie%20FLO%20juni%202023.pdf","foi_nrPages":1},{"dc_format":"application/pdf","dc_identifier":"nl.gm1954.2c.2023.2835069-1.doc.7","dc_source":"https://api1.ibabs.eu/publicdownload.aspx?site=Beekdaelen&id=bbb9d4a7-a2e0-40ab-a17a-cedabbd539fa","dc_title":"Technische vragen CDA cie FLO juni 2023 (2)","dc_type":"bijlage","foi_fairiscoreVersions":{"v1":1,"v2":1},"foi_fileName":"Technische%20vragen%20CDA%20cie%20FLO%20juni%202023%20%282%29.pdf","foi_nrPages":1},{"dc_format":"application/pdf","dc_identifier":"nl.gm1954.2c.2023.2835069-1.doc.4","dc_source":"https://api1.ibabs.eu/publicdownload.aspx?site=Beekdaelen&id=f7934a7b-0b85-403c-99ca-228107395cba","dc_title":"Technische vragen GL cie FLO juni 2023","dc_type":"bijlage","foi_fairiscoreVersions":{"v1":1,"v2":1},"foi_fileName":"Technische%20vragen%20GL%20cie%20FLO%20juni%202023.pdf","foi_nrPages":1},{"dc_format":"application/pdf","dc_identifier":"nl.gm1954.2c.2023.2835069-1.doc.6","dc_source":"https://api1.ibabs.eu/publicdownload.aspx?site=Beekdaelen&id=6b7de27a-e86d-4388-9c3e-4997331893e7","dc_title":"Technische vragen Koll\u00e9e Rijkx cie FLO juni 2023","dc_type":"bijlage","foi_fairiscoreVersions":{"v1":1,"v2":1},"foi_fileName":"Technische%20vragen%20Koll%C3%A9e%20Rijkx%20cie%20FLO%20juni%202023.pdf","foi_nrPages":1},{"dc_format":"application/pdf","dc_identifier":"nl.gm1954.2c.2023.2835069-1.doc.2","dc_source":"https://api1.ibabs.eu/publicdownload.aspx?site=Beekdaelen&id=15218b57-4505-466d-ab2d-a970364cd3c7","dc_title":"Technische vragen VG cie FLO juni 2023","dc_type":"bijlage","foi_fairiscoreVersions":{"v1":1,"v2":1},"foi_fileName":"Technische%20vragen%20VG%20cie%20FLO%20juni%202023.pdf","foi_nrPages":2},{"dc_format":"application/pdf","dc_identifier":"nl.gm1954.2c.2023.2835069-1.doc.5","dc_source":"https://api1.ibabs.eu/publicdownload.aspx?site=Beekdaelen&id=332309cc-cd0c-4b20-bd94-7b71cf42616b","dc_title":"Technische vragen VVD cie FLO juni 2023","dc_type":"bijlage","foi_fairiscoreVersions":{"v1":1,"v2":1},"foi_fileName":"Technische%20vragen%20VVD%20cie%20FLO%20juni%202023.pdf","foi_nrPages":1}],"foi_nrDocuments":7,"foi_nrPagesInDossier":8,"foi_publishedDate":"2023-06-08","foi_retrievedDate":"2025-11-29"},{"dc_creator":"HandelingScraper_v1","dc_date_year":2023,"dc_description":"Vergadering van de Gemeente Beekdaelen op 2023-06-08. Onderdeel: Raadsvoorstel inzake: \"voorgenomen aankoop pand A Ge Water 18-20A te Schinveld\".","dc_identifier":"nl.gm1954.2c.2023.2835069-10","dc_publisher":"gm1954","dc_source":"https://beekdaelen.bestuurlijkeinformatie.nl/Agenda/Index/ff8360a9-2700-487e-9444-cc7d1592b8bd","dc_title":"Raadscommissie Fysieke Leefomgeving 2023-06-08 - Raadsvoorstel inzake: \"voorgenomen aankoop pand A Ge Water 18-20A te Schinveld\"","dc_type":"2c","dc_type_description":"Vergaderstuk decentrale overheid","foi_fairiscoreVersions":{"v1":1,"v2":1},"foi_files":[{"dc_format":"application/octet-stream","dc_identifier":"nl.gm1954.2c.2023.2835069-10.doc.9","dc_source":"https://api1.ibabs.eu/publicdownload.aspx?site=Beekdaelen&id=b4f65e74-6180-4c9b-a231-f0dd24b6e94d","dc_title":"B6 1e termijn","dc_type":"bijlage","foi_fileName":"B6%201e%20termijn.mp3","foi_nrPages":1},{"dc_format":"application/octet-stream","dc_identifier":"nl.gm1954.2c.2023.2835069-10.doc.11","dc_source":"https://api1.ibabs.eu/publicdownload.aspx?site=Beekdaelen&id=5373fd49-5284-4d6d-8f54-55f7fe7c738e","dc_title":"B6 2e termijn","dc_type":"bijlage","foi_fileName":"B6%202e%20termijn.mp3","foi_nrPages":1},{"dc_format":"application/octet-stream","dc_identifier":"nl.gm1954.2c.2023.2835069-10.doc.12","dc_source":"https://api1.ibabs.eu/publicdownload.aspx?site=Beekdaelen&id=1a20f8e9-56f5-49c6-8b88-6a7a7b8dc7d2","dc_title":"B6 advies commissie","dc_type":"bijlage","foi_fileName":"B6%20advies%20commissie.mp3","foi_nrPages":1},{"dc_format":"application/octet-stream","dc_identifier":"nl.gm1954.2c.2023.2835069-10.doc.10","dc_source":"https://api1.ibabs.eu/publicdownload.aspx?site=Beekdaelen&id=5ca403f7-b2aa-4f2b-8f5d-e2c2f0e264d6","dc_title":"B6 antwoord 1e termijn","dc_type":"bijlage","foi_fileName":"B6%20antwoord%201e%20termijn.mp3","foi_nrPages":1},{"dc_format":"application/pdf","dc_identifier":"nl.gm1954.2c.2023.2835069-10.doc.8","dc_source":"https://api1.ibabs.eu/publicdownload.aspx?site=Beekdaelen&id=71210d36-e8de-413d-96d7-f54f5a8967df","dc_title":"MvA technische vragen CDA B6","dc_type":"bijlage","foi_fairiscoreVersions":{"v1":1,"v2":1},"foi_fileName":"MvA%20technische%20vragen%20CDA%20B6.pdf","foi_nrPages":2},{"dc_format":"application/pdf","dc_identifier":"nl.gm1954.2c.2023.2835069-10.doc.7","dc_source":"https://api1.ibabs.eu/publicdownload.aspx?site=Beekdaelen&id=acdec1e8-1b74-432d-83ce-eab76fc3e6c2","dc_title":"MvA technische vragen GL B6","dc_type":"bijlage","foi_fairiscoreVersions":{"v1":1,"v2":1},"foi_fileName":"MvA%20technische%20vragen%20GL%20B6.pdf","foi_nrPages":1},{"dc_format":"application/pdf","dc_identifier":"nl.gm1954.2c.2023.2835069-10.doc.6","dc_source":"https://api1.ibabs.eu/publicdownload.aspx?site=Beekdaelen&id=23b007ab-ab16-42e7-9b0c-fe6ba5f111b0","dc_title":"MvA technische vragen Koll\u00e9e Rijkx B6","dc_type":"bijlage","foi_fairiscoreVersions":{"v1":1,"v2":1},"foi_fileName":"MvA%20technische%20vragen%20Koll%C3%A9e%20RijkxB6.pdf","foi_nrPages":2},{"dc_format":"application/pdf","dc_identifier":"nl.gm1954.2c.2023.2835069-10.doc.5","dc_source":"https://api1.ibabs.eu/publicdownload.aspx?site=Beekdaelen&id=2d472da1-1e97-4a60-8558-4252ff462348","dc_title":"MvA technische vragen VG B6","dc_type":"bijlage","foi_fairiscoreVersions":{"v1":1,"v2":1},"foi_fileName":"MvA%20technische%20vragen%20VG%20B6.pdf","foi_nrPages":3},{"dc_format":"application/pdf","dc_identifier":"nl.gm1954.2c.2023.2835069-10.doc.3","dc_source":"https://api1.ibabs.eu/publicdownload.aspx?site=Beekdaelen&id=1b2e23a3-1f66-41b1-a19f-b21807d903c1","dc_title":"Bijlage 2: financieel overzicht mbt kosten en opbrengsten pand A Ge Water 18-20A","dc_type":"bijlage","foi_fairiscoreVersions":{"v1":1,"v2":1},"foi_fileName":"Z%2F22%2F180065%20-%20336348.pdf","foi_nrPages":1},{"dc_format":"application/pdf","dc_identifier":"nl.gm1954.2c.2023.2835069-10.doc.1","dc_source":"https://api1.ibabs.eu/publicdownload.aspx?site=Beekdaelen&id=fbd152da-6a76-409a-87b7-994a0b6d77f6","dc_title":"Raadsvoorstel \"aankoop pand A Ge Water 18-20A te Schinveld\"","dc_type":"bijlage","foi_fairiscoreVersions":{"v1":1,"v2":1},"foi_fileName":"Z%2F22%2F180065%20-%20337831%20-%20Voorgenomen%20aankoop%20pand%20A%20Ge%20Water%2018-20A%20te%20Schinveld.pdf","foi_nrPages":3},{"dc_format":"application/pdf","dc_identifier":"nl.gm1954.2c.2023.2835069-10.doc.2","dc_source":"https://api1.ibabs.eu/publicdownload.aspx?site=Beekdaelen&id=abdfc90e-d9a1-407f-be37-232177a9601d","dc_title":"Bijlage 1: concept raadsbesluit inzake aankoop pand A Ge Water 18-20A te Schinveld","dc_type":"bijlage","foi_fairiscoreVersions":{"v1":1,"v2":1},"foi_fileName":"Z%2F22%2F180065%20-%20337832%20-%20Raadsbesluit%20inzake%20aankoop%20pand%20A%20Ge%20Water%2018-20A%20te%20Schinveld.pdf","foi_nrPages":1},{"dc_format":"application/pdf","dc_identifier":"nl.gm1954.2c.2023.2835069-10.doc.4","dc_source":"https://api1.ibabs.eu/publicdownload.aspx?site=Beekdaelen&id=321c0d11-47f9-4901-bf4d-4baa5c4e5cdd","dc_title":"Bijlage 3: begrotingswijziging 5.2","dc_type":"bijlage","foi_fairiscoreVersions":{"v1":1,"v2":1},"foi_fileName":"Z%2F22%2F180065%20-%20338037%20-.pdf","foi_nrPages":1}],"foi_nrDocuments":12,"foi_nrPagesInDossier":18,"foi_publishedDate":"2023-06-08","foi_retrievedDate":"2025-11-29"},{"dc_creator":"HandelingScraper_v1","dc_date_year":2023,"dc_description":"Vergadering van de Gemeente Beekdaelen op 2023-06-08. Onderdeel: Rondvraag Fysieke Leefomgeving.","dc_identifier":"nl.gm1954.2c.2023.2835069-11","dc_publisher":"gm1954","dc_source":"https://beekdaelen.bestuurlijkeinformatie.nl/Agenda/Index/ff8360a9-2700-487e-9444-cc7d1592b8bd","dc_title":"Raadscommissie Fysieke Leefomgeving 2023-06-08 - Rondvraag Fysieke Leefomgeving","dc_type":"2c","dc_type_description":"Vergaderstuk decentrale overheid","foi_fairiscoreVersions":{"v1":1,"v2":1},"foi_files":[{"dc_format":"application/pdf","dc_identifier":"nl.gm1954.2c.2023.2835069-11.doc.2","dc_source":"https://api1.ibabs.eu/publicdownload.aspx?site=Beekdaelen&id=6d8063d9-2a51-4c01-a290-c8b416d1286b","dc_title":"Antwoord rondvraag cie. FLO 08062023 VVD (spoorwegnetvergunning)","dc_type":"bijlage","foi_fairiscoreVersions":{"v1":1,"v2":1},"foi_fileName":"Antwoord%20rondvraag%20cie%20FLO%2008062023%20VVD%20%28spoorwegnetvergunning%29.pdf","foi_nrPages":1},{"dc_format":"application/octet-stream","dc_identifier":"nl.gm1954.2c.2023.2835069-11.doc.1","dc_source":"https://api1.ibabs.eu/publicdownload.aspx?site=Beekdaelen&id=0ef19ecf-d716-43ce-9160-a3fc865e5f2a","dc_title":"C Rondvraag","dc_type":"bijlage","foi_fileName":"C%20Rondvraag.mp3","foi_nrPages":1},{"dc_format":"application/pdf","dc_identifier":"nl.gm1954.2c.2023.2835069-11.doc.3","dc_source":"https://api1.ibabs.eu/publicdownload.aspx?site=Beekdaelen&id=ec7b62c5-16c9-474d-97a4-dfd63d4c0aa5","dc_title":"MvA technische vraag VG Rondvraag (vliegend hert)","dc_type":"bijlage","foi_fairiscoreVersions":{"v1":1,"v2":1},"foi_fileName":"MvA%20technische%20vraag%20VG%20Rondvraag%20%28vliegend%20hert%29.pdf","foi_nrPages":2}],"foi_nrDocuments":3,"foi_nrPagesInDossier":4,"foi_publishedDate":"2023-06-08","foi_retrievedDate":"2025-11-29"},{"dc_creator":"HandelingScraper_v1","dc_date_year":2023,"dc_description":"Vergadering van de Gemeente Beekdaelen op 2023-06-08. Onderdeel: Opening, mededelingen voorzitter en vaststellen agenda..","dc_identifier":"nl.gm1954.2c.2023.2835069-2","dc_publisher":"gm1954","dc_source":"https://beekdaelen.bestuurlijkeinformatie.nl/Agenda/Index/ff8360a9-2700-487e-9444-cc7d1592b8bd","dc_title":"Raadscommissie Fysieke Leefomgeving 2023-06-08 - Opening, mededelingen voorzitter en vaststellen agenda.","dc_type":"2c","dc_type_description":"Vergaderstuk decentrale overheid","foi_fairiscoreVersions":{"v1":1,"v2":1},"foi_files":[{"dc_format":"application/octet-stream","dc_identifier":"nl.gm1954.2c.2023.2835069-2.doc.3","dc_source":"https://api1.ibabs.eu/publicdownload.aspx?site=Beekdaelen&id=db16f3d4-cd4f-4d59-b129-94eab6730438","dc_title":"A1 tm A3 + B1 1e termijn","dc_type":"bijlage","foi_fileName":"A1%20tm%20A3%20%2B%20B1%201e%20termijn.mp3","foi_nrPages":1},{"dc_format":"application/pdf","dc_identifier":"nl.gm1954.2c.2023.2835069-2.doc.1","dc_source":"https://api1.ibabs.eu/publicdownload.aspx?site=Beekdaelen&id=ff2b2bc6-908b-4f18-b004-b7bb079bb8f1","dc_title":"Uitnodiging en voorlopige agenda cie. FLO 08.06.2023","dc_type":"bijlage","foi_fairiscoreVersions":{"v1":1,"v2":1},"foi_fileName":"Uitnodiging%20en%20voorlopige%20agenda%20cie.%20FLO%2008.06.2023.pdf","foi_nrPages":2},{"dc_format":"application/pdf","dc_identifier":"nl.gm1954.2c.2023.2835069-2.doc.2","dc_source":"https://api1.ibabs.eu/publicdownload.aspx?site=Beekdaelen&id=5d36b72a-6294-4488-b4c0-b2920b5b4890","dc_title":"Vastgestelde agenda cie. FLO 08.06.2023","dc_type":"bijlage","foi_fairiscoreVersions":{"v1":1,"v2":1},"foi_fileName":"Vastgestelde%20agenda%20cie.%20FLO%2008.06.pdf","foi_nrPages":1}],"foi_nrDocuments":3,"foi_nrPagesInDossier":4,"foi_publishedDate":"2023-06-08","foi_retrievedDate":"2025-11-29"},{"dc_creator":"HandelingScraper_v1","dc_date_year":2023,"dc_description":"Vergadering van de Gemeente Beekdaelen op 2023-06-08. Onderdeel: Spreekrecht burgers..","dc_identifier":"nl.gm1954.2c.2023.2835069-3","dc_publisher":"gm1954","dc_source":"https://beekdaelen.bestuurlijkeinformatie.nl/Agenda/Index/ff8360a9-2700-487e-9444-cc7d1592b8bd","dc_title":"Raadscommissie Fysieke Leefomgeving 2023-06-08 - Spreekrecht burgers.","dc_type":"2c","dc_type_description":"Vergaderstuk decentrale overheid","foi_fairiscoreVersions":{"v1":null,"v2":null},"foi_files":[{"dc_format":"application/octet-stream","dc_identifier":"nl.gm1954.2c.2023.2835069-3.doc.1","dc_source":"https://api1.ibabs.eu/publicdownload.aspx?site=Beekdaelen&id=4721c46d-a4af-4809-a35a-f103b2e57fe7","dc_title":"A1 tm A3 + B1 1e termijn","dc_type":"bijlage","foi_fileName":"A1%20tm%20A3%20%2B%20B1%201e%20termijn.mp3","foi_nrPages":1}],"foi_nrDocuments":1,"foi_nrPagesInDossier":1,"foi_publishedDate":"2023-06-08","foi_retrievedDate":"2025-11-29"},{"dc_creator":"HandelingScraper_v1","dc_date_year":2023,"dc_description":"Vergadering van de Gemeente Beekdaelen op 2023-06-08. Onderdeel: Vaststellen actiepuntenlijst van de raadscommissie Fysieke Leefomgeving d.d. 11 mei 2023.","dc_identifier":"nl.gm1954.2c.2023.2835069-4","dc_publisher":"gm1954","dc_source":"https://beekdaelen.bestuurlijkeinformatie.nl/Agenda/Index/ff8360a9-2700-487e-9444-cc7d1592b8bd","dc_title":"Raadscommissie Fysieke Leefomgeving 2023-06-08 - Vaststellen actiepuntenlijst van de raadscommissie Fysieke Leefomgeving d.d. 11 mei 2023","dc_type":"2c","dc_type_description":"Vergaderstuk decentrale overheid","foi_fairiscoreVersions":{"v1":1,"v2":1},"foi_files":[{"dc_format":"application/octet-stream","dc_identifier":"nl.gm1954.2c.2023.2835069-4.doc.2","dc_source":"https://api1.ibabs.eu/publicdownload.aspx?site=Beekdaelen&id=0700048f-9ce3-4831-90a1-9923fe97f5e2","dc_title":"A1 tm A3 + B1 1e termijn","dc_type":"bijlage","foi_fileName":"A1%20tm%20A3%20%2B%20B1%201e%20termijn.mp3"},{"dc_format":"application/pdf","dc_identifier":"nl.gm1954.2c.2023.2835069-4.doc.1","dc_source":"https://api1.ibabs.eu/publicdownload.aspx?site=Beekdaelen&id=25a3156d-589f-40c2-a5bd-78e09c815dac","dc_title":"Actiepuntenlijst cie FLO 11052023 - vastgesteld 08.06.2023","dc_type":"bijlage","foi_fairiscoreVersions":{"v1":1,"v2":1},"foi_fileName":"Actiepuntenlijst%20cie%20FLO%2011052023%20%28kopie%20uit%20Decos%29.pdf","foi_nrPages":6}],"foi_nrDocuments":2,"foi_nrPagesInDossier":6,"foi_publishedDate":"2023-06-08","foi_retrievedDate":"2026-03-03"},{"dc_creator":"HandelingScraper_v1","dc_date_year":2023,"dc_description":"Vergadering van de Gemeente Beekdaelen op 2023-06-08. Onderdeel: Raadsvoorstel inzake: \"ontwerpbegroting 2024 GR Rd4\".","dc_identifier":"nl.gm1954.2c.2023.2835069-5","dc_publisher":"gm1954","dc_source":"https://beekdaelen.bestuurlijkeinformatie.nl/Agenda/Index/ff8360a9-2700-487e-9444-cc7d1592b8bd","dc_title":"Raadscommissie Fysieke Leefomgeving 2023-06-08 - Raadsvoorstel inzake: \"ontwerpbegroting 2024 GR Rd4\"","dc_type":"2c","dc_type_description":"Vergaderstuk decentrale overheid","foi_fairiscoreVersions":{"v1":1,"v2":1},"foi_files":[{"dc_format":"application/octet-stream","dc_identifier":"nl.gm1954.2c.2023.2835069-5.doc.9","dc_source":"https://api1.ibabs.eu/publicdownload.aspx?site=Beekdaelen&id=d5998cd9-af2f-4352-b8d1-63922971cda9","dc_title":"A1 tm A3 + B1 1e termijn","dc_type":"bijlage","foi_fileName":"A1%20tm%20A3%20%2B%20B1%201e%20termijn.mp3"},{"dc_format":"application/octet-stream","dc_identifier":"nl.gm1954.2c.2023.2835069-5.doc.11","dc_source":"https://api1.ibabs.eu/publicdownload.aspx?site=Beekdaelen&id=1ed7bf83-8ffb-44f0-9e8c-7e8099ed02db","dc_title":"B1 2e termijn","dc_type":"bijlage","foi_fileName":"B1%202e%20termijn.mp3"},{"dc_format":"application/octet-stream","dc_identifier":"nl.gm1954.2c.2023.2835069-5.doc.13","dc_source":"https://api1.ibabs.eu/publicdownload.aspx?site=Beekdaelen&id=3d04e5a3-922a-4db2-9e41-f33bd401ed96","dc_title":"B1 advies commissie","dc_type":"bijlage","foi_fileName":"B1%20advies%20commissie.mp3"},{"dc_format":"application/octet-stream","dc_identifier":"nl.gm1954.2c.2023.2835069-5.doc.10","dc_source":"https://api1.ibabs.eu/publicdownload.aspx?site=Beekdaelen&id=da958456-b821-41a2-bc9d-05c52cc46678","dc_title":"B1 antwoord 1e termijn","dc_type":"bijlage","foi_fileName":"B1%20antwoord%201e%20termijn.mp3"},{"dc_format":"application/octet-stream","dc_identifier":"nl.gm1954.2c.2023.2835069-5.doc.12","dc_source":"https://api1.ibabs.eu/publicdownload.aspx?site=Beekdaelen&id=95016f49-0f39-4948-bdf0-75fa1eea107b","dc_title":"B1 antwoord 2e termijn","dc_type":"bijlage","foi_fileName":"B1%20antwoord%202e%20termijn.mp3"},{"dc_format":"application/pdf","dc_identifier":"nl.gm1954.2c.2023.2835069-5.doc.4","dc_source":"https://api1.ibabs.eu/publicdownload.aspx?site=Beekdaelen&id=d223fc66-7cc7-4a65-85cb-15b1f79aa75a","dc_title":"Bijlage 3: Ontwerpbegroting 2024 + meerjarenbegroting 2025-2027","dc_type":"bijlage","foi_fairiscoreVersions":{"v1":1,"v2":1},"foi_fileName":"email.pdf","foi_nrPages":19},{"dc_format":"application/pdf","dc_identifier":"nl.gm1954.2c.2023.2835069-5.doc.5","dc_source":"https://api1.ibabs.eu/publicdownload.aspx?site=Beekdaelen&id=b6600871-c6d2-4fd2-b636-73f956d1a2e3","dc_title":"Bijlage 4: beknopte toelichting op begroting","dc_type":"bijlage","foi_fairiscoreVersions":{"v1":1,"v2":1},"foi_fileName":"email.pdf","foi_nrPages":6},{"dc_format":"application/pdf","dc_identifier":"nl.gm1954.2c.2023.2835069-5.doc.7","dc_source":"https://api1.ibabs.eu/publicdownload.aspx?site=Beekdaelen&id=6b94982a-bd07-47fd-bd6f-34590488d5f1","dc_title":"MvA technische vragen BL B1","dc_type":"bijlage","foi_fairiscoreVersions":{"v1":1,"v2":1},"foi_fileName":"MvA%20technische%20vragen%20BL%20B1.pdf","foi_nrPages":1},{"dc_format":"application/pdf","dc_identifier":"nl.gm1954.2c.2023.2835069-5.doc.8","dc_source":"https://api1.ibabs.eu/publicdownload.aspx?site=Beekdaelen&id=bb3263f5-4949-4568-8e0e-a2eb88f20036","dc_title":"MvA technische vragen GL B1","dc_type":"bijlage","foi_fairiscoreVersions":{"v1":1,"v2":1},"foi_fileName":"MvA%20technische%20vragen%20GL%20B1.pdf","foi_nrPages":1},{"dc_format":"application/pdf","dc_identifier":"nl.gm1954.2c.2023.2835069-5.doc.6","dc_source":"https://api1.ibabs.eu/publicdownload.aspx?site=Beekdaelen&id=ee9001ec-10c0-48ed-9491-1d92be0537c2","dc_title":"MvA technische vragen VG B1","dc_type":"bijlage","foi_fairiscoreVersions":{"v1":1,"v2":1},"foi_fileName":"MvA%20technische%20vragen%20VG%20B1.pdf","foi_nrPages":1},{"dc_format":"application/pdf","dc_identifier":"nl.gm1954.2c.2023.2835069-5.doc.1","dc_source":"https://api1.ibabs.eu/publicdownload.aspx?site=Beekdaelen&id=e2aad3bf-e2ed-410d-90f1-12ba5c2c7683","dc_title":"Raadsvoorstel \"Ontwerpbegroting 2024 GR Rd4\"","dc_type":"bijlage","foi_fairiscoreVersions":{"v1":1,"v2":1},"foi_fileName":"Z%2F23%2F188791%20-%20337043%20-%20Financi%C3%ABle%20jaarstukken%20GR%20Rd4.pdf","foi_nrPages":3},{"dc_format":"application/pdf","dc_identifier":"nl.gm1954.2c.2023.2835069-5.doc.2","dc_source":"https://api1.ibabs.eu/publicdownload.aspx?site=Beekdaelen&id=f22082e1-ba70-435c-9027-b27ad17eb911","dc_title":"Bijlage 1: concept raadsbesluit","dc_type":"bijlage","foi_fairiscoreVersions":{"v1":1,"v2":1},"foi_fileName":"Z%2F23%2F188791%20-%20337126%20-%20Financi%C3%ABle%20jaarstukken%20Gr%20Rd4.pdf","foi_nrPages":1},{"dc_format":"application/pdf","dc_identifier":"nl.gm1954.2c.2023.2835069-5.doc.3","dc_source":"https://api1.ibabs.eu/publicdownload.aspx?site=Beekdaelen&id=09910abd-349c-40ee-84e0-26533f476ab3","dc_title":"Bijlage 2: concept antwoordbrief aan GR Rd4","dc_type":"bijlage","foi_fairiscoreVersions":{"v1":1,"v2":1},"foi_fileName":"Z%2F23%2F188791%20-%20337938%20-%20Ontwerpbegroting%20Gr%20Rd4.pdf","foi_nrPages":1}],"foi_nrDocuments":13,"foi_nrPagesInDossier":33,"foi_publishedDate":"2023-06-08","foi_retrievedDate":"2025-12-04"},{"dc_creator":"HandelingScraper_v1","dc_date_year":2023,"dc_description":"Vergadering van de Gemeente Beekdaelen op 2023-06-08. Onderdeel: Raadsvoorstel inzake: \"ontwerpbegroting 2024 en Meerjarenraming 2025-2027 en Jaarrekening 2022 RUD Limburg-Zuid\".","dc_identifier":"nl.gm1954.2c.2023.2835069-6","dc_publisher":"gm1954","dc_source":"https://beekdaelen.bestuurlijkeinformatie.nl/Agenda/Index/ff8360a9-2700-487e-9444-cc7d1592b8bd","dc_title":"Raadscommissie Fysieke Leefomgeving 2023-06-08 - Raadsvoorstel inzake: \"ontwerpbegroting 2024 en Meerjarenraming 2025-2027 en Jaarrekening 2022 RUD Limburg-Zuid\"","dc_type":"2c","dc_type_description":"Vergaderstuk decentrale overheid","foi_fairiscoreVersions":{"v1":2,"v2":1},"foi_files":[{"dc_format":"application/octet-stream","dc_identifier":"nl.gm1954.2c.2023.2835069-6.doc.7","dc_source":"https://api1.ibabs.eu/publicdownload.aspx?site=Beekdaelen&id=4e2aba83-0a0a-471f-b94d-627b51f91092","dc_title":"B2 1e termijn","dc_type":"bijlage","foi_fileName":"B2%201e%20termijn.mp3"},{"dc_format":"application/octet-stream","dc_identifier":"nl.gm1954.2c.2023.2835069-6.doc.9","dc_source":"https://api1.ibabs.eu/publicdownload.aspx?site=Beekdaelen&id=ff0ab7c4-9dc5-455a-b3b6-40e423080fb6","dc_title":"B2 2e termijn incl antwoord","dc_type":"bijlage","foi_fileName":"B2%202e%20termijn%20incl%20antwoord.mp3"},{"dc_format":"application/octet-stream","dc_identifier":"nl.gm1954.2c.2023.2835069-6.doc.10","dc_source":"https://api1.ibabs.eu/publicdownload.aspx?site=Beekdaelen&id=827b8dd7-aa0e-4407-aa46-37288f9e9888","dc_title":"B2 advies commissie","dc_type":"bijlage","foi_fileName":"B2%20advies%20commissie.mp3"},{"dc_format":"application/octet-stream","dc_identifier":"nl.gm1954.2c.2023.2835069-6.doc.8","dc_source":"https://api1.ibabs.eu/publicdownload.aspx?site=Beekdaelen&id=980ca832-eb91-427b-a058-a14ef1c42c3f","dc_title":"B2 antwoord 1e termijn","dc_type":"bijlage","foi_fileName":"B2%20antwoord%201e%20termijn.mp3"},{"dc_format":"application/pdf","dc_identifier":"nl.gm1954.2c.2023.2835069-6.doc.6","dc_source":"https://api1.ibabs.eu/publicdownload.aspx?site=Beekdaelen&id=719c12ea-7f76-4976-a840-e962f35aae4e","dc_title":"MvA technische voorvragen BL B2","dc_type":"bijlage","foi_fairiscoreVersions":{"v1":1,"v2":1},"foi_fileName":"MvA%20technische%20voorvragen%20BL%20B2.pdf","foi_nrPages":1},{"dc_format":"application/pdf","dc_identifier":"nl.gm1954.2c.2023.2835069-6.doc.3","dc_source":"https://api1.ibabs.eu/publicdownload.aspx?site=Beekdaelen&id=c0fa4867-a12b-44ee-b3ef-50f634128dae","dc_title":"Bijlage 2: Jaarrekening 2022","dc_type":"bijlage","foi_fairiscoreVersions":{"v1":2,"v2":1},"foi_fileName":"Z%2F23%2F188648%20-%20335943%20-%20Jaarrekening%202022.pdf","foi_nrPages":57},{"dc_format":"application/pdf","dc_identifier":"nl.gm1954.2c.2023.2835069-6.doc.2","dc_source":"https://api1.ibabs.eu/publicdownload.aspx?site=Beekdaelen&id=14ac7d04-63b7-40ee-aeef-fa81cde751b4","dc_title":"Bijlage 1: Ontwerpbegroting 2024 meerjarenraming 2025 - 2027","dc_type":"bijlage","foi_fairiscoreVersions":{"v1":2,"v2":1},"foi_fileName":"Z%2F23%2F188648%20-%20335967%20-%20Ontwerpbegroting%202024%20meerjarenraming%202025%20-%202027.pdf","foi_nrPages":57},{"dc_format":"application/pdf","dc_identifier":"nl.gm1954.2c.2023.2835069-6.doc.4","dc_source":"https://api1.ibabs.eu/publicdownload.aspx?site=Beekdaelen&id=51dd69be-e7b7-4c22-8447-45e7f2734530","dc_title":"Bijlage 3: Begrotingswijziging 2023","dc_type":"bijlage","foi_fairiscoreVersions":{"v1":2,"v2":1},"foi_fileName":"Z%2F23%2F188648%20-%20335968%20-%20Begrotingswijziging%202023.pdf","foi_nrPages":5},{"dc_format":"application/pdf","dc_identifier":"nl.gm1954.2c.2023.2835069-6.doc.1","dc_source":"https://api1.ibabs.eu/publicdownload.aspx?site=Beekdaelen&id=aa3eb222-acb4-40f5-9cab-2981f7f0c89d","dc_title":"Raadsvoorstel \"Jaarrekening 2022 en Begroting 2024 RUD Limburg-Zuid\"","dc_type":"bijlage","foi_fairiscoreVersions":{"v1":1,"v2":1},"foi_fileName":"Z%2F23%2F188648%20-%20337408%20-%20Raadsvoorstel.pdf","foi_nrPages":3},{"dc_format":"application/pdf","dc_identifier":"nl.gm1954.2c.2023.2835069-6.doc.5","dc_source":"https://api1.ibabs.eu/publicdownload.aspx?site=Beekdaelen&id=7b35e762-7e9c-49be-b7d7-1a27e3e169c4","dc_title":"Bijlage 4: Concept-Raadsbesluit","dc_type":"bijlage","foi_fairiscoreVersions":{"v1":1,"v2":1},"foi_fileName":"Z%2F23%2F188648%20-%20337660%20-%20Raadsbesluit.pdf","foi_nrPages":1}],"foi_nrDocuments":10,"foi_nrPagesInDossier":124,"foi_publishedDate":"2023-06-08","foi_retrievedDate":"2026-02-05"},{"dc_creator":"HandelingScraper_v1","dc_date_year":2023,"dc_description":"Vergadering van de Gemeente Beekdaelen op 2023-06-08. Onderdeel: Raadsvoorstel inzake: \"evaluatie heffingsgrondslag rioolheffing en offerte BsGW maatwerk rioolheffing\".","dc_identifier":"nl.gm1954.2c.2023.2835069-7","dc_publisher":"gm1954","dc_source":"https://beekdaelen.bestuurlijkeinformatie.nl/Agenda/Index/ff8360a9-2700-487e-9444-cc7d1592b8bd","dc_title":"Raadscommissie Fysieke Leefomgeving 2023-06-08 - Raadsvoorstel inzake: \"evaluatie heffingsgrondslag rioolheffing en offerte BsGW maatwerk rioolheffing\"","dc_type":"2c","dc_type_description":"Vergaderstuk decentrale overheid","foi_fairiscoreVersions":{"v1":2,"v2":2},"foi_files":[{"dc_format":"application/octet-stream","dc_identifier":"nl.gm1954.2c.2023.2835069-7.doc.8","dc_source":"https://api1.ibabs.eu/publicdownload.aspx?site=Beekdaelen&id=19a3907d-cf32-484e-a8de-808fa80990fc","dc_title":"B3 1e termijn","dc_type":"bijlage","foi_fileName":"B3%201e%20termijn.mp3"},{"dc_format":"application/octet-stream","dc_identifier":"nl.gm1954.2c.2023.2835069-7.doc.10","dc_source":"https://api1.ibabs.eu/publicdownload.aspx?site=Beekdaelen&id=f1ced763-06cf-4395-89a0-c31ebaaa19da","dc_title":"B3 2e termijn","dc_type":"bijlage","foi_fileName":"B3%202e%20termijn.mp3"},{"dc_format":"application/octet-stream","dc_identifier":"nl.gm1954.2c.2023.2835069-7.doc.13","dc_source":"https://api1.ibabs.eu/publicdownload.aspx?site=Beekdaelen&id=86c9606b-ce93-4d73-9041-90d7e5fe7e8f","dc_title":"B3 advies commissie","dc_type":"bijlage","foi_fileName":"B3%20advies%20commissie.mp3"},{"dc_format":"application/octet-stream","dc_identifier":"nl.gm1954.2c.2023.2835069-7.doc.9","dc_source":"https://api1.ibabs.eu/publicdownload.aspx?site=Beekdaelen&id=9c153a8a-cafb-4625-8cc3-22455e36f46d","dc_title":"B3 antwoord 1e termijn","dc_type":"bijlage","foi_fileName":"B3%20antwoord%201e%20termijn.mp3"},{"dc_format":"application/octet-stream","dc_identifier":"nl.gm1954.2c.2023.2835069-7.doc.11","dc_source":"https://api1.ibabs.eu/publicdownload.aspx?site=Beekdaelen&id=120c8837-3cdc-4034-91de-b1f69f81d0d1","dc_title":"B3 antwoord 2e termijn I","dc_type":"bijlage","foi_fileName":"B3%20antwoord%202e%20termijn%20I.mp3"},{"dc_format":"application/octet-stream","dc_identifier":"nl.gm1954.2c.2023.2835069-7.doc.12","dc_source":"https://api1.ibabs.eu/publicdownload.aspx?site=Beekdaelen&id=d679e1d5-be95-4786-b18b-c539762f6ab8","dc_title":"B3 antwoord 2e termijn II","dc_type":"bijlage","foi_fileName":"B3%20antwoord%202e%20termijn%20II.mp3"},{"dc_format":"application/pdf","dc_identifier":"nl.gm1954.2c.2023.2835069-7.doc.2","dc_source":"https://api1.ibabs.eu/publicdownload.aspx?site=Beekdaelen&id=6ba362a7-d0f5-44d0-b7a6-731f4be9de21","dc_title":"Bijlage: Brief BsGW offerte maatwerk rioolheffing","dc_type":"bijlage","foi_fairiscoreVersions":{"v1":2,"v2":2},"foi_fileName":"Brief.pdf","foi_nrPages":3},{"dc_format":"application/pdf","dc_identifier":"nl.gm1954.2c.2023.2835069-7.doc.7","dc_source":"https://api1.ibabs.eu/publicdownload.aspx?site=Beekdaelen&id=45bf4493-d8b1-4063-b1a3-cbab0dc6ede9","dc_title":"MvA technische vragen BL B3","dc_type":"bijlage","foi_fairiscoreVersions":{"v1":1,"v2":1},"foi_fileName":"MvA%20technische%20vragen%20BL%20B3.pdf","foi_nrPages":1},{"dc_format":"application/pdf","dc_identifier":"nl.gm1954.2c.2023.2835069-7.doc.6","dc_source":"https://api1.ibabs.eu/publicdownload.aspx?site=Beekdaelen&id=7d2b665f-22b5-4a2a-981b-694dfaeffbbe","dc_title":"MvA technische vragen VVD B3","dc_type":"bijlage","foi_fairiscoreVersions":{"v1":1,"v2":1},"foi_fileName":"MvA%20technische%20vragen%20VVD%20B3.pdf","foi_nrPages":1},{"dc_format":"application/pdf","dc_identifier":"nl.gm1954.2c.2023.2835069-7.doc.3","dc_source":"https://api1.ibabs.eu/publicdownload.aspx?site=Beekdaelen&id=9dff4c7d-a930-41e8-a03e-54c8a7fb5e31","dc_title":"Bijlage: BsGW Prijsopgave maatwerk rioolheffing","dc_type":"bijlage","foi_fairiscoreVersions":{"v1":2,"v2":2},"foi_fileName":"Prijsopgave.pdf","foi_nrPages":1},{"dc_format":"application/pdf","dc_identifier":"nl.gm1954.2c.2023.2835069-7.doc.1","dc_source":"https://api1.ibabs.eu/publicdownload.aspx?site=Beekdaelen&id=1c070d43-4319-4819-8071-9c7be40286b7","dc_title":"Raadsvoorstel evaluatie heffingsgrondslag rioolheffing en offerte BsGW maatwerk rioolheffing","dc_type":"bijlage","foi_fairiscoreVersions":{"v1":1,"v2":1},"foi_fileName":"Z%2F23%2F188285%20-%20337287%20-%20Evaluatie%20heffingsgrondslag%20rioolheffing%20en%20offerte%20BsGW%20maatwerk%20rioolheffing.pdf","foi_nrPages":6},{"dc_format":"application/pdf","dc_identifier":"nl.gm1954.2c.2023.2835069-7.doc.4","dc_source":"https://api1.ibabs.eu/publicdownload.aspx?site=Beekdaelen&id=bb148897-4f1a-40ed-99b6-8bef0fb50920","dc_title":"Raadsbesluit evaluatie heffingsgrondslag rioolheffing en offerte BsGW maatwerk rioolheffing, vastgesteld raad 27062023","dc_type":"bijlage","foi_fairiscoreVersions":{"v1":1,"v2":1},"foi_fileName":"Z%2F23%2F188285%20-%20337295%20-%20Evaluatie%20heffingsgrondslag%20rioolheffing%20en%20offerte%20BsGW%20maatwerk%20rioolheffing.pdf","foi_nrPages":1},{"dc_format":"application/pdf","dc_identifier":"nl.gm1954.2c.2023.2835069-7.doc.5","dc_source":"https://api1.ibabs.eu/publicdownload.aspx?site=Beekdaelen&id=c7da46b9-0e54-405f-a32d-671ce0912166","dc_title":"Bijlage: brief aan BsGW offerte maatwerk rioolheffing","dc_type":"bijlage","foi_fairiscoreVersions":{"v1":1,"v2":1},"foi_fileName":"Z%2F23%2F188285%20-%20337296%20-%20Evaluatie%20heffingsgrondslag%20rioolheffing%20en%20offerte%20BsGW%20maatwerk%20rioolheffing.pdf","foi_nrPages":1}],"foi_nrDocuments":13,"foi_nrPagesInDossier":14,"foi_publishedDate":"2023-06-08","foi_retrievedDate":"2025-11-30"},{"dc_creator":"HandelingScraper_v1","dc_date_year":2023,"dc_description":"Vergadering van de Gemeente Beekdaelen op 2023-06-08. Onderdeel: Raadsvoorstel inzake: \"toevoegen van 4 woonwagenstandplaatsen\".","dc_identifier":"nl.gm1954.2c.2023.2835069-8","dc_publisher":"gm1954","dc_source":"https://beekdaelen.bestuurlijkeinformatie.nl/Agenda/Index/ff8360a9-2700-487e-9444-cc7d1592b8bd","dc_title":"Raadscommissie Fysieke Leefomgeving 2023-06-08 - Raadsvoorstel inzake: \"toevoegen van 4 woonwagenstandplaatsen\"","dc_type":"2c","dc_type_description":"Vergaderstuk decentrale overheid","foi_fairiscoreVersions":{"v1":1,"v2":1},"foi_files":[{"dc_format":"application/octet-stream","dc_identifier":"nl.gm1954.2c.2023.2835069-8.doc.7","dc_source":"https://api1.ibabs.eu/publicdownload.aspx?site=Beekdaelen&id=7047d3d3-55e8-4d33-a589-edd0e6bbd2c8","dc_title":"B4 1e termijn","dc_type":"bijlage","foi_fileName":"B4%201e%20termijn.mp3","foi_nrPages":1},{"dc_format":"application/octet-stream","dc_identifier":"nl.gm1954.2c.2023.2835069-8.doc.10","dc_source":"https://api1.ibabs.eu/publicdownload.aspx?site=Beekdaelen&id=18be6e1b-4988-4e03-8d83-aaa009751d69","dc_title":"B4 2e termijn","dc_type":"bijlage","foi_fileName":"B4%202e%20termijn.mp3","foi_nrPages":1},{"dc_format":"application/octet-stream","dc_identifier":"nl.gm1954.2c.2023.2835069-8.doc.8","dc_source":"https://api1.ibabs.eu/publicdownload.aspx?site=Beekdaelen&id=20faad78-e43b-4331-a389-3a61bd591d14","dc_title":"B4 antwoord 1e termijn I","dc_type":"bijlage","foi_fileName":"B4%20antwoord%201e%20termijn%20I.mp3","foi_nrPages":1},{"dc_format":"application/octet-stream","dc_identifier":"nl.gm1954.2c.2023.2835069-8.doc.12","dc_source":"https://api1.ibabs.eu/publicdownload.aspx?site=Beekdaelen&id=40ebbb57-7af2-430e-8a8c-48b4c5d3d890","dc_title":"B4 antwoord 2 termijn II + advies commissie","dc_type":"bijlage","foi_fileName":"B4%20antwoord%202%20termijn%20II%20%2B%20advies%20commissie.mp3","foi_nrPages":1},{"dc_format":"application/octet-stream","dc_identifier":"nl.gm1954.2c.2023.2835069-8.doc.11","dc_source":"https://api1.ibabs.eu/publicdownload.aspx?site=Beekdaelen&id=75ae5591-198c-40b8-b473-f091f4069340","dc_title":"B4 antwoord 2e termijn I","dc_type":"bijlage","foi_fileName":"B4%20antwoord%202e%20termijn%20I.mp3","foi_nrPages":1},{"dc_format":"application/octet-stream","dc_identifier":"nl.gm1954.2c.2023.2835069-8.doc.9","dc_source":"https://api1.ibabs.eu/publicdownload.aspx?site=Beekdaelen&id=ee2aef11-14fc-420f-908f-1ad539f5d6fe","dc_title":"B4 antwoordt 1e termijn II","dc_type":"bijlage","foi_fileName":"B4%20antwoordt%201e%20termijn%20II.mp3","foi_nrPages":1},{"dc_format":"application/pdf","dc_identifier":"nl.gm1954.2c.2023.2835069-8.doc.1","dc_source":"https://api1.ibabs.eu/publicdownload.aspx?site=Beekdaelen&id=50058d04-4c79-49dd-9e4f-8c5e160f8192","dc_title":"Raadsbesluit  inzake Toevoegen van 4 woonwagenstandplaatsen, vastgesteld raad 27062023","dc_type":"bijlage","foi_fairiscoreVersions":{"v1":1,"v2":1},"foi_fileName":"concept%20raadsbesluit%20Toevoegen%20van%204%20woonwagenstandplaatsen.pdf","foi_nrPages":1},{"dc_format":"application/pdf","dc_identifier":"nl.gm1954.2c.2023.2835069-8.doc.6","dc_source":"https://api1.ibabs.eu/publicdownload.aspx?site=Beekdaelen&id=6516ec95-e9f7-4650-aa19-e53e102759ce","dc_title":"MvA technische voorvragen BL B4","dc_type":"bijlage","foi_fairiscoreVersions":{"v1":1,"v2":1},"foi_fileName":"MvA%20technische%20voorvragen%20BL%20B4.pdf","foi_nrPages":2},{"dc_format":"application/pdf","dc_identifier":"nl.gm1954.2c.2023.2835069-8.doc.5","dc_source":"https://api1.ibabs.eu/publicdownload.aspx?site=Beekdaelen&id=44685a9a-ac15-47b3-9062-ee11fdbb76bd","dc_title":"MvA technische voorvragen CDA B4","dc_type":"bijlage","foi_fairiscoreVersions":{"v1":1,"v2":1},"foi_fileName":"MvA%20technische%20voorvragen%20CDA%20B4.pdf","foi_nrPages":1},{"dc_format":"application/pdf","dc_identifier":"nl.gm1954.2c.2023.2835069-8.doc.4","dc_source":"https://api1.ibabs.eu/publicdownload.aspx?site=Beekdaelen&id=830a6c87-0daf-4a95-9a7c-bb92ca23fb08","dc_title":"MvA technische voorvragen Koll\u00e9e Rijkx B4","dc_type":"bijlage","foi_fairiscoreVersions":{"v1":1,"v2":1},"foi_fileName":"MvA%20technische%20voorvragen%20Koll%C3%A9e%20Rijkx%20B4.pdf","foi_nrPages":2},{"dc_format":"application/pdf","dc_identifier":"nl.gm1954.2c.2023.2835069-8.doc.3","dc_source":"https://api1.ibabs.eu/publicdownload.aspx?site=Beekdaelen&id=9e542685-ac98-4674-b9ff-93edf8447797","dc_title":"MvA technische voorvragen VG B4","dc_type":"bijlage","foi_fairiscoreVersions":{"v1":1,"v2":1},"foi_fileName":"MvA%20technische%20voorvragen%20VG%20B4.pdf","foi_nrPages":3},{"dc_format":"application/pdf","dc_identifier":"nl.gm1954.2c.2023.2835069-8.doc.2","dc_source":"https://api1.ibabs.eu/publicdownload.aspx?site=Beekdaelen&id=cb26e4cc-131f-458d-989d-928917ccc16a","dc_title":"Raadsvoorstel  inzake Toevoegen van 4 woonwagenstandplaatsen","dc_type":"bijlage","foi_fairiscoreVersions":{"v1":1,"v2":1},"foi_fileName":"Z%2F20%2F140193%20-%20337487%20-%20Toevoegen%20van%204%20woonwagenstandplaatsen.pdf","foi_nrPages":3}],"foi_nrDocuments":12,"foi_nrPagesInDossier":18,"foi_publishedDate":"2023-06-08","foi_retrievedDate":"2025-12-07"},{"dc_creator":"HandelingScraper_v1","dc_date_year":2023,"dc_description":"Vergadering van de Gemeente Beekdaelen op 2023-06-08. Onderdeel: Raadsvoorstel inzake: \"Tiny House project - \u2013 Op de Bies 70a te Schimmert\".","dc_identifier":"nl.gm1954.2c.2023.2835069-9","dc_publisher":"gm1954","dc_source":"https://beekdaelen.bestuurlijkeinformatie.nl/Agenda/Index/ff8360a9-2700-487e-9444-cc7d1592b8bd","dc_title":"Raadscommissie Fysieke Leefomgeving 2023-06-08 - Raadsvoorstel inzake: \"Tiny House project - \u2013 Op de Bies 70a te Schimmert\"","dc_type":"2c","dc_type_description":"Vergaderstuk decentrale overheid","foi_fairiscoreVersions":{"v1":2,"v2":2},"foi_files":[{"dc_format":"application/octet-stream","dc_identifier":"nl.gm1954.2c.2023.2835069-9.doc.19","dc_source":"https://api1.ibabs.eu/publicdownload.aspx?site=Beekdaelen&id=5beb8d82-0030-4d26-ac2d-cc26022cfdc9","dc_title":"B5 1e termijn","dc_type":"bijlage","foi_fileName":"B5%201e%20termijn.mp3"},{"dc_format":"application/octet-stream","dc_identifier":"nl.gm1954.2c.2023.2835069-9.doc.21","dc_source":"https://api1.ibabs.eu/publicdownload.aspx?site=Beekdaelen&id=32308495-eb27-487c-950e-1291565905a9","dc_title":"B5 2e termijn","dc_type":"bijlage","foi_fileName":"B5%202e%20termijn.mp3"},{"dc_format":"application/octet-stream","dc_identifier":"nl.gm1954.2c.2023.2835069-9.doc.23","dc_source":"https://api1.ibabs.eu/publicdownload.aspx?site=Beekdaelen&id=ac2a2619-ae82-40fa-a316-511fd67aeb23","dc_title":"B5 advies commissie","dc_type":"bijlage","foi_fileName":"B5%20advies%20commissie.mp3"},{"dc_format":"application/octet-stream","dc_identifier":"nl.gm1954.2c.2023.2835069-9.doc.20","dc_source":"https://api1.ibabs.eu/publicdownload.aspx?site=Beekdaelen&id=8570ec01-fff5-41a5-ad20-186eac0f0689","dc_title":"B5 antwoord 1e termijn","dc_type":"bijlage","foi_fileName":"B5%20antwoord%201e%20termijn.mp3"},{"dc_format":"application/octet-stream","dc_identifier":"nl.gm1954.2c.2023.2835069-9.doc.22","dc_source":"https://api1.ibabs.eu/publicdownload.aspx?site=Beekdaelen&id=7e1e09c2-5eba-4067-b673-b6cf1cde0f4c","dc_title":"B5 antwoord 2e termijn","dc_type":"bijlage","foi_fileName":"B5%20antwoord%202e%20termijn.mp3"},{"dc_format":"application/pdf","dc_identifier":"nl.gm1954.2c.2023.2835069-9.doc.18","dc_source":"https://api1.ibabs.eu/publicdownload.aspx?site=Beekdaelen&id=60eb715a-6d14-4cbb-bc35-7977d1906580","dc_title":"MvA technische vragen BL B5","dc_type":"bijlage","foi_fairiscoreVersions":{"v1":1,"v2":1},"foi_fileName":"MvA%20technische%20vragen%20BL%20B5.pdf","foi_nrPages":1},{"dc_format":"application/pdf","dc_identifier":"nl.gm1954.2c.2023.2835069-9.doc.17","dc_source":"https://api1.ibabs.eu/publicdownload.aspx?site=Beekdaelen&id=737bd91b-4e81-4f06-9f2a-dc1b9f65ca5a","dc_title":"MvA technische vragen CDA B5","dc_type":"bijlage","foi_fairiscoreVersions":{"v1":1,"v2":1},"foi_fileName":"MvA%20technische%20vragen%20CDA%20B5.pdf","foi_nrPages":1},{"dc_format":"application/pdf","dc_identifier":"nl.gm1954.2c.2023.2835069-9.doc.16","dc_source":"https://api1.ibabs.eu/publicdownload.aspx?site=Beekdaelen&id=a3f80b29-61de-4c38-9d62-681cc6f470e0","dc_title":"MvA technische vragen GL B5","dc_type":"bijlage","foi_fairiscoreVersions":{"v1":1,"v2":1},"foi_fileName":"MvA%20technische%20vragen%20GL%20B5.pdf","foi_nrPages":2},{"dc_format":"application/pdf","dc_identifier":"nl.gm1954.2c.2023.2835069-9.doc.15","dc_source":"https://api1.ibabs.eu/publicdownload.aspx?site=Beekdaelen&id=246ba2a1-e8b3-4af2-a772-d47de021bcc0","dc_title":"MvA technische vragen Kollee Rijkx B5","dc_type":"bijlage","foi_fairiscoreVersions":{"v1":1,"v2":1},"foi_fileName":"MvA%20technische%20vragen%20Kollee%20Rijkx%20B5.pdf","foi_nrPages":2},{"dc_format":"application/pdf","dc_identifier":"nl.gm1954.2c.2023.2835069-9.doc.14","dc_source":"https://api1.ibabs.eu/publicdownload.aspx?site=Beekdaelen&id=416f2c85-33b6-44f4-8715-dc31fe3ff246","dc_title":"MvA technische vragen VG B5","dc_type":"bijlage","foi_fairiscoreVersions":{"v1":1,"v2":1},"foi_fileName":"MvA%20technische%20vragen%20VG%20B5.pdf","foi_nrPages":1},{"dc_format":"application/pdf","dc_identifier":"nl.gm1954.2c.2023.2835069-9.doc.12","dc_source":"https://api1.ibabs.eu/publicdownload.aspx?site=Beekdaelen&id=032af11e-4ba6-44d4-a136-d2e611f8db78","dc_title":"Raadsbesluit inzake Tiny House project Beekdaelen \u2013 Op de Bies 70a te Schimmert, vastgesteld raad 27062023","dc_type":"bijlage","foi_fairiscoreVersions":{"v1":1,"v2":1},"foi_fileName":"Z%2F22%2F183668%20-%20336712%20-%20Tiny%20House%20project%20Beekdaelen.pdf","foi_nrPages":1},{"dc_format":"application/pdf","dc_identifier":"nl.gm1954.2c.2023.2835069-9.doc.1","dc_source":"https://api1.ibabs.eu/publicdownload.aspx?site=Beekdaelen&id=befe2529-5575-492f-b488-a76243af2065","dc_title":"Raadsvoorstel inzake Tiny House project Beekdaelen \u2013 Op de Bies 70a te Schimmert","dc_type":"bijlage","foi_fairiscoreVersions":{"v1":1,"v2":1},"foi_fileName":"Z%2F22%2F183668%20-%20336720%20-%20Raadsvoorstel%3A%20Tiny%20House%20project%20Beekdaelen%20%E2%80%93%20Op%20de%20Bies%2070a%20te%20Schimmert.pdf","foi_nrPages":5},{"dc_format":"application/pdf","dc_identifier":"nl.gm1954.2c.2023.2835069-9.doc.11","dc_source":"https://api1.ibabs.eu/publicdownload.aspx?site=Beekdaelen&id=372cbfc2-7249-47f1-8b2a-1240e6afc381","dc_title":"Bijlage: Subsidiebeschikking Tiny House project Beekdaelen","dc_type":"bijlage","foi_fairiscoreVersions":{"v1":1,"v2":1},"foi_fileName":"Z%2F22%2F183668%20-%20336819%20-%20Subsidiebeschikking.pdf","foi_nrPages":5},{"dc_format":"application/pdf","dc_identifier":"nl.gm1954.2c.2023.2835069-9.doc.5","dc_source":"https://api1.ibabs.eu/publicdownload.aspx?site=Beekdaelen&id=bf8ddd01-f40e-4a10-9c4f-9f5719d464bf","dc_title":"Bijlage: Bidbook van vereniging Op de Bees; inclusief tekeningen (gemeenschappelijk gebouw)","dc_type":"bijlage","foi_fairiscoreVersions":{"v1":2,"v2":2},"foi_fileName":"Z%2F22%2F183668%20-%20337528.pdf","foi_nrPages":1},{"dc_format":"application/pdf","dc_identifier":"nl.gm1954.2c.2023.2835069-9.doc.4","dc_source":"https://api1.ibabs.eu/publicdownload.aspx?site=Beekdaelen&id=8f108161-c9b1-4618-a6af-2e92a3d79781","dc_title":"Bijlage: Bidbook van vereniging Op de Bees; inclusief tekeningen (terrein)","dc_type":"bijlage","foi_fairiscoreVersions":{"v1":2,"v2":1},"foi_fileName":"Z%2F22%2F183668%20-%20337528.pdf","foi_nrPages":1},{"dc_format":"application/pdf","dc_identifier":"nl.gm1954.2c.2023.2835069-9.doc.3","dc_source":"https://api1.ibabs.eu/publicdownload.aspx?site=Beekdaelen&id=bf087183-a0fc-4636-a748-9ac4da6b3952","dc_title":"Bijlage: Bidbook van vereniging Op de Bees; inclusief tekeningen (bid-book)","dc_type":"bijlage","foi_fairiscoreVersions":{"v1":2,"v2":4},"foi_fileName":"Z%2F22%2F183668%20-%20337528%20-%20Bijlage%201%3A%20Bidbook%20van%20vereniging%20Op%20de%20Bees.pdf","foi_nrPages":37},{"dc_format":"application/pdf","dc_identifier":"nl.gm1954.2c.2023.2835069-9.doc.9","dc_source":"https://api1.ibabs.eu/publicdownload.aspx?site=Beekdaelen&id=e9a1c441-6543-485c-8a3f-3fa5f19436d1","dc_title":"Bijlage: Raming project Tiny House Beekdaelen - voedselbos","dc_type":"bijlage","foi_fairiscoreVersions":{"v1":2,"v2":2},"foi_fileName":"Z%2F22%2F183668%20-%20337529.pdf","foi_nrPages":6},{"dc_format":"application/pdf","dc_identifier":"nl.gm1954.2c.2023.2835069-9.doc.7","dc_source":"https://api1.ibabs.eu/publicdownload.aspx?site=Beekdaelen&id=f885374a-c41e-43f4-90e5-0450914e009e","dc_title":"Bijlage: Raming project Tiny House Beekdaelen - terrein","dc_type":"bijlage","foi_fairiscoreVersions":{"v1":1,"v2":1},"foi_fileName":"Z%2F22%2F183668%20-%20337529.pdf","foi_nrPages":5},{"dc_format":"application/pdf","dc_identifier":"nl.gm1954.2c.2023.2835069-9.doc.6","dc_source":"https://api1.ibabs.eu/publicdownload.aspx?site=Beekdaelen&id=63a61f28-7d3b-4c7f-99b0-5e7e93ca7158","dc_title":"Bijlage: Raming project Tiny House Beekdaelen - totaal","dc_type":"bijlage","foi_fairiscoreVersions":{"v1":1,"v2":1},"foi_fileName":"Z%2F22%2F183668%20-%20337529.pdf","foi_nrPages":1},{"dc_format":"application/pdf","dc_identifier":"nl.gm1954.2c.2023.2835069-9.doc.8","dc_source":"https://api1.ibabs.eu/publicdownload.aspx?site=Beekdaelen&id=4d788a67-df24-465a-87d8-0e13cb4709af","dc_title":"Bijlage: Raming project Tiny House Beekdaelen - gebouw","dc_type":"bijlage","foi_fairiscoreVersions":{"v1":1,"v2":1},"foi_fileName":"Z%2F22%2F183668%20-%20337529%20-%20Bijlage%202%3A%20Raming%20project%20Tiny%20house%20Beekdaelen.pdf","foi_nrPages":1},{"dc_format":"application/pdf","dc_identifier":"nl.gm1954.2c.2023.2835069-9.doc.10","dc_source":"https://api1.ibabs.eu/publicdownload.aspx?site=Beekdaelen&id=7b83bb9f-9191-4285-8916-d9a1bdb8df9a","dc_title":"Bijlage: Samenwerkingsagenda Kwaliteit Limburgse Centra, d.d. 21 november 2022","dc_type":"bijlage","foi_fairiscoreVersions":{"v1":5,"v2":5},"foi_fileName":"Z%2F22%2F183668%20-%20337530%20-%20Bijlage%203%3A%20Samenwerkingsagenda%20KLC%20Beekdaelen.pdf","foi_nrPages":25},{"dc_format":"application/pdf","dc_identifier":"nl.gm1954.2c.2023.2835069-9.doc.13","dc_source":"https://api1.ibabs.eu/publicdownload.aspx?site=Beekdaelen&id=5dabea5a-7585-42f3-bf1b-c960ebcdc2fc","dc_title":"Bijlage: Begrotingsvoorstel Tiny House project Beekdaelen \u2013 Op de Bies 70a te Schimmert","dc_type":"bijlage","foi_fairiscoreVersions":{"v1":1,"v2":1},"foi_fileName":"Z%2F22%2F183668%20-%20337840.pdf","foi_nrPages":1},{"dc_format":"application/pdf","dc_identifier":"nl.gm1954.2c.2023.2835069-9.doc.2","dc_source":"https://api1.ibabs.eu/publicdownload.aspx?site=Beekdaelen&id=f199af76-69e7-4b4d-b63e-aedd4e877ca5","dc_title":"Bijlage: Achtergrond informatie Tiny House project Beekdaelen","dc_type":"bijlage","foi_fairiscoreVersions":{"v1":1,"v2":1},"foi_fileName":"Z%2F22%2F183668%20-%20338002%20-%20Achtergrond%20informatie%20Tiny%20House%20project%20Beekdaelen.pdf","foi_nrPages":5}],"foi_nrDocuments":23,"foi_nrPagesInDossier":101,"foi_publishedDate":"2023-06-08","foi_retrievedDate":"2025-12-06"},{"dc_creator":"HandelingScraper_v1","dc_date_year":2023,"dc_description":"Vergadering van de Gemeente Beekdaelen op 2023-06-27. Onderdeel: Opening.","dc_identifier":"nl.gm1954.2c.2023.2835180-1","dc_publisher":"gm1954","dc_source":"https://beekdaelen.bestuurlijkeinformatie.nl/Agenda/Index/a8ce9477-02af-4ee3-b6c6-b696188c3a77","dc_title":"Raadsvergadering 2023-06-27 - Opening","dc_type":"2c","dc_type_description":"Vergaderstuk decentrale overheid","foi_fairiscoreVersions":{"v1":1,"v2":1},"foi_files":[{"dc_format":"application/pdf","dc_identifier":"nl.gm1954.2c.2023.2835180-1.doc.1","dc_source":"https://api1.ibabs.eu/publicdownload.aspx?site=Beekdaelen&id=20544aa4-af85-4d20-98a3-0f56513c7a8b","dc_title":"Uitnodiging en voorlopige agenda raadsvergadering 27 juni 2023","dc_type":"bijlage","foi_fairiscoreVersions":{"v1":1,"v2":1},"foi_fileName":"Uitnodiging%20en%20voorlopige%20agenda%20raadsvergadering%2027%20juni%202023.pdf","foi_nrPages":2}],"foi_nrDocuments":1,"foi_nrPagesInDossier":2,"foi_publishedDate":"2023-06-27","foi_retrievedDate":"2025-11-29"},{"dc_creator":"HandelingScraper_v1","dc_date_year":2023,"dc_description":"Vergadering van de Gemeente Beekdaelen op 2023-06-27. Onderdeel: Voorstel inzake Ontwerpbegroting 2024 en Meerjarenraming 2025-2027 en Jaarrekening 2022 RUD Limburg-Zuid.","dc_identifier":"nl.gm1954.2c.2023.2835180-10","dc_publisher":"gm1954","dc_source":"https://beekdaelen.bestuurlijkeinformatie.nl/Agenda/Index/a8ce9477-02af-4ee3-b6c6-b696188c3a77","dc_title":"Raadsvergadering 2023-06-27 - Voorstel inzake Ontwerpbegroting 2024 en Meerjarenraming 2025-2027 en Jaarrekening 2022 RUD Limburg-Zuid","dc_type":"2c","dc_type_description":"Vergaderstuk decentrale overheid","foi_fairiscoreVersions":{"v1":2,"v2":1},"foi_files":[{"dc_format":"application/pdf","dc_identifier":"nl.gm1954.2c.2023.2835180-10.doc.4","dc_source":"https://api1.ibabs.eu/publicdownload.aspx?site=Beekdaelen&id=60e8bcb8-b25b-4e53-8600-2e52eb7b90f7","dc_title":"Bijlage: Jaarrekening 2022","dc_type":"bijlage","foi_fairiscoreVersions":{"v1":2,"v2":1},"foi_fileName":"Z%2F23%2F188648%20-%20335943%20-%20Jaarrekening%202022.pdf","foi_nrPages":57},{"dc_format":"application/pdf","dc_identifier":"nl.gm1954.2c.2023.2835180-10.doc.3","dc_source":"https://api1.ibabs.eu/publicdownload.aspx?site=Beekdaelen&id=e3791074-e8d6-4a91-b6ee-775e06bef553","dc_title":"Bijlage: Ontwerpbegroting 2024 meerjarenraming 2025 - 2027","dc_type":"bijlage","foi_fairiscoreVersions":{"v1":2,"v2":1},"foi_fileName":"Z%2F23%2F188648%20-%20335967%20-%20Ontwerpbegroting%202024%20meerjarenraming%202025%20-%202027.pdf","foi_nrPages":57},{"dc_format":"application/pdf","dc_identifier":"nl.gm1954.2c.2023.2835180-10.doc.5","dc_source":"https://api1.ibabs.eu/publicdownload.aspx?site=Beekdaelen&id=da340308-cd86-4d68-9371-1dd69967b3d6","dc_title":"Bijlage: Begrotingswijziging 2023","dc_type":"bijlage","foi_fairiscoreVersions":{"v1":2,"v2":1},"foi_fileName":"Z%2F23%2F188648%20-%20335968%20-%20Begrotingswijziging%202023.pdf","foi_nrPages":5},{"dc_format":"application/pdf","dc_identifier":"nl.gm1954.2c.2023.2835180-10.doc.1","dc_source":"https://api1.ibabs.eu/publicdownload.aspx?site=Beekdaelen&id=4d01f3da-cdbb-4a17-9f0e-8261de3ef8f3","dc_title":"Raadsvoorstel inzake Ontwerpbegroting 2024 en MJR 2025-2027 en Jaarrekening 2022 RUD Limburg-Zuid","dc_type":"bijlage","foi_fairiscoreVersions":{"v1":1,"v2":1},"foi_fileName":"Z%2F23%2F188648%20-%20337408%20-%20Raadsvoorstel.pdf","foi_nrPages":3},{"dc_format":"application/pdf","dc_identifier":"nl.gm1954.2c.2023.2835180-10.doc.2","dc_source":"https://api1.ibabs.eu/publicdownload.aspx?site=Beekdaelen&id=89ad6837-9e69-4e03-9dcd-e45c386d927d","dc_title":"Raadsbesluit inzake Ontwerpbegroting 2024 en MJR 2025-2027 en Jaarrekening 2022 RUD Limburg-Zuid, vastgesteld raad 27062023","dc_type":"bijlage","foi_fairiscoreVersions":{"v1":1,"v2":1},"foi_fileName":"Z%2F23%2F188648%20-%20337660%20-%20Raadsbesluit.pdf","foi_nrPages":1}],"foi_nrDocuments":5,"foi_nrPagesInDossier":123,"foi_publishedDate":"2023-06-27","foi_retrievedDate":"2025-11-29"},{"dc_creator":"HandelingScraper_v1","dc_date_year":2023,"dc_description":"Vergadering van de Gemeente Beekdaelen op 2023-06-27. Onderdeel: Voorstel inzake Tiny House project \u2013 Op de Bies 70a te Schimmert.","dc_identifier":"nl.gm1954.2c.2023.2835180-11","dc_publisher":"gm1954","dc_source":"https://beekdaelen.bestuurlijkeinformatie.nl/Agenda/Index/a8ce9477-02af-4ee3-b6c6-b696188c3a77","dc_title":"Raadsvergadering 2023-06-27 - Voorstel inzake Tiny House project \u2013 Op de Bies 70a te Schimmert","dc_type":"2c","dc_type_description":"Vergaderstuk decentrale overheid","foi_fairiscoreVersions":{"v1":2,"v2":2},"foi_files":[{"dc_format":"application/pdf","dc_identifier":"nl.gm1954.2c.2023.2835180-11.doc.2","dc_source":"https://api1.ibabs.eu/publicdownload.aspx?site=Beekdaelen&id=032af11e-4ba6-44d4-a136-d2e611f8db78","dc_title":"Raadsbesluit inzake Tiny House project Beekdaelen \u2013 Op de Bies 70a te Schimmert, vastgesteld raad 27062023","dc_type":"bijlage","foi_fairiscoreVersions":{"v1":1,"v2":1},"foi_fileName":"Z%2F22%2F183668%20-%20336712%20-%20Tiny%20House%20project%20Beekdaelen.pdf","foi_nrPages":1},{"dc_format":"application/pdf","dc_identifier":"nl.gm1954.2c.2023.2835180-11.doc.1","dc_source":"https://api1.ibabs.eu/publicdownload.aspx?site=Beekdaelen&id=befe2529-5575-492f-b488-a76243af2065","dc_title":"Raadsvoorstel inzake Tiny House project Beekdaelen \u2013 Op de Bies 70a te Schimmert","dc_type":"bijlage","foi_fairiscoreVersions":{"v1":1,"v2":1},"foi_fileName":"Z%2F22%2F183668%20-%20336720%20-%20Raadsvoorstel%3A%20Tiny%20House%20project%20Beekdaelen%20%E2%80%93%20Op%20de%20Bies%2070a%20te%20Schimmert.pdf","foi_nrPages":5},{"dc_format":"application/pdf","dc_identifier":"nl.gm1954.2c.2023.2835180-11.doc.12","dc_source":"https://api1.ibabs.eu/publicdownload.aspx?site=Beekdaelen&id=372cbfc2-7249-47f1-8b2a-1240e6afc381","dc_title":"Bijlage: Subsidiebeschikking Tiny House project Beekdaelen","dc_type":"bijlage","foi_fairiscoreVersions":{"v1":1,"v2":1},"foi_fileName":"Z%2F22%2F183668%20-%20336819%20-%20Subsidiebeschikking.pdf","foi_nrPages":5},{"dc_format":"application/pdf","dc_identifier":"nl.gm1954.2c.2023.2835180-11.doc.5","dc_source":"https://api1.ibabs.eu/publicdownload.aspx?site=Beekdaelen&id=8f108161-c9b1-4618-a6af-2e92a3d79781","dc_title":"Bijlage: Bidbook van vereniging Op de Bees; inclusief tekeningen (terrein)","dc_type":"bijlage","foi_fairiscoreVersions":{"v1":2,"v2":1},"foi_fileName":"Z%2F22%2F183668%20-%20337528.pdf","foi_nrPages":1},{"dc_format":"application/pdf","dc_identifier":"nl.gm1954.2c.2023.2835180-11.doc.6","dc_source":"https://api1.ibabs.eu/publicdownload.aspx?site=Beekdaelen&id=bf8ddd01-f40e-4a10-9c4f-9f5719d464bf","dc_title":"Bijlage: Bidbook van vereniging Op de Bees; inclusief tekeningen (gemeenschappelijk gebouw)","dc_type":"bijlage","foi_fairiscoreVersions":{"v1":2,"v2":2},"foi_fileName":"Z%2F22%2F183668%20-%20337528.pdf","foi_nrPages":1},{"dc_format":"application/pdf","dc_identifier":"nl.gm1954.2c.2023.2835180-11.doc.4","dc_source":"https://api1.ibabs.eu/publicdownload.aspx?site=Beekdaelen&id=bf087183-a0fc-4636-a748-9ac4da6b3952","dc_title":"Bijlage: Bidbook van vereniging Op de Bees; inclusief tekeningen (bid-book)","dc_type":"bijlage","foi_fairiscoreVersions":{"v1":2,"v2":4},"foi_fileName":"Z%2F22%2F183668%20-%20337528%20-%20Bijlage%201%3A%20Bidbook%20van%20vereniging%20Op%20de%20Bees.pdf","foi_nrPages":37},{"dc_format":"application/pdf","dc_identifier":"nl.gm1954.2c.2023.2835180-11.doc.7","dc_source":"https://api1.ibabs.eu/publicdownload.aspx?site=Beekdaelen&id=63a61f28-7d3b-4c7f-99b0-5e7e93ca7158","dc_title":"Bijlage: Raming project Tiny House Beekdaelen - totaal","dc_type":"bijlage","foi_fairiscoreVersions":{"v1":1,"v2":1},"foi_fileName":"Z%2F22%2F183668%20-%20337529.pdf","foi_nrPages":1},{"dc_format":"application/pdf","dc_identifier":"nl.gm1954.2c.2023.2835180-11.doc.8","dc_source":"https://api1.ibabs.eu/publicdownload.aspx?site=Beekdaelen&id=f885374a-c41e-43f4-90e5-0450914e009e","dc_title":"Bijlage: Raming project Tiny House Beekdaelen - terrein","dc_type":"bijlage","foi_fairiscoreVersions":{"v1":1,"v2":1},"foi_fileName":"Z%2F22%2F183668%20-%20337529.pdf","foi_nrPages":5},{"dc_format":"application/pdf","dc_identifier":"nl.gm1954.2c.2023.2835180-11.doc.10","dc_source":"https://api1.ibabs.eu/publicdownload.aspx?site=Beekdaelen&id=e9a1c441-6543-485c-8a3f-3fa5f19436d1","dc_title":"Bijlage: Raming project Tiny House Beekdaelen - voedselbos","dc_type":"bijlage","foi_fairiscoreVersions":{"v1":2,"v2":2},"foi_fileName":"Z%2F22%2F183668%20-%20337529.pdf","foi_nrPages":6},{"dc_format":"application/pdf","dc_identifier":"nl.gm1954.2c.2023.2835180-11.doc.9","dc_source":"https://api1.ibabs.eu/publicdownload.aspx?site=Beekdaelen&id=4d788a67-df24-465a-87d8-0e13cb4709af","dc_title":"Bijlage: Raming project Tiny House Beekdaelen - gebouw","dc_type":"bijlage","foi_fairiscoreVersions":{"v1":1,"v2":1},"foi_fileName":"Z%2F22%2F183668%20-%20337529%20-%20Bijlage%202%3A%20Raming%20project%20Tiny%20house%20Beekdaelen.pdf","foi_nrPages":1},{"dc_format":"application/pdf","dc_identifier":"nl.gm1954.2c.2023.2835180-11.doc.11","dc_source":"https://api1.ibabs.eu/publicdownload.aspx?site=Beekdaelen&id=7b83bb9f-9191-4285-8916-d9a1bdb8df9a","dc_title":"Bijlage: Samenwerkingsagenda Kwaliteit Limburgse Centra, d.d. 21 november 2022","dc_type":"bijlage","foi_fairiscoreVersions":{"v1":5,"v2":5},"foi_fileName":"Z%2F22%2F183668%20-%20337530%20-%20Bijlage%203%3A%20Samenwerkingsagenda%20KLC%20Beekdaelen.pdf","foi_nrPages":25},{"dc_format":"application/pdf","dc_identifier":"nl.gm1954.2c.2023.2835180-11.doc.13","dc_source":"https://api1.ibabs.eu/publicdownload.aspx?site=Beekdaelen&id=5dabea5a-7585-42f3-bf1b-c960ebcdc2fc","dc_title":"Bijlage: Begrotingsvoorstel Tiny House project Beekdaelen \u2013 Op de Bies 70a te Schimmert","dc_type":"bijlage","foi_fairiscoreVersions":{"v1":1,"v2":1},"foi_fileName":"Z%2F22%2F183668%20-%20337840.pdf","foi_nrPages":1},{"dc_format":"application/pdf","dc_identifier":"nl.gm1954.2c.2023.2835180-11.doc.3","dc_source":"https://api1.ibabs.eu/publicdownload.aspx?site=Beekdaelen&id=f199af76-69e7-4b4d-b63e-aedd4e877ca5","dc_title":"Bijlage: Achtergrond informatie Tiny House project Beekdaelen","dc_type":"bijlage","foi_fairiscoreVersions":{"v1":1,"v2":1},"foi_fileName":"Z%2F22%2F183668%20-%20338002%20-%20Achtergrond%20informatie%20Tiny%20House%20project%20Beekdaelen.pdf","foi_nrPages":5}],"foi_nrDocuments":13,"foi_nrPagesInDossier":94,"foi_publishedDate":"2023-06-27","foi_retrievedDate":"2025-11-29"},{"dc_creator":"HandelingScraper_v1","dc_date_year":2023,"dc_description":"Vergadering van de Gemeente Beekdaelen op 2023-06-27. Onderdeel: Voorstel inzake aankoop pand A Ge Water 18-20A te Schinveld.","dc_identifier":"nl.gm1954.2c.2023.2835180-12","dc_publisher":"gm1954","dc_source":"https://beekdaelen.bestuurlijkeinformatie.nl/Agenda/Index/a8ce9477-02af-4ee3-b6c6-b696188c3a77","dc_title":"Raadsvergadering 2023-06-27 - Voorstel inzake aankoop pand A Ge Water 18-20A te Schinveld","dc_type":"2c","dc_type_description":"Vergaderstuk decentrale overheid","foi_fairiscoreVersions":{"v1":1,"v2":1},"foi_files":[{"dc_format":"application/pdf","dc_identifier":"nl.gm1954.2c.2023.2835180-12.doc.3","dc_source":"https://api1.ibabs.eu/publicdownload.aspx?site=Beekdaelen&id=fcfe83c5-5d4c-4214-b3cc-cc34e86e50cc","dc_title":"Bijlage: Financieel overzicht mbt kosten en opbrengsten pand A Ge Water 18-20A","dc_type":"bijlage","foi_fairiscoreVersions":{"v1":1,"v2":1},"foi_fileName":"Z%2F22%2F180065%20-%20336348%20-.pdf","foi_nrPages":1},{"dc_format":"application/pdf","dc_identifier":"nl.gm1954.2c.2023.2835180-12.doc.1","dc_source":"https://api1.ibabs.eu/publicdownload.aspx?site=Beekdaelen&id=1e1c367d-14f3-4a30-b931-d580864092ee","dc_title":"Raadsvoorstel inzake aankoop pand A Ge Water 18-20A te Schinveld","dc_type":"bijlage","foi_fairiscoreVersions":{"v1":1,"v2":1},"foi_fileName":"Z%2F22%2F180065%20-%20337831%20-%20Voorgenomen%20aankoop%20pand%20A%20Ge%20Water%2018-20A%20te%20Schinveld.pdf","foi_nrPages":3},{"dc_format":"application/pdf","dc_identifier":"nl.gm1954.2c.2023.2835180-12.doc.2","dc_source":"https://api1.ibabs.eu/publicdownload.aspx?site=Beekdaelen&id=5bc81254-85e6-4970-9f2c-44cfc8255454","dc_title":"Raadsbesluit inzake aankoop pand A Ge Water 18-20A te Schinveld, vastgesteld raad 27062023","dc_type":"bijlage","foi_fairiscoreVersions":{"v1":1,"v2":1},"foi_fileName":"Z%2F22%2F180065%20-%20337832%20-%20Raadsbesluit%20inzake%20aankoop%20pand%20A%20Ge%20Water%2018-20A%20te%20Schinveld.pdf","foi_nrPages":1},{"dc_format":"application/pdf","dc_identifier":"nl.gm1954.2c.2023.2835180-12.doc.4","dc_source":"https://api1.ibabs.eu/publicdownload.aspx?site=Beekdaelen&id=15887d22-1541-483d-b3a6-be52f80078fa","dc_title":"Bijlage: Begrotingswijziging 5.2","dc_type":"bijlage","foi_fairiscoreVersions":{"v1":1,"v2":1},"foi_fileName":"Z%2F22%2F180065%20-%20338037%20-.pdf","foi_nrPages":1}],"foi_nrDocuments":4,"foi_nrPagesInDossier":6,"foi_publishedDate":"2023-06-27","foi_retrievedDate":"2025-11-29"},{"dc_creator":"HandelingScraper_v1","dc_date_year":2023,"dc_description":"Vergadering van de Gemeente Beekdaelen op 2023-06-27. Onderdeel: Voorstel inzake GR Centrumregeling opvang en beschermd wonen 2024 zienswijze..","dc_identifier":"nl.gm1954.2c.2023.2835180-13","dc_publisher":"gm1954","dc_source":"https://beekdaelen.bestuurlijkeinformatie.nl/Agenda/Index/a8ce9477-02af-4ee3-b6c6-b696188c3a77","dc_title":"Raadsvergadering 2023-06-27 - Voorstel inzake GR Centrumregeling opvang en beschermd wonen 2024 zienswijze.","dc_type":"2c","dc_type_description":"Vergaderstuk decentrale overheid","foi_fairiscoreVersions":{"v1":3,"v2":2},"foi_files":[{"dc_format":"application/pdf","dc_identifier":"nl.gm1954.2c.2023.2835180-13.doc.3","dc_source":"https://api1.ibabs.eu/publicdownload.aspx?site=Beekdaelen&id=949548c4-60bc-4492-a9fc-7facc36a4091","dc_title":"Bijlage: concept GR \"centrumregeling regionale samenwerking Parkstad opvang en beschermd wonen 2024\"","dc_type":"bijlage","foi_fairiscoreVersions":{"v1":2,"v2":1},"foi_fileName":"Z%2F23%2F188264%20-%20336884%20Centrumregeling%20regionale%20samenwerking%20Parkstad%20opvang%20en%20beschermd%20wonen%202024.pdf","foi_nrPages":7},{"dc_format":"application/pdf","dc_identifier":"nl.gm1954.2c.2023.2835180-13.doc.4","dc_source":"https://api1.ibabs.eu/publicdownload.aspx?site=Beekdaelen&id=7b70eca8-2c00-48e0-a193-907609d9b40a","dc_title":"Bijlage: VNG informatie m.b.t. indiening en behandeling van het wetvoorstel tot invoering  van het woonplaatsbeginsel BW.","dc_type":"bijlage","foi_fairiscoreVersions":{"v1":5,"v2":5},"foi_fileName":"Z%2F23%2F188264%20-%20336884%20VNG%20woonplaatsbeginsel%20aandachtspunt.pdf","foi_nrPages":2},{"dc_format":"application/pdf","dc_identifier":"nl.gm1954.2c.2023.2835180-13.doc.1","dc_source":"https://api1.ibabs.eu/publicdownload.aspx?site=Beekdaelen&id=d97201db-42e9-4fee-a3d6-dc34195f603d","dc_title":"Raadsvoorstel inzake GR \"Centrumregeling regionale samenwerking Parkstad opvang en beschermd wonen Wmo 2024\"","dc_type":"bijlage","foi_fairiscoreVersions":{"v1":1,"v2":1},"foi_fileName":"Z%2F23%2F188264%20-%20337059%20%20Raadsvoorstel%20Gemeenschappelijke%20regeling%20Centrumregeling%20regionale%20samenwerking%20Parkstad%20opvang%20en%20beschermd%20wonen%20Wmo%202024.pdf","foi_nrPages":5},{"dc_format":"application/pdf","dc_identifier":"nl.gm1954.2c.2023.2835180-13.doc.2","dc_source":"https://api1.ibabs.eu/publicdownload.aspx?site=Beekdaelen&id=059d4516-38f2-453c-8552-2cd1b21ca18f","dc_title":"Raadsbesluit inzake GR \"Centrumregeling regionale samenwerking Parkstad opvang en beschermd wonen Wmo 2024\", vastgesteld raad 27062023","dc_type":"bijlage","foi_fairiscoreVersions":{"v1":1,"v2":1},"foi_fileName":"Z%2F23%2F188264%20-%20337077%20Concept%20raadsbesluit%20Gemeenschappelijke%20regeling%20Centrumregeling%20regionale%20samenwerking%20Parkstad%20opvang%20en%20beschermd%20wonen%20Wmo%202024.pdf","foi_nrPages":1}],"foi_nrDocuments":4,"foi_nrPagesInDossier":15,"foi_publishedDate":"2023-06-27","foi_retrievedDate":"2025-11-29"},{"dc_creator":"HandelingScraper_v1","dc_date_year":2023,"dc_description":"Vergadering van de Gemeente Beekdaelen op 2023-06-27. Onderdeel: Amendement VVD inzake GR Centrumregeling opvang en beschermd wonen.","dc_identifier":"nl.gm1954.2c.2023.2835180-14","dc_publisher":"gm1954","dc_source":"https://beekdaelen.bestuurlijkeinformatie.nl/Agenda/Index/a8ce9477-02af-4ee3-b6c6-b696188c3a77","dc_title":"Raadsvergadering 2023-06-27 - Amendement VVD inzake GR Centrumregeling opvang en beschermd wonen","dc_type":"2c","dc_type_description":"Vergaderstuk decentrale overheid","foi_fairiscoreVersions":{"v1":1,"v2":1},"foi_files":[{"dc_format":"application/pdf","dc_identifier":"nl.gm1954.2c.2023.2835180-14.doc.1","dc_source":"https://api1.ibabs.eu/publicdownload.aspx?site=Beekdaelen&id=6c305af8-10d6-4410-a762-9487f01ac122","dc_title":"Amendement VVD inzake GR opvang en beschermd wonen INGETROKKEN","dc_type":"bijlage","foi_fairiscoreVersions":{"v1":1,"v2":1},"foi_fileName":"Amendement%20VVD%20inzake%20GR%20opvang%20en%20beschermd%20wonen%20INGETROKKEN.pdf","foi_nrPages":1}],"foi_nrDocuments":1,"foi_nrPagesInDossier":1,"foi_publishedDate":"2023-06-27","foi_retrievedDate":"2025-11-29"},{"dc_creator":"HandelingScraper_v1","dc_date_year":2023,"dc_description":"Vergadering van de Gemeente Beekdaelen op 2023-06-27. Onderdeel: Voorstel inzake visiedocument Toekomst van tennis in Beekdaelen.","dc_identifier":"nl.gm1954.2c.2023.2835180-15","dc_publisher":"gm1954","dc_source":"https://beekdaelen.bestuurlijkeinformatie.nl/Agenda/Index/a8ce9477-02af-4ee3-b6c6-b696188c3a77","dc_title":"Raadsvergadering 2023-06-27 - Voorstel inzake visiedocument Toekomst van tennis in Beekdaelen","dc_type":"2c","dc_type_description":"Vergaderstuk decentrale overheid","foi_fairiscoreVersions":{"v1":2,"v2":2},"foi_files":[{"dc_format":"application/pdf","dc_identifier":"nl.gm1954.2c.2023.2835180-15.doc.4","dc_source":"https://api1.ibabs.eu/publicdownload.aspx?site=Beekdaelen&id=37da07db-1b6a-479d-bdce-604fb58ef3f3","dc_title":"Adviesnotitie gemeente Beekdaelen","dc_type":"bijlage","foi_fairiscoreVersions":{"v1":1,"v2":1},"foi_fileName":"Adviesnotitie%20gemeente%20Beekdaelen.pdf","foi_nrPages":3},{"dc_format":"application/pdf","dc_identifier":"nl.gm1954.2c.2023.2835180-15.doc.2","dc_source":"https://api1.ibabs.eu/publicdownload.aspx?site=Beekdaelen&id=19e3aced-cd47-41f1-b7cd-8dfd70ce4ace","dc_title":"Raadsbesluit inzake Visiedocument Toekomst van tennis in Beekdaelen, vastgesteld raad 27062023","dc_type":"bijlage","foi_fairiscoreVersions":{"v1":1,"v2":1},"foi_fileName":"Raadsbesluit%20-%20337269%20-%20Visiedocument%20Toekomst%20van%20tennis%20in%20Beekdaelen.pdf","foi_nrPages":1},{"dc_format":"application/pdf","dc_identifier":"nl.gm1954.2c.2023.2835180-15.doc.1","dc_source":"https://api1.ibabs.eu/publicdownload.aspx?site=Beekdaelen&id=042b09f9-e591-480f-aecd-6cc1a41dd26d","dc_title":"Raadsvoorstel inzake Visiedocument Toekomst van tennis in Beekdaelen","dc_type":"bijlage","foi_fairiscoreVersions":{"v1":1,"v2":1},"foi_fileName":"Raadsvoorstel%20-%20337268%20-%20Visiedocument%20Toekomst%20van%20tennis%20in%20Beekdaelen.pdf","foi_nrPages":3},{"dc_format":"application/pdf","dc_identifier":"nl.gm1954.2c.2023.2835180-15.doc.3","dc_source":"https://api1.ibabs.eu/publicdownload.aspx?site=Beekdaelen&id=86015895-5874-4c73-ba21-2f3eab8facd9","dc_title":"Visiedocument Toekomst van tennis in Beekdaelen","dc_type":"bijlage","foi_fairiscoreVersions":{"v1":2,"v2":2},"foi_fileName":"Visiedocument%20Toekomst%20van%20tennis%20in%20Beekdaelen.pdf","foi_nrPages":9}],"foi_nrDocuments":4,"foi_nrPagesInDossier":16,"foi_publishedDate":"2023-06-27","foi_retrievedDate":"2025-11-29"},{"dc_creator":"HandelingScraper_v1","dc_date_year":2023,"dc_description":"Vergadering van de Gemeente Beekdaelen op 2023-06-27. Onderdeel: Amendement VVD, GL, D66, PvdA en Koll\u00e9e-Rijkx inzake Visiedocument toekomst van tennis.","dc_identifier":"nl.gm1954.2c.2023.2835180-16","dc_publisher":"gm1954","dc_source":"https://beekdaelen.bestuurlijkeinformatie.nl/Agenda/Index/a8ce9477-02af-4ee3-b6c6-b696188c3a77","dc_title":"Raadsvergadering 2023-06-27 - Amendement VVD, GL, D66, PvdA en Koll\u00e9e-Rijkx inzake Visiedocument toekomst van tennis","dc_type":"2c","dc_type_description":"Vergaderstuk decentrale overheid","foi_fairiscoreVersions":{"v1":1,"v2":1},"foi_files":[{"dc_format":"application/pdf","dc_identifier":"nl.gm1954.2c.2023.2835180-16.doc.1","dc_source":"https://api1.ibabs.eu/publicdownload.aspx?site=Beekdaelen&id=0663ef0a-c664-4146-acca-a2743e7d46b9","dc_title":"Amendement VVD, GL, D66, PvdA en Koll\u00e9e-Rijkx inzake Visiedocument toekomst van tennis VERWORPEN.","dc_type":"bijlage","foi_fairiscoreVersions":{"v1":1,"v2":1},"foi_fileName":"Amendement%20VVD_%20GL_%20D66_%20PvdA%20en%20Koll%C3%A9e-Rijkx%20inzake%20Visiedocument%20toekomst%20van%20tennis%20VERWORPEN.pdf","foi_nrPages":2}],"foi_nrDocuments":1,"foi_nrPagesInDossier":2,"foi_publishedDate":"2023-06-27","foi_retrievedDate":"2025-11-29"},{"dc_creator":"HandelingScraper_v1","dc_date_year":2023,"dc_description":"Vergadering van de Gemeente Beekdaelen op 2023-06-27. Onderdeel: Voorstel inzake Evaluatie heffingsgrondslag rioolheffing en offerte BsGW maatwerk rioolheffing.","dc_identifier":"nl.gm1954.2c.2023.2835180-17","dc_publisher":"gm1954","dc_source":"https://beekdaelen.bestuurlijkeinformatie.nl/Agenda/Index/a8ce9477-02af-4ee3-b6c6-b696188c3a77","dc_title":"Raadsvergadering 2023-06-27 - Voorstel inzake Evaluatie heffingsgrondslag rioolheffing en offerte BsGW maatwerk rioolheffing","dc_type":"2c","dc_type_description":"Vergaderstuk decentrale overheid","foi_fairiscoreVersions":{"v1":2,"v2":2},"foi_files":[{"dc_format":"application/pdf","dc_identifier":"nl.gm1954.2c.2023.2835180-17.doc.6","dc_source":"https://api1.ibabs.eu/publicdownload.aspx?site=Beekdaelen&id=c1f71224-0def-46b2-8a62-627b109da752","dc_title":"Beantwoording vragen GroenLinks inzake agendapunt 5.3 rioolheffing","dc_type":"bijlage","foi_fairiscoreVersions":{"v1":1,"v2":1},"foi_fileName":"Beantwoording%20vragen%20GroenLinks%20inzake%20agendapunt%205.3%20rioolheffing.pdf","foi_nrPages":1},{"dc_format":"application/pdf","dc_identifier":"nl.gm1954.2c.2023.2835180-17.doc.3","dc_source":"https://api1.ibabs.eu/publicdownload.aspx?site=Beekdaelen&id=6ba362a7-d0f5-44d0-b7a6-731f4be9de21","dc_title":"Bijlage: Brief BsGW offerte maatwerk rioolheffing","dc_type":"bijlage","foi_fairiscoreVersions":{"v1":2,"v2":2},"foi_fileName":"Brief.pdf","foi_nrPages":3},{"dc_format":"application/pdf","dc_identifier":"nl.gm1954.2c.2023.2835180-17.doc.4","dc_source":"https://api1.ibabs.eu/publicdownload.aspx?site=Beekdaelen&id=9dff4c7d-a930-41e8-a03e-54c8a7fb5e31","dc_title":"Bijlage: BsGW Prijsopgave maatwerk rioolheffing","dc_type":"bijlage","foi_fairiscoreVersions":{"v1":2,"v2":2},"foi_fileName":"Prijsopgave.pdf","foi_nrPages":1},{"dc_format":"application/pdf","dc_identifier":"nl.gm1954.2c.2023.2835180-17.doc.1","dc_source":"https://api1.ibabs.eu/publicdownload.aspx?site=Beekdaelen&id=1c070d43-4319-4819-8071-9c7be40286b7","dc_title":"Raadsvoorstel evaluatie heffingsgrondslag rioolheffing en offerte BsGW maatwerk rioolheffing","dc_type":"bijlage","foi_fairiscoreVersions":{"v1":1,"v2":1},"foi_fileName":"Z%2F23%2F188285%20-%20337287%20-%20Evaluatie%20heffingsgrondslag%20rioolheffing%20en%20offerte%20BsGW%20maatwerk%20rioolheffing.pdf","foi_nrPages":6},{"dc_format":"application/pdf","dc_identifier":"nl.gm1954.2c.2023.2835180-17.doc.2","dc_source":"https://api1.ibabs.eu/publicdownload.aspx?site=Beekdaelen&id=bb148897-4f1a-40ed-99b6-8bef0fb50920","dc_title":"Raadsbesluit evaluatie heffingsgrondslag rioolheffing en offerte BsGW maatwerk rioolheffing, vastgesteld raad 27062023","dc_type":"bijlage","foi_fairiscoreVersions":{"v1":1,"v2":1},"foi_fileName":"Z%2F23%2F188285%20-%20337295%20-%20Evaluatie%20heffingsgrondslag%20rioolheffing%20en%20offerte%20BsGW%20maatwerk%20rioolheffing.pdf","foi_nrPages":1},{"dc_format":"application/pdf","dc_identifier":"nl.gm1954.2c.2023.2835180-17.doc.5","dc_source":"https://api1.ibabs.eu/publicdownload.aspx?site=Beekdaelen&id=c7da46b9-0e54-405f-a32d-671ce0912166","dc_title":"Bijlage: brief aan BsGW offerte maatwerk rioolheffing","dc_type":"bijlage","foi_fairiscoreVersions":{"v1":1,"v2":1},"foi_fileName":"Z%2F23%2F188285%20-%20337296%20-%20Evaluatie%20heffingsgrondslag%20rioolheffing%20en%20offerte%20BsGW%20maatwerk%20rioolheffing.pdf","foi_nrPages":1}],"foi_nrDocuments":6,"foi_nrPagesInDossier":13,"foi_publishedDate":"2023-06-27","foi_retrievedDate":"2025-11-29"},{"dc_creator":"HandelingScraper_v1","dc_date_year":2023,"dc_description":"Vergadering van de Gemeente Beekdaelen op 2023-06-27. Onderdeel: Amendement PvdA inzake heffingsgrondslag rioolheffing.","dc_identifier":"nl.gm1954.2c.2023.2835180-18","dc_publisher":"gm1954","dc_source":"https://beekdaelen.bestuurlijkeinformatie.nl/Agenda/Index/a8ce9477-02af-4ee3-b6c6-b696188c3a77","dc_title":"Raadsvergadering 2023-06-27 - Amendement PvdA inzake heffingsgrondslag rioolheffing","dc_type":"2c","dc_type_description":"Vergaderstuk decentrale overheid","foi_fairiscoreVersions":{"v1":1,"v2":1},"foi_files":[{"dc_format":"application/pdf","dc_identifier":"nl.gm1954.2c.2023.2835180-18.doc.1","dc_source":"https://api1.ibabs.eu/publicdownload.aspx?site=Beekdaelen&id=0714e6ec-ea6d-4f7c-8df9-4844c64bc942","dc_title":"Amendement PvdA inzake rioolheffing VERWORPEN","dc_type":"bijlage","foi_fairiscoreVersions":{"v1":1,"v2":1},"foi_fileName":"Amendement%20PvdA%20inzake%20rioolheffing%20VERWORPEN.pdf","foi_nrPages":1}],"foi_nrDocuments":1,"foi_nrPagesInDossier":1,"foi_publishedDate":"2023-06-27","foi_retrievedDate":"2025-11-29"},{"dc_creator":"HandelingScraper_v1","dc_date_year":2023,"dc_description":"Vergadering van de Gemeente Beekdaelen op 2023-06-27. Onderdeel: Amendement GroenLinks inzake rioolheffing.","dc_identifier":"nl.gm1954.2c.2023.2835180-19","dc_publisher":"gm1954","dc_source":"https://beekdaelen.bestuurlijkeinformatie.nl/Agenda/Index/a8ce9477-02af-4ee3-b6c6-b696188c3a77","dc_title":"Raadsvergadering 2023-06-27 - Amendement GroenLinks inzake rioolheffing","dc_type":"2c","dc_type_description":"Vergaderstuk decentrale overheid","foi_fairiscoreVersions":{"v1":1,"v2":1},"foi_files":[{"dc_format":"application/pdf","dc_identifier":"nl.gm1954.2c.2023.2835180-19.doc.1","dc_source":"https://api1.ibabs.eu/publicdownload.aspx?site=Beekdaelen&id=ae495f09-cd9d-4b3a-b5df-ed21da0a9915","dc_title":"Amendement GL inzake rioolheffing VERWORPEN","dc_type":"bijlage","foi_fairiscoreVersions":{"v1":1,"v2":1},"foi_fileName":"Amendement%20GL%20inzake%20rioolheffing%20VERWORPEN.pdf","foi_nrPages":2}],"foi_nrDocuments":1,"foi_nrPagesInDossier":2,"foi_publishedDate":"2023-06-27","foi_retrievedDate":"2025-11-29"},{"dc_creator":"HandelingScraper_v1","dc_date_year":2023,"dc_description":"Vergadering van de Gemeente Beekdaelen op 2023-06-27. Onderdeel: Vaststelling van de agenda.","dc_identifier":"nl.gm1954.2c.2023.2835180-2","dc_publisher":"gm1954","dc_source":"https://beekdaelen.bestuurlijkeinformatie.nl/Agenda/Index/a8ce9477-02af-4ee3-b6c6-b696188c3a77","dc_title":"Raadsvergadering 2023-06-27 - Vaststelling van de agenda","dc_type":"2c","dc_type_description":"Vergaderstuk decentrale overheid","foi_fairiscoreVersions":{"v1":1,"v2":1},"foi_files":[{"dc_format":"application/pdf","dc_identifier":"nl.gm1954.2c.2023.2835180-2.doc.1","dc_source":"https://api1.ibabs.eu/publicdownload.aspx?site=Beekdaelen&id=fde9142c-0fca-4375-8087-aee04aba739d","dc_title":"Vastgestelde agenda raadsvergadering 27.06.2023","dc_type":"bijlage","foi_fairiscoreVersions":{"v1":1,"v2":1},"foi_fileName":"Vastgestelde%20agenda%20raadsvergadering%2027.06.2023%20-%20reg.nr.%20341548.pdf","foi_nrPages":1}],"foi_nrDocuments":1,"foi_nrPagesInDossier":1,"foi_publishedDate":"2023-06-27","foi_retrievedDate":"2025-11-29"},{"dc_creator":"HandelingScraper_v1","dc_date_year":2023,"dc_description":"Vergadering van de Gemeente Beekdaelen op 2023-06-27. Onderdeel: Voorstel inzake aanpassing verwijzing bouwkostenberekeningsmethodiek in artikel 2.1.1.2 tarieventabel Legesverordening gemeente Beekdaelen 2023..","dc_identifier":"nl.gm1954.2c.2023.2835180-20","dc_publisher":"gm1954","dc_source":"https://beekdaelen.bestuurlijkeinformatie.nl/Agenda/Index/a8ce9477-02af-4ee3-b6c6-b696188c3a77","dc_title":"Raadsvergadering 2023-06-27 - Voorstel inzake aanpassing verwijzing bouwkostenberekeningsmethodiek in artikel 2.1.1.2 tarieventabel Legesverordening gemeente Beekdaelen 2023.","dc_type":"2c","dc_type_description":"Vergaderstuk decentrale overheid","foi_fairiscoreVersions":{"v1":1,"v2":1},"foi_files":[{"dc_format":"application/pdf","dc_identifier":"nl.gm1954.2c.2023.2835180-20.doc.6","dc_source":"https://api1.ibabs.eu/publicdownload.aspx?site=Beekdaelen&id=f149a614-3e89-4226-9b23-f4aadf4802af","dc_title":"MvA openstaande vragen agendapunt B4 II Aanvulling vergelijking bouwleges WM en Parkstad II (bijlage).pdf","dc_type":"bijlage","foi_fairiscoreVersions":{"v1":1,"v2":1},"foi_fileName":"MvA%20openstaande%20vragen%20agendapunt%20B4%20II%20Aanvulling%20vergelijking%20bouwleges%20WM%20en%20Parkstad%20II%20%28bijlage%29.pdf","foi_nrPages":1},{"dc_format":"application/pdf","dc_identifier":"nl.gm1954.2c.2023.2835180-20.doc.5","dc_source":"https://api1.ibabs.eu/publicdownload.aspx?site=Beekdaelen&id=021c28b6-6168-4e99-a290-bfcaf92b0dc5","dc_title":"MvA openstaande vragen agendapunt B4 II Aanvulling vergelijking bouwleges WM en Parkstad II (verzonden mail).pdf","dc_type":"bijlage","foi_fairiscoreVersions":{"v1":1,"v2":1},"foi_fileName":"MvA%20openstaande%20vragen%20agendapunt%20B4%20II%20Aanvulling%20vergelijking%20bouwleges%20WM%20en%20Parkstad%20II%20%28verzonden%20mail%29.pdf","foi_nrPages":2},{"dc_format":"application/pdf","dc_identifier":"nl.gm1954.2c.2023.2835180-20.doc.4","dc_source":"https://api1.ibabs.eu/publicdownload.aspx?site=Beekdaelen&id=b1f8a29c-2100-43bb-9e8d-a8a7738f3bcd","dc_title":"MvA openstaande vragen na commissiebehandeling","dc_type":"bijlage","foi_fairiscoreVersions":{"v1":1,"v2":1},"foi_fileName":"MvA%20openstaande%20vragen%20na%20commissiebehandeling.pdf","foi_nrPages":2},{"dc_format":"application/pdf","dc_identifier":"nl.gm1954.2c.2023.2835180-20.doc.1","dc_source":"https://api1.ibabs.eu/publicdownload.aspx?site=Beekdaelen&id=c97c9582-c0d9-46af-b75b-84fd3e9a1787","dc_title":"Raadsvoorstel aanpassing verwijzing bouwkostenberekeningsmethodiek artikel 2.1.1.2 tarieventabel Legesverordening gemeente Beekdaelen 2023","dc_type":"bijlage","foi_fairiscoreVersions":{"v1":1,"v2":1},"foi_fileName":"Z%2F23%2F189401%20-%20337792%20-%20leges.pdf","foi_nrPages":3},{"dc_format":"application/pdf","dc_identifier":"nl.gm1954.2c.2023.2835180-20.doc.2","dc_source":"https://api1.ibabs.eu/publicdownload.aspx?site=Beekdaelen&id=0cddd496-62b1-42a0-bd44-c2293a2dfdfb","dc_title":"Raadsbesluit aanpassing verwijzing bouwkostenberekeningssystematiek artikel 2.1.1.2. tarieventabel Legesverordening gemeente Beekdaelen 2023, vastgesteld raad 27062023","dc_type":"bijlage","foi_fairiscoreVersions":{"v1":1,"v2":1},"foi_fileName":"Z%2F23%2F189401%20-%20337794%20-%20leges.pdf","foi_nrPages":1},{"dc_format":"application/pdf","dc_identifier":"nl.gm1954.2c.2023.2835180-20.doc.3","dc_source":"https://api1.ibabs.eu/publicdownload.aspx?site=Beekdaelen&id=a059b998-9306-4068-b602-7bb1e225646b","dc_title":"Bijlage: kengetallen toetsing bouwkosten Beekdaelen 2023","dc_type":"bijlage","foi_fairiscoreVersions":{"v1":1,"v2":1},"foi_fileName":"Z%2F23%2F189401%20-%20337903%20-%20Kengetallen%20toetsing%20bouwkosten%20Beekdaelen%202023.pdf","foi_nrPages":16}],"foi_nrDocuments":6,"foi_nrPagesInDossier":25,"foi_publishedDate":"2023-06-27","foi_retrievedDate":"2025-11-29"},{"dc_creator":"HandelingScraper_v1","dc_date_year":2023,"dc_description":"Vergadering van de Gemeente Beekdaelen op 2023-06-27. Onderdeel: Voorstel inzake toevoegen van 4 woonwagenstandplaatsen.","dc_identifier":"nl.gm1954.2c.2023.2835180-21","dc_publisher":"gm1954","dc_source":"https://beekdaelen.bestuurlijkeinformatie.nl/Agenda/Index/a8ce9477-02af-4ee3-b6c6-b696188c3a77","dc_title":"Raadsvergadering 2023-06-27 - Voorstel inzake toevoegen van 4 woonwagenstandplaatsen","dc_type":"2c","dc_type_description":"Vergaderstuk decentrale overheid","foi_fairiscoreVersions":{"v1":1,"v2":1},"foi_files":[{"dc_format":"application/pdf","dc_identifier":"nl.gm1954.2c.2023.2835180-21.doc.2","dc_source":"https://api1.ibabs.eu/publicdownload.aspx?site=Beekdaelen&id=50058d04-4c79-49dd-9e4f-8c5e160f8192","dc_title":"Raadsbesluit  inzake Toevoegen van 4 woonwagenstandplaatsen, vastgesteld raad 27062023","dc_type":"bijlage","foi_fairiscoreVersions":{"v1":1,"v2":1},"foi_fileName":"concept%20raadsbesluit%20Toevoegen%20van%204%20woonwagenstandplaatsen.pdf","foi_nrPages":1},{"dc_format":"application/pdf","dc_identifier":"nl.gm1954.2c.2023.2835180-21.doc.1","dc_source":"https://api1.ibabs.eu/publicdownload.aspx?site=Beekdaelen&id=cb26e4cc-131f-458d-989d-928917ccc16a","dc_title":"Raadsvoorstel  inzake Toevoegen van 4 woonwagenstandplaatsen","dc_type":"bijlage","foi_fairiscoreVersions":{"v1":1,"v2":1},"foi_fileName":"Z%2F20%2F140193%20-%20337487%20-%20Toevoegen%20van%204%20woonwagenstandplaatsen.pdf","foi_nrPages":3},{"dc_format":"application/pdf","dc_identifier":"nl.gm1954.2c.2023.2835180-21.doc.3","dc_source":"https://api1.ibabs.eu/publicdownload.aspx?site=Beekdaelen&id=bcd990d8-e799-4e90-86be-3c2e4a655d01","dc_title":"Nota van wijziging inzake toevoegen 4 woonwagenstandplaatsen","dc_type":"bijlage","foi_fairiscoreVersions":{"v1":1,"v2":1},"foi_fileName":"Z%2F20%2F140193%20-%20340777%20-%20Nota%20van%20wijziging%20inzake%20toevoegen%204%20woonwagenstandplaatsen.pdf","foi_nrPages":2}],"foi_nrDocuments":3,"foi_nrPagesInDossier":6,"foi_publishedDate":"2023-06-27","foi_retrievedDate":"2025-11-29"},{"dc_creator":"HandelingScraper_v1","dc_date_year":2023,"dc_description":"Vergadering van de Gemeente Beekdaelen op 2023-06-27. Onderdeel: Vaststelling lijst ingekomen stukken.","dc_identifier":"nl.gm1954.2c.2023.2835180-22","dc_publisher":"gm1954","dc_source":"https://beekdaelen.bestuurlijkeinformatie.nl/Agenda/Index/a8ce9477-02af-4ee3-b6c6-b696188c3a77","dc_title":"Raadsvergadering 2023-06-27 - Vaststelling lijst ingekomen stukken","dc_type":"2c","dc_type_description":"Vergaderstuk decentrale overheid","foi_fairiscoreVersions":{"v1":1,"v2":1},"foi_files":[{"dc_format":"application/pdf","dc_identifier":"nl.gm1954.2c.2023.2835180-22.doc.1","dc_source":"https://api1.ibabs.eu/publicdownload.aspx?site=Beekdaelen&id=765881b8-7374-4cfc-a5d6-ee5aec1279f0","dc_title":"Lijst ingekomen stukken raad 27062023 versie 12062023","dc_type":"bijlage","foi_fairiscoreVersions":{"v1":1,"v2":1},"foi_fileName":"Lijst%20ingekomen%20stukken%20raad%2027062023%20versie%2012062023.pdf","foi_nrPages":6},{"dc_format":"application/pdf","dc_identifier":"nl.gm1954.2c.2023.2835180-22.doc.2","dc_source":"https://api1.ibabs.eu/publicdownload.aspx?site=Beekdaelen&id=6059d8d2-2fde-4e1e-b56b-eb36fbc2a524","dc_title":"Lijst ingekomen stukken raad 27062023 versie 20.06.2023","dc_type":"bijlage","foi_fairiscoreVersions":{"v1":1,"v2":1},"foi_fileName":"Lijst%20ingekomen%20stukken%20raad%2027062023%20versie%202023.06.20.pdf","foi_nrPages":6},{"dc_format":"application/pdf","dc_identifier":"nl.gm1954.2c.2023.2835180-22.doc.3","dc_source":"https://api1.ibabs.eu/publicdownload.aspx?site=Beekdaelen&id=b7eecf1f-7a38-4ec3-8615-318a1a837ad5","dc_title":"Lijst ingekomen stukken raad 27062023 versie 22.06.2023, vastgesteld raad 27062023","dc_type":"bijlage","foi_fairiscoreVersions":{"v1":1,"v2":1},"foi_fileName":"Lijst%20ingekomen%20stukken%20raad%2027062023%20versie%2022.06.2023.pdf","foi_nrPages":7}],"foi_nrDocuments":3,"foi_nrPagesInDossier":19,"foi_publishedDate":"2023-06-27","foi_retrievedDate":"2025-11-29"},{"dc_creator":"HandelingScraper_v1","dc_date_year":2023,"dc_description":"Vergadering van de Gemeente Beekdaelen op 2023-06-27. Onderdeel: Motie vreemd aan de orde van de dag inzake CAO stijgingen GR'en.","dc_identifier":"nl.gm1954.2c.2023.2835180-23","dc_publisher":"gm1954","dc_source":"https://beekdaelen.bestuurlijkeinformatie.nl/Agenda/Index/a8ce9477-02af-4ee3-b6c6-b696188c3a77","dc_title":"Raadsvergadering 2023-06-27 - Motie vreemd aan de orde van de dag inzake CAO stijgingen GR'en","dc_type":"2c","dc_type_description":"Vergaderstuk decentrale overheid","foi_fairiscoreVersions":{"v1":1,"v2":1},"foi_files":[{"dc_format":"application/pdf","dc_identifier":"nl.gm1954.2c.2023.2835180-23.doc.3","dc_source":"https://api1.ibabs.eu/publicdownload.aspx?site=Beekdaelen&id=daa5f5c8-0b9e-470f-ba26-5dc74d8bf5ed","dc_title":"Motie VG, BL, CDA, VVD, PvdA en GL inzake CAO stijgingen GR'en VERVALLEN","dc_type":"bijlage","foi_fairiscoreVersions":{"v1":1,"v2":1},"foi_fileName":"Motie%20VG_%20BL_%20CDA_%20VVD_%20PvdA%20en%20GL%20inzake%20CAO%20stijgingen%20GR%27en.pdf","foi_nrPages":1},{"dc_format":"application/pdf","dc_identifier":"nl.gm1954.2c.2023.2835180-23.doc.1","dc_source":"https://api1.ibabs.eu/publicdownload.aspx?site=Beekdaelen&id=6679bf10-c41b-409e-92f7-4d16f5786f21","dc_title":"Motie VG, BL, CDA, VVD, PvdA en GL inzake CAO stijgingen GR'en AANGENOMEN","dc_type":"bijlage","foi_fairiscoreVersions":{"v1":1,"v2":1},"foi_fileName":"Motie%20VG_%20BL_%20CDA_%20VVD_%20PvdA%20en%20GL%20inzake%20CAO%20stijgingen%20GR%27en%20AANGENOMEN.pdf","foi_nrPages":1},{"dc_format":"application/pdf","dc_identifier":"nl.gm1954.2c.2023.2835180-23.doc.2","dc_source":"https://api1.ibabs.eu/publicdownload.aspx?site=Beekdaelen&id=2d6cddc5-00c4-4016-a5cc-7d38c98a0b6d","dc_title":"Motie VG, BL, CDA, VVD, PvdA en GL inzake CAO stijgingen GR'en AANGEPAST","dc_type":"bijlage","foi_fairiscoreVersions":{"v1":1,"v2":1},"foi_fileName":"Motie%20VG_%20BL_%20CDA_%20VVD_%20PvdA%20en%20GL%20inzake%20CAO%20stijgingen%20GR%27en%20AANGEPAST.pdf","foi_nrPages":1}],"foi_nrDocuments":3,"foi_nrPagesInDossier":3,"foi_publishedDate":"2023-06-27","foi_retrievedDate":"2025-11-29"},{"dc_creator":"HandelingScraper_v1","dc_date_year":2023,"dc_description":"Vergadering van de Gemeente Beekdaelen op 2023-06-27. Onderdeel: Vaststellen besluitenlijst openbare raadsvergadering d.d. 23 mei 2023.","dc_identifier":"nl.gm1954.2c.2023.2835180-3","dc_publisher":"gm1954","dc_source":"https://beekdaelen.bestuurlijkeinformatie.nl/Agenda/Index/a8ce9477-02af-4ee3-b6c6-b696188c3a77","dc_title":"Raadsvergadering 2023-06-27 - Vaststellen besluitenlijst openbare raadsvergadering d.d. 23 mei 2023","dc_type":"2c","dc_type_description":"Vergaderstuk decentrale overheid","foi_fairiscoreVersions":{"v1":1,"v2":1},"foi_files":[{"dc_format":"application/pdf","dc_identifier":"nl.gm1954.2c.2023.2835180-3.doc.1","dc_source":"https://api1.ibabs.eu/publicdownload.aspx?site=Beekdaelen&id=4e0854ee-d8e1-44ce-8575-15ffefaf5978","dc_title":"Besluitenlijst raadsvergadering 23052023, vastgesteld raad 27062023","dc_type":"bijlage","foi_fairiscoreVersions":{"v1":1,"v2":1},"foi_fileName":"Besluitenlijst%20raadsvergadering%2023052023.pdf","foi_nrPages":12}],"foi_nrDocuments":1,"foi_nrPagesInDossier":12,"foi_publishedDate":"2023-06-27","foi_retrievedDate":"2025-11-29"},{"dc_creator":"HandelingScraper_v1","dc_date_year":2023,"dc_description":"Vergadering van de Gemeente Beekdaelen op 2023-06-27. Onderdeel: Voorstel inzake begroting GR GGD ZL 2024.","dc_identifier":"nl.gm1954.2c.2023.2835180-4","dc_publisher":"gm1954","dc_source":"https://beekdaelen.bestuurlijkeinformatie.nl/Agenda/Index/a8ce9477-02af-4ee3-b6c6-b696188c3a77","dc_title":"Raadsvergadering 2023-06-27 - Voorstel inzake begroting GR GGD ZL 2024","dc_type":"2c","dc_type_description":"Vergaderstuk decentrale overheid","foi_fairiscoreVersions":{"v1":2,"v2":2},"foi_files":[{"dc_format":"application/pdf","dc_identifier":"nl.gm1954.2c.2023.2835180-4.doc.1","dc_source":"https://api1.ibabs.eu/publicdownload.aspx?site=Beekdaelen&id=d18b2926-f707-41a1-887b-04847720a3b5","dc_title":"Raadsvoorstel inzake begroting GGD ZL 2024","dc_type":"bijlage","foi_fairiscoreVersions":{"v1":1,"v2":1},"foi_fileName":"Z%2F23%2F189276%20-%20337280%20-%20Zienswijze%20begroting%20GGD%20ZL%202024.pdf","foi_nrPages":13},{"dc_format":"application/pdf","dc_identifier":"nl.gm1954.2c.2023.2835180-4.doc.2","dc_source":"https://api1.ibabs.eu/publicdownload.aspx?site=Beekdaelen&id=fc9b69c3-0bbe-4e11-87c4-0255cdb61a8e","dc_title":"Raadsbesluit inzake begroting GGD ZL 2024, vastgesteld raad 27062023","dc_type":"bijlage","foi_fairiscoreVersions":{"v1":1,"v2":1},"foi_fileName":"Z%2F23%2F189276%20-%20337282%20-%20zienswijze%20begroting%20GGD%20ZL%202024.pdf","foi_nrPages":1},{"dc_format":"application/pdf","dc_identifier":"nl.gm1954.2c.2023.2835180-4.doc.4","dc_source":"https://api1.ibabs.eu/publicdownload.aspx?site=Beekdaelen&id=0abe1f65-a2c9-4530-9f5e-458e6d4adeec","dc_title":"Bijlage 1 Aanbiedingsbrief GGD ZL Pro forma begroting 2024 en Meerjarenbeleidsplan 2024-2027","dc_type":"bijlage","foi_fairiscoreVersions":{"v1":1,"v2":1},"foi_fileName":"Z%2F23%2F189276%20-%20337284%20-%20Aanbiedingsbrief%20GGD%20ZL%20Pro%20forma%20begroting%202024%20en%20Meerjarenbeleidsplan%202024-2027.pdf","foi_nrPages":4},{"dc_format":"application/pdf","dc_identifier":"nl.gm1954.2c.2023.2835180-4.doc.5","dc_source":"https://api1.ibabs.eu/publicdownload.aspx?site=Beekdaelen&id=35a786b3-5e1e-484d-a024-54b779b0fd8c","dc_title":"Bijlage 2 Pro forma begroting 2024 GGD ZL","dc_type":"bijlage","foi_fairiscoreVersions":{"v1":2,"v2":1},"foi_fileName":"Z%2F23%2F189276%20-%20337286%20-%20Pro%20forma%20begroting%202024%20GGD%20ZL.pdf","foi_nrPages":35},{"dc_format":"application/pdf","dc_identifier":"nl.gm1954.2c.2023.2835180-4.doc.6","dc_source":"https://api1.ibabs.eu/publicdownload.aspx?site=Beekdaelen&id=529bf2d3-2aa0-4111-b8f9-774bc34b6e92","dc_title":"Bijlage 3 Meerjarenbeleidsplan 2024-2027 deel A","dc_type":"bijlage","foi_fairiscoreVersions":{"v1":2,"v2":2},"foi_fileName":"Z%2F23%2F189276%20-%20337288%20-%20Meerjarenbeleidsplan%202024-2027%20deel%20A.pdf","foi_nrPages":27},{"dc_format":"application/pdf","dc_identifier":"nl.gm1954.2c.2023.2835180-4.doc.7","dc_source":"https://api1.ibabs.eu/publicdownload.aspx?site=Beekdaelen&id=885cdc64-1e17-4f66-b29c-e0a0b311013e","dc_title":"Bijlage 4 Meerjarenbeleidsplan 2024-2027 deel B financi\u00eble doorkijk","dc_type":"bijlage","foi_fairiscoreVersions":{"v1":1,"v2":1},"foi_fileName":"Z%2F23%2F189276%20-%20337290%20-%20Meerjarenbeleidsplan%202024-2027%20deel%20B%20financi%C3%ABle%20doorkijk.pdf","foi_nrPages":21},{"dc_format":"application/pdf","dc_identifier":"nl.gm1954.2c.2023.2835180-4.doc.13","dc_source":"https://api1.ibabs.eu/publicdownload.aspx?site=Beekdaelen&id=1693ede1-e760-4654-8829-eba4207536e9","dc_title":"Bijlage 10 Jaarstukken GGD ZL 2022","dc_type":"bijlage","foi_fairiscoreVersions":{"v1":1,"v2":1},"foi_fileName":"Z%2F23%2F189276%20-%20337291%20-%20Jaarstukken%20GGD%20ZL%202022.pdf","foi_nrPages":1},{"dc_format":"application/pdf","dc_identifier":"nl.gm1954.2c.2023.2835180-4.doc.3","dc_source":"https://api1.ibabs.eu/publicdownload.aspx?site=Beekdaelen&id=f9f8ae53-e0b7-4466-acc0-48851afd81e9","dc_title":"Concept zienswijze over meerjarenbeleidsplan 2024-2027","dc_type":"bijlage","foi_fairiscoreVersions":{"v1":1,"v2":1},"foi_fileName":"Z%2F23%2F189276%20-%20337294%20-%20zienswijze%20over%20meerjarenbeleidsplan%202024-2027.pdf","foi_nrPages":1},{"dc_format":"application/pdf","dc_identifier":"nl.gm1954.2c.2023.2835180-4.doc.8","dc_source":"https://api1.ibabs.eu/publicdownload.aspx?site=Beekdaelen&id=603c6e7f-7882-468d-aed1-97787a46aadf","dc_title":"Bijlage 5 Bijdrage per gemeente 2024: Tabellen programma GGD","dc_type":"bijlage","foi_fairiscoreVersions":{"v1":1,"v2":1},"foi_fileName":"Z%2F23%2F189276%20-%20337347%20-%20Bijdrage%20per%20gemeente%202024%3A%20Tabellen%20programma%20GGD.pdf","foi_nrPages":1},{"dc_format":"application/pdf","dc_identifier":"nl.gm1954.2c.2023.2835180-4.doc.9","dc_source":"https://api1.ibabs.eu/publicdownload.aspx?site=Beekdaelen&id=c796a0c8-9161-42f9-b4d0-4aeea0e59e0a","dc_title":"Bijlage 6 Bijdrage per gemeente 2024: Tabellen GHOR","dc_type":"bijlage","foi_fairiscoreVersions":{"v1":1,"v2":1},"foi_fileName":"Z%2F23%2F189276%20-%20337348%20-%20Bijdrage%20per%20gemeente%202024%3A%20Tabellen%20GHOR.pdf","foi_nrPages":1},{"dc_format":"application/pdf","dc_identifier":"nl.gm1954.2c.2023.2835180-4.doc.10","dc_source":"https://api1.ibabs.eu/publicdownload.aspx?site=Beekdaelen&id=80d29c61-cf62-43d1-b13f-0901eee77904","dc_title":"Bijlage 7 Bijdrage per gemeente 2024: Tabellen programma JGZ","dc_type":"bijlage","foi_fairiscoreVersions":{"v1":1,"v2":1},"foi_fileName":"Z%2F23%2F189276%20-%20337349%20-%20Bijdrage%20per%20gemeente%202024%3A%20Tabellen%20programma%20JGZ.pdf","foi_nrPages":1},{"dc_format":"application/pdf","dc_identifier":"nl.gm1954.2c.2023.2835180-4.doc.11","dc_source":"https://api1.ibabs.eu/publicdownload.aspx?site=Beekdaelen&id=526cb461-8a98-49a6-8282-1205f467d476","dc_title":"Bijlage 8 Bijdrage per gemeente 2024: Tabellen VT","dc_type":"bijlage","foi_fairiscoreVersions":{"v1":1,"v2":1},"foi_fileName":"Z%2F23%2F189276%20-%20337350%20-%20Bijdrage%20per%20gemeente%202024%3A%20Tabellen%20VT.pdf","foi_nrPages":1},{"dc_format":"application/pdf","dc_identifier":"nl.gm1954.2c.2023.2835180-4.doc.12","dc_source":"https://api1.ibabs.eu/publicdownload.aspx?site=Beekdaelen&id=436ccf88-57dd-4b3a-aafd-6da484e00d49","dc_title":"Bijlage 9 Bijdrage per gemeente 2024: Tabellen voorschot RVP","dc_type":"bijlage","foi_fairiscoreVersions":{"v1":1,"v2":1},"foi_fileName":"Z%2F23%2F189276%20-%20337351%20-%20Bijdrage%20per%20gemeente%202024%3A%20Tabellen%20voorschot%20RVP.pdf","foi_nrPages":1},{"dc_format":"application/pdf","dc_identifier":"nl.gm1954.2c.2023.2835180-4.doc.15","dc_source":"https://api1.ibabs.eu/publicdownload.aspx?site=Beekdaelen&id=a32fc1c3-1ed7-45f9-985c-3cbe5df217f2","dc_title":"Bijlage 12 RIB meerjarenperspectief GGD ZL 2024-2027 10 okt 2022","dc_type":"bijlage","foi_fairiscoreVersions":{"v1":1,"v2":1},"foi_fileName":"Z%2F23%2F189276%20-%20337824%20-%20RIB%20meerjarenperspectief%20GGD%20ZL%202024-2027%2010%20okt%202022.pdf","foi_nrPages":3},{"dc_format":"application/pdf","dc_identifier":"nl.gm1954.2c.2023.2835180-4.doc.14","dc_source":"https://api1.ibabs.eu/publicdownload.aspx?site=Beekdaelen&id=f91de9cb-dd52-42f2-b684-874a659a40bd","dc_title":"Bijlage 11 MJB doorkijk 2024-2027 gemeentelijke bijdrage","dc_type":"bijlage","foi_fairiscoreVersions":{"v1":1,"v2":1},"foi_fileName":"Z%2F23%2F189276%20-%20337826%20-%20MJB%20doorkijk%202024-2027%20gemeentelijke%20bijdrage.pdf","foi_nrPages":1}],"foi_nrDocuments":15,"foi_nrPagesInDossier":112,"foi_publishedDate":"2023-06-27","foi_retrievedDate":"2025-11-29"},{"dc_creator":"HandelingScraper_v1","dc_date_year":2023,"dc_description":"Vergadering van de Gemeente Beekdaelen op 2023-06-27. Onderdeel: Voorstel inzake GR Omnibuzz jaarstukken 2022, begrotingswijziging 2023-2, conceptbegroting 2024 en mjp 2025-2027.","dc_identifier":"nl.gm1954.2c.2023.2835180-5","dc_publisher":"gm1954","dc_source":"https://beekdaelen.bestuurlijkeinformatie.nl/Agenda/Index/a8ce9477-02af-4ee3-b6c6-b696188c3a77","dc_title":"Raadsvergadering 2023-06-27 - Voorstel inzake GR Omnibuzz jaarstukken 2022, begrotingswijziging 2023-2, conceptbegroting 2024 en mjp 2025-2027","dc_type":"2c","dc_type_description":"Vergaderstuk decentrale overheid","foi_fairiscoreVersions":{"v1":2,"v2":2},"foi_files":[{"dc_format":"application/pdf","dc_identifier":"nl.gm1954.2c.2023.2835180-5.doc.3","dc_source":"https://api1.ibabs.eu/publicdownload.aspx?site=Beekdaelen&id=6dddb3b4-98c0-4b6e-9736-26a4364f9d6e","dc_title":"Bijlage: aanbiedingsbrief gemeenteraden begroting 2023-2 2024 Omnibuzz","dc_type":"bijlage","foi_fairiscoreVersions":{"v1":1,"v2":1},"foi_fileName":"Z%2F23%2F188321%20-%20335815%20Aanbiedingsbrief%20gemeenteraden%20begroting%202023-2%202024%20Omnibuzz.pdf","foi_nrPages":5},{"dc_format":"application/pdf","dc_identifier":"nl.gm1954.2c.2023.2835180-5.doc.6","dc_source":"https://api1.ibabs.eu/publicdownload.aspx?site=Beekdaelen&id=d43c3457-fba3-4c60-a2ef-6970f690e5b1","dc_title":"Bijlage: Begroting 2023-2 Omnibuzz","dc_type":"bijlage","foi_fairiscoreVersions":{"v1":2,"v2":2},"foi_fileName":"Z%2F23%2F188321%20-%20335815%20Begroting%202023-2%20Omnibuzz.pdf","foi_nrPages":54},{"dc_format":"application/pdf","dc_identifier":"nl.gm1954.2c.2023.2835180-5.doc.7","dc_source":"https://api1.ibabs.eu/publicdownload.aspx?site=Beekdaelen&id=a3f11c6b-943f-400d-8ff8-17bd5c5700fb","dc_title":"Bijlage: Begroting 2024 en mjp. 2025-2027 Omnibuzz","dc_type":"bijlage","foi_fairiscoreVersions":{"v1":2,"v2":2},"foi_fileName":"Z%2F23%2F188321%20-%20335815%20Begroting%202024%20en%20mjp.pdf","foi_nrPages":74},{"dc_format":"application/pdf","dc_identifier":"nl.gm1954.2c.2023.2835180-5.doc.5","dc_source":"https://api1.ibabs.eu/publicdownload.aspx?site=Beekdaelen&id=5b7fb231-644c-4cc2-ac98-401913cabbd8","dc_title":"Bijlage: Tabellen jaarverslag 2022 Omnibuzz","dc_type":"bijlage","foi_fairiscoreVersions":{"v1":2,"v2":2},"foi_fileName":"Z%2F23%2F188321%20-%20335815%20Bijlage%20tabellen%20jaarverslag%202022%20Omnibuzz.pdf","foi_nrPages":100},{"dc_format":"application/pdf","dc_identifier":"nl.gm1954.2c.2023.2835180-5.doc.4","dc_source":"https://api1.ibabs.eu/publicdownload.aspx?site=Beekdaelen&id=d500348a-1902-42fb-b0b5-459bd7900a12","dc_title":"Bijlage: Jaarverslag 2022 Omnibuzz","dc_type":"bijlage","foi_fairiscoreVersions":{"v1":3,"v2":3},"foi_fileName":"Z%2F23%2F188321%20-%20335815%20Jaarverslag%202022%20Omnibuzz.pdf","foi_nrPages":110},{"dc_format":"application/pdf","dc_identifier":"nl.gm1954.2c.2023.2835180-5.doc.8","dc_source":"https://api1.ibabs.eu/publicdownload.aspx?site=Beekdaelen&id=4e344714-0a84-4512-bdbe-5090621c1a6e","dc_title":"Bijlage: Uitgangspuntennotitie 2023-2, 2024 en mjp. Omnibuzz","dc_type":"bijlage","foi_fairiscoreVersions":{"v1":2,"v2":1},"foi_fileName":"Z%2F23%2F188321%20-%20335815%20Uitgangspuntennotitie%202023-2_%202024%20en%20mjp.pdf","foi_nrPages":11},{"dc_format":"application/pdf","dc_identifier":"nl.gm1954.2c.2023.2835180-5.doc.1","dc_source":"https://api1.ibabs.eu/publicdownload.aspx?site=Beekdaelen&id=f396bf17-47c6-4aa9-baff-a8a604dfe790","dc_title":"Raadsvoorstel \"Omnibuzz jaarrekening 2022, tweede begrotingswijziging 2023, begroting 2024 en MJR 2025-2027\"","dc_type":"bijlage","foi_fairiscoreVersions":{"v1":1,"v2":1},"foi_fileName":"Z%2F23%2F188321%20-%20336130%20Raadsvoorstel-%20Omnibuzz%20jaarrekening%202022_%20tweede%20begrotingswijziging%202023_%20begroting%202024%20en%20meerjarenbegroting%202025-2027.pdf","foi_nrPages":7},{"dc_format":"application/pdf","dc_identifier":"nl.gm1954.2c.2023.2835180-5.doc.2","dc_source":"https://api1.ibabs.eu/publicdownload.aspx?site=Beekdaelen&id=4b32d76f-d02a-4b82-932d-5380fc3b8ea6","dc_title":"Raadsbesluit Omnibuzz jaarverslag en jaarrekening 2022, begrotingswijziging 2023-2, begroting 2024 en MJR 2025-2027, vastgesteld raad 27062023","dc_type":"bijlage","foi_fairiscoreVersions":{"v1":1,"v2":1},"foi_fileName":"Z%2F23%2F188321%20-%20336364%20Raadsbesluit%20Omnibuzz%20jaarverslag%20en%20jaarrekening%202022_%20begrotingswijziging%202023-2_%20begroting%202024%20en%20meerjarenperspectief%202025-2027.pdf","foi_nrPages":1},{"dc_format":"application/pdf","dc_identifier":"nl.gm1954.2c.2023.2835180-5.doc.9","dc_source":"https://api1.ibabs.eu/publicdownload.aspx?site=Beekdaelen&id=ca2cb9f7-1632-4bde-8d65-a289d3d92379","dc_title":"Bijlage: Brief aan het dagelijks bestuur van Omnibuzz inzake de zienswijze","dc_type":"bijlage","foi_fairiscoreVersions":{"v1":1,"v2":1},"foi_fileName":"Z%2F23%2F188321%20-%20336366%20-%20Brief%20aan%20het%20dagelijks%20bestuur%20van%20Omnibuzz%20inz.%20instemmen%20met%20%20en%20geen%20ingediende%20zienswijze.pdf","foi_nrPages":1}],"foi_nrDocuments":9,"foi_nrPagesInDossier":363,"foi_publishedDate":"2023-06-27","foi_retrievedDate":"2026-03-06"},{"dc_creator":"HandelingScraper_v1","dc_date_year":2023,"dc_description":"Vergadering van de Gemeente Beekdaelen op 2023-06-27. Onderdeel: Voorstel inzake bijgestelde begroting 2023 en begroting 2024 met meerjarenperspectief GR Gegevenshuis.","dc_identifier":"nl.gm1954.2c.2023.2835180-6","dc_publisher":"gm1954","dc_source":"https://beekdaelen.bestuurlijkeinformatie.nl/Agenda/Index/a8ce9477-02af-4ee3-b6c6-b696188c3a77","dc_title":"Raadsvergadering 2023-06-27 - Voorstel inzake bijgestelde begroting 2023 en begroting 2024 met meerjarenperspectief GR Gegevenshuis","dc_type":"2c","dc_type_description":"Vergaderstuk decentrale overheid","foi_fairiscoreVersions":{"v1":2,"v2":2},"foi_files":[{"dc_format":"application/pdf","dc_identifier":"nl.gm1954.2c.2023.2835180-6.doc.2","dc_source":"https://api1.ibabs.eu/publicdownload.aspx?site=Beekdaelen&id=c150f6cb-b542-4fbe-99a2-91f88da6d506","dc_title":"Raadsbesluit inzake bijgestelde begroting 2023 en begroting 2024 met meerjarenperspectief GR Gegevenshuis, vastgesteld raad 27062023","dc_type":"bijlage","foi_fairiscoreVersions":{"v1":1,"v2":1},"foi_fileName":"334411.pdf","foi_nrPages":1},{"dc_format":"application/pdf","dc_identifier":"nl.gm1954.2c.2023.2835180-6.doc.1","dc_source":"https://api1.ibabs.eu/publicdownload.aspx?site=Beekdaelen&id=7e748385-bdab-4b38-90af-7bbf58365354","dc_title":"Raadsvoorstel inzake bijgestelde begroting 2023 en begroting 2024 met meerjarenperspectief GR Gegevenshuis","dc_type":"bijlage","foi_fairiscoreVersions":{"v1":1,"v2":1},"foi_fileName":"Raadsvoorstel%20jaarrekening%202022%20en%20begroting%202023_%202024%20-%202027%20GR%20Gegevenshuis.pdf","foi_nrPages":5},{"dc_format":"application/pdf","dc_identifier":"nl.gm1954.2c.2023.2835180-6.doc.3","dc_source":"https://api1.ibabs.eu/publicdownload.aspx?site=Beekdaelen&id=e071263a-f7f5-4331-9a63-0fd0a2949d06","dc_title":"Bijlage: Jaarrekening 2022 versie 2.0","dc_type":"bijlage","foi_fairiscoreVersions":{"v1":2,"v2":1},"foi_fileName":"Z%2F23%2F188082%20-%20334410%20-%20%201.%20Jaarrekening%202022%20versie%202.pdf","foi_nrPages":36},{"dc_format":"application/pdf","dc_identifier":"nl.gm1954.2c.2023.2835180-6.doc.4","dc_source":"https://api1.ibabs.eu/publicdownload.aspx?site=Beekdaelen&id=00fe4d92-65c9-4d1a-bcf4-dde7959e9e87","dc_title":"Bijlage: Bijgestelde begroting 2023 versie 2.0","dc_type":"bijlage","foi_fairiscoreVersions":{"v1":2,"v2":1},"foi_fileName":"Z%2F23%2F188082%20-%20334410%20-%202.%20Bijgestelde%20begroting%202023%20versie%202.pdf","foi_nrPages":36},{"dc_format":"application/pdf","dc_identifier":"nl.gm1954.2c.2023.2835180-6.doc.5","dc_source":"https://api1.ibabs.eu/publicdownload.aspx?site=Beekdaelen&id=abeeb9b7-077d-4962-92aa-be7dddc427ff","dc_title":"Bijlage: Begroting 2024 - meerjarenraming versie 2.0","dc_type":"bijlage","foi_fairiscoreVersions":{"v1":1,"v2":1},"foi_fileName":"Z%2F23%2F188082%20-%20334410%20-%203.%20Begroting%202024%20-%20meerjarenraming%20versie%202.pdf","foi_nrPages":36},{"dc_format":"application/pdf","dc_identifier":"nl.gm1954.2c.2023.2835180-6.doc.6","dc_source":"https://api1.ibabs.eu/publicdownload.aspx?site=Beekdaelen&id=f9998c77-7a33-408b-8584-a31b38f3bdd3","dc_title":"Bijlage: Aanbiedingsbrief Gegevenshuis","dc_type":"bijlage","foi_fairiscoreVersions":{"v1":2,"v2":2},"foi_fileName":"Z%2F23%2F188082%20-%20334410%20-%204.pdf","foi_nrPages":1}],"foi_nrDocuments":6,"foi_nrPagesInDossier":115,"foi_publishedDate":"2023-06-27","foi_retrievedDate":"2025-12-01"},{"dc_creator":"HandelingScraper_v1","dc_date_year":2023,"dc_description":"Vergadering van de Gemeente Beekdaelen op 2023-06-27. Onderdeel: Voorstel inzake Jaarstukken 2022 en Begroting 2024 door VRZL en MCC.","dc_identifier":"nl.gm1954.2c.2023.2835180-7","dc_publisher":"gm1954","dc_source":"https://beekdaelen.bestuurlijkeinformatie.nl/Agenda/Index/a8ce9477-02af-4ee3-b6c6-b696188c3a77","dc_title":"Raadsvergadering 2023-06-27 - Voorstel inzake Jaarstukken 2022 en Begroting 2024 door VRZL en MCC","dc_type":"2c","dc_type_description":"Vergaderstuk decentrale overheid","foi_fairiscoreVersions":{"v1":2,"v2":2},"foi_files":[{"dc_format":"application/pdf","dc_identifier":"nl.gm1954.2c.2023.2835180-7.doc.2","dc_source":"https://api1.ibabs.eu/publicdownload.aspx?site=Beekdaelen&id=3a2d4511-42c3-4062-8960-06246aab7b3e","dc_title":"Raadsbesluit inzake zienswijze Jaarstukken en Begroting 2024 VRZL en MCC, vastgesteld raad 27062023","dc_type":"bijlage","foi_fairiscoreVersions":{"v1":1,"v2":1},"foi_fileName":"337800_1.pdf","foi_nrPages":1},{"dc_format":"application/pdf","dc_identifier":"nl.gm1954.2c.2023.2835180-7.doc.3","dc_source":"https://api1.ibabs.eu/publicdownload.aspx?site=Beekdaelen&id=afea1e1c-9bd2-4b8e-afea-26ba1ee7e2e1","dc_title":"Bijlage 1. Aanbiedingsbrief Zienswijze Jaarstukken 2022 en Begroting 2024 VRZL","dc_type":"bijlage","foi_fairiscoreVersions":{"v1":1,"v2":1},"foi_fileName":"email.pdf","foi_nrPages":3},{"dc_format":"application/pdf","dc_identifier":"nl.gm1954.2c.2023.2835180-7.doc.4","dc_source":"https://api1.ibabs.eu/publicdownload.aspx?site=Beekdaelen&id=58d8215e-5ac3-467e-ba04-1bed74e23ea3","dc_title":"Bijlage 2. Jaarbericht 2022 VRZL (ter informatie)","dc_type":"bijlage","foi_fairiscoreVersions":{"v1":2,"v2":2},"foi_fileName":"email.pdf","foi_nrPages":22},{"dc_format":"application/pdf","dc_identifier":"nl.gm1954.2c.2023.2835180-7.doc.5","dc_source":"https://api1.ibabs.eu/publicdownload.aspx?site=Beekdaelen&id=70e6cfe8-eb87-41cb-8344-27d372e398fe","dc_title":"Bijlage 3. Jaarstukken 2022 VRZL (voor zienswijze)","dc_type":"bijlage","foi_fairiscoreVersions":{"v1":2,"v2":1},"foi_fileName":"email.pdf","foi_nrPages":78},{"dc_format":"application/pdf","dc_identifier":"nl.gm1954.2c.2023.2835180-7.doc.6","dc_source":"https://api1.ibabs.eu/publicdownload.aspx?site=Beekdaelen&id=3e3d5cb1-cf2f-42d0-8075-4c294c183a07","dc_title":"Bijlage 4. Begroting 2024 VRZL (voor zienswijze)","dc_type":"bijlage","foi_fairiscoreVersions":{"v1":2,"v2":1},"foi_fileName":"email.pdf","foi_nrPages":60},{"dc_format":"application/pdf","dc_identifier":"nl.gm1954.2c.2023.2835180-7.doc.7","dc_source":"https://api1.ibabs.eu/publicdownload.aspx?site=Beekdaelen&id=db0de03b-e89c-45d2-a665-7844ccf32715","dc_title":"Bijlage 5. Jaardocument MCC 2022 (ter informatie)","dc_type":"bijlage","foi_fairiscoreVersions":{"v1":1,"v2":1},"foi_fileName":"email.pdf","foi_nrPages":12},{"dc_format":"application/pdf","dc_identifier":"nl.gm1954.2c.2023.2835180-7.doc.8","dc_source":"https://api1.ibabs.eu/publicdownload.aspx?site=Beekdaelen&id=4ecd6658-0ff9-43ef-bf78-795a9f912be6","dc_title":"Bijlage 6. Toelichting jaardocument MCC 2022 (ter informatie)","dc_type":"bijlage","foi_fairiscoreVersions":{"v1":1,"v2":1},"foi_fileName":"email.pdf","foi_nrPages":9},{"dc_format":"application/pdf","dc_identifier":"nl.gm1954.2c.2023.2835180-7.doc.9","dc_source":"https://api1.ibabs.eu/publicdownload.aspx?site=Beekdaelen&id=ed85d320-f1d3-4da1-9b1b-3f97f89c3d96","dc_title":"Bijlage 7. Begroting 2024 MCC (ter informatie)","dc_type":"bijlage","foi_fairiscoreVersions":{"v1":1,"v2":1},"foi_fileName":"email.pdf","foi_nrPages":9},{"dc_format":"application/pdf","dc_identifier":"nl.gm1954.2c.2023.2835180-7.doc.1","dc_source":"https://api1.ibabs.eu/publicdownload.aspx?site=Beekdaelen&id=5dab2957-17c7-4c6d-94f4-be85e6c3182f","dc_title":"Raadsvoorstel inzake zienswijze Jaarstukken 2022 en Begroting 2024 VRZL en MCC","dc_type":"bijlage","foi_fairiscoreVersions":{"v1":1,"v2":1},"foi_fileName":"Z%2F23%2F188609%20-%20335824%20-%20Jaarstukken%202022%20en%20Begroting%202024%20door%20VRZL%20en%20MCC.pdf","foi_nrPages":12}],"foi_nrDocuments":9,"foi_nrPagesInDossier":206,"foi_publishedDate":"2023-06-27","foi_retrievedDate":"2026-01-23"},{"dc_creator":"HandelingScraper_v1","dc_date_year":2023,"dc_description":"Vergadering van de Gemeente Beekdaelen op 2023-06-27. Onderdeel: Voorstel inzake jaarstukken 2022, ontwerpbegroting 2024 inclusief meerjarenraming 2025-2027 en 1e begrotingswijziging 2023 GR Stadsregio Parkstad Limburg.","dc_identifier":"nl.gm1954.2c.2023.2835180-8","dc_publisher":"gm1954","dc_source":"https://beekdaelen.bestuurlijkeinformatie.nl/Agenda/Index/a8ce9477-02af-4ee3-b6c6-b696188c3a77","dc_title":"Raadsvergadering 2023-06-27 - Voorstel inzake jaarstukken 2022, ontwerpbegroting 2024 inclusief meerjarenraming 2025-2027 en 1e begrotingswijziging 2023 GR Stadsregio Parkstad Limburg","dc_type":"2c","dc_type_description":"Vergaderstuk decentrale overheid","foi_fairiscoreVersions":{"v1":2,"v2":1},"foi_files":[{"dc_format":"application/pdf","dc_identifier":"nl.gm1954.2c.2023.2835180-8.doc.3","dc_source":"https://api1.ibabs.eu/publicdownload.aspx?site=Beekdaelen&id=a3d87393-6a4a-4ada-86bc-bfe93577235d","dc_title":"Bijlage: ontwerpbegroting 2024 inclusief meerjarenraming 2025-2027 GR Stadsregio Parkstad","dc_type":"bijlage","foi_fairiscoreVersions":{"v1":1,"v2":1},"foi_fileName":"Z%2F23%2F189566%20-%20337744%20-%20Ontwerpbegroting%202024%20inclusief%20meerjarenraming%202025-2027%20GR%20Stadsregio%20Parkstad.pdf","foi_nrPages":44},{"dc_format":"application/pdf","dc_identifier":"nl.gm1954.2c.2023.2835180-8.doc.5","dc_source":"https://api1.ibabs.eu/publicdownload.aspx?site=Beekdaelen&id=bb174bb3-f4ba-4f32-860a-87df7b6c24da","dc_title":"Bijlage: voorlopige jaarstukken 2022 GR Stadsregio Parkstad","dc_type":"bijlage","foi_fairiscoreVersions":{"v1":2,"v2":1},"foi_fileName":"Z%2F23%2F189566%20-%20337745%20-%20Voorlopige%20jaarstukken%202022%20GR%20Stadsregio%20Parkstad.pdf","foi_nrPages":125},{"dc_format":"application/pdf","dc_identifier":"nl.gm1954.2c.2023.2835180-8.doc.4","dc_source":"https://api1.ibabs.eu/publicdownload.aspx?site=Beekdaelen&id=0c61e217-bd15-4e4e-87e1-be90e873c334","dc_title":"Bijlage: eerste begrotingswijziging 2023 GR Stadsregio Parkstad","dc_type":"bijlage","foi_fairiscoreVersions":{"v1":1,"v2":1},"foi_fileName":"Z%2F23%2F189566%20-%20337746%20-%201e%20begrotingswijziging%202023%20GR%20Stadsregio%20Parkstad.pdf","foi_nrPages":1},{"dc_format":"application/pdf","dc_identifier":"nl.gm1954.2c.2023.2835180-8.doc.1","dc_source":"https://api1.ibabs.eu/publicdownload.aspx?site=Beekdaelen&id=80c58255-9d57-4711-8eea-10b90f0e8425","dc_title":"Raadsvoorstel inzake voorlopige jaarstukken 2022, ontwerpbegroting 2024 incl. MJR 2025-2027 en 1e begr. 2023 GR Stadsregio Parkstad Limburg\"","dc_type":"bijlage","foi_fairiscoreVersions":{"v1":1,"v2":1},"foi_fileName":"Z%2F23%2F189566%20-%20337748%20-%20Voorlopige%20jaarstukken%202022_%20ontwerpbegroting%202024%20inclusief%20meerjarenraming%202025-2027%20en%201e%20begrotingswijziging%202023%20GR%20Stadsregio%20Parkstad%20Limburg.pdf","foi_nrPages":5},{"dc_format":"application/pdf","dc_identifier":"nl.gm1954.2c.2023.2835180-8.doc.2","dc_source":"https://api1.ibabs.eu/publicdownload.aspx?site=Beekdaelen&id=f7d724a8-2d50-46a7-b0df-eaac92292ec7","dc_title":"Raadsbesluit inzake voorlopige jaarstukken 2022, ontwerpbegroting 2024 incl. MJR 2025-2027 en 1e begr..wijziging 2023 GR Stadsregio Parkstad Limburg, vastgesteld raad 27062023","dc_type":"bijlage","foi_fairiscoreVersions":{"v1":1,"v2":1},"foi_fileName":"Z%2F23%2F189566%20-%20337749%20-%20Voorlopige%20jaarstukken%202022_%20ontwerpbegroting%202024%20inclusief%20meerjarenraming%202025-2027%20en%201e%20begrotingswijziging%202023%20GR%20Stadsregio%20Parkstad%20Limburg.pdf","foi_nrPages":1}],"foi_nrDocuments":5,"foi_nrPagesInDossier":176,"foi_publishedDate":"2023-06-27","foi_retrievedDate":"2026-02-12"},{"dc_creator":"HandelingScraper_v1","dc_date_year":2023,"dc_description":"Vergadering van de Gemeente Beekdaelen op 2023-06-27. Onderdeel: Ontwerpbegroting 2024 GR Rd4.","dc_identifier":"nl.gm1954.2c.2023.2835180-9","dc_publisher":"gm1954","dc_source":"https://beekdaelen.bestuurlijkeinformatie.nl/Agenda/Index/a8ce9477-02af-4ee3-b6c6-b696188c3a77","dc_title":"Raadsvergadering 2023-06-27 - Ontwerpbegroting 2024 GR Rd4","dc_type":"2c","dc_type_description":"Vergaderstuk decentrale overheid","foi_fairiscoreVersions":{"v1":1,"v2":1},"foi_files":[{"dc_format":"application/pdf","dc_identifier":"nl.gm1954.2c.2023.2835180-9.doc.1","dc_source":"https://api1.ibabs.eu/publicdownload.aspx?site=Beekdaelen&id=9df2eeb5-930c-4ef1-8315-6188e819656f","dc_title":"Raadsvoorstel inzake financi\u00eble stukken GR Rd4","dc_type":"bijlage","foi_fairiscoreVersions":{"v1":1,"v2":1},"foi_fileName":"Z%2F23%2F188791%20-%20337043%20-%20Financi%C3%ABle%20jaarstukken%20GR%20Rd4.pdf","foi_nrPages":3},{"dc_format":"application/pdf","dc_identifier":"nl.gm1954.2c.2023.2835180-9.doc.2","dc_source":"https://api1.ibabs.eu/publicdownload.aspx?site=Beekdaelen&id=df0fefca-cf31-494d-bd2f-1a7fb2dcff1b","dc_title":"Raadsbesluit inzake financi\u00eble stukken Gr Rd4, vastgesteld raad 27062023","dc_type":"bijlage","foi_fairiscoreVersions":{"v1":1,"v2":1},"foi_fileName":"Z%2F23%2F188791%20-%20337126%20-%20Financi%C3%ABle%20jaarstukken%20Gr%20Rd4.pdf","foi_nrPages":1},{"dc_format":"application/pdf","dc_identifier":"nl.gm1954.2c.2023.2835180-9.doc.3","dc_source":"https://api1.ibabs.eu/publicdownload.aspx?site=Beekdaelen&id=b2fe4b1e-825e-42ad-b1b6-36c2c3c46b0c","dc_title":"Brief aan GR Rd4 inzake zienswijze","dc_type":"bijlage","foi_fairiscoreVersions":{"v1":1,"v2":1},"foi_fileName":"Z%2F23%2F188791%20-%20337938%20-%20Ontwerpbegroting%20Gr%20Rd4.pdf","foi_nrPages":1}],"foi_nrDocuments":3,"foi_nrPagesInDossier":5,"foi_publishedDate":"2023-06-27","foi_retrievedDate":"2025-11-29"},{"dc_creator":"HandelingScraper_v1","dc_date_year":2023,"dc_description":"Vergadering van de Gemeente Beekdaelen op 2023-06-28. Onderdeel: Vastellen concept-agenda.","dc_identifier":"nl.gm1954.2c.2023.2835238-1","dc_publisher":"gm1954","dc_source":"https://beekdaelen.bestuurlijkeinformatie.nl/Agenda/Index/9e3b6390-59f4-4563-9e2c-a9b188edf78c","dc_title":"BDN Commissie AWACS Limburg 2023-06-28 - Vastellen concept-agenda","dc_type":"2c","dc_type_description":"Vergaderstuk decentrale overheid","foi_fairiscoreVersions":{"v1":1,"v2":1},"foi_files":[{"dc_format":"application/pdf","dc_identifier":"nl.gm1954.2c.2023.2835238-1.doc.1","dc_source":"https://api1.ibabs.eu/publicdownload.aspx?site=Beekdaelen&id=ea18dabf-ec03-4811-ad16-bfcaceae1651","dc_title":"014-CAL-AWACS-2023- concept-agenda 28-06-2023.pdf","dc_type":"bijlage","foi_fairiscoreVersions":{"v1":1,"v2":1},"foi_fileName":"014-CAL-AWACS-2023-%20concept-agenda%2028-06-2023.pdf","foi_nrPages":2}],"foi_nrDocuments":1,"foi_nrPagesInDossier":2,"foi_publishedDate":"2023-06-28","foi_retrievedDate":"2025-11-29"},{"dc_creator":"HandelingScraper_v1","dc_date_year":2023,"dc_description":"Vergadering van de Gemeente Beekdaelen op 2023-06-28. Onderdeel: Landelijke evaluatie COVM\u2019s / afvaardiging klankbordgroep.","dc_identifier":"nl.gm1954.2c.2023.2835238-10","dc_publisher":"gm1954","dc_source":"https://beekdaelen.bestuurlijkeinformatie.nl/Agenda/Index/9e3b6390-59f4-4563-9e2c-a9b188edf78c","dc_title":"BDN Commissie AWACS Limburg 2023-06-28 - Landelijke evaluatie COVM\u2019s / afvaardiging klankbordgroep","dc_type":"2c","dc_type_description":"Vergaderstuk decentrale overheid","foi_fairiscoreVersions":{"v1":1,"v2":1},"foi_files":[{"dc_format":"application/pdf","dc_identifier":"nl.gm1954.2c.2023.2835238-10.doc.1","dc_source":"https://api1.ibabs.eu/publicdownload.aspx?site=Beekdaelen&id=b2821219-e58a-4853-ac44-2acbf548fc8d","dc_title":"025-CAL-AWACS-2023-Brief evaluatie COVM.pdf","dc_type":"bijlage","foi_fairiscoreVersions":{"v1":1,"v2":1},"foi_fileName":"025-CAL-AWACS-2023-Brief%20evaluatie%20COVM.pdf","foi_nrPages":2}],"foi_nrDocuments":1,"foi_nrPagesInDossier":2,"foi_publishedDate":"2023-06-28","foi_retrievedDate":"2025-11-29"},{"dc_creator":"HandelingScraper_v1","dc_date_year":2023,"dc_description":"Vergadering van de Gemeente Beekdaelen op 2023-06-28. Onderdeel: Overzicht klachten van het 1e kwartaal 2023.","dc_identifier":"nl.gm1954.2c.2023.2835238-11","dc_publisher":"gm1954","dc_source":"https://beekdaelen.bestuurlijkeinformatie.nl/Agenda/Index/9e3b6390-59f4-4563-9e2c-a9b188edf78c","dc_title":"BDN Commissie AWACS Limburg 2023-06-28 - Overzicht klachten van het 1e kwartaal 2023","dc_type":"2c","dc_type_description":"Vergaderstuk decentrale overheid","foi_fairiscoreVersions":{"v1":2,"v2":1},"foi_files":[{"dc_format":"application/pdf","dc_identifier":"nl.gm1954.2c.2023.2835238-11.doc.1","dc_source":"https://api1.ibabs.eu/publicdownload.aspx?site=Beekdaelen&id=573e4d97-a84c-4e4d-9210-19dc05ab3145","dc_title":"026-CAL-AWACS-2023-Overzicht klachten 1e kw.pdf","dc_type":"bijlage","foi_fairiscoreVersions":{"v1":2,"v2":1},"foi_fileName":"026-CAL-AWACS-2023-Overzicht%20klachten%201e%20kw.pdf","foi_nrPages":21}],"foi_nrDocuments":1,"foi_nrPagesInDossier":21,"foi_publishedDate":"2023-06-28","foi_retrievedDate":"2025-11-29"},{"dc_creator":"HandelingScraper_v1","dc_date_year":2023,"dc_description":"Vergadering van de Gemeente Beekdaelen op 2023-06-28. Onderdeel: Vliegbewegingen boven de woonkernen van Schinveld en Brunssum 1e kwartaalrapport 2023.","dc_identifier":"nl.gm1954.2c.2023.2835238-12","dc_publisher":"gm1954","dc_source":"https://beekdaelen.bestuurlijkeinformatie.nl/Agenda/Index/9e3b6390-59f4-4563-9e2c-a9b188edf78c","dc_title":"BDN Commissie AWACS Limburg 2023-06-28 - Vliegbewegingen boven de woonkernen van Schinveld en Brunssum 1e kwartaalrapport 2023","dc_type":"2c","dc_type_description":"Vergaderstuk decentrale overheid","foi_fairiscoreVersions":{"v1":1,"v2":1},"foi_files":[{"dc_format":"application/pdf","dc_identifier":"nl.gm1954.2c.2023.2835238-12.doc.1","dc_source":"https://api1.ibabs.eu/publicdownload.aspx?site=Beekdaelen&id=13a5f7ed-3168-4c92-b87b-0f2c627d4735","dc_title":"027-CAL-AWACS-2023-Woonkernoffenders.pdf","dc_type":"bijlage","foi_fairiscoreVersions":{"v1":1,"v2":1},"foi_fileName":"027-CAL-AWACS-2023-Woonkernoffenders.pdf","foi_nrPages":8}],"foi_nrDocuments":1,"foi_nrPagesInDossier":8,"foi_publishedDate":"2023-06-28","foi_retrievedDate":"2025-11-29"},{"dc_creator":"HandelingScraper_v1","dc_date_year":2023,"dc_description":"Vergadering van de Gemeente Beekdaelen op 2023-06-28. Onderdeel: Jaarrapportage 2022 geluidbelasting.","dc_identifier":"nl.gm1954.2c.2023.2835238-13","dc_publisher":"gm1954","dc_source":"https://beekdaelen.bestuurlijkeinformatie.nl/Agenda/Index/9e3b6390-59f4-4563-9e2c-a9b188edf78c","dc_title":"BDN Commissie AWACS Limburg 2023-06-28 - Jaarrapportage 2022 geluidbelasting","dc_type":"2c","dc_type_description":"Vergaderstuk decentrale overheid","foi_fairiscoreVersions":{"v1":2,"v2":2},"foi_files":[{"dc_format":"application/pdf","dc_identifier":"nl.gm1954.2c.2023.2835238-13.doc.1","dc_source":"https://api1.ibabs.eu/publicdownload.aspx?site=Beekdaelen&id=82fdbf6e-e840-4896-aacb-0811d851920c","dc_title":"028-CAL-AWACS-2023-jaarrapportage 2022 geluidbelasting vlb Geilenkirchen NLR-CR-2023-139.pdf","dc_type":"bijlage","foi_fairiscoreVersions":{"v1":2,"v2":2},"foi_fileName":"028-CAL-AWACS-2023-jaarrapportage%202022%20geluidbelasting%20vlb%20Geilenkirchen%20NLR-CR-2023-139.pdf","foi_nrPages":16}],"foi_nrDocuments":1,"foi_nrPagesInDossier":16,"foi_publishedDate":"2023-06-28","foi_retrievedDate":"2025-11-29"},{"dc_creator":"HandelingScraper_v1","dc_date_year":2023,"dc_description":"Vergadering van de Gemeente Beekdaelen op 2023-06-28. Onderdeel: 2e halfjaarrapportage 2022 vliegbaanbewaking Vlb Geilenkirchen.","dc_identifier":"nl.gm1954.2c.2023.2835238-14","dc_publisher":"gm1954","dc_source":"https://beekdaelen.bestuurlijkeinformatie.nl/Agenda/Index/9e3b6390-59f4-4563-9e2c-a9b188edf78c","dc_title":"BDN Commissie AWACS Limburg 2023-06-28 - 2e halfjaarrapportage 2022 vliegbaanbewaking Vlb Geilenkirchen","dc_type":"2c","dc_type_description":"Vergaderstuk decentrale overheid","foi_fairiscoreVersions":{"v1":2,"v2":2},"foi_files":[{"dc_format":"application/pdf","dc_identifier":"nl.gm1954.2c.2023.2835238-14.doc.1","dc_source":"https://api1.ibabs.eu/publicdownload.aspx?site=Beekdaelen&id=17682993-e495-4794-9d8d-d7197672fd27","dc_title":"029-CAL-AWACS-2023-2e halfjaarrapportage 2022 vliegbaanbewaking vlb Geilenkirchen NLR-CR-2023-129.pdf","dc_type":"bijlage","foi_fairiscoreVersions":{"v1":2,"v2":2},"foi_fileName":"029-CAL-AWACS-2023-2e%20halfjaarrapportage%202022%20vliegbaanbewaking%20vlb%20Geilenkirchen%20NLR-CR-2023-129.pdf","foi_nrPages":29}],"foi_nrDocuments":1,"foi_nrPagesInDossier":29,"foi_publishedDate":"2023-06-28","foi_retrievedDate":"2025-11-29"},{"dc_creator":"HandelingScraper_v1","dc_date_year":2023,"dc_description":"Vergadering van de Gemeente Beekdaelen op 2023-06-28. Onderdeel: Rapportage DGMR, Vliegtuiggeluid vliegbasis Geilenkirchen 2022.","dc_identifier":"nl.gm1954.2c.2023.2835238-15","dc_publisher":"gm1954","dc_source":"https://beekdaelen.bestuurlijkeinformatie.nl/Agenda/Index/9e3b6390-59f4-4563-9e2c-a9b188edf78c","dc_title":"BDN Commissie AWACS Limburg 2023-06-28 - Rapportage DGMR, Vliegtuiggeluid vliegbasis Geilenkirchen 2022","dc_type":"2c","dc_type_description":"Vergaderstuk decentrale overheid","foi_fairiscoreVersions":{"v1":1,"v2":1},"foi_files":[{"dc_format":"application/pdf","dc_identifier":"nl.gm1954.2c.2023.2835238-15.doc.1","dc_source":"https://api1.ibabs.eu/publicdownload.aspx?site=Beekdaelen&id=bf026a1d-fbc7-41ad-be59-39a8feee1107","dc_title":"030-CAL-AWACS-2023-Rapportage DGMR - vliegtuiggeluid.pdf","dc_type":"bijlage","foi_fairiscoreVersions":{"v1":1,"v2":1},"foi_fileName":"030-CAL-AWACS-2023-Rapportage%20DGMR%20-%20vliegtuiggeluid.pdf","foi_nrPages":39}],"foi_nrDocuments":1,"foi_nrPagesInDossier":39,"foi_publishedDate":"2023-06-28","foi_retrievedDate":"2025-11-29"},{"dc_creator":"HandelingScraper_v1","dc_date_year":2023,"dc_description":"Vergadering van de Gemeente Beekdaelen op 2023-06-28. Onderdeel: Europese richtlijn Omgevingslawaai. Agendering op verzoek van dhr. Hermans.","dc_identifier":"nl.gm1954.2c.2023.2835238-16","dc_publisher":"gm1954","dc_source":"https://beekdaelen.bestuurlijkeinformatie.nl/Agenda/Index/9e3b6390-59f4-4563-9e2c-a9b188edf78c","dc_title":"BDN Commissie AWACS Limburg 2023-06-28 - Europese richtlijn Omgevingslawaai. Agendering op verzoek van dhr. Hermans","dc_type":"2c","dc_type_description":"Vergaderstuk decentrale overheid","foi_fairiscoreVersions":{"v1":1,"v2":1},"foi_files":[{"dc_format":"application/pdf","dc_identifier":"nl.gm1954.2c.2023.2835238-16.doc.1","dc_source":"https://api1.ibabs.eu/publicdownload.aspx?site=Beekdaelen&id=80b6e7f7-f22d-401c-b502-98825d36c6d9","dc_title":"031-CAL-AWACS-2023-toelichting agendering Eu-richtlijn omgevingslawaai.pdf","dc_type":"bijlage","foi_fairiscoreVersions":{"v1":1,"v2":1},"foi_fileName":"031-CAL-AWACS-2023-toelichting%20agendering%20Eu-richtlijn%20omgevingslawaai.pdf","foi_nrPages":2}],"foi_nrDocuments":1,"foi_nrPagesInDossier":2,"foi_publishedDate":"2023-06-28","foi_retrievedDate":"2025-11-29"},{"dc_creator":"HandelingScraper_v1","dc_date_year":2023,"dc_description":"Vergadering van de Gemeente Beekdaelen op 2023-06-28. Onderdeel: PFAS (agendering op verzoek van mw. Hermans).","dc_identifier":"nl.gm1954.2c.2023.2835238-2","dc_publisher":"gm1954","dc_source":"https://beekdaelen.bestuurlijkeinformatie.nl/Agenda/Index/9e3b6390-59f4-4563-9e2c-a9b188edf78c","dc_title":"BDN Commissie AWACS Limburg 2023-06-28 - PFAS (agendering op verzoek van mw. Hermans)","dc_type":"2c","dc_type_description":"Vergaderstuk decentrale overheid","foi_fairiscoreVersions":{"v1":2,"v2":2},"foi_files":[{"dc_format":"application/pdf","dc_identifier":"nl.gm1954.2c.2023.2835238-2.doc.1","dc_source":"https://api1.ibabs.eu/publicdownload.aspx?site=Beekdaelen&id=6b9851ef-5d27-4606-9c52-e8dc5f1d3725","dc_title":"015-CAL-AWACS-2023-PFAS-Beekdaelen raadsvragen (Groen Links).pdf","dc_type":"bijlage","foi_fairiscoreVersions":{"v1":1,"v2":1},"foi_fileName":"015-CAL-AWACS-2023-PFAS-Beekdaelen%20raadsvragen%20%28Groen%20Links%29.pdf","foi_nrPages":3},{"dc_format":"application/pdf","dc_identifier":"nl.gm1954.2c.2023.2835238-2.doc.2","dc_source":"https://api1.ibabs.eu/publicdownload.aspx?site=Beekdaelen&id=508fc099-dcb4-4251-be39-386a9ef5c40c","dc_title":"016-CAL-AWACS-2023-PFAS-Beekdaelen raadsvragen (Vernieuwingsgroep).pdf","dc_type":"bijlage","foi_fairiscoreVersions":{"v1":1,"v2":1},"foi_fileName":"016-CAL-AWACS-2023-PFAS-Beekdaelen%20raadsvragen%20%28Vernieuwingsgroep%29.pdf","foi_nrPages":6},{"dc_format":"application/pdf","dc_identifier":"nl.gm1954.2c.2023.2835238-2.doc.3","dc_source":"https://api1.ibabs.eu/publicdownload.aspx?site=Beekdaelen&id=a5577f80-4323-46f7-aa8c-9b109b55fdaa","dc_title":"017-CAL-AWACS-2023-PFAS-raadsvragen Brunssum.pdf","dc_type":"bijlage","foi_fairiscoreVersions":{"v1":2,"v2":2},"foi_fileName":"017-CAL-AWACS-2023-PFAS-raadsvragen%20Brunssum.pdf","foi_nrPages":3}],"foi_nrDocuments":3,"foi_nrPagesInDossier":12,"foi_publishedDate":"2023-06-28","foi_retrievedDate":"2025-11-29"},{"dc_creator":"HandelingScraper_v1","dc_date_year":2023,"dc_description":"Vergadering van de Gemeente Beekdaelen op 2023-06-28. Onderdeel: Concept-verslag.","dc_identifier":"nl.gm1954.2c.2023.2835238-3","dc_publisher":"gm1954","dc_source":"https://beekdaelen.bestuurlijkeinformatie.nl/Agenda/Index/9e3b6390-59f4-4563-9e2c-a9b188edf78c","dc_title":"BDN Commissie AWACS Limburg 2023-06-28 - Concept-verslag","dc_type":"2c","dc_type_description":"Vergaderstuk decentrale overheid","foi_fairiscoreVersions":{"v1":1,"v2":1},"foi_files":[{"dc_format":"application/pdf","dc_identifier":"nl.gm1954.2c.2023.2835238-3.doc.2","dc_source":"https://api1.ibabs.eu/publicdownload.aspx?site=Beekdaelen&id=a7b89ce7-d3b0-44c7-93ff-1782aeb94948","dc_title":"VERVANGEN 018-CAL-AWACS-definitief verslag 8 maart 2023 (aangeleverd d.d. 5 juli 2023)","dc_type":"bijlage","foi_fairiscoreVersions":{"v1":1,"v2":1},"foi_fileName":"018-CAL-AWACS-definitief%20verslag%208%20maart%202023.pdf","foi_nrPages":6},{"dc_format":"application/pdf","dc_identifier":"nl.gm1954.2c.2023.2835238-3.doc.1","dc_source":"https://api1.ibabs.eu/publicdownload.aspx?site=Beekdaelen&id=48fc2e04-2fee-48e6-86c5-a0d91cbc775a","dc_title":"019-CAL-AWACS-2023-Actielijst CAL-AWACS 28-06-2023.pdf","dc_type":"bijlage","foi_fairiscoreVersions":{"v1":1,"v2":1},"foi_fileName":"019-CAL-AWACS-2023-Actielijst%20CAL-AWACS%2028-06-2023.pdf","foi_nrPages":2}],"foi_nrDocuments":2,"foi_nrPagesInDossier":8,"foi_publishedDate":"2023-06-28","foi_retrievedDate":"2025-11-29"},{"dc_creator":"HandelingScraper_v1","dc_date_year":2023,"dc_description":"Vergadering van de Gemeente Beekdaelen op 2023-06-28. Onderdeel: Reactie Staatssecretaris Hitschler.","dc_identifier":"nl.gm1954.2c.2023.2835238-4","dc_publisher":"gm1954","dc_source":"https://beekdaelen.bestuurlijkeinformatie.nl/Agenda/Index/9e3b6390-59f4-4563-9e2c-a9b188edf78c","dc_title":"BDN Commissie AWACS Limburg 2023-06-28 - Reactie Staatssecretaris Hitschler","dc_type":"2c","dc_type_description":"Vergaderstuk decentrale overheid","foi_fairiscoreVersions":{"v1":2,"v2":2},"foi_files":[{"dc_format":"application/pdf","dc_identifier":"nl.gm1954.2c.2023.2835238-4.doc.1","dc_source":"https://api1.ibabs.eu/publicdownload.aspx?site=Beekdaelen&id=0c3202ef-0517-4695-b8ca-d6a9759f1870","dc_title":"013-CAL-AWACS-2023-Reactie Duitse staatssecretaris.pdf","dc_type":"bijlage","foi_fairiscoreVersions":{"v1":2,"v2":2},"foi_fileName":"013-CAL-AWACS-2023-Reactie%20Duitse%20staatssecretaris.pdf","foi_nrPages":5}],"foi_nrDocuments":1,"foi_nrPagesInDossier":5,"foi_publishedDate":"2023-06-28","foi_retrievedDate":"2025-11-29"},{"dc_creator":"HandelingScraper_v1","dc_date_year":2023,"dc_description":"Vergadering van de Gemeente Beekdaelen op 2023-06-28. Onderdeel: Vragen en antwoorden emissies n.a.v. CAL 8-3-2023.","dc_identifier":"nl.gm1954.2c.2023.2835238-5","dc_publisher":"gm1954","dc_source":"https://beekdaelen.bestuurlijkeinformatie.nl/Agenda/Index/9e3b6390-59f4-4563-9e2c-a9b188edf78c","dc_title":"BDN Commissie AWACS Limburg 2023-06-28 - Vragen en antwoorden emissies n.a.v. CAL 8-3-2023","dc_type":"2c","dc_type_description":"Vergaderstuk decentrale overheid","foi_fairiscoreVersions":{"v1":1,"v2":1},"foi_files":[{"dc_format":"application/pdf","dc_identifier":"nl.gm1954.2c.2023.2835238-5.doc.1","dc_source":"https://api1.ibabs.eu/publicdownload.aspx?site=Beekdaelen&id=feba9168-bd2b-4063-9add-0b6e40595207","dc_title":"020-CAL-AWACS-2023-vragen en antwoorden emissies.pdf","dc_type":"bijlage","foi_fairiscoreVersions":{"v1":1,"v2":1},"foi_fileName":"020-CAL-AWACS-2023-vragen%20en%20antwoorden%20emissies.pdf","foi_nrPages":4}],"foi_nrDocuments":1,"foi_nrPagesInDossier":4,"foi_publishedDate":"2023-06-28","foi_retrievedDate":"2025-11-29"},{"dc_creator":"HandelingScraper_v1","dc_date_year":2023,"dc_description":"Vergadering van de Gemeente Beekdaelen op 2023-06-28. Onderdeel: Raadsvragen en antwoorden Brunssum motorpech AWACS toestel.","dc_identifier":"nl.gm1954.2c.2023.2835238-6","dc_publisher":"gm1954","dc_source":"https://beekdaelen.bestuurlijkeinformatie.nl/Agenda/Index/9e3b6390-59f4-4563-9e2c-a9b188edf78c","dc_title":"BDN Commissie AWACS Limburg 2023-06-28 - Raadsvragen en antwoorden Brunssum motorpech AWACS toestel","dc_type":"2c","dc_type_description":"Vergaderstuk decentrale overheid","foi_fairiscoreVersions":{"v1":2,"v2":2},"foi_files":[{"dc_format":"application/pdf","dc_identifier":"nl.gm1954.2c.2023.2835238-6.doc.1","dc_source":"https://api1.ibabs.eu/publicdownload.aspx?site=Beekdaelen&id=803c89e3-2616-4f7a-9295-e3efa4489be3","dc_title":"021-CAL-AWACS-2023-Motorpech AWACS raadsvragen Beekdaelen.pdf","dc_type":"bijlage","foi_fairiscoreVersions":{"v1":2,"v2":2},"foi_fileName":"021-CAL-AWACS-2023-Motorpech%20AWACS%20raadsvragen%20Beekdaelen.pdf","foi_nrPages":3}],"foi_nrDocuments":1,"foi_nrPagesInDossier":3,"foi_publishedDate":"2023-06-28","foi_retrievedDate":"2025-11-29"},{"dc_creator":"HandelingScraper_v1","dc_date_year":2023,"dc_description":"Vergadering van de Gemeente Beekdaelen op 2023-06-28. Onderdeel: Raadsvragen en antwoorden Beekdaelen kleine vliegtuigen.","dc_identifier":"nl.gm1954.2c.2023.2835238-7","dc_publisher":"gm1954","dc_source":"https://beekdaelen.bestuurlijkeinformatie.nl/Agenda/Index/9e3b6390-59f4-4563-9e2c-a9b188edf78c","dc_title":"BDN Commissie AWACS Limburg 2023-06-28 - Raadsvragen en antwoorden Beekdaelen kleine vliegtuigen","dc_type":"2c","dc_type_description":"Vergaderstuk decentrale overheid","foi_fairiscoreVersions":{"v1":1,"v2":1},"foi_files":[{"dc_format":"application/pdf","dc_identifier":"nl.gm1954.2c.2023.2835238-7.doc.1","dc_source":"https://api1.ibabs.eu/publicdownload.aspx?site=Beekdaelen&id=2518e65a-46ce-4d8f-b1fb-3d4ee377f520","dc_title":"022-CAL-AWACS-2023-raadsvragen Beekdaelen (kleine vliegtuigen).pdf","dc_type":"bijlage","foi_fairiscoreVersions":{"v1":1,"v2":1},"foi_fileName":"022-CAL-AWACS-2023-raadsvragen%20Beekdaelen%20%28kleine%20vliegtuigen%29.pdf","foi_nrPages":4}],"foi_nrDocuments":1,"foi_nrPagesInDossier":4,"foi_publishedDate":"2023-06-28","foi_retrievedDate":"2025-11-29"},{"dc_creator":"HandelingScraper_v1","dc_date_year":2023,"dc_description":"Vergadering van de Gemeente Beekdaelen op 2023-06-28. Onderdeel: Defensie, aanbevelingen Landrum&Brown en daaraan gegeven gevolg.","dc_identifier":"nl.gm1954.2c.2023.2835238-8","dc_publisher":"gm1954","dc_source":"https://beekdaelen.bestuurlijkeinformatie.nl/Agenda/Index/9e3b6390-59f4-4563-9e2c-a9b188edf78c","dc_title":"BDN Commissie AWACS Limburg 2023-06-28 - Defensie, aanbevelingen Landrum&Brown en daaraan gegeven gevolg","dc_type":"2c","dc_type_description":"Vergaderstuk decentrale overheid","foi_fairiscoreVersions":{"v1":1,"v2":1},"foi_files":[{"dc_format":"application/pdf","dc_identifier":"nl.gm1954.2c.2023.2835238-8.doc.1","dc_source":"https://api1.ibabs.eu/publicdownload.aspx?site=Beekdaelen&id=9651a572-6d24-4dc8-8e97-d8231c4de1f8","dc_title":"023-CAL-AWACS-2023- Defensie - Overzicht aanbevelingen LandrumBrown en daaraan gegeven gevolg.pdf","dc_type":"bijlage","foi_fairiscoreVersions":{"v1":1,"v2":1},"foi_fileName":"023-CAL-AWACS-2023-%20Defensie%20-%20Overzicht%20aanbevelingen%20LandrumBrown%20en%20daaraan%20gegeven%20gevolg.pdf","foi_nrPages":8}],"foi_nrDocuments":1,"foi_nrPagesInDossier":8,"foi_publishedDate":"2023-06-28","foi_retrievedDate":"2025-11-29"},{"dc_creator":"HandelingScraper_v1","dc_date_year":2023,"dc_description":"Vergadering van de Gemeente Beekdaelen op 2023-06-28. Onderdeel: Landrum & Brown, brief gemeenten aan Staatssecretaris.","dc_identifier":"nl.gm1954.2c.2023.2835238-9","dc_publisher":"gm1954","dc_source":"https://beekdaelen.bestuurlijkeinformatie.nl/Agenda/Index/9e3b6390-59f4-4563-9e2c-a9b188edf78c","dc_title":"BDN Commissie AWACS Limburg 2023-06-28 - Landrum & Brown, brief gemeenten aan Staatssecretaris","dc_type":"2c","dc_type_description":"Vergaderstuk decentrale overheid","foi_fairiscoreVersions":{"v1":1,"v2":1},"foi_files":[{"dc_format":"application/pdf","dc_identifier":"nl.gm1954.2c.2023.2835238-9.doc.1","dc_source":"https://api1.ibabs.eu/publicdownload.aspx?site=Beekdaelen&id=4ce91abd-148b-47d2-8afb-e582358ba066","dc_title":"024-CAL-AWACS-Brief aan staatssecretaris van Defensie_15-05-2023.pdf","dc_type":"bijlage","foi_fairiscoreVersions":{"v1":1,"v2":1},"foi_fileName":"024-CAL-AWACS-Brief%20aan%20staatssecretaris%20van%20Defensie_15-05-2023.pdf","foi_nrPages":24}],"foi_nrDocuments":1,"foi_nrPagesInDossier":24,"foi_publishedDate":"2023-06-28","foi_retrievedDate":"2025-11-29"},{"dc_creator":"HandelingScraper_v1","dc_date_year":2023,"dc_description":"Vergadering van de Gemeente Beekdaelen op 2023-07-11. Onderdeel: Opening.","dc_identifier":"nl.gm1954.2c.2023.2835276-1","dc_publisher":"gm1954","dc_source":"https://beekdaelen.bestuurlijkeinformatie.nl/Agenda/Index/703dc378-4ec4-4371-a62d-de235302b545","dc_title":"Raadsvergadering 2023-07-11 - Opening","dc_type":"2c","dc_type_description":"Vergaderstuk decentrale overheid","foi_fairiscoreVersions":{"v1":1,"v2":1},"foi_files":[{"dc_format":"application/pdf","dc_identifier":"nl.gm1954.2c.2023.2835276-1.doc.2","dc_source":"https://api1.ibabs.eu/publicdownload.aspx?site=Beekdaelen&id=fc48e368-253d-4441-b3c4-c9cf3fe57e6b","dc_title":"Procesvoorstel behandeling stukken raad 11 juli VASTGESTELD","dc_type":"bijlage","foi_fairiscoreVersions":{"v1":1,"v2":1},"foi_fileName":"Procesvoorstel%20behandeling%20stukken%20raad%2011%20juli%20VASTGESTELD.pdf","foi_nrPages":2},{"dc_format":"application/pdf","dc_identifier":"nl.gm1954.2c.2023.2835276-1.doc.1","dc_source":"https://api1.ibabs.eu/publicdownload.aspx?site=Beekdaelen&id=d609292d-6635-4380-b24f-ba13fe8b2e01","dc_title":"Uitnodiging en voorlopige agenda raadsvergadering 11 juli 2023","dc_type":"bijlage","foi_fairiscoreVersions":{"v1":1,"v2":1},"foi_fileName":"Uitnodiging%20en%20voorlopige%20agenda%20raadsvergadering%2011%20juli%202023.pdf","foi_nrPages":1}],"foi_nrDocuments":2,"foi_nrPagesInDossier":3,"foi_publishedDate":"2023-07-11","foi_retrievedDate":"2025-11-29"},{"dc_creator":"HandelingScraper_v1","dc_date_year":2023,"dc_description":"Vergadering van de Gemeente Beekdaelen op 2023-07-11. Onderdeel: Vaststelling van de agenda.","dc_identifier":"nl.gm1954.2c.2023.2835276-2","dc_publisher":"gm1954","dc_source":"https://beekdaelen.bestuurlijkeinformatie.nl/Agenda/Index/703dc378-4ec4-4371-a62d-de235302b545","dc_title":"Raadsvergadering 2023-07-11 - Vaststelling van de agenda","dc_type":"2c","dc_type_description":"Vergaderstuk decentrale overheid","foi_fairiscoreVersions":{"v1":1,"v2":1},"foi_files":[{"dc_format":"application/pdf","dc_identifier":"nl.gm1954.2c.2023.2835276-2.doc.1","dc_source":"https://api1.ibabs.eu/publicdownload.aspx?site=Beekdaelen&id=ac760a2a-314c-4927-ad96-656816c9194e","dc_title":"Vastgestelde agenda raadsvergadering 11 juli 2023","dc_type":"bijlage","foi_fairiscoreVersions":{"v1":1,"v2":1},"foi_fileName":"Vastgestelde%20agenda%20raadsvergadering%2011%20juli%202023.pdf","foi_nrPages":1}],"foi_nrDocuments":1,"foi_nrPagesInDossier":1,"foi_publishedDate":"2023-07-11","foi_retrievedDate":"2025-11-29"},{"dc_creator":"HandelingScraper_v1","dc_date_year":2023,"dc_description":"Vergadering van de Gemeente Beekdaelen op 2023-07-11. Onderdeel: Vaststellen besluitenlijst openbare raadsvergadering d.d. 27 juni 2023.","dc_identifier":"nl.gm1954.2c.2023.2835276-3","dc_publisher":"gm1954","dc_source":"https://beekdaelen.bestuurlijkeinformatie.nl/Agenda/Index/703dc378-4ec4-4371-a62d-de235302b545","dc_title":"Raadsvergadering 2023-07-11 - Vaststellen besluitenlijst openbare raadsvergadering d.d. 27 juni 2023","dc_type":"2c","dc_type_description":"Vergaderstuk decentrale overheid","foi_fairiscoreVersions":{"v1":1,"v2":1},"foi_files":[{"dc_format":"application/pdf","dc_identifier":"nl.gm1954.2c.2023.2835276-3.doc.1","dc_source":"https://api1.ibabs.eu/publicdownload.aspx?site=Beekdaelen&id=310213f9-4f1e-4637-bb0e-f861e33adf65","dc_title":"Besluitenlijst raadsvergadering 27062023, vastgesteld 11072023","dc_type":"bijlage","foi_fairiscoreVersions":{"v1":1,"v2":1},"foi_fileName":"Besluitenlijst%20raadsvergadering%2027062023.pdf","foi_nrPages":14}],"foi_nrDocuments":1,"foi_nrPagesInDossier":14,"foi_publishedDate":"2023-07-11","foi_retrievedDate":"2025-11-29"},{"dc_creator":"HandelingScraper_v1","dc_date_year":2023,"dc_description":"Vergadering van de Gemeente Beekdaelen op 2023-07-11. Onderdeel: Voorstel inzake jaarstukken 2022.","dc_identifier":"nl.gm1954.2c.2023.2835276-4","dc_publisher":"gm1954","dc_source":"https://beekdaelen.bestuurlijkeinformatie.nl/Agenda/Index/703dc378-4ec4-4371-a62d-de235302b545","dc_title":"Raadsvergadering 2023-07-11 - Voorstel inzake jaarstukken 2022","dc_type":"2c","dc_type_description":"Vergaderstuk decentrale overheid","foi_fairiscoreVersions":{"v1":2,"v2":2},"foi_files":[{"dc_format":"application/pdf","dc_identifier":"nl.gm1954.2c.2023.2835276-4.doc.5","dc_source":"https://api1.ibabs.eu/publicdownload.aspx?site=Beekdaelen&id=517b382d-2290-4f74-86d1-b7c1683597d1","dc_title":"Gemeente Beekdaelen - accountantsverslag 2022 def (vz)","dc_type":"bijlage","foi_fairiscoreVersions":{"v1":2,"v2":2},"foi_fileName":"Gemeente%20Beekdaelen%20-%20accountantsverslag%202022%20def%20%28vz%29.pdf","foi_nrPages":28},{"dc_format":"application/pdf","dc_identifier":"nl.gm1954.2c.2023.2835276-4.doc.8","dc_source":"https://api1.ibabs.eu/publicdownload.aspx?site=Beekdaelen&id=b9ace0db-c371-4f1a-b2f0-0680a061496f","dc_title":"Gemeente Beekdaelen - concept accountantsverslag 2022","dc_type":"bijlage","foi_fairiscoreVersions":{"v1":2,"v2":2},"foi_fileName":"Gemeente%20Beekdaelen%20-%20concept%20accountantsverslag%202022.pdf","foi_nrPages":29},{"dc_format":"application/pdf","dc_identifier":"nl.gm1954.2c.2023.2835276-4.doc.6","dc_source":"https://api1.ibabs.eu/publicdownload.aspx?site=Beekdaelen&id=c8cf01dc-de9d-4e45-bca5-d8203d7cced2","dc_title":"Gemeente Beekdaelen - jaarrekening 2022 incl. controleverklaring (vz) VERVALLEN","dc_type":"bijlage","foi_fairiscoreVersions":{"v1":2,"v2":2},"foi_fileName":"Gemeente%20Beekdaelen%20-%20jaarrekening%202022%20incl.pdf","foi_nrPages":284},{"dc_format":"application/pdf","dc_identifier":"nl.gm1954.2c.2023.2835276-4.doc.7","dc_source":"https://api1.ibabs.eu/publicdownload.aspx?site=Beekdaelen&id=bcac689b-dd74-471b-bade-f4ec3b63e541","dc_title":"Jaarstukken 2022 VERVALLEN","dc_type":"bijlage","foi_fairiscoreVersions":{"v1":2,"v2":2},"foi_fileName":"Jaarstukken%202022.pdf","foi_nrPages":277},{"dc_format":"application/pdf","dc_identifier":"nl.gm1954.2c.2023.2835276-4.doc.4","dc_source":"https://api1.ibabs.eu/publicdownload.aspx?site=Beekdaelen&id=d58311d0-13f6-46ac-b055-41702f2d631e","dc_title":"Raadsbesluit inzake jaarstukken 2022, vastgesteld 11072023","dc_type":"bijlage","foi_fairiscoreVersions":{"v1":1,"v2":1},"foi_fileName":"Raadsbesluit%20jaarstukken%202022.pdf","foi_nrPages":1},{"dc_format":"application/pdf","dc_identifier":"nl.gm1954.2c.2023.2835276-4.doc.1","dc_source":"https://api1.ibabs.eu/publicdownload.aspx?site=Beekdaelen&id=f5da9b1f-b48d-406f-88c1-e01a7a896caa","dc_title":"Raadsvoorstel inzake jaarstukken 2022","dc_type":"bijlage","foi_fairiscoreVersions":{"v1":1,"v2":1},"foi_fileName":"Raadsvoostel%20jaarstukken%202022.pdf","foi_nrPages":5},{"dc_format":"application/pdf","dc_identifier":"nl.gm1954.2c.2023.2835276-4.doc.2","dc_source":"https://api1.ibabs.eu/publicdownload.aspx?site=Beekdaelen&id=bccce408-3b4d-418a-b509-fb24e600bf15","dc_title":"Nota van wijziging jaarstukken 2022","dc_type":"bijlage","foi_fairiscoreVersions":{"v1":1,"v2":1},"foi_fileName":"Z_23_191340%20-%20342193%20-%20Bijlage%201_%20nota%20van%20wijziging%20jaarstukken%202022.pdf","foi_nrPages":1},{"dc_format":"application/pdf","dc_identifier":"nl.gm1954.2c.2023.2835276-4.doc.3","dc_source":"https://api1.ibabs.eu/publicdownload.aspx?site=Beekdaelen&id=0667f6ef-3568-448b-b4a2-512b134c8d3c","dc_title":"Jaarstukken 2022 na nota van wijziging","dc_type":"bijlage","foi_fairiscoreVersions":{"v1":2,"v2":2},"foi_fileName":"Z_23_191340%20-%20342341%20-%20Bijlage%202_%20jaarstukken%202022%20na%20nota%20van%20wijziging.pdf","foi_nrPages":277}],"foi_nrDocuments":8,"foi_nrPagesInDossier":902,"foi_publishedDate":"2023-07-11","foi_retrievedDate":"2025-11-29"},{"dc_creator":"HandelingScraper_v1","dc_date_year":2023,"dc_description":"Vergadering van de Gemeente Beekdaelen op 2023-07-11. Onderdeel: Eerste burap 2023.","dc_identifier":"nl.gm1954.2c.2023.2835276-5","dc_publisher":"gm1954","dc_source":"https://beekdaelen.bestuurlijkeinformatie.nl/Agenda/Index/703dc378-4ec4-4371-a62d-de235302b545","dc_title":"Raadsvergadering 2023-07-11 - Eerste burap 2023","dc_type":"2c","dc_type_description":"Vergaderstuk decentrale overheid","foi_fairiscoreVersions":{"v1":2,"v2":2},"foi_files":[{"dc_format":"application/pdf","dc_identifier":"nl.gm1954.2c.2023.2835276-5.doc.3","dc_source":"https://api1.ibabs.eu/publicdownload.aspx?site=Beekdaelen&id=d66b8bb7-e1c6-4c99-a1d5-0fd5cbab6d9b","dc_title":"1e bestuursrapportage 2023","dc_type":"bijlage","foi_fairiscoreVersions":{"v1":2,"v2":2},"foi_fileName":"1e%20bestuursrapportage%202023.pdf","foi_nrPages":65},{"dc_format":"application/pdf","dc_identifier":"nl.gm1954.2c.2023.2835276-5.doc.2","dc_source":"https://api1.ibabs.eu/publicdownload.aspx?site=Beekdaelen&id=5f5af69f-3dfa-4ccc-b557-3284a4292a0a","dc_title":"Raadsbesluit inzake eerste burap 2023, vastgesteld 11072023","dc_type":"bijlage","foi_fairiscoreVersions":{"v1":1,"v2":1},"foi_fileName":"Raadsbesluit%20eerste%20burap%202023.pdf","foi_nrPages":1},{"dc_format":"application/pdf","dc_identifier":"nl.gm1954.2c.2023.2835276-5.doc.1","dc_source":"https://api1.ibabs.eu/publicdownload.aspx?site=Beekdaelen&id=6b3a77b9-f801-48a9-8a2a-27ef2f2a4b99","dc_title":"Raadsvoorstel inzake eerste burap 2023","dc_type":"bijlage","foi_fairiscoreVersions":{"v1":1,"v2":1},"foi_fileName":"Raadsvoorstel%20eerste%20burap%202023.pdf","foi_nrPages":6}],"foi_nrDocuments":3,"foi_nrPagesInDossier":72,"foi_publishedDate":"2023-07-11","foi_retrievedDate":"2026-03-14"},{"dc_creator":"HandelingScraper_v1","dc_date_year":2023,"dc_description":"Vergadering van de Gemeente Beekdaelen op 2023-07-11. Onderdeel: Amendement PvdA, VVD, D66, Koll\u00e9e-Rijkx en GroenLinks inzake Burap VERWORPEN.","dc_identifier":"nl.gm1954.2c.2023.2835276-6","dc_publisher":"gm1954","dc_source":"https://beekdaelen.bestuurlijkeinformatie.nl/Agenda/Index/703dc378-4ec4-4371-a62d-de235302b545","dc_title":"Raadsvergadering 2023-07-11 - Amendement PvdA, VVD, D66, Koll\u00e9e-Rijkx en GroenLinks inzake Burap VERWORPEN","dc_type":"2c","dc_type_description":"Vergaderstuk decentrale overheid","foi_fairiscoreVersions":{"v1":1,"v2":1},"foi_files":[{"dc_format":"application/pdf","dc_identifier":"nl.gm1954.2c.2023.2835276-6.doc.1","dc_source":"https://api1.ibabs.eu/publicdownload.aspx?site=Beekdaelen&id=00c00a49-8718-46a6-b539-a2b12d5f3479","dc_title":"Amendement PvdA, D66, VVD, Koll\u00e9e-Rijkx en GL inzake eerste burap 2023 VERWORPEN","dc_type":"bijlage","foi_fairiscoreVersions":{"v1":1,"v2":1},"foi_fileName":"Amendement%20PvdA_%20D66_%20VVD_%20Koll%C3%A9e-Rijkx%20en%20GL%20inzake%20eerste%20burap%202023%20VERWORPEN.pdf","foi_nrPages":1}],"foi_nrDocuments":1,"foi_nrPagesInDossier":1,"foi_publishedDate":"2023-07-11","foi_retrievedDate":"2026-03-06"},{"dc_creator":"HandelingScraper_v1","dc_date_year":2023,"dc_description":"Vergadering van de Gemeente Beekdaelen op 2023-07-11. Onderdeel: Motie GroenLinks, Beekdaelen Lokaal, Vernieuwingsgroep, CDA, VVD, Koll\u00e9e-Rijkx en PvdA  inzake uitkering energietoeslag INGETROKKEN.","dc_identifier":"nl.gm1954.2c.2023.2835276-7","dc_publisher":"gm1954","dc_source":"https://beekdaelen.bestuurlijkeinformatie.nl/Agenda/Index/703dc378-4ec4-4371-a62d-de235302b545","dc_title":"Raadsvergadering 2023-07-11 - Motie GroenLinks, Beekdaelen Lokaal, Vernieuwingsgroep, CDA, VVD, Koll\u00e9e-Rijkx en PvdA  inzake uitkering energietoeslag INGETROKKEN","dc_type":"2c","dc_type_description":"Vergaderstuk decentrale overheid","foi_fairiscoreVersions":{"v1":1,"v2":1},"foi_files":[{"dc_format":"application/pdf","dc_identifier":"nl.gm1954.2c.2023.2835276-7.doc.1","dc_source":"https://api1.ibabs.eu/publicdownload.aspx?site=Beekdaelen&id=3d0ea5c8-47d5-447f-95ee-ff7f1726a81c","dc_title":"Motie GL, BL, VG, CDA, VVD, Koll\u00e9e-Rijkx en PvdA inzake uitkering energietoeslag INGETROKKEN","dc_type":"bijlage","foi_fairiscoreVersions":{"v1":1,"v2":1},"foi_fileName":"Motie%20GL_%20BL_%20VG_%20CDA_%20VVD_%20Koll%C3%A9e-Rijkx%20en%20PvdA%20inzake%20uitkering%20energietoeslag%20INGETROKKEN.pdf","foi_nrPages":2}],"foi_nrDocuments":1,"foi_nrPagesInDossier":2,"foi_publishedDate":"2023-07-11","foi_retrievedDate":"2025-12-04"},{"dc_creator":"HandelingScraper_v1","dc_date_year":2023,"dc_description":"Vergadering van de Gemeente Beekdaelen op 2023-07-11. Onderdeel: Kadernota 2024.","dc_identifier":"nl.gm1954.2c.2023.2835276-8","dc_publisher":"gm1954","dc_source":"https://beekdaelen.bestuurlijkeinformatie.nl/Agenda/Index/703dc378-4ec4-4371-a62d-de235302b545","dc_title":"Raadsvergadering 2023-07-11 - Kadernota 2024","dc_type":"2c","dc_type_description":"Vergaderstuk decentrale overheid","foi_fairiscoreVersions":{"v1":2,"v2":2},"foi_files":[{"dc_format":"application/pdf","dc_identifier":"nl.gm1954.2c.2023.2835276-8.doc.3","dc_source":"https://api1.ibabs.eu/publicdownload.aspx?site=Beekdaelen&id=8fa6abc8-40df-418d-a337-1981c5802491","dc_title":"Kadernota 2024","dc_type":"bijlage","foi_fairiscoreVersions":{"v1":2,"v2":2},"foi_fileName":"Kadernota%202024.pdf","foi_nrPages":45},{"dc_format":"application/pdf","dc_identifier":"nl.gm1954.2c.2023.2835276-8.doc.2","dc_source":"https://api1.ibabs.eu/publicdownload.aspx?site=Beekdaelen&id=5b8fde71-a885-435d-a01b-add50fba54df","dc_title":"Raadsbesluit inzake kadernota 2024, vastgesteld 11072023","dc_type":"bijlage","foi_fairiscoreVersions":{"v1":1,"v2":1},"foi_fileName":"Raadsbesluit%20kadernota%202024.pdf","foi_nrPages":1},{"dc_format":"application/pdf","dc_identifier":"nl.gm1954.2c.2023.2835276-8.doc.1","dc_source":"https://api1.ibabs.eu/publicdownload.aspx?site=Beekdaelen&id=758cc425-a203-43aa-9f88-6537ac101dca","dc_title":"Raadsvoorstel inzake kadernota 2024","dc_type":"bijlage","foi_fairiscoreVersions":{"v1":1,"v2":1},"foi_fileName":"Raadsvoorstel%20kadernota%202024.pdf","foi_nrPages":3}],"foi_nrDocuments":3,"foi_nrPagesInDossier":49,"foi_publishedDate":"2023-07-11","foi_retrievedDate":"2025-12-03"},{"dc_creator":"HandelingScraper_v1","dc_date_year":2023,"dc_description":"Vergadering van de Gemeente Beekdaelen op 2023-07-11. Onderdeel: Vaststelling lijst ingekomen stukken.","dc_identifier":"nl.gm1954.2c.2023.2835276-9","dc_publisher":"gm1954","dc_source":"https://beekdaelen.bestuurlijkeinformatie.nl/Agenda/Index/703dc378-4ec4-4371-a62d-de235302b545","dc_title":"Raadsvergadering 2023-07-11 - Vaststelling lijst ingekomen stukken","dc_type":"2c","dc_type_description":"Vergaderstuk decentrale overheid","foi_fairiscoreVersions":{"v1":1,"v2":1},"foi_files":[{"dc_format":"application/pdf","dc_identifier":"nl.gm1954.2c.2023.2835276-9.doc.1","dc_source":"https://api1.ibabs.eu/publicdownload.aspx?site=Beekdaelen&id=6f0895e1-554f-40ec-b140-10900b430bb3","dc_title":"Lijst ingekomen stukken raad 11072023 versie 03.07.2023","dc_type":"bijlage","foi_fairiscoreVersions":{"v1":1,"v2":1},"foi_fileName":"Lijst%20ingekomen%20stukken%20raad%2011072023%20versie%2003.07.2023.pdf","foi_nrPages":5},{"dc_format":"application/pdf","dc_identifier":"nl.gm1954.2c.2023.2835276-9.doc.2","dc_source":"https://api1.ibabs.eu/publicdownload.aspx?site=Beekdaelen&id=ff050591-b251-45b6-8c84-66218a5e2439","dc_title":"Lijst ingekomen stukken raad 11072023 versie 04.07.2023","dc_type":"bijlage","foi_fairiscoreVersions":{"v1":1,"v2":1},"foi_fileName":"Lijst%20ingekomen%20stukken%20raad%2011072023%20versie%2004.07.2023.pdf","foi_nrPages":5},{"dc_format":"application/pdf","dc_identifier":"nl.gm1954.2c.2023.2835276-9.doc.3","dc_source":"https://api1.ibabs.eu/publicdownload.aspx?site=Beekdaelen&id=ae0d0ae4-0e30-497a-a36a-7d880baaa606","dc_title":"Lijst ingekomen stukken raad 11072023 , vastgesteld 11072023","dc_type":"bijlage","foi_fairiscoreVersions":{"v1":1,"v2":1},"foi_fileName":"Lijst%20ingekomen%20stukken%20raad%2011072023%20versie%2006072023.pdf","foi_nrPages":6}],"foi_nrDocuments":3,"foi_nrPagesInDossier":16,"foi_publishedDate":"2023-07-11","foi_retrievedDate":"2026-03-06"},{"dc_creator":"HandelingScraper_v1","dc_date_year":2023,"dc_description":"Vergadering van de Gemeente Beekdaelen op 2023-09-12. Onderdeel: Algemeen.","dc_identifier":"nl.gm1954.2c.2023.2835309-1","dc_publisher":"gm1954","dc_source":"https://beekdaelen.bestuurlijkeinformatie.nl/Agenda/Index/a0c87679-acb7-4949-8d18-37618e5c4aa0","dc_title":"Raadscommissie Sociale Leefomgeving 2023-09-12 - Algemeen","dc_type":"2c","dc_type_description":"Vergaderstuk decentrale overheid","foi_fairiscoreVersions":{"v1":null,"v2":null},"foi_files":[{"dc_format":"application/pdf","dc_identifier":"nl.gm1954.2c.2023.2835309-1.doc.3","dc_source":"https://api1.ibabs.eu/publicdownload.aspx?site=Beekdaelen&id=1d86c1bc-f479-4b1a-bb25-89e3e3b45b75","dc_title":"Technische voorvragen BL cie SLO","dc_type":"bijlage","foi_fileName":"Technische%20voorvragen%20BL%20cie%20SLO.pdf"},{"dc_format":"application/pdf","dc_identifier":"nl.gm1954.2c.2023.2835309-1.doc.6","dc_source":"https://api1.ibabs.eu/publicdownload.aspx?site=Beekdaelen&id=e034e1c7-d667-4cf2-b3c1-b4f3a669652b","dc_title":"Technische voorvragen BL cie SLO (nagekomen)","dc_type":"bijlage","foi_fileName":"Technische%20voorvragen%20BL%20cie%20SLO%20%28nagekomen%29.pdf"},{"dc_format":"application/pdf","dc_identifier":"nl.gm1954.2c.2023.2835309-1.doc.1","dc_source":"https://api1.ibabs.eu/publicdownload.aspx?site=Beekdaelen&id=c278d3d9-cfff-42dd-8413-571967f06af2","dc_title":"Technische voorvragen CDA cie SLO","dc_type":"bijlage","foi_fileName":"Technische%20voorvragen%20CDA%20cie%20SLO.pdf"},{"dc_format":"application/pdf","dc_identifier":"nl.gm1954.2c.2023.2835309-1.doc.2","dc_source":"https://api1.ibabs.eu/publicdownload.aspx?site=Beekdaelen&id=417d139e-dc94-49ed-be82-2ea53e7b1cd3","dc_title":"Technische voorvragen PvdA cie SLO","dc_type":"bijlage","foi_fileName":"Technische%20voorvragen%20PvdA%20cie%20SLO.pdf"},{"dc_format":"application/pdf","dc_identifier":"nl.gm1954.2c.2023.2835309-1.doc.4","dc_source":"https://api1.ibabs.eu/publicdownload.aspx?site=Beekdaelen&id=3a6775bc-3145-4ca4-87c8-84ccdf78bc7f","dc_title":"Technische voorvragen VG cie SLO","dc_type":"bijlage","foi_fileName":"Technische%20voorvragen%20VG%20cie%20SLO.pdf"},{"dc_format":"application/pdf","dc_identifier":"nl.gm1954.2c.2023.2835309-1.doc.5","dc_source":"https://api1.ibabs.eu/publicdownload.aspx?site=Beekdaelen&id=c4eb1c86-4d0e-45ee-9f9e-28b9795a3f29","dc_title":"Technische voorvragen VG cie SLO (nagekomen)","dc_type":"bijlage","foi_fileName":"Technische%20voorvragen%20VG%20cie%20SLO%20%28nagekomen%29.pdf"}],"foi_nrDocuments":6,"foi_nrPagesInDossier":0,"foi_publishedDate":"2023-09-12","foi_retrievedDate":"2025-11-30"},{"dc_creator":"HandelingScraper_v1","dc_date_year":2023,"dc_description":"Vergadering van de Gemeente Beekdaelen op 2023-09-12. Onderdeel: Opening, mededelingen voorzitter en vaststellen agenda..","dc_identifier":"nl.gm1954.2c.2023.2835309-2","dc_publisher":"gm1954","dc_source":"https://beekdaelen.bestuurlijkeinformatie.nl/Agenda/Index/a0c87679-acb7-4949-8d18-37618e5c4aa0","dc_title":"Raadscommissie Sociale Leefomgeving 2023-09-12 - Opening, mededelingen voorzitter en vaststellen agenda.","dc_type":"2c","dc_type_description":"Vergaderstuk decentrale overheid","foi_fairiscoreVersions":{"v1":1,"v2":1},"foi_files":[{"dc_format":"application/pdf","dc_identifier":"nl.gm1954.2c.2023.2835309-2.doc.1","dc_source":"https://api1.ibabs.eu/publicdownload.aspx?site=Beekdaelen&id=09a06da7-cbcf-4547-8a49-e6dcd5a15727","dc_title":"Uitnodiging en voorlopige agenda cie. SLO 12092023","dc_type":"bijlage","foi_fairiscoreVersions":{"v1":1,"v2":1},"foi_fileName":"Uitnodiging%20en%20voorlopige%20agenda%20cie.pdf","foi_nrPages":1},{"dc_format":"application/pdf","dc_identifier":"nl.gm1954.2c.2023.2835309-2.doc.2","dc_source":"https://api1.ibabs.eu/publicdownload.aspx?site=Beekdaelen&id=49912d56-9967-4229-acaa-f5e18348fefe","dc_title":"Vastgestelde agenda raadscie. Sociale Leefomgeving 12092023","dc_type":"bijlage","foi_fairiscoreVersions":{"v1":1,"v2":1},"foi_fileName":"Vastgestelde%20agenda%20raadscie.pdf","foi_nrPages":1}],"foi_nrDocuments":2,"foi_nrPagesInDossier":2,"foi_publishedDate":"2023-09-12","foi_retrievedDate":"2026-03-09"},{"dc_creator":"HandelingScraper_v1","dc_date_year":2023,"dc_description":"Vergadering van de Gemeente Beekdaelen op 2023-09-12. Onderdeel: Vaststellen actiepuntenlijst van de raadscommissie Sociale Leefomgeving d.d. 06 juni 2023.","dc_identifier":"nl.gm1954.2c.2023.2835309-3","dc_publisher":"gm1954","dc_source":"https://beekdaelen.bestuurlijkeinformatie.nl/Agenda/Index/a0c87679-acb7-4949-8d18-37618e5c4aa0","dc_title":"Raadscommissie Sociale Leefomgeving 2023-09-12 - Vaststellen actiepuntenlijst van de raadscommissie Sociale Leefomgeving d.d. 06 juni 2023","dc_type":"2c","dc_type_description":"Vergaderstuk decentrale overheid","foi_fairiscoreVersions":{"v1":1,"v2":1},"foi_files":[{"dc_format":"application/pdf","dc_identifier":"nl.gm1954.2c.2023.2835309-3.doc.1","dc_source":"https://api1.ibabs.eu/publicdownload.aspx?site=Beekdaelen&id=2853ec7c-06b8-4005-a487-7ce12e2eb0ef","dc_title":"Actiepuntenlijst cie SLO 06 juni 2023 - vastgesteld 12.09.2023","dc_type":"bijlage","foi_fairiscoreVersions":{"v1":1,"v2":1},"foi_fileName":"Actiepuntenlijst%20cie%20SLO%2006062023%20%28kopie%20uit%20Decos%29.pdf","foi_nrPages":6}],"foi_nrDocuments":1,"foi_nrPagesInDossier":6,"foi_publishedDate":"2023-09-12","foi_retrievedDate":"2026-02-12"},{"dc_creator":"HandelingScraper_v1","dc_date_year":2023,"dc_description":"Vergadering van de Gemeente Beekdaelen op 2023-09-12. Onderdeel: Raadsvoorstel inzake: \"Herstelplan Xonar\".","dc_identifier":"nl.gm1954.2c.2023.2835309-4","dc_publisher":"gm1954","dc_source":"https://beekdaelen.bestuurlijkeinformatie.nl/Agenda/Index/a0c87679-acb7-4949-8d18-37618e5c4aa0","dc_title":"Raadscommissie Sociale Leefomgeving 2023-09-12 - Raadsvoorstel inzake: \"Herstelplan Xonar\"","dc_type":"2c","dc_type_description":"Vergaderstuk decentrale overheid","foi_fairiscoreVersions":{"v1":1,"v2":1},"foi_files":[{"dc_format":"application/octet-stream","dc_identifier":"nl.gm1954.2c.2023.2835309-4.doc.15","dc_source":"https://api1.ibabs.eu/publicdownload.aspx?site=Beekdaelen&id=1005f6eb-0b44-4dbb-80ca-a28ca230f8a2","dc_title":"B1 1e termijn","dc_type":"bijlage","foi_fileName":"B1%201e%20termijn.mp3"},{"dc_format":"application/octet-stream","dc_identifier":"nl.gm1954.2c.2023.2835309-4.doc.18","dc_source":"https://api1.ibabs.eu/publicdownload.aspx?site=Beekdaelen&id=2964ec15-ac6c-4d82-b898-25da9a63e9c7","dc_title":"B1 2e termijn","dc_type":"bijlage","foi_fileName":"B1%202e%20termijn.mp3"},{"dc_format":"application/octet-stream","dc_identifier":"nl.gm1954.2c.2023.2835309-4.doc.20","dc_source":"https://api1.ibabs.eu/publicdownload.aspx?site=Beekdaelen&id=faa53cc5-72f3-483c-968e-acbd6523fddb","dc_title":"B1 advies commissie","dc_type":"bijlage","foi_fileName":"B1%20advies%20commissie.mp3"},{"dc_format":"application/octet-stream","dc_identifier":"nl.gm1954.2c.2023.2835309-4.doc.16","dc_source":"https://api1.ibabs.eu/publicdownload.aspx?site=Beekdaelen&id=1613a52e-cb86-4d21-ad25-8ff2f1d3310d","dc_title":"B1 beantwoording 1e termijn I","dc_type":"bijlage","foi_fileName":"B1%20beantwoording%201e%20termijn%20I.mp3"},{"dc_format":"application/octet-stream","dc_identifier":"nl.gm1954.2c.2023.2835309-4.doc.17","dc_source":"https://api1.ibabs.eu/publicdownload.aspx?site=Beekdaelen&id=2ad811be-6c36-443a-bcf8-83adeaa4441f","dc_title":"B1 beantwoording 1e termijn II","dc_type":"bijlage","foi_fileName":"B1%20beantwoording%201e%20termijn%20II.mp3"},{"dc_format":"application/octet-stream","dc_identifier":"nl.gm1954.2c.2023.2835309-4.doc.19","dc_source":"https://api1.ibabs.eu/publicdownload.aspx?site=Beekdaelen&id=2ea4e184-2f40-45f9-b4bc-6b22daf1888e","dc_title":"B1 beantwoording 2e termijn","dc_type":"bijlage","foi_fileName":"B1%20beantwoording%202e%20termijn.mp3"},{"dc_format":"application/pdf","dc_identifier":"nl.gm1954.2c.2023.2835309-4.doc.14","dc_source":"https://api1.ibabs.eu/publicdownload.aspx?site=Beekdaelen&id=6e2c45ec-7206-4abb-ac23-8b7af3ed8fba","dc_title":"MvA technische voorvragen BL B1","dc_type":"bijlage","foi_fairiscoreVersions":{"v1":1,"v2":1},"foi_fileName":"MvA%20technische%20voorvragen%20BL%20B1.pdf","foi_nrPages":6},{"dc_format":"application/pdf","dc_identifier":"nl.gm1954.2c.2023.2835309-4.doc.21","dc_source":"https://api1.ibabs.eu/publicdownload.aspx?site=Beekdaelen&id=0760b712-41e2-4f26-a436-d8de48d0bdf9","dc_title":"MvA technische voorvragen BL B1 (aanvulling; betreft jaarstukken Xonar)","dc_type":"bijlage","foi_fairiscoreVersions":{"v1":1,"v2":1},"foi_fileName":"MvA%20technische%20voorvragen%20BL%20B1%20%28aanvulling%29.pdf","foi_nrPages":1},{"dc_format":"application/pdf","dc_identifier":"nl.gm1954.2c.2023.2835309-4.doc.13","dc_source":"https://api1.ibabs.eu/publicdownload.aspx?site=Beekdaelen&id=0e59412a-41e5-425b-bfd9-b08f4be4b3b6","dc_title":"MvA technische voorvragen CDA B1","dc_type":"bijlage","foi_fairiscoreVersions":{"v1":1,"v2":1},"foi_fileName":"MvA%20technische%20voorvragen%20CDA%20B1.pdf","foi_nrPages":3},{"dc_format":"application/pdf","dc_identifier":"nl.gm1954.2c.2023.2835309-4.doc.12","dc_source":"https://api1.ibabs.eu/publicdownload.aspx?site=Beekdaelen&id=3a42a538-105a-4d61-9a2d-e3da274563a4","dc_title":"MvA technische voorvragen PvdA B1","dc_type":"bijlage","foi_fairiscoreVersions":{"v1":1,"v2":1},"foi_fileName":"MvA%20technische%20voorvragen%20PvdA%20B1.pdf","foi_nrPages":3},{"dc_format":"application/pdf","dc_identifier":"nl.gm1954.2c.2023.2835309-4.doc.11","dc_source":"https://api1.ibabs.eu/publicdownload.aspx?site=Beekdaelen&id=873c6add-fdee-4b1a-85a2-0873de3773dc","dc_title":"MvA technische voorvragen VG B1","dc_type":"bijlage","foi_fairiscoreVersions":{"v1":1,"v2":1},"foi_fileName":"MvA%20technische%20voorvragen%20VG%20B1.pdf","foi_nrPages":6},{"dc_format":"application/pdf","dc_identifier":"nl.gm1954.2c.2023.2835309-4.doc.6","dc_source":"https://api1.ibabs.eu/publicdownload.aspx?site=Beekdaelen&id=2fae49e2-fb2f-4b34-8673-f918d68252f1","dc_title":"Bijlage 6: zorgcontinu\u00efteit Xonar","dc_type":"bijlage","foi_fairiscoreVersions":{"v1":1,"v2":1},"foi_fileName":"Z%2F23%2F191190%20-%20340650.pdf","foi_nrPages":6},{"dc_format":"application/pdf","dc_identifier":"nl.gm1954.2c.2023.2835309-4.doc.8","dc_source":"https://api1.ibabs.eu/publicdownload.aspx?site=Beekdaelen&id=f8185e39-ebff-464b-814e-77da421c5612","dc_title":"Bijlage 8: aanhangsel raadsvoorstel: Begrotingswijziging 2023/7.1","dc_type":"bijlage","foi_fairiscoreVersions":{"v1":1,"v2":1},"foi_fileName":"Z%2F23%2F191190%20-%20340660.pdf","foi_nrPages":1},{"dc_format":"application/pdf","dc_identifier":"nl.gm1954.2c.2023.2835309-4.doc.7","dc_source":"https://api1.ibabs.eu/publicdownload.aspx?site=Beekdaelen&id=288fcbdb-c3b2-4fe2-ac62-c113206a61a7","dc_title":"Bijlage 7:  visie Jeugdautoriteit op herstelplan","dc_type":"bijlage","foi_fairiscoreVersions":{"v1":1,"v2":1},"foi_fileName":"Z%2F23%2F191190%20-%20340660.pdf","foi_nrPages":3},{"dc_format":"application/pdf","dc_identifier":"nl.gm1954.2c.2023.2835309-4.doc.5","dc_source":"https://api1.ibabs.eu/publicdownload.aspx?site=Beekdaelen&id=69f15cd0-65b3-4533-b55a-183a15514c20","dc_title":"Bijlage 5: monitoring Herstelplan","dc_type":"bijlage","foi_fairiscoreVersions":{"v1":1,"v2":1},"foi_fileName":"Z%2F23%2F191190%20-%20340660.pdf","foi_nrPages":5},{"dc_format":"application/pdf","dc_identifier":"nl.gm1954.2c.2023.2835309-4.doc.4","dc_source":"https://api1.ibabs.eu/publicdownload.aspx?site=Beekdaelen&id=fa1d4e4e-2a98-4a25-b2a0-8ec2e4b522f9","dc_title":"Bijlage 2A: tabel financi\u00eble onderbouwing in bijlage 2 beter leesbaar","dc_type":"bijlage","foi_fairiscoreVersions":{"v1":1,"v2":1},"foi_fileName":"Z%2F23%2F191190%20-%20340660.pdf","foi_nrPages":1},{"dc_format":"application/pdf","dc_identifier":"nl.gm1954.2c.2023.2835309-4.doc.3","dc_source":"https://api1.ibabs.eu/publicdownload.aspx?site=Beekdaelen&id=c5c43cfd-3ff0-42b8-91ef-ec0688013f6b","dc_title":"Bijlage 2: aanvraag Xonar financi\u00eble steun Herstelplan","dc_type":"bijlage","foi_fairiscoreVersions":{"v1":1,"v2":1},"foi_fileName":"Z%2F23%2F191190%20-%20340660.pdf","foi_nrPages":2},{"dc_format":"application/pdf","dc_identifier":"nl.gm1954.2c.2023.2835309-4.doc.1","dc_source":"https://api1.ibabs.eu/publicdownload.aspx?site=Beekdaelen&id=04f390d7-a122-49ba-9134-ca466c453aff","dc_title":"Raadsvoorstel Herstelplan Xonar","dc_type":"bijlage","foi_fairiscoreVersions":{"v1":1,"v2":1},"foi_fileName":"Z%2F23%2F191190%20-%20340660%20-%20Raadsvoorstel%20Herstelplan%20Xonar.pdf","foi_nrPages":9},{"dc_format":"application/pdf","dc_identifier":"nl.gm1954.2c.2023.2835309-4.doc.2","dc_source":"https://api1.ibabs.eu/publicdownload.aspx?site=Beekdaelen&id=3c0f3812-1c96-4a03-9cc3-d09c77e2d032","dc_title":"Bijlage 1: concept Raadsbesluit Herstelplan Xonar","dc_type":"bijlage","foi_fairiscoreVersions":{"v1":1,"v2":1},"foi_fileName":"Z%2F23%2F191190%20-%20340676%20-%20concept%20raadsbesluit%20Herstelplan%20Xonar.pdf","foi_nrPages":2},{"dc_format":"application/pdf","dc_identifier":"nl.gm1954.2c.2023.2835309-4.doc.9","dc_source":"https://api1.ibabs.eu/publicdownload.aspx?site=Beekdaelen&id=ee24a507-2959-43f5-87a9-44e1cee1d589","dc_title":"Bijlage 9: RIB 28 juni 2023 Herstelplan Xonar","dc_type":"bijlage","foi_fairiscoreVersions":{"v1":1,"v2":1},"foi_fileName":"Z%2F23%2F191190%20-%20341375%20-%20Raadsinformatiebrief%2028%20juni%202023%20Herstelplan%20Xonar.pdf","foi_nrPages":2},{"dc_format":"application/pdf","dc_identifier":"nl.gm1954.2c.2023.2835309-4.doc.10","dc_source":"https://api1.ibabs.eu/publicdownload.aspx?site=Beekdaelen&id=d546540c-9b05-49e9-b5a1-63e2cbb41024","dc_title":"Bijlage 10: RIB Persbericht besluitvorming Xonar 28 juni 2023","dc_type":"bijlage","foi_fairiscoreVersions":{"v1":1,"v2":1},"foi_fileName":"Z%2F23%2F191190%20-%20341375%20persbericht%20besluitvorming%20Xonar%2028%20juni%202023.pdf","foi_nrPages":2}],"foi_nrDocuments":21,"foi_nrPagesInDossier":52,"foi_publishedDate":"2023-09-12","foi_retrievedDate":"2025-11-30"},{"dc_creator":"HandelingScraper_v1","dc_date_year":2023,"dc_description":"Vergadering van de Gemeente Beekdaelen op 2023-09-12. Onderdeel: Raadsvoorstel inzake:  \"Verordening Participatiewet IOAW en IOAZ ISD Kompas 1 juli 2023 gemeente Beekdaelen\".","dc_identifier":"nl.gm1954.2c.2023.2835309-5","dc_publisher":"gm1954","dc_source":"https://beekdaelen.bestuurlijkeinformatie.nl/Agenda/Index/a0c87679-acb7-4949-8d18-37618e5c4aa0","dc_title":"Raadscommissie Sociale Leefomgeving 2023-09-12 - Raadsvoorstel inzake:  \"Verordening Participatiewet IOAW en IOAZ ISD Kompas 1 juli 2023 gemeente Beekdaelen\"","dc_type":"2c","dc_type_description":"Vergaderstuk decentrale overheid","foi_fairiscoreVersions":{"v1":2,"v2":2},"foi_files":[{"dc_format":"application/octet-stream","dc_identifier":"nl.gm1954.2c.2023.2835309-5.doc.12","dc_source":"https://api1.ibabs.eu/publicdownload.aspx?site=Beekdaelen&id=6c5087c1-36cc-48a2-a506-40f856aea49f","dc_title":"B2 1e termijn","dc_type":"bijlage","foi_fileName":"B2%201e%20termijn.mp3"},{"dc_format":"application/octet-stream","dc_identifier":"nl.gm1954.2c.2023.2835309-5.doc.14","dc_source":"https://api1.ibabs.eu/publicdownload.aspx?site=Beekdaelen&id=89b4d28e-6225-4e5b-966b-643132d762bb","dc_title":"B2 2e termijn","dc_type":"bijlage","foi_fileName":"B2%202e%20termijn.mp3"},{"dc_format":"application/octet-stream","dc_identifier":"nl.gm1954.2c.2023.2835309-5.doc.16","dc_source":"https://api1.ibabs.eu/publicdownload.aspx?site=Beekdaelen&id=c93d1de1-7af6-4af9-a5ed-1f0ed2aac806","dc_title":"B2 advies commissie","dc_type":"bijlage","foi_fileName":"B2%20advies%20commissie.mp3"},{"dc_format":"application/octet-stream","dc_identifier":"nl.gm1954.2c.2023.2835309-5.doc.13","dc_source":"https://api1.ibabs.eu/publicdownload.aspx?site=Beekdaelen&id=342553fb-d049-4df2-b425-c3afa7951baa","dc_title":"B2 beantwoording 1e termijn","dc_type":"bijlage","foi_fileName":"B2%20beantwoording%201e%20termijn.mp3"},{"dc_format":"application/octet-stream","dc_identifier":"nl.gm1954.2c.2023.2835309-5.doc.15","dc_source":"https://api1.ibabs.eu/publicdownload.aspx?site=Beekdaelen&id=8962ac92-a7cf-4cff-8e1f-b9eb3032d2ac","dc_title":"B2 beantwoording 2e termijn","dc_type":"bijlage","foi_fileName":"B2%20beantwoording%202e%20termijn.mp3"},{"dc_format":"application/pdf","dc_identifier":"nl.gm1954.2c.2023.2835309-5.doc.7","dc_source":"https://api1.ibabs.eu/publicdownload.aspx?site=Beekdaelen&id=89bed14e-2a4b-49ff-851e-dd455b209593","dc_title":"MvA technische voorvraag BL B2","dc_type":"bijlage","foi_fairiscoreVersions":{"v1":2,"v2":1},"foi_fileName":"MvA%20technische%20voorvraag%20BL%20B2.pdf","foi_nrPages":2},{"dc_format":"application/pdf","dc_identifier":"nl.gm1954.2c.2023.2835309-5.doc.11","dc_source":"https://api1.ibabs.eu/publicdownload.aspx?site=Beekdaelen&id=b253405b-e334-4b7d-818d-b356fa9996a4","dc_title":"MvA technische voorvraag CDA B2","dc_type":"bijlage","foi_fairiscoreVersions":{"v1":1,"v2":1},"foi_fileName":"MvA%20technische%20voorvraag%20CDA%20B2.pdf","foi_nrPages":2},{"dc_format":"application/pdf","dc_identifier":"nl.gm1954.2c.2023.2835309-5.doc.8","dc_source":"https://api1.ibabs.eu/publicdownload.aspx?site=Beekdaelen&id=7528354a-20be-42ec-8523-6184a24c87cf","dc_title":"MvA technische voorvraag PvdA B2","dc_type":"bijlage","foi_fairiscoreVersions":{"v1":1,"v2":1},"foi_fileName":"MvA%20technische%20voorvraag%20PvdA%20B2.pdf","foi_nrPages":1},{"dc_format":"application/pdf","dc_identifier":"nl.gm1954.2c.2023.2835309-5.doc.6","dc_source":"https://api1.ibabs.eu/publicdownload.aspx?site=Beekdaelen&id=d774321c-4465-4fe8-89d5-2e9e878efdda","dc_title":"MvA technische voorvraag VG B2","dc_type":"bijlage","foi_fairiscoreVersions":{"v1":1,"v2":1},"foi_fileName":"MvA%20technische%20voorvraag%20VG%20B2.pdf","foi_nrPages":2},{"dc_format":"application/pdf","dc_identifier":"nl.gm1954.2c.2023.2835309-5.doc.1","dc_source":"https://api1.ibabs.eu/publicdownload.aspx?site=Beekdaelen&id=58aa9426-d9a5-40c7-be94-7930e8d71f10","dc_title":"Raadsvoorstel inzake Verordening Participatiewet IOAW en IOAZ Kompas 1 juli 2023 gemeente Beekdaelen","dc_type":"bijlage","foi_fairiscoreVersions":{"v1":1,"v2":1},"foi_fileName":"raadsvoorstel%20aangepast%2018%20aug.pdf","foi_nrPages":3},{"dc_format":"application/pdf","dc_identifier":"nl.gm1954.2c.2023.2835309-5.doc.9","dc_source":"https://api1.ibabs.eu/publicdownload.aspx?site=Beekdaelen&id=09e8ec45-4a45-4056-9e2a-4320736ceb44","dc_title":"Reactie CR op Verordening re-integratievoorzieningen ISD Kompas","dc_type":"bijlage","foi_fairiscoreVersions":{"v1":5,"v2":5},"foi_fileName":"reactie%20CR%20op%20Verordening%20re-integratievoorzieningen%20ISD%20Kompas.pdf","foi_nrPages":3},{"dc_format":"application/pdf","dc_identifier":"nl.gm1954.2c.2023.2835309-5.doc.10","dc_source":"https://api1.ibabs.eu/publicdownload.aspx?site=Beekdaelen&id=0e43ddf6-69cb-4190-8225-8c7c61061078","dc_title":"Reactie DB op advies CR reintegratieverordening","dc_type":"bijlage","foi_fairiscoreVersions":{"v1":2,"v2":2},"foi_fileName":"Reactie%20DB%20op%20advies%20CR%20reintegratieverordening.pdf","foi_nrPages":1},{"dc_format":"application/pdf","dc_identifier":"nl.gm1954.2c.2023.2835309-5.doc.2","dc_source":"https://api1.ibabs.eu/publicdownload.aspx?site=Beekdaelen&id=7af15f4c-9baf-43a2-992d-9874667370f0","dc_title":"Verordening Participatiewet IOAW en IOAZ ISD Kompas 1 juli 2023 gemeente Beekdaelen -  vastgesteld 26-09-2023","dc_type":"bijlage","foi_fairiscoreVersions":{"v1":1,"v2":1},"foi_fileName":"Verordening%20Participatiewet%201%20juli%202023%20IOAW%20en%20IOAZ%20ISD%20Kompas%20Gemeente%20Beekdaelen.pdf","foi_nrPages":9},{"dc_format":"application/pdf","dc_identifier":"nl.gm1954.2c.2023.2835309-5.doc.5","dc_source":"https://api1.ibabs.eu/publicdownload.aspx?site=Beekdaelen&id=4d6a701b-d768-4792-970c-a8515792272c","dc_title":"Advies ASD Beekdaelen","dc_type":"bijlage","foi_fairiscoreVersions":{"v1":1,"v2":1},"foi_fileName":"Voorlopig%20advies%20ASD%20Beekdaelen%20dd%2016%20augustus%202023.pdf","foi_nrPages":1},{"dc_format":"application/pdf","dc_identifier":"nl.gm1954.2c.2023.2835309-5.doc.3","dc_source":"https://api1.ibabs.eu/publicdownload.aspx?site=Beekdaelen&id=04e17639-9240-42b0-a051-b77709ac5c5a","dc_title":"Was - Wordt document","dc_type":"bijlage","foi_fairiscoreVersions":{"v1":1,"v2":1},"foi_fileName":"Was%20Wordt%20document.pdf","foi_nrPages":12},{"dc_format":"application/pdf","dc_identifier":"nl.gm1954.2c.2023.2835309-5.doc.4","dc_source":"https://api1.ibabs.eu/publicdownload.aspx?site=Beekdaelen&id=b55406d0-5963-45fa-9e84-195174751d4f","dc_title":"Raadsbesluit inzake Verordening Participatiewet IOAW en IOAZ Kompas 1 juli 2023 gemeente Beekdaelen - vastgesteld 26-09-2023","dc_type":"bijlage","foi_fairiscoreVersions":{"v1":1,"v2":1},"foi_fileName":"Z%2F23%2F192958%20-%20343472%20-%20Raadsbesluit%20Verordening%20Participatiewet%20IOAW%20en%20IOAZ%20ISD%20Kompas%201%20juli%202023%20gemeente%20Beekdaelen.pdf","foi_nrPages":1}],"foi_nrDocuments":16,"foi_nrPagesInDossier":37,"foi_publishedDate":"2023-09-12","foi_retrievedDate":"2026-03-04"},{"dc_creator":"HandelingScraper_v1","dc_date_year":2023,"dc_description":"Vergadering van de Gemeente Beekdaelen op 2023-09-12. Onderdeel: Rondvraag Sociale Leefomgeving.","dc_identifier":"nl.gm1954.2c.2023.2835309-6","dc_publisher":"gm1954","dc_source":"https://beekdaelen.bestuurlijkeinformatie.nl/Agenda/Index/a0c87679-acb7-4949-8d18-37618e5c4aa0","dc_title":"Raadscommissie Sociale Leefomgeving 2023-09-12 - Rondvraag Sociale Leefomgeving","dc_type":"2c","dc_type_description":"Vergaderstuk decentrale overheid","foi_fairiscoreVersions":{"v1":1,"v2":1},"foi_files":[{"dc_format":"application/octet-stream","dc_identifier":"nl.gm1954.2c.2023.2835309-6.doc.5","dc_source":"https://api1.ibabs.eu/publicdownload.aspx?site=Beekdaelen&id=388cd3e2-2cba-4076-845b-873fcda807b2","dc_title":"D Rondvraag","dc_type":"bijlage","foi_fileName":"D%20Rondvraag.mp3"},{"dc_format":"application/pdf","dc_identifier":"nl.gm1954.2c.2023.2835309-6.doc.4","dc_source":"https://api1.ibabs.eu/publicdownload.aspx?site=Beekdaelen&id=269d879a-8ab7-4ece-836c-a2e390763df1","dc_title":"MvA technische voorvragen GL Rondvraag","dc_type":"bijlage","foi_fairiscoreVersions":{"v1":1,"v2":1},"foi_fileName":"MvA%20technische%20voorvragen%20GL%20Rondvraag.pdf","foi_nrPages":1},{"dc_format":"application/pdf","dc_identifier":"nl.gm1954.2c.2023.2835309-6.doc.2","dc_source":"https://api1.ibabs.eu/publicdownload.aspx?site=Beekdaelen&id=7ff3b04b-0ca8-48cd-91e2-09681aec5dbe","dc_title":"MvA technische voorvragen VG Rondvraag 1","dc_type":"bijlage","foi_fairiscoreVersions":{"v1":1,"v2":1},"foi_fileName":"MvA%20technische%20voorvragen%20VG%20Rondvraag%201.pdf","foi_nrPages":1},{"dc_format":"application/pdf","dc_identifier":"nl.gm1954.2c.2023.2835309-6.doc.3","dc_source":"https://api1.ibabs.eu/publicdownload.aspx?site=Beekdaelen&id=91f03181-b3dc-4983-bd67-427cfa44773c","dc_title":"Technische voorvragen GL Rondvraag","dc_type":"bijlage","foi_fairiscoreVersions":{"v1":1,"v2":1},"foi_fileName":"Technische%20voorvragen%20GL%20Rondvraag.pdf","foi_nrPages":1},{"dc_format":"application/pdf","dc_identifier":"nl.gm1954.2c.2023.2835309-6.doc.1","dc_source":"https://api1.ibabs.eu/publicdownload.aspx?site=Beekdaelen&id=d968492f-61e8-4405-b04e-32c790fc4698","dc_title":"Technische voorvragen VG Rondvraag","dc_type":"bijlage","foi_fairiscoreVersions":{"v1":1,"v2":1},"foi_fileName":"Technische%20voorvragen%20VG%20Rondvraag.pdf","foi_nrPages":1}],"foi_nrDocuments":5,"foi_nrPagesInDossier":4,"foi_publishedDate":"2023-09-12","foi_retrievedDate":"2026-02-05"},{"dc_creator":"HandelingScraper_v1","dc_date_year":2023,"dc_description":"Vergadering van de Gemeente Beekdaelen op 2023-09-13. Onderdeel: Algemeen.","dc_identifier":"nl.gm1954.2c.2023.2835320-1","dc_publisher":"gm1954","dc_source":"https://beekdaelen.bestuurlijkeinformatie.nl/Agenda/Index/f07163f2-fd06-48ae-b435-5917469615f2","dc_title":"Raadscommissie Bestuur en Middelen 2023-09-13 - Algemeen","dc_type":"2c","dc_type_description":"Vergaderstuk decentrale overheid","foi_fairiscoreVersions":{"v1":1,"v2":1},"foi_files":[{"dc_format":"application/pdf","dc_identifier":"nl.gm1954.2c.2023.2835320-1.doc.7","dc_source":"https://api1.ibabs.eu/publicdownload.aspx?site=Beekdaelen&id=b6cf714f-8992-4b97-88d9-314c79d03c88","dc_title":"Nagekomen technische vraag fractie Koll\u00e9e B5","dc_type":"bijlage","foi_fairiscoreVersions":{"v1":1,"v2":1},"foi_fileName":"Nagekomen%20technische%20vraag%20fractie%20Koll%C3%A9e%20B5.pdf","foi_nrPages":1},{"dc_format":"application/pdf","dc_identifier":"nl.gm1954.2c.2023.2835320-1.doc.3","dc_source":"https://api1.ibabs.eu/publicdownload.aspx?site=Beekdaelen&id=8f55c537-ad62-4fe7-8366-f66f1d270421","dc_title":"Technische voorvragen BL cie B&M","dc_type":"bijlage","foi_fairiscoreVersions":{"v1":1,"v2":1},"foi_fileName":"Technische%20voorvragen%20BL%20cie%20B%26M.pdf","foi_nrPages":1},{"dc_format":"application/pdf","dc_identifier":"nl.gm1954.2c.2023.2835320-1.doc.1","dc_source":"https://api1.ibabs.eu/publicdownload.aspx?site=Beekdaelen&id=e67a8b69-ac93-4b99-9bb2-fd0cca3156f7","dc_title":"Technische voorvragen CDA cie B&M","dc_type":"bijlage","foi_fairiscoreVersions":{"v1":1,"v2":1},"foi_fileName":"Technische%20voorvragen%20CDA%20cie%20B%26M.pdf","foi_nrPages":2},{"dc_format":"application/pdf","dc_identifier":"nl.gm1954.2c.2023.2835320-1.doc.2","dc_source":"https://api1.ibabs.eu/publicdownload.aspx?site=Beekdaelen&id=1a5a9037-df57-4a14-87ab-a84a71f09111","dc_title":"Technische voorvragen PvdA cie B&M","dc_type":"bijlage","foi_fairiscoreVersions":{"v1":1,"v2":1},"foi_fileName":"Technische%20voorvragen%20PvdA%20cie%20B%26M.pdf","foi_nrPages":1},{"dc_format":"application/pdf","dc_identifier":"nl.gm1954.2c.2023.2835320-1.doc.5","dc_source":"https://api1.ibabs.eu/publicdownload.aspx?site=Beekdaelen&id=ecb151a5-8f5e-4d6d-9ea1-234a2d0a726f","dc_title":"Technische voorvragen Rijkx cie B&M","dc_type":"bijlage","foi_fairiscoreVersions":{"v1":1,"v2":1},"foi_fileName":"Technische%20voorvragen%20Rijkx%20cie%20B%26M.pdf","foi_nrPages":1},{"dc_format":"application/pdf","dc_identifier":"nl.gm1954.2c.2023.2835320-1.doc.4","dc_source":"https://api1.ibabs.eu/publicdownload.aspx?site=Beekdaelen&id=cdf07b73-e20c-49a6-8abf-91702c52d343","dc_title":"Technische voorvragen VG cie B&M","dc_type":"bijlage","foi_fairiscoreVersions":{"v1":1,"v2":1},"foi_fileName":"Technische%20voorvragen%20VG%20cie%20B%26M.pdf","foi_nrPages":2},{"dc_format":"application/pdf","dc_identifier":"nl.gm1954.2c.2023.2835320-1.doc.6","dc_source":"https://api1.ibabs.eu/publicdownload.aspx?site=Beekdaelen&id=764ba8a8-dd54-4c9f-baec-1e04a3fdd0f9","dc_title":"Technische voorvragen VG cie B&M (nagekomen)","dc_type":"bijlage","foi_fairiscoreVersions":{"v1":1,"v2":1},"foi_fileName":"Technische%20voorvragen%20VG%20cie%20B%26M%20%28nagekomen%29.pdf","foi_nrPages":1}],"foi_nrDocuments":7,"foi_nrPagesInDossier":9,"foi_publishedDate":"2023-09-13","foi_retrievedDate":"2026-03-06"},{"dc_creator":"HandelingScraper_v1","dc_date_year":2023,"dc_description":"Vergadering van de Gemeente Beekdaelen op 2023-09-13. Onderdeel: Rondvraag Bestuur en Middelen.","dc_identifier":"nl.gm1954.2c.2023.2835320-10","dc_publisher":"gm1954","dc_source":"https://beekdaelen.bestuurlijkeinformatie.nl/Agenda/Index/f07163f2-fd06-48ae-b435-5917469615f2","dc_title":"Raadscommissie Bestuur en Middelen 2023-09-13 - Rondvraag Bestuur en Middelen","dc_type":"2c","dc_type_description":"Vergaderstuk decentrale overheid","foi_fairiscoreVersions":{"v1":1,"v2":1},"foi_files":[{"dc_format":"application/octet-stream","dc_identifier":"nl.gm1954.2c.2023.2835320-10.doc.3","dc_source":"https://api1.ibabs.eu/publicdownload.aspx?site=Beekdaelen&id=2f6eed71-f6bc-4e5a-aa8e-1c9c9c16e3ed","dc_title":"C Rondvraag","dc_type":"bijlage","foi_fileName":"C%20Rondvraag.mp3"},{"dc_format":"application/pdf","dc_identifier":"nl.gm1954.2c.2023.2835320-10.doc.2","dc_source":"https://api1.ibabs.eu/publicdownload.aspx?site=Beekdaelen&id=762068c0-6795-4c3f-82fb-c4e883c0095b","dc_title":"MvA technische voorvragen VG cie B&M Rondvraag","dc_type":"bijlage","foi_fairiscoreVersions":{"v1":1,"v2":1},"foi_fileName":"MvA%20technische%20voorvragen%20VG%20cie%20B%26M%20Rondvraag.pdf","foi_nrPages":1},{"dc_format":"application/pdf","dc_identifier":"nl.gm1954.2c.2023.2835320-10.doc.1","dc_source":"https://api1.ibabs.eu/publicdownload.aspx?site=Beekdaelen&id=8162631a-b2b1-414c-a571-09a010c03327","dc_title":"Technische voorvragen VG cie B&M (rondvraag)","dc_type":"bijlage","foi_fairiscoreVersions":{"v1":1,"v2":1},"foi_fileName":"Technische%20voorvragen%20VG%20cie%20B%26M%20%28rondvraag%29.pdf","foi_nrPages":1}],"foi_nrDocuments":3,"foi_nrPagesInDossier":2,"foi_publishedDate":"2023-09-13","foi_retrievedDate":"2026-03-04"},{"dc_creator":"HandelingScraper_v1","dc_date_year":2023,"dc_description":"Vergadering van de Gemeente Beekdaelen op 2023-09-13. Onderdeel: Opening, mededelingen voorzitter en vaststellen agenda..","dc_identifier":"nl.gm1954.2c.2023.2835320-2","dc_publisher":"gm1954","dc_source":"https://beekdaelen.bestuurlijkeinformatie.nl/Agenda/Index/f07163f2-fd06-48ae-b435-5917469615f2","dc_title":"Raadscommissie Bestuur en Middelen 2023-09-13 - Opening, mededelingen voorzitter en vaststellen agenda.","dc_type":"2c","dc_type_description":"Vergaderstuk decentrale overheid","foi_fairiscoreVersions":{"v1":1,"v2":1},"foi_files":[{"dc_format":"application/octet-stream","dc_identifier":"nl.gm1954.2c.2023.2835320-2.doc.3","dc_source":"https://api1.ibabs.eu/publicdownload.aspx?site=Beekdaelen&id=28f7116d-2384-4682-81de-7d3564eaf56c","dc_title":"A1 tm A3","dc_type":"bijlage","foi_fileName":"A1%20tm%20A3.mp3"},{"dc_format":"application/pdf","dc_identifier":"nl.gm1954.2c.2023.2835320-2.doc.1","dc_source":"https://api1.ibabs.eu/publicdownload.aspx?site=Beekdaelen&id=d14eed48-b766-42d2-9690-c2a68f54c9fa","dc_title":"Uitnodiging en voorlopige agenda cie B&M 13092023","dc_type":"bijlage","foi_fairiscoreVersions":{"v1":1,"v2":1},"foi_fileName":"Uitnodiging%20en%20voorlopige%20agenda%20cie%20B%26M%2013092023.pdf","foi_nrPages":1},{"dc_format":"application/pdf","dc_identifier":"nl.gm1954.2c.2023.2835320-2.doc.2","dc_source":"https://api1.ibabs.eu/publicdownload.aspx?site=Beekdaelen&id=8c7fe52c-cdec-4153-9cd8-499ba6201764","dc_title":"Vastgestelde agenda raadscie. Bestuur en Middelen 13.09.2023","dc_type":"bijlage","foi_fairiscoreVersions":{"v1":1,"v2":1},"foi_fileName":"Vastgestelde%20agenda%20raadscie.%20Bestuur%20en%20Middelen%2013.09.pdf","foi_nrPages":1}],"foi_nrDocuments":3,"foi_nrPagesInDossier":2,"foi_publishedDate":"2023-09-13","foi_retrievedDate":"2026-02-12"},{"dc_creator":"HandelingScraper_v1","dc_date_year":2023,"dc_description":"Vergadering van de Gemeente Beekdaelen op 2023-09-13. Onderdeel: Spreekrecht burgers..","dc_identifier":"nl.gm1954.2c.2023.2835320-3","dc_publisher":"gm1954","dc_source":"https://beekdaelen.bestuurlijkeinformatie.nl/Agenda/Index/f07163f2-fd06-48ae-b435-5917469615f2","dc_title":"Raadscommissie Bestuur en Middelen 2023-09-13 - Spreekrecht burgers.","dc_type":"2c","dc_type_description":"Vergaderstuk decentrale overheid","foi_fairiscoreVersions":{"v1":null,"v2":null},"foi_files":[{"dc_format":"application/octet-stream","dc_identifier":"nl.gm1954.2c.2023.2835320-3.doc.1","dc_source":"https://api1.ibabs.eu/publicdownload.aspx?site=Beekdaelen&id=62eeadfd-603e-43c1-8c5c-8342e0dc9064","dc_title":"A1 tm A3","dc_type":"bijlage","foi_fileName":"A1%20tm%20A3.mp3"}],"foi_nrDocuments":1,"foi_nrPagesInDossier":0,"foi_publishedDate":"2023-09-13","foi_retrievedDate":"2026-02-11"},{"dc_creator":"HandelingScraper_v1","dc_date_year":2023,"dc_description":"Vergadering van de Gemeente Beekdaelen op 2023-09-13. Onderdeel: Vaststellen actiepuntenlijst van de raadscommissie Bestuur en Middelen d.d. 07 juni 2023.","dc_identifier":"nl.gm1954.2c.2023.2835320-4","dc_publisher":"gm1954","dc_source":"https://beekdaelen.bestuurlijkeinformatie.nl/Agenda/Index/f07163f2-fd06-48ae-b435-5917469615f2","dc_title":"Raadscommissie Bestuur en Middelen 2023-09-13 - Vaststellen actiepuntenlijst van de raadscommissie Bestuur en Middelen d.d. 07 juni 2023","dc_type":"2c","dc_type_description":"Vergaderstuk decentrale overheid","foi_fairiscoreVersions":{"v1":1,"v2":1},"foi_files":[{"dc_format":"application/octet-stream","dc_identifier":"nl.gm1954.2c.2023.2835320-4.doc.2","dc_source":"https://api1.ibabs.eu/publicdownload.aspx?site=Beekdaelen&id=296f7294-278a-4f74-b3a4-f8b9585a9e80","dc_title":"A1 tm A3","dc_type":"bijlage","foi_fileName":"A1%20tm%20A3.mp3"},{"dc_format":"application/pdf","dc_identifier":"nl.gm1954.2c.2023.2835320-4.doc.1","dc_source":"https://api1.ibabs.eu/publicdownload.aspx?site=Beekdaelen&id=f81b4f91-b788-483d-ac43-3beae9c56174","dc_title":"Actiepuntenlijst cie.  B&M 07 juni 2023 - vastgesteld 13.09.2023","dc_type":"bijlage","foi_fairiscoreVersions":{"v1":1,"v2":1},"foi_fileName":"Actiepuntenlijst%20cie%20B%26M%2007062023%20%28kopie%20uit%20Decos%29.pdf","foi_nrPages":5}],"foi_nrDocuments":2,"foi_nrPagesInDossier":5,"foi_publishedDate":"2023-09-13","foi_retrievedDate":"2026-03-03"},{"dc_creator":"HandelingScraper_v1","dc_date_year":2023,"dc_description":"Vergadering van de Gemeente Beekdaelen op 2023-09-13. Onderdeel: Raadsvoorstel inzake: \"Continuering inzet straatcoaches\".","dc_identifier":"nl.gm1954.2c.2023.2835320-5","dc_publisher":"gm1954","dc_source":"https://beekdaelen.bestuurlijkeinformatie.nl/Agenda/Index/f07163f2-fd06-48ae-b435-5917469615f2","dc_title":"Raadscommissie Bestuur en Middelen 2023-09-13 - Raadsvoorstel inzake: \"Continuering inzet straatcoaches\"","dc_type":"2c","dc_type_description":"Vergaderstuk decentrale overheid","foi_fairiscoreVersions":{"v1":2,"v2":2},"foi_files":[{"dc_format":"application/octet-stream","dc_identifier":"nl.gm1954.2c.2023.2835320-5.doc.9","dc_source":"https://api1.ibabs.eu/publicdownload.aspx?site=Beekdaelen&id=c484aefe-d3cd-4a59-a516-3315bddf1bd5","dc_title":"B1 1e termijn I","dc_type":"bijlage","foi_fileName":"B1%201e%20termijn%20I.mp3"},{"dc_format":"application/octet-stream","dc_identifier":"nl.gm1954.2c.2023.2835320-5.doc.10","dc_source":"https://api1.ibabs.eu/publicdownload.aspx?site=Beekdaelen&id=a0e513b6-86ec-4e27-94a5-c1964970b61d","dc_title":"B1 1e termijn II","dc_type":"bijlage","foi_fileName":"B1%201e%20termijn%20II.mp3"},{"dc_format":"application/octet-stream","dc_identifier":"nl.gm1954.2c.2023.2835320-5.doc.12","dc_source":"https://api1.ibabs.eu/publicdownload.aspx?site=Beekdaelen&id=b849f035-0b0f-4d5d-9946-598bfa9cf6d0","dc_title":"B1 2e termijn I","dc_type":"bijlage","foi_fileName":"B1%202e%20termijn%20I.mp3"},{"dc_format":"application/octet-stream","dc_identifier":"nl.gm1954.2c.2023.2835320-5.doc.13","dc_source":"https://api1.ibabs.eu/publicdownload.aspx?site=Beekdaelen&id=25c2213c-6c85-49a8-b0f9-4f9abf90b007","dc_title":"B1 2e termijn II","dc_type":"bijlage","foi_fileName":"B1%202e%20termijn%20II.mp3"},{"dc_format":"application/octet-stream","dc_identifier":"nl.gm1954.2c.2023.2835320-5.doc.15","dc_source":"https://api1.ibabs.eu/publicdownload.aspx?site=Beekdaelen&id=56af11f5-c592-4f1d-89c4-4691afe03f4d","dc_title":"B1 advies commissie","dc_type":"bijlage","foi_fileName":"B1%20advies%20commissie.mp3"},{"dc_format":"application/octet-stream","dc_identifier":"nl.gm1954.2c.2023.2835320-5.doc.11","dc_source":"https://api1.ibabs.eu/publicdownload.aspx?site=Beekdaelen&id=d2db20d8-bf9f-4f0f-a125-2b01218ccfdd","dc_title":"B1 beantwoording 1e termijn","dc_type":"bijlage","foi_fileName":"B1%20beantwoording%201e%20termijn.mp3"},{"dc_format":"application/octet-stream","dc_identifier":"nl.gm1954.2c.2023.2835320-5.doc.14","dc_source":"https://api1.ibabs.eu/publicdownload.aspx?site=Beekdaelen&id=a03fff63-b85a-4f86-a248-e37bb639eb4b","dc_title":"B1 beantwoording 2e termijn","dc_type":"bijlage","foi_fileName":"B1%20beantwoording%202e%20termijn.mp3"},{"dc_format":"application/pdf","dc_identifier":"nl.gm1954.2c.2023.2835320-5.doc.7","dc_source":"https://api1.ibabs.eu/publicdownload.aspx?site=Beekdaelen&id=6cc91082-62c5-43c6-b39a-1f677a39b126","dc_title":"MvA technische voorvragen BL B1","dc_type":"bijlage","foi_fairiscoreVersions":{"v1":1,"v2":1},"foi_fileName":"MvA%20technische%20voorvragen%20BL%20B1.pdf","foi_nrPages":1},{"dc_format":"application/pdf","dc_identifier":"nl.gm1954.2c.2023.2835320-5.doc.8","dc_source":"https://api1.ibabs.eu/publicdownload.aspx?site=Beekdaelen&id=b3a5fd87-0f2f-4cb4-b72f-398692f764d3","dc_title":"MvA technische voorvragen CDA B1","dc_type":"bijlage","foi_fairiscoreVersions":{"v1":1,"v2":1},"foi_fileName":"MvA%20technische%20voorvragen%20CDA%20B1.pdf","foi_nrPages":3},{"dc_format":"application/pdf","dc_identifier":"nl.gm1954.2c.2023.2835320-5.doc.6","dc_source":"https://api1.ibabs.eu/publicdownload.aspx?site=Beekdaelen&id=6afef822-1b3a-4ec8-8285-bedb7ad4c060","dc_title":"MvA technische voorvragen PvdA B1","dc_type":"bijlage","foi_fairiscoreVersions":{"v1":1,"v2":1},"foi_fileName":"MvA%20technische%20voorvragen%20PvdA%20B1.pdf","foi_nrPages":2},{"dc_format":"application/pdf","dc_identifier":"nl.gm1954.2c.2023.2835320-5.doc.5","dc_source":"https://api1.ibabs.eu/publicdownload.aspx?site=Beekdaelen&id=4ab0d7a0-6da6-49aa-a461-c5e966bd6f27","dc_title":"MvA technische voorvragen Rijkx B1","dc_type":"bijlage","foi_fairiscoreVersions":{"v1":1,"v2":1},"foi_fileName":"MvA%20technische%20voorvragen%20Rijkx%20B1.pdf","foi_nrPages":1},{"dc_format":"application/pdf","dc_identifier":"nl.gm1954.2c.2023.2835320-5.doc.4","dc_source":"https://api1.ibabs.eu/publicdownload.aspx?site=Beekdaelen&id=96b3fbb8-a1e5-4880-9b2e-c9463915bb32","dc_title":"MvA technische voorvragen VG B1","dc_type":"bijlage","foi_fairiscoreVersions":{"v1":1,"v2":1},"foi_fileName":"MvA%20technische%20voorvragen%20VG%20B1.pdf","foi_nrPages":9},{"dc_format":"application/pdf","dc_identifier":"nl.gm1954.2c.2023.2835320-5.doc.1","dc_source":"https://api1.ibabs.eu/publicdownload.aspx?site=Beekdaelen&id=9c5e71c2-fb07-4cc2-8215-550aea8b457b","dc_title":"Raadsvoorstel inzake continuering inzet straatcoaches","dc_type":"bijlage","foi_fairiscoreVersions":{"v1":1,"v2":1},"foi_fileName":"Z%2F23%2F192423%20-%20342683%20-%20Continuering%20inzet%20straatcoaches.pdf","foi_nrPages":5},{"dc_format":"application/pdf","dc_identifier":"nl.gm1954.2c.2023.2835320-5.doc.2","dc_source":"https://api1.ibabs.eu/publicdownload.aspx?site=Beekdaelen&id=09fec4f4-dbf1-43fe-93dc-66ddaac33de0","dc_title":"Evaluatierapport straatcoaches","dc_type":"bijlage","foi_fairiscoreVersions":{"v1":2,"v2":2},"foi_fileName":"Z%2F23%2F192423%20-%20345240%20-%20Evaluatierapport%20straatcoaches.pdf","foi_nrPages":22},{"dc_format":"application/pdf","dc_identifier":"nl.gm1954.2c.2023.2835320-5.doc.3","dc_source":"https://api1.ibabs.eu/publicdownload.aspx?site=Beekdaelen&id=0281eb3f-f41c-4e07-84e1-0b326a7f799f","dc_title":"Raadsbesluit inzake continuering inzet straatcoaches - vastgesteld 26-09-2023","dc_type":"bijlage","foi_fairiscoreVersions":{"v1":1,"v2":1},"foi_fileName":"Z%2F23%2F192423%20-%20345243%20-%20Continuering%20inzet%20straatcoaches.pdf","foi_nrPages":1}],"foi_nrDocuments":15,"foi_nrPagesInDossier":44,"foi_publishedDate":"2023-09-13","foi_retrievedDate":"2025-12-05"},{"dc_creator":"HandelingScraper_v1","dc_date_year":2023,"dc_description":"Vergadering van de Gemeente Beekdaelen op 2023-09-13. Onderdeel: Raadsvoorstel inzake: \"Toestemming aangaan Gemeenschappelijke regeling Zorg- en Veiligheidshuis Parkstad/zienswijze begroting ZVHP 2024\".","dc_identifier":"nl.gm1954.2c.2023.2835320-6","dc_publisher":"gm1954","dc_source":"https://beekdaelen.bestuurlijkeinformatie.nl/Agenda/Index/f07163f2-fd06-48ae-b435-5917469615f2","dc_title":"Raadscommissie Bestuur en Middelen 2023-09-13 - Raadsvoorstel inzake: \"Toestemming aangaan Gemeenschappelijke regeling Zorg- en Veiligheidshuis Parkstad/zienswijze begroting ZVHP 2024\"","dc_type":"2c","dc_type_description":"Vergaderstuk decentrale overheid","foi_fairiscoreVersions":{"v1":2,"v2":1},"foi_files":[{"dc_format":"application/octet-stream","dc_identifier":"nl.gm1954.2c.2023.2835320-6.doc.8","dc_source":"https://api1.ibabs.eu/publicdownload.aspx?site=Beekdaelen&id=393a1057-a299-498d-a137-7775de3d6762","dc_title":"B2 1e termijn","dc_type":"bijlage","foi_fileName":"B2%201e%20termijn.mp3"},{"dc_format":"application/octet-stream","dc_identifier":"nl.gm1954.2c.2023.2835320-6.doc.10","dc_source":"https://api1.ibabs.eu/publicdownload.aspx?site=Beekdaelen&id=94e882da-7111-4acf-bcfd-a55b93ba3879","dc_title":"B2 2e termijn I","dc_type":"bijlage","foi_fileName":"B2%202e%20termijn%20I.mp3"},{"dc_format":"application/octet-stream","dc_identifier":"nl.gm1954.2c.2023.2835320-6.doc.11","dc_source":"https://api1.ibabs.eu/publicdownload.aspx?site=Beekdaelen&id=eb71a783-7e67-4ec3-aceb-b7993727e21c","dc_title":"B2 2e termijn II","dc_type":"bijlage","foi_fileName":"B2%202e%20termijn%20II.mp3"},{"dc_format":"application/octet-stream","dc_identifier":"nl.gm1954.2c.2023.2835320-6.doc.13","dc_source":"https://api1.ibabs.eu/publicdownload.aspx?site=Beekdaelen&id=5a2941bd-14c0-4804-9d26-99e7a9dd1369","dc_title":"B2 advies commissie I","dc_type":"bijlage","foi_fileName":"B2%20advies%20commissie%20I.mp3"},{"dc_format":"application/octet-stream","dc_identifier":"nl.gm1954.2c.2023.2835320-6.doc.14","dc_source":"https://api1.ibabs.eu/publicdownload.aspx?site=Beekdaelen&id=0fd70c6b-9f29-4e0b-a708-51e58e997ccf","dc_title":"B2 advies commissie II","dc_type":"bijlage","foi_fileName":"B2%20advies%20commissie%20II.mp3"},{"dc_format":"application/octet-stream","dc_identifier":"nl.gm1954.2c.2023.2835320-6.doc.9","dc_source":"https://api1.ibabs.eu/publicdownload.aspx?site=Beekdaelen&id=f3bbbb10-0036-4afd-9757-1b67ef68b80b","dc_title":"B2 beantwoording 1e termijn","dc_type":"bijlage","foi_fileName":"B2%20beantwoording%201e%20termijn.mp3"},{"dc_format":"application/octet-stream","dc_identifier":"nl.gm1954.2c.2023.2835320-6.doc.12","dc_source":"https://api1.ibabs.eu/publicdownload.aspx?site=Beekdaelen&id=71507ad6-5e7d-44d7-9a45-3c22bd50bbf0","dc_title":"B2 beantwoording 2e termijn","dc_type":"bijlage","foi_fileName":"B2%20beantwoording%202e%20termijn.mp3"},{"dc_format":"application/pdf","dc_identifier":"nl.gm1954.2c.2023.2835320-6.doc.2","dc_source":"https://api1.ibabs.eu/publicdownload.aspx?site=Beekdaelen&id=93474195-8cdd-4213-b43f-af623486c5aa","dc_title":"Memo B2 m.b.t financi\u00eble paragraaf raadsvoorstel","dc_type":"bijlage","foi_fairiscoreVersions":{"v1":1,"v2":1},"foi_fileName":"Memo%20B2%20m.b.pdf","foi_nrPages":1},{"dc_format":"application/pdf","dc_identifier":"nl.gm1954.2c.2023.2835320-6.doc.6","dc_source":"https://api1.ibabs.eu/publicdownload.aspx?site=Beekdaelen&id=0cbfd734-cc17-49c8-9701-e703af80425d","dc_title":"MvA technische voorvragen CDA B2","dc_type":"bijlage","foi_fairiscoreVersions":{"v1":1,"v2":1},"foi_fileName":"MvA%20technische%20voorvragen%20CDA%20B2.pdf","foi_nrPages":3},{"dc_format":"application/pdf","dc_identifier":"nl.gm1954.2c.2023.2835320-6.doc.7","dc_source":"https://api1.ibabs.eu/publicdownload.aspx?site=Beekdaelen&id=74406f0d-712c-4107-ae15-40f33aa07a67","dc_title":"MvA technische voorvragen VG B2","dc_type":"bijlage","foi_fairiscoreVersions":{"v1":1,"v2":1},"foi_fileName":"MvA%20technische%20voorvragen%20VG%20B2.pdf","foi_nrPages":2},{"dc_format":"application/pdf","dc_identifier":"nl.gm1954.2c.2023.2835320-6.doc.1","dc_source":"https://api1.ibabs.eu/publicdownload.aspx?site=Beekdaelen&id=fb9b03d4-9481-4c5f-b384-480627afb7e9","dc_title":"Raadsvoorstel inzake toestemming aangaan Gemeenschappelijke regeling Zorg- en  Veiligheidshuis Parkstad/zienswijze begroting ZVHP 2024","dc_type":"bijlage","foi_fairiscoreVersions":{"v1":1,"v2":1},"foi_fileName":"Z%2F23%2F185034%20-%20341653%20-%20Toestemming%20aangaan%20Gemeenschappelijke%20regeling%20Zorg-%20en%20Veiligheidshuis%20Parkstad%2Fzienswijze%20begroting%20ZVHP%202024.pdf","foi_nrPages":5},{"dc_format":"application/pdf","dc_identifier":"nl.gm1954.2c.2023.2835320-6.doc.5","dc_source":"https://api1.ibabs.eu/publicdownload.aspx?site=Beekdaelen&id=5afcdd8a-5473-4aec-a6cf-738e0f343bd5","dc_title":"Bijlage: Meerjarenbegroting 2024 t/m 2027 ZVHP","dc_type":"bijlage","foi_fairiscoreVersions":{"v1":2,"v2":1},"foi_fileName":"Z%2F23%2F185034%20-%20343795%20-%20Meerjarenbegroting%202024%20t%2Fm%202027%20ZVHP.pdf","foi_nrPages":21},{"dc_format":"application/pdf","dc_identifier":"nl.gm1954.2c.2023.2835320-6.doc.4","dc_source":"https://api1.ibabs.eu/publicdownload.aspx?site=Beekdaelen&id=57df6617-362e-43c2-9f70-a9718fb8eb11","dc_title":"Bijlage: Concept gemeenteschappelijke regeling ZVHP","dc_type":"bijlage","foi_fairiscoreVersions":{"v1":2,"v2":1},"foi_fileName":"Z%2F23%2F185034%20-%20343796%20-%20Gemeenteschappelijke%20regeling%20ZVHP.pdf","foi_nrPages":15},{"dc_format":"application/pdf","dc_identifier":"nl.gm1954.2c.2023.2835320-6.doc.3","dc_source":"https://api1.ibabs.eu/publicdownload.aspx?site=Beekdaelen&id=6333808c-d587-41ac-8c4c-ba125fe1c8e9","dc_title":"Raadsbesluit inzake toestemming aangaan Gemeenschappelijke regeling Zorg- en  Veiligheidshuis Parkstad/zienswijze begroting ZVHP 2024  - vastgesteld 26-09-2023","dc_type":"bijlage","foi_fairiscoreVersions":{"v1":1,"v2":1},"foi_fileName":"Z%2F23%2F185034%20-%20343797%20-%20Toestemming%20aangaan%20Gemeenschappelijke%20regeling%20Zorg-%20en%20Veiligheidshuis%20Parkstad%2Fzienswijze%20begroting%20ZVHP%202024.pdf","foi_nrPages":1}],"foi_nrDocuments":14,"foi_nrPagesInDossier":48,"foi_publishedDate":"2023-09-13","foi_retrievedDate":"2025-11-30"},{"dc_creator":"HandelingScraper_v1","dc_date_year":2023,"dc_description":"Vergadering van de Gemeente Beekdaelen op 2023-09-13. Onderdeel: Raadsvoorstel inzake: \"Controleverordening 2023\".","dc_identifier":"nl.gm1954.2c.2023.2835320-7","dc_publisher":"gm1954","dc_source":"https://beekdaelen.bestuurlijkeinformatie.nl/Agenda/Index/f07163f2-fd06-48ae-b435-5917469615f2","dc_title":"Raadscommissie Bestuur en Middelen 2023-09-13 - Raadsvoorstel inzake: \"Controleverordening 2023\"","dc_type":"2c","dc_type_description":"Vergaderstuk decentrale overheid","foi_fairiscoreVersions":{"v1":2,"v2":1},"foi_files":[{"dc_format":"application/octet-stream","dc_identifier":"nl.gm1954.2c.2023.2835320-7.doc.5","dc_source":"https://api1.ibabs.eu/publicdownload.aspx?site=Beekdaelen&id=dd522398-88ea-4516-9205-ace0d1f38b3b","dc_title":"B3 advies commissie (geen vragen)","dc_type":"bijlage","foi_fileName":"B3%20advies%20commissie%20%28geen%20vragen%29.mp3"},{"dc_format":"application/pdf","dc_identifier":"nl.gm1954.2c.2023.2835320-7.doc.2","dc_source":"https://api1.ibabs.eu/publicdownload.aspx?site=Beekdaelen&id=17d24417-4f1d-4cc8-bc5a-be6f15b9d905","dc_title":"Controleverordening gemeente Beekdaelen 2023 - vastgesteld 26-09-2023","dc_type":"bijlage","foi_fairiscoreVersions":{"v1":2,"v2":1},"foi_fileName":"Z%2F23%2F192328%20-%20342464%20-%20controleverordening%20gemeente%20Beekdaelen%202023.pdf","foi_nrPages":5},{"dc_format":"application/pdf","dc_identifier":"nl.gm1954.2c.2023.2835320-7.doc.3","dc_source":"https://api1.ibabs.eu/publicdownload.aspx?site=Beekdaelen&id=928e6cfc-5b4a-42b1-b3e2-243bd5e6cf65","dc_title":"Was - wordt tabel controleverordening gemeente Beekdaelen 2023","dc_type":"bijlage","foi_fairiscoreVersions":{"v1":1,"v2":1},"foi_fileName":"Z%2F23%2F192328%20-%20342466%20-%20was%20-%20wordt%20tabel%20controleverordening%20gemeente%20Beekdaelen%202023.pdf","foi_nrPages":5},{"dc_format":"application/pdf","dc_identifier":"nl.gm1954.2c.2023.2835320-7.doc.1","dc_source":"https://api1.ibabs.eu/publicdownload.aspx?site=Beekdaelen&id=c9ec3c56-261a-4fb3-8569-76cd124e9daa","dc_title":"Raadsvoorstel inzake controleverordening 2023","dc_type":"bijlage","foi_fairiscoreVersions":{"v1":1,"v2":1},"foi_fileName":"Z%2F23%2F192328%20-%20343183%20-%20controleverordening%202023.pdf","foi_nrPages":2},{"dc_format":"application/pdf","dc_identifier":"nl.gm1954.2c.2023.2835320-7.doc.4","dc_source":"https://api1.ibabs.eu/publicdownload.aspx?site=Beekdaelen&id=9d99c356-baac-4e6b-b34b-56c9a460931a","dc_title":"Raadsbesluit inzake controleverordening 2023 - vastgesteld 26-09-2023","dc_type":"bijlage","foi_fairiscoreVersions":{"v1":1,"v2":1},"foi_fileName":"Z%2F23%2F192328%20-%20343184%20-%20controleverordening%202023.pdf","foi_nrPages":1}],"foi_nrDocuments":5,"foi_nrPagesInDossier":13,"foi_publishedDate":"2023-09-13","foi_retrievedDate":"2025-12-03"},{"dc_creator":"HandelingScraper_v1","dc_date_year":2023,"dc_description":"Vergadering van de Gemeente Beekdaelen op 2023-09-13. Onderdeel: Raadsvoorstel inzake: \"Financi\u00eble verordening gemeente Beekdaelen 2023\".","dc_identifier":"nl.gm1954.2c.2023.2835320-8","dc_publisher":"gm1954","dc_source":"https://beekdaelen.bestuurlijkeinformatie.nl/Agenda/Index/f07163f2-fd06-48ae-b435-5917469615f2","dc_title":"Raadscommissie Bestuur en Middelen 2023-09-13 - Raadsvoorstel inzake: \"Financi\u00eble verordening gemeente Beekdaelen 2023\"","dc_type":"2c","dc_type_description":"Vergaderstuk decentrale overheid","foi_fairiscoreVersions":{"v1":1,"v2":1},"foi_files":[{"dc_format":"application/octet-stream","dc_identifier":"nl.gm1954.2c.2023.2835320-8.doc.7","dc_source":"https://api1.ibabs.eu/publicdownload.aspx?site=Beekdaelen&id=f2f11bb8-acf7-40b1-9bd6-c3b822b9189a","dc_title":"B4 1e termijn","dc_type":"bijlage","foi_fileName":"B4%201e%20termijn.mp3","foi_nrPages":1},{"dc_format":"application/octet-stream","dc_identifier":"nl.gm1954.2c.2023.2835320-8.doc.9","dc_source":"https://api1.ibabs.eu/publicdownload.aspx?site=Beekdaelen&id=55563651-859f-4ea6-ab4c-d81755a8ed25","dc_title":"B4 advies commissie (geen vragen in 2e termijn)","dc_type":"bijlage","foi_fileName":"B4%20advies%20commissie%20%28geen%20vragen%20in%202e%20termijn%29.mp3","foi_nrPages":1},{"dc_format":"application/octet-stream","dc_identifier":"nl.gm1954.2c.2023.2835320-8.doc.8","dc_source":"https://api1.ibabs.eu/publicdownload.aspx?site=Beekdaelen&id=e5fa9ceb-e46e-4f97-8d7c-358d3a2fdcd2","dc_title":"B4 beantwoording 1e termijn","dc_type":"bijlage","foi_fileName":"B4%20beantwoording%201e%20termijn.mp3","foi_nrPages":1},{"dc_format":"application/pdf","dc_identifier":"nl.gm1954.2c.2023.2835320-8.doc.2","dc_source":"https://api1.ibabs.eu/publicdownload.aspx?site=Beekdaelen&id=9b4cf7c7-15b0-4444-bdd1-57649d4703c7","dc_title":"Financi\u00eble verordening 2023 -  vastgesteld 26-09-2023","dc_type":"bijlage","foi_fairiscoreVersions":{"v1":1,"v2":1},"foi_fileName":"concept%20financi%C3%ABle%20verordening.pdf","foi_nrPages":11},{"dc_format":"application/pdf","dc_identifier":"nl.gm1954.2c.2023.2835320-8.doc.3","dc_source":"https://api1.ibabs.eu/publicdownload.aspx?site=Beekdaelen&id=0127ee72-064e-4141-a655-79340f5aff03","dc_title":"Was - wordt tabel financi\u00eble verordening 2023","dc_type":"bijlage","foi_fairiscoreVersions":{"v1":1,"v2":1},"foi_fileName":"concept%20was%20-%20wordt%20tabel%20financi%C3%ABle%20verordening.pdf","foi_nrPages":10},{"dc_format":"application/pdf","dc_identifier":"nl.gm1954.2c.2023.2835320-8.doc.5","dc_source":"https://api1.ibabs.eu/publicdownload.aspx?site=Beekdaelen&id=516e1635-7ed3-48e0-bff2-cbaebac0bbf1","dc_title":"MvA technische voorvragen PvdA B4","dc_type":"bijlage","foi_fairiscoreVersions":{"v1":1,"v2":1},"foi_fileName":"MvA%20technische%20voorvragen%20PvdA%20B4.pdf","foi_nrPages":2},{"dc_format":"application/pdf","dc_identifier":"nl.gm1954.2c.2023.2835320-8.doc.6","dc_source":"https://api1.ibabs.eu/publicdownload.aspx?site=Beekdaelen&id=4179f7dc-39db-4937-ab63-66bd0686bf70","dc_title":"MvA technische voorvragen VG B4","dc_type":"bijlage","foi_fairiscoreVersions":{"v1":1,"v2":1},"foi_fileName":"MvA%20technische%20voorvragen%20VG%20B4.pdf","foi_nrPages":2},{"dc_format":"application/pdf","dc_identifier":"nl.gm1954.2c.2023.2835320-8.doc.1","dc_source":"https://api1.ibabs.eu/publicdownload.aspx?site=Beekdaelen&id=6f50f45f-0e61-48f1-8bcf-8a5127036060","dc_title":"Raadsvoorstel inzake financi\u00eble verordening 2023","dc_type":"bijlage","foi_fairiscoreVersions":{"v1":1,"v2":1},"foi_fileName":"raadsvoorstel%20wijziging%20financi%C3%ABle%20verordening.pdf","foi_nrPages":3},{"dc_format":"application/pdf","dc_identifier":"nl.gm1954.2c.2023.2835320-8.doc.4","dc_source":"https://api1.ibabs.eu/publicdownload.aspx?site=Beekdaelen&id=f5295dd4-e01e-4b9d-9b93-ed43dbed5b97","dc_title":"Raadsbesluit inzake financi\u00eble verordening 2023 - vastgesteld 26-09-2023","dc_type":"bijlage","foi_fairiscoreVersions":{"v1":1,"v2":1},"foi_fileName":"Z%2F23%2F192401%20-%20343180%20-%20financi%C3%ABle%20verordening%202024.pdf","foi_nrPages":1}],"foi_nrDocuments":9,"foi_nrPagesInDossier":32,"foi_publishedDate":"2023-09-13","foi_retrievedDate":"2026-03-14"},{"dc_creator":"HandelingScraper_v1","dc_date_year":2023,"dc_description":"Vergadering van de Gemeente Beekdaelen op 2023-09-13. Onderdeel: Raadsvoorstel inzake: \"Offerte BsGW maatwerk afvalstoffenheffing\".","dc_identifier":"nl.gm1954.2c.2023.2835320-9","dc_publisher":"gm1954","dc_source":"https://beekdaelen.bestuurlijkeinformatie.nl/Agenda/Index/f07163f2-fd06-48ae-b435-5917469615f2","dc_title":"Raadscommissie Bestuur en Middelen 2023-09-13 - Raadsvoorstel inzake: \"Offerte BsGW maatwerk afvalstoffenheffing\"","dc_type":"2c","dc_type_description":"Vergaderstuk decentrale overheid","foi_fairiscoreVersions":{"v1":2,"v2":2},"foi_files":[{"dc_format":"application/octet-stream","dc_identifier":"nl.gm1954.2c.2023.2835320-9.doc.9","dc_source":"https://api1.ibabs.eu/publicdownload.aspx?site=Beekdaelen&id=e0addb28-2863-4e99-9f4e-add790c4382b","dc_title":"B5 1e termijn","dc_type":"bijlage","foi_fileName":"B5%201e%20termijn.mp3"},{"dc_format":"application/octet-stream","dc_identifier":"nl.gm1954.2c.2023.2835320-9.doc.11","dc_source":"https://api1.ibabs.eu/publicdownload.aspx?site=Beekdaelen&id=727ff45a-34ca-4274-acc0-aa036a5bd912","dc_title":"B5 advies commissie (geen vragen 2e termijn)","dc_type":"bijlage","foi_fileName":"B5%20advies%20commissie%20%28geen%20vragen%202e%20termijn%29.mp3"},{"dc_format":"application/octet-stream","dc_identifier":"nl.gm1954.2c.2023.2835320-9.doc.10","dc_source":"https://api1.ibabs.eu/publicdownload.aspx?site=Beekdaelen&id=1eb94508-42a8-4e68-b0c3-985e30609ef3","dc_title":"B5 beantwoording 1e termijn","dc_type":"bijlage","foi_fileName":"B5%20beantwoording%201e%20termijn.mp3"},{"dc_format":"application/pdf","dc_identifier":"nl.gm1954.2c.2023.2835320-9.doc.2","dc_source":"https://api1.ibabs.eu/publicdownload.aspx?site=Beekdaelen&id=e2363585-39ac-4f67-bc4f-98bbf8967426","dc_title":"Bijlage: Brief BsGW prijsopgave maatwerk afvalstoffenheffing","dc_type":"bijlage","foi_fairiscoreVersions":{"v1":2,"v2":2},"foi_fileName":"Brief.pdf","foi_nrPages":3},{"dc_format":"application/pdf","dc_identifier":"nl.gm1954.2c.2023.2835320-9.doc.12","dc_source":"https://api1.ibabs.eu/publicdownload.aspx?site=Beekdaelen&id=cbdac595-b4f8-49a7-923d-87abaf2d6113","dc_title":"MvA nagekomen technische voorvragen Koll\u00e9e B5","dc_type":"bijlage","foi_fairiscoreVersions":{"v1":1,"v2":1},"foi_fileName":"MvA%20nagekomen%20technische%20voorvragen%20Koll%C3%A9e%20B5.pdf","foi_nrPages":2},{"dc_format":"application/pdf","dc_identifier":"nl.gm1954.2c.2023.2835320-9.doc.6","dc_source":"https://api1.ibabs.eu/publicdownload.aspx?site=Beekdaelen&id=7a015e9f-2765-47d0-ba01-44bda6126e61","dc_title":"MvA technische voorvragen CDA cie B&M","dc_type":"bijlage","foi_fairiscoreVersions":{"v1":1,"v2":1},"foi_fileName":"MvA%20technische%20voorvragen%20CDA%20cie%20B%26M.pdf","foi_nrPages":1},{"dc_format":"application/pdf","dc_identifier":"nl.gm1954.2c.2023.2835320-9.doc.7","dc_source":"https://api1.ibabs.eu/publicdownload.aspx?site=Beekdaelen&id=06ff6c00-5089-430b-9064-d5b0c97094b6","dc_title":"MvA technische voorvragen PvdA cie B&M","dc_type":"bijlage","foi_fairiscoreVersions":{"v1":1,"v2":1},"foi_fileName":"MvA%20technische%20voorvragen%20PvdA%20cie%20B%26M.pdf","foi_nrPages":1},{"dc_format":"application/pdf","dc_identifier":"nl.gm1954.2c.2023.2835320-9.doc.8","dc_source":"https://api1.ibabs.eu/publicdownload.aspx?site=Beekdaelen&id=38b33b5b-deae-4dea-a232-cfd7975cfad1","dc_title":"MvA technische voorvragen Rijkx B5","dc_type":"bijlage","foi_fairiscoreVersions":{"v1":1,"v2":1},"foi_fileName":"MvA%20technische%20voorvragen%20Rijkx%20B5.pdf","foi_nrPages":2},{"dc_format":"application/pdf","dc_identifier":"nl.gm1954.2c.2023.2835320-9.doc.3","dc_source":"https://api1.ibabs.eu/publicdownload.aspx?site=Beekdaelen&id=c23f234f-c714-4d88-ae13-cebd0523e528","dc_title":"Bijlage: BsGW prijsopgave maatwerk afvalstoffenheffing","dc_type":"bijlage","foi_fairiscoreVersions":{"v1":2,"v2":2},"foi_fileName":"Prijsopgave.pdf","foi_nrPages":1},{"dc_format":"application/pdf","dc_identifier":"nl.gm1954.2c.2023.2835320-9.doc.5","dc_source":"https://api1.ibabs.eu/publicdownload.aspx?site=Beekdaelen&id=91f1a49c-4c2a-4cd8-a777-677feaeb502c","dc_title":"Bijlage: Uitgaande brief BsGW offerte maatwerk extra container afvalstoffenheffing","dc_type":"bijlage","foi_fairiscoreVersions":{"v1":1,"v2":1},"foi_fileName":"Z%2F23%2F188284%20-%20336193%20-%20offerte%20maatwerk%20extra%20container%20afvalstoffenheffing.pdf","foi_nrPages":1},{"dc_format":"application/pdf","dc_identifier":"nl.gm1954.2c.2023.2835320-9.doc.4","dc_source":"https://api1.ibabs.eu/publicdownload.aspx?site=Beekdaelen&id=670b4bc6-707a-4e89-ab79-3d0f2d9e60cf","dc_title":"Raadsbesluit inzake offerte BsGW maatwerk afvalstoffenheffing: extra container - vastgesteld 26-09-2023","dc_type":"bijlage","foi_fairiscoreVersions":{"v1":1,"v2":1},"foi_fileName":"Z%2F23%2F188284%20-%20337245%20-%20offerte%20BsGW%20maatwerk%20afvalstoffenheffing%3A%20extra%20container.pdf","foi_nrPages":1},{"dc_format":"application/pdf","dc_identifier":"nl.gm1954.2c.2023.2835320-9.doc.1","dc_source":"https://api1.ibabs.eu/publicdownload.aspx?site=Beekdaelen&id=422f8ef7-0920-45dc-b73e-3b9b77d1dca0","dc_title":"Raadsvoorstel inzake offerte BsGW maatwerk afvalstoffenheffing","dc_type":"bijlage","foi_fairiscoreVersions":{"v1":1,"v2":1},"foi_fileName":"Z%2F23%2F188284%20-%20344349%20-%20gewijzigd%20raadsvoorstel%20maatwerk%20afvalstoffenheffing.pdf","foi_nrPages":3}],"foi_nrDocuments":12,"foi_nrPagesInDossier":15,"foi_publishedDate":"2023-09-13","foi_retrievedDate":"2025-12-01"},{"dc_creator":"HandelingScraper_v1","dc_date_year":2023,"dc_description":"Vergadering van de Gemeente Beekdaelen op 2023-09-14. Onderdeel: Algemeen.","dc_identifier":"nl.gm1954.2c.2023.2835449-1","dc_publisher":"gm1954","dc_source":"https://beekdaelen.bestuurlijkeinformatie.nl/Agenda/Index/11e2a0e9-a37d-48f6-954a-76e72d6be267","dc_title":"Raadscommissie Fysieke Leefomgeving 2023-09-14 - Algemeen","dc_type":"2c","dc_type_description":"Vergaderstuk decentrale overheid","foi_fairiscoreVersions":{"v1":1,"v2":1},"foi_files":[{"dc_format":"application/pdf","dc_identifier":"nl.gm1954.2c.2023.2835449-1.doc.4","dc_source":"https://api1.ibabs.eu/publicdownload.aspx?site=Beekdaelen&id=213265a9-c78b-4e19-b4d0-08076334ed14","dc_title":"Technische voorvragen cie FLO BL","dc_type":"bijlage","foi_fairiscoreVersions":{"v1":1,"v2":1},"foi_fileName":"Technische%20voorvragen%20cie%20FLO%20BL.pdf","foi_nrPages":5},{"dc_format":"application/pdf","dc_identifier":"nl.gm1954.2c.2023.2835449-1.doc.1","dc_source":"https://api1.ibabs.eu/publicdownload.aspx?site=Beekdaelen&id=bd35ad64-1ab2-4303-861d-7ab9ea822cd7","dc_title":"Technische voorvragen cie FLO CDA","dc_type":"bijlage","foi_fairiscoreVersions":{"v1":1,"v2":1},"foi_fileName":"Technische%20voorvragen%20cie%20FLO%20CDA.pdf","foi_nrPages":3},{"dc_format":"application/pdf","dc_identifier":"nl.gm1954.2c.2023.2835449-1.doc.3","dc_source":"https://api1.ibabs.eu/publicdownload.aspx?site=Beekdaelen&id=57b279b4-eaeb-4e11-895a-5666719a65dd","dc_title":"Technische voorvragen cie FLO GL","dc_type":"bijlage","foi_fairiscoreVersions":{"v1":1,"v2":1},"foi_fileName":"Technische%20voorvragen%20cie%20FLO%20GL.pdf","foi_nrPages":2},{"dc_format":"application/pdf","dc_identifier":"nl.gm1954.2c.2023.2835449-1.doc.2","dc_source":"https://api1.ibabs.eu/publicdownload.aspx?site=Beekdaelen&id=d9a3360b-eff1-41f8-aba2-999b250c7d46","dc_title":"Technische voorvragen cie FLO PvdA","dc_type":"bijlage","foi_fairiscoreVersions":{"v1":1,"v2":1},"foi_fileName":"Technische%20voorvragen%20cie%20FLO%20PvdA.pdf","foi_nrPages":1},{"dc_format":"application/pdf","dc_identifier":"nl.gm1954.2c.2023.2835449-1.doc.6","dc_source":"https://api1.ibabs.eu/publicdownload.aspx?site=Beekdaelen&id=ca7a03e5-ca92-456b-8d71-2e33b7aa3443","dc_title":"Technische voorvragen cie FLO Rijkx","dc_type":"bijlage","foi_fairiscoreVersions":{"v1":1,"v2":1},"foi_fileName":"Technische%20voorvragen%20cie%20FLO%20Rijkx.pdf","foi_nrPages":2},{"dc_format":"application/pdf","dc_identifier":"nl.gm1954.2c.2023.2835449-1.doc.5","dc_source":"https://api1.ibabs.eu/publicdownload.aspx?site=Beekdaelen&id=1f300290-ad23-4ba5-a1e3-8ef0cb62edbc","dc_title":"Technische voorvragen cie FLO VG","dc_type":"bijlage","foi_fairiscoreVersions":{"v1":1,"v2":1},"foi_fileName":"Technische%20voorvragen%20cie%20FLO%20VG.pdf","foi_nrPages":4}],"foi_nrDocuments":6,"foi_nrPagesInDossier":17,"foi_publishedDate":"2023-09-14","foi_retrievedDate":"2026-03-09"},{"dc_creator":"HandelingScraper_v1","dc_date_year":2023,"dc_description":"Vergadering van de Gemeente Beekdaelen op 2023-09-14. Onderdeel: Raadsvoorstel inzake: \"Aankoop grond Jabeek/Susterseel\".","dc_identifier":"nl.gm1954.2c.2023.2835449-10","dc_publisher":"gm1954","dc_source":"https://beekdaelen.bestuurlijkeinformatie.nl/Agenda/Index/11e2a0e9-a37d-48f6-954a-76e72d6be267","dc_title":"Raadscommissie Fysieke Leefomgeving 2023-09-14 - Raadsvoorstel inzake: \"Aankoop grond Jabeek/Susterseel\"","dc_type":"2c","dc_type_description":"Vergaderstuk decentrale overheid","foi_fairiscoreVersions":{"v1":2,"v2":3},"foi_files":[{"dc_format":"application/pdf","dc_identifier":"nl.gm1954.2c.2023.2835449-10.doc.3","dc_source":"https://api1.ibabs.eu/publicdownload.aspx?site=Beekdaelen&id=d81eba22-9816-438c-b6fd-37e408282ac2","dc_title":"Bijlage 1: Concept raadsbesluit (aangepast n.a.v. technische voorvragen VG / omissie)","dc_type":"bijlage","foi_fairiscoreVersions":{"v1":1,"v2":1},"foi_fileName":"Aangepast%20raadsbesluit%20aankoop%20perceel%20Jabeek-Susterseel.pdf","foi_nrPages":1},{"dc_format":"application/octet-stream","dc_identifier":"nl.gm1954.2c.2023.2835449-10.doc.12","dc_source":"https://api1.ibabs.eu/publicdownload.aspx?site=Beekdaelen&id=cf2be83b-0edf-480e-a4f3-390f7133c2b0","dc_title":"B6 1e termijn","dc_type":"bijlage","foi_fileName":"B6%201e%20termijn.mp3"},{"dc_format":"application/octet-stream","dc_identifier":"nl.gm1954.2c.2023.2835449-10.doc.14","dc_source":"https://api1.ibabs.eu/publicdownload.aspx?site=Beekdaelen&id=2483ebc8-0fb0-4856-bfd2-f059e285dcdf","dc_title":"B6 2e termijn","dc_type":"bijlage","foi_fileName":"B6%202e%20termijn.mp3"},{"dc_format":"application/octet-stream","dc_identifier":"nl.gm1954.2c.2023.2835449-10.doc.13","dc_source":"https://api1.ibabs.eu/publicdownload.aspx?site=Beekdaelen&id=312ee2d3-1096-4bcf-a625-c57f26e3a8d4","dc_title":"B6 beantwoording 1e termijn","dc_type":"bijlage","foi_fileName":"B6%20beantwoording%201e%20termijn.mp3"},{"dc_format":"application/octet-stream","dc_identifier":"nl.gm1954.2c.2023.2835449-10.doc.15","dc_source":"https://api1.ibabs.eu/publicdownload.aspx?site=Beekdaelen&id=13d2c7ef-c933-40e1-b3f8-ec0414479443","dc_title":"B6 beantwoording 2e termijn","dc_type":"bijlage","foi_fileName":"B6%20beantwoording%202e%20termijn.mp3"},{"dc_format":"application/octet-stream","dc_identifier":"nl.gm1954.2c.2023.2835449-10.doc.16","dc_source":"https://api1.ibabs.eu/publicdownload.aspx?site=Beekdaelen&id=52248bee-fb78-4d93-8f62-b24c9e0bd63c","dc_title":"B6 advies commissie","dc_type":"bijlage","foi_fileName":"en%20C%20Rondvraag.mp3"},{"dc_format":"application/pdf","dc_identifier":"nl.gm1954.2c.2023.2835449-10.doc.9","dc_source":"https://api1.ibabs.eu/publicdownload.aspx?site=Beekdaelen&id=7710a433-64e8-4faf-9ce3-b838b2c89f7b","dc_title":"MvA technische voorvragen CDA B6","dc_type":"bijlage","foi_fairiscoreVersions":{"v1":1,"v2":1},"foi_fileName":"MvA%20technische%20voorvragen%20CDA%20B6.pdf","foi_nrPages":3},{"dc_format":"application/pdf","dc_identifier":"nl.gm1954.2c.2023.2835449-10.doc.10","dc_source":"https://api1.ibabs.eu/publicdownload.aspx?site=Beekdaelen&id=1e167a19-e458-41f2-894d-7a09e38a5b67","dc_title":"MvA technische voorvragen GL B6","dc_type":"bijlage","foi_fairiscoreVersions":{"v1":1,"v2":1},"foi_fileName":"MvA%20technische%20voorvragen%20GL%20B6.pdf","foi_nrPages":2},{"dc_format":"application/pdf","dc_identifier":"nl.gm1954.2c.2023.2835449-10.doc.8","dc_source":"https://api1.ibabs.eu/publicdownload.aspx?site=Beekdaelen&id=9468faac-198e-4198-9484-9d94d2246620","dc_title":"MvA technische voorvragen PvdA B6","dc_type":"bijlage","foi_fairiscoreVersions":{"v1":1,"v2":1},"foi_fileName":"MvA%20technische%20voorvragen%20PvdA%20B6.pdf","foi_nrPages":2},{"dc_format":"application/pdf","dc_identifier":"nl.gm1954.2c.2023.2835449-10.doc.11","dc_source":"https://api1.ibabs.eu/publicdownload.aspx?site=Beekdaelen&id=c35609e5-369d-4a88-b9f5-d86f368ffb00","dc_title":"MvA technische voorvragen VG B6","dc_type":"bijlage","foi_fairiscoreVersions":{"v1":1,"v2":1},"foi_fileName":"MvA%20technische%20voorvragen%20VG%20B6.pdf","foi_nrPages":4},{"dc_format":"application/pdf","dc_identifier":"nl.gm1954.2c.2023.2835449-10.doc.2","dc_source":"https://api1.ibabs.eu/publicdownload.aspx?site=Beekdaelen&id=ac9beee3-19d9-48ae-aeeb-0e9220dae481","dc_title":"Bijlage 1: VERVALLEN Concept raadsbesluit Aankoop grond Jabeek / Susterseel","dc_type":"bijlage","foi_fairiscoreVersions":{"v1":1,"v2":1},"foi_fileName":"Z%2F23%2F193199%20-%20343836%20-%20Bijlage%201%3A%20Aankoop%20grond%20Jabeek%20%2F%20Susterseel.pdf","foi_nrPages":1},{"dc_format":"application/pdf","dc_identifier":"nl.gm1954.2c.2023.2835449-10.doc.1","dc_source":"https://api1.ibabs.eu/publicdownload.aspx?site=Beekdaelen&id=0f1ae464-ebcf-4cb3-ac4f-4ee95daee015","dc_title":"Raadsvoorstel Aankoop grond Jabeek / Susterseel","dc_type":"bijlage","foi_fairiscoreVersions":{"v1":1,"v2":1},"foi_fileName":"Z%2F23%2F193199%20-%20343837%20-%20Aankoop%20grond%20Jabeek%20%2F%20Susterseel.pdf","foi_nrPages":5},{"dc_format":"application/pdf","dc_identifier":"nl.gm1954.2c.2023.2835449-10.doc.7","dc_source":"https://api1.ibabs.eu/publicdownload.aspx?site=Beekdaelen&id=6ff7cf18-4b87-4a9d-bf93-76cda078299a","dc_title":"Bijlage 6: Begrotingswijziging 7.4 aankoop grond Jabeek/Susterseel","dc_type":"bijlage","foi_fairiscoreVersions":{"v1":1,"v2":1},"foi_fileName":"Z%2F23%2F193199%20-%20345947%20-%20Bijlage%206%3A%20Begrotingswijziging%207.4%20aankoop%20grond%20Jabeek%2FSusterseel.pdf","foi_nrPages":1},{"dc_format":"application/pdf","dc_identifier":"nl.gm1954.2c.2023.2835449-10.doc.4","dc_source":"https://api1.ibabs.eu/publicdownload.aspx?site=Beekdaelen&id=f17e4b71-60f0-4441-ab0a-3961765479be","dc_title":"Bijlage 2: Inschrijfformulier inzake verkoop bij inschrijving \u2013 bieding gemeente Beekdaelen","dc_type":"bijlage","foi_fairiscoreVersions":{"v1":5,"v2":5},"foi_fileName":"Z%2F23%2F193199%20-%20345955%20-%20Bijlage%202%3A%20Inschrijfformulier%20inzake%20verkoop%20bij%20inschrijving%20%E2%80%93%20bieding%20gemeente%20Beekdaelen.pdf","foi_nrPages":4},{"dc_format":"application/pdf","dc_identifier":"nl.gm1954.2c.2023.2835449-10.doc.5","dc_source":"https://api1.ibabs.eu/publicdownload.aspx?site=Beekdaelen&id=c8cb2333-534e-4ab6-a054-1fbd3827898e","dc_title":"Bijlage 4: Koopovereenkomst Susterselerweg ong. en Etzenraderweg ong. te Jabeek.","dc_type":"bijlage","foi_fairiscoreVersions":{"v1":5,"v2":5},"foi_fileName":"Z%2F23%2F193199%20-%20346000%20-%20Bijlage%204%3A%20Kopovereenkomst%20Susterselerweg%20ong.%20en%20Etzenraderweg%20ong.%20te%20Jabeek.pdf","foi_nrPages":10},{"dc_format":"application/pdf","dc_identifier":"nl.gm1954.2c.2023.2835449-10.doc.6","dc_source":"https://api1.ibabs.eu/publicdownload.aspx?site=Beekdaelen&id=413081f9-c9d9-4b20-8a94-5fef0fad4884","dc_title":"Bijlage 5: Bijlagen koopovereenkomst Susterselerweg ong. en Etzenraderweg ong. te Jabeek","dc_type":"bijlage","foi_fairiscoreVersions":{"v1":4,"v2":5},"foi_fileName":"Z%2F23%2F193199%20-%20346009%20-%20Bijlage%205%3A%20Bijlagen%20koopovereenkomst%20Susterselerweg%20ong.%20en%20Etzenraderweg%20ong.pdf","foi_nrPages":26}],"foi_nrDocuments":16,"foi_nrPagesInDossier":59,"foi_publishedDate":"2023-09-14","foi_retrievedDate":"2026-03-06"},{"dc_creator":"HandelingScraper_v1","dc_date_year":2023,"dc_description":"Vergadering van de Gemeente Beekdaelen op 2023-09-14. Onderdeel: Rondvraag Fysieke Leefomgeving.","dc_identifier":"nl.gm1954.2c.2023.2835449-11","dc_publisher":"gm1954","dc_source":"https://beekdaelen.bestuurlijkeinformatie.nl/Agenda/Index/11e2a0e9-a37d-48f6-954a-76e72d6be267","dc_title":"Raadscommissie Fysieke Leefomgeving 2023-09-14 - Rondvraag Fysieke Leefomgeving","dc_type":"2c","dc_type_description":"Vergaderstuk decentrale overheid","foi_fairiscoreVersions":{"v1":1,"v2":1},"foi_files":[{"dc_format":"application/octet-stream","dc_identifier":"nl.gm1954.2c.2023.2835449-11.doc.3","dc_source":"https://api1.ibabs.eu/publicdownload.aspx?site=Beekdaelen&id=f23aa94c-6004-4c0a-8569-2f24983c68c6","dc_title":"C beantwoording rondvraag","dc_type":"bijlage","foi_fileName":"C%20beantwoording%20rondvraag.mp3"},{"dc_format":"application/octet-stream","dc_identifier":"nl.gm1954.2c.2023.2835449-11.doc.2","dc_source":"https://api1.ibabs.eu/publicdownload.aspx?site=Beekdaelen&id=e661d963-d9dc-47d6-9964-66c9a9ce3623","dc_title":"C Rondvraag","dc_type":"bijlage","foi_fileName":"en%20C%20Rondvraag.mp3"},{"dc_format":"application/pdf","dc_identifier":"nl.gm1954.2c.2023.2835449-11.doc.1","dc_source":"https://api1.ibabs.eu/publicdownload.aspx?site=Beekdaelen&id=125151c9-2ff9-437d-a172-b41830b0f9ba","dc_title":"Vraag CDA voor de rondvraag cie FLO 14092023","dc_type":"bijlage","foi_fairiscoreVersions":{"v1":1,"v2":1},"foi_fileName":"Vraag%20CDA%20voor%20de%20rondvraag%20cie%20FLO%2014092023.pdf","foi_nrPages":1}],"foi_nrDocuments":3,"foi_nrPagesInDossier":1,"foi_publishedDate":"2023-09-14","foi_retrievedDate":"2026-03-05"},{"dc_creator":"HandelingScraper_v1","dc_date_year":2023,"dc_description":"Vergadering van de Gemeente Beekdaelen op 2023-09-14. Onderdeel: Opening, mededelingen voorzitter en vaststellen agenda..","dc_identifier":"nl.gm1954.2c.2023.2835449-2","dc_publisher":"gm1954","dc_source":"https://beekdaelen.bestuurlijkeinformatie.nl/Agenda/Index/11e2a0e9-a37d-48f6-954a-76e72d6be267","dc_title":"Raadscommissie Fysieke Leefomgeving 2023-09-14 - Opening, mededelingen voorzitter en vaststellen agenda.","dc_type":"2c","dc_type_description":"Vergaderstuk decentrale overheid","foi_fairiscoreVersions":{"v1":1,"v2":1},"foi_files":[{"dc_format":"application/octet-stream","dc_identifier":"nl.gm1954.2c.2023.2835449-2.doc.3","dc_source":"https://api1.ibabs.eu/publicdownload.aspx?site=Beekdaelen&id=05f8a902-6d8b-4709-9221-0be623425f32","dc_title":"A1","dc_type":"bijlage","foi_fileName":"A1%20en%20A2%20I%20dhr%20Steegs_%20mevr%20Heutz.mp3"},{"dc_format":"application/pdf","dc_identifier":"nl.gm1954.2c.2023.2835449-2.doc.1","dc_source":"https://api1.ibabs.eu/publicdownload.aspx?site=Beekdaelen&id=bccea01f-fb03-4d27-8db9-fa2ba74ed80d","dc_title":"Uitnodiging en voorlopige agenda cie FLO 14092023","dc_type":"bijlage","foi_fairiscoreVersions":{"v1":1,"v2":1},"foi_fileName":"Uitnodiging%20en%20voorlopige%20agenda%20cie%20FLO%2014092023.pdf","foi_nrPages":1},{"dc_format":"application/pdf","dc_identifier":"nl.gm1954.2c.2023.2835449-2.doc.2","dc_source":"https://api1.ibabs.eu/publicdownload.aspx?site=Beekdaelen&id=23b42b0f-5753-4051-a95b-b8ff10be3ce0","dc_title":"Vastgestelde agenda raadscie. Fysieke Leefomgeving 14.09.2023","dc_type":"bijlage","foi_fairiscoreVersions":{"v1":1,"v2":1},"foi_fileName":"Vastgestelde%20agenda%20raadscie.%20Fysieke%20Leefomgeving%2014.09.pdf","foi_nrPages":1}],"foi_nrDocuments":3,"foi_nrPagesInDossier":2,"foi_publishedDate":"2023-09-14","foi_retrievedDate":"2026-03-04"},{"dc_creator":"HandelingScraper_v1","dc_date_year":2023,"dc_description":"Vergadering van de Gemeente Beekdaelen op 2023-09-14. Onderdeel: Spreekrecht burgers..","dc_identifier":"nl.gm1954.2c.2023.2835449-3","dc_publisher":"gm1954","dc_source":"https://beekdaelen.bestuurlijkeinformatie.nl/Agenda/Index/11e2a0e9-a37d-48f6-954a-76e72d6be267","dc_title":"Raadscommissie Fysieke Leefomgeving 2023-09-14 - Spreekrecht burgers.","dc_type":"2c","dc_type_description":"Vergaderstuk decentrale overheid","foi_fairiscoreVersions":{"v1":4,"v2":4},"foi_files":[{"dc_format":"application/pdf","dc_identifier":"nl.gm1954.2c.2023.2835449-3.doc.5","dc_source":"https://api1.ibabs.eu/publicdownload.aspx?site=Beekdaelen&id=78634836-04ba-4123-a638-f087fedb4b50","dc_title":"1. Tekst inspreker dhr. Steegs","dc_type":"bijlage","foi_fairiscoreVersions":{"v1":5,"v2":5},"foi_fileName":"1.%20Tekst%20inspreker%20dhr.pdf","foi_nrPages":2},{"dc_format":"application/pdf","dc_identifier":"nl.gm1954.2c.2023.2835449-3.doc.6","dc_source":"https://api1.ibabs.eu/publicdownload.aspx?site=Beekdaelen&id=95cba08e-320d-448f-922c-aae68bec87e1","dc_title":"2. Tekst inspreker mevr. Heutz","dc_type":"bijlage","foi_fairiscoreVersions":{"v1":5,"v2":5},"foi_fileName":"2.%20Tekst%20inspreker%20mevr.pdf","foi_nrPages":3},{"dc_format":"application/pdf","dc_identifier":"nl.gm1954.2c.2023.2835449-3.doc.7","dc_source":"https://api1.ibabs.eu/publicdownload.aspx?site=Beekdaelen&id=eab845ff-622e-491a-88b7-8f353547b2c2","dc_title":"3. Tekst inspreker dhr. Koopstra","dc_type":"bijlage","foi_fairiscoreVersions":{"v1":5,"v2":5},"foi_fileName":"3.%20Tekst%20inspreker%20dhr.pdf","foi_nrPages":3},{"dc_format":"application/pdf","dc_identifier":"nl.gm1954.2c.2023.2835449-3.doc.8","dc_source":"https://api1.ibabs.eu/publicdownload.aspx?site=Beekdaelen&id=860accfc-3344-4f32-a458-9cae0cdd71b4","dc_title":"4. Tekst inspreker dhr. Geuskens","dc_type":"bijlage","foi_fairiscoreVersions":{"v1":1,"v2":1},"foi_fileName":"4.%20Tekst%20inspreker%20dhr.pdf","foi_nrPages":3},{"dc_format":"application/pdf","dc_identifier":"nl.gm1954.2c.2023.2835449-3.doc.9","dc_source":"https://api1.ibabs.eu/publicdownload.aspx?site=Beekdaelen&id=b5cada8d-4d2b-47d4-a054-1c2a009b4936","dc_title":"5. Tekst inspreker dhr. Langen","dc_type":"bijlage","foi_fairiscoreVersions":{"v1":5,"v2":5},"foi_fileName":"5.%20Tekst%20inspreker%20dhr.pdf","foi_nrPages":4},{"dc_format":"application/pdf","dc_identifier":"nl.gm1954.2c.2023.2835449-3.doc.10","dc_source":"https://api1.ibabs.eu/publicdownload.aspx?site=Beekdaelen&id=579a2e3e-77cd-431a-8142-86efc0ef094a","dc_title":"6. Tekst inspreker dhr. Bellink","dc_type":"bijlage","foi_fairiscoreVersions":{"v1":1,"v2":1},"foi_fileName":"6.%20Tekst%20inspreker%20dhr.pdf","foi_nrPages":1},{"dc_format":"application/pdf","dc_identifier":"nl.gm1954.2c.2023.2835449-3.doc.11","dc_source":"https://api1.ibabs.eu/publicdownload.aspx?site=Beekdaelen&id=a03edbf0-0f1f-4036-a4ee-3c7d56be7c2f","dc_title":"7. Tekst inspreker mevr. Konings","dc_type":"bijlage","foi_fairiscoreVersions":{"v1":1,"v2":1},"foi_fileName":"7.%20Tekst%20inspreker%20mevr.pdf","foi_nrPages":1},{"dc_format":"application/pdf","dc_identifier":"nl.gm1954.2c.2023.2835449-3.doc.12","dc_source":"https://api1.ibabs.eu/publicdownload.aspx?site=Beekdaelen&id=be0a9ac4-0eb1-404e-b174-58cdc45a5b8a","dc_title":"8. Tekst inspreker dhr. Habets","dc_type":"bijlage","foi_fairiscoreVersions":{"v1":5,"v2":5},"foi_fileName":"8.%20Tekst%20inspreker%20dhr.pdf","foi_nrPages":2},{"dc_format":"application/pdf","dc_identifier":"nl.gm1954.2c.2023.2835449-3.doc.13","dc_source":"https://api1.ibabs.eu/publicdownload.aspx?site=Beekdaelen&id=1a6f7c3a-fd06-4887-8199-44786cfc9b17","dc_title":"9. Tekst inspreker dhr. Van Daal","dc_type":"bijlage","foi_fairiscoreVersions":{"v1":5,"v2":5},"foi_fileName":"9.%20Tekst%20inspreker%20dhr.pdf","foi_nrPages":1},{"dc_format":"application/octet-stream","dc_identifier":"nl.gm1954.2c.2023.2835449-3.doc.1","dc_source":"https://api1.ibabs.eu/publicdownload.aspx?site=Beekdaelen&id=15ec8679-d8ed-46c0-8711-f52ddb5654a0","dc_title":"A2 I dhr Steegs, mevr Heutz","dc_type":"bijlage","foi_fileName":"A1%20en%20A2%20I%20dhr%20Steegs_%20mevr%20Heutz.mp3"},{"dc_format":"application/octet-stream","dc_identifier":"nl.gm1954.2c.2023.2835449-3.doc.2","dc_source":"https://api1.ibabs.eu/publicdownload.aspx?site=Beekdaelen&id=fd645358-489f-4dd6-b185-094cef0dc84b","dc_title":"A2 II dhrn Koopstra, Geuskens, Langen","dc_type":"bijlage","foi_fileName":"A2%20II%20dhrn%20Koopstra_%20Geuskens_%20Langen.mp3"},{"dc_format":"application/octet-stream","dc_identifier":"nl.gm1954.2c.2023.2835449-3.doc.3","dc_source":"https://api1.ibabs.eu/publicdownload.aspx?site=Beekdaelen&id=8574910d-f817-4d0f-9e63-d89739cb6e0d","dc_title":"A2 III dhr Bellink, mevr Konings, dhr Habets","dc_type":"bijlage","foi_fileName":"A2%20III%20dhr%20Bellink_%20mevr%20Konings_%20dhr%20Habets.mp3"},{"dc_format":"application/octet-stream","dc_identifier":"nl.gm1954.2c.2023.2835449-3.doc.4","dc_source":"https://api1.ibabs.eu/publicdownload.aspx?site=Beekdaelen&id=13569489-ac90-45e5-8e7e-58f1f795fb48","dc_title":"A2 IV dhr van Daal","dc_type":"bijlage","foi_fileName":"A2%20IV%20dhr%20van%20Daal.mp3"}],"foi_nrDocuments":13,"foi_nrPagesInDossier":20,"foi_publishedDate":"2023-09-14","foi_retrievedDate":"2026-03-06"},{"dc_creator":"HandelingScraper_v1","dc_date_year":2023,"dc_description":"Vergadering van de Gemeente Beekdaelen op 2023-09-14. Onderdeel: Vaststellen actiepuntenlijst van de raadscommissie Fysieke Leefomgeving d.d. 08 juni 2023.","dc_identifier":"nl.gm1954.2c.2023.2835449-4","dc_publisher":"gm1954","dc_source":"https://beekdaelen.bestuurlijkeinformatie.nl/Agenda/Index/11e2a0e9-a37d-48f6-954a-76e72d6be267","dc_title":"Raadscommissie Fysieke Leefomgeving 2023-09-14 - Vaststellen actiepuntenlijst van de raadscommissie Fysieke Leefomgeving d.d. 08 juni 2023","dc_type":"2c","dc_type_description":"Vergaderstuk decentrale overheid","foi_fairiscoreVersions":{"v1":1,"v2":1},"foi_files":[{"dc_format":"application/octet-stream","dc_identifier":"nl.gm1954.2c.2023.2835449-4.doc.2","dc_source":"https://api1.ibabs.eu/publicdownload.aspx?site=Beekdaelen&id=ed0c065b-61fa-41cd-aad5-af5160e869b6","dc_title":"A3","dc_type":"bijlage","foi_fileName":"A3.mp3"},{"dc_format":"application/pdf","dc_identifier":"nl.gm1954.2c.2023.2835449-4.doc.1","dc_source":"https://api1.ibabs.eu/publicdownload.aspx?site=Beekdaelen&id=5ba88004-76b1-472b-bb7f-e5e5c552280c","dc_title":"Actiepuntenlijst cie. FLO 08 juni 2023 - vastgesteld 14.09.2023","dc_type":"bijlage","foi_fairiscoreVersions":{"v1":1,"v2":1},"foi_fileName":"Actiepuntenlijst%20cie%20FLO%2008062023%20%28kopie%20uit%20Decos%29.pdf","foi_nrPages":6}],"foi_nrDocuments":2,"foi_nrPagesInDossier":6,"foi_publishedDate":"2023-09-14","foi_retrievedDate":"2026-03-04"},{"dc_creator":"HandelingScraper_v1","dc_date_year":2023,"dc_description":"Vergadering van de Gemeente Beekdaelen op 2023-09-14. Onderdeel: Raadsvoorstel inzake: \"Bestemmingsplan Groevepark Silt\".","dc_identifier":"nl.gm1954.2c.2023.2835449-5","dc_publisher":"gm1954","dc_source":"https://beekdaelen.bestuurlijkeinformatie.nl/Agenda/Index/11e2a0e9-a37d-48f6-954a-76e72d6be267","dc_title":"Raadscommissie Fysieke Leefomgeving 2023-09-14 - Raadsvoorstel inzake: \"Bestemmingsplan Groevepark Silt\"","dc_type":"2c","dc_type_description":"Vergaderstuk decentrale overheid","foi_fairiscoreVersions":{"v1":3,"v2":3},"foi_files":[{"dc_format":"application/pdf","dc_identifier":"nl.gm1954.2c.2023.2835449-5.doc.45","dc_source":"https://api1.ibabs.eu/publicdownload.aspx?site=Beekdaelen&id=f1c07157-8bc5-47f8-ba82-0b881ae3a650","dc_title":"addendum 1 AO Silt incl. Bijlage","dc_type":"bijlage","foi_fairiscoreVersions":{"v1":5,"v2":5},"foi_fileName":"addendum%201%20AO%20Silt%20incl.pdf","foi_nrPages":5},{"dc_format":"application/pdf","dc_identifier":"nl.gm1954.2c.2023.2835449-5.doc.46","dc_source":"https://api1.ibabs.eu/publicdownload.aspx?site=Beekdaelen&id=597ce47d-ce8a-4220-973e-e745225a54c8","dc_title":"Addendum 2 AO SILT","dc_type":"bijlage","foi_fairiscoreVersions":{"v1":5,"v2":5},"foi_fileName":"Addendum%202%20AO%20SILT%20WOO%20proof.pdf","foi_nrPages":5},{"dc_format":"application/pdf","dc_identifier":"nl.gm1954.2c.2023.2835449-5.doc.37","dc_source":"https://api1.ibabs.eu/publicdownload.aspx?site=Beekdaelen&id=ab3c45c0-0892-4453-8ba5-18f7ea0090b3","dc_title":"Anterieure Overeenkomst Silt (AO)","dc_type":"bijlage","foi_fairiscoreVersions":{"v1":5,"v2":5},"foi_fileName":"Anterieure%20Overeenkomst%20Silt%20%28AO%29.pdf","foi_nrPages":19},{"dc_format":"application/octet-stream","dc_identifier":"nl.gm1954.2c.2023.2835449-5.doc.58","dc_source":"https://api1.ibabs.eu/publicdownload.aspx?site=Beekdaelen&id=77540f58-5e35-4864-ad6f-ae26a1d4cada","dc_title":"B1 1e termijn","dc_type":"bijlage","foi_fileName":"B1%201e%20termijn.mp3"},{"dc_format":"application/octet-stream","dc_identifier":"nl.gm1954.2c.2023.2835449-5.doc.61","dc_source":"https://api1.ibabs.eu/publicdownload.aspx?site=Beekdaelen&id=94b82f65-1c02-449a-9219-3d8bb98500a2","dc_title":"B1 2e termijn I","dc_type":"bijlage","foi_fileName":"B1%202e%20termijn%20I.mp3"},{"dc_format":"application/octet-stream","dc_identifier":"nl.gm1954.2c.2023.2835449-5.doc.62","dc_source":"https://api1.ibabs.eu/publicdownload.aspx?site=Beekdaelen&id=9a54cced-3f2a-4a5b-8694-904b88acf952","dc_title":"B1 2e termijn II","dc_type":"bijlage","foi_fileName":"B1%202e%20termijn%20II.mp3"},{"dc_format":"application/octet-stream","dc_identifier":"nl.gm1954.2c.2023.2835449-5.doc.64","dc_source":"https://api1.ibabs.eu/publicdownload.aspx?site=Beekdaelen&id=de686282-1c61-4fc2-9b45-966154b7d853","dc_title":"B1 Advies commissie en schorsing","dc_type":"bijlage","foi_fileName":"B1%20Advies%20commissie%20en%20schorsing.mp3"},{"dc_format":"application/octet-stream","dc_identifier":"nl.gm1954.2c.2023.2835449-5.doc.59","dc_source":"https://api1.ibabs.eu/publicdownload.aspx?site=Beekdaelen&id=de11ab18-80cf-4fc4-a7d0-212aa00f1097","dc_title":"B1 beantwoording 1e termijn I","dc_type":"bijlage","foi_fileName":"B1%20beantwoording%201e%20termijn%20I.mp3"},{"dc_format":"application/octet-stream","dc_identifier":"nl.gm1954.2c.2023.2835449-5.doc.60","dc_source":"https://api1.ibabs.eu/publicdownload.aspx?site=Beekdaelen&id=122f8e02-cd3d-4255-8040-ea777d38ed2f","dc_title":"B1 beantwoording 1e termijn II","dc_type":"bijlage","foi_fileName":"B1%20beantwoording%201e%20termijn%20II.mp3"},{"dc_format":"application/octet-stream","dc_identifier":"nl.gm1954.2c.2023.2835449-5.doc.63","dc_source":"https://api1.ibabs.eu/publicdownload.aspx?site=Beekdaelen&id=ba5226da-e0ca-4690-8242-8a13902deb31","dc_title":"B1 beantwoording 2e termijn","dc_type":"bijlage","foi_fileName":"B1%20beantwoording%202e%20termijn.mp3"},{"dc_format":"application/pdf","dc_identifier":"nl.gm1954.2c.2023.2835449-5.doc.3","dc_source":"https://api1.ibabs.eu/publicdownload.aspx?site=Beekdaelen&id=3c7e9ee2-aff2-4fe1-8416-9cfa3892969e","dc_title":"BIJGESTELDE VERSIE d.d. 07092023 Nota van zienswijzen besttemmingsplan groevepark Silt te Schinnen (bijlage 22)","dc_type":"bijlage","foi_fairiscoreVersions":{"v1":2,"v2":2},"foi_fileName":"Bijgestelde%20versie%20d.d.pdf","foi_nrPages":54},{"dc_format":"application/pdf","dc_identifier":"nl.gm1954.2c.2023.2835449-5.doc.47","dc_source":"https://api1.ibabs.eu/publicdownload.aspx?site=Beekdaelen&id=6521fe64-8fa4-4d8e-b935-928eb0c7e53d","dc_title":"Bijlage  1 Addendum 2 AO Silt - ontsluiting en routes Groevepark- in kleur","dc_type":"bijlage","foi_fairiscoreVersions":{"v1":2,"v2":1},"foi_fileName":"Bijlage%20%201%20Addendum%202%20AO%20Silt%20-%20ontsluiting%20en%20toutes%20Groevepark-%20in%20kleur.pdf","foi_nrPages":1},{"dc_format":"application/pdf","dc_identifier":"nl.gm1954.2c.2023.2835449-5.doc.48","dc_source":"https://api1.ibabs.eu/publicdownload.aspx?site=Beekdaelen&id=1945af27-5305-44a1-b8d1-77e472b88510","dc_title":"Bijlage  2 Addendum 2 AO Silt - verkeerssituatie Grubbenweg- in kleur","dc_type":"bijlage","foi_fairiscoreVersions":{"v1":2,"v2":2},"foi_fileName":"Bijlage%20%202%20Addendum%202%20AO%20Silt%20-%20verkeerssituatie%20Grubbenweg-%20in%20kleur.pdf","foi_nrPages":1},{"dc_format":"application/pdf","dc_identifier":"nl.gm1954.2c.2023.2835449-5.doc.49","dc_source":"https://api1.ibabs.eu/publicdownload.aspx?site=Beekdaelen&id=f95106bd-f1d0-4c64-9b18-d4e0d614ee28","dc_title":"Bijlage  3 Addendum 2 AO Silt - Ligging dassenburgt- in kleur","dc_type":"bijlage","foi_fairiscoreVersions":{"v1":2,"v2":1},"foi_fileName":"Bijlage%20%203%20Addendum%202%20AO%20Silt%20-%20Ligging%20dassenburgt-%20in%20kleur.pdf","foi_nrPages":1},{"dc_format":"application/pdf","dc_identifier":"nl.gm1954.2c.2023.2835449-5.doc.38","dc_source":"https://api1.ibabs.eu/publicdownload.aspx?site=Beekdaelen&id=2e819f0a-6c0d-4711-95b8-3bfacd96e101","dc_title":"bijlage 1 bij anterieure overeenkomst","dc_type":"bijlage","foi_fairiscoreVersions":{"v1":5,"v2":5},"foi_fileName":"bijlage%201.pdf","foi_nrPages":2},{"dc_format":"application/pdf","dc_identifier":"nl.gm1954.2c.2023.2835449-5.doc.8","dc_source":"https://api1.ibabs.eu/publicdownload.aspx?site=Beekdaelen&id=5e18c258-9d72-45e6-9e5c-eea9e002d8e4","dc_title":"Bijlage 1 Masterplan Groevepark Schinnen-Spaubeek Silt","dc_type":"bijlage","foi_fairiscoreVersions":{"v1":2,"v2":2},"foi_fileName":"Bijlage%201%20Masterplan%20Groevepark%20Schinnen-Spaubeek%20Silt.pdf","foi_nrPages":67},{"dc_format":"application/pdf","dc_identifier":"nl.gm1954.2c.2023.2835449-5.doc.17","dc_source":"https://api1.ibabs.eu/publicdownload.aspx?site=Beekdaelen&id=3fe81177-f32c-404a-9169-260da84eb68f","dc_title":"Bijlage 10 Vooronderzoek bodem","dc_type":"bijlage","foi_fairiscoreVersions":{"v1":2,"v2":2},"foi_fileName":"Bijlage%2010%20Vooronderzoek%20bodem.pdf","foi_nrPages":29},{"dc_format":"application/pdf","dc_identifier":"nl.gm1954.2c.2023.2835449-5.doc.18","dc_source":"https://api1.ibabs.eu/publicdownload.aspx?site=Beekdaelen&id=3bde62b0-6c98-4159-a759-487e61cd04c2","dc_title":"Bijlage 11 Verkennend bodem- en asbestonderzoek","dc_type":"bijlage","foi_fairiscoreVersions":{"v1":2,"v2":2},"foi_fileName":"Bijlage%2011%20Verkennend%20bodem-%20en%20asbestonderzoek.pdf","foi_nrPages":94},{"dc_format":"application/pdf","dc_identifier":"nl.gm1954.2c.2023.2835449-5.doc.19","dc_source":"https://api1.ibabs.eu/publicdownload.aspx?site=Beekdaelen&id=68088952-dd9c-4c0f-80bd-0b2ab499c53f","dc_title":"Bijlage 12 Watertoets","dc_type":"bijlage","foi_fairiscoreVersions":{"v1":2,"v2":2},"foi_fileName":"Bijlage%2012%20Watertoets.pdf","foi_nrPages":25},{"dc_format":"application/pdf","dc_identifier":"nl.gm1954.2c.2023.2835449-5.doc.20","dc_source":"https://api1.ibabs.eu/publicdownload.aspx?site=Beekdaelen&id=925aa4eb-fbe2-4399-b0f9-7f506004b0f7","dc_title":"Bijlage 13 Quickscan ecologie","dc_type":"bijlage","foi_fairiscoreVersions":{"v1":2,"v2":1},"foi_fileName":"Bijlage%2013%20Quickscan%20ecologie.pdf","foi_nrPages":74},{"dc_format":"application/pdf","dc_identifier":"nl.gm1954.2c.2023.2835449-5.doc.21","dc_source":"https://api1.ibabs.eu/publicdownload.aspx?site=Beekdaelen&id=1e49e7c6-74b6-4634-a0b1-50d43bf88012","dc_title":"Bijlage 14 Voortoets gebiedsbescherming Wnb (incl AERIUS)","dc_type":"bijlage","foi_fairiscoreVersions":{"v1":2,"v2":2},"foi_fileName":"Bijlage%2014%20Voortoets%20gebiedsbescherming%20Wnb%20%28incl%20AERIUS%29.pdf","foi_nrPages":87},{"dc_format":"application/pdf","dc_identifier":"nl.gm1954.2c.2023.2835449-5.doc.22","dc_source":"https://api1.ibabs.eu/publicdownload.aspx?site=Beekdaelen&id=84c925f0-028b-4172-ba3a-287ee68c4570","dc_title":"Bijlage 15 Soorteninventarisatie","dc_type":"bijlage","foi_fairiscoreVersions":{"v1":2,"v2":1},"foi_fileName":"Bijlage%2015%20Soorteninventarisatie.pdf","foi_nrPages":29},{"dc_format":"application/pdf","dc_identifier":"nl.gm1954.2c.2023.2835449-5.doc.23","dc_source":"https://api1.ibabs.eu/publicdownload.aspx?site=Beekdaelen&id=e85f1475-5fcc-4d50-95d0-14ca02610d65","dc_title":"Bijlage 16 Voortoets tijdelijke grondwaterdaling Silt","dc_type":"bijlage","foi_fairiscoreVersions":{"v1":2,"v2":2},"foi_fileName":"Bijlage%2016%20Voortoets%20tijdelijke%20grondwaterdaling%20Silt.pdf","foi_nrPages":30},{"dc_format":"application/pdf","dc_identifier":"nl.gm1954.2c.2023.2835449-5.doc.24","dc_source":"https://api1.ibabs.eu/publicdownload.aspx?site=Beekdaelen&id=595dd68f-1123-4405-984e-5510ffa33338","dc_title":"Bijlage 17 Geohydrologie","dc_type":"bijlage","foi_fairiscoreVersions":{"v1":2,"v2":2},"foi_fileName":"Bijlage%2017%20Geohydrologie.pdf","foi_nrPages":128},{"dc_format":"application/pdf","dc_identifier":"nl.gm1954.2c.2023.2835449-5.doc.25","dc_source":"https://api1.ibabs.eu/publicdownload.aspx?site=Beekdaelen&id=13230bc9-6739-46c8-94c5-5081d756a010","dc_title":"Bijlage 18 Beeldkwaliteitsplan","dc_type":"bijlage","foi_fairiscoreVersions":{"v1":2,"v2":2},"foi_fileName":"Bijlage%2018%20Beeldkwaliteitsplan.pdf","foi_nrPages":97},{"dc_format":"application/pdf","dc_identifier":"nl.gm1954.2c.2023.2835449-5.doc.26","dc_source":"https://api1.ibabs.eu/publicdownload.aspx?site=Beekdaelen&id=5835f117-b664-452b-bd7b-5f8afcee3d98","dc_title":"Bijlage 19 Participatieverslag","dc_type":"bijlage","foi_fairiscoreVersions":{"v1":2,"v2":1},"foi_fileName":"Bijlage%2019%20Participatieverslag.pdf","foi_nrPages":15},{"dc_format":"application/pdf","dc_identifier":"nl.gm1954.2c.2023.2835449-5.doc.39","dc_source":"https://api1.ibabs.eu/publicdownload.aspx?site=Beekdaelen&id=7a8be57b-569a-4bb8-937d-4692a152bd02","dc_title":"bijlage 2-1 bij anterieure overeenkomst","dc_type":"bijlage","foi_fairiscoreVersions":{"v1":5,"v2":5},"foi_fileName":"bijlage%202-1.pdf","foi_nrPages":34},{"dc_format":"application/pdf","dc_identifier":"nl.gm1954.2c.2023.2835449-5.doc.40","dc_source":"https://api1.ibabs.eu/publicdownload.aspx?site=Beekdaelen&id=8ad33848-c917-40f4-8ebc-e3ac5e9adea3","dc_title":"bijlage 2-2 bij anterieure overeenkomst","dc_type":"bijlage","foi_fairiscoreVersions":{"v1":5,"v2":5},"foi_fileName":"bijlage%202-2.pdf","foi_nrPages":33},{"dc_format":"application/pdf","dc_identifier":"nl.gm1954.2c.2023.2835449-5.doc.9","dc_source":"https://api1.ibabs.eu/publicdownload.aspx?site=Beekdaelen&id=6fde57a1-9964-446e-9b76-2f70b52b186b","dc_title":"Bijlage 2 Integraal ontwerp","dc_type":"bijlage","foi_fairiscoreVersions":{"v1":2,"v2":1},"foi_fileName":"Bijlage%202%20Integraal%20ontwerp.pdf","foi_nrPages":2},{"dc_format":"application/pdf","dc_identifier":"nl.gm1954.2c.2023.2835449-5.doc.27","dc_source":"https://api1.ibabs.eu/publicdownload.aspx?site=Beekdaelen&id=d32844db-f21c-4112-862d-da2a96f7c01b","dc_title":"Bijlage 20 Haalbaarheidsonderzoek","dc_type":"bijlage","foi_fairiscoreVersions":{"v1":1,"v2":1},"foi_fileName":"Bijlage%2020%20Haalbaarheidsonderzoek.pdf","foi_nrPages":36},{"dc_format":"application/pdf","dc_identifier":"nl.gm1954.2c.2023.2835449-5.doc.28","dc_source":"https://api1.ibabs.eu/publicdownload.aspx?site=Beekdaelen&id=19f11af3-49ed-4c34-ada9-d39cb2648ed4","dc_title":"Bijlage 21 Vooroverleg","dc_type":"bijlage","foi_fairiscoreVersions":{"v1":4,"v2":4},"foi_fileName":"Bijlage%2021%20Vooroverleg.pdf","foi_nrPages":10},{"dc_format":"application/pdf","dc_identifier":"nl.gm1954.2c.2023.2835449-5.doc.34","dc_source":"https://api1.ibabs.eu/publicdownload.aspx?site=Beekdaelen&id=87135bf7-58c8-4f2a-bd2a-29294b8ae18b","dc_title":"Bijlage 28 Advies themagroep VTE","dc_type":"bijlage","foi_fairiscoreVersions":{"v1":2,"v2":1},"foi_fileName":"Bijlage%2022%20Advies%20themagroep%20VTE.pdf","foi_nrPages":5},{"dc_format":"application/pdf","dc_identifier":"nl.gm1954.2c.2023.2835449-5.doc.35","dc_source":"https://api1.ibabs.eu/publicdownload.aspx?site=Beekdaelen&id=0c611fc0-8234-408c-9fba-7a398aaed8bf","dc_title":"Bijlage 29 Notitie maatschappelijke meerwaarde","dc_type":"bijlage","foi_fairiscoreVersions":{"v1":1,"v2":1},"foi_fileName":"Bijlage%2023%20Notitie%20maatschappelijke%20meerwaarde.pdf","foi_nrPages":4},{"dc_format":"application/pdf","dc_identifier":"nl.gm1954.2c.2023.2835449-5.doc.29","dc_source":"https://api1.ibabs.eu/publicdownload.aspx?site=Beekdaelen&id=5bb4669e-0c34-4870-bb5f-f291f54b70ec","dc_title":"Bijlage 23 Voortoets gebiedsbescherming Wnb (incl AERIUS)","dc_type":"bijlage","foi_fairiscoreVersions":{"v1":2,"v2":2},"foi_fileName":"Bijlage%2023%20Voortoets%20gebiedsbescherming%20Wnb%20%28incl%20AERIUS%29.pdf","foi_nrPages":87},{"dc_format":"application/pdf","dc_identifier":"nl.gm1954.2c.2023.2835449-5.doc.30","dc_source":"https://api1.ibabs.eu/publicdownload.aspx?site=Beekdaelen&id=b859018d-947e-4891-9744-06519a5b89ef","dc_title":"Bijlage 24 Chronologische volgorde omgevingsacties","dc_type":"bijlage","foi_fairiscoreVersions":{"v1":1,"v2":1},"foi_fileName":"Bijlage%2024%20Chronologische%20volgorde%20omgevingsacties.pdf","foi_nrPages":4},{"dc_format":"application/pdf","dc_identifier":"nl.gm1954.2c.2023.2835449-5.doc.31","dc_source":"https://api1.ibabs.eu/publicdownload.aspx?site=Beekdaelen&id=f93ac04e-5e42-4a52-bc31-13f0963f05b9","dc_title":"Bijlage 25 RVS factsheet Silt juni 2023","dc_type":"bijlage","foi_fairiscoreVersions":{"v1":1,"v2":1},"foi_fileName":"Bijlage%2025%20RVS%20factsheet%20Silt%20juni%202023.pdf","foi_nrPages":2},{"dc_format":"application/pdf","dc_identifier":"nl.gm1954.2c.2023.2835449-5.doc.32","dc_source":"https://api1.ibabs.eu/publicdownload.aspx?site=Beekdaelen&id=96e08827-1f9b-473d-8a30-a4b811e12f5f","dc_title":"Bijlage 26 Geonius MA230393.M02","dc_type":"bijlage","foi_fairiscoreVersions":{"v1":1,"v2":1},"foi_fileName":"Bijlage%2026%20Geonius%20MA230393.pdf","foi_nrPages":3},{"dc_format":"application/pdf","dc_identifier":"nl.gm1954.2c.2023.2835449-5.doc.33","dc_source":"https://api1.ibabs.eu/publicdownload.aspx?site=Beekdaelen&id=808d8d7e-a5cb-45bf-a18c-9ad58bcd5d61","dc_title":"Bijlage 27 RVSParticipatie en wat is met opmerkingen gedaan","dc_type":"bijlage","foi_fairiscoreVersions":{"v1":1,"v2":1},"foi_fileName":"Bijlage%2027%20RVSParticipatie%20en%20wat%20is%20met%20opmerkingen%20gedaan.pdf","foi_nrPages":6},{"dc_format":"application/pdf","dc_identifier":"nl.gm1954.2c.2023.2835449-5.doc.41","dc_source":"https://api1.ibabs.eu/publicdownload.aspx?site=Beekdaelen&id=647f7d4e-9086-4c7e-a54d-1250225267be","dc_title":"bijlage 3 bij anterieure overeenkomst","dc_type":"bijlage","foi_fairiscoreVersions":{"v1":5,"v2":5},"foi_fileName":"bijlage%203.pdf","foi_nrPages":3},{"dc_format":"application/pdf","dc_identifier":"nl.gm1954.2c.2023.2835449-5.doc.10","dc_source":"https://api1.ibabs.eu/publicdownload.aspx?site=Beekdaelen&id=91421915-8bdc-48f9-a7f5-69e92fc58ef6","dc_title":"Bijlage 3 Analyse landschappelijke kernkwaliteiten","dc_type":"bijlage","foi_fairiscoreVersions":{"v1":2,"v2":1},"foi_fileName":"Bijlage%203%20Analyse%20landschappelijke%20kernkwaliteiten.pdf","foi_nrPages":3},{"dc_format":"application/pdf","dc_identifier":"nl.gm1954.2c.2023.2835449-5.doc.42","dc_source":"https://api1.ibabs.eu/publicdownload.aspx?site=Beekdaelen&id=b464742c-4644-457c-a9c6-542ffc93ff9e","dc_title":"bijlage 4 bij anterieure overeenkomst","dc_type":"bijlage","foi_fairiscoreVersions":{"v1":5,"v2":5},"foi_fileName":"bijlage%204.pdf","foi_nrPages":2},{"dc_format":"application/pdf","dc_identifier":"nl.gm1954.2c.2023.2835449-5.doc.11","dc_source":"https://api1.ibabs.eu/publicdownload.aspx?site=Beekdaelen&id=11bf3337-44a3-449c-8daa-cc8ba5f1a512","dc_title":"Bijlage 4 Beoordeling MER-plicht","dc_type":"bijlage","foi_fairiscoreVersions":{"v1":2,"v2":1},"foi_fileName":"Bijlage%204%20Beoordeling%20MER-plicht.pdf","foi_nrPages":9},{"dc_format":"application/pdf","dc_identifier":"nl.gm1954.2c.2023.2835449-5.doc.43","dc_source":"https://api1.ibabs.eu/publicdownload.aspx?site=Beekdaelen&id=84b178c1-2570-4efd-b310-59199f25937a","dc_title":"bijlage 5 bij anterieure overeenkomst","dc_type":"bijlage","foi_fairiscoreVersions":{"v1":5,"v2":5},"foi_fileName":"bijlage%205.pdf","foi_nrPages":28},{"dc_format":"application/pdf","dc_identifier":"nl.gm1954.2c.2023.2835449-5.doc.12","dc_source":"https://api1.ibabs.eu/publicdownload.aspx?site=Beekdaelen&id=cff7d91d-fcfe-4c84-8aa4-549d7566a04e","dc_title":"Bijlage 5 Aanmeldnotitie m.e.r.-beoordeling","dc_type":"bijlage","foi_fairiscoreVersions":{"v1":2,"v2":2},"foi_fileName":"Bijlage%205%20Aanmeldnotitie%20m.e.r.pdf","foi_nrPages":42},{"dc_format":"application/pdf","dc_identifier":"nl.gm1954.2c.2023.2835449-5.doc.44","dc_source":"https://api1.ibabs.eu/publicdownload.aspx?site=Beekdaelen&id=249ed61b-b438-4245-905f-2b86a5f9fd42","dc_title":"bijlage 6 bij anterieure overeenkomst","dc_type":"bijlage","foi_fairiscoreVersions":{"v1":5,"v2":5},"foi_fileName":"bijlage%206.pdf","foi_nrPages":6},{"dc_format":"application/pdf","dc_identifier":"nl.gm1954.2c.2023.2835449-5.doc.13","dc_source":"https://api1.ibabs.eu/publicdownload.aspx?site=Beekdaelen&id=7df949dd-3af6-4051-9570-68080e81fa7e","dc_title":"Bijlage 6  Verkeersonderzoek 18-8","dc_type":"bijlage","foi_fairiscoreVersions":{"v1":1,"v2":1},"foi_fileName":"Bijlage%206%20%20Verkeersonderzoek%2018-8.pdf","foi_nrPages":9},{"dc_format":"application/pdf","dc_identifier":"nl.gm1954.2c.2023.2835449-5.doc.14","dc_source":"https://api1.ibabs.eu/publicdownload.aspx?site=Beekdaelen&id=9916e299-20bf-4a53-80eb-4da99d0c19b6","dc_title":"Bijlage 7 Luchtkwaliteit","dc_type":"bijlage","foi_fairiscoreVersions":{"v1":2,"v2":1},"foi_fileName":"Bijlage%207%20Luchtkwaliteit.pdf","foi_nrPages":8},{"dc_format":"application/pdf","dc_identifier":"nl.gm1954.2c.2023.2835449-5.doc.15","dc_source":"https://api1.ibabs.eu/publicdownload.aspx?site=Beekdaelen&id=d1a5c2f1-9b82-4a5d-bd93-dd4ba97e5793","dc_title":"Bijlage 8 Akoestisch onderzoek","dc_type":"bijlage","foi_fairiscoreVersions":{"v1":2,"v2":2},"foi_fileName":"Bijlage%208%20Akoestisch%20onderzoek.pdf","foi_nrPages":14},{"dc_format":"application/pdf","dc_identifier":"nl.gm1954.2c.2023.2835449-5.doc.16","dc_source":"https://api1.ibabs.eu/publicdownload.aspx?site=Beekdaelen&id=9be4e832-456e-4d35-873b-c48fec32513f","dc_title":"Bijlage 9 Onderzoek externe veiligheid incl. advies veiligheidsregio","dc_type":"bijlage","foi_fairiscoreVersions":{"v1":2,"v2":2},"foi_fileName":"Bijlage%209%20Onderzoek%20externe%20veiligheid%20incl.pdf","foi_nrPages":96},{"dc_format":"application/pdf","dc_identifier":"nl.gm1954.2c.2023.2835449-5.doc.5","dc_source":"https://api1.ibabs.eu/publicdownload.aspx?site=Beekdaelen&id=e0f76277-3d7f-42b0-8024-92b767c46500","dc_title":"Bijlage I Toelichting BP Groevepark Silt","dc_type":"bijlage","foi_fairiscoreVersions":{"v1":2,"v2":2},"foi_fileName":"Bijlage%20I%20Toelichting%20BP%20Groevepark%20Silt.pdf","foi_nrPages":82},{"dc_format":"application/pdf","dc_identifier":"nl.gm1954.2c.2023.2835449-5.doc.6","dc_source":"https://api1.ibabs.eu/publicdownload.aspx?site=Beekdaelen&id=0d1a6ddd-e2d6-4ac4-af95-ea0551180f6a","dc_title":"Bijlage II Regels BP groevepark Silt","dc_type":"bijlage","foi_fairiscoreVersions":{"v1":2,"v2":2},"foi_fileName":"Bijlage%20II%20Regels%20BP%20groevepark%20Silt.pdf","foi_nrPages":60},{"dc_format":"application/pdf","dc_identifier":"nl.gm1954.2c.2023.2835449-5.doc.7","dc_source":"https://api1.ibabs.eu/publicdownload.aspx?site=Beekdaelen&id=ed1ee8d6-a978-40ea-82d8-1c8f85c6f541","dc_title":"Bijlage III Verbeelding BP Groevepark Silt","dc_type":"bijlage","foi_fairiscoreVersions":{"v1":1,"v2":1},"foi_fileName":"Bijlage%20III%20Verbeelding%20BP%20Groevepark%20Silt.pdf","foi_nrPages":1},{"dc_format":"application/pdf","dc_identifier":"nl.gm1954.2c.2023.2835449-5.doc.4","dc_source":"https://api1.ibabs.eu/publicdownload.aspx?site=Beekdaelen&id=0bf56a4c-a9a1-4b49-a6ff-15f3ed4ea4a0","dc_title":"concept raadsbesluit vaststelling bestemmingsplan groevepark Silt Schinnen","dc_type":"bijlage","foi_fairiscoreVersions":{"v1":1,"v2":1},"foi_fileName":"concept%20raadsbesluit%20vaststelling%20bestemmingsplan%20groevepark%20Silt%20Schinnen.pdf","foi_nrPages":2},{"dc_format":"application/pdf","dc_identifier":"nl.gm1954.2c.2023.2835449-5.doc.36","dc_source":"https://api1.ibabs.eu/publicdownload.aspx?site=Beekdaelen&id=08015358-7a2e-48f5-bca2-eea89062939e","dc_title":"Ingekomen standpunt Milieugroep Schinnen-Spaubeek juli 2023 DEF","dc_type":"bijlage","foi_fairiscoreVersions":{"v1":1,"v2":1},"foi_fileName":"Ingekomen%20standpunt%20Milieugroep%20Schinnen-Spaubeek%20juli%202023%20DEF.pdf","foi_nrPages":2},{"dc_format":"application/pdf","dc_identifier":"nl.gm1954.2c.2023.2835449-5.doc.56","dc_source":"https://api1.ibabs.eu/publicdownload.aspx?site=Beekdaelen&id=474c94dc-0090-44fb-8442-00fcb20e4be4","dc_title":"MvA BIJLAGE 1 RIB ontwikkelrichting Groeve Bruls Schinnen Masterplan Beleef Silt","dc_type":"bijlage","foi_fairiscoreVersions":{"v1":1,"v2":1},"foi_fileName":"MvA%20BIJLAGE%201%20RIB%20ontwikkelrichting%20Groeve%20Bruls%20Schinnen%20Masterplan%20Beleef%20Silt.pdf","foi_nrPages":2},{"dc_format":"application/pdf","dc_identifier":"nl.gm1954.2c.2023.2835449-5.doc.57","dc_source":"https://api1.ibabs.eu/publicdownload.aspx?site=Beekdaelen&id=b3c7438a-1517-42ab-82c0-3f9e499e44a6","dc_title":"MvA BIJLAGE 2 Natuur en landschap als pijler van Silt","dc_type":"bijlage","foi_fairiscoreVersions":{"v1":1,"v2":1},"foi_fileName":"MvA%20BIJLAGE%202%20Natuur%20en%20landschap%20als%20pijler%20van%20Silt.pdf","foi_nrPages":5},{"dc_format":"application/pdf","dc_identifier":"nl.gm1954.2c.2023.2835449-5.doc.54","dc_source":"https://api1.ibabs.eu/publicdownload.aspx?site=Beekdaelen&id=bbbbee8f-f9f9-406b-9dc9-029854504793","dc_title":"MvA technische voorvragen BL B1 (gewijzigd)","dc_type":"bijlage","foi_fairiscoreVersions":{"v1":1,"v2":1},"foi_fileName":"MvA%20technische%20voorvragen%20BL%20B1%20%28gewijzigd%29.pdf","foi_nrPages":9},{"dc_format":"application/pdf","dc_identifier":"nl.gm1954.2c.2023.2835449-5.doc.53","dc_source":"https://api1.ibabs.eu/publicdownload.aspx?site=Beekdaelen&id=35450c06-9613-4cab-9b92-a97b63671ba3","dc_title":"MvA technische voorvragen CDA B1","dc_type":"bijlage","foi_fairiscoreVersions":{"v1":1,"v2":1},"foi_fileName":"MvA%20technische%20voorvragen%20CDA%20B1.pdf","foi_nrPages":4},{"dc_format":"application/pdf","dc_identifier":"nl.gm1954.2c.2023.2835449-5.doc.52","dc_source":"https://api1.ibabs.eu/publicdownload.aspx?site=Beekdaelen&id=a6b6126d-0535-4c0f-b0fc-aaff66272219","dc_title":"MvA technische voorvragen GL B1","dc_type":"bijlage","foi_fairiscoreVersions":{"v1":1,"v2":1},"foi_fileName":"MvA%20technische%20voorvragen%20GL%20B1.pdf","foi_nrPages":3},{"dc_format":"application/pdf","dc_identifier":"nl.gm1954.2c.2023.2835449-5.doc.50","dc_source":"https://api1.ibabs.eu/publicdownload.aspx?site=Beekdaelen&id=ec84874b-42e6-42de-a4ec-8866446e89d3","dc_title":"MvA technische voorvragen PvdA B1","dc_type":"bijlage","foi_fairiscoreVersions":{"v1":1,"v2":1},"foi_fileName":"MvA%20technische%20voorvragen%20PvdA%20B1.pdf","foi_nrPages":2},{"dc_format":"application/pdf","dc_identifier":"nl.gm1954.2c.2023.2835449-5.doc.51","dc_source":"https://api1.ibabs.eu/publicdownload.aspx?site=Beekdaelen&id=b4e5c55c-7df9-4a69-811b-c408953e3812","dc_title":"MvA technische voorvragen Rijkx B1","dc_type":"bijlage","foi_fairiscoreVersions":{"v1":1,"v2":1},"foi_fileName":"MvA%20technische%20voorvragen%20Rijkx%20B1.pdf","foi_nrPages":2},{"dc_format":"application/pdf","dc_identifier":"nl.gm1954.2c.2023.2835449-5.doc.55","dc_source":"https://api1.ibabs.eu/publicdownload.aspx?site=Beekdaelen&id=04d9d96b-00ec-47fe-9989-08df89953c4d","dc_title":"MvA technische voorvragen VG B1 (gewijzigd)","dc_type":"bijlage","foi_fairiscoreVersions":{"v1":1,"v2":1},"foi_fileName":"MvA%20technische%20voorvragen%20VG%20B1%20%28gewijzigd%29.pdf","foi_nrPages":6},{"dc_format":"application/pdf","dc_identifier":"nl.gm1954.2c.2023.2835449-5.doc.2","dc_source":"https://api1.ibabs.eu/publicdownload.aspx?site=Beekdaelen&id=3f3fcda0-ddd0-4c29-879c-a72dc4150deb","dc_title":"VERVALLEN: Nota van zienswijzen bestemmingsplan groevepark Silt te Schinnen (bijlage 22)","dc_type":"bijlage","foi_fairiscoreVersions":{"v1":2,"v2":1},"foi_fileName":"nota%20van%20zienswijzen%20bestemmingsplan%20groevepark%20Silt%20te%20Schinnen.pdf","foi_nrPages":53},{"dc_format":"application/pdf","dc_identifier":"nl.gm1954.2c.2023.2835449-5.doc.1","dc_source":"https://api1.ibabs.eu/publicdownload.aspx?site=Beekdaelen&id=b3dce045-e30c-4ae0-9b8f-27530dbde4c5","dc_title":"Raadsvoorstel vaststelling bestemmingsplan Groevepark Silt Schinnen","dc_type":"bijlage","foi_fairiscoreVersions":{"v1":2,"v2":1},"foi_fileName":"Raadsvoorstel%20vaststelling%20bestemmingsplan%20Groevepark%20Silt%20Schinnen.pdf","foi_nrPages":17}],"foi_nrDocuments":64,"foi_nrPagesInDossier":1459,"foi_publishedDate":"2023-09-14","foi_retrievedDate":"2025-12-06"},{"dc_creator":"HandelingScraper_v1","dc_date_year":2023,"dc_description":"Vergadering van de Gemeente Beekdaelen op 2023-09-14. Onderdeel: Raadsvoorstel inzake: \"Kredietaanvraag gemeenschapshuis Puth\".","dc_identifier":"nl.gm1954.2c.2023.2835449-6","dc_publisher":"gm1954","dc_source":"https://beekdaelen.bestuurlijkeinformatie.nl/Agenda/Index/11e2a0e9-a37d-48f6-954a-76e72d6be267","dc_title":"Raadscommissie Fysieke Leefomgeving 2023-09-14 - Raadsvoorstel inzake: \"Kredietaanvraag gemeenschapshuis Puth\"","dc_type":"2c","dc_type_description":"Vergaderstuk decentrale overheid","foi_fairiscoreVersions":{"v1":2,"v2":2},"foi_files":[{"dc_format":"application/pdf","dc_identifier":"nl.gm1954.2c.2023.2835449-6.doc.1","dc_source":"https://api1.ibabs.eu/publicdownload.aspx?site=Beekdaelen&id=35dd9b55-54f8-462c-9f23-5f631ea92f29","dc_title":"Raadsvoorstel kredietaanvraag gemeenschapshuis Puth","dc_type":"bijlage","foi_fairiscoreVersions":{"v1":1,"v2":1},"foi_fileName":"336370_1%20Raadsvoorstel%20kredietaanvraag%20gemeenschapshuis%20Puth.pdf","foi_nrPages":11},{"dc_format":"application/pdf","dc_identifier":"nl.gm1954.2c.2023.2835449-6.doc.2","dc_source":"https://api1.ibabs.eu/publicdownload.aspx?site=Beekdaelen&id=3feab4c7-5fa2-44ca-ba74-8c3d83d7d382","dc_title":"Raadsbesluit","dc_type":"bijlage","foi_fairiscoreVersions":{"v1":1,"v2":1},"foi_fileName":"342539_1%20Raadsbesluit.pdf","foi_nrPages":1},{"dc_format":"application/octet-stream","dc_identifier":"nl.gm1954.2c.2023.2835449-6.doc.16","dc_source":"https://api1.ibabs.eu/publicdownload.aspx?site=Beekdaelen&id=1aee6d91-79af-437e-a8d9-6743cc5bdba9","dc_title":"B2 1e termijn I","dc_type":"bijlage","foi_fileName":"B2%201e%20termijn%20I.mp3"},{"dc_format":"application/octet-stream","dc_identifier":"nl.gm1954.2c.2023.2835449-6.doc.17","dc_source":"https://api1.ibabs.eu/publicdownload.aspx?site=Beekdaelen&id=4e9c7c5e-8eb1-47d1-85c0-d1e80bc1b6b9","dc_title":"B2 1e termijn II","dc_type":"bijlage","foi_fileName":"B2%201e%20termijn%20II.mp3"},{"dc_format":"application/octet-stream","dc_identifier":"nl.gm1954.2c.2023.2835449-6.doc.19","dc_source":"https://api1.ibabs.eu/publicdownload.aspx?site=Beekdaelen&id=4da20315-f515-48d9-8f25-ede1fc739293","dc_title":"B2 2e termijn I","dc_type":"bijlage","foi_fileName":"B2%202e%20termijn%20I.mp3"},{"dc_format":"application/octet-stream","dc_identifier":"nl.gm1954.2c.2023.2835449-6.doc.20","dc_source":"https://api1.ibabs.eu/publicdownload.aspx?site=Beekdaelen&id=2e188ee1-3af3-4875-82ec-8f5e00e2d1eb","dc_title":"B2 2e termijn II","dc_type":"bijlage","foi_fileName":"B2%202e%20termijn%20II.mp3"},{"dc_format":"application/octet-stream","dc_identifier":"nl.gm1954.2c.2023.2835449-6.doc.22","dc_source":"https://api1.ibabs.eu/publicdownload.aspx?site=Beekdaelen&id=9d71e5e2-3f4b-4fc9-a4bf-137bcfd69c6a","dc_title":"B2 advies commissie","dc_type":"bijlage","foi_fileName":"B2%20advies%20commissie.mp3"},{"dc_format":"application/octet-stream","dc_identifier":"nl.gm1954.2c.2023.2835449-6.doc.18","dc_source":"https://api1.ibabs.eu/publicdownload.aspx?site=Beekdaelen&id=f59de6e6-ab86-4d27-bc74-275e571d5b37","dc_title":"B2 beantwoording 1e termijn","dc_type":"bijlage","foi_fileName":"B2%20beantwoording%201e%20termijn.mp3"},{"dc_format":"application/octet-stream","dc_identifier":"nl.gm1954.2c.2023.2835449-6.doc.21","dc_source":"https://api1.ibabs.eu/publicdownload.aspx?site=Beekdaelen&id=3d1cc56f-6c64-4c9d-8877-686959f60156","dc_title":"B2 beantwoording 2e termijn","dc_type":"bijlage","foi_fileName":"B2%20beantwoording%202e%20termijn.mp3"},{"dc_format":"application/pdf","dc_identifier":"nl.gm1954.2c.2023.2835449-6.doc.7","dc_source":"https://api1.ibabs.eu/publicdownload.aspx?site=Beekdaelen&id=777916bb-3541-45ec-8490-4d2d15308263","dc_title":"Begrotingswijziging 7.2 gemeenschapshuis Puth","dc_type":"bijlage","foi_fairiscoreVersions":{"v1":1,"v2":1},"foi_fileName":"Begrotingswijziging%207.pdf","foi_nrPages":1},{"dc_format":"application/pdf","dc_identifier":"nl.gm1954.2c.2023.2835449-6.doc.3","dc_source":"https://api1.ibabs.eu/publicdownload.aspx?site=Beekdaelen&id=8262c11c-d950-4413-b02b-00e761673d46","dc_title":"Bijlage A VO Gemeenschapsaccommodatie Puth","dc_type":"bijlage","foi_fairiscoreVersions":{"v1":2,"v2":2},"foi_fileName":"Bijlage%20A%20VO%20Gemeenschapsaccommodatie%20Puth.pdf","foi_nrPages":16},{"dc_format":"application/pdf","dc_identifier":"nl.gm1954.2c.2023.2835449-6.doc.4","dc_source":"https://api1.ibabs.eu/publicdownload.aspx?site=Beekdaelen&id=a1fd1692-bfd0-4e15-bd6c-fc8e980ab2a2","dc_title":"Bijlage B VO Buitenruimte","dc_type":"bijlage","foi_fairiscoreVersions":{"v1":5,"v2":1},"foi_fileName":"Bijlage%20B%20VO%20Buitenruimte.pdf","foi_nrPages":1},{"dc_format":"application/pdf","dc_identifier":"nl.gm1954.2c.2023.2835449-6.doc.5","dc_source":"https://api1.ibabs.eu/publicdownload.aspx?site=Beekdaelen&id=00eff29a-e7e7-453e-86f1-57c1c75d50b7","dc_title":"Bijlage C Budgetanalyse gemeenschapshuis Puth dd 20230430","dc_type":"bijlage","foi_fairiscoreVersions":{"v1":1,"v2":1},"foi_fileName":"Bijlage%20C%20Budgetanalyse%20gemeenschapshuis%20Puth%20dd%2020230430.pdf","foi_nrPages":1},{"dc_format":"application/pdf","dc_identifier":"nl.gm1954.2c.2023.2835449-6.doc.6","dc_source":"https://api1.ibabs.eu/publicdownload.aspx?site=Beekdaelen&id=d9d2762e-d373-40c1-b90a-39ea4e60c909","dc_title":"Bijlage D Exploitatieopzet gemeenschapshuis Puth","dc_type":"bijlage","foi_fairiscoreVersions":{"v1":1,"v2":1},"foi_fileName":"Bijlage%20D%20Exploitatieopzet%20gemeenschapshuis%20Puth.pdf","foi_nrPages":1},{"dc_format":"application/pdf","dc_identifier":"nl.gm1954.2c.2023.2835449-6.doc.13","dc_source":"https://api1.ibabs.eu/publicdownload.aspx?site=Beekdaelen&id=cbcaa09d-9a75-4548-9b45-fdebeb83a649","dc_title":"MvA B2 bijlage nota uitwerking cohesiegebieden Schinnen","dc_type":"bijlage","foi_fairiscoreVersions":{"v1":5,"v2":5},"foi_fileName":"MvA%20B2%20bijlage%20nota%20uitwerking%20cohesiegebieden%20Schinnen.pdf","foi_nrPages":38},{"dc_format":"application/pdf","dc_identifier":"nl.gm1954.2c.2023.2835449-6.doc.11","dc_source":"https://api1.ibabs.eu/publicdownload.aspx?site=Beekdaelen&id=1bcafbc5-18a0-46be-aa1b-52a47dbf551d","dc_title":"MvA Rijkx B2 bijlage notulen raadsvergadering 2016","dc_type":"bijlage","foi_fairiscoreVersions":{"v1":2,"v2":2},"foi_fileName":"MvA%20B2%20bijlage%20notulen%20raadsvergadering%202016.pdf","foi_nrPages":15},{"dc_format":"application/pdf","dc_identifier":"nl.gm1954.2c.2023.2835449-6.doc.12","dc_source":"https://api1.ibabs.eu/publicdownload.aspx?site=Beekdaelen&id=60338749-995b-4ac3-86c7-346854d97bd4","dc_title":"MvA Rijkx B2 bijlage raadsbesluit april 2016","dc_type":"bijlage","foi_fairiscoreVersions":{"v1":2,"v2":2},"foi_fileName":"MvA%20B2%20bijlage%20raadsbesluit%20april%202016.pdf","foi_nrPages":8},{"dc_format":"application/pdf","dc_identifier":"nl.gm1954.2c.2023.2835449-6.doc.15","dc_source":"https://api1.ibabs.eu/publicdownload.aspx?site=Beekdaelen&id=08906da7-94c8-4180-8765-bfa9082b903f","dc_title":"MvA technische voorvragen BL B2","dc_type":"bijlage","foi_fairiscoreVersions":{"v1":1,"v2":1},"foi_fileName":"MvA%20technische%20voorvragen%20BL%20B2.pdf","foi_nrPages":8},{"dc_format":"application/pdf","dc_identifier":"nl.gm1954.2c.2023.2835449-6.doc.9","dc_source":"https://api1.ibabs.eu/publicdownload.aspx?site=Beekdaelen&id=d8d2564e-913d-4517-b18a-3b7153a6f701","dc_title":"MvA technische voorvragen CDA B2","dc_type":"bijlage","foi_fairiscoreVersions":{"v1":1,"v2":1},"foi_fileName":"MvA%20technische%20voorvragen%20CDA%20B2.pdf","foi_nrPages":1},{"dc_format":"application/pdf","dc_identifier":"nl.gm1954.2c.2023.2835449-6.doc.8","dc_source":"https://api1.ibabs.eu/publicdownload.aspx?site=Beekdaelen&id=a7de204c-212c-425c-a9ed-69c254e036ab","dc_title":"MvA technische voorvragen PvdA B2","dc_type":"bijlage","foi_fairiscoreVersions":{"v1":1,"v2":1},"foi_fileName":"MvA%20technische%20voorvragen%20PvdA%20B2.pdf","foi_nrPages":3},{"dc_format":"application/pdf","dc_identifier":"nl.gm1954.2c.2023.2835449-6.doc.10","dc_source":"https://api1.ibabs.eu/publicdownload.aspx?site=Beekdaelen&id=8842cc6f-fad6-4631-94c5-ca61cde8a769","dc_title":"MvA technische voorvragen Rijkx B2","dc_type":"bijlage","foi_fairiscoreVersions":{"v1":1,"v2":1},"foi_fileName":"MvA%20technische%20voorvragen%20Rijkx%20B2.pdf","foi_nrPages":5},{"dc_format":"application/pdf","dc_identifier":"nl.gm1954.2c.2023.2835449-6.doc.14","dc_source":"https://api1.ibabs.eu/publicdownload.aspx?site=Beekdaelen&id=1c2cf17e-0247-4175-a656-c3efac998ba2","dc_title":"MvA technische voorvragen VG B2","dc_type":"bijlage","foi_fairiscoreVersions":{"v1":1,"v2":1},"foi_fileName":"MvA%20technische%20voorvragen%20VG%20B2.pdf","foi_nrPages":6}],"foi_nrDocuments":22,"foi_nrPagesInDossier":116,"foi_publishedDate":"2023-09-14","foi_retrievedDate":"2026-02-05"},{"dc_creator":"HandelingScraper_v1","dc_date_year":2023,"dc_description":"Vergadering van de Gemeente Beekdaelen op 2023-09-14. Onderdeel: Raadsvoorstel inzake: \"Uitvoeringskrediet De Gyselaar fase 2, sloop en fase 2 Koeteleboet\".","dc_identifier":"nl.gm1954.2c.2023.2835449-7","dc_publisher":"gm1954","dc_source":"https://beekdaelen.bestuurlijkeinformatie.nl/Agenda/Index/11e2a0e9-a37d-48f6-954a-76e72d6be267","dc_title":"Raadscommissie Fysieke Leefomgeving 2023-09-14 - Raadsvoorstel inzake: \"Uitvoeringskrediet De Gyselaar fase 2, sloop en fase 2 Koeteleboet\"","dc_type":"2c","dc_type_description":"Vergaderstuk decentrale overheid","foi_fairiscoreVersions":{"v1":2,"v2":2},"foi_files":[{"dc_format":"application/pdf","dc_identifier":"nl.gm1954.2c.2023.2835449-7.doc.3","dc_source":"https://api1.ibabs.eu/publicdownload.aspx?site=Beekdaelen&id=81522dea-774e-49cf-b369-a88e504493d0","dc_title":"Bijlage 2:  Concept Raadsbesluit fase 2 uitvoeringskrediet","dc_type":"bijlage","foi_fairiscoreVersions":{"v1":1,"v2":1},"foi_fileName":"336789_1%20Raadsbesluit%20fase%202%20uitvoeringskrediet%20def.pdf","foi_nrPages":1},{"dc_format":"application/octet-stream","dc_identifier":"nl.gm1954.2c.2023.2835449-7.doc.10","dc_source":"https://api1.ibabs.eu/publicdownload.aspx?site=Beekdaelen&id=6c160906-6a74-4f70-bf0a-54d20d62869f","dc_title":"B3 1e termijn","dc_type":"bijlage","foi_fileName":"B3%201e%20termijn.mp3"},{"dc_format":"application/octet-stream","dc_identifier":"nl.gm1954.2c.2023.2835449-7.doc.12","dc_source":"https://api1.ibabs.eu/publicdownload.aspx?site=Beekdaelen&id=f75d4114-1d11-462f-a489-eaab1c22f4c3","dc_title":"B3 2e termijn","dc_type":"bijlage","foi_fileName":"B3%202e%20termijn.mp3"},{"dc_format":"application/octet-stream","dc_identifier":"nl.gm1954.2c.2023.2835449-7.doc.13","dc_source":"https://api1.ibabs.eu/publicdownload.aspx?site=Beekdaelen&id=e14c15e9-d692-4cd1-a9e3-6a0fade36ba7","dc_title":"B3 advies commissie","dc_type":"bijlage","foi_fileName":"B3%20advies%20commissie.mp3"},{"dc_format":"application/octet-stream","dc_identifier":"nl.gm1954.2c.2023.2835449-7.doc.11","dc_source":"https://api1.ibabs.eu/publicdownload.aspx?site=Beekdaelen&id=3fa702a0-2449-4fd3-b41d-f39db78addef","dc_title":"B3 beantwoording 1e termijn","dc_type":"bijlage","foi_fileName":"B3%20beantwoording%201e%20termijn.mp3"},{"dc_format":"application/pdf","dc_identifier":"nl.gm1954.2c.2023.2835449-7.doc.8","dc_source":"https://api1.ibabs.eu/publicdownload.aspx?site=Beekdaelen&id=1419bb98-e882-4d44-b5e2-83ae99aa988e","dc_title":"MvA technische voorvragen Beekdaelen Lokaal B3","dc_type":"bijlage","foi_fairiscoreVersions":{"v1":1,"v2":1},"foi_fileName":"MvA%20technische%20voorvragen%20Beekdaelen%20Lokaal%20B3.pdf","foi_nrPages":2},{"dc_format":"application/pdf","dc_identifier":"nl.gm1954.2c.2023.2835449-7.doc.9","dc_source":"https://api1.ibabs.eu/publicdownload.aspx?site=Beekdaelen&id=c397a920-4247-4290-8a23-d20a81f4180e","dc_title":"MvA technische voorvragen PvdA B3","dc_type":"bijlage","foi_fairiscoreVersions":{"v1":1,"v2":1},"foi_fileName":"MvA%20technische%20voorvragen%20PvdA%20B3.pdf","foi_nrPages":1},{"dc_format":"application/pdf","dc_identifier":"nl.gm1954.2c.2023.2835449-7.doc.1","dc_source":"https://api1.ibabs.eu/publicdownload.aspx?site=Beekdaelen&id=bec89bf8-fe8a-406f-bf6d-c6f84f0096f1","dc_title":"Raadsvoorstel Uitvoeringskrediet De Gyselaar fase 2","dc_type":"bijlage","foi_fairiscoreVersions":{"v1":2,"v2":1},"foi_fileName":"Z%2F23%2F189014%20-%20336787.pdf","foi_nrPages":6},{"dc_format":"application/pdf","dc_identifier":"nl.gm1954.2c.2023.2835449-7.doc.2","dc_source":"https://api1.ibabs.eu/publicdownload.aspx?site=Beekdaelen&id=ad0762be-5ded-45bb-b43f-fecf39d720f5","dc_title":"Bijlage 1: begrotingswijziging","dc_type":"bijlage","foi_fairiscoreVersions":{"v1":1,"v2":1},"foi_fileName":"Z%2F23%2F189014%20-%20336787.pdf","foi_nrPages":1},{"dc_format":"application/pdf","dc_identifier":"nl.gm1954.2c.2023.2835449-7.doc.4","dc_source":"https://api1.ibabs.eu/publicdownload.aspx?site=Beekdaelen&id=efa888de-c7e4-41df-b5e3-c3954399c652","dc_title":"Bijlage 3A: Raadsbesluit Schinnen krediet","dc_type":"bijlage","foi_fairiscoreVersions":{"v1":5,"v2":5},"foi_fileName":"Z%2F23%2F189014%20-%20336787.pdf","foi_nrPages":1},{"dc_format":"application/pdf","dc_identifier":"nl.gm1954.2c.2023.2835449-7.doc.5","dc_source":"https://api1.ibabs.eu/publicdownload.aspx?site=Beekdaelen&id=d8144437-c9ac-4f0a-888e-a7959c4e4edd","dc_title":"Bijlage 3B: Raadsbesluit voorbereidingskrediet","dc_type":"bijlage","foi_fairiscoreVersions":{"v1":2,"v2":2},"foi_fileName":"Z%2F23%2F189014%20-%20336787.pdf","foi_nrPages":1},{"dc_format":"application/pdf","dc_identifier":"nl.gm1954.2c.2023.2835449-7.doc.6","dc_source":"https://api1.ibabs.eu/publicdownload.aspx?site=Beekdaelen&id=b3293453-698f-43fe-877a-c57dc3a58126","dc_title":"Bijlage 3C: Raadsbesluit uitvoeringskrediet fase 1","dc_type":"bijlage","foi_fairiscoreVersions":{"v1":1,"v2":1},"foi_fileName":"Z%2F23%2F189014%20-%20336787.pdf","foi_nrPages":1},{"dc_format":"application/pdf","dc_identifier":"nl.gm1954.2c.2023.2835449-7.doc.7","dc_source":"https://api1.ibabs.eu/publicdownload.aspx?site=Beekdaelen&id=c6e70c95-83eb-4584-990f-404f237b9d00","dc_title":"Bijlage 3D: Raadsbesluit extra krediet","dc_type":"bijlage","foi_fairiscoreVersions":{"v1":1,"v2":1},"foi_fileName":"Z%2F23%2F189014%20-%20336787.pdf","foi_nrPages":1}],"foi_nrDocuments":13,"foi_nrPagesInDossier":15,"foi_publishedDate":"2023-09-14","foi_retrievedDate":"2026-02-12"},{"dc_creator":"HandelingScraper_v1","dc_date_year":2023,"dc_description":"Vergadering van de Gemeente Beekdaelen op 2023-09-14. Onderdeel: Raadsvoorstel inzake: \"Herstelbesluit Bestemmingsplan Thull\".","dc_identifier":"nl.gm1954.2c.2023.2835449-8","dc_publisher":"gm1954","dc_source":"https://beekdaelen.bestuurlijkeinformatie.nl/Agenda/Index/11e2a0e9-a37d-48f6-954a-76e72d6be267","dc_title":"Raadscommissie Fysieke Leefomgeving 2023-09-14 - Raadsvoorstel inzake: \"Herstelbesluit Bestemmingsplan Thull\"","dc_type":"2c","dc_type_description":"Vergaderstuk decentrale overheid","foi_fairiscoreVersions":{"v1":2,"v2":2},"foi_files":[{"dc_format":"application/octet-stream","dc_identifier":"nl.gm1954.2c.2023.2835449-8.doc.8","dc_source":"https://api1.ibabs.eu/publicdownload.aspx?site=Beekdaelen&id=3bf0d3ba-40f1-4ef3-bf2b-1dd31f75d547","dc_title":"B4 1e termijn","dc_type":"bijlage","foi_fileName":"B4%201e%20termijn.mp3","foi_nrPages":1},{"dc_format":"application/octet-stream","dc_identifier":"nl.gm1954.2c.2023.2835449-8.doc.10","dc_source":"https://api1.ibabs.eu/publicdownload.aspx?site=Beekdaelen&id=d806c8fc-71dc-42cf-a9f8-5acdcde4f7e1","dc_title":"B4 advies commissie (en B5 1e termijn)","dc_type":"bijlage","foi_fileName":"B4%20advies%20commissie%20en%20B5%201e%20termijn.mp3","foi_nrPages":1},{"dc_format":"application/octet-stream","dc_identifier":"nl.gm1954.2c.2023.2835449-8.doc.9","dc_source":"https://api1.ibabs.eu/publicdownload.aspx?site=Beekdaelen&id=32df997b-ecd4-4fd7-b552-f4147ff9f925","dc_title":"B4 beantwoording 1e termijn","dc_type":"bijlage","foi_fileName":"B4%20beantwoording%201e%20termijn.mp3","foi_nrPages":1},{"dc_format":"application/pdf","dc_identifier":"nl.gm1954.2c.2023.2835449-8.doc.3","dc_source":"https://api1.ibabs.eu/publicdownload.aspx?site=Beekdaelen&id=6b7475e1-98c7-4056-acda-1226f48be374","dc_title":"Bijlage 1: Tussenuitspraak Raad van State anoniem","dc_type":"bijlage","foi_fairiscoreVersions":{"v1":5,"v2":5},"foi_fileName":"B4%20tussenuitspraak%20Raad%20van%20State%20anoniem.pdf","foi_nrPages":12},{"dc_format":"application/pdf","dc_identifier":"nl.gm1954.2c.2023.2835449-8.doc.1","dc_source":"https://api1.ibabs.eu/publicdownload.aspx?site=Beekdaelen&id=61d6d5b3-1d7f-4045-be14-54e69b165832","dc_title":"Raadsvoorstel Herstelbesluit bestemmingsplan Thull","dc_type":"bijlage","foi_fairiscoreVersions":{"v1":1,"v2":1},"foi_fileName":"raadsvoorstel%20341270.pdf","foi_nrPages":3},{"dc_format":"application/pdf","dc_identifier":"nl.gm1954.2c.2023.2835449-8.doc.4","dc_source":"https://api1.ibabs.eu/publicdownload.aspx?site=Beekdaelen&id=5ef5eba4-1621-4062-8dfd-0f8b67940745","dc_title":"bijlage 2: Regels Thull","dc_type":"bijlage","foi_fairiscoreVersions":{"v1":2,"v2":1},"foi_fileName":"Z%2F20%2F147782%20-%20340896%20Regels%20Thull.pdf","foi_nrPages":35},{"dc_format":"application/pdf","dc_identifier":"nl.gm1954.2c.2023.2835449-8.doc.6","dc_source":"https://api1.ibabs.eu/publicdownload.aspx?site=Beekdaelen&id=1e70db0d-9367-490a-b9f4-9f310d15fd33","dc_title":"bijlage 4: Toelichting Thull","dc_type":"bijlage","foi_fairiscoreVersions":{"v1":2,"v2":1},"foi_fileName":"Z%2F20%2F147782%20-%20340896%20Toelichting%20Thull.pdf","foi_nrPages":59},{"dc_format":"application/pdf","dc_identifier":"nl.gm1954.2c.2023.2835449-8.doc.7","dc_source":"https://api1.ibabs.eu/publicdownload.aspx?site=Beekdaelen&id=1b7b26a7-645b-4a7a-a1c7-ffb9e73f9b7c","dc_title":"bijlage 5: Bijlage 3 bij de toelichting","dc_type":"bijlage","foi_fairiscoreVersions":{"v1":2,"v2":3},"foi_fileName":"Z%2F20%2F147782%20-%20340896%20Toelichting%20Thull%20bijlage%203.pdf","foi_nrPages":15},{"dc_format":"application/pdf","dc_identifier":"nl.gm1954.2c.2023.2835449-8.doc.5","dc_source":"https://api1.ibabs.eu/publicdownload.aspx?site=Beekdaelen&id=8a908254-0e60-4bf2-b4d7-2507be1fb16c","dc_title":"bijlage 3: Verbeelding Thull","dc_type":"bijlage","foi_fairiscoreVersions":{"v1":1,"v2":1},"foi_fileName":"Z%2F20%2F147782%20-%20340896%20Verbeelding%20Thull.pdf","foi_nrPages":1},{"dc_format":"application/pdf","dc_identifier":"nl.gm1954.2c.2023.2835449-8.doc.2","dc_source":"https://api1.ibabs.eu/publicdownload.aspx?site=Beekdaelen&id=b8e54aa7-eb0e-4046-b519-75743280225c","dc_title":"Concept raadsbesluit Herstelbesluit bestemmingsplan Thull","dc_type":"bijlage","foi_fairiscoreVersions":{"v1":1,"v2":1},"foi_fileName":"Z%2F20%2F147782%20-%20341539%20-%20Herstelbesluit%20bestemmingsplan%20Thull.pdf","foi_nrPages":1}],"foi_nrDocuments":10,"foi_nrPagesInDossier":129,"foi_publishedDate":"2023-09-14","foi_retrievedDate":"2026-03-07"},{"dc_creator":"HandelingScraper_v1","dc_date_year":2023,"dc_description":"Vergadering van de Gemeente Beekdaelen op 2023-09-14. Onderdeel: Raadsvoorstel inzake: \"Transitievisie Warmte 2.0\".","dc_identifier":"nl.gm1954.2c.2023.2835449-9","dc_publisher":"gm1954","dc_source":"https://beekdaelen.bestuurlijkeinformatie.nl/Agenda/Index/11e2a0e9-a37d-48f6-954a-76e72d6be267","dc_title":"Raadscommissie Fysieke Leefomgeving 2023-09-14 - Raadsvoorstel inzake: \"Transitievisie Warmte 2.0\"","dc_type":"2c","dc_type_description":"Vergaderstuk decentrale overheid","foi_fairiscoreVersions":{"v1":2,"v2":2},"foi_files":[{"dc_format":"application/octet-stream","dc_identifier":"nl.gm1954.2c.2023.2835449-9.doc.9","dc_source":"https://api1.ibabs.eu/publicdownload.aspx?site=Beekdaelen&id=47d0a338-a9e0-44f9-a100-3fc29d7faedf","dc_title":"B5 1e termijn","dc_type":"bijlage","foi_fileName":"B4%20advies%20commissie%20en%20B5%201e%20termijn.mp3"},{"dc_format":"application/octet-stream","dc_identifier":"nl.gm1954.2c.2023.2835449-9.doc.11","dc_source":"https://api1.ibabs.eu/publicdownload.aspx?site=Beekdaelen&id=cbd54be3-2e45-4498-a4cf-6aa1f7548c94","dc_title":"B5 2e termijn","dc_type":"bijlage","foi_fileName":"B5%202e%20termijn.mp3"},{"dc_format":"application/octet-stream","dc_identifier":"nl.gm1954.2c.2023.2835449-9.doc.13","dc_source":"https://api1.ibabs.eu/publicdownload.aspx?site=Beekdaelen&id=b3019159-712d-4e13-9996-a44e068f18dd","dc_title":"B5 advies commissie","dc_type":"bijlage","foi_fileName":"B5%20advies%20commissie.mp3"},{"dc_format":"application/octet-stream","dc_identifier":"nl.gm1954.2c.2023.2835449-9.doc.10","dc_source":"https://api1.ibabs.eu/publicdownload.aspx?site=Beekdaelen&id=c3ca69eb-07dc-457c-96e7-86b819d2e601","dc_title":"B5 beantwoording 1e termijn","dc_type":"bijlage","foi_fileName":"B5%20beantwoording%201e%20termijn.mp3"},{"dc_format":"application/octet-stream","dc_identifier":"nl.gm1954.2c.2023.2835449-9.doc.12","dc_source":"https://api1.ibabs.eu/publicdownload.aspx?site=Beekdaelen&id=866a20c9-cca0-407b-94a6-d56e497178a3","dc_title":"B5 beantwoording 2e termijn","dc_type":"bijlage","foi_fileName":"B5%20beantwoording%202e%20termijn.mp3"},{"dc_format":"application/pdf","dc_identifier":"nl.gm1954.2c.2023.2835449-9.doc.1","dc_source":"https://api1.ibabs.eu/publicdownload.aspx?site=Beekdaelen&id=9d99b402-c23e-4bdf-8ef6-50589a1cbf66","dc_title":"Raadsvoorstel Transitievisie Warmte 2.0 Beekdaelen","dc_type":"bijlage","foi_fairiscoreVersions":{"v1":1,"v2":1},"foi_fileName":"Bijlage%201%20raadsvoorstel%20Transitievisie%20Warmte%202.pdf","foi_nrPages":6},{"dc_format":"application/pdf","dc_identifier":"nl.gm1954.2c.2023.2835449-9.doc.2","dc_source":"https://api1.ibabs.eu/publicdownload.aspx?site=Beekdaelen&id=64b3f922-8f1a-48b5-bad9-e611a117ad3d","dc_title":"Raadsbesluit Transitievisie Warmte 2.0","dc_type":"bijlage","foi_fairiscoreVersions":{"v1":1,"v2":1},"foi_fileName":"Bijlage%202%20raadsbesluit%20Transitievisie%20Warmte%202.pdf","foi_nrPages":1},{"dc_format":"application/pdf","dc_identifier":"nl.gm1954.2c.2023.2835449-9.doc.3","dc_source":"https://api1.ibabs.eu/publicdownload.aspx?site=Beekdaelen&id=ea01fd6c-6601-4771-a340-6baf0fdcff44","dc_title":"Bijlage 1: Transitievisie Warmte 2.0 Beekdaelen","dc_type":"bijlage","foi_fairiscoreVersions":{"v1":2,"v2":1},"foi_fileName":"Bijlage%203%20Transitievisie%20Warmte%202.pdf","foi_nrPages":28},{"dc_format":"application/pdf","dc_identifier":"nl.gm1954.2c.2023.2835449-9.doc.4","dc_source":"https://api1.ibabs.eu/publicdownload.aspx?site=Beekdaelen&id=84b608f3-0215-4596-ba6d-145fefdf18a2","dc_title":"Bijlage 1a: Bijlagen van Transitievisie Warmte 2.0 Beekdaelen","dc_type":"bijlage","foi_fairiscoreVersions":{"v1":2,"v2":2},"foi_fileName":"Bijlage%203a%20Bijlagen%20van%20Transitievisie%20Warmte%202.pdf","foi_nrPages":92},{"dc_format":"application/pdf","dc_identifier":"nl.gm1954.2c.2023.2835449-9.doc.5","dc_source":"https://api1.ibabs.eu/publicdownload.aspx?site=Beekdaelen&id=9c5eb98f-9e2c-48f2-a836-410c6cce232d","dc_title":"Bijlage 2: Inspraakverslag concept Transitievisie Warmte 2.0","dc_type":"bijlage","foi_fairiscoreVersions":{"v1":1,"v2":1},"foi_fileName":"Inspraakverslag%20concept%20Transitievisie%20Warmte%202.pdf","foi_nrPages":10},{"dc_format":"application/pdf","dc_identifier":"nl.gm1954.2c.2023.2835449-9.doc.7","dc_source":"https://api1.ibabs.eu/publicdownload.aspx?site=Beekdaelen&id=787d53ee-f347-4946-bf6b-4a7ec13475b7","dc_title":"MvA technische voorvragen CDA B5","dc_type":"bijlage","foi_fairiscoreVersions":{"v1":1,"v2":1},"foi_fileName":"MvA%20technische%20voorvragen%20CDA%20B5.pdf","foi_nrPages":2},{"dc_format":"application/pdf","dc_identifier":"nl.gm1954.2c.2023.2835449-9.doc.8","dc_source":"https://api1.ibabs.eu/publicdownload.aspx?site=Beekdaelen&id=1d193e81-af12-4bed-a5d6-f8f3caa80526","dc_title":"MvA technische voorvragen Rijkx B5","dc_type":"bijlage","foi_fairiscoreVersions":{"v1":1,"v2":1},"foi_fileName":"MvA%20technische%20voorvragen%20Rijkx%20B5.pdf","foi_nrPages":1},{"dc_format":"application/pdf","dc_identifier":"nl.gm1954.2c.2023.2835449-9.doc.6","dc_source":"https://api1.ibabs.eu/publicdownload.aspx?site=Beekdaelen&id=bd7a3f80-dc44-4d11-8a1d-e6c6036eeafd","dc_title":"MvA technische voorvragen VG B5","dc_type":"bijlage","foi_fairiscoreVersions":{"v1":1,"v2":1},"foi_fileName":"MvA%20technische%20voorvragen%20VG%20B5.pdf","foi_nrPages":2}],"foi_nrDocuments":13,"foi_nrPagesInDossier":142,"foi_publishedDate":"2023-09-14","foi_retrievedDate":"2026-02-12"},{"dc_creator":"HandelingScraper_v1","dc_date_year":2023,"dc_description":"Vergadering van de Gemeente Beekdaelen op 2023-09-26. Onderdeel: Opening.","dc_identifier":"nl.gm1954.2c.2023.2835627-1","dc_publisher":"gm1954","dc_source":"https://beekdaelen.bestuurlijkeinformatie.nl/Agenda/Index/1be557d0-7788-4c8f-8eb0-89102b996d92","dc_title":"Raadsvergadering 2023-09-26 - Opening","dc_type":"2c","dc_type_description":"Vergaderstuk decentrale overheid","foi_fairiscoreVersions":{"v1":1,"v2":1},"foi_files":[{"dc_format":"application/pdf","dc_identifier":"nl.gm1954.2c.2023.2835627-1.doc.2","dc_source":"https://api1.ibabs.eu/publicdownload.aspx?site=Beekdaelen&id=788f6697-df19-43b1-abc4-67abb5a2ecca","dc_title":"Uitnodiging en voorlopige agenda raadsvergadering 26 september 2023 VERVALLEN","dc_type":"bijlage","foi_fairiscoreVersions":{"v1":1,"v2":1},"foi_fileName":"Uitnodiging%20en%20voorlopige%20agenda%20raadsvergadering%2026%20september%202023.pdf","foi_nrPages":2},{"dc_format":"application/pdf","dc_identifier":"nl.gm1954.2c.2023.2835627-1.doc.1","dc_source":"https://api1.ibabs.eu/publicdownload.aspx?site=Beekdaelen&id=b6027728-5a24-4d9f-b72c-45736b49b4d3","dc_title":"Uitnodiging en voorlopige agenda raadsvergadering 26 september 2023 aangepast na commissiebehandeling","dc_type":"bijlage","foi_fairiscoreVersions":{"v1":1,"v2":1},"foi_fileName":"Uitnodiging%20en%20voorlopige%20agenda%20raadsvergadering%2026%20september%202023%20aangepast%20na%20commissiebehandeling.pdf","foi_nrPages":2}],"foi_nrDocuments":2,"foi_nrPagesInDossier":4,"foi_publishedDate":"2023-09-26","foi_retrievedDate":"2026-01-22"},{"dc_creator":"HandelingScraper_v1","dc_date_year":2023,"dc_description":"Vergadering van de Gemeente Beekdaelen op 2023-09-26. Onderdeel: Voorstel inzake ontslag burgercommissieleden.","dc_identifier":"nl.gm1954.2c.2023.2835627-10","dc_publisher":"gm1954","dc_source":"https://beekdaelen.bestuurlijkeinformatie.nl/Agenda/Index/1be557d0-7788-4c8f-8eb0-89102b996d92","dc_title":"Raadsvergadering 2023-09-26 - Voorstel inzake ontslag burgercommissieleden","dc_type":"2c","dc_type_description":"Vergaderstuk decentrale overheid","foi_fairiscoreVersions":{"v1":1,"v2":1},"foi_files":[{"dc_format":"application/pdf","dc_identifier":"nl.gm1954.2c.2023.2835627-10.doc.2","dc_source":"https://api1.ibabs.eu/publicdownload.aspx?site=Beekdaelen&id=7c0b0d1a-cd38-4c54-bdab-be4653c935c8","dc_title":"Raadsbesluit verlenen ontslag aan 3 burgercommissie leden - vastgesteld 26-09-2023","dc_type":"bijlage","foi_fairiscoreVersions":{"v1":1,"v2":1},"foi_fileName":"Raadsbesluit%20verlenen%20ontslag%20aan%203%20burgercie.pdf","foi_nrPages":1},{"dc_format":"application/pdf","dc_identifier":"nl.gm1954.2c.2023.2835627-10.doc.1","dc_source":"https://api1.ibabs.eu/publicdownload.aspx?site=Beekdaelen&id=9acf8996-dbb1-4509-bd4b-37d14f0d71d7","dc_title":"Raadsvoorstel verlenen ontslag aan 3 burgercommissie leden","dc_type":"bijlage","foi_fairiscoreVersions":{"v1":1,"v2":1},"foi_fileName":"Raadsvoorstel%20verlenen%20ontslag%20aan%203%20burgercie.pdf","foi_nrPages":1}],"foi_nrDocuments":2,"foi_nrPagesInDossier":2,"foi_publishedDate":"2023-09-26","foi_retrievedDate":"2026-01-22"},{"dc_creator":"HandelingScraper_v1","dc_date_year":2023,"dc_description":"Vergadering van de Gemeente Beekdaelen op 2023-09-26. Onderdeel: Voorstel inzake herstelbesluit Bestemmingsplan Thull.","dc_identifier":"nl.gm1954.2c.2023.2835627-11","dc_publisher":"gm1954","dc_source":"https://beekdaelen.bestuurlijkeinformatie.nl/Agenda/Index/1be557d0-7788-4c8f-8eb0-89102b996d92","dc_title":"Raadsvergadering 2023-09-26 - Voorstel inzake herstelbesluit Bestemmingsplan Thull","dc_type":"2c","dc_type_description":"Vergaderstuk decentrale overheid","foi_fairiscoreVersions":{"v1":2,"v2":2},"foi_files":[{"dc_format":"application/pdf","dc_identifier":"nl.gm1954.2c.2023.2835627-11.doc.3","dc_source":"https://api1.ibabs.eu/publicdownload.aspx?site=Beekdaelen&id=6b7475e1-98c7-4056-acda-1226f48be374","dc_title":"Bijlage 1: Tussenuitspraak Raad van State anoniem","dc_type":"bijlage","foi_fairiscoreVersions":{"v1":5,"v2":5},"foi_fileName":"B4%20tussenuitspraak%20Raad%20van%20State%20anoniem.pdf","foi_nrPages":12},{"dc_format":"application/pdf","dc_identifier":"nl.gm1954.2c.2023.2835627-11.doc.1","dc_source":"https://api1.ibabs.eu/publicdownload.aspx?site=Beekdaelen&id=61d6d5b3-1d7f-4045-be14-54e69b165832","dc_title":"Raadsvoorstel Herstelbesluit bestemmingsplan Thull","dc_type":"bijlage","foi_fairiscoreVersions":{"v1":1,"v2":1},"foi_fileName":"raadsvoorstel%20341270.pdf","foi_nrPages":3},{"dc_format":"application/pdf","dc_identifier":"nl.gm1954.2c.2023.2835627-11.doc.4","dc_source":"https://api1.ibabs.eu/publicdownload.aspx?site=Beekdaelen&id=5ef5eba4-1621-4062-8dfd-0f8b67940745","dc_title":"bijlage 2: Regels Thull","dc_type":"bijlage","foi_fairiscoreVersions":{"v1":2,"v2":1},"foi_fileName":"Z%2F20%2F147782%20-%20340896%20Regels%20Thull.pdf","foi_nrPages":35},{"dc_format":"application/pdf","dc_identifier":"nl.gm1954.2c.2023.2835627-11.doc.6","dc_source":"https://api1.ibabs.eu/publicdownload.aspx?site=Beekdaelen&id=1e70db0d-9367-490a-b9f4-9f310d15fd33","dc_title":"bijlage 4: Toelichting Thull","dc_type":"bijlage","foi_fairiscoreVersions":{"v1":2,"v2":1},"foi_fileName":"Z%2F20%2F147782%20-%20340896%20Toelichting%20Thull.pdf","foi_nrPages":59},{"dc_format":"application/pdf","dc_identifier":"nl.gm1954.2c.2023.2835627-11.doc.7","dc_source":"https://api1.ibabs.eu/publicdownload.aspx?site=Beekdaelen&id=1b7b26a7-645b-4a7a-a1c7-ffb9e73f9b7c","dc_title":"bijlage 5: Bijlage 3 bij de toelichting","dc_type":"bijlage","foi_fairiscoreVersions":{"v1":2,"v2":3},"foi_fileName":"Z%2F20%2F147782%20-%20340896%20Toelichting%20Thull%20bijlage%203.pdf","foi_nrPages":15},{"dc_format":"application/pdf","dc_identifier":"nl.gm1954.2c.2023.2835627-11.doc.5","dc_source":"https://api1.ibabs.eu/publicdownload.aspx?site=Beekdaelen&id=8a908254-0e60-4bf2-b4d7-2507be1fb16c","dc_title":"bijlage 3: Verbeelding Thull","dc_type":"bijlage","foi_fairiscoreVersions":{"v1":1,"v2":1},"foi_fileName":"Z%2F20%2F147782%20-%20340896%20Verbeelding%20Thull.pdf","foi_nrPages":1},{"dc_format":"application/pdf","dc_identifier":"nl.gm1954.2c.2023.2835627-11.doc.2","dc_source":"https://api1.ibabs.eu/publicdownload.aspx?site=Beekdaelen&id=5010e974-af51-4c66-a0dd-4f30ae65a872","dc_title":"Raadsbesluit  Herstelbesluit bestemmingsplan Thull - vastgesteld 26-09-2023","dc_type":"bijlage","foi_fairiscoreVersions":{"v1":1,"v2":1},"foi_fileName":"Z%2F20%2F147782%20-%20341539%20-%20Herstelbesluit%20bestemmingsplan%20Thull.pdf","foi_nrPages":1}],"foi_nrDocuments":7,"foi_nrPagesInDossier":126,"foi_publishedDate":"2023-09-26","foi_retrievedDate":"2026-02-12"},{"dc_creator":"HandelingScraper_v1","dc_date_year":2023,"dc_description":"Vergadering van de Gemeente Beekdaelen op 2023-09-26. Onderdeel: Voorstel inzake Transitievisie Warmte 2.0.","dc_identifier":"nl.gm1954.2c.2023.2835627-12","dc_publisher":"gm1954","dc_source":"https://beekdaelen.bestuurlijkeinformatie.nl/Agenda/Index/1be557d0-7788-4c8f-8eb0-89102b996d92","dc_title":"Raadsvergadering 2023-09-26 - Voorstel inzake Transitievisie Warmte 2.0","dc_type":"2c","dc_type_description":"Vergaderstuk decentrale overheid","foi_fairiscoreVersions":{"v1":null,"v2":null},"foi_files":[{"dc_format":"application/pdf","dc_identifier":"nl.gm1954.2c.2023.2835627-12.doc.1","dc_source":"https://api1.ibabs.eu/publicdownload.aspx?site=Beekdaelen&id=9d99b402-c23e-4bdf-8ef6-50589a1cbf66","dc_title":"Raadsvoorstel Transitievisie Warmte 2.0 Beekdaelen","dc_type":"bijlage","foi_fileName":"Bijlage%201%20raadsvoorstel%20Transitievisie%20Warmte%202.pdf"},{"dc_format":"application/pdf","dc_identifier":"nl.gm1954.2c.2023.2835627-12.doc.5","dc_source":"https://api1.ibabs.eu/publicdownload.aspx?site=Beekdaelen&id=64b3f922-8f1a-48b5-bad9-e611a117ad3d","dc_title":"Raadsbesluit Transitievisie Warmte 2.0","dc_type":"bijlage","foi_fileName":"Bijlage%202%20raadsbesluit%20Transitievisie%20Warmte%202.pdf"},{"dc_format":"application/pdf","dc_identifier":"nl.gm1954.2c.2023.2835627-12.doc.2","dc_source":"https://api1.ibabs.eu/publicdownload.aspx?site=Beekdaelen&id=ea01fd6c-6601-4771-a340-6baf0fdcff44","dc_title":"Bijlage 1: Transitievisie Warmte 2.0 Beekdaelen","dc_type":"bijlage","foi_fileName":"Bijlage%203%20Transitievisie%20Warmte%202.pdf"},{"dc_format":"application/pdf","dc_identifier":"nl.gm1954.2c.2023.2835627-12.doc.3","dc_source":"https://api1.ibabs.eu/publicdownload.aspx?site=Beekdaelen&id=84b608f3-0215-4596-ba6d-145fefdf18a2","dc_title":"Bijlage 1a: Bijlagen van Transitievisie Warmte 2.0 Beekdaelen","dc_type":"bijlage","foi_fileName":"Bijlage%203a%20Bijlagen%20van%20Transitievisie%20Warmte%202.pdf"},{"dc_format":"application/pdf","dc_identifier":"nl.gm1954.2c.2023.2835627-12.doc.4","dc_source":"https://api1.ibabs.eu/publicdownload.aspx?site=Beekdaelen&id=9c5eb98f-9e2c-48f2-a836-410c6cce232d","dc_title":"Bijlage 2: Inspraakverslag concept Transitievisie Warmte 2.0","dc_type":"bijlage","foi_fileName":"Inspraakverslag%20concept%20Transitievisie%20Warmte%202.pdf"}],"foi_nrDocuments":5,"foi_nrPagesInDossier":0,"foi_publishedDate":"2023-09-26","foi_retrievedDate":"2025-11-30"},{"dc_creator":"HandelingScraper_v1","dc_date_year":2023,"dc_description":"Vergadering van de Gemeente Beekdaelen op 2023-09-26. Onderdeel: Voorstel inzake vaststelling bestemmingsplan Groevepark Silt te Schinnen.","dc_identifier":"nl.gm1954.2c.2023.2835627-13","dc_publisher":"gm1954","dc_source":"https://beekdaelen.bestuurlijkeinformatie.nl/Agenda/Index/1be557d0-7788-4c8f-8eb0-89102b996d92","dc_title":"Raadsvergadering 2023-09-26 - Voorstel inzake vaststelling bestemmingsplan Groevepark Silt te Schinnen","dc_type":"2c","dc_type_description":"Vergaderstuk decentrale overheid","foi_fairiscoreVersions":{"v1":2,"v2":2},"foi_files":[{"dc_format":"application/pdf","dc_identifier":"nl.gm1954.2c.2023.2835627-13.doc.34","dc_source":"https://api1.ibabs.eu/publicdownload.aspx?site=Beekdaelen&id=71639556-e0e8-4d65-a593-ab79c2d1cfe1","dc_title":"Aanvulling anterieure overeenkomst Groevepark Silt","dc_type":"bijlage","foi_fairiscoreVersions":{"v1":2,"v2":2},"foi_fileName":"Aanvulling%20anterieure%20overeenkomst%20Groevepark%20Silt.pdf","foi_nrPages":3},{"dc_format":"application/pdf","dc_identifier":"nl.gm1954.2c.2023.2835627-13.doc.38","dc_source":"https://api1.ibabs.eu/publicdownload.aspx?site=Beekdaelen&id=6b7e24af-3b3a-441c-bade-2625c8c20288","dc_title":"Aanvulling memorie van antwoord","dc_type":"bijlage","foi_fairiscoreVersions":{"v1":1,"v2":1},"foi_fileName":"Aanvulling%20memorie%20van%20antwoord.pdf","foi_nrPages":2},{"dc_format":"application/pdf","dc_identifier":"nl.gm1954.2c.2023.2835627-13.doc.33","dc_source":"https://api1.ibabs.eu/publicdownload.aspx?site=Beekdaelen&id=4d215c9b-19b5-4602-9732-b470d2f46847","dc_title":"Anterieure overeenkomst Groevepark Silt (Woo-versie)","dc_type":"bijlage","foi_fairiscoreVersions":{"v1":4,"v2":4},"foi_fileName":"Anterieure%20overeenkomst%20Groevepark%20Silt%20%28Woo-versie%29.pdf","foi_nrPages":140},{"dc_format":"application/pdf","dc_identifier":"nl.gm1954.2c.2023.2835627-13.doc.3","dc_source":"https://api1.ibabs.eu/publicdownload.aspx?site=Beekdaelen&id=7068e624-b85a-4df5-bffe-f8e46fac6208","dc_title":"Nota van zienswijzen besttemmingsplan groevepark Silt te Schinnen (bijlage 22)","dc_type":"bijlage","foi_fairiscoreVersions":{"v1":2,"v2":2},"foi_fileName":"BIJGESTELDE%20VERSIE%20d.d.pdf","foi_nrPages":54},{"dc_format":"application/pdf","dc_identifier":"nl.gm1954.2c.2023.2835627-13.doc.7","dc_source":"https://api1.ibabs.eu/publicdownload.aspx?site=Beekdaelen&id=a9696698-fca1-4235-8074-079873f84789","dc_title":"Bijlage 1 Masterplan Groevepark Schinnen-Spaubeek Silt","dc_type":"bijlage","foi_fairiscoreVersions":{"v1":2,"v2":2},"foi_fileName":"Bijlage%201%20Masterplan%20Groevepark%20Schinnen-Spaubeek%20Silt.pdf","foi_nrPages":67},{"dc_format":"application/pdf","dc_identifier":"nl.gm1954.2c.2023.2835627-13.doc.16","dc_source":"https://api1.ibabs.eu/publicdownload.aspx?site=Beekdaelen&id=0e3fd44e-880d-4bc6-9bf1-cdb03f1af444","dc_title":"Bijlage 10 Vooronderzoek bodem","dc_type":"bijlage","foi_fairiscoreVersions":{"v1":2,"v2":2},"foi_fileName":"Bijlage%2010%20Vooronderzoek%20bodem.pdf","foi_nrPages":29},{"dc_format":"application/pdf","dc_identifier":"nl.gm1954.2c.2023.2835627-13.doc.17","dc_source":"https://api1.ibabs.eu/publicdownload.aspx?site=Beekdaelen&id=ae3da485-80f3-459d-a016-86df2fe97b28","dc_title":"Bijlage 11 Verkennend bodem- en asbestonderzoek","dc_type":"bijlage","foi_fairiscoreVersions":{"v1":2,"v2":2},"foi_fileName":"Bijlage%2011%20Verkennend%20bodem-%20en%20asbestonderzoek.pdf","foi_nrPages":94},{"dc_format":"application/pdf","dc_identifier":"nl.gm1954.2c.2023.2835627-13.doc.18","dc_source":"https://api1.ibabs.eu/publicdownload.aspx?site=Beekdaelen&id=e7c1ff97-85ef-4f9c-bc9f-6c3081c33056","dc_title":"Bijlage 12 Watertoets","dc_type":"bijlage","foi_fairiscoreVersions":{"v1":2,"v2":2},"foi_fileName":"Bijlage%2012%20Watertoets.pdf","foi_nrPages":25},{"dc_format":"application/pdf","dc_identifier":"nl.gm1954.2c.2023.2835627-13.doc.19","dc_source":"https://api1.ibabs.eu/publicdownload.aspx?site=Beekdaelen&id=f46fdcd0-ca54-4422-ac9b-6bcdd22fff30","dc_title":"Bijlage 13 Quickscan ecologie","dc_type":"bijlage","foi_fairiscoreVersions":{"v1":2,"v2":2},"foi_fileName":"Bijlage%2013%20Quickscan%20ecologie.pdf","foi_nrPages":74},{"dc_format":"application/pdf","dc_identifier":"nl.gm1954.2c.2023.2835627-13.doc.20","dc_source":"https://api1.ibabs.eu/publicdownload.aspx?site=Beekdaelen&id=be676468-a32b-426e-bf8e-2eafb9e9f650","dc_title":"Bijlage 14 Voortoets gebiedsbescherming Wnb (incl AERIUS)","dc_type":"bijlage","foi_fairiscoreVersions":{"v1":2,"v2":2},"foi_fileName":"Bijlage%2014%20Voortoets%20gebiedsbescherming%20Wnb%20%28incl%20AERIUS%29.pdf","foi_nrPages":87},{"dc_format":"application/pdf","dc_identifier":"nl.gm1954.2c.2023.2835627-13.doc.21","dc_source":"https://api1.ibabs.eu/publicdownload.aspx?site=Beekdaelen&id=51b411cf-68fe-419d-b23c-8010880e4636","dc_title":"Bijlage 15 Soorteninventarisatie","dc_type":"bijlage","foi_fairiscoreVersions":{"v1":2,"v2":1},"foi_fileName":"Bijlage%2015%20Soorteninventarisatie.pdf","foi_nrPages":29},{"dc_format":"application/pdf","dc_identifier":"nl.gm1954.2c.2023.2835627-13.doc.22","dc_source":"https://api1.ibabs.eu/publicdownload.aspx?site=Beekdaelen&id=b4d72d93-c3c7-4c6b-ba34-f1d05ff08fd2","dc_title":"Bijlage 16 Voortoets tijdelijke grondwaterdaling Silt","dc_type":"bijlage","foi_fairiscoreVersions":{"v1":2,"v2":2},"foi_fileName":"Bijlage%2016%20Voortoets%20tijdelijke%20grondwaterdaling%20Silt.pdf","foi_nrPages":30},{"dc_format":"application/pdf","dc_identifier":"nl.gm1954.2c.2023.2835627-13.doc.23","dc_source":"https://api1.ibabs.eu/publicdownload.aspx?site=Beekdaelen&id=3a6bfa93-0488-4493-b546-ae56b0faace0","dc_title":"Bijlage 17 Geohydrologie","dc_type":"bijlage","foi_fairiscoreVersions":{"v1":2,"v2":2},"foi_fileName":"Bijlage%2017%20Geohydrologie.pdf","foi_nrPages":128},{"dc_format":"application/pdf","dc_identifier":"nl.gm1954.2c.2023.2835627-13.doc.24","dc_source":"https://api1.ibabs.eu/publicdownload.aspx?site=Beekdaelen&id=9054d324-c700-4d6c-b6a5-7f6aa9b57cc8","dc_title":"Bijlage 18 Beeldkwaliteitsplan","dc_type":"bijlage","foi_fairiscoreVersions":{"v1":2,"v2":2},"foi_fileName":"Bijlage%2018%20Beeldkwaliteitsplan.pdf","foi_nrPages":97},{"dc_format":"application/pdf","dc_identifier":"nl.gm1954.2c.2023.2835627-13.doc.25","dc_source":"https://api1.ibabs.eu/publicdownload.aspx?site=Beekdaelen&id=bfa6ff83-734c-4e49-8c5b-2b6a9a2ebb01","dc_title":"Bijlage 19 Participatieverslag","dc_type":"bijlage","foi_fairiscoreVersions":{"v1":2,"v2":1},"foi_fileName":"Bijlage%2019%20Participatieverslag.pdf","foi_nrPages":15},{"dc_format":"application/pdf","dc_identifier":"nl.gm1954.2c.2023.2835627-13.doc.8","dc_source":"https://api1.ibabs.eu/publicdownload.aspx?site=Beekdaelen&id=fe15e2ee-fd81-4e39-8c04-05d0433865b2","dc_title":"Bijlage 2 Integraal ontwerp","dc_type":"bijlage","foi_fairiscoreVersions":{"v1":2,"v2":1},"foi_fileName":"Bijlage%202%20Integraal%20ontwerp.pdf","foi_nrPages":2},{"dc_format":"application/pdf","dc_identifier":"nl.gm1954.2c.2023.2835627-13.doc.26","dc_source":"https://api1.ibabs.eu/publicdownload.aspx?site=Beekdaelen&id=7ef398ed-5c6b-433f-85cd-628a29daa594","dc_title":"Bijlage 20 Haalbaarheidsonderzoek","dc_type":"bijlage","foi_fairiscoreVersions":{"v1":1,"v2":1},"foi_fileName":"Bijlage%2020%20Haalbaarheidsonderzoek.pdf","foi_nrPages":36},{"dc_format":"application/pdf","dc_identifier":"nl.gm1954.2c.2023.2835627-13.doc.27","dc_source":"https://api1.ibabs.eu/publicdownload.aspx?site=Beekdaelen&id=5a8d7606-b30c-4f53-b58c-c8a3682d48e9","dc_title":"Bijlage 21 Vooroverleg","dc_type":"bijlage","foi_fairiscoreVersions":{"v1":4,"v2":4},"foi_fileName":"Bijlage%2021%20Vooroverleg.pdf","foi_nrPages":10},{"dc_format":"application/pdf","dc_identifier":"nl.gm1954.2c.2023.2835627-13.doc.28","dc_source":"https://api1.ibabs.eu/publicdownload.aspx?site=Beekdaelen&id=c771895b-a625-443a-a0f5-517eaccaedbd","dc_title":"Bijlage 23 Voortoets gebiedsbescherming Wnb (incl AERIUS)","dc_type":"bijlage","foi_fairiscoreVersions":{"v1":2,"v2":2},"foi_fileName":"Bijlage%2023%20Voortoets%20gebiedsbescherming%20Wnb%20%28incl%20AERIUS%29.pdf","foi_nrPages":87},{"dc_format":"application/pdf","dc_identifier":"nl.gm1954.2c.2023.2835627-13.doc.29","dc_source":"https://api1.ibabs.eu/publicdownload.aspx?site=Beekdaelen&id=bb9e887a-b41e-4503-a651-3d606442bb97","dc_title":"Bijlage 24 Chronologische volgorde omgevingsacties","dc_type":"bijlage","foi_fairiscoreVersions":{"v1":1,"v2":1},"foi_fileName":"Bijlage%2024%20Chronologische%20volgorde%20omgevingsacties.pdf","foi_nrPages":4},{"dc_format":"application/pdf","dc_identifier":"nl.gm1954.2c.2023.2835627-13.doc.30","dc_source":"https://api1.ibabs.eu/publicdownload.aspx?site=Beekdaelen&id=b9b3238a-9bac-48ac-a742-19fea559ee5a","dc_title":"Bijlage 25 RVS factsheet Silt juni 2023","dc_type":"bijlage","foi_fairiscoreVersions":{"v1":1,"v2":1},"foi_fileName":"Bijlage%2025%20RVS%20factsheet%20Silt%20juni%202023.pdf","foi_nrPages":2},{"dc_format":"application/pdf","dc_identifier":"nl.gm1954.2c.2023.2835627-13.doc.31","dc_source":"https://api1.ibabs.eu/publicdownload.aspx?site=Beekdaelen&id=434906ce-65df-43df-bce4-4d6def303f80","dc_title":"Bijlage 26 Geonius MA230393","dc_type":"bijlage","foi_fairiscoreVersions":{"v1":1,"v2":1},"foi_fileName":"Bijlage%2026%20Geonius%20MA230393.pdf","foi_nrPages":3},{"dc_format":"application/pdf","dc_identifier":"nl.gm1954.2c.2023.2835627-13.doc.32","dc_source":"https://api1.ibabs.eu/publicdownload.aspx?site=Beekdaelen&id=af44bd4c-b7b0-41cd-aa8c-aaffd91f0464","dc_title":"Bijlage 27 RVSParticipatie en wat is met opmerkingen gedaan","dc_type":"bijlage","foi_fairiscoreVersions":{"v1":1,"v2":1},"foi_fileName":"Bijlage%2027%20RVSParticipatie%20en%20wat%20is%20met%20opmerkingen%20gedaan.pdf","foi_nrPages":6},{"dc_format":"application/pdf","dc_identifier":"nl.gm1954.2c.2023.2835627-13.doc.9","dc_source":"https://api1.ibabs.eu/publicdownload.aspx?site=Beekdaelen&id=a30da081-d939-40a5-ad3a-df2762bdbbff","dc_title":"Bijlage 3 Analyse landschappelijke kernkwaliteiten","dc_type":"bijlage","foi_fairiscoreVersions":{"v1":2,"v2":1},"foi_fileName":"Bijlage%203%20Analyse%20landschappelijke%20kernkwaliteiten.pdf","foi_nrPages":3},{"dc_format":"application/pdf","dc_identifier":"nl.gm1954.2c.2023.2835627-13.doc.10","dc_source":"https://api1.ibabs.eu/publicdownload.aspx?site=Beekdaelen&id=f2184b68-8c83-4078-846a-efcbb83aa8ba","dc_title":"Bijlage 4 Beoordeling MER-plicht","dc_type":"bijlage","foi_fairiscoreVersions":{"v1":2,"v2":1},"foi_fileName":"Bijlage%204%20Beoordeling%20MER-plicht.pdf","foi_nrPages":9},{"dc_format":"application/pdf","dc_identifier":"nl.gm1954.2c.2023.2835627-13.doc.11","dc_source":"https://api1.ibabs.eu/publicdownload.aspx?site=Beekdaelen&id=3a758776-a40f-40e5-8f09-f2728c647953","dc_title":"Bijlage 5 Aanmeldnotitie m.e.r","dc_type":"bijlage","foi_fairiscoreVersions":{"v1":2,"v2":2},"foi_fileName":"Bijlage%205%20Aanmeldnotitie%20m.e.pdf","foi_nrPages":42},{"dc_format":"application/pdf","dc_identifier":"nl.gm1954.2c.2023.2835627-13.doc.12","dc_source":"https://api1.ibabs.eu/publicdownload.aspx?site=Beekdaelen&id=14ae6e1e-18cc-46a7-bd74-52df92175a11","dc_title":"Bijlage 6  Verkeersonderzoek 18-8","dc_type":"bijlage","foi_fairiscoreVersions":{"v1":1,"v2":1},"foi_fileName":"Bijlage%206%20%20Verkeersonderzoek%2018-8.pdf","foi_nrPages":9},{"dc_format":"application/pdf","dc_identifier":"nl.gm1954.2c.2023.2835627-13.doc.39","dc_source":"https://api1.ibabs.eu/publicdownload.aspx?site=Beekdaelen&id=7ab2298c-93e4-4f82-ba63-32de2761b500","dc_title":"Planschade overeenkomst","dc_type":"bijlage","foi_fairiscoreVersions":{"v1":2,"v2":2},"foi_fileName":"Bijlage%207%20anterieure%20overeekomst%20planschade%20overeenkomst.pdf","foi_nrPages":4},{"dc_format":"application/pdf","dc_identifier":"nl.gm1954.2c.2023.2835627-13.doc.13","dc_source":"https://api1.ibabs.eu/publicdownload.aspx?site=Beekdaelen&id=fb01fbd7-db04-4bf3-abad-87383d1e4a2f","dc_title":"Bijlage 7 Luchtkwaliteit","dc_type":"bijlage","foi_fairiscoreVersions":{"v1":2,"v2":1},"foi_fileName":"Bijlage%207%20Luchtkwaliteit.pdf","foi_nrPages":8},{"dc_format":"application/pdf","dc_identifier":"nl.gm1954.2c.2023.2835627-13.doc.14","dc_source":"https://api1.ibabs.eu/publicdownload.aspx?site=Beekdaelen&id=d47560a5-05fd-421d-8795-1dce0ef365a1","dc_title":"Bijlage 8 Akoestisch onderzoek","dc_type":"bijlage","foi_fairiscoreVersions":{"v1":2,"v2":2},"foi_fileName":"Bijlage%208%20Akoestisch%20onderzoek.pdf","foi_nrPages":14},{"dc_format":"application/pdf","dc_identifier":"nl.gm1954.2c.2023.2835627-13.doc.15","dc_source":"https://api1.ibabs.eu/publicdownload.aspx?site=Beekdaelen&id=ffb994b0-347b-4f01-8db7-8b1d5b47c466","dc_title":"Bijlage 9 Onderzoek externe veiligheid incl","dc_type":"bijlage","foi_fairiscoreVersions":{"v1":2,"v2":2},"foi_fileName":"Bijlage%209%20Onderzoek%20externe%20veiligheid%20incl.pdf","foi_nrPages":96},{"dc_format":"application/pdf","dc_identifier":"nl.gm1954.2c.2023.2835627-13.doc.4","dc_source":"https://api1.ibabs.eu/publicdownload.aspx?site=Beekdaelen&id=fd7c60ff-956c-4b10-8dc9-4c7541c1abee","dc_title":"Bijlage I Toelichting BP Groevepark Silt","dc_type":"bijlage","foi_fairiscoreVersions":{"v1":2,"v2":2},"foi_fileName":"Bijlage%20I%20Toelichting%20BP%20Groevepark%20Silt.pdf","foi_nrPages":82},{"dc_format":"application/pdf","dc_identifier":"nl.gm1954.2c.2023.2835627-13.doc.5","dc_source":"https://api1.ibabs.eu/publicdownload.aspx?site=Beekdaelen&id=db88463d-2aab-4654-9a78-67b43162e59a","dc_title":"Bijlage II Regels BP groevepark Silt","dc_type":"bijlage","foi_fairiscoreVersions":{"v1":2,"v2":2},"foi_fileName":"Bijlage%20II%20Regels%20BP%20groevepark%20Silt.pdf","foi_nrPages":60},{"dc_format":"application/pdf","dc_identifier":"nl.gm1954.2c.2023.2835627-13.doc.6","dc_source":"https://api1.ibabs.eu/publicdownload.aspx?site=Beekdaelen&id=0f288e0a-ecef-4381-a478-f33cccc4fde5","dc_title":"Bijlage III Verbeelding BP Groevepark Silt","dc_type":"bijlage","foi_fairiscoreVersions":{"v1":1,"v2":1},"foi_fileName":"Bijlage%20III%20Verbeelding%20BP%20Groevepark%20Silt.pdf","foi_nrPages":1},{"dc_format":"application/pdf","dc_identifier":"nl.gm1954.2c.2023.2835627-13.doc.2","dc_source":"https://api1.ibabs.eu/publicdownload.aspx?site=Beekdaelen&id=55ad771d-d2a8-4755-beeb-fd6063bed548","dc_title":"Raadsbesluit inzake vaststelling bestemmingsplan groevepark Silt Schinnen - vastgesteld 26-09-2023","dc_type":"bijlage","foi_fairiscoreVersions":{"v1":1,"v2":1},"foi_fileName":"concept%20raadsbesluit%20vaststelling%20bestemmingsplan%20groevepark%20Silt%20Schinnen.pdf","foi_nrPages":2},{"dc_format":"application/pdf","dc_identifier":"nl.gm1954.2c.2023.2835627-13.doc.36","dc_source":"https://api1.ibabs.eu/publicdownload.aspx?site=Beekdaelen&id=d545069e-2518-4379-9854-a196717005f8","dc_title":"Maatschappelijke waarde van toerisme en recreatie, rapport 2021 Gastvrij Nederland en CELTH","dc_type":"bijlage","foi_fairiscoreVersions":{"v1":2,"v2":2},"foi_fileName":"Maatschappelijke%20waarde%20van%20toerisme%20en%20recreatie_%20rapport%202021%20Gastvrij%20Nederland%20en%20CELTH.pdf","foi_nrPages":89},{"dc_format":"application/pdf","dc_identifier":"nl.gm1954.2c.2023.2835627-13.doc.37","dc_source":"https://api1.ibabs.eu/publicdownload.aspx?site=Beekdaelen&id=cda4f6bd-8881-4e90-9ab6-79852afdfcf0","dc_title":"Memorie van antwoord voor Raad 260923 groevepark Silt","dc_type":"bijlage","foi_fairiscoreVersions":{"v1":1,"v2":1},"foi_fileName":"Memorie%20van%20antwoord%20voor%20Raad%20260923%20groevepark%20Silt.pdf","foi_nrPages":5},{"dc_format":"application/pdf","dc_identifier":"nl.gm1954.2c.2023.2835627-13.doc.35","dc_source":"https://api1.ibabs.eu/publicdownload.aspx?site=Beekdaelen&id=7d31ab15-b4f4-45c7-84f1-f128380262b4","dc_title":"Notitie Silt (zonder ondertekening)","dc_type":"bijlage","foi_fairiscoreVersions":{"v1":1,"v2":1},"foi_fileName":"Notitie%20Silt%20%28zonder%20ondertekening%29.pdf","foi_nrPages":2},{"dc_format":"application/pdf","dc_identifier":"nl.gm1954.2c.2023.2835627-13.doc.1","dc_source":"https://api1.ibabs.eu/publicdownload.aspx?site=Beekdaelen&id=9f326bb6-e891-48c9-87cc-124a1af2e572","dc_title":"Raadsvoorstel inzake vaststelling bestemmingsplan Groevepark Silt Schinnen","dc_type":"bijlage","foi_fairiscoreVersions":{"v1":2,"v2":1},"foi_fileName":"Raadsvoorstel%20vaststelling%20bestemmingsplan%20Groevepark%20Silt%20Schinnen.pdf","foi_nrPages":17}],"foi_nrDocuments":39,"foi_nrPagesInDossier":1467,"foi_publishedDate":"2023-09-26","foi_retrievedDate":"2026-02-12"},{"dc_creator":"HandelingScraper_v1","dc_date_year":2023,"dc_description":"Vergadering van de Gemeente Beekdaelen op 2023-09-26. Onderdeel: Motie BL, D66, VG en CDA inzake Silt.","dc_identifier":"nl.gm1954.2c.2023.2835627-14","dc_publisher":"gm1954","dc_source":"https://beekdaelen.bestuurlijkeinformatie.nl/Agenda/Index/1be557d0-7788-4c8f-8eb0-89102b996d92","dc_title":"Raadsvergadering 2023-09-26 - Motie BL, D66, VG en CDA inzake Silt","dc_type":"2c","dc_type_description":"Vergaderstuk decentrale overheid","foi_fairiscoreVersions":{"v1":null,"v2":null},"foi_files":[{"dc_format":"application/pdf","dc_identifier":"nl.gm1954.2c.2023.2835627-14.doc.1","dc_source":"https://api1.ibabs.eu/publicdownload.aspx?site=Beekdaelen&id=6053bb2d-c8a1-40c2-a631-e4bdd56ffddf","dc_title":"Motie BL, D66, VG en CDA inzake Silt AANGENOMEN","dc_type":"bijlage","foi_fileName":"Motie%20BL_%20D66_%20VG%20en%20CDA%20inzake%20Silt%20AANGENOMEN.pdf"}],"foi_nrDocuments":1,"foi_nrPagesInDossier":0,"foi_publishedDate":"2023-09-26","foi_retrievedDate":"2025-12-01"},{"dc_creator":"HandelingScraper_v1","dc_date_year":2023,"dc_description":"Vergadering van de Gemeente Beekdaelen op 2023-09-26. Onderdeel: Voorstel inzake herstelplan Xonar.","dc_identifier":"nl.gm1954.2c.2023.2835627-15","dc_publisher":"gm1954","dc_source":"https://beekdaelen.bestuurlijkeinformatie.nl/Agenda/Index/1be557d0-7788-4c8f-8eb0-89102b996d92","dc_title":"Raadsvergadering 2023-09-26 - Voorstel inzake herstelplan Xonar","dc_type":"2c","dc_type_description":"Vergaderstuk decentrale overheid","foi_fairiscoreVersions":{"v1":1,"v2":1},"foi_files":[{"dc_format":"application/pdf","dc_identifier":"nl.gm1954.2c.2023.2835627-15.doc.6","dc_source":"https://api1.ibabs.eu/publicdownload.aspx?site=Beekdaelen&id=c8a02e87-ac8b-47e8-bb19-4f8e3242ca2d","dc_title":"Bijlage:  Zorgcontinu\u00efteit Xonar","dc_type":"bijlage","foi_fairiscoreVersions":{"v1":1,"v2":1},"foi_fileName":"Z%2F23%2F191190%20-%20340650.pdf","foi_nrPages":6},{"dc_format":"application/pdf","dc_identifier":"nl.gm1954.2c.2023.2835627-15.doc.3","dc_source":"https://api1.ibabs.eu/publicdownload.aspx?site=Beekdaelen&id=5b5daf24-0cfb-4336-8abd-f785203c1434","dc_title":"Bijlage: Aanvraag Xonar financi\u00eble steun Herstelplan Xonar","dc_type":"bijlage","foi_fairiscoreVersions":{"v1":1,"v2":1},"foi_fileName":"Z%2F23%2F191190%20-%20340660.pdf","foi_nrPages":2},{"dc_format":"application/pdf","dc_identifier":"nl.gm1954.2c.2023.2835627-15.doc.4","dc_source":"https://api1.ibabs.eu/publicdownload.aspx?site=Beekdaelen&id=0bb9b648-9212-4524-94cd-d40aa14731f6","dc_title":"Bijlage: tabel financi\u00eble onderbouwing in bijlage 2 beter leesbaar","dc_type":"bijlage","foi_fairiscoreVersions":{"v1":1,"v2":1},"foi_fileName":"Z%2F23%2F191190%20-%20340660.pdf","foi_nrPages":1},{"dc_format":"application/pdf","dc_identifier":"nl.gm1954.2c.2023.2835627-15.doc.5","dc_source":"https://api1.ibabs.eu/publicdownload.aspx?site=Beekdaelen&id=80f74d60-5808-4897-9766-59ea43a2158b","dc_title":"Bijlage:  Monitoring Herstelplan Xonar","dc_type":"bijlage","foi_fairiscoreVersions":{"v1":1,"v2":1},"foi_fileName":"Z%2F23%2F191190%20-%20340660.pdf","foi_nrPages":5},{"dc_format":"application/pdf","dc_identifier":"nl.gm1954.2c.2023.2835627-15.doc.7","dc_source":"https://api1.ibabs.eu/publicdownload.aspx?site=Beekdaelen&id=d1b604a8-57cf-4dba-ad82-12ffe2c2ff27","dc_title":"Bijlage:  Memo Jeugdautoriteit","dc_type":"bijlage","foi_fairiscoreVersions":{"v1":1,"v2":1},"foi_fileName":"Z%2F23%2F191190%20-%20340660.pdf","foi_nrPages":3},{"dc_format":"application/pdf","dc_identifier":"nl.gm1954.2c.2023.2835627-15.doc.8","dc_source":"https://api1.ibabs.eu/publicdownload.aspx?site=Beekdaelen&id=e96c99db-1c84-4d8c-9720-34af38aeaec0","dc_title":"Bijlage:  Aanhangsel Raadsbesluit: Begrotingswijziging 2023/7.1","dc_type":"bijlage","foi_fairiscoreVersions":{"v1":1,"v2":1},"foi_fileName":"Z%2F23%2F191190%20-%20340660.pdf","foi_nrPages":1},{"dc_format":"application/pdf","dc_identifier":"nl.gm1954.2c.2023.2835627-15.doc.1","dc_source":"https://api1.ibabs.eu/publicdownload.aspx?site=Beekdaelen&id=8069d9ef-e585-4a3e-bd25-420e62bf2d0c","dc_title":"Raadsvoorstel Herstelplan Xonar","dc_type":"bijlage","foi_fairiscoreVersions":{"v1":1,"v2":1},"foi_fileName":"Z%2F23%2F191190%20-%20340660%20-%20Raadsvoorstel%20Herstelplan%20Xonar.pdf","foi_nrPages":9},{"dc_format":"application/pdf","dc_identifier":"nl.gm1954.2c.2023.2835627-15.doc.2","dc_source":"https://api1.ibabs.eu/publicdownload.aspx?site=Beekdaelen&id=70734d12-fdc1-4a0b-b391-1a0985a137a7","dc_title":"Raadsbesluit Herstelplan Xonar - vastgesteld 26-09-2023","dc_type":"bijlage","foi_fairiscoreVersions":{"v1":1,"v2":1},"foi_fileName":"Z%2F23%2F191190%20-%20340676%20-%20concept%20raadsbesluit%20Herstelplan%20Xonar.pdf","foi_nrPages":2},{"dc_format":"application/pdf","dc_identifier":"nl.gm1954.2c.2023.2835627-15.doc.9","dc_source":"https://api1.ibabs.eu/publicdownload.aspx?site=Beekdaelen&id=e86da211-50a1-4775-987f-9b42c18081ae","dc_title":"Bijlage:  Raadsinformatiebrief 28 juni 2023 Herstelplan Xonar","dc_type":"bijlage","foi_fairiscoreVersions":{"v1":1,"v2":1},"foi_fileName":"Z%2F23%2F191190%20-%20341375%20-%20Raadsinformatiebrief%2028%20juni%202023%20Herstelplan%20Xonar.pdf","foi_nrPages":2},{"dc_format":"application/pdf","dc_identifier":"nl.gm1954.2c.2023.2835627-15.doc.10","dc_source":"https://api1.ibabs.eu/publicdownload.aspx?site=Beekdaelen&id=438c8be5-fccd-4726-b57f-c3218136d9eb","dc_title":"Bijlage:  RIB: Persbericht besluitvorming Xonar 28 juni 2023","dc_type":"bijlage","foi_fairiscoreVersions":{"v1":1,"v2":1},"foi_fileName":"Z%2F23%2F191190%20-%20341375%20persbericht%20besluitvorming%20Xonar%2028%20juni%202023.pdf","foi_nrPages":2}],"foi_nrDocuments":10,"foi_nrPagesInDossier":33,"foi_publishedDate":"2023-09-26","foi_retrievedDate":"2025-11-30"},{"dc_creator":"HandelingScraper_v1","dc_date_year":2023,"dc_description":"Vergadering van de Gemeente Beekdaelen op 2023-09-26. Onderdeel: Motie CDA, VG, GL, PvdA en VVD inzake herstelplan Xonar.","dc_identifier":"nl.gm1954.2c.2023.2835627-16","dc_publisher":"gm1954","dc_source":"https://beekdaelen.bestuurlijkeinformatie.nl/Agenda/Index/1be557d0-7788-4c8f-8eb0-89102b996d92","dc_title":"Raadsvergadering 2023-09-26 - Motie CDA, VG, GL, PvdA en VVD inzake herstelplan Xonar","dc_type":"2c","dc_type_description":"Vergaderstuk decentrale overheid","foi_fairiscoreVersions":{"v1":1,"v2":1},"foi_files":[{"dc_format":"application/pdf","dc_identifier":"nl.gm1954.2c.2023.2835627-16.doc.1","dc_source":"https://api1.ibabs.eu/publicdownload.aspx?site=Beekdaelen&id=6b534855-f95a-4a68-9508-ec19f99adafb","dc_title":"Motie CDA, VG, GL, PvdA en VVD inzake herstelplan Xonar UNANIEM AANGENOMEN","dc_type":"bijlage","foi_fairiscoreVersions":{"v1":1,"v2":1},"foi_fileName":"Motie%20CDA_%20VG_%20GL_%20PvdA%20en%20VVD%20inzake%20herstelplan%20Xonar%20UNANIEM%20AANGENOMEN.pdf","foi_nrPages":1}],"foi_nrDocuments":1,"foi_nrPagesInDossier":1,"foi_publishedDate":"2023-09-26","foi_retrievedDate":"2026-02-12"},{"dc_creator":"HandelingScraper_v1","dc_date_year":2023,"dc_description":"Vergadering van de Gemeente Beekdaelen op 2023-09-26. Onderdeel: Voorstel inzake: \"Offerte BsGW maatwerk afvalstoffenheffing\".","dc_identifier":"nl.gm1954.2c.2023.2835627-17","dc_publisher":"gm1954","dc_source":"https://beekdaelen.bestuurlijkeinformatie.nl/Agenda/Index/1be557d0-7788-4c8f-8eb0-89102b996d92","dc_title":"Raadsvergadering 2023-09-26 - Voorstel inzake: \"Offerte BsGW maatwerk afvalstoffenheffing\"","dc_type":"2c","dc_type_description":"Vergaderstuk decentrale overheid","foi_fairiscoreVersions":{"v1":2,"v2":2},"foi_files":[{"dc_format":"application/pdf","dc_identifier":"nl.gm1954.2c.2023.2835627-17.doc.3","dc_source":"https://api1.ibabs.eu/publicdownload.aspx?site=Beekdaelen&id=e2363585-39ac-4f67-bc4f-98bbf8967426","dc_title":"Bijlage: Brief BsGW prijsopgave maatwerk afvalstoffenheffing","dc_type":"bijlage","foi_fairiscoreVersions":{"v1":2,"v2":2},"foi_fileName":"Brief.pdf","foi_nrPages":3},{"dc_format":"application/pdf","dc_identifier":"nl.gm1954.2c.2023.2835627-17.doc.4","dc_source":"https://api1.ibabs.eu/publicdownload.aspx?site=Beekdaelen&id=c23f234f-c714-4d88-ae13-cebd0523e528","dc_title":"Bijlage: BsGW prijsopgave maatwerk afvalstoffenheffing","dc_type":"bijlage","foi_fairiscoreVersions":{"v1":2,"v2":2},"foi_fileName":"Prijsopgave.pdf","foi_nrPages":1},{"dc_format":"application/pdf","dc_identifier":"nl.gm1954.2c.2023.2835627-17.doc.5","dc_source":"https://api1.ibabs.eu/publicdownload.aspx?site=Beekdaelen&id=91f1a49c-4c2a-4cd8-a777-677feaeb502c","dc_title":"Bijlage: Uitgaande brief BsGW offerte maatwerk extra container afvalstoffenheffing","dc_type":"bijlage","foi_fairiscoreVersions":{"v1":1,"v2":1},"foi_fileName":"Z%2F23%2F188284%20-%20336193%20-%20offerte%20maatwerk%20extra%20container%20afvalstoffenheffing.pdf","foi_nrPages":1},{"dc_format":"application/pdf","dc_identifier":"nl.gm1954.2c.2023.2835627-17.doc.2","dc_source":"https://api1.ibabs.eu/publicdownload.aspx?site=Beekdaelen&id=670b4bc6-707a-4e89-ab79-3d0f2d9e60cf","dc_title":"Raadsbesluit inzake offerte BsGW maatwerk afvalstoffenheffing: extra container - vastgesteld 26-09-2023","dc_type":"bijlage","foi_fairiscoreVersions":{"v1":1,"v2":1},"foi_fileName":"Z%2F23%2F188284%20-%20337245%20-%20offerte%20BsGW%20maatwerk%20afvalstoffenheffing%3A%20extra%20container.pdf","foi_nrPages":1},{"dc_format":"application/pdf","dc_identifier":"nl.gm1954.2c.2023.2835627-17.doc.1","dc_source":"https://api1.ibabs.eu/publicdownload.aspx?site=Beekdaelen&id=422f8ef7-0920-45dc-b73e-3b9b77d1dca0","dc_title":"Raadsvoorstel inzake offerte BsGW maatwerk afvalstoffenheffing","dc_type":"bijlage","foi_fairiscoreVersions":{"v1":1,"v2":1},"foi_fileName":"Z%2F23%2F188284%20-%20344349%20-%20gewijzigd%20raadsvoorstel%20maatwerk%20afvalstoffenheffing.pdf","foi_nrPages":3}],"foi_nrDocuments":5,"foi_nrPagesInDossier":9,"foi_publishedDate":"2023-09-26","foi_retrievedDate":"2026-02-12"},{"dc_creator":"HandelingScraper_v1","dc_date_year":2023,"dc_description":"Vergadering van de Gemeente Beekdaelen op 2023-09-26. Onderdeel: Voorstel inzake kredietaanvraag gemeenschapshuis Puth.","dc_identifier":"nl.gm1954.2c.2023.2835627-18","dc_publisher":"gm1954","dc_source":"https://beekdaelen.bestuurlijkeinformatie.nl/Agenda/Index/1be557d0-7788-4c8f-8eb0-89102b996d92","dc_title":"Raadsvergadering 2023-09-26 - Voorstel inzake kredietaanvraag gemeenschapshuis Puth","dc_type":"2c","dc_type_description":"Vergaderstuk decentrale overheid","foi_fairiscoreVersions":{"v1":2,"v2":2},"foi_files":[{"dc_format":"application/pdf","dc_identifier":"nl.gm1954.2c.2023.2835627-18.doc.2","dc_source":"https://api1.ibabs.eu/publicdownload.aspx?site=Beekdaelen&id=32cf1ce3-e20a-46ac-bb52-09e820cf86d0","dc_title":"Raadsbesluit inzake kredietaanvraag gemeenschapshuis Puth - vastgesteld 26-09-2023","dc_type":"bijlage","foi_fairiscoreVersions":{"v1":1,"v2":1},"foi_fileName":"Raadsbesluit%20inzake%20kredietaanvraag%20gemeenschapshuis%20Puth%20AANGEPAST.pdf","foi_nrPages":1},{"dc_format":"application/pdf","dc_identifier":"nl.gm1954.2c.2023.2835627-18.doc.1","dc_source":"https://api1.ibabs.eu/publicdownload.aspx?site=Beekdaelen&id=b362b871-77ac-41fd-8d74-9f08fafba1e8","dc_title":"Raadsvoorstel inzake kredietaanvraag gemeenschapshuis Puth","dc_type":"bijlage","foi_fairiscoreVersions":{"v1":1,"v2":1},"foi_fileName":"Raadsvoorstel%20inzake%20kredietaanvraag%20gemeenschapshuis%20Puth%20AANGEPAST.pdf","foi_nrPages":11},{"dc_format":"application/pdf","dc_identifier":"nl.gm1954.2c.2023.2835627-18.doc.3","dc_source":"https://api1.ibabs.eu/publicdownload.aspx?site=Beekdaelen&id=e3317dc0-4ccc-4819-bc91-d444858e9d12","dc_title":"Bijlage A: Voorlopig ontwerp gemeenschapshuis Puth","dc_type":"bijlage","foi_fairiscoreVersions":{"v1":2,"v2":2},"foi_fileName":"Z%2F21%2F153192%20-%20336370.pdf","foi_nrPages":16},{"dc_format":"application/pdf","dc_identifier":"nl.gm1954.2c.2023.2835627-18.doc.4","dc_source":"https://api1.ibabs.eu/publicdownload.aspx?site=Beekdaelen&id=41b92575-7bb8-45f0-b6c5-61d8c7335099","dc_title":"Bijlage B: Voorlopig ontwerp buitenruimte","dc_type":"bijlage","foi_fairiscoreVersions":{"v1":5,"v2":1},"foi_fileName":"Z%2F21%2F153192%20-%20336370.pdf","foi_nrPages":1},{"dc_format":"application/pdf","dc_identifier":"nl.gm1954.2c.2023.2835627-18.doc.5","dc_source":"https://api1.ibabs.eu/publicdownload.aspx?site=Beekdaelen&id=2f685e25-764f-4b7b-a499-dd48e4343ff3","dc_title":"Bijlage C: Budgetanalyse gemeenschapshuis Puth","dc_type":"bijlage","foi_fairiscoreVersions":{"v1":1,"v2":1},"foi_fileName":"Z%2F21%2F153192%20-%20336370.pdf","foi_nrPages":1},{"dc_format":"application/pdf","dc_identifier":"nl.gm1954.2c.2023.2835627-18.doc.6","dc_source":"https://api1.ibabs.eu/publicdownload.aspx?site=Beekdaelen&id=587c4351-95c5-4b46-8171-cdc5a84e0426","dc_title":"Begrotingswijziging t.b.v. gemeenschapshuis Puth","dc_type":"bijlage","foi_fairiscoreVersions":{"v1":1,"v2":1},"foi_fileName":"Z%2F21%2F153192%20-%20336370.pdf","foi_nrPages":1}],"foi_nrDocuments":6,"foi_nrPagesInDossier":31,"foi_publishedDate":"2023-09-26","foi_retrievedDate":"2026-02-12"},{"dc_creator":"HandelingScraper_v1","dc_date_year":2023,"dc_description":"Vergadering van de Gemeente Beekdaelen op 2023-09-26. Onderdeel: Voorstel inzake uitvoeringskrediet De Gyselaar fase 2, sloop en fase 2 Koeteleboet.","dc_identifier":"nl.gm1954.2c.2023.2835627-19","dc_publisher":"gm1954","dc_source":"https://beekdaelen.bestuurlijkeinformatie.nl/Agenda/Index/1be557d0-7788-4c8f-8eb0-89102b996d92","dc_title":"Raadsvergadering 2023-09-26 - Voorstel inzake uitvoeringskrediet De Gyselaar fase 2, sloop en fase 2 Koeteleboet","dc_type":"2c","dc_type_description":"Vergaderstuk decentrale overheid","foi_fairiscoreVersions":{"v1":2,"v2":2},"foi_files":[{"dc_format":"application/pdf","dc_identifier":"nl.gm1954.2c.2023.2835627-19.doc.2","dc_source":"https://api1.ibabs.eu/publicdownload.aspx?site=Beekdaelen&id=81522dea-774e-49cf-b369-a88e504493d0","dc_title":"Bijlage 2:  Concept Raadsbesluit fase 2 uitvoeringskrediet","dc_type":"bijlage","foi_fairiscoreVersions":{"v1":1,"v2":1},"foi_fileName":"336789_1%20Raadsbesluit%20fase%202%20uitvoeringskrediet%20def.pdf","foi_nrPages":1},{"dc_format":"application/pdf","dc_identifier":"nl.gm1954.2c.2023.2835627-19.doc.1","dc_source":"https://api1.ibabs.eu/publicdownload.aspx?site=Beekdaelen&id=bec89bf8-fe8a-406f-bf6d-c6f84f0096f1","dc_title":"Raadsvoorstel Uitvoeringskrediet De Gyselaar fase 2","dc_type":"bijlage","foi_fairiscoreVersions":{"v1":2,"v2":1},"foi_fileName":"Z%2F23%2F189014%20-%20336787.pdf","foi_nrPages":6},{"dc_format":"application/pdf","dc_identifier":"nl.gm1954.2c.2023.2835627-19.doc.3","dc_source":"https://api1.ibabs.eu/publicdownload.aspx?site=Beekdaelen&id=ad0762be-5ded-45bb-b43f-fecf39d720f5","dc_title":"Bijlage 1: begrotingswijziging","dc_type":"bijlage","foi_fairiscoreVersions":{"v1":1,"v2":1},"foi_fileName":"Z%2F23%2F189014%20-%20336787.pdf","foi_nrPages":1},{"dc_format":"application/pdf","dc_identifier":"nl.gm1954.2c.2023.2835627-19.doc.4","dc_source":"https://api1.ibabs.eu/publicdownload.aspx?site=Beekdaelen&id=efa888de-c7e4-41df-b5e3-c3954399c652","dc_title":"Bijlage 3A: Raadsbesluit Schinnen krediet","dc_type":"bijlage","foi_fairiscoreVersions":{"v1":5,"v2":5},"foi_fileName":"Z%2F23%2F189014%20-%20336787.pdf","foi_nrPages":1},{"dc_format":"application/pdf","dc_identifier":"nl.gm1954.2c.2023.2835627-19.doc.5","dc_source":"https://api1.ibabs.eu/publicdownload.aspx?site=Beekdaelen&id=d8144437-c9ac-4f0a-888e-a7959c4e4edd","dc_title":"Bijlage 3B: Raadsbesluit voorbereidingskrediet","dc_type":"bijlage","foi_fairiscoreVersions":{"v1":2,"v2":2},"foi_fileName":"Z%2F23%2F189014%20-%20336787.pdf","foi_nrPages":1},{"dc_format":"application/pdf","dc_identifier":"nl.gm1954.2c.2023.2835627-19.doc.6","dc_source":"https://api1.ibabs.eu/publicdownload.aspx?site=Beekdaelen&id=b3293453-698f-43fe-877a-c57dc3a58126","dc_title":"Bijlage 3C: Raadsbesluit uitvoeringskrediet fase 1","dc_type":"bijlage","foi_fairiscoreVersions":{"v1":1,"v2":1},"foi_fileName":"Z%2F23%2F189014%20-%20336787.pdf","foi_nrPages":1},{"dc_format":"application/pdf","dc_identifier":"nl.gm1954.2c.2023.2835627-19.doc.7","dc_source":"https://api1.ibabs.eu/publicdownload.aspx?site=Beekdaelen&id=c6e70c95-83eb-4584-990f-404f237b9d00","dc_title":"Bijlage 3D: Raadsbesluit extra krediet","dc_type":"bijlage","foi_fairiscoreVersions":{"v1":1,"v2":1},"foi_fileName":"Z%2F23%2F189014%20-%20336787.pdf","foi_nrPages":1}],"foi_nrDocuments":7,"foi_nrPagesInDossier":12,"foi_publishedDate":"2023-09-26","foi_retrievedDate":"2026-03-03"},{"dc_creator":"HandelingScraper_v1","dc_date_year":2023,"dc_description":"Vergadering van de Gemeente Beekdaelen op 2023-09-26. Onderdeel: Vaststelling van de agenda.","dc_identifier":"nl.gm1954.2c.2023.2835627-2","dc_publisher":"gm1954","dc_source":"https://beekdaelen.bestuurlijkeinformatie.nl/Agenda/Index/1be557d0-7788-4c8f-8eb0-89102b996d92","dc_title":"Raadsvergadering 2023-09-26 - Vaststelling van de agenda","dc_type":"2c","dc_type_description":"Vergaderstuk decentrale overheid","foi_fairiscoreVersions":{"v1":1,"v2":1},"foi_files":[{"dc_format":"application/pdf","dc_identifier":"nl.gm1954.2c.2023.2835627-2.doc.1","dc_source":"https://api1.ibabs.eu/publicdownload.aspx?site=Beekdaelen&id=65195a84-f393-4ef6-a5c1-13cf34f4b426","dc_title":"Vastgestelde agenda raadsvergadering 26-09-2023","dc_type":"bijlage","foi_fairiscoreVersions":{"v1":1,"v2":1},"foi_fileName":"Vastgestelde%20agenda%20raadsvergadering%2026.09.pdf","foi_nrPages":1}],"foi_nrDocuments":1,"foi_nrPagesInDossier":1,"foi_publishedDate":"2023-09-26","foi_retrievedDate":"2025-12-01"},{"dc_creator":"HandelingScraper_v1","dc_date_year":2023,"dc_description":"Vergadering van de Gemeente Beekdaelen op 2023-09-26. Onderdeel: Voorstel inzake aankoop grond Jabeek/Susterseel.","dc_identifier":"nl.gm1954.2c.2023.2835627-20","dc_publisher":"gm1954","dc_source":"https://beekdaelen.bestuurlijkeinformatie.nl/Agenda/Index/1be557d0-7788-4c8f-8eb0-89102b996d92","dc_title":"Raadsvergadering 2023-09-26 - Voorstel inzake aankoop grond Jabeek/Susterseel","dc_type":"2c","dc_type_description":"Vergaderstuk decentrale overheid","foi_fairiscoreVersions":{"v1":2,"v2":2},"foi_files":[{"dc_format":"application/pdf","dc_identifier":"nl.gm1954.2c.2023.2835627-20.doc.10","dc_source":"https://api1.ibabs.eu/publicdownload.aspx?site=Beekdaelen&id=acb7e526-f544-44ea-a196-8b83039a5c46","dc_title":"1. Zienswijze aankoop landbouwgrond GEANONIMISSEERD","dc_type":"bijlage","foi_fairiscoreVersions":{"v1":1,"v2":1},"foi_fileName":"1.pdf","foi_nrPages":2},{"dc_format":"application/pdf","dc_identifier":"nl.gm1954.2c.2023.2835627-20.doc.11","dc_source":"https://api1.ibabs.eu/publicdownload.aspx?site=Beekdaelen&id=1d9140fc-e180-47aa-a272-dfd1c197da6a","dc_title":"2. Zienswijze bewoners inzake energieopwekking Beekdaelen-Gangelt GEANONIMISEERD","dc_type":"bijlage","foi_fairiscoreVersions":{"v1":1,"v2":1},"foi_fileName":"2.pdf","foi_nrPages":1},{"dc_format":"application/pdf","dc_identifier":"nl.gm1954.2c.2023.2835627-20.doc.12","dc_source":"https://api1.ibabs.eu/publicdownload.aspx?site=Beekdaelen&id=a554c0e8-eeb9-409b-8f3b-7b09bdc47e68","dc_title":"3. Zienswijze_landbouwgrond_Jabeek GEANONIMISEERD","dc_type":"bijlage","foi_fairiscoreVersions":{"v1":1,"v2":1},"foi_fileName":"3.pdf","foi_nrPages":1},{"dc_format":"application/pdf","dc_identifier":"nl.gm1954.2c.2023.2835627-20.doc.13","dc_source":"https://api1.ibabs.eu/publicdownload.aspx?site=Beekdaelen&id=42f9a2f1-f017-4e80-8fe7-e057f7d7e08f","dc_title":"4. Zienswijze landbouwgrond Jabeek GEANONIMISEERD","dc_type":"bijlage","foi_fairiscoreVersions":{"v1":1,"v2":1},"foi_fileName":"4.pdf","foi_nrPages":1},{"dc_format":"application/pdf","dc_identifier":"nl.gm1954.2c.2023.2835627-20.doc.2","dc_source":"https://api1.ibabs.eu/publicdownload.aspx?site=Beekdaelen&id=d81eba22-9816-438c-b6fd-37e408282ac2","dc_title":"Bijlage 1: Concept raadsbesluit (aangepast n.a.v. technische voorvragen VG / omissie)","dc_type":"bijlage","foi_fairiscoreVersions":{"v1":1,"v2":1},"foi_fileName":"Aangepast%20raadsbesluit%20aankoop%20perceel%20Jabeek-Susterseel.pdf","foi_nrPages":1},{"dc_format":"application/pdf","dc_identifier":"nl.gm1954.2c.2023.2835627-20.doc.8","dc_source":"https://api1.ibabs.eu/publicdownload.aspx?site=Beekdaelen&id=983c5b07-af84-4dd2-8f5a-acba4a0ea460","dc_title":"Bijlage: In 2021 aangenomen motie \"CDA, VG, BL, GL en PvdA inzake zonneweiden\"","dc_type":"bijlage","foi_fairiscoreVersions":{"v1":1,"v2":1},"foi_fileName":"Motie%20CDA_%20VG_%20BL_%20GL%20en%20PvdA%20inzake%20zonneweiden%20AANGENOMEN.pdf","foi_nrPages":3},{"dc_format":"application/pdf","dc_identifier":"nl.gm1954.2c.2023.2835627-20.doc.9","dc_source":"https://api1.ibabs.eu/publicdownload.aspx?site=Beekdaelen&id=8bd025cd-1196-4d0d-98fc-19db6b5ae6a2","dc_title":"Bijlage Motie gezamenlijke partijen inzake RES juni 2021 UNANIEM AANGENOMEN","dc_type":"bijlage","foi_fairiscoreVersions":{"v1":1,"v2":1},"foi_fileName":"Motie%20gezamenlijke%20partijen%20inzake%20RES%20juni%202021%20UNANIEM%20AANGENOMEN.pdf","foi_nrPages":3},{"dc_format":"application/pdf","dc_identifier":"nl.gm1954.2c.2023.2835627-20.doc.4","dc_source":"https://api1.ibabs.eu/publicdownload.aspx?site=Beekdaelen&id=c101346b-30e5-4103-aa04-a0571ac2db33","dc_title":"Bijlage 3: Rapport ontwikkeling duurzame energie Jabeek-S\u00fcsterseel definitief_versie 1.0","dc_type":"bijlage","foi_fairiscoreVersions":{"v1":2,"v2":1},"foi_fileName":"Rapport_ontwikkeling%20duurzame%20energie_Jabeek-S%C3%BCsterseel_definitief_versie%201.pdf","foi_nrPages":34},{"dc_format":"application/pdf","dc_identifier":"nl.gm1954.2c.2023.2835627-20.doc.1","dc_source":"https://api1.ibabs.eu/publicdownload.aspx?site=Beekdaelen&id=0f1ae464-ebcf-4cb3-ac4f-4ee95daee015","dc_title":"Raadsvoorstel Aankoop grond Jabeek / Susterseel","dc_type":"bijlage","foi_fairiscoreVersions":{"v1":1,"v2":1},"foi_fileName":"Z%2F23%2F193199%20-%20343837%20-%20Aankoop%20grond%20Jabeek%20%2F%20Susterseel.pdf","foi_nrPages":5},{"dc_format":"application/pdf","dc_identifier":"nl.gm1954.2c.2023.2835627-20.doc.7","dc_source":"https://api1.ibabs.eu/publicdownload.aspx?site=Beekdaelen&id=6ff7cf18-4b87-4a9d-bf93-76cda078299a","dc_title":"Bijlage 6: Begrotingswijziging 7.4 aankoop grond Jabeek/Susterseel","dc_type":"bijlage","foi_fairiscoreVersions":{"v1":1,"v2":1},"foi_fileName":"Z%2F23%2F193199%20-%20345947%20-%20Bijlage%206%3A%20Begrotingswijziging%207.4%20aankoop%20grond%20Jabeek%2FSusterseel.pdf","foi_nrPages":1},{"dc_format":"application/pdf","dc_identifier":"nl.gm1954.2c.2023.2835627-20.doc.3","dc_source":"https://api1.ibabs.eu/publicdownload.aspx?site=Beekdaelen&id=f17e4b71-60f0-4441-ab0a-3961765479be","dc_title":"Bijlage 2: Inschrijfformulier inzake verkoop bij inschrijving \u2013 bieding gemeente Beekdaelen","dc_type":"bijlage","foi_fairiscoreVersions":{"v1":5,"v2":5},"foi_fileName":"Z%2F23%2F193199%20-%20345955%20-%20Bijlage%202%3A%20Inschrijfformulier%20inzake%20verkoop%20bij%20inschrijving%20%E2%80%93%20bieding%20gemeente%20Beekdaelen.pdf","foi_nrPages":4},{"dc_format":"application/pdf","dc_identifier":"nl.gm1954.2c.2023.2835627-20.doc.5","dc_source":"https://api1.ibabs.eu/publicdownload.aspx?site=Beekdaelen&id=c8cb2333-534e-4ab6-a054-1fbd3827898e","dc_title":"Bijlage 4: Koopovereenkomst Susterselerweg ong. en Etzenraderweg ong. te Jabeek.","dc_type":"bijlage","foi_fairiscoreVersions":{"v1":5,"v2":5},"foi_fileName":"Z%2F23%2F193199%20-%20346000%20-%20Bijlage%204%3A%20Kopovereenkomst%20Susterselerweg%20ong.%20en%20Etzenraderweg%20ong.%20te%20Jabeek.pdf","foi_nrPages":10},{"dc_format":"application/pdf","dc_identifier":"nl.gm1954.2c.2023.2835627-20.doc.6","dc_source":"https://api1.ibabs.eu/publicdownload.aspx?site=Beekdaelen&id=413081f9-c9d9-4b20-8a94-5fef0fad4884","dc_title":"Bijlage 5: Bijlagen koopovereenkomst Susterselerweg ong. en Etzenraderweg ong. te Jabeek","dc_type":"bijlage","foi_fairiscoreVersions":{"v1":4,"v2":5},"foi_fileName":"Z%2F23%2F193199%20-%20346009%20-%20Bijlage%205%3A%20Bijlagen%20koopovereenkomst%20Susterselerweg%20ong.%20en%20Etzenraderweg%20ong.pdf","foi_nrPages":26}],"foi_nrDocuments":13,"foi_nrPagesInDossier":92,"foi_publishedDate":"2023-09-26","foi_retrievedDate":"2026-03-06"},{"dc_creator":"HandelingScraper_v1","dc_date_year":2023,"dc_description":"Vergadering van de Gemeente Beekdaelen op 2023-09-26. Onderdeel: Motie VVD, CDA en GroenLinks inzake windmolens.","dc_identifier":"nl.gm1954.2c.2023.2835627-21","dc_publisher":"gm1954","dc_source":"https://beekdaelen.bestuurlijkeinformatie.nl/Agenda/Index/1be557d0-7788-4c8f-8eb0-89102b996d92","dc_title":"Raadsvergadering 2023-09-26 - Motie VVD, CDA en GroenLinks inzake windmolens","dc_type":"2c","dc_type_description":"Vergaderstuk decentrale overheid","foi_fairiscoreVersions":{"v1":1,"v2":1},"foi_files":[{"dc_format":"application/pdf","dc_identifier":"nl.gm1954.2c.2023.2835627-21.doc.1","dc_source":"https://api1.ibabs.eu/publicdownload.aspx?site=Beekdaelen&id=3217685e-4a1c-4d37-a860-de1fa8e7cd9a","dc_title":"Motie VVD, CDA en GroenLinks inzake windmolens AANGENOMEN","dc_type":"bijlage","foi_fairiscoreVersions":{"v1":1,"v2":1},"foi_fileName":"Motie%20VVD_%20CDA%20en%20GroenLinks%20inzake%20windmolens%20AANGENOMEN.pdf","foi_nrPages":1}],"foi_nrDocuments":1,"foi_nrPagesInDossier":1,"foi_publishedDate":"2023-09-26","foi_retrievedDate":"2025-12-01"},{"dc_creator":"HandelingScraper_v1","dc_date_year":2023,"dc_description":"Vergadering van de Gemeente Beekdaelen op 2023-09-26. Onderdeel: Vaststelling lijst ingekomen stukken.","dc_identifier":"nl.gm1954.2c.2023.2835627-22","dc_publisher":"gm1954","dc_source":"https://beekdaelen.bestuurlijkeinformatie.nl/Agenda/Index/1be557d0-7788-4c8f-8eb0-89102b996d92","dc_title":"Raadsvergadering 2023-09-26 - Vaststelling lijst ingekomen stukken","dc_type":"2c","dc_type_description":"Vergaderstuk decentrale overheid","foi_fairiscoreVersions":{"v1":1,"v2":1},"foi_files":[{"dc_format":"application/pdf","dc_identifier":"nl.gm1954.2c.2023.2835627-22.doc.1","dc_source":"https://api1.ibabs.eu/publicdownload.aspx?site=Beekdaelen&id=99ec0514-e6ea-4bce-af75-b737b6685666","dc_title":"Lijst ingekomen stukken raad 26092023 - vastgesteld 26-09-2023","dc_type":"bijlage","foi_fairiscoreVersions":{"v1":1,"v2":1},"foi_fileName":"Lijst%20ingekomen%20stukken%20raad%2026092023%20versie%2021.09.pdf","foi_nrPages":8}],"foi_nrDocuments":1,"foi_nrPagesInDossier":8,"foi_publishedDate":"2023-09-26","foi_retrievedDate":"2026-03-04"},{"dc_creator":"HandelingScraper_v1","dc_date_year":2023,"dc_description":"Vergadering van de Gemeente Beekdaelen op 2023-09-26. Onderdeel: Motie vreemd aan de orde van de dag van de gezamenlijke partijen inzake bijdrage na natuurrampen Marokko en Libi\u00eb.","dc_identifier":"nl.gm1954.2c.2023.2835627-23","dc_publisher":"gm1954","dc_source":"https://beekdaelen.bestuurlijkeinformatie.nl/Agenda/Index/1be557d0-7788-4c8f-8eb0-89102b996d92","dc_title":"Raadsvergadering 2023-09-26 - Motie vreemd aan de orde van de dag van de gezamenlijke partijen inzake bijdrage na natuurrampen Marokko en Libi\u00eb","dc_type":"2c","dc_type_description":"Vergaderstuk decentrale overheid","foi_fairiscoreVersions":{"v1":1,"v2":1},"foi_files":[{"dc_format":"application/pdf","dc_identifier":"nl.gm1954.2c.2023.2835627-23.doc.1","dc_source":"https://api1.ibabs.eu/publicdownload.aspx?site=Beekdaelen&id=c5437f64-7839-45e7-94a1-14280d4dfbc3","dc_title":"Motie gezamenlijke fracties inzake bijdrage na natuurrrampen Marokko en Libi\u00eb UNANIEM AANGENOMEN","dc_type":"bijlage","foi_fairiscoreVersions":{"v1":1,"v2":1},"foi_fileName":"Motie%20gezamenlijke%20fracties%20inzake%20bijdrage%20na%20natuurrrampen%20Marokko%20en%20Libi%C3%AB%20UNANIEM%20AANGENOMEN.pdf","foi_nrPages":1}],"foi_nrDocuments":1,"foi_nrPagesInDossier":1,"foi_publishedDate":"2023-09-26","foi_retrievedDate":"2026-02-12"},{"dc_creator":"HandelingScraper_v1","dc_date_year":2023,"dc_description":"Vergadering van de Gemeente Beekdaelen op 2023-09-26. Onderdeel: Vaststellen besluitenlijst openbare raadsvergadering d.d. 11 juli 2023.","dc_identifier":"nl.gm1954.2c.2023.2835627-3","dc_publisher":"gm1954","dc_source":"https://beekdaelen.bestuurlijkeinformatie.nl/Agenda/Index/1be557d0-7788-4c8f-8eb0-89102b996d92","dc_title":"Raadsvergadering 2023-09-26 - Vaststellen besluitenlijst openbare raadsvergadering d.d. 11 juli 2023","dc_type":"2c","dc_type_description":"Vergaderstuk decentrale overheid","foi_fairiscoreVersions":{"v1":1,"v2":1},"foi_files":[{"dc_format":"application/pdf","dc_identifier":"nl.gm1954.2c.2023.2835627-3.doc.1","dc_source":"https://api1.ibabs.eu/publicdownload.aspx?site=Beekdaelen&id=12593a37-4ba6-4980-bdbe-3410c79d2fbd","dc_title":"Besluitenlijst raadsvergadering 11072023 - vastgesteld 26-09-2023","dc_type":"bijlage","foi_fairiscoreVersions":{"v1":1,"v2":1},"foi_fileName":"Besluitenlijst%20raadsvergadering%2011072023.pdf","foi_nrPages":15}],"foi_nrDocuments":1,"foi_nrPagesInDossier":15,"foi_publishedDate":"2023-09-26","foi_retrievedDate":"2025-12-02"},{"dc_creator":"HandelingScraper_v1","dc_date_year":2023,"dc_description":"Vergadering van de Gemeente Beekdaelen op 2023-09-26. Onderdeel: Voorstel inzake tijdelijke vervanging raadslid.","dc_identifier":"nl.gm1954.2c.2023.2835627-4","dc_publisher":"gm1954","dc_source":"https://beekdaelen.bestuurlijkeinformatie.nl/Agenda/Index/1be557d0-7788-4c8f-8eb0-89102b996d92","dc_title":"Raadsvergadering 2023-09-26 - Voorstel inzake tijdelijke vervanging raadslid","dc_type":"2c","dc_type_description":"Vergaderstuk decentrale overheid","foi_fairiscoreVersions":{"v1":1,"v2":1},"foi_files":[{"dc_format":"application/pdf","dc_identifier":"nl.gm1954.2c.2023.2835627-4.doc.2","dc_source":"https://api1.ibabs.eu/publicdownload.aspx?site=Beekdaelen&id=7903975e-5419-46c9-9a6a-8ab879f8c815","dc_title":"Raadsbesluit inzake tijdelijke vervanging raadslid - vastgesteld 26-09-2023","dc_type":"bijlage","foi_fairiscoreVersions":{"v1":1,"v2":1},"foi_fileName":"Raadsbesluit%20inzake%20tijdelijke%20vervanging%20raadslid.pdf","foi_nrPages":1},{"dc_format":"application/pdf","dc_identifier":"nl.gm1954.2c.2023.2835627-4.doc.1","dc_source":"https://api1.ibabs.eu/publicdownload.aspx?site=Beekdaelen&id=efc62fd8-8716-49d6-b49b-83edacf0f1ba","dc_title":"Raadsvoorstel inzake tijdelijke vervanging raadslid","dc_type":"bijlage","foi_fairiscoreVersions":{"v1":1,"v2":1},"foi_fileName":"Raadsvoorstel%20inzake%20tijdelijke%20vervanging%20raadslid.pdf","foi_nrPages":2}],"foi_nrDocuments":2,"foi_nrPagesInDossier":3,"foi_publishedDate":"2023-09-26","foi_retrievedDate":"2026-03-04"},{"dc_creator":"HandelingScraper_v1","dc_date_year":2023,"dc_description":"Vergadering van de Gemeente Beekdaelen op 2023-09-26. Onderdeel: Voorstel inzake verordening Participatiewet IOAW en IOAZ ISD Kompas 1 juli 2023 gemeente Beekdaelen.","dc_identifier":"nl.gm1954.2c.2023.2835627-5","dc_publisher":"gm1954","dc_source":"https://beekdaelen.bestuurlijkeinformatie.nl/Agenda/Index/1be557d0-7788-4c8f-8eb0-89102b996d92","dc_title":"Raadsvergadering 2023-09-26 - Voorstel inzake verordening Participatiewet IOAW en IOAZ ISD Kompas 1 juli 2023 gemeente Beekdaelen","dc_type":"2c","dc_type_description":"Vergaderstuk decentrale overheid","foi_fairiscoreVersions":{"v1":2,"v2":2},"foi_files":[{"dc_format":"application/pdf","dc_identifier":"nl.gm1954.2c.2023.2835627-5.doc.1","dc_source":"https://api1.ibabs.eu/publicdownload.aspx?site=Beekdaelen&id=58aa9426-d9a5-40c7-be94-7930e8d71f10","dc_title":"Raadsvoorstel inzake Verordening Participatiewet IOAW en IOAZ Kompas 1 juli 2023 gemeente Beekdaelen","dc_type":"bijlage","foi_fairiscoreVersions":{"v1":1,"v2":1},"foi_fileName":"raadsvoorstel%20aangepast%2018%20aug.pdf","foi_nrPages":3},{"dc_format":"application/pdf","dc_identifier":"nl.gm1954.2c.2023.2835627-5.doc.6","dc_source":"https://api1.ibabs.eu/publicdownload.aspx?site=Beekdaelen&id=09e8ec45-4a45-4056-9e2a-4320736ceb44","dc_title":"Reactie CR op Verordening re-integratievoorzieningen ISD Kompas","dc_type":"bijlage","foi_fairiscoreVersions":{"v1":5,"v2":5},"foi_fileName":"reactie%20CR%20op%20Verordening%20re-integratievoorzieningen%20ISD%20Kompas.pdf","foi_nrPages":3},{"dc_format":"application/pdf","dc_identifier":"nl.gm1954.2c.2023.2835627-5.doc.7","dc_source":"https://api1.ibabs.eu/publicdownload.aspx?site=Beekdaelen&id=0e43ddf6-69cb-4190-8225-8c7c61061078","dc_title":"Reactie DB op advies CR reintegratieverordening","dc_type":"bijlage","foi_fairiscoreVersions":{"v1":2,"v2":2},"foi_fileName":"Reactie%20DB%20op%20advies%20CR%20reintegratieverordening.pdf","foi_nrPages":1},{"dc_format":"application/pdf","dc_identifier":"nl.gm1954.2c.2023.2835627-5.doc.3","dc_source":"https://api1.ibabs.eu/publicdownload.aspx?site=Beekdaelen&id=7af15f4c-9baf-43a2-992d-9874667370f0","dc_title":"Verordening Participatiewet IOAW en IOAZ ISD Kompas 1 juli 2023 gemeente Beekdaelen -  vastgesteld 26-09-2023","dc_type":"bijlage","foi_fairiscoreVersions":{"v1":1,"v2":1},"foi_fileName":"Verordening%20Participatiewet%201%20juli%202023%20IOAW%20en%20IOAZ%20ISD%20Kompas%20Gemeente%20Beekdaelen.pdf","foi_nrPages":9},{"dc_format":"application/pdf","dc_identifier":"nl.gm1954.2c.2023.2835627-5.doc.5","dc_source":"https://api1.ibabs.eu/publicdownload.aspx?site=Beekdaelen&id=4d6a701b-d768-4792-970c-a8515792272c","dc_title":"Advies ASD Beekdaelen","dc_type":"bijlage","foi_fairiscoreVersions":{"v1":1,"v2":1},"foi_fileName":"Voorlopig%20advies%20ASD%20Beekdaelen%20dd%2016%20augustus%202023.pdf","foi_nrPages":1},{"dc_format":"application/pdf","dc_identifier":"nl.gm1954.2c.2023.2835627-5.doc.4","dc_source":"https://api1.ibabs.eu/publicdownload.aspx?site=Beekdaelen&id=04e17639-9240-42b0-a051-b77709ac5c5a","dc_title":"Was - Wordt document","dc_type":"bijlage","foi_fairiscoreVersions":{"v1":1,"v2":1},"foi_fileName":"Was%20Wordt%20document.pdf","foi_nrPages":12},{"dc_format":"application/pdf","dc_identifier":"nl.gm1954.2c.2023.2835627-5.doc.2","dc_source":"https://api1.ibabs.eu/publicdownload.aspx?site=Beekdaelen&id=b55406d0-5963-45fa-9e84-195174751d4f","dc_title":"Raadsbesluit inzake Verordening Participatiewet IOAW en IOAZ Kompas 1 juli 2023 gemeente Beekdaelen - vastgesteld 26-09-2023","dc_type":"bijlage","foi_fairiscoreVersions":{"v1":1,"v2":1},"foi_fileName":"Z%2F23%2F192958%20-%20343472%20-%20Raadsbesluit%20Verordening%20Participatiewet%20IOAW%20en%20IOAZ%20ISD%20Kompas%201%20juli%202023%20gemeente%20Beekdaelen.pdf","foi_nrPages":1}],"foi_nrDocuments":7,"foi_nrPagesInDossier":30,"foi_publishedDate":"2023-09-26","foi_retrievedDate":"2025-11-30"},{"dc_creator":"HandelingScraper_v1","dc_date_year":2023,"dc_description":"Vergadering van de Gemeente Beekdaelen op 2023-09-26. Onderdeel: Voorstel inzake continuering inzet straatcoaches.","dc_identifier":"nl.gm1954.2c.2023.2835627-6","dc_publisher":"gm1954","dc_source":"https://beekdaelen.bestuurlijkeinformatie.nl/Agenda/Index/1be557d0-7788-4c8f-8eb0-89102b996d92","dc_title":"Raadsvergadering 2023-09-26 - Voorstel inzake continuering inzet straatcoaches","dc_type":"2c","dc_type_description":"Vergaderstuk decentrale overheid","foi_fairiscoreVersions":{"v1":2,"v2":2},"foi_files":[{"dc_format":"application/pdf","dc_identifier":"nl.gm1954.2c.2023.2835627-6.doc.1","dc_source":"https://api1.ibabs.eu/publicdownload.aspx?site=Beekdaelen&id=9c5e71c2-fb07-4cc2-8215-550aea8b457b","dc_title":"Raadsvoorstel inzake continuering inzet straatcoaches","dc_type":"bijlage","foi_fairiscoreVersions":{"v1":1,"v2":1},"foi_fileName":"Z%2F23%2F192423%20-%20342683%20-%20Continuering%20inzet%20straatcoaches.pdf","foi_nrPages":5},{"dc_format":"application/pdf","dc_identifier":"nl.gm1954.2c.2023.2835627-6.doc.3","dc_source":"https://api1.ibabs.eu/publicdownload.aspx?site=Beekdaelen&id=09fec4f4-dbf1-43fe-93dc-66ddaac33de0","dc_title":"Evaluatierapport straatcoaches","dc_type":"bijlage","foi_fairiscoreVersions":{"v1":2,"v2":2},"foi_fileName":"Z%2F23%2F192423%20-%20345240%20-%20Evaluatierapport%20straatcoaches.pdf","foi_nrPages":22},{"dc_format":"application/pdf","dc_identifier":"nl.gm1954.2c.2023.2835627-6.doc.2","dc_source":"https://api1.ibabs.eu/publicdownload.aspx?site=Beekdaelen&id=0281eb3f-f41c-4e07-84e1-0b326a7f799f","dc_title":"Raadsbesluit inzake continuering inzet straatcoaches - vastgesteld 26-09-2023","dc_type":"bijlage","foi_fairiscoreVersions":{"v1":1,"v2":1},"foi_fileName":"Z%2F23%2F192423%20-%20345243%20-%20Continuering%20inzet%20straatcoaches.pdf","foi_nrPages":1}],"foi_nrDocuments":3,"foi_nrPagesInDossier":28,"foi_publishedDate":"2023-09-26","foi_retrievedDate":"2026-02-13"},{"dc_creator":"HandelingScraper_v1","dc_date_year":2023,"dc_description":"Vergadering van de Gemeente Beekdaelen op 2023-09-26. Onderdeel: Voorstel inzake toestemming aangaan Gemeenschappelijke regeling Zorg- en Veiligheidshuis Parkstad/zienswijze begroting ZVHP 2024.","dc_identifier":"nl.gm1954.2c.2023.2835627-7","dc_publisher":"gm1954","dc_source":"https://beekdaelen.bestuurlijkeinformatie.nl/Agenda/Index/1be557d0-7788-4c8f-8eb0-89102b996d92","dc_title":"Raadsvergadering 2023-09-26 - Voorstel inzake toestemming aangaan Gemeenschappelijke regeling Zorg- en Veiligheidshuis Parkstad/zienswijze begroting ZVHP 2024","dc_type":"2c","dc_type_description":"Vergaderstuk decentrale overheid","foi_fairiscoreVersions":{"v1":2,"v2":1},"foi_files":[{"dc_format":"application/pdf","dc_identifier":"nl.gm1954.2c.2023.2835627-7.doc.1","dc_source":"https://api1.ibabs.eu/publicdownload.aspx?site=Beekdaelen&id=fb9b03d4-9481-4c5f-b384-480627afb7e9","dc_title":"Raadsvoorstel inzake toestemming aangaan Gemeenschappelijke regeling Zorg- en  Veiligheidshuis Parkstad/zienswijze begroting ZVHP 2024","dc_type":"bijlage","foi_fairiscoreVersions":{"v1":1,"v2":1},"foi_fileName":"Z%2F23%2F185034%20-%20341653%20-%20Toestemming%20aangaan%20Gemeenschappelijke%20regeling%20Zorg-%20en%20Veiligheidshuis%20Parkstad%2Fzienswijze%20begroting%20ZVHP%202024.pdf","foi_nrPages":5},{"dc_format":"application/pdf","dc_identifier":"nl.gm1954.2c.2023.2835627-7.doc.5","dc_source":"https://api1.ibabs.eu/publicdownload.aspx?site=Beekdaelen&id=5afcdd8a-5473-4aec-a6cf-738e0f343bd5","dc_title":"Bijlage: Meerjarenbegroting 2024 t/m 2027 ZVHP","dc_type":"bijlage","foi_fairiscoreVersions":{"v1":2,"v2":1},"foi_fileName":"Z%2F23%2F185034%20-%20343795%20-%20Meerjarenbegroting%202024%20t%2Fm%202027%20ZVHP.pdf","foi_nrPages":21},{"dc_format":"application/pdf","dc_identifier":"nl.gm1954.2c.2023.2835627-7.doc.4","dc_source":"https://api1.ibabs.eu/publicdownload.aspx?site=Beekdaelen&id=57df6617-362e-43c2-9f70-a9718fb8eb11","dc_title":"Bijlage: Concept gemeenteschappelijke regeling ZVHP","dc_type":"bijlage","foi_fairiscoreVersions":{"v1":2,"v2":1},"foi_fileName":"Z%2F23%2F185034%20-%20343796%20-%20Gemeenteschappelijke%20regeling%20ZVHP.pdf","foi_nrPages":15},{"dc_format":"application/pdf","dc_identifier":"nl.gm1954.2c.2023.2835627-7.doc.2","dc_source":"https://api1.ibabs.eu/publicdownload.aspx?site=Beekdaelen&id=6333808c-d587-41ac-8c4c-ba125fe1c8e9","dc_title":"Raadsbesluit inzake toestemming aangaan Gemeenschappelijke regeling Zorg- en  Veiligheidshuis Parkstad/zienswijze begroting ZVHP 2024  - vastgesteld 26-09-2023","dc_type":"bijlage","foi_fairiscoreVersions":{"v1":1,"v2":1},"foi_fileName":"Z%2F23%2F185034%20-%20343797%20-%20Toestemming%20aangaan%20Gemeenschappelijke%20regeling%20Zorg-%20en%20Veiligheidshuis%20Parkstad%2Fzienswijze%20begroting%20ZVHP%202024.pdf","foi_nrPages":1},{"dc_format":"application/pdf","dc_identifier":"nl.gm1954.2c.2023.2835627-7.doc.3","dc_source":"https://api1.ibabs.eu/publicdownload.aspx?site=Beekdaelen&id=01821f05-871a-40c0-a6b0-dc88569ce671","dc_title":"Memo inzake financi\u00eble paragraaf raadsvoorstel","dc_type":"bijlage","foi_fairiscoreVersions":{"v1":1,"v2":1},"foi_fileName":"Z%2F23%2F185034%20-%20347430%20-%20Financi%C3%ABle%20paragraaf%20raadsvoorstel.pdf","foi_nrPages":1}],"foi_nrDocuments":5,"foi_nrPagesInDossier":43,"foi_publishedDate":"2023-09-26","foi_retrievedDate":"2026-03-05"},{"dc_creator":"HandelingScraper_v1","dc_date_year":2023,"dc_description":"Vergadering van de Gemeente Beekdaelen op 2023-09-26. Onderdeel: Voorstel inzake Controleverordening 2023.","dc_identifier":"nl.gm1954.2c.2023.2835627-8","dc_publisher":"gm1954","dc_source":"https://beekdaelen.bestuurlijkeinformatie.nl/Agenda/Index/1be557d0-7788-4c8f-8eb0-89102b996d92","dc_title":"Raadsvergadering 2023-09-26 - Voorstel inzake Controleverordening 2023","dc_type":"2c","dc_type_description":"Vergaderstuk decentrale overheid","foi_fairiscoreVersions":{"v1":2,"v2":1},"foi_files":[{"dc_format":"application/pdf","dc_identifier":"nl.gm1954.2c.2023.2835627-8.doc.3","dc_source":"https://api1.ibabs.eu/publicdownload.aspx?site=Beekdaelen&id=17d24417-4f1d-4cc8-bc5a-be6f15b9d905","dc_title":"Controleverordening gemeente Beekdaelen 2023 - vastgesteld 26-09-2023","dc_type":"bijlage","foi_fairiscoreVersions":{"v1":2,"v2":1},"foi_fileName":"Z%2F23%2F192328%20-%20342464%20-%20controleverordening%20gemeente%20Beekdaelen%202023.pdf","foi_nrPages":5},{"dc_format":"application/pdf","dc_identifier":"nl.gm1954.2c.2023.2835627-8.doc.4","dc_source":"https://api1.ibabs.eu/publicdownload.aspx?site=Beekdaelen&id=928e6cfc-5b4a-42b1-b3e2-243bd5e6cf65","dc_title":"Was - wordt tabel controleverordening gemeente Beekdaelen 2023","dc_type":"bijlage","foi_fairiscoreVersions":{"v1":1,"v2":1},"foi_fileName":"Z%2F23%2F192328%20-%20342466%20-%20was%20-%20wordt%20tabel%20controleverordening%20gemeente%20Beekdaelen%202023.pdf","foi_nrPages":5},{"dc_format":"application/pdf","dc_identifier":"nl.gm1954.2c.2023.2835627-8.doc.1","dc_source":"https://api1.ibabs.eu/publicdownload.aspx?site=Beekdaelen&id=c9ec3c56-261a-4fb3-8569-76cd124e9daa","dc_title":"Raadsvoorstel inzake controleverordening 2023","dc_type":"bijlage","foi_fairiscoreVersions":{"v1":1,"v2":1},"foi_fileName":"Z%2F23%2F192328%20-%20343183%20-%20controleverordening%202023.pdf","foi_nrPages":2},{"dc_format":"application/pdf","dc_identifier":"nl.gm1954.2c.2023.2835627-8.doc.2","dc_source":"https://api1.ibabs.eu/publicdownload.aspx?site=Beekdaelen&id=9d99c356-baac-4e6b-b34b-56c9a460931a","dc_title":"Raadsbesluit inzake controleverordening 2023 - vastgesteld 26-09-2023","dc_type":"bijlage","foi_fairiscoreVersions":{"v1":1,"v2":1},"foi_fileName":"Z%2F23%2F192328%20-%20343184%20-%20controleverordening%202023.pdf","foi_nrPages":1}],"foi_nrDocuments":4,"foi_nrPagesInDossier":13,"foi_publishedDate":"2023-09-26","foi_retrievedDate":"2026-02-13"},{"dc_creator":"HandelingScraper_v1","dc_date_year":2023,"dc_description":"Vergadering van de Gemeente Beekdaelen op 2023-09-26. Onderdeel: Voorstel inzake Financi\u00eble verordening gemeente Beekdaelen 2023.","dc_identifier":"nl.gm1954.2c.2023.2835627-9","dc_publisher":"gm1954","dc_source":"https://beekdaelen.bestuurlijkeinformatie.nl/Agenda/Index/1be557d0-7788-4c8f-8eb0-89102b996d92","dc_title":"Raadsvergadering 2023-09-26 - Voorstel inzake Financi\u00eble verordening gemeente Beekdaelen 2023","dc_type":"2c","dc_type_description":"Vergaderstuk decentrale overheid","foi_fairiscoreVersions":{"v1":1,"v2":1},"foi_files":[{"dc_format":"application/pdf","dc_identifier":"nl.gm1954.2c.2023.2835627-9.doc.3","dc_source":"https://api1.ibabs.eu/publicdownload.aspx?site=Beekdaelen&id=9b4cf7c7-15b0-4444-bdd1-57649d4703c7","dc_title":"Financi\u00eble verordening 2023 -  vastgesteld 26-09-2023","dc_type":"bijlage","foi_fairiscoreVersions":{"v1":1,"v2":1},"foi_fileName":"concept%20financi%C3%ABle%20verordening.pdf","foi_nrPages":11},{"dc_format":"application/pdf","dc_identifier":"nl.gm1954.2c.2023.2835627-9.doc.4","dc_source":"https://api1.ibabs.eu/publicdownload.aspx?site=Beekdaelen&id=0127ee72-064e-4141-a655-79340f5aff03","dc_title":"Was - wordt tabel financi\u00eble verordening 2023","dc_type":"bijlage","foi_fairiscoreVersions":{"v1":1,"v2":1},"foi_fileName":"concept%20was%20-%20wordt%20tabel%20financi%C3%ABle%20verordening.pdf","foi_nrPages":10},{"dc_format":"application/pdf","dc_identifier":"nl.gm1954.2c.2023.2835627-9.doc.1","dc_source":"https://api1.ibabs.eu/publicdownload.aspx?site=Beekdaelen&id=6f50f45f-0e61-48f1-8bcf-8a5127036060","dc_title":"Raadsvoorstel inzake financi\u00eble verordening 2023","dc_type":"bijlage","foi_fairiscoreVersions":{"v1":1,"v2":1},"foi_fileName":"raadsvoorstel%20wijziging%20financi%C3%ABle%20verordening.pdf","foi_nrPages":3},{"dc_format":"application/pdf","dc_identifier":"nl.gm1954.2c.2023.2835627-9.doc.2","dc_source":"https://api1.ibabs.eu/publicdownload.aspx?site=Beekdaelen&id=f5295dd4-e01e-4b9d-9b93-ed43dbed5b97","dc_title":"Raadsbesluit inzake financi\u00eble verordening 2023 - vastgesteld 26-09-2023","dc_type":"bijlage","foi_fairiscoreVersions":{"v1":1,"v2":1},"foi_fileName":"Z%2F23%2F192401%20-%20343180%20-%20financi%C3%ABle%20verordening%202024.pdf","foi_nrPages":1}],"foi_nrDocuments":4,"foi_nrPagesInDossier":25,"foi_publishedDate":"2023-09-26","foi_retrievedDate":"2026-02-13"},{"dc_creator":"HandelingScraper_v1","dc_date_year":2023,"dc_description":"Vergadering van de Gemeente Beekdaelen op 2023-10-17. Onderdeel: Algemeen.","dc_identifier":"nl.gm1954.2c.2023.2835728-1","dc_publisher":"gm1954","dc_source":"https://beekdaelen.bestuurlijkeinformatie.nl/Agenda/Index/63a80851-83d4-43e2-b5d5-74e182ab4d8d","dc_title":"Raadscommissie Sociale Leefomgeving 2023-10-17 - Algemeen","dc_type":"2c","dc_type_description":"Vergaderstuk decentrale overheid","foi_fairiscoreVersions":{"v1":1,"v2":1},"foi_files":[{"dc_format":"application/pdf","dc_identifier":"nl.gm1954.2c.2023.2835728-1.doc.3","dc_source":"https://api1.ibabs.eu/publicdownload.aspx?site=Beekdaelen&id=27eecc8a-cc2a-4460-9544-43a9a0067df0","dc_title":"Technische vragen VG B1","dc_type":"bijlage","foi_fairiscoreVersions":{"v1":1,"v2":1},"foi_fileName":"Technische%20voorvragen%20VG%20B1.pdf","foi_nrPages":1},{"dc_format":"application/pdf","dc_identifier":"nl.gm1954.2c.2023.2835728-1.doc.2","dc_source":"https://api1.ibabs.eu/publicdownload.aspx?site=Beekdaelen&id=edd8c9fc-e758-4f3a-9791-b0e1c7b706dc","dc_title":"Technische vragen BL B1 en B2","dc_type":"bijlage","foi_fairiscoreVersions":{"v1":1,"v2":1},"foi_fileName":"Technische%20vragen%20BL%20B1%20en%20B2.pdf","foi_nrPages":1},{"dc_format":"application/pdf","dc_identifier":"nl.gm1954.2c.2023.2835728-1.doc.1","dc_source":"https://api1.ibabs.eu/publicdownload.aspx?site=Beekdaelen&id=1f99a986-f15f-440f-a625-c8001c5b39b5","dc_title":"Technische vragen BL  B2","dc_type":"bijlage","foi_fairiscoreVersions":{"v1":1,"v2":1},"foi_fileName":"Technische%20vragen%20BL%20B2.pdf","foi_nrPages":1},{"dc_format":"application/pdf","dc_identifier":"nl.gm1954.2c.2023.2835728-1.doc.6","dc_source":"https://api1.ibabs.eu/publicdownload.aspx?site=Beekdaelen&id=302949d1-26df-4176-a2ff-d8d5c8ddfb0f","dc_title":"Technische vragen Koll\u00e9e Rijkx B2","dc_type":"bijlage","foi_fairiscoreVersions":{"v1":1,"v2":1},"foi_fileName":"Technische%20vragen%20Koll%C3%A9e%20Rijkx%20B2.pdf","foi_nrPages":1},{"dc_format":"application/pdf","dc_identifier":"nl.gm1954.2c.2023.2835728-1.doc.4","dc_source":"https://api1.ibabs.eu/publicdownload.aspx?site=Beekdaelen&id=19810dec-4f19-4f93-8cad-e1602f7194bd","dc_title":"Technische vragen PvdA B2","dc_type":"bijlage","foi_fairiscoreVersions":{"v1":1,"v2":1},"foi_fileName":"Technische%20vragen%20PvdA%20B2.pdf","foi_nrPages":1},{"dc_format":"application/pdf","dc_identifier":"nl.gm1954.2c.2023.2835728-1.doc.7","dc_source":"https://api1.ibabs.eu/publicdownload.aspx?site=Beekdaelen&id=a6c94019-178a-43c2-922d-1217ba31c9bf","dc_title":"Technische vragen SLO VVD B2","dc_type":"bijlage","foi_fairiscoreVersions":{"v1":1,"v2":1},"foi_fileName":"Technische%20vragen%20SLO%20VVD%20B2.pdf","foi_nrPages":1},{"dc_format":"application/pdf","dc_identifier":"nl.gm1954.2c.2023.2835728-1.doc.5","dc_source":"https://api1.ibabs.eu/publicdownload.aspx?site=Beekdaelen&id=ad80e510-5bc6-44c8-92ed-d9d5adf690f9","dc_title":"Technische vragen VG B2","dc_type":"bijlage","foi_fairiscoreVersions":{"v1":1,"v2":1},"foi_fileName":"Technische%20vragen%20VG%20B2.pdf","foi_nrPages":1}],"foi_nrDocuments":7,"foi_nrPagesInDossier":7,"foi_publishedDate":"2023-10-17","foi_retrievedDate":"2026-01-22"},{"dc_creator":"HandelingScraper_v1","dc_date_year":2023,"dc_description":"Vergadering van de Gemeente Beekdaelen op 2023-10-17. Onderdeel: Opening, mededelingen voorzitter en vaststellen agenda..","dc_identifier":"nl.gm1954.2c.2023.2835728-2","dc_publisher":"gm1954","dc_source":"https://beekdaelen.bestuurlijkeinformatie.nl/Agenda/Index/63a80851-83d4-43e2-b5d5-74e182ab4d8d","dc_title":"Raadscommissie Sociale Leefomgeving 2023-10-17 - Opening, mededelingen voorzitter en vaststellen agenda.","dc_type":"2c","dc_type_description":"Vergaderstuk decentrale overheid","foi_fairiscoreVersions":{"v1":1,"v2":1},"foi_files":[{"dc_format":"application/octet-stream","dc_identifier":"nl.gm1954.2c.2023.2835728-2.doc.2","dc_source":"https://api1.ibabs.eu/publicdownload.aspx?site=Beekdaelen&id=6e12464c-a5dc-42bc-a1c6-8be9ac2301f6","dc_title":"A1 tm A3","dc_type":"bijlage","foi_fileName":"A1%20tm%20A3.mp3"},{"dc_format":"application/pdf","dc_identifier":"nl.gm1954.2c.2023.2835728-2.doc.1","dc_source":"https://api1.ibabs.eu/publicdownload.aspx?site=Beekdaelen&id=ed339f45-9528-4215-9d34-68bade28d283","dc_title":"Uitnodiging en concept agenda cie SLO 17102023","dc_type":"bijlage","foi_fairiscoreVersions":{"v1":1,"v2":1},"foi_fileName":"Uitnodiging%20en%20concept%20agenda%20cie%20SLO%2017102023.pdf","foi_nrPages":1}],"foi_nrDocuments":2,"foi_nrPagesInDossier":1,"foi_publishedDate":"2023-10-17","foi_retrievedDate":"2026-02-05"},{"dc_creator":"HandelingScraper_v1","dc_date_year":2023,"dc_description":"Vergadering van de Gemeente Beekdaelen op 2023-10-17. Onderdeel: Spreekrecht burgers..","dc_identifier":"nl.gm1954.2c.2023.2835728-3","dc_publisher":"gm1954","dc_source":"https://beekdaelen.bestuurlijkeinformatie.nl/Agenda/Index/63a80851-83d4-43e2-b5d5-74e182ab4d8d","dc_title":"Raadscommissie Sociale Leefomgeving 2023-10-17 - Spreekrecht burgers.","dc_type":"2c","dc_type_description":"Vergaderstuk decentrale overheid","foi_fairiscoreVersions":{"v1":null,"v2":null},"foi_files":[{"dc_format":"application/octet-stream","dc_identifier":"nl.gm1954.2c.2023.2835728-3.doc.1","dc_source":"https://api1.ibabs.eu/publicdownload.aspx?site=Beekdaelen&id=a15d71b8-19c6-4bff-86ee-97c2ad25a767","dc_title":"A1 tm A3","dc_type":"bijlage","foi_fileName":"A1%20tm%20A3.mp3"}],"foi_nrDocuments":1,"foi_nrPagesInDossier":0,"foi_publishedDate":"2023-10-17","foi_retrievedDate":"2026-03-06"},{"dc_creator":"HandelingScraper_v1","dc_date_year":2023,"dc_description":"Vergadering van de Gemeente Beekdaelen op 2023-10-17. Onderdeel: Vaststellen actiepuntenlijst van de raadscommissie Sociale Leefomgeving d.d. 12 september 2023.","dc_identifier":"nl.gm1954.2c.2023.2835728-4","dc_publisher":"gm1954","dc_source":"https://beekdaelen.bestuurlijkeinformatie.nl/Agenda/Index/63a80851-83d4-43e2-b5d5-74e182ab4d8d","dc_title":"Raadscommissie Sociale Leefomgeving 2023-10-17 - Vaststellen actiepuntenlijst van de raadscommissie Sociale Leefomgeving d.d. 12 september 2023","dc_type":"2c","dc_type_description":"Vergaderstuk decentrale overheid","foi_fairiscoreVersions":{"v1":1,"v2":1},"foi_files":[{"dc_format":"application/octet-stream","dc_identifier":"nl.gm1954.2c.2023.2835728-4.doc.2","dc_source":"https://api1.ibabs.eu/publicdownload.aspx?site=Beekdaelen&id=1156bb88-1312-4ba1-92e8-56649d0eb31f","dc_title":"A1 tm A3","dc_type":"bijlage","foi_fileName":"A1%20tm%20A3.mp3"},{"dc_format":"application/pdf","dc_identifier":"nl.gm1954.2c.2023.2835728-4.doc.1","dc_source":"https://api1.ibabs.eu/publicdownload.aspx?site=Beekdaelen&id=e1f2ae16-5d57-4c67-b1a9-10eeb7c4b78e","dc_title":"Actiepuntenlijst cie SLO 12092023","dc_type":"bijlage","foi_fairiscoreVersions":{"v1":1,"v2":1},"foi_fileName":"Actiepuntenlijst%20cie%20SLO%2012092023%20%28kopie%20uit%20Decos%29.pdf","foi_nrPages":5}],"foi_nrDocuments":2,"foi_nrPagesInDossier":5,"foi_publishedDate":"2023-10-17","foi_retrievedDate":"2026-03-02"},{"dc_creator":"HandelingScraper_v1","dc_date_year":2023,"dc_description":"Vergadering van de Gemeente Beekdaelen op 2023-10-17. Onderdeel: RIB Verkoop woningen statushouders Schinveld en Jabeek.","dc_identifier":"nl.gm1954.2c.2023.2835728-5","dc_publisher":"gm1954","dc_source":"https://beekdaelen.bestuurlijkeinformatie.nl/Agenda/Index/63a80851-83d4-43e2-b5d5-74e182ab4d8d","dc_title":"Raadscommissie Sociale Leefomgeving 2023-10-17 - RIB Verkoop woningen statushouders Schinveld en Jabeek","dc_type":"2c","dc_type_description":"Vergaderstuk decentrale overheid","foi_fairiscoreVersions":{"v1":1,"v2":1},"foi_files":[{"dc_format":"application/octet-stream","dc_identifier":"nl.gm1954.2c.2023.2835728-5.doc.10","dc_source":"https://api1.ibabs.eu/publicdownload.aspx?site=Beekdaelen&id=9956f4c7-2b49-49b9-b860-be583e2d6470","dc_title":"B1 1e termijn","dc_type":"bijlage","foi_fileName":"B1%201e%20termijn.mp3"},{"dc_format":"application/octet-stream","dc_identifier":"nl.gm1954.2c.2023.2835728-5.doc.12","dc_source":"https://api1.ibabs.eu/publicdownload.aspx?site=Beekdaelen&id=0d7d1449-9bf8-453e-b66d-007b901bf05e","dc_title":"B1 2e termijn","dc_type":"bijlage","foi_fileName":"B1%202e%20termijn.mp3"},{"dc_format":"application/octet-stream","dc_identifier":"nl.gm1954.2c.2023.2835728-5.doc.14","dc_source":"https://api1.ibabs.eu/publicdownload.aspx?site=Beekdaelen&id=de9ece8d-560f-4010-a60d-1fa472eadc76","dc_title":"B1 Advies commissie","dc_type":"bijlage","foi_fileName":"B1%20Advies%20commissie.mp3"},{"dc_format":"application/octet-stream","dc_identifier":"nl.gm1954.2c.2023.2835728-5.doc.11","dc_source":"https://api1.ibabs.eu/publicdownload.aspx?site=Beekdaelen&id=ee464b90-1ad7-4a5e-98fd-fe28ed475ae1","dc_title":"B1 Beantwoording 1e termijn","dc_type":"bijlage","foi_fileName":"B1%20Beantwoording%201e%20termijn.mp3"},{"dc_format":"application/octet-stream","dc_identifier":"nl.gm1954.2c.2023.2835728-5.doc.13","dc_source":"https://api1.ibabs.eu/publicdownload.aspx?site=Beekdaelen&id=6c0170c1-711e-41e8-ba5f-04b0a5ed6216","dc_title":"B1 Beantwoording 2e termijn","dc_type":"bijlage","foi_fileName":"B1%20Beantwoording%202e%20termijn.mp3"},{"dc_format":"application/pdf","dc_identifier":"nl.gm1954.2c.2023.2835728-5.doc.3","dc_source":"https://api1.ibabs.eu/publicdownload.aspx?site=Beekdaelen&id=388799e7-3ba0-473e-8aa9-fd041c8b9b24","dc_title":"Bijlage 2: Beoordelingsmatrix verkoop woningen statushouders (11-07-2023)","dc_type":"bijlage","foi_fairiscoreVersions":{"v1":1,"v2":1},"foi_fileName":"Beoordelingsmatrix%20verkoop%20woningen%20statushouders%20%2811-07-2023%29.pdf","foi_nrPages":2},{"dc_format":"application/pdf","dc_identifier":"nl.gm1954.2c.2023.2835728-5.doc.5","dc_source":"https://api1.ibabs.eu/publicdownload.aspx?site=Beekdaelen&id=7ac30b19-c163-4030-89cf-6a99898dfffc","dc_title":"MvA op vragen PvdA","dc_type":"bijlage","foi_fairiscoreVersions":{"v1":1,"v2":1},"foi_fileName":"MvA%20op%20vragen%20PvdA%20.pdf","foi_nrPages":2},{"dc_format":"application/pdf","dc_identifier":"nl.gm1954.2c.2023.2835728-5.doc.6","dc_source":"https://api1.ibabs.eu/publicdownload.aspx?site=Beekdaelen&id=78257982-b441-47fb-ba71-ed4542a964a9","dc_title":"MvA op vragen VG","dc_type":"bijlage","foi_fairiscoreVersions":{"v1":1,"v2":1},"foi_fileName":"MvA%20op%20vragen%20VG%20.pdf","foi_nrPages":1},{"dc_format":"application/pdf","dc_identifier":"nl.gm1954.2c.2023.2835728-5.doc.7","dc_source":"https://api1.ibabs.eu/publicdownload.aspx?site=Beekdaelen&id=24cf8e18-2a0f-4b0f-a274-d13b2e39a961","dc_title":"MvA technische vragen BL B1","dc_type":"bijlage","foi_fairiscoreVersions":{"v1":1,"v2":1},"foi_fileName":"MvA%20technische%20vragen%20BL%20B1.pdf","foi_nrPages":2},{"dc_format":"application/pdf","dc_identifier":"nl.gm1954.2c.2023.2835728-5.doc.8","dc_source":"https://api1.ibabs.eu/publicdownload.aspx?site=Beekdaelen&id=ef12d5c1-019b-48f5-9445-e1f19c8dfe5c","dc_title":"MvA technische vragen VG B1","dc_type":"bijlage","foi_fairiscoreVersions":{"v1":1,"v2":1},"foi_fileName":"MvA%20technische%20vragen%20VG%20B1.pdf","foi_nrPages":2},{"dc_format":"application/pdf","dc_identifier":"nl.gm1954.2c.2023.2835728-5.doc.9","dc_source":"https://api1.ibabs.eu/publicdownload.aspx?site=Beekdaelen&id=4f7f9d4e-db77-4fd9-bb44-72a171e77b60","dc_title":"RIB (5 oktober 2023) Verkoop woningen Schinveld en Jabeek","dc_type":"bijlage","foi_fairiscoreVersions":{"v1":1,"v2":1},"foi_fileName":"RIB%20%285%20oktober%202023%29%20Verkoop%20woningen%20Schinveld%20en%20Jabeek.pdf","foi_nrPages":1},{"dc_format":"application/pdf","dc_identifier":"nl.gm1954.2c.2023.2835728-5.doc.1","dc_source":"https://api1.ibabs.eu/publicdownload.aspx?site=Beekdaelen&id=93de3766-7c36-4e04-a2a9-54a203a0d77f","dc_title":"RIB verkoop woningen statushouders Schinveld en Jabeek","dc_type":"bijlage","foi_fairiscoreVersions":{"v1":1,"v2":1},"foi_fileName":"RIB%20verkoop%20woningen%20statushouders%20Schinveld%20en%20Jabeek.pdf","foi_nrPages":2},{"dc_format":"application/pdf","dc_identifier":"nl.gm1954.2c.2023.2835728-5.doc.2","dc_source":"https://api1.ibabs.eu/publicdownload.aspx?site=Beekdaelen&id=11225bb7-a14d-4a46-a5a0-05b681daa925","dc_title":"Bijlage 1: Selectie- en beoordelingscriteria en procedure verkoop woningen statushouders (11-07-2023)","dc_type":"bijlage","foi_fairiscoreVersions":{"v1":1,"v2":1},"foi_fileName":"Selectie-%20en%20beoordelingscriteria%20en%20procedure%20verkoop%20woningen%20statushouders%20%2811-07-2023%29.pdf","foi_nrPages":3},{"dc_format":"application/pdf","dc_identifier":"nl.gm1954.2c.2023.2835728-5.doc.4","dc_source":"https://api1.ibabs.eu/publicdownload.aspx?site=Beekdaelen&id=ff0e60b4-5723-4669-a2b2-10d8bbe7287e","dc_title":"Bijlage 3: Werkwijze (aanvullend) van uitgifte van de woningen Schinveld en Jabeek","dc_type":"bijlage","foi_fairiscoreVersions":{"v1":1,"v2":1},"foi_fileName":"Werkwijze%20%28aanvullend%29%20van%20uitgifte%20van%20de%20woningen%20Schinveld%20en%20Jabeek.pdf","foi_nrPages":1}],"foi_nrDocuments":14,"foi_nrPagesInDossier":16,"foi_publishedDate":"2023-10-17","foi_retrievedDate":"2026-03-02"},{"dc_creator":"HandelingScraper_v1","dc_date_year":2023,"dc_description":"Vergadering van de Gemeente Beekdaelen op 2023-10-17. Onderdeel: Raadsvoorstel inzake: Speelruimtebeleid Beekdaelen 2023-2033.","dc_identifier":"nl.gm1954.2c.2023.2835728-6","dc_publisher":"gm1954","dc_source":"https://beekdaelen.bestuurlijkeinformatie.nl/Agenda/Index/63a80851-83d4-43e2-b5d5-74e182ab4d8d","dc_title":"Raadscommissie Sociale Leefomgeving 2023-10-17 - Raadsvoorstel inzake: Speelruimtebeleid Beekdaelen 2023-2033","dc_type":"2c","dc_type_description":"Vergaderstuk decentrale overheid","foi_fairiscoreVersions":{"v1":null,"v2":null},"foi_files":[{"dc_format":"application/octet-stream","dc_identifier":"nl.gm1954.2c.2023.2835728-6.doc.11","dc_source":"https://api1.ibabs.eu/publicdownload.aspx?site=Beekdaelen&id=8ec5748f-6b11-4f08-a733-fa9b4730e1f9","dc_title":"B2 1e termijn","dc_type":"bijlage","foi_fileName":"B2%201e%20termijn.mp3"},{"dc_format":"application/octet-stream","dc_identifier":"nl.gm1954.2c.2023.2835728-6.doc.13","dc_source":"https://api1.ibabs.eu/publicdownload.aspx?site=Beekdaelen&id=3c8f8c10-f210-4392-893e-6355ad868c8e","dc_title":"B2 2e termijn","dc_type":"bijlage","foi_fileName":"B2%202e%20termijn.mp3"},{"dc_format":"application/octet-stream","dc_identifier":"nl.gm1954.2c.2023.2835728-6.doc.15","dc_source":"https://api1.ibabs.eu/publicdownload.aspx?site=Beekdaelen&id=183b762c-75f8-45be-b3a3-aeb2bce9f538","dc_title":"B2 Advies commissie","dc_type":"bijlage","foi_fileName":"B2%20Advies%20commissie.mp3"},{"dc_format":"application/octet-stream","dc_identifier":"nl.gm1954.2c.2023.2835728-6.doc.12","dc_source":"https://api1.ibabs.eu/publicdownload.aspx?site=Beekdaelen&id=f79c8c15-d24a-4356-81a1-ee3d696990a0","dc_title":"B2 Beantwoording 1e termijn","dc_type":"bijlage","foi_fileName":"B2%20Beantwoording%201e%20termijn.mp3"},{"dc_format":"application/octet-stream","dc_identifier":"nl.gm1954.2c.2023.2835728-6.doc.14","dc_source":"https://api1.ibabs.eu/publicdownload.aspx?site=Beekdaelen&id=7e8b2c69-b0ae-4923-ac05-a97e5338a791","dc_title":"B2 beantwoording 2e termijn","dc_type":"bijlage","foi_fileName":"B2%20beantwoording%202e%20termijn.mp3"},{"dc_format":"application/pdf","dc_identifier":"nl.gm1954.2c.2023.2835728-6.doc.10","dc_source":"https://api1.ibabs.eu/publicdownload.aspx?site=Beekdaelen&id=134211b9-1c9f-4cc1-bc87-6340b2c21717","dc_title":"MvA  technische vragen Koll\u00e9e Rijkx B2","dc_type":"bijlage","foi_fileName":"MvA%20%20technische%20vragen%20Koll%C3%A9e%20Rijkx%20B2.pdf"},{"dc_format":"application/pdf","dc_identifier":"nl.gm1954.2c.2023.2835728-6.doc.9","dc_source":"https://api1.ibabs.eu/publicdownload.aspx?site=Beekdaelen&id=97692be1-91b9-44d3-9490-32a4621247e7","dc_title":"MvA  technische vragen PvdA B2","dc_type":"bijlage","foi_fileName":"MvA%20%20technische%20vragen%20PvdA%20B2.pdf"},{"dc_format":"application/pdf","dc_identifier":"nl.gm1954.2c.2023.2835728-6.doc.8","dc_source":"https://api1.ibabs.eu/publicdownload.aspx?site=Beekdaelen&id=54ef9d85-7977-4b0f-92ad-a2dd7afc1769","dc_title":"MvA  technische vragen VVD B2","dc_type":"bijlage","foi_fileName":"MvA%20%20technische%20vragen%20VVD%20B2.pdf"},{"dc_format":"application/pdf","dc_identifier":"nl.gm1954.2c.2023.2835728-6.doc.7","dc_source":"https://api1.ibabs.eu/publicdownload.aspx?site=Beekdaelen&id=606aa982-c9ed-4229-94a5-733d3006c0c3","dc_title":"MvA technische vragen BL B2","dc_type":"bijlage","foi_fileName":"MvA%20technische%20vragen%20BL%20B2.pdf"},{"dc_format":"application/pdf","dc_identifier":"nl.gm1954.2c.2023.2835728-6.doc.6","dc_source":"https://api1.ibabs.eu/publicdownload.aspx?site=Beekdaelen&id=04c52f1e-8275-4cb5-abb8-2818888e3f5b","dc_title":"MvA technische vragen VG B2","dc_type":"bijlage","foi_fileName":"MvA%20technische%20vragen%20VG%20B2.pdf"},{"dc_format":"application/pdf","dc_identifier":"nl.gm1954.2c.2023.2835728-6.doc.16","dc_source":"https://api1.ibabs.eu/publicdownload.aspx?site=Beekdaelen&id=223ef195-13cf-460d-abd3-3c01b34e1905","dc_title":"Plan van aanpak Greenspot & Co","dc_type":"bijlage","foi_fileName":"Plan%20van%20aanpak%20Greenspot%20%26%20Co.pdf"},{"dc_format":"application/pdf","dc_identifier":"nl.gm1954.2c.2023.2835728-6.doc.3","dc_source":"https://api1.ibabs.eu/publicdownload.aspx?site=Beekdaelen&id=1c116c7c-6431-46ea-a8de-aa6093759782","dc_title":"Bijlage:  Nota Speelruimtebeleid gemeente Beekdaelen 2023-2033","dc_type":"bijlage","foi_fileName":"Speelruimtebeleid%20gemeente%20Beekdaelen%202023-2033.pdf"},{"dc_format":"application/pdf","dc_identifier":"nl.gm1954.2c.2023.2835728-6.doc.4","dc_source":"https://api1.ibabs.eu/publicdownload.aspx?site=Beekdaelen&id=77484b2f-5b90-4ab8-b112-6073179cb9e0","dc_title":"Bijlage: Publieksversie Nota speelruimtebeleid gemeente Beekdaelen 2023-2033","dc_type":"bijlage","foi_fileName":"Speelruimtebeleid%20gemeente%20Beekdaelen%202023-2033%20publieksversie.pdf"},{"dc_format":"application/pdf","dc_identifier":"nl.gm1954.2c.2023.2835728-6.doc.1","dc_source":"https://api1.ibabs.eu/publicdownload.aspx?site=Beekdaelen&id=fb98a63a-0f59-42eb-99eb-416ad2631518","dc_title":"Raadsvoorstel inzake speelruimtebeleid Beekdaelen 2023-2033","dc_type":"bijlage","foi_fileName":"Z%2F21%2F161363%20-%20343733%20-%20speelruimtebeleid%20Beekdaelen%202023-2033.pdf"},{"dc_format":"application/pdf","dc_identifier":"nl.gm1954.2c.2023.2835728-6.doc.2","dc_source":"https://api1.ibabs.eu/publicdownload.aspx?site=Beekdaelen&id=6b4cc81b-9740-47c8-a171-51325644c92f","dc_title":"Raadsbesluit inzake speelruimtebeleid Beekdaelen 2023-2033 - vastgesteld 31-10-2023","dc_type":"bijlage","foi_fileName":"Z%2F21%2F161363%20-%20343740%20-%20speelruimtebeleid%20Beekdaelen%202023-2033.pdf"},{"dc_format":"application/pdf","dc_identifier":"nl.gm1954.2c.2023.2835728-6.doc.5","dc_source":"https://api1.ibabs.eu/publicdownload.aspx?site=Beekdaelen&id=51ca95c3-866e-43a2-bf38-da79173fbe6f","dc_title":"Bijlage: Participatienota speelruimtebeleid","dc_type":"bijlage","foi_fileName":"Z%2F21%2F161363%20-%20346298%20-%20Participatienota%20Speelruimtebeleid.pdf"}],"foi_nrDocuments":16,"foi_nrPagesInDossier":0,"foi_publishedDate":"2023-10-17","foi_retrievedDate":"2025-12-01"},{"dc_creator":"HandelingScraper_v1","dc_date_year":2023,"dc_description":"Vergadering van de Gemeente Beekdaelen op 2023-10-17. Onderdeel: Rondvraag Sociale Leefomgeving.","dc_identifier":"nl.gm1954.2c.2023.2835728-7","dc_publisher":"gm1954","dc_source":"https://beekdaelen.bestuurlijkeinformatie.nl/Agenda/Index/63a80851-83d4-43e2-b5d5-74e182ab4d8d","dc_title":"Raadscommissie Sociale Leefomgeving 2023-10-17 - Rondvraag Sociale Leefomgeving","dc_type":"2c","dc_type_description":"Vergaderstuk decentrale overheid","foi_fairiscoreVersions":{"v1":null,"v2":null},"foi_files":[{"dc_format":"application/octet-stream","dc_identifier":"nl.gm1954.2c.2023.2835728-7.doc.1","dc_source":"https://api1.ibabs.eu/publicdownload.aspx?site=Beekdaelen&id=5f844d0e-ac08-409f-8aad-6fba016945b0","dc_title":"C Rondvraag I","dc_type":"bijlage","foi_fileName":"C%20Rondvraag%20I.mp3"},{"dc_format":"application/octet-stream","dc_identifier":"nl.gm1954.2c.2023.2835728-7.doc.2","dc_source":"https://api1.ibabs.eu/publicdownload.aspx?site=Beekdaelen&id=00cbb746-3e9e-4e23-a88a-990dc75c3120","dc_title":"C Rondvraag II","dc_type":"bijlage","foi_fileName":"C%20Rondvraag%20II.mp3"}],"foi_nrDocuments":2,"foi_nrPagesInDossier":0,"foi_publishedDate":"2023-10-17","foi_retrievedDate":"2026-02-05"},{"dc_creator":"HandelingScraper_v1","dc_date_year":2023,"dc_description":"Vergadering van de Gemeente Beekdaelen op 2023-10-19. Onderdeel: Algemeen.","dc_identifier":"nl.gm1954.2c.2023.2835781-1","dc_publisher":"gm1954","dc_source":"https://beekdaelen.bestuurlijkeinformatie.nl/Agenda/Index/8faa82a7-9bb0-4b54-9c5d-4c668c2b220a","dc_title":"Raadscommissie Fysieke Leefomgeving 2023-10-19 - Algemeen","dc_type":"2c","dc_type_description":"Vergaderstuk decentrale overheid","foi_fairiscoreVersions":{"v1":1,"v2":1},"foi_files":[{"dc_format":"application/pdf","dc_identifier":"nl.gm1954.2c.2023.2835781-1.doc.7","dc_source":"https://api1.ibabs.eu/publicdownload.aspx?site=Beekdaelen&id=9763a046-bf4e-4dc3-a46a-7566faf9b9eb","dc_title":"Technische voorvragen FLO fractie BL B2 B5 B6 en B7","dc_type":"bijlage","foi_fairiscoreVersions":{"v1":1,"v2":1},"foi_fileName":"Technische%20voorvragen%20FLO%20fractie%20BL.pdf","foi_nrPages":1},{"dc_format":"application/pdf","dc_identifier":"nl.gm1954.2c.2023.2835781-1.doc.6","dc_source":"https://api1.ibabs.eu/publicdownload.aspx?site=Beekdaelen&id=b1d7e892-5db8-4766-9f38-9ca7e83c24c6","dc_title":"Technische voorvragen FLO fractie GL B7","dc_type":"bijlage","foi_fairiscoreVersions":{"v1":1,"v2":1},"foi_fileName":"Technische%20voorvragen%20FLO%20fractie%20Groen%20Links%20%282%29.pdf","foi_nrPages":1},{"dc_format":"application/pdf","dc_identifier":"nl.gm1954.2c.2023.2835781-1.doc.3","dc_source":"https://api1.ibabs.eu/publicdownload.aspx?site=Beekdaelen&id=104cdc0f-3f56-4589-b545-626e6480c0f9","dc_title":"Technische voorvragen CDA B1 B2 B5 en B6","dc_type":"bijlage","foi_fairiscoreVersions":{"v1":1,"v2":1},"foi_fileName":"Technische%20voorvragen%20fractie%20CDA.pdf","foi_nrPages":6},{"dc_format":"application/pdf","dc_identifier":"nl.gm1954.2c.2023.2835781-1.doc.1","dc_source":"https://api1.ibabs.eu/publicdownload.aspx?site=Beekdaelen&id=b6d2121a-453a-4339-9b49-5ea462c932cc","dc_title":"Technische voorvragen GL B1 B2 en B6","dc_type":"bijlage","foi_fairiscoreVersions":{"v1":1,"v2":1},"foi_fileName":"Technische%20voorvragen%20fractie%20Groen%20Links.pdf","foi_nrPages":1},{"dc_format":"application/pdf","dc_identifier":"nl.gm1954.2c.2023.2835781-1.doc.5","dc_source":"https://api1.ibabs.eu/publicdownload.aspx?site=Beekdaelen&id=b0340d8a-7ab2-471c-bc19-51f30cba8589","dc_title":"Technische voorvragen Koll\u00e9e Rijkx B2 B5 B6 en B7","dc_type":"bijlage","foi_fairiscoreVersions":{"v1":1,"v2":1},"foi_fileName":"Technische%20voorvragen%20fractie%20Koll%C3%A9e%20Rijkx.pdf","foi_nrPages":1},{"dc_format":"application/pdf","dc_identifier":"nl.gm1954.2c.2023.2835781-1.doc.2","dc_source":"https://api1.ibabs.eu/publicdownload.aspx?site=Beekdaelen&id=b82003c8-a13d-4345-aef6-2b0827663713","dc_title":"Technische voorvragen PvdA B6","dc_type":"bijlage","foi_fairiscoreVersions":{"v1":1,"v2":1},"foi_fileName":"Technische%20voorvragen%20fractie%20PvdA.pdf","foi_nrPages":1},{"dc_format":"application/pdf","dc_identifier":"nl.gm1954.2c.2023.2835781-1.doc.4","dc_source":"https://api1.ibabs.eu/publicdownload.aspx?site=Beekdaelen&id=4868c33d-63aa-4f32-a185-055e8ac4809a","dc_title":"Technische voorvragen  VG B1 B2 B4 B5 en B6","dc_type":"bijlage","foi_fairiscoreVersions":{"v1":1,"v2":1},"foi_fileName":"Technische%20voorvragen%20fractie%20VG.pdf","foi_nrPages":1}],"foi_nrDocuments":7,"foi_nrPagesInDossier":12,"foi_publishedDate":"2023-10-19","foi_retrievedDate":"2026-02-12"},{"dc_creator":"HandelingScraper_v1","dc_date_year":2023,"dc_description":"Vergadering van de Gemeente Beekdaelen op 2023-10-19. Onderdeel: Raadsvoorstel inzake: vaststelling Masterplan centrum Schinveld 2.0.","dc_identifier":"nl.gm1954.2c.2023.2835781-10","dc_publisher":"gm1954","dc_source":"https://beekdaelen.bestuurlijkeinformatie.nl/Agenda/Index/8faa82a7-9bb0-4b54-9c5d-4c668c2b220a","dc_title":"Raadscommissie Fysieke Leefomgeving 2023-10-19 - Raadsvoorstel inzake: vaststelling Masterplan centrum Schinveld 2.0","dc_type":"2c","dc_type_description":"Vergaderstuk decentrale overheid","foi_fairiscoreVersions":{"v1":2,"v2":2},"foi_files":[{"dc_format":"application/octet-stream","dc_identifier":"nl.gm1954.2c.2023.2835781-10.doc.10","dc_source":"https://api1.ibabs.eu/publicdownload.aspx?site=Beekdaelen&id=5e384a56-a441-4676-b58a-aa335ce49267","dc_title":"B6 1e termijn I","dc_type":"bijlage","foi_fileName":"B6%201e%20termijn%20I.mp3"},{"dc_format":"application/octet-stream","dc_identifier":"nl.gm1954.2c.2023.2835781-10.doc.11","dc_source":"https://api1.ibabs.eu/publicdownload.aspx?site=Beekdaelen&id=3a98b748-db09-4d60-9659-d6549de8c8f7","dc_title":"B6 1e termijn II","dc_type":"bijlage","foi_fileName":"B6%201e%20termijn%20II.mp3"},{"dc_format":"application/octet-stream","dc_identifier":"nl.gm1954.2c.2023.2835781-10.doc.13","dc_source":"https://api1.ibabs.eu/publicdownload.aspx?site=Beekdaelen&id=ebe42e85-659f-4727-9637-a751e09eb706","dc_title":"B6 2e termijn","dc_type":"bijlage","foi_fileName":"B6%202e%20termijn.mp3"},{"dc_format":"application/octet-stream","dc_identifier":"nl.gm1954.2c.2023.2835781-10.doc.17","dc_source":"https://api1.ibabs.eu/publicdownload.aspx?site=Beekdaelen&id=c96ebdea-b2e3-4b54-a0bc-eae03a1543f6","dc_title":"B6 Advies commissie","dc_type":"bijlage","foi_fileName":"B6%20Advies%20commissie.mp3"},{"dc_format":"application/octet-stream","dc_identifier":"nl.gm1954.2c.2023.2835781-10.doc.12","dc_source":"https://api1.ibabs.eu/publicdownload.aspx?site=Beekdaelen&id=cf552ec0-24fc-4255-9923-3dccb84d1987","dc_title":"B6 Beantwoording 1e termijn","dc_type":"bijlage","foi_fileName":"B6%20Beantwoording%201e%20termijn.mp3"},{"dc_format":"application/octet-stream","dc_identifier":"nl.gm1954.2c.2023.2835781-10.doc.14","dc_source":"https://api1.ibabs.eu/publicdownload.aspx?site=Beekdaelen&id=dc31550d-89d9-4853-abe6-d5dd681b9aea","dc_title":"B6 Beantwoording 2e termijn I","dc_type":"bijlage","foi_fileName":"B6%20Beantwoording%202e%20termijn%20I.mp3"},{"dc_format":"application/octet-stream","dc_identifier":"nl.gm1954.2c.2023.2835781-10.doc.15","dc_source":"https://api1.ibabs.eu/publicdownload.aspx?site=Beekdaelen&id=2dd1dcd1-a4e9-4be5-bae3-50bf6d0a4e68","dc_title":"B6 Beantwoording 2e termijn II","dc_type":"bijlage","foi_fileName":"B6%20Beantwoording%202e%20termijn%20II.mp3"},{"dc_format":"application/octet-stream","dc_identifier":"nl.gm1954.2c.2023.2835781-10.doc.16","dc_source":"https://api1.ibabs.eu/publicdownload.aspx?site=Beekdaelen&id=de62c86a-bf78-4f62-9301-858f4b83d55f","dc_title":"B6 Beantwoording 2e termijn III","dc_type":"bijlage","foi_fileName":"B6%20Beantwoording%202e%20termijn%20III.mp3"},{"dc_format":"application/pdf","dc_identifier":"nl.gm1954.2c.2023.2835781-10.doc.5","dc_source":"https://api1.ibabs.eu/publicdownload.aspx?site=Beekdaelen&id=a4379c66-2540-47d3-a0ef-14dd32853869","dc_title":"MvA technische vragen BL B6","dc_type":"bijlage","foi_fairiscoreVersions":{"v1":1,"v2":1},"foi_fileName":"MvA%20technische%20vragen%20BL%20B6.pdf","foi_nrPages":1},{"dc_format":"application/pdf","dc_identifier":"nl.gm1954.2c.2023.2835781-10.doc.7","dc_source":"https://api1.ibabs.eu/publicdownload.aspx?site=Beekdaelen&id=7931ae12-b7ae-4e43-a978-3982a9736f52","dc_title":"MvA technische vragen CDA B6","dc_type":"bijlage","foi_fairiscoreVersions":{"v1":1,"v2":1},"foi_fileName":"MvA%20technische%20vragen%20CDA%20B6.pdf","foi_nrPages":3},{"dc_format":"application/pdf","dc_identifier":"nl.gm1954.2c.2023.2835781-10.doc.9","dc_source":"https://api1.ibabs.eu/publicdownload.aspx?site=Beekdaelen&id=538a3b61-53ec-4a26-8e2a-abf8313f8706","dc_title":"MvA technische vragen GL B6","dc_type":"bijlage","foi_fairiscoreVersions":{"v1":1,"v2":1},"foi_fileName":"MvA%20technische%20vragen%20GL%20B6.pdf","foi_nrPages":2},{"dc_format":"application/pdf","dc_identifier":"nl.gm1954.2c.2023.2835781-10.doc.4","dc_source":"https://api1.ibabs.eu/publicdownload.aspx?site=Beekdaelen&id=4185f573-26f4-481d-88b6-6009d433d963","dc_title":"MvA technische vragen Koll\u00e9e Rijkx B6","dc_type":"bijlage","foi_fairiscoreVersions":{"v1":1,"v2":1},"foi_fileName":"MvA%20technische%20vragen%20Koll%C3%A9e%20Rijkx%20B6.pdf","foi_nrPages":1},{"dc_format":"application/pdf","dc_identifier":"nl.gm1954.2c.2023.2835781-10.doc.8","dc_source":"https://api1.ibabs.eu/publicdownload.aspx?site=Beekdaelen&id=bf77901a-1c6c-4b65-8acf-ced5021c9d80","dc_title":"MvA technische vragen PvdA B6","dc_type":"bijlage","foi_fairiscoreVersions":{"v1":1,"v2":1},"foi_fileName":"MvA%20technische%20vragen%20PvdA%20B6.pdf","foi_nrPages":1},{"dc_format":"application/pdf","dc_identifier":"nl.gm1954.2c.2023.2835781-10.doc.6","dc_source":"https://api1.ibabs.eu/publicdownload.aspx?site=Beekdaelen&id=0d2630b0-6a64-49a6-9712-c70f50937446","dc_title":"MvA technische vragen VG B6","dc_type":"bijlage","foi_fairiscoreVersions":{"v1":1,"v2":1},"foi_fileName":"MvA%20technische%20vragen%20VG%20B6.pdf","foi_nrPages":2},{"dc_format":"application/pdf","dc_identifier":"nl.gm1954.2c.2023.2835781-10.doc.2","dc_source":"https://api1.ibabs.eu/publicdownload.aspx?site=Beekdaelen&id=dcf3d548-5d8e-4ead-a09a-d4743814f1c4","dc_title":"Bijlage 1: Masterplan 2.0 centrum Schinveld","dc_type":"bijlage","foi_fairiscoreVersions":{"v1":3,"v2":3},"foi_fileName":"Z%2F23%2F195098%20-%20347059.pdf","foi_nrPages":60},{"dc_format":"application/pdf","dc_identifier":"nl.gm1954.2c.2023.2835781-10.doc.1","dc_source":"https://api1.ibabs.eu/publicdownload.aspx?site=Beekdaelen&id=752bf2c1-528d-4010-8d2b-b91136cc5dbf","dc_title":"Raadsvoorstel inzake Vaststelling Masterplan 2.0 centrum Schinveld","dc_type":"bijlage","foi_fairiscoreVersions":{"v1":1,"v2":1},"foi_fileName":"Z%2F23%2F195098%20-%20347130%20-%20Raadsvoorstel%20inzake%20vaststelling%20Masterplan%202.pdf","foi_nrPages":6},{"dc_format":"application/pdf","dc_identifier":"nl.gm1954.2c.2023.2835781-10.doc.3","dc_source":"https://api1.ibabs.eu/publicdownload.aspx?site=Beekdaelen&id=25275fe0-847e-4709-9e2d-bf4350af7dd9","dc_title":"Raadsbesluit inzake vaststelling Masterplan 2.0 centrum Schinveld - vastgesteld 31-10-2023","dc_type":"bijlage","foi_fairiscoreVersions":{"v1":1,"v2":1},"foi_fileName":"Z%2F23%2F195098%20-%20347131%20-%20Raadsbesluit%20inzake%20Masterplan%202.pdf","foi_nrPages":1}],"foi_nrDocuments":17,"foi_nrPagesInDossier":77,"foi_publishedDate":"2023-10-19","foi_retrievedDate":"2026-03-09"},{"dc_creator":"HandelingScraper_v1","dc_date_year":2023,"dc_description":"Vergadering van de Gemeente Beekdaelen op 2023-10-19. Onderdeel: Raadsvoorstel inzake: Bestendiging voorkeursrecht  Wvg Schinveld.","dc_identifier":"nl.gm1954.2c.2023.2835781-11","dc_publisher":"gm1954","dc_source":"https://beekdaelen.bestuurlijkeinformatie.nl/Agenda/Index/8faa82a7-9bb0-4b54-9c5d-4c668c2b220a","dc_title":"Raadscommissie Fysieke Leefomgeving 2023-10-19 - Raadsvoorstel inzake: Bestendiging voorkeursrecht  Wvg Schinveld","dc_type":"2c","dc_type_description":"Vergaderstuk decentrale overheid","foi_fairiscoreVersions":{"v1":2,"v2":1},"foi_files":[{"dc_format":"application/octet-stream","dc_identifier":"nl.gm1954.2c.2023.2835781-11.doc.11","dc_source":"https://api1.ibabs.eu/publicdownload.aspx?site=Beekdaelen&id=50190d77-7849-451f-ad0f-5b0a1591e302","dc_title":"B7 totaal incl. advies commissie","dc_type":"bijlage","foi_fileName":"B7%20totaal%20incl.mp3"},{"dc_format":"application/pdf","dc_identifier":"nl.gm1954.2c.2023.2835781-11.doc.8","dc_source":"https://api1.ibabs.eu/publicdownload.aspx?site=Beekdaelen&id=4144a6ad-34e3-42f2-81a0-9434f49dd752","dc_title":"MvA technische vragen BL B7","dc_type":"bijlage","foi_fairiscoreVersions":{"v1":1,"v2":1},"foi_fileName":"MvA%20technische%20vragen%20BL%20B7.pdf","foi_nrPages":1},{"dc_format":"application/pdf","dc_identifier":"nl.gm1954.2c.2023.2835781-11.doc.9","dc_source":"https://api1.ibabs.eu/publicdownload.aspx?site=Beekdaelen&id=1da2f311-fdbd-41b6-b320-0c22c68e2a36","dc_title":"MvA technische vragen GL B7","dc_type":"bijlage","foi_fairiscoreVersions":{"v1":1,"v2":1},"foi_fileName":"MvA%20technische%20vragen%20GL%20B7.pdf","foi_nrPages":3},{"dc_format":"application/pdf","dc_identifier":"nl.gm1954.2c.2023.2835781-11.doc.10","dc_source":"https://api1.ibabs.eu/publicdownload.aspx?site=Beekdaelen&id=25c26e05-3695-40b8-ab8d-8962636fc337","dc_title":"MvA technische vragen Koll\u00e9e Rijkx B7","dc_type":"bijlage","foi_fairiscoreVersions":{"v1":1,"v2":1},"foi_fileName":"MvA%20technische%20vragen%20Koll%C3%A9e%20Rijkx%20B7.pdf","foi_nrPages":2},{"dc_format":"application/pdf","dc_identifier":"nl.gm1954.2c.2023.2835781-11.doc.1","dc_source":"https://api1.ibabs.eu/publicdownload.aspx?site=Beekdaelen&id=07dcc778-5267-45c2-8492-26e8cc829c9e","dc_title":"Raadsvoorstel mbt bestendiging Wvg Schinveld","dc_type":"bijlage","foi_fairiscoreVersions":{"v1":1,"v2":1},"foi_fileName":"Z%2F23%2F191200%20-%20342174%20-%20Bestendiging%20Wvg%20Schinveld.pdf","foi_nrPages":8},{"dc_format":"application/pdf","dc_identifier":"nl.gm1954.2c.2023.2835781-11.doc.7","dc_source":"https://api1.ibabs.eu/publicdownload.aspx?site=Beekdaelen&id=d8448f47-f1ce-4e10-8cb1-3746dcaef27f","dc_title":"Bijlage 5: Raadsbesluit inzake bestendiging Wvg Schinveld","dc_type":"bijlage","foi_fairiscoreVersions":{"v1":1,"v2":1},"foi_fileName":"Z%2F23%2F191200%20-%20342176%20-%20Raadsbesluit%20inzake%20bestendiging%20Wvg%20Schinveld.pdf","foi_nrPages":1},{"dc_format":"application/pdf","dc_identifier":"nl.gm1954.2c.2023.2835781-11.doc.5","dc_source":"https://api1.ibabs.eu/publicdownload.aspx?site=Beekdaelen&id=35279ded-4c11-4a98-aab6-65352f3f6370","dc_title":"Bijlage 4a: modelbrief kennisgeving belanghebbenden","dc_type":"bijlage","foi_fairiscoreVersions":{"v1":1,"v2":1},"foi_fileName":"Z%2F23%2F191200%20-%20343832%20-.pdf","foi_nrPages":4},{"dc_format":"application/pdf","dc_identifier":"nl.gm1954.2c.2023.2835781-11.doc.2","dc_source":"https://api1.ibabs.eu/publicdownload.aspx?site=Beekdaelen&id=9667f361-dc04-4550-820d-1f8776bc0ab2","dc_title":"Bijlage 1: Perceelslijst PL-30465799-01","dc_type":"bijlage","foi_fairiscoreVersions":{"v1":1,"v2":1},"foi_fileName":"Z%2F23%2F191200%20-%20344088%20-%20Bijlage%201%20Perceelslijst%20PL-30465799-01.pdf","foi_nrPages":8},{"dc_format":"application/pdf","dc_identifier":"nl.gm1954.2c.2023.2835781-11.doc.6","dc_source":"https://api1.ibabs.eu/publicdownload.aspx?site=Beekdaelen&id=9dcf4e0c-1d12-4d69-966a-d1e34481e8a5","dc_title":"Bijlage 4b: bijlage bij brief kennisgeving belanghebbenden","dc_type":"bijlage","foi_fairiscoreVersions":{"v1":1,"v2":1},"foi_fileName":"Z%2F23%2F191200%20-%20344090.pdf","foi_nrPages":3},{"dc_format":"application/pdf","dc_identifier":"nl.gm1954.2c.2023.2835781-11.doc.4","dc_source":"https://api1.ibabs.eu/publicdownload.aspx?site=Beekdaelen&id=b9eb7a99-252d-4415-bf5a-43a97278741e","dc_title":"Bijlage 3: Publicatie gemeenteblad d.d. 21-9","dc_type":"bijlage","foi_fairiscoreVersions":{"v1":2,"v2":1},"foi_fileName":"Z%2F23%2F191200%20-%20344093.pdf","foi_nrPages":8},{"dc_format":"application/pdf","dc_identifier":"nl.gm1954.2c.2023.2835781-11.doc.3","dc_source":"https://api1.ibabs.eu/publicdownload.aspx?site=Beekdaelen&id=d2e819c3-1b01-4176-b13f-379c5a57b579","dc_title":"Bijlage 2: Kadastrale tekening met kenmerk PL-30465799-01","dc_type":"bijlage","foi_fairiscoreVersions":{"v1":1,"v2":1},"foi_fileName":"Z%2F23%2F191200%20-%20344094.pdf","foi_nrPages":1}],"foi_nrDocuments":11,"foi_nrPagesInDossier":39,"foi_publishedDate":"2023-10-19","foi_retrievedDate":"2026-01-22"},{"dc_creator":"HandelingScraper_v1","dc_date_year":2023,"dc_description":"Vergadering van de Gemeente Beekdaelen op 2023-10-19. Onderdeel: Rondvraag Fysieke Leefomgeving.","dc_identifier":"nl.gm1954.2c.2023.2835781-12","dc_publisher":"gm1954","dc_source":"https://beekdaelen.bestuurlijkeinformatie.nl/Agenda/Index/8faa82a7-9bb0-4b54-9c5d-4c668c2b220a","dc_title":"Raadscommissie Fysieke Leefomgeving 2023-10-19 - Rondvraag Fysieke Leefomgeving","dc_type":"2c","dc_type_description":"Vergaderstuk decentrale overheid","foi_fairiscoreVersions":{"v1":1,"v2":1},"foi_files":[{"dc_format":"application/octet-stream","dc_identifier":"nl.gm1954.2c.2023.2835781-12.doc.5","dc_source":"https://api1.ibabs.eu/publicdownload.aspx?site=Beekdaelen&id=a783d49b-881c-4f0a-a2eb-0db68f3e6228","dc_title":"C Rondvraag","dc_type":"bijlage","foi_fileName":"C%20Rondvraag.mp3","foi_nrPages":1},{"dc_format":"application/pdf","dc_identifier":"nl.gm1954.2c.2023.2835781-12.doc.2","dc_source":"https://api1.ibabs.eu/publicdownload.aspx?site=Beekdaelen&id=dc57aeca-6e6e-416e-a14c-178ab51b0828","dc_title":"MvA technische vragen Koll\u00e9e Rijkx C Rondvraag","dc_type":"bijlage","foi_fairiscoreVersions":{"v1":1,"v2":1},"foi_fileName":"MvA%20technische%20vragen%20Koll%C3%A9e%20Rijkx%20C%20Rondvraag.pdf","foi_nrPages":2},{"dc_format":"application/pdf","dc_identifier":"nl.gm1954.2c.2023.2835781-12.doc.4","dc_source":"https://api1.ibabs.eu/publicdownload.aspx?site=Beekdaelen&id=bc26e0d4-6cbf-4c6e-89be-547217380675","dc_title":"MvA technische vragen VG Rondvraag","dc_type":"bijlage","foi_fairiscoreVersions":{"v1":1,"v2":1},"foi_fileName":"MvA%20technische%20vragen%20VG%20Rondvraag.pdf","foi_nrPages":3},{"dc_format":"application/pdf","dc_identifier":"nl.gm1954.2c.2023.2835781-12.doc.3","dc_source":"https://api1.ibabs.eu/publicdownload.aspx?site=Beekdaelen&id=31ed73ae-d0c4-4d86-9be8-078ce4c17b23","dc_title":"Technische voorvragen fractie VG Rondvraag","dc_type":"bijlage","foi_fairiscoreVersions":{"v1":1,"v2":1},"foi_fileName":"Technische%20voorvragen%20FLO%20fractie%20VG%20Rondvraag.pdf","foi_nrPages":1},{"dc_format":"application/pdf","dc_identifier":"nl.gm1954.2c.2023.2835781-12.doc.1","dc_source":"https://api1.ibabs.eu/publicdownload.aspx?site=Beekdaelen&id=891396f6-0df3-4198-bfaf-875658309f45","dc_title":"Technische voorvragen fractie Koll\u00e9e Rijkx Rondvraag","dc_type":"bijlage","foi_fairiscoreVersions":{"v1":1,"v2":1},"foi_fileName":"Technische%20voorvragen%20fractie%20Koll%C3%A9e%20Rijkx%20Rondvraag.pdf","foi_nrPages":1}],"foi_nrDocuments":5,"foi_nrPagesInDossier":8,"foi_publishedDate":"2023-10-19","foi_retrievedDate":"2025-12-05"},{"dc_creator":"HandelingScraper_v1","dc_date_year":2023,"dc_description":"Vergadering van de Gemeente Beekdaelen op 2023-10-19. Onderdeel: Opening, mededelingen voorzitter en vaststellen agenda..","dc_identifier":"nl.gm1954.2c.2023.2835781-2","dc_publisher":"gm1954","dc_source":"https://beekdaelen.bestuurlijkeinformatie.nl/Agenda/Index/8faa82a7-9bb0-4b54-9c5d-4c668c2b220a","dc_title":"Raadscommissie Fysieke Leefomgeving 2023-10-19 - Opening, mededelingen voorzitter en vaststellen agenda.","dc_type":"2c","dc_type_description":"Vergaderstuk decentrale overheid","foi_fairiscoreVersions":{"v1":2,"v2":1},"foi_files":[{"dc_format":"application/octet-stream","dc_identifier":"nl.gm1954.2c.2023.2835781-2.doc.2","dc_source":"https://api1.ibabs.eu/publicdownload.aspx?site=Beekdaelen&id=8f099a6c-4a53-4984-9fd4-1d8e54c0ac90","dc_title":"A1","dc_type":"bijlage","foi_fileName":"A1.mp3"},{"dc_format":"application/pdf","dc_identifier":"nl.gm1954.2c.2023.2835781-2.doc.1","dc_source":"https://api1.ibabs.eu/publicdownload.aspx?site=Beekdaelen&id=e9861eb2-2141-4896-94c3-534f1a28daa7","dc_title":"Uitnodiging en concept agenda cie FLO 19102023","dc_type":"bijlage","foi_fairiscoreVersions":{"v1":2,"v2":1},"foi_fileName":"Uitnodiging%20en%20concept%20agenda%20cie%20FLO%2019102023.pdf","foi_nrPages":2}],"foi_nrDocuments":2,"foi_nrPagesInDossier":2,"foi_publishedDate":"2023-10-19","foi_retrievedDate":"2026-03-06"},{"dc_creator":"HandelingScraper_v1","dc_date_year":2023,"dc_description":"Vergadering van de Gemeente Beekdaelen op 2023-10-19. Onderdeel: Spreekrecht burgers..","dc_identifier":"nl.gm1954.2c.2023.2835781-3","dc_publisher":"gm1954","dc_source":"https://beekdaelen.bestuurlijkeinformatie.nl/Agenda/Index/8faa82a7-9bb0-4b54-9c5d-4c668c2b220a","dc_title":"Raadscommissie Fysieke Leefomgeving 2023-10-19 - Spreekrecht burgers.","dc_type":"2c","dc_type_description":"Vergaderstuk decentrale overheid","foi_fairiscoreVersions":{"v1":null,"v2":null},"foi_files":[{"dc_format":"application/octet-stream","dc_identifier":"nl.gm1954.2c.2023.2835781-3.doc.1","dc_source":"https://api1.ibabs.eu/publicdownload.aspx?site=Beekdaelen&id=0fad9371-d228-465c-a6ba-0a6b6982a667","dc_title":"A2","dc_type":"bijlage","foi_fileName":"A2.mp3"}],"foi_nrDocuments":1,"foi_nrPagesInDossier":0,"foi_publishedDate":"2023-10-19","foi_retrievedDate":"2026-03-06"},{"dc_creator":"HandelingScraper_v1","dc_date_year":2023,"dc_description":"Vergadering van de Gemeente Beekdaelen op 2023-10-19. Onderdeel: Vaststellen actiepuntenlijst van de raadscommissie Fysieke Leefomgeving d.d. 14092023 (en uitloop 21092023).","dc_identifier":"nl.gm1954.2c.2023.2835781-4","dc_publisher":"gm1954","dc_source":"https://beekdaelen.bestuurlijkeinformatie.nl/Agenda/Index/8faa82a7-9bb0-4b54-9c5d-4c668c2b220a","dc_title":"Raadscommissie Fysieke Leefomgeving 2023-10-19 - Vaststellen actiepuntenlijst van de raadscommissie Fysieke Leefomgeving d.d. 14092023 (en uitloop 21092023)","dc_type":"2c","dc_type_description":"Vergaderstuk decentrale overheid","foi_fairiscoreVersions":{"v1":2,"v2":1},"foi_files":[{"dc_format":"application/octet-stream","dc_identifier":"nl.gm1954.2c.2023.2835781-4.doc.2","dc_source":"https://api1.ibabs.eu/publicdownload.aspx?site=Beekdaelen&id=bea427a6-ab05-4456-90da-8aef23b20b9d","dc_title":"A3","dc_type":"bijlage","foi_fileName":"A3.mp3"},{"dc_format":"application/pdf","dc_identifier":"nl.gm1954.2c.2023.2835781-4.doc.1","dc_source":"https://api1.ibabs.eu/publicdownload.aspx?site=Beekdaelen&id=8bd23089-8e5f-43b2-83db-354964cabd1b","dc_title":"Actiepuntenlijst cie FLO 14092023 en 21092023","dc_type":"bijlage","foi_fairiscoreVersions":{"v1":2,"v2":1},"foi_fileName":"Actiepuntenlijst%20cie%20FLO%2014092023%20en%2021092023%20%28kopie%20uit%20Decos%29.pdf","foi_nrPages":10}],"foi_nrDocuments":2,"foi_nrPagesInDossier":10,"foi_publishedDate":"2023-10-19","foi_retrievedDate":"2026-03-02"},{"dc_creator":"HandelingScraper_v1","dc_date_year":2023,"dc_description":"Vergadering van de Gemeente Beekdaelen op 2023-10-19. Onderdeel: Raadsvoorstel inzake: Water- en rioleringsprogramma 2024-2027, Hemelwaterverordening en Aansluitverordening riolering.","dc_identifier":"nl.gm1954.2c.2023.2835781-5","dc_publisher":"gm1954","dc_source":"https://beekdaelen.bestuurlijkeinformatie.nl/Agenda/Index/8faa82a7-9bb0-4b54-9c5d-4c668c2b220a","dc_title":"Raadscommissie Fysieke Leefomgeving 2023-10-19 - Raadsvoorstel inzake: Water- en rioleringsprogramma 2024-2027, Hemelwaterverordening en Aansluitverordening riolering","dc_type":"2c","dc_type_description":"Vergaderstuk decentrale overheid","foi_fairiscoreVersions":{"v1":2,"v2":1},"foi_files":[{"dc_format":"application/octet-stream","dc_identifier":"nl.gm1954.2c.2023.2835781-5.doc.11","dc_source":"https://api1.ibabs.eu/publicdownload.aspx?site=Beekdaelen&id=91829e3e-66ac-4281-9e38-f802f5880c9d","dc_title":"B1 1e termijn","dc_type":"bijlage","foi_fileName":"B1%201e%20termijn.mp3"},{"dc_format":"application/octet-stream","dc_identifier":"nl.gm1954.2c.2023.2835781-5.doc.13","dc_source":"https://api1.ibabs.eu/publicdownload.aspx?site=Beekdaelen&id=89679e3b-7206-4217-b508-5b941f03c49d","dc_title":"B1 2e termijn","dc_type":"bijlage","foi_fileName":"B1%202e%20termijn.mp3"},{"dc_format":"application/octet-stream","dc_identifier":"nl.gm1954.2c.2023.2835781-5.doc.15","dc_source":"https://api1.ibabs.eu/publicdownload.aspx?site=Beekdaelen&id=907e6fcb-0156-4985-b1c4-97c87496471c","dc_title":"B1 Advies commissie","dc_type":"bijlage","foi_fileName":"B1%20Advies%20commissie.mp3"},{"dc_format":"application/octet-stream","dc_identifier":"nl.gm1954.2c.2023.2835781-5.doc.12","dc_source":"https://api1.ibabs.eu/publicdownload.aspx?site=Beekdaelen&id=d65a8fb5-8c62-4973-9475-f62b2a9bedb5","dc_title":"B1 Beantwoording 1e termijn","dc_type":"bijlage","foi_fileName":"B1%20Beantwoording%201e%20termijn.mp3"},{"dc_format":"application/octet-stream","dc_identifier":"nl.gm1954.2c.2023.2835781-5.doc.14","dc_source":"https://api1.ibabs.eu/publicdownload.aspx?site=Beekdaelen&id=52a160e7-f235-483a-b056-c2901d6241dc","dc_title":"B1 Beantwoording 2e termijn","dc_type":"bijlage","foi_fileName":"B1%20Beantwoording%202e%20termijn.mp3"},{"dc_format":"application/pdf","dc_identifier":"nl.gm1954.2c.2023.2835781-5.doc.8","dc_source":"https://api1.ibabs.eu/publicdownload.aspx?site=Beekdaelen&id=413ab922-a59d-413a-9d81-8f07ea4c5806","dc_title":"MvA technische vragen CDA B1","dc_type":"bijlage","foi_fairiscoreVersions":{"v1":1,"v2":1},"foi_fileName":"MvA%20technische%20vragen%20CDA%20B1.pdf","foi_nrPages":13},{"dc_format":"application/pdf","dc_identifier":"nl.gm1954.2c.2023.2835781-5.doc.9","dc_source":"https://api1.ibabs.eu/publicdownload.aspx?site=Beekdaelen&id=196b5036-b439-43aa-b8d0-20f8ebf745ca","dc_title":"MvA technische vragen GL B1","dc_type":"bijlage","foi_fairiscoreVersions":{"v1":1,"v2":1},"foi_fileName":"MvA%20technische%20vragen%20GL%20B1.pdf","foi_nrPages":2},{"dc_format":"application/pdf","dc_identifier":"nl.gm1954.2c.2023.2835781-5.doc.10","dc_source":"https://api1.ibabs.eu/publicdownload.aspx?site=Beekdaelen&id=e1ef56a8-d39f-4fc7-b842-b73ad8dfd306","dc_title":"MvA technische vragen VG B1","dc_type":"bijlage","foi_fairiscoreVersions":{"v1":1,"v2":1},"foi_fileName":"MvA%20technische%20vragen%20VG%20B1.pdf","foi_nrPages":2},{"dc_format":"application/pdf","dc_identifier":"nl.gm1954.2c.2023.2835781-5.doc.1","dc_source":"https://api1.ibabs.eu/publicdownload.aspx?site=Beekdaelen&id=8ec4a8de-6164-4b23-b47b-408d02eed187","dc_title":"raadsvoorstel Water- en rioleringsprogramma 2024-2027","dc_type":"bijlage","foi_fairiscoreVersions":{"v1":1,"v2":1},"foi_fileName":"Z%2F23%2F185502%20-%20344798%20-%20Water-%20en%20rioleringsprogramma%202024-2027.pdf","foi_nrPages":8},{"dc_format":"application/pdf","dc_identifier":"nl.gm1954.2c.2023.2835781-5.doc.2","dc_source":"https://api1.ibabs.eu/publicdownload.aspx?site=Beekdaelen&id=014f3d97-9945-4bba-9ba7-36473f8d4585","dc_title":"Bijlage 1: concept raadsbesluit","dc_type":"bijlage","foi_fairiscoreVersions":{"v1":1,"v2":1},"foi_fileName":"Z%2F23%2F185502%20-%20345329%20-%20Water-%20en%20rioleringsprogramma%20gemeente%20Beekdaelen%202024-2027.pdf","foi_nrPages":1},{"dc_format":"application/pdf","dc_identifier":"nl.gm1954.2c.2023.2835781-5.doc.3","dc_source":"https://api1.ibabs.eu/publicdownload.aspx?site=Beekdaelen&id=74ba63cd-7366-44c2-980c-85108b4132d6","dc_title":"Bijlage 2: Water- en rioleringsprogramma 2024-2027","dc_type":"bijlage","foi_fairiscoreVersions":{"v1":2,"v2":1},"foi_fileName":"Z%2F23%2F185502%20-%20346665%20-.pdf","foi_nrPages":75},{"dc_format":"application/pdf","dc_identifier":"nl.gm1954.2c.2023.2835781-5.doc.4","dc_source":"https://api1.ibabs.eu/publicdownload.aspx?site=Beekdaelen&id=6349b2fb-7602-49dd-a29e-b7c14f6dd87c","dc_title":"Bijlage 3: hemelwaterverordening","dc_type":"bijlage","foi_fairiscoreVersions":{"v1":1,"v2":1},"foi_fileName":"Z%2F23%2F185502%20-%20346666%20-.pdf","foi_nrPages":5},{"dc_format":"application/pdf","dc_identifier":"nl.gm1954.2c.2023.2835781-5.doc.5","dc_source":"https://api1.ibabs.eu/publicdownload.aspx?site=Beekdaelen&id=4f5edc8e-7dc7-4fc4-992c-399cedb9ef7d","dc_title":"Bijlage 4: aansluitverordening riolering","dc_type":"bijlage","foi_fairiscoreVersions":{"v1":1,"v2":1},"foi_fileName":"Z%2F23%2F185502%20-%20346667%20-.pdf","foi_nrPages":6},{"dc_format":"application/pdf","dc_identifier":"nl.gm1954.2c.2023.2835781-5.doc.7","dc_source":"https://api1.ibabs.eu/publicdownload.aspx?site=Beekdaelen&id=770e5f42-dcb2-4079-a0dc-8a9e724eb5d9","dc_title":"Bijlage 5 A: aansluitverordening  - aanvraagformulier","dc_type":"bijlage","foi_fairiscoreVersions":{"v1":1,"v2":1},"foi_fileName":"Z%2F23%2F185502%20-%20346668%20-.pdf","foi_nrPages":4},{"dc_format":"application/pdf","dc_identifier":"nl.gm1954.2c.2023.2835781-5.doc.6","dc_source":"https://api1.ibabs.eu/publicdownload.aspx?site=Beekdaelen&id=18be81a6-1b14-4a46-b561-cd3ba8179bd1","dc_title":"Bijlage 5: tarieventabel huisaansluiting riolering (vaststellen in legesverordening)","dc_type":"bijlage","foi_fairiscoreVersions":{"v1":1,"v2":1},"foi_fileName":"Z%2F23%2F185502%20-%20346669%20-.pdf","foi_nrPages":2}],"foi_nrDocuments":15,"foi_nrPagesInDossier":118,"foi_publishedDate":"2023-10-19","foi_retrievedDate":"2026-03-02"},{"dc_creator":"HandelingScraper_v1","dc_date_year":2023,"dc_description":"Vergadering van de Gemeente Beekdaelen op 2023-10-19. Onderdeel: Raadsvoorstel inzake: Erfgoedvisie Beekdaelen.","dc_identifier":"nl.gm1954.2c.2023.2835781-6","dc_publisher":"gm1954","dc_source":"https://beekdaelen.bestuurlijkeinformatie.nl/Agenda/Index/8faa82a7-9bb0-4b54-9c5d-4c668c2b220a","dc_title":"Raadscommissie Fysieke Leefomgeving 2023-10-19 - Raadsvoorstel inzake: Erfgoedvisie Beekdaelen","dc_type":"2c","dc_type_description":"Vergaderstuk decentrale overheid","foi_fairiscoreVersions":{"v1":null,"v2":null},"foi_files":[{"dc_format":"application/pdf","dc_identifier":"nl.gm1954.2c.2023.2835781-6.doc.2","dc_source":"https://api1.ibabs.eu/publicdownload.aspx?site=Beekdaelen&id=4298e2c1-3c20-403b-8acd-285f68ca5055","dc_title":"Bijlage 1: Amendement D66 film en visie herbestemming erfgoed","dc_type":"bijlage","foi_fileName":"20191105%20Amendement%20D66%20film%20en%20visie%20herbestemming%20erfgoed.pdf"},{"dc_format":"application/octet-stream","dc_identifier":"nl.gm1954.2c.2023.2835781-6.doc.13","dc_source":"https://api1.ibabs.eu/publicdownload.aspx?site=Beekdaelen&id=1bee0d75-93a8-48a2-bf4b-e671cf5c3ae8","dc_title":"B2 1e termijn","dc_type":"bijlage","foi_fileName":"B2%201e%20termijn.mp3"},{"dc_format":"application/octet-stream","dc_identifier":"nl.gm1954.2c.2023.2835781-6.doc.15","dc_source":"https://api1.ibabs.eu/publicdownload.aspx?site=Beekdaelen&id=3ad44def-1553-4cc3-8679-d25b54c3f6c7","dc_title":"B2 2e termijn","dc_type":"bijlage","foi_fileName":"B2%202e%20termijn.mp3"},{"dc_format":"application/octet-stream","dc_identifier":"nl.gm1954.2c.2023.2835781-6.doc.17","dc_source":"https://api1.ibabs.eu/publicdownload.aspx?site=Beekdaelen&id=b1376002-c0f2-4086-a31a-d6b1839a3225","dc_title":"B2 Advies commissie","dc_type":"bijlage","foi_fileName":"B2%20Advies%20commissie.mp3"},{"dc_format":"application/octet-stream","dc_identifier":"nl.gm1954.2c.2023.2835781-6.doc.14","dc_source":"https://api1.ibabs.eu/publicdownload.aspx?site=Beekdaelen&id=a39f3400-8a97-4d0c-b37c-2880c8df4b15","dc_title":"B2 Beantwoording 1e termijn","dc_type":"bijlage","foi_fileName":"B2%20Beantwoording%201e%20termijn.mp3"},{"dc_format":"application/octet-stream","dc_identifier":"nl.gm1954.2c.2023.2835781-6.doc.16","dc_source":"https://api1.ibabs.eu/publicdownload.aspx?site=Beekdaelen&id=332182bc-3963-4634-8a82-1a98eecf9af7","dc_title":"B2 Beantwoording 2e termijn","dc_type":"bijlage","foi_fileName":"B2%20Beantwoording%202e%20termijn.mp3"},{"dc_format":"application/pdf","dc_identifier":"nl.gm1954.2c.2023.2835781-6.doc.5","dc_source":"https://api1.ibabs.eu/publicdownload.aspx?site=Beekdaelen&id=e48fa0b9-cdb4-41de-8da3-148b7b7452ef","dc_title":"Raadsbesluit inzake Erfgoedvisie Beekdaelen - vastgesteld 31-10-2023","dc_type":"bijlage","foi_fileName":"concept%20raadsbesluit%20Erfgoedvisie%20Beekdaelen.pdf"},{"dc_format":"application/pdf","dc_identifier":"nl.gm1954.2c.2023.2835781-6.doc.4","dc_source":"https://api1.ibabs.eu/publicdownload.aspx?site=Beekdaelen&id=592ed108-ce03-4333-9131-2d394be09494","dc_title":"bijlage 2a: Erfgoedvisie Erfgoed Ensembles Zuid Limburg - gevouwen flyer","dc_type":"bijlage","foi_fileName":"DEF%20Erfgoed%20Ensembles%20Zuid%20Limburg%20-%20gevouwen%20flyer.pdf"},{"dc_format":"application/pdf","dc_identifier":"nl.gm1954.2c.2023.2835781-6.doc.3","dc_source":"https://api1.ibabs.eu/publicdownload.aspx?site=Beekdaelen&id=98f8646c-bd5f-449a-bafb-2a4018ee9b79","dc_title":"Bijlage 2: Erfgoedvisie Beekdaelen door Gelders Genootschap","dc_type":"bijlage","foi_fileName":"Def%20Erfgoedvisie%20Beekdaelen_def.pdf"},{"dc_format":"application/pdf","dc_identifier":"nl.gm1954.2c.2023.2835781-6.doc.18","dc_source":"https://api1.ibabs.eu/publicdownload.aspx?site=Beekdaelen&id=511d5027-b456-4f18-b9b2-89c768416cec","dc_title":"MvA erfgoedvisie i.r.t. Legesverordening B2","dc_type":"bijlage","foi_fileName":"MvA%20erfgoedvisie%20i.r.t.pdf"},{"dc_format":"application/pdf","dc_identifier":"nl.gm1954.2c.2023.2835781-6.doc.11","dc_source":"https://api1.ibabs.eu/publicdownload.aspx?site=Beekdaelen&id=418fe633-7e2b-4c80-bd4c-46f9f667213a","dc_title":"MvA technische vragen BL B2","dc_type":"bijlage","foi_fileName":"MvA%20technische%20vragen%20BL%20B2.pdf"},{"dc_format":"application/pdf","dc_identifier":"nl.gm1954.2c.2023.2835781-6.doc.8","dc_source":"https://api1.ibabs.eu/publicdownload.aspx?site=Beekdaelen&id=ddfe28f8-5fa6-4c71-8883-989d80604f22","dc_title":"MvA technische vragen CDA B2","dc_type":"bijlage","foi_fileName":"MvA%20technische%20vragen%20CDA%20B2.pdf"},{"dc_format":"application/pdf","dc_identifier":"nl.gm1954.2c.2023.2835781-6.doc.12","dc_source":"https://api1.ibabs.eu/publicdownload.aspx?site=Beekdaelen&id=6ace88c4-e08d-4a0c-9e67-fb8e879cd082","dc_title":"MvA technische vragen CDA B2 (nagekomen)","dc_type":"bijlage","foi_fileName":"MvA%20technische%20vragen%20CDA%20B2%20%28nagekomen%29.pdf"},{"dc_format":"application/pdf","dc_identifier":"nl.gm1954.2c.2023.2835781-6.doc.7","dc_source":"https://api1.ibabs.eu/publicdownload.aspx?site=Beekdaelen&id=ffefad46-f02e-44c1-b3e9-a34276132060","dc_title":"MvA technische vragen GL B2","dc_type":"bijlage","foi_fileName":"MvA%20technische%20vragen%20GL%20B2.pdf"},{"dc_format":"application/pdf","dc_identifier":"nl.gm1954.2c.2023.2835781-6.doc.9","dc_source":"https://api1.ibabs.eu/publicdownload.aspx?site=Beekdaelen&id=5b24325e-f52e-44db-ba01-5e0593a2e5fa","dc_title":"MvA technische vragen Koll\u00e9e Rijkx B2","dc_type":"bijlage","foi_fileName":"MvA%20technische%20vragen%20Koll%C3%A9e%20Rijkx%20B2.pdf"},{"dc_format":"application/pdf","dc_identifier":"nl.gm1954.2c.2023.2835781-6.doc.10","dc_source":"https://api1.ibabs.eu/publicdownload.aspx?site=Beekdaelen&id=dd1486bb-8aaf-40b5-9891-f2f4e9e3b659","dc_title":"MvA technische vragen VG B2","dc_type":"bijlage","foi_fileName":"MvA%20technische%20vragen%20VG%20B2.pdf"},{"dc_format":"application/pdf","dc_identifier":"nl.gm1954.2c.2023.2835781-6.doc.6","dc_source":"https://api1.ibabs.eu/publicdownload.aspx?site=Beekdaelen&id=efefb564-1e1d-4e97-8c56-14769b29a67f","dc_title":"Presentatie Erfgoedvisie commissie FLO oktober 2023","dc_type":"bijlage","foi_fileName":"Presentatie%20Erfgoedvisie%20commissie%20FLO%20oktober%202023.pdf"},{"dc_format":"application/pdf","dc_identifier":"nl.gm1954.2c.2023.2835781-6.doc.1","dc_source":"https://api1.ibabs.eu/publicdownload.aspx?site=Beekdaelen&id=844abd25-0747-4785-8aca-e0a53681e6f0","dc_title":"Raadsvoorstel inzake Erfgoedvisie Beekdaelen","dc_type":"bijlage","foi_fileName":"Z%2F20%2F149424%20-%20346258%20-%20Erfgoedvisie%20Beekdaelen.pdf"}],"foi_nrDocuments":18,"foi_nrPagesInDossier":0,"foi_publishedDate":"2023-10-19","foi_retrievedDate":"2025-11-30"},{"dc_creator":"HandelingScraper_v1","dc_date_year":2023,"dc_description":"Vergadering van de Gemeente Beekdaelen op 2023-10-19. Onderdeel: Raadsvoorstel inzake: Actualisatie Archeologische verwachtings- en beleidskaart Beekdaelen.","dc_identifier":"nl.gm1954.2c.2023.2835781-7","dc_publisher":"gm1954","dc_source":"https://beekdaelen.bestuurlijkeinformatie.nl/Agenda/Index/8faa82a7-9bb0-4b54-9c5d-4c668c2b220a","dc_title":"Raadscommissie Fysieke Leefomgeving 2023-10-19 - Raadsvoorstel inzake: Actualisatie Archeologische verwachtings- en beleidskaart Beekdaelen","dc_type":"2c","dc_type_description":"Vergaderstuk decentrale overheid","foi_fairiscoreVersions":{"v1":null,"v2":null},"foi_files":[{"dc_format":"application/octet-stream","dc_identifier":"nl.gm1954.2c.2023.2835781-7.doc.5","dc_source":"https://api1.ibabs.eu/publicdownload.aspx?site=Beekdaelen&id=0abeccfd-3bb0-42d2-82ae-56ecbf3d13fd","dc_title":"B3 totaal incl. advies commissie","dc_type":"bijlage","foi_fileName":"B3%20totaal%20incl.mp3"},{"dc_format":"application/pdf","dc_identifier":"nl.gm1954.2c.2023.2835781-7.doc.4","dc_source":"https://api1.ibabs.eu/publicdownload.aspx?site=Beekdaelen&id=2e17390d-cb4b-4e57-85c9-89ccc1d6221f","dc_title":"Presentatie Archeologische verwachtings- en beleidskaart Beekdaelen","dc_type":"bijlage","foi_fileName":"Presentatie%20Archeologische%20verwachtings-%20en%20beleidskaart%20Beekdaelen.pdf"},{"dc_format":"application/pdf","dc_identifier":"nl.gm1954.2c.2023.2835781-7.doc.3","dc_source":"https://api1.ibabs.eu/publicdownload.aspx?site=Beekdaelen&id=fc34b228-e136-4433-9112-54374f7a2a2d","dc_title":"Bijlage: RAAP-rapport 6031 d.d. 05-06-2023","dc_type":"bijlage","foi_fileName":"Z%2F22%2F176988%20-%20346221%20%20RAAP-rapport%206031%20dd.pdf"},{"dc_format":"application/pdf","dc_identifier":"nl.gm1954.2c.2023.2835781-7.doc.1","dc_source":"https://api1.ibabs.eu/publicdownload.aspx?site=Beekdaelen&id=a1505b54-2807-4fc2-bae7-15ae6513edea","dc_title":"Raadsvoorstel \"archeologische verwachtings- en beleidskaart Beekdaelen 2023\"","dc_type":"bijlage","foi_fileName":"Z%2F22%2F176988%20-%20346239%20-%20archeologische%20verwachtingskaart%20Beekdaelen%202023.pdf"},{"dc_format":"application/pdf","dc_identifier":"nl.gm1954.2c.2023.2835781-7.doc.2","dc_source":"https://api1.ibabs.eu/publicdownload.aspx?site=Beekdaelen&id=a3227e20-5230-42b7-a1cb-93f157065314","dc_title":"Raadsbesluit archeologische verwachtings- en beleidskaart Beekdaelen - vastgesteld 31-10-2023","dc_type":"bijlage","foi_fileName":"Z%2F22%2F176988%20-%20346241%20-%20archeologische%20verwachtings-%20en%20beleidskaart%20Beekdaelen.pdf"}],"foi_nrDocuments":5,"foi_nrPagesInDossier":0,"foi_publishedDate":"2023-10-19","foi_retrievedDate":"2025-11-30"},{"dc_creator":"HandelingScraper_v1","dc_date_year":2023,"dc_description":"Vergadering van de Gemeente Beekdaelen op 2023-10-19. Onderdeel: Raadsvoorstel inzake: Omgevingsvergunning Terstraten 1 Nuth.","dc_identifier":"nl.gm1954.2c.2023.2835781-8","dc_publisher":"gm1954","dc_source":"https://beekdaelen.bestuurlijkeinformatie.nl/Agenda/Index/8faa82a7-9bb0-4b54-9c5d-4c668c2b220a","dc_title":"Raadscommissie Fysieke Leefomgeving 2023-10-19 - Raadsvoorstel inzake: Omgevingsvergunning Terstraten 1 Nuth","dc_type":"2c","dc_type_description":"Vergaderstuk decentrale overheid","foi_fairiscoreVersions":{"v1":2,"v2":2},"foi_files":[{"dc_format":"application/octet-stream","dc_identifier":"nl.gm1954.2c.2023.2835781-8.doc.14","dc_source":"https://api1.ibabs.eu/publicdownload.aspx?site=Beekdaelen&id=a965caf1-dea4-4fe2-b1fb-190b84fb2bdc","dc_title":"B4 1e termijn","dc_type":"bijlage","foi_fileName":"B4%201e%20termijn.mp3"},{"dc_format":"application/octet-stream","dc_identifier":"nl.gm1954.2c.2023.2835781-8.doc.17","dc_source":"https://api1.ibabs.eu/publicdownload.aspx?site=Beekdaelen&id=7224c65f-dd0f-4284-80fe-cf1efd984734","dc_title":"B4 2e termijn incl. beantwoording I","dc_type":"bijlage","foi_fileName":"B4%202e%20termijn%20incl.mp3"},{"dc_format":"application/octet-stream","dc_identifier":"nl.gm1954.2c.2023.2835781-8.doc.19","dc_source":"https://api1.ibabs.eu/publicdownload.aspx?site=Beekdaelen&id=a9866c57-5702-466f-8d62-57d4e92d4096","dc_title":"B4 Advies commissie","dc_type":"bijlage","foi_fileName":"B4%20Advies%20commissie.mp3"},{"dc_format":"application/octet-stream","dc_identifier":"nl.gm1954.2c.2023.2835781-8.doc.15","dc_source":"https://api1.ibabs.eu/publicdownload.aspx?site=Beekdaelen&id=c4f4268d-be65-4197-b22a-957399d75bbe","dc_title":"B4 Beantwoording 1e termijn I","dc_type":"bijlage","foi_fileName":"B4%20Beantwoording%201e%20termijn%20I.mp3"},{"dc_format":"application/octet-stream","dc_identifier":"nl.gm1954.2c.2023.2835781-8.doc.16","dc_source":"https://api1.ibabs.eu/publicdownload.aspx?site=Beekdaelen&id=4bbba278-d980-4d5b-a22f-34f2d9055bfb","dc_title":"B4 Beantwoording 1e termijn II","dc_type":"bijlage","foi_fileName":"B4%20Beantwoording%201e%20termijn%20II.mp3"},{"dc_format":"application/octet-stream","dc_identifier":"nl.gm1954.2c.2023.2835781-8.doc.18","dc_source":"https://api1.ibabs.eu/publicdownload.aspx?site=Beekdaelen&id=37a88fce-b1fb-4441-aa06-ca4049e96731","dc_title":"B4 Beantwoording 2e termijn II","dc_type":"bijlage","foi_fileName":"B4%20Beantwoording%202e%20termijn.mp3"},{"dc_format":"application/pdf","dc_identifier":"nl.gm1954.2c.2023.2835781-8.doc.1","dc_source":"https://api1.ibabs.eu/publicdownload.aspx?site=Beekdaelen&id=04f8a349-8b5b-4f85-9ff0-7892ef94286c","dc_title":"Raadsvoorstel inzake omgevingsvergunning Terstraten 1 Nuth","dc_type":"bijlage","foi_fairiscoreVersions":{"v1":1,"v2":1},"foi_fileName":"Bijlage%201%20-%20Raadsvoorstel%20omgevingsvergunning%20Terstraten%201%20Nuth.pdf","foi_nrPages":4},{"dc_format":"application/pdf","dc_identifier":"nl.gm1954.2c.2023.2835781-8.doc.10","dc_source":"https://api1.ibabs.eu/publicdownload.aspx?site=Beekdaelen&id=558ce0c6-e8ef-4a12-bc27-3432fc584aca","dc_title":"Bijlage: Zienswijze - IVN Beekdaelen-Nuth","dc_type":"bijlage","foi_fairiscoreVersions":{"v1":2,"v2":2},"foi_fileName":"Bijlage%2010a%20-%20Zienswijze%20-%20IVN%20Beekdaelen-Nuth.pdf","foi_nrPages":11},{"dc_format":"application/pdf","dc_identifier":"nl.gm1954.2c.2023.2835781-8.doc.11","dc_source":"https://api1.ibabs.eu/publicdownload.aspx?site=Beekdaelen&id=9d2870f7-78db-4ddb-8d36-cd9fb28237d8","dc_title":"Bijlage: Zienswijze bijlage - IVN Beekdaelen-Nuth","dc_type":"bijlage","foi_fairiscoreVersions":{"v1":4,"v2":4},"foi_fileName":"Bijlage%2010b%20-%20Zienswijze%20bijlage%20-%20IVN%20Beekdaelen-Nuth.pdf","foi_nrPages":7},{"dc_format":"application/pdf","dc_identifier":"nl.gm1954.2c.2023.2835781-8.doc.12","dc_source":"https://api1.ibabs.eu/publicdownload.aspx?site=Beekdaelen&id=af296cb3-1d67-4374-b373-1998283c4646","dc_title":"Bijlage: Reactie initiatiefnemer op zienswijzen verslag","dc_type":"bijlage","foi_fairiscoreVersions":{"v1":2,"v2":1},"foi_fileName":"Bijlage%2011%20-%20Reactie%20initiatiefnemer%20op%20zienswijzen%20verslag.pdf","foi_nrPages":4},{"dc_format":"application/pdf","dc_identifier":"nl.gm1954.2c.2023.2835781-8.doc.2","dc_source":"https://api1.ibabs.eu/publicdownload.aspx?site=Beekdaelen&id=979cb748-84a2-4d9c-ad46-c27cb70365d6","dc_title":"Raadsbesluit inzake omgevingsvergunning Terstraten 1 Nuth - vastgesteld 31-10-2023","dc_type":"bijlage","foi_fairiscoreVersions":{"v1":2,"v2":1},"foi_fileName":"Bijlage%202%20-%20Raadsbesluit%20omgevingsvergunning%20Terstraten%201%20Nuth.pdf","foi_nrPages":2},{"dc_format":"application/pdf","dc_identifier":"nl.gm1954.2c.2023.2835781-8.doc.3","dc_source":"https://api1.ibabs.eu/publicdownload.aspx?site=Beekdaelen&id=145b4751-35b2-466c-8e39-a6d0d3dc97bc","dc_title":"Bijlage: Definitief besluit omgevingsvergunning","dc_type":"bijlage","foi_fairiscoreVersions":{"v1":2,"v2":2},"foi_fileName":"Bijlage%203%20-%20Definitief%20besluit%20omgevingsvergunning.pdf","foi_nrPages":13},{"dc_format":"application/pdf","dc_identifier":"nl.gm1954.2c.2023.2835781-8.doc.4","dc_source":"https://api1.ibabs.eu/publicdownload.aspx?site=Beekdaelen&id=89101998-9a15-4145-92b0-ab17b7a5e99a","dc_title":"Bijlage: Ruimtelijke onderbouwing","dc_type":"bijlage","foi_fairiscoreVersions":{"v1":3,"v2":3},"foi_fileName":"Bijlage%204%20-%20Ruimtelijke%20onderbouwing.pdf","foi_nrPages":36},{"dc_format":"application/pdf","dc_identifier":"nl.gm1954.2c.2023.2835781-8.doc.5","dc_source":"https://api1.ibabs.eu/publicdownload.aspx?site=Beekdaelen&id=bfb6c94b-1006-42f7-a9a6-6f33fcfed0df","dc_title":"Bijlage: Ecologisch onderzoek - Rapport NIPA N219769-3 Terstraten 1 te Nuth DEF","dc_type":"bijlage","foi_fairiscoreVersions":{"v1":2,"v2":2},"foi_fileName":"Bijlage%205%20-%20Ecologisch%20onderzoek%20-%20Rapport%20NIPA%20N219769-3%20Terstraten%201%20te%20Nuth%20DEF.PDF","foi_nrPages":57},{"dc_format":"application/pdf","dc_identifier":"nl.gm1954.2c.2023.2835781-8.doc.6","dc_source":"https://api1.ibabs.eu/publicdownload.aspx?site=Beekdaelen&id=c18de038-1a3e-409f-9cfb-2b25b334f44a","dc_title":"Bijlage: Zienswijzenverslag behorende bij ontwerp omgevingsvergunning Terstraten 1","dc_type":"bijlage","foi_fairiscoreVersions":{"v1":1,"v2":1},"foi_fileName":"Bijlage%206%20-%20Zienswijzenverslag%20behorende%20bij%20ontwerp%20omgevingsvergunning%20Terstraten%201.pdf","foi_nrPages":15},{"dc_format":"application/pdf","dc_identifier":"nl.gm1954.2c.2023.2835781-8.doc.7","dc_source":"https://api1.ibabs.eu/publicdownload.aspx?site=Beekdaelen&id=7842436c-b449-4c09-b3a8-27aec941a405","dc_title":"Bijlage: Notitie reactie op zienswijzen Terstraten Bureau Verbeek","dc_type":"bijlage","foi_fairiscoreVersions":{"v1":1,"v2":1},"foi_fileName":"Bijlage%207%20-%20Notitie%20reactie%20op%20zienswijzen%20Terstraten%20Bureau%20Verbeek.pdf","foi_nrPages":3},{"dc_format":"application/pdf","dc_identifier":"nl.gm1954.2c.2023.2835781-8.doc.8","dc_source":"https://api1.ibabs.eu/publicdownload.aspx?site=Beekdaelen&id=1c3f09d8-c968-4d8d-8166-6bbcced91bdf","dc_title":"Bijlage: Zienswijze - inwoner gemeente Beekdaelen","dc_type":"bijlage","foi_fairiscoreVersions":{"v1":1,"v2":1},"foi_fileName":"Bijlage%207%20Zienswijze%20-%20inwoner%20gemeente%20Beekdaelen.pdf","foi_nrPages":1},{"dc_format":"application/pdf","dc_identifier":"nl.gm1954.2c.2023.2835781-8.doc.9","dc_source":"https://api1.ibabs.eu/publicdownload.aspx?site=Beekdaelen&id=16ed69ef-7f22-4c37-86d0-b41c2e8bb9c2","dc_title":"Bijlage: Zienswijze - omwonenden Terstraten Nuth","dc_type":"bijlage","foi_fairiscoreVersions":{"v1":2,"v2":2},"foi_fileName":"Bijlage%208%20Zienswijze%20-%20omwonenden%20Terstraten%20Nuth.pdf","foi_nrPages":3},{"dc_format":"application/pdf","dc_identifier":"nl.gm1954.2c.2023.2835781-8.doc.13","dc_source":"https://api1.ibabs.eu/publicdownload.aspx?site=Beekdaelen&id=a9a2759f-32c9-4956-9bde-4ef67b4ab540","dc_title":"MvA technische vragen VG B4","dc_type":"bijlage","foi_fairiscoreVersions":{"v1":1,"v2":1},"foi_fileName":"MvA%20technische%20vragen%20VG%20B4.pdf","foi_nrPages":2}],"foi_nrDocuments":19,"foi_nrPagesInDossier":158,"foi_publishedDate":"2023-10-19","foi_retrievedDate":"2026-02-12"},{"dc_creator":"HandelingScraper_v1","dc_date_year":2023,"dc_description":"Vergadering van de Gemeente Beekdaelen op 2023-10-19. Onderdeel: Raadsvoorstel inzake: Financi\u00eble bijdrage optimalisatie gemeenschapshuis Schinnen.","dc_identifier":"nl.gm1954.2c.2023.2835781-9","dc_publisher":"gm1954","dc_source":"https://beekdaelen.bestuurlijkeinformatie.nl/Agenda/Index/8faa82a7-9bb0-4b54-9c5d-4c668c2b220a","dc_title":"Raadscommissie Fysieke Leefomgeving 2023-10-19 - Raadsvoorstel inzake: Financi\u00eble bijdrage optimalisatie gemeenschapshuis Schinnen","dc_type":"2c","dc_type_description":"Vergaderstuk decentrale overheid","foi_fairiscoreVersions":{"v1":1,"v2":1},"foi_files":[{"dc_format":"application/octet-stream","dc_identifier":"nl.gm1954.2c.2023.2835781-9.doc.10","dc_source":"https://api1.ibabs.eu/publicdownload.aspx?site=Beekdaelen&id=e3f05e52-b047-4b88-bdde-129ad4845849","dc_title":"B5 1e termijn","dc_type":"bijlage","foi_fileName":"B5%201e%20termijn.mp3"},{"dc_format":"application/octet-stream","dc_identifier":"nl.gm1954.2c.2023.2835781-9.doc.12","dc_source":"https://api1.ibabs.eu/publicdownload.aspx?site=Beekdaelen&id=7f1a78a9-8edb-476f-96e5-433d388cf4b0","dc_title":"B5 2e termijn","dc_type":"bijlage","foi_fileName":"B5%202e%20termijn.mp3"},{"dc_format":"application/octet-stream","dc_identifier":"nl.gm1954.2c.2023.2835781-9.doc.15","dc_source":"https://api1.ibabs.eu/publicdownload.aspx?site=Beekdaelen&id=0a02cef8-1d71-489a-80ef-0530577410b1","dc_title":"B5 Advies commissie","dc_type":"bijlage","foi_fileName":"B5%20Advies%20commissie.mp3"},{"dc_format":"application/octet-stream","dc_identifier":"nl.gm1954.2c.2023.2835781-9.doc.11","dc_source":"https://api1.ibabs.eu/publicdownload.aspx?site=Beekdaelen&id=d81057ca-13b8-4a78-ab46-a1a191e15e5f","dc_title":"B5 Beantwoording 1e termijn","dc_type":"bijlage","foi_fileName":"B5%20Beantwoording%201e%20termijn.mp3"},{"dc_format":"application/octet-stream","dc_identifier":"nl.gm1954.2c.2023.2835781-9.doc.13","dc_source":"https://api1.ibabs.eu/publicdownload.aspx?site=Beekdaelen&id=2c1a096d-d44f-4e84-91f0-90b59660a572","dc_title":"B5 Beantwoording 2e termijn I","dc_type":"bijlage","foi_fileName":"B5%20Beantwoording%202e%20termijn%20I.mp3"},{"dc_format":"application/octet-stream","dc_identifier":"nl.gm1954.2c.2023.2835781-9.doc.14","dc_source":"https://api1.ibabs.eu/publicdownload.aspx?site=Beekdaelen&id=74de5edb-ab1a-485a-b796-834348e7e423","dc_title":"B5 Beantwoording 2e termijn II","dc_type":"bijlage","foi_fileName":"B5%20Beantwoording%202e%20termijn%20II.mp3"},{"dc_format":"application/pdf","dc_identifier":"nl.gm1954.2c.2023.2835781-9.doc.2","dc_source":"https://api1.ibabs.eu/publicdownload.aspx?site=Beekdaelen&id=441331e7-8b2f-4de3-812c-10bde8cbf6f6","dc_title":"Bijlage: Noeber Beemden - plattegrond - bestaande toestand","dc_type":"bijlage","foi_fairiscoreVersions":{"v1":1,"v2":1},"foi_fileName":"Bijlage%201-Noeber%20Beemden-%20plattegrond-%20Bestaande%20toestand.pdf","foi_nrPages":1},{"dc_format":"application/pdf","dc_identifier":"nl.gm1954.2c.2023.2835781-9.doc.3","dc_source":"https://api1.ibabs.eu/publicdownload.aspx?site=Beekdaelen&id=1d48329c-4fea-4dba-9485-37992f741d7e","dc_title":"Bijlage: Noeber Beemden - plattegrond - nieuwe toestand","dc_type":"bijlage","foi_fairiscoreVersions":{"v1":1,"v2":1},"foi_fileName":"Bijlage%201-Noeber%20Beemden-%20plattegrond-%20Nieuwe%20toestand.pdf","foi_nrPages":1},{"dc_format":"application/pdf","dc_identifier":"nl.gm1954.2c.2023.2835781-9.doc.9","dc_source":"https://api1.ibabs.eu/publicdownload.aspx?site=Beekdaelen&id=34812013-6655-4767-9ded-1df1f4a9cd0b","dc_title":"MvA technische vragen BL B5","dc_type":"bijlage","foi_fairiscoreVersions":{"v1":1,"v2":1},"foi_fileName":"MvA%20technische%20vragen%20BL%20B5.pdf","foi_nrPages":2},{"dc_format":"application/pdf","dc_identifier":"nl.gm1954.2c.2023.2835781-9.doc.8","dc_source":"https://api1.ibabs.eu/publicdownload.aspx?site=Beekdaelen&id=4d02828e-608c-4e8c-8972-a75af128ad9b","dc_title":"MvA technische vragen CDA B5","dc_type":"bijlage","foi_fairiscoreVersions":{"v1":1,"v2":1},"foi_fileName":"MvA%20technische%20vragen%20CDA%20B5.pdf","foi_nrPages":1},{"dc_format":"application/pdf","dc_identifier":"nl.gm1954.2c.2023.2835781-9.doc.7","dc_source":"https://api1.ibabs.eu/publicdownload.aspx?site=Beekdaelen&id=a0c6221b-2074-40ca-a193-ae5b35eb263a","dc_title":"MvA technische vragen Koll\u00e9e Rijkx B5","dc_type":"bijlage","foi_fairiscoreVersions":{"v1":1,"v2":1},"foi_fileName":"MvA%20technische%20vragen%20Koll%C3%A9e%20Rijkx%20B5.pdf","foi_nrPages":1},{"dc_format":"application/pdf","dc_identifier":"nl.gm1954.2c.2023.2835781-9.doc.6","dc_source":"https://api1.ibabs.eu/publicdownload.aspx?site=Beekdaelen&id=d48e0b8b-3c99-48b2-a50d-4a4885879cfa","dc_title":"MvA technische vragen VG B5","dc_type":"bijlage","foi_fairiscoreVersions":{"v1":1,"v2":1},"foi_fileName":"MvA%20technische%20vragen%20VG%20B5.pdf","foi_nrPages":2},{"dc_format":"application/pdf","dc_identifier":"nl.gm1954.2c.2023.2835781-9.doc.5","dc_source":"https://api1.ibabs.eu/publicdownload.aspx?site=Beekdaelen&id=bf6efe70-1783-4877-8167-8d7e12338b62","dc_title":"Bijlage: Begrotingswijziging 10.1/2023","dc_type":"bijlage","foi_fairiscoreVersions":{"v1":1,"v2":1},"foi_fileName":"Z%2F23%2F194121%20-%20345602%20-%20Begrotingswijziging%2010.1%2F2023.pdf","foi_nrPages":1},{"dc_format":"application/pdf","dc_identifier":"nl.gm1954.2c.2023.2835781-9.doc.1","dc_source":"https://api1.ibabs.eu/publicdownload.aspx?site=Beekdaelen&id=04d5aec6-babb-490f-a384-58064ec49f62","dc_title":"Raadsvoorstel inzake financi\u00eble bijdrage gemeenschapshuis Schinnen","dc_type":"bijlage","foi_fairiscoreVersions":{"v1":1,"v2":1},"foi_fileName":"Z%2F23%2F194121%20-%20345602%20-%20Raadsvoorstel-Financi%C3%ABle%20bijdrage%20gemeenschapshuis%20Schinnen.pdf","foi_nrPages":4},{"dc_format":"application/pdf","dc_identifier":"nl.gm1954.2c.2023.2835781-9.doc.4","dc_source":"https://api1.ibabs.eu/publicdownload.aspx?site=Beekdaelen&id=f7da47ac-6e11-4c49-b5dd-71a8fb8181ce","dc_title":"Raadsbesluit inzake financi\u00eble bijdrage optimalisatie gemeenschapshuis Schinnen - vastgesteld 31-10-2023","dc_type":"bijlage","foi_fairiscoreVersions":{"v1":1,"v2":1},"foi_fileName":"Z%2F23%2F194121%20-%20345603%20-%20Raadsbesluit%20-%20Financi%C3%ABle%20bijdrage%20gemeenschapshuis%20Schinnen.pdf","foi_nrPages":1}],"foi_nrDocuments":15,"foi_nrPagesInDossier":14,"foi_publishedDate":"2023-10-19","foi_retrievedDate":"2026-03-06"},{"dc_creator":"HandelingScraper_v1","dc_date_year":2023,"dc_description":"Vergadering van de Gemeente Beekdaelen op 2023-10-31. Onderdeel: Opening.","dc_identifier":"nl.gm1954.2c.2023.2835911-1","dc_publisher":"gm1954","dc_source":"https://beekdaelen.bestuurlijkeinformatie.nl/Agenda/Index/bebd5e9d-80ba-428a-9913-51e93287ce4d","dc_title":"Raadsvergadering 2023-10-31 - Opening","dc_type":"2c","dc_type_description":"Vergaderstuk decentrale overheid","foi_fairiscoreVersions":{"v1":1,"v2":1},"foi_files":[{"dc_format":"application/pdf","dc_identifier":"nl.gm1954.2c.2023.2835911-1.doc.1","dc_source":"https://api1.ibabs.eu/publicdownload.aspx?site=Beekdaelen&id=7a70b45a-9a8b-4cfd-a64a-4f2d15453171","dc_title":"Uitnodiging en voorlopige agenda raadsvergadering 31 oktober 2023","dc_type":"bijlage","foi_fairiscoreVersions":{"v1":1,"v2":1},"foi_fileName":"Uitnodiging%20en%20voorlopige%20agenda%20raadsvergadering%2031%20oktober%202023.pdf","foi_nrPages":2}],"foi_nrDocuments":1,"foi_nrPagesInDossier":2,"foi_publishedDate":"2023-10-31","foi_retrievedDate":"2026-03-02"},{"dc_creator":"HandelingScraper_v1","dc_date_year":2023,"dc_description":"Vergadering van de Gemeente Beekdaelen op 2023-10-31. Onderdeel: Wijziging Gemeenschappelijke Regeling RUD Zuid-Limburg.","dc_identifier":"nl.gm1954.2c.2023.2835911-10","dc_publisher":"gm1954","dc_source":"https://beekdaelen.bestuurlijkeinformatie.nl/Agenda/Index/bebd5e9d-80ba-428a-9913-51e93287ce4d","dc_title":"Raadsvergadering 2023-10-31 - Wijziging Gemeenschappelijke Regeling RUD Zuid-Limburg","dc_type":"2c","dc_type_description":"Vergaderstuk decentrale overheid","foi_fairiscoreVersions":{"v1":2,"v2":2},"foi_files":[{"dc_format":"application/pdf","dc_identifier":"nl.gm1954.2c.2023.2835911-10.doc.3","dc_source":"https://api1.ibabs.eu/publicdownload.aspx?site=Beekdaelen&id=660e3a5b-64ea-4570-aa56-68997af16223","dc_title":"bijlage 1: tekst GR","dc_type":"bijlage","foi_fairiscoreVersions":{"v1":2,"v2":2},"foi_fileName":"bijlage%201%3A%20tekst%20GR.pdf","foi_nrPages":15},{"dc_format":"application/pdf","dc_identifier":"nl.gm1954.2c.2023.2835911-10.doc.4","dc_source":"https://api1.ibabs.eu/publicdownload.aspx?site=Beekdaelen&id=a1cad870-a623-497d-aeb9-1afb5c7770b5","dc_title":"bijlage 2a en b: advies van Boels-Zanders en informatiebrief","dc_type":"bijlage","foi_fairiscoreVersions":{"v1":2,"v2":2},"foi_fileName":"bijlage%202a%20en%20b%3A%20advies%20van%20Boels-Zanders%20en%20informatiebrief.pdf","foi_nrPages":68},{"dc_format":"application/pdf","dc_identifier":"nl.gm1954.2c.2023.2835911-10.doc.5","dc_source":"https://api1.ibabs.eu/publicdownload.aspx?site=Beekdaelen&id=bc4c3cf9-3d61-44fe-881e-b265385ce767","dc_title":"bijlage 2c: presentatie van Boels-Zanders","dc_type":"bijlage","foi_fairiscoreVersions":{"v1":3,"v2":3},"foi_fileName":"bijlage%202c%3A%20presentatie%20van%20Boels-Zanders.pdf","foi_nrPages":37},{"dc_format":"application/pdf","dc_identifier":"nl.gm1954.2c.2023.2835911-10.doc.6","dc_source":"https://api1.ibabs.eu/publicdownload.aspx?site=Beekdaelen&id=94d4b378-57ae-4a34-a6f8-eb0f4a5d045e","dc_title":"bijlage 3: artikelsgewijze toelichting","dc_type":"bijlage","foi_fairiscoreVersions":{"v1":2,"v2":2},"foi_fileName":"bijlage%203%3A%20artikelsgewijze%20toelichting.pdf","foi_nrPages":25},{"dc_format":"application/pdf","dc_identifier":"nl.gm1954.2c.2023.2835911-10.doc.7","dc_source":"https://api1.ibabs.eu/publicdownload.aspx?site=Beekdaelen&id=28382677-6f39-4cf2-a7ef-13b38f8723db","dc_title":"bijlage 4: brief RUD","dc_type":"bijlage","foi_fairiscoreVersions":{"v1":2,"v2":2},"foi_fileName":"brief%20RUD.pdf","foi_nrPages":9},{"dc_format":"application/pdf","dc_identifier":"nl.gm1954.2c.2023.2835911-10.doc.2","dc_source":"https://api1.ibabs.eu/publicdownload.aspx?site=Beekdaelen&id=083fa903-4877-40cb-b4ca-3972c72ae8d7","dc_title":"Raadsbesluit inzake wijziging GR RUD ZL - vastgesteld 31-10-2023","dc_type":"bijlage","foi_fairiscoreVersions":{"v1":1,"v2":1},"foi_fileName":"Concept%20raadsbesluit%20wijziging%20GR%20RUD%20ZL.pdf","foi_nrPages":1},{"dc_format":"application/pdf","dc_identifier":"nl.gm1954.2c.2023.2835911-10.doc.1","dc_source":"https://api1.ibabs.eu/publicdownload.aspx?site=Beekdaelen&id=83121851-9bab-435e-ae74-aa26be37f9ee","dc_title":"Raadsvoorstel inzake wijziging GR RUD ZL","dc_type":"bijlage","foi_fairiscoreVersions":{"v1":1,"v2":1},"foi_fileName":"Z%2F23%2F192564%20-%20343654%20-%20Raadsvoorstel.pdf","foi_nrPages":3}],"foi_nrDocuments":7,"foi_nrPagesInDossier":158,"foi_publishedDate":"2023-10-31","foi_retrievedDate":"2025-11-29"},{"dc_creator":"HandelingScraper_v1","dc_date_year":2023,"dc_description":"Vergadering van de Gemeente Beekdaelen op 2023-10-31. Onderdeel: Wijziging Gemeenschappelijke Regeling Omnibuzz.","dc_identifier":"nl.gm1954.2c.2023.2835911-11","dc_publisher":"gm1954","dc_source":"https://beekdaelen.bestuurlijkeinformatie.nl/Agenda/Index/bebd5e9d-80ba-428a-9913-51e93287ce4d","dc_title":"Raadsvergadering 2023-10-31 - Wijziging Gemeenschappelijke Regeling Omnibuzz","dc_type":"2c","dc_type_description":"Vergaderstuk decentrale overheid","foi_fairiscoreVersions":{"v1":2,"v2":2},"foi_files":[{"dc_format":"application/pdf","dc_identifier":"nl.gm1954.2c.2023.2835911-11.doc.2","dc_source":"https://api1.ibabs.eu/publicdownload.aspx?site=Beekdaelen&id=784e7a3f-c06d-421a-8ce9-d3783b8f142f","dc_title":"Raadsbesluit inzake wijziging GR Omnibuzz - vastgesteld 31-10-2023","dc_type":"bijlage","foi_fairiscoreVersions":{"v1":1,"v2":1},"foi_fileName":"Concept%20raadsbesluit%20wijziging%20GR%20Omnibuzz.pdf","foi_nrPages":1},{"dc_format":"application/pdf","dc_identifier":"nl.gm1954.2c.2023.2835911-11.doc.3","dc_source":"https://api1.ibabs.eu/publicdownload.aspx?site=Beekdaelen&id=c2fab6c2-3f0a-4880-8352-2f3c684f3f9a","dc_title":"Bijlage1: Brief van het Dagelijks Bestuur Omnibuzz aan college en bestuur","dc_type":"bijlage","foi_fairiscoreVersions":{"v1":1,"v2":1},"foi_fileName":"Z%2F23%2F192212%20-%20342329%20-%20Brief%20DB%20aan%20college%20en%20bestuur.pdf","foi_nrPages":8},{"dc_format":"application/pdf","dc_identifier":"nl.gm1954.2c.2023.2835911-11.doc.8","dc_source":"https://api1.ibabs.eu/publicdownload.aspx?site=Beekdaelen&id=785b50f9-8d48-4b43-a140-a800963895cb","dc_title":"Bijlage 1.2c: Presentatie en een terugkijklink naar de informatiesessie","dc_type":"bijlage","foi_fairiscoreVersions":{"v1":2,"v2":2},"foi_fileName":"Z%2F23%2F192212%20-%20342329%20BoelsZanders%20gemeenteraden%2030012023%20en%2001022023.pdf","foi_nrPages":36},{"dc_format":"application/pdf","dc_identifier":"nl.gm1954.2c.2023.2835911-11.doc.4","dc_source":"https://api1.ibabs.eu/publicdownload.aspx?site=Beekdaelen&id=ea2bf4c4-6f1e-4b14-97a7-464fca53bf52","dc_title":"Bijlage 1.1a: Geconsolideerde versie ontwerpregeling","dc_type":"bijlage","foi_fairiscoreVersions":{"v1":1,"v2":1},"foi_fileName":"Z%2F23%2F192212%20-%20342329%20geconsolideerde%20versie%20ontwerpregeling.pdf","foi_nrPages":11},{"dc_format":"application/pdf","dc_identifier":"nl.gm1954.2c.2023.2835911-11.doc.5","dc_source":"https://api1.ibabs.eu/publicdownload.aspx?site=Beekdaelen&id=b45e5dc6-8af7-4a96-8b44-2b59ee52c233","dc_title":"Bijlage 1.1b: Geconsolideerde versie ontwerpregeling met zichtbare wijzigingsvoorstellen","dc_type":"bijlage","foi_fairiscoreVersions":{"v1":1,"v2":1},"foi_fileName":"Z%2F23%2F192212%20-%20342329%20geconsolideerde%20versie%20ontwerpregeling%20met%20zichtbare%20wijzigingsvoorstellen.pdf","foi_nrPages":11},{"dc_format":"application/pdf","dc_identifier":"nl.gm1954.2c.2023.2835911-11.doc.6","dc_source":"https://api1.ibabs.eu/publicdownload.aspx?site=Beekdaelen&id=5f4c2a5e-3e23-48cb-ade8-f400df1b0695","dc_title":"Bijlage 1.2a: Toelichtend memo bij de wijzigingsvoorstellen","dc_type":"bijlage","foi_fairiscoreVersions":{"v1":2,"v2":2},"foi_fileName":"Z%2F23%2F192212%20-%20342329%20GR%20advies%20wijzigingen%2012062023%20Memo%20BoelsZanders.pdf","foi_nrPages":58},{"dc_format":"application/pdf","dc_identifier":"nl.gm1954.2c.2023.2835911-11.doc.9","dc_source":"https://api1.ibabs.eu/publicdownload.aspx?site=Beekdaelen&id=ad069139-c3ba-4ee4-9c83-b4db74cce5f5","dc_title":"Bijlage 1.3: Toelichtend memo bij aanvullende wijzigingsvoorstellen die enkel gelden voor de GR Omnibuzz","dc_type":"bijlage","foi_fairiscoreVersions":{"v1":1,"v2":1},"foi_fileName":"Z%2F23%2F192212%20-%20342329%20toelichting%20aanvullende%20wijzigingen%20Omnibuzz.pdf","foi_nrPages":2},{"dc_format":"application/pdf","dc_identifier":"nl.gm1954.2c.2023.2835911-11.doc.7","dc_source":"https://api1.ibabs.eu/publicdownload.aspx?site=Beekdaelen&id=64d03d01-ab06-4f53-b1aa-d7eab0a10bde","dc_title":"Bijlage 1.2b: Toelichtend memo bij de wijzigingen n.a.v. informatiesessies","dc_type":"bijlage","foi_fairiscoreVersions":{"v1":1,"v2":1},"foi_fileName":"Z%2F23%2F192212%20-%20342329%20wijzigingen%20n.a.v.pdf","foi_nrPages":8},{"dc_format":"application/pdf","dc_identifier":"nl.gm1954.2c.2023.2835911-11.doc.1","dc_source":"https://api1.ibabs.eu/publicdownload.aspx?site=Beekdaelen&id=e5313d35-39c1-424e-8444-9eda77ecbf58","dc_title":"Raadsvoorstel inzake wijziging GR Omnibuzz","dc_type":"bijlage","foi_fairiscoreVersions":{"v1":1,"v2":1},"foi_fileName":"Z%2F23%2F192212%20-%20345829%20-%20Omnibuzz%20wijziging%20Wet%20gemeenschappelijke%20regelingen%20raadsvoorstel.pdf","foi_nrPages":3}],"foi_nrDocuments":9,"foi_nrPagesInDossier":138,"foi_publishedDate":"2023-10-31","foi_retrievedDate":"2025-11-29"},{"dc_creator":"HandelingScraper_v1","dc_date_year":2023,"dc_description":"Vergadering van de Gemeente Beekdaelen op 2023-10-31. Onderdeel: Wijziging Gemeenschappelijke Regeling Het Gegevenshuis.","dc_identifier":"nl.gm1954.2c.2023.2835911-12","dc_publisher":"gm1954","dc_source":"https://beekdaelen.bestuurlijkeinformatie.nl/Agenda/Index/bebd5e9d-80ba-428a-9913-51e93287ce4d","dc_title":"Raadsvergadering 2023-10-31 - Wijziging Gemeenschappelijke Regeling Het Gegevenshuis","dc_type":"2c","dc_type_description":"Vergaderstuk decentrale overheid","foi_fairiscoreVersions":{"v1":2,"v2":2},"foi_files":[{"dc_format":"application/pdf","dc_identifier":"nl.gm1954.2c.2023.2835911-12.doc.2","dc_source":"https://api1.ibabs.eu/publicdownload.aspx?site=Beekdaelen&id=413fef81-5e3f-4948-a13d-dbfee42ffd0a","dc_title":"Raadsbesluit inzake wijziging GR Het Gegevenshuis - vastgesteld 31-10-2023","dc_type":"bijlage","foi_fairiscoreVersions":{"v1":1,"v2":1},"foi_fileName":"Concept%20raadsbesluit%20wijziging%20GR%20Het%20Gegevenshuis.pdf","foi_nrPages":1},{"dc_format":"application/pdf","dc_identifier":"nl.gm1954.2c.2023.2835911-12.doc.3","dc_source":"https://api1.ibabs.eu/publicdownload.aspx?site=Beekdaelen&id=5df7b1b2-1c9e-4027-9b6b-1e3dea1d2690","dc_title":"Bijlage 1a: Geconsolideerde versie ontwerpregeling","dc_type":"bijlage","foi_fairiscoreVersions":{"v1":1,"v2":1},"foi_fileName":"Z%2F23%2F192157%20-%20343076%20-%20Bijlage%201a%20Geconsolideerde%20versie%20ontwerpregeling.pdf","foi_nrPages":15},{"dc_format":"application/pdf","dc_identifier":"nl.gm1954.2c.2023.2835911-12.doc.4","dc_source":"https://api1.ibabs.eu/publicdownload.aspx?site=Beekdaelen&id=f91ed134-fda7-43c7-89ac-c53ac10090f1","dc_title":"Bijlage 1b: Wijziging GR Het Gegevenshuis per artikel","dc_type":"bijlage","foi_fairiscoreVersions":{"v1":1,"v2":1},"foi_fileName":"Z%2F23%2F192157%20-%20343077%20-%20Bijlage%201b%20Wijziging%20GR%20Het%20Gegevenshuis%20per%20artikel.pdf","foi_nrPages":42},{"dc_format":"application/pdf","dc_identifier":"nl.gm1954.2c.2023.2835911-12.doc.5","dc_source":"https://api1.ibabs.eu/publicdownload.aspx?site=Beekdaelen&id=63bdfef2-7d65-4e06-b12a-ab567984eef5","dc_title":"Bijlage 2a: Toelichtend memo","dc_type":"bijlage","foi_fairiscoreVersions":{"v1":2,"v2":2},"foi_fileName":"Z%2F23%2F192157%20-%20343078%20-%20Bijlage%202a%20Toelichtend%20memo.pdf","foi_nrPages":58},{"dc_format":"application/pdf","dc_identifier":"nl.gm1954.2c.2023.2835911-12.doc.6","dc_source":"https://api1.ibabs.eu/publicdownload.aspx?site=Beekdaelen&id=2f822b64-d542-4d40-8d29-c9e9519fbc7f","dc_title":"Bijlage 2b: Informatiebrief","dc_type":"bijlage","foi_fairiscoreVersions":{"v1":1,"v2":1},"foi_fileName":"Z%2F23%2F192157%20-%20343080%20-%20Bijlage%202b%20Informatiebrief.pdf","foi_nrPages":8},{"dc_format":"application/pdf","dc_identifier":"nl.gm1954.2c.2023.2835911-12.doc.7","dc_source":"https://api1.ibabs.eu/publicdownload.aspx?site=Beekdaelen&id=6c8c8ba7-852d-44e4-89f1-8590c834b910","dc_title":"Bijlage 2c: Presentatie informatiesessie voor de college- en raadsleden","dc_type":"bijlage","foi_fairiscoreVersions":{"v1":2,"v2":2},"foi_fileName":"Z%2F23%2F192157%20-%20343081%20-%20Bijlage%202c%20Presentatie%20informatiesessie%20voor%20de%20college-%20en%20raadsleden.pdf","foi_nrPages":36},{"dc_format":"application/pdf","dc_identifier":"nl.gm1954.2c.2023.2835911-12.doc.9","dc_source":"https://api1.ibabs.eu/publicdownload.aspx?site=Beekdaelen&id=57ac871f-0a7b-46cf-ac11-e146c98de247","dc_title":"Bijlage 4: Brief van Het Gegevenshuis aan college","dc_type":"bijlage","foi_fairiscoreVersions":{"v1":1,"v2":1},"foi_fileName":"Z%2F23%2F192157%20-%20343083%20-%20Bijlage%204%20Brief%20van%20Het%20Gegevenshuis%20aan%20college.pdf","foi_nrPages":7},{"dc_format":"application/pdf","dc_identifier":"nl.gm1954.2c.2023.2835911-12.doc.8","dc_source":"https://api1.ibabs.eu/publicdownload.aspx?site=Beekdaelen&id=1f297e65-decc-4ed6-9581-1f2c066d3eb2","dc_title":"Bijlage 3: Toelichting wijziging gemeenschappelijke regeling 2023","dc_type":"bijlage","foi_fairiscoreVersions":{"v1":1,"v2":1},"foi_fileName":"Z%2F23%2F192157%20-%20343084%20-%20Bijlage%203%20Toelichting%20wijziging%20gemeenschappelijke%20regeling%202023.pdf","foi_nrPages":3},{"dc_format":"application/pdf","dc_identifier":"nl.gm1954.2c.2023.2835911-12.doc.1","dc_source":"https://api1.ibabs.eu/publicdownload.aspx?site=Beekdaelen&id=0ef56dd1-0e75-4d60-822e-77f18a4343c7","dc_title":"Raadsvoorstel inzake wijziging Gemeenschappelijke Regeling Het Gegevenshuis","dc_type":"bijlage","foi_fairiscoreVersions":{"v1":1,"v2":1},"foi_fileName":"Z%2F23%2F192157%20-%20343730%20-%20Conceptraadsvoorstel%20wijziging%20Gemeenschappelijke%20Regeling%20Het%20Gegevenshuis.pdf","foi_nrPages":3}],"foi_nrDocuments":9,"foi_nrPagesInDossier":173,"foi_publishedDate":"2023-10-31","foi_retrievedDate":"2025-11-29"},{"dc_creator":"HandelingScraper_v1","dc_date_year":2023,"dc_description":"Vergadering van de Gemeente Beekdaelen op 2023-10-31. Onderdeel: Wijziging Gemeenschappelijke Regeling Rd4.","dc_identifier":"nl.gm1954.2c.2023.2835911-13","dc_publisher":"gm1954","dc_source":"https://beekdaelen.bestuurlijkeinformatie.nl/Agenda/Index/bebd5e9d-80ba-428a-9913-51e93287ce4d","dc_title":"Raadsvergadering 2023-10-31 - Wijziging Gemeenschappelijke Regeling Rd4","dc_type":"2c","dc_type_description":"Vergaderstuk decentrale overheid","foi_fairiscoreVersions":{"v1":2,"v2":2},"foi_files":[{"dc_format":"application/pdf","dc_identifier":"nl.gm1954.2c.2023.2835911-13.doc.2","dc_source":"https://api1.ibabs.eu/publicdownload.aspx?site=Beekdaelen&id=b57ba7f3-cf77-416b-84c6-9c07cf04262e","dc_title":"Raadsbesluit inzake wijziging GR RD4 - vastgesteld 31-10-2023","dc_type":"bijlage","foi_fairiscoreVersions":{"v1":1,"v2":1},"foi_fileName":"Concept%20raadsbesluit%20wijziging%20GR%20RD4.pdf","foi_nrPages":1},{"dc_format":"application/pdf","dc_identifier":"nl.gm1954.2c.2023.2835911-13.doc.1","dc_source":"https://api1.ibabs.eu/publicdownload.aspx?site=Beekdaelen&id=ff4454b9-145d-403a-8829-00d66ea54f46","dc_title":"Raadsvoorstel Wijziging Gemeenschappelijke Regeling Rd4","dc_type":"bijlage","foi_fairiscoreVersions":{"v1":2,"v2":1},"foi_fileName":"Z%2F23%2F191724%20-%20341812%20-%20Raadsvoorstel%20Wijziging%20Gemeenschappelijke%20Regeling%20Rd4.pdf","foi_nrPages":3},{"dc_format":"application/pdf","dc_identifier":"nl.gm1954.2c.2023.2835911-13.doc.5","dc_source":"https://api1.ibabs.eu/publicdownload.aspx?site=Beekdaelen&id=0b6a0f63-46e2-473d-b0ba-76c832cf2ac4","dc_title":"Bijlage 1b Ontwerpregeling met wijzigingen geel/blauw","dc_type":"bijlage","foi_fairiscoreVersions":{"v1":1,"v2":1},"foi_fileName":"Z%2F23%2F191724%20-%20341864%20-%20Bijlage%201b%20Ontwerpregeling.pdf","foi_nrPages":16},{"dc_format":"application/pdf","dc_identifier":"nl.gm1954.2c.2023.2835911-13.doc.6","dc_source":"https://api1.ibabs.eu/publicdownload.aspx?site=Beekdaelen&id=7646a397-c17c-4c5b-ad05-8e5552563fdb","dc_title":"Bijlage 2a Toelichtende memo","dc_type":"bijlage","foi_fairiscoreVersions":{"v1":2,"v2":2},"foi_fileName":"Z%2F23%2F191724%20-%20341871%20-%20Bijlage%202a%20Toelichtende%20memo.pdf","foi_nrPages":58},{"dc_format":"application/pdf","dc_identifier":"nl.gm1954.2c.2023.2835911-13.doc.7","dc_source":"https://api1.ibabs.eu/publicdownload.aspx?site=Beekdaelen&id=7a8cb301-3a32-4eaa-b5a8-ee488490e068","dc_title":"Bijlage 2b Informatiebrief","dc_type":"bijlage","foi_fairiscoreVersions":{"v1":1,"v2":1},"foi_fileName":"Z%2F23%2F191724%20-%20341872%20-%20Bijlage%202b%20Informatiebrief.pdf","foi_nrPages":8},{"dc_format":"application/pdf","dc_identifier":"nl.gm1954.2c.2023.2835911-13.doc.8","dc_source":"https://api1.ibabs.eu/publicdownload.aspx?site=Beekdaelen&id=ce1d4bbe-6f49-4ec3-8ccd-da48806e5f6b","dc_title":"Bijlage 2c Presentatie","dc_type":"bijlage","foi_fairiscoreVersions":{"v1":2,"v2":2},"foi_fileName":"Z%2F23%2F191724%20-%20341873%20-%20Bijlage%202c%20Presentatie.pdf","foi_nrPages":36},{"dc_format":"application/pdf","dc_identifier":"nl.gm1954.2c.2023.2835911-13.doc.9","dc_source":"https://api1.ibabs.eu/publicdownload.aspx?site=Beekdaelen&id=135b3a50-e3a6-454c-995c-9dffa2d039c1","dc_title":"Bijlage 3 Memo op aanvullende of afwijkende wijzigingsvoorstellen","dc_type":"bijlage","foi_fairiscoreVersions":{"v1":1,"v2":1},"foi_fileName":"Z%2F23%2F191724%20-%20341875%20-%20Bijlage%203%20Memo.pdf","foi_nrPages":2},{"dc_format":"application/pdf","dc_identifier":"nl.gm1954.2c.2023.2835911-13.doc.10","dc_source":"https://api1.ibabs.eu/publicdownload.aspx?site=Beekdaelen&id=509b1262-239d-490f-adcf-0b5a06f28ba9","dc_title":"Bijlage 4 Brief van Rd4 aan college","dc_type":"bijlage","foi_fairiscoreVersions":{"v1":5,"v2":5},"foi_fileName":"Z%2F23%2F191724%20-%20341876%20-%20Bijlage%204%20Brief%20van%20Rd4%20aan%20college.pdf","foi_nrPages":8},{"dc_format":"application/pdf","dc_identifier":"nl.gm1954.2c.2023.2835911-13.doc.11","dc_source":"https://api1.ibabs.eu/publicdownload.aspx?site=Beekdaelen&id=14af2411-0a9c-4a38-910b-40715a3d9236","dc_title":"Nota van wijziging voor de voor 31-10 geagendeerde raadsvoorstellen inzake de wijziging van de GR_en","dc_type":"bijlage","foi_fairiscoreVersions":{"v1":1,"v2":1},"foi_fileName":"Z%2F23%2F191724%20-%20348869%20-%20Nota%20van%20wijziging%20voor%20de%20voor%2031-10%20geagendeerde%20raadsvoorstellen%20inzake%20de%20wijziging%20van%20de%20GR_en.pdf","foi_nrPages":3},{"dc_format":"application/pdf","dc_identifier":"nl.gm1954.2c.2023.2835911-13.doc.3","dc_source":"https://api1.ibabs.eu/publicdownload.aspx?site=Beekdaelen&id=7fa0056f-9ed0-4464-ab3b-9fd1cfbbff7a","dc_title":"Bijlage 1 Concept zienswijzenbrief","dc_type":"bijlage","foi_fairiscoreVersions":{"v1":1,"v2":1},"foi_fileName":"Z%2F23%2F191724%20-%20348871%20-%20Bijlage%201_Concept%20zienswijzenbrief.pdf","foi_nrPages":2},{"dc_format":"application/pdf","dc_identifier":"nl.gm1954.2c.2023.2835911-13.doc.4","dc_source":"https://api1.ibabs.eu/publicdownload.aspx?site=Beekdaelen&id=901c669e-720a-4d30-84c9-3e2fde96e198","dc_title":"Bijlage 1a Geconsolideerde versie ontwerpregeling Definitieve versie GR 2023 10 09 (JvA)","dc_type":"bijlage","foi_fairiscoreVersions":{"v1":1,"v2":1},"foi_fileName":"Z%2F23%2F191724%20-%20348875%20-%20Definitieve%20versie%20GR%202023%2010%2009%20%28JvA%29.pdf","foi_nrPages":13}],"foi_nrDocuments":11,"foi_nrPagesInDossier":150,"foi_publishedDate":"2023-10-31","foi_retrievedDate":"2025-11-29"},{"dc_creator":"HandelingScraper_v1","dc_date_year":2023,"dc_description":"Vergadering van de Gemeente Beekdaelen op 2023-10-31. Onderdeel: Wijziging Gemeenschappelijke Regeling BsGW.","dc_identifier":"nl.gm1954.2c.2023.2835911-14","dc_publisher":"gm1954","dc_source":"https://beekdaelen.bestuurlijkeinformatie.nl/Agenda/Index/bebd5e9d-80ba-428a-9913-51e93287ce4d","dc_title":"Raadsvergadering 2023-10-31 - Wijziging Gemeenschappelijke Regeling BsGW","dc_type":"2c","dc_type_description":"Vergaderstuk decentrale overheid","foi_fairiscoreVersions":{"v1":2,"v2":2},"foi_files":[{"dc_format":"application/pdf","dc_identifier":"nl.gm1954.2c.2023.2835911-14.doc.2","dc_source":"https://api1.ibabs.eu/publicdownload.aspx?site=Beekdaelen&id=7ad9d8e7-668d-412b-b99d-0e80cde6ac14","dc_title":"Raadsbesluit inzake wijziging GR BsGW - vastgesteld 31-10-2023","dc_type":"bijlage","foi_fairiscoreVersions":{"v1":1,"v2":1},"foi_fileName":"Concept%20raadsbesluit%20wijziging%20GR%20BsGW.pdf","foi_nrPages":1},{"dc_format":"application/pdf","dc_identifier":"nl.gm1954.2c.2023.2835911-14.doc.3","dc_source":"https://api1.ibabs.eu/publicdownload.aspx?site=Beekdaelen&id=f65340ad-6eea-428a-af85-09ee142d9cd6","dc_title":"Bijlage: Gemeenschappelijke regeling BsGW","dc_type":"bijlage","foi_fairiscoreVersions":{"v1":1,"v2":1},"foi_fileName":"Z%2F23%2F194091%20-%20345554%20-%20Gemeenschappelijke%20regeling%20BsGW.pdf","foi_nrPages":15},{"dc_format":"application/pdf","dc_identifier":"nl.gm1954.2c.2023.2835911-14.doc.1","dc_source":"https://api1.ibabs.eu/publicdownload.aspx?site=Beekdaelen&id=f3e93a07-1d15-44f4-9de3-b4d74fc450cb","dc_title":"Raadsvoorstel inzake wijziging GR BsGW","dc_type":"bijlage","foi_fairiscoreVersions":{"v1":1,"v2":1},"foi_fileName":"Z%2F23%2F194091%20-%20345558%20-%20raadsvoorstel%20wijziging%20GR%20BsGW.pdf","foi_nrPages":4},{"dc_format":"application/pdf","dc_identifier":"nl.gm1954.2c.2023.2835911-14.doc.4","dc_source":"https://api1.ibabs.eu/publicdownload.aspx?site=Beekdaelen&id=b0300576-68cb-440d-840f-b5b3a4c0d7fc","dc_title":"Bijlage: wijziging GR BsGW waarin wijzigingen zichtbaar zijn","dc_type":"bijlage","foi_fairiscoreVersions":{"v1":2,"v2":1},"foi_fileName":"Z%2F23%2F194091%20-%20345984%20-%20wijziging%20GR%20BsGW%20waarin%20wijzigingen%20zichtbaar%20zijn.pdf","foi_nrPages":23},{"dc_format":"application/pdf","dc_identifier":"nl.gm1954.2c.2023.2835911-14.doc.5","dc_source":"https://api1.ibabs.eu/publicdownload.aspx?site=Beekdaelen&id=8e37dec4-ac42-42ba-9f45-4dcb1b2307cd","dc_title":"Bijlage: toelichtend memo bij de wijzigingsvoorstellen","dc_type":"bijlage","foi_fairiscoreVersions":{"v1":2,"v2":2},"foi_fileName":"Z%2F23%2F194091%20-%20345987%20-%20toelichtend%20memo%20bij%20de%20wijzigingsvoorstellen.pdf","foi_nrPages":58},{"dc_format":"application/pdf","dc_identifier":"nl.gm1954.2c.2023.2835911-14.doc.7","dc_source":"https://api1.ibabs.eu/publicdownload.aspx?site=Beekdaelen&id=515de199-e2a4-4309-b4ea-7991b042bdd5","dc_title":"Bijlage: presentatie en terugkijklink informatiesessies","dc_type":"bijlage","foi_fairiscoreVersions":{"v1":2,"v2":2},"foi_fileName":"Z%2F23%2F194091%20-%20345989%20-%20presentatie%20en%20terugkijklink%20informatiesessies.pdf","foi_nrPages":36},{"dc_format":"application/pdf","dc_identifier":"nl.gm1954.2c.2023.2835911-14.doc.8","dc_source":"https://api1.ibabs.eu/publicdownload.aspx?site=Beekdaelen&id=bd380ac3-aabb-4308-940a-f3ca568adf8d","dc_title":"Bijlage: aanvullende wijzigingsvoorstellen BsGW","dc_type":"bijlage","foi_fairiscoreVersions":{"v1":1,"v2":1},"foi_fileName":"Z%2F23%2F194091%20-%20345991%20-%20aanvullende%20wijzigingsvoorstellen%20BsGW.pdf","foi_nrPages":1},{"dc_format":"application/pdf","dc_identifier":"nl.gm1954.2c.2023.2835911-14.doc.6","dc_source":"https://api1.ibabs.eu/publicdownload.aspx?site=Beekdaelen&id=189cfdf3-2a8a-4ba6-929c-bec1718cc934","dc_title":"Bijlage: informatiebrief wijzigingen nav informatiesessies","dc_type":"bijlage","foi_fairiscoreVersions":{"v1":1,"v2":1},"foi_fileName":"Z%2F23%2F194091%20-%20345998%20-%20informatiebrief%20wijzigingen%20nav%20informatiesessies.pdf","foi_nrPages":8}],"foi_nrDocuments":8,"foi_nrPagesInDossier":146,"foi_publishedDate":"2023-10-31","foi_retrievedDate":"2025-11-29"},{"dc_creator":"HandelingScraper_v1","dc_date_year":2023,"dc_description":"Vergadering van de Gemeente Beekdaelen op 2023-10-31. Onderdeel: Voorstel inzake speelruimtebeleid Beekdaelen 2023 - 2033.","dc_identifier":"nl.gm1954.2c.2023.2835911-15","dc_publisher":"gm1954","dc_source":"https://beekdaelen.bestuurlijkeinformatie.nl/Agenda/Index/bebd5e9d-80ba-428a-9913-51e93287ce4d","dc_title":"Raadsvergadering 2023-10-31 - Voorstel inzake speelruimtebeleid Beekdaelen 2023 - 2033","dc_type":"2c","dc_type_description":"Vergaderstuk decentrale overheid","foi_fairiscoreVersions":{"v1":2,"v2":1},"foi_files":[{"dc_format":"application/pdf","dc_identifier":"nl.gm1954.2c.2023.2835911-15.doc.6","dc_source":"https://api1.ibabs.eu/publicdownload.aspx?site=Beekdaelen&id=86239ceb-e8b5-4223-9a0c-5166fa6ae5ca","dc_title":"Plan van aanpak Greenspot & Co","dc_type":"bijlage","foi_fairiscoreVersions":{"v1":1,"v2":1},"foi_fileName":"Plan%20van%20aanpak%20Greenspot%20%26%20Co.pdf","foi_nrPages":6},{"dc_format":"application/pdf","dc_identifier":"nl.gm1954.2c.2023.2835911-15.doc.3","dc_source":"https://api1.ibabs.eu/publicdownload.aspx?site=Beekdaelen&id=1c116c7c-6431-46ea-a8de-aa6093759782","dc_title":"Bijlage:  Nota Speelruimtebeleid gemeente Beekdaelen 2023-2033","dc_type":"bijlage","foi_fairiscoreVersions":{"v1":2,"v2":1},"foi_fileName":"Speelruimtebeleid%20gemeente%20Beekdaelen%202023-2033.pdf","foi_nrPages":39},{"dc_format":"application/pdf","dc_identifier":"nl.gm1954.2c.2023.2835911-15.doc.4","dc_source":"https://api1.ibabs.eu/publicdownload.aspx?site=Beekdaelen&id=77484b2f-5b90-4ab8-b112-6073179cb9e0","dc_title":"Bijlage: Publieksversie Nota speelruimtebeleid gemeente Beekdaelen 2023-2033","dc_type":"bijlage","foi_fairiscoreVersions":{"v1":2,"v2":1},"foi_fileName":"Speelruimtebeleid%20gemeente%20Beekdaelen%202023-2033%20publieksversie.pdf","foi_nrPages":29},{"dc_format":"application/pdf","dc_identifier":"nl.gm1954.2c.2023.2835911-15.doc.1","dc_source":"https://api1.ibabs.eu/publicdownload.aspx?site=Beekdaelen&id=fb98a63a-0f59-42eb-99eb-416ad2631518","dc_title":"Raadsvoorstel inzake speelruimtebeleid Beekdaelen 2023-2033","dc_type":"bijlage","foi_fairiscoreVersions":{"v1":1,"v2":1},"foi_fileName":"Z%2F21%2F161363%20-%20343733%20-%20speelruimtebeleid%20Beekdaelen%202023-2033.pdf","foi_nrPages":4},{"dc_format":"application/pdf","dc_identifier":"nl.gm1954.2c.2023.2835911-15.doc.2","dc_source":"https://api1.ibabs.eu/publicdownload.aspx?site=Beekdaelen&id=6b4cc81b-9740-47c8-a171-51325644c92f","dc_title":"Raadsbesluit inzake speelruimtebeleid Beekdaelen 2023-2033 - vastgesteld 31-10-2023","dc_type":"bijlage","foi_fairiscoreVersions":{"v1":1,"v2":1},"foi_fileName":"Z%2F21%2F161363%20-%20343740%20-%20speelruimtebeleid%20Beekdaelen%202023-2033.pdf","foi_nrPages":1},{"dc_format":"application/pdf","dc_identifier":"nl.gm1954.2c.2023.2835911-15.doc.5","dc_source":"https://api1.ibabs.eu/publicdownload.aspx?site=Beekdaelen&id=51ca95c3-866e-43a2-bf38-da79173fbe6f","dc_title":"Bijlage: Participatienota speelruimtebeleid","dc_type":"bijlage","foi_fairiscoreVersions":{"v1":1,"v2":1},"foi_fileName":"Z%2F21%2F161363%20-%20346298%20-%20Participatienota%20Speelruimtebeleid.pdf","foi_nrPages":5}],"foi_nrDocuments":6,"foi_nrPagesInDossier":84,"foi_publishedDate":"2023-10-31","foi_retrievedDate":"2025-11-29"},{"dc_creator":"HandelingScraper_v1","dc_date_year":2023,"dc_description":"Vergadering van de Gemeente Beekdaelen op 2023-10-31. Onderdeel: Voorstel inzake erfgoedvisie Beekdaelen.","dc_identifier":"nl.gm1954.2c.2023.2835911-16","dc_publisher":"gm1954","dc_source":"https://beekdaelen.bestuurlijkeinformatie.nl/Agenda/Index/bebd5e9d-80ba-428a-9913-51e93287ce4d","dc_title":"Raadsvergadering 2023-10-31 - Voorstel inzake erfgoedvisie Beekdaelen","dc_type":"2c","dc_type_description":"Vergaderstuk decentrale overheid","foi_fairiscoreVersions":{"v1":2,"v2":2},"foi_files":[{"dc_format":"application/pdf","dc_identifier":"nl.gm1954.2c.2023.2835911-16.doc.3","dc_source":"https://api1.ibabs.eu/publicdownload.aspx?site=Beekdaelen&id=4298e2c1-3c20-403b-8acd-285f68ca5055","dc_title":"Bijlage 1: Amendement D66 film en visie herbestemming erfgoed","dc_type":"bijlage","foi_fairiscoreVersions":{"v1":1,"v2":1},"foi_fileName":"20191105%20Amendement%20D66%20film%20en%20visie%20herbestemming%20erfgoed.pdf","foi_nrPages":1},{"dc_format":"application/pdf","dc_identifier":"nl.gm1954.2c.2023.2835911-16.doc.2","dc_source":"https://api1.ibabs.eu/publicdownload.aspx?site=Beekdaelen&id=e48fa0b9-cdb4-41de-8da3-148b7b7452ef","dc_title":"Raadsbesluit inzake Erfgoedvisie Beekdaelen - vastgesteld 31-10-2023","dc_type":"bijlage","foi_fairiscoreVersions":{"v1":1,"v2":1},"foi_fileName":"concept%20raadsbesluit%20Erfgoedvisie%20Beekdaelen.pdf","foi_nrPages":1},{"dc_format":"application/pdf","dc_identifier":"nl.gm1954.2c.2023.2835911-16.doc.5","dc_source":"https://api1.ibabs.eu/publicdownload.aspx?site=Beekdaelen&id=592ed108-ce03-4333-9131-2d394be09494","dc_title":"bijlage 2a: Erfgoedvisie Erfgoed Ensembles Zuid Limburg - gevouwen flyer","dc_type":"bijlage","foi_fairiscoreVersions":{"v1":1,"v2":1},"foi_fileName":"DEF%20Erfgoed%20Ensembles%20Zuid%20Limburg%20-%20gevouwen%20flyer.pdf","foi_nrPages":2},{"dc_format":"application/pdf","dc_identifier":"nl.gm1954.2c.2023.2835911-16.doc.4","dc_source":"https://api1.ibabs.eu/publicdownload.aspx?site=Beekdaelen&id=98f8646c-bd5f-449a-bafb-2a4018ee9b79","dc_title":"Bijlage 2: Erfgoedvisie Beekdaelen door Gelders Genootschap","dc_type":"bijlage","foi_fairiscoreVersions":{"v1":2,"v2":2},"foi_fileName":"Def%20Erfgoedvisie%20Beekdaelen_def.pdf","foi_nrPages":37},{"dc_format":"application/pdf","dc_identifier":"nl.gm1954.2c.2023.2835911-16.doc.1","dc_source":"https://api1.ibabs.eu/publicdownload.aspx?site=Beekdaelen&id=844abd25-0747-4785-8aca-e0a53681e6f0","dc_title":"Raadsvoorstel inzake Erfgoedvisie Beekdaelen","dc_type":"bijlage","foi_fairiscoreVersions":{"v1":1,"v2":1},"foi_fileName":"Z%2F20%2F149424%20-%20346258%20-%20Erfgoedvisie%20Beekdaelen.pdf","foi_nrPages":4}],"foi_nrDocuments":5,"foi_nrPagesInDossier":45,"foi_publishedDate":"2023-10-31","foi_retrievedDate":"2025-11-29"},{"dc_creator":"HandelingScraper_v1","dc_date_year":2023,"dc_description":"Vergadering van de Gemeente Beekdaelen op 2023-10-31. Onderdeel: Voorstel inzake actualisatie Archeologische verwachtings- en beleidskaart Beekdaelen.","dc_identifier":"nl.gm1954.2c.2023.2835911-17","dc_publisher":"gm1954","dc_source":"https://beekdaelen.bestuurlijkeinformatie.nl/Agenda/Index/bebd5e9d-80ba-428a-9913-51e93287ce4d","dc_title":"Raadsvergadering 2023-10-31 - Voorstel inzake actualisatie Archeologische verwachtings- en beleidskaart Beekdaelen","dc_type":"2c","dc_type_description":"Vergaderstuk decentrale overheid","foi_fairiscoreVersions":{"v1":2,"v2":2},"foi_files":[{"dc_format":"application/pdf","dc_identifier":"nl.gm1954.2c.2023.2835911-17.doc.3","dc_source":"https://api1.ibabs.eu/publicdownload.aspx?site=Beekdaelen&id=fc34b228-e136-4433-9112-54374f7a2a2d","dc_title":"Bijlage: RAAP-rapport 6031 d.d. 05-06-2023","dc_type":"bijlage","foi_fairiscoreVersions":{"v1":2,"v2":2},"foi_fileName":"Z%2F22%2F176988%20-%20346221%20%20RAAP-rapport%206031%20dd.pdf","foi_nrPages":50},{"dc_format":"application/pdf","dc_identifier":"nl.gm1954.2c.2023.2835911-17.doc.1","dc_source":"https://api1.ibabs.eu/publicdownload.aspx?site=Beekdaelen&id=a1505b54-2807-4fc2-bae7-15ae6513edea","dc_title":"Raadsvoorstel \"archeologische verwachtings- en beleidskaart Beekdaelen 2023\"","dc_type":"bijlage","foi_fairiscoreVersions":{"v1":1,"v2":1},"foi_fileName":"Z%2F22%2F176988%20-%20346239%20-%20archeologische%20verwachtingskaart%20Beekdaelen%202023.pdf","foi_nrPages":5},{"dc_format":"application/pdf","dc_identifier":"nl.gm1954.2c.2023.2835911-17.doc.2","dc_source":"https://api1.ibabs.eu/publicdownload.aspx?site=Beekdaelen&id=a3227e20-5230-42b7-a1cb-93f157065314","dc_title":"Raadsbesluit archeologische verwachtings- en beleidskaart Beekdaelen - vastgesteld 31-10-2023","dc_type":"bijlage","foi_fairiscoreVersions":{"v1":2,"v2":1},"foi_fileName":"Z%2F22%2F176988%20-%20346241%20-%20archeologische%20verwachtings-%20en%20beleidskaart%20Beekdaelen.pdf","foi_nrPages":2}],"foi_nrDocuments":3,"foi_nrPagesInDossier":57,"foi_publishedDate":"2023-10-31","foi_retrievedDate":"2025-11-29"},{"dc_creator":"HandelingScraper_v1","dc_date_year":2023,"dc_description":"Vergadering van de Gemeente Beekdaelen op 2023-10-31. Onderdeel: Voorstel inzake Omgevingsvergunning Terstraten 1 Nuth.","dc_identifier":"nl.gm1954.2c.2023.2835911-18","dc_publisher":"gm1954","dc_source":"https://beekdaelen.bestuurlijkeinformatie.nl/Agenda/Index/bebd5e9d-80ba-428a-9913-51e93287ce4d","dc_title":"Raadsvergadering 2023-10-31 - Voorstel inzake Omgevingsvergunning Terstraten 1 Nuth","dc_type":"2c","dc_type_description":"Vergaderstuk decentrale overheid","foi_fairiscoreVersions":{"v1":2,"v2":2},"foi_files":[{"dc_format":"application/pdf","dc_identifier":"nl.gm1954.2c.2023.2835911-18.doc.1","dc_source":"https://api1.ibabs.eu/publicdownload.aspx?site=Beekdaelen&id=04f8a349-8b5b-4f85-9ff0-7892ef94286c","dc_title":"Raadsvoorstel inzake omgevingsvergunning Terstraten 1 Nuth","dc_type":"bijlage","foi_fairiscoreVersions":{"v1":1,"v2":1},"foi_fileName":"Bijlage%201%20-%20Raadsvoorstel%20omgevingsvergunning%20Terstraten%201%20Nuth.pdf","foi_nrPages":4},{"dc_format":"application/pdf","dc_identifier":"nl.gm1954.2c.2023.2835911-18.doc.10","dc_source":"https://api1.ibabs.eu/publicdownload.aspx?site=Beekdaelen&id=558ce0c6-e8ef-4a12-bc27-3432fc584aca","dc_title":"Bijlage: Zienswijze - IVN Beekdaelen-Nuth","dc_type":"bijlage","foi_fairiscoreVersions":{"v1":2,"v2":2},"foi_fileName":"Bijlage%2010a%20-%20Zienswijze%20-%20IVN%20Beekdaelen-Nuth.pdf","foi_nrPages":11},{"dc_format":"application/pdf","dc_identifier":"nl.gm1954.2c.2023.2835911-18.doc.11","dc_source":"https://api1.ibabs.eu/publicdownload.aspx?site=Beekdaelen&id=9d2870f7-78db-4ddb-8d36-cd9fb28237d8","dc_title":"Bijlage: Zienswijze bijlage - IVN Beekdaelen-Nuth","dc_type":"bijlage","foi_fairiscoreVersions":{"v1":4,"v2":4},"foi_fileName":"Bijlage%2010b%20-%20Zienswijze%20bijlage%20-%20IVN%20Beekdaelen-Nuth.pdf","foi_nrPages":7},{"dc_format":"application/pdf","dc_identifier":"nl.gm1954.2c.2023.2835911-18.doc.12","dc_source":"https://api1.ibabs.eu/publicdownload.aspx?site=Beekdaelen&id=af296cb3-1d67-4374-b373-1998283c4646","dc_title":"Bijlage: Reactie initiatiefnemer op zienswijzen verslag","dc_type":"bijlage","foi_fairiscoreVersions":{"v1":2,"v2":1},"foi_fileName":"Bijlage%2011%20-%20Reactie%20initiatiefnemer%20op%20zienswijzen%20verslag.pdf","foi_nrPages":4},{"dc_format":"application/pdf","dc_identifier":"nl.gm1954.2c.2023.2835911-18.doc.2","dc_source":"https://api1.ibabs.eu/publicdownload.aspx?site=Beekdaelen&id=979cb748-84a2-4d9c-ad46-c27cb70365d6","dc_title":"Raadsbesluit inzake omgevingsvergunning Terstraten 1 Nuth - vastgesteld 31-10-2023","dc_type":"bijlage","foi_fairiscoreVersions":{"v1":2,"v2":1},"foi_fileName":"Bijlage%202%20-%20Raadsbesluit%20omgevingsvergunning%20Terstraten%201%20Nuth.pdf","foi_nrPages":2},{"dc_format":"application/pdf","dc_identifier":"nl.gm1954.2c.2023.2835911-18.doc.3","dc_source":"https://api1.ibabs.eu/publicdownload.aspx?site=Beekdaelen&id=145b4751-35b2-466c-8e39-a6d0d3dc97bc","dc_title":"Bijlage: Definitief besluit omgevingsvergunning","dc_type":"bijlage","foi_fairiscoreVersions":{"v1":2,"v2":2},"foi_fileName":"Bijlage%203%20-%20Definitief%20besluit%20omgevingsvergunning.pdf","foi_nrPages":13},{"dc_format":"application/pdf","dc_identifier":"nl.gm1954.2c.2023.2835911-18.doc.4","dc_source":"https://api1.ibabs.eu/publicdownload.aspx?site=Beekdaelen&id=89101998-9a15-4145-92b0-ab17b7a5e99a","dc_title":"Bijlage: Ruimtelijke onderbouwing","dc_type":"bijlage","foi_fairiscoreVersions":{"v1":3,"v2":3},"foi_fileName":"Bijlage%204%20-%20Ruimtelijke%20onderbouwing.pdf","foi_nrPages":36},{"dc_format":"application/pdf","dc_identifier":"nl.gm1954.2c.2023.2835911-18.doc.5","dc_source":"https://api1.ibabs.eu/publicdownload.aspx?site=Beekdaelen&id=bfb6c94b-1006-42f7-a9a6-6f33fcfed0df","dc_title":"Bijlage: Ecologisch onderzoek - Rapport NIPA N219769-3 Terstraten 1 te Nuth DEF","dc_type":"bijlage","foi_fairiscoreVersions":{"v1":2,"v2":2},"foi_fileName":"Bijlage%205%20-%20Ecologisch%20onderzoek%20-%20Rapport%20NIPA%20N219769-3%20Terstraten%201%20te%20Nuth%20DEF.PDF","foi_nrPages":57},{"dc_format":"application/pdf","dc_identifier":"nl.gm1954.2c.2023.2835911-18.doc.6","dc_source":"https://api1.ibabs.eu/publicdownload.aspx?site=Beekdaelen&id=c18de038-1a3e-409f-9cfb-2b25b334f44a","dc_title":"Bijlage: Zienswijzenverslag behorende bij ontwerp omgevingsvergunning Terstraten 1","dc_type":"bijlage","foi_fairiscoreVersions":{"v1":1,"v2":1},"foi_fileName":"Bijlage%206%20-%20Zienswijzenverslag%20behorende%20bij%20ontwerp%20omgevingsvergunning%20Terstraten%201.pdf","foi_nrPages":15},{"dc_format":"application/pdf","dc_identifier":"nl.gm1954.2c.2023.2835911-18.doc.7","dc_source":"https://api1.ibabs.eu/publicdownload.aspx?site=Beekdaelen&id=7842436c-b449-4c09-b3a8-27aec941a405","dc_title":"Bijlage: Notitie reactie op zienswijzen Terstraten Bureau Verbeek","dc_type":"bijlage","foi_fairiscoreVersions":{"v1":1,"v2":1},"foi_fileName":"Bijlage%207%20-%20Notitie%20reactie%20op%20zienswijzen%20Terstraten%20Bureau%20Verbeek.pdf","foi_nrPages":3},{"dc_format":"application/pdf","dc_identifier":"nl.gm1954.2c.2023.2835911-18.doc.8","dc_source":"https://api1.ibabs.eu/publicdownload.aspx?site=Beekdaelen&id=1c3f09d8-c968-4d8d-8166-6bbcced91bdf","dc_title":"Bijlage: Zienswijze - inwoner gemeente Beekdaelen","dc_type":"bijlage","foi_fairiscoreVersions":{"v1":1,"v2":1},"foi_fileName":"Bijlage%207%20Zienswijze%20-%20inwoner%20gemeente%20Beekdaelen.pdf","foi_nrPages":1},{"dc_format":"application/pdf","dc_identifier":"nl.gm1954.2c.2023.2835911-18.doc.9","dc_source":"https://api1.ibabs.eu/publicdownload.aspx?site=Beekdaelen&id=16ed69ef-7f22-4c37-86d0-b41c2e8bb9c2","dc_title":"Bijlage: Zienswijze - omwonenden Terstraten Nuth","dc_type":"bijlage","foi_fairiscoreVersions":{"v1":2,"v2":2},"foi_fileName":"Bijlage%208%20Zienswijze%20-%20omwonenden%20Terstraten%20Nuth.pdf","foi_nrPages":3}],"foi_nrDocuments":12,"foi_nrPagesInDossier":156,"foi_publishedDate":"2023-10-31","foi_retrievedDate":"2025-11-29"},{"dc_creator":"HandelingScraper_v1","dc_date_year":2023,"dc_description":"Vergadering van de Gemeente Beekdaelen op 2023-10-31. Onderdeel: Voorstel inzake bestendiging voorkeursrecht Wvg Schinveld.","dc_identifier":"nl.gm1954.2c.2023.2835911-19","dc_publisher":"gm1954","dc_source":"https://beekdaelen.bestuurlijkeinformatie.nl/Agenda/Index/bebd5e9d-80ba-428a-9913-51e93287ce4d","dc_title":"Raadsvergadering 2023-10-31 - Voorstel inzake bestendiging voorkeursrecht Wvg Schinveld","dc_type":"2c","dc_type_description":"Vergaderstuk decentrale overheid","foi_fairiscoreVersions":{"v1":1,"v2":1},"foi_files":[{"dc_format":"application/pdf","dc_identifier":"nl.gm1954.2c.2023.2835911-19.doc.1","dc_source":"https://api1.ibabs.eu/publicdownload.aspx?site=Beekdaelen&id=2c4bd83f-0c2f-489f-9b28-1d381333e0a5","dc_title":"Raadsvoorstel inzake bestendiging Wvg Schinveld","dc_type":"bijlage","foi_fairiscoreVersions":{"v1":1,"v2":1},"foi_fileName":"Z%2F23%2F191200%20-%20342174%20-%20Bestendiging%20Wvg%20Schinveld.pdf","foi_nrPages":8},{"dc_format":"application/pdf","dc_identifier":"nl.gm1954.2c.2023.2835911-19.doc.2","dc_source":"https://api1.ibabs.eu/publicdownload.aspx?site=Beekdaelen&id=e2454c2e-1849-4f0a-bce0-43e8c68e2a00","dc_title":"Raadsbesluit inzake bestendiging Wvg Schinveld - vastgesteld 31-10-2023","dc_type":"bijlage","foi_fairiscoreVersions":{"v1":1,"v2":1},"foi_fileName":"Z%2F23%2F191200%20-%20342176%20-%20Raadsbesluit%20inzake%20bestendiging%20Wvg%20Schinveld.pdf","foi_nrPages":1},{"dc_format":"application/pdf","dc_identifier":"nl.gm1954.2c.2023.2835911-19.doc.6","dc_source":"https://api1.ibabs.eu/publicdownload.aspx?site=Beekdaelen&id=2c595776-dd63-41e4-a23b-1985a2a3ff48","dc_title":"Bijlage 4a Modelbrief kennisgeving belanghebbenden","dc_type":"bijlage","foi_fairiscoreVersions":{"v1":1,"v2":1},"foi_fileName":"Z%2F23%2F191200%20-%20349887%20-.pdf","foi_nrPages":3},{"dc_format":"application/pdf","dc_identifier":"nl.gm1954.2c.2023.2835911-19.doc.7","dc_source":"https://api1.ibabs.eu/publicdownload.aspx?site=Beekdaelen&id=569bc667-ca06-43c1-acea-a3db7e19be3d","dc_title":"Z/23/191200 - 349889 - Bijlage 4b Bijlage bij kennisgeving belanghebbenden","dc_type":"bijlage","foi_fairiscoreVersions":{"v1":1,"v2":1},"foi_fileName":"Z%2F23%2F191200%20-%20349889%20-.pdf","foi_nrPages":3},{"dc_format":"application/pdf","dc_identifier":"nl.gm1954.2c.2023.2835911-19.doc.5","dc_source":"https://api1.ibabs.eu/publicdownload.aspx?site=Beekdaelen&id=26054691-7804-455f-a056-a7b04abf9396","dc_title":"Bijlage 3 Publicatie Gemeenteblad","dc_type":"bijlage","foi_fairiscoreVersions":{"v1":1,"v2":1},"foi_fileName":"Z%2F23%2F191200%20-%20349890%20-.pdf","foi_nrPages":2},{"dc_format":"application/pdf","dc_identifier":"nl.gm1954.2c.2023.2835911-19.doc.4","dc_source":"https://api1.ibabs.eu/publicdownload.aspx?site=Beekdaelen&id=4b91dcd1-f9fe-4f96-97b6-800dc842f740","dc_title":"Bijlage 2 Kadastrale tekening PL-30465799-02","dc_type":"bijlage","foi_fairiscoreVersions":{"v1":1,"v2":1},"foi_fileName":"Z%2F23%2F191200%20-%20349891%20-.pdf","foi_nrPages":1},{"dc_format":"application/pdf","dc_identifier":"nl.gm1954.2c.2023.2835911-19.doc.3","dc_source":"https://api1.ibabs.eu/publicdownload.aspx?site=Beekdaelen&id=f3c6754b-540f-48fb-98f4-58f926ea61ca","dc_title":"Bijlage 1 Perceelslijst PL-30465799-02 -vastgesteld 31-10-2023","dc_type":"bijlage","foi_fairiscoreVersions":{"v1":1,"v2":1},"foi_fileName":"Z%2F23%2F191200%20-%20349915%20-.pdf","foi_nrPages":9}],"foi_nrDocuments":7,"foi_nrPagesInDossier":27,"foi_publishedDate":"2023-10-31","foi_retrievedDate":"2025-11-29"},{"dc_creator":"HandelingScraper_v1","dc_date_year":2023,"dc_description":"Vergadering van de Gemeente Beekdaelen op 2023-10-31. Onderdeel: Vaststelling van de agenda.","dc_identifier":"nl.gm1954.2c.2023.2835911-2","dc_publisher":"gm1954","dc_source":"https://beekdaelen.bestuurlijkeinformatie.nl/Agenda/Index/bebd5e9d-80ba-428a-9913-51e93287ce4d","dc_title":"Raadsvergadering 2023-10-31 - Vaststelling van de agenda","dc_type":"2c","dc_type_description":"Vergaderstuk decentrale overheid","foi_fairiscoreVersions":{"v1":1,"v2":1},"foi_files":[{"dc_format":"application/pdf","dc_identifier":"nl.gm1954.2c.2023.2835911-2.doc.1","dc_source":"https://api1.ibabs.eu/publicdownload.aspx?site=Beekdaelen&id=f6c3522b-71b8-4285-8131-8ccc01d2f3e1","dc_title":"Vastgestelde agenda raadsvergadering 31 oktober 2023","dc_type":"bijlage","foi_fairiscoreVersions":{"v1":1,"v2":1},"foi_fileName":"Vastgestelde%20agenda%20raadsvergadering%2031%20oktober%202023.pdf","foi_nrPages":1},{"dc_format":"application/pdf","dc_identifier":"nl.gm1954.2c.2023.2835911-2.doc.2","dc_source":"https://api1.ibabs.eu/publicdownload.aspx?site=Beekdaelen&id=fb2c209e-551d-4981-aa67-f0a6f8e94518","dc_title":"Verzoek PvdA tot interpellatiedebat inzake verkoop woningen Jabeek Schinveld","dc_type":"bijlage","foi_fairiscoreVersions":{"v1":1,"v2":1},"foi_fileName":"Verzoek%20PvdA%20tot%20interpelatiedebat%20inzake%20verkoop%20woningen%20Jabeek%20Schinveld.pdf","foi_nrPages":2}],"foi_nrDocuments":2,"foi_nrPagesInDossier":3,"foi_publishedDate":"2023-10-31","foi_retrievedDate":"2025-12-05"},{"dc_creator":"HandelingScraper_v1","dc_date_year":2023,"dc_description":"Vergadering van de Gemeente Beekdaelen op 2023-10-31. Onderdeel: Voorstel inzake Water- en rioleringsprogramma 2024-2027, hemelwaterverordening en aansluitverordening riolering.","dc_identifier":"nl.gm1954.2c.2023.2835911-20","dc_publisher":"gm1954","dc_source":"https://beekdaelen.bestuurlijkeinformatie.nl/Agenda/Index/bebd5e9d-80ba-428a-9913-51e93287ce4d","dc_title":"Raadsvergadering 2023-10-31 - Voorstel inzake Water- en rioleringsprogramma 2024-2027, hemelwaterverordening en aansluitverordening riolering","dc_type":"2c","dc_type_description":"Vergaderstuk decentrale overheid","foi_fairiscoreVersions":{"v1":2,"v2":1},"foi_files":[{"dc_format":"application/pdf","dc_identifier":"nl.gm1954.2c.2023.2835911-20.doc.5","dc_source":"https://api1.ibabs.eu/publicdownload.aspx?site=Beekdaelen&id=673a6400-317d-4519-b426-b32f83893c54","dc_title":"Hemelwaterverordening - vastgesteld 31-10-2023","dc_type":"bijlage","foi_fairiscoreVersions":{"v1":1,"v2":1},"foi_fileName":"346666_2%20Hemelwaterverordening.pdf","foi_nrPages":5},{"dc_format":"application/pdf","dc_identifier":"nl.gm1954.2c.2023.2835911-20.doc.3","dc_source":"https://api1.ibabs.eu/publicdownload.aspx?site=Beekdaelen&id=b668dacc-b5a4-494c-b98c-850a7f230fd8","dc_title":"Nota van Wijziging hemelwaterverordening","dc_type":"bijlage","foi_fairiscoreVersions":{"v1":1,"v2":1},"foi_fileName":"349296_1%20Nota%20van%20Wijziging%20hemelwaterverordening.pdf","foi_nrPages":3},{"dc_format":"application/pdf","dc_identifier":"nl.gm1954.2c.2023.2835911-20.doc.1","dc_source":"https://api1.ibabs.eu/publicdownload.aspx?site=Beekdaelen&id=f06e520c-be35-4bf4-ba91-594de9b77317","dc_title":"Raadsvoorstel inzake Water- en rioleringsprogramma 2024-2027, hemelwaterverordening en aansluitverordening riolering","dc_type":"bijlage","foi_fairiscoreVersions":{"v1":1,"v2":1},"foi_fileName":"Z%2F23%2F185502%20-%20344798%20-%20Water-%20en%20rioleringsprogramma%202024-2027.pdf","foi_nrPages":8},{"dc_format":"application/pdf","dc_identifier":"nl.gm1954.2c.2023.2835911-20.doc.2","dc_source":"https://api1.ibabs.eu/publicdownload.aspx?site=Beekdaelen&id=cc07cf0a-5950-415b-9687-0e41fc7584ad","dc_title":"Raadsbesluit inzake Water- en rioleringsprogramma 2024-2027, hemelwaterverordening en aansluitverordening riolering - vastgesteld 31-10-2023","dc_type":"bijlage","foi_fairiscoreVersions":{"v1":1,"v2":1},"foi_fileName":"Z%2F23%2F185502%20-%20345329%20-%20Water-%20en%20rioleringsprogramma%20gemeente%20Beekdaelen%202024-2027.pdf","foi_nrPages":1},{"dc_format":"application/pdf","dc_identifier":"nl.gm1954.2c.2023.2835911-20.doc.4","dc_source":"https://api1.ibabs.eu/publicdownload.aspx?site=Beekdaelen&id=0b30283e-d0f3-4bc1-bd5f-de534d811c1f","dc_title":"Water- en rioleringsprogramma 2024-2027","dc_type":"bijlage","foi_fairiscoreVersions":{"v1":2,"v2":1},"foi_fileName":"Z%2F23%2F185502%20-%20346665%20-.pdf","foi_nrPages":75},{"dc_format":"application/pdf","dc_identifier":"nl.gm1954.2c.2023.2835911-20.doc.6","dc_source":"https://api1.ibabs.eu/publicdownload.aspx?site=Beekdaelen&id=c2927435-d2d5-43cc-aa86-72941f37121f","dc_title":"Aansluitverordening riolering - vastgesteld 31-10-2023","dc_type":"bijlage","foi_fairiscoreVersions":{"v1":1,"v2":1},"foi_fileName":"Z%2F23%2F185502%20-%20346667%20-.pdf","foi_nrPages":6},{"dc_format":"application/pdf","dc_identifier":"nl.gm1954.2c.2023.2835911-20.doc.7","dc_source":"https://api1.ibabs.eu/publicdownload.aspx?site=Beekdaelen&id=458f1724-ac13-4a0d-8937-b6599b03e01f","dc_title":"Bijlage bij aansluitverordening riolering - aanvraagformulier","dc_type":"bijlage","foi_fairiscoreVersions":{"v1":1,"v2":1},"foi_fileName":"Z%2F23%2F185502%20-%20346668%20-.pdf","foi_nrPages":4},{"dc_format":"application/pdf","dc_identifier":"nl.gm1954.2c.2023.2835911-20.doc.8","dc_source":"https://api1.ibabs.eu/publicdownload.aspx?site=Beekdaelen&id=bfa1465b-84f5-4bd1-be5d-d44b091fb6a8","dc_title":"Tarieventabel aansluiting riolering (vaststellen in legesverordening)","dc_type":"bijlage","foi_fairiscoreVersions":{"v1":1,"v2":1},"foi_fileName":"Z%2F23%2F185502%20-%20346669%20-.pdf","foi_nrPages":2}],"foi_nrDocuments":8,"foi_nrPagesInDossier":104,"foi_publishedDate":"2023-10-31","foi_retrievedDate":"2025-11-29"},{"dc_creator":"HandelingScraper_v1","dc_date_year":2023,"dc_description":"Vergadering van de Gemeente Beekdaelen op 2023-10-31. Onderdeel: Voorstel inzake financi\u00eble bijdrage optimalisatie gemeenschapshuis Schinnen.","dc_identifier":"nl.gm1954.2c.2023.2835911-21","dc_publisher":"gm1954","dc_source":"https://beekdaelen.bestuurlijkeinformatie.nl/Agenda/Index/bebd5e9d-80ba-428a-9913-51e93287ce4d","dc_title":"Raadsvergadering 2023-10-31 - Voorstel inzake financi\u00eble bijdrage optimalisatie gemeenschapshuis Schinnen","dc_type":"2c","dc_type_description":"Vergaderstuk decentrale overheid","foi_fairiscoreVersions":{"v1":1,"v2":1},"foi_files":[{"dc_format":"application/pdf","dc_identifier":"nl.gm1954.2c.2023.2835911-21.doc.3","dc_source":"https://api1.ibabs.eu/publicdownload.aspx?site=Beekdaelen&id=441331e7-8b2f-4de3-812c-10bde8cbf6f6","dc_title":"Bijlage: Noeber Beemden - plattegrond - bestaande toestand","dc_type":"bijlage","foi_fairiscoreVersions":{"v1":1,"v2":1},"foi_fileName":"Bijlage%201-Noeber%20Beemden-%20plattegrond-%20Bestaande%20toestand.pdf","foi_nrPages":1},{"dc_format":"application/pdf","dc_identifier":"nl.gm1954.2c.2023.2835911-21.doc.4","dc_source":"https://api1.ibabs.eu/publicdownload.aspx?site=Beekdaelen&id=1d48329c-4fea-4dba-9485-37992f741d7e","dc_title":"Bijlage: Noeber Beemden - plattegrond - nieuwe toestand","dc_type":"bijlage","foi_fairiscoreVersions":{"v1":1,"v2":1},"foi_fileName":"Bijlage%201-Noeber%20Beemden-%20plattegrond-%20Nieuwe%20toestand.pdf","foi_nrPages":1},{"dc_format":"application/pdf","dc_identifier":"nl.gm1954.2c.2023.2835911-21.doc.5","dc_source":"https://api1.ibabs.eu/publicdownload.aspx?site=Beekdaelen&id=bf6efe70-1783-4877-8167-8d7e12338b62","dc_title":"Bijlage: Begrotingswijziging 10.1/2023","dc_type":"bijlage","foi_fairiscoreVersions":{"v1":1,"v2":1},"foi_fileName":"Z%2F23%2F194121%20-%20345602%20-%20Begrotingswijziging%2010.1%2F2023.pdf","foi_nrPages":1},{"dc_format":"application/pdf","dc_identifier":"nl.gm1954.2c.2023.2835911-21.doc.1","dc_source":"https://api1.ibabs.eu/publicdownload.aspx?site=Beekdaelen&id=04d5aec6-babb-490f-a384-58064ec49f62","dc_title":"Raadsvoorstel inzake financi\u00eble bijdrage gemeenschapshuis Schinnen","dc_type":"bijlage","foi_fairiscoreVersions":{"v1":1,"v2":1},"foi_fileName":"Z%2F23%2F194121%20-%20345602%20-%20Raadsvoorstel-Financi%C3%ABle%20bijdrage%20gemeenschapshuis%20Schinnen.pdf","foi_nrPages":4},{"dc_format":"application/pdf","dc_identifier":"nl.gm1954.2c.2023.2835911-21.doc.2","dc_source":"https://api1.ibabs.eu/publicdownload.aspx?site=Beekdaelen&id=f7da47ac-6e11-4c49-b5dd-71a8fb8181ce","dc_title":"Raadsbesluit inzake financi\u00eble bijdrage optimalisatie gemeenschapshuis Schinnen - vastgesteld 31-10-2023","dc_type":"bijlage","foi_fairiscoreVersions":{"v1":1,"v2":1},"foi_fileName":"Z%2F23%2F194121%20-%20345603%20-%20Raadsbesluit%20-%20Financi%C3%ABle%20bijdrage%20gemeenschapshuis%20Schinnen.pdf","foi_nrPages":1}],"foi_nrDocuments":5,"foi_nrPagesInDossier":8,"foi_publishedDate":"2023-10-31","foi_retrievedDate":"2025-11-29"},{"dc_creator":"HandelingScraper_v1","dc_date_year":2023,"dc_description":"Vergadering van de Gemeente Beekdaelen op 2023-10-31. Onderdeel: Amendement PvdA en GL.","dc_identifier":"nl.gm1954.2c.2023.2835911-22","dc_publisher":"gm1954","dc_source":"https://beekdaelen.bestuurlijkeinformatie.nl/Agenda/Index/bebd5e9d-80ba-428a-9913-51e93287ce4d","dc_title":"Raadsvergadering 2023-10-31 - Amendement PvdA en GL","dc_type":"2c","dc_type_description":"Vergaderstuk decentrale overheid","foi_fairiscoreVersions":{"v1":1,"v2":1},"foi_files":[{"dc_format":"application/pdf","dc_identifier":"nl.gm1954.2c.2023.2835911-22.doc.1","dc_source":"https://api1.ibabs.eu/publicdownload.aspx?site=Beekdaelen&id=5ec8ceaf-3ee4-4e5f-9c80-44a56cde35b5","dc_title":"Amendement PvdA en GL inzake gemeenschapshuis Schinnen VERWORPEN","dc_type":"bijlage","foi_fairiscoreVersions":{"v1":1,"v2":1},"foi_fileName":"Amendement%20PvdA%20en%20GL%20inzake%20gemeenschapshuis%20Schinnen%20VERWORPEN.pdf","foi_nrPages":1}],"foi_nrDocuments":1,"foi_nrPagesInDossier":1,"foi_publishedDate":"2023-10-31","foi_retrievedDate":"2025-11-29"},{"dc_creator":"HandelingScraper_v1","dc_date_year":2023,"dc_description":"Vergadering van de Gemeente Beekdaelen op 2023-10-31. Onderdeel: Voorstel inzake Masterplan centrum Schinveld 2.0.","dc_identifier":"nl.gm1954.2c.2023.2835911-23","dc_publisher":"gm1954","dc_source":"https://beekdaelen.bestuurlijkeinformatie.nl/Agenda/Index/bebd5e9d-80ba-428a-9913-51e93287ce4d","dc_title":"Raadsvergadering 2023-10-31 - Voorstel inzake Masterplan centrum Schinveld 2.0","dc_type":"2c","dc_type_description":"Vergaderstuk decentrale overheid","foi_fairiscoreVersions":{"v1":2,"v2":2},"foi_files":[{"dc_format":"application/pdf","dc_identifier":"nl.gm1954.2c.2023.2835911-23.doc.4","dc_source":"https://api1.ibabs.eu/publicdownload.aspx?site=Beekdaelen&id=29a78ab4-55c6-417b-8d4e-5277619fbebe","dc_title":"Masterplan 2.0 Schinveld_21-9 incl bijlagen anoniem nieuwe bijlages","dc_type":"bijlage","foi_fairiscoreVersions":{"v1":2,"v2":2},"foi_fileName":"Masterplan%202.pdf","foi_nrPages":70},{"dc_format":"application/pdf","dc_identifier":"nl.gm1954.2c.2023.2835911-23.doc.3","dc_source":"https://api1.ibabs.eu/publicdownload.aspx?site=Beekdaelen&id=13e82852-b9fb-4ec6-a813-e8bbe8995239","dc_title":"Bijlage 1: Masterplan 2.0 centrum Schinveld","dc_type":"bijlage","foi_fairiscoreVersions":{"v1":2,"v2":2},"foi_fileName":"Z%2F23%2F195098%20-%20347059.pdf","foi_nrPages":20},{"dc_format":"application/pdf","dc_identifier":"nl.gm1954.2c.2023.2835911-23.doc.1","dc_source":"https://api1.ibabs.eu/publicdownload.aspx?site=Beekdaelen&id=752bf2c1-528d-4010-8d2b-b91136cc5dbf","dc_title":"Raadsvoorstel inzake Vaststelling Masterplan 2.0 centrum Schinveld","dc_type":"bijlage","foi_fairiscoreVersions":{"v1":1,"v2":1},"foi_fileName":"Z%2F23%2F195098%20-%20347130%20-%20Raadsvoorstel%20inzake%20vaststelling%20Masterplan%202.pdf","foi_nrPages":6},{"dc_format":"application/pdf","dc_identifier":"nl.gm1954.2c.2023.2835911-23.doc.2","dc_source":"https://api1.ibabs.eu/publicdownload.aspx?site=Beekdaelen&id=25275fe0-847e-4709-9e2d-bf4350af7dd9","dc_title":"Raadsbesluit inzake vaststelling Masterplan 2.0 centrum Schinveld - vastgesteld 31-10-2023","dc_type":"bijlage","foi_fairiscoreVersions":{"v1":1,"v2":1},"foi_fileName":"Z%2F23%2F195098%20-%20347131%20-%20Raadsbesluit%20inzake%20Masterplan%202.pdf","foi_nrPages":1}],"foi_nrDocuments":4,"foi_nrPagesInDossier":97,"foi_publishedDate":"2023-10-31","foi_retrievedDate":"2025-11-29"},{"dc_creator":"HandelingScraper_v1","dc_date_year":2023,"dc_description":"Vergadering van de Gemeente Beekdaelen op 2023-10-31. Onderdeel: Vaststelling lijst ingekomen stukken.","dc_identifier":"nl.gm1954.2c.2023.2835911-24","dc_publisher":"gm1954","dc_source":"https://beekdaelen.bestuurlijkeinformatie.nl/Agenda/Index/bebd5e9d-80ba-428a-9913-51e93287ce4d","dc_title":"Raadsvergadering 2023-10-31 - Vaststelling lijst ingekomen stukken","dc_type":"2c","dc_type_description":"Vergaderstuk decentrale overheid","foi_fairiscoreVersions":{"v1":1,"v2":1},"foi_files":[{"dc_format":"application/pdf","dc_identifier":"nl.gm1954.2c.2023.2835911-24.doc.1","dc_source":"https://api1.ibabs.eu/publicdownload.aspx?site=Beekdaelen&id=b453a055-171f-4da2-92bd-adff3f688a7c","dc_title":"Lijst ingekomen stukken raad 31102023 - vastgesteld 31-10-2023","dc_type":"bijlage","foi_fairiscoreVersions":{"v1":1,"v2":1},"foi_fileName":"Lijst%20ingekomen%20stukken%20raad%2031102023%20versie%2026102023.pdf","foi_nrPages":6}],"foi_nrDocuments":1,"foi_nrPagesInDossier":6,"foi_publishedDate":"2023-10-31","foi_retrievedDate":"2025-11-29"},{"dc_creator":"HandelingScraper_v1","dc_date_year":2023,"dc_description":"Vergadering van de Gemeente Beekdaelen op 2023-10-31. Onderdeel: Vaststellen besluitenlijst openbare raadsvergadering d.d. 26 september 2023.","dc_identifier":"nl.gm1954.2c.2023.2835911-3","dc_publisher":"gm1954","dc_source":"https://beekdaelen.bestuurlijkeinformatie.nl/Agenda/Index/bebd5e9d-80ba-428a-9913-51e93287ce4d","dc_title":"Raadsvergadering 2023-10-31 - Vaststellen besluitenlijst openbare raadsvergadering d.d. 26 september 2023","dc_type":"2c","dc_type_description":"Vergaderstuk decentrale overheid","foi_fairiscoreVersions":{"v1":1,"v2":1},"foi_files":[{"dc_format":"application/pdf","dc_identifier":"nl.gm1954.2c.2023.2835911-3.doc.1","dc_source":"https://api1.ibabs.eu/publicdownload.aspx?site=Beekdaelen&id=12a2fdaa-bd7c-4fbd-9f64-0014fac98870","dc_title":"Besluitenlijst raadsvergadering 26092023 - vastgesteld 31-10-2023","dc_type":"bijlage","foi_fairiscoreVersions":{"v1":1,"v2":1},"foi_fileName":"Besluitenlijst%20raadsvergadering%2026092023.pdf","foi_nrPages":17}],"foi_nrDocuments":1,"foi_nrPagesInDossier":17,"foi_publishedDate":"2023-10-31","foi_retrievedDate":"2025-12-03"},{"dc_creator":"HandelingScraper_v1","dc_date_year":2023,"dc_description":"Vergadering van de Gemeente Beekdaelen op 2023-10-31. Onderdeel: Raadsvoorstel en nota van wijziging op alle voor de raadsvergadering van 31 oktober 2023 geagendeerde raadsvoorstellen inzake de wijziging van gemeenschappelijke regelingen.","dc_identifier":"nl.gm1954.2c.2023.2835911-4","dc_publisher":"gm1954","dc_source":"https://beekdaelen.bestuurlijkeinformatie.nl/Agenda/Index/bebd5e9d-80ba-428a-9913-51e93287ce4d","dc_title":"Raadsvergadering 2023-10-31 - Raadsvoorstel en nota van wijziging op alle voor de raadsvergadering van 31 oktober 2023 geagendeerde raadsvoorstellen inzake de wijziging van gemeenschappelijke regelingen","dc_type":"2c","dc_type_description":"Vergaderstuk decentrale overheid","foi_fairiscoreVersions":{"v1":2,"v2":2},"foi_files":[{"dc_format":"application/pdf","dc_identifier":"nl.gm1954.2c.2023.2835911-4.doc.2","dc_source":"https://api1.ibabs.eu/publicdownload.aspx?site=Beekdaelen&id=7b7389e2-8ecd-4eb5-b0e5-ec369c843968","dc_title":"Bijlage 1: Concept zienswijzenbrief - vastgesteld 31-10-2023","dc_type":"bijlage","foi_fairiscoreVersions":{"v1":1,"v2":1},"foi_fileName":"Concept%20zienswijzenbrief%20aangepast.pdf","foi_nrPages":2},{"dc_format":"application/pdf","dc_identifier":"nl.gm1954.2c.2023.2835911-4.doc.1","dc_source":"https://api1.ibabs.eu/publicdownload.aspx?site=Beekdaelen&id=4b535a25-11d2-42ee-a736-733a4b7ef948","dc_title":"Nota van wijziging op alle voor de raadsvergadering van 31-10 geagendeerde raadsvoorstellen inzake de wijziging van GR_en","dc_type":"bijlage","foi_fairiscoreVersions":{"v1":1,"v2":1},"foi_fileName":"Nota%20van%20wijziging%20op%20alle%20voor%20de%20raadsvergadering%20van%2031-10%20geagendeerde%20raadsvoorstellen%20inzake%20de%20wijziging%20van%20GR_en.pdf","foi_nrPages":3},{"dc_format":"application/pdf","dc_identifier":"nl.gm1954.2c.2023.2835911-4.doc.3","dc_source":"https://api1.ibabs.eu/publicdownload.aspx?site=Beekdaelen&id=8e8ca579-f307-487c-87d7-f9514281caee","dc_title":"Bijlage 2: Handreiking zienswijzetraject concepten gewijzigde gemeenschappelijke regelingen van de raadswerkgroep en griffiers Noord-Limburg","dc_type":"bijlage","foi_fairiscoreVersions":{"v1":2,"v2":2},"foi_fileName":"Z%2F23%2F194890%20-%20346829%20-%20Bijlage%203%20handreiking%20zienswijzetraject%20concepten%20gewijzigde%20gemeenschappelijke%20regelingen%20van%20de%20raadswerkgroep%20en%20griffiers%20Noord-Limburg.pdf","foi_nrPages":9},{"dc_format":"application/pdf","dc_identifier":"nl.gm1954.2c.2023.2835911-4.doc.4","dc_source":"https://api1.ibabs.eu/publicdownload.aspx?site=Beekdaelen&id=f1b76cd8-755e-4f69-9fe1-b84b50903e53","dc_title":"Bijlage 3: Memo \u2018legal opinion\u2019 van 4 september 2023 van Boels Zanders advocaten het adviesbureau Cooperaci\u00f3n inzake handreikingen zienswijze raden voor wijziging GR-en.","dc_type":"bijlage","foi_fairiscoreVersions":{"v1":1,"v2":1},"foi_fileName":"Z%2F23%2F194890%20-%20346830%20-%20Bijlage%204%20memo%20%E2%80%98legal%20opinion%E2%80%99%20van%204%20september%202023%20van%20Boels%20Zanders%20advocaten%20het%20adviesbureau%20Cooperaci%C3%B3n%20inzake%20handreikingen%20zienswijze%20raden%20voor%20wijziging%20GR-en.pdf","foi_nrPages":6}],"foi_nrDocuments":4,"foi_nrPagesInDossier":20,"foi_publishedDate":"2023-10-31","foi_retrievedDate":"2026-03-09"},{"dc_creator":"HandelingScraper_v1","dc_date_year":2023,"dc_description":"Vergadering van de Gemeente Beekdaelen op 2023-10-31. Onderdeel: Wijziging Gemeenschappelijke Regeling WSP.","dc_identifier":"nl.gm1954.2c.2023.2835911-5","dc_publisher":"gm1954","dc_source":"https://beekdaelen.bestuurlijkeinformatie.nl/Agenda/Index/bebd5e9d-80ba-428a-9913-51e93287ce4d","dc_title":"Raadsvergadering 2023-10-31 - Wijziging Gemeenschappelijke Regeling WSP","dc_type":"2c","dc_type_description":"Vergaderstuk decentrale overheid","foi_fairiscoreVersions":{"v1":2,"v2":2},"foi_files":[{"dc_format":"application/pdf","dc_identifier":"nl.gm1954.2c.2023.2835911-5.doc.2","dc_source":"https://api1.ibabs.eu/publicdownload.aspx?site=Beekdaelen&id=500f4ceb-beba-4348-abb2-c69edc64e787","dc_title":"Raadsbesluit inzake wijziging GR WSP Parkstad - vastgesteld 31-10-2023","dc_type":"bijlage","foi_fairiscoreVersions":{"v1":1,"v2":1},"foi_fileName":"Concept%20raadsbesluit%20wijziging%20GR%20WSP%20Parkstad.pdf","foi_nrPages":1},{"dc_format":"application/pdf","dc_identifier":"nl.gm1954.2c.2023.2835911-5.doc.1","dc_source":"https://api1.ibabs.eu/publicdownload.aspx?site=Beekdaelen&id=7166d4d0-e1f6-4ef5-b956-a3fb0c629be9","dc_title":"Raadsvoorstel inzake wijziging GR WSP Parkstad","dc_type":"bijlage","foi_fairiscoreVersions":{"v1":1,"v2":1},"foi_fileName":"Z%2F23%2F193268%20-%20344166%20-%20Raadsvoorstel%20Wijziging%20GR%20WSP%20Parkstad.pdf","foi_nrPages":3},{"dc_format":"application/pdf","dc_identifier":"nl.gm1954.2c.2023.2835911-5.doc.3","dc_source":"https://api1.ibabs.eu/publicdownload.aspx?site=Beekdaelen&id=b24d2f14-cb3d-48d3-ae94-56d072bda3f3","dc_title":"Bijlage 1a: Geconsolideerde versie ontwerpregeling GR WSP Parkstad","dc_type":"bijlage","foi_fairiscoreVersions":{"v1":1,"v2":1},"foi_fileName":"Z%2F23%2F193268%20-%20345443%20-%20Bijlage%201A%20Geconsolideerde%20versie%20ontwerpregeling%20GR%20WSP%20Parkstad.pdf","foi_nrPages":11},{"dc_format":"application/pdf","dc_identifier":"nl.gm1954.2c.2023.2835911-5.doc.4","dc_source":"https://api1.ibabs.eu/publicdownload.aspx?site=Beekdaelen&id=40d19f4d-1271-4886-a4ab-0e5ecb5d0c6a","dc_title":"Bijlage 1b: Geconsolideerde versie ontwerpregeling WSP Parkstad met zichtbare wijzigingen","dc_type":"bijlage","foi_fairiscoreVersions":{"v1":1,"v2":1},"foi_fileName":"Z%2F23%2F193268%20-%20345444%20-%20Bijlage%201B%20Geconsolideerde%20versie%20ontwerpregeling%20WSP%20Parkstad%20met%20zichtbare%20wijzigingen.pdf","foi_nrPages":12},{"dc_format":"application/pdf","dc_identifier":"nl.gm1954.2c.2023.2835911-5.doc.6","dc_source":"https://api1.ibabs.eu/publicdownload.aspx?site=Beekdaelen&id=9b1eb0b7-dff5-432d-9a91-9c5619ec7250","dc_title":"Bijlage 2a: Toelichtend memo bij de wijzigingsvoorstellen d.d. 12 juni 2023","dc_type":"bijlage","foi_fairiscoreVersions":{"v1":2,"v2":2},"foi_fileName":"Z%2F23%2F193268%20-%20345446%20-%20Bijlage%202A%20Toelichtend%20memo%20bij%20de%20wijzigingsvoorstellen%20dd%2012%20juni%202023.pdf","foi_nrPages":58},{"dc_format":"application/pdf","dc_identifier":"nl.gm1954.2c.2023.2835911-5.doc.7","dc_source":"https://api1.ibabs.eu/publicdownload.aspx?site=Beekdaelen&id=dd27e8df-3b63-4253-a009-9d917e373a5a","dc_title":"Bijlage 2b: Informatiebrief wijzigingen aangebracht n.a.v. informatiesessies met colleges, raden, griffiers, gemeentesecretarissen en juristen","dc_type":"bijlage","foi_fairiscoreVersions":{"v1":1,"v2":1},"foi_fileName":"Z%2F23%2F193268%20-%20345447%20-%20Bijlage%202B%20Informatiebrief%20wijzigingen%20aangebracht%20nav%20informatiesessies%20met%20colleges_%20raden_%20griffiers_%20gemeentesecretarissen%20en%20juristen.pdf","foi_nrPages":8},{"dc_format":"application/pdf","dc_identifier":"nl.gm1954.2c.2023.2835911-5.doc.8","dc_source":"https://api1.ibabs.eu/publicdownload.aspx?site=Beekdaelen&id=8ee2bcd7-2cf6-449d-a108-d80a48ee59cb","dc_title":"Bijlage 2c: Presentatie en terugkijklink informatiesessie voor college- en raadsleden d.d. 30 januari 2023","dc_type":"bijlage","foi_fairiscoreVersions":{"v1":2,"v2":2},"foi_fileName":"Z%2F23%2F193268%20-%20345449%20-%20Bijlage%202C%20Presentatie%20en%20terugkijklink%20informatiesessie%20voor%20college-%20en%20raadsleden%20d.d.pdf","foi_nrPages":36},{"dc_format":"application/pdf","dc_identifier":"nl.gm1954.2c.2023.2835911-5.doc.9","dc_source":"https://api1.ibabs.eu/publicdownload.aspx?site=Beekdaelen&id=c69011c0-69e2-4c45-9a0f-a7fbcce89786","dc_title":"Bijlage 3: Toelichtend memo aanvullende of afwijkende wijzigingsvoorstellen die enkel gelden voor GR WSP Parkstad","dc_type":"bijlage","foi_fairiscoreVersions":{"v1":1,"v2":1},"foi_fileName":"Z%2F23%2F193268%20-%20345450%20-%20Bijlage%203%20Toelichtend%20memo%20aanvullende%20of%20afwijkende%20wijzigingsvoorstellen%20die%20enkel%20gelden%20voor%20GR%20WSP%20Parkstad.pdf","foi_nrPages":5},{"dc_format":"application/pdf","dc_identifier":"nl.gm1954.2c.2023.2835911-5.doc.5","dc_source":"https://api1.ibabs.eu/publicdownload.aspx?site=Beekdaelen&id=f22eeed6-20cd-4998-9aa9-2a83663bd39f","dc_title":"Bijlage 2: Aanbiedingsbrief GR WSP Parkstad","dc_type":"bijlage","foi_fairiscoreVersions":{"v1":5,"v2":5},"foi_fileName":"Z%2F23%2F193268%20-%20345966%20-%20Bijlage%202%20Aanbiedingsbrief%20GR%20WSP%20Parkstad.pdf","foi_nrPages":7}],"foi_nrDocuments":9,"foi_nrPagesInDossier":141,"foi_publishedDate":"2023-10-31","foi_retrievedDate":"2025-12-03"},{"dc_creator":"HandelingScraper_v1","dc_date_year":2023,"dc_description":"Vergadering van de Gemeente Beekdaelen op 2023-10-31. Onderdeel: Wijziging Gemeenschappelijke Regeling WOZL.","dc_identifier":"nl.gm1954.2c.2023.2835911-6","dc_publisher":"gm1954","dc_source":"https://beekdaelen.bestuurlijkeinformatie.nl/Agenda/Index/bebd5e9d-80ba-428a-9913-51e93287ce4d","dc_title":"Raadsvergadering 2023-10-31 - Wijziging Gemeenschappelijke Regeling WOZL","dc_type":"2c","dc_type_description":"Vergaderstuk decentrale overheid","foi_fairiscoreVersions":{"v1":2,"v2":2},"foi_files":[{"dc_format":"application/pdf","dc_identifier":"nl.gm1954.2c.2023.2835911-6.doc.2","dc_source":"https://api1.ibabs.eu/publicdownload.aspx?site=Beekdaelen&id=f9d6cf7c-622a-4e2f-87a8-38802c4b8c92","dc_title":"Raadsbesluit inzake wijziging GR WOZL - vastgesteld 31-10-2023","dc_type":"bijlage","foi_fairiscoreVersions":{"v1":1,"v2":1},"foi_fileName":"Concept%20raadsbesluit%20wijziging%20GR%20WOZL.pdf","foi_nrPages":1},{"dc_format":"application/pdf","dc_identifier":"nl.gm1954.2c.2023.2835911-6.doc.1","dc_source":"https://api1.ibabs.eu/publicdownload.aspx?site=Beekdaelen&id=bdfbaa8b-2071-4169-b4b6-09e886d6e80f","dc_title":"Raadsvoorstel inzake wijziging GR WOZL","dc_type":"bijlage","foi_fairiscoreVersions":{"v1":1,"v2":1},"foi_fileName":"Z%2F23%2F193269%20-%20344200%20-%20Raadsvoorstel%20Wijziging%20GR%20WOZL.pdf","foi_nrPages":3},{"dc_format":"application/pdf","dc_identifier":"nl.gm1954.2c.2023.2835911-6.doc.3","dc_source":"https://api1.ibabs.eu/publicdownload.aspx?site=Beekdaelen&id=bc0061e7-e815-4c5a-9d70-8c34852eaecd","dc_title":"Bijlage 1a: Geconsolideerde versie ontwerpregeling GR WOZL","dc_type":"bijlage","foi_fairiscoreVersions":{"v1":1,"v2":1},"foi_fileName":"Z%2F23%2F193269%20-%20345436%20-%20Bijlage%201A%20Geconsolideerde%20versie%20ontwerpregeling%20GR%20WOZL.pdf","foi_nrPages":10},{"dc_format":"application/pdf","dc_identifier":"nl.gm1954.2c.2023.2835911-6.doc.4","dc_source":"https://api1.ibabs.eu/publicdownload.aspx?site=Beekdaelen&id=936384bc-fd2f-47b9-8b38-48a8b22db502","dc_title":"Bijlage 1b: Geconsolideerde versie ontwerpregeling GR WOZL met zichtbare wijzigingen","dc_type":"bijlage","foi_fairiscoreVersions":{"v1":1,"v2":1},"foi_fileName":"Z%2F23%2F193269%20-%20345437%20-%20Bijlage%201B%20Geconsolideerde%20versie%20ontwerpregeling%20GR%20WOZL%20met%20zichtbare%20wijzigingen.pdf","foi_nrPages":11},{"dc_format":"application/pdf","dc_identifier":"nl.gm1954.2c.2023.2835911-6.doc.6","dc_source":"https://api1.ibabs.eu/publicdownload.aspx?site=Beekdaelen&id=30bc2fe2-9967-4c36-908a-9f5e258da51b","dc_title":"Bijlage 2a: Toelichtend memo bij de wijzigingsvoorstellen d.d. 12 juni 2023","dc_type":"bijlage","foi_fairiscoreVersions":{"v1":2,"v2":2},"foi_fileName":"Z%2F23%2F193269%20-%20345438%20-%20Bijlage%202A%20Toelichtend%20memo%20bij%20de%20wijzigingsvoorstellen%20d.d.pdf","foi_nrPages":58},{"dc_format":"application/pdf","dc_identifier":"nl.gm1954.2c.2023.2835911-6.doc.7","dc_source":"https://api1.ibabs.eu/publicdownload.aspx?site=Beekdaelen&id=91264652-0122-43ac-b161-9cba8cfc5ea5","dc_title":"Bijlage 2b: Informatiebrief met wijzigingen aangebracht n.a.v. informatiesessies met colleges, raden, griffiers, gemeentesecretarissen en juristen","dc_type":"bijlage","foi_fairiscoreVersions":{"v1":1,"v2":1},"foi_fileName":"Z%2F23%2F193269%20-%20345439%20-%20Bijlage%202B%20Informatiebrief%20met%20wijzigingen%20aangebracht%20nav%20informatiesessies%20met%20colleges_%20raden_%20griffiers_%20gemeentesecretarissen%20en%20juristen.pdf","foi_nrPages":8},{"dc_format":"application/pdf","dc_identifier":"nl.gm1954.2c.2023.2835911-6.doc.8","dc_source":"https://api1.ibabs.eu/publicdownload.aspx?site=Beekdaelen&id=aaa7dfd9-f215-4567-ba73-50fe6e219d06","dc_title":"Bijlage 2c: Presentatie en terugkijklink informatiesessie college- en raadsleden d.d. 30 januari 2023","dc_type":"bijlage","foi_fairiscoreVersions":{"v1":2,"v2":2},"foi_fileName":"Z%2F23%2F193269%20-%20345440%20-%20Bijlage%202C%20Presentatie%20en%20terugkijklink%20informatiesessie%20college-%20en%20raadsleden%2030%20januari%202023.pdf","foi_nrPages":36},{"dc_format":"application/pdf","dc_identifier":"nl.gm1954.2c.2023.2835911-6.doc.9","dc_source":"https://api1.ibabs.eu/publicdownload.aspx?site=Beekdaelen&id=70f07309-6a78-4b54-bb6f-928210716c8b","dc_title":"Bijlage 3: Toelichtend memo aanvullende of afwijkende wijzigingsvoorstellen die enkel gelden voor GR WOZL","dc_type":"bijlage","foi_fairiscoreVersions":{"v1":1,"v2":1},"foi_fileName":"Z%2F23%2F193269%20-%20345441%20-%20Bijlage%203%20Toelichtend%20memo%20aanvullende%20of%20afwijkende%20wijzigingsvoorstellen%20die%20enkel%20gelden%20voor%20GR%20WOZL.pdf","foi_nrPages":5},{"dc_format":"application/pdf","dc_identifier":"nl.gm1954.2c.2023.2835911-6.doc.5","dc_source":"https://api1.ibabs.eu/publicdownload.aspx?site=Beekdaelen&id=c67ad24b-a46e-42ed-bd99-203ea939a0fb","dc_title":"Bijlage 2: Aanbiedingsbrief GR WOZL","dc_type":"bijlage","foi_fairiscoreVersions":{"v1":5,"v2":5},"foi_fileName":"Z%2F23%2F193269%20-%20345965%20-%20Bijlage%202%20Aanbiedingsbrief%20GR%20WOZL.pdf","foi_nrPages":7}],"foi_nrDocuments":9,"foi_nrPagesInDossier":139,"foi_publishedDate":"2023-10-31","foi_retrievedDate":"2025-11-29"},{"dc_creator":"HandelingScraper_v1","dc_date_year":2023,"dc_description":"Vergadering van de Gemeente Beekdaelen op 2023-10-31. Onderdeel: Wijziging Gemeenschappelijke Regeling VRZL.","dc_identifier":"nl.gm1954.2c.2023.2835911-7","dc_publisher":"gm1954","dc_source":"https://beekdaelen.bestuurlijkeinformatie.nl/Agenda/Index/bebd5e9d-80ba-428a-9913-51e93287ce4d","dc_title":"Raadsvergadering 2023-10-31 - Wijziging Gemeenschappelijke Regeling VRZL","dc_type":"2c","dc_type_description":"Vergaderstuk decentrale overheid","foi_fairiscoreVersions":{"v1":2,"v2":2},"foi_files":[{"dc_format":"application/pdf","dc_identifier":"nl.gm1954.2c.2023.2835911-7.doc.2","dc_source":"https://api1.ibabs.eu/publicdownload.aspx?site=Beekdaelen&id=8e5fed0f-9d39-409c-8ba9-fa0be36678c2","dc_title":"Raadsbesluit inzake wijziging GR VRZL - vastgesteld 31-10-2023","dc_type":"bijlage","foi_fairiscoreVersions":{"v1":1,"v2":1},"foi_fileName":"Concept%20raadsbesluit%20wijziging%20GR%20VRZL.pdf","foi_nrPages":1},{"dc_format":"application/pdf","dc_identifier":"nl.gm1954.2c.2023.2835911-7.doc.4","dc_source":"https://api1.ibabs.eu/publicdownload.aspx?site=Beekdaelen&id=11fc9b9d-932b-43ab-9a9b-09c78cdd54e4","dc_title":"- 1.1 Voorgestelde wijzigingen GR VRZL (schone versie) DEF","dc_type":"bijlage","foi_fairiscoreVersions":{"v1":2,"v2":1},"foi_fileName":"Z%2F23%2F194247%20-%20345804.pdf","foi_nrPages":21},{"dc_format":"application/pdf","dc_identifier":"nl.gm1954.2c.2023.2835911-7.doc.5","dc_source":"https://api1.ibabs.eu/publicdownload.aspx?site=Beekdaelen&id=daad2f47-af83-442c-928f-e470d760f6d9","dc_title":"- 1.2 Voorgestelde wijzigingen GR VRZL  (wijzigingen zichtbaar) DEF","dc_type":"bijlage","foi_fairiscoreVersions":{"v1":2,"v2":1},"foi_fileName":"Z%2F23%2F194247%20-%20345804.pdf","foi_nrPages":21},{"dc_format":"application/pdf","dc_identifier":"nl.gm1954.2c.2023.2835911-7.doc.6","dc_source":"https://api1.ibabs.eu/publicdownload.aspx?site=Beekdaelen&id=dc12e497-72b9-4a3d-a120-1a8af0a3593d","dc_title":"- 2.a Advies inzake wijziging GR'en 12062023","dc_type":"bijlage","foi_fairiscoreVersions":{"v1":2,"v2":2},"foi_fileName":"Z%2F23%2F194247%20-%20345804.pdf","foi_nrPages":58},{"dc_format":"application/pdf","dc_identifier":"nl.gm1954.2c.2023.2835911-7.doc.7","dc_source":"https://api1.ibabs.eu/publicdownload.aspx?site=Beekdaelen&id=4c4fad69-87cd-4509-a310-a6818275cf72","dc_title":"- 2.b Wijzigingen naar aanleiding van informatiesessies 12062023","dc_type":"bijlage","foi_fairiscoreVersions":{"v1":1,"v2":1},"foi_fileName":"Z%2F23%2F194247%20-%20345804.pdf","foi_nrPages":8},{"dc_format":"application/pdf","dc_identifier":"nl.gm1954.2c.2023.2835911-7.doc.8","dc_source":"https://api1.ibabs.eu/publicdownload.aspx?site=Beekdaelen&id=af97366a-506b-40a1-875e-94888c2c41f0","dc_title":"- 2.c 2023-01-30 Gemeenteraden","dc_type":"bijlage","foi_fairiscoreVersions":{"v1":2,"v2":2},"foi_fileName":"Z%2F23%2F194247%20-%20345804.pdf","foi_nrPages":36},{"dc_format":"application/pdf","dc_identifier":"nl.gm1954.2c.2023.2835911-7.doc.9","dc_source":"https://api1.ibabs.eu/publicdownload.aspx?site=Beekdaelen&id=3817855a-0cbc-442b-8bd4-02b702c6c475","dc_title":"- 3 Aanvullende wijzigingen Veiligheidsregio ZL update 19 juni 2023","dc_type":"bijlage","foi_fairiscoreVersions":{"v1":1,"v2":1},"foi_fileName":"Z%2F23%2F194247%20-%20345804.pdf","foi_nrPages":2},{"dc_format":"application/pdf","dc_identifier":"nl.gm1954.2c.2023.2835911-7.doc.10","dc_source":"https://api1.ibabs.eu/publicdownload.aspx?site=Beekdaelen&id=a04f28be-64ce-4076-ab71-15f02781fe47","dc_title":"- 4 Eensluidende tekstvoorstellen voor de dicta van de B&W- & raadsvoorstellen.","dc_type":"bijlage","foi_fairiscoreVersions":{"v1":1,"v2":1},"foi_fileName":"Z%2F23%2F194247%20-%20345804.pdf","foi_nrPages":5},{"dc_format":"application/pdf","dc_identifier":"nl.gm1954.2c.2023.2835911-7.doc.3","dc_source":"https://api1.ibabs.eu/publicdownload.aspx?site=Beekdaelen&id=1aa55785-d9fc-4560-8b0d-39cd8731e75f","dc_title":"bijlage 1. Aanbiedingsbrief voorgestelde wijzigingen GR VRZL (inclusief de in het document opgenomen bijlagen 1.1, 1.2, 2.a, 2.b, 2.c, 3 & 4)","dc_type":"bijlage","foi_fairiscoreVersions":{"v1":2,"v2":2},"foi_fileName":"Z%2F23%2F194247%20-%20345804%20-.pdf","foi_nrPages":9},{"dc_format":"application/pdf","dc_identifier":"nl.gm1954.2c.2023.2835911-7.doc.1","dc_source":"https://api1.ibabs.eu/publicdownload.aspx?site=Beekdaelen&id=bb65ea05-3af5-4a51-a223-a9e74fb84c27","dc_title":"Raadsvoorstel inzake wijziging GR VRZL","dc_type":"bijlage","foi_fairiscoreVersions":{"v1":1,"v2":1},"foi_fileName":"Z%2F23%2F194247%20-%20345813%20-%20Wijziging%20GR%20VRZL.pdf","foi_nrPages":3}],"foi_nrDocuments":10,"foi_nrPagesInDossier":164,"foi_publishedDate":"2023-10-31","foi_retrievedDate":"2025-11-29"},{"dc_creator":"HandelingScraper_v1","dc_date_year":2023,"dc_description":"Vergadering van de Gemeente Beekdaelen op 2023-10-31. Onderdeel: Wijziging Gemeenschappelijke Regeling ISD Kompas.","dc_identifier":"nl.gm1954.2c.2023.2835911-8","dc_publisher":"gm1954","dc_source":"https://beekdaelen.bestuurlijkeinformatie.nl/Agenda/Index/bebd5e9d-80ba-428a-9913-51e93287ce4d","dc_title":"Raadsvergadering 2023-10-31 - Wijziging Gemeenschappelijke Regeling ISD Kompas","dc_type":"2c","dc_type_description":"Vergaderstuk decentrale overheid","foi_fairiscoreVersions":{"v1":2,"v2":2},"foi_files":[{"dc_format":"application/pdf","dc_identifier":"nl.gm1954.2c.2023.2835911-8.doc.11","dc_source":"https://api1.ibabs.eu/publicdownload.aspx?site=Beekdaelen&id=412b1aa1-5635-4ab2-88cb-4729caff3e69","dc_title":"Aangepast raadsbesluit wijziging GR ISD Kompas incl. zienswijze VERVALLEN","dc_type":"bijlage","foi_fairiscoreVersions":{"v1":1,"v2":1},"foi_fileName":"Aangepast%20raadsbesluit%20wijziging%20GR%20ISD%20Kompas%20incl.pdf","foi_nrPages":1},{"dc_format":"application/pdf","dc_identifier":"nl.gm1954.2c.2023.2835911-8.doc.3","dc_source":"https://api1.ibabs.eu/publicdownload.aspx?site=Beekdaelen&id=b1fe1618-3708-4866-afe4-bd73ef918be9","dc_title":"Bijlage 1A Geconsolideerde versie ontwerpregeling GR ISD Kompas","dc_type":"bijlage","foi_fairiscoreVersions":{"v1":2,"v2":1},"foi_fileName":"Bijlage%201A%20Geconsolideerde%20versie%20ontwerpregeling%20GR%20ISD%20Kompas.pdf","foi_nrPages":14},{"dc_format":"application/pdf","dc_identifier":"nl.gm1954.2c.2023.2835911-8.doc.4","dc_source":"https://api1.ibabs.eu/publicdownload.aspx?site=Beekdaelen&id=fd9d7bfe-aafb-4744-902f-2861cb921f7b","dc_title":"Bijlage 1B Geconsolideerde versie ontwerpregeling GR ISD Kompas met zichtbare wijzigingen","dc_type":"bijlage","foi_fairiscoreVersions":{"v1":1,"v2":1},"foi_fileName":"Bijlage%201B%20Geconsolideerde%20versie%20ontwerpregeling%20GR%20ISD%20Kompas%20met%20zichtbare%20wijzigingen.pdf","foi_nrPages":15},{"dc_format":"application/pdf","dc_identifier":"nl.gm1954.2c.2023.2835911-8.doc.2","dc_source":"https://api1.ibabs.eu/publicdownload.aspx?site=Beekdaelen&id=cea62798-9a69-4efb-a84a-d7cc4433e90f","dc_title":"Raadsbesluit inzake wijziging GR ISD Kompas - vastgesteld 31-10-2023","dc_type":"bijlage","foi_fairiscoreVersions":{"v1":1,"v2":1},"foi_fileName":"Concept%20raadsbesluit%20wijziging%20GR%20Kompas.pdf","foi_nrPages":1},{"dc_format":"application/pdf","dc_identifier":"nl.gm1954.2c.2023.2835911-8.doc.1","dc_source":"https://api1.ibabs.eu/publicdownload.aspx?site=Beekdaelen&id=ea354170-80a2-41f5-a20c-180ca8f64310","dc_title":"Raadsvoorstel inzake Wijziging GR ISD Kompas","dc_type":"bijlage","foi_fairiscoreVersions":{"v1":1,"v2":1},"foi_fileName":"Z%2F23%2F193176%20-%20343779%20-%20Raadsvoorstel%20Wijziging%20GR%20ISD%20Kompas.pdf","foi_nrPages":4},{"dc_format":"application/pdf","dc_identifier":"nl.gm1954.2c.2023.2835911-8.doc.6","dc_source":"https://api1.ibabs.eu/publicdownload.aspx?site=Beekdaelen&id=f798228c-54fc-4be2-9131-01a04f4ad07f","dc_title":"Bijlage 2A Toelichtend memo bij de wijzigingsvoorstellen d.d. 12 juni 2023","dc_type":"bijlage","foi_fairiscoreVersions":{"v1":2,"v2":2},"foi_fileName":"Z%2F23%2F193176%20-%20345454%20-%20Bijlage%202A%20Toelichtend%20memo%20bij%20de%20wijzigingsvoorstellen%20d.d.pdf","foi_nrPages":58},{"dc_format":"application/pdf","dc_identifier":"nl.gm1954.2c.2023.2835911-8.doc.7","dc_source":"https://api1.ibabs.eu/publicdownload.aspx?site=Beekdaelen&id=3620906d-8885-47c3-98c0-66208f9cd628","dc_title":"Bijlage 2B Informatiebrief wijzigingen aangebracht nav de informatiesessies met colleges, raden, griffiers, gemeentesecretarissen en juristen","dc_type":"bijlage","foi_fairiscoreVersions":{"v1":1,"v2":1},"foi_fileName":"Z%2F23%2F193176%20-%20345455%20-%20Bijlage%202B%20Informatiebrief%20wijzigingen%20aangebracht%20nav%20de%20informatiesessies%20met%20colleges_%20raden_%20griffiers_%20gemeentesecretarissen%20en%20juristen.pdf","foi_nrPages":8},{"dc_format":"application/pdf","dc_identifier":"nl.gm1954.2c.2023.2835911-8.doc.8","dc_source":"https://api1.ibabs.eu/publicdownload.aspx?site=Beekdaelen&id=c486d4cb-3a7a-4ace-963f-57e55ee3546a","dc_title":"Bijlage 2C Presentatie en terugkijklink informatiesessie college- en raadsleden d.d. 30 januari 2023","dc_type":"bijlage","foi_fairiscoreVersions":{"v1":2,"v2":2},"foi_fileName":"Z%2F23%2F193176%20-%20345457%20-%20Bijlage%202C%20Presentatie%20en%20terugkijklink%20informatiesessie%20college-%20en%20raadsleden%20d.d.pdf","foi_nrPages":36},{"dc_format":"application/pdf","dc_identifier":"nl.gm1954.2c.2023.2835911-8.doc.9","dc_source":"https://api1.ibabs.eu/publicdownload.aspx?site=Beekdaelen&id=04aac139-565c-4084-84f4-60722e819466","dc_title":"Bijlage 3 Toelichtend memo aanvullende of afwijkende wijzigingsvoorstellen die enkel gelden voor de GR ISD Kompas","dc_type":"bijlage","foi_fairiscoreVersions":{"v1":1,"v2":1},"foi_fileName":"Z%2F23%2F193176%20-%20345458%20-%20Bijlage%203%20Toelichtend%20memo%20aanvullende%20of%20afwijkende%20wijzigingsvoorstellen%20die%20enkel%20gelden%20voor%20de%20GR%20ISD%20Kompas.pdf","foi_nrPages":2},{"dc_format":"application/pdf","dc_identifier":"nl.gm1954.2c.2023.2835911-8.doc.5","dc_source":"https://api1.ibabs.eu/publicdownload.aspx?site=Beekdaelen&id=8f237dfa-cd9e-4be3-b306-a2f8ca544bc6","dc_title":"Bijlage 2 Aanbiedingsbrief GR ISD Kompas","dc_type":"bijlage","foi_fairiscoreVersions":{"v1":1,"v2":1},"foi_fileName":"Z%2F23%2F193176%20-%20345969%20-%20Bijlage%202%20Aanbiedingsbrief%20GR%20ISD%20Kompas.pdf","foi_nrPages":7},{"dc_format":"application/pdf","dc_identifier":"nl.gm1954.2c.2023.2835911-8.doc.10","dc_source":"https://api1.ibabs.eu/publicdownload.aspx?site=Beekdaelen&id=6a186b94-6bec-4986-a654-e77a2afbe135","dc_title":"Bijlage: Advies ASD","dc_type":"bijlage","foi_fairiscoreVersions":{"v1":1,"v2":1},"foi_fileName":"Z%2F23%2F193176%20-%20346654%20-%20Advies%20ASD.pdf","foi_nrPages":2}],"foi_nrDocuments":11,"foi_nrPagesInDossier":148,"foi_publishedDate":"2023-10-31","foi_retrievedDate":"2025-11-29"},{"dc_creator":"HandelingScraper_v1","dc_date_year":2023,"dc_description":"Vergadering van de Gemeente Beekdaelen op 2023-10-31. Onderdeel: Wijziging Gemeenschappelijke Regeling GGD ZL.","dc_identifier":"nl.gm1954.2c.2023.2835911-9","dc_publisher":"gm1954","dc_source":"https://beekdaelen.bestuurlijkeinformatie.nl/Agenda/Index/bebd5e9d-80ba-428a-9913-51e93287ce4d","dc_title":"Raadsvergadering 2023-10-31 - Wijziging Gemeenschappelijke Regeling GGD ZL","dc_type":"2c","dc_type_description":"Vergaderstuk decentrale overheid","foi_fairiscoreVersions":{"v1":2,"v2":2},"foi_files":[{"dc_format":"application/pdf","dc_identifier":"nl.gm1954.2c.2023.2835911-9.doc.2","dc_source":"https://api1.ibabs.eu/publicdownload.aspx?site=Beekdaelen&id=b21ead07-6b0d-408f-b996-06a5e3b840db","dc_title":"Raadsbesluit inzake wijziging GR GGD ZL - vastgesteld 31-10-2023","dc_type":"bijlage","foi_fairiscoreVersions":{"v1":1,"v2":1},"foi_fileName":"Concept%20raadsbesluit%20wijziging%20GR%20GGD%20ZL.pdf","foi_nrPages":1},{"dc_format":"application/pdf","dc_identifier":"nl.gm1954.2c.2023.2835911-9.doc.1","dc_source":"https://api1.ibabs.eu/publicdownload.aspx?site=Beekdaelen&id=3918fe52-b5e9-401c-84a1-cd4da0d38d97","dc_title":"Raadsvoorstel Wijziging Gemeenschappelijke Regeling GGD Zuid-Limburg","dc_type":"bijlage","foi_fairiscoreVersions":{"v1":1,"v2":1},"foi_fileName":"Z%2F23%2F192439%20-%20345930%20-%20Wijziging%20Gemeenschappelijke%20Regeling%20GGD%20Zuid-Limburg.pdf","foi_nrPages":3},{"dc_format":"application/pdf","dc_identifier":"nl.gm1954.2c.2023.2835911-9.doc.3","dc_source":"https://api1.ibabs.eu/publicdownload.aspx?site=Beekdaelen&id=01b229cc-8bf7-4bdd-b031-d9e07222a535","dc_title":"Bijlage 1: Oplegbrief wijzigingstraject GGD ZL","dc_type":"bijlage","foi_fairiscoreVersions":{"v1":1,"v2":1},"foi_fileName":"Z%2F23%2F192439%20-%20346136%20-%20bijlage%20I%20Oplegbrief%20wijzigingstraject%20GGD%20ZL.pdf","foi_nrPages":9},{"dc_format":"application/pdf","dc_identifier":"nl.gm1954.2c.2023.2835911-9.doc.4","dc_source":"https://api1.ibabs.eu/publicdownload.aspx?site=Beekdaelen&id=66fe1895-4192-4435-a4b9-6946cdfacd42","dc_title":"Bijlage 1.1: Geconsolideerde versie van de wijziging GR GGD ZL","dc_type":"bijlage","foi_fairiscoreVersions":{"v1":1,"v2":1},"foi_fileName":"Z%2F23%2F192439%20-%20346138%20-%20bijlage%201.1.pdf","foi_nrPages":37},{"dc_format":"application/pdf","dc_identifier":"nl.gm1954.2c.2023.2835911-9.doc.5","dc_source":"https://api1.ibabs.eu/publicdownload.aspx?site=Beekdaelen&id=9d732169-93e3-46bf-b91d-9fa318ea86f3","dc_title":"Bijlage 1.2: Wijzigingsvoorstellen GGD","dc_type":"bijlage","foi_fairiscoreVersions":{"v1":1,"v2":1},"foi_fileName":"Z%2F23%2F192439%20-%20346139%20-%20bijlage%201.pdf","foi_nrPages":38},{"dc_format":"application/pdf","dc_identifier":"nl.gm1954.2c.2023.2835911-9.doc.6","dc_source":"https://api1.ibabs.eu/publicdownload.aspx?site=Beekdaelen&id=4a1b1be9-e16c-4544-b7b4-a6d4309e39a0","dc_title":"Bijlage 2a: Advies inzake wijziging GR GGD 12062023","dc_type":"bijlage","foi_fairiscoreVersions":{"v1":2,"v2":2},"foi_fileName":"Z%2F23%2F192439%20-%20346140%20-%20bijlage%202.pdf","foi_nrPages":58},{"dc_format":"application/pdf","dc_identifier":"nl.gm1954.2c.2023.2835911-9.doc.7","dc_source":"https://api1.ibabs.eu/publicdownload.aspx?site=Beekdaelen&id=cb536da5-72c6-4f8a-9aad-5253734ab255","dc_title":"Bijlage 2b: Wijzigingen n.a.v. informatiesessies","dc_type":"bijlage","foi_fairiscoreVersions":{"v1":1,"v2":1},"foi_fileName":"Z%2F23%2F192439%20-%20346141%20-%202.pdf","foi_nrPages":8},{"dc_format":"application/pdf","dc_identifier":"nl.gm1954.2c.2023.2835911-9.doc.8","dc_source":"https://api1.ibabs.eu/publicdownload.aspx?site=Beekdaelen&id=d14274a4-8cee-463c-86cb-a5e7ee1ee74d","dc_title":"Bijlage 2c: Presentatie en een terugkijklink naar de informatiesessie voor de college- en raadsleden van 30 januari 2023","dc_type":"bijlage","foi_fairiscoreVersions":{"v1":2,"v2":2},"foi_fileName":"Z%2F23%2F192439%20-%20346142%20-%20bijlage%202.pdf","foi_nrPages":36},{"dc_format":"application/pdf","dc_identifier":"nl.gm1954.2c.2023.2835911-9.doc.9","dc_source":"https://api1.ibabs.eu/publicdownload.aspx?site=Beekdaelen&id=ba2f3233-6733-48f9-8ede-ae01f81d1762","dc_title":"Bijlage 3: Toelichtend memo op aanvullende of afwijkende wijzigingsvoorstellen gemeenschappelijke regeling GGD Zuid","dc_type":"bijlage","foi_fairiscoreVersions":{"v1":1,"v2":1},"foi_fileName":"Z%2F23%2F192439%20-%20346143%20-%20bijlage%203%20toelichtend%20memo%20op%20aanvullende%20of%20afwijkende%20wijzigingsvoorstellen%20gemeenschappelijke%20regeling%20GGD%20Zuid.pdf","foi_nrPages":6}],"foi_nrDocuments":9,"foi_nrPagesInDossier":196,"foi_publishedDate":"2023-10-31","foi_retrievedDate":"2025-11-29"},{"dc_creator":"HandelingScraper_v1","dc_date_year":2023,"dc_description":"Vergadering van de Gemeente Beekdaelen op 2023-11-08. Onderdeel: Vaststellen concept-agenda.","dc_identifier":"nl.gm1954.2c.2023.2836034-1","dc_publisher":"gm1954","dc_source":"https://beekdaelen.bestuurlijkeinformatie.nl/Agenda/Index/3e1c82f3-0240-4e22-a897-1bc6bb5726fc","dc_title":"BDN Commissie AWACS Limburg 2023-11-08 - Vaststellen concept-agenda","dc_type":"2c","dc_type_description":"Vergaderstuk decentrale overheid","foi_fairiscoreVersions":{"v1":1,"v2":1},"foi_files":[{"dc_format":"application/pdf","dc_identifier":"nl.gm1954.2c.2023.2836034-1.doc.1","dc_source":"https://api1.ibabs.eu/publicdownload.aspx?site=Beekdaelen&id=61d5279e-f5e0-46b7-b77e-bebe9fe90836","dc_title":"036-CAL-AWACS-2023-concept-agenda 8-11-2023.versie 27-10-2023","dc_type":"bijlage","foi_fairiscoreVersions":{"v1":1,"v2":1},"foi_fileName":"036-CAL-AWACS-2023-concept-agenda%208-11-2023.pdf","foi_nrPages":2}],"foi_nrDocuments":1,"foi_nrPagesInDossier":2,"foi_publishedDate":"2023-11-08","foi_retrievedDate":"2025-11-29"},{"dc_creator":"HandelingScraper_v1","dc_date_year":2023,"dc_description":"Vergadering van de Gemeente Beekdaelen op 2023-11-08. Onderdeel: Brief College GS over vertegenwoordiging Ministerie I&M aan de Staatssecretaris van Defensie.","dc_identifier":"nl.gm1954.2c.2023.2836034-10","dc_publisher":"gm1954","dc_source":"https://beekdaelen.bestuurlijkeinformatie.nl/Agenda/Index/3e1c82f3-0240-4e22-a897-1bc6bb5726fc","dc_title":"BDN Commissie AWACS Limburg 2023-11-08 - Brief College GS over vertegenwoordiging Ministerie I&M aan de Staatssecretaris van Defensie","dc_type":"2c","dc_type_description":"Vergaderstuk decentrale overheid","foi_fairiscoreVersions":{"v1":2,"v2":2},"foi_files":[{"dc_format":"application/pdf","dc_identifier":"nl.gm1954.2c.2023.2836034-10.doc.1","dc_source":"https://api1.ibabs.eu/publicdownload.aspx?site=Beekdaelen&id=315ed221-d0b7-42f1-a32a-7c2d28fd475d","dc_title":"045-CAL-AWACS-2023-Vertegenwoordiging in de Commissie AWACS Minister van I&W","dc_type":"bijlage","foi_fairiscoreVersions":{"v1":2,"v2":2},"foi_fileName":"045-CAL-AWACS-2023-Vertegenwoordiging%20in%20de%20Commissie%20AWACS%20Minister%20van%20I%26W.pdf","foi_nrPages":1}],"foi_nrDocuments":1,"foi_nrPagesInDossier":1,"foi_publishedDate":"2023-11-08","foi_retrievedDate":"2025-11-29"},{"dc_creator":"HandelingScraper_v1","dc_date_year":2023,"dc_description":"Vergadering van de Gemeente Beekdaelen op 2023-11-08. Onderdeel: Overzicht klachten van het 2e kwartaal 2023 - Ter kennisname, via schriftelijke ronde 20-09-2023 afgedaan.","dc_identifier":"nl.gm1954.2c.2023.2836034-11","dc_publisher":"gm1954","dc_source":"https://beekdaelen.bestuurlijkeinformatie.nl/Agenda/Index/3e1c82f3-0240-4e22-a897-1bc6bb5726fc","dc_title":"BDN Commissie AWACS Limburg 2023-11-08 - Overzicht klachten van het 2e kwartaal 2023 - Ter kennisname, via schriftelijke ronde 20-09-2023 afgedaan","dc_type":"2c","dc_type_description":"Vergaderstuk decentrale overheid","foi_fairiscoreVersions":{"v1":2,"v2":1},"foi_files":[{"dc_format":"application/pdf","dc_identifier":"nl.gm1954.2c.2023.2836034-11.doc.1","dc_source":"https://api1.ibabs.eu/publicdownload.aspx?site=Beekdaelen&id=09c86df0-747e-4997-960c-ec1c6ad39742","dc_title":"034-CAL-AWACS-2023-Overzicht Klachten Q2-2023","dc_type":"bijlage","foi_fairiscoreVersions":{"v1":2,"v2":1},"foi_fileName":"034-CAL-AWACS-2023-Overzicht%20Klachten%20Q2-2023.pdf","foi_nrPages":15}],"foi_nrDocuments":1,"foi_nrPagesInDossier":15,"foi_publishedDate":"2023-11-08","foi_retrievedDate":"2025-11-29"},{"dc_creator":"HandelingScraper_v1","dc_date_year":2023,"dc_description":"Vergadering van de Gemeente Beekdaelen op 2023-11-08. Onderdeel: Vliegbewegingen boven de woonkernen van Schinveld en Brunssum 2e kwartaalrapport 2023 - Ter kennisname, via schriftelijke ronde 20-09-2023 afgedaan.","dc_identifier":"nl.gm1954.2c.2023.2836034-12","dc_publisher":"gm1954","dc_source":"https://beekdaelen.bestuurlijkeinformatie.nl/Agenda/Index/3e1c82f3-0240-4e22-a897-1bc6bb5726fc","dc_title":"BDN Commissie AWACS Limburg 2023-11-08 - Vliegbewegingen boven de woonkernen van Schinveld en Brunssum 2e kwartaalrapport 2023 - Ter kennisname, via schriftelijke ronde 20-09-2023 afgedaan","dc_type":"2c","dc_type_description":"Vergaderstuk decentrale overheid","foi_fairiscoreVersions":{"v1":2,"v2":1},"foi_files":[{"dc_format":"application/pdf","dc_identifier":"nl.gm1954.2c.2023.2836034-12.doc.1","dc_source":"https://api1.ibabs.eu/publicdownload.aspx?site=Beekdaelen&id=f192339d-267e-476e-8a10-26b3485df34f","dc_title":"035-CAL-AWACS-2023- Q2 Woonkernoffenders","dc_type":"bijlage","foi_fairiscoreVersions":{"v1":2,"v2":1},"foi_fileName":"035-CAL-AWACS-2023-%20Q2%20Woonkernoffenders.pdf","foi_nrPages":8}],"foi_nrDocuments":1,"foi_nrPagesInDossier":8,"foi_publishedDate":"2023-11-08","foi_retrievedDate":"2025-11-29"},{"dc_creator":"HandelingScraper_v1","dc_date_year":2023,"dc_description":"Vergadering van de Gemeente Beekdaelen op 2023-11-08. Onderdeel: Overzicht klachten van het 3e kwartaal 2023 - Ter bespreking.","dc_identifier":"nl.gm1954.2c.2023.2836034-13","dc_publisher":"gm1954","dc_source":"https://beekdaelen.bestuurlijkeinformatie.nl/Agenda/Index/3e1c82f3-0240-4e22-a897-1bc6bb5726fc","dc_title":"BDN Commissie AWACS Limburg 2023-11-08 - Overzicht klachten van het 3e kwartaal 2023 - Ter bespreking","dc_type":"2c","dc_type_description":"Vergaderstuk decentrale overheid","foi_fairiscoreVersions":{"v1":2,"v2":1},"foi_files":[{"dc_format":"application/pdf","dc_identifier":"nl.gm1954.2c.2023.2836034-13.doc.1","dc_source":"https://api1.ibabs.eu/publicdownload.aspx?site=Beekdaelen&id=41dddea6-72ef-4497-9ce6-076dd6fc6e9a","dc_title":"046-CAL-AWACS-2023-Klachten Q3 2023","dc_type":"bijlage","foi_fairiscoreVersions":{"v1":2,"v2":1},"foi_fileName":"046-CAL-AWACS-2023-Klachten%20Q3%202023.pdf","foi_nrPages":21}],"foi_nrDocuments":1,"foi_nrPagesInDossier":21,"foi_publishedDate":"2023-11-08","foi_retrievedDate":"2025-11-29"},{"dc_creator":"HandelingScraper_v1","dc_date_year":2023,"dc_description":"Vergadering van de Gemeente Beekdaelen op 2023-11-08. Onderdeel: Vliegbewegingen boven de woonkernen van Schinveld en Brunssum 3e kwartaalrapport 2023 - Ter bespreking.","dc_identifier":"nl.gm1954.2c.2023.2836034-14","dc_publisher":"gm1954","dc_source":"https://beekdaelen.bestuurlijkeinformatie.nl/Agenda/Index/3e1c82f3-0240-4e22-a897-1bc6bb5726fc","dc_title":"BDN Commissie AWACS Limburg 2023-11-08 - Vliegbewegingen boven de woonkernen van Schinveld en Brunssum 3e kwartaalrapport 2023 - Ter bespreking","dc_type":"2c","dc_type_description":"Vergaderstuk decentrale overheid","foi_fairiscoreVersions":{"v1":2,"v2":1},"foi_files":[{"dc_format":"application/pdf","dc_identifier":"nl.gm1954.2c.2023.2836034-14.doc.1","dc_source":"https://api1.ibabs.eu/publicdownload.aspx?site=Beekdaelen&id=7bc0dcbf-3904-4fa4-b1cf-aff8a9e9685f","dc_title":"047-CAL-AWACS-2023-Woonkernoffenders Q3 2023","dc_type":"bijlage","foi_fairiscoreVersions":{"v1":2,"v2":1},"foi_fileName":"047-CAL-AWACS-2023-Woonkernoffenders%20Q3%202023.pdf","foi_nrPages":7}],"foi_nrDocuments":1,"foi_nrPagesInDossier":7,"foi_publishedDate":"2023-11-08","foi_retrievedDate":"2025-11-29"},{"dc_creator":"HandelingScraper_v1","dc_date_year":2023,"dc_description":"Vergadering van de Gemeente Beekdaelen op 2023-11-08. Onderdeel: Halfjaarrapportage Vliegbewaking 1e helft 2023.","dc_identifier":"nl.gm1954.2c.2023.2836034-15","dc_publisher":"gm1954","dc_source":"https://beekdaelen.bestuurlijkeinformatie.nl/Agenda/Index/3e1c82f3-0240-4e22-a897-1bc6bb5726fc","dc_title":"BDN Commissie AWACS Limburg 2023-11-08 - Halfjaarrapportage Vliegbewaking 1e helft 2023","dc_type":"2c","dc_type_description":"Vergaderstuk decentrale overheid","foi_fairiscoreVersions":{"v1":2,"v2":2},"foi_files":[{"dc_format":"application/pdf","dc_identifier":"nl.gm1954.2c.2023.2836034-15.doc.1","dc_source":"https://api1.ibabs.eu/publicdownload.aspx?site=Beekdaelen&id=d7220f71-20d4-47c4-b32b-b33938897e72","dc_title":"048-CAL-AWACS-2023-NLR-Halfjaarrapportage Vliegbewaking","dc_type":"bijlage","foi_fairiscoreVersions":{"v1":2,"v2":2},"foi_fileName":"048-CAL-AWACS-2023-NLR-Halfjaarrapportage%20Vliegbewaking.pdf","foi_nrPages":29}],"foi_nrDocuments":1,"foi_nrPagesInDossier":29,"foi_publishedDate":"2023-11-08","foi_retrievedDate":"2025-11-29"},{"dc_creator":"HandelingScraper_v1","dc_date_year":2023,"dc_description":"Vergadering van de Gemeente Beekdaelen op 2023-11-08. Onderdeel: Bespreking rapport evaluatie CAL, Bureau SEO.","dc_identifier":"nl.gm1954.2c.2023.2836034-2","dc_publisher":"gm1954","dc_source":"https://beekdaelen.bestuurlijkeinformatie.nl/Agenda/Index/3e1c82f3-0240-4e22-a897-1bc6bb5726fc","dc_title":"BDN Commissie AWACS Limburg 2023-11-08 - Bespreking rapport evaluatie CAL, Bureau SEO","dc_type":"2c","dc_type_description":"Vergaderstuk decentrale overheid","foi_fairiscoreVersions":{"v1":1,"v2":1},"foi_files":[{"dc_format":"application/pdf","dc_identifier":"nl.gm1954.2c.2023.2836034-2.doc.1","dc_source":"https://api1.ibabs.eu/publicdownload.aspx?site=Beekdaelen&id=4b35303f-90ee-403c-bb65-2eafb3b24fb5","dc_title":"037-CAL-AWACS-Eindrapport - Evaluatie CAL","dc_type":"bijlage","foi_fairiscoreVersions":{"v1":1,"v2":1},"foi_fileName":"037-CAL-AWACS-Eindrapport%20-%20Evaluatie%20CAL.pdf","foi_nrPages":41}],"foi_nrDocuments":1,"foi_nrPagesInDossier":41,"foi_publishedDate":"2023-11-08","foi_retrievedDate":"2025-11-29"},{"dc_creator":"HandelingScraper_v1","dc_date_year":2023,"dc_description":"Vergadering van de Gemeente Beekdaelen op 2023-11-08. Onderdeel: Stand van Zaken landelijke evaluatie COVM\u2019s.","dc_identifier":"nl.gm1954.2c.2023.2836034-3","dc_publisher":"gm1954","dc_source":"https://beekdaelen.bestuurlijkeinformatie.nl/Agenda/Index/3e1c82f3-0240-4e22-a897-1bc6bb5726fc","dc_title":"BDN Commissie AWACS Limburg 2023-11-08 - Stand van Zaken landelijke evaluatie COVM\u2019s","dc_type":"2c","dc_type_description":"Vergaderstuk decentrale overheid","foi_fairiscoreVersions":{"v1":1,"v2":1},"foi_files":[{"dc_format":"application/pdf","dc_identifier":"nl.gm1954.2c.2023.2836034-3.doc.1","dc_source":"https://api1.ibabs.eu/publicdownload.aspx?site=Beekdaelen&id=f3b6c07c-b76a-41c2-9a99-6087b00ff398","dc_title":"025-CAL-AWACS-2023-Brief evaluatie COVM","dc_type":"bijlage","foi_fairiscoreVersions":{"v1":1,"v2":1},"foi_fileName":"025-CAL-AWACS-2023-Brief%20evaluatie%20COVM.pdf","foi_nrPages":2}],"foi_nrDocuments":1,"foi_nrPagesInDossier":2,"foi_publishedDate":"2023-11-08","foi_retrievedDate":"2025-11-29"},{"dc_creator":"HandelingScraper_v1","dc_date_year":2023,"dc_description":"Vergadering van de Gemeente Beekdaelen op 2023-11-08. Onderdeel: Concept-verslag.","dc_identifier":"nl.gm1954.2c.2023.2836034-4","dc_publisher":"gm1954","dc_source":"https://beekdaelen.bestuurlijkeinformatie.nl/Agenda/Index/3e1c82f3-0240-4e22-a897-1bc6bb5726fc","dc_title":"BDN Commissie AWACS Limburg 2023-11-08 - Concept-verslag","dc_type":"2c","dc_type_description":"Vergaderstuk decentrale overheid","foi_fairiscoreVersions":{"v1":1,"v2":1},"foi_files":[{"dc_format":"application/pdf","dc_identifier":"nl.gm1954.2c.2023.2836034-4.doc.1","dc_source":"https://api1.ibabs.eu/publicdownload.aspx?site=Beekdaelen&id=465b58ad-9189-43d1-a522-1d9bd05eac47","dc_title":"038-CAL-AWACS-2023-concept-verslag 28 juni 2023 versie 25-10-2023","dc_type":"bijlage","foi_fairiscoreVersions":{"v1":1,"v2":1},"foi_fileName":"038-CAL-AWACS-2023-concept-verslag%2028%20juni%202023%20versie%2025-10-2023.pdf","foi_nrPages":7},{"dc_format":"application/pdf","dc_identifier":"nl.gm1954.2c.2023.2836034-4.doc.2","dc_source":"https://api1.ibabs.eu/publicdownload.aspx?site=Beekdaelen&id=f3ce4cf7-6acd-4679-b99a-fc7f8310060d","dc_title":"039-CAL-AWACS-2023-Actielijst CAL 8-11-203-versie 17-10-2023","dc_type":"bijlage","foi_fairiscoreVersions":{"v1":1,"v2":1},"foi_fileName":"039-CAL-AWACS-2023-Actielijst%20CAL%208-11-203-versie%2017-10-2023.pdf","foi_nrPages":2}],"foi_nrDocuments":2,"foi_nrPagesInDossier":9,"foi_publishedDate":"2023-11-08","foi_retrievedDate":"2025-11-29"},{"dc_creator":"HandelingScraper_v1","dc_date_year":2023,"dc_description":"Vergadering van de Gemeente Beekdaelen op 2023-11-08. Onderdeel: Brief Vereniging STOP AWACS aan Ministerie van Defensie.","dc_identifier":"nl.gm1954.2c.2023.2836034-5","dc_publisher":"gm1954","dc_source":"https://beekdaelen.bestuurlijkeinformatie.nl/Agenda/Index/3e1c82f3-0240-4e22-a897-1bc6bb5726fc","dc_title":"BDN Commissie AWACS Limburg 2023-11-08 - Brief Vereniging STOP AWACS aan Ministerie van Defensie","dc_type":"2c","dc_type_description":"Vergaderstuk decentrale overheid","foi_fairiscoreVersions":{"v1":1,"v2":2},"foi_files":[{"dc_format":"application/pdf","dc_identifier":"nl.gm1954.2c.2023.2836034-5.doc.1","dc_source":"https://api1.ibabs.eu/publicdownload.aspx?site=Beekdaelen&id=fa20d7a7-c4d2-4806-bcaf-f41e916bd986","dc_title":"040-CAL-AWACS-2023- Brief Vereniging STOP AWACS overlast inzake AWACS","dc_type":"bijlage","foi_fairiscoreVersions":{"v1":1,"v2":2},"foi_fileName":"040-CAL-AWACS-2023-%20Brief%20Vereniging%20STOP%20AWACS%20overlast%20inzake%20AWACS.pdf","foi_nrPages":1}],"foi_nrDocuments":1,"foi_nrPagesInDossier":1,"foi_publishedDate":"2023-11-08","foi_retrievedDate":"2025-11-29"},{"dc_creator":"HandelingScraper_v1","dc_date_year":2023,"dc_description":"Vergadering van de Gemeente Beekdaelen op 2023-11-08. Onderdeel: Reactiebrief van Ministerie van Defensie aan Vereniging Stop AWACS.","dc_identifier":"nl.gm1954.2c.2023.2836034-6","dc_publisher":"gm1954","dc_source":"https://beekdaelen.bestuurlijkeinformatie.nl/Agenda/Index/3e1c82f3-0240-4e22-a897-1bc6bb5726fc","dc_title":"BDN Commissie AWACS Limburg 2023-11-08 - Reactiebrief van Ministerie van Defensie aan Vereniging Stop AWACS","dc_type":"2c","dc_type_description":"Vergaderstuk decentrale overheid","foi_fairiscoreVersions":{"v1":1,"v2":1},"foi_files":[{"dc_format":"application/pdf","dc_identifier":"nl.gm1954.2c.2023.2836034-6.doc.1","dc_source":"https://api1.ibabs.eu/publicdownload.aspx?site=Beekdaelen&id=908a574c-981d-4edc-a0d9-578206c0a90c","dc_title":"041-CAL-AWACS-2023-Reactiebrief Ministerie Defensie op brief Vereniging STOP AWACS over","dc_type":"bijlage","foi_fairiscoreVersions":{"v1":1,"v2":1},"foi_fileName":"041-CAL-AWACS-2023-Reactiebrief%20Ministerie%20Defensie%20op%20brief%20Vereniging%20STOP%20AWACS%20over.pdf","foi_nrPages":2}],"foi_nrDocuments":1,"foi_nrPagesInDossier":2,"foi_publishedDate":"2023-11-08","foi_retrievedDate":"2025-11-29"},{"dc_creator":"HandelingScraper_v1","dc_date_year":2023,"dc_description":"Vergadering van de Gemeente Beekdaelen op 2023-11-08. Onderdeel: Brief College GS aan Beekdaelen over meetstation ultrafijnstof.","dc_identifier":"nl.gm1954.2c.2023.2836034-7","dc_publisher":"gm1954","dc_source":"https://beekdaelen.bestuurlijkeinformatie.nl/Agenda/Index/3e1c82f3-0240-4e22-a897-1bc6bb5726fc","dc_title":"BDN Commissie AWACS Limburg 2023-11-08 - Brief College GS aan Beekdaelen over meetstation ultrafijnstof","dc_type":"2c","dc_type_description":"Vergaderstuk decentrale overheid","foi_fairiscoreVersions":{"v1":2,"v2":2},"foi_files":[{"dc_format":"application/pdf","dc_identifier":"nl.gm1954.2c.2023.2836034-7.doc.1","dc_source":"https://api1.ibabs.eu/publicdownload.aspx?site=Beekdaelen&id=35bc5b61-412d-469d-bd57-0d0b1f8f8788","dc_title":"042-CAL-AWACS-2023-Brief Beekdaelen meetstations ultrafijnstof","dc_type":"bijlage","foi_fairiscoreVersions":{"v1":2,"v2":2},"foi_fileName":"042-CAL-AWACS-2023-Brief%20Beekdaelen%20meetstations%20ultrafijnstof.pdf","foi_nrPages":2}],"foi_nrDocuments":1,"foi_nrPagesInDossier":2,"foi_publishedDate":"2023-11-08","foi_retrievedDate":"2025-11-29"},{"dc_creator":"HandelingScraper_v1","dc_date_year":2023,"dc_description":"Vergadering van de Gemeente Beekdaelen op 2023-11-08. Onderdeel: Brief College GS aan Brunssum over meetstation ultrafijnstof.","dc_identifier":"nl.gm1954.2c.2023.2836034-8","dc_publisher":"gm1954","dc_source":"https://beekdaelen.bestuurlijkeinformatie.nl/Agenda/Index/3e1c82f3-0240-4e22-a897-1bc6bb5726fc","dc_title":"BDN Commissie AWACS Limburg 2023-11-08 - Brief College GS aan Brunssum over meetstation ultrafijnstof","dc_type":"2c","dc_type_description":"Vergaderstuk decentrale overheid","foi_fairiscoreVersions":{"v1":2,"v2":2},"foi_files":[{"dc_format":"application/pdf","dc_identifier":"nl.gm1954.2c.2023.2836034-8.doc.1","dc_source":"https://api1.ibabs.eu/publicdownload.aspx?site=Beekdaelen&id=66dcdc03-568a-4565-96e4-440c70051f43","dc_title":"043-CAL-AWACS-2023-Brief Brunssum meetstations ultrafijnstof","dc_type":"bijlage","foi_fairiscoreVersions":{"v1":2,"v2":2},"foi_fileName":"043-CAL-AWACS-2023-Brief%20Brunssum%20meetstations%20ultrafijnstof.pdf","foi_nrPages":2}],"foi_nrDocuments":1,"foi_nrPagesInDossier":2,"foi_publishedDate":"2023-11-08","foi_retrievedDate":"2025-11-29"},{"dc_creator":"HandelingScraper_v1","dc_date_year":2023,"dc_description":"Vergadering van de Gemeente Beekdaelen op 2023-11-08. Onderdeel: Brief College GS over vertegenwoordiging Ministerie I&M aan de Minister van I&M.","dc_identifier":"nl.gm1954.2c.2023.2836034-9","dc_publisher":"gm1954","dc_source":"https://beekdaelen.bestuurlijkeinformatie.nl/Agenda/Index/3e1c82f3-0240-4e22-a897-1bc6bb5726fc","dc_title":"BDN Commissie AWACS Limburg 2023-11-08 - Brief College GS over vertegenwoordiging Ministerie I&M aan de Minister van I&M","dc_type":"2c","dc_type_description":"Vergaderstuk decentrale overheid","foi_fairiscoreVersions":{"v1":2,"v2":2},"foi_files":[{"dc_format":"application/pdf","dc_identifier":"nl.gm1954.2c.2023.2836034-9.doc.1","dc_source":"https://api1.ibabs.eu/publicdownload.aspx?site=Beekdaelen&id=4f1c76c4-d0a5-4790-84ff-98c84103ed38","dc_title":"044-CAL-AWACS-2023-Vertegenwoordiging in de CAL I&W (Minister Defensie)","dc_type":"bijlage","foi_fairiscoreVersions":{"v1":2,"v2":2},"foi_fileName":"044-CAL-AWACS-2023-Vertegenwoordiging%20in%20de%20CAL%20I%26W%20%28Minister%20Defensie%29.pdf","foi_nrPages":1}],"foi_nrDocuments":1,"foi_nrPagesInDossier":1,"foi_publishedDate":"2023-11-08","foi_retrievedDate":"2025-11-29"},{"dc_creator":"HandelingScraper_v1","dc_date_year":2023,"dc_description":"Vergadering van de Gemeente Beekdaelen op 2023-11-14. Onderdeel: Opening.","dc_identifier":"nl.gm1954.2c.2023.2836090-1","dc_publisher":"gm1954","dc_source":"https://beekdaelen.bestuurlijkeinformatie.nl/Agenda/Index/34e4de03-9f9e-4176-8878-f10bcf0ced85","dc_title":"Raadsvergadering 2023-11-14 - Opening","dc_type":"2c","dc_type_description":"Vergaderstuk decentrale overheid","foi_fairiscoreVersions":{"v1":1,"v2":1},"foi_files":[{"dc_format":"application/pdf","dc_identifier":"nl.gm1954.2c.2023.2836090-1.doc.2","dc_source":"https://api1.ibabs.eu/publicdownload.aspx?site=Beekdaelen&id=e9144a5b-5a53-474b-b868-1dd1bb0b7673","dc_title":"Procesvoorstel en globaal tijdpad begrotingsvergadering 14 november 2023 VASTGESTELD PRESIDIUM 19092023","dc_type":"bijlage","foi_fairiscoreVersions":{"v1":1,"v2":1},"foi_fileName":"Procesvoorstel%20en%20globaal%20tijdpad%20begrotingsvergadering%2014%20november%202023%20VASTGESTELD%20PRESIDIUM%2019092023.pdf","foi_nrPages":2},{"dc_format":"application/pdf","dc_identifier":"nl.gm1954.2c.2023.2836090-1.doc.1","dc_source":"https://api1.ibabs.eu/publicdownload.aspx?site=Beekdaelen&id=a5f4678e-17f7-461b-8f9c-c58ae47b0df2","dc_title":"Uitnodiging en voorlopige agenda raadsvergadering 14 november 2023","dc_type":"bijlage","foi_fairiscoreVersions":{"v1":1,"v2":1},"foi_fileName":"Uitnodiging%20en%20voorlopige%20agenda%20raadsvergadering%2014%20november%202023.pdf","foi_nrPages":2}],"foi_nrDocuments":2,"foi_nrPagesInDossier":4,"foi_publishedDate":"2023-11-14","foi_retrievedDate":"2025-11-29"},{"dc_creator":"HandelingScraper_v1","dc_date_year":2023,"dc_description":"Vergadering van de Gemeente Beekdaelen op 2023-11-14. Onderdeel: Motie BL en GL inzake bomen planten door vastelaovesverenigingen M05 INGETROKKEN.","dc_identifier":"nl.gm1954.2c.2023.2836090-10","dc_publisher":"gm1954","dc_source":"https://beekdaelen.bestuurlijkeinformatie.nl/Agenda/Index/34e4de03-9f9e-4176-8878-f10bcf0ced85","dc_title":"Raadsvergadering 2023-11-14 - Motie BL en GL inzake bomen planten door vastelaovesverenigingen M05 INGETROKKEN","dc_type":"2c","dc_type_description":"Vergaderstuk decentrale overheid","foi_fairiscoreVersions":{"v1":1,"v2":1},"foi_files":[{"dc_format":"application/pdf","dc_identifier":"nl.gm1954.2c.2023.2836090-10.doc.1","dc_source":"https://api1.ibabs.eu/publicdownload.aspx?site=Beekdaelen&id=b714dab9-367b-477a-8052-bf0a94932cc5","dc_title":"Motie BL en GL inzake bomen planten door vastelaoververenigingen M05 INGETROKKEN","dc_type":"bijlage","foi_fairiscoreVersions":{"v1":1,"v2":1},"foi_fileName":"Motie%20BL%20en%20GL%20inzake%20bomen%20planten%20door%20vastelaoververenigingen%20M05%20INGETROKKEN.pdf","foi_nrPages":2}],"foi_nrDocuments":1,"foi_nrPagesInDossier":2,"foi_publishedDate":"2023-11-14","foi_retrievedDate":"2025-11-29"},{"dc_creator":"HandelingScraper_v1","dc_date_year":2023,"dc_description":"Vergadering van de Gemeente Beekdaelen op 2023-11-14. Onderdeel: Voorstel inzake verordening afvalstoffenheffing 2024.","dc_identifier":"nl.gm1954.2c.2023.2836090-11","dc_publisher":"gm1954","dc_source":"https://beekdaelen.bestuurlijkeinformatie.nl/Agenda/Index/34e4de03-9f9e-4176-8878-f10bcf0ced85","dc_title":"Raadsvergadering 2023-11-14 - Voorstel inzake verordening afvalstoffenheffing 2024","dc_type":"2c","dc_type_description":"Vergaderstuk decentrale overheid","foi_fairiscoreVersions":{"v1":1,"v2":1},"foi_files":[{"dc_format":"application/pdf","dc_identifier":"nl.gm1954.2c.2023.2836090-11.doc.2","dc_source":"https://api1.ibabs.eu/publicdownload.aspx?site=Beekdaelen&id=26f44a16-d054-477d-9c1f-4c532c0e9174","dc_title":"Nota van wijziging verordening afvalstoffenheffing 2024","dc_type":"bijlage","foi_fairiscoreVersions":{"v1":1,"v2":1},"foi_fileName":"nota%20van%20wijziging%20verordening%20afvalstoffenheffing%202024.pdf","foi_nrPages":1},{"dc_format":"application/pdf","dc_identifier":"nl.gm1954.2c.2023.2836090-11.doc.5","dc_source":"https://api1.ibabs.eu/publicdownload.aspx?site=Beekdaelen&id=5036e247-4414-4431-a4c7-71fe71f5bd82","dc_title":"Bijlage 2: Tarieventabel verordening afvalstoffenheffing 2024 (n\u00e0 nota van wijziging) - vastgesteld 14-11-2023","dc_type":"bijlage","foi_fairiscoreVersions":{"v1":1,"v2":1},"foi_fileName":"tarieventabel%20verordening%20afvalstoffenheffing%202024%20%28n%C3%A0%20nota%20van%20wijziging%29.pdf","foi_nrPages":3},{"dc_format":"application/pdf","dc_identifier":"nl.gm1954.2c.2023.2836090-11.doc.6","dc_source":"https://api1.ibabs.eu/publicdownload.aspx?site=Beekdaelen&id=78e32e4e-32b7-4aca-8e7b-f0fcdab58179","dc_title":"Bijlage 3: Was - wordt tarieventabel verordening afvalstoffenheffing 2024 (n\u00e0 nota van wijziging)","dc_type":"bijlage","foi_fairiscoreVersions":{"v1":1,"v2":1},"foi_fileName":"was%20-%20wordt%20tarieventabel%20verordening%20afvalstoffenheffing%202024%20%28n%C3%A0%20nota%20van%20wijziging%29.pdf","foi_nrPages":2},{"dc_format":"application/pdf","dc_identifier":"nl.gm1954.2c.2023.2836090-11.doc.4","dc_source":"https://api1.ibabs.eu/publicdownload.aspx?site=Beekdaelen&id=73ff7e41-aa77-4bd0-97c2-f1b067b87f32","dc_title":"Bijlage 1: Verordening afvalstoffenheffing 2024 - vastgesteld 14-11-2023","dc_type":"bijlage","foi_fairiscoreVersions":{"v1":1,"v2":1},"foi_fileName":"Z%2F23%2F191570%20-%20341314%20-%20verordening%20afvalstoffenheffing%202024.pdf","foi_nrPages":4},{"dc_format":"application/pdf","dc_identifier":"nl.gm1954.2c.2023.2836090-11.doc.7","dc_source":"https://api1.ibabs.eu/publicdownload.aspx?site=Beekdaelen&id=022c51b6-4b83-4df3-8740-a54e7e40f61e","dc_title":"Bijlage 2: Tarieventabel afvalstoffenheffing 2024 VERVALLEN","dc_type":"bijlage","foi_fairiscoreVersions":{"v1":1,"v2":1},"foi_fileName":"Z%2F23%2F191570%20-%20341317%20-%20tarieventabel%20afvalstoffenheffing%202024.pdf","foi_nrPages":3},{"dc_format":"application/pdf","dc_identifier":"nl.gm1954.2c.2023.2836090-11.doc.8","dc_source":"https://api1.ibabs.eu/publicdownload.aspx?site=Beekdaelen&id=c1f97e04-2b4f-4216-9afe-1d2dfa6a08f2","dc_title":"Bijlage 3: Was - wordt tarieventabel afvalstoffenheffing 2024 VERVALLEN","dc_type":"bijlage","foi_fairiscoreVersions":{"v1":1,"v2":1},"foi_fileName":"Z%2F23%2F191570%20-%20341565%20-%20was%20-%20wordt%20tarieventabel%20afvalstoffenheffing%202024.pdf","foi_nrPages":2},{"dc_format":"application/pdf","dc_identifier":"nl.gm1954.2c.2023.2836090-11.doc.1","dc_source":"https://api1.ibabs.eu/publicdownload.aspx?site=Beekdaelen&id=903cd97e-3d7c-4646-be5b-587ae8c13cbb","dc_title":"Raadsvoorstel inzake verordening afvalstoffenheffing 2024","dc_type":"bijlage","foi_fairiscoreVersions":{"v1":1,"v2":1},"foi_fileName":"Z%2F23%2F191570%20-%20345141%20-%20raadsvoorstel%20verordening%20afvalstoffenheffing%202024.pdf","foi_nrPages":2},{"dc_format":"application/pdf","dc_identifier":"nl.gm1954.2c.2023.2836090-11.doc.3","dc_source":"https://api1.ibabs.eu/publicdownload.aspx?site=Beekdaelen&id=8e7808ad-c0d5-409b-bca9-56da5528df90","dc_title":"Raadsbesluit inzake verordening afvalstoffenheffing 2024 - vastgesteld 14-11-2023","dc_type":"bijlage","foi_fairiscoreVersions":{"v1":1,"v2":1},"foi_fileName":"Z%2F23%2F191570%20-%20345142%20-%20raadsbesluit%20verordening%20afvalstoffenheffing%202024.pdf","foi_nrPages":1}],"foi_nrDocuments":8,"foi_nrPagesInDossier":18,"foi_publishedDate":"2023-11-14","foi_retrievedDate":"2025-11-29"},{"dc_creator":"HandelingScraper_v1","dc_date_year":2023,"dc_description":"Vergadering van de Gemeente Beekdaelen op 2023-11-14. Onderdeel: Voorstel inzake verordening rioolheffing 2024.","dc_identifier":"nl.gm1954.2c.2023.2836090-12","dc_publisher":"gm1954","dc_source":"https://beekdaelen.bestuurlijkeinformatie.nl/Agenda/Index/34e4de03-9f9e-4176-8878-f10bcf0ced85","dc_title":"Raadsvergadering 2023-11-14 - Voorstel inzake verordening rioolheffing 2024","dc_type":"2c","dc_type_description":"Vergaderstuk decentrale overheid","foi_fairiscoreVersions":{"v1":1,"v2":1},"foi_files":[{"dc_format":"application/pdf","dc_identifier":"nl.gm1954.2c.2023.2836090-12.doc.5","dc_source":"https://api1.ibabs.eu/publicdownload.aspx?site=Beekdaelen&id=024d4c3b-44ec-4cbb-9dad-0656e418ba28","dc_title":"Verloop rioolheffing 2021 t/m 2024 (cnf. toezegging cie. FLO 19102023l)","dc_type":"bijlage","foi_fairiscoreVersions":{"v1":1,"v2":1},"foi_fileName":"Verloop%20rioolheffing%202021%20tm%202024.pdf","foi_nrPages":2},{"dc_format":"application/pdf","dc_identifier":"nl.gm1954.2c.2023.2836090-12.doc.3","dc_source":"https://api1.ibabs.eu/publicdownload.aspx?site=Beekdaelen&id=05aca97e-07a4-4555-8607-a4ada7675fc6","dc_title":"Bijlage 1: Verordening rioolheffing 2024 - vastgesteld 14-11-2023","dc_type":"bijlage","foi_fairiscoreVersions":{"v1":1,"v2":1},"foi_fileName":"Z%2F23%2F191573%20-%20346016%20-%20verordening%20rioolheffing%202024.pdf","foi_nrPages":4},{"dc_format":"application/pdf","dc_identifier":"nl.gm1954.2c.2023.2836090-12.doc.1","dc_source":"https://api1.ibabs.eu/publicdownload.aspx?site=Beekdaelen&id=194d42e9-f7d6-477b-b8b1-a669bb39f379","dc_title":"Raadsvoorstel inzake verordening rioolheffing 2024","dc_type":"bijlage","foi_fairiscoreVersions":{"v1":1,"v2":1},"foi_fileName":"Z%2F23%2F191573%20-%20346018%20-%20raadsvoorstel%20verordening%20rioolheffing%202024.pdf","foi_nrPages":2},{"dc_format":"application/pdf","dc_identifier":"nl.gm1954.2c.2023.2836090-12.doc.2","dc_source":"https://api1.ibabs.eu/publicdownload.aspx?site=Beekdaelen&id=702fdf2d-fba6-4494-9c64-e54ca64166d1","dc_title":"Raadsbesluit inzake verordening rioolheffing 2024 - vastgesteld 14-11-2023","dc_type":"bijlage","foi_fairiscoreVersions":{"v1":1,"v2":1},"foi_fileName":"Z%2F23%2F191573%20-%20346019%20-%20raadsbesluit%20verordening%20rioolheffing%202024.pdf","foi_nrPages":1},{"dc_format":"application/pdf","dc_identifier":"nl.gm1954.2c.2023.2836090-12.doc.4","dc_source":"https://api1.ibabs.eu/publicdownload.aspx?site=Beekdaelen&id=48c778e6-840b-486f-85c0-fb669495542c","dc_title":"Bijlage 2: Was - wordt tabel verordening rioolheffing 2024","dc_type":"bijlage","foi_fairiscoreVersions":{"v1":1,"v2":1},"foi_fileName":"Z%2F23%2F191573%20-%20346020%20-%20was%20-%20wordt%20tabel%20verordening%20rioolheffing%202024.pdf","foi_nrPages":1}],"foi_nrDocuments":5,"foi_nrPagesInDossier":10,"foi_publishedDate":"2023-11-14","foi_retrievedDate":"2025-11-29"},{"dc_creator":"HandelingScraper_v1","dc_date_year":2023,"dc_description":"Vergadering van de Gemeente Beekdaelen op 2023-11-14. Onderdeel: Voorstel inzake verordening lijkbezorgingsrechten 2024.","dc_identifier":"nl.gm1954.2c.2023.2836090-13","dc_publisher":"gm1954","dc_source":"https://beekdaelen.bestuurlijkeinformatie.nl/Agenda/Index/34e4de03-9f9e-4176-8878-f10bcf0ced85","dc_title":"Raadsvergadering 2023-11-14 - Voorstel inzake verordening lijkbezorgingsrechten 2024","dc_type":"2c","dc_type_description":"Vergaderstuk decentrale overheid","foi_fairiscoreVersions":{"v1":2,"v2":1},"foi_files":[{"dc_format":"application/pdf","dc_identifier":"nl.gm1954.2c.2023.2836090-13.doc.3","dc_source":"https://api1.ibabs.eu/publicdownload.aspx?site=Beekdaelen&id=eb90fd81-645a-4c68-9ec2-24cf0b2ef8ee","dc_title":"Bijlage 1: Verordening lijkbezorgingsrechten 2024 - vastgesteld 14-11-2023","dc_type":"bijlage","foi_fairiscoreVersions":{"v1":1,"v2":1},"foi_fileName":"Z%2F23%2F191571%20-%20342813%20-%20verordening%20lijkbezorgingsrechten%202024.pdf","foi_nrPages":3},{"dc_format":"application/pdf","dc_identifier":"nl.gm1954.2c.2023.2836090-13.doc.4","dc_source":"https://api1.ibabs.eu/publicdownload.aspx?site=Beekdaelen&id=db053a9c-c31f-4cc1-a21d-2d8eda1c3847","dc_title":"Bijlage 2: Tarieventabel lijkbezorgingsrechten 2024 - vastgesteld 14-11-2023","dc_type":"bijlage","foi_fairiscoreVersions":{"v1":1,"v2":1},"foi_fileName":"Z%2F23%2F191571%20-%20342817%20-%20tarieventabel%20lijkbezorgingsrechten%202024.pdf","foi_nrPages":3},{"dc_format":"application/pdf","dc_identifier":"nl.gm1954.2c.2023.2836090-13.doc.5","dc_source":"https://api1.ibabs.eu/publicdownload.aspx?site=Beekdaelen&id=0a734c78-58c8-450a-8476-f52f1e42b63f","dc_title":"Bijlage 3: Was - wordt tabel lijkbezorgingsrechten 2024","dc_type":"bijlage","foi_fairiscoreVersions":{"v1":2,"v2":1},"foi_fileName":"Z%2F23%2F191571%20-%20342819%20-%20was%20-%20wordt%20tabel%20lijkbezorgingsrechten%202024.pdf","foi_nrPages":5},{"dc_format":"application/pdf","dc_identifier":"nl.gm1954.2c.2023.2836090-13.doc.1","dc_source":"https://api1.ibabs.eu/publicdownload.aspx?site=Beekdaelen&id=22e367d2-2e40-4413-af23-82d968c1f7e2","dc_title":"Raadsvoorstel inzake verordening lijkbezorgingsrechten 2024","dc_type":"bijlage","foi_fairiscoreVersions":{"v1":1,"v2":1},"foi_fileName":"Z%2F23%2F191571%20-%20345071%20-%20raadsvoorstel%20verordening%20lijkbezorgingsrechten%202024.pdf","foi_nrPages":1},{"dc_format":"application/pdf","dc_identifier":"nl.gm1954.2c.2023.2836090-13.doc.2","dc_source":"https://api1.ibabs.eu/publicdownload.aspx?site=Beekdaelen&id=c9d9187a-7511-4cc2-b8ce-4308d13ea65a","dc_title":"Raadsbesluit inzake verordening lijkbezorgingsrechten 2024 - vastgesteld 14-11-2023","dc_type":"bijlage","foi_fairiscoreVersions":{"v1":1,"v2":1},"foi_fileName":"Z%2F23%2F191571%20-%20345077%20-%20raadsbesluit%20verordening%20lijkbezorgingsrechten%202024.pdf","foi_nrPages":1}],"foi_nrDocuments":5,"foi_nrPagesInDossier":13,"foi_publishedDate":"2023-11-14","foi_retrievedDate":"2025-11-29"},{"dc_creator":"HandelingScraper_v1","dc_date_year":2023,"dc_description":"Vergadering van de Gemeente Beekdaelen op 2023-11-14. Onderdeel: Voorstel inzake ozb-verordening 2024.","dc_identifier":"nl.gm1954.2c.2023.2836090-14","dc_publisher":"gm1954","dc_source":"https://beekdaelen.bestuurlijkeinformatie.nl/Agenda/Index/34e4de03-9f9e-4176-8878-f10bcf0ced85","dc_title":"Raadsvergadering 2023-11-14 - Voorstel inzake ozb-verordening 2024","dc_type":"2c","dc_type_description":"Vergaderstuk decentrale overheid","foi_fairiscoreVersions":{"v1":1,"v2":1},"foi_files":[{"dc_format":"application/pdf","dc_identifier":"nl.gm1954.2c.2023.2836090-14.doc.3","dc_source":"https://api1.ibabs.eu/publicdownload.aspx?site=Beekdaelen&id=7e70bd35-8a00-405e-af01-e2f9e7d2a930","dc_title":"Bijlage 1: Verordening onroerendezaakbelastingen 2024 - vastgesteld 14-11-2023","dc_type":"bijlage","foi_fairiscoreVersions":{"v1":1,"v2":1},"foi_fileName":"Z%2F23%2F191575%20-%20345914%20-%20ozb-verordening%202024.pdf","foi_nrPages":4},{"dc_format":"application/pdf","dc_identifier":"nl.gm1954.2c.2023.2836090-14.doc.1","dc_source":"https://api1.ibabs.eu/publicdownload.aspx?site=Beekdaelen&id=dfe6a1c7-d0fe-45a0-ac03-724142410c07","dc_title":"Raadsvoorstel inzake OZB-verordening 2024","dc_type":"bijlage","foi_fairiscoreVersions":{"v1":1,"v2":1},"foi_fileName":"Z%2F23%2F191575%20-%20345918%20-%20raadsvoorstel%20ozb-verordening%202024.pdf","foi_nrPages":3},{"dc_format":"application/pdf","dc_identifier":"nl.gm1954.2c.2023.2836090-14.doc.2","dc_source":"https://api1.ibabs.eu/publicdownload.aspx?site=Beekdaelen&id=c0d88e46-55de-43e6-ac17-9a0455866af8","dc_title":"Raadsbesluit inzake OZB-verordening 2024 - vastgesteld 14-11-2023","dc_type":"bijlage","foi_fairiscoreVersions":{"v1":1,"v2":1},"foi_fileName":"Z%2F23%2F191575%20-%20345919%20-%20raadsbesluit%20ozb-verordening%202024.pdf","foi_nrPages":1},{"dc_format":"application/pdf","dc_identifier":"nl.gm1954.2c.2023.2836090-14.doc.4","dc_source":"https://api1.ibabs.eu/publicdownload.aspx?site=Beekdaelen&id=51dc0375-7b32-4d90-9ba4-76df6327e9be","dc_title":"Bijlage 2: Was - wordt tabel OZB verordening 2024","dc_type":"bijlage","foi_fairiscoreVersions":{"v1":1,"v2":1},"foi_fileName":"Z%2F23%2F191575%20-%20345942%20-%20was%20-%20wordt%20tabel%20ozb%20verordening%202024.pdf","foi_nrPages":1}],"foi_nrDocuments":4,"foi_nrPagesInDossier":9,"foi_publishedDate":"2023-11-14","foi_retrievedDate":"2025-11-29"},{"dc_creator":"HandelingScraper_v1","dc_date_year":2023,"dc_description":"Vergadering van de Gemeente Beekdaelen op 2023-11-14. Onderdeel: Voorstel inzake verordening kwijtschelding 2024.","dc_identifier":"nl.gm1954.2c.2023.2836090-15","dc_publisher":"gm1954","dc_source":"https://beekdaelen.bestuurlijkeinformatie.nl/Agenda/Index/34e4de03-9f9e-4176-8878-f10bcf0ced85","dc_title":"Raadsvergadering 2023-11-14 - Voorstel inzake verordening kwijtschelding 2024","dc_type":"2c","dc_type_description":"Vergaderstuk decentrale overheid","foi_fairiscoreVersions":{"v1":1,"v2":1},"foi_files":[{"dc_format":"application/pdf","dc_identifier":"nl.gm1954.2c.2023.2836090-15.doc.3","dc_source":"https://api1.ibabs.eu/publicdownload.aspx?site=Beekdaelen&id=da829c21-85ac-4a8b-9226-c13aa6b9579b","dc_title":"Bijlage 1: Verordening kwijtschelding 2024 - vastgesteld 14-11-2023","dc_type":"bijlage","foi_fairiscoreVersions":{"v1":1,"v2":1},"foi_fileName":"Z%2F23%2F191572%20-%20345456%20-%20verordening%20kwijtschelding%202024.pdf","foi_nrPages":2},{"dc_format":"application/pdf","dc_identifier":"nl.gm1954.2c.2023.2836090-15.doc.1","dc_source":"https://api1.ibabs.eu/publicdownload.aspx?site=Beekdaelen&id=ff2a5384-71f8-449b-a703-20ab29521aac","dc_title":"Raadsvoorstel inzake verordening kwijtschelding 2024","dc_type":"bijlage","foi_fairiscoreVersions":{"v1":1,"v2":1},"foi_fileName":"Z%2F23%2F191572%20-%20345461%20-%20raadsvoorstel%20verordening%20kwijtschelding%202024.pdf","foi_nrPages":2},{"dc_format":"application/pdf","dc_identifier":"nl.gm1954.2c.2023.2836090-15.doc.2","dc_source":"https://api1.ibabs.eu/publicdownload.aspx?site=Beekdaelen&id=908dd5d1-b0a4-460d-b4a0-a828fee7ca71","dc_title":"Raadsbesluit inzake verordening kwijtschelding 2024 - vastgesteld 14-11-2023","dc_type":"bijlage","foi_fairiscoreVersions":{"v1":1,"v2":1},"foi_fileName":"Z%2F23%2F191572%20-%20345462%20-%20raadsbesluit%20verordening%20kwijtschelding%202024.pdf","foi_nrPages":1}],"foi_nrDocuments":3,"foi_nrPagesInDossier":5,"foi_publishedDate":"2023-11-14","foi_retrievedDate":"2025-11-29"},{"dc_creator":"HandelingScraper_v1","dc_date_year":2023,"dc_description":"Vergadering van de Gemeente Beekdaelen op 2023-11-14. Onderdeel: Voorstel inzake legesverordening 2024.","dc_identifier":"nl.gm1954.2c.2023.2836090-16","dc_publisher":"gm1954","dc_source":"https://beekdaelen.bestuurlijkeinformatie.nl/Agenda/Index/34e4de03-9f9e-4176-8878-f10bcf0ced85","dc_title":"Raadsvergadering 2023-11-14 - Voorstel inzake legesverordening 2024","dc_type":"2c","dc_type_description":"Vergaderstuk decentrale overheid","foi_fairiscoreVersions":{"v1":1,"v2":1},"foi_files":[{"dc_format":"application/pdf","dc_identifier":"nl.gm1954.2c.2023.2836090-16.doc.8","dc_source":"https://api1.ibabs.eu/publicdownload.aspx?site=Beekdaelen&id=aacf3501-4b92-4bc0-9fd7-a4399bc21fef","dc_title":"M.v.a. n.a.v. openstaande vraag D66 inzake tegemoetkoming legeskosten bij monumenten","dc_type":"bijlage","foi_fairiscoreVersions":{"v1":1,"v2":1},"foi_fileName":"Mva%20n.a.v.pdf","foi_nrPages":1},{"dc_format":"application/pdf","dc_identifier":"nl.gm1954.2c.2023.2836090-16.doc.4","dc_source":"https://api1.ibabs.eu/publicdownload.aspx?site=Beekdaelen&id=d28acecf-5285-4adf-916a-17ad2f0cac0d","dc_title":"Bijlage 2: Tarieventabel legesverordening 2024 - vastgesteld 14-11-2023","dc_type":"bijlage","foi_fairiscoreVersions":{"v1":1,"v2":1},"foi_fileName":"Z%2F23%2F191568%20-%20342311%20-%20tarieventabel%20legesverordening%202024.pdf","foi_nrPages":30},{"dc_format":"application/pdf","dc_identifier":"nl.gm1954.2c.2023.2836090-16.doc.6","dc_source":"https://api1.ibabs.eu/publicdownload.aspx?site=Beekdaelen&id=52fd7584-874c-4634-9703-00687e60d981","dc_title":"Bijlage 4: Was-wordt tabel tarieven legesverordening 2024 - vastgesteld 14-11-2023","dc_type":"bijlage","foi_fairiscoreVersions":{"v1":1,"v2":1},"foi_fileName":"Z%2F23%2F191568%20-%20348759%20-%20was-wordt%20tabel%20tarieven%20legesverordening%202024.pdf","foi_nrPages":41},{"dc_format":"application/pdf","dc_identifier":"nl.gm1954.2c.2023.2836090-16.doc.3","dc_source":"https://api1.ibabs.eu/publicdownload.aspx?site=Beekdaelen&id=e9d6b219-f7ff-4afa-a05f-292fcf546252","dc_title":"Bijlage 1: Legesverordening 2024 - vastgesteld 14-11-2023","dc_type":"bijlage","foi_fairiscoreVersions":{"v1":1,"v2":1},"foi_fileName":"Z%2F23%2F191568%20-%20348879%20-%20legesverordening%202024.pdf","foi_nrPages":3},{"dc_format":"application/pdf","dc_identifier":"nl.gm1954.2c.2023.2836090-16.doc.5","dc_source":"https://api1.ibabs.eu/publicdownload.aspx?site=Beekdaelen&id=fc30f5e1-0864-47d1-9e3b-a07fffc9f471","dc_title":"Bijlage 3: Was - wordt tabel legesverordening 2024","dc_type":"bijlage","foi_fairiscoreVersions":{"v1":1,"v2":1},"foi_fileName":"Z%2F23%2F191568%20-%20348880%20-%20was%20-%20wordt%20tabel%20legesverordening%202024.pdf","foi_nrPages":2},{"dc_format":"application/pdf","dc_identifier":"nl.gm1954.2c.2023.2836090-16.doc.1","dc_source":"https://api1.ibabs.eu/publicdownload.aspx?site=Beekdaelen&id=34e7fb5f-ae90-4609-9c2b-2407bf452271","dc_title":"Raadsvoorstel inzake legesverordening 2024","dc_type":"bijlage","foi_fairiscoreVersions":{"v1":1,"v2":1},"foi_fileName":"Z%2F23%2F191568%20-%20348882%20-%20raadsvoorstel%20legesverordening%202024.pdf","foi_nrPages":3},{"dc_format":"application/pdf","dc_identifier":"nl.gm1954.2c.2023.2836090-16.doc.2","dc_source":"https://api1.ibabs.eu/publicdownload.aspx?site=Beekdaelen&id=03a3ad6c-4c85-4ab4-973c-aa25641febc1","dc_title":"Raadsbesluit inzake legesverordening 2024 - vastgesteld 14-11-2023","dc_type":"bijlage","foi_fairiscoreVersions":{"v1":1,"v2":1},"foi_fileName":"Z%2F23%2F191568%20-%20348884%20-%20raadsbesluit%20legesverordening%202024.pdf","foi_nrPages":1},{"dc_format":"application/pdf","dc_identifier":"nl.gm1954.2c.2023.2836090-16.doc.7","dc_source":"https://api1.ibabs.eu/publicdownload.aspx?site=Beekdaelen&id=93876033-6ea7-40f0-b73b-204c12f525dc","dc_title":"Bijlage 5: Kengetallen toetsing bouwkosten Beekdaelen","dc_type":"bijlage","foi_fairiscoreVersions":{"v1":1,"v2":1},"foi_fileName":"Z%2F23%2F191568%20-%20349465%20-%20bijlage%3A%20kengetallen%20toetsing%20bouwkosten%20Beekdaelen.pdf","foi_nrPages":16}],"foi_nrDocuments":8,"foi_nrPagesInDossier":97,"foi_publishedDate":"2023-11-14","foi_retrievedDate":"2025-11-29"},{"dc_creator":"HandelingScraper_v1","dc_date_year":2023,"dc_description":"Vergadering van de Gemeente Beekdaelen op 2023-11-14. Onderdeel: Voorstel inzake verordening toeristenbelasting 2024.","dc_identifier":"nl.gm1954.2c.2023.2836090-17","dc_publisher":"gm1954","dc_source":"https://beekdaelen.bestuurlijkeinformatie.nl/Agenda/Index/34e4de03-9f9e-4176-8878-f10bcf0ced85","dc_title":"Raadsvergadering 2023-11-14 - Voorstel inzake verordening toeristenbelasting 2024","dc_type":"2c","dc_type_description":"Vergaderstuk decentrale overheid","foi_fairiscoreVersions":{"v1":1,"v2":1},"foi_files":[{"dc_format":"application/pdf","dc_identifier":"nl.gm1954.2c.2023.2836090-17.doc.3","dc_source":"https://api1.ibabs.eu/publicdownload.aspx?site=Beekdaelen&id=e761e6a0-9b65-44e6-b63d-97805737bb2e","dc_title":"Bijlage 1: Verordening toeristenbelasting 2024 - vastgesteld 14-11-2023","dc_type":"bijlage","foi_fairiscoreVersions":{"v1":1,"v2":1},"foi_fileName":"Z%2F23%2F191576%20-%20343958%20-%20verordening%20toeristenbelasting%202024.pdf","foi_nrPages":4},{"dc_format":"application/pdf","dc_identifier":"nl.gm1954.2c.2023.2836090-17.doc.4","dc_source":"https://api1.ibabs.eu/publicdownload.aspx?site=Beekdaelen&id=7047d3ac-58c3-4a6b-b5b8-6c0b5ae9183f","dc_title":"Bijlage 2: Was - wordt tabel verordening toeristenbelasting 2024","dc_type":"bijlage","foi_fairiscoreVersions":{"v1":1,"v2":1},"foi_fileName":"Z%2F23%2F191576%20-%20343960%20-%20was%20-%20wordt%20tabel%20verordening%20toeristenbelasting%202024.pdf","foi_nrPages":2},{"dc_format":"application/pdf","dc_identifier":"nl.gm1954.2c.2023.2836090-17.doc.1","dc_source":"https://api1.ibabs.eu/publicdownload.aspx?site=Beekdaelen&id=570c2a22-f414-43f3-9679-7f41f4a2a9b7","dc_title":"Raadsvoorstel inzake verordening toeristenbelasting 2024","dc_type":"bijlage","foi_fairiscoreVersions":{"v1":1,"v2":1},"foi_fileName":"Z%2F23%2F191576%20-%20344002%20-%20raadsvoorstel%20verordening%20toeristenbelasting%202024.pdf","foi_nrPages":2},{"dc_format":"application/pdf","dc_identifier":"nl.gm1954.2c.2023.2836090-17.doc.2","dc_source":"https://api1.ibabs.eu/publicdownload.aspx?site=Beekdaelen&id=8e3dff1f-340e-41fa-812f-96b954711b61","dc_title":"Raadsbesluit inzake verordening toeristenbelasting 2024 - vastgesteld 14-11-2023","dc_type":"bijlage","foi_fairiscoreVersions":{"v1":1,"v2":1},"foi_fileName":"Z%2F23%2F191576%20-%20344006%20-%20raadsbesluit%20verordening%20toeristenbelasting%202024.pdf","foi_nrPages":1}],"foi_nrDocuments":4,"foi_nrPagesInDossier":9,"foi_publishedDate":"2023-11-14","foi_retrievedDate":"2025-11-29"},{"dc_creator":"HandelingScraper_v1","dc_date_year":2023,"dc_description":"Vergadering van de Gemeente Beekdaelen op 2023-11-14. Onderdeel: Voorstel inzake benoeming burgercommissielid namens fractie Vernieuwingsgroep.","dc_identifier":"nl.gm1954.2c.2023.2836090-18","dc_publisher":"gm1954","dc_source":"https://beekdaelen.bestuurlijkeinformatie.nl/Agenda/Index/34e4de03-9f9e-4176-8878-f10bcf0ced85","dc_title":"Raadsvergadering 2023-11-14 - Voorstel inzake benoeming burgercommissielid namens fractie Vernieuwingsgroep","dc_type":"2c","dc_type_description":"Vergaderstuk decentrale overheid","foi_fairiscoreVersions":{"v1":1,"v2":1},"foi_files":[{"dc_format":"application/pdf","dc_identifier":"nl.gm1954.2c.2023.2836090-18.doc.2","dc_source":"https://api1.ibabs.eu/publicdownload.aspx?site=Beekdaelen&id=d7fcbad5-7b47-447d-b8eb-4a751218ae9a","dc_title":"Raadsbesluit inzake benoeming burgercommissielid fractie Vernieuwingsgroep - vastgesteld 14-11-2023","dc_type":"bijlage","foi_fairiscoreVersions":{"v1":1,"v2":1},"foi_fileName":"Raadsbesluit%20inzake%20benoeming%20burgercommissielid%20fractie%20Vernieuw..pdf","foi_nrPages":1},{"dc_format":"application/pdf","dc_identifier":"nl.gm1954.2c.2023.2836090-18.doc.1","dc_source":"https://api1.ibabs.eu/publicdownload.aspx?site=Beekdaelen&id=df0c8c59-aa5c-4d49-9490-3bc44d82fa03","dc_title":"Raadsvoorstel inzake benoeming burgercommissielid fractie Vernieuwingsgroep","dc_type":"bijlage","foi_fairiscoreVersions":{"v1":1,"v2":1},"foi_fileName":"Raadsvoorstel%20inzake%20benoeming%20burgercommissielid.pdf","foi_nrPages":2}],"foi_nrDocuments":2,"foi_nrPagesInDossier":3,"foi_publishedDate":"2023-11-14","foi_retrievedDate":"2025-11-29"},{"dc_creator":"HandelingScraper_v1","dc_date_year":2023,"dc_description":"Vergadering van de Gemeente Beekdaelen op 2023-11-14. Onderdeel: Vaststelling lijst ingekomen stukken.","dc_identifier":"nl.gm1954.2c.2023.2836090-19","dc_publisher":"gm1954","dc_source":"https://beekdaelen.bestuurlijkeinformatie.nl/Agenda/Index/34e4de03-9f9e-4176-8878-f10bcf0ced85","dc_title":"Raadsvergadering 2023-11-14 - Vaststelling lijst ingekomen stukken","dc_type":"2c","dc_type_description":"Vergaderstuk decentrale overheid","foi_fairiscoreVersions":{"v1":1,"v2":1},"foi_files":[{"dc_format":"application/pdf","dc_identifier":"nl.gm1954.2c.2023.2836090-19.doc.1","dc_source":"https://api1.ibabs.eu/publicdownload.aspx?site=Beekdaelen&id=87b65e86-4356-45ac-9277-12ac14633861","dc_title":"Lijst ingekomen stukken raad 14112023 - vastgesteld 14-11-2023","dc_type":"bijlage","foi_fairiscoreVersions":{"v1":1,"v2":1},"foi_fileName":"Lijst%20ingekomen%20stukken%20raad%2014112023.pdf","foi_nrPages":5}],"foi_nrDocuments":1,"foi_nrPagesInDossier":5,"foi_publishedDate":"2023-11-14","foi_retrievedDate":"2025-11-29"},{"dc_creator":"HandelingScraper_v1","dc_date_year":2023,"dc_description":"Vergadering van de Gemeente Beekdaelen op 2023-11-14. Onderdeel: Vaststelling van de agenda.","dc_identifier":"nl.gm1954.2c.2023.2836090-2","dc_publisher":"gm1954","dc_source":"https://beekdaelen.bestuurlijkeinformatie.nl/Agenda/Index/34e4de03-9f9e-4176-8878-f10bcf0ced85","dc_title":"Raadsvergadering 2023-11-14 - Vaststelling van de agenda","dc_type":"2c","dc_type_description":"Vergaderstuk decentrale overheid","foi_fairiscoreVersions":{"v1":1,"v2":1},"foi_files":[{"dc_format":"application/pdf","dc_identifier":"nl.gm1954.2c.2023.2836090-2.doc.2","dc_source":"https://api1.ibabs.eu/publicdownload.aspx?site=Beekdaelen&id=0af22b19-edd4-452b-a0dd-c941156ed6fd","dc_title":"2023-014 Schrift.vragen ex art 32 PvdA inzake verkoop woningen Jabeek Schinveld","dc_type":"bijlage","foi_fairiscoreVersions":{"v1":1,"v2":1},"foi_fileName":"2023-014%20Schrift.vragen%20ex%20art%2032.%2B32.pdf","foi_nrPages":3},{"dc_format":"application/pdf","dc_identifier":"nl.gm1954.2c.2023.2836090-2.doc.1","dc_source":"https://api1.ibabs.eu/publicdownload.aspx?site=Beekdaelen&id=70a06311-f7c3-4de3-bd17-8c578b2094d0","dc_title":"Vastgestelde agenda raadsvergadering 14 november 2023","dc_type":"bijlage","foi_fairiscoreVersions":{"v1":1,"v2":1},"foi_fileName":"Vastgestelde%20agenda%20raadsvergadering%2014%20november%202023.pdf","foi_nrPages":1}],"foi_nrDocuments":2,"foi_nrPagesInDossier":4,"foi_publishedDate":"2023-11-14","foi_retrievedDate":"2025-11-29"},{"dc_creator":"HandelingScraper_v1","dc_date_year":2023,"dc_description":"Vergadering van de Gemeente Beekdaelen op 2023-11-14. Onderdeel: Vaststellen besluitenlijst openbare raadsvergadering d.d. 31 oktober 2023.","dc_identifier":"nl.gm1954.2c.2023.2836090-3","dc_publisher":"gm1954","dc_source":"https://beekdaelen.bestuurlijkeinformatie.nl/Agenda/Index/34e4de03-9f9e-4176-8878-f10bcf0ced85","dc_title":"Raadsvergadering 2023-11-14 - Vaststellen besluitenlijst openbare raadsvergadering d.d. 31 oktober 2023","dc_type":"2c","dc_type_description":"Vergaderstuk decentrale overheid","foi_fairiscoreVersions":{"v1":1,"v2":1},"foi_files":[{"dc_format":"application/pdf","dc_identifier":"nl.gm1954.2c.2023.2836090-3.doc.1","dc_source":"https://api1.ibabs.eu/publicdownload.aspx?site=Beekdaelen&id=a020b94b-939c-40b3-a2e3-f24fdaf7a627","dc_title":"Besluitenlijst raadsvergadering 31102023 - vastgesteld 14-11-2023","dc_type":"bijlage","foi_fairiscoreVersions":{"v1":1,"v2":1},"foi_fileName":"Besluitenlijst%20raadsvergadering%2031102023.pdf","foi_nrPages":10}],"foi_nrDocuments":1,"foi_nrPagesInDossier":10,"foi_publishedDate":"2023-11-14","foi_retrievedDate":"2025-11-29"},{"dc_creator":"HandelingScraper_v1","dc_date_year":2023,"dc_description":"Vergadering van de Gemeente Beekdaelen op 2023-11-14. Onderdeel: Programma begroting 2024 en meerjarenraming 2025 - 2027.","dc_identifier":"nl.gm1954.2c.2023.2836090-4","dc_publisher":"gm1954","dc_source":"https://beekdaelen.bestuurlijkeinformatie.nl/Agenda/Index/34e4de03-9f9e-4176-8878-f10bcf0ced85","dc_title":"Raadsvergadering 2023-11-14 - Programma begroting 2024 en meerjarenraming 2025 - 2027","dc_type":"2c","dc_type_description":"Vergaderstuk decentrale overheid","foi_fairiscoreVersions":{"v1":null,"v2":null},"foi_files":[{"dc_format":"application/pdf","dc_identifier":"nl.gm1954.2c.2023.2836090-4.doc.9","dc_source":"https://api1.ibabs.eu/publicdownload.aspx?site=Beekdaelen&id=6939ad9b-fef1-4864-a1fc-4636b534ebd8","dc_title":"Begroting 2024 gemeente Beekdaelen VERVALLEN","dc_type":"bijlage","foi_fileName":"Begroting%202024%20gemeente%20Beekdaelen.pdf"},{"dc_format":"application/pdf","dc_identifier":"nl.gm1954.2c.2023.2836090-4.doc.10","dc_source":"https://api1.ibabs.eu/publicdownload.aspx?site=Beekdaelen&id=646ea763-7c7b-4dd2-a7c6-25382a698193","dc_title":"Begroting 2024 na nota van wijziging VERVALLEN","dc_type":"bijlage","foi_fileName":"Begroting%202024%20na%20nota%20van%20wijziging.pdf"},{"dc_format":"application/pdf","dc_identifier":"nl.gm1954.2c.2023.2836090-4.doc.5","dc_source":"https://api1.ibabs.eu/publicdownload.aspx?site=Beekdaelen&id=dd66ce5e-821f-43c8-b02d-1d3ec981c1e5","dc_title":"Begroting 2024 na tweede nota van wijziging","dc_type":"bijlage","foi_fileName":"Begroting%202024%20na%20tweede%20nota%20van%20wijziging.pdf"},{"dc_format":"application/pdf","dc_identifier":"nl.gm1954.2c.2023.2836090-4.doc.6","dc_source":"https://api1.ibabs.eu/publicdownload.aspx?site=Beekdaelen&id=c89e3824-506c-4494-a9ed-9ee0669cc64c","dc_title":"Beleids-indicatoren 2019 - 2024","dc_type":"bijlage","foi_fileName":"Beleids-indicatoren%202019%20--%202024.pdf"},{"dc_format":"application/pdf","dc_identifier":"nl.gm1954.2c.2023.2836090-4.doc.12","dc_source":"https://api1.ibabs.eu/publicdownload.aspx?site=Beekdaelen&id=a16734a5-ce7c-4818-bdf4-4a07d863ae62","dc_title":"Beschouwingen Beekdaelen Lokaal","dc_type":"bijlage","foi_fileName":"Beschouwingen%20Beekdaelen%20Lokaal.pdf"},{"dc_format":"application/pdf","dc_identifier":"nl.gm1954.2c.2023.2836090-4.doc.14","dc_source":"https://api1.ibabs.eu/publicdownload.aspx?site=Beekdaelen&id=d88d3f89-2e2c-48de-ab62-9f0fa844ab2e","dc_title":"Beschouwingen begroting 2024 VG","dc_type":"bijlage","foi_fileName":"Beschouwingen%20begroting%202024%20VG.pdf"},{"dc_format":"application/pdf","dc_identifier":"nl.gm1954.2c.2023.2836090-4.doc.17","dc_source":"https://api1.ibabs.eu/publicdownload.aspx?site=Beekdaelen&id=4debc282-2e9e-4fa9-b71b-41777752c029","dc_title":"Beschouwingen D66 begroting 2024","dc_type":"bijlage","foi_fileName":"Beschouwingen%20D66%20begroting%202024.pdf"},{"dc_format":"application/pdf","dc_identifier":"nl.gm1954.2c.2023.2836090-4.doc.15","dc_source":"https://api1.ibabs.eu/publicdownload.aspx?site=Beekdaelen&id=9cb21e2c-452c-4c5c-bfb3-30967d6bfb4b","dc_title":"Beschouwingen Koll\u00e9e-Rijkx begroting 2024","dc_type":"bijlage","foi_fileName":"Beschouwingen%20Koll%C3%A9e-Rijkx%20begroting%202024.pdf"},{"dc_format":"application/pdf","dc_identifier":"nl.gm1954.2c.2023.2836090-4.doc.16","dc_source":"https://api1.ibabs.eu/publicdownload.aspx?site=Beekdaelen&id=bcc030d2-9ce4-4a67-aa29-a7e03ae5395e","dc_title":"Beschouwingen CDA Raad 14 november 2023","dc_type":"bijlage","foi_fileName":"Betoog%20CDA%20Raad%2014%20november%202023.pdf"},{"dc_format":"application/pdf","dc_identifier":"nl.gm1954.2c.2023.2836090-4.doc.11","dc_source":"https://api1.ibabs.eu/publicdownload.aspx?site=Beekdaelen&id=eaba7f38-cd8e-4d4c-8fab-d356de41f870","dc_title":"Beschouwingen GL begrotingsvergadering","dc_type":"bijlage","foi_fileName":"Betoog%20GL%20begrotingsvergadering.pdf"},{"dc_format":"application/pdf","dc_identifier":"nl.gm1954.2c.2023.2836090-4.doc.18","dc_source":"https://api1.ibabs.eu/publicdownload.aspx?site=Beekdaelen&id=eb124dd1-cb7a-4e55-b121-06fe38163237","dc_title":"Beschouwingen PvdA Begrotingsbehandeling","dc_type":"bijlage","foi_fileName":"Betoog%20PvdA%20Begrotingsbehandeling.pdf"},{"dc_format":"application/pdf","dc_identifier":"nl.gm1954.2c.2023.2836090-4.doc.13","dc_source":"https://api1.ibabs.eu/publicdownload.aspx?site=Beekdaelen&id=6a44dfa2-290f-4662-8e1e-af6e3369565d","dc_title":"Beschouwingen VVD begroting 2024","dc_type":"bijlage","foi_fileName":"Def.pdf"},{"dc_format":"application/pdf","dc_identifier":"nl.gm1954.2c.2023.2836090-4.doc.7","dc_source":"https://api1.ibabs.eu/publicdownload.aspx?site=Beekdaelen&id=cf8567d7-0065-4347-8b84-a535778f40ab","dc_title":"Infographic begroting 2024","dc_type":"bijlage","foi_fileName":"Infographic%20begroting%202024.pdf"},{"dc_format":"application/pdf","dc_identifier":"nl.gm1954.2c.2023.2836090-4.doc.2","dc_source":"https://api1.ibabs.eu/publicdownload.aspx?site=Beekdaelen&id=d5b43ba8-355f-4187-8ea6-40840399c092","dc_title":"Nota van wijziging bij de begroting 2024","dc_type":"bijlage","foi_fileName":"Nota%20van%20wijziging%20bij%20de%20begroting%202024.pdf"},{"dc_format":"application/pdf","dc_identifier":"nl.gm1954.2c.2023.2836090-4.doc.4","dc_source":"https://api1.ibabs.eu/publicdownload.aspx?site=Beekdaelen&id=f019535f-ab36-4f86-9a9c-35f8d47545b8","dc_title":"Raadsbesluit inzake begroting 2024 gemeente Beekdaelen - vastgesteld 14-11-2023","dc_type":"bijlage","foi_fileName":"Raadsbesluit%20begroting%202024%20gemeente%20Beekdaelen.pdf"},{"dc_format":"application/pdf","dc_identifier":"nl.gm1954.2c.2023.2836090-4.doc.8","dc_source":"https://api1.ibabs.eu/publicdownload.aspx?site=Beekdaelen&id=5c101eef-70f5-4cb5-a7dc-d5c61611a8b2","dc_title":"Raadsvoorstel inzake begroting 2024 gemeente Beekdaelen VERVALLEN","dc_type":"bijlage","foi_fileName":"Raadsvoorstel%20begroting%202024%20gemeente%20Beekdaelen.pdf"},{"dc_format":"application/pdf","dc_identifier":"nl.gm1954.2c.2023.2836090-4.doc.1","dc_source":"https://api1.ibabs.eu/publicdownload.aspx?site=Beekdaelen&id=7c2f4f9a-a085-484a-bb2a-918b153c5ec2","dc_title":"Raadsvoorstel begroting 2024 na 2e nota van wijziging","dc_type":"bijlage","foi_fileName":"Raadsvoorstel%20begroting%202024%20na%202e%20nota%20van%20wijziging.pdf"},{"dc_format":"application/pdf","dc_identifier":"nl.gm1954.2c.2023.2836090-4.doc.3","dc_source":"https://api1.ibabs.eu/publicdownload.aspx?site=Beekdaelen&id=b83b04ec-fa6b-4542-a28c-56976af9de3e","dc_title":"Tweede nota van wijziging inzake de begroting 2024","dc_type":"bijlage","foi_fileName":"Tweede%20nota%20van%20wijziging%20inzake%20de%20begroting%202024.pdf"}],"foi_nrDocuments":18,"foi_nrPagesInDossier":0,"foi_publishedDate":"2023-11-14","foi_retrievedDate":"2025-11-30"},{"dc_creator":"HandelingScraper_v1","dc_date_year":2023,"dc_description":"Vergadering van de Gemeente Beekdaelen op 2023-11-14. Onderdeel: Amendement PvdA inzake huisvesting - status quo (A01).","dc_identifier":"nl.gm1954.2c.2023.2836090-5","dc_publisher":"gm1954","dc_source":"https://beekdaelen.bestuurlijkeinformatie.nl/Agenda/Index/34e4de03-9f9e-4176-8878-f10bcf0ced85","dc_title":"Raadsvergadering 2023-11-14 - Amendement PvdA inzake huisvesting - status quo (A01)","dc_type":"2c","dc_type_description":"Vergaderstuk decentrale overheid","foi_fairiscoreVersions":{"v1":1,"v2":1},"foi_files":[{"dc_format":"application/pdf","dc_identifier":"nl.gm1954.2c.2023.2836090-5.doc.2","dc_source":"https://api1.ibabs.eu/publicdownload.aspx?site=Beekdaelen&id=3cf8411a-92d3-42d7-bc77-9fe21e4f9e74","dc_title":"Amendement PvdA inzake begroting 2024 - huisvesting status quo A01 VERVALLEN","dc_type":"bijlage","foi_fairiscoreVersions":{"v1":1,"v2":1},"foi_fileName":"Amendement%20PvdA%20inzake%20begroting%202024%20-%20huisvesting%20status%20quo%20A01.pdf","foi_nrPages":2},{"dc_format":"application/pdf","dc_identifier":"nl.gm1954.2c.2023.2836090-5.doc.1","dc_source":"https://api1.ibabs.eu/publicdownload.aspx?site=Beekdaelen&id=541bfcc3-bc40-4d80-8d26-479b1e842392","dc_title":"Amendement PvdA inzake begroting 2024 - huisvesting status quo A01 AANGEPAST - VERWORPEN","dc_type":"bijlage","foi_fairiscoreVersions":{"v1":1,"v2":1},"foi_fileName":"Amendement%20PvdA%20inzake%20begroting%202024%20-%20huisvesting%20status%20quo%20A01%20AANGEPAST%20-%20VERWORPEN.pdf","foi_nrPages":2}],"foi_nrDocuments":2,"foi_nrPagesInDossier":4,"foi_publishedDate":"2023-11-14","foi_retrievedDate":"2026-03-07"},{"dc_creator":"HandelingScraper_v1","dc_date_year":2023,"dc_description":"Vergadering van de Gemeente Beekdaelen op 2023-11-14. Onderdeel: Motie PvdA en GL inzake volledige kredietvoorstellen (M01).","dc_identifier":"nl.gm1954.2c.2023.2836090-6","dc_publisher":"gm1954","dc_source":"https://beekdaelen.bestuurlijkeinformatie.nl/Agenda/Index/34e4de03-9f9e-4176-8878-f10bcf0ced85","dc_title":"Raadsvergadering 2023-11-14 - Motie PvdA en GL inzake volledige kredietvoorstellen (M01)","dc_type":"2c","dc_type_description":"Vergaderstuk decentrale overheid","foi_fairiscoreVersions":{"v1":1,"v2":1},"foi_files":[{"dc_format":"application/pdf","dc_identifier":"nl.gm1954.2c.2023.2836090-6.doc.1","dc_source":"https://api1.ibabs.eu/publicdownload.aspx?site=Beekdaelen&id=b6703e0b-184d-46e6-9263-766c68376ec4","dc_title":"Motie PvdA en GL inzake volledige kredietvoorstellen M01 VERWORPEN","dc_type":"bijlage","foi_fairiscoreVersions":{"v1":1,"v2":1},"foi_fileName":"Motie%20PvdA%20en%20GL%20inzake%20volledige%20kredietvoorstellen%20M01%20VERWORPEN.pdf","foi_nrPages":1}],"foi_nrDocuments":1,"foi_nrPagesInDossier":1,"foi_publishedDate":"2023-11-14","foi_retrievedDate":"2025-11-29"},{"dc_creator":"HandelingScraper_v1","dc_date_year":2023,"dc_description":"Vergadering van de Gemeente Beekdaelen op 2023-11-14. Onderdeel: Motie Koll\u00e9e-Rijkx en GroenLinks inzake informeren burgers en ondernemers (M02).","dc_identifier":"nl.gm1954.2c.2023.2836090-7","dc_publisher":"gm1954","dc_source":"https://beekdaelen.bestuurlijkeinformatie.nl/Agenda/Index/34e4de03-9f9e-4176-8878-f10bcf0ced85","dc_title":"Raadsvergadering 2023-11-14 - Motie Koll\u00e9e-Rijkx en GroenLinks inzake informeren burgers en ondernemers (M02)","dc_type":"2c","dc_type_description":"Vergaderstuk decentrale overheid","foi_fairiscoreVersions":{"v1":1,"v2":1},"foi_files":[{"dc_format":"application/pdf","dc_identifier":"nl.gm1954.2c.2023.2836090-7.doc.1","dc_source":"https://api1.ibabs.eu/publicdownload.aspx?site=Beekdaelen&id=6726e8f8-7356-4070-a54b-9b0c05d7bcfb","dc_title":"Motie Koll\u00e9e-Rijkx en GL inzake informeren burgers en ondernemers M02 VERWORPEN","dc_type":"bijlage","foi_fairiscoreVersions":{"v1":1,"v2":1},"foi_fileName":"Motie%20Koll%C3%A9e-Rijkx%20en%20GL%20inzake%20informeren%20burgers%20en%20ondernemers%20M02%20VERWORPEN.pdf","foi_nrPages":1}],"foi_nrDocuments":1,"foi_nrPagesInDossier":1,"foi_publishedDate":"2023-11-14","foi_retrievedDate":"2025-11-29"},{"dc_creator":"HandelingScraper_v1","dc_date_year":2023,"dc_description":"Vergadering van de Gemeente Beekdaelen op 2023-11-14. Onderdeel: Motie Koll\u00e9e-Rijkx inzake burger- ondernemers- en vereniging award (M03).","dc_identifier":"nl.gm1954.2c.2023.2836090-8","dc_publisher":"gm1954","dc_source":"https://beekdaelen.bestuurlijkeinformatie.nl/Agenda/Index/34e4de03-9f9e-4176-8878-f10bcf0ced85","dc_title":"Raadsvergadering 2023-11-14 - Motie Koll\u00e9e-Rijkx inzake burger- ondernemers- en vereniging award (M03)","dc_type":"2c","dc_type_description":"Vergaderstuk decentrale overheid","foi_fairiscoreVersions":{"v1":1,"v2":1},"foi_files":[{"dc_format":"application/pdf","dc_identifier":"nl.gm1954.2c.2023.2836090-8.doc.1","dc_source":"https://api1.ibabs.eu/publicdownload.aspx?site=Beekdaelen&id=debe2f5c-c089-4679-a39e-adafb8794cc2","dc_title":"Motie Koll\u00e9e-Rijkx inzake burger- ondernemers- en vereniging award M03 VERWORPEN","dc_type":"bijlage","foi_fairiscoreVersions":{"v1":1,"v2":1},"foi_fileName":"Motie%20Koll%C3%A9e-Rijkx%20inzake%20burger-%20ondernemers-%20en%20vereniging%20award%20M03%20VERWORPEN.pdf","foi_nrPages":1}],"foi_nrDocuments":1,"foi_nrPagesInDossier":1,"foi_publishedDate":"2023-11-14","foi_retrievedDate":"2025-11-29"},{"dc_creator":"HandelingScraper_v1","dc_date_year":2023,"dc_description":"Vergadering van de Gemeente Beekdaelen op 2023-11-14. Onderdeel: Motie BL en VVD inzake afsluiten van de Kamp M04.","dc_identifier":"nl.gm1954.2c.2023.2836090-9","dc_publisher":"gm1954","dc_source":"https://beekdaelen.bestuurlijkeinformatie.nl/Agenda/Index/34e4de03-9f9e-4176-8878-f10bcf0ced85","dc_title":"Raadsvergadering 2023-11-14 - Motie BL en VVD inzake afsluiten van de Kamp M04","dc_type":"2c","dc_type_description":"Vergaderstuk decentrale overheid","foi_fairiscoreVersions":{"v1":1,"v2":1},"foi_files":[{"dc_format":"application/pdf","dc_identifier":"nl.gm1954.2c.2023.2836090-9.doc.2","dc_source":"https://api1.ibabs.eu/publicdownload.aspx?site=Beekdaelen&id=7a45581a-fb16-4129-a422-e88fba8b1c35","dc_title":"Motie BL en VVD inzake afsluiten van de Kamp M04 VERVALLEN","dc_type":"bijlage","foi_fairiscoreVersions":{"v1":1,"v2":1},"foi_fileName":"Motie%20BL%20en%20VVD%20inzake%20afsluiten%20van%20de%20Kamp%20M04.pdf","foi_nrPages":2},{"dc_format":"application/pdf","dc_identifier":"nl.gm1954.2c.2023.2836090-9.doc.1","dc_source":"https://api1.ibabs.eu/publicdownload.aspx?site=Beekdaelen&id=99f68a3c-c636-49b2-81ab-cbfae40997cd","dc_title":"Motie BL en VVD inzake afsluiten van de Kamp M04 GEWIJZIGD - AANGENOMEN","dc_type":"bijlage","foi_fairiscoreVersions":{"v1":1,"v2":1},"foi_fileName":"Motie%20BL%20en%20VVD%20inzake%20afsluiten%20van%20de%20Kamp%20M04%20GEWIJZIGD%20-%20AANGENOMEN.pdf","foi_nrPages":2}],"foi_nrDocuments":2,"foi_nrPagesInDossier":4,"foi_publishedDate":"2023-11-14","foi_retrievedDate":"2025-11-29"},{"dc_creator":"HandelingScraper_v1","dc_date_year":2023,"dc_description":"Vergadering van de Gemeente Beekdaelen op 2023-12-04. Onderdeel: Algemeen.","dc_identifier":"nl.gm1954.2c.2023.2836181-1","dc_publisher":"gm1954","dc_source":"https://beekdaelen.bestuurlijkeinformatie.nl/Agenda/Index/6c65f9ad-a7b4-4e0f-b320-d96cafdeb663","dc_title":"Raadscommissie Sociale Leefomgeving 2023-12-04 - Algemeen","dc_type":"2c","dc_type_description":"Vergaderstuk decentrale overheid","foi_fairiscoreVersions":{"v1":1,"v2":1},"foi_files":[{"dc_format":"application/pdf","dc_identifier":"nl.gm1954.2c.2023.2836181-1.doc.5","dc_source":"https://api1.ibabs.eu/publicdownload.aspx?site=Beekdaelen&id=06c53b9e-4e4f-4d69-96e1-d764b8341e0e","dc_title":"Technische vragen BL voor cie B4 en B5","dc_type":"bijlage","foi_fairiscoreVersions":{"v1":1,"v2":1},"foi_fileName":"Technische%20vragen%20BL%20voor%20cie%20B4%20en%20B5.pdf","foi_nrPages":1},{"dc_format":"application/pdf","dc_identifier":"nl.gm1954.2c.2023.2836181-1.doc.2","dc_source":"https://api1.ibabs.eu/publicdownload.aspx?site=Beekdaelen&id=cfc592a7-8c0e-4a50-824f-5d9f8472c9bc","dc_title":"Technische vragen CDA voor cie B1, B4 en B5","dc_type":"bijlage","foi_fairiscoreVersions":{"v1":1,"v2":1},"foi_fileName":"Technische%20vragen%20CDA%20voor%20cie%20B1_%20B4%20en%20B5.pdf","foi_nrPages":2},{"dc_format":"application/pdf","dc_identifier":"nl.gm1954.2c.2023.2836181-1.doc.4","dc_source":"https://api1.ibabs.eu/publicdownload.aspx?site=Beekdaelen&id=e15ff091-933c-404b-8f14-3060f70a2b82","dc_title":"Technische vragen Koll\u00e9e Rijkx voor cie B4 en B5","dc_type":"bijlage","foi_fairiscoreVersions":{"v1":1,"v2":1},"foi_fileName":"Technische%20vragen%20Koll%C3%A9e%20Rijkx%20voor%20cie%20B4%20en%20B5.pdf","foi_nrPages":1},{"dc_format":"application/pdf","dc_identifier":"nl.gm1954.2c.2023.2836181-1.doc.3","dc_source":"https://api1.ibabs.eu/publicdownload.aspx?site=Beekdaelen&id=8a5304f0-cae2-443e-9692-8da2c50aba14","dc_title":"Technische vragen PvdA voor cie B4 en B5","dc_type":"bijlage","foi_fairiscoreVersions":{"v1":1,"v2":1},"foi_fileName":"Technische%20vragen%20PvdA%20voor%20cie%20B4%20en%20B5.pdf","foi_nrPages":1},{"dc_format":"application/pdf","dc_identifier":"nl.gm1954.2c.2023.2836181-1.doc.1","dc_source":"https://api1.ibabs.eu/publicdownload.aspx?site=Beekdaelen&id=7ddd9bee-ddd1-46d0-ab95-815c532ec89e","dc_title":"Technische vragen VG voor cie B4 en B5","dc_type":"bijlage","foi_fairiscoreVersions":{"v1":1,"v2":1},"foi_fileName":"Technische%20vragen%20VG%20voor%20cie%20B4%20en%20B5.pdf","foi_nrPages":2},{"dc_format":"application/pdf","dc_identifier":"nl.gm1954.2c.2023.2836181-1.doc.6","dc_source":"https://api1.ibabs.eu/publicdownload.aspx?site=Beekdaelen&id=a5c41549-6919-442a-9d5e-5174a39c6c1b","dc_title":"Technische vragen VVD voor cie B5","dc_type":"bijlage","foi_fairiscoreVersions":{"v1":1,"v2":1},"foi_fileName":"Technische%20vragen%20VVD%20voor%20cie%20B5.pdf","foi_nrPages":1}],"foi_nrDocuments":6,"foi_nrPagesInDossier":8,"foi_publishedDate":"2023-12-04","foi_retrievedDate":"2025-11-29"},{"dc_creator":"HandelingScraper_v1","dc_date_year":2023,"dc_description":"Vergadering van de Gemeente Beekdaelen op 2023-12-04. Onderdeel: Rondvraag Sociale Leefomgeving.","dc_identifier":"nl.gm1954.2c.2023.2836181-10","dc_publisher":"gm1954","dc_source":"https://beekdaelen.bestuurlijkeinformatie.nl/Agenda/Index/6c65f9ad-a7b4-4e0f-b320-d96cafdeb663","dc_title":"Raadscommissie Sociale Leefomgeving 2023-12-04 - Rondvraag Sociale Leefomgeving","dc_type":"2c","dc_type_description":"Vergaderstuk decentrale overheid","foi_fairiscoreVersions":{"v1":null,"v2":null},"foi_files":[{"dc_format":"application/octet-stream","dc_identifier":"nl.gm1954.2c.2023.2836181-10.doc.1","dc_source":"https://api1.ibabs.eu/publicdownload.aspx?site=Beekdaelen&id=bebd9f9e-445f-47db-b062-a0224da39e89","dc_title":"C Rondvraag","dc_type":"bijlage","foi_fileName":"C%20Rondvraag.mp3","foi_nrPages":1}],"foi_nrDocuments":1,"foi_nrPagesInDossier":1,"foi_publishedDate":"2023-12-04","foi_retrievedDate":"2025-11-29"},{"dc_creator":"HandelingScraper_v1","dc_date_year":2023,"dc_description":"Vergadering van de Gemeente Beekdaelen op 2023-12-04. Onderdeel: Opening, mededelingen voorzitter en vaststellen agenda..","dc_identifier":"nl.gm1954.2c.2023.2836181-2","dc_publisher":"gm1954","dc_source":"https://beekdaelen.bestuurlijkeinformatie.nl/Agenda/Index/6c65f9ad-a7b4-4e0f-b320-d96cafdeb663","dc_title":"Raadscommissie Sociale Leefomgeving 2023-12-04 - Opening, mededelingen voorzitter en vaststellen agenda.","dc_type":"2c","dc_type_description":"Vergaderstuk decentrale overheid","foi_fairiscoreVersions":{"v1":2,"v2":1},"foi_files":[{"dc_format":"application/octet-stream","dc_identifier":"nl.gm1954.2c.2023.2836181-2.doc.2","dc_source":"https://api1.ibabs.eu/publicdownload.aspx?site=Beekdaelen&id=3ae00d46-cde6-4217-83da-41f233fdb9a8","dc_title":"A1 vaststelling agenda I","dc_type":"bijlage","foi_fileName":"A1%20vaststelling%20agenda%20I.mp3"},{"dc_format":"application/octet-stream","dc_identifier":"nl.gm1954.2c.2023.2836181-2.doc.3","dc_source":"https://api1.ibabs.eu/publicdownload.aspx?site=Beekdaelen&id=4cd2d585-3cdf-461f-bf38-53c553a1cc78","dc_title":"A1 vaststelling agenda II","dc_type":"bijlage","foi_fileName":"A1%20vaststelling%20agenda%20II.mp3"},{"dc_format":"application/pdf","dc_identifier":"nl.gm1954.2c.2023.2836181-2.doc.1","dc_source":"https://api1.ibabs.eu/publicdownload.aspx?site=Beekdaelen&id=26108372-b7e8-450a-994f-2ade9e72204b","dc_title":"uitnodiging en voorlopige agenda cie. SL 04122023","dc_type":"bijlage","foi_fairiscoreVersions":{"v1":2,"v2":1},"foi_fileName":"uitnodiging%20en%20voorlopige%20agenda%20cie.pdf","foi_nrPages":2}],"foi_nrDocuments":3,"foi_nrPagesInDossier":2,"foi_publishedDate":"2023-12-04","foi_retrievedDate":"2026-03-01"},{"dc_creator":"HandelingScraper_v1","dc_date_year":2023,"dc_description":"Vergadering van de Gemeente Beekdaelen op 2023-12-04. Onderdeel: Vaststellen actiepuntenlijst van de raadscommissie Sociale Leefomgeving d.d. 17.10.2023.","dc_identifier":"nl.gm1954.2c.2023.2836181-3","dc_publisher":"gm1954","dc_source":"https://beekdaelen.bestuurlijkeinformatie.nl/Agenda/Index/6c65f9ad-a7b4-4e0f-b320-d96cafdeb663","dc_title":"Raadscommissie Sociale Leefomgeving 2023-12-04 - Vaststellen actiepuntenlijst van de raadscommissie Sociale Leefomgeving d.d. 17.10.2023","dc_type":"2c","dc_type_description":"Vergaderstuk decentrale overheid","foi_fairiscoreVersions":{"v1":1,"v2":1},"foi_files":[{"dc_format":"application/octet-stream","dc_identifier":"nl.gm1954.2c.2023.2836181-3.doc.2","dc_source":"https://api1.ibabs.eu/publicdownload.aspx?site=Beekdaelen&id=dec2b7d9-5c4f-488c-bc0c-0235a443cf94","dc_title":"A3 vaststellen actiepuntenlijst","dc_type":"bijlage","foi_fileName":"A3%20vaststellen%20actiepuntenlijst.mp3","foi_nrPages":1},{"dc_format":"application/pdf","dc_identifier":"nl.gm1954.2c.2023.2836181-3.doc.1","dc_source":"https://api1.ibabs.eu/publicdownload.aspx?site=Beekdaelen&id=34670ecc-1cb0-4279-9243-ce785f2a6038","dc_title":"Actiepuntenlijst cie. SLO 17102023","dc_type":"bijlage","foi_fairiscoreVersions":{"v1":1,"v2":1},"foi_fileName":"Actiepuntenlijst%20cie%20SLO%2017102023%20%28kopie%20uit%20Decos%29.pdf","foi_nrPages":5}],"foi_nrDocuments":2,"foi_nrPagesInDossier":6,"foi_publishedDate":"2023-12-04","foi_retrievedDate":"2025-11-29"},{"dc_creator":"HandelingScraper_v1","dc_date_year":2023,"dc_description":"Vergadering van de Gemeente Beekdaelen op 2023-12-04. Onderdeel: Raadsvoorstel inzake: \"Gewijzigde Verordening maatschappelijke ondersteuning gemeente Beekdaelen 2022\".","dc_identifier":"nl.gm1954.2c.2023.2836181-4","dc_publisher":"gm1954","dc_source":"https://beekdaelen.bestuurlijkeinformatie.nl/Agenda/Index/6c65f9ad-a7b4-4e0f-b320-d96cafdeb663","dc_title":"Raadscommissie Sociale Leefomgeving 2023-12-04 - Raadsvoorstel inzake: \"Gewijzigde Verordening maatschappelijke ondersteuning gemeente Beekdaelen 2022\"","dc_type":"2c","dc_type_description":"Vergaderstuk decentrale overheid","foi_fairiscoreVersions":{"v1":1,"v2":1},"foi_files":[{"dc_format":"application/octet-stream","dc_identifier":"nl.gm1954.2c.2023.2836181-4.doc.10","dc_source":"https://api1.ibabs.eu/publicdownload.aspx?site=Beekdaelen&id=68db1733-485b-4603-bac0-7af26a7743b8","dc_title":"B1 advies commissie","dc_type":"bijlage","foi_fileName":"B1%20advies%20commissie.mp3","foi_nrPages":1},{"dc_format":"application/octet-stream","dc_identifier":"nl.gm1954.2c.2023.2836181-4.doc.8","dc_source":"https://api1.ibabs.eu/publicdownload.aspx?site=Beekdaelen&id=0747c880-ca0a-44d2-9679-d163426cff9c","dc_title":"B1 beantwoording eerste termijn","dc_type":"bijlage","foi_fileName":"B1%20beantwoording%20eerste%20termijn.mp3","foi_nrPages":1},{"dc_format":"application/octet-stream","dc_identifier":"nl.gm1954.2c.2023.2836181-4.doc.7","dc_source":"https://api1.ibabs.eu/publicdownload.aspx?site=Beekdaelen&id=ac17e855-7dec-4d56-b5d2-3d0773f2192f","dc_title":"B1 eerste termijn","dc_type":"bijlage","foi_fileName":"B1%20eerste%20termijn.mp3","foi_nrPages":1},{"dc_format":"application/octet-stream","dc_identifier":"nl.gm1954.2c.2023.2836181-4.doc.9","dc_source":"https://api1.ibabs.eu/publicdownload.aspx?site=Beekdaelen&id=b22fc8ca-8aba-40e0-8c96-b8cab9b85afb","dc_title":"B1 tweede termijn","dc_type":"bijlage","foi_fileName":"B1%20tweede%20termijn.mp3","foi_nrPages":1},{"dc_format":"application/pdf","dc_identifier":"nl.gm1954.2c.2023.2836181-4.doc.6","dc_source":"https://api1.ibabs.eu/publicdownload.aspx?site=Beekdaelen&id=7352ca3d-620f-48cb-9c99-d5d8a560128f","dc_title":"MvA op vragen CDA B1","dc_type":"bijlage","foi_fairiscoreVersions":{"v1":1,"v2":1},"foi_fileName":"MvA%20op%20vragen%20CDA%20B1.pdf","foi_nrPages":1},{"dc_format":"application/pdf","dc_identifier":"nl.gm1954.2c.2023.2836181-4.doc.1","dc_source":"https://api1.ibabs.eu/publicdownload.aspx?site=Beekdaelen&id=3ac7bc39-e025-41a1-8270-96beeda17248","dc_title":"Raadsvoorstel inzake gewijizigde verordening maatschappelijke ondersteuning","dc_type":"bijlage","foi_fairiscoreVersions":{"v1":1,"v2":1},"foi_fileName":"Raadsvoostel%20inzake%20verordening%20WMO.pdf","foi_nrPages":5},{"dc_format":"application/pdf","dc_identifier":"nl.gm1954.2c.2023.2836181-4.doc.5","dc_source":"https://api1.ibabs.eu/publicdownload.aspx?site=Beekdaelen&id=0479ddc1-73c2-4189-b437-888a8c1bf8cf","dc_title":"Raadsbesluit inzake wijziging verordening maatschappelijke ondersteuning gemeente Beekdaelen 2022 - vastgesteld 19-12-2023","dc_type":"bijlage","foi_fairiscoreVersions":{"v1":1,"v2":1},"foi_fileName":"Z%2F23%2F196872%20-%20350484%20-%20Raadsbesluit%20%20wijziging%20Verordening%20maatschappelijke%20ondersteuning%20gemeente%20Beekdaelen%202022.pdf","foi_nrPages":1},{"dc_format":"application/pdf","dc_identifier":"nl.gm1954.2c.2023.2836181-4.doc.2","dc_source":"https://api1.ibabs.eu/publicdownload.aspx?site=Beekdaelen&id=a6407f51-993a-4aea-a1b7-0c1f834fdbc8","dc_title":"Bijlage 1: ASD advies hoogte pgb sociaal netwerk","dc_type":"bijlage","foi_fairiscoreVersions":{"v1":1,"v2":1},"foi_fileName":"Z%2F23%2F196872%20-%20350519%20-%20ASD%20advies%20hoogte%20pgb%20sociaal%20netwerk.pdf","foi_nrPages":2},{"dc_format":"application/pdf","dc_identifier":"nl.gm1954.2c.2023.2836181-4.doc.3","dc_source":"https://api1.ibabs.eu/publicdownload.aspx?site=Beekdaelen&id=0651d296-a5b0-4683-b713-58401bd9416c","dc_title":"Bijlage 2: ASD Advies eigen bijdrage","dc_type":"bijlage","foi_fairiscoreVersions":{"v1":1,"v2":1},"foi_fileName":"Z%2F23%2F196872%20-%20350520%20-%20ASD%20Advies%20eigen%20bijdrage.pdf","foi_nrPages":1},{"dc_format":"application/pdf","dc_identifier":"nl.gm1954.2c.2023.2836181-4.doc.4","dc_source":"https://api1.ibabs.eu/publicdownload.aspx?site=Beekdaelen&id=af5e4822-3dd5-4dfd-bd16-a578a33b4489","dc_title":"Bijlage 3: Gewijzigde verordening maatschappelijke ondersteuning gemeente Beekdaelen 2022 - vastgesteld 19-12-2023","dc_type":"bijlage","foi_fairiscoreVersions":{"v1":1,"v2":1},"foi_fileName":"Z%2F23%2F196872%20-%20350596%20-%20Gewijzigde%20Verordening%20maatschappelijke%20ondersteuning%20gemeente%20Beekdaelen%202022.pdf","foi_nrPages":26}],"foi_nrDocuments":10,"foi_nrPagesInDossier":40,"foi_publishedDate":"2023-12-04","foi_retrievedDate":"2025-12-03"},{"dc_creator":"HandelingScraper_v1","dc_date_year":2023,"dc_description":"Vergadering van de Gemeente Beekdaelen op 2023-12-04. Onderdeel: LTI en klantbijdrage Omnibuzz.","dc_identifier":"nl.gm1954.2c.2023.2836181-5","dc_publisher":"gm1954","dc_source":"https://beekdaelen.bestuurlijkeinformatie.nl/Agenda/Index/6c65f9ad-a7b4-4e0f-b320-d96cafdeb663","dc_title":"Raadscommissie Sociale Leefomgeving 2023-12-04 - LTI en klantbijdrage Omnibuzz","dc_type":"2c","dc_type_description":"Vergaderstuk decentrale overheid","foi_fairiscoreVersions":{"v1":1,"v2":1},"foi_files":[{"dc_format":"application/pdf","dc_identifier":"nl.gm1954.2c.2023.2836181-5.doc.3","dc_source":"https://api1.ibabs.eu/publicdownload.aspx?site=Beekdaelen&id=8cd149d1-acd7-4a7f-bdad-2d889a34feb2","dc_title":"Bijlage 2: ASD advies","dc_type":"bijlage","foi_fairiscoreVersions":{"v1":1,"v2":1},"foi_fileName":"ASD%20advies.pdf","foi_nrPages":2},{"dc_format":"application/octet-stream","dc_identifier":"nl.gm1954.2c.2023.2836181-5.doc.6","dc_source":"https://api1.ibabs.eu/publicdownload.aspx?site=Beekdaelen&id=6c4bfafa-2b49-461a-b612-91adc5d68a68","dc_title":"B1a beantwoording en advies commissie","dc_type":"bijlage","foi_fileName":"B1a%20beantwoording%20en%20advies%20commissie.mp3"},{"dc_format":"application/octet-stream","dc_identifier":"nl.gm1954.2c.2023.2836181-5.doc.5","dc_source":"https://api1.ibabs.eu/publicdownload.aspx?site=Beekdaelen&id=5e7c9ecf-62fc-4e4e-a0f4-52e03e665101","dc_title":"B1a eerste termijn","dc_type":"bijlage","foi_fileName":"B1a%20eerste%20termijn.mp3"},{"dc_format":"application/pdf","dc_identifier":"nl.gm1954.2c.2023.2836181-5.doc.2","dc_source":"https://api1.ibabs.eu/publicdownload.aspx?site=Beekdaelen&id=0a04de53-0533-4c7d-bf06-206039ddcbdc","dc_title":"Bijlage 1: Brief d.d. 21-11-2023 DB Omnibuzz aan college inzake LTI","dc_type":"bijlage","foi_fairiscoreVersions":{"v1":1,"v2":1},"foi_fileName":"Brief%20d.d.pdf","foi_nrPages":4},{"dc_format":"application/pdf","dc_identifier":"nl.gm1954.2c.2023.2836181-5.doc.4","dc_source":"https://api1.ibabs.eu/publicdownload.aspx?site=Beekdaelen&id=11388fca-3386-495b-a744-437489f94225","dc_title":"Bijlage 3: Concept raadsbesluit","dc_type":"bijlage","foi_fairiscoreVersions":{"v1":1,"v2":1},"foi_fileName":"Concept%20raadsbesluit.pdf","foi_nrPages":1},{"dc_format":"application/pdf","dc_identifier":"nl.gm1954.2c.2023.2836181-5.doc.1","dc_source":"https://api1.ibabs.eu/publicdownload.aspx?site=Beekdaelen&id=8495f1e0-6f8c-4461-ab36-db4015463a6e","dc_title":"Raadsvoorstel LTI en klantbijdrage Omnibuzz","dc_type":"bijlage","foi_fairiscoreVersions":{"v1":1,"v2":1},"foi_fileName":"Raadsvoorstel%20LTI%20en%20klantbijdrage%20Omnibuzz.pdf","foi_nrPages":4}],"foi_nrDocuments":6,"foi_nrPagesInDossier":11,"foi_publishedDate":"2023-12-04","foi_retrievedDate":"2026-03-03"},{"dc_creator":"HandelingScraper_v1","dc_date_year":2023,"dc_description":"Vergadering van de Gemeente Beekdaelen op 2023-12-04. Onderdeel: Raadsvoorstel inzake: \"Tweede begrotingswijziging 2023 GR WSP Parkstad\".","dc_identifier":"nl.gm1954.2c.2023.2836181-6","dc_publisher":"gm1954","dc_source":"https://beekdaelen.bestuurlijkeinformatie.nl/Agenda/Index/6c65f9ad-a7b4-4e0f-b320-d96cafdeb663","dc_title":"Raadscommissie Sociale Leefomgeving 2023-12-04 - Raadsvoorstel inzake: \"Tweede begrotingswijziging 2023 GR WSP Parkstad\"","dc_type":"2c","dc_type_description":"Vergaderstuk decentrale overheid","foi_fairiscoreVersions":{"v1":2,"v2":1},"foi_files":[{"dc_format":"application/octet-stream","dc_identifier":"nl.gm1954.2c.2023.2836181-6.doc.6","dc_source":"https://api1.ibabs.eu/publicdownload.aspx?site=Beekdaelen&id=b0d02844-caed-48a8-842b-fb4d9036ab95","dc_title":"B2 totaal (geen vragen)","dc_type":"bijlage","foi_fileName":"B2%20totaal%20%28geen%20vragen%29.mp3","foi_nrPages":1},{"dc_format":"application/pdf","dc_identifier":"nl.gm1954.2c.2023.2836181-6.doc.2","dc_source":"https://api1.ibabs.eu/publicdownload.aspx?site=Beekdaelen&id=e9aa2899-0729-4ffd-9532-c200c081a07f","dc_title":"Bijlage: Tweede begrotingswijziging 2023 GR WSP Parkstad","dc_type":"bijlage","foi_fairiscoreVersions":{"v1":2,"v2":1},"foi_fileName":"Z%2F23%2F195912%20-%20348649%20-%20Tweede%20begrotingswijziging%202023%20GR%20WSP%20Parkstad.pdf","foi_nrPages":19},{"dc_format":"application/pdf","dc_identifier":"nl.gm1954.2c.2023.2836181-6.doc.3","dc_source":"https://api1.ibabs.eu/publicdownload.aspx?site=Beekdaelen&id=36fa0bdc-613f-4418-8c29-ce7ba78bdb77","dc_title":"Bijlage: Factsheet Tweede begrotingswijziging 2023 GR WSP Parkstad","dc_type":"bijlage","foi_fairiscoreVersions":{"v1":1,"v2":1},"foi_fileName":"Z%2F23%2F195912%20-%20348650%20-%20Factsheet%20Tweede%20begrotingswijziging%202023%20GR%20WSP%20Parkstad.pdf","foi_nrPages":2},{"dc_format":"application/pdf","dc_identifier":"nl.gm1954.2c.2023.2836181-6.doc.1","dc_source":"https://api1.ibabs.eu/publicdownload.aspx?site=Beekdaelen&id=045d9045-23b0-48c5-9b25-7ee37081b209","dc_title":"Raadsvoorstel inzake tweede begrotingswijziging 2023 GR WSP Parkstad","dc_type":"bijlage","foi_fairiscoreVersions":{"v1":1,"v2":1},"foi_fileName":"Z%2F23%2F195912%20-%20348651%20-%20Raadsvoorstel%20Tweede%20begrotingswijziging%202023%20GR%20WSP%20Parkstad.pdf","foi_nrPages":4},{"dc_format":"application/pdf","dc_identifier":"nl.gm1954.2c.2023.2836181-6.doc.4","dc_source":"https://api1.ibabs.eu/publicdownload.aspx?site=Beekdaelen&id=2393b318-1155-42f2-b957-d8e8d3ac3c86","dc_title":"Raadsbesluit inzake tweede begrotingswijziging 2023 GR WSP Parkstad - vastgesteld 19-12-2023","dc_type":"bijlage","foi_fairiscoreVersions":{"v1":1,"v2":1},"foi_fileName":"Z%2F23%2F195912%20-%20348653%20-%20Raadsbesluit%20Tweede%20begrotingswijziging%202023%20GR%20WSP%20Parkstad.pdf","foi_nrPages":1},{"dc_format":"application/pdf","dc_identifier":"nl.gm1954.2c.2023.2836181-6.doc.5","dc_source":"https://api1.ibabs.eu/publicdownload.aspx?site=Beekdaelen&id=cc895cdd-259b-440d-a8c7-b45a5381c23c","dc_title":"Bijlage 4 Uitgaande brief aan WSP Parkstad inzake raadsbesluit","dc_type":"bijlage","foi_fairiscoreVersions":{"v1":1,"v2":1},"foi_fileName":"Z%2F23%2F195912%20-%20348654%20-%20Uitgaande%20brief%20aan%20WSP%20Parkstad%20inzake%20raadsbesluit.pdf","foi_nrPages":1}],"foi_nrDocuments":6,"foi_nrPagesInDossier":28,"foi_publishedDate":"2023-12-04","foi_retrievedDate":"2025-11-29"},{"dc_creator":"HandelingScraper_v1","dc_date_year":2023,"dc_description":"Vergadering van de Gemeente Beekdaelen op 2023-12-04. Onderdeel: Raadsvoorstel inzake: \"Tweede begrotingswijziging 2023 GR WOZL\".","dc_identifier":"nl.gm1954.2c.2023.2836181-7","dc_publisher":"gm1954","dc_source":"https://beekdaelen.bestuurlijkeinformatie.nl/Agenda/Index/6c65f9ad-a7b4-4e0f-b320-d96cafdeb663","dc_title":"Raadscommissie Sociale Leefomgeving 2023-12-04 - Raadsvoorstel inzake: \"Tweede begrotingswijziging 2023 GR WOZL\"","dc_type":"2c","dc_type_description":"Vergaderstuk decentrale overheid","foi_fairiscoreVersions":{"v1":2,"v2":1},"foi_files":[{"dc_format":"application/octet-stream","dc_identifier":"nl.gm1954.2c.2023.2836181-7.doc.6","dc_source":"https://api1.ibabs.eu/publicdownload.aspx?site=Beekdaelen&id=483a3d70-bdbd-43ba-8b47-faeb948da689","dc_title":"B3 totaal (geen vragen)","dc_type":"bijlage","foi_fileName":"B3%20totaal%20%28geen%20vragen%29.mp3"},{"dc_format":"application/pdf","dc_identifier":"nl.gm1954.2c.2023.2836181-7.doc.1","dc_source":"https://api1.ibabs.eu/publicdownload.aspx?site=Beekdaelen&id=d8341167-a30f-4685-9df6-35270fc7b59a","dc_title":"Raadsvoorstel inzake tweede begrotingswijziging 2023 GR WOZL","dc_type":"bijlage","foi_fairiscoreVersions":{"v1":1,"v2":1},"foi_fileName":"Z%2F23%2F195913%20-%20348643%20-%20Raadsvoorstel%20Tweede%20begrotingswijziging%202023%20GR%20WOZL.pdf","foi_nrPages":5},{"dc_format":"application/pdf","dc_identifier":"nl.gm1954.2c.2023.2836181-7.doc.2","dc_source":"https://api1.ibabs.eu/publicdownload.aspx?site=Beekdaelen&id=f63c8bbf-cc1f-4065-b14a-9eaabdb7f969","dc_title":"Bijlage: Tweede begrotingswijziging 2023 GR WOZL","dc_type":"bijlage","foi_fairiscoreVersions":{"v1":2,"v2":1},"foi_fileName":"Z%2F23%2F195913%20-%20348645%20-%20Tweede%20begrotingswijziging%202023%20GR%20WOZL.pdf","foi_nrPages":19},{"dc_format":"application/pdf","dc_identifier":"nl.gm1954.2c.2023.2836181-7.doc.3","dc_source":"https://api1.ibabs.eu/publicdownload.aspx?site=Beekdaelen&id=025e435b-4922-47a9-8789-b18d01dc5887","dc_title":"Bijlage: Factsheet Tweede begrotingswijziging 2023 GR WOZL","dc_type":"bijlage","foi_fairiscoreVersions":{"v1":1,"v2":1},"foi_fileName":"Z%2F23%2F195913%20-%20348646%20-%20Factsheet%20Tweede%20begrotingswijziging%202023%20GR%20WOZL.pdf","foi_nrPages":3},{"dc_format":"application/pdf","dc_identifier":"nl.gm1954.2c.2023.2836181-7.doc.5","dc_source":"https://api1.ibabs.eu/publicdownload.aspx?site=Beekdaelen&id=313b6405-c3dc-4ece-bc20-607ce922af64","dc_title":"Bijlage: Uitgaande brief aan WOZL inzake raadsbesluit","dc_type":"bijlage","foi_fairiscoreVersions":{"v1":1,"v2":1},"foi_fileName":"Z%2F23%2F195913%20-%20348656%20-%20Uitgaande%20brief%20aan%20WOZL%20inzake%20raadsbesluit.pdf","foi_nrPages":1},{"dc_format":"application/pdf","dc_identifier":"nl.gm1954.2c.2023.2836181-7.doc.4","dc_source":"https://api1.ibabs.eu/publicdownload.aspx?site=Beekdaelen&id=697cbc5e-b633-45b5-b449-344fa05e379f","dc_title":"Raadsbesluit inzake tweede begrotingswijziging 2023 GR WOZL - vastgesteld 19-12-2023","dc_type":"bijlage","foi_fairiscoreVersions":{"v1":1,"v2":1},"foi_fileName":"Z%2F23%2F195913%20-%20348662%20-%20Raadsbesluit%20tweede%20begrotingswijziging%202023%20GR%20WOZL.pdf","foi_nrPages":1}],"foi_nrDocuments":6,"foi_nrPagesInDossier":29,"foi_publishedDate":"2023-12-04","foi_retrievedDate":"2026-03-05"},{"dc_creator":"HandelingScraper_v1","dc_date_year":2023,"dc_description":"Vergadering van de Gemeente Beekdaelen op 2023-12-04. Onderdeel: Raadsvoorstel inzake: \"Actualisatie meerjarenonderhoudsplan gebouwen 2024-2033\".","dc_identifier":"nl.gm1954.2c.2023.2836181-8","dc_publisher":"gm1954","dc_source":"https://beekdaelen.bestuurlijkeinformatie.nl/Agenda/Index/6c65f9ad-a7b4-4e0f-b320-d96cafdeb663","dc_title":"Raadscommissie Sociale Leefomgeving 2023-12-04 - Raadsvoorstel inzake: \"Actualisatie meerjarenonderhoudsplan gebouwen 2024-2033\"","dc_type":"2c","dc_type_description":"Vergaderstuk decentrale overheid","foi_fairiscoreVersions":{"v1":1,"v2":1},"foi_files":[{"dc_format":"application/octet-stream","dc_identifier":"nl.gm1954.2c.2023.2836181-8.doc.17","dc_source":"https://api1.ibabs.eu/publicdownload.aspx?site=Beekdaelen&id=bc5e871f-08f7-48e3-abd0-ac3db8158d39","dc_title":"B4 advies commissie","dc_type":"bijlage","foi_fileName":"B4%20advies%20commissie.mp3"},{"dc_format":"application/octet-stream","dc_identifier":"nl.gm1954.2c.2023.2836181-8.doc.14","dc_source":"https://api1.ibabs.eu/publicdownload.aspx?site=Beekdaelen&id=9856e846-c0ed-4d10-a85a-da68f5f45210","dc_title":"B4 beantwoording eerste termijn","dc_type":"bijlage","foi_fileName":"B4%20beantwoording%20eerste%20termijn.mp3"},{"dc_format":"application/octet-stream","dc_identifier":"nl.gm1954.2c.2023.2836181-8.doc.16","dc_source":"https://api1.ibabs.eu/publicdownload.aspx?site=Beekdaelen&id=dff5e9db-b55e-4fa0-b560-cfab7df2299a","dc_title":"B4 beantwoording tweede termijn","dc_type":"bijlage","foi_fileName":"B4%20beantwoording%20tweede%20termijn.mp3"},{"dc_format":"application/octet-stream","dc_identifier":"nl.gm1954.2c.2023.2836181-8.doc.13","dc_source":"https://api1.ibabs.eu/publicdownload.aspx?site=Beekdaelen&id=2417b00a-21a0-4b3a-8d6d-0b58a55b7bd2","dc_title":"B4 eerste termijn","dc_type":"bijlage","foi_fileName":"B4%20eerste%20termijn.mp3"},{"dc_format":"application/octet-stream","dc_identifier":"nl.gm1954.2c.2023.2836181-8.doc.15","dc_source":"https://api1.ibabs.eu/publicdownload.aspx?site=Beekdaelen&id=fcb7c127-edfc-4c47-ac53-7f1a4755cdd0","dc_title":"B4 tweede termijn","dc_type":"bijlage","foi_fileName":"B4%20tweede%20termijn.mp3"},{"dc_format":"application/pdf","dc_identifier":"nl.gm1954.2c.2023.2836181-8.doc.18","dc_source":"https://api1.ibabs.eu/publicdownload.aspx?site=Beekdaelen&id=d90c9afe-c9b1-4495-be18-bebc3029a518","dc_title":"Memo Nut en Noodzaak MJOP 2024-2033 (n.a.v. behandeling in commissievergadering)","dc_type":"bijlage","foi_fairiscoreVersions":{"v1":1,"v2":1},"foi_fileName":"Memo%20Nut%20en%20Noodzaak%20MJOP%202024-2033.pdf","foi_nrPages":1},{"dc_format":"application/pdf","dc_identifier":"nl.gm1954.2c.2023.2836181-8.doc.9","dc_source":"https://api1.ibabs.eu/publicdownload.aspx?site=Beekdaelen&id=b84f6e56-6beb-42cf-8e5b-ac437493b557","dc_title":"MvA vragen BL B4","dc_type":"bijlage","foi_fairiscoreVersions":{"v1":1,"v2":1},"foi_fileName":"MvA%20vragen%20BL%20B4.pdf","foi_nrPages":1},{"dc_format":"application/pdf","dc_identifier":"nl.gm1954.2c.2023.2836181-8.doc.8","dc_source":"https://api1.ibabs.eu/publicdownload.aspx?site=Beekdaelen&id=cae53667-9a43-4d1f-9755-a2fdd3673bb6","dc_title":"MvA vragen CDA B4","dc_type":"bijlage","foi_fairiscoreVersions":{"v1":1,"v2":1},"foi_fileName":"MvA%20vragen%20CDA%20B4.pdf","foi_nrPages":3},{"dc_format":"application/pdf","dc_identifier":"nl.gm1954.2c.2023.2836181-8.doc.10","dc_source":"https://api1.ibabs.eu/publicdownload.aspx?site=Beekdaelen&id=41a929e2-6dee-407e-a44a-df33846d4932","dc_title":"MvA vragen Koll\u00e9e Rijkx B4","dc_type":"bijlage","foi_fairiscoreVersions":{"v1":1,"v2":1},"foi_fileName":"MvA%20vragen%20Koll%C3%A9e%20Rijkx%20B4.pdf","foi_nrPages":2},{"dc_format":"application/pdf","dc_identifier":"nl.gm1954.2c.2023.2836181-8.doc.11","dc_source":"https://api1.ibabs.eu/publicdownload.aspx?site=Beekdaelen&id=ecb66117-87be-4903-ae87-01094d3833ff","dc_title":"MvA vragen PvdA B4","dc_type":"bijlage","foi_fairiscoreVersions":{"v1":1,"v2":1},"foi_fileName":"MvA%20vragen%20PvdA%20B4.pdf","foi_nrPages":1},{"dc_format":"application/pdf","dc_identifier":"nl.gm1954.2c.2023.2836181-8.doc.12","dc_source":"https://api1.ibabs.eu/publicdownload.aspx?site=Beekdaelen&id=9cd71955-3acb-47f4-862f-99e13097bad9","dc_title":"MvA vragen VG B4","dc_type":"bijlage","foi_fairiscoreVersions":{"v1":1,"v2":1},"foi_fileName":"MvA%20vragen%20VG%20B4.pdf","foi_nrPages":1},{"dc_format":"application/pdf","dc_identifier":"nl.gm1954.2c.2023.2836181-8.doc.2","dc_source":"https://api1.ibabs.eu/publicdownload.aspx?site=Beekdaelen&id=5af74676-83c3-4382-bba7-04cf1773e230","dc_title":"Bijlage: Demarcatielijst","dc_type":"bijlage","foi_fairiscoreVersions":{"v1":1,"v2":1},"foi_fileName":"Z%2F21%2F166511%20-%20329533%20-%20Bijlage%201%20Raadsvoorstel%20-%20Demarcatielijst.pdf","foi_nrPages":13},{"dc_format":"application/pdf","dc_identifier":"nl.gm1954.2c.2023.2836181-8.doc.3","dc_source":"https://api1.ibabs.eu/publicdownload.aspx?site=Beekdaelen&id=c52d33d3-6e6f-4dda-9283-2ee6343e19fd","dc_title":"Bijlage: Lijst gemeentelijk gebouwen","dc_type":"bijlage","foi_fairiscoreVersions":{"v1":1,"v2":1},"foi_fileName":"Z%2F21%2F166511%20-%20329533%20-%20Bijlage%202%20Raadsvoorstel%20%20-%20Lijst%20gemeentelijk%20gebouwen.pdf","foi_nrPages":2},{"dc_format":"application/pdf","dc_identifier":"nl.gm1954.2c.2023.2836181-8.doc.4","dc_source":"https://api1.ibabs.eu/publicdownload.aspx?site=Beekdaelen&id=bb31aae2-ca01-4adc-aad4-929cb980ac5e","dc_title":"Bijlage: Lijst gebouwen niet opgenomen in het MJOP","dc_type":"bijlage","foi_fairiscoreVersions":{"v1":1,"v2":1},"foi_fileName":"Z%2F21%2F166511%20-%20329533%20-%20Bijlage%203%20%20Raadsvoorstel%20-%20Lijst%20gebouwen%20niet%20opgenomen%20in%20het%20MJOP.pdf","foi_nrPages":1},{"dc_format":"application/pdf","dc_identifier":"nl.gm1954.2c.2023.2836181-8.doc.5","dc_source":"https://api1.ibabs.eu/publicdownload.aspx?site=Beekdaelen&id=f0dea11a-08d4-4545-b65b-720106ed4f33","dc_title":"Bijlage: Meerjarenonderhoudsplan 2024-2033","dc_type":"bijlage","foi_fairiscoreVersions":{"v1":1,"v2":1},"foi_fileName":"Z%2F21%2F166511%20-%20329533%20-%20Bijlage%204%20Raadsvoorstel%20%20-%20Meerjaren%20onderhoudsplan%202024-2033.pdf","foi_nrPages":4},{"dc_format":"application/pdf","dc_identifier":"nl.gm1954.2c.2023.2836181-8.doc.7","dc_source":"https://api1.ibabs.eu/publicdownload.aspx?site=Beekdaelen&id=9898ca44-626c-45f9-905e-3c7c42ce8dff","dc_title":"Bijlage: Begrotingswijziging","dc_type":"bijlage","foi_fairiscoreVersions":{"v1":1,"v2":1},"foi_fileName":"Z%2F21%2F166511%20-%20329533%20-%20Bijlage%206%20Raadsvoorstel%20-%20%20Begrotingswijziging.pdf","foi_nrPages":1},{"dc_format":"application/pdf","dc_identifier":"nl.gm1954.2c.2023.2836181-8.doc.1","dc_source":"https://api1.ibabs.eu/publicdownload.aspx?site=Beekdaelen&id=be5a42a4-f4c3-40c3-acaa-7c3f44457d0c","dc_title":"Raadsvoorstel inzake Actualisatie meerjarenonderhoudsplan gebouwen 2024-2033","dc_type":"bijlage","foi_fairiscoreVersions":{"v1":1,"v2":1},"foi_fileName":"Z%2F21%2F166511%20-%20329533%20-%20Raadsvoorstel%20-%20Actualisatie%20meerjarenonderhoudsplan%20gebouwen%202024-2033.pdf","foi_nrPages":5},{"dc_format":"application/pdf","dc_identifier":"nl.gm1954.2c.2023.2836181-8.doc.6","dc_source":"https://api1.ibabs.eu/publicdownload.aspx?site=Beekdaelen&id=a08dc35a-9425-4419-b581-306ee579501b","dc_title":"Raadsbesluit inzake Actualisatie meerjarenonderhoudsplan gebouwen 2024-2033 - vastgesteld 19-12-2023","dc_type":"bijlage","foi_fairiscoreVersions":{"v1":1,"v2":1},"foi_fileName":"Z%2F21%2F166511%20-%20329534%20-%20Raadsbesluit%20-%20Actualisatie%20meerjarenonderhoudsplan%20gebouwen%202024-2033.pdf","foi_nrPages":1}],"foi_nrDocuments":18,"foi_nrPagesInDossier":36,"foi_publishedDate":"2023-12-04","foi_retrievedDate":"2026-01-23"},{"dc_creator":"HandelingScraper_v1","dc_date_year":2023,"dc_description":"Vergadering van de Gemeente Beekdaelen op 2023-12-04. Onderdeel: Raadsvoorstel inzake: \"Nota strategisch accommodatiebeleid\".","dc_identifier":"nl.gm1954.2c.2023.2836181-9","dc_publisher":"gm1954","dc_source":"https://beekdaelen.bestuurlijkeinformatie.nl/Agenda/Index/6c65f9ad-a7b4-4e0f-b320-d96cafdeb663","dc_title":"Raadscommissie Sociale Leefomgeving 2023-12-04 - Raadsvoorstel inzake: \"Nota strategisch accommodatiebeleid\"","dc_type":"2c","dc_type_description":"Vergaderstuk decentrale overheid","foi_fairiscoreVersions":{"v1":2,"v2":2},"foi_files":[{"dc_format":"application/octet-stream","dc_identifier":"nl.gm1954.2c.2023.2836181-9.doc.20","dc_source":"https://api1.ibabs.eu/publicdownload.aspx?site=Beekdaelen&id=e0573631-79ff-4b33-b24e-b4d26b45c796","dc_title":"B5 advies commissie","dc_type":"bijlage","foi_fileName":"B5%20advies%20commissie.mp3","foi_nrPages":1},{"dc_format":"application/octet-stream","dc_identifier":"nl.gm1954.2c.2023.2836181-9.doc.16","dc_source":"https://api1.ibabs.eu/publicdownload.aspx?site=Beekdaelen&id=5d01b7e4-0307-4aef-a595-8e058f7db4d1","dc_title":"B5 beantwoording eerste termijn","dc_type":"bijlage","foi_fileName":"B5%20beantwoording%20eerste%20termijn.mp3","foi_nrPages":1},{"dc_format":"application/octet-stream","dc_identifier":"nl.gm1954.2c.2023.2836181-9.doc.18","dc_source":"https://api1.ibabs.eu/publicdownload.aspx?site=Beekdaelen&id=9290eac7-6d53-4bf9-8fe2-81813dfb099b","dc_title":"B5 beantwoording tweede termijn I","dc_type":"bijlage","foi_fileName":"B5%20beantwoording%20tweede%20termijn%20I.mp3","foi_nrPages":1},{"dc_format":"application/octet-stream","dc_identifier":"nl.gm1954.2c.2023.2836181-9.doc.19","dc_source":"https://api1.ibabs.eu/publicdownload.aspx?site=Beekdaelen&id=9bca287d-cd4d-470a-a846-6f702a99a94e","dc_title":"B5 beantwoording tweede termijn II","dc_type":"bijlage","foi_fileName":"B5%20beantwoording%20tweede%20termijn%20II.mp3","foi_nrPages":1},{"dc_format":"application/octet-stream","dc_identifier":"nl.gm1954.2c.2023.2836181-9.doc.14","dc_source":"https://api1.ibabs.eu/publicdownload.aspx?site=Beekdaelen&id=ea5bac76-decf-4b83-9f5e-544f0f00a4af","dc_title":"B5 eerste termijn I","dc_type":"bijlage","foi_fileName":"B5%20eerste%20termijn%20I.mp3","foi_nrPages":1},{"dc_format":"application/octet-stream","dc_identifier":"nl.gm1954.2c.2023.2836181-9.doc.15","dc_source":"https://api1.ibabs.eu/publicdownload.aspx?site=Beekdaelen&id=33a6aa6a-602a-41f3-bc8a-c0ce76393988","dc_title":"B5 eerste termijn II","dc_type":"bijlage","foi_fileName":"B5%20eerste%20termijn%20II.mp3","foi_nrPages":1},{"dc_format":"application/octet-stream","dc_identifier":"nl.gm1954.2c.2023.2836181-9.doc.17","dc_source":"https://api1.ibabs.eu/publicdownload.aspx?site=Beekdaelen&id=c76efcc6-918d-487d-9b69-18f705bf0fe5","dc_title":"B5 tweede termijn","dc_type":"bijlage","foi_fileName":"B5%20tweede%20termijn.mp3","foi_nrPages":1},{"dc_format":"application/pdf","dc_identifier":"nl.gm1954.2c.2023.2836181-9.doc.7","dc_source":"https://api1.ibabs.eu/publicdownload.aspx?site=Beekdaelen&id=5793bcd5-8a17-42e2-8899-426a93506346","dc_title":"Meerjaren onderhoudsplan 2024-2033","dc_type":"bijlage","foi_fairiscoreVersions":{"v1":1,"v2":1},"foi_fileName":"Bijlage%204%20-%20Meerjaren%20onderhoudsplan%202024-2033_2.pdf","foi_nrPages":4},{"dc_format":"application/pdf","dc_identifier":"nl.gm1954.2c.2023.2836181-9.doc.5","dc_source":"https://api1.ibabs.eu/publicdownload.aspx?site=Beekdaelen&id=17a85264-9bd9-4ca1-98ce-c67ea199111b","dc_title":"Kernprofielschetsen","dc_type":"bijlage","foi_fairiscoreVersions":{"v1":1,"v2":1},"foi_fileName":"Kernprofielschetsen.pdf","foi_nrPages":15},{"dc_format":"application/pdf","dc_identifier":"nl.gm1954.2c.2023.2836181-9.doc.13","dc_source":"https://api1.ibabs.eu/publicdownload.aspx?site=Beekdaelen&id=3f70e6bd-9704-48a8-8d1c-0e6b8df3056f","dc_title":"MvA vragen BL B5","dc_type":"bijlage","foi_fairiscoreVersions":{"v1":1,"v2":1},"foi_fileName":"MvA%20vragen%20BL%20B5.pdf","foi_nrPages":3},{"dc_format":"application/pdf","dc_identifier":"nl.gm1954.2c.2023.2836181-9.doc.8","dc_source":"https://api1.ibabs.eu/publicdownload.aspx?site=Beekdaelen&id=f4a14645-aa43-4008-b376-aad469dec073","dc_title":"MvA vragen CDA B5","dc_type":"bijlage","foi_fairiscoreVersions":{"v1":1,"v2":1},"foi_fileName":"MvA%20vragen%20CDA%20B5.pdf","foi_nrPages":3},{"dc_format":"application/pdf","dc_identifier":"nl.gm1954.2c.2023.2836181-9.doc.9","dc_source":"https://api1.ibabs.eu/publicdownload.aspx?site=Beekdaelen&id=57001bb6-3d31-4a1a-9215-c90dc3434382","dc_title":"MvA vragen Koll\u00e9e Rijkx B5","dc_type":"bijlage","foi_fairiscoreVersions":{"v1":1,"v2":1},"foi_fileName":"MvA%20vragen%20Koll%C3%A9e%20Rijkx%20B5.pdf","foi_nrPages":4},{"dc_format":"application/pdf","dc_identifier":"nl.gm1954.2c.2023.2836181-9.doc.10","dc_source":"https://api1.ibabs.eu/publicdownload.aspx?site=Beekdaelen&id=7939503c-b172-49a8-be58-ddd7da95bb2a","dc_title":"MvA vragen PvdA B5","dc_type":"bijlage","foi_fairiscoreVersions":{"v1":1,"v2":1},"foi_fileName":"MvA%20vragen%20PvdA%20B5.pdf","foi_nrPages":3},{"dc_format":"application/pdf","dc_identifier":"nl.gm1954.2c.2023.2836181-9.doc.11","dc_source":"https://api1.ibabs.eu/publicdownload.aspx?site=Beekdaelen&id=78af1924-8bf7-4fc9-a90b-8d70e868d176","dc_title":"MvA vragen VG B5","dc_type":"bijlage","foi_fairiscoreVersions":{"v1":1,"v2":1},"foi_fileName":"MvA%20vragen%20VG%20B5.pdf","foi_nrPages":5},{"dc_format":"application/pdf","dc_identifier":"nl.gm1954.2c.2023.2836181-9.doc.12","dc_source":"https://api1.ibabs.eu/publicdownload.aspx?site=Beekdaelen&id=bcc5953b-8d57-492c-96f7-fa79dd6f72b2","dc_title":"MvA vragen VVD B5","dc_type":"bijlage","foi_fairiscoreVersions":{"v1":1,"v2":1},"foi_fileName":"MvA%20vragen%20VVD%20B5.pdf","foi_nrPages":3},{"dc_format":"application/pdf","dc_identifier":"nl.gm1954.2c.2023.2836181-9.doc.4","dc_source":"https://api1.ibabs.eu/publicdownload.aspx?site=Beekdaelen&id=2eab6455-4150-43d6-addd-775770d1f5e5","dc_title":"Procesvoorstel Strategisch Accommodatiebeleid","dc_type":"bijlage","foi_fairiscoreVersions":{"v1":2,"v2":1},"foi_fileName":"Procesvoorstel%20Strategisch%20Accommodatiebeleid.pdf","foi_nrPages":10},{"dc_format":"application/pdf","dc_identifier":"nl.gm1954.2c.2023.2836181-9.doc.6","dc_source":"https://api1.ibabs.eu/publicdownload.aspx?site=Beekdaelen&id=6715156e-0c76-4b48-8210-13874f7052f6","dc_title":"Bijlage 5: Raadsbesluit - strategisch accommodatiebeleid","dc_type":"bijlage","foi_fairiscoreVersions":{"v1":1,"v2":1},"foi_fileName":"Raadsbesluit%20-%20strategisch%20accommodatiebeleid%20-%20350594_1.pdf","foi_nrPages":1},{"dc_format":"application/pdf","dc_identifier":"nl.gm1954.2c.2023.2836181-9.doc.1","dc_source":"https://api1.ibabs.eu/publicdownload.aspx?site=Beekdaelen&id=81b0877b-38e4-4d6c-92a6-985ccb0b84ef","dc_title":"Raadsvoorstel inzake strategisch accommodatiebeleid gemeente Beekdaelen 2024-2028","dc_type":"bijlage","foi_fairiscoreVersions":{"v1":1,"v2":1},"foi_fileName":"Raadsvoorstel%20-%20strategisch%20accommodatiebeleid%20-%20350382_1.pdf","foi_nrPages":6},{"dc_format":"application/pdf","dc_identifier":"nl.gm1954.2c.2023.2836181-9.doc.3","dc_source":"https://api1.ibabs.eu/publicdownload.aspx?site=Beekdaelen&id=70accfac-e5f4-4853-8fcb-04fdbcb3f6b8","dc_title":"Rapport stand van zaken strategisch accommodatiebeleid","dc_type":"bijlage","foi_fairiscoreVersions":{"v1":2,"v2":1},"foi_fileName":"Rapport%20stand%20van%20zaken%20strategisch%20accommodatiebeleid.pdf","foi_nrPages":14},{"dc_format":"application/pdf","dc_identifier":"nl.gm1954.2c.2023.2836181-9.doc.2","dc_source":"https://api1.ibabs.eu/publicdownload.aspx?site=Beekdaelen&id=50ca7c13-b112-4086-98ee-c8a3040421bf","dc_title":"Strategisch accommodatiebeleid Gemeente Beekdaelen 2024-2028 VERVALLEN","dc_type":"bijlage","foi_fairiscoreVersions":{"v1":2,"v2":2},"foi_fileName":"Strategisch%20accommodatiebeleid%20Gemeente%20Beekdaelen%202024-2028.pdf","foi_nrPages":24}],"foi_nrDocuments":20,"foi_nrPagesInDossier":102,"foi_publishedDate":"2023-12-04","foi_retrievedDate":"2025-11-29"},{"dc_creator":"HandelingScraper_v1","dc_date_year":2023,"dc_description":"Vergadering van de Gemeente Beekdaelen op 2023-12-06. Onderdeel: Algemeen.","dc_identifier":"nl.gm1954.2c.2023.2836270-1","dc_publisher":"gm1954","dc_source":"https://beekdaelen.bestuurlijkeinformatie.nl/Agenda/Index/6e52dc03-ddee-4e08-90fb-97dab6415ffe","dc_title":"Raadscommissie Bestuur en Middelen 2023-12-06 - Algemeen","dc_type":"2c","dc_type_description":"Vergaderstuk decentrale overheid","foi_fairiscoreVersions":{"v1":1,"v2":1},"foi_files":[{"dc_format":"application/pdf","dc_identifier":"nl.gm1954.2c.2023.2836270-1.doc.3","dc_source":"https://api1.ibabs.eu/publicdownload.aspx?site=Beekdaelen&id=cd4b379f-bd7f-4a4c-af76-1af8a97c20b8","dc_title":"Technische vragen BL voor cie B1","dc_type":"bijlage","foi_fairiscoreVersions":{"v1":1,"v2":1},"foi_fileName":"Technische%20vragen%20BL%20voor%20cie%20B1.pdf","foi_nrPages":1},{"dc_format":"application/pdf","dc_identifier":"nl.gm1954.2c.2023.2836270-1.doc.2","dc_source":"https://api1.ibabs.eu/publicdownload.aspx?site=Beekdaelen&id=9a0a5e0b-3a7e-4604-a4c5-b75026764267","dc_title":"Technische vragen Koll\u00e9e Rijkx voor cie B1","dc_type":"bijlage","foi_fairiscoreVersions":{"v1":1,"v2":1},"foi_fileName":"Technische%20vragen%20Koll%C3%A9e%20Rijkx%20voor%20cie%20B1.pdf","foi_nrPages":1},{"dc_format":"application/pdf","dc_identifier":"nl.gm1954.2c.2023.2836270-1.doc.1","dc_source":"https://api1.ibabs.eu/publicdownload.aspx?site=Beekdaelen&id=75328c0d-62ad-46a2-b4c1-d0c09f4d84e3","dc_title":"Technische vragen VG voor cie B1","dc_type":"bijlage","foi_fairiscoreVersions":{"v1":1,"v2":1},"foi_fileName":"Technische%20vragen%20VG%20voor%20cie%20B1.pdf","foi_nrPages":1}],"foi_nrDocuments":3,"foi_nrPagesInDossier":3,"foi_publishedDate":"2023-12-06","foi_retrievedDate":"2025-11-29"},{"dc_creator":"HandelingScraper_v1","dc_date_year":2023,"dc_description":"Vergadering van de Gemeente Beekdaelen op 2023-12-06. Onderdeel: Opening, mededelingen voorzitter en vaststellen agenda..","dc_identifier":"nl.gm1954.2c.2023.2836270-2","dc_publisher":"gm1954","dc_source":"https://beekdaelen.bestuurlijkeinformatie.nl/Agenda/Index/6e52dc03-ddee-4e08-90fb-97dab6415ffe","dc_title":"Raadscommissie Bestuur en Middelen 2023-12-06 - Opening, mededelingen voorzitter en vaststellen agenda.","dc_type":"2c","dc_type_description":"Vergaderstuk decentrale overheid","foi_fairiscoreVersions":{"v1":1,"v2":1},"foi_files":[{"dc_format":"application/octet-stream","dc_identifier":"nl.gm1954.2c.2023.2836270-2.doc.3","dc_source":"https://api1.ibabs.eu/publicdownload.aspx?site=Beekdaelen&id=333a0e3b-1b00-4d94-a4d2-b591b2d3687b","dc_title":"A1 tm A3","dc_type":"bijlage","foi_fileName":"A1%20tm%20A3.mp3","foi_nrPages":1},{"dc_format":"application/pdf","dc_identifier":"nl.gm1954.2c.2023.2836270-2.doc.1","dc_source":"https://api1.ibabs.eu/publicdownload.aspx?site=Beekdaelen&id=8739198c-0fbe-4c52-a9e2-00b621006cc7","dc_title":"Agenderingsverzoek VG","dc_type":"bijlage","foi_fairiscoreVersions":{"v1":1,"v2":1},"foi_fileName":"Format%20agenderingsverzoek%20%281%29.pdf","foi_nrPages":2},{"dc_format":"application/pdf","dc_identifier":"nl.gm1954.2c.2023.2836270-2.doc.2","dc_source":"https://api1.ibabs.eu/publicdownload.aspx?site=Beekdaelen&id=35626bfd-a9a0-4f1a-9fd7-be60614d46b7","dc_title":"Uitnodiging en voorlopige agenda cie. B&M 06122023","dc_type":"bijlage","foi_fairiscoreVersions":{"v1":1,"v2":1},"foi_fileName":"Uitnodiging%20en%20voorlopige%20agenda%20cie.pdf","foi_nrPages":1}],"foi_nrDocuments":3,"foi_nrPagesInDossier":4,"foi_publishedDate":"2023-12-06","foi_retrievedDate":"2025-11-29"},{"dc_creator":"HandelingScraper_v1","dc_date_year":2023,"dc_description":"Vergadering van de Gemeente Beekdaelen op 2023-12-06. Onderdeel: Spreekrecht burgers..","dc_identifier":"nl.gm1954.2c.2023.2836270-3","dc_publisher":"gm1954","dc_source":"https://beekdaelen.bestuurlijkeinformatie.nl/Agenda/Index/6e52dc03-ddee-4e08-90fb-97dab6415ffe","dc_title":"Raadscommissie Bestuur en Middelen 2023-12-06 - Spreekrecht burgers.","dc_type":"2c","dc_type_description":"Vergaderstuk decentrale overheid","foi_fairiscoreVersions":{"v1":null,"v2":null},"foi_files":[{"dc_format":"application/octet-stream","dc_identifier":"nl.gm1954.2c.2023.2836270-3.doc.1","dc_source":"https://api1.ibabs.eu/publicdownload.aspx?site=Beekdaelen&id=d4f4675d-2b8a-4c32-b9e8-71eebbefc4e2","dc_title":"A1 tm A3","dc_type":"bijlage","foi_fileName":"A1%20tm%20A3.mp3","foi_nrPages":1}],"foi_nrDocuments":1,"foi_nrPagesInDossier":1,"foi_publishedDate":"2023-12-06","foi_retrievedDate":"2025-11-29"},{"dc_creator":"HandelingScraper_v1","dc_date_year":2023,"dc_description":"Vergadering van de Gemeente Beekdaelen op 2023-12-06. Onderdeel: Vaststellen actiepuntenlijst van de raadscommissie Bestuur en Middelen d.d. 13.09.2023.","dc_identifier":"nl.gm1954.2c.2023.2836270-4","dc_publisher":"gm1954","dc_source":"https://beekdaelen.bestuurlijkeinformatie.nl/Agenda/Index/6e52dc03-ddee-4e08-90fb-97dab6415ffe","dc_title":"Raadscommissie Bestuur en Middelen 2023-12-06 - Vaststellen actiepuntenlijst van de raadscommissie Bestuur en Middelen d.d. 13.09.2023","dc_type":"2c","dc_type_description":"Vergaderstuk decentrale overheid","foi_fairiscoreVersions":{"v1":1,"v2":1},"foi_files":[{"dc_format":"application/octet-stream","dc_identifier":"nl.gm1954.2c.2023.2836270-4.doc.2","dc_source":"https://api1.ibabs.eu/publicdownload.aspx?site=Beekdaelen&id=c828b509-e947-4b04-a1be-9ba871039966","dc_title":"A1 tm A3","dc_type":"bijlage","foi_fileName":"A1%20tm%20A3.mp3"},{"dc_format":"application/pdf","dc_identifier":"nl.gm1954.2c.2023.2836270-4.doc.1","dc_source":"https://api1.ibabs.eu/publicdownload.aspx?site=Beekdaelen&id=c5dbab2d-c4c5-4616-91c6-bf7eac03279f","dc_title":"Actiepuntenlijst cie B&M 13092023","dc_type":"bijlage","foi_fairiscoreVersions":{"v1":1,"v2":1},"foi_fileName":"Actiepuntenlijst%20cie%20B%26M%2013092023%20%28kopie%20uit%20Decos%29.pdf","foi_nrPages":5}],"foi_nrDocuments":2,"foi_nrPagesInDossier":5,"foi_publishedDate":"2023-12-06","foi_retrievedDate":"2025-12-02"},{"dc_creator":"HandelingScraper_v1","dc_date_year":2023,"dc_description":"Vergadering van de Gemeente Beekdaelen op 2023-12-06. Onderdeel: Raadsvoorstel inzake: \"Voorkeursadvies aanwijzing lokale omroep Beekdaelen\".","dc_identifier":"nl.gm1954.2c.2023.2836270-5","dc_publisher":"gm1954","dc_source":"https://beekdaelen.bestuurlijkeinformatie.nl/Agenda/Index/6e52dc03-ddee-4e08-90fb-97dab6415ffe","dc_title":"Raadscommissie Bestuur en Middelen 2023-12-06 - Raadsvoorstel inzake: \"Voorkeursadvies aanwijzing lokale omroep Beekdaelen\"","dc_type":"2c","dc_type_description":"Vergaderstuk decentrale overheid","foi_fairiscoreVersions":{"v1":null,"v2":null},"foi_files":[{"dc_format":"application/pdf","dc_identifier":"nl.gm1954.2c.2023.2836270-5.doc.13","dc_source":"https://api1.ibabs.eu/publicdownload.aspx?site=Beekdaelen&id=d03724fa-388f-4b62-b22f-b3067db61c14","dc_title":"Nota van wijziging bijlage 2a: Aanvullende informatie Stichting Plus GEANONIMISEERD","dc_type":"bijlage","foi_fileName":"Aanvullende%20informatie%20Stichting%20Plus%20GEANONIMISEERD.pdf"},{"dc_format":"application/octet-stream","dc_identifier":"nl.gm1954.2c.2023.2836270-5.doc.24","dc_source":"https://api1.ibabs.eu/publicdownload.aspx?site=Beekdaelen&id=d7a77bcb-923c-442a-92d3-093340a0aa6a","dc_title":"B1 advies commissie","dc_type":"bijlage","foi_fileName":"B1%20advies%20commissie.mp3"},{"dc_format":"application/octet-stream","dc_identifier":"nl.gm1954.2c.2023.2836270-5.doc.20","dc_source":"https://api1.ibabs.eu/publicdownload.aspx?site=Beekdaelen&id=a5c38f17-9629-4f53-91fb-b1b591c8ab06","dc_title":"B1 beantwoording eerste termijn","dc_type":"bijlage","foi_fileName":"B1%20beantwoording%20eerste%20termijn.mp3"},{"dc_format":"application/octet-stream","dc_identifier":"nl.gm1954.2c.2023.2836270-5.doc.22","dc_source":"https://api1.ibabs.eu/publicdownload.aspx?site=Beekdaelen&id=39c999cb-8e3f-4c40-8237-bdce77ee89d7","dc_title":"B1 beantwoording tweede termijn I","dc_type":"bijlage","foi_fileName":"B1%20beantwoording%20tweede%20termijn%20I.mp3"},{"dc_format":"application/octet-stream","dc_identifier":"nl.gm1954.2c.2023.2836270-5.doc.23","dc_source":"https://api1.ibabs.eu/publicdownload.aspx?site=Beekdaelen&id=ac821b7b-677b-4c34-9fe8-596d323171af","dc_title":"B1 beantwoording tweede termijn II","dc_type":"bijlage","foi_fileName":"B1%20beantwoording%20tweede%20termijn%20II.mp3"},{"dc_format":"application/octet-stream","dc_identifier":"nl.gm1954.2c.2023.2836270-5.doc.18","dc_source":"https://api1.ibabs.eu/publicdownload.aspx?site=Beekdaelen&id=8c758ee7-98e9-4392-be02-f90f9984d6af","dc_title":"B1 eerste termijn I","dc_type":"bijlage","foi_fileName":"B1%20eerste%20termijn%20I.mp3"},{"dc_format":"application/octet-stream","dc_identifier":"nl.gm1954.2c.2023.2836270-5.doc.19","dc_source":"https://api1.ibabs.eu/publicdownload.aspx?site=Beekdaelen&id=e0b148ec-f641-4264-9051-571ee8b82565","dc_title":"B1 eerste termijn II","dc_type":"bijlage","foi_fileName":"B1%20eerste%20termijn%20II.mp3"},{"dc_format":"application/octet-stream","dc_identifier":"nl.gm1954.2c.2023.2836270-5.doc.21","dc_source":"https://api1.ibabs.eu/publicdownload.aspx?site=Beekdaelen&id=6375479b-623b-49ce-8f43-9f06efbfa7ba","dc_title":"B1 tweede termijn","dc_type":"bijlage","foi_fileName":"B1%20tweede%20termijn.mp3"},{"dc_format":"application/pdf","dc_identifier":"nl.gm1954.2c.2023.2836270-5.doc.12","dc_source":"https://api1.ibabs.eu/publicdownload.aspx?site=Beekdaelen&id=d31a724e-e04a-4925-a76d-e5f96ce47459","dc_title":"Nota van wijziging bijlage 1: Herziene en gewijzigde beoordeling wettelijke en lokale toetsingcriteria lokale omroep","dc_type":"bijlage","foi_fileName":"Herziene%20en%20gewijzigde%20beoordeling%20wettelijke%20en%20lokale%20toetsingcriteria%20lokale%20omroep.pdf"},{"dc_format":"application/pdf","dc_identifier":"nl.gm1954.2c.2023.2836270-5.doc.14","dc_source":"https://api1.ibabs.eu/publicdownload.aspx?site=Beekdaelen&id=1f182ef4-2313-4fa3-a0d4-5661c4b4ea23","dc_title":"Nota van wijziging bijlage 2b: Aanvullende informatie Stichting Plus - Jaarrekening  GEANONIMISEERD","dc_type":"bijlage","foi_fileName":"Jaarrekening%20Stichting%20Plus%20GEANONIMISEERD.pdf"},{"dc_format":"application/pdf","dc_identifier":"nl.gm1954.2c.2023.2836270-5.doc.15","dc_source":"https://api1.ibabs.eu/publicdownload.aspx?site=Beekdaelen&id=d49a150f-d39a-4e49-85f9-b171b84d8ef0","dc_title":"MvA vragen BL B1","dc_type":"bijlage","foi_fileName":"MvA%20vragen%20BL%20B1.pdf"},{"dc_format":"application/pdf","dc_identifier":"nl.gm1954.2c.2023.2836270-5.doc.16","dc_source":"https://api1.ibabs.eu/publicdownload.aspx?site=Beekdaelen&id=ff1d8495-c65f-49de-825f-dbdea67af1ba","dc_title":"MvA vragen Koll\u00e9e Rijkx B1","dc_type":"bijlage","foi_fileName":"MvA%20vragen%20Koll%C3%A9e%20Rijkx%20B1.pdf"},{"dc_format":"application/pdf","dc_identifier":"nl.gm1954.2c.2023.2836270-5.doc.17","dc_source":"https://api1.ibabs.eu/publicdownload.aspx?site=Beekdaelen&id=cc4b5c7c-9c12-48bb-af0c-5354f4b90cce","dc_title":"MvA vragen VG B1","dc_type":"bijlage","foi_fileName":"MvA%20vragen%20VG%20B1.pdf"},{"dc_format":"application/pdf","dc_identifier":"nl.gm1954.2c.2023.2836270-5.doc.11","dc_source":"https://api1.ibabs.eu/publicdownload.aspx?site=Beekdaelen&id=1ac20428-1428-48e5-ad6e-334ff5c8aa61","dc_title":"Nota van wijziging op advies aanwijzing lokale omroep","dc_type":"bijlage","foi_fileName":"Nota%20van%20wijziging%20op%20advies%20aanwijzing%20lokale%20omroep.pdf"},{"dc_format":"application/pdf","dc_identifier":"nl.gm1954.2c.2023.2836270-5.doc.2","dc_source":"https://api1.ibabs.eu/publicdownload.aspx?site=Beekdaelen&id=de42339b-dc17-4c20-b38e-85c3e3966b1f","dc_title":"Bijlage 1: Brief Commissariaat voor de Media openstellen aanwijzingsprocedure lokale publieke media-instelling","dc_type":"bijlage","foi_fileName":"Z%2F23%2F191206%20-%20340680%20Brief%20van%20het%20Commissariaat%20voor%20de%20Media%20over%20het%20openstellen%20van%20de%20aanwijzingsprocedure%20%28geanonimiseerd%29.pdf"},{"dc_format":"application/pdf","dc_identifier":"nl.gm1954.2c.2023.2836270-5.doc.4","dc_source":"https://api1.ibabs.eu/publicdownload.aspx?site=Beekdaelen&id=77da4ae9-3c96-4d97-9ded-12b0a7302390","dc_title":"Bijlage 3: Toetsingscriteria gemeente Beekdaelen","dc_type":"bijlage","foi_fileName":"Z%2F23%2F191206%20-%20340681%20-%20Formulier%20toetsingscriteria%20voorkeursscenario.pdf"},{"dc_format":"application/pdf","dc_identifier":"nl.gm1954.2c.2023.2836270-5.doc.3","dc_source":"https://api1.ibabs.eu/publicdownload.aspx?site=Beekdaelen&id=33297d68-e5de-45d3-8d2e-da1ee0a09690","dc_title":"Bijlage 2: Brief Commissariaat voor de Media over voorkeursadvies inclusief bijlagen","dc_type":"bijlage","foi_fileName":"Z%2F23%2F193051%20-%20343702%20Brief%20Commissariaat%20voor%20de%20Media%20over%20voorkeursadvies%20inclusief%20bijlagen.pdf"},{"dc_format":"application/pdf","dc_identifier":"nl.gm1954.2c.2023.2836270-5.doc.1","dc_source":"https://api1.ibabs.eu/publicdownload.aspx?site=Beekdaelen&id=2f1fcfcc-68d7-4d06-bc4f-921985b88175","dc_title":"Raadsvoorstel inzake voorkeursadvies aanwijzing lokale omroep","dc_type":"bijlage","foi_fileName":"Z%2F23%2F193051%20-%20346504%20-%20Raadsvoorstel%20voorkeursadvies%20aanwijzing%20lokale%20omroep.pdf"},{"dc_format":"application/pdf","dc_identifier":"nl.gm1954.2c.2023.2836270-5.doc.10","dc_source":"https://api1.ibabs.eu/publicdownload.aspx?site=Beekdaelen&id=b873af84-1639-4d78-9845-4c958869ebdf","dc_title":"Bijlage 9: Raadsbesluit voorkeursadvies lokale omroep","dc_type":"bijlage","foi_fileName":"Z%2F23%2F193051%20-%20346505%20-%20Raadsbesluit%20voorkeursadvies%20lokale%20omroep.pdf"},{"dc_format":"application/pdf","dc_identifier":"nl.gm1954.2c.2023.2836270-5.doc.5","dc_source":"https://api1.ibabs.eu/publicdownload.aspx?site=Beekdaelen&id=1864380b-66fd-4cf3-9083-804a170d2125","dc_title":"Bijlage 4: Reactie Stichting ZO NWS op toetsingscriteria","dc_type":"bijlage","foi_fileName":"Z%2F23%2F193051%20-%20346594%20Reactie%20Stichting%20ZO%20NWS%20op%20toetsingscriteria%20%28geanonimseerd%29.pdf"},{"dc_format":"application/pdf","dc_identifier":"nl.gm1954.2c.2023.2836270-5.doc.6","dc_source":"https://api1.ibabs.eu/publicdownload.aspx?site=Beekdaelen&id=006598b8-3b93-4569-96c4-2e7bc6656388","dc_title":"Bijlage 5: Reactie Stichting Plus en beantwoording vragen over toetsingscriteria","dc_type":"bijlage","foi_fileName":"Z%2F23%2F193051%20-%20346595%20Reactie%20Stichting%20Plus%20en%20beantwoording%20vragen%20over%20toetsingscriteria%20%28geanonimiseerd%29.pdf"},{"dc_format":"application/pdf","dc_identifier":"nl.gm1954.2c.2023.2836270-5.doc.8","dc_source":"https://api1.ibabs.eu/publicdownload.aspx?site=Beekdaelen&id=63834283-f554-4b87-a79a-d4143ad34e9f","dc_title":"Bijlage 7: Verslag werkbezoek Stichting Plus","dc_type":"bijlage","foi_fileName":"Z%2F23%2F193051%20-%20346596%20Verslag%20werkbezoek%20stichting%20Plus.pdf"},{"dc_format":"application/pdf","dc_identifier":"nl.gm1954.2c.2023.2836270-5.doc.7","dc_source":"https://api1.ibabs.eu/publicdownload.aspx?site=Beekdaelen&id=9b540711-822c-4220-881c-a16d14544dc8","dc_title":"Bijlage 6: Verslag werkbezoek Stichting ZO-NWS","dc_type":"bijlage","foi_fileName":"Z%2F23%2F193051%20-%20346597%20-%20Verslag%20werkbezoek%20Stichting%20ZO-NWS.pdf"},{"dc_format":"application/pdf","dc_identifier":"nl.gm1954.2c.2023.2836270-5.doc.9","dc_source":"https://api1.ibabs.eu/publicdownload.aspx?site=Beekdaelen&id=d5a176fd-f0ae-4d3c-8f94-767ca5552659","dc_title":"Bijlage 8: Beoordeling wettelijke en lokale toetsingscriteria lokale omroep VERVALLEN","dc_type":"bijlage","foi_fileName":"Z%2F23%2F193051%20-%20346598%20-%20Beoordeling%20wettelijke%20en%20lokale%20toetsingscriteria%20lokale%20omroep.pdf"}],"foi_nrDocuments":24,"foi_nrPagesInDossier":0,"foi_publishedDate":"2023-12-06","foi_retrievedDate":"2025-11-30"},{"dc_creator":"HandelingScraper_v1","dc_date_year":2023,"dc_description":"Vergadering van de Gemeente Beekdaelen op 2023-12-06. Onderdeel: Brief gemeente Eijsden Margraten inzake Regionale raadsadviescommissie Gemeenschappelijke Regelingen.","dc_identifier":"nl.gm1954.2c.2023.2836270-6","dc_publisher":"gm1954","dc_source":"https://beekdaelen.bestuurlijkeinformatie.nl/Agenda/Index/6e52dc03-ddee-4e08-90fb-97dab6415ffe","dc_title":"Raadscommissie Bestuur en Middelen 2023-12-06 - Brief gemeente Eijsden Margraten inzake Regionale raadsadviescommissie Gemeenschappelijke Regelingen","dc_type":"2c","dc_type_description":"Vergaderstuk decentrale overheid","foi_fairiscoreVersions":{"v1":null,"v2":null},"foi_files":[{"dc_format":"application/octet-stream","dc_identifier":"nl.gm1954.2c.2023.2836270-6.doc.5","dc_source":"https://api1.ibabs.eu/publicdownload.aspx?site=Beekdaelen&id=7f42c5b8-02f7-4b76-8299-23d5e3f34b7c","dc_title":"B2 advies commissie + C Rondvraag","dc_type":"bijlage","foi_fileName":"B2%20advies%20commissie%20%2B%20C%20Rondvraag.mp3"},{"dc_format":"application/octet-stream","dc_identifier":"nl.gm1954.2c.2023.2836270-6.doc.3","dc_source":"https://api1.ibabs.eu/publicdownload.aspx?site=Beekdaelen&id=b93ec343-6acd-42bd-b340-397e34a35b5a","dc_title":"B2 eerste termijn I","dc_type":"bijlage","foi_fileName":"B2%20eerste%20termijn.mp3"},{"dc_format":"application/octet-stream","dc_identifier":"nl.gm1954.2c.2023.2836270-6.doc.4","dc_source":"https://api1.ibabs.eu/publicdownload.aspx?site=Beekdaelen&id=89ad8d20-655c-4eaa-8600-b595d3b136ed","dc_title":"B2 tweede termijn II","dc_type":"bijlage","foi_fileName":"B2%20tweede%20termijn.mp3"},{"dc_format":"application/pdf","dc_identifier":"nl.gm1954.2c.2023.2836270-6.doc.1","dc_source":"https://api1.ibabs.eu/publicdownload.aspx?site=Beekdaelen&id=4c99c0db-c74e-4bd2-bcc0-7470e8e7ce0f","dc_title":"Bijlage 1: Brief gemeente Eijsden Margraten inz. Regionale Raadsadviescommissie Gemeenschappelijke Regelingen","dc_type":"bijlage","foi_fileName":"Brief%20gemeente%20Eijsden%20Margraten.pdf"},{"dc_format":"application/pdf","dc_identifier":"nl.gm1954.2c.2023.2836270-6.doc.2","dc_source":"https://api1.ibabs.eu/publicdownload.aspx?site=Beekdaelen&id=e3d55575-d8c1-4c7b-980c-c1f7b5089b31","dc_title":"Bijlage 2: Motie gemeente Eijsden Margraten","dc_type":"bijlage","foi_fileName":"Motie%20gemeente%20Eijsden%20Margraten.pdf"},{"dc_format":"application/pdf","dc_identifier":"nl.gm1954.2c.2023.2836270-6.doc.6","dc_source":"https://api1.ibabs.eu/publicdownload.aspx?site=Beekdaelen&id=e192ed9e-ca20-444f-971e-125042ce798b","dc_title":"Uitgaande brief Reg. Adviescie. GR-en","dc_type":"bijlage","foi_fileName":"Uitgaande%20brief%20Reg.%20Adviescie.pdf"}],"foi_nrDocuments":6,"foi_nrPagesInDossier":0,"foi_publishedDate":"2023-12-06","foi_retrievedDate":"2025-12-01"},{"dc_creator":"HandelingScraper_v1","dc_date_year":2023,"dc_description":"Vergadering van de Gemeente Beekdaelen op 2023-12-07. Onderdeel: Algemeen.","dc_identifier":"nl.gm1954.2c.2023.2836316-1","dc_publisher":"gm1954","dc_source":"https://beekdaelen.bestuurlijkeinformatie.nl/Agenda/Index/794341e7-7962-4354-844b-1cb6cbff2d26","dc_title":"Raadscommissie Fysieke Leefomgeving 2023-12-07 - Algemeen","dc_type":"2c","dc_type_description":"Vergaderstuk decentrale overheid","foi_fairiscoreVersions":{"v1":1,"v2":1},"foi_files":[{"dc_format":"application/pdf","dc_identifier":"nl.gm1954.2c.2023.2836316-1.doc.2","dc_source":"https://api1.ibabs.eu/publicdownload.aspx?site=Beekdaelen&id=39336403-5508-4092-8315-d5b908af1271","dc_title":"Technische vragen CDA voor cie B1 B2 en B3","dc_type":"bijlage","foi_fairiscoreVersions":{"v1":1,"v2":1},"foi_fileName":"Technische%20vragen%20CDA%20voor%20cie%20B1%20B2%20en%20B3.pdf","foi_nrPages":2},{"dc_format":"application/pdf","dc_identifier":"nl.gm1954.2c.2023.2836316-1.doc.3","dc_source":"https://api1.ibabs.eu/publicdownload.aspx?site=Beekdaelen&id=10103639-8f47-46f7-bd2a-c0d3fcd20109","dc_title":"Technische vragen Koll\u00e9e Rijkx voor cie B2 en B3","dc_type":"bijlage","foi_fairiscoreVersions":{"v1":1,"v2":1},"foi_fileName":"Technische%20vragen%20Koll%C3%A9e%20Rijkx%20voor%20cie%20B2%20en%20B3.pdf","foi_nrPages":1},{"dc_format":"application/pdf","dc_identifier":"nl.gm1954.2c.2023.2836316-1.doc.1","dc_source":"https://api1.ibabs.eu/publicdownload.aspx?site=Beekdaelen&id=7cbe8a96-99b1-4061-a882-e7181bd3a1ad","dc_title":"Technische vragen VG voor cie B1 B2 en B3","dc_type":"bijlage","foi_fairiscoreVersions":{"v1":1,"v2":1},"foi_fileName":"Technische%20vragen%20VG%20voor%20cie%20B1%20B2%20en%20B3.pdf","foi_nrPages":1}],"foi_nrDocuments":3,"foi_nrPagesInDossier":4,"foi_publishedDate":"2023-12-07","foi_retrievedDate":"2025-12-02"},{"dc_creator":"HandelingScraper_v1","dc_date_year":2023,"dc_description":"Vergadering van de Gemeente Beekdaelen op 2023-12-07. Onderdeel: Opening, mededelingen voorzitter en vaststellen agenda..","dc_identifier":"nl.gm1954.2c.2023.2836316-2","dc_publisher":"gm1954","dc_source":"https://beekdaelen.bestuurlijkeinformatie.nl/Agenda/Index/794341e7-7962-4354-844b-1cb6cbff2d26","dc_title":"Raadscommissie Fysieke Leefomgeving 2023-12-07 - Opening, mededelingen voorzitter en vaststellen agenda.","dc_type":"2c","dc_type_description":"Vergaderstuk decentrale overheid","foi_fairiscoreVersions":{"v1":1,"v2":1},"foi_files":[{"dc_format":"application/pdf","dc_identifier":"nl.gm1954.2c.2023.2836316-2.doc.1","dc_source":"https://api1.ibabs.eu/publicdownload.aspx?site=Beekdaelen&id=b8107a38-62c2-4323-aa6a-c135af7bea57","dc_title":"6. Uitnodiging en voorlopige agenda cie. FLO 07122023","dc_type":"bijlage","foi_fairiscoreVersions":{"v1":1,"v2":1},"foi_fileName":"6.%20Uitnodiging%20en%20voorlopige%20agenda%20cie.pdf","foi_nrPages":1},{"dc_format":"application/octet-stream","dc_identifier":"nl.gm1954.2c.2023.2836316-2.doc.2","dc_source":"https://api1.ibabs.eu/publicdownload.aspx?site=Beekdaelen&id=8e744947-717b-4b22-8a6d-c9c090553d50","dc_title":"A1","dc_type":"bijlage","foi_fileName":"A1.mp3"}],"foi_nrDocuments":2,"foi_nrPagesInDossier":1,"foi_publishedDate":"2023-12-07","foi_retrievedDate":"2026-02-12"},{"dc_creator":"HandelingScraper_v1","dc_date_year":2023,"dc_description":"Vergadering van de Gemeente Beekdaelen op 2023-12-07. Onderdeel: Spreekrecht burgers..","dc_identifier":"nl.gm1954.2c.2023.2836316-3","dc_publisher":"gm1954","dc_source":"https://beekdaelen.bestuurlijkeinformatie.nl/Agenda/Index/794341e7-7962-4354-844b-1cb6cbff2d26","dc_title":"Raadscommissie Fysieke Leefomgeving 2023-12-07 - Spreekrecht burgers.","dc_type":"2c","dc_type_description":"Vergaderstuk decentrale overheid","foi_fairiscoreVersions":{"v1":1,"v2":1},"foi_files":[{"dc_format":"application/octet-stream","dc_identifier":"nl.gm1954.2c.2023.2836316-3.doc.2","dc_source":"https://api1.ibabs.eu/publicdownload.aspx?site=Beekdaelen&id=0fd8f081-589e-4e2c-a500-602b744a09fa","dc_title":"A2","dc_type":"bijlage","foi_fileName":"A2.mp3","foi_nrPages":1},{"dc_format":"application/pdf","dc_identifier":"nl.gm1954.2c.2023.2836316-3.doc.1","dc_source":"https://api1.ibabs.eu/publicdownload.aspx?site=Beekdaelen&id=ede56eba-4fac-4185-b4ed-b0f792bc0d5a","dc_title":"Tekst inspreker mevr. Bronneberg","dc_type":"bijlage","foi_fairiscoreVersions":{"v1":1,"v2":1},"foi_fileName":"Tekst%20inspreker%20mevr.pdf","foi_nrPages":1}],"foi_nrDocuments":2,"foi_nrPagesInDossier":2,"foi_publishedDate":"2023-12-07","foi_retrievedDate":"2025-12-05"},{"dc_creator":"HandelingScraper_v1","dc_date_year":2023,"dc_description":"Vergadering van de Gemeente Beekdaelen op 2023-12-07. Onderdeel: Vaststellen actiepuntenlijst van de raadscommissie Fysieke Leefomgeving d.d. 19.10.2023.","dc_identifier":"nl.gm1954.2c.2023.2836316-4","dc_publisher":"gm1954","dc_source":"https://beekdaelen.bestuurlijkeinformatie.nl/Agenda/Index/794341e7-7962-4354-844b-1cb6cbff2d26","dc_title":"Raadscommissie Fysieke Leefomgeving 2023-12-07 - Vaststellen actiepuntenlijst van de raadscommissie Fysieke Leefomgeving d.d. 19.10.2023","dc_type":"2c","dc_type_description":"Vergaderstuk decentrale overheid","foi_fairiscoreVersions":{"v1":1,"v2":1},"foi_files":[{"dc_format":"application/octet-stream","dc_identifier":"nl.gm1954.2c.2023.2836316-4.doc.2","dc_source":"https://api1.ibabs.eu/publicdownload.aspx?site=Beekdaelen&id=53dc1b00-98b8-4f50-bb5c-e1b95573faaa","dc_title":"A3 (+ B3 eerste termijn I)","dc_type":"bijlage","foi_fileName":"A3%20%2B%20B3%20eerste%20termijn%20I.mp3"},{"dc_format":"application/pdf","dc_identifier":"nl.gm1954.2c.2023.2836316-4.doc.1","dc_source":"https://api1.ibabs.eu/publicdownload.aspx?site=Beekdaelen&id=7592eaae-1124-4a44-82ec-f8190db4f1ae","dc_title":"Actiepuntenlijst cie FLO 19102023","dc_type":"bijlage","foi_fairiscoreVersions":{"v1":1,"v2":1},"foi_fileName":"Actiepuntenlijst%20cie%20FLO%2019102023%20%28kopie%20uit%20Decos%29.pdf","foi_nrPages":9}],"foi_nrDocuments":2,"foi_nrPagesInDossier":9,"foi_publishedDate":"2023-12-07","foi_retrievedDate":"2026-03-03"},{"dc_creator":"HandelingScraper_v1","dc_date_year":2023,"dc_description":"Vergadering van de Gemeente Beekdaelen op 2023-12-07. Onderdeel: Raadsvoorstel inzake: Vaststelling bestemmingsplan Provincialeweg Noord 84, 85 en 87 (De Uiver).","dc_identifier":"nl.gm1954.2c.2023.2836316-5","dc_publisher":"gm1954","dc_source":"https://beekdaelen.bestuurlijkeinformatie.nl/Agenda/Index/794341e7-7962-4354-844b-1cb6cbff2d26","dc_title":"Raadscommissie Fysieke Leefomgeving 2023-12-07 - Raadsvoorstel inzake: Vaststelling bestemmingsplan Provincialeweg Noord 84, 85 en 87 (De Uiver)","dc_type":"2c","dc_type_description":"Vergaderstuk decentrale overheid","foi_fairiscoreVersions":{"v1":2,"v2":2},"foi_files":[{"dc_format":"application/octet-stream","dc_identifier":"nl.gm1954.2c.2023.2836316-5.doc.21","dc_source":"https://api1.ibabs.eu/publicdownload.aspx?site=Beekdaelen&id=d3d6905e-e5ac-4c4b-8c83-379c6136b4b8","dc_title":"B1 advies commissie","dc_type":"bijlage","foi_fileName":"B1%20advies%20commissie.mp3"},{"dc_format":"application/octet-stream","dc_identifier":"nl.gm1954.2c.2023.2836316-5.doc.18","dc_source":"https://api1.ibabs.eu/publicdownload.aspx?site=Beekdaelen&id=752e92ea-7f8d-4a78-bd8c-941d9dcd77ed","dc_title":"B1 beantwoording eerste termijn","dc_type":"bijlage","foi_fileName":"B1%20beantwoording%20eerste%20termijn.mp3"},{"dc_format":"application/octet-stream","dc_identifier":"nl.gm1954.2c.2023.2836316-5.doc.20","dc_source":"https://api1.ibabs.eu/publicdownload.aspx?site=Beekdaelen&id=82987e43-e3ee-4925-a89c-28a12701cfd5","dc_title":"B1 beantwoording tweede termijn","dc_type":"bijlage","foi_fileName":"B1%20beantwoording%20tweede%20termijn.mp3"},{"dc_format":"application/octet-stream","dc_identifier":"nl.gm1954.2c.2023.2836316-5.doc.17","dc_source":"https://api1.ibabs.eu/publicdownload.aspx?site=Beekdaelen&id=32bf8015-31cf-4182-b72e-c5b4c6d2025c","dc_title":"B1 eerste termijn","dc_type":"bijlage","foi_fileName":"B1%20eerste%20termijn.mp3"},{"dc_format":"application/octet-stream","dc_identifier":"nl.gm1954.2c.2023.2836316-5.doc.19","dc_source":"https://api1.ibabs.eu/publicdownload.aspx?site=Beekdaelen&id=7b68c7ca-d3f2-472e-b7a5-1379538910ce","dc_title":"B1 tweede termijn","dc_type":"bijlage","foi_fileName":"B1%20tweede%20termijn.mp3"},{"dc_format":"application/pdf","dc_identifier":"nl.gm1954.2c.2023.2836316-5.doc.10","dc_source":"https://api1.ibabs.eu/publicdownload.aspx?site=Beekdaelen&id=8e4437bb-3113-4c66-b8ff-6b05b224a39e","dc_title":"Bijlage 3g: bij regels Staat van bedrijfsactiviteiten","dc_type":"bijlage","foi_fairiscoreVersions":{"v1":1,"v2":1},"foi_fileName":"Bijlage%201%20bij%20regels%20Staat%20van%20bedrijfsactiviteiten.pdf","foi_nrPages":11},{"dc_format":"application/pdf","dc_identifier":"nl.gm1954.2c.2023.2836316-5.doc.11","dc_source":"https://api1.ibabs.eu/publicdownload.aspx?site=Beekdaelen&id=6e98588c-0cdc-4ec6-af76-6935906c7629","dc_title":"Bijlage 3h: bij toelichting Verkennend bodemonderzoek","dc_type":"bijlage","foi_fairiscoreVersions":{"v1":4,"v2":4},"foi_fileName":"Bijlage%201%20bij%20toelichting%20Verkennend%20bodemonderzoek.pdf","foi_nrPages":349},{"dc_format":"application/pdf","dc_identifier":"nl.gm1954.2c.2023.2836316-5.doc.12","dc_source":"https://api1.ibabs.eu/publicdownload.aspx?site=Beekdaelen&id=de8c4d98-0997-4435-9076-2e7e455d9b06","dc_title":"Bijlage 3i: Aerius berekening Realisatiefase","dc_type":"bijlage","foi_fairiscoreVersions":{"v1":1,"v2":1},"foi_fileName":"Bijlage%202%20Aerius%20berekening%20Realisatiefase.pdf","foi_nrPages":6},{"dc_format":"application/pdf","dc_identifier":"nl.gm1954.2c.2023.2836316-5.doc.13","dc_source":"https://api1.ibabs.eu/publicdownload.aspx?site=Beekdaelen&id=f3399322-250e-4b6e-b1a9-9b3944cba10d","dc_title":"Bijlage 3j: Aerius berekening Gebruiksfase","dc_type":"bijlage","foi_fairiscoreVersions":{"v1":1,"v2":1},"foi_fileName":"Bijlage%203%20Aerius%20berekening%20Gebruiksfase.pdf","foi_nrPages":6},{"dc_format":"application/pdf","dc_identifier":"nl.gm1954.2c.2023.2836316-5.doc.15","dc_source":"https://api1.ibabs.eu/publicdownload.aspx?site=Beekdaelen&id=aa790361-daf3-4d9a-a4a4-fa31417e5d5d","dc_title":"MvA vragen CDA B1","dc_type":"bijlage","foi_fairiscoreVersions":{"v1":1,"v2":1},"foi_fileName":"MvA%20vragen%20CDA%20B1.pdf","foi_nrPages":1},{"dc_format":"application/pdf","dc_identifier":"nl.gm1954.2c.2023.2836316-5.doc.16","dc_source":"https://api1.ibabs.eu/publicdownload.aspx?site=Beekdaelen&id=a85cb713-aec6-4fbe-9002-bacc18e6dd31","dc_title":"MvA vragen VG B1","dc_type":"bijlage","foi_fairiscoreVersions":{"v1":1,"v2":1},"foi_fileName":"MvA%20vragen%20VG%20B1.pdf","foi_nrPages":2},{"dc_format":"application/pdf","dc_identifier":"nl.gm1954.2c.2023.2836316-5.doc.3","dc_source":"https://api1.ibabs.eu/publicdownload.aspx?site=Beekdaelen&id=c1fa8641-3e52-47d3-a7fe-3c915ed354cb","dc_title":"Bijlage 2: Nota van zienswijze Bestemmingsplan \u2018Provincialeweg Noord 84, 85 en 87 (De Uiver)\u2019","dc_type":"bijlage","foi_fairiscoreVersions":{"v1":2,"v2":1},"foi_fileName":"Nota%20van%20zienswijzen.pdf","foi_nrPages":6},{"dc_format":"application/pdf","dc_identifier":"nl.gm1954.2c.2023.2836316-5.doc.2","dc_source":"https://api1.ibabs.eu/publicdownload.aspx?site=Beekdaelen&id=c52e88d2-1a9d-4db8-bacd-a4f083ec5993","dc_title":"Bijlage 1: Pro forma zienswijze ontwerp bestemmingsplan \u201cProvincialeweg Noord 84_ 85 en 87 (De Uiver)\u201d Z_23_184827","dc_type":"bijlage","foi_fairiscoreVersions":{"v1":1,"v2":1},"foi_fileName":"Pro%20forma%20zienswijze%20ontwerp%20bestemmingsplan%20%E2%80%9CProvincialeweg%20Noord%2084_%2085%20en%2087%20%28De%20Uiver%29%E2%80%9D%20Z_23_184827.pdf","foi_nrPages":2},{"dc_format":"application/pdf","dc_identifier":"nl.gm1954.2c.2023.2836316-5.doc.4","dc_source":"https://api1.ibabs.eu/publicdownload.aspx?site=Beekdaelen&id=100c7f70-9232-4ca0-8f7c-c0f90972792a","dc_title":"Bijlage 3a: Provincialeweg Noord 84, 85 en 87 (De Uiver)_Bijlage bij regels","dc_type":"bijlage","foi_fairiscoreVersions":{"v1":3,"v2":3},"foi_fileName":"Provincialeweg%20Noord%2084_%2085%20en%2087%20%28De%20Uiver%29_Bijlage%20bij%20regels.pdf","foi_nrPages":22},{"dc_format":"application/pdf","dc_identifier":"nl.gm1954.2c.2023.2836316-5.doc.5","dc_source":"https://api1.ibabs.eu/publicdownload.aspx?site=Beekdaelen&id=057bf6c6-4857-4e04-b468-71ef766a3d8b","dc_title":"Bijlage 3b: Provincialeweg Noord 84, 85 en 87 (De Uiver)_Bijlagen bij toelichting","dc_type":"bijlage","foi_fairiscoreVersions":{"v1":4,"v2":4},"foi_fileName":"Provincialeweg%20Noord%2084_%2085%20en%2087%20%28De%20Uiver%29_Bijlagen%20bij%20toelichting.pdf","foi_nrPages":374},{"dc_format":"application/pdf","dc_identifier":"nl.gm1954.2c.2023.2836316-5.doc.6","dc_source":"https://api1.ibabs.eu/publicdownload.aspx?site=Beekdaelen&id=1a8d62dd-c3c2-4db7-ae78-4745e2cf5e5c","dc_title":"Bijlage 3c: Provincialeweg Noord 84, 85 en 87 (De Uiver)_Regels","dc_type":"bijlage","foi_fairiscoreVersions":{"v1":3,"v2":3},"foi_fileName":"Provincialeweg%20Noord%2084_%2085%20en%2087%20%28De%20Uiver%29_Regels.pdf","foi_nrPages":38},{"dc_format":"application/pdf","dc_identifier":"nl.gm1954.2c.2023.2836316-5.doc.7","dc_source":"https://api1.ibabs.eu/publicdownload.aspx?site=Beekdaelen&id=fc7193be-ae6f-4514-9d4f-8ff1bd65d918","dc_title":"Bijlage 3d: Provincialeweg Noord 84, 85 en 87 (De Uiver)_Toelichting","dc_type":"bijlage","foi_fairiscoreVersions":{"v1":2,"v2":2},"foi_fileName":"Provincialeweg%20Noord%2084_%2085%20en%2087%20%28De%20Uiver%29_Toelichting.pdf","foi_nrPages":46},{"dc_format":"application/pdf","dc_identifier":"nl.gm1954.2c.2023.2836316-5.doc.9","dc_source":"https://api1.ibabs.eu/publicdownload.aspx?site=Beekdaelen&id=bbf86e11-309f-4104-893c-b5404cc09ed8","dc_title":"Bijlage 3f: Verbeelding (J222545 BP De Uiver)_2023-12-19","dc_type":"bijlage","foi_fairiscoreVersions":{"v1":1,"v2":1},"foi_fileName":"Verbeelding%20%28J222545%20BP%20De%20Uiver%29_2023-12-19.pdf","foi_nrPages":1},{"dc_format":"application/pdf","dc_identifier":"nl.gm1954.2c.2023.2836316-5.doc.8","dc_source":"https://api1.ibabs.eu/publicdownload.aspx?site=Beekdaelen&id=366dc9f7-a739-46c9-b524-ba4682ccf521","dc_title":"Bijlage 3e: Verbeelding (J222545 BP De Uiver) - incl maatvoering_2023-12-19","dc_type":"bijlage","foi_fairiscoreVersions":{"v1":1,"v2":1},"foi_fileName":"Verbeelding%20%28J222545%20BP%20De%20Uiver%29%20-%20incl%20maatvoering_2023-12-19.pdf","foi_nrPages":1},{"dc_format":"application/pdf","dc_identifier":"nl.gm1954.2c.2023.2836316-5.doc.14","dc_source":"https://api1.ibabs.eu/publicdownload.aspx?site=Beekdaelen&id=47883d69-77ce-4f03-9645-ab571e15b9c2","dc_title":"Raadsbesluit inzake vaststelling bestemmingsplan 'Bedrijfslocatie De Uiver Doenrade' - vastgesteld 19-12-2023","dc_type":"bijlage","foi_fairiscoreVersions":{"v1":1,"v2":1},"foi_fileName":"Z%2F23%2F184827%20-%20336322%20-%20Vaststelling%20bestemmingsplan%20De%20Uiver.pdf","foi_nrPages":1},{"dc_format":"application/pdf","dc_identifier":"nl.gm1954.2c.2023.2836316-5.doc.1","dc_source":"https://api1.ibabs.eu/publicdownload.aspx?site=Beekdaelen&id=d0f479bd-fc35-4d7f-9047-3af8e0022b29","dc_title":"Raadsvoorstel inzake vaststelling bestemmingsplan 'Bedrijfslocatie De Uiver Doenrade'","dc_type":"bijlage","foi_fairiscoreVersions":{"v1":1,"v2":1},"foi_fileName":"Z%2F23%2F184827%20-%20336323%20-%20Vaststelling%20bestemmingsplan%20De%20Uiver%20Doenrade.pdf","foi_nrPages":5}],"foi_nrDocuments":21,"foi_nrPagesInDossier":871,"foi_publishedDate":"2023-12-07","foi_retrievedDate":"2026-02-05"},{"dc_creator":"HandelingScraper_v1","dc_date_year":2023,"dc_description":"Vergadering van de Gemeente Beekdaelen op 2023-12-07. Onderdeel: Raadsvoorstel inzake: \"Paraplubestemmingsplan Woningsplitsing, Kamerbewoning en Parkeren\".","dc_identifier":"nl.gm1954.2c.2023.2836316-6","dc_publisher":"gm1954","dc_source":"https://beekdaelen.bestuurlijkeinformatie.nl/Agenda/Index/794341e7-7962-4354-844b-1cb6cbff2d26","dc_title":"Raadscommissie Fysieke Leefomgeving 2023-12-07 - Raadsvoorstel inzake: \"Paraplubestemmingsplan Woningsplitsing, Kamerbewoning en Parkeren\"","dc_type":"2c","dc_type_description":"Vergaderstuk decentrale overheid","foi_fairiscoreVersions":{"v1":2,"v2":2},"foi_files":[{"dc_format":"application/pdf","dc_identifier":"nl.gm1954.2c.2023.2836316-6.doc.1","dc_source":"https://api1.ibabs.eu/publicdownload.aspx?site=Beekdaelen&id=614b03cb-df73-4dd5-9dc7-035a17ab5a45","dc_title":"Raadsvoorstel inzake Paraplubestemmingsplan Woningsplitsing, Kamerbewoning en Parkeren","dc_type":"bijlage","foi_fairiscoreVersions":{"v1":1,"v2":1},"foi_fileName":"aangepaste%20raadsvoorstel%20Paraplubestemmingsplan%20Woningsplitsing_%20Kamerbewoning%20en%20Parkeren.pdf","foi_nrPages":5},{"dc_format":"application/octet-stream","dc_identifier":"nl.gm1954.2c.2023.2836316-6.doc.15","dc_source":"https://api1.ibabs.eu/publicdownload.aspx?site=Beekdaelen&id=c7d3965d-f5c8-41e0-b2a0-428efddec5bd","dc_title":"B2 advies commissie en C Rondvraag","dc_type":"bijlage","foi_fileName":"B2%20advies%20commissie%20en%20C%20Rondvraag.mp3"},{"dc_format":"application/octet-stream","dc_identifier":"nl.gm1954.2c.2023.2836316-6.doc.10","dc_source":"https://api1.ibabs.eu/publicdownload.aspx?site=Beekdaelen&id=45e98c47-3f04-4f39-84ac-702d05a4aca7","dc_title":"B2 beantwoording eerste termijn","dc_type":"bijlage","foi_fileName":"B2%20beantwoording%20eerste%20termijn.mp3"},{"dc_format":"application/octet-stream","dc_identifier":"nl.gm1954.2c.2023.2836316-6.doc.12","dc_source":"https://api1.ibabs.eu/publicdownload.aspx?site=Beekdaelen&id=0ddb0117-9179-4eb9-b8c7-e43ad94f319d","dc_title":"B2 beantwoording tweede termijn I","dc_type":"bijlage","foi_fileName":"B2%20beantwoording%20tweede%20termijn%20I.mp3"},{"dc_format":"application/octet-stream","dc_identifier":"nl.gm1954.2c.2023.2836316-6.doc.13","dc_source":"https://api1.ibabs.eu/publicdownload.aspx?site=Beekdaelen&id=3ca87b7c-adca-408e-ad75-210f495e2d3a","dc_title":"B2 beantwoording tweede termijn II","dc_type":"bijlage","foi_fileName":"B2%20beantwoording%20tweede%20termijn%20II.mp3"},{"dc_format":"application/octet-stream","dc_identifier":"nl.gm1954.2c.2023.2836316-6.doc.14","dc_source":"https://api1.ibabs.eu/publicdownload.aspx?site=Beekdaelen&id=b9dd772e-5335-4837-852e-349e4635f0d9","dc_title":"B2 beantwoording tweede termijn III","dc_type":"bijlage","foi_fileName":"B2%20beantwoording%20tweede%20termijn%20III.mp3"},{"dc_format":"application/octet-stream","dc_identifier":"nl.gm1954.2c.2023.2836316-6.doc.9","dc_source":"https://api1.ibabs.eu/publicdownload.aspx?site=Beekdaelen&id=3b6aa7ea-6124-4345-a9f8-8ad179b70ee6","dc_title":"B2 eerste termijn","dc_type":"bijlage","foi_fileName":"B2%20eerste%20termijn.mp3"},{"dc_format":"application/octet-stream","dc_identifier":"nl.gm1954.2c.2023.2836316-6.doc.11","dc_source":"https://api1.ibabs.eu/publicdownload.aspx?site=Beekdaelen&id=8aa90b67-0b47-48dd-9c43-e4e238413a6b","dc_title":"B2 tweede termijn","dc_type":"bijlage","foi_fileName":"B2%20tweede%20termijn.mp3"},{"dc_format":"application/pdf","dc_identifier":"nl.gm1954.2c.2023.2836316-6.doc.16","dc_source":"https://api1.ibabs.eu/publicdownload.aspx?site=Beekdaelen&id=905314da-5ef4-414a-83d5-ebbc44922289","dc_title":"Beantwoording vragen n.a.v. commissiebehandeling Paraplubestemming","dc_type":"bijlage","foi_fairiscoreVersions":{"v1":1,"v2":1},"foi_fileName":"Beantwoording%20vragen%20n.a.v.pdf","foi_nrPages":2},{"dc_format":"application/pdf","dc_identifier":"nl.gm1954.2c.2023.2836316-6.doc.6","dc_source":"https://api1.ibabs.eu/publicdownload.aspx?site=Beekdaelen&id=8b308565-ef4f-4c9c-8c9e-2466ea3c69dd","dc_title":"MvA vragen CDA B2","dc_type":"bijlage","foi_fairiscoreVersions":{"v1":1,"v2":1},"foi_fileName":"MvA%20vragen%20CDA%20B2.pdf","foi_nrPages":4},{"dc_format":"application/pdf","dc_identifier":"nl.gm1954.2c.2023.2836316-6.doc.7","dc_source":"https://api1.ibabs.eu/publicdownload.aspx?site=Beekdaelen&id=9c90bd06-e368-4272-b905-75bb1b36ce4b","dc_title":"MvA vragen Koll\u00e9e Rijkx B2","dc_type":"bijlage","foi_fairiscoreVersions":{"v1":1,"v2":1},"foi_fileName":"MvA%20vragen%20Koll%C3%A9e%20Rijkx%20B2.pdf","foi_nrPages":2},{"dc_format":"application/pdf","dc_identifier":"nl.gm1954.2c.2023.2836316-6.doc.8","dc_source":"https://api1.ibabs.eu/publicdownload.aspx?site=Beekdaelen&id=2736f464-0947-47f5-b981-250796d5509e","dc_title":"MvA vragen VG B2","dc_type":"bijlage","foi_fairiscoreVersions":{"v1":1,"v2":1},"foi_fileName":"MvA%20vragen%20VG%20B2.pdf","foi_nrPages":2},{"dc_format":"application/pdf","dc_identifier":"nl.gm1954.2c.2023.2836316-6.doc.5","dc_source":"https://api1.ibabs.eu/publicdownload.aspx?site=Beekdaelen&id=95f5c773-f82e-4f10-bd5b-cff6951b406f","dc_title":"Raadsbesluit inzake Paraplubestemmingsplan Woningsplitsing, Kamerbewoning en Parkeren - vastgesteld 19-12-2023","dc_type":"bijlage","foi_fairiscoreVersions":{"v1":1,"v2":1},"foi_fileName":"Z%2F23%2F196524%20-%20349608%20-%20Paraplubestemmingsplan%20Woningsplitsing_%20Kamerbewoning%20en%20Parkeren.pdf","foi_nrPages":1},{"dc_format":"application/pdf","dc_identifier":"nl.gm1954.2c.2023.2836316-6.doc.3","dc_source":"https://api1.ibabs.eu/publicdownload.aspx?site=Beekdaelen&id=c3e7ea0d-1af9-4036-9d7d-e81ea2bacf3f","dc_title":"Bijlage 1b: Paraplubestemmingsplan \u2018Woningsplitsing, Kamerbewoning en Parkeren\u2019 - Regels","dc_type":"bijlage","foi_fairiscoreVersions":{"v1":2,"v2":2},"foi_fileName":"Z%2F23%2F196524%20-%20349609.pdf","foi_nrPages":72},{"dc_format":"application/pdf","dc_identifier":"nl.gm1954.2c.2023.2836316-6.doc.4","dc_source":"https://api1.ibabs.eu/publicdownload.aspx?site=Beekdaelen&id=dae4f7c7-3b12-4a4e-950b-66a945f97425","dc_title":"Bijlage 1c: Paraplubestemmingsplan \u2018Woningsplitsing, Kamerbewoning en Parkeren\u2019 - Verbeelding","dc_type":"bijlage","foi_fairiscoreVersions":{"v1":1,"v2":1},"foi_fileName":"Z%2F23%2F196524%20-%20349609.pdf","foi_nrPages":1},{"dc_format":"application/pdf","dc_identifier":"nl.gm1954.2c.2023.2836316-6.doc.2","dc_source":"https://api1.ibabs.eu/publicdownload.aspx?site=Beekdaelen&id=5b61ee3f-39e2-4036-acc4-3e9943a0ac83","dc_title":"Bijlage 1a: Paraplubestemmingsplan \u2018Woningsplitsing, Kamerbewoning en Parkeren\u2019 - Verbeelding - Toelichting","dc_type":"bijlage","foi_fairiscoreVersions":{"v1":3,"v2":3},"foi_fileName":"Z%2F23%2F196524%20-%20349609%20-%20Paraplubestemmingsplan%20Woningsplitsing_%20Kamerbewoning%20en%20Parkeren.pdf","foi_nrPages":38}],"foi_nrDocuments":16,"foi_nrPagesInDossier":127,"foi_publishedDate":"2023-12-07","foi_retrievedDate":"2025-12-02"},{"dc_creator":"HandelingScraper_v1","dc_date_year":2023,"dc_description":"Vergadering van de Gemeente Beekdaelen op 2023-12-07. Onderdeel: Raadsvoorstel inzake: \"Vaststellen Nota Grondbeleid gemeente Beekdaelen 2024-2028\".","dc_identifier":"nl.gm1954.2c.2023.2836316-7","dc_publisher":"gm1954","dc_source":"https://beekdaelen.bestuurlijkeinformatie.nl/Agenda/Index/794341e7-7962-4354-844b-1cb6cbff2d26","dc_title":"Raadscommissie Fysieke Leefomgeving 2023-12-07 - Raadsvoorstel inzake: \"Vaststellen Nota Grondbeleid gemeente Beekdaelen 2024-2028\"","dc_type":"2c","dc_type_description":"Vergaderstuk decentrale overheid","foi_fairiscoreVersions":{"v1":2,"v2":1},"foi_files":[{"dc_format":"application/octet-stream","dc_identifier":"nl.gm1954.2c.2023.2836316-7.doc.9","dc_source":"https://api1.ibabs.eu/publicdownload.aspx?site=Beekdaelen&id=b829c14f-a7a2-47ee-a3ac-d3a6de2ec844","dc_title":"(A3 +) B3 eerste termijn I","dc_type":"bijlage","foi_fileName":"A3%20%2B%20B3%20eerste%20termijn%20I.mp3"},{"dc_format":"application/octet-stream","dc_identifier":"nl.gm1954.2c.2023.2836316-7.doc.15","dc_source":"https://api1.ibabs.eu/publicdownload.aspx?site=Beekdaelen&id=ca4648b1-62cc-4962-811e-4cb607a2ca90","dc_title":"B3 advies commissie","dc_type":"bijlage","foi_fileName":"B3%20advies%20commissie.mp3"},{"dc_format":"application/octet-stream","dc_identifier":"nl.gm1954.2c.2023.2836316-7.doc.11","dc_source":"https://api1.ibabs.eu/publicdownload.aspx?site=Beekdaelen&id=30642518-dd75-4a13-84cd-036df5053055","dc_title":"B3 beantwoording eerste termijn","dc_type":"bijlage","foi_fileName":"B3%20beantwoording%201e%20termijn.mp3"},{"dc_format":"application/octet-stream","dc_identifier":"nl.gm1954.2c.2023.2836316-7.doc.13","dc_source":"https://api1.ibabs.eu/publicdownload.aspx?site=Beekdaelen&id=f210fb90-81a8-4166-b1e6-f5f5b0783235","dc_title":"B3 beantwoording tweede termijn I","dc_type":"bijlage","foi_fileName":"B3%20beantwoording%20eerste%20termijn%20I.mp3"},{"dc_format":"application/octet-stream","dc_identifier":"nl.gm1954.2c.2023.2836316-7.doc.14","dc_source":"https://api1.ibabs.eu/publicdownload.aspx?site=Beekdaelen&id=6124bee6-37b9-495f-948d-c5f2f4c97a93","dc_title":"B3 beantwoording tweede termijn II","dc_type":"bijlage","foi_fileName":"B3%20beantwoording%20eerste%20termijn%20II.mp3"},{"dc_format":"application/octet-stream","dc_identifier":"nl.gm1954.2c.2023.2836316-7.doc.10","dc_source":"https://api1.ibabs.eu/publicdownload.aspx?site=Beekdaelen&id=8a221cb3-9233-4c33-a4f0-6ccf031defa3","dc_title":"B3 eerste termijn II","dc_type":"bijlage","foi_fileName":"B3%20eerste%20termijn%20II.mp3"},{"dc_format":"application/octet-stream","dc_identifier":"nl.gm1954.2c.2023.2836316-7.doc.12","dc_source":"https://api1.ibabs.eu/publicdownload.aspx?site=Beekdaelen&id=8d27af05-8a84-42f5-8d7a-2a6a82b80747","dc_title":"B3 tweede termijn","dc_type":"bijlage","foi_fileName":"B3%20tweede%20termijn.mp3"},{"dc_format":"application/pdf","dc_identifier":"nl.gm1954.2c.2023.2836316-7.doc.6","dc_source":"https://api1.ibabs.eu/publicdownload.aspx?site=Beekdaelen&id=bd40893c-e1f5-4492-b20c-3d589fd9df0c","dc_title":"MvA vragen CDA  B3","dc_type":"bijlage","foi_fairiscoreVersions":{"v1":1,"v2":1},"foi_fileName":"MvA%20vragen%20CDA%20%20B3.pdf","foi_nrPages":3},{"dc_format":"application/pdf","dc_identifier":"nl.gm1954.2c.2023.2836316-7.doc.7","dc_source":"https://api1.ibabs.eu/publicdownload.aspx?site=Beekdaelen&id=ea354bac-9e30-4700-afcb-a9b61f6c12f0","dc_title":"MvA vragen Koll\u00e9e Rijkx B3","dc_type":"bijlage","foi_fairiscoreVersions":{"v1":1,"v2":1},"foi_fileName":"MvA%20vragen%20Koll%C3%A9e%20Rijkx%20B3.pdf","foi_nrPages":1},{"dc_format":"application/pdf","dc_identifier":"nl.gm1954.2c.2023.2836316-7.doc.8","dc_source":"https://api1.ibabs.eu/publicdownload.aspx?site=Beekdaelen&id=855d5cad-3572-4338-8f62-b1371a3b0045","dc_title":"MvA vragen VG B3","dc_type":"bijlage","foi_fairiscoreVersions":{"v1":1,"v2":1},"foi_fileName":"MvA%20vragen%20VG%20B3.pdf","foi_nrPages":1},{"dc_format":"application/pdf","dc_identifier":"nl.gm1954.2c.2023.2836316-7.doc.1","dc_source":"https://api1.ibabs.eu/publicdownload.aspx?site=Beekdaelen&id=af2af027-5b0c-40a5-b6d5-cd039bfb4785","dc_title":"Raadsvoorstel Nota Grondbeleid gemeente Beekdaelen 2024-2028","dc_type":"bijlage","foi_fairiscoreVersions":{"v1":1,"v2":1},"foi_fileName":"Z%2F23%2F185328%20-%20338602%20-%20Vaststellen%20Nota%20Grondbeleid%20gemeente%20Beekdaelen%202024.pdf","foi_nrPages":6},{"dc_format":"application/pdf","dc_identifier":"nl.gm1954.2c.2023.2836316-7.doc.5","dc_source":"https://api1.ibabs.eu/publicdownload.aspx?site=Beekdaelen&id=ee88b5c7-3358-4837-a3d4-9f760f3b818e","dc_title":"Raadsbesluit Nota Grondbeleid gemeente Beekdaelen 2024-2028 - vastgesteld 19-12-2023","dc_type":"bijlage","foi_fairiscoreVersions":{"v1":1,"v2":1},"foi_fileName":"Z%2F23%2F185328%20-%20338604%20-%20Vaststellen%20Nota%20Grondbeleid%20gemeente%20Beekdaelen%202024.pdf","foi_nrPages":1},{"dc_format":"application/pdf","dc_identifier":"nl.gm1954.2c.2023.2836316-7.doc.3","dc_source":"https://api1.ibabs.eu/publicdownload.aspx?site=Beekdaelen&id=4f0e3401-4e1e-49bd-974d-c33f4b115be8","dc_title":"Bijlage 1a: Lijst van gevallen van buitenplanse omgevingsplanactiviteiten","dc_type":"bijlage","foi_fairiscoreVersions":{"v1":1,"v2":1},"foi_fileName":"Z%2F23%2F185328%20-%20350493.pdf","foi_nrPages":4},{"dc_format":"application/pdf","dc_identifier":"nl.gm1954.2c.2023.2836316-7.doc.4","dc_source":"https://api1.ibabs.eu/publicdownload.aspx?site=Beekdaelen&id=12bdfc32-c945-4633-9148-f5701739768c","dc_title":"Bijlage 1b: Standaard anterieure overeenkomst gemeente Beekdaelen","dc_type":"bijlage","foi_fairiscoreVersions":{"v1":1,"v2":1},"foi_fileName":"Z%2F23%2F185328%20-%20350493.pdf","foi_nrPages":18},{"dc_format":"application/pdf","dc_identifier":"nl.gm1954.2c.2023.2836316-7.doc.2","dc_source":"https://api1.ibabs.eu/publicdownload.aspx?site=Beekdaelen&id=8c78fea2-17c1-48a6-80cb-5eb7bd80f2b3","dc_title":"VERVALLEN Bijlage 1: Nota Grondbeleid gemeente Beekdaelen 2024-2028 VERVALLEN","dc_type":"bijlage","foi_fairiscoreVersions":{"v1":2,"v2":1},"foi_fileName":"Z%2F23%2F185328%20-%20350589.pdf","foi_nrPages":67}],"foi_nrDocuments":15,"foi_nrPagesInDossier":101,"foi_publishedDate":"2023-12-07","foi_retrievedDate":"2026-01-23"},{"dc_creator":"HandelingScraper_v1","dc_date_year":2023,"dc_description":"Vergadering van de Gemeente Beekdaelen op 2023-12-13. Onderdeel: Algemeen.","dc_identifier":"nl.gm1954.2c.2023.2836357-1","dc_publisher":"gm1954","dc_source":"https://beekdaelen.bestuurlijkeinformatie.nl/Agenda/Index/1b3e27bb-8cb4-4257-9c20-9a156a1432c8","dc_title":"Raadscommissie Bestuur en Middelen 2023-12-13 - Algemeen","dc_type":"2c","dc_type_description":"Vergaderstuk decentrale overheid","foi_fairiscoreVersions":{"v1":1,"v2":1},"foi_files":[{"dc_format":"application/pdf","dc_identifier":"nl.gm1954.2c.2023.2836357-1.doc.1","dc_source":"https://api1.ibabs.eu/publicdownload.aspx?site=Beekdaelen&id=ebf6af39-0ffc-432e-b928-e155592b86d2","dc_title":"Technische vragen BL Burap II","dc_type":"bijlage","foi_fairiscoreVersions":{"v1":1,"v2":1},"foi_fileName":"Technische%20vragen%20BL%20Burap%20II.pdf","foi_nrPages":1},{"dc_format":"application/pdf","dc_identifier":"nl.gm1954.2c.2023.2836357-1.doc.2","dc_source":"https://api1.ibabs.eu/publicdownload.aspx?site=Beekdaelen&id=c33421aa-cadb-41c6-b11a-959986f5de6a","dc_title":"Technische vragen Koll\u00e9e Rijkx Burap II","dc_type":"bijlage","foi_fairiscoreVersions":{"v1":1,"v2":1},"foi_fileName":"Technische%20vragen%20Koll%C3%A9e%20Rijkx%20Burap%20II.pdf","foi_nrPages":1},{"dc_format":"application/pdf","dc_identifier":"nl.gm1954.2c.2023.2836357-1.doc.3","dc_source":"https://api1.ibabs.eu/publicdownload.aspx?site=Beekdaelen&id=58a3c444-48fa-4807-8111-b437f0b4427a","dc_title":"Technische vragen VG Burap II","dc_type":"bijlage","foi_fairiscoreVersions":{"v1":1,"v2":1},"foi_fileName":"Technische%20vragen%20VG%20Burap%20II.pdf","foi_nrPages":1}],"foi_nrDocuments":3,"foi_nrPagesInDossier":3,"foi_publishedDate":"2023-12-13","foi_retrievedDate":"2026-03-01"},{"dc_creator":"HandelingScraper_v1","dc_date_year":2023,"dc_description":"Vergadering van de Gemeente Beekdaelen op 2023-12-13. Onderdeel: Opening, mededelingen voorzitter en vaststellen agenda..","dc_identifier":"nl.gm1954.2c.2023.2836357-2","dc_publisher":"gm1954","dc_source":"https://beekdaelen.bestuurlijkeinformatie.nl/Agenda/Index/1b3e27bb-8cb4-4257-9c20-9a156a1432c8","dc_title":"Raadscommissie Bestuur en Middelen 2023-12-13 - Opening, mededelingen voorzitter en vaststellen agenda.","dc_type":"2c","dc_type_description":"Vergaderstuk decentrale overheid","foi_fairiscoreVersions":{"v1":1,"v2":1},"foi_files":[{"dc_format":"application/octet-stream","dc_identifier":"nl.gm1954.2c.2023.2836357-2.doc.2","dc_source":"https://api1.ibabs.eu/publicdownload.aspx?site=Beekdaelen&id=f13ab702-0b1e-41dc-b6f2-d23940d8fb89","dc_title":"A1 + A2","dc_type":"bijlage","foi_fileName":"A1%20%2B%20A2.mp3"},{"dc_format":"application/pdf","dc_identifier":"nl.gm1954.2c.2023.2836357-2.doc.1","dc_source":"https://api1.ibabs.eu/publicdownload.aspx?site=Beekdaelen&id=645b95e2-6434-45f0-9ee3-f4993ed40e0c","dc_title":"Uitnodiging en voorlopige agenda cie B&M 13122023","dc_type":"bijlage","foi_fairiscoreVersions":{"v1":1,"v2":1},"foi_fileName":"Uitnodiging%20en%20voorlopige%20agenda%20cie%20B%26M%2013122023.pdf","foi_nrPages":1}],"foi_nrDocuments":2,"foi_nrPagesInDossier":1,"foi_publishedDate":"2023-12-13","foi_retrievedDate":"2026-03-02"},{"dc_creator":"HandelingScraper_v1","dc_date_year":2023,"dc_description":"Vergadering van de Gemeente Beekdaelen op 2023-12-13. Onderdeel: Spreekrecht burgers..","dc_identifier":"nl.gm1954.2c.2023.2836357-3","dc_publisher":"gm1954","dc_source":"https://beekdaelen.bestuurlijkeinformatie.nl/Agenda/Index/1b3e27bb-8cb4-4257-9c20-9a156a1432c8","dc_title":"Raadscommissie Bestuur en Middelen 2023-12-13 - Spreekrecht burgers.","dc_type":"2c","dc_type_description":"Vergaderstuk decentrale overheid","foi_fairiscoreVersions":{"v1":null,"v2":null},"foi_files":[{"dc_format":"application/octet-stream","dc_identifier":"nl.gm1954.2c.2023.2836357-3.doc.1","dc_source":"https://api1.ibabs.eu/publicdownload.aspx?site=Beekdaelen&id=c4b3022a-bdd2-4607-9133-2ef13902c1a6","dc_title":"A1 + A2","dc_type":"bijlage","foi_fileName":"A1%20%2B%20A2.mp3"}],"foi_nrDocuments":1,"foi_nrPagesInDossier":0,"foi_publishedDate":"2023-12-13","foi_retrievedDate":"2026-03-07"},{"dc_creator":"HandelingScraper_v1","dc_date_year":2023,"dc_description":"Vergadering van de Gemeente Beekdaelen op 2023-12-13. Onderdeel: Raadsvoorstel inzake: \u201c2e  Burap 2023 gemeente Beekdaelen\u201d.","dc_identifier":"nl.gm1954.2c.2023.2836357-4","dc_publisher":"gm1954","dc_source":"https://beekdaelen.bestuurlijkeinformatie.nl/Agenda/Index/1b3e27bb-8cb4-4257-9c20-9a156a1432c8","dc_title":"Raadscommissie Bestuur en Middelen 2023-12-13 - Raadsvoorstel inzake: \u201c2e  Burap 2023 gemeente Beekdaelen\u201d","dc_type":"2c","dc_type_description":"Vergaderstuk decentrale overheid","foi_fairiscoreVersions":{"v1":2,"v2":2},"foi_files":[{"dc_format":"application/pdf","dc_identifier":"nl.gm1954.2c.2023.2836357-4.doc.3","dc_source":"https://api1.ibabs.eu/publicdownload.aspx?site=Beekdaelen&id=f927e839-c4a0-4873-99bb-220454893df2","dc_title":"Bijlage:  2e bestuursrapportage 2023","dc_type":"bijlage","foi_fairiscoreVersions":{"v1":2,"v2":2},"foi_fileName":"2e%20bestuursrapportage%202023.pdf","foi_nrPages":65},{"dc_format":"application/octet-stream","dc_identifier":"nl.gm1954.2c.2023.2836357-4.doc.12","dc_source":"https://api1.ibabs.eu/publicdownload.aspx?site=Beekdaelen&id=df4f2706-98b5-4fa9-8743-6aac803e94b2","dc_title":"B1 advies commissie","dc_type":"bijlage","foi_fileName":"B1%20advies%20commissie.mp3"},{"dc_format":"application/octet-stream","dc_identifier":"nl.gm1954.2c.2023.2836357-4.doc.9","dc_source":"https://api1.ibabs.eu/publicdownload.aspx?site=Beekdaelen&id=82f1391d-bbf0-4a22-aee2-3f74b5205c1c","dc_title":"B1 beantwoording eerste termijn","dc_type":"bijlage","foi_fileName":"B1%20beantwoording%20eerste%20termijn.mp3"},{"dc_format":"application/octet-stream","dc_identifier":"nl.gm1954.2c.2023.2836357-4.doc.11","dc_source":"https://api1.ibabs.eu/publicdownload.aspx?site=Beekdaelen&id=3ccade7c-0576-4528-9777-8f5c84bc084e","dc_title":"B1 beantwoording tweede termijn","dc_type":"bijlage","foi_fileName":"B1%20beantwoording%20tweede%20termijn.mp3"},{"dc_format":"application/octet-stream","dc_identifier":"nl.gm1954.2c.2023.2836357-4.doc.8","dc_source":"https://api1.ibabs.eu/publicdownload.aspx?site=Beekdaelen&id=ab38fbf1-2376-4d83-889c-7d882eacca01","dc_title":"B1 eerste termijn","dc_type":"bijlage","foi_fileName":"B1%20eerste%20termijn.mp3"},{"dc_format":"application/octet-stream","dc_identifier":"nl.gm1954.2c.2023.2836357-4.doc.10","dc_source":"https://api1.ibabs.eu/publicdownload.aspx?site=Beekdaelen&id=bca4f198-3e27-4abb-be24-60fb10a66d41","dc_title":"B1 tweede termijn","dc_type":"bijlage","foi_fileName":"B1%20tweede%20termijn.mp3"},{"dc_format":"application/pdf","dc_identifier":"nl.gm1954.2c.2023.2836357-4.doc.4","dc_source":"https://api1.ibabs.eu/publicdownload.aspx?site=Beekdaelen&id=04a708ca-6180-4cf2-9455-2546126d2b0d","dc_title":"Bijlage: Begrotingswijziging 8 en 9 inzake de tweede bestuursrapportage 2023","dc_type":"bijlage","foi_fairiscoreVersions":{"v1":1,"v2":1},"foi_fileName":"Begrotingswijziging%208%20en%209%20inzake%20de%20tweede%20bestuursrapportage%202023.pdf","foi_nrPages":1},{"dc_format":"application/pdf","dc_identifier":"nl.gm1954.2c.2023.2836357-4.doc.5","dc_source":"https://api1.ibabs.eu/publicdownload.aspx?site=Beekdaelen&id=4d71de34-bc8f-4671-82bf-6e417a3d7480","dc_title":"MvA vragen BL burap II","dc_type":"bijlage","foi_fairiscoreVersions":{"v1":1,"v2":1},"foi_fileName":"MvA%20vragen%20BL%20burap%20II.pdf","foi_nrPages":2},{"dc_format":"application/pdf","dc_identifier":"nl.gm1954.2c.2023.2836357-4.doc.6","dc_source":"https://api1.ibabs.eu/publicdownload.aspx?site=Beekdaelen&id=b50ecf6f-06cf-4908-acee-dfa7f681a502","dc_title":"MvA vragen Koll\u00e9e Rijkx Burap II","dc_type":"bijlage","foi_fairiscoreVersions":{"v1":1,"v2":1},"foi_fileName":"MvA%20vragen%20Koll%C3%A9e%20Rijkx%20Burap%20II.pdf","foi_nrPages":2},{"dc_format":"application/pdf","dc_identifier":"nl.gm1954.2c.2023.2836357-4.doc.7","dc_source":"https://api1.ibabs.eu/publicdownload.aspx?site=Beekdaelen&id=f9de5097-c9c6-4354-9a37-d5b7e9f2e641","dc_title":"MvA vragen VG burap II","dc_type":"bijlage","foi_fairiscoreVersions":{"v1":1,"v2":1},"foi_fileName":"MvA%20vragen%20VG%20burap%20II.pdf","foi_nrPages":4},{"dc_format":"application/pdf","dc_identifier":"nl.gm1954.2c.2023.2836357-4.doc.2","dc_source":"https://api1.ibabs.eu/publicdownload.aspx?site=Beekdaelen&id=a03885bb-7cde-4078-8a78-c72bd9a7dc34","dc_title":"Raadsbesluit inzake tweede bestuursrapportage 2023 - vastgesteld 19-12-2023","dc_type":"bijlage","foi_fairiscoreVersions":{"v1":1,"v2":1},"foi_fileName":"Raadsbesluit%20tweede%20bestuursrapportage%202023.pdf","foi_nrPages":1},{"dc_format":"application/pdf","dc_identifier":"nl.gm1954.2c.2023.2836357-4.doc.1","dc_source":"https://api1.ibabs.eu/publicdownload.aspx?site=Beekdaelen&id=1a6ddc49-bc33-4b45-82ed-4f6b82b59bdd","dc_title":"Raadsvoorstel inzake tweede bestuursrapportage 2023","dc_type":"bijlage","foi_fairiscoreVersions":{"v1":1,"v2":1},"foi_fileName":"Raadsvoorstel%20tweede%20bestuursrapportage%202023.pdf","foi_nrPages":4}],"foi_nrDocuments":12,"foi_nrPagesInDossier":79,"foi_publishedDate":"2023-12-13","foi_retrievedDate":"2026-02-12"},{"dc_creator":"HandelingScraper_v1","dc_date_year":2023,"dc_description":"Vergadering van de Gemeente Beekdaelen op 2023-12-13. Onderdeel: Rondvraag Bestuur en Middelen.","dc_identifier":"nl.gm1954.2c.2023.2836357-5","dc_publisher":"gm1954","dc_source":"https://beekdaelen.bestuurlijkeinformatie.nl/Agenda/Index/1b3e27bb-8cb4-4257-9c20-9a156a1432c8","dc_title":"Raadscommissie Bestuur en Middelen 2023-12-13 - Rondvraag Bestuur en Middelen","dc_type":"2c","dc_type_description":"Vergaderstuk decentrale overheid","foi_fairiscoreVersions":{"v1":null,"v2":null},"foi_files":[{"dc_format":"application/octet-stream","dc_identifier":"nl.gm1954.2c.2023.2836357-5.doc.1","dc_source":"https://api1.ibabs.eu/publicdownload.aspx?site=Beekdaelen&id=2a707710-66cf-4ef9-880e-29f59ba02266","dc_title":"C rondvraag","dc_type":"bijlage","foi_fileName":"C%20rondvraag.mp3"}],"foi_nrDocuments":1,"foi_nrPagesInDossier":0,"foi_publishedDate":"2023-12-13","foi_retrievedDate":"2025-12-02"},{"dc_creator":"HandelingScraper_v1","dc_date_year":2023,"dc_description":"Vergadering van de Gemeente Beekdaelen op 2023-12-19. Onderdeel: Vaststelling van de agenda.","dc_identifier":"nl.gm1954.2c.2023.2836410-1","dc_publisher":"gm1954","dc_source":"https://beekdaelen.bestuurlijkeinformatie.nl/Agenda/Index/5ce17a4e-5044-455d-8f51-275e3be94dc0","dc_title":"Raadsvergadering 2023-12-19 - Vaststelling van de agenda","dc_type":"2c","dc_type_description":"Vergaderstuk decentrale overheid","foi_fairiscoreVersions":{"v1":1,"v2":1},"foi_files":[{"dc_format":"application/pdf","dc_identifier":"nl.gm1954.2c.2023.2836410-1.doc.2","dc_source":"https://api1.ibabs.eu/publicdownload.aspx?site=Beekdaelen&id=2f6ab6b4-ff7e-4b1c-939f-135c37e32a14","dc_title":"Memo namens college inzake verzoek om agenda te handhaven","dc_type":"bijlage","foi_fairiscoreVersions":{"v1":1,"v2":1},"foi_fileName":"Memo%20namens%20college%20inzake%20verzoek%20om%20agenda%20te%20handhaven.pdf","foi_nrPages":1},{"dc_format":"application/pdf","dc_identifier":"nl.gm1954.2c.2023.2836410-1.doc.1","dc_source":"https://api1.ibabs.eu/publicdownload.aspx?site=Beekdaelen&id=f7148ce8-46ad-44d2-989f-49247860f0f8","dc_title":"Uitnodiging en voorlopige agenda raadsvergadering 19 december 2023","dc_type":"bijlage","foi_fairiscoreVersions":{"v1":1,"v2":1},"foi_fileName":"Uitnodiging%20en%20voorlopige%20agenda%20raadsvergadering%2019%20december%202023.pdf","foi_nrPages":2}],"foi_nrDocuments":2,"foi_nrPagesInDossier":3,"foi_publishedDate":"2023-12-19","foi_retrievedDate":"2026-03-02"},{"dc_creator":"HandelingScraper_v1","dc_date_year":2023,"dc_description":"Vergadering van de Gemeente Beekdaelen op 2023-12-19. Onderdeel: Voorstel inzake actualisatie meerjarenonderhoudsplan gebouwen 2024-2033.","dc_identifier":"nl.gm1954.2c.2023.2836410-10","dc_publisher":"gm1954","dc_source":"https://beekdaelen.bestuurlijkeinformatie.nl/Agenda/Index/5ce17a4e-5044-455d-8f51-275e3be94dc0","dc_title":"Raadsvergadering 2023-12-19 - Voorstel inzake actualisatie meerjarenonderhoudsplan gebouwen 2024-2033","dc_type":"2c","dc_type_description":"Vergaderstuk decentrale overheid","foi_fairiscoreVersions":{"v1":1,"v2":1},"foi_files":[{"dc_format":"application/pdf","dc_identifier":"nl.gm1954.2c.2023.2836410-10.doc.8","dc_source":"https://api1.ibabs.eu/publicdownload.aspx?site=Beekdaelen&id=19e593c0-b0c8-4068-8485-49c6ead8eac9","dc_title":"Memo Nut en Noodzaak MJOP 2024-2033 (n.a.v. behandeling in de commissievergadering)","dc_type":"bijlage","foi_fairiscoreVersions":{"v1":1,"v2":1},"foi_fileName":"Memo%20Nut%20en%20Noodzaak%20MJOP%202024-2033.pdf","foi_nrPages":1},{"dc_format":"application/pdf","dc_identifier":"nl.gm1954.2c.2023.2836410-10.doc.3","dc_source":"https://api1.ibabs.eu/publicdownload.aspx?site=Beekdaelen&id=5af74676-83c3-4382-bba7-04cf1773e230","dc_title":"Bijlage: Demarcatielijst","dc_type":"bijlage","foi_fairiscoreVersions":{"v1":1,"v2":1},"foi_fileName":"Z%2F21%2F166511%20-%20329533%20-%20Bijlage%201%20Raadsvoorstel%20-%20Demarcatielijst.pdf","foi_nrPages":13},{"dc_format":"application/pdf","dc_identifier":"nl.gm1954.2c.2023.2836410-10.doc.4","dc_source":"https://api1.ibabs.eu/publicdownload.aspx?site=Beekdaelen&id=c52d33d3-6e6f-4dda-9283-2ee6343e19fd","dc_title":"Bijlage: Lijst gemeentelijk gebouwen","dc_type":"bijlage","foi_fairiscoreVersions":{"v1":1,"v2":1},"foi_fileName":"Z%2F21%2F166511%20-%20329533%20-%20Bijlage%202%20Raadsvoorstel%20%20-%20Lijst%20gemeentelijk%20gebouwen.pdf","foi_nrPages":2},{"dc_format":"application/pdf","dc_identifier":"nl.gm1954.2c.2023.2836410-10.doc.5","dc_source":"https://api1.ibabs.eu/publicdownload.aspx?site=Beekdaelen&id=bb31aae2-ca01-4adc-aad4-929cb980ac5e","dc_title":"Bijlage: Lijst gebouwen niet opgenomen in het MJOP","dc_type":"bijlage","foi_fairiscoreVersions":{"v1":1,"v2":1},"foi_fileName":"Z%2F21%2F166511%20-%20329533%20-%20Bijlage%203%20%20Raadsvoorstel%20-%20Lijst%20gebouwen%20niet%20opgenomen%20in%20het%20MJOP.pdf","foi_nrPages":1},{"dc_format":"application/pdf","dc_identifier":"nl.gm1954.2c.2023.2836410-10.doc.6","dc_source":"https://api1.ibabs.eu/publicdownload.aspx?site=Beekdaelen&id=f0dea11a-08d4-4545-b65b-720106ed4f33","dc_title":"Bijlage: Meerjarenonderhoudsplan 2024-2033","dc_type":"bijlage","foi_fairiscoreVersions":{"v1":1,"v2":1},"foi_fileName":"Z%2F21%2F166511%20-%20329533%20-%20Bijlage%204%20Raadsvoorstel%20%20-%20Meerjaren%20onderhoudsplan%202024-2033.pdf","foi_nrPages":4},{"dc_format":"application/pdf","dc_identifier":"nl.gm1954.2c.2023.2836410-10.doc.7","dc_source":"https://api1.ibabs.eu/publicdownload.aspx?site=Beekdaelen&id=9898ca44-626c-45f9-905e-3c7c42ce8dff","dc_title":"Bijlage: Begrotingswijziging","dc_type":"bijlage","foi_fairiscoreVersions":{"v1":1,"v2":1},"foi_fileName":"Z%2F21%2F166511%20-%20329533%20-%20Bijlage%206%20Raadsvoorstel%20-%20%20Begrotingswijziging.pdf","foi_nrPages":1},{"dc_format":"application/pdf","dc_identifier":"nl.gm1954.2c.2023.2836410-10.doc.1","dc_source":"https://api1.ibabs.eu/publicdownload.aspx?site=Beekdaelen&id=be5a42a4-f4c3-40c3-acaa-7c3f44457d0c","dc_title":"Raadsvoorstel inzake Actualisatie meerjarenonderhoudsplan gebouwen 2024-2033","dc_type":"bijlage","foi_fairiscoreVersions":{"v1":1,"v2":1},"foi_fileName":"Z%2F21%2F166511%20-%20329533%20-%20Raadsvoorstel%20-%20Actualisatie%20meerjarenonderhoudsplan%20gebouwen%202024-2033.pdf","foi_nrPages":5},{"dc_format":"application/pdf","dc_identifier":"nl.gm1954.2c.2023.2836410-10.doc.2","dc_source":"https://api1.ibabs.eu/publicdownload.aspx?site=Beekdaelen&id=a08dc35a-9425-4419-b581-306ee579501b","dc_title":"Raadsbesluit inzake Actualisatie meerjarenonderhoudsplan gebouwen 2024-2033 - vastgesteld 19-12-2023","dc_type":"bijlage","foi_fairiscoreVersions":{"v1":1,"v2":1},"foi_fileName":"Z%2F21%2F166511%20-%20329534%20-%20Raadsbesluit%20-%20Actualisatie%20meerjarenonderhoudsplan%20gebouwen%202024-2033.pdf","foi_nrPages":1}],"foi_nrDocuments":8,"foi_nrPagesInDossier":28,"foi_publishedDate":"2023-12-19","foi_retrievedDate":"2026-02-13"},{"dc_creator":"HandelingScraper_v1","dc_date_year":2023,"dc_description":"Vergadering van de Gemeente Beekdaelen op 2023-12-19. Onderdeel: Voorstel inzake nota strategisch accommodatiebeleid.","dc_identifier":"nl.gm1954.2c.2023.2836410-11","dc_publisher":"gm1954","dc_source":"https://beekdaelen.bestuurlijkeinformatie.nl/Agenda/Index/5ce17a4e-5044-455d-8f51-275e3be94dc0","dc_title":"Raadsvergadering 2023-12-19 - Voorstel inzake nota strategisch accommodatiebeleid","dc_type":"2c","dc_type_description":"Vergaderstuk decentrale overheid","foi_fairiscoreVersions":{"v1":2,"v2":2},"foi_files":[{"dc_format":"application/pdf","dc_identifier":"nl.gm1954.2c.2023.2836410-11.doc.8","dc_source":"https://api1.ibabs.eu/publicdownload.aspx?site=Beekdaelen&id=5793bcd5-8a17-42e2-8899-426a93506346","dc_title":"Meerjaren onderhoudsplan 2024-2033","dc_type":"bijlage","foi_fairiscoreVersions":{"v1":1,"v2":1},"foi_fileName":"Bijlage%204%20-%20Meerjaren%20onderhoudsplan%202024-2033_2.pdf","foi_nrPages":4},{"dc_format":"application/pdf","dc_identifier":"nl.gm1954.2c.2023.2836410-11.doc.7","dc_source":"https://api1.ibabs.eu/publicdownload.aspx?site=Beekdaelen&id=17a85264-9bd9-4ca1-98ce-c67ea199111b","dc_title":"Kernprofielschetsen","dc_type":"bijlage","foi_fairiscoreVersions":{"v1":1,"v2":1},"foi_fileName":"Kernprofielschetsen.pdf","foi_nrPages":15},{"dc_format":"application/pdf","dc_identifier":"nl.gm1954.2c.2023.2836410-11.doc.2","dc_source":"https://api1.ibabs.eu/publicdownload.aspx?site=Beekdaelen&id=4a1b1777-c62c-417f-8d2b-a696925a6a7b","dc_title":"Nota van wijziging strategisch accommodatiebeleid","dc_type":"bijlage","foi_fairiscoreVersions":{"v1":1,"v2":1},"foi_fileName":"Nota%20van%20wijziging%20strategisch%20accommodatiebeleid.pdf","foi_nrPages":2},{"dc_format":"application/pdf","dc_identifier":"nl.gm1954.2c.2023.2836410-11.doc.5","dc_source":"https://api1.ibabs.eu/publicdownload.aspx?site=Beekdaelen&id=2eab6455-4150-43d6-addd-775770d1f5e5","dc_title":"Procesvoorstel Strategisch Accommodatiebeleid","dc_type":"bijlage","foi_fairiscoreVersions":{"v1":2,"v2":1},"foi_fileName":"Procesvoorstel%20Strategisch%20Accommodatiebeleid.pdf","foi_nrPages":10},{"dc_format":"application/pdf","dc_identifier":"nl.gm1954.2c.2023.2836410-11.doc.3","dc_source":"https://api1.ibabs.eu/publicdownload.aspx?site=Beekdaelen&id=c650cb7c-2f93-40ea-afd1-2c3eb801276f","dc_title":"Raadsbesluit inzake strategisch accommodatiebeleid gemeente Beekdaelen 2024-2028 - vastgesteld 19-12-2023","dc_type":"bijlage","foi_fairiscoreVersions":{"v1":1,"v2":1},"foi_fileName":"Raadsbesluit%20inzake%20strategisch%20accommodatiebeleid%20gemeente%20Beekdaelen%202024-2028.pdf","foi_nrPages":1},{"dc_format":"application/pdf","dc_identifier":"nl.gm1954.2c.2023.2836410-11.doc.1","dc_source":"https://api1.ibabs.eu/publicdownload.aspx?site=Beekdaelen&id=81b0877b-38e4-4d6c-92a6-985ccb0b84ef","dc_title":"Raadsvoorstel inzake strategisch accommodatiebeleid gemeente Beekdaelen 2024-2028","dc_type":"bijlage","foi_fairiscoreVersions":{"v1":1,"v2":1},"foi_fileName":"Raadsvoorstel%20-%20strategisch%20accommodatiebeleid%20-%20350382_1.pdf","foi_nrPages":6},{"dc_format":"application/pdf","dc_identifier":"nl.gm1954.2c.2023.2836410-11.doc.6","dc_source":"https://api1.ibabs.eu/publicdownload.aspx?site=Beekdaelen&id=70accfac-e5f4-4853-8fcb-04fdbcb3f6b8","dc_title":"Rapport stand van zaken strategisch accommodatiebeleid","dc_type":"bijlage","foi_fairiscoreVersions":{"v1":2,"v2":1},"foi_fileName":"Rapport%20stand%20van%20zaken%20strategisch%20accommodatiebeleid.pdf","foi_nrPages":14},{"dc_format":"application/pdf","dc_identifier":"nl.gm1954.2c.2023.2836410-11.doc.4","dc_source":"https://api1.ibabs.eu/publicdownload.aspx?site=Beekdaelen&id=6ff700a0-2ccd-4ea7-934b-cff1a6590312","dc_title":"Strategisch accommodatiebeleid incl. wijziging","dc_type":"bijlage","foi_fairiscoreVersions":{"v1":5,"v2":5},"foi_fileName":"Strategisch%20accommodatie%20incl.pdf","foi_nrPages":24},{"dc_format":"application/pdf","dc_identifier":"nl.gm1954.2c.2023.2836410-11.doc.9","dc_source":"https://api1.ibabs.eu/publicdownload.aspx?site=Beekdaelen&id=50ca7c13-b112-4086-98ee-c8a3040421bf","dc_title":"Strategisch accommodatiebeleid Gemeente Beekdaelen 2024-2028 VERVALLEN","dc_type":"bijlage","foi_fairiscoreVersions":{"v1":2,"v2":2},"foi_fileName":"Strategisch%20accommodatiebeleid%20Gemeente%20Beekdaelen%202024-2028.pdf","foi_nrPages":24}],"foi_nrDocuments":9,"foi_nrPagesInDossier":100,"foi_publishedDate":"2023-12-19","foi_retrievedDate":"2025-11-30"},{"dc_creator":"HandelingScraper_v1","dc_date_year":2023,"dc_description":"Vergadering van de Gemeente Beekdaelen op 2023-12-19. Onderdeel: Amendement CDA, VVD, VG en BL inzake accommodatiebeleid.","dc_identifier":"nl.gm1954.2c.2023.2836410-12","dc_publisher":"gm1954","dc_source":"https://beekdaelen.bestuurlijkeinformatie.nl/Agenda/Index/5ce17a4e-5044-455d-8f51-275e3be94dc0","dc_title":"Raadsvergadering 2023-12-19 - Amendement CDA, VVD, VG en BL inzake accommodatiebeleid","dc_type":"2c","dc_type_description":"Vergaderstuk decentrale overheid","foi_fairiscoreVersions":{"v1":2,"v2":1},"foi_files":[{"dc_format":"application/pdf","dc_identifier":"nl.gm1954.2c.2023.2836410-12.doc.2","dc_source":"https://api1.ibabs.eu/publicdownload.aspx?site=Beekdaelen&id=beb9aa77-9151-4411-aa65-fe8bd7783569","dc_title":"Amendement CDA, VVD, VG en BL inzake Accomodatiebeleid","dc_type":"bijlage","foi_fairiscoreVersions":{"v1":2,"v2":1},"foi_fileName":"Amendement%20CDA_%20VVD_%20VG%20en%20BL%20inzake%20Accomodatiebeleid.pdf","foi_nrPages":2},{"dc_format":"application/pdf","dc_identifier":"nl.gm1954.2c.2023.2836410-12.doc.1","dc_source":"https://api1.ibabs.eu/publicdownload.aspx?site=Beekdaelen&id=ee0357db-bac7-41ac-9b5a-5acd8f12f580","dc_title":"Amendement CDA, VVD, VG en BL inzake Accomodatiebeleid AANGENOMEN","dc_type":"bijlage","foi_fairiscoreVersions":{"v1":2,"v2":1},"foi_fileName":"Amendement%20CDA_%20VVD_%20VG%20en%20BL%20inzake%20Accomodatiebeleid%20AANGENOMEN.pdf","foi_nrPages":2}],"foi_nrDocuments":2,"foi_nrPagesInDossier":4,"foi_publishedDate":"2023-12-19","foi_retrievedDate":"2025-12-03"},{"dc_creator":"HandelingScraper_v1","dc_date_year":2023,"dc_description":"Vergadering van de Gemeente Beekdaelen op 2023-12-19. Onderdeel: Voorstel inzake Paraplubestemmingsplan Woningsplitsing, Kamerbewoning en Parkeren.","dc_identifier":"nl.gm1954.2c.2023.2836410-13","dc_publisher":"gm1954","dc_source":"https://beekdaelen.bestuurlijkeinformatie.nl/Agenda/Index/5ce17a4e-5044-455d-8f51-275e3be94dc0","dc_title":"Raadsvergadering 2023-12-19 - Voorstel inzake Paraplubestemmingsplan Woningsplitsing, Kamerbewoning en Parkeren","dc_type":"2c","dc_type_description":"Vergaderstuk decentrale overheid","foi_fairiscoreVersions":{"v1":2,"v2":2},"foi_files":[{"dc_format":"application/pdf","dc_identifier":"nl.gm1954.2c.2023.2836410-13.doc.1","dc_source":"https://api1.ibabs.eu/publicdownload.aspx?site=Beekdaelen&id=614b03cb-df73-4dd5-9dc7-035a17ab5a45","dc_title":"Raadsvoorstel inzake Paraplubestemmingsplan Woningsplitsing, Kamerbewoning en Parkeren","dc_type":"bijlage","foi_fairiscoreVersions":{"v1":1,"v2":1},"foi_fileName":"aangepaste%20raadsvoorstel%20Paraplubestemmingsplan%20Woningsplitsing_%20Kamerbewoning%20en%20Parkeren.pdf","foi_nrPages":5},{"dc_format":"application/pdf","dc_identifier":"nl.gm1954.2c.2023.2836410-13.doc.6","dc_source":"https://api1.ibabs.eu/publicdownload.aspx?site=Beekdaelen&id=88848e65-e07f-4641-8aea-7eb77041f64c","dc_title":"Beantwoording vragen n.a.v. commissiebehandeling","dc_type":"bijlage","foi_fairiscoreVersions":{"v1":1,"v2":1},"foi_fileName":"Beantwoording%20vragen%20n.a.v.pdf","foi_nrPages":2},{"dc_format":"application/pdf","dc_identifier":"nl.gm1954.2c.2023.2836410-13.doc.2","dc_source":"https://api1.ibabs.eu/publicdownload.aspx?site=Beekdaelen&id=95f5c773-f82e-4f10-bd5b-cff6951b406f","dc_title":"Raadsbesluit inzake Paraplubestemmingsplan Woningsplitsing, Kamerbewoning en Parkeren - vastgesteld 19-12-2023","dc_type":"bijlage","foi_fairiscoreVersions":{"v1":1,"v2":1},"foi_fileName":"Z%2F23%2F196524%20-%20349608%20-%20Paraplubestemmingsplan%20Woningsplitsing_%20Kamerbewoning%20en%20Parkeren.pdf","foi_nrPages":1},{"dc_format":"application/pdf","dc_identifier":"nl.gm1954.2c.2023.2836410-13.doc.3","dc_source":"https://api1.ibabs.eu/publicdownload.aspx?site=Beekdaelen&id=0f22f21f-18f5-442c-a78f-b42c5413178d","dc_title":"Bijlage 1a: Paraplubestemmingsplan \u2018Woningsplitsing, Kamerbewoning en Parkeren\u2019 - Verbeelding - Toelichting","dc_type":"bijlage","foi_fairiscoreVersions":{"v1":3,"v2":3},"foi_fileName":"Z%2F23%2F196524%20-%20349609.pdf","foi_nrPages":38},{"dc_format":"application/pdf","dc_identifier":"nl.gm1954.2c.2023.2836410-13.doc.4","dc_source":"https://api1.ibabs.eu/publicdownload.aspx?site=Beekdaelen&id=4c58de29-9d54-4053-8dfc-85ab756cfb31","dc_title":"Bijlage 1b: Paraplubestemmingsplan \u2018Woningsplitsing, Kamerbewoning en Parkeren\u2019 - Regels","dc_type":"bijlage","foi_fairiscoreVersions":{"v1":2,"v2":2},"foi_fileName":"Z%2F23%2F196524%20-%20349609.pdf","foi_nrPages":72},{"dc_format":"application/pdf","dc_identifier":"nl.gm1954.2c.2023.2836410-13.doc.5","dc_source":"https://api1.ibabs.eu/publicdownload.aspx?site=Beekdaelen&id=dae4f7c7-3b12-4a4e-950b-66a945f97425","dc_title":"Bijlage 1c: Paraplubestemmingsplan \u2018Woningsplitsing, Kamerbewoning en Parkeren\u2019 - Verbeelding","dc_type":"bijlage","foi_fairiscoreVersions":{"v1":1,"v2":1},"foi_fileName":"Z%2F23%2F196524%20-%20349609.pdf","foi_nrPages":1}],"foi_nrDocuments":6,"foi_nrPagesInDossier":119,"foi_publishedDate":"2023-12-19","foi_retrievedDate":"2026-02-05"},{"dc_creator":"HandelingScraper_v1","dc_date_year":2023,"dc_description":"Vergadering van de Gemeente Beekdaelen op 2023-12-19. Onderdeel: Voorstel inzake vaststelling bestemmingsplan Provincialeweg Noord 84, 85 en 87 (De Uiver).","dc_identifier":"nl.gm1954.2c.2023.2836410-14","dc_publisher":"gm1954","dc_source":"https://beekdaelen.bestuurlijkeinformatie.nl/Agenda/Index/5ce17a4e-5044-455d-8f51-275e3be94dc0","dc_title":"Raadsvergadering 2023-12-19 - Voorstel inzake vaststelling bestemmingsplan Provincialeweg Noord 84, 85 en 87 (De Uiver)","dc_type":"2c","dc_type_description":"Vergaderstuk decentrale overheid","foi_fairiscoreVersions":{"v1":2,"v2":2},"foi_files":[{"dc_format":"application/pdf","dc_identifier":"nl.gm1954.2c.2023.2836410-14.doc.11","dc_source":"https://api1.ibabs.eu/publicdownload.aspx?site=Beekdaelen&id=8e4437bb-3113-4c66-b8ff-6b05b224a39e","dc_title":"Bijlage 3g: bij regels Staat van bedrijfsactiviteiten","dc_type":"bijlage","foi_fairiscoreVersions":{"v1":1,"v2":1},"foi_fileName":"Bijlage%201%20bij%20regels%20Staat%20van%20bedrijfsactiviteiten.pdf","foi_nrPages":11},{"dc_format":"application/pdf","dc_identifier":"nl.gm1954.2c.2023.2836410-14.doc.12","dc_source":"https://api1.ibabs.eu/publicdownload.aspx?site=Beekdaelen&id=6e98588c-0cdc-4ec6-af76-6935906c7629","dc_title":"Bijlage 3h: bij toelichting Verkennend bodemonderzoek","dc_type":"bijlage","foi_fairiscoreVersions":{"v1":4,"v2":4},"foi_fileName":"Bijlage%201%20bij%20toelichting%20Verkennend%20bodemonderzoek.pdf","foi_nrPages":349},{"dc_format":"application/pdf","dc_identifier":"nl.gm1954.2c.2023.2836410-14.doc.13","dc_source":"https://api1.ibabs.eu/publicdownload.aspx?site=Beekdaelen&id=de8c4d98-0997-4435-9076-2e7e455d9b06","dc_title":"Bijlage 3i: Aerius berekening Realisatiefase","dc_type":"bijlage","foi_fairiscoreVersions":{"v1":1,"v2":1},"foi_fileName":"Bijlage%202%20Aerius%20berekening%20Realisatiefase.pdf","foi_nrPages":6},{"dc_format":"application/pdf","dc_identifier":"nl.gm1954.2c.2023.2836410-14.doc.14","dc_source":"https://api1.ibabs.eu/publicdownload.aspx?site=Beekdaelen&id=f3399322-250e-4b6e-b1a9-9b3944cba10d","dc_title":"Bijlage 3j: Aerius berekening Gebruiksfase","dc_type":"bijlage","foi_fairiscoreVersions":{"v1":1,"v2":1},"foi_fileName":"Bijlage%203%20Aerius%20berekening%20Gebruiksfase.pdf","foi_nrPages":6},{"dc_format":"application/pdf","dc_identifier":"nl.gm1954.2c.2023.2836410-14.doc.4","dc_source":"https://api1.ibabs.eu/publicdownload.aspx?site=Beekdaelen&id=c1fa8641-3e52-47d3-a7fe-3c915ed354cb","dc_title":"Bijlage 2: Nota van zienswijze Bestemmingsplan \u2018Provincialeweg Noord 84, 85 en 87 (De Uiver)\u2019","dc_type":"bijlage","foi_fairiscoreVersions":{"v1":2,"v2":1},"foi_fileName":"Nota%20van%20zienswijzen.pdf","foi_nrPages":6},{"dc_format":"application/pdf","dc_identifier":"nl.gm1954.2c.2023.2836410-14.doc.3","dc_source":"https://api1.ibabs.eu/publicdownload.aspx?site=Beekdaelen&id=c52e88d2-1a9d-4db8-bacd-a4f083ec5993","dc_title":"Bijlage 1: Pro forma zienswijze ontwerp bestemmingsplan \u201cProvincialeweg Noord 84_ 85 en 87 (De Uiver)\u201d Z_23_184827","dc_type":"bijlage","foi_fairiscoreVersions":{"v1":1,"v2":1},"foi_fileName":"Pro%20forma%20zienswijze%20ontwerp%20bestemmingsplan%20%E2%80%9CProvincialeweg%20Noord%2084_%2085%20en%2087%20%28De%20Uiver%29%E2%80%9D%20Z_23_184827.pdf","foi_nrPages":2},{"dc_format":"application/pdf","dc_identifier":"nl.gm1954.2c.2023.2836410-14.doc.5","dc_source":"https://api1.ibabs.eu/publicdownload.aspx?site=Beekdaelen&id=100c7f70-9232-4ca0-8f7c-c0f90972792a","dc_title":"Bijlage 3a: Provincialeweg Noord 84, 85 en 87 (De Uiver)_Bijlage bij regels","dc_type":"bijlage","foi_fairiscoreVersions":{"v1":3,"v2":3},"foi_fileName":"Provincialeweg%20Noord%2084_%2085%20en%2087%20%28De%20Uiver%29_Bijlage%20bij%20regels.pdf","foi_nrPages":22},{"dc_format":"application/pdf","dc_identifier":"nl.gm1954.2c.2023.2836410-14.doc.6","dc_source":"https://api1.ibabs.eu/publicdownload.aspx?site=Beekdaelen&id=057bf6c6-4857-4e04-b468-71ef766a3d8b","dc_title":"Bijlage 3b: Provincialeweg Noord 84, 85 en 87 (De Uiver)_Bijlagen bij toelichting","dc_type":"bijlage","foi_fairiscoreVersions":{"v1":4,"v2":4},"foi_fileName":"Provincialeweg%20Noord%2084_%2085%20en%2087%20%28De%20Uiver%29_Bijlagen%20bij%20toelichting.pdf","foi_nrPages":374},{"dc_format":"application/pdf","dc_identifier":"nl.gm1954.2c.2023.2836410-14.doc.7","dc_source":"https://api1.ibabs.eu/publicdownload.aspx?site=Beekdaelen&id=1a8d62dd-c3c2-4db7-ae78-4745e2cf5e5c","dc_title":"Bijlage 3c: Provincialeweg Noord 84, 85 en 87 (De Uiver)_Regels","dc_type":"bijlage","foi_fairiscoreVersions":{"v1":3,"v2":3},"foi_fileName":"Provincialeweg%20Noord%2084_%2085%20en%2087%20%28De%20Uiver%29_Regels.pdf","foi_nrPages":38},{"dc_format":"application/pdf","dc_identifier":"nl.gm1954.2c.2023.2836410-14.doc.8","dc_source":"https://api1.ibabs.eu/publicdownload.aspx?site=Beekdaelen&id=fc7193be-ae6f-4514-9d4f-8ff1bd65d918","dc_title":"Bijlage 3d: Provincialeweg Noord 84, 85 en 87 (De Uiver)_Toelichting","dc_type":"bijlage","foi_fairiscoreVersions":{"v1":2,"v2":2},"foi_fileName":"Provincialeweg%20Noord%2084_%2085%20en%2087%20%28De%20Uiver%29_Toelichting.pdf","foi_nrPages":46},{"dc_format":"application/pdf","dc_identifier":"nl.gm1954.2c.2023.2836410-14.doc.10","dc_source":"https://api1.ibabs.eu/publicdownload.aspx?site=Beekdaelen&id=bbf86e11-309f-4104-893c-b5404cc09ed8","dc_title":"Bijlage 3f: Verbeelding (J222545 BP De Uiver)_2023-12-19","dc_type":"bijlage","foi_fairiscoreVersions":{"v1":1,"v2":1},"foi_fileName":"Verbeelding%20%28J222545%20BP%20De%20Uiver%29_2023-12-19.pdf","foi_nrPages":1},{"dc_format":"application/pdf","dc_identifier":"nl.gm1954.2c.2023.2836410-14.doc.9","dc_source":"https://api1.ibabs.eu/publicdownload.aspx?site=Beekdaelen&id=366dc9f7-a739-46c9-b524-ba4682ccf521","dc_title":"Bijlage 3e: Verbeelding (J222545 BP De Uiver) - incl maatvoering_2023-12-19","dc_type":"bijlage","foi_fairiscoreVersions":{"v1":1,"v2":1},"foi_fileName":"Verbeelding%20%28J222545%20BP%20De%20Uiver%29%20-%20incl%20maatvoering_2023-12-19.pdf","foi_nrPages":1},{"dc_format":"application/pdf","dc_identifier":"nl.gm1954.2c.2023.2836410-14.doc.2","dc_source":"https://api1.ibabs.eu/publicdownload.aspx?site=Beekdaelen&id=47883d69-77ce-4f03-9645-ab571e15b9c2","dc_title":"Raadsbesluit inzake vaststelling bestemmingsplan 'Bedrijfslocatie De Uiver Doenrade' - vastgesteld 19-12-2023","dc_type":"bijlage","foi_fairiscoreVersions":{"v1":1,"v2":1},"foi_fileName":"Z%2F23%2F184827%20-%20336322%20-%20Vaststelling%20bestemmingsplan%20De%20Uiver.pdf","foi_nrPages":1},{"dc_format":"application/pdf","dc_identifier":"nl.gm1954.2c.2023.2836410-14.doc.1","dc_source":"https://api1.ibabs.eu/publicdownload.aspx?site=Beekdaelen&id=d0f479bd-fc35-4d7f-9047-3af8e0022b29","dc_title":"Raadsvoorstel inzake vaststelling bestemmingsplan 'Bedrijfslocatie De Uiver Doenrade'","dc_type":"bijlage","foi_fairiscoreVersions":{"v1":1,"v2":1},"foi_fileName":"Z%2F23%2F184827%20-%20336323%20-%20Vaststelling%20bestemmingsplan%20De%20Uiver%20Doenrade.pdf","foi_nrPages":5}],"foi_nrDocuments":14,"foi_nrPagesInDossier":868,"foi_publishedDate":"2023-12-19","foi_retrievedDate":"2025-12-03"},{"dc_creator":"HandelingScraper_v1","dc_date_year":2023,"dc_description":"Vergadering van de Gemeente Beekdaelen op 2023-12-19. Onderdeel: Voorstel inzake 2e Burap 2023 gemeente Beekdaelen.","dc_identifier":"nl.gm1954.2c.2023.2836410-15","dc_publisher":"gm1954","dc_source":"https://beekdaelen.bestuurlijkeinformatie.nl/Agenda/Index/5ce17a4e-5044-455d-8f51-275e3be94dc0","dc_title":"Raadsvergadering 2023-12-19 - Voorstel inzake 2e Burap 2023 gemeente Beekdaelen","dc_type":"2c","dc_type_description":"Vergaderstuk decentrale overheid","foi_fairiscoreVersions":{"v1":2,"v2":2},"foi_files":[{"dc_format":"application/pdf","dc_identifier":"nl.gm1954.2c.2023.2836410-15.doc.3","dc_source":"https://api1.ibabs.eu/publicdownload.aspx?site=Beekdaelen&id=f927e839-c4a0-4873-99bb-220454893df2","dc_title":"Bijlage:  2e bestuursrapportage 2023","dc_type":"bijlage","foi_fairiscoreVersions":{"v1":2,"v2":2},"foi_fileName":"2e%20bestuursrapportage%202023.pdf","foi_nrPages":65},{"dc_format":"application/pdf","dc_identifier":"nl.gm1954.2c.2023.2836410-15.doc.4","dc_source":"https://api1.ibabs.eu/publicdownload.aspx?site=Beekdaelen&id=04a708ca-6180-4cf2-9455-2546126d2b0d","dc_title":"Bijlage: Begrotingswijziging 8 en 9 inzake de tweede bestuursrapportage 2023","dc_type":"bijlage","foi_fairiscoreVersions":{"v1":1,"v2":1},"foi_fileName":"Begrotingswijziging%208%20en%209%20inzake%20de%20tweede%20bestuursrapportage%202023.pdf","foi_nrPages":1},{"dc_format":"application/pdf","dc_identifier":"nl.gm1954.2c.2023.2836410-15.doc.5","dc_source":"https://api1.ibabs.eu/publicdownload.aspx?site=Beekdaelen&id=06ca4ecd-4508-4fa5-9ff0-acf0d1b2fb1d","dc_title":"MvA openstaande vragen na cie B&M 13122023","dc_type":"bijlage","foi_fairiscoreVersions":{"v1":1,"v2":1},"foi_fileName":"MvA%20openstaande%20vragen%20na%20cie%20B%26M%2013122023.pdf","foi_nrPages":1},{"dc_format":"application/pdf","dc_identifier":"nl.gm1954.2c.2023.2836410-15.doc.2","dc_source":"https://api1.ibabs.eu/publicdownload.aspx?site=Beekdaelen&id=a03885bb-7cde-4078-8a78-c72bd9a7dc34","dc_title":"Raadsbesluit inzake tweede bestuursrapportage 2023 - vastgesteld 19-12-2023","dc_type":"bijlage","foi_fairiscoreVersions":{"v1":1,"v2":1},"foi_fileName":"Raadsbesluit%20tweede%20bestuursrapportage%202023.pdf","foi_nrPages":1},{"dc_format":"application/pdf","dc_identifier":"nl.gm1954.2c.2023.2836410-15.doc.1","dc_source":"https://api1.ibabs.eu/publicdownload.aspx?site=Beekdaelen&id=1a6ddc49-bc33-4b45-82ed-4f6b82b59bdd","dc_title":"Raadsvoorstel inzake tweede bestuursrapportage 2023","dc_type":"bijlage","foi_fairiscoreVersions":{"v1":1,"v2":1},"foi_fileName":"Raadsvoorstel%20tweede%20bestuursrapportage%202023.pdf","foi_nrPages":4}],"foi_nrDocuments":5,"foi_nrPagesInDossier":72,"foi_publishedDate":"2023-12-19","foi_retrievedDate":"2025-12-03"},{"dc_creator":"HandelingScraper_v1","dc_date_year":2023,"dc_description":"Vergadering van de Gemeente Beekdaelen op 2023-12-19. Onderdeel: Vaststelling lijst ingekomen stukken.","dc_identifier":"nl.gm1954.2c.2023.2836410-16","dc_publisher":"gm1954","dc_source":"https://beekdaelen.bestuurlijkeinformatie.nl/Agenda/Index/5ce17a4e-5044-455d-8f51-275e3be94dc0","dc_title":"Raadsvergadering 2023-12-19 - Vaststelling lijst ingekomen stukken","dc_type":"2c","dc_type_description":"Vergaderstuk decentrale overheid","foi_fairiscoreVersions":{"v1":1,"v2":1},"foi_files":[{"dc_format":"application/pdf","dc_identifier":"nl.gm1954.2c.2023.2836410-16.doc.1","dc_source":"https://api1.ibabs.eu/publicdownload.aspx?site=Beekdaelen&id=76073d43-4f3f-4f35-9c0f-04cc3ccff865","dc_title":"Lijst ingekomen stukken versie 14-12-2023 - vastgesteld 19-12-2023","dc_type":"bijlage","foi_fairiscoreVersions":{"v1":1,"v2":1},"foi_fileName":"Lijst%20ingekomen%20stukken%20versie%2014-12-2023.pdf","foi_nrPages":6}],"foi_nrDocuments":1,"foi_nrPagesInDossier":6,"foi_publishedDate":"2023-12-19","foi_retrievedDate":"2025-11-29"},{"dc_creator":"HandelingScraper_v1","dc_date_year":2023,"dc_description":"Vergadering van de Gemeente Beekdaelen op 2023-12-19. Onderdeel: Motie gezamenlijke partijen inzake commitment OLS 2024.","dc_identifier":"nl.gm1954.2c.2023.2836410-17","dc_publisher":"gm1954","dc_source":"https://beekdaelen.bestuurlijkeinformatie.nl/Agenda/Index/5ce17a4e-5044-455d-8f51-275e3be94dc0","dc_title":"Raadsvergadering 2023-12-19 - Motie gezamenlijke partijen inzake commitment OLS 2024","dc_type":"2c","dc_type_description":"Vergaderstuk decentrale overheid","foi_fairiscoreVersions":{"v1":1,"v2":1},"foi_files":[{"dc_format":"application/pdf","dc_identifier":"nl.gm1954.2c.2023.2836410-17.doc.1","dc_source":"https://api1.ibabs.eu/publicdownload.aspx?site=Beekdaelen&id=88483169-8ab2-4885-8ef0-9b22323f8166","dc_title":"Motie gezamenlijke partijen inzake commitment OLS 2024 UNANIEM AANGENOMEN","dc_type":"bijlage","foi_fairiscoreVersions":{"v1":1,"v2":1},"foi_fileName":"Motie%20gezamenlijke%20partijen%20inzake%20commitment%20OLS%202024%20UNANIEM%20AANGENOMEN.pdf","foi_nrPages":2}],"foi_nrDocuments":1,"foi_nrPagesInDossier":2,"foi_publishedDate":"2023-12-19","foi_retrievedDate":"2025-11-29"},{"dc_creator":"HandelingScraper_v1","dc_date_year":2023,"dc_description":"Vergadering van de Gemeente Beekdaelen op 2023-12-19. Onderdeel: Vaststellen besluitenlijst openbare raadsvergadering d.d. 14 november 2023.","dc_identifier":"nl.gm1954.2c.2023.2836410-2","dc_publisher":"gm1954","dc_source":"https://beekdaelen.bestuurlijkeinformatie.nl/Agenda/Index/5ce17a4e-5044-455d-8f51-275e3be94dc0","dc_title":"Raadsvergadering 2023-12-19 - Vaststellen besluitenlijst openbare raadsvergadering d.d. 14 november 2023","dc_type":"2c","dc_type_description":"Vergaderstuk decentrale overheid","foi_fairiscoreVersions":{"v1":1,"v2":1},"foi_files":[{"dc_format":"application/pdf","dc_identifier":"nl.gm1954.2c.2023.2836410-2.doc.1","dc_source":"https://api1.ibabs.eu/publicdownload.aspx?site=Beekdaelen&id=f8553a1f-6277-4c9d-afca-277bed00ee1f","dc_title":"Besluitenlijst raadsvergadering 14112023 - vastgesteld 19-12-2023","dc_type":"bijlage","foi_fairiscoreVersions":{"v1":1,"v2":1},"foi_fileName":"Besluitenlijst%20raadsvergadering%2014112023.pdf","foi_nrPages":29}],"foi_nrDocuments":1,"foi_nrPagesInDossier":29,"foi_publishedDate":"2023-12-19","foi_retrievedDate":"2026-03-06"},{"dc_creator":"HandelingScraper_v1","dc_date_year":2023,"dc_description":"Vergadering van de Gemeente Beekdaelen op 2023-12-19. Onderdeel: Voorstel inzake Controleprotocol 2023.","dc_identifier":"nl.gm1954.2c.2023.2836410-3","dc_publisher":"gm1954","dc_source":"https://beekdaelen.bestuurlijkeinformatie.nl/Agenda/Index/5ce17a4e-5044-455d-8f51-275e3be94dc0","dc_title":"Raadsvergadering 2023-12-19 - Voorstel inzake Controleprotocol 2023","dc_type":"2c","dc_type_description":"Vergaderstuk decentrale overheid","foi_fairiscoreVersions":{"v1":2,"v2":2},"foi_files":[{"dc_format":"application/pdf","dc_identifier":"nl.gm1954.2c.2023.2836410-3.doc.3","dc_source":"https://api1.ibabs.eu/publicdownload.aspx?site=Beekdaelen&id=0f445609-dfc2-4e4c-817a-f9698f52ef79","dc_title":"Controleprotocol 2023","dc_type":"bijlage","foi_fairiscoreVersions":{"v1":2,"v2":2},"foi_fileName":"Controleprotocol%202023.pdf","foi_nrPages":15},{"dc_format":"application/pdf","dc_identifier":"nl.gm1954.2c.2023.2836410-3.doc.2","dc_source":"https://api1.ibabs.eu/publicdownload.aspx?site=Beekdaelen&id=572f1ece-1cd6-4767-aaa1-e08ad5ce8498","dc_title":"Raadsbesluit inzake controleprotocol 2023 - vastgesteld 19-12-2023","dc_type":"bijlage","foi_fairiscoreVersions":{"v1":1,"v2":1},"foi_fileName":"Raadsbesluit%20controleprotocol%202023.pdf","foi_nrPages":1},{"dc_format":"application/pdf","dc_identifier":"nl.gm1954.2c.2023.2836410-3.doc.1","dc_source":"https://api1.ibabs.eu/publicdownload.aspx?site=Beekdaelen&id=a6badb6a-e1f1-47b0-83a0-e5c580be9e9d","dc_title":"Raadsvoorstel inzake controleprotocol 2023","dc_type":"bijlage","foi_fairiscoreVersions":{"v1":1,"v2":1},"foi_fileName":"Raadsvoorstel%20inzake%20controleprotocol%202023.pdf","foi_nrPages":2},{"dc_format":"application/pdf","dc_identifier":"nl.gm1954.2c.2023.2836410-3.doc.4","dc_source":"https://api1.ibabs.eu/publicdownload.aspx?site=Beekdaelen&id=a7280a5e-461e-4510-ba3c-6aebd6f0d264","dc_title":"Was-wordt lijst controleprotocol 2023","dc_type":"bijlage","foi_fairiscoreVersions":{"v1":1,"v2":1},"foi_fileName":"Was-%20wordt%20lijst%20controleprotocol%202023.pdf","foi_nrPages":4}],"foi_nrDocuments":4,"foi_nrPagesInDossier":22,"foi_publishedDate":"2023-12-19","foi_retrievedDate":"2026-02-05"},{"dc_creator":"HandelingScraper_v1","dc_date_year":2023,"dc_description":"Vergadering van de Gemeente Beekdaelen op 2023-12-19. Onderdeel: Voorstel inzake gewijzigde Verordening maatschappelijke ondersteuning gemeente Beekdaelen 2022.","dc_identifier":"nl.gm1954.2c.2023.2836410-4","dc_publisher":"gm1954","dc_source":"https://beekdaelen.bestuurlijkeinformatie.nl/Agenda/Index/5ce17a4e-5044-455d-8f51-275e3be94dc0","dc_title":"Raadsvergadering 2023-12-19 - Voorstel inzake gewijzigde Verordening maatschappelijke ondersteuning gemeente Beekdaelen 2022","dc_type":"2c","dc_type_description":"Vergaderstuk decentrale overheid","foi_fairiscoreVersions":{"v1":1,"v2":1},"foi_files":[{"dc_format":"application/pdf","dc_identifier":"nl.gm1954.2c.2023.2836410-4.doc.1","dc_source":"https://api1.ibabs.eu/publicdownload.aspx?site=Beekdaelen&id=3ac7bc39-e025-41a1-8270-96beeda17248","dc_title":"Raadsvoorstel inzake gewijizigde verordening maatschappelijke ondersteuning","dc_type":"bijlage","foi_fairiscoreVersions":{"v1":1,"v2":1},"foi_fileName":"Raadsvoostel%20inzake%20verordening%20WMO.pdf","foi_nrPages":5},{"dc_format":"application/pdf","dc_identifier":"nl.gm1954.2c.2023.2836410-4.doc.2","dc_source":"https://api1.ibabs.eu/publicdownload.aspx?site=Beekdaelen&id=0479ddc1-73c2-4189-b437-888a8c1bf8cf","dc_title":"Raadsbesluit inzake wijziging verordening maatschappelijke ondersteuning gemeente Beekdaelen 2022 - vastgesteld 19-12-2023","dc_type":"bijlage","foi_fairiscoreVersions":{"v1":1,"v2":1},"foi_fileName":"Z%2F23%2F196872%20-%20350484%20-%20Raadsbesluit%20%20wijziging%20Verordening%20maatschappelijke%20ondersteuning%20gemeente%20Beekdaelen%202022.pdf","foi_nrPages":1},{"dc_format":"application/pdf","dc_identifier":"nl.gm1954.2c.2023.2836410-4.doc.3","dc_source":"https://api1.ibabs.eu/publicdownload.aspx?site=Beekdaelen&id=a6407f51-993a-4aea-a1b7-0c1f834fdbc8","dc_title":"Bijlage 1: ASD advies hoogte pgb sociaal netwerk","dc_type":"bijlage","foi_fairiscoreVersions":{"v1":1,"v2":1},"foi_fileName":"Z%2F23%2F196872%20-%20350519%20-%20ASD%20advies%20hoogte%20pgb%20sociaal%20netwerk.pdf","foi_nrPages":2},{"dc_format":"application/pdf","dc_identifier":"nl.gm1954.2c.2023.2836410-4.doc.4","dc_source":"https://api1.ibabs.eu/publicdownload.aspx?site=Beekdaelen&id=0651d296-a5b0-4683-b713-58401bd9416c","dc_title":"Bijlage 2: ASD Advies eigen bijdrage","dc_type":"bijlage","foi_fairiscoreVersions":{"v1":1,"v2":1},"foi_fileName":"Z%2F23%2F196872%20-%20350520%20-%20ASD%20Advies%20eigen%20bijdrage.pdf","foi_nrPages":1},{"dc_format":"application/pdf","dc_identifier":"nl.gm1954.2c.2023.2836410-4.doc.5","dc_source":"https://api1.ibabs.eu/publicdownload.aspx?site=Beekdaelen&id=af5e4822-3dd5-4dfd-bd16-a578a33b4489","dc_title":"Bijlage 3: Gewijzigde verordening maatschappelijke ondersteuning gemeente Beekdaelen 2022 - vastgesteld 19-12-2023","dc_type":"bijlage","foi_fairiscoreVersions":{"v1":1,"v2":1},"foi_fileName":"Z%2F23%2F196872%20-%20350596%20-%20Gewijzigde%20Verordening%20maatschappelijke%20ondersteuning%20gemeente%20Beekdaelen%202022.pdf","foi_nrPages":26}],"foi_nrDocuments":5,"foi_nrPagesInDossier":35,"foi_publishedDate":"2023-12-19","foi_retrievedDate":"2025-12-05"},{"dc_creator":"HandelingScraper_v1","dc_date_year":2023,"dc_description":"Vergadering van de Gemeente Beekdaelen op 2023-12-19. Onderdeel: Voorstel inzake LTI  en klantbijdrage Omnibuzz.","dc_identifier":"nl.gm1954.2c.2023.2836410-5","dc_publisher":"gm1954","dc_source":"https://beekdaelen.bestuurlijkeinformatie.nl/Agenda/Index/5ce17a4e-5044-455d-8f51-275e3be94dc0","dc_title":"Raadsvergadering 2023-12-19 - Voorstel inzake LTI  en klantbijdrage Omnibuzz","dc_type":"2c","dc_type_description":"Vergaderstuk decentrale overheid","foi_fairiscoreVersions":{"v1":1,"v2":1},"foi_files":[{"dc_format":"application/pdf","dc_identifier":"nl.gm1954.2c.2023.2836410-5.doc.3","dc_source":"https://api1.ibabs.eu/publicdownload.aspx?site=Beekdaelen&id=f00e0a26-1bdc-4e2b-9138-2502cb286563","dc_title":"Brief d.d. 21-11-2023 DB Omnibuzz aan college inzake LTI","dc_type":"bijlage","foi_fairiscoreVersions":{"v1":1,"v2":1},"foi_fileName":"Z%2F23%2F197611%20-%20352111%20-%20Brief%20aan%20college%20inzake%20LTI.pdf","foi_nrPages":4},{"dc_format":"application/pdf","dc_identifier":"nl.gm1954.2c.2023.2836410-5.doc.4","dc_source":"https://api1.ibabs.eu/publicdownload.aspx?site=Beekdaelen&id=2a82dc2b-00a5-4f24-a6e8-6757e7fedc0f","dc_title":"ASD advies","dc_type":"bijlage","foi_fairiscoreVersions":{"v1":1,"v2":1},"foi_fileName":"Z%2F23%2F197611%20-%20352112%20-%20ASD%20advies.pdf","foi_nrPages":2},{"dc_format":"application/pdf","dc_identifier":"nl.gm1954.2c.2023.2836410-5.doc.1","dc_source":"https://api1.ibabs.eu/publicdownload.aspx?site=Beekdaelen&id=971fc161-2116-4900-841c-abbf2d4a3c47","dc_title":"Raadsvoorstel inzake Landelijke Tarievenindex (LTI) en klantbijdrage Omnibuzz","dc_type":"bijlage","foi_fairiscoreVersions":{"v1":1,"v2":1},"foi_fileName":"Z%2F23%2F197611%20-%20352114%20-%20LTI%20en%20klantbijdrage%20Omnibuzz.pdf","foi_nrPages":4},{"dc_format":"application/pdf","dc_identifier":"nl.gm1954.2c.2023.2836410-5.doc.2","dc_source":"https://api1.ibabs.eu/publicdownload.aspx?site=Beekdaelen&id=44de8342-a66a-4fd4-b758-0173f8a4ba7d","dc_title":"Raadsbesluit inzake Landelijke Tarievenindex (LTI) en klantbijdrage Omnibuzz - vastgesteld 19-12-2023","dc_type":"bijlage","foi_fairiscoreVersions":{"v1":1,"v2":1},"foi_fileName":"Z%2F23%2F197611%20-%20352115%20-%20LTI%20en%20klantbijdrage%20Omnibuzz.pdf","foi_nrPages":1}],"foi_nrDocuments":4,"foi_nrPagesInDossier":11,"foi_publishedDate":"2023-12-19","foi_retrievedDate":"2026-03-01"},{"dc_creator":"HandelingScraper_v1","dc_date_year":2023,"dc_description":"Vergadering van de Gemeente Beekdaelen op 2023-12-19. Onderdeel: Voorstel inzake tweede begrotingswijziging 2023 GR WSP Parkstad.","dc_identifier":"nl.gm1954.2c.2023.2836410-6","dc_publisher":"gm1954","dc_source":"https://beekdaelen.bestuurlijkeinformatie.nl/Agenda/Index/5ce17a4e-5044-455d-8f51-275e3be94dc0","dc_title":"Raadsvergadering 2023-12-19 - Voorstel inzake tweede begrotingswijziging 2023 GR WSP Parkstad","dc_type":"2c","dc_type_description":"Vergaderstuk decentrale overheid","foi_fairiscoreVersions":{"v1":null,"v2":null},"foi_files":[{"dc_format":"application/pdf","dc_identifier":"nl.gm1954.2c.2023.2836410-6.doc.3","dc_source":"https://api1.ibabs.eu/publicdownload.aspx?site=Beekdaelen&id=e9aa2899-0729-4ffd-9532-c200c081a07f","dc_title":"Bijlage: Tweede begrotingswijziging 2023 GR WSP Parkstad","dc_type":"bijlage","foi_fileName":"Z%2F23%2F195912%20-%20348649%20-%20Tweede%20begrotingswijziging%202023%20GR%20WSP%20Parkstad.pdf"},{"dc_format":"application/pdf","dc_identifier":"nl.gm1954.2c.2023.2836410-6.doc.4","dc_source":"https://api1.ibabs.eu/publicdownload.aspx?site=Beekdaelen&id=36fa0bdc-613f-4418-8c29-ce7ba78bdb77","dc_title":"Bijlage: Factsheet Tweede begrotingswijziging 2023 GR WSP Parkstad","dc_type":"bijlage","foi_fileName":"Z%2F23%2F195912%20-%20348650%20-%20Factsheet%20Tweede%20begrotingswijziging%202023%20GR%20WSP%20Parkstad.pdf"},{"dc_format":"application/pdf","dc_identifier":"nl.gm1954.2c.2023.2836410-6.doc.1","dc_source":"https://api1.ibabs.eu/publicdownload.aspx?site=Beekdaelen&id=045d9045-23b0-48c5-9b25-7ee37081b209","dc_title":"Raadsvoorstel inzake tweede begrotingswijziging 2023 GR WSP Parkstad","dc_type":"bijlage","foi_fileName":"Z%2F23%2F195912%20-%20348651%20-%20Raadsvoorstel%20Tweede%20begrotingswijziging%202023%20GR%20WSP%20Parkstad.pdf"},{"dc_format":"application/pdf","dc_identifier":"nl.gm1954.2c.2023.2836410-6.doc.2","dc_source":"https://api1.ibabs.eu/publicdownload.aspx?site=Beekdaelen&id=2393b318-1155-42f2-b957-d8e8d3ac3c86","dc_title":"Raadsbesluit inzake tweede begrotingswijziging 2023 GR WSP Parkstad - vastgesteld 19-12-2023","dc_type":"bijlage","foi_fileName":"Z%2F23%2F195912%20-%20348653%20-%20Raadsbesluit%20Tweede%20begrotingswijziging%202023%20GR%20WSP%20Parkstad.pdf"},{"dc_format":"application/pdf","dc_identifier":"nl.gm1954.2c.2023.2836410-6.doc.5","dc_source":"https://api1.ibabs.eu/publicdownload.aspx?site=Beekdaelen&id=cc895cdd-259b-440d-a8c7-b45a5381c23c","dc_title":"Bijlage 4 Uitgaande brief aan WSP Parkstad inzake raadsbesluit","dc_type":"bijlage","foi_fileName":"Z%2F23%2F195912%20-%20348654%20-%20Uitgaande%20brief%20aan%20WSP%20Parkstad%20inzake%20raadsbesluit.pdf"}],"foi_nrDocuments":5,"foi_nrPagesInDossier":0,"foi_publishedDate":"2023-12-19","foi_retrievedDate":"2025-11-30"},{"dc_creator":"HandelingScraper_v1","dc_date_year":2023,"dc_description":"Vergadering van de Gemeente Beekdaelen op 2023-12-19. Onderdeel: Voorstel inzake tweede begrotingswijziging 2023 GR WOZL.","dc_identifier":"nl.gm1954.2c.2023.2836410-7","dc_publisher":"gm1954","dc_source":"https://beekdaelen.bestuurlijkeinformatie.nl/Agenda/Index/5ce17a4e-5044-455d-8f51-275e3be94dc0","dc_title":"Raadsvergadering 2023-12-19 - Voorstel inzake tweede begrotingswijziging 2023 GR WOZL","dc_type":"2c","dc_type_description":"Vergaderstuk decentrale overheid","foi_fairiscoreVersions":{"v1":2,"v2":1},"foi_files":[{"dc_format":"application/pdf","dc_identifier":"nl.gm1954.2c.2023.2836410-7.doc.1","dc_source":"https://api1.ibabs.eu/publicdownload.aspx?site=Beekdaelen&id=d8341167-a30f-4685-9df6-35270fc7b59a","dc_title":"Raadsvoorstel inzake tweede begrotingswijziging 2023 GR WOZL","dc_type":"bijlage","foi_fairiscoreVersions":{"v1":1,"v2":1},"foi_fileName":"Z%2F23%2F195913%20-%20348643%20-%20Raadsvoorstel%20Tweede%20begrotingswijziging%202023%20GR%20WOZL.pdf","foi_nrPages":5},{"dc_format":"application/pdf","dc_identifier":"nl.gm1954.2c.2023.2836410-7.doc.3","dc_source":"https://api1.ibabs.eu/publicdownload.aspx?site=Beekdaelen&id=f63c8bbf-cc1f-4065-b14a-9eaabdb7f969","dc_title":"Bijlage: Tweede begrotingswijziging 2023 GR WOZL","dc_type":"bijlage","foi_fairiscoreVersions":{"v1":2,"v2":1},"foi_fileName":"Z%2F23%2F195913%20-%20348645%20-%20Tweede%20begrotingswijziging%202023%20GR%20WOZL.pdf","foi_nrPages":19},{"dc_format":"application/pdf","dc_identifier":"nl.gm1954.2c.2023.2836410-7.doc.4","dc_source":"https://api1.ibabs.eu/publicdownload.aspx?site=Beekdaelen&id=025e435b-4922-47a9-8789-b18d01dc5887","dc_title":"Bijlage: Factsheet Tweede begrotingswijziging 2023 GR WOZL","dc_type":"bijlage","foi_fairiscoreVersions":{"v1":1,"v2":1},"foi_fileName":"Z%2F23%2F195913%20-%20348646%20-%20Factsheet%20Tweede%20begrotingswijziging%202023%20GR%20WOZL.pdf","foi_nrPages":3},{"dc_format":"application/pdf","dc_identifier":"nl.gm1954.2c.2023.2836410-7.doc.5","dc_source":"https://api1.ibabs.eu/publicdownload.aspx?site=Beekdaelen&id=313b6405-c3dc-4ece-bc20-607ce922af64","dc_title":"Bijlage: Uitgaande brief aan WOZL inzake raadsbesluit","dc_type":"bijlage","foi_fairiscoreVersions":{"v1":1,"v2":1},"foi_fileName":"Z%2F23%2F195913%20-%20348656%20-%20Uitgaande%20brief%20aan%20WOZL%20inzake%20raadsbesluit.pdf","foi_nrPages":1},{"dc_format":"application/pdf","dc_identifier":"nl.gm1954.2c.2023.2836410-7.doc.2","dc_source":"https://api1.ibabs.eu/publicdownload.aspx?site=Beekdaelen&id=697cbc5e-b633-45b5-b449-344fa05e379f","dc_title":"Raadsbesluit inzake tweede begrotingswijziging 2023 GR WOZL - vastgesteld 19-12-2023","dc_type":"bijlage","foi_fairiscoreVersions":{"v1":1,"v2":1},"foi_fileName":"Z%2F23%2F195913%20-%20348662%20-%20Raadsbesluit%20tweede%20begrotingswijziging%202023%20GR%20WOZL.pdf","foi_nrPages":1}],"foi_nrDocuments":5,"foi_nrPagesInDossier":29,"foi_publishedDate":"2023-12-19","foi_retrievedDate":"2026-03-14"},{"dc_creator":"HandelingScraper_v1","dc_date_year":2023,"dc_description":"Vergadering van de Gemeente Beekdaelen op 2023-12-19. Onderdeel: Voorkeursadvies inzake aanwijzing lokale omroep Beekdaelen.","dc_identifier":"nl.gm1954.2c.2023.2836410-8","dc_publisher":"gm1954","dc_source":"https://beekdaelen.bestuurlijkeinformatie.nl/Agenda/Index/5ce17a4e-5044-455d-8f51-275e3be94dc0","dc_title":"Raadsvergadering 2023-12-19 - Voorkeursadvies inzake aanwijzing lokale omroep Beekdaelen","dc_type":"2c","dc_type_description":"Vergaderstuk decentrale overheid","foi_fairiscoreVersions":{"v1":3,"v2":2},"foi_files":[{"dc_format":"application/pdf","dc_identifier":"nl.gm1954.2c.2023.2836410-8.doc.4","dc_source":"https://api1.ibabs.eu/publicdownload.aspx?site=Beekdaelen&id=d03724fa-388f-4b62-b22f-b3067db61c14","dc_title":"Nota van wijziging bijlage 2a: Aanvullende informatie Stichting Plus GEANONIMISEERD","dc_type":"bijlage","foi_fairiscoreVersions":{"v1":3,"v2":3},"foi_fileName":"Aanvullende%20informatie%20Stichting%20Plus%20GEANONIMISEERD.pdf","foi_nrPages":55},{"dc_format":"application/pdf","dc_identifier":"nl.gm1954.2c.2023.2836410-8.doc.6","dc_source":"https://api1.ibabs.eu/publicdownload.aspx?site=Beekdaelen&id=699e2a5e-1e2d-40ce-b05a-857169db2dd4","dc_title":"Addendum op voorkeursadvies lokale omroep","dc_type":"bijlage","foi_fairiscoreVersions":{"v1":1,"v2":1},"foi_fileName":"Addendum%20op%20voorkeursadvies%20lokale%20omroep.pdf","foi_nrPages":4},{"dc_format":"application/pdf","dc_identifier":"nl.gm1954.2c.2023.2836410-8.doc.3","dc_source":"https://api1.ibabs.eu/publicdownload.aspx?site=Beekdaelen&id=d31a724e-e04a-4925-a76d-e5f96ce47459","dc_title":"Nota van wijziging bijlage 1: Herziene en gewijzigde beoordeling wettelijke en lokale toetsingcriteria lokale omroep","dc_type":"bijlage","foi_fairiscoreVersions":{"v1":1,"v2":1},"foi_fileName":"Herziene%20en%20gewijzigde%20beoordeling%20wettelijke%20en%20lokale%20toetsingcriteria%20lokale%20omroep.pdf","foi_nrPages":7},{"dc_format":"application/pdf","dc_identifier":"nl.gm1954.2c.2023.2836410-8.doc.5","dc_source":"https://api1.ibabs.eu/publicdownload.aspx?site=Beekdaelen&id=1f182ef4-2313-4fa3-a0d4-5661c4b4ea23","dc_title":"Nota van wijziging bijlage 2b: Aanvullende informatie Stichting Plus - Jaarrekening  GEANONIMISEERD","dc_type":"bijlage","foi_fairiscoreVersions":{"v1":2,"v2":1},"foi_fileName":"Jaarrekening%20Stichting%20Plus%20GEANONIMISEERD.pdf","foi_nrPages":65},{"dc_format":"application/pdf","dc_identifier":"nl.gm1954.2c.2023.2836410-8.doc.2","dc_source":"https://api1.ibabs.eu/publicdownload.aspx?site=Beekdaelen&id=1ac20428-1428-48e5-ad6e-334ff5c8aa61","dc_title":"Nota van wijziging op advies aanwijzing lokale omroep","dc_type":"bijlage","foi_fairiscoreVersions":{"v1":1,"v2":1},"foi_fileName":"Nota%20van%20wijziging%20op%20advies%20aanwijzing%20lokale%20omroep.pdf","foi_nrPages":2},{"dc_format":"application/pdf","dc_identifier":"nl.gm1954.2c.2023.2836410-8.doc.7","dc_source":"https://api1.ibabs.eu/publicdownload.aspx?site=Beekdaelen&id=72172c62-f1a9-4e0f-b59f-0b547adb8499","dc_title":"Raadsbesluit voorkeursadvies aanwijzing lokale omroep - vastgesteld 19-12-2023","dc_type":"bijlage","foi_fairiscoreVersions":{"v1":1,"v2":1},"foi_fileName":"Raadsbesluit%20voorkeursadvies%20lokale%20omroep.pdf","foi_nrPages":1},{"dc_format":"application/pdf","dc_identifier":"nl.gm1954.2c.2023.2836410-8.doc.8","dc_source":"https://api1.ibabs.eu/publicdownload.aspx?site=Beekdaelen&id=de42339b-dc17-4c20-b38e-85c3e3966b1f","dc_title":"Bijlage 1: Brief Commissariaat voor de Media openstellen aanwijzingsprocedure lokale publieke media-instelling","dc_type":"bijlage","foi_fairiscoreVersions":{"v1":5,"v2":5},"foi_fileName":"Z%2F23%2F191206%20-%20340680%20Brief%20van%20het%20Commissariaat%20voor%20de%20Media%20over%20het%20openstellen%20van%20de%20aanwijzingsprocedure%20%28geanonimiseerd%29.pdf","foi_nrPages":3},{"dc_format":"application/pdf","dc_identifier":"nl.gm1954.2c.2023.2836410-8.doc.10","dc_source":"https://api1.ibabs.eu/publicdownload.aspx?site=Beekdaelen&id=77da4ae9-3c96-4d97-9ded-12b0a7302390","dc_title":"Bijlage 3: Toetsingscriteria gemeente Beekdaelen","dc_type":"bijlage","foi_fairiscoreVersions":{"v1":1,"v2":1},"foi_fileName":"Z%2F23%2F191206%20-%20340681%20-%20Formulier%20toetsingscriteria%20voorkeursscenario.pdf","foi_nrPages":3},{"dc_format":"application/pdf","dc_identifier":"nl.gm1954.2c.2023.2836410-8.doc.9","dc_source":"https://api1.ibabs.eu/publicdownload.aspx?site=Beekdaelen&id=33297d68-e5de-45d3-8d2e-da1ee0a09690","dc_title":"Bijlage 2: Brief Commissariaat voor de Media over voorkeursadvies inclusief bijlagen","dc_type":"bijlage","foi_fairiscoreVersions":{"v1":2,"v2":2},"foi_fileName":"Z%2F23%2F193051%20-%20343702%20Brief%20Commissariaat%20voor%20de%20Media%20over%20voorkeursadvies%20inclusief%20bijlagen.pdf","foi_nrPages":62},{"dc_format":"application/pdf","dc_identifier":"nl.gm1954.2c.2023.2836410-8.doc.1","dc_source":"https://api1.ibabs.eu/publicdownload.aspx?site=Beekdaelen&id=2f1fcfcc-68d7-4d06-bc4f-921985b88175","dc_title":"Raadsvoorstel inzake voorkeursadvies aanwijzing lokale omroep","dc_type":"bijlage","foi_fairiscoreVersions":{"v1":1,"v2":1},"foi_fileName":"Z%2F23%2F193051%20-%20346504%20-%20Raadsvoorstel%20voorkeursadvies%20aanwijzing%20lokale%20omroep.pdf","foi_nrPages":5},{"dc_format":"application/pdf","dc_identifier":"nl.gm1954.2c.2023.2836410-8.doc.11","dc_source":"https://api1.ibabs.eu/publicdownload.aspx?site=Beekdaelen&id=1864380b-66fd-4cf3-9083-804a170d2125","dc_title":"Bijlage 4: Reactie Stichting ZO NWS op toetsingscriteria","dc_type":"bijlage","foi_fairiscoreVersions":{"v1":5,"v2":5},"foi_fileName":"Z%2F23%2F193051%20-%20346594%20Reactie%20Stichting%20ZO%20NWS%20op%20toetsingscriteria%20%28geanonimseerd%29.pdf","foi_nrPages":6},{"dc_format":"application/pdf","dc_identifier":"nl.gm1954.2c.2023.2836410-8.doc.12","dc_source":"https://api1.ibabs.eu/publicdownload.aspx?site=Beekdaelen&id=006598b8-3b93-4569-96c4-2e7bc6656388","dc_title":"Bijlage 5: Reactie Stichting Plus en beantwoording vragen over toetsingscriteria","dc_type":"bijlage","foi_fairiscoreVersions":{"v1":5,"v2":5},"foi_fileName":"Z%2F23%2F193051%20-%20346595%20Reactie%20Stichting%20Plus%20en%20beantwoording%20vragen%20over%20toetsingscriteria%20%28geanonimiseerd%29.pdf","foi_nrPages":5},{"dc_format":"application/pdf","dc_identifier":"nl.gm1954.2c.2023.2836410-8.doc.14","dc_source":"https://api1.ibabs.eu/publicdownload.aspx?site=Beekdaelen&id=63834283-f554-4b87-a79a-d4143ad34e9f","dc_title":"Bijlage 7: Verslag werkbezoek Stichting Plus","dc_type":"bijlage","foi_fairiscoreVersions":{"v1":1,"v2":1},"foi_fileName":"Z%2F23%2F193051%20-%20346596%20Verslag%20werkbezoek%20stichting%20Plus.pdf","foi_nrPages":1},{"dc_format":"application/pdf","dc_identifier":"nl.gm1954.2c.2023.2836410-8.doc.13","dc_source":"https://api1.ibabs.eu/publicdownload.aspx?site=Beekdaelen&id=9b540711-822c-4220-881c-a16d14544dc8","dc_title":"Bijlage 6: Verslag werkbezoek Stichting ZO-NWS","dc_type":"bijlage","foi_fairiscoreVersions":{"v1":1,"v2":1},"foi_fileName":"Z%2F23%2F193051%20-%20346597%20-%20Verslag%20werkbezoek%20Stichting%20ZO-NWS.pdf","foi_nrPages":2},{"dc_format":"application/pdf","dc_identifier":"nl.gm1954.2c.2023.2836410-8.doc.15","dc_source":"https://api1.ibabs.eu/publicdownload.aspx?site=Beekdaelen&id=d5a176fd-f0ae-4d3c-8f94-767ca5552659","dc_title":"Bijlage 8: Beoordeling wettelijke en lokale toetsingscriteria lokale omroep VERVALLEN","dc_type":"bijlage","foi_fairiscoreVersions":{"v1":1,"v2":1},"foi_fileName":"Z%2F23%2F193051%20-%20346598%20-%20Beoordeling%20wettelijke%20en%20lokale%20toetsingscriteria%20lokale%20omroep.pdf","foi_nrPages":7}],"foi_nrDocuments":15,"foi_nrPagesInDossier":228,"foi_publishedDate":"2023-12-19","foi_retrievedDate":"2025-12-06"},{"dc_creator":"HandelingScraper_v1","dc_date_year":2023,"dc_description":"Vergadering van de Gemeente Beekdaelen op 2023-12-19. Onderdeel: Voorstel inzake vaststellen Nota Grondbeleid gemeente Beekdaelen 2024-2028.","dc_identifier":"nl.gm1954.2c.2023.2836410-9","dc_publisher":"gm1954","dc_source":"https://beekdaelen.bestuurlijkeinformatie.nl/Agenda/Index/5ce17a4e-5044-455d-8f51-275e3be94dc0","dc_title":"Raadsvergadering 2023-12-19 - Voorstel inzake vaststellen Nota Grondbeleid gemeente Beekdaelen 2024-2028","dc_type":"2c","dc_type_description":"Vergaderstuk decentrale overheid","foi_fairiscoreVersions":{"v1":2,"v2":1},"foi_files":[{"dc_format":"application/pdf","dc_identifier":"nl.gm1954.2c.2023.2836410-9.doc.4","dc_source":"https://api1.ibabs.eu/publicdownload.aspx?site=Beekdaelen&id=08cd762e-393d-40b7-b7a6-7c6caad75d9e","dc_title":"Bijlage 1: Nota Grondbeleid gemeente Beekdaelen 2024-2028 (gewijzigd n.a.v. CIE FLO)","dc_type":"bijlage","foi_fairiscoreVersions":{"v1":2,"v2":1},"foi_fileName":"Nota%20Grondbeleid%20gemeente%20Beekdaelen%202024-2028%20%28gewijzigd%20n.a.v.pdf","foi_nrPages":67},{"dc_format":"application/pdf","dc_identifier":"nl.gm1954.2c.2023.2836410-9.doc.2","dc_source":"https://api1.ibabs.eu/publicdownload.aspx?site=Beekdaelen&id=e7b905e8-8132-43ea-b7f4-dc4194329a3b","dc_title":"Nota van wijziging t.a.v. het raadsvoorstel Vaststellen Nota Grondbeleid","dc_type":"bijlage","foi_fairiscoreVersions":{"v1":1,"v2":1},"foi_fileName":"Nota%20van%20wijziging%20t.a.v.pdf","foi_nrPages":1},{"dc_format":"application/pdf","dc_identifier":"nl.gm1954.2c.2023.2836410-9.doc.8","dc_source":"https://api1.ibabs.eu/publicdownload.aspx?site=Beekdaelen&id=0f8b4ced-5018-4325-80a3-b0fb99e8372d","dc_title":"Tweede nota van wijziging t.a.v. het raadsvoorstel Vaststellen Nota Grondbeleid 19-12-23","dc_type":"bijlage","foi_fairiscoreVersions":{"v1":1,"v2":1},"foi_fileName":"Tweede%20nota%20van%20wijziging%20t.a.v.pdf","foi_nrPages":1},{"dc_format":"application/pdf","dc_identifier":"nl.gm1954.2c.2023.2836410-9.doc.1","dc_source":"https://api1.ibabs.eu/publicdownload.aspx?site=Beekdaelen&id=af2af027-5b0c-40a5-b6d5-cd039bfb4785","dc_title":"Raadsvoorstel Nota Grondbeleid gemeente Beekdaelen 2024-2028","dc_type":"bijlage","foi_fairiscoreVersions":{"v1":1,"v2":1},"foi_fileName":"Z%2F23%2F185328%20-%20338602%20-%20Vaststellen%20Nota%20Grondbeleid%20gemeente%20Beekdaelen%202024.pdf","foi_nrPages":6},{"dc_format":"application/pdf","dc_identifier":"nl.gm1954.2c.2023.2836410-9.doc.3","dc_source":"https://api1.ibabs.eu/publicdownload.aspx?site=Beekdaelen&id=ee88b5c7-3358-4837-a3d4-9f760f3b818e","dc_title":"Raadsbesluit Nota Grondbeleid gemeente Beekdaelen 2024-2028 - vastgesteld 19-12-2023","dc_type":"bijlage","foi_fairiscoreVersions":{"v1":1,"v2":1},"foi_fileName":"Z%2F23%2F185328%20-%20338604%20-%20Vaststellen%20Nota%20Grondbeleid%20gemeente%20Beekdaelen%202024.pdf","foi_nrPages":1},{"dc_format":"application/pdf","dc_identifier":"nl.gm1954.2c.2023.2836410-9.doc.5","dc_source":"https://api1.ibabs.eu/publicdownload.aspx?site=Beekdaelen&id=4f0e3401-4e1e-49bd-974d-c33f4b115be8","dc_title":"Bijlage 1a: Lijst van gevallen van buitenplanse omgevingsplanactiviteiten","dc_type":"bijlage","foi_fairiscoreVersions":{"v1":1,"v2":1},"foi_fileName":"Z%2F23%2F185328%20-%20350493.pdf","foi_nrPages":4},{"dc_format":"application/pdf","dc_identifier":"nl.gm1954.2c.2023.2836410-9.doc.6","dc_source":"https://api1.ibabs.eu/publicdownload.aspx?site=Beekdaelen&id=12bdfc32-c945-4633-9148-f5701739768c","dc_title":"Bijlage 1b: Standaard anterieure overeenkomst gemeente Beekdaelen","dc_type":"bijlage","foi_fairiscoreVersions":{"v1":1,"v2":1},"foi_fileName":"Z%2F23%2F185328%20-%20350493.pdf","foi_nrPages":18},{"dc_format":"application/pdf","dc_identifier":"nl.gm1954.2c.2023.2836410-9.doc.7","dc_source":"https://api1.ibabs.eu/publicdownload.aspx?site=Beekdaelen&id=8c78fea2-17c1-48a6-80cb-5eb7bd80f2b3","dc_title":"VERVALLEN Bijlage 1: Nota Grondbeleid gemeente Beekdaelen 2024-2028 VERVALLEN","dc_type":"bijlage","foi_fairiscoreVersions":{"v1":2,"v2":1},"foi_fileName":"Z%2F23%2F185328%20-%20350589.pdf","foi_nrPages":67}],"foi_nrDocuments":8,"foi_nrPagesInDossier":165,"foi_publishedDate":"2023-12-19","foi_retrievedDate":"2026-03-02"},{"dc_creator":"HandelingScraper_v1","dc_date_year":2024,"dc_description":"Vergadering van de Gemeente Beekdaelen op 2024-01-24. Onderdeel: Algemeen.","dc_identifier":"nl.gm1954.2c.2024.2836457-1","dc_publisher":"gm1954","dc_source":"https://beekdaelen.bestuurlijkeinformatie.nl/Agenda/Index/027eeb4b-a68d-4a72-bc40-e51ba6a12a37","dc_title":"Raadscommissie Bestuur en Middelen 2024-01-24 - Algemeen","dc_type":"2c","dc_type_description":"Vergaderstuk decentrale overheid","foi_fairiscoreVersions":{"v1":1,"v2":1},"foi_files":[{"dc_format":"application/pdf","dc_identifier":"nl.gm1954.2c.2024.2836457-1.doc.5","dc_source":"https://api1.ibabs.eu/publicdownload.aspx?site=Beekdaelen&id=a1fc78e2-b34e-4004-99e4-8868f587a080","dc_title":"Technische vragen BL cie B&M 24012024","dc_type":"bijlage","foi_fairiscoreVersions":{"v1":1,"v2":1},"foi_fileName":"Technische%20vragen%20BL%20cie%20B%26M%2024012024.pdf","foi_nrPages":1},{"dc_format":"application/pdf","dc_identifier":"nl.gm1954.2c.2024.2836457-1.doc.1","dc_source":"https://api1.ibabs.eu/publicdownload.aspx?site=Beekdaelen&id=75ed74b7-be50-4a03-a4a5-20e7d4b999fd","dc_title":"Technische vragen CDA cie B&M 24012024","dc_type":"bijlage","foi_fairiscoreVersions":{"v1":1,"v2":1},"foi_fileName":"Technische%20vragen%20CDA%20cie%20B%26M%2024012024.pdf","foi_nrPages":1},{"dc_format":"application/pdf","dc_identifier":"nl.gm1954.2c.2024.2836457-1.doc.6","dc_source":"https://api1.ibabs.eu/publicdownload.aspx?site=Beekdaelen&id=32e3b817-5888-4552-8fd8-0f6ef5e37e8d","dc_title":"Technische vragen GL cie B&M 24012024","dc_type":"bijlage","foi_fairiscoreVersions":{"v1":1,"v2":1},"foi_fileName":"Technische%20vragen%20GL%20cie%20B%26M%2024012024.pdf","foi_nrPages":1},{"dc_format":"application/pdf","dc_identifier":"nl.gm1954.2c.2024.2836457-1.doc.4","dc_source":"https://api1.ibabs.eu/publicdownload.aspx?site=Beekdaelen&id=79a20a37-4c5f-41f0-b200-f8d7fc38c203","dc_title":"Technische vragen Koll\u00e9e Rijkx cie B&M 24012024","dc_type":"bijlage","foi_fairiscoreVersions":{"v1":1,"v2":1},"foi_fileName":"Technische%20vragen%20Koll%C3%A9e%20Rijkx%20cie%20B%26M%2024012024.pdf","foi_nrPages":1},{"dc_format":"application/pdf","dc_identifier":"nl.gm1954.2c.2024.2836457-1.doc.2","dc_source":"https://api1.ibabs.eu/publicdownload.aspx?site=Beekdaelen&id=84a0bbe3-8055-4829-ae52-b77722a9ed39","dc_title":"Technische vragen VG cie B&M 24012024","dc_type":"bijlage","foi_fairiscoreVersions":{"v1":1,"v2":1},"foi_fileName":"Technische%20vragen%20VG%20cie%20B%26M%2024012024.pdf","foi_nrPages":1},{"dc_format":"application/pdf","dc_identifier":"nl.gm1954.2c.2024.2836457-1.doc.3","dc_source":"https://api1.ibabs.eu/publicdownload.aspx?site=Beekdaelen&id=a4e26d92-87df-4c3d-82ac-0e749e4f1fdc","dc_title":"Technische vragen VVD cie B&M 24012024","dc_type":"bijlage","foi_fairiscoreVersions":{"v1":1,"v2":1},"foi_fileName":"Technische%20vragen%20VVD%20cie%20B%26M%2024012024.pdf","foi_nrPages":1}],"foi_nrDocuments":6,"foi_nrPagesInDossier":6,"foi_publishedDate":"2024-01-24","foi_retrievedDate":"2025-11-29"},{"dc_creator":"HandelingScraper_v1","dc_date_year":2024,"dc_description":"Vergadering van de Gemeente Beekdaelen op 2024-01-24. Onderdeel: Rondvraag Bestuur en Middelen.","dc_identifier":"nl.gm1954.2c.2024.2836457-10","dc_publisher":"gm1954","dc_source":"https://beekdaelen.bestuurlijkeinformatie.nl/Agenda/Index/027eeb4b-a68d-4a72-bc40-e51ba6a12a37","dc_title":"Raadscommissie Bestuur en Middelen 2024-01-24 - Rondvraag Bestuur en Middelen","dc_type":"2c","dc_type_description":"Vergaderstuk decentrale overheid","foi_fairiscoreVersions":{"v1":null,"v2":null},"foi_files":[{"dc_format":"application/octet-stream","dc_identifier":"nl.gm1954.2c.2024.2836457-10.doc.1","dc_source":"https://api1.ibabs.eu/publicdownload.aspx?site=Beekdaelen&id=d4b0bdef-8869-4a10-bf3e-4b7a2762c3d4","dc_title":"C rondvraag","dc_type":"bijlage","foi_fileName":"C%20rondvraag.mp3","foi_nrPages":1}],"foi_nrDocuments":1,"foi_nrPagesInDossier":1,"foi_publishedDate":"2024-01-24","foi_retrievedDate":"2025-12-07"},{"dc_creator":"HandelingScraper_v1","dc_date_year":2024,"dc_description":"Vergadering van de Gemeente Beekdaelen op 2024-01-24. Onderdeel: Sluiting.","dc_identifier":"nl.gm1954.2c.2024.2836457-11","dc_publisher":"gm1954","dc_source":"https://beekdaelen.bestuurlijkeinformatie.nl/Agenda/Index/027eeb4b-a68d-4a72-bc40-e51ba6a12a37","dc_title":"Raadscommissie Bestuur en Middelen 2024-01-24 - Sluiting","dc_type":"2c","dc_type_description":"Vergaderstuk decentrale overheid","foi_fairiscoreVersions":{"v1":null,"v2":null},"foi_files":[{"dc_format":"application/octet-stream","dc_identifier":"nl.gm1954.2c.2024.2836457-11.doc.1","dc_source":"https://api1.ibabs.eu/publicdownload.aspx?site=Beekdaelen&id=93e78861-1ad8-406e-bfc8-d660019d4699","dc_title":"Sluiting","dc_type":"bijlage","foi_fileName":"Sluiting.mp3"}],"foi_nrDocuments":1,"foi_nrPagesInDossier":0,"foi_publishedDate":"2024-01-24","foi_retrievedDate":"2026-01-22"},{"dc_creator":"HandelingScraper_v1","dc_date_year":2024,"dc_description":"Vergadering van de Gemeente Beekdaelen op 2024-01-24. Onderdeel: Opening, mededelingen voorzitter en vaststellen agenda.","dc_identifier":"nl.gm1954.2c.2024.2836457-2","dc_publisher":"gm1954","dc_source":"https://beekdaelen.bestuurlijkeinformatie.nl/Agenda/Index/027eeb4b-a68d-4a72-bc40-e51ba6a12a37","dc_title":"Raadscommissie Bestuur en Middelen 2024-01-24 - Opening, mededelingen voorzitter en vaststellen agenda","dc_type":"2c","dc_type_description":"Vergaderstuk decentrale overheid","foi_fairiscoreVersions":{"v1":2,"v2":1},"foi_files":[{"dc_format":"application/octet-stream","dc_identifier":"nl.gm1954.2c.2024.2836457-2.doc.2","dc_source":"https://api1.ibabs.eu/publicdownload.aspx?site=Beekdaelen&id=fb9952f6-3e44-4b10-a865-6690f922fbc2","dc_title":"A1 tm A3 en B1 eerste termijn","dc_type":"bijlage","foi_fileName":"A1%20tm%20A3%20en%20B1%20eerste%20termijn.mp3","foi_nrPages":1},{"dc_format":"application/pdf","dc_identifier":"nl.gm1954.2c.2024.2836457-2.doc.1","dc_source":"https://api1.ibabs.eu/publicdownload.aspx?site=Beekdaelen&id=da78dcf9-5196-4831-a344-be8ccfd60fdb","dc_title":"Uitnodiging en voorlopige agenda raadscie. Bestuur  Middelen 24012024","dc_type":"bijlage","foi_fairiscoreVersions":{"v1":2,"v2":1},"foi_fileName":"Uitnodiging%20en%20voorlopige%20agenda%20raadscie.pdf","foi_nrPages":2}],"foi_nrDocuments":2,"foi_nrPagesInDossier":3,"foi_publishedDate":"2024-01-24","foi_retrievedDate":"2025-11-29"},{"dc_creator":"HandelingScraper_v1","dc_date_year":2024,"dc_description":"Vergadering van de Gemeente Beekdaelen op 2024-01-24. Onderdeel: Vaststellen actiepuntenlijst van de raadscommissie Bestuur en Middelen d.d. 06.12.2023 en 13.12.2023.","dc_identifier":"nl.gm1954.2c.2024.2836457-3","dc_publisher":"gm1954","dc_source":"https://beekdaelen.bestuurlijkeinformatie.nl/Agenda/Index/027eeb4b-a68d-4a72-bc40-e51ba6a12a37","dc_title":"Raadscommissie Bestuur en Middelen 2024-01-24 - Vaststellen actiepuntenlijst van de raadscommissie Bestuur en Middelen d.d. 06.12.2023 en 13.12.2023","dc_type":"2c","dc_type_description":"Vergaderstuk decentrale overheid","foi_fairiscoreVersions":{"v1":1,"v2":1},"foi_files":[{"dc_format":"application/octet-stream","dc_identifier":"nl.gm1954.2c.2024.2836457-3.doc.3","dc_source":"https://api1.ibabs.eu/publicdownload.aspx?site=Beekdaelen&id=2b704514-9a2a-4fbd-9c82-a92f75f8eab1","dc_title":"A1 tm A3 en B1 eerste termijn","dc_type":"bijlage","foi_fileName":"A1%20tm%20A3%20en%20B1%20eerste%20termijn.mp3","foi_nrPages":1},{"dc_format":"application/pdf","dc_identifier":"nl.gm1954.2c.2024.2836457-3.doc.1","dc_source":"https://api1.ibabs.eu/publicdownload.aspx?site=Beekdaelen&id=8834388c-8b56-4a5e-a332-d6ece2e1bafa","dc_title":"Actiepuntenlijst 06.12.2023","dc_type":"bijlage","foi_fairiscoreVersions":{"v1":1,"v2":1},"foi_fileName":"Actiepuntenlijst%2006122023.pdf","foi_nrPages":5},{"dc_format":"application/pdf","dc_identifier":"nl.gm1954.2c.2024.2836457-3.doc.2","dc_source":"https://api1.ibabs.eu/publicdownload.aspx?site=Beekdaelen&id=709078d0-dd2e-468c-923f-cd9cc256e927","dc_title":"Actiepuntenlijst 13.12.2023","dc_type":"bijlage","foi_fairiscoreVersions":{"v1":1,"v2":1},"foi_fileName":"Actiepuntenlijst%2013.12.pdf","foi_nrPages":4}],"foi_nrDocuments":3,"foi_nrPagesInDossier":10,"foi_publishedDate":"2024-01-24","foi_retrievedDate":"2025-11-29"},{"dc_creator":"HandelingScraper_v1","dc_date_year":2024,"dc_description":"Vergadering van de Gemeente Beekdaelen op 2024-01-24. Onderdeel: Raadsvoorstel inzake: \"nota reserves en voorzieningen Beekdaelen 2024\".","dc_identifier":"nl.gm1954.2c.2024.2836457-4","dc_publisher":"gm1954","dc_source":"https://beekdaelen.bestuurlijkeinformatie.nl/Agenda/Index/027eeb4b-a68d-4a72-bc40-e51ba6a12a37","dc_title":"Raadscommissie Bestuur en Middelen 2024-01-24 - Raadsvoorstel inzake: \"nota reserves en voorzieningen Beekdaelen 2024\"","dc_type":"2c","dc_type_description":"Vergaderstuk decentrale overheid","foi_fairiscoreVersions":{"v1":2,"v2":2},"foi_files":[{"dc_format":"application/octet-stream","dc_identifier":"nl.gm1954.2c.2024.2836457-4.doc.9","dc_source":"https://api1.ibabs.eu/publicdownload.aspx?site=Beekdaelen&id=c74758e6-0b64-45e3-8389-75acb969cd30","dc_title":"A1 tm A3 en B1 eerste termijn","dc_type":"bijlage","foi_fileName":"A1%20tm%20A3%20en%20B1%20eerste%20termijn.mp3","foi_nrPages":1},{"dc_format":"application/octet-stream","dc_identifier":"nl.gm1954.2c.2024.2836457-4.doc.11","dc_source":"https://api1.ibabs.eu/publicdownload.aspx?site=Beekdaelen&id=6b5254c8-828c-49e3-9a14-b3ef10ae5686","dc_title":"B1 2e termijn","dc_type":"bijlage","foi_fileName":"B1%202e%20termijn.mp3","foi_nrPages":1},{"dc_format":"application/octet-stream","dc_identifier":"nl.gm1954.2c.2024.2836457-4.doc.13","dc_source":"https://api1.ibabs.eu/publicdownload.aspx?site=Beekdaelen&id=225f66b3-47e2-49bb-b5b1-f728edcbdc8e","dc_title":"B1 advies commissie","dc_type":"bijlage","foi_fileName":"B1%20advies%20commissie.mp3","foi_nrPages":1},{"dc_format":"application/octet-stream","dc_identifier":"nl.gm1954.2c.2024.2836457-4.doc.10","dc_source":"https://api1.ibabs.eu/publicdownload.aspx?site=Beekdaelen&id=451fdad6-b8a9-447a-8fb4-db3b255d9be1","dc_title":"B1 antwoord 1e termijn","dc_type":"bijlage","foi_fileName":"B1%20antwoord%201e%20termijn.mp3","foi_nrPages":1},{"dc_format":"application/octet-stream","dc_identifier":"nl.gm1954.2c.2024.2836457-4.doc.12","dc_source":"https://api1.ibabs.eu/publicdownload.aspx?site=Beekdaelen&id=558743af-d268-49c0-846b-28cf88c25fa4","dc_title":"B1 antwoord 2e termijn","dc_type":"bijlage","foi_fileName":"B1%20antwoord%202e%20termijn.mp3","foi_nrPages":1},{"dc_format":"application/pdf","dc_identifier":"nl.gm1954.2c.2024.2836457-4.doc.6","dc_source":"https://api1.ibabs.eu/publicdownload.aspx?site=Beekdaelen&id=da8ecc71-137f-458d-b9b5-db03e7c02f26","dc_title":"MvA technische vragen Koll\u00e9e-Rijkx B1","dc_type":"bijlage","foi_fairiscoreVersions":{"v1":1,"v2":1},"foi_fileName":"MvA%20technische%20vragen%20Koll%C3%A9e-Rijkx%20B1.pdf","foi_nrPages":1},{"dc_format":"application/pdf","dc_identifier":"nl.gm1954.2c.2024.2836457-4.doc.7","dc_source":"https://api1.ibabs.eu/publicdownload.aspx?site=Beekdaelen&id=d18ab5c7-9937-4a6b-9ca0-6b6abf247424","dc_title":"MvA technische vragen Koll\u00e9e-Rijkx B1 Bijlage","dc_type":"bijlage","foi_fairiscoreVersions":{"v1":1,"v2":1},"foi_fileName":"MvA%20technische%20vragen%20Koll%C3%A9e-Rijkx%20B1%20Bijlage.pdf","foi_nrPages":2},{"dc_format":"application/pdf","dc_identifier":"nl.gm1954.2c.2024.2836457-4.doc.8","dc_source":"https://api1.ibabs.eu/publicdownload.aspx?site=Beekdaelen&id=e6ddda08-e5fe-44e4-999b-b4b7ea6faefb","dc_title":"MvA technische vragen VG B1","dc_type":"bijlage","foi_fairiscoreVersions":{"v1":1,"v2":1},"foi_fileName":"MvA%20technische%20vragen%20VG%20B1.pdf","foi_nrPages":3},{"dc_format":"application/pdf","dc_identifier":"nl.gm1954.2c.2024.2836457-4.doc.2","dc_source":"https://api1.ibabs.eu/publicdownload.aspx?site=Beekdaelen&id=3abf40b9-4806-4479-9c49-dfc3719edac6","dc_title":"Bijlage 1: Nota reserves en voorzieningen 2024","dc_type":"bijlage","foi_fairiscoreVersions":{"v1":2,"v2":2},"foi_fileName":"Z%2F23%2F197017%20-%20350417%20-%20nota%20reserves%20en%20voorzieningen%202024.pdf","foi_nrPages":38},{"dc_format":"application/pdf","dc_identifier":"nl.gm1954.2c.2024.2836457-4.doc.1","dc_source":"https://api1.ibabs.eu/publicdownload.aspx?site=Beekdaelen&id=773afeda-5da2-4ee8-be5b-70e651c2fd9d","dc_title":"Raadsvoorstel \"nota reserves en voorzieningen\"","dc_type":"bijlage","foi_fairiscoreVersions":{"v1":1,"v2":1},"foi_fileName":"Z%2F23%2F197017%20-%20351204%20-%20raadsvoorstel%20nota%20reserves%20en%20voorzieningen.pdf","foi_nrPages":2},{"dc_format":"application/pdf","dc_identifier":"nl.gm1954.2c.2024.2836457-4.doc.5","dc_source":"https://api1.ibabs.eu/publicdownload.aspx?site=Beekdaelen&id=12e362e8-57a9-4c4e-b5ff-dfb4a54b99f7","dc_title":"Bijlage 2: Raadsbesluit nota reserves en voorzieningen 2024","dc_type":"bijlage","foi_fairiscoreVersions":{"v1":1,"v2":1},"foi_fileName":"Z%2F23%2F197017%20-%20351206%20-%20raadsbesluit%20nota%20reserves%20en%20voorzieningen%202024.pdf","foi_nrPages":2},{"dc_format":"application/pdf","dc_identifier":"nl.gm1954.2c.2024.2836457-4.doc.4","dc_source":"https://api1.ibabs.eu/publicdownload.aspx?site=Beekdaelen&id=d7abc47c-619c-4bdb-b8b0-ca7ef34dc9d7","dc_title":"Bijlage 1.2: Notitie incidenteel - structureel BOFv 21 november 2023","dc_type":"bijlage","foi_fairiscoreVersions":{"v1":1,"v2":1},"foi_fileName":"Z%2F23%2F197017%20-%20352814%20-%20notitie%20incidenteel%20-%20structureel%20BOFv%2021%20november%202023.pdf","foi_nrPages":3},{"dc_format":"application/pdf","dc_identifier":"nl.gm1954.2c.2024.2836457-4.doc.3","dc_source":"https://api1.ibabs.eu/publicdownload.aspx?site=Beekdaelen&id=f84eb65f-30fc-42de-b671-5f250ca23ba8","dc_title":"Bijlage 1.1: Totaaloverzicht reserves en voorzieningen","dc_type":"bijlage","foi_fairiscoreVersions":{"v1":1,"v2":1},"foi_fileName":"Z%2F23%2F197017%20-%20352904%20-%20bijlage%201.pdf","foi_nrPages":4}],"foi_nrDocuments":13,"foi_nrPagesInDossier":60,"foi_publishedDate":"2024-01-24","foi_retrievedDate":"2025-11-29"},{"dc_creator":"HandelingScraper_v1","dc_date_year":2024,"dc_description":"Vergadering van de Gemeente Beekdaelen op 2024-01-24. Onderdeel: Raadsvoorstel inzake: \"aanwijzing functionaris gegevensbescherming\".","dc_identifier":"nl.gm1954.2c.2024.2836457-5","dc_publisher":"gm1954","dc_source":"https://beekdaelen.bestuurlijkeinformatie.nl/Agenda/Index/027eeb4b-a68d-4a72-bc40-e51ba6a12a37","dc_title":"Raadscommissie Bestuur en Middelen 2024-01-24 - Raadsvoorstel inzake: \"aanwijzing functionaris gegevensbescherming\"","dc_type":"2c","dc_type_description":"Vergaderstuk decentrale overheid","foi_fairiscoreVersions":{"v1":1,"v2":1},"foi_files":[{"dc_format":"application/octet-stream","dc_identifier":"nl.gm1954.2c.2024.2836457-5.doc.3","dc_source":"https://api1.ibabs.eu/publicdownload.aspx?site=Beekdaelen&id=d7416374-63d4-4988-8116-66f4e232804d","dc_title":"B2 totaal (geen vragen)","dc_type":"bijlage","foi_fileName":"B2%20totaal%20%28geen%20vragen%29.mp3","foi_nrPages":1},{"dc_format":"application/pdf","dc_identifier":"nl.gm1954.2c.2024.2836457-5.doc.2","dc_source":"https://api1.ibabs.eu/publicdownload.aspx?site=Beekdaelen&id=2d7a6010-fa3f-4162-af59-0db7de3f4e63","dc_title":"Raadsbesluit inzake aanwijzing functionaris gegevensbescherming - vastgesteld 06-02-2024","dc_type":"bijlage","foi_fairiscoreVersions":{"v1":1,"v2":1},"foi_fileName":"raadsbesluit%20aanwijzing%20FG.pdf","foi_nrPages":1},{"dc_format":"application/pdf","dc_identifier":"nl.gm1954.2c.2024.2836457-5.doc.1","dc_source":"https://api1.ibabs.eu/publicdownload.aspx?site=Beekdaelen&id=2a446b3a-f045-4c10-b8e1-88a05a028fcb","dc_title":"Raadsvoorstel inzake aanwijzing functionaris gegevensbescherming","dc_type":"bijlage","foi_fairiscoreVersions":{"v1":1,"v2":1},"foi_fileName":"raadsvoorstel%20aanwijzing%20FG.pdf","foi_nrPages":2}],"foi_nrDocuments":3,"foi_nrPagesInDossier":4,"foi_publishedDate":"2024-01-24","foi_retrievedDate":"2025-11-29"},{"dc_creator":"HandelingScraper_v1","dc_date_year":2024,"dc_description":"Vergadering van de Gemeente Beekdaelen op 2024-01-24. Onderdeel: Raadsvoorstel inzake: \"wijziging Algemene plaatselijke verordening Beekdaelen 2021\".","dc_identifier":"nl.gm1954.2c.2024.2836457-6","dc_publisher":"gm1954","dc_source":"https://beekdaelen.bestuurlijkeinformatie.nl/Agenda/Index/027eeb4b-a68d-4a72-bc40-e51ba6a12a37","dc_title":"Raadscommissie Bestuur en Middelen 2024-01-24 - Raadsvoorstel inzake: \"wijziging Algemene plaatselijke verordening Beekdaelen 2021\"","dc_type":"2c","dc_type_description":"Vergaderstuk decentrale overheid","foi_fairiscoreVersions":{"v1":2,"v2":1},"foi_files":[{"dc_format":"application/octet-stream","dc_identifier":"nl.gm1954.2c.2024.2836457-6.doc.12","dc_source":"https://api1.ibabs.eu/publicdownload.aspx?site=Beekdaelen&id=ac3621e7-d90a-48ce-84a7-ae2e4da3fab4","dc_title":"B3 1e termijn","dc_type":"bijlage","foi_fileName":"B3%201e%20termijn.mp3"},{"dc_format":"application/octet-stream","dc_identifier":"nl.gm1954.2c.2024.2836457-6.doc.14","dc_source":"https://api1.ibabs.eu/publicdownload.aspx?site=Beekdaelen&id=24722db4-e92c-4be2-86e0-86d2c6975f10","dc_title":"B3 2e termijn","dc_type":"bijlage","foi_fileName":"B3%202e%20termijn.mp3"},{"dc_format":"application/octet-stream","dc_identifier":"nl.gm1954.2c.2024.2836457-6.doc.17","dc_source":"https://api1.ibabs.eu/publicdownload.aspx?site=Beekdaelen&id=064b5b88-801b-4f9e-8a9f-2b3a1f14c998","dc_title":"B3 advies commissie","dc_type":"bijlage","foi_fileName":"B3%20advies%20commissie.mp3"},{"dc_format":"application/octet-stream","dc_identifier":"nl.gm1954.2c.2024.2836457-6.doc.13","dc_source":"https://api1.ibabs.eu/publicdownload.aspx?site=Beekdaelen&id=a96a8c2b-6403-414c-8cd5-60ce0bcd7076","dc_title":"B3 antwoord 1e termijn","dc_type":"bijlage","foi_fileName":"B3%20antwoord%201e%20termijn.mp3"},{"dc_format":"application/octet-stream","dc_identifier":"nl.gm1954.2c.2024.2836457-6.doc.15","dc_source":"https://api1.ibabs.eu/publicdownload.aspx?site=Beekdaelen&id=00687389-492a-4bb5-955c-36cd8e6365f1","dc_title":"B3 antwoord 2e termijn I","dc_type":"bijlage","foi_fileName":"B3%20antwoord%202e%20termijn%20I.mp3"},{"dc_format":"application/octet-stream","dc_identifier":"nl.gm1954.2c.2024.2836457-6.doc.16","dc_source":"https://api1.ibabs.eu/publicdownload.aspx?site=Beekdaelen&id=ba01e3b6-cf4b-41f1-afc2-b4d10c138e33","dc_title":"B3 antwoord 2e termijn II","dc_type":"bijlage","foi_fileName":"B3%20antwoord%202e%20termijn%20II.mp3"},{"dc_format":"application/pdf","dc_identifier":"nl.gm1954.2c.2024.2836457-6.doc.5","dc_source":"https://api1.ibabs.eu/publicdownload.aspx?site=Beekdaelen&id=58cf5799-0b4c-48b3-8d85-376fd3cc9d74","dc_title":"Bijlage: Ledenbrief 21/054 VNG 1 juli 2021","dc_type":"bijlage","foi_fairiscoreVersions":{"v1":2,"v2":1},"foi_fileName":"Email.pdf","foi_nrPages":2},{"dc_format":"application/pdf","dc_identifier":"nl.gm1954.2c.2024.2836457-6.doc.6","dc_source":"https://api1.ibabs.eu/publicdownload.aspx?site=Beekdaelen&id=a7514a33-4e47-4f44-a795-ea36a8aa0e86","dc_title":"Bijlage: Ledenbrief 23/041 VNG 7 november 2023","dc_type":"bijlage","foi_fairiscoreVersions":{"v1":1,"v2":1},"foi_fileName":"email.pdf","foi_nrPages":1},{"dc_format":"application/pdf","dc_identifier":"nl.gm1954.2c.2024.2836457-6.doc.7","dc_source":"https://api1.ibabs.eu/publicdownload.aspx?site=Beekdaelen&id=8335c91c-719d-43d8-ae04-bb02fc803fdd","dc_title":"MvA technische vragen BL B3","dc_type":"bijlage","foi_fairiscoreVersions":{"v1":1,"v2":1},"foi_fileName":"MvA%20technische%20vragen%20BL%20B3.pdf","foi_nrPages":1},{"dc_format":"application/pdf","dc_identifier":"nl.gm1954.2c.2024.2836457-6.doc.8","dc_source":"https://api1.ibabs.eu/publicdownload.aspx?site=Beekdaelen&id=94c4b503-f3ca-4538-b2c8-68ed3b61fc27","dc_title":"MvA technische vragen CDA B3","dc_type":"bijlage","foi_fairiscoreVersions":{"v1":1,"v2":1},"foi_fileName":"MvA%20technische%20vragen%20CDA%20B3.pdf","foi_nrPages":1},{"dc_format":"application/pdf","dc_identifier":"nl.gm1954.2c.2024.2836457-6.doc.9","dc_source":"https://api1.ibabs.eu/publicdownload.aspx?site=Beekdaelen&id=6ec2f19a-8ae3-4dc9-94ca-a3518ba2f4d3","dc_title":"MvA technische vragen GL B3","dc_type":"bijlage","foi_fairiscoreVersions":{"v1":1,"v2":1},"foi_fileName":"MvA%20technische%20vragen%20GL%20B3.pdf","foi_nrPages":1},{"dc_format":"application/pdf","dc_identifier":"nl.gm1954.2c.2024.2836457-6.doc.10","dc_source":"https://api1.ibabs.eu/publicdownload.aspx?site=Beekdaelen&id=09015f52-769e-4b32-bd7d-f1d8b2cea283","dc_title":"MvA technische vragen Koll\u00e9e Rijkx B3","dc_type":"bijlage","foi_fairiscoreVersions":{"v1":1,"v2":1},"foi_fileName":"MvA%20technische%20vragen%20Koll%C3%A9e%20Rijkx%20B3.pdf","foi_nrPages":1},{"dc_format":"application/pdf","dc_identifier":"nl.gm1954.2c.2024.2836457-6.doc.11","dc_source":"https://api1.ibabs.eu/publicdownload.aspx?site=Beekdaelen&id=5fb9add4-f845-4c79-a2e2-3fc7ce193d1f","dc_title":"MvA technische vragen VVD B3","dc_type":"bijlage","foi_fairiscoreVersions":{"v1":1,"v2":1},"foi_fileName":"MvA%20technische%20vragen%20VVD%20B3.pdf","foi_nrPages":3},{"dc_format":"application/pdf","dc_identifier":"nl.gm1954.2c.2024.2836457-6.doc.3","dc_source":"https://api1.ibabs.eu/publicdownload.aspx?site=Beekdaelen&id=d9c18061-0ddb-4cc1-860d-4abd615e3a2d","dc_title":"Bijlage 2: Overzicht inhoudelijke wijzigingen","dc_type":"bijlage","foi_fairiscoreVersions":{"v1":1,"v2":1},"foi_fileName":"Z%2F22%2F183493%20-%20341000%20-%20Overzicht%20inhoudelijke%20wijzigingen.pdf","foi_nrPages":5},{"dc_format":"application/pdf","dc_identifier":"nl.gm1954.2c.2024.2836457-6.doc.1","dc_source":"https://api1.ibabs.eu/publicdownload.aspx?site=Beekdaelen&id=5cb331ce-d48b-427f-a45e-d7c9dfda3358","dc_title":"Raadsvoorstel wijziging Algemene plaatselijke verordening Beekdaelen 2021","dc_type":"bijlage","foi_fairiscoreVersions":{"v1":1,"v2":1},"foi_fileName":"Z%2F22%2F183493%20-%20341003%20-%20Raadsvoorstel%20wijziging%20Algemene%20plaatselijke%20verordening%20Beekdaelen%202021.pdf","foi_nrPages":2},{"dc_format":"application/pdf","dc_identifier":"nl.gm1954.2c.2024.2836457-6.doc.2","dc_source":"https://api1.ibabs.eu/publicdownload.aspx?site=Beekdaelen&id=0a6743ad-dc4c-4dae-a62b-5ecb3401640b","dc_title":"Raadsbesluit inzake vaststellen gewijzigde Algemene plaatselijke verordening Beekdaelen 2021 VERVALLEN","dc_type":"bijlage","foi_fairiscoreVersions":{"v1":1,"v2":1},"foi_fileName":"Z%2F22%2F183493%20-%20341004%20-%20Raadsbesluit%20inzake%20vaststellen%20gewijzigde%20Algemene%20plaatselijke%20verordening%20Beekdaelen%202021.pdf","foi_nrPages":1},{"dc_format":"application/pdf","dc_identifier":"nl.gm1954.2c.2024.2836457-6.doc.4","dc_source":"https://api1.ibabs.eu/publicdownload.aspx?site=Beekdaelen&id=d1169ce9-c8c3-4447-841c-3165559761ab","dc_title":"Bijlage 3: Concept gewijzigde Algemene plaatselijke verordening Beekdaelen 2021","dc_type":"bijlage","foi_fairiscoreVersions":{"v1":1,"v2":1},"foi_fileName":"Z%2F22%2F183493%20-%20341005%20-%20Concept%20gewijzigde%20Algemene%20plaatselijke%20verordening%20Beekdaelen%202021.pdf","foi_nrPages":38}],"foi_nrDocuments":17,"foi_nrPagesInDossier":56,"foi_publishedDate":"2024-01-24","foi_retrievedDate":"2025-11-29"},{"dc_creator":"HandelingScraper_v1","dc_date_year":2024,"dc_description":"Vergadering van de Gemeente Beekdaelen op 2024-01-24. Onderdeel: Raadsvoorstel inzake: \u201cverordening Rekenkamer Limburg Centraal\u201d.","dc_identifier":"nl.gm1954.2c.2024.2836457-7","dc_publisher":"gm1954","dc_source":"https://beekdaelen.bestuurlijkeinformatie.nl/Agenda/Index/027eeb4b-a68d-4a72-bc40-e51ba6a12a37","dc_title":"Raadscommissie Bestuur en Middelen 2024-01-24 - Raadsvoorstel inzake: \u201cverordening Rekenkamer Limburg Centraal\u201d","dc_type":"2c","dc_type_description":"Vergaderstuk decentrale overheid","foi_fairiscoreVersions":{"v1":1,"v2":1},"foi_files":[{"dc_format":"application/octet-stream","dc_identifier":"nl.gm1954.2c.2024.2836457-7.doc.6","dc_source":"https://api1.ibabs.eu/publicdownload.aspx?site=Beekdaelen&id=a4d8102a-fc74-4cf7-ab1d-0d8e666d5f42","dc_title":"B4 1e termijn","dc_type":"bijlage","foi_fileName":"B4%201e%20termijn.mp3","foi_nrPages":1},{"dc_format":"application/octet-stream","dc_identifier":"nl.gm1954.2c.2024.2836457-7.doc.8","dc_source":"https://api1.ibabs.eu/publicdownload.aspx?site=Beekdaelen&id=ad248061-5a70-4fd5-91a5-03ab1a2fd89e","dc_title":"B4 2e termijn","dc_type":"bijlage","foi_fileName":"B4%202e%20termijn.mp3","foi_nrPages":1},{"dc_format":"application/octet-stream","dc_identifier":"nl.gm1954.2c.2024.2836457-7.doc.9","dc_source":"https://api1.ibabs.eu/publicdownload.aspx?site=Beekdaelen&id=0ca84b33-5ce7-48de-9dba-f4e34eb930f2","dc_title":"B4 advies commissie","dc_type":"bijlage","foi_fileName":"B4%20advies%20commissie.mp3","foi_nrPages":1},{"dc_format":"application/octet-stream","dc_identifier":"nl.gm1954.2c.2024.2836457-7.doc.7","dc_source":"https://api1.ibabs.eu/publicdownload.aspx?site=Beekdaelen&id=6f15163c-2d9e-47e9-9d43-aeabfcf6583a","dc_title":"B4 antwoord 1e termijn","dc_type":"bijlage","foi_fileName":"B4%20antwoord%201e%20termijn.mp3","foi_nrPages":1},{"dc_format":"application/pdf","dc_identifier":"nl.gm1954.2c.2024.2836457-7.doc.5","dc_source":"https://api1.ibabs.eu/publicdownload.aspx?site=Beekdaelen&id=e4d7dc0c-8750-47dc-8edd-c13d02782ecb","dc_title":"MvA technische vragen VG inzake rekenkamer","dc_type":"bijlage","foi_fairiscoreVersions":{"v1":1,"v2":1},"foi_fileName":"MvA%20technische%20vragen%20VG%20inzake%20rekenkamer.pdf","foi_nrPages":1},{"dc_format":"application/pdf","dc_identifier":"nl.gm1954.2c.2024.2836457-7.doc.2","dc_source":"https://api1.ibabs.eu/publicdownload.aspx?site=Beekdaelen&id=3db39a95-b37f-463a-a77f-0117860f9100","dc_title":"Raadsbesluit inzake verordening rekenkamer Limburg Centraal","dc_type":"bijlage","foi_fairiscoreVersions":{"v1":1,"v2":1},"foi_fileName":"Raadsbesluit%20inzake%20verordening%20rekenkamer%20Limburg%20Centraal.pdf","foi_nrPages":1},{"dc_format":"application/pdf","dc_identifier":"nl.gm1954.2c.2024.2836457-7.doc.1","dc_source":"https://api1.ibabs.eu/publicdownload.aspx?site=Beekdaelen&id=57051e32-1a38-49b3-ba17-2d6298def1a5","dc_title":"Raadsvoorstel \"verordening rekenkamer Limburg Centraal\"","dc_type":"bijlage","foi_fairiscoreVersions":{"v1":1,"v2":1},"foi_fileName":"Raadsvoorstel%20inzake%20verordening%20rekenkamer%20Limburg%20Centraal.pdf","foi_nrPages":3},{"dc_format":"application/pdf","dc_identifier":"nl.gm1954.2c.2024.2836457-7.doc.4","dc_source":"https://api1.ibabs.eu/publicdownload.aspx?site=Beekdaelen&id=287bdbd8-ab23-4ae7-86c9-5757860cbc84","dc_title":"Bijlage 2: Samenwerkingsovereenkomst Rekenkamer","dc_type":"bijlage","foi_fairiscoreVersions":{"v1":1,"v2":1},"foi_fileName":"Samenwerkingsovereenkomst%20Rekenkamer.pdf","foi_nrPages":3},{"dc_format":"application/pdf","dc_identifier":"nl.gm1954.2c.2024.2836457-7.doc.3","dc_source":"https://api1.ibabs.eu/publicdownload.aspx?site=Beekdaelen&id=bbe85c26-18d0-4c98-a0a9-739ffd6266d1","dc_title":"Bijlage 1: Verordening Gezamenlijke Rekenkamer Limburg Centraal 2024","dc_type":"bijlage","foi_fairiscoreVersions":{"v1":1,"v2":1},"foi_fileName":"Verordening%20Gezamenlijke%20Rekenkamer%20Limburg%20Centraal%202024.pdf","foi_nrPages":4}],"foi_nrDocuments":9,"foi_nrPagesInDossier":16,"foi_publishedDate":"2024-01-24","foi_retrievedDate":"2025-11-29"},{"dc_creator":"HandelingScraper_v1","dc_date_year":2024,"dc_description":"Vergadering van de Gemeente Beekdaelen op 2024-01-24. Onderdeel: Raadsvoorstel inzake: \u201cvaststellen verordening op de Auditcommissie gemeente Beekdaelen 2024\u201d.","dc_identifier":"nl.gm1954.2c.2024.2836457-8","dc_publisher":"gm1954","dc_source":"https://beekdaelen.bestuurlijkeinformatie.nl/Agenda/Index/027eeb4b-a68d-4a72-bc40-e51ba6a12a37","dc_title":"Raadscommissie Bestuur en Middelen 2024-01-24 - Raadsvoorstel inzake: \u201cvaststellen verordening op de Auditcommissie gemeente Beekdaelen 2024\u201d","dc_type":"2c","dc_type_description":"Vergaderstuk decentrale overheid","foi_fairiscoreVersions":{"v1":1,"v2":1},"foi_files":[{"dc_format":"application/octet-stream","dc_identifier":"nl.gm1954.2c.2024.2836457-8.doc.6","dc_source":"https://api1.ibabs.eu/publicdownload.aspx?site=Beekdaelen&id=5c03ca8d-337c-43ea-be5c-b2c6b320c618","dc_title":"B5 totaal (geen vragen)","dc_type":"bijlage","foi_fileName":"B5%20totaal%20%28geen%20vragen%29.mp3","foi_nrPages":1},{"dc_format":"application/pdf","dc_identifier":"nl.gm1954.2c.2024.2836457-8.doc.5","dc_source":"https://api1.ibabs.eu/publicdownload.aspx?site=Beekdaelen&id=e8a57c2f-6d7f-422d-8f86-d28451b3f0bd","dc_title":"MvA technische vragen VG inzake auditcommissie","dc_type":"bijlage","foi_fairiscoreVersions":{"v1":1,"v2":1},"foi_fileName":"MvA%20technische%20vragen%20VG%20inzake%20auditcommissie.pdf","foi_nrPages":1},{"dc_format":"application/pdf","dc_identifier":"nl.gm1954.2c.2024.2836457-8.doc.2","dc_source":"https://api1.ibabs.eu/publicdownload.aspx?site=Beekdaelen&id=2d66b04e-a1f7-4d01-8ed4-03784a37afee","dc_title":"Raadsbesluit inzake verordening auditcommissie 2024","dc_type":"bijlage","foi_fairiscoreVersions":{"v1":1,"v2":1},"foi_fileName":"Raadsbesluit%20inzake%20verordening%20auditcommissie%202024.pdf","foi_nrPages":1},{"dc_format":"application/pdf","dc_identifier":"nl.gm1954.2c.2024.2836457-8.doc.1","dc_source":"https://api1.ibabs.eu/publicdownload.aspx?site=Beekdaelen&id=e09a4410-be49-4696-97ce-6868299cd20b","dc_title":"Raadsvoorstel \"verordening auditcommissie 2024\"","dc_type":"bijlage","foi_fairiscoreVersions":{"v1":1,"v2":1},"foi_fileName":"Raadsvoorstel%20inzake%20verordening%20auditcommissie%202024.pdf","foi_nrPages":2},{"dc_format":"application/pdf","dc_identifier":"nl.gm1954.2c.2024.2836457-8.doc.3","dc_source":"https://api1.ibabs.eu/publicdownload.aspx?site=Beekdaelen&id=1ffaeab5-9588-4f22-8378-f2b836725a0a","dc_title":"Bijlage 1: Verordening op de Auditcommissie gemeente Beekdaelen 2024","dc_type":"bijlage","foi_fairiscoreVersions":{"v1":1,"v2":1},"foi_fileName":"Verordening%20op%20de%20Auditcommissie%20gemeente%20Beekdaelen%202024.pdf","foi_nrPages":4},{"dc_format":"application/pdf","dc_identifier":"nl.gm1954.2c.2024.2836457-8.doc.4","dc_source":"https://api1.ibabs.eu/publicdownload.aspx?site=Beekdaelen&id=7751ed55-96ce-4a6f-95c3-0c8411d81b8f","dc_title":"Bijlage 2: Was - wordt tabel bij verordening auditcommssie 2024","dc_type":"bijlage","foi_fairiscoreVersions":{"v1":1,"v2":1},"foi_fileName":"Was%20-%20wordt%20tabel%20bij%20verordening%20auditcommssie%202024.pdf","foi_nrPages":3}],"foi_nrDocuments":6,"foi_nrPagesInDossier":12,"foi_publishedDate":"2024-01-24","foi_retrievedDate":"2025-11-29"},{"dc_creator":"HandelingScraper_v1","dc_date_year":2024,"dc_description":"Vergadering van de Gemeente Beekdaelen op 2024-01-24. Onderdeel: Raadsvoorstel inzake: \"Wijziging gemeenschappelijke regeling Stadsregio Parkstad Limburg\".","dc_identifier":"nl.gm1954.2c.2024.2836457-9","dc_publisher":"gm1954","dc_source":"https://beekdaelen.bestuurlijkeinformatie.nl/Agenda/Index/027eeb4b-a68d-4a72-bc40-e51ba6a12a37","dc_title":"Raadscommissie Bestuur en Middelen 2024-01-24 - Raadsvoorstel inzake: \"Wijziging gemeenschappelijke regeling Stadsregio Parkstad Limburg\"","dc_type":"2c","dc_type_description":"Vergaderstuk decentrale overheid","foi_fairiscoreVersions":{"v1":1,"v2":1},"foi_files":[{"dc_format":"application/octet-stream","dc_identifier":"nl.gm1954.2c.2024.2836457-9.doc.10","dc_source":"https://api1.ibabs.eu/publicdownload.aspx?site=Beekdaelen&id=2eb76aaa-49d9-4b1f-a1bf-1d0340a0d2f8","dc_title":"B6 1e termijn","dc_type":"bijlage","foi_fileName":"B6%201e%20termijn.mp3"},{"dc_format":"application/octet-stream","dc_identifier":"nl.gm1954.2c.2024.2836457-9.doc.12","dc_source":"https://api1.ibabs.eu/publicdownload.aspx?site=Beekdaelen&id=75bee656-daa0-4415-ac7e-2afdad894424","dc_title":"B6 2e termijn I","dc_type":"bijlage","foi_fileName":"B6%202e%20termijn%20I.mp3"},{"dc_format":"application/octet-stream","dc_identifier":"nl.gm1954.2c.2024.2836457-9.doc.13","dc_source":"https://api1.ibabs.eu/publicdownload.aspx?site=Beekdaelen&id=1de839e0-3d89-44c7-bf18-dcd3c44153ce","dc_title":"B6 2e termijn II","dc_type":"bijlage","foi_fileName":"B6%202e%20termijn%20II.mp3"},{"dc_format":"application/octet-stream","dc_identifier":"nl.gm1954.2c.2024.2836457-9.doc.14","dc_source":"https://api1.ibabs.eu/publicdownload.aspx?site=Beekdaelen&id=51ac591d-3aa7-4263-9e15-2f43849c655e","dc_title":"B6 2e termijn III","dc_type":"bijlage","foi_fileName":"B6%202e%20termijn%20III.mp3"},{"dc_format":"application/octet-stream","dc_identifier":"nl.gm1954.2c.2024.2836457-9.doc.16","dc_source":"https://api1.ibabs.eu/publicdownload.aspx?site=Beekdaelen&id=e8bd4190-2ba2-45ac-adf4-3a454fba9db6","dc_title":"B6 advies commissie","dc_type":"bijlage","foi_fileName":"B6%20advies%20commissie.mp3"},{"dc_format":"application/octet-stream","dc_identifier":"nl.gm1954.2c.2024.2836457-9.doc.11","dc_source":"https://api1.ibabs.eu/publicdownload.aspx?site=Beekdaelen&id=69e2e43a-32db-459e-b36d-87e3596151e0","dc_title":"B6 beantwoording 1e termijn","dc_type":"bijlage","foi_fileName":"B6%20beantwoording%201e%20termijn.mp3"},{"dc_format":"application/octet-stream","dc_identifier":"nl.gm1954.2c.2024.2836457-9.doc.15","dc_source":"https://api1.ibabs.eu/publicdownload.aspx?site=Beekdaelen&id=3837091d-eac5-441c-ba96-b298cffb7a03","dc_title":"B6 beantwoording 2e termijn","dc_type":"bijlage","foi_fileName":"B6%20beantwoording%202e%20termijn.mp3"},{"dc_format":"application/pdf","dc_identifier":"nl.gm1954.2c.2024.2836457-9.doc.9","dc_source":"https://api1.ibabs.eu/publicdownload.aspx?site=Beekdaelen&id=353344f8-59c1-402d-b20f-6cf8436a24e7","dc_title":"MvA technische vragen GL B6","dc_type":"bijlage","foi_fairiscoreVersions":{"v1":1,"v2":1},"foi_fileName":"MvA%20technische%20vragen%20GL%20B6.pdf","foi_nrPages":2},{"dc_format":"application/pdf","dc_identifier":"nl.gm1954.2c.2024.2836457-9.doc.1","dc_source":"https://api1.ibabs.eu/publicdownload.aspx?site=Beekdaelen&id=7c350376-4730-4022-b747-f43661f650d0","dc_title":"Raadsvoorstel inzake wijziging gemeenschappelijke regeling Stadsregio Parkstad Limburg","dc_type":"bijlage","foi_fairiscoreVersions":{"v1":1,"v2":1},"foi_fileName":"Z%2F23%2F198312%20-%20352822%20-%20Wijziging%20gemeenschappelijke%20regeling%20Stadsregio%20Parkstad%20Limburg.pdf","foi_nrPages":3},{"dc_format":"application/pdf","dc_identifier":"nl.gm1954.2c.2024.2836457-9.doc.2","dc_source":"https://api1.ibabs.eu/publicdownload.aspx?site=Beekdaelen&id=b07ac33b-b443-4f90-be36-209213089b93","dc_title":"Raadsbesluit inzake wijziging gemeenschappelijke regeling Stadsregio Parkstad Limburg - vastgesteld 06-02-2024","dc_type":"bijlage","foi_fairiscoreVersions":{"v1":1,"v2":1},"foi_fileName":"Z%2F23%2F198312%20-%20352823%20-%20Wijziging%20gemeenschappelijke%20regeling%20Stadsregio%20Parkstad%20Limburg.pdf","foi_nrPages":1},{"dc_format":"application/pdf","dc_identifier":"nl.gm1954.2c.2024.2836457-9.doc.8","dc_source":"https://api1.ibabs.eu/publicdownload.aspx?site=Beekdaelen&id=1797b9a8-d21a-4daa-9586-8180dcf2ee14","dc_title":"Bijlage: Conceptbrief raad inzake zienswijze op ontwerpregeling GR Stadsregio Parkstad","dc_type":"bijlage","foi_fairiscoreVersions":{"v1":1,"v2":1},"foi_fileName":"Z%2F23%2F198312%20-%20353761%20-%20Zienswijze%20ontwerpwijziging%20gemeenschappelijke%20regeling%20Stadsregio%20Parkstad%20Limburg.pdf","foi_nrPages":1},{"dc_format":"application/pdf","dc_identifier":"nl.gm1954.2c.2024.2836457-9.doc.7","dc_source":"https://api1.ibabs.eu/publicdownload.aspx?site=Beekdaelen&id=4d6af583-5fa3-46d2-a4b9-a69cb9887964","dc_title":"Bijlage: Schone versie Ontwerpwijziging GR Stadsregio Parkstad 2024","dc_type":"bijlage","foi_fairiscoreVersions":{"v1":1,"v2":1},"foi_fileName":"Z%2F23%2F198312%20-%20353775%20-%20Ontwerpwijziging%20GR%20Stadsregio%20Parkstad%202024%20schoon.pdf","foi_nrPages":20},{"dc_format":"application/pdf","dc_identifier":"nl.gm1954.2c.2024.2836457-9.doc.5","dc_source":"https://api1.ibabs.eu/publicdownload.aspx?site=Beekdaelen&id=62510905-11a0-474b-b939-1a2e0f8ca5b4","dc_title":"Bijlage: Wijzigingenoverzicht t.o.v. GR SPL van 1 mei 2021","dc_type":"bijlage","foi_fairiscoreVersions":{"v1":1,"v2":1},"foi_fileName":"Z%2F23%2F198312%20-%20353776%20-%20Wijzigingenoverzicht%20GR%20Stadsregio%20Parkstad%202024.pdf","foi_nrPages":4},{"dc_format":"application/pdf","dc_identifier":"nl.gm1954.2c.2024.2836457-9.doc.6","dc_source":"https://api1.ibabs.eu/publicdownload.aspx?site=Beekdaelen&id=accf30b0-e95d-4f11-9dfb-7ad02511e25d","dc_title":"Bijlage: Ontwerpregeling met wijzigingen en doorhalingen GR Stadsregio Parkstad","dc_type":"bijlage","foi_fairiscoreVersions":{"v1":1,"v2":1},"foi_fileName":"Z%2F23%2F198312%20-%20353777%20-%20Ontwerpregeling%20met%20wijzigingen%20GR%20Stadsregio%20Parkstad.pdf","foi_nrPages":23},{"dc_format":"application/pdf","dc_identifier":"nl.gm1954.2c.2024.2836457-9.doc.4","dc_source":"https://api1.ibabs.eu/publicdownload.aspx?site=Beekdaelen&id=a5f12a30-44e8-415d-9ec4-fd4bc933bdc1","dc_title":"Bijlage: Vigerende versie Blauwe Schema Stadsregio Parkstad","dc_type":"bijlage","foi_fairiscoreVersions":{"v1":1,"v2":1},"foi_fileName":"Z%2F23%2F198312%20-%20353778%20-%20Vigerende%20versie%20Blauwe%20Schema%20Stadsregio%20Parkstad.pdf","foi_nrPages":5},{"dc_format":"application/pdf","dc_identifier":"nl.gm1954.2c.2024.2836457-9.doc.3","dc_source":"https://api1.ibabs.eu/publicdownload.aspx?site=Beekdaelen&id=d04090e6-7ad3-47c1-824c-39ed01d054dc","dc_title":"Bijlage: Geactualiseerd Blauwe Schema Stadsregio Parkstad","dc_type":"bijlage","foi_fairiscoreVersions":{"v1":1,"v2":1},"foi_fileName":"Z%2F23%2F198312%20-%20353780%20-%20Geactualiseerd%20Blauwe%20Schema%20Stadsregio%20Parkstad.pdf","foi_nrPages":6}],"foi_nrDocuments":16,"foi_nrPagesInDossier":65,"foi_publishedDate":"2024-01-24","foi_retrievedDate":"2026-03-06"},{"dc_creator":"HandelingScraper_v1","dc_date_year":2024,"dc_description":"Vergadering van de Gemeente Beekdaelen op 2024-01-25. Onderdeel: Algemeen.","dc_identifier":"nl.gm1954.2c.2024.2836546-1","dc_publisher":"gm1954","dc_source":"https://beekdaelen.bestuurlijkeinformatie.nl/Agenda/Index/6dae2ad0-da9b-47ac-91ae-3431ccba3c26","dc_title":"Raadscommissie Fysieke Leefomgeving 2024-01-25 - Algemeen","dc_type":"2c","dc_type_description":"Vergaderstuk decentrale overheid","foi_fairiscoreVersions":{"v1":1,"v2":1},"foi_files":[{"dc_format":"application/pdf","dc_identifier":"nl.gm1954.2c.2024.2836546-1.doc.4","dc_source":"https://api1.ibabs.eu/publicdownload.aspx?site=Beekdaelen&id=5afbde18-c3eb-4406-8018-262fc5e22164","dc_title":"Technische vragen BL cie FLO 25012024","dc_type":"bijlage","foi_fairiscoreVersions":{"v1":1,"v2":1},"foi_fileName":"Technische%20vragen%20BL%20cie%20FLO%2025012024.pdf","foi_nrPages":1},{"dc_format":"application/pdf","dc_identifier":"nl.gm1954.2c.2024.2836546-1.doc.1","dc_source":"https://api1.ibabs.eu/publicdownload.aspx?site=Beekdaelen&id=3e96b0c3-14bb-4be4-8802-3b99e22c75bc","dc_title":"Technische vragen CDA cie FLO 25012024","dc_type":"bijlage","foi_fairiscoreVersions":{"v1":1,"v2":1},"foi_fileName":"Technische%20vragen%20CDA%20cie%20FLO%2025012024.pdf","foi_nrPages":2},{"dc_format":"application/pdf","dc_identifier":"nl.gm1954.2c.2024.2836546-1.doc.2","dc_source":"https://api1.ibabs.eu/publicdownload.aspx?site=Beekdaelen&id=04400420-3765-402c-85f7-e35271d5cf8b","dc_title":"Technische vragen GL cie FLO 25012024","dc_type":"bijlage","foi_fairiscoreVersions":{"v1":1,"v2":1},"foi_fileName":"Technische%20vragen%20GL%20cie%20FLO%2025012024.pdf","foi_nrPages":1},{"dc_format":"application/pdf","dc_identifier":"nl.gm1954.2c.2024.2836546-1.doc.5","dc_source":"https://api1.ibabs.eu/publicdownload.aspx?site=Beekdaelen&id=ec723a8c-f2a4-42ab-b98d-d736c15f67df","dc_title":"Technische vragen Koll\u00e9e Rijkx cie FLO 25012024","dc_type":"bijlage","foi_fairiscoreVersions":{"v1":1,"v2":1},"foi_fileName":"Technische%20vragen%20Koll%C3%A9e%20Rijkx%20cie%20FLO%2025012024.pdf","foi_nrPages":1},{"dc_format":"application/pdf","dc_identifier":"nl.gm1954.2c.2024.2836546-1.doc.3","dc_source":"https://api1.ibabs.eu/publicdownload.aspx?site=Beekdaelen&id=74ccb849-2f5b-4a24-a702-151b74cc295f","dc_title":"Technische vragen VG cie FLO 25012024","dc_type":"bijlage","foi_fairiscoreVersions":{"v1":1,"v2":1},"foi_fileName":"Technische%20vragen%20VG%20cie%20FLO%2025012024.pdf","foi_nrPages":2},{"dc_format":"application/pdf","dc_identifier":"nl.gm1954.2c.2024.2836546-1.doc.6","dc_source":"https://api1.ibabs.eu/publicdownload.aspx?site=Beekdaelen&id=945cef1d-5e0e-4ff8-8242-95168080a8cb","dc_title":"Technische vragen VVD cie FLO 25012024","dc_type":"bijlage","foi_fairiscoreVersions":{"v1":1,"v2":1},"foi_fileName":"Technische%20vragen%20VVD%20cie%20FLO%2025012024.pdf","foi_nrPages":1}],"foi_nrDocuments":6,"foi_nrPagesInDossier":8,"foi_publishedDate":"2024-01-25","foi_retrievedDate":"2025-11-29"},{"dc_creator":"HandelingScraper_v1","dc_date_year":2024,"dc_description":"Vergadering van de Gemeente Beekdaelen op 2024-01-25. Onderdeel: Opening, mededelingen voorzitter en vaststellen agenda.","dc_identifier":"nl.gm1954.2c.2024.2836546-2","dc_publisher":"gm1954","dc_source":"https://beekdaelen.bestuurlijkeinformatie.nl/Agenda/Index/6dae2ad0-da9b-47ac-91ae-3431ccba3c26","dc_title":"Raadscommissie Fysieke Leefomgeving 2024-01-25 - Opening, mededelingen voorzitter en vaststellen agenda","dc_type":"2c","dc_type_description":"Vergaderstuk decentrale overheid","foi_fairiscoreVersions":{"v1":1,"v2":1},"foi_files":[{"dc_format":"application/octet-stream","dc_identifier":"nl.gm1954.2c.2024.2836546-2.doc.2","dc_source":"https://api1.ibabs.eu/publicdownload.aspx?site=Beekdaelen&id=8c0eb2b5-801f-4535-9aaf-adca16d25ff6","dc_title":"A1 tm A3","dc_type":"bijlage","foi_fileName":"A1%20tm%20A3.mp3","foi_nrPages":1},{"dc_format":"application/pdf","dc_identifier":"nl.gm1954.2c.2024.2836546-2.doc.1","dc_source":"https://api1.ibabs.eu/publicdownload.aspx?site=Beekdaelen&id=85631134-44ff-4de5-bb83-aa5b409667e1","dc_title":"Uitnodiging en voorlopige agenda raadscie. Fysieke Leefomgeving 25012024","dc_type":"bijlage","foi_fairiscoreVersions":{"v1":1,"v2":1},"foi_fileName":"Uitnodiging%20en%20voorlopige%20agenda%20raadscie.pdf","foi_nrPages":1}],"foi_nrDocuments":2,"foi_nrPagesInDossier":2,"foi_publishedDate":"2024-01-25","foi_retrievedDate":"2025-11-29"},{"dc_creator":"HandelingScraper_v1","dc_date_year":2024,"dc_description":"Vergadering van de Gemeente Beekdaelen op 2024-01-25. Onderdeel: Vaststellen actiepuntenlijst van de raadscommissie Fysieke Leefomgeving d.d. 07.12.2023.","dc_identifier":"nl.gm1954.2c.2024.2836546-3","dc_publisher":"gm1954","dc_source":"https://beekdaelen.bestuurlijkeinformatie.nl/Agenda/Index/6dae2ad0-da9b-47ac-91ae-3431ccba3c26","dc_title":"Raadscommissie Fysieke Leefomgeving 2024-01-25 - Vaststellen actiepuntenlijst van de raadscommissie Fysieke Leefomgeving d.d. 07.12.2023","dc_type":"2c","dc_type_description":"Vergaderstuk decentrale overheid","foi_fairiscoreVersions":{"v1":2,"v2":1},"foi_files":[{"dc_format":"application/octet-stream","dc_identifier":"nl.gm1954.2c.2024.2836546-3.doc.2","dc_source":"https://api1.ibabs.eu/publicdownload.aspx?site=Beekdaelen&id=ff89a7f8-e63b-4d32-87e9-4634ce56e960","dc_title":"A1 tm A3","dc_type":"bijlage","foi_fileName":"A1%20tm%20A3.mp3","foi_nrPages":1},{"dc_format":"application/pdf","dc_identifier":"nl.gm1954.2c.2024.2836546-3.doc.1","dc_source":"https://api1.ibabs.eu/publicdownload.aspx?site=Beekdaelen&id=c55a5966-e179-4404-a8dc-2987aa810fba","dc_title":"Actiepuntenlijst 07122023","dc_type":"bijlage","foi_fairiscoreVersions":{"v1":2,"v2":1},"foi_fileName":"Actiepuntenlijst%2007122023.pdf","foi_nrPages":7}],"foi_nrDocuments":2,"foi_nrPagesInDossier":8,"foi_publishedDate":"2024-01-25","foi_retrievedDate":"2025-11-29"},{"dc_creator":"HandelingScraper_v1","dc_date_year":2024,"dc_description":"Vergadering van de Gemeente Beekdaelen op 2024-01-25. Onderdeel: Raadsvoorstel inzake: \"stimuleringsregeling afkoppelen hemelwater 2024-2026\".","dc_identifier":"nl.gm1954.2c.2024.2836546-4","dc_publisher":"gm1954","dc_source":"https://beekdaelen.bestuurlijkeinformatie.nl/Agenda/Index/6dae2ad0-da9b-47ac-91ae-3431ccba3c26","dc_title":"Raadscommissie Fysieke Leefomgeving 2024-01-25 - Raadsvoorstel inzake: \"stimuleringsregeling afkoppelen hemelwater 2024-2026\"","dc_type":"2c","dc_type_description":"Vergaderstuk decentrale overheid","foi_fairiscoreVersions":{"v1":1,"v2":1},"foi_files":[{"dc_format":"application/octet-stream","dc_identifier":"nl.gm1954.2c.2024.2836546-4.doc.9","dc_source":"https://api1.ibabs.eu/publicdownload.aspx?site=Beekdaelen&id=8b70266e-468b-478a-a912-4cdd22b3e2c2","dc_title":"B1 1e termijn","dc_type":"bijlage","foi_fileName":"B1%201e%20termijn.mp3","foi_nrPages":1},{"dc_format":"application/octet-stream","dc_identifier":"nl.gm1954.2c.2024.2836546-4.doc.11","dc_source":"https://api1.ibabs.eu/publicdownload.aspx?site=Beekdaelen&id=c8689ff8-f6fc-4bb4-9743-de15002548f9","dc_title":"B1 2e termijn","dc_type":"bijlage","foi_fileName":"B1%202e%20termijn.mp3","foi_nrPages":1},{"dc_format":"application/octet-stream","dc_identifier":"nl.gm1954.2c.2024.2836546-4.doc.13","dc_source":"https://api1.ibabs.eu/publicdownload.aspx?site=Beekdaelen&id=9c1177a6-0c61-4049-92b2-8ca29ca8d611","dc_title":"B1 advies commissie","dc_type":"bijlage","foi_fileName":"B1%20advies%20commissie.mp3","foi_nrPages":1},{"dc_format":"application/octet-stream","dc_identifier":"nl.gm1954.2c.2024.2836546-4.doc.10","dc_source":"https://api1.ibabs.eu/publicdownload.aspx?site=Beekdaelen&id=c402669b-c1ac-44cb-b64d-5d96a80daca5","dc_title":"B1 antwoord 1e termijn","dc_type":"bijlage","foi_fileName":"B1%20antwoord%201e%20termijn.mp3","foi_nrPages":1},{"dc_format":"application/octet-stream","dc_identifier":"nl.gm1954.2c.2024.2836546-4.doc.12","dc_source":"https://api1.ibabs.eu/publicdownload.aspx?site=Beekdaelen&id=044b24d2-9722-45dd-b8cd-afd62dcfc634","dc_title":"B1 antwoord 2e termijn","dc_type":"bijlage","foi_fileName":"B1%20antwoord%202e%20termijn.mp3","foi_nrPages":1},{"dc_format":"application/pdf","dc_identifier":"nl.gm1954.2c.2024.2836546-4.doc.4","dc_source":"https://api1.ibabs.eu/publicdownload.aspx?site=Beekdaelen&id=de38b0e6-52d6-4748-8d41-f33210a9346e","dc_title":"MvA technische vragen BL B1","dc_type":"bijlage","foi_fairiscoreVersions":{"v1":1,"v2":1},"foi_fileName":"MvA%20technische%20vragen%20BL%20B1.pdf","foi_nrPages":1},{"dc_format":"application/pdf","dc_identifier":"nl.gm1954.2c.2024.2836546-4.doc.5","dc_source":"https://api1.ibabs.eu/publicdownload.aspx?site=Beekdaelen&id=ba660825-8c97-49aa-beb7-bb7eb63e87c3","dc_title":"MvA technische vragen CDA B1","dc_type":"bijlage","foi_fairiscoreVersions":{"v1":1,"v2":1},"foi_fileName":"MvA%20technische%20vragen%20CDA%20B1.pdf","foi_nrPages":2},{"dc_format":"application/pdf","dc_identifier":"nl.gm1954.2c.2024.2836546-4.doc.6","dc_source":"https://api1.ibabs.eu/publicdownload.aspx?site=Beekdaelen&id=08b29153-7981-4d8a-b005-bef8587a06ca","dc_title":"MvA technische vragen GL B1","dc_type":"bijlage","foi_fairiscoreVersions":{"v1":1,"v2":1},"foi_fileName":"MvA%20technische%20vragen%20GL%20B1.pdf","foi_nrPages":2},{"dc_format":"application/pdf","dc_identifier":"nl.gm1954.2c.2024.2836546-4.doc.7","dc_source":"https://api1.ibabs.eu/publicdownload.aspx?site=Beekdaelen&id=7755020e-9a15-4c03-b9e4-61dabe978eb4","dc_title":"MvA technische vragen Koll\u00e9e Rijkx B1","dc_type":"bijlage","foi_fairiscoreVersions":{"v1":1,"v2":1},"foi_fileName":"MvA%20technische%20vragen%20Koll%C3%A9e%20Rijkx%20B1.pdf","foi_nrPages":2},{"dc_format":"application/pdf","dc_identifier":"nl.gm1954.2c.2024.2836546-4.doc.8","dc_source":"https://api1.ibabs.eu/publicdownload.aspx?site=Beekdaelen&id=4d5fc7d0-2f5b-46b9-bcf4-28a6b347e0c7","dc_title":"MvA technische vragen VG B1","dc_type":"bijlage","foi_fairiscoreVersions":{"v1":1,"v2":1},"foi_fileName":"MvA%20technische%20vragen%20VG%20B1.pdf","foi_nrPages":1},{"dc_format":"application/pdf","dc_identifier":"nl.gm1954.2c.2024.2836546-4.doc.1","dc_source":"https://api1.ibabs.eu/publicdownload.aspx?site=Beekdaelen&id=7672aa87-ddd2-482d-88c3-299499b7a097","dc_title":"raadsvoorstel 'stimuleringsregeling afkoppelen hemelwater 2024-2026'","dc_type":"bijlage","foi_fairiscoreVersions":{"v1":1,"v2":1},"foi_fileName":"Z%2F23%2F198158%20-%20352720%20-%20stimuleringsregeling%20afkoppelen%20hemelwater%202024-2026.pdf","foi_nrPages":4},{"dc_format":"application/pdf","dc_identifier":"nl.gm1954.2c.2024.2836546-4.doc.2","dc_source":"https://api1.ibabs.eu/publicdownload.aspx?site=Beekdaelen&id=e435e18b-ced2-46e5-b325-7c3d98ccc21f","dc_title":"Bijlage 1: raadsbesluit stimuleringsregeling","dc_type":"bijlage","foi_fairiscoreVersions":{"v1":1,"v2":1},"foi_fileName":"Z%2F23%2F198158%20-%20352724%20-%20stimuleringsregeling%20afkoppelen%20hemelwater%202024-2026.pdf","foi_nrPages":1},{"dc_format":"application/pdf","dc_identifier":"nl.gm1954.2c.2024.2836546-4.doc.3","dc_source":"https://api1.ibabs.eu/publicdownload.aspx?site=Beekdaelen&id=f683d0ce-fb7b-46d4-ba7e-21780c556bfd","dc_title":"Bijlage 2: verordening stimuleringsregeling afkoppelen hemelwater private terreinen 2024-2026","dc_type":"bijlage","foi_fairiscoreVersions":{"v1":1,"v2":1},"foi_fileName":"Z%2F23%2F198158%20-%20353034%20-.pdf","foi_nrPages":4}],"foi_nrDocuments":13,"foi_nrPagesInDossier":22,"foi_publishedDate":"2024-01-25","foi_retrievedDate":"2025-11-29"},{"dc_creator":"HandelingScraper_v1","dc_date_year":2024,"dc_description":"Vergadering van de Gemeente Beekdaelen op 2024-01-25. Onderdeel: Raadsvoorstel inzake: \"Werken aan de omgevingsvisie \u2013 Kernvisie Beekdaelen\".","dc_identifier":"nl.gm1954.2c.2024.2836546-5","dc_publisher":"gm1954","dc_source":"https://beekdaelen.bestuurlijkeinformatie.nl/Agenda/Index/6dae2ad0-da9b-47ac-91ae-3431ccba3c26","dc_title":"Raadscommissie Fysieke Leefomgeving 2024-01-25 - Raadsvoorstel inzake: \"Werken aan de omgevingsvisie \u2013 Kernvisie Beekdaelen\"","dc_type":"2c","dc_type_description":"Vergaderstuk decentrale overheid","foi_fairiscoreVersions":{"v1":2,"v2":2},"foi_files":[{"dc_format":"application/octet-stream","dc_identifier":"nl.gm1954.2c.2024.2836546-5.doc.16","dc_source":"https://api1.ibabs.eu/publicdownload.aspx?site=Beekdaelen&id=51af6501-604c-4e67-aadb-0622c3f7d698","dc_title":"B2 1e termijn I","dc_type":"bijlage","foi_fileName":"B2%201e%20termijn%20I.mp3","foi_nrPages":1},{"dc_format":"application/octet-stream","dc_identifier":"nl.gm1954.2c.2024.2836546-5.doc.17","dc_source":"https://api1.ibabs.eu/publicdownload.aspx?site=Beekdaelen&id=ada79f18-b704-4672-8871-3c5b1223b709","dc_title":"B2 1e termijn II","dc_type":"bijlage","foi_fileName":"B2%201e%20termijn%20II.mp3","foi_nrPages":1},{"dc_format":"application/octet-stream","dc_identifier":"nl.gm1954.2c.2024.2836546-5.doc.19","dc_source":"https://api1.ibabs.eu/publicdownload.aspx?site=Beekdaelen&id=2a9273cd-7e7b-4f65-8a29-0081ad6f49f3","dc_title":"B2 2e termijn I","dc_type":"bijlage","foi_fileName":"B2%202e%20termijn%20I.mp3","foi_nrPages":1},{"dc_format":"application/octet-stream","dc_identifier":"nl.gm1954.2c.2024.2836546-5.doc.20","dc_source":"https://api1.ibabs.eu/publicdownload.aspx?site=Beekdaelen&id=fe02d8e9-13c6-4556-8f08-406bc9dae7cf","dc_title":"B2 2e termijn II","dc_type":"bijlage","foi_fileName":"B2%202e%20termijn%20II.mp3","foi_nrPages":1},{"dc_format":"application/octet-stream","dc_identifier":"nl.gm1954.2c.2024.2836546-5.doc.22","dc_source":"https://api1.ibabs.eu/publicdownload.aspx?site=Beekdaelen&id=1858f9f7-b1e1-4f85-8a9b-414052e954c8","dc_title":"B2 advies commissie","dc_type":"bijlage","foi_fileName":"B2%20advies%20commissie.mp3","foi_nrPages":1},{"dc_format":"application/octet-stream","dc_identifier":"nl.gm1954.2c.2024.2836546-5.doc.18","dc_source":"https://api1.ibabs.eu/publicdownload.aspx?site=Beekdaelen&id=e6ea7169-fb34-4685-9097-e6f8eb0243c8","dc_title":"B2 beantwoording 1e termijn","dc_type":"bijlage","foi_fileName":"B2%20beantwoording%201e%20termijn.mp3","foi_nrPages":1},{"dc_format":"application/octet-stream","dc_identifier":"nl.gm1954.2c.2024.2836546-5.doc.21","dc_source":"https://api1.ibabs.eu/publicdownload.aspx?site=Beekdaelen&id=a9669e90-0518-463c-8ccf-23b97fbcc3aa","dc_title":"B2 beantwoording 2e termijn","dc_type":"bijlage","foi_fileName":"B2%20beantwoording%202e%20termijn.mp3","foi_nrPages":1},{"dc_format":"application/octet-stream","dc_identifier":"nl.gm1954.2c.2024.2836546-5.doc.15","dc_source":"https://api1.ibabs.eu/publicdownload.aspx?site=Beekdaelen&id=29fe65bc-ef71-40e1-a5b0-f4beac804571","dc_title":"B2 toelichting pfh","dc_type":"bijlage","foi_fileName":"B2%20toelichting%20pfh.mp3","foi_nrPages":1},{"dc_format":"application/pdf","dc_identifier":"nl.gm1954.2c.2024.2836546-5.doc.7","dc_source":"https://api1.ibabs.eu/publicdownload.aspx?site=Beekdaelen&id=58ec36cb-e9f7-46cc-804f-4338f0da6f22","dc_title":"Bijlage 4a: BIJGESTELD en VERVOLGENS VERVALLEN: Werken aan de Omgevingsvisie - Kernvisie Beekdaelen (definitief)","dc_type":"bijlage","foi_fairiscoreVersions":{"v1":1,"v2":1},"foi_fileName":"Kernvisie%20%28def%29%20X%2010012024.pdf","foi_nrPages":4},{"dc_format":"application/pdf","dc_identifier":"nl.gm1954.2c.2024.2836546-5.doc.5","dc_source":"https://api1.ibabs.eu/publicdownload.aspx?site=Beekdaelen&id=fb3f2763-5818-4eaf-b549-56d4450a5dde","dc_title":"Bijlage 4a Werken aan de Omgevingsvisie - Kernvisie (def) versie 23012024","dc_type":"bijlage","foi_fairiscoreVersions":{"v1":1,"v2":1},"foi_fileName":"Kernvisie%20%28def%29%20X%20versie%2023012024.pdf","foi_nrPages":4},{"dc_format":"application/pdf","dc_identifier":"nl.gm1954.2c.2024.2836546-5.doc.8","dc_source":"https://api1.ibabs.eu/publicdownload.aspx?site=Beekdaelen&id=d2d1db48-72da-44f3-b85e-26550b788210","dc_title":"Bijlage 4b: Werken aan de Omgevingsvisie - Kernvisie (was-wordt) versie 23012024","dc_type":"bijlage","foi_fairiscoreVersions":{"v1":1,"v2":1},"foi_fileName":"Kernvisie%20%28was-wordt%29%20%28def%29%20Y%20versie%2023012024.pdf","foi_nrPages":5},{"dc_format":"application/pdf","dc_identifier":"nl.gm1954.2c.2024.2836546-5.doc.10","dc_source":"https://api1.ibabs.eu/publicdownload.aspx?site=Beekdaelen&id=75794198-edd5-40eb-acc2-6790be3ff64c","dc_title":"Bijlage 4b: BIJGESTELD en VERVOLGENS VERVALLEN Werken aan de Omgevingsvisie - Kernvisie Beekdaelen (was-wordt)","dc_type":"bijlage","foi_fairiscoreVersions":{"v1":1,"v2":1},"foi_fileName":"Kernvisie%20%28was-wordt%29%20X%2010012024.pdf","foi_nrPages":5},{"dc_format":"application/pdf","dc_identifier":"nl.gm1954.2c.2024.2836546-5.doc.12","dc_source":"https://api1.ibabs.eu/publicdownload.aspx?site=Beekdaelen&id=81536628-4093-4b12-9908-4ef0c1ea2550","dc_title":"MvA technische vragen CDA B2","dc_type":"bijlage","foi_fairiscoreVersions":{"v1":1,"v2":1},"foi_fileName":"MvA%20technische%20vragen%20CDA%20B2.pdf","foi_nrPages":4},{"dc_format":"application/pdf","dc_identifier":"nl.gm1954.2c.2024.2836546-5.doc.13","dc_source":"https://api1.ibabs.eu/publicdownload.aspx?site=Beekdaelen&id=2b00e437-caf3-4bef-a004-64f4602d893b","dc_title":"MvA technische vragen GL B2","dc_type":"bijlage","foi_fairiscoreVersions":{"v1":1,"v2":1},"foi_fileName":"MvA%20technische%20vragen%20GL%20B2.pdf","foi_nrPages":1},{"dc_format":"application/pdf","dc_identifier":"nl.gm1954.2c.2024.2836546-5.doc.14","dc_source":"https://api1.ibabs.eu/publicdownload.aspx?site=Beekdaelen&id=e38e53a6-5e14-4e61-a07f-cae1cb159727","dc_title":"MvA technische vragen VG B2","dc_type":"bijlage","foi_fairiscoreVersions":{"v1":1,"v2":1},"foi_fileName":"MvA%20technische%20vragen%20VG%20B2.pdf","foi_nrPages":4},{"dc_format":"application/pdf","dc_identifier":"nl.gm1954.2c.2024.2836546-5.doc.1","dc_source":"https://api1.ibabs.eu/publicdownload.aspx?site=Beekdaelen&id=28012603-218b-4521-b0fc-880794a285c8","dc_title":"VERVALLEN Raadsvoorstel inzake werken aan de Omgevingsvisie \u2013 Kernvisie Beekdaelen","dc_type":"bijlage","foi_fairiscoreVersions":{"v1":1,"v2":1},"foi_fileName":"Z%2F23%2F198377%20-%20352971%20-%20Omgevingsvisie%20-%20kernvisie.pdf","foi_nrPages":3},{"dc_format":"application/pdf","dc_identifier":"nl.gm1954.2c.2024.2836546-5.doc.11","dc_source":"https://api1.ibabs.eu/publicdownload.aspx?site=Beekdaelen&id=2ba84009-7ca7-4dd2-a3ec-e7d48544093d","dc_title":"VERVALLEN Raadsbesluit inzake werken aan de Omgevingsvisie - Kernvisie Beekdaelen","dc_type":"bijlage","foi_fairiscoreVersions":{"v1":1,"v2":1},"foi_fileName":"Z%2F23%2F198377%20-%20352972%20-%20Omgevingsvisie%20-%20kernvisie.pdf","foi_nrPages":1},{"dc_format":"application/pdf","dc_identifier":"nl.gm1954.2c.2024.2836546-5.doc.2","dc_source":"https://api1.ibabs.eu/publicdownload.aspx?site=Beekdaelen&id=2cb72afb-5cf7-477d-8b31-dc6a2fe0e0e3","dc_title":"Bijlage 1: Participatieverslag Omgevingsvisie, d.d. 7 juli 2023","dc_type":"bijlage","foi_fairiscoreVersions":{"v1":2,"v2":2},"foi_fileName":"Z%2F23%2F198377%20-%20352973%20-%20Participatieverslag.pdf","foi_nrPages":41},{"dc_format":"application/pdf","dc_identifier":"nl.gm1954.2c.2024.2836546-5.doc.4","dc_source":"https://api1.ibabs.eu/publicdownload.aspx?site=Beekdaelen&id=dc4956bc-674a-4e79-8fc7-dceb8cc3fecb","dc_title":"Bijlage 3: Samenvatting gespreksverslagen raadsfracties inclusief ambtelijke advies","dc_type":"bijlage","foi_fairiscoreVersions":{"v1":1,"v2":1},"foi_fileName":"Z%2F23%2F198377%20-%20352980%20-%20Gespreksverslag%20%2B%20ambtelijk%20advies.pdf","foi_nrPages":15},{"dc_format":"application/pdf","dc_identifier":"nl.gm1954.2c.2024.2836546-5.doc.6","dc_source":"https://api1.ibabs.eu/publicdownload.aspx?site=Beekdaelen&id=a16b852d-e128-4b78-87cb-0e7e4f5d07e2","dc_title":"Bijlage 4a: VERVALLEN Werken aan de Omgevingsvisie - Kernvisie Beekdaelen (definitief)","dc_type":"bijlage","foi_fairiscoreVersions":{"v1":1,"v2":1},"foi_fileName":"Z%2F23%2F198377%20-%20352982.pdf","foi_nrPages":4},{"dc_format":"application/pdf","dc_identifier":"nl.gm1954.2c.2024.2836546-5.doc.9","dc_source":"https://api1.ibabs.eu/publicdownload.aspx?site=Beekdaelen&id=0bd1b681-ddc4-4028-99d5-8ca0ba73d8df","dc_title":"Bijlage 4b: VERVALLEN Werken aan de Omgevingsvisie - Kernvisie Beekdaelen (was-wordt)","dc_type":"bijlage","foi_fairiscoreVersions":{"v1":1,"v2":1},"foi_fileName":"Z%2F23%2F198377%20-%20352982%20-%20Kernvisie%20van%20de%20gemeente%20Beekdaelen.pdf","foi_nrPages":5},{"dc_format":"application/pdf","dc_identifier":"nl.gm1954.2c.2024.2836546-5.doc.3","dc_source":"https://api1.ibabs.eu/publicdownload.aspx?site=Beekdaelen&id=3a0bcfd8-78eb-4fbe-843b-f24ecfe77bdc","dc_title":"Bijlage 2: Concept kernvisie \u2018Beekdaelen in 2040\u2019, d.d. 11 juli 2023","dc_type":"bijlage","foi_fairiscoreVersions":{"v1":1,"v2":1},"foi_fileName":"Z%2F23%2F198377%20-%20353632%20-%20Concept%20kernvisie.pdf","foi_nrPages":4}],"foi_nrDocuments":22,"foi_nrPagesInDossier":108,"foi_publishedDate":"2024-01-25","foi_retrievedDate":"2025-11-29"},{"dc_creator":"HandelingScraper_v1","dc_date_year":2024,"dc_description":"Vergadering van de Gemeente Beekdaelen op 2024-01-25. Onderdeel: Rondvraag Fysieke Leefomgeving.","dc_identifier":"nl.gm1954.2c.2024.2836546-6","dc_publisher":"gm1954","dc_source":"https://beekdaelen.bestuurlijkeinformatie.nl/Agenda/Index/6dae2ad0-da9b-47ac-91ae-3431ccba3c26","dc_title":"Raadscommissie Fysieke Leefomgeving 2024-01-25 - Rondvraag Fysieke Leefomgeving","dc_type":"2c","dc_type_description":"Vergaderstuk decentrale overheid","foi_fairiscoreVersions":{"v1":1,"v2":1},"foi_files":[{"dc_format":"application/octet-stream","dc_identifier":"nl.gm1954.2c.2024.2836546-6.doc.2","dc_source":"https://api1.ibabs.eu/publicdownload.aspx?site=Beekdaelen&id=997885c6-8f2d-40dd-a4bc-d663100629cc","dc_title":"C Rondvraag","dc_type":"bijlage","foi_fileName":"C%20Rondvraag.mp3","foi_nrPages":1},{"dc_format":"application/pdf","dc_identifier":"nl.gm1954.2c.2024.2836546-6.doc.1","dc_source":"https://api1.ibabs.eu/publicdownload.aspx?site=Beekdaelen&id=34d58464-5297-46ab-a0d4-42b74a582af4","dc_title":"MvA technische vragen VVD C Rondvraag","dc_type":"bijlage","foi_fairiscoreVersions":{"v1":1,"v2":1},"foi_fileName":"MvA%20technische%20vragen%20VVD%20C%20Rondvraag.pdf","foi_nrPages":2}],"foi_nrDocuments":2,"foi_nrPagesInDossier":3,"foi_publishedDate":"2024-01-25","foi_retrievedDate":"2025-11-29"},{"dc_creator":"HandelingScraper_v1","dc_date_year":2024,"dc_description":"Vergadering van de Gemeente Beekdaelen op 2024-02-06. Onderdeel: Opening.","dc_identifier":"nl.gm1954.2c.2024.2836600-1","dc_publisher":"gm1954","dc_source":"https://beekdaelen.bestuurlijkeinformatie.nl/Agenda/Index/1357425c-3d19-4ace-8692-1f425161ccb2","dc_title":"Raadsvergadering 2024-02-06 - Opening","dc_type":"2c","dc_type_description":"Vergaderstuk decentrale overheid","foi_fairiscoreVersions":{"v1":1,"v2":1},"foi_files":[{"dc_format":"application/pdf","dc_identifier":"nl.gm1954.2c.2024.2836600-1.doc.1","dc_source":"https://api1.ibabs.eu/publicdownload.aspx?site=Beekdaelen&id=016fbf01-f10d-404a-8209-aab568e5bb8e","dc_title":"Uitnodiging en voorlopige agenda raadsvergadering 6 februari 2024","dc_type":"bijlage","foi_fairiscoreVersions":{"v1":1,"v2":1},"foi_fileName":"Uitnodiging%20en%20voorlopige%20agenda%20raadsvergadering%206%20februari%202024.pdf","foi_nrPages":2}],"foi_nrDocuments":1,"foi_nrPagesInDossier":2,"foi_publishedDate":"2024-02-06","foi_retrievedDate":"2025-11-29"},{"dc_creator":"HandelingScraper_v1","dc_date_year":2024,"dc_description":"Vergadering van de Gemeente Beekdaelen op 2024-02-06. Onderdeel: Voorstel inzake vaststellen verordening op de gezamenlijke Rekenkamer Limburg Centraal 2024.","dc_identifier":"nl.gm1954.2c.2024.2836600-10","dc_publisher":"gm1954","dc_source":"https://beekdaelen.bestuurlijkeinformatie.nl/Agenda/Index/1357425c-3d19-4ace-8692-1f425161ccb2","dc_title":"Raadsvergadering 2024-02-06 - Voorstel inzake vaststellen verordening op de gezamenlijke Rekenkamer Limburg Centraal 2024","dc_type":"2c","dc_type_description":"Vergaderstuk decentrale overheid","foi_fairiscoreVersions":{"v1":1,"v2":1},"foi_files":[{"dc_format":"application/pdf","dc_identifier":"nl.gm1954.2c.2024.2836600-10.doc.2","dc_source":"https://api1.ibabs.eu/publicdownload.aspx?site=Beekdaelen&id=b1ef069e-57ff-4937-8bb4-fdf107eb3849","dc_title":"Raadsbesluit inzake vaststellen verordening op de gezamenlijke Rekenkamer Limburg Centraal 2024 - vastgesteld 06-02-2024","dc_type":"bijlage","foi_fairiscoreVersions":{"v1":1,"v2":1},"foi_fileName":"Raadsbesluit%20inzake%20verordening%20rekenkamer%20Limburg%20Centraal.pdf","foi_nrPages":1},{"dc_format":"application/pdf","dc_identifier":"nl.gm1954.2c.2024.2836600-10.doc.1","dc_source":"https://api1.ibabs.eu/publicdownload.aspx?site=Beekdaelen&id=13ff712b-72c6-4129-b3d4-f19014f1539f","dc_title":"Raadsvoorstel inzake vaststellen verordening op de gezamenlijke Rekenkamer Limburg Centraal 2024","dc_type":"bijlage","foi_fairiscoreVersions":{"v1":1,"v2":1},"foi_fileName":"Raadsvoorstel%20inzake%20verordening%20rekenkamer%20Limburg%20Centraal.pdf","foi_nrPages":3},{"dc_format":"application/pdf","dc_identifier":"nl.gm1954.2c.2024.2836600-10.doc.4","dc_source":"https://api1.ibabs.eu/publicdownload.aspx?site=Beekdaelen&id=bdf6364c-7c16-4b4b-ae97-926d79806b5f","dc_title":"Samenwerkingsovereenkomst Rekenkamer","dc_type":"bijlage","foi_fairiscoreVersions":{"v1":1,"v2":1},"foi_fileName":"Samenwerkingsovereenkomst%20Rekenkamer.pdf","foi_nrPages":3},{"dc_format":"application/pdf","dc_identifier":"nl.gm1954.2c.2024.2836600-10.doc.3","dc_source":"https://api1.ibabs.eu/publicdownload.aspx?site=Beekdaelen&id=a760577c-4449-44d9-979b-d0dabbd2b9ca","dc_title":"Verordening Gezamenlijke Rekenkamer Limburg Centraal 2024 - vastgesteld 06-02-2024","dc_type":"bijlage","foi_fairiscoreVersions":{"v1":1,"v2":1},"foi_fileName":"Verordening%20Gezamenlijke%20Rekenkamer%20Limburg%20Centraal%202024.pdf","foi_nrPages":4}],"foi_nrDocuments":4,"foi_nrPagesInDossier":11,"foi_publishedDate":"2024-02-06","foi_retrievedDate":"2025-11-29"},{"dc_creator":"HandelingScraper_v1","dc_date_year":2024,"dc_description":"Vergadering van de Gemeente Beekdaelen op 2024-02-06. Onderdeel: Voorstel inzake vaststellen verordening op de Auditcommissie gemeente Beekdaelen 2024.","dc_identifier":"nl.gm1954.2c.2024.2836600-11","dc_publisher":"gm1954","dc_source":"https://beekdaelen.bestuurlijkeinformatie.nl/Agenda/Index/1357425c-3d19-4ace-8692-1f425161ccb2","dc_title":"Raadsvergadering 2024-02-06 - Voorstel inzake vaststellen verordening op de Auditcommissie gemeente Beekdaelen 2024","dc_type":"2c","dc_type_description":"Vergaderstuk decentrale overheid","foi_fairiscoreVersions":{"v1":1,"v2":1},"foi_files":[{"dc_format":"application/pdf","dc_identifier":"nl.gm1954.2c.2024.2836600-11.doc.2","dc_source":"https://api1.ibabs.eu/publicdownload.aspx?site=Beekdaelen&id=df5106c9-81ed-44a4-a931-554d621838d2","dc_title":"Raadsbesluit inzake vaststellen verordening op de Auditcommissie gemeente Beekdaelen 2024 - vastgesteld 06-02-2024","dc_type":"bijlage","foi_fairiscoreVersions":{"v1":1,"v2":1},"foi_fileName":"Raadsbesluit%20inzake%20vaststellen%20verordening%20op%20de%20Auditcommissie%20gemeente%20Beekdaelen%202024.pdf","foi_nrPages":1},{"dc_format":"application/pdf","dc_identifier":"nl.gm1954.2c.2024.2836600-11.doc.1","dc_source":"https://api1.ibabs.eu/publicdownload.aspx?site=Beekdaelen&id=72c460bd-628e-430e-a4ab-8f7ff714cc62","dc_title":"Raadsvoorstel inzake vaststellen verordening op de Auditcommissie gemeente Beekdaelen 2024","dc_type":"bijlage","foi_fairiscoreVersions":{"v1":1,"v2":1},"foi_fileName":"Raadsvoorstel%20inzake%20vaststellen%20verordening%20op%20de%20Auditcommissie%20gemeente%20Beekdaelen%202024.pdf","foi_nrPages":2},{"dc_format":"application/pdf","dc_identifier":"nl.gm1954.2c.2024.2836600-11.doc.3","dc_source":"https://api1.ibabs.eu/publicdownload.aspx?site=Beekdaelen&id=1be663a0-1c5a-48b8-8c98-18fc85e5a526","dc_title":"Verordening op de Auditcommissie gemeente Beekdaelen 2024 definitief - vastgesteld 06-02-2024","dc_type":"bijlage","foi_fairiscoreVersions":{"v1":1,"v2":1},"foi_fileName":"Verordening%20op%20de%20Auditcommissie%20gemeente%20Beekdaelen%202024%20definitief.pdf","foi_nrPages":4},{"dc_format":"application/pdf","dc_identifier":"nl.gm1954.2c.2024.2836600-11.doc.4","dc_source":"https://api1.ibabs.eu/publicdownload.aspx?site=Beekdaelen&id=4cbf23ea-dfe9-45d6-b9d4-3e7f9b3c738f","dc_title":"Was - wordt tabel bij verordening op de Auditcommssie gemeente Beekdaelen 2024 definitief","dc_type":"bijlage","foi_fairiscoreVersions":{"v1":1,"v2":1},"foi_fileName":"Was%20-%20wordt%20tabel%20bij%20verordening%20op%20de%20Auditcommssie%20gemeente%20Beekdaelen%202024%20definitief.pdf","foi_nrPages":3}],"foi_nrDocuments":4,"foi_nrPagesInDossier":10,"foi_publishedDate":"2024-02-06","foi_retrievedDate":"2025-11-29"},{"dc_creator":"HandelingScraper_v1","dc_date_year":2024,"dc_description":"Vergadering van de Gemeente Beekdaelen op 2024-02-06. Onderdeel: Voorstel inzake verlenging stimuleringsregeling afkoppelen hemelwater private terreinen gemeente Beekdaelen.","dc_identifier":"nl.gm1954.2c.2024.2836600-12","dc_publisher":"gm1954","dc_source":"https://beekdaelen.bestuurlijkeinformatie.nl/Agenda/Index/1357425c-3d19-4ace-8692-1f425161ccb2","dc_title":"Raadsvergadering 2024-02-06 - Voorstel inzake verlenging stimuleringsregeling afkoppelen hemelwater private terreinen gemeente Beekdaelen","dc_type":"2c","dc_type_description":"Vergaderstuk decentrale overheid","foi_fairiscoreVersions":{"v1":1,"v2":1},"foi_files":[{"dc_format":"application/pdf","dc_identifier":"nl.gm1954.2c.2024.2836600-12.doc.1","dc_source":"https://api1.ibabs.eu/publicdownload.aspx?site=Beekdaelen&id=02c49d78-fccf-431f-9bfd-a99f2d86a285","dc_title":"Raadsvoorstel inzake stimuleringsregeling afkoppelen hemelwater 2024-2026","dc_type":"bijlage","foi_fairiscoreVersions":{"v1":1,"v2":1},"foi_fileName":"Z%2F23%2F198158%20-%20352720%20-%20stimuleringsregeling%20afkoppelen%20hemelwater%202024-2026.pdf","foi_nrPages":4},{"dc_format":"application/pdf","dc_identifier":"nl.gm1954.2c.2024.2836600-12.doc.2","dc_source":"https://api1.ibabs.eu/publicdownload.aspx?site=Beekdaelen&id=506adc77-573a-47c9-b5a2-00146ecdb94a","dc_title":"Raadsbesluit inzake stimuleringsregeling afkoppelen hemelwater 2024-2026 - vastgesteld 06-02-2024","dc_type":"bijlage","foi_fairiscoreVersions":{"v1":1,"v2":1},"foi_fileName":"Z%2F23%2F198158%20-%20352724%20-%20stimuleringsregeling%20afkoppelen%20hemelwater%202024-2026.pdf","foi_nrPages":1},{"dc_format":"application/pdf","dc_identifier":"nl.gm1954.2c.2024.2836600-12.doc.3","dc_source":"https://api1.ibabs.eu/publicdownload.aspx?site=Beekdaelen&id=36881550-b575-4eb6-9b64-badabd5016c2","dc_title":"Verordening stimuleringsregeling afkoppelen hemelwater 2024-2026 - vastgesteld 06-02-2024","dc_type":"bijlage","foi_fairiscoreVersions":{"v1":1,"v2":1},"foi_fileName":"Z%2F23%2F198158%20-%20353034%20-.pdf","foi_nrPages":4}],"foi_nrDocuments":3,"foi_nrPagesInDossier":9,"foi_publishedDate":"2024-02-06","foi_retrievedDate":"2025-11-29"},{"dc_creator":"HandelingScraper_v1","dc_date_year":2024,"dc_description":"Vergadering van de Gemeente Beekdaelen op 2024-02-06. Onderdeel: Voorstel inzake nota weerstandsvermogen en risicomanagement.","dc_identifier":"nl.gm1954.2c.2024.2836600-13","dc_publisher":"gm1954","dc_source":"https://beekdaelen.bestuurlijkeinformatie.nl/Agenda/Index/1357425c-3d19-4ace-8692-1f425161ccb2","dc_title":"Raadsvergadering 2024-02-06 - Voorstel inzake nota weerstandsvermogen en risicomanagement","dc_type":"2c","dc_type_description":"Vergaderstuk decentrale overheid","foi_fairiscoreVersions":{"v1":2,"v2":2},"foi_files":[{"dc_format":"application/pdf","dc_identifier":"nl.gm1954.2c.2024.2836600-13.doc.4","dc_source":"https://api1.ibabs.eu/publicdownload.aspx?site=Beekdaelen&id=f80e3d08-373a-4284-b46f-7d58d2d72941","dc_title":"Bijlage 2 Geactualiseerd risicoprofiel AANGEPAST NAV AUDITCOMMISSIE","dc_type":"bijlage","foi_fairiscoreVersions":{"v1":1,"v2":1},"foi_fileName":"Bijlage%202%20geactualiseerd%20risicoprofiel.pdf","foi_nrPages":5},{"dc_format":"application/pdf","dc_identifier":"nl.gm1954.2c.2024.2836600-13.doc.1","dc_source":"https://api1.ibabs.eu/publicdownload.aspx?site=Beekdaelen&id=3fb65dde-5694-4102-bb1d-bdd0ae5d77a5","dc_title":"Raadsvoorstel Nota weerstandsvermogen en risicomanagement","dc_type":"bijlage","foi_fairiscoreVersions":{"v1":1,"v2":1},"foi_fileName":"Z%2F24%2F199762%20-%20355728%20-%20Nota%20weerstandsvermogen%20en%20risicomanagement.pdf","foi_nrPages":2},{"dc_format":"application/pdf","dc_identifier":"nl.gm1954.2c.2024.2836600-13.doc.2","dc_source":"https://api1.ibabs.eu/publicdownload.aspx?site=Beekdaelen&id=cde9ddfc-3449-4d86-a2e2-ce510da23bf9","dc_title":"Raadsbesluit Nota weerstandsvermogen en risicomanagement - vastgesteld 06-02-2024","dc_type":"bijlage","foi_fairiscoreVersions":{"v1":1,"v2":1},"foi_fileName":"Z%2F24%2F199762%20-%20355729%20-%20Nota%20weerstandsvermogen%20en%20risicomanagement.pdf","foi_nrPages":1},{"dc_format":"application/pdf","dc_identifier":"nl.gm1954.2c.2024.2836600-13.doc.3","dc_source":"https://api1.ibabs.eu/publicdownload.aspx?site=Beekdaelen&id=7c2115c2-26e8-487a-9b06-5787b2fc2dc0","dc_title":"Bijlage 1 Nota weerstandsvermogen en risicomanagement","dc_type":"bijlage","foi_fairiscoreVersions":{"v1":2,"v2":2},"foi_fileName":"Z%2F24%2F199762%20-%20355730%20-%20Nota%20weerstandsvermogen%20en%20risicomanagement.pdf","foi_nrPages":11},{"dc_format":"application/pdf","dc_identifier":"nl.gm1954.2c.2024.2836600-13.doc.5","dc_source":"https://api1.ibabs.eu/publicdownload.aspx?site=Beekdaelen&id=f59572e7-916e-46e0-9659-db9a1614492b","dc_title":"Bijlage 2 Geactualiseerd risicoprofiel (18-01-2024) VERVALLEN","dc_type":"bijlage","foi_fairiscoreVersions":{"v1":1,"v2":1},"foi_fileName":"Z%2F24%2F199762%20-%20355732%20-%20Bijlage%202%20Geactualiseerd%20risicoprofiel%20%2818-01-2024%29.pdf","foi_nrPages":5}],"foi_nrDocuments":5,"foi_nrPagesInDossier":24,"foi_publishedDate":"2024-02-06","foi_retrievedDate":"2025-11-29"},{"dc_creator":"HandelingScraper_v1","dc_date_year":2024,"dc_description":"Vergadering van de Gemeente Beekdaelen op 2024-02-06. Onderdeel: Voorstel inzake wijziging gemeenschappelijke regeling Stadsregio Parkstad Limburg.","dc_identifier":"nl.gm1954.2c.2024.2836600-14","dc_publisher":"gm1954","dc_source":"https://beekdaelen.bestuurlijkeinformatie.nl/Agenda/Index/1357425c-3d19-4ace-8692-1f425161ccb2","dc_title":"Raadsvergadering 2024-02-06 - Voorstel inzake wijziging gemeenschappelijke regeling Stadsregio Parkstad Limburg","dc_type":"2c","dc_type_description":"Vergaderstuk decentrale overheid","foi_fairiscoreVersions":{"v1":null,"v2":null},"foi_files":[{"dc_format":"application/pdf","dc_identifier":"nl.gm1954.2c.2024.2836600-14.doc.13","dc_source":"https://api1.ibabs.eu/publicdownload.aspx?site=Beekdaelen&id=a77de084-0720-49fc-bee1-db80c277896b","dc_title":"Antwoord op de vraag van R. Swelsen mbt verhouding SOK waterklaar en wijziging GR","dc_type":"bijlage","foi_fileName":"Antwoord%20op%20de%20vraag%20van%20R.pdf"},{"dc_format":"application/pdf","dc_identifier":"nl.gm1954.2c.2024.2836600-14.doc.11","dc_source":"https://api1.ibabs.eu/publicdownload.aspx?site=Beekdaelen&id=6d5221bf-9e26-4cbd-8f8f-d83b91c18ea6","dc_title":"Collegebesluit inzake  samenwerkingsovereenkomst Waterwerkregio Parkstad","dc_type":"bijlage","foi_fileName":"Collegebesluit%20inzake%20%20samenwerkingsovereenkomst%20Waterwerkregio%20Parkstad.pdf"},{"dc_format":"application/pdf","dc_identifier":"nl.gm1954.2c.2024.2836600-14.doc.9","dc_source":"https://api1.ibabs.eu/publicdownload.aspx?site=Beekdaelen&id=fbcd1985-e503-42ff-971f-b811b26dca0b","dc_title":"MvA openstaande vragen","dc_type":"bijlage","foi_fileName":"MvA%20openstaande%20vragen.pdf"},{"dc_format":"application/pdf","dc_identifier":"nl.gm1954.2c.2024.2836600-14.doc.10","dc_source":"https://api1.ibabs.eu/publicdownload.aspx?site=Beekdaelen&id=c85c0204-b9e0-4bac-8518-78f23d5843ef","dc_title":"MvA vervolgvragen D66","dc_type":"bijlage","foi_fileName":"MvA%20vervolgvragen%20D66.pdf"},{"dc_format":"application/pdf","dc_identifier":"nl.gm1954.2c.2024.2836600-14.doc.12","dc_source":"https://api1.ibabs.eu/publicdownload.aspx?site=Beekdaelen&id=488d18a9-81aa-4bbf-94ff-93aa37a36c6d","dc_title":"Samenwerkingsovereenkomst werkregio Parkstad","dc_type":"bijlage","foi_fileName":"Samenwerkingsovereenkomst%20werkregio%20Parkstad.pdf"},{"dc_format":"application/pdf","dc_identifier":"nl.gm1954.2c.2024.2836600-14.doc.1","dc_source":"https://api1.ibabs.eu/publicdownload.aspx?site=Beekdaelen&id=7c350376-4730-4022-b747-f43661f650d0","dc_title":"Raadsvoorstel inzake wijziging gemeenschappelijke regeling Stadsregio Parkstad Limburg","dc_type":"bijlage","foi_fileName":"Z%2F23%2F198312%20-%20352822%20-%20Wijziging%20gemeenschappelijke%20regeling%20Stadsregio%20Parkstad%20Limburg.pdf"},{"dc_format":"application/pdf","dc_identifier":"nl.gm1954.2c.2024.2836600-14.doc.2","dc_source":"https://api1.ibabs.eu/publicdownload.aspx?site=Beekdaelen&id=b07ac33b-b443-4f90-be36-209213089b93","dc_title":"Raadsbesluit inzake wijziging gemeenschappelijke regeling Stadsregio Parkstad Limburg - vastgesteld 06-02-2024","dc_type":"bijlage","foi_fileName":"Z%2F23%2F198312%20-%20352823%20-%20Wijziging%20gemeenschappelijke%20regeling%20Stadsregio%20Parkstad%20Limburg.pdf"},{"dc_format":"application/pdf","dc_identifier":"nl.gm1954.2c.2024.2836600-14.doc.8","dc_source":"https://api1.ibabs.eu/publicdownload.aspx?site=Beekdaelen&id=1797b9a8-d21a-4daa-9586-8180dcf2ee14","dc_title":"Bijlage: Conceptbrief raad inzake zienswijze op ontwerpregeling GR Stadsregio Parkstad","dc_type":"bijlage","foi_fileName":"Z%2F23%2F198312%20-%20353761%20-%20Zienswijze%20ontwerpwijziging%20gemeenschappelijke%20regeling%20Stadsregio%20Parkstad%20Limburg.pdf"},{"dc_format":"application/pdf","dc_identifier":"nl.gm1954.2c.2024.2836600-14.doc.7","dc_source":"https://api1.ibabs.eu/publicdownload.aspx?site=Beekdaelen&id=4d6af583-5fa3-46d2-a4b9-a69cb9887964","dc_title":"Bijlage: Schone versie Ontwerpwijziging GR Stadsregio Parkstad 2024","dc_type":"bijlage","foi_fileName":"Z%2F23%2F198312%20-%20353775%20-%20Ontwerpwijziging%20GR%20Stadsregio%20Parkstad%202024%20schoon.pdf"},{"dc_format":"application/pdf","dc_identifier":"nl.gm1954.2c.2024.2836600-14.doc.5","dc_source":"https://api1.ibabs.eu/publicdownload.aspx?site=Beekdaelen&id=62510905-11a0-474b-b939-1a2e0f8ca5b4","dc_title":"Bijlage: Wijzigingenoverzicht t.o.v. GR SPL van 1 mei 2021","dc_type":"bijlage","foi_fileName":"Z%2F23%2F198312%20-%20353776%20-%20Wijzigingenoverzicht%20GR%20Stadsregio%20Parkstad%202024.pdf"},{"dc_format":"application/pdf","dc_identifier":"nl.gm1954.2c.2024.2836600-14.doc.6","dc_source":"https://api1.ibabs.eu/publicdownload.aspx?site=Beekdaelen&id=accf30b0-e95d-4f11-9dfb-7ad02511e25d","dc_title":"Bijlage: Ontwerpregeling met wijzigingen en doorhalingen GR Stadsregio Parkstad","dc_type":"bijlage","foi_fileName":"Z%2F23%2F198312%20-%20353777%20-%20Ontwerpregeling%20met%20wijzigingen%20GR%20Stadsregio%20Parkstad.pdf"},{"dc_format":"application/pdf","dc_identifier":"nl.gm1954.2c.2024.2836600-14.doc.4","dc_source":"https://api1.ibabs.eu/publicdownload.aspx?site=Beekdaelen&id=a5f12a30-44e8-415d-9ec4-fd4bc933bdc1","dc_title":"Bijlage: Vigerende versie Blauwe Schema Stadsregio Parkstad","dc_type":"bijlage","foi_fileName":"Z%2F23%2F198312%20-%20353778%20-%20Vigerende%20versie%20Blauwe%20Schema%20Stadsregio%20Parkstad.pdf"},{"dc_format":"application/pdf","dc_identifier":"nl.gm1954.2c.2024.2836600-14.doc.3","dc_source":"https://api1.ibabs.eu/publicdownload.aspx?site=Beekdaelen&id=d04090e6-7ad3-47c1-824c-39ed01d054dc","dc_title":"Bijlage: Geactualiseerd Blauwe Schema Stadsregio Parkstad","dc_type":"bijlage","foi_fileName":"Z%2F23%2F198312%20-%20353780%20-%20Geactualiseerd%20Blauwe%20Schema%20Stadsregio%20Parkstad.pdf"}],"foi_nrDocuments":13,"foi_nrPagesInDossier":0,"foi_publishedDate":"2024-02-06","foi_retrievedDate":"2025-11-30"},{"dc_creator":"HandelingScraper_v1","dc_date_year":2024,"dc_description":"Vergadering van de Gemeente Beekdaelen op 2024-02-06. Onderdeel: Voorstel inzake werken aan de Omgevingsvisie - Kernvisie Beekdaelen.","dc_identifier":"nl.gm1954.2c.2024.2836600-15","dc_publisher":"gm1954","dc_source":"https://beekdaelen.bestuurlijkeinformatie.nl/Agenda/Index/1357425c-3d19-4ace-8692-1f425161ccb2","dc_title":"Raadsvergadering 2024-02-06 - Voorstel inzake werken aan de Omgevingsvisie - Kernvisie Beekdaelen","dc_type":"2c","dc_type_description":"Vergaderstuk decentrale overheid","foi_fairiscoreVersions":{"v1":2,"v2":2},"foi_files":[{"dc_format":"application/pdf","dc_identifier":"nl.gm1954.2c.2024.2836600-15.doc.6","dc_source":"https://api1.ibabs.eu/publicdownload.aspx?site=Beekdaelen&id=fb3f2763-5818-4eaf-b549-56d4450a5dde","dc_title":"Bijlage 4a Werken aan de Omgevingsvisie - Kernvisie (def) versie 23012024","dc_type":"bijlage","foi_fairiscoreVersions":{"v1":1,"v2":1},"foi_fileName":"Kernvisie%20%28def%29%20X%20versie%2023012024.pdf","foi_nrPages":4},{"dc_format":"application/pdf","dc_identifier":"nl.gm1954.2c.2024.2836600-15.doc.8","dc_source":"https://api1.ibabs.eu/publicdownload.aspx?site=Beekdaelen&id=d2d1db48-72da-44f3-b85e-26550b788210","dc_title":"Bijlage 4b: Werken aan de Omgevingsvisie - Kernvisie (was-wordt) versie 23012024","dc_type":"bijlage","foi_fairiscoreVersions":{"v1":1,"v2":1},"foi_fileName":"Kernvisie%20%28was-wordt%29%20%28def%29%20Y%20versie%2023012024.pdf","foi_nrPages":5},{"dc_format":"application/pdf","dc_identifier":"nl.gm1954.2c.2024.2836600-15.doc.2","dc_source":"https://api1.ibabs.eu/publicdownload.aspx?site=Beekdaelen&id=48702522-526a-4225-9205-2d6077ed31a0","dc_title":"Nota van wijziging raadsvoorstel kernvisie Beekdaelen","dc_type":"bijlage","foi_fairiscoreVersions":{"v1":1,"v2":1},"foi_fileName":"Nota%20van%20wijziging%20raadsvoorstel%20kernvisie.pdf","foi_nrPages":1},{"dc_format":"application/pdf","dc_identifier":"nl.gm1954.2c.2024.2836600-15.doc.3","dc_source":"https://api1.ibabs.eu/publicdownload.aspx?site=Beekdaelen&id=1e6fa92e-f1c4-4a9e-afa3-b40f670e0747","dc_title":"Raadsbesluit inzake werken aan de Omgevingsvisie - Kernvisie Beekdaelen (conform nota van wijziging) - vastgesteld 06-02-2024","dc_type":"bijlage","foi_fairiscoreVersions":{"v1":2,"v2":1},"foi_fileName":"Raadsbesluit%20-%20werken%20aan%20de%20Omgevingsvisie%20-%20Kernvisie%20Beekdaelen%20%28conform%20nota%20van%20wijziging%29.pdf","foi_nrPages":2},{"dc_format":"application/pdf","dc_identifier":"nl.gm1954.2c.2024.2836600-15.doc.1","dc_source":"https://api1.ibabs.eu/publicdownload.aspx?site=Beekdaelen&id=749e7f07-0fc8-4733-8f7b-bf96190bea0b","dc_title":"Raadsvoorstel inzake werken aan de Omgevingsvisie - Kernvisie Beekdaelen (conform nota van wijziging)","dc_type":"bijlage","foi_fairiscoreVersions":{"v1":1,"v2":1},"foi_fileName":"Raadsvoorstel%20-%20werken%20aan%20de%20Omgevingsvisie%20-%20Kernvisie%20Beekdaelen%20%28conform%20nota%20van%20wijziging%29.pdf","foi_nrPages":3},{"dc_format":"application/pdf","dc_identifier":"nl.gm1954.2c.2024.2836600-15.doc.9","dc_source":"https://api1.ibabs.eu/publicdownload.aspx?site=Beekdaelen&id=28012603-218b-4521-b0fc-880794a285c8","dc_title":"VERVALLEN Raadsvoorstel inzake werken aan de Omgevingsvisie \u2013 Kernvisie Beekdaelen","dc_type":"bijlage","foi_fairiscoreVersions":{"v1":1,"v2":1},"foi_fileName":"Z%2F23%2F198377%20-%20352971%20-%20Omgevingsvisie%20-%20kernvisie.pdf","foi_nrPages":3},{"dc_format":"application/pdf","dc_identifier":"nl.gm1954.2c.2024.2836600-15.doc.10","dc_source":"https://api1.ibabs.eu/publicdownload.aspx?site=Beekdaelen&id=2ba84009-7ca7-4dd2-a3ec-e7d48544093d","dc_title":"VERVALLEN Raadsbesluit inzake werken aan de Omgevingsvisie - Kernvisie Beekdaelen","dc_type":"bijlage","foi_fairiscoreVersions":{"v1":1,"v2":1},"foi_fileName":"Z%2F23%2F198377%20-%20352972%20-%20Omgevingsvisie%20-%20kernvisie.pdf","foi_nrPages":1},{"dc_format":"application/pdf","dc_identifier":"nl.gm1954.2c.2024.2836600-15.doc.4","dc_source":"https://api1.ibabs.eu/publicdownload.aspx?site=Beekdaelen&id=2cb72afb-5cf7-477d-8b31-dc6a2fe0e0e3","dc_title":"Bijlage 1: Participatieverslag Omgevingsvisie, d.d. 7 juli 2023","dc_type":"bijlage","foi_fairiscoreVersions":{"v1":2,"v2":2},"foi_fileName":"Z%2F23%2F198377%20-%20352973%20-%20Participatieverslag.pdf","foi_nrPages":41},{"dc_format":"application/pdf","dc_identifier":"nl.gm1954.2c.2024.2836600-15.doc.7","dc_source":"https://api1.ibabs.eu/publicdownload.aspx?site=Beekdaelen&id=dc4956bc-674a-4e79-8fc7-dceb8cc3fecb","dc_title":"Bijlage 3: Samenvatting gespreksverslagen raadsfracties inclusief ambtelijke advies","dc_type":"bijlage","foi_fairiscoreVersions":{"v1":1,"v2":1},"foi_fileName":"Z%2F23%2F198377%20-%20352980%20-%20Gespreksverslag%20%2B%20ambtelijk%20advies.pdf","foi_nrPages":15},{"dc_format":"application/pdf","dc_identifier":"nl.gm1954.2c.2024.2836600-15.doc.5","dc_source":"https://api1.ibabs.eu/publicdownload.aspx?site=Beekdaelen&id=3a0bcfd8-78eb-4fbe-843b-f24ecfe77bdc","dc_title":"Bijlage 2: Concept kernvisie \u2018Beekdaelen in 2040\u2019, d.d. 11 juli 2023","dc_type":"bijlage","foi_fairiscoreVersions":{"v1":1,"v2":1},"foi_fileName":"Z%2F23%2F198377%20-%20353632%20-%20Concept%20kernvisie.pdf","foi_nrPages":4}],"foi_nrDocuments":10,"foi_nrPagesInDossier":79,"foi_publishedDate":"2024-02-06","foi_retrievedDate":"2026-03-03"},{"dc_creator":"HandelingScraper_v1","dc_date_year":2024,"dc_description":"Vergadering van de Gemeente Beekdaelen op 2024-02-06. Onderdeel: Vaststelling lijst ingekomen stukken.","dc_identifier":"nl.gm1954.2c.2024.2836600-16","dc_publisher":"gm1954","dc_source":"https://beekdaelen.bestuurlijkeinformatie.nl/Agenda/Index/1357425c-3d19-4ace-8692-1f425161ccb2","dc_title":"Raadsvergadering 2024-02-06 - Vaststelling lijst ingekomen stukken","dc_type":"2c","dc_type_description":"Vergaderstuk decentrale overheid","foi_fairiscoreVersions":{"v1":1,"v2":1},"foi_files":[{"dc_format":"application/pdf","dc_identifier":"nl.gm1954.2c.2024.2836600-16.doc.1","dc_source":"https://api1.ibabs.eu/publicdownload.aspx?site=Beekdaelen&id=3fd3efaf-ed47-472f-8d72-feb4f6efd0e4","dc_title":"Lijst ingekomen stukken raad versie 01-02-2024 - vastgesteld 06-02-2024","dc_type":"bijlage","foi_fairiscoreVersions":{"v1":1,"v2":1},"foi_fileName":"Lijst%20ingekomen%20stukken%20raad%20versie%2001-02-2024.pdf","foi_nrPages":6}],"foi_nrDocuments":1,"foi_nrPagesInDossier":6,"foi_publishedDate":"2024-02-06","foi_retrievedDate":"2026-03-06"},{"dc_creator":"HandelingScraper_v1","dc_date_year":2024,"dc_description":"Vergadering van de Gemeente Beekdaelen op 2024-02-06. Onderdeel: Motie vreemd aan de orde van de dag GroenLinks inzake OLS voor iedereen INGETROKKEN.","dc_identifier":"nl.gm1954.2c.2024.2836600-17","dc_publisher":"gm1954","dc_source":"https://beekdaelen.bestuurlijkeinformatie.nl/Agenda/Index/1357425c-3d19-4ace-8692-1f425161ccb2","dc_title":"Raadsvergadering 2024-02-06 - Motie vreemd aan de orde van de dag GroenLinks inzake OLS voor iedereen INGETROKKEN","dc_type":"2c","dc_type_description":"Vergaderstuk decentrale overheid","foi_fairiscoreVersions":{"v1":1,"v2":1},"foi_files":[{"dc_format":"application/pdf","dc_identifier":"nl.gm1954.2c.2024.2836600-17.doc.1","dc_source":"https://api1.ibabs.eu/publicdownload.aspx?site=Beekdaelen&id=aaea66d8-6d95-44fd-8a97-06c912363e75","dc_title":"Motie GL inzake het OLS voor iedereen INGETROKKEN","dc_type":"bijlage","foi_fairiscoreVersions":{"v1":1,"v2":1},"foi_fileName":"Motie%20GL%20inzake%20het%20OLS%20voor%20iedereen%20INGETROKKEN.pdf","foi_nrPages":1}],"foi_nrDocuments":1,"foi_nrPagesInDossier":1,"foi_publishedDate":"2024-02-06","foi_retrievedDate":"2026-03-14"},{"dc_creator":"HandelingScraper_v1","dc_date_year":2024,"dc_description":"Vergadering van de Gemeente Beekdaelen op 2024-02-06. Onderdeel: Motie vreemd aan de orde van de dag inzake financi\u00eble ondersteuning OLS AANGENOMEN.","dc_identifier":"nl.gm1954.2c.2024.2836600-18","dc_publisher":"gm1954","dc_source":"https://beekdaelen.bestuurlijkeinformatie.nl/Agenda/Index/1357425c-3d19-4ace-8692-1f425161ccb2","dc_title":"Raadsvergadering 2024-02-06 - Motie vreemd aan de orde van de dag inzake financi\u00eble ondersteuning OLS AANGENOMEN","dc_type":"2c","dc_type_description":"Vergaderstuk decentrale overheid","foi_fairiscoreVersions":{"v1":null,"v2":null},"foi_files":[{"dc_format":"application/pdf","dc_identifier":"nl.gm1954.2c.2024.2836600-18.doc.1","dc_source":"https://api1.ibabs.eu/publicdownload.aspx?site=Beekdaelen&id=1447451b-12d8-4195-a0d6-0a404e97fc43","dc_title":"Motie inzake financiele ondersteuning OLS AANGENOMEN","dc_type":"bijlage","foi_fileName":"Motie%20inzake%20financiele%20ondersteuning%20OLS%20AANGENOMEN.pdf"}],"foi_nrDocuments":1,"foi_nrPagesInDossier":0,"foi_publishedDate":"2024-02-06","foi_retrievedDate":"2025-11-30"},{"dc_creator":"HandelingScraper_v1","dc_date_year":2024,"dc_description":"Vergadering van de Gemeente Beekdaelen op 2024-02-06. Onderdeel: Interpellatiedebat inzake uitvoering motie sluiting de Kamp.","dc_identifier":"nl.gm1954.2c.2024.2836600-19","dc_publisher":"gm1954","dc_source":"https://beekdaelen.bestuurlijkeinformatie.nl/Agenda/Index/1357425c-3d19-4ace-8692-1f425161ccb2","dc_title":"Raadsvergadering 2024-02-06 - Interpellatiedebat inzake uitvoering motie sluiting de Kamp","dc_type":"2c","dc_type_description":"Vergaderstuk decentrale overheid","foi_fairiscoreVersions":{"v1":1,"v2":1},"foi_files":[{"dc_format":"application/pdf","dc_identifier":"nl.gm1954.2c.2024.2836600-19.doc.1","dc_source":"https://api1.ibabs.eu/publicdownload.aspx?site=Beekdaelen&id=6b609ac0-aeca-4ef8-a909-4ea41cdd2dec","dc_title":"Aanvraag interpellatiedebat inzake sluiting de Kamp","dc_type":"bijlage","foi_fairiscoreVersions":{"v1":1,"v2":1},"foi_fileName":"Aanvraag%20interpellatiedebat%20inzake%20sluiting%20de%20Kamp.pdf","foi_nrPages":2}],"foi_nrDocuments":1,"foi_nrPagesInDossier":2,"foi_publishedDate":"2024-02-06","foi_retrievedDate":"2026-01-22"},{"dc_creator":"HandelingScraper_v1","dc_date_year":2024,"dc_description":"Vergadering van de Gemeente Beekdaelen op 2024-02-06. Onderdeel: Vaststelling van de agenda.","dc_identifier":"nl.gm1954.2c.2024.2836600-2","dc_publisher":"gm1954","dc_source":"https://beekdaelen.bestuurlijkeinformatie.nl/Agenda/Index/1357425c-3d19-4ace-8692-1f425161ccb2","dc_title":"Raadsvergadering 2024-02-06 - Vaststelling van de agenda","dc_type":"2c","dc_type_description":"Vergaderstuk decentrale overheid","foi_fairiscoreVersions":{"v1":2,"v2":2},"foi_files":[{"dc_format":"application/pdf","dc_identifier":"nl.gm1954.2c.2024.2836600-2.doc.2","dc_source":"https://api1.ibabs.eu/publicdownload.aspx?site=Beekdaelen&id=85c855fe-3d0b-40b4-bfb2-6949a8c5e6f4","dc_title":"Beschrijving onderzoek overlast Slagboomsweg (geanonimiseerd)","dc_type":"bijlage","foi_fairiscoreVersions":{"v1":2,"v2":2},"foi_fileName":"6.1.5.pdf","foi_nrPages":1},{"dc_format":"application/pdf","dc_identifier":"nl.gm1954.2c.2024.2836600-2.doc.1","dc_source":"https://api1.ibabs.eu/publicdownload.aspx?site=Beekdaelen&id=2e6c4180-84c3-43ed-a6e5-c1cfa501d3b4","dc_title":"Aanvraag interpellatiedebat inzake sluiting de Kamp","dc_type":"bijlage","foi_fairiscoreVersions":{"v1":1,"v2":1},"foi_fileName":"Aanvraag%20interpellatiedebat%20inzake%20sluiting%20de%20Kamp.pdf","foi_nrPages":2},{"dc_format":"application/pdf","dc_identifier":"nl.gm1954.2c.2024.2836600-2.doc.3","dc_source":"https://api1.ibabs.eu/publicdownload.aspx?site=Beekdaelen&id=a4c75e27-c7ff-4c67-a7d9-13dcc873caa7","dc_title":"Motie inzake financiele ondersteuning OLS","dc_type":"bijlage","foi_fairiscoreVersions":{"v1":1,"v2":1},"foi_fileName":"Motie%20inzake%20financiele%20ondersteuning%20OLS.pdf","foi_nrPages":2}],"foi_nrDocuments":3,"foi_nrPagesInDossier":5,"foi_publishedDate":"2024-02-06","foi_retrievedDate":"2025-11-29"},{"dc_creator":"HandelingScraper_v1","dc_date_year":2024,"dc_description":"Vergadering van de Gemeente Beekdaelen op 2024-02-06. Onderdeel: Vaststellen besluitenlijst openbare raadsvergadering d.d. 19 december 2023.","dc_identifier":"nl.gm1954.2c.2024.2836600-3","dc_publisher":"gm1954","dc_source":"https://beekdaelen.bestuurlijkeinformatie.nl/Agenda/Index/1357425c-3d19-4ace-8692-1f425161ccb2","dc_title":"Raadsvergadering 2024-02-06 - Vaststellen besluitenlijst openbare raadsvergadering d.d. 19 december 2023","dc_type":"2c","dc_type_description":"Vergaderstuk decentrale overheid","foi_fairiscoreVersions":{"v1":1,"v2":1},"foi_files":[{"dc_format":"application/pdf","dc_identifier":"nl.gm1954.2c.2024.2836600-3.doc.1","dc_source":"https://api1.ibabs.eu/publicdownload.aspx?site=Beekdaelen&id=94e073fa-6d2d-45a7-aa32-56271cbb8bd8","dc_title":"Besluitenlijst raadsvergadering 19122023 - vastgesteld 06-02-2024","dc_type":"bijlage","foi_fairiscoreVersions":{"v1":1,"v2":1},"foi_fileName":"Besluitenlijst%20raadsvergadering%2019122023.pdf","foi_nrPages":10}],"foi_nrDocuments":1,"foi_nrPagesInDossier":10,"foi_publishedDate":"2024-02-06","foi_retrievedDate":"2025-11-29"},{"dc_creator":"HandelingScraper_v1","dc_date_year":2024,"dc_description":"Vergadering van de Gemeente Beekdaelen op 2024-02-06. Onderdeel: Voorstel inzake toelating en be\u00ebdiging mw. S.M.W. Voncken-Dieteren.","dc_identifier":"nl.gm1954.2c.2024.2836600-4","dc_publisher":"gm1954","dc_source":"https://beekdaelen.bestuurlijkeinformatie.nl/Agenda/Index/1357425c-3d19-4ace-8692-1f425161ccb2","dc_title":"Raadsvergadering 2024-02-06 - Voorstel inzake toelating en be\u00ebdiging mw. S.M.W. Voncken-Dieteren","dc_type":"2c","dc_type_description":"Vergaderstuk decentrale overheid","foi_fairiscoreVersions":{"v1":1,"v2":1},"foi_files":[{"dc_format":"application/pdf","dc_identifier":"nl.gm1954.2c.2024.2836600-4.doc.2","dc_source":"https://api1.ibabs.eu/publicdownload.aspx?site=Beekdaelen&id=8806fabb-0f0c-4324-813f-c9079143d263","dc_title":"Raadsbesluit inzake toelating en be\u00ebdiging mw. Voncken-Dieteren - vastgesteld 06-02-2024","dc_type":"bijlage","foi_fairiscoreVersions":{"v1":1,"v2":1},"foi_fileName":"Raadsbesluit%20inzake%20toelating%20mw.pdf","foi_nrPages":1},{"dc_format":"application/pdf","dc_identifier":"nl.gm1954.2c.2024.2836600-4.doc.1","dc_source":"https://api1.ibabs.eu/publicdownload.aspx?site=Beekdaelen&id=b3fb4159-7550-49cf-b618-1c5702b1f974","dc_title":"Raadsvoorstel inzake toelating en be\u00ebdiging mw. Voncken-Dieteren","dc_type":"bijlage","foi_fairiscoreVersions":{"v1":1,"v2":1},"foi_fileName":"Raadsvoorstel%20inzake%20toelating%20en%20beediging%20mw.pdf","foi_nrPages":1}],"foi_nrDocuments":2,"foi_nrPagesInDossier":2,"foi_publishedDate":"2024-02-06","foi_retrievedDate":"2025-11-29"},{"dc_creator":"HandelingScraper_v1","dc_date_year":2024,"dc_description":"Vergadering van de Gemeente Beekdaelen op 2024-02-06. Onderdeel: Voorstel inzake ontslag en benoeming burgercommissieleden.","dc_identifier":"nl.gm1954.2c.2024.2836600-5","dc_publisher":"gm1954","dc_source":"https://beekdaelen.bestuurlijkeinformatie.nl/Agenda/Index/1357425c-3d19-4ace-8692-1f425161ccb2","dc_title":"Raadsvergadering 2024-02-06 - Voorstel inzake ontslag en benoeming burgercommissieleden","dc_type":"2c","dc_type_description":"Vergaderstuk decentrale overheid","foi_fairiscoreVersions":{"v1":2,"v2":1},"foi_files":[{"dc_format":"application/pdf","dc_identifier":"nl.gm1954.2c.2024.2836600-5.doc.2","dc_source":"https://api1.ibabs.eu/publicdownload.aspx?site=Beekdaelen&id=cb1c688f-b637-4aa2-a553-118feffa74d2","dc_title":"Raadsbesluit inzake ontslag en benoeming burgercommissieleden - vastgesteld 06-02-2024","dc_type":"bijlage","foi_fairiscoreVersions":{"v1":1,"v2":1},"foi_fileName":"Raadsbesluit%20inzake%20ontslag%20en%20benoeming%20burgercommissieleden.pdf","foi_nrPages":1},{"dc_format":"application/pdf","dc_identifier":"nl.gm1954.2c.2024.2836600-5.doc.1","dc_source":"https://api1.ibabs.eu/publicdownload.aspx?site=Beekdaelen&id=cd6dfdf5-d93e-4983-9809-78ef788e2f47","dc_title":"Raadsvoorstel inzake ontslag en benoeming burgercommissieleden","dc_type":"bijlage","foi_fairiscoreVersions":{"v1":2,"v2":1},"foi_fileName":"Raadsvoorstel%20inzake%20ontslag%20en%20benoeming%20burgercommissieleden.pdf","foi_nrPages":2}],"foi_nrDocuments":2,"foi_nrPagesInDossier":3,"foi_publishedDate":"2024-02-06","foi_retrievedDate":"2025-11-29"},{"dc_creator":"HandelingScraper_v1","dc_date_year":2024,"dc_description":"Vergadering van de Gemeente Beekdaelen op 2024-02-06. Onderdeel: Voorstel inzake nota reserves en voorzieningen Beekdaelen 2024.","dc_identifier":"nl.gm1954.2c.2024.2836600-6","dc_publisher":"gm1954","dc_source":"https://beekdaelen.bestuurlijkeinformatie.nl/Agenda/Index/1357425c-3d19-4ace-8692-1f425161ccb2","dc_title":"Raadsvergadering 2024-02-06 - Voorstel inzake nota reserves en voorzieningen Beekdaelen 2024","dc_type":"2c","dc_type_description":"Vergaderstuk decentrale overheid","foi_fairiscoreVersions":{"v1":2,"v2":2},"foi_files":[{"dc_format":"application/pdf","dc_identifier":"nl.gm1954.2c.2024.2836600-6.doc.4","dc_source":"https://api1.ibabs.eu/publicdownload.aspx?site=Beekdaelen&id=e92e8c08-2851-4783-9b09-413ac8e3c9b0","dc_title":"Bijlage 1.1 Totaaloverzicht reserves en voorzieningen","dc_type":"bijlage","foi_fairiscoreVersions":{"v1":1,"v2":1},"foi_fileName":"Bijlage%201.pdf","foi_nrPages":4},{"dc_format":"application/pdf","dc_identifier":"nl.gm1954.2c.2024.2836600-6.doc.5","dc_source":"https://api1.ibabs.eu/publicdownload.aspx?site=Beekdaelen&id=397d2e56-6a89-479f-94a3-00e4209202d6","dc_title":"Bijlage 1.2 Notitie incidenteel - structureel BOFv 21 november 2023","dc_type":"bijlage","foi_fairiscoreVersions":{"v1":1,"v2":1},"foi_fileName":"Bijlage%201.pdf","foi_nrPages":3},{"dc_format":"application/pdf","dc_identifier":"nl.gm1954.2c.2024.2836600-6.doc.3","dc_source":"https://api1.ibabs.eu/publicdownload.aspx?site=Beekdaelen&id=625c2b1f-47d3-405a-a175-737b04282ff4","dc_title":"Bijlage 1 Nota reserves en voorzieningen 2024","dc_type":"bijlage","foi_fairiscoreVersions":{"v1":2,"v2":2},"foi_fileName":"Bijlage%201%20Nota%20reserves%20en%20voorzieningen%202024.pdf","foi_nrPages":38},{"dc_format":"application/pdf","dc_identifier":"nl.gm1954.2c.2024.2836600-6.doc.2","dc_source":"https://api1.ibabs.eu/publicdownload.aspx?site=Beekdaelen&id=5d259f7e-5857-4300-bf74-ab89e2c2479b","dc_title":"Raadsbesluit inzake nota reserves en voorzieningen 2024 - vastgesteld 06-02-2024","dc_type":"bijlage","foi_fairiscoreVersions":{"v1":1,"v2":1},"foi_fileName":"Raadsbesluit%20inzake%20nota%20reserves%20en%20voorzieningen%202024.pdf","foi_nrPages":2},{"dc_format":"application/pdf","dc_identifier":"nl.gm1954.2c.2024.2836600-6.doc.1","dc_source":"https://api1.ibabs.eu/publicdownload.aspx?site=Beekdaelen&id=dd61f069-29d7-430c-9bed-05ede40d1b6d","dc_title":"Raadsvoorstel inzake nota reserves en voorzieningen 2024","dc_type":"bijlage","foi_fairiscoreVersions":{"v1":1,"v2":1},"foi_fileName":"Raadsvoorstel%20inzake%20nota%20reserves%20en%20voorzieningen.pdf","foi_nrPages":2}],"foi_nrDocuments":5,"foi_nrPagesInDossier":49,"foi_publishedDate":"2024-02-06","foi_retrievedDate":"2025-11-29"},{"dc_creator":"HandelingScraper_v1","dc_date_year":2024,"dc_description":"Vergadering van de Gemeente Beekdaelen op 2024-02-06. Onderdeel: Voorstel inzake aanwijzing functionaris gegevensbescherming.","dc_identifier":"nl.gm1954.2c.2024.2836600-7","dc_publisher":"gm1954","dc_source":"https://beekdaelen.bestuurlijkeinformatie.nl/Agenda/Index/1357425c-3d19-4ace-8692-1f425161ccb2","dc_title":"Raadsvergadering 2024-02-06 - Voorstel inzake aanwijzing functionaris gegevensbescherming","dc_type":"2c","dc_type_description":"Vergaderstuk decentrale overheid","foi_fairiscoreVersions":{"v1":1,"v2":1},"foi_files":[{"dc_format":"application/pdf","dc_identifier":"nl.gm1954.2c.2024.2836600-7.doc.2","dc_source":"https://api1.ibabs.eu/publicdownload.aspx?site=Beekdaelen&id=2d7a6010-fa3f-4162-af59-0db7de3f4e63","dc_title":"Raadsbesluit inzake aanwijzing functionaris gegevensbescherming - vastgesteld 06-02-2024","dc_type":"bijlage","foi_fairiscoreVersions":{"v1":1,"v2":1},"foi_fileName":"raadsbesluit%20aanwijzing%20FG.pdf","foi_nrPages":1},{"dc_format":"application/pdf","dc_identifier":"nl.gm1954.2c.2024.2836600-7.doc.1","dc_source":"https://api1.ibabs.eu/publicdownload.aspx?site=Beekdaelen&id=2a446b3a-f045-4c10-b8e1-88a05a028fcb","dc_title":"Raadsvoorstel inzake aanwijzing functionaris gegevensbescherming","dc_type":"bijlage","foi_fairiscoreVersions":{"v1":1,"v2":1},"foi_fileName":"raadsvoorstel%20aanwijzing%20FG.pdf","foi_nrPages":2}],"foi_nrDocuments":2,"foi_nrPagesInDossier":3,"foi_publishedDate":"2024-02-06","foi_retrievedDate":"2025-11-29"},{"dc_creator":"HandelingScraper_v1","dc_date_year":2024,"dc_description":"Vergadering van de Gemeente Beekdaelen op 2024-02-06. Onderdeel: Voorstel inzake wijziging Algemene Plaatselijke Verordening Beekdaelen 2021.","dc_identifier":"nl.gm1954.2c.2024.2836600-8","dc_publisher":"gm1954","dc_source":"https://beekdaelen.bestuurlijkeinformatie.nl/Agenda/Index/1357425c-3d19-4ace-8692-1f425161ccb2","dc_title":"Raadsvergadering 2024-02-06 - Voorstel inzake wijziging Algemene Plaatselijke Verordening Beekdaelen 2021","dc_type":"2c","dc_type_description":"Vergaderstuk decentrale overheid","foi_fairiscoreVersions":{"v1":2,"v2":1},"foi_files":[{"dc_format":"application/pdf","dc_identifier":"nl.gm1954.2c.2024.2836600-8.doc.6","dc_source":"https://api1.ibabs.eu/publicdownload.aspx?site=Beekdaelen&id=f7a56265-233b-4ee6-a390-95bdff8b7ec9","dc_title":"Bijlage - Concept gewijzigde Algemene Plaatselijke Verordening Beekdaelen 2021 (na amendement) - vastgesteld 06-02-2024","dc_type":"bijlage","foi_fairiscoreVersions":{"v1":1,"v2":1},"foi_fileName":"Bijlage%20-%20Concept%20gewijzigde%20Algemene%20Plaatselijke%20Verordening%20Beekdaelen%202021%20%28na%20amendement%29.pdf","foi_nrPages":36},{"dc_format":"application/pdf","dc_identifier":"nl.gm1954.2c.2024.2836600-8.doc.7","dc_source":"https://api1.ibabs.eu/publicdownload.aspx?site=Beekdaelen&id=58cf5799-0b4c-48b3-8d85-376fd3cc9d74","dc_title":"Bijlage: Ledenbrief 21/054 VNG 1 juli 2021","dc_type":"bijlage","foi_fairiscoreVersions":{"v1":2,"v2":1},"foi_fileName":"Email.pdf","foi_nrPages":2},{"dc_format":"application/pdf","dc_identifier":"nl.gm1954.2c.2024.2836600-8.doc.8","dc_source":"https://api1.ibabs.eu/publicdownload.aspx?site=Beekdaelen&id=a7514a33-4e47-4f44-a795-ea36a8aa0e86","dc_title":"Bijlage: Ledenbrief 23/041 VNG 7 november 2023","dc_type":"bijlage","foi_fairiscoreVersions":{"v1":1,"v2":1},"foi_fileName":"email.pdf","foi_nrPages":1},{"dc_format":"application/pdf","dc_identifier":"nl.gm1954.2c.2024.2836600-8.doc.3","dc_source":"https://api1.ibabs.eu/publicdownload.aspx?site=Beekdaelen&id=7e2c12c5-7817-4e5b-a668-6108d0296dfe","dc_title":"Raadsbesluit inzake vaststellen gewijzigde Algemene plaatselijke verordening Beekdaelen 2021 GEAMENDEERD - vastgesteld 06-02-2024","dc_type":"bijlage","foi_fairiscoreVersions":{"v1":1,"v2":1},"foi_fileName":"Raadsbesluit%20inzake%20vaststellen%20gewijzigde%20Algemene%20plaatselijke%20verordening%20Beekdaelen%202021.pdf","foi_nrPages":1},{"dc_format":"application/pdf","dc_identifier":"nl.gm1954.2c.2024.2836600-8.doc.5","dc_source":"https://api1.ibabs.eu/publicdownload.aspx?site=Beekdaelen&id=3cd8fb27-fb90-4df8-b198-b35e5d2f7159","dc_title":"Bijlage: Overzicht inhoudelijke wijzigingen","dc_type":"bijlage","foi_fairiscoreVersions":{"v1":1,"v2":1},"foi_fileName":"Z%2F22%2F183493%20-%20341000%20-%20Overzicht%20inhoudelijke%20wijzigingen.pdf","foi_nrPages":6},{"dc_format":"application/pdf","dc_identifier":"nl.gm1954.2c.2024.2836600-8.doc.1","dc_source":"https://api1.ibabs.eu/publicdownload.aspx?site=Beekdaelen&id=5cb331ce-d48b-427f-a45e-d7c9dfda3358","dc_title":"Raadsvoorstel wijziging Algemene plaatselijke verordening Beekdaelen 2021","dc_type":"bijlage","foi_fairiscoreVersions":{"v1":1,"v2":1},"foi_fileName":"Z%2F22%2F183493%20-%20341003%20-%20Raadsvoorstel%20wijziging%20Algemene%20plaatselijke%20verordening%20Beekdaelen%202021.pdf","foi_nrPages":2},{"dc_format":"application/pdf","dc_identifier":"nl.gm1954.2c.2024.2836600-8.doc.4","dc_source":"https://api1.ibabs.eu/publicdownload.aspx?site=Beekdaelen&id=0a6743ad-dc4c-4dae-a62b-5ecb3401640b","dc_title":"Raadsbesluit inzake vaststellen gewijzigde Algemene plaatselijke verordening Beekdaelen 2021 VERVALLEN","dc_type":"bijlage","foi_fairiscoreVersions":{"v1":1,"v2":1},"foi_fileName":"Z%2F22%2F183493%20-%20341004%20-%20Raadsbesluit%20inzake%20vaststellen%20gewijzigde%20Algemene%20plaatselijke%20verordening%20Beekdaelen%202021.pdf","foi_nrPages":1},{"dc_format":"application/pdf","dc_identifier":"nl.gm1954.2c.2024.2836600-8.doc.9","dc_source":"https://api1.ibabs.eu/publicdownload.aspx?site=Beekdaelen&id=c1098afd-55db-4faf-92c9-bb219385bba7","dc_title":"Bijlage: Memorie van toelichting gestelde vragen tijdens commissievergadering 24-1-2024","dc_type":"bijlage","foi_fairiscoreVersions":{"v1":1,"v2":1},"foi_fileName":"Z%2F22%2F183493%20-%20356289%20-%20Memorie%20van%20toelichting%20gestelde%20vragen%20tijdens%20commissievergadering%2024-1-2024.pdf","foi_nrPages":4},{"dc_format":"application/pdf","dc_identifier":"nl.gm1954.2c.2024.2836600-8.doc.2","dc_source":"https://api1.ibabs.eu/publicdownload.aspx?site=Beekdaelen&id=8ba9cddb-9827-4039-84ef-44d8ac5ed9ef","dc_title":"Nota van wijziging betreffende APV Beekdaelen 2021","dc_type":"bijlage","foi_fairiscoreVersions":{"v1":1,"v2":1},"foi_fileName":"Z%2F22%2F183493%20-%20356386%20-%20Nota%20van%20wijzigingen%20betreffende%20APV%20Beekdaelen%202021.pdf","foi_nrPages":2}],"foi_nrDocuments":9,"foi_nrPagesInDossier":55,"foi_publishedDate":"2024-02-06","foi_retrievedDate":"2025-11-29"},{"dc_creator":"HandelingScraper_v1","dc_date_year":2024,"dc_description":"Vergadering van de Gemeente Beekdaelen op 2024-02-06. Onderdeel: Amendement VVD inzake wijziging term in APV.","dc_identifier":"nl.gm1954.2c.2024.2836600-9","dc_publisher":"gm1954","dc_source":"https://beekdaelen.bestuurlijkeinformatie.nl/Agenda/Index/1357425c-3d19-4ace-8692-1f425161ccb2","dc_title":"Raadsvergadering 2024-02-06 - Amendement VVD inzake wijziging term in APV","dc_type":"2c","dc_type_description":"Vergaderstuk decentrale overheid","foi_fairiscoreVersions":{"v1":1,"v2":1},"foi_files":[{"dc_format":"application/pdf","dc_identifier":"nl.gm1954.2c.2024.2836600-9.doc.1","dc_source":"https://api1.ibabs.eu/publicdownload.aspx?site=Beekdaelen&id=1d24c567-88d4-4353-bdce-da2b1d873f53","dc_title":"Amendement VVD inzake wijziging term in APV UNANIEM AANGENOMEN","dc_type":"bijlage","foi_fairiscoreVersions":{"v1":1,"v2":1},"foi_fileName":"Amendement%20VVD%20inzake%20wijziging%20term%20in%20APV%20UNANIEM%20AANGENOMEN.pdf","foi_nrPages":1}],"foi_nrDocuments":1,"foi_nrPagesInDossier":1,"foi_publishedDate":"2024-02-06","foi_retrievedDate":"2025-11-29"},{"dc_creator":"HandelingScraper_v1","dc_date_year":2024,"dc_description":"Vergadering van de Gemeente Beekdaelen op 2024-02-28. Onderdeel: Vaststellen concept-agenda.","dc_identifier":"nl.gm1954.2c.2024.2836668-1","dc_publisher":"gm1954","dc_source":"https://beekdaelen.bestuurlijkeinformatie.nl/Agenda/Index/24628903-29c8-471d-a458-91158dbb2278","dc_title":"BDN Commissie AWACS Limburg 2024-02-28 - Vaststellen concept-agenda","dc_type":"2c","dc_type_description":"Vergaderstuk decentrale overheid","foi_fairiscoreVersions":{"v1":1,"v2":1},"foi_files":[{"dc_format":"application/pdf","dc_identifier":"nl.gm1954.2c.2024.2836668-1.doc.1","dc_source":"https://api1.ibabs.eu/publicdownload.aspx?site=Beekdaelen&id=5e842e49-e5f2-4a1f-ba96-522f0dc89318","dc_title":"001-CAL-AWACS-2024-Concept-agenda 28-02-2024","dc_type":"bijlage","foi_fairiscoreVersions":{"v1":1,"v2":1},"foi_fileName":"001-CAL-AWACS-2024-Concept-agenda%2028-02-2024.pdf","foi_nrPages":2}],"foi_nrDocuments":1,"foi_nrPagesInDossier":2,"foi_publishedDate":"2024-02-28","foi_retrievedDate":"2026-03-04"},{"dc_creator":"HandelingScraper_v1","dc_date_year":2024,"dc_description":"Vergadering van de Gemeente Beekdaelen op 2024-02-28. Onderdeel: Vragen Beekdaelen en Brunssum n.a.v. persbericht (010-CAL-AWACS-2024).","dc_identifier":"nl.gm1954.2c.2024.2836668-10","dc_publisher":"gm1954","dc_source":"https://beekdaelen.bestuurlijkeinformatie.nl/Agenda/Index/24628903-29c8-471d-a458-91158dbb2278","dc_title":"BDN Commissie AWACS Limburg 2024-02-28 - Vragen Beekdaelen en Brunssum n.a.v. persbericht (010-CAL-AWACS-2024)","dc_type":"2c","dc_type_description":"Vergaderstuk decentrale overheid","foi_fairiscoreVersions":{"v1":2,"v2":1},"foi_files":[{"dc_format":"application/pdf","dc_identifier":"nl.gm1954.2c.2024.2836668-10.doc.1","dc_source":"https://api1.ibabs.eu/publicdownload.aspx?site=Beekdaelen&id=036cc0fc-b26a-4d9d-9b8a-83b5f7e91b32","dc_title":"010-CAL-AWACS-2024 Vragen Beekdaelen en Brunssum n.a.v. aanschaf nieuwe toestellen","dc_type":"bijlage","foi_fairiscoreVersions":{"v1":2,"v2":1},"foi_fileName":"010-CAL-AWACS-2024%20Vragen%20Beekdaelen%20en%20Brunssum%20n.a.v.pdf","foi_nrPages":13}],"foi_nrDocuments":1,"foi_nrPagesInDossier":13,"foi_publishedDate":"2024-02-28","foi_retrievedDate":"2026-03-07"},{"dc_creator":"HandelingScraper_v1","dc_date_year":2024,"dc_description":"Vergadering van de Gemeente Beekdaelen op 2024-02-28. Onderdeel: Presentatie Ministerie van Defensie n.a.v. vragen gemeenten (011-CAL-AWACS-2024 - NAGEZONDEN VERBETERDE VERSIE 5-3-2024).","dc_identifier":"nl.gm1954.2c.2024.2836668-11","dc_publisher":"gm1954","dc_source":"https://beekdaelen.bestuurlijkeinformatie.nl/Agenda/Index/24628903-29c8-471d-a458-91158dbb2278","dc_title":"BDN Commissie AWACS Limburg 2024-02-28 - Presentatie Ministerie van Defensie n.a.v. vragen gemeenten (011-CAL-AWACS-2024 - NAGEZONDEN VERBETERDE VERSIE 5-3-2024)","dc_type":"2c","dc_type_description":"Vergaderstuk decentrale overheid","foi_fairiscoreVersions":{"v1":2,"v2":1},"foi_files":[{"dc_format":"application/pdf","dc_identifier":"nl.gm1954.2c.2024.2836668-11.doc.1","dc_source":"https://api1.ibabs.eu/publicdownload.aspx?site=Beekdaelen&id=4003b5d5-67a4-4400-843b-b4f26e13ce48","dc_title":"011-CAL-AWACS-2024 Presentatie iAFSC Verbeterde versie d.d. 5 maart 2024","dc_type":"bijlage","foi_fairiscoreVersions":{"v1":2,"v2":1},"foi_fileName":"011-CAL-AWACS-2024%20Presentatie%20iAFSC%20Verbeterde%20versie%20d.d.pdf","foi_nrPages":11}],"foi_nrDocuments":1,"foi_nrPagesInDossier":11,"foi_publishedDate":"2024-02-28","foi_retrievedDate":"2026-02-05"},{"dc_creator":"HandelingScraper_v1","dc_date_year":2024,"dc_description":"Vergadering van de Gemeente Beekdaelen op 2024-02-28. Onderdeel: Brief gemeenten aan de Staatssecretaris van Defensie (024-CAL-AWACS-2023).","dc_identifier":"nl.gm1954.2c.2024.2836668-12","dc_publisher":"gm1954","dc_source":"https://beekdaelen.bestuurlijkeinformatie.nl/Agenda/Index/24628903-29c8-471d-a458-91158dbb2278","dc_title":"BDN Commissie AWACS Limburg 2024-02-28 - Brief gemeenten aan de Staatssecretaris van Defensie (024-CAL-AWACS-2023)","dc_type":"2c","dc_type_description":"Vergaderstuk decentrale overheid","foi_fairiscoreVersions":{"v1":1,"v2":1},"foi_files":[{"dc_format":"application/pdf","dc_identifier":"nl.gm1954.2c.2024.2836668-12.doc.1","dc_source":"https://api1.ibabs.eu/publicdownload.aspx?site=Beekdaelen&id=a4771e42-c64f-4103-8c71-72f608353661","dc_title":"024-CAL-AWACS-2023-Brief aan staatssecretaris van Defensie_15-05-2023","dc_type":"bijlage","foi_fairiscoreVersions":{"v1":1,"v2":1},"foi_fileName":"024-CAL-AWACS-2023-Brief%20aan%20staatssecretaris%20van%20Defensie_15-05-2023.pdf","foi_nrPages":24}],"foi_nrDocuments":1,"foi_nrPagesInDossier":24,"foi_publishedDate":"2024-02-28","foi_retrievedDate":"2026-03-04"},{"dc_creator":"HandelingScraper_v1","dc_date_year":2024,"dc_description":"Vergadering van de Gemeente Beekdaelen op 2024-02-28. Onderdeel: Reactie Ministerie van Defensie aan gemeenten (012-CAL-AWACS-2024).","dc_identifier":"nl.gm1954.2c.2024.2836668-13","dc_publisher":"gm1954","dc_source":"https://beekdaelen.bestuurlijkeinformatie.nl/Agenda/Index/24628903-29c8-471d-a458-91158dbb2278","dc_title":"BDN Commissie AWACS Limburg 2024-02-28 - Reactie Ministerie van Defensie aan gemeenten (012-CAL-AWACS-2024)","dc_type":"2c","dc_type_description":"Vergaderstuk decentrale overheid","foi_fairiscoreVersions":{"v1":2,"v2":2},"foi_files":[{"dc_format":"application/pdf","dc_identifier":"nl.gm1954.2c.2024.2836668-13.doc.1","dc_source":"https://api1.ibabs.eu/publicdownload.aspx?site=Beekdaelen&id=99be3812-d321-424d-9219-70511f5ee168","dc_title":"012-CAL-AWACS-2024-Reactie Ministerie van Defensie op gemeentelijke brief Landrum  Brown_06-11-2023","dc_type":"bijlage","foi_fairiscoreVersions":{"v1":2,"v2":2},"foi_fileName":"012-CAL-AWACS-2024-Reactie%20Ministerie%20van%20Defensie%20op%20gemeentelijke%20brief%20Landrum%20%20Brown_06-11-2023.pdf","foi_nrPages":4}],"foi_nrDocuments":1,"foi_nrPagesInDossier":4,"foi_publishedDate":"2024-02-28","foi_retrievedDate":"2025-12-02"},{"dc_creator":"HandelingScraper_v1","dc_date_year":2024,"dc_description":"Vergadering van de Gemeente Beekdaelen op 2024-02-28. Onderdeel: Overzicht klachten van het 4e kwartaal 2023 (013-CAL-AWACS-2024).","dc_identifier":"nl.gm1954.2c.2024.2836668-14","dc_publisher":"gm1954","dc_source":"https://beekdaelen.bestuurlijkeinformatie.nl/Agenda/Index/24628903-29c8-471d-a458-91158dbb2278","dc_title":"BDN Commissie AWACS Limburg 2024-02-28 - Overzicht klachten van het 4e kwartaal 2023 (013-CAL-AWACS-2024)","dc_type":"2c","dc_type_description":"Vergaderstuk decentrale overheid","foi_fairiscoreVersions":{"v1":2,"v2":1},"foi_files":[{"dc_format":"application/pdf","dc_identifier":"nl.gm1954.2c.2024.2836668-14.doc.1","dc_source":"https://api1.ibabs.eu/publicdownload.aspx?site=Beekdaelen&id=c9027e8b-57ab-4bd1-9eb1-b40fda77ec56","dc_title":"013-CAL-AWACS-2024-overzicht klachten Q4 2024","dc_type":"bijlage","foi_fairiscoreVersions":{"v1":2,"v2":1},"foi_fileName":"013-CAL-AWACS-2024-overzicht%20klachten%20Q4%202024.pdf","foi_nrPages":22}],"foi_nrDocuments":1,"foi_nrPagesInDossier":22,"foi_publishedDate":"2024-02-28","foi_retrievedDate":"2026-03-11"},{"dc_creator":"HandelingScraper_v1","dc_date_year":2024,"dc_description":"Vergadering van de Gemeente Beekdaelen op 2024-02-28. Onderdeel: Vliegbewegingen boven de woonkernen van Schinveld en Brunssum 4e kwartaalrapport 2023 (014 -CAL-AWACS-2024).","dc_identifier":"nl.gm1954.2c.2024.2836668-15","dc_publisher":"gm1954","dc_source":"https://beekdaelen.bestuurlijkeinformatie.nl/Agenda/Index/24628903-29c8-471d-a458-91158dbb2278","dc_title":"BDN Commissie AWACS Limburg 2024-02-28 - Vliegbewegingen boven de woonkernen van Schinveld en Brunssum 4e kwartaalrapport 2023 (014 -CAL-AWACS-2024)","dc_type":"2c","dc_type_description":"Vergaderstuk decentrale overheid","foi_fairiscoreVersions":{"v1":null,"v2":null},"foi_files":[{"dc_format":"application/pdf","dc_identifier":"nl.gm1954.2c.2024.2836668-15.doc.1","dc_source":"https://api1.ibabs.eu/publicdownload.aspx?site=Beekdaelen&id=d99035bc-5cae-4108-a0da-948e76f693d3","dc_title":"014-CAL-AWACS-2024- Vliegbewegingen boven de woonbebouwing van Schinveld en Brunssum","dc_type":"bijlage","foi_fileName":"014-CAL-AWACS-2024-%20Vliegbewegingen%20boven%20de%20woonbebouwing%20van%20Schinveld%20en%20Brunssum.pdf"}],"foi_nrDocuments":1,"foi_nrPagesInDossier":0,"foi_publishedDate":"2024-02-28","foi_retrievedDate":"2025-11-30"},{"dc_creator":"HandelingScraper_v1","dc_date_year":2024,"dc_description":"Vergadering van de Gemeente Beekdaelen op 2024-02-28. Onderdeel: In te stemmen met het concept-verslag (002 -CAL-AWACS-2024- NAGEZONDEN VASTGESTELDE VERSIE 5-3-2024).","dc_identifier":"nl.gm1954.2c.2024.2836668-2","dc_publisher":"gm1954","dc_source":"https://beekdaelen.bestuurlijkeinformatie.nl/Agenda/Index/24628903-29c8-471d-a458-91158dbb2278","dc_title":"BDN Commissie AWACS Limburg 2024-02-28 - In te stemmen met het concept-verslag (002 -CAL-AWACS-2024- NAGEZONDEN VASTGESTELDE VERSIE 5-3-2024)","dc_type":"2c","dc_type_description":"Vergaderstuk decentrale overheid","foi_fairiscoreVersions":{"v1":1,"v2":1},"foi_files":[{"dc_format":"application/pdf","dc_identifier":"nl.gm1954.2c.2024.2836668-2.doc.1","dc_source":"https://api1.ibabs.eu/publicdownload.aspx?site=Beekdaelen&id=c0163b57-9c78-4a41-bbea-f273c2954a71","dc_title":"002-CAL-AWACS-2024- vastgesteld-verslag 8 november 2023 (Nagezonden vastgestelde versie d.d. 5 maart 2024)","dc_type":"bijlage","foi_fairiscoreVersions":{"v1":1,"v2":1},"foi_fileName":"002-CAL-AWACS-2024-%20vastgesteld-verslag%208%20november%202023.pdf","foi_nrPages":5}],"foi_nrDocuments":1,"foi_nrPagesInDossier":5,"foi_publishedDate":"2024-02-28","foi_retrievedDate":"2026-02-05"},{"dc_creator":"HandelingScraper_v1","dc_date_year":2024,"dc_description":"Vergadering van de Gemeente Beekdaelen op 2024-02-28. Onderdeel: Bespreken actielijst (003 -CAL-AWACS-2024).","dc_identifier":"nl.gm1954.2c.2024.2836668-3","dc_publisher":"gm1954","dc_source":"https://beekdaelen.bestuurlijkeinformatie.nl/Agenda/Index/24628903-29c8-471d-a458-91158dbb2278","dc_title":"BDN Commissie AWACS Limburg 2024-02-28 - Bespreken actielijst (003 -CAL-AWACS-2024)","dc_type":"2c","dc_type_description":"Vergaderstuk decentrale overheid","foi_fairiscoreVersions":{"v1":1,"v2":1},"foi_files":[{"dc_format":"application/pdf","dc_identifier":"nl.gm1954.2c.2024.2836668-3.doc.1","dc_source":"https://api1.ibabs.eu/publicdownload.aspx?site=Beekdaelen&id=e8417f42-cbd0-4ee8-b2f2-9665bcbd3b73","dc_title":"003-CAL-AWACS-2024-Actielijst 28.02.2024","dc_type":"bijlage","foi_fairiscoreVersions":{"v1":1,"v2":1},"foi_fileName":"003-CAL-AWACS-2024-Actielijst%2028.02.pdf","foi_nrPages":2}],"foi_nrDocuments":1,"foi_nrPagesInDossier":2,"foi_publishedDate":"2024-02-28","foi_retrievedDate":"2026-01-22"},{"dc_creator":"HandelingScraper_v1","dc_date_year":2024,"dc_description":"Vergadering van de Gemeente Beekdaelen op 2024-02-28. Onderdeel: Mededeling provincie Limburg ter inzage legging NRD (004-CAL-AWACS-2024).","dc_identifier":"nl.gm1954.2c.2024.2836668-4","dc_publisher":"gm1954","dc_source":"https://beekdaelen.bestuurlijkeinformatie.nl/Agenda/Index/24628903-29c8-471d-a458-91158dbb2278","dc_title":"BDN Commissie AWACS Limburg 2024-02-28 - Mededeling provincie Limburg ter inzage legging NRD (004-CAL-AWACS-2024)","dc_type":"2c","dc_type_description":"Vergaderstuk decentrale overheid","foi_fairiscoreVersions":{"v1":1,"v2":1},"foi_files":[{"dc_format":"application/pdf","dc_identifier":"nl.gm1954.2c.2024.2836668-4.doc.1","dc_source":"https://api1.ibabs.eu/publicdownload.aspx?site=Beekdaelen&id=0511ede2-2cb6-4a4c-91e1-6b586d7cd0b6","dc_title":"004-CAL-AWACS-2024-mededeling provincie ter inzagelegging NRD","dc_type":"bijlage","foi_fairiscoreVersions":{"v1":1,"v2":1},"foi_fileName":"004-CAL-AWACS-2024-mededeling%20provincie%20ter%20inzagelegging%20NRD.pdf","foi_nrPages":5}],"foi_nrDocuments":1,"foi_nrPagesInDossier":5,"foi_publishedDate":"2024-02-28","foi_retrievedDate":"2026-01-22"},{"dc_creator":"HandelingScraper_v1","dc_date_year":2024,"dc_description":"Vergadering van de Gemeente Beekdaelen op 2024-02-28. Onderdeel: Zienswijze provincie Limburg NRD (005-CAL-AWACS-2024).","dc_identifier":"nl.gm1954.2c.2024.2836668-5","dc_publisher":"gm1954","dc_source":"https://beekdaelen.bestuurlijkeinformatie.nl/Agenda/Index/24628903-29c8-471d-a458-91158dbb2278","dc_title":"BDN Commissie AWACS Limburg 2024-02-28 - Zienswijze provincie Limburg NRD (005-CAL-AWACS-2024)","dc_type":"2c","dc_type_description":"Vergaderstuk decentrale overheid","foi_fairiscoreVersions":{"v1":2,"v2":2},"foi_files":[{"dc_format":"application/pdf","dc_identifier":"nl.gm1954.2c.2024.2836668-5.doc.1","dc_source":"https://api1.ibabs.eu/publicdownload.aspx?site=Beekdaelen&id=7a6c682d-5ad0-4fee-831c-f90ca2d77e3f","dc_title":"005-CAL-AWACS-2024-GS Brief Zienswijze op Notitie Reikwijdte en Detailniveau NPRD","dc_type":"bijlage","foi_fairiscoreVersions":{"v1":2,"v2":2},"foi_fileName":"005-CAL-AWACS-2024-GS%20Brief%20Zienswijze%20op%20Notitie%20Reikwijdte%20en%20Detailniveau%20NPRD.pdf","foi_nrPages":17}],"foi_nrDocuments":1,"foi_nrPagesInDossier":17,"foi_publishedDate":"2024-02-28","foi_retrievedDate":"2026-02-05"},{"dc_creator":"HandelingScraper_v1","dc_date_year":2024,"dc_description":"Vergadering van de Gemeente Beekdaelen op 2024-02-28. Onderdeel: Zienswijze gemeente Beekdaelen NRD (006-CAL-AWACS-2024).","dc_identifier":"nl.gm1954.2c.2024.2836668-6","dc_publisher":"gm1954","dc_source":"https://beekdaelen.bestuurlijkeinformatie.nl/Agenda/Index/24628903-29c8-471d-a458-91158dbb2278","dc_title":"BDN Commissie AWACS Limburg 2024-02-28 - Zienswijze gemeente Beekdaelen NRD (006-CAL-AWACS-2024)","dc_type":"2c","dc_type_description":"Vergaderstuk decentrale overheid","foi_fairiscoreVersions":{"v1":1,"v2":1},"foi_files":[{"dc_format":"application/pdf","dc_identifier":"nl.gm1954.2c.2024.2836668-6.doc.1","dc_source":"https://api1.ibabs.eu/publicdownload.aspx?site=Beekdaelen&id=eaa889b5-cf13-49d5-913f-cc1ec54c6a50","dc_title":"006-CAL-AWACS-2024-Zienswijze Beekdaelen NRD","dc_type":"bijlage","foi_fairiscoreVersions":{"v1":1,"v2":1},"foi_fileName":"006-CAL-AWACS-2024-Zienswijze%20Beekdaelen%20NRD.pdf","foi_nrPages":4}],"foi_nrDocuments":1,"foi_nrPagesInDossier":4,"foi_publishedDate":"2024-02-28","foi_retrievedDate":"2026-03-02"},{"dc_creator":"HandelingScraper_v1","dc_date_year":2024,"dc_description":"Vergadering van de Gemeente Beekdaelen op 2024-02-28. Onderdeel: Zienswijze gemeente Brunssum NRD (007-CAL-AWACS-2024).","dc_identifier":"nl.gm1954.2c.2024.2836668-7","dc_publisher":"gm1954","dc_source":"https://beekdaelen.bestuurlijkeinformatie.nl/Agenda/Index/24628903-29c8-471d-a458-91158dbb2278","dc_title":"BDN Commissie AWACS Limburg 2024-02-28 - Zienswijze gemeente Brunssum NRD (007-CAL-AWACS-2024)","dc_type":"2c","dc_type_description":"Vergaderstuk decentrale overheid","foi_fairiscoreVersions":{"v1":2,"v2":2},"foi_files":[{"dc_format":"application/pdf","dc_identifier":"nl.gm1954.2c.2024.2836668-7.doc.1","dc_source":"https://api1.ibabs.eu/publicdownload.aspx?site=Beekdaelen&id=ef29cceb-0aee-476f-b9a1-85dc25020914","dc_title":"007-CAL-AWACS-2024-zienswijze Brunsum NRD","dc_type":"bijlage","foi_fairiscoreVersions":{"v1":2,"v2":2},"foi_fileName":"007-CAL-AWACS-2024-zienswijze%20Brunsum%20NRD.pdf","foi_nrPages":2}],"foi_nrDocuments":1,"foi_nrPagesInDossier":2,"foi_publishedDate":"2024-02-28","foi_retrievedDate":"2026-03-06"},{"dc_creator":"HandelingScraper_v1","dc_date_year":2024,"dc_description":"Vergadering van de Gemeente Beekdaelen op 2024-02-28. Onderdeel: Zienswijze Vereniging Stop Overlast NRD (008-CAL-AWACS-2024).","dc_identifier":"nl.gm1954.2c.2024.2836668-8","dc_publisher":"gm1954","dc_source":"https://beekdaelen.bestuurlijkeinformatie.nl/Agenda/Index/24628903-29c8-471d-a458-91158dbb2278","dc_title":"BDN Commissie AWACS Limburg 2024-02-28 - Zienswijze Vereniging Stop Overlast NRD (008-CAL-AWACS-2024)","dc_type":"2c","dc_type_description":"Vergaderstuk decentrale overheid","foi_fairiscoreVersions":{"v1":null,"v2":null},"foi_files":[{"dc_format":"application/pdf","dc_identifier":"nl.gm1954.2c.2024.2836668-8.doc.1","dc_source":"https://api1.ibabs.eu/publicdownload.aspx?site=Beekdaelen&id=6f9547f8-8c8d-4f35-8b2b-b961a4958867","dc_title":"008-CAL-AWACS-2024-zienswijze Vereniging Stop Overlast NRD","dc_type":"bijlage","foi_fileName":"008-CAL-AWACS-2024-zienswijze%20Vereniging%20Stop%20Overlast%20NRD.pdf"}],"foi_nrDocuments":1,"foi_nrPagesInDossier":0,"foi_publishedDate":"2024-02-28","foi_retrievedDate":"2025-11-30"},{"dc_creator":"HandelingScraper_v1","dc_date_year":2024,"dc_description":"Vergadering van de Gemeente Beekdaelen op 2024-02-28. Onderdeel: Persbericht NAVO 15-11-2023 (009-CAL-AWACS-2024).","dc_identifier":"nl.gm1954.2c.2024.2836668-9","dc_publisher":"gm1954","dc_source":"https://beekdaelen.bestuurlijkeinformatie.nl/Agenda/Index/24628903-29c8-471d-a458-91158dbb2278","dc_title":"BDN Commissie AWACS Limburg 2024-02-28 - Persbericht NAVO 15-11-2023 (009-CAL-AWACS-2024)","dc_type":"2c","dc_type_description":"Vergaderstuk decentrale overheid","foi_fairiscoreVersions":{"v1":1,"v2":1},"foi_files":[{"dc_format":"application/pdf","dc_identifier":"nl.gm1954.2c.2024.2836668-9.doc.1","dc_source":"https://api1.ibabs.eu/publicdownload.aspx?site=Beekdaelen&id=6f761423-f4e5-48f3-b2ce-864dc5f2ffcf","dc_title":"009-CAL-AWACS-2024-Persbericht NAVO nieuwe toestellen","dc_type":"bijlage","foi_fairiscoreVersions":{"v1":1,"v2":1},"foi_fileName":"009-CAL-AWACS-2024-Persbericht%20NAVO%20nieuwe%20toestellen.pdf","foi_nrPages":2}],"foi_nrDocuments":1,"foi_nrPagesInDossier":2,"foi_publishedDate":"2024-02-28","foi_retrievedDate":"2026-02-05"},{"dc_creator":"HandelingScraper_v1","dc_date_year":2024,"dc_description":"Vergadering van de Gemeente Beekdaelen op 2024-03-07. Onderdeel: Algemeen.","dc_identifier":"nl.gm1954.2c.2024.2836701-1","dc_publisher":"gm1954","dc_source":"https://beekdaelen.bestuurlijkeinformatie.nl/Agenda/Index/ed86e8fe-3791-4caf-9b54-c9fe7077c210","dc_title":"Raadscommissie Fysieke Leefomgeving 2024-03-07 - Algemeen","dc_type":"2c","dc_type_description":"Vergaderstuk decentrale overheid","foi_fairiscoreVersions":{"v1":1,"v2":1},"foi_files":[{"dc_format":"application/pdf","dc_identifier":"nl.gm1954.2c.2024.2836701-1.doc.4","dc_source":"https://api1.ibabs.eu/publicdownload.aspx?site=Beekdaelen&id=b1b37420-d783-4bdc-be3b-fbe391bc3a94","dc_title":"Ingekomen technische vraag CDA RONDVRAAG I","dc_type":"bijlage","foi_fairiscoreVersions":{"v1":1,"v2":1},"foi_fileName":"Ingekomen%20technische%20vraag%20CDA%20RONDVRAAG.pdf","foi_nrPages":1},{"dc_format":"application/pdf","dc_identifier":"nl.gm1954.2c.2024.2836701-1.doc.5","dc_source":"https://api1.ibabs.eu/publicdownload.aspx?site=Beekdaelen&id=b7070880-73e6-4522-b372-bec81e4e3a82","dc_title":"Ingekomen technische vraag CDA RONDVRAAG II","dc_type":"bijlage","foi_fairiscoreVersions":{"v1":1,"v2":1},"foi_fileName":"Ingekomen%20technische%20vraag%20CDA%20RONDVRAAG%20II.pdf","foi_nrPages":1},{"dc_format":"application/pdf","dc_identifier":"nl.gm1954.2c.2024.2836701-1.doc.2","dc_source":"https://api1.ibabs.eu/publicdownload.aspx?site=Beekdaelen&id=4287bd30-7b39-4e6b-b044-a37e01d45c2a","dc_title":"Ingekomen technische vragen BL","dc_type":"bijlage","foi_fairiscoreVersions":{"v1":1,"v2":1},"foi_fileName":"Ingekomen%20technische%20vragen%20BL.pdf","foi_nrPages":1},{"dc_format":"application/pdf","dc_identifier":"nl.gm1954.2c.2024.2836701-1.doc.3","dc_source":"https://api1.ibabs.eu/publicdownload.aspx?site=Beekdaelen&id=658a2ffc-7d58-4c6e-8390-09c4678cbc57","dc_title":"Ingekomen technische vragen BL RONDVRAAG","dc_type":"bijlage","foi_fairiscoreVersions":{"v1":1,"v2":1},"foi_fileName":"Ingekomen%20technische%20vragen%20BL%20%28Rondvraag%29.pdf","foi_nrPages":1},{"dc_format":"application/pdf","dc_identifier":"nl.gm1954.2c.2024.2836701-1.doc.1","dc_source":"https://api1.ibabs.eu/publicdownload.aspx?site=Beekdaelen&id=5055b5f7-6cfd-4d2d-aed5-66e73a5c73ad","dc_title":"Ingekomen technische vragen VG","dc_type":"bijlage","foi_fairiscoreVersions":{"v1":1,"v2":1},"foi_fileName":"Ingekomen%20technische%20vragen%20VG.pdf","foi_nrPages":1}],"foi_nrDocuments":5,"foi_nrPagesInDossier":5,"foi_publishedDate":"2024-03-07","foi_retrievedDate":"2026-03-06"},{"dc_creator":"HandelingScraper_v1","dc_date_year":2024,"dc_description":"Vergadering van de Gemeente Beekdaelen op 2024-03-07. Onderdeel: Opening, mededelingen voorzitter en vaststellen agenda.","dc_identifier":"nl.gm1954.2c.2024.2836701-2","dc_publisher":"gm1954","dc_source":"https://beekdaelen.bestuurlijkeinformatie.nl/Agenda/Index/ed86e8fe-3791-4caf-9b54-c9fe7077c210","dc_title":"Raadscommissie Fysieke Leefomgeving 2024-03-07 - Opening, mededelingen voorzitter en vaststellen agenda","dc_type":"2c","dc_type_description":"Vergaderstuk decentrale overheid","foi_fairiscoreVersions":{"v1":1,"v2":1},"foi_files":[{"dc_format":"application/octet-stream","dc_identifier":"nl.gm1954.2c.2024.2836701-2.doc.2","dc_source":"https://api1.ibabs.eu/publicdownload.aspx?site=Beekdaelen&id=8099d5e5-f64d-4ac2-85ed-ed965ccb649d","dc_title":"A1","dc_type":"bijlage","foi_fileName":"A1.mp3"},{"dc_format":"application/pdf","dc_identifier":"nl.gm1954.2c.2024.2836701-2.doc.1","dc_source":"https://api1.ibabs.eu/publicdownload.aspx?site=Beekdaelen&id=eef2224b-efa0-4ec3-840d-eb85763e95fc","dc_title":"Uitnodiging en voorlopige agenda cie. FLO 07.03.2024","dc_type":"bijlage","foi_fairiscoreVersions":{"v1":1,"v2":1},"foi_fileName":"Uitnodiging%20en%20voorlopige%20agenda%20cie.%20FLO%2007.03.2024%20%28incl.pdf","foi_nrPages":1}],"foi_nrDocuments":2,"foi_nrPagesInDossier":1,"foi_publishedDate":"2024-03-07","foi_retrievedDate":"2026-03-01"},{"dc_creator":"HandelingScraper_v1","dc_date_year":2024,"dc_description":"Vergadering van de Gemeente Beekdaelen op 2024-03-07. Onderdeel: Spreekrecht burgers.","dc_identifier":"nl.gm1954.2c.2024.2836701-3","dc_publisher":"gm1954","dc_source":"https://beekdaelen.bestuurlijkeinformatie.nl/Agenda/Index/ed86e8fe-3791-4caf-9b54-c9fe7077c210","dc_title":"Raadscommissie Fysieke Leefomgeving 2024-03-07 - Spreekrecht burgers","dc_type":"2c","dc_type_description":"Vergaderstuk decentrale overheid","foi_fairiscoreVersions":{"v1":null,"v2":null},"foi_files":[{"dc_format":"application/octet-stream","dc_identifier":"nl.gm1954.2c.2024.2836701-3.doc.1","dc_source":"https://api1.ibabs.eu/publicdownload.aspx?site=Beekdaelen&id=daffae6e-3337-4124-9666-9a60a189ce59","dc_title":"A2","dc_type":"bijlage","foi_fileName":"A2.mp3"}],"foi_nrDocuments":1,"foi_nrPagesInDossier":0,"foi_publishedDate":"2024-03-07","foi_retrievedDate":"2026-03-03"},{"dc_creator":"HandelingScraper_v1","dc_date_year":2024,"dc_description":"Vergadering van de Gemeente Beekdaelen op 2024-03-07. Onderdeel: Vaststellen actiepuntenlijst van de raadscommissie Fysieke Leefomgeving d.d. 25.01.2024.","dc_identifier":"nl.gm1954.2c.2024.2836701-4","dc_publisher":"gm1954","dc_source":"https://beekdaelen.bestuurlijkeinformatie.nl/Agenda/Index/ed86e8fe-3791-4caf-9b54-c9fe7077c210","dc_title":"Raadscommissie Fysieke Leefomgeving 2024-03-07 - Vaststellen actiepuntenlijst van de raadscommissie Fysieke Leefomgeving d.d. 25.01.2024","dc_type":"2c","dc_type_description":"Vergaderstuk decentrale overheid","foi_fairiscoreVersions":{"v1":1,"v2":1},"foi_files":[{"dc_format":"application/pdf","dc_identifier":"nl.gm1954.2c.2024.2836701-4.doc.1","dc_source":"https://api1.ibabs.eu/publicdownload.aspx?site=Beekdaelen&id=8778eff6-f2b9-4592-a07e-e8aec564bfd1","dc_title":"Actiepuntenlijst cie. Fysieke Leefomgeving 25012024","dc_type":"bijlage","foi_fairiscoreVersions":{"v1":1,"v2":1},"foi_fileName":"Actiepuntenlijst%20cie.pdf","foi_nrPages":5}],"foi_nrDocuments":1,"foi_nrPagesInDossier":5,"foi_publishedDate":"2024-03-07","foi_retrievedDate":"2026-03-09"},{"dc_creator":"HandelingScraper_v1","dc_date_year":2024,"dc_description":"Vergadering van de Gemeente Beekdaelen op 2024-03-07. Onderdeel: Raadsvoorstel inzake: \"bestemmingsplan Mooi Leven Huis te Schimmert\".","dc_identifier":"nl.gm1954.2c.2024.2836701-5","dc_publisher":"gm1954","dc_source":"https://beekdaelen.bestuurlijkeinformatie.nl/Agenda/Index/ed86e8fe-3791-4caf-9b54-c9fe7077c210","dc_title":"Raadscommissie Fysieke Leefomgeving 2024-03-07 - Raadsvoorstel inzake: \"bestemmingsplan Mooi Leven Huis te Schimmert\"","dc_type":"2c","dc_type_description":"Vergaderstuk decentrale overheid","foi_fairiscoreVersions":{"v1":2,"v2":2},"foi_files":[{"dc_format":"application/pdf","dc_identifier":"nl.gm1954.2c.2024.2836701-5.doc.2","dc_source":"https://api1.ibabs.eu/publicdownload.aspx?site=Beekdaelen&id=b5d12a9c-61c2-48f8-8ff7-6b1c84e471fd","dc_title":"Bijlage 1: Raadsinformatiebrief Mooi Leven Huis \u2013 Verkoop perceel Op de Bies 66  te Schimmert","dc_type":"bijlage","foi_fairiscoreVersions":{"v1":1,"v2":1},"foi_fileName":"319168_1.pdf","foi_nrPages":3},{"dc_format":"application/pdf","dc_identifier":"nl.gm1954.2c.2024.2836701-5.doc.14","dc_source":"https://api1.ibabs.eu/publicdownload.aspx?site=Beekdaelen&id=89b7f21b-cc96-4030-92eb-1d1445888d71","dc_title":"Bijlage 4.10: ArcheoPro Archeologisch rapport","dc_type":"bijlage","foi_fairiscoreVersions":{"v1":1,"v2":1},"foi_fileName":"b_NL.IMRO.1954.pdf","foi_nrPages":42},{"dc_format":"application/pdf","dc_identifier":"nl.gm1954.2c.2024.2836701-5.doc.16","dc_source":"https://api1.ibabs.eu/publicdownload.aspx?site=Beekdaelen&id=cb73f6f1-e94f-4b51-8d58-41cb9bd38297","dc_title":"Bijlage 4.12: Verkennend bodem- en  asbestonderzoek (deel 2)","dc_type":"bijlage","foi_fairiscoreVersions":{"v1":3,"v2":3},"foi_fileName":"b_NL.IMRO.1954.pdf","foi_nrPages":69},{"dc_format":"application/octet-stream","dc_identifier":"nl.gm1954.2c.2024.2836701-5.doc.23","dc_source":"https://api1.ibabs.eu/publicdownload.aspx?site=Beekdaelen&id=1bbb3bc8-250a-47e2-a9a2-5918a9c68d6d","dc_title":"B1 1e termijn","dc_type":"bijlage","foi_fileName":"B1%201e%20termijn.mp3","foi_nrPages":1},{"dc_format":"application/octet-stream","dc_identifier":"nl.gm1954.2c.2024.2836701-5.doc.25","dc_source":"https://api1.ibabs.eu/publicdownload.aspx?site=Beekdaelen&id=d3cdc542-f662-43c7-81fb-7179fb485a99","dc_title":"B1 2e termijn","dc_type":"bijlage","foi_fileName":"B1%202e%20termijn.mp3","foi_nrPages":1},{"dc_format":"application/octet-stream","dc_identifier":"nl.gm1954.2c.2024.2836701-5.doc.27","dc_source":"https://api1.ibabs.eu/publicdownload.aspx?site=Beekdaelen&id=85b94453-2e30-4bc5-ae89-108dfe3f49b1","dc_title":"B1 advies commissie","dc_type":"bijlage","foi_fileName":"B1%20advies%20commissie.mp3","foi_nrPages":1},{"dc_format":"application/octet-stream","dc_identifier":"nl.gm1954.2c.2024.2836701-5.doc.24","dc_source":"https://api1.ibabs.eu/publicdownload.aspx?site=Beekdaelen&id=da176873-1b8e-47e6-adac-9089d6a87978","dc_title":"B1 beantwoording 1e termijn","dc_type":"bijlage","foi_fileName":"B1%20beantwoording%201e%20termijn.mp3","foi_nrPages":1},{"dc_format":"application/octet-stream","dc_identifier":"nl.gm1954.2c.2024.2836701-5.doc.26","dc_source":"https://api1.ibabs.eu/publicdownload.aspx?site=Beekdaelen&id=62495b4c-4d0a-44bd-9413-9097b1072180","dc_title":"B1 beantwoording 2e termijn","dc_type":"bijlage","foi_fileName":"B1%20beantwoording%202e%20termijn.mp3","foi_nrPages":1},{"dc_format":"application/pdf","dc_identifier":"nl.gm1954.2c.2024.2836701-5.doc.19","dc_source":"https://api1.ibabs.eu/publicdownload.aspx?site=Beekdaelen&id=072da70c-d885-4153-ba7e-a974eed9c6b1","dc_title":"Bijlage 5_ Bericht intrekking zienswijze, d.d. 21 december 2023 GEANONIMISEERD","dc_type":"bijlage","foi_fairiscoreVersions":{"v1":2,"v2":2},"foi_fileName":"Bijlage%205_%20Bericht%20intrekking%20zienswijze_%20d.d.pdf","foi_nrPages":6},{"dc_format":"application/pdf","dc_identifier":"nl.gm1954.2c.2024.2836701-5.doc.22","dc_source":"https://api1.ibabs.eu/publicdownload.aspx?site=Beekdaelen&id=3447a5ae-2d6b-4ccd-b55f-c47049aa24b5","dc_title":"MvA technische vragen BL B1","dc_type":"bijlage","foi_fairiscoreVersions":{"v1":1,"v2":1},"foi_fileName":"MvA%20technische%20vragen%20BL%20B1.pdf","foi_nrPages":2},{"dc_format":"application/pdf","dc_identifier":"nl.gm1954.2c.2024.2836701-5.doc.21","dc_source":"https://api1.ibabs.eu/publicdownload.aspx?site=Beekdaelen&id=5d01975a-00d1-495f-a4f2-5299ca43d891","dc_title":"MvA technische vragen VG B1","dc_type":"bijlage","foi_fairiscoreVersions":{"v1":1,"v2":1},"foi_fileName":"MvA%20technische%20vragen%20VG%20B1.pdf","foi_nrPages":2},{"dc_format":"application/pdf","dc_identifier":"nl.gm1954.2c.2024.2836701-5.doc.20","dc_source":"https://api1.ibabs.eu/publicdownload.aspx?site=Beekdaelen&id=61129407-f8f8-4d42-95da-7f92ee10bf57","dc_title":"Bijlage 6: Raadsbesluit: Bestemmingsplan Mooi Leven Huis Schimmert","dc_type":"bijlage","foi_fairiscoreVersions":{"v1":1,"v2":1},"foi_fileName":"Z%2F23%2F199080%20-%20354423%20-%20Bestemmingsplan%20Mooi%20Leven%20Huis%20Schimmert.pdf","foi_nrPages":1},{"dc_format":"application/pdf","dc_identifier":"nl.gm1954.2c.2024.2836701-5.doc.1","dc_source":"https://api1.ibabs.eu/publicdownload.aspx?site=Beekdaelen&id=987ecf26-d640-4461-9b34-2f7b658f5928","dc_title":"Raadsvoorstel: Bestemmingsplan Mooi Leven Huis Schimmert","dc_type":"bijlage","foi_fairiscoreVersions":{"v1":1,"v2":1},"foi_fileName":"Z%2F23%2F199080%20-%20354424%20-%20Bestemmingsplan%20Mooi%20Leven%20Huis%20Schimmert.pdf","foi_nrPages":6},{"dc_format":"application/pdf","dc_identifier":"nl.gm1954.2c.2024.2836701-5.doc.3","dc_source":"https://api1.ibabs.eu/publicdownload.aspx?site=Beekdaelen&id=cde2b1e2-8dac-4301-a85a-90350bd053c5","dc_title":"Bijlage 2: Principeverzoek realisatie Mooi Leven Huis te Schimmert","dc_type":"bijlage","foi_fairiscoreVersions":{"v1":3,"v2":1},"foi_fileName":"Z%2F23%2F199080%20-%20354425.pdf","foi_nrPages":32},{"dc_format":"application/pdf","dc_identifier":"nl.gm1954.2c.2024.2836701-5.doc.18","dc_source":"https://api1.ibabs.eu/publicdownload.aspx?site=Beekdaelen&id=798fb951-8270-4ee0-81a1-b2940c0d7fb4","dc_title":"Bijlage 4.14: Quickscan Flora en Fauna","dc_type":"bijlage","foi_fairiscoreVersions":{"v1":2,"v2":1},"foi_fileName":"Z%2F23%2F199080%20-%20354425.pdf","foi_nrPages":47},{"dc_format":"application/pdf","dc_identifier":"nl.gm1954.2c.2024.2836701-5.doc.17","dc_source":"https://api1.ibabs.eu/publicdownload.aspx?site=Beekdaelen&id=0d9c3467-b09a-4320-9d95-e92ed626ecb1","dc_title":"Bijlage 4.13: Onderzoek naar de waterdoorlatendheid  ondergrond","dc_type":"bijlage","foi_fairiscoreVersions":{"v1":2,"v2":2},"foi_fileName":"Z%2F23%2F199080%20-%20354425.pdf","foi_nrPages":24},{"dc_format":"application/pdf","dc_identifier":"nl.gm1954.2c.2024.2836701-5.doc.4","dc_source":"https://api1.ibabs.eu/publicdownload.aspx?site=Beekdaelen&id=e0b036b2-bac6-41f0-a5db-ee2717044876","dc_title":"Bijlage 3: Zienswijze op bestemmingsplan 'Mooi Leven Huis Schimmert'","dc_type":"bijlage","foi_fairiscoreVersions":{"v1":1,"v2":1},"foi_fileName":"Z%2F23%2F199080%20-%20354425.pdf","foi_nrPages":1},{"dc_format":"application/pdf","dc_identifier":"nl.gm1954.2c.2024.2836701-5.doc.15","dc_source":"https://api1.ibabs.eu/publicdownload.aspx?site=Beekdaelen&id=f5711595-8f0a-41d0-b8a4-50f192e8786f","dc_title":"Bijlage 4.11: kaart Archeologie","dc_type":"bijlage","foi_fairiscoreVersions":{"v1":2,"v2":1},"foi_fileName":"Z%2F23%2F199080%20-%20354425.pdf","foi_nrPages":2},{"dc_format":"application/pdf","dc_identifier":"nl.gm1954.2c.2024.2836701-5.doc.13","dc_source":"https://api1.ibabs.eu/publicdownload.aspx?site=Beekdaelen&id=726791da-9811-4a70-95d5-e8078e6da951","dc_title":"Bijlage 4.9: AERIUS berekening bouw- en gebruiksfase","dc_type":"bijlage","foi_fairiscoreVersions":{"v1":1,"v2":1},"foi_fileName":"Z%2F23%2F199080%20-%20354425.pdf","foi_nrPages":26},{"dc_format":"application/pdf","dc_identifier":"nl.gm1954.2c.2024.2836701-5.doc.12","dc_source":"https://api1.ibabs.eu/publicdownload.aspx?site=Beekdaelen&id=411870f9-770a-491e-b96b-475c2b34fb5d","dc_title":"Bijlage 4.8: Akoestisch onderzoek","dc_type":"bijlage","foi_fairiscoreVersions":{"v1":2,"v2":1},"foi_fileName":"Z%2F23%2F199080%20-%20354425.pdf","foi_nrPages":49},{"dc_format":"application/pdf","dc_identifier":"nl.gm1954.2c.2024.2836701-5.doc.11","dc_source":"https://api1.ibabs.eu/publicdownload.aspx?site=Beekdaelen&id=6263aa61-398b-4d7a-b356-d9edcc279605","dc_title":"Bijlage 4.7: Verkennend bodem- en  asbestonderzoek (deel 1)","dc_type":"bijlage","foi_fairiscoreVersions":{"v1":2,"v2":2},"foi_fileName":"Z%2F23%2F199080%20-%20354425.pdf","foi_nrPages":61},{"dc_format":"application/pdf","dc_identifier":"nl.gm1954.2c.2024.2836701-5.doc.10","dc_source":"https://api1.ibabs.eu/publicdownload.aspx?site=Beekdaelen&id=c28f09ac-085d-40c2-a0f3-17fb1bc3fe9d","dc_title":"Bijlage 4.6: Memorandum: informatiebijeenkomst Mooi Leven Huis d.d. 26 juni \u201923","dc_type":"bijlage","foi_fairiscoreVersions":{"v1":1,"v2":1},"foi_fileName":"Z%2F23%2F199080%20-%20354425.pdf","foi_nrPages":2},{"dc_format":"application/pdf","dc_identifier":"nl.gm1954.2c.2024.2836701-5.doc.9","dc_source":"https://api1.ibabs.eu/publicdownload.aspx?site=Beekdaelen&id=78e71a23-3cc3-4e7c-9baa-96046b96e58d","dc_title":"Bijlage 4.5: Toegesneden lijst van bedrijfstypen","dc_type":"bijlage","foi_fairiscoreVersions":{"v1":1,"v2":1},"foi_fileName":"Z%2F23%2F199080%20-%20354425.pdf","foi_nrPages":7},{"dc_format":"application/pdf","dc_identifier":"nl.gm1954.2c.2024.2836701-5.doc.7","dc_source":"https://api1.ibabs.eu/publicdownload.aspx?site=Beekdaelen&id=23427f2f-e881-42f6-944b-8df442f7b1f6","dc_title":"Bijlage 4.3: Bestemmingsplan Mooi Leven Huis Schimmert - Verbeelding","dc_type":"bijlage","foi_fairiscoreVersions":{"v1":1,"v2":1},"foi_fileName":"Z%2F23%2F199080%20-%20354425.pdf","foi_nrPages":1},{"dc_format":"application/pdf","dc_identifier":"nl.gm1954.2c.2024.2836701-5.doc.6","dc_source":"https://api1.ibabs.eu/publicdownload.aspx?site=Beekdaelen&id=8818c5f3-d27d-4545-97ea-aab1a1613e0c","dc_title":"Bijlage 4.2: Bestemmingsplan Mooi Leven Huis Schimmert - Regels","dc_type":"bijlage","foi_fairiscoreVersions":{"v1":2,"v2":1},"foi_fileName":"Z%2F23%2F199080%20-%20354425.pdf","foi_nrPages":31},{"dc_format":"application/pdf","dc_identifier":"nl.gm1954.2c.2024.2836701-5.doc.5","dc_source":"https://api1.ibabs.eu/publicdownload.aspx?site=Beekdaelen&id=b5dcbf5c-9276-4772-9ea9-18342f612516","dc_title":"Bijlage 4.1: Bestemmingsplan Mooi Leven Huis Schimmert - Toelichting","dc_type":"bijlage","foi_fairiscoreVersions":{"v1":2,"v2":1},"foi_fileName":"Z%2F23%2F199080%20-%20354425.pdf","foi_nrPages":65},{"dc_format":"application/pdf","dc_identifier":"nl.gm1954.2c.2024.2836701-5.doc.8","dc_source":"https://api1.ibabs.eu/publicdownload.aspx?site=Beekdaelen&id=ac9327c0-46a7-4019-a2dd-8bac4dfdd942","dc_title":"Bijlage 4.4: Overzicht aan huis gebonden bedrijf en aan huis gebonden beroep","dc_type":"bijlage","foi_fairiscoreVersions":{"v1":1,"v2":1},"foi_fileName":"Z%2F23%2F199080%20-%20354425%20-%20Bijlage%3A%20Bestemmingsplan%20Mooi%20Leven%20Huis%20te%20Schimmert.pdf","foi_nrPages":2}],"foi_nrDocuments":27,"foi_nrPagesInDossier":486,"foi_publishedDate":"2024-03-07","foi_retrievedDate":"2026-03-14"},{"dc_creator":"HandelingScraper_v1","dc_date_year":2024,"dc_description":"Vergadering van de Gemeente Beekdaelen op 2024-03-07. Onderdeel: Raadsvoorstel inzake: \"aanvullend krediet startersleningen\".","dc_identifier":"nl.gm1954.2c.2024.2836701-6","dc_publisher":"gm1954","dc_source":"https://beekdaelen.bestuurlijkeinformatie.nl/Agenda/Index/ed86e8fe-3791-4caf-9b54-c9fe7077c210","dc_title":"Raadscommissie Fysieke Leefomgeving 2024-03-07 - Raadsvoorstel inzake: \"aanvullend krediet startersleningen\"","dc_type":"2c","dc_type_description":"Vergaderstuk decentrale overheid","foi_fairiscoreVersions":{"v1":1,"v2":1},"foi_files":[{"dc_format":"application/octet-stream","dc_identifier":"nl.gm1954.2c.2024.2836701-6.doc.7","dc_source":"https://api1.ibabs.eu/publicdownload.aspx?site=Beekdaelen&id=0e6f1ce7-1b71-42eb-b9b9-db86383d970c","dc_title":"B2 1e termijn","dc_type":"bijlage","foi_fileName":"B2%201e%20termijn.mp3"},{"dc_format":"application/octet-stream","dc_identifier":"nl.gm1954.2c.2024.2836701-6.doc.9","dc_source":"https://api1.ibabs.eu/publicdownload.aspx?site=Beekdaelen&id=c75f38ce-7e04-4d05-97a8-5671a42af1e4","dc_title":"B2 advies commissie","dc_type":"bijlage","foi_fileName":"B2%20advies%20commissie.mp3"},{"dc_format":"application/octet-stream","dc_identifier":"nl.gm1954.2c.2024.2836701-6.doc.8","dc_source":"https://api1.ibabs.eu/publicdownload.aspx?site=Beekdaelen&id=62a8a240-4cfe-4ae9-adca-31d1ea8b2fc2","dc_title":"B2 beantwoording 1e termijn","dc_type":"bijlage","foi_fileName":"B2%20beantwoording%201e%20termijn.mp3"},{"dc_format":"application/pdf","dc_identifier":"nl.gm1954.2c.2024.2836701-6.doc.5","dc_source":"https://api1.ibabs.eu/publicdownload.aspx?site=Beekdaelen&id=0eb0da98-bf2d-4b38-9f63-761f2a5e321b","dc_title":"MvA technische vragen BL B2","dc_type":"bijlage","foi_fairiscoreVersions":{"v1":1,"v2":1},"foi_fileName":"MvA%20technische%20vragen%20BL%20B2.pdf","foi_nrPages":2},{"dc_format":"application/pdf","dc_identifier":"nl.gm1954.2c.2024.2836701-6.doc.6","dc_source":"https://api1.ibabs.eu/publicdownload.aspx?site=Beekdaelen&id=6160896e-c217-48ad-8550-8ee0cb7dfbb7","dc_title":"MvA technische vragen VG B2","dc_type":"bijlage","foi_fairiscoreVersions":{"v1":1,"v2":1},"foi_fileName":"MvA%20technische%20vragen%20VG%20B2.pdf","foi_nrPages":1},{"dc_format":"application/pdf","dc_identifier":"nl.gm1954.2c.2024.2836701-6.doc.2","dc_source":"https://api1.ibabs.eu/publicdownload.aspx?site=Beekdaelen&id=a0052a95-da1d-432a-b69c-bea5bea74b82","dc_title":"Bijlage 1: Raadsbesluit inzake aanvullend krediet startersleningen","dc_type":"bijlage","foi_fairiscoreVersions":{"v1":1,"v2":1},"foi_fileName":"Raadsbesluit%20inzake%20aanvullend%20krediet%20startersleningen.pdf","foi_nrPages":1},{"dc_format":"application/pdf","dc_identifier":"nl.gm1954.2c.2024.2836701-6.doc.3","dc_source":"https://api1.ibabs.eu/publicdownload.aspx?site=Beekdaelen&id=d92a695f-9d3d-4d0e-a7ae-ae47b8d7f6ea","dc_title":"Bijlage 2: Raadsinformatiebrief inzake aanvullend krediet startersleningen","dc_type":"bijlage","foi_fairiscoreVersions":{"v1":1,"v2":1},"foi_fileName":"Raadsinformatiebrief%20inzake%20aanvullend%20krediet%20startersleningen.pdf","foi_nrPages":1},{"dc_format":"application/pdf","dc_identifier":"nl.gm1954.2c.2024.2836701-6.doc.1","dc_source":"https://api1.ibabs.eu/publicdownload.aspx?site=Beekdaelen&id=06d7d5ce-16da-4b73-92f2-3923f68fb1d1","dc_title":"Raadsvoorstel inzake aanvullend krediet startersleningen","dc_type":"bijlage","foi_fairiscoreVersions":{"v1":1,"v2":1},"foi_fileName":"Raadsvoorstel%20inzake%20aanvullend%20krediet%20startersleningen%20%28aangepast%29.pdf","foi_nrPages":2},{"dc_format":"application/pdf","dc_identifier":"nl.gm1954.2c.2024.2836701-6.doc.4","dc_source":"https://api1.ibabs.eu/publicdownload.aspx?site=Beekdaelen&id=c4a45a4c-5254-4090-aea9-456c9b6cacf1","dc_title":"Beantwoording vraag PvdA n.a.v. \"wensen en bedenkingen\"","dc_type":"bijlage","foi_fairiscoreVersions":{"v1":1,"v2":1},"foi_fileName":"wensen%20en%20bedenkingen.pdf","foi_nrPages":2}],"foi_nrDocuments":9,"foi_nrPagesInDossier":9,"foi_publishedDate":"2024-03-07","foi_retrievedDate":"2025-11-30"},{"dc_creator":"HandelingScraper_v1","dc_date_year":2024,"dc_description":"Vergadering van de Gemeente Beekdaelen op 2024-03-07. Onderdeel: Rondvraag Fysieke Leefomgeving.","dc_identifier":"nl.gm1954.2c.2024.2836701-7","dc_publisher":"gm1954","dc_source":"https://beekdaelen.bestuurlijkeinformatie.nl/Agenda/Index/ed86e8fe-3791-4caf-9b54-c9fe7077c210","dc_title":"Raadscommissie Fysieke Leefomgeving 2024-03-07 - Rondvraag Fysieke Leefomgeving","dc_type":"2c","dc_type_description":"Vergaderstuk decentrale overheid","foi_fairiscoreVersions":{"v1":1,"v2":1},"foi_files":[{"dc_format":"application/octet-stream","dc_identifier":"nl.gm1954.2c.2024.2836701-7.doc.6","dc_source":"https://api1.ibabs.eu/publicdownload.aspx?site=Beekdaelen&id=83d6f842-74ef-4348-b34c-5b70f73986ba","dc_title":"C Rondvraag (crossbaan) I","dc_type":"bijlage","foi_fileName":"C%20Rondvraag%20%28crossbaan%29%20I.mp3","foi_nrPages":1},{"dc_format":"application/octet-stream","dc_identifier":"nl.gm1954.2c.2024.2836701-7.doc.7","dc_source":"https://api1.ibabs.eu/publicdownload.aspx?site=Beekdaelen&id=ab5ae831-d2df-4a55-a2ed-c929a611b08a","dc_title":"C Rondvraag (crossbaan) II","dc_type":"bijlage","foi_fileName":"C%20Rondvraag%20%28crossbaan%29%20II.mp3","foi_nrPages":1},{"dc_format":"application/octet-stream","dc_identifier":"nl.gm1954.2c.2024.2836701-7.doc.9","dc_source":"https://api1.ibabs.eu/publicdownload.aspx?site=Beekdaelen&id=7dc7dd52-c754-4c14-8e09-25743eb39dea","dc_title":"C Rondvraag (nota Ruimtelijke Kwaliteit) I","dc_type":"bijlage","foi_fileName":"C%20Rondvraag%20%28nota%20Ruimtelijke%20Kwaliteit%29%20I.mp3","foi_nrPages":1},{"dc_format":"application/octet-stream","dc_identifier":"nl.gm1954.2c.2024.2836701-7.doc.10","dc_source":"https://api1.ibabs.eu/publicdownload.aspx?site=Beekdaelen&id=db574372-e514-4a3f-b00f-b639cdacdc4e","dc_title":"C Rondvraag (nota Ruimtelijke Kwaliteit) II","dc_type":"bijlage","foi_fileName":"C%20Rondvraag%20%28nota%20Ruimtelijke%20Kwaliteit%29%20II.mp3","foi_nrPages":1},{"dc_format":"application/octet-stream","dc_identifier":"nl.gm1954.2c.2024.2836701-7.doc.4","dc_source":"https://api1.ibabs.eu/publicdownload.aspx?site=Beekdaelen&id=463ef7a2-e7d7-49c6-a92d-a7213d5dc77d","dc_title":"C Rondvraag (school Merkelbeek en schoolthuisroute) I","dc_type":"bijlage","foi_fileName":"C%20Rondvraag%20%28school%20Merkelbeek%20en%20schoolthuisroute%29%20I.mp3","foi_nrPages":1},{"dc_format":"application/octet-stream","dc_identifier":"nl.gm1954.2c.2024.2836701-7.doc.5","dc_source":"https://api1.ibabs.eu/publicdownload.aspx?site=Beekdaelen&id=4c9c6338-d49b-4f53-a8ef-d3178585b8c6","dc_title":"C Rondvraag (school Merkelbeek en schoolthuisroute) II","dc_type":"bijlage","foi_fileName":"C%20Rondvraag%20%28school%20Merkelbeek%20en%20schoolthuisroute%29%20II.mp3","foi_nrPages":1},{"dc_format":"application/octet-stream","dc_identifier":"nl.gm1954.2c.2024.2836701-7.doc.8","dc_source":"https://api1.ibabs.eu/publicdownload.aspx?site=Beekdaelen&id=8ed9a293-d031-4975-9362-0507ed9b1d0c","dc_title":"C Rondvraag (windturbines Jabeek S\u00fcsterseel)","dc_type":"bijlage","foi_fileName":"C%20Rondvraag%20%28windturbines%20Jabeek%20S%C3%BCsterseel%29.mp3","foi_nrPages":1},{"dc_format":"application/pdf","dc_identifier":"nl.gm1954.2c.2024.2836701-7.doc.3","dc_source":"https://api1.ibabs.eu/publicdownload.aspx?site=Beekdaelen&id=90876958-070d-4a21-bbfb-1897e409e573","dc_title":"MvA technische vragen BL RONDVRAAG","dc_type":"bijlage","foi_fairiscoreVersions":{"v1":1,"v2":1},"foi_fileName":"MvA%20technische%20vragen%20BL%20RONDVRAAG.pdf","foi_nrPages":1},{"dc_format":"application/pdf","dc_identifier":"nl.gm1954.2c.2024.2836701-7.doc.1","dc_source":"https://api1.ibabs.eu/publicdownload.aspx?site=Beekdaelen&id=d086326d-71b1-47c6-bc37-6c82e8d2b1af","dc_title":"MvA technische vragen CDA RONDVRAAG I","dc_type":"bijlage","foi_fairiscoreVersions":{"v1":1,"v2":1},"foi_fileName":"MvA%20technische%20vragen%20CDA%20RONDVRAAG.pdf","foi_nrPages":2},{"dc_format":"application/pdf","dc_identifier":"nl.gm1954.2c.2024.2836701-7.doc.11","dc_source":"https://api1.ibabs.eu/publicdownload.aspx?site=Beekdaelen&id=6d36ee70-e50c-4c1f-8bfe-f56e1b7163cc","dc_title":"MvA technische vragen CDA RONDVRAAG II","dc_type":"bijlage","foi_fairiscoreVersions":{"v1":1,"v2":1},"foi_fileName":"MvA%20technische%20vragen%20CDA%20RONDVRAAG%20II.pdf","foi_nrPages":2},{"dc_format":"application/pdf","dc_identifier":"nl.gm1954.2c.2024.2836701-7.doc.2","dc_source":"https://api1.ibabs.eu/publicdownload.aspx?site=Beekdaelen&id=5ac3aabf-c298-44ea-a8e1-d82c93576610","dc_title":"MvA technische vragen VG RONDVRAAG","dc_type":"bijlage","foi_fairiscoreVersions":{"v1":1,"v2":1},"foi_fileName":"MvA%20technische%20vragen%20VG%20RONDVRAAG.pdf","foi_nrPages":2}],"foi_nrDocuments":11,"foi_nrPagesInDossier":14,"foi_publishedDate":"2024-03-07","foi_retrievedDate":"2026-03-14"},{"dc_creator":"HandelingScraper_v1","dc_date_year":2024,"dc_description":"Vergadering van de Gemeente Beekdaelen op 2024-03-19. Onderdeel: Opening.","dc_identifier":"nl.gm1954.2c.2024.2836765-1","dc_publisher":"gm1954","dc_source":"https://beekdaelen.bestuurlijkeinformatie.nl/Agenda/Index/aefda141-13b5-4245-9bb4-e56fda2c9583","dc_title":"Raadsvergadering 2024-03-19 - Opening","dc_type":"2c","dc_type_description":"Vergaderstuk decentrale overheid","foi_fairiscoreVersions":{"v1":1,"v2":1},"foi_files":[{"dc_format":"application/pdf","dc_identifier":"nl.gm1954.2c.2024.2836765-1.doc.1","dc_source":"https://api1.ibabs.eu/publicdownload.aspx?site=Beekdaelen&id=e479f843-f621-4bbd-9cf5-68220aaf42d0","dc_title":"Uitnodiging en voorlopige agenda raadsvergadering 19 maart 2024","dc_type":"bijlage","foi_fairiscoreVersions":{"v1":1,"v2":1},"foi_fileName":"Uitnodiging%20en%20voorlopige%20agenda%20raadsvergadering%2019%20maart%202024.pdf","foi_nrPages":1}],"foi_nrDocuments":1,"foi_nrPagesInDossier":1,"foi_publishedDate":"2024-03-19","foi_retrievedDate":"2025-12-01"},{"dc_creator":"HandelingScraper_v1","dc_date_year":2024,"dc_description":"Vergadering van de Gemeente Beekdaelen op 2024-03-19. Onderdeel: Vaststellen besluitenlijst openbare raadsvergadering d.d. 6 februari 2024.","dc_identifier":"nl.gm1954.2c.2024.2836765-2","dc_publisher":"gm1954","dc_source":"https://beekdaelen.bestuurlijkeinformatie.nl/Agenda/Index/aefda141-13b5-4245-9bb4-e56fda2c9583","dc_title":"Raadsvergadering 2024-03-19 - Vaststellen besluitenlijst openbare raadsvergadering d.d. 6 februari 2024","dc_type":"2c","dc_type_description":"Vergaderstuk decentrale overheid","foi_fairiscoreVersions":{"v1":1,"v2":1},"foi_files":[{"dc_format":"application/pdf","dc_identifier":"nl.gm1954.2c.2024.2836765-2.doc.1","dc_source":"https://api1.ibabs.eu/publicdownload.aspx?site=Beekdaelen&id=6f71879b-5184-4477-a033-87ce4584230a","dc_title":"Besluitenlijst raadsvergadering 06022024 - vastgesteld 19-03-2024","dc_type":"bijlage","foi_fairiscoreVersions":{"v1":1,"v2":1},"foi_fileName":"Besluitenlijst%20raadsvergadering%2006022024.pdf","foi_nrPages":11}],"foi_nrDocuments":1,"foi_nrPagesInDossier":11,"foi_publishedDate":"2024-03-19","foi_retrievedDate":"2026-03-05"},{"dc_creator":"HandelingScraper_v1","dc_date_year":2024,"dc_description":"Vergadering van de Gemeente Beekdaelen op 2024-03-19. Onderdeel: Voorstel inzake benoeming burgercommissielid.","dc_identifier":"nl.gm1954.2c.2024.2836765-3","dc_publisher":"gm1954","dc_source":"https://beekdaelen.bestuurlijkeinformatie.nl/Agenda/Index/aefda141-13b5-4245-9bb4-e56fda2c9583","dc_title":"Raadsvergadering 2024-03-19 - Voorstel inzake benoeming burgercommissielid","dc_type":"2c","dc_type_description":"Vergaderstuk decentrale overheid","foi_fairiscoreVersions":{"v1":1,"v2":1},"foi_files":[{"dc_format":"application/pdf","dc_identifier":"nl.gm1954.2c.2024.2836765-3.doc.2","dc_source":"https://api1.ibabs.eu/publicdownload.aspx?site=Beekdaelen&id=f9a47cbb-a8ae-4c7f-ad39-06e51eacc502","dc_title":"Raadsbesluit inzake benoeming burgercommissielid - vastgesteld 19-03-2024","dc_type":"bijlage","foi_fairiscoreVersions":{"v1":1,"v2":1},"foi_fileName":"Raadsbesluit%20inzake%20benoeming%20burgercommissielid.pdf","foi_nrPages":1},{"dc_format":"application/pdf","dc_identifier":"nl.gm1954.2c.2024.2836765-3.doc.1","dc_source":"https://api1.ibabs.eu/publicdownload.aspx?site=Beekdaelen&id=5b83f405-9588-45d1-b6fe-5edd43b99127","dc_title":"Raadsvoorstel inzake benoeming burgercommissielid","dc_type":"bijlage","foi_fairiscoreVersions":{"v1":1,"v2":1},"foi_fileName":"Raadsvoorstel%20inzake%20benoeming%20burgercommissielid.pdf","foi_nrPages":1}],"foi_nrDocuments":2,"foi_nrPagesInDossier":2,"foi_publishedDate":"2024-03-19","foi_retrievedDate":"2026-03-14"},{"dc_creator":"HandelingScraper_v1","dc_date_year":2024,"dc_description":"Vergadering van de Gemeente Beekdaelen op 2024-03-19. Onderdeel: Voorstel  inzake bestemmingsplan Mooi Leven Huis te Schimmert.","dc_identifier":"nl.gm1954.2c.2024.2836765-4","dc_publisher":"gm1954","dc_source":"https://beekdaelen.bestuurlijkeinformatie.nl/Agenda/Index/aefda141-13b5-4245-9bb4-e56fda2c9583","dc_title":"Raadsvergadering 2024-03-19 - Voorstel  inzake bestemmingsplan Mooi Leven Huis te Schimmert","dc_type":"2c","dc_type_description":"Vergaderstuk decentrale overheid","foi_fairiscoreVersions":{"v1":2,"v2":2},"foi_files":[{"dc_format":"application/pdf","dc_identifier":"nl.gm1954.2c.2024.2836765-4.doc.3","dc_source":"https://api1.ibabs.eu/publicdownload.aspx?site=Beekdaelen&id=b5d12a9c-61c2-48f8-8ff7-6b1c84e471fd","dc_title":"Bijlage 1: Raadsinformatiebrief Mooi Leven Huis \u2013 Verkoop perceel Op de Bies 66  te Schimmert","dc_type":"bijlage","foi_fairiscoreVersions":{"v1":1,"v2":1},"foi_fileName":"319168_1.pdf","foi_nrPages":3},{"dc_format":"application/pdf","dc_identifier":"nl.gm1954.2c.2024.2836765-4.doc.17","dc_source":"https://api1.ibabs.eu/publicdownload.aspx?site=Beekdaelen&id=cb73f6f1-e94f-4b51-8d58-41cb9bd38297","dc_title":"Bijlage 4.12: Verkennend bodem- en  asbestonderzoek (deel 2)","dc_type":"bijlage","foi_fairiscoreVersions":{"v1":3,"v2":3},"foi_fileName":"b_NL.IMRO.1954.pdf","foi_nrPages":69},{"dc_format":"application/pdf","dc_identifier":"nl.gm1954.2c.2024.2836765-4.doc.15","dc_source":"https://api1.ibabs.eu/publicdownload.aspx?site=Beekdaelen&id=89b7f21b-cc96-4030-92eb-1d1445888d71","dc_title":"Bijlage 4.10: ArcheoPro Archeologisch rapport","dc_type":"bijlage","foi_fairiscoreVersions":{"v1":1,"v2":1},"foi_fileName":"b_NL.IMRO.1954.pdf","foi_nrPages":42},{"dc_format":"application/pdf","dc_identifier":"nl.gm1954.2c.2024.2836765-4.doc.20","dc_source":"https://api1.ibabs.eu/publicdownload.aspx?site=Beekdaelen&id=072da70c-d885-4153-ba7e-a974eed9c6b1","dc_title":"Bijlage 5_ Bericht intrekking zienswijze, d.d. 21 december 2023 GEANONIMISEERD","dc_type":"bijlage","foi_fairiscoreVersions":{"v1":2,"v2":2},"foi_fileName":"Bijlage%205_%20Bericht%20intrekking%20zienswijze_%20d.d.pdf","foi_nrPages":6},{"dc_format":"application/pdf","dc_identifier":"nl.gm1954.2c.2024.2836765-4.doc.2","dc_source":"https://api1.ibabs.eu/publicdownload.aspx?site=Beekdaelen&id=61129407-f8f8-4d42-95da-7f92ee10bf57","dc_title":"Bijlage 6: Raadsbesluit: Bestemmingsplan Mooi Leven Huis Schimmert","dc_type":"bijlage","foi_fairiscoreVersions":{"v1":1,"v2":1},"foi_fileName":"Z%2F23%2F199080%20-%20354423%20-%20Bestemmingsplan%20Mooi%20Leven%20Huis%20Schimmert.pdf","foi_nrPages":1},{"dc_format":"application/pdf","dc_identifier":"nl.gm1954.2c.2024.2836765-4.doc.1","dc_source":"https://api1.ibabs.eu/publicdownload.aspx?site=Beekdaelen&id=987ecf26-d640-4461-9b34-2f7b658f5928","dc_title":"Raadsvoorstel: Bestemmingsplan Mooi Leven Huis Schimmert","dc_type":"bijlage","foi_fairiscoreVersions":{"v1":1,"v2":1},"foi_fileName":"Z%2F23%2F199080%20-%20354424%20-%20Bestemmingsplan%20Mooi%20Leven%20Huis%20Schimmert.pdf","foi_nrPages":6},{"dc_format":"application/pdf","dc_identifier":"nl.gm1954.2c.2024.2836765-4.doc.6","dc_source":"https://api1.ibabs.eu/publicdownload.aspx?site=Beekdaelen&id=b5dcbf5c-9276-4772-9ea9-18342f612516","dc_title":"Bijlage 4.1: Bestemmingsplan Mooi Leven Huis Schimmert - Toelichting","dc_type":"bijlage","foi_fairiscoreVersions":{"v1":2,"v2":1},"foi_fileName":"Z%2F23%2F199080%20-%20354425.pdf","foi_nrPages":65},{"dc_format":"application/pdf","dc_identifier":"nl.gm1954.2c.2024.2836765-4.doc.7","dc_source":"https://api1.ibabs.eu/publicdownload.aspx?site=Beekdaelen&id=8818c5f3-d27d-4545-97ea-aab1a1613e0c","dc_title":"Bijlage 4.2: Bestemmingsplan Mooi Leven Huis Schimmert - Regels","dc_type":"bijlage","foi_fairiscoreVersions":{"v1":2,"v2":1},"foi_fileName":"Z%2F23%2F199080%20-%20354425.pdf","foi_nrPages":31},{"dc_format":"application/pdf","dc_identifier":"nl.gm1954.2c.2024.2836765-4.doc.8","dc_source":"https://api1.ibabs.eu/publicdownload.aspx?site=Beekdaelen&id=23427f2f-e881-42f6-944b-8df442f7b1f6","dc_title":"Bijlage 4.3: Bestemmingsplan Mooi Leven Huis Schimmert - Verbeelding","dc_type":"bijlage","foi_fairiscoreVersions":{"v1":1,"v2":1},"foi_fileName":"Z%2F23%2F199080%20-%20354425.pdf","foi_nrPages":1},{"dc_format":"application/pdf","dc_identifier":"nl.gm1954.2c.2024.2836765-4.doc.10","dc_source":"https://api1.ibabs.eu/publicdownload.aspx?site=Beekdaelen&id=78e71a23-3cc3-4e7c-9baa-96046b96e58d","dc_title":"Bijlage 4.5: Toegesneden lijst van bedrijfstypen","dc_type":"bijlage","foi_fairiscoreVersions":{"v1":1,"v2":1},"foi_fileName":"Z%2F23%2F199080%20-%20354425.pdf","foi_nrPages":7},{"dc_format":"application/pdf","dc_identifier":"nl.gm1954.2c.2024.2836765-4.doc.11","dc_source":"https://api1.ibabs.eu/publicdownload.aspx?site=Beekdaelen&id=c28f09ac-085d-40c2-a0f3-17fb1bc3fe9d","dc_title":"Bijlage 4.6: Memorandum: informatiebijeenkomst Mooi Leven Huis d.d. 26 juni \u201923","dc_type":"bijlage","foi_fairiscoreVersions":{"v1":1,"v2":1},"foi_fileName":"Z%2F23%2F199080%20-%20354425.pdf","foi_nrPages":2},{"dc_format":"application/pdf","dc_identifier":"nl.gm1954.2c.2024.2836765-4.doc.12","dc_source":"https://api1.ibabs.eu/publicdownload.aspx?site=Beekdaelen&id=6263aa61-398b-4d7a-b356-d9edcc279605","dc_title":"Bijlage 4.7: Verkennend bodem- en  asbestonderzoek (deel 1)","dc_type":"bijlage","foi_fairiscoreVersions":{"v1":2,"v2":2},"foi_fileName":"Z%2F23%2F199080%20-%20354425.pdf","foi_nrPages":61},{"dc_format":"application/pdf","dc_identifier":"nl.gm1954.2c.2024.2836765-4.doc.13","dc_source":"https://api1.ibabs.eu/publicdownload.aspx?site=Beekdaelen&id=411870f9-770a-491e-b96b-475c2b34fb5d","dc_title":"Bijlage 4.8: Akoestisch onderzoek","dc_type":"bijlage","foi_fairiscoreVersions":{"v1":2,"v2":1},"foi_fileName":"Z%2F23%2F199080%20-%20354425.pdf","foi_nrPages":49},{"dc_format":"application/pdf","dc_identifier":"nl.gm1954.2c.2024.2836765-4.doc.14","dc_source":"https://api1.ibabs.eu/publicdownload.aspx?site=Beekdaelen&id=726791da-9811-4a70-95d5-e8078e6da951","dc_title":"Bijlage 4.9: AERIUS berekening bouw- en gebruiksfase","dc_type":"bijlage","foi_fairiscoreVersions":{"v1":1,"v2":1},"foi_fileName":"Z%2F23%2F199080%20-%20354425.pdf","foi_nrPages":26},{"dc_format":"application/pdf","dc_identifier":"nl.gm1954.2c.2024.2836765-4.doc.5","dc_source":"https://api1.ibabs.eu/publicdownload.aspx?site=Beekdaelen&id=e0b036b2-bac6-41f0-a5db-ee2717044876","dc_title":"Bijlage 3: Zienswijze op bestemmingsplan 'Mooi Leven Huis Schimmert'","dc_type":"bijlage","foi_fairiscoreVersions":{"v1":1,"v2":1},"foi_fileName":"Z%2F23%2F199080%20-%20354425.pdf","foi_nrPages":1},{"dc_format":"application/pdf","dc_identifier":"nl.gm1954.2c.2024.2836765-4.doc.16","dc_source":"https://api1.ibabs.eu/publicdownload.aspx?site=Beekdaelen&id=f5711595-8f0a-41d0-b8a4-50f192e8786f","dc_title":"Bijlage 4.11: kaart Archeologie","dc_type":"bijlage","foi_fairiscoreVersions":{"v1":2,"v2":1},"foi_fileName":"Z%2F23%2F199080%20-%20354425.pdf","foi_nrPages":2},{"dc_format":"application/pdf","dc_identifier":"nl.gm1954.2c.2024.2836765-4.doc.4","dc_source":"https://api1.ibabs.eu/publicdownload.aspx?site=Beekdaelen&id=cde2b1e2-8dac-4301-a85a-90350bd053c5","dc_title":"Bijlage 2: Principeverzoek realisatie Mooi Leven Huis te Schimmert","dc_type":"bijlage","foi_fairiscoreVersions":{"v1":2,"v2":1},"foi_fileName":"Z%2F23%2F199080%20-%20354425.pdf","foi_nrPages":32},{"dc_format":"application/pdf","dc_identifier":"nl.gm1954.2c.2024.2836765-4.doc.18","dc_source":"https://api1.ibabs.eu/publicdownload.aspx?site=Beekdaelen&id=0d9c3467-b09a-4320-9d95-e92ed626ecb1","dc_title":"Bijlage 4.13: Onderzoek naar de waterdoorlatendheid  ondergrond","dc_type":"bijlage","foi_fairiscoreVersions":{"v1":2,"v2":1},"foi_fileName":"Z%2F23%2F199080%20-%20354425.pdf","foi_nrPages":24},{"dc_format":"application/pdf","dc_identifier":"nl.gm1954.2c.2024.2836765-4.doc.19","dc_source":"https://api1.ibabs.eu/publicdownload.aspx?site=Beekdaelen&id=798fb951-8270-4ee0-81a1-b2940c0d7fb4","dc_title":"Bijlage 4.14: Quickscan Flora en Fauna","dc_type":"bijlage","foi_fairiscoreVersions":{"v1":2,"v2":1},"foi_fileName":"Z%2F23%2F199080%20-%20354425.pdf","foi_nrPages":47},{"dc_format":"application/pdf","dc_identifier":"nl.gm1954.2c.2024.2836765-4.doc.9","dc_source":"https://api1.ibabs.eu/publicdownload.aspx?site=Beekdaelen&id=ac9327c0-46a7-4019-a2dd-8bac4dfdd942","dc_title":"Bijlage 4.4: Overzicht aan huis gebonden bedrijf en aan huis gebonden beroep","dc_type":"bijlage","foi_fairiscoreVersions":{"v1":1,"v2":1},"foi_fileName":"Z%2F23%2F199080%20-%20354425%20-%20Bijlage%3A%20Bestemmingsplan%20Mooi%20Leven%20Huis%20te%20Schimmert.pdf","foi_nrPages":2}],"foi_nrDocuments":20,"foi_nrPagesInDossier":477,"foi_publishedDate":"2024-03-19","foi_retrievedDate":"2026-02-05"},{"dc_creator":"HandelingScraper_v1","dc_date_year":2024,"dc_description":"Vergadering van de Gemeente Beekdaelen op 2024-03-19. Onderdeel: Voorstel inzake aanvullend krediet startersleningen.","dc_identifier":"nl.gm1954.2c.2024.2836765-5","dc_publisher":"gm1954","dc_source":"https://beekdaelen.bestuurlijkeinformatie.nl/Agenda/Index/aefda141-13b5-4245-9bb4-e56fda2c9583","dc_title":"Raadsvergadering 2024-03-19 - Voorstel inzake aanvullend krediet startersleningen","dc_type":"2c","dc_type_description":"Vergaderstuk decentrale overheid","foi_fairiscoreVersions":{"v1":1,"v2":1},"foi_files":[{"dc_format":"application/pdf","dc_identifier":"nl.gm1954.2c.2024.2836765-5.doc.1","dc_source":"https://api1.ibabs.eu/publicdownload.aspx?site=Beekdaelen&id=5b77cd89-62f5-424d-b465-d0eb9c69b151","dc_title":"Raadsvoorstel inzake aanvullend krediet verstrekken startersleningen","dc_type":"bijlage","foi_fairiscoreVersions":{"v1":1,"v2":1},"foi_fileName":"Z%2F23%2F198953%20-%20354136%20-%20Aanvullend%20krediet%20startersleningen.pdf","foi_nrPages":2},{"dc_format":"application/pdf","dc_identifier":"nl.gm1954.2c.2024.2836765-5.doc.2","dc_source":"https://api1.ibabs.eu/publicdownload.aspx?site=Beekdaelen&id=7e3e265e-c206-4f9f-b4f1-cacd0c2bf6e0","dc_title":"Raadsbesluit inzake aanvullend krediet verstrekken startersleningen - vastgesteld 19-03-2024","dc_type":"bijlage","foi_fairiscoreVersions":{"v1":1,"v2":1},"foi_fileName":"Z%2F23%2F198953%20-%20354144%20-%20Aanvullend%20krediet%20verstrekken%20startersleningen.pdf","foi_nrPages":1}],"foi_nrDocuments":2,"foi_nrPagesInDossier":3,"foi_publishedDate":"2024-03-19","foi_retrievedDate":"2026-03-05"},{"dc_creator":"HandelingScraper_v1","dc_date_year":2024,"dc_description":"Vergadering van de Gemeente Beekdaelen op 2024-03-19. Onderdeel: Vaststelling lijst ingekomen stukken.","dc_identifier":"nl.gm1954.2c.2024.2836765-6","dc_publisher":"gm1954","dc_source":"https://beekdaelen.bestuurlijkeinformatie.nl/Agenda/Index/aefda141-13b5-4245-9bb4-e56fda2c9583","dc_title":"Raadsvergadering 2024-03-19 - Vaststelling lijst ingekomen stukken","dc_type":"2c","dc_type_description":"Vergaderstuk decentrale overheid","foi_fairiscoreVersions":{"v1":null,"v2":null},"foi_files":[{"dc_format":"application/pdf","dc_identifier":"nl.gm1954.2c.2024.2836765-6.doc.1","dc_source":"https://api1.ibabs.eu/publicdownload.aspx?site=Beekdaelen&id=13156fd3-eb5a-4b46-a72c-15136ee42c85","dc_title":"Lijst ingekomen stukken versie 14-03-2024 - vastgesteld 19-03-2024","dc_type":"bijlage","foi_fileName":"Lijst%20ingekomen%20stukken%20versie%2014-03-2024.pdf"}],"foi_nrDocuments":1,"foi_nrPagesInDossier":0,"foi_publishedDate":"2024-03-19","foi_retrievedDate":"2025-11-30"},{"dc_creator":"HandelingScraper_v1","dc_date_year":2024,"dc_description":"Vergadering van de Gemeente Beekdaelen op 2024-04-10. Onderdeel: Algemeen.","dc_identifier":"nl.gm1954.2c.2024.2836780-1","dc_publisher":"gm1954","dc_source":"https://beekdaelen.bestuurlijkeinformatie.nl/Agenda/Index/b01c525c-e79a-473c-a157-f5db9666e02a","dc_title":"Raadscommissie Bestuur en Middelen 2024-04-10 - Algemeen","dc_type":"2c","dc_type_description":"Vergaderstuk decentrale overheid","foi_fairiscoreVersions":{"v1":1,"v2":1},"foi_files":[{"dc_format":"application/pdf","dc_identifier":"nl.gm1954.2c.2024.2836780-1.doc.4","dc_source":"https://api1.ibabs.eu/publicdownload.aspx?site=Beekdaelen&id=999952b9-6316-442b-b667-149243a5a59d","dc_title":"Ingekomen technische vragen BL B2","dc_type":"bijlage","foi_fairiscoreVersions":{"v1":1,"v2":1},"foi_fileName":"Ingekomen%20technische%20vragen%20BL.pdf","foi_nrPages":1},{"dc_format":"application/pdf","dc_identifier":"nl.gm1954.2c.2024.2836780-1.doc.7","dc_source":"https://api1.ibabs.eu/publicdownload.aspx?site=Beekdaelen&id=80e285ae-0d06-4bf5-acf2-3907277481d9","dc_title":"Ingekomen technische vragen BL B1","dc_type":"bijlage","foi_fairiscoreVersions":{"v1":1,"v2":1},"foi_fileName":"Ingekomen%20technische%20vragen%20BL%20II.pdf","foi_nrPages":1},{"dc_format":"application/pdf","dc_identifier":"nl.gm1954.2c.2024.2836780-1.doc.5","dc_source":"https://api1.ibabs.eu/publicdownload.aspx?site=Beekdaelen&id=386b14bf-462e-44e6-b844-c0d9978bda33","dc_title":"Ingekomen technische vragen CDA B1 en B2","dc_type":"bijlage","foi_fairiscoreVersions":{"v1":1,"v2":1},"foi_fileName":"Ingekomen%20technische%20vragen%20CDA.pdf","foi_nrPages":1},{"dc_format":"application/pdf","dc_identifier":"nl.gm1954.2c.2024.2836780-1.doc.3","dc_source":"https://api1.ibabs.eu/publicdownload.aspx?site=Beekdaelen&id=b9f30dff-643c-4210-9f1e-69de82aa3a42","dc_title":"Ingekomen technische vragen Koll\u00e9e Rijkx B1 en B2","dc_type":"bijlage","foi_fairiscoreVersions":{"v1":1,"v2":1},"foi_fileName":"Ingekomen%20technische%20vragen%20Koll%C3%A9e%20Rijkx.pdf","foi_nrPages":1},{"dc_format":"application/pdf","dc_identifier":"nl.gm1954.2c.2024.2836780-1.doc.2","dc_source":"https://api1.ibabs.eu/publicdownload.aspx?site=Beekdaelen&id=178b2716-8463-4ca8-96d1-e7c6dafb110b","dc_title":"Ingekomen technische vragen PvdA B2","dc_type":"bijlage","foi_fairiscoreVersions":{"v1":1,"v2":1},"foi_fileName":"Ingekomen%20technische%20vragen%20PvdA.pdf","foi_nrPages":1},{"dc_format":"application/pdf","dc_identifier":"nl.gm1954.2c.2024.2836780-1.doc.6","dc_source":"https://api1.ibabs.eu/publicdownload.aspx?site=Beekdaelen&id=ba206d2d-3519-453a-aa8d-834ea3f7ce6c","dc_title":"Ingekomen technische vragen VG B1 en B2","dc_type":"bijlage","foi_fairiscoreVersions":{"v1":1,"v2":1},"foi_fileName":"Ingekomen%20technische%20vragen%20VG.pdf","foi_nrPages":2},{"dc_format":"application/pdf","dc_identifier":"nl.gm1954.2c.2024.2836780-1.doc.1","dc_source":"https://api1.ibabs.eu/publicdownload.aspx?site=Beekdaelen&id=504d00f6-7eda-4758-a6b3-cbe84a198593","dc_title":"Ingekomen technische vragen VVD B1 en B2","dc_type":"bijlage","foi_fairiscoreVersions":{"v1":1,"v2":1},"foi_fileName":"Ingekomen%20technische%20vragen%20VVD.pdf","foi_nrPages":1}],"foi_nrDocuments":7,"foi_nrPagesInDossier":8,"foi_publishedDate":"2024-04-10","foi_retrievedDate":"2026-03-14"},{"dc_creator":"HandelingScraper_v1","dc_date_year":2024,"dc_description":"Vergadering van de Gemeente Beekdaelen op 2024-04-10. Onderdeel: Opening, mededelingen voorzitter en vaststellen agenda.","dc_identifier":"nl.gm1954.2c.2024.2836780-2","dc_publisher":"gm1954","dc_source":"https://beekdaelen.bestuurlijkeinformatie.nl/Agenda/Index/b01c525c-e79a-473c-a157-f5db9666e02a","dc_title":"Raadscommissie Bestuur en Middelen 2024-04-10 - Opening, mededelingen voorzitter en vaststellen agenda","dc_type":"2c","dc_type_description":"Vergaderstuk decentrale overheid","foi_fairiscoreVersions":{"v1":1,"v2":1},"foi_files":[{"dc_format":"application/pdf","dc_identifier":"nl.gm1954.2c.2024.2836780-2.doc.1","dc_source":"https://api1.ibabs.eu/publicdownload.aspx?site=Beekdaelen&id=81da793a-eeb2-4d4e-91aa-595455255b7b","dc_title":"uitnodiging en voorlopige agenda cie. B&M 10.04.2024","dc_type":"bijlage","foi_fairiscoreVersions":{"v1":1,"v2":1},"foi_fileName":"uitnodiging%20en%20voorlopige%20agenda%20cie.%20B%26M%2010.04.pdf","foi_nrPages":1}],"foi_nrDocuments":1,"foi_nrPagesInDossier":1,"foi_publishedDate":"2024-04-10","foi_retrievedDate":"2025-12-01"},{"dc_creator":"HandelingScraper_v1","dc_date_year":2024,"dc_description":"Vergadering van de Gemeente Beekdaelen op 2024-04-10. Onderdeel: Vaststellen actiepuntenlijst van de raadscommissie Bestuur en Middelen d.d. 24.01.2024.","dc_identifier":"nl.gm1954.2c.2024.2836780-3","dc_publisher":"gm1954","dc_source":"https://beekdaelen.bestuurlijkeinformatie.nl/Agenda/Index/b01c525c-e79a-473c-a157-f5db9666e02a","dc_title":"Raadscommissie Bestuur en Middelen 2024-04-10 - Vaststellen actiepuntenlijst van de raadscommissie Bestuur en Middelen d.d. 24.01.2024","dc_type":"2c","dc_type_description":"Vergaderstuk decentrale overheid","foi_fairiscoreVersions":{"v1":null,"v2":null},"foi_files":[{"dc_format":"application/pdf","dc_identifier":"nl.gm1954.2c.2024.2836780-3.doc.1","dc_source":"https://api1.ibabs.eu/publicdownload.aspx?site=Beekdaelen&id=4775cf34-e4f8-4f79-8e25-4234186a9bfd","dc_title":"Actiepuntenlijst cie. B&M 24.01.2024","dc_type":"bijlage","foi_fileName":"Actiepuntenlijstr%20cie.pdf"}],"foi_nrDocuments":1,"foi_nrPagesInDossier":0,"foi_publishedDate":"2024-04-10","foi_retrievedDate":"2025-11-30"},{"dc_creator":"HandelingScraper_v1","dc_date_year":2024,"dc_description":"Vergadering van de Gemeente Beekdaelen op 2024-04-10. Onderdeel: Raadsvoorstel inzake: \"ontwerp Gemeenschappelijke regeling  Parkstad-IT\"..","dc_identifier":"nl.gm1954.2c.2024.2836780-4","dc_publisher":"gm1954","dc_source":"https://beekdaelen.bestuurlijkeinformatie.nl/Agenda/Index/b01c525c-e79a-473c-a157-f5db9666e02a","dc_title":"Raadscommissie Bestuur en Middelen 2024-04-10 - Raadsvoorstel inzake: \"ontwerp Gemeenschappelijke regeling  Parkstad-IT\".","dc_type":"2c","dc_type_description":"Vergaderstuk decentrale overheid","foi_fairiscoreVersions":{"v1":2,"v2":2},"foi_files":[{"dc_format":"application/pdf","dc_identifier":"nl.gm1954.2c.2024.2836780-4.doc.3","dc_source":"https://api1.ibabs.eu/publicdownload.aspx?site=Beekdaelen&id=c56591c2-d121-402a-84d9-f1d0e3d1b48a","dc_title":"Bijlage A1: Ontwerp - GR Parkstad-IT - 15jan2024","dc_type":"bijlage","foi_fairiscoreVersions":{"v1":1,"v2":1},"foi_fileName":"A1%20-%20Ontwerp%20-%20GR%20Parkstad-IT%20-%2015jan2024.pdf","foi_nrPages":14},{"dc_format":"application/pdf","dc_identifier":"nl.gm1954.2c.2024.2836780-4.doc.4","dc_source":"https://api1.ibabs.eu/publicdownload.aspx?site=Beekdaelen&id=eecc7d5a-fb07-42ee-8084-db544c88237d","dc_title":"Bijlage A2: Ontwerp GR-Parkstad stemverhoudingen 19 dec 2023","dc_type":"bijlage","foi_fairiscoreVersions":{"v1":1,"v2":1},"foi_fileName":"A2%20-%20Ontwerp%20-%20GR-Parkstad%20-%20stemverhoudingen%2019dec2023.pdf","foi_nrPages":1},{"dc_format":"application/pdf","dc_identifier":"nl.gm1954.2c.2024.2836780-4.doc.5","dc_source":"https://api1.ibabs.eu/publicdownload.aspx?site=Beekdaelen&id=23196c78-d698-41e0-b285-d7ad70b955b4","dc_title":"Bijlage A3: Mogelijke samenstellingen DB 19 dec 2023","dc_type":"bijlage","foi_fairiscoreVersions":{"v1":1,"v2":1},"foi_fileName":"A3%20-%20Mogelijke%20samenstellingen%20DB%2019dec2023.pdf","foi_nrPages":1},{"dc_format":"application/pdf","dc_identifier":"nl.gm1954.2c.2024.2836780-4.doc.6","dc_source":"https://api1.ibabs.eu/publicdownload.aspx?site=Beekdaelen&id=52c37c20-a33d-4f06-876f-d79959dbdd52","dc_title":"Bijlage A4: Advies inzake wijziging GR'en (BoelsZanders/ Cooperaci\u00f3n)","dc_type":"bijlage","foi_fairiscoreVersions":{"v1":1,"v2":1},"foi_fileName":"A4%20-%20Advies%20inzake%20wijziging%20GR%27en.pdf","foi_nrPages":38},{"dc_format":"application/pdf","dc_identifier":"nl.gm1954.2c.2024.2836780-4.doc.7","dc_source":"https://api1.ibabs.eu/publicdownload.aspx?site=Beekdaelen&id=e9224175-9f8d-4be1-942b-b1f5aca1e7f7","dc_title":"Bijlage A5: Reactienota zienswijzen raden (BoelsZanders/Cooperaci\u00f3n) 22 nov 2023","dc_type":"bijlage","foi_fairiscoreVersions":{"v1":1,"v2":1},"foi_fileName":"A5%20-%20Reactienota%2022112023.pdf","foi_nrPages":6},{"dc_format":"application/pdf","dc_identifier":"nl.gm1954.2c.2024.2836780-4.doc.8","dc_source":"https://api1.ibabs.eu/publicdownload.aspx?site=Beekdaelen&id=9b11fbbc-1c03-4dfe-ba6a-da0175c43747","dc_title":"Bijlage B1: Kadernota 2024 Parkstad-IT","dc_type":"bijlage","foi_fairiscoreVersions":{"v1":2,"v2":2},"foi_fileName":"B1%20-%20Ontwerp%20Kadernota%20Parkstad-IT%202024%20v1_0_1.pdf","foi_nrPages":28},{"dc_format":"application/octet-stream","dc_identifier":"nl.gm1954.2c.2024.2836780-4.doc.32","dc_source":"https://api1.ibabs.eu/publicdownload.aspx?site=Beekdaelen&id=1c16a2e8-b908-40f9-9174-35d0ea05ca3d","dc_title":"B1 1e termijn (gedeeltelijk)","dc_type":"bijlage","foi_fileName":"B1%201e%20termijn%20%28gedeeltelijk%29.mp3"},{"dc_format":"application/octet-stream","dc_identifier":"nl.gm1954.2c.2024.2836780-4.doc.34","dc_source":"https://api1.ibabs.eu/publicdownload.aspx?site=Beekdaelen&id=67b87220-2e0f-4c9b-92ec-8784cc86fe88","dc_title":"B1 2e termijn","dc_type":"bijlage","foi_fileName":"B1%202e%20termijn.mp3"},{"dc_format":"application/octet-stream","dc_identifier":"nl.gm1954.2c.2024.2836780-4.doc.36","dc_source":"https://api1.ibabs.eu/publicdownload.aspx?site=Beekdaelen&id=bd439e76-71b8-405a-b300-71a4c0560430","dc_title":"B1 Advies commissie","dc_type":"bijlage","foi_fileName":"B1%20Advies%20commissie.mp3"},{"dc_format":"application/octet-stream","dc_identifier":"nl.gm1954.2c.2024.2836780-4.doc.33","dc_source":"https://api1.ibabs.eu/publicdownload.aspx?site=Beekdaelen&id=373a2244-a7f0-46e2-8692-b730ec6bf60d","dc_title":"B1 beantwoording 1e termijn","dc_type":"bijlage","foi_fileName":"B1%20beantwoording%201e%20termijn.mp3"},{"dc_format":"application/octet-stream","dc_identifier":"nl.gm1954.2c.2024.2836780-4.doc.35","dc_source":"https://api1.ibabs.eu/publicdownload.aspx?site=Beekdaelen&id=6f0be20a-4c1f-4057-9702-c35dc6020dd6","dc_title":"B1 beantwoording 2e termijn","dc_type":"bijlage","foi_fileName":"B1%20beantwoording%202e%20termijn.mp3"},{"dc_format":"application/pdf","dc_identifier":"nl.gm1954.2c.2024.2836780-4.doc.9","dc_source":"https://api1.ibabs.eu/publicdownload.aspx?site=Beekdaelen&id=f6aff677-27e2-4c16-9324-bb023b4a2820","dc_title":"Bijlage B2a: Begroting 2024 Parkstad-IT","dc_type":"bijlage","foi_fairiscoreVersions":{"v1":2,"v2":1},"foi_fileName":"B2a%20-%20Begroting2024%20v0_4.pdf","foi_nrPages":35},{"dc_format":"application/pdf","dc_identifier":"nl.gm1954.2c.2024.2836780-4.doc.10","dc_source":"https://api1.ibabs.eu/publicdownload.aspx?site=Beekdaelen&id=fef61809-6259-4a1f-8ca9-c04424a4ef45","dc_title":"Bijlage B2b: Dialoog begroting 2024 Parkstad-IT","dc_type":"bijlage","foi_fairiscoreVersions":{"v1":2,"v2":1},"foi_fileName":"B2b%20-%20Begroting%202024%2014-09-2023%20v0_1.pdf","foi_nrPages":9},{"dc_format":"application/pdf","dc_identifier":"nl.gm1954.2c.2024.2836780-4.doc.20","dc_source":"https://api1.ibabs.eu/publicdownload.aspx?site=Beekdaelen&id=b67d5353-35b8-4144-83f5-6faabf970ec7","dc_title":"Bijlage 1 bij MvA vraag 1 fractie VVD - Begroting2024 v0_4","dc_type":"bijlage","foi_fairiscoreVersions":{"v1":2,"v2":1},"foi_fileName":"Bijlage%201%20bij%20beantwoording%20vraag%201%20fractie%20VVD%20-%20Begroting2024%20v0_4.pdf","foi_nrPages":35},{"dc_format":"application/pdf","dc_identifier":"nl.gm1954.2c.2024.2836780-4.doc.21","dc_source":"https://api1.ibabs.eu/publicdownload.aspx?site=Beekdaelen&id=b7487b4e-0d86-4a81-b1c2-cdce6000fe13","dc_title":"BIjlage 2 bij MvAvraag 1 fractie VVD - Begroting 2024 14-09-2023 v0_1","dc_type":"bijlage","foi_fairiscoreVersions":{"v1":2,"v2":1},"foi_fileName":"BIjlage%202%20bij%20beantwoording%20vraag%201%20fractie%20VVD%20-%20Begroting%202024%2014-09-2023%20v0_1.pdf","foi_nrPages":9},{"dc_format":"application/pdf","dc_identifier":"nl.gm1954.2c.2024.2836780-4.doc.23","dc_source":"https://api1.ibabs.eu/publicdownload.aspx?site=Beekdaelen&id=15cf588a-a748-4f21-9438-5a3670309bba","dc_title":"Bijlage 3 bij MvA vraag 1 fractie Vernieuwingsgroep Benchmark Metri 2019","dc_type":"bijlage","foi_fairiscoreVersions":{"v1":2,"v2":2},"foi_fileName":"Bijlage%203%20bij%20beantwoording%20vraag%201%20fractie%20Vernieuwingsgroep%20Benchmark%20Metri%202019.pdf","foi_nrPages":35},{"dc_format":"application/pdf","dc_identifier":"nl.gm1954.2c.2024.2836780-4.doc.24","dc_source":"https://api1.ibabs.eu/publicdownload.aspx?site=Beekdaelen&id=0f8cfd63-210f-40aa-9dea-c88e0675420d","dc_title":"Bijlage 4  bij MvA vraag 1 fractie Vernieuwinggroep trendrapport-ict-benchmark-gemeenten-2023 (boekjaar 2022)","dc_type":"bijlage","foi_fairiscoreVersions":{"v1":2,"v2":2},"foi_fileName":"Bijlage%204%20%20bij%20beantwoording%20vraag%201%20fractie%20Vernieuwinggroep%20trendrapport-ict-benchmark-gemeenten-2023%20%28boekjaar%202022%29.pdf","foi_nrPages":47},{"dc_format":"application/pdf","dc_identifier":"nl.gm1954.2c.2024.2836780-4.doc.25","dc_source":"https://api1.ibabs.eu/publicdownload.aspx?site=Beekdaelen&id=a6c45e8e-1382-4105-85b7-5de8e74aa260","dc_title":"Bijlage 5 bij MvA vraag 1 fractie  Vernieuwingsgroep vragen van de OR op 19 april 2023 inzake detachering-","dc_type":"bijlage","foi_fairiscoreVersions":{"v1":5,"v2":5},"foi_fileName":"Bijlage%205%20bij%20beantwoording%20vraag%201%20fractie%20%20Vernieuwingsgroep%20vragen%20van%20de%20OR%20op%2019%20april%202023%20inzake%20detachering-.pdf","foi_nrPages":1},{"dc_format":"application/pdf","dc_identifier":"nl.gm1954.2c.2024.2836780-4.doc.26","dc_source":"https://api1.ibabs.eu/publicdownload.aspx?site=Beekdaelen&id=4afadda9-2ac3-43d9-a306-86d6b3b53740","dc_title":"Bijlage 6 bij MvA vraag 1 fractie  Vernieuwingsgroep vragen van de OR op 19 april 2023 inzake BVO en OL - ondertekend","dc_type":"bijlage","foi_fairiscoreVersions":{"v1":5,"v2":5},"foi_fileName":"Bijlage%206%20bij%20beantwoording%20vraag%201%20fractie%20%20Vernieuwingsgroep%20vragen%20van%20de%20OR%20op%2019%20april%202023%20inzake%20BVO%20en%20OL%20-%20ondertekend.pdf","foi_nrPages":2},{"dc_format":"application/pdf","dc_identifier":"nl.gm1954.2c.2024.2836780-4.doc.27","dc_source":"https://api1.ibabs.eu/publicdownload.aspx?site=Beekdaelen&id=a9148aad-e76d-4ff2-8aeb-f4921a22fe9e","dc_title":"Bijlage 7 bij MvA vraag 1 fractie Vernieuwingsgroep vragen van de OR op 19 april 2023 inzake achterblijvende organisatie","dc_type":"bijlage","foi_fairiscoreVersions":{"v1":5,"v2":5},"foi_fileName":"Bijlage%207%20bij%20beantwoording%20vraag%201%20fractie%20Vernieuwingsgroep%20vragen%20van%20de%20OR%20op%2019%20april%202023%20inzake%20achterblijvende%20organisatie.pdf","foi_nrPages":2},{"dc_format":"application/pdf","dc_identifier":"nl.gm1954.2c.2024.2836780-4.doc.28","dc_source":"https://api1.ibabs.eu/publicdownload.aspx?site=Beekdaelen&id=ae9f1068-c97a-4c43-9c3b-351b89a81835","dc_title":"bijlage 8 bij MvA vraag 1 fractie Vernieuwinggroep brief verdere verzelfstandiging Parkstad-IT  taakverdeling OR en LO","dc_type":"bijlage","foi_fairiscoreVersions":{"v1":1,"v2":1},"foi_fileName":"bijlage%208%20bij%20beantwoording%20vraag%201%20fractie%20Vernieuwinggroep%20brief%20verdere%20verzelfstandiging%20Parkstad-IT%20%20taakverdeling%20OR%20en%20LO.pdf","foi_nrPages":2},{"dc_format":"application/pdf","dc_identifier":"nl.gm1954.2c.2024.2836780-4.doc.11","dc_source":"https://api1.ibabs.eu/publicdownload.aspx?site=Beekdaelen&id=5d6b1618-0950-4541-99c2-a4afe7de6dd4","dc_title":"Bijlage C1: Transitieplan 2024 Parkstad-IT","dc_type":"bijlage","foi_fairiscoreVersions":{"v1":2,"v2":1},"foi_fileName":"C1%20-%20Transitieplan%202024%20v0_2.pdf","foi_nrPages":23},{"dc_format":"application/pdf","dc_identifier":"nl.gm1954.2c.2024.2836780-4.doc.2","dc_source":"https://api1.ibabs.eu/publicdownload.aspx?site=Beekdaelen&id=24a5aac3-1f95-4674-9e85-13d08f3b53c0","dc_title":"Raadsbesluit inzake ontwerp Gemeenschappelijke regeling  Parkstad-IT - vastgesteld 23-04-2024","dc_type":"bijlage","foi_fairiscoreVersions":{"v1":1,"v2":1},"foi_fileName":"Concept%20Raadsbesluit%20359544_1.pdf","foi_nrPages":1},{"dc_format":"application/pdf","dc_identifier":"nl.gm1954.2c.2024.2836780-4.doc.1","dc_source":"https://api1.ibabs.eu/publicdownload.aspx?site=Beekdaelen&id=2688d642-c0d7-4f42-a920-6b12e12c94f8","dc_title":"Raadsvoorstel inzake ontwerp Gemeenschappelijke regeling  Parkstad-IT","dc_type":"bijlage","foi_fairiscoreVersions":{"v1":1,"v2":1},"foi_fileName":"Concept%20Raadsvoorstel%20359358_1.pdf","foi_nrPages":6},{"dc_format":"application/pdf","dc_identifier":"nl.gm1954.2c.2024.2836780-4.doc.12","dc_source":"https://api1.ibabs.eu/publicdownload.aspx?site=Beekdaelen&id=a848e6f3-9c6d-4056-8384-77118686b0b8","dc_title":"Bijlage D1:  Strategisch rapport; Toekomst Parkstad-IT (Berenschot)","dc_type":"bijlage","foi_fairiscoreVersions":{"v1":2,"v2":2},"foi_fileName":"D1%20-%20Berenschot%20-%20Toekomst%20Parkstad-IT.pdf","foi_nrPages":54},{"dc_format":"application/pdf","dc_identifier":"nl.gm1954.2c.2024.2836780-4.doc.13","dc_source":"https://api1.ibabs.eu/publicdownload.aspx?site=Beekdaelen&id=f3ab32a2-d50a-4576-ba89-62362d0762de","dc_title":"Bijlage D2: Tactisch rapport; Bedrijfsplan Parkstad-IT (Berenschot)","dc_type":"bijlage","foi_fairiscoreVersions":{"v1":1,"v2":1},"foi_fileName":"D2%20-%20Finaal%20concept%20bedrijfsplan%20PIT%2020%2008052023.pdf","foi_nrPages":48},{"dc_format":"application/pdf","dc_identifier":"nl.gm1954.2c.2024.2836780-4.doc.14","dc_source":"https://api1.ibabs.eu/publicdownload.aspx?site=Beekdaelen&id=c6aa33c4-98a4-452d-af32-95285608ad28","dc_title":"Bijlage E1:  Ontwerp Organisatieverordening Parkstad-IT","dc_type":"bijlage","foi_fairiscoreVersions":{"v1":1,"v2":1},"foi_fileName":"E1%20-%20Organisatieverordening%20v0_1.pdf","foi_nrPages":4},{"dc_format":"application/pdf","dc_identifier":"nl.gm1954.2c.2024.2836780-4.doc.15","dc_source":"https://api1.ibabs.eu/publicdownload.aspx?site=Beekdaelen&id=765de4b7-43ca-45a8-bc46-1c093c22c659","dc_title":"Bijlage E2:  CAO SGO 2023","dc_type":"bijlage","foi_fairiscoreVersions":{"v1":2,"v2":2},"foi_fileName":"E2%20-%2020230426_Cao%20SGO%202023.pdf","foi_nrPages":171},{"dc_format":"application/pdf","dc_identifier":"nl.gm1954.2c.2024.2836780-4.doc.16","dc_source":"https://api1.ibabs.eu/publicdownload.aspx?site=Beekdaelen&id=b1d2bd25-af2e-43d4-ab5a-4707b6780e90","dc_title":"Bijlage E3: Onderhandelingsresultaat over CAO Gemeenten en CAO SGO 2024-2025","dc_type":"bijlage","foi_fairiscoreVersions":{"v1":2,"v2":2},"foi_fileName":"E3%20-%20Onderhandelingsresultaat%20over%20Cao%20Gemeenten%20en%20Cao%20SGO%202024-2025.pdf","foi_nrPages":2},{"dc_format":"application/pdf","dc_identifier":"nl.gm1954.2c.2024.2836780-4.doc.17","dc_source":"https://api1.ibabs.eu/publicdownload.aspx?site=Beekdaelen&id=9f088a6b-36c9-4244-ba80-bdaa5ad6ad81","dc_title":"Bijlage E4: Ledenbrief WSGO \u2013 Akkoord CAO 2024-2025","dc_type":"bijlage","foi_fairiscoreVersions":{"v1":1,"v2":1},"foi_fileName":"E4%20-%20Lbr23-012%20Ledenbrief%20Cao%20SGO%202024-2025%20akkoord.pdf","foi_nrPages":2},{"dc_format":"application/pdf","dc_identifier":"nl.gm1954.2c.2024.2836780-4.doc.18","dc_source":"https://api1.ibabs.eu/publicdownload.aspx?site=Beekdaelen&id=67378f5e-4a33-4ab2-ab5a-d21f153a1579","dc_title":"Bijlage E5: ter info - Aanvullende arbeidsvoorwaarden 2023 gemeente Heerlen","dc_type":"bijlage","foi_fairiscoreVersions":{"v1":2,"v2":1},"foi_fileName":"E5%20-%20ter%20info%20-%20Aanvullende%20arbeidsvoorwaarden%202023%20gemeente%20Heerlen.pdf","foi_nrPages":8},{"dc_format":"application/pdf","dc_identifier":"nl.gm1954.2c.2024.2836780-4.doc.31","dc_source":"https://api1.ibabs.eu/publicdownload.aspx?site=Beekdaelen&id=c799626e-f72a-4725-b4a1-1e0533dea9b3","dc_title":"MvA BL B1","dc_type":"bijlage","foi_fairiscoreVersions":{"v1":1,"v2":1},"foi_fileName":"MvA%20BL%20B1.pdf","foi_nrPages":2},{"dc_format":"application/pdf","dc_identifier":"nl.gm1954.2c.2024.2836780-4.doc.30","dc_source":"https://api1.ibabs.eu/publicdownload.aspx?site=Beekdaelen&id=f02b815d-e2a2-44bc-865c-df7568fab877","dc_title":"MvA CDA B1","dc_type":"bijlage","foi_fairiscoreVersions":{"v1":1,"v2":1},"foi_fileName":"MvA%20CDA%20B1.pdf","foi_nrPages":1},{"dc_format":"application/pdf","dc_identifier":"nl.gm1954.2c.2024.2836780-4.doc.29","dc_source":"https://api1.ibabs.eu/publicdownload.aspx?site=Beekdaelen&id=00196518-07f4-4408-8eb5-cb4de0a7a3be","dc_title":"MvA Koll\u00e9e Rijkx B1","dc_type":"bijlage","foi_fairiscoreVersions":{"v1":1,"v2":1},"foi_fileName":"MvA%20Koll%C3%A9e%20Rijkx%20B1.pdf","foi_nrPages":3},{"dc_format":"application/pdf","dc_identifier":"nl.gm1954.2c.2024.2836780-4.doc.22","dc_source":"https://api1.ibabs.eu/publicdownload.aspx?site=Beekdaelen&id=0b3d7c45-7b7c-44ca-b954-be987c905b56","dc_title":"MvA VG B1","dc_type":"bijlage","foi_fairiscoreVersions":{"v1":1,"v2":1},"foi_fileName":"MvA%20VG%20B1.pdf","foi_nrPages":4},{"dc_format":"application/pdf","dc_identifier":"nl.gm1954.2c.2024.2836780-4.doc.19","dc_source":"https://api1.ibabs.eu/publicdownload.aspx?site=Beekdaelen&id=4c24408b-0f83-42e7-984a-b38543437712","dc_title":"MvA VVD B1","dc_type":"bijlage","foi_fairiscoreVersions":{"v1":1,"v2":1},"foi_fileName":"MvA%20VVD%20B1.pdf","foi_nrPages":2}],"foi_nrDocuments":36,"foi_nrPagesInDossier":596,"foi_publishedDate":"2024-04-10","foi_retrievedDate":"2026-02-12"},{"dc_creator":"HandelingScraper_v1","dc_date_year":2024,"dc_description":"Vergadering van de Gemeente Beekdaelen op 2024-04-10. Onderdeel: Raadsvoorstel inzake: \"definitieve huisvesting gemeentelijke organisatie Beekdaelen\".","dc_identifier":"nl.gm1954.2c.2024.2836780-5","dc_publisher":"gm1954","dc_source":"https://beekdaelen.bestuurlijkeinformatie.nl/Agenda/Index/b01c525c-e79a-473c-a157-f5db9666e02a","dc_title":"Raadscommissie Bestuur en Middelen 2024-04-10 - Raadsvoorstel inzake: \"definitieve huisvesting gemeentelijke organisatie Beekdaelen\"","dc_type":"2c","dc_type_description":"Vergaderstuk decentrale overheid","foi_fairiscoreVersions":{"v1":2,"v2":2},"foi_files":[{"dc_format":"application/octet-stream","dc_identifier":"nl.gm1954.2c.2024.2836780-5.doc.15","dc_source":"https://api1.ibabs.eu/publicdownload.aspx?site=Beekdaelen&id=043b784d-6f39-4103-b100-57a4f2eb5b14","dc_title":"B2 1e termijn","dc_type":"bijlage","foi_fileName":"B2%201e%20termijn.mp3"},{"dc_format":"application/octet-stream","dc_identifier":"nl.gm1954.2c.2024.2836780-5.doc.17","dc_source":"https://api1.ibabs.eu/publicdownload.aspx?site=Beekdaelen&id=520bd7fd-7002-4414-81d1-141cd314a82a","dc_title":"B2 2e termijn","dc_type":"bijlage","foi_fileName":"B2%202e%20termijn.mp3"},{"dc_format":"application/octet-stream","dc_identifier":"nl.gm1954.2c.2024.2836780-5.doc.19","dc_source":"https://api1.ibabs.eu/publicdownload.aspx?site=Beekdaelen&id=bb39eb3b-987f-47df-a4c6-406b8197f6b3","dc_title":"B2 Advies commissie en Rondvraag","dc_type":"bijlage","foi_fileName":"B2%20Advies%20commissie%20en%20Rondvraag.mp3"},{"dc_format":"application/octet-stream","dc_identifier":"nl.gm1954.2c.2024.2836780-5.doc.16","dc_source":"https://api1.ibabs.eu/publicdownload.aspx?site=Beekdaelen&id=cb69fada-b6f3-4713-92ef-561950251fae","dc_title":"B2 beantwoording 1e termijn","dc_type":"bijlage","foi_fileName":"B2%20beantwoording%201e%20termijn.mp3"},{"dc_format":"application/octet-stream","dc_identifier":"nl.gm1954.2c.2024.2836780-5.doc.18","dc_source":"https://api1.ibabs.eu/publicdownload.aspx?site=Beekdaelen&id=88a6c105-8a99-43d2-9bf1-1b2c65c093a6","dc_title":"B2 beantwoording 2 termijn","dc_type":"bijlage","foi_fileName":"B2%20beantwoording%202%20termijn.mp3"},{"dc_format":"application/pdf","dc_identifier":"nl.gm1954.2c.2024.2836780-5.doc.8","dc_source":"https://api1.ibabs.eu/publicdownload.aspx?site=Beekdaelen&id=4c27aa23-60e1-4e4a-bef5-8ed4432d399b","dc_title":"Bijlage 6a: Ruimtestaat bij PvE 12 december 2020 (beter leesbaar)","dc_type":"bijlage","foi_fairiscoreVersions":{"v1":1,"v2":1},"foi_fileName":"Bijlage%20Ruimtestaat%20bij%20PvE%2012%20december%202020%20%28beter%20leesbaar%29.pdf","foi_nrPages":1},{"dc_format":"application/pdf","dc_identifier":"nl.gm1954.2c.2024.2836780-5.doc.2","dc_source":"https://api1.ibabs.eu/publicdownload.aspx?site=Beekdaelen&id=cb6b770e-debf-4ef7-b2e8-b9088f41f08b","dc_title":"Bijlage 1: concept raadsbesluit definitieve huisvesting gemeentelijke organisatie Beekdaelen","dc_type":"bijlage","foi_fairiscoreVersions":{"v1":1,"v2":1},"foi_fileName":"concept%20raadsbesluit%20definitieve%20huisvesting%20aangepast%20150324.pdf","foi_nrPages":2},{"dc_format":"application/pdf","dc_identifier":"nl.gm1954.2c.2024.2836780-5.doc.13","dc_source":"https://api1.ibabs.eu/publicdownload.aspx?site=Beekdaelen&id=0991b835-65ec-47f7-95d1-5629bcd66732","dc_title":"MvA BL B2","dc_type":"bijlage","foi_fairiscoreVersions":{"v1":1,"v2":1},"foi_fileName":"MvA%20BL%20B2.pdf","foi_nrPages":1},{"dc_format":"application/pdf","dc_identifier":"nl.gm1954.2c.2024.2836780-5.doc.12","dc_source":"https://api1.ibabs.eu/publicdownload.aspx?site=Beekdaelen&id=dfec1911-5220-4c74-89c3-c09d98fdc49e","dc_title":"MvA CDA B2","dc_type":"bijlage","foi_fairiscoreVersions":{"v1":1,"v2":1},"foi_fileName":"MvA%20CDA%20B2.pdf","foi_nrPages":3},{"dc_format":"application/pdf","dc_identifier":"nl.gm1954.2c.2024.2836780-5.doc.14","dc_source":"https://api1.ibabs.eu/publicdownload.aspx?site=Beekdaelen&id=13462ab2-e90b-4592-8efa-dc665ffae758","dc_title":"MvA Koll\u00e9e Rijkx B2","dc_type":"bijlage","foi_fairiscoreVersions":{"v1":1,"v2":1},"foi_fileName":"MvA%20Koll%C3%A9e%20Rijkx%20B2.pdf","foi_nrPages":1},{"dc_format":"application/pdf","dc_identifier":"nl.gm1954.2c.2024.2836780-5.doc.11","dc_source":"https://api1.ibabs.eu/publicdownload.aspx?site=Beekdaelen&id=aea41671-42ec-4908-b361-e6d76fe36038","dc_title":"MvA PvdA B2","dc_type":"bijlage","foi_fairiscoreVersions":{"v1":1,"v2":1},"foi_fileName":"MvA%20PvdA%20B2.pdf","foi_nrPages":2},{"dc_format":"application/pdf","dc_identifier":"nl.gm1954.2c.2024.2836780-5.doc.10","dc_source":"https://api1.ibabs.eu/publicdownload.aspx?site=Beekdaelen&id=bad5ee6c-9c7c-4de2-8f0d-5a1ce3c43491","dc_title":"MvA VG B2","dc_type":"bijlage","foi_fairiscoreVersions":{"v1":1,"v2":1},"foi_fileName":"MvA%20VG%20B2.pdf","foi_nrPages":3},{"dc_format":"application/pdf","dc_identifier":"nl.gm1954.2c.2024.2836780-5.doc.9","dc_source":"https://api1.ibabs.eu/publicdownload.aspx?site=Beekdaelen&id=44291423-8586-4530-b621-864c28946592","dc_title":"MvA VVD B2","dc_type":"bijlage","foi_fairiscoreVersions":{"v1":1,"v2":1},"foi_fileName":"MvA%20VVD%20B2.pdf","foi_nrPages":1},{"dc_format":"application/pdf","dc_identifier":"nl.gm1954.2c.2024.2836780-5.doc.4","dc_source":"https://api1.ibabs.eu/publicdownload.aspx?site=Beekdaelen&id=4cd6e6fb-0dc8-47de-84c9-9bcf221c52b8","dc_title":"Bijlage 3: Memo Mogelijkheden gecombineerd salderen incl. bijlagen (geanonimiseerd)","dc_type":"bijlage","foi_fairiscoreVersions":{"v1":2,"v2":2},"foi_fileName":"P230056.001.005%20Mogelijkheden%20gecombineerd%20salderen%20incl.pdf","foi_nrPages":12},{"dc_format":"application/pdf","dc_identifier":"nl.gm1954.2c.2024.2836780-5.doc.5","dc_source":"https://api1.ibabs.eu/publicdownload.aspx?site=Beekdaelen&id=5fcf3340-c9eb-4504-92fd-e4103c62279c","dc_title":"Bijlage 4: Memo Mogelijkheden ecologische beoordeling incl. bijlage (geanonimiseerd)","dc_type":"bijlage","foi_fairiscoreVersions":{"v1":2,"v2":2},"foi_fileName":"P230056.001.006%20Mogelijkheden%20ecologisch%20incl.pdf","foi_nrPages":12},{"dc_format":"application/pdf","dc_identifier":"nl.gm1954.2c.2024.2836780-5.doc.6","dc_source":"https://api1.ibabs.eu/publicdownload.aspx?site=Beekdaelen&id=aeff2c10-9622-4100-810b-d253e7acbe24","dc_title":"Bijlage 5: Memo intern salderen bestaande gemeentehuis Nuth (geanonimiseerd)","dc_type":"bijlage","foi_fairiscoreVersions":{"v1":2,"v2":2},"foi_fileName":"P230056.001.pdf","foi_nrPages":59},{"dc_format":"application/pdf","dc_identifier":"nl.gm1954.2c.2024.2836780-5.doc.3","dc_source":"https://api1.ibabs.eu/publicdownload.aspx?site=Beekdaelen&id=646ccdd6-d079-4050-b638-c727fbb3e093","dc_title":"Bijlage 2:  Memo Notitie extern salderen incl. bijlagen (geanonimiseerd)","dc_type":"bijlage","foi_fairiscoreVersions":{"v1":2,"v2":2},"foi_fileName":"P230056.001%20%20Notitie%20extern%20salderen%20incl.pdf","foi_nrPages":32},{"dc_format":"application/pdf","dc_identifier":"nl.gm1954.2c.2024.2836780-5.doc.1","dc_source":"https://api1.ibabs.eu/publicdownload.aspx?site=Beekdaelen&id=1a028cfd-323f-47ad-a072-dc633b3a9bc4","dc_title":"Raadsvoorstel definitieve huisvesting","dc_type":"bijlage","foi_fairiscoreVersions":{"v1":1,"v2":1},"foi_fileName":"Raadsvoorstel%20definitieve%20huisvesting%20aangepast%20150324.pdf","foi_nrPages":5},{"dc_format":"application/pdf","dc_identifier":"nl.gm1954.2c.2024.2836780-5.doc.7","dc_source":"https://api1.ibabs.eu/publicdownload.aspx?site=Beekdaelen&id=a0b3189b-093e-4506-9eea-7d21c2b369d6","dc_title":"Bijlage 6: Ruimtelijk en Functioneel Programma van Eisen definitieve huisvesting Beekdaelen (geanonimiseerd)","dc_type":"bijlage","foi_fairiscoreVersions":{"v1":2,"v2":1},"foi_fileName":"Ruimtelijk%20en%20Functioneel%20Programma%20van%20Eisen%20definitieve%20huisvesting%20Beekdaelen.pdf","foi_nrPages":31}],"foi_nrDocuments":19,"foi_nrPagesInDossier":165,"foi_publishedDate":"2024-04-10","foi_retrievedDate":"2026-03-09"},{"dc_creator":"HandelingScraper_v1","dc_date_year":2024,"dc_description":"Vergadering van de Gemeente Beekdaelen op 2024-04-11. Onderdeel: Algemeen.","dc_identifier":"nl.gm1954.2c.2024.2836850-1","dc_publisher":"gm1954","dc_source":"https://beekdaelen.bestuurlijkeinformatie.nl/Agenda/Index/b7e1d9e7-fb09-4c58-a3bb-1efffe439387","dc_title":"Raadscommissie Fysieke Leefomgeving 2024-04-11 - Algemeen","dc_type":"2c","dc_type_description":"Vergaderstuk decentrale overheid","foi_fairiscoreVersions":{"v1":2,"v2":1},"foi_files":[{"dc_format":"application/pdf","dc_identifier":"nl.gm1954.2c.2024.2836850-1.doc.5","dc_source":"https://api1.ibabs.eu/publicdownload.aspx?site=Beekdaelen&id=fb9d9e93-1bab-4a9f-b005-1545f616d818","dc_title":"Nagekomen vragen GL mbt Thull B.0 07.05.2024","dc_type":"bijlage","foi_fairiscoreVersions":{"v1":2,"v2":1},"foi_fileName":"Nagekomen%20vragen%20GL%20mbt%20Thull%20B.pdf","foi_nrPages":2},{"dc_format":"application/pdf","dc_identifier":"nl.gm1954.2c.2024.2836850-1.doc.2","dc_source":"https://api1.ibabs.eu/publicdownload.aspx?site=Beekdaelen&id=21960597-6b86-422c-97b1-42faa7cdca97","dc_title":"Technische vragen fractie BL B5","dc_type":"bijlage","foi_fairiscoreVersions":{"v1":1,"v2":1},"foi_fileName":"Technische%20vragen%20fractie%20BL%20B5.pdf","foi_nrPages":1},{"dc_format":"application/pdf","dc_identifier":"nl.gm1954.2c.2024.2836850-1.doc.3","dc_source":"https://api1.ibabs.eu/publicdownload.aspx?site=Beekdaelen&id=94d55dc8-9251-4672-9bd5-8a55a86e34f3","dc_title":"Technische vragen fractie CDA B3 en B4","dc_type":"bijlage","foi_fairiscoreVersions":{"v1":1,"v2":1},"foi_fileName":"Technische%20vragen%20fractie%20CDA%20B3%20en%20B4.pdf","foi_nrPages":2},{"dc_format":"application/pdf","dc_identifier":"nl.gm1954.2c.2024.2836850-1.doc.1","dc_source":"https://api1.ibabs.eu/publicdownload.aspx?site=Beekdaelen&id=79ac23e9-3bf1-4e33-a6c6-7c81899daa2d","dc_title":"Technische vragen fractie Koll\u00e9e Rijkx B4","dc_type":"bijlage","foi_fairiscoreVersions":{"v1":1,"v2":1},"foi_fileName":"Technische%20vragen%20fractie%20Koll%C3%A9e%20Rijkx%20B4.pdf","foi_nrPages":1},{"dc_format":"application/pdf","dc_identifier":"nl.gm1954.2c.2024.2836850-1.doc.4","dc_source":"https://api1.ibabs.eu/publicdownload.aspx?site=Beekdaelen&id=8b7cfc6f-ea7b-4fbf-b5e7-3106addec8dd","dc_title":"Technische vragen fractie VG B2, B3, B5 en B6","dc_type":"bijlage","foi_fairiscoreVersions":{"v1":1,"v2":1},"foi_fileName":"Technische%20vragen%20fractie%20VG%20B2_%20B3_%20B5%20en%20B6.pdf","foi_nrPages":1}],"foi_nrDocuments":5,"foi_nrPagesInDossier":7,"foi_publishedDate":"2024-04-11","foi_retrievedDate":"2026-03-02"},{"dc_creator":"HandelingScraper_v1","dc_date_year":2024,"dc_description":"Vergadering van de Gemeente Beekdaelen op 2024-04-11. Onderdeel: Raadsvoorstel inzake: \"Nota van zienswijzen, bestemmingsplan, aanwijzing gemeentelijk beschermd gezicht, kennisgeving continuering Wvg te Nuinhofwijk Nuth\".","dc_identifier":"nl.gm1954.2c.2024.2836850-10","dc_publisher":"gm1954","dc_source":"https://beekdaelen.bestuurlijkeinformatie.nl/Agenda/Index/b7e1d9e7-fb09-4c58-a3bb-1efffe439387","dc_title":"Raadscommissie Fysieke Leefomgeving 2024-04-11 - Raadsvoorstel inzake: \"Nota van zienswijzen, bestemmingsplan, aanwijzing gemeentelijk beschermd gezicht, kennisgeving continuering Wvg te Nuinhofwijk Nuth\"","dc_type":"2c","dc_type_description":"Vergaderstuk decentrale overheid","foi_fairiscoreVersions":{"v1":2,"v2":2},"foi_files":[{"dc_format":"application/pdf","dc_identifier":"nl.gm1954.2c.2024.2836850-10.doc.11","dc_source":"https://api1.ibabs.eu/publicdownload.aspx?site=Beekdaelen&id=683dfd9b-b5ab-4de1-82cf-c3137f1480e3","dc_title":"Raadsbesluit inzake nota van zienswijzen, bestemmingsplan, aanwijzing gemeentelijk beschermd gezicht, kennisgeving continuering Wvg te Nuinhofwijk Nuth - vastgesteld 23-04-2024","dc_type":"bijlage","foi_fairiscoreVersions":{"v1":1,"v2":1},"foi_fileName":"%20-%20%20-.pdf","foi_nrPages":2},{"dc_format":"application/octet-stream","dc_identifier":"nl.gm1954.2c.2024.2836850-10.doc.14","dc_source":"https://api1.ibabs.eu/publicdownload.aspx?site=Beekdaelen&id=17b33af7-caa0-4496-9988-d1282fe87ec8","dc_title":"B4 1e termijn","dc_type":"bijlage","foi_fileName":"B4%201e%20termijn.mp3"},{"dc_format":"application/octet-stream","dc_identifier":"nl.gm1954.2c.2024.2836850-10.doc.16","dc_source":"https://api1.ibabs.eu/publicdownload.aspx?site=Beekdaelen&id=808fe459-ecd7-4523-8a1a-19158dab56d7","dc_title":"B4 2e termijn","dc_type":"bijlage","foi_fileName":"B4%202e%20termijn.mp3"},{"dc_format":"application/octet-stream","dc_identifier":"nl.gm1954.2c.2024.2836850-10.doc.18","dc_source":"https://api1.ibabs.eu/publicdownload.aspx?site=Beekdaelen&id=a4b1938e-8f39-4c99-ae9a-7aaabdee39f6","dc_title":"B4 advies commissie","dc_type":"bijlage","foi_fileName":"B4%20advies%20commissie.mp3"},{"dc_format":"application/octet-stream","dc_identifier":"nl.gm1954.2c.2024.2836850-10.doc.15","dc_source":"https://api1.ibabs.eu/publicdownload.aspx?site=Beekdaelen&id=fa13c7b4-7bd2-4b13-9567-709caa5a6824","dc_title":"B4 beantwoording 1e termijn","dc_type":"bijlage","foi_fileName":"B4%20beantwoording%201e%20termijn.mp3"},{"dc_format":"application/octet-stream","dc_identifier":"nl.gm1954.2c.2024.2836850-10.doc.17","dc_source":"https://api1.ibabs.eu/publicdownload.aspx?site=Beekdaelen&id=391f7e93-286d-4350-93f5-e0708a927d1b","dc_title":"B4 beantwoording 2e termijn","dc_type":"bijlage","foi_fileName":"B4%20beantwoording%202e%20termijn.mp3"},{"dc_format":"application/pdf","dc_identifier":"nl.gm1954.2c.2024.2836850-10.doc.4","dc_source":"https://api1.ibabs.eu/publicdownload.aspx?site=Beekdaelen&id=5e428d5c-a612-424c-b94e-a5490f53eaa9","dc_title":"Bijlage 3: Herstructurering Nuinhofwijk - Bijlagen bij toelichting","dc_type":"bijlage","foi_fairiscoreVersions":{"v1":3,"v2":3},"foi_fileName":"Bijlage%203-%20Herstructurering%20Nuinhofwijk_Bijlagen%20bij%20toelichting.pdf","foi_nrPages":632},{"dc_format":"application/pdf","dc_identifier":"nl.gm1954.2c.2024.2836850-10.doc.8","dc_source":"https://api1.ibabs.eu/publicdownload.aspx?site=Beekdaelen&id=14e1a33c-7264-4604-98d0-782ce4d59afa","dc_title":"Bijlage 7- Nota van zienswijzen (geanonimiseerd)","dc_type":"bijlage","foi_fairiscoreVersions":{"v1":2,"v2":2},"foi_fileName":"Bijlage%207-%20Nota%20van%20zienswijzen%20%281%29%20%28geanonimiseerd%29.pdf","foi_nrPages":14},{"dc_format":"application/pdf","dc_identifier":"nl.gm1954.2c.2024.2836850-10.doc.12","dc_source":"https://api1.ibabs.eu/publicdownload.aspx?site=Beekdaelen&id=cb0c42de-6097-43ee-87cd-b2b039851e0c","dc_title":"MvA CDA B4","dc_type":"bijlage","foi_fairiscoreVersions":{"v1":1,"v2":1},"foi_fileName":"MvA%20CDA%20B4.pdf","foi_nrPages":2},{"dc_format":"application/pdf","dc_identifier":"nl.gm1954.2c.2024.2836850-10.doc.13","dc_source":"https://api1.ibabs.eu/publicdownload.aspx?site=Beekdaelen&id=153bc31c-1dff-4eec-8d3d-aafb96527f21","dc_title":"MvA Koll\u00e9e-Rijkx B4","dc_type":"bijlage","foi_fairiscoreVersions":{"v1":1,"v2":1},"foi_fileName":"MvA%20Koll%C3%A9e-Rijkx%20B4.pdf","foi_nrPages":1},{"dc_format":"application/pdf","dc_identifier":"nl.gm1954.2c.2024.2836850-10.doc.2","dc_source":"https://api1.ibabs.eu/publicdownload.aspx?site=Beekdaelen&id=5a61a170-9de9-441c-8a9b-a9345d503a79","dc_title":"Bijlage 1: Collegebesluit Herstructurering Nuinhofwijk, d.d. 05-12-2023","dc_type":"bijlage","foi_fairiscoreVersions":{"v1":1,"v2":1},"foi_fileName":"Z%2F24%2F200912%20-%20357782%20-%20Collegevoorstel%20d.d.pdf","foi_nrPages":2},{"dc_format":"application/pdf","dc_identifier":"nl.gm1954.2c.2024.2836850-10.doc.3","dc_source":"https://api1.ibabs.eu/publicdownload.aspx?site=Beekdaelen&id=3ef229b0-9189-421d-bff4-3d949961c671","dc_title":"Bijlage 2: Herstructurering Nuinhofwijk - toelichting","dc_type":"bijlage","foi_fairiscoreVersions":{"v1":2,"v2":2},"foi_fileName":"Z%2F24%2F200912%20-%20357783%20-%20Bijlage%202%20herstructurering%20Nuinhofwijk%20-%20toelichting.pdf","foi_nrPages":62},{"dc_format":"application/pdf","dc_identifier":"nl.gm1954.2c.2024.2836850-10.doc.5","dc_source":"https://api1.ibabs.eu/publicdownload.aspx?site=Beekdaelen&id=d02e1e92-2675-4c73-9495-37301032c988","dc_title":"Bijlage 4: Herstructurering Nuinhofwijk - regels","dc_type":"bijlage","foi_fairiscoreVersions":{"v1":3,"v2":3},"foi_fileName":"Z%2F24%2F200912%20-%20357786%20-%20Bijlage%204%20herstructurering%20Nuinhofwijk%20-%20regels.pdf","foi_nrPages":36},{"dc_format":"application/pdf","dc_identifier":"nl.gm1954.2c.2024.2836850-10.doc.6","dc_source":"https://api1.ibabs.eu/publicdownload.aspx?site=Beekdaelen&id=9536ca3f-924f-4c52-a884-9f77fe3ed5eb","dc_title":"Bijlage 5: Herstructurering Nuinhofwijk - bijlagen bij de regels","dc_type":"bijlage","foi_fairiscoreVersions":{"v1":2,"v2":2},"foi_fileName":"Z%2F24%2F200912%20-%20357787%20-%20Bijlage%205%20herstructurering%20Nuinhofwijk%20-%20bijlagen%20bij%20de%20regels.pdf","foi_nrPages":134},{"dc_format":"application/pdf","dc_identifier":"nl.gm1954.2c.2024.2836850-10.doc.7","dc_source":"https://api1.ibabs.eu/publicdownload.aspx?site=Beekdaelen&id=38e05243-b32a-4d0c-a31a-08af0facff74","dc_title":"Bijlage 6: Herstructurering Nuinhofwijk - verbeelding","dc_type":"bijlage","foi_fairiscoreVersions":{"v1":1,"v2":1},"foi_fileName":"Z%2F24%2F200912%20-%20357788%20-%20Bijlage%206%20Herstructurering%20Nuinhofwijk%20-%20verbeelding.pdf","foi_nrPages":1},{"dc_format":"application/pdf","dc_identifier":"nl.gm1954.2c.2024.2836850-10.doc.9","dc_source":"https://api1.ibabs.eu/publicdownload.aspx?site=Beekdaelen&id=8edd0a35-7c7a-4c45-979c-172939b85c50","dc_title":"Bijlage 8: Voorstel tot aanwijzing gemeentelijk beschermd stad- of dorpsgezicht incl. advies monumentencommissie","dc_type":"bijlage","foi_fairiscoreVersions":{"v1":2,"v2":2},"foi_fileName":"Z%2F24%2F200912%20-%20357790%20-%20Bijlage%208%20Voorstel%20tot%20aanwijzing%20gemeentelijk%20beschermd%20stad-%20of%20dorpsgezicht%20incl.pdf","foi_nrPages":7},{"dc_format":"application/pdf","dc_identifier":"nl.gm1954.2c.2024.2836850-10.doc.10","dc_source":"https://api1.ibabs.eu/publicdownload.aspx?site=Beekdaelen&id=addd77de-9547-45a6-a45e-9fab0231bc7a","dc_title":"Bijlage 9: Kennisgeving continuering Wvg","dc_type":"bijlage","foi_fairiscoreVersions":{"v1":1,"v2":1},"foi_fileName":"Z%2F24%2F200912%20-%20357791%20-%20Bijlage%209%20Kennisgeving%20continuering%20Wvg.pdf","foi_nrPages":2},{"dc_format":"application/pdf","dc_identifier":"nl.gm1954.2c.2024.2836850-10.doc.1","dc_source":"https://api1.ibabs.eu/publicdownload.aspx?site=Beekdaelen&id=cbca49ee-26f3-4f82-95a3-5ab7e9359e8d","dc_title":"Raadsvoorstel inzake nota van zienswijzen, bestemmingsplan, aanwijzing gemeentelijk beschermd gezicht, kennisgeving continuering Wvg te Nuinhofwijk Nuth","dc_type":"bijlage","foi_fairiscoreVersions":{"v1":1,"v2":1},"foi_fileName":"Z%2F24%2F200912%20-%20357792%20-%20Bijlage%2010%20Raadsvoorstel%20inz%20nota%20van%20zienswijzen_%20bestemmingsplan_%20aanwijzing%20gemeentelijk%20beschermd%20gezicht_%20kennisgeving%20continuering%20Wvg%20te%20Nuinhofwijk%20Nuth.pdf","foi_nrPages":5}],"foi_nrDocuments":18,"foi_nrPagesInDossier":900,"foi_publishedDate":"2024-04-11","foi_retrievedDate":"2025-11-30"},{"dc_creator":"HandelingScraper_v1","dc_date_year":2024,"dc_description":"Vergadering van de Gemeente Beekdaelen op 2024-04-11. Onderdeel: Raadsvoorstel inzake: \"Facetbestemmingsplan Reductie Plancapaciteit Detailhandel\".","dc_identifier":"nl.gm1954.2c.2024.2836850-11","dc_publisher":"gm1954","dc_source":"https://beekdaelen.bestuurlijkeinformatie.nl/Agenda/Index/b7e1d9e7-fb09-4c58-a3bb-1efffe439387","dc_title":"Raadscommissie Fysieke Leefomgeving 2024-04-11 - Raadsvoorstel inzake: \"Facetbestemmingsplan Reductie Plancapaciteit Detailhandel\"","dc_type":"2c","dc_type_description":"Vergaderstuk decentrale overheid","foi_fairiscoreVersions":{"v1":2,"v2":1},"foi_files":[{"dc_format":"application/pdf","dc_identifier":"nl.gm1954.2c.2024.2836850-11.doc.13","dc_source":"https://api1.ibabs.eu/publicdownload.aspx?site=Beekdaelen&id=01fef81c-5f5f-47bd-b6e5-650b88c87fda","dc_title":"Bijlage 2: Facetbestemmingsplan \u2018Aanpak plancapaciteit detailhandel\u2019 \u2013 Kaartuitsnede 10","dc_type":"bijlage","foi_fairiscoreVersions":{"v1":1,"v2":1},"foi_fileName":"21BROBO091-005_Beekdaelen-10.pdf","foi_nrPages":1},{"dc_format":"application/pdf","dc_identifier":"nl.gm1954.2c.2024.2836850-11.doc.14","dc_source":"https://api1.ibabs.eu/publicdownload.aspx?site=Beekdaelen&id=384b3d70-a547-4fdb-8610-577e4806d5fc","dc_title":"Bijlage 2: Facetbestemmingsplan \u2018Aanpak plancapaciteit detailhandel\u2019 \u2013 Kaartuitsnede 11","dc_type":"bijlage","foi_fairiscoreVersions":{"v1":1,"v2":1},"foi_fileName":"21BROBO091-005_Beekdaelen-11.pdf","foi_nrPages":1},{"dc_format":"application/pdf","dc_identifier":"nl.gm1954.2c.2024.2836850-11.doc.15","dc_source":"https://api1.ibabs.eu/publicdownload.aspx?site=Beekdaelen&id=c827ef80-a4d2-42c4-b673-0558b09c6278","dc_title":"Bijlage 2: Facetbestemmingsplan \u2018Aanpak plancapaciteit detailhandel\u2019 \u2013 Kaartuitsnede 12","dc_type":"bijlage","foi_fairiscoreVersions":{"v1":1,"v2":1},"foi_fileName":"21BROBO091-005_Beekdaelen-12.pdf","foi_nrPages":1},{"dc_format":"application/pdf","dc_identifier":"nl.gm1954.2c.2024.2836850-11.doc.16","dc_source":"https://api1.ibabs.eu/publicdownload.aspx?site=Beekdaelen&id=a4c34242-ac88-44b2-a06c-7b03cfd1d3d4","dc_title":"Bijlage 2: Facetbestemmingsplan \u2018Aanpak plancapaciteit detailhandel\u2019 \u2013 Kaartuitsnede 13","dc_type":"bijlage","foi_fairiscoreVersions":{"v1":1,"v2":1},"foi_fileName":"21BROBO091-005_Beekdaelen-13.pdf","foi_nrPages":1},{"dc_format":"application/pdf","dc_identifier":"nl.gm1954.2c.2024.2836850-11.doc.17","dc_source":"https://api1.ibabs.eu/publicdownload.aspx?site=Beekdaelen&id=4637d133-bc9c-4b20-a560-b2774a973f99","dc_title":"Bijlage 2: Facetbestemmingsplan \u2018Aanpak plancapaciteit detailhandel\u2019 \u2013 Kaartuitsnede 14","dc_type":"bijlage","foi_fairiscoreVersions":{"v1":1,"v2":1},"foi_fileName":"21BROBO091-005_Beekdaelen-14.pdf","foi_nrPages":1},{"dc_format":"application/pdf","dc_identifier":"nl.gm1954.2c.2024.2836850-11.doc.18","dc_source":"https://api1.ibabs.eu/publicdownload.aspx?site=Beekdaelen&id=fb56763f-2f14-4482-9e25-34cb7dd53c62","dc_title":"Bijlage 2: Facetbestemmingsplan \u2018Aanpak plancapaciteit detailhandel\u2019 \u2013 Kaartuitsnede 15","dc_type":"bijlage","foi_fairiscoreVersions":{"v1":1,"v2":1},"foi_fileName":"21BROBO091-005_Beekdaelen-15.pdf","foi_nrPages":1},{"dc_format":"application/pdf","dc_identifier":"nl.gm1954.2c.2024.2836850-11.doc.19","dc_source":"https://api1.ibabs.eu/publicdownload.aspx?site=Beekdaelen&id=280f6ccf-d24f-45c9-b239-6383fe02eca7","dc_title":"Bijlage 2: Facetbestemmingsplan \u2018Aanpak plancapaciteit detailhandel\u2019 \u2013 Kaartuitsnede 16","dc_type":"bijlage","foi_fairiscoreVersions":{"v1":1,"v2":1},"foi_fileName":"21BROBO091-005_Beekdaelen-16.pdf","foi_nrPages":1},{"dc_format":"application/pdf","dc_identifier":"nl.gm1954.2c.2024.2836850-11.doc.6","dc_source":"https://api1.ibabs.eu/publicdownload.aspx?site=Beekdaelen&id=691c9389-689a-4206-a05f-43597b5aa8af","dc_title":"Bijlage 2: Facetbestemmingsplan \u2018Aanpak plancapaciteit detailhandel\u2019 \u2013 Kaartuitsnede 3","dc_type":"bijlage","foi_fairiscoreVersions":{"v1":1,"v2":1},"foi_fileName":"21BROBO091-005_Beekdaelen-3.pdf","foi_nrPages":1},{"dc_format":"application/pdf","dc_identifier":"nl.gm1954.2c.2024.2836850-11.doc.7","dc_source":"https://api1.ibabs.eu/publicdownload.aspx?site=Beekdaelen&id=75bacf27-803e-45d7-a30b-0e32d3c39145","dc_title":"Bijlage 2: Facetbestemmingsplan \u2018Aanpak plancapaciteit detailhandel\u2019 \u2013 Kaartuitsnede 4","dc_type":"bijlage","foi_fairiscoreVersions":{"v1":1,"v2":1},"foi_fileName":"21BROBO091-005_Beekdaelen-4.pdf","foi_nrPages":1},{"dc_format":"application/pdf","dc_identifier":"nl.gm1954.2c.2024.2836850-11.doc.8","dc_source":"https://api1.ibabs.eu/publicdownload.aspx?site=Beekdaelen&id=b90a8eb2-653e-4f49-8c8d-4fc4aea367d8","dc_title":"Bijlage 2: Facetbestemmingsplan \u2018Aanpak plancapaciteit detailhandel\u2019 \u2013 Kaartuitsnede 5","dc_type":"bijlage","foi_fairiscoreVersions":{"v1":1,"v2":1},"foi_fileName":"21BROBO091-005_Beekdaelen-5.pdf","foi_nrPages":1},{"dc_format":"application/pdf","dc_identifier":"nl.gm1954.2c.2024.2836850-11.doc.9","dc_source":"https://api1.ibabs.eu/publicdownload.aspx?site=Beekdaelen&id=0eef61aa-fbec-4fe8-8e98-fef0dd424826","dc_title":"Bijlage 2: Facetbestemmingsplan \u2018Aanpak plancapaciteit detailhandel\u2019 \u2013 Kaartuitsnede 6","dc_type":"bijlage","foi_fairiscoreVersions":{"v1":1,"v2":1},"foi_fileName":"21BROBO091-005_Beekdaelen-6.pdf","foi_nrPages":1},{"dc_format":"application/pdf","dc_identifier":"nl.gm1954.2c.2024.2836850-11.doc.10","dc_source":"https://api1.ibabs.eu/publicdownload.aspx?site=Beekdaelen&id=12817e97-30ea-4286-88f6-65b7a8ff983f","dc_title":"Bijlage 2: Facetbestemmingsplan \u2018Aanpak plancapaciteit detailhandel\u2019 \u2013 Kaartuitsnede 7","dc_type":"bijlage","foi_fairiscoreVersions":{"v1":1,"v2":1},"foi_fileName":"21BROBO091-005_Beekdaelen-7.pdf","foi_nrPages":1},{"dc_format":"application/pdf","dc_identifier":"nl.gm1954.2c.2024.2836850-11.doc.11","dc_source":"https://api1.ibabs.eu/publicdownload.aspx?site=Beekdaelen&id=da1770a6-6cbd-4272-9a80-7e47e22fd49d","dc_title":"Bijlage 2: Facetbestemmingsplan \u2018Aanpak plancapaciteit detailhandel\u2019 \u2013 Kaartuitsnede 8","dc_type":"bijlage","foi_fairiscoreVersions":{"v1":1,"v2":1},"foi_fileName":"21BROBO091-005_Beekdaelen-8.pdf","foi_nrPages":1},{"dc_format":"application/pdf","dc_identifier":"nl.gm1954.2c.2024.2836850-11.doc.12","dc_source":"https://api1.ibabs.eu/publicdownload.aspx?site=Beekdaelen&id=c6535acd-ff2c-4a48-b112-3df4536f5bf3","dc_title":"Bijlage 2: Facetbestemmingsplan \u2018Aanpak plancapaciteit detailhandel\u2019 \u2013 Kaartuitsnede 9","dc_type":"bijlage","foi_fairiscoreVersions":{"v1":1,"v2":1},"foi_fileName":"21BROBO091-005_Beekdaelen-9.pdf","foi_nrPages":1},{"dc_format":"application/pdf","dc_identifier":"nl.gm1954.2c.2024.2836850-11.doc.1","dc_source":"https://api1.ibabs.eu/publicdownload.aspx?site=Beekdaelen&id=96bc54e1-91a3-4d28-a4b9-761ec962eb10","dc_title":"Raadsvoorstel: Facetbestemmingsplan Reductie Plancapaciteit Detailhandel","dc_type":"bijlage","foi_fairiscoreVersions":{"v1":1,"v2":1},"foi_fileName":"358195_1.pdf","foi_nrPages":6},{"dc_format":"application/octet-stream","dc_identifier":"nl.gm1954.2c.2024.2836850-11.doc.37","dc_source":"https://api1.ibabs.eu/publicdownload.aspx?site=Beekdaelen&id=b008c6c0-b54a-4ca1-b2fe-02d7e7e86471","dc_title":"B5 1e termijn","dc_type":"bijlage","foi_fileName":"B5%201e%20termijn.mp3","foi_nrPages":1},{"dc_format":"application/octet-stream","dc_identifier":"nl.gm1954.2c.2024.2836850-11.doc.39","dc_source":"https://api1.ibabs.eu/publicdownload.aspx?site=Beekdaelen&id=5a280253-00a6-4a18-b464-cb7a9d5b5953","dc_title":"B5 2e termijn","dc_type":"bijlage","foi_fileName":"B5%202e%20termijn.mp3","foi_nrPages":1},{"dc_format":"application/octet-stream","dc_identifier":"nl.gm1954.2c.2024.2836850-11.doc.41","dc_source":"https://api1.ibabs.eu/publicdownload.aspx?site=Beekdaelen&id=44b40e52-192f-4020-b2a0-a05525db27cb","dc_title":"B5 advies commissie I","dc_type":"bijlage","foi_fileName":"B5%20advies%20commissie%20I.mp3","foi_nrPages":1},{"dc_format":"application/octet-stream","dc_identifier":"nl.gm1954.2c.2024.2836850-11.doc.42","dc_source":"https://api1.ibabs.eu/publicdownload.aspx?site=Beekdaelen&id=67041ef4-427a-40b4-9663-5a369385ea77","dc_title":"B5 advies commissie II","dc_type":"bijlage","foi_fileName":"B5%20advies%20commissie%20II.mp3","foi_nrPages":1},{"dc_format":"application/octet-stream","dc_identifier":"nl.gm1954.2c.2024.2836850-11.doc.38","dc_source":"https://api1.ibabs.eu/publicdownload.aspx?site=Beekdaelen&id=de8109c9-1710-4fab-85eb-3a4e517901fb","dc_title":"B5 beantwoording 1e termijn","dc_type":"bijlage","foi_fileName":"B5%20beantwoording%201e%20termijn.mp3","foi_nrPages":1},{"dc_format":"application/octet-stream","dc_identifier":"nl.gm1954.2c.2024.2836850-11.doc.40","dc_source":"https://api1.ibabs.eu/publicdownload.aspx?site=Beekdaelen&id=25d0ce94-ed8a-4a05-8632-0685b62a9b51","dc_title":"B5 beantwoording 2e termijn","dc_type":"bijlage","foi_fileName":"B5%20beantwoording%202e%20termijn.mp3","foi_nrPages":1},{"dc_format":"application/pdf","dc_identifier":"nl.gm1954.2c.2024.2836850-11.doc.35","dc_source":"https://api1.ibabs.eu/publicdownload.aspx?site=Beekdaelen&id=20ff6563-b305-4d94-834b-ae4dd4ca830b","dc_title":"MvA BL B5","dc_type":"bijlage","foi_fairiscoreVersions":{"v1":1,"v2":1},"foi_fileName":"MvA%20BL%20B5.pdf","foi_nrPages":1},{"dc_format":"application/pdf","dc_identifier":"nl.gm1954.2c.2024.2836850-11.doc.36","dc_source":"https://api1.ibabs.eu/publicdownload.aspx?site=Beekdaelen&id=8b85e3d5-69a0-4550-9cce-23c248456543","dc_title":"MvA VG B5","dc_type":"bijlage","foi_fairiscoreVersions":{"v1":1,"v2":1},"foi_fileName":"MvA%20VG%20B5.pdf","foi_nrPages":1},{"dc_format":"application/pdf","dc_identifier":"nl.gm1954.2c.2024.2836850-11.doc.2","dc_source":"https://api1.ibabs.eu/publicdownload.aspx?site=Beekdaelen&id=c30d9d46-b59a-4599-8dea-9b13b9ef886d","dc_title":"Bijlage 1: Facetbestemmingsplan \u2018Aanpak plancapaciteit detailhandel\u2019 \u2013 Toelichting en regels","dc_type":"bijlage","foi_fairiscoreVersions":{"v1":2,"v2":1},"foi_fileName":"P04261_Aanpak%20plancapaciteit%20detailhandel%20Beekdaelen_BP_20240221.pdf","foi_nrPages":47},{"dc_format":"application/pdf","dc_identifier":"nl.gm1954.2c.2024.2836850-11.doc.34","dc_source":"https://api1.ibabs.eu/publicdownload.aspx?site=Beekdaelen&id=988e2914-9935-4ab8-b8ca-b9ff3fd58c47","dc_title":"Bijlage 3: Raadsbesluit: Facetbestemmingsplan Reductie Plancapaciteit Detailhandel","dc_type":"bijlage","foi_fairiscoreVersions":{"v1":1,"v2":1},"foi_fileName":"Z%2F24%2F201150%20-%20358193%20-%20Vaststelling%20facetbestemmingsplan%20Reductie%20Plancapaciteit%20Detailhandel.pdf","foi_nrPages":1},{"dc_format":"application/pdf","dc_identifier":"nl.gm1954.2c.2024.2836850-11.doc.3","dc_source":"https://api1.ibabs.eu/publicdownload.aspx?site=Beekdaelen&id=48bfb82d-fbac-4f58-84c8-0d221963dc4a","dc_title":"Bijlage 2: Facetbestemmingsplan \u2018Aanpak plancapaciteit detailhandel\u2019 \u2013 Verbeelding","dc_type":"bijlage","foi_fairiscoreVersions":{"v1":1,"v2":1},"foi_fileName":"Z%2F24%2F201150%20-%20358656.pdf","foi_nrPages":1},{"dc_format":"application/pdf","dc_identifier":"nl.gm1954.2c.2024.2836850-11.doc.25","dc_source":"https://api1.ibabs.eu/publicdownload.aspx?site=Beekdaelen&id=4dc60600-58dd-4604-921a-ff5d9bfc789c","dc_title":"Bijlage 2: Facetbestemmingsplan \u2018Aanpak plancapaciteit detailhandel\u2019 \u2013 Kaartuitsnede 22","dc_type":"bijlage","foi_fairiscoreVersions":{"v1":1,"v2":1},"foi_fileName":"Z%2F24%2F201150%20-%20358656.pdf","foi_nrPages":1},{"dc_format":"application/pdf","dc_identifier":"nl.gm1954.2c.2024.2836850-11.doc.4","dc_source":"https://api1.ibabs.eu/publicdownload.aspx?site=Beekdaelen&id=0ad401ed-5d7e-4c0e-aa97-d603a8052c0a","dc_title":"Bijlage 2: Facetbestemmingsplan \u2018Aanpak plancapaciteit detailhandel\u2019 \u2013 Kaartuitsnede 1","dc_type":"bijlage","foi_fairiscoreVersions":{"v1":1,"v2":1},"foi_fileName":"Z%2F24%2F201150%20-%20358656.pdf","foi_nrPages":1},{"dc_format":"application/pdf","dc_identifier":"nl.gm1954.2c.2024.2836850-11.doc.5","dc_source":"https://api1.ibabs.eu/publicdownload.aspx?site=Beekdaelen&id=fbf5d606-e760-4270-99fa-ac6178e866d6","dc_title":"Bijlage 2: Facetbestemmingsplan \u2018Aanpak plancapaciteit detailhandel\u2019 \u2013 Kaartuitsnede 2","dc_type":"bijlage","foi_fairiscoreVersions":{"v1":1,"v2":1},"foi_fileName":"Z%2F24%2F201150%20-%20358656.pdf","foi_nrPages":1},{"dc_format":"application/pdf","dc_identifier":"nl.gm1954.2c.2024.2836850-11.doc.20","dc_source":"https://api1.ibabs.eu/publicdownload.aspx?site=Beekdaelen&id=622e40e6-97e1-451c-a9d8-add8a47355a0","dc_title":"Bijlage 2: Facetbestemmingsplan \u2018Aanpak plancapaciteit detailhandel\u2019 \u2013 Kaartuitsnede 17","dc_type":"bijlage","foi_fairiscoreVersions":{"v1":1,"v2":1},"foi_fileName":"Z%2F24%2F201150%20-%20358656.pdf","foi_nrPages":1},{"dc_format":"application/pdf","dc_identifier":"nl.gm1954.2c.2024.2836850-11.doc.22","dc_source":"https://api1.ibabs.eu/publicdownload.aspx?site=Beekdaelen&id=f8d5ccb6-12b8-45e7-90c0-7ff6191bf08d","dc_title":"Bijlage 2: Facetbestemmingsplan \u2018Aanpak plancapaciteit detailhandel\u2019 \u2013 Kaartuitsnede 19","dc_type":"bijlage","foi_fairiscoreVersions":{"v1":1,"v2":1},"foi_fileName":"Z%2F24%2F201150%20-%20358656.pdf","foi_nrPages":1},{"dc_format":"application/pdf","dc_identifier":"nl.gm1954.2c.2024.2836850-11.doc.23","dc_source":"https://api1.ibabs.eu/publicdownload.aspx?site=Beekdaelen&id=a680a111-04a9-4ace-909e-fc7be78771b7","dc_title":"Bijlage 2: Facetbestemmingsplan \u2018Aanpak plancapaciteit detailhandel\u2019 \u2013 Kaartuitsnede 20","dc_type":"bijlage","foi_fairiscoreVersions":{"v1":1,"v2":1},"foi_fileName":"Z%2F24%2F201150%20-%20358656.pdf","foi_nrPages":1},{"dc_format":"application/pdf","dc_identifier":"nl.gm1954.2c.2024.2836850-11.doc.24","dc_source":"https://api1.ibabs.eu/publicdownload.aspx?site=Beekdaelen&id=56e54dd1-5c4b-4929-b17e-f5a19906a8b8","dc_title":"Bijlage 2: Facetbestemmingsplan \u2018Aanpak plancapaciteit detailhandel\u2019 \u2013 Kaartuitsnede 21","dc_type":"bijlage","foi_fairiscoreVersions":{"v1":1,"v2":1},"foi_fileName":"Z%2F24%2F201150%20-%20358656.pdf","foi_nrPages":1},{"dc_format":"application/pdf","dc_identifier":"nl.gm1954.2c.2024.2836850-11.doc.33","dc_source":"https://api1.ibabs.eu/publicdownload.aspx?site=Beekdaelen&id=9fe9bfe7-7be0-4ea9-bc4a-83d426c15ced","dc_title":"Bijlage 2: Facetbestemmingsplan \u2018Aanpak plancapaciteit detailhandel\u2019 \u2013 Kaartuitsnede 30","dc_type":"bijlage","foi_fairiscoreVersions":{"v1":1,"v2":1},"foi_fileName":"Z%2F24%2F201150%20-%20358656.pdf","foi_nrPages":1},{"dc_format":"application/pdf","dc_identifier":"nl.gm1954.2c.2024.2836850-11.doc.32","dc_source":"https://api1.ibabs.eu/publicdownload.aspx?site=Beekdaelen&id=9aa22c97-5e8b-40ae-a953-4bfa4f319057","dc_title":"Bijlage 2: Facetbestemmingsplan \u2018Aanpak plancapaciteit detailhandel\u2019 \u2013 Kaartuitsnede 29","dc_type":"bijlage","foi_fairiscoreVersions":{"v1":1,"v2":1},"foi_fileName":"Z%2F24%2F201150%20-%20358656.pdf","foi_nrPages":1},{"dc_format":"application/pdf","dc_identifier":"nl.gm1954.2c.2024.2836850-11.doc.31","dc_source":"https://api1.ibabs.eu/publicdownload.aspx?site=Beekdaelen&id=b4c54724-db94-4821-b76d-c3821fe9828c","dc_title":"Bijlage 2: Facetbestemmingsplan \u2018Aanpak plancapaciteit detailhandel\u2019 \u2013 Kaartuitsnede 28","dc_type":"bijlage","foi_fairiscoreVersions":{"v1":1,"v2":1},"foi_fileName":"Z%2F24%2F201150%20-%20358656.pdf","foi_nrPages":1},{"dc_format":"application/pdf","dc_identifier":"nl.gm1954.2c.2024.2836850-11.doc.30","dc_source":"https://api1.ibabs.eu/publicdownload.aspx?site=Beekdaelen&id=c8d2a638-8b7b-41f4-98b9-213af481a2c0","dc_title":"Bijlage 2: Facetbestemmingsplan \u2018Aanpak plancapaciteit detailhandel\u2019 \u2013 Kaartuitsnede 27","dc_type":"bijlage","foi_fairiscoreVersions":{"v1":1,"v2":1},"foi_fileName":"Z%2F24%2F201150%20-%20358656.pdf","foi_nrPages":1},{"dc_format":"application/pdf","dc_identifier":"nl.gm1954.2c.2024.2836850-11.doc.29","dc_source":"https://api1.ibabs.eu/publicdownload.aspx?site=Beekdaelen&id=8876d29a-a3e8-4642-aeb3-353684ffb203","dc_title":"Bijlage 2: Facetbestemmingsplan \u2018Aanpak plancapaciteit detailhandel\u2019 \u2013 Kaartuitsnede 26","dc_type":"bijlage","foi_fairiscoreVersions":{"v1":1,"v2":1},"foi_fileName":"Z%2F24%2F201150%20-%20358656.pdf","foi_nrPages":1},{"dc_format":"application/pdf","dc_identifier":"nl.gm1954.2c.2024.2836850-11.doc.28","dc_source":"https://api1.ibabs.eu/publicdownload.aspx?site=Beekdaelen&id=07721fda-2fdf-4038-b7bd-9da18a74fe86","dc_title":"Bijlage 2: Facetbestemmingsplan \u2018Aanpak plancapaciteit detailhandel\u2019 \u2013 Kaartuitsnede 25","dc_type":"bijlage","foi_fairiscoreVersions":{"v1":1,"v2":1},"foi_fileName":"Z%2F24%2F201150%20-%20358656.pdf","foi_nrPages":1},{"dc_format":"application/pdf","dc_identifier":"nl.gm1954.2c.2024.2836850-11.doc.27","dc_source":"https://api1.ibabs.eu/publicdownload.aspx?site=Beekdaelen&id=ae312a69-4bba-427c-87e2-81e4f7a3c063","dc_title":"Bijlage 2: Facetbestemmingsplan \u2018Aanpak plancapaciteit detailhandel\u2019 \u2013 Kaartuitsnede 24","dc_type":"bijlage","foi_fairiscoreVersions":{"v1":1,"v2":1},"foi_fileName":"Z%2F24%2F201150%20-%20358656.pdf","foi_nrPages":1},{"dc_format":"application/pdf","dc_identifier":"nl.gm1954.2c.2024.2836850-11.doc.26","dc_source":"https://api1.ibabs.eu/publicdownload.aspx?site=Beekdaelen&id=a7587e1c-9729-4e1f-92e7-d22a9a5cf578","dc_title":"Bijlage 2: Facetbestemmingsplan \u2018Aanpak plancapaciteit detailhandel\u2019 \u2013 Kaartuitsnede 23","dc_type":"bijlage","foi_fairiscoreVersions":{"v1":1,"v2":1},"foi_fileName":"Z%2F24%2F201150%20-%20358656.pdf","foi_nrPages":1},{"dc_format":"application/pdf","dc_identifier":"nl.gm1954.2c.2024.2836850-11.doc.21","dc_source":"https://api1.ibabs.eu/publicdownload.aspx?site=Beekdaelen&id=edfc5b61-a042-4c08-9fb3-391304f9ce41","dc_title":"Bijlage 2: Facetbestemmingsplan \u2018Aanpak plancapaciteit detailhandel\u2019 \u2013 Kaartuitsnede 18","dc_type":"bijlage","foi_fairiscoreVersions":{"v1":1,"v2":1},"foi_fileName":"Z%2F24%2F201150%20-%20358656%20-.pdf","foi_nrPages":1}],"foi_nrDocuments":42,"foi_nrPagesInDossier":93,"foi_publishedDate":"2024-04-11","foi_retrievedDate":"2026-03-14"},{"dc_creator":"HandelingScraper_v1","dc_date_year":2024,"dc_description":"Vergadering van de Gemeente Beekdaelen op 2024-04-11. Onderdeel: Raadsvoorstel inzake: \"Bezwaarschriften Wvg-besluit Schinveld\".","dc_identifier":"nl.gm1954.2c.2024.2836850-12","dc_publisher":"gm1954","dc_source":"https://beekdaelen.bestuurlijkeinformatie.nl/Agenda/Index/b7e1d9e7-fb09-4c58-a3bb-1efffe439387","dc_title":"Raadscommissie Fysieke Leefomgeving 2024-04-11 - Raadsvoorstel inzake: \"Bezwaarschriften Wvg-besluit Schinveld\"","dc_type":"2c","dc_type_description":"Vergaderstuk decentrale overheid","foi_fairiscoreVersions":{"v1":2,"v2":2},"foi_files":[{"dc_format":"application/pdf","dc_identifier":"nl.gm1954.2c.2024.2836850-12.doc.1","dc_source":"https://api1.ibabs.eu/publicdownload.aspx?site=Beekdaelen&id=c97ace46-fd04-4b72-9a82-44d0947190b3","dc_title":"Raadsvoorstel inzake bezwaarschriften Wvg-besluit Schinveld","dc_type":"bijlage","foi_fairiscoreVersions":{"v1":1,"v2":1},"foi_fileName":"358921_1.pdf","foi_nrPages":2},{"dc_format":"application/pdf","dc_identifier":"nl.gm1954.2c.2024.2836850-12.doc.2","dc_source":"https://api1.ibabs.eu/publicdownload.aspx?site=Beekdaelen&id=477fb1f0-7b55-4f82-8007-9b74c8749b96","dc_title":"Raadsbesluit inzake bezwaarschriften Wvg-besluit Schinveld - vastgesteld 23-04-2024","dc_type":"bijlage","foi_fairiscoreVersions":{"v1":1,"v2":1},"foi_fileName":"358923_1.pdf","foi_nrPages":1},{"dc_format":"application/octet-stream","dc_identifier":"nl.gm1954.2c.2024.2836850-12.doc.9","dc_source":"https://api1.ibabs.eu/publicdownload.aspx?site=Beekdaelen&id=c36b2899-1158-4e65-b925-b5b053575d70","dc_title":"B6 1e termijn","dc_type":"bijlage","foi_fileName":"B6%201e%20termijn.mp3"},{"dc_format":"application/octet-stream","dc_identifier":"nl.gm1954.2c.2024.2836850-12.doc.11","dc_source":"https://api1.ibabs.eu/publicdownload.aspx?site=Beekdaelen&id=a635189f-06f3-4240-b01c-ac57dad1df0a","dc_title":"B6 advies commissie","dc_type":"bijlage","foi_fileName":"B6%20advies%20commissie.mp3"},{"dc_format":"application/octet-stream","dc_identifier":"nl.gm1954.2c.2024.2836850-12.doc.10","dc_source":"https://api1.ibabs.eu/publicdownload.aspx?site=Beekdaelen&id=aa8878c1-d54c-47f0-8652-a8e55f2a8d3a","dc_title":"B6 beantwoording 1e termijn","dc_type":"bijlage","foi_fileName":"B6%20beantwoording%201e%20termijn.mp3"},{"dc_format":"application/pdf","dc_identifier":"nl.gm1954.2c.2024.2836850-12.doc.3","dc_source":"https://api1.ibabs.eu/publicdownload.aspx?site=Beekdaelen&id=5327d14b-1afa-43c5-8de0-e3ab4c77e796","dc_title":"Bijlage - advies van de ambtelijke bezwaarbehandelaar van 4 maart 2024 (1) (geanonimiseerd)","dc_type":"bijlage","foi_fairiscoreVersions":{"v1":2,"v2":2},"foi_fileName":"Bijlage%202-%20advies%20van%20de%20ambtelijke%20bezwaarbehandelaar%20van%204%20maart%202024%20%281%29%20%28geanonimiseerd%29.pdf","foi_nrPages":4},{"dc_format":"application/pdf","dc_identifier":"nl.gm1954.2c.2024.2836850-12.doc.4","dc_source":"https://api1.ibabs.eu/publicdownload.aspx?site=Beekdaelen&id=c83df868-0612-478c-be7e-00e785934e80","dc_title":"Bijlage - verslag van de ambtelijke hoorzitting op 26 februari 2024 (2) (geanonimiseerd)","dc_type":"bijlage","foi_fairiscoreVersions":{"v1":2,"v2":2},"foi_fileName":"Bijlage%203-%20verslag%20van%20de%20ambtelijke%20hoorzitting%20op%2026%20februari%202024%20%282%29%20%28geanonimiseerd%29.pdf","foi_nrPages":15},{"dc_format":"application/pdf","dc_identifier":"nl.gm1954.2c.2024.2836850-12.doc.5","dc_source":"https://api1.ibabs.eu/publicdownload.aspx?site=Beekdaelen&id=4f586090-9349-40b9-b5bb-d6e30f11c5a1","dc_title":"Bijlage - ambtelijk verweerschrift (geanonimiseerd)","dc_type":"bijlage","foi_fairiscoreVersions":{"v1":2,"v2":2},"foi_fileName":"Bijlage%204-%20ambtelijk%20verweerschrift%20%28geanonimiseerd%29.pdf","foi_nrPages":8},{"dc_format":"application/pdf","dc_identifier":"nl.gm1954.2c.2024.2836850-12.doc.6","dc_source":"https://api1.ibabs.eu/publicdownload.aspx?site=Beekdaelen&id=f638fc71-4ecd-4b78-9e61-5ffedee0066c","dc_title":"Bijlage - bezwaarschrift van ...... (geanonimiseerd)","dc_type":"bijlage","foi_fairiscoreVersions":{"v1":2,"v2":2},"foi_fileName":"Bijlage%205-%20bezwaarschrift%20van%20......pdf","foi_nrPages":1},{"dc_format":"application/pdf","dc_identifier":"nl.gm1954.2c.2024.2836850-12.doc.7","dc_source":"https://api1.ibabs.eu/publicdownload.aspx?site=Beekdaelen&id=059faa92-208b-4f8c-9a72-4b97c5057e5d","dc_title":"Bijlage - bezwaarschrift van ...... (geanonimiseerd)","dc_type":"bijlage","foi_fairiscoreVersions":{"v1":2,"v2":2},"foi_fileName":"Bijlage%206-%20bezwaarschrift%20van%20......pdf","foi_nrPages":1},{"dc_format":"application/pdf","dc_identifier":"nl.gm1954.2c.2024.2836850-12.doc.8","dc_source":"https://api1.ibabs.eu/publicdownload.aspx?site=Beekdaelen&id=1b7c4268-2774-41d4-b91e-f186b046b629","dc_title":"MvA VG B6","dc_type":"bijlage","foi_fairiscoreVersions":{"v1":1,"v2":1},"foi_fileName":"MvA%20VG%20B6.pdf","foi_nrPages":1}],"foi_nrDocuments":11,"foi_nrPagesInDossier":33,"foi_publishedDate":"2024-04-11","foi_retrievedDate":"2026-03-09"},{"dc_creator":"HandelingScraper_v1","dc_date_year":2024,"dc_description":"Vergadering van de Gemeente Beekdaelen op 2024-04-11. Onderdeel: Rondvraag Fysieke Leefomgeving.","dc_identifier":"nl.gm1954.2c.2024.2836850-13","dc_publisher":"gm1954","dc_source":"https://beekdaelen.bestuurlijkeinformatie.nl/Agenda/Index/b7e1d9e7-fb09-4c58-a3bb-1efffe439387","dc_title":"Raadscommissie Fysieke Leefomgeving 2024-04-11 - Rondvraag Fysieke Leefomgeving","dc_type":"2c","dc_type_description":"Vergaderstuk decentrale overheid","foi_fairiscoreVersions":{"v1":null,"v2":null},"foi_files":[{"dc_format":"application/octet-stream","dc_identifier":"nl.gm1954.2c.2024.2836850-13.doc.1","dc_source":"https://api1.ibabs.eu/publicdownload.aspx?site=Beekdaelen&id=efad1a58-8c9f-4b54-883f-97090f5498a2","dc_title":"C Rondvraag","dc_type":"bijlage","foi_fileName":"C%20Rondvraag.mp3"}],"foi_nrDocuments":1,"foi_nrPagesInDossier":0,"foi_publishedDate":"2024-04-11","foi_retrievedDate":"2025-11-30"},{"dc_creator":"HandelingScraper_v1","dc_date_year":2024,"dc_description":"Vergadering van de Gemeente Beekdaelen op 2024-04-11. Onderdeel: Opening, mededelingen voorzitter en vaststellen agenda.","dc_identifier":"nl.gm1954.2c.2024.2836850-2","dc_publisher":"gm1954","dc_source":"https://beekdaelen.bestuurlijkeinformatie.nl/Agenda/Index/b7e1d9e7-fb09-4c58-a3bb-1efffe439387","dc_title":"Raadscommissie Fysieke Leefomgeving 2024-04-11 - Opening, mededelingen voorzitter en vaststellen agenda","dc_type":"2c","dc_type_description":"Vergaderstuk decentrale overheid","foi_fairiscoreVersions":{"v1":null,"v2":null},"foi_files":[{"dc_format":"application/pdf","dc_identifier":"nl.gm1954.2c.2024.2836850-2.doc.4","dc_source":"https://api1.ibabs.eu/publicdownload.aspx?site=Beekdaelen&id=b872d8e1-063e-4ef1-a7f0-9568e74452a9","dc_title":"A.29.1 Bijlage 1 (geanonimiseerd)","dc_type":"bijlage","foi_fileName":"A.29.pdf"},{"dc_format":"application/pdf","dc_identifier":"nl.gm1954.2c.2024.2836850-2.doc.5","dc_source":"https://api1.ibabs.eu/publicdownload.aspx?site=Beekdaelen&id=0e756ef2-8c0c-4542-bead-3aa70d648066","dc_title":"A.29.2 Bijlage 2 (geanonimiseerd)","dc_type":"bijlage","foi_fileName":"A.29.pdf"},{"dc_format":"application/pdf","dc_identifier":"nl.gm1954.2c.2024.2836850-2.doc.3","dc_source":"https://api1.ibabs.eu/publicdownload.aspx?site=Beekdaelen&id=e1e0e867-2282-474b-baff-d531b274368c","dc_title":"A.29 Brief Actiegroep Thull Natuurlijk Goed (geanonimiseerd)","dc_type":"bijlage","foi_fileName":"A.pdf"},{"dc_format":"application/octet-stream","dc_identifier":"nl.gm1954.2c.2024.2836850-2.doc.6","dc_source":"https://api1.ibabs.eu/publicdownload.aspx?site=Beekdaelen&id=a8b5a3a5-ea23-4327-b6f3-7e594e5fc5b7","dc_title":"A1","dc_type":"bijlage","foi_fileName":"A1.mp3"},{"dc_format":"application/pdf","dc_identifier":"nl.gm1954.2c.2024.2836850-2.doc.2","dc_source":"https://api1.ibabs.eu/publicdownload.aspx?site=Beekdaelen&id=27f40058-3b80-4b2c-b627-a7c24ec13cfc","dc_title":"Agenderingsverzoek Clasina Debets namens Groen Links","dc_type":"bijlage","foi_fileName":"Agenderingsverzoek%20Clasina%20Debets%20namens%20Groen%20Links.pdf"},{"dc_format":"application/pdf","dc_identifier":"nl.gm1954.2c.2024.2836850-2.doc.1","dc_source":"https://api1.ibabs.eu/publicdownload.aspx?site=Beekdaelen&id=3a1def57-b1f0-47d3-a61e-9531746c57cd","dc_title":"uitnodiging en voorlopige agenda cie. FLO 11.04.2024","dc_type":"bijlage","foi_fileName":"uitnodiging%20en%20voorlopige%20agenda%20cie.%20FLO%2011.04.pdf"}],"foi_nrDocuments":6,"foi_nrPagesInDossier":0,"foi_publishedDate":"2024-04-11","foi_retrievedDate":"2025-11-30"},{"dc_creator":"HandelingScraper_v1","dc_date_year":2024,"dc_description":"Vergadering van de Gemeente Beekdaelen op 2024-04-11. Onderdeel: Spreekrecht burgers: inspreker mevrouw Deckers.","dc_identifier":"nl.gm1954.2c.2024.2836850-3","dc_publisher":"gm1954","dc_source":"https://beekdaelen.bestuurlijkeinformatie.nl/Agenda/Index/b7e1d9e7-fb09-4c58-a3bb-1efffe439387","dc_title":"Raadscommissie Fysieke Leefomgeving 2024-04-11 - Spreekrecht burgers: inspreker mevrouw Deckers","dc_type":"2c","dc_type_description":"Vergaderstuk decentrale overheid","foi_fairiscoreVersions":{"v1":2,"v2":2},"foi_files":[{"dc_format":"application/octet-stream","dc_identifier":"nl.gm1954.2c.2024.2836850-3.doc.5","dc_source":"https://api1.ibabs.eu/publicdownload.aspx?site=Beekdaelen&id=d9749aa5-23ff-435b-aa1e-02b33fc1a5f5","dc_title":"A.2.1","dc_type":"bijlage","foi_fileName":"A.2.mp3"},{"dc_format":"application/pdf","dc_identifier":"nl.gm1954.2c.2024.2836850-3.doc.2","dc_source":"https://api1.ibabs.eu/publicdownload.aspx?site=Beekdaelen&id=8594bc65-9b24-4aa2-9ebb-8785d6c67e2d","dc_title":"Bijlage 1 Brief Arvalis, 16-09-2015 (geanonimiseerd)","dc_type":"bijlage","foi_fairiscoreVersions":{"v1":2,"v2":2},"foi_fileName":"Bij%3Bage%201%20Brief%20P.M.E.P.J.pdf","foi_nrPages":26},{"dc_format":"application/pdf","dc_identifier":"nl.gm1954.2c.2024.2836850-3.doc.3","dc_source":"https://api1.ibabs.eu/publicdownload.aspx?site=Beekdaelen&id=c36cc22c-861f-43b7-912b-b40c7b714aa3","dc_title":"Bijlage 2  Brief Arvalis, 3-06-2029 (geanonimiseerd)","dc_type":"bijlage","foi_fairiscoreVersions":{"v1":2,"v2":2},"foi_fileName":"Bij%3Bage%202%20%20Brief%20P.M.E.P.J.pdf","foi_nrPages":5},{"dc_format":"application/pdf","dc_identifier":"nl.gm1954.2c.2024.2836850-3.doc.4","dc_source":"https://api1.ibabs.eu/publicdownload.aspx?site=Beekdaelen&id=dbf73012-4344-401b-86a3-38b4b5ab90e9","dc_title":"Bijlage 3 Brief Arvalis, 8-10-2019 (geanonimiseerd)","dc_type":"bijlage","foi_fairiscoreVersions":{"v1":2,"v2":2},"foi_fileName":"Bij%3Bage%203%20Brief%20P.M.E.P.J.pdf","foi_nrPages":6},{"dc_format":"application/pdf","dc_identifier":"nl.gm1954.2c.2024.2836850-3.doc.1","dc_source":"https://api1.ibabs.eu/publicdownload.aspx?site=Beekdaelen&id=7848ab1f-7f88-4d3d-a5a5-320377fc5355","dc_title":"Reactie Groen Links agendapunt A29 Thull Natuurlijk Groen  (geanonimiseerd)","dc_type":"bijlage","foi_fairiscoreVersions":{"v1":2,"v2":2},"foi_fileName":"Reactie%20Groen%20Links%20agendapunt%20A29%20Thull%20Natuurlijk%20Groen%20%20%28geanonimiseerd%29.pdf","foi_nrPages":2}],"foi_nrDocuments":5,"foi_nrPagesInDossier":39,"foi_publishedDate":"2024-04-11","foi_retrievedDate":"2026-03-02"},{"dc_creator":"HandelingScraper_v1","dc_date_year":2024,"dc_description":"Vergadering van de Gemeente Beekdaelen op 2024-04-11. Onderdeel: Spreekrecht burgers: inspreker mevrouw Marianda Quadakkers namens Actiegroep Thull Natuurlijk goed.","dc_identifier":"nl.gm1954.2c.2024.2836850-4","dc_publisher":"gm1954","dc_source":"https://beekdaelen.bestuurlijkeinformatie.nl/Agenda/Index/b7e1d9e7-fb09-4c58-a3bb-1efffe439387","dc_title":"Raadscommissie Fysieke Leefomgeving 2024-04-11 - Spreekrecht burgers: inspreker mevrouw Marianda Quadakkers namens Actiegroep Thull Natuurlijk goed","dc_type":"2c","dc_type_description":"Vergaderstuk decentrale overheid","foi_fairiscoreVersions":{"v1":2,"v2":2},"foi_files":[{"dc_format":"application/octet-stream","dc_identifier":"nl.gm1954.2c.2024.2836850-4.doc.2","dc_source":"https://api1.ibabs.eu/publicdownload.aspx?site=Beekdaelen&id=300a54f2-b3a7-4041-8751-6305d315e603","dc_title":"A.2.2","dc_type":"bijlage","foi_fileName":"A.2.mp3"},{"dc_format":"application/pdf","dc_identifier":"nl.gm1954.2c.2024.2836850-4.doc.3","dc_source":"https://api1.ibabs.eu/publicdownload.aspx?site=Beekdaelen&id=21e63630-d78e-4765-925c-1085fd9d063f","dc_title":"Inspreektekst en Woo informatie Thull Natuurlijk Goed_April Mei 2024 (geanonimiseerd)","dc_type":"bijlage","foi_fairiscoreVersions":{"v1":2,"v2":2},"foi_fileName":"Inspreektekst%20en%20Woo%20informatie%20Thull%20Natuurlijk%20Goed_April%20Mei%202024%20%28geanonimiseerd%29.pdf","foi_nrPages":5},{"dc_format":"application/pdf","dc_identifier":"nl.gm1954.2c.2024.2836850-4.doc.1","dc_source":"https://api1.ibabs.eu/publicdownload.aspx?site=Beekdaelen&id=088494e1-2930-476b-a8f0-7cca5a725c75","dc_title":"Ketelweg Dossier Presentatie","dc_type":"bijlage","foi_fairiscoreVersions":{"v1":2,"v2":1},"foi_fileName":"Ketelweg%20Dossier%20Presentatie_FINAL_1104_Compressed.pdf","foi_nrPages":14}],"foi_nrDocuments":3,"foi_nrPagesInDossier":19,"foi_publishedDate":"2024-04-11","foi_retrievedDate":"2026-03-04"},{"dc_creator":"HandelingScraper_v1","dc_date_year":2024,"dc_description":"Vergadering van de Gemeente Beekdaelen op 2024-04-11. Onderdeel: Vaststellen actiepuntenlijst van de raadscommissie Fysieke Leefomgeving d.d. 07.03.2024.","dc_identifier":"nl.gm1954.2c.2024.2836850-5","dc_publisher":"gm1954","dc_source":"https://beekdaelen.bestuurlijkeinformatie.nl/Agenda/Index/b7e1d9e7-fb09-4c58-a3bb-1efffe439387","dc_title":"Raadscommissie Fysieke Leefomgeving 2024-04-11 - Vaststellen actiepuntenlijst van de raadscommissie Fysieke Leefomgeving d.d. 07.03.2024","dc_type":"2c","dc_type_description":"Vergaderstuk decentrale overheid","foi_fairiscoreVersions":{"v1":1,"v2":1},"foi_files":[{"dc_format":"application/octet-stream","dc_identifier":"nl.gm1954.2c.2024.2836850-5.doc.2","dc_source":"https://api1.ibabs.eu/publicdownload.aspx?site=Beekdaelen&id=4cd773e6-5cbf-464e-a0dc-bb0bfeecf34a","dc_title":"A3","dc_type":"bijlage","foi_fileName":"A3.mp3"},{"dc_format":"application/pdf","dc_identifier":"nl.gm1954.2c.2024.2836850-5.doc.1","dc_source":"https://api1.ibabs.eu/publicdownload.aspx?site=Beekdaelen&id=a5c448af-e90a-47c4-9f21-e43c3b26691d","dc_title":"Actiepuntenlijst 07 03 2024","dc_type":"bijlage","foi_fairiscoreVersions":{"v1":1,"v2":1},"foi_fileName":"Actiepuntenlijst%2007%2003%202024.pdf","foi_nrPages":5}],"foi_nrDocuments":2,"foi_nrPagesInDossier":5,"foi_publishedDate":"2024-04-11","foi_retrievedDate":"2026-02-05"},{"dc_creator":"HandelingScraper_v1","dc_date_year":2024,"dc_description":"Vergadering van de Gemeente Beekdaelen op 2024-04-11. Onderdeel: toegevoegd agendapunt: ingekomen stuk Actiegroep Natuurlijk Goed.","dc_identifier":"nl.gm1954.2c.2024.2836850-6","dc_publisher":"gm1954","dc_source":"https://beekdaelen.bestuurlijkeinformatie.nl/Agenda/Index/b7e1d9e7-fb09-4c58-a3bb-1efffe439387","dc_title":"Raadscommissie Fysieke Leefomgeving 2024-04-11 - toegevoegd agendapunt: ingekomen stuk Actiegroep Natuurlijk Goed","dc_type":"2c","dc_type_description":"Vergaderstuk decentrale overheid","foi_fairiscoreVersions":{"v1":null,"v2":null},"foi_files":[{"dc_format":"application/octet-stream","dc_identifier":"nl.gm1954.2c.2024.2836850-6.doc.1","dc_source":"https://api1.ibabs.eu/publicdownload.aspx?site=Beekdaelen&id=1f615b6b-4d6c-4993-997c-18ea07f30625","dc_title":"B0 1e termijn","dc_type":"bijlage","foi_fileName":"B0%201e%20termijn.mp3"},{"dc_format":"application/octet-stream","dc_identifier":"nl.gm1954.2c.2024.2836850-6.doc.3","dc_source":"https://api1.ibabs.eu/publicdownload.aspx?site=Beekdaelen&id=7a785991-d53f-4479-8f8f-69266f56b126","dc_title":"B0 2e termijn","dc_type":"bijlage","foi_fileName":"B0%202e%20termijn.mp3"},{"dc_format":"application/octet-stream","dc_identifier":"nl.gm1954.2c.2024.2836850-6.doc.2","dc_source":"https://api1.ibabs.eu/publicdownload.aspx?site=Beekdaelen&id=e71342b7-eb41-477a-9d5b-04dd99b2d803","dc_title":"B0 beantwoording 1e termijn","dc_type":"bijlage","foi_fileName":"B0%20beantwoording%201e%20termijn.mp3"},{"dc_format":"application/octet-stream","dc_identifier":"nl.gm1954.2c.2024.2836850-6.doc.4","dc_source":"https://api1.ibabs.eu/publicdownload.aspx?site=Beekdaelen&id=5004c07a-f556-4658-87d3-c05c090c9d2a","dc_title":"B0 beantwoording 2e termijn","dc_type":"bijlage","foi_fileName":"B0%20beantwoording%202e%20termijn.mp3"},{"dc_format":"application/octet-stream","dc_identifier":"nl.gm1954.2c.2024.2836850-6.doc.5","dc_source":"https://api1.ibabs.eu/publicdownload.aspx?site=Beekdaelen&id=08a9e4ad-3404-4a54-8186-c5186771f99d","dc_title":"B0 conclusie commissie","dc_type":"bijlage","foi_fileName":"B0%20conclusie%20commissie.mp3"}],"foi_nrDocuments":5,"foi_nrPagesInDossier":0,"foi_publishedDate":"2024-04-11","foi_retrievedDate":"2026-03-06"},{"dc_creator":"HandelingScraper_v1","dc_date_year":2024,"dc_description":"Vergadering van de Gemeente Beekdaelen op 2024-04-11. Onderdeel: Raadsvoorstel inzake: \"Wegsleepverordening Beekdaelen 2024\".","dc_identifier":"nl.gm1954.2c.2024.2836850-7","dc_publisher":"gm1954","dc_source":"https://beekdaelen.bestuurlijkeinformatie.nl/Agenda/Index/b7e1d9e7-fb09-4c58-a3bb-1efffe439387","dc_title":"Raadscommissie Fysieke Leefomgeving 2024-04-11 - Raadsvoorstel inzake: \"Wegsleepverordening Beekdaelen 2024\"","dc_type":"2c","dc_type_description":"Vergaderstuk decentrale overheid","foi_fairiscoreVersions":{"v1":1,"v2":1},"foi_files":[{"dc_format":"application/octet-stream","dc_identifier":"nl.gm1954.2c.2024.2836850-7.doc.4","dc_source":"https://api1.ibabs.eu/publicdownload.aspx?site=Beekdaelen&id=c405da82-34bf-4ea2-b81b-1c18021c414c","dc_title":"B1","dc_type":"bijlage","foi_fileName":"B1.mp3"},{"dc_format":"application/pdf","dc_identifier":"nl.gm1954.2c.2024.2836850-7.doc.1","dc_source":"https://api1.ibabs.eu/publicdownload.aspx?site=Beekdaelen&id=864c01b0-a278-42f7-8baf-8b212993f65d","dc_title":"Raadsvoorstel \"Wegsleepverordening Beekdaelen 2024\"","dc_type":"bijlage","foi_fairiscoreVersions":{"v1":1,"v2":1},"foi_fileName":"Z%2F24%2F199753%20-%20355575%20-%20Raadsvoorstel%20Wegsleepverordening.pdf","foi_nrPages":3},{"dc_format":"application/pdf","dc_identifier":"nl.gm1954.2c.2024.2836850-7.doc.2","dc_source":"https://api1.ibabs.eu/publicdownload.aspx?site=Beekdaelen&id=29cce729-a133-45d9-86bf-5ec86dc3288a","dc_title":"Bijlage 1: Wegsleepverordening Beekdaelen 2024","dc_type":"bijlage","foi_fairiscoreVersions":{"v1":1,"v2":1},"foi_fileName":"Z%2F24%2F199753%20-%20355578%20-%20Wegsleepverordening%20Beekdaelen%202024.pdf","foi_nrPages":6},{"dc_format":"application/pdf","dc_identifier":"nl.gm1954.2c.2024.2836850-7.doc.3","dc_source":"https://api1.ibabs.eu/publicdownload.aspx?site=Beekdaelen&id=802068c3-ef8a-4f77-bc2c-127c6c5377be","dc_title":"Bijlage 2: concept-raadsbesluit","dc_type":"bijlage","foi_fairiscoreVersions":{"v1":1,"v2":1},"foi_fileName":"Z%2F24%2F199753%20-%20356011%20-%20concept-raadsbesluit.pdf","foi_nrPages":1}],"foi_nrDocuments":4,"foi_nrPagesInDossier":10,"foi_publishedDate":"2024-04-11","foi_retrievedDate":"2025-12-01"},{"dc_creator":"HandelingScraper_v1","dc_date_year":2024,"dc_description":"Vergadering van de Gemeente Beekdaelen op 2024-04-11. Onderdeel: Raadsvoorstel inzake: \"IBOR rehabilitatie 2024 -2027\".","dc_identifier":"nl.gm1954.2c.2024.2836850-8","dc_publisher":"gm1954","dc_source":"https://beekdaelen.bestuurlijkeinformatie.nl/Agenda/Index/b7e1d9e7-fb09-4c58-a3bb-1efffe439387","dc_title":"Raadscommissie Fysieke Leefomgeving 2024-04-11 - Raadsvoorstel inzake: \"IBOR rehabilitatie 2024 -2027\"","dc_type":"2c","dc_type_description":"Vergaderstuk decentrale overheid","foi_fairiscoreVersions":{"v1":2,"v2":1},"foi_files":[{"dc_format":"application/pdf","dc_identifier":"nl.gm1954.2c.2024.2836850-8.doc.3","dc_source":"https://api1.ibabs.eu/publicdownload.aspx?site=Beekdaelen&id=19e21f72-a62f-4478-93d1-271ccf17480f","dc_title":"bijlage: Overzicht in te zetten rehabilitatiebudget per project_1","dc_type":"bijlage","foi_fairiscoreVersions":{"v1":1,"v2":1},"foi_fileName":"2.pdf","foi_nrPages":1},{"dc_format":"application/pdf","dc_identifier":"nl.gm1954.2c.2024.2836850-8.doc.1","dc_source":"https://api1.ibabs.eu/publicdownload.aspx?site=Beekdaelen&id=776f365c-f012-40be-b80e-df4588932f92","dc_title":"Raadsvoorstel inzake IBOR rehabilitatie 2024 - 2027","dc_type":"bijlage","foi_fairiscoreVersions":{"v1":1,"v2":1},"foi_fileName":"355538_1.pdf","foi_nrPages":6},{"dc_format":"application/pdf","dc_identifier":"nl.gm1954.2c.2024.2836850-8.doc.5","dc_source":"https://api1.ibabs.eu/publicdownload.aspx?site=Beekdaelen&id=62cf3462-a3be-4000-98a7-40ec83b459f7","dc_title":"bijlage: MIP - projectenoverzicht 2024 - 2027","dc_type":"bijlage","foi_fairiscoreVersions":{"v1":1,"v2":1},"foi_fileName":"4.pdf","foi_nrPages":1},{"dc_format":"application/pdf","dc_identifier":"nl.gm1954.2c.2024.2836850-8.doc.7","dc_source":"https://api1.ibabs.eu/publicdownload.aspx?site=Beekdaelen&id=fcab2214-e859-41b3-a7f4-961f0603f7e5","dc_title":"bijlage: Begrotingswijziging 3.1 IBOR-rehabilitatie 2024-2027 - nieuw 20240304","dc_type":"bijlage","foi_fairiscoreVersions":{"v1":1,"v2":1},"foi_fileName":"6.%20Begrotingswijziging%203.pdf","foi_nrPages":1},{"dc_format":"application/octet-stream","dc_identifier":"nl.gm1954.2c.2024.2836850-8.doc.9","dc_source":"https://api1.ibabs.eu/publicdownload.aspx?site=Beekdaelen&id=dac914e9-c12a-41b2-afbb-1a60a8ed70de","dc_title":"B2 1e termijn","dc_type":"bijlage","foi_fileName":"B2%201e%20termijn.mp3"},{"dc_format":"application/octet-stream","dc_identifier":"nl.gm1954.2c.2024.2836850-8.doc.11","dc_source":"https://api1.ibabs.eu/publicdownload.aspx?site=Beekdaelen&id=6035870f-2e8d-4be6-aec8-56511c3ddb3f","dc_title":"B2 2e termijn","dc_type":"bijlage","foi_fileName":"B2%202e%20termijn.mp3"},{"dc_format":"application/octet-stream","dc_identifier":"nl.gm1954.2c.2024.2836850-8.doc.13","dc_source":"https://api1.ibabs.eu/publicdownload.aspx?site=Beekdaelen&id=f9814b1f-0739-4adc-9edc-a5399b31b33b","dc_title":"B2 advies commissie","dc_type":"bijlage","foi_fileName":"B2%20advies%20commissie.mp3"},{"dc_format":"application/octet-stream","dc_identifier":"nl.gm1954.2c.2024.2836850-8.doc.10","dc_source":"https://api1.ibabs.eu/publicdownload.aspx?site=Beekdaelen&id=b418e993-f62c-4160-bf59-82c61983e81f","dc_title":"B2 beantwoording 1e termijn","dc_type":"bijlage","foi_fileName":"B2%20beantwoording%201e%20termijn.mp3"},{"dc_format":"application/octet-stream","dc_identifier":"nl.gm1954.2c.2024.2836850-8.doc.12","dc_source":"https://api1.ibabs.eu/publicdownload.aspx?site=Beekdaelen&id=082725af-0e5b-434f-8696-940418920b6b","dc_title":"B2 beantwoording 2e termijn","dc_type":"bijlage","foi_fileName":"B2%20beantwoording%202e%20termijn.mp3"},{"dc_format":"application/pdf","dc_identifier":"nl.gm1954.2c.2024.2836850-8.doc.8","dc_source":"https://api1.ibabs.eu/publicdownload.aspx?site=Beekdaelen&id=645e35ba-62a7-43cd-9dfd-936599bdee40","dc_title":"MvA VG B2","dc_type":"bijlage","foi_fairiscoreVersions":{"v1":1,"v2":1},"foi_fileName":"MvA%20VG%20B2.pdf","foi_nrPages":1},{"dc_format":"application/pdf","dc_identifier":"nl.gm1954.2c.2024.2836850-8.doc.2","dc_source":"https://api1.ibabs.eu/publicdownload.aspx?site=Beekdaelen&id=badd9f00-7bd6-4f5a-ae79-e5d1c5379dca","dc_title":"Raadsbesluit inzake IBOR Rehabilitatie 2024 - 2027 - vastgesteld 23-04-2024","dc_type":"bijlage","foi_fairiscoreVersions":{"v1":1,"v2":1},"foi_fileName":"Z%2F24%2F199740%20-%20355539%20-%20IBOR%20Rehabilitatie%202024%20-%202027.pdf","foi_nrPages":1},{"dc_format":"application/pdf","dc_identifier":"nl.gm1954.2c.2024.2836850-8.doc.4","dc_source":"https://api1.ibabs.eu/publicdownload.aspx?site=Beekdaelen&id=6751724c-3b16-4287-b600-bf2f1af11bc9","dc_title":"bijlage: MIP 2024 - 2027 - vastgesteld 20240109","dc_type":"bijlage","foi_fairiscoreVersions":{"v1":1,"v2":1},"foi_fileName":"Z%2F24%2F199740%20-%20358736%20-%20bijlage%203.pdf","foi_nrPages":12},{"dc_format":"application/pdf","dc_identifier":"nl.gm1954.2c.2024.2836850-8.doc.6","dc_source":"https://api1.ibabs.eu/publicdownload.aspx?site=Beekdaelen&id=09f57329-9370-49a3-9b53-622f27560cc1","dc_title":"bijlage: factsheets overzicht","dc_type":"bijlage","foi_fairiscoreVersions":{"v1":2,"v2":1},"foi_fileName":"Z%2F24%2F199740%20-%20358738%20-%20bijlage%205.pdf","foi_nrPages":16}],"foi_nrDocuments":13,"foi_nrPagesInDossier":39,"foi_publishedDate":"2024-04-11","foi_retrievedDate":"2026-02-12"},{"dc_creator":"HandelingScraper_v1","dc_date_year":2024,"dc_description":"Vergadering van de Gemeente Beekdaelen op 2024-04-11. Onderdeel: Raadsvoorstel inzake: \"Paraplubestemmingsplan Archeologie gemeente Beekdaelen\".","dc_identifier":"nl.gm1954.2c.2024.2836850-9","dc_publisher":"gm1954","dc_source":"https://beekdaelen.bestuurlijkeinformatie.nl/Agenda/Index/b7e1d9e7-fb09-4c58-a3bb-1efffe439387","dc_title":"Raadscommissie Fysieke Leefomgeving 2024-04-11 - Raadsvoorstel inzake: \"Paraplubestemmingsplan Archeologie gemeente Beekdaelen\"","dc_type":"2c","dc_type_description":"Vergaderstuk decentrale overheid","foi_fairiscoreVersions":{"v1":2,"v2":2},"foi_files":[{"dc_format":"application/pdf","dc_identifier":"nl.gm1954.2c.2024.2836850-9.doc.7","dc_source":"https://api1.ibabs.eu/publicdownload.aspx?site=Beekdaelen&id=2a0bc7ee-60dd-40c4-b993-2b292bc31487","dc_title":"Bijlage 3: Raadsbesluit: Paraplubestemmingsplan Archeologie gemeente Beekdaelen","dc_type":"bijlage","foi_fairiscoreVersions":{"v1":1,"v2":1},"foi_fileName":"354894_1.pdf","foi_nrPages":1},{"dc_format":"application/pdf","dc_identifier":"nl.gm1954.2c.2024.2836850-9.doc.1","dc_source":"https://api1.ibabs.eu/publicdownload.aspx?site=Beekdaelen&id=a8404e01-d8b3-4f03-a26a-c47c9b8fc0ab","dc_title":"Raadsvoorstel inzake Paraplubestemmingsplan Archeologie gemeente Beekdaelen","dc_type":"bijlage","foi_fairiscoreVersions":{"v1":1,"v2":1},"foi_fileName":"354896_1.pdf","foi_nrPages":4},{"dc_format":"application/octet-stream","dc_identifier":"nl.gm1954.2c.2024.2836850-9.doc.10","dc_source":"https://api1.ibabs.eu/publicdownload.aspx?site=Beekdaelen&id=0071cffe-028f-45ed-b7c4-d488ec898575","dc_title":"B3 1e termijn","dc_type":"bijlage","foi_fileName":"B3%201e%20termijn.mp3"},{"dc_format":"application/octet-stream","dc_identifier":"nl.gm1954.2c.2024.2836850-9.doc.12","dc_source":"https://api1.ibabs.eu/publicdownload.aspx?site=Beekdaelen&id=8ead136b-711d-457a-b517-f453b38749d7","dc_title":"B3 2e termijn","dc_type":"bijlage","foi_fileName":"B3%202e%20termijn.mp3"},{"dc_format":"application/octet-stream","dc_identifier":"nl.gm1954.2c.2024.2836850-9.doc.14","dc_source":"https://api1.ibabs.eu/publicdownload.aspx?site=Beekdaelen&id=fe861de5-1dd4-40c2-b063-ec5b989b6314","dc_title":"B3 advies commissie","dc_type":"bijlage","foi_fileName":"B3%20advies%20commissie.mp3"},{"dc_format":"application/octet-stream","dc_identifier":"nl.gm1954.2c.2024.2836850-9.doc.11","dc_source":"https://api1.ibabs.eu/publicdownload.aspx?site=Beekdaelen&id=f815fe3c-cc4c-404d-b127-0820fc5faad2","dc_title":"B3 beantwoording 1e termijn","dc_type":"bijlage","foi_fileName":"B3%20beantwoording%201e%20termijn.mp3"},{"dc_format":"application/octet-stream","dc_identifier":"nl.gm1954.2c.2024.2836850-9.doc.13","dc_source":"https://api1.ibabs.eu/publicdownload.aspx?site=Beekdaelen&id=a288aed1-0646-4614-8a86-191d3b12fe35","dc_title":"B3 beantwoording 2e termijn","dc_type":"bijlage","foi_fileName":"B3%20beantwoording%202e%20termijn.mp3"},{"dc_format":"application/pdf","dc_identifier":"nl.gm1954.2c.2024.2836850-9.doc.3","dc_source":"https://api1.ibabs.eu/publicdownload.aspx?site=Beekdaelen&id=6c7cc59d-cd11-4e7e-8b3f-c669a0a4d889","dc_title":"Bijlage 2- Nota van zienswijzen - Paraplubestemmingsplan Archeologie gemeente Beekdaelen (geanonimiseerd)","dc_type":"bijlage","foi_fairiscoreVersions":{"v1":2,"v2":2},"foi_fileName":"Bijlage%202-%20Nota%20van%20zienswijzen%20-%20Paraplubestemmingsplan%20Archeologie%20gemeente%20Beekdaelen%20%28geanonimiseerd%29.pdf","foi_nrPages":5},{"dc_format":"application/pdf","dc_identifier":"nl.gm1954.2c.2024.2836850-9.doc.8","dc_source":"https://api1.ibabs.eu/publicdownload.aspx?site=Beekdaelen&id=ac3a6784-f325-483a-a7d8-0515e0dc04ea","dc_title":"MvA CDA B3","dc_type":"bijlage","foi_fairiscoreVersions":{"v1":1,"v2":1},"foi_fileName":"MvA%20CDA%20B3.pdf","foi_nrPages":3},{"dc_format":"application/pdf","dc_identifier":"nl.gm1954.2c.2024.2836850-9.doc.9","dc_source":"https://api1.ibabs.eu/publicdownload.aspx?site=Beekdaelen&id=8ba27f07-302f-43f1-94d0-a9335768a6d7","dc_title":"MvA VG B3","dc_type":"bijlage","foi_fairiscoreVersions":{"v1":1,"v2":1},"foi_fileName":"MvA%20VG%20B3.pdf","foi_nrPages":1},{"dc_format":"application/pdf","dc_identifier":"nl.gm1954.2c.2024.2836850-9.doc.5","dc_source":"https://api1.ibabs.eu/publicdownload.aspx?site=Beekdaelen&id=9d8ccd86-07e0-4127-b03e-caa11bc988a8","dc_title":"Bijlage 2b: Paraplubestemmingsplan Archeologie gemeente Beekdaelen - Regels","dc_type":"bijlage","foi_fairiscoreVersions":{"v1":3,"v2":3},"foi_fileName":"Paraplubestemmingsplan%20Archeologie_Regels.pdf","foi_nrPages":36},{"dc_format":"application/pdf","dc_identifier":"nl.gm1954.2c.2024.2836850-9.doc.4","dc_source":"https://api1.ibabs.eu/publicdownload.aspx?site=Beekdaelen&id=b321ee70-4698-4efb-808c-76057b5a85ea","dc_title":"Bijlage 2a: Paraplubestemmingsplan Archeologie gemeente Beekdaelen - Toelichting","dc_type":"bijlage","foi_fairiscoreVersions":{"v1":3,"v2":3},"foi_fileName":"Paraplubestemmingsplan%20Archeologie_Toelichting.pdf","foi_nrPages":30},{"dc_format":"application/pdf","dc_identifier":"nl.gm1954.2c.2024.2836850-9.doc.6","dc_source":"https://api1.ibabs.eu/publicdownload.aspx?site=Beekdaelen&id=07ff1155-6ad3-4c27-be53-a16051d59106","dc_title":"Bijlage 2c: Paraplubestemmingsplan Archeologie gemeente Beekdaelen - Verbeelding","dc_type":"bijlage","foi_fairiscoreVersions":{"v1":1,"v2":1},"foi_fileName":"Paraplubestemmingsplan%20Archeologie_Verbeelding_20240227.pdf","foi_nrPages":1},{"dc_format":"application/pdf","dc_identifier":"nl.gm1954.2c.2024.2836850-9.doc.2","dc_source":"https://api1.ibabs.eu/publicdownload.aspx?site=Beekdaelen&id=46f81d26-1716-4b86-9604-6563384c6999","dc_title":"Bijlage 1: Onderzoeksrapport RAAP Actualisatie archeologische verwachtings- en beleidskaart Beekdaelen, d.d. 12 september 2023","dc_type":"bijlage","foi_fairiscoreVersions":{"v1":2,"v2":2},"foi_fileName":"Z_22_176988%20-%20346221%20%20RAAP-rapport%206031%20dd.pdf","foi_nrPages":50}],"foi_nrDocuments":14,"foi_nrPagesInDossier":131,"foi_publishedDate":"2024-04-11","foi_retrievedDate":"2026-03-04"},{"dc_creator":"HandelingScraper_v1","dc_date_year":2024,"dc_description":"Vergadering van de Gemeente Beekdaelen op 2024-04-23. Onderdeel: Vaststelling van de agenda.","dc_identifier":"nl.gm1954.2c.2024.2836919-1","dc_publisher":"gm1954","dc_source":"https://beekdaelen.bestuurlijkeinformatie.nl/Agenda/Index/f9070140-b250-4d5c-926f-2958aa931da5","dc_title":"Raadsvergadering 2024-04-23 - Vaststelling van de agenda","dc_type":"2c","dc_type_description":"Vergaderstuk decentrale overheid","foi_fairiscoreVersions":{"v1":1,"v2":1},"foi_files":[{"dc_format":"application/pdf","dc_identifier":"nl.gm1954.2c.2024.2836919-1.doc.1","dc_source":"https://api1.ibabs.eu/publicdownload.aspx?site=Beekdaelen&id=f5fd4956-a16b-4e0b-91ec-ad79e2239f1e","dc_title":"Uitnodiging en voorlopige agenda raadsvergadering 23 april 2024","dc_type":"bijlage","foi_fairiscoreVersions":{"v1":1,"v2":1},"foi_fileName":"Uitnodiging%20en%20voorlopige%20agenda%20raadsvergadering%2023%20april%202024.pdf","foi_nrPages":2}],"foi_nrDocuments":1,"foi_nrPagesInDossier":2,"foi_publishedDate":"2024-04-23","foi_retrievedDate":"2026-03-06"},{"dc_creator":"HandelingScraper_v1","dc_date_year":2024,"dc_description":"Vergadering van de Gemeente Beekdaelen op 2024-04-23. Onderdeel: Voorstel inzake wijziging GR GGD Zuid-Limburg.","dc_identifier":"nl.gm1954.2c.2024.2836919-10","dc_publisher":"gm1954","dc_source":"https://beekdaelen.bestuurlijkeinformatie.nl/Agenda/Index/f9070140-b250-4d5c-926f-2958aa931da5","dc_title":"Raadsvergadering 2024-04-23 - Voorstel inzake wijziging GR GGD Zuid-Limburg","dc_type":"2c","dc_type_description":"Vergaderstuk decentrale overheid","foi_fairiscoreVersions":{"v1":2,"v2":2},"foi_files":[{"dc_format":"application/pdf","dc_identifier":"nl.gm1954.2c.2024.2836919-10.doc.3","dc_source":"https://api1.ibabs.eu/publicdownload.aspx?site=Beekdaelen&id=a89678d5-bf40-40f6-a426-3efa307cf013","dc_title":"Bijlage 1 Geconsolideerde versie ontwerpbesluit GR GGD Zuid-Limburg","dc_type":"bijlage","foi_fairiscoreVersions":{"v1":1,"v2":1},"foi_fileName":"Bijlage%201a%20Wijziging%20GR%20GGDZL-%20%28nieuwe%20versie%20maart%202024%29.pdf","foi_nrPages":24},{"dc_format":"application/pdf","dc_identifier":"nl.gm1954.2c.2024.2836919-10.doc.4","dc_source":"https://api1.ibabs.eu/publicdownload.aspx?site=Beekdaelen&id=2ebb6e40-f993-4991-a5f7-9c84ee9a9e89","dc_title":"Bijlage 2 Ontwerpbesluit GR GGD Zuid-Limburg met zichtbare wijzigingen","dc_type":"bijlage","foi_fairiscoreVersions":{"v1":1,"v2":1},"foi_fileName":"Bijlage%201b%20Wijzigingsvoorstellen%20GGD%20-%20track%20changes%20%28nieuwe%20versie%20maart%202024%29.pdf","foi_nrPages":39},{"dc_format":"application/pdf","dc_identifier":"nl.gm1954.2c.2024.2836919-10.doc.5","dc_source":"https://api1.ibabs.eu/publicdownload.aspx?site=Beekdaelen&id=49c6e940-637d-4d93-86fc-a8223a211ea7","dc_title":"Bijlage 3 Reactienota Cooperacion Boels Zanders Advocaten","dc_type":"bijlage","foi_fairiscoreVersions":{"v1":2,"v2":2},"foi_fileName":"Bijlage%203%20Reactienota%20Cooperacion%20Boels%20Zanders%20Advocaten.pdf","foi_nrPages":36},{"dc_format":"application/pdf","dc_identifier":"nl.gm1954.2c.2024.2836919-10.doc.6","dc_source":"https://api1.ibabs.eu/publicdownload.aspx?site=Beekdaelen&id=31ef3146-60e8-4cc9-ab26-af1f37ef2b20","dc_title":"Bijlage 4 Reactienota specifiek voor GGD Zuid-Limburg","dc_type":"bijlage","foi_fairiscoreVersions":{"v1":1,"v2":1},"foi_fileName":"bijlage%204%20Reactienota%20specifiek%20voor%20GGD%20Zuid-Limburg.pdf","foi_nrPages":2},{"dc_format":"application/pdf","dc_identifier":"nl.gm1954.2c.2024.2836919-10.doc.2","dc_source":"https://api1.ibabs.eu/publicdownload.aspx?site=Beekdaelen&id=48602b9c-1ba1-48e3-a5ea-1e621577e7e8","dc_title":"Raadsbesluit inzake wijziging GR GGD ZL - vastgesteld 23-04-2024","dc_type":"bijlage","foi_fairiscoreVersions":{"v1":1,"v2":1},"foi_fileName":"raadsbesluit%20wijziging%20GR%20GGD%20ZL.pdf","foi_nrPages":1},{"dc_format":"application/pdf","dc_identifier":"nl.gm1954.2c.2024.2836919-10.doc.1","dc_source":"https://api1.ibabs.eu/publicdownload.aspx?site=Beekdaelen&id=804b68c9-8132-4221-a796-3793ab635f75","dc_title":"Raadsvoorstel inzake wijziging GR GGD ZL","dc_type":"bijlage","foi_fairiscoreVersions":{"v1":1,"v2":1},"foi_fileName":"raadsvoorstel%20wijziging%20GR%20GGD%20ZL.pdf","foi_nrPages":3}],"foi_nrDocuments":6,"foi_nrPagesInDossier":105,"foi_publishedDate":"2024-04-23","foi_retrievedDate":"2026-03-12"},{"dc_creator":"HandelingScraper_v1","dc_date_year":2024,"dc_description":"Vergadering van de Gemeente Beekdaelen op 2024-04-23. Onderdeel: Voorstel inzake wijziging GR Omnibuzz.","dc_identifier":"nl.gm1954.2c.2024.2836919-11","dc_publisher":"gm1954","dc_source":"https://beekdaelen.bestuurlijkeinformatie.nl/Agenda/Index/f9070140-b250-4d5c-926f-2958aa931da5","dc_title":"Raadsvergadering 2024-04-23 - Voorstel inzake wijziging GR Omnibuzz","dc_type":"2c","dc_type_description":"Vergaderstuk decentrale overheid","foi_fairiscoreVersions":{"v1":2,"v2":2},"foi_files":[{"dc_format":"application/pdf","dc_identifier":"nl.gm1954.2c.2024.2836919-11.doc.1","dc_source":"https://api1.ibabs.eu/publicdownload.aspx?site=Beekdaelen&id=23645998-5190-47bf-bba1-6cd030e922ca","dc_title":"Raadsvoorstel inzake wijziging GR Omnibuzz","dc_type":"bijlage","foi_fairiscoreVersions":{"v1":1,"v2":1},"foi_fileName":"Z%2F23%2F192212%20-%20356850%20-%20Wijziging%20GR%20Omnibuzz%20raadsvoorstel%20%282e%20ronde%29.pdf","foi_nrPages":3},{"dc_format":"application/pdf","dc_identifier":"nl.gm1954.2c.2024.2836919-11.doc.2","dc_source":"https://api1.ibabs.eu/publicdownload.aspx?site=Beekdaelen&id=b7f8afe7-52a4-4da3-a28c-02d42b121304","dc_title":"Raadsbesluit inzake wijziging GR Omnibuzz  - vastgesteld 23-04-2024","dc_type":"bijlage","foi_fairiscoreVersions":{"v1":1,"v2":1},"foi_fileName":"Z%2F23%2F192212%20-%20356880%20-%20Wijziging%20GR%20Omnibuzz%20raadsbesluit%20%282e%20ronde%29.pdf","foi_nrPages":1},{"dc_format":"application/pdf","dc_identifier":"nl.gm1954.2c.2024.2836919-11.doc.3","dc_source":"https://api1.ibabs.eu/publicdownload.aspx?site=Beekdaelen&id=04131b95-6bf7-4068-8efb-ad0b74eb0515","dc_title":"Bijlage 1 Geconsolideerde versie ontwerpbesluit GR Omnibuzz","dc_type":"bijlage","foi_fairiscoreVersions":{"v1":1,"v2":1},"foi_fileName":"Z%2F23%2F192212%20-%20356926%20-%20Bijlage%20Geconsolideerde%20versie%20ontwerpbesluit%20GR%20Omnibuzz%20%282e%20ronde%29.pdf","foi_nrPages":13},{"dc_format":"application/pdf","dc_identifier":"nl.gm1954.2c.2024.2836919-11.doc.4","dc_source":"https://api1.ibabs.eu/publicdownload.aspx?site=Beekdaelen&id=04668205-a7f9-4da3-8282-68f9a6deb1b3","dc_title":"Bijlage 2 Ontwerpbesluit met zichtbare wijzigingen","dc_type":"bijlage","foi_fairiscoreVersions":{"v1":1,"v2":1},"foi_fileName":"Z%2F23%2F192212%20-%20356927%20-%20Bijlage%20Ontwerpbesluit%20met%20zichtbare%20wijzigingen%20%282e%20ronde%29.pdf","foi_nrPages":12},{"dc_format":"application/pdf","dc_identifier":"nl.gm1954.2c.2024.2836919-11.doc.5","dc_source":"https://api1.ibabs.eu/publicdownload.aspx?site=Beekdaelen&id=2b8bab07-ef32-48fb-b376-b55e968a7d6e","dc_title":"Bijlage 3 Reactienota Cooperaci\u00f3n Boels Zanders Advocaten","dc_type":"bijlage","foi_fairiscoreVersions":{"v1":2,"v2":2},"foi_fileName":"Z%2F23%2F192212%20-%20356928%20-%20Bijlage%20Wijziging%20GR%20Omnibuzz%20%20%20Reactienota%20Cooperaci%C3%B3n%20Boels%20Zanders%20Advocaten%20incl%20bijlagen%20%282e%20ronde%29.pdf","foi_nrPages":36},{"dc_format":"application/pdf","dc_identifier":"nl.gm1954.2c.2024.2836919-11.doc.6","dc_source":"https://api1.ibabs.eu/publicdownload.aspx?site=Beekdaelen&id=b7c62872-7f06-49cd-ae03-edabc4578c39","dc_title":"Bijlage 4 Reactienota specifiek voor Omnibuzz","dc_type":"bijlage","foi_fairiscoreVersions":{"v1":1,"v2":1},"foi_fileName":"Z%2F23%2F192212%20-%20356929%20-%20Bijlage%20Reactienota%20zienswijze%20specifiek%20voor%20Omnibuzz%20%282e%20ronde%29.pdf","foi_nrPages":3}],"foi_nrDocuments":6,"foi_nrPagesInDossier":68,"foi_publishedDate":"2024-04-23","foi_retrievedDate":"2026-03-09"},{"dc_creator":"HandelingScraper_v1","dc_date_year":2024,"dc_description":"Vergadering van de Gemeente Beekdaelen op 2024-04-23. Onderdeel: Voorstel inzake wijziging GR WOZL.","dc_identifier":"nl.gm1954.2c.2024.2836919-12","dc_publisher":"gm1954","dc_source":"https://beekdaelen.bestuurlijkeinformatie.nl/Agenda/Index/f9070140-b250-4d5c-926f-2958aa931da5","dc_title":"Raadsvergadering 2024-04-23 - Voorstel inzake wijziging GR WOZL","dc_type":"2c","dc_type_description":"Vergaderstuk decentrale overheid","foi_fairiscoreVersions":{"v1":2,"v2":2},"foi_files":[{"dc_format":"application/pdf","dc_identifier":"nl.gm1954.2c.2024.2836919-12.doc.1","dc_source":"https://api1.ibabs.eu/publicdownload.aspx?site=Beekdaelen&id=c1ab342c-d66f-4134-8247-efa19c6bc0a2","dc_title":"Raadsvoorstel inzake wijziging GR WOZL","dc_type":"bijlage","foi_fairiscoreVersions":{"v1":1,"v2":1},"foi_fileName":"Z%2F23%2F193269%20-%20356440%20-%20Wijziging%20GR%20WOZL.pdf","foi_nrPages":3},{"dc_format":"application/pdf","dc_identifier":"nl.gm1954.2c.2024.2836919-12.doc.2","dc_source":"https://api1.ibabs.eu/publicdownload.aspx?site=Beekdaelen&id=48a0064a-7b4f-4edb-90a8-1db2701723e6","dc_title":"Raadsbesluit inzake wijziging GR WOZL - vastgesteld 23-04-2024","dc_type":"bijlage","foi_fairiscoreVersions":{"v1":1,"v2":1},"foi_fileName":"Z%2F23%2F193269%20-%20356483%20-%20Raadsbesluit%20Wijziging%20GR%20WOZL%20%28tweede%20ronde%29.pdf","foi_nrPages":1},{"dc_format":"application/pdf","dc_identifier":"nl.gm1954.2c.2024.2836919-12.doc.3","dc_source":"https://api1.ibabs.eu/publicdownload.aspx?site=Beekdaelen&id=13a22f17-e0a8-4766-a018-d9ac5f85cb72","dc_title":"Bijlage 1 Geconsolideerde versie Ontwerpbesluit GR WOZL","dc_type":"bijlage","foi_fairiscoreVersions":{"v1":1,"v2":1},"foi_fileName":"Z%2F23%2F193269%20-%20356509%20-%20Ronde%202%20Bijlage%201%20Geconsolideerde%20versie%20Ontwerpbesluit%20GR%20WOZL.pdf","foi_nrPages":10},{"dc_format":"application/pdf","dc_identifier":"nl.gm1954.2c.2024.2836919-12.doc.4","dc_source":"https://api1.ibabs.eu/publicdownload.aspx?site=Beekdaelen&id=80dc1373-e55a-4186-8ca8-f4ee63d7770b","dc_title":"Bijlage 2 Ontwerpbesluit GR WOZL met zichtbare wijzigingen","dc_type":"bijlage","foi_fairiscoreVersions":{"v1":1,"v2":1},"foi_fileName":"Z%2F23%2F193269%20-%20356510%20-%20Ronde%202%20Bijlage%202%20Ontwerpbesluit%20GR%20WOZL%20met%20zichtbare%20wijzigingen.pdf","foi_nrPages":11},{"dc_format":"application/pdf","dc_identifier":"nl.gm1954.2c.2024.2836919-12.doc.5","dc_source":"https://api1.ibabs.eu/publicdownload.aspx?site=Beekdaelen&id=f789c5f3-9d4f-4bd0-b434-909789015b88","dc_title":"Bijlage 3 Reactienota Cooperacion/Boels Zanders Advocaten","dc_type":"bijlage","foi_fairiscoreVersions":{"v1":2,"v2":2},"foi_fileName":"Z%2F23%2F193269%20-%20356511%20-%20Ronde%202%20Bijlage%203%20Reactienota%20Cooperacion%2FBoels%20Zanders%20Advocaten.pdf","foi_nrPages":36},{"dc_format":"application/pdf","dc_identifier":"nl.gm1954.2c.2024.2836919-12.doc.6","dc_source":"https://api1.ibabs.eu/publicdownload.aspx?site=Beekdaelen&id=f253e0d5-6819-4cac-9963-e48a94f3ee47","dc_title":"Bijlage 4 Reactienota specifiek voor WOZL","dc_type":"bijlage","foi_fairiscoreVersions":{"v1":1,"v2":1},"foi_fileName":"Z%2F23%2F193269%20-%20356949%20-%20Ronde%202%20Bijlage%204%20Reactienota%20specifiek%20voor%20WOZL.pdf","foi_nrPages":2}],"foi_nrDocuments":6,"foi_nrPagesInDossier":63,"foi_publishedDate":"2024-04-23","foi_retrievedDate":"2025-11-30"},{"dc_creator":"HandelingScraper_v1","dc_date_year":2024,"dc_description":"Vergadering van de Gemeente Beekdaelen op 2024-04-23. Onderdeel: Voorstel inzake wijziging GR WSP Parkstad.","dc_identifier":"nl.gm1954.2c.2024.2836919-13","dc_publisher":"gm1954","dc_source":"https://beekdaelen.bestuurlijkeinformatie.nl/Agenda/Index/f9070140-b250-4d5c-926f-2958aa931da5","dc_title":"Raadsvergadering 2024-04-23 - Voorstel inzake wijziging GR WSP Parkstad","dc_type":"2c","dc_type_description":"Vergaderstuk decentrale overheid","foi_fairiscoreVersions":{"v1":2,"v2":2},"foi_files":[{"dc_format":"application/pdf","dc_identifier":"nl.gm1954.2c.2024.2836919-13.doc.3","dc_source":"https://api1.ibabs.eu/publicdownload.aspx?site=Beekdaelen&id=7e5dc23a-c6d1-4b53-93ca-9b728d303eaa","dc_title":"Bijlage 1 Geconsolideerde versie Ontwerpbesluit GR WSP Parkstad","dc_type":"bijlage","foi_fairiscoreVersions":{"v1":1,"v2":1},"foi_fileName":"Z%2F23%2F193268%20-%20356515%20-%20Ronde%202%20Bijlage%201%20Geconsolideerde%20versie%20Ontwerpbesluit%20GR%20WSP%20Parkstad.pdf","foi_nrPages":12},{"dc_format":"application/pdf","dc_identifier":"nl.gm1954.2c.2024.2836919-13.doc.4","dc_source":"https://api1.ibabs.eu/publicdownload.aspx?site=Beekdaelen&id=dc1d32a5-5236-47bd-bf7c-265f83242130","dc_title":"Bijlage 2 Ontwerpbesluit GR WSP Parkstad met zichtbare wijzigingen","dc_type":"bijlage","foi_fairiscoreVersions":{"v1":1,"v2":1},"foi_fileName":"Z%2F23%2F193268%20-%20356518%20-%20Ronde%202%20Bijlage%202%20Ontwerpbesluit%20GR%20WSP%20Parkstad%20met%20zichtbare%20wijzigingen.pdf","foi_nrPages":12},{"dc_format":"application/pdf","dc_identifier":"nl.gm1954.2c.2024.2836919-13.doc.5","dc_source":"https://api1.ibabs.eu/publicdownload.aspx?site=Beekdaelen&id=3b0dab23-7b67-4de3-a6ba-e80765444f0e","dc_title":"Bijlage 3 Reactienota Cooperacion/ Boels Zanders Advocaten","dc_type":"bijlage","foi_fairiscoreVersions":{"v1":2,"v2":2},"foi_fileName":"Z%2F23%2F193268%20-%20356521%20-%20Ronde%202%20Bijlage%203%20Reactienota%20Cooperacion%2F%20Boels%20Zanders%20Advocaten.pdf","foi_nrPages":36},{"dc_format":"application/pdf","dc_identifier":"nl.gm1954.2c.2024.2836919-13.doc.1","dc_source":"https://api1.ibabs.eu/publicdownload.aspx?site=Beekdaelen&id=196d1e46-6370-47fc-8555-d68ee421916a","dc_title":"Raadsvoorstel inzake wijziging GR WSP Parkstad","dc_type":"bijlage","foi_fairiscoreVersions":{"v1":1,"v2":1},"foi_fileName":"Z%2F23%2F193268%20-%20356534%20-%20Ronde%202%20Raadsvoorstel%20Wijziging%20GR%20WSP%20Parkstad.pdf","foi_nrPages":3},{"dc_format":"application/pdf","dc_identifier":"nl.gm1954.2c.2024.2836919-13.doc.2","dc_source":"https://api1.ibabs.eu/publicdownload.aspx?site=Beekdaelen&id=68cb7e33-0476-4157-89be-50a7aa5c6f77","dc_title":"Raadsbesluit inzake wijziging GR WSP Parkstad - vastgesteld 23-04-2024","dc_type":"bijlage","foi_fairiscoreVersions":{"v1":1,"v2":1},"foi_fileName":"Z%2F23%2F193268%20-%20356535%20-%20Ronde%202%20Concept%20raadsbesluit%2023%20april%202024.pdf","foi_nrPages":1},{"dc_format":"application/pdf","dc_identifier":"nl.gm1954.2c.2024.2836919-13.doc.6","dc_source":"https://api1.ibabs.eu/publicdownload.aspx?site=Beekdaelen&id=1ec8e27b-7e46-49a7-95b6-21596d9f3642","dc_title":"Bijlage 4 Reactienota specifiek voor WSP Parkstad","dc_type":"bijlage","foi_fairiscoreVersions":{"v1":1,"v2":1},"foi_fileName":"Z%2F23%2F193268%20-%20356941%20-%20Ronde%202%20Bijlage%204%20Reactienota%20specifiek%20voor%20WSP%20Parkstad.pdf","foi_nrPages":2}],"foi_nrDocuments":6,"foi_nrPagesInDossier":66,"foi_publishedDate":"2024-04-23","foi_retrievedDate":"2025-12-02"},{"dc_creator":"HandelingScraper_v1","dc_date_year":2024,"dc_description":"Vergadering van de Gemeente Beekdaelen op 2024-04-23. Onderdeel: Voorstel inzake wijziging GR VRZL.","dc_identifier":"nl.gm1954.2c.2024.2836919-14","dc_publisher":"gm1954","dc_source":"https://beekdaelen.bestuurlijkeinformatie.nl/Agenda/Index/f9070140-b250-4d5c-926f-2958aa931da5","dc_title":"Raadsvergadering 2024-04-23 - Voorstel inzake wijziging GR VRZL","dc_type":"2c","dc_type_description":"Vergaderstuk decentrale overheid","foi_fairiscoreVersions":{"v1":2,"v2":2},"foi_files":[{"dc_format":"application/pdf","dc_identifier":"nl.gm1954.2c.2024.2836919-14.doc.3","dc_source":"https://api1.ibabs.eu/publicdownload.aspx?site=Beekdaelen&id=8ccd2e17-fadc-44eb-8359-171129ddafdb","dc_title":"Bijlage 1 Geconsolideerde versie ontwerpbesluit GR VRZL","dc_type":"bijlage","foi_fairiscoreVersions":{"v1":2,"v2":1},"foi_fileName":"Z%2F23%2F194247%20-%20356556.pdf","foi_nrPages":21},{"dc_format":"application/pdf","dc_identifier":"nl.gm1954.2c.2024.2836919-14.doc.4","dc_source":"https://api1.ibabs.eu/publicdownload.aspx?site=Beekdaelen&id=a373987b-5a34-48b3-9845-a4f891273da5","dc_title":"Bijlage 2 Ontwerpbesluit GR VRZL met zichtbare wijzigingen","dc_type":"bijlage","foi_fairiscoreVersions":{"v1":2,"v2":1},"foi_fileName":"Z%2F23%2F194247%20-%20356556.pdf","foi_nrPages":21},{"dc_format":"application/pdf","dc_identifier":"nl.gm1954.2c.2024.2836919-14.doc.5","dc_source":"https://api1.ibabs.eu/publicdownload.aspx?site=Beekdaelen&id=337d126e-c645-48e2-adbf-27f2e0d66d0e","dc_title":"Bijlage 3 Reactienota Cooperacion/Boels Zanders Advocaten","dc_type":"bijlage","foi_fairiscoreVersions":{"v1":2,"v2":2},"foi_fileName":"Z%2F23%2F194247%20-%20356556.pdf","foi_nrPages":36},{"dc_format":"application/pdf","dc_identifier":"nl.gm1954.2c.2024.2836919-14.doc.6","dc_source":"https://api1.ibabs.eu/publicdownload.aspx?site=Beekdaelen&id=d5aa3049-239d-48ba-a1bc-65654d515c6b","dc_title":"Bijlage 4 Reactienota VRZL","dc_type":"bijlage","foi_fairiscoreVersions":{"v1":1,"v2":1},"foi_fileName":"Z%2F23%2F194247%20-%20356556.pdf","foi_nrPages":2},{"dc_format":"application/pdf","dc_identifier":"nl.gm1954.2c.2024.2836919-14.doc.1","dc_source":"https://api1.ibabs.eu/publicdownload.aspx?site=Beekdaelen&id=f4455e39-f8f6-4a94-9121-416b69b54df3","dc_title":"Raadsvoorstel inzake wijziging GR VRZL","dc_type":"bijlage","foi_fairiscoreVersions":{"v1":1,"v2":1},"foi_fileName":"Z%2F23%2F194247%20-%20356557%20-%20Raadsvoorstel%20Wijziging%20GR%20VRZL%20%28tweede%20ronde%29.pdf","foi_nrPages":3},{"dc_format":"application/pdf","dc_identifier":"nl.gm1954.2c.2024.2836919-14.doc.2","dc_source":"https://api1.ibabs.eu/publicdownload.aspx?site=Beekdaelen&id=a7b06973-3de5-42bb-9791-3b26b2e4bcd0","dc_title":"Raadsbesluit inzake wijziging GR VRZL - vastgesteld 23-04-2024","dc_type":"bijlage","foi_fairiscoreVersions":{"v1":1,"v2":1},"foi_fileName":"Z%2F23%2F194247%20-%20356563%20-%20Raadsbesluit%20Wijziging%20GR%20VRZL%20%28tweede%20ronde%29.pdf","foi_nrPages":1}],"foi_nrDocuments":6,"foi_nrPagesInDossier":84,"foi_publishedDate":"2024-04-23","foi_retrievedDate":"2026-03-09"},{"dc_creator":"HandelingScraper_v1","dc_date_year":2024,"dc_description":"Vergadering van de Gemeente Beekdaelen op 2024-04-23. Onderdeel: Voorstel inzake ontwerp gemeenschappelijke regeling Parkstad-IT.","dc_identifier":"nl.gm1954.2c.2024.2836919-15","dc_publisher":"gm1954","dc_source":"https://beekdaelen.bestuurlijkeinformatie.nl/Agenda/Index/f9070140-b250-4d5c-926f-2958aa931da5","dc_title":"Raadsvergadering 2024-04-23 - Voorstel inzake ontwerp gemeenschappelijke regeling Parkstad-IT","dc_type":"2c","dc_type_description":"Vergaderstuk decentrale overheid","foi_fairiscoreVersions":{"v1":2,"v2":2},"foi_files":[{"dc_format":"application/pdf","dc_identifier":"nl.gm1954.2c.2024.2836919-15.doc.3","dc_source":"https://api1.ibabs.eu/publicdownload.aspx?site=Beekdaelen&id=c56591c2-d121-402a-84d9-f1d0e3d1b48a","dc_title":"Bijlage A1: Ontwerp - GR Parkstad-IT - 15jan2024","dc_type":"bijlage","foi_fairiscoreVersions":{"v1":1,"v2":1},"foi_fileName":"A1%20-%20Ontwerp%20-%20GR%20Parkstad-IT%20-%2015jan2024.pdf","foi_nrPages":14},{"dc_format":"application/pdf","dc_identifier":"nl.gm1954.2c.2024.2836919-15.doc.4","dc_source":"https://api1.ibabs.eu/publicdownload.aspx?site=Beekdaelen&id=eecc7d5a-fb07-42ee-8084-db544c88237d","dc_title":"Bijlage A2: Ontwerp GR-Parkstad stemverhoudingen 19 dec 2023","dc_type":"bijlage","foi_fairiscoreVersions":{"v1":1,"v2":1},"foi_fileName":"A2%20-%20Ontwerp%20-%20GR-Parkstad%20-%20stemverhoudingen%2019dec2023.pdf","foi_nrPages":1},{"dc_format":"application/pdf","dc_identifier":"nl.gm1954.2c.2024.2836919-15.doc.5","dc_source":"https://api1.ibabs.eu/publicdownload.aspx?site=Beekdaelen&id=23196c78-d698-41e0-b285-d7ad70b955b4","dc_title":"Bijlage A3: Mogelijke samenstellingen DB 19 dec 2023","dc_type":"bijlage","foi_fairiscoreVersions":{"v1":1,"v2":1},"foi_fileName":"A3%20-%20Mogelijke%20samenstellingen%20DB%2019dec2023.pdf","foi_nrPages":1},{"dc_format":"application/pdf","dc_identifier":"nl.gm1954.2c.2024.2836919-15.doc.6","dc_source":"https://api1.ibabs.eu/publicdownload.aspx?site=Beekdaelen&id=52c37c20-a33d-4f06-876f-d79959dbdd52","dc_title":"Bijlage A4: Advies inzake wijziging GR'en (BoelsZanders/ Cooperaci\u00f3n)","dc_type":"bijlage","foi_fairiscoreVersions":{"v1":1,"v2":1},"foi_fileName":"A4%20-%20Advies%20inzake%20wijziging%20GR%27en.pdf","foi_nrPages":38},{"dc_format":"application/pdf","dc_identifier":"nl.gm1954.2c.2024.2836919-15.doc.7","dc_source":"https://api1.ibabs.eu/publicdownload.aspx?site=Beekdaelen&id=e9224175-9f8d-4be1-942b-b1f5aca1e7f7","dc_title":"Bijlage A5: Reactienota zienswijzen raden (BoelsZanders/Cooperaci\u00f3n) 22 nov 2023","dc_type":"bijlage","foi_fairiscoreVersions":{"v1":1,"v2":1},"foi_fileName":"A5%20-%20Reactienota%2022112023.pdf","foi_nrPages":6},{"dc_format":"application/pdf","dc_identifier":"nl.gm1954.2c.2024.2836919-15.doc.8","dc_source":"https://api1.ibabs.eu/publicdownload.aspx?site=Beekdaelen&id=9b11fbbc-1c03-4dfe-ba6a-da0175c43747","dc_title":"Bijlage B1: Kadernota 2024 Parkstad-IT","dc_type":"bijlage","foi_fairiscoreVersions":{"v1":2,"v2":2},"foi_fileName":"B1%20-%20Ontwerp%20Kadernota%20Parkstad-IT%202024%20v1_0_1.pdf","foi_nrPages":28},{"dc_format":"application/pdf","dc_identifier":"nl.gm1954.2c.2024.2836919-15.doc.9","dc_source":"https://api1.ibabs.eu/publicdownload.aspx?site=Beekdaelen&id=f6aff677-27e2-4c16-9324-bb023b4a2820","dc_title":"Bijlage B2a: Begroting 2024 Parkstad-IT","dc_type":"bijlage","foi_fairiscoreVersions":{"v1":2,"v2":1},"foi_fileName":"B2a%20-%20Begroting2024%20v0_4.pdf","foi_nrPages":35},{"dc_format":"application/pdf","dc_identifier":"nl.gm1954.2c.2024.2836919-15.doc.10","dc_source":"https://api1.ibabs.eu/publicdownload.aspx?site=Beekdaelen&id=fef61809-6259-4a1f-8ca9-c04424a4ef45","dc_title":"Bijlage B2b: Dialoog begroting 2024 Parkstad-IT","dc_type":"bijlage","foi_fairiscoreVersions":{"v1":2,"v2":1},"foi_fileName":"B2b%20-%20Begroting%202024%2014-09-2023%20v0_1.pdf","foi_nrPages":9},{"dc_format":"application/pdf","dc_identifier":"nl.gm1954.2c.2024.2836919-15.doc.11","dc_source":"https://api1.ibabs.eu/publicdownload.aspx?site=Beekdaelen&id=5d6b1618-0950-4541-99c2-a4afe7de6dd4","dc_title":"Bijlage C1: Transitieplan 2024 Parkstad-IT","dc_type":"bijlage","foi_fairiscoreVersions":{"v1":2,"v2":1},"foi_fileName":"C1%20-%20Transitieplan%202024%20v0_2.pdf","foi_nrPages":23},{"dc_format":"application/pdf","dc_identifier":"nl.gm1954.2c.2024.2836919-15.doc.2","dc_source":"https://api1.ibabs.eu/publicdownload.aspx?site=Beekdaelen&id=24a5aac3-1f95-4674-9e85-13d08f3b53c0","dc_title":"Raadsbesluit inzake ontwerp Gemeenschappelijke regeling  Parkstad-IT - vastgesteld 23-04-2024","dc_type":"bijlage","foi_fairiscoreVersions":{"v1":1,"v2":1},"foi_fileName":"Concept%20Raadsbesluit%20359544_1.pdf","foi_nrPages":1},{"dc_format":"application/pdf","dc_identifier":"nl.gm1954.2c.2024.2836919-15.doc.1","dc_source":"https://api1.ibabs.eu/publicdownload.aspx?site=Beekdaelen&id=2688d642-c0d7-4f42-a920-6b12e12c94f8","dc_title":"Raadsvoorstel inzake ontwerp Gemeenschappelijke regeling  Parkstad-IT","dc_type":"bijlage","foi_fairiscoreVersions":{"v1":1,"v2":1},"foi_fileName":"Concept%20Raadsvoorstel%20359358_1.pdf","foi_nrPages":6},{"dc_format":"application/pdf","dc_identifier":"nl.gm1954.2c.2024.2836919-15.doc.12","dc_source":"https://api1.ibabs.eu/publicdownload.aspx?site=Beekdaelen&id=a848e6f3-9c6d-4056-8384-77118686b0b8","dc_title":"Bijlage D1:  Strategisch rapport; Toekomst Parkstad-IT (Berenschot)","dc_type":"bijlage","foi_fairiscoreVersions":{"v1":2,"v2":2},"foi_fileName":"D1%20-%20Berenschot%20-%20Toekomst%20Parkstad-IT.pdf","foi_nrPages":54},{"dc_format":"application/pdf","dc_identifier":"nl.gm1954.2c.2024.2836919-15.doc.13","dc_source":"https://api1.ibabs.eu/publicdownload.aspx?site=Beekdaelen&id=f3ab32a2-d50a-4576-ba89-62362d0762de","dc_title":"Bijlage D2: Tactisch rapport; Bedrijfsplan Parkstad-IT (Berenschot)","dc_type":"bijlage","foi_fairiscoreVersions":{"v1":1,"v2":1},"foi_fileName":"D2%20-%20Finaal%20concept%20bedrijfsplan%20PIT%2020%2008052023.pdf","foi_nrPages":48},{"dc_format":"application/pdf","dc_identifier":"nl.gm1954.2c.2024.2836919-15.doc.14","dc_source":"https://api1.ibabs.eu/publicdownload.aspx?site=Beekdaelen&id=c6aa33c4-98a4-452d-af32-95285608ad28","dc_title":"Bijlage E1:  Ontwerp Organisatieverordening Parkstad-IT","dc_type":"bijlage","foi_fairiscoreVersions":{"v1":1,"v2":1},"foi_fileName":"E1%20-%20Organisatieverordening%20v0_1.pdf","foi_nrPages":4},{"dc_format":"application/pdf","dc_identifier":"nl.gm1954.2c.2024.2836919-15.doc.15","dc_source":"https://api1.ibabs.eu/publicdownload.aspx?site=Beekdaelen&id=765de4b7-43ca-45a8-bc46-1c093c22c659","dc_title":"Bijlage E2:  CAO SGO 2023","dc_type":"bijlage","foi_fairiscoreVersions":{"v1":2,"v2":2},"foi_fileName":"E2%20-%2020230426_Cao%20SGO%202023.pdf","foi_nrPages":171},{"dc_format":"application/pdf","dc_identifier":"nl.gm1954.2c.2024.2836919-15.doc.16","dc_source":"https://api1.ibabs.eu/publicdownload.aspx?site=Beekdaelen&id=b1d2bd25-af2e-43d4-ab5a-4707b6780e90","dc_title":"Bijlage E3: Onderhandelingsresultaat over CAO Gemeenten en CAO SGO 2024-2025","dc_type":"bijlage","foi_fairiscoreVersions":{"v1":2,"v2":2},"foi_fileName":"E3%20-%20Onderhandelingsresultaat%20over%20Cao%20Gemeenten%20en%20Cao%20SGO%202024-2025.pdf","foi_nrPages":2},{"dc_format":"application/pdf","dc_identifier":"nl.gm1954.2c.2024.2836919-15.doc.17","dc_source":"https://api1.ibabs.eu/publicdownload.aspx?site=Beekdaelen&id=9f088a6b-36c9-4244-ba80-bdaa5ad6ad81","dc_title":"Bijlage E4: Ledenbrief WSGO \u2013 Akkoord CAO 2024-2025","dc_type":"bijlage","foi_fairiscoreVersions":{"v1":1,"v2":1},"foi_fileName":"E4%20-%20Lbr23-012%20Ledenbrief%20Cao%20SGO%202024-2025%20akkoord.pdf","foi_nrPages":2},{"dc_format":"application/pdf","dc_identifier":"nl.gm1954.2c.2024.2836919-15.doc.18","dc_source":"https://api1.ibabs.eu/publicdownload.aspx?site=Beekdaelen&id=67378f5e-4a33-4ab2-ab5a-d21f153a1579","dc_title":"Bijlage E5: ter info - Aanvullende arbeidsvoorwaarden 2023 gemeente Heerlen","dc_type":"bijlage","foi_fairiscoreVersions":{"v1":2,"v2":1},"foi_fileName":"E5%20-%20ter%20info%20-%20Aanvullende%20arbeidsvoorwaarden%202023%20gemeente%20Heerlen.pdf","foi_nrPages":8}],"foi_nrDocuments":18,"foi_nrPagesInDossier":451,"foi_publishedDate":"2024-04-23","foi_retrievedDate":"2026-03-14"},{"dc_creator":"HandelingScraper_v1","dc_date_year":2024,"dc_description":"Vergadering van de Gemeente Beekdaelen op 2024-04-23. Onderdeel: Voorstel inzake Wegsleepverordening Beekdaelen 2024.","dc_identifier":"nl.gm1954.2c.2024.2836919-16","dc_publisher":"gm1954","dc_source":"https://beekdaelen.bestuurlijkeinformatie.nl/Agenda/Index/f9070140-b250-4d5c-926f-2958aa931da5","dc_title":"Raadsvergadering 2024-04-23 - Voorstel inzake Wegsleepverordening Beekdaelen 2024","dc_type":"2c","dc_type_description":"Vergaderstuk decentrale overheid","foi_fairiscoreVersions":{"v1":1,"v2":1},"foi_files":[{"dc_format":"application/pdf","dc_identifier":"nl.gm1954.2c.2024.2836919-16.doc.1","dc_source":"https://api1.ibabs.eu/publicdownload.aspx?site=Beekdaelen&id=667c7b45-4d05-42b2-814e-648937f6c819","dc_title":"Raadsvoorstel inzake wegsleepverordening","dc_type":"bijlage","foi_fairiscoreVersions":{"v1":1,"v2":1},"foi_fileName":"Z%2F24%2F199753%20-%20355575%20-%20Raadsvoorstel%20Wegsleepverordening.pdf","foi_nrPages":3},{"dc_format":"application/pdf","dc_identifier":"nl.gm1954.2c.2024.2836919-16.doc.3","dc_source":"https://api1.ibabs.eu/publicdownload.aspx?site=Beekdaelen&id=dfa3abb2-d44e-4652-931d-dcf09d81c386","dc_title":"Bijlage 1: Wegsleepverordening Beekdaelen 2024 - vastgesteld 23-04-2024","dc_type":"bijlage","foi_fairiscoreVersions":{"v1":1,"v2":1},"foi_fileName":"Z%2F24%2F199753%20-%20355578%20-%20Wegsleepverordening%20Beekdaelen%202024.pdf","foi_nrPages":6},{"dc_format":"application/pdf","dc_identifier":"nl.gm1954.2c.2024.2836919-16.doc.2","dc_source":"https://api1.ibabs.eu/publicdownload.aspx?site=Beekdaelen&id=6d9af594-a7a5-4115-b594-1c627b5c0593","dc_title":"Raadsbesluit inzake wegsleepverordening - vastgesteld 23-04-2024","dc_type":"bijlage","foi_fairiscoreVersions":{"v1":1,"v2":1},"foi_fileName":"Z%2F24%2F199753%20-%20356011%20-%20concept-raadsbesluit.pdf","foi_nrPages":1}],"foi_nrDocuments":3,"foi_nrPagesInDossier":10,"foi_publishedDate":"2024-04-23","foi_retrievedDate":"2026-03-10"},{"dc_creator":"HandelingScraper_v1","dc_date_year":2024,"dc_description":"Vergadering van de Gemeente Beekdaelen op 2024-04-23. Onderdeel: Voorstel inzake bezwaarschriften Wvg-besluit Schinveld.","dc_identifier":"nl.gm1954.2c.2024.2836919-18","dc_publisher":"gm1954","dc_source":"https://beekdaelen.bestuurlijkeinformatie.nl/Agenda/Index/f9070140-b250-4d5c-926f-2958aa931da5","dc_title":"Raadsvergadering 2024-04-23 - Voorstel inzake bezwaarschriften Wvg-besluit Schinveld","dc_type":"2c","dc_type_description":"Vergaderstuk decentrale overheid","foi_fairiscoreVersions":{"v1":2,"v2":2},"foi_files":[{"dc_format":"application/pdf","dc_identifier":"nl.gm1954.2c.2024.2836919-18.doc.1","dc_source":"https://api1.ibabs.eu/publicdownload.aspx?site=Beekdaelen&id=c97ace46-fd04-4b72-9a82-44d0947190b3","dc_title":"Raadsvoorstel inzake bezwaarschriften Wvg-besluit Schinveld","dc_type":"bijlage","foi_fairiscoreVersions":{"v1":1,"v2":1},"foi_fileName":"358921_1.pdf","foi_nrPages":2},{"dc_format":"application/pdf","dc_identifier":"nl.gm1954.2c.2024.2836919-18.doc.2","dc_source":"https://api1.ibabs.eu/publicdownload.aspx?site=Beekdaelen&id=477fb1f0-7b55-4f82-8007-9b74c8749b96","dc_title":"Raadsbesluit inzake bezwaarschriften Wvg-besluit Schinveld - vastgesteld 23-04-2024","dc_type":"bijlage","foi_fairiscoreVersions":{"v1":1,"v2":1},"foi_fileName":"358923_1.pdf","foi_nrPages":1},{"dc_format":"application/pdf","dc_identifier":"nl.gm1954.2c.2024.2836919-18.doc.3","dc_source":"https://api1.ibabs.eu/publicdownload.aspx?site=Beekdaelen&id=5327d14b-1afa-43c5-8de0-e3ab4c77e796","dc_title":"Bijlage - advies van de ambtelijke bezwaarbehandelaar van 4 maart 2024 (1) (geanonimiseerd)","dc_type":"bijlage","foi_fairiscoreVersions":{"v1":2,"v2":2},"foi_fileName":"Bijlage%202-%20advies%20van%20de%20ambtelijke%20bezwaarbehandelaar%20van%204%20maart%202024%20%281%29%20%28geanonimiseerd%29.pdf","foi_nrPages":4},{"dc_format":"application/pdf","dc_identifier":"nl.gm1954.2c.2024.2836919-18.doc.4","dc_source":"https://api1.ibabs.eu/publicdownload.aspx?site=Beekdaelen&id=c83df868-0612-478c-be7e-00e785934e80","dc_title":"Bijlage - verslag van de ambtelijke hoorzitting op 26 februari 2024 (2) (geanonimiseerd)","dc_type":"bijlage","foi_fairiscoreVersions":{"v1":2,"v2":2},"foi_fileName":"Bijlage%203-%20verslag%20van%20de%20ambtelijke%20hoorzitting%20op%2026%20februari%202024%20%282%29%20%28geanonimiseerd%29.pdf","foi_nrPages":15},{"dc_format":"application/pdf","dc_identifier":"nl.gm1954.2c.2024.2836919-18.doc.5","dc_source":"https://api1.ibabs.eu/publicdownload.aspx?site=Beekdaelen&id=4f586090-9349-40b9-b5bb-d6e30f11c5a1","dc_title":"Bijlage - ambtelijk verweerschrift (geanonimiseerd)","dc_type":"bijlage","foi_fairiscoreVersions":{"v1":2,"v2":2},"foi_fileName":"Bijlage%204-%20ambtelijk%20verweerschrift%20%28geanonimiseerd%29.pdf","foi_nrPages":8},{"dc_format":"application/pdf","dc_identifier":"nl.gm1954.2c.2024.2836919-18.doc.6","dc_source":"https://api1.ibabs.eu/publicdownload.aspx?site=Beekdaelen&id=f638fc71-4ecd-4b78-9e61-5ffedee0066c","dc_title":"Bijlage - bezwaarschrift van ...... (geanonimiseerd)","dc_type":"bijlage","foi_fairiscoreVersions":{"v1":2,"v2":2},"foi_fileName":"Bijlage%205-%20bezwaarschrift%20van%20......pdf","foi_nrPages":1},{"dc_format":"application/pdf","dc_identifier":"nl.gm1954.2c.2024.2836919-18.doc.7","dc_source":"https://api1.ibabs.eu/publicdownload.aspx?site=Beekdaelen&id=059faa92-208b-4f8c-9a72-4b97c5057e5d","dc_title":"Bijlage - bezwaarschrift van ...... (geanonimiseerd)","dc_type":"bijlage","foi_fairiscoreVersions":{"v1":2,"v2":2},"foi_fileName":"Bijlage%206-%20bezwaarschrift%20van%20......pdf","foi_nrPages":1}],"foi_nrDocuments":7,"foi_nrPagesInDossier":32,"foi_publishedDate":"2024-04-23","foi_retrievedDate":"2026-04-10"},{"dc_creator":"HandelingScraper_v1","dc_date_year":2024,"dc_description":"Vergadering van de Gemeente Beekdaelen op 2024-04-23. Onderdeel: Voorstel inzake definitieve huisvesting gemeentelijke organisatie Beekdaelen.","dc_identifier":"nl.gm1954.2c.2024.2836919-19","dc_publisher":"gm1954","dc_source":"https://beekdaelen.bestuurlijkeinformatie.nl/Agenda/Index/f9070140-b250-4d5c-926f-2958aa931da5","dc_title":"Raadsvergadering 2024-04-23 - Voorstel inzake definitieve huisvesting gemeentelijke organisatie Beekdaelen","dc_type":"2c","dc_type_description":"Vergaderstuk decentrale overheid","foi_fairiscoreVersions":{"v1":2,"v2":2},"foi_files":[{"dc_format":"application/pdf","dc_identifier":"nl.gm1954.2c.2024.2836919-19.doc.6","dc_source":"https://api1.ibabs.eu/publicdownload.aspx?site=Beekdaelen&id=b92de087-6d94-4173-8be3-445e6c384130","dc_title":"Bijlage 1- (VERVALLEN) concept raadsbesluit definitieve huisvesting gemeentelijke organisatie Beekdaelen","dc_type":"bijlage","foi_fairiscoreVersions":{"v1":1,"v2":1},"foi_fileName":"Bijlage%201-%20concept%20raadsbesluit%20definitieve%20huisvesting%20gemeentelijke%20organisatie%20Beekdaelen.pdf","foi_nrPages":2},{"dc_format":"application/pdf","dc_identifier":"nl.gm1954.2c.2024.2836919-19.doc.3","dc_source":"https://api1.ibabs.eu/publicdownload.aspx?site=Beekdaelen&id=dc73fc44-9137-408e-b567-ebc647ced4ad","dc_title":"VERVALLEN Raadsbesluit definitieve huisvesting gemeentelijke organisatie na nota van wijziging","dc_type":"bijlage","foi_fairiscoreVersions":{"v1":1,"v2":1},"foi_fileName":"Bijlage%201%20NvW%20gewijzigd%20raadsbesluit%20definitieve%20huisvesting%20gemeentelijke%20organisatie.pdf","foi_nrPages":1},{"dc_format":"application/pdf","dc_identifier":"nl.gm1954.2c.2024.2836919-19.doc.5","dc_source":"https://api1.ibabs.eu/publicdownload.aspx?site=Beekdaelen&id=7cf67487-68c2-476e-9752-dfefc9ac6c5a","dc_title":"Bijlage 2-  Memo Notitie extern salderen incl. bijlagen (geanonimiseerd)","dc_type":"bijlage","foi_fairiscoreVersions":{"v1":2,"v2":2},"foi_fileName":"Bijlage%202-%20%20Memo%20Notitie%20extern%20salderen%20incl.pdf","foi_nrPages":32},{"dc_format":"application/pdf","dc_identifier":"nl.gm1954.2c.2024.2836919-19.doc.11","dc_source":"https://api1.ibabs.eu/publicdownload.aspx?site=Beekdaelen&id=6715b9b9-aab6-4f87-82d8-43d5dee27f39","dc_title":"Bijlage 7 - Na nota van wijziging begrotingswijziging 3.2 Aanvullend krediet huisvestingskosten gemeentehuis","dc_type":"bijlage","foi_fairiscoreVersions":{"v1":1,"v2":1},"foi_fileName":"Bijlage%202%20WvW%20begrotingswijziging%203.pdf","foi_nrPages":1},{"dc_format":"application/pdf","dc_identifier":"nl.gm1954.2c.2024.2836919-19.doc.7","dc_source":"https://api1.ibabs.eu/publicdownload.aspx?site=Beekdaelen&id=c97bcbf4-0c25-45fb-8602-12c14e3df894","dc_title":"Bijlage 3 - Memo Mogelijkheden gecombineerd salderen incl. bijlagen (geanonimiseerd)","dc_type":"bijlage","foi_fairiscoreVersions":{"v1":2,"v2":2},"foi_fileName":"Bijlage%203-%20Memo%20Mogelijkheden%20gecombineerd%20salderen%20incl.pdf","foi_nrPages":12},{"dc_format":"application/pdf","dc_identifier":"nl.gm1954.2c.2024.2836919-19.doc.12","dc_source":"https://api1.ibabs.eu/publicdownload.aspx?site=Beekdaelen&id=9cc7205f-251f-47fd-af50-c9db30143af5","dc_title":"Bijlage 8 - Na nota van wijziging begrotingswijziging 3.3 terugdraaien begrotingwijziging krediet nieuw gemeentehuis Beekdaelen","dc_type":"bijlage","foi_fairiscoreVersions":{"v1":1,"v2":1},"foi_fileName":"Bijlage%203%20NvW%20begrotingswijziging%203.pdf","foi_nrPages":1},{"dc_format":"application/pdf","dc_identifier":"nl.gm1954.2c.2024.2836919-19.doc.8","dc_source":"https://api1.ibabs.eu/publicdownload.aspx?site=Beekdaelen&id=aaaa407b-7928-4744-8df3-ef523be67c6f","dc_title":"Bijlage 4 - Memo Mogelijkheden ecologische beoordeling incl. bijlage (geanonimiseerd)","dc_type":"bijlage","foi_fairiscoreVersions":{"v1":2,"v2":2},"foi_fileName":"Bijlage%204-%20Memo%20Mogelijkheden%20ecologische%20beoordeling%20incl.pdf","foi_nrPages":12},{"dc_format":"application/pdf","dc_identifier":"nl.gm1954.2c.2024.2836919-19.doc.9","dc_source":"https://api1.ibabs.eu/publicdownload.aspx?site=Beekdaelen&id=d1afc4a6-b06d-48e9-b404-a6b09378c77b","dc_title":"Bijlage 5 - Memo intern salderen bestaande gemeentehuis Nuth (geanonimiseerd)","dc_type":"bijlage","foi_fairiscoreVersions":{"v1":2,"v2":2},"foi_fileName":"Bijlage%205-%20Memo%20intern%20salderen%20bestaande%20gemeentehuis%20Nuth%20%28geanonimiseerd%29.pdf","foi_nrPages":59},{"dc_format":"application/pdf","dc_identifier":"nl.gm1954.2c.2024.2836919-19.doc.10","dc_source":"https://api1.ibabs.eu/publicdownload.aspx?site=Beekdaelen&id=fe06946b-e5e3-48c8-843c-a07ceedfb337","dc_title":"Bijlage 6 - Ruimtelijk en Functioneel Programma van Eisen definitieve huisvesting Beekdaelen (geanonimiseerd)","dc_type":"bijlage","foi_fairiscoreVersions":{"v1":2,"v2":1},"foi_fileName":"Bijlage%206-%20Ruimtelijk%20en%20Functioneel%20Programma%20van%20Eisen%20definitieve%20huisvesting%20Beekdaelen%20%28geanonimiseerd%29.pdf","foi_nrPages":31},{"dc_format":"application/pdf","dc_identifier":"nl.gm1954.2c.2024.2836919-19.doc.4","dc_source":"https://api1.ibabs.eu/publicdownload.aspx?site=Beekdaelen&id=355cef28-f7a8-4889-a64f-6f7079c50347","dc_title":"Geamendeerd raadsbesluit definitieve huisvesting gemeentelijke organisatie na nota van wijziging - vastgesteld 23-04-2024","dc_type":"bijlage","foi_fairiscoreVersions":{"v1":1,"v2":1},"foi_fileName":"Geamendeerd%20raadsbesluit%20definitieve%20huisvesting%20gemeentelijke%20organisatie%20na%20nota%20van%20wijziging.pdf","foi_nrPages":1},{"dc_format":"application/pdf","dc_identifier":"nl.gm1954.2c.2024.2836919-19.doc.2","dc_source":"https://api1.ibabs.eu/publicdownload.aspx?site=Beekdaelen&id=3266ed77-a741-425a-9464-62cd0cde9893","dc_title":"Nota van wijzigingen definitieve huisvesting gemeentelijke organisatie","dc_type":"bijlage","foi_fairiscoreVersions":{"v1":2,"v2":1},"foi_fileName":"Nota%20van%20wijzigingen%20definitieve%20huisvesting%20gemeentelijke%20organisatie.pdf","foi_nrPages":4},{"dc_format":"application/pdf","dc_identifier":"nl.gm1954.2c.2024.2836919-19.doc.1","dc_source":"https://api1.ibabs.eu/publicdownload.aspx?site=Beekdaelen&id=3d4fa5ad-254f-4547-a8d2-fda76d181005","dc_title":"Raadsvoorstel definitieve huisvesting","dc_type":"bijlage","foi_fairiscoreVersions":{"v1":1,"v2":1},"foi_fileName":"Raadsvoorstel%20definitieve%20huisvesting%20.pdf","foi_nrPages":5}],"foi_nrDocuments":12,"foi_nrPagesInDossier":161,"foi_publishedDate":"2024-04-23","foi_retrievedDate":"2026-01-22"},{"dc_creator":"HandelingScraper_v1","dc_date_year":2024,"dc_description":"Vergadering van de Gemeente Beekdaelen op 2024-04-23. Onderdeel: Vaststellen besluitenlijst openbare raadsvergadering d.d. 19 maart 2024.","dc_identifier":"nl.gm1954.2c.2024.2836919-2","dc_publisher":"gm1954","dc_source":"https://beekdaelen.bestuurlijkeinformatie.nl/Agenda/Index/f9070140-b250-4d5c-926f-2958aa931da5","dc_title":"Raadsvergadering 2024-04-23 - Vaststellen besluitenlijst openbare raadsvergadering d.d. 19 maart 2024","dc_type":"2c","dc_type_description":"Vergaderstuk decentrale overheid","foi_fairiscoreVersions":{"v1":1,"v2":1},"foi_files":[{"dc_format":"application/pdf","dc_identifier":"nl.gm1954.2c.2024.2836919-2.doc.1","dc_source":"https://api1.ibabs.eu/publicdownload.aspx?site=Beekdaelen&id=3d618c27-b618-41b2-8171-a6ade4560291","dc_title":"Besluitenlijst raadsvergadering 19032024 - vastgesteld 23-04-2024","dc_type":"bijlage","foi_fairiscoreVersions":{"v1":1,"v2":1},"foi_fileName":"Besluitenlijst%20raadsvergadering%2019032024.pdf","foi_nrPages":3}],"foi_nrDocuments":1,"foi_nrPagesInDossier":3,"foi_publishedDate":"2024-04-23","foi_retrievedDate":"2026-03-04"},{"dc_creator":"HandelingScraper_v1","dc_date_year":2024,"dc_description":"Vergadering van de Gemeente Beekdaelen op 2024-04-23. Onderdeel: Amendement PvdA, VVD, GL en Koll\u00e9e-Rijkx inzake aanpassing beslispunten raadsbesluit.","dc_identifier":"nl.gm1954.2c.2024.2836919-20","dc_publisher":"gm1954","dc_source":"https://beekdaelen.bestuurlijkeinformatie.nl/Agenda/Index/f9070140-b250-4d5c-926f-2958aa931da5","dc_title":"Raadsvergadering 2024-04-23 - Amendement PvdA, VVD, GL en Koll\u00e9e-Rijkx inzake aanpassing beslispunten raadsbesluit","dc_type":"2c","dc_type_description":"Vergaderstuk decentrale overheid","foi_fairiscoreVersions":{"v1":null,"v2":null},"foi_files":[{"dc_format":"application/pdf","dc_identifier":"nl.gm1954.2c.2024.2836919-20.doc.1","dc_source":"https://api1.ibabs.eu/publicdownload.aspx?site=Beekdaelen&id=82d3dcc4-e05a-4649-8528-094e507f1dde","dc_title":"Amendement PvdA, VVD, GL en Koll\u00e9e-Rijkx inzake aanpassing beslispunten raadsbesluit","dc_type":"bijlage","foi_fileName":"Amendement%20PvdA_%20VVD_%20GL%20en%20Koll%C3%A9e-Rijkx%20inzake%20aanpassing%20beslispunten%20raadsbesluit.pdf"}],"foi_nrDocuments":1,"foi_nrPagesInDossier":0,"foi_publishedDate":"2024-04-23","foi_retrievedDate":"2025-11-30"},{"dc_creator":"HandelingScraper_v1","dc_date_year":2024,"dc_description":"Vergadering van de Gemeente Beekdaelen op 2024-04-23. Onderdeel: Voorstel inzake IBOR rehabilitatie 2024 -2027.","dc_identifier":"nl.gm1954.2c.2024.2836919-21","dc_publisher":"gm1954","dc_source":"https://beekdaelen.bestuurlijkeinformatie.nl/Agenda/Index/f9070140-b250-4d5c-926f-2958aa931da5","dc_title":"Raadsvergadering 2024-04-23 - Voorstel inzake IBOR rehabilitatie 2024 -2027","dc_type":"2c","dc_type_description":"Vergaderstuk decentrale overheid","foi_fairiscoreVersions":{"v1":2,"v2":1},"foi_files":[{"dc_format":"application/pdf","dc_identifier":"nl.gm1954.2c.2024.2836919-21.doc.3","dc_source":"https://api1.ibabs.eu/publicdownload.aspx?site=Beekdaelen&id=19e21f72-a62f-4478-93d1-271ccf17480f","dc_title":"bijlage: Overzicht in te zetten rehabilitatiebudget per project_1","dc_type":"bijlage","foi_fairiscoreVersions":{"v1":1,"v2":1},"foi_fileName":"2.pdf","foi_nrPages":1},{"dc_format":"application/pdf","dc_identifier":"nl.gm1954.2c.2024.2836919-21.doc.1","dc_source":"https://api1.ibabs.eu/publicdownload.aspx?site=Beekdaelen&id=776f365c-f012-40be-b80e-df4588932f92","dc_title":"Raadsvoorstel inzake IBOR rehabilitatie 2024 - 2027","dc_type":"bijlage","foi_fairiscoreVersions":{"v1":1,"v2":1},"foi_fileName":"355538_1.pdf","foi_nrPages":6},{"dc_format":"application/pdf","dc_identifier":"nl.gm1954.2c.2024.2836919-21.doc.5","dc_source":"https://api1.ibabs.eu/publicdownload.aspx?site=Beekdaelen&id=62cf3462-a3be-4000-98a7-40ec83b459f7","dc_title":"bijlage: MIP - projectenoverzicht 2024 - 2027","dc_type":"bijlage","foi_fairiscoreVersions":{"v1":1,"v2":1},"foi_fileName":"4.pdf","foi_nrPages":1},{"dc_format":"application/pdf","dc_identifier":"nl.gm1954.2c.2024.2836919-21.doc.7","dc_source":"https://api1.ibabs.eu/publicdownload.aspx?site=Beekdaelen&id=fcab2214-e859-41b3-a7f4-961f0603f7e5","dc_title":"bijlage: Begrotingswijziging 3.1 IBOR-rehabilitatie 2024-2027 - nieuw 20240304","dc_type":"bijlage","foi_fairiscoreVersions":{"v1":1,"v2":1},"foi_fileName":"6.%20Begrotingswijziging%203.pdf","foi_nrPages":1},{"dc_format":"application/pdf","dc_identifier":"nl.gm1954.2c.2024.2836919-21.doc.2","dc_source":"https://api1.ibabs.eu/publicdownload.aspx?site=Beekdaelen&id=badd9f00-7bd6-4f5a-ae79-e5d1c5379dca","dc_title":"Raadsbesluit inzake IBOR Rehabilitatie 2024 - 2027 - vastgesteld 23-04-2024","dc_type":"bijlage","foi_fairiscoreVersions":{"v1":1,"v2":1},"foi_fileName":"Z%2F24%2F199740%20-%20355539%20-%20IBOR%20Rehabilitatie%202024%20-%202027.pdf","foi_nrPages":1},{"dc_format":"application/pdf","dc_identifier":"nl.gm1954.2c.2024.2836919-21.doc.4","dc_source":"https://api1.ibabs.eu/publicdownload.aspx?site=Beekdaelen&id=6751724c-3b16-4287-b600-bf2f1af11bc9","dc_title":"bijlage: MIP 2024 - 2027 - vastgesteld 20240109","dc_type":"bijlage","foi_fairiscoreVersions":{"v1":1,"v2":1},"foi_fileName":"Z%2F24%2F199740%20-%20358736%20-%20bijlage%203.pdf","foi_nrPages":12},{"dc_format":"application/pdf","dc_identifier":"nl.gm1954.2c.2024.2836919-21.doc.6","dc_source":"https://api1.ibabs.eu/publicdownload.aspx?site=Beekdaelen&id=09f57329-9370-49a3-9b53-622f27560cc1","dc_title":"bijlage: factsheets overzicht","dc_type":"bijlage","foi_fairiscoreVersions":{"v1":2,"v2":1},"foi_fileName":"Z%2F24%2F199740%20-%20358738%20-%20bijlage%205.pdf","foi_nrPages":16}],"foi_nrDocuments":7,"foi_nrPagesInDossier":38,"foi_publishedDate":"2024-04-23","foi_retrievedDate":"2026-03-14"},{"dc_creator":"HandelingScraper_v1","dc_date_year":2024,"dc_description":"Vergadering van de Gemeente Beekdaelen op 2024-04-23. Onderdeel: Voorstel inzake Paraplubestemmingsplan Archeologie gemeente Beekdaelen.","dc_identifier":"nl.gm1954.2c.2024.2836919-22","dc_publisher":"gm1954","dc_source":"https://beekdaelen.bestuurlijkeinformatie.nl/Agenda/Index/f9070140-b250-4d5c-926f-2958aa931da5","dc_title":"Raadsvergadering 2024-04-23 - Voorstel inzake Paraplubestemmingsplan Archeologie gemeente Beekdaelen","dc_type":"2c","dc_type_description":"Vergaderstuk decentrale overheid","foi_fairiscoreVersions":{"v1":null,"v2":null},"foi_files":[{"dc_format":"application/pdf","dc_identifier":"nl.gm1954.2c.2024.2836919-22.doc.1","dc_source":"https://api1.ibabs.eu/publicdownload.aspx?site=Beekdaelen&id=a8404e01-d8b3-4f03-a26a-c47c9b8fc0ab","dc_title":"Raadsvoorstel inzake Paraplubestemmingsplan Archeologie gemeente Beekdaelen","dc_type":"bijlage","foi_fileName":"354896_1.pdf"},{"dc_format":"application/pdf","dc_identifier":"nl.gm1954.2c.2024.2836919-22.doc.4","dc_source":"https://api1.ibabs.eu/publicdownload.aspx?site=Beekdaelen&id=6c7cc59d-cd11-4e7e-8b3f-c669a0a4d889","dc_title":"Bijlage 2- Nota van zienswijzen - Paraplubestemmingsplan Archeologie gemeente Beekdaelen (geanonimiseerd)","dc_type":"bijlage","foi_fileName":"Bijlage%202-%20Nota%20van%20zienswijzen%20-%20Paraplubestemmingsplan%20Archeologie%20gemeente%20Beekdaelen%20%28geanonimiseerd%29.pdf"},{"dc_format":"application/pdf","dc_identifier":"nl.gm1954.2c.2024.2836919-22.doc.6","dc_source":"https://api1.ibabs.eu/publicdownload.aspx?site=Beekdaelen&id=9d8ccd86-07e0-4127-b03e-caa11bc988a8","dc_title":"Bijlage 2b: Paraplubestemmingsplan Archeologie gemeente Beekdaelen - Regels","dc_type":"bijlage","foi_fileName":"Paraplubestemmingsplan%20Archeologie_Regels.pdf"},{"dc_format":"application/pdf","dc_identifier":"nl.gm1954.2c.2024.2836919-22.doc.5","dc_source":"https://api1.ibabs.eu/publicdownload.aspx?site=Beekdaelen&id=b321ee70-4698-4efb-808c-76057b5a85ea","dc_title":"Bijlage 2a: Paraplubestemmingsplan Archeologie gemeente Beekdaelen - Toelichting","dc_type":"bijlage","foi_fileName":"Paraplubestemmingsplan%20Archeologie_Toelichting.pdf"},{"dc_format":"application/pdf","dc_identifier":"nl.gm1954.2c.2024.2836919-22.doc.7","dc_source":"https://api1.ibabs.eu/publicdownload.aspx?site=Beekdaelen&id=07ff1155-6ad3-4c27-be53-a16051d59106","dc_title":"Bijlage 2c: Paraplubestemmingsplan Archeologie gemeente Beekdaelen - Verbeelding","dc_type":"bijlage","foi_fileName":"Paraplubestemmingsplan%20Archeologie_Verbeelding_20240227.pdf"},{"dc_format":"application/pdf","dc_identifier":"nl.gm1954.2c.2024.2836919-22.doc.2","dc_source":"https://api1.ibabs.eu/publicdownload.aspx?site=Beekdaelen&id=2f141051-26e5-47d7-a5a3-d9a90128626a","dc_title":"Raadsbesluit inzake paraplubestemmingsplan Archeologie gemeente Beekdaelen - vastgesteld 23-04-2024","dc_type":"bijlage","foi_fileName":"Raadsbesluit%20inzake%20paraplubestemmingsplan%20Archeologie%20gemeente%20Beekdaelen.pdf"},{"dc_format":"application/pdf","dc_identifier":"nl.gm1954.2c.2024.2836919-22.doc.3","dc_source":"https://api1.ibabs.eu/publicdownload.aspx?site=Beekdaelen&id=46f81d26-1716-4b86-9604-6563384c6999","dc_title":"Bijlage 1: Onderzoeksrapport RAAP Actualisatie archeologische verwachtings- en beleidskaart Beekdaelen, d.d. 12 september 2023","dc_type":"bijlage","foi_fileName":"Z_22_176988%20-%20346221%20%20RAAP-rapport%206031%20dd.pdf"}],"foi_nrDocuments":7,"foi_nrPagesInDossier":0,"foi_publishedDate":"2024-04-23","foi_retrievedDate":"2025-12-01"},{"dc_creator":"HandelingScraper_v1","dc_date_year":2024,"dc_description":"Vergadering van de Gemeente Beekdaelen op 2024-04-23. Onderdeel: Vaststelling lijst ingekomen stukken.","dc_identifier":"nl.gm1954.2c.2024.2836919-23","dc_publisher":"gm1954","dc_source":"https://beekdaelen.bestuurlijkeinformatie.nl/Agenda/Index/f9070140-b250-4d5c-926f-2958aa931da5","dc_title":"Raadsvergadering 2024-04-23 - Vaststelling lijst ingekomen stukken","dc_type":"2c","dc_type_description":"Vergaderstuk decentrale overheid","foi_fairiscoreVersions":{"v1":1,"v2":1},"foi_files":[{"dc_format":"application/pdf","dc_identifier":"nl.gm1954.2c.2024.2836919-23.doc.1","dc_source":"https://api1.ibabs.eu/publicdownload.aspx?site=Beekdaelen&id=d1b7a094-ba9e-4f03-91d8-1023bbfd8515","dc_title":"Lijst ingekomen stukken raad versie 18-04-2024 - vastgesteld 23-04-2024","dc_type":"bijlage","foi_fairiscoreVersions":{"v1":1,"v2":1},"foi_fileName":"Lijst%20ingekomen%20stukken%20raad%20versie%2018-04-2024.pdf","foi_nrPages":6}],"foi_nrDocuments":1,"foi_nrPagesInDossier":6,"foi_publishedDate":"2024-04-23","foi_retrievedDate":"2026-03-05"},{"dc_creator":"HandelingScraper_v1","dc_date_year":2024,"dc_description":"Vergadering van de Gemeente Beekdaelen op 2024-04-23. Onderdeel: Motie vreemd aan de orde van de dag van GroenLinks en PvdA inzake witgoed.","dc_identifier":"nl.gm1954.2c.2024.2836919-24","dc_publisher":"gm1954","dc_source":"https://beekdaelen.bestuurlijkeinformatie.nl/Agenda/Index/f9070140-b250-4d5c-926f-2958aa931da5","dc_title":"Raadsvergadering 2024-04-23 - Motie vreemd aan de orde van de dag van GroenLinks en PvdA inzake witgoed","dc_type":"2c","dc_type_description":"Vergaderstuk decentrale overheid","foi_fairiscoreVersions":{"v1":1,"v2":1},"foi_files":[{"dc_format":"application/pdf","dc_identifier":"nl.gm1954.2c.2024.2836919-24.doc.1","dc_source":"https://api1.ibabs.eu/publicdownload.aspx?site=Beekdaelen&id=65d91e29-e50f-4374-bc2c-38c151a07daa","dc_title":"Motie GL en PvdA inzake witgoed","dc_type":"bijlage","foi_fairiscoreVersions":{"v1":1,"v2":1},"foi_fileName":"Motie%20GL%20en%20PvdA%20inzake%20witgoed.pdf","foi_nrPages":2}],"foi_nrDocuments":1,"foi_nrPagesInDossier":2,"foi_publishedDate":"2024-04-23","foi_retrievedDate":"2026-03-04"},{"dc_creator":"HandelingScraper_v1","dc_date_year":2024,"dc_description":"Vergadering van de Gemeente Beekdaelen op 2024-04-23. Onderdeel: Voorstel inzake benoeming burgercommissielid.","dc_identifier":"nl.gm1954.2c.2024.2836919-3","dc_publisher":"gm1954","dc_source":"https://beekdaelen.bestuurlijkeinformatie.nl/Agenda/Index/f9070140-b250-4d5c-926f-2958aa931da5","dc_title":"Raadsvergadering 2024-04-23 - Voorstel inzake benoeming burgercommissielid","dc_type":"2c","dc_type_description":"Vergaderstuk decentrale overheid","foi_fairiscoreVersions":{"v1":1,"v2":1},"foi_files":[{"dc_format":"application/pdf","dc_identifier":"nl.gm1954.2c.2024.2836919-3.doc.2","dc_source":"https://api1.ibabs.eu/publicdownload.aspx?site=Beekdaelen&id=3ff7ac6c-2a1e-4248-880d-e1512cd88057","dc_title":"Raadsbesluit inzake benoeming burgercommissielid - vastgesteld 23-04-2024","dc_type":"bijlage","foi_fairiscoreVersions":{"v1":1,"v2":1},"foi_fileName":"Raadsbesluit%20inzake%20benoeming%20burgercommissielid.pdf","foi_nrPages":1},{"dc_format":"application/pdf","dc_identifier":"nl.gm1954.2c.2024.2836919-3.doc.1","dc_source":"https://api1.ibabs.eu/publicdownload.aspx?site=Beekdaelen&id=eb234f24-fda4-4bcb-a0a9-7876646fdb02","dc_title":"Raadsvoorstel inzake benoeming burgercommissielid","dc_type":"bijlage","foi_fairiscoreVersions":{"v1":1,"v2":1},"foi_fileName":"Raadsvoorstel%20inzake%20benoeming%20burgercommissielid.pdf","foi_nrPages":1}],"foi_nrDocuments":2,"foi_nrPagesInDossier":2,"foi_publishedDate":"2024-04-23","foi_retrievedDate":"2026-03-13"},{"dc_creator":"HandelingScraper_v1","dc_date_year":2024,"dc_description":"Vergadering van de Gemeente Beekdaelen op 2024-04-23. Onderdeel: Voorstellen inzake verlenen van toestemming voor het wijzigen van diverse GR'en.","dc_identifier":"nl.gm1954.2c.2024.2836919-4","dc_publisher":"gm1954","dc_source":"https://beekdaelen.bestuurlijkeinformatie.nl/Agenda/Index/f9070140-b250-4d5c-926f-2958aa931da5","dc_title":"Raadsvergadering 2024-04-23 - Voorstellen inzake verlenen van toestemming voor het wijzigen van diverse GR'en","dc_type":"2c","dc_type_description":"Vergaderstuk decentrale overheid","foi_fairiscoreVersions":{"v1":1,"v2":1},"foi_files":[{"dc_format":"application/pdf","dc_identifier":"nl.gm1954.2c.2024.2836919-4.doc.1","dc_source":"https://api1.ibabs.eu/publicdownload.aspx?site=Beekdaelen&id=3f82de11-5f90-4bf6-9991-b5a7e503429f","dc_title":"Memo inzake afhandeling voorstellen toestemming wijziging GR'en","dc_type":"bijlage","foi_fairiscoreVersions":{"v1":1,"v2":1},"foi_fileName":"Memo%20inzake%20voorstellen%20toestemming%20wijziging%20GR%27en.pdf","foi_nrPages":1}],"foi_nrDocuments":1,"foi_nrPagesInDossier":1,"foi_publishedDate":"2024-04-23","foi_retrievedDate":"2025-11-29"},{"dc_creator":"HandelingScraper_v1","dc_date_year":2024,"dc_description":"Vergadering van de Gemeente Beekdaelen op 2024-04-23. Onderdeel: Voorstel inzake wijziging GR Het Gegevenshuis.","dc_identifier":"nl.gm1954.2c.2024.2836919-5","dc_publisher":"gm1954","dc_source":"https://beekdaelen.bestuurlijkeinformatie.nl/Agenda/Index/f9070140-b250-4d5c-926f-2958aa931da5","dc_title":"Raadsvergadering 2024-04-23 - Voorstel inzake wijziging GR Het Gegevenshuis","dc_type":"2c","dc_type_description":"Vergaderstuk decentrale overheid","foi_fairiscoreVersions":{"v1":2,"v2":2},"foi_files":[{"dc_format":"application/pdf","dc_identifier":"nl.gm1954.2c.2024.2836919-5.doc.1","dc_source":"https://api1.ibabs.eu/publicdownload.aspx?site=Beekdaelen&id=ebfdee91-d3f1-45f4-922e-74c8b206f289","dc_title":"Raadsvoorstel inzake wijziging GR Het Gegevenshuis","dc_type":"bijlage","foi_fairiscoreVersions":{"v1":1,"v2":1},"foi_fileName":"358143%20-%20Ronde%202%20Raadsvoorstel%20Wijziging%20GR%20Het%20Gegevenshuis.pdf","foi_nrPages":3},{"dc_format":"application/pdf","dc_identifier":"nl.gm1954.2c.2024.2836919-5.doc.4","dc_source":"https://api1.ibabs.eu/publicdownload.aspx?site=Beekdaelen&id=0d57ba19-4e43-4067-a902-353d7e434b28","dc_title":"Bijlage 1b Wijziging GR Het Gegevenshuis per artikel","dc_type":"bijlage","foi_fairiscoreVersions":{"v1":1,"v2":1},"foi_fileName":"Z%2F23%2F192157%20-%20358145%20Ronde%202%20Bijlage%201b%20Wijziging%20GR%20Het%20Gegevenshuis%20per%20artikel.pdf","foi_nrPages":44},{"dc_format":"application/pdf","dc_identifier":"nl.gm1954.2c.2024.2836919-5.doc.6","dc_source":"https://api1.ibabs.eu/publicdownload.aspx?site=Beekdaelen&id=8ba82a90-5678-4f47-b453-241aaef64b3f","dc_title":"Bijlage 3 Reactienota Cooperacion/ Boels Zanders Advocaten","dc_type":"bijlage","foi_fairiscoreVersions":{"v1":2,"v2":2},"foi_fileName":"Z%2F23%2F192157%20-%20358147%20-%20Ronde%202%20Bijlage%203%20Reactienota%20Cooperacion%2F%20Boels%20Zanders%20Advocaten.pdf","foi_nrPages":36},{"dc_format":"application/pdf","dc_identifier":"nl.gm1954.2c.2024.2836919-5.doc.7","dc_source":"https://api1.ibabs.eu/publicdownload.aspx?site=Beekdaelen&id=08ada023-fe93-4f4a-b3e2-931b8a0b2cc5","dc_title":"Bijlage 4 Reactienota specifiek voor Het Gegevenshuis","dc_type":"bijlage","foi_fairiscoreVersions":{"v1":1,"v2":1},"foi_fileName":"Z%2F23%2F192157%20-%20358149%20-%20Ronde%202%20Bijlage%204%20Reactienota%20specifiek%20voor%20Het%20Gegevenshuis.pdf","foi_nrPages":2},{"dc_format":"application/pdf","dc_identifier":"nl.gm1954.2c.2024.2836919-5.doc.5","dc_source":"https://api1.ibabs.eu/publicdownload.aspx?site=Beekdaelen&id=747abf4e-b783-49e3-836d-19af95ff0b47","dc_title":"Bijlage 2 Brief - GR Het Gegevenshuis aan het college","dc_type":"bijlage","foi_fairiscoreVersions":{"v1":2,"v2":2},"foi_fileName":"Z%2F23%2F192157%20-%20358192%20-%20Ronde%202%20Bijlage%202%20Brief%20-%20GR%20Het%20Gegevenshuis%20aan%20het%20college.pdf","foi_nrPages":2},{"dc_format":"application/pdf","dc_identifier":"nl.gm1954.2c.2024.2836919-5.doc.3","dc_source":"https://api1.ibabs.eu/publicdownload.aspx?site=Beekdaelen&id=2a62c915-9d16-4bd1-b329-69229309f890","dc_title":"Bijlage 1a. GR - juni 2023 versie 1.0","dc_type":"bijlage","foi_fairiscoreVersions":{"v1":1,"v2":1},"foi_fileName":"Z%2F23%2F192157%20-%20358216%20-%20Ronde%202%20Bijlage%201a.%20GR%20-%20juni%202023%20versie%201.pdf","foi_nrPages":15},{"dc_format":"application/pdf","dc_identifier":"nl.gm1954.2c.2024.2836919-5.doc.2","dc_source":"https://api1.ibabs.eu/publicdownload.aspx?site=Beekdaelen&id=b67b0fff-d28a-486a-980c-1331dab5e70e","dc_title":"Raadsbesluit inzake wijziging GR Het Gegevenshuis - vastgesteld 23-04-2024","dc_type":"bijlage","foi_fairiscoreVersions":{"v1":1,"v2":1},"foi_fileName":"Z%2F23%2F192157%20-%20358244%20-%20Ronde%202%20Concept%20raadsbesluit%2023%20april%202024.pdf","foi_nrPages":1}],"foi_nrDocuments":7,"foi_nrPagesInDossier":103,"foi_publishedDate":"2024-04-23","foi_retrievedDate":"2026-03-14"},{"dc_creator":"HandelingScraper_v1","dc_date_year":2024,"dc_description":"Vergadering van de Gemeente Beekdaelen op 2024-04-23. Onderdeel: Voorstel inzake wijziging GR Rd4.","dc_identifier":"nl.gm1954.2c.2024.2836919-6","dc_publisher":"gm1954","dc_source":"https://beekdaelen.bestuurlijkeinformatie.nl/Agenda/Index/f9070140-b250-4d5c-926f-2958aa931da5","dc_title":"Raadsvergadering 2024-04-23 - Voorstel inzake wijziging GR Rd4","dc_type":"2c","dc_type_description":"Vergaderstuk decentrale overheid","foi_fairiscoreVersions":{"v1":2,"v2":2},"foi_files":[{"dc_format":"application/pdf","dc_identifier":"nl.gm1954.2c.2024.2836919-6.doc.1","dc_source":"https://api1.ibabs.eu/publicdownload.aspx?site=Beekdaelen&id=f7bf9266-195c-44b9-ac91-13137b69f822","dc_title":"Raadsvoorstel inzake wijziging GR Rd4","dc_type":"bijlage","foi_fairiscoreVersions":{"v1":1,"v2":1},"foi_fileName":"Z%2F23%2F191724%20-%20358333%20-%20Wijziging%20GR%20Rd4.pdf","foi_nrPages":3},{"dc_format":"application/pdf","dc_identifier":"nl.gm1954.2c.2024.2836919-6.doc.3","dc_source":"https://api1.ibabs.eu/publicdownload.aspx?site=Beekdaelen&id=128d618f-d3ec-41f2-ae2b-0ca451360abe","dc_title":"Bijlage 1: Gemeenschappelijke Regeling Reinigingsdiensten Rd4 Wijzigingsbesluit","dc_type":"bijlage","foi_fairiscoreVersions":{"v1":1,"v2":1},"foi_fileName":"Z%2F23%2F191724%20-%20358344%20-.pdf","foi_nrPages":14},{"dc_format":"application/pdf","dc_identifier":"nl.gm1954.2c.2024.2836919-6.doc.4","dc_source":"https://api1.ibabs.eu/publicdownload.aspx?site=Beekdaelen&id=6e4a709a-f801-4068-a8b0-701df863e478","dc_title":"Bijlage 2: Wijzigingsbesluit GR Rd4 met zichtbare wijzigingen","dc_type":"bijlage","foi_fairiscoreVersions":{"v1":2,"v2":1},"foi_fileName":"Z%2F23%2F191724%20-%20358345%20-.pdf","foi_nrPages":18},{"dc_format":"application/pdf","dc_identifier":"nl.gm1954.2c.2024.2836919-6.doc.5","dc_source":"https://api1.ibabs.eu/publicdownload.aspx?site=Beekdaelen&id=3cb03ee3-8570-47a7-94f3-8643d43a2aa3","dc_title":"Bijlage 3: Reactienota Cooperacion / Boels Zanders Advocaten","dc_type":"bijlage","foi_fairiscoreVersions":{"v1":2,"v2":2},"foi_fileName":"Z%2F23%2F191724%20-%20358346%20-.pdf","foi_nrPages":36},{"dc_format":"application/pdf","dc_identifier":"nl.gm1954.2c.2024.2836919-6.doc.6","dc_source":"https://api1.ibabs.eu/publicdownload.aspx?site=Beekdaelen&id=85dc5f0a-1636-4e4b-9e0f-b079d6a10eea","dc_title":"Bijlage 4: Reactienota specifiek voor Rd4","dc_type":"bijlage","foi_fairiscoreVersions":{"v1":1,"v2":1},"foi_fileName":"Z%2F23%2F191724%20-%20358349%20-.pdf","foi_nrPages":2},{"dc_format":"application/pdf","dc_identifier":"nl.gm1954.2c.2024.2836919-6.doc.2","dc_source":"https://api1.ibabs.eu/publicdownload.aspx?site=Beekdaelen&id=0c2ceeb1-dcb3-4dae-a476-f5bbdb4023c4","dc_title":"Raadsbesluit inzake wijziging GR Rd4 - vastgesteld 23-04-2024","dc_type":"bijlage","foi_fairiscoreVersions":{"v1":1,"v2":1},"foi_fileName":"Z%2F23%2F191724%20-%20359002%20-%20Wijziging%20Gemeenschappelijke%20Regeling%20Rd4.pdf","foi_nrPages":1}],"foi_nrDocuments":6,"foi_nrPagesInDossier":74,"foi_publishedDate":"2024-04-23","foi_retrievedDate":"2026-03-14"},{"dc_creator":"HandelingScraper_v1","dc_date_year":2024,"dc_description":"Vergadering van de Gemeente Beekdaelen op 2024-04-23. Onderdeel: Voorstel inzake wijziging GR RUDZL.","dc_identifier":"nl.gm1954.2c.2024.2836919-7","dc_publisher":"gm1954","dc_source":"https://beekdaelen.bestuurlijkeinformatie.nl/Agenda/Index/f9070140-b250-4d5c-926f-2958aa931da5","dc_title":"Raadsvergadering 2024-04-23 - Voorstel inzake wijziging GR RUDZL","dc_type":"2c","dc_type_description":"Vergaderstuk decentrale overheid","foi_fairiscoreVersions":{"v1":2,"v2":2},"foi_files":[{"dc_format":"application/pdf","dc_identifier":"nl.gm1954.2c.2024.2836919-7.doc.2","dc_source":"https://api1.ibabs.eu/publicdownload.aspx?site=Beekdaelen&id=4a7c1c6e-2625-4271-a77e-eabab74af64e","dc_title":"Raadsbesluit inzake wijziging GR RUD ZL - vastgesteld 23-04-2024","dc_type":"bijlage","foi_fairiscoreVersions":{"v1":1,"v2":1},"foi_fileName":"Z%2F24%2F200426%20-%20356834%20-%20Raadsbesluit.pdf","foi_nrPages":1},{"dc_format":"application/pdf","dc_identifier":"nl.gm1954.2c.2024.2836919-7.doc.3","dc_source":"https://api1.ibabs.eu/publicdownload.aspx?site=Beekdaelen&id=2ec8ff59-8eba-4182-bd52-dc1519bfe761","dc_title":"Bijlage: Ontwerp wijzigingsbesluit GR RUD ZL","dc_type":"bijlage","foi_fairiscoreVersions":{"v1":1,"v2":1},"foi_fileName":"Z%2F24%2F200426%20-%20356876%20-%20Ontwerp%20wijzigingsbesluit%20GR%20RUD%20ZL.pdf","foi_nrPages":13},{"dc_format":"application/pdf","dc_identifier":"nl.gm1954.2c.2024.2836919-7.doc.4","dc_source":"https://api1.ibabs.eu/publicdownload.aspx?site=Beekdaelen&id=d6eb749e-53f0-42e0-9a71-0033bb60a309","dc_title":"Bijlage: Reactienota van van Boels Zanders Advocaten en Cooperaci\u00f3n","dc_type":"bijlage","foi_fairiscoreVersions":{"v1":2,"v2":2},"foi_fileName":"Z%2F24%2F200426%20-%20356877%20-%20Reactienota%20van%20van%20Boels%20Zanders%20Advocaten%20en%20Cooperaci%C3%B3n.pdf","foi_nrPages":36},{"dc_format":"application/pdf","dc_identifier":"nl.gm1954.2c.2024.2836919-7.doc.1","dc_source":"https://api1.ibabs.eu/publicdownload.aspx?site=Beekdaelen&id=e1ae1a4d-e4b5-43d0-a4d2-823da818e11c","dc_title":"Raadsvoorstel inzake wijziging GR RUD ZL","dc_type":"bijlage","foi_fairiscoreVersions":{"v1":1,"v2":1},"foi_fileName":"Z%2F24%2F200426%20-%20356879%20-%20Raadsvoorstel.pdf","foi_nrPages":3}],"foi_nrDocuments":4,"foi_nrPagesInDossier":53,"foi_publishedDate":"2024-04-23","foi_retrievedDate":"2025-11-30"},{"dc_creator":"HandelingScraper_v1","dc_date_year":2024,"dc_description":"Vergadering van de Gemeente Beekdaelen op 2024-04-23. Onderdeel: Voorstel inzake wijziging GR Stadsregio Parkstad Limburg.","dc_identifier":"nl.gm1954.2c.2024.2836919-8","dc_publisher":"gm1954","dc_source":"https://beekdaelen.bestuurlijkeinformatie.nl/Agenda/Index/f9070140-b250-4d5c-926f-2958aa931da5","dc_title":"Raadsvergadering 2024-04-23 - Voorstel inzake wijziging GR Stadsregio Parkstad Limburg","dc_type":"2c","dc_type_description":"Vergaderstuk decentrale overheid","foi_fairiscoreVersions":{"v1":1,"v2":1},"foi_files":[{"dc_format":"application/pdf","dc_identifier":"nl.gm1954.2c.2024.2836919-8.doc.2","dc_source":"https://api1.ibabs.eu/publicdownload.aspx?site=Beekdaelen&id=fd5e88a8-f3a7-4db0-be17-1e462e7f13dc","dc_title":"Raadsbesluit inzake wijziging GR Stadsregio Parkstad Limburg - vastgesteld 23-04-2024","dc_type":"bijlage","foi_fairiscoreVersions":{"v1":1,"v2":1},"foi_fileName":"359587_1.pdf","foi_nrPages":1},{"dc_format":"application/pdf","dc_identifier":"nl.gm1954.2c.2024.2836919-8.doc.3","dc_source":"https://api1.ibabs.eu/publicdownload.aspx?site=Beekdaelen&id=65f9f845-8d48-44fa-845b-96a7dd6a71dd","dc_title":"Gewijzigde versie GR Stadsregio Parkstad Limburg (ontwerpbesluit)","dc_type":"bijlage","foi_fairiscoreVersions":{"v1":1,"v2":1},"foi_fileName":"DB%2020231122%20Bijlage%201%20Schone%20versie%20Wijziging%20Gr%20Stadsregio%20Parkstad%20Limburg.pdf","foi_nrPages":20},{"dc_format":"application/pdf","dc_identifier":"nl.gm1954.2c.2024.2836919-8.doc.1","dc_source":"https://api1.ibabs.eu/publicdownload.aspx?site=Beekdaelen&id=ff064a05-1172-4528-afcd-d2b4b40a2448","dc_title":"Raadsvoorstel inzake wijziging GR Stadsregio Parkstad Limburg","dc_type":"bijlage","foi_fairiscoreVersions":{"v1":1,"v2":1},"foi_fileName":"Raadsvoorstel%20GR%20Parkstad.pdf","foi_nrPages":2}],"foi_nrDocuments":3,"foi_nrPagesInDossier":23,"foi_publishedDate":"2024-04-23","foi_retrievedDate":"2026-03-09"},{"dc_creator":"HandelingScraper_v1","dc_date_year":2024,"dc_description":"Vergadering van de Gemeente Beekdaelen op 2024-04-23. Onderdeel: Voorstel inzake wijziging GR BsGW.","dc_identifier":"nl.gm1954.2c.2024.2836919-9","dc_publisher":"gm1954","dc_source":"https://beekdaelen.bestuurlijkeinformatie.nl/Agenda/Index/f9070140-b250-4d5c-926f-2958aa931da5","dc_title":"Raadsvergadering 2024-04-23 - Voorstel inzake wijziging GR BsGW","dc_type":"2c","dc_type_description":"Vergaderstuk decentrale overheid","foi_fairiscoreVersions":{"v1":2,"v2":1},"foi_files":[{"dc_format":"application/pdf","dc_identifier":"nl.gm1954.2c.2024.2836919-9.doc.3","dc_source":"https://api1.ibabs.eu/publicdownload.aspx?site=Beekdaelen&id=d8bb0740-72ba-480c-a6b8-891d62c120ee","dc_title":"Bijlage 1: Geconsolideerde versie ontwerpbesluit GR BsGW versie 0.2","dc_type":"bijlage","foi_fairiscoreVersions":{"v1":1,"v2":1},"foi_fileName":"Geconsolideerde%20versie%20ontwerpbesluit%20GR%20BsGW%20versie%200.pdf","foi_nrPages":21},{"dc_format":"application/pdf","dc_identifier":"nl.gm1954.2c.2024.2836919-9.doc.4","dc_source":"https://api1.ibabs.eu/publicdownload.aspx?site=Beekdaelen&id=6d29d5e2-0cae-4ef5-b13b-9e7e8f8b6890","dc_title":"Bijlage 2: Ontwerpbesluit GR BsGW met zichtbare wijzigingen versie 0.2","dc_type":"bijlage","foi_fairiscoreVersions":{"v1":2,"v2":1},"foi_fileName":"Ontwerpbesluit%20GR%20BsGW%20met%20zichtbare%20wijzigingen%20versie%200.pdf","foi_nrPages":23},{"dc_format":"application/pdf","dc_identifier":"nl.gm1954.2c.2024.2836919-9.doc.5","dc_source":"https://api1.ibabs.eu/publicdownload.aspx?site=Beekdaelen&id=06cd6fc3-4378-47a4-8fc1-f93713fe3e4c","dc_title":"Bijlage 3: Reactienota Cooperacion/Boels Zanders advocaten","dc_type":"bijlage","foi_fairiscoreVersions":{"v1":1,"v2":1},"foi_fileName":"Z%2F24%2F199949%20-%20355891%20-%20documenten%20BsGW%20wijziging%20GR%20BsGW.pdf","foi_nrPages":3},{"dc_format":"application/pdf","dc_identifier":"nl.gm1954.2c.2024.2836919-9.doc.1","dc_source":"https://api1.ibabs.eu/publicdownload.aspx?site=Beekdaelen&id=63ae49c6-0b5c-4bbc-a14a-a8972a3938e8","dc_title":"Raadsvoorstel inzake wijziging GR BsGW","dc_type":"bijlage","foi_fairiscoreVersions":{"v1":1,"v2":1},"foi_fileName":"Z%2F24%2F199949%20-%20358027%20-%20raadsvoorstel%20wijziging%20GR%20BsGW.pdf","foi_nrPages":3},{"dc_format":"application/pdf","dc_identifier":"nl.gm1954.2c.2024.2836919-9.doc.2","dc_source":"https://api1.ibabs.eu/publicdownload.aspx?site=Beekdaelen&id=fe9f9299-d9ac-40f5-889e-90c143ac430b","dc_title":"Raadsbesluit inzake wijziging GR BsGW - vastgesteld 23-04-2024","dc_type":"bijlage","foi_fairiscoreVersions":{"v1":2,"v2":1},"foi_fileName":"Z%2F24%2F199949%20-%20358032%20-%20raadsbesluit%20wijziging%20GR%20BsGW.pdf","foi_nrPages":2}],"foi_nrDocuments":5,"foi_nrPagesInDossier":52,"foi_publishedDate":"2024-04-23","foi_retrievedDate":"2026-03-09"},{"dc_creator":"HandelingScraper_v1","dc_date_year":2024,"dc_description":"Vergadering van de Gemeente Beekdaelen op 2024-05-28. Onderdeel: Algemeen.","dc_identifier":"nl.gm1954.2c.2024.2837088-1","dc_publisher":"gm1954","dc_source":"https://beekdaelen.bestuurlijkeinformatie.nl/Agenda/Index/07f076d3-6a6b-4553-9522-53244e678f63","dc_title":"Raadscommissie Sociale Leefomgeving 2024-05-28 - Algemeen","dc_type":"2c","dc_type_description":"Vergaderstuk decentrale overheid","foi_fairiscoreVersions":{"v1":null,"v2":null},"foi_files":[{"dc_format":"application/pdf","dc_identifier":"nl.gm1954.2c.2024.2837088-1.doc.6","dc_source":"https://api1.ibabs.eu/publicdownload.aspx?site=Beekdaelen&id=2874c13e-8143-49ba-868d-43e43c371038","dc_title":"Technische vragen BL cie. SLO B1 B7 B8 B9 B10 en Rondvraag","dc_type":"bijlage","foi_fileName":"Technische%20vragen%20BL%20cie.pdf"},{"dc_format":"application/pdf","dc_identifier":"nl.gm1954.2c.2024.2837088-1.doc.4","dc_source":"https://api1.ibabs.eu/publicdownload.aspx?site=Beekdaelen&id=c477f435-aba5-44c1-adbe-aaa6da1ea92f","dc_title":"Technische vragen CDA cie. SLO B1 en B2","dc_type":"bijlage","foi_fileName":"Technische%20vragen%20CDA%20cie.pdf"},{"dc_format":"application/pdf","dc_identifier":"nl.gm1954.2c.2024.2837088-1.doc.5","dc_source":"https://api1.ibabs.eu/publicdownload.aspx?site=Beekdaelen&id=962c25b0-691a-46f6-a2c6-7a9cb6e6aa04","dc_title":"Technische vragen CDA cie. SLO B8","dc_type":"bijlage","foi_fileName":"Technische%20vragen%20CDA%20cie.pdf"},{"dc_format":"application/pdf","dc_identifier":"nl.gm1954.2c.2024.2837088-1.doc.1","dc_source":"https://api1.ibabs.eu/publicdownload.aspx?site=Beekdaelen&id=cd24aa47-c519-4df8-a147-cf0956b643c3","dc_title":"Technische vragen GL cie. SLO B2 en B3","dc_type":"bijlage","foi_fileName":"Technische%20vragen%20GL%20cie.pdf"},{"dc_format":"application/pdf","dc_identifier":"nl.gm1954.2c.2024.2837088-1.doc.3","dc_source":"https://api1.ibabs.eu/publicdownload.aspx?site=Beekdaelen&id=296fc697-475f-47a7-b496-6a6781930d28","dc_title":"Technische vragen Koll\u00e9e Rijkx cie. SLO B10","dc_type":"bijlage","foi_fileName":"Technische%20vragen%20Koll%C3%A9e%20Rijkx%20GL%20cie.pdf"},{"dc_format":"application/pdf","dc_identifier":"nl.gm1954.2c.2024.2837088-1.doc.2","dc_source":"https://api1.ibabs.eu/publicdownload.aspx?site=Beekdaelen&id=2984eccf-b227-4206-ade3-6a06aa081d29","dc_title":"Technische vragen VG cie. SLO B1 B3 B4 B6 B8 B9 B10 en Rondvraag","dc_type":"bijlage","foi_fileName":"Technische%20vragen%20VG%20cie.pdf"}],"foi_nrDocuments":6,"foi_nrPagesInDossier":0,"foi_publishedDate":"2024-05-28","foi_retrievedDate":"2025-11-30"},{"dc_creator":"HandelingScraper_v1","dc_date_year":2024,"dc_description":"Vergadering van de Gemeente Beekdaelen op 2024-05-28. Onderdeel: Raadsvoorstel inzake: Begroting 2025 en jaarstukken 2023 GGD Zuid-Limburg.","dc_identifier":"nl.gm1954.2c.2024.2837088-10","dc_publisher":"gm1954","dc_source":"https://beekdaelen.bestuurlijkeinformatie.nl/Agenda/Index/07f076d3-6a6b-4553-9522-53244e678f63","dc_title":"Raadscommissie Sociale Leefomgeving 2024-05-28 - Raadsvoorstel inzake: Begroting 2025 en jaarstukken 2023 GGD Zuid-Limburg","dc_type":"2c","dc_type_description":"Vergaderstuk decentrale overheid","foi_fairiscoreVersions":{"v1":2,"v2":2},"foi_files":[{"dc_format":"application/octet-stream","dc_identifier":"nl.gm1954.2c.2024.2837088-10.doc.13","dc_source":"https://api1.ibabs.eu/publicdownload.aspx?site=Beekdaelen&id=5427f6c8-0b8d-4ca2-badf-0dbd59a96b5a","dc_title":"B5 advies commissie en B6 advies commissie","dc_type":"bijlage","foi_fileName":"B5%20advies%20commissie%20en%20B6%20advies%20commissie.mp3","foi_nrPages":1},{"dc_format":"application/pdf","dc_identifier":"nl.gm1954.2c.2024.2837088-10.doc.12","dc_source":"https://api1.ibabs.eu/publicdownload.aspx?site=Beekdaelen&id=ad4857f6-a6cc-43b9-a69d-83d5ffb5a2c4","dc_title":"MvA VG B6","dc_type":"bijlage","foi_fairiscoreVersions":{"v1":1,"v2":1},"foi_fileName":"MvA%20VG%20B6.pdf","foi_nrPages":1},{"dc_format":"application/pdf","dc_identifier":"nl.gm1954.2c.2024.2837088-10.doc.3","dc_source":"https://api1.ibabs.eu/publicdownload.aspx?site=Beekdaelen&id=7e069915-15e4-4a84-889b-6287a87cfc69","dc_title":"Raadsbesluit inzake jaarrekening 2023 en begroting 2025 GGD Zuid Limburg - vastgesteld 11-06-2024","dc_type":"bijlage","foi_fairiscoreVersions":{"v1":1,"v2":1},"foi_fileName":"Raadsbesluit%20jaarrekening%202023%20en%20begroting%202025%20GGD%20Zuid%20Limburg.pdf","foi_nrPages":2},{"dc_format":"application/pdf","dc_identifier":"nl.gm1954.2c.2024.2837088-10.doc.1","dc_source":"https://api1.ibabs.eu/publicdownload.aspx?site=Beekdaelen&id=e1b4c49f-1200-493c-b1f4-caab443c833d","dc_title":"Raadsvoorstel inzake jaarrekening 2023 en begroting 2025 GGD Zuid Limburg","dc_type":"bijlage","foi_fairiscoreVersions":{"v1":1,"v2":1},"foi_fileName":"Raadsvoorstel%20jaarrekening%202023%20en%20begroting%202025%20GGD%20Zuid%20Limburg.pdf","foi_nrPages":6},{"dc_format":"application/pdf","dc_identifier":"nl.gm1954.2c.2024.2837088-10.doc.4","dc_source":"https://api1.ibabs.eu/publicdownload.aspx?site=Beekdaelen&id=d7edb5fa-e41a-4c19-9db3-88ebda2a8dbf","dc_title":"Bijlage: uitgaande brief bij raadsbesluit over begroting 2025","dc_type":"bijlage","foi_fairiscoreVersions":{"v1":2,"v2":2},"foi_fileName":"uitgaande%20brief%20met%20raadsbesluit%20over%20begroting%202025%20GGD.pdf","foi_nrPages":1},{"dc_format":"application/pdf","dc_identifier":"nl.gm1954.2c.2024.2837088-10.doc.6","dc_source":"https://api1.ibabs.eu/publicdownload.aspx?site=Beekdaelen&id=1d7bbd7b-1321-4d43-81f0-db649ca8f0f9","dc_title":"Bijlage: Begroting GGD 2025","dc_type":"bijlage","foi_fairiscoreVersions":{"v1":2,"v2":1},"foi_fileName":"Z%2F24%2F203657%20-%20362843%20-%20Begroting%20GGD%202025.pdf","foi_nrPages":33},{"dc_format":"application/pdf","dc_identifier":"nl.gm1954.2c.2024.2837088-10.doc.5","dc_source":"https://api1.ibabs.eu/publicdownload.aspx?site=Beekdaelen&id=b0b9392c-ba90-47a3-b194-40c087360959","dc_title":"Bijlage: Jaaroverzicht GGD Zuid Limburg 2023","dc_type":"bijlage","foi_fairiscoreVersions":{"v1":2,"v2":2},"foi_fileName":"Z%2F24%2F203657%20-%20362844%20-%20Jaaroverzicht%20GGD%20Zuid%20Limburg%202023.pdf","foi_nrPages":59},{"dc_format":"application/pdf","dc_identifier":"nl.gm1954.2c.2024.2837088-10.doc.2","dc_source":"https://api1.ibabs.eu/publicdownload.aspx?site=Beekdaelen&id=edad6fa4-772e-4c38-b451-1b2427f4dde1","dc_title":"Bijlage: aanbiedingsbrief begroting 2025 en jaarstukken 2023 GGD Zuid-Limburg","dc_type":"bijlage","foi_fairiscoreVersions":{"v1":2,"v2":2},"foi_fileName":"Z%2F24%2F203657%20-%20362845%20-%20aanbiedingsbrief%20begroting%202025%20en%20jaarstukken%202023%20GGD%20Zuid-Limburg.pdf","foi_nrPages":2},{"dc_format":"application/pdf","dc_identifier":"nl.gm1954.2c.2024.2837088-10.doc.8","dc_source":"https://api1.ibabs.eu/publicdownload.aspx?site=Beekdaelen&id=9c730c41-8d2d-40c2-b75a-1857bc7c5a00","dc_title":"Bijlage: Bijdrage programma GGD 2025","dc_type":"bijlage","foi_fairiscoreVersions":{"v1":1,"v2":1},"foi_fileName":"Z%2F24%2F203657%20-%20362846%20-%20Berekening%20bijdrage%20programma%20GGD%202025.pdf","foi_nrPages":1},{"dc_format":"application/pdf","dc_identifier":"nl.gm1954.2c.2024.2837088-10.doc.9","dc_source":"https://api1.ibabs.eu/publicdownload.aspx?site=Beekdaelen&id=cef39181-e87b-414d-8d6e-0eb564477cb7","dc_title":"Bijlage: Bijdrage Veilig Thuis 2025","dc_type":"bijlage","foi_fairiscoreVersions":{"v1":1,"v2":1},"foi_fileName":"Z%2F24%2F203657%20-%20362848%20-%20Berekening%20bijdrage%20Veilig%20Thuis%202025.pdf","foi_nrPages":2},{"dc_format":"application/pdf","dc_identifier":"nl.gm1954.2c.2024.2837088-10.doc.10","dc_source":"https://api1.ibabs.eu/publicdownload.aspx?site=Beekdaelen&id=bbcdd25c-478f-46a5-86ba-570da9559426","dc_title":"Bijlage: Bijdrage JGZ 2025","dc_type":"bijlage","foi_fairiscoreVersions":{"v1":1,"v2":1},"foi_fileName":"Z%2F24%2F203657%20-%20362849%20-%20Berekening%20bijdrage%20JGZ%202025.pdf","foi_nrPages":1},{"dc_format":"application/pdf","dc_identifier":"nl.gm1954.2c.2024.2837088-10.doc.11","dc_source":"https://api1.ibabs.eu/publicdownload.aspx?site=Beekdaelen&id=ebf96f09-a29d-40ea-8a23-4db8db796ab6","dc_title":"Bijlage: Voorschot RVP 2025","dc_type":"bijlage","foi_fairiscoreVersions":{"v1":1,"v2":1},"foi_fileName":"Z%2F24%2F203657%20-%20362850%20-%20Voorschot%20RVP%202025.pdf","foi_nrPages":1},{"dc_format":"application/pdf","dc_identifier":"nl.gm1954.2c.2024.2837088-10.doc.7","dc_source":"https://api1.ibabs.eu/publicdownload.aspx?site=Beekdaelen&id=a0d84b4e-1ef1-4a9a-86d5-282ef0780de9","dc_title":"Bijlage: Bijdrage gemeenten begroting 2025 GGD ZL programma GGD per onderdeel","dc_type":"bijlage","foi_fairiscoreVersions":{"v1":1,"v2":1},"foi_fileName":"Z%2F24%2F203657%20-%20362862%20-%20Bijdrage%20gemeenten%20begroting%202025%20GGD%20ZL%20programma%20GGD%20per%20onderdeel.pdf","foi_nrPages":1}],"foi_nrDocuments":13,"foi_nrPagesInDossier":111,"foi_publishedDate":"2024-05-28","foi_retrievedDate":"2025-12-05"},{"dc_creator":"HandelingScraper_v1","dc_date_year":2024,"dc_description":"Vergadering van de Gemeente Beekdaelen op 2024-05-28. Onderdeel: Raadsvoorstel inzake: Regiovisie 2024-2031 Aanpak Geweld in afhankelijkheidsrelaties Zuid-Limburg 'Samen sterk, iedereen veilig'.","dc_identifier":"nl.gm1954.2c.2024.2837088-12","dc_publisher":"gm1954","dc_source":"https://beekdaelen.bestuurlijkeinformatie.nl/Agenda/Index/07f076d3-6a6b-4553-9522-53244e678f63","dc_title":"Raadscommissie Sociale Leefomgeving 2024-05-28 - Raadsvoorstel inzake: Regiovisie 2024-2031 Aanpak Geweld in afhankelijkheidsrelaties Zuid-Limburg 'Samen sterk, iedereen veilig'","dc_type":"2c","dc_type_description":"Vergaderstuk decentrale overheid","foi_fairiscoreVersions":{"v1":2,"v2":1},"foi_files":[{"dc_format":"application/octet-stream","dc_identifier":"nl.gm1954.2c.2024.2837088-12.doc.11","dc_source":"https://api1.ibabs.eu/publicdownload.aspx?site=Beekdaelen&id=ec5784fb-7927-4d00-af21-15c878a4f57d","dc_title":"B8 1e termijn","dc_type":"bijlage","foi_fileName":"B8%201e%20termijn.mp3"},{"dc_format":"application/octet-stream","dc_identifier":"nl.gm1954.2c.2024.2837088-12.doc.13","dc_source":"https://api1.ibabs.eu/publicdownload.aspx?site=Beekdaelen&id=f3cf242f-c579-48e0-a1fa-7add043f8710","dc_title":"B8 2e termijn","dc_type":"bijlage","foi_fileName":"B8%202e%20termijn.mp3"},{"dc_format":"application/octet-stream","dc_identifier":"nl.gm1954.2c.2024.2837088-12.doc.12","dc_source":"https://api1.ibabs.eu/publicdownload.aspx?site=Beekdaelen&id=7d447177-595e-42d3-8fab-3af608dd2b86","dc_title":"B8 beantwoording 1e termijn","dc_type":"bijlage","foi_fileName":"B8%20beantwoording%201e%20termijn.mp3"},{"dc_format":"application/octet-stream","dc_identifier":"nl.gm1954.2c.2024.2837088-12.doc.14","dc_source":"https://api1.ibabs.eu/publicdownload.aspx?site=Beekdaelen&id=3d294ccc-53f3-48b3-9ef3-f5f55acb2a20","dc_title":"B8 beantwoording 2e termijn","dc_type":"bijlage","foi_fileName":"B8%20beantwoording%202e%20termijn.mp3"},{"dc_format":"application/octet-stream","dc_identifier":"nl.gm1954.2c.2024.2837088-12.doc.15","dc_source":"https://api1.ibabs.eu/publicdownload.aspx?site=Beekdaelen&id=510f2d67-7a69-4d38-91ef-9c9f95a6f671","dc_title":"B9, B8 \u00e9n B9 advies commissie, en Rondvraag I","dc_type":"bijlage","foi_fileName":"B9_%20B8%20%C3%A9n%20B9%20advies%20commissie_%20en%20Rondvraag%20I.mp3"},{"dc_format":"application/pdf","dc_identifier":"nl.gm1954.2c.2024.2837088-12.doc.8","dc_source":"https://api1.ibabs.eu/publicdownload.aspx?site=Beekdaelen&id=df43e463-dcb0-4bf0-aa45-920c375bad73","dc_title":"BL- Memorie van Antwoord technische voorvragen commissie SLO-GIA","dc_type":"bijlage","foi_fairiscoreVersions":{"v1":1,"v2":1},"foi_fileName":"BL-%20Memorie%20van%20Antwoord%20technische%20voorvragen%20commissie%20SLO-GIA.pdf","foi_nrPages":2},{"dc_format":"application/pdf","dc_identifier":"nl.gm1954.2c.2024.2837088-12.doc.9","dc_source":"https://api1.ibabs.eu/publicdownload.aspx?site=Beekdaelen&id=dbed2a1e-0743-46ba-99b4-8c4da615d760","dc_title":"CDA-Memorie van Antwoord technische voorvragen commissie SLO-GIA","dc_type":"bijlage","foi_fairiscoreVersions":{"v1":1,"v2":1},"foi_fileName":"CDA-Memorie%20van%20Antwoord%20technische%20voorvragen%20commissie%20SLO-GIA.pdf","foi_nrPages":2},{"dc_format":"application/pdf","dc_identifier":"nl.gm1954.2c.2024.2837088-12.doc.10","dc_source":"https://api1.ibabs.eu/publicdownload.aspx?site=Beekdaelen&id=df3ee1e9-ce93-40f5-8d8c-7cff8ed2a9e3","dc_title":"VG- Memorie van Antwoord technische voorvragen commissie SLO-GIA","dc_type":"bijlage","foi_fairiscoreVersions":{"v1":1,"v2":1},"foi_fileName":"VG-%20Memorie%20van%20Antwoord%20technische%20voorvragen%20commissie%20SLO-GIA.pdf","foi_nrPages":2},{"dc_format":"application/pdf","dc_identifier":"nl.gm1954.2c.2024.2837088-12.doc.1","dc_source":"https://api1.ibabs.eu/publicdownload.aspx?site=Beekdaelen&id=2dc20210-23f7-47b7-87ea-bd3fa87f9468","dc_title":"Raadsvoorstel Regiovisie 2024-2031 Aanpak geweld in afhankelijkheidsrelaties Zuid-Limburg 'Samen sterk, iedereen veilig'","dc_type":"bijlage","foi_fairiscoreVersions":{"v1":1,"v2":1},"foi_fileName":"Z%2F24%2F203311%20-%20362172.pdf","foi_nrPages":6},{"dc_format":"application/pdf","dc_identifier":"nl.gm1954.2c.2024.2837088-12.doc.2","dc_source":"https://api1.ibabs.eu/publicdownload.aspx?site=Beekdaelen&id=7a183d4d-d67d-4e10-857d-b40ffd93d18e","dc_title":"Bijlage 1: Concept Raadsbesluit Regiovisie 2024-2031 Aanpak geweld in afhankelijkheidsrelaties Zuid-Limburg \u2018Samen sterk, iedereen veilig.\u2019","dc_type":"bijlage","foi_fairiscoreVersions":{"v1":1,"v2":1},"foi_fileName":"Z%2F24%2F203311%20-%20362172.pdf","foi_nrPages":1},{"dc_format":"application/pdf","dc_identifier":"nl.gm1954.2c.2024.2837088-12.doc.3","dc_source":"https://api1.ibabs.eu/publicdownload.aspx?site=Beekdaelen&id=9e891343-7a78-4b40-8bb0-9fefe5778bff","dc_title":"Bijlage 2: Regiovisie 2024-2031 Aanpak geweld in afhankelijkheidsrelaties Zuid-Limburg \u2018Samen sterk, iedereen veilig.\u2019","dc_type":"bijlage","foi_fairiscoreVersions":{"v1":2,"v2":1},"foi_fileName":"Z%2F24%2F203311%20-%20362172.pdf","foi_nrPages":76},{"dc_format":"application/pdf","dc_identifier":"nl.gm1954.2c.2024.2837088-12.doc.4","dc_source":"https://api1.ibabs.eu/publicdownload.aspx?site=Beekdaelen&id=2b2e8213-1e5d-4f13-8346-d5b5fa11ac19","dc_title":"Bijlage 3: Samenvatting Regiovisie 2024-2031 Aanpak geweld in afhankelijkheidsrelaties Zuid-Limburg \u2018Samen sterk, iedereen veilig.\u2019","dc_type":"bijlage","foi_fairiscoreVersions":{"v1":2,"v2":1},"foi_fileName":"Z%2F24%2F203311%20-%20362172.pdf","foi_nrPages":10},{"dc_format":"application/pdf","dc_identifier":"nl.gm1954.2c.2024.2837088-12.doc.5","dc_source":"https://api1.ibabs.eu/publicdownload.aspx?site=Beekdaelen&id=330e626c-1564-475c-8093-e9d6c4bf4d7b","dc_title":"Bijlage 4: Brief van de commissie Zorg en Veiligheid","dc_type":"bijlage","foi_fairiscoreVersions":{"v1":1,"v2":1},"foi_fileName":"Z%2F24%2F203311%20-%20362172.pdf","foi_nrPages":2},{"dc_format":"application/pdf","dc_identifier":"nl.gm1954.2c.2024.2837088-12.doc.6","dc_source":"https://api1.ibabs.eu/publicdownload.aspx?site=Beekdaelen&id=25577f34-c664-4101-a59e-6f27e5911073","dc_title":"Bijlage 5: Advies omtrent Regiovisie GIA door Adviesorgaan Sociaal Domein Beekdaelen","dc_type":"bijlage","foi_fairiscoreVersions":{"v1":1,"v2":1},"foi_fileName":"Z%2F24%2F203311%20-%20362172.pdf","foi_nrPages":4},{"dc_format":"application/pdf","dc_identifier":"nl.gm1954.2c.2024.2837088-12.doc.7","dc_source":"https://api1.ibabs.eu/publicdownload.aspx?site=Beekdaelen&id=f2a10186-4947-4581-9190-461448b3d9dd","dc_title":"Bijlage 6: Beantwoording van het advies omtrent Regiovisie GIA door Adviesorgaan Sociaal Domein Beekdaelen","dc_type":"bijlage","foi_fairiscoreVersions":{"v1":1,"v2":1},"foi_fileName":"Z%2F24%2F203311%20-%20362172.pdf","foi_nrPages":2}],"foi_nrDocuments":15,"foi_nrPagesInDossier":107,"foi_publishedDate":"2024-05-28","foi_retrievedDate":"2025-12-03"},{"dc_creator":"HandelingScraper_v1","dc_date_year":2024,"dc_description":"Vergadering van de Gemeente Beekdaelen op 2024-05-28. Onderdeel: Raadsvoorstel inzake: Regionaal Beleidskader Jeugdhulp 2024-2028 Zuid-Limburg.","dc_identifier":"nl.gm1954.2c.2024.2837088-13","dc_publisher":"gm1954","dc_source":"https://beekdaelen.bestuurlijkeinformatie.nl/Agenda/Index/07f076d3-6a6b-4553-9522-53244e678f63","dc_title":"Raadscommissie Sociale Leefomgeving 2024-05-28 - Raadsvoorstel inzake: Regionaal Beleidskader Jeugdhulp 2024-2028 Zuid-Limburg","dc_type":"2c","dc_type_description":"Vergaderstuk decentrale overheid","foi_fairiscoreVersions":{"v1":2,"v2":1},"foi_files":[{"dc_format":"application/octet-stream","dc_identifier":"nl.gm1954.2c.2024.2837088-13.doc.15","dc_source":"https://api1.ibabs.eu/publicdownload.aspx?site=Beekdaelen&id=bb887899-1bb7-4087-b180-ecce63263c84","dc_title":"B9, B8 \u00e9n B9 advies commissie, en Rondvraag I","dc_type":"bijlage","foi_fileName":"B9_%20B8%20%C3%A9n%20B9%20advies%20commissie_%20en%20Rondvraag%20I.mp3"},{"dc_format":"application/pdf","dc_identifier":"nl.gm1954.2c.2024.2837088-13.doc.13","dc_source":"https://api1.ibabs.eu/publicdownload.aspx?site=Beekdaelen&id=2ca7382c-9803-454e-8ebc-4315397f72aa","dc_title":"BL- Memorie van Antwoord technische voorvragen commissie -Regionaal Beleidskader Jeugdhulp","dc_type":"bijlage","foi_fairiscoreVersions":{"v1":1,"v2":1},"foi_fileName":"BL-%20Memorie%20van%20Antwoord%20technische%20voorvragen%20commissie%20-Regionaal%20Beleidskader%20Jeugdhulp.pdf","foi_nrPages":3},{"dc_format":"application/pdf","dc_identifier":"nl.gm1954.2c.2024.2837088-13.doc.14","dc_source":"https://api1.ibabs.eu/publicdownload.aspx?site=Beekdaelen&id=c7b053de-0b12-4eda-8843-15bf402c2419","dc_title":"VG- Memorie van Antwoord technische voorvragen commissie SLO-Regionaal Beleidskader Jeugdhulp","dc_type":"bijlage","foi_fairiscoreVersions":{"v1":1,"v2":1},"foi_fileName":"VG-Memorie%20van%20Antwoord%20technische%20voorvragen%20commissie%20SLO-Regionaal%20Beleidskader%20Jeugdhulp.pdf","foi_nrPages":1},{"dc_format":"application/pdf","dc_identifier":"nl.gm1954.2c.2024.2837088-13.doc.2","dc_source":"https://api1.ibabs.eu/publicdownload.aspx?site=Beekdaelen&id=bc896675-ca87-4df4-87a5-21781d715087","dc_title":"Bijlage 1: Concept Raadsbesluit Regionaal Beleidskader Jeugdhulp 2024-2028","dc_type":"bijlage","foi_fairiscoreVersions":{"v1":1,"v2":1},"foi_fileName":"Z%2F23%2F191639%20-%20350093.pdf","foi_nrPages":1},{"dc_format":"application/pdf","dc_identifier":"nl.gm1954.2c.2024.2837088-13.doc.3","dc_source":"https://api1.ibabs.eu/publicdownload.aspx?site=Beekdaelen&id=d4f18b82-f0df-4336-863a-40057a871ffe","dc_title":"Bijlage 2: Regionaal Beleidskader Jeugdhulp 2024-2028","dc_type":"bijlage","foi_fairiscoreVersions":{"v1":2,"v2":1},"foi_fileName":"Z%2F23%2F191639%20-%20350093.pdf","foi_nrPages":30},{"dc_format":"application/pdf","dc_identifier":"nl.gm1954.2c.2024.2837088-13.doc.4","dc_source":"https://api1.ibabs.eu/publicdownload.aspx?site=Beekdaelen&id=387a9f7f-970f-40b7-bf7e-f46699208378","dc_title":"Bijlage 3: Advies van Adviesorgaan Sociaal Domein Beekdaelen m.b.t. Regionaal Beleidskader","dc_type":"bijlage","foi_fairiscoreVersions":{"v1":1,"v2":1},"foi_fileName":"Z%2F23%2F191639%20-%20350093.pdf","foi_nrPages":5},{"dc_format":"application/pdf","dc_identifier":"nl.gm1954.2c.2024.2837088-13.doc.5","dc_source":"https://api1.ibabs.eu/publicdownload.aspx?site=Beekdaelen&id=8e3250cd-8198-40a8-b81e-0eb2d225088c","dc_title":"Bijlage 4: Beantwoording advies van Adviesorgaan Sociaal Domein Beekdaelen m.b.t. het Regionaal Beleidskader","dc_type":"bijlage","foi_fairiscoreVersions":{"v1":1,"v2":1},"foi_fileName":"Z%2F23%2F191639%20-%20350093.pdf","foi_nrPages":43},{"dc_format":"application/pdf","dc_identifier":"nl.gm1954.2c.2024.2837088-13.doc.6","dc_source":"https://api1.ibabs.eu/publicdownload.aspx?site=Beekdaelen&id=e12e8c3a-c83a-4973-8fa8-5be2e0b13090","dc_title":"Bijlage 5: Koersdocument Jeugdhulp Beekdaelen 2023-2024","dc_type":"bijlage","foi_fairiscoreVersions":{"v1":2,"v2":1},"foi_fileName":"Z%2F23%2F191639%20-%20350093.pdf","foi_nrPages":23},{"dc_format":"application/pdf","dc_identifier":"nl.gm1954.2c.2024.2837088-13.doc.7","dc_source":"https://api1.ibabs.eu/publicdownload.aspx?site=Beekdaelen&id=ca17fc28-b795-4d1d-b604-d566466b61c8","dc_title":"Bijlage 6: Advies van Adviesorgaan Sociaal Domein Beekdaelen m.b.t. het Koersdocument Jeugdhulp Beekdaelen 2023-2024","dc_type":"bijlage","foi_fairiscoreVersions":{"v1":1,"v2":1},"foi_fileName":"Z%2F23%2F191639%20-%20350093.pdf","foi_nrPages":4},{"dc_format":"application/pdf","dc_identifier":"nl.gm1954.2c.2024.2837088-13.doc.8","dc_source":"https://api1.ibabs.eu/publicdownload.aspx?site=Beekdaelen&id=8d051c5b-9970-4751-9e10-791bd55b8a0f","dc_title":"Bijlage 7: Beantwoording advies van Adviesorgaan Sociaal Domein Beekdaelen m.b.t. het Koersdocument Jeugdhulp Beekdaelen 2023-2024.","dc_type":"bijlage","foi_fairiscoreVersions":{"v1":1,"v2":1},"foi_fileName":"Z%2F23%2F191639%20-%20350093.pdf","foi_nrPages":3},{"dc_format":"application/pdf","dc_identifier":"nl.gm1954.2c.2024.2837088-13.doc.9","dc_source":"https://api1.ibabs.eu/publicdownload.aspx?site=Beekdaelen&id=99552994-ec81-4213-8108-5eefd8c6ef4f","dc_title":"Bijlage 8: Regiovisie op de Governance 2024-2028 Jeugdhulp Zuid-Limburg","dc_type":"bijlage","foi_fairiscoreVersions":{"v1":2,"v2":1},"foi_fileName":"Z%2F23%2F191639%20-%20350093.pdf","foi_nrPages":20},{"dc_format":"application/pdf","dc_identifier":"nl.gm1954.2c.2024.2837088-13.doc.10","dc_source":"https://api1.ibabs.eu/publicdownload.aspx?site=Beekdaelen&id=e09ca4e5-3193-487d-845a-aa46baa5d4a1","dc_title":"Bijlage 9: Service Level Agreement 2024-2028 Jeugdhulp Zuid-Limburg","dc_type":"bijlage","foi_fairiscoreVersions":{"v1":2,"v2":1},"foi_fileName":"Z%2F23%2F191639%20-%20350093.pdf","foi_nrPages":27},{"dc_format":"application/pdf","dc_identifier":"nl.gm1954.2c.2024.2837088-13.doc.11","dc_source":"https://api1.ibabs.eu/publicdownload.aspx?site=Beekdaelen&id=893088db-69b8-427b-be2d-f1c9247ec3aa","dc_title":"Bijlage 10: Uitvoeringsplan 2024 Verwerving-inkoop Jeugdhulp Zuid-Limburg","dc_type":"bijlage","foi_fairiscoreVersions":{"v1":2,"v2":1},"foi_fileName":"Z%2F23%2F191639%20-%20350093.pdf","foi_nrPages":12},{"dc_format":"application/pdf","dc_identifier":"nl.gm1954.2c.2024.2837088-13.doc.12","dc_source":"https://api1.ibabs.eu/publicdownload.aspx?site=Beekdaelen&id=25f5267c-4326-4719-a72c-0149e55ccc68","dc_title":"Bijlage 11: Uitvoeringsplan 2024 Beleid Jeugdhulp Zuid-Limburg","dc_type":"bijlage","foi_fairiscoreVersions":{"v1":1,"v2":1},"foi_fileName":"Z%2F23%2F191639%20-%20350093.pdf","foi_nrPages":3},{"dc_format":"application/pdf","dc_identifier":"nl.gm1954.2c.2024.2837088-13.doc.1","dc_source":"https://api1.ibabs.eu/publicdownload.aspx?site=Beekdaelen&id=9a6d3547-c8bc-4112-bd67-ebc69808dd9c","dc_title":"Raadsvoorstel Regionaal Beleidskader 2024-2028","dc_type":"bijlage","foi_fairiscoreVersions":{"v1":1,"v2":1},"foi_fileName":"Z%2F23%2F191639%20-%20350118%20-%20Raadsvoorstel%20Regionaal%20Beleidskader%202024-2028.pdf","foi_nrPages":7}],"foi_nrDocuments":15,"foi_nrPagesInDossier":182,"foi_publishedDate":"2024-05-28","foi_retrievedDate":"2026-02-12"},{"dc_creator":"HandelingScraper_v1","dc_date_year":2024,"dc_description":"Vergadering van de Gemeente Beekdaelen op 2024-05-28. Onderdeel: Rondvraag Sociale Leefomgeving.","dc_identifier":"nl.gm1954.2c.2024.2837088-15","dc_publisher":"gm1954","dc_source":"https://beekdaelen.bestuurlijkeinformatie.nl/Agenda/Index/07f076d3-6a6b-4553-9522-53244e678f63","dc_title":"Raadscommissie Sociale Leefomgeving 2024-05-28 - Rondvraag Sociale Leefomgeving","dc_type":"2c","dc_type_description":"Vergaderstuk decentrale overheid","foi_fairiscoreVersions":{"v1":1,"v2":1},"foi_files":[{"dc_format":"application/octet-stream","dc_identifier":"nl.gm1954.2c.2024.2837088-15.doc.3","dc_source":"https://api1.ibabs.eu/publicdownload.aspx?site=Beekdaelen&id=a6024482-c4f7-4f2f-a75f-783a26d6dc56","dc_title":"B9, B8 \u00e9n B9 advies commissie, en Rondvraag I","dc_type":"bijlage","foi_fileName":"B9_%20B8%20%C3%A9n%20B9%20advies%20commissie_%20en%20Rondvraag%20I.mp3"},{"dc_format":"application/pdf","dc_identifier":"nl.gm1954.2c.2024.2837088-15.doc.1","dc_source":"https://api1.ibabs.eu/publicdownload.aspx?site=Beekdaelen&id=165f57c2-0518-4920-a8a6-ec9004afbd2b","dc_title":"Memorie van Antwoord rondvraag - Vernieuwingsgroep","dc_type":"bijlage","foi_fairiscoreVersions":{"v1":1,"v2":1},"foi_fileName":"Memorie%20van%20Antwoord%20rondvraag%20-%20Vernieuwingsgroep.pdf","foi_nrPages":2},{"dc_format":"application/pdf","dc_identifier":"nl.gm1954.2c.2024.2837088-15.doc.2","dc_source":"https://api1.ibabs.eu/publicdownload.aspx?site=Beekdaelen&id=a20d8e88-5351-4c83-89d5-2a82e528e5fc","dc_title":"MvA rondvraag BL - Kinderraad","dc_type":"bijlage","foi_fairiscoreVersions":{"v1":1,"v2":1},"foi_fileName":"MvA%20technische%20voorvragen%20rondvraag%20BL%20-%20Kinderraad.pdf","foi_nrPages":3},{"dc_format":"application/octet-stream","dc_identifier":"nl.gm1954.2c.2024.2837088-15.doc.4","dc_source":"https://api1.ibabs.eu/publicdownload.aspx?site=Beekdaelen&id=27b7d44f-329a-4503-8718-598ee1d27682","dc_title":"Rondvraag beantwoording","dc_type":"bijlage","foi_fileName":"Rondvraag%20beantwoording.mp3"}],"foi_nrDocuments":4,"foi_nrPagesInDossier":5,"foi_publishedDate":"2024-05-28","foi_retrievedDate":"2026-03-04"},{"dc_creator":"HandelingScraper_v1","dc_date_year":2024,"dc_description":"Vergadering van de Gemeente Beekdaelen op 2024-05-28. Onderdeel: Opening, mededelingen voorzitter en vaststellen agenda.","dc_identifier":"nl.gm1954.2c.2024.2837088-2","dc_publisher":"gm1954","dc_source":"https://beekdaelen.bestuurlijkeinformatie.nl/Agenda/Index/07f076d3-6a6b-4553-9522-53244e678f63","dc_title":"Raadscommissie Sociale Leefomgeving 2024-05-28 - Opening, mededelingen voorzitter en vaststellen agenda","dc_type":"2c","dc_type_description":"Vergaderstuk decentrale overheid","foi_fairiscoreVersions":{"v1":1,"v2":1},"foi_files":[{"dc_format":"application/octet-stream","dc_identifier":"nl.gm1954.2c.2024.2837088-2.doc.2","dc_source":"https://api1.ibabs.eu/publicdownload.aspx?site=Beekdaelen&id=071eb161-3ec3-45b2-8f92-5c7ec39cb1e8","dc_title":"A1","dc_type":"bijlage","foi_fileName":"A1.mp3"},{"dc_format":"application/pdf","dc_identifier":"nl.gm1954.2c.2024.2837088-2.doc.1","dc_source":"https://api1.ibabs.eu/publicdownload.aspx?site=Beekdaelen&id=938a9341-a3c9-46ec-a0f4-1c429e0d5d8f","dc_title":"Concept uitnodiging en agenda cie. Sociale Leefomgeving 28052024","dc_type":"bijlage","foi_fairiscoreVersions":{"v1":1,"v2":1},"foi_fileName":"Concept%20uitnodiging%20en%20agenda%20cie.pdf","foi_nrPages":2}],"foi_nrDocuments":2,"foi_nrPagesInDossier":2,"foi_publishedDate":"2024-05-28","foi_retrievedDate":"2026-03-03"},{"dc_creator":"HandelingScraper_v1","dc_date_year":2024,"dc_description":"Vergadering van de Gemeente Beekdaelen op 2024-05-28. Onderdeel: Spreekrecht burgers.","dc_identifier":"nl.gm1954.2c.2024.2837088-3","dc_publisher":"gm1954","dc_source":"https://beekdaelen.bestuurlijkeinformatie.nl/Agenda/Index/07f076d3-6a6b-4553-9522-53244e678f63","dc_title":"Raadscommissie Sociale Leefomgeving 2024-05-28 - Spreekrecht burgers","dc_type":"2c","dc_type_description":"Vergaderstuk decentrale overheid","foi_fairiscoreVersions":{"v1":null,"v2":null},"foi_files":[{"dc_format":"application/octet-stream","dc_identifier":"nl.gm1954.2c.2024.2837088-3.doc.1","dc_source":"https://api1.ibabs.eu/publicdownload.aspx?site=Beekdaelen&id=c76fe4ef-cc86-4d5a-a147-70a42327f0f4","dc_title":"A2","dc_type":"bijlage","foi_fileName":"A2.mp3"}],"foi_nrDocuments":1,"foi_nrPagesInDossier":0,"foi_publishedDate":"2024-05-28","foi_retrievedDate":"2026-03-05"},{"dc_creator":"HandelingScraper_v1","dc_date_year":2024,"dc_description":"Vergadering van de Gemeente Beekdaelen op 2024-05-28. Onderdeel: Vaststellen actiepuntenlijst van de raadscommissie Sociale Leefomgeving d.d. 04.12.2023.","dc_identifier":"nl.gm1954.2c.2024.2837088-4","dc_publisher":"gm1954","dc_source":"https://beekdaelen.bestuurlijkeinformatie.nl/Agenda/Index/07f076d3-6a6b-4553-9522-53244e678f63","dc_title":"Raadscommissie Sociale Leefomgeving 2024-05-28 - Vaststellen actiepuntenlijst van de raadscommissie Sociale Leefomgeving d.d. 04.12.2023","dc_type":"2c","dc_type_description":"Vergaderstuk decentrale overheid","foi_fairiscoreVersions":{"v1":1,"v2":1},"foi_files":[{"dc_format":"application/octet-stream","dc_identifier":"nl.gm1954.2c.2024.2837088-4.doc.2","dc_source":"https://api1.ibabs.eu/publicdownload.aspx?site=Beekdaelen&id=b6490b23-dea5-4b36-b273-bcfaeed2d0b9","dc_title":"A3","dc_type":"bijlage","foi_fileName":"A3.mp3","foi_nrPages":1},{"dc_format":"application/pdf","dc_identifier":"nl.gm1954.2c.2024.2837088-4.doc.1","dc_source":"https://api1.ibabs.eu/publicdownload.aspx?site=Beekdaelen&id=f6b05679-ed83-4b52-bdbf-47b32730a89c","dc_title":"Actiepuntenlijst 04.12.2023","dc_type":"bijlage","foi_fairiscoreVersions":{"v1":1,"v2":1},"foi_fileName":"Actiepuntenlijst.pdf","foi_nrPages":8}],"foi_nrDocuments":2,"foi_nrPagesInDossier":9,"foi_publishedDate":"2024-05-28","foi_retrievedDate":"2025-12-07"},{"dc_creator":"HandelingScraper_v1","dc_date_year":2024,"dc_description":"Vergadering van de Gemeente Beekdaelen op 2024-05-28. Onderdeel: Raadsvoorstel inzake: Integraal kindcentrum Merkelbeek - tijdelijke huisvesting.","dc_identifier":"nl.gm1954.2c.2024.2837088-5","dc_publisher":"gm1954","dc_source":"https://beekdaelen.bestuurlijkeinformatie.nl/Agenda/Index/07f076d3-6a6b-4553-9522-53244e678f63","dc_title":"Raadscommissie Sociale Leefomgeving 2024-05-28 - Raadsvoorstel inzake: Integraal kindcentrum Merkelbeek - tijdelijke huisvesting","dc_type":"2c","dc_type_description":"Vergaderstuk decentrale overheid","foi_fairiscoreVersions":{"v1":2,"v2":2},"foi_files":[{"dc_format":"application/octet-stream","dc_identifier":"nl.gm1954.2c.2024.2837088-5.doc.9","dc_source":"https://api1.ibabs.eu/publicdownload.aspx?site=Beekdaelen&id=4750e54f-c36a-4b30-882d-9dd2185797f3","dc_title":"B1 1e termijn","dc_type":"bijlage","foi_fileName":"B1%201e%20termijn.mp3"},{"dc_format":"application/octet-stream","dc_identifier":"nl.gm1954.2c.2024.2837088-5.doc.12","dc_source":"https://api1.ibabs.eu/publicdownload.aspx?site=Beekdaelen&id=d142985b-7b8f-40d5-9fd2-ac2578ec43f4","dc_title":"B1 2e termijn","dc_type":"bijlage","foi_fileName":"B1%202e%20termijn.mp3"},{"dc_format":"application/octet-stream","dc_identifier":"nl.gm1954.2c.2024.2837088-5.doc.10","dc_source":"https://api1.ibabs.eu/publicdownload.aspx?site=Beekdaelen&id=2c244ff2-a0be-4af3-b2ec-8390793757fa","dc_title":"B1 beantwoording 1e termijn I","dc_type":"bijlage","foi_fileName":"B1%20beantwoording%201e%20termijn%20I.mp3"},{"dc_format":"application/octet-stream","dc_identifier":"nl.gm1954.2c.2024.2837088-5.doc.11","dc_source":"https://api1.ibabs.eu/publicdownload.aspx?site=Beekdaelen&id=20eb256a-1e40-4ab0-b897-04cb983697dc","dc_title":"B1 beantwoording 1e termijn II","dc_type":"bijlage","foi_fileName":"B1%20beantwoording%201e%20termijn%20II.mp3"},{"dc_format":"application/octet-stream","dc_identifier":"nl.gm1954.2c.2024.2837088-5.doc.13","dc_source":"https://api1.ibabs.eu/publicdownload.aspx?site=Beekdaelen&id=4aff47e9-4848-4e1a-a9d6-6be05a092efa","dc_title":"B1 beantwoording 2e termijn","dc_type":"bijlage","foi_fileName":"B1%20beantwoording%202e%20termijn.mp3"},{"dc_format":"application/pdf","dc_identifier":"nl.gm1954.2c.2024.2837088-5.doc.5","dc_source":"https://api1.ibabs.eu/publicdownload.aspx?site=Beekdaelen&id=5811e053-88ed-45e7-8617-237442c050e7","dc_title":"Beantwoording vragen VG - kindcentrum Merkelbeek","dc_type":"bijlage","foi_fairiscoreVersions":{"v1":1,"v2":1},"foi_fileName":"beantwoording%20vragen%20commisie%20VG%20-%20kindcentrum%20Merkelbeek.pdf","foi_nrPages":2},{"dc_format":"application/pdf","dc_identifier":"nl.gm1954.2c.2024.2837088-5.doc.7","dc_source":"https://api1.ibabs.eu/publicdownload.aspx?site=Beekdaelen&id=551f52b8-dd90-40b0-bc73-cea7f362de5f","dc_title":"Beantwoording vragen Beekdaelen Lokaal - kindcentrum Merkelbeek","dc_type":"bijlage","foi_fairiscoreVersions":{"v1":1,"v2":1},"foi_fileName":"Beantwoording%20vragen%20commissie%20Beekdaelen%20Lokaal%20-%20kindcentrum%20Merkelbeek.pdf","foi_nrPages":2},{"dc_format":"application/pdf","dc_identifier":"nl.gm1954.2c.2024.2837088-5.doc.6","dc_source":"https://api1.ibabs.eu/publicdownload.aspx?site=Beekdaelen&id=abc83cd2-f092-4b0b-a57d-f931e248752a","dc_title":"Beantwoording vragen CDA - Kindcentrum Merkelbeek","dc_type":"bijlage","foi_fairiscoreVersions":{"v1":1,"v2":1},"foi_fileName":"Beantwoording%20vragen%20commissie%20CDA%20-%20Kindcentrum%20Merkelbeek.pdf","foi_nrPages":2},{"dc_format":"application/pdf","dc_identifier":"nl.gm1954.2c.2024.2837088-5.doc.4","dc_source":"https://api1.ibabs.eu/publicdownload.aspx?site=Beekdaelen&id=df02566a-9fd4-4c1f-a4f5-57e5aa7f21c3","dc_title":"Brief ouders inzake fusie basisscholen Bingelrade (de Zeveneik) en Merkelbeek (Sint Jozef) (geanonimiseerd)","dc_type":"bijlage","foi_fairiscoreVersions":{"v1":3,"v2":3},"foi_fileName":"Brief%20ouders%20inzake%20fusie%20basisscholen%20Bingelrade%20%28de%20Zeveneik%29%20en%20Merkelbeek%20%28Sint%20Jozef%29%20%28geanonimiseerd%29.pdf","foi_nrPages":10},{"dc_format":"application/pdf","dc_identifier":"nl.gm1954.2c.2024.2837088-5.doc.8","dc_source":"https://api1.ibabs.eu/publicdownload.aspx?site=Beekdaelen&id=5c263eb0-fe3e-409c-a8cd-2bb93578d168","dc_title":"Update fusietraject de Zeveneik en St Jozef","dc_type":"bijlage","foi_fairiscoreVersions":{"v1":1,"v2":1},"foi_fileName":"Update%20fusietraject%20de%20Zeveneik%20en%20St%20Jozef.pdf","foi_nrPages":2},{"dc_format":"application/pdf","dc_identifier":"nl.gm1954.2c.2024.2837088-5.doc.1","dc_source":"https://api1.ibabs.eu/publicdownload.aspx?site=Beekdaelen&id=930afc90-8cf9-4470-9eb3-56c7dd8e02c1","dc_title":"Raadsvoorstel inzake Integraal kindcentrum Merkelbeek - tijdelijke huisvesting","dc_type":"bijlage","foi_fairiscoreVersions":{"v1":1,"v2":1},"foi_fileName":"Z%2F24%2F202773%20-%20362455%20-%20Integraal%20kindcentrum%20Merkelbeek%20-%20tijdelijke%20huisvesting.pdf","foi_nrPages":4},{"dc_format":"application/pdf","dc_identifier":"nl.gm1954.2c.2024.2837088-5.doc.2","dc_source":"https://api1.ibabs.eu/publicdownload.aspx?site=Beekdaelen&id=1d3b7274-c4b8-4551-af54-1280241f0b37","dc_title":"Raadsbesluit inzake Integraal kindcentrum Merkelbeek - tijdelijke huisvesting - vastgesteld 11-06-2024","dc_type":"bijlage","foi_fairiscoreVersions":{"v1":1,"v2":1},"foi_fileName":"Z%2F24%2F202773%20-%20362456%20-%20Integraal%20kindcentrum%20Merkelbeek%20-%20tijdelijke%20huisvesting.pdf","foi_nrPages":1},{"dc_format":"application/pdf","dc_identifier":"nl.gm1954.2c.2024.2837088-5.doc.3","dc_source":"https://api1.ibabs.eu/publicdownload.aspx?site=Beekdaelen&id=60a1136f-f12e-4196-aee4-e1fa161e5be1","dc_title":"Begrotingswijziging t.b.v. tijdelijke huisvesting Merkelbeek","dc_type":"bijlage","foi_fairiscoreVersions":{"v1":1,"v2":1},"foi_fileName":"Z%2F24%2F202773%20-%20363144%20-%20begrotingswijziging%20t.b.v.pdf","foi_nrPages":1}],"foi_nrDocuments":13,"foi_nrPagesInDossier":24,"foi_publishedDate":"2024-05-28","foi_retrievedDate":"2026-03-04"},{"dc_creator":"HandelingScraper_v1","dc_date_year":2024,"dc_description":"Vergadering van de Gemeente Beekdaelen op 2024-05-28. Onderdeel: Raadsvoorstel inzake: Jaarstukken 2023, Eerste begrotingswijziging 2024, Begroting 2025 met meerjarenraming GR WOZL.","dc_identifier":"nl.gm1954.2c.2024.2837088-6","dc_publisher":"gm1954","dc_source":"https://beekdaelen.bestuurlijkeinformatie.nl/Agenda/Index/07f076d3-6a6b-4553-9522-53244e678f63","dc_title":"Raadscommissie Sociale Leefomgeving 2024-05-28 - Raadsvoorstel inzake: Jaarstukken 2023, Eerste begrotingswijziging 2024, Begroting 2025 met meerjarenraming GR WOZL","dc_type":"2c","dc_type_description":"Vergaderstuk decentrale overheid","foi_fairiscoreVersions":{"v1":2,"v2":2},"foi_files":[{"dc_format":"application/octet-stream","dc_identifier":"nl.gm1954.2c.2024.2837088-6.doc.12","dc_source":"https://api1.ibabs.eu/publicdownload.aspx?site=Beekdaelen&id=a0a7be72-b8c0-470e-9d3b-3b27418050ef","dc_title":"B2 1e termijn","dc_type":"bijlage","foi_fileName":"B2%201e%20termijn.mp3"},{"dc_format":"application/octet-stream","dc_identifier":"nl.gm1954.2c.2024.2837088-6.doc.14","dc_source":"https://api1.ibabs.eu/publicdownload.aspx?site=Beekdaelen&id=4ca94d01-c233-42de-b909-de1afe69ceb0","dc_title":"B2 2e termijn en advies commissie","dc_type":"bijlage","foi_fileName":"B2%202e%20termijn%20en%20advies%20commissie.mp3"},{"dc_format":"application/octet-stream","dc_identifier":"nl.gm1954.2c.2024.2837088-6.doc.13","dc_source":"https://api1.ibabs.eu/publicdownload.aspx?site=Beekdaelen&id=00e9fbdb-6381-42b8-ae5f-cf65d6d9c568","dc_title":"B2 beantwoording 1e termijn","dc_type":"bijlage","foi_fileName":"B2%20beantwoording%201e%20termijn.mp3"},{"dc_format":"application/pdf","dc_identifier":"nl.gm1954.2c.2024.2837088-6.doc.4","dc_source":"https://api1.ibabs.eu/publicdownload.aspx?site=Beekdaelen&id=7a85c240-5938-4cd9-81ea-1002fe092a48","dc_title":"Bijlage: Eerste begrotingswijziging 2024 GR WOZL","dc_type":"bijlage","foi_fairiscoreVersions":{"v1":2,"v2":1},"foi_fileName":"email.pdf","foi_nrPages":20},{"dc_format":"application/pdf","dc_identifier":"nl.gm1954.2c.2024.2837088-6.doc.5","dc_source":"https://api1.ibabs.eu/publicdownload.aspx?site=Beekdaelen&id=c084ecfc-fe0f-40fa-a6ab-4f71a704b1fc","dc_title":"Bijlage: Factsheet Eerste begrotingswijziging 2024 GR WOZL","dc_type":"bijlage","foi_fairiscoreVersions":{"v1":1,"v2":1},"foi_fileName":"email.pdf","foi_nrPages":2},{"dc_format":"application/pdf","dc_identifier":"nl.gm1954.2c.2024.2837088-6.doc.6","dc_source":"https://api1.ibabs.eu/publicdownload.aspx?site=Beekdaelen&id=41616df8-d41b-4c3e-b8cf-c6b0b28d24a9","dc_title":"Bijlage: Begroting 2025 met meerjarenraming GR WOZL","dc_type":"bijlage","foi_fairiscoreVersions":{"v1":2,"v2":1},"foi_fileName":"email.pdf","foi_nrPages":32},{"dc_format":"application/pdf","dc_identifier":"nl.gm1954.2c.2024.2837088-6.doc.7","dc_source":"https://api1.ibabs.eu/publicdownload.aspx?site=Beekdaelen&id=1b96e66f-68ae-4c3b-a774-6c5026984e95","dc_title":"Bijlage: Factsheet Begroting 2025 met meerjarenraming GR WOZL","dc_type":"bijlage","foi_fairiscoreVersions":{"v1":1,"v2":1},"foi_fileName":"email.pdf","foi_nrPages":2},{"dc_format":"application/pdf","dc_identifier":"nl.gm1954.2c.2024.2837088-6.doc.10","dc_source":"https://api1.ibabs.eu/publicdownload.aspx?site=Beekdaelen&id=2faf3d38-1b65-43f1-bc15-9575932ab59a","dc_title":"MvA CDA B2","dc_type":"bijlage","foi_fairiscoreVersions":{"v1":1,"v2":1},"foi_fileName":"MvA%20CDA%20B2.pdf","foi_nrPages":1},{"dc_format":"application/pdf","dc_identifier":"nl.gm1954.2c.2024.2837088-6.doc.11","dc_source":"https://api1.ibabs.eu/publicdownload.aspx?site=Beekdaelen&id=7ea6ad82-bf93-487a-85bc-450ada63f664","dc_title":"MvA GroenLinks B2 en B3","dc_type":"bijlage","foi_fairiscoreVersions":{"v1":1,"v2":1},"foi_fileName":"MvA%20GroenLinks%20B2%20en%20B3.pdf","foi_nrPages":1},{"dc_format":"application/pdf","dc_identifier":"nl.gm1954.2c.2024.2837088-6.doc.1","dc_source":"https://api1.ibabs.eu/publicdownload.aspx?site=Beekdaelen&id=bcf4a474-40e9-4cdd-afdc-e89aea31b3d2","dc_title":"Raadsvoorstel inzake Jaarstukken 2023, Eerste begrotingswijziging 2024, Begroting 2025 met  meerjarenraming GR WOZL","dc_type":"bijlage","foi_fairiscoreVersions":{"v1":1,"v2":1},"foi_fileName":"Z%2F24%2F201551%20-%20360204%20-%20Raadsvoorstel%20Jaarstukken%202023_%20Eerste%20begrotingswijziging%202024_%20Begroting%202025%20met%20meerjarenraming%20GR%20WOZL.pdf","foi_nrPages":8},{"dc_format":"application/pdf","dc_identifier":"nl.gm1954.2c.2024.2837088-6.doc.8","dc_source":"https://api1.ibabs.eu/publicdownload.aspx?site=Beekdaelen&id=e6074c86-c508-4809-89ed-69e7ae7dbcf7","dc_title":"Raadsbesluit inzake Jaarstukken 2023, Eerste begrotingswijziging 2024, Begroting 2025 met  meerjarenraming GR WOZL - vastgesteld 11-06-2024","dc_type":"bijlage","foi_fairiscoreVersions":{"v1":1,"v2":1},"foi_fileName":"Z%2F24%2F201551%20-%20360295%20-%20Raadsbesluit%20Jaarstukken%202023_%20Eerst%20begrotingswijziging%202024_%20begroting%202025%20met%20meerjarenraming%202026-2028%20GR%20WOZL.pdf","foi_nrPages":2},{"dc_format":"application/pdf","dc_identifier":"nl.gm1954.2c.2024.2837088-6.doc.9","dc_source":"https://api1.ibabs.eu/publicdownload.aspx?site=Beekdaelen&id=3cd638b2-3c9b-4b1e-8ae2-6350fce4810e","dc_title":"Bijlage: Uitgaande brief aan WOZL inzake raadsbesluit en zienswijze","dc_type":"bijlage","foi_fairiscoreVersions":{"v1":4,"v2":4},"foi_fileName":"Z%2F24%2F201551%20-%20360298%20-%20Uitgaande%20brief%20aan%20WOZL%20inzake%20raadsbesluit.pdf","foi_nrPages":2},{"dc_format":"application/pdf","dc_identifier":"nl.gm1954.2c.2024.2837088-6.doc.2","dc_source":"https://api1.ibabs.eu/publicdownload.aspx?site=Beekdaelen&id=e8ea8532-6288-40de-9028-47e6b0df7f17","dc_title":"Bijlage: Jaarverslag 2023 GR WOZL","dc_type":"bijlage","foi_fairiscoreVersions":{"v1":2,"v2":1},"foi_fileName":"Z%2F24%2F201551%20-%20362775%20-%20Jaarverslag%202023%20WOZL%2FWSP%20Parkstad.pdf","foi_nrPages":26},{"dc_format":"application/pdf","dc_identifier":"nl.gm1954.2c.2024.2837088-6.doc.3","dc_source":"https://api1.ibabs.eu/publicdownload.aspx?site=Beekdaelen&id=4d98b90c-78f1-40ac-bb92-31f7c2d0e6bb","dc_title":"Bijlage: Jaarrekening 2023 GR WOZL","dc_type":"bijlage","foi_fairiscoreVersions":{"v1":1,"v2":1},"foi_fileName":"Z%2F24%2F201551%20-%20362776%20-%20Jaarrekening%202023%20GR%20WOZL.pdf","foi_nrPages":53}],"foi_nrDocuments":14,"foi_nrPagesInDossier":149,"foi_publishedDate":"2024-05-28","foi_retrievedDate":"2025-12-05"},{"dc_creator":"HandelingScraper_v1","dc_date_year":2024,"dc_description":"Vergadering van de Gemeente Beekdaelen op 2024-05-28. Onderdeel: Raadsvoorstel inzake: jaarstukken 2023, Eerste begrotingswijziging 2024, Begroting 2025 met meerjarenraming GR WSP Parkstad.","dc_identifier":"nl.gm1954.2c.2024.2837088-7","dc_publisher":"gm1954","dc_source":"https://beekdaelen.bestuurlijkeinformatie.nl/Agenda/Index/07f076d3-6a6b-4553-9522-53244e678f63","dc_title":"Raadscommissie Sociale Leefomgeving 2024-05-28 - Raadsvoorstel inzake: jaarstukken 2023, Eerste begrotingswijziging 2024, Begroting 2025 met meerjarenraming GR WSP Parkstad","dc_type":"2c","dc_type_description":"Vergaderstuk decentrale overheid","foi_fairiscoreVersions":{"v1":2,"v2":2},"foi_files":[{"dc_format":"application/octet-stream","dc_identifier":"nl.gm1954.2c.2024.2837088-7.doc.12","dc_source":"https://api1.ibabs.eu/publicdownload.aspx?site=Beekdaelen&id=d69477d2-3ca6-4129-bda2-b09c383abc92","dc_title":"B3 1e termijn","dc_type":"bijlage","foi_fileName":"B3%201e%20termijn.mp3"},{"dc_format":"application/octet-stream","dc_identifier":"nl.gm1954.2c.2024.2837088-7.doc.13","dc_source":"https://api1.ibabs.eu/publicdownload.aspx?site=Beekdaelen&id=deaecade-226d-41e7-95e9-bfdf68b0b0e5","dc_title":"B3 beantwoording 1e termijn en advies commissie","dc_type":"bijlage","foi_fileName":"B3%20beantwoording%201e%20termijn%20en%20advies%20commissie.mp3"},{"dc_format":"application/pdf","dc_identifier":"nl.gm1954.2c.2024.2837088-7.doc.4","dc_source":"https://api1.ibabs.eu/publicdownload.aspx?site=Beekdaelen&id=1bd7e13b-0da4-49a9-afcb-5fee7a2050cf","dc_title":"Bijlage: Eerste begrotingswijziging 2024 GR WSP Parkstad","dc_type":"bijlage","foi_fairiscoreVersions":{"v1":2,"v2":1},"foi_fileName":"email.pdf","foi_nrPages":18},{"dc_format":"application/pdf","dc_identifier":"nl.gm1954.2c.2024.2837088-7.doc.5","dc_source":"https://api1.ibabs.eu/publicdownload.aspx?site=Beekdaelen&id=b876fde7-b52e-4c81-ba29-72bc9869ca97","dc_title":"Bijlage: Factsheet Eerste begrotingswijziging 2024 GR WSP Parkstad","dc_type":"bijlage","foi_fairiscoreVersions":{"v1":1,"v2":1},"foi_fileName":"email.pdf","foi_nrPages":1},{"dc_format":"application/pdf","dc_identifier":"nl.gm1954.2c.2024.2837088-7.doc.6","dc_source":"https://api1.ibabs.eu/publicdownload.aspx?site=Beekdaelen&id=1d232d81-3d84-4bb8-bf18-4576ba4e3748","dc_title":"Bijlage: Begroting 2025 met meerjarenraming GR WSP Parkstad","dc_type":"bijlage","foi_fairiscoreVersions":{"v1":2,"v2":1},"foi_fileName":"email.pdf","foi_nrPages":26},{"dc_format":"application/pdf","dc_identifier":"nl.gm1954.2c.2024.2837088-7.doc.7","dc_source":"https://api1.ibabs.eu/publicdownload.aspx?site=Beekdaelen&id=5d0b6d5e-c26a-47b0-bbd2-b9058ab1cbe1","dc_title":"Bijlage: Factsheet Begroting 2025 met meerjarenraming GR WSP Parkstad","dc_type":"bijlage","foi_fairiscoreVersions":{"v1":1,"v2":1},"foi_fileName":"email.pdf","foi_nrPages":2},{"dc_format":"application/pdf","dc_identifier":"nl.gm1954.2c.2024.2837088-7.doc.10","dc_source":"https://api1.ibabs.eu/publicdownload.aspx?site=Beekdaelen&id=8738baf8-5f42-487b-8a7c-b7edd596fb7f","dc_title":"MvA GroenLinks B2 en B3","dc_type":"bijlage","foi_fairiscoreVersions":{"v1":1,"v2":1},"foi_fileName":"MvA%20GroenLinks%20B2%20en%20B3.pdf","foi_nrPages":1},{"dc_format":"application/pdf","dc_identifier":"nl.gm1954.2c.2024.2837088-7.doc.11","dc_source":"https://api1.ibabs.eu/publicdownload.aspx?site=Beekdaelen&id=f1d1cfc8-e1a6-473d-bf46-c11547b468ac","dc_title":"MvA VG B3","dc_type":"bijlage","foi_fairiscoreVersions":{"v1":1,"v2":1},"foi_fileName":"MvA%20VG%20B3.pdf","foi_nrPages":1},{"dc_format":"application/pdf","dc_identifier":"nl.gm1954.2c.2024.2837088-7.doc.1","dc_source":"https://api1.ibabs.eu/publicdownload.aspx?site=Beekdaelen&id=bd1c36e0-1d5f-43f8-aee3-2938a43df8da","dc_title":"Raadsvoorstel inzake Jaarstukken 2023, Eerste begrotingswijziging 2024, Begroting 2025 met  meerjarenraming GR WSP Parkstad","dc_type":"bijlage","foi_fairiscoreVersions":{"v1":1,"v2":1},"foi_fileName":"Z%2F24%2F201549%20-%20360897%20-%20Raadsvoorstel%20Jaarstukken%202023_%20Eerste%20begrotingswijziging%202024_%20Begroting%202025%20met%20meerjarenraming%20GR%20WSP%20Parkstad.pdf","foi_nrPages":6},{"dc_format":"application/pdf","dc_identifier":"nl.gm1954.2c.2024.2837088-7.doc.8","dc_source":"https://api1.ibabs.eu/publicdownload.aspx?site=Beekdaelen&id=5f3082c7-cb7d-4dd7-a1f3-4a0e38b8813a","dc_title":"Raadsbesluit inzake Jaarstukken 2023, Eerste begrotingswijziging 2024, Begroting 2025 met  meerjarenraming GR WSP Parkstad - vastgesteld 11-06-2024","dc_type":"bijlage","foi_fairiscoreVersions":{"v1":1,"v2":1},"foi_fileName":"Z%2F24%2F201549%20-%20360951%20-%20Raadsbesluit.pdf","foi_nrPages":2},{"dc_format":"application/pdf","dc_identifier":"nl.gm1954.2c.2024.2837088-7.doc.9","dc_source":"https://api1.ibabs.eu/publicdownload.aspx?site=Beekdaelen&id=39941c95-80fe-49b4-9615-7ce88ad2b56b","dc_title":"Bijlage: Uitgaande brief aan WSP Parkstad inzake raadsbesluit en zienswijze","dc_type":"bijlage","foi_fairiscoreVersions":{"v1":4,"v2":4},"foi_fileName":"Z%2F24%2F201549%20-%20360952%20-%20Uitgaande%20brief%20aan%20WSP%20Parkstad%20inzake%20raadsbesluit.pdf","foi_nrPages":2},{"dc_format":"application/pdf","dc_identifier":"nl.gm1954.2c.2024.2837088-7.doc.2","dc_source":"https://api1.ibabs.eu/publicdownload.aspx?site=Beekdaelen&id=89826181-e200-4775-88b6-9c5f5044e0e3","dc_title":"Bijlage: Jaarverslag 2023 WOZL/WSP Parkstad","dc_type":"bijlage","foi_fairiscoreVersions":{"v1":2,"v2":1},"foi_fileName":"Z%2F24%2F201549%20-%20362773%20-%20Jaarverslag%202023%20WOZL%2FWSP%20Parkstad.pdf","foi_nrPages":26},{"dc_format":"application/pdf","dc_identifier":"nl.gm1954.2c.2024.2837088-7.doc.3","dc_source":"https://api1.ibabs.eu/publicdownload.aspx?site=Beekdaelen&id=3bf1bcd4-cc9a-42e6-94ea-74b976d567bf","dc_title":"Bijlage: Jaarrekening 2023 GR WSP Parkstad","dc_type":"bijlage","foi_fairiscoreVersions":{"v1":1,"v2":1},"foi_fileName":"Z%2F24%2F201549%20-%20362774%20-%20Jaarrekening%202023%20GR%20WSP%20Parkstad.pdf","foi_nrPages":38}],"foi_nrDocuments":13,"foi_nrPagesInDossier":123,"foi_publishedDate":"2024-05-28","foi_retrievedDate":"2026-02-12"},{"dc_creator":"HandelingScraper_v1","dc_date_year":2024,"dc_description":"Vergadering van de Gemeente Beekdaelen op 2024-05-28. Onderdeel: Raadsvoorstel inzake: GR Omnibuzz jaarstukken 2023, begroting 2024-1 en begroting 2025 met  meerjarenperspectief 2026-2028..","dc_identifier":"nl.gm1954.2c.2024.2837088-8","dc_publisher":"gm1954","dc_source":"https://beekdaelen.bestuurlijkeinformatie.nl/Agenda/Index/07f076d3-6a6b-4553-9522-53244e678f63","dc_title":"Raadscommissie Sociale Leefomgeving 2024-05-28 - Raadsvoorstel inzake: GR Omnibuzz jaarstukken 2023, begroting 2024-1 en begroting 2025 met  meerjarenperspectief 2026-2028.","dc_type":"2c","dc_type_description":"Vergaderstuk decentrale overheid","foi_fairiscoreVersions":{"v1":2,"v2":2},"foi_files":[{"dc_format":"application/octet-stream","dc_identifier":"nl.gm1954.2c.2024.2837088-8.doc.11","dc_source":"https://api1.ibabs.eu/publicdownload.aspx?site=Beekdaelen&id=2811fd0a-d0c6-408a-991f-b6ab68a687fb","dc_title":"B4 1e termijn en advies commissie","dc_type":"bijlage","foi_fileName":"B4%201e%20termijn%20en%20advies%20commissie.mp3"},{"dc_format":"application/pdf","dc_identifier":"nl.gm1954.2c.2024.2837088-8.doc.10","dc_source":"https://api1.ibabs.eu/publicdownload.aspx?site=Beekdaelen&id=328a6677-c813-4260-8400-44fb573d836a","dc_title":"MvA VG B4","dc_type":"bijlage","foi_fairiscoreVersions":{"v1":1,"v2":1},"foi_fileName":"MvA%20VG%20B4.pdf","foi_nrPages":2},{"dc_format":"application/pdf","dc_identifier":"nl.gm1954.2c.2024.2837088-8.doc.2","dc_source":"https://api1.ibabs.eu/publicdownload.aspx?site=Beekdaelen&id=4a41f20a-004f-44e1-a9e0-aaaa9e3bf3a7","dc_title":"Raadsbesluit inzake Gemeenschappelijke Regeling Omnibuzz jaarverslag, begrotingswijziging 2024 en begroting 2025 - vastgesteld 11-06-2024","dc_type":"bijlage","foi_fairiscoreVersions":{"v1":1,"v2":1},"foi_fileName":"Raadsbesluit%20Gemeenschappelijke%20Regeling%20Omnibuzz%20jaarverslag_%20begrotingswijziging%202024%20en%20begroting%202025.pdf","foi_nrPages":1},{"dc_format":"application/pdf","dc_identifier":"nl.gm1954.2c.2024.2837088-8.doc.1","dc_source":"https://api1.ibabs.eu/publicdownload.aspx?site=Beekdaelen&id=30f86293-750a-4e40-8dd2-6388ca8db215","dc_title":"Raadsvoorstel inzake Gemeenschappelijke Regeling Omnibuzz jaarverslag, begrotingswijziging 2024 en begroting 2025","dc_type":"bijlage","foi_fairiscoreVersions":{"v1":1,"v2":1},"foi_fileName":"Raadsvoorstel%20Gemeenschappelijke%20Regeling%20Omnibuzz%20jaarverslag_%20begrotingswijziging%202024%20en%20begroting%202025.pdf","foi_nrPages":8},{"dc_format":"application/pdf","dc_identifier":"nl.gm1954.2c.2024.2837088-8.doc.3","dc_source":"https://api1.ibabs.eu/publicdownload.aspx?site=Beekdaelen&id=f33d141e-473b-4e5c-aae6-9a731ff4b505","dc_title":"Bijlage: Aanbiedingsbrief Omnibuzz","dc_type":"bijlage","foi_fairiscoreVersions":{"v1":1,"v2":1},"foi_fileName":"Z%2F24%2F203343%20-%20362235%20-%20Aanbiedingsbrief.pdf","foi_nrPages":5},{"dc_format":"application/pdf","dc_identifier":"nl.gm1954.2c.2024.2837088-8.doc.7","dc_source":"https://api1.ibabs.eu/publicdownload.aspx?site=Beekdaelen&id=7504b20e-fe20-4b4b-bf66-cddce2c8410d","dc_title":"Bijlage: Uitgangspuntennotitie 2024-1, 2025 en meerjarenperspectief 2026-2028 GR Omnibuzz","dc_type":"bijlage","foi_fairiscoreVersions":{"v1":2,"v2":1},"foi_fileName":"Z%2F24%2F203343%20-%20362236%20-.pdf","foi_nrPages":11},{"dc_format":"application/pdf","dc_identifier":"nl.gm1954.2c.2024.2837088-8.doc.4","dc_source":"https://api1.ibabs.eu/publicdownload.aspx?site=Beekdaelen&id=695c70be-3a18-4dbd-814c-f999c5c05504","dc_title":"Bijlage: Jaarverslag 2023 GR Omnibuzz","dc_type":"bijlage","foi_fairiscoreVersions":{"v1":3,"v2":3},"foi_fileName":"Z%2F24%2F203343%20-%20362237%20-.pdf","foi_nrPages":110},{"dc_format":"application/pdf","dc_identifier":"nl.gm1954.2c.2024.2837088-8.doc.5","dc_source":"https://api1.ibabs.eu/publicdownload.aspx?site=Beekdaelen&id=5a9dea05-15e7-4651-8a3f-7a336e287282","dc_title":"Bijlage: Begroting 2024-1 GR Omnibuzz","dc_type":"bijlage","foi_fairiscoreVersions":{"v1":2,"v2":2},"foi_fileName":"Z%2F24%2F203343%20-%20362239%20-.pdf","foi_nrPages":58},{"dc_format":"application/pdf","dc_identifier":"nl.gm1954.2c.2024.2837088-8.doc.6","dc_source":"https://api1.ibabs.eu/publicdownload.aspx?site=Beekdaelen&id=e964e691-e6a9-4eb3-88fc-5bd2c8af03d8","dc_title":"Bijlage: Begroting 2025 met het meerjarenperspectief  2026-2028 GR Omnibuzz","dc_type":"bijlage","foi_fairiscoreVersions":{"v1":2,"v2":2},"foi_fileName":"Z%2F24%2F203343%20-%20362240%20-.pdf","foi_nrPages":82},{"dc_format":"application/pdf","dc_identifier":"nl.gm1954.2c.2024.2837088-8.doc.8","dc_source":"https://api1.ibabs.eu/publicdownload.aspx?site=Beekdaelen&id=04ba7de0-0023-4bcb-889c-ba3522c6aaa6","dc_title":"Bijlage: Samenvatting en hoofdpunten jaarrekening 2023 GR Omnibuzz","dc_type":"bijlage","foi_fairiscoreVersions":{"v1":2,"v2":2},"foi_fileName":"Z%2F24%2F203343%20-%20362692%20-%20Samenvatting%20en%20hoofdpunten%20jaarrekening%202023%20GR%20Omnibuzz.pdf","foi_nrPages":27},{"dc_format":"application/pdf","dc_identifier":"nl.gm1954.2c.2024.2837088-8.doc.9","dc_source":"https://api1.ibabs.eu/publicdownload.aspx?site=Beekdaelen&id=e9598d68-be02-4ebd-9d44-145c01151935","dc_title":"Bijlage: Brief aan het dagelijks bestuur van Omnibuzz inz. het raadsbesluit","dc_type":"bijlage","foi_fairiscoreVersions":{"v1":2,"v2":2},"foi_fileName":"Z%2F24%2F203343%20-%20362698%20-%20Brief%20aan%20het%20dagelijks%20bestuur%20van%20Omnibuzz%20inz.%20het%20raadsbesluit.pdf","foi_nrPages":2}],"foi_nrDocuments":11,"foi_nrPagesInDossier":306,"foi_publishedDate":"2024-05-28","foi_retrievedDate":"2026-03-02"},{"dc_creator":"HandelingScraper_v1","dc_date_year":2024,"dc_description":"Vergadering van de Gemeente Beekdaelen op 2024-05-28. Onderdeel: Raadsvoorstel inzake: Jaarstukken 2023, Uitvoeringsplan 2024, Gewijzigde begroting 2024 en begroting 2025 met meerjarenraming ISD Kompas.","dc_identifier":"nl.gm1954.2c.2024.2837088-9","dc_publisher":"gm1954","dc_source":"https://beekdaelen.bestuurlijkeinformatie.nl/Agenda/Index/07f076d3-6a6b-4553-9522-53244e678f63","dc_title":"Raadscommissie Sociale Leefomgeving 2024-05-28 - Raadsvoorstel inzake: Jaarstukken 2023, Uitvoeringsplan 2024, Gewijzigde begroting 2024 en begroting 2025 met meerjarenraming ISD Kompas","dc_type":"2c","dc_type_description":"Vergaderstuk decentrale overheid","foi_fairiscoreVersions":{"v1":2,"v2":2},"foi_files":[{"dc_format":"application/octet-stream","dc_identifier":"nl.gm1954.2c.2024.2837088-9.doc.12","dc_source":"https://api1.ibabs.eu/publicdownload.aspx?site=Beekdaelen&id=98e8b4ad-2672-4085-ba58-8c87fd891922","dc_title":"B5 1e termijn","dc_type":"bijlage","foi_fileName":"B5%201e%20termijn.mp3","foi_nrPages":1},{"dc_format":"application/octet-stream","dc_identifier":"nl.gm1954.2c.2024.2837088-9.doc.14","dc_source":"https://api1.ibabs.eu/publicdownload.aspx?site=Beekdaelen&id=3683d80f-f4e1-4b46-8d22-b0b987f7c623","dc_title":"B5 2e termijn","dc_type":"bijlage","foi_fileName":"B5%202e%20termijn.mp3","foi_nrPages":1},{"dc_format":"application/octet-stream","dc_identifier":"nl.gm1954.2c.2024.2837088-9.doc.16","dc_source":"https://api1.ibabs.eu/publicdownload.aspx?site=Beekdaelen&id=a883aab1-8883-4266-ae1b-e93064ba0e3b","dc_title":"B5 advies commissie en B6 advies commissie","dc_type":"bijlage","foi_fileName":"B5%20advies%20commissie%20en%20B6%20advies%20commissie.mp3","foi_nrPages":1},{"dc_format":"application/octet-stream","dc_identifier":"nl.gm1954.2c.2024.2837088-9.doc.13","dc_source":"https://api1.ibabs.eu/publicdownload.aspx?site=Beekdaelen&id=b37c7faa-87ea-41c7-ad3e-1b1c16a4ff44","dc_title":"B5 beantwoording 1e termijn","dc_type":"bijlage","foi_fileName":"B5%20beantwoording%201e%20termijn.mp3","foi_nrPages":1},{"dc_format":"application/octet-stream","dc_identifier":"nl.gm1954.2c.2024.2837088-9.doc.15","dc_source":"https://api1.ibabs.eu/publicdownload.aspx?site=Beekdaelen&id=0239ada0-b08b-4407-acfe-0d238ae1e812","dc_title":"B5 beantwoording 2e termijn","dc_type":"bijlage","foi_fileName":"B5%20beantwoording%202e%20termijn.mp3","foi_nrPages":1},{"dc_format":"application/pdf","dc_identifier":"nl.gm1954.2c.2024.2837088-9.doc.3","dc_source":"https://api1.ibabs.eu/publicdownload.aspx?site=Beekdaelen&id=77ebc0a9-fc6f-4648-8bbf-fd1675620c09","dc_title":"Bijlage Jaarrekening 2023 Kompas inclusief getekende accountantsverklaring, ontvangen 7 mei 2024","dc_type":"bijlage","foi_fairiscoreVersions":{"v1":2,"v2":1},"foi_fileName":"Jaarrekening%202023%20Kompas%20inclusief%20getekende%20accountantsverklaring_ontvangen%207%20mei%202024.pdf","foi_nrPages":60},{"dc_format":"application/pdf","dc_identifier":"nl.gm1954.2c.2024.2837088-9.doc.2","dc_source":"https://api1.ibabs.eu/publicdownload.aspx?site=Beekdaelen&id=655645bf-f63c-411e-98ee-667b5ac27a11","dc_title":"Bijlage: Jaarrekening 2023 ISD Kompas","dc_type":"bijlage","foi_fairiscoreVersions":{"v1":2,"v2":1},"foi_fileName":"Z%2F24%2F203351%20-%20362248.pdf","foi_nrPages":58},{"dc_format":"application/pdf","dc_identifier":"nl.gm1954.2c.2024.2837088-9.doc.4","dc_source":"https://api1.ibabs.eu/publicdownload.aspx?site=Beekdaelen&id=d4ff1003-b60b-470c-b086-e20e41b127de","dc_title":"Bijlage: Jaarverslag 2023 ISD Kompas","dc_type":"bijlage","foi_fairiscoreVersions":{"v1":2,"v2":2},"foi_fileName":"Z%2F24%2F203351%20-%20362248.pdf","foi_nrPages":23},{"dc_format":"application/pdf","dc_identifier":"nl.gm1954.2c.2024.2837088-9.doc.5","dc_source":"https://api1.ibabs.eu/publicdownload.aspx?site=Beekdaelen&id=d6d7e810-b758-4c6d-a9a4-c9718eb3e35e","dc_title":"Bijlage: Gewijzigde begroting 2024 en begroting 2025 met meerjarenraming ISD Kompas","dc_type":"bijlage","foi_fairiscoreVersions":{"v1":2,"v2":1},"foi_fileName":"Z%2F24%2F203351%20-%20362248.pdf","foi_nrPages":37},{"dc_format":"application/pdf","dc_identifier":"nl.gm1954.2c.2024.2837088-9.doc.6","dc_source":"https://api1.ibabs.eu/publicdownload.aspx?site=Beekdaelen&id=bf69a018-1de6-43d5-b95a-daff17e4eb1f","dc_title":"Bijlage: Uitvoeringsprogramma 2024 ISD Kompas","dc_type":"bijlage","foi_fairiscoreVersions":{"v1":3,"v2":3},"foi_fileName":"Z%2F24%2F203351%20-%20362248.pdf","foi_nrPages":18},{"dc_format":"application/pdf","dc_identifier":"nl.gm1954.2c.2024.2837088-9.doc.11","dc_source":"https://api1.ibabs.eu/publicdownload.aspx?site=Beekdaelen&id=278f693b-f017-4d0e-abf3-98fdc817c34c","dc_title":"Bijlage: Accountantsverslag 2023","dc_type":"bijlage","foi_fairiscoreVersions":{"v1":2,"v2":1},"foi_fileName":"Z%2F24%2F203351%20-%20362248.pdf","foi_nrPages":15},{"dc_format":"application/pdf","dc_identifier":"nl.gm1954.2c.2024.2837088-9.doc.1","dc_source":"https://api1.ibabs.eu/publicdownload.aspx?site=Beekdaelen&id=55a049cd-9ccc-4ee9-930d-8f2557a78f74","dc_title":"Raadsvoorstel inzake Jaarstukken 2023, Uitvoeringsplan 2024, Gewijzigde begroting 2024 en begroting 2025  met meerjarenraming ISD Kompas","dc_type":"bijlage","foi_fairiscoreVersions":{"v1":1,"v2":1},"foi_fileName":"Z%2F24%2F203351%20-%20362290%20-%20Raadsvoorstel%20Jaarstukken%202023_%20Uitvoeringsplan%202024%2F2025_%20gewijzigde%20begroting%202024%20en%20begroting%202025%20met%20meerjarenraming%20ISD%20Kompas.pdf","foi_nrPages":9},{"dc_format":"application/pdf","dc_identifier":"nl.gm1954.2c.2024.2837088-9.doc.9","dc_source":"https://api1.ibabs.eu/publicdownload.aspx?site=Beekdaelen&id=58715476-218d-4f0e-9799-bc0acf2a5d68","dc_title":"Raadsbesluit inzake Jaarstukken 2023, Uitvoeringsplan 2024, Gewijzigde begroting 2024 en begroting 2025  met meerjarenraming ISD Kompas -  vastgesteld 11-06-2024","dc_type":"bijlage","foi_fairiscoreVersions":{"v1":1,"v2":1},"foi_fileName":"Z%2F24%2F203351%20-%20362400%20-%20Raadsbesluit%20Jaarstukken%202023_%20Uitvoeringsplan%202024%2F2025_%20Gewijzigde%20begroting%202024%20en%20Begroting%202025%20met%20meerjarenraming.pdf","foi_nrPages":3},{"dc_format":"application/pdf","dc_identifier":"nl.gm1954.2c.2024.2837088-9.doc.10","dc_source":"https://api1.ibabs.eu/publicdownload.aspx?site=Beekdaelen&id=6c822a05-5009-419e-a8ba-79e29ea257b1","dc_title":"Bijlage: Uitgaande brief aan Kompas inzake raadsbesluit en zienswijzen","dc_type":"bijlage","foi_fairiscoreVersions":{"v1":2,"v2":2},"foi_fileName":"Z%2F24%2F203351%20-%20362412%20-%20Uitgaande%20brief%20aan%20Kompas%20inzake%20raadsbesluit%20en%20zienswijze%20uitvoeringsplan.pdf","foi_nrPages":3},{"dc_format":"application/pdf","dc_identifier":"nl.gm1954.2c.2024.2837088-9.doc.8","dc_source":"https://api1.ibabs.eu/publicdownload.aspx?site=Beekdaelen&id=cc147be4-3509-4667-8376-d423c95042c4","dc_title":"Bijlage: Advies Cli\u00ebntenraad ISD Kompas","dc_type":"bijlage","foi_fairiscoreVersions":{"v1":2,"v2":1},"foi_fileName":"Z%2F24%2F203351%20-%20362419%20-%20Advies%20Clientenraad%20ISD%20Kompas.pdf","foi_nrPages":2},{"dc_format":"application/pdf","dc_identifier":"nl.gm1954.2c.2024.2837088-9.doc.7","dc_source":"https://api1.ibabs.eu/publicdownload.aspx?site=Beekdaelen&id=674be61f-bb31-4a9a-87c2-86ad4a739c83","dc_title":"Bijlage: Advies Adviesraad Sociaal Domein Beekdaelen","dc_type":"bijlage","foi_fairiscoreVersions":{"v1":1,"v2":1},"foi_fileName":"Z%2F24%2F203351%20-%20362818%20-%20Advies%20Adviesraad%20Sociaal%20Domein%20Beekdaelen.pdf","foi_nrPages":2}],"foi_nrDocuments":16,"foi_nrPagesInDossier":235,"foi_publishedDate":"2024-05-28","foi_retrievedDate":"2025-12-06"},{"dc_creator":"HandelingScraper_v1","dc_date_year":2024,"dc_description":"Vergadering van de Gemeente Beekdaelen op 2024-05-29. Onderdeel: Algemeen.","dc_identifier":"nl.gm1954.2c.2024.2837126-1","dc_publisher":"gm1954","dc_source":"https://beekdaelen.bestuurlijkeinformatie.nl/Agenda/Index/8ca83297-6e70-4c9f-8ea9-ec66723c5953","dc_title":"Raadscommissie Bestuur en Middelen 2024-05-29 - Algemeen","dc_type":"2c","dc_type_description":"Vergaderstuk decentrale overheid","foi_fairiscoreVersions":{"v1":1,"v2":1},"foi_files":[{"dc_format":"application/pdf","dc_identifier":"nl.gm1954.2c.2024.2837126-1.doc.1","dc_source":"https://api1.ibabs.eu/publicdownload.aspx?site=Beekdaelen&id=d142d588-41a3-4641-9b88-458ff0da670e","dc_title":"Technische vragen VG B&M B6","dc_type":"bijlage","foi_fairiscoreVersions":{"v1":1,"v2":1},"foi_fileName":"Ingekomen%20technische%20vraag%20VG%20B%26M%20B6.pdf","foi_nrPages":1},{"dc_format":"application/pdf","dc_identifier":"nl.gm1954.2c.2024.2837126-1.doc.3","dc_source":"https://api1.ibabs.eu/publicdownload.aspx?site=Beekdaelen&id=cdaf612f-5f12-4aa7-95f6-f87ca3dcef85","dc_title":"Technische vragen Koll\u00e9e Rijkx B&M B2 en B4","dc_type":"bijlage","foi_fairiscoreVersions":{"v1":1,"v2":1},"foi_fileName":"Technischde%20vragen%20Koll%C3%A9e%20Rijkx%20cie%20B%26M%20B2%20en%20B4.pdf","foi_nrPages":1},{"dc_format":"application/pdf","dc_identifier":"nl.gm1954.2c.2024.2837126-1.doc.2","dc_source":"https://api1.ibabs.eu/publicdownload.aspx?site=Beekdaelen&id=5acb2f54-22bb-4c29-83a9-4f5ad2bba21f","dc_title":"Technische vragen VG B&M C. Rondvraag","dc_type":"bijlage","foi_fairiscoreVersions":{"v1":1,"v2":1},"foi_fileName":"Technischde%20vragen%20VG%20cie%20B%26M%20C.pdf","foi_nrPages":1}],"foi_nrDocuments":3,"foi_nrPagesInDossier":3,"foi_publishedDate":"2024-05-29","foi_retrievedDate":"2026-03-04"},{"dc_creator":"HandelingScraper_v1","dc_date_year":2024,"dc_description":"Vergadering van de Gemeente Beekdaelen op 2024-05-29. Onderdeel: Rondvraag Bestuur en Middelen.","dc_identifier":"nl.gm1954.2c.2024.2837126-10","dc_publisher":"gm1954","dc_source":"https://beekdaelen.bestuurlijkeinformatie.nl/Agenda/Index/8ca83297-6e70-4c9f-8ea9-ec66723c5953","dc_title":"Raadscommissie Bestuur en Middelen 2024-05-29 - Rondvraag Bestuur en Middelen","dc_type":"2c","dc_type_description":"Vergaderstuk decentrale overheid","foi_fairiscoreVersions":{"v1":2,"v2":1},"foi_files":[{"dc_format":"application/pdf","dc_identifier":"nl.gm1954.2c.2024.2837126-10.doc.2","dc_source":"https://api1.ibabs.eu/publicdownload.aspx?site=Beekdaelen&id=c7b23edf-67bc-4c6f-aa9b-584656d92cda","dc_title":"MvA B&M VG C Rondvraag","dc_type":"bijlage","foi_fairiscoreVersions":{"v1":1,"v2":1},"foi_fileName":"MvA%20B%26M%20VG%20C%20Rondvraag.pdf","foi_nrPages":2},{"dc_format":"application/pdf","dc_identifier":"nl.gm1954.2c.2024.2837126-10.doc.3","dc_source":"https://api1.ibabs.eu/publicdownload.aspx?site=Beekdaelen&id=888a5926-0f6a-4eb1-83cf-805fb1c9d4bf","dc_title":"MvA B&M VG C Rondvraag Bijlage","dc_type":"bijlage","foi_fairiscoreVersions":{"v1":2,"v2":1},"foi_fileName":"MvA%20B%26M%20VG%20C%20Rondvraag%20Bijlage.pdf","foi_nrPages":8},{"dc_format":"application/octet-stream","dc_identifier":"nl.gm1954.2c.2024.2837126-10.doc.4","dc_source":"https://api1.ibabs.eu/publicdownload.aspx?site=Beekdaelen&id=80b98fc1-9731-44ee-8468-fa03e82155af","dc_title":"Rondvraag I","dc_type":"bijlage","foi_fileName":"Rondvraag%20I.mp3","foi_nrPages":1},{"dc_format":"application/octet-stream","dc_identifier":"nl.gm1954.2c.2024.2837126-10.doc.5","dc_source":"https://api1.ibabs.eu/publicdownload.aspx?site=Beekdaelen&id=14193c00-7694-41a8-84e3-44c0d34cb10d","dc_title":"Rondvraag II","dc_type":"bijlage","foi_fileName":"Rondvraag%20II.mp3","foi_nrPages":1},{"dc_format":"application/pdf","dc_identifier":"nl.gm1954.2c.2024.2837126-10.doc.1","dc_source":"https://api1.ibabs.eu/publicdownload.aspx?site=Beekdaelen&id=fd42fb67-7501-45b3-a1c8-3cf642569b7b","dc_title":"Vraag voor de rondvraag van D66","dc_type":"bijlage","foi_fairiscoreVersions":{"v1":1,"v2":1},"foi_fileName":"Vraag%20voor%20de%20rondvraag%20van%20D66.pdf","foi_nrPages":1}],"foi_nrDocuments":5,"foi_nrPagesInDossier":13,"foi_publishedDate":"2024-05-29","foi_retrievedDate":"2025-11-30"},{"dc_creator":"HandelingScraper_v1","dc_date_year":2024,"dc_description":"Vergadering van de Gemeente Beekdaelen op 2024-05-29. Onderdeel: Opening, mededelingen voorzitter en vaststellen agenda.","dc_identifier":"nl.gm1954.2c.2024.2837126-2","dc_publisher":"gm1954","dc_source":"https://beekdaelen.bestuurlijkeinformatie.nl/Agenda/Index/8ca83297-6e70-4c9f-8ea9-ec66723c5953","dc_title":"Raadscommissie Bestuur en Middelen 2024-05-29 - Opening, mededelingen voorzitter en vaststellen agenda","dc_type":"2c","dc_type_description":"Vergaderstuk decentrale overheid","foi_fairiscoreVersions":{"v1":2,"v2":1},"foi_files":[{"dc_format":"application/octet-stream","dc_identifier":"nl.gm1954.2c.2024.2837126-2.doc.2","dc_source":"https://api1.ibabs.eu/publicdownload.aspx?site=Beekdaelen&id=dcf4c46f-2ec3-4238-ae06-9c251dd007a6","dc_title":"A1 + 2","dc_type":"bijlage","foi_fileName":"A1%20%2B%202.mp3"},{"dc_format":"application/pdf","dc_identifier":"nl.gm1954.2c.2024.2837126-2.doc.1","dc_source":"https://api1.ibabs.eu/publicdownload.aspx?site=Beekdaelen&id=2334aecf-6619-49aa-b5de-b8aadbd16c24","dc_title":"Concept uitnodiging en agenda cie. Bestuur & Middelen 29052024","dc_type":"bijlage","foi_fairiscoreVersions":{"v1":2,"v2":1},"foi_fileName":"Concept%20uitnodiging%20en%20agenda%20cie.pdf","foi_nrPages":2}],"foi_nrDocuments":2,"foi_nrPagesInDossier":2,"foi_publishedDate":"2024-05-29","foi_retrievedDate":"2026-03-02"},{"dc_creator":"HandelingScraper_v1","dc_date_year":2024,"dc_description":"Vergadering van de Gemeente Beekdaelen op 2024-05-29. Onderdeel: Vaststellen actiepuntenlijst van de raadscommissie Bestuur en Middelen d.d. 10 april 2024.","dc_identifier":"nl.gm1954.2c.2024.2837126-3","dc_publisher":"gm1954","dc_source":"https://beekdaelen.bestuurlijkeinformatie.nl/Agenda/Index/8ca83297-6e70-4c9f-8ea9-ec66723c5953","dc_title":"Raadscommissie Bestuur en Middelen 2024-05-29 - Vaststellen actiepuntenlijst van de raadscommissie Bestuur en Middelen d.d. 10 april 2024","dc_type":"2c","dc_type_description":"Vergaderstuk decentrale overheid","foi_fairiscoreVersions":{"v1":1,"v2":1},"foi_files":[{"dc_format":"application/octet-stream","dc_identifier":"nl.gm1954.2c.2024.2837126-3.doc.2","dc_source":"https://api1.ibabs.eu/publicdownload.aspx?site=Beekdaelen&id=ae02b4b9-1922-432b-9465-2c41cc0a5bb2","dc_title":"A3","dc_type":"bijlage","foi_fileName":"A3.mp3"},{"dc_format":"application/pdf","dc_identifier":"nl.gm1954.2c.2024.2837126-3.doc.1","dc_source":"https://api1.ibabs.eu/publicdownload.aspx?site=Beekdaelen&id=f147640e-e64c-479d-b489-636b1e7d3d52","dc_title":"Actiepuntenlijst 10.04.2024","dc_type":"bijlage","foi_fairiscoreVersions":{"v1":1,"v2":1},"foi_fileName":"Actiepuntenlijst%20%28kopie%20uit%20Decos%29.pdf","foi_nrPages":4}],"foi_nrDocuments":2,"foi_nrPagesInDossier":4,"foi_publishedDate":"2024-05-29","foi_retrievedDate":"2026-02-11"},{"dc_creator":"HandelingScraper_v1","dc_date_year":2024,"dc_description":"Vergadering van de Gemeente Beekdaelen op 2024-05-29. Onderdeel: Raadsvoorstel inzake: Jaarstukken 2023 en Begroting 2025 door VRZL en MCC.","dc_identifier":"nl.gm1954.2c.2024.2837126-4","dc_publisher":"gm1954","dc_source":"https://beekdaelen.bestuurlijkeinformatie.nl/Agenda/Index/8ca83297-6e70-4c9f-8ea9-ec66723c5953","dc_title":"Raadscommissie Bestuur en Middelen 2024-05-29 - Raadsvoorstel inzake: Jaarstukken 2023 en Begroting 2025 door VRZL en MCC","dc_type":"2c","dc_type_description":"Vergaderstuk decentrale overheid","foi_fairiscoreVersions":{"v1":2,"v2":2},"foi_files":[{"dc_format":"application/octet-stream","dc_identifier":"nl.gm1954.2c.2024.2837126-4.doc.11","dc_source":"https://api1.ibabs.eu/publicdownload.aspx?site=Beekdaelen&id=ccb6b22b-9bd0-48ca-ab46-ed1190c848d4","dc_title":"B1 1e termijn","dc_type":"bijlage","foi_fileName":"B1%201e%20termijn.mp3"},{"dc_format":"application/octet-stream","dc_identifier":"nl.gm1954.2c.2024.2837126-4.doc.13","dc_source":"https://api1.ibabs.eu/publicdownload.aspx?site=Beekdaelen&id=7aeb6eb9-5da3-486b-8b6d-649078502219","dc_title":"B1 2e termijn incl beantwoording","dc_type":"bijlage","foi_fileName":"B1%202e%20termijn%20incl%20beantwoording.mp3"},{"dc_format":"application/octet-stream","dc_identifier":"nl.gm1954.2c.2024.2837126-4.doc.14","dc_source":"https://api1.ibabs.eu/publicdownload.aspx?site=Beekdaelen&id=e85fd7ad-1714-4d75-9c67-f19a788337f5","dc_title":"B1 advies commissie","dc_type":"bijlage","foi_fileName":"B1%20advies%20commissie.mp3"},{"dc_format":"application/octet-stream","dc_identifier":"nl.gm1954.2c.2024.2837126-4.doc.12","dc_source":"https://api1.ibabs.eu/publicdownload.aspx?site=Beekdaelen&id=d6ee00b7-d6a1-4d13-8b97-75334513539c","dc_title":"B1 beantwoording 1e termijn","dc_type":"bijlage","foi_fileName":"B1%20beantwoording%201e%20termijn.mp3"},{"dc_format":"application/pdf","dc_identifier":"nl.gm1954.2c.2024.2837126-4.doc.2","dc_source":"https://api1.ibabs.eu/publicdownload.aspx?site=Beekdaelen&id=31ef73dd-def7-42d7-b6ad-48b5ed67ab98","dc_title":"Bijlage 1: Raadsbesluit jaarstukken 2023 en Begroting 2025 door VRZL en MCC","dc_type":"bijlage","foi_fairiscoreVersions":{"v1":1,"v2":1},"foi_fileName":"Raadsbesluit%20jaarstukken%202023%20en%20Begroting%202025%20door%20VRZL%20en%20MCC.pdf","foi_nrPages":1},{"dc_format":"application/pdf","dc_identifier":"nl.gm1954.2c.2024.2837126-4.doc.1","dc_source":"https://api1.ibabs.eu/publicdownload.aspx?site=Beekdaelen&id=ad08f066-a369-4d06-bbac-3980e536e31e","dc_title":"Raadsvoorstel jaarstukken 2023 en Begroting 2025 door VRZL en MCC","dc_type":"bijlage","foi_fairiscoreVersions":{"v1":1,"v2":1},"foi_fileName":"Raadsvoorstel%20jaarstukken%202023%20en%20Begroting%202025%20door%20VRZL%20en%20MCC.pdf","foi_nrPages":5},{"dc_format":"application/pdf","dc_identifier":"nl.gm1954.2c.2024.2837126-4.doc.4","dc_source":"https://api1.ibabs.eu/publicdownload.aspx?site=Beekdaelen&id=a8fe2f72-7612-41b0-a114-3a54916559a0","dc_title":"Bijlage: Jaarbericht 2023 Veiligheidsregio Zuid-Limburg (ter informatie)","dc_type":"bijlage","foi_fairiscoreVersions":{"v1":2,"v2":2},"foi_fileName":"Z%2F24%2F203279%20-%20362123.pdf","foi_nrPages":29},{"dc_format":"application/pdf","dc_identifier":"nl.gm1954.2c.2024.2837126-4.doc.5","dc_source":"https://api1.ibabs.eu/publicdownload.aspx?site=Beekdaelen&id=8b7a9f2f-1f1e-477e-b9b6-eb1fc9b58c30","dc_title":"Bijlage: Concept jaardocument 2023 VRZL (voor zienswijze)","dc_type":"bijlage","foi_fairiscoreVersions":{"v1":2,"v2":1},"foi_fileName":"Z%2F24%2F203279%20-%20362123.pdf","foi_nrPages":83},{"dc_format":"application/pdf","dc_identifier":"nl.gm1954.2c.2024.2837126-4.doc.6","dc_source":"https://api1.ibabs.eu/publicdownload.aspx?site=Beekdaelen&id=2c370ac4-63af-4123-bd41-46ff23917325","dc_title":"Bijlage: Concept accountantsverslag 2023 VRZL (ter informatie)","dc_type":"bijlage","foi_fairiscoreVersions":{"v1":2,"v2":1},"foi_fileName":"Z%2F24%2F203279%20-%20362123.pdf","foi_nrPages":9},{"dc_format":"application/pdf","dc_identifier":"nl.gm1954.2c.2024.2837126-4.doc.7","dc_source":"https://api1.ibabs.eu/publicdownload.aspx?site=Beekdaelen&id=045c4198-f1d6-4f6e-aa71-33f52faa5795","dc_title":"Bijlage: Voorstel structurele bijdrage Cao-loonkosten vanaf 2024 (voor zienswijze)","dc_type":"bijlage","foi_fairiscoreVersions":{"v1":1,"v2":1},"foi_fileName":"Z%2F24%2F203279%20-%20362123.pdf","foi_nrPages":3},{"dc_format":"application/pdf","dc_identifier":"nl.gm1954.2c.2024.2837126-4.doc.8","dc_source":"https://api1.ibabs.eu/publicdownload.aspx?site=Beekdaelen&id=c65d05bb-f2be-4420-a57b-91a6450f69c9","dc_title":"Bijlage: Conceptbegroting 2025 VRZL (voor zienswijze)","dc_type":"bijlage","foi_fairiscoreVersions":{"v1":2,"v2":1},"foi_fileName":"Z%2F24%2F203279%20-%20362123.pdf","foi_nrPages":58},{"dc_format":"application/pdf","dc_identifier":"nl.gm1954.2c.2024.2837126-4.doc.9","dc_source":"https://api1.ibabs.eu/publicdownload.aspx?site=Beekdaelen&id=9049debf-bc24-4e08-bf32-24f1e17e392c","dc_title":"Bijlage: Jaardocument 2023 MCC (ter informatie)","dc_type":"bijlage","foi_fairiscoreVersions":{"v1":1,"v2":1},"foi_fileName":"Z%2F24%2F203279%20-%20362123.pdf","foi_nrPages":12},{"dc_format":"application/pdf","dc_identifier":"nl.gm1954.2c.2024.2837126-4.doc.10","dc_source":"https://api1.ibabs.eu/publicdownload.aspx?site=Beekdaelen&id=b533286e-9cdc-487f-ad68-fc28c8b0e9b9","dc_title":"Bijlage: Toelichting jaardocument MCC 2023 (ter informatie)","dc_type":"bijlage","foi_fairiscoreVersions":{"v1":1,"v2":1},"foi_fileName":"Z%2F24%2F203279%20-%20362123.pdf","foi_nrPages":9},{"dc_format":"application/pdf","dc_identifier":"nl.gm1954.2c.2024.2837126-4.doc.3","dc_source":"https://api1.ibabs.eu/publicdownload.aspx?site=Beekdaelen&id=d41f53cc-5946-4d73-b1e0-980ac0586425","dc_title":"Bijlage: Aanbiedingsbrief jaarrekening, voorstel Cao- loonkosten en begroting VRZL (ter informatie)","dc_type":"bijlage","foi_fairiscoreVersions":{"v1":1,"v2":1},"foi_fileName":"Z%2F24%2F203279%20-%20362123%20-.pdf","foi_nrPages":3}],"foi_nrDocuments":14,"foi_nrPagesInDossier":212,"foi_publishedDate":"2024-05-29","foi_retrievedDate":"2026-03-06"},{"dc_creator":"HandelingScraper_v1","dc_date_year":2024,"dc_description":"Vergadering van de Gemeente Beekdaelen op 2024-05-29. Onderdeel: Raadsvoorstel inzake: jaarrekening 2023 en begroting 2024, 2025 - 2028 GR  Gegevenshuis.","dc_identifier":"nl.gm1954.2c.2024.2837126-5","dc_publisher":"gm1954","dc_source":"https://beekdaelen.bestuurlijkeinformatie.nl/Agenda/Index/8ca83297-6e70-4c9f-8ea9-ec66723c5953","dc_title":"Raadscommissie Bestuur en Middelen 2024-05-29 - Raadsvoorstel inzake: jaarrekening 2023 en begroting 2024, 2025 - 2028 GR  Gegevenshuis","dc_type":"2c","dc_type_description":"Vergaderstuk decentrale overheid","foi_fairiscoreVersions":{"v1":2,"v2":2},"foi_files":[{"dc_format":"application/octet-stream","dc_identifier":"nl.gm1954.2c.2024.2837126-5.doc.9","dc_source":"https://api1.ibabs.eu/publicdownload.aspx?site=Beekdaelen&id=4dcaa818-1752-4c07-baaa-8acf36605b51","dc_title":"B2 1e termijn","dc_type":"bijlage","foi_fileName":"B2%201e%20termijn.mp3","foi_nrPages":1},{"dc_format":"application/octet-stream","dc_identifier":"nl.gm1954.2c.2024.2837126-5.doc.11","dc_source":"https://api1.ibabs.eu/publicdownload.aspx?site=Beekdaelen&id=e2784080-d597-4ef9-abd7-779c509896dc","dc_title":"B2 advies commissie","dc_type":"bijlage","foi_fileName":"B2%20advies%20commissie.mp3","foi_nrPages":1},{"dc_format":"application/octet-stream","dc_identifier":"nl.gm1954.2c.2024.2837126-5.doc.10","dc_source":"https://api1.ibabs.eu/publicdownload.aspx?site=Beekdaelen&id=f9811706-6b27-411e-9e4c-dd354cfe8f77","dc_title":"B2 beantwoording 1e termijn","dc_type":"bijlage","foi_fileName":"B2%20beantwoording%201e%20termijn.mp3","foi_nrPages":1},{"dc_format":"application/pdf","dc_identifier":"nl.gm1954.2c.2024.2837126-5.doc.7","dc_source":"https://api1.ibabs.eu/publicdownload.aspx?site=Beekdaelen&id=68c18987-579c-4be2-9680-3b03470079cc","dc_title":"Bijlage: Uitgaande brief aan Gegevenshuis inzake raadsbesluit","dc_type":"bijlage","foi_fairiscoreVersions":{"v1":2,"v2":2},"foi_fileName":"Bijlage%206.pdf","foi_nrPages":1},{"dc_format":"application/pdf","dc_identifier":"nl.gm1954.2c.2024.2837126-5.doc.8","dc_source":"https://api1.ibabs.eu/publicdownload.aspx?site=Beekdaelen&id=6b349784-6f53-4625-a237-0263b0ec29ad","dc_title":"MvA cie. 29052024 Koll\u00e9e Rijkx B2","dc_type":"bijlage","foi_fairiscoreVersions":{"v1":1,"v2":1},"foi_fileName":"MvA%20cie.pdf","foi_nrPages":4},{"dc_format":"application/pdf","dc_identifier":"nl.gm1954.2c.2024.2837126-5.doc.6","dc_source":"https://api1.ibabs.eu/publicdownload.aspx?site=Beekdaelen&id=b55694e5-8b30-4e9b-b33a-f729debe3b03","dc_title":"Raadsbesluit inzake jaarrekening 2023 en begroting 2024, 2025 - 2028 GR Gegevenshuis - vastgesteld 11-06-2024","dc_type":"bijlage","foi_fairiscoreVersions":{"v1":1,"v2":1},"foi_fileName":"Raadsbesluit%20jaarrekening%202023%20en%20begroting%202024_%202025%20-%202028%20GR%20Gegevenshuis.pdf","foi_nrPages":2},{"dc_format":"application/pdf","dc_identifier":"nl.gm1954.2c.2024.2837126-5.doc.1","dc_source":"https://api1.ibabs.eu/publicdownload.aspx?site=Beekdaelen&id=16549821-cf97-4b1a-95f7-c01052ca8c2a","dc_title":"Raadsvoorstel inzake jaarrekening 2023 en begroting 2024, 2025 - 2028 GR Gegevenshuis","dc_type":"bijlage","foi_fairiscoreVersions":{"v1":1,"v2":1},"foi_fileName":"Raadsvoorstel%20jaarrekening%202023%20en%20begroting%202024_%202025%20-%202028%20GR%20Gegevenshuis.pdf","foi_nrPages":5},{"dc_format":"application/pdf","dc_identifier":"nl.gm1954.2c.2024.2837126-5.doc.2","dc_source":"https://api1.ibabs.eu/publicdownload.aspx?site=Beekdaelen&id=3f4b2a19-9749-4676-9e08-45d005baa4cd","dc_title":"Bijlage: Jaarrekening 2023 versie 2.0","dc_type":"bijlage","foi_fairiscoreVersions":{"v1":2,"v2":1},"foi_fileName":"Z%2F24%2F202311%20-%20362175%20-%201.%20Jaarrekening%202023%20versie%202.pdf","foi_nrPages":40},{"dc_format":"application/pdf","dc_identifier":"nl.gm1954.2c.2024.2837126-5.doc.3","dc_source":"https://api1.ibabs.eu/publicdownload.aspx?site=Beekdaelen&id=aec83486-648d-4d3f-bc7b-a0f7789eb564","dc_title":"Bijlage: Bijgestelde begroting 2024 versie 2.0","dc_type":"bijlage","foi_fairiscoreVersions":{"v1":2,"v2":1},"foi_fileName":"Z%2F24%2F202311%20-%20362175%20-%202.%20Bijgestelde%20begroting%202024%20versie%202.pdf","foi_nrPages":35},{"dc_format":"application/pdf","dc_identifier":"nl.gm1954.2c.2024.2837126-5.doc.4","dc_source":"https://api1.ibabs.eu/publicdownload.aspx?site=Beekdaelen&id=a5276a48-4808-46ef-a33d-21d482c80988","dc_title":"Bijlage: Begroting 2025 - meerjarenraming versie 2.0","dc_type":"bijlage","foi_fairiscoreVersions":{"v1":2,"v2":1},"foi_fileName":"Z%2F24%2F202311%20-%20362175%20-%203.%20Begroting%202025%20-%20meerjarenraming%20versie%202.pdf","foi_nrPages":39},{"dc_format":"application/pdf","dc_identifier":"nl.gm1954.2c.2024.2837126-5.doc.5","dc_source":"https://api1.ibabs.eu/publicdownload.aspx?site=Beekdaelen&id=e53b8eef-32be-413d-9d1c-bf86ce9c27a1","dc_title":"Bijlage: Aanbiedingsbrief Gegevenshuis","dc_type":"bijlage","foi_fairiscoreVersions":{"v1":2,"v2":2},"foi_fileName":"Z%2F24%2F202311%20-%20362175%20-%204.pdf","foi_nrPages":1}],"foi_nrDocuments":11,"foi_nrPagesInDossier":130,"foi_publishedDate":"2024-05-29","foi_retrievedDate":"2025-12-07"},{"dc_creator":"HandelingScraper_v1","dc_date_year":2024,"dc_description":"Vergadering van de Gemeente Beekdaelen op 2024-05-29. Onderdeel: Raadsvoorstel inzake: Ontwerpbegroting 2025 en meerjarenraming 2026 - 2028 BsGW.","dc_identifier":"nl.gm1954.2c.2024.2837126-6","dc_publisher":"gm1954","dc_source":"https://beekdaelen.bestuurlijkeinformatie.nl/Agenda/Index/8ca83297-6e70-4c9f-8ea9-ec66723c5953","dc_title":"Raadscommissie Bestuur en Middelen 2024-05-29 - Raadsvoorstel inzake: Ontwerpbegroting 2025 en meerjarenraming 2026 - 2028 BsGW","dc_type":"2c","dc_type_description":"Vergaderstuk decentrale overheid","foi_fairiscoreVersions":{"v1":2,"v2":2},"foi_files":[{"dc_format":"application/octet-stream","dc_identifier":"nl.gm1954.2c.2024.2837126-6.doc.11","dc_source":"https://api1.ibabs.eu/publicdownload.aspx?site=Beekdaelen&id=21b6b0d2-136e-49fd-8936-3fcf1a1f615b","dc_title":"B3 1e termijn","dc_type":"bijlage","foi_fileName":"B3%201e%20termijn.mp3"},{"dc_format":"application/octet-stream","dc_identifier":"nl.gm1954.2c.2024.2837126-6.doc.13","dc_source":"https://api1.ibabs.eu/publicdownload.aspx?site=Beekdaelen&id=ffe7e489-7098-48d5-9f01-2ef4cab423b4","dc_title":"B3 advies commissie","dc_type":"bijlage","foi_fileName":"B3%20advies%20commissie.mp3"},{"dc_format":"application/octet-stream","dc_identifier":"nl.gm1954.2c.2024.2837126-6.doc.12","dc_source":"https://api1.ibabs.eu/publicdownload.aspx?site=Beekdaelen&id=fad6c104-313c-43f2-ac79-4f7c837467c3","dc_title":"B3 beantwoording 1e termijn","dc_type":"bijlage","foi_fileName":"B3%20beantwoording%201e%20termijn.mp3"},{"dc_format":"application/pdf","dc_identifier":"nl.gm1954.2c.2024.2837126-6.doc.4","dc_source":"https://api1.ibabs.eu/publicdownload.aspx?site=Beekdaelen&id=fa24f7da-055b-44af-b599-11cd4e495062","dc_title":"Bijlage: BsGW: aanbiedingsbrief kadernota 2025","dc_type":"bijlage","foi_fairiscoreVersions":{"v1":1,"v2":1},"foi_fileName":"email.pdf","foi_nrPages":2},{"dc_format":"application/pdf","dc_identifier":"nl.gm1954.2c.2024.2837126-6.doc.5","dc_source":"https://api1.ibabs.eu/publicdownload.aspx?site=Beekdaelen&id=fc621059-a06a-4ba4-91d0-08f6e6ed615a","dc_title":"Bijlage: BsGW: kadernota 2025","dc_type":"bijlage","foi_fairiscoreVersions":{"v1":2,"v2":1},"foi_fileName":"email.pdf","foi_nrPages":11},{"dc_format":"application/pdf","dc_identifier":"nl.gm1954.2c.2024.2837126-6.doc.6","dc_source":"https://api1.ibabs.eu/publicdownload.aspx?site=Beekdaelen&id=159dc810-b71f-47ea-825b-ee956bc808a9","dc_title":"Bijlage: BsGW: bijlagen bij kadernota 2025","dc_type":"bijlage","foi_fairiscoreVersions":{"v1":2,"v2":1},"foi_fileName":"email.pdf","foi_nrPages":14},{"dc_format":"application/pdf","dc_identifier":"nl.gm1954.2c.2024.2837126-6.doc.7","dc_source":"https://api1.ibabs.eu/publicdownload.aspx?site=Beekdaelen&id=6718342b-36fc-42fa-87aa-ce7fc84b6aa2","dc_title":"Bijlage: BsGW: aanbiedingsbrief begroting 2025 en meerjarenraming 2026 - 2029","dc_type":"bijlage","foi_fairiscoreVersions":{"v1":1,"v2":1},"foi_fileName":"email.pdf","foi_nrPages":1},{"dc_format":"application/pdf","dc_identifier":"nl.gm1954.2c.2024.2837126-6.doc.8","dc_source":"https://api1.ibabs.eu/publicdownload.aspx?site=Beekdaelen&id=97e1dff2-f7ac-4502-a41c-d5b3c04ba08d","dc_title":"Bijlage: BsGW: begroting 2025 en meerjarenraming 2026 - 2029 incl. bijlagen","dc_type":"bijlage","foi_fairiscoreVersions":{"v1":2,"v2":1},"foi_fileName":"email.pdf","foi_nrPages":51},{"dc_format":"application/pdf","dc_identifier":"nl.gm1954.2c.2024.2837126-6.doc.1","dc_source":"https://api1.ibabs.eu/publicdownload.aspx?site=Beekdaelen&id=9a7d00e0-71a8-4932-b617-0ed887e8176e","dc_title":"Raadsvoorstel inzake ontwerpbegroting 2025 BsGW","dc_type":"bijlage","foi_fairiscoreVersions":{"v1":1,"v2":1},"foi_fileName":"Z%2F24%2F201628%20-%20361696%20-%20raadsvoorstel%20ontwerpbegroting%202025%20BsGW.pdf","foi_nrPages":8},{"dc_format":"application/pdf","dc_identifier":"nl.gm1954.2c.2024.2837126-6.doc.2","dc_source":"https://api1.ibabs.eu/publicdownload.aspx?site=Beekdaelen&id=031fae15-62bb-486e-838c-ce329aed2b00","dc_title":"Raadsbesluit inzake ontwerpbegroting 2025 BsGW - vastgesteld 11-06-2024","dc_type":"bijlage","foi_fairiscoreVersions":{"v1":1,"v2":1},"foi_fileName":"Z%2F24%2F201628%20-%20361697%20-%20raadsbesluit%20ontwerpbegroting%202025%20BsGW.pdf","foi_nrPages":1},{"dc_format":"application/pdf","dc_identifier":"nl.gm1954.2c.2024.2837126-6.doc.3","dc_source":"https://api1.ibabs.eu/publicdownload.aspx?site=Beekdaelen&id=29f44bc7-d760-47d7-85fa-c6b0784d6112","dc_title":"Bijlage: Zienswijze begroting 2025 ev jaren","dc_type":"bijlage","foi_fairiscoreVersions":{"v1":2,"v2":2},"foi_fileName":"Z%2F24%2F201628%20-%20363055%20-%20zienswijze%20begroting%202025%20ev%20jaren.pdf","foi_nrPages":2},{"dc_format":"application/pdf","dc_identifier":"nl.gm1954.2c.2024.2837126-6.doc.10","dc_source":"https://api1.ibabs.eu/publicdownload.aspx?site=Beekdaelen&id=f1f390c8-17bc-4534-8c27-06d1b45cc7d2","dc_title":"Bijlage: BsGW addendum begroting 2025 ev jaren","dc_type":"bijlage","foi_fairiscoreVersions":{"v1":1,"v2":1},"foi_fileName":"Z%2F24%2F201628%20-%20364530%20-%20addendum%20begroting%202025%20ev%20jaren.pdf","foi_nrPages":9},{"dc_format":"application/pdf","dc_identifier":"nl.gm1954.2c.2024.2837126-6.doc.9","dc_source":"https://api1.ibabs.eu/publicdownload.aspx?site=Beekdaelen&id=78a3341e-bf1b-4286-9b8a-3def7261112a","dc_title":"Bijlage: BsGW brief bij addendum op begroting 2025 BsGW","dc_type":"bijlage","foi_fairiscoreVersions":{"v1":2,"v2":2},"foi_fileName":"Z%2F24%2F201628%20-%20364531%20-%20brief%20bij%20addendum%20op%20begroting%202025%20BsGW.pdf","foi_nrPages":1}],"foi_nrDocuments":13,"foi_nrPagesInDossier":100,"foi_publishedDate":"2024-05-29","foi_retrievedDate":"2025-12-02"},{"dc_creator":"HandelingScraper_v1","dc_date_year":2024,"dc_description":"Vergadering van de Gemeente Beekdaelen op 2024-05-29. Onderdeel: Raadsvoorstel inzake: Jaarverantwoording 2023, bijgestelde begroting 2024 en meerjarenbegroting 2025-2028 Zorg- en Veiligheidshuis Parkstad.","dc_identifier":"nl.gm1954.2c.2024.2837126-7","dc_publisher":"gm1954","dc_source":"https://beekdaelen.bestuurlijkeinformatie.nl/Agenda/Index/8ca83297-6e70-4c9f-8ea9-ec66723c5953","dc_title":"Raadscommissie Bestuur en Middelen 2024-05-29 - Raadsvoorstel inzake: Jaarverantwoording 2023, bijgestelde begroting 2024 en meerjarenbegroting 2025-2028 Zorg- en Veiligheidshuis Parkstad","dc_type":"2c","dc_type_description":"Vergaderstuk decentrale overheid","foi_fairiscoreVersions":{"v1":2,"v2":2},"foi_files":[{"dc_format":"application/octet-stream","dc_identifier":"nl.gm1954.2c.2024.2837126-7.doc.8","dc_source":"https://api1.ibabs.eu/publicdownload.aspx?site=Beekdaelen&id=7bf9b7c9-9735-44c9-8fc9-c651fdbc3029","dc_title":"B4 1e termijn","dc_type":"bijlage","foi_fileName":"B4%201e%20termijn.mp3","foi_nrPages":1},{"dc_format":"application/octet-stream","dc_identifier":"nl.gm1954.2c.2024.2837126-7.doc.10","dc_source":"https://api1.ibabs.eu/publicdownload.aspx?site=Beekdaelen&id=d26c16b6-ae58-4835-a809-b32244ae0da9","dc_title":"B4 2e termijn incl. beantwoording","dc_type":"bijlage","foi_fileName":"B4%202e%20termijn%20incl.mp3","foi_nrPages":1},{"dc_format":"application/octet-stream","dc_identifier":"nl.gm1954.2c.2024.2837126-7.doc.11","dc_source":"https://api1.ibabs.eu/publicdownload.aspx?site=Beekdaelen&id=4ac40e9e-4dc8-4809-8a46-989dcce74878","dc_title":"B4 advies commissie","dc_type":"bijlage","foi_fileName":"B4%20advies%20commissie.mp3","foi_nrPages":1},{"dc_format":"application/octet-stream","dc_identifier":"nl.gm1954.2c.2024.2837126-7.doc.9","dc_source":"https://api1.ibabs.eu/publicdownload.aspx?site=Beekdaelen&id=dcc08ba8-3a72-4968-9df8-2e9efba55cb8","dc_title":"B4 beantwoording 1e termijn","dc_type":"bijlage","foi_fileName":"B4%20beantwoording%201e%20termijn.mp3","foi_nrPages":1},{"dc_format":"application/pdf","dc_identifier":"nl.gm1954.2c.2024.2837126-7.doc.7","dc_source":"https://api1.ibabs.eu/publicdownload.aspx?site=Beekdaelen&id=0c0a791c-f851-4017-8b30-77fb4f1c7614","dc_title":"MvA B4 Koll\u00e9e-Rijkx","dc_type":"bijlage","foi_fairiscoreVersions":{"v1":1,"v2":1},"foi_fileName":"MvA%20B4%20Koll%C3%A9e-Rijkx.pdf","foi_nrPages":2},{"dc_format":"application/pdf","dc_identifier":"nl.gm1954.2c.2024.2837126-7.doc.2","dc_source":"https://api1.ibabs.eu/publicdownload.aspx?site=Beekdaelen&id=5b4d7c71-d426-44ec-b173-14f5b26a71da","dc_title":"Raadsbesluit inzake jaarverantwoording 2023, bijgestelde begroting 2024 en meerjarenbegroting 2025-2028 Zorg- en Veiligheidshuis Parkstad - vastgesteld 11-06-2024","dc_type":"bijlage","foi_fairiscoreVersions":{"v1":1,"v2":1},"foi_fileName":"Raadsbesluit%20jaarverantwoording%202023_%20bijgestelde%20begroting%202024%20en%20meerjarenbegroting%202025-2028%20Zorg-%20en%20Veiligheidshuis%20Parkstad.pdf","foi_nrPages":1},{"dc_format":"application/pdf","dc_identifier":"nl.gm1954.2c.2024.2837126-7.doc.1","dc_source":"https://api1.ibabs.eu/publicdownload.aspx?site=Beekdaelen&id=cd65f3db-0ffb-48c0-abb7-a30c69aa77bc","dc_title":"Raadsvoorstel jaarverantwoording 2023, bijgestelde begroting 2024 en meerjarenbegroting 2025-2028 Zorg- en Veiligheidshuis Parkstad","dc_type":"bijlage","foi_fairiscoreVersions":{"v1":2,"v2":1},"foi_fileName":"Raadsvoorstel%20jaarverantwoording%202023_%20bijgestelde%20begroting%202024%20en%20meerjarenbegroting%202025-2028%20Zorg-%20en%20Veiligheidshuis%20Parkstad.pdf","foi_nrPages":4},{"dc_format":"application/pdf","dc_identifier":"nl.gm1954.2c.2024.2837126-7.doc.3","dc_source":"https://api1.ibabs.eu/publicdownload.aspx?site=Beekdaelen&id=4f5ed6db-bf79-4930-943c-70072533ee42","dc_title":"Bijlage: Jaarverantwoording 2023","dc_type":"bijlage","foi_fairiscoreVersions":{"v1":1,"v2":1},"foi_fileName":"Z%2F24%2F203485%20-%20363165%20-%20Jaarverantwoording%202023%20Zorg%20en%20Veiligheidshuis%20Parkstad.pdf","foi_nrPages":2},{"dc_format":"application/pdf","dc_identifier":"nl.gm1954.2c.2024.2837126-7.doc.4","dc_source":"https://api1.ibabs.eu/publicdownload.aspx?site=Beekdaelen&id=882117c0-4c83-45db-ba44-fc0fec4f4802","dc_title":"Bijlage: Begrotingswijziging 2024","dc_type":"bijlage","foi_fairiscoreVersions":{"v1":1,"v2":1},"foi_fileName":"Z%2F24%2F203485%20-%20363166%20-%201e%20begrotingswijziging%20%20Zorg-%20en%20Veiligheidshuis%20Parkstad.pdf","foi_nrPages":9},{"dc_format":"application/pdf","dc_identifier":"nl.gm1954.2c.2024.2837126-7.doc.5","dc_source":"https://api1.ibabs.eu/publicdownload.aspx?site=Beekdaelen&id=398853ad-0267-45d6-ba37-016dd60ee38c","dc_title":"Bijlage: Meerjarenbegroting 2025-2028","dc_type":"bijlage","foi_fairiscoreVersions":{"v1":1,"v2":1},"foi_fileName":"Z%2F24%2F203485%20-%20363167%20-%20AB%20Meerjarenbegroting%202025%20t%2Fm%202028%20Zorg-%20en%20Veiligheidshuis%20Parkstad.pdf","foi_nrPages":21},{"dc_format":"application/pdf","dc_identifier":"nl.gm1954.2c.2024.2837126-7.doc.6","dc_source":"https://api1.ibabs.eu/publicdownload.aspx?site=Beekdaelen&id=6ab2038f-62ec-4dda-ad7e-c717732063f0","dc_title":"Bijlage 5: Brief aan ZVHP inzake raadsbesluit","dc_type":"bijlage","foi_fairiscoreVersions":{"v1":2,"v2":2},"foi_fileName":"Z%2F24%2F203485%20-%20364362%20-%20Raadsbesluit%20en%20zienswijze%20GR%20ZVHP.pdf","foi_nrPages":1}],"foi_nrDocuments":11,"foi_nrPagesInDossier":44,"foi_publishedDate":"2024-05-29","foi_retrievedDate":"2025-12-05"},{"dc_creator":"HandelingScraper_v1","dc_date_year":2024,"dc_description":"Vergadering van de Gemeente Beekdaelen op 2024-05-29. Onderdeel: Voorstel inzake \u201cZienswijze conceptbegroting 2025 en jaarstukken 2023 GR Stadsregio Parkstad.","dc_identifier":"nl.gm1954.2c.2024.2837126-8","dc_publisher":"gm1954","dc_source":"https://beekdaelen.bestuurlijkeinformatie.nl/Agenda/Index/8ca83297-6e70-4c9f-8ea9-ec66723c5953","dc_title":"Raadscommissie Bestuur en Middelen 2024-05-29 - Voorstel inzake \u201cZienswijze conceptbegroting 2025 en jaarstukken 2023 GR Stadsregio Parkstad","dc_type":"2c","dc_type_description":"Vergaderstuk decentrale overheid","foi_fairiscoreVersions":{"v1":2,"v2":1},"foi_files":[{"dc_format":"application/octet-stream","dc_identifier":"nl.gm1954.2c.2024.2837126-8.doc.5","dc_source":"https://api1.ibabs.eu/publicdownload.aspx?site=Beekdaelen&id=256b6b00-c12b-4c48-bfc9-2a59046c76b7","dc_title":"B5 1e termijn","dc_type":"bijlage","foi_fileName":"B5%201e%20termijn.mp3"},{"dc_format":"application/octet-stream","dc_identifier":"nl.gm1954.2c.2024.2837126-8.doc.7","dc_source":"https://api1.ibabs.eu/publicdownload.aspx?site=Beekdaelen&id=721f6f49-a774-46c4-acf2-6859779dddf9","dc_title":"B5 advies commissie","dc_type":"bijlage","foi_fileName":"B5%20advies%20commissie.mp3"},{"dc_format":"application/octet-stream","dc_identifier":"nl.gm1954.2c.2024.2837126-8.doc.6","dc_source":"https://api1.ibabs.eu/publicdownload.aspx?site=Beekdaelen&id=98a8774b-bf95-480e-917d-cbf2a06577eb","dc_title":"B5 beantwoording 1e termijn","dc_type":"bijlage","foi_fileName":"B5%20beantwoording%201e%20termijn.mp3"},{"dc_format":"application/pdf","dc_identifier":"nl.gm1954.2c.2024.2837126-8.doc.4","dc_source":"https://api1.ibabs.eu/publicdownload.aspx?site=Beekdaelen&id=57d3f338-5644-4533-b0cb-c0baf8e29424","dc_title":"Bijlage 3: Concept Jaarstukken 2023 stadsregio Parkstad Limburg","dc_type":"bijlage","foi_fairiscoreVersions":{"v1":2,"v2":1},"foi_fileName":"Concept%20Jaarstukken%202023%20stadsregio%20Parkstad%20Limburg.pdf","foi_nrPages":101},{"dc_format":"application/pdf","dc_identifier":"nl.gm1954.2c.2024.2837126-8.doc.3","dc_source":"https://api1.ibabs.eu/publicdownload.aspx?site=Beekdaelen&id=1e93c9d9-11ab-44fb-9df3-a6cc54c427b6","dc_title":"Bijlage 2: Ontwerpbegroting 2025 en meerjarenraming 2026-2028 stadsregio Parkstad Limburg","dc_type":"bijlage","foi_fairiscoreVersions":{"v1":2,"v2":1},"foi_fileName":"Ontwerpbegroting%202025%20en%20meerjarenraming%202026-2028%20stadsregio%20Parkstad%20Limburg.pdf","foi_nrPages":46},{"dc_format":"application/pdf","dc_identifier":"nl.gm1954.2c.2024.2837126-8.doc.2","dc_source":"https://api1.ibabs.eu/publicdownload.aspx?site=Beekdaelen&id=2e8bfcdf-2062-4ebc-87ce-e1edec2fd63c","dc_title":"Bijlage 1: Raadsbesluit begroting 2025 stadsregio Parkstad Limburg","dc_type":"bijlage","foi_fairiscoreVersions":{"v1":1,"v2":1},"foi_fileName":"Raadsbesluit%20begroting%202025%20stadsregio%20Parkstad%20Limburg.pdf","foi_nrPages":1},{"dc_format":"application/pdf","dc_identifier":"nl.gm1954.2c.2024.2837126-8.doc.1","dc_source":"https://api1.ibabs.eu/publicdownload.aspx?site=Beekdaelen&id=8448972a-8fde-418d-8bce-8c1d785e17a7","dc_title":"Raadsvoorstel begroting 2025 stadsregio Parkstad Limburg","dc_type":"bijlage","foi_fairiscoreVersions":{"v1":1,"v2":1},"foi_fileName":"Raadsvoorstel%20begroting%202025%20stadsregio%20Parkstad%20Limburg.pdf","foi_nrPages":7}],"foi_nrDocuments":7,"foi_nrPagesInDossier":155,"foi_publishedDate":"2024-05-29","foi_retrievedDate":"2026-03-03"},{"dc_creator":"HandelingScraper_v1","dc_date_year":2024,"dc_description":"Vergadering van de Gemeente Beekdaelen op 2024-05-29. Onderdeel: Raadsvoorstel inzake: 2e tranche tijdelijke uitvoeringsregeling, 5 jaar Beekdaelen.","dc_identifier":"nl.gm1954.2c.2024.2837126-9","dc_publisher":"gm1954","dc_source":"https://beekdaelen.bestuurlijkeinformatie.nl/Agenda/Index/8ca83297-6e70-4c9f-8ea9-ec66723c5953","dc_title":"Raadscommissie Bestuur en Middelen 2024-05-29 - Raadsvoorstel inzake: 2e tranche tijdelijke uitvoeringsregeling, 5 jaar Beekdaelen","dc_type":"2c","dc_type_description":"Vergaderstuk decentrale overheid","foi_fairiscoreVersions":{"v1":2,"v2":1},"foi_files":[{"dc_format":"application/pdf","dc_identifier":"nl.gm1954.2c.2024.2837126-9.doc.2","dc_source":"https://api1.ibabs.eu/publicdownload.aspx?site=Beekdaelen&id=501915d1-b27b-40ff-82fc-c1d22b689943","dc_title":"Raadsbesluit Tweede tranche tijdelijke regeling","dc_type":"bijlage","foi_fairiscoreVersions":{"v1":2,"v2":1},"foi_fileName":"364435_1%20-%20Z23195686%20-%20364435%20-%20Tweede%20tranche%20tijdelijke%20regeling.pdf","foi_nrPages":2},{"dc_format":"application/octet-stream","dc_identifier":"nl.gm1954.2c.2024.2837126-9.doc.5","dc_source":"https://api1.ibabs.eu/publicdownload.aspx?site=Beekdaelen&id=3bd0540e-9ca1-4584-80f8-fc4d919a1eee","dc_title":"B6 1e termijn","dc_type":"bijlage","foi_fileName":"B6%201e%20termijn.mp3"},{"dc_format":"application/octet-stream","dc_identifier":"nl.gm1954.2c.2024.2837126-9.doc.7","dc_source":"https://api1.ibabs.eu/publicdownload.aspx?site=Beekdaelen&id=1e01786c-d4f0-40c7-be89-4c5fac59c169","dc_title":"B6 2e termijn","dc_type":"bijlage","foi_fileName":"B6%202e%20termijn.mp3"},{"dc_format":"application/octet-stream","dc_identifier":"nl.gm1954.2c.2024.2837126-9.doc.9","dc_source":"https://api1.ibabs.eu/publicdownload.aspx?site=Beekdaelen&id=9d90a4f8-f650-4a8b-9ef6-067b7e5ea4da","dc_title":"B6 advies commissie","dc_type":"bijlage","foi_fileName":"B6%20advies%20commissie.mp3"},{"dc_format":"application/octet-stream","dc_identifier":"nl.gm1954.2c.2024.2837126-9.doc.6","dc_source":"https://api1.ibabs.eu/publicdownload.aspx?site=Beekdaelen&id=8d93aad2-211a-4749-ab5b-07ac57457aa3","dc_title":"B6 beantwoording 1e termijn","dc_type":"bijlage","foi_fileName":"B6%20beantwoording%201e%20termijn.mp3"},{"dc_format":"application/octet-stream","dc_identifier":"nl.gm1954.2c.2024.2837126-9.doc.8","dc_source":"https://api1.ibabs.eu/publicdownload.aspx?site=Beekdaelen&id=a379227c-b939-43f4-a255-76fea1267077","dc_title":"B6 beantwoording 2e termijn","dc_type":"bijlage","foi_fileName":"B6%20beantwoording%202e%20termijn.mp3"},{"dc_format":"application/pdf","dc_identifier":"nl.gm1954.2c.2024.2837126-9.doc.3","dc_source":"https://api1.ibabs.eu/publicdownload.aspx?site=Beekdaelen&id=11e9da07-1107-4899-9baf-6b111b5379a5","dc_title":"Bijlage 1 Tweede Tranche Tijdelijke uitvoeringsregeling 5 jaar Beekdaelen","dc_type":"bijlage","foi_fairiscoreVersions":{"v1":1,"v2":1},"foi_fileName":"Bijlage%201%20Tweede%20Tranche%20Tijdelijke%20uitvoeringsregeling%205%20jaar%20Beekdaelen.pdf","foi_nrPages":2},{"dc_format":"application/pdf","dc_identifier":"nl.gm1954.2c.2024.2837126-9.doc.4","dc_source":"https://api1.ibabs.eu/publicdownload.aspx?site=Beekdaelen&id=5cdfcc3b-5792-4d24-8f58-4a694d94b3cf","dc_title":"MvA VG B&M B6","dc_type":"bijlage","foi_fairiscoreVersions":{"v1":1,"v2":1},"foi_fileName":"MvA%20VG%20B%26M%20B6.pdf","foi_nrPages":1},{"dc_format":"application/pdf","dc_identifier":"nl.gm1954.2c.2024.2837126-9.doc.1","dc_source":"https://api1.ibabs.eu/publicdownload.aspx?site=Beekdaelen&id=87d8bce7-8dcf-44ef-9451-e6d69f9b8b49","dc_title":"Raadsvoorstel 2e tranche tijdelijke uitvoeringsregeling, 5 jaar Beekdaelen","dc_type":"bijlage","foi_fairiscoreVersions":{"v1":1,"v2":1},"foi_fileName":"Raadsvoorstel%202e%20tranche%20tijdelijke%20uitvoeringsregeling_%205%20jaar%20Beekdaelen.pdf","foi_nrPages":3}],"foi_nrDocuments":9,"foi_nrPagesInDossier":8,"foi_publishedDate":"2024-05-29","foi_retrievedDate":"2025-12-01"},{"dc_creator":"HandelingScraper_v1","dc_date_year":2024,"dc_description":"Vergadering van de Gemeente Beekdaelen op 2024-05-30. Onderdeel: Algemeen.","dc_identifier":"nl.gm1954.2c.2024.2837351-1","dc_publisher":"gm1954","dc_source":"https://beekdaelen.bestuurlijkeinformatie.nl/Agenda/Index/24201cde-00f0-42da-8665-e78909a58afa","dc_title":"Raadscommissie Fysieke Leefomgeving 2024-05-30 - Algemeen","dc_type":"2c","dc_type_description":"Vergaderstuk decentrale overheid","foi_fairiscoreVersions":{"v1":1,"v2":1},"foi_files":[{"dc_format":"application/pdf","dc_identifier":"nl.gm1954.2c.2024.2837351-1.doc.1","dc_source":"https://api1.ibabs.eu/publicdownload.aspx?site=Beekdaelen&id=99a4f043-1a9e-4e09-989c-9932026346a1","dc_title":"Technische vragen BL FLO B1, B4 en B5","dc_type":"bijlage","foi_fairiscoreVersions":{"v1":1,"v2":1},"foi_fileName":"Technische%20vragen%20BL%20FLO%20B1_%20B4%20en%20B5.pdf","foi_nrPages":2},{"dc_format":"application/pdf","dc_identifier":"nl.gm1954.2c.2024.2837351-1.doc.4","dc_source":"https://api1.ibabs.eu/publicdownload.aspx?site=Beekdaelen&id=313c206a-cbc4-4d4f-bf36-15ccaae0c8e1","dc_title":"Technische vragen CDA FLO B1 B2 en B3","dc_type":"bijlage","foi_fairiscoreVersions":{"v1":1,"v2":1},"foi_fileName":"Technische%20vragen%20CDA%20FLO%20B1%20B2%20en%20B3.pdf","foi_nrPages":1},{"dc_format":"application/pdf","dc_identifier":"nl.gm1954.2c.2024.2837351-1.doc.2","dc_source":"https://api1.ibabs.eu/publicdownload.aspx?site=Beekdaelen&id=0161ddeb-5f59-4870-9f53-30b059a33b1e","dc_title":"Technische vragen Koll\u00e9e Rijkx FLO B1 en B3","dc_type":"bijlage","foi_fairiscoreVersions":{"v1":1,"v2":1},"foi_fileName":"Technische%20vragen%20Koll%C3%A9e%20Rijkx%20FLO%20B1%20en%20B3.pdf","foi_nrPages":1},{"dc_format":"application/pdf","dc_identifier":"nl.gm1954.2c.2024.2837351-1.doc.3","dc_source":"https://api1.ibabs.eu/publicdownload.aspx?site=Beekdaelen&id=247aa4a5-5f86-4d39-bcae-50cec72601d5","dc_title":"Technische vragen VG FLO B1 B2 B4 en B5","dc_type":"bijlage","foi_fairiscoreVersions":{"v1":1,"v2":1},"foi_fileName":"Technische%20vragen%20VG%20FLO%20B1%20B2%20B4%20en%20B5.pdf","foi_nrPages":1}],"foi_nrDocuments":4,"foi_nrPagesInDossier":5,"foi_publishedDate":"2024-05-30","foi_retrievedDate":"2025-11-29"},{"dc_creator":"HandelingScraper_v1","dc_date_year":2024,"dc_description":"Vergadering van de Gemeente Beekdaelen op 2024-05-30. Onderdeel: Opening, mededelingen voorzitter en vaststellen agenda.","dc_identifier":"nl.gm1954.2c.2024.2837351-2","dc_publisher":"gm1954","dc_source":"https://beekdaelen.bestuurlijkeinformatie.nl/Agenda/Index/24201cde-00f0-42da-8665-e78909a58afa","dc_title":"Raadscommissie Fysieke Leefomgeving 2024-05-30 - Opening, mededelingen voorzitter en vaststellen agenda","dc_type":"2c","dc_type_description":"Vergaderstuk decentrale overheid","foi_fairiscoreVersions":{"v1":2,"v2":1},"foi_files":[{"dc_format":"application/octet-stream","dc_identifier":"nl.gm1954.2c.2024.2837351-2.doc.2","dc_source":"https://api1.ibabs.eu/publicdownload.aspx?site=Beekdaelen&id=d10ff352-65bf-471e-a354-0f993bb5559a","dc_title":"A1","dc_type":"bijlage","foi_fileName":"A1.mp3","foi_nrPages":1},{"dc_format":"application/pdf","dc_identifier":"nl.gm1954.2c.2024.2837351-2.doc.1","dc_source":"https://api1.ibabs.eu/publicdownload.aspx?site=Beekdaelen&id=b82395f5-774e-4e52-b81d-e31f626ac737","dc_title":"Concept uitnodiging en agenda cie. Fysieke Leefomgeving 30052024","dc_type":"bijlage","foi_fairiscoreVersions":{"v1":2,"v2":1},"foi_fileName":"Concept%20uitnodiging%20en%20agenda%20cie.pdf","foi_nrPages":2}],"foi_nrDocuments":2,"foi_nrPagesInDossier":3,"foi_publishedDate":"2024-05-30","foi_retrievedDate":"2025-11-29"},{"dc_creator":"HandelingScraper_v1","dc_date_year":2024,"dc_description":"Vergadering van de Gemeente Beekdaelen op 2024-05-30. Onderdeel: Vaststellen actiepuntenlijst van de raadscommissie Fysieke Leefomgeving d.d. 11 april 2024.","dc_identifier":"nl.gm1954.2c.2024.2837351-3","dc_publisher":"gm1954","dc_source":"https://beekdaelen.bestuurlijkeinformatie.nl/Agenda/Index/24201cde-00f0-42da-8665-e78909a58afa","dc_title":"Raadscommissie Fysieke Leefomgeving 2024-05-30 - Vaststellen actiepuntenlijst van de raadscommissie Fysieke Leefomgeving d.d. 11 april 2024","dc_type":"2c","dc_type_description":"Vergaderstuk decentrale overheid","foi_fairiscoreVersions":{"v1":1,"v2":1},"foi_files":[{"dc_format":"application/octet-stream","dc_identifier":"nl.gm1954.2c.2024.2837351-3.doc.2","dc_source":"https://api1.ibabs.eu/publicdownload.aspx?site=Beekdaelen&id=22d4b7a1-4680-4a88-b106-f1c340a96b71","dc_title":"A3","dc_type":"bijlage","foi_fileName":"A3.mp3","foi_nrPages":1},{"dc_format":"application/pdf","dc_identifier":"nl.gm1954.2c.2024.2837351-3.doc.1","dc_source":"https://api1.ibabs.eu/publicdownload.aspx?site=Beekdaelen&id=fda65944-22ca-4516-8f4d-4220fa652c60","dc_title":"Actiepuntenlijst 11.04.2024","dc_type":"bijlage","foi_fairiscoreVersions":{"v1":1,"v2":1},"foi_fileName":"Actiepuntenlijst%2011042024%20%28kopie%20uit%20Decos%29.pdf","foi_nrPages":6}],"foi_nrDocuments":2,"foi_nrPagesInDossier":7,"foi_publishedDate":"2024-05-30","foi_retrievedDate":"2025-11-29"},{"dc_creator":"HandelingScraper_v1","dc_date_year":2024,"dc_description":"Vergadering van de Gemeente Beekdaelen op 2024-05-30. Onderdeel: Raadsvoorstel inzake: (RUD) \" Ontwerpbegroting 2025 en Meerjarenraming 2026-2028, begrotingswijziging 2024 en jaarstukken 2023  van RUD Zuid-Limburg..","dc_identifier":"nl.gm1954.2c.2024.2837351-4","dc_publisher":"gm1954","dc_source":"https://beekdaelen.bestuurlijkeinformatie.nl/Agenda/Index/24201cde-00f0-42da-8665-e78909a58afa","dc_title":"Raadscommissie Fysieke Leefomgeving 2024-05-30 - Raadsvoorstel inzake: (RUD) \" Ontwerpbegroting 2025 en Meerjarenraming 2026-2028, begrotingswijziging 2024 en jaarstukken 2023  van RUD Zuid-Limburg.","dc_type":"2c","dc_type_description":"Vergaderstuk decentrale overheid","foi_fairiscoreVersions":{"v1":2,"v2":2},"foi_files":[{"dc_format":"application/octet-stream","dc_identifier":"nl.gm1954.2c.2024.2837351-4.doc.10","dc_source":"https://api1.ibabs.eu/publicdownload.aspx?site=Beekdaelen&id=bfc62d2d-d53a-4a6c-bc28-88ccb2248ef6","dc_title":"B1 1e termijn","dc_type":"bijlage","foi_fileName":"B1%201e%20termijn.mp3","foi_nrPages":1},{"dc_format":"application/octet-stream","dc_identifier":"nl.gm1954.2c.2024.2837351-4.doc.12","dc_source":"https://api1.ibabs.eu/publicdownload.aspx?site=Beekdaelen&id=270df2a7-21cd-4379-bb7e-e88ae222cd1d","dc_title":"B1 2e termijn","dc_type":"bijlage","foi_fileName":"B1%202e%20termijn.mp3","foi_nrPages":1},{"dc_format":"application/octet-stream","dc_identifier":"nl.gm1954.2c.2024.2837351-4.doc.14","dc_source":"https://api1.ibabs.eu/publicdownload.aspx?site=Beekdaelen&id=951fa55e-86ed-4647-af77-b63ef2a147f9","dc_title":"B1 advies commissie I","dc_type":"bijlage","foi_fileName":"B1%20advies%20commissie%20I.mp3","foi_nrPages":1},{"dc_format":"application/octet-stream","dc_identifier":"nl.gm1954.2c.2024.2837351-4.doc.15","dc_source":"https://api1.ibabs.eu/publicdownload.aspx?site=Beekdaelen&id=e402294b-4b3b-43be-815e-084e3030c91f","dc_title":"B1 advies commissie II","dc_type":"bijlage","foi_fileName":"B1%20advies%20commissie%20II.mp3","foi_nrPages":1},{"dc_format":"application/octet-stream","dc_identifier":"nl.gm1954.2c.2024.2837351-4.doc.11","dc_source":"https://api1.ibabs.eu/publicdownload.aspx?site=Beekdaelen&id=5372e125-0f46-4952-afa0-7de6b85f1cb3","dc_title":"B1 beantwoording 1e termijn","dc_type":"bijlage","foi_fileName":"B1%20beantwoording%201e%20termijn.mp3","foi_nrPages":1},{"dc_format":"application/octet-stream","dc_identifier":"nl.gm1954.2c.2024.2837351-4.doc.13","dc_source":"https://api1.ibabs.eu/publicdownload.aspx?site=Beekdaelen&id=ac3817c6-133f-4c4d-8324-ec80895bbd40","dc_title":"B1 beantwoording 2e termijn","dc_type":"bijlage","foi_fileName":"B1%20beantwoording%202e%20termijn.mp3","foi_nrPages":1},{"dc_format":"application/pdf","dc_identifier":"nl.gm1954.2c.2024.2837351-4.doc.6","dc_source":"https://api1.ibabs.eu/publicdownload.aspx?site=Beekdaelen&id=675f3ee9-79c4-4f0f-b66c-24cd7601f12f","dc_title":"MvA BL B1","dc_type":"bijlage","foi_fairiscoreVersions":{"v1":1,"v2":1},"foi_fileName":"MvA%20BL%20FLO%20B1.pdf","foi_nrPages":1},{"dc_format":"application/pdf","dc_identifier":"nl.gm1954.2c.2024.2837351-4.doc.7","dc_source":"https://api1.ibabs.eu/publicdownload.aspx?site=Beekdaelen&id=fb742786-85b7-44fb-bd7a-4fbdc80a800e","dc_title":"MvA CDA B1","dc_type":"bijlage","foi_fairiscoreVersions":{"v1":1,"v2":1},"foi_fileName":"MvA%20CDA%20B1.pdf","foi_nrPages":2},{"dc_format":"application/pdf","dc_identifier":"nl.gm1954.2c.2024.2837351-4.doc.8","dc_source":"https://api1.ibabs.eu/publicdownload.aspx?site=Beekdaelen&id=291cb21b-bc02-4974-a610-da1c7dd2a24a","dc_title":"MvA Koll\u00e9e-Rijkx B1","dc_type":"bijlage","foi_fairiscoreVersions":{"v1":1,"v2":1},"foi_fileName":"MvA%20Koll%C3%A9e-Rijkx%20B1.pdf","foi_nrPages":2},{"dc_format":"application/pdf","dc_identifier":"nl.gm1954.2c.2024.2837351-4.doc.9","dc_source":"https://api1.ibabs.eu/publicdownload.aspx?site=Beekdaelen&id=15f51811-3227-4c5d-9dcd-a0bc94f07aa3","dc_title":"MvA Vernieuwingsgroep B1","dc_type":"bijlage","foi_fairiscoreVersions":{"v1":1,"v2":1},"foi_fileName":"MvA%20Vernieuwingsgroep%20B1.pdf","foi_nrPages":2},{"dc_format":"application/pdf","dc_identifier":"nl.gm1954.2c.2024.2837351-4.doc.5","dc_source":"https://api1.ibabs.eu/publicdownload.aspx?site=Beekdaelen&id=95f5ec4c-519d-40c3-8ee8-9791e58aa405","dc_title":"Bijlage 4: Raadsbesluit Ontwerpbegroting 2025, meerjarenraming 2026-2028, Jaarrekening 2023 en ontwerp-begrotingswijziging 2024 van de RUD ZL","dc_type":"bijlage","foi_fairiscoreVersions":{"v1":2,"v2":1},"foi_fileName":"Raadsbesluit%20Ontwerpbegroting%202025_%20meerjarenraming%202026-2028_%20Jaarrekening%202023%20en%20ontwerp-begrotingswijziging%202024%20van%20de%20RUD%20ZL.pdf","foi_nrPages":2},{"dc_format":"application/pdf","dc_identifier":"nl.gm1954.2c.2024.2837351-4.doc.1","dc_source":"https://api1.ibabs.eu/publicdownload.aspx?site=Beekdaelen&id=1c3623e9-b041-4933-a6dc-3c172e1035cc","dc_title":"Raadsvoorstel Ontwerpbegroting 2025, meerjarenraming 2026-2028, Jaarrekening 2023 en ontwerp-begrotingswijziging 2024 van de RUD ZL","dc_type":"bijlage","foi_fairiscoreVersions":{"v1":2,"v2":1},"foi_fileName":"Raadsvoorstel%20Ontwerpbegroting%202025_%20meerjarenraming%202026-2028_%20Jaarrekening%202023%20en%20ontwerp-begrotingswijziging%202024%20van%20de%20RUD%20ZL.pdf","foi_nrPages":7},{"dc_format":"application/pdf","dc_identifier":"nl.gm1954.2c.2024.2837351-4.doc.3","dc_source":"https://api1.ibabs.eu/publicdownload.aspx?site=Beekdaelen&id=a21d4f69-ca6e-4c27-b62d-af7cdd6d1e80","dc_title":"Bijlage 2: Jaarstukken 2023","dc_type":"bijlage","foi_fairiscoreVersions":{"v1":2,"v2":2},"foi_fileName":"Z%2F24%2F202492%20-%20361960%20-%20bijlage%3A%20Jaarstukken%202023.pdf","foi_nrPages":57},{"dc_format":"application/pdf","dc_identifier":"nl.gm1954.2c.2024.2837351-4.doc.4","dc_source":"https://api1.ibabs.eu/publicdownload.aspx?site=Beekdaelen&id=1bd3d9fe-c7ef-4273-b51c-754cd2a352bc","dc_title":"Bijlage 3: Begrotingswijziging 2024","dc_type":"bijlage","foi_fairiscoreVersions":{"v1":5,"v2":5},"foi_fileName":"Z%2F24%2F202492%20-%20362722%20-%20bijlage%3A%20Begrotingswijziging%202024.pdf","foi_nrPages":5},{"dc_format":"application/pdf","dc_identifier":"nl.gm1954.2c.2024.2837351-4.doc.2","dc_source":"https://api1.ibabs.eu/publicdownload.aspx?site=Beekdaelen&id=28cc5f7e-e141-47f2-b3dc-262760d79e76","dc_title":"Bijlage 1: Ontwerpbegroting 2025 en Meerjarenraming 2026-2028 RUD","dc_type":"bijlage","foi_fairiscoreVersions":{"v1":2,"v2":1},"foi_fileName":"Z%2F24%2F202492%20-%20364448%20-%20Ontwerpbegroting%202025.pdf","foi_nrPages":58}],"foi_nrDocuments":15,"foi_nrPagesInDossier":142,"foi_publishedDate":"2024-05-30","foi_retrievedDate":"2025-11-29"},{"dc_creator":"HandelingScraper_v1","dc_date_year":2024,"dc_description":"Vergadering van de Gemeente Beekdaelen op 2024-05-30. Onderdeel: Raadsvoorstel inzake: Zienswijze begroting 2025 Rd4.","dc_identifier":"nl.gm1954.2c.2024.2837351-5","dc_publisher":"gm1954","dc_source":"https://beekdaelen.bestuurlijkeinformatie.nl/Agenda/Index/24201cde-00f0-42da-8665-e78909a58afa","dc_title":"Raadscommissie Fysieke Leefomgeving 2024-05-30 - Raadsvoorstel inzake: Zienswijze begroting 2025 Rd4","dc_type":"2c","dc_type_description":"Vergaderstuk decentrale overheid","foi_fairiscoreVersions":{"v1":2,"v2":2},"foi_files":[{"dc_format":"application/pdf","dc_identifier":"nl.gm1954.2c.2024.2837351-5.doc.1","dc_source":"https://api1.ibabs.eu/publicdownload.aspx?site=Beekdaelen&id=1c10c7d3-d2f4-4040-aa55-04ed538a4767","dc_title":"Raadsvoorstel inzake zienswijze begroting 2025 GR Rd4","dc_type":"bijlage","foi_fairiscoreVersions":{"v1":1,"v2":1},"foi_fileName":"2024%2005%2023%20363258_1%20Gewijzigd%20raadsvoorstel%20Zienswijze%20begroting%202025%20GR%20Rd4.pdf","foi_nrPages":3},{"dc_format":"application/octet-stream","dc_identifier":"nl.gm1954.2c.2024.2837351-5.doc.8","dc_source":"https://api1.ibabs.eu/publicdownload.aspx?site=Beekdaelen&id=977112da-e73c-43f6-a041-f50a4365c4c8","dc_title":"B2 1e termijn","dc_type":"bijlage","foi_fileName":"B2%201e%20termijn.mp3","foi_nrPages":1},{"dc_format":"application/octet-stream","dc_identifier":"nl.gm1954.2c.2024.2837351-5.doc.10","dc_source":"https://api1.ibabs.eu/publicdownload.aspx?site=Beekdaelen&id=816b277b-19bf-4278-8468-149f7e32ce78","dc_title":"B2 2e termijn","dc_type":"bijlage","foi_fileName":"B2%202e%20termijn.mp3","foi_nrPages":1},{"dc_format":"application/octet-stream","dc_identifier":"nl.gm1954.2c.2024.2837351-5.doc.11","dc_source":"https://api1.ibabs.eu/publicdownload.aspx?site=Beekdaelen&id=85900065-17f4-42c5-8c39-b5ad7cd2bccd","dc_title":"B2 beantwoording 2e termijn en advies commissie","dc_type":"bijlage","foi_fileName":"B2%202e%20termijn%20en%20advies%20commissie.mp3","foi_nrPages":1},{"dc_format":"application/octet-stream","dc_identifier":"nl.gm1954.2c.2024.2837351-5.doc.9","dc_source":"https://api1.ibabs.eu/publicdownload.aspx?site=Beekdaelen&id=f3fe8064-cb67-48c5-9bed-25aec697b52c","dc_title":"B2 beantwoording 1e termijn","dc_type":"bijlage","foi_fileName":"B2%20beantwoording%201e%20termijn.mp3","foi_nrPages":1},{"dc_format":"application/pdf","dc_identifier":"nl.gm1954.2c.2024.2837351-5.doc.7","dc_source":"https://api1.ibabs.eu/publicdownload.aspx?site=Beekdaelen&id=1eb441a5-4366-4749-9d82-d446be2ffdec","dc_title":"MvA VG B2","dc_type":"bijlage","foi_fairiscoreVersions":{"v1":1,"v2":1},"foi_fileName":"MvA%20VG%20B2.pdf","foi_nrPages":1},{"dc_format":"application/pdf","dc_identifier":"nl.gm1954.2c.2024.2837351-5.doc.2","dc_source":"https://api1.ibabs.eu/publicdownload.aspx?site=Beekdaelen&id=747b82c6-d69e-4d71-9ce5-80f42d93c0dd","dc_title":"Raadsvoorstel - Zienswijze begroting 2025 GR Rd4 VERVALLEN","dc_type":"bijlage","foi_fairiscoreVersions":{"v1":2,"v2":1},"foi_fileName":"Z%2F24%2F203875%20-%20363258%20-%20Ontwerpbegroting%202025%20GR%20Rd4.pdf","foi_nrPages":3},{"dc_format":"application/pdf","dc_identifier":"nl.gm1954.2c.2024.2837351-5.doc.3","dc_source":"https://api1.ibabs.eu/publicdownload.aspx?site=Beekdaelen&id=6245ec90-0366-4b26-ad90-aad28706c869","dc_title":"Raadsbesluit inzake Begroting 2025 GR Rd4 - vastgesteld 11-06-2024","dc_type":"bijlage","foi_fairiscoreVersions":{"v1":1,"v2":1},"foi_fileName":"Z%2F24%2F203875%20-%20363271%20-%20Ontwerpbegroting%202025%20GR%20Rd4.pdf","foi_nrPages":1},{"dc_format":"application/pdf","dc_identifier":"nl.gm1954.2c.2024.2837351-5.doc.4","dc_source":"https://api1.ibabs.eu/publicdownload.aspx?site=Beekdaelen&id=0ede95dc-c346-476f-9986-1b64563953ec","dc_title":"Bijlage: Uitgaande brief aan GR Rd4","dc_type":"bijlage","foi_fairiscoreVersions":{"v1":2,"v2":2},"foi_fileName":"Z%2F24%2F203875%20-%20363305%20-%20Ontwerpbegroting%20GR%20Rd4.pdf","foi_nrPages":1},{"dc_format":"application/pdf","dc_identifier":"nl.gm1954.2c.2024.2837351-5.doc.5","dc_source":"https://api1.ibabs.eu/publicdownload.aspx?site=Beekdaelen&id=b9389bcd-a428-47d7-a41c-5aab54348680","dc_title":"Bijlage: Ontwerpbegroting 2025 GR Rd4","dc_type":"bijlage","foi_fairiscoreVersions":{"v1":2,"v2":2},"foi_fileName":"Z%2F24%2F203875%20-%20363310%20-.pdf","foi_nrPages":66},{"dc_format":"application/pdf","dc_identifier":"nl.gm1954.2c.2024.2837351-5.doc.6","dc_source":"https://api1.ibabs.eu/publicdownload.aspx?site=Beekdaelen&id=3291db52-df8a-4e9d-900e-4ac07afd6475","dc_title":"Bijlage: Meerjarenbegroting Rd4 2026-2028","dc_type":"bijlage","foi_fairiscoreVersions":{"v1":1,"v2":1},"foi_fileName":"Z%2F24%2F203875%20-%20363312.pdf","foi_nrPages":19}],"foi_nrDocuments":11,"foi_nrPagesInDossier":98,"foi_publishedDate":"2024-05-30","foi_retrievedDate":"2025-11-29"},{"dc_creator":"HandelingScraper_v1","dc_date_year":2024,"dc_description":"Vergadering van de Gemeente Beekdaelen op 2024-05-30. Onderdeel: Raadsvoorstel inzake: \"Nota van zienswijzen en vaststelling  bestemmingsplan Gemeenschapshuis Puth\".","dc_identifier":"nl.gm1954.2c.2024.2837351-6","dc_publisher":"gm1954","dc_source":"https://beekdaelen.bestuurlijkeinformatie.nl/Agenda/Index/24201cde-00f0-42da-8665-e78909a58afa","dc_title":"Raadscommissie Fysieke Leefomgeving 2024-05-30 - Raadsvoorstel inzake: \"Nota van zienswijzen en vaststelling  bestemmingsplan Gemeenschapshuis Puth\"","dc_type":"2c","dc_type_description":"Vergaderstuk decentrale overheid","foi_fairiscoreVersions":{"v1":2,"v2":2},"foi_files":[{"dc_format":"application/octet-stream","dc_identifier":"nl.gm1954.2c.2024.2837351-6.doc.12","dc_source":"https://api1.ibabs.eu/publicdownload.aspx?site=Beekdaelen&id=9b8a1037-9daa-4dfd-b783-d6d7d7bb94fe","dc_title":"B3 1e termijn","dc_type":"bijlage","foi_fileName":"B3%201e%20termijn.mp3"},{"dc_format":"application/octet-stream","dc_identifier":"nl.gm1954.2c.2024.2837351-6.doc.14","dc_source":"https://api1.ibabs.eu/publicdownload.aspx?site=Beekdaelen&id=5dfc2ddd-9346-41b3-b919-b3cb411f1666","dc_title":"B3 2e termijn","dc_type":"bijlage","foi_fileName":"B3%202e%20termijn.mp3"},{"dc_format":"application/octet-stream","dc_identifier":"nl.gm1954.2c.2024.2837351-6.doc.16","dc_source":"https://api1.ibabs.eu/publicdownload.aspx?site=Beekdaelen&id=ea60751a-5a2a-4dcd-aaee-6185a8c44ec0","dc_title":"B3 advies commissie II","dc_type":"bijlage","foi_fileName":"B3%20advies%20commissie%20II.mp3"},{"dc_format":"application/octet-stream","dc_identifier":"nl.gm1954.2c.2024.2837351-6.doc.13","dc_source":"https://api1.ibabs.eu/publicdownload.aspx?site=Beekdaelen&id=1f2ef86c-0cce-4ac8-bd36-da9c79c14c3c","dc_title":"B3 beantwoording 1e termijn","dc_type":"bijlage","foi_fileName":"B3%20beantwoording%201e%20termijn.mp3"},{"dc_format":"application/octet-stream","dc_identifier":"nl.gm1954.2c.2024.2837351-6.doc.15","dc_source":"https://api1.ibabs.eu/publicdownload.aspx?site=Beekdaelen&id=ea9d2466-0708-4506-97cb-6176071b9d20","dc_title":"B3 beantwoording 2e termijn en advies commissie I","dc_type":"bijlage","foi_fileName":"B3%20beantwoording%202e%20termijn%20en%20advies%20commissie%20I.mp3"},{"dc_format":"application/pdf","dc_identifier":"nl.gm1954.2c.2024.2837351-6.doc.11","dc_source":"https://api1.ibabs.eu/publicdownload.aspx?site=Beekdaelen&id=505f2d49-8662-44c8-bdf8-7514f80b39bc","dc_title":"B3 MvT met betrekking tot ingetrokken zienswijze","dc_type":"bijlage","foi_fairiscoreVersions":{"v1":1,"v2":1},"foi_fileName":"B3%20MvT%20met%20betrekking%20tot%20ingetrokken%20zienswijze.pdf","foi_nrPages":1},{"dc_format":"application/pdf","dc_identifier":"nl.gm1954.2c.2024.2837351-6.doc.3","dc_source":"https://api1.ibabs.eu/publicdownload.aspx?site=Beekdaelen&id=b9ab8aa1-c60e-4633-8173-a688133ee57e","dc_title":"Bijlage 2- Nota van zienswijze (geanonimiseerd)","dc_type":"bijlage","foi_fairiscoreVersions":{"v1":2,"v2":2},"foi_fileName":"Bijlage%202-%20Nota%20van%20zienswijze%20%28geanonimiseerd%29.pdf","foi_nrPages":8},{"dc_format":"application/pdf","dc_identifier":"nl.gm1954.2c.2024.2837351-6.doc.7","dc_source":"https://api1.ibabs.eu/publicdownload.aspx?site=Beekdaelen&id=df677b70-3003-495b-94bf-d176eaf669d6","dc_title":"Bijlage 6: Bijlagen bij de toelichting","dc_type":"bijlage","foi_fairiscoreVersions":{"v1":2,"v2":2},"foi_fileName":"Bijlagen%20bij%20de%20toelichting_%2018%20april%202024.pdf","foi_nrPages":870},{"dc_format":"application/pdf","dc_identifier":"nl.gm1954.2c.2024.2837351-6.doc.9","dc_source":"https://api1.ibabs.eu/publicdownload.aspx?site=Beekdaelen&id=9bb4a878-bcab-4a9b-bbde-fcc31f383c53","dc_title":"Memorie van Antwoord technische voorvragen commissie B3 - CDA","dc_type":"bijlage","foi_fairiscoreVersions":{"v1":1,"v2":1},"foi_fileName":"def%20-%20Memorie%20van%20Antwoord%20technische%20voorvragen%20commissie%20-%20CDA.pdf","foi_nrPages":2},{"dc_format":"application/pdf","dc_identifier":"nl.gm1954.2c.2024.2837351-6.doc.10","dc_source":"https://api1.ibabs.eu/publicdownload.aspx?site=Beekdaelen&id=35239946-7932-433a-adf7-5368af6c8d24","dc_title":"Memorie van Antwoord technische voorvragen commissie B3 - Koll\u00e9e Rijkx","dc_type":"bijlage","foi_fairiscoreVersions":{"v1":1,"v2":1},"foi_fileName":"def%20-%20Memorie%20van%20Antwoord%20technische%20voorvragen%20commissie%20-%20koll%C3%A9e%20Rijkx.pdf","foi_nrPages":1},{"dc_format":"application/pdf","dc_identifier":"nl.gm1954.2c.2024.2837351-6.doc.5","dc_source":"https://api1.ibabs.eu/publicdownload.aspx?site=Beekdaelen&id=40c20cb4-b308-43a4-85f8-3a2fb8ac155d","dc_title":"Bijlage 4: Gewijzigde planegels","dc_type":"bijlage","foi_fairiscoreVersions":{"v1":3,"v2":3},"foi_fileName":"Gewijzigde%20planegels_%2018%20april%202024.pdf","foi_nrPages":44},{"dc_format":"application/pdf","dc_identifier":"nl.gm1954.2c.2024.2837351-6.doc.6","dc_source":"https://api1.ibabs.eu/publicdownload.aspx?site=Beekdaelen&id=c4dd42f7-5d99-45f1-b0b5-ecb014b2695e","dc_title":"Bijlage 5: Gewijzigde toelichting planregels","dc_type":"bijlage","foi_fairiscoreVersions":{"v1":2,"v2":2},"foi_fileName":"Gewijzigde%20toelichting%20planregels_%2018%20april%202024.pdf","foi_nrPages":74},{"dc_format":"application/pdf","dc_identifier":"nl.gm1954.2c.2024.2837351-6.doc.8","dc_source":"https://api1.ibabs.eu/publicdownload.aspx?site=Beekdaelen&id=5991414c-fe4a-49cf-b6dc-4fafd27c0c30","dc_title":"Bijlage 7: Gewijzigde Verbeelding","dc_type":"bijlage","foi_fairiscoreVersions":{"v1":1,"v2":1},"foi_fileName":"gewijzigde%20Verbeelding_%2018%20april%202024.pdf","foi_nrPages":1},{"dc_format":"application/pdf","dc_identifier":"nl.gm1954.2c.2024.2837351-6.doc.4","dc_source":"https://api1.ibabs.eu/publicdownload.aspx?site=Beekdaelen&id=03bcf89e-9a25-46c9-8fa0-9d4b1e8b16a4","dc_title":"Bijlage 3: Raadsbesluit","dc_type":"bijlage","foi_fairiscoreVersions":{"v1":1,"v2":1},"foi_fileName":"Raadsbesluit_%2023%20april%202023.pdf","foi_nrPages":1},{"dc_format":"application/pdf","dc_identifier":"nl.gm1954.2c.2024.2837351-6.doc.1","dc_source":"https://api1.ibabs.eu/publicdownload.aspx?site=Beekdaelen&id=13148a16-143a-444f-80d7-c4e81c21af2a","dc_title":"Raadsvoorstel inzake Nota van zienswijzen en vaststelling  bestemmingsplan","dc_type":"bijlage","foi_fairiscoreVersions":{"v1":1,"v2":1},"foi_fileName":"Raadsvoorstel_%2023%20april%202023.pdf","foi_nrPages":7},{"dc_format":"application/pdf","dc_identifier":"nl.gm1954.2c.2024.2837351-6.doc.2","dc_source":"https://api1.ibabs.eu/publicdownload.aspx?site=Beekdaelen&id=8cf5a7bd-c69f-4789-86a2-fde03675b08b","dc_title":"Bijlage 1: Zienswijze (geanonimiseerd)","dc_type":"bijlage","foi_fairiscoreVersions":{"v1":2,"v2":2},"foi_fileName":"Zienswijze%20%28geanonimiseerd%29_%2023%20januari%202024.pdf","foi_nrPages":4}],"foi_nrDocuments":16,"foi_nrPagesInDossier":1013,"foi_publishedDate":"2024-05-30","foi_retrievedDate":"2025-12-01"},{"dc_creator":"HandelingScraper_v1","dc_date_year":2024,"dc_description":"Vergadering van de Gemeente Beekdaelen op 2024-05-30. Onderdeel: Raadsvoorstel inzake: \"Nota van zienswijzen, bestemmingsplanwijziging\" (Stationstraat 171).","dc_identifier":"nl.gm1954.2c.2024.2837351-7","dc_publisher":"gm1954","dc_source":"https://beekdaelen.bestuurlijkeinformatie.nl/Agenda/Index/24201cde-00f0-42da-8665-e78909a58afa","dc_title":"Raadscommissie Fysieke Leefomgeving 2024-05-30 - Raadsvoorstel inzake: \"Nota van zienswijzen, bestemmingsplanwijziging\" (Stationstraat 171)","dc_type":"2c","dc_type_description":"Vergaderstuk decentrale overheid","foi_fairiscoreVersions":{"v1":2,"v2":2},"foi_files":[{"dc_format":"application/octet-stream","dc_identifier":"nl.gm1954.2c.2024.2837351-7.doc.11","dc_source":"https://api1.ibabs.eu/publicdownload.aspx?site=Beekdaelen&id=9db00889-dd10-4a2c-ab5f-58486c936100","dc_title":"B4 1e termijn","dc_type":"bijlage","foi_fileName":"B4%201e%20termijn.mp3"},{"dc_format":"application/octet-stream","dc_identifier":"nl.gm1954.2c.2024.2837351-7.doc.13","dc_source":"https://api1.ibabs.eu/publicdownload.aspx?site=Beekdaelen&id=8847feaf-9b1c-4672-9c00-deaf1034a764","dc_title":"B4 2e termijn","dc_type":"bijlage","foi_fileName":"B4%202e%20termijn.mp3"},{"dc_format":"application/octet-stream","dc_identifier":"nl.gm1954.2c.2024.2837351-7.doc.15","dc_source":"https://api1.ibabs.eu/publicdownload.aspx?site=Beekdaelen&id=0b13ad1e-5abf-484a-bf11-47e4a1acbd33","dc_title":"B4 advies commissie","dc_type":"bijlage","foi_fileName":"B4%20advies%20commissie.mp3"},{"dc_format":"application/octet-stream","dc_identifier":"nl.gm1954.2c.2024.2837351-7.doc.12","dc_source":"https://api1.ibabs.eu/publicdownload.aspx?site=Beekdaelen&id=f24f5a23-2434-4bb0-b3bd-be68da82bc4f","dc_title":"B4 beantwoording 1e termijn","dc_type":"bijlage","foi_fileName":"B4%20beantwoording%201e%20termijn.mp3"},{"dc_format":"application/octet-stream","dc_identifier":"nl.gm1954.2c.2024.2837351-7.doc.14","dc_source":"https://api1.ibabs.eu/publicdownload.aspx?site=Beekdaelen&id=49101728-e2db-4f19-a493-f2d88fa31c93","dc_title":"B4 beantwoording 2e termijn","dc_type":"bijlage","foi_fileName":"B4%20beantwoording%202e%20termijn.mp3"},{"dc_format":"application/pdf","dc_identifier":"nl.gm1954.2c.2024.2837351-7.doc.2","dc_source":"https://api1.ibabs.eu/publicdownload.aspx?site=Beekdaelen&id=85cd466d-1d24-4a58-9e9b-49e7c9ed7d29","dc_title":"Bijlage 1: concept Raadsbesluit","dc_type":"bijlage","foi_fairiscoreVersions":{"v1":1,"v2":1},"foi_fileName":"Bijlage%201%20concept%20Raadsbesluit.pdf","foi_nrPages":1},{"dc_format":"application/pdf","dc_identifier":"nl.gm1954.2c.2024.2837351-7.doc.3","dc_source":"https://api1.ibabs.eu/publicdownload.aspx?site=Beekdaelen&id=65e4f4e8-1823-4819-8c8e-221cb923855d","dc_title":"Bijlage: toelichting","dc_type":"bijlage","foi_fairiscoreVersions":{"v1":1,"v2":1},"foi_fileName":"Bijlage%202%20toelichting.pdf","foi_nrPages":34},{"dc_format":"application/pdf","dc_identifier":"nl.gm1954.2c.2024.2837351-7.doc.4","dc_source":"https://api1.ibabs.eu/publicdownload.aspx?site=Beekdaelen&id=87525d75-4c57-484a-ac14-5d5996b6b4a0","dc_title":"Bijlage: bijlagen toelichting","dc_type":"bijlage","foi_fairiscoreVersions":{"v1":3,"v2":3},"foi_fileName":"Bijlage%203%20bijlagen%20toelichting.pdf","foi_nrPages":181},{"dc_format":"application/pdf","dc_identifier":"nl.gm1954.2c.2024.2837351-7.doc.5","dc_source":"https://api1.ibabs.eu/publicdownload.aspx?site=Beekdaelen&id=e6efba45-24f0-4a3c-af19-ca0b216905af","dc_title":"Bijlage: regels","dc_type":"bijlage","foi_fairiscoreVersions":{"v1":2,"v2":1},"foi_fileName":"Bijlage%204%20regels.pdf","foi_nrPages":15},{"dc_format":"application/pdf","dc_identifier":"nl.gm1954.2c.2024.2837351-7.doc.6","dc_source":"https://api1.ibabs.eu/publicdownload.aspx?site=Beekdaelen&id=bee8f3e9-663e-4c46-a71b-9d20f8a8fa32","dc_title":"Bijlage: bijlagen regels","dc_type":"bijlage","foi_fairiscoreVersions":{"v1":2,"v2":2},"foi_fileName":"Bijlage%205%20bijlagen%20regels.pdf","foi_nrPages":15},{"dc_format":"application/pdf","dc_identifier":"nl.gm1954.2c.2024.2837351-7.doc.7","dc_source":"https://api1.ibabs.eu/publicdownload.aspx?site=Beekdaelen&id=95ad1a2d-55bf-4a2a-8053-a8d772c323c3","dc_title":"Bijlage: verbeelding","dc_type":"bijlage","foi_fairiscoreVersions":{"v1":1,"v2":1},"foi_fileName":"Bijlage%206%20verbeelding.pdf","foi_nrPages":1},{"dc_format":"application/pdf","dc_identifier":"nl.gm1954.2c.2024.2837351-7.doc.8","dc_source":"https://api1.ibabs.eu/publicdownload.aspx?site=Beekdaelen&id=80bf9659-d282-489f-91eb-5496a275bcba","dc_title":"Bijlage 7 nota van zienswijze GEANONIMISEERD","dc_type":"bijlage","foi_fairiscoreVersions":{"v1":2,"v2":2},"foi_fileName":"Bijlage%207%20nota%20van%20zienswijze%20GEANONIMISEERD%201.pdf","foi_nrPages":35},{"dc_format":"application/pdf","dc_identifier":"nl.gm1954.2c.2024.2837351-7.doc.9","dc_source":"https://api1.ibabs.eu/publicdownload.aspx?site=Beekdaelen&id=256c8b67-111b-41a5-9cad-51730a942fa8","dc_title":"MvA BL B4","dc_type":"bijlage","foi_fairiscoreVersions":{"v1":1,"v2":1},"foi_fileName":"MvA%20BL%20B4.pdf","foi_nrPages":1},{"dc_format":"application/pdf","dc_identifier":"nl.gm1954.2c.2024.2837351-7.doc.10","dc_source":"https://api1.ibabs.eu/publicdownload.aspx?site=Beekdaelen&id=da8372a2-8cf7-4e10-85df-997e6ced3a91","dc_title":"MvA VG B4","dc_type":"bijlage","foi_fairiscoreVersions":{"v1":1,"v2":1},"foi_fileName":"MvA%20VG%20B4.pdf","foi_nrPages":1},{"dc_format":"application/pdf","dc_identifier":"nl.gm1954.2c.2024.2837351-7.doc.1","dc_source":"https://api1.ibabs.eu/publicdownload.aspx?site=Beekdaelen&id=8f4f86b6-c099-4185-898c-ed74f483281d","dc_title":"Raadsvoorstel inzake nota van zienswijzen-bestemmingsplanwijziging (Stationstraat 171)","dc_type":"bijlage","foi_fairiscoreVersions":{"v1":1,"v2":1},"foi_fileName":"Raadsvoorstel%20inzake%20nota%20van%20zienswijzen-bestemmingsplanwijziging.pdf","foi_nrPages":2}],"foi_nrDocuments":15,"foi_nrPagesInDossier":286,"foi_publishedDate":"2024-05-30","foi_retrievedDate":"2026-03-01"},{"dc_creator":"HandelingScraper_v1","dc_date_year":2024,"dc_description":"Vergadering van de Gemeente Beekdaelen op 2024-05-30. Onderdeel: Raadsvoorstel inzake: \"Toevoegen van een levensloopbestendige woning\" (naast de Bingelraderweg 16 te Jabeek).","dc_identifier":"nl.gm1954.2c.2024.2837351-8","dc_publisher":"gm1954","dc_source":"https://beekdaelen.bestuurlijkeinformatie.nl/Agenda/Index/24201cde-00f0-42da-8665-e78909a58afa","dc_title":"Raadscommissie Fysieke Leefomgeving 2024-05-30 - Raadsvoorstel inzake: \"Toevoegen van een levensloopbestendige woning\" (naast de Bingelraderweg 16 te Jabeek)","dc_type":"2c","dc_type_description":"Vergaderstuk decentrale overheid","foi_fairiscoreVersions":{"v1":2,"v2":2},"foi_files":[{"dc_format":"application/octet-stream","dc_identifier":"nl.gm1954.2c.2024.2837351-8.doc.8","dc_source":"https://api1.ibabs.eu/publicdownload.aspx?site=Beekdaelen&id=130de941-409f-47bc-9764-577366d1873b","dc_title":"B5 1e termijn","dc_type":"bijlage","foi_fileName":"B5%201e%20termijn.mp3"},{"dc_format":"application/octet-stream","dc_identifier":"nl.gm1954.2c.2024.2837351-8.doc.10","dc_source":"https://api1.ibabs.eu/publicdownload.aspx?site=Beekdaelen&id=f1c00c60-3e93-4aba-b24c-6935f0bbc5a2","dc_title":"B5 2e termijn","dc_type":"bijlage","foi_fileName":"B5%202e%20termijn.mp3"},{"dc_format":"application/octet-stream","dc_identifier":"nl.gm1954.2c.2024.2837351-8.doc.12","dc_source":"https://api1.ibabs.eu/publicdownload.aspx?site=Beekdaelen&id=fe399441-3843-4f5e-b1a7-0ff657ebb253","dc_title":"B5 advies commissie","dc_type":"bijlage","foi_fileName":"B5%20advies%20commissie.mp3"},{"dc_format":"application/octet-stream","dc_identifier":"nl.gm1954.2c.2024.2837351-8.doc.9","dc_source":"https://api1.ibabs.eu/publicdownload.aspx?site=Beekdaelen&id=5629d89b-df08-4d4b-9b6d-05214a08d984","dc_title":"B5 beantwoording 1e termijn","dc_type":"bijlage","foi_fileName":"B5%20beantwoording%201e%20termijn.mp3"},{"dc_format":"application/octet-stream","dc_identifier":"nl.gm1954.2c.2024.2837351-8.doc.11","dc_source":"https://api1.ibabs.eu/publicdownload.aspx?site=Beekdaelen&id=2de93193-5adc-42c3-b948-8820604a7d30","dc_title":"B5 beantwoording 2e termijn","dc_type":"bijlage","foi_fileName":"B5%20beantwoording%202e%20termijn.mp3"},{"dc_format":"application/pdf","dc_identifier":"nl.gm1954.2c.2024.2837351-8.doc.2","dc_source":"https://api1.ibabs.eu/publicdownload.aspx?site=Beekdaelen&id=f8f610bd-0a5f-480e-826d-9e50a05ac989","dc_title":"Bijlage 1 - Concept Raadsbesluit","dc_type":"bijlage","foi_fairiscoreVersions":{"v1":1,"v2":1},"foi_fileName":"Bijlage%201%20-%20Concept%20Raadsbesluit.pdf","foi_nrPages":1},{"dc_format":"application/pdf","dc_identifier":"nl.gm1954.2c.2024.2837351-8.doc.3","dc_source":"https://api1.ibabs.eu/publicdownload.aspx?site=Beekdaelen&id=1ad997f7-558c-4e98-93a5-d6b4ae155929","dc_title":"Bijlage 2 - Ruimtelijke_onderbouwing_incl bijlagen","dc_type":"bijlage","foi_fairiscoreVersions":{"v1":3,"v2":3},"foi_fileName":"Bijlage%202%20-%20Ruimtelijke_onderbouwing_incl%20bijlagen.pdf","foi_nrPages":110},{"dc_format":"application/pdf","dc_identifier":"nl.gm1954.2c.2024.2837351-8.doc.4","dc_source":"https://api1.ibabs.eu/publicdownload.aspx?site=Beekdaelen&id=ab712719-dca9-4daf-9f64-b44af70939b4","dc_title":"Bijlage 3 - Ontwerpbesluit","dc_type":"bijlage","foi_fairiscoreVersions":{"v1":2,"v2":2},"foi_fileName":"Bijlage%203%20-%20Ontwerpbesluit.pdf","foi_nrPages":4},{"dc_format":"application/pdf","dc_identifier":"nl.gm1954.2c.2024.2837351-8.doc.5","dc_source":"https://api1.ibabs.eu/publicdownload.aspx?site=Beekdaelen&id=293318db-02c3-4130-af35-f4d8f1e8ecc2","dc_title":"Bijlage 4 - (concept) Anterieure overeenkomst (1) (geanonimiseerd)","dc_type":"bijlage","foi_fairiscoreVersions":{"v1":2,"v2":2},"foi_fileName":"Bijlage%204%20-%20%28concept%29%20Anterieure%20overeenkomst%20%281%29%20%28geanonimiseerd%29.pdf","foi_nrPages":16},{"dc_format":"application/pdf","dc_identifier":"nl.gm1954.2c.2024.2837351-8.doc.6","dc_source":"https://api1.ibabs.eu/publicdownload.aspx?site=Beekdaelen&id=58465af8-9076-499b-a192-b0a9b705a6eb","dc_title":"MvA BL B5","dc_type":"bijlage","foi_fairiscoreVersions":{"v1":2,"v2":2},"foi_fileName":"MvA%20BL%20B5.pdf","foi_nrPages":4},{"dc_format":"application/pdf","dc_identifier":"nl.gm1954.2c.2024.2837351-8.doc.7","dc_source":"https://api1.ibabs.eu/publicdownload.aspx?site=Beekdaelen&id=34a45e26-3028-4014-8a09-ebcad771bddc","dc_title":"MvA VG B5","dc_type":"bijlage","foi_fairiscoreVersions":{"v1":1,"v2":1},"foi_fileName":"MvA%20VG%20B5.pdf","foi_nrPages":2},{"dc_format":"application/pdf","dc_identifier":"nl.gm1954.2c.2024.2837351-8.doc.1","dc_source":"https://api1.ibabs.eu/publicdownload.aspx?site=Beekdaelen&id=0ee3b183-57a1-4309-b8c3-366c773bb8e3","dc_title":"Raadsvoorstel \"Toevoegen van een levensloopbestendige woning\" (naast de Bingelraderweg 16 te Jabeek)","dc_type":"bijlage","foi_fairiscoreVersions":{"v1":1,"v2":1},"foi_fileName":"Raadsvoorstel.pdf","foi_nrPages":2}],"foi_nrDocuments":12,"foi_nrPagesInDossier":139,"foi_publishedDate":"2024-05-30","foi_retrievedDate":"2025-11-29"},{"dc_creator":"HandelingScraper_v1","dc_date_year":2024,"dc_description":"Vergadering van de Gemeente Beekdaelen op 2024-05-30. Onderdeel: Rondvraag Fysieke Leefomgeving.","dc_identifier":"nl.gm1954.2c.2024.2837351-9","dc_publisher":"gm1954","dc_source":"https://beekdaelen.bestuurlijkeinformatie.nl/Agenda/Index/24201cde-00f0-42da-8665-e78909a58afa","dc_title":"Raadscommissie Fysieke Leefomgeving 2024-05-30 - Rondvraag Fysieke Leefomgeving","dc_type":"2c","dc_type_description":"Vergaderstuk decentrale overheid","foi_fairiscoreVersions":{"v1":3,"v2":3},"foi_files":[{"dc_format":"application/pdf","dc_identifier":"nl.gm1954.2c.2024.2837351-9.doc.2","dc_source":"https://api1.ibabs.eu/publicdownload.aspx?site=Beekdaelen&id=e986a7bd-e0bf-42a9-a4f0-9dd71ab45950","dc_title":"Beleidskader AWACS","dc_type":"bijlage","foi_fairiscoreVersions":{"v1":5,"v2":5},"foi_fileName":"beleidskader%20AWACS.pdf","foi_nrPages":6},{"dc_format":"application/octet-stream","dc_identifier":"nl.gm1954.2c.2024.2837351-9.doc.3","dc_source":"https://api1.ibabs.eu/publicdownload.aspx?site=Beekdaelen&id=6aa6c81d-85b0-47ac-a94b-8b496cb8bf63","dc_title":"Rondvraag I","dc_type":"bijlage","foi_fileName":"Rondvraag%20I.mp3"},{"dc_format":"application/octet-stream","dc_identifier":"nl.gm1954.2c.2024.2837351-9.doc.4","dc_source":"https://api1.ibabs.eu/publicdownload.aspx?site=Beekdaelen&id=78b2badc-cf10-41bf-abea-fb2543da0131","dc_title":"Rondvraag II","dc_type":"bijlage","foi_fileName":"Rondvraag%20II.mp3"},{"dc_format":"application/pdf","dc_identifier":"nl.gm1954.2c.2024.2837351-9.doc.1","dc_source":"https://api1.ibabs.eu/publicdownload.aspx?site=Beekdaelen&id=0ee721d1-c52c-4087-b74f-a7880f312d0f","dc_title":"Rondvraagpunt weth. Hermans aan commissie FLO inzake Awacs","dc_type":"bijlage","foi_fairiscoreVersions":{"v1":1,"v2":1},"foi_fileName":"Rondvraagpunt%20commissie%20Fysieke%20Leefomgeving%2030%20mei%202024.pdf","foi_nrPages":1}],"foi_nrDocuments":4,"foi_nrPagesInDossier":7,"foi_publishedDate":"2024-05-30","foi_retrievedDate":"2026-02-05"},{"dc_creator":"HandelingScraper_v1","dc_date_year":2024,"dc_description":"Vergadering van de Gemeente Beekdaelen op 2024-06-11. Onderdeel: Opening.","dc_identifier":"nl.gm1954.2c.2024.2837353-1","dc_publisher":"gm1954","dc_source":"https://beekdaelen.bestuurlijkeinformatie.nl/Agenda/Index/2c249a78-df15-4418-a2c9-820605832890","dc_title":"Raadsvergadering 2024-06-11 - Opening","dc_type":"2c","dc_type_description":"Vergaderstuk decentrale overheid","foi_fairiscoreVersions":{"v1":1,"v2":1},"foi_files":[{"dc_format":"application/pdf","dc_identifier":"nl.gm1954.2c.2024.2837353-1.doc.1","dc_source":"https://api1.ibabs.eu/publicdownload.aspx?site=Beekdaelen&id=e27b29f9-1691-4e61-8d57-7dc91dac1d80","dc_title":"Uitnodiging en voorlopige agenda raadsvergadering 11 juni 2024","dc_type":"bijlage","foi_fairiscoreVersions":{"v1":1,"v2":1},"foi_fileName":"Uitnodiging%20en%20voorlopige%20agenda%20raadsvergadering%2011%20juni%202024.pdf","foi_nrPages":2}],"foi_nrDocuments":1,"foi_nrPagesInDossier":2,"foi_publishedDate":"2024-06-11","foi_retrievedDate":"2025-11-29"},{"dc_creator":"HandelingScraper_v1","dc_date_year":2024,"dc_description":"Vergadering van de Gemeente Beekdaelen op 2024-06-11. Onderdeel: Voorstel inzake jaarstukken 2023, uitvoeringsplan 2024, gewijzigde begroting 2024 en begroting 2025 met meerjarenraming ISD Kompas.","dc_identifier":"nl.gm1954.2c.2024.2837353-10","dc_publisher":"gm1954","dc_source":"https://beekdaelen.bestuurlijkeinformatie.nl/Agenda/Index/2c249a78-df15-4418-a2c9-820605832890","dc_title":"Raadsvergadering 2024-06-11 - Voorstel inzake jaarstukken 2023, uitvoeringsplan 2024, gewijzigde begroting 2024 en begroting 2025 met meerjarenraming ISD Kompas","dc_type":"2c","dc_type_description":"Vergaderstuk decentrale overheid","foi_fairiscoreVersions":{"v1":2,"v2":2},"foi_files":[{"dc_format":"application/pdf","dc_identifier":"nl.gm1954.2c.2024.2837353-10.doc.4","dc_source":"https://api1.ibabs.eu/publicdownload.aspx?site=Beekdaelen&id=77ebc0a9-fc6f-4648-8bbf-fd1675620c09","dc_title":"Bijlage Jaarrekening 2023 Kompas inclusief getekende accountantsverklaring, ontvangen 7 mei 2024","dc_type":"bijlage","foi_fairiscoreVersions":{"v1":2,"v2":1},"foi_fileName":"Jaarrekening%202023%20Kompas%20inclusief%20getekende%20accountantsverklaring_ontvangen%207%20mei%202024.pdf","foi_nrPages":60},{"dc_format":"application/pdf","dc_identifier":"nl.gm1954.2c.2024.2837353-10.doc.3","dc_source":"https://api1.ibabs.eu/publicdownload.aspx?site=Beekdaelen&id=655645bf-f63c-411e-98ee-667b5ac27a11","dc_title":"Bijlage: Jaarrekening 2023 ISD Kompas","dc_type":"bijlage","foi_fairiscoreVersions":{"v1":2,"v2":1},"foi_fileName":"Z%2F24%2F203351%20-%20362248.pdf","foi_nrPages":58},{"dc_format":"application/pdf","dc_identifier":"nl.gm1954.2c.2024.2837353-10.doc.5","dc_source":"https://api1.ibabs.eu/publicdownload.aspx?site=Beekdaelen&id=d4ff1003-b60b-470c-b086-e20e41b127de","dc_title":"Bijlage: Jaarverslag 2023 ISD Kompas","dc_type":"bijlage","foi_fairiscoreVersions":{"v1":2,"v2":2},"foi_fileName":"Z%2F24%2F203351%20-%20362248.pdf","foi_nrPages":23},{"dc_format":"application/pdf","dc_identifier":"nl.gm1954.2c.2024.2837353-10.doc.6","dc_source":"https://api1.ibabs.eu/publicdownload.aspx?site=Beekdaelen&id=d6d7e810-b758-4c6d-a9a4-c9718eb3e35e","dc_title":"Bijlage: Gewijzigde begroting 2024 en begroting 2025 met meerjarenraming ISD Kompas","dc_type":"bijlage","foi_fairiscoreVersions":{"v1":2,"v2":1},"foi_fileName":"Z%2F24%2F203351%20-%20362248.pdf","foi_nrPages":37},{"dc_format":"application/pdf","dc_identifier":"nl.gm1954.2c.2024.2837353-10.doc.7","dc_source":"https://api1.ibabs.eu/publicdownload.aspx?site=Beekdaelen&id=bf69a018-1de6-43d5-b95a-daff17e4eb1f","dc_title":"Bijlage: Uitvoeringsprogramma 2024 ISD Kompas","dc_type":"bijlage","foi_fairiscoreVersions":{"v1":3,"v2":3},"foi_fileName":"Z%2F24%2F203351%20-%20362248.pdf","foi_nrPages":18},{"dc_format":"application/pdf","dc_identifier":"nl.gm1954.2c.2024.2837353-10.doc.11","dc_source":"https://api1.ibabs.eu/publicdownload.aspx?site=Beekdaelen&id=278f693b-f017-4d0e-abf3-98fdc817c34c","dc_title":"Bijlage: Accountantsverslag 2023","dc_type":"bijlage","foi_fairiscoreVersions":{"v1":2,"v2":1},"foi_fileName":"Z%2F24%2F203351%20-%20362248.pdf","foi_nrPages":15},{"dc_format":"application/pdf","dc_identifier":"nl.gm1954.2c.2024.2837353-10.doc.1","dc_source":"https://api1.ibabs.eu/publicdownload.aspx?site=Beekdaelen&id=55a049cd-9ccc-4ee9-930d-8f2557a78f74","dc_title":"Raadsvoorstel inzake Jaarstukken 2023, Uitvoeringsplan 2024, Gewijzigde begroting 2024 en begroting 2025  met meerjarenraming ISD Kompas","dc_type":"bijlage","foi_fairiscoreVersions":{"v1":1,"v2":1},"foi_fileName":"Z%2F24%2F203351%20-%20362290%20-%20Raadsvoorstel%20Jaarstukken%202023_%20Uitvoeringsplan%202024%2F2025_%20gewijzigde%20begroting%202024%20en%20begroting%202025%20met%20meerjarenraming%20ISD%20Kompas.pdf","foi_nrPages":9},{"dc_format":"application/pdf","dc_identifier":"nl.gm1954.2c.2024.2837353-10.doc.2","dc_source":"https://api1.ibabs.eu/publicdownload.aspx?site=Beekdaelen&id=58715476-218d-4f0e-9799-bc0acf2a5d68","dc_title":"Raadsbesluit inzake Jaarstukken 2023, Uitvoeringsplan 2024, Gewijzigde begroting 2024 en begroting 2025  met meerjarenraming ISD Kompas -  vastgesteld 11-06-2024","dc_type":"bijlage","foi_fairiscoreVersions":{"v1":1,"v2":1},"foi_fileName":"Z%2F24%2F203351%20-%20362400%20-%20Raadsbesluit%20Jaarstukken%202023_%20Uitvoeringsplan%202024%2F2025_%20Gewijzigde%20begroting%202024%20en%20Begroting%202025%20met%20meerjarenraming.pdf","foi_nrPages":3},{"dc_format":"application/pdf","dc_identifier":"nl.gm1954.2c.2024.2837353-10.doc.10","dc_source":"https://api1.ibabs.eu/publicdownload.aspx?site=Beekdaelen&id=6c822a05-5009-419e-a8ba-79e29ea257b1","dc_title":"Bijlage: Uitgaande brief aan Kompas inzake raadsbesluit en zienswijzen","dc_type":"bijlage","foi_fairiscoreVersions":{"v1":2,"v2":2},"foi_fileName":"Z%2F24%2F203351%20-%20362412%20-%20Uitgaande%20brief%20aan%20Kompas%20inzake%20raadsbesluit%20en%20zienswijze%20uitvoeringsplan.pdf","foi_nrPages":3},{"dc_format":"application/pdf","dc_identifier":"nl.gm1954.2c.2024.2837353-10.doc.9","dc_source":"https://api1.ibabs.eu/publicdownload.aspx?site=Beekdaelen&id=cc147be4-3509-4667-8376-d423c95042c4","dc_title":"Bijlage: Advies Cli\u00ebntenraad ISD Kompas","dc_type":"bijlage","foi_fairiscoreVersions":{"v1":2,"v2":1},"foi_fileName":"Z%2F24%2F203351%20-%20362419%20-%20Advies%20Clientenraad%20ISD%20Kompas.pdf","foi_nrPages":2},{"dc_format":"application/pdf","dc_identifier":"nl.gm1954.2c.2024.2837353-10.doc.8","dc_source":"https://api1.ibabs.eu/publicdownload.aspx?site=Beekdaelen&id=674be61f-bb31-4a9a-87c2-86ad4a739c83","dc_title":"Bijlage: Advies Adviesraad Sociaal Domein Beekdaelen","dc_type":"bijlage","foi_fairiscoreVersions":{"v1":1,"v2":1},"foi_fileName":"Z%2F24%2F203351%20-%20362818%20-%20Advies%20Adviesraad%20Sociaal%20Domein%20Beekdaelen.pdf","foi_nrPages":2}],"foi_nrDocuments":11,"foi_nrPagesInDossier":230,"foi_publishedDate":"2024-06-11","foi_retrievedDate":"2025-11-29"},{"dc_creator":"HandelingScraper_v1","dc_date_year":2024,"dc_description":"Vergadering van de Gemeente Beekdaelen op 2024-06-11. Onderdeel: Voorstel inzake jaarstukken 2023 en begroting 2025 VRZL en MCC.","dc_identifier":"nl.gm1954.2c.2024.2837353-11","dc_publisher":"gm1954","dc_source":"https://beekdaelen.bestuurlijkeinformatie.nl/Agenda/Index/2c249a78-df15-4418-a2c9-820605832890","dc_title":"Raadsvergadering 2024-06-11 - Voorstel inzake jaarstukken 2023 en begroting 2025 VRZL en MCC","dc_type":"2c","dc_type_description":"Vergaderstuk decentrale overheid","foi_fairiscoreVersions":{"v1":2,"v2":2},"foi_files":[{"dc_format":"application/pdf","dc_identifier":"nl.gm1954.2c.2024.2837353-11.doc.2","dc_source":"https://api1.ibabs.eu/publicdownload.aspx?site=Beekdaelen&id=c9bf63cd-5806-4d52-ae43-7ab226bbf4ea","dc_title":"Raadsbesluit inzake jaarstukken 2023 en Begroting 2025 door VRZL en MCC - vastgesteld 11-06-2024","dc_type":"bijlage","foi_fairiscoreVersions":{"v1":1,"v2":1},"foi_fileName":"Bijlage%201-%20Raadsbesluit%20jaarstukken%202023%20en%20Begroting%202025%20door%20VRZL%20en%20MCC.pdf","foi_nrPages":1},{"dc_format":"application/pdf","dc_identifier":"nl.gm1954.2c.2024.2837353-11.doc.11","dc_source":"https://api1.ibabs.eu/publicdownload.aspx?site=Beekdaelen&id=905800fc-bf58-4325-a813-bf6084b35c4f","dc_title":"Bijlage: Brief inzake zienswijze VRZL","dc_type":"bijlage","foi_fairiscoreVersions":{"v1":2,"v2":2},"foi_fileName":"Brief%20inzake%20zienswijze%20VRZL.pdf","foi_nrPages":1},{"dc_format":"application/pdf","dc_identifier":"nl.gm1954.2c.2024.2837353-11.doc.1","dc_source":"https://api1.ibabs.eu/publicdownload.aspx?site=Beekdaelen&id=c3fed028-f92e-44da-8dbc-03c089727255","dc_title":"Raadsvoorstel inzake jaarstukken 2023 en Begroting 2025 door VRZL en MCC","dc_type":"bijlage","foi_fairiscoreVersions":{"v1":1,"v2":1},"foi_fileName":"Raadsvoorstel%20jaarstukken%202023%20en%20Begroting%202025%20door%20VRZL%20en%20MCC.pdf","foi_nrPages":5},{"dc_format":"application/pdf","dc_identifier":"nl.gm1954.2c.2024.2837353-11.doc.4","dc_source":"https://api1.ibabs.eu/publicdownload.aspx?site=Beekdaelen&id=a8fe2f72-7612-41b0-a114-3a54916559a0","dc_title":"Bijlage: Jaarbericht 2023 Veiligheidsregio Zuid-Limburg (ter informatie)","dc_type":"bijlage","foi_fairiscoreVersions":{"v1":2,"v2":2},"foi_fileName":"Z%2F24%2F203279%20-%20362123.pdf","foi_nrPages":29},{"dc_format":"application/pdf","dc_identifier":"nl.gm1954.2c.2024.2837353-11.doc.5","dc_source":"https://api1.ibabs.eu/publicdownload.aspx?site=Beekdaelen&id=8b7a9f2f-1f1e-477e-b9b6-eb1fc9b58c30","dc_title":"Bijlage: Concept jaardocument 2023 VRZL (voor zienswijze)","dc_type":"bijlage","foi_fairiscoreVersions":{"v1":2,"v2":1},"foi_fileName":"Z%2F24%2F203279%20-%20362123.pdf","foi_nrPages":83},{"dc_format":"application/pdf","dc_identifier":"nl.gm1954.2c.2024.2837353-11.doc.6","dc_source":"https://api1.ibabs.eu/publicdownload.aspx?site=Beekdaelen&id=2c370ac4-63af-4123-bd41-46ff23917325","dc_title":"Bijlage: Concept accountantsverslag 2023 VRZL (ter informatie)","dc_type":"bijlage","foi_fairiscoreVersions":{"v1":2,"v2":1},"foi_fileName":"Z%2F24%2F203279%20-%20362123.pdf","foi_nrPages":9},{"dc_format":"application/pdf","dc_identifier":"nl.gm1954.2c.2024.2837353-11.doc.7","dc_source":"https://api1.ibabs.eu/publicdownload.aspx?site=Beekdaelen&id=045c4198-f1d6-4f6e-aa71-33f52faa5795","dc_title":"Bijlage: Voorstel structurele bijdrage Cao-loonkosten vanaf 2024 (voor zienswijze)","dc_type":"bijlage","foi_fairiscoreVersions":{"v1":1,"v2":1},"foi_fileName":"Z%2F24%2F203279%20-%20362123.pdf","foi_nrPages":3},{"dc_format":"application/pdf","dc_identifier":"nl.gm1954.2c.2024.2837353-11.doc.8","dc_source":"https://api1.ibabs.eu/publicdownload.aspx?site=Beekdaelen&id=c65d05bb-f2be-4420-a57b-91a6450f69c9","dc_title":"Bijlage: Conceptbegroting 2025 VRZL (voor zienswijze)","dc_type":"bijlage","foi_fairiscoreVersions":{"v1":2,"v2":1},"foi_fileName":"Z%2F24%2F203279%20-%20362123.pdf","foi_nrPages":58},{"dc_format":"application/pdf","dc_identifier":"nl.gm1954.2c.2024.2837353-11.doc.9","dc_source":"https://api1.ibabs.eu/publicdownload.aspx?site=Beekdaelen&id=9049debf-bc24-4e08-bf32-24f1e17e392c","dc_title":"Bijlage: Jaardocument 2023 MCC (ter informatie)","dc_type":"bijlage","foi_fairiscoreVersions":{"v1":1,"v2":1},"foi_fileName":"Z%2F24%2F203279%20-%20362123.pdf","foi_nrPages":12},{"dc_format":"application/pdf","dc_identifier":"nl.gm1954.2c.2024.2837353-11.doc.10","dc_source":"https://api1.ibabs.eu/publicdownload.aspx?site=Beekdaelen&id=b533286e-9cdc-487f-ad68-fc28c8b0e9b9","dc_title":"Bijlage: Toelichting jaardocument MCC 2023 (ter informatie)","dc_type":"bijlage","foi_fairiscoreVersions":{"v1":1,"v2":1},"foi_fileName":"Z%2F24%2F203279%20-%20362123.pdf","foi_nrPages":9},{"dc_format":"application/pdf","dc_identifier":"nl.gm1954.2c.2024.2837353-11.doc.3","dc_source":"https://api1.ibabs.eu/publicdownload.aspx?site=Beekdaelen&id=d41f53cc-5946-4d73-b1e0-980ac0586425","dc_title":"Bijlage: Aanbiedingsbrief jaarrekening, voorstel Cao- loonkosten en begroting VRZL (ter informatie)","dc_type":"bijlage","foi_fairiscoreVersions":{"v1":1,"v2":1},"foi_fileName":"Z%2F24%2F203279%20-%20362123%20-.pdf","foi_nrPages":3}],"foi_nrDocuments":11,"foi_nrPagesInDossier":213,"foi_publishedDate":"2024-06-11","foi_retrievedDate":"2025-11-29"},{"dc_creator":"HandelingScraper_v1","dc_date_year":2024,"dc_description":"Vergadering van de Gemeente Beekdaelen op 2024-06-11. Onderdeel: Voorstel inzake financi\u00eble stukken GR Gegevenshuis.","dc_identifier":"nl.gm1954.2c.2024.2837353-12","dc_publisher":"gm1954","dc_source":"https://beekdaelen.bestuurlijkeinformatie.nl/Agenda/Index/2c249a78-df15-4418-a2c9-820605832890","dc_title":"Raadsvergadering 2024-06-11 - Voorstel inzake financi\u00eble stukken GR Gegevenshuis","dc_type":"2c","dc_type_description":"Vergaderstuk decentrale overheid","foi_fairiscoreVersions":{"v1":2,"v2":2},"foi_files":[{"dc_format":"application/pdf","dc_identifier":"nl.gm1954.2c.2024.2837353-12.doc.7","dc_source":"https://api1.ibabs.eu/publicdownload.aspx?site=Beekdaelen&id=68c18987-579c-4be2-9680-3b03470079cc","dc_title":"Bijlage: Uitgaande brief aan Gegevenshuis inzake raadsbesluit","dc_type":"bijlage","foi_fairiscoreVersions":{"v1":2,"v2":2},"foi_fileName":"Bijlage%206.pdf","foi_nrPages":1},{"dc_format":"application/pdf","dc_identifier":"nl.gm1954.2c.2024.2837353-12.doc.2","dc_source":"https://api1.ibabs.eu/publicdownload.aspx?site=Beekdaelen&id=b55694e5-8b30-4e9b-b33a-f729debe3b03","dc_title":"Raadsbesluit inzake jaarrekening 2023 en begroting 2024, 2025 - 2028 GR Gegevenshuis - vastgesteld 11-06-2024","dc_type":"bijlage","foi_fairiscoreVersions":{"v1":1,"v2":1},"foi_fileName":"Raadsbesluit%20jaarrekening%202023%20en%20begroting%202024_%202025%20-%202028%20GR%20Gegevenshuis.pdf","foi_nrPages":2},{"dc_format":"application/pdf","dc_identifier":"nl.gm1954.2c.2024.2837353-12.doc.1","dc_source":"https://api1.ibabs.eu/publicdownload.aspx?site=Beekdaelen&id=16549821-cf97-4b1a-95f7-c01052ca8c2a","dc_title":"Raadsvoorstel inzake jaarrekening 2023 en begroting 2024, 2025 - 2028 GR Gegevenshuis","dc_type":"bijlage","foi_fairiscoreVersions":{"v1":1,"v2":1},"foi_fileName":"Raadsvoorstel%20jaarrekening%202023%20en%20begroting%202024_%202025%20-%202028%20GR%20Gegevenshuis.pdf","foi_nrPages":5},{"dc_format":"application/pdf","dc_identifier":"nl.gm1954.2c.2024.2837353-12.doc.3","dc_source":"https://api1.ibabs.eu/publicdownload.aspx?site=Beekdaelen&id=3f4b2a19-9749-4676-9e08-45d005baa4cd","dc_title":"Bijlage: Jaarrekening 2023 versie 2.0","dc_type":"bijlage","foi_fairiscoreVersions":{"v1":2,"v2":1},"foi_fileName":"Z%2F24%2F202311%20-%20362175%20-%201.%20Jaarrekening%202023%20versie%202.pdf","foi_nrPages":40},{"dc_format":"application/pdf","dc_identifier":"nl.gm1954.2c.2024.2837353-12.doc.4","dc_source":"https://api1.ibabs.eu/publicdownload.aspx?site=Beekdaelen&id=aec83486-648d-4d3f-bc7b-a0f7789eb564","dc_title":"Bijlage: Bijgestelde begroting 2024 versie 2.0","dc_type":"bijlage","foi_fairiscoreVersions":{"v1":2,"v2":1},"foi_fileName":"Z%2F24%2F202311%20-%20362175%20-%202.%20Bijgestelde%20begroting%202024%20versie%202.pdf","foi_nrPages":35},{"dc_format":"application/pdf","dc_identifier":"nl.gm1954.2c.2024.2837353-12.doc.5","dc_source":"https://api1.ibabs.eu/publicdownload.aspx?site=Beekdaelen&id=a5276a48-4808-46ef-a33d-21d482c80988","dc_title":"Bijlage: Begroting 2025 - meerjarenraming versie 2.0","dc_type":"bijlage","foi_fairiscoreVersions":{"v1":2,"v2":1},"foi_fileName":"Z%2F24%2F202311%20-%20362175%20-%203.%20Begroting%202025%20-%20meerjarenraming%20versie%202.pdf","foi_nrPages":39},{"dc_format":"application/pdf","dc_identifier":"nl.gm1954.2c.2024.2837353-12.doc.6","dc_source":"https://api1.ibabs.eu/publicdownload.aspx?site=Beekdaelen&id=e53b8eef-32be-413d-9d1c-bf86ce9c27a1","dc_title":"Bijlage: Aanbiedingsbrief Gegevenshuis","dc_type":"bijlage","foi_fairiscoreVersions":{"v1":2,"v2":2},"foi_fileName":"Z%2F24%2F202311%20-%20362175%20-%204.pdf","foi_nrPages":1}],"foi_nrDocuments":7,"foi_nrPagesInDossier":123,"foi_publishedDate":"2024-06-11","foi_retrievedDate":"2025-11-29"},{"dc_creator":"HandelingScraper_v1","dc_date_year":2024,"dc_description":"Vergadering van de Gemeente Beekdaelen op 2024-06-11. Onderdeel: Voorstel inzake begroting 2025 en meerjarenraming 2026 - 2029 BsGW.","dc_identifier":"nl.gm1954.2c.2024.2837353-13","dc_publisher":"gm1954","dc_source":"https://beekdaelen.bestuurlijkeinformatie.nl/Agenda/Index/2c249a78-df15-4418-a2c9-820605832890","dc_title":"Raadsvergadering 2024-06-11 - Voorstel inzake begroting 2025 en meerjarenraming 2026 - 2029 BsGW","dc_type":"2c","dc_type_description":"Vergaderstuk decentrale overheid","foi_fairiscoreVersions":{"v1":2,"v2":2},"foi_files":[{"dc_format":"application/pdf","dc_identifier":"nl.gm1954.2c.2024.2837353-13.doc.4","dc_source":"https://api1.ibabs.eu/publicdownload.aspx?site=Beekdaelen&id=fa24f7da-055b-44af-b599-11cd4e495062","dc_title":"Bijlage: BsGW: aanbiedingsbrief kadernota 2025","dc_type":"bijlage","foi_fairiscoreVersions":{"v1":1,"v2":1},"foi_fileName":"email.pdf","foi_nrPages":2},{"dc_format":"application/pdf","dc_identifier":"nl.gm1954.2c.2024.2837353-13.doc.5","dc_source":"https://api1.ibabs.eu/publicdownload.aspx?site=Beekdaelen&id=fc621059-a06a-4ba4-91d0-08f6e6ed615a","dc_title":"Bijlage: BsGW: kadernota 2025","dc_type":"bijlage","foi_fairiscoreVersions":{"v1":2,"v2":1},"foi_fileName":"email.pdf","foi_nrPages":11},{"dc_format":"application/pdf","dc_identifier":"nl.gm1954.2c.2024.2837353-13.doc.6","dc_source":"https://api1.ibabs.eu/publicdownload.aspx?site=Beekdaelen&id=159dc810-b71f-47ea-825b-ee956bc808a9","dc_title":"Bijlage: BsGW: bijlagen bij kadernota 2025","dc_type":"bijlage","foi_fairiscoreVersions":{"v1":2,"v2":1},"foi_fileName":"email.pdf","foi_nrPages":14},{"dc_format":"application/pdf","dc_identifier":"nl.gm1954.2c.2024.2837353-13.doc.7","dc_source":"https://api1.ibabs.eu/publicdownload.aspx?site=Beekdaelen&id=6718342b-36fc-42fa-87aa-ce7fc84b6aa2","dc_title":"Bijlage: BsGW: aanbiedingsbrief begroting 2025 en meerjarenraming 2026 - 2029","dc_type":"bijlage","foi_fairiscoreVersions":{"v1":1,"v2":1},"foi_fileName":"email.pdf","foi_nrPages":1},{"dc_format":"application/pdf","dc_identifier":"nl.gm1954.2c.2024.2837353-13.doc.8","dc_source":"https://api1.ibabs.eu/publicdownload.aspx?site=Beekdaelen&id=97e1dff2-f7ac-4502-a41c-d5b3c04ba08d","dc_title":"Bijlage: BsGW: begroting 2025 en meerjarenraming 2026 - 2029 incl. bijlagen","dc_type":"bijlage","foi_fairiscoreVersions":{"v1":2,"v2":1},"foi_fileName":"email.pdf","foi_nrPages":51},{"dc_format":"application/pdf","dc_identifier":"nl.gm1954.2c.2024.2837353-13.doc.1","dc_source":"https://api1.ibabs.eu/publicdownload.aspx?site=Beekdaelen&id=9a7d00e0-71a8-4932-b617-0ed887e8176e","dc_title":"Raadsvoorstel inzake ontwerpbegroting 2025 BsGW","dc_type":"bijlage","foi_fairiscoreVersions":{"v1":1,"v2":1},"foi_fileName":"Z%2F24%2F201628%20-%20361696%20-%20raadsvoorstel%20ontwerpbegroting%202025%20BsGW.pdf","foi_nrPages":8},{"dc_format":"application/pdf","dc_identifier":"nl.gm1954.2c.2024.2837353-13.doc.2","dc_source":"https://api1.ibabs.eu/publicdownload.aspx?site=Beekdaelen&id=031fae15-62bb-486e-838c-ce329aed2b00","dc_title":"Raadsbesluit inzake ontwerpbegroting 2025 BsGW - vastgesteld 11-06-2024","dc_type":"bijlage","foi_fairiscoreVersions":{"v1":1,"v2":1},"foi_fileName":"Z%2F24%2F201628%20-%20361697%20-%20raadsbesluit%20ontwerpbegroting%202025%20BsGW.pdf","foi_nrPages":1},{"dc_format":"application/pdf","dc_identifier":"nl.gm1954.2c.2024.2837353-13.doc.3","dc_source":"https://api1.ibabs.eu/publicdownload.aspx?site=Beekdaelen&id=29f44bc7-d760-47d7-85fa-c6b0784d6112","dc_title":"Bijlage: Zienswijze begroting 2025 ev jaren","dc_type":"bijlage","foi_fairiscoreVersions":{"v1":2,"v2":2},"foi_fileName":"Z%2F24%2F201628%20-%20363055%20-%20zienswijze%20begroting%202025%20ev%20jaren.pdf","foi_nrPages":2},{"dc_format":"application/pdf","dc_identifier":"nl.gm1954.2c.2024.2837353-13.doc.10","dc_source":"https://api1.ibabs.eu/publicdownload.aspx?site=Beekdaelen&id=f1f390c8-17bc-4534-8c27-06d1b45cc7d2","dc_title":"Bijlage: BsGW addendum begroting 2025 ev jaren","dc_type":"bijlage","foi_fairiscoreVersions":{"v1":1,"v2":1},"foi_fileName":"Z%2F24%2F201628%20-%20364530%20-%20addendum%20begroting%202025%20ev%20jaren.pdf","foi_nrPages":9},{"dc_format":"application/pdf","dc_identifier":"nl.gm1954.2c.2024.2837353-13.doc.9","dc_source":"https://api1.ibabs.eu/publicdownload.aspx?site=Beekdaelen&id=78a3341e-bf1b-4286-9b8a-3def7261112a","dc_title":"Bijlage: BsGW brief bij addendum op begroting 2025 BsGW","dc_type":"bijlage","foi_fairiscoreVersions":{"v1":2,"v2":2},"foi_fileName":"Z%2F24%2F201628%20-%20364531%20-%20brief%20bij%20addendum%20op%20begroting%202025%20BsGW.pdf","foi_nrPages":1}],"foi_nrDocuments":10,"foi_nrPagesInDossier":100,"foi_publishedDate":"2024-06-11","foi_retrievedDate":"2025-11-29"},{"dc_creator":"HandelingScraper_v1","dc_date_year":2024,"dc_description":"Vergadering van de Gemeente Beekdaelen op 2024-06-11. Onderdeel: Voorstel inzake Jaarverantwoording 2023, bijgestelde begroting 2024 en meerjarenbegroting 2025-2028 Zorg- en Veiligheidshuis Parkstad.","dc_identifier":"nl.gm1954.2c.2024.2837353-14","dc_publisher":"gm1954","dc_source":"https://beekdaelen.bestuurlijkeinformatie.nl/Agenda/Index/2c249a78-df15-4418-a2c9-820605832890","dc_title":"Raadsvergadering 2024-06-11 - Voorstel inzake Jaarverantwoording 2023, bijgestelde begroting 2024 en meerjarenbegroting 2025-2028 Zorg- en Veiligheidshuis Parkstad","dc_type":"2c","dc_type_description":"Vergaderstuk decentrale overheid","foi_fairiscoreVersions":{"v1":2,"v2":2},"foi_files":[{"dc_format":"application/pdf","dc_identifier":"nl.gm1954.2c.2024.2837353-14.doc.1","dc_source":"https://api1.ibabs.eu/publicdownload.aspx?site=Beekdaelen&id=0cfc2efa-d0ae-4796-8a85-7d08aa9dec1f","dc_title":"Raadsvoorstel inzake jaarverantwoording 2023, bijgestelde begroting 2024 en meerjarenbegroting 2025-2028 Zorg- en Veiligheidshuis Parkstad","dc_type":"bijlage","foi_fairiscoreVersions":{"v1":1,"v2":1},"foi_fileName":"362469_1.pdf","foi_nrPages":4},{"dc_format":"application/pdf","dc_identifier":"nl.gm1954.2c.2024.2837353-14.doc.6","dc_source":"https://api1.ibabs.eu/publicdownload.aspx?site=Beekdaelen&id=e4c704d6-107b-4a5e-8b59-828d36d50a96","dc_title":"Bijlage: Brief aan ZVHP inzake raadsbesluit","dc_type":"bijlage","foi_fairiscoreVersions":{"v1":2,"v2":2},"foi_fileName":"364362_1.pdf","foi_nrPages":1},{"dc_format":"application/pdf","dc_identifier":"nl.gm1954.2c.2024.2837353-14.doc.2","dc_source":"https://api1.ibabs.eu/publicdownload.aspx?site=Beekdaelen&id=5b4d7c71-d426-44ec-b173-14f5b26a71da","dc_title":"Raadsbesluit inzake jaarverantwoording 2023, bijgestelde begroting 2024 en meerjarenbegroting 2025-2028 Zorg- en Veiligheidshuis Parkstad - vastgesteld 11-06-2024","dc_type":"bijlage","foi_fairiscoreVersions":{"v1":1,"v2":1},"foi_fileName":"Raadsbesluit%20jaarverantwoording%202023_%20bijgestelde%20begroting%202024%20en%20meerjarenbegroting%202025-2028%20Zorg-%20en%20Veiligheidshuis%20Parkstad.pdf","foi_nrPages":1},{"dc_format":"application/pdf","dc_identifier":"nl.gm1954.2c.2024.2837353-14.doc.3","dc_source":"https://api1.ibabs.eu/publicdownload.aspx?site=Beekdaelen&id=4f5ed6db-bf79-4930-943c-70072533ee42","dc_title":"Bijlage: Jaarverantwoording 2023","dc_type":"bijlage","foi_fairiscoreVersions":{"v1":1,"v2":1},"foi_fileName":"Z%2F24%2F203485%20-%20363165%20-%20Jaarverantwoording%202023%20Zorg%20en%20Veiligheidshuis%20Parkstad.pdf","foi_nrPages":2},{"dc_format":"application/pdf","dc_identifier":"nl.gm1954.2c.2024.2837353-14.doc.4","dc_source":"https://api1.ibabs.eu/publicdownload.aspx?site=Beekdaelen&id=882117c0-4c83-45db-ba44-fc0fec4f4802","dc_title":"Bijlage: Begrotingswijziging 2024","dc_type":"bijlage","foi_fairiscoreVersions":{"v1":1,"v2":1},"foi_fileName":"Z%2F24%2F203485%20-%20363166%20-%201e%20begrotingswijziging%20%20Zorg-%20en%20Veiligheidshuis%20Parkstad.pdf","foi_nrPages":9},{"dc_format":"application/pdf","dc_identifier":"nl.gm1954.2c.2024.2837353-14.doc.5","dc_source":"https://api1.ibabs.eu/publicdownload.aspx?site=Beekdaelen&id=398853ad-0267-45d6-ba37-016dd60ee38c","dc_title":"Bijlage: Meerjarenbegroting 2025-2028","dc_type":"bijlage","foi_fairiscoreVersions":{"v1":1,"v2":1},"foi_fileName":"Z%2F24%2F203485%20-%20363167%20-%20AB%20Meerjarenbegroting%202025%20t%2Fm%202028%20Zorg-%20en%20Veiligheidshuis%20Parkstad.pdf","foi_nrPages":21}],"foi_nrDocuments":6,"foi_nrPagesInDossier":38,"foi_publishedDate":"2024-06-11","foi_retrievedDate":"2025-11-29"},{"dc_creator":"HandelingScraper_v1","dc_date_year":2024,"dc_description":"Vergadering van de Gemeente Beekdaelen op 2024-06-11. Onderdeel: Raadsvoorstel inzake Zienswijze begroting 2025 Rd4.","dc_identifier":"nl.gm1954.2c.2024.2837353-15","dc_publisher":"gm1954","dc_source":"https://beekdaelen.bestuurlijkeinformatie.nl/Agenda/Index/2c249a78-df15-4418-a2c9-820605832890","dc_title":"Raadsvergadering 2024-06-11 - Raadsvoorstel inzake Zienswijze begroting 2025 Rd4","dc_type":"2c","dc_type_description":"Vergaderstuk decentrale overheid","foi_fairiscoreVersions":{"v1":2,"v2":2},"foi_files":[{"dc_format":"application/pdf","dc_identifier":"nl.gm1954.2c.2024.2837353-15.doc.1","dc_source":"https://api1.ibabs.eu/publicdownload.aspx?site=Beekdaelen&id=1c10c7d3-d2f4-4040-aa55-04ed538a4767","dc_title":"Raadsvoorstel inzake zienswijze begroting 2025 GR Rd4","dc_type":"bijlage","foi_fairiscoreVersions":{"v1":1,"v2":1},"foi_fileName":"2024%2005%2023%20363258_1%20Gewijzigd%20raadsvoorstel%20Zienswijze%20begroting%202025%20GR%20Rd4.pdf","foi_nrPages":3},{"dc_format":"application/pdf","dc_identifier":"nl.gm1954.2c.2024.2837353-15.doc.2","dc_source":"https://api1.ibabs.eu/publicdownload.aspx?site=Beekdaelen&id=6245ec90-0366-4b26-ad90-aad28706c869","dc_title":"Raadsbesluit inzake Begroting 2025 GR Rd4 - vastgesteld 11-06-2024","dc_type":"bijlage","foi_fairiscoreVersions":{"v1":1,"v2":1},"foi_fileName":"Z%2F24%2F203875%20-%20363271%20-%20Ontwerpbegroting%202025%20GR%20Rd4.pdf","foi_nrPages":1},{"dc_format":"application/pdf","dc_identifier":"nl.gm1954.2c.2024.2837353-15.doc.3","dc_source":"https://api1.ibabs.eu/publicdownload.aspx?site=Beekdaelen&id=0ede95dc-c346-476f-9986-1b64563953ec","dc_title":"Bijlage: Uitgaande brief aan GR Rd4","dc_type":"bijlage","foi_fairiscoreVersions":{"v1":2,"v2":2},"foi_fileName":"Z%2F24%2F203875%20-%20363305%20-%20Ontwerpbegroting%20GR%20Rd4.pdf","foi_nrPages":1},{"dc_format":"application/pdf","dc_identifier":"nl.gm1954.2c.2024.2837353-15.doc.4","dc_source":"https://api1.ibabs.eu/publicdownload.aspx?site=Beekdaelen&id=b9389bcd-a428-47d7-a41c-5aab54348680","dc_title":"Bijlage: Ontwerpbegroting 2025 GR Rd4","dc_type":"bijlage","foi_fairiscoreVersions":{"v1":2,"v2":2},"foi_fileName":"Z%2F24%2F203875%20-%20363310%20-.pdf","foi_nrPages":66},{"dc_format":"application/pdf","dc_identifier":"nl.gm1954.2c.2024.2837353-15.doc.5","dc_source":"https://api1.ibabs.eu/publicdownload.aspx?site=Beekdaelen&id=3291db52-df8a-4e9d-900e-4ac07afd6475","dc_title":"Bijlage: Meerjarenbegroting Rd4 2026-2028","dc_type":"bijlage","foi_fairiscoreVersions":{"v1":1,"v2":1},"foi_fileName":"Z%2F24%2F203875%20-%20363312.pdf","foi_nrPages":19}],"foi_nrDocuments":5,"foi_nrPagesInDossier":90,"foi_publishedDate":"2024-06-11","foi_retrievedDate":"2025-11-29"},{"dc_creator":"HandelingScraper_v1","dc_date_year":2024,"dc_description":"Vergadering van de Gemeente Beekdaelen op 2024-06-11. Onderdeel: Voorstel inzake toevoegen van een levensloopbestendige woning Jabeek.","dc_identifier":"nl.gm1954.2c.2024.2837353-16","dc_publisher":"gm1954","dc_source":"https://beekdaelen.bestuurlijkeinformatie.nl/Agenda/Index/2c249a78-df15-4418-a2c9-820605832890","dc_title":"Raadsvergadering 2024-06-11 - Voorstel inzake toevoegen van een levensloopbestendige woning Jabeek","dc_type":"2c","dc_type_description":"Vergaderstuk decentrale overheid","foi_fairiscoreVersions":{"v1":2,"v2":2},"foi_files":[{"dc_format":"application/pdf","dc_identifier":"nl.gm1954.2c.2024.2837353-16.doc.3","dc_source":"https://api1.ibabs.eu/publicdownload.aspx?site=Beekdaelen&id=fe64c089-a6a7-4ecb-b5f6-b3495a08bf81","dc_title":"Bijlage: Ruimtelijke onderbouwing incl. bijlagen","dc_type":"bijlage","foi_fairiscoreVersions":{"v1":3,"v2":3},"foi_fileName":"Bijlage%202%20-%20Ruimtelijke_onderbouwing_incl%20bijlagen.pdf","foi_nrPages":110},{"dc_format":"application/pdf","dc_identifier":"nl.gm1954.2c.2024.2837353-16.doc.4","dc_source":"https://api1.ibabs.eu/publicdownload.aspx?site=Beekdaelen&id=7edecc1f-7fef-4d5d-bb7c-86f80e6e26a4","dc_title":"Bijlage: Ontwerpbesluit","dc_type":"bijlage","foi_fairiscoreVersions":{"v1":2,"v2":2},"foi_fileName":"Bijlage%203%20-%20Ontwerpbesluit.pdf","foi_nrPages":4},{"dc_format":"application/pdf","dc_identifier":"nl.gm1954.2c.2024.2837353-16.doc.2","dc_source":"https://api1.ibabs.eu/publicdownload.aspx?site=Beekdaelen&id=8cf54f10-085e-46e5-8003-ac182ab63a44","dc_title":"Raadsbesluit inzake toevoegen van een levensloopbestendige woning Jabeek - vastgesteld 11-06-2024","dc_type":"bijlage","foi_fairiscoreVersions":{"v1":1,"v2":1},"foi_fileName":"Raadsbesluit%20inzake%20toevoegen%20van%20een%20levensloopbestendige%20woning%20Jabeek.pdf","foi_nrPages":1},{"dc_format":"application/pdf","dc_identifier":"nl.gm1954.2c.2024.2837353-16.doc.1","dc_source":"https://api1.ibabs.eu/publicdownload.aspx?site=Beekdaelen&id=4d02a83a-cfd7-4670-8137-bfc4fd4bef2e","dc_title":"Raadsvoorstel inzake toevoegen van een levensloopbestendige woning Jabeek","dc_type":"bijlage","foi_fairiscoreVersions":{"v1":1,"v2":1},"foi_fileName":"Raadsvoorstel.pdf","foi_nrPages":2}],"foi_nrDocuments":4,"foi_nrPagesInDossier":117,"foi_publishedDate":"2024-06-11","foi_retrievedDate":"2025-11-29"},{"dc_creator":"HandelingScraper_v1","dc_date_year":2024,"dc_description":"Vergadering van de Gemeente Beekdaelen op 2024-06-11. Onderdeel: Voorstel inzake integraal kindcentrum Merkelbeek - tijdelijke huisvesting.","dc_identifier":"nl.gm1954.2c.2024.2837353-17","dc_publisher":"gm1954","dc_source":"https://beekdaelen.bestuurlijkeinformatie.nl/Agenda/Index/2c249a78-df15-4418-a2c9-820605832890","dc_title":"Raadsvergadering 2024-06-11 - Voorstel inzake integraal kindcentrum Merkelbeek - tijdelijke huisvesting","dc_type":"2c","dc_type_description":"Vergaderstuk decentrale overheid","foi_fairiscoreVersions":{"v1":2,"v2":2},"foi_files":[{"dc_format":"application/pdf","dc_identifier":"nl.gm1954.2c.2024.2837353-17.doc.4","dc_source":"https://api1.ibabs.eu/publicdownload.aspx?site=Beekdaelen&id=616e3f44-19bd-41e0-826f-2ec30b212257","dc_title":"Brief Ouderinitiatief Fusie basisschool GEANONIMISEERD","dc_type":"bijlage","foi_fairiscoreVersions":{"v1":1,"v2":1},"foi_fileName":"Brief%20Ouderinitiatief%20Fusie%20basisschool%20GEANONIMISEERD.pdf","foi_nrPages":4},{"dc_format":"application/pdf","dc_identifier":"nl.gm1954.2c.2024.2837353-17.doc.5","dc_source":"https://api1.ibabs.eu/publicdownload.aspx?site=Beekdaelen&id=a8e364b8-00f2-404b-8690-b76951ebfdfa","dc_title":"Nieuwsbrief werkgroep Verkeer Basisschool St. Jozef Merkelbeek - 4 juni 2024","dc_type":"bijlage","foi_fairiscoreVersions":{"v1":2,"v2":2},"foi_fileName":"Nieuwsbrief%20werkgroep%20Verkeer%20Basisschool%20St.pdf","foi_nrPages":4},{"dc_format":"application/pdf","dc_identifier":"nl.gm1954.2c.2024.2837353-17.doc.1","dc_source":"https://api1.ibabs.eu/publicdownload.aspx?site=Beekdaelen&id=930afc90-8cf9-4470-9eb3-56c7dd8e02c1","dc_title":"Raadsvoorstel inzake Integraal kindcentrum Merkelbeek - tijdelijke huisvesting","dc_type":"bijlage","foi_fairiscoreVersions":{"v1":1,"v2":1},"foi_fileName":"Z%2F24%2F202773%20-%20362455%20-%20Integraal%20kindcentrum%20Merkelbeek%20-%20tijdelijke%20huisvesting.pdf","foi_nrPages":4},{"dc_format":"application/pdf","dc_identifier":"nl.gm1954.2c.2024.2837353-17.doc.2","dc_source":"https://api1.ibabs.eu/publicdownload.aspx?site=Beekdaelen&id=1d3b7274-c4b8-4551-af54-1280241f0b37","dc_title":"Raadsbesluit inzake Integraal kindcentrum Merkelbeek - tijdelijke huisvesting - vastgesteld 11-06-2024","dc_type":"bijlage","foi_fairiscoreVersions":{"v1":1,"v2":1},"foi_fileName":"Z%2F24%2F202773%20-%20362456%20-%20Integraal%20kindcentrum%20Merkelbeek%20-%20tijdelijke%20huisvesting.pdf","foi_nrPages":1},{"dc_format":"application/pdf","dc_identifier":"nl.gm1954.2c.2024.2837353-17.doc.3","dc_source":"https://api1.ibabs.eu/publicdownload.aspx?site=Beekdaelen&id=60a1136f-f12e-4196-aee4-e1fa161e5be1","dc_title":"Begrotingswijziging t.b.v. tijdelijke huisvesting Merkelbeek","dc_type":"bijlage","foi_fairiscoreVersions":{"v1":1,"v2":1},"foi_fileName":"Z%2F24%2F202773%20-%20363144%20-%20begrotingswijziging%20t.b.v.pdf","foi_nrPages":1}],"foi_nrDocuments":5,"foi_nrPagesInDossier":14,"foi_publishedDate":"2024-06-11","foi_retrievedDate":"2025-11-29"},{"dc_creator":"HandelingScraper_v1","dc_date_year":2024,"dc_description":"Vergadering van de Gemeente Beekdaelen op 2024-06-11. Onderdeel: Voorstel inzake cofinanciering verenigingsgebouw schutterij St. Martinus Vaesrade.","dc_identifier":"nl.gm1954.2c.2024.2837353-18","dc_publisher":"gm1954","dc_source":"https://beekdaelen.bestuurlijkeinformatie.nl/Agenda/Index/2c249a78-df15-4418-a2c9-820605832890","dc_title":"Raadsvergadering 2024-06-11 - Voorstel inzake cofinanciering verenigingsgebouw schutterij St. Martinus Vaesrade","dc_type":"2c","dc_type_description":"Vergaderstuk decentrale overheid","foi_fairiscoreVersions":{"v1":1,"v2":1},"foi_files":[{"dc_format":"application/pdf","dc_identifier":"nl.gm1954.2c.2024.2837353-18.doc.1","dc_source":"https://api1.ibabs.eu/publicdownload.aspx?site=Beekdaelen&id=30903366-357c-4254-9e14-e1db68759370","dc_title":"Raadsvoorstel inzake cofinanciering verenigingsgebouw Schutterij St. Martinus Vaesrade","dc_type":"bijlage","foi_fairiscoreVersions":{"v1":1,"v2":1},"foi_fileName":"364431_1%20raadsvoorstel%20Schutterij%20Vaesrade.pdf","foi_nrPages":2},{"dc_format":"application/pdf","dc_identifier":"nl.gm1954.2c.2024.2837353-18.doc.4","dc_source":"https://api1.ibabs.eu/publicdownload.aspx?site=Beekdaelen&id=e8f2077a-7502-4311-bb6b-a03f768987e1","dc_title":"Aanvullende informatie schutterij St. Martinus GEANONIMISEERD","dc_type":"bijlage","foi_fairiscoreVersions":{"v1":1,"v2":1},"foi_fileName":"Aanvullende%20informatie%20schutterij%20St.pdf","foi_nrPages":1},{"dc_format":"application/pdf","dc_identifier":"nl.gm1954.2c.2024.2837353-18.doc.3","dc_source":"https://api1.ibabs.eu/publicdownload.aspx?site=Beekdaelen&id=f6de7165-bdf2-4e78-807f-d6d485ae6f98","dc_title":"Memorie van toelichting n.a.v. commissievergadering","dc_type":"bijlage","foi_fairiscoreVersions":{"v1":1,"v2":1},"foi_fileName":"Memorie%20van%20toelichting%20n.a.v.pdf","foi_nrPages":2},{"dc_format":"application/pdf","dc_identifier":"nl.gm1954.2c.2024.2837353-18.doc.2","dc_source":"https://api1.ibabs.eu/publicdownload.aspx?site=Beekdaelen&id=1f263747-a3f8-4895-803c-503e35527ecf","dc_title":"Raadsbesluit inzake cofinanciering verenigingsgebouw Schutterij St. Martinus Vaesrade - vastgesteld 11-06-2024","dc_type":"bijlage","foi_fairiscoreVersions":{"v1":1,"v2":1},"foi_fileName":"Raadsbesluit%20inzake%20cofinanciering%20verenigingsgebouw%20Schutterij%20St.pdf","foi_nrPages":1}],"foi_nrDocuments":4,"foi_nrPagesInDossier":6,"foi_publishedDate":"2024-06-11","foi_retrievedDate":"2025-11-29"},{"dc_creator":"HandelingScraper_v1","dc_date_year":2024,"dc_description":"Vergadering van de Gemeente Beekdaelen op 2024-06-11. Onderdeel: Amendement BL inzake cofinanciering Schutterij St. Martinus.","dc_identifier":"nl.gm1954.2c.2024.2837353-19","dc_publisher":"gm1954","dc_source":"https://beekdaelen.bestuurlijkeinformatie.nl/Agenda/Index/2c249a78-df15-4418-a2c9-820605832890","dc_title":"Raadsvergadering 2024-06-11 - Amendement BL inzake cofinanciering Schutterij St. Martinus","dc_type":"2c","dc_type_description":"Vergaderstuk decentrale overheid","foi_fairiscoreVersions":{"v1":1,"v2":1},"foi_files":[{"dc_format":"application/pdf","dc_identifier":"nl.gm1954.2c.2024.2837353-19.doc.1","dc_source":"https://api1.ibabs.eu/publicdownload.aspx?site=Beekdaelen&id=717dce6b-96d6-4533-9cfd-443ea3c26075","dc_title":"Amendement BL inzake cofinanciering Schutterij St. Martinus AANGENOMEN","dc_type":"bijlage","foi_fairiscoreVersions":{"v1":1,"v2":1},"foi_fileName":"Amendement%20BL%20inzake%20cofinanciering%20Schutterij%20St.pdf","foi_nrPages":1}],"foi_nrDocuments":1,"foi_nrPagesInDossier":1,"foi_publishedDate":"2024-06-11","foi_retrievedDate":"2025-11-29"},{"dc_creator":"HandelingScraper_v1","dc_date_year":2024,"dc_description":"Vergadering van de Gemeente Beekdaelen op 2024-06-11. Onderdeel: Vaststellen besluitenlijst openbare raadsvergadering d.d. 23 april 2024.","dc_identifier":"nl.gm1954.2c.2024.2837353-2","dc_publisher":"gm1954","dc_source":"https://beekdaelen.bestuurlijkeinformatie.nl/Agenda/Index/2c249a78-df15-4418-a2c9-820605832890","dc_title":"Raadsvergadering 2024-06-11 - Vaststellen besluitenlijst openbare raadsvergadering d.d. 23 april 2024","dc_type":"2c","dc_type_description":"Vergaderstuk decentrale overheid","foi_fairiscoreVersions":{"v1":1,"v2":1},"foi_files":[{"dc_format":"application/pdf","dc_identifier":"nl.gm1954.2c.2024.2837353-2.doc.1","dc_source":"https://api1.ibabs.eu/publicdownload.aspx?site=Beekdaelen&id=6b22bfd9-7c7d-4fd0-b03c-2c541b250735","dc_title":"Besluitenlijst raadsvergadering 23042024 - vastgesteld 11-06-2024","dc_type":"bijlage","foi_fairiscoreVersions":{"v1":1,"v2":1},"foi_fileName":"Besluitenlijst%20raadsvergadering%2023042024.pdf","foi_nrPages":10}],"foi_nrDocuments":1,"foi_nrPagesInDossier":10,"foi_publishedDate":"2024-06-11","foi_retrievedDate":"2025-11-29"},{"dc_creator":"HandelingScraper_v1","dc_date_year":2024,"dc_description":"Vergadering van de Gemeente Beekdaelen op 2024-06-11. Onderdeel: Voorstel inzake Regionaal Beleidskader Jeugdhulp 2024-2028 Zuid-Limburg.","dc_identifier":"nl.gm1954.2c.2024.2837353-20","dc_publisher":"gm1954","dc_source":"https://beekdaelen.bestuurlijkeinformatie.nl/Agenda/Index/2c249a78-df15-4418-a2c9-820605832890","dc_title":"Raadsvergadering 2024-06-11 - Voorstel inzake Regionaal Beleidskader Jeugdhulp 2024-2028 Zuid-Limburg","dc_type":"2c","dc_type_description":"Vergaderstuk decentrale overheid","foi_fairiscoreVersions":{"v1":2,"v2":2},"foi_files":[{"dc_format":"application/pdf","dc_identifier":"nl.gm1954.2c.2024.2837353-20.doc.2","dc_source":"https://api1.ibabs.eu/publicdownload.aspx?site=Beekdaelen&id=76fb1407-ce6e-4194-b012-8d345645fd30","dc_title":"Raadsbesluit inzake Regionaal Beleidskader Jeugdhulp 2024-2028 - vastgesteld 11-06-2024","dc_type":"bijlage","foi_fairiscoreVersions":{"v1":1,"v2":1},"foi_fileName":"Z%2F23%2F191639%20-%20350093.pdf","foi_nrPages":1},{"dc_format":"application/pdf","dc_identifier":"nl.gm1954.2c.2024.2837353-20.doc.3","dc_source":"https://api1.ibabs.eu/publicdownload.aspx?site=Beekdaelen&id=f4730c6f-0234-4331-b7bf-d898ca6c9a67","dc_title":"Bijlage: Regionaal Beleidskader Jeugdhulp 2024-2028","dc_type":"bijlage","foi_fairiscoreVersions":{"v1":2,"v2":2},"foi_fileName":"Z%2F23%2F191639%20-%20350093.pdf","foi_nrPages":30},{"dc_format":"application/pdf","dc_identifier":"nl.gm1954.2c.2024.2837353-20.doc.4","dc_source":"https://api1.ibabs.eu/publicdownload.aspx?site=Beekdaelen&id=3bd1c792-2299-44b8-87f2-deac02012ddc","dc_title":"Bijlage: Advies van Adviesorgaan Sociaal Domein Beekdaelen m.b.t. Regionaal Beleidskader","dc_type":"bijlage","foi_fairiscoreVersions":{"v1":1,"v2":1},"foi_fileName":"Z%2F23%2F191639%20-%20350093.pdf","foi_nrPages":5},{"dc_format":"application/pdf","dc_identifier":"nl.gm1954.2c.2024.2837353-20.doc.5","dc_source":"https://api1.ibabs.eu/publicdownload.aspx?site=Beekdaelen&id=b3006861-b44b-43e7-8eb0-d8209c96ad0e","dc_title":"Bijlage: Beantwoording advies van Adviesorgaan Sociaal Domein Beekdaelen m.b.t. het Regionaal Beleidskader","dc_type":"bijlage","foi_fairiscoreVersions":{"v1":1,"v2":1},"foi_fileName":"Z%2F23%2F191639%20-%20350093.pdf","foi_nrPages":43},{"dc_format":"application/pdf","dc_identifier":"nl.gm1954.2c.2024.2837353-20.doc.6","dc_source":"https://api1.ibabs.eu/publicdownload.aspx?site=Beekdaelen&id=a9d63463-6b54-4b70-b378-e553feac45df","dc_title":"Bijlage: Koersdocument Jeugdhulp Beekdaelen 2023-2024","dc_type":"bijlage","foi_fairiscoreVersions":{"v1":2,"v2":1},"foi_fileName":"Z%2F23%2F191639%20-%20350093.pdf","foi_nrPages":23},{"dc_format":"application/pdf","dc_identifier":"nl.gm1954.2c.2024.2837353-20.doc.7","dc_source":"https://api1.ibabs.eu/publicdownload.aspx?site=Beekdaelen&id=e3b45637-4360-4781-acef-f3058a37bdc5","dc_title":"Bijlage: Advies van Adviesorgaan Sociaal Domein Beekdaelen m.b.t. het Koersdocument Jeugdhulp Beekdaelen 2023-2024","dc_type":"bijlage","foi_fairiscoreVersions":{"v1":1,"v2":1},"foi_fileName":"Z%2F23%2F191639%20-%20350093.pdf","foi_nrPages":4},{"dc_format":"application/pdf","dc_identifier":"nl.gm1954.2c.2024.2837353-20.doc.8","dc_source":"https://api1.ibabs.eu/publicdownload.aspx?site=Beekdaelen&id=fd6e69c8-2ed6-4ea8-8f2a-7bcbe46e6c91","dc_title":"Bijlage: Beantwoording advies van Adviesorgaan Sociaal Domein Beekdaelen m.b.t. het Koersdocument Jeugdhulp Beekdaelen 2023-2024.","dc_type":"bijlage","foi_fairiscoreVersions":{"v1":1,"v2":1},"foi_fileName":"Z%2F23%2F191639%20-%20350093.pdf","foi_nrPages":3},{"dc_format":"application/pdf","dc_identifier":"nl.gm1954.2c.2024.2837353-20.doc.9","dc_source":"https://api1.ibabs.eu/publicdownload.aspx?site=Beekdaelen&id=c925f05d-f2c8-43e4-86a6-798b6a5ab88f","dc_title":"Bijlage: Regiovisie op de Governance 2024-2028 Jeugdhulp Zuid-Limburg","dc_type":"bijlage","foi_fairiscoreVersions":{"v1":2,"v2":2},"foi_fileName":"Z%2F23%2F191639%20-%20350093.pdf","foi_nrPages":20},{"dc_format":"application/pdf","dc_identifier":"nl.gm1954.2c.2024.2837353-20.doc.10","dc_source":"https://api1.ibabs.eu/publicdownload.aspx?site=Beekdaelen&id=577684e7-f046-44f9-8016-2c74d46192c1","dc_title":"Bijlage: Service Level Agreement 2024-2028 Jeugdhulp Zuid-Limburg","dc_type":"bijlage","foi_fairiscoreVersions":{"v1":2,"v2":1},"foi_fileName":"Z%2F23%2F191639%20-%20350093.pdf","foi_nrPages":27},{"dc_format":"application/pdf","dc_identifier":"nl.gm1954.2c.2024.2837353-20.doc.11","dc_source":"https://api1.ibabs.eu/publicdownload.aspx?site=Beekdaelen&id=0c5b1436-6821-4dc4-ba0d-f7fd71b632aa","dc_title":"Bijlage: Uitvoeringsplan 2024 Verwerving-inkoop Jeugdhulp Zuid-Limburg","dc_type":"bijlage","foi_fairiscoreVersions":{"v1":2,"v2":1},"foi_fileName":"Z%2F23%2F191639%20-%20350093.pdf","foi_nrPages":12},{"dc_format":"application/pdf","dc_identifier":"nl.gm1954.2c.2024.2837353-20.doc.12","dc_source":"https://api1.ibabs.eu/publicdownload.aspx?site=Beekdaelen&id=7a417e0c-dea2-4573-b000-99b18f73b0ec","dc_title":"Bijlage : Uitvoeringsplan 2024 Beleid Jeugdhulp Zuid-Limburg","dc_type":"bijlage","foi_fairiscoreVersions":{"v1":1,"v2":1},"foi_fileName":"Z%2F23%2F191639%20-%20350093.pdf","foi_nrPages":3},{"dc_format":"application/pdf","dc_identifier":"nl.gm1954.2c.2024.2837353-20.doc.1","dc_source":"https://api1.ibabs.eu/publicdownload.aspx?site=Beekdaelen&id=cae0a88f-ac85-4ebd-9750-66cf0a575c72","dc_title":"Raadsvoorstel inzake Regionaal Beleidskader Jeugdhulp 2024-2028","dc_type":"bijlage","foi_fairiscoreVersions":{"v1":1,"v2":1},"foi_fileName":"Z%2F23%2F191639%20-%20350118%20-%20Raadsvoorstel%20Regionaal%20Beleidskader%202024-2028.pdf","foi_nrPages":7}],"foi_nrDocuments":12,"foi_nrPagesInDossier":178,"foi_publishedDate":"2024-06-11","foi_retrievedDate":"2025-11-29"},{"dc_creator":"HandelingScraper_v1","dc_date_year":2024,"dc_description":"Vergadering van de Gemeente Beekdaelen op 2024-06-11. Onderdeel: Voorstel inzake Regiovisie 2024-2031 Aanpak geweld in afhankelijkheidsrelaties Zuid-Limburg 'Samen sterk, iedereen veilig'.","dc_identifier":"nl.gm1954.2c.2024.2837353-21","dc_publisher":"gm1954","dc_source":"https://beekdaelen.bestuurlijkeinformatie.nl/Agenda/Index/2c249a78-df15-4418-a2c9-820605832890","dc_title":"Raadsvergadering 2024-06-11 - Voorstel inzake Regiovisie 2024-2031 Aanpak geweld in afhankelijkheidsrelaties Zuid-Limburg 'Samen sterk, iedereen veilig'","dc_type":"2c","dc_type_description":"Vergaderstuk decentrale overheid","foi_fairiscoreVersions":{"v1":2,"v2":1},"foi_files":[{"dc_format":"application/pdf","dc_identifier":"nl.gm1954.2c.2024.2837353-21.doc.1","dc_source":"https://api1.ibabs.eu/publicdownload.aspx?site=Beekdaelen&id=adb93ff7-23f7-4c41-8058-0b0c447a88d1","dc_title":"Raadsvoorstel inzake Regiovisie 2024-2031 Aanpak geweld in afhankelijkheidsrelaties Zuid-Limburg 'Samen sterk, iedereen veilig'","dc_type":"bijlage","foi_fairiscoreVersions":{"v1":1,"v2":1},"foi_fileName":"Z%2F24%2F203311%20-%20362172.pdf","foi_nrPages":6},{"dc_format":"application/pdf","dc_identifier":"nl.gm1954.2c.2024.2837353-21.doc.2","dc_source":"https://api1.ibabs.eu/publicdownload.aspx?site=Beekdaelen&id=44186d0c-f175-4b81-84df-155f1c67cc42","dc_title":"Raadsbesluit inzake Regiovisie 2024-2031 Aanpak geweld in afhankelijkheidsrelaties Zuid-Limburg \u2018Samen sterk, iedereen veilig.\u2019 - vastgesteld 11-06-2024","dc_type":"bijlage","foi_fairiscoreVersions":{"v1":1,"v2":1},"foi_fileName":"Z%2F24%2F203311%20-%20362172.pdf","foi_nrPages":1},{"dc_format":"application/pdf","dc_identifier":"nl.gm1954.2c.2024.2837353-21.doc.3","dc_source":"https://api1.ibabs.eu/publicdownload.aspx?site=Beekdaelen&id=e9b398fb-9e14-4a96-b756-b56dad390d69","dc_title":"Bijlage: Regiovisie 2024-2031 Aanpak geweld in afhankelijkheidsrelaties Zuid-Limburg \u2018Samen sterk, iedereen veilig.\u2019","dc_type":"bijlage","foi_fairiscoreVersions":{"v1":2,"v2":1},"foi_fileName":"Z%2F24%2F203311%20-%20362172.pdf","foi_nrPages":76},{"dc_format":"application/pdf","dc_identifier":"nl.gm1954.2c.2024.2837353-21.doc.4","dc_source":"https://api1.ibabs.eu/publicdownload.aspx?site=Beekdaelen&id=27416fcf-5213-42c0-8d93-43f96af07d30","dc_title":"Bijlage: Samenvatting Regiovisie 2024-2031 Aanpak geweld in afhankelijkheidsrelaties Zuid-Limburg \u2018Samen sterk, iedereen veilig.\u2019","dc_type":"bijlage","foi_fairiscoreVersions":{"v1":2,"v2":1},"foi_fileName":"Z%2F24%2F203311%20-%20362172.pdf","foi_nrPages":10},{"dc_format":"application/pdf","dc_identifier":"nl.gm1954.2c.2024.2837353-21.doc.5","dc_source":"https://api1.ibabs.eu/publicdownload.aspx?site=Beekdaelen&id=82b111d3-2fcf-47d6-8910-4e45be8039fe","dc_title":"Bijlage: Brief van de commissie Zorg en Veiligheid","dc_type":"bijlage","foi_fairiscoreVersions":{"v1":1,"v2":1},"foi_fileName":"Z%2F24%2F203311%20-%20362172.pdf","foi_nrPages":2},{"dc_format":"application/pdf","dc_identifier":"nl.gm1954.2c.2024.2837353-21.doc.6","dc_source":"https://api1.ibabs.eu/publicdownload.aspx?site=Beekdaelen&id=4ce00782-62db-4b21-ace6-2540ec836f6a","dc_title":"Bijlage:\tAdvies omtrent Regiovisie GIA door Adviesorgaan Sociaal Domein Beekdaelen","dc_type":"bijlage","foi_fairiscoreVersions":{"v1":1,"v2":1},"foi_fileName":"Z%2F24%2F203311%20-%20362172.pdf","foi_nrPages":4},{"dc_format":"application/pdf","dc_identifier":"nl.gm1954.2c.2024.2837353-21.doc.7","dc_source":"https://api1.ibabs.eu/publicdownload.aspx?site=Beekdaelen&id=cde20263-a921-4e99-b028-8923b33a18a5","dc_title":"Bijlage: Beantwoording van het advies omtrent Regiovisie GIA door Adviesorgaan Sociaal Domein Beekdaelen","dc_type":"bijlage","foi_fairiscoreVersions":{"v1":1,"v2":1},"foi_fileName":"Z%2F24%2F203311%20-%20362172.pdf","foi_nrPages":2}],"foi_nrDocuments":7,"foi_nrPagesInDossier":101,"foi_publishedDate":"2024-06-11","foi_retrievedDate":"2025-11-29"},{"dc_creator":"HandelingScraper_v1","dc_date_year":2024,"dc_description":"Vergadering van de Gemeente Beekdaelen op 2024-06-11. Onderdeel: Voorstel inzake Inbreidingsgebied Sweikhuizen.","dc_identifier":"nl.gm1954.2c.2024.2837353-22","dc_publisher":"gm1954","dc_source":"https://beekdaelen.bestuurlijkeinformatie.nl/Agenda/Index/2c249a78-df15-4418-a2c9-820605832890","dc_title":"Raadsvergadering 2024-06-11 - Voorstel inzake Inbreidingsgebied Sweikhuizen","dc_type":"2c","dc_type_description":"Vergaderstuk decentrale overheid","foi_fairiscoreVersions":{"v1":2,"v2":2},"foi_files":[{"dc_format":"application/pdf","dc_identifier":"nl.gm1954.2c.2024.2837353-22.doc.7","dc_source":"https://api1.ibabs.eu/publicdownload.aspx?site=Beekdaelen&id=473082d2-8766-4425-9e07-bd64342f0d37","dc_title":"Bijlage: Begrotingswijziging 4.1 Voorbereidingskrediet inbreidingsplan Sweikhuizen Z/22/173916 - 362262","dc_type":"bijlage","foi_fairiscoreVersions":{"v1":1,"v2":1},"foi_fileName":"Begrotingswijziging%204.1%20Voorbereidingskrediet%20inbreidingsplan%20Sweikhuizen%20Z%2F22%2F173916%20-%20362262.pdf","foi_nrPages":1},{"dc_format":"application/pdf","dc_identifier":"nl.gm1954.2c.2024.2837353-22.doc.2","dc_source":"https://api1.ibabs.eu/publicdownload.aspx?site=Beekdaelen&id=76de239a-c87c-4e43-a8fd-17ddb0d7b9a5","dc_title":"Raadsbesluit inzake inbreidingsgebied Sweikhuizen - vastgesteld 11-06-2024","dc_type":"bijlage","foi_fairiscoreVersions":{"v1":1,"v2":1},"foi_fileName":"Concept%20raadsbesluit%20Z%2F22%2F173916%20-%20362262.pdf","foi_nrPages":1},{"dc_format":"application/pdf","dc_identifier":"nl.gm1954.2c.2024.2837353-22.doc.6","dc_source":"https://api1.ibabs.eu/publicdownload.aspx?site=Beekdaelen&id=dcb36102-fe00-41bf-9f44-0fa04297560e","dc_title":"Bijlage: Grondeigendom verhouding","dc_type":"bijlage","foi_fairiscoreVersions":{"v1":2,"v2":2},"foi_fileName":"Grondeigendom%20verhouding%20Z%2F22%2F173916%20-%20362262.pdf","foi_nrPages":1},{"dc_format":"application/pdf","dc_identifier":"nl.gm1954.2c.2024.2837353-22.doc.5","dc_source":"https://api1.ibabs.eu/publicdownload.aspx?site=Beekdaelen&id=346da3b9-7275-4eec-8d27-41a6ca7973f4","dc_title":"Bijlage: Overzichtsfoto inbreidingsgebied","dc_type":"bijlage","foi_fairiscoreVersions":{"v1":4,"v2":4},"foi_fileName":"Overzichtsfoto%20inbreidingsgebied%20Z%2F22%2F173916%20-%20362262.pdf","foi_nrPages":2},{"dc_format":"application/pdf","dc_identifier":"nl.gm1954.2c.2024.2837353-22.doc.4","dc_source":"https://api1.ibabs.eu/publicdownload.aspx?site=Beekdaelen&id=18fe6389-3c28-4b6f-bc76-9735077ba285","dc_title":"Bijlage: Passage kadernota 2023","dc_type":"bijlage","foi_fairiscoreVersions":{"v1":2,"v2":2},"foi_fileName":"Passage%20kadernota%202023%20Z%2F22%2F173916%20-%20362262.pdf","foi_nrPages":1},{"dc_format":"application/pdf","dc_identifier":"nl.gm1954.2c.2024.2837353-22.doc.3","dc_source":"https://api1.ibabs.eu/publicdownload.aspx?site=Beekdaelen&id=fb0b14c5-6f3c-48c0-aa2b-18503b01b08e","dc_title":"Bijlage: Raadsinformatiebrief 22 februari 2022","dc_type":"bijlage","foi_fairiscoreVersions":{"v1":1,"v2":1},"foi_fileName":"Raadsinformatiebrief%20%2022%20februari%202022%20Z%2F22%2F173916%20-%20362262.pdf","foi_nrPages":6},{"dc_format":"application/pdf","dc_identifier":"nl.gm1954.2c.2024.2837353-22.doc.1","dc_source":"https://api1.ibabs.eu/publicdownload.aspx?site=Beekdaelen&id=1d897a44-a890-4ad3-b77c-806077ac81bb","dc_title":"Raadsvoorstel inzake inbreidingsgebied Sweikhuizen","dc_type":"bijlage","foi_fairiscoreVersions":{"v1":1,"v2":1},"foi_fileName":"Raadsvoorstel%20inbreidingsgebied%20Sweikhuizen%20Z%2F22%2F173916%20-%20362262.pdf","foi_nrPages":6},{"dc_format":"application/pdf","dc_identifier":"nl.gm1954.2c.2024.2837353-22.doc.8","dc_source":"https://api1.ibabs.eu/publicdownload.aspx?site=Beekdaelen&id=97152e03-eb6b-4014-8070-b0a63858da2f","dc_title":"Vraag van VG in vergadering cie. SLO 28.05.2024","dc_type":"bijlage","foi_fairiscoreVersions":{"v1":2,"v2":1},"foi_fileName":"Vraag%20van%20VG%20in%20vergadering%20cie.%20SLO%2028.05.pdf","foi_nrPages":2}],"foi_nrDocuments":8,"foi_nrPagesInDossier":20,"foi_publishedDate":"2024-06-11","foi_retrievedDate":"2025-11-29"},{"dc_creator":"HandelingScraper_v1","dc_date_year":2024,"dc_description":"Vergadering van de Gemeente Beekdaelen op 2024-06-11. Onderdeel: Voorstel inzake jaarstukken 2023, ontwerpbegroting 2025 en meerjarenraming Stadsregio Parkstad Limburg.","dc_identifier":"nl.gm1954.2c.2024.2837353-23","dc_publisher":"gm1954","dc_source":"https://beekdaelen.bestuurlijkeinformatie.nl/Agenda/Index/2c249a78-df15-4418-a2c9-820605832890","dc_title":"Raadsvergadering 2024-06-11 - Voorstel inzake jaarstukken 2023, ontwerpbegroting 2025 en meerjarenraming Stadsregio Parkstad Limburg","dc_type":"2c","dc_type_description":"Vergaderstuk decentrale overheid","foi_fairiscoreVersions":{"v1":2,"v2":2},"foi_files":[{"dc_format":"application/pdf","dc_identifier":"nl.gm1954.2c.2024.2837353-23.doc.1","dc_source":"https://api1.ibabs.eu/publicdownload.aspx?site=Beekdaelen&id=a5df9f48-d3ab-4c82-9dd4-c2d4e7fdd5b9","dc_title":"Raadsvoorstel inzake de voorlopige jaarstukken 2023 en de ontwerpbegroting 2025 inclusief meerjarenraming van de GR Stadregio Parkstad Limburg","dc_type":"bijlage","foi_fairiscoreVersions":{"v1":1,"v2":1},"foi_fileName":"Bijlage%201%20Concept%20raadsvoorstel%20inzake%20de%20voorlopige%20jaarstukken%202023%20en%20de%20ontwerpbegroting%202025%20inclusief%20meerjarenraming%20van%20.pdf","foi_nrPages":7},{"dc_format":"application/pdf","dc_identifier":"nl.gm1954.2c.2024.2837353-23.doc.5","dc_source":"https://api1.ibabs.eu/publicdownload.aspx?site=Beekdaelen&id=36da4ecf-f0b1-4efb-95b6-0b614097e172","dc_title":"Bijlage: Uitgaande brief zienswijze stadsregio Parkstad Limburg","dc_type":"bijlage","foi_fairiscoreVersions":{"v1":2,"v2":2},"foi_fileName":"Uitgaande%20brief%20zienswijze%20stadsregio%20Parkstad%20Limburg.pdf","foi_nrPages":1},{"dc_format":"application/pdf","dc_identifier":"nl.gm1954.2c.2024.2837353-23.doc.2","dc_source":"https://api1.ibabs.eu/publicdownload.aspx?site=Beekdaelen&id=8d974fc5-085b-4d7e-93b7-92c6ce9981ef","dc_title":"Raadsbesluit inzake voorlopige de jaarstukken 2023, de ontwerpbegroting 2025 inclusief meerjarenraming van de GR Stadregio Parkstad Limburg -  vastgesteld 11-06-2024","dc_type":"bijlage","foi_fairiscoreVersions":{"v1":1,"v2":1},"foi_fileName":"Z%2F24%2F203850%20-%20363365%20-%20Jaarstukken%202023%20en%20ontwerpbegroting%202025%20en%20mjr%20Stadsregio%20Parkstad%20Limburg.pdf","foi_nrPages":1},{"dc_format":"application/pdf","dc_identifier":"nl.gm1954.2c.2024.2837353-23.doc.4","dc_source":"https://api1.ibabs.eu/publicdownload.aspx?site=Beekdaelen&id=2af50f9b-c51c-4955-af7b-0b0989f5fe77","dc_title":"Bijlage: Voorlopige jaarstukken 2023 GR Stadsregio Parkstad Limburg","dc_type":"bijlage","foi_fairiscoreVersions":{"v1":2,"v2":1},"foi_fileName":"Z%2F24%2F203850%20-%20363368%20-%20Concept%20jaarstukken%202023%20stadsregio%20Parkstad%20Limburg.pdf","foi_nrPages":101},{"dc_format":"application/pdf","dc_identifier":"nl.gm1954.2c.2024.2837353-23.doc.3","dc_source":"https://api1.ibabs.eu/publicdownload.aspx?site=Beekdaelen&id=02fba085-3fba-4203-ac9c-c81ddcdaf4e9","dc_title":"Bijlage: Ontwerpbegroting 2025 inclusief meerjarenraming GR Stadsregio Parkstad Limburg","dc_type":"bijlage","foi_fairiscoreVersions":{"v1":2,"v2":1},"foi_fileName":"Z%2F24%2F203850%20-%20363377%20-%20Ontwerpbegroting%202025%20en%20mjr%20Stadsregio%20Parkstad%20Limburg.pdf","foi_nrPages":46}],"foi_nrDocuments":5,"foi_nrPagesInDossier":156,"foi_publishedDate":"2024-06-11","foi_retrievedDate":"2025-11-29"},{"dc_creator":"HandelingScraper_v1","dc_date_year":2024,"dc_description":"Vergadering van de Gemeente Beekdaelen op 2024-06-11. Onderdeel: Voorstel inzake 2e tranche Tijdelijke Uitvoeringsregeling, 5 jaar Beekdaelen.","dc_identifier":"nl.gm1954.2c.2024.2837353-24","dc_publisher":"gm1954","dc_source":"https://beekdaelen.bestuurlijkeinformatie.nl/Agenda/Index/2c249a78-df15-4418-a2c9-820605832890","dc_title":"Raadsvergadering 2024-06-11 - Voorstel inzake 2e tranche Tijdelijke Uitvoeringsregeling, 5 jaar Beekdaelen","dc_type":"2c","dc_type_description":"Vergaderstuk decentrale overheid","foi_fairiscoreVersions":{"v1":2,"v2":1},"foi_files":[{"dc_format":"application/pdf","dc_identifier":"nl.gm1954.2c.2024.2837353-24.doc.1","dc_source":"https://api1.ibabs.eu/publicdownload.aspx?site=Beekdaelen&id=1c1d10bb-daca-46cc-87e8-0370830219a1","dc_title":"Raadsvoorstel inzake 2e tranche Tijdelijke Uitvoeringsregeling, 5 jaar Beekdaelen","dc_type":"bijlage","foi_fairiscoreVersions":{"v1":1,"v2":1},"foi_fileName":"364434_1.pdf","foi_nrPages":3},{"dc_format":"application/pdf","dc_identifier":"nl.gm1954.2c.2024.2837353-24.doc.2","dc_source":"https://api1.ibabs.eu/publicdownload.aspx?site=Beekdaelen&id=efd43382-40de-4709-a317-502028bfc172","dc_title":"Raadsbesluit inzake 2e tranche Tijdelijke Uitvoeringsregeling, 5 jaar Beekdaelen - vastgesteld 11-06-2024","dc_type":"bijlage","foi_fairiscoreVersions":{"v1":2,"v2":1},"foi_fileName":"364435_1.pdf","foi_nrPages":2},{"dc_format":"application/pdf","dc_identifier":"nl.gm1954.2c.2024.2837353-24.doc.3","dc_source":"https://api1.ibabs.eu/publicdownload.aspx?site=Beekdaelen&id=75b00bae-234d-4f46-979b-e7e119cd3709","dc_title":"Bijlage 1 Tweede Tranche Tijdelijke uitvoeringsregeling 5 jaar Beekdaelen","dc_type":"bijlage","foi_fairiscoreVersions":{"v1":1,"v2":1},"foi_fileName":"Bijlage%201%20Tweede%20Tranche%20Tijdelijke%20uitvoeringsregeling%205%20jaar%20Beekdaelen.pdf","foi_nrPages":2}],"foi_nrDocuments":3,"foi_nrPagesInDossier":7,"foi_publishedDate":"2024-06-11","foi_retrievedDate":"2025-11-29"},{"dc_creator":"HandelingScraper_v1","dc_date_year":2024,"dc_description":"Vergadering van de Gemeente Beekdaelen op 2024-06-11. Onderdeel: Voorstel inzake Ontwerpbegroting 2025 en Meerjarenraming 2026-2028, begrotingswijziging 2024 en jaarstukken 2023  van RUD Zuid-Limburg..","dc_identifier":"nl.gm1954.2c.2024.2837353-25","dc_publisher":"gm1954","dc_source":"https://beekdaelen.bestuurlijkeinformatie.nl/Agenda/Index/2c249a78-df15-4418-a2c9-820605832890","dc_title":"Raadsvergadering 2024-06-11 - Voorstel inzake Ontwerpbegroting 2025 en Meerjarenraming 2026-2028, begrotingswijziging 2024 en jaarstukken 2023  van RUD Zuid-Limburg.","dc_type":"2c","dc_type_description":"Vergaderstuk decentrale overheid","foi_fairiscoreVersions":{"v1":3,"v2":3},"foi_files":[{"dc_format":"application/pdf","dc_identifier":"nl.gm1954.2c.2024.2837353-25.doc.2","dc_source":"https://api1.ibabs.eu/publicdownload.aspx?site=Beekdaelen&id=7e0aee6e-3213-47e6-b86b-8e5b92906e60","dc_title":"Raadsbesluit inzake Ontwerpbegroting 2025, meerjarenraming 2026-2028, Jaarrekening 2023  en ontwerp-begrotingswijziging 2024 van de RUD ZL - vastgesteld 11-06-2024","dc_type":"bijlage","foi_fairiscoreVersions":{"v1":1,"v2":1},"foi_fileName":"362481_1.pdf","foi_nrPages":1},{"dc_format":"application/pdf","dc_identifier":"nl.gm1954.2c.2024.2837353-25.doc.5","dc_source":"https://api1.ibabs.eu/publicdownload.aspx?site=Beekdaelen&id=7d8eb8b1-b8c8-40a5-9350-3513b9ec24a2","dc_title":"Bijlage: Begrotingswijziging 2024","dc_type":"bijlage","foi_fairiscoreVersions":{"v1":5,"v2":5},"foi_fileName":"Begrotingswijziging%202024_1.pdf","foi_nrPages":5},{"dc_format":"application/pdf","dc_identifier":"nl.gm1954.2c.2024.2837353-25.doc.6","dc_source":"https://api1.ibabs.eu/publicdownload.aspx?site=Beekdaelen&id=faf3666e-b00b-4cc9-8fb4-8be98805ae63","dc_title":"Brief aan Dagelijks Bestuur met zienswijze","dc_type":"bijlage","foi_fairiscoreVersions":{"v1":3,"v2":3},"foi_fileName":"Brief%20aan%20Dagelijks%20Bestuur%20met%20zienswijze.pdf","foi_nrPages":4},{"dc_format":"application/pdf","dc_identifier":"nl.gm1954.2c.2024.2837353-25.doc.3","dc_source":"https://api1.ibabs.eu/publicdownload.aspx?site=Beekdaelen&id=fe3c31b0-2a8f-48db-a6d5-d3536e002b0e","dc_title":"Bijlage: Ontwerpbegroting 2025 en meerjarenraming 2026 - 2028","dc_type":"bijlage","foi_fairiscoreVersions":{"v1":2,"v2":2},"foi_fileName":"INK%20-INK074_80E2877EC17C4E118F740378CBE29453.pdf","foi_nrPages":58},{"dc_format":"application/pdf","dc_identifier":"nl.gm1954.2c.2024.2837353-25.doc.4","dc_source":"https://api1.ibabs.eu/publicdownload.aspx?site=Beekdaelen&id=2b83748c-1448-42c6-8acd-fd1a9f85b438","dc_title":"Bijlage: Jaarstukken 2023","dc_type":"bijlage","foi_fairiscoreVersions":{"v1":2,"v2":2},"foi_fileName":"Jaarstukken%202023.pdf","foi_nrPages":57},{"dc_format":"application/pdf","dc_identifier":"nl.gm1954.2c.2024.2837353-25.doc.1","dc_source":"https://api1.ibabs.eu/publicdownload.aspx?site=Beekdaelen&id=9a5d04e0-bf60-48ec-aed4-397bc8793628","dc_title":"Raadsvoorstel inzake Ontwerpbegroting 2025, meerjarenraming 2026-2028, Jaarrekening 2023  en ontwerp-begrotingswijziging 2024 van de RUD ZL","dc_type":"bijlage","foi_fairiscoreVersions":{"v1":1,"v2":1},"foi_fileName":"Z%2F24%2F202492%20-%20362477%20-%20Ontwerpbegroting%202025_%20meerjarenraming%202026-2028.pdf","foi_nrPages":6}],"foi_nrDocuments":6,"foi_nrPagesInDossier":131,"foi_publishedDate":"2024-06-11","foi_retrievedDate":"2025-11-29"},{"dc_creator":"HandelingScraper_v1","dc_date_year":2024,"dc_description":"Vergadering van de Gemeente Beekdaelen op 2024-06-11. Onderdeel: Voorstel inzake inzake nota van zienswijzen en vaststelling bestemmingsplan Gemeenschapshuis Puth.","dc_identifier":"nl.gm1954.2c.2024.2837353-26","dc_publisher":"gm1954","dc_source":"https://beekdaelen.bestuurlijkeinformatie.nl/Agenda/Index/2c249a78-df15-4418-a2c9-820605832890","dc_title":"Raadsvergadering 2024-06-11 - Voorstel inzake inzake nota van zienswijzen en vaststelling bestemmingsplan Gemeenschapshuis Puth","dc_type":"2c","dc_type_description":"Vergaderstuk decentrale overheid","foi_fairiscoreVersions":{"v1":2,"v2":2},"foi_files":[{"dc_format":"application/pdf","dc_identifier":"nl.gm1954.2c.2024.2837353-26.doc.8","dc_source":"https://api1.ibabs.eu/publicdownload.aspx?site=Beekdaelen&id=807cb340-4628-4ecf-b574-05833fb93824","dc_title":"Bijlagen bij de toelichting, 18 april 2024","dc_type":"bijlage","foi_fairiscoreVersions":{"v1":2,"v2":2},"foi_fileName":"Bijlagen%20bij%20de%20toelichting_%2018%20april%202024.pdf","foi_nrPages":870},{"dc_format":"application/pdf","dc_identifier":"nl.gm1954.2c.2024.2837353-26.doc.3","dc_source":"https://api1.ibabs.eu/publicdownload.aspx?site=Beekdaelen&id=947925a1-1397-42ff-913f-06bb24b83bcb","dc_title":"Gewijzigd raadsbesluit inzake vaststelling bestemmingsplan gemeenschapshuis Puth (n.a.v. nota van wijziging) - vastgesteld 11-06-2024","dc_type":"bijlage","foi_fairiscoreVersions":{"v1":1,"v2":1},"foi_fileName":"Gewijzigd%20raadsbesluit%20bestemmingsplan%20gemeenschapshuis%20Puth.pdf","foi_nrPages":1},{"dc_format":"application/pdf","dc_identifier":"nl.gm1954.2c.2024.2837353-26.doc.6","dc_source":"https://api1.ibabs.eu/publicdownload.aspx?site=Beekdaelen&id=db92a433-7b5f-42aa-accf-11efca6ab105","dc_title":"Bijlage: Gewijzigde planregels, 18 april 2024","dc_type":"bijlage","foi_fairiscoreVersions":{"v1":3,"v2":3},"foi_fileName":"Gewijzigde%20planegels_%2018%20april%202024.pdf","foi_nrPages":44},{"dc_format":"application/pdf","dc_identifier":"nl.gm1954.2c.2024.2837353-26.doc.7","dc_source":"https://api1.ibabs.eu/publicdownload.aspx?site=Beekdaelen&id=0824189e-9664-442a-b299-51464ca3f46c","dc_title":"Bijlage: Gewijzigde toelichting planregels, 18 april 2024","dc_type":"bijlage","foi_fairiscoreVersions":{"v1":2,"v2":2},"foi_fileName":"Gewijzigde%20toelichting%20planregels_%2018%20april%202024.pdf","foi_nrPages":74},{"dc_format":"application/pdf","dc_identifier":"nl.gm1954.2c.2024.2837353-26.doc.9","dc_source":"https://api1.ibabs.eu/publicdownload.aspx?site=Beekdaelen&id=22a2d990-a647-43fd-8189-ecb4fa9bae15","dc_title":"Bijlage: gewijzigde Verbeelding, 18 april 2024","dc_type":"bijlage","foi_fairiscoreVersions":{"v1":1,"v2":1},"foi_fileName":"gewijzigde%20Verbeelding_%2018%20april%202024.pdf","foi_nrPages":1},{"dc_format":"application/pdf","dc_identifier":"nl.gm1954.2c.2024.2837353-26.doc.2","dc_source":"https://api1.ibabs.eu/publicdownload.aspx?site=Beekdaelen&id=4eb43b9f-fe83-437d-830a-20628bc3d25a","dc_title":"Nota van wijziging inzake vaststelling bestemmingsplan Gemeenschapshuis Puth","dc_type":"bijlage","foi_fairiscoreVersions":{"v1":1,"v2":1},"foi_fileName":"Nota%20van%20Wijziging.pdf","foi_nrPages":2},{"dc_format":"application/pdf","dc_identifier":"nl.gm1954.2c.2024.2837353-26.doc.4","dc_source":"https://api1.ibabs.eu/publicdownload.aspx?site=Beekdaelen&id=71d0f5d0-aaf0-4896-9ab5-9c7fcc2d154a","dc_title":"Raadsbesluit inzake inzake nota van zienswijzen en vaststelling bestemmingsplan Gemeenschapshuis Puth VERVALLEN","dc_type":"bijlage","foi_fairiscoreVersions":{"v1":1,"v2":1},"foi_fileName":"Raadsbesluit_%2023%20april%202023.pdf","foi_nrPages":1},{"dc_format":"application/pdf","dc_identifier":"nl.gm1954.2c.2024.2837353-26.doc.1","dc_source":"https://api1.ibabs.eu/publicdownload.aspx?site=Beekdaelen&id=42e041c3-5f93-4146-a31e-199660fa48b2","dc_title":"Raadsvoorstel inzake inzake nota van zienswijzen en vaststelling bestemmingsplan Gemeenschapshuis Puth","dc_type":"bijlage","foi_fairiscoreVersions":{"v1":1,"v2":1},"foi_fileName":"Raadsvoorstel_%2023%20april%202023.pdf","foi_nrPages":7},{"dc_format":"application/pdf","dc_identifier":"nl.gm1954.2c.2024.2837353-26.doc.5","dc_source":"https://api1.ibabs.eu/publicdownload.aspx?site=Beekdaelen&id=e4139473-67db-4a6b-aacb-2e3ba2f61b71","dc_title":"Bijlage: Zienswijze (geanonimiseerd), 23 januari 2024","dc_type":"bijlage","foi_fairiscoreVersions":{"v1":2,"v2":2},"foi_fileName":"Zienswijze%20%28geanonimiseerd%29_%2023%20januari%202024.pdf","foi_nrPages":4}],"foi_nrDocuments":9,"foi_nrPagesInDossier":1004,"foi_publishedDate":"2024-06-11","foi_retrievedDate":"2025-11-29"},{"dc_creator":"HandelingScraper_v1","dc_date_year":2024,"dc_description":"Vergadering van de Gemeente Beekdaelen op 2024-06-11. Onderdeel: Voorstel inzake nota van zienswijze en bestemmingsplanwijziging Stationstraat 171.","dc_identifier":"nl.gm1954.2c.2024.2837353-27","dc_publisher":"gm1954","dc_source":"https://beekdaelen.bestuurlijkeinformatie.nl/Agenda/Index/2c249a78-df15-4418-a2c9-820605832890","dc_title":"Raadsvergadering 2024-06-11 - Voorstel inzake nota van zienswijze en bestemmingsplanwijziging Stationstraat 171","dc_type":"2c","dc_type_description":"Vergaderstuk decentrale overheid","foi_fairiscoreVersions":{"v1":2,"v2":2},"foi_files":[{"dc_format":"application/pdf","dc_identifier":"nl.gm1954.2c.2024.2837353-27.doc.8","dc_source":"https://api1.ibabs.eu/publicdownload.aspx?site=Beekdaelen&id=e5b246dc-93a8-4c61-823a-ee193cdeebbd","dc_title":"Anterieure overeenkomst Stationstraat 171 ( geanonimiseerd )","dc_type":"bijlage","foi_fairiscoreVersions":{"v1":2,"v2":2},"foi_fileName":"Anterieure%20overeenkomst%20Stationstraat%20171.pdf","foi_nrPages":30},{"dc_format":"application/pdf","dc_identifier":"nl.gm1954.2c.2024.2837353-27.doc.9","dc_source":"https://api1.ibabs.eu/publicdownload.aspx?site=Beekdaelen&id=3c409697-25c3-4124-8db9-7f7072471005","dc_title":"Beantwoording openstaande vragen uit commissie","dc_type":"bijlage","foi_fairiscoreVersions":{"v1":2,"v2":1},"foi_fileName":"Beantwoording%20openstaande%20vragen%20uit%20commissie.pdf","foi_nrPages":2},{"dc_format":"application/pdf","dc_identifier":"nl.gm1954.2c.2024.2837353-27.doc.3","dc_source":"https://api1.ibabs.eu/publicdownload.aspx?site=Beekdaelen&id=65e4f4e8-1823-4819-8c8e-221cb923855d","dc_title":"Bijlage: toelichting","dc_type":"bijlage","foi_fairiscoreVersions":{"v1":1,"v2":1},"foi_fileName":"Bijlage%202%20toelichting.pdf","foi_nrPages":34},{"dc_format":"application/pdf","dc_identifier":"nl.gm1954.2c.2024.2837353-27.doc.4","dc_source":"https://api1.ibabs.eu/publicdownload.aspx?site=Beekdaelen&id=87525d75-4c57-484a-ac14-5d5996b6b4a0","dc_title":"Bijlage: bijlagen toelichting","dc_type":"bijlage","foi_fairiscoreVersions":{"v1":3,"v2":3},"foi_fileName":"Bijlage%203%20bijlagen%20toelichting.pdf","foi_nrPages":181},{"dc_format":"application/pdf","dc_identifier":"nl.gm1954.2c.2024.2837353-27.doc.5","dc_source":"https://api1.ibabs.eu/publicdownload.aspx?site=Beekdaelen&id=e6efba45-24f0-4a3c-af19-ca0b216905af","dc_title":"Bijlage: regels","dc_type":"bijlage","foi_fairiscoreVersions":{"v1":2,"v2":1},"foi_fileName":"Bijlage%204%20regels.pdf","foi_nrPages":15},{"dc_format":"application/pdf","dc_identifier":"nl.gm1954.2c.2024.2837353-27.doc.6","dc_source":"https://api1.ibabs.eu/publicdownload.aspx?site=Beekdaelen&id=bee8f3e9-663e-4c46-a71b-9d20f8a8fa32","dc_title":"Bijlage: bijlagen regels","dc_type":"bijlage","foi_fairiscoreVersions":{"v1":2,"v2":2},"foi_fileName":"Bijlage%205%20bijlagen%20regels.pdf","foi_nrPages":15},{"dc_format":"application/pdf","dc_identifier":"nl.gm1954.2c.2024.2837353-27.doc.7","dc_source":"https://api1.ibabs.eu/publicdownload.aspx?site=Beekdaelen&id=95ad1a2d-55bf-4a2a-8053-a8d772c323c3","dc_title":"Bijlage: verbeelding","dc_type":"bijlage","foi_fairiscoreVersions":{"v1":1,"v2":1},"foi_fileName":"Bijlage%206%20verbeelding.pdf","foi_nrPages":1},{"dc_format":"application/pdf","dc_identifier":"nl.gm1954.2c.2024.2837353-27.doc.1","dc_source":"https://api1.ibabs.eu/publicdownload.aspx?site=Beekdaelen&id=6ca758eb-8546-4984-a6a4-650d0578a986","dc_title":"Raadsvoorstel inzake nota van zienswijze en bestemmingsplanwijziging Stationstraat 171","dc_type":"bijlage","foi_fairiscoreVersions":{"v1":2,"v2":1},"foi_fileName":"Bijlage%208%20Raadsvoorstel.pdf","foi_nrPages":3},{"dc_format":"application/pdf","dc_identifier":"nl.gm1954.2c.2024.2837353-27.doc.2","dc_source":"https://api1.ibabs.eu/publicdownload.aspx?site=Beekdaelen&id=443c38ef-92a1-48a0-9914-d3ad38fba40b","dc_title":"Raadsbesluit inzake nota van zienswijze en bestemmingsplanwijziging Stationstraat 171 - vastgesteld 11-06-2024","dc_type":"bijlage","foi_fairiscoreVersions":{"v1":1,"v2":1},"foi_fileName":"Bijlage%209%20concept%20Raadsbesluit.pdf","foi_nrPages":1}],"foi_nrDocuments":9,"foi_nrPagesInDossier":282,"foi_publishedDate":"2024-06-11","foi_retrievedDate":"2025-11-29"},{"dc_creator":"HandelingScraper_v1","dc_date_year":2024,"dc_description":"Vergadering van de Gemeente Beekdaelen op 2024-06-11. Onderdeel: Motie PvdA, VVD, GroenLinks inzake afwikkeling zienswijzen en wijziging bestemmingsplan Stationstraat 171.","dc_identifier":"nl.gm1954.2c.2024.2837353-28","dc_publisher":"gm1954","dc_source":"https://beekdaelen.bestuurlijkeinformatie.nl/Agenda/Index/2c249a78-df15-4418-a2c9-820605832890","dc_title":"Raadsvergadering 2024-06-11 - Motie PvdA, VVD, GroenLinks inzake afwikkeling zienswijzen en wijziging bestemmingsplan Stationstraat 171","dc_type":"2c","dc_type_description":"Vergaderstuk decentrale overheid","foi_fairiscoreVersions":{"v1":1,"v2":1},"foi_files":[{"dc_format":"application/pdf","dc_identifier":"nl.gm1954.2c.2024.2837353-28.doc.1","dc_source":"https://api1.ibabs.eu/publicdownload.aspx?site=Beekdaelen&id=e7a12ceb-15aa-4c7b-969d-eb568a178a1b","dc_title":"Motie PvdA, GL en VVD  inzake Stationstraat 171 INGETROKKEN","dc_type":"bijlage","foi_fairiscoreVersions":{"v1":1,"v2":1},"foi_fileName":"Amendement%20inzake%20Stationstraat%20171%20INGETROKKEN.pdf","foi_nrPages":1}],"foi_nrDocuments":1,"foi_nrPagesInDossier":1,"foi_publishedDate":"2024-06-11","foi_retrievedDate":"2025-11-29"},{"dc_creator":"HandelingScraper_v1","dc_date_year":2024,"dc_description":"Vergadering van de Gemeente Beekdaelen op 2024-06-11. Onderdeel: Vaststelling lijst ingekomen stukken.","dc_identifier":"nl.gm1954.2c.2024.2837353-29","dc_publisher":"gm1954","dc_source":"https://beekdaelen.bestuurlijkeinformatie.nl/Agenda/Index/2c249a78-df15-4418-a2c9-820605832890","dc_title":"Raadsvergadering 2024-06-11 - Vaststelling lijst ingekomen stukken","dc_type":"2c","dc_type_description":"Vergaderstuk decentrale overheid","foi_fairiscoreVersions":{"v1":1,"v2":1},"foi_files":[{"dc_format":"application/pdf","dc_identifier":"nl.gm1954.2c.2024.2837353-29.doc.1","dc_source":"https://api1.ibabs.eu/publicdownload.aspx?site=Beekdaelen&id=6cb286de-d672-4244-83e3-8649d56ceaf3","dc_title":"Lijst ingekomen stukken raad versie 06-06-2024 - vastgesteld 11-06-2024","dc_type":"bijlage","foi_fairiscoreVersions":{"v1":1,"v2":1},"foi_fileName":"Lijst%20ingekomen%20stukken%20raad%20versie%2006-06-2024.pdf","foi_nrPages":6}],"foi_nrDocuments":1,"foi_nrPagesInDossier":6,"foi_publishedDate":"2024-06-11","foi_retrievedDate":"2025-11-29"},{"dc_creator":"HandelingScraper_v1","dc_date_year":2024,"dc_description":"Vergadering van de Gemeente Beekdaelen op 2024-06-11. Onderdeel: Voorstel inzake benoeming commissielid.","dc_identifier":"nl.gm1954.2c.2024.2837353-3","dc_publisher":"gm1954","dc_source":"https://beekdaelen.bestuurlijkeinformatie.nl/Agenda/Index/2c249a78-df15-4418-a2c9-820605832890","dc_title":"Raadsvergadering 2024-06-11 - Voorstel inzake benoeming commissielid","dc_type":"2c","dc_type_description":"Vergaderstuk decentrale overheid","foi_fairiscoreVersions":{"v1":1,"v2":1},"foi_files":[{"dc_format":"application/pdf","dc_identifier":"nl.gm1954.2c.2024.2837353-3.doc.2","dc_source":"https://api1.ibabs.eu/publicdownload.aspx?site=Beekdaelen&id=1c48fd20-06a3-41ff-b6a2-35a5a00af663","dc_title":"Raadsbesluit inzake benoeming burgercommissielid - vastgesteld 11-06-2024","dc_type":"bijlage","foi_fairiscoreVersions":{"v1":1,"v2":1},"foi_fileName":"Raadsbesluit%20inzake%20benoeming%20burgercommissielid.pdf","foi_nrPages":1},{"dc_format":"application/pdf","dc_identifier":"nl.gm1954.2c.2024.2837353-3.doc.1","dc_source":"https://api1.ibabs.eu/publicdownload.aspx?site=Beekdaelen&id=b0e600cc-df47-4fff-b7f9-51a2aa2d6b3a","dc_title":"Raadsvoorstel inzake benoeming burgercommissielid","dc_type":"bijlage","foi_fairiscoreVersions":{"v1":1,"v2":1},"foi_fileName":"Raadsvoorstel%20inzake%20benoeming%20burgercommissielid.pdf","foi_nrPages":1}],"foi_nrDocuments":2,"foi_nrPagesInDossier":2,"foi_publishedDate":"2024-06-11","foi_retrievedDate":"2025-11-29"},{"dc_creator":"HandelingScraper_v1","dc_date_year":2024,"dc_description":"Vergadering van de Gemeente Beekdaelen op 2024-06-11. Onderdeel: Motie vreemd aan de orde van de dag GroenLinks inzake rechten voor de natuur.","dc_identifier":"nl.gm1954.2c.2024.2837353-30","dc_publisher":"gm1954","dc_source":"https://beekdaelen.bestuurlijkeinformatie.nl/Agenda/Index/2c249a78-df15-4418-a2c9-820605832890","dc_title":"Raadsvergadering 2024-06-11 - Motie vreemd aan de orde van de dag GroenLinks inzake rechten voor de natuur","dc_type":"2c","dc_type_description":"Vergaderstuk decentrale overheid","foi_fairiscoreVersions":{"v1":1,"v2":1},"foi_files":[{"dc_format":"application/pdf","dc_identifier":"nl.gm1954.2c.2024.2837353-30.doc.1","dc_source":"https://api1.ibabs.eu/publicdownload.aspx?site=Beekdaelen&id=b055d376-1da4-4b93-956f-a9b04b8f7617","dc_title":"Motie GL inzake Rechten voor de natuur INGETROKKEN","dc_type":"bijlage","foi_fairiscoreVersions":{"v1":1,"v2":1},"foi_fileName":"Motie%20GL%20inzake%20Rechten%20voor%20de%20natuur%20INGETROKKEN.pdf","foi_nrPages":2}],"foi_nrDocuments":1,"foi_nrPagesInDossier":2,"foi_publishedDate":"2024-06-11","foi_retrievedDate":"2025-11-29"},{"dc_creator":"HandelingScraper_v1","dc_date_year":2024,"dc_description":"Vergadering van de Gemeente Beekdaelen op 2024-06-11. Onderdeel: Voorstel inzake benoeming voorzitter en plaatsvervangend voorzitter Rekenkamer.","dc_identifier":"nl.gm1954.2c.2024.2837353-4","dc_publisher":"gm1954","dc_source":"https://beekdaelen.bestuurlijkeinformatie.nl/Agenda/Index/2c249a78-df15-4418-a2c9-820605832890","dc_title":"Raadsvergadering 2024-06-11 - Voorstel inzake benoeming voorzitter en plaatsvervangend voorzitter Rekenkamer","dc_type":"2c","dc_type_description":"Vergaderstuk decentrale overheid","foi_fairiscoreVersions":{"v1":1,"v2":1},"foi_files":[{"dc_format":"application/pdf","dc_identifier":"nl.gm1954.2c.2024.2837353-4.doc.2","dc_source":"https://api1.ibabs.eu/publicdownload.aspx?site=Beekdaelen&id=97e8b47d-ae35-4b85-8acd-c4aaaa1d4ae7","dc_title":"Raadsbesluit inzake benoeming voorzitter en plv. voorzitter Rekenkamer - vastgesteld 11-06-2024","dc_type":"bijlage","foi_fairiscoreVersions":{"v1":1,"v2":1},"foi_fileName":"Raadsbesluit%20inzake%20benoeming%20voorzitter%20en%20plv.pdf","foi_nrPages":1},{"dc_format":"application/pdf","dc_identifier":"nl.gm1954.2c.2024.2837353-4.doc.1","dc_source":"https://api1.ibabs.eu/publicdownload.aspx?site=Beekdaelen&id=b26a5223-b52c-4888-9f47-0c4d0c4cba13","dc_title":"Raadsvoorstel inzake benoeming voorzitter en plv. voorzitter Rekenkamer","dc_type":"bijlage","foi_fairiscoreVersions":{"v1":1,"v2":1},"foi_fileName":"Raadsvoorstel%20inzake%20benoeming%20voorzitter%20en%20plv.pdf","foi_nrPages":2}],"foi_nrDocuments":2,"foi_nrPagesInDossier":3,"foi_publishedDate":"2024-06-11","foi_retrievedDate":"2025-11-29"},{"dc_creator":"HandelingScraper_v1","dc_date_year":2024,"dc_description":"Vergadering van de Gemeente Beekdaelen op 2024-06-11. Onderdeel: Voorstel inzake vaststellen verordening rechtspositie raads- en commissieleden.","dc_identifier":"nl.gm1954.2c.2024.2837353-5","dc_publisher":"gm1954","dc_source":"https://beekdaelen.bestuurlijkeinformatie.nl/Agenda/Index/2c249a78-df15-4418-a2c9-820605832890","dc_title":"Raadsvergadering 2024-06-11 - Voorstel inzake vaststellen verordening rechtspositie raads- en commissieleden","dc_type":"2c","dc_type_description":"Vergaderstuk decentrale overheid","foi_fairiscoreVersions":{"v1":1,"v2":1},"foi_files":[{"dc_format":"application/pdf","dc_identifier":"nl.gm1954.2c.2024.2837353-5.doc.5","dc_source":"https://api1.ibabs.eu/publicdownload.aspx?site=Beekdaelen&id=08e482d5-25d3-4209-9270-dc4fe8fd9e24","dc_title":"Lbr. 24-004 Wijziging model verordening rechtspositie raads- en commissieleden en model regeling rechtspositie burgemeester en wethouder","dc_type":"bijlage","foi_fairiscoreVersions":{"v1":1,"v2":1},"foi_fileName":"A.pdf","foi_nrPages":2},{"dc_format":"application/pdf","dc_identifier":"nl.gm1954.2c.2024.2837353-5.doc.6","dc_source":"https://api1.ibabs.eu/publicdownload.aspx?site=Beekdaelen&id=f6b3faa5-2ab6-4a34-a42d-b774cbdf747a","dc_title":"Modelverordening VNG - bijlage bij Lbr 24-004","dc_type":"bijlage","foi_fairiscoreVersions":{"v1":1,"v2":1},"foi_fileName":"Modelverordening%20VNG%20-%20bijlage%20bij%20Lbr%2024-004.pdf","foi_nrPages":11},{"dc_format":"application/pdf","dc_identifier":"nl.gm1954.2c.2024.2837353-5.doc.2","dc_source":"https://api1.ibabs.eu/publicdownload.aspx?site=Beekdaelen&id=9e7aa8dc-d7f6-4439-9430-de8d8d9981c1","dc_title":"Raadsbesluit inzake verordening rechtspositie raads- en commissieleden 2024 - vastgesteld 11-06-2024","dc_type":"bijlage","foi_fairiscoreVersions":{"v1":1,"v2":1},"foi_fileName":"Raadsbesluit%20inzake%20verordening%20rechtspositie%20raads-%20en%20commissieleden.pdf","foi_nrPages":1},{"dc_format":"application/pdf","dc_identifier":"nl.gm1954.2c.2024.2837353-5.doc.1","dc_source":"https://api1.ibabs.eu/publicdownload.aspx?site=Beekdaelen&id=9a7a134d-9953-4b8e-85ec-b00498e161b1","dc_title":"Raadsvoorstel inzake verordening rechtspositie raads- en commissieleden 2024","dc_type":"bijlage","foi_fairiscoreVersions":{"v1":1,"v2":1},"foi_fileName":"Raadsvoorstel%20inzake%20verordening%20rechtspositie%20raads-%20en%20commissieleden%202024.pdf","foi_nrPages":1},{"dc_format":"application/pdf","dc_identifier":"nl.gm1954.2c.2024.2837353-5.doc.3","dc_source":"https://api1.ibabs.eu/publicdownload.aspx?site=Beekdaelen&id=b6846758-92fa-4ad7-83f5-3dc9c2908f2d","dc_title":"Verordening rechtspositie raads- en commissieleden gemeente Beekdaelen 2024 - vastgesteld 11-06-2024","dc_type":"bijlage","foi_fairiscoreVersions":{"v1":1,"v2":1},"foi_fileName":"Verordening%20rechtspositie%20raads-%20en%20commissieleden%20gemeente%20Beekdaelen%202024.pdf","foi_nrPages":6},{"dc_format":"application/pdf","dc_identifier":"nl.gm1954.2c.2024.2837353-5.doc.4","dc_source":"https://api1.ibabs.eu/publicdownload.aspx?site=Beekdaelen&id=84bcd5e9-1fdb-47e4-9892-fa8ea1bc4950","dc_title":"Was-wordt-tabel Verordening rechtspositie raads- en commissieleden gemeente Beekdaelen 2024","dc_type":"bijlage","foi_fairiscoreVersions":{"v1":1,"v2":1},"foi_fileName":"Was-wordt-tabel%20Verordening%20rechtspositie%20raads-%20en%20commissieleden%20gemeente%20Beekdaelen%202024.pdf","foi_nrPages":4}],"foi_nrDocuments":6,"foi_nrPagesInDossier":25,"foi_publishedDate":"2024-06-11","foi_retrievedDate":"2025-11-29"},{"dc_creator":"HandelingScraper_v1","dc_date_year":2024,"dc_description":"Vergadering van de Gemeente Beekdaelen op 2024-06-11. Onderdeel: Voorstel inzake begroting 2025 en jaarstukken 2023 GGD Zuid-Limburg.","dc_identifier":"nl.gm1954.2c.2024.2837353-6","dc_publisher":"gm1954","dc_source":"https://beekdaelen.bestuurlijkeinformatie.nl/Agenda/Index/2c249a78-df15-4418-a2c9-820605832890","dc_title":"Raadsvergadering 2024-06-11 - Voorstel inzake begroting 2025 en jaarstukken 2023 GGD Zuid-Limburg","dc_type":"2c","dc_type_description":"Vergaderstuk decentrale overheid","foi_fairiscoreVersions":{"v1":2,"v2":2},"foi_files":[{"dc_format":"application/pdf","dc_identifier":"nl.gm1954.2c.2024.2837353-6.doc.2","dc_source":"https://api1.ibabs.eu/publicdownload.aspx?site=Beekdaelen&id=7e069915-15e4-4a84-889b-6287a87cfc69","dc_title":"Raadsbesluit inzake jaarrekening 2023 en begroting 2025 GGD Zuid Limburg - vastgesteld 11-06-2024","dc_type":"bijlage","foi_fairiscoreVersions":{"v1":1,"v2":1},"foi_fileName":"Raadsbesluit%20jaarrekening%202023%20en%20begroting%202025%20GGD%20Zuid%20Limburg.pdf","foi_nrPages":2},{"dc_format":"application/pdf","dc_identifier":"nl.gm1954.2c.2024.2837353-6.doc.1","dc_source":"https://api1.ibabs.eu/publicdownload.aspx?site=Beekdaelen&id=e1b4c49f-1200-493c-b1f4-caab443c833d","dc_title":"Raadsvoorstel inzake jaarrekening 2023 en begroting 2025 GGD Zuid Limburg","dc_type":"bijlage","foi_fairiscoreVersions":{"v1":1,"v2":1},"foi_fileName":"Raadsvoorstel%20jaarrekening%202023%20en%20begroting%202025%20GGD%20Zuid%20Limburg.pdf","foi_nrPages":6},{"dc_format":"application/pdf","dc_identifier":"nl.gm1954.2c.2024.2837353-6.doc.4","dc_source":"https://api1.ibabs.eu/publicdownload.aspx?site=Beekdaelen&id=d7edb5fa-e41a-4c19-9db3-88ebda2a8dbf","dc_title":"Bijlage: uitgaande brief bij raadsbesluit over begroting 2025","dc_type":"bijlage","foi_fairiscoreVersions":{"v1":2,"v2":2},"foi_fileName":"uitgaande%20brief%20met%20raadsbesluit%20over%20begroting%202025%20GGD.pdf","foi_nrPages":1},{"dc_format":"application/pdf","dc_identifier":"nl.gm1954.2c.2024.2837353-6.doc.6","dc_source":"https://api1.ibabs.eu/publicdownload.aspx?site=Beekdaelen&id=1d7bbd7b-1321-4d43-81f0-db649ca8f0f9","dc_title":"Bijlage: Begroting GGD 2025","dc_type":"bijlage","foi_fairiscoreVersions":{"v1":2,"v2":1},"foi_fileName":"Z%2F24%2F203657%20-%20362843%20-%20Begroting%20GGD%202025.pdf","foi_nrPages":33},{"dc_format":"application/pdf","dc_identifier":"nl.gm1954.2c.2024.2837353-6.doc.5","dc_source":"https://api1.ibabs.eu/publicdownload.aspx?site=Beekdaelen&id=b0b9392c-ba90-47a3-b194-40c087360959","dc_title":"Bijlage: Jaaroverzicht GGD Zuid Limburg 2023","dc_type":"bijlage","foi_fairiscoreVersions":{"v1":2,"v2":2},"foi_fileName":"Z%2F24%2F203657%20-%20362844%20-%20Jaaroverzicht%20GGD%20Zuid%20Limburg%202023.pdf","foi_nrPages":59},{"dc_format":"application/pdf","dc_identifier":"nl.gm1954.2c.2024.2837353-6.doc.3","dc_source":"https://api1.ibabs.eu/publicdownload.aspx?site=Beekdaelen&id=edad6fa4-772e-4c38-b451-1b2427f4dde1","dc_title":"Bijlage: aanbiedingsbrief begroting 2025 en jaarstukken 2023 GGD Zuid-Limburg","dc_type":"bijlage","foi_fairiscoreVersions":{"v1":2,"v2":2},"foi_fileName":"Z%2F24%2F203657%20-%20362845%20-%20aanbiedingsbrief%20begroting%202025%20en%20jaarstukken%202023%20GGD%20Zuid-Limburg.pdf","foi_nrPages":2},{"dc_format":"application/pdf","dc_identifier":"nl.gm1954.2c.2024.2837353-6.doc.8","dc_source":"https://api1.ibabs.eu/publicdownload.aspx?site=Beekdaelen&id=9c730c41-8d2d-40c2-b75a-1857bc7c5a00","dc_title":"Bijlage: Bijdrage programma GGD 2025","dc_type":"bijlage","foi_fairiscoreVersions":{"v1":1,"v2":1},"foi_fileName":"Z%2F24%2F203657%20-%20362846%20-%20Berekening%20bijdrage%20programma%20GGD%202025.pdf","foi_nrPages":1},{"dc_format":"application/pdf","dc_identifier":"nl.gm1954.2c.2024.2837353-6.doc.9","dc_source":"https://api1.ibabs.eu/publicdownload.aspx?site=Beekdaelen&id=cef39181-e87b-414d-8d6e-0eb564477cb7","dc_title":"Bijlage: Bijdrage Veilig Thuis 2025","dc_type":"bijlage","foi_fairiscoreVersions":{"v1":1,"v2":1},"foi_fileName":"Z%2F24%2F203657%20-%20362848%20-%20Berekening%20bijdrage%20Veilig%20Thuis%202025.pdf","foi_nrPages":2},{"dc_format":"application/pdf","dc_identifier":"nl.gm1954.2c.2024.2837353-6.doc.10","dc_source":"https://api1.ibabs.eu/publicdownload.aspx?site=Beekdaelen&id=bbcdd25c-478f-46a5-86ba-570da9559426","dc_title":"Bijlage: Bijdrage JGZ 2025","dc_type":"bijlage","foi_fairiscoreVersions":{"v1":1,"v2":1},"foi_fileName":"Z%2F24%2F203657%20-%20362849%20-%20Berekening%20bijdrage%20JGZ%202025.pdf","foi_nrPages":1},{"dc_format":"application/pdf","dc_identifier":"nl.gm1954.2c.2024.2837353-6.doc.11","dc_source":"https://api1.ibabs.eu/publicdownload.aspx?site=Beekdaelen&id=ebf96f09-a29d-40ea-8a23-4db8db796ab6","dc_title":"Bijlage: Voorschot RVP 2025","dc_type":"bijlage","foi_fairiscoreVersions":{"v1":1,"v2":1},"foi_fileName":"Z%2F24%2F203657%20-%20362850%20-%20Voorschot%20RVP%202025.pdf","foi_nrPages":1},{"dc_format":"application/pdf","dc_identifier":"nl.gm1954.2c.2024.2837353-6.doc.7","dc_source":"https://api1.ibabs.eu/publicdownload.aspx?site=Beekdaelen&id=a0d84b4e-1ef1-4a9a-86d5-282ef0780de9","dc_title":"Bijlage: Bijdrage gemeenten begroting 2025 GGD ZL programma GGD per onderdeel","dc_type":"bijlage","foi_fairiscoreVersions":{"v1":1,"v2":1},"foi_fileName":"Z%2F24%2F203657%20-%20362862%20-%20Bijdrage%20gemeenten%20begroting%202025%20GGD%20ZL%20programma%20GGD%20per%20onderdeel.pdf","foi_nrPages":1}],"foi_nrDocuments":11,"foi_nrPagesInDossier":109,"foi_publishedDate":"2024-06-11","foi_retrievedDate":"2025-11-29"},{"dc_creator":"HandelingScraper_v1","dc_date_year":2024,"dc_description":"Vergadering van de Gemeente Beekdaelen op 2024-06-11. Onderdeel: Voorstel inzake jaarstukken 2023, eerste begrotingswijziging 2024, begroting 2025 met meerjarenraming GR WOZL.","dc_identifier":"nl.gm1954.2c.2024.2837353-7","dc_publisher":"gm1954","dc_source":"https://beekdaelen.bestuurlijkeinformatie.nl/Agenda/Index/2c249a78-df15-4418-a2c9-820605832890","dc_title":"Raadsvergadering 2024-06-11 - Voorstel inzake jaarstukken 2023, eerste begrotingswijziging 2024, begroting 2025 met meerjarenraming GR WOZL","dc_type":"2c","dc_type_description":"Vergaderstuk decentrale overheid","foi_fairiscoreVersions":{"v1":2,"v2":2},"foi_files":[{"dc_format":"application/pdf","dc_identifier":"nl.gm1954.2c.2024.2837353-7.doc.5","dc_source":"https://api1.ibabs.eu/publicdownload.aspx?site=Beekdaelen&id=7a85c240-5938-4cd9-81ea-1002fe092a48","dc_title":"Bijlage: Eerste begrotingswijziging 2024 GR WOZL","dc_type":"bijlage","foi_fairiscoreVersions":{"v1":2,"v2":1},"foi_fileName":"email.pdf","foi_nrPages":20},{"dc_format":"application/pdf","dc_identifier":"nl.gm1954.2c.2024.2837353-7.doc.6","dc_source":"https://api1.ibabs.eu/publicdownload.aspx?site=Beekdaelen&id=c084ecfc-fe0f-40fa-a6ab-4f71a704b1fc","dc_title":"Bijlage: Factsheet Eerste begrotingswijziging 2024 GR WOZL","dc_type":"bijlage","foi_fairiscoreVersions":{"v1":1,"v2":1},"foi_fileName":"email.pdf","foi_nrPages":2},{"dc_format":"application/pdf","dc_identifier":"nl.gm1954.2c.2024.2837353-7.doc.7","dc_source":"https://api1.ibabs.eu/publicdownload.aspx?site=Beekdaelen&id=41616df8-d41b-4c3e-b8cf-c6b0b28d24a9","dc_title":"Bijlage: Begroting 2025 met meerjarenraming GR WOZL","dc_type":"bijlage","foi_fairiscoreVersions":{"v1":2,"v2":1},"foi_fileName":"email.pdf","foi_nrPages":32},{"dc_format":"application/pdf","dc_identifier":"nl.gm1954.2c.2024.2837353-7.doc.8","dc_source":"https://api1.ibabs.eu/publicdownload.aspx?site=Beekdaelen&id=1b96e66f-68ae-4c3b-a774-6c5026984e95","dc_title":"Bijlage: Factsheet Begroting 2025 met meerjarenraming GR WOZL","dc_type":"bijlage","foi_fairiscoreVersions":{"v1":1,"v2":1},"foi_fileName":"email.pdf","foi_nrPages":2},{"dc_format":"application/pdf","dc_identifier":"nl.gm1954.2c.2024.2837353-7.doc.10","dc_source":"https://api1.ibabs.eu/publicdownload.aspx?site=Beekdaelen&id=d20b1bf9-21ac-41d5-8fcc-6098c30ca5cd","dc_title":"Bijlage: Jaarrekening 2023 GR WOZL incl. getekende accountantsverklaring_ontvangen 29 mei 2024","dc_type":"bijlage","foi_fairiscoreVersions":{"v1":2,"v2":2},"foi_fileName":"Jaarrekening%202023%20GR%20WOZL%20incl.pdf","foi_nrPages":55},{"dc_format":"application/pdf","dc_identifier":"nl.gm1954.2c.2024.2837353-7.doc.1","dc_source":"https://api1.ibabs.eu/publicdownload.aspx?site=Beekdaelen&id=bcf4a474-40e9-4cdd-afdc-e89aea31b3d2","dc_title":"Raadsvoorstel inzake Jaarstukken 2023, Eerste begrotingswijziging 2024, Begroting 2025 met  meerjarenraming GR WOZL","dc_type":"bijlage","foi_fairiscoreVersions":{"v1":1,"v2":1},"foi_fileName":"Z%2F24%2F201551%20-%20360204%20-%20Raadsvoorstel%20Jaarstukken%202023_%20Eerste%20begrotingswijziging%202024_%20Begroting%202025%20met%20meerjarenraming%20GR%20WOZL.pdf","foi_nrPages":8},{"dc_format":"application/pdf","dc_identifier":"nl.gm1954.2c.2024.2837353-7.doc.2","dc_source":"https://api1.ibabs.eu/publicdownload.aspx?site=Beekdaelen&id=e6074c86-c508-4809-89ed-69e7ae7dbcf7","dc_title":"Raadsbesluit inzake Jaarstukken 2023, Eerste begrotingswijziging 2024, Begroting 2025 met  meerjarenraming GR WOZL - vastgesteld 11-06-2024","dc_type":"bijlage","foi_fairiscoreVersions":{"v1":1,"v2":1},"foi_fileName":"Z%2F24%2F201551%20-%20360295%20-%20Raadsbesluit%20Jaarstukken%202023_%20Eerst%20begrotingswijziging%202024_%20begroting%202025%20met%20meerjarenraming%202026-2028%20GR%20WOZL.pdf","foi_nrPages":2},{"dc_format":"application/pdf","dc_identifier":"nl.gm1954.2c.2024.2837353-7.doc.9","dc_source":"https://api1.ibabs.eu/publicdownload.aspx?site=Beekdaelen&id=3cd638b2-3c9b-4b1e-8ae2-6350fce4810e","dc_title":"Bijlage: Uitgaande brief aan WOZL inzake raadsbesluit en zienswijze","dc_type":"bijlage","foi_fairiscoreVersions":{"v1":4,"v2":4},"foi_fileName":"Z%2F24%2F201551%20-%20360298%20-%20Uitgaande%20brief%20aan%20WOZL%20inzake%20raadsbesluit.pdf","foi_nrPages":2},{"dc_format":"application/pdf","dc_identifier":"nl.gm1954.2c.2024.2837353-7.doc.3","dc_source":"https://api1.ibabs.eu/publicdownload.aspx?site=Beekdaelen&id=e8ea8532-6288-40de-9028-47e6b0df7f17","dc_title":"Bijlage: Jaarverslag 2023 GR WOZL","dc_type":"bijlage","foi_fairiscoreVersions":{"v1":2,"v2":1},"foi_fileName":"Z%2F24%2F201551%20-%20362775%20-%20Jaarverslag%202023%20WOZL%2FWSP%20Parkstad.pdf","foi_nrPages":26},{"dc_format":"application/pdf","dc_identifier":"nl.gm1954.2c.2024.2837353-7.doc.4","dc_source":"https://api1.ibabs.eu/publicdownload.aspx?site=Beekdaelen&id=4d98b90c-78f1-40ac-bb92-31f7c2d0e6bb","dc_title":"Bijlage: Jaarrekening 2023 GR WOZL","dc_type":"bijlage","foi_fairiscoreVersions":{"v1":1,"v2":1},"foi_fileName":"Z%2F24%2F201551%20-%20362776%20-%20Jaarrekening%202023%20GR%20WOZL.pdf","foi_nrPages":53}],"foi_nrDocuments":10,"foi_nrPagesInDossier":202,"foi_publishedDate":"2024-06-11","foi_retrievedDate":"2025-11-29"},{"dc_creator":"HandelingScraper_v1","dc_date_year":2024,"dc_description":"Vergadering van de Gemeente Beekdaelen op 2024-06-11. Onderdeel: Voorstel inzake jaarstukken 2023, eerste begrotingswijziging 2024, begroting 2025 met meerjarenraming GR WSP Parkstad.","dc_identifier":"nl.gm1954.2c.2024.2837353-8","dc_publisher":"gm1954","dc_source":"https://beekdaelen.bestuurlijkeinformatie.nl/Agenda/Index/2c249a78-df15-4418-a2c9-820605832890","dc_title":"Raadsvergadering 2024-06-11 - Voorstel inzake jaarstukken 2023, eerste begrotingswijziging 2024, begroting 2025 met meerjarenraming GR WSP Parkstad","dc_type":"2c","dc_type_description":"Vergaderstuk decentrale overheid","foi_fairiscoreVersions":{"v1":2,"v2":2},"foi_files":[{"dc_format":"application/pdf","dc_identifier":"nl.gm1954.2c.2024.2837353-8.doc.5","dc_source":"https://api1.ibabs.eu/publicdownload.aspx?site=Beekdaelen&id=1bd7e13b-0da4-49a9-afcb-5fee7a2050cf","dc_title":"Bijlage: Eerste begrotingswijziging 2024 GR WSP Parkstad","dc_type":"bijlage","foi_fairiscoreVersions":{"v1":2,"v2":1},"foi_fileName":"email.pdf","foi_nrPages":18},{"dc_format":"application/pdf","dc_identifier":"nl.gm1954.2c.2024.2837353-8.doc.6","dc_source":"https://api1.ibabs.eu/publicdownload.aspx?site=Beekdaelen&id=b876fde7-b52e-4c81-ba29-72bc9869ca97","dc_title":"Bijlage: Factsheet Eerste begrotingswijziging 2024 GR WSP Parkstad","dc_type":"bijlage","foi_fairiscoreVersions":{"v1":1,"v2":1},"foi_fileName":"email.pdf","foi_nrPages":1},{"dc_format":"application/pdf","dc_identifier":"nl.gm1954.2c.2024.2837353-8.doc.7","dc_source":"https://api1.ibabs.eu/publicdownload.aspx?site=Beekdaelen&id=1d232d81-3d84-4bb8-bf18-4576ba4e3748","dc_title":"Bijlage: Begroting 2025 met meerjarenraming GR WSP Parkstad","dc_type":"bijlage","foi_fairiscoreVersions":{"v1":2,"v2":1},"foi_fileName":"email.pdf","foi_nrPages":26},{"dc_format":"application/pdf","dc_identifier":"nl.gm1954.2c.2024.2837353-8.doc.8","dc_source":"https://api1.ibabs.eu/publicdownload.aspx?site=Beekdaelen&id=5d0b6d5e-c26a-47b0-bbd2-b9058ab1cbe1","dc_title":"Bijlage: Factsheet Begroting 2025 met meerjarenraming GR WSP Parkstad","dc_type":"bijlage","foi_fairiscoreVersions":{"v1":1,"v2":1},"foi_fileName":"email.pdf","foi_nrPages":2},{"dc_format":"application/pdf","dc_identifier":"nl.gm1954.2c.2024.2837353-8.doc.10","dc_source":"https://api1.ibabs.eu/publicdownload.aspx?site=Beekdaelen&id=54c1e452-105c-46c5-91b7-d2fab7c90b7b","dc_title":"Bijlage Jaarrekening 2023 WSP Parkstad_inclusief getekende accountantsverklaring_ontvangen 29 mei 2024","dc_type":"bijlage","foi_fairiscoreVersions":{"v1":2,"v2":2},"foi_fileName":"Jaarrekening%202023%20WSP%20Parkstad_inclusief%20getekende%20accountantsverklaring_ontvangen%2029%20mei%202024.pdf","foi_nrPages":40},{"dc_format":"application/pdf","dc_identifier":"nl.gm1954.2c.2024.2837353-8.doc.1","dc_source":"https://api1.ibabs.eu/publicdownload.aspx?site=Beekdaelen&id=bd1c36e0-1d5f-43f8-aee3-2938a43df8da","dc_title":"Raadsvoorstel inzake Jaarstukken 2023, Eerste begrotingswijziging 2024, Begroting 2025 met  meerjarenraming GR WSP Parkstad","dc_type":"bijlage","foi_fairiscoreVersions":{"v1":1,"v2":1},"foi_fileName":"Z%2F24%2F201549%20-%20360897%20-%20Raadsvoorstel%20Jaarstukken%202023_%20Eerste%20begrotingswijziging%202024_%20Begroting%202025%20met%20meerjarenraming%20GR%20WSP%20Parkstad.pdf","foi_nrPages":6},{"dc_format":"application/pdf","dc_identifier":"nl.gm1954.2c.2024.2837353-8.doc.2","dc_source":"https://api1.ibabs.eu/publicdownload.aspx?site=Beekdaelen&id=5f3082c7-cb7d-4dd7-a1f3-4a0e38b8813a","dc_title":"Raadsbesluit inzake Jaarstukken 2023, Eerste begrotingswijziging 2024, Begroting 2025 met  meerjarenraming GR WSP Parkstad - vastgesteld 11-06-2024","dc_type":"bijlage","foi_fairiscoreVersions":{"v1":1,"v2":1},"foi_fileName":"Z%2F24%2F201549%20-%20360951%20-%20Raadsbesluit.pdf","foi_nrPages":2},{"dc_format":"application/pdf","dc_identifier":"nl.gm1954.2c.2024.2837353-8.doc.9","dc_source":"https://api1.ibabs.eu/publicdownload.aspx?site=Beekdaelen&id=39941c95-80fe-49b4-9615-7ce88ad2b56b","dc_title":"Bijlage: Uitgaande brief aan WSP Parkstad inzake raadsbesluit en zienswijze","dc_type":"bijlage","foi_fairiscoreVersions":{"v1":4,"v2":4},"foi_fileName":"Z%2F24%2F201549%20-%20360952%20-%20Uitgaande%20brief%20aan%20WSP%20Parkstad%20inzake%20raadsbesluit.pdf","foi_nrPages":2},{"dc_format":"application/pdf","dc_identifier":"nl.gm1954.2c.2024.2837353-8.doc.3","dc_source":"https://api1.ibabs.eu/publicdownload.aspx?site=Beekdaelen&id=89826181-e200-4775-88b6-9c5f5044e0e3","dc_title":"Bijlage: Jaarverslag 2023 WOZL/WSP Parkstad","dc_type":"bijlage","foi_fairiscoreVersions":{"v1":2,"v2":1},"foi_fileName":"Z%2F24%2F201549%20-%20362773%20-%20Jaarverslag%202023%20WOZL%2FWSP%20Parkstad.pdf","foi_nrPages":26},{"dc_format":"application/pdf","dc_identifier":"nl.gm1954.2c.2024.2837353-8.doc.4","dc_source":"https://api1.ibabs.eu/publicdownload.aspx?site=Beekdaelen&id=3bf1bcd4-cc9a-42e6-94ea-74b976d567bf","dc_title":"Bijlage: Jaarrekening 2023 GR WSP Parkstad","dc_type":"bijlage","foi_fairiscoreVersions":{"v1":1,"v2":1},"foi_fileName":"Z%2F24%2F201549%20-%20362774%20-%20Jaarrekening%202023%20GR%20WSP%20Parkstad.pdf","foi_nrPages":38}],"foi_nrDocuments":10,"foi_nrPagesInDossier":161,"foi_publishedDate":"2024-06-11","foi_retrievedDate":"2025-11-29"},{"dc_creator":"HandelingScraper_v1","dc_date_year":2024,"dc_description":"Vergadering van de Gemeente Beekdaelen op 2024-06-11. Onderdeel: Voorstel inzake jaarstukken 2023, begroting 2024-1 en begroting 2025 met meerjarenperspectief 2026-2028 GR Omnibuzz.","dc_identifier":"nl.gm1954.2c.2024.2837353-9","dc_publisher":"gm1954","dc_source":"https://beekdaelen.bestuurlijkeinformatie.nl/Agenda/Index/2c249a78-df15-4418-a2c9-820605832890","dc_title":"Raadsvergadering 2024-06-11 - Voorstel inzake jaarstukken 2023, begroting 2024-1 en begroting 2025 met meerjarenperspectief 2026-2028 GR Omnibuzz","dc_type":"2c","dc_type_description":"Vergaderstuk decentrale overheid","foi_fairiscoreVersions":{"v1":2,"v2":2},"foi_files":[{"dc_format":"application/pdf","dc_identifier":"nl.gm1954.2c.2024.2837353-9.doc.2","dc_source":"https://api1.ibabs.eu/publicdownload.aspx?site=Beekdaelen&id=4a41f20a-004f-44e1-a9e0-aaaa9e3bf3a7","dc_title":"Raadsbesluit inzake Gemeenschappelijke Regeling Omnibuzz jaarverslag, begrotingswijziging 2024 en begroting 2025 - vastgesteld 11-06-2024","dc_type":"bijlage","foi_fairiscoreVersions":{"v1":1,"v2":1},"foi_fileName":"Raadsbesluit%20Gemeenschappelijke%20Regeling%20Omnibuzz%20jaarverslag_%20begrotingswijziging%202024%20en%20begroting%202025.pdf","foi_nrPages":1},{"dc_format":"application/pdf","dc_identifier":"nl.gm1954.2c.2024.2837353-9.doc.1","dc_source":"https://api1.ibabs.eu/publicdownload.aspx?site=Beekdaelen&id=30f86293-750a-4e40-8dd2-6388ca8db215","dc_title":"Raadsvoorstel inzake Gemeenschappelijke Regeling Omnibuzz jaarverslag, begrotingswijziging 2024 en begroting 2025","dc_type":"bijlage","foi_fairiscoreVersions":{"v1":1,"v2":1},"foi_fileName":"Raadsvoorstel%20Gemeenschappelijke%20Regeling%20Omnibuzz%20jaarverslag_%20begrotingswijziging%202024%20en%20begroting%202025.pdf","foi_nrPages":8},{"dc_format":"application/pdf","dc_identifier":"nl.gm1954.2c.2024.2837353-9.doc.3","dc_source":"https://api1.ibabs.eu/publicdownload.aspx?site=Beekdaelen&id=f33d141e-473b-4e5c-aae6-9a731ff4b505","dc_title":"Bijlage: Aanbiedingsbrief Omnibuzz","dc_type":"bijlage","foi_fairiscoreVersions":{"v1":1,"v2":1},"foi_fileName":"Z%2F24%2F203343%20-%20362235%20-%20Aanbiedingsbrief.pdf","foi_nrPages":5},{"dc_format":"application/pdf","dc_identifier":"nl.gm1954.2c.2024.2837353-9.doc.7","dc_source":"https://api1.ibabs.eu/publicdownload.aspx?site=Beekdaelen&id=7504b20e-fe20-4b4b-bf66-cddce2c8410d","dc_title":"Bijlage: Uitgangspuntennotitie 2024-1, 2025 en meerjarenperspectief 2026-2028 GR Omnibuzz","dc_type":"bijlage","foi_fairiscoreVersions":{"v1":2,"v2":1},"foi_fileName":"Z%2F24%2F203343%20-%20362236%20-.pdf","foi_nrPages":11},{"dc_format":"application/pdf","dc_identifier":"nl.gm1954.2c.2024.2837353-9.doc.4","dc_source":"https://api1.ibabs.eu/publicdownload.aspx?site=Beekdaelen&id=695c70be-3a18-4dbd-814c-f999c5c05504","dc_title":"Bijlage: Jaarverslag 2023 GR Omnibuzz","dc_type":"bijlage","foi_fairiscoreVersions":{"v1":3,"v2":3},"foi_fileName":"Z%2F24%2F203343%20-%20362237%20-.pdf","foi_nrPages":110},{"dc_format":"application/pdf","dc_identifier":"nl.gm1954.2c.2024.2837353-9.doc.5","dc_source":"https://api1.ibabs.eu/publicdownload.aspx?site=Beekdaelen&id=5a9dea05-15e7-4651-8a3f-7a336e287282","dc_title":"Bijlage: Begroting 2024-1 GR Omnibuzz","dc_type":"bijlage","foi_fairiscoreVersions":{"v1":2,"v2":2},"foi_fileName":"Z%2F24%2F203343%20-%20362239%20-.pdf","foi_nrPages":58},{"dc_format":"application/pdf","dc_identifier":"nl.gm1954.2c.2024.2837353-9.doc.6","dc_source":"https://api1.ibabs.eu/publicdownload.aspx?site=Beekdaelen&id=e964e691-e6a9-4eb3-88fc-5bd2c8af03d8","dc_title":"Bijlage: Begroting 2025 met het meerjarenperspectief  2026-2028 GR Omnibuzz","dc_type":"bijlage","foi_fairiscoreVersions":{"v1":2,"v2":2},"foi_fileName":"Z%2F24%2F203343%20-%20362240%20-.pdf","foi_nrPages":82},{"dc_format":"application/pdf","dc_identifier":"nl.gm1954.2c.2024.2837353-9.doc.8","dc_source":"https://api1.ibabs.eu/publicdownload.aspx?site=Beekdaelen&id=04ba7de0-0023-4bcb-889c-ba3522c6aaa6","dc_title":"Bijlage: Samenvatting en hoofdpunten jaarrekening 2023 GR Omnibuzz","dc_type":"bijlage","foi_fairiscoreVersions":{"v1":2,"v2":2},"foi_fileName":"Z%2F24%2F203343%20-%20362692%20-%20Samenvatting%20en%20hoofdpunten%20jaarrekening%202023%20GR%20Omnibuzz.pdf","foi_nrPages":27},{"dc_format":"application/pdf","dc_identifier":"nl.gm1954.2c.2024.2837353-9.doc.9","dc_source":"https://api1.ibabs.eu/publicdownload.aspx?site=Beekdaelen&id=e9598d68-be02-4ebd-9d44-145c01151935","dc_title":"Bijlage: Brief aan het dagelijks bestuur van Omnibuzz inz. het raadsbesluit","dc_type":"bijlage","foi_fairiscoreVersions":{"v1":2,"v2":2},"foi_fileName":"Z%2F24%2F203343%20-%20362698%20-%20Brief%20aan%20het%20dagelijks%20bestuur%20van%20Omnibuzz%20inz.%20het%20raadsbesluit.pdf","foi_nrPages":2}],"foi_nrDocuments":9,"foi_nrPagesInDossier":304,"foi_publishedDate":"2024-06-11","foi_retrievedDate":"2025-11-29"},{"dc_creator":"HandelingScraper_v1","dc_date_year":2024,"dc_description":"Vergadering van de Gemeente Beekdaelen op 2024-06-19. Onderdeel: Algemeen.","dc_identifier":"nl.gm1954.2c.2024.2837559-1","dc_publisher":"gm1954","dc_source":"https://beekdaelen.bestuurlijkeinformatie.nl/Agenda/Index/a5854371-acc6-46a4-b52f-4bfc6523812f","dc_title":"Raadscommissie Bestuur en Middelen 2024-06-19 - Algemeen","dc_type":"2c","dc_type_description":"Vergaderstuk decentrale overheid","foi_fairiscoreVersions":{"v1":1,"v2":1},"foi_files":[{"dc_format":"application/pdf","dc_identifier":"nl.gm1954.2c.2024.2837559-1.doc.3","dc_source":"https://api1.ibabs.eu/publicdownload.aspx?site=Beekdaelen&id=f1f1d2a9-0649-4cf8-a8bc-574eb6973290","dc_title":"Technische vragen D66 Rondvraag","dc_type":"bijlage","foi_fairiscoreVersions":{"v1":1,"v2":1},"foi_fileName":"Technische%20vragen%20D66%20Rondvraag.pdf","foi_nrPages":1},{"dc_format":"application/pdf","dc_identifier":"nl.gm1954.2c.2024.2837559-1.doc.4","dc_source":"https://api1.ibabs.eu/publicdownload.aspx?site=Beekdaelen&id=122d572a-e610-429a-8a8b-a9d5eefc9318","dc_title":"Technische vragen Koll\u00e9e Rijkx B2  Kadernota 2025","dc_type":"bijlage","foi_fairiscoreVersions":{"v1":1,"v2":1},"foi_fileName":"Technische%20vragen%20Koll%C3%A9e%20Rijkx%20B2.pdf","foi_nrPages":1},{"dc_format":"application/pdf","dc_identifier":"nl.gm1954.2c.2024.2837559-1.doc.1","dc_source":"https://api1.ibabs.eu/publicdownload.aspx?site=Beekdaelen&id=a4c6cbd8-0344-42ee-9c35-c96a5df79d96","dc_title":"Technische vragen VG B1 1e Burap 2024","dc_type":"bijlage","foi_fairiscoreVersions":{"v1":1,"v2":1},"foi_fileName":"Technische%20vragen%20VG%20B1%201e%20Burap%202024.pdf","foi_nrPages":1},{"dc_format":"application/pdf","dc_identifier":"nl.gm1954.2c.2024.2837559-1.doc.2","dc_source":"https://api1.ibabs.eu/publicdownload.aspx?site=Beekdaelen&id=06b11252-f2b2-4a80-abf2-50ca9b421d5a","dc_title":"Technische vragen VG B2 Kadernota 2025","dc_type":"bijlage","foi_fairiscoreVersions":{"v1":1,"v2":1},"foi_fileName":"Technische%20vragen%20VG%20B2%20Kadernota%202025.pdf","foi_nrPages":1}],"foi_nrDocuments":4,"foi_nrPagesInDossier":4,"foi_publishedDate":"2024-06-19","foi_retrievedDate":"2025-11-29"},{"dc_creator":"HandelingScraper_v1","dc_date_year":2024,"dc_description":"Vergadering van de Gemeente Beekdaelen op 2024-06-19. Onderdeel: Opening, mededelingen voorzitter en vaststellen agenda.","dc_identifier":"nl.gm1954.2c.2024.2837559-2","dc_publisher":"gm1954","dc_source":"https://beekdaelen.bestuurlijkeinformatie.nl/Agenda/Index/a5854371-acc6-46a4-b52f-4bfc6523812f","dc_title":"Raadscommissie Bestuur en Middelen 2024-06-19 - Opening, mededelingen voorzitter en vaststellen agenda","dc_type":"2c","dc_type_description":"Vergaderstuk decentrale overheid","foi_fairiscoreVersions":{"v1":1,"v2":1},"foi_files":[{"dc_format":"application/octet-stream","dc_identifier":"nl.gm1954.2c.2024.2837559-2.doc.2","dc_source":"https://api1.ibabs.eu/publicdownload.aspx?site=Beekdaelen&id=11417ee8-555c-4522-b7c3-200f6c0e458d","dc_title":"A1 tm A3","dc_type":"bijlage","foi_fileName":"A1%20tm%20A3.mp3","foi_nrPages":1},{"dc_format":"application/pdf","dc_identifier":"nl.gm1954.2c.2024.2837559-2.doc.1","dc_source":"https://api1.ibabs.eu/publicdownload.aspx?site=Beekdaelen&id=7f43b008-0938-4a96-9c8b-325cb348cff4","dc_title":"Uitnodiging en voorlopige agenda raadscie. Bestuur & Middelen","dc_type":"bijlage","foi_fairiscoreVersions":{"v1":1,"v2":1},"foi_fileName":"Uitnodiging%20en%20voorlopige%20agenda%20raadscie.pdf","foi_nrPages":1}],"foi_nrDocuments":2,"foi_nrPagesInDossier":2,"foi_publishedDate":"2024-06-19","foi_retrievedDate":"2025-11-29"},{"dc_creator":"HandelingScraper_v1","dc_date_year":2024,"dc_description":"Vergadering van de Gemeente Beekdaelen op 2024-06-19. Onderdeel: Spreekrecht burgers.","dc_identifier":"nl.gm1954.2c.2024.2837559-3","dc_publisher":"gm1954","dc_source":"https://beekdaelen.bestuurlijkeinformatie.nl/Agenda/Index/a5854371-acc6-46a4-b52f-4bfc6523812f","dc_title":"Raadscommissie Bestuur en Middelen 2024-06-19 - Spreekrecht burgers","dc_type":"2c","dc_type_description":"Vergaderstuk decentrale overheid","foi_fairiscoreVersions":{"v1":null,"v2":null},"foi_files":[{"dc_format":"application/octet-stream","dc_identifier":"nl.gm1954.2c.2024.2837559-3.doc.1","dc_source":"https://api1.ibabs.eu/publicdownload.aspx?site=Beekdaelen&id=2c30266c-47a7-4d3e-93ee-745f73e6c34e","dc_title":"A1 tm A3","dc_type":"bijlage","foi_fileName":"A1%20tm%20A3.mp3","foi_nrPages":1}],"foi_nrDocuments":1,"foi_nrPagesInDossier":1,"foi_publishedDate":"2024-06-19","foi_retrievedDate":"2025-11-29"},{"dc_creator":"HandelingScraper_v1","dc_date_year":2024,"dc_description":"Vergadering van de Gemeente Beekdaelen op 2024-06-19. Onderdeel: Vaststellen actiepuntenlijst van de raadscommissie Bestuur en Middelen d.d. 29 mei 2024.","dc_identifier":"nl.gm1954.2c.2024.2837559-4","dc_publisher":"gm1954","dc_source":"https://beekdaelen.bestuurlijkeinformatie.nl/Agenda/Index/a5854371-acc6-46a4-b52f-4bfc6523812f","dc_title":"Raadscommissie Bestuur en Middelen 2024-06-19 - Vaststellen actiepuntenlijst van de raadscommissie Bestuur en Middelen d.d. 29 mei 2024","dc_type":"2c","dc_type_description":"Vergaderstuk decentrale overheid","foi_fairiscoreVersions":{"v1":1,"v2":1},"foi_files":[{"dc_format":"application/octet-stream","dc_identifier":"nl.gm1954.2c.2024.2837559-4.doc.2","dc_source":"https://api1.ibabs.eu/publicdownload.aspx?site=Beekdaelen&id=a3ede075-99d5-407d-bad2-36b15668eb4a","dc_title":"A1 tm A3","dc_type":"bijlage","foi_fileName":"A1%20tm%20A3.mp3","foi_nrPages":1},{"dc_format":"application/pdf","dc_identifier":"nl.gm1954.2c.2024.2837559-4.doc.1","dc_source":"https://api1.ibabs.eu/publicdownload.aspx?site=Beekdaelen&id=e82de54c-5b4f-40ef-b455-4b747a90d9d1","dc_title":"Actiepuntenlijst 29 mei 2024","dc_type":"bijlage","foi_fairiscoreVersions":{"v1":1,"v2":1},"foi_fileName":"Actiepuntenlijst%20%28kopie%20uit%20Decos%29.pdf","foi_nrPages":5}],"foi_nrDocuments":2,"foi_nrPagesInDossier":6,"foi_publishedDate":"2024-06-19","foi_retrievedDate":"2025-11-29"},{"dc_creator":"HandelingScraper_v1","dc_date_year":2024,"dc_description":"Vergadering van de Gemeente Beekdaelen op 2024-06-19. Onderdeel: Raadsvoorstel inzake: \"Eerste bestuursrapportage 2024\".","dc_identifier":"nl.gm1954.2c.2024.2837559-5","dc_publisher":"gm1954","dc_source":"https://beekdaelen.bestuurlijkeinformatie.nl/Agenda/Index/a5854371-acc6-46a4-b52f-4bfc6523812f","dc_title":"Raadscommissie Bestuur en Middelen 2024-06-19 - Raadsvoorstel inzake: \"Eerste bestuursrapportage 2024\"","dc_type":"2c","dc_type_description":"Vergaderstuk decentrale overheid","foi_fairiscoreVersions":{"v1":2,"v2":2},"foi_files":[{"dc_format":"application/pdf","dc_identifier":"nl.gm1954.2c.2024.2837559-5.doc.3","dc_source":"https://api1.ibabs.eu/publicdownload.aspx?site=Beekdaelen&id=25cd9706-6a99-45a1-a8f6-bb7294fd46f7","dc_title":"Bijlage: Eerste bestuursrapportage 2024","dc_type":"bijlage","foi_fairiscoreVersions":{"v1":2,"v2":2},"foi_fileName":"1e%20bestuursrapportage%202024.pdf","foi_nrPages":75},{"dc_format":"application/pdf","dc_identifier":"nl.gm1954.2c.2024.2837559-5.doc.1","dc_source":"https://api1.ibabs.eu/publicdownload.aspx?site=Beekdaelen&id=b457f24d-41f3-4480-ae69-03b702b821c4","dc_title":"Raadsvoorstel inzake eerste bestuursrapportage 2024","dc_type":"bijlage","foi_fairiscoreVersions":{"v1":2,"v2":1},"foi_fileName":"367112_1.pdf","foi_nrPages":5},{"dc_format":"application/pdf","dc_identifier":"nl.gm1954.2c.2024.2837559-5.doc.2","dc_source":"https://api1.ibabs.eu/publicdownload.aspx?site=Beekdaelen&id=13464ede-f09c-419c-962f-b45fb6b8bdf0","dc_title":"Raadsbesluit inzake eerste bestuursrapportage 2024 - vastgesteld 02-07-2024","dc_type":"bijlage","foi_fairiscoreVersions":{"v1":1,"v2":1},"foi_fileName":"367120_1.pdf","foi_nrPages":1},{"dc_format":"application/octet-stream","dc_identifier":"nl.gm1954.2c.2024.2837559-5.doc.6","dc_source":"https://api1.ibabs.eu/publicdownload.aspx?site=Beekdaelen&id=51b5526f-22a4-4651-abf4-b286b4fce70d","dc_title":"B1 1e termijn","dc_type":"bijlage","foi_fileName":"B1%201e%20termijn.mp3","foi_nrPages":1},{"dc_format":"application/octet-stream","dc_identifier":"nl.gm1954.2c.2024.2837559-5.doc.9","dc_source":"https://api1.ibabs.eu/publicdownload.aspx?site=Beekdaelen&id=afd55f27-1ae7-4b3b-825e-9086be3bbc62","dc_title":"B1 2e termijn","dc_type":"bijlage","foi_fileName":"B1%202e%20termijn.mp3","foi_nrPages":1},{"dc_format":"application/octet-stream","dc_identifier":"nl.gm1954.2c.2024.2837559-5.doc.12","dc_source":"https://api1.ibabs.eu/publicdownload.aspx?site=Beekdaelen&id=e50882d7-c1b6-4c01-aaf0-776f738c596a","dc_title":"B1 advies commissie","dc_type":"bijlage","foi_fileName":"B1%20advies%20commissie.mp3","foi_nrPages":1},{"dc_format":"application/octet-stream","dc_identifier":"nl.gm1954.2c.2024.2837559-5.doc.7","dc_source":"https://api1.ibabs.eu/publicdownload.aspx?site=Beekdaelen&id=19cb1c07-be52-4041-9bc2-99fd1286c285","dc_title":"B1 beantwoording 1e termijn I","dc_type":"bijlage","foi_fileName":"B1%20beantwoording%201e%20termijn%20I.mp3","foi_nrPages":1},{"dc_format":"application/octet-stream","dc_identifier":"nl.gm1954.2c.2024.2837559-5.doc.8","dc_source":"https://api1.ibabs.eu/publicdownload.aspx?site=Beekdaelen&id=e3d4c422-b023-4941-990e-dbcd0a9bf63d","dc_title":"B1 beantwoording 1e termijn II","dc_type":"bijlage","foi_fileName":"B1%20beantwoording%201e%20termijn%20II.mp3","foi_nrPages":1},{"dc_format":"application/octet-stream","dc_identifier":"nl.gm1954.2c.2024.2837559-5.doc.10","dc_source":"https://api1.ibabs.eu/publicdownload.aspx?site=Beekdaelen&id=613c7b32-5ed5-4f3c-a724-edf667eba8c2","dc_title":"B1 beantwoording 2e termijn I","dc_type":"bijlage","foi_fileName":"B1%20beantwoording%202e%20termijn%20I.mp3","foi_nrPages":1},{"dc_format":"application/octet-stream","dc_identifier":"nl.gm1954.2c.2024.2837559-5.doc.11","dc_source":"https://api1.ibabs.eu/publicdownload.aspx?site=Beekdaelen&id=9f148f4c-c179-4bf6-ae3b-aa8d27db50c5","dc_title":"B1 beantwoording 2e termijn II","dc_type":"bijlage","foi_fileName":"B1%20beantwoording%202e%20termijn%20II.mp3","foi_nrPages":1},{"dc_format":"application/pdf","dc_identifier":"nl.gm1954.2c.2024.2837559-5.doc.4","dc_source":"https://api1.ibabs.eu/publicdownload.aspx?site=Beekdaelen&id=b48f8cb9-2d88-4689-bb75-61bbe26a28aa","dc_title":"Bijlage: Begrotingswijziging eerste bestuursrapportage 2024","dc_type":"bijlage","foi_fairiscoreVersions":{"v1":1,"v2":1},"foi_fileName":"Begrotingswijziging%205%20Eerste%20bestuursrapportage%202024.pdf","foi_nrPages":1},{"dc_format":"application/pdf","dc_identifier":"nl.gm1954.2c.2024.2837559-5.doc.5","dc_source":"https://api1.ibabs.eu/publicdownload.aspx?site=Beekdaelen&id=951b4679-e1ae-41dc-8704-71e883cfe10e","dc_title":"MvA fractie VG B1","dc_type":"bijlage","foi_fairiscoreVersions":{"v1":1,"v2":1},"foi_fileName":"MvA%20fractie%20VG%20B1.pdf","foi_nrPages":5}],"foi_nrDocuments":12,"foi_nrPagesInDossier":94,"foi_publishedDate":"2024-06-19","foi_retrievedDate":"2025-11-29"},{"dc_creator":"HandelingScraper_v1","dc_date_year":2024,"dc_description":"Vergadering van de Gemeente Beekdaelen op 2024-06-19. Onderdeel: Rondvraag Bestuur en Middelen.","dc_identifier":"nl.gm1954.2c.2024.2837559-7","dc_publisher":"gm1954","dc_source":"https://beekdaelen.bestuurlijkeinformatie.nl/Agenda/Index/a5854371-acc6-46a4-b52f-4bfc6523812f","dc_title":"Raadscommissie Bestuur en Middelen 2024-06-19 - Rondvraag Bestuur en Middelen","dc_type":"2c","dc_type_description":"Vergaderstuk decentrale overheid","foi_fairiscoreVersions":{"v1":2,"v2":1},"foi_files":[{"dc_format":"application/octet-stream","dc_identifier":"nl.gm1954.2c.2024.2837559-7.doc.3","dc_source":"https://api1.ibabs.eu/publicdownload.aspx?site=Beekdaelen&id=3f873954-8567-47f7-89e4-22a628961b6d","dc_title":"C Rondvraag","dc_type":"bijlage","foi_fileName":"C%20Rondvraag.mp3"},{"dc_format":"application/pdf","dc_identifier":"nl.gm1954.2c.2024.2837559-7.doc.1","dc_source":"https://api1.ibabs.eu/publicdownload.aspx?site=Beekdaelen&id=88abba96-84ba-4238-b347-041458916198","dc_title":"MvA fractie D66 Rondvraag (AWACS)","dc_type":"bijlage","foi_fairiscoreVersions":{"v1":1,"v2":1},"foi_fileName":"MvA%20fractie%20D66%20Rondvraag.pdf","foi_nrPages":1},{"dc_format":"application/pdf","dc_identifier":"nl.gm1954.2c.2024.2837559-7.doc.2","dc_source":"https://api1.ibabs.eu/publicdownload.aspx?site=Beekdaelen&id=f86da01e-a8e0-40bb-a6dc-6244a0a6de02","dc_title":"MvA fractie D66 Rondvraag (vmg. schutterslokaal)","dc_type":"bijlage","foi_fairiscoreVersions":{"v1":2,"v2":1},"foi_fileName":"MvA%20fractie%20D66%20Rondvraag%20%28vmg.pdf","foi_nrPages":2}],"foi_nrDocuments":3,"foi_nrPagesInDossier":3,"foi_publishedDate":"2024-06-19","foi_retrievedDate":"2025-12-01"},{"dc_creator":"HandelingScraper_v1","dc_date_year":2024,"dc_description":"Vergadering van de Gemeente Beekdaelen op 2024-07-02. Onderdeel: Opening.","dc_identifier":"nl.gm1954.2c.2024.2837607-1","dc_publisher":"gm1954","dc_source":"https://beekdaelen.bestuurlijkeinformatie.nl/Agenda/Index/82cdb6f9-7c29-41e4-a756-079b8f8e7987","dc_title":"Raadsvergadering 2024-07-02 - Opening","dc_type":"2c","dc_type_description":"Vergaderstuk decentrale overheid","foi_fairiscoreVersions":{"v1":1,"v2":1},"foi_files":[{"dc_format":"application/pdf","dc_identifier":"nl.gm1954.2c.2024.2837607-1.doc.2","dc_source":"https://api1.ibabs.eu/publicdownload.aspx?site=Beekdaelen&id=d2e5b443-b497-40bc-8011-de98932f68b7","dc_title":"Globale tijdsplanning vergadering","dc_type":"bijlage","foi_fairiscoreVersions":{"v1":1,"v2":1},"foi_fileName":"Globale%20tijdsplanning%20vergadering.pdf","foi_nrPages":1},{"dc_format":"application/pdf","dc_identifier":"nl.gm1954.2c.2024.2837607-1.doc.1","dc_source":"https://api1.ibabs.eu/publicdownload.aspx?site=Beekdaelen&id=0d45baba-80c9-4745-a521-406741c81e25","dc_title":"Uitnodiging en voorlopige agenda raadsvergadering 2 juli 2024","dc_type":"bijlage","foi_fairiscoreVersions":{"v1":1,"v2":1},"foi_fileName":"Uitnodiging%20en%20voorlopige%20agenda%20raadsvergadering%202%20juli%202024.pdf","foi_nrPages":2}],"foi_nrDocuments":2,"foi_nrPagesInDossier":3,"foi_publishedDate":"2024-07-02","foi_retrievedDate":"2026-01-23"},{"dc_creator":"HandelingScraper_v1","dc_date_year":2024,"dc_description":"Vergadering van de Gemeente Beekdaelen op 2024-07-02. Onderdeel: Amendement Koll\u00e9e-Rijkx inzake Kadernota 2025 toeristenbelasting.","dc_identifier":"nl.gm1954.2c.2024.2837607-10","dc_publisher":"gm1954","dc_source":"https://beekdaelen.bestuurlijkeinformatie.nl/Agenda/Index/82cdb6f9-7c29-41e4-a756-079b8f8e7987","dc_title":"Raadsvergadering 2024-07-02 - Amendement Koll\u00e9e-Rijkx inzake Kadernota 2025 toeristenbelasting","dc_type":"2c","dc_type_description":"Vergaderstuk decentrale overheid","foi_fairiscoreVersions":{"v1":null,"v2":null},"foi_files":[{"dc_format":"application/pdf","dc_identifier":"nl.gm1954.2c.2024.2837607-10.doc.1","dc_source":"https://api1.ibabs.eu/publicdownload.aspx?site=Beekdaelen&id=cef7615e-cdb2-477d-afa1-d689774c38de","dc_title":"Amendement Koll\u00e9ee-Rijkx inzake Kadernota 2025 toeristenbelasting","dc_type":"bijlage","foi_fileName":"Amendement%20Koll%C3%A9ee-Rijkx%20inzake%20Kadernota%202025%20toeristenbelasting.pdf"}],"foi_nrDocuments":1,"foi_nrPagesInDossier":0,"foi_publishedDate":"2024-07-02","foi_retrievedDate":"2025-11-30"},{"dc_creator":"HandelingScraper_v1","dc_date_year":2024,"dc_description":"Vergadering van de Gemeente Beekdaelen op 2024-07-02. Onderdeel: Amendement Koll\u00e9e-Rijkx inzake Kadernota 2025 armoedebeleid.","dc_identifier":"nl.gm1954.2c.2024.2837607-11","dc_publisher":"gm1954","dc_source":"https://beekdaelen.bestuurlijkeinformatie.nl/Agenda/Index/82cdb6f9-7c29-41e4-a756-079b8f8e7987","dc_title":"Raadsvergadering 2024-07-02 - Amendement Koll\u00e9e-Rijkx inzake Kadernota 2025 armoedebeleid","dc_type":"2c","dc_type_description":"Vergaderstuk decentrale overheid","foi_fairiscoreVersions":{"v1":1,"v2":1},"foi_files":[{"dc_format":"application/pdf","dc_identifier":"nl.gm1954.2c.2024.2837607-11.doc.1","dc_source":"https://api1.ibabs.eu/publicdownload.aspx?site=Beekdaelen&id=f7e5d177-41c8-4cbd-aa37-bb89bff5d0f7","dc_title":"Amendement Koll\u00e9e-Rijkx inzake Kadernota 2025 armoedebeleid","dc_type":"bijlage","foi_fairiscoreVersions":{"v1":1,"v2":1},"foi_fileName":"Amendement%20Koll%C3%A9e-Rijkx%20inzake%20Kadernota%202025%20armoedebeleid.pdf","foi_nrPages":1}],"foi_nrDocuments":1,"foi_nrPagesInDossier":1,"foi_publishedDate":"2024-07-02","foi_retrievedDate":"2025-11-29"},{"dc_creator":"HandelingScraper_v1","dc_date_year":2024,"dc_description":"Vergadering van de Gemeente Beekdaelen op 2024-07-02. Onderdeel: Amendement Koll\u00e9e-Rijkx inzake Kadernota 2025 muziekonderwijs.","dc_identifier":"nl.gm1954.2c.2024.2837607-12","dc_publisher":"gm1954","dc_source":"https://beekdaelen.bestuurlijkeinformatie.nl/Agenda/Index/82cdb6f9-7c29-41e4-a756-079b8f8e7987","dc_title":"Raadsvergadering 2024-07-02 - Amendement Koll\u00e9e-Rijkx inzake Kadernota 2025 muziekonderwijs","dc_type":"2c","dc_type_description":"Vergaderstuk decentrale overheid","foi_fairiscoreVersions":{"v1":1,"v2":1},"foi_files":[{"dc_format":"application/pdf","dc_identifier":"nl.gm1954.2c.2024.2837607-12.doc.1","dc_source":"https://api1.ibabs.eu/publicdownload.aspx?site=Beekdaelen&id=3007bff2-b6de-4546-abc7-83875aa41f14","dc_title":"Amendement Koll\u00e9e-Rijkx inzake Kadernota 2025 muziekonderwijs","dc_type":"bijlage","foi_fairiscoreVersions":{"v1":1,"v2":1},"foi_fileName":"Amendement%20Koll%C3%A9e-Rijkx%20inzake%20Kadernota%202025%20muziekonderwijs.pdf","foi_nrPages":1}],"foi_nrDocuments":1,"foi_nrPagesInDossier":1,"foi_publishedDate":"2024-07-02","foi_retrievedDate":"2025-11-29"},{"dc_creator":"HandelingScraper_v1","dc_date_year":2024,"dc_description":"Vergadering van de Gemeente Beekdaelen op 2024-07-02. Onderdeel: Motie Beekdaelen Lokaal en VVD inzake onderzoek bedrijventerreinen.","dc_identifier":"nl.gm1954.2c.2024.2837607-13","dc_publisher":"gm1954","dc_source":"https://beekdaelen.bestuurlijkeinformatie.nl/Agenda/Index/82cdb6f9-7c29-41e4-a756-079b8f8e7987","dc_title":"Raadsvergadering 2024-07-02 - Motie Beekdaelen Lokaal en VVD inzake onderzoek bedrijventerreinen","dc_type":"2c","dc_type_description":"Vergaderstuk decentrale overheid","foi_fairiscoreVersions":{"v1":1,"v2":1},"foi_files":[{"dc_format":"application/pdf","dc_identifier":"nl.gm1954.2c.2024.2837607-13.doc.1","dc_source":"https://api1.ibabs.eu/publicdownload.aspx?site=Beekdaelen&id=fddfdf01-8fa2-48a8-a3ec-c77fe2f94306","dc_title":"Motie Beekdaelen Lokaal en VVD inzake onderzoek bedrijventerreinen","dc_type":"bijlage","foi_fairiscoreVersions":{"v1":1,"v2":1},"foi_fileName":"Motie%20Beekdaelen%20Lokaal%20en%20VVD%20inzake%20onderzoek%20bedrijventerreinen.pdf","foi_nrPages":1}],"foi_nrDocuments":1,"foi_nrPagesInDossier":1,"foi_publishedDate":"2024-07-02","foi_retrievedDate":"2025-11-29"},{"dc_creator":"HandelingScraper_v1","dc_date_year":2024,"dc_description":"Vergadering van de Gemeente Beekdaelen op 2024-07-02. Onderdeel: Motie VVD inzake woningbouw.","dc_identifier":"nl.gm1954.2c.2024.2837607-14","dc_publisher":"gm1954","dc_source":"https://beekdaelen.bestuurlijkeinformatie.nl/Agenda/Index/82cdb6f9-7c29-41e4-a756-079b8f8e7987","dc_title":"Raadsvergadering 2024-07-02 - Motie VVD inzake woningbouw","dc_type":"2c","dc_type_description":"Vergaderstuk decentrale overheid","foi_fairiscoreVersions":{"v1":1,"v2":1},"foi_files":[{"dc_format":"application/pdf","dc_identifier":"nl.gm1954.2c.2024.2837607-14.doc.1","dc_source":"https://api1.ibabs.eu/publicdownload.aspx?site=Beekdaelen&id=06b6cc24-3d53-4495-9cc9-1ad3bcc7e537","dc_title":"Motie VVD inzake woningbouw","dc_type":"bijlage","foi_fairiscoreVersions":{"v1":1,"v2":1},"foi_fileName":"Motie%20VVD%20inzake%20woningbouw.pdf","foi_nrPages":1}],"foi_nrDocuments":1,"foi_nrPagesInDossier":1,"foi_publishedDate":"2024-07-02","foi_retrievedDate":"2025-11-29"},{"dc_creator":"HandelingScraper_v1","dc_date_year":2024,"dc_description":"Vergadering van de Gemeente Beekdaelen op 2024-07-02. Onderdeel: Vaststelling lijst ingekomen stukken.","dc_identifier":"nl.gm1954.2c.2024.2837607-15","dc_publisher":"gm1954","dc_source":"https://beekdaelen.bestuurlijkeinformatie.nl/Agenda/Index/82cdb6f9-7c29-41e4-a756-079b8f8e7987","dc_title":"Raadsvergadering 2024-07-02 - Vaststelling lijst ingekomen stukken","dc_type":"2c","dc_type_description":"Vergaderstuk decentrale overheid","foi_fairiscoreVersions":{"v1":1,"v2":1},"foi_files":[{"dc_format":"application/pdf","dc_identifier":"nl.gm1954.2c.2024.2837607-15.doc.1","dc_source":"https://api1.ibabs.eu/publicdownload.aspx?site=Beekdaelen&id=9407c5c0-608e-4fd1-b396-5c0161ac475e","dc_title":"Lijst ingekomen stukken raad versie 27-06-2024 - vastgesteld 02-07-2024","dc_type":"bijlage","foi_fairiscoreVersions":{"v1":1,"v2":1},"foi_fileName":"Lijst%20ingekomen%20stukken%20raad%20versie%2027-06-2024.pdf","foi_nrPages":6}],"foi_nrDocuments":1,"foi_nrPagesInDossier":6,"foi_publishedDate":"2024-07-02","foi_retrievedDate":"2025-11-29"},{"dc_creator":"HandelingScraper_v1","dc_date_year":2024,"dc_description":"Vergadering van de Gemeente Beekdaelen op 2024-07-02. Onderdeel: Voorstel inzake toelating en be\u00ebdiging nieuwe raadsleden en afscheid vertrekkende raadsleden.","dc_identifier":"nl.gm1954.2c.2024.2837607-16","dc_publisher":"gm1954","dc_source":"https://beekdaelen.bestuurlijkeinformatie.nl/Agenda/Index/82cdb6f9-7c29-41e4-a756-079b8f8e7987","dc_title":"Raadsvergadering 2024-07-02 - Voorstel inzake toelating en be\u00ebdiging nieuwe raadsleden en afscheid vertrekkende raadsleden","dc_type":"2c","dc_type_description":"Vergaderstuk decentrale overheid","foi_fairiscoreVersions":{"v1":1,"v2":1},"foi_files":[{"dc_format":"application/pdf","dc_identifier":"nl.gm1954.2c.2024.2837607-16.doc.2","dc_source":"https://api1.ibabs.eu/publicdownload.aspx?site=Beekdaelen&id=018b8c8d-8eff-4256-94e0-4ee00c1ede93","dc_title":"Raadsbesluit inzake toelating en beediging mw. A.M.H. de la Roy-Christophe - vastgesteld 02-07-2024","dc_type":"bijlage","foi_fairiscoreVersions":{"v1":1,"v2":1},"foi_fileName":"Raadsbesluit%20inzake%20toelating%20en%20beediging%20mw.%20A.M.H.pdf","foi_nrPages":1},{"dc_format":"application/pdf","dc_identifier":"nl.gm1954.2c.2024.2837607-16.doc.1","dc_source":"https://api1.ibabs.eu/publicdownload.aspx?site=Beekdaelen&id=926d288b-07b6-460d-bc2c-406778f9d941","dc_title":"Raadsvoorstel inzake toelating en beediging mw. A.M.H. de la Roy-Christophe","dc_type":"bijlage","foi_fairiscoreVersions":{"v1":1,"v2":1},"foi_fileName":"Raadsvoorstel%20inzake%20toelating%20en%20beediging%20mw.%20A.M.H.pdf","foi_nrPages":1}],"foi_nrDocuments":2,"foi_nrPagesInDossier":2,"foi_publishedDate":"2024-07-02","foi_retrievedDate":"2025-11-29"},{"dc_creator":"HandelingScraper_v1","dc_date_year":2024,"dc_description":"Vergadering van de Gemeente Beekdaelen op 2024-07-02. Onderdeel: Vaststelling van de agenda.","dc_identifier":"nl.gm1954.2c.2024.2837607-2","dc_publisher":"gm1954","dc_source":"https://beekdaelen.bestuurlijkeinformatie.nl/Agenda/Index/82cdb6f9-7c29-41e4-a756-079b8f8e7987","dc_title":"Raadsvergadering 2024-07-02 - Vaststelling van de agenda","dc_type":"2c","dc_type_description":"Vergaderstuk decentrale overheid","foi_fairiscoreVersions":{"v1":1,"v2":1},"foi_files":[{"dc_format":"application/pdf","dc_identifier":"nl.gm1954.2c.2024.2837607-2.doc.1","dc_source":"https://api1.ibabs.eu/publicdownload.aspx?site=Beekdaelen&id=1e792ddb-0099-4380-9374-bea104bc301f","dc_title":"Verzoek D66 om interpellatiedebat awacs","dc_type":"bijlage","foi_fairiscoreVersions":{"v1":1,"v2":1},"foi_fileName":"Verzoek%20D66%20om%20interpellatiedebat%20awacs.pdf","foi_nrPages":3}],"foi_nrDocuments":1,"foi_nrPagesInDossier":3,"foi_publishedDate":"2024-07-02","foi_retrievedDate":"2026-03-04"},{"dc_creator":"HandelingScraper_v1","dc_date_year":2024,"dc_description":"Vergadering van de Gemeente Beekdaelen op 2024-07-02. Onderdeel: Interpellatiedebat inzake Awacs op verzoek van D66.","dc_identifier":"nl.gm1954.2c.2024.2837607-3","dc_publisher":"gm1954","dc_source":"https://beekdaelen.bestuurlijkeinformatie.nl/Agenda/Index/82cdb6f9-7c29-41e4-a756-079b8f8e7987","dc_title":"Raadsvergadering 2024-07-02 - Interpellatiedebat inzake Awacs op verzoek van D66","dc_type":"2c","dc_type_description":"Vergaderstuk decentrale overheid","foi_fairiscoreVersions":{"v1":1,"v2":1},"foi_files":[{"dc_format":"application/pdf","dc_identifier":"nl.gm1954.2c.2024.2837607-3.doc.1","dc_source":"https://api1.ibabs.eu/publicdownload.aspx?site=Beekdaelen&id=e918986c-7e64-4d43-a95a-151d3058b880","dc_title":"Verzoek D66 om interpellatiedebat awacs","dc_type":"bijlage","foi_fairiscoreVersions":{"v1":1,"v2":1},"foi_fileName":"Verzoek%20D66%20om%20interpellatiedebat%20awacs.pdf","foi_nrPages":3}],"foi_nrDocuments":1,"foi_nrPagesInDossier":3,"foi_publishedDate":"2024-07-02","foi_retrievedDate":"2025-11-29"},{"dc_creator":"HandelingScraper_v1","dc_date_year":2024,"dc_description":"Vergadering van de Gemeente Beekdaelen op 2024-07-02. Onderdeel: Vaststellen besluitenlijst openbare raadsvergadering d.d. 11 juni 2024.","dc_identifier":"nl.gm1954.2c.2024.2837607-4","dc_publisher":"gm1954","dc_source":"https://beekdaelen.bestuurlijkeinformatie.nl/Agenda/Index/82cdb6f9-7c29-41e4-a756-079b8f8e7987","dc_title":"Raadsvergadering 2024-07-02 - Vaststellen besluitenlijst openbare raadsvergadering d.d. 11 juni 2024","dc_type":"2c","dc_type_description":"Vergaderstuk decentrale overheid","foi_fairiscoreVersions":{"v1":1,"v2":1},"foi_files":[{"dc_format":"application/pdf","dc_identifier":"nl.gm1954.2c.2024.2837607-4.doc.1","dc_source":"https://api1.ibabs.eu/publicdownload.aspx?site=Beekdaelen&id=050f20a3-3985-4041-aa8c-ea8b49ea1f0e","dc_title":"Besluitenlijst raadsvergadering 11062024 - vastgesteld 02-07-2024","dc_type":"bijlage","foi_fairiscoreVersions":{"v1":1,"v2":1},"foi_fileName":"Besluitenlijst%20raadsvergadering%2011062024.pdf","foi_nrPages":16}],"foi_nrDocuments":1,"foi_nrPagesInDossier":16,"foi_publishedDate":"2024-07-02","foi_retrievedDate":"2025-11-29"},{"dc_creator":"HandelingScraper_v1","dc_date_year":2024,"dc_description":"Vergadering van de Gemeente Beekdaelen op 2024-07-02. Onderdeel: Voorstel inzake Jaarstukken 2023.","dc_identifier":"nl.gm1954.2c.2024.2837607-5","dc_publisher":"gm1954","dc_source":"https://beekdaelen.bestuurlijkeinformatie.nl/Agenda/Index/82cdb6f9-7c29-41e4-a756-079b8f8e7987","dc_title":"Raadsvergadering 2024-07-02 - Voorstel inzake Jaarstukken 2023","dc_type":"2c","dc_type_description":"Vergaderstuk decentrale overheid","foi_fairiscoreVersions":{"v1":2,"v2":1},"foi_files":[{"dc_format":"application/pdf","dc_identifier":"nl.gm1954.2c.2024.2837607-5.doc.1","dc_source":"https://api1.ibabs.eu/publicdownload.aspx?site=Beekdaelen&id=67ed6121-8ab2-4150-acf2-943bba45ae63","dc_title":"Raadsvoorstel inzake jaarstukken 2023","dc_type":"bijlage","foi_fairiscoreVersions":{"v1":1,"v2":1},"foi_fileName":"367782_1.pdf","foi_nrPages":6},{"dc_format":"application/pdf","dc_identifier":"nl.gm1954.2c.2024.2837607-5.doc.2","dc_source":"https://api1.ibabs.eu/publicdownload.aspx?site=Beekdaelen&id=bfa775d6-3e1f-4e72-8f4b-16e205d4364b","dc_title":"Raadsbesluit inzake jaarstukken 2023 - vastgesteld 02-07-2024","dc_type":"bijlage","foi_fairiscoreVersions":{"v1":1,"v2":1},"foi_fileName":"367783_1.pdf","foi_nrPages":1},{"dc_format":"application/pdf","dc_identifier":"nl.gm1954.2c.2024.2837607-5.doc.4","dc_source":"https://api1.ibabs.eu/publicdownload.aspx?site=Beekdaelen&id=2eadabf7-ea13-49d1-b851-6dd3f3ea5780","dc_title":"Gemeente Beekdaelen - Accountantsverslag 2023 (vz)","dc_type":"bijlage","foi_fairiscoreVersions":{"v1":2,"v2":1},"foi_fileName":"Gemeente%20Beekdaelen%20-%20Accountantsverslag%202023%20%28vz%29.pdf","foi_nrPages":26},{"dc_format":"application/pdf","dc_identifier":"nl.gm1954.2c.2024.2837607-5.doc.3","dc_source":"https://api1.ibabs.eu/publicdownload.aspx?site=Beekdaelen&id=c7ba9994-1a79-4136-96f9-151bfb7d97f6","dc_title":"Bijlage: jaarstukken 2023","dc_type":"bijlage","foi_fairiscoreVersions":{"v1":2,"v2":1},"foi_fileName":"Jaarstukken%202023.pdf","foi_nrPages":173}],"foi_nrDocuments":4,"foi_nrPagesInDossier":206,"foi_publishedDate":"2024-07-02","foi_retrievedDate":"2025-11-30"},{"dc_creator":"HandelingScraper_v1","dc_date_year":2024,"dc_description":"Vergadering van de Gemeente Beekdaelen op 2024-07-02. Onderdeel: Voorstel inzake Eerste bestuursrapportage 2024.","dc_identifier":"nl.gm1954.2c.2024.2837607-6","dc_publisher":"gm1954","dc_source":"https://beekdaelen.bestuurlijkeinformatie.nl/Agenda/Index/82cdb6f9-7c29-41e4-a756-079b8f8e7987","dc_title":"Raadsvergadering 2024-07-02 - Voorstel inzake Eerste bestuursrapportage 2024","dc_type":"2c","dc_type_description":"Vergaderstuk decentrale overheid","foi_fairiscoreVersions":{"v1":2,"v2":2},"foi_files":[{"dc_format":"application/pdf","dc_identifier":"nl.gm1954.2c.2024.2837607-6.doc.3","dc_source":"https://api1.ibabs.eu/publicdownload.aspx?site=Beekdaelen&id=25cd9706-6a99-45a1-a8f6-bb7294fd46f7","dc_title":"Bijlage: Eerste bestuursrapportage 2024","dc_type":"bijlage","foi_fairiscoreVersions":{"v1":2,"v2":2},"foi_fileName":"1e%20bestuursrapportage%202024.pdf","foi_nrPages":75},{"dc_format":"application/pdf","dc_identifier":"nl.gm1954.2c.2024.2837607-6.doc.1","dc_source":"https://api1.ibabs.eu/publicdownload.aspx?site=Beekdaelen&id=b457f24d-41f3-4480-ae69-03b702b821c4","dc_title":"Raadsvoorstel inzake eerste bestuursrapportage 2024","dc_type":"bijlage","foi_fairiscoreVersions":{"v1":2,"v2":1},"foi_fileName":"367112_1.pdf","foi_nrPages":5},{"dc_format":"application/pdf","dc_identifier":"nl.gm1954.2c.2024.2837607-6.doc.2","dc_source":"https://api1.ibabs.eu/publicdownload.aspx?site=Beekdaelen&id=13464ede-f09c-419c-962f-b45fb6b8bdf0","dc_title":"Raadsbesluit inzake eerste bestuursrapportage 2024 - vastgesteld 02-07-2024","dc_type":"bijlage","foi_fairiscoreVersions":{"v1":1,"v2":1},"foi_fileName":"367120_1.pdf","foi_nrPages":1},{"dc_format":"application/pdf","dc_identifier":"nl.gm1954.2c.2024.2837607-6.doc.4","dc_source":"https://api1.ibabs.eu/publicdownload.aspx?site=Beekdaelen&id=b48f8cb9-2d88-4689-bb75-61bbe26a28aa","dc_title":"Bijlage: Begrotingswijziging eerste bestuursrapportage 2024","dc_type":"bijlage","foi_fairiscoreVersions":{"v1":1,"v2":1},"foi_fileName":"Begrotingswijziging%205%20Eerste%20bestuursrapportage%202024.pdf","foi_nrPages":1}],"foi_nrDocuments":4,"foi_nrPagesInDossier":82,"foi_publishedDate":"2024-07-02","foi_retrievedDate":"2025-11-29"},{"dc_creator":"HandelingScraper_v1","dc_date_year":2024,"dc_description":"Vergadering van de Gemeente Beekdaelen op 2024-07-02. Onderdeel: Voorstel inzake Kadernota 2025.","dc_identifier":"nl.gm1954.2c.2024.2837607-7","dc_publisher":"gm1954","dc_source":"https://beekdaelen.bestuurlijkeinformatie.nl/Agenda/Index/82cdb6f9-7c29-41e4-a756-079b8f8e7987","dc_title":"Raadsvergadering 2024-07-02 - Voorstel inzake Kadernota 2025","dc_type":"2c","dc_type_description":"Vergaderstuk decentrale overheid","foi_fairiscoreVersions":{"v1":2,"v2":2},"foi_files":[{"dc_format":"application/pdf","dc_identifier":"nl.gm1954.2c.2024.2837607-7.doc.1","dc_source":"https://api1.ibabs.eu/publicdownload.aspx?site=Beekdaelen&id=8837f50b-a555-40e1-831f-e3b8bcf8c7ed","dc_title":"Raadsvoorstel inzake kadernota 2025","dc_type":"bijlage","foi_fairiscoreVersions":{"v1":1,"v2":1},"foi_fileName":"367207_1.pdf","foi_nrPages":8},{"dc_format":"application/pdf","dc_identifier":"nl.gm1954.2c.2024.2837607-7.doc.2","dc_source":"https://api1.ibabs.eu/publicdownload.aspx?site=Beekdaelen&id=4ed411f5-afe9-46cc-97ba-3676f64d937a","dc_title":"Raadsbesluit inzake kadernota 2025 VERVALLEN","dc_type":"bijlage","foi_fairiscoreVersions":{"v1":1,"v2":1},"foi_fileName":"367211_1.pdf","foi_nrPages":2},{"dc_format":"application/pdf","dc_identifier":"nl.gm1954.2c.2024.2837607-7.doc.5","dc_source":"https://api1.ibabs.eu/publicdownload.aspx?site=Beekdaelen&id=7ca3e5d5-e813-435c-8f93-cb130d2fda8d","dc_title":"Aanvullende vragen kadernota cie Bestuur en Middelen","dc_type":"bijlage","foi_fairiscoreVersions":{"v1":1,"v2":1},"foi_fileName":"Aanvullende%20vragen%20kadernota%20cie%20Bestuur%20en%20Middelen.pdf","foi_nrPages":4},{"dc_format":"application/pdf","dc_identifier":"nl.gm1954.2c.2024.2837607-7.doc.4","dc_source":"https://api1.ibabs.eu/publicdownload.aspx?site=Beekdaelen&id=94b8ba7d-2348-44a3-b539-6bbd34230867","dc_title":"Bijlage: Kadernota 2025","dc_type":"bijlage","foi_fairiscoreVersions":{"v1":2,"v2":2},"foi_fileName":"Kadernota%202025.pdf","foi_nrPages":36},{"dc_format":"application/pdf","dc_identifier":"nl.gm1954.2c.2024.2837607-7.doc.3","dc_source":"https://api1.ibabs.eu/publicdownload.aspx?site=Beekdaelen&id=40de896c-4dd6-4ace-91a1-306c6e40a971","dc_title":"Raadsbesluit kadernota (geamendeerd) - vastgesteld 02-07-2024","dc_type":"bijlage","foi_fairiscoreVersions":{"v1":1,"v2":1},"foi_fileName":"Raadsbesluit%20kadernota%20%28aangenomen%20amendement%29.pdf","foi_nrPages":1}],"foi_nrDocuments":5,"foi_nrPagesInDossier":51,"foi_publishedDate":"2024-07-02","foi_retrievedDate":"2026-02-05"},{"dc_creator":"HandelingScraper_v1","dc_date_year":2024,"dc_description":"Vergadering van de Gemeente Beekdaelen op 2024-07-02. Onderdeel: Amendement VG, CDA, BL, VVD, D66 en GroenLinks inzake Kadernota 2025.","dc_identifier":"nl.gm1954.2c.2024.2837607-8","dc_publisher":"gm1954","dc_source":"https://beekdaelen.bestuurlijkeinformatie.nl/Agenda/Index/82cdb6f9-7c29-41e4-a756-079b8f8e7987","dc_title":"Raadsvergadering 2024-07-02 - Amendement VG, CDA, BL, VVD, D66 en GroenLinks inzake Kadernota 2025","dc_type":"2c","dc_type_description":"Vergaderstuk decentrale overheid","foi_fairiscoreVersions":{"v1":1,"v2":1},"foi_files":[{"dc_format":"application/pdf","dc_identifier":"nl.gm1954.2c.2024.2837607-8.doc.1","dc_source":"https://api1.ibabs.eu/publicdownload.aspx?site=Beekdaelen&id=6a1f51f1-ecd7-4ade-bdf5-b7855e2e9cf9","dc_title":"Amendement VG, CDA, BL, VVD, D66 en GL inzake Kadernota 2025","dc_type":"bijlage","foi_fairiscoreVersions":{"v1":1,"v2":1},"foi_fileName":"Amendement%20VG_%20CDA_%20BL_%20VVD_%20D66%20en%20GL%20inzake%20Kadernota%202025.pdf","foi_nrPages":1}],"foi_nrDocuments":1,"foi_nrPagesInDossier":1,"foi_publishedDate":"2024-07-02","foi_retrievedDate":"2025-11-29"},{"dc_creator":"HandelingScraper_v1","dc_date_year":2024,"dc_description":"Vergadering van de Gemeente Beekdaelen op 2024-07-02. Onderdeel: Amendement Koll\u00e9e-Rijkx inzake Kadernota 2025 OZB.","dc_identifier":"nl.gm1954.2c.2024.2837607-9","dc_publisher":"gm1954","dc_source":"https://beekdaelen.bestuurlijkeinformatie.nl/Agenda/Index/82cdb6f9-7c29-41e4-a756-079b8f8e7987","dc_title":"Raadsvergadering 2024-07-02 - Amendement Koll\u00e9e-Rijkx inzake Kadernota 2025 OZB","dc_type":"2c","dc_type_description":"Vergaderstuk decentrale overheid","foi_fairiscoreVersions":{"v1":1,"v2":1},"foi_files":[{"dc_format":"application/pdf","dc_identifier":"nl.gm1954.2c.2024.2837607-9.doc.1","dc_source":"https://api1.ibabs.eu/publicdownload.aspx?site=Beekdaelen&id=605e73e0-7ab1-4de4-a5c8-1ec7cbb15ea4","dc_title":"Amendement Koll\u00e9e-Rijkx inzake Kadernota 2025 OZB","dc_type":"bijlage","foi_fairiscoreVersions":{"v1":1,"v2":1},"foi_fileName":"Amendement%20Koll%C3%A9e-Rijkx%20inzake%20Kadernota%202025%20OZB.pdf","foi_nrPages":1}],"foi_nrDocuments":1,"foi_nrPagesInDossier":1,"foi_publishedDate":"2024-07-02","foi_retrievedDate":"2025-11-29"},{"dc_creator":"HandelingScraper_v1","dc_date_year":2024,"dc_description":"Vergadering van de Gemeente Beekdaelen op 2024-09-04. Onderdeel: Algemeen.","dc_identifier":"nl.gm1954.2c.2024.2837646-1","dc_publisher":"gm1954","dc_source":"https://beekdaelen.bestuurlijkeinformatie.nl/Agenda/Index/850d92ca-5266-45eb-aab8-a41391ac7ed9","dc_title":"Raadscommissie Bestuur en Middelen 2024-09-04 - Algemeen","dc_type":"2c","dc_type_description":"Vergaderstuk decentrale overheid","foi_fairiscoreVersions":{"v1":1,"v2":1},"foi_files":[{"dc_format":"application/pdf","dc_identifier":"nl.gm1954.2c.2024.2837646-1.doc.6","dc_source":"https://api1.ibabs.eu/publicdownload.aspx?site=Beekdaelen&id=5a60cd47-3c18-419e-8033-1ba43b9c058c","dc_title":"Technische vragen B&M VG B1, Rondvraag, C1 en C2","dc_type":"bijlage","foi_fairiscoreVersions":{"v1":1,"v2":1},"foi_fileName":"Technische%20vragen%20B%26M%20VG%20B1_%20Rondvraag_%20C1%20en%20C2.pdf","foi_nrPages":2},{"dc_format":"application/pdf","dc_identifier":"nl.gm1954.2c.2024.2837646-1.doc.2","dc_source":"https://api1.ibabs.eu/publicdownload.aspx?site=Beekdaelen&id=fdf650b3-445b-421d-a049-e7ab4bea873a","dc_title":"Technische vragen BL B&M C1 en C2","dc_type":"bijlage","foi_fairiscoreVersions":{"v1":1,"v2":1},"foi_fileName":"Technische%20vragen%20BL%20B%26M%20C1%20en%20C2.pdf","foi_nrPages":1},{"dc_format":"application/pdf","dc_identifier":"nl.gm1954.2c.2024.2837646-1.doc.4","dc_source":"https://api1.ibabs.eu/publicdownload.aspx?site=Beekdaelen&id=4cb355fd-acd2-4542-9883-e11a0fc242ea","dc_title":"Technische vragen Koll\u00e9e Rijkx B&M B1, C1 en C2","dc_type":"bijlage","foi_fairiscoreVersions":{"v1":1,"v2":1},"foi_fileName":"Technische%20vragen%20Koll%C3%A9e%20Rijkx%20B%26M%20B1_%20C1%20en%20C2.pdf","foi_nrPages":1},{"dc_format":"application/pdf","dc_identifier":"nl.gm1954.2c.2024.2837646-1.doc.5","dc_source":"https://api1.ibabs.eu/publicdownload.aspx?site=Beekdaelen&id=c85a9479-3f46-4c40-9e4d-b9dec25bcef2","dc_title":"Technische vragen PvdA B&M C1","dc_type":"bijlage","foi_fairiscoreVersions":{"v1":1,"v2":1},"foi_fileName":"Technische%20vragen%20PvdA%20B%26M%20C1.pdf","foi_nrPages":1},{"dc_format":"application/pdf","dc_identifier":"nl.gm1954.2c.2024.2837646-1.doc.1","dc_source":"https://api1.ibabs.eu/publicdownload.aspx?site=Beekdaelen&id=32a2ff77-e394-4581-90bb-33de2ba10149","dc_title":"Technische vragen VG B&M D Rondvraag","dc_type":"bijlage","foi_fairiscoreVersions":{"v1":1,"v2":1},"foi_fileName":"Technische%20vragen%20VG%20B%26M%20D%20Rondvraag.pdf","foi_nrPages":1},{"dc_format":"application/pdf","dc_identifier":"nl.gm1954.2c.2024.2837646-1.doc.3","dc_source":"https://api1.ibabs.eu/publicdownload.aspx?site=Beekdaelen&id=4d13cd22-639b-47d5-aa35-94d6ec919f8b","dc_title":"Technische vragen VVD B&M B1","dc_type":"bijlage","foi_fairiscoreVersions":{"v1":1,"v2":1},"foi_fileName":"Technische%20vragen%20VVD%20B%26M%20B1.pdf","foi_nrPages":1}],"foi_nrDocuments":6,"foi_nrPagesInDossier":7,"foi_publishedDate":"2024-09-04","foi_retrievedDate":"2025-11-29"},{"dc_creator":"HandelingScraper_v1","dc_date_year":2024,"dc_description":"Vergadering van de Gemeente Beekdaelen op 2024-09-04. Onderdeel: Opening, mededelingen voorzitter en vaststellen agenda.","dc_identifier":"nl.gm1954.2c.2024.2837646-2","dc_publisher":"gm1954","dc_source":"https://beekdaelen.bestuurlijkeinformatie.nl/Agenda/Index/850d92ca-5266-45eb-aab8-a41391ac7ed9","dc_title":"Raadscommissie Bestuur en Middelen 2024-09-04 - Opening, mededelingen voorzitter en vaststellen agenda","dc_type":"2c","dc_type_description":"Vergaderstuk decentrale overheid","foi_fairiscoreVersions":{"v1":1,"v2":1},"foi_files":[{"dc_format":"application/octet-stream","dc_identifier":"nl.gm1954.2c.2024.2837646-2.doc.2","dc_source":"https://api1.ibabs.eu/publicdownload.aspx?site=Beekdaelen&id=9e19ce45-971a-410d-9712-2c726c2390a3","dc_title":"A1 tm A3","dc_type":"bijlage","foi_fileName":"A1%20tm%20A3.mp3","foi_nrPages":1},{"dc_format":"application/pdf","dc_identifier":"nl.gm1954.2c.2024.2837646-2.doc.1","dc_source":"https://api1.ibabs.eu/publicdownload.aspx?site=Beekdaelen&id=7863acd8-ece7-47bb-8bbe-9cfc32acf155","dc_title":"Uitnodiging en voorlopige agenda cie. B&M (incl. SLO) 04.09.2024","dc_type":"bijlage","foi_fairiscoreVersions":{"v1":1,"v2":1},"foi_fileName":"Uitnodiging%20en%20voorlopige%20agenda%20cie.%20B%26M%20%28incl.%20SLO%29%2004.09.pdf","foi_nrPages":1}],"foi_nrDocuments":2,"foi_nrPagesInDossier":2,"foi_publishedDate":"2024-09-04","foi_retrievedDate":"2025-11-29"},{"dc_creator":"HandelingScraper_v1","dc_date_year":2024,"dc_description":"Vergadering van de Gemeente Beekdaelen op 2024-09-04. Onderdeel: Spreekrecht burgers.","dc_identifier":"nl.gm1954.2c.2024.2837646-3","dc_publisher":"gm1954","dc_source":"https://beekdaelen.bestuurlijkeinformatie.nl/Agenda/Index/850d92ca-5266-45eb-aab8-a41391ac7ed9","dc_title":"Raadscommissie Bestuur en Middelen 2024-09-04 - Spreekrecht burgers","dc_type":"2c","dc_type_description":"Vergaderstuk decentrale overheid","foi_fairiscoreVersions":{"v1":null,"v2":null},"foi_files":[{"dc_format":"application/octet-stream","dc_identifier":"nl.gm1954.2c.2024.2837646-3.doc.1","dc_source":"https://api1.ibabs.eu/publicdownload.aspx?site=Beekdaelen&id=6d2746f5-fa7f-4a78-a132-23cbf7e562fe","dc_title":"A1 tm A3","dc_type":"bijlage","foi_fileName":"A1%20tm%20A3.mp3","foi_nrPages":1}],"foi_nrDocuments":1,"foi_nrPagesInDossier":1,"foi_publishedDate":"2024-09-04","foi_retrievedDate":"2025-11-29"},{"dc_creator":"HandelingScraper_v1","dc_date_year":2024,"dc_description":"Vergadering van de Gemeente Beekdaelen op 2024-09-04. Onderdeel: Vaststellen actiepuntenlijst van de raadscommissie Sociale Leefomgeving d.d. 28 mei 2024.","dc_identifier":"nl.gm1954.2c.2024.2837646-4","dc_publisher":"gm1954","dc_source":"https://beekdaelen.bestuurlijkeinformatie.nl/Agenda/Index/850d92ca-5266-45eb-aab8-a41391ac7ed9","dc_title":"Raadscommissie Bestuur en Middelen 2024-09-04 - Vaststellen actiepuntenlijst van de raadscommissie Sociale Leefomgeving d.d. 28 mei 2024","dc_type":"2c","dc_type_description":"Vergaderstuk decentrale overheid","foi_fairiscoreVersions":{"v1":1,"v2":1},"foi_files":[{"dc_format":"application/octet-stream","dc_identifier":"nl.gm1954.2c.2024.2837646-4.doc.2","dc_source":"https://api1.ibabs.eu/publicdownload.aspx?site=Beekdaelen&id=5a528cae-cdf2-4420-9db9-403f73d64e53","dc_title":"A1 tm A3","dc_type":"bijlage","foi_fileName":"A1%20tm%20A3.mp3","foi_nrPages":1},{"dc_format":"application/pdf","dc_identifier":"nl.gm1954.2c.2024.2837646-4.doc.1","dc_source":"https://api1.ibabs.eu/publicdownload.aspx?site=Beekdaelen&id=2c9a5afd-c268-42b6-af10-c7d41f5c9c2b","dc_title":"Actiepuntenlijst 28 mei 2024","dc_type":"bijlage","foi_fairiscoreVersions":{"v1":1,"v2":1},"foi_fileName":"Actiepuntenlijst%20%28kopie%20uit%20Decos%29.pdf","foi_nrPages":7}],"foi_nrDocuments":2,"foi_nrPagesInDossier":8,"foi_publishedDate":"2024-09-04","foi_retrievedDate":"2025-11-29"},{"dc_creator":"HandelingScraper_v1","dc_date_year":2024,"dc_description":"Vergadering van de Gemeente Beekdaelen op 2024-09-04. Onderdeel: Vaststellen actiepuntenlijst van de raadscommissie Bestuur en Middelen d.d. 19 juni 2024.","dc_identifier":"nl.gm1954.2c.2024.2837646-5","dc_publisher":"gm1954","dc_source":"https://beekdaelen.bestuurlijkeinformatie.nl/Agenda/Index/850d92ca-5266-45eb-aab8-a41391ac7ed9","dc_title":"Raadscommissie Bestuur en Middelen 2024-09-04 - Vaststellen actiepuntenlijst van de raadscommissie Bestuur en Middelen d.d. 19 juni 2024","dc_type":"2c","dc_type_description":"Vergaderstuk decentrale overheid","foi_fairiscoreVersions":{"v1":1,"v2":1},"foi_files":[{"dc_format":"application/octet-stream","dc_identifier":"nl.gm1954.2c.2024.2837646-5.doc.2","dc_source":"https://api1.ibabs.eu/publicdownload.aspx?site=Beekdaelen&id=ebf7a2b5-7863-4f7e-8cbb-9f3f05dca526","dc_title":"A1 tm A3","dc_type":"bijlage","foi_fileName":"A1%20tm%20A3.mp3"},{"dc_format":"application/pdf","dc_identifier":"nl.gm1954.2c.2024.2837646-5.doc.1","dc_source":"https://api1.ibabs.eu/publicdownload.aspx?site=Beekdaelen&id=34e6ea54-3c91-4ed3-81cb-002e5a4ecf82","dc_title":"Actiepuntenlijst 19 juni 2024","dc_type":"bijlage","foi_fairiscoreVersions":{"v1":1,"v2":1},"foi_fileName":"Actiepuntenlijst%2019062024.pdf","foi_nrPages":5}],"foi_nrDocuments":2,"foi_nrPagesInDossier":5,"foi_publishedDate":"2024-09-04","foi_retrievedDate":"2025-12-03"},{"dc_creator":"HandelingScraper_v1","dc_date_year":2024,"dc_description":"Vergadering van de Gemeente Beekdaelen op 2024-09-04. Onderdeel: Voorstel inzake: \u201cInitiatiefvoorstel VVD inzake Lokale Inclusie Agenda (LIA)\".","dc_identifier":"nl.gm1954.2c.2024.2837646-6","dc_publisher":"gm1954","dc_source":"https://beekdaelen.bestuurlijkeinformatie.nl/Agenda/Index/850d92ca-5266-45eb-aab8-a41391ac7ed9","dc_title":"Raadscommissie Bestuur en Middelen 2024-09-04 - Voorstel inzake: \u201cInitiatiefvoorstel VVD inzake Lokale Inclusie Agenda (LIA)\"","dc_type":"2c","dc_type_description":"Vergaderstuk decentrale overheid","foi_fairiscoreVersions":{"v1":2,"v2":2},"foi_files":[{"dc_format":"application/octet-stream","dc_identifier":"nl.gm1954.2c.2024.2837646-6.doc.7","dc_source":"https://api1.ibabs.eu/publicdownload.aspx?site=Beekdaelen&id=2afeb72e-bee1-4b4e-bffe-86e64aa6273a","dc_title":"B1 1e termijn","dc_type":"bijlage","foi_fileName":"B1%201e%20termijn.mp3","foi_nrPages":1},{"dc_format":"application/octet-stream","dc_identifier":"nl.gm1954.2c.2024.2837646-6.doc.8","dc_source":"https://api1.ibabs.eu/publicdownload.aspx?site=Beekdaelen&id=df97900c-24f5-4c57-b6af-6fc1a8d89f57","dc_title":"B1 beantwoording 1e termijn \u00e9n 2e termijn","dc_type":"bijlage","foi_fileName":"B1%20beantwoording%201e%20termijn%20%C3%A9n%202e%20termijn.mp3","foi_nrPages":1},{"dc_format":"application/octet-stream","dc_identifier":"nl.gm1954.2c.2024.2837646-6.doc.9","dc_source":"https://api1.ibabs.eu/publicdownload.aspx?site=Beekdaelen&id=a397671e-482c-4574-afaf-650eb382c255","dc_title":"B1 beantwoording 2e termijn","dc_type":"bijlage","foi_fileName":"B1%20beantwoording%202e%20termijn.mp3","foi_nrPages":1},{"dc_format":"application/octet-stream","dc_identifier":"nl.gm1954.2c.2024.2837646-6.doc.10","dc_source":"https://api1.ibabs.eu/publicdownload.aspx?site=Beekdaelen&id=653b2b68-6f6e-4ee4-aba5-f3665ee017df","dc_title":"B1 eindconclusie","dc_type":"bijlage","foi_fileName":"B1%20eindconclusie.mp3","foi_nrPages":1},{"dc_format":"application/pdf","dc_identifier":"nl.gm1954.2c.2024.2837646-6.doc.1","dc_source":"https://api1.ibabs.eu/publicdownload.aspx?site=Beekdaelen&id=762b7604-5737-4fca-96d5-e592ff0f8765","dc_title":"Initiatiefvoorstel VVD inzake Lokale Inclusie Agenda (LIA)","dc_type":"bijlage","foi_fairiscoreVersions":{"v1":1,"v2":1},"foi_fileName":"Initiatiefvoorstel%20VVD%20inzake%20Lokale%20Inclusie%20Agenda.pdf","foi_nrPages":4},{"dc_format":"application/pdf","dc_identifier":"nl.gm1954.2c.2024.2837646-6.doc.11","dc_source":"https://api1.ibabs.eu/publicdownload.aspx?site=Beekdaelen&id=67e6b596-d1f1-4a60-9e08-ea6c29f40785","dc_title":"LIA (RIB Landgraaf)","dc_type":"bijlage","foi_fairiscoreVersions":{"v1":2,"v2":2},"foi_fileName":"LIA%20%28RIB%20Landgraaf%29.pdf","foi_nrPages":2},{"dc_format":"application/pdf","dc_identifier":"nl.gm1954.2c.2024.2837646-6.doc.5","dc_source":"https://api1.ibabs.eu/publicdownload.aspx?site=Beekdaelen&id=43f5c212-f924-4598-901e-e6df3d706c88","dc_title":"MvA vragen Koll\u00e9e Rijkx B&M B1","dc_type":"bijlage","foi_fairiscoreVersions":{"v1":1,"v2":1},"foi_fileName":"MvA%20vragen%20Koll%C3%A9e%20Rijkx%20B%26M%20B1.pdf","foi_nrPages":1},{"dc_format":"application/pdf","dc_identifier":"nl.gm1954.2c.2024.2837646-6.doc.3","dc_source":"https://api1.ibabs.eu/publicdownload.aspx?site=Beekdaelen&id=2a4edd34-ba1c-488d-a014-0428cc8b21df","dc_title":"MvA vragen VG B&M B1 (vragen aan VVD)","dc_type":"bijlage","foi_fairiscoreVersions":{"v1":1,"v2":1},"foi_fileName":"MvA%20vragen%20VG%20B%26M%20B1.pdf","foi_nrPages":2},{"dc_format":"application/pdf","dc_identifier":"nl.gm1954.2c.2024.2837646-6.doc.4","dc_source":"https://api1.ibabs.eu/publicdownload.aspx?site=Beekdaelen&id=50a6adbf-e0c0-48b7-9618-ec121cd94dac","dc_title":"MvA vragen VG B&M B1 1 (vragen aan college)","dc_type":"bijlage","foi_fairiscoreVersions":{"v1":1,"v2":1},"foi_fileName":"MvA%20vragen%20VG%20B%26M%20B1%201.pdf","foi_nrPages":2},{"dc_format":"application/pdf","dc_identifier":"nl.gm1954.2c.2024.2837646-6.doc.6","dc_source":"https://api1.ibabs.eu/publicdownload.aspx?site=Beekdaelen&id=be9bdedb-a33c-415d-b389-6fdb635f4437","dc_title":"MvA vragen VVD B&M B1","dc_type":"bijlage","foi_fairiscoreVersions":{"v1":1,"v2":1},"foi_fileName":"MvA%20vragen%20VVD%20B%26M%20B1.pdf","foi_nrPages":2},{"dc_format":"application/pdf","dc_identifier":"nl.gm1954.2c.2024.2837646-6.doc.2","dc_source":"https://api1.ibabs.eu/publicdownload.aspx?site=Beekdaelen&id=7ecd5ef4-2193-404e-a417-1b0946a74c03","dc_title":"Wensen & Bedenkingen m.b.t. initiatiefvoorstel Lokale Inclusie Agenda VVD","dc_type":"bijlage","foi_fairiscoreVersions":{"v1":1,"v2":1},"foi_fileName":"Wensen%20%26%20Bedenkingen%20m.b.t.pdf","foi_nrPages":2}],"foi_nrDocuments":11,"foi_nrPagesInDossier":19,"foi_publishedDate":"2024-09-04","foi_retrievedDate":"2025-11-29"},{"dc_creator":"HandelingScraper_v1","dc_date_year":2024,"dc_description":"Vergadering van de Gemeente Beekdaelen op 2024-09-04. Onderdeel: Voorstel inzake: \"Toestemming aangaan Gemeenschappelijke Regeling  Solido / zienswijze kadernota en begroting 2025\".","dc_identifier":"nl.gm1954.2c.2024.2837646-7","dc_publisher":"gm1954","dc_source":"https://beekdaelen.bestuurlijkeinformatie.nl/Agenda/Index/850d92ca-5266-45eb-aab8-a41391ac7ed9","dc_title":"Raadscommissie Bestuur en Middelen 2024-09-04 - Voorstel inzake: \"Toestemming aangaan Gemeenschappelijke Regeling  Solido / zienswijze kadernota en begroting 2025\"","dc_type":"2c","dc_type_description":"Vergaderstuk decentrale overheid","foi_fairiscoreVersions":{"v1":2,"v2":1},"foi_files":[{"dc_format":"application/pdf","dc_identifier":"nl.gm1954.2c.2024.2837646-7.doc.1","dc_source":"https://api1.ibabs.eu/publicdownload.aspx?site=Beekdaelen&id=38be6f4f-b3a2-4ea6-b668-ff3ebf28f3b1","dc_title":"Raadsvoorstel \"Toestemming aangaan Gemeenschappelijke Regeling  Solido / zienswijze kadernota en begroting 2025\"","dc_type":"bijlage","foi_fairiscoreVersions":{"v1":1,"v2":1},"foi_fileName":"BDN%20Raadsvoorstel%20-%20Instemmen%20verdere%20verzelfstandiging%20Parkstad-IT.pdf","foi_nrPages":4},{"dc_format":"application/pdf","dc_identifier":"nl.gm1954.2c.2024.2837646-7.doc.5","dc_source":"https://api1.ibabs.eu/publicdownload.aspx?site=Beekdaelen&id=db672137-a247-46cb-b7de-5c0709ed68dd","dc_title":"Bijlage B2: Begroting 2025","dc_type":"bijlage","foi_fairiscoreVersions":{"v1":2,"v2":1},"foi_fileName":"Begroting%202025.pdf","foi_nrPages":19},{"dc_format":"application/octet-stream","dc_identifier":"nl.gm1954.2c.2024.2837646-7.doc.10","dc_source":"https://api1.ibabs.eu/publicdownload.aspx?site=Beekdaelen&id=d2444c41-4a4b-47a3-9199-b4e4cefe8676","dc_title":"C1 1e termijn","dc_type":"bijlage","foi_fileName":"C1%201e%20termijn.mp3","foi_nrPages":1},{"dc_format":"application/octet-stream","dc_identifier":"nl.gm1954.2c.2024.2837646-7.doc.12","dc_source":"https://api1.ibabs.eu/publicdownload.aspx?site=Beekdaelen&id=c64fafd7-a313-4b6c-8d1d-53dba7816460","dc_title":"C1 2e termijn","dc_type":"bijlage","foi_fileName":"C1%202e%20termijn.mp3","foi_nrPages":1},{"dc_format":"application/octet-stream","dc_identifier":"nl.gm1954.2c.2024.2837646-7.doc.14","dc_source":"https://api1.ibabs.eu/publicdownload.aspx?site=Beekdaelen&id=5b6d2475-49d9-403d-aba2-b93efd5bb0b3","dc_title":"C1 advies commissie","dc_type":"bijlage","foi_fileName":"C1%20advies%20commissie.mp3","foi_nrPages":1},{"dc_format":"application/octet-stream","dc_identifier":"nl.gm1954.2c.2024.2837646-7.doc.11","dc_source":"https://api1.ibabs.eu/publicdownload.aspx?site=Beekdaelen&id=5ae7262a-d535-4bfd-99d3-b74d6b2b7388","dc_title":"C1 beantwoording 1e termijn","dc_type":"bijlage","foi_fileName":"C1%20beantwoording%201e%20termijn.mp3","foi_nrPages":1},{"dc_format":"application/octet-stream","dc_identifier":"nl.gm1954.2c.2024.2837646-7.doc.13","dc_source":"https://api1.ibabs.eu/publicdownload.aspx?site=Beekdaelen&id=964b9f16-cd03-46e6-b478-0b9de019fdbc","dc_title":"C1 beantwoording 2e termijn","dc_type":"bijlage","foi_fileName":"C1%20beantwoording%202e%20termijn.mp3","foi_nrPages":1},{"dc_format":"application/pdf","dc_identifier":"nl.gm1954.2c.2024.2837646-7.doc.3","dc_source":"https://api1.ibabs.eu/publicdownload.aspx?site=Beekdaelen&id=aa799ba5-b9a2-4a83-a8d4-c4b196c8aa58","dc_title":"Bijlage A:  Ontwerp Gemeenschappelijke regeling Parkstad-IT (4-jan-2023)","dc_type":"bijlage","foi_fairiscoreVersions":{"v1":1,"v2":1},"foi_fileName":"GR%20Solido%20-%20ontwerpt%20tbv%20instelling.pdf","foi_nrPages":14},{"dc_format":"application/pdf","dc_identifier":"nl.gm1954.2c.2024.2837646-7.doc.4","dc_source":"https://api1.ibabs.eu/publicdownload.aspx?site=Beekdaelen&id=8c120a9e-7bae-40e8-a346-c27db97f39d5","dc_title":"Bijlage B1: Kadernota 2025","dc_type":"bijlage","foi_fairiscoreVersions":{"v1":2,"v2":1},"foi_fileName":"Kadernota%202025.pdf","foi_nrPages":24},{"dc_format":"application/pdf","dc_identifier":"nl.gm1954.2c.2024.2837646-7.doc.9","dc_source":"https://api1.ibabs.eu/publicdownload.aspx?site=Beekdaelen&id=74dafb52-db7c-45cb-a4cc-48e5a61c3e59","dc_title":"MvA vragen BL B&M C1","dc_type":"bijlage","foi_fairiscoreVersions":{"v1":2,"v2":1},"foi_fileName":"MvA%20vragen%20BL%20B%26M%20C1.pdf","foi_nrPages":4},{"dc_format":"application/pdf","dc_identifier":"nl.gm1954.2c.2024.2837646-7.doc.8","dc_source":"https://api1.ibabs.eu/publicdownload.aspx?site=Beekdaelen&id=854f3c73-2f5c-409e-9f03-5f8a26641f14","dc_title":"MvA vragen Koll\u00e9e Rijkx B&M C1","dc_type":"bijlage","foi_fairiscoreVersions":{"v1":1,"v2":1},"foi_fileName":"MvA%20vragen%20Koll%C3%A9e%20Rijkx%20B%26M%20C1.pdf","foi_nrPages":1},{"dc_format":"application/pdf","dc_identifier":"nl.gm1954.2c.2024.2837646-7.doc.7","dc_source":"https://api1.ibabs.eu/publicdownload.aspx?site=Beekdaelen&id=ffd228de-d92b-455e-8fe1-7a2ef3d753f6","dc_title":"MvA vragen PvdA B&M C1","dc_type":"bijlage","foi_fairiscoreVersions":{"v1":1,"v2":1},"foi_fileName":"MvA%20vragen%20PvdA%20B%26M%20C1.pdf","foi_nrPages":2},{"dc_format":"application/pdf","dc_identifier":"nl.gm1954.2c.2024.2837646-7.doc.6","dc_source":"https://api1.ibabs.eu/publicdownload.aspx?site=Beekdaelen&id=1362e49b-79b1-433c-9dab-59768275ff3f","dc_title":"MvA vragen VG B&M C1","dc_type":"bijlage","foi_fairiscoreVersions":{"v1":1,"v2":1},"foi_fileName":"MvA%20vragen%20VG%20B%26M%20C1.pdf","foi_nrPages":1},{"dc_format":"application/pdf","dc_identifier":"nl.gm1954.2c.2024.2837646-7.doc.2","dc_source":"https://api1.ibabs.eu/publicdownload.aspx?site=Beekdaelen&id=611e60db-f954-41b0-ade4-4ec5ea312e11","dc_title":"Raadsbesluit Toestemming aangaan Gemeenschappelijke Regeling Solido - zienswijze kadernota en begroting 2025","dc_type":"bijlage","foi_fairiscoreVersions":{"v1":1,"v2":1},"foi_fileName":"Raadsbesluit%20Toestemming%20aangaan%20Gemeenschappelijke%20Regeling%20Solido%20-%20zienswijze%20kadernota%20en%20begroting%202025%20.pdf","foi_nrPages":1}],"foi_nrDocuments":14,"foi_nrPagesInDossier":75,"foi_publishedDate":"2024-09-04","foi_retrievedDate":"2025-11-29"},{"dc_creator":"HandelingScraper_v1","dc_date_year":2024,"dc_description":"Vergadering van de Gemeente Beekdaelen op 2024-09-04. Onderdeel: Voorstel inzake: \"Actualisatie strategische visie Beekdaelen Leven en werken in het landschap\".","dc_identifier":"nl.gm1954.2c.2024.2837646-8","dc_publisher":"gm1954","dc_source":"https://beekdaelen.bestuurlijkeinformatie.nl/Agenda/Index/850d92ca-5266-45eb-aab8-a41391ac7ed9","dc_title":"Raadscommissie Bestuur en Middelen 2024-09-04 - Voorstel inzake: \"Actualisatie strategische visie Beekdaelen Leven en werken in het landschap\"","dc_type":"2c","dc_type_description":"Vergaderstuk decentrale overheid","foi_fairiscoreVersions":{"v1":2,"v2":1},"foi_files":[{"dc_format":"application/octet-stream","dc_identifier":"nl.gm1954.2c.2024.2837646-8.doc.7","dc_source":"https://api1.ibabs.eu/publicdownload.aspx?site=Beekdaelen&id=84e037da-764e-4f63-82a7-3c40dec898b2","dc_title":"C2 1e termijn","dc_type":"bijlage","foi_fileName":"C2%201e%20termijn.mp3","foi_nrPages":1},{"dc_format":"application/octet-stream","dc_identifier":"nl.gm1954.2c.2024.2837646-8.doc.10","dc_source":"https://api1.ibabs.eu/publicdownload.aspx?site=Beekdaelen&id=1fd242e7-cc0e-4a54-84fd-e4068ff04a88","dc_title":"C2 2e termijn","dc_type":"bijlage","foi_fileName":"C2%202e%20termijn.mp3","foi_nrPages":1},{"dc_format":"application/octet-stream","dc_identifier":"nl.gm1954.2c.2024.2837646-8.doc.12","dc_source":"https://api1.ibabs.eu/publicdownload.aspx?site=Beekdaelen&id=ae61a911-d0b4-44c4-896c-fbebea15dede","dc_title":"C2 advies commissie","dc_type":"bijlage","foi_fileName":"C2%20advies%20commissie.mp3","foi_nrPages":1},{"dc_format":"application/octet-stream","dc_identifier":"nl.gm1954.2c.2024.2837646-8.doc.8","dc_source":"https://api1.ibabs.eu/publicdownload.aspx?site=Beekdaelen&id=4cae10b6-55dc-49ed-a1f8-adf4fdd88e0a","dc_title":"C2 beantwoording 1e termijn I","dc_type":"bijlage","foi_fileName":"C2%20beantwoording%201e%20termijn%20I.mp3","foi_nrPages":1},{"dc_format":"application/octet-stream","dc_identifier":"nl.gm1954.2c.2024.2837646-8.doc.9","dc_source":"https://api1.ibabs.eu/publicdownload.aspx?site=Beekdaelen&id=3de6ff0a-7531-457b-86b6-abd93acdc506","dc_title":"C2 beantwoording 1e termijn II","dc_type":"bijlage","foi_fileName":"C2%20beantwoording%201e%20termijn%20II.mp3","foi_nrPages":1},{"dc_format":"application/octet-stream","dc_identifier":"nl.gm1954.2c.2024.2837646-8.doc.11","dc_source":"https://api1.ibabs.eu/publicdownload.aspx?site=Beekdaelen&id=404d185b-727d-4b4a-832f-a8f8468fb682","dc_title":"C2 beantwoording 2e termijn","dc_type":"bijlage","foi_fileName":"C2%20beantwoording%202e%20termijn.mp3","foi_nrPages":1},{"dc_format":"application/pdf","dc_identifier":"nl.gm1954.2c.2024.2837646-8.doc.4","dc_source":"https://api1.ibabs.eu/publicdownload.aspx?site=Beekdaelen&id=0e4fdb6c-d6d2-4aff-b003-fd226d8324f5","dc_title":"MvA vragen BL B&M C2","dc_type":"bijlage","foi_fairiscoreVersions":{"v1":2,"v2":1},"foi_fileName":"MvA%20vragen%20BL%20B%26M%20C2.pdf","foi_nrPages":3},{"dc_format":"application/pdf","dc_identifier":"nl.gm1954.2c.2024.2837646-8.doc.5","dc_source":"https://api1.ibabs.eu/publicdownload.aspx?site=Beekdaelen&id=018be215-ce3b-4511-9db9-0ae0c2d16b33","dc_title":"MvA vragen Koll\u00e9e Rijkx B&M C2","dc_type":"bijlage","foi_fairiscoreVersions":{"v1":1,"v2":1},"foi_fileName":"MvA%20vragen%20Koll%C3%A9e%20Rijkx%20B%26M%20C2.pdf","foi_nrPages":3},{"dc_format":"application/pdf","dc_identifier":"nl.gm1954.2c.2024.2837646-8.doc.6","dc_source":"https://api1.ibabs.eu/publicdownload.aspx?site=Beekdaelen&id=a38f645b-141b-40c0-81fb-510753402fb5","dc_title":"MvA vragen VG B&M C2","dc_type":"bijlage","foi_fairiscoreVersions":{"v1":1,"v2":1},"foi_fileName":"MvA%20vragen%20VG%20B%26M%20C2.pdf","foi_nrPages":4},{"dc_format":"application/pdf","dc_identifier":"nl.gm1954.2c.2024.2837646-8.doc.1","dc_source":"https://api1.ibabs.eu/publicdownload.aspx?site=Beekdaelen&id=ae8be89e-8566-4c7d-8704-ce66ed190be8","dc_title":"Raadsvoorstel actualisatie strategische visie Beekdaelen 'leven en werken in het landschap'.","dc_type":"bijlage","foi_fairiscoreVersions":{"v1":1,"v2":1},"foi_fileName":"Z%2F23%2F190605%20-%20366582%20-%20Raadsvoorstel%20actualisatie%20strategische%20visie%20Beekdaelen%20%27leven%20en%20werken%20in%20het%20landschap%27.pdf","foi_nrPages":5},{"dc_format":"application/pdf","dc_identifier":"nl.gm1954.2c.2024.2837646-8.doc.2","dc_source":"https://api1.ibabs.eu/publicdownload.aspx?site=Beekdaelen&id=b1c4a391-be55-45a5-9f06-cc9bc794c1bc","dc_title":"Bijlage 1: Raadsbesluit 'instemming actualisatie strategische visie Beekdaelen'","dc_type":"bijlage","foi_fairiscoreVersions":{"v1":1,"v2":1},"foi_fileName":"Z%2F23%2F190605%20-%20366584%20-%20Raadsbesluit%20%27instemming%20actualisatie%20strategische%20visie%20Beekdaelen%27.pdf","foi_nrPages":1},{"dc_format":"application/pdf","dc_identifier":"nl.gm1954.2c.2024.2837646-8.doc.3","dc_source":"https://api1.ibabs.eu/publicdownload.aspx?site=Beekdaelen&id=35978003-ec8d-4dee-8f11-c8342c522699","dc_title":"Bijlage 2: Concept strategische visie","dc_type":"bijlage","foi_fairiscoreVersions":{"v1":2,"v2":1},"foi_fileName":"Z%2F23%2F190605%20-%20371372%20-%20Concept%20strategische%20visie.pdf","foi_nrPages":13}],"foi_nrDocuments":12,"foi_nrPagesInDossier":35,"foi_publishedDate":"2024-09-04","foi_retrievedDate":"2025-11-30"},{"dc_creator":"HandelingScraper_v1","dc_date_year":2024,"dc_description":"Vergadering van de Gemeente Beekdaelen op 2024-09-04. Onderdeel: Rondvraag Bestuur & Middelen en Sociale Leefomgeving.","dc_identifier":"nl.gm1954.2c.2024.2837646-9","dc_publisher":"gm1954","dc_source":"https://beekdaelen.bestuurlijkeinformatie.nl/Agenda/Index/850d92ca-5266-45eb-aab8-a41391ac7ed9","dc_title":"Raadscommissie Bestuur en Middelen 2024-09-04 - Rondvraag Bestuur & Middelen en Sociale Leefomgeving","dc_type":"2c","dc_type_description":"Vergaderstuk decentrale overheid","foi_fairiscoreVersions":{"v1":1,"v2":1},"foi_files":[{"dc_format":"application/octet-stream","dc_identifier":"nl.gm1954.2c.2024.2837646-9.doc.3","dc_source":"https://api1.ibabs.eu/publicdownload.aspx?site=Beekdaelen&id=37b56f22-24e0-4873-8a7c-615dd4b0c44e","dc_title":"D Rondvraag","dc_type":"bijlage","foi_fileName":"D%20Rondvraag.mp3","foi_nrPages":1},{"dc_format":"application/pdf","dc_identifier":"nl.gm1954.2c.2024.2837646-9.doc.2","dc_source":"https://api1.ibabs.eu/publicdownload.aspx?site=Beekdaelen&id=533e8006-c63b-4757-b30a-81ddb8c62089","dc_title":"MvA vragen VG B&M D Rondvraag (inzake Kompas)","dc_type":"bijlage","foi_fairiscoreVersions":{"v1":1,"v2":1},"foi_fileName":"MvA%20vragen%20VG%20B%26M%20D%20Rondvraag.pdf","foi_nrPages":2},{"dc_format":"application/pdf","dc_identifier":"nl.gm1954.2c.2024.2837646-9.doc.1","dc_source":"https://api1.ibabs.eu/publicdownload.aspx?site=Beekdaelen&id=0b00140f-61e5-4569-a6d2-b7d573717dd2","dc_title":"MvA vragen VG B&M D Rondvraag (inzake GR-en)","dc_type":"bijlage","foi_fairiscoreVersions":{"v1":1,"v2":1},"foi_fileName":"MvA%20vragen%20VG%20BM%20D%20Rondvraag.pdf","foi_nrPages":1}],"foi_nrDocuments":3,"foi_nrPagesInDossier":4,"foi_publishedDate":"2024-09-04","foi_retrievedDate":"2025-11-30"},{"dc_creator":"HandelingScraper_v1","dc_date_year":2024,"dc_description":"Vergadering van de Gemeente Beekdaelen op 2024-09-11. Onderdeel: Algemeen.","dc_identifier":"nl.gm1954.2c.2024.2837709-1","dc_publisher":"gm1954","dc_source":"https://beekdaelen.bestuurlijkeinformatie.nl/Agenda/Index/43f93f29-bf36-4903-b2d5-78a52bd2601f","dc_title":"Raadscommissie Fysieke Leefomgeving 2024-09-11 - Algemeen","dc_type":"2c","dc_type_description":"Vergaderstuk decentrale overheid","foi_fairiscoreVersions":{"v1":2,"v2":2},"foi_files":[{"dc_format":"application/pdf","dc_identifier":"nl.gm1954.2c.2024.2837709-1.doc.4","dc_source":"https://api1.ibabs.eu/publicdownload.aspx?site=Beekdaelen&id=5bad0305-e88f-4099-8ea6-aba39647e893","dc_title":"Aanvullende technische vraag BL cie FLO B1","dc_type":"bijlage","foi_fairiscoreVersions":{"v1":1,"v2":1},"foi_fileName":"Aanvullende%20technische%20vraag%20BL%20cie%20FLO%20B1.pdf","foi_nrPages":1},{"dc_format":"application/pdf","dc_identifier":"nl.gm1954.2c.2024.2837709-1.doc.3","dc_source":"https://api1.ibabs.eu/publicdownload.aspx?site=Beekdaelen&id=6c88de44-0b29-4a1b-b83a-7a473c04b5a8","dc_title":"Technische vragen BL FLO B1 B2 en B4","dc_type":"bijlage","foi_fairiscoreVersions":{"v1":5,"v2":5},"foi_fileName":"Technische%20vragen%20BL%20FLO%20B1%20B2%20en%20B4.pdf","foi_nrPages":3},{"dc_format":"application/pdf","dc_identifier":"nl.gm1954.2c.2024.2837709-1.doc.2","dc_source":"https://api1.ibabs.eu/publicdownload.aspx?site=Beekdaelen&id=02e8ac7f-d74c-4298-88b1-4d6cbb4c1ee9","dc_title":"Technische vragen Koll\u00e9e RijkxFLO B1 B2 B3 en B4","dc_type":"bijlage","foi_fairiscoreVersions":{"v1":1,"v2":1},"foi_fileName":"Technische%20vragen%20Koll%C3%A9e%20RijkxFLO%20B1%20B2%20B3%20en%20B4.pdf","foi_nrPages":1},{"dc_format":"application/pdf","dc_identifier":"nl.gm1954.2c.2024.2837709-1.doc.5","dc_source":"https://api1.ibabs.eu/publicdownload.aspx?site=Beekdaelen&id=a33e68ea-8a8d-4365-843a-ac0448d6c239","dc_title":"Technische vragen PvdA B1 B3 en Pvda D66 GL Koll\u00e9e voor C Rondvraag","dc_type":"bijlage","foi_fairiscoreVersions":{"v1":1,"v2":1},"foi_fileName":"Technische%20vragen%20PvdA%20B2%20B3%20en%20Pvda%20D66%20GL%20Koll%C3%A9e%20voor%20C%20Rondvraag.pdf","foi_nrPages":2},{"dc_format":"application/pdf","dc_identifier":"nl.gm1954.2c.2024.2837709-1.doc.1","dc_source":"https://api1.ibabs.eu/publicdownload.aspx?site=Beekdaelen&id=cafddd6d-c4d4-4c9a-9c25-4c0fda2eb183","dc_title":"Technische vragen VG FLO B1 B2 en B4","dc_type":"bijlage","foi_fairiscoreVersions":{"v1":1,"v2":1},"foi_fileName":"Technische%20vragen%20VG%20FLO%20B1%20B2%20en%20B4.pdf","foi_nrPages":2}],"foi_nrDocuments":5,"foi_nrPagesInDossier":9,"foi_publishedDate":"2024-09-11","foi_retrievedDate":"2025-11-29"},{"dc_creator":"HandelingScraper_v1","dc_date_year":2024,"dc_description":"Vergadering van de Gemeente Beekdaelen op 2024-09-11. Onderdeel: Opening, mededelingen voorzitter en vaststellen agenda.","dc_identifier":"nl.gm1954.2c.2024.2837709-2","dc_publisher":"gm1954","dc_source":"https://beekdaelen.bestuurlijkeinformatie.nl/Agenda/Index/43f93f29-bf36-4903-b2d5-78a52bd2601f","dc_title":"Raadscommissie Fysieke Leefomgeving 2024-09-11 - Opening, mededelingen voorzitter en vaststellen agenda","dc_type":"2c","dc_type_description":"Vergaderstuk decentrale overheid","foi_fairiscoreVersions":{"v1":1,"v2":1},"foi_files":[{"dc_format":"application/octet-stream","dc_identifier":"nl.gm1954.2c.2024.2837709-2.doc.2","dc_source":"https://api1.ibabs.eu/publicdownload.aspx?site=Beekdaelen&id=bff6de62-07b0-4bcc-94fe-8e76de2861d7","dc_title":"A1 tm A3 en B1 eerste termijn","dc_type":"bijlage","foi_fileName":"A1%20tm%20A3%20en%20B1%20eerste%20termijn.mp3","foi_nrPages":1},{"dc_format":"application/pdf","dc_identifier":"nl.gm1954.2c.2024.2837709-2.doc.1","dc_source":"https://api1.ibabs.eu/publicdownload.aspx?site=Beekdaelen&id=1b063e84-876c-4b32-8842-97b0aaa33bee","dc_title":"Uitnodiging en voorlopige agenda cie. Fysieke Leefomgeving 11.09.2024","dc_type":"bijlage","foi_fairiscoreVersions":{"v1":1,"v2":1},"foi_fileName":"Uitnodiging%20en%20voorlopige%20agenda%20cie.%20Fysieke%20Leefomgeving%2011.09.pdf","foi_nrPages":1}],"foi_nrDocuments":2,"foi_nrPagesInDossier":2,"foi_publishedDate":"2024-09-11","foi_retrievedDate":"2025-11-30"},{"dc_creator":"HandelingScraper_v1","dc_date_year":2024,"dc_description":"Vergadering van de Gemeente Beekdaelen op 2024-09-11. Onderdeel: Spreekrecht burgers.","dc_identifier":"nl.gm1954.2c.2024.2837709-3","dc_publisher":"gm1954","dc_source":"https://beekdaelen.bestuurlijkeinformatie.nl/Agenda/Index/43f93f29-bf36-4903-b2d5-78a52bd2601f","dc_title":"Raadscommissie Fysieke Leefomgeving 2024-09-11 - Spreekrecht burgers","dc_type":"2c","dc_type_description":"Vergaderstuk decentrale overheid","foi_fairiscoreVersions":{"v1":null,"v2":null},"foi_files":[{"dc_format":"application/octet-stream","dc_identifier":"nl.gm1954.2c.2024.2837709-3.doc.1","dc_source":"https://api1.ibabs.eu/publicdownload.aspx?site=Beekdaelen&id=1e743008-8cab-483c-8bdb-ae45cf55a7ec","dc_title":"A1 tm A3 en B1 eerste termijn","dc_type":"bijlage","foi_fileName":"A1%20tm%20A3%20en%20B1%20eerste%20termijn.mp3","foi_nrPages":1}],"foi_nrDocuments":1,"foi_nrPagesInDossier":1,"foi_publishedDate":"2024-09-11","foi_retrievedDate":"2025-11-29"},{"dc_creator":"HandelingScraper_v1","dc_date_year":2024,"dc_description":"Vergadering van de Gemeente Beekdaelen op 2024-09-11. Onderdeel: Vaststellen actiepuntenlijst van de raadscommissie Fysieke Leefomgeving d.d. 30 mei 2024.","dc_identifier":"nl.gm1954.2c.2024.2837709-4","dc_publisher":"gm1954","dc_source":"https://beekdaelen.bestuurlijkeinformatie.nl/Agenda/Index/43f93f29-bf36-4903-b2d5-78a52bd2601f","dc_title":"Raadscommissie Fysieke Leefomgeving 2024-09-11 - Vaststellen actiepuntenlijst van de raadscommissie Fysieke Leefomgeving d.d. 30 mei 2024","dc_type":"2c","dc_type_description":"Vergaderstuk decentrale overheid","foi_fairiscoreVersions":{"v1":1,"v2":1},"foi_files":[{"dc_format":"application/octet-stream","dc_identifier":"nl.gm1954.2c.2024.2837709-4.doc.2","dc_source":"https://api1.ibabs.eu/publicdownload.aspx?site=Beekdaelen&id=17d4b01b-83ef-4096-83ce-8e8ea529c82e","dc_title":"A1 tm A3 en B1 eerste termijn","dc_type":"bijlage","foi_fileName":"A1%20tm%20A3%20en%20B1%20eerste%20termijn.mp3","foi_nrPages":1},{"dc_format":"application/pdf","dc_identifier":"nl.gm1954.2c.2024.2837709-4.doc.1","dc_source":"https://api1.ibabs.eu/publicdownload.aspx?site=Beekdaelen&id=b9c5dc8c-ee8c-4767-80d1-160f6dc9c11b","dc_title":"Actiepuntenlijst 30 mei 2024","dc_type":"bijlage","foi_fairiscoreVersions":{"v1":1,"v2":1},"foi_fileName":"Actiepuntenlijst%20%28kopie%20uit%20Decos%29.pdf","foi_nrPages":6}],"foi_nrDocuments":2,"foi_nrPagesInDossier":7,"foi_publishedDate":"2024-09-11","foi_retrievedDate":"2025-11-30"},{"dc_creator":"HandelingScraper_v1","dc_date_year":2024,"dc_description":"Vergadering van de Gemeente Beekdaelen op 2024-09-11. Onderdeel: Raadsvoorstel inzake: \"Vaststelling bestemmingsplan Hommerter Allee 92 te Amstenrade\".","dc_identifier":"nl.gm1954.2c.2024.2837709-5","dc_publisher":"gm1954","dc_source":"https://beekdaelen.bestuurlijkeinformatie.nl/Agenda/Index/43f93f29-bf36-4903-b2d5-78a52bd2601f","dc_title":"Raadscommissie Fysieke Leefomgeving 2024-09-11 - Raadsvoorstel inzake: \"Vaststelling bestemmingsplan Hommerter Allee 92 te Amstenrade\"","dc_type":"2c","dc_type_description":"Vergaderstuk decentrale overheid","foi_fairiscoreVersions":{"v1":2,"v2":2},"foi_files":[{"dc_format":"application/octet-stream","dc_identifier":"nl.gm1954.2c.2024.2837709-5.doc.14","dc_source":"https://api1.ibabs.eu/publicdownload.aspx?site=Beekdaelen&id=79b867e3-4403-472e-8773-62200a49e121","dc_title":"A1 tm A3 en B1 eerste termijn","dc_type":"bijlage","foi_fileName":"A1%20tm%20A3%20en%20B1%20eerste%20termijn.mp3","foi_nrPages":1},{"dc_format":"application/octet-stream","dc_identifier":"nl.gm1954.2c.2024.2837709-5.doc.18","dc_source":"https://api1.ibabs.eu/publicdownload.aspx?site=Beekdaelen&id=c464fca0-84de-4f82-87c2-029e97e4046a","dc_title":"B1 advies commissie","dc_type":"bijlage","foi_fileName":"B1%20advies%20commissie.mp3","foi_nrPages":1},{"dc_format":"application/octet-stream","dc_identifier":"nl.gm1954.2c.2024.2837709-5.doc.15","dc_source":"https://api1.ibabs.eu/publicdownload.aspx?site=Beekdaelen&id=08b5c1d3-d37e-4c92-8d04-6a579f0d30dd","dc_title":"B1 beantwoording eerste termijn","dc_type":"bijlage","foi_fileName":"B1%20beantwoording%20eerste%20termijn.mp3","foi_nrPages":1},{"dc_format":"application/octet-stream","dc_identifier":"nl.gm1954.2c.2024.2837709-5.doc.17","dc_source":"https://api1.ibabs.eu/publicdownload.aspx?site=Beekdaelen&id=99808c29-aba8-4e15-85b5-e10d8c773841","dc_title":"B1 beantwoording tweede termijn","dc_type":"bijlage","foi_fileName":"B1%20beantwoording%20tweede%20termijn.mp3","foi_nrPages":1},{"dc_format":"application/octet-stream","dc_identifier":"nl.gm1954.2c.2024.2837709-5.doc.16","dc_source":"https://api1.ibabs.eu/publicdownload.aspx?site=Beekdaelen&id=480c8235-8206-477e-ae25-aea77df91dbe","dc_title":"B1 tweede termijn","dc_type":"bijlage","foi_fileName":"B1%20tweede%20termijn.mp3","foi_nrPages":1},{"dc_format":"application/pdf","dc_identifier":"nl.gm1954.2c.2024.2837709-5.doc.2","dc_source":"https://api1.ibabs.eu/publicdownload.aspx?site=Beekdaelen&id=bcf35a60-ea10-4da6-a853-25f8551cb525","dc_title":"Bijlage 1 Toelichting","dc_type":"bijlage","foi_fairiscoreVersions":{"v1":2,"v2":2},"foi_fileName":"Bijlage%201%20Toelichting.pdf","foi_nrPages":48},{"dc_format":"application/pdf","dc_identifier":"nl.gm1954.2c.2024.2837709-5.doc.3","dc_source":"https://api1.ibabs.eu/publicdownload.aspx?site=Beekdaelen&id=847833a4-bb2a-4c89-a284-70f9fa4836f2","dc_title":"Bijlage 2: Regels","dc_type":"bijlage","foi_fairiscoreVersions":{"v1":2,"v2":2},"foi_fileName":"Bijlage%203%20Regels.pdf","foi_nrPages":44},{"dc_format":"application/pdf","dc_identifier":"nl.gm1954.2c.2024.2837709-5.doc.5","dc_source":"https://api1.ibabs.eu/publicdownload.aspx?site=Beekdaelen&id=1a4993d1-4224-4573-bc0a-a3220f962eaf","dc_title":"Bijlage 4_ Besluit principeverzoek (geanonimiseerd)","dc_type":"bijlage","foi_fairiscoreVersions":{"v1":2,"v2":2},"foi_fileName":"Bijlage%204_%20Besluit%20principeverzoek%20%28geanonimiseerd%29.pdf","foi_nrPages":4},{"dc_format":"application/pdf","dc_identifier":"nl.gm1954.2c.2024.2837709-5.doc.4","dc_source":"https://api1.ibabs.eu/publicdownload.aspx?site=Beekdaelen&id=67d63d35-2d8a-4760-94fb-e60f3a7518c4","dc_title":"Bijlage 3: Verbeelding","dc_type":"bijlage","foi_fairiscoreVersions":{"v1":1,"v2":1},"foi_fileName":"Bijlage%204%20Verbeelding.pdf","foi_nrPages":1},{"dc_format":"application/pdf","dc_identifier":"nl.gm1954.2c.2024.2837709-5.doc.6","dc_source":"https://api1.ibabs.eu/publicdownload.aspx?site=Beekdaelen&id=6837322e-d2a3-418f-99f6-c60c01a1ec7b","dc_title":"Bijlage 5- Anterieure overeenkomst 'Ruim baan voor goede woningbouwplannen' (geanonimiseerd)","dc_type":"bijlage","foi_fairiscoreVersions":{"v1":2,"v2":2},"foi_fileName":"Bijlage%205-%20Anterieure%20overeenkomst%20%27Ruim%20baan%20voor%20goede%20woningbouwplannen%27%20%28geanonimiseerd%29.pdf","foi_nrPages":4},{"dc_format":"application/pdf","dc_identifier":"nl.gm1954.2c.2024.2837709-5.doc.7","dc_source":"https://api1.ibabs.eu/publicdownload.aspx?site=Beekdaelen&id=25723162-cb71-49eb-9743-3422130d10a5","dc_title":"Bijlage 6 Raadsbesluit","dc_type":"bijlage","foi_fairiscoreVersions":{"v1":1,"v2":1},"foi_fileName":"Bijlage%206%20Raadsbesluit.pdf","foi_nrPages":1},{"dc_format":"application/pdf","dc_identifier":"nl.gm1954.2c.2024.2837709-5.doc.8","dc_source":"https://api1.ibabs.eu/publicdownload.aspx?site=Beekdaelen&id=30555cab-6ccb-4e4e-a820-8e9e82bef85c","dc_title":"Bijlage 7 Planschadeovereenkomst Hommerter Allee 92 (getekend) (geanonimiseerd)","dc_type":"bijlage","foi_fairiscoreVersions":{"v1":2,"v2":2},"foi_fileName":"Bijlage%207%20Planschadeovereenkomst%20Hommerter%20Allee%2092%20%28getekend%29%20%28geanonimiseerd%29.pdf","foi_nrPages":2},{"dc_format":"application/pdf","dc_identifier":"nl.gm1954.2c.2024.2837709-5.doc.11","dc_source":"https://api1.ibabs.eu/publicdownload.aspx?site=Beekdaelen&id=bba9b6bc-24e8-4967-9a84-37cd0489919e","dc_title":"MvA technische vragen BL B1","dc_type":"bijlage","foi_fairiscoreVersions":{"v1":1,"v2":1},"foi_fileName":"MvA%20technische%20vragen%20BL%20B1.pdf","foi_nrPages":3},{"dc_format":"application/pdf","dc_identifier":"nl.gm1954.2c.2024.2837709-5.doc.12","dc_source":"https://api1.ibabs.eu/publicdownload.aspx?site=Beekdaelen&id=854bfd07-e97a-45f2-bde1-8482104fed3e","dc_title":"MvA technische vragen BL B1 (aanvullende vraag)","dc_type":"bijlage","foi_fairiscoreVersions":{"v1":1,"v2":1},"foi_fileName":"MvA%20technische%20vragen%20BL%20B1%20%28aanvullende%20vraag%29.pdf","foi_nrPages":1},{"dc_format":"application/pdf","dc_identifier":"nl.gm1954.2c.2024.2837709-5.doc.13","dc_source":"https://api1.ibabs.eu/publicdownload.aspx?site=Beekdaelen&id=501a26ce-ee59-487e-8274-1c8d96335f43","dc_title":"MvA technische vragen Kollee Rijkx B1","dc_type":"bijlage","foi_fairiscoreVersions":{"v1":1,"v2":1},"foi_fileName":"MvA%20technische%20vragen%20Kollee%20Rijkx%20B1.pdf","foi_nrPages":2},{"dc_format":"application/pdf","dc_identifier":"nl.gm1954.2c.2024.2837709-5.doc.9","dc_source":"https://api1.ibabs.eu/publicdownload.aspx?site=Beekdaelen&id=b9d7caab-5273-4641-8ac6-e28c48af822c","dc_title":"MvA technische vragen PvdA B1","dc_type":"bijlage","foi_fairiscoreVersions":{"v1":1,"v2":1},"foi_fileName":"MvA%20technische%20vragen%20PvdA%20B1.pdf","foi_nrPages":1},{"dc_format":"application/pdf","dc_identifier":"nl.gm1954.2c.2024.2837709-5.doc.10","dc_source":"https://api1.ibabs.eu/publicdownload.aspx?site=Beekdaelen&id=bd4d045e-16bf-417a-975b-b5039776480d","dc_title":"MvA technische vragen VG B1","dc_type":"bijlage","foi_fairiscoreVersions":{"v1":1,"v2":1},"foi_fileName":"MvA%20technische%20vragen%20VG%20B1.pdf","foi_nrPages":3},{"dc_format":"application/pdf","dc_identifier":"nl.gm1954.2c.2024.2837709-5.doc.1","dc_source":"https://api1.ibabs.eu/publicdownload.aspx?site=Beekdaelen&id=ddda8823-73d0-4d77-9477-946611dd58ae","dc_title":"Raadsvoorstel Vaststelling bestemmingsplan Hommerter Allee 92 te Amstenrade","dc_type":"bijlage","foi_fairiscoreVersions":{"v1":1,"v2":1},"foi_fileName":"Raadsvoorstel%20Vaststelling%20bestemmingsplan%20Hommerter%20Allee%2092%20te%20Amstenrade.pdf","foi_nrPages":3}],"foi_nrDocuments":18,"foi_nrPagesInDossier":122,"foi_publishedDate":"2024-09-11","foi_retrievedDate":"2025-11-29"},{"dc_creator":"HandelingScraper_v1","dc_date_year":2024,"dc_description":"Vergadering van de Gemeente Beekdaelen op 2024-09-11. Onderdeel: Raadsvoorstel inzake: \"Bouwplan hoek Beekstraat/Pres. Rooseveltstraat te Schinveld\".","dc_identifier":"nl.gm1954.2c.2024.2837709-6","dc_publisher":"gm1954","dc_source":"https://beekdaelen.bestuurlijkeinformatie.nl/Agenda/Index/43f93f29-bf36-4903-b2d5-78a52bd2601f","dc_title":"Raadscommissie Fysieke Leefomgeving 2024-09-11 - Raadsvoorstel inzake: \"Bouwplan hoek Beekstraat/Pres. Rooseveltstraat te Schinveld\"","dc_type":"2c","dc_type_description":"Vergaderstuk decentrale overheid","foi_fairiscoreVersions":{"v1":2,"v2":2},"foi_files":[{"dc_format":"application/octet-stream","dc_identifier":"nl.gm1954.2c.2024.2837709-6.doc.18","dc_source":"https://api1.ibabs.eu/publicdownload.aspx?site=Beekdaelen&id=54a5a591-a34f-4cc1-bec2-e18bf1f861e7","dc_title":"B2 advies commissie","dc_type":"bijlage","foi_fileName":"B2%20advies%20commissie.mp3","foi_nrPages":1},{"dc_format":"application/octet-stream","dc_identifier":"nl.gm1954.2c.2024.2837709-6.doc.14","dc_source":"https://api1.ibabs.eu/publicdownload.aspx?site=Beekdaelen&id=bb7be855-8130-404a-ba28-bc82eeaae9c8","dc_title":"B2 beantwoording eerste termijn","dc_type":"bijlage","foi_fileName":"B2%20beantwoording%20eerste%20termijn.mp3","foi_nrPages":1},{"dc_format":"application/octet-stream","dc_identifier":"nl.gm1954.2c.2024.2837709-6.doc.16","dc_source":"https://api1.ibabs.eu/publicdownload.aspx?site=Beekdaelen&id=e8817d04-c734-44d2-bc10-62c530f429e1","dc_title":"B2 beantwoording tweede termijn I","dc_type":"bijlage","foi_fileName":"B2%20beantwoording%20tweede%20termijn%20I.mp3","foi_nrPages":1},{"dc_format":"application/octet-stream","dc_identifier":"nl.gm1954.2c.2024.2837709-6.doc.17","dc_source":"https://api1.ibabs.eu/publicdownload.aspx?site=Beekdaelen&id=2e4b461e-5657-4423-8ddf-9d747477700c","dc_title":"B2 beantwoording tweede termijn II","dc_type":"bijlage","foi_fileName":"B2%20beantwoording%20tweede%20termijn%20II.mp3","foi_nrPages":1},{"dc_format":"application/octet-stream","dc_identifier":"nl.gm1954.2c.2024.2837709-6.doc.13","dc_source":"https://api1.ibabs.eu/publicdownload.aspx?site=Beekdaelen&id=8ec797ef-99df-4f37-8937-bbce0386b2b1","dc_title":"B2 eerste termijn","dc_type":"bijlage","foi_fileName":"B2%20eerste%20termijn.mp3","foi_nrPages":1},{"dc_format":"application/octet-stream","dc_identifier":"nl.gm1954.2c.2024.2837709-6.doc.15","dc_source":"https://api1.ibabs.eu/publicdownload.aspx?site=Beekdaelen&id=9dd8244d-f8eb-4daf-9ba9-e64003746353","dc_title":"B2 tweede termijn","dc_type":"bijlage","foi_fileName":"B2%20tweede%20termijn.mp3","foi_nrPages":1},{"dc_format":"application/pdf","dc_identifier":"nl.gm1954.2c.2024.2837709-6.doc.11","dc_source":"https://api1.ibabs.eu/publicdownload.aspx?site=Beekdaelen&id=29dd24da-9eab-4aba-91cb-047342e87612","dc_title":"MvA technische vragen BL B2","dc_type":"bijlage","foi_fairiscoreVersions":{"v1":1,"v2":1},"foi_fileName":"MvA%20technische%20vragen%20BL%20B2.pdf","foi_nrPages":2},{"dc_format":"application/pdf","dc_identifier":"nl.gm1954.2c.2024.2837709-6.doc.10","dc_source":"https://api1.ibabs.eu/publicdownload.aspx?site=Beekdaelen&id=d30eb740-a84a-4ffb-aab3-02e77bf9c01b","dc_title":"MvA technische vragen Koll\u00e9e Rijkx B2","dc_type":"bijlage","foi_fairiscoreVersions":{"v1":1,"v2":1},"foi_fileName":"MvA%20technische%20vragen%20Koll%C3%A9e%20Rijkx%20B2.pdf","foi_nrPages":1},{"dc_format":"application/pdf","dc_identifier":"nl.gm1954.2c.2024.2837709-6.doc.12","dc_source":"https://api1.ibabs.eu/publicdownload.aspx?site=Beekdaelen&id=cfbbcc1b-5c0a-4f93-858e-d01beeaa9164","dc_title":"MvA technische vragen VG B2","dc_type":"bijlage","foi_fairiscoreVersions":{"v1":1,"v2":1},"foi_fileName":"MvA%20technische%20vragen%20VG%20B2.pdf","foi_nrPages":2},{"dc_format":"application/pdf","dc_identifier":"nl.gm1954.2c.2024.2837709-6.doc.8","dc_source":"https://api1.ibabs.eu/publicdownload.aspx?site=Beekdaelen&id=e613277e-929e-4cac-bfed-d0862bcc3f86","dc_title":"Bijlage 2: SOK gemeente-Weller geanonimiseerd","dc_type":"bijlage","foi_fairiscoreVersions":{"v1":2,"v2":2},"foi_fileName":"Z%2F24%2F207518%20-%20369722.pdf","foi_nrPages":16},{"dc_format":"application/pdf","dc_identifier":"nl.gm1954.2c.2024.2837709-6.doc.1","dc_source":"https://api1.ibabs.eu/publicdownload.aspx?site=Beekdaelen&id=22158503-1dc7-4676-bda3-8dacf8e4a663","dc_title":"Raadsvoorstel inzake bouwplan hoek Beekstraat/Pres. Rooseveltstraat te Schinveld","dc_type":"bijlage","foi_fairiscoreVersions":{"v1":1,"v2":1},"foi_fileName":"Z%2F24%2F207518%20-%20369725%20-%20Raadsvoorstel%20inzake%20bouwplan%20hoek%20Beekstraat%2FPres.pdf","foi_nrPages":5},{"dc_format":"application/pdf","dc_identifier":"nl.gm1954.2c.2024.2837709-6.doc.9","dc_source":"https://api1.ibabs.eu/publicdownload.aspx?site=Beekdaelen&id=a7a5a561-6e88-44d4-9819-8c8a755081bf","dc_title":"Bijlage 3: Raadsbesluit inzake ontwikkeling hoek Beekstraat/Pres. Rooseveltstraat te Schinveld","dc_type":"bijlage","foi_fairiscoreVersions":{"v1":1,"v2":1},"foi_fileName":"Z%2F24%2F207518%20-%20369735%20-%20Raadsbesluit%20inzake%20ontwikkeling%20hoek%20Beekstraat%2FPres.pdf","foi_nrPages":1},{"dc_format":"application/pdf","dc_identifier":"nl.gm1954.2c.2024.2837709-6.doc.7","dc_source":"https://api1.ibabs.eu/publicdownload.aspx?site=Beekdaelen&id=82055b5a-af07-4708-b3ad-12d416794fcd","dc_title":"Bijlage 1f: Geveltekeningen","dc_type":"bijlage","foi_fairiscoreVersions":{"v1":2,"v2":2},"foi_fileName":"Z%2F24%2F207518%20-%20369750.pdf","foi_nrPages":1},{"dc_format":"application/pdf","dc_identifier":"nl.gm1954.2c.2024.2837709-6.doc.6","dc_source":"https://api1.ibabs.eu/publicdownload.aspx?site=Beekdaelen&id=2d3ebfe0-eadb-4290-a690-9f5391186f7c","dc_title":"Bijlage 1e: Tekening 2e verdieping","dc_type":"bijlage","foi_fairiscoreVersions":{"v1":1,"v2":1},"foi_fileName":"Z%2F24%2F207518%20-%20369750.pdf","foi_nrPages":1},{"dc_format":"application/pdf","dc_identifier":"nl.gm1954.2c.2024.2837709-6.doc.5","dc_source":"https://api1.ibabs.eu/publicdownload.aspx?site=Beekdaelen&id=99ff3474-8b5a-46e6-9499-2e3c91e57c20","dc_title":"Bijlage 1d: Tekening 1e verdieping","dc_type":"bijlage","foi_fairiscoreVersions":{"v1":1,"v2":1},"foi_fileName":"Z%2F24%2F207518%20-%20369750.pdf","foi_nrPages":1},{"dc_format":"application/pdf","dc_identifier":"nl.gm1954.2c.2024.2837709-6.doc.3","dc_source":"https://api1.ibabs.eu/publicdownload.aspx?site=Beekdaelen&id=e7a2ff53-8bf2-4bc7-bff3-4e6979a0ad8c","dc_title":"Bijlage 1b: Situatietekening","dc_type":"bijlage","foi_fairiscoreVersions":{"v1":1,"v2":1},"foi_fileName":"Z%2F24%2F207518%20-%20369750.pdf","foi_nrPages":1},{"dc_format":"application/pdf","dc_identifier":"nl.gm1954.2c.2024.2837709-6.doc.2","dc_source":"https://api1.ibabs.eu/publicdownload.aspx?site=Beekdaelen&id=dfea62f2-3ddd-469b-a8ec-eff1cf16d26c","dc_title":"Bijlage 1a: Ruimtelijke onderbouwing","dc_type":"bijlage","foi_fairiscoreVersions":{"v1":1,"v2":1},"foi_fileName":"Z%2F24%2F207518%20-%20369750.pdf","foi_nrPages":51},{"dc_format":"application/pdf","dc_identifier":"nl.gm1954.2c.2024.2837709-6.doc.4","dc_source":"https://api1.ibabs.eu/publicdownload.aspx?site=Beekdaelen&id=4e9355e4-7b43-465d-80dd-078048a8547b","dc_title":"Bijlage 1c: Tekening begane grond","dc_type":"bijlage","foi_fairiscoreVersions":{"v1":1,"v2":1},"foi_fileName":"Z%2F24%2F207518%20-%20369750%20-.pdf","foi_nrPages":1}],"foi_nrDocuments":18,"foi_nrPagesInDossier":89,"foi_publishedDate":"2024-09-11","foi_retrievedDate":"2025-11-30"},{"dc_creator":"HandelingScraper_v1","dc_date_year":2024,"dc_description":"Vergadering van de Gemeente Beekdaelen op 2024-09-11. Onderdeel: Raadsvoorstel inzake: \"Grond(ruil-)transactie Gijselaar-Altaarstraat\".","dc_identifier":"nl.gm1954.2c.2024.2837709-7","dc_publisher":"gm1954","dc_source":"https://beekdaelen.bestuurlijkeinformatie.nl/Agenda/Index/43f93f29-bf36-4903-b2d5-78a52bd2601f","dc_title":"Raadscommissie Fysieke Leefomgeving 2024-09-11 - Raadsvoorstel inzake: \"Grond(ruil-)transactie Gijselaar-Altaarstraat\"","dc_type":"2c","dc_type_description":"Vergaderstuk decentrale overheid","foi_fairiscoreVersions":{"v1":2,"v2":2},"foi_files":[{"dc_format":"application/octet-stream","dc_identifier":"nl.gm1954.2c.2024.2837709-7.doc.13","dc_source":"https://api1.ibabs.eu/publicdownload.aspx?site=Beekdaelen&id=de299957-c62b-4f27-bd7f-c56ba25ce942","dc_title":"B3 advies commissie","dc_type":"bijlage","foi_fileName":"B3%20advies%20commissie.mp3","foi_nrPages":1},{"dc_format":"application/octet-stream","dc_identifier":"nl.gm1954.2c.2024.2837709-7.doc.10","dc_source":"https://api1.ibabs.eu/publicdownload.aspx?site=Beekdaelen&id=f733b205-b181-437c-be2a-43eb4457225f","dc_title":"B3 beantwoording eerste termijn","dc_type":"bijlage","foi_fileName":"B3%20beantwoording%20eerste%20termijn.mp3","foi_nrPages":1},{"dc_format":"application/octet-stream","dc_identifier":"nl.gm1954.2c.2024.2837709-7.doc.12","dc_source":"https://api1.ibabs.eu/publicdownload.aspx?site=Beekdaelen&id=27f79234-8fd1-490d-9296-8479a318393c","dc_title":"B3 beantwoording tweede termijn","dc_type":"bijlage","foi_fileName":"B3%20beantwoording%20tweede%20termijn.mp3","foi_nrPages":1},{"dc_format":"application/octet-stream","dc_identifier":"nl.gm1954.2c.2024.2837709-7.doc.9","dc_source":"https://api1.ibabs.eu/publicdownload.aspx?site=Beekdaelen&id=f9f95380-ad2b-4b49-a280-af7e9e25b78c","dc_title":"B3 eerste termijn","dc_type":"bijlage","foi_fileName":"B3%20eerste%20termijn.mp3","foi_nrPages":1},{"dc_format":"application/octet-stream","dc_identifier":"nl.gm1954.2c.2024.2837709-7.doc.11","dc_source":"https://api1.ibabs.eu/publicdownload.aspx?site=Beekdaelen&id=bbf9568c-62af-4218-b0fd-0de5e00ea805","dc_title":"B3 tweede termijn","dc_type":"bijlage","foi_fileName":"B3%20tweede%20termijn.mp3","foi_nrPages":1},{"dc_format":"application/pdf","dc_identifier":"nl.gm1954.2c.2024.2837709-7.doc.2","dc_source":"https://api1.ibabs.eu/publicdownload.aspx?site=Beekdaelen&id=49ee65b4-fa2e-4bfd-a676-f486ed5185cf","dc_title":"Bijlage 1- vaststellingsovereenkomst Gijselaar-Altaarstraat (geanonimiseerd)","dc_type":"bijlage","foi_fairiscoreVersions":{"v1":2,"v2":2},"foi_fileName":"Bijlage%201-%20vaststellingsovereenkomst%20Gijselaar-Altaarstraat%20%28geanonimiseerd%29.pdf","foi_nrPages":10},{"dc_format":"application/pdf","dc_identifier":"nl.gm1954.2c.2024.2837709-7.doc.8","dc_source":"https://api1.ibabs.eu/publicdownload.aspx?site=Beekdaelen&id=438735fa-b555-4b3f-991c-f0a1f7863f7d","dc_title":"MvA technische vragen Kollee Rijkx B3","dc_type":"bijlage","foi_fairiscoreVersions":{"v1":1,"v2":1},"foi_fileName":"MvA%20technische%20vragen%20Kollee%20Rijkx%20B3.pdf","foi_nrPages":1},{"dc_format":"application/pdf","dc_identifier":"nl.gm1954.2c.2024.2837709-7.doc.7","dc_source":"https://api1.ibabs.eu/publicdownload.aspx?site=Beekdaelen&id=caca9026-75e3-478a-8d5e-4d20e8f336aa","dc_title":"MvA technische vragen PvdA B3","dc_type":"bijlage","foi_fairiscoreVersions":{"v1":1,"v2":1},"foi_fileName":"MvA%20technische%20vragen%20PvdA%20B3.pdf","foi_nrPages":2},{"dc_format":"application/pdf","dc_identifier":"nl.gm1954.2c.2024.2837709-7.doc.3","dc_source":"https://api1.ibabs.eu/publicdownload.aspx?site=Beekdaelen&id=bd054f2f-ec0d-4ff0-9155-1fb30b000859","dc_title":"Bijlage 2: concept aankooptekening Altaarstraat","dc_type":"bijlage","foi_fairiscoreVersions":{"v1":1,"v2":1},"foi_fileName":"Z%2F24%2F206668%20-%20370537.pdf","foi_nrPages":1},{"dc_format":"application/pdf","dc_identifier":"nl.gm1954.2c.2024.2837709-7.doc.4","dc_source":"https://api1.ibabs.eu/publicdownload.aspx?site=Beekdaelen&id=2219d872-d4c7-4837-b089-6214c1190730","dc_title":"Bijlage 3:  concept verkooptekening Gijselaar","dc_type":"bijlage","foi_fairiscoreVersions":{"v1":3,"v2":3},"foi_fileName":"Z%2F24%2F206668%20-%20370537.pdf","foi_nrPages":3},{"dc_format":"application/pdf","dc_identifier":"nl.gm1954.2c.2024.2837709-7.doc.5","dc_source":"https://api1.ibabs.eu/publicdownload.aspx?site=Beekdaelen&id=3399ac68-beec-451c-a44c-4f6f8f9d1e2c","dc_title":"Bijlage 4:  raadsvoorstel uitvoeringskrediet de Gijselaar fase 2 26-09-2023","dc_type":"bijlage","foi_fairiscoreVersions":{"v1":2,"v2":1},"foi_fileName":"Z%2F24%2F206668%20-%20370537.pdf","foi_nrPages":6},{"dc_format":"application/pdf","dc_identifier":"nl.gm1954.2c.2024.2837709-7.doc.1","dc_source":"https://api1.ibabs.eu/publicdownload.aspx?site=Beekdaelen&id=0924defd-cb0b-4965-bfbc-cfc01dd30da6","dc_title":"Raadsvoorstel inz. Grond(ruil-)transactie Gijselaar-Altaarstraat","dc_type":"bijlage","foi_fairiscoreVersions":{"v1":1,"v2":1},"foi_fileName":"Z%2F24%2F206668%20-%20370538%20-%20Raadsvoorstel%20inz.pdf","foi_nrPages":5},{"dc_format":"application/pdf","dc_identifier":"nl.gm1954.2c.2024.2837709-7.doc.6","dc_source":"https://api1.ibabs.eu/publicdownload.aspx?site=Beekdaelen&id=25b9742e-3fd5-4c5f-8522-abe9a924224c","dc_title":"Bijlage 5: concept Raadsbesluit inz. Grond(ruil-)transactie Gijselaar - Altaarstraat","dc_type":"bijlage","foi_fairiscoreVersions":{"v1":1,"v2":1},"foi_fileName":"Z%2F24%2F206668%20-%20370540%20-%20Raadsbesluit%20inz.pdf","foi_nrPages":1}],"foi_nrDocuments":13,"foi_nrPagesInDossier":34,"foi_publishedDate":"2024-09-11","foi_retrievedDate":"2025-11-29"},{"dc_creator":"HandelingScraper_v1","dc_date_year":2024,"dc_description":"Vergadering van de Gemeente Beekdaelen op 2024-09-11. Onderdeel: Raadsvoorstel inzake: \"Aankoop Beekstraat 36A te Schinveld\".","dc_identifier":"nl.gm1954.2c.2024.2837709-8","dc_publisher":"gm1954","dc_source":"https://beekdaelen.bestuurlijkeinformatie.nl/Agenda/Index/43f93f29-bf36-4903-b2d5-78a52bd2601f","dc_title":"Raadscommissie Fysieke Leefomgeving 2024-09-11 - Raadsvoorstel inzake: \"Aankoop Beekstraat 36A te Schinveld\"","dc_type":"2c","dc_type_description":"Vergaderstuk decentrale overheid","foi_fairiscoreVersions":{"v1":2,"v2":2},"foi_files":[{"dc_format":"application/pdf","dc_identifier":"nl.gm1954.2c.2024.2837709-8.doc.5","dc_source":"https://api1.ibabs.eu/publicdownload.aspx?site=Beekdaelen&id=80a08ef0-d191-42b2-850a-61c98e8803b4","dc_title":"RAP01 Gevelgeluid Beekstraat Schinveld 20240606 (geanonimiseerd)","dc_type":"bijlage","foi_fairiscoreVersions":{"v1":2,"v2":2},"foi_fileName":"30-%2024017%20RAP01%20Gevelgeluid%20Beekstraat%20Schinveld%2020240606%20%28geanonimiseerd%29.pdf","foi_nrPages":76},{"dc_format":"application/pdf","dc_identifier":"nl.gm1954.2c.2024.2837709-8.doc.4","dc_source":"https://api1.ibabs.eu/publicdownload.aspx?site=Beekdaelen&id=1da106f7-3787-444a-b482-819841293428","dc_title":"BO BOPA uitbreiding Beekstaete Schinveld rev00 (geanonimiseerd)","dc_type":"bijlage","foi_fairiscoreVersions":{"v1":2,"v2":2},"foi_fileName":"6-20240522%200492151%20BO%20BOPA%20uitbreiding%20Beekstaete%20Schinveld%20rev00%20%28geanonimiseerd%29.pdf","foi_nrPages":36},{"dc_format":"application/octet-stream","dc_identifier":"nl.gm1954.2c.2024.2837709-8.doc.14","dc_source":"https://api1.ibabs.eu/publicdownload.aspx?site=Beekdaelen&id=a2021392-5b73-4636-8589-6a1965ac7a3c","dc_title":"B4 advies commissie en C inleiding rondvraag","dc_type":"bijlage","foi_fileName":"B4%20advies%20commissie%20en%20inleiding%20rondvraag.mp3","foi_nrPages":1},{"dc_format":"application/octet-stream","dc_identifier":"nl.gm1954.2c.2024.2837709-8.doc.10","dc_source":"https://api1.ibabs.eu/publicdownload.aspx?site=Beekdaelen&id=f8a83a45-859a-42fc-9a0a-562636ae0217","dc_title":"B4 beantwoording eerste termijn","dc_type":"bijlage","foi_fileName":"B4%20beantwoording%20eerste%20termijn.mp3","foi_nrPages":1},{"dc_format":"application/octet-stream","dc_identifier":"nl.gm1954.2c.2024.2837709-8.doc.13","dc_source":"https://api1.ibabs.eu/publicdownload.aspx?site=Beekdaelen&id=a48f97c2-0ac7-4ada-8f21-e9edc6936b39","dc_title":"B4 beantwoording tweede termijn","dc_type":"bijlage","foi_fileName":"B4%20beantwoording%20tweede%20termijn.mp3","foi_nrPages":1},{"dc_format":"application/octet-stream","dc_identifier":"nl.gm1954.2c.2024.2837709-8.doc.9","dc_source":"https://api1.ibabs.eu/publicdownload.aspx?site=Beekdaelen&id=3df02da5-7c7d-4676-a838-feaba989939e","dc_title":"B4 eerste termijn","dc_type":"bijlage","foi_fileName":"B4%20eerste%20termijn.mp3","foi_nrPages":1},{"dc_format":"application/octet-stream","dc_identifier":"nl.gm1954.2c.2024.2837709-8.doc.11","dc_source":"https://api1.ibabs.eu/publicdownload.aspx?site=Beekdaelen&id=6a59fe04-1090-4070-a6e2-8bbdd3ff6f8b","dc_title":"B4 tweede termijn I","dc_type":"bijlage","foi_fileName":"B4%20tweede%20termijn%20I.mp3","foi_nrPages":1},{"dc_format":"application/octet-stream","dc_identifier":"nl.gm1954.2c.2024.2837709-8.doc.12","dc_source":"https://api1.ibabs.eu/publicdownload.aspx?site=Beekdaelen&id=0a426170-8d9b-4727-8e81-4240fc64d65e","dc_title":"B4 tweede termijn II","dc_type":"bijlage","foi_fileName":"B4%20tweede%20termijn%20II.mp3","foi_nrPages":1},{"dc_format":"application/pdf","dc_identifier":"nl.gm1954.2c.2024.2837709-8.doc.8","dc_source":"https://api1.ibabs.eu/publicdownload.aspx?site=Beekdaelen&id=875889a5-1e06-423b-b79c-1b32cb529079","dc_title":"MvA technische vragen BL B4","dc_type":"bijlage","foi_fairiscoreVersions":{"v1":1,"v2":1},"foi_fileName":"MvA%20technische%20vragen%20BL%20B4.pdf","foi_nrPages":1},{"dc_format":"application/pdf","dc_identifier":"nl.gm1954.2c.2024.2837709-8.doc.7","dc_source":"https://api1.ibabs.eu/publicdownload.aspx?site=Beekdaelen&id=d9872030-3b5c-4f74-bbee-c21b895b1604","dc_title":"MvA technische vragen Koll\u00e9e Rijkx B4","dc_type":"bijlage","foi_fairiscoreVersions":{"v1":1,"v2":1},"foi_fileName":"MvA%20technische%20vragen%20Koll%C3%A9e%20Rijkx%20B4.pdf","foi_nrPages":1},{"dc_format":"application/pdf","dc_identifier":"nl.gm1954.2c.2024.2837709-8.doc.6","dc_source":"https://api1.ibabs.eu/publicdownload.aspx?site=Beekdaelen&id=c2d0a243-16af-47ea-a7de-331694d84af5","dc_title":"MvA technische vragen VG B4","dc_type":"bijlage","foi_fairiscoreVersions":{"v1":1,"v2":1},"foi_fileName":"MvA%20technische%20vragen%20VG%20B4.pdf","foi_nrPages":1},{"dc_format":"application/pdf","dc_identifier":"nl.gm1954.2c.2024.2837709-8.doc.1","dc_source":"https://api1.ibabs.eu/publicdownload.aspx?site=Beekdaelen&id=9e18ebad-9df6-4ebc-9854-1465a06697b2","dc_title":"Raadsvoorstel inzake aankoop Beekstraat 36A te Schinveld","dc_type":"bijlage","foi_fairiscoreVersions":{"v1":1,"v2":1},"foi_fileName":"Z%2F23%2F198807%20-%20371696%20-%20Raadsvoorstel%20inzake%20aankoop%20Beekstraat%2036A%20te%20Schinveld.pdf","foi_nrPages":4},{"dc_format":"application/pdf","dc_identifier":"nl.gm1954.2c.2024.2837709-8.doc.3","dc_source":"https://api1.ibabs.eu/publicdownload.aspx?site=Beekdaelen&id=b82b8e99-657a-442d-8f9d-be00cea3180f","dc_title":"Bijlage 2: Raadsbesluit inzake aankoop Beekstraat 36A te Schinveld","dc_type":"bijlage","foi_fairiscoreVersions":{"v1":1,"v2":1},"foi_fileName":"Z%2F23%2F198807%20-%20371758%20-%20Raadsbesluit%20inzake%20aankoop%20Beekstraat%2036A%20te%20Schinveld.pdf","foi_nrPages":1},{"dc_format":"application/pdf","dc_identifier":"nl.gm1954.2c.2024.2837709-8.doc.2","dc_source":"https://api1.ibabs.eu/publicdownload.aspx?site=Beekdaelen&id=eab25bbc-6289-4546-92cf-8aeca3c6835e","dc_title":"Bijlage 1: Taxatierapport (geanonimiseerd)","dc_type":"bijlage","foi_fairiscoreVersions":{"v1":2,"v2":2},"foi_fileName":"Z%2F23%2F198807%20-%20371839%20-%20Taxatierapport%20%28geanonimiseerd%29.pdf","foi_nrPages":59}],"foi_nrDocuments":14,"foi_nrPagesInDossier":185,"foi_publishedDate":"2024-09-11","foi_retrievedDate":"2025-11-29"},{"dc_creator":"HandelingScraper_v1","dc_date_year":2024,"dc_description":"Vergadering van de Gemeente Beekdaelen op 2024-09-11. Onderdeel: Rondvraag Fysieke Leefomgeving.","dc_identifier":"nl.gm1954.2c.2024.2837709-9","dc_publisher":"gm1954","dc_source":"https://beekdaelen.bestuurlijkeinformatie.nl/Agenda/Index/43f93f29-bf36-4903-b2d5-78a52bd2601f","dc_title":"Raadscommissie Fysieke Leefomgeving 2024-09-11 - Rondvraag Fysieke Leefomgeving","dc_type":"2c","dc_type_description":"Vergaderstuk decentrale overheid","foi_fairiscoreVersions":{"v1":1,"v2":1},"foi_files":[{"dc_format":"application/octet-stream","dc_identifier":"nl.gm1954.2c.2024.2837709-9.doc.2","dc_source":"https://api1.ibabs.eu/publicdownload.aspx?site=Beekdaelen&id=1d2c69e2-0d03-425b-bfbc-e29ae8a38331","dc_title":"B4 advies commissie en C inleiding rondvraag","dc_type":"bijlage","foi_fileName":"B4%20advies%20commissie%20en%20inleiding%20rondvraag.mp3","foi_nrPages":1},{"dc_format":"application/octet-stream","dc_identifier":"nl.gm1954.2c.2024.2837709-9.doc.3","dc_source":"https://api1.ibabs.eu/publicdownload.aspx?site=Beekdaelen&id=b832cdce-3fc9-4c44-b762-1fb14bba99f6","dc_title":"C rondvraag (beantwoording)","dc_type":"bijlage","foi_fileName":"C%20rondvraag%20%28beantwoording%29.mp3","foi_nrPages":1},{"dc_format":"application/pdf","dc_identifier":"nl.gm1954.2c.2024.2837709-9.doc.1","dc_source":"https://api1.ibabs.eu/publicdownload.aspx?site=Beekdaelen&id=8066c020-f1f7-42f4-b55f-b17116baf683","dc_title":"MvA technische vragen Pvda D66 GL Koll\u00e9e C Rondvraag","dc_type":"bijlage","foi_fairiscoreVersions":{"v1":1,"v2":1},"foi_fileName":"MvA%20technische%20vragen%20Pvda%20D66%20GL%20Koll%C3%A9e%20C%20Rondvraag.pdf","foi_nrPages":3}],"foi_nrDocuments":3,"foi_nrPagesInDossier":5,"foi_publishedDate":"2024-09-11","foi_retrievedDate":"2025-11-29"},{"dc_creator":"HandelingScraper_v1","dc_date_year":2024,"dc_description":"Vergadering van de Gemeente Beekdaelen op 2024-09-17. Onderdeel: Opening.","dc_identifier":"nl.gm1954.2c.2024.2837795-1","dc_publisher":"gm1954","dc_source":"https://beekdaelen.bestuurlijkeinformatie.nl/Agenda/Index/cedaca22-3450-464f-a788-77d8e86ecbfb","dc_title":"Raadsvergadering 2024-09-17 - Opening","dc_type":"2c","dc_type_description":"Vergaderstuk decentrale overheid","foi_fairiscoreVersions":{"v1":1,"v2":1},"foi_files":[{"dc_format":"application/pdf","dc_identifier":"nl.gm1954.2c.2024.2837795-1.doc.2","dc_source":"https://api1.ibabs.eu/publicdownload.aspx?site=Beekdaelen&id=33cdffc8-1036-465a-8798-c24e28e40d71","dc_title":"Uitnodiging en voorlopige agenda raadsvergadering 17 september 2024 VERVALLEN","dc_type":"bijlage","foi_fairiscoreVersions":{"v1":1,"v2":1},"foi_fileName":"Uitnodiging%20en%20voorlopige%20agenda%20raadsvergadering%2017%20september%202024.pdf","foi_nrPages":2},{"dc_format":"application/pdf","dc_identifier":"nl.gm1954.2c.2024.2837795-1.doc.1","dc_source":"https://api1.ibabs.eu/publicdownload.aspx?site=Beekdaelen&id=61edc485-258c-4985-904b-9851dacada2c","dc_title":"Uitnodiging en voorlopige agenda raadsvergadering 17 september 2024 aangepast n.a.v. commissievergadering","dc_type":"bijlage","foi_fairiscoreVersions":{"v1":1,"v2":1},"foi_fileName":"Uitnodiging%20en%20voorlopige%20agenda%20raadsvergadering%2017%20september%202024%20aangepast%20n.a.v.pdf","foi_nrPages":2}],"foi_nrDocuments":2,"foi_nrPagesInDossier":4,"foi_publishedDate":"2024-09-17","foi_retrievedDate":"2025-11-29"},{"dc_creator":"HandelingScraper_v1","dc_date_year":2024,"dc_description":"Vergadering van de Gemeente Beekdaelen op 2024-09-17. Onderdeel: Amendement GroenLinks inzake natuur waarborgen in strategische visie.","dc_identifier":"nl.gm1954.2c.2024.2837795-10","dc_publisher":"gm1954","dc_source":"https://beekdaelen.bestuurlijkeinformatie.nl/Agenda/Index/cedaca22-3450-464f-a788-77d8e86ecbfb","dc_title":"Raadsvergadering 2024-09-17 - Amendement GroenLinks inzake natuur waarborgen in strategische visie","dc_type":"2c","dc_type_description":"Vergaderstuk decentrale overheid","foi_fairiscoreVersions":{"v1":1,"v2":1},"foi_files":[{"dc_format":"application/pdf","dc_identifier":"nl.gm1954.2c.2024.2837795-10.doc.1","dc_source":"https://api1.ibabs.eu/publicdownload.aspx?site=Beekdaelen&id=219189da-9292-4e08-a8d6-bc40935d16bc","dc_title":"Amendement GL en PvdA inzake natuur waarborgen in strategische visie VERWORPEN","dc_type":"bijlage","foi_fairiscoreVersions":{"v1":1,"v2":1},"foi_fileName":"Amendement%20GL%20inzake%20Natuur%20waarborgen%20in%20strategische%20visie%20VERWORPEN.pdf","foi_nrPages":2}],"foi_nrDocuments":1,"foi_nrPagesInDossier":2,"foi_publishedDate":"2024-09-17","foi_retrievedDate":"2026-02-05"},{"dc_creator":"HandelingScraper_v1","dc_date_year":2024,"dc_description":"Vergadering van de Gemeente Beekdaelen op 2024-09-17. Onderdeel: Voorstel inzake Grond(ruil-)transactie Gijselaar-Altaarstraat.","dc_identifier":"nl.gm1954.2c.2024.2837795-11","dc_publisher":"gm1954","dc_source":"https://beekdaelen.bestuurlijkeinformatie.nl/Agenda/Index/cedaca22-3450-464f-a788-77d8e86ecbfb","dc_title":"Raadsvergadering 2024-09-17 - Voorstel inzake Grond(ruil-)transactie Gijselaar-Altaarstraat","dc_type":"2c","dc_type_description":"Vergaderstuk decentrale overheid","foi_fairiscoreVersions":{"v1":2,"v2":2},"foi_files":[{"dc_format":"application/pdf","dc_identifier":"nl.gm1954.2c.2024.2837795-11.doc.2","dc_source":"https://api1.ibabs.eu/publicdownload.aspx?site=Beekdaelen&id=41913bd8-154b-4bb3-9b59-bba999cf2e61","dc_title":"Raadsbesluit inzake grond(ruil-)transactie Gijselaar - Altaarstraat (geamendeerd) - vastgesteld 17-09-2024","dc_type":"bijlage","foi_fairiscoreVersions":{"v1":1,"v2":1},"foi_fileName":"Raadsbesluit%20inzake%20grond%28ruil-%29transactie%20Gijselaar%20-%20Altaarstraat%20%28geamendeerd%29.pdf","foi_nrPages":1},{"dc_format":"application/pdf","dc_identifier":"nl.gm1954.2c.2024.2837795-11.doc.3","dc_source":"https://api1.ibabs.eu/publicdownload.aspx?site=Beekdaelen&id=bd054f2f-ec0d-4ff0-9155-1fb30b000859","dc_title":"Bijlage 2: concept aankooptekening Altaarstraat","dc_type":"bijlage","foi_fairiscoreVersions":{"v1":1,"v2":1},"foi_fileName":"Z%2F24%2F206668%20-%20370537.pdf","foi_nrPages":1},{"dc_format":"application/pdf","dc_identifier":"nl.gm1954.2c.2024.2837795-11.doc.4","dc_source":"https://api1.ibabs.eu/publicdownload.aspx?site=Beekdaelen&id=2219d872-d4c7-4837-b089-6214c1190730","dc_title":"Bijlage 3:  concept verkooptekening Gijselaar","dc_type":"bijlage","foi_fairiscoreVersions":{"v1":3,"v2":3},"foi_fileName":"Z%2F24%2F206668%20-%20370537.pdf","foi_nrPages":3},{"dc_format":"application/pdf","dc_identifier":"nl.gm1954.2c.2024.2837795-11.doc.5","dc_source":"https://api1.ibabs.eu/publicdownload.aspx?site=Beekdaelen&id=3399ac68-beec-451c-a44c-4f6f8f9d1e2c","dc_title":"Bijlage 4:  raadsvoorstel uitvoeringskrediet de Gijselaar fase 2 26-09-2023","dc_type":"bijlage","foi_fairiscoreVersions":{"v1":2,"v2":1},"foi_fileName":"Z%2F24%2F206668%20-%20370537.pdf","foi_nrPages":6},{"dc_format":"application/pdf","dc_identifier":"nl.gm1954.2c.2024.2837795-11.doc.1","dc_source":"https://api1.ibabs.eu/publicdownload.aspx?site=Beekdaelen&id=0924defd-cb0b-4965-bfbc-cfc01dd30da6","dc_title":"Raadsvoorstel inz. Grond(ruil-)transactie Gijselaar-Altaarstraat","dc_type":"bijlage","foi_fairiscoreVersions":{"v1":1,"v2":1},"foi_fileName":"Z%2F24%2F206668%20-%20370538%20-%20Raadsvoorstel%20inz.pdf","foi_nrPages":5}],"foi_nrDocuments":5,"foi_nrPagesInDossier":16,"foi_publishedDate":"2024-09-17","foi_retrievedDate":"2025-11-29"},{"dc_creator":"HandelingScraper_v1","dc_date_year":2024,"dc_description":"Vergadering van de Gemeente Beekdaelen op 2024-09-17. Onderdeel: Amendement PvdA, GL en D66 inzake betaalbare woningen planontwikkeling Altaarstraat.","dc_identifier":"nl.gm1954.2c.2024.2837795-12","dc_publisher":"gm1954","dc_source":"https://beekdaelen.bestuurlijkeinformatie.nl/Agenda/Index/cedaca22-3450-464f-a788-77d8e86ecbfb","dc_title":"Raadsvergadering 2024-09-17 - Amendement PvdA, GL en D66 inzake betaalbare woningen planontwikkeling Altaarstraat","dc_type":"2c","dc_type_description":"Vergaderstuk decentrale overheid","foi_fairiscoreVersions":{"v1":1,"v2":1},"foi_files":[{"dc_format":"application/pdf","dc_identifier":"nl.gm1954.2c.2024.2837795-12.doc.1","dc_source":"https://api1.ibabs.eu/publicdownload.aspx?site=Beekdaelen&id=ce7a9e38-b085-4361-82b7-d5ed81eca8e4","dc_title":"Amendement PvdA, GL en D66 inzake betaalbare woningen bij planontwikkkeling Altaarstraat VERWORPEN","dc_type":"bijlage","foi_fairiscoreVersions":{"v1":1,"v2":1},"foi_fileName":"Amendement%20PvdA_%20GL%20en%20D66%20inzake%20betaalbare%20woningen%20bij%20planontwikkkeling%20Altaarstraat%20VERWORPEN.pdf","foi_nrPages":2}],"foi_nrDocuments":1,"foi_nrPagesInDossier":2,"foi_publishedDate":"2024-09-17","foi_retrievedDate":"2026-02-05"},{"dc_creator":"HandelingScraper_v1","dc_date_year":2024,"dc_description":"Vergadering van de Gemeente Beekdaelen op 2024-09-17. Onderdeel: Amendement BL, CDA en VG inzake invulling locatie Altaarstraat.","dc_identifier":"nl.gm1954.2c.2024.2837795-13","dc_publisher":"gm1954","dc_source":"https://beekdaelen.bestuurlijkeinformatie.nl/Agenda/Index/cedaca22-3450-464f-a788-77d8e86ecbfb","dc_title":"Raadsvergadering 2024-09-17 - Amendement BL, CDA en VG inzake invulling locatie Altaarstraat","dc_type":"2c","dc_type_description":"Vergaderstuk decentrale overheid","foi_fairiscoreVersions":{"v1":1,"v2":1},"foi_files":[{"dc_format":"application/pdf","dc_identifier":"nl.gm1954.2c.2024.2837795-13.doc.1","dc_source":"https://api1.ibabs.eu/publicdownload.aspx?site=Beekdaelen&id=095d7d64-28b4-4959-a6b7-f4a738e989b8","dc_title":"Amendement Altaarstraat BL VG CDA AANGENOMEN","dc_type":"bijlage","foi_fairiscoreVersions":{"v1":1,"v2":1},"foi_fileName":"Amendement%20Altaarstraat%20BL%20VG%20CDA%20AANGENOMEN.pdf","foi_nrPages":1}],"foi_nrDocuments":1,"foi_nrPagesInDossier":1,"foi_publishedDate":"2024-09-17","foi_retrievedDate":"2026-03-01"},{"dc_creator":"HandelingScraper_v1","dc_date_year":2024,"dc_description":"Vergadering van de Gemeente Beekdaelen op 2024-09-17. Onderdeel: Raadsvoorstel inzake Aankoop Beekstraat 36A te Schinveld.","dc_identifier":"nl.gm1954.2c.2024.2837795-14","dc_publisher":"gm1954","dc_source":"https://beekdaelen.bestuurlijkeinformatie.nl/Agenda/Index/cedaca22-3450-464f-a788-77d8e86ecbfb","dc_title":"Raadsvergadering 2024-09-17 - Raadsvoorstel inzake Aankoop Beekstraat 36A te Schinveld","dc_type":"2c","dc_type_description":"Vergaderstuk decentrale overheid","foi_fairiscoreVersions":{"v1":2,"v2":2},"foi_files":[{"dc_format":"application/pdf","dc_identifier":"nl.gm1954.2c.2024.2837795-14.doc.5","dc_source":"https://api1.ibabs.eu/publicdownload.aspx?site=Beekdaelen&id=80a08ef0-d191-42b2-850a-61c98e8803b4","dc_title":"RAP01 Gevelgeluid Beekstraat Schinveld 20240606 (geanonimiseerd)","dc_type":"bijlage","foi_fairiscoreVersions":{"v1":2,"v2":2},"foi_fileName":"30-%2024017%20RAP01%20Gevelgeluid%20Beekstraat%20Schinveld%2020240606%20%28geanonimiseerd%29.pdf","foi_nrPages":76},{"dc_format":"application/pdf","dc_identifier":"nl.gm1954.2c.2024.2837795-14.doc.4","dc_source":"https://api1.ibabs.eu/publicdownload.aspx?site=Beekdaelen&id=1da106f7-3787-444a-b482-819841293428","dc_title":"BO BOPA uitbreiding Beekstaete Schinveld rev00 (geanonimiseerd)","dc_type":"bijlage","foi_fairiscoreVersions":{"v1":2,"v2":2},"foi_fileName":"6-20240522%200492151%20BO%20BOPA%20uitbreiding%20Beekstaete%20Schinveld%20rev00%20%28geanonimiseerd%29.pdf","foi_nrPages":36},{"dc_format":"application/pdf","dc_identifier":"nl.gm1954.2c.2024.2837795-14.doc.1","dc_source":"https://api1.ibabs.eu/publicdownload.aspx?site=Beekdaelen&id=9e18ebad-9df6-4ebc-9854-1465a06697b2","dc_title":"Raadsvoorstel inzake aankoop Beekstraat 36A te Schinveld","dc_type":"bijlage","foi_fairiscoreVersions":{"v1":1,"v2":1},"foi_fileName":"Z%2F23%2F198807%20-%20371696%20-%20Raadsvoorstel%20inzake%20aankoop%20Beekstraat%2036A%20te%20Schinveld.pdf","foi_nrPages":4},{"dc_format":"application/pdf","dc_identifier":"nl.gm1954.2c.2024.2837795-14.doc.2","dc_source":"https://api1.ibabs.eu/publicdownload.aspx?site=Beekdaelen&id=b82b8e99-657a-442d-8f9d-be00cea3180f","dc_title":"Bijlage 2: Raadsbesluit inzake aankoop Beekstraat 36A te Schinveld","dc_type":"bijlage","foi_fairiscoreVersions":{"v1":1,"v2":1},"foi_fileName":"Z%2F23%2F198807%20-%20371758%20-%20Raadsbesluit%20inzake%20aankoop%20Beekstraat%2036A%20te%20Schinveld.pdf","foi_nrPages":1},{"dc_format":"application/pdf","dc_identifier":"nl.gm1954.2c.2024.2837795-14.doc.3","dc_source":"https://api1.ibabs.eu/publicdownload.aspx?site=Beekdaelen&id=eab25bbc-6289-4546-92cf-8aeca3c6835e","dc_title":"Bijlage 1: Taxatierapport (geanonimiseerd)","dc_type":"bijlage","foi_fairiscoreVersions":{"v1":2,"v2":2},"foi_fileName":"Z%2F23%2F198807%20-%20371839%20-%20Taxatierapport%20%28geanonimiseerd%29.pdf","foi_nrPages":59}],"foi_nrDocuments":5,"foi_nrPagesInDossier":176,"foi_publishedDate":"2024-09-17","foi_retrievedDate":"2026-03-10"},{"dc_creator":"HandelingScraper_v1","dc_date_year":2024,"dc_description":"Vergadering van de Gemeente Beekdaelen op 2024-09-17. Onderdeel: Vaststelling lijst ingekomen stukken.","dc_identifier":"nl.gm1954.2c.2024.2837795-15","dc_publisher":"gm1954","dc_source":"https://beekdaelen.bestuurlijkeinformatie.nl/Agenda/Index/cedaca22-3450-464f-a788-77d8e86ecbfb","dc_title":"Raadsvergadering 2024-09-17 - Vaststelling lijst ingekomen stukken","dc_type":"2c","dc_type_description":"Vergaderstuk decentrale overheid","foi_fairiscoreVersions":{"v1":1,"v2":1},"foi_files":[{"dc_format":"application/pdf","dc_identifier":"nl.gm1954.2c.2024.2837795-15.doc.1","dc_source":"https://api1.ibabs.eu/publicdownload.aspx?site=Beekdaelen&id=70966b24-d246-4f6f-a59a-3a214dbbe544","dc_title":"Lijst ingekomen stukken raad versie 12092024 - vastgesteld 17-09-2024","dc_type":"bijlage","foi_fairiscoreVersions":{"v1":1,"v2":1},"foi_fileName":"Lijst%20ingekomen%20stukken%20raad%20versie%2012092024.pdf","foi_nrPages":7}],"foi_nrDocuments":1,"foi_nrPagesInDossier":7,"foi_publishedDate":"2024-09-17","foi_retrievedDate":"2026-03-03"},{"dc_creator":"HandelingScraper_v1","dc_date_year":2024,"dc_description":"Vergadering van de Gemeente Beekdaelen op 2024-09-17. Onderdeel: Voorstel inzake benoeming wethouder.","dc_identifier":"nl.gm1954.2c.2024.2837795-16","dc_publisher":"gm1954","dc_source":"https://beekdaelen.bestuurlijkeinformatie.nl/Agenda/Index/cedaca22-3450-464f-a788-77d8e86ecbfb","dc_title":"Raadsvergadering 2024-09-17 - Voorstel inzake benoeming wethouder","dc_type":"2c","dc_type_description":"Vergaderstuk decentrale overheid","foi_fairiscoreVersions":{"v1":1,"v2":1},"foi_files":[{"dc_format":"application/pdf","dc_identifier":"nl.gm1954.2c.2024.2837795-16.doc.2","dc_source":"https://api1.ibabs.eu/publicdownload.aspx?site=Beekdaelen&id=9e98aba2-702f-4b6b-8551-4b77787090f4","dc_title":"Raadsbesluit inzake benoeming wethouder - vastgesteld 17-09-2024","dc_type":"bijlage","foi_fairiscoreVersions":{"v1":1,"v2":1},"foi_fileName":"Raadsbesluit%20inzake%20benoeming%20wethouder.pdf","foi_nrPages":1},{"dc_format":"application/pdf","dc_identifier":"nl.gm1954.2c.2024.2837795-16.doc.1","dc_source":"https://api1.ibabs.eu/publicdownload.aspx?site=Beekdaelen&id=e4423bf9-d2cb-4d11-9a97-e6f6debf3b01","dc_title":"Raadsvoorstel inzake benoeming wethouder","dc_type":"bijlage","foi_fairiscoreVersions":{"v1":1,"v2":1},"foi_fileName":"Raadsvoorstel%20inzake%20benoeming%20wethouder.pdf","foi_nrPages":2}],"foi_nrDocuments":2,"foi_nrPagesInDossier":3,"foi_publishedDate":"2024-09-17","foi_retrievedDate":"2026-03-09"},{"dc_creator":"HandelingScraper_v1","dc_date_year":2024,"dc_description":"Vergadering van de Gemeente Beekdaelen op 2024-09-17. Onderdeel: Voorstel inzake toelating en be\u00ebdiging nieuw raadslid.","dc_identifier":"nl.gm1954.2c.2024.2837795-17","dc_publisher":"gm1954","dc_source":"https://beekdaelen.bestuurlijkeinformatie.nl/Agenda/Index/cedaca22-3450-464f-a788-77d8e86ecbfb","dc_title":"Raadsvergadering 2024-09-17 - Voorstel inzake toelating en be\u00ebdiging nieuw raadslid","dc_type":"2c","dc_type_description":"Vergaderstuk decentrale overheid","foi_fairiscoreVersions":{"v1":1,"v2":1},"foi_files":[{"dc_format":"application/pdf","dc_identifier":"nl.gm1954.2c.2024.2837795-17.doc.2","dc_source":"https://api1.ibabs.eu/publicdownload.aspx?site=Beekdaelen&id=bad664b5-8f07-40da-9803-4574ec136abc","dc_title":"Raadsbesluit inzake toelating en be\u00ebdiging mw. J.M.G.H. Simons - vastgesteld 17-09-2024","dc_type":"bijlage","foi_fairiscoreVersions":{"v1":1,"v2":1},"foi_fileName":"Raadsbesluit%20inzake%20toelating%20en%20be%C3%ABdiging%20mw.%20J.M.G.H.pdf","foi_nrPages":1},{"dc_format":"application/pdf","dc_identifier":"nl.gm1954.2c.2024.2837795-17.doc.1","dc_source":"https://api1.ibabs.eu/publicdownload.aspx?site=Beekdaelen&id=c3dfddd0-8beb-4fd9-9d2f-c68331db02e8","dc_title":"Raadsvoorstel inzake toelating en be\u00ebdiging mw. J.M.G.H. Simons","dc_type":"bijlage","foi_fairiscoreVersions":{"v1":1,"v2":1},"foi_fileName":"Raadsvoorstel%20inzake%20toelating%20en%20be%C3%ABdiging%20mw.%20J.M.G.H.pdf","foi_nrPages":1}],"foi_nrDocuments":2,"foi_nrPagesInDossier":2,"foi_publishedDate":"2024-09-17","foi_retrievedDate":"2026-03-09"},{"dc_creator":"HandelingScraper_v1","dc_date_year":2024,"dc_description":"Vergadering van de Gemeente Beekdaelen op 2024-09-17. Onderdeel: Voorstel inzake toelating en be\u00ebdiging mevr. A.J.H. Reuling.","dc_identifier":"nl.gm1954.2c.2024.2837795-2","dc_publisher":"gm1954","dc_source":"https://beekdaelen.bestuurlijkeinformatie.nl/Agenda/Index/cedaca22-3450-464f-a788-77d8e86ecbfb","dc_title":"Raadsvergadering 2024-09-17 - Voorstel inzake toelating en be\u00ebdiging mevr. A.J.H. Reuling","dc_type":"2c","dc_type_description":"Vergaderstuk decentrale overheid","foi_fairiscoreVersions":{"v1":1,"v2":1},"foi_files":[{"dc_format":"application/pdf","dc_identifier":"nl.gm1954.2c.2024.2837795-2.doc.2","dc_source":"https://api1.ibabs.eu/publicdownload.aspx?site=Beekdaelen&id=aa8fa6dd-9ca3-4c35-b79c-65e711d005ae","dc_title":"Raadsbesluit inzake toelating en beediging mw. A.J.H. Reuling - vastgesteld 17-09-2024","dc_type":"bijlage","foi_fairiscoreVersions":{"v1":1,"v2":1},"foi_fileName":"Raadsbesluit%20inzake%20toelating%20en%20beediging%20mw.%20A.J.H.pdf","foi_nrPages":1},{"dc_format":"application/pdf","dc_identifier":"nl.gm1954.2c.2024.2837795-2.doc.1","dc_source":"https://api1.ibabs.eu/publicdownload.aspx?site=Beekdaelen&id=63ed4bdd-1ab8-4cbe-b295-6ab7efd46447","dc_title":"Raadsvoorstel inzake toelating en beediging mw. A.J.H. Reuling","dc_type":"bijlage","foi_fairiscoreVersions":{"v1":1,"v2":1},"foi_fileName":"Raadsvoorstel%20inzake%20toelating%20en%20beediging%20mw.%20A.J.H.pdf","foi_nrPages":2}],"foi_nrDocuments":2,"foi_nrPagesInDossier":3,"foi_publishedDate":"2024-09-17","foi_retrievedDate":"2026-02-06"},{"dc_creator":"HandelingScraper_v1","dc_date_year":2024,"dc_description":"Vergadering van de Gemeente Beekdaelen op 2024-09-17. Onderdeel: Vaststellen besluitenlijst openbare raadsvergadering d.d. 2 juli 2024.","dc_identifier":"nl.gm1954.2c.2024.2837795-3","dc_publisher":"gm1954","dc_source":"https://beekdaelen.bestuurlijkeinformatie.nl/Agenda/Index/cedaca22-3450-464f-a788-77d8e86ecbfb","dc_title":"Raadsvergadering 2024-09-17 - Vaststellen besluitenlijst openbare raadsvergadering d.d. 2 juli 2024","dc_type":"2c","dc_type_description":"Vergaderstuk decentrale overheid","foi_fairiscoreVersions":{"v1":1,"v2":1},"foi_files":[{"dc_format":"application/pdf","dc_identifier":"nl.gm1954.2c.2024.2837795-3.doc.1","dc_source":"https://api1.ibabs.eu/publicdownload.aspx?site=Beekdaelen&id=7fd66512-e39f-4420-8bef-082ded52d092","dc_title":"Besluitenlijst raadsvergadering 02072024 - vastgesteld 17-09-2024","dc_type":"bijlage","foi_fairiscoreVersions":{"v1":1,"v2":1},"foi_fileName":"Besluitenlijst%20raadsvergadering%2002072024.pdf","foi_nrPages":20}],"foi_nrDocuments":1,"foi_nrPagesInDossier":20,"foi_publishedDate":"2024-09-17","foi_retrievedDate":"2026-03-07"},{"dc_creator":"HandelingScraper_v1","dc_date_year":2024,"dc_description":"Vergadering van de Gemeente Beekdaelen op 2024-09-17. Onderdeel: Voorstel inzake ontslag, benoeming en be\u00ebdiging commissieleden.","dc_identifier":"nl.gm1954.2c.2024.2837795-4","dc_publisher":"gm1954","dc_source":"https://beekdaelen.bestuurlijkeinformatie.nl/Agenda/Index/cedaca22-3450-464f-a788-77d8e86ecbfb","dc_title":"Raadsvergadering 2024-09-17 - Voorstel inzake ontslag, benoeming en be\u00ebdiging commissieleden","dc_type":"2c","dc_type_description":"Vergaderstuk decentrale overheid","foi_fairiscoreVersions":{"v1":1,"v2":1},"foi_files":[{"dc_format":"application/pdf","dc_identifier":"nl.gm1954.2c.2024.2837795-4.doc.2","dc_source":"https://api1.ibabs.eu/publicdownload.aspx?site=Beekdaelen&id=d3abbf3a-5310-4df6-a4c1-494ca41ccf05","dc_title":"Raadsbesluit inzake ontslag en benoeming burgercommissieleden - vastgesteld 17-09-2024","dc_type":"bijlage","foi_fairiscoreVersions":{"v1":1,"v2":1},"foi_fileName":"Raadsbesluit%20inzake%20ontslag%20en%20benoeming%20burgercommissieleden.pdf","foi_nrPages":1},{"dc_format":"application/pdf","dc_identifier":"nl.gm1954.2c.2024.2837795-4.doc.1","dc_source":"https://api1.ibabs.eu/publicdownload.aspx?site=Beekdaelen&id=a052b9fb-de18-4066-9c7f-898b1508110f","dc_title":"Raadsvoorstel inzake ontslag en benoeming burgercommissieleden","dc_type":"bijlage","foi_fairiscoreVersions":{"v1":1,"v2":1},"foi_fileName":"Raadsvoorstel%20inzake%20ontslag%20en%20benoeming%20burgercommissieleden.pdf","foi_nrPages":2}],"foi_nrDocuments":2,"foi_nrPagesInDossier":3,"foi_publishedDate":"2024-09-17","foi_retrievedDate":"2026-01-22"},{"dc_creator":"HandelingScraper_v1","dc_date_year":2024,"dc_description":"Vergadering van de Gemeente Beekdaelen op 2024-09-17. Onderdeel: Voorstel inzake toestemming aangaan GR Solido / zienswijze kadernota en begroting 2025.","dc_identifier":"nl.gm1954.2c.2024.2837795-5","dc_publisher":"gm1954","dc_source":"https://beekdaelen.bestuurlijkeinformatie.nl/Agenda/Index/cedaca22-3450-464f-a788-77d8e86ecbfb","dc_title":"Raadsvergadering 2024-09-17 - Voorstel inzake toestemming aangaan GR Solido / zienswijze kadernota en begroting 2025","dc_type":"2c","dc_type_description":"Vergaderstuk decentrale overheid","foi_fairiscoreVersions":{"v1":2,"v2":1},"foi_files":[{"dc_format":"application/pdf","dc_identifier":"nl.gm1954.2c.2024.2837795-5.doc.1","dc_source":"https://api1.ibabs.eu/publicdownload.aspx?site=Beekdaelen&id=0eaba718-0509-4bbd-ba7a-22c81b04bee8","dc_title":"Raadsvoorstel inzake toestemming aangaan gemeenschappelijke regeling Solido / zienswijze kadernota en begroting","dc_type":"bijlage","foi_fairiscoreVersions":{"v1":1,"v2":1},"foi_fileName":"BDN%20Raadsvoorstel%20-%20Instemmen%20verdere%20verzelfstandiging%20Parkstad-IT.pdf","foi_nrPages":4},{"dc_format":"application/pdf","dc_identifier":"nl.gm1954.2c.2024.2837795-5.doc.4","dc_source":"https://api1.ibabs.eu/publicdownload.aspx?site=Beekdaelen&id=583e8110-f743-40eb-a82a-189ee9d2ed29","dc_title":"Begroting 2025","dc_type":"bijlage","foi_fairiscoreVersions":{"v1":2,"v2":1},"foi_fileName":"Begroting%202025.pdf","foi_nrPages":19},{"dc_format":"application/pdf","dc_identifier":"nl.gm1954.2c.2024.2837795-5.doc.3","dc_source":"https://api1.ibabs.eu/publicdownload.aspx?site=Beekdaelen&id=ea843322-423b-4cdb-9aee-c37ac59e5920","dc_title":"GR Solido - ontwerp GR tbv instelling","dc_type":"bijlage","foi_fairiscoreVersions":{"v1":1,"v2":1},"foi_fileName":"GR%20Solido%20-%20ontwerpt%20tbv%20instelling.pdf","foi_nrPages":14},{"dc_format":"application/pdf","dc_identifier":"nl.gm1954.2c.2024.2837795-5.doc.5","dc_source":"https://api1.ibabs.eu/publicdownload.aspx?site=Beekdaelen&id=05502c0f-8489-418e-aef0-5ee9821a7706","dc_title":"Kadernota 2025","dc_type":"bijlage","foi_fairiscoreVersions":{"v1":2,"v2":1},"foi_fileName":"Kadernota%202025.pdf","foi_nrPages":24},{"dc_format":"application/pdf","dc_identifier":"nl.gm1954.2c.2024.2837795-5.doc.2","dc_source":"https://api1.ibabs.eu/publicdownload.aspx?site=Beekdaelen&id=9421f133-db52-4f3d-984f-e0a335b40dd7","dc_title":"Raadsbesluit inzake toestemming aangaan Gemeenschappelijke Regeling Solido / zienswijze kadernota en begroting 2025 - vastgesteld 17-09-2024","dc_type":"bijlage","foi_fairiscoreVersions":{"v1":1,"v2":1},"foi_fileName":"Z%2F24%2F207932%20-%20370568%20-%20Raadsbesluit%20%E2%80%93%20Toestemming%20aangaan%20Gemeenschappelijke%20Regeling%20Solido%20%2F%20zienswijze%20kadernota%20en%20begroting%202025.pdf","foi_nrPages":1}],"foi_nrDocuments":5,"foi_nrPagesInDossier":62,"foi_publishedDate":"2024-09-17","foi_retrievedDate":"2025-12-07"},{"dc_creator":"HandelingScraper_v1","dc_date_year":2024,"dc_description":"Vergadering van de Gemeente Beekdaelen op 2024-09-17. Onderdeel: Voorstel inzake vaststelling bestemmingsplan Hommerter Allee 92 te Amstenrade.","dc_identifier":"nl.gm1954.2c.2024.2837795-6","dc_publisher":"gm1954","dc_source":"https://beekdaelen.bestuurlijkeinformatie.nl/Agenda/Index/cedaca22-3450-464f-a788-77d8e86ecbfb","dc_title":"Raadsvergadering 2024-09-17 - Voorstel inzake vaststelling bestemmingsplan Hommerter Allee 92 te Amstenrade","dc_type":"2c","dc_type_description":"Vergaderstuk decentrale overheid","foi_fairiscoreVersions":{"v1":2,"v2":2},"foi_files":[{"dc_format":"application/pdf","dc_identifier":"nl.gm1954.2c.2024.2837795-6.doc.3","dc_source":"https://api1.ibabs.eu/publicdownload.aspx?site=Beekdaelen&id=bcf35a60-ea10-4da6-a853-25f8551cb525","dc_title":"Bijlage 1 Toelichting","dc_type":"bijlage","foi_fairiscoreVersions":{"v1":2,"v2":2},"foi_fileName":"Bijlage%201%20Toelichting.pdf","foi_nrPages":48},{"dc_format":"application/pdf","dc_identifier":"nl.gm1954.2c.2024.2837795-6.doc.4","dc_source":"https://api1.ibabs.eu/publicdownload.aspx?site=Beekdaelen&id=847833a4-bb2a-4c89-a284-70f9fa4836f2","dc_title":"Bijlage 2: Regels","dc_type":"bijlage","foi_fairiscoreVersions":{"v1":2,"v2":2},"foi_fileName":"Bijlage%203%20Regels.pdf","foi_nrPages":44},{"dc_format":"application/pdf","dc_identifier":"nl.gm1954.2c.2024.2837795-6.doc.5","dc_source":"https://api1.ibabs.eu/publicdownload.aspx?site=Beekdaelen&id=1a4993d1-4224-4573-bc0a-a3220f962eaf","dc_title":"Bijlage 4_ Besluit principeverzoek (geanonimiseerd)","dc_type":"bijlage","foi_fairiscoreVersions":{"v1":2,"v2":2},"foi_fileName":"Bijlage%204_%20Besluit%20principeverzoek%20%28geanonimiseerd%29.pdf","foi_nrPages":4},{"dc_format":"application/pdf","dc_identifier":"nl.gm1954.2c.2024.2837795-6.doc.6","dc_source":"https://api1.ibabs.eu/publicdownload.aspx?site=Beekdaelen&id=6837322e-d2a3-418f-99f6-c60c01a1ec7b","dc_title":"Bijlage 5- Anterieure overeenkomst 'Ruim baan voor goede woningbouwplannen' (geanonimiseerd)","dc_type":"bijlage","foi_fairiscoreVersions":{"v1":2,"v2":2},"foi_fileName":"Bijlage%205-%20Anterieure%20overeenkomst%20%27Ruim%20baan%20voor%20goede%20woningbouwplannen%27%20%28geanonimiseerd%29.pdf","foi_nrPages":4},{"dc_format":"application/pdf","dc_identifier":"nl.gm1954.2c.2024.2837795-6.doc.2","dc_source":"https://api1.ibabs.eu/publicdownload.aspx?site=Beekdaelen&id=25723162-cb71-49eb-9743-3422130d10a5","dc_title":"Bijlage 6 Raadsbesluit","dc_type":"bijlage","foi_fairiscoreVersions":{"v1":1,"v2":1},"foi_fileName":"Bijlage%206%20Raadsbesluit.pdf","foi_nrPages":1},{"dc_format":"application/pdf","dc_identifier":"nl.gm1954.2c.2024.2837795-6.doc.7","dc_source":"https://api1.ibabs.eu/publicdownload.aspx?site=Beekdaelen&id=30555cab-6ccb-4e4e-a820-8e9e82bef85c","dc_title":"Bijlage 7 Planschadeovereenkomst Hommerter Allee 92 (getekend) (geanonimiseerd)","dc_type":"bijlage","foi_fairiscoreVersions":{"v1":2,"v2":2},"foi_fileName":"Bijlage%207%20Planschadeovereenkomst%20Hommerter%20Allee%2092%20%28getekend%29%20%28geanonimiseerd%29.pdf","foi_nrPages":2},{"dc_format":"application/pdf","dc_identifier":"nl.gm1954.2c.2024.2837795-6.doc.1","dc_source":"https://api1.ibabs.eu/publicdownload.aspx?site=Beekdaelen&id=ddda8823-73d0-4d77-9477-946611dd58ae","dc_title":"Raadsvoorstel Vaststelling bestemmingsplan Hommerter Allee 92 te Amstenrade","dc_type":"bijlage","foi_fairiscoreVersions":{"v1":1,"v2":1},"foi_fileName":"Raadsvoorstel%20Vaststelling%20bestemmingsplan%20Hommerter%20Allee%2092%20te%20Amstenrade.pdf","foi_nrPages":3}],"foi_nrDocuments":7,"foi_nrPagesInDossier":106,"foi_publishedDate":"2024-09-17","foi_retrievedDate":"2026-03-02"},{"dc_creator":"HandelingScraper_v1","dc_date_year":2024,"dc_description":"Vergadering van de Gemeente Beekdaelen op 2024-09-17. Onderdeel: Voorstel inzake Bouwplan hoek Beekstraat/Pres. Rooseveltstraat te Schinveld.","dc_identifier":"nl.gm1954.2c.2024.2837795-7","dc_publisher":"gm1954","dc_source":"https://beekdaelen.bestuurlijkeinformatie.nl/Agenda/Index/cedaca22-3450-464f-a788-77d8e86ecbfb","dc_title":"Raadsvergadering 2024-09-17 - Voorstel inzake Bouwplan hoek Beekstraat/Pres. Rooseveltstraat te Schinveld","dc_type":"2c","dc_type_description":"Vergaderstuk decentrale overheid","foi_fairiscoreVersions":{"v1":2,"v2":2},"foi_files":[{"dc_format":"application/pdf","dc_identifier":"nl.gm1954.2c.2024.2837795-7.doc.9","dc_source":"https://api1.ibabs.eu/publicdownload.aspx?site=Beekdaelen&id=e613277e-929e-4cac-bfed-d0862bcc3f86","dc_title":"Bijlage 2: SOK gemeente-Weller geanonimiseerd","dc_type":"bijlage","foi_fairiscoreVersions":{"v1":2,"v2":2},"foi_fileName":"Z%2F24%2F207518%20-%20369722.pdf","foi_nrPages":16},{"dc_format":"application/pdf","dc_identifier":"nl.gm1954.2c.2024.2837795-7.doc.1","dc_source":"https://api1.ibabs.eu/publicdownload.aspx?site=Beekdaelen&id=22158503-1dc7-4676-bda3-8dacf8e4a663","dc_title":"Raadsvoorstel inzake bouwplan hoek Beekstraat/Pres. Rooseveltstraat te Schinveld","dc_type":"bijlage","foi_fairiscoreVersions":{"v1":1,"v2":1},"foi_fileName":"Z%2F24%2F207518%20-%20369725%20-%20Raadsvoorstel%20inzake%20bouwplan%20hoek%20Beekstraat%2FPres.pdf","foi_nrPages":5},{"dc_format":"application/pdf","dc_identifier":"nl.gm1954.2c.2024.2837795-7.doc.2","dc_source":"https://api1.ibabs.eu/publicdownload.aspx?site=Beekdaelen&id=a7a5a561-6e88-44d4-9819-8c8a755081bf","dc_title":"Bijlage 3: Raadsbesluit inzake ontwikkeling hoek Beekstraat/Pres. Rooseveltstraat te Schinveld","dc_type":"bijlage","foi_fairiscoreVersions":{"v1":1,"v2":1},"foi_fileName":"Z%2F24%2F207518%20-%20369735%20-%20Raadsbesluit%20inzake%20ontwikkeling%20hoek%20Beekstraat%2FPres.pdf","foi_nrPages":1},{"dc_format":"application/pdf","dc_identifier":"nl.gm1954.2c.2024.2837795-7.doc.3","dc_source":"https://api1.ibabs.eu/publicdownload.aspx?site=Beekdaelen&id=dfea62f2-3ddd-469b-a8ec-eff1cf16d26c","dc_title":"Bijlage 1a: Ruimtelijke onderbouwing","dc_type":"bijlage","foi_fairiscoreVersions":{"v1":1,"v2":1},"foi_fileName":"Z%2F24%2F207518%20-%20369750.pdf","foi_nrPages":51},{"dc_format":"application/pdf","dc_identifier":"nl.gm1954.2c.2024.2837795-7.doc.4","dc_source":"https://api1.ibabs.eu/publicdownload.aspx?site=Beekdaelen&id=e7a2ff53-8bf2-4bc7-bff3-4e6979a0ad8c","dc_title":"Bijlage 1b: Situatietekening","dc_type":"bijlage","foi_fairiscoreVersions":{"v1":1,"v2":1},"foi_fileName":"Z%2F24%2F207518%20-%20369750.pdf","foi_nrPages":1},{"dc_format":"application/pdf","dc_identifier":"nl.gm1954.2c.2024.2837795-7.doc.6","dc_source":"https://api1.ibabs.eu/publicdownload.aspx?site=Beekdaelen&id=99ff3474-8b5a-46e6-9499-2e3c91e57c20","dc_title":"Bijlage 1d: Tekening 1e verdieping","dc_type":"bijlage","foi_fairiscoreVersions":{"v1":1,"v2":1},"foi_fileName":"Z%2F24%2F207518%20-%20369750.pdf","foi_nrPages":1},{"dc_format":"application/pdf","dc_identifier":"nl.gm1954.2c.2024.2837795-7.doc.7","dc_source":"https://api1.ibabs.eu/publicdownload.aspx?site=Beekdaelen&id=2d3ebfe0-eadb-4290-a690-9f5391186f7c","dc_title":"Bijlage 1e: Tekening 2e verdieping","dc_type":"bijlage","foi_fairiscoreVersions":{"v1":1,"v2":1},"foi_fileName":"Z%2F24%2F207518%20-%20369750.pdf","foi_nrPages":1},{"dc_format":"application/pdf","dc_identifier":"nl.gm1954.2c.2024.2837795-7.doc.8","dc_source":"https://api1.ibabs.eu/publicdownload.aspx?site=Beekdaelen&id=82055b5a-af07-4708-b3ad-12d416794fcd","dc_title":"Bijlage 1f: Geveltekeningen","dc_type":"bijlage","foi_fairiscoreVersions":{"v1":2,"v2":2},"foi_fileName":"Z%2F24%2F207518%20-%20369750.pdf","foi_nrPages":1},{"dc_format":"application/pdf","dc_identifier":"nl.gm1954.2c.2024.2837795-7.doc.5","dc_source":"https://api1.ibabs.eu/publicdownload.aspx?site=Beekdaelen&id=4e9355e4-7b43-465d-80dd-078048a8547b","dc_title":"Bijlage 1c: Tekening begane grond","dc_type":"bijlage","foi_fairiscoreVersions":{"v1":1,"v2":1},"foi_fileName":"Z%2F24%2F207518%20-%20369750%20-.pdf","foi_nrPages":1}],"foi_nrDocuments":9,"foi_nrPagesInDossier":78,"foi_publishedDate":"2024-09-17","foi_retrievedDate":"2026-01-22"},{"dc_creator":"HandelingScraper_v1","dc_date_year":2024,"dc_description":"Vergadering van de Gemeente Beekdaelen op 2024-09-17. Onderdeel: Voorstel inzake actualisatie strategische visie Beekdaelen 'Leven en werken in het landschap'.","dc_identifier":"nl.gm1954.2c.2024.2837795-8","dc_publisher":"gm1954","dc_source":"https://beekdaelen.bestuurlijkeinformatie.nl/Agenda/Index/cedaca22-3450-464f-a788-77d8e86ecbfb","dc_title":"Raadsvergadering 2024-09-17 - Voorstel inzake actualisatie strategische visie Beekdaelen 'Leven en werken in het landschap'","dc_type":"2c","dc_type_description":"Vergaderstuk decentrale overheid","foi_fairiscoreVersions":{"v1":2,"v2":1},"foi_files":[{"dc_format":"application/pdf","dc_identifier":"nl.gm1954.2c.2024.2837795-8.doc.3","dc_source":"https://api1.ibabs.eu/publicdownload.aspx?site=Beekdaelen&id=3696fcc2-6ce1-4aac-9050-ec1387bc5fed","dc_title":"Strategische visie gemeente Beekdaelen","dc_type":"bijlage","foi_fairiscoreVersions":{"v1":2,"v2":1},"foi_fileName":"2402160v8%20Strategische%20visie%20gemeente%20Beekdaelen.pdf","foi_nrPages":13},{"dc_format":"application/pdf","dc_identifier":"nl.gm1954.2c.2024.2837795-8.doc.2","dc_source":"https://api1.ibabs.eu/publicdownload.aspx?site=Beekdaelen&id=6db3d730-7ff5-4e7e-bd1c-99af9b6226e8","dc_title":"Raadsbesluit inzake actualisatie strategische visie Beekdaelen - vastgesteld 17-09-2024","dc_type":"bijlage","foi_fairiscoreVersions":{"v1":1,"v2":1},"foi_fileName":"Raadsbesluit%20inzake%20actualisatie%20strategische%20visie%20Beekdaelen.pdf","foi_nrPages":1},{"dc_format":"application/pdf","dc_identifier":"nl.gm1954.2c.2024.2837795-8.doc.1","dc_source":"https://api1.ibabs.eu/publicdownload.aspx?site=Beekdaelen&id=17331268-82e4-412f-88b0-555876250267","dc_title":"Raadsvoorstel inzake actualisatie strategische visie Beekdaelen","dc_type":"bijlage","foi_fairiscoreVersions":{"v1":1,"v2":1},"foi_fileName":"Raadsvoorstel%20inzake%20actualisatie%20strategische%20visie%20Beekdaelen.pdf","foi_nrPages":5}],"foi_nrDocuments":3,"foi_nrPagesInDossier":19,"foi_publishedDate":"2024-09-17","foi_retrievedDate":"2026-03-04"},{"dc_creator":"HandelingScraper_v1","dc_date_year":2024,"dc_description":"Vergadering van de Gemeente Beekdaelen op 2024-09-17. Onderdeel: Amendement GroenLinks en PvdA inzake termijn strategische visie.","dc_identifier":"nl.gm1954.2c.2024.2837795-9","dc_publisher":"gm1954","dc_source":"https://beekdaelen.bestuurlijkeinformatie.nl/Agenda/Index/cedaca22-3450-464f-a788-77d8e86ecbfb","dc_title":"Raadsvergadering 2024-09-17 - Amendement GroenLinks en PvdA inzake termijn strategische visie","dc_type":"2c","dc_type_description":"Vergaderstuk decentrale overheid","foi_fairiscoreVersions":{"v1":1,"v2":1},"foi_files":[{"dc_format":"application/pdf","dc_identifier":"nl.gm1954.2c.2024.2837795-9.doc.1","dc_source":"https://api1.ibabs.eu/publicdownload.aspx?site=Beekdaelen&id=bed724a7-98d9-4ae9-8e95-91ee4cd21a7a","dc_title":"Amendement GL en PvdA inzake termijn strategische visie VERWORPEN","dc_type":"bijlage","foi_fairiscoreVersions":{"v1":1,"v2":1},"foi_fileName":"Amendement%20GL%20en%20PvdA%20inzake%20termijn%20Strategische%20visie%20VERWORPEN.pdf","foi_nrPages":1}],"foi_nrDocuments":1,"foi_nrPagesInDossier":1,"foi_publishedDate":"2024-09-17","foi_retrievedDate":"2026-03-06"},{"dc_creator":"HandelingScraper_v1","dc_date_year":2024,"dc_description":"Vergadering van de Gemeente Beekdaelen op 2024-09-25. Onderdeel: Agenda.","dc_identifier":"nl.gm1954.2c.2024.2837838-1","dc_publisher":"gm1954","dc_source":"https://beekdaelen.bestuurlijkeinformatie.nl/Agenda/Index/e2801948-bcba-418b-b225-6be1838c8daa","dc_title":"BDN Commissie AWACS Limburg 2024-09-25 - Agenda","dc_type":"2c","dc_type_description":"Vergaderstuk decentrale overheid","foi_fairiscoreVersions":{"v1":1,"v2":1},"foi_files":[{"dc_format":"application/pdf","dc_identifier":"nl.gm1954.2c.2024.2837838-1.doc.1","dc_source":"https://api1.ibabs.eu/publicdownload.aspx?site=Beekdaelen&id=48784afc-9af4-441a-9542-c09a67b1ff0f","dc_title":"015-CAL-AWACS-2024-concept agenda 25-09-2024","dc_type":"bijlage","foi_fairiscoreVersions":{"v1":1,"v2":1},"foi_fileName":"015-CAL-AWACS-2024-concept%20agenda%2025-09-2024.pdf","foi_nrPages":3}],"foi_nrDocuments":1,"foi_nrPagesInDossier":3,"foi_publishedDate":"2024-09-25","foi_retrievedDate":"2025-11-30"},{"dc_creator":"HandelingScraper_v1","dc_date_year":2024,"dc_description":"Vergadering van de Gemeente Beekdaelen op 2024-09-25. Onderdeel: Overzicht klachten van het 2e kwartaal 2024 (033-CAL-AWACS-2024).","dc_identifier":"nl.gm1954.2c.2024.2837838-10","dc_publisher":"gm1954","dc_source":"https://beekdaelen.bestuurlijkeinformatie.nl/Agenda/Index/e2801948-bcba-418b-b225-6be1838c8daa","dc_title":"BDN Commissie AWACS Limburg 2024-09-25 - Overzicht klachten van het 2e kwartaal 2024 (033-CAL-AWACS-2024)","dc_type":"2c","dc_type_description":"Vergaderstuk decentrale overheid","foi_fairiscoreVersions":{"v1":2,"v2":1},"foi_files":[{"dc_format":"application/pdf","dc_identifier":"nl.gm1954.2c.2024.2837838-10.doc.1","dc_source":"https://api1.ibabs.eu/publicdownload.aspx?site=Beekdaelen&id=3681f1cd-8d2f-4f40-8ab8-45859009672d","dc_title":"033-CAL-AWACS-2024-2eKW","dc_type":"bijlage","foi_fairiscoreVersions":{"v1":2,"v2":1},"foi_fileName":"033-CAL-AWACS-2024-2eKW%20.pdf","foi_nrPages":21}],"foi_nrDocuments":1,"foi_nrPagesInDossier":21,"foi_publishedDate":"2024-09-25","foi_retrievedDate":"2026-01-22"},{"dc_creator":"HandelingScraper_v1","dc_date_year":2024,"dc_description":"Vergadering van de Gemeente Beekdaelen op 2024-09-25. Onderdeel: Vliegbewegingen boven de woonkernen van Schinveld en Brunssum 2e kwartaalrapport 2024 (034-CAL-AWACS-2024).","dc_identifier":"nl.gm1954.2c.2024.2837838-11","dc_publisher":"gm1954","dc_source":"https://beekdaelen.bestuurlijkeinformatie.nl/Agenda/Index/e2801948-bcba-418b-b225-6be1838c8daa","dc_title":"BDN Commissie AWACS Limburg 2024-09-25 - Vliegbewegingen boven de woonkernen van Schinveld en Brunssum 2e kwartaalrapport 2024 (034-CAL-AWACS-2024)","dc_type":"2c","dc_type_description":"Vergaderstuk decentrale overheid","foi_fairiscoreVersions":{"v1":2,"v2":1},"foi_files":[{"dc_format":"application/pdf","dc_identifier":"nl.gm1954.2c.2024.2837838-11.doc.1","dc_source":"https://api1.ibabs.eu/publicdownload.aspx?site=Beekdaelen&id=013932c1-417d-45f9-ab81-8e1d6bb4cbdd","dc_title":"034-AWACS 2024-2e kwartaal Vliegbewegingen boven de woonbebouwing van Schinveld en  Brunssum","dc_type":"bijlage","foi_fairiscoreVersions":{"v1":2,"v2":1},"foi_fileName":"034-AWACS%202024-2e%20kwartaal%20Vliegbewegingen%20boven%20de%20woonbebouwing%20van%20Schinveld%20en%20%20Brunssum.pdf","foi_nrPages":7}],"foi_nrDocuments":1,"foi_nrPagesInDossier":7,"foi_publishedDate":"2024-09-25","foi_retrievedDate":"2026-03-02"},{"dc_creator":"HandelingScraper_v1","dc_date_year":2024,"dc_description":"Vergadering van de Gemeente Beekdaelen op 2024-09-25. Onderdeel: Concept-verslag.","dc_identifier":"nl.gm1954.2c.2024.2837838-2","dc_publisher":"gm1954","dc_source":"https://beekdaelen.bestuurlijkeinformatie.nl/Agenda/Index/e2801948-bcba-418b-b225-6be1838c8daa","dc_title":"BDN Commissie AWACS Limburg 2024-09-25 - Concept-verslag","dc_type":"2c","dc_type_description":"Vergaderstuk decentrale overheid","foi_fairiscoreVersions":{"v1":1,"v2":1},"foi_files":[{"dc_format":"application/pdf","dc_identifier":"nl.gm1954.2c.2024.2837838-2.doc.1","dc_source":"https://api1.ibabs.eu/publicdownload.aspx?site=Beekdaelen&id=3991936e-43e5-4364-a231-3e891dea303e","dc_title":"016-CAL-AWACS-concept-verslag CAL- AWACS 28-02-2024 versie 15-09-2024","dc_type":"bijlage","foi_fairiscoreVersions":{"v1":1,"v2":1},"foi_fileName":"016-CAL-AWACS-concept-verslag%20CAL-%20AWACS%2028-02-2024%20versie%2015-09-2024.pdf","foi_nrPages":6},{"dc_format":"application/pdf","dc_identifier":"nl.gm1954.2c.2024.2837838-2.doc.2","dc_source":"https://api1.ibabs.eu/publicdownload.aspx?site=Beekdaelen&id=76e3c373-1ebc-4e7b-80ec-59cf47e0be89","dc_title":"017-CAL-AWACS-2024 actielijst 25-09-2024","dc_type":"bijlage","foi_fairiscoreVersions":{"v1":1,"v2":1},"foi_fileName":"017-CAL-AWACS-2024%20actielijst%2025-09-2024.pdf","foi_nrPages":2}],"foi_nrDocuments":2,"foi_nrPagesInDossier":8,"foi_publishedDate":"2024-09-25","foi_retrievedDate":"2026-03-05"},{"dc_creator":"HandelingScraper_v1","dc_date_year":2024,"dc_description":"Vergadering van de Gemeente Beekdaelen op 2024-09-25. Onderdeel: Voornemen wetswijziging Wet luchtvaart i.v.m. bevoegdheidsverdeling t.a.v. buitenlandse luchthavens.","dc_identifier":"nl.gm1954.2c.2024.2837838-3","dc_publisher":"gm1954","dc_source":"https://beekdaelen.bestuurlijkeinformatie.nl/Agenda/Index/e2801948-bcba-418b-b225-6be1838c8daa","dc_title":"BDN Commissie AWACS Limburg 2024-09-25 - Voornemen wetswijziging Wet luchtvaart i.v.m. bevoegdheidsverdeling t.a.v. buitenlandse luchthavens","dc_type":"2c","dc_type_description":"Vergaderstuk decentrale overheid","foi_fairiscoreVersions":{"v1":1,"v2":1},"foi_files":[{"dc_format":"application/pdf","dc_identifier":"nl.gm1954.2c.2024.2837838-3.doc.1","dc_source":"https://api1.ibabs.eu/publicdownload.aspx?site=Beekdaelen&id=fbe0718b-a824-4c01-90f3-005ce2260c4e","dc_title":"035-CAL-AWACS-2024-presentatie wetswijziging","dc_type":"bijlage","foi_fairiscoreVersions":{"v1":1,"v2":1},"foi_fileName":"035-CAL-AWACS-2024-presentatie%20wetswijziging.pdf","foi_nrPages":7}],"foi_nrDocuments":1,"foi_nrPagesInDossier":7,"foi_publishedDate":"2024-09-25","foi_retrievedDate":"2026-03-01"},{"dc_creator":"HandelingScraper_v1","dc_date_year":2024,"dc_description":"Vergadering van de Gemeente Beekdaelen op 2024-09-25. Onderdeel: Evaluaties COVM's en CAL AWACS.","dc_identifier":"nl.gm1954.2c.2024.2837838-4","dc_publisher":"gm1954","dc_source":"https://beekdaelen.bestuurlijkeinformatie.nl/Agenda/Index/e2801948-bcba-418b-b225-6be1838c8daa","dc_title":"BDN Commissie AWACS Limburg 2024-09-25 - Evaluaties COVM's en CAL AWACS","dc_type":"2c","dc_type_description":"Vergaderstuk decentrale overheid","foi_fairiscoreVersions":{"v1":2,"v2":2},"foi_files":[{"dc_format":"application/pdf","dc_identifier":"nl.gm1954.2c.2024.2837838-4.doc.1","dc_source":"https://api1.ibabs.eu/publicdownload.aspx?site=Beekdaelen&id=73e3e651-3982-48ba-bcee-4af1c19c1364","dc_title":"036-CAL-AWACS-2024-presentatie COVM's","dc_type":"bijlage","foi_fairiscoreVersions":{"v1":2,"v2":2},"foi_fileName":"036-CAL-AWACS-2024-presentatie%20COVM%27s.pdf","foi_nrPages":12}],"foi_nrDocuments":1,"foi_nrPagesInDossier":12,"foi_publishedDate":"2024-09-25","foi_retrievedDate":"2026-03-01"},{"dc_creator":"HandelingScraper_v1","dc_date_year":2024,"dc_description":"Vergadering van de Gemeente Beekdaelen op 2024-09-25. Onderdeel: Landelijke evaluatie COVM's.","dc_identifier":"nl.gm1954.2c.2024.2837838-5","dc_publisher":"gm1954","dc_source":"https://beekdaelen.bestuurlijkeinformatie.nl/Agenda/Index/e2801948-bcba-418b-b225-6be1838c8daa","dc_title":"BDN Commissie AWACS Limburg 2024-09-25 - Landelijke evaluatie COVM's","dc_type":"2c","dc_type_description":"Vergaderstuk decentrale overheid","foi_fairiscoreVersions":{"v1":2,"v2":2},"foi_files":[{"dc_format":"application/pdf","dc_identifier":"nl.gm1954.2c.2024.2837838-5.doc.1","dc_source":"https://api1.ibabs.eu/publicdownload.aspx?site=Beekdaelen&id=0c3360d3-b17f-4c86-9510-eba1076911de","dc_title":"018-CAL-AWACS-2024-landelijke evaluatie COVM (met CAL AWACS)","dc_type":"bijlage","foi_fairiscoreVersions":{"v1":2,"v2":2},"foi_fileName":"018-CAL-AWACS-2024-landelijke%20evaluatie%20COVM%20%28met%20CAL%20AWACS%29.pdf","foi_nrPages":52}],"foi_nrDocuments":1,"foi_nrPagesInDossier":52,"foi_publishedDate":"2024-09-25","foi_retrievedDate":"2026-03-05"},{"dc_creator":"HandelingScraper_v1","dc_date_year":2024,"dc_description":"Vergadering van de Gemeente Beekdaelen op 2024-09-25. Onderdeel: Vervolg evaluatie CAL AWACS.","dc_identifier":"nl.gm1954.2c.2024.2837838-6","dc_publisher":"gm1954","dc_source":"https://beekdaelen.bestuurlijkeinformatie.nl/Agenda/Index/e2801948-bcba-418b-b225-6be1838c8daa","dc_title":"BDN Commissie AWACS Limburg 2024-09-25 - Vervolg evaluatie CAL AWACS","dc_type":"2c","dc_type_description":"Vergaderstuk decentrale overheid","foi_fairiscoreVersions":{"v1":2,"v2":2},"foi_files":[{"dc_format":"application/pdf","dc_identifier":"nl.gm1954.2c.2024.2837838-6.doc.1","dc_source":"https://api1.ibabs.eu/publicdownload.aspx?site=Beekdaelen&id=2b438928-3502-469b-8b57-9c39d13be2f3","dc_title":"019-CAL-AWACS-2024 - Brief Voorzitter n.a.v. evaluatie","dc_type":"bijlage","foi_fairiscoreVersions":{"v1":2,"v2":2},"foi_fileName":"019-CAL-AWACS-2024%20-%20Brief%20Voorzitter%20n.a.v.pdf","foi_nrPages":2},{"dc_format":"application/pdf","dc_identifier":"nl.gm1954.2c.2024.2837838-6.doc.2","dc_source":"https://api1.ibabs.eu/publicdownload.aspx?site=Beekdaelen&id=656cfde9-e1ca-4254-9c19-ca91bc7221df","dc_title":"020-CAL-AWACS-2024- Advies dhr. Van der Vlist over toekomstige inrichting CAL","dc_type":"bijlage","foi_fairiscoreVersions":{"v1":1,"v2":1},"foi_fileName":"020-CAL-AWACS-2024-%20Advies%20dhr.pdf","foi_nrPages":4},{"dc_format":"application/pdf","dc_identifier":"nl.gm1954.2c.2024.2837838-6.doc.3","dc_source":"https://api1.ibabs.eu/publicdownload.aspx?site=Beekdaelen&id=e2828769-a5ed-4728-ac08-ee5d9b0be7b9","dc_title":"021-CAL-AWACS-2024- Regiionale Notitie herinrichting Commissie AWACS Limburg","dc_type":"bijlage","foi_fairiscoreVersions":{"v1":1,"v2":1},"foi_fileName":"021-CAL-AWACS-2024-%20Regiionale%20Notitie%20herinrichting%20Commissie%20AWACS%20Limburg.pdf","foi_nrPages":11}],"foi_nrDocuments":3,"foi_nrPagesInDossier":17,"foi_publishedDate":"2024-09-25","foi_retrievedDate":"2026-03-09"},{"dc_creator":"HandelingScraper_v1","dc_date_year":2024,"dc_description":"Vergadering van de Gemeente Beekdaelen op 2024-09-25. Onderdeel: Ingekomen stukken.","dc_identifier":"nl.gm1954.2c.2024.2837838-7","dc_publisher":"gm1954","dc_source":"https://beekdaelen.bestuurlijkeinformatie.nl/Agenda/Index/e2801948-bcba-418b-b225-6be1838c8daa","dc_title":"BDN Commissie AWACS Limburg 2024-09-25 - Ingekomen stukken","dc_type":"2c","dc_type_description":"Vergaderstuk decentrale overheid","foi_fairiscoreVersions":{"v1":2,"v2":2},"foi_files":[{"dc_format":"application/pdf","dc_identifier":"nl.gm1954.2c.2024.2837838-7.doc.1","dc_source":"https://api1.ibabs.eu/publicdownload.aspx?site=Beekdaelen&id=eb4b4330-f8d9-4d9e-b9f9-c51359f4a6aa","dc_title":"022-CAL-AWACS-2024- vragen schiftelijke ronde CAL AWACS 5-06-2024","dc_type":"bijlage","foi_fairiscoreVersions":{"v1":1,"v2":1},"foi_fileName":"022-CAL-AWACS-2024-%20vragen%20schiftelijke%20ronde%20CAL%20AWACS%205-06-2024.pdf","foi_nrPages":4},{"dc_format":"application/pdf","dc_identifier":"nl.gm1954.2c.2024.2837838-7.doc.4","dc_source":"https://api1.ibabs.eu/publicdownload.aspx?site=Beekdaelen&id=45addcaf-a2b7-4478-ae21-9f142f49f6ea","dc_title":"024-CAL-AWACS-2024-DGMR Vliegtuiggeluid vliegbasis Geilenkirchen 2023","dc_type":"bijlage","foi_fairiscoreVersions":{"v1":1,"v2":1},"foi_fileName":"024-CAL-AWACS-2024-DGMR%20Vliegtuiggeluid%20vliegbasis%20Geilenkirchen%202023.pdf","foi_nrPages":42},{"dc_format":"application/pdf","dc_identifier":"nl.gm1954.2c.2024.2837838-7.doc.5","dc_source":"https://api1.ibabs.eu/publicdownload.aspx?site=Beekdaelen&id=5d29e38d-3f33-4a27-8fb4-9ef36f2fcb24","dc_title":"025-CAL-AWACS-2024-NLR rapportage geluidsbelasting 2023","dc_type":"bijlage","foi_fairiscoreVersions":{"v1":2,"v2":2},"foi_fileName":"025-CAL-AWACS-2024-NLR%20rapportage%20geluidsbelasting%202023.pdf","foi_nrPages":16},{"dc_format":"application/pdf","dc_identifier":"nl.gm1954.2c.2024.2837838-7.doc.6","dc_source":"https://api1.ibabs.eu/publicdownload.aspx?site=Beekdaelen&id=4d72c50d-d561-4eea-9828-9c004ddd9365","dc_title":"026-CAL-AWACS-2024-rapportage NLR vliegbaanbewaking 2e helft 2023","dc_type":"bijlage","foi_fairiscoreVersions":{"v1":2,"v2":2},"foi_fileName":"026-CAL-AWACS-2024-rapportage%20NLR%20vliegbaanbewaking%202e%20helft%202023.pdf","foi_nrPages":25},{"dc_format":"application/pdf","dc_identifier":"nl.gm1954.2c.2024.2837838-7.doc.7","dc_source":"https://api1.ibabs.eu/publicdownload.aspx?site=Beekdaelen&id=0c64d68d-8656-4051-8d59-0c36aae9ebe7","dc_title":"027-CAL-AWACS-2024-Overzicht klachten Q1 2024","dc_type":"bijlage","foi_fairiscoreVersions":{"v1":2,"v2":1},"foi_fileName":"027-CAL-AWACS-2024-Overzicht%20klachten%20Q1%202024.pdf","foi_nrPages":21},{"dc_format":"application/pdf","dc_identifier":"nl.gm1954.2c.2024.2837838-7.doc.8","dc_source":"https://api1.ibabs.eu/publicdownload.aspx?site=Beekdaelen&id=4ae572e9-c82a-45c2-83e6-e34643982cc8","dc_title":"028-CAL-AWACS-2024-Woonkernoffenders 1e kwartaal 2024","dc_type":"bijlage","foi_fairiscoreVersions":{"v1":2,"v2":1},"foi_fileName":"028-CAL-AWACS-2024-Woonkernoffenders%201e%20kwartaal%202024.pdf","foi_nrPages":8},{"dc_format":"application/pdf","dc_identifier":"nl.gm1954.2c.2024.2837838-7.doc.2","dc_source":"https://api1.ibabs.eu/publicdownload.aspx?site=Beekdaelen&id=895ab608-d1d4-41f5-9f11-3b5b2cce75a5","dc_title":"023-CAL-AWACS-2024-Memo beantwoording schriftelijke vragen CAL 25 sep 2024 (concept)       - NAGEZONDEN -","dc_type":"bijlage","foi_fairiscoreVersions":{"v1":1,"v2":1},"foi_fileName":"20240920%20-%20Memo%20beantwoording%20schriftelijke%20vragen%20CAL%2025%20sep%202024%20%28concept%29.pdf","foi_nrPages":8},{"dc_format":"application/pdf","dc_identifier":"nl.gm1954.2c.2024.2837838-7.doc.3","dc_source":"https://api1.ibabs.eu/publicdownload.aspx?site=Beekdaelen&id=0058c00e-9cc9-49a9-9158-698af6e52a4c","dc_title":"aankondiging-herziening-obstakelbeleid-luchtvaart        - NAGEZONDEN -","dc_type":"bijlage","foi_fairiscoreVersions":{"v1":1,"v2":1},"foi_fileName":"aankondiging-herziening-obstakelbeleid-luchtvaart.pdf","foi_nrPages":4}],"foi_nrDocuments":8,"foi_nrPagesInDossier":128,"foi_publishedDate":"2024-09-25","foi_retrievedDate":"2025-11-30"},{"dc_creator":"HandelingScraper_v1","dc_date_year":2024,"dc_description":"Vergadering van de Gemeente Beekdaelen op 2024-09-25. Onderdeel: Brief Rijksinzet AWACS-Geilenkirchen-dossier en rolverdeling Defensie \u2013 I&W in de Cal, brief d.d. 25-06-2024 (029-CAL-AWACS-2024).","dc_identifier":"nl.gm1954.2c.2024.2837838-8","dc_publisher":"gm1954","dc_source":"https://beekdaelen.bestuurlijkeinformatie.nl/Agenda/Index/e2801948-bcba-418b-b225-6be1838c8daa","dc_title":"BDN Commissie AWACS Limburg 2024-09-25 - Brief Rijksinzet AWACS-Geilenkirchen-dossier en rolverdeling Defensie \u2013 I&W in de Cal, brief d.d. 25-06-2024 (029-CAL-AWACS-2024)","dc_type":"2c","dc_type_description":"Vergaderstuk decentrale overheid","foi_fairiscoreVersions":{"v1":3,"v2":3},"foi_files":[{"dc_format":"application/pdf","dc_identifier":"nl.gm1954.2c.2024.2837838-8.doc.1","dc_source":"https://api1.ibabs.eu/publicdownload.aspx?site=Beekdaelen&id=95dceb2a-82b3-4ad7-aaf7-1786840537aa","dc_title":"029-CAL-AWACS-2024-Rijksinzet AWACS-Geilenkirchen-dossier en rolverdeling Defensie en IenW in de CAL","dc_type":"bijlage","foi_fairiscoreVersions":{"v1":3,"v2":3},"foi_fileName":"029-CAL-AWACS-2024-Rijksinzet%20AWACS-Geilenkirchen-dossier%20en%20rolverdeling%20Defensie%20en%20IenW%20in%20de%20CAL.pdf","foi_nrPages":6}],"foi_nrDocuments":1,"foi_nrPagesInDossier":6,"foi_publishedDate":"2024-09-25","foi_retrievedDate":"2026-02-05"},{"dc_creator":"HandelingScraper_v1","dc_date_year":2024,"dc_description":"Vergadering van de Gemeente Beekdaelen op 2024-09-25. Onderdeel: Vervanging AWACS toestellen c.a..","dc_identifier":"nl.gm1954.2c.2024.2837838-9","dc_publisher":"gm1954","dc_source":"https://beekdaelen.bestuurlijkeinformatie.nl/Agenda/Index/e2801948-bcba-418b-b225-6be1838c8daa","dc_title":"BDN Commissie AWACS Limburg 2024-09-25 - Vervanging AWACS toestellen c.a.","dc_type":"2c","dc_type_description":"Vergaderstuk decentrale overheid","foi_fairiscoreVersions":{"v1":2,"v2":2},"foi_files":[{"dc_format":"application/pdf","dc_identifier":"nl.gm1954.2c.2024.2837838-9.doc.1","dc_source":"https://api1.ibabs.eu/publicdownload.aspx?site=Beekdaelen&id=7c685fba-021e-4159-96e1-98938490a1ab","dc_title":"030-CAL-AWACS-2024-Beantwoording brief Brunssum en Beekdaelen inzake vervanging AWACS","dc_type":"bijlage","foi_fairiscoreVersions":{"v1":2,"v2":2},"foi_fileName":"030-CAL-AWACS-2024-Beantwoording%20brief%20Brunssum%20en%20Beekdaelen%20inzake%20vervanging%20AWACS.pdf","foi_nrPages":4},{"dc_format":"application/pdf","dc_identifier":"nl.gm1954.2c.2024.2837838-9.doc.2","dc_source":"https://api1.ibabs.eu/publicdownload.aspx?site=Beekdaelen&id=2bfb7d27-6bf9-442a-b4c6-379216b7718f","dc_title":"031-CAL-AWACS-2024-Gemeten geluidsniveaus Turks radarvliegtuig E-7","dc_type":"bijlage","foi_fairiscoreVersions":{"v1":2,"v2":2},"foi_fileName":"031-CAL-AWACS-2024-Gemeten%20geluidsniveaus%20Turks%20radarvliegtuig%20E-7.pdf","foi_nrPages":1},{"dc_format":"application/pdf","dc_identifier":"nl.gm1954.2c.2024.2837838-9.doc.3","dc_source":"https://api1.ibabs.eu/publicdownload.aspx?site=Beekdaelen&id=eb173b48-3685-4203-93f6-ad10f967f61a","dc_title":"032-CAL-AWACS-2024-Verzoek informatie inzake aanbesteding nieuwe AWACS 29 maart 2024","dc_type":"bijlage","foi_fairiscoreVersions":{"v1":2,"v2":2},"foi_fileName":"032-CAL-AWACS-2024-Verzoek%20informatie%20inzake%20aanbesteding%20nieuwe%20AWACS%2029%20maart%202024.pdf","foi_nrPages":3}],"foi_nrDocuments":3,"foi_nrPagesInDossier":8,"foi_publishedDate":"2024-09-25","foi_retrievedDate":"2025-11-30"},{"dc_creator":"HandelingScraper_v1","dc_date_year":2024,"dc_description":"Vergadering van de Gemeente Beekdaelen op 2024-10-15. Onderdeel: Algemeen.","dc_identifier":"nl.gm1954.2c.2024.2837874-1","dc_publisher":"gm1954","dc_source":"https://beekdaelen.bestuurlijkeinformatie.nl/Agenda/Index/7159ec6f-fa09-4cf1-9f8e-1d6aa1c9b9eb","dc_title":"Raadscommissie Sociale Leefomgeving 2024-10-15 - Algemeen","dc_type":"2c","dc_type_description":"Vergaderstuk decentrale overheid","foi_fairiscoreVersions":{"v1":1,"v2":1},"foi_files":[{"dc_format":"application/pdf","dc_identifier":"nl.gm1954.2c.2024.2837874-1.doc.1","dc_source":"https://api1.ibabs.eu/publicdownload.aspx?site=Beekdaelen&id=6ee9439a-cf7a-4967-9e29-f1fe88f9bac5","dc_title":"Technische vragen CDA B1, B2 en C2","dc_type":"bijlage","foi_fairiscoreVersions":{"v1":1,"v2":1},"foi_fileName":"Technische%20vragen%20CDA%20B1_%20B2%20en%20C2.pdf","foi_nrPages":2},{"dc_format":"application/pdf","dc_identifier":"nl.gm1954.2c.2024.2837874-1.doc.2","dc_source":"https://api1.ibabs.eu/publicdownload.aspx?site=Beekdaelen&id=d63b1fd3-bc63-4b48-96ea-e8d7f235e76f","dc_title":"Technische vragen D66 C2","dc_type":"bijlage","foi_fairiscoreVersions":{"v1":1,"v2":1},"foi_fileName":"Technische%20vragen%20D66%20C2.pdf","foi_nrPages":2},{"dc_format":"application/pdf","dc_identifier":"nl.gm1954.2c.2024.2837874-1.doc.3","dc_source":"https://api1.ibabs.eu/publicdownload.aspx?site=Beekdaelen&id=3897e8d7-8d80-4ab6-a45e-1b557d1fc50f","dc_title":"Technische vragen Koll\u00e9e Rijkx B1 en C2","dc_type":"bijlage","foi_fairiscoreVersions":{"v1":1,"v2":1},"foi_fileName":"Technische%20vragen%20Koll%C3%A9e%20Rijkx%20B1%20en%20C2.pdf","foi_nrPages":1},{"dc_format":"application/pdf","dc_identifier":"nl.gm1954.2c.2024.2837874-1.doc.6","dc_source":"https://api1.ibabs.eu/publicdownload.aspx?site=Beekdaelen&id=8bfa2af4-bf21-42f5-a66b-890bbae75dc3","dc_title":"Technische vragen PvdA B1, B2, C1 en C2","dc_type":"bijlage","foi_fairiscoreVersions":{"v1":1,"v2":1},"foi_fileName":"Technische%20vragen%20PvdA%20B1_%20B2_%20C1%20en%20C2.pdf","foi_nrPages":2},{"dc_format":"application/pdf","dc_identifier":"nl.gm1954.2c.2024.2837874-1.doc.5","dc_source":"https://api1.ibabs.eu/publicdownload.aspx?site=Beekdaelen&id=1ab4a51b-3ffd-43be-aafa-b7ec6f1a1bf3","dc_title":"Technische vragen VG B1, B2 en C2","dc_type":"bijlage","foi_fairiscoreVersions":{"v1":1,"v2":1},"foi_fileName":"Technische%20vragen%20VG%20B1_%20B2%20en%20C2.pdf","foi_nrPages":3},{"dc_format":"application/pdf","dc_identifier":"nl.gm1954.2c.2024.2837874-1.doc.4","dc_source":"https://api1.ibabs.eu/publicdownload.aspx?site=Beekdaelen&id=1ddcb0b4-aa45-470b-8e64-3326ee113706","dc_title":"Technische vragen VVD B1 en B2","dc_type":"bijlage","foi_fairiscoreVersions":{"v1":1,"v2":1},"foi_fileName":"Technische%20vragen%20VVD%20B1%20en%20B2.pdf","foi_nrPages":2}],"foi_nrDocuments":6,"foi_nrPagesInDossier":12,"foi_publishedDate":"2024-10-15","foi_retrievedDate":"2025-11-30"},{"dc_creator":"HandelingScraper_v1","dc_date_year":2024,"dc_description":"Vergadering van de Gemeente Beekdaelen op 2024-10-15. Onderdeel: Opening, mededelingen voorzitter en vaststellen agenda.","dc_identifier":"nl.gm1954.2c.2024.2837874-2","dc_publisher":"gm1954","dc_source":"https://beekdaelen.bestuurlijkeinformatie.nl/Agenda/Index/7159ec6f-fa09-4cf1-9f8e-1d6aa1c9b9eb","dc_title":"Raadscommissie Sociale Leefomgeving 2024-10-15 - Opening, mededelingen voorzitter en vaststellen agenda","dc_type":"2c","dc_type_description":"Vergaderstuk decentrale overheid","foi_fairiscoreVersions":{"v1":2,"v2":1},"foi_files":[{"dc_format":"application/octet-stream","dc_identifier":"nl.gm1954.2c.2024.2837874-2.doc.2","dc_source":"https://api1.ibabs.eu/publicdownload.aspx?site=Beekdaelen&id=4df11069-0b26-4a4c-8d8f-16f320a20314","dc_title":"A1 tm A3","dc_type":"bijlage","foi_fileName":"A1%20tm%20A3.mp3"},{"dc_format":"application/pdf","dc_identifier":"nl.gm1954.2c.2024.2837874-2.doc.1","dc_source":"https://api1.ibabs.eu/publicdownload.aspx?site=Beekdaelen&id=2ffb4fb8-dc60-4525-bbf9-2358f167361b","dc_title":"Uitnodiging en voorlopige agenda gecombineerde cie. SLO BM 15102024","dc_type":"bijlage","foi_fairiscoreVersions":{"v1":2,"v2":1},"foi_fileName":"Uitnodiging%20en%20voorlopige%20agenda%20gecombineerde%20cie.pdf","foi_nrPages":2}],"foi_nrDocuments":2,"foi_nrPagesInDossier":2,"foi_publishedDate":"2024-10-15","foi_retrievedDate":"2026-03-02"},{"dc_creator":"HandelingScraper_v1","dc_date_year":2024,"dc_description":"Vergadering van de Gemeente Beekdaelen op 2024-10-15. Onderdeel: Spreekrecht burgers.","dc_identifier":"nl.gm1954.2c.2024.2837874-3","dc_publisher":"gm1954","dc_source":"https://beekdaelen.bestuurlijkeinformatie.nl/Agenda/Index/7159ec6f-fa09-4cf1-9f8e-1d6aa1c9b9eb","dc_title":"Raadscommissie Sociale Leefomgeving 2024-10-15 - Spreekrecht burgers","dc_type":"2c","dc_type_description":"Vergaderstuk decentrale overheid","foi_fairiscoreVersions":{"v1":null,"v2":null},"foi_files":[{"dc_format":"application/octet-stream","dc_identifier":"nl.gm1954.2c.2024.2837874-3.doc.1","dc_source":"https://api1.ibabs.eu/publicdownload.aspx?site=Beekdaelen&id=d174182d-4c9e-451a-960b-ef628f4f8565","dc_title":"A1 tm A3","dc_type":"bijlage","foi_fileName":"A1%20tm%20A3.mp3"}],"foi_nrDocuments":1,"foi_nrPagesInDossier":0,"foi_publishedDate":"2024-10-15","foi_retrievedDate":"2026-03-02"},{"dc_creator":"HandelingScraper_v1","dc_date_year":2024,"dc_description":"Vergadering van de Gemeente Beekdaelen op 2024-10-15. Onderdeel: Vaststellen actiepuntenlijst van de gecombineerde raadscommissie Sociale Leefomgeving / Bestuur & middelen d.d 04.09.2024.","dc_identifier":"nl.gm1954.2c.2024.2837874-4","dc_publisher":"gm1954","dc_source":"https://beekdaelen.bestuurlijkeinformatie.nl/Agenda/Index/7159ec6f-fa09-4cf1-9f8e-1d6aa1c9b9eb","dc_title":"Raadscommissie Sociale Leefomgeving 2024-10-15 - Vaststellen actiepuntenlijst van de gecombineerde raadscommissie Sociale Leefomgeving / Bestuur & middelen d.d 04.09.2024","dc_type":"2c","dc_type_description":"Vergaderstuk decentrale overheid","foi_fairiscoreVersions":{"v1":1,"v2":1},"foi_files":[{"dc_format":"application/octet-stream","dc_identifier":"nl.gm1954.2c.2024.2837874-4.doc.2","dc_source":"https://api1.ibabs.eu/publicdownload.aspx?site=Beekdaelen&id=ccc6f587-2a68-49f4-ac9d-9d3e41a94ae3","dc_title":"A1 tm A3","dc_type":"bijlage","foi_fileName":"A1%20tm%20A3.mp3"},{"dc_format":"application/pdf","dc_identifier":"nl.gm1954.2c.2024.2837874-4.doc.1","dc_source":"https://api1.ibabs.eu/publicdownload.aspx?site=Beekdaelen&id=8387e98f-8708-4e1b-b3bd-f6951086b543","dc_title":"Actiepuntenlijst cie B&M/SL 04092024","dc_type":"bijlage","foi_fairiscoreVersions":{"v1":1,"v2":1},"foi_fileName":"Actiepuntenlijst%20cie%20B%26M%2004092024.pdf","foi_nrPages":6}],"foi_nrDocuments":2,"foi_nrPagesInDossier":6,"foi_publishedDate":"2024-10-15","foi_retrievedDate":"2025-12-01"},{"dc_creator":"HandelingScraper_v1","dc_date_year":2024,"dc_description":"Vergadering van de Gemeente Beekdaelen op 2024-10-15. Onderdeel: Raadsvoorstel inzake: Geactualiseerd onderwijsachterstandenbeleid (OAB) 2024-2027.","dc_identifier":"nl.gm1954.2c.2024.2837874-5","dc_publisher":"gm1954","dc_source":"https://beekdaelen.bestuurlijkeinformatie.nl/Agenda/Index/7159ec6f-fa09-4cf1-9f8e-1d6aa1c9b9eb","dc_title":"Raadscommissie Sociale Leefomgeving 2024-10-15 - Raadsvoorstel inzake: Geactualiseerd onderwijsachterstandenbeleid (OAB) 2024-2027","dc_type":"2c","dc_type_description":"Vergaderstuk decentrale overheid","foi_fairiscoreVersions":{"v1":1,"v2":1},"foi_files":[{"dc_format":"application/octet-stream","dc_identifier":"nl.gm1954.2c.2024.2837874-5.doc.15","dc_source":"https://api1.ibabs.eu/publicdownload.aspx?site=Beekdaelen&id=f2a34a1e-fbeb-431e-ba0e-8e2efd45ec02","dc_title":"B1 advies commissie","dc_type":"bijlage","foi_fileName":"B1%20advies%20commissie.mp3"},{"dc_format":"application/octet-stream","dc_identifier":"nl.gm1954.2c.2024.2837874-5.doc.12","dc_source":"https://api1.ibabs.eu/publicdownload.aspx?site=Beekdaelen&id=55db9872-054c-47e1-9eb9-94658898d617","dc_title":"B1 beantwoording eerste termijn","dc_type":"bijlage","foi_fileName":"B1%20beantwoording%20eerste%20termijn.mp3"},{"dc_format":"application/octet-stream","dc_identifier":"nl.gm1954.2c.2024.2837874-5.doc.14","dc_source":"https://api1.ibabs.eu/publicdownload.aspx?site=Beekdaelen&id=7f02bff7-8673-438e-b056-f20e783b7875","dc_title":"B1 beantwoording tweede termijn","dc_type":"bijlage","foi_fileName":"B1%20beantwoording%20tweede%20termijn.mp3"},{"dc_format":"application/octet-stream","dc_identifier":"nl.gm1954.2c.2024.2837874-5.doc.11","dc_source":"https://api1.ibabs.eu/publicdownload.aspx?site=Beekdaelen&id=0c118c7b-023f-43f0-8814-2b67a665da40","dc_title":"B1 eerste termijn","dc_type":"bijlage","foi_fileName":"B1%20eerste%20termijn.mp3"},{"dc_format":"application/octet-stream","dc_identifier":"nl.gm1954.2c.2024.2837874-5.doc.13","dc_source":"https://api1.ibabs.eu/publicdownload.aspx?site=Beekdaelen&id=61bb6a81-78b1-4f64-acfb-d105ead313dc","dc_title":"B1 tweede termijn","dc_type":"bijlage","foi_fileName":"B1%20tweede%20termijn.mp3"},{"dc_format":"application/pdf","dc_identifier":"nl.gm1954.2c.2024.2837874-5.doc.6","dc_source":"https://api1.ibabs.eu/publicdownload.aspx?site=Beekdaelen&id=e7911e8f-6e63-4576-b1e8-ba47a9845a56","dc_title":"MvA vragen CDA inzake B1 - onderwijsachterstandenbeleid","dc_type":"bijlage","foi_fairiscoreVersions":{"v1":1,"v2":1},"foi_fileName":"MvA%20vragen%20CDA%20inzake%20B1%20-%20onderwijsachterstandenbeleid.pdf","foi_nrPages":4},{"dc_format":"application/pdf","dc_identifier":"nl.gm1954.2c.2024.2837874-5.doc.10","dc_source":"https://api1.ibabs.eu/publicdownload.aspx?site=Beekdaelen&id=e20e5e3d-2746-4485-a687-6c794e1c07c3","dc_title":"MvA vragen Koll\u00e9e Rijkx inzake B1 - onderwijsachterstandenbeleid","dc_type":"bijlage","foi_fairiscoreVersions":{"v1":1,"v2":1},"foi_fileName":"MvA%20vragen%20Koll%C3%A9e%20Rijkx%20inzake%20B1%20-%20onderwijsachterstandenbeleid.pdf","foi_nrPages":2},{"dc_format":"application/pdf","dc_identifier":"nl.gm1954.2c.2024.2837874-5.doc.9","dc_source":"https://api1.ibabs.eu/publicdownload.aspx?site=Beekdaelen&id=59599f38-bab3-4a2f-ab09-de82b121b5fa","dc_title":"MvA vragen PvdA inzake B1 - onderwijsachterstandenbeleid","dc_type":"bijlage","foi_fairiscoreVersions":{"v1":1,"v2":1},"foi_fileName":"MvA%20vragen%20PvdA%20inzake%20B1%20-%20onderwijsachterstandenbeleid.pdf","foi_nrPages":2},{"dc_format":"application/pdf","dc_identifier":"nl.gm1954.2c.2024.2837874-5.doc.7","dc_source":"https://api1.ibabs.eu/publicdownload.aspx?site=Beekdaelen&id=c2bad379-1a5a-420b-8470-709256479ab6","dc_title":"MvA vragen VG inzake B1 - onderwijsachterstandenbeleid","dc_type":"bijlage","foi_fairiscoreVersions":{"v1":1,"v2":1},"foi_fileName":"MvA%20vragen%20VG%20inzake%20B1%20-%20onderwijsachterstandenbeleid.pdf","foi_nrPages":6},{"dc_format":"application/pdf","dc_identifier":"nl.gm1954.2c.2024.2837874-5.doc.8","dc_source":"https://api1.ibabs.eu/publicdownload.aspx?site=Beekdaelen&id=0382d4cf-48a7-4e0e-9917-084d34c7320a","dc_title":"MvA vragen VVD inzake B1 - onderwijsachterstandenbeleid","dc_type":"bijlage","foi_fairiscoreVersions":{"v1":1,"v2":1},"foi_fileName":"MvA%20vragen%20VVD%20inzake%20B1%20-%20onderwijsachterstandenbeleid.pdf","foi_nrPages":4},{"dc_format":"application/pdf","dc_identifier":"nl.gm1954.2c.2024.2837874-5.doc.1","dc_source":"https://api1.ibabs.eu/publicdownload.aspx?site=Beekdaelen&id=71507079-b0e4-4581-8ae3-ff5dfac4be67","dc_title":"Raadsvoorstel inzake: Onderwijsachterstandenbeleid 2024-2027","dc_type":"bijlage","foi_fairiscoreVersions":{"v1":1,"v2":1},"foi_fileName":"Z%2F24%2F209999%20-%20373586%20-%20Onderwijsachterstandenbeleid%202024-2027.pdf","foi_nrPages":4},{"dc_format":"application/pdf","dc_identifier":"nl.gm1954.2c.2024.2837874-5.doc.3","dc_source":"https://api1.ibabs.eu/publicdownload.aspx?site=Beekdaelen&id=6e41fed9-811c-4ec7-be49-92323b105e8c","dc_title":"Bijlage 2: Bijlagen - Onderwijsachterstandenbeleid 2024-2027","dc_type":"bijlage","foi_fairiscoreVersions":{"v1":1,"v2":1},"foi_fileName":"Z%2F24%2F209999%20-%20374154%20-.pdf","foi_nrPages":12},{"dc_format":"application/pdf","dc_identifier":"nl.gm1954.2c.2024.2837874-5.doc.2","dc_source":"https://api1.ibabs.eu/publicdownload.aspx?site=Beekdaelen&id=369a03eb-4e00-4fb2-aadb-a15c78fe2966","dc_title":"Bijlage 1: Concept nota Onderwijsachterstandenbeleid 2024-2027","dc_type":"bijlage","foi_fairiscoreVersions":{"v1":1,"v2":1},"foi_fileName":"Z%2F24%2F209999%20-%20374180.pdf","foi_nrPages":32},{"dc_format":"application/pdf","dc_identifier":"nl.gm1954.2c.2024.2837874-5.doc.5","dc_source":"https://api1.ibabs.eu/publicdownload.aspx?site=Beekdaelen&id=6e517587-a43a-44ad-8b70-95f646de64b8","dc_title":"Bijlage 4: concept raadsbesluit Onderwijsachterstandenbeleid 2024-2027","dc_type":"bijlage","foi_fairiscoreVersions":{"v1":1,"v2":1},"foi_fileName":"Z%2F24%2F209999%20-%20374292%20-%20Raadsbesluit%20OAB.pdf","foi_nrPages":1},{"dc_format":"application/pdf","dc_identifier":"nl.gm1954.2c.2024.2837874-5.doc.4","dc_source":"https://api1.ibabs.eu/publicdownload.aspx?site=Beekdaelen&id=e72f58d6-d596-4c49-93ad-e02ab76f2426","dc_title":"Bijlage 3: Was/Wordt tabel","dc_type":"bijlage","foi_fairiscoreVersions":{"v1":1,"v2":1},"foi_fileName":"Z%2F24%2F209999%20-%20374419%20-%20Was%2FWordt%20tabel.pdf","foi_nrPages":4}],"foi_nrDocuments":15,"foi_nrPagesInDossier":71,"foi_publishedDate":"2024-10-15","foi_retrievedDate":"2025-12-04"},{"dc_creator":"HandelingScraper_v1","dc_date_year":2024,"dc_description":"Vergadering van de Gemeente Beekdaelen op 2024-10-15. Onderdeel: Raadsvoorstel inzake: aankoop pand Openbare Bibliotheek Nuth.","dc_identifier":"nl.gm1954.2c.2024.2837874-6","dc_publisher":"gm1954","dc_source":"https://beekdaelen.bestuurlijkeinformatie.nl/Agenda/Index/7159ec6f-fa09-4cf1-9f8e-1d6aa1c9b9eb","dc_title":"Raadscommissie Sociale Leefomgeving 2024-10-15 - Raadsvoorstel inzake: aankoop pand Openbare Bibliotheek Nuth","dc_type":"2c","dc_type_description":"Vergaderstuk decentrale overheid","foi_fairiscoreVersions":{"v1":2,"v2":2},"foi_files":[{"dc_format":"application/pdf","dc_identifier":"nl.gm1954.2c.2024.2837874-6.doc.7","dc_source":"https://api1.ibabs.eu/publicdownload.aspx?site=Beekdaelen&id=829abf2a-dba8-4b34-aa00-8f655af5a93d","dc_title":"Bijlage 6.1 Fusiedocumenten: Akte van fusie  - Concept 1","dc_type":"bijlage","foi_fairiscoreVersions":{"v1":1,"v2":1},"foi_fileName":"Akte%20van%20fusie%20%20-%20Concept%201.pdf","foi_nrPages":9},{"dc_format":"application/octet-stream","dc_identifier":"nl.gm1954.2c.2024.2837874-6.doc.22","dc_source":"https://api1.ibabs.eu/publicdownload.aspx?site=Beekdaelen&id=37967068-444e-4200-951d-3f4d37e3cf46","dc_title":"B2 advies commissie I","dc_type":"bijlage","foi_fileName":"B2%20advies%20commissie%20I.mp3"},{"dc_format":"application/octet-stream","dc_identifier":"nl.gm1954.2c.2024.2837874-6.doc.23","dc_source":"https://api1.ibabs.eu/publicdownload.aspx?site=Beekdaelen&id=790f8a2a-fe78-40d9-9359-12898cb85daf","dc_title":"B2 advies commissie II","dc_type":"bijlage","foi_fileName":"B2%20advies%20commissie%20II.mp3"},{"dc_format":"application/octet-stream","dc_identifier":"nl.gm1954.2c.2024.2837874-6.doc.19","dc_source":"https://api1.ibabs.eu/publicdownload.aspx?site=Beekdaelen&id=9880d1c5-5efe-4e26-b877-9bff4fa82f73","dc_title":"B2 beantwoording eerste termijn","dc_type":"bijlage","foi_fileName":"B2%20beantwoording%20eerste%20termijn.mp3"},{"dc_format":"application/octet-stream","dc_identifier":"nl.gm1954.2c.2024.2837874-6.doc.21","dc_source":"https://api1.ibabs.eu/publicdownload.aspx?site=Beekdaelen&id=15d976ed-8ea3-49a6-8575-9ae1814927cf","dc_title":"B2 beantwoording tweede termijn","dc_type":"bijlage","foi_fileName":"B2%20beantwoording%20tweede%20termijn.mp3"},{"dc_format":"application/octet-stream","dc_identifier":"nl.gm1954.2c.2024.2837874-6.doc.18","dc_source":"https://api1.ibabs.eu/publicdownload.aspx?site=Beekdaelen&id=afc94073-10d5-4e81-9e53-e13cb2c11ca5","dc_title":"B2 eerste termijn","dc_type":"bijlage","foi_fileName":"B2%20eerste%20termijn.mp3"},{"dc_format":"application/octet-stream","dc_identifier":"nl.gm1954.2c.2024.2837874-6.doc.20","dc_source":"https://api1.ibabs.eu/publicdownload.aspx?site=Beekdaelen&id=27a13b24-e854-4931-8170-eda21a461ef8","dc_title":"B2 tweede termijn","dc_type":"bijlage","foi_fileName":"B2%20tweede%20termijn.mp3"},{"dc_format":"application/pdf","dc_identifier":"nl.gm1954.2c.2024.2837874-6.doc.3","dc_source":"https://api1.ibabs.eu/publicdownload.aspx?site=Beekdaelen&id=713474c0-69e1-4b2a-9185-97e1b74d91ed","dc_title":"Bijlage 1: Begrotingswijziging 8.1 Aankoop pand bibliotheek Nuth (12-9-2024)","dc_type":"bijlage","foi_fairiscoreVersions":{"v1":1,"v2":1},"foi_fileName":"Begrotingswijziging%208.pdf","foi_nrPages":1},{"dc_format":"application/pdf","dc_identifier":"nl.gm1954.2c.2024.2837874-6.doc.8","dc_source":"https://api1.ibabs.eu/publicdownload.aspx?site=Beekdaelen&id=e17a0858-7133-46a1-bf99-3867c9963293","dc_title":"Bijlage 6.2 Fusiedocumenten: Besluit verdwijnende stichting  - Concept","dc_type":"bijlage","foi_fairiscoreVersions":{"v1":1,"v2":1},"foi_fileName":"Besluit%20verdwijnende%20stichting%20%20-%20Concept.pdf","foi_nrPages":2},{"dc_format":"application/pdf","dc_identifier":"nl.gm1954.2c.2024.2837874-6.doc.9","dc_source":"https://api1.ibabs.eu/publicdownload.aspx?site=Beekdaelen&id=bd98e6d5-28a0-4baa-95e5-ec86a4806b3f","dc_title":"Bijlage 6.3 Fusiedocumenten: Besluit verkrijgende stichting  - Concept","dc_type":"bijlage","foi_fairiscoreVersions":{"v1":1,"v2":1},"foi_fileName":"Besluit%20verkrijgende%20stichting%20%20-%20Concept.pdf","foi_nrPages":2},{"dc_format":"application/pdf","dc_identifier":"nl.gm1954.2c.2024.2837874-6.doc.1","dc_source":"https://api1.ibabs.eu/publicdownload.aspx?site=Beekdaelen&id=236d3e41-1bbc-4a34-b679-b7acf02709d8","dc_title":"Raadsvoorstel inzake: Aankoop pand Openbare bibliotheek Nuth","dc_type":"bijlage","foi_fairiscoreVersions":{"v1":1,"v2":1},"foi_fileName":"concept%20raadsvoorstel%20aankoop%20pand%20OBN%20iBabs.pdf","foi_nrPages":5},{"dc_format":"application/pdf","dc_identifier":"nl.gm1954.2c.2024.2837874-6.doc.10","dc_source":"https://api1.ibabs.eu/publicdownload.aspx?site=Beekdaelen&id=c18f3c83-2e1a-44e4-a498-5504126714d3","dc_title":"Bijlage 6.4 Fusiedocumenten: Model document ubo en pep","dc_type":"bijlage","foi_fairiscoreVersions":{"v1":1,"v2":1},"foi_fileName":"Model%20document%20ubo%20en%20pep.pdf","foi_nrPages":5},{"dc_format":"application/pdf","dc_identifier":"nl.gm1954.2c.2024.2837874-6.doc.15","dc_source":"https://api1.ibabs.eu/publicdownload.aspx?site=Beekdaelen&id=c30895c4-4394-4958-94b8-29d831207245","dc_title":"MvA vragen CDA inzake B2 - aankoop pand bibliotheek","dc_type":"bijlage","foi_fairiscoreVersions":{"v1":1,"v2":1},"foi_fileName":"MvA%20vragen%20CDA%20inzake%20B2%20-%20aankoop%20pand%20bibliotheek.pdf","foi_nrPages":2},{"dc_format":"application/pdf","dc_identifier":"nl.gm1954.2c.2024.2837874-6.doc.13","dc_source":"https://api1.ibabs.eu/publicdownload.aspx?site=Beekdaelen&id=f7e7779d-48f9-4b48-b2ff-a8db117316d0","dc_title":"MvA vragen PvdA inzake B2- aankoop pand bibliotheek Bijlage 1 Jaarrekening 2023 voorzien van beoordelingsverklaring d.d. 25-06-2024","dc_type":"bijlage","foi_fairiscoreVersions":{"v1":2,"v2":1},"foi_fileName":"MvA%20vragen%20PvdA%20inzake%20B-%20aankoop%20pand%20bibliothee%20Bijlage%20%20-%20Jaarrekening%202023%20voorzien%20van%20beoordelingsverklaring%20d.d.pdf","foi_nrPages":26},{"dc_format":"application/pdf","dc_identifier":"nl.gm1954.2c.2024.2837874-6.doc.12","dc_source":"https://api1.ibabs.eu/publicdownload.aspx?site=Beekdaelen&id=5a30e8ab-3753-4c69-a7e6-fc5743e6dbab","dc_title":"MvA vragen PvdA inzake B2- aankoop pand bibliotheek","dc_type":"bijlage","foi_fairiscoreVersions":{"v1":1,"v2":1},"foi_fileName":"MvA%20vragen%20PvdA%20inzake%20B-%20aankoop%20pand%20bibliotheek.pdf","foi_nrPages":4},{"dc_format":"application/pdf","dc_identifier":"nl.gm1954.2c.2024.2837874-6.doc.14","dc_source":"https://api1.ibabs.eu/publicdownload.aspx?site=Beekdaelen&id=599c5afc-ef3b-471e-9ef9-70a045b51980","dc_title":"MvA vragen PvdA inzake B2- aankoop pand bibliotheek Bijlage 2 Jaarrekening 2023 met beoordelingsverklaring Bibliotheek L-O","dc_type":"bijlage","foi_fairiscoreVersions":{"v1":5,"v2":5},"foi_fileName":"MvA%20vragen%20PvdA%20inzake%20B-%20aankoop%20pand%20bibliotheek%20Bijlage%202%20Jaarrekening%202023%20met%20beoordelingsverklaring%20Bibliotheek%20L-O.pdf","foi_nrPages":27},{"dc_format":"application/pdf","dc_identifier":"nl.gm1954.2c.2024.2837874-6.doc.16","dc_source":"https://api1.ibabs.eu/publicdownload.aspx?site=Beekdaelen&id=fe79f57f-3f72-46b9-981c-f4271818a639","dc_title":"MvA vragen VG inzake B2 - aankoop pand bibliotheek","dc_type":"bijlage","foi_fairiscoreVersions":{"v1":1,"v2":1},"foi_fileName":"MvA%20vragen%20VG%20inzake%20B2%20-%20aankoop%20pand%20bibliotheek.pdf","foi_nrPages":4},{"dc_format":"application/pdf","dc_identifier":"nl.gm1954.2c.2024.2837874-6.doc.17","dc_source":"https://api1.ibabs.eu/publicdownload.aspx?site=Beekdaelen&id=611e3b16-cd89-414b-8839-5938a483d681","dc_title":"MvA vragen VVD inzake B2 - aankoop pand bibliotheek","dc_type":"bijlage","foi_fairiscoreVersions":{"v1":1,"v2":1},"foi_fileName":"MvA%20vragen%20VVD%20inzake%20B2%20-%20aankoop%20pand%20bibliotheek.pdf","foi_nrPages":4},{"dc_format":"application/pdf","dc_identifier":"nl.gm1954.2c.2024.2837874-6.doc.6","dc_source":"https://api1.ibabs.eu/publicdownload.aspx?site=Beekdaelen&id=5c16a875-9386-41c0-bc49-fb98b3a915cb","dc_title":"Bijlage 5: Taxatierapport_BurgemeesterBeckersstraat106361BVteNuth - Aelmans - geanonimiseerd","dc_type":"bijlage","foi_fairiscoreVersions":{"v1":2,"v2":2},"foi_fileName":"Taxatierapport_BurgemeesterBeckersstraat106361BVteNuth%20-%20Aelmans%20-%20geanonimiseerd.pdf","foi_nrPages":84},{"dc_format":"application/pdf","dc_identifier":"nl.gm1954.2c.2024.2837874-6.doc.5","dc_source":"https://api1.ibabs.eu/publicdownload.aspx?site=Beekdaelen&id=97984ca7-dba7-4392-8cdd-32b5b2aedb14","dc_title":"Bijlage 4: Taxatierapport Burg. Beckersstraat 10 Nuth _boek en Offermans - Bibliotheek - geanonimiseerd","dc_type":"bijlage","foi_fairiscoreVersions":{"v1":2,"v2":2},"foi_fileName":"Taxatierapport%20Burg.pdf","foi_nrPages":92},{"dc_format":"application/pdf","dc_identifier":"nl.gm1954.2c.2024.2837874-6.doc.11","dc_source":"https://api1.ibabs.eu/publicdownload.aspx?site=Beekdaelen&id=a75ce47a-320a-49db-a92a-0dc1d2936d14","dc_title":"Bijlage 6.5 Fusiedocumenten: Voorstel tot juridische fusie  - Brief (1)","dc_type":"bijlage","foi_fairiscoreVersions":{"v1":1,"v2":1},"foi_fileName":"Voorstel%20tot%20juridische%20fusie%20%20-%20Brief%20%281%29.pdf","foi_nrPages":8},{"dc_format":"application/pdf","dc_identifier":"nl.gm1954.2c.2024.2837874-6.doc.4","dc_source":"https://api1.ibabs.eu/publicdownload.aspx?site=Beekdaelen&id=21e28a50-d426-4ffd-8156-2e3c96682057","dc_title":"Bijlage 3: Jaarrekening 2023 OBN","dc_type":"bijlage","foi_fairiscoreVersions":{"v1":2,"v2":1},"foi_fileName":"Z%2F23%2F189886%20-%20374000%20-%20Jaarrekening%202023%20OBN.pdf","foi_nrPages":26},{"dc_format":"application/pdf","dc_identifier":"nl.gm1954.2c.2024.2837874-6.doc.2","dc_source":"https://api1.ibabs.eu/publicdownload.aspx?site=Beekdaelen&id=72dc21ca-7fdd-4e43-9c29-f44d1a7ee2c2","dc_title":"Concept raadsbesluit aankoop pand openbare bibliotheek Nuth","dc_type":"bijlage","foi_fairiscoreVersions":{"v1":1,"v2":1},"foi_fileName":"Z%2F23%2F189886%20-%20374002%20-%20aankoop%20pand%20openbare%20bibliotheek%20Nuth.pdf","foi_nrPages":1}],"foi_nrDocuments":23,"foi_nrPagesInDossier":302,"foi_publishedDate":"2024-10-15","foi_retrievedDate":"2025-12-06"},{"dc_creator":"HandelingScraper_v1","dc_date_year":2024,"dc_description":"Vergadering van de Gemeente Beekdaelen op 2024-10-15. Onderdeel: Voorstel inzake: aanbesteding accountantsdiensten 2025 tot en met 2028.","dc_identifier":"nl.gm1954.2c.2024.2837874-7","dc_publisher":"gm1954","dc_source":"https://beekdaelen.bestuurlijkeinformatie.nl/Agenda/Index/7159ec6f-fa09-4cf1-9f8e-1d6aa1c9b9eb","dc_title":"Raadscommissie Sociale Leefomgeving 2024-10-15 - Voorstel inzake: aanbesteding accountantsdiensten 2025 tot en met 2028","dc_type":"2c","dc_type_description":"Vergaderstuk decentrale overheid","foi_fairiscoreVersions":{"v1":2,"v2":1},"foi_files":[{"dc_format":"application/octet-stream","dc_identifier":"nl.gm1954.2c.2024.2837874-7.doc.11","dc_source":"https://api1.ibabs.eu/publicdownload.aspx?site=Beekdaelen&id=40ed3978-6385-4592-8c5e-2ae99eee41de","dc_title":"C1 advies commissie","dc_type":"bijlage","foi_fileName":"C1%20advies%20commissie.mp3"},{"dc_format":"application/octet-stream","dc_identifier":"nl.gm1954.2c.2024.2837874-7.doc.8","dc_source":"https://api1.ibabs.eu/publicdownload.aspx?site=Beekdaelen&id=c2a2a011-f3b5-41c1-95ff-05121b3c4e04","dc_title":"C1 beantwoording eerste termijn","dc_type":"bijlage","foi_fileName":"C1%20beantwoording%20eerste%20termijn.mp3"},{"dc_format":"application/octet-stream","dc_identifier":"nl.gm1954.2c.2024.2837874-7.doc.10","dc_source":"https://api1.ibabs.eu/publicdownload.aspx?site=Beekdaelen&id=781b07af-8cfd-44ed-a389-bec02a5a5895","dc_title":"C1 beantwoording tweede termijn","dc_type":"bijlage","foi_fileName":"C1%20beantwoording%20tweede%20termijn.mp3"},{"dc_format":"application/octet-stream","dc_identifier":"nl.gm1954.2c.2024.2837874-7.doc.7","dc_source":"https://api1.ibabs.eu/publicdownload.aspx?site=Beekdaelen&id=ab5704c7-1d16-4daa-981d-039ccd825119","dc_title":"C1 eerste termijn","dc_type":"bijlage","foi_fileName":"C1%20eerste%20termijn.mp3"},{"dc_format":"application/octet-stream","dc_identifier":"nl.gm1954.2c.2024.2837874-7.doc.9","dc_source":"https://api1.ibabs.eu/publicdownload.aspx?site=Beekdaelen&id=6824317f-dd74-469d-80dd-8321866c08ea","dc_title":"C1 tweede termijn","dc_type":"bijlage","foi_fileName":"C1%20tweede%20termijn.mp3"},{"dc_format":"application/pdf","dc_identifier":"nl.gm1954.2c.2024.2837874-7.doc.4","dc_source":"https://api1.ibabs.eu/publicdownload.aspx?site=Beekdaelen&id=1caef21b-2947-4a7e-a62d-b69563a8a831","dc_title":"Bijlage 2.1 Bijlage bij de leidraad: Concept overeenkomst accountantsdiensten 2025 - 2028","dc_type":"bijlage","foi_fairiscoreVersions":{"v1":1,"v2":1},"foi_fileName":"Concept%20overeenkomst%20accountantsdiensten%202025%20-%202028.pdf","foi_nrPages":7},{"dc_format":"application/pdf","dc_identifier":"nl.gm1954.2c.2024.2837874-7.doc.3","dc_source":"https://api1.ibabs.eu/publicdownload.aspx?site=Beekdaelen&id=abf44191-1bf6-4b75-9c43-42eaaaaee754","dc_title":"Bijlage 2: Leidraad aanbesteding accountantsdiensten 2025 tm 2028 gemeente  Beekdaelen versie 18 september 2024","dc_type":"bijlage","foi_fairiscoreVersions":{"v1":2,"v2":1},"foi_fileName":"Leidraad%20aanbesteding%20accountantsdiensten%202025%20tm%202028%20gemeente%20%20Beekdaelen%20versie%2018%20september%202024.pdf","foi_nrPages":34},{"dc_format":"application/pdf","dc_identifier":"nl.gm1954.2c.2024.2837874-7.doc.6","dc_source":"https://api1.ibabs.eu/publicdownload.aspx?site=Beekdaelen&id=9d7c016c-390e-4664-ba1f-69902ec02ca7","dc_title":"MvA vragen PvdA inzake C1 - aanbesteding accountantsdiensten","dc_type":"bijlage","foi_fairiscoreVersions":{"v1":1,"v2":1},"foi_fileName":"MvA%20vragen%20PvdA%20inzake%20C2%20-%20aanbesteding%20accountantsdiensten.pdf","foi_nrPages":3},{"dc_format":"application/pdf","dc_identifier":"nl.gm1954.2c.2024.2837874-7.doc.2","dc_source":"https://api1.ibabs.eu/publicdownload.aspx?site=Beekdaelen&id=6712808d-5322-4b99-a6bd-1f660e866fa1","dc_title":"Bijlage 1: concept raadsbesluit inzake aanbesteding accountantsdiensten","dc_type":"bijlage","foi_fairiscoreVersions":{"v1":1,"v2":1},"foi_fileName":"RBS%20inzake%20aanbesteding%20accountantsdiensten.pdf","foi_nrPages":1},{"dc_format":"application/pdf","dc_identifier":"nl.gm1954.2c.2024.2837874-7.doc.1","dc_source":"https://api1.ibabs.eu/publicdownload.aspx?site=Beekdaelen&id=f65666e3-8b60-4493-aa96-d4cdde7e0fff","dc_title":"Raadsvoorstel inzake aanbesteding accountantsdiensten","dc_type":"bijlage","foi_fairiscoreVersions":{"v1":1,"v2":1},"foi_fileName":"RVS%20inzake%20aanbesteding%20accountantsdiensten.pdf","foi_nrPages":2},{"dc_format":"application/pdf","dc_identifier":"nl.gm1954.2c.2024.2837874-7.doc.5","dc_source":"https://api1.ibabs.eu/publicdownload.aspx?site=Beekdaelen&id=cfa0d2d7-e5a2-447a-a3fd-977eceeaaddd","dc_title":"Bijlage 2.2: Bijlage bij de leidraad: Verwerkersovereenkomst uitvoering accountantsdiensten Beekdaelen","dc_type":"bijlage","foi_fairiscoreVersions":{"v1":1,"v2":1},"foi_fileName":"Verwerkersovereenkomst%20uitvoering%20accountantsdiensten%20Beekdaelen.pdf","foi_nrPages":3}],"foi_nrDocuments":11,"foi_nrPagesInDossier":50,"foi_publishedDate":"2024-10-15","foi_retrievedDate":"2026-03-04"},{"dc_creator":"HandelingScraper_v1","dc_date_year":2024,"dc_description":"Vergadering van de Gemeente Beekdaelen op 2024-10-15. Onderdeel: Raadsvoorstel inzake: Inkoopbeleid gemeente Beekdaelen 2024.","dc_identifier":"nl.gm1954.2c.2024.2837874-8","dc_publisher":"gm1954","dc_source":"https://beekdaelen.bestuurlijkeinformatie.nl/Agenda/Index/7159ec6f-fa09-4cf1-9f8e-1d6aa1c9b9eb","dc_title":"Raadscommissie Sociale Leefomgeving 2024-10-15 - Raadsvoorstel inzake: Inkoopbeleid gemeente Beekdaelen 2024","dc_type":"2c","dc_type_description":"Vergaderstuk decentrale overheid","foi_fairiscoreVersions":{"v1":2,"v2":1},"foi_files":[{"dc_format":"application/pdf","dc_identifier":"nl.gm1954.2c.2024.2837874-8.doc.1","dc_source":"https://api1.ibabs.eu/publicdownload.aspx?site=Beekdaelen&id=1324a340-ab80-4fd2-9340-46ef0e5c01b9","dc_title":"Raadsvoorstel \"Inkoopbeleid gemeente Beekdaelen 2024\"","dc_type":"bijlage","foi_fairiscoreVersions":{"v1":1,"v2":1},"foi_fileName":"364424_1.pdf","foi_nrPages":3},{"dc_format":"application/pdf","dc_identifier":"nl.gm1954.2c.2024.2837874-8.doc.2","dc_source":"https://api1.ibabs.eu/publicdownload.aspx?site=Beekdaelen&id=bd888038-152b-498a-93f8-45e487bdfd76","dc_title":"Bijlage 1: concept raadsbesluit Inkoopbeleid gemeente Beekdaelen 2024","dc_type":"bijlage","foi_fairiscoreVersions":{"v1":1,"v2":1},"foi_fileName":"371913_1.pdf","foi_nrPages":1},{"dc_format":"application/octet-stream","dc_identifier":"nl.gm1954.2c.2024.2837874-8.doc.14","dc_source":"https://api1.ibabs.eu/publicdownload.aspx?site=Beekdaelen&id=77b26c4b-d6ea-4329-8e47-347f09599b3c","dc_title":"C2 advies commissie","dc_type":"bijlage","foi_fileName":"C2%20advies%20commissie.mp3"},{"dc_format":"application/octet-stream","dc_identifier":"nl.gm1954.2c.2024.2837874-8.doc.11","dc_source":"https://api1.ibabs.eu/publicdownload.aspx?site=Beekdaelen&id=5e8ef654-dc0f-4067-b295-f2a0c33a1102","dc_title":"C2 beantwoording eerste termijn","dc_type":"bijlage","foi_fileName":"C2%20beantwoording%20eerste%20termijn.mp3"},{"dc_format":"application/octet-stream","dc_identifier":"nl.gm1954.2c.2024.2837874-8.doc.13","dc_source":"https://api1.ibabs.eu/publicdownload.aspx?site=Beekdaelen&id=4c2c1fdd-25bb-4efa-9bd5-9e3ab35cbd4d","dc_title":"C2 beantwoording tweede termijn","dc_type":"bijlage","foi_fileName":"C2%20beantwoording%20tweede%20termijn.mp3"},{"dc_format":"application/octet-stream","dc_identifier":"nl.gm1954.2c.2024.2837874-8.doc.10","dc_source":"https://api1.ibabs.eu/publicdownload.aspx?site=Beekdaelen&id=08156460-56ee-4123-a84c-92ee86c7c9b7","dc_title":"C2 eerste termijn","dc_type":"bijlage","foi_fileName":"C2%20eerste%20termijn.mp3"},{"dc_format":"application/octet-stream","dc_identifier":"nl.gm1954.2c.2024.2837874-8.doc.12","dc_source":"https://api1.ibabs.eu/publicdownload.aspx?site=Beekdaelen&id=befd16c5-66ee-4521-b9c2-645df653ffc9","dc_title":"C2 tweede termijn","dc_type":"bijlage","foi_fileName":"C2%20tweede%20termijn.mp3"},{"dc_format":"application/pdf","dc_identifier":"nl.gm1954.2c.2024.2837874-8.doc.3","dc_source":"https://api1.ibabs.eu/publicdownload.aspx?site=Beekdaelen&id=197a2fa6-4dba-4f37-bdcd-ca77799da0e7","dc_title":"Bijlage 2: conceptnota Inkoopbeleid Gemeente Beekdaelen 2024","dc_type":"bijlage","foi_fairiscoreVersions":{"v1":2,"v2":1},"foi_fileName":"Concept%20Inkoopbeleid%2027052024%20372250.pdf","foi_nrPages":23},{"dc_format":"application/pdf","dc_identifier":"nl.gm1954.2c.2024.2837874-8.doc.8","dc_source":"https://api1.ibabs.eu/publicdownload.aspx?site=Beekdaelen&id=293bcd89-cf84-4d9b-979a-b5023240cf4c","dc_title":"MvA vragen CDA inzake C2 - inkoopbeleid","dc_type":"bijlage","foi_fairiscoreVersions":{"v1":1,"v2":1},"foi_fileName":"MvA%20vragen%20CDA%20inzake%20C2%20-%20inkoopbeleid.pdf","foi_nrPages":2},{"dc_format":"application/pdf","dc_identifier":"nl.gm1954.2c.2024.2837874-8.doc.7","dc_source":"https://api1.ibabs.eu/publicdownload.aspx?site=Beekdaelen&id=ea51a05a-276c-41c0-ab83-d5a3ece0464c","dc_title":"MvA vragen D66 inzake C2 - inkoopbeleid","dc_type":"bijlage","foi_fairiscoreVersions":{"v1":1,"v2":1},"foi_fileName":"MvA%20vragen%20D66%20inzake%20C2%20-%20inkoopbeleid.pdf","foi_nrPages":3},{"dc_format":"application/pdf","dc_identifier":"nl.gm1954.2c.2024.2837874-8.doc.6","dc_source":"https://api1.ibabs.eu/publicdownload.aspx?site=Beekdaelen&id=8c1af092-42e4-4bf1-bcf6-1ee908b0160c","dc_title":"MvA vragen Koll\u00e9e Rijkx inzake C2 - inkoopbeleid","dc_type":"bijlage","foi_fairiscoreVersions":{"v1":1,"v2":1},"foi_fileName":"MvA%20vragen%20Koll%C3%A9e%20Rijkx%20inzake%20C2%20-%20inkoopbeleid.pdf","foi_nrPages":1},{"dc_format":"application/pdf","dc_identifier":"nl.gm1954.2c.2024.2837874-8.doc.5","dc_source":"https://api1.ibabs.eu/publicdownload.aspx?site=Beekdaelen&id=a975cec4-5754-4d00-887c-e2ffb48de730","dc_title":"MvA vragen PvdA inzake C2 - inkoopbeleid","dc_type":"bijlage","foi_fairiscoreVersions":{"v1":1,"v2":1},"foi_fileName":"MvA%20vragen%20PvdA%20inzake%20C2%20-%20inkoopbeleid.pdf","foi_nrPages":2},{"dc_format":"application/pdf","dc_identifier":"nl.gm1954.2c.2024.2837874-8.doc.9","dc_source":"https://api1.ibabs.eu/publicdownload.aspx?site=Beekdaelen&id=85d1abd4-4e8b-4aa2-b8d5-c4f35891c21e","dc_title":"MvA vragen VG inzake C2 - inkoopbeleid","dc_type":"bijlage","foi_fairiscoreVersions":{"v1":1,"v2":1},"foi_fileName":"MvA%20vragen%20VG%20inzake%20C2%20-%20inkoopbeleid.pdf","foi_nrPages":1},{"dc_format":"application/pdf","dc_identifier":"nl.gm1954.2c.2024.2837874-8.doc.4","dc_source":"https://api1.ibabs.eu/publicdownload.aspx?site=Beekdaelen&id=06d66651-d3d4-46ca-ab1b-279b0b831ade","dc_title":"Bijlage 3: Overzicht belangrijkste wijzigingen nieuwe inkoopbeleid","dc_type":"bijlage","foi_fairiscoreVersions":{"v1":1,"v2":1},"foi_fileName":"Overzicht%20belangrijkste%20wijzigingen%20nieuwe%20inkoopbeleid.pdf","foi_nrPages":1}],"foi_nrDocuments":14,"foi_nrPagesInDossier":37,"foi_publishedDate":"2024-10-15","foi_retrievedDate":"2026-03-03"},{"dc_creator":"HandelingScraper_v1","dc_date_year":2024,"dc_description":"Vergadering van de Gemeente Beekdaelen op 2024-10-15. Onderdeel: Rondvraag clusters Sociale Leefomgeving en Bestuur & Middelen.","dc_identifier":"nl.gm1954.2c.2024.2837874-9","dc_publisher":"gm1954","dc_source":"https://beekdaelen.bestuurlijkeinformatie.nl/Agenda/Index/7159ec6f-fa09-4cf1-9f8e-1d6aa1c9b9eb","dc_title":"Raadscommissie Sociale Leefomgeving 2024-10-15 - Rondvraag clusters Sociale Leefomgeving en Bestuur & Middelen","dc_type":"2c","dc_type_description":"Vergaderstuk decentrale overheid","foi_fairiscoreVersions":{"v1":null,"v2":null},"foi_files":[{"dc_format":"application/octet-stream","dc_identifier":"nl.gm1954.2c.2024.2837874-9.doc.1","dc_source":"https://api1.ibabs.eu/publicdownload.aspx?site=Beekdaelen&id=492fa65b-3e08-4128-b1d5-8729b7aed2d3","dc_title":"D Rondvraag en sluiting","dc_type":"bijlage","foi_fileName":"D%20Rondvraag%20en%20sluiting.mp3"}],"foi_nrDocuments":1,"foi_nrPagesInDossier":0,"foi_publishedDate":"2024-10-15","foi_retrievedDate":"2026-03-02"},{"dc_creator":"HandelingScraper_v1","dc_date_year":2024,"dc_description":"Vergadering van de Gemeente Beekdaelen op 2024-10-29. Onderdeel: Opening.","dc_identifier":"nl.gm1954.2c.2024.2837961-1","dc_publisher":"gm1954","dc_source":"https://beekdaelen.bestuurlijkeinformatie.nl/Agenda/Index/68faa9c6-bdc5-406e-9247-09ba0fc2733f","dc_title":"Raadsvergadering 2024-10-29 - Opening","dc_type":"2c","dc_type_description":"Vergaderstuk decentrale overheid","foi_fairiscoreVersions":{"v1":1,"v2":1},"foi_files":[{"dc_format":"application/pdf","dc_identifier":"nl.gm1954.2c.2024.2837961-1.doc.1","dc_source":"https://api1.ibabs.eu/publicdownload.aspx?site=Beekdaelen&id=786e7692-b19d-43a1-948b-d7da235dee94","dc_title":"Uitnodiging en voorlopige agenda raadsvergadering 29 oktober 2024","dc_type":"bijlage","foi_fairiscoreVersions":{"v1":1,"v2":1},"foi_fileName":"Uitnodiging%20en%20voorlopige%20agenda%20raadsvergadering%2029%20oktober%202024.pdf","foi_nrPages":2}],"foi_nrDocuments":1,"foi_nrPagesInDossier":2,"foi_publishedDate":"2024-10-29","foi_retrievedDate":"2026-03-07"},{"dc_creator":"HandelingScraper_v1","dc_date_year":2024,"dc_description":"Vergadering van de Gemeente Beekdaelen op 2024-10-29. Onderdeel: Vaststellen besluitenlijst openbare raadsvergadering d.d. 17 september 2024.","dc_identifier":"nl.gm1954.2c.2024.2837961-2","dc_publisher":"gm1954","dc_source":"https://beekdaelen.bestuurlijkeinformatie.nl/Agenda/Index/68faa9c6-bdc5-406e-9247-09ba0fc2733f","dc_title":"Raadsvergadering 2024-10-29 - Vaststellen besluitenlijst openbare raadsvergadering d.d. 17 september 2024","dc_type":"2c","dc_type_description":"Vergaderstuk decentrale overheid","foi_fairiscoreVersions":{"v1":1,"v2":1},"foi_files":[{"dc_format":"application/pdf","dc_identifier":"nl.gm1954.2c.2024.2837961-2.doc.1","dc_source":"https://api1.ibabs.eu/publicdownload.aspx?site=Beekdaelen&id=8e9abe2a-805f-4a13-b271-c88ebdfc2c35","dc_title":"Besluitenlijst raadsvergadering 17092024 - vastgesteld 29-10-2024","dc_type":"bijlage","foi_fairiscoreVersions":{"v1":1,"v2":1},"foi_fileName":"Besluitenlijst%20raadsvergadering%2017092024.pdf","foi_nrPages":12}],"foi_nrDocuments":1,"foi_nrPagesInDossier":12,"foi_publishedDate":"2024-10-29","foi_retrievedDate":"2026-03-04"},{"dc_creator":"HandelingScraper_v1","dc_date_year":2024,"dc_description":"Vergadering van de Gemeente Beekdaelen op 2024-10-29. Onderdeel: Voorstel inzake benoeming commissievoorzitter cie Sociale Leefomgeving en nieuw burgercommissielid.","dc_identifier":"nl.gm1954.2c.2024.2837961-3","dc_publisher":"gm1954","dc_source":"https://beekdaelen.bestuurlijkeinformatie.nl/Agenda/Index/68faa9c6-bdc5-406e-9247-09ba0fc2733f","dc_title":"Raadsvergadering 2024-10-29 - Voorstel inzake benoeming commissievoorzitter cie Sociale Leefomgeving en nieuw burgercommissielid","dc_type":"2c","dc_type_description":"Vergaderstuk decentrale overheid","foi_fairiscoreVersions":{"v1":1,"v2":1},"foi_files":[{"dc_format":"application/pdf","dc_identifier":"nl.gm1954.2c.2024.2837961-3.doc.2","dc_source":"https://api1.ibabs.eu/publicdownload.aspx?site=Beekdaelen&id=0efbeb27-65cd-4054-9ee7-fe312e80aeb5","dc_title":"Raadsbesluit inzake benoeming commissievoorzitter cie Sociale Leefomgeving en nieuw burgercommissielid - vastgesteld 29-10-2024","dc_type":"bijlage","foi_fairiscoreVersions":{"v1":1,"v2":1},"foi_fileName":"Raadsbesluit%20inzake%20benoeming%20commissievoorzitter%20cie%20Sociale%20Leefomgeving%20en%20nieuw%20burgercommissielid.pdf","foi_nrPages":1},{"dc_format":"application/pdf","dc_identifier":"nl.gm1954.2c.2024.2837961-3.doc.1","dc_source":"https://api1.ibabs.eu/publicdownload.aspx?site=Beekdaelen&id=286acc8e-880d-4ce7-ac6f-a36ec484ed85","dc_title":"Raadsvoorstel inzake benoeming commissievoorzitter cie Sociale Leefomgeving en nieuw burgercommissielid","dc_type":"bijlage","foi_fairiscoreVersions":{"v1":1,"v2":1},"foi_fileName":"Raadsvoorstel%20inzake%20benoeming%20commissievooriztter%20cie.pdf","foi_nrPages":1}],"foi_nrDocuments":2,"foi_nrPagesInDossier":2,"foi_publishedDate":"2024-10-29","foi_retrievedDate":"2026-02-12"},{"dc_creator":"HandelingScraper_v1","dc_date_year":2024,"dc_description":"Vergadering van de Gemeente Beekdaelen op 2024-10-29. Onderdeel: Voorstel inzake vaststellen taakbeschrijvingen griffie.","dc_identifier":"nl.gm1954.2c.2024.2837961-4","dc_publisher":"gm1954","dc_source":"https://beekdaelen.bestuurlijkeinformatie.nl/Agenda/Index/68faa9c6-bdc5-406e-9247-09ba0fc2733f","dc_title":"Raadsvergadering 2024-10-29 - Voorstel inzake vaststellen taakbeschrijvingen griffie","dc_type":"2c","dc_type_description":"Vergaderstuk decentrale overheid","foi_fairiscoreVersions":{"v1":null,"v2":null},"foi_files":[{"dc_format":"application/pdf","dc_identifier":"nl.gm1954.2c.2024.2837961-4.doc.5","dc_source":"https://api1.ibabs.eu/publicdownload.aspx?site=Beekdaelen&id=e5893713-1279-4e25-afc1-68157fb488cb","dc_title":"Definitieve versie taakbeschrijving griffiemedewerker september 2024","dc_type":"bijlage","foi_fileName":"Definitieve%20versie%20taakbeschrijving%20griffiemedewerker%20september%202024.pdf"},{"dc_format":"application/pdf","dc_identifier":"nl.gm1954.2c.2024.2837961-4.doc.3","dc_source":"https://api1.ibabs.eu/publicdownload.aspx?site=Beekdaelen&id=e8800346-fab4-4531-b99d-ba05dc810555","dc_title":"Definitieve versie taakbeschrijving griffier september 2024","dc_type":"bijlage","foi_fileName":"Definitieve%20versie%20taakbeschrijving%20griffier%20september%202024.pdf"},{"dc_format":"application/pdf","dc_identifier":"nl.gm1954.2c.2024.2837961-4.doc.4","dc_source":"https://api1.ibabs.eu/publicdownload.aspx?site=Beekdaelen&id=bab3b4f7-d4c9-40cb-8d53-4f2083f2e243","dc_title":"Definitieve versie taakbeschrijving raadsadviseur september 2024","dc_type":"bijlage","foi_fileName":"Definitieve%20versie%20taakbeschrijving%20raadsadviseur%20september%202024.pdf"},{"dc_format":"application/pdf","dc_identifier":"nl.gm1954.2c.2024.2837961-4.doc.2","dc_source":"https://api1.ibabs.eu/publicdownload.aspx?site=Beekdaelen&id=2f35605d-c072-472a-a4c3-537eb470e1d1","dc_title":"Raadsbesluit inzake vaststellen functiebeschrijvingen griffie - vastgesteld 29-10-2024","dc_type":"bijlage","foi_fileName":"Raadsbesluit%20inzake%20vaststellen%20functiebeschrijvingen%20griffie.pdf"},{"dc_format":"application/pdf","dc_identifier":"nl.gm1954.2c.2024.2837961-4.doc.1","dc_source":"https://api1.ibabs.eu/publicdownload.aspx?site=Beekdaelen&id=b0bf3555-913f-439a-95ce-a9a33421846f","dc_title":"Raadsvoorstel inzake vaststellen functiebeschrijvingen griffie","dc_type":"bijlage","foi_fileName":"Raadsvoorstel%20inzake%20vaststellen%20functiebeschrijvingen%20griffie.pdf"}],"foi_nrDocuments":5,"foi_nrPagesInDossier":0,"foi_publishedDate":"2024-10-29","foi_retrievedDate":"2025-11-30"},{"dc_creator":"HandelingScraper_v1","dc_date_year":2024,"dc_description":"Vergadering van de Gemeente Beekdaelen op 2024-10-29. Onderdeel: Voorstel inzake geactualiseerd onderwijsachterstandenbeleid 2024-2027.","dc_identifier":"nl.gm1954.2c.2024.2837961-5","dc_publisher":"gm1954","dc_source":"https://beekdaelen.bestuurlijkeinformatie.nl/Agenda/Index/68faa9c6-bdc5-406e-9247-09ba0fc2733f","dc_title":"Raadsvergadering 2024-10-29 - Voorstel inzake geactualiseerd onderwijsachterstandenbeleid 2024-2027","dc_type":"2c","dc_type_description":"Vergaderstuk decentrale overheid","foi_fairiscoreVersions":{"v1":1,"v2":1},"foi_files":[{"dc_format":"application/pdf","dc_identifier":"nl.gm1954.2c.2024.2837961-5.doc.2","dc_source":"https://api1.ibabs.eu/publicdownload.aspx?site=Beekdaelen&id=77fec5a7-86ab-4ec9-af93-fe3f09091835","dc_title":"Raadsbesluit inzake Onderwijsachterstandenbeleid 2024-2027 - vastgesteld 29-10-2024","dc_type":"bijlage","foi_fairiscoreVersions":{"v1":1,"v2":1},"foi_fileName":"Raadsbesluit%20inzake%20vaststellen%20OAB.pdf","foi_nrPages":1},{"dc_format":"application/pdf","dc_identifier":"nl.gm1954.2c.2024.2837961-5.doc.1","dc_source":"https://api1.ibabs.eu/publicdownload.aspx?site=Beekdaelen&id=bf040fa8-b76b-4e91-986b-2cd26be9e05e","dc_title":"Raadsvoorstel inzake Onderwijsachterstandenbeleid 2024-2027","dc_type":"bijlage","foi_fairiscoreVersions":{"v1":1,"v2":1},"foi_fileName":"Z%2F24%2F209999%20-%20373586%20-%20Onderwijsachterstandenbeleid%202024-2027.pdf","foi_nrPages":4},{"dc_format":"application/pdf","dc_identifier":"nl.gm1954.2c.2024.2837961-5.doc.5","dc_source":"https://api1.ibabs.eu/publicdownload.aspx?site=Beekdaelen&id=883900e6-2ae8-4f38-92ed-286458db311c","dc_title":"Bijlagen Onderwijsachterstandenbeleid 2024-2027","dc_type":"bijlage","foi_fairiscoreVersions":{"v1":1,"v2":1},"foi_fileName":"Z%2F24%2F209999%20-%20374154%20-.pdf","foi_nrPages":12},{"dc_format":"application/pdf","dc_identifier":"nl.gm1954.2c.2024.2837961-5.doc.4","dc_source":"https://api1.ibabs.eu/publicdownload.aspx?site=Beekdaelen&id=0f0fe7b9-1330-4f4d-82d4-a53c984d9f01","dc_title":"Was/Wordt tabel","dc_type":"bijlage","foi_fairiscoreVersions":{"v1":1,"v2":1},"foi_fileName":"Z%2F24%2F209999%20-%20374419%20-%20Was%2FWordt%20tabel.pdf","foi_nrPages":4},{"dc_format":"application/pdf","dc_identifier":"nl.gm1954.2c.2024.2837961-5.doc.3","dc_source":"https://api1.ibabs.eu/publicdownload.aspx?site=Beekdaelen&id=cb06ea56-3a11-4b80-b7b8-2163859bc23c","dc_title":"Concept nota Onderwijsachterstandbeleid 2024-2027","dc_type":"bijlage","foi_fairiscoreVersions":{"v1":1,"v2":1},"foi_fileName":"Z%2F24%2F209999%20-%20376332%20-.pdf","foi_nrPages":32}],"foi_nrDocuments":5,"foi_nrPagesInDossier":53,"foi_publishedDate":"2024-10-29","foi_retrievedDate":"2026-01-22"},{"dc_creator":"HandelingScraper_v1","dc_date_year":2024,"dc_description":"Vergadering van de Gemeente Beekdaelen op 2024-10-29. Onderdeel: Voorstel inzake aanbesteding accountantsdiensten 2025 tot en met 2028.","dc_identifier":"nl.gm1954.2c.2024.2837961-6","dc_publisher":"gm1954","dc_source":"https://beekdaelen.bestuurlijkeinformatie.nl/Agenda/Index/68faa9c6-bdc5-406e-9247-09ba0fc2733f","dc_title":"Raadsvergadering 2024-10-29 - Voorstel inzake aanbesteding accountantsdiensten 2025 tot en met 2028","dc_type":"2c","dc_type_description":"Vergaderstuk decentrale overheid","foi_fairiscoreVersions":{"v1":null,"v2":null},"foi_files":[{"dc_format":"application/pdf","dc_identifier":"nl.gm1954.2c.2024.2837961-6.doc.6","dc_source":"https://api1.ibabs.eu/publicdownload.aspx?site=Beekdaelen&id=1caef21b-2947-4a7e-a62d-b69563a8a831","dc_title":"Bijlage 2.1 Bijlage bij de leidraad: Concept overeenkomst accountantsdiensten 2025 - 2028","dc_type":"bijlage","foi_fileName":"Concept%20overeenkomst%20accountantsdiensten%202025%20-%202028.pdf"},{"dc_format":"application/pdf","dc_identifier":"nl.gm1954.2c.2024.2837961-6.doc.5","dc_source":"https://api1.ibabs.eu/publicdownload.aspx?site=Beekdaelen&id=abf44191-1bf6-4b75-9c43-42eaaaaee754","dc_title":"Bijlage 2: Leidraad aanbesteding accountantsdiensten 2025 tm 2028 gemeente  Beekdaelen versie 18 september 2024","dc_type":"bijlage","foi_fileName":"Leidraad%20aanbesteding%20accountantsdiensten%202025%20tm%202028%20gemeente%20%20Beekdaelen%20versie%2018%20september%202024.pdf"},{"dc_format":"application/pdf","dc_identifier":"nl.gm1954.2c.2024.2837961-6.doc.2","dc_source":"https://api1.ibabs.eu/publicdownload.aspx?site=Beekdaelen&id=6eee793c-f516-4ee3-8055-705932c76239","dc_title":"Nota van wijzigingen agendapunt 5.4 aanbesteding accountantsdiensten","dc_type":"bijlage","foi_fileName":"nota%20van%20wijzigingen%20agendapunt%205.pdf"},{"dc_format":"application/pdf","dc_identifier":"nl.gm1954.2c.2024.2837961-6.doc.4","dc_source":"https://api1.ibabs.eu/publicdownload.aspx?site=Beekdaelen&id=6712808d-5322-4b99-a6bd-1f660e866fa1","dc_title":"Bijlage 1: concept raadsbesluit inzake aanbesteding accountantsdiensten","dc_type":"bijlage","foi_fileName":"RBS%20inzake%20aanbesteding%20accountantsdiensten.pdf"},{"dc_format":"application/pdf","dc_identifier":"nl.gm1954.2c.2024.2837961-6.doc.3","dc_source":"https://api1.ibabs.eu/publicdownload.aspx?site=Beekdaelen&id=7b311354-e297-4bef-b322-f28f14f5a233","dc_title":"Raadsbesluit inzake aanbesteding accountantsdiensten AANGEPAST - vastgesteld 29-10-2024","dc_type":"bijlage","foi_fileName":"RBS%20inzake%20aanbesteding%20accountantsdiensten%20AANGEPAST.pdf"},{"dc_format":"application/pdf","dc_identifier":"nl.gm1954.2c.2024.2837961-6.doc.1","dc_source":"https://api1.ibabs.eu/publicdownload.aspx?site=Beekdaelen&id=f65666e3-8b60-4493-aa96-d4cdde7e0fff","dc_title":"Raadsvoorstel inzake aanbesteding accountantsdiensten","dc_type":"bijlage","foi_fileName":"RVS%20inzake%20aanbesteding%20accountantsdiensten.pdf"},{"dc_format":"application/pdf","dc_identifier":"nl.gm1954.2c.2024.2837961-6.doc.7","dc_source":"https://api1.ibabs.eu/publicdownload.aspx?site=Beekdaelen&id=cfa0d2d7-e5a2-447a-a3fd-977eceeaaddd","dc_title":"Bijlage 2.2: Bijlage bij de leidraad: Verwerkersovereenkomst uitvoering accountantsdiensten Beekdaelen","dc_type":"bijlage","foi_fileName":"Verwerkersovereenkomst%20uitvoering%20accountantsdiensten%20Beekdaelen.pdf"}],"foi_nrDocuments":7,"foi_nrPagesInDossier":0,"foi_publishedDate":"2024-10-29","foi_retrievedDate":"2025-11-30"},{"dc_creator":"HandelingScraper_v1","dc_date_year":2024,"dc_description":"Vergadering van de Gemeente Beekdaelen op 2024-10-29. Onderdeel: Voorstel inzake Inkoopbeleid gemeente Beekdaelen 2024.","dc_identifier":"nl.gm1954.2c.2024.2837961-7","dc_publisher":"gm1954","dc_source":"https://beekdaelen.bestuurlijkeinformatie.nl/Agenda/Index/68faa9c6-bdc5-406e-9247-09ba0fc2733f","dc_title":"Raadsvergadering 2024-10-29 - Voorstel inzake Inkoopbeleid gemeente Beekdaelen 2024","dc_type":"2c","dc_type_description":"Vergaderstuk decentrale overheid","foi_fairiscoreVersions":{"v1":2,"v2":1},"foi_files":[{"dc_format":"application/pdf","dc_identifier":"nl.gm1954.2c.2024.2837961-7.doc.1","dc_source":"https://api1.ibabs.eu/publicdownload.aspx?site=Beekdaelen&id=1324a340-ab80-4fd2-9340-46ef0e5c01b9","dc_title":"Raadsvoorstel \"Inkoopbeleid gemeente Beekdaelen 2024\"","dc_type":"bijlage","foi_fairiscoreVersions":{"v1":1,"v2":1},"foi_fileName":"364424_1.pdf","foi_nrPages":3},{"dc_format":"application/pdf","dc_identifier":"nl.gm1954.2c.2024.2837961-7.doc.2","dc_source":"https://api1.ibabs.eu/publicdownload.aspx?site=Beekdaelen&id=bd888038-152b-498a-93f8-45e487bdfd76","dc_title":"Bijlage 1: concept raadsbesluit Inkoopbeleid gemeente Beekdaelen 2024","dc_type":"bijlage","foi_fairiscoreVersions":{"v1":1,"v2":1},"foi_fileName":"371913_1.pdf","foi_nrPages":1},{"dc_format":"application/pdf","dc_identifier":"nl.gm1954.2c.2024.2837961-7.doc.3","dc_source":"https://api1.ibabs.eu/publicdownload.aspx?site=Beekdaelen&id=197a2fa6-4dba-4f37-bdcd-ca77799da0e7","dc_title":"Bijlage 2: conceptnota Inkoopbeleid Gemeente Beekdaelen 2024","dc_type":"bijlage","foi_fairiscoreVersions":{"v1":2,"v2":1},"foi_fileName":"Concept%20Inkoopbeleid%2027052024%20372250.pdf","foi_nrPages":23},{"dc_format":"application/pdf","dc_identifier":"nl.gm1954.2c.2024.2837961-7.doc.4","dc_source":"https://api1.ibabs.eu/publicdownload.aspx?site=Beekdaelen&id=cf970a05-644c-4042-bd8e-5c2ab15dace6","dc_title":"Overzicht belangrijkste wijzigingen t.o.v. vigerend inkoopbeleid.","dc_type":"bijlage","foi_fairiscoreVersions":{"v1":1,"v2":1},"foi_fileName":"Z%2F23%2F198432%20-%20376209%20-%20Overzicht%20belangrijkste%20wijzigingen%20t.o.v.%20vigerend%20inkoopbeleid.pdf","foi_nrPages":1}],"foi_nrDocuments":4,"foi_nrPagesInDossier":28,"foi_publishedDate":"2024-10-29","foi_retrievedDate":"2026-03-04"},{"dc_creator":"HandelingScraper_v1","dc_date_year":2024,"dc_description":"Vergadering van de Gemeente Beekdaelen op 2024-10-29. Onderdeel: Voorstel inzake aankoop pand Openbare Bibliotheek Nuth.","dc_identifier":"nl.gm1954.2c.2024.2837961-8","dc_publisher":"gm1954","dc_source":"https://beekdaelen.bestuurlijkeinformatie.nl/Agenda/Index/68faa9c6-bdc5-406e-9247-09ba0fc2733f","dc_title":"Raadsvergadering 2024-10-29 - Voorstel inzake aankoop pand Openbare Bibliotheek Nuth","dc_type":"2c","dc_type_description":"Vergaderstuk decentrale overheid","foi_fairiscoreVersions":{"v1":2,"v2":2},"foi_files":[{"dc_format":"application/pdf","dc_identifier":"nl.gm1954.2c.2024.2837961-8.doc.9","dc_source":"https://api1.ibabs.eu/publicdownload.aspx?site=Beekdaelen&id=829abf2a-dba8-4b34-aa00-8f655af5a93d","dc_title":"Bijlage 6.1 Fusiedocumenten: Akte van fusie  - Concept 1","dc_type":"bijlage","foi_fairiscoreVersions":{"v1":1,"v2":1},"foi_fileName":"Akte%20van%20fusie%20%20-%20Concept%201.pdf","foi_nrPages":9},{"dc_format":"application/pdf","dc_identifier":"nl.gm1954.2c.2024.2837961-8.doc.5","dc_source":"https://api1.ibabs.eu/publicdownload.aspx?site=Beekdaelen&id=713474c0-69e1-4b2a-9185-97e1b74d91ed","dc_title":"Bijlage 1: Begrotingswijziging 8.1 Aankoop pand bibliotheek Nuth (12-9-2024)","dc_type":"bijlage","foi_fairiscoreVersions":{"v1":1,"v2":1},"foi_fileName":"Begrotingswijziging%208.pdf","foi_nrPages":1},{"dc_format":"application/pdf","dc_identifier":"nl.gm1954.2c.2024.2837961-8.doc.10","dc_source":"https://api1.ibabs.eu/publicdownload.aspx?site=Beekdaelen&id=e17a0858-7133-46a1-bf99-3867c9963293","dc_title":"Bijlage 6.2 Fusiedocumenten: Besluit verdwijnende stichting  - Concept","dc_type":"bijlage","foi_fairiscoreVersions":{"v1":1,"v2":1},"foi_fileName":"Besluit%20verdwijnende%20stichting%20%20-%20Concept.pdf","foi_nrPages":2},{"dc_format":"application/pdf","dc_identifier":"nl.gm1954.2c.2024.2837961-8.doc.11","dc_source":"https://api1.ibabs.eu/publicdownload.aspx?site=Beekdaelen&id=bd98e6d5-28a0-4baa-95e5-ec86a4806b3f","dc_title":"Bijlage 6.3 Fusiedocumenten: Besluit verkrijgende stichting  - Concept","dc_type":"bijlage","foi_fairiscoreVersions":{"v1":1,"v2":1},"foi_fileName":"Besluit%20verkrijgende%20stichting%20%20-%20Concept.pdf","foi_nrPages":2},{"dc_format":"application/pdf","dc_identifier":"nl.gm1954.2c.2024.2837961-8.doc.1","dc_source":"https://api1.ibabs.eu/publicdownload.aspx?site=Beekdaelen&id=236d3e41-1bbc-4a34-b679-b7acf02709d8","dc_title":"Raadsvoorstel inzake: Aankoop pand Openbare bibliotheek Nuth","dc_type":"bijlage","foi_fairiscoreVersions":{"v1":1,"v2":1},"foi_fileName":"concept%20raadsvoorstel%20aankoop%20pand%20OBN%20iBabs.pdf","foi_nrPages":5},{"dc_format":"application/pdf","dc_identifier":"nl.gm1954.2c.2024.2837961-8.doc.4","dc_source":"https://api1.ibabs.eu/publicdownload.aspx?site=Beekdaelen&id=3c1444ba-ee27-4f2a-ada0-7dc73252625b","dc_title":"Memorie van Antwoord technische vragen gesteld in commissie SLO 15 oktober 2024","dc_type":"bijlage","foi_fairiscoreVersions":{"v1":1,"v2":1},"foi_fileName":"Memorie%20van%20Antwoord%20technische%20vragen%20gesteld%20in%20commissie%20SLO%2015%20oktober%202024.pdf","foi_nrPages":3},{"dc_format":"application/pdf","dc_identifier":"nl.gm1954.2c.2024.2837961-8.doc.12","dc_source":"https://api1.ibabs.eu/publicdownload.aspx?site=Beekdaelen&id=c18f3c83-2e1a-44e4-a498-5504126714d3","dc_title":"Bijlage 6.4 Fusiedocumenten: Model document ubo en pep","dc_type":"bijlage","foi_fairiscoreVersions":{"v1":1,"v2":1},"foi_fileName":"Model%20document%20ubo%20en%20pep.pdf","foi_nrPages":5},{"dc_format":"application/pdf","dc_identifier":"nl.gm1954.2c.2024.2837961-8.doc.3","dc_source":"https://api1.ibabs.eu/publicdownload.aspx?site=Beekdaelen&id=1cfa0e37-cc06-4b79-bc58-dca5e2246fe2","dc_title":"Nota van wijziging agendapunt 6.1 aankoop pand openbare bibliotheek Nuth","dc_type":"bijlage","foi_fairiscoreVersions":{"v1":2,"v2":1},"foi_fileName":"nota%20van%20wijzigingen%20agendapunt%206.pdf","foi_nrPages":3},{"dc_format":"application/pdf","dc_identifier":"nl.gm1954.2c.2024.2837961-8.doc.8","dc_source":"https://api1.ibabs.eu/publicdownload.aspx?site=Beekdaelen&id=5c16a875-9386-41c0-bc49-fb98b3a915cb","dc_title":"Bijlage 5: Taxatierapport_BurgemeesterBeckersstraat106361BVteNuth - Aelmans - geanonimiseerd","dc_type":"bijlage","foi_fairiscoreVersions":{"v1":2,"v2":2},"foi_fileName":"Taxatierapport_BurgemeesterBeckersstraat106361BVteNuth%20-%20Aelmans%20-%20geanonimiseerd.pdf","foi_nrPages":84},{"dc_format":"application/pdf","dc_identifier":"nl.gm1954.2c.2024.2837961-8.doc.7","dc_source":"https://api1.ibabs.eu/publicdownload.aspx?site=Beekdaelen&id=97984ca7-dba7-4392-8cdd-32b5b2aedb14","dc_title":"Bijlage 4: Taxatierapport Burg. Beckersstraat 10 Nuth _boek en Offermans - Bibliotheek - geanonimiseerd","dc_type":"bijlage","foi_fairiscoreVersions":{"v1":2,"v2":2},"foi_fileName":"Taxatierapport%20Burg.pdf","foi_nrPages":92},{"dc_format":"application/pdf","dc_identifier":"nl.gm1954.2c.2024.2837961-8.doc.13","dc_source":"https://api1.ibabs.eu/publicdownload.aspx?site=Beekdaelen&id=a75ce47a-320a-49db-a92a-0dc1d2936d14","dc_title":"Bijlage 6.5 Fusiedocumenten: Voorstel tot juridische fusie  - Brief (1)","dc_type":"bijlage","foi_fairiscoreVersions":{"v1":1,"v2":1},"foi_fileName":"Voorstel%20tot%20juridische%20fusie%20%20-%20Brief%20%281%29.pdf","foi_nrPages":8},{"dc_format":"application/pdf","dc_identifier":"nl.gm1954.2c.2024.2837961-8.doc.6","dc_source":"https://api1.ibabs.eu/publicdownload.aspx?site=Beekdaelen&id=21e28a50-d426-4ffd-8156-2e3c96682057","dc_title":"Bijlage 3: Jaarrekening 2023 OBN","dc_type":"bijlage","foi_fairiscoreVersions":{"v1":2,"v2":1},"foi_fileName":"Z%2F23%2F189886%20-%20374000%20-%20Jaarrekening%202023%20OBN.pdf","foi_nrPages":26},{"dc_format":"application/pdf","dc_identifier":"nl.gm1954.2c.2024.2837961-8.doc.2","dc_source":"https://api1.ibabs.eu/publicdownload.aspx?site=Beekdaelen&id=72dc21ca-7fdd-4e43-9c29-f44d1a7ee2c2","dc_title":"Concept raadsbesluit aankoop pand openbare bibliotheek Nuth","dc_type":"bijlage","foi_fairiscoreVersions":{"v1":1,"v2":1},"foi_fileName":"Z%2F23%2F189886%20-%20374002%20-%20aankoop%20pand%20openbare%20bibliotheek%20Nuth.pdf","foi_nrPages":1}],"foi_nrDocuments":13,"foi_nrPagesInDossier":241,"foi_publishedDate":"2024-10-29","foi_retrievedDate":"2026-03-02"},{"dc_creator":"HandelingScraper_v1","dc_date_year":2024,"dc_description":"Vergadering van de Gemeente Beekdaelen op 2024-10-29. Onderdeel: Vaststelling lijst ingekomen stukken.","dc_identifier":"nl.gm1954.2c.2024.2837961-9","dc_publisher":"gm1954","dc_source":"https://beekdaelen.bestuurlijkeinformatie.nl/Agenda/Index/68faa9c6-bdc5-406e-9247-09ba0fc2733f","dc_title":"Raadsvergadering 2024-10-29 - Vaststelling lijst ingekomen stukken","dc_type":"2c","dc_type_description":"Vergaderstuk decentrale overheid","foi_fairiscoreVersions":{"v1":1,"v2":1},"foi_files":[{"dc_format":"application/pdf","dc_identifier":"nl.gm1954.2c.2024.2837961-9.doc.1","dc_source":"https://api1.ibabs.eu/publicdownload.aspx?site=Beekdaelen&id=b434f1ef-923d-4256-893e-a2aeb600ee8f","dc_title":"Lijst ingekomen stukken raad versie 24-10-2024 - vastgesteld 29-10-2024","dc_type":"bijlage","foi_fairiscoreVersions":{"v1":1,"v2":1},"foi_fileName":"Lijst%20ingekomen%20stukken%20raad%20versie%2024-10-2024.pdf","foi_nrPages":6}],"foi_nrDocuments":1,"foi_nrPagesInDossier":6,"foi_publishedDate":"2024-10-29","foi_retrievedDate":"2026-03-04"},{"dc_creator":"HandelingScraper_v1","dc_date_year":2024,"dc_description":"Vergadering van de Gemeente Beekdaelen op 2024-11-12. Onderdeel: Opening.","dc_identifier":"nl.gm1954.2c.2024.2837991-1","dc_publisher":"gm1954","dc_source":"https://beekdaelen.bestuurlijkeinformatie.nl/Agenda/Index/0120933f-4d71-4a70-9e96-dcec5bc3a7f2","dc_title":"Raadsvergadering 2024-11-12 - Opening","dc_type":"2c","dc_type_description":"Vergaderstuk decentrale overheid","foi_fairiscoreVersions":{"v1":1,"v2":1},"foi_files":[{"dc_format":"application/pdf","dc_identifier":"nl.gm1954.2c.2024.2837991-1.doc.2","dc_source":"https://api1.ibabs.eu/publicdownload.aspx?site=Beekdaelen&id=341e7cdb-826f-404b-a3e5-4d21e1058940","dc_title":"Procesvoorstel en globaal tijdpad begrotingsvergadering 12 november 2024 VASTGESTELD","dc_type":"bijlage","foi_fairiscoreVersions":{"v1":1,"v2":1},"foi_fileName":"Procesvoorstel%20en%20globaal%20tijdpad%20begrotingsvergadering%2012%20november%202024%20VASTGESTELD.pdf","foi_nrPages":2},{"dc_format":"application/pdf","dc_identifier":"nl.gm1954.2c.2024.2837991-1.doc.1","dc_source":"https://api1.ibabs.eu/publicdownload.aspx?site=Beekdaelen&id=25e04273-6174-4297-8c1f-b0447b3a635a","dc_title":"Uitnodiging en voorlopige agenda raadsvergadering 12 november 2024","dc_type":"bijlage","foi_fairiscoreVersions":{"v1":1,"v2":1},"foi_fileName":"Uitnodiging%20en%20voorlopige%20agenda%20raadsvergadering%2012%20november%202024.pdf","foi_nrPages":2}],"foi_nrDocuments":2,"foi_nrPagesInDossier":4,"foi_publishedDate":"2024-11-12","foi_retrievedDate":"2026-03-04"},{"dc_creator":"HandelingScraper_v1","dc_date_year":2024,"dc_description":"Vergadering van de Gemeente Beekdaelen op 2024-11-12. Onderdeel: Voorstel inzake verordening toeristenbelasting 2025.","dc_identifier":"nl.gm1954.2c.2024.2837991-10","dc_publisher":"gm1954","dc_source":"https://beekdaelen.bestuurlijkeinformatie.nl/Agenda/Index/0120933f-4d71-4a70-9e96-dcec5bc3a7f2","dc_title":"Raadsvergadering 2024-11-12 - Voorstel inzake verordening toeristenbelasting 2025","dc_type":"2c","dc_type_description":"Vergaderstuk decentrale overheid","foi_fairiscoreVersions":{"v1":1,"v2":1},"foi_files":[{"dc_format":"application/pdf","dc_identifier":"nl.gm1954.2c.2024.2837991-10.doc.1","dc_source":"https://api1.ibabs.eu/publicdownload.aspx?site=Beekdaelen&id=c8030ebc-656d-428f-ac2d-d21d9be1b47a","dc_title":"Raadsvoorstel inzake verordening toeristenbelasting 2025","dc_type":"bijlage","foi_fairiscoreVersions":{"v1":1,"v2":1},"foi_fileName":"Z%2F24%2F205086%20-%20365537%20-%20raadsvoorstel%20verordening%20toeristenbelasting%202025.pdf","foi_nrPages":3},{"dc_format":"application/pdf","dc_identifier":"nl.gm1954.2c.2024.2837991-10.doc.2","dc_source":"https://api1.ibabs.eu/publicdownload.aspx?site=Beekdaelen&id=ac928dba-8c12-41b1-b860-5fcab7df66e2","dc_title":"Raadsbesluit inzake verordening toeristenbelasting 2025 - vastgesteld 12-11-2024","dc_type":"bijlage","foi_fairiscoreVersions":{"v1":1,"v2":1},"foi_fileName":"Z%2F24%2F205086%20-%20365538%20-%20raadsbesluit%20verordening%20toeristenbelasting%202025.pdf","foi_nrPages":1},{"dc_format":"application/pdf","dc_identifier":"nl.gm1954.2c.2024.2837991-10.doc.3","dc_source":"https://api1.ibabs.eu/publicdownload.aspx?site=Beekdaelen&id=8c380ece-ee8a-4932-b116-bb7c0e46f12d","dc_title":"Verordening toeristenbelasting 2025 - vastgesteld 12-11-2024","dc_type":"bijlage","foi_fairiscoreVersions":{"v1":1,"v2":1},"foi_fileName":"Z%2F24%2F205086%20-%20372572%20-%20verordening%20toeristenbelasting%202025.pdf","foi_nrPages":4}],"foi_nrDocuments":3,"foi_nrPagesInDossier":8,"foi_publishedDate":"2024-11-12","foi_retrievedDate":"2026-03-06"},{"dc_creator":"HandelingScraper_v1","dc_date_year":2024,"dc_description":"Vergadering van de Gemeente Beekdaelen op 2024-11-12. Onderdeel: Vaststelling lijst ingekomen stukken.","dc_identifier":"nl.gm1954.2c.2024.2837991-11","dc_publisher":"gm1954","dc_source":"https://beekdaelen.bestuurlijkeinformatie.nl/Agenda/Index/0120933f-4d71-4a70-9e96-dcec5bc3a7f2","dc_title":"Raadsvergadering 2024-11-12 - Vaststelling lijst ingekomen stukken","dc_type":"2c","dc_type_description":"Vergaderstuk decentrale overheid","foi_fairiscoreVersions":{"v1":1,"v2":1},"foi_files":[{"dc_format":"application/pdf","dc_identifier":"nl.gm1954.2c.2024.2837991-11.doc.1","dc_source":"https://api1.ibabs.eu/publicdownload.aspx?site=Beekdaelen&id=5f1fd487-b7df-43cb-8865-442fbb09136e","dc_title":"Lijst ingekomen stukken raad - vastgesteld 12-11-2024","dc_type":"bijlage","foi_fairiscoreVersions":{"v1":1,"v2":1},"foi_fileName":"Lijst%20ingekomen%20stukken%20raad.pdf","foi_nrPages":5}],"foi_nrDocuments":1,"foi_nrPagesInDossier":5,"foi_publishedDate":"2024-11-12","foi_retrievedDate":"2026-01-22"},{"dc_creator":"HandelingScraper_v1","dc_date_year":2024,"dc_description":"Vergadering van de Gemeente Beekdaelen op 2024-11-12. Onderdeel: Vaststellen besluitenlijst openbare raadsvergadering d.d. 29 oktober 2024.","dc_identifier":"nl.gm1954.2c.2024.2837991-2","dc_publisher":"gm1954","dc_source":"https://beekdaelen.bestuurlijkeinformatie.nl/Agenda/Index/0120933f-4d71-4a70-9e96-dcec5bc3a7f2","dc_title":"Raadsvergadering 2024-11-12 - Vaststellen besluitenlijst openbare raadsvergadering d.d. 29 oktober 2024","dc_type":"2c","dc_type_description":"Vergaderstuk decentrale overheid","foi_fairiscoreVersions":{"v1":1,"v2":1},"foi_files":[{"dc_format":"application/pdf","dc_identifier":"nl.gm1954.2c.2024.2837991-2.doc.1","dc_source":"https://api1.ibabs.eu/publicdownload.aspx?site=Beekdaelen&id=8d0d2789-1497-4046-a396-d49e6beaeca3","dc_title":"Besluitenlijst raadsvergadering 29102024 - vastgesteld 12-11-2024","dc_type":"bijlage","foi_fairiscoreVersions":{"v1":1,"v2":1},"foi_fileName":"Besluitenlijst%20raadsvergadering%2029102024.pdf","foi_nrPages":6}],"foi_nrDocuments":1,"foi_nrPagesInDossier":6,"foi_publishedDate":"2024-11-12","foi_retrievedDate":"2025-11-30"},{"dc_creator":"HandelingScraper_v1","dc_date_year":2024,"dc_description":"Vergadering van de Gemeente Beekdaelen op 2024-11-12. Onderdeel: Begroting 2025-2028.","dc_identifier":"nl.gm1954.2c.2024.2837991-3","dc_publisher":"gm1954","dc_source":"https://beekdaelen.bestuurlijkeinformatie.nl/Agenda/Index/0120933f-4d71-4a70-9e96-dcec5bc3a7f2","dc_title":"Raadsvergadering 2024-11-12 - Begroting 2025-2028","dc_type":"2c","dc_type_description":"Vergaderstuk decentrale overheid","foi_fairiscoreVersions":{"v1":2,"v2":2},"foi_files":[{"dc_format":"application/pdf","dc_identifier":"nl.gm1954.2c.2024.2837991-3.doc.5","dc_source":"https://api1.ibabs.eu/publicdownload.aspx?site=Beekdaelen&id=83aa2854-d322-492b-8b6a-6bb3ba773a9b","dc_title":"4215_BD_infographic_2025","dc_type":"bijlage","foi_fairiscoreVersions":{"v1":1,"v2":1},"foi_fileName":"4215_BD_infographic_2025.pdf","foi_nrPages":1},{"dc_format":"application/pdf","dc_identifier":"nl.gm1954.2c.2024.2837991-3.doc.4","dc_source":"https://api1.ibabs.eu/publicdownload.aspx?site=Beekdaelen&id=e422c4a4-7cff-492f-ae79-00b5fc57b3c8","dc_title":"Begroting 2025-2028 na nota van wijziging","dc_type":"bijlage","foi_fairiscoreVersions":{"v1":2,"v2":2},"foi_fileName":"Begroting%202025-2028%20na%20nota%20van%20wijziging.pdf","foi_nrPages":169},{"dc_format":"application/pdf","dc_identifier":"nl.gm1954.2c.2024.2837991-3.doc.8","dc_source":"https://api1.ibabs.eu/publicdownload.aspx?site=Beekdaelen&id=ef3003e7-043d-44b7-bf74-fbdca88098b8","dc_title":"Beschouwingen Beekdaelen Lokaal 2025","dc_type":"bijlage","foi_fairiscoreVersions":{"v1":1,"v2":1},"foi_fileName":"Beschouwingen%20Beekdaelen%20Lokaal%202025.pdf","foi_nrPages":4},{"dc_format":"application/pdf","dc_identifier":"nl.gm1954.2c.2024.2837991-3.doc.9","dc_source":"https://api1.ibabs.eu/publicdownload.aspx?site=Beekdaelen&id=d71121df-f00d-4122-936d-396ff2bdab43","dc_title":"Beschouwingen CDA begroting 2025","dc_type":"bijlage","foi_fairiscoreVersions":{"v1":1,"v2":1},"foi_fileName":"Beschouwingen%20CDA%20begroting%202025.pdf","foi_nrPages":2},{"dc_format":"application/pdf","dc_identifier":"nl.gm1954.2c.2024.2837991-3.doc.10","dc_source":"https://api1.ibabs.eu/publicdownload.aspx?site=Beekdaelen&id=ade8b754-d343-4682-9eeb-d65020fc4596","dc_title":"Beschouwingen D66 begroting 2025","dc_type":"bijlage","foi_fairiscoreVersions":{"v1":1,"v2":1},"foi_fileName":"Beschouwingen%20D66%20begroting%202025.pdf","foi_nrPages":3},{"dc_format":"application/pdf","dc_identifier":"nl.gm1954.2c.2024.2837991-3.doc.11","dc_source":"https://api1.ibabs.eu/publicdownload.aspx?site=Beekdaelen&id=ca5972ae-27d3-4a36-912f-b07a97d71f4d","dc_title":"Beschouwingen GL begroting 2025","dc_type":"bijlage","foi_fairiscoreVersions":{"v1":2,"v2":1},"foi_fileName":"Beschouwingen%20GL%20begroting%202025.pdf","foi_nrPages":4},{"dc_format":"application/pdf","dc_identifier":"nl.gm1954.2c.2024.2837991-3.doc.12","dc_source":"https://api1.ibabs.eu/publicdownload.aspx?site=Beekdaelen&id=0ec09284-42ae-493a-b8bb-d234072bec47","dc_title":"Beschouwingen Koll\u00e9e-Rijkx begroting 2025","dc_type":"bijlage","foi_fairiscoreVersions":{"v1":1,"v2":1},"foi_fileName":"Beschouwingen%20Koll%C3%A9e-Rijkx%20begroting%202025.pdf","foi_nrPages":3},{"dc_format":"application/pdf","dc_identifier":"nl.gm1954.2c.2024.2837991-3.doc.13","dc_source":"https://api1.ibabs.eu/publicdownload.aspx?site=Beekdaelen&id=063ae8ca-ff22-44f2-b1fc-d45e9a9e0026","dc_title":"Beschouwingen PvdA begroting 2025","dc_type":"bijlage","foi_fairiscoreVersions":{"v1":1,"v2":1},"foi_fileName":"Beschouwingen%20PvdA%20begroting%202025.pdf","foi_nrPages":5},{"dc_format":"application/pdf","dc_identifier":"nl.gm1954.2c.2024.2837991-3.doc.14","dc_source":"https://api1.ibabs.eu/publicdownload.aspx?site=Beekdaelen&id=6203b98d-9d5e-44f3-9cd2-101e989ba8de","dc_title":"Beschouwingen VG begroting 2025","dc_type":"bijlage","foi_fairiscoreVersions":{"v1":1,"v2":1},"foi_fileName":"Beschouwingen%20VG%20begroting%202025.pdf","foi_nrPages":3},{"dc_format":"application/pdf","dc_identifier":"nl.gm1954.2c.2024.2837991-3.doc.15","dc_source":"https://api1.ibabs.eu/publicdownload.aspx?site=Beekdaelen&id=c3891f65-5070-4f97-92a2-06b7115fa93a","dc_title":"Beschouwingen VVD begroting 2025","dc_type":"bijlage","foi_fairiscoreVersions":{"v1":1,"v2":1},"foi_fileName":"Beschouwingen%20VVD%20begroting%202025.pdf","foi_nrPages":5},{"dc_format":"application/pdf","dc_identifier":"nl.gm1954.2c.2024.2837991-3.doc.2","dc_source":"https://api1.ibabs.eu/publicdownload.aspx?site=Beekdaelen&id=4ab2c878-e2cd-4a7b-b0e2-4d2bfe7e7048","dc_title":"Nota van wijziging bij begroting 2025-2028","dc_type":"bijlage","foi_fairiscoreVersions":{"v1":1,"v2":1},"foi_fileName":"Nota%20van%20wijziging%20bij%20begroting%202025-2028.pdf","foi_nrPages":3},{"dc_format":"application/pdf","dc_identifier":"nl.gm1954.2c.2024.2837991-3.doc.6","dc_source":"https://api1.ibabs.eu/publicdownload.aspx?site=Beekdaelen&id=c4c4dce6-e437-430b-b5e8-2733ebf3598d","dc_title":"Programmabegroting 2025-2028 VERVALLEN","dc_type":"bijlage","foi_fairiscoreVersions":{"v1":2,"v2":2},"foi_fileName":"Programmabegroting%202025-2028.pdf","foi_nrPages":168},{"dc_format":"application/pdf","dc_identifier":"nl.gm1954.2c.2024.2837991-3.doc.3","dc_source":"https://api1.ibabs.eu/publicdownload.aspx?site=Beekdaelen&id=aa0fc71b-6939-4f4b-94ef-1945d80ebf8f","dc_title":"Raadsbesluit inzake begroting 2025-2028 - vastgesteld 12-11-2024","dc_type":"bijlage","foi_fairiscoreVersions":{"v1":1,"v2":1},"foi_fileName":"Raadsbesluit%20begroting%202025-2028.pdf","foi_nrPages":1},{"dc_format":"application/pdf","dc_identifier":"nl.gm1954.2c.2024.2837991-3.doc.7","dc_source":"https://api1.ibabs.eu/publicdownload.aspx?site=Beekdaelen&id=c76b7d86-04d6-46ee-b24c-8cb4f778b231","dc_title":"Raadsvoorstel inzake begroting 2025-2028 VERVALLEN","dc_type":"bijlage","foi_fairiscoreVersions":{"v1":1,"v2":1},"foi_fileName":"Raadsvoorstel%20begroing%202025-2028.pdf","foi_nrPages":8},{"dc_format":"application/pdf","dc_identifier":"nl.gm1954.2c.2024.2837991-3.doc.1","dc_source":"https://api1.ibabs.eu/publicdownload.aspx?site=Beekdaelen&id=fb88dd29-fcd1-4764-ade5-109822b13cc6","dc_title":"Raadsvoorstel inzake begroting 2025 na nota van wijziging","dc_type":"bijlage","foi_fairiscoreVersions":{"v1":1,"v2":1},"foi_fileName":"Raadsvoorstel%20na%20nota%20van%20wijziging.pdf","foi_nrPages":9}],"foi_nrDocuments":15,"foi_nrPagesInDossier":388,"foi_publishedDate":"2024-11-12","foi_retrievedDate":"2026-02-12"},{"dc_creator":"HandelingScraper_v1","dc_date_year":2024,"dc_description":"Vergadering van de Gemeente Beekdaelen op 2024-11-12. Onderdeel: Motie PvdA, D66 en GroenLinks inzake Beekdaelen Gezond Vooruit!.","dc_identifier":"nl.gm1954.2c.2024.2837991-4","dc_publisher":"gm1954","dc_source":"https://beekdaelen.bestuurlijkeinformatie.nl/Agenda/Index/0120933f-4d71-4a70-9e96-dcec5bc3a7f2","dc_title":"Raadsvergadering 2024-11-12 - Motie PvdA, D66 en GroenLinks inzake Beekdaelen Gezond Vooruit!","dc_type":"2c","dc_type_description":"Vergaderstuk decentrale overheid","foi_fairiscoreVersions":{"v1":1,"v2":1},"foi_files":[{"dc_format":"application/pdf","dc_identifier":"nl.gm1954.2c.2024.2837991-4.doc.2","dc_source":"https://api1.ibabs.eu/publicdownload.aspx?site=Beekdaelen&id=9885888a-b36c-452e-b3ea-85a4e85b762f","dc_title":"Motie PvdA inzake Limburg Gezond Vooruit! VERVALLEN","dc_type":"bijlage","foi_fairiscoreVersions":{"v1":1,"v2":1},"foi_fileName":"M01%20Motie%20PvdA%20inzake%20Beekdaelen%20Gezond%20Vooruit1.pdf","foi_nrPages":1},{"dc_format":"application/pdf","dc_identifier":"nl.gm1954.2c.2024.2837991-4.doc.1","dc_source":"https://api1.ibabs.eu/publicdownload.aspx?site=Beekdaelen&id=57b4038b-cd84-4e48-a441-80da36a856c5","dc_title":"Motie PvdA, D66 en GroenLinks inzake Limburg Gezond Vooruit aangepast UNANIEM AANGENOMEN","dc_type":"bijlage","foi_fairiscoreVersions":{"v1":1,"v2":1},"foi_fileName":"Motie%20PvdA_%20D66%20en%20GroenLinks%20inzake%20Beekdaelen%20Gezond%20Vooruit%20aangepast%20-%20unaniem%20aangenomen.pdf","foi_nrPages":1}],"foi_nrDocuments":2,"foi_nrPagesInDossier":2,"foi_publishedDate":"2024-11-12","foi_retrievedDate":"2026-03-05"},{"dc_creator":"HandelingScraper_v1","dc_date_year":2024,"dc_description":"Vergadering van de Gemeente Beekdaelen op 2024-11-12. Onderdeel: Voorstel inzake verordening afvalstoffenheffing 2025.","dc_identifier":"nl.gm1954.2c.2024.2837991-5","dc_publisher":"gm1954","dc_source":"https://beekdaelen.bestuurlijkeinformatie.nl/Agenda/Index/0120933f-4d71-4a70-9e96-dcec5bc3a7f2","dc_title":"Raadsvergadering 2024-11-12 - Voorstel inzake verordening afvalstoffenheffing 2025","dc_type":"2c","dc_type_description":"Vergaderstuk decentrale overheid","foi_fairiscoreVersions":{"v1":1,"v2":1},"foi_files":[{"dc_format":"application/pdf","dc_identifier":"nl.gm1954.2c.2024.2837991-5.doc.3","dc_source":"https://api1.ibabs.eu/publicdownload.aspx?site=Beekdaelen&id=cffeb716-5982-4c6d-a872-0e390714a3fe","dc_title":"Verordening afvalstoffenheffing 2025 - vastgesteld 12-11-2024","dc_type":"bijlage","foi_fairiscoreVersions":{"v1":1,"v2":1},"foi_fileName":"Z%2F24%2F205083%20-%20369789%20-%20verordening%20afvalstoffenheffing%202025.pdf","foi_nrPages":4},{"dc_format":"application/pdf","dc_identifier":"nl.gm1954.2c.2024.2837991-5.doc.4","dc_source":"https://api1.ibabs.eu/publicdownload.aspx?site=Beekdaelen&id=3098697f-53cc-4a68-a537-760249892505","dc_title":"Tarieventabel verordening afvalstoffenheffing 2025 - vastgesteld 12-11-2024","dc_type":"bijlage","foi_fairiscoreVersions":{"v1":1,"v2":1},"foi_fileName":"Z%2F24%2F205083%20-%20369792%20-%20tarieventabel%20verordening%20afvalstoffenheffing%202025.pdf","foi_nrPages":3},{"dc_format":"application/pdf","dc_identifier":"nl.gm1954.2c.2024.2837991-5.doc.5","dc_source":"https://api1.ibabs.eu/publicdownload.aspx?site=Beekdaelen&id=cb81fc29-244d-40ee-8c0b-dbcfc5b30a02","dc_title":"Was - wordt tabel tarieven afvalstoffenheffing 2025","dc_type":"bijlage","foi_fairiscoreVersions":{"v1":1,"v2":1},"foi_fileName":"Z%2F24%2F205083%20-%20369826%20-%20was%20-%20wordt%20tabel%20tarieven%20afvalstoffenheffing%202025.pdf","foi_nrPages":2},{"dc_format":"application/pdf","dc_identifier":"nl.gm1954.2c.2024.2837991-5.doc.1","dc_source":"https://api1.ibabs.eu/publicdownload.aspx?site=Beekdaelen&id=6f3e090e-2409-4154-8798-b84445f69d01","dc_title":"Raadsvoorstel inzake verordening afvalstoffenheffing 2025","dc_type":"bijlage","foi_fairiscoreVersions":{"v1":1,"v2":1},"foi_fileName":"Z%2F24%2F205083%20-%20369850%20-%20raadsvoorstel%20verordening%20afvalstoffenheffing%202025.pdf","foi_nrPages":2},{"dc_format":"application/pdf","dc_identifier":"nl.gm1954.2c.2024.2837991-5.doc.2","dc_source":"https://api1.ibabs.eu/publicdownload.aspx?site=Beekdaelen&id=25f05c33-bdff-4aa3-b617-d84c8bb5dc5d","dc_title":"Raadsbesluit verordening afvalstoffenheffing 2025 - vastgesteld 12-11-12024","dc_type":"bijlage","foi_fairiscoreVersions":{"v1":1,"v2":1},"foi_fileName":"Z%2F24%2F205083%20-%20369852%20-%20raadsbesluit%20verordening%20afvalstoffenheffing%202025.pdf","foi_nrPages":1}],"foi_nrDocuments":5,"foi_nrPagesInDossier":12,"foi_publishedDate":"2024-11-12","foi_retrievedDate":"2026-01-22"},{"dc_creator":"HandelingScraper_v1","dc_date_year":2024,"dc_description":"Vergadering van de Gemeente Beekdaelen op 2024-11-12. Onderdeel: Voorstel inzake verordening rioolheffing 2025.","dc_identifier":"nl.gm1954.2c.2024.2837991-6","dc_publisher":"gm1954","dc_source":"https://beekdaelen.bestuurlijkeinformatie.nl/Agenda/Index/0120933f-4d71-4a70-9e96-dcec5bc3a7f2","dc_title":"Raadsvergadering 2024-11-12 - Voorstel inzake verordening rioolheffing 2025","dc_type":"2c","dc_type_description":"Vergaderstuk decentrale overheid","foi_fairiscoreVersions":{"v1":1,"v2":1},"foi_files":[{"dc_format":"application/pdf","dc_identifier":"nl.gm1954.2c.2024.2837991-6.doc.1","dc_source":"https://api1.ibabs.eu/publicdownload.aspx?site=Beekdaelen&id=c62aef27-7082-4c24-a917-b72874f0a31d","dc_title":"Raadsvoorstel inzake verordening rioolheffing 2025","dc_type":"bijlage","foi_fairiscoreVersions":{"v1":1,"v2":1},"foi_fileName":"Z%2F24%2F205085%20-%20365533%20-%20raadsvoorstel%20verordening%20rioolheffing%202025.pdf","foi_nrPages":2},{"dc_format":"application/pdf","dc_identifier":"nl.gm1954.2c.2024.2837991-6.doc.2","dc_source":"https://api1.ibabs.eu/publicdownload.aspx?site=Beekdaelen&id=ca1177ae-8da1-4439-9801-6fb3c45d4e81","dc_title":"Raadsbesluit inzake verordening rioolheffing 2025 - vastgesteld 12-11-2024","dc_type":"bijlage","foi_fairiscoreVersions":{"v1":1,"v2":1},"foi_fileName":"Z%2F24%2F205085%20-%20365534%20-%20raadsbesluit%20verordening%20rioolheffing%202025.pdf","foi_nrPages":1},{"dc_format":"application/pdf","dc_identifier":"nl.gm1954.2c.2024.2837991-6.doc.4","dc_source":"https://api1.ibabs.eu/publicdownload.aspx?site=Beekdaelen&id=5351ee69-96ea-4fbd-b633-088741abe74a","dc_title":"Was - wordt tabel verordening rioolheffing 2025","dc_type":"bijlage","foi_fairiscoreVersions":{"v1":1,"v2":1},"foi_fileName":"Z%2F24%2F205085%20-%20369297%20-%20was%20-%20wordt%20tabel%20verordening%20rioolheffing%202025.pdf","foi_nrPages":2},{"dc_format":"application/pdf","dc_identifier":"nl.gm1954.2c.2024.2837991-6.doc.3","dc_source":"https://api1.ibabs.eu/publicdownload.aspx?site=Beekdaelen&id=e6b83bbf-73a0-48d1-ae1d-864319818571","dc_title":"Verordening rioolheffing 2025 - vastgesteld 12-11-2024","dc_type":"bijlage","foi_fairiscoreVersions":{"v1":1,"v2":1},"foi_fileName":"Z%2F24%2F205085%20-%20369301%20-%20verordening%20rioolheffing%202025.pdf","foi_nrPages":4}],"foi_nrDocuments":4,"foi_nrPagesInDossier":9,"foi_publishedDate":"2024-11-12","foi_retrievedDate":"2026-03-09"},{"dc_creator":"HandelingScraper_v1","dc_date_year":2024,"dc_description":"Vergadering van de Gemeente Beekdaelen op 2024-11-12. Onderdeel: Voorstel inzake legesverordening 2025.","dc_identifier":"nl.gm1954.2c.2024.2837991-7","dc_publisher":"gm1954","dc_source":"https://beekdaelen.bestuurlijkeinformatie.nl/Agenda/Index/0120933f-4d71-4a70-9e96-dcec5bc3a7f2","dc_title":"Raadsvergadering 2024-11-12 - Voorstel inzake legesverordening 2025","dc_type":"2c","dc_type_description":"Vergaderstuk decentrale overheid","foi_fairiscoreVersions":{"v1":1,"v2":1},"foi_files":[{"dc_format":"application/pdf","dc_identifier":"nl.gm1954.2c.2024.2837991-7.doc.3","dc_source":"https://api1.ibabs.eu/publicdownload.aspx?site=Beekdaelen&id=44bb7c94-d573-4385-bb0a-21329d94ca52","dc_title":"Legesverordening 2025 - vastgesteld 12-11-2024","dc_type":"bijlage","foi_fairiscoreVersions":{"v1":1,"v2":1},"foi_fileName":"legesverordening%202025.pdf","foi_nrPages":3},{"dc_format":"application/pdf","dc_identifier":"nl.gm1954.2c.2024.2837991-7.doc.2","dc_source":"https://api1.ibabs.eu/publicdownload.aspx?site=Beekdaelen&id=62c98211-a3e5-462b-8676-2b1511507cf9","dc_title":"Raadsbesluit inzake legesverordening 2025 - vastgesteld 12-11-2024","dc_type":"bijlage","foi_fairiscoreVersions":{"v1":1,"v2":1},"foi_fileName":"raadsbesluit%20legesverordening%202025.pdf","foi_nrPages":1},{"dc_format":"application/pdf","dc_identifier":"nl.gm1954.2c.2024.2837991-7.doc.4","dc_source":"https://api1.ibabs.eu/publicdownload.aspx?site=Beekdaelen&id=a220928b-e50e-4b15-9f55-fad4cbc37e3d","dc_title":"Tarieventabel legesverordening 2025 - vastgesteld 12-11-2024","dc_type":"bijlage","foi_fairiscoreVersions":{"v1":1,"v2":1},"foi_fileName":"tarieventabel%20legesverordening%202025.pdf","foi_nrPages":31},{"dc_format":"application/pdf","dc_identifier":"nl.gm1954.2c.2024.2837991-7.doc.5","dc_source":"https://api1.ibabs.eu/publicdownload.aspx?site=Beekdaelen&id=75d057ee-2be8-4445-b3af-b2bdacee48b0","dc_title":"Was - wordt tarieventabel 2025","dc_type":"bijlage","foi_fairiscoreVersions":{"v1":1,"v2":1},"foi_fileName":"was%20-%20wordt%20tarieventabel%20legesverordening%202025.pdf","foi_nrPages":40},{"dc_format":"application/pdf","dc_identifier":"nl.gm1954.2c.2024.2837991-7.doc.1","dc_source":"https://api1.ibabs.eu/publicdownload.aspx?site=Beekdaelen&id=8324148d-9996-4929-aeac-7781b3168917","dc_title":"Raadsvoorstel inzake legesverordening 2025","dc_type":"bijlage","foi_fairiscoreVersions":{"v1":1,"v2":1},"foi_fileName":"Z%2F24%2F205087%20-%20372422%20-%20raadsvoorstel%20legesverordening%202025.pdf","foi_nrPages":3}],"foi_nrDocuments":5,"foi_nrPagesInDossier":78,"foi_publishedDate":"2024-11-12","foi_retrievedDate":"2026-02-05"},{"dc_creator":"HandelingScraper_v1","dc_date_year":2024,"dc_description":"Vergadering van de Gemeente Beekdaelen op 2024-11-12. Onderdeel: Voorstel inzake verordening onroerendezaakbelastingen 2025.","dc_identifier":"nl.gm1954.2c.2024.2837991-8","dc_publisher":"gm1954","dc_source":"https://beekdaelen.bestuurlijkeinformatie.nl/Agenda/Index/0120933f-4d71-4a70-9e96-dcec5bc3a7f2","dc_title":"Raadsvergadering 2024-11-12 - Voorstel inzake verordening onroerendezaakbelastingen 2025","dc_type":"2c","dc_type_description":"Vergaderstuk decentrale overheid","foi_fairiscoreVersions":{"v1":2,"v2":1},"foi_files":[{"dc_format":"application/pdf","dc_identifier":"nl.gm1954.2c.2024.2837991-8.doc.1","dc_source":"https://api1.ibabs.eu/publicdownload.aspx?site=Beekdaelen&id=ac82e626-944e-49fd-8d89-3291a239a5af","dc_title":"Raadsvoorstel inzake ozb-verordening 2025","dc_type":"bijlage","foi_fairiscoreVersions":{"v1":2,"v2":1},"foi_fileName":"Z%2F24%2F205084%20-%20365525%20-%20raadsvoorstel%20ozb-verordening%202025.pdf","foi_nrPages":3},{"dc_format":"application/pdf","dc_identifier":"nl.gm1954.2c.2024.2837991-8.doc.2","dc_source":"https://api1.ibabs.eu/publicdownload.aspx?site=Beekdaelen&id=e9de5dbd-bd36-4225-9376-078f3746bfc0","dc_title":"Raadsbesluit inzake ozb-verordening 2025 - vastgesteld 12-11-2024","dc_type":"bijlage","foi_fairiscoreVersions":{"v1":1,"v2":1},"foi_fileName":"Z%2F24%2F205084%20-%20365527%20-%20raadsbesluit%20ozb-verordening%202025.pdf","foi_nrPages":1},{"dc_format":"application/pdf","dc_identifier":"nl.gm1954.2c.2024.2837991-8.doc.3","dc_source":"https://api1.ibabs.eu/publicdownload.aspx?site=Beekdaelen&id=6acce9f7-3c6a-454f-94a5-8bdf084794f5","dc_title":"Verordening onroerendezaakbelasting 2025 - vastgesteld 12-11-2024","dc_type":"bijlage","foi_fairiscoreVersions":{"v1":1,"v2":1},"foi_fileName":"Z%2F24%2F205084%20-%20370170%20-%20verordening%20onroerendezaakbelasting%202025.pdf","foi_nrPages":4}],"foi_nrDocuments":3,"foi_nrPagesInDossier":8,"foi_publishedDate":"2024-11-12","foi_retrievedDate":"2026-03-06"},{"dc_creator":"HandelingScraper_v1","dc_date_year":2024,"dc_description":"Vergadering van de Gemeente Beekdaelen op 2024-11-12. Onderdeel: Voorstel inzake verordening kwijtschelding 2025.","dc_identifier":"nl.gm1954.2c.2024.2837991-9","dc_publisher":"gm1954","dc_source":"https://beekdaelen.bestuurlijkeinformatie.nl/Agenda/Index/0120933f-4d71-4a70-9e96-dcec5bc3a7f2","dc_title":"Raadsvergadering 2024-11-12 - Voorstel inzake verordening kwijtschelding 2025","dc_type":"2c","dc_type_description":"Vergaderstuk decentrale overheid","foi_fairiscoreVersions":{"v1":1,"v2":1},"foi_files":[{"dc_format":"application/pdf","dc_identifier":"nl.gm1954.2c.2024.2837991-9.doc.3","dc_source":"https://api1.ibabs.eu/publicdownload.aspx?site=Beekdaelen&id=15350cd7-c0aa-49fa-b666-7afd26f06f30","dc_title":"Verordening kwijtschelding 2025 - vastgesteld 12-11-2024","dc_type":"bijlage","foi_fairiscoreVersions":{"v1":1,"v2":1},"foi_fileName":"Z%2F24%2F205088%20-%20369733%20-%20verordening%20kwijtschelding%202025.pdf","foi_nrPages":2},{"dc_format":"application/pdf","dc_identifier":"nl.gm1954.2c.2024.2837991-9.doc.1","dc_source":"https://api1.ibabs.eu/publicdownload.aspx?site=Beekdaelen&id=7a1313a3-3f98-4a87-be9b-160995274fcf","dc_title":"Raadsvoorstel inzake verordening kwijtschelding 2025","dc_type":"bijlage","foi_fairiscoreVersions":{"v1":1,"v2":1},"foi_fileName":"Z%2F24%2F205088%20-%20369736%20-%20raadsvoorstel%20verordening%20kwijtschelding%202025.pdf","foi_nrPages":2},{"dc_format":"application/pdf","dc_identifier":"nl.gm1954.2c.2024.2837991-9.doc.2","dc_source":"https://api1.ibabs.eu/publicdownload.aspx?site=Beekdaelen&id=68c02a28-3524-4fe9-9c99-9ee875237d43","dc_title":"Raadsbesluit inzake verordening kwijtschelding 2025 - vastgesteld 12-11-2024","dc_type":"bijlage","foi_fairiscoreVersions":{"v1":1,"v2":1},"foi_fileName":"Z%2F24%2F205088%20-%20369737%20-%20raadsbesluit%20verordening%20kwijtschelding%202025.pdf","foi_nrPages":1}],"foi_nrDocuments":3,"foi_nrPagesInDossier":5,"foi_publishedDate":"2024-11-12","foi_retrievedDate":"2025-12-02"},{"dc_creator":"HandelingScraper_v1","dc_date_year":2024,"dc_description":"Vergadering van de Gemeente Beekdaelen op 2024-12-02. Onderdeel: Algemeen.","dc_identifier":"nl.gm1954.2c.2024.2838047-1","dc_publisher":"gm1954","dc_source":"https://beekdaelen.bestuurlijkeinformatie.nl/Agenda/Index/dc8b67b0-ab22-44e9-b292-cd53d9aea88b","dc_title":"Raadscommissie Fysieke Leefomgeving 2024-12-02 - Algemeen","dc_type":"2c","dc_type_description":"Vergaderstuk decentrale overheid","foi_fairiscoreVersions":{"v1":null,"v2":null},"foi_files":[{"dc_format":"application/pdf","dc_identifier":"nl.gm1954.2c.2024.2838047-1.doc.1","dc_source":"https://api1.ibabs.eu/publicdownload.aspx?site=Beekdaelen&id=036d67ad-30df-4d09-a628-64e62cd4bdbc","dc_title":"Technische vragen CDA cie FLO B4","dc_type":"bijlage","foi_fileName":"Technische%20vragen%20CDA%20cie%20FLO%20B4.pdf"},{"dc_format":"application/pdf","dc_identifier":"nl.gm1954.2c.2024.2838047-1.doc.2","dc_source":"https://api1.ibabs.eu/publicdownload.aspx?site=Beekdaelen&id=c816e459-9c32-4aed-955f-a4d0d92a3ee3","dc_title":"Technische vragen VG cie FLO B1, B2, B3 en B4","dc_type":"bijlage","foi_fileName":"Technische%20vragen%20VG%20cie%20FLO%20B1_%20B2_%20B3%20en%20B4.pdf"}],"foi_nrDocuments":2,"foi_nrPagesInDossier":0,"foi_publishedDate":"2024-12-02","foi_retrievedDate":"2025-12-01"},{"dc_creator":"HandelingScraper_v1","dc_date_year":2024,"dc_description":"Vergadering van de Gemeente Beekdaelen op 2024-12-02. Onderdeel: Opening, mededelingen voorzitter en vaststellen agenda.","dc_identifier":"nl.gm1954.2c.2024.2838047-2","dc_publisher":"gm1954","dc_source":"https://beekdaelen.bestuurlijkeinformatie.nl/Agenda/Index/dc8b67b0-ab22-44e9-b292-cd53d9aea88b","dc_title":"Raadscommissie Fysieke Leefomgeving 2024-12-02 - Opening, mededelingen voorzitter en vaststellen agenda","dc_type":"2c","dc_type_description":"Vergaderstuk decentrale overheid","foi_fairiscoreVersions":{"v1":1,"v2":1},"foi_files":[{"dc_format":"application/octet-stream","dc_identifier":"nl.gm1954.2c.2024.2838047-2.doc.2","dc_source":"https://api1.ibabs.eu/publicdownload.aspx?site=Beekdaelen&id=5714b390-2bb8-4390-96a3-f07354300e80","dc_title":"A1 tm A3","dc_type":"bijlage","foi_fileName":"A1%20tm%20A3.mp3"},{"dc_format":"application/pdf","dc_identifier":"nl.gm1954.2c.2024.2838047-2.doc.1","dc_source":"https://api1.ibabs.eu/publicdownload.aspx?site=Beekdaelen&id=1dd157fe-cfd5-47c7-be73-7e359a3f67a2","dc_title":"Uitnodiging en voorlopige agenda cie. FLO 02.12.2024","dc_type":"bijlage","foi_fairiscoreVersions":{"v1":1,"v2":1},"foi_fileName":"Uitnodiging%20en%20voorlopige%20agenda%20cie.%20FLO%2002.12.pdf","foi_nrPages":1}],"foi_nrDocuments":2,"foi_nrPagesInDossier":1,"foi_publishedDate":"2024-12-02","foi_retrievedDate":"2026-03-03"},{"dc_creator":"HandelingScraper_v1","dc_date_year":2024,"dc_description":"Vergadering van de Gemeente Beekdaelen op 2024-12-02. Onderdeel: Spreekrecht burgers.","dc_identifier":"nl.gm1954.2c.2024.2838047-3","dc_publisher":"gm1954","dc_source":"https://beekdaelen.bestuurlijkeinformatie.nl/Agenda/Index/dc8b67b0-ab22-44e9-b292-cd53d9aea88b","dc_title":"Raadscommissie Fysieke Leefomgeving 2024-12-02 - Spreekrecht burgers","dc_type":"2c","dc_type_description":"Vergaderstuk decentrale overheid","foi_fairiscoreVersions":{"v1":null,"v2":null},"foi_files":[{"dc_format":"application/octet-stream","dc_identifier":"nl.gm1954.2c.2024.2838047-3.doc.1","dc_source":"https://api1.ibabs.eu/publicdownload.aspx?site=Beekdaelen&id=6cd16792-8b85-4bb2-8fc3-7c0e7afa1c6f","dc_title":"A1 tm A3","dc_type":"bijlage","foi_fileName":"A1%20tm%20A3.mp3"}],"foi_nrDocuments":1,"foi_nrPagesInDossier":0,"foi_publishedDate":"2024-12-02","foi_retrievedDate":"2025-12-01"},{"dc_creator":"HandelingScraper_v1","dc_date_year":2024,"dc_description":"Vergadering van de Gemeente Beekdaelen op 2024-12-02. Onderdeel: Vaststellen actiepuntenlijst van de raadscommissie Fysieke Leefomgeving d.d. 11.09.2024.","dc_identifier":"nl.gm1954.2c.2024.2838047-4","dc_publisher":"gm1954","dc_source":"https://beekdaelen.bestuurlijkeinformatie.nl/Agenda/Index/dc8b67b0-ab22-44e9-b292-cd53d9aea88b","dc_title":"Raadscommissie Fysieke Leefomgeving 2024-12-02 - Vaststellen actiepuntenlijst van de raadscommissie Fysieke Leefomgeving d.d. 11.09.2024","dc_type":"2c","dc_type_description":"Vergaderstuk decentrale overheid","foi_fairiscoreVersions":{"v1":1,"v2":1},"foi_files":[{"dc_format":"application/octet-stream","dc_identifier":"nl.gm1954.2c.2024.2838047-4.doc.2","dc_source":"https://api1.ibabs.eu/publicdownload.aspx?site=Beekdaelen&id=4cb3faf4-39aa-441c-917b-3cae0dc1420c","dc_title":"A1 tm A3","dc_type":"bijlage","foi_fileName":"A1%20tm%20A3.mp3"},{"dc_format":"application/pdf","dc_identifier":"nl.gm1954.2c.2024.2838047-4.doc.1","dc_source":"https://api1.ibabs.eu/publicdownload.aspx?site=Beekdaelen&id=445c31be-1819-4f31-afac-cbef72094e56","dc_title":"Actiepuntenlijst cie FLO 11092024","dc_type":"bijlage","foi_fairiscoreVersions":{"v1":1,"v2":1},"foi_fileName":"Actiepuntenlijst%20cie%20FLO%2011092024.pdf","foi_nrPages":5}],"foi_nrDocuments":2,"foi_nrPagesInDossier":5,"foi_publishedDate":"2024-12-02","foi_retrievedDate":"2026-03-02"},{"dc_creator":"HandelingScraper_v1","dc_date_year":2024,"dc_description":"Vergadering van de Gemeente Beekdaelen op 2024-12-02. Onderdeel: Raadsvoorstel inzake: \"Beheersverordening gemeentelijke begraafplaatsen 2025\".","dc_identifier":"nl.gm1954.2c.2024.2838047-5","dc_publisher":"gm1954","dc_source":"https://beekdaelen.bestuurlijkeinformatie.nl/Agenda/Index/dc8b67b0-ab22-44e9-b292-cd53d9aea88b","dc_title":"Raadscommissie Fysieke Leefomgeving 2024-12-02 - Raadsvoorstel inzake: \"Beheersverordening gemeentelijke begraafplaatsen 2025\"","dc_type":"2c","dc_type_description":"Vergaderstuk decentrale overheid","foi_fairiscoreVersions":{"v1":1,"v2":1},"foi_files":[{"dc_format":"application/octet-stream","dc_identifier":"nl.gm1954.2c.2024.2838047-5.doc.6","dc_source":"https://api1.ibabs.eu/publicdownload.aspx?site=Beekdaelen&id=7531d5c3-742f-4833-b2e3-b543460c391b","dc_title":"B1 1e termijn","dc_type":"bijlage","foi_fileName":"B1%201e%20termijn.mp3"},{"dc_format":"application/octet-stream","dc_identifier":"nl.gm1954.2c.2024.2838047-5.doc.8","dc_source":"https://api1.ibabs.eu/publicdownload.aspx?site=Beekdaelen&id=fe961a0a-360d-4245-8b9a-8382e8ec8ba8","dc_title":"B1 2e termijn","dc_type":"bijlage","foi_fileName":"B1%202e%20termijn.mp3"},{"dc_format":"application/octet-stream","dc_identifier":"nl.gm1954.2c.2024.2838047-5.doc.7","dc_source":"https://api1.ibabs.eu/publicdownload.aspx?site=Beekdaelen&id=f6c8926e-da35-42bf-a6b1-665958883a36","dc_title":"B1 beantwoording 1e termijn","dc_type":"bijlage","foi_fileName":"B1%20beantwoording%201e%20termijn.mp3"},{"dc_format":"application/octet-stream","dc_identifier":"nl.gm1954.2c.2024.2838047-5.doc.9","dc_source":"https://api1.ibabs.eu/publicdownload.aspx?site=Beekdaelen&id=fe66598e-f6a6-4874-8677-2f1e628629df","dc_title":"B1 beantwoording 2e termijn + advies commissie","dc_type":"bijlage","foi_fileName":"B1%20beantwoording%202e%20termijn%20%2B%20advies%20commissie.mp3"},{"dc_format":"application/pdf","dc_identifier":"nl.gm1954.2c.2024.2838047-5.doc.5","dc_source":"https://api1.ibabs.eu/publicdownload.aspx?site=Beekdaelen&id=554d27f5-888d-4c64-ba48-1bdc7a6aa52f","dc_title":"MvA technische vragen VG B1","dc_type":"bijlage","foi_fairiscoreVersions":{"v1":1,"v2":1},"foi_fileName":"MvA%20technische%20vragen%20VG%20B1.pdf","foi_nrPages":1},{"dc_format":"application/pdf","dc_identifier":"nl.gm1954.2c.2024.2838047-5.doc.2","dc_source":"https://api1.ibabs.eu/publicdownload.aspx?site=Beekdaelen&id=8d165d2c-4213-48c4-8688-36b783b9b657","dc_title":"Bijlage 1: Beheersverordening gemeentelijke begraafplaatsen gemeente Beekdaelen 2025 VERVALLEN","dc_type":"bijlage","foi_fairiscoreVersions":{"v1":1,"v2":1},"foi_fileName":"Z%2F24%2F210256%20-%20376092%20-%20Beheersverordening%20gemeentelijke%20begraafplaatsen%20gemeente%20Beekdaelen%202025%20%28concept%29.pdf","foi_nrPages":4},{"dc_format":"application/pdf","dc_identifier":"nl.gm1954.2c.2024.2838047-5.doc.1","dc_source":"https://api1.ibabs.eu/publicdownload.aspx?site=Beekdaelen&id=8fd618be-4c65-4f3c-84d3-f3493c194dc9","dc_title":"Raadsvoorstel inzake Beheersverordening gemeentelijke begraafplaatsen gemeente Beekdaelen 2025","dc_type":"bijlage","foi_fairiscoreVersions":{"v1":1,"v2":1},"foi_fileName":"Z%2F24%2F210256%20-%20376727%20-%20Raadsvoorstel%20Beheersverordening%20gemeentelijke%20begraafplaatsen%20gemeente%20Beekdaelen%202025.pdf","foi_nrPages":2},{"dc_format":"application/pdf","dc_identifier":"nl.gm1954.2c.2024.2838047-5.doc.4","dc_source":"https://api1.ibabs.eu/publicdownload.aspx?site=Beekdaelen&id=293ae429-c605-4e79-92d4-8ebfe88cce40","dc_title":"Raadsbesluit inzake Beheersverordening gemeentelijke begraafplaatsen gemeente Beekdaelen 2025 VERVALLEN","dc_type":"bijlage","foi_fairiscoreVersions":{"v1":1,"v2":1},"foi_fileName":"Z%2F24%2F210256%20-%20376728%20-%20Raadsbesluit%20Beheersverordening%20gemeentelijke%20begraafplaatsen%20gemeente%20Beekdaelen%202025.pdf","foi_nrPages":1},{"dc_format":"application/pdf","dc_identifier":"nl.gm1954.2c.2024.2838047-5.doc.3","dc_source":"https://api1.ibabs.eu/publicdownload.aspx?site=Beekdaelen&id=0d7b74c9-1ed9-4154-9c2b-c989adc7b34f","dc_title":"Bijlage 2: Was \u2013 wordt lijst Beheersverordening gemeentelijke begraafplaatsen gemeente Beekdaelen 2025","dc_type":"bijlage","foi_fairiscoreVersions":{"v1":1,"v2":1},"foi_fileName":"Z%2F24%2F210256%20%E2%80%93%20375646%20-%20Was%20%E2%80%93%20wordt%20lijst%20Beheersverordening%20gemeentelijke%20begraafplaatsen%20gemeente%20Beekdaelen%202025.pdf","foi_nrPages":30}],"foi_nrDocuments":9,"foi_nrPagesInDossier":38,"foi_publishedDate":"2024-12-02","foi_retrievedDate":"2026-02-12"},{"dc_creator":"HandelingScraper_v1","dc_date_year":2024,"dc_description":"Vergadering van de Gemeente Beekdaelen op 2024-12-02. Onderdeel: Raadsvoorstel inzake: \"Omgevingsvergunning voor de bouw van een nultredenwoning aan de  Hegge te Schinnen naast huisnummer 138\".","dc_identifier":"nl.gm1954.2c.2024.2838047-6","dc_publisher":"gm1954","dc_source":"https://beekdaelen.bestuurlijkeinformatie.nl/Agenda/Index/dc8b67b0-ab22-44e9-b292-cd53d9aea88b","dc_title":"Raadscommissie Fysieke Leefomgeving 2024-12-02 - Raadsvoorstel inzake: \"Omgevingsvergunning voor de bouw van een nultredenwoning aan de  Hegge te Schinnen naast huisnummer 138\"","dc_type":"2c","dc_type_description":"Vergaderstuk decentrale overheid","foi_fairiscoreVersions":{"v1":2,"v2":2},"foi_files":[{"dc_format":"application/octet-stream","dc_identifier":"nl.gm1954.2c.2024.2838047-6.doc.6","dc_source":"https://api1.ibabs.eu/publicdownload.aspx?site=Beekdaelen&id=ec3c5db4-877f-47b7-b5e6-8528ab7c743c","dc_title":"B2 1e termijn","dc_type":"bijlage","foi_fileName":"B2%201e%20termijn.mp3"},{"dc_format":"application/octet-stream","dc_identifier":"nl.gm1954.2c.2024.2838047-6.doc.8","dc_source":"https://api1.ibabs.eu/publicdownload.aspx?site=Beekdaelen&id=43dbffac-ef1c-4049-a149-2fae324c9a8c","dc_title":"B2 2e termijn + advies commissie","dc_type":"bijlage","foi_fileName":"B2%202e%20termijn%20%2B%20advies%20commissie.mp3"},{"dc_format":"application/octet-stream","dc_identifier":"nl.gm1954.2c.2024.2838047-6.doc.7","dc_source":"https://api1.ibabs.eu/publicdownload.aspx?site=Beekdaelen&id=ab0ca0be-d7fb-4f4e-97c8-5b4dbeb9cb0c","dc_title":"B2 beantwoording 1e termijn","dc_type":"bijlage","foi_fileName":"B2%20beantwoording%201e%20termijn.mp3"},{"dc_format":"application/pdf","dc_identifier":"nl.gm1954.2c.2024.2838047-6.doc.4","dc_source":"https://api1.ibabs.eu/publicdownload.aspx?site=Beekdaelen&id=8415bb31-9b51-4897-8efa-2f927c5c6b71","dc_title":"Bijlage: ontwerpvergunning","dc_type":"bijlage","foi_fairiscoreVersions":{"v1":2,"v2":2},"foi_fileName":"Beschikking%20op%20aanvraag.pdf","foi_nrPages":6},{"dc_format":"application/pdf","dc_identifier":"nl.gm1954.2c.2024.2838047-6.doc.5","dc_source":"https://api1.ibabs.eu/publicdownload.aspx?site=Beekdaelen&id=8680abad-c803-42d8-a238-134534c346df","dc_title":"MvA technische vragen VG B2","dc_type":"bijlage","foi_fairiscoreVersions":{"v1":1,"v2":1},"foi_fileName":"MvA%20technische%20vragen%20VG%20B2.pdf","foi_nrPages":1},{"dc_format":"application/pdf","dc_identifier":"nl.gm1954.2c.2024.2838047-6.doc.2","dc_source":"https://api1.ibabs.eu/publicdownload.aspx?site=Beekdaelen&id=b8bd5cd3-4948-4ef0-b417-536c6a1b73da","dc_title":"Raadsbesluit inzake Omgevingsvergunning voor de bouw van een nultredenwoning aan de  Hegge te Schinnen naast huisnummer 138 - vastgesteld 17-12-2024","dc_type":"bijlage","foi_fairiscoreVersions":{"v1":1,"v2":1},"foi_fileName":"raadsbesluit%20hegge.pdf","foi_nrPages":1},{"dc_format":"application/pdf","dc_identifier":"nl.gm1954.2c.2024.2838047-6.doc.1","dc_source":"https://api1.ibabs.eu/publicdownload.aspx?site=Beekdaelen&id=197579d2-3e52-4eb3-b39d-eda18e73921e","dc_title":"Raadsvoorstel inzake Omgevingsvergunning voor de bouw van een nultredenwoning aan de  Hegge te Schinnen naast huisnummer 138","dc_type":"bijlage","foi_fairiscoreVersions":{"v1":1,"v2":1},"foi_fileName":"raadsvoorstel.pdf","foi_nrPages":3},{"dc_format":"application/pdf","dc_identifier":"nl.gm1954.2c.2024.2838047-6.doc.3","dc_source":"https://api1.ibabs.eu/publicdownload.aspx?site=Beekdaelen&id=dc4ba4c2-8177-43c5-a63b-2a8b4bf74c60","dc_title":"Bijlage: ruimtelijke onderbouwing","dc_type":"bijlage","foi_fairiscoreVersions":{"v1":3,"v2":3},"foi_fileName":"ruimtelijke%20onderbouwing.pdf","foi_nrPages":48}],"foi_nrDocuments":8,"foi_nrPagesInDossier":59,"foi_publishedDate":"2024-12-02","foi_retrievedDate":"2025-12-01"},{"dc_creator":"HandelingScraper_v1","dc_date_year":2024,"dc_description":"Vergadering van de Gemeente Beekdaelen op 2024-12-02. Onderdeel: Raadsvoorstel inzake: \"Omgevingsvergunning voor het slopen van de bestaande woning en herbouwen van zes woningen aan de Aalbekerweg 73 te Hulsberg\".","dc_identifier":"nl.gm1954.2c.2024.2838047-7","dc_publisher":"gm1954","dc_source":"https://beekdaelen.bestuurlijkeinformatie.nl/Agenda/Index/dc8b67b0-ab22-44e9-b292-cd53d9aea88b","dc_title":"Raadscommissie Fysieke Leefomgeving 2024-12-02 - Raadsvoorstel inzake: \"Omgevingsvergunning voor het slopen van de bestaande woning en herbouwen van zes woningen aan de Aalbekerweg 73 te Hulsberg\"","dc_type":"2c","dc_type_description":"Vergaderstuk decentrale overheid","foi_fairiscoreVersions":{"v1":2,"v2":2},"foi_files":[{"dc_format":"application/octet-stream","dc_identifier":"nl.gm1954.2c.2024.2838047-7.doc.6","dc_source":"https://api1.ibabs.eu/publicdownload.aspx?site=Beekdaelen&id=ca1a69d3-b176-4d6c-9e7b-e424e0c4b027","dc_title":"B3 1e termijn","dc_type":"bijlage","foi_fileName":"B3%201e%20termijn.mp3"},{"dc_format":"application/octet-stream","dc_identifier":"nl.gm1954.2c.2024.2838047-7.doc.8","dc_source":"https://api1.ibabs.eu/publicdownload.aspx?site=Beekdaelen&id=a832d120-324f-4e29-95ee-a9568e24ef69","dc_title":"B3 2e termijn","dc_type":"bijlage","foi_fileName":"B3%202e%20termijn.mp3"},{"dc_format":"application/octet-stream","dc_identifier":"nl.gm1954.2c.2024.2838047-7.doc.10","dc_source":"https://api1.ibabs.eu/publicdownload.aspx?site=Beekdaelen&id=0d9a1509-f5fa-4139-9c3e-92527bce65dd","dc_title":"B3 advies commissie","dc_type":"bijlage","foi_fileName":"B3%20advies%20commissie.mp3"},{"dc_format":"application/octet-stream","dc_identifier":"nl.gm1954.2c.2024.2838047-7.doc.7","dc_source":"https://api1.ibabs.eu/publicdownload.aspx?site=Beekdaelen&id=472f8276-134d-4f28-aad7-c7db67a5e262","dc_title":"B3 beantwoording 1e termijn","dc_type":"bijlage","foi_fileName":"B3%20beantwoording%201e%20termijn.mp3"},{"dc_format":"application/octet-stream","dc_identifier":"nl.gm1954.2c.2024.2838047-7.doc.9","dc_source":"https://api1.ibabs.eu/publicdownload.aspx?site=Beekdaelen&id=eb648658-8183-4429-ab88-4b3d5aa58c32","dc_title":"B3 beantwoording 2e termijn","dc_type":"bijlage","foi_fileName":"B3%20beantwoording%202e%20termijn.mp3"},{"dc_format":"application/pdf","dc_identifier":"nl.gm1954.2c.2024.2838047-7.doc.4","dc_source":"https://api1.ibabs.eu/publicdownload.aspx?site=Beekdaelen&id=519a5ae6-9dc2-43de-9aa4-671420c377ab","dc_title":"Bijlage: ontwerpvergunning","dc_type":"bijlage","foi_fairiscoreVersions":{"v1":2,"v2":2},"foi_fileName":"Beschikking%20op%20aanvraag.pdf","foi_nrPages":5},{"dc_format":"application/pdf","dc_identifier":"nl.gm1954.2c.2024.2838047-7.doc.5","dc_source":"https://api1.ibabs.eu/publicdownload.aspx?site=Beekdaelen&id=f8685fbc-8ed4-4642-bad5-4c49094027b1","dc_title":"MvA technische vragen VG B3","dc_type":"bijlage","foi_fairiscoreVersions":{"v1":1,"v2":1},"foi_fileName":"MvA%20technische%20vragen%20VG%20B3.pdf","foi_nrPages":1},{"dc_format":"application/pdf","dc_identifier":"nl.gm1954.2c.2024.2838047-7.doc.2","dc_source":"https://api1.ibabs.eu/publicdownload.aspx?site=Beekdaelen&id=721a2f22-59c7-47ce-b235-854a7db399f4","dc_title":"Raadsbesluit inzake Omgevingsvergunning voor het slopen van de bestaande woning en  herbouwen van zes woningen aan de Aalbekerweg 73 te Hulsberg - vastgesteld 17-12-2024","dc_type":"bijlage","foi_fairiscoreVersions":{"v1":1,"v2":1},"foi_fileName":"raadsbesluit%20aalbekerweg.pdf","foi_nrPages":1},{"dc_format":"application/pdf","dc_identifier":"nl.gm1954.2c.2024.2838047-7.doc.1","dc_source":"https://api1.ibabs.eu/publicdownload.aspx?site=Beekdaelen&id=666b8061-873b-4d97-b9e1-3d780ff11160","dc_title":"Raadsvoorstel inzake Omgevingsvergunning voor het slopen van de bestaande woning en  herbouwen van zes woningen aan de Aalbekerweg 73 te Hulsberg","dc_type":"bijlage","foi_fairiscoreVersions":{"v1":1,"v2":1},"foi_fileName":"raadsvoorstel.pdf","foi_nrPages":3},{"dc_format":"application/pdf","dc_identifier":"nl.gm1954.2c.2024.2838047-7.doc.3","dc_source":"https://api1.ibabs.eu/publicdownload.aspx?site=Beekdaelen&id=283a0a25-4dde-4be1-99d1-d81d50988bcf","dc_title":"Bijlage: ruimtelijke onderbouwing","dc_type":"bijlage","foi_fairiscoreVersions":{"v1":3,"v2":3},"foi_fileName":"ruimtelijke%20onderbouwing.pdf","foi_nrPages":48}],"foi_nrDocuments":10,"foi_nrPagesInDossier":58,"foi_publishedDate":"2024-12-02","foi_retrievedDate":"2025-12-01"},{"dc_creator":"HandelingScraper_v1","dc_date_year":2024,"dc_description":"Vergadering van de Gemeente Beekdaelen op 2024-12-02. Onderdeel: Raadsvoorstel inzake: \"Omgevingsvergunning voor het bouwen van een woning aan de  Romenkamp te Oirsbeek naast huisnummer 20\".","dc_identifier":"nl.gm1954.2c.2024.2838047-8","dc_publisher":"gm1954","dc_source":"https://beekdaelen.bestuurlijkeinformatie.nl/Agenda/Index/dc8b67b0-ab22-44e9-b292-cd53d9aea88b","dc_title":"Raadscommissie Fysieke Leefomgeving 2024-12-02 - Raadsvoorstel inzake: \"Omgevingsvergunning voor het bouwen van een woning aan de  Romenkamp te Oirsbeek naast huisnummer 20\"","dc_type":"2c","dc_type_description":"Vergaderstuk decentrale overheid","foi_fairiscoreVersions":{"v1":2,"v2":2},"foi_files":[{"dc_format":"application/octet-stream","dc_identifier":"nl.gm1954.2c.2024.2838047-8.doc.7","dc_source":"https://api1.ibabs.eu/publicdownload.aspx?site=Beekdaelen&id=c74e3d16-14f4-4043-a7b9-064a152c43eb","dc_title":"B4 advies commissie","dc_type":"bijlage","foi_fileName":"B4%20advies%20commissie.mp3"},{"dc_format":"application/pdf","dc_identifier":"nl.gm1954.2c.2024.2838047-8.doc.4","dc_source":"https://api1.ibabs.eu/publicdownload.aspx?site=Beekdaelen&id=97d7e0a5-d666-4d1d-95dc-64850aea2eb2","dc_title":"Bijlage: ontwerpvergunning","dc_type":"bijlage","foi_fairiscoreVersions":{"v1":2,"v2":2},"foi_fileName":"Beschikking%20op%20aanvraag.pdf","foi_nrPages":4},{"dc_format":"application/pdf","dc_identifier":"nl.gm1954.2c.2024.2838047-8.doc.5","dc_source":"https://api1.ibabs.eu/publicdownload.aspx?site=Beekdaelen&id=9fcf2908-7c26-4fce-b392-f84cc99086eb","dc_title":"MvA technische vragen CDA B4","dc_type":"bijlage","foi_fairiscoreVersions":{"v1":1,"v2":1},"foi_fileName":"MvA%20technische%20vragen%20CDA%20B4.pdf","foi_nrPages":1},{"dc_format":"application/pdf","dc_identifier":"nl.gm1954.2c.2024.2838047-8.doc.6","dc_source":"https://api1.ibabs.eu/publicdownload.aspx?site=Beekdaelen&id=c3784b60-8ff4-4ef2-8647-895d4307e314","dc_title":"MvA technische vragen VG B4","dc_type":"bijlage","foi_fairiscoreVersions":{"v1":1,"v2":1},"foi_fileName":"MvA%20technische%20vragen%20VG%20B4.pdf","foi_nrPages":1},{"dc_format":"application/pdf","dc_identifier":"nl.gm1954.2c.2024.2838047-8.doc.2","dc_source":"https://api1.ibabs.eu/publicdownload.aspx?site=Beekdaelen&id=ff78b058-cb17-4119-b06f-ef74cb530aef","dc_title":"Raadsbesluit inzake Omgevingsvergunning voor het bouwen van een woning aan de  Romenkamp te Oirsbeek naast huisnummer 20 - vastgesteld 17-12-2024","dc_type":"bijlage","foi_fairiscoreVersions":{"v1":1,"v2":1},"foi_fileName":"raadsbesluit%20romenkamp.pdf","foi_nrPages":1},{"dc_format":"application/pdf","dc_identifier":"nl.gm1954.2c.2024.2838047-8.doc.1","dc_source":"https://api1.ibabs.eu/publicdownload.aspx?site=Beekdaelen&id=01b8c687-80b2-4841-8034-9a2e9a0f3b71","dc_title":"Raadsvoorstel inzake Omgevingsvergunning voor het bouwen van een woning aan de  Romenkamp te Oirsbeek naast huisnummer 20","dc_type":"bijlage","foi_fairiscoreVersions":{"v1":1,"v2":1},"foi_fileName":"raadsvoorstel.pdf","foi_nrPages":3},{"dc_format":"application/pdf","dc_identifier":"nl.gm1954.2c.2024.2838047-8.doc.3","dc_source":"https://api1.ibabs.eu/publicdownload.aspx?site=Beekdaelen&id=34e33325-b242-4e3b-ad8f-45d1ecc4ccee","dc_title":"Bijlage: ruimtelijke onderbouwing","dc_type":"bijlage","foi_fairiscoreVersions":{"v1":1,"v2":1},"foi_fileName":"ruimtelijke%20onderbouwing.pdf","foi_nrPages":49}],"foi_nrDocuments":7,"foi_nrPagesInDossier":59,"foi_publishedDate":"2024-12-02","foi_retrievedDate":"2026-03-06"},{"dc_creator":"HandelingScraper_v1","dc_date_year":2024,"dc_description":"Vergadering van de Gemeente Beekdaelen op 2024-12-02. Onderdeel: Rondvraag Fysieke Leefomgeving.","dc_identifier":"nl.gm1954.2c.2024.2838047-9","dc_publisher":"gm1954","dc_source":"https://beekdaelen.bestuurlijkeinformatie.nl/Agenda/Index/dc8b67b0-ab22-44e9-b292-cd53d9aea88b","dc_title":"Raadscommissie Fysieke Leefomgeving 2024-12-02 - Rondvraag Fysieke Leefomgeving","dc_type":"2c","dc_type_description":"Vergaderstuk decentrale overheid","foi_fairiscoreVersions":{"v1":null,"v2":null},"foi_files":[{"dc_format":"application/octet-stream","dc_identifier":"nl.gm1954.2c.2024.2838047-9.doc.1","dc_source":"https://api1.ibabs.eu/publicdownload.aspx?site=Beekdaelen&id=1b626953-99d9-4561-8aee-054bb548d228","dc_title":"C rondvraag I (PvdA)","dc_type":"bijlage","foi_fileName":"C%20rondvraag%20I%20%28PvdA%29.mp3"},{"dc_format":"application/octet-stream","dc_identifier":"nl.gm1954.2c.2024.2838047-9.doc.2","dc_source":"https://api1.ibabs.eu/publicdownload.aspx?site=Beekdaelen&id=d266251f-c7c4-4474-8b2b-c4419c311b43","dc_title":"C rondvraag II (VVD)","dc_type":"bijlage","foi_fileName":"C%20rondvraag%20II%20%28VVD%29.mp3"}],"foi_nrDocuments":2,"foi_nrPagesInDossier":0,"foi_publishedDate":"2024-12-02","foi_retrievedDate":"2026-03-04"},{"dc_creator":"HandelingScraper_v1","dc_date_year":2024,"dc_description":"Vergadering van de Gemeente Beekdaelen op 2024-12-03. Onderdeel: Algemeen.","dc_identifier":"nl.gm1954.2c.2024.2838100-1","dc_publisher":"gm1954","dc_source":"https://beekdaelen.bestuurlijkeinformatie.nl/Agenda/Index/1b751096-e2c8-4c15-863b-32e3a8ba87e9","dc_title":"Raadscommissie Sociale Leefomgeving 2024-12-03 - Algemeen","dc_type":"2c","dc_type_description":"Vergaderstuk decentrale overheid","foi_fairiscoreVersions":{"v1":1,"v2":1},"foi_files":[{"dc_format":"application/pdf","dc_identifier":"nl.gm1954.2c.2024.2838100-1.doc.1","dc_source":"https://api1.ibabs.eu/publicdownload.aspx?site=Beekdaelen&id=57a4e939-e8c9-47b3-bfaf-faad0f4e2579","dc_title":"Technische vragen VG cie SLO B1 en B3","dc_type":"bijlage","foi_fairiscoreVersions":{"v1":1,"v2":1},"foi_fileName":"Technische%20vragen%20VG%20cie%20SLO%20B1%20en%20B3.pdf","foi_nrPages":1}],"foi_nrDocuments":1,"foi_nrPagesInDossier":1,"foi_publishedDate":"2024-12-03","foi_retrievedDate":"2026-03-02"},{"dc_creator":"HandelingScraper_v1","dc_date_year":2024,"dc_description":"Vergadering van de Gemeente Beekdaelen op 2024-12-03. Onderdeel: Opening, mededelingen voorzitter en vaststellen agenda.","dc_identifier":"nl.gm1954.2c.2024.2838100-2","dc_publisher":"gm1954","dc_source":"https://beekdaelen.bestuurlijkeinformatie.nl/Agenda/Index/1b751096-e2c8-4c15-863b-32e3a8ba87e9","dc_title":"Raadscommissie Sociale Leefomgeving 2024-12-03 - Opening, mededelingen voorzitter en vaststellen agenda","dc_type":"2c","dc_type_description":"Vergaderstuk decentrale overheid","foi_fairiscoreVersions":{"v1":1,"v2":1},"foi_files":[{"dc_format":"application/octet-stream","dc_identifier":"nl.gm1954.2c.2024.2838100-2.doc.2","dc_source":"https://api1.ibabs.eu/publicdownload.aspx?site=Beekdaelen&id=2dbc012a-6b29-4549-9e9b-39094dfc0d38","dc_title":"A1 tm A3","dc_type":"bijlage","foi_fileName":"A1%20tm%20A3.mp3"},{"dc_format":"application/pdf","dc_identifier":"nl.gm1954.2c.2024.2838100-2.doc.1","dc_source":"https://api1.ibabs.eu/publicdownload.aspx?site=Beekdaelen&id=498a555c-21f5-49c1-b755-181dd841baa7","dc_title":"Uitnodiging en voorlopige agenda cie. SLO 03.12.2024","dc_type":"bijlage","foi_fairiscoreVersions":{"v1":1,"v2":1},"foi_fileName":"Uitnodiging%20en%20voorlopige%20agenda%20cie.%20SLO%2003.12.pdf","foi_nrPages":1}],"foi_nrDocuments":2,"foi_nrPagesInDossier":1,"foi_publishedDate":"2024-12-03","foi_retrievedDate":"2026-02-12"},{"dc_creator":"HandelingScraper_v1","dc_date_year":2024,"dc_description":"Vergadering van de Gemeente Beekdaelen op 2024-12-03. Onderdeel: Spreekrecht burgers.","dc_identifier":"nl.gm1954.2c.2024.2838100-3","dc_publisher":"gm1954","dc_source":"https://beekdaelen.bestuurlijkeinformatie.nl/Agenda/Index/1b751096-e2c8-4c15-863b-32e3a8ba87e9","dc_title":"Raadscommissie Sociale Leefomgeving 2024-12-03 - Spreekrecht burgers","dc_type":"2c","dc_type_description":"Vergaderstuk decentrale overheid","foi_fairiscoreVersions":{"v1":null,"v2":null},"foi_files":[{"dc_format":"application/octet-stream","dc_identifier":"nl.gm1954.2c.2024.2838100-3.doc.1","dc_source":"https://api1.ibabs.eu/publicdownload.aspx?site=Beekdaelen&id=af47497f-9278-4941-978b-e545b3afebea","dc_title":"A1 tm A3","dc_type":"bijlage","foi_fileName":"A1%20tm%20A3.mp3"}],"foi_nrDocuments":1,"foi_nrPagesInDossier":0,"foi_publishedDate":"2024-12-03","foi_retrievedDate":"2025-12-02"},{"dc_creator":"HandelingScraper_v1","dc_date_year":2024,"dc_description":"Vergadering van de Gemeente Beekdaelen op 2024-12-03. Onderdeel: Vaststellen actiepuntenlijst van de gecombineerde raadscommissie Sociale Leefomgeving/Bestuur & Middelen d.d. 15.10.2024.","dc_identifier":"nl.gm1954.2c.2024.2838100-4","dc_publisher":"gm1954","dc_source":"https://beekdaelen.bestuurlijkeinformatie.nl/Agenda/Index/1b751096-e2c8-4c15-863b-32e3a8ba87e9","dc_title":"Raadscommissie Sociale Leefomgeving 2024-12-03 - Vaststellen actiepuntenlijst van de gecombineerde raadscommissie Sociale Leefomgeving/Bestuur & Middelen d.d. 15.10.2024","dc_type":"2c","dc_type_description":"Vergaderstuk decentrale overheid","foi_fairiscoreVersions":{"v1":1,"v2":1},"foi_files":[{"dc_format":"application/octet-stream","dc_identifier":"nl.gm1954.2c.2024.2838100-4.doc.2","dc_source":"https://api1.ibabs.eu/publicdownload.aspx?site=Beekdaelen&id=3795deb9-86fa-4ea9-b564-b19dc06d46ae","dc_title":"A1 tm A3","dc_type":"bijlage","foi_fileName":"A1%20tm%20A3.mp3"},{"dc_format":"application/pdf","dc_identifier":"nl.gm1954.2c.2024.2838100-4.doc.1","dc_source":"https://api1.ibabs.eu/publicdownload.aspx?site=Beekdaelen&id=d071ba12-cd80-4d85-ab77-1061c3091e4c","dc_title":"Actiepuntenlijst cie SLO B&M 15102024","dc_type":"bijlage","foi_fairiscoreVersions":{"v1":1,"v2":1},"foi_fileName":"Actiepuntenlijst%20cie%20SLO%20B%26M%2015102024.pdf","foi_nrPages":5}],"foi_nrDocuments":2,"foi_nrPagesInDossier":5,"foi_publishedDate":"2024-12-03","foi_retrievedDate":"2026-02-06"},{"dc_creator":"HandelingScraper_v1","dc_date_year":2024,"dc_description":"Vergadering van de Gemeente Beekdaelen op 2024-12-03. Onderdeel: Raadsvoorstel inzake: \"Tweede begrotingswijziging 2024 GR WOZL\".","dc_identifier":"nl.gm1954.2c.2024.2838100-5","dc_publisher":"gm1954","dc_source":"https://beekdaelen.bestuurlijkeinformatie.nl/Agenda/Index/1b751096-e2c8-4c15-863b-32e3a8ba87e9","dc_title":"Raadscommissie Sociale Leefomgeving 2024-12-03 - Raadsvoorstel inzake: \"Tweede begrotingswijziging 2024 GR WOZL\"","dc_type":"2c","dc_type_description":"Vergaderstuk decentrale overheid","foi_fairiscoreVersions":{"v1":2,"v2":2},"foi_files":[{"dc_format":"application/octet-stream","dc_identifier":"nl.gm1954.2c.2024.2838100-5.doc.7","dc_source":"https://api1.ibabs.eu/publicdownload.aspx?site=Beekdaelen&id=67250523-1fa4-4a2e-a4e6-a5b489a04341","dc_title":"B1 1e termijn","dc_type":"bijlage","foi_fileName":"B1%201e%20termijn.mp3"},{"dc_format":"application/octet-stream","dc_identifier":"nl.gm1954.2c.2024.2838100-5.doc.9","dc_source":"https://api1.ibabs.eu/publicdownload.aspx?site=Beekdaelen&id=25e6f53f-72d6-4896-af3b-bdcf687dc7e6","dc_title":"B1 2e termijn (geen vragen)","dc_type":"bijlage","foi_fileName":"B1%202e%20termijn%20%28geen%20vragen%29.mp3"},{"dc_format":"application/octet-stream","dc_identifier":"nl.gm1954.2c.2024.2838100-5.doc.10","dc_source":"https://api1.ibabs.eu/publicdownload.aspx?site=Beekdaelen&id=bcd77c58-2bdb-4729-ac37-e6c1be659590","dc_title":"B1 advies commissie","dc_type":"bijlage","foi_fileName":"B1%20advies%20commissie.mp3"},{"dc_format":"application/octet-stream","dc_identifier":"nl.gm1954.2c.2024.2838100-5.doc.8","dc_source":"https://api1.ibabs.eu/publicdownload.aspx?site=Beekdaelen&id=7bd21709-1ad8-4c71-9cb7-5dff3f3037ad","dc_title":"B1 beantwoording 1e termijn","dc_type":"bijlage","foi_fileName":"B1%20beantwoording%201e%20termijn.mp3"},{"dc_format":"application/pdf","dc_identifier":"nl.gm1954.2c.2024.2838100-5.doc.6","dc_source":"https://api1.ibabs.eu/publicdownload.aspx?site=Beekdaelen&id=40a23615-5124-4989-a07b-d1546a0add9a","dc_title":"MvA technische vragen VG B1","dc_type":"bijlage","foi_fairiscoreVersions":{"v1":1,"v2":1},"foi_fileName":"MvA%20technische%20vragen%20VG%20B1.pdf","foi_nrPages":2},{"dc_format":"application/pdf","dc_identifier":"nl.gm1954.2c.2024.2838100-5.doc.5","dc_source":"https://api1.ibabs.eu/publicdownload.aspx?site=Beekdaelen&id=6b5b233e-d4a4-409b-80eb-5fc6a99f9adc","dc_title":"Bijlage: Uitgaande brief aan WOZL inzake raadsbesluit","dc_type":"bijlage","foi_fairiscoreVersions":{"v1":2,"v2":2},"foi_fileName":"Z%2F24%2F211057%20-%20376681%20-%20Uitgaande%20brief%20aan%20WOZL%20inzake%20raadsbesluit.pdf","foi_nrPages":1},{"dc_format":"application/pdf","dc_identifier":"nl.gm1954.2c.2024.2838100-5.doc.1","dc_source":"https://api1.ibabs.eu/publicdownload.aspx?site=Beekdaelen&id=2a2c4869-add3-447c-b9ca-f78fde6a815d","dc_title":"Raadsvoorstel inzake Tweede begrotingswijziging 2024 GR WOZL","dc_type":"bijlage","foi_fairiscoreVersions":{"v1":1,"v2":1},"foi_fileName":"Z%2F24%2F211057%20-%20376686%20-%20Raadsvoorstel%20Tweede%20begrotingswijziging%202024%20GR%20WOZL.pdf","foi_nrPages":5},{"dc_format":"application/pdf","dc_identifier":"nl.gm1954.2c.2024.2838100-5.doc.4","dc_source":"https://api1.ibabs.eu/publicdownload.aspx?site=Beekdaelen&id=4b3826ac-09eb-43f7-9901-10aa36f217c8","dc_title":"Raadsbesluit inzake Tweede begrotingswijziging 2024 GR WOZL - vastgesteld 17-12-2024","dc_type":"bijlage","foi_fairiscoreVersions":{"v1":1,"v2":1},"foi_fileName":"Z%2F24%2F211057%20-%20376688%20-%20Raadsbesluit%20Tweede%20begrotingswijziging%202024%20GR%20WOZL.pdf","foi_nrPages":1},{"dc_format":"application/pdf","dc_identifier":"nl.gm1954.2c.2024.2838100-5.doc.2","dc_source":"https://api1.ibabs.eu/publicdownload.aspx?site=Beekdaelen&id=618480c3-ed9e-4924-ac77-9bc88ee4fc98","dc_title":"Bijlage: Tweede begrotingswijziging 2024 GR WOZL","dc_type":"bijlage","foi_fairiscoreVersions":{"v1":2,"v2":1},"foi_fileName":"Z%2F24%2F211057%20-%20376911.pdf","foi_nrPages":19},{"dc_format":"application/pdf","dc_identifier":"nl.gm1954.2c.2024.2838100-5.doc.3","dc_source":"https://api1.ibabs.eu/publicdownload.aspx?site=Beekdaelen&id=5d206e11-b99c-43fa-bf7b-673c28a316ba","dc_title":"Bijlage: Factsheet Tweede begrotingswijziging 2024 GR WOZL","dc_type":"bijlage","foi_fairiscoreVersions":{"v1":1,"v2":1},"foi_fileName":"Z%2F24%2F211057%20-%20376913%20-%20Factsheet%20Tweede%20begrotingswijziging%202024%20GR%20WOZL.pdf","foi_nrPages":2}],"foi_nrDocuments":10,"foi_nrPagesInDossier":30,"foi_publishedDate":"2024-12-03","foi_retrievedDate":"2026-03-03"},{"dc_creator":"HandelingScraper_v1","dc_date_year":2024,"dc_description":"Vergadering van de Gemeente Beekdaelen op 2024-12-03. Onderdeel: Raadsvoorstel inzake: \"Tweede begrotingswijziging 2024 GR WSP Parkstad\".","dc_identifier":"nl.gm1954.2c.2024.2838100-6","dc_publisher":"gm1954","dc_source":"https://beekdaelen.bestuurlijkeinformatie.nl/Agenda/Index/1b751096-e2c8-4c15-863b-32e3a8ba87e9","dc_title":"Raadscommissie Sociale Leefomgeving 2024-12-03 - Raadsvoorstel inzake: \"Tweede begrotingswijziging 2024 GR WSP Parkstad\"","dc_type":"2c","dc_type_description":"Vergaderstuk decentrale overheid","foi_fairiscoreVersions":{"v1":2,"v2":2},"foi_files":[{"dc_format":"application/octet-stream","dc_identifier":"nl.gm1954.2c.2024.2838100-6.doc.6","dc_source":"https://api1.ibabs.eu/publicdownload.aspx?site=Beekdaelen&id=ff0253a5-8b33-4f5b-8aee-78c6ecf968ca","dc_title":"B2 totaal (geen vragen)","dc_type":"bijlage","foi_fileName":"B2%20totaal%20%28geen%20vragen%29.mp3"},{"dc_format":"application/pdf","dc_identifier":"nl.gm1954.2c.2024.2838100-6.doc.1","dc_source":"https://api1.ibabs.eu/publicdownload.aspx?site=Beekdaelen&id=c0caf458-0559-4fa3-9a77-a68fbb7779ae","dc_title":"Raadsvoorstel inzake Tweede begrotingswijziging 2024 GR WSP Parkstad","dc_type":"bijlage","foi_fairiscoreVersions":{"v1":1,"v2":1},"foi_fileName":"Z%2F24%2F211039%20-%20376621%20-%20Tweede%20begrotingswijziging%202024%20GR%20WSP%20Parkstad.pdf","foi_nrPages":3},{"dc_format":"application/pdf","dc_identifier":"nl.gm1954.2c.2024.2838100-6.doc.4","dc_source":"https://api1.ibabs.eu/publicdownload.aspx?site=Beekdaelen&id=21233e31-b59a-4b48-96f7-daec3c16cc9c","dc_title":"Raadsbesluit inzake Tweede begrotingswijziging 2024 GR WSP Parkstad - vastgesteld 17-12-2024","dc_type":"bijlage","foi_fairiscoreVersions":{"v1":1,"v2":1},"foi_fileName":"Z%2F24%2F211039%20-%20376628%20-%20Raadsbesluit.pdf","foi_nrPages":1},{"dc_format":"application/pdf","dc_identifier":"nl.gm1954.2c.2024.2838100-6.doc.5","dc_source":"https://api1.ibabs.eu/publicdownload.aspx?site=Beekdaelen&id=2147c521-be54-421d-b64b-94120c90c2b1","dc_title":"Bijlage: Uitgaande brief aan WSP Parkstad inzake raadsbesluit","dc_type":"bijlage","foi_fairiscoreVersions":{"v1":2,"v2":2},"foi_fileName":"Z%2F24%2F211039%20-%20376630%20-%20Uitgaande%20brief%20aan%20WSP%20Parkstad%20inzake%20raadsbesluit.pdf","foi_nrPages":1},{"dc_format":"application/pdf","dc_identifier":"nl.gm1954.2c.2024.2838100-6.doc.2","dc_source":"https://api1.ibabs.eu/publicdownload.aspx?site=Beekdaelen&id=b0dfc6d9-2012-4397-afb1-0ccc53dad8e5","dc_title":"Bijlage: Tweede begrotingswijziging 2024 GR WSP Parkstad","dc_type":"bijlage","foi_fairiscoreVersions":{"v1":2,"v2":1},"foi_fileName":"Z%2F24%2F211039%20-%20376915.pdf","foi_nrPages":16},{"dc_format":"application/pdf","dc_identifier":"nl.gm1954.2c.2024.2838100-6.doc.3","dc_source":"https://api1.ibabs.eu/publicdownload.aspx?site=Beekdaelen&id=d7689b74-5f9d-4c3a-b80c-960ce03e1d8c","dc_title":"Bijlage: Factsheet Tweede begrotingswijziging 2024 GR WSP Parkstad","dc_type":"bijlage","foi_fairiscoreVersions":{"v1":1,"v2":1},"foi_fileName":"Z%2F24%2F211039%20-%20376916%20-%20Factsheet%20Tweede%20begrotingswijziging%202024%20GR%20WSP%20Parkstad.pdf","foi_nrPages":2}],"foi_nrDocuments":6,"foi_nrPagesInDossier":23,"foi_publishedDate":"2024-12-03","foi_retrievedDate":"2026-03-06"},{"dc_creator":"HandelingScraper_v1","dc_date_year":2024,"dc_description":"Vergadering van de Gemeente Beekdaelen op 2024-12-03. Onderdeel: Raadsvoorstel inzake: \"Zuid-Limburgs beleidsplan Preventie en Handhaving Jeugd & Middelen 2025-2028\".","dc_identifier":"nl.gm1954.2c.2024.2838100-7","dc_publisher":"gm1954","dc_source":"https://beekdaelen.bestuurlijkeinformatie.nl/Agenda/Index/1b751096-e2c8-4c15-863b-32e3a8ba87e9","dc_title":"Raadscommissie Sociale Leefomgeving 2024-12-03 - Raadsvoorstel inzake: \"Zuid-Limburgs beleidsplan Preventie en Handhaving Jeugd & Middelen 2025-2028\"","dc_type":"2c","dc_type_description":"Vergaderstuk decentrale overheid","foi_fairiscoreVersions":{"v1":2,"v2":2},"foi_files":[{"dc_format":"application/octet-stream","dc_identifier":"nl.gm1954.2c.2024.2838100-7.doc.8","dc_source":"https://api1.ibabs.eu/publicdownload.aspx?site=Beekdaelen&id=35ca14a2-2769-4050-bd0b-8da9b5c06c5c","dc_title":"B3 1e termijn I","dc_type":"bijlage","foi_fileName":"B3%201e%20termijn%20I.mp3"},{"dc_format":"application/octet-stream","dc_identifier":"nl.gm1954.2c.2024.2838100-7.doc.9","dc_source":"https://api1.ibabs.eu/publicdownload.aspx?site=Beekdaelen&id=6099870d-83c0-4ce9-977d-3f29ff97eb07","dc_title":"B3 1e termijn II","dc_type":"bijlage","foi_fileName":"B3%201e%20termijn%20II.mp3"},{"dc_format":"application/octet-stream","dc_identifier":"nl.gm1954.2c.2024.2838100-7.doc.11","dc_source":"https://api1.ibabs.eu/publicdownload.aspx?site=Beekdaelen&id=8ba5f918-e160-47ea-be56-693da96fe15c","dc_title":"B3 2e termijn","dc_type":"bijlage","foi_fileName":"B3%202e%20termijn.mp3"},{"dc_format":"application/octet-stream","dc_identifier":"nl.gm1954.2c.2024.2838100-7.doc.13","dc_source":"https://api1.ibabs.eu/publicdownload.aspx?site=Beekdaelen&id=878f5ef5-606e-449a-8dce-d335ff431acc","dc_title":"B3 advies commissie","dc_type":"bijlage","foi_fileName":"B3%20advies%20commissie.mp3"},{"dc_format":"application/octet-stream","dc_identifier":"nl.gm1954.2c.2024.2838100-7.doc.10","dc_source":"https://api1.ibabs.eu/publicdownload.aspx?site=Beekdaelen&id=a77f9398-39f4-4f8f-90f8-806846a80e3a","dc_title":"B3 beantwoording 1e termijn","dc_type":"bijlage","foi_fileName":"B3%20beantwoording%201e%20termijn.mp3"},{"dc_format":"application/octet-stream","dc_identifier":"nl.gm1954.2c.2024.2838100-7.doc.12","dc_source":"https://api1.ibabs.eu/publicdownload.aspx?site=Beekdaelen&id=47604ec7-198a-4a45-9c96-c2dc123f699d","dc_title":"B3 beantwoording 2e termijn","dc_type":"bijlage","foi_fileName":"B3%20beantwoording%202e%20termijn.mp3"},{"dc_format":"application/pdf","dc_identifier":"nl.gm1954.2c.2024.2838100-7.doc.2","dc_source":"https://api1.ibabs.eu/publicdownload.aspx?site=Beekdaelen&id=ca24b454-fc0c-4f13-8016-cf5e57dbb7b2","dc_title":"Bijlage 1: Definitief beleidsplan Zuid-Limburgs beleidsplan Preventie en Handhaving Jeugd & Middelen 2025-2028","dc_type":"bijlage","foi_fairiscoreVersions":{"v1":2,"v2":2},"foi_fileName":"Bijlage%201%20Definitief%20beleidsplan%20Zuid-Limburgs%20beleidsplan%20Preventie%20en%20Handhaving%20Jeugd%20%26%20Middelen%202025-2028.pdf","foi_nrPages":34},{"dc_format":"application/pdf","dc_identifier":"nl.gm1954.2c.2024.2838100-7.doc.3","dc_source":"https://api1.ibabs.eu/publicdownload.aspx?site=Beekdaelen&id=7b314745-2f14-4a66-a905-c25c16b39849","dc_title":"Bijlage 2: concept Raadsbesluit Zuid-Limburgs beleidsplan Preventie en Handhaving Jeugd & Middelen 2025-2028","dc_type":"bijlage","foi_fairiscoreVersions":{"v1":1,"v2":1},"foi_fileName":"Bijlage%202%20concept%20Raadsbesluit%20Zuid-Limburgs%20beleidsplan%20Preventie%20en%20Handhaving%20Jeugd%20%26%20Middelen%202025-2028.pdf","foi_nrPages":1},{"dc_format":"application/pdf","dc_identifier":"nl.gm1954.2c.2024.2838100-7.doc.4","dc_source":"https://api1.ibabs.eu/publicdownload.aspx?site=Beekdaelen&id=56df5a22-6769-40a1-a921-6644d667bb8e","dc_title":"Bijlage 3: Reactie op ASD brief","dc_type":"bijlage","foi_fairiscoreVersions":{"v1":2,"v2":2},"foi_fileName":"Bijlage%203%20Reactie%20op%20ASD%20brief.pdf","foi_nrPages":6},{"dc_format":"application/pdf","dc_identifier":"nl.gm1954.2c.2024.2838100-7.doc.5","dc_source":"https://api1.ibabs.eu/publicdownload.aspx?site=Beekdaelen&id=e3092fd9-bf45-400a-9ff0-f622eefbb1ea","dc_title":"Bijlage 4: Codeboek incl. ingestuurd advies per adviesraad (def)","dc_type":"bijlage","foi_fairiscoreVersions":{"v1":2,"v2":2},"foi_fileName":"Bijlage%204%20Codeboek%20incl.pdf","foi_nrPages":30},{"dc_format":"application/pdf","dc_identifier":"nl.gm1954.2c.2024.2838100-7.doc.6","dc_source":"https://api1.ibabs.eu/publicdownload.aspx?site=Beekdaelen&id=43f19880-e6a8-4e38-867e-d1202d5bf1bd","dc_title":"Bijlage 5: Alle antwoorden incl. antwoordcode (def)","dc_type":"bijlage","foi_fairiscoreVersions":{"v1":1,"v2":1},"foi_fileName":"Bijlage%205-%20Alle%20antwoorden%20incl.pdf","foi_nrPages":14},{"dc_format":"application/pdf","dc_identifier":"nl.gm1954.2c.2024.2838100-7.doc.7","dc_source":"https://api1.ibabs.eu/publicdownload.aspx?site=Beekdaelen&id=d2d8bd79-bf75-467f-a1ba-f817b35f3a55","dc_title":"MvA technische vragen VG B3","dc_type":"bijlage","foi_fairiscoreVersions":{"v1":1,"v2":1},"foi_fileName":"MvA%20technische%20vragen%20VG%20B3.pdf","foi_nrPages":2},{"dc_format":"application/pdf","dc_identifier":"nl.gm1954.2c.2024.2838100-7.doc.1","dc_source":"https://api1.ibabs.eu/publicdownload.aspx?site=Beekdaelen&id=da984608-0b50-403f-8f43-4c823984cc2d","dc_title":"Raadsvoorstel Zuid-Limburgse beleidsplan Preventie en Handhaving Jeugd & Middelen 2025-2028","dc_type":"bijlage","foi_fairiscoreVersions":{"v1":1,"v2":1},"foi_fileName":"Raadsvoorstel%20Zuid-Limburgse%20beleidsplan%20Preventie%20en%20Handhaving%20Jeugd%20%26%20Middelen%202025-2028.pdf","foi_nrPages":4}],"foi_nrDocuments":13,"foi_nrPagesInDossier":91,"foi_publishedDate":"2024-12-03","foi_retrievedDate":"2026-03-05"},{"dc_creator":"HandelingScraper_v1","dc_date_year":2024,"dc_description":"Vergadering van de Gemeente Beekdaelen op 2024-12-03. Onderdeel: Rondvraag Sociale Leefomgeving.","dc_identifier":"nl.gm1954.2c.2024.2838100-8","dc_publisher":"gm1954","dc_source":"https://beekdaelen.bestuurlijkeinformatie.nl/Agenda/Index/1b751096-e2c8-4c15-863b-32e3a8ba87e9","dc_title":"Raadscommissie Sociale Leefomgeving 2024-12-03 - Rondvraag Sociale Leefomgeving","dc_type":"2c","dc_type_description":"Vergaderstuk decentrale overheid","foi_fairiscoreVersions":{"v1":2,"v2":1},"foi_files":[{"dc_format":"application/pdf","dc_identifier":"nl.gm1954.2c.2024.2838100-8.doc.7","dc_source":"https://api1.ibabs.eu/publicdownload.aspx?site=Beekdaelen&id=72a80642-b3ee-4f7e-be55-b9380c868dbc","dc_title":"2022-016 Beantwoording schrift.vragen ex art 32 CDA inzake OV lijn 36","dc_type":"bijlage","foi_fairiscoreVersions":{"v1":1,"v2":1},"foi_fileName":"2022-016%20Beantwoording%20schrift.pdf","foi_nrPages":3},{"dc_format":"application/pdf","dc_identifier":"nl.gm1954.2c.2024.2838100-8.doc.8","dc_source":"https://api1.ibabs.eu/publicdownload.aspx?site=Beekdaelen&id=0077ce2f-150f-4a36-9ef7-0c0d25131fef","dc_title":"2023-006 Beantwoording schrift.vragen ex art. 32 CDA inzake wijzigingen in OV lijn 36","dc_type":"bijlage","foi_fairiscoreVersions":{"v1":1,"v2":1},"foi_fileName":"2023-006%20Beantwoording%20schrift.vragen%20ex%20art.pdf","foi_nrPages":2},{"dc_format":"application/pdf","dc_identifier":"nl.gm1954.2c.2024.2838100-8.doc.9","dc_source":"https://api1.ibabs.eu/publicdownload.aspx?site=Beekdaelen&id=5ef2a2ef-6cf3-4567-950b-80f9fe08ebfc","dc_title":"Beantwoording schriftelijke vragen ex art 32 CDA inzake verplaatsing opstapplaats lijn 36","dc_type":"bijlage","foi_fairiscoreVersions":{"v1":1,"v2":1},"foi_fileName":"Beantwoording%20schriftelijke%20vragen%20ex%20art%2032%20CDA%20inzake%20verplaatsing%20opstapplaats%20lijn%2036.pdf","foi_nrPages":2},{"dc_format":"application/pdf","dc_identifier":"nl.gm1954.2c.2024.2838100-8.doc.1","dc_source":"https://api1.ibabs.eu/publicdownload.aspx?site=Beekdaelen&id=cc1f1b1f-5e3c-4af8-95b7-29ba5da58815","dc_title":"Bijlage rondvraag CDA Beantwoording schriftelijke vragen ex art 32 CDA inzake verplaatsing opstapplaats lijn 36","dc_type":"bijlage","foi_fairiscoreVersions":{"v1":1,"v2":1},"foi_fileName":"Bijlage%20rondvraag%20CDA%20Beantwoording%20schriftelijke%20vragen%20ex%20art%2032%20CDA%20inzake%20verplaatsing%20opstapplaats%20lijn%2036.pdf","foi_nrPages":2},{"dc_format":"application/pdf","dc_identifier":"nl.gm1954.2c.2024.2838100-8.doc.2","dc_source":"https://api1.ibabs.eu/publicdownload.aspx?site=Beekdaelen&id=363899f3-b617-4005-9ba3-05ac80fe2c3a","dc_title":"Bijlage rondvraag CDA Bushalte Kneykuilerweg (1)","dc_type":"bijlage","foi_fairiscoreVersions":{"v1":2,"v2":1},"foi_fileName":"Bushalte%20Kneykuilerweg%20%281%29.pdf","foi_nrPages":1},{"dc_format":"application/pdf","dc_identifier":"nl.gm1954.2c.2024.2838100-8.doc.3","dc_source":"https://api1.ibabs.eu/publicdownload.aspx?site=Beekdaelen&id=3bb410c7-2269-4211-8d30-5b5ecdde566e","dc_title":"Bijlage rondvraag CDA Bushalte Kneykuilerweg (2)","dc_type":"bijlage","foi_fairiscoreVersions":{"v1":2,"v2":1},"foi_fileName":"Bushalte%20Kneykuilerweg%20%282%29.pdf","foi_nrPages":1},{"dc_format":"application/pdf","dc_identifier":"nl.gm1954.2c.2024.2838100-8.doc.4","dc_source":"https://api1.ibabs.eu/publicdownload.aspx?site=Beekdaelen&id=f999727f-8258-4692-81c7-f51f6f54526c","dc_title":"Bijlage rondvraag CDA Bushalte Kneykuilerweg (3)","dc_type":"bijlage","foi_fairiscoreVersions":{"v1":2,"v2":1},"foi_fileName":"Bushalte%20Kneykuilerweg%20%283%29%29.pdf","foi_nrPages":1},{"dc_format":"application/pdf","dc_identifier":"nl.gm1954.2c.2024.2838100-8.doc.5","dc_source":"https://api1.ibabs.eu/publicdownload.aspx?site=Beekdaelen&id=de02b80d-bbc8-455e-a788-6f4329daf87f","dc_title":"Bijlage rondvraag CDA Bushalte Kneykuilerweg (4)","dc_type":"bijlage","foi_fairiscoreVersions":{"v1":2,"v2":1},"foi_fileName":"Bushalte%20Kneykuilerweg%20%284%29%29.pdf","foi_nrPages":1},{"dc_format":"application/octet-stream","dc_identifier":"nl.gm1954.2c.2024.2838100-8.doc.10","dc_source":"https://api1.ibabs.eu/publicdownload.aspx?site=Beekdaelen&id=e5066f1e-04d5-46f6-b9e8-a14473fa2ed2","dc_title":"C rondvraag I (CDA) incl antwoord","dc_type":"bijlage","foi_fileName":"C%20rondvraag%20I%20%28CDA%29%20incl%20antwoord.mp3"},{"dc_format":"application/octet-stream","dc_identifier":"nl.gm1954.2c.2024.2838100-8.doc.11","dc_source":"https://api1.ibabs.eu/publicdownload.aspx?site=Beekdaelen&id=4f4d884f-a367-41c8-a3bc-f060de1aea93","dc_title":"C rondvraag II","dc_type":"bijlage","foi_fileName":"C%20rondvraag%20II.mp3"},{"dc_format":"application/pdf","dc_identifier":"nl.gm1954.2c.2024.2838100-8.doc.6","dc_source":"https://api1.ibabs.eu/publicdownload.aspx?site=Beekdaelen&id=be254e28-1d08-47f2-a1f0-b4440805a24c","dc_title":"RIB inzake wijziging Openbaar Vervoer lijn 36","dc_type":"bijlage","foi_fairiscoreVersions":{"v1":1,"v2":1},"foi_fileName":"RIB%20inzake%20wijziging%20Openbaar%20Vervoer%20lijn%2036.pdf","foi_nrPages":3}],"foi_nrDocuments":11,"foi_nrPagesInDossier":16,"foi_publishedDate":"2024-12-03","foi_retrievedDate":"2026-03-02"},{"dc_creator":"HandelingScraper_v1","dc_date_year":2024,"dc_description":"Vergadering van de Gemeente Beekdaelen op 2024-12-04. Onderdeel: Algemeen.","dc_identifier":"nl.gm1954.2c.2024.2838155-1","dc_publisher":"gm1954","dc_source":"https://beekdaelen.bestuurlijkeinformatie.nl/Agenda/Index/e2d64319-806c-476d-a537-5e1e24613916","dc_title":"Raadscommissie Bestuur en Middelen 2024-12-04 - Algemeen","dc_type":"2c","dc_type_description":"Vergaderstuk decentrale overheid","foi_fairiscoreVersions":{"v1":1,"v2":1},"foi_files":[{"dc_format":"application/pdf","dc_identifier":"nl.gm1954.2c.2024.2838155-1.doc.1","dc_source":"https://api1.ibabs.eu/publicdownload.aspx?site=Beekdaelen&id=dc8091c5-206a-4fa6-9beb-d1de65b2d389","dc_title":"Technische vragen CDA cie B&M B1","dc_type":"bijlage","foi_fairiscoreVersions":{"v1":1,"v2":1},"foi_fileName":"Technische%20vragen%20CDA%20cie%20B%26M%20B1.pdf","foi_nrPages":2},{"dc_format":"application/pdf","dc_identifier":"nl.gm1954.2c.2024.2838155-1.doc.2","dc_source":"https://api1.ibabs.eu/publicdownload.aspx?site=Beekdaelen&id=12a56cce-36c9-47c5-8a9a-618841477c7d","dc_title":"Technische vragen VG cie B&M B1","dc_type":"bijlage","foi_fairiscoreVersions":{"v1":1,"v2":1},"foi_fileName":"Technische%20vragen%20VG%20cie%20B%26M%20B1.pdf","foi_nrPages":1}],"foi_nrDocuments":2,"foi_nrPagesInDossier":3,"foi_publishedDate":"2024-12-04","foi_retrievedDate":"2025-12-02"},{"dc_creator":"HandelingScraper_v1","dc_date_year":2024,"dc_description":"Vergadering van de Gemeente Beekdaelen op 2024-12-04. Onderdeel: Opening, mededelingen voorzitter en vaststellen agenda..","dc_identifier":"nl.gm1954.2c.2024.2838155-2","dc_publisher":"gm1954","dc_source":"https://beekdaelen.bestuurlijkeinformatie.nl/Agenda/Index/e2d64319-806c-476d-a537-5e1e24613916","dc_title":"Raadscommissie Bestuur en Middelen 2024-12-04 - Opening, mededelingen voorzitter en vaststellen agenda.","dc_type":"2c","dc_type_description":"Vergaderstuk decentrale overheid","foi_fairiscoreVersions":{"v1":null,"v2":null},"foi_files":[{"dc_format":"application/octet-stream","dc_identifier":"nl.gm1954.2c.2024.2838155-2.doc.2","dc_source":"https://api1.ibabs.eu/publicdownload.aspx?site=Beekdaelen&id=6ccc8b5a-4e4a-4870-b57b-27d1b8be8d95","dc_title":"A1 en A2","dc_type":"bijlage","foi_fileName":"A1%20en%20A2.mp3"},{"dc_format":"application/pdf","dc_identifier":"nl.gm1954.2c.2024.2838155-2.doc.1","dc_source":"https://api1.ibabs.eu/publicdownload.aspx?site=Beekdaelen&id=bc132027-29c5-4a95-9d94-0dc18a26b6d7","dc_title":"Uitnodiging en voorlopige agenda cie. B&M 04.12.2024","dc_type":"bijlage","foi_fileName":"Uitnodiging%20en%20voorlopige%20agenda%20cie.%20B%26M%2004.12.pdf"}],"foi_nrDocuments":2,"foi_nrPagesInDossier":0,"foi_publishedDate":"2024-12-04","foi_retrievedDate":"2025-11-30"},{"dc_creator":"HandelingScraper_v1","dc_date_year":2024,"dc_description":"Vergadering van de Gemeente Beekdaelen op 2024-12-04. Onderdeel: Spreekrecht burgers.","dc_identifier":"nl.gm1954.2c.2024.2838155-3","dc_publisher":"gm1954","dc_source":"https://beekdaelen.bestuurlijkeinformatie.nl/Agenda/Index/e2d64319-806c-476d-a537-5e1e24613916","dc_title":"Raadscommissie Bestuur en Middelen 2024-12-04 - Spreekrecht burgers","dc_type":"2c","dc_type_description":"Vergaderstuk decentrale overheid","foi_fairiscoreVersions":{"v1":null,"v2":null},"foi_files":[{"dc_format":"application/octet-stream","dc_identifier":"nl.gm1954.2c.2024.2838155-3.doc.1","dc_source":"https://api1.ibabs.eu/publicdownload.aspx?site=Beekdaelen&id=92f5f73c-9bb8-44ed-a777-11d9032bf612","dc_title":"A1 en A2","dc_type":"bijlage","foi_fileName":"A1%20en%20A2.mp3"}],"foi_nrDocuments":1,"foi_nrPagesInDossier":0,"foi_publishedDate":"2024-12-04","foi_retrievedDate":"2026-02-05"},{"dc_creator":"HandelingScraper_v1","dc_date_year":2024,"dc_description":"Vergadering van de Gemeente Beekdaelen op 2024-12-04. Onderdeel: Raadsvoorstel inzake: \"2e Burap 2024 gemeente Beekdaelen\".","dc_identifier":"nl.gm1954.2c.2024.2838155-4","dc_publisher":"gm1954","dc_source":"https://beekdaelen.bestuurlijkeinformatie.nl/Agenda/Index/e2d64319-806c-476d-a537-5e1e24613916","dc_title":"Raadscommissie Bestuur en Middelen 2024-12-04 - Raadsvoorstel inzake: \"2e Burap 2024 gemeente Beekdaelen\"","dc_type":"2c","dc_type_description":"Vergaderstuk decentrale overheid","foi_fairiscoreVersions":{"v1":2,"v2":2},"foi_files":[{"dc_format":"application/octet-stream","dc_identifier":"nl.gm1954.2c.2024.2838155-4.doc.7","dc_source":"https://api1.ibabs.eu/publicdownload.aspx?site=Beekdaelen&id=f07b2716-d359-4438-aa2d-926bc9ec6f71","dc_title":"B1 1e termijn","dc_type":"bijlage","foi_fileName":"B1%201e%20termijn.mp3"},{"dc_format":"application/octet-stream","dc_identifier":"nl.gm1954.2c.2024.2838155-4.doc.10","dc_source":"https://api1.ibabs.eu/publicdownload.aspx?site=Beekdaelen&id=0b7bee45-ef1c-44f3-a053-a7722a33ba69","dc_title":"B1 2e termijn","dc_type":"bijlage","foi_fileName":"B1%202e%20termijn.mp3"},{"dc_format":"application/octet-stream","dc_identifier":"nl.gm1954.2c.2024.2838155-4.doc.8","dc_source":"https://api1.ibabs.eu/publicdownload.aspx?site=Beekdaelen&id=a3d347b7-968d-4ebb-a865-57b0dcd1df85","dc_title":"B1 beantwoording 1e termijn I","dc_type":"bijlage","foi_fileName":"B1%20beantwoording%201e%20termijn%20I.mp3"},{"dc_format":"application/octet-stream","dc_identifier":"nl.gm1954.2c.2024.2838155-4.doc.9","dc_source":"https://api1.ibabs.eu/publicdownload.aspx?site=Beekdaelen&id=2719085a-3a3a-4f8a-8a7b-9a1a56da978d","dc_title":"B1 beantwoording 1e termijn II","dc_type":"bijlage","foi_fileName":"B1%20beantwoording%201e%20termijn%20II.mp3"},{"dc_format":"application/octet-stream","dc_identifier":"nl.gm1954.2c.2024.2838155-4.doc.11","dc_source":"https://api1.ibabs.eu/publicdownload.aspx?site=Beekdaelen&id=c539c92e-28ef-4a3c-bd8a-3695ceae2690","dc_title":"B1 beantwoording 2e termijn I","dc_type":"bijlage","foi_fileName":"B1%20beantwoording%202e%20termijn%20I.mp3"},{"dc_format":"application/octet-stream","dc_identifier":"nl.gm1954.2c.2024.2838155-4.doc.12","dc_source":"https://api1.ibabs.eu/publicdownload.aspx?site=Beekdaelen&id=8b679c54-ef77-48f8-8f07-85a1d0a0e610","dc_title":"B1 beantwoording 2e termijn II + advies commissie","dc_type":"bijlage","foi_fileName":"B1%20beantwoording%202e%20termijn%20II%20%2B%20advies%20commissie.mp3"},{"dc_format":"application/pdf","dc_identifier":"nl.gm1954.2c.2024.2838155-4.doc.4","dc_source":"https://api1.ibabs.eu/publicdownload.aspx?site=Beekdaelen&id=eb0eb139-9ec5-4294-bb3c-d22441417191","dc_title":"Bijlage 3: Begrotingswijziging 9 tweede bestuursrapportage 2024","dc_type":"bijlage","foi_fairiscoreVersions":{"v1":1,"v2":1},"foi_fileName":"Begrotingswijziging%209%20tweede%20bestuursrapportage%202024.pdf","foi_nrPages":1},{"dc_format":"application/pdf","dc_identifier":"nl.gm1954.2c.2024.2838155-4.doc.5","dc_source":"https://api1.ibabs.eu/publicdownload.aspx?site=Beekdaelen&id=da8daddd-aed4-4bee-b417-9df989ba2f79","dc_title":"MvA technische vragen CDA B1","dc_type":"bijlage","foi_fairiscoreVersions":{"v1":1,"v2":1},"foi_fileName":"MvA%20technische%20vragen%20CDA%20B1.pdf","foi_nrPages":5},{"dc_format":"application/pdf","dc_identifier":"nl.gm1954.2c.2024.2838155-4.doc.6","dc_source":"https://api1.ibabs.eu/publicdownload.aspx?site=Beekdaelen&id=cab6cd3b-63a9-498d-9b1c-fe62f3173815","dc_title":"MvA technische vragen VG B1","dc_type":"bijlage","foi_fairiscoreVersions":{"v1":1,"v2":1},"foi_fileName":"MvA%20technische%20vragen%20VG%20B1.pdf","foi_nrPages":3},{"dc_format":"application/pdf","dc_identifier":"nl.gm1954.2c.2024.2838155-4.doc.2","dc_source":"https://api1.ibabs.eu/publicdownload.aspx?site=Beekdaelen&id=87d61a17-191a-4293-a046-f1b6414c7a2f","dc_title":"Bijlage 1: Raadsbesluit tweede bestuursrapportage 2024","dc_type":"bijlage","foi_fairiscoreVersions":{"v1":1,"v2":1},"foi_fileName":"Raadsbesluit%20tweede%20bestuursrapportage%202024.pdf","foi_nrPages":1},{"dc_format":"application/pdf","dc_identifier":"nl.gm1954.2c.2024.2838155-4.doc.1","dc_source":"https://api1.ibabs.eu/publicdownload.aspx?site=Beekdaelen&id=4f0495f5-417e-413b-9c24-f712abefeb00","dc_title":"Raadsvoorstel tweede bestuursrapportage 2024","dc_type":"bijlage","foi_fairiscoreVersions":{"v1":1,"v2":1},"foi_fileName":"Raadsvoorstel%20tweede%20bestuursrapportage%202024.pdf","foi_nrPages":4},{"dc_format":"application/pdf","dc_identifier":"nl.gm1954.2c.2024.2838155-4.doc.3","dc_source":"https://api1.ibabs.eu/publicdownload.aspx?site=Beekdaelen&id=6c2bd3dd-1438-4a28-ad84-22db8605fb73","dc_title":"Bijlage 2: Tweede bestuursrapportage 2024","dc_type":"bijlage","foi_fairiscoreVersions":{"v1":2,"v2":2},"foi_fileName":"Tweede%20bestuursrapportage%202024.pdf","foi_nrPages":58}],"foi_nrDocuments":12,"foi_nrPagesInDossier":72,"foi_publishedDate":"2024-12-04","foi_retrievedDate":"2025-12-01"},{"dc_creator":"HandelingScraper_v1","dc_date_year":2024,"dc_description":"Vergadering van de Gemeente Beekdaelen op 2024-12-04. Onderdeel: Rondvraag Bestuur en Middelen.","dc_identifier":"nl.gm1954.2c.2024.2838155-5","dc_publisher":"gm1954","dc_source":"https://beekdaelen.bestuurlijkeinformatie.nl/Agenda/Index/e2d64319-806c-476d-a537-5e1e24613916","dc_title":"Raadscommissie Bestuur en Middelen 2024-12-04 - Rondvraag Bestuur en Middelen","dc_type":"2c","dc_type_description":"Vergaderstuk decentrale overheid","foi_fairiscoreVersions":{"v1":null,"v2":null},"foi_files":[{"dc_format":"application/octet-stream","dc_identifier":"nl.gm1954.2c.2024.2838155-5.doc.2","dc_source":"https://api1.ibabs.eu/publicdownload.aspx?site=Beekdaelen&id=57dc0065-ff68-452d-a33a-4011fd903a32","dc_title":"C beantwoording rondvraag","dc_type":"bijlage","foi_fileName":"C%20beantwoording%20rondvraag.mp3"},{"dc_format":"application/octet-stream","dc_identifier":"nl.gm1954.2c.2024.2838155-5.doc.1","dc_source":"https://api1.ibabs.eu/publicdownload.aspx?site=Beekdaelen&id=e4430ac7-4368-434d-9972-1355a4ac34c5","dc_title":"C rondvraag (CDA VG VVD)","dc_type":"bijlage","foi_fileName":"C%20rondvraag%20%28CDA%20VG%20VVD%29.mp3"}],"foi_nrDocuments":2,"foi_nrPagesInDossier":0,"foi_publishedDate":"2024-12-04","foi_retrievedDate":"2026-03-05"},{"dc_creator":"HandelingScraper_v1","dc_date_year":2024,"dc_description":"Vergadering van de Gemeente Beekdaelen op 2024-12-11. Onderdeel: Vaststellen concept-agenda.","dc_identifier":"nl.gm1954.2c.2024.2838180-1","dc_publisher":"gm1954","dc_source":"https://beekdaelen.bestuurlijkeinformatie.nl/Agenda/Index/bea54b3c-065f-435d-a4c3-656f37c85aad","dc_title":"BDN Commissie AWACS Limburg 2024-12-11 - Vaststellen concept-agenda","dc_type":"2c","dc_type_description":"Vergaderstuk decentrale overheid","foi_fairiscoreVersions":{"v1":1,"v2":1},"foi_files":[{"dc_format":"application/pdf","dc_identifier":"nl.gm1954.2c.2024.2838180-1.doc.1","dc_source":"https://api1.ibabs.eu/publicdownload.aspx?site=Beekdaelen&id=8bc42171-fe48-40aa-8405-68e5518f9483","dc_title":"037-CAL-AWACS-2024-concept-agenda- CAL AWACS","dc_type":"bijlage","foi_fairiscoreVersions":{"v1":1,"v2":1},"foi_fileName":"037-CAL-AWACS-2024-concept-agenda-%20CAL%20AWACS.pdf","foi_nrPages":2}],"foi_nrDocuments":1,"foi_nrPagesInDossier":2,"foi_publishedDate":"2024-12-11","foi_retrievedDate":"2025-12-03"},{"dc_creator":"HandelingScraper_v1","dc_date_year":2024,"dc_description":"Vergadering van de Gemeente Beekdaelen op 2024-12-11. Onderdeel: Concept-verslag.","dc_identifier":"nl.gm1954.2c.2024.2838180-2","dc_publisher":"gm1954","dc_source":"https://beekdaelen.bestuurlijkeinformatie.nl/Agenda/Index/bea54b3c-065f-435d-a4c3-656f37c85aad","dc_title":"BDN Commissie AWACS Limburg 2024-12-11 - Concept-verslag","dc_type":"2c","dc_type_description":"Vergaderstuk decentrale overheid","foi_fairiscoreVersions":{"v1":1,"v2":1},"foi_files":[{"dc_format":"application/pdf","dc_identifier":"nl.gm1954.2c.2024.2838180-2.doc.1","dc_source":"https://api1.ibabs.eu/publicdownload.aspx?site=Beekdaelen&id=a05ed906-f979-48b2-9b62-80071d8e124c","dc_title":"038-CAL-AWACS-2024-concept-verslag 25-09-2024","dc_type":"bijlage","foi_fairiscoreVersions":{"v1":1,"v2":1},"foi_fileName":"038-CAL-AWACS-2024-concept-verslag%2025-09-2024.pdf","foi_nrPages":6},{"dc_format":"application/pdf","dc_identifier":"nl.gm1954.2c.2024.2838180-2.doc.2","dc_source":"https://api1.ibabs.eu/publicdownload.aspx?site=Beekdaelen&id=d2691262-5dc8-4309-85f2-8b54f448970a","dc_title":"039-CAL-AWACS-2024-concept-actielijst","dc_type":"bijlage","foi_fairiscoreVersions":{"v1":1,"v2":1},"foi_fileName":"039-CAL-AWACS-2024-concept-actielijst.pdf","foi_nrPages":3}],"foi_nrDocuments":2,"foi_nrPagesInDossier":9,"foi_publishedDate":"2024-12-11","foi_retrievedDate":"2025-11-30"},{"dc_creator":"HandelingScraper_v1","dc_date_year":2024,"dc_description":"Vergadering van de Gemeente Beekdaelen op 2024-12-11. Onderdeel: Ingekomen stukken.","dc_identifier":"nl.gm1954.2c.2024.2838180-3","dc_publisher":"gm1954","dc_source":"https://beekdaelen.bestuurlijkeinformatie.nl/Agenda/Index/bea54b3c-065f-435d-a4c3-656f37c85aad","dc_title":"BDN Commissie AWACS Limburg 2024-12-11 - Ingekomen stukken","dc_type":"2c","dc_type_description":"Vergaderstuk decentrale overheid","foi_fairiscoreVersions":{"v1":2,"v2":2},"foi_files":[{"dc_format":"application/pdf","dc_identifier":"nl.gm1954.2c.2024.2838180-3.doc.3","dc_source":"https://api1.ibabs.eu/publicdownload.aspx?site=Beekdaelen&id=476cc1b2-4c3e-4d9e-ae76-77654dd0ec10","dc_title":"022-CAL-AWACS-2024- vragen schiftelijke ronde CAL AWACS 5-06-2024","dc_type":"bijlage","foi_fairiscoreVersions":{"v1":1,"v2":1},"foi_fileName":"022-CAL-AWACS-2024-%20vragen%20schiftelijke%20ronde%20CAL%20AWACS%205-06-2024.pdf","foi_nrPages":4},{"dc_format":"application/pdf","dc_identifier":"nl.gm1954.2c.2024.2838180-3.doc.1","dc_source":"https://api1.ibabs.eu/publicdownload.aspx?site=Beekdaelen&id=adb75825-dd2b-435a-8659-884149ee21a2","dc_title":"032-CAL-AWACS-2024-Verzoek informatie inzake aanbesteding nieuwe AWACS 29 maart 2024","dc_type":"bijlage","foi_fairiscoreVersions":{"v1":2,"v2":2},"foi_fileName":"032-CAL-AWACS-2024-Verzoek%20informatie%20inzake%20aanbesteding%20nieuwe%20AWACS%2029%20maart%202024.pdf","foi_nrPages":3},{"dc_format":"application/pdf","dc_identifier":"nl.gm1954.2c.2024.2838180-3.doc.2","dc_source":"https://api1.ibabs.eu/publicdownload.aspx?site=Beekdaelen&id=e74e3036-9b0a-4f72-92c5-55bb7c5a06e5","dc_title":"040-CAL-AWACS-2024-Beantwoording schriftelijke vragen CAL van 28 maart 2024_def","dc_type":"bijlage","foi_fairiscoreVersions":{"v1":2,"v2":1},"foi_fileName":"040-CAL-AWACS-2024-Beantwoording%20schriftelijke%20vragen%20CAL%20van%2028%20maart%202024_def.pdf","foi_nrPages":12},{"dc_format":"application/pdf","dc_identifier":"nl.gm1954.2c.2024.2838180-3.doc.4","dc_source":"https://api1.ibabs.eu/publicdownload.aspx?site=Beekdaelen&id=460edc3f-9ce1-462a-bf1b-ee80ad07dec7","dc_title":"041-CAL-AWACS-2024-verduidelijkingsvragen Beekdaelen en Brussum","dc_type":"bijlage","foi_fairiscoreVersions":{"v1":2,"v2":1},"foi_fileName":"041-CAL-AWACS-2024-verduidelijkingsvragen%20Beekdaelen%20en%20Brussum.pdf","foi_nrPages":14},{"dc_format":"application/pdf","dc_identifier":"nl.gm1954.2c.2024.2838180-3.doc.5","dc_source":"https://api1.ibabs.eu/publicdownload.aspx?site=Beekdaelen&id=a791bd23-838f-4681-ba26-e366c2c97058","dc_title":"042-CAL-AWACS-2024Beantwoording schriftelijke vragen CAL van 25 september 2024","dc_type":"bijlage","foi_fairiscoreVersions":{"v1":1,"v2":1},"foi_fileName":"042-CAL-AWACS-2024Beantwoording%20schriftelijke%20vragen%20CAL%20van%2025%20september%202024.pdf","foi_nrPages":13}],"foi_nrDocuments":5,"foi_nrPagesInDossier":46,"foi_publishedDate":"2024-12-11","foi_retrievedDate":"2026-03-02"},{"dc_creator":"HandelingScraper_v1","dc_date_year":2024,"dc_description":"Vergadering van de Gemeente Beekdaelen op 2024-12-11. Onderdeel: Stichting Klachtentelefoon Luchtverkeer Zuid-Limburg.","dc_identifier":"nl.gm1954.2c.2024.2838180-4","dc_publisher":"gm1954","dc_source":"https://beekdaelen.bestuurlijkeinformatie.nl/Agenda/Index/bea54b3c-065f-435d-a4c3-656f37c85aad","dc_title":"BDN Commissie AWACS Limburg 2024-12-11 - Stichting Klachtentelefoon Luchtverkeer Zuid-Limburg","dc_type":"2c","dc_type_description":"Vergaderstuk decentrale overheid","foi_fairiscoreVersions":{"v1":2,"v2":1},"foi_files":[{"dc_format":"application/pdf","dc_identifier":"nl.gm1954.2c.2024.2838180-4.doc.1","dc_source":"https://api1.ibabs.eu/publicdownload.aspx?site=Beekdaelen&id=d217fc7a-e205-4c9c-b1a0-ee34c0c77cba","dc_title":"043-CAL-AWACS-2024-Klachten Q3","dc_type":"bijlage","foi_fairiscoreVersions":{"v1":2,"v2":1},"foi_fileName":"043-CAL-AWACS-2024-Klachten%20Q3.pdf","foi_nrPages":23}],"foi_nrDocuments":1,"foi_nrPagesInDossier":23,"foi_publishedDate":"2024-12-11","foi_retrievedDate":"2025-11-29"},{"dc_creator":"HandelingScraper_v1","dc_date_year":2024,"dc_description":"Vergadering van de Gemeente Beekdaelen op 2024-12-11. Onderdeel: Vliegbewegingen boven de woonkernen van Schinveld en Brunssum 3e kwartaalrapport.","dc_identifier":"nl.gm1954.2c.2024.2838180-5","dc_publisher":"gm1954","dc_source":"https://beekdaelen.bestuurlijkeinformatie.nl/Agenda/Index/bea54b3c-065f-435d-a4c3-656f37c85aad","dc_title":"BDN Commissie AWACS Limburg 2024-12-11 - Vliegbewegingen boven de woonkernen van Schinveld en Brunssum 3e kwartaalrapport","dc_type":"2c","dc_type_description":"Vergaderstuk decentrale overheid","foi_fairiscoreVersions":{"v1":2,"v2":1},"foi_files":[{"dc_format":"application/pdf","dc_identifier":"nl.gm1954.2c.2024.2838180-5.doc.1","dc_source":"https://api1.ibabs.eu/publicdownload.aspx?site=Beekdaelen&id=f48f88ca-dd06-4c4d-ac32-3068080c9b44","dc_title":"044-CAL-AWACS-2024-vliegbwegingen Q3","dc_type":"bijlage","foi_fairiscoreVersions":{"v1":2,"v2":1},"foi_fileName":"043-CAL-AWACS-2024-vliegbwegingen%20Q3.pdf","foi_nrPages":9}],"foi_nrDocuments":1,"foi_nrPagesInDossier":9,"foi_publishedDate":"2024-12-11","foi_retrievedDate":"2025-11-29"},{"dc_creator":"HandelingScraper_v1","dc_date_year":2024,"dc_description":"Vergadering van de Gemeente Beekdaelen op 2024-12-11. Onderdeel: Bespreken rapportage NLR Halfjaarrapportage vliegbaanbewaking vliegbasis Geilenkirchen.","dc_identifier":"nl.gm1954.2c.2024.2838180-6","dc_publisher":"gm1954","dc_source":"https://beekdaelen.bestuurlijkeinformatie.nl/Agenda/Index/bea54b3c-065f-435d-a4c3-656f37c85aad","dc_title":"BDN Commissie AWACS Limburg 2024-12-11 - Bespreken rapportage NLR Halfjaarrapportage vliegbaanbewaking vliegbasis Geilenkirchen","dc_type":"2c","dc_type_description":"Vergaderstuk decentrale overheid","foi_fairiscoreVersions":{"v1":2,"v2":2},"foi_files":[{"dc_format":"application/pdf","dc_identifier":"nl.gm1954.2c.2024.2838180-6.doc.1","dc_source":"https://api1.ibabs.eu/publicdownload.aspx?site=Beekdaelen&id=b0c7802b-cfc6-4291-8b39-bb062b2c3160","dc_title":"045-CAL-AWACS-2024-NLR-CR","dc_type":"bijlage","foi_fairiscoreVersions":{"v1":2,"v2":2},"foi_fileName":"045-CAL-AWACS-2024-NLR-CR.pdf","foi_nrPages":29}],"foi_nrDocuments":1,"foi_nrPagesInDossier":29,"foi_publishedDate":"2024-12-11","foi_retrievedDate":"2025-11-30"},{"dc_creator":"HandelingScraper_v1","dc_date_year":2024,"dc_description":"Vergadering van de Gemeente Beekdaelen op 2024-12-17. Onderdeel: Opening.","dc_identifier":"nl.gm1954.2c.2024.2838198-1","dc_publisher":"gm1954","dc_source":"https://beekdaelen.bestuurlijkeinformatie.nl/Agenda/Index/aa050467-01a2-4ea6-bac6-86d9a830f5fe","dc_title":"Raadsvergadering 2024-12-17 - Opening","dc_type":"2c","dc_type_description":"Vergaderstuk decentrale overheid","foi_fairiscoreVersions":{"v1":1,"v2":1},"foi_files":[{"dc_format":"application/pdf","dc_identifier":"nl.gm1954.2c.2024.2838198-1.doc.1","dc_source":"https://api1.ibabs.eu/publicdownload.aspx?site=Beekdaelen&id=30df20f6-9e63-4d5d-a40a-2b152a913c25","dc_title":"Uitnodiging en voorlopige agenda raadsvergadering 17 december 2024","dc_type":"bijlage","foi_fairiscoreVersions":{"v1":1,"v2":1},"foi_fileName":"Uitnodiging%20en%20voorlopige%20agenda%20raadsvergadering%2017%20december%202024.pdf","foi_nrPages":2}],"foi_nrDocuments":1,"foi_nrPagesInDossier":2,"foi_publishedDate":"2024-12-17","foi_retrievedDate":"2025-11-29"},{"dc_creator":"HandelingScraper_v1","dc_date_year":2024,"dc_description":"Vergadering van de Gemeente Beekdaelen op 2024-12-17. Onderdeel: Voorstel inzake tweede begrotingswijziging 2024 GR WOZL.","dc_identifier":"nl.gm1954.2c.2024.2838198-10","dc_publisher":"gm1954","dc_source":"https://beekdaelen.bestuurlijkeinformatie.nl/Agenda/Index/aa050467-01a2-4ea6-bac6-86d9a830f5fe","dc_title":"Raadsvergadering 2024-12-17 - Voorstel inzake tweede begrotingswijziging 2024 GR WOZL","dc_type":"2c","dc_type_description":"Vergaderstuk decentrale overheid","foi_fairiscoreVersions":{"v1":2,"v2":2},"foi_files":[{"dc_format":"application/pdf","dc_identifier":"nl.gm1954.2c.2024.2838198-10.doc.5","dc_source":"https://api1.ibabs.eu/publicdownload.aspx?site=Beekdaelen&id=6b5b233e-d4a4-409b-80eb-5fc6a99f9adc","dc_title":"Bijlage: Uitgaande brief aan WOZL inzake raadsbesluit","dc_type":"bijlage","foi_fairiscoreVersions":{"v1":2,"v2":2},"foi_fileName":"Z%2F24%2F211057%20-%20376681%20-%20Uitgaande%20brief%20aan%20WOZL%20inzake%20raadsbesluit.pdf","foi_nrPages":1},{"dc_format":"application/pdf","dc_identifier":"nl.gm1954.2c.2024.2838198-10.doc.1","dc_source":"https://api1.ibabs.eu/publicdownload.aspx?site=Beekdaelen&id=2a2c4869-add3-447c-b9ca-f78fde6a815d","dc_title":"Raadsvoorstel inzake Tweede begrotingswijziging 2024 GR WOZL","dc_type":"bijlage","foi_fairiscoreVersions":{"v1":1,"v2":1},"foi_fileName":"Z%2F24%2F211057%20-%20376686%20-%20Raadsvoorstel%20Tweede%20begrotingswijziging%202024%20GR%20WOZL.pdf","foi_nrPages":5},{"dc_format":"application/pdf","dc_identifier":"nl.gm1954.2c.2024.2838198-10.doc.2","dc_source":"https://api1.ibabs.eu/publicdownload.aspx?site=Beekdaelen&id=4b3826ac-09eb-43f7-9901-10aa36f217c8","dc_title":"Raadsbesluit inzake Tweede begrotingswijziging 2024 GR WOZL - vastgesteld 17-12-2024","dc_type":"bijlage","foi_fairiscoreVersions":{"v1":1,"v2":1},"foi_fileName":"Z%2F24%2F211057%20-%20376688%20-%20Raadsbesluit%20Tweede%20begrotingswijziging%202024%20GR%20WOZL.pdf","foi_nrPages":1},{"dc_format":"application/pdf","dc_identifier":"nl.gm1954.2c.2024.2838198-10.doc.3","dc_source":"https://api1.ibabs.eu/publicdownload.aspx?site=Beekdaelen&id=618480c3-ed9e-4924-ac77-9bc88ee4fc98","dc_title":"Bijlage: Tweede begrotingswijziging 2024 GR WOZL","dc_type":"bijlage","foi_fairiscoreVersions":{"v1":2,"v2":1},"foi_fileName":"Z%2F24%2F211057%20-%20376911.pdf","foi_nrPages":19},{"dc_format":"application/pdf","dc_identifier":"nl.gm1954.2c.2024.2838198-10.doc.4","dc_source":"https://api1.ibabs.eu/publicdownload.aspx?site=Beekdaelen&id=5d206e11-b99c-43fa-bf7b-673c28a316ba","dc_title":"Bijlage: Factsheet Tweede begrotingswijziging 2024 GR WOZL","dc_type":"bijlage","foi_fairiscoreVersions":{"v1":1,"v2":1},"foi_fileName":"Z%2F24%2F211057%20-%20376913%20-%20Factsheet%20Tweede%20begrotingswijziging%202024%20GR%20WOZL.pdf","foi_nrPages":2}],"foi_nrDocuments":5,"foi_nrPagesInDossier":28,"foi_publishedDate":"2024-12-17","foi_retrievedDate":"2025-11-29"},{"dc_creator":"HandelingScraper_v1","dc_date_year":2024,"dc_description":"Vergadering van de Gemeente Beekdaelen op 2024-12-17. Onderdeel: Voorstel inzake tweede begrotingswijziging 2024 GR WSP Parkstad.","dc_identifier":"nl.gm1954.2c.2024.2838198-11","dc_publisher":"gm1954","dc_source":"https://beekdaelen.bestuurlijkeinformatie.nl/Agenda/Index/aa050467-01a2-4ea6-bac6-86d9a830f5fe","dc_title":"Raadsvergadering 2024-12-17 - Voorstel inzake tweede begrotingswijziging 2024 GR WSP Parkstad","dc_type":"2c","dc_type_description":"Vergaderstuk decentrale overheid","foi_fairiscoreVersions":{"v1":2,"v2":2},"foi_files":[{"dc_format":"application/pdf","dc_identifier":"nl.gm1954.2c.2024.2838198-11.doc.1","dc_source":"https://api1.ibabs.eu/publicdownload.aspx?site=Beekdaelen&id=c0caf458-0559-4fa3-9a77-a68fbb7779ae","dc_title":"Raadsvoorstel inzake Tweede begrotingswijziging 2024 GR WSP Parkstad","dc_type":"bijlage","foi_fairiscoreVersions":{"v1":1,"v2":1},"foi_fileName":"Z%2F24%2F211039%20-%20376621%20-%20Tweede%20begrotingswijziging%202024%20GR%20WSP%20Parkstad.pdf","foi_nrPages":3},{"dc_format":"application/pdf","dc_identifier":"nl.gm1954.2c.2024.2838198-11.doc.2","dc_source":"https://api1.ibabs.eu/publicdownload.aspx?site=Beekdaelen&id=21233e31-b59a-4b48-96f7-daec3c16cc9c","dc_title":"Raadsbesluit inzake Tweede begrotingswijziging 2024 GR WSP Parkstad - vastgesteld 17-12-2024","dc_type":"bijlage","foi_fairiscoreVersions":{"v1":1,"v2":1},"foi_fileName":"Z%2F24%2F211039%20-%20376628%20-%20Raadsbesluit.pdf","foi_nrPages":1},{"dc_format":"application/pdf","dc_identifier":"nl.gm1954.2c.2024.2838198-11.doc.5","dc_source":"https://api1.ibabs.eu/publicdownload.aspx?site=Beekdaelen&id=2147c521-be54-421d-b64b-94120c90c2b1","dc_title":"Bijlage: Uitgaande brief aan WSP Parkstad inzake raadsbesluit","dc_type":"bijlage","foi_fairiscoreVersions":{"v1":2,"v2":2},"foi_fileName":"Z%2F24%2F211039%20-%20376630%20-%20Uitgaande%20brief%20aan%20WSP%20Parkstad%20inzake%20raadsbesluit.pdf","foi_nrPages":1},{"dc_format":"application/pdf","dc_identifier":"nl.gm1954.2c.2024.2838198-11.doc.3","dc_source":"https://api1.ibabs.eu/publicdownload.aspx?site=Beekdaelen&id=b0dfc6d9-2012-4397-afb1-0ccc53dad8e5","dc_title":"Bijlage: Tweede begrotingswijziging 2024 GR WSP Parkstad","dc_type":"bijlage","foi_fairiscoreVersions":{"v1":2,"v2":1},"foi_fileName":"Z%2F24%2F211039%20-%20376915.pdf","foi_nrPages":16},{"dc_format":"application/pdf","dc_identifier":"nl.gm1954.2c.2024.2838198-11.doc.4","dc_source":"https://api1.ibabs.eu/publicdownload.aspx?site=Beekdaelen&id=d7689b74-5f9d-4c3a-b80c-960ce03e1d8c","dc_title":"Bijlage: Factsheet Tweede begrotingswijziging 2024 GR WSP Parkstad","dc_type":"bijlage","foi_fairiscoreVersions":{"v1":1,"v2":1},"foi_fileName":"Z%2F24%2F211039%20-%20376916%20-%20Factsheet%20Tweede%20begrotingswijziging%202024%20GR%20WSP%20Parkstad.pdf","foi_nrPages":2}],"foi_nrDocuments":5,"foi_nrPagesInDossier":23,"foi_publishedDate":"2024-12-17","foi_retrievedDate":"2025-11-29"},{"dc_creator":"HandelingScraper_v1","dc_date_year":2024,"dc_description":"Vergadering van de Gemeente Beekdaelen op 2024-12-17. Onderdeel: Voorstel inzake Zuid-Limburgs beleidsplan Preventie en Handhaving Jeugd&Middelen 2025-2028.","dc_identifier":"nl.gm1954.2c.2024.2838198-12","dc_publisher":"gm1954","dc_source":"https://beekdaelen.bestuurlijkeinformatie.nl/Agenda/Index/aa050467-01a2-4ea6-bac6-86d9a830f5fe","dc_title":"Raadsvergadering 2024-12-17 - Voorstel inzake Zuid-Limburgs beleidsplan Preventie en Handhaving Jeugd&Middelen 2025-2028","dc_type":"2c","dc_type_description":"Vergaderstuk decentrale overheid","foi_fairiscoreVersions":{"v1":2,"v2":2},"foi_files":[{"dc_format":"application/pdf","dc_identifier":"nl.gm1954.2c.2024.2838198-12.doc.3","dc_source":"https://api1.ibabs.eu/publicdownload.aspx?site=Beekdaelen&id=e95a313c-b138-4830-b282-f7b243961034","dc_title":"Bijlage: Definitief beleidsplan Zuid-Limburgs beleidsplan Preventie en Handhaving Jeugd & Middelen 2025-2028","dc_type":"bijlage","foi_fairiscoreVersions":{"v1":2,"v2":2},"foi_fileName":"Bijlage%201%20Definitief%20beleidsplan%20Zuid-Limburgs%20beleidsplan%20Preventie%20en%20Handhaving%20Jeugd%20%26%20Middelen%202025-2028.pdf","foi_nrPages":34},{"dc_format":"application/pdf","dc_identifier":"nl.gm1954.2c.2024.2838198-12.doc.2","dc_source":"https://api1.ibabs.eu/publicdownload.aspx?site=Beekdaelen&id=8cc606da-bc42-41d2-8eb8-d2f37238c1a5","dc_title":"Raadsbesluit inzake Zuid-Limburgs beleidsplan Preventie en Handhaving Jeugd & Middelen 2025-2028 - vastgesteld 17-12-2024","dc_type":"bijlage","foi_fairiscoreVersions":{"v1":1,"v2":1},"foi_fileName":"Bijlage%202%20concept%20Raadsbesluit%20Zuid-Limburgs%20beleidsplan%20Preventie%20en%20Handhaving%20Jeugd%20%26%20Middelen%202025-2028.pdf","foi_nrPages":1},{"dc_format":"application/pdf","dc_identifier":"nl.gm1954.2c.2024.2838198-12.doc.4","dc_source":"https://api1.ibabs.eu/publicdownload.aspx?site=Beekdaelen&id=679b438f-0769-40ae-8342-12579b19ed41","dc_title":"Bijlage: Reactie op ASD brief","dc_type":"bijlage","foi_fairiscoreVersions":{"v1":2,"v2":2},"foi_fileName":"Bijlage%203%20Reactie%20op%20ASD%20brief.pdf","foi_nrPages":6},{"dc_format":"application/pdf","dc_identifier":"nl.gm1954.2c.2024.2838198-12.doc.5","dc_source":"https://api1.ibabs.eu/publicdownload.aspx?site=Beekdaelen&id=cadaa540-acd3-42b4-b0e9-39f6d3a663d2","dc_title":"Bijlage: Codeboek incl. ingestuurd advies per adviesraad (def)","dc_type":"bijlage","foi_fairiscoreVersions":{"v1":2,"v2":2},"foi_fileName":"Bijlage%204%20Codeboek%20incl.pdf","foi_nrPages":30},{"dc_format":"application/pdf","dc_identifier":"nl.gm1954.2c.2024.2838198-12.doc.6","dc_source":"https://api1.ibabs.eu/publicdownload.aspx?site=Beekdaelen&id=a2f54b2e-6a82-46cf-9f2f-8dd1c8c0220e","dc_title":"Bijlage: Alle antwoorden incl. antwoordcode (def)","dc_type":"bijlage","foi_fairiscoreVersions":{"v1":1,"v2":1},"foi_fileName":"Bijlage%205-%20Alle%20antwoorden%20incl.pdf","foi_nrPages":14},{"dc_format":"application/pdf","dc_identifier":"nl.gm1954.2c.2024.2838198-12.doc.1","dc_source":"https://api1.ibabs.eu/publicdownload.aspx?site=Beekdaelen&id=0615ab4c-af19-448f-bb45-d1b22545aa25","dc_title":"Raadsvoorstel inzake Zuid-Limburgse beleidsplan Preventie en Handhaving Jeugd & Middelen 2025-2028","dc_type":"bijlage","foi_fairiscoreVersions":{"v1":1,"v2":1},"foi_fileName":"Raadsvoorstel%20Zuid-Limburgse%20beleidsplan%20Preventie%20en%20Handhaving%20Jeugd%20%26%20Middelen%202025-2028.pdf","foi_nrPages":4}],"foi_nrDocuments":6,"foi_nrPagesInDossier":89,"foi_publishedDate":"2024-12-17","foi_retrievedDate":"2026-02-05"},{"dc_creator":"HandelingScraper_v1","dc_date_year":2024,"dc_description":"Vergadering van de Gemeente Beekdaelen op 2024-12-17. Onderdeel: Voorstel inzake Tweede bestuursrapportage 2024.","dc_identifier":"nl.gm1954.2c.2024.2838198-13","dc_publisher":"gm1954","dc_source":"https://beekdaelen.bestuurlijkeinformatie.nl/Agenda/Index/aa050467-01a2-4ea6-bac6-86d9a830f5fe","dc_title":"Raadsvergadering 2024-12-17 - Voorstel inzake Tweede bestuursrapportage 2024","dc_type":"2c","dc_type_description":"Vergaderstuk decentrale overheid","foi_fairiscoreVersions":{"v1":2,"v2":2},"foi_files":[{"dc_format":"application/pdf","dc_identifier":"nl.gm1954.2c.2024.2838198-13.doc.4","dc_source":"https://api1.ibabs.eu/publicdownload.aspx?site=Beekdaelen&id=99830592-1fdc-4ce7-8e00-b060e5a2f2e5","dc_title":"MvA technische vragen PvdA inzake toe- en afritten","dc_type":"bijlage","foi_fairiscoreVersions":{"v1":1,"v2":1},"foi_fileName":"MvA%20technische%20vragen%20PvdA%20inzake%20toe-%20en%20afritten.pdf","foi_nrPages":2},{"dc_format":"application/pdf","dc_identifier":"nl.gm1954.2c.2024.2838198-13.doc.1","dc_source":"https://api1.ibabs.eu/publicdownload.aspx?site=Beekdaelen&id=516fb1c3-5318-4785-ad5b-367c80cab6de","dc_title":"Raadsvoorstel inzake tweede bestuursrapportage 2024","dc_type":"bijlage","foi_fairiscoreVersions":{"v1":1,"v2":1},"foi_fileName":"Z%2F24%2F211288%20-%20377633%20-%20Tweede%20bestuursrapportage%202024.pdf","foi_nrPages":4},{"dc_format":"application/pdf","dc_identifier":"nl.gm1954.2c.2024.2838198-13.doc.2","dc_source":"https://api1.ibabs.eu/publicdownload.aspx?site=Beekdaelen&id=2dc1772d-b803-4b1b-8f81-7431b51db0aa","dc_title":"Raadsbesluit inzake tweede bestuursrapportage 2024 - vastgesteld 17-12-2024","dc_type":"bijlage","foi_fairiscoreVersions":{"v1":1,"v2":1},"foi_fileName":"Z%2F24%2F211288%20-%20377635%20-%20Tweede%20bestuursrapportage%202024.pdf","foi_nrPages":1},{"dc_format":"application/pdf","dc_identifier":"nl.gm1954.2c.2024.2838198-13.doc.3","dc_source":"https://api1.ibabs.eu/publicdownload.aspx?site=Beekdaelen&id=a9eddf4e-ef2e-4635-abed-90e1d7c22c8a","dc_title":"Tweede bestuursrapportage 2024","dc_type":"bijlage","foi_fairiscoreVersions":{"v1":2,"v2":2},"foi_fileName":"Z%2F24%2F211288%20-%20377660%20-%20Tweede%20bestuursrapportage%202024.pdf","foi_nrPages":58}],"foi_nrDocuments":4,"foi_nrPagesInDossier":65,"foi_publishedDate":"2024-12-17","foi_retrievedDate":"2026-03-03"},{"dc_creator":"HandelingScraper_v1","dc_date_year":2024,"dc_description":"Vergadering van de Gemeente Beekdaelen op 2024-12-17. Onderdeel: Voorstel inzake beheersverordening gemeentelijke begraafplaatsen 2025.","dc_identifier":"nl.gm1954.2c.2024.2838198-14","dc_publisher":"gm1954","dc_source":"https://beekdaelen.bestuurlijkeinformatie.nl/Agenda/Index/aa050467-01a2-4ea6-bac6-86d9a830f5fe","dc_title":"Raadsvergadering 2024-12-17 - Voorstel inzake beheersverordening gemeentelijke begraafplaatsen 2025","dc_type":"2c","dc_type_description":"Vergaderstuk decentrale overheid","foi_fairiscoreVersions":{"v1":1,"v2":1},"foi_files":[{"dc_format":"application/pdf","dc_identifier":"nl.gm1954.2c.2024.2838198-14.doc.4","dc_source":"https://api1.ibabs.eu/publicdownload.aspx?site=Beekdaelen&id=7aa00d0e-a607-42b7-b3d7-419ea3f887b5","dc_title":"Bijlage 1: Beheersverordening gemeentelijke begraafplaatsen gemeente Beekdaelen 2025 AANGEPAST - vastgesteld 17-12-2024","dc_type":"bijlage","foi_fairiscoreVersions":{"v1":1,"v2":1},"foi_fileName":"Beheersverordening%20gemeentelijke%20begraafplaatsen%20gemeente%20Beekdaelen%202025%20AANGEPAST.pdf","foi_nrPages":4},{"dc_format":"application/pdf","dc_identifier":"nl.gm1954.2c.2024.2838198-14.doc.2","dc_source":"https://api1.ibabs.eu/publicdownload.aspx?site=Beekdaelen&id=2f8ba226-abed-4ff4-96ec-1162bd9f1e6d","dc_title":"Raadsbesluit inzake beheersverordening gemeentelijke begraafplaatsen gemeente Beekdaelen 2025 GEAMENDEERD - vastgesteld 17-12-2024","dc_type":"bijlage","foi_fairiscoreVersions":{"v1":1,"v2":1},"foi_fileName":"Raadsbesluit%20inzake%20beheersverordening%20gemeentelijke%20begraafplaatsen%20gemeente%20Beekdaelen%202025%20GEAMENDEERD.pdf","foi_nrPages":1},{"dc_format":"application/pdf","dc_identifier":"nl.gm1954.2c.2024.2838198-14.doc.5","dc_source":"https://api1.ibabs.eu/publicdownload.aspx?site=Beekdaelen&id=8d165d2c-4213-48c4-8688-36b783b9b657","dc_title":"Bijlage 1: Beheersverordening gemeentelijke begraafplaatsen gemeente Beekdaelen 2025 VERVALLEN","dc_type":"bijlage","foi_fairiscoreVersions":{"v1":1,"v2":1},"foi_fileName":"Z%2F24%2F210256%20-%20376092%20-%20Beheersverordening%20gemeentelijke%20begraafplaatsen%20gemeente%20Beekdaelen%202025%20%28concept%29.pdf","foi_nrPages":4},{"dc_format":"application/pdf","dc_identifier":"nl.gm1954.2c.2024.2838198-14.doc.1","dc_source":"https://api1.ibabs.eu/publicdownload.aspx?site=Beekdaelen&id=8fd618be-4c65-4f3c-84d3-f3493c194dc9","dc_title":"Raadsvoorstel inzake Beheersverordening gemeentelijke begraafplaatsen gemeente Beekdaelen 2025","dc_type":"bijlage","foi_fairiscoreVersions":{"v1":1,"v2":1},"foi_fileName":"Z%2F24%2F210256%20-%20376727%20-%20Raadsvoorstel%20Beheersverordening%20gemeentelijke%20begraafplaatsen%20gemeente%20Beekdaelen%202025.pdf","foi_nrPages":2},{"dc_format":"application/pdf","dc_identifier":"nl.gm1954.2c.2024.2838198-14.doc.3","dc_source":"https://api1.ibabs.eu/publicdownload.aspx?site=Beekdaelen&id=293ae429-c605-4e79-92d4-8ebfe88cce40","dc_title":"Raadsbesluit inzake Beheersverordening gemeentelijke begraafplaatsen gemeente Beekdaelen 2025 VERVALLEN","dc_type":"bijlage","foi_fairiscoreVersions":{"v1":1,"v2":1},"foi_fileName":"Z%2F24%2F210256%20-%20376728%20-%20Raadsbesluit%20Beheersverordening%20gemeentelijke%20begraafplaatsen%20gemeente%20Beekdaelen%202025.pdf","foi_nrPages":1},{"dc_format":"application/pdf","dc_identifier":"nl.gm1954.2c.2024.2838198-14.doc.6","dc_source":"https://api1.ibabs.eu/publicdownload.aspx?site=Beekdaelen&id=0d7b74c9-1ed9-4154-9c2b-c989adc7b34f","dc_title":"Bijlage 2: Was \u2013 wordt lijst Beheersverordening gemeentelijke begraafplaatsen gemeente Beekdaelen 2025","dc_type":"bijlage","foi_fairiscoreVersions":{"v1":1,"v2":1},"foi_fileName":"Z%2F24%2F210256%20%E2%80%93%20375646%20-%20Was%20%E2%80%93%20wordt%20lijst%20Beheersverordening%20gemeentelijke%20begraafplaatsen%20gemeente%20Beekdaelen%202025.pdf","foi_nrPages":30}],"foi_nrDocuments":6,"foi_nrPagesInDossier":42,"foi_publishedDate":"2024-12-17","foi_retrievedDate":"2026-03-02"},{"dc_creator":"HandelingScraper_v1","dc_date_year":2024,"dc_description":"Vergadering van de Gemeente Beekdaelen op 2024-12-17. Onderdeel: Vaststelling lijst ingekomen stukken.","dc_identifier":"nl.gm1954.2c.2024.2838198-15","dc_publisher":"gm1954","dc_source":"https://beekdaelen.bestuurlijkeinformatie.nl/Agenda/Index/aa050467-01a2-4ea6-bac6-86d9a830f5fe","dc_title":"Raadsvergadering 2024-12-17 - Vaststelling lijst ingekomen stukken","dc_type":"2c","dc_type_description":"Vergaderstuk decentrale overheid","foi_fairiscoreVersions":{"v1":1,"v2":1},"foi_files":[{"dc_format":"application/pdf","dc_identifier":"nl.gm1954.2c.2024.2838198-15.doc.1","dc_source":"https://api1.ibabs.eu/publicdownload.aspx?site=Beekdaelen&id=61d1060f-8888-4d03-93bf-e7a9d00c7492","dc_title":"Lijst ingekomen stukken raad - vastgesteld 17-12-2024","dc_type":"bijlage","foi_fairiscoreVersions":{"v1":1,"v2":1},"foi_fileName":"Lijst%20ingekomen%20stukken%20raad.pdf","foi_nrPages":6}],"foi_nrDocuments":1,"foi_nrPagesInDossier":6,"foi_publishedDate":"2024-12-17","foi_retrievedDate":"2026-03-05"},{"dc_creator":"HandelingScraper_v1","dc_date_year":2024,"dc_description":"Vergadering van de Gemeente Beekdaelen op 2024-12-17. Onderdeel: Motie vreemd aan de orde van de dag GroenLinks, PvdA en D66 inzake pleidooi voor gewortelde kinderen.","dc_identifier":"nl.gm1954.2c.2024.2838198-16","dc_publisher":"gm1954","dc_source":"https://beekdaelen.bestuurlijkeinformatie.nl/Agenda/Index/aa050467-01a2-4ea6-bac6-86d9a830f5fe","dc_title":"Raadsvergadering 2024-12-17 - Motie vreemd aan de orde van de dag GroenLinks, PvdA en D66 inzake pleidooi voor gewortelde kinderen","dc_type":"2c","dc_type_description":"Vergaderstuk decentrale overheid","foi_fairiscoreVersions":{"v1":1,"v2":1},"foi_files":[{"dc_format":"application/pdf","dc_identifier":"nl.gm1954.2c.2024.2838198-16.doc.1","dc_source":"https://api1.ibabs.eu/publicdownload.aspx?site=Beekdaelen&id=3af03989-6544-48b7-ac66-aaecf425d3d1","dc_title":"Motie vreemd aan de orde van de dag GL, PvdA en D66 inzake pleidooi voor gewortelde kinderen UNANIEM AANGENOMEN","dc_type":"bijlage","foi_fairiscoreVersions":{"v1":1,"v2":1},"foi_fileName":"Motie%20vreemd%20aan%20de%20orde%20van%20de%20dag%20GL_%20PvdA%20en%20D66%20inzake%20pleidooi%20voor%20gewortelde%20kinderen%20UNANIEM%20AANGENOMEN.pdf","foi_nrPages":1}],"foi_nrDocuments":1,"foi_nrPagesInDossier":1,"foi_publishedDate":"2024-12-17","foi_retrievedDate":"2026-03-05"},{"dc_creator":"HandelingScraper_v1","dc_date_year":2024,"dc_description":"Vergadering van de Gemeente Beekdaelen op 2024-12-17. Onderdeel: Motie vreemd aan de orde van de dag PvdA, GroenLinks en D66 inzake 30% sociale huurwoningen in het nieuwbouwplan op het voormalig voetbalcomplex te Doenrade.","dc_identifier":"nl.gm1954.2c.2024.2838198-17","dc_publisher":"gm1954","dc_source":"https://beekdaelen.bestuurlijkeinformatie.nl/Agenda/Index/aa050467-01a2-4ea6-bac6-86d9a830f5fe","dc_title":"Raadsvergadering 2024-12-17 - Motie vreemd aan de orde van de dag PvdA, GroenLinks en D66 inzake 30% sociale huurwoningen in het nieuwbouwplan op het voormalig voetbalcomplex te Doenrade","dc_type":"2c","dc_type_description":"Vergaderstuk decentrale overheid","foi_fairiscoreVersions":{"v1":2,"v2":1},"foi_files":[{"dc_format":"application/pdf","dc_identifier":"nl.gm1954.2c.2024.2838198-17.doc.1","dc_source":"https://api1.ibabs.eu/publicdownload.aspx?site=Beekdaelen&id=39606e8a-e6be-4502-ab0d-c9079bfad3dd","dc_title":"Motie vreemd aan de orde van de dag PvdA, GL en D66 inzake 30% sociale huurwoningen nieuwbouwplan voormalig voetbalcomplex te Doenrade VERWORPEN","dc_type":"bijlage","foi_fairiscoreVersions":{"v1":2,"v2":1},"foi_fileName":"Motie%20vreemd%20aan%20de%20orde%20van%20de%20dag%20PvdA_%20GL%20en%20D66%20inzake%2030%25%20sociale%20huurwoningen%20nieuwbouwplan%20voormalig%20voetbalcomplex%20te%20Doenrade%20VERWORPEN.pdf","foi_nrPages":2}],"foi_nrDocuments":1,"foi_nrPagesInDossier":2,"foi_publishedDate":"2024-12-17","foi_retrievedDate":"2025-12-02"},{"dc_creator":"HandelingScraper_v1","dc_date_year":2024,"dc_description":"Vergadering van de Gemeente Beekdaelen op 2024-12-17. Onderdeel: Vaststelling van de agenda.","dc_identifier":"nl.gm1954.2c.2024.2838198-2","dc_publisher":"gm1954","dc_source":"https://beekdaelen.bestuurlijkeinformatie.nl/Agenda/Index/aa050467-01a2-4ea6-bac6-86d9a830f5fe","dc_title":"Raadsvergadering 2024-12-17 - Vaststelling van de agenda","dc_type":"2c","dc_type_description":"Vergaderstuk decentrale overheid","foi_fairiscoreVersions":{"v1":1,"v2":1},"foi_files":[{"dc_format":"application/pdf","dc_identifier":"nl.gm1954.2c.2024.2838198-2.doc.2","dc_source":"https://api1.ibabs.eu/publicdownload.aspx?site=Beekdaelen&id=822003e1-90d8-4810-a9d9-27364cb62e45","dc_title":"Motie vreemd aan de orde van de dag GL, PvdA en D66 inzake pleidooi gewortelde kinderen","dc_type":"bijlage","foi_fairiscoreVersions":{"v1":1,"v2":1},"foi_fileName":"MOTIE%20vreemd%20aan%20de%20orde%20van%20de%20dag%20GL_%20PvdA%20en%20D66%20inzake%20pleidooi%20gewortelde%20kinderen.pdf","foi_nrPages":1},{"dc_format":"application/pdf","dc_identifier":"nl.gm1954.2c.2024.2838198-2.doc.1","dc_source":"https://api1.ibabs.eu/publicdownload.aspx?site=Beekdaelen&id=65f08c60-57a5-40d7-990e-c0532f264c9c","dc_title":"Motie vreemd aan de orde van de dag PvdA, GL en D66 inzake 30% sociale huurwoningen Doenrade","dc_type":"bijlage","foi_fairiscoreVersions":{"v1":1,"v2":1},"foi_fileName":"Motie%20vreemd%20aan%20de%20orde%20van%20de%20dag%20PvdA_%20GL%20en%20D66%20inzake%2030%25%20sociale%20huurwoningen%20Doenrade.pdf","foi_nrPages":1}],"foi_nrDocuments":2,"foi_nrPagesInDossier":2,"foi_publishedDate":"2024-12-17","foi_retrievedDate":"2025-11-29"},{"dc_creator":"HandelingScraper_v1","dc_date_year":2024,"dc_description":"Vergadering van de Gemeente Beekdaelen op 2024-12-17. Onderdeel: Vaststellen besluitenlijst openbare raadsvergadering d.d. 12 november 2024.","dc_identifier":"nl.gm1954.2c.2024.2838198-3","dc_publisher":"gm1954","dc_source":"https://beekdaelen.bestuurlijkeinformatie.nl/Agenda/Index/aa050467-01a2-4ea6-bac6-86d9a830f5fe","dc_title":"Raadsvergadering 2024-12-17 - Vaststellen besluitenlijst openbare raadsvergadering d.d. 12 november 2024","dc_type":"2c","dc_type_description":"Vergaderstuk decentrale overheid","foi_fairiscoreVersions":{"v1":1,"v2":1},"foi_files":[{"dc_format":"application/pdf","dc_identifier":"nl.gm1954.2c.2024.2838198-3.doc.1","dc_source":"https://api1.ibabs.eu/publicdownload.aspx?site=Beekdaelen&id=0b6d1cc5-c643-48d8-869b-b5789f11137e","dc_title":"Besluitenlijst raadsvergadering 12112024 - vastgesteld 17-12-2024","dc_type":"bijlage","foi_fairiscoreVersions":{"v1":1,"v2":1},"foi_fileName":"Besluitenlijst%20raadsvergadering%2012112024.pdf","foi_nrPages":28}],"foi_nrDocuments":1,"foi_nrPagesInDossier":28,"foi_publishedDate":"2024-12-17","foi_retrievedDate":"2025-11-29"},{"dc_creator":"HandelingScraper_v1","dc_date_year":2024,"dc_description":"Vergadering van de Gemeente Beekdaelen op 2024-12-17. Onderdeel: Voorstel inzake controleprotocol 2024.","dc_identifier":"nl.gm1954.2c.2024.2838198-4","dc_publisher":"gm1954","dc_source":"https://beekdaelen.bestuurlijkeinformatie.nl/Agenda/Index/aa050467-01a2-4ea6-bac6-86d9a830f5fe","dc_title":"Raadsvergadering 2024-12-17 - Voorstel inzake controleprotocol 2024","dc_type":"2c","dc_type_description":"Vergaderstuk decentrale overheid","foi_fairiscoreVersions":{"v1":2,"v2":2},"foi_files":[{"dc_format":"application/pdf","dc_identifier":"nl.gm1954.2c.2024.2838198-4.doc.3","dc_source":"https://api1.ibabs.eu/publicdownload.aspx?site=Beekdaelen&id=0e249b9b-4934-496e-a558-bbee59275595","dc_title":"Controleprotocol 2024","dc_type":"bijlage","foi_fairiscoreVersions":{"v1":2,"v2":2},"foi_fileName":"Controleprotocol%202024%20-%20Z24210623%20-%20375238%20-%20Controleprotocol%202024.pdf","foi_nrPages":15},{"dc_format":"application/pdf","dc_identifier":"nl.gm1954.2c.2024.2838198-4.doc.2","dc_source":"https://api1.ibabs.eu/publicdownload.aspx?site=Beekdaelen&id=4026b800-3633-4e0d-a710-6fd3ce423632","dc_title":"Raadsbesluit inzake controleprotocol 2024 - vastgesteld 17-12-2024","dc_type":"bijlage","foi_fairiscoreVersions":{"v1":1,"v2":1},"foi_fileName":"Raadsbesluit%20inzake%20controleprotocol%202024.pdf","foi_nrPages":1},{"dc_format":"application/pdf","dc_identifier":"nl.gm1954.2c.2024.2838198-4.doc.1","dc_source":"https://api1.ibabs.eu/publicdownload.aspx?site=Beekdaelen&id=274d43cd-0bc0-43bf-b540-1d6326ddbe5a","dc_title":"Raadsvoorstel inzake controleprotocol 2024","dc_type":"bijlage","foi_fairiscoreVersions":{"v1":1,"v2":1},"foi_fileName":"Raadsvoorstel%20inzake%20controleprotocol%202024.pdf","foi_nrPages":2}],"foi_nrDocuments":3,"foi_nrPagesInDossier":18,"foi_publishedDate":"2024-12-17","foi_retrievedDate":"2025-11-29"},{"dc_creator":"HandelingScraper_v1","dc_date_year":2024,"dc_description":"Vergadering van de Gemeente Beekdaelen op 2024-12-17. Onderdeel: Voorstel inzake financi\u00eble verordening 2024.","dc_identifier":"nl.gm1954.2c.2024.2838198-5","dc_publisher":"gm1954","dc_source":"https://beekdaelen.bestuurlijkeinformatie.nl/Agenda/Index/aa050467-01a2-4ea6-bac6-86d9a830f5fe","dc_title":"Raadsvergadering 2024-12-17 - Voorstel inzake financi\u00eble verordening 2024","dc_type":"2c","dc_type_description":"Vergaderstuk decentrale overheid","foi_fairiscoreVersions":{"v1":1,"v2":1},"foi_files":[{"dc_format":"application/pdf","dc_identifier":"nl.gm1954.2c.2024.2838198-5.doc.3","dc_source":"https://api1.ibabs.eu/publicdownload.aspx?site=Beekdaelen&id=dfa1e091-83ec-4540-a822-38d1e7708a18","dc_title":"Financi\u00eble verordening 2024 - vastgesteld 17-12-2024","dc_type":"bijlage","foi_fairiscoreVersions":{"v1":1,"v2":1},"foi_fileName":"Financi%C3%ABle%20verordening%202024.pdf","foi_nrPages":11},{"dc_format":"application/pdf","dc_identifier":"nl.gm1954.2c.2024.2838198-5.doc.2","dc_source":"https://api1.ibabs.eu/publicdownload.aspx?site=Beekdaelen&id=01b78c5d-fec4-4470-aa98-7c00c35a5b0d","dc_title":"Raadsbesluit inzake financi\u00eble verordening 2024 - vastgesteld 17-12-2024","dc_type":"bijlage","foi_fairiscoreVersions":{"v1":1,"v2":1},"foi_fileName":"Raadsbesluit%20financiele%20verordening%202024%20%281%29.pdf","foi_nrPages":1},{"dc_format":"application/pdf","dc_identifier":"nl.gm1954.2c.2024.2838198-5.doc.1","dc_source":"https://api1.ibabs.eu/publicdownload.aspx?site=Beekdaelen&id=790a6624-885d-4186-a09d-9d8432a38794","dc_title":"Raadsvoorstel inzake financi\u00eble verordening 2024","dc_type":"bijlage","foi_fairiscoreVersions":{"v1":1,"v2":1},"foi_fileName":"Raadsvoorstel%20financi%C3%ABle%20verordening%202024.pdf","foi_nrPages":2}],"foi_nrDocuments":3,"foi_nrPagesInDossier":14,"foi_publishedDate":"2024-12-17","foi_retrievedDate":"2025-11-29"},{"dc_creator":"HandelingScraper_v1","dc_date_year":2024,"dc_description":"Vergadering van de Gemeente Beekdaelen op 2024-12-17. Onderdeel: Voorstel inzake verordening lijkbezorgingsrechten 2025.","dc_identifier":"nl.gm1954.2c.2024.2838198-6","dc_publisher":"gm1954","dc_source":"https://beekdaelen.bestuurlijkeinformatie.nl/Agenda/Index/aa050467-01a2-4ea6-bac6-86d9a830f5fe","dc_title":"Raadsvergadering 2024-12-17 - Voorstel inzake verordening lijkbezorgingsrechten 2025","dc_type":"2c","dc_type_description":"Vergaderstuk decentrale overheid","foi_fairiscoreVersions":{"v1":1,"v2":1},"foi_files":[{"dc_format":"application/pdf","dc_identifier":"nl.gm1954.2c.2024.2838198-6.doc.1","dc_source":"https://api1.ibabs.eu/publicdownload.aspx?site=Beekdaelen&id=de683ba4-ade3-47eb-9dd6-ba9535578fa8","dc_title":"Raadsvoorstel inzake verordening lijkbezorgingsrechten 2025","dc_type":"bijlage","foi_fairiscoreVersions":{"v1":1,"v2":1},"foi_fileName":"Z%2F24%2F205089%20-%20372429%20-%20raadsvoorstel%20verordening%20lijkbezorgingsrechten%202025.pdf","foi_nrPages":2},{"dc_format":"application/pdf","dc_identifier":"nl.gm1954.2c.2024.2838198-6.doc.2","dc_source":"https://api1.ibabs.eu/publicdownload.aspx?site=Beekdaelen&id=b3a5c0f1-6a7a-4c27-b78a-e0641911dde0","dc_title":"Raadsbesluit inzake verordening lijkbezorgingsrechten 2025 - vastgesteld 17-12-2024","dc_type":"bijlage","foi_fairiscoreVersions":{"v1":1,"v2":1},"foi_fileName":"Z%2F24%2F205089%20-%20372430%20-%20raadsbesluit%20verordening%20lijkbezorgingsrechten%202025.pdf","foi_nrPages":1},{"dc_format":"application/pdf","dc_identifier":"nl.gm1954.2c.2024.2838198-6.doc.6","dc_source":"https://api1.ibabs.eu/publicdownload.aspx?site=Beekdaelen&id=41f1b4ce-7e79-4fc2-8179-edde33aac9e2","dc_title":"Was - wordt tarieventabel verordening lijkbezorgingsrechten 2025","dc_type":"bijlage","foi_fairiscoreVersions":{"v1":1,"v2":1},"foi_fileName":"Z%2F24%2F205089%20-%20372432%20-%20was%20-%20wordt%20tarieventabel%20verordening%20lijkbezorgingsrechten%202025.pdf","foi_nrPages":5},{"dc_format":"application/pdf","dc_identifier":"nl.gm1954.2c.2024.2838198-6.doc.5","dc_source":"https://api1.ibabs.eu/publicdownload.aspx?site=Beekdaelen&id=e040d066-d84d-413b-8515-a9d8932e703c","dc_title":"Tarieventabel verordening lijkbezorgingsrechten 2025 - vastgesteld 17-12-2024","dc_type":"bijlage","foi_fairiscoreVersions":{"v1":1,"v2":1},"foi_fileName":"Z%2F24%2F205089%20-%20372434%20-%20tarieventabel%20verordening%20lijkbezorgingsrechten%202025.pdf","foi_nrPages":3},{"dc_format":"application/pdf","dc_identifier":"nl.gm1954.2c.2024.2838198-6.doc.3","dc_source":"https://api1.ibabs.eu/publicdownload.aspx?site=Beekdaelen&id=ed758f69-acce-469d-ba85-d4b0da1affa6","dc_title":"Verordening lijkbezorgingsrechten 2025 - vastgesteld 17-12-2024","dc_type":"bijlage","foi_fairiscoreVersions":{"v1":1,"v2":1},"foi_fileName":"Z%2F24%2F205089%20-%20372436%20-%20verordening%20lijkbezorgingsrechten%202025.pdf","foi_nrPages":3},{"dc_format":"application/pdf","dc_identifier":"nl.gm1954.2c.2024.2838198-6.doc.4","dc_source":"https://api1.ibabs.eu/publicdownload.aspx?site=Beekdaelen&id=ab115f67-1b69-48c2-b9cc-c27fec961fc7","dc_title":"Was-wordt lijst Verordening lijkbezorgingsrechten gemeente Beekdaelen 2025","dc_type":"bijlage","foi_fairiscoreVersions":{"v1":1,"v2":1},"foi_fileName":"Z%2F24%2F205089%20-%20376733%20-%20Was-wordt%20lijst%20Verordening%20lijkbezorgingsrechten%20gemeente%20Beekdaelen%202025.pdf","foi_nrPages":2}],"foi_nrDocuments":6,"foi_nrPagesInDossier":16,"foi_publishedDate":"2024-12-17","foi_retrievedDate":"2025-11-29"},{"dc_creator":"HandelingScraper_v1","dc_date_year":2024,"dc_description":"Vergadering van de Gemeente Beekdaelen op 2024-12-17. Onderdeel: Voorstel inzake omgevingsvergunning voor de bouw van een nultredewoning aan de Hegge te Schinnen naast huisnummer 138.","dc_identifier":"nl.gm1954.2c.2024.2838198-7","dc_publisher":"gm1954","dc_source":"https://beekdaelen.bestuurlijkeinformatie.nl/Agenda/Index/aa050467-01a2-4ea6-bac6-86d9a830f5fe","dc_title":"Raadsvergadering 2024-12-17 - Voorstel inzake omgevingsvergunning voor de bouw van een nultredewoning aan de Hegge te Schinnen naast huisnummer 138","dc_type":"2c","dc_type_description":"Vergaderstuk decentrale overheid","foi_fairiscoreVersions":{"v1":2,"v2":2},"foi_files":[{"dc_format":"application/pdf","dc_identifier":"nl.gm1954.2c.2024.2838198-7.doc.4","dc_source":"https://api1.ibabs.eu/publicdownload.aspx?site=Beekdaelen&id=8415bb31-9b51-4897-8efa-2f927c5c6b71","dc_title":"Bijlage: ontwerpvergunning","dc_type":"bijlage","foi_fairiscoreVersions":{"v1":2,"v2":2},"foi_fileName":"Beschikking%20op%20aanvraag.pdf","foi_nrPages":6},{"dc_format":"application/pdf","dc_identifier":"nl.gm1954.2c.2024.2838198-7.doc.2","dc_source":"https://api1.ibabs.eu/publicdownload.aspx?site=Beekdaelen&id=b8bd5cd3-4948-4ef0-b417-536c6a1b73da","dc_title":"Raadsbesluit inzake Omgevingsvergunning voor de bouw van een nultredenwoning aan de  Hegge te Schinnen naast huisnummer 138 - vastgesteld 17-12-2024","dc_type":"bijlage","foi_fairiscoreVersions":{"v1":1,"v2":1},"foi_fileName":"raadsbesluit%20hegge.pdf","foi_nrPages":1},{"dc_format":"application/pdf","dc_identifier":"nl.gm1954.2c.2024.2838198-7.doc.1","dc_source":"https://api1.ibabs.eu/publicdownload.aspx?site=Beekdaelen&id=197579d2-3e52-4eb3-b39d-eda18e73921e","dc_title":"Raadsvoorstel inzake Omgevingsvergunning voor de bouw van een nultredenwoning aan de  Hegge te Schinnen naast huisnummer 138","dc_type":"bijlage","foi_fairiscoreVersions":{"v1":1,"v2":1},"foi_fileName":"raadsvoorstel.pdf","foi_nrPages":3},{"dc_format":"application/pdf","dc_identifier":"nl.gm1954.2c.2024.2838198-7.doc.3","dc_source":"https://api1.ibabs.eu/publicdownload.aspx?site=Beekdaelen&id=dc4ba4c2-8177-43c5-a63b-2a8b4bf74c60","dc_title":"Bijlage: ruimtelijke onderbouwing","dc_type":"bijlage","foi_fairiscoreVersions":{"v1":3,"v2":3},"foi_fileName":"ruimtelijke%20onderbouwing.pdf","foi_nrPages":48}],"foi_nrDocuments":4,"foi_nrPagesInDossier":58,"foi_publishedDate":"2024-12-17","foi_retrievedDate":"2025-11-29"},{"dc_creator":"HandelingScraper_v1","dc_date_year":2024,"dc_description":"Vergadering van de Gemeente Beekdaelen op 2024-12-17. Onderdeel: Voorstel inzake omgevingsvergunning voor het slopen van de bestaande woning en herbouwen van zes woningen aan de Aalbekerweg 73 te Hulsberg.","dc_identifier":"nl.gm1954.2c.2024.2838198-8","dc_publisher":"gm1954","dc_source":"https://beekdaelen.bestuurlijkeinformatie.nl/Agenda/Index/aa050467-01a2-4ea6-bac6-86d9a830f5fe","dc_title":"Raadsvergadering 2024-12-17 - Voorstel inzake omgevingsvergunning voor het slopen van de bestaande woning en herbouwen van zes woningen aan de Aalbekerweg 73 te Hulsberg","dc_type":"2c","dc_type_description":"Vergaderstuk decentrale overheid","foi_fairiscoreVersions":{"v1":2,"v2":2},"foi_files":[{"dc_format":"application/pdf","dc_identifier":"nl.gm1954.2c.2024.2838198-8.doc.4","dc_source":"https://api1.ibabs.eu/publicdownload.aspx?site=Beekdaelen&id=519a5ae6-9dc2-43de-9aa4-671420c377ab","dc_title":"Bijlage: ontwerpvergunning","dc_type":"bijlage","foi_fairiscoreVersions":{"v1":2,"v2":2},"foi_fileName":"Beschikking%20op%20aanvraag.pdf","foi_nrPages":5},{"dc_format":"application/pdf","dc_identifier":"nl.gm1954.2c.2024.2838198-8.doc.2","dc_source":"https://api1.ibabs.eu/publicdownload.aspx?site=Beekdaelen&id=721a2f22-59c7-47ce-b235-854a7db399f4","dc_title":"Raadsbesluit inzake Omgevingsvergunning voor het slopen van de bestaande woning en  herbouwen van zes woningen aan de Aalbekerweg 73 te Hulsberg - vastgesteld 17-12-2024","dc_type":"bijlage","foi_fairiscoreVersions":{"v1":1,"v2":1},"foi_fileName":"raadsbesluit%20aalbekerweg.pdf","foi_nrPages":1},{"dc_format":"application/pdf","dc_identifier":"nl.gm1954.2c.2024.2838198-8.doc.1","dc_source":"https://api1.ibabs.eu/publicdownload.aspx?site=Beekdaelen&id=666b8061-873b-4d97-b9e1-3d780ff11160","dc_title":"Raadsvoorstel inzake Omgevingsvergunning voor het slopen van de bestaande woning en  herbouwen van zes woningen aan de Aalbekerweg 73 te Hulsberg","dc_type":"bijlage","foi_fairiscoreVersions":{"v1":1,"v2":1},"foi_fileName":"raadsvoorstel.pdf","foi_nrPages":3},{"dc_format":"application/pdf","dc_identifier":"nl.gm1954.2c.2024.2838198-8.doc.3","dc_source":"https://api1.ibabs.eu/publicdownload.aspx?site=Beekdaelen&id=283a0a25-4dde-4be1-99d1-d81d50988bcf","dc_title":"Bijlage: ruimtelijke onderbouwing","dc_type":"bijlage","foi_fairiscoreVersions":{"v1":3,"v2":3},"foi_fileName":"ruimtelijke%20onderbouwing.pdf","foi_nrPages":48}],"foi_nrDocuments":4,"foi_nrPagesInDossier":57,"foi_publishedDate":"2024-12-17","foi_retrievedDate":"2026-01-22"},{"dc_creator":"HandelingScraper_v1","dc_date_year":2024,"dc_description":"Vergadering van de Gemeente Beekdaelen op 2024-12-17. Onderdeel: Voorstel inzake omgevingsvergunning voor het bouwen van een woning aan de Romenkamp te Oirsbeek naast huisnummer 20.","dc_identifier":"nl.gm1954.2c.2024.2838198-9","dc_publisher":"gm1954","dc_source":"https://beekdaelen.bestuurlijkeinformatie.nl/Agenda/Index/aa050467-01a2-4ea6-bac6-86d9a830f5fe","dc_title":"Raadsvergadering 2024-12-17 - Voorstel inzake omgevingsvergunning voor het bouwen van een woning aan de Romenkamp te Oirsbeek naast huisnummer 20","dc_type":"2c","dc_type_description":"Vergaderstuk decentrale overheid","foi_fairiscoreVersions":{"v1":2,"v2":2},"foi_files":[{"dc_format":"application/pdf","dc_identifier":"nl.gm1954.2c.2024.2838198-9.doc.4","dc_source":"https://api1.ibabs.eu/publicdownload.aspx?site=Beekdaelen&id=97d7e0a5-d666-4d1d-95dc-64850aea2eb2","dc_title":"Bijlage: ontwerpvergunning","dc_type":"bijlage","foi_fairiscoreVersions":{"v1":2,"v2":2},"foi_fileName":"Beschikking%20op%20aanvraag.pdf","foi_nrPages":4},{"dc_format":"application/pdf","dc_identifier":"nl.gm1954.2c.2024.2838198-9.doc.2","dc_source":"https://api1.ibabs.eu/publicdownload.aspx?site=Beekdaelen&id=ff78b058-cb17-4119-b06f-ef74cb530aef","dc_title":"Raadsbesluit inzake Omgevingsvergunning voor het bouwen van een woning aan de  Romenkamp te Oirsbeek naast huisnummer 20 - vastgesteld 17-12-2024","dc_type":"bijlage","foi_fairiscoreVersions":{"v1":1,"v2":1},"foi_fileName":"raadsbesluit%20romenkamp.pdf","foi_nrPages":1},{"dc_format":"application/pdf","dc_identifier":"nl.gm1954.2c.2024.2838198-9.doc.1","dc_source":"https://api1.ibabs.eu/publicdownload.aspx?site=Beekdaelen&id=01b8c687-80b2-4841-8034-9a2e9a0f3b71","dc_title":"Raadsvoorstel inzake Omgevingsvergunning voor het bouwen van een woning aan de  Romenkamp te Oirsbeek naast huisnummer 20","dc_type":"bijlage","foi_fairiscoreVersions":{"v1":1,"v2":1},"foi_fileName":"raadsvoorstel.pdf","foi_nrPages":3},{"dc_format":"application/pdf","dc_identifier":"nl.gm1954.2c.2024.2838198-9.doc.3","dc_source":"https://api1.ibabs.eu/publicdownload.aspx?site=Beekdaelen&id=34e33325-b242-4e3b-ad8f-45d1ecc4ccee","dc_title":"Bijlage: ruimtelijke onderbouwing","dc_type":"bijlage","foi_fairiscoreVersions":{"v1":1,"v2":1},"foi_fileName":"ruimtelijke%20onderbouwing.pdf","foi_nrPages":49}],"foi_nrDocuments":4,"foi_nrPagesInDossier":57,"foi_publishedDate":"2024-12-17","foi_retrievedDate":"2026-03-05"},{"dc_creator":"HandelingScraper_v1","dc_date_year":2025,"dc_description":"Vergadering van de Gemeente Beekdaelen op 2025-01-21. Onderdeel: Algemeen.","dc_identifier":"nl.gm1954.2c.2025.2838247-1","dc_publisher":"gm1954","dc_source":"https://beekdaelen.bestuurlijkeinformatie.nl/Agenda/Index/e57c0279-fc9b-4887-aaea-cd12f4486f00","dc_title":"Raadscommissie Sociale Leefomgeving 2025-01-21 - Algemeen","dc_type":"2c","dc_type_description":"Vergaderstuk decentrale overheid","foi_fairiscoreVersions":{"v1":2,"v2":1},"foi_files":[{"dc_format":"application/pdf","dc_identifier":"nl.gm1954.2c.2025.2838247-1.doc.3","dc_source":"https://api1.ibabs.eu/publicdownload.aspx?site=Beekdaelen&id=12c41800-8c48-4c00-82d4-cc1ed18e6f66","dc_title":"Technische vragen CDA FLO E Rondvraag","dc_type":"bijlage","foi_fairiscoreVersions":{"v1":1,"v2":1},"foi_fileName":"Technische%20vragen%20CDA%20FLO%20E%20Rondvraag.pdf","foi_nrPages":1},{"dc_format":"application/pdf","dc_identifier":"nl.gm1954.2c.2025.2838247-1.doc.4","dc_source":"https://api1.ibabs.eu/publicdownload.aspx?site=Beekdaelen&id=21e4feaf-e73c-4988-ab78-7425bda8c84a","dc_title":"Technische vragen CDA FLO E Rondvraag bijlage","dc_type":"bijlage","foi_fairiscoreVersions":{"v1":2,"v2":1},"foi_fileName":"Technische%20vragen%20CDA%20FLO%20E%20Rondvraag%20bijlage.pdf","foi_nrPages":1},{"dc_format":"application/pdf","dc_identifier":"nl.gm1954.2c.2025.2838247-1.doc.2","dc_source":"https://api1.ibabs.eu/publicdownload.aspx?site=Beekdaelen&id=74b253d0-f4e8-4114-86fc-57cf7a08c488","dc_title":"Technische vragen GL SLO C Rondvraag","dc_type":"bijlage","foi_fairiscoreVersions":{"v1":1,"v2":1},"foi_fileName":"Technische%20vragen%20GL%20SLO%20C%20Rondvraag.pdf","foi_nrPages":1},{"dc_format":"application/pdf","dc_identifier":"nl.gm1954.2c.2025.2838247-1.doc.1","dc_source":"https://api1.ibabs.eu/publicdownload.aspx?site=Beekdaelen&id=c2f215fe-730e-4bfb-a6e6-49af61b736a0","dc_title":"Technische vragen VG FLO D1","dc_type":"bijlage","foi_fairiscoreVersions":{"v1":1,"v2":1},"foi_fileName":"Technische%20vragen%20VG%20FLO%20D1.pdf","foi_nrPages":1}],"foi_nrDocuments":4,"foi_nrPagesInDossier":4,"foi_publishedDate":"2025-01-21","foi_retrievedDate":"2025-11-30"},{"dc_creator":"HandelingScraper_v1","dc_date_year":2025,"dc_description":"Vergadering van de Gemeente Beekdaelen op 2025-01-21. Onderdeel: Rondvraag FysiekeLeefomgeving.","dc_identifier":"nl.gm1954.2c.2025.2838247-10","dc_publisher":"gm1954","dc_source":"https://beekdaelen.bestuurlijkeinformatie.nl/Agenda/Index/e57c0279-fc9b-4887-aaea-cd12f4486f00","dc_title":"Raadscommissie Sociale Leefomgeving 2025-01-21 - Rondvraag FysiekeLeefomgeving","dc_type":"2c","dc_type_description":"Vergaderstuk decentrale overheid","foi_fairiscoreVersions":{"v1":null,"v2":null},"foi_files":[{"dc_format":"application/octet-stream","dc_identifier":"nl.gm1954.2c.2025.2838247-10.doc.2","dc_source":"https://api1.ibabs.eu/publicdownload.aspx?site=Beekdaelen&id=2b818980-94a3-48b6-9de5-28e9b6fbdc6a","dc_title":"E beantwoording rondvraag CDA","dc_type":"bijlage","foi_fileName":"E%20beantwoording%20rondvraag%20CDA.mp3","foi_nrPages":1},{"dc_format":"application/octet-stream","dc_identifier":"nl.gm1954.2c.2025.2838247-10.doc.4","dc_source":"https://api1.ibabs.eu/publicdownload.aspx?site=Beekdaelen&id=5c4fe986-34e9-4060-83b8-780f29913938","dc_title":"E beantwoording rondvraag VVD en PvdA","dc_type":"bijlage","foi_fileName":"E%20beantwoording%20rondvraag%20VVD%20en%20PvdA.mp3","foi_nrPages":1},{"dc_format":"application/octet-stream","dc_identifier":"nl.gm1954.2c.2025.2838247-10.doc.1","dc_source":"https://api1.ibabs.eu/publicdownload.aspx?site=Beekdaelen&id=1a9df7e2-66d4-4d01-ad12-bf2af182ba06","dc_title":"E Rondvraag CDA","dc_type":"bijlage","foi_fileName":"E%20Rondvraag%20CDA.mp3","foi_nrPages":1},{"dc_format":"application/octet-stream","dc_identifier":"nl.gm1954.2c.2025.2838247-10.doc.3","dc_source":"https://api1.ibabs.eu/publicdownload.aspx?site=Beekdaelen&id=f44159ab-a2f8-493f-8d6a-96d2347a2ab2","dc_title":"E rondvraag VVD en PvdA","dc_type":"bijlage","foi_fileName":"E%20rondvraag%20VVD%20en%20PvdA.mp3","foi_nrPages":1}],"foi_nrDocuments":4,"foi_nrPagesInDossier":4,"foi_publishedDate":"2025-01-21","foi_retrievedDate":"2026-03-05"},{"dc_creator":"HandelingScraper_v1","dc_date_year":2025,"dc_description":"Vergadering van de Gemeente Beekdaelen op 2025-01-21. Onderdeel: Opening, mededelingen voorzitter en vaststellen agenda..","dc_identifier":"nl.gm1954.2c.2025.2838247-2","dc_publisher":"gm1954","dc_source":"https://beekdaelen.bestuurlijkeinformatie.nl/Agenda/Index/e57c0279-fc9b-4887-aaea-cd12f4486f00","dc_title":"Raadscommissie Sociale Leefomgeving 2025-01-21 - Opening, mededelingen voorzitter en vaststellen agenda.","dc_type":"2c","dc_type_description":"Vergaderstuk decentrale overheid","foi_fairiscoreVersions":{"v1":1,"v2":1},"foi_files":[{"dc_format":"application/octet-stream","dc_identifier":"nl.gm1954.2c.2025.2838247-2.doc.2","dc_source":"https://api1.ibabs.eu/publicdownload.aspx?site=Beekdaelen&id=aab8f18d-ba3e-45c7-a45b-a8cbba968537","dc_title":"A1 + A2","dc_type":"bijlage","foi_fileName":"A1%20%2B%20A2.mp3"},{"dc_format":"application/pdf","dc_identifier":"nl.gm1954.2c.2025.2838247-2.doc.1","dc_source":"https://api1.ibabs.eu/publicdownload.aspx?site=Beekdaelen&id=f1222b55-ad74-4405-8cc7-55a3b84dcca4","dc_title":"Uitnodiging gecombineerde vergadering SLO FLO 21 01 2025","dc_type":"bijlage","foi_fairiscoreVersions":{"v1":1,"v2":1},"foi_fileName":"Uitnodiging%20gecombineerde%20vergadering%20FLO%20SLO%2021%2001%202025.pdf","foi_nrPages":1}],"foi_nrDocuments":2,"foi_nrPagesInDossier":1,"foi_publishedDate":"2025-01-21","foi_retrievedDate":"2026-03-01"},{"dc_creator":"HandelingScraper_v1","dc_date_year":2025,"dc_description":"Vergadering van de Gemeente Beekdaelen op 2025-01-21. Onderdeel: Spreekrecht burgers..","dc_identifier":"nl.gm1954.2c.2025.2838247-3","dc_publisher":"gm1954","dc_source":"https://beekdaelen.bestuurlijkeinformatie.nl/Agenda/Index/e57c0279-fc9b-4887-aaea-cd12f4486f00","dc_title":"Raadscommissie Sociale Leefomgeving 2025-01-21 - Spreekrecht burgers.","dc_type":"2c","dc_type_description":"Vergaderstuk decentrale overheid","foi_fairiscoreVersions":{"v1":null,"v2":null},"foi_files":[{"dc_format":"application/octet-stream","dc_identifier":"nl.gm1954.2c.2025.2838247-3.doc.1","dc_source":"https://api1.ibabs.eu/publicdownload.aspx?site=Beekdaelen&id=1e14cda2-29b0-4691-a83b-f820d1937523","dc_title":"A1 + A2","dc_type":"bijlage","foi_fileName":"A1%20%2B%20A2.mp3"}],"foi_nrDocuments":1,"foi_nrPagesInDossier":0,"foi_publishedDate":"2025-01-21","foi_retrievedDate":"2025-12-02"},{"dc_creator":"HandelingScraper_v1","dc_date_year":2025,"dc_description":"Vergadering van de Gemeente Beekdaelen op 2025-01-21. Onderdeel: Vaststellen actiepuntenlijst van de raadscommissie Sociale Leefomgeving d.d. 03 12 2024.","dc_identifier":"nl.gm1954.2c.2025.2838247-4","dc_publisher":"gm1954","dc_source":"https://beekdaelen.bestuurlijkeinformatie.nl/Agenda/Index/e57c0279-fc9b-4887-aaea-cd12f4486f00","dc_title":"Raadscommissie Sociale Leefomgeving 2025-01-21 - Vaststellen actiepuntenlijst van de raadscommissie Sociale Leefomgeving d.d. 03 12 2024","dc_type":"2c","dc_type_description":"Vergaderstuk decentrale overheid","foi_fairiscoreVersions":{"v1":1,"v2":1},"foi_files":[{"dc_format":"application/octet-stream","dc_identifier":"nl.gm1954.2c.2025.2838247-4.doc.2","dc_source":"https://api1.ibabs.eu/publicdownload.aspx?site=Beekdaelen&id=d3d7fec1-d857-42f1-8fd9-1f4496b03587","dc_title":"A3 + A4","dc_type":"bijlage","foi_fileName":"A3%20%2B%20A4.mp3"},{"dc_format":"application/pdf","dc_identifier":"nl.gm1954.2c.2025.2838247-4.doc.1","dc_source":"https://api1.ibabs.eu/publicdownload.aspx?site=Beekdaelen&id=a9f7dbe1-d213-485a-809f-7345171444d4","dc_title":"Actiepuntenlijst raadscommissies Sociale Leefomgeving 03 12 2024","dc_type":"bijlage","foi_fairiscoreVersions":{"v1":1,"v2":1},"foi_fileName":"Actiepuntenlijst%20raadscommissies%20Sociale%20Leefomgeving%2003122024.pdf","foi_nrPages":5}],"foi_nrDocuments":2,"foi_nrPagesInDossier":5,"foi_publishedDate":"2025-01-21","foi_retrievedDate":"2026-01-23"},{"dc_creator":"HandelingScraper_v1","dc_date_year":2025,"dc_description":"Vergadering van de Gemeente Beekdaelen op 2025-01-21. Onderdeel: Vaststellen actiepuntenlijst van de raadscommissie Fysieke Leefomgeving d.d. 02 12 2024.","dc_identifier":"nl.gm1954.2c.2025.2838247-5","dc_publisher":"gm1954","dc_source":"https://beekdaelen.bestuurlijkeinformatie.nl/Agenda/Index/e57c0279-fc9b-4887-aaea-cd12f4486f00","dc_title":"Raadscommissie Sociale Leefomgeving 2025-01-21 - Vaststellen actiepuntenlijst van de raadscommissie Fysieke Leefomgeving d.d. 02 12 2024","dc_type":"2c","dc_type_description":"Vergaderstuk decentrale overheid","foi_fairiscoreVersions":{"v1":2,"v2":1},"foi_files":[{"dc_format":"application/octet-stream","dc_identifier":"nl.gm1954.2c.2025.2838247-5.doc.2","dc_source":"https://api1.ibabs.eu/publicdownload.aspx?site=Beekdaelen&id=c01fae1d-5736-48c7-82f9-07966f4820fb","dc_title":"A3 + A4","dc_type":"bijlage","foi_fileName":"A3%20%2B%20A4.mp3"},{"dc_format":"application/pdf","dc_identifier":"nl.gm1954.2c.2025.2838247-5.doc.1","dc_source":"https://api1.ibabs.eu/publicdownload.aspx?site=Beekdaelen&id=82b05bc9-ddc1-435c-b0c3-3ae7590e28fb","dc_title":"Actiepuntenlijst cie FLO 02 12 2024","dc_type":"bijlage","foi_fairiscoreVersions":{"v1":2,"v2":1},"foi_fileName":"Actiepuntenlijst%20cie%20FLO%2002%2012%202024.pdf","foi_nrPages":5}],"foi_nrDocuments":2,"foi_nrPagesInDossier":5,"foi_publishedDate":"2025-01-21","foi_retrievedDate":"2025-12-05"},{"dc_creator":"HandelingScraper_v1","dc_date_year":2025,"dc_description":"Vergadering van de Gemeente Beekdaelen op 2025-01-21. Onderdeel: Raadsvoorstel inzake: \"Evaluatie 2e pilotperiode Jongerenlintje\".","dc_identifier":"nl.gm1954.2c.2025.2838247-6","dc_publisher":"gm1954","dc_source":"https://beekdaelen.bestuurlijkeinformatie.nl/Agenda/Index/e57c0279-fc9b-4887-aaea-cd12f4486f00","dc_title":"Raadscommissie Sociale Leefomgeving 2025-01-21 - Raadsvoorstel inzake: \"Evaluatie 2e pilotperiode Jongerenlintje\"","dc_type":"2c","dc_type_description":"Vergaderstuk decentrale overheid","foi_fairiscoreVersions":{"v1":1,"v2":1},"foi_files":[{"dc_format":"application/octet-stream","dc_identifier":"nl.gm1954.2c.2025.2838247-6.doc.8","dc_source":"https://api1.ibabs.eu/publicdownload.aspx?site=Beekdaelen&id=c2fd6866-885e-4eef-81b1-e3546dd8cf77","dc_title":"B1 advies commissie","dc_type":"bijlage","foi_fileName":"B1%20advies%20commissie.mp3"},{"dc_format":"application/octet-stream","dc_identifier":"nl.gm1954.2c.2025.2838247-6.doc.5","dc_source":"https://api1.ibabs.eu/publicdownload.aspx?site=Beekdaelen&id=d77900d4-0df6-4fab-ac52-dcd70ae5d8d4","dc_title":"B1 beantwoording eerste termijn","dc_type":"bijlage","foi_fileName":"B1%20beantwoording%20eerste%20termijn.mp3"},{"dc_format":"application/octet-stream","dc_identifier":"nl.gm1954.2c.2025.2838247-6.doc.7","dc_source":"https://api1.ibabs.eu/publicdownload.aspx?site=Beekdaelen&id=a7382ac4-9c19-434f-bd0c-5308370e5597","dc_title":"B1 beantwoording tweede termijn","dc_type":"bijlage","foi_fileName":"B1%20beantwoording%20tweede%20termijn.mp3"},{"dc_format":"application/octet-stream","dc_identifier":"nl.gm1954.2c.2025.2838247-6.doc.4","dc_source":"https://api1.ibabs.eu/publicdownload.aspx?site=Beekdaelen&id=dddbd71b-5de1-49ac-84fe-754326e2a312","dc_title":"B1 eerste termijn","dc_type":"bijlage","foi_fileName":"B1%20eerste%20termijn.mp3"},{"dc_format":"application/octet-stream","dc_identifier":"nl.gm1954.2c.2025.2838247-6.doc.6","dc_source":"https://api1.ibabs.eu/publicdownload.aspx?site=Beekdaelen&id=99ffc991-2117-4c84-8689-e70f2e9a556a","dc_title":"B1 tweede termijn","dc_type":"bijlage","foi_fileName":"B1%20tweede%20termijn.mp3"},{"dc_format":"application/pdf","dc_identifier":"nl.gm1954.2c.2025.2838247-6.doc.1","dc_source":"https://api1.ibabs.eu/publicdownload.aspx?site=Beekdaelen&id=06696ac9-ca0e-42aa-a571-489d1b0ea4c5","dc_title":"Raadsvoorstel inzake Evaluatie 2e pilotperiode Jongerenlintje","dc_type":"bijlage","foi_fairiscoreVersions":{"v1":1,"v2":1},"foi_fileName":"Z%2F24%2F211673%20-%20378970%20-%20Evaluatie%202e%20pilotperiode%20Jongerenlintje.pdf","foi_nrPages":3},{"dc_format":"application/pdf","dc_identifier":"nl.gm1954.2c.2025.2838247-6.doc.2","dc_source":"https://api1.ibabs.eu/publicdownload.aspx?site=Beekdaelen&id=235bf514-6ef8-4641-a232-429253ca0b4b","dc_title":"Raadsbesluit inzake Evaluatie 2e pilotperiode Jongerenlintje - vastgesteld 04-02-2025","dc_type":"bijlage","foi_fairiscoreVersions":{"v1":1,"v2":1},"foi_fileName":"Z%2F24%2F211673%20-%20378974%20-%20Evaluatie%202e%20pilotperiode%20Jongerenlintje.pdf","foi_nrPages":1},{"dc_format":"application/pdf","dc_identifier":"nl.gm1954.2c.2025.2838247-6.doc.3","dc_source":"https://api1.ibabs.eu/publicdownload.aspx?site=Beekdaelen&id=f9d3eec0-e8ac-486a-b296-a81acef09298","dc_title":"Bijlage: Verordening van de gemeenteraad van de gemeente Beekdaelen houdende regels omtrent toekennen Jongerenlintje, Geconsolideerde versie - vastgesteld 04-02-2025","dc_type":"bijlage","foi_fairiscoreVersions":{"v1":1,"v2":1},"foi_fileName":"Z%2F24%2F211673%20-%20379182%20-%20Verordening%20van%20de%20gemeenteraad%20van%20de%20gemeente%20Beekdaelen%20houdende%20regels%20omtrent%20toekennen%20Jongerenlintje_%20Geconsolideerde%20versie.pdf","foi_nrPages":2}],"foi_nrDocuments":8,"foi_nrPagesInDossier":6,"foi_publishedDate":"2025-01-21","foi_retrievedDate":"2026-03-03"},{"dc_creator":"HandelingScraper_v1","dc_date_year":2025,"dc_description":"Vergadering van de Gemeente Beekdaelen op 2025-01-21. Onderdeel: Rondvraag Sociale Leefomgeving.","dc_identifier":"nl.gm1954.2c.2025.2838247-7","dc_publisher":"gm1954","dc_source":"https://beekdaelen.bestuurlijkeinformatie.nl/Agenda/Index/e57c0279-fc9b-4887-aaea-cd12f4486f00","dc_title":"Raadscommissie Sociale Leefomgeving 2025-01-21 - Rondvraag Sociale Leefomgeving","dc_type":"2c","dc_type_description":"Vergaderstuk decentrale overheid","foi_fairiscoreVersions":{"v1":1,"v2":1},"foi_files":[{"dc_format":"application/octet-stream","dc_identifier":"nl.gm1954.2c.2025.2838247-7.doc.2","dc_source":"https://api1.ibabs.eu/publicdownload.aspx?site=Beekdaelen&id=882188de-510d-4d34-9dbd-45b4b7e77923","dc_title":"C Rondvraag","dc_type":"bijlage","foi_fileName":"C%20Rondvraag.mp3","foi_nrPages":1},{"dc_format":"application/pdf","dc_identifier":"nl.gm1954.2c.2025.2838247-7.doc.1","dc_source":"https://api1.ibabs.eu/publicdownload.aspx?site=Beekdaelen&id=0367e762-6f8d-430a-ae62-05f1ddb026ad","dc_title":"MvA vragen GL SLO C Rondvraag","dc_type":"bijlage","foi_fairiscoreVersions":{"v1":1,"v2":1},"foi_fileName":"MvA%20vragen%20GL%20SLO%20C%20Rondvraag.pdf","foi_nrPages":2}],"foi_nrDocuments":2,"foi_nrPagesInDossier":3,"foi_publishedDate":"2025-01-21","foi_retrievedDate":"2026-03-05"},{"dc_creator":"HandelingScraper_v1","dc_date_year":2025,"dc_description":"Vergadering van de Gemeente Beekdaelen op 2025-01-21. Onderdeel: Raadsvoorstel inzake: \"Bijstelling Masterplan 2.0 centrum Schinveld\".","dc_identifier":"nl.gm1954.2c.2025.2838247-8","dc_publisher":"gm1954","dc_source":"https://beekdaelen.bestuurlijkeinformatie.nl/Agenda/Index/e57c0279-fc9b-4887-aaea-cd12f4486f00","dc_title":"Raadscommissie Sociale Leefomgeving 2025-01-21 - Raadsvoorstel inzake: \"Bijstelling Masterplan 2.0 centrum Schinveld\"","dc_type":"2c","dc_type_description":"Vergaderstuk decentrale overheid","foi_fairiscoreVersions":{"v1":2,"v2":2},"foi_files":[{"dc_format":"application/octet-stream","dc_identifier":"nl.gm1954.2c.2025.2838247-8.doc.11","dc_source":"https://api1.ibabs.eu/publicdownload.aspx?site=Beekdaelen&id=d818dafb-68db-4a4a-b0f0-133f9e0e7cbb","dc_title":"D1 advies commissie","dc_type":"bijlage","foi_fileName":"D1%20advies%20commissie.mp3","foi_nrPages":1},{"dc_format":"application/octet-stream","dc_identifier":"nl.gm1954.2c.2025.2838247-8.doc.7","dc_source":"https://api1.ibabs.eu/publicdownload.aspx?site=Beekdaelen&id=cc329d05-fd25-4294-b43b-179ce5aa7417","dc_title":"D1 beantwoording eerste termijn","dc_type":"bijlage","foi_fileName":"D1%20beantwoording%20eerste%20termijn.mp3","foi_nrPages":1},{"dc_format":"application/octet-stream","dc_identifier":"nl.gm1954.2c.2025.2838247-8.doc.10","dc_source":"https://api1.ibabs.eu/publicdownload.aspx?site=Beekdaelen&id=a1524559-e6bb-4e77-b9ab-11abd981664f","dc_title":"D1 beantwoording tweede termijn","dc_type":"bijlage","foi_fileName":"D1%20beantwoording%20tweede%20termijn%20I.mp3","foi_nrPages":1},{"dc_format":"application/octet-stream","dc_identifier":"nl.gm1954.2c.2025.2838247-8.doc.6","dc_source":"https://api1.ibabs.eu/publicdownload.aspx?site=Beekdaelen&id=a83c8ad5-bc00-4646-b29b-f6cc9c71f48f","dc_title":"D1 eerste termijn","dc_type":"bijlage","foi_fileName":"D1%20eerste%20termijn.mp3","foi_nrPages":1},{"dc_format":"application/octet-stream","dc_identifier":"nl.gm1954.2c.2025.2838247-8.doc.8","dc_source":"https://api1.ibabs.eu/publicdownload.aspx?site=Beekdaelen&id=3cbf411f-3add-4668-a9ef-0989be164f3e","dc_title":"D1 tweede termijn I","dc_type":"bijlage","foi_fileName":"D1%20tweede%20termijn%20I.mp3","foi_nrPages":1},{"dc_format":"application/octet-stream","dc_identifier":"nl.gm1954.2c.2025.2838247-8.doc.9","dc_source":"https://api1.ibabs.eu/publicdownload.aspx?site=Beekdaelen&id=c95fec4d-dd6a-485e-935f-afc6fe25a2d6","dc_title":"D1 tweede termijn II","dc_type":"bijlage","foi_fileName":"D1%20tweede%20termijn%20II.mp3","foi_nrPages":1},{"dc_format":"application/pdf","dc_identifier":"nl.gm1954.2c.2025.2838247-8.doc.5","dc_source":"https://api1.ibabs.eu/publicdownload.aspx?site=Beekdaelen&id=9924c06e-8d0c-4fa1-bca3-faece3093a6c","dc_title":"MvA vragen VG FLO D1","dc_type":"bijlage","foi_fairiscoreVersions":{"v1":1,"v2":1},"foi_fileName":"MvA%20vragen%20VG%20FLO%20D1.pdf","foi_nrPages":1},{"dc_format":"application/pdf","dc_identifier":"nl.gm1954.2c.2025.2838247-8.doc.2","dc_source":"https://api1.ibabs.eu/publicdownload.aspx?site=Beekdaelen&id=c6827d13-a8c2-4281-a700-9f7d8d84f4ca","dc_title":"Bijlage: Tussentijdse evaluatie Masterplan 2.0 Schinveld","dc_type":"bijlage","foi_fairiscoreVersions":{"v1":2,"v2":2},"foi_fileName":"Z%2F24%2F211759%20-%20379450.pdf","foi_nrPages":15},{"dc_format":"application/pdf","dc_identifier":"nl.gm1954.2c.2025.2838247-8.doc.1","dc_source":"https://api1.ibabs.eu/publicdownload.aspx?site=Beekdaelen&id=0e127c21-39f4-440f-a73e-5ef623e5463b","dc_title":"Raadsvoorstel inzake bijstelling Masterplan 2.0 centrum Schinveld","dc_type":"bijlage","foi_fairiscoreVersions":{"v1":1,"v2":1},"foi_fileName":"Z%2F24%2F211759%20-%20379451%20-%20Tussentijdse%20evaluatie%20Masterplan%202.pdf","foi_nrPages":3},{"dc_format":"application/pdf","dc_identifier":"nl.gm1954.2c.2025.2838247-8.doc.4","dc_source":"https://api1.ibabs.eu/publicdownload.aspx?site=Beekdaelen&id=db47ce30-52aa-41ba-8d8c-3729e8780e66","dc_title":"Raadsbesluit inzake bijstelling Masterplan 2.0 centrum Schinveld - vastgesteld 04-02-2025","dc_type":"bijlage","foi_fairiscoreVersions":{"v1":1,"v2":1},"foi_fileName":"Z%2F24%2F211759%20-%20379462%20-%20Bijstelling%20Masterplan%202.pdf","foi_nrPages":1},{"dc_format":"application/pdf","dc_identifier":"nl.gm1954.2c.2025.2838247-8.doc.3","dc_source":"https://api1.ibabs.eu/publicdownload.aspx?site=Beekdaelen&id=e320fb0f-7bfd-4b21-8548-9092ca3cb514","dc_title":"Bijlage: Begrotingswijziging 2.2/2025 Masterplan 2.0 Schinveld","dc_type":"bijlage","foi_fairiscoreVersions":{"v1":1,"v2":1},"foi_fileName":"Z%2F24%2F211759%20-%20379954%20-.pdf","foi_nrPages":1}],"foi_nrDocuments":11,"foi_nrPagesInDossier":27,"foi_publishedDate":"2025-01-21","foi_retrievedDate":"2026-03-05"},{"dc_creator":"HandelingScraper_v1","dc_date_year":2025,"dc_description":"Vergadering van de Gemeente Beekdaelen op 2025-01-21. Onderdeel: Raadsvoorstel inzake: \"wijziging Omgevingsplan\" ( voorbereidingsbesluit inzake het niet toestaan van speelautomatenhallen in Beekdaelen).","dc_identifier":"nl.gm1954.2c.2025.2838247-9","dc_publisher":"gm1954","dc_source":"https://beekdaelen.bestuurlijkeinformatie.nl/Agenda/Index/e57c0279-fc9b-4887-aaea-cd12f4486f00","dc_title":"Raadscommissie Sociale Leefomgeving 2025-01-21 - Raadsvoorstel inzake: \"wijziging Omgevingsplan\" ( voorbereidingsbesluit inzake het niet toestaan van speelautomatenhallen in Beekdaelen)","dc_type":"2c","dc_type_description":"Vergaderstuk decentrale overheid","foi_fairiscoreVersions":{"v1":1,"v2":1},"foi_files":[{"dc_format":"application/octet-stream","dc_identifier":"nl.gm1954.2c.2025.2838247-9.doc.7","dc_source":"https://api1.ibabs.eu/publicdownload.aspx?site=Beekdaelen&id=8c476835-35a3-4218-8e0f-544f147f3443","dc_title":"D2 advies commissie","dc_type":"bijlage","foi_fileName":"D2%20advies%20commissie.mp3","foi_nrPages":1},{"dc_format":"application/octet-stream","dc_identifier":"nl.gm1954.2c.2025.2838247-9.doc.5","dc_source":"https://api1.ibabs.eu/publicdownload.aspx?site=Beekdaelen&id=996ca90f-79c5-457c-a9c7-77a218ea0be9","dc_title":"D2 beantwoording eerste termijn","dc_type":"bijlage","foi_fileName":"D2%20beantwoording%20eerste%20termijn.mp3","foi_nrPages":1},{"dc_format":"application/octet-stream","dc_identifier":"nl.gm1954.2c.2025.2838247-9.doc.4","dc_source":"https://api1.ibabs.eu/publicdownload.aspx?site=Beekdaelen&id=bd6d247f-353c-4c39-9b78-12bc2bfc4658","dc_title":"D2 eerste termijn","dc_type":"bijlage","foi_fileName":"D2%20eerste%20termijn.mp3","foi_nrPages":1},{"dc_format":"application/octet-stream","dc_identifier":"nl.gm1954.2c.2025.2838247-9.doc.6","dc_source":"https://api1.ibabs.eu/publicdownload.aspx?site=Beekdaelen&id=7e6a2d72-df75-45c3-b32b-25390b7fa760","dc_title":"D2 tweede termijn","dc_type":"bijlage","foi_fileName":"D2%20tweede%20termijn.mp3","foi_nrPages":1},{"dc_format":"application/pdf","dc_identifier":"nl.gm1954.2c.2025.2838247-9.doc.1","dc_source":"https://api1.ibabs.eu/publicdownload.aspx?site=Beekdaelen&id=e45e1780-de3f-407b-82f0-d0e4c9b419cd","dc_title":"Raadsvoorstel inzake voorbereidingsbesluit inzake het niet toestaan van speelautomatenhallen in Beekdaelen","dc_type":"bijlage","foi_fairiscoreVersions":{"v1":1,"v2":1},"foi_fileName":"Z%2F24%2F211467%20-%20378788%20-%20voorbereidingsbesluit%20inzake%20het%20niet%20toestaan%20van%20speelautomatenhallen%20in%20Beekdaelen.pdf","foi_nrPages":3},{"dc_format":"application/pdf","dc_identifier":"nl.gm1954.2c.2025.2838247-9.doc.2","dc_source":"https://api1.ibabs.eu/publicdownload.aspx?site=Beekdaelen&id=ce5dfb21-e544-4603-950a-2b7ed3d67584","dc_title":"Raadsbesluit inzake voorbereidingsbesluit inzake het niet toestaan van speelautomatenhallen in Beekdaelen - vastgesteld 04-02-2025","dc_type":"bijlage","foi_fairiscoreVersions":{"v1":1,"v2":1},"foi_fileName":"Z%2F24%2F211467%20-%20378874%20-%20raadsbesluit%20speelautomatenhallen.pdf","foi_nrPages":2},{"dc_format":"application/pdf","dc_identifier":"nl.gm1954.2c.2025.2838247-9.doc.3","dc_source":"https://api1.ibabs.eu/publicdownload.aspx?site=Beekdaelen&id=da3ccbe7-7513-4708-ac53-981c422eded1","dc_title":"Bijlage: begrotingswijziging voorbereidingsbesluit","dc_type":"bijlage","foi_fairiscoreVersions":{"v1":1,"v2":1},"foi_fileName":"Z%2F24%2F211467%20-%20379272%20-%20begrotingswijziging%20voorbereidingsbesluit.pdf","foi_nrPages":1}],"foi_nrDocuments":7,"foi_nrPagesInDossier":10,"foi_publishedDate":"2025-01-21","foi_retrievedDate":"2026-03-05"},{"dc_creator":"HandelingScraper_v1","dc_date_year":2025,"dc_description":"Vergadering van de Gemeente Beekdaelen op 2025-02-04. Onderdeel: Opening.","dc_identifier":"nl.gm1954.2c.2025.2838303-1","dc_publisher":"gm1954","dc_source":"https://beekdaelen.bestuurlijkeinformatie.nl/Agenda/Index/6939219d-dd62-4563-96aa-bb8e10df1cc0","dc_title":"Raadsvergadering 2025-02-04 - Opening","dc_type":"2c","dc_type_description":"Vergaderstuk decentrale overheid","foi_fairiscoreVersions":{"v1":2,"v2":1},"foi_files":[{"dc_format":"application/pdf","dc_identifier":"nl.gm1954.2c.2025.2838303-1.doc.1","dc_source":"https://api1.ibabs.eu/publicdownload.aspx?site=Beekdaelen&id=188d2c95-4f2e-4430-836d-b6674f0ee9ef","dc_title":"Uitnodiging en voorlopige agenda raadsvergadering 4 februari 2025","dc_type":"bijlage","foi_fairiscoreVersions":{"v1":2,"v2":1},"foi_fileName":"Uitnodiging%20en%20voorlopige%20agenda%20raadsvergadering%204%20februari%202025.pdf","foi_nrPages":2}],"foi_nrDocuments":1,"foi_nrPagesInDossier":2,"foi_publishedDate":"2025-02-04","foi_retrievedDate":"2025-11-29"},{"dc_creator":"HandelingScraper_v1","dc_date_year":2025,"dc_description":"Vergadering van de Gemeente Beekdaelen op 2025-02-04. Onderdeel: Vaststelling lijst ingekomen stukken.","dc_identifier":"nl.gm1954.2c.2025.2838303-10","dc_publisher":"gm1954","dc_source":"https://beekdaelen.bestuurlijkeinformatie.nl/Agenda/Index/6939219d-dd62-4563-96aa-bb8e10df1cc0","dc_title":"Raadsvergadering 2025-02-04 - Vaststelling lijst ingekomen stukken","dc_type":"2c","dc_type_description":"Vergaderstuk decentrale overheid","foi_fairiscoreVersions":{"v1":1,"v2":1},"foi_files":[{"dc_format":"application/pdf","dc_identifier":"nl.gm1954.2c.2025.2838303-10.doc.1","dc_source":"https://api1.ibabs.eu/publicdownload.aspx?site=Beekdaelen&id=487b802d-d57d-4915-a342-8502bfc9fd80","dc_title":"Lijst ingekomen stukken raad - vastgesteld 04-02-2025","dc_type":"bijlage","foi_fairiscoreVersions":{"v1":1,"v2":1},"foi_fileName":"Lijst%20ingekomen%20stukken%20raad.pdf","foi_nrPages":6}],"foi_nrDocuments":1,"foi_nrPagesInDossier":6,"foi_publishedDate":"2025-02-04","foi_retrievedDate":"2026-02-11"},{"dc_creator":"HandelingScraper_v1","dc_date_year":2025,"dc_description":"Vergadering van de Gemeente Beekdaelen op 2025-02-04. Onderdeel: Motie GL en PvdA inzake Beekdaelen vuurwerkvrij.","dc_identifier":"nl.gm1954.2c.2025.2838303-11","dc_publisher":"gm1954","dc_source":"https://beekdaelen.bestuurlijkeinformatie.nl/Agenda/Index/6939219d-dd62-4563-96aa-bb8e10df1cc0","dc_title":"Raadsvergadering 2025-02-04 - Motie GL en PvdA inzake Beekdaelen vuurwerkvrij","dc_type":"2c","dc_type_description":"Vergaderstuk decentrale overheid","foi_fairiscoreVersions":{"v1":1,"v2":1},"foi_files":[{"dc_format":"application/pdf","dc_identifier":"nl.gm1954.2c.2025.2838303-11.doc.1","dc_source":"https://api1.ibabs.eu/publicdownload.aspx?site=Beekdaelen&id=9ba1385a-1c3a-48f0-9ba6-db1ef0d4b2b2","dc_title":"Motie GL en PvdA inzake Beekdaelen vuurwerkvrij (aangenomen)","dc_type":"bijlage","foi_fairiscoreVersions":{"v1":1,"v2":1},"foi_fileName":"Motie%20GL%20en%20PvdA%20inzake%20Beekdaelen%20vuurwerkvrij%20%28aangenomen%29.pdf","foi_nrPages":2}],"foi_nrDocuments":1,"foi_nrPagesInDossier":2,"foi_publishedDate":"2025-02-04","foi_retrievedDate":"2025-12-03"},{"dc_creator":"HandelingScraper_v1","dc_date_year":2025,"dc_description":"Vergadering van de Gemeente Beekdaelen op 2025-02-04. Onderdeel: Motie GL en PvdA inzake landelijk vuurwerkverbod.","dc_identifier":"nl.gm1954.2c.2025.2838303-12","dc_publisher":"gm1954","dc_source":"https://beekdaelen.bestuurlijkeinformatie.nl/Agenda/Index/6939219d-dd62-4563-96aa-bb8e10df1cc0","dc_title":"Raadsvergadering 2025-02-04 - Motie GL en PvdA inzake landelijk vuurwerkverbod","dc_type":"2c","dc_type_description":"Vergaderstuk decentrale overheid","foi_fairiscoreVersions":{"v1":1,"v2":1},"foi_files":[{"dc_format":"application/pdf","dc_identifier":"nl.gm1954.2c.2025.2838303-12.doc.1","dc_source":"https://api1.ibabs.eu/publicdownload.aspx?site=Beekdaelen&id=c98b50a0-8727-4dd5-bea1-203ecff983d8","dc_title":"Motie GL en PvdA inzake landelijk vuurwerkverbod (aangenomen)","dc_type":"bijlage","foi_fairiscoreVersions":{"v1":1,"v2":1},"foi_fileName":"Motie%20GL%20en%20PvdA%20inzake%20landelijk%20vuurwerkverbod%20%28aangenomen%29.pdf","foi_nrPages":2}],"foi_nrDocuments":1,"foi_nrPagesInDossier":2,"foi_publishedDate":"2025-02-04","foi_retrievedDate":"2025-11-30"},{"dc_creator":"HandelingScraper_v1","dc_date_year":2025,"dc_description":"Vergadering van de Gemeente Beekdaelen op 2025-02-04. Onderdeel: Initiatiefvoorstel CDA, BL, VVD en GL inzake ecologisch beheer Schinveldse bossen.","dc_identifier":"nl.gm1954.2c.2025.2838303-13","dc_publisher":"gm1954","dc_source":"https://beekdaelen.bestuurlijkeinformatie.nl/Agenda/Index/6939219d-dd62-4563-96aa-bb8e10df1cc0","dc_title":"Raadsvergadering 2025-02-04 - Initiatiefvoorstel CDA, BL, VVD en GL inzake ecologisch beheer Schinveldse bossen","dc_type":"2c","dc_type_description":"Vergaderstuk decentrale overheid","foi_fairiscoreVersions":{"v1":1,"v2":1},"foi_files":[{"dc_format":"application/pdf","dc_identifier":"nl.gm1954.2c.2025.2838303-13.doc.3","dc_source":"https://api1.ibabs.eu/publicdownload.aspx?site=Beekdaelen&id=436cc6f4-a659-4694-a6c7-a8bfe57a3d82","dc_title":"Initiatiefvoorstel CDA, BL, VG, VVD en GL inzake ecologisch beheer Schinveldse bossen versie 30012025 VERVALLEN","dc_type":"bijlage","foi_fairiscoreVersions":{"v1":1,"v2":1},"foi_fileName":"Initiatiefvoorstel%20CDA_%20BL_%20VG_%20VVD%20en%20GL%20inzake%20ecologisch%20beheer%20Schinveldse%20bossen%20versie%2030012025.pdf","foi_nrPages":2},{"dc_format":"application/pdf","dc_identifier":"nl.gm1954.2c.2025.2838303-13.doc.1","dc_source":"https://api1.ibabs.eu/publicdownload.aspx?site=Beekdaelen&id=c665e854-5bb0-4beb-881d-378323fc4460","dc_title":"Initiatiefvoorstel CDA, BL, VVD en GL inzake ecologisch beheer Schinveldse bossen versie 04022025","dc_type":"bijlage","foi_fairiscoreVersions":{"v1":1,"v2":1},"foi_fileName":"Initiatiefvoorstel%20CDA_%20BL_%20VVD%20en%20GL%20inzake%20ecologisch%20beheer%20Schinveldse%20bossen%20versie%2004022025.pdf","foi_nrPages":2},{"dc_format":"application/pdf","dc_identifier":"nl.gm1954.2c.2025.2838303-13.doc.2","dc_source":"https://api1.ibabs.eu/publicdownload.aspx?site=Beekdaelen&id=0a97fa97-c403-442d-bcc0-e011356d4956","dc_title":"Raadsbesluit inzake initiatiefvoorstel inzake ecologisch bosbeheer Schinveldse bossen - vastgesteld 04-02-2025","dc_type":"bijlage","foi_fairiscoreVersions":{"v1":1,"v2":1},"foi_fileName":"Raadsbesluit%20inzake%20initiatiefvoorstel%20inzake%20ecologisch%20bosbeheer%20Schinveldse%20bossen.pdf","foi_nrPages":1}],"foi_nrDocuments":3,"foi_nrPagesInDossier":5,"foi_publishedDate":"2025-02-04","foi_retrievedDate":"2026-02-05"},{"dc_creator":"HandelingScraper_v1","dc_date_year":2025,"dc_description":"Vergadering van de Gemeente Beekdaelen op 2025-02-04. Onderdeel: Motie GL en PvdA inzake indienen zienswijze ontwerpplan duurzame energie regio Keulen.","dc_identifier":"nl.gm1954.2c.2025.2838303-2","dc_publisher":"gm1954","dc_source":"https://beekdaelen.bestuurlijkeinformatie.nl/Agenda/Index/6939219d-dd62-4563-96aa-bb8e10df1cc0","dc_title":"Raadsvergadering 2025-02-04 - Motie GL en PvdA inzake indienen zienswijze ontwerpplan duurzame energie regio Keulen","dc_type":"2c","dc_type_description":"Vergaderstuk decentrale overheid","foi_fairiscoreVersions":{"v1":1,"v2":1},"foi_files":[{"dc_format":"application/pdf","dc_identifier":"nl.gm1954.2c.2025.2838303-2.doc.1","dc_source":"https://api1.ibabs.eu/publicdownload.aspx?site=Beekdaelen&id=aee65c96-b4cd-4cb0-98c9-a0eac8a1c1ab","dc_title":"Motie GL en PvdA inzake indienen zienswijze ontwerpplan duurzame energie regio Keulen (aangenomen)","dc_type":"bijlage","foi_fairiscoreVersions":{"v1":1,"v2":1},"foi_fileName":"Motie%20GL%20en%20PvdA%20inzake%20indienen%20zienswijze%20ontwerpplan%20duurzame%20energie%20regio%20Keulen%20%28aangenomen%29.pdf","foi_nrPages":1}],"foi_nrDocuments":1,"foi_nrPagesInDossier":1,"foi_publishedDate":"2025-02-04","foi_retrievedDate":"2026-03-03"},{"dc_creator":"HandelingScraper_v1","dc_date_year":2025,"dc_description":"Vergadering van de Gemeente Beekdaelen op 2025-02-04. Onderdeel: Motie CDA, VG en BL inzake windmolen Selfkant.","dc_identifier":"nl.gm1954.2c.2025.2838303-3","dc_publisher":"gm1954","dc_source":"https://beekdaelen.bestuurlijkeinformatie.nl/Agenda/Index/6939219d-dd62-4563-96aa-bb8e10df1cc0","dc_title":"Raadsvergadering 2025-02-04 - Motie CDA, VG en BL inzake windmolen Selfkant","dc_type":"2c","dc_type_description":"Vergaderstuk decentrale overheid","foi_fairiscoreVersions":{"v1":1,"v2":1},"foi_files":[{"dc_format":"application/pdf","dc_identifier":"nl.gm1954.2c.2025.2838303-3.doc.1","dc_source":"https://api1.ibabs.eu/publicdownload.aspx?site=Beekdaelen&id=2387c54c-e7c3-4bcc-b1dd-9b751fe23d28","dc_title":"Motie CDA, VG en BL inzake windmolens Selfkant (aangenomen)","dc_type":"bijlage","foi_fairiscoreVersions":{"v1":1,"v2":1},"foi_fileName":"Motie%20CDA_%20VG%20en%20BL%20inzake%20windmolens%20Selfkant%20%28aangenomen%29.pdf","foi_nrPages":2}],"foi_nrDocuments":1,"foi_nrPagesInDossier":2,"foi_publishedDate":"2025-02-04","foi_retrievedDate":"2026-03-05"},{"dc_creator":"HandelingScraper_v1","dc_date_year":2025,"dc_description":"Vergadering van de Gemeente Beekdaelen op 2025-02-04. Onderdeel: Vaststellen besluitenlijst openbare raadsvergadering d.d. 17 december 2024.","dc_identifier":"nl.gm1954.2c.2025.2838303-4","dc_publisher":"gm1954","dc_source":"https://beekdaelen.bestuurlijkeinformatie.nl/Agenda/Index/6939219d-dd62-4563-96aa-bb8e10df1cc0","dc_title":"Raadsvergadering 2025-02-04 - Vaststellen besluitenlijst openbare raadsvergadering d.d. 17 december 2024","dc_type":"2c","dc_type_description":"Vergaderstuk decentrale overheid","foi_fairiscoreVersions":{"v1":1,"v2":1},"foi_files":[{"dc_format":"application/pdf","dc_identifier":"nl.gm1954.2c.2025.2838303-4.doc.1","dc_source":"https://api1.ibabs.eu/publicdownload.aspx?site=Beekdaelen&id=38001e2b-6052-4c5e-95da-f423f69376b4","dc_title":"Besluitenlijst raadsvergadering 17122024 - vastgesteld 04-02-2025","dc_type":"bijlage","foi_fairiscoreVersions":{"v1":1,"v2":1},"foi_fileName":"Besluitenlijst%20raadsvergadering%2017122024.pdf","foi_nrPages":9}],"foi_nrDocuments":1,"foi_nrPagesInDossier":9,"foi_publishedDate":"2025-02-04","foi_retrievedDate":"2025-12-01"},{"dc_creator":"HandelingScraper_v1","dc_date_year":2025,"dc_description":"Vergadering van de Gemeente Beekdaelen op 2025-02-04. Onderdeel: Voorstel inzake ontslag en benoeming burgercommissieleden.","dc_identifier":"nl.gm1954.2c.2025.2838303-5","dc_publisher":"gm1954","dc_source":"https://beekdaelen.bestuurlijkeinformatie.nl/Agenda/Index/6939219d-dd62-4563-96aa-bb8e10df1cc0","dc_title":"Raadsvergadering 2025-02-04 - Voorstel inzake ontslag en benoeming burgercommissieleden","dc_type":"2c","dc_type_description":"Vergaderstuk decentrale overheid","foi_fairiscoreVersions":{"v1":2,"v2":1},"foi_files":[{"dc_format":"application/pdf","dc_identifier":"nl.gm1954.2c.2025.2838303-5.doc.2","dc_source":"https://api1.ibabs.eu/publicdownload.aspx?site=Beekdaelen&id=aa889906-3d2f-4d38-9749-cd77401f2147","dc_title":"Raadsbesluit inzake ontslag en benoeming burgercommissieleden - vastgesteld 04-02-2025","dc_type":"bijlage","foi_fairiscoreVersions":{"v1":1,"v2":1},"foi_fileName":"Raadsbesluit%20inzake%20ontslag%20en%20benoeming%20burgercommissieleden.pdf","foi_nrPages":1},{"dc_format":"application/pdf","dc_identifier":"nl.gm1954.2c.2025.2838303-5.doc.1","dc_source":"https://api1.ibabs.eu/publicdownload.aspx?site=Beekdaelen&id=ae5727d3-2585-4a78-a54b-b4fc55636304","dc_title":"Raadsvoorstel inzake ontslag en benoeming burgercommissieleden","dc_type":"bijlage","foi_fairiscoreVersions":{"v1":2,"v2":1},"foi_fileName":"Raadsvoorstel%20inzake%20ontslag%20en%20benoeming%20burgercommissieleden.pdf","foi_nrPages":2}],"foi_nrDocuments":2,"foi_nrPagesInDossier":3,"foi_publishedDate":"2025-02-04","foi_retrievedDate":"2025-11-29"},{"dc_creator":"HandelingScraper_v1","dc_date_year":2025,"dc_description":"Vergadering van de Gemeente Beekdaelen op 2025-02-04. Onderdeel: Voorstel inzake bijstelling Masterplan 2.0 centrum Schinveld.","dc_identifier":"nl.gm1954.2c.2025.2838303-6","dc_publisher":"gm1954","dc_source":"https://beekdaelen.bestuurlijkeinformatie.nl/Agenda/Index/6939219d-dd62-4563-96aa-bb8e10df1cc0","dc_title":"Raadsvergadering 2025-02-04 - Voorstel inzake bijstelling Masterplan 2.0 centrum Schinveld","dc_type":"2c","dc_type_description":"Vergaderstuk decentrale overheid","foi_fairiscoreVersions":{"v1":2,"v2":2},"foi_files":[{"dc_format":"application/pdf","dc_identifier":"nl.gm1954.2c.2025.2838303-6.doc.3","dc_source":"https://api1.ibabs.eu/publicdownload.aspx?site=Beekdaelen&id=c6827d13-a8c2-4281-a700-9f7d8d84f4ca","dc_title":"Bijlage: Tussentijdse evaluatie Masterplan 2.0 Schinveld","dc_type":"bijlage","foi_fairiscoreVersions":{"v1":2,"v2":2},"foi_fileName":"Z%2F24%2F211759%20-%20379450.pdf","foi_nrPages":15},{"dc_format":"application/pdf","dc_identifier":"nl.gm1954.2c.2025.2838303-6.doc.1","dc_source":"https://api1.ibabs.eu/publicdownload.aspx?site=Beekdaelen&id=0e127c21-39f4-440f-a73e-5ef623e5463b","dc_title":"Raadsvoorstel inzake bijstelling Masterplan 2.0 centrum Schinveld","dc_type":"bijlage","foi_fairiscoreVersions":{"v1":1,"v2":1},"foi_fileName":"Z%2F24%2F211759%20-%20379451%20-%20Tussentijdse%20evaluatie%20Masterplan%202.pdf","foi_nrPages":3},{"dc_format":"application/pdf","dc_identifier":"nl.gm1954.2c.2025.2838303-6.doc.2","dc_source":"https://api1.ibabs.eu/publicdownload.aspx?site=Beekdaelen&id=db47ce30-52aa-41ba-8d8c-3729e8780e66","dc_title":"Raadsbesluit inzake bijstelling Masterplan 2.0 centrum Schinveld - vastgesteld 04-02-2025","dc_type":"bijlage","foi_fairiscoreVersions":{"v1":1,"v2":1},"foi_fileName":"Z%2F24%2F211759%20-%20379462%20-%20Bijstelling%20Masterplan%202.pdf","foi_nrPages":1},{"dc_format":"application/pdf","dc_identifier":"nl.gm1954.2c.2025.2838303-6.doc.4","dc_source":"https://api1.ibabs.eu/publicdownload.aspx?site=Beekdaelen&id=e320fb0f-7bfd-4b21-8548-9092ca3cb514","dc_title":"Bijlage: Begrotingswijziging 2.2/2025 Masterplan 2.0 Schinveld","dc_type":"bijlage","foi_fairiscoreVersions":{"v1":1,"v2":1},"foi_fileName":"Z%2F24%2F211759%20-%20379954%20-.pdf","foi_nrPages":1}],"foi_nrDocuments":4,"foi_nrPagesInDossier":20,"foi_publishedDate":"2025-02-04","foi_retrievedDate":"2026-02-12"},{"dc_creator":"HandelingScraper_v1","dc_date_year":2025,"dc_description":"Vergadering van de Gemeente Beekdaelen op 2025-02-04. Onderdeel: Voorstel inzake wijziging omgevingsplan.","dc_identifier":"nl.gm1954.2c.2025.2838303-7","dc_publisher":"gm1954","dc_source":"https://beekdaelen.bestuurlijkeinformatie.nl/Agenda/Index/6939219d-dd62-4563-96aa-bb8e10df1cc0","dc_title":"Raadsvergadering 2025-02-04 - Voorstel inzake wijziging omgevingsplan","dc_type":"2c","dc_type_description":"Vergaderstuk decentrale overheid","foi_fairiscoreVersions":{"v1":1,"v2":1},"foi_files":[{"dc_format":"application/pdf","dc_identifier":"nl.gm1954.2c.2025.2838303-7.doc.1","dc_source":"https://api1.ibabs.eu/publicdownload.aspx?site=Beekdaelen&id=e45e1780-de3f-407b-82f0-d0e4c9b419cd","dc_title":"Raadsvoorstel inzake voorbereidingsbesluit inzake het niet toestaan van speelautomatenhallen in Beekdaelen","dc_type":"bijlage","foi_fairiscoreVersions":{"v1":1,"v2":1},"foi_fileName":"Z%2F24%2F211467%20-%20378788%20-%20voorbereidingsbesluit%20inzake%20het%20niet%20toestaan%20van%20speelautomatenhallen%20in%20Beekdaelen.pdf","foi_nrPages":3},{"dc_format":"application/pdf","dc_identifier":"nl.gm1954.2c.2025.2838303-7.doc.2","dc_source":"https://api1.ibabs.eu/publicdownload.aspx?site=Beekdaelen&id=ce5dfb21-e544-4603-950a-2b7ed3d67584","dc_title":"Raadsbesluit inzake voorbereidingsbesluit inzake het niet toestaan van speelautomatenhallen in Beekdaelen - vastgesteld 04-02-2025","dc_type":"bijlage","foi_fairiscoreVersions":{"v1":1,"v2":1},"foi_fileName":"Z%2F24%2F211467%20-%20378874%20-%20raadsbesluit%20speelautomatenhallen.pdf","foi_nrPages":2},{"dc_format":"application/pdf","dc_identifier":"nl.gm1954.2c.2025.2838303-7.doc.3","dc_source":"https://api1.ibabs.eu/publicdownload.aspx?site=Beekdaelen&id=da3ccbe7-7513-4708-ac53-981c422eded1","dc_title":"Bijlage: begrotingswijziging voorbereidingsbesluit","dc_type":"bijlage","foi_fairiscoreVersions":{"v1":1,"v2":1},"foi_fileName":"Z%2F24%2F211467%20-%20379272%20-%20begrotingswijziging%20voorbereidingsbesluit.pdf","foi_nrPages":1}],"foi_nrDocuments":3,"foi_nrPagesInDossier":6,"foi_publishedDate":"2025-02-04","foi_retrievedDate":"2026-02-11"},{"dc_creator":"HandelingScraper_v1","dc_date_year":2025,"dc_description":"Vergadering van de Gemeente Beekdaelen op 2025-02-04. Onderdeel: Voorstel inzake evaluatie tweede pilotperiode Jongerenlintje.","dc_identifier":"nl.gm1954.2c.2025.2838303-8","dc_publisher":"gm1954","dc_source":"https://beekdaelen.bestuurlijkeinformatie.nl/Agenda/Index/6939219d-dd62-4563-96aa-bb8e10df1cc0","dc_title":"Raadsvergadering 2025-02-04 - Voorstel inzake evaluatie tweede pilotperiode Jongerenlintje","dc_type":"2c","dc_type_description":"Vergaderstuk decentrale overheid","foi_fairiscoreVersions":{"v1":1,"v2":1},"foi_files":[{"dc_format":"application/pdf","dc_identifier":"nl.gm1954.2c.2025.2838303-8.doc.1","dc_source":"https://api1.ibabs.eu/publicdownload.aspx?site=Beekdaelen&id=06696ac9-ca0e-42aa-a571-489d1b0ea4c5","dc_title":"Raadsvoorstel inzake Evaluatie 2e pilotperiode Jongerenlintje","dc_type":"bijlage","foi_fairiscoreVersions":{"v1":1,"v2":1},"foi_fileName":"Z%2F24%2F211673%20-%20378970%20-%20Evaluatie%202e%20pilotperiode%20Jongerenlintje.pdf","foi_nrPages":3},{"dc_format":"application/pdf","dc_identifier":"nl.gm1954.2c.2025.2838303-8.doc.2","dc_source":"https://api1.ibabs.eu/publicdownload.aspx?site=Beekdaelen&id=235bf514-6ef8-4641-a232-429253ca0b4b","dc_title":"Raadsbesluit inzake Evaluatie 2e pilotperiode Jongerenlintje - vastgesteld 04-02-2025","dc_type":"bijlage","foi_fairiscoreVersions":{"v1":1,"v2":1},"foi_fileName":"Z%2F24%2F211673%20-%20378974%20-%20Evaluatie%202e%20pilotperiode%20Jongerenlintje.pdf","foi_nrPages":1},{"dc_format":"application/pdf","dc_identifier":"nl.gm1954.2c.2025.2838303-8.doc.3","dc_source":"https://api1.ibabs.eu/publicdownload.aspx?site=Beekdaelen&id=f9d3eec0-e8ac-486a-b296-a81acef09298","dc_title":"Bijlage: Verordening van de gemeenteraad van de gemeente Beekdaelen houdende regels omtrent toekennen Jongerenlintje, Geconsolideerde versie - vastgesteld 04-02-2025","dc_type":"bijlage","foi_fairiscoreVersions":{"v1":1,"v2":1},"foi_fileName":"Z%2F24%2F211673%20-%20379182%20-%20Verordening%20van%20de%20gemeenteraad%20van%20de%20gemeente%20Beekdaelen%20houdende%20regels%20omtrent%20toekennen%20Jongerenlintje_%20Geconsolideerde%20versie.pdf","foi_nrPages":2}],"foi_nrDocuments":3,"foi_nrPagesInDossier":6,"foi_publishedDate":"2025-02-04","foi_retrievedDate":"2026-02-06"},{"dc_creator":"HandelingScraper_v1","dc_date_year":2025,"dc_description":"Vergadering van de Gemeente Beekdaelen op 2025-02-04. Onderdeel: Initiatiefvoorstel VVD inzake Lokale Inclusie Agenda Beekdaelen (LIA Beekdaelen).","dc_identifier":"nl.gm1954.2c.2025.2838303-9","dc_publisher":"gm1954","dc_source":"https://beekdaelen.bestuurlijkeinformatie.nl/Agenda/Index/6939219d-dd62-4563-96aa-bb8e10df1cc0","dc_title":"Raadsvergadering 2025-02-04 - Initiatiefvoorstel VVD inzake Lokale Inclusie Agenda Beekdaelen (LIA Beekdaelen)","dc_type":"2c","dc_type_description":"Vergaderstuk decentrale overheid","foi_fairiscoreVersions":{"v1":1,"v2":1},"foi_files":[{"dc_format":"application/pdf","dc_identifier":"nl.gm1954.2c.2025.2838303-9.doc.1","dc_source":"https://api1.ibabs.eu/publicdownload.aspx?site=Beekdaelen&id=b6768b79-800e-43b7-8775-040ccc6a598e","dc_title":"Initiatiefvoorstel VVD inzake Lokale Inclusie Agenda versie december 2024","dc_type":"bijlage","foi_fairiscoreVersions":{"v1":1,"v2":1},"foi_fileName":"Initiatiefvoorstel%20VVD%20inzake%20Lokale%20Inclusie%20Agenda%20versie%20december%202024.pdf","foi_nrPages":6},{"dc_format":"application/pdf","dc_identifier":"nl.gm1954.2c.2025.2838303-9.doc.2","dc_source":"https://api1.ibabs.eu/publicdownload.aspx?site=Beekdaelen&id=d042045f-3cd2-4de6-8131-ff9eea02f25d","dc_title":"Raadsbesluit inzake initiatiefvoorstel VVD opstellen LIA - vastgesteld 04-02-2025","dc_type":"bijlage","foi_fairiscoreVersions":{"v1":1,"v2":1},"foi_fileName":"Raadsbesluit%20inzake%20initiatiefvoorstel%20VVD%20opstellen%20LIA.pdf","foi_nrPages":2},{"dc_format":"application/pdf","dc_identifier":"nl.gm1954.2c.2025.2838303-9.doc.3","dc_source":"https://api1.ibabs.eu/publicdownload.aspx?site=Beekdaelen&id=aa12789c-d49b-4da8-b60a-f4e103a0dee0","dc_title":"Wensen & Bedenkingen vanuit college m.b.t. initiatiefvoorstel Lokale Inclusie Agenda VVD (september 2024)","dc_type":"bijlage","foi_fairiscoreVersions":{"v1":1,"v2":1},"foi_fileName":"Wensen%20%26%20Bedenkingen%20m.b.t.pdf","foi_nrPages":2}],"foi_nrDocuments":3,"foi_nrPagesInDossier":10,"foi_publishedDate":"2025-02-04","foi_retrievedDate":"2025-12-05"},{"dc_creator":"HandelingScraper_v1","dc_date_year":2025,"dc_description":"Vergadering van de Gemeente Beekdaelen op 2025-02-20. Onderdeel: Algemeen.","dc_identifier":"nl.gm1954.2c.2025.2838332-1","dc_publisher":"gm1954","dc_source":"https://beekdaelen.bestuurlijkeinformatie.nl/Agenda/Index/5efeecde-5676-4fc9-a3cb-3b1c931de590","dc_title":"Raadscommissie Fysieke Leefomgeving 2025-02-20 - Algemeen","dc_type":"2c","dc_type_description":"Vergaderstuk decentrale overheid","foi_fairiscoreVersions":{"v1":1,"v2":1},"foi_files":[{"dc_format":"application/pdf","dc_identifier":"nl.gm1954.2c.2025.2838332-1.doc.5","dc_source":"https://api1.ibabs.eu/publicdownload.aspx?site=Beekdaelen&id=3990a077-af4a-4e9c-be0e-68fa62f76ffd","dc_title":"Technische vragen BL FLO B1 en B2","dc_type":"bijlage","foi_fairiscoreVersions":{"v1":1,"v2":1},"foi_fileName":"Technische%20vragen%20BL%20FLO%20B1%20en%20B2.pdf","foi_nrPages":1},{"dc_format":"application/pdf","dc_identifier":"nl.gm1954.2c.2025.2838332-1.doc.4","dc_source":"https://api1.ibabs.eu/publicdownload.aspx?site=Beekdaelen&id=607bd5d2-bd8e-42d0-ad3c-5cfaaa0baa0d","dc_title":"Technische vragen Koll\u00e9e Rijkx FLO B1 en B2","dc_type":"bijlage","foi_fairiscoreVersions":{"v1":1,"v2":1},"foi_fileName":"Technische%20vragen%20Koll%C3%A9e%20Rijkx%20FLO%20B1%20en%20B2.pdf","foi_nrPages":1},{"dc_format":"application/pdf","dc_identifier":"nl.gm1954.2c.2025.2838332-1.doc.3","dc_source":"https://api1.ibabs.eu/publicdownload.aspx?site=Beekdaelen&id=394b8672-62a6-474e-a604-cdce4ef0ca8f","dc_title":"Technische vragen PvdA FLO B1","dc_type":"bijlage","foi_fairiscoreVersions":{"v1":1,"v2":1},"foi_fileName":"Technische%20vragen%20PvdA%20FLO%20B1.pdf","foi_nrPages":1},{"dc_format":"application/pdf","dc_identifier":"nl.gm1954.2c.2025.2838332-1.doc.2","dc_source":"https://api1.ibabs.eu/publicdownload.aspx?site=Beekdaelen&id=7276bc61-399f-4af9-ad76-5ab0478ab155","dc_title":"Technische vragen VG FLO B1","dc_type":"bijlage","foi_fairiscoreVersions":{"v1":1,"v2":1},"foi_fileName":"Technische%20vragen%20VG%20FLO%20B1.pdf","foi_nrPages":1},{"dc_format":"application/pdf","dc_identifier":"nl.gm1954.2c.2025.2838332-1.doc.1","dc_source":"https://api1.ibabs.eu/publicdownload.aspx?site=Beekdaelen&id=b176d243-b64a-4746-adad-828c824718c4","dc_title":"Technische vragen VVD FLO C","dc_type":"bijlage","foi_fairiscoreVersions":{"v1":1,"v2":1},"foi_fileName":"Technische%20vragen%20VVD%20FLO%20C.pdf","foi_nrPages":1}],"foi_nrDocuments":5,"foi_nrPagesInDossier":5,"foi_publishedDate":"2025-02-20","foi_retrievedDate":"2025-11-29"},{"dc_creator":"HandelingScraper_v1","dc_date_year":2025,"dc_description":"Vergadering van de Gemeente Beekdaelen op 2025-02-20. Onderdeel: Opening, mededelingen voorzitter en vaststellen agenda..","dc_identifier":"nl.gm1954.2c.2025.2838332-2","dc_publisher":"gm1954","dc_source":"https://beekdaelen.bestuurlijkeinformatie.nl/Agenda/Index/5efeecde-5676-4fc9-a3cb-3b1c931de590","dc_title":"Raadscommissie Fysieke Leefomgeving 2025-02-20 - Opening, mededelingen voorzitter en vaststellen agenda.","dc_type":"2c","dc_type_description":"Vergaderstuk decentrale overheid","foi_fairiscoreVersions":{"v1":1,"v2":1},"foi_files":[{"dc_format":"application/octet-stream","dc_identifier":"nl.gm1954.2c.2025.2838332-2.doc.2","dc_source":"https://api1.ibabs.eu/publicdownload.aspx?site=Beekdaelen&id=6a31a8fa-ba5d-46c8-885c-ad190ad4e4a4","dc_title":"A1 tm A3","dc_type":"bijlage","foi_fileName":"A1%20tm%20A3.mp3"},{"dc_format":"application/pdf","dc_identifier":"nl.gm1954.2c.2025.2838332-2.doc.1","dc_source":"https://api1.ibabs.eu/publicdownload.aspx?site=Beekdaelen&id=c5cd736b-b05c-4e42-91f6-2c440d4dcbb1","dc_title":"Uitnodiging en voorlopige agenda cie. FLO 20022025","dc_type":"bijlage","foi_fairiscoreVersions":{"v1":1,"v2":1},"foi_fileName":"Uitnodiging%20en%20voorlopige%20agenda%20cie.pdf","foi_nrPages":1}],"foi_nrDocuments":2,"foi_nrPagesInDossier":1,"foi_publishedDate":"2025-02-20","foi_retrievedDate":"2025-12-03"},{"dc_creator":"HandelingScraper_v1","dc_date_year":2025,"dc_description":"Vergadering van de Gemeente Beekdaelen op 2025-02-20. Onderdeel: Spreekrecht burgers..","dc_identifier":"nl.gm1954.2c.2025.2838332-3","dc_publisher":"gm1954","dc_source":"https://beekdaelen.bestuurlijkeinformatie.nl/Agenda/Index/5efeecde-5676-4fc9-a3cb-3b1c931de590","dc_title":"Raadscommissie Fysieke Leefomgeving 2025-02-20 - Spreekrecht burgers.","dc_type":"2c","dc_type_description":"Vergaderstuk decentrale overheid","foi_fairiscoreVersions":{"v1":null,"v2":null},"foi_files":[{"dc_format":"application/octet-stream","dc_identifier":"nl.gm1954.2c.2025.2838332-3.doc.1","dc_source":"https://api1.ibabs.eu/publicdownload.aspx?site=Beekdaelen&id=0b92246e-013f-4441-bc88-61efe6996dce","dc_title":"A1 tm A3","dc_type":"bijlage","foi_fileName":"A1%20tm%20A3.mp3"}],"foi_nrDocuments":1,"foi_nrPagesInDossier":0,"foi_publishedDate":"2025-02-20","foi_retrievedDate":"2025-12-06"},{"dc_creator":"HandelingScraper_v1","dc_date_year":2025,"dc_description":"Vergadering van de Gemeente Beekdaelen op 2025-02-20. Onderdeel: Vaststellen actiepuntenlijst van de gecombineerde raadscommissie Sociale- en Fysieke Leefomgeving d.d. 21.01.2025.","dc_identifier":"nl.gm1954.2c.2025.2838332-4","dc_publisher":"gm1954","dc_source":"https://beekdaelen.bestuurlijkeinformatie.nl/Agenda/Index/5efeecde-5676-4fc9-a3cb-3b1c931de590","dc_title":"Raadscommissie Fysieke Leefomgeving 2025-02-20 - Vaststellen actiepuntenlijst van de gecombineerde raadscommissie Sociale- en Fysieke Leefomgeving d.d. 21.01.2025","dc_type":"2c","dc_type_description":"Vergaderstuk decentrale overheid","foi_fairiscoreVersions":{"v1":1,"v2":1},"foi_files":[{"dc_format":"application/octet-stream","dc_identifier":"nl.gm1954.2c.2025.2838332-4.doc.2","dc_source":"https://api1.ibabs.eu/publicdownload.aspx?site=Beekdaelen&id=94c47b2b-aa3c-42cc-8a26-5b9f75e3b577","dc_title":"A1 tm A3","dc_type":"bijlage","foi_fileName":"A1%20tm%20A3.mp3"},{"dc_format":"application/pdf","dc_identifier":"nl.gm1954.2c.2025.2838332-4.doc.1","dc_source":"https://api1.ibabs.eu/publicdownload.aspx?site=Beekdaelen&id=24d3bf5f-5457-4ec1-a252-e43bc1f1f481","dc_title":"Actiepuntenlijst commissie SLO FLO 21012025","dc_type":"bijlage","foi_fairiscoreVersions":{"v1":1,"v2":1},"foi_fileName":"Actiepuntenlijst%20commissie%20SLO%20FLO%2021012025.pdf","foi_nrPages":5}],"foi_nrDocuments":2,"foi_nrPagesInDossier":5,"foi_publishedDate":"2025-02-20","foi_retrievedDate":"2025-12-01"},{"dc_creator":"HandelingScraper_v1","dc_date_year":2025,"dc_description":"Vergadering van de Gemeente Beekdaelen op 2025-02-20. Onderdeel: Vaststellen actiepuntenlijst van de gecombineerde raadscommissie Sociale- en Fysieke Leefomgeving d.d. 21.01.2025 (geheimhouding inmiddels opgeheven).","dc_identifier":"nl.gm1954.2c.2025.2838332-5","dc_publisher":"gm1954","dc_source":"https://beekdaelen.bestuurlijkeinformatie.nl/Agenda/Index/5efeecde-5676-4fc9-a3cb-3b1c931de590","dc_title":"Raadscommissie Fysieke Leefomgeving 2025-02-20 - Vaststellen actiepuntenlijst van de gecombineerde raadscommissie Sociale- en Fysieke Leefomgeving d.d. 21.01.2025 (geheimhouding inmiddels opgeheven)","dc_type":"2c","dc_type_description":"Vergaderstuk decentrale overheid","foi_fairiscoreVersions":{"v1":1,"v2":1},"foi_files":[{"dc_format":"application/octet-stream","dc_identifier":"nl.gm1954.2c.2025.2838332-5.doc.2","dc_source":"https://api1.ibabs.eu/publicdownload.aspx?site=Beekdaelen&id=bece2f5e-6e09-4cc1-981e-241dd3222669","dc_title":"A1 tm A3","dc_type":"bijlage","foi_fileName":"A1%20tm%20A3.mp3"},{"dc_format":"application/pdf","dc_identifier":"nl.gm1954.2c.2025.2838332-5.doc.1","dc_source":"https://api1.ibabs.eu/publicdownload.aspx?site=Beekdaelen&id=589ad9e7-d8f8-4db5-b623-8183fc839c4e","dc_title":"Actiepuntenlijst commissie SLO FLO 21012025 (geheimhouding inmiddels opgeheven)","dc_type":"bijlage","foi_fairiscoreVersions":{"v1":1,"v2":1},"foi_fileName":"Actiepuntenlijst%20commissie%20SLO%20FLO%2021012025%20%28geheimhouding%29.pdf","foi_nrPages":3}],"foi_nrDocuments":2,"foi_nrPagesInDossier":3,"foi_publishedDate":"2025-02-20","foi_retrievedDate":"2026-03-03"},{"dc_creator":"HandelingScraper_v1","dc_date_year":2025,"dc_description":"Vergadering van de Gemeente Beekdaelen op 2025-02-20. Onderdeel: Raadsvoorstel inzake: \"Maatschappelijk hart Merkelbeek - Ontwikkelperspectief\".","dc_identifier":"nl.gm1954.2c.2025.2838332-6","dc_publisher":"gm1954","dc_source":"https://beekdaelen.bestuurlijkeinformatie.nl/Agenda/Index/5efeecde-5676-4fc9-a3cb-3b1c931de590","dc_title":"Raadscommissie Fysieke Leefomgeving 2025-02-20 - Raadsvoorstel inzake: \"Maatschappelijk hart Merkelbeek - Ontwikkelperspectief\"","dc_type":"2c","dc_type_description":"Vergaderstuk decentrale overheid","foi_fairiscoreVersions":{"v1":1,"v2":1},"foi_files":[{"dc_format":"application/octet-stream","dc_identifier":"nl.gm1954.2c.2025.2838332-6.doc.13","dc_source":"https://api1.ibabs.eu/publicdownload.aspx?site=Beekdaelen&id=9f653df6-2b58-42b9-81cf-e75e2c9bd006","dc_title":"B1 advies commissie","dc_type":"bijlage","foi_fileName":"B1%20advies%20commissie.mp3","foi_nrPages":1},{"dc_format":"application/octet-stream","dc_identifier":"nl.gm1954.2c.2025.2838332-6.doc.9","dc_source":"https://api1.ibabs.eu/publicdownload.aspx?site=Beekdaelen&id=5dfb3801-3304-4929-aeb4-05ffab2f683b","dc_title":"B1 beantwoording eerste termijn","dc_type":"bijlage","foi_fileName":"B1%20beantwoording%20eerste%20termijn.mp3","foi_nrPages":1},{"dc_format":"application/octet-stream","dc_identifier":"nl.gm1954.2c.2025.2838332-6.doc.11","dc_source":"https://api1.ibabs.eu/publicdownload.aspx?site=Beekdaelen&id=991dcff6-4ecd-4936-9f49-b340a6bdf524","dc_title":"B1 beantwoording tweede termijn I","dc_type":"bijlage","foi_fileName":"B1%20beantwoording%20tweede%20termijn%20I.mp3","foi_nrPages":1},{"dc_format":"application/octet-stream","dc_identifier":"nl.gm1954.2c.2025.2838332-6.doc.12","dc_source":"https://api1.ibabs.eu/publicdownload.aspx?site=Beekdaelen&id=c888e297-3ccb-492c-84f8-292bd33de289","dc_title":"B1 beantwoording tweede termijn II","dc_type":"bijlage","foi_fileName":"B1%20beantwoording%20tweede%20termijn%20II.mp3","foi_nrPages":1},{"dc_format":"application/octet-stream","dc_identifier":"nl.gm1954.2c.2025.2838332-6.doc.8","dc_source":"https://api1.ibabs.eu/publicdownload.aspx?site=Beekdaelen&id=51fe7f53-e560-4422-9821-03878fc696a1","dc_title":"B1 eerste termijn","dc_type":"bijlage","foi_fileName":"B1%20eerste%20termijn.mp3","foi_nrPages":1},{"dc_format":"application/octet-stream","dc_identifier":"nl.gm1954.2c.2025.2838332-6.doc.10","dc_source":"https://api1.ibabs.eu/publicdownload.aspx?site=Beekdaelen&id=1c8205aa-76fd-4dc4-9d8d-53fb3054b15f","dc_title":"B1 tweede termijn","dc_type":"bijlage","foi_fileName":"B1%20tweede%20termijn.mp3","foi_nrPages":1},{"dc_format":"application/pdf","dc_identifier":"nl.gm1954.2c.2025.2838332-6.doc.7","dc_source":"https://api1.ibabs.eu/publicdownload.aspx?site=Beekdaelen&id=597c03e3-935d-43a2-a181-cfa64eb69491","dc_title":"MvA Technische vragen BL FLO B1","dc_type":"bijlage","foi_fairiscoreVersions":{"v1":1,"v2":1},"foi_fileName":"MvA%20Technische%20vragen%20BL%20FLO%20B1.pdf","foi_nrPages":1},{"dc_format":"application/pdf","dc_identifier":"nl.gm1954.2c.2025.2838332-6.doc.6","dc_source":"https://api1.ibabs.eu/publicdownload.aspx?site=Beekdaelen&id=32c08988-4943-4455-a9b8-5b1f7a538db4","dc_title":"MvA Technische vragen Koll\u00e9e Rijkx FLO B1","dc_type":"bijlage","foi_fairiscoreVersions":{"v1":1,"v2":1},"foi_fileName":"MvA%20Technische%20vragen%20Koll%C3%A9e%20Rijkx%20FLO%20B1.pdf","foi_nrPages":1},{"dc_format":"application/pdf","dc_identifier":"nl.gm1954.2c.2025.2838332-6.doc.5","dc_source":"https://api1.ibabs.eu/publicdownload.aspx?site=Beekdaelen&id=094fc9c6-f005-4635-8405-633e5c07de76","dc_title":"MvA Technische vragen PvdA FLO B1","dc_type":"bijlage","foi_fairiscoreVersions":{"v1":1,"v2":1},"foi_fileName":"MvA%20Technische%20vragen%20PvdA%20FLO%20B1.pdf","foi_nrPages":1},{"dc_format":"application/pdf","dc_identifier":"nl.gm1954.2c.2025.2838332-6.doc.4","dc_source":"https://api1.ibabs.eu/publicdownload.aspx?site=Beekdaelen&id=7e102ed8-4764-493f-ab7c-ee9405ffce67","dc_title":"MvA Technische vragen VG FLO B1","dc_type":"bijlage","foi_fairiscoreVersions":{"v1":1,"v2":1},"foi_fileName":"MvA%20Technische%20vragen%20VG%20FLO%20B1.pdf","foi_nrPages":2},{"dc_format":"application/pdf","dc_identifier":"nl.gm1954.2c.2025.2838332-6.doc.1","dc_source":"https://api1.ibabs.eu/publicdownload.aspx?site=Beekdaelen&id=a0f4b421-97df-43be-afff-216d23a7ee99","dc_title":"Raadsvoorstel inzake Maatschappelijk hart Merkelbeek - Ontwikkelperspectief","dc_type":"bijlage","foi_fairiscoreVersions":{"v1":1,"v2":1},"foi_fileName":"Z%2F24%2F211277%20-%20380613%20-%20Raadsvoorstel%3A%20Maatschappelijk%20hart%20Merkelbeek%20inclusief%20Integraal%20Kindcentrum%20-%20Ontwikkelperspectief.pdf","foi_nrPages":7},{"dc_format":"application/pdf","dc_identifier":"nl.gm1954.2c.2025.2838332-6.doc.2","dc_source":"https://api1.ibabs.eu/publicdownload.aspx?site=Beekdaelen&id=fd73ef89-37f0-44ed-9769-a74d2899875c","dc_title":"Raadsbesluit inzake Maatschappelijk hart Merkelbeek - Ontwikkelperspectief - vastgesteld 11-03-2025","dc_type":"bijlage","foi_fairiscoreVersions":{"v1":1,"v2":1},"foi_fileName":"Z%2F24%2F211277%20-%20380614%20-%20Raadsbesluit%3A%20Maatschappelijk%20hart%20Merkelbeek%20-%20Ontwikkelperspectief.pdf","foi_nrPages":1},{"dc_format":"application/pdf","dc_identifier":"nl.gm1954.2c.2025.2838332-6.doc.3","dc_source":"https://api1.ibabs.eu/publicdownload.aspx?site=Beekdaelen&id=4012069f-7741-4255-b540-af0f7d5d1aa5","dc_title":"Bijlage: Begrotingsvoorstel 3.3 verhoging opstartkrediet IKC Merkelbeek","dc_type":"bijlage","foi_fairiscoreVersions":{"v1":1,"v2":1},"foi_fileName":"Z%2F24%2F211277%20-%20381214%20-%20Bijlage%205%3A%20Begrotingsvoorstel%203.pdf","foi_nrPages":1}],"foi_nrDocuments":13,"foi_nrPagesInDossier":20,"foi_publishedDate":"2025-02-20","foi_retrievedDate":"2026-03-09"},{"dc_creator":"HandelingScraper_v1","dc_date_year":2025,"dc_description":"Vergadering van de Gemeente Beekdaelen op 2025-02-20. Onderdeel: Raadsvoorstel inzake: \"aanvulling budget startersleningen 2025\".","dc_identifier":"nl.gm1954.2c.2025.2838332-7","dc_publisher":"gm1954","dc_source":"https://beekdaelen.bestuurlijkeinformatie.nl/Agenda/Index/5efeecde-5676-4fc9-a3cb-3b1c931de590","dc_title":"Raadscommissie Fysieke Leefomgeving 2025-02-20 - Raadsvoorstel inzake: \"aanvulling budget startersleningen 2025\"","dc_type":"2c","dc_type_description":"Vergaderstuk decentrale overheid","foi_fairiscoreVersions":{"v1":1,"v2":1},"foi_files":[{"dc_format":"application/octet-stream","dc_identifier":"nl.gm1954.2c.2025.2838332-7.doc.10","dc_source":"https://api1.ibabs.eu/publicdownload.aspx?site=Beekdaelen&id=8a5a89c8-01df-40b7-bd3e-8a9b1b314085","dc_title":"B2 advies commissie en rondvraag en sluiting","dc_type":"bijlage","foi_fileName":"B2%20advies%20commissie%20en%20rondvraag%20en%20sluiting.mp3"},{"dc_format":"application/octet-stream","dc_identifier":"nl.gm1954.2c.2025.2838332-7.doc.7","dc_source":"https://api1.ibabs.eu/publicdownload.aspx?site=Beekdaelen&id=1121b5b2-61e4-4409-8a06-a58a6e73ad12","dc_title":"B2 beantwoording eerste termijn","dc_type":"bijlage","foi_fileName":"B2%20beantwoording%20eerste%20termijn.mp3"},{"dc_format":"application/octet-stream","dc_identifier":"nl.gm1954.2c.2025.2838332-7.doc.9","dc_source":"https://api1.ibabs.eu/publicdownload.aspx?site=Beekdaelen&id=cdd3d0dd-3c80-4ec7-bd34-84ac99b6e546","dc_title":"B2 beantwoording tweede termijn","dc_type":"bijlage","foi_fileName":"B2%20beantwoording%20tweede%20termijn.mp3"},{"dc_format":"application/octet-stream","dc_identifier":"nl.gm1954.2c.2025.2838332-7.doc.6","dc_source":"https://api1.ibabs.eu/publicdownload.aspx?site=Beekdaelen&id=a7cfecb3-2056-4295-936f-d7906fb85e1e","dc_title":"B2 eerste termijn","dc_type":"bijlage","foi_fileName":"B2%20eerste%20termijn.mp3"},{"dc_format":"application/octet-stream","dc_identifier":"nl.gm1954.2c.2025.2838332-7.doc.8","dc_source":"https://api1.ibabs.eu/publicdownload.aspx?site=Beekdaelen&id=fed8b2e4-2ccc-42cf-b9f3-dccb4f7c4ae0","dc_title":"B2 tweede termijn","dc_type":"bijlage","foi_fileName":"B2%20tweede%20termijn.mp3"},{"dc_format":"application/pdf","dc_identifier":"nl.gm1954.2c.2025.2838332-7.doc.5","dc_source":"https://api1.ibabs.eu/publicdownload.aspx?site=Beekdaelen&id=80fa9ca3-011b-4a73-a5c5-a2dbf229a660","dc_title":"MvA Technische vragen BL FLO B2","dc_type":"bijlage","foi_fairiscoreVersions":{"v1":1,"v2":1},"foi_fileName":"MvA%20Technische%20vragen%20BL%20FLO%20B2.pdf","foi_nrPages":1},{"dc_format":"application/pdf","dc_identifier":"nl.gm1954.2c.2025.2838332-7.doc.4","dc_source":"https://api1.ibabs.eu/publicdownload.aspx?site=Beekdaelen&id=28d47811-8662-4b4b-89fa-a3bfeaa157c2","dc_title":"MvA Technische vragen Koll\u00e9e Rijkx FLO B2","dc_type":"bijlage","foi_fairiscoreVersions":{"v1":1,"v2":1},"foi_fileName":"MvA%20Technische%20vragen%20Koll%C3%A9e%20Rijkx%20FLO%20B2.pdf","foi_nrPages":1},{"dc_format":"application/pdf","dc_identifier":"nl.gm1954.2c.2025.2838332-7.doc.1","dc_source":"https://api1.ibabs.eu/publicdownload.aspx?site=Beekdaelen&id=c12fa257-c2fa-46f3-907e-de9f897568c4","dc_title":"Raadsvoorstel inzake verzoek aanvulling budget startersleningen 2025","dc_type":"bijlage","foi_fairiscoreVersions":{"v1":1,"v2":1},"foi_fileName":"Z%2F25%2F212166%20-%20380480.pdf","foi_nrPages":2},{"dc_format":"application/pdf","dc_identifier":"nl.gm1954.2c.2025.2838332-7.doc.2","dc_source":"https://api1.ibabs.eu/publicdownload.aspx?site=Beekdaelen&id=944ef023-931c-48fa-8d15-84ec2efca4e4","dc_title":"Raadsbesluit inzake verzoek aanvulling budget startersleningen 2025 - vastgesteld 11-03-2025","dc_type":"bijlage","foi_fairiscoreVersions":{"v1":1,"v2":1},"foi_fileName":"Z%2F25%2F212166%20-%20380552%20-%20Raadsbesluit%20verzoek%20aanvulling%20budget%20startersleningen%202025.pdf","foi_nrPages":1},{"dc_format":"application/pdf","dc_identifier":"nl.gm1954.2c.2025.2838332-7.doc.3","dc_source":"https://api1.ibabs.eu/publicdownload.aspx?site=Beekdaelen&id=da2610e1-98d7-437b-8977-36a1e16c0bac","dc_title":"Begrotingswijziging 3.1/2025","dc_type":"bijlage","foi_fairiscoreVersions":{"v1":1,"v2":1},"foi_fileName":"Z%2F25%2F212166%20-%20380996.pdf","foi_nrPages":1}],"foi_nrDocuments":10,"foi_nrPagesInDossier":6,"foi_publishedDate":"2025-02-20","foi_retrievedDate":"2026-02-05"},{"dc_creator":"HandelingScraper_v1","dc_date_year":2025,"dc_description":"Vergadering van de Gemeente Beekdaelen op 2025-02-20. Onderdeel: Rondvraag Fysieke Leefomgeving.","dc_identifier":"nl.gm1954.2c.2025.2838332-8","dc_publisher":"gm1954","dc_source":"https://beekdaelen.bestuurlijkeinformatie.nl/Agenda/Index/5efeecde-5676-4fc9-a3cb-3b1c931de590","dc_title":"Raadscommissie Fysieke Leefomgeving 2025-02-20 - Rondvraag Fysieke Leefomgeving","dc_type":"2c","dc_type_description":"Vergaderstuk decentrale overheid","foi_fairiscoreVersions":{"v1":1,"v2":1},"foi_files":[{"dc_format":"application/pdf","dc_identifier":"nl.gm1954.2c.2025.2838332-8.doc.1","dc_source":"https://api1.ibabs.eu/publicdownload.aspx?site=Beekdaelen&id=e363d518-4a10-4e3a-b381-64dc9fe00c2d","dc_title":"MvA technische vragen VVD FLO C","dc_type":"bijlage","foi_fairiscoreVersions":{"v1":1,"v2":1},"foi_fileName":"MvA%20technische%20vragen%20VVD%20FLO%20C.pdf","foi_nrPages":2}],"foi_nrDocuments":1,"foi_nrPagesInDossier":2,"foi_publishedDate":"2025-02-20","foi_retrievedDate":"2026-03-04"},{"dc_creator":"HandelingScraper_v1","dc_date_year":2025,"dc_description":"Vergadering van de Gemeente Beekdaelen op 2025-02-25. Onderdeel: Algemeen.","dc_identifier":"nl.gm1954.2c.2025.2838377-1","dc_publisher":"gm1954","dc_source":"https://beekdaelen.bestuurlijkeinformatie.nl/Agenda/Index/dc64fc47-1805-493d-92ce-1c436d32e8a8","dc_title":"Raadscommissie Sociale Leefomgeving 2025-02-25 - Algemeen","dc_type":"2c","dc_type_description":"Vergaderstuk decentrale overheid","foi_fairiscoreVersions":{"v1":1,"v2":1},"foi_files":[{"dc_format":"application/pdf","dc_identifier":"nl.gm1954.2c.2025.2838377-1.doc.5","dc_source":"https://api1.ibabs.eu/publicdownload.aspx?site=Beekdaelen&id=d95d19cc-c15f-48d7-bf0d-64fec59bcf5a","dc_title":"Technische vragen BL cie SLO B1 en B2","dc_type":"bijlage","foi_fairiscoreVersions":{"v1":1,"v2":1},"foi_fileName":"Technische%20vragen%20BL%20cie%20SLO%20B1%20en%20B2.pdf","foi_nrPages":1},{"dc_format":"application/pdf","dc_identifier":"nl.gm1954.2c.2025.2838377-1.doc.1","dc_source":"https://api1.ibabs.eu/publicdownload.aspx?site=Beekdaelen&id=f9945592-81d4-4333-b705-ff1798832a9f","dc_title":"Technische vragen CDA cie SLO B1 en B2","dc_type":"bijlage","foi_fairiscoreVersions":{"v1":1,"v2":1},"foi_fileName":"Technische%20vragen%20CDA%20cie%20SLO%20B1%20en%20B2.pdf","foi_nrPages":4},{"dc_format":"application/pdf","dc_identifier":"nl.gm1954.2c.2025.2838377-1.doc.4","dc_source":"https://api1.ibabs.eu/publicdownload.aspx?site=Beekdaelen&id=1c21c443-4a93-4f89-af22-2ef00bcc5b17","dc_title":"Technische vragen Koll\u00e9e Rijkx cie SLO B1 en B2","dc_type":"bijlage","foi_fairiscoreVersions":{"v1":1,"v2":1},"foi_fileName":"Technische%20vragen%20Koll%C3%A9e%20Rijkx%20cie%20SLO%20B1%20en%20B2.pdf","foi_nrPages":1},{"dc_format":"application/pdf","dc_identifier":"nl.gm1954.2c.2025.2838377-1.doc.2","dc_source":"https://api1.ibabs.eu/publicdownload.aspx?site=Beekdaelen&id=c6bab9e2-8b1c-476e-91e5-ef83dfc29c23","dc_title":"Technische vragen PvdA cie SLO B2","dc_type":"bijlage","foi_fairiscoreVersions":{"v1":1,"v2":1},"foi_fileName":"Technische%20vragen%20PvdA%20cie%20SLO%20B2.pdf","foi_nrPages":1},{"dc_format":"application/pdf","dc_identifier":"nl.gm1954.2c.2025.2838377-1.doc.3","dc_source":"https://api1.ibabs.eu/publicdownload.aspx?site=Beekdaelen&id=a33bfd89-202d-41b5-9bae-4a3de404cdc2","dc_title":"Technische vragen VVD cie SLO B2","dc_type":"bijlage","foi_fairiscoreVersions":{"v1":1,"v2":1},"foi_fileName":"Technische%20vragen%20VVD%20cie%20SLO%20B2.pdf","foi_nrPages":1}],"foi_nrDocuments":5,"foi_nrPagesInDossier":8,"foi_publishedDate":"2025-02-25","foi_retrievedDate":"2025-11-30"},{"dc_creator":"HandelingScraper_v1","dc_date_year":2025,"dc_description":"Vergadering van de Gemeente Beekdaelen op 2025-02-25. Onderdeel: Opening, mededelingen voorzitter en vaststellen agenda..","dc_identifier":"nl.gm1954.2c.2025.2838377-2","dc_publisher":"gm1954","dc_source":"https://beekdaelen.bestuurlijkeinformatie.nl/Agenda/Index/dc64fc47-1805-493d-92ce-1c436d32e8a8","dc_title":"Raadscommissie Sociale Leefomgeving 2025-02-25 - Opening, mededelingen voorzitter en vaststellen agenda.","dc_type":"2c","dc_type_description":"Vergaderstuk decentrale overheid","foi_fairiscoreVersions":{"v1":1,"v2":1},"foi_files":[{"dc_format":"application/octet-stream","dc_identifier":"nl.gm1954.2c.2025.2838377-2.doc.2","dc_source":"https://api1.ibabs.eu/publicdownload.aspx?site=Beekdaelen&id=a405aa28-63b7-4f52-bcdc-136e837ef823","dc_title":"A1 tm A3","dc_type":"bijlage","foi_fileName":"A1%20tm%20A3.mp3"},{"dc_format":"application/pdf","dc_identifier":"nl.gm1954.2c.2025.2838377-2.doc.1","dc_source":"https://api1.ibabs.eu/publicdownload.aspx?site=Beekdaelen&id=3ab779b6-f4fc-4280-86dc-8ee94a3e46f1","dc_title":"Uitnodiging en voorlopige agenda cie. SLO 25022025","dc_type":"bijlage","foi_fairiscoreVersions":{"v1":1,"v2":1},"foi_fileName":"Uitnodiging%20en%20voorlopige%20agenda%20cie.pdf","foi_nrPages":1}],"foi_nrDocuments":2,"foi_nrPagesInDossier":1,"foi_publishedDate":"2025-02-25","foi_retrievedDate":"2026-03-01"},{"dc_creator":"HandelingScraper_v1","dc_date_year":2025,"dc_description":"Vergadering van de Gemeente Beekdaelen op 2025-02-25. Onderdeel: Spreekrecht burgers..","dc_identifier":"nl.gm1954.2c.2025.2838377-3","dc_publisher":"gm1954","dc_source":"https://beekdaelen.bestuurlijkeinformatie.nl/Agenda/Index/dc64fc47-1805-493d-92ce-1c436d32e8a8","dc_title":"Raadscommissie Sociale Leefomgeving 2025-02-25 - Spreekrecht burgers.","dc_type":"2c","dc_type_description":"Vergaderstuk decentrale overheid","foi_fairiscoreVersions":{"v1":null,"v2":null},"foi_files":[{"dc_format":"application/octet-stream","dc_identifier":"nl.gm1954.2c.2025.2838377-3.doc.1","dc_source":"https://api1.ibabs.eu/publicdownload.aspx?site=Beekdaelen&id=de111cac-3647-4751-97e4-89b25c6d0432","dc_title":"A1 tm A3","dc_type":"bijlage","foi_fileName":"A1%20tm%20A3.mp3","foi_nrPages":1}],"foi_nrDocuments":1,"foi_nrPagesInDossier":1,"foi_publishedDate":"2025-02-25","foi_retrievedDate":"2026-03-04"},{"dc_creator":"HandelingScraper_v1","dc_date_year":2025,"dc_description":"Vergadering van de Gemeente Beekdaelen op 2025-02-25. Onderdeel: Raadsvoorstel inzake: Toekomstvisie wonen, welzijn en zorg Parkstad Limburg.","dc_identifier":"nl.gm1954.2c.2025.2838377-4","dc_publisher":"gm1954","dc_source":"https://beekdaelen.bestuurlijkeinformatie.nl/Agenda/Index/dc64fc47-1805-493d-92ce-1c436d32e8a8","dc_title":"Raadscommissie Sociale Leefomgeving 2025-02-25 - Raadsvoorstel inzake: Toekomstvisie wonen, welzijn en zorg Parkstad Limburg","dc_type":"2c","dc_type_description":"Vergaderstuk decentrale overheid","foi_fairiscoreVersions":{"v1":2,"v2":2},"foi_files":[{"dc_format":"application/octet-stream","dc_identifier":"nl.gm1954.2c.2025.2838377-4.doc.13","dc_source":"https://api1.ibabs.eu/publicdownload.aspx?site=Beekdaelen&id=12d5dd5d-a696-415e-b386-d94aae80573e","dc_title":"B1 advies commissie","dc_type":"bijlage","foi_fileName":"B1%20advies%20commissie.mp3","foi_nrPages":1},{"dc_format":"application/octet-stream","dc_identifier":"nl.gm1954.2c.2025.2838377-4.doc.10","dc_source":"https://api1.ibabs.eu/publicdownload.aspx?site=Beekdaelen&id=b386ebb1-5238-4019-b209-944df81a6719","dc_title":"B1 beantwoording eerste termijn","dc_type":"bijlage","foi_fileName":"B1%20beantwoording%20eerste%20termijn.mp3","foi_nrPages":1},{"dc_format":"application/octet-stream","dc_identifier":"nl.gm1954.2c.2025.2838377-4.doc.12","dc_source":"https://api1.ibabs.eu/publicdownload.aspx?site=Beekdaelen&id=4180be94-956b-4ad4-be6f-45ea58ecfc10","dc_title":"B1 beantwoording tweede termijn","dc_type":"bijlage","foi_fileName":"B1%20beantwoording%20tweede%20termijn.mp3","foi_nrPages":1},{"dc_format":"application/octet-stream","dc_identifier":"nl.gm1954.2c.2025.2838377-4.doc.9","dc_source":"https://api1.ibabs.eu/publicdownload.aspx?site=Beekdaelen&id=3a0d97dc-0657-4847-a801-6ca3e4202ea2","dc_title":"B1 eerste termijn","dc_type":"bijlage","foi_fileName":"B1%20eerste%20termijn.mp3","foi_nrPages":1},{"dc_format":"application/octet-stream","dc_identifier":"nl.gm1954.2c.2025.2838377-4.doc.11","dc_source":"https://api1.ibabs.eu/publicdownload.aspx?site=Beekdaelen&id=cb4aca06-a31d-4312-b3ba-f37785f1856e","dc_title":"B1 tweede termijn","dc_type":"bijlage","foi_fileName":"B1%20tweede%20termijn.mp3","foi_nrPages":1},{"dc_format":"application/pdf","dc_identifier":"nl.gm1954.2c.2025.2838377-4.doc.1","dc_source":"https://api1.ibabs.eu/publicdownload.aspx?site=Beekdaelen&id=ec850b44-895c-46a8-a6de-052d035fdfee","dc_title":"Raadsvoorstel inzake Toekomstvisie Wonen, Welzijn en Zorg PSL","dc_type":"bijlage","foi_fairiscoreVersions":{"v1":1,"v2":1},"foi_fileName":"Bijlage%201.pdf","foi_nrPages":6},{"dc_format":"application/pdf","dc_identifier":"nl.gm1954.2c.2025.2838377-4.doc.5","dc_source":"https://api1.ibabs.eu/publicdownload.aspx?site=Beekdaelen&id=7d947ccf-8d08-415c-9685-345c5396914b","dc_title":"Raadsbesluit inzake Toekomstvisie Wonen, Welzijn en Zorg PSL - vastgesteld 11-03-2025","dc_type":"bijlage","foi_fairiscoreVersions":{"v1":1,"v2":1},"foi_fileName":"Bijlage%202.pdf","foi_nrPages":1},{"dc_format":"application/pdf","dc_identifier":"nl.gm1954.2c.2025.2838377-4.doc.2","dc_source":"https://api1.ibabs.eu/publicdownload.aspx?site=Beekdaelen&id=2d3658cb-4541-4bab-b686-d27a2a0f25ad","dc_title":"Bijlage: Toekomstvisie Wonen, Welzijn en Zorg PSL","dc_type":"bijlage","foi_fairiscoreVersions":{"v1":2,"v2":1},"foi_fileName":"Bijlage%203.pdf","foi_nrPages":51},{"dc_format":"application/pdf","dc_identifier":"nl.gm1954.2c.2025.2838377-4.doc.3","dc_source":"https://api1.ibabs.eu/publicdownload.aspx?site=Beekdaelen&id=96b5c5b4-8f38-4dc1-b433-32e07328b9d2","dc_title":"Bijlage: Rapportage Companen woonzorganalyse PSL","dc_type":"bijlage","foi_fairiscoreVersions":{"v1":2,"v2":1},"foi_fileName":"Bijlage%204.pdf","foi_nrPages":89},{"dc_format":"application/pdf","dc_identifier":"nl.gm1954.2c.2025.2838377-4.doc.4","dc_source":"https://api1.ibabs.eu/publicdownload.aspx?site=Beekdaelen&id=9f155985-ce20-40b8-84f0-26e9d1eb4a23","dc_title":"Bijlage: Concept Analyse Veerkrachtkaarten PSL","dc_type":"bijlage","foi_fairiscoreVersions":{"v1":2,"v2":2},"foi_fileName":"Bijlage%205.pdf","foi_nrPages":26},{"dc_format":"application/pdf","dc_identifier":"nl.gm1954.2c.2025.2838377-4.doc.8","dc_source":"https://api1.ibabs.eu/publicdownload.aspx?site=Beekdaelen&id=b185b0de-1939-40ed-8e29-af2caf918fe3","dc_title":"MvA technische vragen SLO BL B1","dc_type":"bijlage","foi_fairiscoreVersions":{"v1":1,"v2":1},"foi_fileName":"MvA%20technische%20vragen%20SLO%20BL%20B1.pdf","foi_nrPages":3},{"dc_format":"application/pdf","dc_identifier":"nl.gm1954.2c.2025.2838377-4.doc.7","dc_source":"https://api1.ibabs.eu/publicdownload.aspx?site=Beekdaelen&id=7066a982-d761-4bb3-b860-1d0501a11fdb","dc_title":"MvA technische vragen SLO CDA B1","dc_type":"bijlage","foi_fairiscoreVersions":{"v1":1,"v2":1},"foi_fileName":"MvA%20technische%20vragen%20SLO%20CDA%20B1.pdf","foi_nrPages":3},{"dc_format":"application/pdf","dc_identifier":"nl.gm1954.2c.2025.2838377-4.doc.6","dc_source":"https://api1.ibabs.eu/publicdownload.aspx?site=Beekdaelen&id=7ea63b15-572a-42a7-8a64-691aefef412e","dc_title":"MvA technische vragen SLO Koll\u00e9e Rijkx B1","dc_type":"bijlage","foi_fairiscoreVersions":{"v1":1,"v2":1},"foi_fileName":"MvA%20technische%20vragen%20SLO%20Koll%C3%A9e%20Rijkx%20B1.pdf","foi_nrPages":2}],"foi_nrDocuments":13,"foi_nrPagesInDossier":186,"foi_publishedDate":"2025-02-25","foi_retrievedDate":"2026-03-04"},{"dc_creator":"HandelingScraper_v1","dc_date_year":2025,"dc_description":"Vergadering van de Gemeente Beekdaelen op 2025-02-25. Onderdeel: Raadsvoorstel inzake: Visie Sociaal domein 2025 - 2028.","dc_identifier":"nl.gm1954.2c.2025.2838377-5","dc_publisher":"gm1954","dc_source":"https://beekdaelen.bestuurlijkeinformatie.nl/Agenda/Index/dc64fc47-1805-493d-92ce-1c436d32e8a8","dc_title":"Raadscommissie Sociale Leefomgeving 2025-02-25 - Raadsvoorstel inzake: Visie Sociaal domein 2025 - 2028","dc_type":"2c","dc_type_description":"Vergaderstuk decentrale overheid","foi_fairiscoreVersions":{"v1":2,"v2":2},"foi_files":[{"dc_format":"application/octet-stream","dc_identifier":"nl.gm1954.2c.2025.2838377-5.doc.14","dc_source":"https://api1.ibabs.eu/publicdownload.aspx?site=Beekdaelen&id=bfc2ab36-7647-4aff-b81c-e9771da0c2f6","dc_title":"B2 advies commissie","dc_type":"bijlage","foi_fileName":"B2%20advies%20commissie.mp3"},{"dc_format":"application/octet-stream","dc_identifier":"nl.gm1954.2c.2025.2838377-5.doc.11","dc_source":"https://api1.ibabs.eu/publicdownload.aspx?site=Beekdaelen&id=4364c507-d86f-4e47-a852-dd98ac2df70a","dc_title":"B2 beantwoording eerste termijn","dc_type":"bijlage","foi_fileName":"B2%20beantwoording%20eerste%20termijn.mp3"},{"dc_format":"application/octet-stream","dc_identifier":"nl.gm1954.2c.2025.2838377-5.doc.13","dc_source":"https://api1.ibabs.eu/publicdownload.aspx?site=Beekdaelen&id=1956c8b0-efd0-4436-982d-87839ddfd284","dc_title":"B2 beantwoording tweede termijn","dc_type":"bijlage","foi_fileName":"B2%20beantwoording%20tweede%20termijn.mp3"},{"dc_format":"application/octet-stream","dc_identifier":"nl.gm1954.2c.2025.2838377-5.doc.10","dc_source":"https://api1.ibabs.eu/publicdownload.aspx?site=Beekdaelen&id=6cbe1cd1-b1b8-44be-8cc0-e27902d52b79","dc_title":"B2 eerste termijn","dc_type":"bijlage","foi_fileName":"B2%20eerste%20termijn.mp3"},{"dc_format":"application/octet-stream","dc_identifier":"nl.gm1954.2c.2025.2838377-5.doc.12","dc_source":"https://api1.ibabs.eu/publicdownload.aspx?site=Beekdaelen&id=dc6155b0-1305-4dd9-b930-093cdfa6cbb9","dc_title":"B2 tweede termijn","dc_type":"bijlage","foi_fileName":"B2%20tweede%20termijn.mp3"},{"dc_format":"application/pdf","dc_identifier":"nl.gm1954.2c.2025.2838377-5.doc.5","dc_source":"https://api1.ibabs.eu/publicdownload.aspx?site=Beekdaelen&id=b672fa73-0f3c-47c1-afd3-cbca54c7906a","dc_title":"MvA technische vragen SLO BL B2","dc_type":"bijlage","foi_fairiscoreVersions":{"v1":1,"v2":1},"foi_fileName":"MvA%20technische%20vragen%20SLO%20BL%20B2.pdf","foi_nrPages":2},{"dc_format":"application/pdf","dc_identifier":"nl.gm1954.2c.2025.2838377-5.doc.6","dc_source":"https://api1.ibabs.eu/publicdownload.aspx?site=Beekdaelen&id=cd94c8c6-7a53-480e-88bc-2679b9164e64","dc_title":"MvA technische vragen SLO CDA B2","dc_type":"bijlage","foi_fairiscoreVersions":{"v1":1,"v2":1},"foi_fileName":"MvA%20technische%20vragen%20SLO%20CDA%20B2.pdf","foi_nrPages":6},{"dc_format":"application/pdf","dc_identifier":"nl.gm1954.2c.2025.2838377-5.doc.7","dc_source":"https://api1.ibabs.eu/publicdownload.aspx?site=Beekdaelen&id=0c92c741-f745-4905-bd61-dfab35e6a74d","dc_title":"MvA technische vragen SLO Koll\u00e9e Rijkx B2","dc_type":"bijlage","foi_fairiscoreVersions":{"v1":1,"v2":1},"foi_fileName":"MvA%20technische%20vragen%20SLO%20Koll%C3%A9e%20Rijkx%20B2.pdf","foi_nrPages":1},{"dc_format":"application/pdf","dc_identifier":"nl.gm1954.2c.2025.2838377-5.doc.8","dc_source":"https://api1.ibabs.eu/publicdownload.aspx?site=Beekdaelen&id=0f0011d2-01f7-43ab-856f-b12b76efab0f","dc_title":"MvA technische vragen SLO PvdA B2","dc_type":"bijlage","foi_fairiscoreVersions":{"v1":1,"v2":1},"foi_fileName":"MvA%20technische%20vragen%20SLO%20PvdA%20B2.pdf","foi_nrPages":2},{"dc_format":"application/pdf","dc_identifier":"nl.gm1954.2c.2025.2838377-5.doc.9","dc_source":"https://api1.ibabs.eu/publicdownload.aspx?site=Beekdaelen&id=b00c98b9-c9fb-4a6b-85f9-2c2ba79392d3","dc_title":"MvA technische vragen SLO VVD B2","dc_type":"bijlage","foi_fairiscoreVersions":{"v1":1,"v2":1},"foi_fileName":"MvA%20technische%20vragen%20SLO%20VVD%20B2.pdf","foi_nrPages":3},{"dc_format":"application/pdf","dc_identifier":"nl.gm1954.2c.2025.2838377-5.doc.1","dc_source":"https://api1.ibabs.eu/publicdownload.aspx?site=Beekdaelen&id=c791d0cd-95e4-4f89-accc-f1840bcf9adb","dc_title":"Raadsvoorstel inzake Visie Sociaal domein 2025 - 2028","dc_type":"bijlage","foi_fairiscoreVersions":{"v1":1,"v2":1},"foi_fileName":"Raadsvoorstel%20Sociaal%20domein%202025-2028.pdf","foi_nrPages":4},{"dc_format":"application/pdf","dc_identifier":"nl.gm1954.2c.2025.2838377-5.doc.4","dc_source":"https://api1.ibabs.eu/publicdownload.aspx?site=Beekdaelen&id=54e74911-0a6a-4032-a6cf-261e7bf348fa","dc_title":"Bijlage: Advies Adviesraad sociaal domein Beekdaelen","dc_type":"bijlage","foi_fairiscoreVersions":{"v1":1,"v2":1},"foi_fileName":"Z%2F25%2F212346%20-%20381080%20-%20Advies%20Adviesraad%20sociaal%20domein%20Beekdaelen.pdf","foi_nrPages":1},{"dc_format":"application/pdf","dc_identifier":"nl.gm1954.2c.2025.2838377-5.doc.2","dc_source":"https://api1.ibabs.eu/publicdownload.aspx?site=Beekdaelen&id=e5d663de-3335-4b63-8407-b6732865f01c","dc_title":"Raadsbesluit inzake Visie sociaal domein 2025 - 2028 - vastgesteld 11-03-2025","dc_type":"bijlage","foi_fairiscoreVersions":{"v1":1,"v2":1},"foi_fileName":"Z%2F25%2F212346%20-%20381089%20-%20Raadsbesluit%20Visie%20sociaal%20domein%202025%20-%202028.pdf","foi_nrPages":1},{"dc_format":"application/pdf","dc_identifier":"nl.gm1954.2c.2025.2838377-5.doc.3","dc_source":"https://api1.ibabs.eu/publicdownload.aspx?site=Beekdaelen&id=956b2583-fe98-45b3-8c19-47b2bcba7194","dc_title":"Bijlage: Visie Sociaal domein 2025 - 2028","dc_type":"bijlage","foi_fairiscoreVersions":{"v1":2,"v2":2},"foi_fileName":"Z%2F25%2F212346%20-%20381394%20-.pdf","foi_nrPages":27}],"foi_nrDocuments":14,"foi_nrPagesInDossier":47,"foi_publishedDate":"2025-02-25","foi_retrievedDate":"2025-11-30"},{"dc_creator":"HandelingScraper_v1","dc_date_year":2025,"dc_description":"Vergadering van de Gemeente Beekdaelen op 2025-02-25. Onderdeel: Rondvraag Sociale Leefomgeving.","dc_identifier":"nl.gm1954.2c.2025.2838377-6","dc_publisher":"gm1954","dc_source":"https://beekdaelen.bestuurlijkeinformatie.nl/Agenda/Index/dc64fc47-1805-493d-92ce-1c436d32e8a8","dc_title":"Raadscommissie Sociale Leefomgeving 2025-02-25 - Rondvraag Sociale Leefomgeving","dc_type":"2c","dc_type_description":"Vergaderstuk decentrale overheid","foi_fairiscoreVersions":{"v1":null,"v2":null},"foi_files":[{"dc_format":"application/octet-stream","dc_identifier":"nl.gm1954.2c.2025.2838377-6.doc.1","dc_source":"https://api1.ibabs.eu/publicdownload.aspx?site=Beekdaelen&id=a321b136-7a55-44d8-b1c6-2c48bbb58025","dc_title":"C en D rondvraag en sluiting","dc_type":"bijlage","foi_fileName":"C%20en%20D%20rondvraag%20en%20sluiting.mp3"}],"foi_nrDocuments":1,"foi_nrPagesInDossier":0,"foi_publishedDate":"2025-02-25","foi_retrievedDate":"2026-03-02"},{"dc_creator":"HandelingScraper_v1","dc_date_year":2025,"dc_description":"Vergadering van de Gemeente Beekdaelen op 2025-03-11. Onderdeel: Opening.","dc_identifier":"nl.gm1954.2c.2025.2838421-1","dc_publisher":"gm1954","dc_source":"https://beekdaelen.bestuurlijkeinformatie.nl/Agenda/Index/20400ad7-b3de-4cd7-8c29-6aef7a108f66","dc_title":"Raadsvergadering 2025-03-11 - Opening","dc_type":"2c","dc_type_description":"Vergaderstuk decentrale overheid","foi_fairiscoreVersions":{"v1":1,"v2":1},"foi_files":[{"dc_format":"application/pdf","dc_identifier":"nl.gm1954.2c.2025.2838421-1.doc.1","dc_source":"https://api1.ibabs.eu/publicdownload.aspx?site=Beekdaelen&id=6c988c7d-6b26-4f06-b7b7-2c474cc7ab17","dc_title":"Uitnodiging en voorlopige agenda raadsvergadering 11 maart 2025","dc_type":"bijlage","foi_fairiscoreVersions":{"v1":1,"v2":1},"foi_fileName":"Uitnodiging%20en%20voorlopige%20agenda%20raadsvergadering%2011%20maart%202025.pdf","foi_nrPages":2}],"foi_nrDocuments":1,"foi_nrPagesInDossier":2,"foi_publishedDate":"2025-03-11","foi_retrievedDate":"2026-01-22"},{"dc_creator":"HandelingScraper_v1","dc_date_year":2025,"dc_description":"Vergadering van de Gemeente Beekdaelen op 2025-03-11. Onderdeel: Vaststellen besluitenlijst openbare raadsvergadering d.d. 4 februari 2025.","dc_identifier":"nl.gm1954.2c.2025.2838421-2","dc_publisher":"gm1954","dc_source":"https://beekdaelen.bestuurlijkeinformatie.nl/Agenda/Index/20400ad7-b3de-4cd7-8c29-6aef7a108f66","dc_title":"Raadsvergadering 2025-03-11 - Vaststellen besluitenlijst openbare raadsvergadering d.d. 4 februari 2025","dc_type":"2c","dc_type_description":"Vergaderstuk decentrale overheid","foi_fairiscoreVersions":{"v1":1,"v2":1},"foi_files":[{"dc_format":"application/pdf","dc_identifier":"nl.gm1954.2c.2025.2838421-2.doc.1","dc_source":"https://api1.ibabs.eu/publicdownload.aspx?site=Beekdaelen&id=5ae26d80-defe-4608-a777-9e5f49a62c46","dc_title":"Besluitenlijst raadsvergadering 04022025 - vastgesteld 11-03-2025","dc_type":"bijlage","foi_fairiscoreVersions":{"v1":1,"v2":1},"foi_fileName":"Besluitenlijst%20raadsvergadering%2004022025.pdf","foi_nrPages":11}],"foi_nrDocuments":1,"foi_nrPagesInDossier":11,"foi_publishedDate":"2025-03-11","foi_retrievedDate":"2025-12-01"},{"dc_creator":"HandelingScraper_v1","dc_date_year":2025,"dc_description":"Vergadering van de Gemeente Beekdaelen op 2025-03-11. Onderdeel: Voorstel inzake Toekomstvisie wonen, welzijn en zorg Parkstad Limburg.","dc_identifier":"nl.gm1954.2c.2025.2838421-3","dc_publisher":"gm1954","dc_source":"https://beekdaelen.bestuurlijkeinformatie.nl/Agenda/Index/20400ad7-b3de-4cd7-8c29-6aef7a108f66","dc_title":"Raadsvergadering 2025-03-11 - Voorstel inzake Toekomstvisie wonen, welzijn en zorg Parkstad Limburg","dc_type":"2c","dc_type_description":"Vergaderstuk decentrale overheid","foi_fairiscoreVersions":{"v1":2,"v2":2},"foi_files":[{"dc_format":"application/pdf","dc_identifier":"nl.gm1954.2c.2025.2838421-3.doc.1","dc_source":"https://api1.ibabs.eu/publicdownload.aspx?site=Beekdaelen&id=ec850b44-895c-46a8-a6de-052d035fdfee","dc_title":"Raadsvoorstel inzake Toekomstvisie Wonen, Welzijn en Zorg PSL","dc_type":"bijlage","foi_fairiscoreVersions":{"v1":1,"v2":1},"foi_fileName":"Bijlage%201.pdf","foi_nrPages":6},{"dc_format":"application/pdf","dc_identifier":"nl.gm1954.2c.2025.2838421-3.doc.2","dc_source":"https://api1.ibabs.eu/publicdownload.aspx?site=Beekdaelen&id=7d947ccf-8d08-415c-9685-345c5396914b","dc_title":"Raadsbesluit inzake Toekomstvisie Wonen, Welzijn en Zorg PSL - vastgesteld 11-03-2025","dc_type":"bijlage","foi_fairiscoreVersions":{"v1":1,"v2":1},"foi_fileName":"Bijlage%202.pdf","foi_nrPages":1},{"dc_format":"application/pdf","dc_identifier":"nl.gm1954.2c.2025.2838421-3.doc.3","dc_source":"https://api1.ibabs.eu/publicdownload.aspx?site=Beekdaelen&id=2d3658cb-4541-4bab-b686-d27a2a0f25ad","dc_title":"Bijlage: Toekomstvisie Wonen, Welzijn en Zorg PSL","dc_type":"bijlage","foi_fairiscoreVersions":{"v1":2,"v2":1},"foi_fileName":"Bijlage%203.pdf","foi_nrPages":51},{"dc_format":"application/pdf","dc_identifier":"nl.gm1954.2c.2025.2838421-3.doc.4","dc_source":"https://api1.ibabs.eu/publicdownload.aspx?site=Beekdaelen&id=96b5c5b4-8f38-4dc1-b433-32e07328b9d2","dc_title":"Bijlage: Rapportage Companen woonzorganalyse PSL","dc_type":"bijlage","foi_fairiscoreVersions":{"v1":2,"v2":1},"foi_fileName":"Bijlage%204.pdf","foi_nrPages":89},{"dc_format":"application/pdf","dc_identifier":"nl.gm1954.2c.2025.2838421-3.doc.5","dc_source":"https://api1.ibabs.eu/publicdownload.aspx?site=Beekdaelen&id=9f155985-ce20-40b8-84f0-26e9d1eb4a23","dc_title":"Bijlage: Concept Analyse Veerkrachtkaarten PSL","dc_type":"bijlage","foi_fairiscoreVersions":{"v1":2,"v2":2},"foi_fileName":"Bijlage%205.pdf","foi_nrPages":26}],"foi_nrDocuments":5,"foi_nrPagesInDossier":173,"foi_publishedDate":"2025-03-11","foi_retrievedDate":"2025-11-29"},{"dc_creator":"HandelingScraper_v1","dc_date_year":2025,"dc_description":"Vergadering van de Gemeente Beekdaelen op 2025-03-11. Onderdeel: Voorstel inzake Visie Sociaal Domein 2025 - 2028.","dc_identifier":"nl.gm1954.2c.2025.2838421-4","dc_publisher":"gm1954","dc_source":"https://beekdaelen.bestuurlijkeinformatie.nl/Agenda/Index/20400ad7-b3de-4cd7-8c29-6aef7a108f66","dc_title":"Raadsvergadering 2025-03-11 - Voorstel inzake Visie Sociaal Domein 2025 - 2028","dc_type":"2c","dc_type_description":"Vergaderstuk decentrale overheid","foi_fairiscoreVersions":{"v1":2,"v2":2},"foi_files":[{"dc_format":"application/pdf","dc_identifier":"nl.gm1954.2c.2025.2838421-4.doc.1","dc_source":"https://api1.ibabs.eu/publicdownload.aspx?site=Beekdaelen&id=c791d0cd-95e4-4f89-accc-f1840bcf9adb","dc_title":"Raadsvoorstel inzake Visie Sociaal domein 2025 - 2028","dc_type":"bijlage","foi_fairiscoreVersions":{"v1":1,"v2":1},"foi_fileName":"Raadsvoorstel%20Sociaal%20domein%202025-2028.pdf","foi_nrPages":4},{"dc_format":"application/pdf","dc_identifier":"nl.gm1954.2c.2025.2838421-4.doc.4","dc_source":"https://api1.ibabs.eu/publicdownload.aspx?site=Beekdaelen&id=54e74911-0a6a-4032-a6cf-261e7bf348fa","dc_title":"Bijlage: Advies Adviesraad sociaal domein Beekdaelen","dc_type":"bijlage","foi_fairiscoreVersions":{"v1":1,"v2":1},"foi_fileName":"Z%2F25%2F212346%20-%20381080%20-%20Advies%20Adviesraad%20sociaal%20domein%20Beekdaelen.pdf","foi_nrPages":1},{"dc_format":"application/pdf","dc_identifier":"nl.gm1954.2c.2025.2838421-4.doc.2","dc_source":"https://api1.ibabs.eu/publicdownload.aspx?site=Beekdaelen&id=e5d663de-3335-4b63-8407-b6732865f01c","dc_title":"Raadsbesluit inzake Visie sociaal domein 2025 - 2028 - vastgesteld 11-03-2025","dc_type":"bijlage","foi_fairiscoreVersions":{"v1":1,"v2":1},"foi_fileName":"Z%2F25%2F212346%20-%20381089%20-%20Raadsbesluit%20Visie%20sociaal%20domein%202025%20-%202028.pdf","foi_nrPages":1},{"dc_format":"application/pdf","dc_identifier":"nl.gm1954.2c.2025.2838421-4.doc.3","dc_source":"https://api1.ibabs.eu/publicdownload.aspx?site=Beekdaelen&id=956b2583-fe98-45b3-8c19-47b2bcba7194","dc_title":"Bijlage: Visie Sociaal domein 2025 - 2028","dc_type":"bijlage","foi_fairiscoreVersions":{"v1":2,"v2":2},"foi_fileName":"Z%2F25%2F212346%20-%20381394%20-.pdf","foi_nrPages":27}],"foi_nrDocuments":4,"foi_nrPagesInDossier":33,"foi_publishedDate":"2025-03-11","foi_retrievedDate":"2026-01-22"},{"dc_creator":"HandelingScraper_v1","dc_date_year":2025,"dc_description":"Vergadering van de Gemeente Beekdaelen op 2025-03-11. Onderdeel: Verzoek aanvulling budget startersleningen 2025.","dc_identifier":"nl.gm1954.2c.2025.2838421-5","dc_publisher":"gm1954","dc_source":"https://beekdaelen.bestuurlijkeinformatie.nl/Agenda/Index/20400ad7-b3de-4cd7-8c29-6aef7a108f66","dc_title":"Raadsvergadering 2025-03-11 - Verzoek aanvulling budget startersleningen 2025","dc_type":"2c","dc_type_description":"Vergaderstuk decentrale overheid","foi_fairiscoreVersions":{"v1":null,"v2":null},"foi_files":[{"dc_format":"application/pdf","dc_identifier":"nl.gm1954.2c.2025.2838421-5.doc.1","dc_source":"https://api1.ibabs.eu/publicdownload.aspx?site=Beekdaelen&id=c12fa257-c2fa-46f3-907e-de9f897568c4","dc_title":"Raadsvoorstel inzake verzoek aanvulling budget startersleningen 2025","dc_type":"bijlage","foi_fileName":"Z%2F25%2F212166%20-%20380480.pdf"},{"dc_format":"application/pdf","dc_identifier":"nl.gm1954.2c.2025.2838421-5.doc.2","dc_source":"https://api1.ibabs.eu/publicdownload.aspx?site=Beekdaelen&id=944ef023-931c-48fa-8d15-84ec2efca4e4","dc_title":"Raadsbesluit inzake verzoek aanvulling budget startersleningen 2025 - vastgesteld 11-03-2025","dc_type":"bijlage","foi_fileName":"Z%2F25%2F212166%20-%20380552%20-%20Raadsbesluit%20verzoek%20aanvulling%20budget%20startersleningen%202025.pdf"},{"dc_format":"application/pdf","dc_identifier":"nl.gm1954.2c.2025.2838421-5.doc.3","dc_source":"https://api1.ibabs.eu/publicdownload.aspx?site=Beekdaelen&id=da2610e1-98d7-437b-8977-36a1e16c0bac","dc_title":"Begrotingswijziging 3.1/2025","dc_type":"bijlage","foi_fileName":"Z%2F25%2F212166%20-%20380996.pdf"}],"foi_nrDocuments":3,"foi_nrPagesInDossier":0,"foi_publishedDate":"2025-03-11","foi_retrievedDate":"2025-11-30"},{"dc_creator":"HandelingScraper_v1","dc_date_year":2025,"dc_description":"Vergadering van de Gemeente Beekdaelen op 2025-03-11. Onderdeel: Voorstel inzake Maatschappelijk hart Merkelbeek - Ontwikkelperspectief.","dc_identifier":"nl.gm1954.2c.2025.2838421-6","dc_publisher":"gm1954","dc_source":"https://beekdaelen.bestuurlijkeinformatie.nl/Agenda/Index/20400ad7-b3de-4cd7-8c29-6aef7a108f66","dc_title":"Raadsvergadering 2025-03-11 - Voorstel inzake Maatschappelijk hart Merkelbeek - Ontwikkelperspectief","dc_type":"2c","dc_type_description":"Vergaderstuk decentrale overheid","foi_fairiscoreVersions":{"v1":1,"v2":1},"foi_files":[{"dc_format":"application/pdf","dc_identifier":"nl.gm1954.2c.2025.2838421-6.doc.1","dc_source":"https://api1.ibabs.eu/publicdownload.aspx?site=Beekdaelen&id=a0f4b421-97df-43be-afff-216d23a7ee99","dc_title":"Raadsvoorstel inzake Maatschappelijk hart Merkelbeek - Ontwikkelperspectief","dc_type":"bijlage","foi_fairiscoreVersions":{"v1":1,"v2":1},"foi_fileName":"Z%2F24%2F211277%20-%20380613%20-%20Raadsvoorstel%3A%20Maatschappelijk%20hart%20Merkelbeek%20inclusief%20Integraal%20Kindcentrum%20-%20Ontwikkelperspectief.pdf","foi_nrPages":7},{"dc_format":"application/pdf","dc_identifier":"nl.gm1954.2c.2025.2838421-6.doc.2","dc_source":"https://api1.ibabs.eu/publicdownload.aspx?site=Beekdaelen&id=fd73ef89-37f0-44ed-9769-a74d2899875c","dc_title":"Raadsbesluit inzake Maatschappelijk hart Merkelbeek - Ontwikkelperspectief - vastgesteld 11-03-2025","dc_type":"bijlage","foi_fairiscoreVersions":{"v1":1,"v2":1},"foi_fileName":"Z%2F24%2F211277%20-%20380614%20-%20Raadsbesluit%3A%20Maatschappelijk%20hart%20Merkelbeek%20-%20Ontwikkelperspectief.pdf","foi_nrPages":1},{"dc_format":"application/pdf","dc_identifier":"nl.gm1954.2c.2025.2838421-6.doc.3","dc_source":"https://api1.ibabs.eu/publicdownload.aspx?site=Beekdaelen&id=4012069f-7741-4255-b540-af0f7d5d1aa5","dc_title":"Bijlage: Begrotingsvoorstel 3.3 verhoging opstartkrediet IKC Merkelbeek","dc_type":"bijlage","foi_fairiscoreVersions":{"v1":1,"v2":1},"foi_fileName":"Z%2F24%2F211277%20-%20381214%20-%20Bijlage%205%3A%20Begrotingsvoorstel%203.pdf","foi_nrPages":1}],"foi_nrDocuments":3,"foi_nrPagesInDossier":9,"foi_publishedDate":"2025-03-11","foi_retrievedDate":"2026-02-05"},{"dc_creator":"HandelingScraper_v1","dc_date_year":2025,"dc_description":"Vergadering van de Gemeente Beekdaelen op 2025-03-11. Onderdeel: Vaststelling lijst ingekomen stukken.","dc_identifier":"nl.gm1954.2c.2025.2838421-7","dc_publisher":"gm1954","dc_source":"https://beekdaelen.bestuurlijkeinformatie.nl/Agenda/Index/20400ad7-b3de-4cd7-8c29-6aef7a108f66","dc_title":"Raadsvergadering 2025-03-11 - Vaststelling lijst ingekomen stukken","dc_type":"2c","dc_type_description":"Vergaderstuk decentrale overheid","foi_fairiscoreVersions":{"v1":1,"v2":1},"foi_files":[{"dc_format":"application/pdf","dc_identifier":"nl.gm1954.2c.2025.2838421-7.doc.1","dc_source":"https://api1.ibabs.eu/publicdownload.aspx?site=Beekdaelen&id=28500131-1faf-4d9f-a5e6-8d89f8278bf8","dc_title":"Lijst ingekomen stukken raad - vastgesteld 11-03-2025","dc_type":"bijlage","foi_fairiscoreVersions":{"v1":1,"v2":1},"foi_fileName":"Lijst%20ingekomen%20stukken%20raad.pdf","foi_nrPages":6}],"foi_nrDocuments":1,"foi_nrPagesInDossier":6,"foi_publishedDate":"2025-03-11","foi_retrievedDate":"2026-03-04"},{"dc_creator":"HandelingScraper_v1","dc_date_year":2025,"dc_description":"Vergadering van de Gemeente Beekdaelen op 2025-03-11. Onderdeel: Motie gezamenlijke partijen inzake jongerendebat.","dc_identifier":"nl.gm1954.2c.2025.2838421-8","dc_publisher":"gm1954","dc_source":"https://beekdaelen.bestuurlijkeinformatie.nl/Agenda/Index/20400ad7-b3de-4cd7-8c29-6aef7a108f66","dc_title":"Raadsvergadering 2025-03-11 - Motie gezamenlijke partijen inzake jongerendebat","dc_type":"2c","dc_type_description":"Vergaderstuk decentrale overheid","foi_fairiscoreVersions":{"v1":1,"v2":1},"foi_files":[{"dc_format":"application/pdf","dc_identifier":"nl.gm1954.2c.2025.2838421-8.doc.1","dc_source":"https://api1.ibabs.eu/publicdownload.aspx?site=Beekdaelen&id=3f1b4917-4d0d-407f-80e8-3b4614f3422e","dc_title":"Motie gezamenlijke partijen inzake Jongerendebat Beekdaelen (aangenomen)","dc_type":"bijlage","foi_fairiscoreVersions":{"v1":1,"v2":1},"foi_fileName":"Motie%20gezamenlijke%20partijen%20inzake%20Jongerendebat%20Beekdaelen%20%28aangenomen%29.pdf","foi_nrPages":2}],"foi_nrDocuments":1,"foi_nrPagesInDossier":2,"foi_publishedDate":"2025-03-11","foi_retrievedDate":"2026-02-12"},{"dc_creator":"HandelingScraper_v1","dc_date_year":2025,"dc_description":"Vergadering van de Gemeente Beekdaelen op 2025-03-11. Onderdeel: Motie Vernieuwingsgroep, Beekdaelen Lokaal, CDA en VVD inzake stijgend mijnwater.","dc_identifier":"nl.gm1954.2c.2025.2838421-9","dc_publisher":"gm1954","dc_source":"https://beekdaelen.bestuurlijkeinformatie.nl/Agenda/Index/20400ad7-b3de-4cd7-8c29-6aef7a108f66","dc_title":"Raadsvergadering 2025-03-11 - Motie Vernieuwingsgroep, Beekdaelen Lokaal, CDA en VVD inzake stijgend mijnwater","dc_type":"2c","dc_type_description":"Vergaderstuk decentrale overheid","foi_fairiscoreVersions":{"v1":null,"v2":null},"foi_files":[{"dc_format":"application/pdf","dc_identifier":"nl.gm1954.2c.2025.2838421-9.doc.1","dc_source":"https://api1.ibabs.eu/publicdownload.aspx?site=Beekdaelen&id=8e8ed6dc-bacb-4243-8b7c-92ea1fc0b00b","dc_title":"Motie VG, BL, CDA en VVD inzake het stijgende mijnwater (aangenomen)","dc_type":"bijlage","foi_fileName":"Motie%20VG_%20BL_%20CDA%20en%20VVD%20inzake%20het%20stijgende%20mijnwater%20%28aangenomen%29.pdf"}],"foi_nrDocuments":1,"foi_nrPagesInDossier":0,"foi_publishedDate":"2025-03-11","foi_retrievedDate":"2025-11-30"},{"dc_creator":"HandelingScraper_v1","dc_date_year":2025,"dc_description":"Vergadering van de Gemeente Beekdaelen op 2025-03-12. Onderdeel: Vaststellen concept-agenda.","dc_identifier":"nl.gm1954.2c.2025.2838436-1","dc_publisher":"gm1954","dc_source":"https://beekdaelen.bestuurlijkeinformatie.nl/Agenda/Index/8545aa62-1b7a-4576-bedd-911e147d730e","dc_title":"BDN Commissie AWACS Limburg 2025-03-12 - Vaststellen concept-agenda","dc_type":"2c","dc_type_description":"Vergaderstuk decentrale overheid","foi_fairiscoreVersions":{"v1":1,"v2":1},"foi_files":[{"dc_format":"application/pdf","dc_identifier":"nl.gm1954.2c.2025.2838436-1.doc.1","dc_source":"https://api1.ibabs.eu/publicdownload.aspx?site=Beekdaelen&id=e11499dc-fae7-4c84-a358-8fedae2912d3","dc_title":"001-CAL-AWACS-2025-concept agenda 12-03-2025","dc_type":"bijlage","foi_fairiscoreVersions":{"v1":1,"v2":1},"foi_fileName":"001-CAL-AWACS-2025-concept%20agenda%2012-03-2025.pdf","foi_nrPages":2}],"foi_nrDocuments":1,"foi_nrPagesInDossier":2,"foi_publishedDate":"2025-03-12","foi_retrievedDate":"2026-03-02"},{"dc_creator":"HandelingScraper_v1","dc_date_year":2025,"dc_description":"Vergadering van de Gemeente Beekdaelen op 2025-03-12. Onderdeel: Concept-verslag en actielijst.","dc_identifier":"nl.gm1954.2c.2025.2838436-2","dc_publisher":"gm1954","dc_source":"https://beekdaelen.bestuurlijkeinformatie.nl/Agenda/Index/8545aa62-1b7a-4576-bedd-911e147d730e","dc_title":"BDN Commissie AWACS Limburg 2025-03-12 - Concept-verslag en actielijst","dc_type":"2c","dc_type_description":"Vergaderstuk decentrale overheid","foi_fairiscoreVersions":{"v1":1,"v2":1},"foi_files":[{"dc_format":"application/pdf","dc_identifier":"nl.gm1954.2c.2025.2838436-2.doc.1","dc_source":"https://api1.ibabs.eu/publicdownload.aspx?site=Beekdaelen&id=962f0ec9-d6ce-4c9f-965a-a51864fba48c","dc_title":"002-CAL-AWACS-2025-concept-verslag","dc_type":"bijlage","foi_fairiscoreVersions":{"v1":1,"v2":1},"foi_fileName":"002-CAL-AWACS-2025-concept-verslag.pdf","foi_nrPages":4},{"dc_format":"application/pdf","dc_identifier":"nl.gm1954.2c.2025.2838436-2.doc.2","dc_source":"https://api1.ibabs.eu/publicdownload.aspx?site=Beekdaelen&id=cf554e8a-974b-4ec1-b449-8e90ca6b4efc","dc_title":"003-CAL-AWACS-2025-actielijst","dc_type":"bijlage","foi_fairiscoreVersions":{"v1":1,"v2":1},"foi_fileName":"003-CAL-AWACS-2025-actielijst.pdf","foi_nrPages":2}],"foi_nrDocuments":2,"foi_nrPagesInDossier":6,"foi_publishedDate":"2025-03-12","foi_retrievedDate":"2026-03-01"},{"dc_creator":"HandelingScraper_v1","dc_date_year":2025,"dc_description":"Vergadering van de Gemeente Beekdaelen op 2025-03-12. Onderdeel: Persbericht inzake leefbaarheidsfonds.","dc_identifier":"nl.gm1954.2c.2025.2838436-3","dc_publisher":"gm1954","dc_source":"https://beekdaelen.bestuurlijkeinformatie.nl/Agenda/Index/8545aa62-1b7a-4576-bedd-911e147d730e","dc_title":"BDN Commissie AWACS Limburg 2025-03-12 - Persbericht inzake leefbaarheidsfonds","dc_type":"2c","dc_type_description":"Vergaderstuk decentrale overheid","foi_fairiscoreVersions":{"v1":1,"v2":1},"foi_files":[{"dc_format":"application/pdf","dc_identifier":"nl.gm1954.2c.2025.2838436-3.doc.1","dc_source":"https://api1.ibabs.eu/publicdownload.aspx?site=Beekdaelen&id=66948886-6510-4089-a016-90b67fbb4c77","dc_title":"004-CAL-AWACS-2025-PERSBERICHT Afspraken om leefbaarheid en veiligheid rond vliegbasis Geilenkirchen DEF","dc_type":"bijlage","foi_fairiscoreVersions":{"v1":1,"v2":1},"foi_fileName":"004-CAL-AWACS-2025-PERSBERICHT%20Afspraken%20om%20leefbaarheid%20en%20veiligheid%20rond%20vliegbasis%20Geilenkirchen%20DEF.pdf","foi_nrPages":2}],"foi_nrDocuments":1,"foi_nrPagesInDossier":2,"foi_publishedDate":"2025-03-12","foi_retrievedDate":"2025-12-01"},{"dc_creator":"HandelingScraper_v1","dc_date_year":2025,"dc_description":"Vergadering van de Gemeente Beekdaelen op 2025-03-12. Onderdeel: Reactie van Ministerie van Defensie op schriftelijke vragen van de voorzitter CAL AWACS.","dc_identifier":"nl.gm1954.2c.2025.2838436-4","dc_publisher":"gm1954","dc_source":"https://beekdaelen.bestuurlijkeinformatie.nl/Agenda/Index/8545aa62-1b7a-4576-bedd-911e147d730e","dc_title":"BDN Commissie AWACS Limburg 2025-03-12 - Reactie van Ministerie van Defensie op schriftelijke vragen van de voorzitter CAL AWACS","dc_type":"2c","dc_type_description":"Vergaderstuk decentrale overheid","foi_fairiscoreVersions":{"v1":2,"v2":1},"foi_files":[{"dc_format":"application/pdf","dc_identifier":"nl.gm1954.2c.2025.2838436-4.doc.1","dc_source":"https://api1.ibabs.eu/publicdownload.aspx?site=Beekdaelen&id=e591e4f4-ddf3-48ad-9909-f9351acd0ec6","dc_title":"040-CAL-AWACS-2024-Beantwoording schriftelijke vragen CAL van 28 maart 2024_def","dc_type":"bijlage","foi_fairiscoreVersions":{"v1":2,"v2":1},"foi_fileName":"040-CAL-AWACS-2024-Beantwoording%20schriftelijke%20vragen%20CAL%20van%2028%20maart%202024_def.pdf","foi_nrPages":12}],"foi_nrDocuments":1,"foi_nrPagesInDossier":12,"foi_publishedDate":"2025-03-12","foi_retrievedDate":"2025-12-02"},{"dc_creator":"HandelingScraper_v1","dc_date_year":2025,"dc_description":"Vergadering van de Gemeente Beekdaelen op 2025-03-12. Onderdeel: Adviesvoorstel mw. Hermans (wethouder Brunssum) aan de Commissie AWACS Limburg aan de Minister van Defensie over emissies broeikasgassen.","dc_identifier":"nl.gm1954.2c.2025.2838436-5","dc_publisher":"gm1954","dc_source":"https://beekdaelen.bestuurlijkeinformatie.nl/Agenda/Index/8545aa62-1b7a-4576-bedd-911e147d730e","dc_title":"BDN Commissie AWACS Limburg 2025-03-12 - Adviesvoorstel mw. Hermans (wethouder Brunssum) aan de Commissie AWACS Limburg aan de Minister van Defensie over emissies broeikasgassen","dc_type":"2c","dc_type_description":"Vergaderstuk decentrale overheid","foi_fairiscoreVersions":{"v1":2,"v2":2},"foi_files":[{"dc_format":"application/pdf","dc_identifier":"nl.gm1954.2c.2025.2838436-5.doc.1","dc_source":"https://api1.ibabs.eu/publicdownload.aspx?site=Beekdaelen&id=7cf1a4bf-1025-4067-9f8e-6279e73f46c8","dc_title":"005-CAL-AWACS-2025-voorgesteld Advies van wethouder Hermans gemeente Brunssum","dc_type":"bijlage","foi_fairiscoreVersions":{"v1":2,"v2":2},"foi_fileName":"005-CAL-AWACS-2025-voorgesteld%20Advies%20van%20wethouder%20Hermans%20gemeente%20Brunssum.pdf","foi_nrPages":45}],"foi_nrDocuments":1,"foi_nrPagesInDossier":45,"foi_publishedDate":"2025-03-12","foi_retrievedDate":"2026-03-04"},{"dc_creator":"HandelingScraper_v1","dc_date_year":2025,"dc_description":"Vergadering van de Gemeente Beekdaelen op 2025-03-12. Onderdeel: Antwoorden schriftelijke ronde medio 2024.","dc_identifier":"nl.gm1954.2c.2025.2838436-6","dc_publisher":"gm1954","dc_source":"https://beekdaelen.bestuurlijkeinformatie.nl/Agenda/Index/8545aa62-1b7a-4576-bedd-911e147d730e","dc_title":"BDN Commissie AWACS Limburg 2025-03-12 - Antwoorden schriftelijke ronde medio 2024","dc_type":"2c","dc_type_description":"Vergaderstuk decentrale overheid","foi_fairiscoreVersions":{"v1":1,"v2":1},"foi_files":[{"dc_format":"application/pdf","dc_identifier":"nl.gm1954.2c.2025.2838436-6.doc.1","dc_source":"https://api1.ibabs.eu/publicdownload.aspx?site=Beekdaelen&id=31701dee-f0a7-44be-ad3f-9afe0029143b","dc_title":"042-CAL-AWACS-2024Beantwoording schriftelijke vragen CAL van 25 september 2024","dc_type":"bijlage","foi_fairiscoreVersions":{"v1":1,"v2":1},"foi_fileName":"042-CAL-AWACS-2024Beantwoording%20schriftelijke%20vragen%20CAL%20van%2025%20september%202024.pdf","foi_nrPages":13}],"foi_nrDocuments":1,"foi_nrPagesInDossier":13,"foi_publishedDate":"2025-03-12","foi_retrievedDate":"2026-03-02"},{"dc_creator":"HandelingScraper_v1","dc_date_year":2025,"dc_description":"Vergadering van de Gemeente Beekdaelen op 2025-03-12. Onderdeel: Overzicht klachten van het 4e kwartaal 2024.","dc_identifier":"nl.gm1954.2c.2025.2838436-7","dc_publisher":"gm1954","dc_source":"https://beekdaelen.bestuurlijkeinformatie.nl/Agenda/Index/8545aa62-1b7a-4576-bedd-911e147d730e","dc_title":"BDN Commissie AWACS Limburg 2025-03-12 - Overzicht klachten van het 4e kwartaal 2024","dc_type":"2c","dc_type_description":"Vergaderstuk decentrale overheid","foi_fairiscoreVersions":{"v1":2,"v2":1},"foi_files":[{"dc_format":"application/pdf","dc_identifier":"nl.gm1954.2c.2025.2838436-7.doc.1","dc_source":"https://api1.ibabs.eu/publicdownload.aspx?site=Beekdaelen&id=a81b58ab-9da5-4740-b944-f3ea1081f5fb","dc_title":"006-CAL-AWACS-2025-rapportage klachten Q4 2024","dc_type":"bijlage","foi_fairiscoreVersions":{"v1":2,"v2":1},"foi_fileName":"006-CAL-AWACS-2025-rapportage%20klachten%20Q4%202024.pdf","foi_nrPages":22}],"foi_nrDocuments":1,"foi_nrPagesInDossier":22,"foi_publishedDate":"2025-03-12","foi_retrievedDate":"2026-03-04"},{"dc_creator":"HandelingScraper_v1","dc_date_year":2025,"dc_description":"Vergadering van de Gemeente Beekdaelen op 2025-03-12. Onderdeel: Vliegbewegingen boven de woonkernen van Schinveld en Brunssum 4e kwartaalrapport 2024.","dc_identifier":"nl.gm1954.2c.2025.2838436-8","dc_publisher":"gm1954","dc_source":"https://beekdaelen.bestuurlijkeinformatie.nl/Agenda/Index/8545aa62-1b7a-4576-bedd-911e147d730e","dc_title":"BDN Commissie AWACS Limburg 2025-03-12 - Vliegbewegingen boven de woonkernen van Schinveld en Brunssum 4e kwartaalrapport 2024","dc_type":"2c","dc_type_description":"Vergaderstuk decentrale overheid","foi_fairiscoreVersions":{"v1":1,"v2":1},"foi_files":[{"dc_format":"application/pdf","dc_identifier":"nl.gm1954.2c.2025.2838436-8.doc.1","dc_source":"https://api1.ibabs.eu/publicdownload.aspx?site=Beekdaelen&id=381d0b16-ea78-405d-aa3c-0ceba047ebfb","dc_title":"007-CAL-AWACS-2025-vliegbewegingen Q4 2024","dc_type":"bijlage","foi_fairiscoreVersions":{"v1":1,"v2":1},"foi_fileName":"007-CAL-AWACS-2025-vliegbewegingen%20Q4%202024.pdf","foi_nrPages":9}],"foi_nrDocuments":1,"foi_nrPagesInDossier":9,"foi_publishedDate":"2025-03-12","foi_retrievedDate":"2025-12-01"},{"dc_creator":"HandelingScraper_v1","dc_date_year":2025,"dc_description":"Vergadering van de Gemeente Beekdaelen op 2025-04-03. Onderdeel: Algemeen.","dc_identifier":"nl.gm1954.2c.2025.2838456-1","dc_publisher":"gm1954","dc_source":"https://beekdaelen.bestuurlijkeinformatie.nl/Agenda/Index/cb22327e-fe2e-4282-9e05-da31f60e12c0","dc_title":"Raadscommissie Fysieke Leefomgeving 2025-04-03 - Algemeen","dc_type":"2c","dc_type_description":"Vergaderstuk decentrale overheid","foi_fairiscoreVersions":{"v1":1,"v2":1},"foi_files":[{"dc_format":"application/pdf","dc_identifier":"nl.gm1954.2c.2025.2838456-1.doc.7","dc_source":"https://api1.ibabs.eu/publicdownload.aspx?site=Beekdaelen&id=773f44df-2670-4ad0-add3-0f3d3837af29","dc_title":"Technische vragen BL SLO C1","dc_type":"bijlage","foi_fairiscoreVersions":{"v1":1,"v2":1},"foi_fileName":"Technische%20vragen%20BL%20SLO%20C1.pdf","foi_nrPages":1},{"dc_format":"application/pdf","dc_identifier":"nl.gm1954.2c.2025.2838456-1.doc.5","dc_source":"https://api1.ibabs.eu/publicdownload.aspx?site=Beekdaelen&id=43b5f137-eef3-4d4a-8671-2a7ff65a86e0","dc_title":"Technische vragen CDA FLO B1","dc_type":"bijlage","foi_fairiscoreVersions":{"v1":1,"v2":1},"foi_fileName":"Technische%20vragen%20CDA%20FLO%20B1.pdf","foi_nrPages":2},{"dc_format":"application/pdf","dc_identifier":"nl.gm1954.2c.2025.2838456-1.doc.9","dc_source":"https://api1.ibabs.eu/publicdownload.aspx?site=Beekdaelen&id=227c9f4c-7ec6-4ff4-a24b-fe188fe6fe65","dc_title":"Technische vragen CDA FLO B2","dc_type":"bijlage","foi_fairiscoreVersions":{"v1":1,"v2":1},"foi_fileName":"Technische%20vragen%20CDA%20FLO%20B2.pdf","foi_nrPages":1},{"dc_format":"application/pdf","dc_identifier":"nl.gm1954.2c.2025.2838456-1.doc.6","dc_source":"https://api1.ibabs.eu/publicdownload.aspx?site=Beekdaelen&id=bd3e0339-0ec7-4d1e-8a79-67c4c94e639c","dc_title":"Technische vragen D66 FLO SLO B2 en C1","dc_type":"bijlage","foi_fairiscoreVersions":{"v1":1,"v2":1},"foi_fileName":"Technische%20vragen%20D66%20FLO%20SLO%20B2%20en%20C1.pdf","foi_nrPages":1},{"dc_format":"application/pdf","dc_identifier":"nl.gm1954.2c.2025.2838456-1.doc.4","dc_source":"https://api1.ibabs.eu/publicdownload.aspx?site=Beekdaelen&id=85e43756-5548-4a19-9d97-222360b824f8","dc_title":"Technische vragen Koll\u00e9eRijkx FLO SLO B1 B2 en C1","dc_type":"bijlage","foi_fairiscoreVersions":{"v1":1,"v2":1},"foi_fileName":"Technische%20vragen%20Koll%C3%A9eRijkx%20FLO%20SLO%20B1%20B2%20en%20C1.pdf","foi_nrPages":1},{"dc_format":"application/pdf","dc_identifier":"nl.gm1954.2c.2025.2838456-1.doc.3","dc_source":"https://api1.ibabs.eu/publicdownload.aspx?site=Beekdaelen&id=d04eefcb-e46b-4f44-9a14-0d6dfae803d6","dc_title":"Technische vragen PvdA FLO B1","dc_type":"bijlage","foi_fairiscoreVersions":{"v1":1,"v2":1},"foi_fileName":"Technische%20vragen%20PvdA%20FLO%20B1.pdf","foi_nrPages":1},{"dc_format":"application/pdf","dc_identifier":"nl.gm1954.2c.2025.2838456-1.doc.1","dc_source":"https://api1.ibabs.eu/publicdownload.aspx?site=Beekdaelen&id=65aa4944-2ccc-47d6-bc41-6fd39dc8742d","dc_title":"Technische vragen PvdA SLO C1","dc_type":"bijlage","foi_fairiscoreVersions":{"v1":1,"v2":1},"foi_fileName":"Technische%20vragen%20PvdA%20SLO%20C1.pdf","foi_nrPages":1},{"dc_format":"application/pdf","dc_identifier":"nl.gm1954.2c.2025.2838456-1.doc.2","dc_source":"https://api1.ibabs.eu/publicdownload.aspx?site=Beekdaelen&id=f07f07da-9e20-47de-94aa-74a4d892790f","dc_title":"Technische vragen VG FLO SLO B1 B2 en C1","dc_type":"bijlage","foi_fairiscoreVersions":{"v1":1,"v2":1},"foi_fileName":"Technische%20vragen%20VG%20FLO%20SLO%20B1%20B2%20en%20C1.pdf","foi_nrPages":1},{"dc_format":"application/pdf","dc_identifier":"nl.gm1954.2c.2025.2838456-1.doc.8","dc_source":"https://api1.ibabs.eu/publicdownload.aspx?site=Beekdaelen&id=5337f970-5c63-4fd3-b903-b71fe88a3f6b","dc_title":"Technische vragen VVD FLO SLO B1 B2 en C1","dc_type":"bijlage","foi_fairiscoreVersions":{"v1":1,"v2":1},"foi_fileName":"Technische%20vragen%20VVD%20FLO%20SLO%20B1%20B2%20en%20C1.pdf","foi_nrPages":2}],"foi_nrDocuments":9,"foi_nrPagesInDossier":11,"foi_publishedDate":"2025-04-03","foi_retrievedDate":"2025-11-30"},{"dc_creator":"HandelingScraper_v1","dc_date_year":2025,"dc_description":"Vergadering van de Gemeente Beekdaelen op 2025-04-03. Onderdeel: Rondvraag Sociale Leefomgeving.","dc_identifier":"nl.gm1954.2c.2025.2838456-10","dc_publisher":"gm1954","dc_source":"https://beekdaelen.bestuurlijkeinformatie.nl/Agenda/Index/cb22327e-fe2e-4282-9e05-da31f60e12c0","dc_title":"Raadscommissie Fysieke Leefomgeving 2025-04-03 - Rondvraag Sociale Leefomgeving","dc_type":"2c","dc_type_description":"Vergaderstuk decentrale overheid","foi_fairiscoreVersions":{"v1":null,"v2":null},"foi_files":[{"dc_format":"application/octet-stream","dc_identifier":"nl.gm1954.2c.2025.2838456-10.doc.2","dc_source":"https://api1.ibabs.eu/publicdownload.aspx?site=Beekdaelen&id=9f72a7d8-cf71-4487-90bb-fc31b0eaf25d","dc_title":"E beantwoording rondvraag","dc_type":"bijlage","foi_fileName":"E%20beantwoording%20rondvraag.mp3","foi_nrPages":1},{"dc_format":"application/octet-stream","dc_identifier":"nl.gm1954.2c.2025.2838456-10.doc.1","dc_source":"https://api1.ibabs.eu/publicdownload.aspx?site=Beekdaelen&id=e473ad5c-3369-467d-9c61-b2494f5f5de6","dc_title":"E Rondvraag SLO (incl. A.1.1)","dc_type":"bijlage","foi_fileName":"E%20Rondvraag%20SLO%20%28incl.%20A.1.mp3","foi_nrPages":1}],"foi_nrDocuments":2,"foi_nrPagesInDossier":2,"foi_publishedDate":"2025-04-03","foi_retrievedDate":"2026-03-09"},{"dc_creator":"HandelingScraper_v1","dc_date_year":2025,"dc_description":"Vergadering van de Gemeente Beekdaelen op 2025-04-03. Onderdeel: Opening, mededelingen voorzitter en vaststellen agenda..","dc_identifier":"nl.gm1954.2c.2025.2838456-2","dc_publisher":"gm1954","dc_source":"https://beekdaelen.bestuurlijkeinformatie.nl/Agenda/Index/cb22327e-fe2e-4282-9e05-da31f60e12c0","dc_title":"Raadscommissie Fysieke Leefomgeving 2025-04-03 - Opening, mededelingen voorzitter en vaststellen agenda.","dc_type":"2c","dc_type_description":"Vergaderstuk decentrale overheid","foi_fairiscoreVersions":{"v1":1,"v2":1},"foi_files":[{"dc_format":"application/octet-stream","dc_identifier":"nl.gm1954.2c.2025.2838456-2.doc.2","dc_source":"https://api1.ibabs.eu/publicdownload.aspx?site=Beekdaelen&id=2b85abe9-e357-4eeb-975e-8e7c748760f2","dc_title":"A1 tm A3","dc_type":"bijlage","foi_fileName":"A1%20tm%20A3.mp3"},{"dc_format":"application/pdf","dc_identifier":"nl.gm1954.2c.2025.2838456-2.doc.1","dc_source":"https://api1.ibabs.eu/publicdownload.aspx?site=Beekdaelen&id=39849d82-55a1-47ad-bcd5-dc9d29aa4869","dc_title":"Uitnodiging en voorlopige agenda gecombineerd cie. FLO SLO","dc_type":"bijlage","foi_fairiscoreVersions":{"v1":1,"v2":1},"foi_fileName":"Uitnodiging%20en%20voorlopige%20agenda%20gecombineerd%20cie.pdf","foi_nrPages":1}],"foi_nrDocuments":2,"foi_nrPagesInDossier":1,"foi_publishedDate":"2025-04-03","foi_retrievedDate":"2026-03-01"},{"dc_creator":"HandelingScraper_v1","dc_date_year":2025,"dc_description":"Vergadering van de Gemeente Beekdaelen op 2025-04-03. Onderdeel: Voorstel inzake renovatie kunstgras voetbalvelden Olympia Schinveld en Woander Forest Merkelbeek.","dc_identifier":"nl.gm1954.2c.2025.2838456-3","dc_publisher":"gm1954","dc_source":"https://beekdaelen.bestuurlijkeinformatie.nl/Agenda/Index/cb22327e-fe2e-4282-9e05-da31f60e12c0","dc_title":"Raadscommissie Fysieke Leefomgeving 2025-04-03 - Voorstel inzake renovatie kunstgras voetbalvelden Olympia Schinveld en Woander Forest Merkelbeek","dc_type":"2c","dc_type_description":"Vergaderstuk decentrale overheid","foi_fairiscoreVersions":{"v1":1,"v2":1},"foi_files":[{"dc_format":"application/octet-stream","dc_identifier":"nl.gm1954.2c.2025.2838456-3.doc.3","dc_source":"https://api1.ibabs.eu/publicdownload.aspx?site=Beekdaelen&id=07ca9aa5-2dcf-4aa2-a939-4eb3d080cd52","dc_title":"A1 tm A3","dc_type":"bijlage","foi_fileName":"A1%20tm%20A3.mp3","foi_nrPages":1},{"dc_format":"application/pdf","dc_identifier":"nl.gm1954.2c.2025.2838456-3.doc.1","dc_source":"https://api1.ibabs.eu/publicdownload.aspx?site=Beekdaelen&id=5e635fe3-3dbc-44c5-819e-e5919bea4237","dc_title":"Raadsvoorstel kostenstijging renovatie kunstgrasvelden Olympia Schinveld en Woander Forest Merkelbeek","dc_type":"bijlage","foi_fairiscoreVersions":{"v1":1,"v2":1},"foi_fileName":"Z%2F24%2F208353%20-%20385389%20-%20Kostenstijging%20renovatie%20kunstgrasvelden%20Olympia%20Schinveld%20en%20Woander%20Forest%20Merkelbeek.pdf","foi_nrPages":4},{"dc_format":"application/pdf","dc_identifier":"nl.gm1954.2c.2025.2838456-3.doc.2","dc_source":"https://api1.ibabs.eu/publicdownload.aspx?site=Beekdaelen&id=878aa2b7-254a-4105-b895-5484bb7ccbed","dc_title":"Raadsbesluit kostenstijging renovatie kunstgrasvelden Olympia Schinveld en Woander Forest Merkelbeek","dc_type":"bijlage","foi_fairiscoreVersions":{"v1":1,"v2":1},"foi_fileName":"Z%2F24%2F208353%20-%20385430%20-%20Raadsbesluit%20kostenstijging%20renovatie%20kunstgrasvelden%20Olympia%20Schinveld%20en%20Woander%20Forest%20Merkelbeek.pdf","foi_nrPages":1}],"foi_nrDocuments":3,"foi_nrPagesInDossier":6,"foi_publishedDate":"2025-04-03","foi_retrievedDate":"2026-03-04"},{"dc_creator":"HandelingScraper_v1","dc_date_year":2025,"dc_description":"Vergadering van de Gemeente Beekdaelen op 2025-04-03. Onderdeel: Spreekrecht burgers..","dc_identifier":"nl.gm1954.2c.2025.2838456-4","dc_publisher":"gm1954","dc_source":"https://beekdaelen.bestuurlijkeinformatie.nl/Agenda/Index/cb22327e-fe2e-4282-9e05-da31f60e12c0","dc_title":"Raadscommissie Fysieke Leefomgeving 2025-04-03 - Spreekrecht burgers.","dc_type":"2c","dc_type_description":"Vergaderstuk decentrale overheid","foi_fairiscoreVersions":{"v1":null,"v2":null},"foi_files":[{"dc_format":"application/octet-stream","dc_identifier":"nl.gm1954.2c.2025.2838456-4.doc.1","dc_source":"https://api1.ibabs.eu/publicdownload.aspx?site=Beekdaelen&id=bc2f916f-9e6e-4a9d-9f33-28cd4f8bb634","dc_title":"A1 tm A3","dc_type":"bijlage","foi_fileName":"A1%20tm%20A3.mp3"}],"foi_nrDocuments":1,"foi_nrPagesInDossier":0,"foi_publishedDate":"2025-04-03","foi_retrievedDate":"2025-12-02"},{"dc_creator":"HandelingScraper_v1","dc_date_year":2025,"dc_description":"Vergadering van de Gemeente Beekdaelen op 2025-04-03. Onderdeel: Vaststellen actiepuntenlijst van de raadscommissies Fysieke Leefomgeving d.d. 20.02.2025 en Sociale Leefomgeving d.d. 25.02.2025.","dc_identifier":"nl.gm1954.2c.2025.2838456-5","dc_publisher":"gm1954","dc_source":"https://beekdaelen.bestuurlijkeinformatie.nl/Agenda/Index/cb22327e-fe2e-4282-9e05-da31f60e12c0","dc_title":"Raadscommissie Fysieke Leefomgeving 2025-04-03 - Vaststellen actiepuntenlijst van de raadscommissies Fysieke Leefomgeving d.d. 20.02.2025 en Sociale Leefomgeving d.d. 25.02.2025","dc_type":"2c","dc_type_description":"Vergaderstuk decentrale overheid","foi_fairiscoreVersions":{"v1":1,"v2":1},"foi_files":[{"dc_format":"application/octet-stream","dc_identifier":"nl.gm1954.2c.2025.2838456-5.doc.3","dc_source":"https://api1.ibabs.eu/publicdownload.aspx?site=Beekdaelen&id=5720a144-1b82-4e4a-b8c5-b8246994d930","dc_title":"A1 tm A3","dc_type":"bijlage","foi_fileName":"A1%20tm%20A3.mp3"},{"dc_format":"application/pdf","dc_identifier":"nl.gm1954.2c.2025.2838456-5.doc.1","dc_source":"https://api1.ibabs.eu/publicdownload.aspx?site=Beekdaelen&id=381a4592-87a2-4814-90bd-9e18f9398254","dc_title":"Actiepuntenlijst raadscommissie Fysieke Leefomgeving d.d. 20.02.2025","dc_type":"bijlage","foi_fairiscoreVersions":{"v1":1,"v2":1},"foi_fileName":"Actiepuntenlijst%20commissie.pdf","foi_nrPages":5},{"dc_format":"application/pdf","dc_identifier":"nl.gm1954.2c.2025.2838456-5.doc.2","dc_source":"https://api1.ibabs.eu/publicdownload.aspx?site=Beekdaelen&id=257f80c5-9afb-4208-b1b2-1543e7e9c77f","dc_title":"Actiepuntenlijst raadscommissie Sociale Leefomgeving 25.02.2025","dc_type":"bijlage","foi_fairiscoreVersions":{"v1":1,"v2":1},"foi_fileName":"Actiepuntenlijst%20commissie%2025022025.pdf","foi_nrPages":4}],"foi_nrDocuments":3,"foi_nrPagesInDossier":9,"foi_publishedDate":"2025-04-03","foi_retrievedDate":"2025-12-05"},{"dc_creator":"HandelingScraper_v1","dc_date_year":2025,"dc_description":"Vergadering van de Gemeente Beekdaelen op 2025-04-03. Onderdeel: Raadsvoorstel inzake: Project verduurzaming Bloemenbuurt fase 1 en 2.","dc_identifier":"nl.gm1954.2c.2025.2838456-6","dc_publisher":"gm1954","dc_source":"https://beekdaelen.bestuurlijkeinformatie.nl/Agenda/Index/cb22327e-fe2e-4282-9e05-da31f60e12c0","dc_title":"Raadscommissie Fysieke Leefomgeving 2025-04-03 - Raadsvoorstel inzake: Project verduurzaming Bloemenbuurt fase 1 en 2","dc_type":"2c","dc_type_description":"Vergaderstuk decentrale overheid","foi_fairiscoreVersions":{"v1":1,"v2":1},"foi_files":[{"dc_format":"application/octet-stream","dc_identifier":"nl.gm1954.2c.2025.2838456-6.doc.10","dc_source":"https://api1.ibabs.eu/publicdownload.aspx?site=Beekdaelen&id=1ea07ea5-7903-408e-bf3e-e15133bbdca7","dc_title":"B1 1e termijn","dc_type":"bijlage","foi_fileName":"B1%201e%20termijn.mp3"},{"dc_format":"application/octet-stream","dc_identifier":"nl.gm1954.2c.2025.2838456-6.doc.12","dc_source":"https://api1.ibabs.eu/publicdownload.aspx?site=Beekdaelen&id=f33245fa-7893-4ac0-afeb-90c44c92a52c","dc_title":"B1 2e termijn I","dc_type":"bijlage","foi_fileName":"B1%202e%20termijn%20I.mp3"},{"dc_format":"application/octet-stream","dc_identifier":"nl.gm1954.2c.2025.2838456-6.doc.13","dc_source":"https://api1.ibabs.eu/publicdownload.aspx?site=Beekdaelen&id=15983464-4add-46de-8256-edb028bf9d70","dc_title":"B1 2e termijn II","dc_type":"bijlage","foi_fileName":"B1%202e%20termijn%20II.mp3"},{"dc_format":"application/octet-stream","dc_identifier":"nl.gm1954.2c.2025.2838456-6.doc.15","dc_source":"https://api1.ibabs.eu/publicdownload.aspx?site=Beekdaelen&id=467355b1-1d1f-49f6-8846-5f4e06e6be0a","dc_title":"B1 advies commissie","dc_type":"bijlage","foi_fileName":"B1%20advies%20commissie.mp3"},{"dc_format":"application/octet-stream","dc_identifier":"nl.gm1954.2c.2025.2838456-6.doc.11","dc_source":"https://api1.ibabs.eu/publicdownload.aspx?site=Beekdaelen&id=e3360de9-7243-4a31-b772-f105d0a1e3c6","dc_title":"B1 beantwoording 1e termijn","dc_type":"bijlage","foi_fileName":"B1%20beantwoording%201e%20termijn.mp3"},{"dc_format":"application/octet-stream","dc_identifier":"nl.gm1954.2c.2025.2838456-6.doc.14","dc_source":"https://api1.ibabs.eu/publicdownload.aspx?site=Beekdaelen&id=14fa4c85-b00d-4aa2-b400-d6adbce7f461","dc_title":"B1 beantwoording 2e termijn","dc_type":"bijlage","foi_fileName":"B1%20beantwoording%202e%20termijn.mp3"},{"dc_format":"application/pdf","dc_identifier":"nl.gm1954.2c.2025.2838456-6.doc.1","dc_source":"https://api1.ibabs.eu/publicdownload.aspx?site=Beekdaelen&id=81e14a21-5f2b-48e1-9fdf-fda6ac261f6c","dc_title":"Raadsvoorstel Project verduurzaming Bloemenbuurt Schinveld","dc_type":"bijlage","foi_fairiscoreVersions":{"v1":1,"v2":1},"foi_fileName":"Bijlage%201%20raadsvoorstel%20Project%20Verduurzaming%20Bloemenbuurt%20Schinveld.pdf","foi_nrPages":5},{"dc_format":"application/pdf","dc_identifier":"nl.gm1954.2c.2025.2838456-6.doc.2","dc_source":"https://api1.ibabs.eu/publicdownload.aspx?site=Beekdaelen&id=c9d70021-0b67-4e96-818e-c5ac31dd6b65","dc_title":"Bijlage 1: Raadsbesluit inzake project Bloemenbuurt","dc_type":"bijlage","foi_fairiscoreVersions":{"v1":1,"v2":1},"foi_fileName":"Bijlage%202%20raadsbesluit%20Project%20Verduurzaming%20Bloemenbuurt%20Schinveld.pdf","foi_nrPages":1},{"dc_format":"application/pdf","dc_identifier":"nl.gm1954.2c.2025.2838456-6.doc.4","dc_source":"https://api1.ibabs.eu/publicdownload.aspx?site=Beekdaelen&id=568a0fd5-872b-48c6-97e4-1c6249504b8c","dc_title":"Bijlage 3: Begrotingswijziging 4.2 project verduurzaming Bloemenbuurt Schinveld","dc_type":"bijlage","foi_fairiscoreVersions":{"v1":1,"v2":1},"foi_fileName":"Bijlage%203%20Begrotingswijziging%204.pdf","foi_nrPages":1},{"dc_format":"application/pdf","dc_identifier":"nl.gm1954.2c.2025.2838456-6.doc.9","dc_source":"https://api1.ibabs.eu/publicdownload.aspx?site=Beekdaelen&id=a5cedf3b-bbaf-4641-b05c-22834afc3817","dc_title":"MvA technische vragen FLO B1 CDA","dc_type":"bijlage","foi_fairiscoreVersions":{"v1":1,"v2":1},"foi_fileName":"MvA%20technische%20vragen%20FLO%20B1%20CDA.pdf","foi_nrPages":4},{"dc_format":"application/pdf","dc_identifier":"nl.gm1954.2c.2025.2838456-6.doc.8","dc_source":"https://api1.ibabs.eu/publicdownload.aspx?site=Beekdaelen&id=9fb53b83-41d8-4a48-a886-95b3f8af8c4a","dc_title":"MvA technische vragen FLO B1 KolleeRijkx","dc_type":"bijlage","foi_fairiscoreVersions":{"v1":1,"v2":1},"foi_fileName":"MvA%20technische%20vragen%20FLO%20B1%20KolleeRijkx.pdf","foi_nrPages":1},{"dc_format":"application/pdf","dc_identifier":"nl.gm1954.2c.2025.2838456-6.doc.7","dc_source":"https://api1.ibabs.eu/publicdownload.aspx?site=Beekdaelen&id=1f2751e4-94a6-4e37-9f9f-4274bc6448af","dc_title":"MvA technische vragen FLO B1 PvdA","dc_type":"bijlage","foi_fairiscoreVersions":{"v1":1,"v2":1},"foi_fileName":"MvA%20technische%20vragen%20FLO%20B1%20PvdA.pdf","foi_nrPages":1},{"dc_format":"application/pdf","dc_identifier":"nl.gm1954.2c.2025.2838456-6.doc.6","dc_source":"https://api1.ibabs.eu/publicdownload.aspx?site=Beekdaelen&id=6a08e447-a04f-46ae-a216-4f9dd5d9dc8d","dc_title":"MvA technische vragen FLO B1 VG","dc_type":"bijlage","foi_fairiscoreVersions":{"v1":1,"v2":1},"foi_fileName":"MvA%20technische%20vragen%20FLO%20B1%20VG.pdf","foi_nrPages":1},{"dc_format":"application/pdf","dc_identifier":"nl.gm1954.2c.2025.2838456-6.doc.5","dc_source":"https://api1.ibabs.eu/publicdownload.aspx?site=Beekdaelen&id=ab88def9-2bf5-4474-aa7f-2017f4fe7469","dc_title":"MvA technische vragen FLO B1 VVD","dc_type":"bijlage","foi_fairiscoreVersions":{"v1":1,"v2":1},"foi_fileName":"MvA%20technische%20vragen%20FLO%20B1%20VVD.pdf","foi_nrPages":1},{"dc_format":"application/pdf","dc_identifier":"nl.gm1954.2c.2025.2838456-6.doc.3","dc_source":"https://api1.ibabs.eu/publicdownload.aspx?site=Beekdaelen&id=dc09d969-e484-42b9-8ffd-2a1f38f8e4cc","dc_title":"Bijlage 2: Verordening verduurzaming Bloemenbuurt","dc_type":"bijlage","foi_fairiscoreVersions":{"v1":1,"v2":1},"foi_fileName":"Verordening%20verduurzaming%20Bloemenbuurt.pdf","foi_nrPages":4}],"foi_nrDocuments":15,"foi_nrPagesInDossier":19,"foi_publishedDate":"2025-04-03","foi_retrievedDate":"2026-01-23"},{"dc_creator":"HandelingScraper_v1","dc_date_year":2025,"dc_description":"Vergadering van de Gemeente Beekdaelen op 2025-04-03. Onderdeel: Raadsvoorstel inzake: Vaststelling bestemmingsplan Centrumplan III 2de herziening Schimmert.","dc_identifier":"nl.gm1954.2c.2025.2838456-7","dc_publisher":"gm1954","dc_source":"https://beekdaelen.bestuurlijkeinformatie.nl/Agenda/Index/cb22327e-fe2e-4282-9e05-da31f60e12c0","dc_title":"Raadscommissie Fysieke Leefomgeving 2025-04-03 - Raadsvoorstel inzake: Vaststelling bestemmingsplan Centrumplan III 2de herziening Schimmert","dc_type":"2c","dc_type_description":"Vergaderstuk decentrale overheid","foi_fairiscoreVersions":{"v1":null,"v2":null},"foi_files":[{"dc_format":"application/octet-stream","dc_identifier":"nl.gm1954.2c.2025.2838456-7.doc.15","dc_source":"https://api1.ibabs.eu/publicdownload.aspx?site=Beekdaelen&id=f4394219-2e32-4081-9544-d6712f8c596c","dc_title":"B2 1e termijn","dc_type":"bijlage","foi_fileName":"B2%201e%20termijn.mp3"},{"dc_format":"application/octet-stream","dc_identifier":"nl.gm1954.2c.2025.2838456-7.doc.17","dc_source":"https://api1.ibabs.eu/publicdownload.aspx?site=Beekdaelen&id=f00406ef-c4f2-4052-b357-c8e459482200","dc_title":"B2 2e termijn incl beantwoording","dc_type":"bijlage","foi_fileName":"B2%202e%20termijn%20incl%20beantwoording.mp3"},{"dc_format":"application/octet-stream","dc_identifier":"nl.gm1954.2c.2025.2838456-7.doc.18","dc_source":"https://api1.ibabs.eu/publicdownload.aspx?site=Beekdaelen&id=f16a20b7-826b-4930-bf79-383b322dac9e","dc_title":"B2 advies commissie","dc_type":"bijlage","foi_fileName":"B2%20advies%20commissie.mp3"},{"dc_format":"application/octet-stream","dc_identifier":"nl.gm1954.2c.2025.2838456-7.doc.16","dc_source":"https://api1.ibabs.eu/publicdownload.aspx?site=Beekdaelen&id=edb8ff6f-782b-4cba-9e82-822cca859b4c","dc_title":"B2 beantwoording 1e termijn","dc_type":"bijlage","foi_fileName":"B2%20beantwoording%201e%20termijn.mp3"},{"dc_format":"application/pdf","dc_identifier":"nl.gm1954.2c.2025.2838456-7.doc.3","dc_source":"https://api1.ibabs.eu/publicdownload.aspx?site=Beekdaelen&id=a1a2c5e7-b280-427b-b0d8-2419fa2efcea","dc_title":"Bijlage 1_ Nota van zienswijze (Geanonimiseerd)","dc_type":"bijlage","foi_fileName":"Bijlage%201_%20Nota%20van%20zienswijze%20%28Geanonimiseerd%29%20%282%29.pdf"},{"dc_format":"application/pdf","dc_identifier":"nl.gm1954.2c.2025.2838456-7.doc.13","dc_source":"https://api1.ibabs.eu/publicdownload.aspx?site=Beekdaelen&id=d887b63c-32cc-4d95-a7fc-e3a7df66bd29","dc_title":"MvA technische vragen FLO B2 CDA","dc_type":"bijlage","foi_fileName":"MvA%20technische%20vragen%20FLO%20B2%20CDA.pdf"},{"dc_format":"application/pdf","dc_identifier":"nl.gm1954.2c.2025.2838456-7.doc.14","dc_source":"https://api1.ibabs.eu/publicdownload.aspx?site=Beekdaelen&id=ab8330b3-0b70-43be-bbef-2cb98cfc6f0a","dc_title":"MvA technische vragen FLO B2 D66","dc_type":"bijlage","foi_fileName":"MvA%20technische%20vragen%20FLO%20B2%20D66.pdf"},{"dc_format":"application/pdf","dc_identifier":"nl.gm1954.2c.2025.2838456-7.doc.12","dc_source":"https://api1.ibabs.eu/publicdownload.aspx?site=Beekdaelen&id=434395e7-669f-4437-9158-7c581581446e","dc_title":"MvA technische vragen FLO B2 Koll\u00e9e Rijkx","dc_type":"bijlage","foi_fileName":"MvA%20technische%20vragen%20FLO%20B2%20Koll%C3%A9e%20Rijkx.pdf"},{"dc_format":"application/pdf","dc_identifier":"nl.gm1954.2c.2025.2838456-7.doc.11","dc_source":"https://api1.ibabs.eu/publicdownload.aspx?site=Beekdaelen&id=b9016249-476e-4e0f-9de3-b3089a17bc36","dc_title":"MvA technische vragen FLO B2 VG","dc_type":"bijlage","foi_fileName":"MvA%20technische%20vragen%20FLO%20B2%20VG.pdf"},{"dc_format":"application/pdf","dc_identifier":"nl.gm1954.2c.2025.2838456-7.doc.10","dc_source":"https://api1.ibabs.eu/publicdownload.aspx?site=Beekdaelen&id=8d640d76-5532-48d3-8390-224f8413e25e","dc_title":"MvA technische vragen FLO B2 VVD","dc_type":"bijlage","foi_fileName":"MvA%20technische%20vragen%20FLO%20B2%20VVD.pdf"},{"dc_format":"application/pdf","dc_identifier":"nl.gm1954.2c.2025.2838456-7.doc.2","dc_source":"https://api1.ibabs.eu/publicdownload.aspx?site=Beekdaelen&id=331330cd-9742-4844-8bc0-59debea9f8b2","dc_title":"Raadsbesluit Vaststelling bestemmingsplan Schimmert III 2e herziening Schimmert","dc_type":"bijlage","foi_fileName":"Raadsbesluit%20Definitief.pdf"},{"dc_format":"application/pdf","dc_identifier":"nl.gm1954.2c.2025.2838456-7.doc.1","dc_source":"https://api1.ibabs.eu/publicdownload.aspx?site=Beekdaelen&id=45619895-dd57-4798-94bd-30d672f8cbdf","dc_title":"Raadsvoorstel Vaststelling bestemmingsplan Schimmert III 2e herziening Schimmert","dc_type":"bijlage","foi_fileName":"Raadsvoorstel%20Definitief.pdf"},{"dc_format":"application/pdf","dc_identifier":"nl.gm1954.2c.2025.2838456-7.doc.6","dc_source":"https://api1.ibabs.eu/publicdownload.aspx?site=Beekdaelen&id=78aa5459-1496-4259-be54-3966ccaa3efb","dc_title":"Bijlage 3b: Bijlagen bij de toelichting bestemmingsplan","dc_type":"bijlage","foi_fileName":"Z%2F22%2F170666%20-%20352261.pdf"},{"dc_format":"application/pdf","dc_identifier":"nl.gm1954.2c.2025.2838456-7.doc.9","dc_source":"https://api1.ibabs.eu/publicdownload.aspx?site=Beekdaelen&id=5694a55c-6ccb-478f-942d-2f93143c4554","dc_title":"Bijlage 3e: bestemmingsplan verbeelding","dc_type":"bijlage","foi_fileName":"Z%2F22%2F170666%20-%20383198.pdf"},{"dc_format":"application/pdf","dc_identifier":"nl.gm1954.2c.2025.2838456-7.doc.8","dc_source":"https://api1.ibabs.eu/publicdownload.aspx?site=Beekdaelen&id=8f158086-948b-45b8-b4e5-c3f33e8158f8","dc_title":"Bijlage 3d: Bijlagen bij de regels bestemmingsplan","dc_type":"bijlage","foi_fileName":"Z%2F22%2F170666%20-%20383198.pdf"},{"dc_format":"application/pdf","dc_identifier":"nl.gm1954.2c.2025.2838456-7.doc.7","dc_source":"https://api1.ibabs.eu/publicdownload.aspx?site=Beekdaelen&id=4b580ba7-c131-4353-9836-f5edd7742ab6","dc_title":"Bijlage 3c: bestemmingsplan Regels","dc_type":"bijlage","foi_fileName":"Z%2F22%2F170666%20-%20383198.pdf"},{"dc_format":"application/pdf","dc_identifier":"nl.gm1954.2c.2025.2838456-7.doc.5","dc_source":"https://api1.ibabs.eu/publicdownload.aspx?site=Beekdaelen&id=b39a0460-9abe-44ad-9312-2ae397dafbb7","dc_title":"Bijlage 3a: bestemmingsplan toelichting","dc_type":"bijlage","foi_fileName":"Z%2F22%2F170666%20-%20383198.pdf"},{"dc_format":"application/pdf","dc_identifier":"nl.gm1954.2c.2025.2838456-7.doc.4","dc_source":"https://api1.ibabs.eu/publicdownload.aspx?site=Beekdaelen&id=2941dfe2-4c97-457b-9dbc-1b57b02cf629","dc_title":"Bijlage 2: Bijgesteld stedenbouwkundigplan","dc_type":"bijlage","foi_fileName":"Z%2F22%2F170666%20-%20383769.pdf"}],"foi_nrDocuments":18,"foi_nrPagesInDossier":0,"foi_publishedDate":"2025-04-03","foi_retrievedDate":"2025-11-30"},{"dc_creator":"HandelingScraper_v1","dc_date_year":2025,"dc_description":"Vergadering van de Gemeente Beekdaelen op 2025-04-03. Onderdeel: Raadsvoorstel inzake: Uitvoeringskosten Participatiewet.","dc_identifier":"nl.gm1954.2c.2025.2838456-8","dc_publisher":"gm1954","dc_source":"https://beekdaelen.bestuurlijkeinformatie.nl/Agenda/Index/cb22327e-fe2e-4282-9e05-da31f60e12c0","dc_title":"Raadscommissie Fysieke Leefomgeving 2025-04-03 - Raadsvoorstel inzake: Uitvoeringskosten Participatiewet","dc_type":"2c","dc_type_description":"Vergaderstuk decentrale overheid","foi_fairiscoreVersions":{"v1":1,"v2":1},"foi_files":[{"dc_format":"application/pdf","dc_identifier":"nl.gm1954.2c.2025.2838456-8.doc.2","dc_source":"https://api1.ibabs.eu/publicdownload.aspx?site=Beekdaelen&id=c7385dbe-65b6-4168-a066-3cc8f3815037","dc_title":"Bijlage 1 Raadsbesluit aangaande uitvoeringskosten participatiewet","dc_type":"bijlage","foi_fairiscoreVersions":{"v1":1,"v2":1},"foi_fileName":"Bijlage%201%20Raadsbesluit%20aangaande%20uitvoeringskosten%20participatiewet.pdf","foi_nrPages":1},{"dc_format":"application/pdf","dc_identifier":"nl.gm1954.2c.2025.2838456-8.doc.3","dc_source":"https://api1.ibabs.eu/publicdownload.aspx?site=Beekdaelen&id=657f9852-dca8-4fa2-8212-253edee2e36d","dc_title":"Bijlage 2_ Gemeenschappelijke regeling van Kompas","dc_type":"bijlage","foi_fairiscoreVersions":{"v1":1,"v2":1},"foi_fileName":"Bijlage%202_%20Gemeenschappelijke%20regeling%20van%20Kompas.pdf","foi_nrPages":13},{"dc_format":"application/pdf","dc_identifier":"nl.gm1954.2c.2025.2838456-8.doc.4","dc_source":"https://api1.ibabs.eu/publicdownload.aspx?site=Beekdaelen&id=2c330123-e5fd-4f43-84d9-0d60b4ad2805","dc_title":"Bijlage 3_ Begrotingswijziging","dc_type":"bijlage","foi_fairiscoreVersions":{"v1":1,"v2":1},"foi_fileName":"Bijlage%203_%20Begrotingswijziging.pdf","foi_nrPages":1},{"dc_format":"application/octet-stream","dc_identifier":"nl.gm1954.2c.2025.2838456-8.doc.11","dc_source":"https://api1.ibabs.eu/publicdownload.aspx?site=Beekdaelen&id=fe6f3837-0a0e-4a5d-9b6e-4256686805ca","dc_title":"C1 1e termijn","dc_type":"bijlage","foi_fileName":"C1%201e%20termijn.mp3","foi_nrPages":1},{"dc_format":"application/octet-stream","dc_identifier":"nl.gm1954.2c.2025.2838456-8.doc.13","dc_source":"https://api1.ibabs.eu/publicdownload.aspx?site=Beekdaelen&id=fc7cea29-af4f-4db7-869b-155aad865ddb","dc_title":"C1 2e termijn","dc_type":"bijlage","foi_fileName":"C1%202e%20termijn.mp3","foi_nrPages":1},{"dc_format":"application/octet-stream","dc_identifier":"nl.gm1954.2c.2025.2838456-8.doc.17","dc_source":"https://api1.ibabs.eu/publicdownload.aspx?site=Beekdaelen&id=6a78e61c-a6bb-472d-a9e5-aa778446658a","dc_title":"C1 advies commissie","dc_type":"bijlage","foi_fileName":"C1%20advies%20commissie.mp3","foi_nrPages":1},{"dc_format":"application/octet-stream","dc_identifier":"nl.gm1954.2c.2025.2838456-8.doc.12","dc_source":"https://api1.ibabs.eu/publicdownload.aspx?site=Beekdaelen&id=39cb91b0-cb94-4d2b-8e98-55b7bc37082e","dc_title":"C1 beantwoording 1e termijn","dc_type":"bijlage","foi_fileName":"C1%20beantwoording%201e%20termijn.mp3","foi_nrPages":1},{"dc_format":"application/octet-stream","dc_identifier":"nl.gm1954.2c.2025.2838456-8.doc.14","dc_source":"https://api1.ibabs.eu/publicdownload.aspx?site=Beekdaelen&id=6a9acbe4-9fa3-43dc-bed8-cc3b779c7132","dc_title":"C1 beantwoording 2e termijn I (interruptie)","dc_type":"bijlage","foi_fileName":"C1%20beantwoording%202e%20termijn%20I%20%28interruptie%29.mp3","foi_nrPages":1},{"dc_format":"application/octet-stream","dc_identifier":"nl.gm1954.2c.2025.2838456-8.doc.15","dc_source":"https://api1.ibabs.eu/publicdownload.aspx?site=Beekdaelen&id=327aa2ca-2b87-425e-8cb2-f8330dd2a09a","dc_title":"C1 beantwoording 2e termijn II (interruptie)","dc_type":"bijlage","foi_fileName":"C1%20beantwoording%202e%20termijn%20II%20%28interruptie%29.mp3","foi_nrPages":1},{"dc_format":"application/octet-stream","dc_identifier":"nl.gm1954.2c.2025.2838456-8.doc.16","dc_source":"https://api1.ibabs.eu/publicdownload.aspx?site=Beekdaelen&id=0e53bf47-3676-4030-b8d6-8cda4e290d85","dc_title":"C1 beantwoording 2e termijn op interrupties","dc_type":"bijlage","foi_fileName":"C1%20beantwoording%202e%20termijn%20op%20interrupties.mp3","foi_nrPages":1},{"dc_format":"application/pdf","dc_identifier":"nl.gm1954.2c.2025.2838456-8.doc.10","dc_source":"https://api1.ibabs.eu/publicdownload.aspx?site=Beekdaelen&id=d10e54ed-ea15-4f71-8fea-be2eca837718","dc_title":"MvA technische vragen SLO C1 BL","dc_type":"bijlage","foi_fairiscoreVersions":{"v1":1,"v2":1},"foi_fileName":"MvA%20technische%20vragen%20SLO%20C1%20BL.pdf","foi_nrPages":3},{"dc_format":"application/pdf","dc_identifier":"nl.gm1954.2c.2025.2838456-8.doc.9","dc_source":"https://api1.ibabs.eu/publicdownload.aspx?site=Beekdaelen&id=7d83c051-69c9-49cb-8fb1-6ada7977e945","dc_title":"MvA technische vragen SLO C1 D66","dc_type":"bijlage","foi_fairiscoreVersions":{"v1":1,"v2":1},"foi_fileName":"MvA%20technische%20vragen%20SLO%20C1%20D66.pdf","foi_nrPages":2},{"dc_format":"application/pdf","dc_identifier":"nl.gm1954.2c.2025.2838456-8.doc.8","dc_source":"https://api1.ibabs.eu/publicdownload.aspx?site=Beekdaelen&id=e7b1da53-5c4a-4d79-9268-e96211cf6ae0","dc_title":"MvA technische vragen SLO C1 Koll\u00e9eRijkx","dc_type":"bijlage","foi_fairiscoreVersions":{"v1":1,"v2":1},"foi_fileName":"MvA%20technische%20vragen%20SLO%20C1%20Koll%C3%A9eRijkx.pdf","foi_nrPages":1},{"dc_format":"application/pdf","dc_identifier":"nl.gm1954.2c.2025.2838456-8.doc.7","dc_source":"https://api1.ibabs.eu/publicdownload.aspx?site=Beekdaelen&id=4d1ff4b0-f261-45f3-81b5-6034a7d3f399","dc_title":"MvA technische vragen SLO C1 PvdA","dc_type":"bijlage","foi_fairiscoreVersions":{"v1":1,"v2":1},"foi_fileName":"MvA%20technische%20vragen%20SLO%20C1%20PvdA.pdf","foi_nrPages":2},{"dc_format":"application/pdf","dc_identifier":"nl.gm1954.2c.2025.2838456-8.doc.6","dc_source":"https://api1.ibabs.eu/publicdownload.aspx?site=Beekdaelen&id=eb551b58-28c6-40df-95bf-1769739bbb28","dc_title":"MvA technische vragen SLO C1 VG","dc_type":"bijlage","foi_fairiscoreVersions":{"v1":1,"v2":1},"foi_fileName":"MvA%20technische%20vragen%20SLO%20C1%20VG.pdf","foi_nrPages":2},{"dc_format":"application/pdf","dc_identifier":"nl.gm1954.2c.2025.2838456-8.doc.5","dc_source":"https://api1.ibabs.eu/publicdownload.aspx?site=Beekdaelen&id=0b9d4896-6843-4f27-99bb-3f08d9b1d3bb","dc_title":"MvA technische vragen SLO C1 VVD","dc_type":"bijlage","foi_fairiscoreVersions":{"v1":1,"v2":1},"foi_fileName":"MvA%20technische%20vragen%20SLO%20C1%20VVD.pdf","foi_nrPages":4},{"dc_format":"application/pdf","dc_identifier":"nl.gm1954.2c.2025.2838456-8.doc.1","dc_source":"https://api1.ibabs.eu/publicdownload.aspx?site=Beekdaelen&id=b1f68111-8301-499f-9c49-5a52719c4034","dc_title":"Raadsvoorstel aangaande uitvoeringskosten Participatiewet","dc_type":"bijlage","foi_fairiscoreVersions":{"v1":1,"v2":1},"foi_fileName":"Raadsvoorstel%20aangaande%20uitvoeringskosten%20Participatiewet.pdf","foi_nrPages":2}],"foi_nrDocuments":17,"foi_nrPagesInDossier":38,"foi_publishedDate":"2025-04-03","foi_retrievedDate":"2026-03-04"},{"dc_creator":"HandelingScraper_v1","dc_date_year":2025,"dc_description":"Vergadering van de Gemeente Beekdaelen op 2025-04-03. Onderdeel: Rondvraag Fysieke Leefomgeving.","dc_identifier":"nl.gm1954.2c.2025.2838456-9","dc_publisher":"gm1954","dc_source":"https://beekdaelen.bestuurlijkeinformatie.nl/Agenda/Index/cb22327e-fe2e-4282-9e05-da31f60e12c0","dc_title":"Raadscommissie Fysieke Leefomgeving 2025-04-03 - Rondvraag Fysieke Leefomgeving","dc_type":"2c","dc_type_description":"Vergaderstuk decentrale overheid","foi_fairiscoreVersions":{"v1":null,"v2":null},"foi_files":[{"dc_format":"application/octet-stream","dc_identifier":"nl.gm1954.2c.2025.2838456-9.doc.1","dc_source":"https://api1.ibabs.eu/publicdownload.aspx?site=Beekdaelen&id=ba4951cc-e14f-43ac-9845-e4ac4b049e17","dc_title":"D Rondvraag FLO","dc_type":"bijlage","foi_fileName":"D%20Rondvraag%20FLO.mp3","foi_nrPages":1}],"foi_nrDocuments":1,"foi_nrPagesInDossier":1,"foi_publishedDate":"2025-04-03","foi_retrievedDate":"2026-03-04"},{"dc_creator":"HandelingScraper_v1","dc_date_year":2025,"dc_description":"Vergadering van de Gemeente Beekdaelen op 2025-04-15. Onderdeel: Opening.","dc_identifier":"nl.gm1954.2c.2025.2838538-1","dc_publisher":"gm1954","dc_source":"https://beekdaelen.bestuurlijkeinformatie.nl/Agenda/Index/214fead9-015e-430c-ad43-b50b47b57dc5","dc_title":"Raadsvergadering 2025-04-15 - Opening","dc_type":"2c","dc_type_description":"Vergaderstuk decentrale overheid","foi_fairiscoreVersions":{"v1":1,"v2":1},"foi_files":[{"dc_format":"application/pdf","dc_identifier":"nl.gm1954.2c.2025.2838538-1.doc.1","dc_source":"https://api1.ibabs.eu/publicdownload.aspx?site=Beekdaelen&id=3354e8b9-5396-4035-9d0a-cd5b6d5c7b10","dc_title":"Uitnodiging en voorlopige agenda raadsvergadering 15 april 2025","dc_type":"bijlage","foi_fairiscoreVersions":{"v1":1,"v2":1},"foi_fileName":"Uitnodiging%20en%20voorlopige%20agenda%20raadsvergadering%2015%20april%202025.pdf","foi_nrPages":2}],"foi_nrDocuments":1,"foi_nrPagesInDossier":2,"foi_publishedDate":"2025-04-15","foi_retrievedDate":"2026-03-02"},{"dc_creator":"HandelingScraper_v1","dc_date_year":2025,"dc_description":"Vergadering van de Gemeente Beekdaelen op 2025-04-15. Onderdeel: Amendement Beekdaelen Lokaal, Vernieuwingsgroep, CDA,D66, VVD en Koll\u00e9e -Rijkx inzake uitvoeringskosten participatiewet.","dc_identifier":"nl.gm1954.2c.2025.2838538-10","dc_publisher":"gm1954","dc_source":"https://beekdaelen.bestuurlijkeinformatie.nl/Agenda/Index/214fead9-015e-430c-ad43-b50b47b57dc5","dc_title":"Raadsvergadering 2025-04-15 - Amendement Beekdaelen Lokaal, Vernieuwingsgroep, CDA,D66, VVD en Koll\u00e9e -Rijkx inzake uitvoeringskosten participatiewet","dc_type":"2c","dc_type_description":"Vergaderstuk decentrale overheid","foi_fairiscoreVersions":{"v1":1,"v2":1},"foi_files":[{"dc_format":"application/pdf","dc_identifier":"nl.gm1954.2c.2025.2838538-10.doc.1","dc_source":"https://api1.ibabs.eu/publicdownload.aspx?site=Beekdaelen&id=00d3cbb0-18ac-4baa-bf03-6b29e757b38c","dc_title":"Amendement BL, VG, CDA, D66, VVD en Kollee-Rijkx inzake Uitvoeringskosten Participatiewet (aangenomen)","dc_type":"bijlage","foi_fairiscoreVersions":{"v1":1,"v2":1},"foi_fileName":"Amendement%20BL_%20VG_%20CDA_%20D66_%20VVD%20en%20Kollee-Rijkx%20inzake%20Uitvoeringskosten%20Participatiewet%20%28aangenomen%29.pdf","foi_nrPages":2},{"dc_format":"application/pdf","dc_identifier":"nl.gm1954.2c.2025.2838538-10.doc.2","dc_source":"https://api1.ibabs.eu/publicdownload.aspx?site=Beekdaelen&id=af27ed1d-d566-4a07-b316-7ecdc96298fd","dc_title":"Amendement BL, VG en CDA inzake Uitvoeringskosten Participatiewet VERVALLEN","dc_type":"bijlage","foi_fairiscoreVersions":{"v1":1,"v2":1},"foi_fileName":"Amendement%20BL_%20VG%20en%20CDA%20inzake%20Uitvoeringskosten%20Participatiewet.pdf","foi_nrPages":1}],"foi_nrDocuments":2,"foi_nrPagesInDossier":3,"foi_publishedDate":"2025-04-15","foi_retrievedDate":"2026-03-05"},{"dc_creator":"HandelingScraper_v1","dc_date_year":2025,"dc_description":"Vergadering van de Gemeente Beekdaelen op 2025-04-15. Onderdeel: Vaststelling lijst ingekomen stukken.","dc_identifier":"nl.gm1954.2c.2025.2838538-11","dc_publisher":"gm1954","dc_source":"https://beekdaelen.bestuurlijkeinformatie.nl/Agenda/Index/214fead9-015e-430c-ad43-b50b47b57dc5","dc_title":"Raadsvergadering 2025-04-15 - Vaststelling lijst ingekomen stukken","dc_type":"2c","dc_type_description":"Vergaderstuk decentrale overheid","foi_fairiscoreVersions":{"v1":1,"v2":1},"foi_files":[{"dc_format":"application/pdf","dc_identifier":"nl.gm1954.2c.2025.2838538-11.doc.1","dc_source":"https://api1.ibabs.eu/publicdownload.aspx?site=Beekdaelen&id=bac7961a-1377-4b62-a096-91e2c9ea3943","dc_title":"Lijst ingekomen stukken raad - vastgesteld 15-04-2025","dc_type":"bijlage","foi_fairiscoreVersions":{"v1":1,"v2":1},"foi_fileName":"Lijst%20ingekomen%20stukken%20raad.pdf","foi_nrPages":6}],"foi_nrDocuments":1,"foi_nrPagesInDossier":6,"foi_publishedDate":"2025-04-15","foi_retrievedDate":"2026-03-06"},{"dc_creator":"HandelingScraper_v1","dc_date_year":2025,"dc_description":"Vergadering van de Gemeente Beekdaelen op 2025-04-15. Onderdeel: Motie vreemd aan de orde van de dag Vernieuwingsgroep en CDA inzake noodpakketten.","dc_identifier":"nl.gm1954.2c.2025.2838538-12","dc_publisher":"gm1954","dc_source":"https://beekdaelen.bestuurlijkeinformatie.nl/Agenda/Index/214fead9-015e-430c-ad43-b50b47b57dc5","dc_title":"Raadsvergadering 2025-04-15 - Motie vreemd aan de orde van de dag Vernieuwingsgroep en CDA inzake noodpakketten","dc_type":"2c","dc_type_description":"Vergaderstuk decentrale overheid","foi_fairiscoreVersions":{"v1":1,"v2":1},"foi_files":[{"dc_format":"application/pdf","dc_identifier":"nl.gm1954.2c.2025.2838538-12.doc.1","dc_source":"https://api1.ibabs.eu/publicdownload.aspx?site=Beekdaelen&id=1bfee10f-0af8-479e-8a70-7b2284191858","dc_title":"Motie VG en CDA inzake noodpakketten (aangehouden)","dc_type":"bijlage","foi_fairiscoreVersions":{"v1":1,"v2":1},"foi_fileName":"Motie%20VG%20en%20CDA%20inzake%20noodpakketten%20%28aangehouden%29.pdf","foi_nrPages":1}],"foi_nrDocuments":1,"foi_nrPagesInDossier":1,"foi_publishedDate":"2025-04-15","foi_retrievedDate":"2026-02-12"},{"dc_creator":"HandelingScraper_v1","dc_date_year":2025,"dc_description":"Vergadering van de Gemeente Beekdaelen op 2025-04-15. Onderdeel: Geamendeerde motie GroenLinks en PvdA inzake noodpakketten.","dc_identifier":"nl.gm1954.2c.2025.2838538-13","dc_publisher":"gm1954","dc_source":"https://beekdaelen.bestuurlijkeinformatie.nl/Agenda/Index/214fead9-015e-430c-ad43-b50b47b57dc5","dc_title":"Raadsvergadering 2025-04-15 - Geamendeerde motie GroenLinks en PvdA inzake noodpakketten","dc_type":"2c","dc_type_description":"Vergaderstuk decentrale overheid","foi_fairiscoreVersions":{"v1":1,"v2":1},"foi_files":[{"dc_format":"application/pdf","dc_identifier":"nl.gm1954.2c.2025.2838538-13.doc.1","dc_source":"https://api1.ibabs.eu/publicdownload.aspx?site=Beekdaelen&id=7f319de5-e680-45c8-8690-7adcd0921a99","dc_title":"Geamendeerde motie GroenLinks en PvdA inzake noodpakketten (aangehouden)","dc_type":"bijlage","foi_fairiscoreVersions":{"v1":1,"v2":1},"foi_fileName":"Geamendeerde%20Motie%20inzake%20noodpakketten%20%28aangehouden%29.pdf","foi_nrPages":1}],"foi_nrDocuments":1,"foi_nrPagesInDossier":1,"foi_publishedDate":"2025-04-15","foi_retrievedDate":"2026-03-04"},{"dc_creator":"HandelingScraper_v1","dc_date_year":2025,"dc_description":"Vergadering van de Gemeente Beekdaelen op 2025-04-15. Onderdeel: Vaststellen besluitenlijst openbare en besloten raadsvergadering d.d. 11 maart 2025.","dc_identifier":"nl.gm1954.2c.2025.2838538-2","dc_publisher":"gm1954","dc_source":"https://beekdaelen.bestuurlijkeinformatie.nl/Agenda/Index/214fead9-015e-430c-ad43-b50b47b57dc5","dc_title":"Raadsvergadering 2025-04-15 - Vaststellen besluitenlijst openbare en besloten raadsvergadering d.d. 11 maart 2025","dc_type":"2c","dc_type_description":"Vergaderstuk decentrale overheid","foi_fairiscoreVersions":{"v1":1,"v2":1},"foi_files":[{"dc_format":"application/pdf","dc_identifier":"nl.gm1954.2c.2025.2838538-2.doc.1","dc_source":"https://api1.ibabs.eu/publicdownload.aspx?site=Beekdaelen&id=51a79dc2-02ba-4458-a1eb-91cdb76eed16","dc_title":"Besluitenlijst raadsvergadering 11032025 - vastgesteld 15-04-2025","dc_type":"bijlage","foi_fairiscoreVersions":{"v1":1,"v2":1},"foi_fileName":"Besluitenlijst%20raadsvergadering%2011032025.pdf","foi_nrPages":7}],"foi_nrDocuments":1,"foi_nrPagesInDossier":7,"foi_publishedDate":"2025-04-15","foi_retrievedDate":"2026-03-03"},{"dc_creator":"HandelingScraper_v1","dc_date_year":2025,"dc_description":"Vergadering van de Gemeente Beekdaelen op 2025-04-15. Onderdeel: Voorstel inzake benoeming dhr. Hermans als tijdelijk raadslid ivm vervanging dhr. Pieper.","dc_identifier":"nl.gm1954.2c.2025.2838538-3","dc_publisher":"gm1954","dc_source":"https://beekdaelen.bestuurlijkeinformatie.nl/Agenda/Index/214fead9-015e-430c-ad43-b50b47b57dc5","dc_title":"Raadsvergadering 2025-04-15 - Voorstel inzake benoeming dhr. Hermans als tijdelijk raadslid ivm vervanging dhr. Pieper","dc_type":"2c","dc_type_description":"Vergaderstuk decentrale overheid","foi_fairiscoreVersions":{"v1":1,"v2":1},"foi_files":[{"dc_format":"application/pdf","dc_identifier":"nl.gm1954.2c.2025.2838538-3.doc.2","dc_source":"https://api1.ibabs.eu/publicdownload.aspx?site=Beekdaelen&id=8d666e2d-2970-4bfd-a30a-7eab6c324fb8","dc_title":"Raadsbesluit inzake tijdelijke vervanging raadslid Vernieuwingsgroep - vastgesteld 15-04-2025","dc_type":"bijlage","foi_fairiscoreVersions":{"v1":1,"v2":1},"foi_fileName":"Raadsbesluit%20inzake%20tijdelijke%20vervanging%20raadslid%20Vernieuwingsgroep.pdf","foi_nrPages":1},{"dc_format":"application/pdf","dc_identifier":"nl.gm1954.2c.2025.2838538-3.doc.1","dc_source":"https://api1.ibabs.eu/publicdownload.aspx?site=Beekdaelen&id=b54363d1-0999-4782-99ab-6c2f63c1b352","dc_title":"Raadsvoorstel inzake tijdelijke vervanging raadslid Vernieuwingsgroep","dc_type":"bijlage","foi_fairiscoreVersions":{"v1":1,"v2":1},"foi_fileName":"Raadsvoorstel%20inzake%20tijdelijke%20vervanging%20raadslid%20Vernieuwingsgroep.pdf","foi_nrPages":2}],"foi_nrDocuments":2,"foi_nrPagesInDossier":3,"foi_publishedDate":"2025-04-15","foi_retrievedDate":"2026-02-11"},{"dc_creator":"HandelingScraper_v1","dc_date_year":2025,"dc_description":"Vergadering van de Gemeente Beekdaelen op 2025-04-15. Onderdeel: Voorstel inzake ontslag en benoeming burgercommissieleden.","dc_identifier":"nl.gm1954.2c.2025.2838538-4","dc_publisher":"gm1954","dc_source":"https://beekdaelen.bestuurlijkeinformatie.nl/Agenda/Index/214fead9-015e-430c-ad43-b50b47b57dc5","dc_title":"Raadsvergadering 2025-04-15 - Voorstel inzake ontslag en benoeming burgercommissieleden","dc_type":"2c","dc_type_description":"Vergaderstuk decentrale overheid","foi_fairiscoreVersions":{"v1":1,"v2":1},"foi_files":[{"dc_format":"application/pdf","dc_identifier":"nl.gm1954.2c.2025.2838538-4.doc.2","dc_source":"https://api1.ibabs.eu/publicdownload.aspx?site=Beekdaelen&id=37e33f63-fac8-4ec5-a075-20995d9c2ee2","dc_title":"Raadsbesluit inzake ontslag en benoeming burgercommissieleden - vastgesteld 15-04-2025","dc_type":"bijlage","foi_fairiscoreVersions":{"v1":1,"v2":1},"foi_fileName":"Raadsbesluit%20inzake%20ontslag%20en%20benoeming%20burgercommissieleden.pdf","foi_nrPages":1},{"dc_format":"application/pdf","dc_identifier":"nl.gm1954.2c.2025.2838538-4.doc.1","dc_source":"https://api1.ibabs.eu/publicdownload.aspx?site=Beekdaelen&id=9445811c-c87b-4afd-995a-f47510518df6","dc_title":"Raadsvoorstel inzake ontslag en benoeming burgercommissieleden","dc_type":"bijlage","foi_fairiscoreVersions":{"v1":1,"v2":1},"foi_fileName":"Raadsvoorstel%20inzake%20ontslag%20en%20benoeming%20burgercommissieleden.pdf","foi_nrPages":1}],"foi_nrDocuments":2,"foi_nrPagesInDossier":2,"foi_publishedDate":"2025-04-15","foi_retrievedDate":"2025-11-29"},{"dc_creator":"HandelingScraper_v1","dc_date_year":2025,"dc_description":"Vergadering van de Gemeente Beekdaelen op 2025-04-15. Onderdeel: Voorstel inzake verduurzaming Bloemenbuurt Schinveld.","dc_identifier":"nl.gm1954.2c.2025.2838538-5","dc_publisher":"gm1954","dc_source":"https://beekdaelen.bestuurlijkeinformatie.nl/Agenda/Index/214fead9-015e-430c-ad43-b50b47b57dc5","dc_title":"Raadsvergadering 2025-04-15 - Voorstel inzake verduurzaming Bloemenbuurt Schinveld","dc_type":"2c","dc_type_description":"Vergaderstuk decentrale overheid","foi_fairiscoreVersions":{"v1":1,"v2":1},"foi_files":[{"dc_format":"application/pdf","dc_identifier":"nl.gm1954.2c.2025.2838538-5.doc.2","dc_source":"https://api1.ibabs.eu/publicdownload.aspx?site=Beekdaelen&id=8ff9385d-655f-4c90-a6a6-1f475b393473","dc_title":"Nota van wijziging Project verduurzaming Bloemenbuurt Schinveld","dc_type":"bijlage","foi_fairiscoreVersions":{"v1":1,"v2":1},"foi_fileName":"Nota%20van%20wijziging%20Project%20verduurzaming%20Bloemenbuurt%20Schinveld%20%281%29.pdf","foi_nrPages":1},{"dc_format":"application/pdf","dc_identifier":"nl.gm1954.2c.2025.2838538-5.doc.3","dc_source":"https://api1.ibabs.eu/publicdownload.aspx?site=Beekdaelen&id=4e7f2a2e-9546-4b92-bee2-159bf9161a1f","dc_title":"Raadsbesluit inzake project Bloemenbuurt na NvW - vastgesteld 15-04-2025","dc_type":"bijlage","foi_fairiscoreVersions":{"v1":1,"v2":1},"foi_fileName":"Raadsbesluit%20inzake%20project%20Bloemenbuurt%20na%20NvW.pdf","foi_nrPages":1},{"dc_format":"application/pdf","dc_identifier":"nl.gm1954.2c.2025.2838538-5.doc.4","dc_source":"https://api1.ibabs.eu/publicdownload.aspx?site=Beekdaelen&id=30de4b23-72e8-4f68-ab4e-b43e3e910488","dc_title":"Subsidieverordening verduurzaming Bloemenbuurt na NvW - vastgesteld 15-04-2025","dc_type":"bijlage","foi_fairiscoreVersions":{"v1":1,"v2":1},"foi_fileName":"Subsidieverordening%20verduurzaming%20Bloemenbuurt%20na%20NvW.pdf","foi_nrPages":4},{"dc_format":"application/pdf","dc_identifier":"nl.gm1954.2c.2025.2838538-5.doc.1","dc_source":"https://api1.ibabs.eu/publicdownload.aspx?site=Beekdaelen&id=adf0508b-95fd-44df-8f20-038a6f92f285","dc_title":"Raadsvoorstel inzake Project verduurzaming Bloemenbuurt Schinveld","dc_type":"bijlage","foi_fairiscoreVersions":{"v1":1,"v2":1},"foi_fileName":"Z%2F24%2F208124%20-%20383209%20-%20Project%20verduurzaming%20Bloemenbuurt%20Schinveld.pdf","foi_nrPages":5},{"dc_format":"application/pdf","dc_identifier":"nl.gm1954.2c.2025.2838538-5.doc.5","dc_source":"https://api1.ibabs.eu/publicdownload.aspx?site=Beekdaelen&id=6cf2418d-b3b3-4b9a-9e71-9749e66b17a9","dc_title":"Raadsbesluit inzake Project verduurzaming Bloemenbuurt Schinveld VERVALLEN","dc_type":"bijlage","foi_fairiscoreVersions":{"v1":1,"v2":1},"foi_fileName":"Z%2F24%2F208124%20-%20383210%20-%20Raadsbesluit%20inzake%20project%20Bloemenbuurt.pdf","foi_nrPages":1},{"dc_format":"application/pdf","dc_identifier":"nl.gm1954.2c.2025.2838538-5.doc.6","dc_source":"https://api1.ibabs.eu/publicdownload.aspx?site=Beekdaelen&id=179071d3-2661-44ce-9d5e-d84730780003","dc_title":"Subsidieverordening verduurzaming Bloemenbuurt VERVALLEN","dc_type":"bijlage","foi_fairiscoreVersions":{"v1":1,"v2":1},"foi_fileName":"Z%2F24%2F208124%20-%20383211%20-%20Subsidieverordening%20verduurzaming%20Bloemenbuurt.pdf","foi_nrPages":4},{"dc_format":"application/pdf","dc_identifier":"nl.gm1954.2c.2025.2838538-5.doc.7","dc_source":"https://api1.ibabs.eu/publicdownload.aspx?site=Beekdaelen&id=899cd7f8-336f-44ce-aa5d-382dc30b2ccf","dc_title":"Begrotingswijziging 4.2/2025","dc_type":"bijlage","foi_fairiscoreVersions":{"v1":1,"v2":1},"foi_fileName":"Z%2F24%2F208124%20-%20383328%20-.pdf","foi_nrPages":1}],"foi_nrDocuments":7,"foi_nrPagesInDossier":17,"foi_publishedDate":"2025-04-15","foi_retrievedDate":"2025-11-29"},{"dc_creator":"HandelingScraper_v1","dc_date_year":2025,"dc_description":"Vergadering van de Gemeente Beekdaelen op 2025-04-15. Onderdeel: Vaststelling bestemmingsplan Centrumplan III 2de herziening Schimmert.","dc_identifier":"nl.gm1954.2c.2025.2838538-6","dc_publisher":"gm1954","dc_source":"https://beekdaelen.bestuurlijkeinformatie.nl/Agenda/Index/214fead9-015e-430c-ad43-b50b47b57dc5","dc_title":"Raadsvergadering 2025-04-15 - Vaststelling bestemmingsplan Centrumplan III 2de herziening Schimmert","dc_type":"2c","dc_type_description":"Vergaderstuk decentrale overheid","foi_fairiscoreVersions":{"v1":2,"v2":2},"foi_files":[{"dc_format":"application/pdf","dc_identifier":"nl.gm1954.2c.2025.2838538-6.doc.3","dc_source":"https://api1.ibabs.eu/publicdownload.aspx?site=Beekdaelen&id=a1a2c5e7-b280-427b-b0d8-2419fa2efcea","dc_title":"Bijlage 1_ Nota van zienswijze (Geanonimiseerd)","dc_type":"bijlage","foi_fairiscoreVersions":{"v1":2,"v2":2},"foi_fileName":"Bijlage%201_%20Nota%20van%20zienswijze%20%28Geanonimiseerd%29%20%282%29.pdf","foi_nrPages":12},{"dc_format":"application/pdf","dc_identifier":"nl.gm1954.2c.2025.2838538-6.doc.2","dc_source":"https://api1.ibabs.eu/publicdownload.aspx?site=Beekdaelen&id=331330cd-9742-4844-8bc0-59debea9f8b2","dc_title":"Raadsbesluit Vaststelling bestemmingsplan Schimmert III 2e herziening Schimmert","dc_type":"bijlage","foi_fairiscoreVersions":{"v1":1,"v2":1},"foi_fileName":"Raadsbesluit%20Definitief.pdf","foi_nrPages":1},{"dc_format":"application/pdf","dc_identifier":"nl.gm1954.2c.2025.2838538-6.doc.1","dc_source":"https://api1.ibabs.eu/publicdownload.aspx?site=Beekdaelen&id=45619895-dd57-4798-94bd-30d672f8cbdf","dc_title":"Raadsvoorstel Vaststelling bestemmingsplan Schimmert III 2e herziening Schimmert","dc_type":"bijlage","foi_fairiscoreVersions":{"v1":1,"v2":1},"foi_fileName":"Raadsvoorstel%20Definitief.pdf","foi_nrPages":7},{"dc_format":"application/pdf","dc_identifier":"nl.gm1954.2c.2025.2838538-6.doc.6","dc_source":"https://api1.ibabs.eu/publicdownload.aspx?site=Beekdaelen&id=78aa5459-1496-4259-be54-3966ccaa3efb","dc_title":"Bijlage 3b: Bijlagen bij de toelichting bestemmingsplan","dc_type":"bijlage","foi_fairiscoreVersions":{"v1":2,"v2":2},"foi_fileName":"Z%2F22%2F170666%20-%20352261.pdf","foi_nrPages":442},{"dc_format":"application/pdf","dc_identifier":"nl.gm1954.2c.2025.2838538-6.doc.5","dc_source":"https://api1.ibabs.eu/publicdownload.aspx?site=Beekdaelen&id=b39a0460-9abe-44ad-9312-2ae397dafbb7","dc_title":"Bijlage 3a: bestemmingsplan toelichting","dc_type":"bijlage","foi_fairiscoreVersions":{"v1":2,"v2":2},"foi_fileName":"Z%2F22%2F170666%20-%20383198.pdf","foi_nrPages":66},{"dc_format":"application/pdf","dc_identifier":"nl.gm1954.2c.2025.2838538-6.doc.7","dc_source":"https://api1.ibabs.eu/publicdownload.aspx?site=Beekdaelen&id=4b580ba7-c131-4353-9836-f5edd7742ab6","dc_title":"Bijlage 3c: bestemmingsplan Regels","dc_type":"bijlage","foi_fairiscoreVersions":{"v1":2,"v2":2},"foi_fileName":"Z%2F22%2F170666%20-%20383198.pdf","foi_nrPages":52},{"dc_format":"application/pdf","dc_identifier":"nl.gm1954.2c.2025.2838538-6.doc.8","dc_source":"https://api1.ibabs.eu/publicdownload.aspx?site=Beekdaelen&id=8f158086-948b-45b8-b4e5-c3f33e8158f8","dc_title":"Bijlage 3d: Bijlagen bij de regels bestemmingsplan","dc_type":"bijlage","foi_fairiscoreVersions":{"v1":2,"v2":2},"foi_fileName":"Z%2F22%2F170666%20-%20383198.pdf","foi_nrPages":86},{"dc_format":"application/pdf","dc_identifier":"nl.gm1954.2c.2025.2838538-6.doc.9","dc_source":"https://api1.ibabs.eu/publicdownload.aspx?site=Beekdaelen&id=5694a55c-6ccb-478f-942d-2f93143c4554","dc_title":"Bijlage 3e: bestemmingsplan verbeelding","dc_type":"bijlage","foi_fairiscoreVersions":{"v1":1,"v2":1},"foi_fileName":"Z%2F22%2F170666%20-%20383198.pdf","foi_nrPages":1},{"dc_format":"application/pdf","dc_identifier":"nl.gm1954.2c.2025.2838538-6.doc.4","dc_source":"https://api1.ibabs.eu/publicdownload.aspx?site=Beekdaelen&id=2941dfe2-4c97-457b-9dbc-1b57b02cf629","dc_title":"Bijlage 2: Bijgesteld stedenbouwkundigplan","dc_type":"bijlage","foi_fairiscoreVersions":{"v1":2,"v2":2},"foi_fileName":"Z%2F22%2F170666%20-%20383769.pdf","foi_nrPages":3}],"foi_nrDocuments":9,"foi_nrPagesInDossier":670,"foi_publishedDate":"2025-04-15","foi_retrievedDate":"2026-03-09"},{"dc_creator":"HandelingScraper_v1","dc_date_year":2025,"dc_description":"Vergadering van de Gemeente Beekdaelen op 2025-04-15. Onderdeel: Voorstel inzake kostenstijging renovatie kunstgrasvelden Olympia Schinveld en Woander Forest Merkelbeek.","dc_identifier":"nl.gm1954.2c.2025.2838538-7","dc_publisher":"gm1954","dc_source":"https://beekdaelen.bestuurlijkeinformatie.nl/Agenda/Index/214fead9-015e-430c-ad43-b50b47b57dc5","dc_title":"Raadsvergadering 2025-04-15 - Voorstel inzake kostenstijging renovatie kunstgrasvelden Olympia Schinveld en Woander Forest Merkelbeek","dc_type":"2c","dc_type_description":"Vergaderstuk decentrale overheid","foi_fairiscoreVersions":{"v1":1,"v2":1},"foi_files":[{"dc_format":"application/pdf","dc_identifier":"nl.gm1954.2c.2025.2838538-7.doc.4","dc_source":"https://api1.ibabs.eu/publicdownload.aspx?site=Beekdaelen&id=8de0c4e2-a8f2-41f8-86b2-711497559b06","dc_title":"RIB inzake renovatie kunstgras voetbalvelden Olympia Schinveld en Woander Forest Merkelbeek","dc_type":"bijlage","foi_fairiscoreVersions":{"v1":1,"v2":1},"foi_fileName":"D.pdf","foi_nrPages":2},{"dc_format":"application/pdf","dc_identifier":"nl.gm1954.2c.2025.2838538-7.doc.3","dc_source":"https://api1.ibabs.eu/publicdownload.aspx?site=Beekdaelen&id=9d6b7f77-3dc0-4b24-9c43-891799e4749d","dc_title":"Memorie van Antwoord technische vragen GL renovatie kunstgrasvelden","dc_type":"bijlage","foi_fairiscoreVersions":{"v1":1,"v2":1},"foi_fileName":"Memorie%20van%20Antwoord%20technische%20vragen%20GL%20renovatie%20kunstgrasvelden.pdf","foi_nrPages":3},{"dc_format":"application/pdf","dc_identifier":"nl.gm1954.2c.2025.2838538-7.doc.1","dc_source":"https://api1.ibabs.eu/publicdownload.aspx?site=Beekdaelen&id=5e635fe3-3dbc-44c5-819e-e5919bea4237","dc_title":"Raadsvoorstel kostenstijging renovatie kunstgrasvelden Olympia Schinveld en Woander Forest Merkelbeek","dc_type":"bijlage","foi_fairiscoreVersions":{"v1":1,"v2":1},"foi_fileName":"Z%2F24%2F208353%20-%20385389%20-%20Kostenstijging%20renovatie%20kunstgrasvelden%20Olympia%20Schinveld%20en%20Woander%20Forest%20Merkelbeek.pdf","foi_nrPages":4},{"dc_format":"application/pdf","dc_identifier":"nl.gm1954.2c.2025.2838538-7.doc.2","dc_source":"https://api1.ibabs.eu/publicdownload.aspx?site=Beekdaelen&id=878aa2b7-254a-4105-b895-5484bb7ccbed","dc_title":"Raadsbesluit kostenstijging renovatie kunstgrasvelden Olympia Schinveld en Woander Forest Merkelbeek","dc_type":"bijlage","foi_fairiscoreVersions":{"v1":1,"v2":1},"foi_fileName":"Z%2F24%2F208353%20-%20385430%20-%20Raadsbesluit%20kostenstijging%20renovatie%20kunstgrasvelden%20Olympia%20Schinveld%20en%20Woander%20Forest%20Merkelbeek.pdf","foi_nrPages":1}],"foi_nrDocuments":4,"foi_nrPagesInDossier":10,"foi_publishedDate":"2025-04-15","foi_retrievedDate":"2026-03-03"},{"dc_creator":"HandelingScraper_v1","dc_date_year":2025,"dc_description":"Vergadering van de Gemeente Beekdaelen op 2025-04-15. Onderdeel: Amendement PvdA, GL en D66 inzake kunstgrasvelden.","dc_identifier":"nl.gm1954.2c.2025.2838538-8","dc_publisher":"gm1954","dc_source":"https://beekdaelen.bestuurlijkeinformatie.nl/Agenda/Index/214fead9-015e-430c-ad43-b50b47b57dc5","dc_title":"Raadsvergadering 2025-04-15 - Amendement PvdA, GL en D66 inzake kunstgrasvelden","dc_type":"2c","dc_type_description":"Vergaderstuk decentrale overheid","foi_fairiscoreVersions":{"v1":2,"v2":1},"foi_files":[{"dc_format":"application/pdf","dc_identifier":"nl.gm1954.2c.2025.2838538-8.doc.1","dc_source":"https://api1.ibabs.eu/publicdownload.aspx?site=Beekdaelen&id=21b9d783-d0ea-429d-9fa2-ed8388c72a36","dc_title":"Amendement PvdA, GL en D66 inzake kostenstijging renovatie kunstgrasvelden (verworpen)","dc_type":"bijlage","foi_fairiscoreVersions":{"v1":2,"v2":1},"foi_fileName":"Amendement%20PvdA_%20GL%20en%20D66%20inzake%20kostenstijging%20renovatie%20kunstgrasvelden%20%28verworpen%29.pdf","foi_nrPages":2}],"foi_nrDocuments":1,"foi_nrPagesInDossier":2,"foi_publishedDate":"2025-04-15","foi_retrievedDate":"2026-03-04"},{"dc_creator":"HandelingScraper_v1","dc_date_year":2025,"dc_description":"Vergadering van de Gemeente Beekdaelen op 2025-04-15. Onderdeel: Voorstel inzake Uitvoeringskosten Participatiewet.","dc_identifier":"nl.gm1954.2c.2025.2838538-9","dc_publisher":"gm1954","dc_source":"https://beekdaelen.bestuurlijkeinformatie.nl/Agenda/Index/214fead9-015e-430c-ad43-b50b47b57dc5","dc_title":"Raadsvergadering 2025-04-15 - Voorstel inzake Uitvoeringskosten Participatiewet","dc_type":"2c","dc_type_description":"Vergaderstuk decentrale overheid","foi_fairiscoreVersions":{"v1":2,"v2":2},"foi_files":[{"dc_format":"application/pdf","dc_identifier":"nl.gm1954.2c.2025.2838538-9.doc.5","dc_source":"https://api1.ibabs.eu/publicdownload.aspx?site=Beekdaelen&id=14e10efa-4063-408f-a142-0e910d9091cf","dc_title":"Raadsbesluit inzake uitvoeringskosten Participatiewet na Nota van Wijziging VERVALLEN","dc_type":"bijlage","foi_fairiscoreVersions":{"v1":1,"v2":1},"foi_fileName":"Bijlage%201.pdf","foi_nrPages":1},{"dc_format":"application/pdf","dc_identifier":"nl.gm1954.2c.2025.2838538-9.doc.6","dc_source":"https://api1.ibabs.eu/publicdownload.aspx?site=Beekdaelen&id=c7385dbe-65b6-4168-a066-3cc8f3815037","dc_title":"Bijlage 1 Raadsbesluit aangaande uitvoeringskosten participatiewet","dc_type":"bijlage","foi_fairiscoreVersions":{"v1":1,"v2":1},"foi_fileName":"Bijlage%201%20Raadsbesluit%20aangaande%20uitvoeringskosten%20participatiewet.pdf","foi_nrPages":1},{"dc_format":"application/pdf","dc_identifier":"nl.gm1954.2c.2025.2838538-9.doc.8","dc_source":"https://api1.ibabs.eu/publicdownload.aspx?site=Beekdaelen&id=657f9852-dca8-4fa2-8212-253edee2e36d","dc_title":"Bijlage 2_ Gemeenschappelijke regeling van Kompas","dc_type":"bijlage","foi_fairiscoreVersions":{"v1":1,"v2":1},"foi_fileName":"Bijlage%202_%20Gemeenschappelijke%20regeling%20van%20Kompas.pdf","foi_nrPages":13},{"dc_format":"application/pdf","dc_identifier":"nl.gm1954.2c.2025.2838538-9.doc.9","dc_source":"https://api1.ibabs.eu/publicdownload.aspx?site=Beekdaelen&id=2c330123-e5fd-4f43-84d9-0d60b4ad2805","dc_title":"Bijlage 3_ Begrotingswijziging","dc_type":"bijlage","foi_fairiscoreVersions":{"v1":1,"v2":1},"foi_fileName":"Bijlage%203_%20Begrotingswijziging.pdf","foi_nrPages":1},{"dc_format":"application/pdf","dc_identifier":"nl.gm1954.2c.2025.2838538-9.doc.4","dc_source":"https://api1.ibabs.eu/publicdownload.aspx?site=Beekdaelen&id=0bc78a54-b8a0-4d78-9427-c1f41cac778a","dc_title":"Brief Ondernemingsraad Beekdaelen","dc_type":"bijlage","foi_fairiscoreVersions":{"v1":5,"v2":5},"foi_fileName":"Bijlage%204.pdf","foi_nrPages":1},{"dc_format":"application/pdf","dc_identifier":"nl.gm1954.2c.2025.2838538-9.doc.2","dc_source":"https://api1.ibabs.eu/publicdownload.aspx?site=Beekdaelen&id=6444347a-a50d-4eec-8ecc-fa30cdd54065","dc_title":"Nota van Wijziging","dc_type":"bijlage","foi_fairiscoreVersions":{"v1":1,"v2":1},"foi_fileName":"Bijlage%205.pdf","foi_nrPages":1},{"dc_format":"application/pdf","dc_identifier":"nl.gm1954.2c.2025.2838538-9.doc.12","dc_source":"https://api1.ibabs.eu/publicdownload.aspx?site=Beekdaelen&id=d3ce4c1b-08d3-495b-8382-47a383e1bf22","dc_title":"Brief ASD op onderzoek toekomst uitvoering werk en inkomen","dc_type":"bijlage","foi_fairiscoreVersions":{"v1":1,"v2":1},"foi_fileName":"Brief%20ASD%20op%20onderzoek%20toekomst%20uitvoering%20werk%20en%20inkomen.pdf","foi_nrPages":1},{"dc_format":"application/pdf","dc_identifier":"nl.gm1954.2c.2025.2838538-9.doc.10","dc_source":"https://api1.ibabs.eu/publicdownload.aspx?site=Beekdaelen&id=b48cf34b-61b0-4311-8bc4-53829454df2c","dc_title":"Brief inzake antwoord AB Kompas inzake vraag VVD","dc_type":"bijlage","foi_fairiscoreVersions":{"v1":2,"v2":2},"foi_fileName":"Brief%20inzake%20antwoord%20AB%20Kompas%20inzake%20vraag%20VVD%28vz%29.pdf","foi_nrPages":1},{"dc_format":"application/pdf","dc_identifier":"nl.gm1954.2c.2025.2838538-9.doc.11","dc_source":"https://api1.ibabs.eu/publicdownload.aspx?site=Beekdaelen&id=231e275f-d9d2-432d-9180-a60ea7fab2e5","dc_title":"Memorie van Antwoord technische vragen - GroenLinks voor raadsbijeenkomst 15 april 2025","dc_type":"bijlage","foi_fairiscoreVersions":{"v1":1,"v2":1},"foi_fileName":"Memorie%20van%20Antwoord%20technische%20vragen%20-%20GroenLinks%20voor%20raadsbijeenkomst%2015%20april%202025%20def.pdf","foi_nrPages":6},{"dc_format":"application/pdf","dc_identifier":"nl.gm1954.2c.2025.2838538-9.doc.3","dc_source":"https://api1.ibabs.eu/publicdownload.aspx?site=Beekdaelen&id=56e20caa-0cc1-40fa-a12b-b2368ab83955","dc_title":"Geamendeerd raadsbesluit inzake uitvoeringskosten Participatiewet - vastgesteld 15-04-2025","dc_type":"bijlage","foi_fairiscoreVersions":{"v1":1,"v2":1},"foi_fileName":"Raadsbesluit%20inzake%20uitvoeringskosten%20Participatiewet.pdf","foi_nrPages":1},{"dc_format":"application/pdf","dc_identifier":"nl.gm1954.2c.2025.2838538-9.doc.7","dc_source":"https://api1.ibabs.eu/publicdownload.aspx?site=Beekdaelen&id=b1f68111-8301-499f-9c49-5a52719c4034","dc_title":"Raadsvoorstel aangaande uitvoeringskosten Participatiewet","dc_type":"bijlage","foi_fairiscoreVersions":{"v1":1,"v2":1},"foi_fileName":"Raadsvoorstel%20aangaande%20uitvoeringskosten%20Participatiewet.pdf","foi_nrPages":2},{"dc_format":"application/pdf","dc_identifier":"nl.gm1954.2c.2025.2838538-9.doc.1","dc_source":"https://api1.ibabs.eu/publicdownload.aspx?site=Beekdaelen&id=6d0f533f-caa9-4313-9c07-911a7e3cd637","dc_title":"Raadsvoorstel na Nota van Wijziging","dc_type":"bijlage","foi_fairiscoreVersions":{"v1":1,"v2":1},"foi_fileName":"Raadsvoorstel%20na%20Nota%20van%20Wijziging_2.pdf","foi_nrPages":3},{"dc_format":"application/pdf","dc_identifier":"nl.gm1954.2c.2025.2838538-9.doc.13","dc_source":"https://api1.ibabs.eu/publicdownload.aspx?site=Beekdaelen&id=aacf92ae-ad5a-4c66-9335-09665ddfc65a","dc_title":"Reactie AB leden Kompas namens gemeente Voerendaal","dc_type":"bijlage","foi_fairiscoreVersions":{"v1":1,"v2":1},"foi_fileName":"Reactie%20AB%20leden%20Kompas%20namens%20gemeente%20Voerendaal.pdf","foi_nrPages":1},{"dc_format":"application/pdf","dc_identifier":"nl.gm1954.2c.2025.2838538-9.doc.14","dc_source":"https://api1.ibabs.eu/publicdownload.aspx?site=Beekdaelen&id=b6e42372-6392-4541-8efc-15b695d2b77b","dc_title":"Vragen VVD fractie aan AB Kompas","dc_type":"bijlage","foi_fairiscoreVersions":{"v1":1,"v2":1},"foi_fileName":"Vragen%20VVD%20fractie%20aan%20AB%20Kompas.pdf","foi_nrPages":1}],"foi_nrDocuments":14,"foi_nrPagesInDossier":34,"foi_publishedDate":"2025-04-15","foi_retrievedDate":"2026-02-05"},{"dc_creator":"HandelingScraper_v1","dc_date_year":2025,"dc_description":"Vergadering van de Gemeente Beekdaelen op 2025-05-13. Onderdeel: Algemeen.","dc_identifier":"nl.gm1954.2c.2025.7136496-1","dc_publisher":"gm1954","dc_source":"https://beekdaelen.bestuurlijkeinformatie.nl/Agenda/Index/5b858ae9-4c8d-45b4-8b16-cc12ad344dba","dc_title":"Raadscommissie Sociale Leefomgeving 2025-05-13 - Algemeen","dc_type":"2c","dc_type_description":"Vergaderstuk decentrale overheid","foi_fairiscoreVersions":{"v1":1,"v2":1},"foi_files":[{"dc_format":"application/pdf","dc_identifier":"nl.gm1954.2c.2025.7136496-1.doc.3","dc_source":"https://api1.ibabs.eu/publicdownload.aspx?site=Beekdaelen&id=4a34aa4f-55fa-4c84-ae15-68399ded75fa","dc_title":"Technische vragen BL SLO B6","dc_type":"bijlage","foi_fairiscoreVersions":{"v1":1,"v2":1},"foi_fileName":"Technische%20vragen%20BL%20SLO%20B6.pdf","foi_nrPages":1},{"dc_format":"application/pdf","dc_identifier":"nl.gm1954.2c.2025.7136496-1.doc.5","dc_source":"https://api1.ibabs.eu/publicdownload.aspx?site=Beekdaelen&id=5960218e-b5ea-4c90-8deb-a55e6f174623","dc_title":"Technische vragen PvdA SLO B2 en B5","dc_type":"bijlage","foi_fairiscoreVersions":{"v1":1,"v2":1},"foi_fileName":"Technische%20vragen%20PvdA%20SLO%20B2.pdf","foi_nrPages":1},{"dc_format":"application/pdf","dc_identifier":"nl.gm1954.2c.2025.7136496-1.doc.2","dc_source":"https://api1.ibabs.eu/publicdownload.aspx?site=Beekdaelen&id=e9eaee98-ca4d-4e24-95ad-b22e82061a96","dc_title":"Technische vragen Rijkx Koll\u00e9e SLO B6","dc_type":"bijlage","foi_fairiscoreVersions":{"v1":1,"v2":1},"foi_fileName":"Technische%20vragen%20Rijkx%20Koll%C3%A9e%20SLO%20B6.pdf","foi_nrPages":1},{"dc_format":"application/pdf","dc_identifier":"nl.gm1954.2c.2025.7136496-1.doc.1","dc_source":"https://api1.ibabs.eu/publicdownload.aspx?site=Beekdaelen&id=c9e74de0-d671-4513-be44-0c91f54666f1","dc_title":"Technische vragen VG SLO B1 B2 en B6","dc_type":"bijlage","foi_fairiscoreVersions":{"v1":1,"v2":1},"foi_fileName":"Technische%20vragen%20VG%20SLO%20B1%20B2%20en%20B6.pdf","foi_nrPages":1},{"dc_format":"application/pdf","dc_identifier":"nl.gm1954.2c.2025.7136496-1.doc.4","dc_source":"https://api1.ibabs.eu/publicdownload.aspx?site=Beekdaelen&id=6aa54289-df55-45c7-86c7-841de1ca48e5","dc_title":"Technische vragen VVD SLO B1 en B2","dc_type":"bijlage","foi_fairiscoreVersions":{"v1":1,"v2":1},"foi_fileName":"Technische%20vragen%20VVD%20SLO%20B1%20en%20B2.pdf","foi_nrPages":1}],"foi_nrDocuments":5,"foi_nrPagesInDossier":5,"foi_publishedDate":"2025-05-13","foi_retrievedDate":"2026-03-03"},{"dc_creator":"HandelingScraper_v1","dc_date_year":2025,"dc_description":"Vergadering van de Gemeente Beekdaelen op 2025-05-13. Onderdeel: Raadsvoorstel inzake: \"Zienswijze begroting 2026 GGD Zuid Limburg\".","dc_identifier":"nl.gm1954.2c.2025.7136496-10","dc_publisher":"gm1954","dc_source":"https://beekdaelen.bestuurlijkeinformatie.nl/Agenda/Index/5b858ae9-4c8d-45b4-8b16-cc12ad344dba","dc_title":"Raadscommissie Sociale Leefomgeving 2025-05-13 - Raadsvoorstel inzake: \"Zienswijze begroting 2026 GGD Zuid Limburg\"","dc_type":"2c","dc_type_description":"Vergaderstuk decentrale overheid","foi_fairiscoreVersions":{"v1":2,"v2":2},"foi_files":[{"dc_format":"application/octet-stream","dc_identifier":"nl.gm1954.2c.2025.7136496-10.doc.18","dc_source":"https://api1.ibabs.eu/publicdownload.aspx?site=Beekdaelen&id=499b6471-c582-42d0-afdd-9d9d975be6e4","dc_title":"B5 advies commissie","dc_type":"bijlage","foi_fileName":"B5%20advies%20commissie.mp3"},{"dc_format":"application/octet-stream","dc_identifier":"nl.gm1954.2c.2025.7136496-10.doc.16","dc_source":"https://api1.ibabs.eu/publicdownload.aspx?site=Beekdaelen&id=489b68b8-e3ac-498b-9063-41dc356ec2e3","dc_title":"B5 antwoord eerste termijn","dc_type":"bijlage","foi_fileName":"B5%20antwoord%20eerste%20termijn.mp3"},{"dc_format":"application/octet-stream","dc_identifier":"nl.gm1954.2c.2025.7136496-10.doc.15","dc_source":"https://api1.ibabs.eu/publicdownload.aspx?site=Beekdaelen&id=31a9992a-94c9-42ae-ba1e-d7bec67035f2","dc_title":"B5 eerste termijn","dc_type":"bijlage","foi_fileName":"B5%20eerste%20termijn.mp3"},{"dc_format":"application/octet-stream","dc_identifier":"nl.gm1954.2c.2025.7136496-10.doc.17","dc_source":"https://api1.ibabs.eu/publicdownload.aspx?site=Beekdaelen&id=e44cb6df-4af0-4b1f-b10e-0add537062f0","dc_title":"B5 tweede termijn (geen vragen)","dc_type":"bijlage","foi_fileName":"B5%20tweede%20termijn%20%28geen%20vragen%29.mp3"},{"dc_format":"application/pdf","dc_identifier":"nl.gm1954.2c.2025.7136496-10.doc.14","dc_source":"https://api1.ibabs.eu/publicdownload.aspx?site=Beekdaelen&id=9d33f0ca-64d6-4795-9292-503b4c6c790d","dc_title":"MvA technische vragen SLO PvdA B5","dc_type":"bijlage","foi_fairiscoreVersions":{"v1":1,"v2":1},"foi_fileName":"MvA%20technische%20vragen%20SLO%20PvdA%20B5.pdf","foi_nrPages":3},{"dc_format":"application/pdf","dc_identifier":"nl.gm1954.2c.2025.7136496-10.doc.12","dc_source":"https://api1.ibabs.eu/publicdownload.aspx?site=Beekdaelen&id=1ddfc165-6e54-4b04-bf13-8386d51bf61e","dc_title":"Bijlage 11 zienswijze begroting 2026","dc_type":"bijlage","foi_fairiscoreVersions":{"v1":2,"v2":2},"foi_fileName":"Z%2F25%2F213489%20-%20385097%20-%20zienswijze%20begroting%202026.pdf","foi_nrPages":1},{"dc_format":"application/pdf","dc_identifier":"nl.gm1954.2c.2025.7136496-10.doc.13","dc_source":"https://api1.ibabs.eu/publicdownload.aspx?site=Beekdaelen&id=564ff688-0943-4586-9bf2-79e6f2a949d0","dc_title":"Bijlage: Mailbericht GGD inz. aanbieding stukken","dc_type":"bijlage","foi_fairiscoreVersions":{"v1":1,"v2":1},"foi_fileName":"Z%2F25%2F213489%20-%20385230%20-.pdf","foi_nrPages":2},{"dc_format":"application/pdf","dc_identifier":"nl.gm1954.2c.2025.7136496-10.doc.10","dc_source":"https://api1.ibabs.eu/publicdownload.aspx?site=Beekdaelen&id=6437202a-2a4d-45d4-a97b-abbd474c3c3a","dc_title":"Bijlage: Aanbiedingsbrief begroting 2026 en jaarrekening 2024 GGD-ZL","dc_type":"bijlage","foi_fairiscoreVersions":{"v1":1,"v2":1},"foi_fileName":"Z%2F25%2F213489%20-%20385418%20-%20Aanbiedingsbrief%20begroting%202026%20en%20jaarrekening%202024%20GGD-ZL.pdf","foi_nrPages":5},{"dc_format":"application/pdf","dc_identifier":"nl.gm1954.2c.2025.7136496-10.doc.2","dc_source":"https://api1.ibabs.eu/publicdownload.aspx?site=Beekdaelen&id=4df1f4d7-dd32-4428-b099-0b06673dcb7b","dc_title":"Bijlage: Jaarstukken 2024","dc_type":"bijlage","foi_fairiscoreVersions":{"v1":2,"v2":2},"foi_fileName":"Z%2F25%2F213489%20-%20385419%20-%20Jaarstukken%202024.pdf","foi_nrPages":58},{"dc_format":"application/pdf","dc_identifier":"nl.gm1954.2c.2025.7136496-10.doc.7","dc_source":"https://api1.ibabs.eu/publicdownload.aspx?site=Beekdaelen&id=4bdd3919-90c3-4466-8e30-453d80d4aa6d","dc_title":"Bijlage: Begroting 2026 van GGD-ZL","dc_type":"bijlage","foi_fairiscoreVersions":{"v1":2,"v2":1},"foi_fileName":"Z%2F25%2F213489%20-%20385420%20-%20Begroting%202026%20van%20GGD-ZL.pdf","foi_nrPages":47},{"dc_format":"application/pdf","dc_identifier":"nl.gm1954.2c.2025.7136496-10.doc.6","dc_source":"https://api1.ibabs.eu/publicdownload.aspx?site=Beekdaelen&id=9c7ff55d-8128-4838-b857-1b93be9f36d1","dc_title":"Bijlage: Afname producten niet zijnde basisproducten gemeente Beekdaelen 2024","dc_type":"bijlage","foi_fairiscoreVersions":{"v1":1,"v2":1},"foi_fileName":"Z%2F25%2F213489%20-%20385421%20-%20Afname%20producten%20niet%20zijnde%20basisproducten%20gemeente%20Beekdaelen%202024.pdf","foi_nrPages":1},{"dc_format":"application/pdf","dc_identifier":"nl.gm1954.2c.2025.7136496-10.doc.3","dc_source":"https://api1.ibabs.eu/publicdownload.aspx?site=Beekdaelen&id=b12ef2e2-12de-40eb-aa36-179cd51dfb20","dc_title":"Bijlage: Teruggave gemeenten resultaat 2024 programmalijn GGD","dc_type":"bijlage","foi_fairiscoreVersions":{"v1":1,"v2":1},"foi_fileName":"Z%2F25%2F213489%20-%20385422%20-%20Teruggave%20gemeenten%20resultaat%202024%20programmalijn%20GGD.pdf","foi_nrPages":1},{"dc_format":"application/pdf","dc_identifier":"nl.gm1954.2c.2025.7136496-10.doc.4","dc_source":"https://api1.ibabs.eu/publicdownload.aspx?site=Beekdaelen&id=96be83c2-1660-40a7-b45c-7f56e08b82b9","dc_title":"Bijlage: Teruggave gemeenten resultaat 2024 programmalijn JGZ","dc_type":"bijlage","foi_fairiscoreVersions":{"v1":1,"v2":1},"foi_fileName":"Z%2F25%2F213489%20-%20385423%20-%20Teruggave%20gemeenten%20resultaat%202024%20programmalijn%20JGZ.pdf","foi_nrPages":1},{"dc_format":"application/pdf","dc_identifier":"nl.gm1954.2c.2025.7136496-10.doc.5","dc_source":"https://api1.ibabs.eu/publicdownload.aspx?site=Beekdaelen&id=4807e078-92a5-4ee8-bb2b-98018035030e","dc_title":"Bijlage: Teruggave gemeenten resultaat 2024 programmalijn Veilig Thuis","dc_type":"bijlage","foi_fairiscoreVersions":{"v1":1,"v2":1},"foi_fileName":"Z%2F25%2F213489%20-%20385424%20-%20Teruggave%20gemeenten%20resultaat%202024%20programmalijn%20Veilig%20Thuis.pdf","foi_nrPages":1},{"dc_format":"application/pdf","dc_identifier":"nl.gm1954.2c.2025.7136496-10.doc.1","dc_source":"https://api1.ibabs.eu/publicdownload.aspx?site=Beekdaelen&id=27141c2d-c367-4a06-bed3-f6889eb2c49c","dc_title":"Raadsvoorstel inzake zienswijze begroting 2026 GGD ZL","dc_type":"bijlage","foi_fairiscoreVersions":{"v1":1,"v2":1},"foi_fileName":"Z%2F25%2F213489%20-%20385425%20-%20Zienswijze%20begroting%202026%20GGD%20ZL.pdf","foi_nrPages":7},{"dc_format":"application/pdf","dc_identifier":"nl.gm1954.2c.2025.7136496-10.doc.11","dc_source":"https://api1.ibabs.eu/publicdownload.aspx?site=Beekdaelen&id=e4f6488c-7fd0-45f4-8867-4fb671850f98","dc_title":"Raadsbesluit inzake zienswijze begroting 2026 GGD ZL - vastgesteld 27-05-2025","dc_type":"bijlage","foi_fairiscoreVersions":{"v1":1,"v2":1},"foi_fileName":"Z%2F25%2F213489%20-%20385427%20-%20Zienswijze%20begroting%202026%20GGD%20ZL.pdf","foi_nrPages":1},{"dc_format":"application/pdf","dc_identifier":"nl.gm1954.2c.2025.7136496-10.doc.9","dc_source":"https://api1.ibabs.eu/publicdownload.aspx?site=Beekdaelen&id=99d29a8e-9473-43c5-b540-a9f87cd83d98","dc_title":"Bijlage: Bijdrage gemeenten begroting 2026 aan alle programmalijnen","dc_type":"bijlage","foi_fairiscoreVersions":{"v1":1,"v2":1},"foi_fileName":"Z%2F25%2F213489%20-%20385434%20-%20Bijdrage%20gemeenten%20begroting%202026%20aan%20alle%20programmalijnen.pdf","foi_nrPages":6},{"dc_format":"application/pdf","dc_identifier":"nl.gm1954.2c.2025.7136496-10.doc.8","dc_source":"https://api1.ibabs.eu/publicdownload.aspx?site=Beekdaelen&id=f163911b-c328-4965-af09-31a3d44791c0","dc_title":"Bijlage: bijlagen 1 - 9 bij Begroting 2026 GGD ZL","dc_type":"bijlage","foi_fairiscoreVersions":{"v1":2,"v2":2},"foi_fileName":"Z%2F25%2F213489%20-%20385662%20-%20Bijlagen%201%20-%209%20Begroting%202026%20GGD%20ZL.pdf","foi_nrPages":62}],"foi_nrDocuments":18,"foi_nrPagesInDossier":196,"foi_publishedDate":"2025-05-13","foi_retrievedDate":"2026-02-05"},{"dc_creator":"HandelingScraper_v1","dc_date_year":2025,"dc_description":"Vergadering van de Gemeente Beekdaelen op 2025-05-13. Onderdeel: Raadsvoorstel inzake: \"Inzet Buurtgezinnen structureel financieren\".","dc_identifier":"nl.gm1954.2c.2025.7136496-11","dc_publisher":"gm1954","dc_source":"https://beekdaelen.bestuurlijkeinformatie.nl/Agenda/Index/5b858ae9-4c8d-45b4-8b16-cc12ad344dba","dc_title":"Raadscommissie Sociale Leefomgeving 2025-05-13 - Raadsvoorstel inzake: \"Inzet Buurtgezinnen structureel financieren\"","dc_type":"2c","dc_type_description":"Vergaderstuk decentrale overheid","foi_fairiscoreVersions":{"v1":null,"v2":null},"foi_files":[{"dc_format":"application/octet-stream","dc_identifier":"nl.gm1954.2c.2025.7136496-11.doc.12","dc_source":"https://api1.ibabs.eu/publicdownload.aspx?site=Beekdaelen&id=b2883de5-c328-4583-ac89-78312bd44abe","dc_title":"B6 eerste termijn en advies commissie","dc_type":"bijlage","foi_fileName":"B6%20eesrte%20termijn%20en%20advies%20commissie.mp3"},{"dc_format":"application/pdf","dc_identifier":"nl.gm1954.2c.2025.7136496-11.doc.8","dc_source":"https://api1.ibabs.eu/publicdownload.aspx?site=Beekdaelen&id=92cce71b-1dca-44ec-9209-a2b9f597a9a5","dc_title":"Bijlage 7: Begrotingswijziging 5.3 Buurtgezinnen","dc_type":"bijlage","foi_fileName":"Begrotingswijziging%205.pdf"},{"dc_format":"application/pdf","dc_identifier":"nl.gm1954.2c.2025.7136496-11.doc.11","dc_source":"https://api1.ibabs.eu/publicdownload.aspx?site=Beekdaelen&id=0108caa0-fa5b-41d4-9868-e82ce0a4c3fd","dc_title":"MvA technische vragen SLO BL B6","dc_type":"bijlage","foi_fileName":"MvA%20technische%20vragen%20SLO%20BL%20B6.pdf"},{"dc_format":"application/pdf","dc_identifier":"nl.gm1954.2c.2025.7136496-11.doc.10","dc_source":"https://api1.ibabs.eu/publicdownload.aspx?site=Beekdaelen&id=3ea0b01b-acfa-4352-8f96-4fd4ce3b70cd","dc_title":"MvA technische vragen SLO Rijkx Koll\u00e9e B6","dc_type":"bijlage","foi_fileName":"MvA%20technische%20vragen%20SLO%20Rijkx%20Koll%C3%A9e%20B6.pdf"},{"dc_format":"application/pdf","dc_identifier":"nl.gm1954.2c.2025.7136496-11.doc.9","dc_source":"https://api1.ibabs.eu/publicdownload.aspx?site=Beekdaelen&id=d4ee70b8-4bc5-432e-bcec-59bbf014aa3e","dc_title":"MvA technische vragen SLO VG B6","dc_type":"bijlage","foi_fileName":"MvA%20technische%20vragen%20SLO%20VG%20B6.pdf"},{"dc_format":"application/pdf","dc_identifier":"nl.gm1954.2c.2025.7136496-11.doc.2","dc_source":"https://api1.ibabs.eu/publicdownload.aspx?site=Beekdaelen&id=4e59639c-a384-4984-88f1-61e25168f386","dc_title":"Bijlage 1: Concept Raadsbesluit Buurtgezinnen","dc_type":"bijlage","foi_fileName":"Raadsbesluit%20Buurtgezinnen.pdf"},{"dc_format":"application/pdf","dc_identifier":"nl.gm1954.2c.2025.7136496-11.doc.1","dc_source":"https://api1.ibabs.eu/publicdownload.aspx?site=Beekdaelen&id=012551d3-d9ce-45e9-b9a9-71dc7cf943e2","dc_title":"Raadsvoorstel Buurtgezinnen","dc_type":"bijlage","foi_fileName":"Raadsvoorstel%20Buurtgezinnen.pdf"},{"dc_format":"application/pdf","dc_identifier":"nl.gm1954.2c.2025.7136496-11.doc.4","dc_source":"https://api1.ibabs.eu/publicdownload.aspx?site=Beekdaelen&id=70e00615-e15e-4926-aa7e-fbe6d117f384","dc_title":"Bijlage 3: Meerjarig activiteitenplan Buurtgezinnen 2026-2028","dc_type":"bijlage","foi_fileName":"Z%2F25%2F213438%20-%20384935%20-%20Meerjarig%20activiteitenplan%20Buurtgezinnen%202026-2028.pdf"},{"dc_format":"application/pdf","dc_identifier":"nl.gm1954.2c.2025.7136496-11.doc.7","dc_source":"https://api1.ibabs.eu/publicdownload.aspx?site=Beekdaelen&id=f7621846-0e9d-4ed9-afc5-6ef76e17a582","dc_title":"Bijlage 6: Landelijke effectrapportage","dc_type":"bijlage","foi_fileName":"Z%2F25%2F213438%20-%20384936%20-%20Landelijke%20effectrapportage.pdf"},{"dc_format":"application/pdf","dc_identifier":"nl.gm1954.2c.2025.7136496-11.doc.3","dc_source":"https://api1.ibabs.eu/publicdownload.aspx?site=Beekdaelen&id=04f09847-acac-415c-8a8c-1c1b43266df7","dc_title":"Bijlage 2: Begroting Subsidie Buurtgezinnen 2026-2028","dc_type":"bijlage","foi_fileName":"Z%2F25%2F213438%20-%20384937%20-%20Begroting%20Subsidie%20Buurtgezinnen%202026-2028.pdf"},{"dc_format":"application/pdf","dc_identifier":"nl.gm1954.2c.2025.7136496-11.doc.6","dc_source":"https://api1.ibabs.eu/publicdownload.aspx?site=Beekdaelen&id=4f303401-fd24-4f15-ae95-3a8069a858b7","dc_title":"Bijlage 5: Effectrapportage","dc_type":"bijlage","foi_fileName":"Z%2F25%2F213438%20-%20385615%20-%20Effectrapportage.pdf"},{"dc_format":"application/pdf","dc_identifier":"nl.gm1954.2c.2025.7136496-11.doc.5","dc_source":"https://api1.ibabs.eu/publicdownload.aspx?site=Beekdaelen&id=070f5fb1-5f74-4459-8208-447ea5a8dccd","dc_title":"Bijlage 4: Voortgangsrapportage 6e periode","dc_type":"bijlage","foi_fileName":"Z%2F25%2F213438%20-%20385678%20-%20Voortgangsrapportage%206e%20periode.pdf"}],"foi_nrDocuments":12,"foi_nrPagesInDossier":0,"foi_publishedDate":"2025-05-13","foi_retrievedDate":"2025-11-30"},{"dc_creator":"HandelingScraper_v1","dc_date_year":2025,"dc_description":"Vergadering van de Gemeente Beekdaelen op 2025-05-13. Onderdeel: Rondvraag Sociale Leefomgeving.","dc_identifier":"nl.gm1954.2c.2025.7136496-12","dc_publisher":"gm1954","dc_source":"https://beekdaelen.bestuurlijkeinformatie.nl/Agenda/Index/5b858ae9-4c8d-45b4-8b16-cc12ad344dba","dc_title":"Raadscommissie Sociale Leefomgeving 2025-05-13 - Rondvraag Sociale Leefomgeving","dc_type":"2c","dc_type_description":"Vergaderstuk decentrale overheid","foi_fairiscoreVersions":{"v1":null,"v2":null},"foi_files":[{"dc_format":"application/octet-stream","dc_identifier":"nl.gm1954.2c.2025.7136496-12.doc.1","dc_source":"https://api1.ibabs.eu/publicdownload.aspx?site=Beekdaelen&id=800a677f-4592-474e-bdc9-4b50091fa8d3","dc_title":"C Rondvraage en sluiting","dc_type":"bijlage","foi_fileName":"C%20Rondvraage%20en%20sluiting.mp3","foi_nrPages":1}],"foi_nrDocuments":1,"foi_nrPagesInDossier":1,"foi_publishedDate":"2025-05-13","foi_retrievedDate":"2026-03-06"},{"dc_creator":"HandelingScraper_v1","dc_date_year":2025,"dc_description":"Vergadering van de Gemeente Beekdaelen op 2025-05-13. Onderdeel: Opening, mededelingen voorzitter en vaststellen agenda..","dc_identifier":"nl.gm1954.2c.2025.7136496-2","dc_publisher":"gm1954","dc_source":"https://beekdaelen.bestuurlijkeinformatie.nl/Agenda/Index/5b858ae9-4c8d-45b4-8b16-cc12ad344dba","dc_title":"Raadscommissie Sociale Leefomgeving 2025-05-13 - Opening, mededelingen voorzitter en vaststellen agenda.","dc_type":"2c","dc_type_description":"Vergaderstuk decentrale overheid","foi_fairiscoreVersions":{"v1":1,"v2":1},"foi_files":[{"dc_format":"application/octet-stream","dc_identifier":"nl.gm1954.2c.2025.7136496-2.doc.2","dc_source":"https://api1.ibabs.eu/publicdownload.aspx?site=Beekdaelen&id=58dcd5f0-4c1b-49fc-89ee-982848564712","dc_title":"A1 tm A3","dc_type":"bijlage","foi_fileName":"A1%20tm%20A3.mp3"},{"dc_format":"application/pdf","dc_identifier":"nl.gm1954.2c.2025.7136496-2.doc.1","dc_source":"https://api1.ibabs.eu/publicdownload.aspx?site=Beekdaelen&id=207e65b4-eaa8-406a-ac70-0714905d27b8","dc_title":"Uitnodiging en voorlopige agenda cie. SLO 13.05.2025","dc_type":"bijlage","foi_fairiscoreVersions":{"v1":1,"v2":1},"foi_fileName":"Uitnodiging%20en%20voorlopige%20agenda%20cie.%20SLO%2013.05.pdf","foi_nrPages":2}],"foi_nrDocuments":2,"foi_nrPagesInDossier":2,"foi_publishedDate":"2025-05-13","foi_retrievedDate":"2026-01-23"},{"dc_creator":"HandelingScraper_v1","dc_date_year":2025,"dc_description":"Vergadering van de Gemeente Beekdaelen op 2025-05-13. Onderdeel: Spreekrecht burgers.","dc_identifier":"nl.gm1954.2c.2025.7136496-3","dc_publisher":"gm1954","dc_source":"https://beekdaelen.bestuurlijkeinformatie.nl/Agenda/Index/5b858ae9-4c8d-45b4-8b16-cc12ad344dba","dc_title":"Raadscommissie Sociale Leefomgeving 2025-05-13 - Spreekrecht burgers","dc_type":"2c","dc_type_description":"Vergaderstuk decentrale overheid","foi_fairiscoreVersions":{"v1":null,"v2":null},"foi_files":[{"dc_format":"application/octet-stream","dc_identifier":"nl.gm1954.2c.2025.7136496-3.doc.1","dc_source":"https://api1.ibabs.eu/publicdownload.aspx?site=Beekdaelen&id=3f36f278-7191-48e2-929b-8c09aed41b8f","dc_title":"A1 tm A3","dc_type":"bijlage","foi_fileName":"A1%20tm%20A3.mp3"}],"foi_nrDocuments":1,"foi_nrPagesInDossier":0,"foi_publishedDate":"2025-05-13","foi_retrievedDate":"2026-03-05"},{"dc_creator":"HandelingScraper_v1","dc_date_year":2025,"dc_description":"Vergadering van de Gemeente Beekdaelen op 2025-05-13. Onderdeel: De inwoner spreekt.","dc_identifier":"nl.gm1954.2c.2025.7136496-4","dc_publisher":"gm1954","dc_source":"https://beekdaelen.bestuurlijkeinformatie.nl/Agenda/Index/5b858ae9-4c8d-45b4-8b16-cc12ad344dba","dc_title":"Raadscommissie Sociale Leefomgeving 2025-05-13 - De inwoner spreekt","dc_type":"2c","dc_type_description":"Vergaderstuk decentrale overheid","foi_fairiscoreVersions":{"v1":null,"v2":null},"foi_files":[{"dc_format":"application/octet-stream","dc_identifier":"nl.gm1954.2c.2025.7136496-4.doc.1","dc_source":"https://api1.ibabs.eu/publicdownload.aspx?site=Beekdaelen&id=5a5fe3cf-c004-45ee-be21-47654f691a9d","dc_title":"A1 tm A3","dc_type":"bijlage","foi_fileName":"A1%20tm%20A3.mp3"}],"foi_nrDocuments":1,"foi_nrPagesInDossier":0,"foi_publishedDate":"2025-05-13","foi_retrievedDate":"2026-03-04"},{"dc_creator":"HandelingScraper_v1","dc_date_year":2025,"dc_description":"Vergadering van de Gemeente Beekdaelen op 2025-05-13. Onderdeel: Vaststellen actiepuntenlijst van de raadscommissie Sociale Leefomgeving / Fysieke Leefomgeving d.d. 3 april 2025.","dc_identifier":"nl.gm1954.2c.2025.7136496-5","dc_publisher":"gm1954","dc_source":"https://beekdaelen.bestuurlijkeinformatie.nl/Agenda/Index/5b858ae9-4c8d-45b4-8b16-cc12ad344dba","dc_title":"Raadscommissie Sociale Leefomgeving 2025-05-13 - Vaststellen actiepuntenlijst van de raadscommissie Sociale Leefomgeving / Fysieke Leefomgeving d.d. 3 april 2025","dc_type":"2c","dc_type_description":"Vergaderstuk decentrale overheid","foi_fairiscoreVersions":{"v1":1,"v2":1},"foi_files":[{"dc_format":"application/octet-stream","dc_identifier":"nl.gm1954.2c.2025.7136496-5.doc.2","dc_source":"https://api1.ibabs.eu/publicdownload.aspx?site=Beekdaelen&id=cb88e702-658d-43d4-bd04-0749fc2a146b","dc_title":"A4","dc_type":"bijlage","foi_fileName":"A4.mp3"},{"dc_format":"application/pdf","dc_identifier":"nl.gm1954.2c.2025.7136496-5.doc.1","dc_source":"https://api1.ibabs.eu/publicdownload.aspx?site=Beekdaelen&id=070b30d7-6fe2-4776-8256-dff5d8217977","dc_title":"Actiepuntenlijst cie. FLO SLO 03.04.2025","dc_type":"bijlage","foi_fairiscoreVersions":{"v1":1,"v2":1},"foi_fileName":"Actiepuntenlijst%20cie.%20FLO%20SLO%2003.04.pdf","foi_nrPages":7}],"foi_nrDocuments":2,"foi_nrPagesInDossier":7,"foi_publishedDate":"2025-05-13","foi_retrievedDate":"2026-03-02"},{"dc_creator":"HandelingScraper_v1","dc_date_year":2025,"dc_description":"Vergadering van de Gemeente Beekdaelen op 2025-05-13. Onderdeel: Raadsvoorstel inzake: \"Jaarverslag 2024, conceptbegroting 2025-1 en  conceptbegroting 2026, en meerjarenperspectief 2027-2029 GR Omnibuzz\".","dc_identifier":"nl.gm1954.2c.2025.7136496-6","dc_publisher":"gm1954","dc_source":"https://beekdaelen.bestuurlijkeinformatie.nl/Agenda/Index/5b858ae9-4c8d-45b4-8b16-cc12ad344dba","dc_title":"Raadscommissie Sociale Leefomgeving 2025-05-13 - Raadsvoorstel inzake: \"Jaarverslag 2024, conceptbegroting 2025-1 en  conceptbegroting 2026, en meerjarenperspectief 2027-2029 GR Omnibuzz\"","dc_type":"2c","dc_type_description":"Vergaderstuk decentrale overheid","foi_fairiscoreVersions":{"v1":2,"v2":2},"foi_files":[{"dc_format":"application/octet-stream","dc_identifier":"nl.gm1954.2c.2025.7136496-6.doc.11","dc_source":"https://api1.ibabs.eu/publicdownload.aspx?site=Beekdaelen&id=d4f4eb1d-ea79-48c3-abfa-8c218b6aed98","dc_title":"B1 advies commissie","dc_type":"bijlage","foi_fileName":"B1%20advies%20commissie.mp3"},{"dc_format":"application/octet-stream","dc_identifier":"nl.gm1954.2c.2025.7136496-6.doc.9","dc_source":"https://api1.ibabs.eu/publicdownload.aspx?site=Beekdaelen&id=34ffb3b5-30cc-468f-9b45-0135fa895a00","dc_title":"B1 antwoord eerste termijn","dc_type":"bijlage","foi_fileName":"B1%20antwoord%20eerste%20termijn.mp3"},{"dc_format":"application/octet-stream","dc_identifier":"nl.gm1954.2c.2025.7136496-6.doc.8","dc_source":"https://api1.ibabs.eu/publicdownload.aspx?site=Beekdaelen&id=09d1bf90-421e-4f40-88b4-557859b43d10","dc_title":"B1 eerste termijn","dc_type":"bijlage","foi_fileName":"B1%20eerste%20termijn.mp3"},{"dc_format":"application/octet-stream","dc_identifier":"nl.gm1954.2c.2025.7136496-6.doc.10","dc_source":"https://api1.ibabs.eu/publicdownload.aspx?site=Beekdaelen&id=6d07406f-f3c1-4c09-9f70-04849f81f9fe","dc_title":"B1 tweede termijn (geen vragen)","dc_type":"bijlage","foi_fileName":"B1%20tweede%20termijn%20%28geen%20vragen%29.mp3"},{"dc_format":"application/pdf","dc_identifier":"nl.gm1954.2c.2025.7136496-6.doc.2","dc_source":"https://api1.ibabs.eu/publicdownload.aspx?site=Beekdaelen&id=eb48a806-d62f-45ff-8da4-4bdd715f84d2","dc_title":"Bijlage 1: Concept raadsbesluit","dc_type":"bijlage","foi_fairiscoreVersions":{"v1":1,"v2":1},"foi_fileName":"Bijlage%201%20Concept%20raadsbesluit.pdf","foi_nrPages":1},{"dc_format":"application/pdf","dc_identifier":"nl.gm1954.2c.2025.7136496-6.doc.3","dc_source":"https://api1.ibabs.eu/publicdownload.aspx?site=Beekdaelen&id=7ed9e484-41a6-4138-ac7a-8709cfac9d1e","dc_title":"Bijlage 2: Omnibuzz aanbiedingsbrief gemeenteraden","dc_type":"bijlage","foi_fairiscoreVersions":{"v1":1,"v2":1},"foi_fileName":"Bijlage%202%20Omnibuzz%20aanbiedingsbrief%20gemeenteraden.pdf","foi_nrPages":6},{"dc_format":"application/pdf","dc_identifier":"nl.gm1954.2c.2025.7136496-6.doc.4","dc_source":"https://api1.ibabs.eu/publicdownload.aspx?site=Beekdaelen&id=4522d613-d3bf-4de0-a91d-e62a46259f0d","dc_title":"Bijlage 3: Omnibuzz uitgangspuntennotitie 2025-1, 2026 en 2027-2029","dc_type":"bijlage","foi_fairiscoreVersions":{"v1":2,"v2":1},"foi_fileName":"Bijlage%203%20Omnibuzz%20uitgangspuntennotitie%202025-1_%202026%20en%202027-2029.pdf","foi_nrPages":10},{"dc_format":"application/pdf","dc_identifier":"nl.gm1954.2c.2025.7136496-6.doc.5","dc_source":"https://api1.ibabs.eu/publicdownload.aspx?site=Beekdaelen&id=8b02973a-f8bd-41b2-820c-47bb0d50ba58","dc_title":"bijlage 4: brief aan het dagelijks bestuur van GR Omnibuzz inzake het raadsbesluit","dc_type":"bijlage","foi_fairiscoreVersions":{"v1":2,"v2":2},"foi_fileName":"bijlage%204%20brief%20aan%20het%20dagelijks%20bestuur%20van%20GR%20Omnibuzz%20inzake%20het%20raadsbesluitef%20.pdf","foi_nrPages":1},{"dc_format":"application/pdf","dc_identifier":"nl.gm1954.2c.2025.7136496-6.doc.6","dc_source":"https://api1.ibabs.eu/publicdownload.aspx?site=Beekdaelen&id=3f2b8a19-cc0e-4225-9f87-2d649f392984","dc_title":"MvA technische vragen VG SLO B1","dc_type":"bijlage","foi_fairiscoreVersions":{"v1":1,"v2":1},"foi_fileName":"MvA%20technische%20vragen%20VG%20SLO%20B1.pdf","foi_nrPages":1},{"dc_format":"application/pdf","dc_identifier":"nl.gm1954.2c.2025.7136496-6.doc.7","dc_source":"https://api1.ibabs.eu/publicdownload.aspx?site=Beekdaelen&id=8d97096d-be7b-4f0c-a829-88ea2093cd15","dc_title":"MvA technische vragen VVD SLO B1","dc_type":"bijlage","foi_fairiscoreVersions":{"v1":1,"v2":1},"foi_fileName":"MvA%20technische%20vragen%20VVD%20SLO%20B1.pdf","foi_nrPages":1},{"dc_format":"application/pdf","dc_identifier":"nl.gm1954.2c.2025.7136496-6.doc.1","dc_source":"https://api1.ibabs.eu/publicdownload.aspx?site=Beekdaelen&id=b132d6c1-7977-4e4d-a297-c52018a1547c","dc_title":"Raadsvoorstel \"Jaarverslag 2024, conceptbegroting 2025-1 en  conceptbegroting 2026, en meerjarenperspectief 2027-2029 GR Omnibuzz\"","dc_type":"bijlage","foi_fairiscoreVersions":{"v1":1,"v2":1},"foi_fileName":"Z%2F25%2F213583%20-%20385833%20-%20Raadsvoorstel.pdf","foi_nrPages":4}],"foi_nrDocuments":11,"foi_nrPagesInDossier":24,"foi_publishedDate":"2025-05-13","foi_retrievedDate":"2026-02-05"},{"dc_creator":"HandelingScraper_v1","dc_date_year":2025,"dc_description":"Vergadering van de Gemeente Beekdaelen op 2025-05-13. Onderdeel: Raadsvoorstel inzake jaarstukken 2024, uitvoeringsplan 2025, gewijzigde begroting 2025, primitieve begroting 2026 en meerjarenraming 2027-2028 van GR ISD Kompas.","dc_identifier":"nl.gm1954.2c.2025.7136496-7","dc_publisher":"gm1954","dc_source":"https://beekdaelen.bestuurlijkeinformatie.nl/Agenda/Index/5b858ae9-4c8d-45b4-8b16-cc12ad344dba","dc_title":"Raadscommissie Sociale Leefomgeving 2025-05-13 - Raadsvoorstel inzake jaarstukken 2024, uitvoeringsplan 2025, gewijzigde begroting 2025, primitieve begroting 2026 en meerjarenraming 2027-2028 van GR ISD Kompas","dc_type":"2c","dc_type_description":"Vergaderstuk decentrale overheid","foi_fairiscoreVersions":{"v1":2,"v2":2},"foi_files":[{"dc_format":"application/octet-stream","dc_identifier":"nl.gm1954.2c.2025.7136496-7.doc.15","dc_source":"https://api1.ibabs.eu/publicdownload.aspx?site=Beekdaelen&id=58129736-0a4c-47b6-8336-212236c61dc5","dc_title":"B2 antwoord eerste termijn","dc_type":"bijlage","foi_fileName":"B2%20antwoord%20eerste%20termijn.mp3","foi_nrPages":1},{"dc_format":"application/octet-stream","dc_identifier":"nl.gm1954.2c.2025.7136496-7.doc.14","dc_source":"https://api1.ibabs.eu/publicdownload.aspx?site=Beekdaelen&id=8fb0db4d-4043-4b5e-8f62-bf9675002f93","dc_title":"B2 eerste termijn","dc_type":"bijlage","foi_fileName":"B2%20eerste%20termijn.mp3","foi_nrPages":1},{"dc_format":"application/octet-stream","dc_identifier":"nl.gm1954.2c.2025.7136496-7.doc.16","dc_source":"https://api1.ibabs.eu/publicdownload.aspx?site=Beekdaelen&id=a0109f08-4f47-4bce-9676-ea17a5faa054","dc_title":"B2 tweede termijn en advies commissie","dc_type":"bijlage","foi_fileName":"B2%20tweede%20termijn%20en%20advies%20commissie.mp3","foi_nrPages":1},{"dc_format":"application/pdf","dc_identifier":"nl.gm1954.2c.2025.7136496-7.doc.7","dc_source":"https://api1.ibabs.eu/publicdownload.aspx?site=Beekdaelen&id=0504de02-393f-4d14-9826-cf51dc737c0c","dc_title":"Raadsbesluit inzake jaarstukken 2024, uitvoeringsplan 2025, gewijzigde begroting 2025, primitieve begroting 2026 en meerjarenraming 2027-2028 ISD Kompas - vastgesteld 27-05-2025","dc_type":"bijlage","foi_fairiscoreVersions":{"v1":2,"v2":1},"foi_fileName":"Bijlage%207.pdf","foi_nrPages":2},{"dc_format":"application/pdf","dc_identifier":"nl.gm1954.2c.2025.7136496-7.doc.8","dc_source":"https://api1.ibabs.eu/publicdownload.aspx?site=Beekdaelen&id=0584c3ea-d180-48f5-8e53-01fd20325c74","dc_title":"Bijlage. Uitgaande brief aan ISD-Kompas inzake raadsbesluit en zienswijzen","dc_type":"bijlage","foi_fairiscoreVersions":{"v1":3,"v2":3},"foi_fileName":"Bijlage%208.pdf","foi_nrPages":3},{"dc_format":"application/pdf","dc_identifier":"nl.gm1954.2c.2025.7136496-7.doc.13","dc_source":"https://api1.ibabs.eu/publicdownload.aspx?site=Beekdaelen&id=6781ed40-0a68-41cb-ae7f-e49ea6ca695a","dc_title":"Bijlage. Brief inzake Advies ASD op jaarstukken ISD Kompas","dc_type":"bijlage","foi_fairiscoreVersions":{"v1":1,"v2":1},"foi_fileName":"Brief%20inzake%20Advies%20ASD%20op%20jaarstukken%20ISD%20Kompas.pdf","foi_nrPages":1},{"dc_format":"application/pdf","dc_identifier":"nl.gm1954.2c.2025.7136496-7.doc.10","dc_source":"https://api1.ibabs.eu/publicdownload.aspx?site=Beekdaelen&id=db66ddaf-3a95-498f-981f-2716ee461f3d","dc_title":"MvA Technische vragen PvdA SLO B2","dc_type":"bijlage","foi_fairiscoreVersions":{"v1":1,"v2":1},"foi_fileName":"MvA%20Technische%20vragen%20PvdA%20SLO%20B2.pdf","foi_nrPages":2},{"dc_format":"application/pdf","dc_identifier":"nl.gm1954.2c.2025.7136496-7.doc.12","dc_source":"https://api1.ibabs.eu/publicdownload.aspx?site=Beekdaelen&id=250af3a3-dfd7-4ccc-9a8e-df29441213d3","dc_title":"MvA technische vragen VG SLO B2","dc_type":"bijlage","foi_fairiscoreVersions":{"v1":1,"v2":1},"foi_fileName":"MvA%20technische%20vragen%20VG%20SLO%20B2.pdf","foi_nrPages":2},{"dc_format":"application/pdf","dc_identifier":"nl.gm1954.2c.2025.7136496-7.doc.11","dc_source":"https://api1.ibabs.eu/publicdownload.aspx?site=Beekdaelen&id=65edd1fe-3765-41dd-bb91-0835945c67ee","dc_title":"MvA technische vragen VVD SLO B2","dc_type":"bijlage","foi_fairiscoreVersions":{"v1":1,"v2":1},"foi_fileName":"MvA%20technische%20vragen%20VVD%20SLO%20B2.pdf","foi_nrPages":2},{"dc_format":"application/pdf","dc_identifier":"nl.gm1954.2c.2025.7136496-7.doc.1","dc_source":"https://api1.ibabs.eu/publicdownload.aspx?site=Beekdaelen&id=7b0e0cb7-bbeb-4691-88af-591c1b5ffef5","dc_title":"Raadsvoorstel \"jaarstukken 2024, UP 2025, gewijzigde begroting 2025,  primitieve begroting 2026 en meerjarenraming 2027-2028\"","dc_type":"bijlage","foi_fairiscoreVersions":{"v1":1,"v2":1},"foi_fileName":"Raadsvoorstel.pdf","foi_nrPages":8},{"dc_format":"application/pdf","dc_identifier":"nl.gm1954.2c.2025.7136496-7.doc.2","dc_source":"https://api1.ibabs.eu/publicdownload.aspx?site=Beekdaelen&id=34a087d0-a396-47d4-951f-e9cf65428c62","dc_title":"Bijlage: Jaarrekening 2024 ISD-Kompas","dc_type":"bijlage","foi_fairiscoreVersions":{"v1":2,"v2":1},"foi_fileName":"Z%2F25%2F213582%20-%20385412%20-%20Bijlage%202.pdf","foi_nrPages":59},{"dc_format":"application/pdf","dc_identifier":"nl.gm1954.2c.2025.7136496-7.doc.3","dc_source":"https://api1.ibabs.eu/publicdownload.aspx?site=Beekdaelen&id=d202a767-6238-4b41-81d5-2e3248a67098","dc_title":"Bijlage: Jaarverslag 2024 ISD-kompas","dc_type":"bijlage","foi_fairiscoreVersions":{"v1":3,"v2":3},"foi_fileName":"Z%2F25%2F213582%20-%20385415%20-%20Bijlage%203.pdf","foi_nrPages":28},{"dc_format":"application/pdf","dc_identifier":"nl.gm1954.2c.2025.7136496-7.doc.5","dc_source":"https://api1.ibabs.eu/publicdownload.aspx?site=Beekdaelen&id=ff70377e-d473-484b-b719-08927c4e2cb9","dc_title":"Bijlage: Uitvoeringsplan 2026-2029","dc_type":"bijlage","foi_fairiscoreVersions":{"v1":2,"v2":2},"foi_fileName":"Z%2F25%2F213582%20-%20385416%20-%20Bijlage%206.pdf","foi_nrPages":32},{"dc_format":"application/pdf","dc_identifier":"nl.gm1954.2c.2025.7136496-7.doc.4","dc_source":"https://api1.ibabs.eu/publicdownload.aspx?site=Beekdaelen&id=46873e2a-f254-44cd-89d8-d4c11805360f","dc_title":"Bijlage: Gewijzigde begroting 2025 en primitieve begroting 2026 en meerjarenraming 2027-2029","dc_type":"bijlage","foi_fairiscoreVersions":{"v1":2,"v2":2},"foi_fileName":"Z%2F25%2F213582%20-%20386034%20-%20Bijlage%204.pdf","foi_nrPages":34},{"dc_format":"application/pdf","dc_identifier":"nl.gm1954.2c.2025.7136496-7.doc.6","dc_source":"https://api1.ibabs.eu/publicdownload.aspx?site=Beekdaelen&id=04858d37-e14d-4ddd-8582-7904035fcccd","dc_title":"Bijlage: Advies cli\u00ebntenraad ISD Kompas","dc_type":"bijlage","foi_fairiscoreVersions":{"v1":2,"v2":2},"foi_fileName":"Z%2F25%2F213582%20-%20386037%20-%20Bijlage%207.pdf","foi_nrPages":2},{"dc_format":"application/pdf","dc_identifier":"nl.gm1954.2c.2025.7136496-7.doc.9","dc_source":"https://api1.ibabs.eu/publicdownload.aspx?site=Beekdaelen&id=4031b145-7d9f-4ba3-afb0-1c89aa2e230e","dc_title":"Bijlage: ISD Kompas accountantsverslag 2024","dc_type":"bijlage","foi_fairiscoreVersions":{"v1":2,"v2":2},"foi_fileName":"Z%2F25%2F213582%20-%20386040%20-%20ISD%20Kompas%20accountantsverslag%202024.pdf","foi_nrPages":10}],"foi_nrDocuments":16,"foi_nrPagesInDossier":188,"foi_publishedDate":"2025-05-13","foi_retrievedDate":"2026-03-06"},{"dc_creator":"HandelingScraper_v1","dc_date_year":2025,"dc_description":"Vergadering van de Gemeente Beekdaelen op 2025-05-13. Onderdeel: Raadsvoorstel inzake: \"Jaarstukken 2024, Eerste begrotingswijziging 2025, Begroting 2026 met meerjarenraming 2027-2029 GR WOZL\".","dc_identifier":"nl.gm1954.2c.2025.7136496-8","dc_publisher":"gm1954","dc_source":"https://beekdaelen.bestuurlijkeinformatie.nl/Agenda/Index/5b858ae9-4c8d-45b4-8b16-cc12ad344dba","dc_title":"Raadscommissie Sociale Leefomgeving 2025-05-13 - Raadsvoorstel inzake: \"Jaarstukken 2024, Eerste begrotingswijziging 2025, Begroting 2026 met meerjarenraming 2027-2029 GR WOZL\"","dc_type":"2c","dc_type_description":"Vergaderstuk decentrale overheid","foi_fairiscoreVersions":{"v1":2,"v2":2},"foi_files":[{"dc_format":"application/pdf","dc_identifier":"nl.gm1954.2c.2025.7136496-8.doc.2","dc_source":"https://api1.ibabs.eu/publicdownload.aspx?site=Beekdaelen&id=2b3e9160-56b3-4807-a641-79d05e475470","dc_title":"Raadsbesluit inzake Jaarstukken 2024, Eerste begrotingswijziging 2025, Begroting 2026 met meerjarenraming 2027-2029 GR WOZL - vastgesteld 27-05-2025","dc_type":"bijlage","foi_fairiscoreVersions":{"v1":1,"v2":1},"foi_fileName":"384849_1%20-%20Z25212363%20-%20384849%20-%20Raadsbesluit%20Jaarstukken%202024%20eerste%20begrotingswijziging%202025%20b.pdf","foi_nrPages":1},{"dc_format":"application/pdf","dc_identifier":"nl.gm1954.2c.2025.7136496-8.doc.6","dc_source":"https://api1.ibabs.eu/publicdownload.aspx?site=Beekdaelen&id=7dd483eb-e477-43e3-8c39-359d96f4889f","dc_title":"Bijlage: Aanbiedingsbrief vastgestelde jaarstukken 2024 GR WOZL (geanonimiseerd)","dc_type":"bijlage","foi_fairiscoreVersions":{"v1":2,"v2":2},"foi_fileName":"Aanbiedingsbrief%20vastgestelde%20jaarstukken%202024%20GR%20WOZL%20%28geanonimiseerd%29.pdf","foi_nrPages":1},{"dc_format":"application/octet-stream","dc_identifier":"nl.gm1954.2c.2025.7136496-8.doc.13","dc_source":"https://api1.ibabs.eu/publicdownload.aspx?site=Beekdaelen&id=1a015c9e-7f11-4fa1-95a4-fe752800ef89","dc_title":"B3 besluit commissie (geen vragen)","dc_type":"bijlage","foi_fileName":"B3%20besluit%20commissie%20%28geen%20vragen%29.mp3","foi_nrPages":1},{"dc_format":"application/pdf","dc_identifier":"nl.gm1954.2c.2025.7136496-8.doc.7","dc_source":"https://api1.ibabs.eu/publicdownload.aspx?site=Beekdaelen&id=8d7ff489-52c2-4f8b-8f03-4874452b903a","dc_title":"Bijlage: Gewaarmerkte jaarrekening 2024 WOZL met controleverklaringen (geanonimiseerd)","dc_type":"bijlage","foi_fairiscoreVersions":{"v1":2,"v2":2},"foi_fileName":"Gewaarmerkte%20jaarrekening%202024%20WOZL%20met%20controleverklaringen%20%28geanonimiseerd%29.pdf","foi_nrPages":57},{"dc_format":"application/pdf","dc_identifier":"nl.gm1954.2c.2025.7136496-8.doc.5","dc_source":"https://api1.ibabs.eu/publicdownload.aspx?site=Beekdaelen&id=8c557906-833f-4b0d-a83b-5239fda8795d","dc_title":"Bijlage: Jaarverslag 2024 GR WOZL en GR WSP Parkstad (vastgesteld door AB)","dc_type":"bijlage","foi_fairiscoreVersions":{"v1":2,"v2":1},"foi_fileName":"Jaarverslag%202024%20GR%20WOZL%20en%20GR%20WSP%20Parkstad%20%28vastgesteld%20door%20AB%29.pdf","foi_nrPages":27},{"dc_format":"application/pdf","dc_identifier":"nl.gm1954.2c.2025.7136496-8.doc.1","dc_source":"https://api1.ibabs.eu/publicdownload.aspx?site=Beekdaelen&id=62c47b69-0e67-42ab-823e-a9175b811eaa","dc_title":"Raadsvoorstel \"Jaarstukken 2024, Eerste begrotingswijziging 2025, Begroting 2026 met meerjarenraming 2027-2029 GR WOZL\"","dc_type":"bijlage","foi_fairiscoreVersions":{"v1":1,"v2":1},"foi_fileName":"Z%2F25%2F212363%20-%20382542%20-%20Raadsvoorstel%20Jaarstukken%202024_%20Eerste%20begrotingswijziging%202025_%20Begroting%202026%20met%20meerjarenraming%202027-2029%20GR%20WOZL.pdf","foi_nrPages":9},{"dc_format":"application/pdf","dc_identifier":"nl.gm1954.2c.2025.7136496-8.doc.11","dc_source":"https://api1.ibabs.eu/publicdownload.aspx?site=Beekdaelen&id=3ba4af3c-303e-4778-85f1-404952e320b9","dc_title":"Bijlage: Begroting 2026 met meerjarenraming GR WOZL","dc_type":"bijlage","foi_fairiscoreVersions":{"v1":2,"v2":1},"foi_fileName":"Z%2F25%2F212363%20-%20383922%20-%20Begroting%202026%20met%20meerjarenraming%20GR%20WOZL.pdf","foi_nrPages":31},{"dc_format":"application/pdf","dc_identifier":"nl.gm1954.2c.2025.7136496-8.doc.12","dc_source":"https://api1.ibabs.eu/publicdownload.aspx?site=Beekdaelen&id=fa410e58-a643-4874-ba32-cf536923f294","dc_title":"Bijlage: Factsheet Begroting 2026 WOZL","dc_type":"bijlage","foi_fairiscoreVersions":{"v1":1,"v2":1},"foi_fileName":"Z%2F25%2F212363%20-%20383923%20-%20Factheet%20Begroting%202026%20WOZL.pdf","foi_nrPages":3},{"dc_format":"application/pdf","dc_identifier":"nl.gm1954.2c.2025.7136496-8.doc.9","dc_source":"https://api1.ibabs.eu/publicdownload.aspx?site=Beekdaelen&id=fc03e19e-417d-4a2c-a80d-bc3ab3f04119","dc_title":"Bijlage: Eerste begrotingswijziging 2025 GR WOZL","dc_type":"bijlage","foi_fairiscoreVersions":{"v1":2,"v2":1},"foi_fileName":"Z%2F25%2F212363%20-%20383927%20-%20Eerste%20begrotingswijziging%202025%20GR%20WOZL.pdf","foi_nrPages":20},{"dc_format":"application/pdf","dc_identifier":"nl.gm1954.2c.2025.7136496-8.doc.10","dc_source":"https://api1.ibabs.eu/publicdownload.aspx?site=Beekdaelen&id=056bd4aa-cf45-4c64-980b-37320d00ef76","dc_title":"Bijlage: Factsheet Eerste begrotingswijziging 2025 WOZL","dc_type":"bijlage","foi_fairiscoreVersions":{"v1":1,"v2":1},"foi_fileName":"Z%2F25%2F212363%20-%20383928%20-%20Factsheet%20Eerste%20begrotingswijziging%202025%20WOZL.pdf","foi_nrPages":3},{"dc_format":"application/pdf","dc_identifier":"nl.gm1954.2c.2025.7136496-8.doc.3","dc_source":"https://api1.ibabs.eu/publicdownload.aspx?site=Beekdaelen&id=dbd9ac50-a049-45ac-b93a-d9a9bbbc1c01","dc_title":"Bijlage 2: Uitgaande brief aan GR WOZL inzake raadsbesluit","dc_type":"bijlage","foi_fairiscoreVersions":{"v1":2,"v2":2},"foi_fileName":"Z%2F25%2F212363%20-%20384857%20-%20Uitgaande%20brief%20aan%20GR%20WOZL%20inzake%20raadsbesluit.pdf","foi_nrPages":1},{"dc_format":"application/pdf","dc_identifier":"nl.gm1954.2c.2025.7136496-8.doc.8","dc_source":"https://api1.ibabs.eu/publicdownload.aspx?site=Beekdaelen&id=efeb0f36-4ecc-48f8-98c0-704e6dbff632","dc_title":"Bijlage: Getekend Accountantsverslag GR WOZL en GR WSP Parkstad","dc_type":"bijlage","foi_fairiscoreVersions":{"v1":2,"v2":2},"foi_fileName":"Z%2F25%2F212363%20-%20385671%20-%20Getekend%20Accountantsverslag%20GR%20WOZL%20en%20GR%20WSP%20Parkstad.pdf","foi_nrPages":23},{"dc_format":"application/pdf","dc_identifier":"nl.gm1954.2c.2025.7136496-8.doc.4","dc_source":"https://api1.ibabs.eu/publicdownload.aspx?site=Beekdaelen&id=4b0360c5-1303-4fb5-ae30-7fdefbf17309","dc_title":"Bijlage 3: VERVALLEN Jaarverslag GR WOZL en GR WSP Parkstad (nog niet vastgesteld door AB)","dc_type":"bijlage","foi_fairiscoreVersions":{"v1":2,"v2":1},"foi_fileName":"Z%2F25%2F212363%20-%20385674%20-%20Jaarverslag%202024%20GR%20WOZL%20en%20GR%20WSP%20Parkstad.pdf","foi_nrPages":27}],"foi_nrDocuments":13,"foi_nrPagesInDossier":204,"foi_publishedDate":"2025-05-13","foi_retrievedDate":"2026-03-03"},{"dc_creator":"HandelingScraper_v1","dc_date_year":2025,"dc_description":"Vergadering van de Gemeente Beekdaelen op 2025-05-13. Onderdeel: Raadsvoorstel inzake: \"Jaarstukken 2024, Eerste begrotingswijziging 2025, Begroting 2026 met meerjarenraming 2027-2029 GR WSP Parkstad\".","dc_identifier":"nl.gm1954.2c.2025.7136496-9","dc_publisher":"gm1954","dc_source":"https://beekdaelen.bestuurlijkeinformatie.nl/Agenda/Index/5b858ae9-4c8d-45b4-8b16-cc12ad344dba","dc_title":"Raadscommissie Sociale Leefomgeving 2025-05-13 - Raadsvoorstel inzake: \"Jaarstukken 2024, Eerste begrotingswijziging 2025, Begroting 2026 met meerjarenraming 2027-2029 GR WSP Parkstad\"","dc_type":"2c","dc_type_description":"Vergaderstuk decentrale overheid","foi_fairiscoreVersions":{"v1":2,"v2":2},"foi_files":[{"dc_format":"application/pdf","dc_identifier":"nl.gm1954.2c.2025.7136496-9.doc.1","dc_source":"https://api1.ibabs.eu/publicdownload.aspx?site=Beekdaelen&id=75df90c1-e7b6-4377-a4af-d225e8e2e225","dc_title":"Raadsvoorstel \"Jaarstukken 2024, Eerste begrotingswijziging 2025, Begroting 2026 met meerjarenraming 2027-2029 GR WSP Parkstad\"","dc_type":"bijlage","foi_fairiscoreVersions":{"v1":1,"v2":1},"foi_fileName":"382860_1%20-%20Z25212365%20-%20382860%20-%20Raadsvoorstel%20Jaarstukken%202024%20Eerste%20begrotingswijziging%202025%20.pdf","foi_nrPages":7},{"dc_format":"application/pdf","dc_identifier":"nl.gm1954.2c.2025.7136496-9.doc.2","dc_source":"https://api1.ibabs.eu/publicdownload.aspx?site=Beekdaelen&id=ea06da4f-d51a-4eac-af7f-a9e86813b5f9","dc_title":"Raadsbesluit inzake jaarstukken 2024, Eerste begrotingswijziging 2025, Begroting 2026 met meerjarenraming 2027-2029 GR WSP Parkstad - vastgesteld 27-05-2025","dc_type":"bijlage","foi_fairiscoreVersions":{"v1":1,"v2":1},"foi_fileName":"384852_1%20-%20Z25212365%20-%20384852%20-%20Raadsbesluit%20Jaarstukken%20Eerste%20begrotingswijziging%202025%20Begrot.pdf","foi_nrPages":1},{"dc_format":"application/pdf","dc_identifier":"nl.gm1954.2c.2025.7136496-9.doc.6","dc_source":"https://api1.ibabs.eu/publicdownload.aspx?site=Beekdaelen&id=7959e73d-9221-4a46-935a-80cef411ac2e","dc_title":"Bijlage: Aanbiedingsbrief vastgestelde jaarstukken 2024 GR WSP Parkstad (geanonimiseerd)","dc_type":"bijlage","foi_fairiscoreVersions":{"v1":2,"v2":2},"foi_fileName":"Aanbiedingsbrief%20vastgestelde%20jaarstukken%202024%20GR%20WSP%20Parkstad%20%28geanonimiseerd%29.pdf","foi_nrPages":1},{"dc_format":"application/octet-stream","dc_identifier":"nl.gm1954.2c.2025.7136496-9.doc.13","dc_source":"https://api1.ibabs.eu/publicdownload.aspx?site=Beekdaelen&id=1d77bea5-c26b-4eb9-a80e-db52cc69a177","dc_title":"B4 besluit commissie (geen vragen)","dc_type":"bijlage","foi_fileName":"B4%20besluit%20commissie%20%28geen%20vragen%29.mp3"},{"dc_format":"application/pdf","dc_identifier":"nl.gm1954.2c.2025.7136496-9.doc.7","dc_source":"https://api1.ibabs.eu/publicdownload.aspx?site=Beekdaelen&id=202da300-70b6-4a3d-9d6e-3339a4cad5cd","dc_title":"Bijlage: Gewaarmerkte jaarrekening 2024 WSP met controleverklaring (geanonimiseerd)","dc_type":"bijlage","foi_fairiscoreVersions":{"v1":2,"v2":2},"foi_fileName":"Gewaarmerkte%20jaarrekening%202024%20WSP%20met%20controleverklaring%20%28geanonimiseerd%29.pdf","foi_nrPages":43},{"dc_format":"application/pdf","dc_identifier":"nl.gm1954.2c.2025.7136496-9.doc.5","dc_source":"https://api1.ibabs.eu/publicdownload.aspx?site=Beekdaelen&id=33cb118d-a629-4dca-a8c3-ead52efa46e9","dc_title":"Bijlage: Jaarverslag 2024 GR WOZL en GR WSP Parkstad (vastgesteld door AB)","dc_type":"bijlage","foi_fairiscoreVersions":{"v1":2,"v2":1},"foi_fileName":"Jaarverslag%202024%20GR%20WOZL%20en%20GR%20WSP%20Parkstad%20%28vastgesteld%20door%20AB%29.pdf","foi_nrPages":27},{"dc_format":"application/pdf","dc_identifier":"nl.gm1954.2c.2025.7136496-9.doc.11","dc_source":"https://api1.ibabs.eu/publicdownload.aspx?site=Beekdaelen&id=256bc2f9-2194-4935-96fc-14234c7055a1","dc_title":"Bijlage: Begroting 2026 met meerjarenraming WSP Parkstad","dc_type":"bijlage","foi_fairiscoreVersions":{"v1":2,"v2":1},"foi_fileName":"Z%2F25%2F212365%20-%20383924%20-%20Begroting%202026%20met%20meerjarenraming%20WSP%20Parkstad.pdf","foi_nrPages":29},{"dc_format":"application/pdf","dc_identifier":"nl.gm1954.2c.2025.7136496-9.doc.12","dc_source":"https://api1.ibabs.eu/publicdownload.aspx?site=Beekdaelen&id=f7c8417d-9765-4e4c-8e34-70c5b1f287a0","dc_title":"Bijlage: Factsheet begroting 2026 WSP Parkstad","dc_type":"bijlage","foi_fairiscoreVersions":{"v1":1,"v2":1},"foi_fileName":"Z%2F25%2F212365%20-%20383925%20-%20Factsheet%20begroting%202026%20WSP%20Parkstad.pdf","foi_nrPages":3},{"dc_format":"application/pdf","dc_identifier":"nl.gm1954.2c.2025.7136496-9.doc.9","dc_source":"https://api1.ibabs.eu/publicdownload.aspx?site=Beekdaelen&id=6054a035-2bf1-4d3f-96e7-36ec7f69e66d","dc_title":"Bijlage: Eerste begrotingswijziging 2025 WSP Parkstad","dc_type":"bijlage","foi_fairiscoreVersions":{"v1":2,"v2":1},"foi_fileName":"Z%2F25%2F212365%20-%20383929%20-%20Eerste%20begrotingswijziging%202025%20WSP%20Parkstad.pdf","foi_nrPages":18},{"dc_format":"application/pdf","dc_identifier":"nl.gm1954.2c.2025.7136496-9.doc.10","dc_source":"https://api1.ibabs.eu/publicdownload.aspx?site=Beekdaelen&id=b06b9823-2409-4ad8-835e-a2f636e61102","dc_title":"Bijlage: Factsheet Eerste begrotingswijziging 2025 WSP Parkstad","dc_type":"bijlage","foi_fairiscoreVersions":{"v1":1,"v2":1},"foi_fileName":"Z%2F25%2F212365%20-%20383930%20-%20Factsheet%20Eerste%20begrotingswijziging%202025%20WSP%20Parkstad.pdf","foi_nrPages":2},{"dc_format":"application/pdf","dc_identifier":"nl.gm1954.2c.2025.7136496-9.doc.3","dc_source":"https://api1.ibabs.eu/publicdownload.aspx?site=Beekdaelen&id=a7c3e67d-5550-4441-920d-c057162308f0","dc_title":"Bijlage 2: Uitgaande brief aan GR WSP Parkstad inzake raadsbesluit","dc_type":"bijlage","foi_fairiscoreVersions":{"v1":2,"v2":2},"foi_fileName":"Z%2F25%2F212365%20-%20384856%20-%20Uitgaande%20brief%20aan%20GR%20WSP%20Parkstad%20inzake%20raadsbesluit.pdf","foi_nrPages":1},{"dc_format":"application/pdf","dc_identifier":"nl.gm1954.2c.2025.7136496-9.doc.8","dc_source":"https://api1.ibabs.eu/publicdownload.aspx?site=Beekdaelen&id=048f2880-1538-4f24-92d8-a14526cf9ef4","dc_title":"Bijlage: Getekend Accountantsverslag GR WOZL en GR WSP Parkstad","dc_type":"bijlage","foi_fairiscoreVersions":{"v1":2,"v2":2},"foi_fileName":"Z%2F25%2F212365%20-%20385675%20-%20Getekend%20Accountantsverslag%20GR%20WOZL%20en%20GR%20WSP%20Parkstad.pdf","foi_nrPages":23},{"dc_format":"application/pdf","dc_identifier":"nl.gm1954.2c.2025.7136496-9.doc.4","dc_source":"https://api1.ibabs.eu/publicdownload.aspx?site=Beekdaelen&id=24de6756-d8a6-4437-9bfd-b62d7b7e52a5","dc_title":"Bijlage 3: VERVALLEN Jaarverslag 2024 GR WOZL en GR WSP Parkstad (nog niet vastgesteld door AB)","dc_type":"bijlage","foi_fairiscoreVersions":{"v1":2,"v2":1},"foi_fileName":"Z%2F25%2F212365%20-%20385676%20-%20Jaarverslag%202024%20GR%20WOZL%20en%20GR%20WSP%20Parkstad.pdf","foi_nrPages":27}],"foi_nrDocuments":13,"foi_nrPagesInDossier":182,"foi_publishedDate":"2025-05-13","foi_retrievedDate":"2025-11-30"},{"dc_creator":"HandelingScraper_v1","dc_date_year":2025,"dc_description":"Vergadering van de Gemeente Beekdaelen op 2025-05-14. Onderdeel: Algemeen.","dc_identifier":"nl.gm1954.2c.2025.7136497-1","dc_publisher":"gm1954","dc_source":"https://beekdaelen.bestuurlijkeinformatie.nl/Agenda/Index/37c74624-a9d3-4e5c-ad54-82998a4a308a","dc_title":"Raadscommissie Bestuur en Middelen 2025-05-14 - Algemeen","dc_type":"2c","dc_type_description":"Vergaderstuk decentrale overheid","foi_fairiscoreVersions":{"v1":1,"v2":1},"foi_files":[{"dc_format":"application/pdf","dc_identifier":"nl.gm1954.2c.2025.7136497-1.doc.4","dc_source":"https://api1.ibabs.eu/publicdownload.aspx?site=Beekdaelen&id=90414b92-7aa0-4ed0-8d66-33a1c0f659d8","dc_title":"Technische vragen BL B&M B6","dc_type":"bijlage","foi_fairiscoreVersions":{"v1":1,"v2":1},"foi_fileName":"Technische%20vragen%20BL%20B%26M%20B6.pdf","foi_nrPages":1},{"dc_format":"application/pdf","dc_identifier":"nl.gm1954.2c.2025.7136497-1.doc.2","dc_source":"https://api1.ibabs.eu/publicdownload.aspx?site=Beekdaelen&id=241090ca-eb34-4a53-85d0-1ff5fc3de45f","dc_title":"Technische vragen CDA B&M B6 en B7","dc_type":"bijlage","foi_fairiscoreVersions":{"v1":1,"v2":1},"foi_fileName":"Technische%20vragen%20CDA%20B%26M%20B6%20en%20B7.pdf","foi_nrPages":2},{"dc_format":"application/pdf","dc_identifier":"nl.gm1954.2c.2025.7136497-1.doc.5","dc_source":"https://api1.ibabs.eu/publicdownload.aspx?site=Beekdaelen&id=4f53b9ce-9664-4153-bc0f-b99a43472aa0","dc_title":"Technische vragen PvdA B&M B1","dc_type":"bijlage","foi_fairiscoreVersions":{"v1":1,"v2":1},"foi_fileName":"Technische%20vragen%20PvdA%20B%26M%20B1.pdf","foi_nrPages":1},{"dc_format":"application/pdf","dc_identifier":"nl.gm1954.2c.2025.7136497-1.doc.3","dc_source":"https://api1.ibabs.eu/publicdownload.aspx?site=Beekdaelen&id=7494b25e-e2a4-4427-b9d7-412b5f5c96a4","dc_title":"Technische vragen Rijkx Koll\u00e9e B&M B6 en B7","dc_type":"bijlage","foi_fairiscoreVersions":{"v1":1,"v2":1},"foi_fileName":"Technische%20vragen%20Rijkx%20Koll%C3%A9e%20B%26M%20B6%20en%20B7.pdf","foi_nrPages":1},{"dc_format":"application/pdf","dc_identifier":"nl.gm1954.2c.2025.7136497-1.doc.1","dc_source":"https://api1.ibabs.eu/publicdownload.aspx?site=Beekdaelen&id=f40d05ad-1f36-4409-9eff-9b0fbc43e26e","dc_title":"Technische vragen VG B&M B1","dc_type":"bijlage","foi_fairiscoreVersions":{"v1":1,"v2":1},"foi_fileName":"Technische%20vragen%20VG%20B%26M%20B1.pdf","foi_nrPages":1}],"foi_nrDocuments":5,"foi_nrPagesInDossier":6,"foi_publishedDate":"2025-05-14","foi_retrievedDate":"2025-12-03"},{"dc_creator":"HandelingScraper_v1","dc_date_year":2025,"dc_description":"Vergadering van de Gemeente Beekdaelen op 2025-05-14. Onderdeel: Raadsvoorstel inzake: \"(Voorlopige) jaarstukken 2024 en ontwerpbegroting 2026 Gemeenschappelijke Regeling Veiligheidsregio Zuid-Limburg en de mogelijke bezuinigingsopdracht Veiligheidsregio Zuid-Limburg\".","dc_identifier":"nl.gm1954.2c.2025.7136497-10","dc_publisher":"gm1954","dc_source":"https://beekdaelen.bestuurlijkeinformatie.nl/Agenda/Index/37c74624-a9d3-4e5c-ad54-82998a4a308a","dc_title":"Raadscommissie Bestuur en Middelen 2025-05-14 - Raadsvoorstel inzake: \"(Voorlopige) jaarstukken 2024 en ontwerpbegroting 2026 Gemeenschappelijke Regeling Veiligheidsregio Zuid-Limburg en de mogelijke bezuinigingsopdracht Veiligheidsregio Zuid-Limburg\"","dc_type":"2c","dc_type_description":"Vergaderstuk decentrale overheid","foi_fairiscoreVersions":{"v1":2,"v2":1},"foi_files":[{"dc_format":"application/pdf","dc_identifier":"nl.gm1954.2c.2025.7136497-10.doc.2","dc_source":"https://api1.ibabs.eu/publicdownload.aspx?site=Beekdaelen&id=160164f4-c76c-43bd-8502-0b33e163ae6b","dc_title":"Raadsbesluit inzake jaarstukken 2024 en ontwerpbegroting 2026 GR Veiligheidsregio Zuid-Limburg en de mogelijke bezuinigingsopdracht VRZL - vastgesteld 27-05-2025","dc_type":"bijlage","foi_fairiscoreVersions":{"v1":1,"v2":1},"foi_fileName":"385469_1.pdf","foi_nrPages":1},{"dc_format":"application/pdf","dc_identifier":"nl.gm1954.2c.2025.7136497-10.doc.7","dc_source":"https://api1.ibabs.eu/publicdownload.aspx?site=Beekdaelen&id=8f995a78-59b4-4079-af37-c7f0299ee9b5","dc_title":"Bijlage 6: Concept zienswijzebrief aan GR Veiligheidsregio Zuid-Limburg","dc_type":"bijlage","foi_fairiscoreVersions":{"v1":2,"v2":1},"foi_fileName":"385488_1.pdf","foi_nrPages":2},{"dc_format":"application/octet-stream","dc_identifier":"nl.gm1954.2c.2025.7136497-10.doc.10","dc_source":"https://api1.ibabs.eu/publicdownload.aspx?site=Beekdaelen&id=a24b066a-eede-44ea-b4e2-2505e3959b26","dc_title":"B5 advies commissie","dc_type":"bijlage","foi_fileName":"B5%20advies%20commissie.mp3"},{"dc_format":"application/octet-stream","dc_identifier":"nl.gm1954.2c.2025.7136497-10.doc.8","dc_source":"https://api1.ibabs.eu/publicdownload.aspx?site=Beekdaelen&id=f9e3ed57-fb61-4e0d-b2ea-ea4506b3610e","dc_title":"B5 eerste termijn (geen vragen)","dc_type":"bijlage","foi_fileName":"B5%20eerste%20termijn%20%28geen%20vragen%29.mp3"},{"dc_format":"application/octet-stream","dc_identifier":"nl.gm1954.2c.2025.7136497-10.doc.9","dc_source":"https://api1.ibabs.eu/publicdownload.aspx?site=Beekdaelen&id=2b2c8253-52cc-4106-a877-103fa6844668","dc_title":"B5 tweede termijn","dc_type":"bijlage","foi_fileName":"B5%20tweede%20termijn.mp3"},{"dc_format":"application/pdf","dc_identifier":"nl.gm1954.2c.2025.7136497-10.doc.3","dc_source":"https://api1.ibabs.eu/publicdownload.aspx?site=Beekdaelen&id=df93ad48-d92f-4f44-ad5c-5edea93065b9","dc_title":"Bijlage: Aanbiedingsbrief GR Veiligheidsregio Zuid-Limburg","dc_type":"bijlage","foi_fairiscoreVersions":{"v1":1,"v2":1},"foi_fileName":"Z%2F25%2F213589%20-%20385455.pdf","foi_nrPages":3},{"dc_format":"application/pdf","dc_identifier":"nl.gm1954.2c.2025.7136497-10.doc.4","dc_source":"https://api1.ibabs.eu/publicdownload.aspx?site=Beekdaelen&id=192e1f1a-c639-4c53-9011-48cfa37eb9a8","dc_title":"Bijlage: Voorlopige jaarstukken GR Veiligheidsregio Zuid-Limburg","dc_type":"bijlage","foi_fairiscoreVersions":{"v1":2,"v2":1},"foi_fileName":"Z%2F25%2F213589%20-%20385455.pdf","foi_nrPages":89},{"dc_format":"application/pdf","dc_identifier":"nl.gm1954.2c.2025.7136497-10.doc.6","dc_source":"https://api1.ibabs.eu/publicdownload.aspx?site=Beekdaelen&id=b4bad84e-dba5-4ebd-b198-b172b713555b","dc_title":"Bijlage: Uitwerking mogelijke bezuinigingsopdracht VRZL","dc_type":"bijlage","foi_fairiscoreVersions":{"v1":1,"v2":1},"foi_fileName":"Z%2F25%2F213589%20-%20385455.pdf","foi_nrPages":5},{"dc_format":"application/pdf","dc_identifier":"nl.gm1954.2c.2025.7136497-10.doc.5","dc_source":"https://api1.ibabs.eu/publicdownload.aspx?site=Beekdaelen&id=4d8a35ae-fff6-4bc0-8a9f-df9a26135e71","dc_title":"Bijlage: Ontwerpbegroting GR Veiligheidsregio Zuid-Limburg","dc_type":"bijlage","foi_fairiscoreVersions":{"v1":2,"v2":1},"foi_fileName":"Z%2F25%2F213589%20-%20385455%20-.pdf","foi_nrPages":59},{"dc_format":"application/pdf","dc_identifier":"nl.gm1954.2c.2025.7136497-10.doc.1","dc_source":"https://api1.ibabs.eu/publicdownload.aspx?site=Beekdaelen&id=fd51df06-dc39-47b5-be6a-1b7903e59b78","dc_title":"Raadsvoorstel inzake jaarstukken 2024 en ontwerpbegroting 2026 GR Veiligheidsregio Zuid-Limburg en de mogelijke bezuinigingsopdracht VRZL","dc_type":"bijlage","foi_fairiscoreVersions":{"v1":1,"v2":1},"foi_fileName":"Z%2F25%2F213589%20-%20385468%20-%20conceptbegroting%202026%20en%20mogelijke%20bezuinigingen%20Veiligheidsregio%20Zuid-Limburg%20%28VRZL%29.pdf","foi_nrPages":7}],"foi_nrDocuments":10,"foi_nrPagesInDossier":166,"foi_publishedDate":"2025-05-14","foi_retrievedDate":"2025-11-30"},{"dc_creator":"HandelingScraper_v1","dc_date_year":2025,"dc_description":"Vergadering van de Gemeente Beekdaelen op 2025-05-14. Onderdeel: Raadsvoorstel inzake: \"Toekomstbestendige huisvesting brandweerkazernes - Veiligheidsregio Zuid-Limburg\".","dc_identifier":"nl.gm1954.2c.2025.7136497-11","dc_publisher":"gm1954","dc_source":"https://beekdaelen.bestuurlijkeinformatie.nl/Agenda/Index/37c74624-a9d3-4e5c-ad54-82998a4a308a","dc_title":"Raadscommissie Bestuur en Middelen 2025-05-14 - Raadsvoorstel inzake: \"Toekomstbestendige huisvesting brandweerkazernes - Veiligheidsregio Zuid-Limburg\"","dc_type":"2c","dc_type_description":"Vergaderstuk decentrale overheid","foi_fairiscoreVersions":{"v1":2,"v2":2},"foi_files":[{"dc_format":"application/pdf","dc_identifier":"nl.gm1954.2c.2025.7136497-11.doc.2","dc_source":"https://api1.ibabs.eu/publicdownload.aspx?site=Beekdaelen&id=b8837060-01d6-4a79-916d-cc5a1f050205","dc_title":"Raadsbesluit inzake toekomstbestendige huisvesting brandweerkazernes (VRZL) - vastgesteld 27-05-2025","dc_type":"bijlage","foi_fairiscoreVersions":{"v1":1,"v2":1},"foi_fileName":"385569_1.pdf","foi_nrPages":1},{"dc_format":"application/octet-stream","dc_identifier":"nl.gm1954.2c.2025.7136497-11.doc.15","dc_source":"https://api1.ibabs.eu/publicdownload.aspx?site=Beekdaelen&id=851c8b13-ce1f-4989-95d7-fb47c62341be","dc_title":"B6 advies commissie","dc_type":"bijlage","foi_fileName":"B6%20advies%20commissie.mp3","foi_nrPages":1},{"dc_format":"application/octet-stream","dc_identifier":"nl.gm1954.2c.2025.7136497-11.doc.13","dc_source":"https://api1.ibabs.eu/publicdownload.aspx?site=Beekdaelen&id=5f8089e1-20e8-44c0-969a-73c3dcc7d003","dc_title":"B6 antwoord tweede termijn I","dc_type":"bijlage","foi_fileName":"B6%20antwoord%20tweede%20termijn%20I.mp3","foi_nrPages":1},{"dc_format":"application/octet-stream","dc_identifier":"nl.gm1954.2c.2025.7136497-11.doc.14","dc_source":"https://api1.ibabs.eu/publicdownload.aspx?site=Beekdaelen&id=dbe1b5e5-7e3d-49c1-8bf4-59ac7dc41df8","dc_title":"B6 antwoord tweede termijn II","dc_type":"bijlage","foi_fileName":"B6%20antwoord%20tweede%20termijn%20II.mp3","foi_nrPages":1},{"dc_format":"application/octet-stream","dc_identifier":"nl.gm1954.2c.2025.7136497-11.doc.11","dc_source":"https://api1.ibabs.eu/publicdownload.aspx?site=Beekdaelen&id=09023cb9-5a94-4983-93d9-8a46b5e2d4f7","dc_title":"B6 antwoord eerste termijn","dc_type":"bijlage","foi_fileName":"B6%20beantwoording%20eerste%20termijn.mp3","foi_nrPages":1},{"dc_format":"application/octet-stream","dc_identifier":"nl.gm1954.2c.2025.7136497-11.doc.10","dc_source":"https://api1.ibabs.eu/publicdownload.aspx?site=Beekdaelen&id=f2b9b324-5d48-4cd4-8bc7-e5fe55cbcadd","dc_title":"B6 eerste termijn","dc_type":"bijlage","foi_fileName":"B6%20eerste%20termijn.mp3","foi_nrPages":1},{"dc_format":"application/octet-stream","dc_identifier":"nl.gm1954.2c.2025.7136497-11.doc.12","dc_source":"https://api1.ibabs.eu/publicdownload.aspx?site=Beekdaelen&id=64538a64-3fee-4fd0-ba94-0f0cab564134","dc_title":"B6 tweede termijn","dc_type":"bijlage","foi_fileName":"B6%20tweede%20termijn.mp3","foi_nrPages":1},{"dc_format":"application/pdf","dc_identifier":"nl.gm1954.2c.2025.7136497-11.doc.7","dc_source":"https://api1.ibabs.eu/publicdownload.aspx?site=Beekdaelen&id=126653d1-9568-455c-a47f-542bd0f587a0","dc_title":"MvA technische vragen BL B&M B6","dc_type":"bijlage","foi_fairiscoreVersions":{"v1":1,"v2":1},"foi_fileName":"MvA%20technische%20vragen%20BL%20B%26M%20B6.pdf","foi_nrPages":1},{"dc_format":"application/pdf","dc_identifier":"nl.gm1954.2c.2025.7136497-11.doc.8","dc_source":"https://api1.ibabs.eu/publicdownload.aspx?site=Beekdaelen&id=fa447beb-e949-45b5-8eac-55d3263ad42b","dc_title":"MvA technische vragen CDA B&M B6","dc_type":"bijlage","foi_fairiscoreVersions":{"v1":1,"v2":1},"foi_fileName":"MvA%20technische%20vragen%20CDA%20B%26M%20B6.pdf","foi_nrPages":1},{"dc_format":"application/pdf","dc_identifier":"nl.gm1954.2c.2025.7136497-11.doc.9","dc_source":"https://api1.ibabs.eu/publicdownload.aspx?site=Beekdaelen&id=fed24312-b50c-4460-92c9-f23a539848b0","dc_title":"MvA technische vragen Rijkx Koll\u00e9e B&M B6","dc_type":"bijlage","foi_fairiscoreVersions":{"v1":1,"v2":1},"foi_fileName":"MvA%20technische%20vragen%20Rijkx%20Koll%C3%A9e%20B%26M%20B6.pdf","foi_nrPages":2},{"dc_format":"application/pdf","dc_identifier":"nl.gm1954.2c.2025.7136497-11.doc.3","dc_source":"https://api1.ibabs.eu/publicdownload.aspx?site=Beekdaelen&id=7244be29-3158-4197-93ad-a88ec8e30426","dc_title":"Bijlage: Aanbiedingsbrief GR VRZL Zienswijzetraject Toekomstbestendige huisvesting  brandweerkazernes (VRZL)","dc_type":"bijlage","foi_fairiscoreVersions":{"v1":1,"v2":1},"foi_fileName":"Z%2F24%2F211996%20-%20385061.pdf","foi_nrPages":3},{"dc_format":"application/pdf","dc_identifier":"nl.gm1954.2c.2025.7136497-11.doc.4","dc_source":"https://api1.ibabs.eu/publicdownload.aspx?site=Beekdaelen&id=60b1b4c3-d1f8-49d7-9680-141f026876ef","dc_title":"Bijlage: Eindrapport Toekomstbestendige huisvesting brandweerkazernes - Veiligheidsregio  Zuid-Limburg (versie 1.0)","dc_type":"bijlage","foi_fairiscoreVersions":{"v1":2,"v2":2},"foi_fileName":"Z%2F24%2F211996%20-%20385061.pdf","foi_nrPages":31},{"dc_format":"application/pdf","dc_identifier":"nl.gm1954.2c.2025.7136497-11.doc.5","dc_source":"https://api1.ibabs.eu/publicdownload.aspx?site=Beekdaelen&id=76df1cb2-a99b-4607-943a-8582a3695907","dc_title":"Bijlage: Toekomstbestendige huisvesting brandweerkazernes VRZL \u2013 bijlagenboek (versie 1.0)","dc_type":"bijlage","foi_fairiscoreVersions":{"v1":2,"v2":2},"foi_fileName":"Z%2F24%2F211996%20-%20385061.pdf","foi_nrPages":71},{"dc_format":"application/pdf","dc_identifier":"nl.gm1954.2c.2025.7136497-11.doc.6","dc_source":"https://api1.ibabs.eu/publicdownload.aspx?site=Beekdaelen&id=95f6d1d0-5f61-486e-8920-764e7ca17f9d","dc_title":"Bijlage: Begrotingswijziging 5.1 Toekomstbestendige huisvesting brandweerkazernes VRZL","dc_type":"bijlage","foi_fairiscoreVersions":{"v1":1,"v2":1},"foi_fileName":"Z%2F24%2F211996%20-%20385061.pdf","foi_nrPages":1},{"dc_format":"application/pdf","dc_identifier":"nl.gm1954.2c.2025.7136497-11.doc.1","dc_source":"https://api1.ibabs.eu/publicdownload.aspx?site=Beekdaelen&id=d22d755b-a880-4453-9b9f-9db3348282a3","dc_title":"Raadsvoorstel Toekomstbestendige huisvesting brandweerkazernes (VRZL)","dc_type":"bijlage","foi_fairiscoreVersions":{"v1":1,"v2":1},"foi_fileName":"Z%2F24%2F211996%20-%20385063.pdf","foi_nrPages":7}],"foi_nrDocuments":15,"foi_nrPagesInDossier":124,"foi_publishedDate":"2025-05-14","foi_retrievedDate":"2026-03-07"},{"dc_creator":"HandelingScraper_v1","dc_date_year":2025,"dc_description":"Vergadering van de Gemeente Beekdaelen op 2025-05-14. Onderdeel: Raadsvoorstel inzake: \"Deelname Stichting samenwerking Zuid-Limburg\".","dc_identifier":"nl.gm1954.2c.2025.7136497-12","dc_publisher":"gm1954","dc_source":"https://beekdaelen.bestuurlijkeinformatie.nl/Agenda/Index/37c74624-a9d3-4e5c-ad54-82998a4a308a","dc_title":"Raadscommissie Bestuur en Middelen 2025-05-14 - Raadsvoorstel inzake: \"Deelname Stichting samenwerking Zuid-Limburg\"","dc_type":"2c","dc_type_description":"Vergaderstuk decentrale overheid","foi_fairiscoreVersions":{"v1":2,"v2":2},"foi_files":[{"dc_format":"application/pdf","dc_identifier":"nl.gm1954.2c.2025.7136497-12.doc.1","dc_source":"https://api1.ibabs.eu/publicdownload.aspx?site=Beekdaelen&id=ea764c51-ebb6-46da-963e-d30d7c484f77","dc_title":"Raadsvoorstel inzake Deelname Stichting Samenwerking Zuid-Limburg","dc_type":"bijlage","foi_fairiscoreVersions":{"v1":1,"v2":1},"foi_fileName":"385699_1.pdf","foi_nrPages":5},{"dc_format":"application/pdf","dc_identifier":"nl.gm1954.2c.2025.7136497-12.doc.6","dc_source":"https://api1.ibabs.eu/publicdownload.aspx?site=Beekdaelen&id=ea47dbd4-47c7-4e15-9a10-da3e72107b06","dc_title":"Raadsbesluit inzake Deelname Stichting Samenwerking Zuid-Limburg - vastgesteld 27-05-2025","dc_type":"bijlage","foi_fairiscoreVersions":{"v1":1,"v2":1},"foi_fileName":"385702_1.pdf","foi_nrPages":1},{"dc_format":"application/octet-stream","dc_identifier":"nl.gm1954.2c.2025.7136497-12.doc.15","dc_source":"https://api1.ibabs.eu/publicdownload.aspx?site=Beekdaelen&id=e707c028-d7ce-4f03-8efb-5536a449c66d","dc_title":"B7 advies commissie","dc_type":"bijlage","foi_fileName":"B7%20advies%20commissie.mp3"},{"dc_format":"application/octet-stream","dc_identifier":"nl.gm1954.2c.2025.7136497-12.doc.12","dc_source":"https://api1.ibabs.eu/publicdownload.aspx?site=Beekdaelen&id=ebb109fe-3490-4d9b-aab1-a383e9d751bf","dc_title":"B7 antwoord eerste termijn","dc_type":"bijlage","foi_fileName":"B7%20antwoord%20eerste%20termijn.mp3"},{"dc_format":"application/octet-stream","dc_identifier":"nl.gm1954.2c.2025.7136497-12.doc.14","dc_source":"https://api1.ibabs.eu/publicdownload.aspx?site=Beekdaelen&id=106c0900-1965-4404-b48f-c0864fdc5605","dc_title":"B7 antwoord tweede termijn","dc_type":"bijlage","foi_fileName":"B7%20antwoord%20tweede%20termijn.mp3"},{"dc_format":"application/octet-stream","dc_identifier":"nl.gm1954.2c.2025.7136497-12.doc.11","dc_source":"https://api1.ibabs.eu/publicdownload.aspx?site=Beekdaelen&id=0fde8eb8-b772-4b1c-b710-2237896227ff","dc_title":"B7 eerste termijn","dc_type":"bijlage","foi_fileName":"B7%20eerste%20termijn.mp3"},{"dc_format":"application/octet-stream","dc_identifier":"nl.gm1954.2c.2025.7136497-12.doc.13","dc_source":"https://api1.ibabs.eu/publicdownload.aspx?site=Beekdaelen&id=48caf7bd-21fa-457c-a6aa-21fa477f8059","dc_title":"B7 tweede termijn","dc_type":"bijlage","foi_fileName":"B7%20tweede%20termijn.mp3"},{"dc_format":"application/pdf","dc_identifier":"nl.gm1954.2c.2025.7136497-12.doc.7","dc_source":"https://api1.ibabs.eu/publicdownload.aspx?site=Beekdaelen&id=86720d44-0c84-402a-80c1-d5650636fa79","dc_title":"Bijlage: Begrotingswijziging 5.2 deelname Stichting samenwerking Zuid-Limburg","dc_type":"bijlage","foi_fairiscoreVersions":{"v1":1,"v2":1},"foi_fileName":"Begrotingswijziging%205.pdf","foi_nrPages":1},{"dc_format":"application/pdf","dc_identifier":"nl.gm1954.2c.2025.7136497-12.doc.9","dc_source":"https://api1.ibabs.eu/publicdownload.aspx?site=Beekdaelen&id=fdd55a74-b877-4abe-8d2d-0202690e5a98","dc_title":"MvA technische vragen CDA B&M B7","dc_type":"bijlage","foi_fairiscoreVersions":{"v1":1,"v2":1},"foi_fileName":"MvA%20technische%20vragen%20CDA%20B%26M%20B7.pdf","foi_nrPages":2},{"dc_format":"application/pdf","dc_identifier":"nl.gm1954.2c.2025.7136497-12.doc.10","dc_source":"https://api1.ibabs.eu/publicdownload.aspx?site=Beekdaelen&id=2a8c5543-b23a-42a7-ba17-03c8a0570af2","dc_title":"MvA technische vragen Rijkx Koll\u00e9e B&M B7","dc_type":"bijlage","foi_fairiscoreVersions":{"v1":1,"v2":1},"foi_fileName":"MvA%20technische%20vragen%20Rijkx%20Koll%C3%A9e%20B%26M%20B7.pdf","foi_nrPages":2},{"dc_format":"application/pdf","dc_identifier":"nl.gm1954.2c.2025.7136497-12.doc.2","dc_source":"https://api1.ibabs.eu/publicdownload.aspx?site=Beekdaelen&id=1b4b9826-1d0a-4f3c-9895-4cd88a3b6b84","dc_title":"Bijlage: Statuten Stichting samenwerking Zuid-Limburg","dc_type":"bijlage","foi_fairiscoreVersions":{"v1":1,"v2":1},"foi_fileName":"Z%2F25%2F213647%20-%20385691%20-%20Bijlage%201%3A%20Statuten%20Stichting%20samenwerking%20Zuid-Limburg.pdf","foi_nrPages":12},{"dc_format":"application/pdf","dc_identifier":"nl.gm1954.2c.2025.7136497-12.doc.3","dc_source":"https://api1.ibabs.eu/publicdownload.aspx?site=Beekdaelen&id=2de00990-8fde-4660-bf05-b0c29547878e","dc_title":"Bijlage: Advies Van den Bunt","dc_type":"bijlage","foi_fairiscoreVersions":{"v1":1,"v2":1},"foi_fileName":"Z%2F25%2F213647%20-%20385694%20-%20Bijlage%202%3A%20Advies%20Van%20den%20Bunt.pdf","foi_nrPages":12},{"dc_format":"application/pdf","dc_identifier":"nl.gm1954.2c.2025.7136497-12.doc.4","dc_source":"https://api1.ibabs.eu/publicdownload.aspx?site=Beekdaelen&id=de6a68c0-c32b-49d7-8813-fce6bc26f172","dc_title":"Bijlage: Advies Paulussen advocaten","dc_type":"bijlage","foi_fairiscoreVersions":{"v1":1,"v2":1},"foi_fileName":"Z%2F25%2F213647%20-%20385695%20-%20Bijlage%203%3A%20Advies%20Paulussen%20advocaten.pdf","foi_nrPages":18},{"dc_format":"application/pdf","dc_identifier":"nl.gm1954.2c.2025.7136497-12.doc.5","dc_source":"https://api1.ibabs.eu/publicdownload.aspx?site=Beekdaelen&id=1115fc5c-46dc-477e-be34-4b2158a694f4","dc_title":"Bijlage: Advies Van der Greef","dc_type":"bijlage","foi_fairiscoreVersions":{"v1":1,"v2":1},"foi_fileName":"Z%2F25%2F213647%20-%20385696%20-%20Bijlage%204%3A%20Advies%20Van%20der%20Greef.pdf","foi_nrPages":10},{"dc_format":"application/pdf","dc_identifier":"nl.gm1954.2c.2025.7136497-12.doc.8","dc_source":"https://api1.ibabs.eu/publicdownload.aspx?site=Beekdaelen&id=3fdc69e8-8409-4708-847e-f1e8c304fa36","dc_title":"Bijlage: Presentatie gemeenteraden samenwerking Zuid-Limburg","dc_type":"bijlage","foi_fairiscoreVersions":{"v1":3,"v2":3},"foi_fileName":"Z%2F25%2F213647%20-%20385697%20-%20Bijlage%208%3A%20Presentatie%20gemeenteraden%20samenwerking%20Zuid-Limburg.pdf","foi_nrPages":19}],"foi_nrDocuments":15,"foi_nrPagesInDossier":82,"foi_publishedDate":"2025-05-14","foi_retrievedDate":"2025-12-03"},{"dc_creator":"HandelingScraper_v1","dc_date_year":2025,"dc_description":"Vergadering van de Gemeente Beekdaelen op 2025-05-14. Onderdeel: Raadsvoorstel Gewijzigde begroting 2025 en Ontwerpbegroting 2026 en MJR 2026-2029 Voorstel toetreding van Gemeenschappelijke Regeling ISD BOL in Gemeenschappelijke Regeling Solido..","dc_identifier":"nl.gm1954.2c.2025.7136497-13","dc_publisher":"gm1954","dc_source":"https://beekdaelen.bestuurlijkeinformatie.nl/Agenda/Index/37c74624-a9d3-4e5c-ad54-82998a4a308a","dc_title":"Raadscommissie Bestuur en Middelen 2025-05-14 - Raadsvoorstel Gewijzigde begroting 2025 en Ontwerpbegroting 2026 en MJR 2026-2029 Voorstel toetreding van Gemeenschappelijke Regeling ISD BOL in Gemeenschappelijke Regeling Solido.","dc_type":"2c","dc_type_description":"Vergaderstuk decentrale overheid","foi_fairiscoreVersions":{"v1":2,"v2":2},"foi_files":[{"dc_format":"application/octet-stream","dc_identifier":"nl.gm1954.2c.2025.7136497-13.doc.8","dc_source":"https://api1.ibabs.eu/publicdownload.aspx?site=Beekdaelen&id=d49e96bf-73e5-4571-967d-d31bd4d77704","dc_title":"B8 advies commissie (geen vragen)","dc_type":"bijlage","foi_fileName":"B8%20advies%20commissie%20%28geen%20vragen%29.mp3","foi_nrPages":1},{"dc_format":"application/pdf","dc_identifier":"nl.gm1954.2c.2025.7136497-13.doc.3","dc_source":"https://api1.ibabs.eu/publicdownload.aspx?site=Beekdaelen&id=5fe7c6f8-692c-4681-a77b-c5b3022ad6bc","dc_title":"Bijlage 2: Brief raden m.b.t. Gewijzigde begroting 2025 en Ontwerpbegroting 2026 en MJR 2026-2029","dc_type":"bijlage","foi_fairiscoreVersions":{"v1":1,"v2":1},"foi_fileName":"Brief%20raden%20mbt%20Gew%20begroting%202025%20en%20Ontwerpbegroting%202026.pdf","foi_nrPages":2},{"dc_format":"application/pdf","dc_identifier":"nl.gm1954.2c.2025.7136497-13.doc.4","dc_source":"https://api1.ibabs.eu/publicdownload.aspx?site=Beekdaelen&id=22f4e35e-6056-4a30-9f95-8b92e00f4d2a","dc_title":"Bijlage 3: Brief aan de raden m.b.t Voorstel toetreding van Gemeenschappelijke Regeling ISD BOL in  Gemeenschappelijke Regeling Solido.","dc_type":"bijlage","foi_fairiscoreVersions":{"v1":1,"v2":1},"foi_fileName":"Brief%20raden%20toetreding%20ISD%20Bol.pdf","foi_nrPages":2},{"dc_format":"application/pdf","dc_identifier":"nl.gm1954.2c.2025.7136497-13.doc.2","dc_source":"https://api1.ibabs.eu/publicdownload.aspx?site=Beekdaelen&id=a53d0fc1-8b98-4ac8-8ddd-14c6a6a3ffc1","dc_title":"Bijlage 1: Concept raadsbesluit gewijzigde begroting 2025 en Ontwerpbegroting 2026 en MJR 2026-2029 Voorstel toetreding van Gemeenschappelijke Regeling ISD BOL in Gemeenschappelijke Regeling Solido.","dc_type":"bijlage","foi_fairiscoreVersions":{"v1":1,"v2":1},"foi_fileName":"Raadsbesluit%20gewijzigde%20begroting%202025%20en%20Ontwerpbegroting%202026%20en%20MJR%202026-2029%20Voorstel%20toetreding%20van%20Gemeenschappelijke%20Regeling%20ISD%20BOL%20in%20Gemeenschappelijke%20Regeling%20Solido.pdf","foi_nrPages":1},{"dc_format":"application/pdf","dc_identifier":"nl.gm1954.2c.2025.7136497-13.doc.1","dc_source":"https://api1.ibabs.eu/publicdownload.aspx?site=Beekdaelen&id=1276f59a-f018-4d9b-9381-1173087275b3","dc_title":"Raadsvoorstel Gewijzigde begroting 2025 en Ontwerpbegroting 2026 en MJR 2026-2029 Voorstel toetreding van Gemeenschappelijke Regeling ISD BOL in Gemeenschappelijke Regeling Solido.","dc_type":"bijlage","foi_fairiscoreVersions":{"v1":1,"v2":1},"foi_fileName":"Raadsvoorstel%20Gewijzigde%20begroting%202025%20en%20Ontwerpbegroting%202026%20en%20MJR%202026-2029%20Voorstel%20toetreding%20van%20Gemeenschappelijke%20Regeling%20ISD%20BOL%20in%20Gemeenschappelijke%20Regeling%20Solido.pdf","foi_nrPages":8},{"dc_format":"application/pdf","dc_identifier":"nl.gm1954.2c.2025.7136497-13.doc.5","dc_source":"https://api1.ibabs.eu/publicdownload.aspx?site=Beekdaelen&id=166244e9-4b2c-4f67-8799-773ef1abeb8c","dc_title":"Bijlage 4: Solido Gewijzigde begroting 2025","dc_type":"bijlage","foi_fairiscoreVersions":{"v1":2,"v2":2},"foi_fileName":"Solido%20Gewijzigde%20begroting%20202.pdf","foi_nrPages":6},{"dc_format":"application/pdf","dc_identifier":"nl.gm1954.2c.2025.7136497-13.doc.6","dc_source":"https://api1.ibabs.eu/publicdownload.aspx?site=Beekdaelen&id=4c6283ed-cee0-4129-97ba-dfdffef3cd16","dc_title":"Bijlage 5: Solido Ontwerpbegroting 2026 en MJR 2026-2029","dc_type":"bijlage","foi_fairiscoreVersions":{"v1":2,"v2":2},"foi_fileName":"Solido%20Ontwerpbegroting%202026%20en%20MJR%202026-2029.pdf","foi_nrPages":26},{"dc_format":"application/pdf","dc_identifier":"nl.gm1954.2c.2025.7136497-13.doc.7","dc_source":"https://api1.ibabs.eu/publicdownload.aspx?site=Beekdaelen&id=7b5e23aa-5006-4fee-8e80-461b999c6286","dc_title":"Uitgaande brief Solido","dc_type":"bijlage","foi_fairiscoreVersions":{"v1":2,"v2":2},"foi_fileName":"Uitgaande%20brief%20Solido.pdf","foi_nrPages":1}],"foi_nrDocuments":8,"foi_nrPagesInDossier":47,"foi_publishedDate":"2025-05-14","foi_retrievedDate":"2025-12-06"},{"dc_creator":"HandelingScraper_v1","dc_date_year":2025,"dc_description":"Vergadering van de Gemeente Beekdaelen op 2025-05-14. Onderdeel: Rondvraag Bestuur en Middelen.","dc_identifier":"nl.gm1954.2c.2025.7136497-14","dc_publisher":"gm1954","dc_source":"https://beekdaelen.bestuurlijkeinformatie.nl/Agenda/Index/37c74624-a9d3-4e5c-ad54-82998a4a308a","dc_title":"Raadscommissie Bestuur en Middelen 2025-05-14 - Rondvraag Bestuur en Middelen","dc_type":"2c","dc_type_description":"Vergaderstuk decentrale overheid","foi_fairiscoreVersions":{"v1":null,"v2":null},"foi_files":[{"dc_format":"application/octet-stream","dc_identifier":"nl.gm1954.2c.2025.7136497-14.doc.1","dc_source":"https://api1.ibabs.eu/publicdownload.aspx?site=Beekdaelen&id=40404382-b610-4cfc-9e5c-91771a478933","dc_title":"C Rondvraag en sluiting","dc_type":"bijlage","foi_fileName":"C%20Rondvraag%20en%20sluiting.mp3","foi_nrPages":1}],"foi_nrDocuments":1,"foi_nrPagesInDossier":1,"foi_publishedDate":"2025-05-14","foi_retrievedDate":"2025-11-29"},{"dc_creator":"HandelingScraper_v1","dc_date_year":2025,"dc_description":"Vergadering van de Gemeente Beekdaelen op 2025-05-14. Onderdeel: Opening, mededelingen voorzitter en vaststellen agenda..","dc_identifier":"nl.gm1954.2c.2025.7136497-2","dc_publisher":"gm1954","dc_source":"https://beekdaelen.bestuurlijkeinformatie.nl/Agenda/Index/37c74624-a9d3-4e5c-ad54-82998a4a308a","dc_title":"Raadscommissie Bestuur en Middelen 2025-05-14 - Opening, mededelingen voorzitter en vaststellen agenda.","dc_type":"2c","dc_type_description":"Vergaderstuk decentrale overheid","foi_fairiscoreVersions":{"v1":2,"v2":2},"foi_files":[{"dc_format":"application/octet-stream","dc_identifier":"nl.gm1954.2c.2025.7136497-2.doc.9","dc_source":"https://api1.ibabs.eu/publicdownload.aspx?site=Beekdaelen&id=dd5ce62e-75bc-46b5-a86d-e108555af80d","dc_title":"A1 tm A3","dc_type":"bijlage","foi_fileName":"A1%20tm%20A3.mp3","foi_nrPages":1},{"dc_format":"application/pdf","dc_identifier":"nl.gm1954.2c.2025.7136497-2.doc.4","dc_source":"https://api1.ibabs.eu/publicdownload.aspx?site=Beekdaelen&id=a0c879ef-74c4-49a7-a302-393765cdadff","dc_title":"Bijlage 2: Brief raden m.b.t. Gewijzigde begroting 2025 en Ontwerpbegroting 2026 en MJR 2026-2029","dc_type":"bijlage","foi_fairiscoreVersions":{"v1":1,"v2":1},"foi_fileName":"Brief%20raden%20mbt%20Gew%20begroting%202025%20en%20Ontwerpbegroting%202026.pdf","foi_nrPages":2},{"dc_format":"application/pdf","dc_identifier":"nl.gm1954.2c.2025.7136497-2.doc.5","dc_source":"https://api1.ibabs.eu/publicdownload.aspx?site=Beekdaelen&id=f1b2537a-3760-4278-80f4-5bf41d29d07a","dc_title":"Bijlage 3: Brief aan de raden m.b.t Voorstel toetreding van Gemeenschappelijke Regeling ISD BOL in  Gemeenschappelijke Regeling Solido.","dc_type":"bijlage","foi_fairiscoreVersions":{"v1":1,"v2":1},"foi_fileName":"Brief%20raden%20toetreding%20ISD%20Bol.pdf","foi_nrPages":2},{"dc_format":"application/pdf","dc_identifier":"nl.gm1954.2c.2025.7136497-2.doc.3","dc_source":"https://api1.ibabs.eu/publicdownload.aspx?site=Beekdaelen&id=31b52a24-fc05-4f05-afad-c9a2b0a2b58a","dc_title":"Bijlage 1: Concept raadsbesluit gewijzigde begroting 2025 en Ontwerpbegroting 2026 en MJR 2026-2029 Voorstel toetreding van Gemeenschappelijke Regeling ISD BOL in Gemeenschappelijke Regeling Solido.","dc_type":"bijlage","foi_fairiscoreVersions":{"v1":1,"v2":1},"foi_fileName":"Raadsbesluit%20gewijzigde%20begroting%202025%20en%20Ontwerpbegroting%202026%20en%20MJR%202026-2029%20Voorstel%20toetreding%20van%20Gemeenschappelijke%20Regeling%20ISD%20BOL%20in%20Gemeenschappelijke%20Regeling%20Solido.pdf","foi_nrPages":1},{"dc_format":"application/pdf","dc_identifier":"nl.gm1954.2c.2025.7136497-2.doc.2","dc_source":"https://api1.ibabs.eu/publicdownload.aspx?site=Beekdaelen&id=a53a5627-87b7-4d9a-afcf-64bb1c23b876","dc_title":"Raadsvoorstel Gewijzigde begroting 2025 en Ontwerpbegroting 2026 en MJR 2026-2029 Voorstel toetreding van Gemeenschappelijke Regeling ISD BOL in Gemeenschappelijke Regeling Solido.","dc_type":"bijlage","foi_fairiscoreVersions":{"v1":1,"v2":1},"foi_fileName":"Raadsvoorstel%20Gewijzigde%20begroting%202025%20en%20Ontwerpbegroting%202026%20en%20MJR%202026-2029%20Voorstel%20toetreding%20van%20Gemeenschappelijke%20Regeling%20ISD%20BOL%20in%20Gemeenschappelijke%20Regeling%20Solido.pdf","foi_nrPages":8},{"dc_format":"application/pdf","dc_identifier":"nl.gm1954.2c.2025.7136497-2.doc.6","dc_source":"https://api1.ibabs.eu/publicdownload.aspx?site=Beekdaelen&id=8194d2a5-3ac6-464d-b785-b335bb50ab49","dc_title":"Bijlage 4: Solido Gewijzigde begroting 2025","dc_type":"bijlage","foi_fairiscoreVersions":{"v1":2,"v2":2},"foi_fileName":"Solido%20Gewijzigde%20begroting%20202.pdf","foi_nrPages":6},{"dc_format":"application/pdf","dc_identifier":"nl.gm1954.2c.2025.7136497-2.doc.7","dc_source":"https://api1.ibabs.eu/publicdownload.aspx?site=Beekdaelen&id=1cfb9207-d5e4-4485-8a89-af3f4f96395e","dc_title":"Bijlage 5: Solido Ontwerpbegroting 2026 en MJR 2026-2029","dc_type":"bijlage","foi_fairiscoreVersions":{"v1":2,"v2":2},"foi_fileName":"Solido%20Ontwerpbegroting%202026%20en%20MJR%202026-2029.pdf","foi_nrPages":26},{"dc_format":"application/pdf","dc_identifier":"nl.gm1954.2c.2025.7136497-2.doc.8","dc_source":"https://api1.ibabs.eu/publicdownload.aspx?site=Beekdaelen&id=65df3007-b161-4841-994f-e69273ee963e","dc_title":"Uitgaande brief Solido","dc_type":"bijlage","foi_fairiscoreVersions":{"v1":2,"v2":2},"foi_fileName":"Uitgaande%20brief%20Solido.pdf","foi_nrPages":1},{"dc_format":"application/pdf","dc_identifier":"nl.gm1954.2c.2025.7136497-2.doc.1","dc_source":"https://api1.ibabs.eu/publicdownload.aspx?site=Beekdaelen&id=a4099f60-dd05-4cec-8caf-4c399752049f","dc_title":"Uitnodiging en voorlopige agenda cie. B&M 14.05.2025","dc_type":"bijlage","foi_fairiscoreVersions":{"v1":1,"v2":1},"foi_fileName":"Uitnodiging%20en%20voorlopige%20agenda%20cie.%20B%26M%2014.05.pdf","foi_nrPages":2}],"foi_nrDocuments":9,"foi_nrPagesInDossier":49,"foi_publishedDate":"2025-05-14","foi_retrievedDate":"2025-12-03"},{"dc_creator":"HandelingScraper_v1","dc_date_year":2025,"dc_description":"Vergadering van de Gemeente Beekdaelen op 2025-05-14. Onderdeel: Spreekrecht burgers..","dc_identifier":"nl.gm1954.2c.2025.7136497-3","dc_publisher":"gm1954","dc_source":"https://beekdaelen.bestuurlijkeinformatie.nl/Agenda/Index/37c74624-a9d3-4e5c-ad54-82998a4a308a","dc_title":"Raadscommissie Bestuur en Middelen 2025-05-14 - Spreekrecht burgers.","dc_type":"2c","dc_type_description":"Vergaderstuk decentrale overheid","foi_fairiscoreVersions":{"v1":null,"v2":null},"foi_files":[{"dc_format":"application/octet-stream","dc_identifier":"nl.gm1954.2c.2025.7136497-3.doc.1","dc_source":"https://api1.ibabs.eu/publicdownload.aspx?site=Beekdaelen&id=5f26ad23-2111-4485-861b-6219662ada0c","dc_title":"A1 tm A3","dc_type":"bijlage","foi_fileName":"A1%20tm%20A3.mp3"}],"foi_nrDocuments":1,"foi_nrPagesInDossier":0,"foi_publishedDate":"2025-05-14","foi_retrievedDate":"2025-11-30"},{"dc_creator":"HandelingScraper_v1","dc_date_year":2025,"dc_description":"Vergadering van de Gemeente Beekdaelen op 2025-05-14. Onderdeel: De inwoner spreekt.","dc_identifier":"nl.gm1954.2c.2025.7136497-4","dc_publisher":"gm1954","dc_source":"https://beekdaelen.bestuurlijkeinformatie.nl/Agenda/Index/37c74624-a9d3-4e5c-ad54-82998a4a308a","dc_title":"Raadscommissie Bestuur en Middelen 2025-05-14 - De inwoner spreekt","dc_type":"2c","dc_type_description":"Vergaderstuk decentrale overheid","foi_fairiscoreVersions":{"v1":null,"v2":null},"foi_files":[{"dc_format":"application/octet-stream","dc_identifier":"nl.gm1954.2c.2025.7136497-4.doc.1","dc_source":"https://api1.ibabs.eu/publicdownload.aspx?site=Beekdaelen&id=c2370192-0183-401f-9626-12ad4392f93c","dc_title":"A1 tm A3","dc_type":"bijlage","foi_fileName":"A1%20tm%20A3.mp3"}],"foi_nrDocuments":1,"foi_nrPagesInDossier":0,"foi_publishedDate":"2025-05-14","foi_retrievedDate":"2025-12-01"},{"dc_creator":"HandelingScraper_v1","dc_date_year":2025,"dc_description":"Vergadering van de Gemeente Beekdaelen op 2025-05-14. Onderdeel: Vaststellen actiepuntenlijst van de raadscommissie Bestuur en Middelen d.d. 04.12.2024.","dc_identifier":"nl.gm1954.2c.2025.7136497-5","dc_publisher":"gm1954","dc_source":"https://beekdaelen.bestuurlijkeinformatie.nl/Agenda/Index/37c74624-a9d3-4e5c-ad54-82998a4a308a","dc_title":"Raadscommissie Bestuur en Middelen 2025-05-14 - Vaststellen actiepuntenlijst van de raadscommissie Bestuur en Middelen d.d. 04.12.2024","dc_type":"2c","dc_type_description":"Vergaderstuk decentrale overheid","foi_fairiscoreVersions":{"v1":1,"v2":1},"foi_files":[{"dc_format":"application/octet-stream","dc_identifier":"nl.gm1954.2c.2025.7136497-5.doc.2","dc_source":"https://api1.ibabs.eu/publicdownload.aspx?site=Beekdaelen&id=a1cdf176-aca5-4394-900c-94da54719ebc","dc_title":"A4","dc_type":"bijlage","foi_fileName":"A4.mp3","foi_nrPages":1},{"dc_format":"application/pdf","dc_identifier":"nl.gm1954.2c.2025.7136497-5.doc.1","dc_source":"https://api1.ibabs.eu/publicdownload.aspx?site=Beekdaelen&id=c8f6f6ba-33f3-48f7-8a47-dbb1eae0d846","dc_title":"Actiepuntenlijst raadscommissies Bestuur & Middelen 04.12.2024","dc_type":"bijlage","foi_fairiscoreVersions":{"v1":1,"v2":1},"foi_fileName":"Actiepuntenlijst%20raadscommissies%20Bestuur%20%20Middelen%2004122024.pdf","foi_nrPages":5}],"foi_nrDocuments":2,"foi_nrPagesInDossier":6,"foi_publishedDate":"2025-05-14","foi_retrievedDate":"2025-11-29"},{"dc_creator":"HandelingScraper_v1","dc_date_year":2025,"dc_description":"Vergadering van de Gemeente Beekdaelen op 2025-05-14. Onderdeel: Raadsvoorstel inzake: \"jaarrekening 2024 en begroting 2025, 2026 - 2029 GR Gegevenshuis\".","dc_identifier":"nl.gm1954.2c.2025.7136497-6","dc_publisher":"gm1954","dc_source":"https://beekdaelen.bestuurlijkeinformatie.nl/Agenda/Index/37c74624-a9d3-4e5c-ad54-82998a4a308a","dc_title":"Raadscommissie Bestuur en Middelen 2025-05-14 - Raadsvoorstel inzake: \"jaarrekening 2024 en begroting 2025, 2026 - 2029 GR Gegevenshuis\"","dc_type":"2c","dc_type_description":"Vergaderstuk decentrale overheid","foi_fairiscoreVersions":{"v1":2,"v2":2},"foi_files":[{"dc_format":"application/pdf","dc_identifier":"nl.gm1954.2c.2025.7136497-6.doc.1","dc_source":"https://api1.ibabs.eu/publicdownload.aspx?site=Beekdaelen&id=7f25e376-e098-4969-9872-60d69490bfd3","dc_title":"Raadsvoorstel inzake Jaarrekening 2024 en begroting 2025, 2026 - 2029 GR Gegevenshuis","dc_type":"bijlage","foi_fairiscoreVersions":{"v1":1,"v2":1},"foi_fileName":"385147_1.pdf","foi_nrPages":5},{"dc_format":"application/pdf","dc_identifier":"nl.gm1954.2c.2025.7136497-6.doc.7","dc_source":"https://api1.ibabs.eu/publicdownload.aspx?site=Beekdaelen&id=97b34c23-53c7-4d29-8023-71e54109c210","dc_title":"Uitgaande brief Gegevenshuis","dc_type":"bijlage","foi_fairiscoreVersions":{"v1":2,"v2":2},"foi_fileName":"385831_1.pdf","foi_nrPages":2},{"dc_format":"application/octet-stream","dc_identifier":"nl.gm1954.2c.2025.7136497-6.doc.11","dc_source":"https://api1.ibabs.eu/publicdownload.aspx?site=Beekdaelen&id=a5ab83d9-6987-47cb-b799-a6ba89dc1a79","dc_title":"B1 antwoord eerste termijn","dc_type":"bijlage","foi_fileName":"B1%20antwoord%20eerste%20termijn.mp3","foi_nrPages":1},{"dc_format":"application/octet-stream","dc_identifier":"nl.gm1954.2c.2025.7136497-6.doc.10","dc_source":"https://api1.ibabs.eu/publicdownload.aspx?site=Beekdaelen&id=b828554b-add9-4124-99e8-364385067be9","dc_title":"B1 eerste termijn","dc_type":"bijlage","foi_fileName":"B1%20eerste%20termijn.mp3","foi_nrPages":1},{"dc_format":"application/octet-stream","dc_identifier":"nl.gm1954.2c.2025.7136497-6.doc.12","dc_source":"https://api1.ibabs.eu/publicdownload.aspx?site=Beekdaelen&id=120f38db-2980-44ee-8a7e-35a2acd50bcc","dc_title":"B1 tweede termijn en advies commissie","dc_type":"bijlage","foi_fileName":"B1%20tweede%20termijn%20en%20advies%20commissie.mp3","foi_nrPages":1},{"dc_format":"application/pdf","dc_identifier":"nl.gm1954.2c.2025.7136497-6.doc.9","dc_source":"https://api1.ibabs.eu/publicdownload.aspx?site=Beekdaelen&id=b5496b08-0a2f-4553-b521-784c867207ae","dc_title":"MvA Technische vragen PvdA B&M B1","dc_type":"bijlage","foi_fairiscoreVersions":{"v1":1,"v2":1},"foi_fileName":"MvA%20Technische%20vragen%20PvdA%20B%26M%20B1.pdf","foi_nrPages":1},{"dc_format":"application/pdf","dc_identifier":"nl.gm1954.2c.2025.7136497-6.doc.8","dc_source":"https://api1.ibabs.eu/publicdownload.aspx?site=Beekdaelen&id=0b5b3e87-e6c6-4f0a-95f4-a26a09f1873a","dc_title":"MvA Technische vragen VG B&M B1","dc_type":"bijlage","foi_fairiscoreVersions":{"v1":1,"v2":1},"foi_fileName":"MvA%20Technische%20vragen%20VG%20B%26M%20B1.pdf","foi_nrPages":2},{"dc_format":"application/pdf","dc_identifier":"nl.gm1954.2c.2025.7136497-6.doc.6","dc_source":"https://api1.ibabs.eu/publicdownload.aspx?site=Beekdaelen&id=ceeb2dc3-a43b-4dba-8680-8e740141e7a3","dc_title":"Raadsbesluit inzake jaarrekening 2024 en begroting 2025, 2026 - 2029 GR Gegevenshuis - vastgesteld 27-05-2025","dc_type":"bijlage","foi_fairiscoreVersions":{"v1":1,"v2":1},"foi_fileName":"Raadsbesluit%20jaarstukken%20Gegevenshuis.pdf","foi_nrPages":1},{"dc_format":"application/pdf","dc_identifier":"nl.gm1954.2c.2025.7136497-6.doc.2","dc_source":"https://api1.ibabs.eu/publicdownload.aspx?site=Beekdaelen&id=06562a91-8e16-4eb2-95de-a22c465291ca","dc_title":"Bijlage: Jaarrekening 2024","dc_type":"bijlage","foi_fairiscoreVersions":{"v1":2,"v2":1},"foi_fileName":"Z%2F25%2F213504%20-%20385151%20-%20Bijlage%201%3A%20Jaarrekening%202024.pdf","foi_nrPages":41},{"dc_format":"application/pdf","dc_identifier":"nl.gm1954.2c.2025.7136497-6.doc.3","dc_source":"https://api1.ibabs.eu/publicdownload.aspx?site=Beekdaelen&id=857869c1-5369-442c-8753-27006f8b40cb","dc_title":"Bijlage: Bijgestelde begroting 2025","dc_type":"bijlage","foi_fairiscoreVersions":{"v1":2,"v2":1},"foi_fileName":"Z%2F25%2F213504%20-%20385151%20-%20Bijlage%202%3A%20Bijgestelde%20begroting%202025.pdf","foi_nrPages":36},{"dc_format":"application/pdf","dc_identifier":"nl.gm1954.2c.2025.7136497-6.doc.4","dc_source":"https://api1.ibabs.eu/publicdownload.aspx?site=Beekdaelen&id=28cfc0c7-d9bb-4392-b24e-c01024246327","dc_title":"Bijlage: Begroting 2026 \u2013 meerjarenraming","dc_type":"bijlage","foi_fairiscoreVersions":{"v1":2,"v2":1},"foi_fileName":"Z%2F25%2F213504%20-%20385151%20-%20Bijlage%203%3A%20Begroting%202026%20%E2%80%93%20meerjarenraming.pdf","foi_nrPages":38},{"dc_format":"application/pdf","dc_identifier":"nl.gm1954.2c.2025.7136497-6.doc.5","dc_source":"https://api1.ibabs.eu/publicdownload.aspx?site=Beekdaelen&id=0aa3ea93-efe6-4b23-8f2e-68080226c917","dc_title":"Bijlage: Aanbiedingsbrief Gegevenshuis","dc_type":"bijlage","foi_fairiscoreVersions":{"v1":2,"v2":2},"foi_fileName":"Z%2F25%2F213504%20-%20385151%20-%20Bijlage%204%3A%20Aanbiedingsbrief%20Gegevenshuis.pdf","foi_nrPages":1}],"foi_nrDocuments":12,"foi_nrPagesInDossier":130,"foi_publishedDate":"2025-05-14","foi_retrievedDate":"2025-11-29"},{"dc_creator":"HandelingScraper_v1","dc_date_year":2025,"dc_description":"Vergadering van de Gemeente Beekdaelen op 2025-05-14. Onderdeel: Raadsvoorstel inzake: \"Ontwerpbegroting 2026 en meerjarenraming 2027 - 2030 BsGW\".","dc_identifier":"nl.gm1954.2c.2025.7136497-7","dc_publisher":"gm1954","dc_source":"https://beekdaelen.bestuurlijkeinformatie.nl/Agenda/Index/37c74624-a9d3-4e5c-ad54-82998a4a308a","dc_title":"Raadscommissie Bestuur en Middelen 2025-05-14 - Raadsvoorstel inzake: \"Ontwerpbegroting 2026 en meerjarenraming 2027 - 2030 BsGW\"","dc_type":"2c","dc_type_description":"Vergaderstuk decentrale overheid","foi_fairiscoreVersions":{"v1":2,"v2":2},"foi_files":[{"dc_format":"application/octet-stream","dc_identifier":"nl.gm1954.2c.2025.7136497-7.doc.9","dc_source":"https://api1.ibabs.eu/publicdownload.aspx?site=Beekdaelen&id=316d1bb0-35a6-4449-9235-d2a6a6bf2fcb","dc_title":"B2 advies commissie (geen vragen)","dc_type":"bijlage","foi_fileName":"B2%20advies%20commissie%20%28geen%20vragen%29.mp3","foi_nrPages":1},{"dc_format":"application/pdf","dc_identifier":"nl.gm1954.2c.2025.7136497-7.doc.4","dc_source":"https://api1.ibabs.eu/publicdownload.aspx?site=Beekdaelen&id=1adc8f46-88a4-47ba-a8ca-7b14ac458323","dc_title":"Bijlage: BsGW aanbiedingsbrief kadernota 2026","dc_type":"bijlage","foi_fairiscoreVersions":{"v1":1,"v2":1},"foi_fileName":"email.pdf","foi_nrPages":1},{"dc_format":"application/pdf","dc_identifier":"nl.gm1954.2c.2025.7136497-7.doc.5","dc_source":"https://api1.ibabs.eu/publicdownload.aspx?site=Beekdaelen&id=d04f0d88-06cc-4641-89a7-2fa10af89c0b","dc_title":"Bijlage: BsGW kadernota 2026","dc_type":"bijlage","foi_fairiscoreVersions":{"v1":2,"v2":1},"foi_fileName":"email.pdf","foi_nrPages":16},{"dc_format":"application/pdf","dc_identifier":"nl.gm1954.2c.2025.7136497-7.doc.6","dc_source":"https://api1.ibabs.eu/publicdownload.aspx?site=Beekdaelen&id=e86d6039-5eb9-4c73-836b-b5e8bdced96a","dc_title":"Bijlage: BsGW bijlagen bij kadernota 2026","dc_type":"bijlage","foi_fairiscoreVersions":{"v1":2,"v2":1},"foi_fileName":"email.pdf","foi_nrPages":16},{"dc_format":"application/pdf","dc_identifier":"nl.gm1954.2c.2025.7136497-7.doc.7","dc_source":"https://api1.ibabs.eu/publicdownload.aspx?site=Beekdaelen&id=3a3611a5-b8d8-4a11-b142-2636169ad1c6","dc_title":"Bijlage: aanbiedingsbrief begroting 2026 en meerjarenraming 2027 - 2030","dc_type":"bijlage","foi_fairiscoreVersions":{"v1":1,"v2":1},"foi_fileName":"email.pdf","foi_nrPages":1},{"dc_format":"application/pdf","dc_identifier":"nl.gm1954.2c.2025.7136497-7.doc.8","dc_source":"https://api1.ibabs.eu/publicdownload.aspx?site=Beekdaelen&id=c11ffa8a-edef-4f99-956a-d8601ba95907","dc_title":"Bijlage: BsGW begroting 2026 en meerjarenraming 2027 - 2030","dc_type":"bijlage","foi_fairiscoreVersions":{"v1":2,"v2":1},"foi_fileName":"email.pdf","foi_nrPages":60},{"dc_format":"application/pdf","dc_identifier":"nl.gm1954.2c.2025.7136497-7.doc.2","dc_source":"https://api1.ibabs.eu/publicdownload.aspx?site=Beekdaelen&id=e6c41d8c-87a6-42bc-81f1-0e8d53a1051d","dc_title":"Raadsbesluit inzake ontwerpbegroting 2026 en meerjarenraming 2027 - 2030 BsGW - vastgesteld 27-05-2025","dc_type":"bijlage","foi_fairiscoreVersions":{"v1":1,"v2":1},"foi_fileName":"raadsbesluit%20ontwerpbegroting%202026%20en%20meerjarenraming%202027%20-%202030.pdf","foi_nrPages":1},{"dc_format":"application/pdf","dc_identifier":"nl.gm1954.2c.2025.7136497-7.doc.1","dc_source":"https://api1.ibabs.eu/publicdownload.aspx?site=Beekdaelen&id=01700efc-b390-4198-b5a3-bd4d27770396","dc_title":"Raadsvoorstel inzake ontwerpbegroting 2026 en meerjarenraming 2027 - 2030 BsGW","dc_type":"bijlage","foi_fairiscoreVersions":{"v1":1,"v2":1},"foi_fileName":"raadsvoorstel%20ontwerpbegroting%202026%20en%20meerjarenraming%202027%20-%202030.pdf","foi_nrPages":5},{"dc_format":"application/pdf","dc_identifier":"nl.gm1954.2c.2025.7136497-7.doc.3","dc_source":"https://api1.ibabs.eu/publicdownload.aspx?site=Beekdaelen&id=fe7f4960-164b-449e-bf1e-ff694dba7d41","dc_title":"Bijlage: Concept brief aan BsGW waarin het besluit van de raad is opgenomen","dc_type":"bijlage","foi_fairiscoreVersions":{"v1":2,"v2":2},"foi_fileName":"uitgaande%20brief%20aan%20BsGW.pdf","foi_nrPages":2}],"foi_nrDocuments":9,"foi_nrPagesInDossier":103,"foi_publishedDate":"2025-05-14","foi_retrievedDate":"2025-11-29"},{"dc_creator":"HandelingScraper_v1","dc_date_year":2025,"dc_description":"Vergadering van de Gemeente Beekdaelen op 2025-05-14. Onderdeel: Raadsvoorstel inzake:  \"Jaarrekening 2024, bijgestelde begroting 2025 en meerjarenbegroting 2026-2029 GR Zorg- en Veiligheidshuis Parkstad\".","dc_identifier":"nl.gm1954.2c.2025.7136497-8","dc_publisher":"gm1954","dc_source":"https://beekdaelen.bestuurlijkeinformatie.nl/Agenda/Index/37c74624-a9d3-4e5c-ad54-82998a4a308a","dc_title":"Raadscommissie Bestuur en Middelen 2025-05-14 - Raadsvoorstel inzake:  \"Jaarrekening 2024, bijgestelde begroting 2025 en meerjarenbegroting 2026-2029 GR Zorg- en Veiligheidshuis Parkstad\"","dc_type":"2c","dc_type_description":"Vergaderstuk decentrale overheid","foi_fairiscoreVersions":{"v1":2,"v2":2},"foi_files":[{"dc_format":"application/octet-stream","dc_identifier":"nl.gm1954.2c.2025.7136497-8.doc.11","dc_source":"https://api1.ibabs.eu/publicdownload.aspx?site=Beekdaelen&id=bdeb32a9-aeb6-4a53-9383-3a10db828a92","dc_title":"B3 antwoord eerste termijn","dc_type":"bijlage","foi_fileName":"B3%20antwoord%20eerste%20termijn.mp3","foi_nrPages":1},{"dc_format":"application/octet-stream","dc_identifier":"nl.gm1954.2c.2025.7136497-8.doc.10","dc_source":"https://api1.ibabs.eu/publicdownload.aspx?site=Beekdaelen&id=76b00e12-dd1f-4dae-a7fb-446d47f68566","dc_title":"B3 eerste termijn","dc_type":"bijlage","foi_fileName":"B3%20eerste%20termijn.mp3","foi_nrPages":1},{"dc_format":"application/octet-stream","dc_identifier":"nl.gm1954.2c.2025.7136497-8.doc.12","dc_source":"https://api1.ibabs.eu/publicdownload.aspx?site=Beekdaelen&id=73de705d-dee7-4603-9fac-33ca8f2d8526","dc_title":"B3 tweede termijn incl. beantwoording en advies commissie en B4 eerste termijn","dc_type":"bijlage","foi_fileName":"B3%20tweede%20termijn%20incl.mp3","foi_nrPages":1},{"dc_format":"application/pdf","dc_identifier":"nl.gm1954.2c.2025.7136497-8.doc.2","dc_source":"https://api1.ibabs.eu/publicdownload.aspx?site=Beekdaelen&id=e0b905f7-68e6-4348-bc9e-317577bf8ca2","dc_title":"Raadsbesluit inzake Jaarstukken 2024, bijgestelde begroting 2025 en meerjarenbegroting 2026-2029 GR Zorg- en Veiligheidshuis Parkstad - vastgesteld 27-05-2025","dc_type":"bijlage","foi_fairiscoreVersions":{"v1":1,"v2":1},"foi_fileName":"Bijlage%201%20-%20Raadsbesluit.pdf","foi_nrPages":1},{"dc_format":"application/pdf","dc_identifier":"nl.gm1954.2c.2025.7136497-8.doc.1","dc_source":"https://api1.ibabs.eu/publicdownload.aspx?site=Beekdaelen&id=5dc7cf87-eac2-4525-a5cf-61bc7e952724","dc_title":"Raadsvoorstel inzake Jaarstukken 2024, bijgestelde begroting 2025 en meerjarenbegroting 2026-2029 GR Zorg- en Veiligheidshuis Parkstad","dc_type":"bijlage","foi_fairiscoreVersions":{"v1":1,"v2":1},"foi_fileName":"Bijlage%202%20-%20Raadsvoorstel.pdf","foi_nrPages":4},{"dc_format":"application/pdf","dc_identifier":"nl.gm1954.2c.2025.7136497-8.doc.9","dc_source":"https://api1.ibabs.eu/publicdownload.aspx?site=Beekdaelen&id=e966f50d-6df6-45b4-93a0-541f3749f555","dc_title":"Bijlage 8: Brief met zienswijze aan DB","dc_type":"bijlage","foi_fairiscoreVersions":{"v1":2,"v2":2},"foi_fileName":"Bijlage%209%20-%20Brief%20met%20zienswijze%20aan%20DB.pdf","foi_nrPages":1},{"dc_format":"application/pdf","dc_identifier":"nl.gm1954.2c.2025.7136497-8.doc.5","dc_source":"https://api1.ibabs.eu/publicdownload.aspx?site=Beekdaelen&id=c9478310-25e8-4255-8fc9-6fe012fdd0b6","dc_title":"Bijlage: Begrotingswijziging 2025","dc_type":"bijlage","foi_fairiscoreVersions":{"v1":1,"v2":1},"foi_fileName":"Z%2F25%2F213562%20-%20385793.pdf","foi_nrPages":22},{"dc_format":"application/pdf","dc_identifier":"nl.gm1954.2c.2025.7136497-8.doc.6","dc_source":"https://api1.ibabs.eu/publicdownload.aspx?site=Beekdaelen&id=95215b0e-27cb-428f-90d1-749b6b881e30","dc_title":"Bijlage: Meerjarenbegroting 2026-2029","dc_type":"bijlage","foi_fairiscoreVersions":{"v1":2,"v2":1},"foi_fileName":"Z%2F25%2F213562%20-%20385793%20-.pdf","foi_nrPages":29},{"dc_format":"application/pdf","dc_identifier":"nl.gm1954.2c.2025.7136497-8.doc.4","dc_source":"https://api1.ibabs.eu/publicdownload.aspx?site=Beekdaelen&id=c0d7787c-6442-4bb2-8e62-4b236b953553","dc_title":"Bijlage: Resultaatbestemming 2024","dc_type":"bijlage","foi_fairiscoreVersions":{"v1":1,"v2":1},"foi_fileName":"Z%2F25%2F213562%20-%20385795.pdf","foi_nrPages":4},{"dc_format":"application/pdf","dc_identifier":"nl.gm1954.2c.2025.7136497-8.doc.3","dc_source":"https://api1.ibabs.eu/publicdownload.aspx?site=Beekdaelen&id=03f1c7c7-526b-4253-bf1a-51238d72d2dd","dc_title":"Bijlage: Jaarverslag 2024 incl. accountantsverklaring","dc_type":"bijlage","foi_fairiscoreVersions":{"v1":2,"v2":2},"foi_fileName":"Z%2F25%2F213562%20-%20385795%20-%20Jaarstukken.pdf","foi_nrPages":36},{"dc_format":"application/pdf","dc_identifier":"nl.gm1954.2c.2025.7136497-8.doc.8","dc_source":"https://api1.ibabs.eu/publicdownload.aspx?site=Beekdaelen&id=2266213c-bdb8-4783-8a8a-6f427a7d6ec5","dc_title":"Bijlage: Brief DB inzake bezuinigingsopgave","dc_type":"bijlage","foi_fairiscoreVersions":{"v1":1,"v2":1},"foi_fileName":"Z%2F25%2F213562%20-%20385796%20-.pdf","foi_nrPages":1},{"dc_format":"application/pdf","dc_identifier":"nl.gm1954.2c.2025.7136497-8.doc.7","dc_source":"https://api1.ibabs.eu/publicdownload.aspx?site=Beekdaelen&id=9381ff95-86e2-49ad-884c-4f9796c66c76","dc_title":"Bijlage: Kadernota 2026-2029","dc_type":"bijlage","foi_fairiscoreVersions":{"v1":1,"v2":1},"foi_fileName":"Z%2F25%2F213562%20-%20385797%20-.pdf","foi_nrPages":6}],"foi_nrDocuments":12,"foi_nrPagesInDossier":107,"foi_publishedDate":"2025-05-14","foi_retrievedDate":"2025-11-29"},{"dc_creator":"HandelingScraper_v1","dc_date_year":2025,"dc_description":"Vergadering van de Gemeente Beekdaelen op 2025-05-14. Onderdeel: Raadsvoorstel inzake: \"Jaarstukken 2024 en ontwerpbegroting 2026 en mjr Stadsregio Parkstad Limburg\".","dc_identifier":"nl.gm1954.2c.2025.7136497-9","dc_publisher":"gm1954","dc_source":"https://beekdaelen.bestuurlijkeinformatie.nl/Agenda/Index/37c74624-a9d3-4e5c-ad54-82998a4a308a","dc_title":"Raadscommissie Bestuur en Middelen 2025-05-14 - Raadsvoorstel inzake: \"Jaarstukken 2024 en ontwerpbegroting 2026 en mjr Stadsregio Parkstad Limburg\"","dc_type":"2c","dc_type_description":"Vergaderstuk decentrale overheid","foi_fairiscoreVersions":{"v1":2,"v2":2},"foi_files":[{"dc_format":"application/octet-stream","dc_identifier":"nl.gm1954.2c.2025.7136497-9.doc.6","dc_source":"https://api1.ibabs.eu/publicdownload.aspx?site=Beekdaelen&id=e410979e-f6c0-48b0-9ab9-489b426215eb","dc_title":"B4 eerste termijn","dc_type":"bijlage","foi_fileName":"B3%20tweede%20termijn%20incl.mp3","foi_nrPages":1},{"dc_format":"application/octet-stream","dc_identifier":"nl.gm1954.2c.2025.7136497-9.doc.7","dc_source":"https://api1.ibabs.eu/publicdownload.aspx?site=Beekdaelen&id=2c8d6b69-7f23-47b2-8388-a49018f14ff8","dc_title":"B4 antwoord eerste termijn","dc_type":"bijlage","foi_fileName":"B4%20antwoord%20eerste%20termijn.mp3","foi_nrPages":1},{"dc_format":"application/octet-stream","dc_identifier":"nl.gm1954.2c.2025.7136497-9.doc.8","dc_source":"https://api1.ibabs.eu/publicdownload.aspx?site=Beekdaelen&id=583cf12f-1835-4179-b8b2-e651c6a7df51","dc_title":"B4 tweede termijn en advies commissie","dc_type":"bijlage","foi_fileName":"B4%20tweede%20termijn%20en%20advies%20commissie.mp3","foi_nrPages":1},{"dc_format":"application/pdf","dc_identifier":"nl.gm1954.2c.2025.7136497-9.doc.1","dc_source":"https://api1.ibabs.eu/publicdownload.aspx?site=Beekdaelen&id=06de4d68-7f7c-402a-8603-01cc6e86ce1e","dc_title":"Raadsvoorstel inzake de voorlopige jaarstukken 2024 en de ontwerpbegroting 2026 inclusief meerjarenraming van de GR Stadsregio Parkstad Limburg","dc_type":"bijlage","foi_fairiscoreVersions":{"v1":1,"v2":1},"foi_fileName":"Z%2F25%2F213678%20-%20385857%20-%20Jaarstukken%202024%20en%20ontwerpbegroting%202026%20en%20mjr%20Stadsregio%20Parkstad%20Limburg.pdf","foi_nrPages":5},{"dc_format":"application/pdf","dc_identifier":"nl.gm1954.2c.2025.7136497-9.doc.2","dc_source":"https://api1.ibabs.eu/publicdownload.aspx?site=Beekdaelen&id=1bf417dd-90bf-4bd5-a686-340cb8e361ca","dc_title":"Raadsbesluit inzake de voorlopige jaarstukken 2024 en de ontwerpbegroting 2026 inclusief meerjarenraming van de GR Stadsregio Parkstad Limburg - vastgesteld 27-05-2025","dc_type":"bijlage","foi_fairiscoreVersions":{"v1":1,"v2":1},"foi_fileName":"Z%2F25%2F213678%20-%20385858%20-%20Jaarstukken%202024%20en%20ontwerpbegroting%202026%20en%20mjr%20Stadsregio%20Parkstad%20Limburg.pdf","foi_nrPages":1},{"dc_format":"application/pdf","dc_identifier":"nl.gm1954.2c.2025.7136497-9.doc.5","dc_source":"https://api1.ibabs.eu/publicdownload.aspx?site=Beekdaelen&id=a2ea8dc1-cd2b-49ae-b1f4-1ee90d61900d","dc_title":"Bijlage: Uitgaande brief zienswijze Stadsregio Parkstad Limburg","dc_type":"bijlage","foi_fairiscoreVersions":{"v1":2,"v2":2},"foi_fileName":"Z%2F25%2F213678%20-%20385859%20-%20Jaarstukken%202024%20en%20begroting%202026.pdf","foi_nrPages":1},{"dc_format":"application/pdf","dc_identifier":"nl.gm1954.2c.2025.7136497-9.doc.3","dc_source":"https://api1.ibabs.eu/publicdownload.aspx?site=Beekdaelen&id=01a98f5d-1975-431c-aaf0-778fda87ee18","dc_title":"Bijlage: Ontwerpbegroting 2026 inclusief meerjarenraming GR Stadsregio Parkstad Limburg","dc_type":"bijlage","foi_fairiscoreVersions":{"v1":2,"v2":1},"foi_fileName":"Z%2F25%2F213678%20-%20385869%20-%20Bijlage%203%3A%20Ontwerpbegroting%202026%20inclusief%20meerjarenraming%20GR%20Stadsregio%20Parkstad%20Limburg.pdf","foi_nrPages":38},{"dc_format":"application/pdf","dc_identifier":"nl.gm1954.2c.2025.7136497-9.doc.4","dc_source":"https://api1.ibabs.eu/publicdownload.aspx?site=Beekdaelen&id=734027bc-966f-4e57-9c11-b361e80b1891","dc_title":"Bijlage: Voorlopige jaarstukken 2024 GR Stadsregio Parkstad Limburg","dc_type":"bijlage","foi_fairiscoreVersions":{"v1":2,"v2":1},"foi_fileName":"Z%2F25%2F213678%20-%20385870%20-%20Bijlage%204%3A%20Voorlopige%20jaarstukken%202024%20GR%20Stadsregio%20Parkstad%20Limburg.pdf","foi_nrPages":107}],"foi_nrDocuments":8,"foi_nrPagesInDossier":155,"foi_publishedDate":"2025-05-14","foi_retrievedDate":"2026-03-03"},{"dc_creator":"HandelingScraper_v1","dc_date_year":2025,"dc_description":"Vergadering van de Gemeente Beekdaelen op 2025-05-15. Onderdeel: Algemeen.","dc_identifier":"nl.gm1954.2c.2025.7136498-1","dc_publisher":"gm1954","dc_source":"https://beekdaelen.bestuurlijkeinformatie.nl/Agenda/Index/d8f7bb75-513d-440a-bb2a-034a59405b28","dc_title":"Raadscommissie Fysieke Leefomgeving 2025-05-15 - Algemeen","dc_type":"2c","dc_type_description":"Vergaderstuk decentrale overheid","foi_fairiscoreVersions":{"v1":1,"v2":1},"foi_files":[{"dc_format":"application/pdf","dc_identifier":"nl.gm1954.2c.2025.7136498-1.doc.4","dc_source":"https://api1.ibabs.eu/publicdownload.aspx?site=Beekdaelen&id=4bd75902-c799-493e-a8a2-9cd0cf768b73","dc_title":"Technische vragen BL FLO B3","dc_type":"bijlage","foi_fairiscoreVersions":{"v1":1,"v2":1},"foi_fileName":"Technische%20vragen%20BL%20FLO%20B3.pdf","foi_nrPages":1},{"dc_format":"application/pdf","dc_identifier":"nl.gm1954.2c.2025.7136498-1.doc.2","dc_source":"https://api1.ibabs.eu/publicdownload.aspx?site=Beekdaelen&id=f4490f48-7c43-4634-b362-388e8c1bb398","dc_title":"Technische vragen CDA FLO B1 en B3","dc_type":"bijlage","foi_fairiscoreVersions":{"v1":1,"v2":1},"foi_fileName":"Technische%20vragen%20CDA%20FLO%20B1%20en%20B3.pdf","foi_nrPages":1},{"dc_format":"application/pdf","dc_identifier":"nl.gm1954.2c.2025.7136498-1.doc.5","dc_source":"https://api1.ibabs.eu/publicdownload.aspx?site=Beekdaelen&id=f4015dd8-7798-46e7-bb95-e9a5b6b0e315","dc_title":"Technische vragen GL FLO B3","dc_type":"bijlage","foi_fairiscoreVersions":{"v1":1,"v2":1},"foi_fileName":"Technische%20vragen%20GL%20FLO%20B3.pdf","foi_nrPages":1},{"dc_format":"application/pdf","dc_identifier":"nl.gm1954.2c.2025.7136498-1.doc.1","dc_source":"https://api1.ibabs.eu/publicdownload.aspx?site=Beekdaelen&id=fc45904d-8bdf-4787-95e7-170e73575595","dc_title":"Technische vragen VG FLO B2 en B3","dc_type":"bijlage","foi_fairiscoreVersions":{"v1":1,"v2":1},"foi_fileName":"Technische%20vragen%20VG%20FLO%20B2%20en%20B3.pdf","foi_nrPages":2},{"dc_format":"application/pdf","dc_identifier":"nl.gm1954.2c.2025.7136498-1.doc.3","dc_source":"https://api1.ibabs.eu/publicdownload.aspx?site=Beekdaelen&id=09b1bdf9-d27c-425a-bd26-f39d11ee8e04","dc_title":"Technische vragen VVD FLO B3","dc_type":"bijlage","foi_fairiscoreVersions":{"v1":1,"v2":1},"foi_fileName":"Technische%20vragen%20VVD%20FLO%20B3.pdf","foi_nrPages":1}],"foi_nrDocuments":5,"foi_nrPagesInDossier":6,"foi_publishedDate":"2025-05-15","foi_retrievedDate":"2025-11-29"},{"dc_creator":"HandelingScraper_v1","dc_date_year":2025,"dc_description":"Vergadering van de Gemeente Beekdaelen op 2025-05-15. Onderdeel: Opening, mededelingen voorzitter en vaststellen agenda..","dc_identifier":"nl.gm1954.2c.2025.7136498-2","dc_publisher":"gm1954","dc_source":"https://beekdaelen.bestuurlijkeinformatie.nl/Agenda/Index/d8f7bb75-513d-440a-bb2a-034a59405b28","dc_title":"Raadscommissie Fysieke Leefomgeving 2025-05-15 - Opening, mededelingen voorzitter en vaststellen agenda.","dc_type":"2c","dc_type_description":"Vergaderstuk decentrale overheid","foi_fairiscoreVersions":{"v1":1,"v2":1},"foi_files":[{"dc_format":"application/octet-stream","dc_identifier":"nl.gm1954.2c.2025.7136498-2.doc.2","dc_source":"https://api1.ibabs.eu/publicdownload.aspx?site=Beekdaelen&id=2dc6bb5f-0f52-4b9e-9a2d-6a27e953da80","dc_title":"A1 + A2","dc_type":"bijlage","foi_fileName":"A1%20%2B%20A2.mp3","foi_nrPages":1},{"dc_format":"application/pdf","dc_identifier":"nl.gm1954.2c.2025.7136498-2.doc.1","dc_source":"https://api1.ibabs.eu/publicdownload.aspx?site=Beekdaelen&id=0f1ad60e-211b-4a91-9919-3a184d881616","dc_title":"Uitnodiging en voorlopige agenda cie. FLO 15.05.2025","dc_type":"bijlage","foi_fairiscoreVersions":{"v1":1,"v2":1},"foi_fileName":"Uitnodiging%20en%20voorlopige%20agenda%20cie.%20FLO%2015.05.pdf","foi_nrPages":1}],"foi_nrDocuments":2,"foi_nrPagesInDossier":2,"foi_publishedDate":"2025-05-15","foi_retrievedDate":"2025-11-29"},{"dc_creator":"HandelingScraper_v1","dc_date_year":2025,"dc_description":"Vergadering van de Gemeente Beekdaelen op 2025-05-15. Onderdeel: Spreekrecht burgers.","dc_identifier":"nl.gm1954.2c.2025.7136498-3","dc_publisher":"gm1954","dc_source":"https://beekdaelen.bestuurlijkeinformatie.nl/Agenda/Index/d8f7bb75-513d-440a-bb2a-034a59405b28","dc_title":"Raadscommissie Fysieke Leefomgeving 2025-05-15 - Spreekrecht burgers","dc_type":"2c","dc_type_description":"Vergaderstuk decentrale overheid","foi_fairiscoreVersions":{"v1":null,"v2":null},"foi_files":[{"dc_format":"application/octet-stream","dc_identifier":"nl.gm1954.2c.2025.7136498-3.doc.1","dc_source":"https://api1.ibabs.eu/publicdownload.aspx?site=Beekdaelen&id=cab82dc5-f0a4-4c63-a522-5a7ab3147721","dc_title":"A1 + A2","dc_type":"bijlage","foi_fileName":"A1%20%2B%20A2.mp3","foi_nrPages":1}],"foi_nrDocuments":1,"foi_nrPagesInDossier":1,"foi_publishedDate":"2025-05-15","foi_retrievedDate":"2025-11-29"},{"dc_creator":"HandelingScraper_v1","dc_date_year":2025,"dc_description":"Vergadering van de Gemeente Beekdaelen op 2025-05-15. Onderdeel: De inwoner spreekt.","dc_identifier":"nl.gm1954.2c.2025.7136498-4","dc_publisher":"gm1954","dc_source":"https://beekdaelen.bestuurlijkeinformatie.nl/Agenda/Index/d8f7bb75-513d-440a-bb2a-034a59405b28","dc_title":"Raadscommissie Fysieke Leefomgeving 2025-05-15 - De inwoner spreekt","dc_type":"2c","dc_type_description":"Vergaderstuk decentrale overheid","foi_fairiscoreVersions":{"v1":2,"v2":2},"foi_files":[{"dc_format":"application/pdf","dc_identifier":"nl.gm1954.2c.2025.7136498-4.doc.1","dc_source":"https://api1.ibabs.eu/publicdownload.aspx?site=Beekdaelen&id=9bbd8b19-50d9-4f62-ab14-1ea55d86c5dd","dc_title":"Inspreektekst verkeer kern Swier raadscie. FLO 15.5.2025 (geanonimiseerd)","dc_type":"bijlage","foi_fairiscoreVersions":{"v1":2,"v2":2},"foi_fileName":"20250515%20Inspreeknotitie%20verkeer%20kern%20Swier%20raadscom%20FL%20Beekdaelen%2015.5.pdf","foi_nrPages":5},{"dc_format":"application/octet-stream","dc_identifier":"nl.gm1954.2c.2025.7136498-4.doc.17","dc_source":"https://api1.ibabs.eu/publicdownload.aspx?site=Beekdaelen&id=93eead1c-a6cc-4081-9c55-21eca8e2e09c","dc_title":"A3 Dhr. R. Hendriks inzake Omgevingsvisie","dc_type":"bijlage","foi_fileName":"A3%20Dhr.mp3","foi_nrPages":1},{"dc_format":"application/octet-stream","dc_identifier":"nl.gm1954.2c.2025.7136498-4.doc.16","dc_source":"https://api1.ibabs.eu/publicdownload.aspx?site=Beekdaelen&id=cde9c485-75e2-484d-96c4-c9d642b6557a","dc_title":"A3 Dhr. F. Hendriks inzake Alfa Thull","dc_type":"bijlage","foi_fileName":"A3%20Dhr.mp3","foi_nrPages":1},{"dc_format":"application/octet-stream","dc_identifier":"nl.gm1954.2c.2025.7136498-4.doc.15","dc_source":"https://api1.ibabs.eu/publicdownload.aspx?site=Beekdaelen&id=0767492f-1e89-4f06-9667-529c1c123127","dc_title":"A3 Dhr Smeets inzake Swier","dc_type":"bijlage","foi_fileName":"A3%20Dhr%20Smeets%20inzake%20Swier.mp3","foi_nrPages":1},{"dc_format":"application/pdf","dc_identifier":"nl.gm1954.2c.2025.7136498-4.doc.2","dc_source":"https://api1.ibabs.eu/publicdownload.aspx?site=Beekdaelen&id=bc677058-0987-41c9-af3b-7cb1355e50d0","dc_title":"Bijlage 1 Tijdlijn aanpak en communicatie verkeersmaatregelen kern Swier","dc_type":"bijlage","foi_fairiscoreVersions":{"v1":1,"v2":1},"foi_fileName":"Bijlage%201%20Tijdlijn%20aanpak%20en%20communicatie%20verkeersmaatregelen%20kern%20Swier.pdf","foi_nrPages":7},{"dc_format":"application/pdf","dc_identifier":"nl.gm1954.2c.2025.7136498-4.doc.3","dc_source":"https://api1.ibabs.eu/publicdownload.aspx?site=Beekdaelen&id=bed8e01a-34e9-41df-a560-aed97803a797","dc_title":"Bijlage 2 Bewonersbrief uitnodiging bewonersavonden Swier 31 januari en 1 februari 2024 _ Beekdaelen","dc_type":"bijlage","foi_fairiscoreVersions":{"v1":1,"v2":1},"foi_fileName":"Bijlage%202%20Bewonersbrief%20uitnodiging%20bewonersavonden%20Swier%2031%20januari%20en%201%20februari%202024%20_%20Beekdaelen.pdf","foi_nrPages":1},{"dc_format":"application/pdf","dc_identifier":"nl.gm1954.2c.2025.7136498-4.doc.4","dc_source":"https://api1.ibabs.eu/publicdownload.aspx?site=Beekdaelen&id=bb527d81-58f9-406a-a1e9-d40f97ece0b4","dc_title":"Bijlage 3 Verkeersmaatregelen Swier Wijnandsrade _ Beekdaelen","dc_type":"bijlage","foi_fairiscoreVersions":{"v1":1,"v2":1},"foi_fileName":"Bijlage%203%20Verkeersmaatregelen%20Swier%20Wijnandsrade%20_%20Beekdaelen.pdf","foi_nrPages":5},{"dc_format":"application/pdf","dc_identifier":"nl.gm1954.2c.2025.7136498-4.doc.5","dc_source":"https://api1.ibabs.eu/publicdownload.aspx?site=Beekdaelen&id=b5da460e-311f-4498-a965-9084fe9c87c5","dc_title":"Bijlage 4 Bewonersbrief uitnodiging bewonersavond Swier 13 juni 2024 _ Beekdaelen (geanonimiseerd)","dc_type":"bijlage","foi_fairiscoreVersions":{"v1":2,"v2":2},"foi_fileName":"Bijlage%204%20Bewonersbrief%20uitnodiging%20bewonersavond%20Swier%2013%20juni%202024%20_%20Beekdaelen%20%28geanonimiseerd%29.pdf","foi_nrPages":1},{"dc_format":"application/pdf","dc_identifier":"nl.gm1954.2c.2025.7136498-4.doc.6","dc_source":"https://api1.ibabs.eu/publicdownload.aspx?site=Beekdaelen&id=7da78a5a-4031-4ac6-95b8-e3fbf9530e6f","dc_title":"Bijlage 5 Presentatie-voorlopig-ontwerp-Swier-Bongard-tg","dc_type":"bijlage","foi_fairiscoreVersions":{"v1":3,"v2":3},"foi_fileName":"Bijlage%205%20Presentatie-voorlopig-ontwerp-Swier-Bongard-tg.pdf","foi_nrPages":19},{"dc_format":"application/pdf","dc_identifier":"nl.gm1954.2c.2025.7136498-4.doc.7","dc_source":"https://api1.ibabs.eu/publicdownload.aspx?site=Beekdaelen&id=272c747b-3849-4688-b759-95b570b5f785","dc_title":"Bijlage 6 Verkeersmaatregelen Swier Wijnandsrade _ Beekdaelen","dc_type":"bijlage","foi_fairiscoreVersions":{"v1":1,"v2":1},"foi_fileName":"Bijlage%206%20Verkeersmaatregelen%20Swier%20Wijnandsrade%20_%20Beekdaelen.pdf","foi_nrPages":3},{"dc_format":"application/pdf","dc_identifier":"nl.gm1954.2c.2025.7136498-4.doc.8","dc_source":"https://api1.ibabs.eu/publicdownload.aspx?site=Beekdaelen&id=ec746378-1e4a-4b61-8363-c8c9a7a0ea61","dc_title":"Bijlage 7 Verkeersbesluit Allee en Bongard gmb-2024-312823","dc_type":"bijlage","foi_fairiscoreVersions":{"v1":1,"v2":1},"foi_fileName":"Bijlage%207%20Verkeersbesluit%20Allee%20en%20Bongard%20gmb-2024-312823.pdf","foi_nrPages":3},{"dc_format":"application/pdf","dc_identifier":"nl.gm1954.2c.2025.7136498-4.doc.9","dc_source":"https://api1.ibabs.eu/publicdownload.aspx?site=Beekdaelen&id=783ff01a-be2d-4845-b2cc-a8720bd05903","dc_title":"Bijlage 8a Verkeersbesluit kern Swier gmb-2024-323718","dc_type":"bijlage","foi_fairiscoreVersions":{"v1":1,"v2":1},"foi_fileName":"Bijlage%208a%20Verkeersbesluit%20kern%20Swier%20gmb-2024-323718.pdf","foi_nrPages":3},{"dc_format":"application/pdf","dc_identifier":"nl.gm1954.2c.2025.7136498-4.doc.10","dc_source":"https://api1.ibabs.eu/publicdownload.aspx?site=Beekdaelen&id=4f5629cb-9818-4f4c-9e8c-bc7fd108f5ee","dc_title":"Bijlage 8b definitieve kaart bij verkeersbesluit kern Swier","dc_type":"bijlage","foi_fairiscoreVersions":{"v1":5,"v2":5},"foi_fileName":"Bijlage%208b%20definitieve%20kaart%20bij%20verkeersbesluit%20kern%20Swier.pdf","foi_nrPages":1},{"dc_format":"application/pdf","dc_identifier":"nl.gm1954.2c.2025.7136498-4.doc.11","dc_source":"https://api1.ibabs.eu/publicdownload.aspx?site=Beekdaelen&id=d72857c7-f1de-49a2-bbbe-872b0b4d6e2f","dc_title":"Bijlage 9 petitie_behouden huidige parkeerplaatsen in kern Swier (geanonimiseerd)","dc_type":"bijlage","foi_fairiscoreVersions":{"v1":2,"v2":2},"foi_fileName":"Bijlage%209%20petitie_behouden%20huidige%20parkeerplaatsen%20in%20kern%20Swier%20%28geanonimiseerd%29.pdf","foi_nrPages":2},{"dc_format":"application/pdf","dc_identifier":"nl.gm1954.2c.2025.7136498-4.doc.13","dc_source":"https://api1.ibabs.eu/publicdownload.aspx?site=Beekdaelen&id=8d2a3aa0-c48c-45fd-97e5-22b2b4e84a21","dc_title":"IInspreektekst Dhr. Hendriks inzake Bierfeesten","dc_type":"bijlage","foi_fairiscoreVersions":{"v1":1,"v2":1},"foi_fileName":"IInspreektekst%20Dhr.pdf","foi_nrPages":4},{"dc_format":"application/pdf","dc_identifier":"nl.gm1954.2c.2025.7136498-4.doc.14","dc_source":"https://api1.ibabs.eu/publicdownload.aspx?site=Beekdaelen&id=06eec2a2-3b09-4747-a0cd-0a75592ccf30","dc_title":"Inspreektekst Dhr Hendriks inzake Omgevingsvisie","dc_type":"bijlage","foi_fairiscoreVersions":{"v1":2,"v2":2},"foi_fileName":"Inspreektekst%20Dhr%20Hendriks%20inzake%20Omgevingsvisie.pdf","foi_nrPages":3},{"dc_format":"application/pdf","dc_identifier":"nl.gm1954.2c.2025.7136498-4.doc.12","dc_source":"https://api1.ibabs.eu/publicdownload.aspx?site=Beekdaelen&id=99bc5ab4-8192-4a33-9e91-e27ac551a02b","dc_title":"Bijlage 10 Verkeersadvies","dc_type":"bijlage","foi_fairiscoreVersions":{"v1":2,"v2":1},"foi_fileName":"Verkeersadvies.pdf","foi_nrPages":2}],"foi_nrDocuments":17,"foi_nrPagesInDossier":62,"foi_publishedDate":"2025-05-15","foi_retrievedDate":"2025-11-29"},{"dc_creator":"HandelingScraper_v1","dc_date_year":2025,"dc_description":"Vergadering van de Gemeente Beekdaelen op 2025-05-15. Onderdeel: Raadsvoorstel inzake: \"Ontwerpbegroting 2026, meerjarenraming 2027-2029, jaarrekening 2024 van  de Omgevingsdienst Zuid Limburg\".","dc_identifier":"nl.gm1954.2c.2025.7136498-5","dc_publisher":"gm1954","dc_source":"https://beekdaelen.bestuurlijkeinformatie.nl/Agenda/Index/d8f7bb75-513d-440a-bb2a-034a59405b28","dc_title":"Raadscommissie Fysieke Leefomgeving 2025-05-15 - Raadsvoorstel inzake: \"Ontwerpbegroting 2026, meerjarenraming 2027-2029, jaarrekening 2024 van  de Omgevingsdienst Zuid Limburg\"","dc_type":"2c","dc_type_description":"Vergaderstuk decentrale overheid","foi_fairiscoreVersions":{"v1":2,"v2":2},"foi_files":[{"dc_format":"application/octet-stream","dc_identifier":"nl.gm1954.2c.2025.7136498-5.doc.13","dc_source":"https://api1.ibabs.eu/publicdownload.aspx?site=Beekdaelen&id=7669c6e4-8ad1-4f1e-8351-fb1b4fc59304","dc_title":"B1 advies commissie","dc_type":"bijlage","foi_fileName":"B1%20advies%20commissie%20%2B%20B2%20eerste%20termijn.mp3","foi_nrPages":1},{"dc_format":"application/octet-stream","dc_identifier":"nl.gm1954.2c.2025.7136498-5.doc.10","dc_source":"https://api1.ibabs.eu/publicdownload.aspx?site=Beekdaelen&id=dd34864d-43a7-4f4c-8e16-78b13461828e","dc_title":"B1 antwoord eerste termijn","dc_type":"bijlage","foi_fileName":"B1%20antwoord%20eerste%20termijn.mp3","foi_nrPages":1},{"dc_format":"application/octet-stream","dc_identifier":"nl.gm1954.2c.2025.7136498-5.doc.9","dc_source":"https://api1.ibabs.eu/publicdownload.aspx?site=Beekdaelen&id=210a1f60-0872-444f-b6ab-3dd16d008810","dc_title":"B1 eerste termijn","dc_type":"bijlage","foi_fileName":"B1%20eerste%20termijn.mp3","foi_nrPages":1},{"dc_format":"application/octet-stream","dc_identifier":"nl.gm1954.2c.2025.7136498-5.doc.11","dc_source":"https://api1.ibabs.eu/publicdownload.aspx?site=Beekdaelen&id=60f77ea4-99a4-4a85-9206-029bbffd0458","dc_title":"B1 tweede termijn I","dc_type":"bijlage","foi_fileName":"B1%20tweede%20termijn%20I.mp3","foi_nrPages":1},{"dc_format":"application/octet-stream","dc_identifier":"nl.gm1954.2c.2025.7136498-5.doc.12","dc_source":"https://api1.ibabs.eu/publicdownload.aspx?site=Beekdaelen&id=46cbf660-2e6f-4bd3-a7a8-32f918a9ede1","dc_title":"B1 tweede termijn II","dc_type":"bijlage","foi_fileName":"B1%20tweede%20termijn%20II.mp3","foi_nrPages":1},{"dc_format":"application/pdf","dc_identifier":"nl.gm1954.2c.2025.7136498-5.doc.8","dc_source":"https://api1.ibabs.eu/publicdownload.aspx?site=Beekdaelen&id=b0492fb0-76cd-44a5-b241-1c8093d1a68a","dc_title":"MvA Technische vragen CDA FLO B1","dc_type":"bijlage","foi_fairiscoreVersions":{"v1":1,"v2":1},"foi_fileName":"MvA%20Technische%20vragen%20CDA%20FLO%20B1.pdf","foi_nrPages":2},{"dc_format":"application/pdf","dc_identifier":"nl.gm1954.2c.2025.7136498-5.doc.7","dc_source":"https://api1.ibabs.eu/publicdownload.aspx?site=Beekdaelen&id=45a59c7d-4513-4f39-a7dd-de5b790cde76","dc_title":"Bijlage 6: Concept zienswijze brief","dc_type":"bijlage","foi_fairiscoreVersions":{"v1":3,"v2":3},"foi_fileName":"Z%2F25%2F213414%20-%20385079%20-%20Zienswijze%20ontwerpbegroting%202026.pdf","foi_nrPages":2},{"dc_format":"application/pdf","dc_identifier":"nl.gm1954.2c.2025.7136498-5.doc.6","dc_source":"https://api1.ibabs.eu/publicdownload.aspx?site=Beekdaelen&id=a02004a7-487a-4afe-862a-8bf6d2060ea4","dc_title":"Bijlage 5:  Concept raadsbesluit","dc_type":"bijlage","foi_fairiscoreVersions":{"v1":2,"v2":1},"foi_fileName":"Z%2F25%2F213414%20-%20385100%20-%20jaarrekening%202024_%20ontwerpbegroting%202026.pdf","foi_nrPages":2},{"dc_format":"application/pdf","dc_identifier":"nl.gm1954.2c.2025.7136498-5.doc.1","dc_source":"https://api1.ibabs.eu/publicdownload.aspx?site=Beekdaelen&id=f56b0516-1d37-43f2-bcc2-73eedbebe204","dc_title":"Raadsvoorstel  \"Ontwerpbegroting 2026, meerjarenraming 2027-2029, jaarrekening 2024 van  de Omgevingsdienst Zuid Limburg\"","dc_type":"bijlage","foi_fairiscoreVersions":{"v1":1,"v2":1},"foi_fileName":"Z%2F25%2F213414%20-%20385208%20-%20jaarrekening%202024_%20begroting%202026.pdf","foi_nrPages":6},{"dc_format":"application/pdf","dc_identifier":"nl.gm1954.2c.2025.7136498-5.doc.4","dc_source":"https://api1.ibabs.eu/publicdownload.aspx?site=Beekdaelen&id=cd164b4e-5786-4b99-b8d6-e656359c5c61","dc_title":"Bijlage 3: Jaarstukken 2024 incl. de Jaarrekening 2024 ODZL","dc_type":"bijlage","foi_fairiscoreVersions":{"v1":2,"v2":2},"foi_fileName":"Z%2F25%2F213414%20-%20385211%20-%20jaarrekening%202024%20ODZL.pdf","foi_nrPages":36},{"dc_format":"application/pdf","dc_identifier":"nl.gm1954.2c.2025.7136498-5.doc.5","dc_source":"https://api1.ibabs.eu/publicdownload.aspx?site=Beekdaelen&id=1d980388-537d-4701-8b5e-9a0cba038588","dc_title":"Bijlage 4: : Aanbiedingsbrief voorlopige jaarrekening 2024","dc_type":"bijlage","foi_fairiscoreVersions":{"v1":2,"v2":2},"foi_fileName":"Z%2F25%2F213414%20-%20385212%20-%20aanbiedingsbrief%20jaarrekening%202024%20ODZL.pdf","foi_nrPages":2},{"dc_format":"application/pdf","dc_identifier":"nl.gm1954.2c.2025.7136498-5.doc.2","dc_source":"https://api1.ibabs.eu/publicdownload.aspx?site=Beekdaelen&id=a56715eb-524b-49c4-af20-25a48519483c","dc_title":"Bijlage 1: : Ontwerpbegroting 2026 en Meerjarenraming 2027-2029 ODZL","dc_type":"bijlage","foi_fairiscoreVersions":{"v1":3,"v2":3},"foi_fileName":"Z%2F25%2F213414%20-%20385213%20-%20begroting%202026%20ODZL.pdf","foi_nrPages":60},{"dc_format":"application/pdf","dc_identifier":"nl.gm1954.2c.2025.7136498-5.doc.3","dc_source":"https://api1.ibabs.eu/publicdownload.aspx?site=Beekdaelen&id=38b87c47-d909-485e-afd4-1dbd9ed88e54","dc_title":"Bijlage 2:  Aanbiedingsbrief ontwerpbegroting 2026, meerjarenraming 2027-2029","dc_type":"bijlage","foi_fairiscoreVersions":{"v1":2,"v2":2},"foi_fileName":"Z%2F25%2F213414%20-%20385214%20-%20aanbiedingsbrief%20begroting%202026%20ODZL.pdf","foi_nrPages":2}],"foi_nrDocuments":13,"foi_nrPagesInDossier":117,"foi_publishedDate":"2025-05-15","foi_retrievedDate":"2025-11-29"},{"dc_creator":"HandelingScraper_v1","dc_date_year":2025,"dc_description":"Vergadering van de Gemeente Beekdaelen op 2025-05-15. Onderdeel: Raadsvoorstel inzake: \"Jaarrekening 2024 en begroting 2026 GR Rd4\".","dc_identifier":"nl.gm1954.2c.2025.7136498-6","dc_publisher":"gm1954","dc_source":"https://beekdaelen.bestuurlijkeinformatie.nl/Agenda/Index/d8f7bb75-513d-440a-bb2a-034a59405b28","dc_title":"Raadscommissie Fysieke Leefomgeving 2025-05-15 - Raadsvoorstel inzake: \"Jaarrekening 2024 en begroting 2026 GR Rd4\"","dc_type":"2c","dc_type_description":"Vergaderstuk decentrale overheid","foi_fairiscoreVersions":{"v1":2,"v2":2},"foi_files":[{"dc_format":"application/octet-stream","dc_identifier":"nl.gm1954.2c.2025.7136498-6.doc.8","dc_source":"https://api1.ibabs.eu/publicdownload.aspx?site=Beekdaelen&id=c50adf8b-793e-462d-b344-02e59708879b","dc_title":"B2 eerste termijn","dc_type":"bijlage","foi_fileName":"B1%20advies%20commissie%20%2B%20B2%20eerste%20termijn.mp3","foi_nrPages":1},{"dc_format":"application/octet-stream","dc_identifier":"nl.gm1954.2c.2025.7136498-6.doc.12","dc_source":"https://api1.ibabs.eu/publicdownload.aspx?site=Beekdaelen&id=c75085dc-6eb8-42d6-bfb3-aded872f6deb","dc_title":"B2 advies commissie","dc_type":"bijlage","foi_fileName":"B2%20advies%20commissie%20%2B%20B3%20eerste%20termijn.mp3","foi_nrPages":1},{"dc_format":"application/octet-stream","dc_identifier":"nl.gm1954.2c.2025.7136498-6.doc.9","dc_source":"https://api1.ibabs.eu/publicdownload.aspx?site=Beekdaelen&id=6be6fef9-7137-427e-9534-f9c44cc16fd1","dc_title":"B2 antwoord eerste termijn","dc_type":"bijlage","foi_fileName":"B2%20antwoord%20eerste%20termijn.mp3","foi_nrPages":1},{"dc_format":"application/octet-stream","dc_identifier":"nl.gm1954.2c.2025.7136498-6.doc.11","dc_source":"https://api1.ibabs.eu/publicdownload.aspx?site=Beekdaelen&id=72f5ae52-5755-4fdd-a4ea-05e9877b8afa","dc_title":"B2 antwoord tweede termijn","dc_type":"bijlage","foi_fileName":"B2%20antwoord%20tweede%20termijn.mp3","foi_nrPages":1},{"dc_format":"application/octet-stream","dc_identifier":"nl.gm1954.2c.2025.7136498-6.doc.10","dc_source":"https://api1.ibabs.eu/publicdownload.aspx?site=Beekdaelen&id=72dc7daf-881b-47fe-973d-ee255bfe8ce2","dc_title":"B2 tweede termijn","dc_type":"bijlage","foi_fileName":"B2%20tweede%20termijn.mp3","foi_nrPages":1},{"dc_format":"application/pdf","dc_identifier":"nl.gm1954.2c.2025.7136498-6.doc.7","dc_source":"https://api1.ibabs.eu/publicdownload.aspx?site=Beekdaelen&id=ed96b0a6-8e7b-454a-b2b0-eb23851fcc17","dc_title":"MvA technische vragen VG FLO B2","dc_type":"bijlage","foi_fairiscoreVersions":{"v1":2,"v2":1},"foi_fileName":"MvA%20technische%20vragen%20VG%20FLO%20B2.pdf","foi_nrPages":2},{"dc_format":"application/pdf","dc_identifier":"nl.gm1954.2c.2025.7136498-6.doc.1","dc_source":"https://api1.ibabs.eu/publicdownload.aspx?site=Beekdaelen&id=1a2cbe5d-1fed-43c1-a59c-302c5cc03617","dc_title":"Raadsvoorstel \"Jaarrekening 2024 en begroting 2026 GR Rd4\"","dc_type":"bijlage","foi_fairiscoreVersions":{"v1":1,"v2":1},"foi_fileName":"Z%2F25%2F213665%20-%20385787%20-%20Jaarrekening%202024%20en%20begroting%202026%20GR%20Rd4.pdf","foi_nrPages":4},{"dc_format":"application/pdf","dc_identifier":"nl.gm1954.2c.2025.7136498-6.doc.2","dc_source":"https://api1.ibabs.eu/publicdownload.aspx?site=Beekdaelen&id=eb43b663-a9f8-4d52-aa47-0053bf3a6916","dc_title":"Raadsbesluit inzake Jaarrekening 2024 en begroting 2026 GR Rd4 - vastgesteld 27-05-2025","dc_type":"bijlage","foi_fairiscoreVersions":{"v1":1,"v2":1},"foi_fileName":"Z%2F25%2F213665%20-%20385788%20-%20Raadsbesluit%20Jaarrekening%202024%20en%20begroting%202026%20GR%20Rd4.pdf","foi_nrPages":1},{"dc_format":"application/pdf","dc_identifier":"nl.gm1954.2c.2025.7136498-6.doc.5","dc_source":"https://api1.ibabs.eu/publicdownload.aspx?site=Beekdaelen&id=2bc5c134-f9fb-4c08-b01d-482570dd855f","dc_title":"Bijlage: Uitgaande brief aan Rd4 met zienswijze","dc_type":"bijlage","foi_fairiscoreVersions":{"v1":2,"v2":2},"foi_fileName":"Z%2F25%2F213665%20-%20385789%20-%20Zienswijze.pdf","foi_nrPages":1},{"dc_format":"application/pdf","dc_identifier":"nl.gm1954.2c.2025.7136498-6.doc.4","dc_source":"https://api1.ibabs.eu/publicdownload.aspx?site=Beekdaelen&id=537eec50-177c-486b-8882-48ef750039e4","dc_title":"Bijlage: Inkomende brief GR Rd4","dc_type":"bijlage","foi_fairiscoreVersions":{"v1":2,"v2":2},"foi_fileName":"Z%2F25%2F213665%20-%20385790%20-.pdf","foi_nrPages":2},{"dc_format":"application/pdf","dc_identifier":"nl.gm1954.2c.2025.7136498-6.doc.6","dc_source":"https://api1.ibabs.eu/publicdownload.aspx?site=Beekdaelen&id=3c9a7add-ae29-47f6-9703-84d762e3ac1c","dc_title":"Bijlage: Ontwerpbegroting 2026 GR Rd4 geconsolideerd","dc_type":"bijlage","foi_fairiscoreVersions":{"v1":2,"v2":2},"foi_fileName":"Z%2F25%2F213665%20-%20385791%20-.pdf","foi_nrPages":36},{"dc_format":"application/pdf","dc_identifier":"nl.gm1954.2c.2025.7136498-6.doc.3","dc_source":"https://api1.ibabs.eu/publicdownload.aspx?site=Beekdaelen&id=2ae2a868-6f95-4806-a497-4d10677cab7a","dc_title":"Bijlage: Jaarrekening 2024 van GR Rd4 geconsolideerd","dc_type":"bijlage","foi_fairiscoreVersions":{"v1":2,"v2":2},"foi_fileName":"Z%2F25%2F213665%20-%20385792%20-.pdf","foi_nrPages":27}],"foi_nrDocuments":12,"foi_nrPagesInDossier":78,"foi_publishedDate":"2025-05-15","foi_retrievedDate":"2025-11-29"},{"dc_creator":"HandelingScraper_v1","dc_date_year":2025,"dc_description":"Vergadering van de Gemeente Beekdaelen op 2025-05-15. Onderdeel: Raadsvoorstel inzake: \"Economische visie 2025 - 2040\".","dc_identifier":"nl.gm1954.2c.2025.7136498-7","dc_publisher":"gm1954","dc_source":"https://beekdaelen.bestuurlijkeinformatie.nl/Agenda/Index/d8f7bb75-513d-440a-bb2a-034a59405b28","dc_title":"Raadscommissie Fysieke Leefomgeving 2025-05-15 - Raadsvoorstel inzake: \"Economische visie 2025 - 2040\"","dc_type":"2c","dc_type_description":"Vergaderstuk decentrale overheid","foi_fairiscoreVersions":{"v1":2,"v2":2},"foi_files":[{"dc_format":"application/octet-stream","dc_identifier":"nl.gm1954.2c.2025.7136498-7.doc.11","dc_source":"https://api1.ibabs.eu/publicdownload.aspx?site=Beekdaelen&id=fc6d6873-c92e-4c7d-bfc7-f6cd483521ff","dc_title":"B3 eerste termijn","dc_type":"bijlage","foi_fileName":"B2%20advies%20commissie%20%2B%20B3%20eerste%20termijn.mp3","foi_nrPages":1},{"dc_format":"application/octet-stream","dc_identifier":"nl.gm1954.2c.2025.7136498-7.doc.12","dc_source":"https://api1.ibabs.eu/publicdownload.aspx?site=Beekdaelen&id=a653cec8-d532-4b9b-994c-a91c9a20219b","dc_title":"B3 antwoord eerste termijn","dc_type":"bijlage","foi_fileName":"B3%20antwoord%20eerste%20termijn.mp3","foi_nrPages":1},{"dc_format":"application/octet-stream","dc_identifier":"nl.gm1954.2c.2025.7136498-7.doc.14","dc_source":"https://api1.ibabs.eu/publicdownload.aspx?site=Beekdaelen&id=d57c8939-97c6-47a7-a33f-5ab67401ab7d","dc_title":"B3 antwoord tweede termijn + advies commissie","dc_type":"bijlage","foi_fileName":"B3%20antwoord%20tweede%20termijn%20%2B%20advies%20commissie.mp3","foi_nrPages":1},{"dc_format":"application/octet-stream","dc_identifier":"nl.gm1954.2c.2025.7136498-7.doc.13","dc_source":"https://api1.ibabs.eu/publicdownload.aspx?site=Beekdaelen&id=38fd31e1-56f7-4fef-96e1-6ef4fc765dd0","dc_title":"B3 tweede termijn","dc_type":"bijlage","foi_fileName":"B3%20tweede%20termijn.mp3","foi_nrPages":1},{"dc_format":"application/pdf","dc_identifier":"nl.gm1954.2c.2025.7136498-7.doc.9","dc_source":"https://api1.ibabs.eu/publicdownload.aspx?site=Beekdaelen&id=511b70be-04e2-4f9d-b718-f162751d15ad","dc_title":"MvA technische vragen BL FLO B3","dc_type":"bijlage","foi_fairiscoreVersions":{"v1":1,"v2":1},"foi_fileName":"MvA%20technische%20vragen%20BL%20FLO%20B3.pdf","foi_nrPages":2},{"dc_format":"application/pdf","dc_identifier":"nl.gm1954.2c.2025.7136498-7.doc.7","dc_source":"https://api1.ibabs.eu/publicdownload.aspx?site=Beekdaelen&id=8cf6e044-6bca-4d76-b0fa-06a0b2f48b0a","dc_title":"MvA technische vragen CDA FLO B3","dc_type":"bijlage","foi_fairiscoreVersions":{"v1":1,"v2":1},"foi_fileName":"MvA%20technische%20vragen%20CDA%20FLO%20B3.pdf","foi_nrPages":1},{"dc_format":"application/pdf","dc_identifier":"nl.gm1954.2c.2025.7136498-7.doc.10","dc_source":"https://api1.ibabs.eu/publicdownload.aspx?site=Beekdaelen&id=36ef6458-e054-4b63-a2a8-7a8a3860cbbe","dc_title":"MvA technische vragen GL FLO B3","dc_type":"bijlage","foi_fairiscoreVersions":{"v1":1,"v2":1},"foi_fileName":"MvA%20technische%20vragen%20GL%20FLO%20B3.pdf","foi_nrPages":3},{"dc_format":"application/pdf","dc_identifier":"nl.gm1954.2c.2025.7136498-7.doc.6","dc_source":"https://api1.ibabs.eu/publicdownload.aspx?site=Beekdaelen&id=135e8d73-4f4a-4be4-97e3-c0ba12123b91","dc_title":"MvA technische vragen VG FLO B3","dc_type":"bijlage","foi_fairiscoreVersions":{"v1":1,"v2":1},"foi_fileName":"MvA%20technische%20vragen%20VG%20FLO%20B3.pdf","foi_nrPages":3},{"dc_format":"application/pdf","dc_identifier":"nl.gm1954.2c.2025.7136498-7.doc.8","dc_source":"https://api1.ibabs.eu/publicdownload.aspx?site=Beekdaelen&id=57951faf-66c8-45cd-b340-2f39716da0c4","dc_title":"MvA technische vragen VVD FLO B3","dc_type":"bijlage","foi_fairiscoreVersions":{"v1":1,"v2":1},"foi_fileName":"MvA%20technische%20vragen%20VVD%20FLO%20B3.pdf","foi_nrPages":1},{"dc_format":"application/pdf","dc_identifier":"nl.gm1954.2c.2025.7136498-7.doc.5","dc_source":"https://api1.ibabs.eu/publicdownload.aspx?site=Beekdaelen&id=01614008-8558-47a5-8b17-38bad2b52e95","dc_title":"Bijlage 3: Participatieverslag","dc_type":"bijlage","foi_fairiscoreVersions":{"v1":2,"v2":2},"foi_fileName":"Z%2F24%2F204633%20-%20379618%20-%20Participatieverslag.pdf","foi_nrPages":4},{"dc_format":"application/pdf","dc_identifier":"nl.gm1954.2c.2025.7136498-7.doc.1","dc_source":"https://api1.ibabs.eu/publicdownload.aspx?site=Beekdaelen&id=c59dbdf8-d8c0-41e0-820a-951ecc0475e0","dc_title":"Raadsvoorstel \"Economische visie 2025 - 2040\"","dc_type":"bijlage","foi_fairiscoreVersions":{"v1":1,"v2":1},"foi_fileName":"Z%2F24%2F204633%20-%20382802%20-%20Economische%20visie%202025%20-%202040.pdf","foi_nrPages":4},{"dc_format":"application/pdf","dc_identifier":"nl.gm1954.2c.2025.7136498-7.doc.2","dc_source":"https://api1.ibabs.eu/publicdownload.aspx?site=Beekdaelen&id=486b0e49-91b6-44ad-b8d4-b5349e9d0bbd","dc_title":"Raadsbesluit Economische visie 2025 - 2040","dc_type":"bijlage","foi_fairiscoreVersions":{"v1":1,"v2":1},"foi_fileName":"Z%2F24%2F204633%20-%20383096%20-%20Economische%20visie%202025%20-%202040.pdf","foi_nrPages":1},{"dc_format":"application/pdf","dc_identifier":"nl.gm1954.2c.2025.7136498-7.doc.4","dc_source":"https://api1.ibabs.eu/publicdownload.aspx?site=Beekdaelen&id=44a3f70f-ac4a-48f3-bc5c-f6172d994e16","dc_title":"Bijlage 2: Participatienota","dc_type":"bijlage","foi_fairiscoreVersions":{"v1":1,"v2":1},"foi_fileName":"Z%2F24%2F204633%20-%20383099%20-%20Participatienota.pdf","foi_nrPages":2},{"dc_format":"application/pdf","dc_identifier":"nl.gm1954.2c.2025.7136498-7.doc.3","dc_source":"https://api1.ibabs.eu/publicdownload.aspx?site=Beekdaelen&id=adde9135-e7eb-49c3-a1ba-8b340083980d","dc_title":"Bijlage 1: Economische visie- 2025 -2040","dc_type":"bijlage","foi_fairiscoreVersions":{"v1":2,"v2":2},"foi_fileName":"Z%2F24%2F204633%20-%20383100%20-%20Economische%20visie-%202025%20-2040.pdf","foi_nrPages":24}],"foi_nrDocuments":14,"foi_nrPagesInDossier":49,"foi_publishedDate":"2025-05-15","foi_retrievedDate":"2025-11-29"},{"dc_creator":"HandelingScraper_v1","dc_date_year":2025,"dc_description":"Vergadering van de Gemeente Beekdaelen op 2025-05-15. Onderdeel: Rondvraag Fysieke Leefomgeving.","dc_identifier":"nl.gm1954.2c.2025.7136498-8","dc_publisher":"gm1954","dc_source":"https://beekdaelen.bestuurlijkeinformatie.nl/Agenda/Index/d8f7bb75-513d-440a-bb2a-034a59405b28","dc_title":"Raadscommissie Fysieke Leefomgeving 2025-05-15 - Rondvraag Fysieke Leefomgeving","dc_type":"2c","dc_type_description":"Vergaderstuk decentrale overheid","foi_fairiscoreVersions":{"v1":null,"v2":null},"foi_files":[{"dc_format":"application/octet-stream","dc_identifier":"nl.gm1954.2c.2025.7136498-8.doc.1","dc_source":"https://api1.ibabs.eu/publicdownload.aspx?site=Beekdaelen&id=11ee4b5b-84c5-478d-8e4b-2083988d097a","dc_title":"C Rondvraag","dc_type":"bijlage","foi_fileName":"C%20Rondvraag.mp3","foi_nrPages":1}],"foi_nrDocuments":1,"foi_nrPagesInDossier":1,"foi_publishedDate":"2025-05-15","foi_retrievedDate":"2025-11-29"},{"dc_creator":"HandelingScraper_v1","dc_date_year":2025,"dc_description":"Vergadering van de Gemeente Beekdaelen op 2025-05-27. Onderdeel: Opening.","dc_identifier":"nl.gm1954.2c.2025.7136609-1","dc_publisher":"gm1954","dc_source":"https://beekdaelen.bestuurlijkeinformatie.nl/Agenda/Index/7c8a675d-2a6c-4fcd-ad02-3793d19eb761","dc_title":"Raadsvergadering 2025-05-27 - Opening","dc_type":"2c","dc_type_description":"Vergaderstuk decentrale overheid","foi_fairiscoreVersions":{"v1":1,"v2":1},"foi_files":[{"dc_format":"application/pdf","dc_identifier":"nl.gm1954.2c.2025.7136609-1.doc.1","dc_source":"https://api1.ibabs.eu/publicdownload.aspx?site=Beekdaelen&id=330d9446-d7e6-44cd-86ad-edde14ccf10a","dc_title":"Uitnodiging en voorlopige agenda raadsvergadering 27 mei 2025","dc_type":"bijlage","foi_fairiscoreVersions":{"v1":1,"v2":1},"foi_fileName":"Uitnodiging%20en%20voorlopige%20agenda%20raadsvergadering%2027%20mei%202025.pdf","foi_nrPages":2}],"foi_nrDocuments":1,"foi_nrPagesInDossier":2,"foi_publishedDate":"2025-05-27","foi_retrievedDate":"2025-11-29"},{"dc_creator":"HandelingScraper_v1","dc_date_year":2025,"dc_description":"Vergadering van de Gemeente Beekdaelen op 2025-05-27. Onderdeel: Voorstel inzake begroting 2026 en meerjarenraming 2027 - 2030 BsGW.","dc_identifier":"nl.gm1954.2c.2025.7136609-10","dc_publisher":"gm1954","dc_source":"https://beekdaelen.bestuurlijkeinformatie.nl/Agenda/Index/7c8a675d-2a6c-4fcd-ad02-3793d19eb761","dc_title":"Raadsvergadering 2025-05-27 - Voorstel inzake begroting 2026 en meerjarenraming 2027 - 2030 BsGW","dc_type":"2c","dc_type_description":"Vergaderstuk decentrale overheid","foi_fairiscoreVersions":{"v1":2,"v2":2},"foi_files":[{"dc_format":"application/pdf","dc_identifier":"nl.gm1954.2c.2025.7136609-10.doc.4","dc_source":"https://api1.ibabs.eu/publicdownload.aspx?site=Beekdaelen&id=1adc8f46-88a4-47ba-a8ca-7b14ac458323","dc_title":"Bijlage: BsGW aanbiedingsbrief kadernota 2026","dc_type":"bijlage","foi_fairiscoreVersions":{"v1":1,"v2":1},"foi_fileName":"email.pdf","foi_nrPages":1},{"dc_format":"application/pdf","dc_identifier":"nl.gm1954.2c.2025.7136609-10.doc.5","dc_source":"https://api1.ibabs.eu/publicdownload.aspx?site=Beekdaelen&id=d04f0d88-06cc-4641-89a7-2fa10af89c0b","dc_title":"Bijlage: BsGW kadernota 2026","dc_type":"bijlage","foi_fairiscoreVersions":{"v1":2,"v2":1},"foi_fileName":"email.pdf","foi_nrPages":16},{"dc_format":"application/pdf","dc_identifier":"nl.gm1954.2c.2025.7136609-10.doc.6","dc_source":"https://api1.ibabs.eu/publicdownload.aspx?site=Beekdaelen&id=e86d6039-5eb9-4c73-836b-b5e8bdced96a","dc_title":"Bijlage: BsGW bijlagen bij kadernota 2026","dc_type":"bijlage","foi_fairiscoreVersions":{"v1":2,"v2":1},"foi_fileName":"email.pdf","foi_nrPages":16},{"dc_format":"application/pdf","dc_identifier":"nl.gm1954.2c.2025.7136609-10.doc.7","dc_source":"https://api1.ibabs.eu/publicdownload.aspx?site=Beekdaelen&id=3a3611a5-b8d8-4a11-b142-2636169ad1c6","dc_title":"Bijlage: aanbiedingsbrief begroting 2026 en meerjarenraming 2027 - 2030","dc_type":"bijlage","foi_fairiscoreVersions":{"v1":1,"v2":1},"foi_fileName":"email.pdf","foi_nrPages":1},{"dc_format":"application/pdf","dc_identifier":"nl.gm1954.2c.2025.7136609-10.doc.8","dc_source":"https://api1.ibabs.eu/publicdownload.aspx?site=Beekdaelen&id=c11ffa8a-edef-4f99-956a-d8601ba95907","dc_title":"Bijlage: BsGW begroting 2026 en meerjarenraming 2027 - 2030","dc_type":"bijlage","foi_fairiscoreVersions":{"v1":2,"v2":1},"foi_fileName":"email.pdf","foi_nrPages":60},{"dc_format":"application/pdf","dc_identifier":"nl.gm1954.2c.2025.7136609-10.doc.2","dc_source":"https://api1.ibabs.eu/publicdownload.aspx?site=Beekdaelen&id=e6c41d8c-87a6-42bc-81f1-0e8d53a1051d","dc_title":"Raadsbesluit inzake ontwerpbegroting 2026 en meerjarenraming 2027 - 2030 BsGW - vastgesteld 27-05-2025","dc_type":"bijlage","foi_fairiscoreVersions":{"v1":1,"v2":1},"foi_fileName":"raadsbesluit%20ontwerpbegroting%202026%20en%20meerjarenraming%202027%20-%202030.pdf","foi_nrPages":1},{"dc_format":"application/pdf","dc_identifier":"nl.gm1954.2c.2025.7136609-10.doc.1","dc_source":"https://api1.ibabs.eu/publicdownload.aspx?site=Beekdaelen&id=01700efc-b390-4198-b5a3-bd4d27770396","dc_title":"Raadsvoorstel inzake ontwerpbegroting 2026 en meerjarenraming 2027 - 2030 BsGW","dc_type":"bijlage","foi_fairiscoreVersions":{"v1":1,"v2":1},"foi_fileName":"raadsvoorstel%20ontwerpbegroting%202026%20en%20meerjarenraming%202027%20-%202030.pdf","foi_nrPages":5},{"dc_format":"application/pdf","dc_identifier":"nl.gm1954.2c.2025.7136609-10.doc.3","dc_source":"https://api1.ibabs.eu/publicdownload.aspx?site=Beekdaelen&id=fe7f4960-164b-449e-bf1e-ff694dba7d41","dc_title":"Bijlage: Concept brief aan BsGW waarin het besluit van de raad is opgenomen","dc_type":"bijlage","foi_fairiscoreVersions":{"v1":2,"v2":2},"foi_fileName":"uitgaande%20brief%20aan%20BsGW.pdf","foi_nrPages":2}],"foi_nrDocuments":8,"foi_nrPagesInDossier":102,"foi_publishedDate":"2025-05-27","foi_retrievedDate":"2025-11-29"},{"dc_creator":"HandelingScraper_v1","dc_date_year":2025,"dc_description":"Vergadering van de Gemeente Beekdaelen op 2025-05-27. Onderdeel: Voorstel inzake jaarrekening 2024, bijgestelde begroting 2025 en meerjarenbegroting 2026-2029 GR Zorg- en Veiligheidshuis Parkstad.","dc_identifier":"nl.gm1954.2c.2025.7136609-11","dc_publisher":"gm1954","dc_source":"https://beekdaelen.bestuurlijkeinformatie.nl/Agenda/Index/7c8a675d-2a6c-4fcd-ad02-3793d19eb761","dc_title":"Raadsvergadering 2025-05-27 - Voorstel inzake jaarrekening 2024, bijgestelde begroting 2025 en meerjarenbegroting 2026-2029 GR Zorg- en Veiligheidshuis Parkstad","dc_type":"2c","dc_type_description":"Vergaderstuk decentrale overheid","foi_fairiscoreVersions":{"v1":2,"v2":2},"foi_files":[{"dc_format":"application/pdf","dc_identifier":"nl.gm1954.2c.2025.7136609-11.doc.2","dc_source":"https://api1.ibabs.eu/publicdownload.aspx?site=Beekdaelen&id=e0b905f7-68e6-4348-bc9e-317577bf8ca2","dc_title":"Raadsbesluit inzake Jaarstukken 2024, bijgestelde begroting 2025 en meerjarenbegroting 2026-2029 GR Zorg- en Veiligheidshuis Parkstad - vastgesteld 27-05-2025","dc_type":"bijlage","foi_fairiscoreVersions":{"v1":1,"v2":1},"foi_fileName":"Bijlage%201%20-%20Raadsbesluit.pdf","foi_nrPages":1},{"dc_format":"application/pdf","dc_identifier":"nl.gm1954.2c.2025.7136609-11.doc.1","dc_source":"https://api1.ibabs.eu/publicdownload.aspx?site=Beekdaelen&id=5dc7cf87-eac2-4525-a5cf-61bc7e952724","dc_title":"Raadsvoorstel inzake Jaarstukken 2024, bijgestelde begroting 2025 en meerjarenbegroting 2026-2029 GR Zorg- en Veiligheidshuis Parkstad","dc_type":"bijlage","foi_fairiscoreVersions":{"v1":1,"v2":1},"foi_fileName":"Bijlage%202%20-%20Raadsvoorstel.pdf","foi_nrPages":4},{"dc_format":"application/pdf","dc_identifier":"nl.gm1954.2c.2025.7136609-11.doc.9","dc_source":"https://api1.ibabs.eu/publicdownload.aspx?site=Beekdaelen&id=38b7b893-d669-427e-8eb2-b48c12e34450","dc_title":"Bijlage: Raadsbesluit en zienswijze GR ZVHP","dc_type":"bijlage","foi_fairiscoreVersions":{"v1":2,"v2":2},"foi_fileName":"Z%2F25%2F213562%20-%20385573%20-%20Raadsbesluit%20en%20zienswijze%20GR%20ZVHP.pdf","foi_nrPages":1},{"dc_format":"application/pdf","dc_identifier":"nl.gm1954.2c.2025.7136609-11.doc.5","dc_source":"https://api1.ibabs.eu/publicdownload.aspx?site=Beekdaelen&id=c9478310-25e8-4255-8fc9-6fe012fdd0b6","dc_title":"Bijlage: Begrotingswijziging 2025","dc_type":"bijlage","foi_fairiscoreVersions":{"v1":1,"v2":1},"foi_fileName":"Z%2F25%2F213562%20-%20385793.pdf","foi_nrPages":22},{"dc_format":"application/pdf","dc_identifier":"nl.gm1954.2c.2025.7136609-11.doc.6","dc_source":"https://api1.ibabs.eu/publicdownload.aspx?site=Beekdaelen&id=95215b0e-27cb-428f-90d1-749b6b881e30","dc_title":"Bijlage: Meerjarenbegroting 2026-2029","dc_type":"bijlage","foi_fairiscoreVersions":{"v1":2,"v2":1},"foi_fileName":"Z%2F25%2F213562%20-%20385793%20-.pdf","foi_nrPages":29},{"dc_format":"application/pdf","dc_identifier":"nl.gm1954.2c.2025.7136609-11.doc.4","dc_source":"https://api1.ibabs.eu/publicdownload.aspx?site=Beekdaelen&id=c0d7787c-6442-4bb2-8e62-4b236b953553","dc_title":"Bijlage: Resultaatbestemming 2024","dc_type":"bijlage","foi_fairiscoreVersions":{"v1":1,"v2":1},"foi_fileName":"Z%2F25%2F213562%20-%20385795.pdf","foi_nrPages":4},{"dc_format":"application/pdf","dc_identifier":"nl.gm1954.2c.2025.7136609-11.doc.3","dc_source":"https://api1.ibabs.eu/publicdownload.aspx?site=Beekdaelen&id=03f1c7c7-526b-4253-bf1a-51238d72d2dd","dc_title":"Bijlage: Jaarverslag 2024 incl. accountantsverklaring","dc_type":"bijlage","foi_fairiscoreVersions":{"v1":2,"v2":2},"foi_fileName":"Z%2F25%2F213562%20-%20385795%20-%20Jaarstukken.pdf","foi_nrPages":36},{"dc_format":"application/pdf","dc_identifier":"nl.gm1954.2c.2025.7136609-11.doc.8","dc_source":"https://api1.ibabs.eu/publicdownload.aspx?site=Beekdaelen&id=2266213c-bdb8-4783-8a8a-6f427a7d6ec5","dc_title":"Bijlage: Brief DB inzake bezuinigingsopgave","dc_type":"bijlage","foi_fairiscoreVersions":{"v1":1,"v2":1},"foi_fileName":"Z%2F25%2F213562%20-%20385796%20-.pdf","foi_nrPages":1},{"dc_format":"application/pdf","dc_identifier":"nl.gm1954.2c.2025.7136609-11.doc.7","dc_source":"https://api1.ibabs.eu/publicdownload.aspx?site=Beekdaelen&id=9381ff95-86e2-49ad-884c-4f9796c66c76","dc_title":"Bijlage: Kadernota 2026-2029","dc_type":"bijlage","foi_fairiscoreVersions":{"v1":1,"v2":1},"foi_fileName":"Z%2F25%2F213562%20-%20385797%20-.pdf","foi_nrPages":6}],"foi_nrDocuments":9,"foi_nrPagesInDossier":104,"foi_publishedDate":"2025-05-27","foi_retrievedDate":"2025-11-29"},{"dc_creator":"HandelingScraper_v1","dc_date_year":2025,"dc_description":"Vergadering van de Gemeente Beekdaelen op 2025-05-27. Onderdeel: Voorstel inzake jaarstukken 2024 en ontwerpbegroting 2026 en mjr Stadsregio Parkstad Limburg.","dc_identifier":"nl.gm1954.2c.2025.7136609-12","dc_publisher":"gm1954","dc_source":"https://beekdaelen.bestuurlijkeinformatie.nl/Agenda/Index/7c8a675d-2a6c-4fcd-ad02-3793d19eb761","dc_title":"Raadsvergadering 2025-05-27 - Voorstel inzake jaarstukken 2024 en ontwerpbegroting 2026 en mjr Stadsregio Parkstad Limburg","dc_type":"2c","dc_type_description":"Vergaderstuk decentrale overheid","foi_fairiscoreVersions":{"v1":2,"v2":2},"foi_files":[{"dc_format":"application/pdf","dc_identifier":"nl.gm1954.2c.2025.7136609-12.doc.1","dc_source":"https://api1.ibabs.eu/publicdownload.aspx?site=Beekdaelen&id=06de4d68-7f7c-402a-8603-01cc6e86ce1e","dc_title":"Raadsvoorstel inzake de voorlopige jaarstukken 2024 en de ontwerpbegroting 2026 inclusief meerjarenraming van de GR Stadsregio Parkstad Limburg","dc_type":"bijlage","foi_fairiscoreVersions":{"v1":1,"v2":1},"foi_fileName":"Z%2F25%2F213678%20-%20385857%20-%20Jaarstukken%202024%20en%20ontwerpbegroting%202026%20en%20mjr%20Stadsregio%20Parkstad%20Limburg.pdf","foi_nrPages":5},{"dc_format":"application/pdf","dc_identifier":"nl.gm1954.2c.2025.7136609-12.doc.2","dc_source":"https://api1.ibabs.eu/publicdownload.aspx?site=Beekdaelen&id=1bf417dd-90bf-4bd5-a686-340cb8e361ca","dc_title":"Raadsbesluit inzake de voorlopige jaarstukken 2024 en de ontwerpbegroting 2026 inclusief meerjarenraming van de GR Stadsregio Parkstad Limburg - vastgesteld 27-05-2025","dc_type":"bijlage","foi_fairiscoreVersions":{"v1":1,"v2":1},"foi_fileName":"Z%2F25%2F213678%20-%20385858%20-%20Jaarstukken%202024%20en%20ontwerpbegroting%202026%20en%20mjr%20Stadsregio%20Parkstad%20Limburg.pdf","foi_nrPages":1},{"dc_format":"application/pdf","dc_identifier":"nl.gm1954.2c.2025.7136609-12.doc.5","dc_source":"https://api1.ibabs.eu/publicdownload.aspx?site=Beekdaelen&id=a2ea8dc1-cd2b-49ae-b1f4-1ee90d61900d","dc_title":"Bijlage: Uitgaande brief zienswijze Stadsregio Parkstad Limburg","dc_type":"bijlage","foi_fairiscoreVersions":{"v1":2,"v2":2},"foi_fileName":"Z%2F25%2F213678%20-%20385859%20-%20Jaarstukken%202024%20en%20begroting%202026.pdf","foi_nrPages":1},{"dc_format":"application/pdf","dc_identifier":"nl.gm1954.2c.2025.7136609-12.doc.3","dc_source":"https://api1.ibabs.eu/publicdownload.aspx?site=Beekdaelen&id=01a98f5d-1975-431c-aaf0-778fda87ee18","dc_title":"Bijlage: Ontwerpbegroting 2026 inclusief meerjarenraming GR Stadsregio Parkstad Limburg","dc_type":"bijlage","foi_fairiscoreVersions":{"v1":2,"v2":1},"foi_fileName":"Z%2F25%2F213678%20-%20385869%20-%20Bijlage%203%3A%20Ontwerpbegroting%202026%20inclusief%20meerjarenraming%20GR%20Stadsregio%20Parkstad%20Limburg.pdf","foi_nrPages":38},{"dc_format":"application/pdf","dc_identifier":"nl.gm1954.2c.2025.7136609-12.doc.4","dc_source":"https://api1.ibabs.eu/publicdownload.aspx?site=Beekdaelen&id=734027bc-966f-4e57-9c11-b361e80b1891","dc_title":"Bijlage: Voorlopige jaarstukken 2024 GR Stadsregio Parkstad Limburg","dc_type":"bijlage","foi_fairiscoreVersions":{"v1":2,"v2":1},"foi_fileName":"Z%2F25%2F213678%20-%20385870%20-%20Bijlage%204%3A%20Voorlopige%20jaarstukken%202024%20GR%20Stadsregio%20Parkstad%20Limburg.pdf","foi_nrPages":107}],"foi_nrDocuments":5,"foi_nrPagesInDossier":152,"foi_publishedDate":"2025-05-27","foi_retrievedDate":"2025-11-29"},{"dc_creator":"HandelingScraper_v1","dc_date_year":2025,"dc_description":"Vergadering van de Gemeente Beekdaelen op 2025-05-27. Onderdeel: Voorstel inzake jaarstukken 2024 en ontwerpbegroting 2026 GR Veiligheidsregio Zuid-Limburg en de mogelijke bezuinigingsopdracht VRZL.","dc_identifier":"nl.gm1954.2c.2025.7136609-13","dc_publisher":"gm1954","dc_source":"https://beekdaelen.bestuurlijkeinformatie.nl/Agenda/Index/7c8a675d-2a6c-4fcd-ad02-3793d19eb761","dc_title":"Raadsvergadering 2025-05-27 - Voorstel inzake jaarstukken 2024 en ontwerpbegroting 2026 GR Veiligheidsregio Zuid-Limburg en de mogelijke bezuinigingsopdracht VRZL","dc_type":"2c","dc_type_description":"Vergaderstuk decentrale overheid","foi_fairiscoreVersions":{"v1":2,"v2":1},"foi_files":[{"dc_format":"application/pdf","dc_identifier":"nl.gm1954.2c.2025.7136609-13.doc.2","dc_source":"https://api1.ibabs.eu/publicdownload.aspx?site=Beekdaelen&id=160164f4-c76c-43bd-8502-0b33e163ae6b","dc_title":"Raadsbesluit inzake jaarstukken 2024 en ontwerpbegroting 2026 GR Veiligheidsregio Zuid-Limburg en de mogelijke bezuinigingsopdracht VRZL - vastgesteld 27-05-2025","dc_type":"bijlage","foi_fairiscoreVersions":{"v1":1,"v2":1},"foi_fileName":"385469_1.pdf","foi_nrPages":1},{"dc_format":"application/pdf","dc_identifier":"nl.gm1954.2c.2025.7136609-13.doc.3","dc_source":"https://api1.ibabs.eu/publicdownload.aspx?site=Beekdaelen&id=df93ad48-d92f-4f44-ad5c-5edea93065b9","dc_title":"Bijlage: Aanbiedingsbrief GR Veiligheidsregio Zuid-Limburg","dc_type":"bijlage","foi_fairiscoreVersions":{"v1":1,"v2":1},"foi_fileName":"Z%2F25%2F213589%20-%20385455.pdf","foi_nrPages":3},{"dc_format":"application/pdf","dc_identifier":"nl.gm1954.2c.2025.7136609-13.doc.4","dc_source":"https://api1.ibabs.eu/publicdownload.aspx?site=Beekdaelen&id=192e1f1a-c639-4c53-9011-48cfa37eb9a8","dc_title":"Bijlage: Voorlopige jaarstukken GR Veiligheidsregio Zuid-Limburg","dc_type":"bijlage","foi_fairiscoreVersions":{"v1":2,"v2":1},"foi_fileName":"Z%2F25%2F213589%20-%20385455.pdf","foi_nrPages":89},{"dc_format":"application/pdf","dc_identifier":"nl.gm1954.2c.2025.7136609-13.doc.6","dc_source":"https://api1.ibabs.eu/publicdownload.aspx?site=Beekdaelen&id=b4bad84e-dba5-4ebd-b198-b172b713555b","dc_title":"Bijlage: Uitwerking mogelijke bezuinigingsopdracht VRZL","dc_type":"bijlage","foi_fairiscoreVersions":{"v1":1,"v2":1},"foi_fileName":"Z%2F25%2F213589%20-%20385455.pdf","foi_nrPages":5},{"dc_format":"application/pdf","dc_identifier":"nl.gm1954.2c.2025.7136609-13.doc.5","dc_source":"https://api1.ibabs.eu/publicdownload.aspx?site=Beekdaelen&id=4d8a35ae-fff6-4bc0-8a9f-df9a26135e71","dc_title":"Bijlage: Ontwerpbegroting GR Veiligheidsregio Zuid-Limburg","dc_type":"bijlage","foi_fairiscoreVersions":{"v1":2,"v2":1},"foi_fileName":"Z%2F25%2F213589%20-%20385455%20-.pdf","foi_nrPages":59},{"dc_format":"application/pdf","dc_identifier":"nl.gm1954.2c.2025.7136609-13.doc.1","dc_source":"https://api1.ibabs.eu/publicdownload.aspx?site=Beekdaelen&id=fd51df06-dc39-47b5-be6a-1b7903e59b78","dc_title":"Raadsvoorstel inzake jaarstukken 2024 en ontwerpbegroting 2026 GR Veiligheidsregio Zuid-Limburg en de mogelijke bezuinigingsopdracht VRZL","dc_type":"bijlage","foi_fairiscoreVersions":{"v1":1,"v2":1},"foi_fileName":"Z%2F25%2F213589%20-%20385468%20-%20conceptbegroting%202026%20en%20mogelijke%20bezuinigingen%20Veiligheidsregio%20Zuid-Limburg%20%28VRZL%29.pdf","foi_nrPages":7},{"dc_format":"application/pdf","dc_identifier":"nl.gm1954.2c.2025.7136609-13.doc.7","dc_source":"https://api1.ibabs.eu/publicdownload.aspx?site=Beekdaelen&id=d43185d7-577e-49c5-a029-4f419c41072e","dc_title":"Bijlage: Concept zienswijzebrief aan GR Veiligheidsregio Zuid-Limburg","dc_type":"bijlage","foi_fairiscoreVersions":{"v1":2,"v2":1},"foi_fileName":"Z%2F25%2F213589%20-%20385488%20-%20Concept%20zienswijzebrief%20aan%20GR%20Veiligheidsregio%20Zuid-Limburg.pdf","foi_nrPages":2}],"foi_nrDocuments":7,"foi_nrPagesInDossier":166,"foi_publishedDate":"2025-05-27","foi_retrievedDate":"2025-11-29"},{"dc_creator":"HandelingScraper_v1","dc_date_year":2025,"dc_description":"Vergadering van de Gemeente Beekdaelen op 2025-05-27. Onderdeel: Voorstel inzake jaarrekening 2024, begroting 2026 en meerjarenraming 2027 - 2029 ODZL.","dc_identifier":"nl.gm1954.2c.2025.7136609-14","dc_publisher":"gm1954","dc_source":"https://beekdaelen.bestuurlijkeinformatie.nl/Agenda/Index/7c8a675d-2a6c-4fcd-ad02-3793d19eb761","dc_title":"Raadsvergadering 2025-05-27 - Voorstel inzake jaarrekening 2024, begroting 2026 en meerjarenraming 2027 - 2029 ODZL","dc_type":"2c","dc_type_description":"Vergaderstuk decentrale overheid","foi_fairiscoreVersions":{"v1":3,"v2":2},"foi_files":[{"dc_format":"application/pdf","dc_identifier":"nl.gm1954.2c.2025.7136609-14.doc.8","dc_source":"https://api1.ibabs.eu/publicdownload.aspx?site=Beekdaelen&id=a5f7ab00-d2b1-4e48-b263-942267709eca","dc_title":"Beantwoording vraag Commissie Leefomgeving Beekdaelen bij behandeling begroting 2026 Omgevingsdienst Zuid-Limburg","dc_type":"bijlage","foi_fairiscoreVersions":{"v1":2,"v2":2},"foi_fileName":"Beantwoording%20vraag%20Commissie%20Leefomgeving%20Beekdaelen%20bij%20behandeling%20begroting%202026%20Omgevingsdienst%20Zuid-Limburg.pdf","foi_nrPages":2},{"dc_format":"application/pdf","dc_identifier":"nl.gm1954.2c.2025.7136609-14.doc.7","dc_source":"https://api1.ibabs.eu/publicdownload.aspx?site=Beekdaelen&id=7f4cef6e-7779-4771-a925-b3179425dc72","dc_title":"Bijlage: Zienswijze ontwerpbegroting 2026","dc_type":"bijlage","foi_fairiscoreVersions":{"v1":3,"v2":3},"foi_fileName":"Z%2F25%2F213414%20-%20385079%20-%20Zienswijze%20ontwerpbegroting%202026.pdf","foi_nrPages":2},{"dc_format":"application/pdf","dc_identifier":"nl.gm1954.2c.2025.7136609-14.doc.2","dc_source":"https://api1.ibabs.eu/publicdownload.aspx?site=Beekdaelen&id=76f2860a-6b99-4b87-a5cd-82f5ed770105","dc_title":"Raadsbesluit inzake jaarrekening 2024, begroting 2026 en meerjarenraming 2027-2029 ODZL - vastgesteld 27-05-2025","dc_type":"bijlage","foi_fairiscoreVersions":{"v1":2,"v2":1},"foi_fileName":"Z%2F25%2F213414%20-%20385100.pdf","foi_nrPages":2},{"dc_format":"application/pdf","dc_identifier":"nl.gm1954.2c.2025.7136609-14.doc.1","dc_source":"https://api1.ibabs.eu/publicdownload.aspx?site=Beekdaelen&id=952ae9ff-3c73-453c-a1a2-1d60a9480c60","dc_title":"Raadsvoorstel inzake jaarrekening 2024, begroting 2026 en meerjarenraming 2027-2029 ODZL","dc_type":"bijlage","foi_fairiscoreVersions":{"v1":1,"v2":1},"foi_fileName":"Z%2F25%2F213414%20-%20385208%20-%20jaarrekening%202024_%20begroting%202026.pdf","foi_nrPages":6},{"dc_format":"application/pdf","dc_identifier":"nl.gm1954.2c.2025.7136609-14.doc.6","dc_source":"https://api1.ibabs.eu/publicdownload.aspx?site=Beekdaelen&id=2382d558-d414-45cd-9729-724c053eb61b","dc_title":"Bijlage: jaarrekening 2024 ODZL","dc_type":"bijlage","foi_fairiscoreVersions":{"v1":2,"v2":2},"foi_fileName":"Z%2F25%2F213414%20-%20385211%20-%20jaarrekening%202024%20ODZL.pdf","foi_nrPages":36},{"dc_format":"application/pdf","dc_identifier":"nl.gm1954.2c.2025.7136609-14.doc.4","dc_source":"https://api1.ibabs.eu/publicdownload.aspx?site=Beekdaelen&id=e5b23dfd-b5c1-4be8-a79e-4ae3e33d654a","dc_title":"Bijlage: aanbiedingsbrief jaarrekening 2024 ODZL","dc_type":"bijlage","foi_fairiscoreVersions":{"v1":2,"v2":2},"foi_fileName":"Z%2F25%2F213414%20-%20385212%20-%20aanbiedingsbrief%20jaarrekening%202024%20ODZL.pdf","foi_nrPages":2},{"dc_format":"application/pdf","dc_identifier":"nl.gm1954.2c.2025.7136609-14.doc.5","dc_source":"https://api1.ibabs.eu/publicdownload.aspx?site=Beekdaelen&id=13f9bbef-d20d-415a-b21e-2290f5d979b0","dc_title":"Bijlage: begroting 2026 ODZL","dc_type":"bijlage","foi_fairiscoreVersions":{"v1":3,"v2":3},"foi_fileName":"Z%2F25%2F213414%20-%20385213%20-%20begroting%202026%20ODZL.pdf","foi_nrPages":60},{"dc_format":"application/pdf","dc_identifier":"nl.gm1954.2c.2025.7136609-14.doc.3","dc_source":"https://api1.ibabs.eu/publicdownload.aspx?site=Beekdaelen&id=ba426b7c-3a0d-4fbb-9386-8127defa320f","dc_title":"Bijlage: aanbiedingsbrief begroting 2026 ODZL","dc_type":"bijlage","foi_fairiscoreVersions":{"v1":2,"v2":2},"foi_fileName":"Z%2F25%2F213414%20-%20385214%20-%20aanbiedingsbrief%20begroting%202026%20ODZL.pdf","foi_nrPages":2}],"foi_nrDocuments":8,"foi_nrPagesInDossier":112,"foi_publishedDate":"2025-05-27","foi_retrievedDate":"2025-11-29"},{"dc_creator":"HandelingScraper_v1","dc_date_year":2025,"dc_description":"Vergadering van de Gemeente Beekdaelen op 2025-05-27. Onderdeel: Voorstel inzake jaarrekening 2024 en begroting 2026 GR Rd4.","dc_identifier":"nl.gm1954.2c.2025.7136609-15","dc_publisher":"gm1954","dc_source":"https://beekdaelen.bestuurlijkeinformatie.nl/Agenda/Index/7c8a675d-2a6c-4fcd-ad02-3793d19eb761","dc_title":"Raadsvergadering 2025-05-27 - Voorstel inzake jaarrekening 2024 en begroting 2026 GR Rd4","dc_type":"2c","dc_type_description":"Vergaderstuk decentrale overheid","foi_fairiscoreVersions":{"v1":2,"v2":2},"foi_files":[{"dc_format":"application/pdf","dc_identifier":"nl.gm1954.2c.2025.7136609-15.doc.1","dc_source":"https://api1.ibabs.eu/publicdownload.aspx?site=Beekdaelen&id=824cfd0f-6b8b-4459-8643-bea875d43668","dc_title":"Raadsvoorstel inzake Jaarrekening 2024 en begroting 2026 GR Rd4","dc_type":"bijlage","foi_fairiscoreVersions":{"v1":1,"v2":1},"foi_fileName":"Z%2F25%2F213665%20-%20385787%20-%20Jaarrekening%202024%20en%20begroting%202026%20GR%20Rd4.pdf","foi_nrPages":3},{"dc_format":"application/pdf","dc_identifier":"nl.gm1954.2c.2025.7136609-15.doc.2","dc_source":"https://api1.ibabs.eu/publicdownload.aspx?site=Beekdaelen&id=eb43b663-a9f8-4d52-aa47-0053bf3a6916","dc_title":"Raadsbesluit inzake Jaarrekening 2024 en begroting 2026 GR Rd4 - vastgesteld 27-05-2025","dc_type":"bijlage","foi_fairiscoreVersions":{"v1":1,"v2":1},"foi_fileName":"Z%2F25%2F213665%20-%20385788%20-%20Raadsbesluit%20Jaarrekening%202024%20en%20begroting%202026%20GR%20Rd4.pdf","foi_nrPages":1},{"dc_format":"application/pdf","dc_identifier":"nl.gm1954.2c.2025.7136609-15.doc.5","dc_source":"https://api1.ibabs.eu/publicdownload.aspx?site=Beekdaelen&id=2bc5c134-f9fb-4c08-b01d-482570dd855f","dc_title":"Bijlage: Uitgaande brief aan Rd4 met zienswijze","dc_type":"bijlage","foi_fairiscoreVersions":{"v1":2,"v2":2},"foi_fileName":"Z%2F25%2F213665%20-%20385789%20-%20Zienswijze.pdf","foi_nrPages":1},{"dc_format":"application/pdf","dc_identifier":"nl.gm1954.2c.2025.7136609-15.doc.4","dc_source":"https://api1.ibabs.eu/publicdownload.aspx?site=Beekdaelen&id=537eec50-177c-486b-8882-48ef750039e4","dc_title":"Bijlage: Inkomende brief GR Rd4","dc_type":"bijlage","foi_fairiscoreVersions":{"v1":2,"v2":2},"foi_fileName":"Z%2F25%2F213665%20-%20385790%20-.pdf","foi_nrPages":2},{"dc_format":"application/pdf","dc_identifier":"nl.gm1954.2c.2025.7136609-15.doc.6","dc_source":"https://api1.ibabs.eu/publicdownload.aspx?site=Beekdaelen&id=3c9a7add-ae29-47f6-9703-84d762e3ac1c","dc_title":"Bijlage: Ontwerpbegroting 2026 GR Rd4 geconsolideerd","dc_type":"bijlage","foi_fairiscoreVersions":{"v1":2,"v2":2},"foi_fileName":"Z%2F25%2F213665%20-%20385791%20-.pdf","foi_nrPages":36},{"dc_format":"application/pdf","dc_identifier":"nl.gm1954.2c.2025.7136609-15.doc.3","dc_source":"https://api1.ibabs.eu/publicdownload.aspx?site=Beekdaelen&id=2ae2a868-6f95-4806-a497-4d10677cab7a","dc_title":"Bijlage: Jaarrekening 2024 van GR Rd4 geconsolideerd","dc_type":"bijlage","foi_fairiscoreVersions":{"v1":2,"v2":2},"foi_fileName":"Z%2F25%2F213665%20-%20385792%20-.pdf","foi_nrPages":27}],"foi_nrDocuments":6,"foi_nrPagesInDossier":70,"foi_publishedDate":"2025-05-27","foi_retrievedDate":"2025-11-29"},{"dc_creator":"HandelingScraper_v1","dc_date_year":2025,"dc_description":"Vergadering van de Gemeente Beekdaelen op 2025-05-27. Onderdeel: Voorstel inzake gewijzigde begroting 2025 en Ontwerpbegroting 2026 en MJR 2026-2029 Solido.","dc_identifier":"nl.gm1954.2c.2025.7136609-16","dc_publisher":"gm1954","dc_source":"https://beekdaelen.bestuurlijkeinformatie.nl/Agenda/Index/7c8a675d-2a6c-4fcd-ad02-3793d19eb761","dc_title":"Raadsvergadering 2025-05-27 - Voorstel inzake gewijzigde begroting 2025 en Ontwerpbegroting 2026 en MJR 2026-2029 Solido","dc_type":"2c","dc_type_description":"Vergaderstuk decentrale overheid","foi_fairiscoreVersions":{"v1":2,"v2":2},"foi_files":[{"dc_format":"application/pdf","dc_identifier":"nl.gm1954.2c.2025.7136609-16.doc.7","dc_source":"https://api1.ibabs.eu/publicdownload.aspx?site=Beekdaelen&id=e3fe198a-34ba-4c04-b71c-b6cecc6eb6fe","dc_title":"Bijlage: brief raden toetreding ISD Bol","dc_type":"bijlage","foi_fairiscoreVersions":{"v1":1,"v2":1},"foi_fileName":"brief%20raden%20toetreding%20ISD%20Bol.pdf","foi_nrPages":2},{"dc_format":"application/pdf","dc_identifier":"nl.gm1954.2c.2025.7136609-16.doc.5","dc_source":"https://api1.ibabs.eu/publicdownload.aspx?site=Beekdaelen&id=7fcffc2e-8d5e-4a77-946b-557be1a1de8b","dc_title":"Bijlage: Gewijzigde begroting 2025","dc_type":"bijlage","foi_fairiscoreVersions":{"v1":2,"v2":2},"foi_fileName":"Z%2F25%2F213918%20-%20386510.pdf","foi_nrPages":6},{"dc_format":"application/pdf","dc_identifier":"nl.gm1954.2c.2025.7136609-16.doc.6","dc_source":"https://api1.ibabs.eu/publicdownload.aspx?site=Beekdaelen&id=73fd87b2-a182-4004-8112-af7a16318951","dc_title":"Bijlage: Ontwerpbegroting 2026","dc_type":"bijlage","foi_fairiscoreVersions":{"v1":2,"v2":2},"foi_fileName":"Z%2F25%2F213918%20-%20386510.pdf","foi_nrPages":26},{"dc_format":"application/pdf","dc_identifier":"nl.gm1954.2c.2025.7136609-16.doc.4","dc_source":"https://api1.ibabs.eu/publicdownload.aspx?site=Beekdaelen&id=0ea425dc-a4d2-482f-b036-d75b6f5af313","dc_title":"Bijlage: aanbiedingsbrief financi\u00eble stukken Solido","dc_type":"bijlage","foi_fairiscoreVersions":{"v1":1,"v2":1},"foi_fileName":"Z%2F25%2F213918%20-%20386510%20-.pdf","foi_nrPages":2},{"dc_format":"application/pdf","dc_identifier":"nl.gm1954.2c.2025.7136609-16.doc.1","dc_source":"https://api1.ibabs.eu/publicdownload.aspx?site=Beekdaelen&id=fff348b3-5ede-4a94-8085-2b68d71fda6e","dc_title":"Raadsvoorstel inzake Gewijzigde begroting 2025 en Ontwerpbegroting 2026 en MJR 2026-2029 Voorstel toetreding van Gemeenschappelijke Regeling ISD BOL in Gemeenschappelijke Regeling Solido.","dc_type":"bijlage","foi_fairiscoreVersions":{"v1":1,"v2":1},"foi_fileName":"Z%2F25%2F213918%20-%20386953%20-%20Gewijzigde%20begroting%202025%20en%20Ontwerpbegroting%202026%20en%20MJR%202026-2029%20Voorstel%20toetreding%20van%20Gemeenschappelijke%20Regeling%20ISD%20BOL%20in%20Gemeenschappelijke%20Regeling%20Solido.pdf","foi_nrPages":8},{"dc_format":"application/pdf","dc_identifier":"nl.gm1954.2c.2025.7136609-16.doc.2","dc_source":"https://api1.ibabs.eu/publicdownload.aspx?site=Beekdaelen&id=dd6e2b7b-05a6-4e94-81a5-cdb612817318","dc_title":"Raadsbesluit inzake Gewijzigde begroting 2025 en Ontwerpbegroting 2026 en MJR 2026-2029 Voorstel toetreding van Gemeenschappelijke Regeling ISD BOL in Gemeenschappelijke Regeling Solido. - vastgesteld 27-05-2025","dc_type":"bijlage","foi_fairiscoreVersions":{"v1":1,"v2":1},"foi_fileName":"Z%2F25%2F213918%20-%20386961%20-%20Gewijzigde%20begroting%202025%20en%20Ontwerpbegroting%202026%20en%20MJR%202026-2029%20Voorstel%20toetreding%20van%20Gemeenschappelijke%20Regeling%20ISD%20BOL%20in%20Gemeenschappelijke%20Regeling%20Solido.pdf","foi_nrPages":1},{"dc_format":"application/pdf","dc_identifier":"nl.gm1954.2c.2025.7136609-16.doc.3","dc_source":"https://api1.ibabs.eu/publicdownload.aspx?site=Beekdaelen&id=1e7cab73-0870-455f-b4c3-78cd6959dac2","dc_title":"Bijlage: Uitgaande Brief Solido","dc_type":"bijlage","foi_fairiscoreVersions":{"v1":2,"v2":2},"foi_fileName":"Z%2F25%2F213918%20-%20387024%20-%20Uitgaande%20Brief%20Solido.pdf","foi_nrPages":2}],"foi_nrDocuments":7,"foi_nrPagesInDossier":47,"foi_publishedDate":"2025-05-27","foi_retrievedDate":"2025-11-29"},{"dc_creator":"HandelingScraper_v1","dc_date_year":2025,"dc_description":"Vergadering van de Gemeente Beekdaelen op 2025-05-27. Onderdeel: Voorstel inzake toekomstbestendige huisvesting brandweerkazernes - Veiligheidsregio Zuid-Limburg.","dc_identifier":"nl.gm1954.2c.2025.7136609-17","dc_publisher":"gm1954","dc_source":"https://beekdaelen.bestuurlijkeinformatie.nl/Agenda/Index/7c8a675d-2a6c-4fcd-ad02-3793d19eb761","dc_title":"Raadsvergadering 2025-05-27 - Voorstel inzake toekomstbestendige huisvesting brandweerkazernes - Veiligheidsregio Zuid-Limburg","dc_type":"2c","dc_type_description":"Vergaderstuk decentrale overheid","foi_fairiscoreVersions":{"v1":2,"v2":2},"foi_files":[{"dc_format":"application/pdf","dc_identifier":"nl.gm1954.2c.2025.7136609-17.doc.2","dc_source":"https://api1.ibabs.eu/publicdownload.aspx?site=Beekdaelen&id=b8837060-01d6-4a79-916d-cc5a1f050205","dc_title":"Raadsbesluit inzake toekomstbestendige huisvesting brandweerkazernes (VRZL) - vastgesteld 27-05-2025","dc_type":"bijlage","foi_fairiscoreVersions":{"v1":1,"v2":1},"foi_fileName":"385569_1.pdf","foi_nrPages":1},{"dc_format":"application/pdf","dc_identifier":"nl.gm1954.2c.2025.7136609-17.doc.3","dc_source":"https://api1.ibabs.eu/publicdownload.aspx?site=Beekdaelen&id=7244be29-3158-4197-93ad-a88ec8e30426","dc_title":"Bijlage: Aanbiedingsbrief GR VRZL Zienswijzetraject Toekomstbestendige huisvesting  brandweerkazernes (VRZL)","dc_type":"bijlage","foi_fairiscoreVersions":{"v1":1,"v2":1},"foi_fileName":"Z%2F24%2F211996%20-%20385061.pdf","foi_nrPages":3},{"dc_format":"application/pdf","dc_identifier":"nl.gm1954.2c.2025.7136609-17.doc.4","dc_source":"https://api1.ibabs.eu/publicdownload.aspx?site=Beekdaelen&id=60b1b4c3-d1f8-49d7-9680-141f026876ef","dc_title":"Bijlage: Eindrapport Toekomstbestendige huisvesting brandweerkazernes - Veiligheidsregio  Zuid-Limburg (versie 1.0)","dc_type":"bijlage","foi_fairiscoreVersions":{"v1":2,"v2":2},"foi_fileName":"Z%2F24%2F211996%20-%20385061.pdf","foi_nrPages":31},{"dc_format":"application/pdf","dc_identifier":"nl.gm1954.2c.2025.7136609-17.doc.5","dc_source":"https://api1.ibabs.eu/publicdownload.aspx?site=Beekdaelen&id=76df1cb2-a99b-4607-943a-8582a3695907","dc_title":"Bijlage: Toekomstbestendige huisvesting brandweerkazernes VRZL \u2013 bijlagenboek (versie 1.0)","dc_type":"bijlage","foi_fairiscoreVersions":{"v1":2,"v2":2},"foi_fileName":"Z%2F24%2F211996%20-%20385061.pdf","foi_nrPages":71},{"dc_format":"application/pdf","dc_identifier":"nl.gm1954.2c.2025.7136609-17.doc.6","dc_source":"https://api1.ibabs.eu/publicdownload.aspx?site=Beekdaelen&id=95f6d1d0-5f61-486e-8920-764e7ca17f9d","dc_title":"Bijlage: Begrotingswijziging 5.1 Toekomstbestendige huisvesting brandweerkazernes VRZL","dc_type":"bijlage","foi_fairiscoreVersions":{"v1":1,"v2":1},"foi_fileName":"Z%2F24%2F211996%20-%20385061.pdf","foi_nrPages":1},{"dc_format":"application/pdf","dc_identifier":"nl.gm1954.2c.2025.7136609-17.doc.1","dc_source":"https://api1.ibabs.eu/publicdownload.aspx?site=Beekdaelen&id=3e85c1e2-595c-471d-b901-2f58e4ef1140","dc_title":"Raadsvoorstel inzake toekomstbestendige huisvesting brandweerkazernes (VRZL)","dc_type":"bijlage","foi_fairiscoreVersions":{"v1":1,"v2":1},"foi_fileName":"Z%2F24%2F211996%20-%20385063.pdf","foi_nrPages":7}],"foi_nrDocuments":6,"foi_nrPagesInDossier":114,"foi_publishedDate":"2025-05-27","foi_retrievedDate":"2025-11-29"},{"dc_creator":"HandelingScraper_v1","dc_date_year":2025,"dc_description":"Vergadering van de Gemeente Beekdaelen op 2025-05-27. Onderdeel: Voorstel inzake jaarstukken 2024, uitvoeringsplan 2025, gewijzigde begroting 2025, primitieve begroting 2026 en meerjarenraming 2027-2028 ISD Kompas.","dc_identifier":"nl.gm1954.2c.2025.7136609-18","dc_publisher":"gm1954","dc_source":"https://beekdaelen.bestuurlijkeinformatie.nl/Agenda/Index/7c8a675d-2a6c-4fcd-ad02-3793d19eb761","dc_title":"Raadsvergadering 2025-05-27 - Voorstel inzake jaarstukken 2024, uitvoeringsplan 2025, gewijzigde begroting 2025, primitieve begroting 2026 en meerjarenraming 2027-2028 ISD Kompas","dc_type":"2c","dc_type_description":"Vergaderstuk decentrale overheid","foi_fairiscoreVersions":{"v1":2,"v2":2},"foi_files":[{"dc_format":"application/pdf","dc_identifier":"nl.gm1954.2c.2025.7136609-18.doc.11","dc_source":"https://api1.ibabs.eu/publicdownload.aspx?site=Beekdaelen&id=b9cbb5f2-0628-472b-8301-de1afa1b6d27","dc_title":"Advies ASD-Beekdaelen op jaarstukken Kompas 2024-2025-2026","dc_type":"bijlage","foi_fairiscoreVersions":{"v1":1,"v2":1},"foi_fileName":"Advies%20ASD-Beekdaelen%20op%20jaarstukken%20Kompas%202024-2025-2026.pdf","foi_nrPages":3},{"dc_format":"application/pdf","dc_identifier":"nl.gm1954.2c.2025.7136609-18.doc.2","dc_source":"https://api1.ibabs.eu/publicdownload.aspx?site=Beekdaelen&id=0504de02-393f-4d14-9826-cf51dc737c0c","dc_title":"Raadsbesluit inzake jaarstukken 2024, uitvoeringsplan 2025, gewijzigde begroting 2025, primitieve begroting 2026 en meerjarenraming 2027-2028 ISD Kompas - vastgesteld 27-05-2025","dc_type":"bijlage","foi_fairiscoreVersions":{"v1":2,"v2":1},"foi_fileName":"Bijlage%207.pdf","foi_nrPages":2},{"dc_format":"application/pdf","dc_identifier":"nl.gm1954.2c.2025.7136609-18.doc.9","dc_source":"https://api1.ibabs.eu/publicdownload.aspx?site=Beekdaelen&id=0584c3ea-d180-48f5-8e53-01fd20325c74","dc_title":"Bijlage. Uitgaande brief aan ISD-Kompas inzake raadsbesluit en zienswijzen","dc_type":"bijlage","foi_fairiscoreVersions":{"v1":3,"v2":3},"foi_fileName":"Bijlage%208.pdf","foi_nrPages":3},{"dc_format":"application/pdf","dc_identifier":"nl.gm1954.2c.2025.7136609-18.doc.8","dc_source":"https://api1.ibabs.eu/publicdownload.aspx?site=Beekdaelen&id=6781ed40-0a68-41cb-ae7f-e49ea6ca695a","dc_title":"Bijlage. Brief inzake Advies ASD op jaarstukken ISD Kompas","dc_type":"bijlage","foi_fairiscoreVersions":{"v1":1,"v2":1},"foi_fileName":"Brief%20inzake%20Advies%20ASD%20op%20jaarstukken%20ISD%20Kompas.pdf","foi_nrPages":1},{"dc_format":"application/pdf","dc_identifier":"nl.gm1954.2c.2025.7136609-18.doc.1","dc_source":"https://api1.ibabs.eu/publicdownload.aspx?site=Beekdaelen&id=e1679bf6-c845-43ec-b674-423c23a12fe4","dc_title":"Raadsvoorstel inzake jaarstukken 2024, uitvoeringsplan 2025, gewijzigde begroting 2025, primitieve begroting 2026 en meerjarenraming 2027-2028","dc_type":"bijlage","foi_fairiscoreVersions":{"v1":1,"v2":1},"foi_fileName":"Raadsvoorstel%20inzake%20jaarstukken%202024_%20UP%202025_%20gewijzigde%20begroting%202025_%20primitieve%20begroting%202026%20en%20meerjarenraming%202027-2028.pdf","foi_nrPages":8},{"dc_format":"application/pdf","dc_identifier":"nl.gm1954.2c.2025.7136609-18.doc.3","dc_source":"https://api1.ibabs.eu/publicdownload.aspx?site=Beekdaelen&id=34a087d0-a396-47d4-951f-e9cf65428c62","dc_title":"Bijlage: Jaarrekening 2024 ISD-Kompas","dc_type":"bijlage","foi_fairiscoreVersions":{"v1":2,"v2":1},"foi_fileName":"Z%2F25%2F213582%20-%20385412%20-%20Bijlage%202.pdf","foi_nrPages":59},{"dc_format":"application/pdf","dc_identifier":"nl.gm1954.2c.2025.7136609-18.doc.4","dc_source":"https://api1.ibabs.eu/publicdownload.aspx?site=Beekdaelen&id=d202a767-6238-4b41-81d5-2e3248a67098","dc_title":"Bijlage: Jaarverslag 2024 ISD-kompas","dc_type":"bijlage","foi_fairiscoreVersions":{"v1":3,"v2":3},"foi_fileName":"Z%2F25%2F213582%20-%20385415%20-%20Bijlage%203.pdf","foi_nrPages":28},{"dc_format":"application/pdf","dc_identifier":"nl.gm1954.2c.2025.7136609-18.doc.6","dc_source":"https://api1.ibabs.eu/publicdownload.aspx?site=Beekdaelen&id=ff70377e-d473-484b-b719-08927c4e2cb9","dc_title":"Bijlage: Uitvoeringsplan 2026-2029","dc_type":"bijlage","foi_fairiscoreVersions":{"v1":2,"v2":2},"foi_fileName":"Z%2F25%2F213582%20-%20385416%20-%20Bijlage%206.pdf","foi_nrPages":32},{"dc_format":"application/pdf","dc_identifier":"nl.gm1954.2c.2025.7136609-18.doc.5","dc_source":"https://api1.ibabs.eu/publicdownload.aspx?site=Beekdaelen&id=46873e2a-f254-44cd-89d8-d4c11805360f","dc_title":"Bijlage: Gewijzigde begroting 2025 en primitieve begroting 2026 en meerjarenraming 2027-2029","dc_type":"bijlage","foi_fairiscoreVersions":{"v1":2,"v2":2},"foi_fileName":"Z%2F25%2F213582%20-%20386034%20-%20Bijlage%204.pdf","foi_nrPages":34},{"dc_format":"application/pdf","dc_identifier":"nl.gm1954.2c.2025.7136609-18.doc.7","dc_source":"https://api1.ibabs.eu/publicdownload.aspx?site=Beekdaelen&id=04858d37-e14d-4ddd-8582-7904035fcccd","dc_title":"Bijlage: Advies cli\u00ebntenraad ISD Kompas","dc_type":"bijlage","foi_fairiscoreVersions":{"v1":2,"v2":2},"foi_fileName":"Z%2F25%2F213582%20-%20386037%20-%20Bijlage%207.pdf","foi_nrPages":2},{"dc_format":"application/pdf","dc_identifier":"nl.gm1954.2c.2025.7136609-18.doc.10","dc_source":"https://api1.ibabs.eu/publicdownload.aspx?site=Beekdaelen&id=4031b145-7d9f-4ba3-afb0-1c89aa2e230e","dc_title":"Bijlage: ISD Kompas accountantsverslag 2024","dc_type":"bijlage","foi_fairiscoreVersions":{"v1":2,"v2":2},"foi_fileName":"Z%2F25%2F213582%20-%20386040%20-%20ISD%20Kompas%20accountantsverslag%202024.pdf","foi_nrPages":10}],"foi_nrDocuments":11,"foi_nrPagesInDossier":182,"foi_publishedDate":"2025-05-27","foi_retrievedDate":"2025-11-29"},{"dc_creator":"HandelingScraper_v1","dc_date_year":2025,"dc_description":"Vergadering van de Gemeente Beekdaelen op 2025-05-27. Onderdeel: Voorstel inzake deelname Stichting samenwerking Zuid-Limburg.","dc_identifier":"nl.gm1954.2c.2025.7136609-19","dc_publisher":"gm1954","dc_source":"https://beekdaelen.bestuurlijkeinformatie.nl/Agenda/Index/7c8a675d-2a6c-4fcd-ad02-3793d19eb761","dc_title":"Raadsvergadering 2025-05-27 - Voorstel inzake deelname Stichting samenwerking Zuid-Limburg","dc_type":"2c","dc_type_description":"Vergaderstuk decentrale overheid","foi_fairiscoreVersions":{"v1":2,"v2":2},"foi_files":[{"dc_format":"application/pdf","dc_identifier":"nl.gm1954.2c.2025.7136609-19.doc.1","dc_source":"https://api1.ibabs.eu/publicdownload.aspx?site=Beekdaelen&id=ea764c51-ebb6-46da-963e-d30d7c484f77","dc_title":"Raadsvoorstel inzake Deelname Stichting Samenwerking Zuid-Limburg","dc_type":"bijlage","foi_fairiscoreVersions":{"v1":1,"v2":1},"foi_fileName":"385699_1.pdf","foi_nrPages":5},{"dc_format":"application/pdf","dc_identifier":"nl.gm1954.2c.2025.7136609-19.doc.2","dc_source":"https://api1.ibabs.eu/publicdownload.aspx?site=Beekdaelen&id=ea47dbd4-47c7-4e15-9a10-da3e72107b06","dc_title":"Raadsbesluit inzake Deelname Stichting Samenwerking Zuid-Limburg - vastgesteld 27-05-2025","dc_type":"bijlage","foi_fairiscoreVersions":{"v1":1,"v2":1},"foi_fileName":"385702_1.pdf","foi_nrPages":1},{"dc_format":"application/pdf","dc_identifier":"nl.gm1954.2c.2025.7136609-19.doc.7","dc_source":"https://api1.ibabs.eu/publicdownload.aspx?site=Beekdaelen&id=86720d44-0c84-402a-80c1-d5650636fa79","dc_title":"Bijlage: Begrotingswijziging 5.2 deelname Stichting samenwerking Zuid-Limburg","dc_type":"bijlage","foi_fairiscoreVersions":{"v1":1,"v2":1},"foi_fileName":"Begrotingswijziging%205.pdf","foi_nrPages":1},{"dc_format":"application/pdf","dc_identifier":"nl.gm1954.2c.2025.7136609-19.doc.3","dc_source":"https://api1.ibabs.eu/publicdownload.aspx?site=Beekdaelen&id=1b4b9826-1d0a-4f3c-9895-4cd88a3b6b84","dc_title":"Bijlage: Statuten Stichting samenwerking Zuid-Limburg","dc_type":"bijlage","foi_fairiscoreVersions":{"v1":1,"v2":1},"foi_fileName":"Z%2F25%2F213647%20-%20385691%20-%20Bijlage%201%3A%20Statuten%20Stichting%20samenwerking%20Zuid-Limburg.pdf","foi_nrPages":12},{"dc_format":"application/pdf","dc_identifier":"nl.gm1954.2c.2025.7136609-19.doc.4","dc_source":"https://api1.ibabs.eu/publicdownload.aspx?site=Beekdaelen&id=2de00990-8fde-4660-bf05-b0c29547878e","dc_title":"Bijlage: Advies Van den Bunt","dc_type":"bijlage","foi_fairiscoreVersions":{"v1":1,"v2":1},"foi_fileName":"Z%2F25%2F213647%20-%20385694%20-%20Bijlage%202%3A%20Advies%20Van%20den%20Bunt.pdf","foi_nrPages":12},{"dc_format":"application/pdf","dc_identifier":"nl.gm1954.2c.2025.7136609-19.doc.5","dc_source":"https://api1.ibabs.eu/publicdownload.aspx?site=Beekdaelen&id=de6a68c0-c32b-49d7-8813-fce6bc26f172","dc_title":"Bijlage: Advies Paulussen advocaten","dc_type":"bijlage","foi_fairiscoreVersions":{"v1":1,"v2":1},"foi_fileName":"Z%2F25%2F213647%20-%20385695%20-%20Bijlage%203%3A%20Advies%20Paulussen%20advocaten.pdf","foi_nrPages":18},{"dc_format":"application/pdf","dc_identifier":"nl.gm1954.2c.2025.7136609-19.doc.6","dc_source":"https://api1.ibabs.eu/publicdownload.aspx?site=Beekdaelen&id=1115fc5c-46dc-477e-be34-4b2158a694f4","dc_title":"Bijlage: Advies Van der Greef","dc_type":"bijlage","foi_fairiscoreVersions":{"v1":1,"v2":1},"foi_fileName":"Z%2F25%2F213647%20-%20385696%20-%20Bijlage%204%3A%20Advies%20Van%20der%20Greef.pdf","foi_nrPages":10},{"dc_format":"application/pdf","dc_identifier":"nl.gm1954.2c.2025.7136609-19.doc.8","dc_source":"https://api1.ibabs.eu/publicdownload.aspx?site=Beekdaelen&id=3fdc69e8-8409-4708-847e-f1e8c304fa36","dc_title":"Bijlage: Presentatie gemeenteraden samenwerking Zuid-Limburg","dc_type":"bijlage","foi_fairiscoreVersions":{"v1":3,"v2":3},"foi_fileName":"Z%2F25%2F213647%20-%20385697%20-%20Bijlage%208%3A%20Presentatie%20gemeenteraden%20samenwerking%20Zuid-Limburg.pdf","foi_nrPages":19}],"foi_nrDocuments":8,"foi_nrPagesInDossier":78,"foi_publishedDate":"2025-05-27","foi_retrievedDate":"2025-11-29"},{"dc_creator":"HandelingScraper_v1","dc_date_year":2025,"dc_description":"Vergadering van de Gemeente Beekdaelen op 2025-05-27. Onderdeel: Vaststelling van de agenda.","dc_identifier":"nl.gm1954.2c.2025.7136609-2","dc_publisher":"gm1954","dc_source":"https://beekdaelen.bestuurlijkeinformatie.nl/Agenda/Index/7c8a675d-2a6c-4fcd-ad02-3793d19eb761","dc_title":"Raadsvergadering 2025-05-27 - Vaststelling van de agenda","dc_type":"2c","dc_type_description":"Vergaderstuk decentrale overheid","foi_fairiscoreVersions":{"v1":1,"v2":1},"foi_files":[{"dc_format":"application/pdf","dc_identifier":"nl.gm1954.2c.2025.7136609-2.doc.1","dc_source":"https://api1.ibabs.eu/publicdownload.aspx?site=Beekdaelen&id=e8c54c3c-b654-4249-a1ca-7b8f20ddf5e2","dc_title":"Raadsvoorstel inzake benoeming lid CAL","dc_type":"bijlage","foi_fairiscoreVersions":{"v1":1,"v2":1},"foi_fileName":"Raadsvoorstel%20inzake%20benoeming%20lid%20CAL.pdf","foi_nrPages":1},{"dc_format":"application/pdf","dc_identifier":"nl.gm1954.2c.2025.7136609-2.doc.2","dc_source":"https://api1.ibabs.eu/publicdownload.aspx?site=Beekdaelen&id=0fd62e48-58dd-409b-8acf-2b9126a74f2e","dc_title":"Raadsvoorstel inzake benoeming wethouder","dc_type":"bijlage","foi_fairiscoreVersions":{"v1":1,"v2":1},"foi_fileName":"Raadsvoorstel%20inzake%20benoeming%20wethouder.pdf","foi_nrPages":2}],"foi_nrDocuments":2,"foi_nrPagesInDossier":3,"foi_publishedDate":"2025-05-27","foi_retrievedDate":"2025-11-29"},{"dc_creator":"HandelingScraper_v1","dc_date_year":2025,"dc_description":"Vergadering van de Gemeente Beekdaelen op 2025-05-27. Onderdeel: Voorstel inzake Economische visie 2025 - 2040.","dc_identifier":"nl.gm1954.2c.2025.7136609-20","dc_publisher":"gm1954","dc_source":"https://beekdaelen.bestuurlijkeinformatie.nl/Agenda/Index/7c8a675d-2a6c-4fcd-ad02-3793d19eb761","dc_title":"Raadsvergadering 2025-05-27 - Voorstel inzake Economische visie 2025 - 2040","dc_type":"2c","dc_type_description":"Vergaderstuk decentrale overheid","foi_fairiscoreVersions":{"v1":2,"v2":2},"foi_files":[{"dc_format":"application/pdf","dc_identifier":"nl.gm1954.2c.2025.7136609-20.doc.6","dc_source":"https://api1.ibabs.eu/publicdownload.aspx?site=Beekdaelen&id=b55bbbb0-47ed-430f-b1ea-6d4774d8ca3b","dc_title":"160123 Rapportage enqu\u00eateresultaten","dc_type":"bijlage","foi_fairiscoreVersions":{"v1":2,"v2":1},"foi_fileName":"160123%20Rapportage%20enqu%C3%AAteresultaten.pdf","foi_nrPages":35},{"dc_format":"application/pdf","dc_identifier":"nl.gm1954.2c.2025.7136609-20.doc.7","dc_source":"https://api1.ibabs.eu/publicdownload.aspx?site=Beekdaelen&id=ebb2a9ef-8eb4-42ea-8804-0f3bf9df475e","dc_title":"Open antwoorden - tips voor verbeteren ondernemersklimaat","dc_type":"bijlage","foi_fairiscoreVersions":{"v1":2,"v2":1},"foi_fileName":"Open%20antwoorden%20-%20tips%20voor%20verbeteren%20ondernemersklimaat.pdf","foi_nrPages":10},{"dc_format":"application/pdf","dc_identifier":"nl.gm1954.2c.2025.7136609-20.doc.5","dc_source":"https://api1.ibabs.eu/publicdownload.aspx?site=Beekdaelen&id=f8dfdaca-729b-4d86-914f-1c0f41f60dfd","dc_title":"Bijlage 3: Participatieverslag","dc_type":"bijlage","foi_fairiscoreVersions":{"v1":2,"v2":2},"foi_fileName":"Z%2F24%2F204633%20-%20379618%20-%20Participatieverslag.pdf","foi_nrPages":4},{"dc_format":"application/pdf","dc_identifier":"nl.gm1954.2c.2025.7136609-20.doc.1","dc_source":"https://api1.ibabs.eu/publicdownload.aspx?site=Beekdaelen&id=751308f3-a351-48b4-a721-7081996382d8","dc_title":"Raadsvoorstel inzake Economische visie 2025 - 2040","dc_type":"bijlage","foi_fairiscoreVersions":{"v1":1,"v2":1},"foi_fileName":"Z%2F24%2F204633%20-%20382802%20-%20Economische%20visie%202025%20-%202040.pdf","foi_nrPages":4},{"dc_format":"application/pdf","dc_identifier":"nl.gm1954.2c.2025.7136609-20.doc.2","dc_source":"https://api1.ibabs.eu/publicdownload.aspx?site=Beekdaelen&id=09a58250-474e-493d-b64c-b90b4131b120","dc_title":"Raadsbesluit inzake Economische visie 2025 - 2040 - vastgesteld 27-05-2025","dc_type":"bijlage","foi_fairiscoreVersions":{"v1":1,"v2":1},"foi_fileName":"Z%2F24%2F204633%20-%20383096%20-%20Economische%20visie%202025%20-%202040.pdf","foi_nrPages":1},{"dc_format":"application/pdf","dc_identifier":"nl.gm1954.2c.2025.7136609-20.doc.4","dc_source":"https://api1.ibabs.eu/publicdownload.aspx?site=Beekdaelen&id=76135d4e-9bb5-45d4-ad0a-3f47534d6788","dc_title":"Bijlage 2: Participatienota","dc_type":"bijlage","foi_fairiscoreVersions":{"v1":1,"v2":1},"foi_fileName":"Z%2F24%2F204633%20-%20383099%20-%20Participatienota.pdf","foi_nrPages":2},{"dc_format":"application/pdf","dc_identifier":"nl.gm1954.2c.2025.7136609-20.doc.3","dc_source":"https://api1.ibabs.eu/publicdownload.aspx?site=Beekdaelen&id=ae7fb1ee-6f81-4b8f-9f9e-288b29bb0c25","dc_title":"Bijlage 1: Economische visie- 2025 -2040","dc_type":"bijlage","foi_fairiscoreVersions":{"v1":2,"v2":2},"foi_fileName":"Z%2F24%2F204633%20-%20383100%20-%20Economische%20visie-%202025%20-2040.pdf","foi_nrPages":24}],"foi_nrDocuments":7,"foi_nrPagesInDossier":80,"foi_publishedDate":"2025-05-27","foi_retrievedDate":"2025-11-29"},{"dc_creator":"HandelingScraper_v1","dc_date_year":2025,"dc_description":"Vergadering van de Gemeente Beekdaelen op 2025-05-27. Onderdeel: Vaststelling lijst ingekomen stukken.","dc_identifier":"nl.gm1954.2c.2025.7136609-21","dc_publisher":"gm1954","dc_source":"https://beekdaelen.bestuurlijkeinformatie.nl/Agenda/Index/7c8a675d-2a6c-4fcd-ad02-3793d19eb761","dc_title":"Raadsvergadering 2025-05-27 - Vaststelling lijst ingekomen stukken","dc_type":"2c","dc_type_description":"Vergaderstuk decentrale overheid","foi_fairiscoreVersions":{"v1":1,"v2":1},"foi_files":[{"dc_format":"application/pdf","dc_identifier":"nl.gm1954.2c.2025.7136609-21.doc.1","dc_source":"https://api1.ibabs.eu/publicdownload.aspx?site=Beekdaelen&id=6fb11d26-ef78-489c-8ea4-dc6429ebd541","dc_title":"Lijst ingekomen stukken raad - vastgesteld 27-05-2025","dc_type":"bijlage","foi_fairiscoreVersions":{"v1":1,"v2":1},"foi_fileName":"Lijst%20ingekomen%20stukken%20raad.pdf","foi_nrPages":6}],"foi_nrDocuments":1,"foi_nrPagesInDossier":6,"foi_publishedDate":"2025-05-27","foi_retrievedDate":"2025-11-29"},{"dc_creator":"HandelingScraper_v1","dc_date_year":2025,"dc_description":"Vergadering van de Gemeente Beekdaelen op 2025-05-27. Onderdeel: Voorstel inzake benoeming lid CAL.","dc_identifier":"nl.gm1954.2c.2025.7136609-22","dc_publisher":"gm1954","dc_source":"https://beekdaelen.bestuurlijkeinformatie.nl/Agenda/Index/7c8a675d-2a6c-4fcd-ad02-3793d19eb761","dc_title":"Raadsvergadering 2025-05-27 - Voorstel inzake benoeming lid CAL","dc_type":"2c","dc_type_description":"Vergaderstuk decentrale overheid","foi_fairiscoreVersions":{"v1":1,"v2":1},"foi_files":[{"dc_format":"application/pdf","dc_identifier":"nl.gm1954.2c.2025.7136609-22.doc.2","dc_source":"https://api1.ibabs.eu/publicdownload.aspx?site=Beekdaelen&id=66d350dc-b534-4474-b8a4-cb993425249c","dc_title":"Raadsbesluit inzake benoeming lid CAL - vastgesteld 27-05-2025","dc_type":"bijlage","foi_fairiscoreVersions":{"v1":1,"v2":1},"foi_fileName":"Raadsbesluit%20inzake%20benoeming%20lid%20CAL.pdf","foi_nrPages":1},{"dc_format":"application/pdf","dc_identifier":"nl.gm1954.2c.2025.7136609-22.doc.1","dc_source":"https://api1.ibabs.eu/publicdownload.aspx?site=Beekdaelen&id=2fdebd9a-197c-4509-adb6-0b49681ed69e","dc_title":"Raadsvoorstel inzake benoeming lid CAL","dc_type":"bijlage","foi_fairiscoreVersions":{"v1":1,"v2":1},"foi_fileName":"Raadsvoorstel%20inzake%20benoeming%20lid%20CAL.pdf","foi_nrPages":1}],"foi_nrDocuments":2,"foi_nrPagesInDossier":2,"foi_publishedDate":"2025-05-27","foi_retrievedDate":"2025-11-29"},{"dc_creator":"HandelingScraper_v1","dc_date_year":2025,"dc_description":"Vergadering van de Gemeente Beekdaelen op 2025-05-27. Onderdeel: Voorstel inzake benoeming wethouder.","dc_identifier":"nl.gm1954.2c.2025.7136609-23","dc_publisher":"gm1954","dc_source":"https://beekdaelen.bestuurlijkeinformatie.nl/Agenda/Index/7c8a675d-2a6c-4fcd-ad02-3793d19eb761","dc_title":"Raadsvergadering 2025-05-27 - Voorstel inzake benoeming wethouder","dc_type":"2c","dc_type_description":"Vergaderstuk decentrale overheid","foi_fairiscoreVersions":{"v1":1,"v2":1},"foi_files":[{"dc_format":"application/pdf","dc_identifier":"nl.gm1954.2c.2025.7136609-23.doc.2","dc_source":"https://api1.ibabs.eu/publicdownload.aspx?site=Beekdaelen&id=d4358779-ef2b-49ec-9607-01270ce0dbc2","dc_title":"Raadsbesluit inzake benoeming wethouder - vastgesteld 27-05-2025","dc_type":"bijlage","foi_fairiscoreVersions":{"v1":1,"v2":1},"foi_fileName":"Raadsbesluit%20inzake%20benoeming%20wethouder.pdf","foi_nrPages":1},{"dc_format":"application/pdf","dc_identifier":"nl.gm1954.2c.2025.7136609-23.doc.1","dc_source":"https://api1.ibabs.eu/publicdownload.aspx?site=Beekdaelen&id=b3629714-174b-4820-bc91-ed6db12dee4d","dc_title":"Raadsvoorstel inzake benoeming wethouder","dc_type":"bijlage","foi_fairiscoreVersions":{"v1":1,"v2":1},"foi_fileName":"Raadsvoorstel%20inzake%20benoeming%20wethouder.pdf","foi_nrPages":2}],"foi_nrDocuments":2,"foi_nrPagesInDossier":3,"foi_publishedDate":"2025-05-27","foi_retrievedDate":"2025-11-29"},{"dc_creator":"HandelingScraper_v1","dc_date_year":2025,"dc_description":"Vergadering van de Gemeente Beekdaelen op 2025-05-27. Onderdeel: Vaststellen besluitenlijst openbare raadsvergadering d.d. 15 april 2025.","dc_identifier":"nl.gm1954.2c.2025.7136609-3","dc_publisher":"gm1954","dc_source":"https://beekdaelen.bestuurlijkeinformatie.nl/Agenda/Index/7c8a675d-2a6c-4fcd-ad02-3793d19eb761","dc_title":"Raadsvergadering 2025-05-27 - Vaststellen besluitenlijst openbare raadsvergadering d.d. 15 april 2025","dc_type":"2c","dc_type_description":"Vergaderstuk decentrale overheid","foi_fairiscoreVersions":{"v1":1,"v2":1},"foi_files":[{"dc_format":"application/pdf","dc_identifier":"nl.gm1954.2c.2025.7136609-3.doc.1","dc_source":"https://api1.ibabs.eu/publicdownload.aspx?site=Beekdaelen&id=82461b69-23c0-4171-8fa3-ac9336daa9e1","dc_title":"Besluitenlijst raadsvergadering 15042025 - vastgesteld 27-05-2025","dc_type":"bijlage","foi_fairiscoreVersions":{"v1":1,"v2":1},"foi_fileName":"Besluitenlijst%20raadsvergadering%2015042025.pdf","foi_nrPages":10}],"foi_nrDocuments":1,"foi_nrPagesInDossier":10,"foi_publishedDate":"2025-05-27","foi_retrievedDate":"2025-11-29"},{"dc_creator":"HandelingScraper_v1","dc_date_year":2025,"dc_description":"Vergadering van de Gemeente Beekdaelen op 2025-05-27. Onderdeel: Voorstel inzake structureel continueren van Buurtgezinnen.","dc_identifier":"nl.gm1954.2c.2025.7136609-4","dc_publisher":"gm1954","dc_source":"https://beekdaelen.bestuurlijkeinformatie.nl/Agenda/Index/7c8a675d-2a6c-4fcd-ad02-3793d19eb761","dc_title":"Raadsvergadering 2025-05-27 - Voorstel inzake structureel continueren van Buurtgezinnen","dc_type":"2c","dc_type_description":"Vergaderstuk decentrale overheid","foi_fairiscoreVersions":{"v1":2,"v2":1},"foi_files":[{"dc_format":"application/pdf","dc_identifier":"nl.gm1954.2c.2025.7136609-4.doc.4","dc_source":"https://api1.ibabs.eu/publicdownload.aspx?site=Beekdaelen&id=fdb321ca-c4c3-4928-8161-9c7c926a5ba8","dc_title":"Bijlage: Meerjarig activiteitenplan Buurtgezinnen 2026-2028","dc_type":"bijlage","foi_fairiscoreVersions":{"v1":1,"v2":1},"foi_fileName":"Z%2F25%2F213438%20-%20384935%20-%20Meerjarig%20activiteitenplan%20Buurtgezinnen%202026-2028.pdf","foi_nrPages":7},{"dc_format":"application/pdf","dc_identifier":"nl.gm1954.2c.2025.7136609-4.doc.7","dc_source":"https://api1.ibabs.eu/publicdownload.aspx?site=Beekdaelen&id=eb72bc51-61c9-4630-98d4-236331c2b716","dc_title":"Bijlage: Landelijke effectrapportage","dc_type":"bijlage","foi_fairiscoreVersions":{"v1":1,"v2":1},"foi_fileName":"Z%2F25%2F213438%20-%20384936%20-%20Landelijke%20effectrapportage.pdf","foi_nrPages":2},{"dc_format":"application/pdf","dc_identifier":"nl.gm1954.2c.2025.7136609-4.doc.3","dc_source":"https://api1.ibabs.eu/publicdownload.aspx?site=Beekdaelen&id=21c3aa27-0b30-4df2-a40c-a6155dd6ff1d","dc_title":"Bijlage: Begroting Subsidie Buurtgezinnen 2026-2028","dc_type":"bijlage","foi_fairiscoreVersions":{"v1":1,"v2":1},"foi_fileName":"Z%2F25%2F213438%20-%20384937%20-%20Begroting%20Subsidie%20Buurtgezinnen%202026-2028.pdf","foi_nrPages":2},{"dc_format":"application/pdf","dc_identifier":"nl.gm1954.2c.2025.7136609-4.doc.1","dc_source":"https://api1.ibabs.eu/publicdownload.aspx?site=Beekdaelen&id=ec2358e7-2371-4a38-a045-113623393834","dc_title":"Raadsvoorstel inzake structureel continueren van Buurtgezinnen","dc_type":"bijlage","foi_fairiscoreVersions":{"v1":1,"v2":1},"foi_fileName":"Z%2F25%2F213438%20-%20385315%20-%20Inzet%20Buurtgezinnen%20structureel%20financieren.pdf","foi_nrPages":5},{"dc_format":"application/pdf","dc_identifier":"nl.gm1954.2c.2025.7136609-4.doc.2","dc_source":"https://api1.ibabs.eu/publicdownload.aspx?site=Beekdaelen&id=0a4142a0-b9e6-4517-b2ba-dd44ac54a2b3","dc_title":"Raadsbesluit inzake structureel continueren van Buurtgezinnen - vastgesteld 27-05-2025","dc_type":"bijlage","foi_fairiscoreVersions":{"v1":2,"v2":1},"foi_fileName":"Z%2F25%2F213438%20-%20385363%20-%20Inzet%20Buurtgezinnen%20structureel%20financieren.pdf","foi_nrPages":2},{"dc_format":"application/pdf","dc_identifier":"nl.gm1954.2c.2025.7136609-4.doc.6","dc_source":"https://api1.ibabs.eu/publicdownload.aspx?site=Beekdaelen&id=41214b60-941d-4258-ae59-058331cebc8b","dc_title":"Bijlage:  Effectrapportage","dc_type":"bijlage","foi_fairiscoreVersions":{"v1":1,"v2":1},"foi_fileName":"Z%2F25%2F213438%20-%20385615%20-%20Effectrapportage.pdf","foi_nrPages":3},{"dc_format":"application/pdf","dc_identifier":"nl.gm1954.2c.2025.7136609-4.doc.5","dc_source":"https://api1.ibabs.eu/publicdownload.aspx?site=Beekdaelen&id=86ebd55f-7343-4f93-a5bc-ef0dfa2caab1","dc_title":"Bijlage: Voortgangsrapportage 6e periode","dc_type":"bijlage","foi_fairiscoreVersions":{"v1":1,"v2":1},"foi_fileName":"Z%2F25%2F213438%20-%20385678%20-%20Voortgangsrapportage%206e%20periode.pdf","foi_nrPages":7},{"dc_format":"application/pdf","dc_identifier":"nl.gm1954.2c.2025.7136609-4.doc.8","dc_source":"https://api1.ibabs.eu/publicdownload.aspx?site=Beekdaelen&id=cc822848-ad99-4ab3-99ed-afa93e4f3413","dc_title":"Bijlage: Begrotingswijziging 5.3 laatste versie","dc_type":"bijlage","foi_fairiscoreVersions":{"v1":1,"v2":1},"foi_fileName":"Z%2F25%2F213438%20-%20386366%20-%20Begrotingswijziging%205.pdf","foi_nrPages":1}],"foi_nrDocuments":8,"foi_nrPagesInDossier":29,"foi_publishedDate":"2025-05-27","foi_retrievedDate":"2025-11-29"},{"dc_creator":"HandelingScraper_v1","dc_date_year":2025,"dc_description":"Vergadering van de Gemeente Beekdaelen op 2025-05-27. Onderdeel: Voorstel inzake jaarverslag 2024, begroting 2025 en meerjarenperspectief 2027-2029 GR Omnibuzz.","dc_identifier":"nl.gm1954.2c.2025.7136609-5","dc_publisher":"gm1954","dc_source":"https://beekdaelen.bestuurlijkeinformatie.nl/Agenda/Index/7c8a675d-2a6c-4fcd-ad02-3793d19eb761","dc_title":"Raadsvergadering 2025-05-27 - Voorstel inzake jaarverslag 2024, begroting 2025 en meerjarenperspectief 2027-2029 GR Omnibuzz","dc_type":"2c","dc_type_description":"Vergaderstuk decentrale overheid","foi_fairiscoreVersions":{"v1":2,"v2":2},"foi_files":[{"dc_format":"application/pdf","dc_identifier":"nl.gm1954.2c.2025.7136609-5.doc.3","dc_source":"https://api1.ibabs.eu/publicdownload.aspx?site=Beekdaelen&id=ec4d19f8-4b7f-4bc3-842c-82d5bd5e7023","dc_title":"Bijlage: Omnibuzz aanbiedingsbrief gemeenteraden","dc_type":"bijlage","foi_fairiscoreVersions":{"v1":1,"v2":1},"foi_fileName":"Bijlage%202%20Omnibuzz%20aanbiedingsbrief%20gemeenteraden.pdf","foi_nrPages":6},{"dc_format":"application/pdf","dc_identifier":"nl.gm1954.2c.2025.7136609-5.doc.4","dc_source":"https://api1.ibabs.eu/publicdownload.aspx?site=Beekdaelen&id=1eb613ca-3771-4d30-8114-44b89cff26fc","dc_title":"Bijlage: Omnibuzz uitgangspuntennotitie 2025-1, 2026 en 2027-2029","dc_type":"bijlage","foi_fairiscoreVersions":{"v1":2,"v2":1},"foi_fileName":"Bijlage%203%20Omnibuzz%20uitgangspuntennotitie%202025-1_%202026%20en%202027-2029.pdf","foi_nrPages":10},{"dc_format":"application/pdf","dc_identifier":"nl.gm1954.2c.2025.7136609-5.doc.1","dc_source":"https://api1.ibabs.eu/publicdownload.aspx?site=Beekdaelen&id=e17bdcc0-dc3c-4d7b-b51a-07f55cd2c304","dc_title":"Raadsvoorstel inzake jaarverslag 2024, begroting 2025 en meerjarenperspectief 2027-2029 GR Omnibuzz","dc_type":"bijlage","foi_fairiscoreVersions":{"v1":1,"v2":1},"foi_fileName":"Z%2F25%2F213583%20-%20385833%20-%20Raadsvoorstel.pdf","foi_nrPages":4},{"dc_format":"application/pdf","dc_identifier":"nl.gm1954.2c.2025.7136609-5.doc.2","dc_source":"https://api1.ibabs.eu/publicdownload.aspx?site=Beekdaelen&id=2e6191c9-d0f6-4013-b0cf-d8122cc497e0","dc_title":"Raadsbesluit inzake jaarverslag 2024, begroting 2025 en meerjarenperspectief 2027-2029 GR Omnibuzz - vastgesteld 27-05-2025","dc_type":"bijlage","foi_fairiscoreVersions":{"v1":1,"v2":1},"foi_fileName":"Z%2F25%2F213583%20-%20385843%20-%20Concept%20Raadsbesluit%20%28bijlage%201%29.pdf","foi_nrPages":1},{"dc_format":"application/pdf","dc_identifier":"nl.gm1954.2c.2025.7136609-5.doc.5","dc_source":"https://api1.ibabs.eu/publicdownload.aspx?site=Beekdaelen&id=649801ed-fa26-4d4a-9cbe-8e7ea9ada8c4","dc_title":"Bijlage: brief aan het dagelijks bestuur van GR Omnibuzz inzake het raadsbesluit","dc_type":"bijlage","foi_fairiscoreVersions":{"v1":2,"v2":2},"foi_fileName":"Z%2F25%2F213583%20-%20385845%20-%20Brief%20aan%20het%20dagelijks%20bestuur%20van%20GR%20Omnibuzz%20inzake%20het%20raadsbesluit%20%28Bijlage%204%29.pdf","foi_nrPages":1}],"foi_nrDocuments":5,"foi_nrPagesInDossier":22,"foi_publishedDate":"2025-05-27","foi_retrievedDate":"2025-11-29"},{"dc_creator":"HandelingScraper_v1","dc_date_year":2025,"dc_description":"Vergadering van de Gemeente Beekdaelen op 2025-05-27. Onderdeel: Voorstel inzake jaarstukken 2024, eerste begrotingswijziging 2025, begroting 2026 met meerjarenraming 2027-2029 GR WOZL.","dc_identifier":"nl.gm1954.2c.2025.7136609-6","dc_publisher":"gm1954","dc_source":"https://beekdaelen.bestuurlijkeinformatie.nl/Agenda/Index/7c8a675d-2a6c-4fcd-ad02-3793d19eb761","dc_title":"Raadsvergadering 2025-05-27 - Voorstel inzake jaarstukken 2024, eerste begrotingswijziging 2025, begroting 2026 met meerjarenraming 2027-2029 GR WOZL","dc_type":"2c","dc_type_description":"Vergaderstuk decentrale overheid","foi_fairiscoreVersions":{"v1":2,"v2":2},"foi_files":[{"dc_format":"application/pdf","dc_identifier":"nl.gm1954.2c.2025.7136609-6.doc.2","dc_source":"https://api1.ibabs.eu/publicdownload.aspx?site=Beekdaelen&id=2b3e9160-56b3-4807-a641-79d05e475470","dc_title":"Raadsbesluit inzake Jaarstukken 2024, Eerste begrotingswijziging 2025, Begroting 2026 met meerjarenraming 2027-2029 GR WOZL - vastgesteld 27-05-2025","dc_type":"bijlage","foi_fairiscoreVersions":{"v1":1,"v2":1},"foi_fileName":"384849_1%20-%20Z25212363%20-%20384849%20-%20Raadsbesluit%20Jaarstukken%202024%20eerste%20begrotingswijziging%202025%20b.pdf","foi_nrPages":1},{"dc_format":"application/pdf","dc_identifier":"nl.gm1954.2c.2025.7136609-6.doc.5","dc_source":"https://api1.ibabs.eu/publicdownload.aspx?site=Beekdaelen&id=7dd483eb-e477-43e3-8c39-359d96f4889f","dc_title":"Bijlage: Aanbiedingsbrief vastgestelde jaarstukken 2024 GR WOZL (geanonimiseerd)","dc_type":"bijlage","foi_fairiscoreVersions":{"v1":2,"v2":2},"foi_fileName":"Aanbiedingsbrief%20vastgestelde%20jaarstukken%202024%20GR%20WOZL%20%28geanonimiseerd%29.pdf","foi_nrPages":1},{"dc_format":"application/pdf","dc_identifier":"nl.gm1954.2c.2025.7136609-6.doc.6","dc_source":"https://api1.ibabs.eu/publicdownload.aspx?site=Beekdaelen&id=8d7ff489-52c2-4f8b-8f03-4874452b903a","dc_title":"Bijlage: Gewaarmerkte jaarrekening 2024 WOZL met controleverklaringen (geanonimiseerd)","dc_type":"bijlage","foi_fairiscoreVersions":{"v1":2,"v2":2},"foi_fileName":"Gewaarmerkte%20jaarrekening%202024%20WOZL%20met%20controleverklaringen%20%28geanonimiseerd%29.pdf","foi_nrPages":57},{"dc_format":"application/pdf","dc_identifier":"nl.gm1954.2c.2025.7136609-6.doc.4","dc_source":"https://api1.ibabs.eu/publicdownload.aspx?site=Beekdaelen&id=8c557906-833f-4b0d-a83b-5239fda8795d","dc_title":"Bijlage: Jaarverslag 2024 GR WOZL en GR WSP Parkstad (vastgesteld door AB)","dc_type":"bijlage","foi_fairiscoreVersions":{"v1":2,"v2":1},"foi_fileName":"Jaarverslag%202024%20GR%20WOZL%20en%20GR%20WSP%20Parkstad%20%28vastgesteld%20door%20AB%29.pdf","foi_nrPages":27},{"dc_format":"application/pdf","dc_identifier":"nl.gm1954.2c.2025.7136609-6.doc.1","dc_source":"https://api1.ibabs.eu/publicdownload.aspx?site=Beekdaelen&id=9b86ebd7-2931-489f-8d27-665d6a413b5a","dc_title":"Raadsvoorstel inzake Jaarstukken 2024, Eerste begrotingswijziging 2025, Begroting 2026 met meerjarenraming 2027-2029 GR WOZL","dc_type":"bijlage","foi_fairiscoreVersions":{"v1":1,"v2":1},"foi_fileName":"Z%2F25%2F212363%20-%20382542%20-%20Raadsvoorstel%20Jaarstukken%202024_%20Eerste%20begrotingswijziging%202025_%20Begroting%202026%20met%20meerjarenraming%202027-2029%20GR%20WOZL.pdf","foi_nrPages":9},{"dc_format":"application/pdf","dc_identifier":"nl.gm1954.2c.2025.7136609-6.doc.10","dc_source":"https://api1.ibabs.eu/publicdownload.aspx?site=Beekdaelen&id=3ba4af3c-303e-4778-85f1-404952e320b9","dc_title":"Bijlage: Begroting 2026 met meerjarenraming GR WOZL","dc_type":"bijlage","foi_fairiscoreVersions":{"v1":2,"v2":1},"foi_fileName":"Z%2F25%2F212363%20-%20383922%20-%20Begroting%202026%20met%20meerjarenraming%20GR%20WOZL.pdf","foi_nrPages":31},{"dc_format":"application/pdf","dc_identifier":"nl.gm1954.2c.2025.7136609-6.doc.11","dc_source":"https://api1.ibabs.eu/publicdownload.aspx?site=Beekdaelen&id=fa410e58-a643-4874-ba32-cf536923f294","dc_title":"Bijlage: Factsheet Begroting 2026 WOZL","dc_type":"bijlage","foi_fairiscoreVersions":{"v1":1,"v2":1},"foi_fileName":"Z%2F25%2F212363%20-%20383923%20-%20Factheet%20Begroting%202026%20WOZL.pdf","foi_nrPages":3},{"dc_format":"application/pdf","dc_identifier":"nl.gm1954.2c.2025.7136609-6.doc.8","dc_source":"https://api1.ibabs.eu/publicdownload.aspx?site=Beekdaelen&id=fc03e19e-417d-4a2c-a80d-bc3ab3f04119","dc_title":"Bijlage: Eerste begrotingswijziging 2025 GR WOZL","dc_type":"bijlage","foi_fairiscoreVersions":{"v1":2,"v2":1},"foi_fileName":"Z%2F25%2F212363%20-%20383927%20-%20Eerste%20begrotingswijziging%202025%20GR%20WOZL.pdf","foi_nrPages":20},{"dc_format":"application/pdf","dc_identifier":"nl.gm1954.2c.2025.7136609-6.doc.9","dc_source":"https://api1.ibabs.eu/publicdownload.aspx?site=Beekdaelen&id=056bd4aa-cf45-4c64-980b-37320d00ef76","dc_title":"Bijlage: Factsheet Eerste begrotingswijziging 2025 WOZL","dc_type":"bijlage","foi_fairiscoreVersions":{"v1":1,"v2":1},"foi_fileName":"Z%2F25%2F212363%20-%20383928%20-%20Factsheet%20Eerste%20begrotingswijziging%202025%20WOZL.pdf","foi_nrPages":3},{"dc_format":"application/pdf","dc_identifier":"nl.gm1954.2c.2025.7136609-6.doc.3","dc_source":"https://api1.ibabs.eu/publicdownload.aspx?site=Beekdaelen&id=d2451264-9158-44fd-9df3-d09bdd7d4474","dc_title":"Bijlage: brief aan GR WOZL inzake raadsbesluit","dc_type":"bijlage","foi_fairiscoreVersions":{"v1":2,"v2":2},"foi_fileName":"Z%2F25%2F212363%20-%20384857%20-%20Uitgaande%20brief%20aan%20GR%20WOZL%20inzake%20raadsbesluit.pdf","foi_nrPages":1},{"dc_format":"application/pdf","dc_identifier":"nl.gm1954.2c.2025.7136609-6.doc.7","dc_source":"https://api1.ibabs.eu/publicdownload.aspx?site=Beekdaelen&id=efeb0f36-4ecc-48f8-98c0-704e6dbff632","dc_title":"Bijlage: Getekend Accountantsverslag GR WOZL en GR WSP Parkstad","dc_type":"bijlage","foi_fairiscoreVersions":{"v1":2,"v2":2},"foi_fileName":"Z%2F25%2F212363%20-%20385671%20-%20Getekend%20Accountantsverslag%20GR%20WOZL%20en%20GR%20WSP%20Parkstad.pdf","foi_nrPages":23}],"foi_nrDocuments":11,"foi_nrPagesInDossier":176,"foi_publishedDate":"2025-05-27","foi_retrievedDate":"2025-11-29"},{"dc_creator":"HandelingScraper_v1","dc_date_year":2025,"dc_description":"Vergadering van de Gemeente Beekdaelen op 2025-05-27. Onderdeel: Voorstel inzake jaarstukken 2024, eerste begrotingswijziging 2025, begroting 2026 met meerjarenraming 2027-2029 GR WSP Parkstad.","dc_identifier":"nl.gm1954.2c.2025.7136609-7","dc_publisher":"gm1954","dc_source":"https://beekdaelen.bestuurlijkeinformatie.nl/Agenda/Index/7c8a675d-2a6c-4fcd-ad02-3793d19eb761","dc_title":"Raadsvergadering 2025-05-27 - Voorstel inzake jaarstukken 2024, eerste begrotingswijziging 2025, begroting 2026 met meerjarenraming 2027-2029 GR WSP Parkstad","dc_type":"2c","dc_type_description":"Vergaderstuk decentrale overheid","foi_fairiscoreVersions":{"v1":2,"v2":2},"foi_files":[{"dc_format":"application/pdf","dc_identifier":"nl.gm1954.2c.2025.7136609-7.doc.2","dc_source":"https://api1.ibabs.eu/publicdownload.aspx?site=Beekdaelen&id=ea06da4f-d51a-4eac-af7f-a9e86813b5f9","dc_title":"Raadsbesluit inzake jaarstukken 2024, Eerste begrotingswijziging 2025, Begroting 2026 met meerjarenraming 2027-2029 GR WSP Parkstad - vastgesteld 27-05-2025","dc_type":"bijlage","foi_fairiscoreVersions":{"v1":1,"v2":1},"foi_fileName":"384852_1%20-%20Z25212365%20-%20384852%20-%20Raadsbesluit%20Jaarstukken%20Eerste%20begrotingswijziging%202025%20Begrot.pdf","foi_nrPages":1},{"dc_format":"application/pdf","dc_identifier":"nl.gm1954.2c.2025.7136609-7.doc.5","dc_source":"https://api1.ibabs.eu/publicdownload.aspx?site=Beekdaelen&id=7959e73d-9221-4a46-935a-80cef411ac2e","dc_title":"Bijlage: Aanbiedingsbrief vastgestelde jaarstukken 2024 GR WSP Parkstad (geanonimiseerd)","dc_type":"bijlage","foi_fairiscoreVersions":{"v1":2,"v2":2},"foi_fileName":"Aanbiedingsbrief%20vastgestelde%20jaarstukken%202024%20GR%20WSP%20Parkstad%20%28geanonimiseerd%29.pdf","foi_nrPages":1},{"dc_format":"application/pdf","dc_identifier":"nl.gm1954.2c.2025.7136609-7.doc.6","dc_source":"https://api1.ibabs.eu/publicdownload.aspx?site=Beekdaelen&id=202da300-70b6-4a3d-9d6e-3339a4cad5cd","dc_title":"Bijlage: Gewaarmerkte jaarrekening 2024 WSP met controleverklaring (geanonimiseerd)","dc_type":"bijlage","foi_fairiscoreVersions":{"v1":2,"v2":2},"foi_fileName":"Gewaarmerkte%20jaarrekening%202024%20WSP%20met%20controleverklaring%20%28geanonimiseerd%29.pdf","foi_nrPages":43},{"dc_format":"application/pdf","dc_identifier":"nl.gm1954.2c.2025.7136609-7.doc.4","dc_source":"https://api1.ibabs.eu/publicdownload.aspx?site=Beekdaelen&id=33cb118d-a629-4dca-a8c3-ead52efa46e9","dc_title":"Bijlage: Jaarverslag 2024 GR WOZL en GR WSP Parkstad (vastgesteld door AB)","dc_type":"bijlage","foi_fairiscoreVersions":{"v1":2,"v2":1},"foi_fileName":"Jaarverslag%202024%20GR%20WOZL%20en%20GR%20WSP%20Parkstad%20%28vastgesteld%20door%20AB%29.pdf","foi_nrPages":27},{"dc_format":"application/pdf","dc_identifier":"nl.gm1954.2c.2025.7136609-7.doc.1","dc_source":"https://api1.ibabs.eu/publicdownload.aspx?site=Beekdaelen&id=c59ca6ef-d503-4ab7-97e1-6001188c85c6","dc_title":"Raadsvoorstel inzake Jaarstukken 2024, Eerste begrotingswijziging 2025, Begroting 2026 met meerjarenraming 2027-2029 GR WSP Parkstad","dc_type":"bijlage","foi_fairiscoreVersions":{"v1":1,"v2":1},"foi_fileName":"Z%2F25%2F212365%20-%20382860%20-%20Raadsvoorstel%20Jaarstukken%202024_%20Eerste%20begrotingswijziging%202025_%20Begroting%202026%20met%20meerjarenraming%202027-2029%20GR%20WSP%20Parkstad.pdf","foi_nrPages":7},{"dc_format":"application/pdf","dc_identifier":"nl.gm1954.2c.2025.7136609-7.doc.10","dc_source":"https://api1.ibabs.eu/publicdownload.aspx?site=Beekdaelen&id=256bc2f9-2194-4935-96fc-14234c7055a1","dc_title":"Bijlage: Begroting 2026 met meerjarenraming WSP Parkstad","dc_type":"bijlage","foi_fairiscoreVersions":{"v1":2,"v2":1},"foi_fileName":"Z%2F25%2F212365%20-%20383924%20-%20Begroting%202026%20met%20meerjarenraming%20WSP%20Parkstad.pdf","foi_nrPages":29},{"dc_format":"application/pdf","dc_identifier":"nl.gm1954.2c.2025.7136609-7.doc.11","dc_source":"https://api1.ibabs.eu/publicdownload.aspx?site=Beekdaelen&id=f7c8417d-9765-4e4c-8e34-70c5b1f287a0","dc_title":"Bijlage: Factsheet begroting 2026 WSP Parkstad","dc_type":"bijlage","foi_fairiscoreVersions":{"v1":1,"v2":1},"foi_fileName":"Z%2F25%2F212365%20-%20383925%20-%20Factsheet%20begroting%202026%20WSP%20Parkstad.pdf","foi_nrPages":3},{"dc_format":"application/pdf","dc_identifier":"nl.gm1954.2c.2025.7136609-7.doc.8","dc_source":"https://api1.ibabs.eu/publicdownload.aspx?site=Beekdaelen&id=6054a035-2bf1-4d3f-96e7-36ec7f69e66d","dc_title":"Bijlage: Eerste begrotingswijziging 2025 WSP Parkstad","dc_type":"bijlage","foi_fairiscoreVersions":{"v1":2,"v2":1},"foi_fileName":"Z%2F25%2F212365%20-%20383929%20-%20Eerste%20begrotingswijziging%202025%20WSP%20Parkstad.pdf","foi_nrPages":18},{"dc_format":"application/pdf","dc_identifier":"nl.gm1954.2c.2025.7136609-7.doc.9","dc_source":"https://api1.ibabs.eu/publicdownload.aspx?site=Beekdaelen&id=b06b9823-2409-4ad8-835e-a2f636e61102","dc_title":"Bijlage: Factsheet Eerste begrotingswijziging 2025 WSP Parkstad","dc_type":"bijlage","foi_fairiscoreVersions":{"v1":1,"v2":1},"foi_fileName":"Z%2F25%2F212365%20-%20383930%20-%20Factsheet%20Eerste%20begrotingswijziging%202025%20WSP%20Parkstad.pdf","foi_nrPages":2},{"dc_format":"application/pdf","dc_identifier":"nl.gm1954.2c.2025.7136609-7.doc.3","dc_source":"https://api1.ibabs.eu/publicdownload.aspx?site=Beekdaelen&id=6095ca8e-b4f9-481e-9f5c-70cbd8b5aa9f","dc_title":"Bijlage: Uitgaande brief aan GR WSP Parkstad inzake raadsbesluit","dc_type":"bijlage","foi_fairiscoreVersions":{"v1":2,"v2":2},"foi_fileName":"Z%2F25%2F212365%20-%20384856%20-%20Uitgaande%20brief%20aan%20GR%20WSP%20Parkstad%20inzake%20raadsbesluit.pdf","foi_nrPages":1},{"dc_format":"application/pdf","dc_identifier":"nl.gm1954.2c.2025.7136609-7.doc.7","dc_source":"https://api1.ibabs.eu/publicdownload.aspx?site=Beekdaelen&id=048f2880-1538-4f24-92d8-a14526cf9ef4","dc_title":"Bijlage: Getekend Accountantsverslag GR WOZL en GR WSP Parkstad","dc_type":"bijlage","foi_fairiscoreVersions":{"v1":2,"v2":2},"foi_fileName":"Z%2F25%2F212365%20-%20385675%20-%20Getekend%20Accountantsverslag%20GR%20WOZL%20en%20GR%20WSP%20Parkstad.pdf","foi_nrPages":23}],"foi_nrDocuments":11,"foi_nrPagesInDossier":155,"foi_publishedDate":"2025-05-27","foi_retrievedDate":"2026-01-22"},{"dc_creator":"HandelingScraper_v1","dc_date_year":2025,"dc_description":"Vergadering van de Gemeente Beekdaelen op 2025-05-27. Onderdeel: Voorstel inzake zienswijze begroting 2026 GGD Zuid Limburg.","dc_identifier":"nl.gm1954.2c.2025.7136609-8","dc_publisher":"gm1954","dc_source":"https://beekdaelen.bestuurlijkeinformatie.nl/Agenda/Index/7c8a675d-2a6c-4fcd-ad02-3793d19eb761","dc_title":"Raadsvergadering 2025-05-27 - Voorstel inzake zienswijze begroting 2026 GGD Zuid Limburg","dc_type":"2c","dc_type_description":"Vergaderstuk decentrale overheid","foi_fairiscoreVersions":{"v1":2,"v2":2},"foi_files":[{"dc_format":"application/pdf","dc_identifier":"nl.gm1954.2c.2025.7136609-8.doc.12","dc_source":"https://api1.ibabs.eu/publicdownload.aspx?site=Beekdaelen&id=368e3533-82ab-452d-a32c-a895e5290a7a","dc_title":"Bijlage: concept uitgaande brief zienswijze begroting 2026","dc_type":"bijlage","foi_fairiscoreVersions":{"v1":2,"v2":2},"foi_fileName":"Z%2F25%2F213489%20-%20385097%20-%20zienswijze%20begroting%202026.pdf","foi_nrPages":1},{"dc_format":"application/pdf","dc_identifier":"nl.gm1954.2c.2025.7136609-8.doc.13","dc_source":"https://api1.ibabs.eu/publicdownload.aspx?site=Beekdaelen&id=564ff688-0943-4586-9bf2-79e6f2a949d0","dc_title":"Bijlage: Mailbericht GGD inz. aanbieding stukken","dc_type":"bijlage","foi_fairiscoreVersions":{"v1":1,"v2":1},"foi_fileName":"Z%2F25%2F213489%20-%20385230%20-.pdf","foi_nrPages":2},{"dc_format":"application/pdf","dc_identifier":"nl.gm1954.2c.2025.7136609-8.doc.11","dc_source":"https://api1.ibabs.eu/publicdownload.aspx?site=Beekdaelen&id=6437202a-2a4d-45d4-a97b-abbd474c3c3a","dc_title":"Bijlage: Aanbiedingsbrief begroting 2026 en jaarrekening 2024 GGD-ZL","dc_type":"bijlage","foi_fairiscoreVersions":{"v1":1,"v2":1},"foi_fileName":"Z%2F25%2F213489%20-%20385418%20-%20Aanbiedingsbrief%20begroting%202026%20en%20jaarrekening%202024%20GGD-ZL.pdf","foi_nrPages":5},{"dc_format":"application/pdf","dc_identifier":"nl.gm1954.2c.2025.7136609-8.doc.3","dc_source":"https://api1.ibabs.eu/publicdownload.aspx?site=Beekdaelen&id=4df1f4d7-dd32-4428-b099-0b06673dcb7b","dc_title":"Bijlage: Jaarstukken 2024","dc_type":"bijlage","foi_fairiscoreVersions":{"v1":2,"v2":2},"foi_fileName":"Z%2F25%2F213489%20-%20385419%20-%20Jaarstukken%202024.pdf","foi_nrPages":58},{"dc_format":"application/pdf","dc_identifier":"nl.gm1954.2c.2025.7136609-8.doc.8","dc_source":"https://api1.ibabs.eu/publicdownload.aspx?site=Beekdaelen&id=4bdd3919-90c3-4466-8e30-453d80d4aa6d","dc_title":"Bijlage: Begroting 2026 van GGD-ZL","dc_type":"bijlage","foi_fairiscoreVersions":{"v1":2,"v2":1},"foi_fileName":"Z%2F25%2F213489%20-%20385420%20-%20Begroting%202026%20van%20GGD-ZL.pdf","foi_nrPages":47},{"dc_format":"application/pdf","dc_identifier":"nl.gm1954.2c.2025.7136609-8.doc.7","dc_source":"https://api1.ibabs.eu/publicdownload.aspx?site=Beekdaelen&id=9c7ff55d-8128-4838-b857-1b93be9f36d1","dc_title":"Bijlage: Afname producten niet zijnde basisproducten gemeente Beekdaelen 2024","dc_type":"bijlage","foi_fairiscoreVersions":{"v1":1,"v2":1},"foi_fileName":"Z%2F25%2F213489%20-%20385421%20-%20Afname%20producten%20niet%20zijnde%20basisproducten%20gemeente%20Beekdaelen%202024.pdf","foi_nrPages":1},{"dc_format":"application/pdf","dc_identifier":"nl.gm1954.2c.2025.7136609-8.doc.4","dc_source":"https://api1.ibabs.eu/publicdownload.aspx?site=Beekdaelen&id=b12ef2e2-12de-40eb-aa36-179cd51dfb20","dc_title":"Bijlage: Teruggave gemeenten resultaat 2024 programmalijn GGD","dc_type":"bijlage","foi_fairiscoreVersions":{"v1":1,"v2":1},"foi_fileName":"Z%2F25%2F213489%20-%20385422%20-%20Teruggave%20gemeenten%20resultaat%202024%20programmalijn%20GGD.pdf","foi_nrPages":1},{"dc_format":"application/pdf","dc_identifier":"nl.gm1954.2c.2025.7136609-8.doc.5","dc_source":"https://api1.ibabs.eu/publicdownload.aspx?site=Beekdaelen&id=96be83c2-1660-40a7-b45c-7f56e08b82b9","dc_title":"Bijlage: Teruggave gemeenten resultaat 2024 programmalijn JGZ","dc_type":"bijlage","foi_fairiscoreVersions":{"v1":1,"v2":1},"foi_fileName":"Z%2F25%2F213489%20-%20385423%20-%20Teruggave%20gemeenten%20resultaat%202024%20programmalijn%20JGZ.pdf","foi_nrPages":1},{"dc_format":"application/pdf","dc_identifier":"nl.gm1954.2c.2025.7136609-8.doc.6","dc_source":"https://api1.ibabs.eu/publicdownload.aspx?site=Beekdaelen&id=4807e078-92a5-4ee8-bb2b-98018035030e","dc_title":"Bijlage: Teruggave gemeenten resultaat 2024 programmalijn Veilig Thuis","dc_type":"bijlage","foi_fairiscoreVersions":{"v1":1,"v2":1},"foi_fileName":"Z%2F25%2F213489%20-%20385424%20-%20Teruggave%20gemeenten%20resultaat%202024%20programmalijn%20Veilig%20Thuis.pdf","foi_nrPages":1},{"dc_format":"application/pdf","dc_identifier":"nl.gm1954.2c.2025.7136609-8.doc.1","dc_source":"https://api1.ibabs.eu/publicdownload.aspx?site=Beekdaelen&id=27141c2d-c367-4a06-bed3-f6889eb2c49c","dc_title":"Raadsvoorstel inzake zienswijze begroting 2026 GGD ZL","dc_type":"bijlage","foi_fairiscoreVersions":{"v1":1,"v2":1},"foi_fileName":"Z%2F25%2F213489%20-%20385425%20-%20Zienswijze%20begroting%202026%20GGD%20ZL.pdf","foi_nrPages":7},{"dc_format":"application/pdf","dc_identifier":"nl.gm1954.2c.2025.7136609-8.doc.2","dc_source":"https://api1.ibabs.eu/publicdownload.aspx?site=Beekdaelen&id=e4f6488c-7fd0-45f4-8867-4fb671850f98","dc_title":"Raadsbesluit inzake zienswijze begroting 2026 GGD ZL - vastgesteld 27-05-2025","dc_type":"bijlage","foi_fairiscoreVersions":{"v1":1,"v2":1},"foi_fileName":"Z%2F25%2F213489%20-%20385427%20-%20Zienswijze%20begroting%202026%20GGD%20ZL.pdf","foi_nrPages":1},{"dc_format":"application/pdf","dc_identifier":"nl.gm1954.2c.2025.7136609-8.doc.10","dc_source":"https://api1.ibabs.eu/publicdownload.aspx?site=Beekdaelen&id=99d29a8e-9473-43c5-b540-a9f87cd83d98","dc_title":"Bijlage: Bijdrage gemeenten begroting 2026 aan alle programmalijnen","dc_type":"bijlage","foi_fairiscoreVersions":{"v1":1,"v2":1},"foi_fileName":"Z%2F25%2F213489%20-%20385434%20-%20Bijdrage%20gemeenten%20begroting%202026%20aan%20alle%20programmalijnen.pdf","foi_nrPages":6},{"dc_format":"application/pdf","dc_identifier":"nl.gm1954.2c.2025.7136609-8.doc.9","dc_source":"https://api1.ibabs.eu/publicdownload.aspx?site=Beekdaelen&id=f163911b-c328-4965-af09-31a3d44791c0","dc_title":"Bijlage: bijlagen 1 - 9 bij Begroting 2026 GGD ZL","dc_type":"bijlage","foi_fairiscoreVersions":{"v1":2,"v2":2},"foi_fileName":"Z%2F25%2F213489%20-%20385662%20-%20Bijlagen%201%20-%209%20Begroting%202026%20GGD%20ZL.pdf","foi_nrPages":62}],"foi_nrDocuments":13,"foi_nrPagesInDossier":193,"foi_publishedDate":"2025-05-27","foi_retrievedDate":"2025-11-29"},{"dc_creator":"HandelingScraper_v1","dc_date_year":2025,"dc_description":"Vergadering van de Gemeente Beekdaelen op 2025-05-27. Onderdeel: Voorstel inzake financi\u00eble stukken GR Gegevenshuis 2025.","dc_identifier":"nl.gm1954.2c.2025.7136609-9","dc_publisher":"gm1954","dc_source":"https://beekdaelen.bestuurlijkeinformatie.nl/Agenda/Index/7c8a675d-2a6c-4fcd-ad02-3793d19eb761","dc_title":"Raadsvergadering 2025-05-27 - Voorstel inzake financi\u00eble stukken GR Gegevenshuis 2025","dc_type":"2c","dc_type_description":"Vergaderstuk decentrale overheid","foi_fairiscoreVersions":{"v1":2,"v2":2},"foi_files":[{"dc_format":"application/pdf","dc_identifier":"nl.gm1954.2c.2025.7136609-9.doc.1","dc_source":"https://api1.ibabs.eu/publicdownload.aspx?site=Beekdaelen&id=7f25e376-e098-4969-9872-60d69490bfd3","dc_title":"Raadsvoorstel inzake Jaarrekening 2024 en begroting 2025, 2026 - 2029 GR Gegevenshuis","dc_type":"bijlage","foi_fairiscoreVersions":{"v1":1,"v2":1},"foi_fileName":"385147_1.pdf","foi_nrPages":5},{"dc_format":"application/pdf","dc_identifier":"nl.gm1954.2c.2025.7136609-9.doc.2","dc_source":"https://api1.ibabs.eu/publicdownload.aspx?site=Beekdaelen&id=ceeb2dc3-a43b-4dba-8680-8e740141e7a3","dc_title":"Raadsbesluit inzake jaarrekening 2024 en begroting 2025, 2026 - 2029 GR Gegevenshuis - vastgesteld 27-05-2025","dc_type":"bijlage","foi_fairiscoreVersions":{"v1":1,"v2":1},"foi_fileName":"Raadsbesluit%20jaarstukken%20Gegevenshuis.pdf","foi_nrPages":1},{"dc_format":"application/pdf","dc_identifier":"nl.gm1954.2c.2025.7136609-9.doc.3","dc_source":"https://api1.ibabs.eu/publicdownload.aspx?site=Beekdaelen&id=06562a91-8e16-4eb2-95de-a22c465291ca","dc_title":"Bijlage: Jaarrekening 2024","dc_type":"bijlage","foi_fairiscoreVersions":{"v1":2,"v2":1},"foi_fileName":"Z%2F25%2F213504%20-%20385151%20-%20Bijlage%201%3A%20Jaarrekening%202024.pdf","foi_nrPages":41},{"dc_format":"application/pdf","dc_identifier":"nl.gm1954.2c.2025.7136609-9.doc.4","dc_source":"https://api1.ibabs.eu/publicdownload.aspx?site=Beekdaelen&id=857869c1-5369-442c-8753-27006f8b40cb","dc_title":"Bijlage: Bijgestelde begroting 2025","dc_type":"bijlage","foi_fairiscoreVersions":{"v1":2,"v2":1},"foi_fileName":"Z%2F25%2F213504%20-%20385151%20-%20Bijlage%202%3A%20Bijgestelde%20begroting%202025.pdf","foi_nrPages":36},{"dc_format":"application/pdf","dc_identifier":"nl.gm1954.2c.2025.7136609-9.doc.5","dc_source":"https://api1.ibabs.eu/publicdownload.aspx?site=Beekdaelen&id=28cfc0c7-d9bb-4392-b24e-c01024246327","dc_title":"Bijlage: Begroting 2026 \u2013 meerjarenraming","dc_type":"bijlage","foi_fairiscoreVersions":{"v1":2,"v2":1},"foi_fileName":"Z%2F25%2F213504%20-%20385151%20-%20Bijlage%203%3A%20Begroting%202026%20%E2%80%93%20meerjarenraming.pdf","foi_nrPages":38},{"dc_format":"application/pdf","dc_identifier":"nl.gm1954.2c.2025.7136609-9.doc.6","dc_source":"https://api1.ibabs.eu/publicdownload.aspx?site=Beekdaelen&id=0aa3ea93-efe6-4b23-8f2e-68080226c917","dc_title":"Bijlage: Aanbiedingsbrief Gegevenshuis","dc_type":"bijlage","foi_fairiscoreVersions":{"v1":2,"v2":2},"foi_fileName":"Z%2F25%2F213504%20-%20385151%20-%20Bijlage%204%3A%20Aanbiedingsbrief%20Gegevenshuis.pdf","foi_nrPages":1},{"dc_format":"application/pdf","dc_identifier":"nl.gm1954.2c.2025.7136609-9.doc.7","dc_source":"https://api1.ibabs.eu/publicdownload.aspx?site=Beekdaelen&id=c8a10c79-0779-4c3c-8c52-46ef66e45774","dc_title":"Bijlage: Uitgaande brief aan Gegevenshuis inzake raadsbesluit","dc_type":"bijlage","foi_fairiscoreVersions":{"v1":2,"v2":2},"foi_fileName":"Z%2F25%2F213504%20-%20385831%20-%20Uitgaande%20brief%20aan%20Het%20Gegevenshuis%20inzake%20raadsbesluit.pdf","foi_nrPages":2}],"foi_nrDocuments":7,"foi_nrPagesInDossier":124,"foi_publishedDate":"2025-05-27","foi_retrievedDate":"2025-11-29"},{"dc_creator":"HandelingScraper_v1","dc_date_year":2025,"dc_description":"Vergadering van de Gemeente Beekdaelen op 2025-06-19. Onderdeel: Algemeen.","dc_identifier":"nl.gm1954.2c.2025.7136737-1","dc_publisher":"gm1954","dc_source":"https://beekdaelen.bestuurlijkeinformatie.nl/Agenda/Index/2d4051ea-1f95-4a8e-97ba-7bad6639088f","dc_title":"Raadscommissie Bestuur en Middelen 2025-06-19 - Algemeen","dc_type":"2c","dc_type_description":"Vergaderstuk decentrale overheid","foi_fairiscoreVersions":{"v1":2,"v2":1},"foi_files":[{"dc_format":"application/pdf","dc_identifier":"nl.gm1954.2c.2025.7136737-1.doc.1","dc_source":"https://api1.ibabs.eu/publicdownload.aspx?site=Beekdaelen&id=b41740fe-6d5e-498f-b404-bed63b29564a","dc_title":"Technische vragen CDA B2","dc_type":"bijlage","foi_fairiscoreVersions":{"v1":1,"v2":1},"foi_fileName":"Technische%20vragen%20CDA%20cie%20B2%20Burap%20I-2025.pdf","foi_nrPages":1},{"dc_format":"application/pdf","dc_identifier":"nl.gm1954.2c.2025.7136737-1.doc.3","dc_source":"https://api1.ibabs.eu/publicdownload.aspx?site=Beekdaelen&id=54fdf56a-1a2b-4598-b082-861ec8fca2a9","dc_title":"Technische vragen PvdA GL B2 + B3","dc_type":"bijlage","foi_fairiscoreVersions":{"v1":2,"v2":1},"foi_fileName":"Technische%20vragen%20GL%20PvdA%20B2%20%2B%20B3.pdf","foi_nrPages":2},{"dc_format":"application/pdf","dc_identifier":"nl.gm1954.2c.2025.7136737-1.doc.2","dc_source":"https://api1.ibabs.eu/publicdownload.aspx?site=Beekdaelen&id=11b22e09-040e-4648-8555-9a4ed19f4cd0","dc_title":"Technische vragen VG B2 + B3","dc_type":"bijlage","foi_fairiscoreVersions":{"v1":1,"v2":1},"foi_fileName":"Technische%20vragen%20VG%20cie%20B2%20%2B%20B3.pdf","foi_nrPages":4}],"foi_nrDocuments":3,"foi_nrPagesInDossier":7,"foi_publishedDate":"2025-06-19","foi_retrievedDate":"2025-11-29"},{"dc_creator":"HandelingScraper_v1","dc_date_year":2025,"dc_description":"Vergadering van de Gemeente Beekdaelen op 2025-06-19. Onderdeel: Opening, mededelingen voorzitter en vaststellen agenda..","dc_identifier":"nl.gm1954.2c.2025.7136737-2","dc_publisher":"gm1954","dc_source":"https://beekdaelen.bestuurlijkeinformatie.nl/Agenda/Index/2d4051ea-1f95-4a8e-97ba-7bad6639088f","dc_title":"Raadscommissie Bestuur en Middelen 2025-06-19 - Opening, mededelingen voorzitter en vaststellen agenda.","dc_type":"2c","dc_type_description":"Vergaderstuk decentrale overheid","foi_fairiscoreVersions":{"v1":1,"v2":1},"foi_files":[{"dc_format":"application/octet-stream","dc_identifier":"nl.gm1954.2c.2025.7136737-2.doc.2","dc_source":"https://api1.ibabs.eu/publicdownload.aspx?site=Beekdaelen&id=1ef0f89c-9907-486f-a728-d58d92066060","dc_title":"A1 tm A3","dc_type":"bijlage","foi_fileName":"A1%20tm%20A3.mp3","foi_nrPages":1},{"dc_format":"application/pdf","dc_identifier":"nl.gm1954.2c.2025.7136737-2.doc.1","dc_source":"https://api1.ibabs.eu/publicdownload.aspx?site=Beekdaelen&id=4df3f4cf-ca37-40d1-a90a-779a238490ee","dc_title":"Uitnodiging en voorlopige agenda cie. BM 19062025","dc_type":"bijlage","foi_fairiscoreVersions":{"v1":1,"v2":1},"foi_fileName":"Uitnodiging%20en%20voorlopige%20agenda%20cie.pdf","foi_nrPages":1}],"foi_nrDocuments":2,"foi_nrPagesInDossier":2,"foi_publishedDate":"2025-06-19","foi_retrievedDate":"2026-03-03"},{"dc_creator":"HandelingScraper_v1","dc_date_year":2025,"dc_description":"Vergadering van de Gemeente Beekdaelen op 2025-06-19. Onderdeel: Spreekrecht burgers..","dc_identifier":"nl.gm1954.2c.2025.7136737-3","dc_publisher":"gm1954","dc_source":"https://beekdaelen.bestuurlijkeinformatie.nl/Agenda/Index/2d4051ea-1f95-4a8e-97ba-7bad6639088f","dc_title":"Raadscommissie Bestuur en Middelen 2025-06-19 - Spreekrecht burgers.","dc_type":"2c","dc_type_description":"Vergaderstuk decentrale overheid","foi_fairiscoreVersions":{"v1":null,"v2":null},"foi_files":[{"dc_format":"application/octet-stream","dc_identifier":"nl.gm1954.2c.2025.7136737-3.doc.1","dc_source":"https://api1.ibabs.eu/publicdownload.aspx?site=Beekdaelen&id=413a14d5-2ada-4685-9ba1-2605594589f1","dc_title":"A1 tm A3","dc_type":"bijlage","foi_fileName":"A1%20tm%20A3.mp3"}],"foi_nrDocuments":1,"foi_nrPagesInDossier":0,"foi_publishedDate":"2025-06-19","foi_retrievedDate":"2026-02-05"},{"dc_creator":"HandelingScraper_v1","dc_date_year":2025,"dc_description":"Vergadering van de Gemeente Beekdaelen op 2025-06-19. Onderdeel: Vaststellen actiepuntenlijst van de raadscommissie Bestuur en Middelen d.d. 14.05.2025.","dc_identifier":"nl.gm1954.2c.2025.7136737-4","dc_publisher":"gm1954","dc_source":"https://beekdaelen.bestuurlijkeinformatie.nl/Agenda/Index/2d4051ea-1f95-4a8e-97ba-7bad6639088f","dc_title":"Raadscommissie Bestuur en Middelen 2025-06-19 - Vaststellen actiepuntenlijst van de raadscommissie Bestuur en Middelen d.d. 14.05.2025","dc_type":"2c","dc_type_description":"Vergaderstuk decentrale overheid","foi_fairiscoreVersions":{"v1":1,"v2":1},"foi_files":[{"dc_format":"application/octet-stream","dc_identifier":"nl.gm1954.2c.2025.7136737-4.doc.2","dc_source":"https://api1.ibabs.eu/publicdownload.aspx?site=Beekdaelen&id=ccc98789-879c-453e-a50a-efbf0a4d321a","dc_title":"A1 tm A3","dc_type":"bijlage","foi_fileName":"A1%20tm%20A3.mp3"},{"dc_format":"application/pdf","dc_identifier":"nl.gm1954.2c.2025.7136737-4.doc.1","dc_source":"https://api1.ibabs.eu/publicdownload.aspx?site=Beekdaelen&id=8dffcb86-44f6-48ab-8687-b5e99511e684","dc_title":"Actiepuntenlijst cie B&M 14.05.2025","dc_type":"bijlage","foi_fairiscoreVersions":{"v1":1,"v2":1},"foi_fileName":"Actiepuntenlijst%20cie%20B%26M%2014.05.pdf","foi_nrPages":5}],"foi_nrDocuments":2,"foi_nrPagesInDossier":5,"foi_publishedDate":"2025-06-19","foi_retrievedDate":"2026-03-02"},{"dc_creator":"HandelingScraper_v1","dc_date_year":2025,"dc_description":"Vergadering van de Gemeente Beekdaelen op 2025-06-19. Onderdeel: Voorstel inzake \"nieuwbouw gemeentehuis Deweverplein\".","dc_identifier":"nl.gm1954.2c.2025.7136737-5","dc_publisher":"gm1954","dc_source":"https://beekdaelen.bestuurlijkeinformatie.nl/Agenda/Index/2d4051ea-1f95-4a8e-97ba-7bad6639088f","dc_title":"Raadscommissie Bestuur en Middelen 2025-06-19 - Voorstel inzake \"nieuwbouw gemeentehuis Deweverplein\"","dc_type":"2c","dc_type_description":"Vergaderstuk decentrale overheid","foi_fairiscoreVersions":{"v1":2,"v2":2},"foi_files":[{"dc_format":"application/octet-stream","dc_identifier":"nl.gm1954.2c.2025.7136737-5.doc.14","dc_source":"https://api1.ibabs.eu/publicdownload.aspx?site=Beekdaelen&id=6a7586db-ad9a-480a-92ad-d41bf5c405b5","dc_title":"B1 1e termijn","dc_type":"bijlage","foi_fileName":"B1%201e%20termijn.mp3"},{"dc_format":"application/octet-stream","dc_identifier":"nl.gm1954.2c.2025.7136737-5.doc.16","dc_source":"https://api1.ibabs.eu/publicdownload.aspx?site=Beekdaelen&id=3d44b319-2657-4902-aee0-2330be1caac1","dc_title":"B1 2e termijn I","dc_type":"bijlage","foi_fileName":"B1%202e%20termijn%20I.mp3"},{"dc_format":"application/octet-stream","dc_identifier":"nl.gm1954.2c.2025.7136737-5.doc.17","dc_source":"https://api1.ibabs.eu/publicdownload.aspx?site=Beekdaelen&id=ef746075-ab75-48a6-809b-0241c3be2ec6","dc_title":"B1 2e termijn II","dc_type":"bijlage","foi_fileName":"B1%202e%20termijn%20II.mp3"},{"dc_format":"application/octet-stream","dc_identifier":"nl.gm1954.2c.2025.7136737-5.doc.19","dc_source":"https://api1.ibabs.eu/publicdownload.aspx?site=Beekdaelen&id=3cc4dc89-53ac-4424-8c83-cf91c51decee","dc_title":"B1 advies commissie","dc_type":"bijlage","foi_fileName":"B1%20advies%20commissie.mp3"},{"dc_format":"application/octet-stream","dc_identifier":"nl.gm1954.2c.2025.7136737-5.doc.15","dc_source":"https://api1.ibabs.eu/publicdownload.aspx?site=Beekdaelen&id=e3b56251-142b-44f9-98d8-db57b995a00c","dc_title":"B1 antwoord 1e termijn","dc_type":"bijlage","foi_fileName":"B1%20antwoord%201e%20termijn.mp3"},{"dc_format":"application/octet-stream","dc_identifier":"nl.gm1954.2c.2025.7136737-5.doc.18","dc_source":"https://api1.ibabs.eu/publicdownload.aspx?site=Beekdaelen&id=df926bd4-9e99-49af-8038-6c54cd12689c","dc_title":"B1 antwoord 2e termijn","dc_type":"bijlage","foi_fileName":"B1%20antwoord%202e%20termijn.mp3"},{"dc_format":"application/pdf","dc_identifier":"nl.gm1954.2c.2025.7136737-5.doc.2","dc_source":"https://api1.ibabs.eu/publicdownload.aspx?site=Beekdaelen&id=8cc256d2-15d6-41e2-b8f5-5824d351fa7c","dc_title":"Bijlage: Impressie gemeentehuis Deweverplein","dc_type":"bijlage","foi_fairiscoreVersions":{"v1":3,"v2":3},"foi_fileName":"Bijlage%201%20Impressie%20gemeentehuis%20Deweverplein.pdf","foi_nrPages":13},{"dc_format":"application/pdf","dc_identifier":"nl.gm1954.2c.2025.7136737-5.doc.4","dc_source":"https://api1.ibabs.eu/publicdownload.aspx?site=Beekdaelen&id=72f65abb-7bda-469a-a4b7-c2cd61fe1b52","dc_title":"Bijlage: Ruimtelijk en Functioneel Programma van Eisen definitieve huisvesting Beekdaelen - pag 29","dc_type":"bijlage","foi_fairiscoreVersions":{"v1":1,"v2":1},"foi_fileName":"Bijlage%203%20-%20Ruimtelijk%20en%20Functioneel%20Programma%20van%20Eisen%20definitieve%20huisvesting%20Beekdaelen%20-%20pag%2029.pdf","foi_nrPages":1},{"dc_format":"application/pdf","dc_identifier":"nl.gm1954.2c.2025.7136737-5.doc.5","dc_source":"https://api1.ibabs.eu/publicdownload.aspx?site=Beekdaelen&id=03cd3da2-870c-4208-8132-5cc5defded77","dc_title":"Raadsbesluit inzake Nieuwbouw gemeentehuis Deweverplein VERVALLEN","dc_type":"bijlage","foi_fairiscoreVersions":{"v1":1,"v2":1},"foi_fileName":"Bijlage%204%20Raadsbesluit%20Nieuwbouw%20gemeentehuis%20Deweverplein.pdf","foi_nrPages":1},{"dc_format":"application/pdf","dc_identifier":"nl.gm1954.2c.2025.7136737-5.doc.6","dc_source":"https://api1.ibabs.eu/publicdownload.aspx?site=Beekdaelen&id=1f718be7-1c34-49b2-a4c3-18c659c566a7","dc_title":"Bijlage: Begrotingsvoorstel begrotingswijziging 7.1 Nieuwbouw gemeentehuis Deweverplein","dc_type":"bijlage","foi_fairiscoreVersions":{"v1":1,"v2":1},"foi_fileName":"Bijlage%205%20Begrotingsvoorstel%20begrotingswijziging%207.pdf","foi_nrPages":1},{"dc_format":"application/pdf","dc_identifier":"nl.gm1954.2c.2025.7136737-5.doc.12","dc_source":"https://api1.ibabs.eu/publicdownload.aspx?site=Beekdaelen&id=718b5c63-0999-4efe-a17f-4999d651fe24","dc_title":"MvA technische vragen BL B1","dc_type":"bijlage","foi_fairiscoreVersions":{"v1":1,"v2":1},"foi_fileName":"MvA%20technische%20vragen%20BL%20B1.pdf","foi_nrPages":2},{"dc_format":"application/pdf","dc_identifier":"nl.gm1954.2c.2025.7136737-5.doc.10","dc_source":"https://api1.ibabs.eu/publicdownload.aspx?site=Beekdaelen&id=a03f671e-3896-4b28-a6e7-bc9246e380b6","dc_title":"MvA technische vragen CDA B1 deel 1","dc_type":"bijlage","foi_fairiscoreVersions":{"v1":1,"v2":1},"foi_fileName":"MvA%20technische%20vragen%20CDA%20B1%20deel%201.pdf","foi_nrPages":5},{"dc_format":"application/pdf","dc_identifier":"nl.gm1954.2c.2025.7136737-5.doc.11","dc_source":"https://api1.ibabs.eu/publicdownload.aspx?site=Beekdaelen&id=de991d3a-db1e-43a8-a989-6cdf2a55313e","dc_title":"MvA technische vragen CDA B1 deel 2","dc_type":"bijlage","foi_fairiscoreVersions":{"v1":1,"v2":1},"foi_fileName":"MvA%20technische%20vragen%20CDA%20B1%20deel%202.pdf","foi_nrPages":1},{"dc_format":"application/pdf","dc_identifier":"nl.gm1954.2c.2025.7136737-5.doc.9","dc_source":"https://api1.ibabs.eu/publicdownload.aspx?site=Beekdaelen&id=63e77d54-966f-4f60-90df-e4171afa50c7","dc_title":"MvA technische vragen PvdA GL B1 (1)","dc_type":"bijlage","foi_fairiscoreVersions":{"v1":1,"v2":1},"foi_fileName":"MvA%20technische%20vragen%20PvdA%20GL%20B1%20%282%29.pdf","foi_nrPages":5},{"dc_format":"application/pdf","dc_identifier":"nl.gm1954.2c.2025.7136737-5.doc.8","dc_source":"https://api1.ibabs.eu/publicdownload.aspx?site=Beekdaelen&id=5873f290-f9d9-4523-aea0-f70c49e1776b","dc_title":"MvA technische vragen VG B1","dc_type":"bijlage","foi_fairiscoreVersions":{"v1":1,"v2":1},"foi_fileName":"MvA%20technische%20vragen%20VG%20B1.pdf","foi_nrPages":8},{"dc_format":"application/pdf","dc_identifier":"nl.gm1954.2c.2025.7136737-5.doc.7","dc_source":"https://api1.ibabs.eu/publicdownload.aspx?site=Beekdaelen&id=e06386a2-1606-4319-b693-f2c272518617","dc_title":"MvA technische vragen VVD B1","dc_type":"bijlage","foi_fairiscoreVersions":{"v1":1,"v2":1},"foi_fileName":"MvA%20technische%20vragen%20VVD%20B1.pdf","foi_nrPages":2},{"dc_format":"application/pdf","dc_identifier":"nl.gm1954.2c.2025.7136737-5.doc.13","dc_source":"https://api1.ibabs.eu/publicdownload.aspx?site=Beekdaelen&id=9a43f36b-e981-4bf7-903f-66d2f96827ab","dc_title":"Parkeeronderzoek Grenspaal 12 (bijlage bij MvA VG, PvdA/GL en CDA deel 1)","dc_type":"bijlage","foi_fairiscoreVersions":{"v1":2,"v2":1},"foi_fileName":"Parkeeronderzoek%20Grenspaal%2012.pdf","foi_nrPages":16},{"dc_format":"application/pdf","dc_identifier":"nl.gm1954.2c.2025.7136737-5.doc.3","dc_source":"https://api1.ibabs.eu/publicdownload.aspx?site=Beekdaelen&id=5142fb7e-8e52-4977-99c1-3b990e873bf7","dc_title":"Bijlage: Programma van eisen gemeentehuis Beekdaelen 270525","dc_type":"bijlage","foi_fairiscoreVersions":{"v1":2,"v2":1},"foi_fileName":"pve%20gemeentehuis%20Beekdaelen%20270525.pdf","foi_nrPages":31},{"dc_format":"application/pdf","dc_identifier":"nl.gm1954.2c.2025.7136737-5.doc.1","dc_source":"https://api1.ibabs.eu/publicdownload.aspx?site=Beekdaelen&id=f8c96691-bf8c-4d7d-97e5-2bd4abe53207","dc_title":"Raadsvoorstel inzake Nieuwbouw gemeentehuis Deweverplein","dc_type":"bijlage","foi_fairiscoreVersions":{"v1":1,"v2":1},"foi_fileName":"Raadsvoorstel%20Nieuwbouw%20gemeentehuis%20Deweverplein.pdf","foi_nrPages":7}],"foi_nrDocuments":19,"foi_nrPagesInDossier":93,"foi_publishedDate":"2025-06-19","foi_retrievedDate":"2025-12-04"},{"dc_creator":"HandelingScraper_v1","dc_date_year":2025,"dc_description":"Vergadering van de Gemeente Beekdaelen op 2025-06-19. Onderdeel: Voorstel inzake \"Eerste bestuursrapportage 2025\".","dc_identifier":"nl.gm1954.2c.2025.7136737-6","dc_publisher":"gm1954","dc_source":"https://beekdaelen.bestuurlijkeinformatie.nl/Agenda/Index/2d4051ea-1f95-4a8e-97ba-7bad6639088f","dc_title":"Raadscommissie Bestuur en Middelen 2025-06-19 - Voorstel inzake \"Eerste bestuursrapportage 2025\"","dc_type":"2c","dc_type_description":"Vergaderstuk decentrale overheid","foi_fairiscoreVersions":{"v1":2,"v2":2},"foi_files":[{"dc_format":"application/octet-stream","dc_identifier":"nl.gm1954.2c.2025.7136737-6.doc.8","dc_source":"https://api1.ibabs.eu/publicdownload.aspx?site=Beekdaelen&id=5f61c0eb-d141-4083-bb44-cdaefc476079","dc_title":"B2 1e termijn","dc_type":"bijlage","foi_fileName":"B2%201e%20termijn.mp3","foi_nrPages":1},{"dc_format":"application/octet-stream","dc_identifier":"nl.gm1954.2c.2025.7136737-6.doc.10","dc_source":"https://api1.ibabs.eu/publicdownload.aspx?site=Beekdaelen&id=dee653d5-cc1d-4e98-87f0-c44fa033560a","dc_title":"B2 2e termijn (geen vragen)","dc_type":"bijlage","foi_fileName":"B2%202e%20termijn%20%28geen%20vragen%29.mp3","foi_nrPages":1},{"dc_format":"application/octet-stream","dc_identifier":"nl.gm1954.2c.2025.7136737-6.doc.11","dc_source":"https://api1.ibabs.eu/publicdownload.aspx?site=Beekdaelen&id=bf6261bd-c7b2-4171-9586-0c3c2508564c","dc_title":"B2 advies commissie","dc_type":"bijlage","foi_fileName":"B2%20advies%20commissie.mp3","foi_nrPages":1},{"dc_format":"application/octet-stream","dc_identifier":"nl.gm1954.2c.2025.7136737-6.doc.9","dc_source":"https://api1.ibabs.eu/publicdownload.aspx?site=Beekdaelen&id=7ae5fcb2-9eaf-46ed-9198-ca320ce28ca8","dc_title":"B2 antwoord 1e termijn","dc_type":"bijlage","foi_fileName":"B2%20antwoord%201e%20termijn.mp3","foi_nrPages":1},{"dc_format":"application/pdf","dc_identifier":"nl.gm1954.2c.2025.7136737-6.doc.4","dc_source":"https://api1.ibabs.eu/publicdownload.aspx?site=Beekdaelen&id=59ea5309-9645-4e50-b4c6-7b01a5ea4287","dc_title":"Bijlage 3: Begrotingswijziging 6 eerste bestuursrapportage 2025","dc_type":"bijlage","foi_fairiscoreVersions":{"v1":1,"v2":1},"foi_fileName":"Begrotingswijziging%206%20eerste%20bestuursrapportage%202025.pdf","foi_nrPages":1},{"dc_format":"application/pdf","dc_identifier":"nl.gm1954.2c.2025.7136737-6.doc.3","dc_source":"https://api1.ibabs.eu/publicdownload.aspx?site=Beekdaelen&id=2dbaada9-e029-41b2-96f7-c93a7bcbd07c","dc_title":"Bijlage 2: Eerste bestuursrapportage 2025","dc_type":"bijlage","foi_fairiscoreVersions":{"v1":2,"v2":2},"foi_fileName":"Eerste%20bestuursrapportage%202025.pdf","foi_nrPages":58},{"dc_format":"application/pdf","dc_identifier":"nl.gm1954.2c.2025.7136737-6.doc.5","dc_source":"https://api1.ibabs.eu/publicdownload.aspx?site=Beekdaelen&id=90936fb4-7184-4e19-a3e4-feae0efaa144","dc_title":"Memorie van Antwoord technische voorvragen CDA eerste bestuursrapportage 2025","dc_type":"bijlage","foi_fairiscoreVersions":{"v1":1,"v2":1},"foi_fileName":"Memorie%20van%20Antwoord%20technische%20voorvragen%20CDA%20eerste%20bestuursrapportage%202025.pdf","foi_nrPages":3},{"dc_format":"application/pdf","dc_identifier":"nl.gm1954.2c.2025.7136737-6.doc.6","dc_source":"https://api1.ibabs.eu/publicdownload.aspx?site=Beekdaelen&id=c409698e-676f-4a59-9ebc-d089242030f1","dc_title":"Memorie van Antwoord technische voorvragen Groen Links en PvdA eerste bestuursrapportage 2025","dc_type":"bijlage","foi_fairiscoreVersions":{"v1":1,"v2":1},"foi_fileName":"Memorie%20van%20Antwoord%20technische%20voorvragen%20Groen%20Links%20en%20PvdA%20eerste%20bestuursrapportage%202025.pdf","foi_nrPages":2},{"dc_format":"application/pdf","dc_identifier":"nl.gm1954.2c.2025.7136737-6.doc.7","dc_source":"https://api1.ibabs.eu/publicdownload.aspx?site=Beekdaelen&id=e32b8918-16c4-496b-afa0-4b4c55b444fb","dc_title":"Memorie van Antwoord technische voorvragen VG eerste bestuursrapportage 2025","dc_type":"bijlage","foi_fairiscoreVersions":{"v1":1,"v2":1},"foi_fileName":"Memorie%20van%20Antwoord%20technische%20voorvragen%20VG%20eerste%20bestuursrapportage%202025.pdf","foi_nrPages":11},{"dc_format":"application/pdf","dc_identifier":"nl.gm1954.2c.2025.7136737-6.doc.2","dc_source":"https://api1.ibabs.eu/publicdownload.aspx?site=Beekdaelen&id=9c6233f6-9833-4e0a-96db-4630b6b2e8d4","dc_title":"Bijlage 1: Raadsbesluit eerste bestuursrapportage 2025","dc_type":"bijlage","foi_fairiscoreVersions":{"v1":1,"v2":1},"foi_fileName":"Raadsbesluit%20eerste%20bestuursrapportage%202025.pdf","foi_nrPages":1},{"dc_format":"application/pdf","dc_identifier":"nl.gm1954.2c.2025.7136737-6.doc.1","dc_source":"https://api1.ibabs.eu/publicdownload.aspx?site=Beekdaelen&id=96522f05-32f8-4426-a077-65ace5f496ad","dc_title":"Raadsvoorstel \"Eerste bestuursrapportage 2025\"","dc_type":"bijlage","foi_fairiscoreVersions":{"v1":1,"v2":1},"foi_fileName":"Raadsvoorstel%20eerste%20bestuursrapportage%202025.pdf","foi_nrPages":7}],"foi_nrDocuments":11,"foi_nrPagesInDossier":87,"foi_publishedDate":"2025-06-19","foi_retrievedDate":"2026-03-04"},{"dc_creator":"HandelingScraper_v1","dc_date_year":2025,"dc_description":"Vergadering van de Gemeente Beekdaelen op 2025-06-19. Onderdeel: Voorstel inzake \"Kadernota 2026\".","dc_identifier":"nl.gm1954.2c.2025.7136737-7","dc_publisher":"gm1954","dc_source":"https://beekdaelen.bestuurlijkeinformatie.nl/Agenda/Index/2d4051ea-1f95-4a8e-97ba-7bad6639088f","dc_title":"Raadscommissie Bestuur en Middelen 2025-06-19 - Voorstel inzake \"Kadernota 2026\"","dc_type":"2c","dc_type_description":"Vergaderstuk decentrale overheid","foi_fairiscoreVersions":{"v1":2,"v2":2},"foi_files":[{"dc_format":"application/octet-stream","dc_identifier":"nl.gm1954.2c.2025.7136737-7.doc.6","dc_source":"https://api1.ibabs.eu/publicdownload.aspx?site=Beekdaelen&id=25181162-9fb2-4ba7-9b3e-c7cfcda6224a","dc_title":"B3 1e termijn I","dc_type":"bijlage","foi_fileName":"B3%201e%20termijn%20I.mp3"},{"dc_format":"application/octet-stream","dc_identifier":"nl.gm1954.2c.2025.7136737-7.doc.7","dc_source":"https://api1.ibabs.eu/publicdownload.aspx?site=Beekdaelen&id=8077ee1e-e0ed-41b9-9f8d-3fc138979419","dc_title":"B3 1e termijn II","dc_type":"bijlage","foi_fileName":"B3%201e%20termijn%20II.mp3"},{"dc_format":"application/octet-stream","dc_identifier":"nl.gm1954.2c.2025.7136737-7.doc.9","dc_source":"https://api1.ibabs.eu/publicdownload.aspx?site=Beekdaelen&id=1d63a695-831e-4626-86a4-ecfc9c541621","dc_title":"B3 2e termijn","dc_type":"bijlage","foi_fileName":"B3%202e%20termijn.mp3"},{"dc_format":"application/octet-stream","dc_identifier":"nl.gm1954.2c.2025.7136737-7.doc.11","dc_source":"https://api1.ibabs.eu/publicdownload.aspx?site=Beekdaelen&id=dbad894a-998b-462d-8077-510933fc5cd5","dc_title":"B3 advies commissie","dc_type":"bijlage","foi_fileName":"B3%20advies%20commissie.mp3"},{"dc_format":"application/octet-stream","dc_identifier":"nl.gm1954.2c.2025.7136737-7.doc.8","dc_source":"https://api1.ibabs.eu/publicdownload.aspx?site=Beekdaelen&id=708e3a8f-bbf9-4844-9a59-b3a293f8cd64","dc_title":"B3 antwoord 1e termijn","dc_type":"bijlage","foi_fileName":"B3%20antwoord%201e%20termijn.mp3"},{"dc_format":"application/octet-stream","dc_identifier":"nl.gm1954.2c.2025.7136737-7.doc.10","dc_source":"https://api1.ibabs.eu/publicdownload.aspx?site=Beekdaelen&id=9913ee4c-f735-4d5b-a114-9ea96af116a3","dc_title":"B3 antwoord 2e termijn","dc_type":"bijlage","foi_fileName":"B3%20antwoord%202e%20termijn.mp3"},{"dc_format":"application/pdf","dc_identifier":"nl.gm1954.2c.2025.7136737-7.doc.3","dc_source":"https://api1.ibabs.eu/publicdownload.aspx?site=Beekdaelen&id=430bd508-1d9f-4494-8e5e-7d89cb2a263b","dc_title":"Bijlage 2: Kadernota 2026","dc_type":"bijlage","foi_fairiscoreVersions":{"v1":2,"v2":2},"foi_fileName":"Kadernota%202026.pdf","foi_nrPages":32},{"dc_format":"application/pdf","dc_identifier":"nl.gm1954.2c.2025.7136737-7.doc.4","dc_source":"https://api1.ibabs.eu/publicdownload.aspx?site=Beekdaelen&id=a225b254-3711-4b2c-9ebd-8dd5067b50d4","dc_title":"Memorie van Antwoord technische voorvragen Groen Link en PvdA kadernota 2026","dc_type":"bijlage","foi_fairiscoreVersions":{"v1":1,"v2":1},"foi_fileName":"Memorie%20van%20Antwoord%20technische%20voorvragen%20Groen%20Link%20en%20PvdA%20kadernota%202026.pdf","foi_nrPages":3},{"dc_format":"application/pdf","dc_identifier":"nl.gm1954.2c.2025.7136737-7.doc.5","dc_source":"https://api1.ibabs.eu/publicdownload.aspx?site=Beekdaelen&id=e306ea31-66ce-4855-b26d-9b0a0fc2e5e0","dc_title":"Memorie van Antwoord technische voorvragen VG kadernota 2026","dc_type":"bijlage","foi_fairiscoreVersions":{"v1":1,"v2":1},"foi_fileName":"Memorie%20van%20Antwoord%20technische%20voorvragen%20VG%20kadernota%202026.pdf","foi_nrPages":9},{"dc_format":"application/pdf","dc_identifier":"nl.gm1954.2c.2025.7136737-7.doc.2","dc_source":"https://api1.ibabs.eu/publicdownload.aspx?site=Beekdaelen&id=06a61561-66b1-43ce-ab8f-6f3abf121c3c","dc_title":"Bijlage 1: Raadsbesluit kadernota 2026","dc_type":"bijlage","foi_fairiscoreVersions":{"v1":1,"v2":1},"foi_fileName":"Raadsbesluit%20kadernota%202026.pdf","foi_nrPages":1},{"dc_format":"application/pdf","dc_identifier":"nl.gm1954.2c.2025.7136737-7.doc.1","dc_source":"https://api1.ibabs.eu/publicdownload.aspx?site=Beekdaelen&id=4140460e-9dee-4a28-9cd8-31646636c268","dc_title":"Raadsvoorstel \"kadernota 2026\"","dc_type":"bijlage","foi_fairiscoreVersions":{"v1":1,"v2":1},"foi_fileName":"Raadsvoorstel%20kadernota%202026.pdf","foi_nrPages":4}],"foi_nrDocuments":11,"foi_nrPagesInDossier":49,"foi_publishedDate":"2025-06-19","foi_retrievedDate":"2026-01-22"},{"dc_creator":"HandelingScraper_v1","dc_date_year":2025,"dc_description":"Vergadering van de Gemeente Beekdaelen op 2025-06-19. Onderdeel: Rondvraag Bestuur en Middelen.","dc_identifier":"nl.gm1954.2c.2025.7136737-8","dc_publisher":"gm1954","dc_source":"https://beekdaelen.bestuurlijkeinformatie.nl/Agenda/Index/2d4051ea-1f95-4a8e-97ba-7bad6639088f","dc_title":"Raadscommissie Bestuur en Middelen 2025-06-19 - Rondvraag Bestuur en Middelen","dc_type":"2c","dc_type_description":"Vergaderstuk decentrale overheid","foi_fairiscoreVersions":{"v1":1,"v2":1},"foi_files":[{"dc_format":"application/octet-stream","dc_identifier":"nl.gm1954.2c.2025.7136737-8.doc.1","dc_source":"https://api1.ibabs.eu/publicdownload.aspx?site=Beekdaelen&id=4aaa7546-2ec6-43d3-939d-2383fe35a864","dc_title":"C Rondvraag en sluiting","dc_type":"bijlage","foi_fileName":"C%20Rondvraag%20en%20sluiting.mp3"},{"dc_format":"application/pdf","dc_identifier":"nl.gm1954.2c.2025.7136737-8.doc.2","dc_source":"https://api1.ibabs.eu/publicdownload.aspx?site=Beekdaelen&id=cc468b48-ea14-4966-8543-1586f15eff1c","dc_title":"MvA op Rondvraag PvdA inzake reclame-uitingen","dc_type":"bijlage","foi_fairiscoreVersions":{"v1":1,"v2":1},"foi_fileName":"MvA%20op%20Rondvraag%20PvdA%20inzake%20reclame-uitingen.pdf","foi_nrPages":2}],"foi_nrDocuments":2,"foi_nrPagesInDossier":2,"foi_publishedDate":"2025-06-19","foi_retrievedDate":"2025-12-03"},{"dc_creator":"HandelingScraper_v1","dc_date_year":2025,"dc_description":"Vergadering van de Gemeente Beekdaelen op 2025-07-01. Onderdeel: Motie CDA en BL inzake parkeren bij nieuwbouw gemeentehuis Deweverplein.","dc_identifier":"nl.gm1954.2c.2025.7136849-10","dc_publisher":"gm1954","dc_source":"https://beekdaelen.bestuurlijkeinformatie.nl/Agenda/Index/34f9efa5-5744-4e34-86fe-93d83618d4c2","dc_title":"Raadsvergadering 2025-07-01 - Motie CDA en BL inzake parkeren bij nieuwbouw gemeentehuis Deweverplein","dc_type":"2c","dc_type_description":"Vergaderstuk decentrale overheid","foi_fairiscoreVersions":{"v1":1,"v2":1},"foi_files":[{"dc_format":"application/pdf","dc_identifier":"nl.gm1954.2c.2025.7136849-10.doc.1","dc_source":"https://api1.ibabs.eu/publicdownload.aspx?site=Beekdaelen&id=595c6895-6932-4ee1-bca3-77903505137e","dc_title":"Motie CDA en BL inzake parkeren bij nieuwbouw gemeentehuis Deweverplein AANGENOMEN","dc_type":"bijlage","foi_fairiscoreVersions":{"v1":1,"v2":1},"foi_fileName":"Motie%20CDA%20en%20BL%20inzake%20parkeren%20bij%20nieuwbouw%20gemeentehuis%20Deweverplein%20AANGENOMEN.pdf","foi_nrPages":2}],"foi_nrDocuments":1,"foi_nrPagesInDossier":2,"foi_publishedDate":"2025-07-01","foi_retrievedDate":"2025-11-30"},{"dc_creator":"HandelingScraper_v1","dc_date_year":2025,"dc_description":"Vergadering van de Gemeente Beekdaelen op 2025-07-01. Onderdeel: Kadernota 2026.","dc_identifier":"nl.gm1954.2c.2025.7136849-11","dc_publisher":"gm1954","dc_source":"https://beekdaelen.bestuurlijkeinformatie.nl/Agenda/Index/34f9efa5-5744-4e34-86fe-93d83618d4c2","dc_title":"Raadsvergadering 2025-07-01 - Kadernota 2026","dc_type":"2c","dc_type_description":"Vergaderstuk decentrale overheid","foi_fairiscoreVersions":{"v1":2,"v2":2},"foi_files":[{"dc_format":"application/pdf","dc_identifier":"nl.gm1954.2c.2025.7136849-11.doc.5","dc_source":"https://api1.ibabs.eu/publicdownload.aspx?site=Beekdaelen&id=d571a079-f346-4608-95d5-e61c4576b733","dc_title":"Bijlage: Kadernota 2026 VERVALLEN","dc_type":"bijlage","foi_fairiscoreVersions":{"v1":2,"v2":2},"foi_fileName":"Kadernota%202026.pdf","foi_nrPages":32},{"dc_format":"application/pdf","dc_identifier":"nl.gm1954.2c.2025.7136849-11.doc.4","dc_source":"https://api1.ibabs.eu/publicdownload.aspx?site=Beekdaelen&id=bab38e0a-3306-4b4f-927a-1f1a443aa6bb","dc_title":"Bijlage: Kadernota na nota van wijziging","dc_type":"bijlage","foi_fairiscoreVersions":{"v1":2,"v2":2},"foi_fileName":"Kadernota%20na%20nota%20van%20wijziging.pdf","foi_nrPages":32},{"dc_format":"application/pdf","dc_identifier":"nl.gm1954.2c.2025.7136849-11.doc.8","dc_source":"https://api1.ibabs.eu/publicdownload.aspx?site=Beekdaelen&id=639818d1-5e1c-4225-9d42-0057afac56c6","dc_title":"MvA op vragen die tijdens vergadering niet beantwoord konden worden","dc_type":"bijlage","foi_fairiscoreVersions":{"v1":1,"v2":1},"foi_fileName":"MvA%20op%20vragen%20die%20tijdens%20vergadering%20niet%20beantwoord%20konden%20worden.pdf","foi_nrPages":2},{"dc_format":"application/pdf","dc_identifier":"nl.gm1954.2c.2025.7136849-11.doc.2","dc_source":"https://api1.ibabs.eu/publicdownload.aspx?site=Beekdaelen&id=303f85cf-a799-467a-8002-d85ec975c562","dc_title":"Nota van wijziging bij kadernota 2026","dc_type":"bijlage","foi_fairiscoreVersions":{"v1":1,"v2":1},"foi_fileName":"Nota%20van%20wijziging%20bij%20kadernota%202026.pdf","foi_nrPages":5},{"dc_format":"application/pdf","dc_identifier":"nl.gm1954.2c.2025.7136849-11.doc.3","dc_source":"https://api1.ibabs.eu/publicdownload.aspx?site=Beekdaelen&id=b2efcf28-22f0-49f3-82fd-c56af8cbc899","dc_title":"Raadsbesluit kadernota 2026 na nota van wijziging - vastgesteld 01-07-2025","dc_type":"bijlage","foi_fairiscoreVersions":{"v1":1,"v2":1},"foi_fileName":"Raadsbesluit%20kadernota%202026%20na%20nota%20van%20wijziging.pdf","foi_nrPages":1},{"dc_format":"application/pdf","dc_identifier":"nl.gm1954.2c.2025.7136849-11.doc.1","dc_source":"https://api1.ibabs.eu/publicdownload.aspx?site=Beekdaelen&id=b3412376-9ddf-4a50-bcf9-cb99501f2ad6","dc_title":"Raadsvoorstel kadernota 2026 na nota van wijziging","dc_type":"bijlage","foi_fairiscoreVersions":{"v1":1,"v2":1},"foi_fileName":"Raadsvoorstel%20kadernota%202026%20na%20nota%20van%20wijziging.pdf","foi_nrPages":4},{"dc_format":"application/pdf","dc_identifier":"nl.gm1954.2c.2025.7136849-11.doc.6","dc_source":"https://api1.ibabs.eu/publicdownload.aspx?site=Beekdaelen&id=0fb12c1b-1294-47db-86c7-549e14b2bb2e","dc_title":"Raadsvoorstel inzake Kadernota 2026 VERVALLEN","dc_type":"bijlage","foi_fairiscoreVersions":{"v1":1,"v2":1},"foi_fileName":"Z%2F25%2F214531%20-%20388856%20-%20Kadernota%202026.pdf","foi_nrPages":4},{"dc_format":"application/pdf","dc_identifier":"nl.gm1954.2c.2025.7136849-11.doc.7","dc_source":"https://api1.ibabs.eu/publicdownload.aspx?site=Beekdaelen&id=8dcf487c-94cb-4a76-a338-b812cd01c85a","dc_title":"Raadsbesluit inzake Kadernota 2026 VERVALLEN","dc_type":"bijlage","foi_fairiscoreVersions":{"v1":1,"v2":1},"foi_fileName":"Z%2F25%2F214531%20-%20388858%20-%20Kadernota%202026.pdf","foi_nrPages":1}],"foi_nrDocuments":8,"foi_nrPagesInDossier":81,"foi_publishedDate":"2025-07-01","foi_retrievedDate":"2026-02-05"},{"dc_creator":"HandelingScraper_v1","dc_date_year":2025,"dc_description":"Vergadering van de Gemeente Beekdaelen op 2025-07-01. Onderdeel: Motie VG, CDA, BL en VVD inzake onderhoud kerkhoven AANGENOMEN.","dc_identifier":"nl.gm1954.2c.2025.7136849-12","dc_publisher":"gm1954","dc_source":"https://beekdaelen.bestuurlijkeinformatie.nl/Agenda/Index/34f9efa5-5744-4e34-86fe-93d83618d4c2","dc_title":"Raadsvergadering 2025-07-01 - Motie VG, CDA, BL en VVD inzake onderhoud kerkhoven AANGENOMEN","dc_type":"2c","dc_type_description":"Vergaderstuk decentrale overheid","foi_fairiscoreVersions":{"v1":1,"v2":1},"foi_files":[{"dc_format":"application/pdf","dc_identifier":"nl.gm1954.2c.2025.7136849-12.doc.1","dc_source":"https://api1.ibabs.eu/publicdownload.aspx?site=Beekdaelen&id=eee86791-ce17-4a5f-af2c-a48ec39359bf","dc_title":"Motie VG, CDA, BL en VVD inzake onderhoud kerkhoven M01 AANGENOMEN","dc_type":"bijlage","foi_fairiscoreVersions":{"v1":1,"v2":1},"foi_fileName":"Motie%20VG_%20CDA_%20BL%20en%20VVD%20inzake%20onderhoud%20kerkhoven%20M01%20AANGENOMEN.pdf","foi_nrPages":2}],"foi_nrDocuments":1,"foi_nrPagesInDossier":2,"foi_publishedDate":"2025-07-01","foi_retrievedDate":"2026-03-02"},{"dc_creator":"HandelingScraper_v1","dc_date_year":2025,"dc_description":"Vergadering van de Gemeente Beekdaelen op 2025-07-01. Onderdeel: Motie BL inzake wonen en bouwen INGETROKKEN.","dc_identifier":"nl.gm1954.2c.2025.7136849-13","dc_publisher":"gm1954","dc_source":"https://beekdaelen.bestuurlijkeinformatie.nl/Agenda/Index/34f9efa5-5744-4e34-86fe-93d83618d4c2","dc_title":"Raadsvergadering 2025-07-01 - Motie BL inzake wonen en bouwen INGETROKKEN","dc_type":"2c","dc_type_description":"Vergaderstuk decentrale overheid","foi_fairiscoreVersions":{"v1":1,"v2":1},"foi_files":[{"dc_format":"application/pdf","dc_identifier":"nl.gm1954.2c.2025.7136849-13.doc.1","dc_source":"https://api1.ibabs.eu/publicdownload.aspx?site=Beekdaelen&id=a9582320-d385-4efd-b670-d3167fa96a0d","dc_title":"Motie BL inzake wonen en bouwen M02 INGETROKKEN","dc_type":"bijlage","foi_fairiscoreVersions":{"v1":1,"v2":1},"foi_fileName":"Motie%20BL%20inzake%20wonen%20en%20bouwen%20M02%20INGETROKKEN.pdf","foi_nrPages":1}],"foi_nrDocuments":1,"foi_nrPagesInDossier":1,"foi_publishedDate":"2025-07-01","foi_retrievedDate":"2025-12-01"},{"dc_creator":"HandelingScraper_v1","dc_date_year":2025,"dc_description":"Vergadering van de Gemeente Beekdaelen op 2025-07-01. Onderdeel: Motie BL inzake duurzaamheid INGETROKKEN.","dc_identifier":"nl.gm1954.2c.2025.7136849-14","dc_publisher":"gm1954","dc_source":"https://beekdaelen.bestuurlijkeinformatie.nl/Agenda/Index/34f9efa5-5744-4e34-86fe-93d83618d4c2","dc_title":"Raadsvergadering 2025-07-01 - Motie BL inzake duurzaamheid INGETROKKEN","dc_type":"2c","dc_type_description":"Vergaderstuk decentrale overheid","foi_fairiscoreVersions":{"v1":1,"v2":1},"foi_files":[{"dc_format":"application/pdf","dc_identifier":"nl.gm1954.2c.2025.7136849-14.doc.1","dc_source":"https://api1.ibabs.eu/publicdownload.aspx?site=Beekdaelen&id=a45245aa-932e-461b-8d69-ffff01055bc9","dc_title":"Motie BL inzake duurzaamheid M03 INGETROKKEN","dc_type":"bijlage","foi_fairiscoreVersions":{"v1":1,"v2":1},"foi_fileName":"Motie%20BL%20inzake%20duurzaamheid%20M03%20INGETROKKEN.pdf","foi_nrPages":1}],"foi_nrDocuments":1,"foi_nrPagesInDossier":1,"foi_publishedDate":"2025-07-01","foi_retrievedDate":"2026-03-02"},{"dc_creator":"HandelingScraper_v1","dc_date_year":2025,"dc_description":"Vergadering van de Gemeente Beekdaelen op 2025-07-01. Onderdeel: Motie BL inzake bestaanszekerheid en schuld(hulp)verlening AANGEHOUDEN.","dc_identifier":"nl.gm1954.2c.2025.7136849-15","dc_publisher":"gm1954","dc_source":"https://beekdaelen.bestuurlijkeinformatie.nl/Agenda/Index/34f9efa5-5744-4e34-86fe-93d83618d4c2","dc_title":"Raadsvergadering 2025-07-01 - Motie BL inzake bestaanszekerheid en schuld(hulp)verlening AANGEHOUDEN","dc_type":"2c","dc_type_description":"Vergaderstuk decentrale overheid","foi_fairiscoreVersions":{"v1":1,"v2":1},"foi_files":[{"dc_format":"application/pdf","dc_identifier":"nl.gm1954.2c.2025.7136849-15.doc.1","dc_source":"https://api1.ibabs.eu/publicdownload.aspx?site=Beekdaelen&id=987d7f37-7504-4df0-ba52-4a0e6164c82b","dc_title":"Motie BL inzake bestaanszekerheid en schuld(hulp)verlening M04 AANGEHOUDEN","dc_type":"bijlage","foi_fairiscoreVersions":{"v1":1,"v2":1},"foi_fileName":"Motie%20BL%20inzake%20bestaanszekerheid%20en%20schuld%28hulp%29verlening%20M04%20AANGEHOUDEN.pdf","foi_nrPages":1}],"foi_nrDocuments":1,"foi_nrPagesInDossier":1,"foi_publishedDate":"2025-07-01","foi_retrievedDate":"2026-02-12"},{"dc_creator":"HandelingScraper_v1","dc_date_year":2025,"dc_description":"Vergadering van de Gemeente Beekdaelen op 2025-07-01. Onderdeel: Motie CDA, VG, BL en VVD inzake herontwikkeling gemeentehuis Schinnen AANGENOMEN.","dc_identifier":"nl.gm1954.2c.2025.7136849-16","dc_publisher":"gm1954","dc_source":"https://beekdaelen.bestuurlijkeinformatie.nl/Agenda/Index/34f9efa5-5744-4e34-86fe-93d83618d4c2","dc_title":"Raadsvergadering 2025-07-01 - Motie CDA, VG, BL en VVD inzake herontwikkeling gemeentehuis Schinnen AANGENOMEN","dc_type":"2c","dc_type_description":"Vergaderstuk decentrale overheid","foi_fairiscoreVersions":{"v1":1,"v2":1},"foi_files":[{"dc_format":"application/pdf","dc_identifier":"nl.gm1954.2c.2025.7136849-16.doc.1","dc_source":"https://api1.ibabs.eu/publicdownload.aspx?site=Beekdaelen&id=b2f8fd73-ac19-4ac1-8b4d-f18232a61237","dc_title":"Motie CDA, VG, BL en VVD inzake herontwikkeling gemeentehuis Schinnen M05 AANGENOMEN","dc_type":"bijlage","foi_fairiscoreVersions":{"v1":1,"v2":1},"foi_fileName":"Motie%20CDA_%20VG_%20BL%20en%20VVD%20inzake%20herontwikkeling%20gemeentehuis%20Schinnen%20M05%20AANGENOMEN.pdf","foi_nrPages":1}],"foi_nrDocuments":1,"foi_nrPagesInDossier":1,"foi_publishedDate":"2025-07-01","foi_retrievedDate":"2026-01-22"},{"dc_creator":"HandelingScraper_v1","dc_date_year":2025,"dc_description":"Vergadering van de Gemeente Beekdaelen op 2025-07-01. Onderdeel: Motie PvdA en GL inzake erfpacht  VERWORPEN.","dc_identifier":"nl.gm1954.2c.2025.7136849-17","dc_publisher":"gm1954","dc_source":"https://beekdaelen.bestuurlijkeinformatie.nl/Agenda/Index/34f9efa5-5744-4e34-86fe-93d83618d4c2","dc_title":"Raadsvergadering 2025-07-01 - Motie PvdA en GL inzake erfpacht  VERWORPEN","dc_type":"2c","dc_type_description":"Vergaderstuk decentrale overheid","foi_fairiscoreVersions":{"v1":1,"v2":1},"foi_files":[{"dc_format":"application/pdf","dc_identifier":"nl.gm1954.2c.2025.7136849-17.doc.1","dc_source":"https://api1.ibabs.eu/publicdownload.aspx?site=Beekdaelen&id=d1120732-edbe-45e7-af30-6e9fb333a1cf","dc_title":"Motie PvdA en GL inzake erfpacht M06 VERWORPEN","dc_type":"bijlage","foi_fairiscoreVersions":{"v1":1,"v2":1},"foi_fileName":"Motie%20PvdA%20en%20GL%20inzake%20erfpacht%20M06%20VERWORPEN.pdf","foi_nrPages":1}],"foi_nrDocuments":1,"foi_nrPagesInDossier":1,"foi_publishedDate":"2025-07-01","foi_retrievedDate":"2026-02-12"},{"dc_creator":"HandelingScraper_v1","dc_date_year":2025,"dc_description":"Vergadering van de Gemeente Beekdaelen op 2025-07-01. Onderdeel: Motie GL  en PvdA  inzake levensbomenbos INGETROKKEN.","dc_identifier":"nl.gm1954.2c.2025.7136849-18","dc_publisher":"gm1954","dc_source":"https://beekdaelen.bestuurlijkeinformatie.nl/Agenda/Index/34f9efa5-5744-4e34-86fe-93d83618d4c2","dc_title":"Raadsvergadering 2025-07-01 - Motie GL  en PvdA  inzake levensbomenbos INGETROKKEN","dc_type":"2c","dc_type_description":"Vergaderstuk decentrale overheid","foi_fairiscoreVersions":{"v1":1,"v2":1},"foi_files":[{"dc_format":"application/pdf","dc_identifier":"nl.gm1954.2c.2025.7136849-18.doc.1","dc_source":"https://api1.ibabs.eu/publicdownload.aspx?site=Beekdaelen&id=8f6246c1-9c4b-4b2f-964b-463226b57f90","dc_title":"Motie GL en PvdA inzake levensbomenbos M07 INGETROKKEN","dc_type":"bijlage","foi_fairiscoreVersions":{"v1":1,"v2":1},"foi_fileName":"Motie%20GL%20en%20PvdA%20inzake%20levensbomenbos%20M07%20INGETROKKEN.pdf","foi_nrPages":1}],"foi_nrDocuments":1,"foi_nrPagesInDossier":1,"foi_publishedDate":"2025-07-01","foi_retrievedDate":"2026-02-12"},{"dc_creator":"HandelingScraper_v1","dc_date_year":2025,"dc_description":"Vergadering van de Gemeente Beekdaelen op 2025-07-01. Onderdeel: Motie GL en PvdA inzake behouden Week van Respect VERWORPEN.","dc_identifier":"nl.gm1954.2c.2025.7136849-19","dc_publisher":"gm1954","dc_source":"https://beekdaelen.bestuurlijkeinformatie.nl/Agenda/Index/34f9efa5-5744-4e34-86fe-93d83618d4c2","dc_title":"Raadsvergadering 2025-07-01 - Motie GL en PvdA inzake behouden Week van Respect VERWORPEN","dc_type":"2c","dc_type_description":"Vergaderstuk decentrale overheid","foi_fairiscoreVersions":{"v1":1,"v2":1},"foi_files":[{"dc_format":"application/pdf","dc_identifier":"nl.gm1954.2c.2025.7136849-19.doc.1","dc_source":"https://api1.ibabs.eu/publicdownload.aspx?site=Beekdaelen&id=87e46b9e-df8b-4ffb-af89-7ec41fd000a6","dc_title":"Motie GL en PvdA inzake behouden Week van Respect M08 VERWORPEN","dc_type":"bijlage","foi_fairiscoreVersions":{"v1":1,"v2":1},"foi_fileName":"Motie%20GL%20en%20PvdA%20inzake%20behouden%20Week%20van%20Respect%20M08%20VERWORPEN.pdf","foi_nrPages":2}],"foi_nrDocuments":1,"foi_nrPagesInDossier":2,"foi_publishedDate":"2025-07-01","foi_retrievedDate":"2026-03-02"},{"dc_creator":"HandelingScraper_v1","dc_date_year":2025,"dc_description":"Vergadering van de Gemeente Beekdaelen op 2025-07-01. Onderdeel: Vaststellen besluitenlijst openbare raadsvergadering d.d. 27 mei 2025.","dc_identifier":"nl.gm1954.2c.2025.7136849-2","dc_publisher":"gm1954","dc_source":"https://beekdaelen.bestuurlijkeinformatie.nl/Agenda/Index/34f9efa5-5744-4e34-86fe-93d83618d4c2","dc_title":"Raadsvergadering 2025-07-01 - Vaststellen besluitenlijst openbare raadsvergadering d.d. 27 mei 2025","dc_type":"2c","dc_type_description":"Vergaderstuk decentrale overheid","foi_fairiscoreVersions":{"v1":1,"v2":1},"foi_files":[{"dc_format":"application/pdf","dc_identifier":"nl.gm1954.2c.2025.7136849-2.doc.1","dc_source":"https://api1.ibabs.eu/publicdownload.aspx?site=Beekdaelen&id=61617c65-a780-4375-9dd1-0029fac1d366","dc_title":"Besluitenlijst raadsvergadering 27052025 - vastgesteld 01-07-2025","dc_type":"bijlage","foi_fairiscoreVersions":{"v1":1,"v2":1},"foi_fileName":"Besluitenlijst%20raadsvergadering%2027052025.pdf","foi_nrPages":10}],"foi_nrDocuments":1,"foi_nrPagesInDossier":10,"foi_publishedDate":"2025-07-01","foi_retrievedDate":"2026-01-22"},{"dc_creator":"HandelingScraper_v1","dc_date_year":2025,"dc_description":"Vergadering van de Gemeente Beekdaelen op 2025-07-01. Onderdeel: Motie D66 PvdA en GL inzake van noodfonds naar toekomstfonds - investeren in duurzaamheid VERWORPEN.","dc_identifier":"nl.gm1954.2c.2025.7136849-20","dc_publisher":"gm1954","dc_source":"https://beekdaelen.bestuurlijkeinformatie.nl/Agenda/Index/34f9efa5-5744-4e34-86fe-93d83618d4c2","dc_title":"Raadsvergadering 2025-07-01 - Motie D66 PvdA en GL inzake van noodfonds naar toekomstfonds - investeren in duurzaamheid VERWORPEN","dc_type":"2c","dc_type_description":"Vergaderstuk decentrale overheid","foi_fairiscoreVersions":{"v1":1,"v2":1},"foi_files":[{"dc_format":"application/pdf","dc_identifier":"nl.gm1954.2c.2025.7136849-20.doc.1","dc_source":"https://api1.ibabs.eu/publicdownload.aspx?site=Beekdaelen&id=1d31765e-105e-431e-857c-5270c2d734e4","dc_title":"Motie D66 PvdA en GL inzake Van noodfonds naar toekomstfonds - investeren in duurzaamheid M09 VERWORPEN","dc_type":"bijlage","foi_fairiscoreVersions":{"v1":1,"v2":1},"foi_fileName":"Motie%20D66%20PvdA%20en%20GL%20inzake%20Van%20noodfonds%20naar%20toekomstfonds%20-%20investeren%20in%20duurzaamheid%20M09%20VERWORPEN.pdf","foi_nrPages":2}],"foi_nrDocuments":1,"foi_nrPagesInDossier":2,"foi_publishedDate":"2025-07-01","foi_retrievedDate":"2026-03-02"},{"dc_creator":"HandelingScraper_v1","dc_date_year":2025,"dc_description":"Vergadering van de Gemeente Beekdaelen op 2025-07-01. Onderdeel: Motie VVD inzake cadeaukaart INGETROKKEN.","dc_identifier":"nl.gm1954.2c.2025.7136849-21","dc_publisher":"gm1954","dc_source":"https://beekdaelen.bestuurlijkeinformatie.nl/Agenda/Index/34f9efa5-5744-4e34-86fe-93d83618d4c2","dc_title":"Raadsvergadering 2025-07-01 - Motie VVD inzake cadeaukaart INGETROKKEN","dc_type":"2c","dc_type_description":"Vergaderstuk decentrale overheid","foi_fairiscoreVersions":{"v1":1,"v2":1},"foi_files":[{"dc_format":"application/pdf","dc_identifier":"nl.gm1954.2c.2025.7136849-21.doc.1","dc_source":"https://api1.ibabs.eu/publicdownload.aspx?site=Beekdaelen&id=692ec061-2ad8-4378-87c6-a413602fdb7c","dc_title":"Motie VVD inzake cadeaukaart M10 INGETROKKEN","dc_type":"bijlage","foi_fairiscoreVersions":{"v1":1,"v2":1},"foi_fileName":"Motie%20VVD%20inzake%20cadeaukaart%20M10%20INGETROKKEN.pdf","foi_nrPages":1}],"foi_nrDocuments":1,"foi_nrPagesInDossier":1,"foi_publishedDate":"2025-07-01","foi_retrievedDate":"2026-01-22"},{"dc_creator":"HandelingScraper_v1","dc_date_year":2025,"dc_description":"Vergadering van de Gemeente Beekdaelen op 2025-07-01. Onderdeel: Vaststelling lijst ingekomen stukken.","dc_identifier":"nl.gm1954.2c.2025.7136849-22","dc_publisher":"gm1954","dc_source":"https://beekdaelen.bestuurlijkeinformatie.nl/Agenda/Index/34f9efa5-5744-4e34-86fe-93d83618d4c2","dc_title":"Raadsvergadering 2025-07-01 - Vaststelling lijst ingekomen stukken","dc_type":"2c","dc_type_description":"Vergaderstuk decentrale overheid","foi_fairiscoreVersions":{"v1":1,"v2":1},"foi_files":[{"dc_format":"application/pdf","dc_identifier":"nl.gm1954.2c.2025.7136849-22.doc.1","dc_source":"https://api1.ibabs.eu/publicdownload.aspx?site=Beekdaelen&id=ceca028a-e4a5-4ab8-8396-a50d99db020e","dc_title":"Lijst ingekomen stukken raad - vastgesteld 01-07-2025","dc_type":"bijlage","foi_fairiscoreVersions":{"v1":1,"v2":1},"foi_fileName":"Lijst%20ingekomen%20stukken%20raad.pdf","foi_nrPages":6}],"foi_nrDocuments":1,"foi_nrPagesInDossier":6,"foi_publishedDate":"2025-07-01","foi_retrievedDate":"2025-12-02"},{"dc_creator":"HandelingScraper_v1","dc_date_year":2025,"dc_description":"Vergadering van de Gemeente Beekdaelen op 2025-07-01. Onderdeel: Voorstel inzake toelating en be\u00ebdiging raadslid.","dc_identifier":"nl.gm1954.2c.2025.7136849-3","dc_publisher":"gm1954","dc_source":"https://beekdaelen.bestuurlijkeinformatie.nl/Agenda/Index/34f9efa5-5744-4e34-86fe-93d83618d4c2","dc_title":"Raadsvergadering 2025-07-01 - Voorstel inzake toelating en be\u00ebdiging raadslid","dc_type":"2c","dc_type_description":"Vergaderstuk decentrale overheid","foi_fairiscoreVersions":{"v1":1,"v2":1},"foi_files":[{"dc_format":"application/pdf","dc_identifier":"nl.gm1954.2c.2025.7136849-3.doc.2","dc_source":"https://api1.ibabs.eu/publicdownload.aspx?site=Beekdaelen&id=e98ecd66-11f9-48dd-b465-5fd5e70229e5","dc_title":"Raadsbesluit inzake toelating en be\u00ebdiging raadslid - vastgesteld 01-07-2025","dc_type":"bijlage","foi_fairiscoreVersions":{"v1":1,"v2":1},"foi_fileName":"Raadsbesluit%20inzake%20toelating%20en%20be%C3%ABdiging%20raadslid.pdf","foi_nrPages":1},{"dc_format":"application/pdf","dc_identifier":"nl.gm1954.2c.2025.7136849-3.doc.1","dc_source":"https://api1.ibabs.eu/publicdownload.aspx?site=Beekdaelen&id=821da869-56d5-40e6-9c22-cd1e1748c3c5","dc_title":"Raadsvoorstel inzake toelating en be\u00ebdiging raadslid","dc_type":"bijlage","foi_fairiscoreVersions":{"v1":1,"v2":1},"foi_fileName":"Raadsvoorstel%20inzake%20toelating%20en%20be%C3%ABdiging%20raadslid.pdf","foi_nrPages":1}],"foi_nrDocuments":2,"foi_nrPagesInDossier":2,"foi_publishedDate":"2025-07-01","foi_retrievedDate":"2026-03-03"},{"dc_creator":"HandelingScraper_v1","dc_date_year":2025,"dc_description":"Vergadering van de Gemeente Beekdaelen op 2025-07-01. Onderdeel: Voorstel inzake benoemingen in audit- en vertrouwenscommissie.","dc_identifier":"nl.gm1954.2c.2025.7136849-4","dc_publisher":"gm1954","dc_source":"https://beekdaelen.bestuurlijkeinformatie.nl/Agenda/Index/34f9efa5-5744-4e34-86fe-93d83618d4c2","dc_title":"Raadsvergadering 2025-07-01 - Voorstel inzake benoemingen in audit- en vertrouwenscommissie","dc_type":"2c","dc_type_description":"Vergaderstuk decentrale overheid","foi_fairiscoreVersions":{"v1":1,"v2":1},"foi_files":[{"dc_format":"application/pdf","dc_identifier":"nl.gm1954.2c.2025.7136849-4.doc.3","dc_source":"https://api1.ibabs.eu/publicdownload.aspx?site=Beekdaelen&id=4a23b9ec-1d2e-4bd6-b4aa-01eff8476b2d","dc_title":"Raadsbesluit inzake benoemingen in vertrouwens- en auditcommissie VERVALLEN","dc_type":"bijlage","foi_fairiscoreVersions":{"v1":1,"v2":1},"foi_fileName":"Raadsbesluit%20inzake%20benoemingen%20in%20vertrouwens-%20en%20auditcommissie.pdf","foi_nrPages":1},{"dc_format":"application/pdf","dc_identifier":"nl.gm1954.2c.2025.7136849-4.doc.2","dc_source":"https://api1.ibabs.eu/publicdownload.aspx?site=Beekdaelen&id=1fb84f53-24e4-4c6d-9a76-cbfe28587ff3","dc_title":"Raadsbesluit inzake benoemingen in vertrouwens- en auditcommissie - geamendeerd vastgesteld 01-07-2025","dc_type":"bijlage","foi_fairiscoreVersions":{"v1":1,"v2":1},"foi_fileName":"Raadsbesluit%20inzake%20benoemingen%20in%20vertrouwens-%20en%20auditcommissie%20GEAMENDEERD.pdf","foi_nrPages":1},{"dc_format":"application/pdf","dc_identifier":"nl.gm1954.2c.2025.7136849-4.doc.1","dc_source":"https://api1.ibabs.eu/publicdownload.aspx?site=Beekdaelen&id=2463dac3-2d73-481f-9ce6-cab6b3463338","dc_title":"Raadsvoorstel inzake benoemingen in vertrouwens- en auditcommissie","dc_type":"bijlage","foi_fairiscoreVersions":{"v1":1,"v2":1},"foi_fileName":"Raadsvoorstel%20inzake%20benoemingen%20in%20vertrouwens-%20en%20auditcommissie.pdf","foi_nrPages":1}],"foi_nrDocuments":3,"foi_nrPagesInDossier":3,"foi_publishedDate":"2025-07-01","foi_retrievedDate":"2026-02-05"},{"dc_creator":"HandelingScraper_v1","dc_date_year":2025,"dc_description":"Vergadering van de Gemeente Beekdaelen op 2025-07-01. Onderdeel: Amendement PvdA en GL inzake benoeming commissieleden.","dc_identifier":"nl.gm1954.2c.2025.7136849-5","dc_publisher":"gm1954","dc_source":"https://beekdaelen.bestuurlijkeinformatie.nl/Agenda/Index/34f9efa5-5744-4e34-86fe-93d83618d4c2","dc_title":"Raadsvergadering 2025-07-01 - Amendement PvdA en GL inzake benoeming commissieleden","dc_type":"2c","dc_type_description":"Vergaderstuk decentrale overheid","foi_fairiscoreVersions":{"v1":1,"v2":1},"foi_files":[{"dc_format":"application/pdf","dc_identifier":"nl.gm1954.2c.2025.7136849-5.doc.1","dc_source":"https://api1.ibabs.eu/publicdownload.aspx?site=Beekdaelen&id=daa95898-0780-4f67-924a-610216cd0a13","dc_title":"Amendement PvdA en GL inzake benoeming commissieleden","dc_type":"bijlage","foi_fairiscoreVersions":{"v1":1,"v2":1},"foi_fileName":"Amendement%20PvdA%20en%20GL%20inzake%20benoeming%20commissieleden.pdf","foi_nrPages":1}],"foi_nrDocuments":1,"foi_nrPagesInDossier":1,"foi_publishedDate":"2025-07-01","foi_retrievedDate":"2026-03-01"},{"dc_creator":"HandelingScraper_v1","dc_date_year":2025,"dc_description":"Vergadering van de Gemeente Beekdaelen op 2025-07-01. Onderdeel: Voorstel inzake Eerste bestuursrapportage 2025.","dc_identifier":"nl.gm1954.2c.2025.7136849-6","dc_publisher":"gm1954","dc_source":"https://beekdaelen.bestuurlijkeinformatie.nl/Agenda/Index/34f9efa5-5744-4e34-86fe-93d83618d4c2","dc_title":"Raadsvergadering 2025-07-01 - Voorstel inzake Eerste bestuursrapportage 2025","dc_type":"2c","dc_type_description":"Vergaderstuk decentrale overheid","foi_fairiscoreVersions":{"v1":null,"v2":null},"foi_files":[{"dc_format":"application/pdf","dc_identifier":"nl.gm1954.2c.2025.7136849-6.doc.1","dc_source":"https://api1.ibabs.eu/publicdownload.aspx?site=Beekdaelen&id=9328b809-701e-4033-aaa8-7db9fa07a26f","dc_title":"Raadsvoorstel eerste bestuursrapportage 2025","dc_type":"bijlage","foi_fileName":"Raadsvoorstel%20eerste%20bestuursrapportage%202025.pdf"},{"dc_format":"application/pdf","dc_identifier":"nl.gm1954.2c.2025.7136849-6.doc.5","dc_source":"https://api1.ibabs.eu/publicdownload.aspx?site=Beekdaelen&id=02e4ab4e-7faa-4f88-b114-161fd35c4ed1","dc_title":"Raadsvoorstel inzake eerste bestuursrapportage 2025 VERVALLEN","dc_type":"bijlage","foi_fileName":"Z%2F25%2F214532%20-%20388921%20-%20Eerste%20bestuursrapportage%202025.pdf"},{"dc_format":"application/pdf","dc_identifier":"nl.gm1954.2c.2025.7136849-6.doc.2","dc_source":"https://api1.ibabs.eu/publicdownload.aspx?site=Beekdaelen&id=7d786dcb-4fb6-406a-95df-e5aac3dc4167","dc_title":"Raadsbesluit inzake eerste bestuursrapportage 2025 - vastgesteld 01-07-2025","dc_type":"bijlage","foi_fileName":"Z%2F25%2F214532%20-%20388922%20-%20Eerste%20bestuursrapportage%202025.pdf"},{"dc_format":"application/pdf","dc_identifier":"nl.gm1954.2c.2025.7136849-6.doc.4","dc_source":"https://api1.ibabs.eu/publicdownload.aspx?site=Beekdaelen&id=87d6c46c-56c2-4352-9e1e-96f2bd167dcd","dc_title":"Bijlage: Begrotingswijziging bij eerste bestuursrapportage 2025","dc_type":"bijlage","foi_fileName":"Z%2F25%2F214532%20-%20388925%20-%20Begrotingswijziging%206%20eerste%20bestuursrapportage%202025.pdf"},{"dc_format":"application/pdf","dc_identifier":"nl.gm1954.2c.2025.7136849-6.doc.3","dc_source":"https://api1.ibabs.eu/publicdownload.aspx?site=Beekdaelen&id=36840af2-1069-4df4-b5b4-564762da02ac","dc_title":"Bijlage: Eerste bestuursrapportage 2025","dc_type":"bijlage","foi_fileName":"Z%2F25%2F214532%20-%20388928%20-%20Eerste%20bestuursrapportage%202025.pdf"}],"foi_nrDocuments":5,"foi_nrPagesInDossier":0,"foi_publishedDate":"2025-07-01","foi_retrievedDate":"2025-12-01"},{"dc_creator":"HandelingScraper_v1","dc_date_year":2025,"dc_description":"Vergadering van de Gemeente Beekdaelen op 2025-07-01. Onderdeel: Voorstel inzake Jaarstukken 2024.","dc_identifier":"nl.gm1954.2c.2025.7136849-7","dc_publisher":"gm1954","dc_source":"https://beekdaelen.bestuurlijkeinformatie.nl/Agenda/Index/34f9efa5-5744-4e34-86fe-93d83618d4c2","dc_title":"Raadsvergadering 2025-07-01 - Voorstel inzake Jaarstukken 2024","dc_type":"2c","dc_type_description":"Vergaderstuk decentrale overheid","foi_fairiscoreVersions":{"v1":2,"v2":2},"foi_files":[{"dc_format":"application/pdf","dc_identifier":"nl.gm1954.2c.2025.7136849-7.doc.4","dc_source":"https://api1.ibabs.eu/publicdownload.aspx?site=Beekdaelen&id=fc09af18-416a-45ab-a4c1-2889ed193429","dc_title":"Gemeente Beekdaelen - Accountantsverslag 2024 (vz) Definitief","dc_type":"bijlage","foi_fairiscoreVersions":{"v1":2,"v2":2},"foi_fileName":"Gemeente%20Beekdaelen%20-%20Accountantsverslag%202024%20%28vz%29.pdf","foi_nrPages":30},{"dc_format":"application/pdf","dc_identifier":"nl.gm1954.2c.2025.7136849-7.doc.5","dc_source":"https://api1.ibabs.eu/publicdownload.aspx?site=Beekdaelen&id=f7d7b88f-b80a-49ca-8660-cc1c502659dc","dc_title":"Gemeente Beekdaelen - Concept accountantsverslag 2024","dc_type":"bijlage","foi_fairiscoreVersions":{"v1":2,"v2":2},"foi_fileName":"Gemeente%20Beekdaelen%20-%20Concept%20accountantsverslag%202024.pdf","foi_nrPages":29},{"dc_format":"application/pdf","dc_identifier":"nl.gm1954.2c.2025.7136849-7.doc.3","dc_source":"https://api1.ibabs.eu/publicdownload.aspx?site=Beekdaelen&id=b9abbcf6-6554-4391-bf41-70d3327388fe","dc_title":"Jaarstukken 2024","dc_type":"bijlage","foi_fairiscoreVersions":{"v1":2,"v2":1},"foi_fileName":"Jaarstukken%202024.pdf","foi_nrPages":195},{"dc_format":"application/pdf","dc_identifier":"nl.gm1954.2c.2025.7136849-7.doc.2","dc_source":"https://api1.ibabs.eu/publicdownload.aspx?site=Beekdaelen&id=4379606d-3f6c-48ea-9b77-ddf80376b0f1","dc_title":"Raadsbesluit inzake jaarstukken 2024 - vastgesteld 01-07-2025","dc_type":"bijlage","foi_fairiscoreVersions":{"v1":1,"v2":1},"foi_fileName":"Raadsbesluit%20jaarstukken%202024.pdf","foi_nrPages":1},{"dc_format":"application/pdf","dc_identifier":"nl.gm1954.2c.2025.7136849-7.doc.1","dc_source":"https://api1.ibabs.eu/publicdownload.aspx?site=Beekdaelen&id=5883a93d-03b1-4d2e-b80c-40ca89b71a7a","dc_title":"Raadsvoorstel inzake jaarstukken 2024","dc_type":"bijlage","foi_fairiscoreVersions":{"v1":1,"v2":1},"foi_fileName":"Raadsvoorstel%20jaarstukken%202024.pdf","foi_nrPages":9}],"foi_nrDocuments":5,"foi_nrPagesInDossier":264,"foi_publishedDate":"2025-07-01","foi_retrievedDate":"2026-03-03"},{"dc_creator":"HandelingScraper_v1","dc_date_year":2025,"dc_description":"Vergadering van de Gemeente Beekdaelen op 2025-07-01. Onderdeel: Voorstel inzake Nieuwbouw gemeentehuis Deweverplein.","dc_identifier":"nl.gm1954.2c.2025.7136849-8","dc_publisher":"gm1954","dc_source":"https://beekdaelen.bestuurlijkeinformatie.nl/Agenda/Index/34f9efa5-5744-4e34-86fe-93d83618d4c2","dc_title":"Raadsvergadering 2025-07-01 - Voorstel inzake Nieuwbouw gemeentehuis Deweverplein","dc_type":"2c","dc_type_description":"Vergaderstuk decentrale overheid","foi_fairiscoreVersions":{"v1":2,"v2":2},"foi_files":[{"dc_format":"application/pdf","dc_identifier":"nl.gm1954.2c.2025.7136849-8.doc.4","dc_source":"https://api1.ibabs.eu/publicdownload.aspx?site=Beekdaelen&id=8cc256d2-15d6-41e2-b8f5-5824d351fa7c","dc_title":"Bijlage: Impressie gemeentehuis Deweverplein","dc_type":"bijlage","foi_fairiscoreVersions":{"v1":3,"v2":3},"foi_fileName":"Bijlage%201%20Impressie%20gemeentehuis%20Deweverplein.pdf","foi_nrPages":13},{"dc_format":"application/pdf","dc_identifier":"nl.gm1954.2c.2025.7136849-8.doc.6","dc_source":"https://api1.ibabs.eu/publicdownload.aspx?site=Beekdaelen&id=72f65abb-7bda-469a-a4b7-c2cd61fe1b52","dc_title":"Bijlage: Ruimtelijk en Functioneel Programma van Eisen definitieve huisvesting Beekdaelen - pag 29","dc_type":"bijlage","foi_fairiscoreVersions":{"v1":1,"v2":1},"foi_fileName":"Bijlage%203%20-%20Ruimtelijk%20en%20Functioneel%20Programma%20van%20Eisen%20definitieve%20huisvesting%20Beekdaelen%20-%20pag%2029.pdf","foi_nrPages":1},{"dc_format":"application/pdf","dc_identifier":"nl.gm1954.2c.2025.7136849-8.doc.3","dc_source":"https://api1.ibabs.eu/publicdownload.aspx?site=Beekdaelen&id=03cd3da2-870c-4208-8132-5cc5defded77","dc_title":"Raadsbesluit inzake Nieuwbouw gemeentehuis Deweverplein VERVALLEN","dc_type":"bijlage","foi_fairiscoreVersions":{"v1":1,"v2":1},"foi_fileName":"Bijlage%204%20Raadsbesluit%20Nieuwbouw%20gemeentehuis%20Deweverplein.pdf","foi_nrPages":1},{"dc_format":"application/pdf","dc_identifier":"nl.gm1954.2c.2025.7136849-8.doc.7","dc_source":"https://api1.ibabs.eu/publicdownload.aspx?site=Beekdaelen&id=1f718be7-1c34-49b2-a4c3-18c659c566a7","dc_title":"Bijlage: Begrotingsvoorstel begrotingswijziging 7.1 Nieuwbouw gemeentehuis Deweverplein","dc_type":"bijlage","foi_fairiscoreVersions":{"v1":1,"v2":1},"foi_fileName":"Bijlage%205%20Begrotingsvoorstel%20begrotingswijziging%207.pdf","foi_nrPages":1},{"dc_format":"application/pdf","dc_identifier":"nl.gm1954.2c.2025.7136849-8.doc.10","dc_source":"https://api1.ibabs.eu/publicdownload.aspx?site=Beekdaelen&id=18c799b7-5d89-48ec-977c-fde69b7797e7","dc_title":"Globale planning","dc_type":"bijlage","foi_fairiscoreVersions":{"v1":1,"v2":1},"foi_fileName":"Globale%20planning.pdf","foi_nrPages":2},{"dc_format":"application/pdf","dc_identifier":"nl.gm1954.2c.2025.7136849-8.doc.11","dc_source":"https://api1.ibabs.eu/publicdownload.aspx?site=Beekdaelen&id=d27fa64d-81ff-4659-91db-5bb2dcba2e73","dc_title":"MvA op vragen die tijdens vergadering niet beantwoord konden worden mbt gemeentehuis","dc_type":"bijlage","foi_fairiscoreVersions":{"v1":1,"v2":1},"foi_fileName":"MvA%20op%20vragen%20die%20tijdens%20vergadering%20niet%20beantwoord%20konden%20worden%20mbt%20gemeentehuis.pdf","foi_nrPages":2},{"dc_format":"application/pdf","dc_identifier":"nl.gm1954.2c.2025.7136849-8.doc.9","dc_source":"https://api1.ibabs.eu/publicdownload.aspx?site=Beekdaelen&id=7f1004f3-17fa-413d-a60f-2807914252d5","dc_title":"MvA technische voorvragen commissie - VG -deel 2","dc_type":"bijlage","foi_fairiscoreVersions":{"v1":1,"v2":1},"foi_fileName":"MvA%20technische%20voorvragen%20commissie%20-%20VG%20-deel%202.pdf","foi_nrPages":5},{"dc_format":"application/pdf","dc_identifier":"nl.gm1954.2c.2025.7136849-8.doc.8","dc_source":"https://api1.ibabs.eu/publicdownload.aspx?site=Beekdaelen&id=783c6ea9-446f-4cb8-9d9d-042b83d17261","dc_title":"MvA technische voorvragen nav commissie BM 16 juni","dc_type":"bijlage","foi_fairiscoreVersions":{"v1":1,"v2":1},"foi_fileName":"MvA%20technische%20voorvragen%20nav%20commissie%20BM%2016%20juni.pdf","foi_nrPages":3},{"dc_format":"application/pdf","dc_identifier":"nl.gm1954.2c.2025.7136849-8.doc.5","dc_source":"https://api1.ibabs.eu/publicdownload.aspx?site=Beekdaelen&id=5142fb7e-8e52-4977-99c1-3b990e873bf7","dc_title":"Bijlage: Programma van eisen gemeentehuis Beekdaelen 270525","dc_type":"bijlage","foi_fairiscoreVersions":{"v1":2,"v2":1},"foi_fileName":"pve%20gemeentehuis%20Beekdaelen%20270525.pdf","foi_nrPages":31},{"dc_format":"application/pdf","dc_identifier":"nl.gm1954.2c.2025.7136849-8.doc.2","dc_source":"https://api1.ibabs.eu/publicdownload.aspx?site=Beekdaelen&id=dad12685-c94e-4413-acfb-334bc44428a7","dc_title":"Raadsbesluit inzake Nieuwbouw gemeentehuis Deweverplein - geamendeerd vastgesteld 01-07-2025","dc_type":"bijlage","foi_fairiscoreVersions":{"v1":1,"v2":1},"foi_fileName":"Raadsbesluit%20inzake%20Nieuwbouw%20gemeentehuis%20Deweverplein%20GEAMENDEERD.pdf","foi_nrPages":1},{"dc_format":"application/pdf","dc_identifier":"nl.gm1954.2c.2025.7136849-8.doc.1","dc_source":"https://api1.ibabs.eu/publicdownload.aspx?site=Beekdaelen&id=f8c96691-bf8c-4d7d-97e5-2bd4abe53207","dc_title":"Raadsvoorstel inzake Nieuwbouw gemeentehuis Deweverplein","dc_type":"bijlage","foi_fairiscoreVersions":{"v1":1,"v2":1},"foi_fileName":"Raadsvoorstel%20Nieuwbouw%20gemeentehuis%20Deweverplein.pdf","foi_nrPages":7}],"foi_nrDocuments":11,"foi_nrPagesInDossier":67,"foi_publishedDate":"2025-07-01","foi_retrievedDate":"2025-12-03"},{"dc_creator":"HandelingScraper_v1","dc_date_year":2025,"dc_description":"Vergadering van de Gemeente Beekdaelen op 2025-07-01. Onderdeel: Amendement GL inzake gemeentelijke huisvesting.","dc_identifier":"nl.gm1954.2c.2025.7136849-9","dc_publisher":"gm1954","dc_source":"https://beekdaelen.bestuurlijkeinformatie.nl/Agenda/Index/34f9efa5-5744-4e34-86fe-93d83618d4c2","dc_title":"Raadsvergadering 2025-07-01 - Amendement GL inzake gemeentelijke huisvesting","dc_type":"2c","dc_type_description":"Vergaderstuk decentrale overheid","foi_fairiscoreVersions":{"v1":1,"v2":1},"foi_files":[{"dc_format":"application/pdf","dc_identifier":"nl.gm1954.2c.2025.7136849-9.doc.1","dc_source":"https://api1.ibabs.eu/publicdownload.aspx?site=Beekdaelen&id=888ad1b9-b930-46f7-a235-830a3bcecfd9","dc_title":"Amendement GL inzake gemeentelijke huisvesting","dc_type":"bijlage","foi_fairiscoreVersions":{"v1":1,"v2":1},"foi_fileName":"Amendement%20GL%20inzake%20gemeentelijke%20huisvesting.pdf","foi_nrPages":1},{"dc_format":"application/pdf","dc_identifier":"nl.gm1954.2c.2025.7136849-9.doc.2","dc_source":"https://api1.ibabs.eu/publicdownload.aspx?site=Beekdaelen&id=c546474e-aeb3-4714-b433-fc7b4d69a752","dc_title":"Amendement PvdA en GL inzake gemeentelijke huisvesting VERVALLEN","dc_type":"bijlage","foi_fairiscoreVersions":{"v1":1,"v2":1},"foi_fileName":"Amendement%20PvdA%20en%20GL%20inzake%20gemeentelijke%20huisvesting.pdf","foi_nrPages":1}],"foi_nrDocuments":2,"foi_nrPagesInDossier":2,"foi_publishedDate":"2025-07-01","foi_retrievedDate":"2026-03-04"},{"dc_creator":"HandelingScraper_v1","dc_date_year":2025,"dc_description":"Vergadering van de Gemeente Beekdaelen op 2025-08-27. Onderdeel: Opening.","dc_identifier":"nl.gm1954.2c.2025.7209906-1","dc_publisher":"gm1954","dc_source":"https://beekdaelen.bestuurlijkeinformatie.nl/Agenda/Index/1c58764c-477d-41fd-b116-54a8e4565adb","dc_title":"Raadsvergadering 2025-08-27 - Opening","dc_type":"2c","dc_type_description":"Vergaderstuk decentrale overheid","foi_fairiscoreVersions":{"v1":1,"v2":1},"foi_files":[{"dc_format":"application/pdf","dc_identifier":"nl.gm1954.2c.2025.7209906-1.doc.1","dc_source":"https://api1.ibabs.eu/publicdownload.aspx?site=Beekdaelen&id=479e765c-3383-4f81-8926-77644cbbfcb0","dc_title":"Uitnodiging en voorlopige agenda raadsvergadering 27 augustus 2025","dc_type":"bijlage","foi_fairiscoreVersions":{"v1":1,"v2":1},"foi_fileName":"Uitnodiging%20en%20voorlopige%20agenda%20raadsvergadering%2027%20augustus%202025.pdf","foi_nrPages":1}],"foi_nrDocuments":1,"foi_nrPagesInDossier":1,"foi_publishedDate":"2025-08-27","foi_retrievedDate":"2026-03-02"},{"dc_creator":"HandelingScraper_v1","dc_date_year":2025,"dc_description":"Vergadering van de Gemeente Beekdaelen op 2025-08-27. Onderdeel: Voorstel inzake voorbereidingsbesluit (onder geheimhouding behandeld, openbaar vanaf 29 augustus 2025).","dc_identifier":"nl.gm1954.2c.2025.7209906-2","dc_publisher":"gm1954","dc_source":"https://beekdaelen.bestuurlijkeinformatie.nl/Agenda/Index/1c58764c-477d-41fd-b116-54a8e4565adb","dc_title":"Raadsvergadering 2025-08-27 - Voorstel inzake voorbereidingsbesluit (onder geheimhouding behandeld, openbaar vanaf 29 augustus 2025)","dc_type":"2c","dc_type_description":"Vergaderstuk decentrale overheid","foi_fairiscoreVersions":{"v1":1,"v2":1},"foi_files":[{"dc_format":"application/pdf","dc_identifier":"nl.gm1954.2c.2025.7209906-2.doc.2","dc_source":"https://api1.ibabs.eu/publicdownload.aspx?site=Beekdaelen&id=5840642b-c0b1-4aeb-b996-0e8bff626113","dc_title":"Raadsbesluit inzake het reguleren van het verrichten van nieuwe  zorg-activiteiten zonder omgevingsvergunning in de gemeente - vastgesteld 27-08-2025","dc_type":"bijlage","foi_fairiscoreVersions":{"v1":1,"v2":1},"foi_fileName":"def%20-%20Raadsbesluit%20CORRECT.pdf","foi_nrPages":4},{"dc_format":"application/pdf","dc_identifier":"nl.gm1954.2c.2025.7209906-2.doc.1","dc_source":"https://api1.ibabs.eu/publicdownload.aspx?site=Beekdaelen&id=5aba81fb-8e06-4991-9d87-41de9915e443","dc_title":"Raadsvoorstel inzake het reguleren van het verrichten van nieuwe  zorg-activiteiten zonder omgevingsvergunning in de gemeente","dc_type":"bijlage","foi_fairiscoreVersions":{"v1":1,"v2":1},"foi_fileName":"def%20-%20Raadsvoorstel%20CORRECT.pdf","foi_nrPages":3},{"dc_format":"application/pdf","dc_identifier":"nl.gm1954.2c.2025.7209906-2.doc.3","dc_source":"https://api1.ibabs.eu/publicdownload.aspx?site=Beekdaelen&id=bd04c0f7-1bdd-4d75-9d21-216bd23e469d","dc_title":"Voorbereidingsbesluit inzake het reguleren van het verrichten van nieuwe  zorg-activiteiten zonder omgevingsvergunning in de gemeente.","dc_type":"bijlage","foi_fairiscoreVersions":{"v1":1,"v2":1},"foi_fileName":"Voorbereidingsbesluit.pdf","foi_nrPages":3}],"foi_nrDocuments":3,"foi_nrPagesInDossier":10,"foi_publishedDate":"2025-08-27","foi_retrievedDate":"2025-11-30"},{"dc_creator":"HandelingScraper_v1","dc_date_year":2025,"dc_description":"Vergadering van de Gemeente Beekdaelen op 2025-09-02. Onderdeel: Algemeen.","dc_identifier":"nl.gm1954.2c.2025.7216598-1","dc_publisher":"gm1954","dc_source":"https://beekdaelen.bestuurlijkeinformatie.nl/Agenda/Index/2b14af27-db06-4511-bedf-38455398fac3","dc_title":"Raadscommissie Sociale Leefomgeving 2025-09-02 - Algemeen","dc_type":"2c","dc_type_description":"Vergaderstuk decentrale overheid","foi_fairiscoreVersions":{"v1":1,"v2":1},"foi_files":[{"dc_format":"application/pdf","dc_identifier":"nl.gm1954.2c.2025.7216598-1.doc.5","dc_source":"https://api1.ibabs.eu/publicdownload.aspx?site=Beekdaelen&id=ffe74296-5b63-455e-86a8-01c8f4ca0c30","dc_title":"Technische vragen BL SLO B1","dc_type":"bijlage","foi_fairiscoreVersions":{"v1":1,"v2":1},"foi_fileName":"Technische%20vragen%20BL%20SLO%20B1.pdf","foi_nrPages":1},{"dc_format":"application/pdf","dc_identifier":"nl.gm1954.2c.2025.7216598-1.doc.1","dc_source":"https://api1.ibabs.eu/publicdownload.aspx?site=Beekdaelen&id=da42c8cd-d7a4-42e3-8bd1-ce92243f7246","dc_title":"Technische vragen GL PvdA SLO B1","dc_type":"bijlage","foi_fairiscoreVersions":{"v1":1,"v2":1},"foi_fileName":"Technische%20vragen%20GL%20PvdA%20SLO%20B1.pdf","foi_nrPages":1},{"dc_format":"application/pdf","dc_identifier":"nl.gm1954.2c.2025.7216598-1.doc.2","dc_source":"https://api1.ibabs.eu/publicdownload.aspx?site=Beekdaelen&id=124d841c-1f1b-485a-a8ce-fa0d57f2604d","dc_title":"Technische vragen GL PvdA SLO B2","dc_type":"bijlage","foi_fairiscoreVersions":{"v1":1,"v2":1},"foi_fileName":"Technische%20vragen%20GL%20PvdA%20SLO%20B2.pdf","foi_nrPages":1},{"dc_format":"application/pdf","dc_identifier":"nl.gm1954.2c.2025.7216598-1.doc.4","dc_source":"https://api1.ibabs.eu/publicdownload.aspx?site=Beekdaelen&id=e9b9c863-d28c-44cb-a8bd-127893b449c8","dc_title":"Technische vragen Rijkx Koll\u00e9e SLO B2","dc_type":"bijlage","foi_fairiscoreVersions":{"v1":1,"v2":1},"foi_fileName":"Technische%20vragen%20Rijkx%20Koll%C3%A9e%20SLO%20B2.pdf","foi_nrPages":1},{"dc_format":"application/pdf","dc_identifier":"nl.gm1954.2c.2025.7216598-1.doc.3","dc_source":"https://api1.ibabs.eu/publicdownload.aspx?site=Beekdaelen&id=14d3386f-bfd9-4c46-b8d0-19735195f96d","dc_title":"Technische vragen VG SLO B1 en B2","dc_type":"bijlage","foi_fairiscoreVersions":{"v1":1,"v2":1},"foi_fileName":"Technische%20vragen%20VG%20SLO%20B1%20en%20B2.pdf","foi_nrPages":4}],"foi_nrDocuments":5,"foi_nrPagesInDossier":8,"foi_publishedDate":"2025-09-02","foi_retrievedDate":"2026-03-01"},{"dc_creator":"HandelingScraper_v1","dc_date_year":2025,"dc_description":"Vergadering van de Gemeente Beekdaelen op 2025-09-02. Onderdeel: Opening, mededelingen voorzitter en vaststellen agenda..","dc_identifier":"nl.gm1954.2c.2025.7216598-2","dc_publisher":"gm1954","dc_source":"https://beekdaelen.bestuurlijkeinformatie.nl/Agenda/Index/2b14af27-db06-4511-bedf-38455398fac3","dc_title":"Raadscommissie Sociale Leefomgeving 2025-09-02 - Opening, mededelingen voorzitter en vaststellen agenda.","dc_type":"2c","dc_type_description":"Vergaderstuk decentrale overheid","foi_fairiscoreVersions":{"v1":1,"v2":1},"foi_files":[{"dc_format":"application/octet-stream","dc_identifier":"nl.gm1954.2c.2025.7216598-2.doc.2","dc_source":"https://api1.ibabs.eu/publicdownload.aspx?site=Beekdaelen&id=9240e4de-1cbd-4d16-9e4e-52908f7544d3","dc_title":"A1 tm A3","dc_type":"bijlage","foi_fileName":"A1%20tm%20A3.mp3","foi_nrPages":1},{"dc_format":"application/pdf","dc_identifier":"nl.gm1954.2c.2025.7216598-2.doc.1","dc_source":"https://api1.ibabs.eu/publicdownload.aspx?site=Beekdaelen&id=7c40c9f1-003b-4d2e-a8ed-c469bff3c3e0","dc_title":"Uitnodiging en voorlopige agenda cie. SLO 02092025","dc_type":"bijlage","foi_fairiscoreVersions":{"v1":1,"v2":1},"foi_fileName":"Uitnodiging%20en%20voorlopige%20agenda%20cie.pdf","foi_nrPages":1}],"foi_nrDocuments":2,"foi_nrPagesInDossier":2,"foi_publishedDate":"2025-09-02","foi_retrievedDate":"2026-03-01"},{"dc_creator":"HandelingScraper_v1","dc_date_year":2025,"dc_description":"Vergadering van de Gemeente Beekdaelen op 2025-09-02. Onderdeel: Spreekrecht burgers..","dc_identifier":"nl.gm1954.2c.2025.7216598-3","dc_publisher":"gm1954","dc_source":"https://beekdaelen.bestuurlijkeinformatie.nl/Agenda/Index/2b14af27-db06-4511-bedf-38455398fac3","dc_title":"Raadscommissie Sociale Leefomgeving 2025-09-02 - Spreekrecht burgers.","dc_type":"2c","dc_type_description":"Vergaderstuk decentrale overheid","foi_fairiscoreVersions":{"v1":null,"v2":null},"foi_files":[{"dc_format":"application/octet-stream","dc_identifier":"nl.gm1954.2c.2025.7216598-3.doc.1","dc_source":"https://api1.ibabs.eu/publicdownload.aspx?site=Beekdaelen&id=900d3968-4cf9-46da-a99f-7fd0488e45c3","dc_title":"A1 tm A3","dc_type":"bijlage","foi_fileName":"A1%20tm%20A3.mp3"}],"foi_nrDocuments":1,"foi_nrPagesInDossier":0,"foi_publishedDate":"2025-09-02","foi_retrievedDate":"2026-01-22"},{"dc_creator":"HandelingScraper_v1","dc_date_year":2025,"dc_description":"Vergadering van de Gemeente Beekdaelen op 2025-09-02. Onderdeel: De inwoner spreekt.","dc_identifier":"nl.gm1954.2c.2025.7216598-4","dc_publisher":"gm1954","dc_source":"https://beekdaelen.bestuurlijkeinformatie.nl/Agenda/Index/2b14af27-db06-4511-bedf-38455398fac3","dc_title":"Raadscommissie Sociale Leefomgeving 2025-09-02 - De inwoner spreekt","dc_type":"2c","dc_type_description":"Vergaderstuk decentrale overheid","foi_fairiscoreVersions":{"v1":null,"v2":null},"foi_files":[{"dc_format":"application/octet-stream","dc_identifier":"nl.gm1954.2c.2025.7216598-4.doc.1","dc_source":"https://api1.ibabs.eu/publicdownload.aspx?site=Beekdaelen&id=3b72d154-b2fc-4897-a72f-25319bf730a8","dc_title":"A1 tm A3","dc_type":"bijlage","foi_fileName":"A1%20tm%20A3.mp3","foi_nrPages":1}],"foi_nrDocuments":1,"foi_nrPagesInDossier":1,"foi_publishedDate":"2025-09-02","foi_retrievedDate":"2026-03-01"},{"dc_creator":"HandelingScraper_v1","dc_date_year":2025,"dc_description":"Vergadering van de Gemeente Beekdaelen op 2025-09-02. Onderdeel: Vaststellen actiepuntenlijst van de raadscommissie Sociale Leefomgeving d.d. 13 mei 2025.","dc_identifier":"nl.gm1954.2c.2025.7216598-5","dc_publisher":"gm1954","dc_source":"https://beekdaelen.bestuurlijkeinformatie.nl/Agenda/Index/2b14af27-db06-4511-bedf-38455398fac3","dc_title":"Raadscommissie Sociale Leefomgeving 2025-09-02 - Vaststellen actiepuntenlijst van de raadscommissie Sociale Leefomgeving d.d. 13 mei 2025","dc_type":"2c","dc_type_description":"Vergaderstuk decentrale overheid","foi_fairiscoreVersions":{"v1":null,"v2":null},"foi_files":[{"dc_format":"application/octet-stream","dc_identifier":"nl.gm1954.2c.2025.7216598-5.doc.2","dc_source":"https://api1.ibabs.eu/publicdownload.aspx?site=Beekdaelen&id=7ba366a2-73a0-4520-835a-7f0cbf62712c","dc_title":"A1 tm A3","dc_type":"bijlage","foi_fileName":"A1%20tm%20A3.mp3"},{"dc_format":"application/pdf","dc_identifier":"nl.gm1954.2c.2025.7216598-5.doc.1","dc_source":"https://api1.ibabs.eu/publicdownload.aspx?site=Beekdaelen&id=8a0e3bc3-c38c-4444-accb-c3b3e6767f43","dc_title":"Actiepuntenlijst cie SLO 13052025","dc_type":"bijlage","foi_fileName":"Actiepuntenlijst%20cie%20SLO%2013052025.pdf"}],"foi_nrDocuments":2,"foi_nrPagesInDossier":0,"foi_publishedDate":"2025-09-02","foi_retrievedDate":"2025-11-30"},{"dc_creator":"HandelingScraper_v1","dc_date_year":2025,"dc_description":"Vergadering van de Gemeente Beekdaelen op 2025-09-02. Onderdeel: Raadsvoorstel inzake: \"Regionaal Gezondheidsbeleid 2025 - 2030\".","dc_identifier":"nl.gm1954.2c.2025.7216598-6","dc_publisher":"gm1954","dc_source":"https://beekdaelen.bestuurlijkeinformatie.nl/Agenda/Index/2b14af27-db06-4511-bedf-38455398fac3","dc_title":"Raadscommissie Sociale Leefomgeving 2025-09-02 - Raadsvoorstel inzake: \"Regionaal Gezondheidsbeleid 2025 - 2030\"","dc_type":"2c","dc_type_description":"Vergaderstuk decentrale overheid","foi_fairiscoreVersions":{"v1":2,"v2":2},"foi_files":[{"dc_format":"application/octet-stream","dc_identifier":"nl.gm1954.2c.2025.7216598-6.doc.10","dc_source":"https://api1.ibabs.eu/publicdownload.aspx?site=Beekdaelen&id=b03a2dbf-12e1-4482-b2b1-62b56f4479a0","dc_title":"B1 1e termijn","dc_type":"bijlage","foi_fileName":"B1%201e%20termijn.mp3"},{"dc_format":"application/octet-stream","dc_identifier":"nl.gm1954.2c.2025.7216598-6.doc.12","dc_source":"https://api1.ibabs.eu/publicdownload.aspx?site=Beekdaelen&id=147ac06b-a0a2-4cab-ba9d-fb95eb49abc2","dc_title":"B1 2e termijn","dc_type":"bijlage","foi_fileName":"B1%202e%20termijn.mp3"},{"dc_format":"application/octet-stream","dc_identifier":"nl.gm1954.2c.2025.7216598-6.doc.14","dc_source":"https://api1.ibabs.eu/publicdownload.aspx?site=Beekdaelen&id=7f22ee71-ceee-414e-8321-afd2c15b0db7","dc_title":"B1 advies commissie","dc_type":"bijlage","foi_fileName":"B1%20advies%20commissie.mp3"},{"dc_format":"application/octet-stream","dc_identifier":"nl.gm1954.2c.2025.7216598-6.doc.11","dc_source":"https://api1.ibabs.eu/publicdownload.aspx?site=Beekdaelen&id=f306d43d-6dd0-41bf-b934-e0a732dcbd4d","dc_title":"B1 beantwoording 1e termijn","dc_type":"bijlage","foi_fileName":"B1%20beantwoording%201e%20termijn.mp3"},{"dc_format":"application/octet-stream","dc_identifier":"nl.gm1954.2c.2025.7216598-6.doc.13","dc_source":"https://api1.ibabs.eu/publicdownload.aspx?site=Beekdaelen&id=3032fcf5-b848-497e-ac0a-571a58f65905","dc_title":"B1 beantwoording 2e termijn","dc_type":"bijlage","foi_fileName":"B1%20beantwoording%202e%20termijn.mp3"},{"dc_format":"application/pdf","dc_identifier":"nl.gm1954.2c.2025.7216598-6.doc.2","dc_source":"https://api1.ibabs.eu/publicdownload.aspx?site=Beekdaelen&id=542f9785-fa23-4648-b589-aed2f70373b8","dc_title":"Raadsbesluit inzake Regionaal Gezondheidsbeleid 2025-2030 - vastgesteld 16-09-2025","dc_type":"bijlage","foi_fairiscoreVersions":{"v1":1,"v2":1},"foi_fileName":"concept%20raadsbesluit%20gezondheidsbeleid.pdf","foi_nrPages":1},{"dc_format":"application/pdf","dc_identifier":"nl.gm1954.2c.2025.7216598-6.doc.8","dc_source":"https://api1.ibabs.eu/publicdownload.aspx?site=Beekdaelen&id=240eeceb-5712-4980-b6fe-10c269566cc5","dc_title":"MvA technische vragen BL SLO B1","dc_type":"bijlage","foi_fairiscoreVersions":{"v1":1,"v2":1},"foi_fileName":"MvA%20technische%20vragen%20BL%20SLO%20B1.pdf","foi_nrPages":2},{"dc_format":"application/pdf","dc_identifier":"nl.gm1954.2c.2025.7216598-6.doc.7","dc_source":"https://api1.ibabs.eu/publicdownload.aspx?site=Beekdaelen&id=5d210f74-b2e1-42ce-8aa9-78df9d385bb5","dc_title":"MvA technische vragen GL PvdA SLO B1","dc_type":"bijlage","foi_fairiscoreVersions":{"v1":1,"v2":1},"foi_fileName":"MvA%20technische%20vragen%20GL%20PvdA%20SLO%20B1.pdf","foi_nrPages":3},{"dc_format":"application/pdf","dc_identifier":"nl.gm1954.2c.2025.7216598-6.doc.9","dc_source":"https://api1.ibabs.eu/publicdownload.aspx?site=Beekdaelen&id=1c31c350-f48b-4a16-a18e-3997454b5b1b","dc_title":"MvA technische vragen VG SLO B1","dc_type":"bijlage","foi_fairiscoreVersions":{"v1":1,"v2":1},"foi_fileName":"MvA%20technische%20vragen%20VG%20SLO%20B1.pdf","foi_nrPages":4},{"dc_format":"application/pdf","dc_identifier":"nl.gm1954.2c.2025.7216598-6.doc.3","dc_source":"https://api1.ibabs.eu/publicdownload.aspx?site=Beekdaelen&id=d1b58c73-383c-443a-8f72-406118aea1ff","dc_title":"Bijlage:  Regionaal Gezondheidsbeleid 2025-2030 \u2018Gezondheid nu voor later!\u2019","dc_type":"bijlage","foi_fairiscoreVersions":{"v1":2,"v2":2},"foi_fileName":"Z%2F25%2F214417%20-%20388149%20-%20Regionaal%20Gezondheidsbeleid%202025-2030.pdf","foi_nrPages":56},{"dc_format":"application/pdf","dc_identifier":"nl.gm1954.2c.2025.7216598-6.doc.6","dc_source":"https://api1.ibabs.eu/publicdownload.aspx?site=Beekdaelen&id=7e660a19-c25f-4b8e-9d14-d128f4833069","dc_title":"Bijlage: Bijlage bij concept reactie op advies (addendum)","dc_type":"bijlage","foi_fairiscoreVersions":{"v1":1,"v2":1},"foi_fileName":"Z%2F25%2F214417%20-%20388173%20-%20Addendum%20bij%20nota%20regionaal%20gezondheidsbeleid%20Gezondheid%20nu_%20voor%20later%21.pdf","foi_nrPages":20},{"dc_format":"application/pdf","dc_identifier":"nl.gm1954.2c.2025.7216598-6.doc.4","dc_source":"https://api1.ibabs.eu/publicdownload.aspx?site=Beekdaelen&id=0b5102e5-7a4f-4ea3-a123-694d66d8b01a","dc_title":"Bijlage: Advies ASD Beekdaelen (Pre advies ASD over RGB ZL 2030)","dc_type":"bijlage","foi_fairiscoreVersions":{"v1":1,"v2":1},"foi_fileName":"Z%2F25%2F214417%20-%20388177%20-%20Pre%20advies%20ASD%20over%20RGB%20ZL%202030.pdf","foi_nrPages":4},{"dc_format":"application/pdf","dc_identifier":"nl.gm1954.2c.2025.7216598-6.doc.5","dc_source":"https://api1.ibabs.eu/publicdownload.aspx?site=Beekdaelen&id=a7eb86b2-7d82-4c25-8c26-e538cb785074","dc_title":"Bijlage: Concept reactie op advies van de ASD Beekdaelen (als onderdeel van de gezamenlijke advisering  door de Adviesraden Zuid Limburg)","dc_type":"bijlage","foi_fairiscoreVersions":{"v1":3,"v2":3},"foi_fileName":"Z%2F25%2F214417%20-%20388178%20-%20Concept%20reactie%20op%20advies%20van%20de%20ASD%20Beekdaelen%20%28als%20onderdeel%20van%20de%20gezamenlijke%20advisering%20door%20de%20Adviesraden%20Zuid%20Limburg%29.pdf","foi_nrPages":4},{"dc_format":"application/pdf","dc_identifier":"nl.gm1954.2c.2025.7216598-6.doc.1","dc_source":"https://api1.ibabs.eu/publicdownload.aspx?site=Beekdaelen&id=dfec1783-962c-43b7-a928-2754b3583f52","dc_title":"Raadsvoorstel inzake Regionaal Gezondheidsbeleid 2025 - 2030","dc_type":"bijlage","foi_fairiscoreVersions":{"v1":1,"v2":1},"foi_fileName":"Z%2F25%2F214417%20-%20388181%20-%20Regionaal%20Gezondheidsbeleid%202025%20-%202030.pdf","foi_nrPages":6}],"foi_nrDocuments":14,"foi_nrPagesInDossier":100,"foi_publishedDate":"2025-09-02","foi_retrievedDate":"2026-02-12"},{"dc_creator":"HandelingScraper_v1","dc_date_year":2025,"dc_description":"Vergadering van de Gemeente Beekdaelen op 2025-09-02. Onderdeel: Raadsvoorstel inzake: \"Meerjarenplan 2025-2028 Bibliotheek Landgraaf-Beekdaelen\".","dc_identifier":"nl.gm1954.2c.2025.7216598-7","dc_publisher":"gm1954","dc_source":"https://beekdaelen.bestuurlijkeinformatie.nl/Agenda/Index/2b14af27-db06-4511-bedf-38455398fac3","dc_title":"Raadscommissie Sociale Leefomgeving 2025-09-02 - Raadsvoorstel inzake: \"Meerjarenplan 2025-2028 Bibliotheek Landgraaf-Beekdaelen\"","dc_type":"2c","dc_type_description":"Vergaderstuk decentrale overheid","foi_fairiscoreVersions":{"v1":2,"v2":2},"foi_files":[{"dc_format":"application/octet-stream","dc_identifier":"nl.gm1954.2c.2025.7216598-7.doc.9","dc_source":"https://api1.ibabs.eu/publicdownload.aspx?site=Beekdaelen&id=116fced1-19b8-470e-9a41-ce29b9f67345","dc_title":"B2 1e termijn","dc_type":"bijlage","foi_fileName":"B2%201e%20termijn.mp3"},{"dc_format":"application/octet-stream","dc_identifier":"nl.gm1954.2c.2025.7216598-7.doc.11","dc_source":"https://api1.ibabs.eu/publicdownload.aspx?site=Beekdaelen&id=a9755b9c-24f9-4037-bee9-00a640a25bef","dc_title":"B2 2e termijn","dc_type":"bijlage","foi_fileName":"B2%202e%20termijn.mp3"},{"dc_format":"application/octet-stream","dc_identifier":"nl.gm1954.2c.2025.7216598-7.doc.13","dc_source":"https://api1.ibabs.eu/publicdownload.aspx?site=Beekdaelen&id=e5a9c1f6-1b86-4429-b515-041159abccf1","dc_title":"B2 advies commissie","dc_type":"bijlage","foi_fileName":"B2%20advies%20commissie.mp3"},{"dc_format":"application/octet-stream","dc_identifier":"nl.gm1954.2c.2025.7216598-7.doc.10","dc_source":"https://api1.ibabs.eu/publicdownload.aspx?site=Beekdaelen&id=e08e10e4-39ec-4f88-a8fd-65e7b7fa742b","dc_title":"B2 beantwoording 1e termijn","dc_type":"bijlage","foi_fileName":"B2%20beantwoording%201e%20termijn.mp3"},{"dc_format":"application/octet-stream","dc_identifier":"nl.gm1954.2c.2025.7216598-7.doc.12","dc_source":"https://api1.ibabs.eu/publicdownload.aspx?site=Beekdaelen&id=d5ab89ca-97f5-4504-a042-9ae4de89a336","dc_title":"B2 beantwoording 2e termijn","dc_type":"bijlage","foi_fileName":"B2%20beantwoording%202e%20termijn.mp3"},{"dc_format":"application/pdf","dc_identifier":"nl.gm1954.2c.2025.7216598-7.doc.14","dc_source":"https://api1.ibabs.eu/publicdownload.aspx?site=Beekdaelen&id=7bfc6cab-187f-41d3-a37b-23a02b385d52","dc_title":"Memorie van Antwoord aanvullende voorvragen van GL PvdA besproken in cie SLO 02092025 (agendapunt B2)","dc_type":"bijlage","foi_fairiscoreVersions":{"v1":1,"v2":1},"foi_fileName":"Memorie%20van%20Antwoord%20aanvullende%20voorvragen%20van%20GL%20PvdA%20besproken%20in%20cie%20SLO%2002092025%20%28agendapunt%20B2%29.pdf","foi_nrPages":6},{"dc_format":"application/pdf","dc_identifier":"nl.gm1954.2c.2025.7216598-7.doc.7","dc_source":"https://api1.ibabs.eu/publicdownload.aspx?site=Beekdaelen&id=bc491786-f0bb-4103-a891-2fcdc949b1ba","dc_title":"MvA technische vragen GL PvdA SLO B2","dc_type":"bijlage","foi_fairiscoreVersions":{"v1":1,"v2":1},"foi_fileName":"MvA%20technische%20vragen%20GL%20PvdA%20SLO%20B2.pdf","foi_nrPages":2},{"dc_format":"application/pdf","dc_identifier":"nl.gm1954.2c.2025.7216598-7.doc.6","dc_source":"https://api1.ibabs.eu/publicdownload.aspx?site=Beekdaelen&id=1bb06cb9-f019-4194-9ee7-61b89d8befa0","dc_title":"MvA technische vragen Rijkx Koll\u00e9e SLO B2","dc_type":"bijlage","foi_fairiscoreVersions":{"v1":1,"v2":1},"foi_fileName":"MvA%20technische%20vragen%20Rijkx%20Koll%C3%A9e%20SLO%20B2.pdf","foi_nrPages":2},{"dc_format":"application/pdf","dc_identifier":"nl.gm1954.2c.2025.7216598-7.doc.8","dc_source":"https://api1.ibabs.eu/publicdownload.aspx?site=Beekdaelen&id=22e0e58a-f06e-4e24-b88b-68b97e5775c8","dc_title":"MvA technische vragen VG SLO B2","dc_type":"bijlage","foi_fairiscoreVersions":{"v1":1,"v2":1},"foi_fileName":"MvA%20technische%20vragen%20VG%20SLO%20B2.pdf","foi_nrPages":6},{"dc_format":"application/pdf","dc_identifier":"nl.gm1954.2c.2025.7216598-7.doc.1","dc_source":"https://api1.ibabs.eu/publicdownload.aspx?site=Beekdaelen&id=4eff8be3-e332-4237-852f-6b018e9c4a38","dc_title":"Raadsvoorstel inzake Meerjarenplan 2025-2028 Bibliotheek Landgraaf-Beekdaelen","dc_type":"bijlage","foi_fairiscoreVersions":{"v1":1,"v2":1},"foi_fileName":"Z%2F25%2F215312%20-%20391552%20-%20Meerjarenplan%20Bibliotheek%20Landgraaf-Beekdaelen.pdf","foi_nrPages":4},{"dc_format":"application/pdf","dc_identifier":"nl.gm1954.2c.2025.7216598-7.doc.5","dc_source":"https://api1.ibabs.eu/publicdownload.aspx?site=Beekdaelen&id=14bdf89b-b5b4-47c2-801d-e3399f690cbf","dc_title":"Raadsbesluit inzake Meerjarenplan 2025-2028 Bibliotheek Landgraaf-Beekdaelen - vastgesteld 16-09-2025","dc_type":"bijlage","foi_fairiscoreVersions":{"v1":1,"v2":1},"foi_fileName":"Z%2F25%2F215312%20-%20391557%20-%20Meerjarenplan%20Bibliotheek%20Landgraaf-Beekdaelen.pdf","foi_nrPages":1},{"dc_format":"application/pdf","dc_identifier":"nl.gm1954.2c.2025.7216598-7.doc.4","dc_source":"https://api1.ibabs.eu/publicdownload.aspx?site=Beekdaelen&id=4f716c91-5596-45fc-8687-da1d9858e9c7","dc_title":"Bijlage 1b: Meerjarenplan: Uitvoeringsplan 2025-2028","dc_type":"bijlage","foi_fairiscoreVersions":{"v1":3,"v2":2},"foi_fileName":"Z%2F25%2F215312%20-%20391559%20-%20Bijlage%204%20Meerjarenplan%3A%20Uitvoeringsplan%202025-2028.pdf","foi_nrPages":22},{"dc_format":"application/pdf","dc_identifier":"nl.gm1954.2c.2025.7216598-7.doc.3","dc_source":"https://api1.ibabs.eu/publicdownload.aspx?site=Beekdaelen&id=88f8f2c8-8a17-476a-8a0c-f9ce60768bc2","dc_title":"Bijlage 1a: Meerjarenplan: Meerjarenbegroting 2025-2028","dc_type":"bijlage","foi_fairiscoreVersions":{"v1":2,"v2":2},"foi_fileName":"Z%2F25%2F215312%20-%20391560%20-%20Bijlage%205%20Meerjarenplan%3A%20meerjarenbegroting%202025-2028.pdf","foi_nrPages":8},{"dc_format":"application/pdf","dc_identifier":"nl.gm1954.2c.2025.7216598-7.doc.2","dc_source":"https://api1.ibabs.eu/publicdownload.aspx?site=Beekdaelen&id=02ec687d-e0f0-4684-959d-4eb648b27d7d","dc_title":"Bijlage 1: Meerjarenplan 2025-2028 Bibliotheek Landgraaf-Beekdaelen, gemeenten Beekdaelen en Landgraaf","dc_type":"bijlage","foi_fairiscoreVersions":{"v1":2,"v2":2},"foi_fileName":"Z%2F25%2F215312%20-%20391719%20-%20Meerjarenplan%202025-2028%20Bibliotheek%20Landgraaf-Beekdaelen_%20gemeenten%20Beekdaelen%20en%20Landgraaf.pdf","foi_nrPages":29}],"foi_nrDocuments":14,"foi_nrPagesInDossier":80,"foi_publishedDate":"2025-09-02","foi_retrievedDate":"2025-12-03"},{"dc_creator":"HandelingScraper_v1","dc_date_year":2025,"dc_description":"Vergadering van de Gemeente Beekdaelen op 2025-09-02. Onderdeel: Rondvraag Sociale Leefomgeving.","dc_identifier":"nl.gm1954.2c.2025.7216598-8","dc_publisher":"gm1954","dc_source":"https://beekdaelen.bestuurlijkeinformatie.nl/Agenda/Index/2b14af27-db06-4511-bedf-38455398fac3","dc_title":"Raadscommissie Sociale Leefomgeving 2025-09-02 - Rondvraag Sociale Leefomgeving","dc_type":"2c","dc_type_description":"Vergaderstuk decentrale overheid","foi_fairiscoreVersions":{"v1":null,"v2":null},"foi_files":[{"dc_format":"application/octet-stream","dc_identifier":"nl.gm1954.2c.2025.7216598-8.doc.1","dc_source":"https://api1.ibabs.eu/publicdownload.aspx?site=Beekdaelen&id=13a1dc55-881e-4764-9a2b-01b9f7f6e844","dc_title":"C Rondvraag","dc_type":"bijlage","foi_fileName":"C%20Rondvraag.mp3","foi_nrPages":1}],"foi_nrDocuments":1,"foi_nrPagesInDossier":1,"foi_publishedDate":"2025-09-02","foi_retrievedDate":"2026-03-01"},{"dc_creator":"HandelingScraper_v1","dc_date_year":2025,"dc_description":"Vergadering van de Gemeente Beekdaelen op 2025-09-04. Onderdeel: Algemeen.","dc_identifier":"nl.gm1954.2c.2025.7259913-1","dc_publisher":"gm1954","dc_source":"https://beekdaelen.bestuurlijkeinformatie.nl/Agenda/Index/f1881056-f8ab-4893-a9ab-f8831ce54e2f","dc_title":"Raadscommissie Fysieke Leefomgeving 2025-09-04 - Algemeen","dc_type":"2c","dc_type_description":"Vergaderstuk decentrale overheid","foi_fairiscoreVersions":{"v1":1,"v2":1},"foi_files":[{"dc_format":"application/pdf","dc_identifier":"nl.gm1954.2c.2025.7259913-1.doc.6","dc_source":"https://api1.ibabs.eu/publicdownload.aspx?site=Beekdaelen&id=75a77011-0c47-456c-89c6-ae1bc530c379","dc_title":"Technische vragen BL FLO B4","dc_type":"bijlage","foi_fairiscoreVersions":{"v1":1,"v2":1},"foi_fileName":"Technische%20vragen%20BL%20FLO%20B4.pdf","foi_nrPages":2},{"dc_format":"application/pdf","dc_identifier":"nl.gm1954.2c.2025.7259913-1.doc.4","dc_source":"https://api1.ibabs.eu/publicdownload.aspx?site=Beekdaelen&id=271bcbe7-f127-4662-a253-1ac4f13c1e76","dc_title":"Technische vragen CDA FLO B1 B2 B3 B4 B5 en Rondvraag","dc_type":"bijlage","foi_fairiscoreVersions":{"v1":1,"v2":1},"foi_fileName":"Technische%20vragen%20CDA%20FLO%20B1%20B2%20B3%20B4%20B5%20en%20Rondvraag.pdf","foi_nrPages":5},{"dc_format":"application/pdf","dc_identifier":"nl.gm1954.2c.2025.7259913-1.doc.1","dc_source":"https://api1.ibabs.eu/publicdownload.aspx?site=Beekdaelen&id=9e8295ad-1b00-43fd-aa02-1794a12ba326","dc_title":"Technische vragen GL PvdA FLO B1","dc_type":"bijlage","foi_fairiscoreVersions":{"v1":1,"v2":1},"foi_fileName":"Technische%20vragen%20GL%20PvdA%20FLO%20B1.pdf","foi_nrPages":1},{"dc_format":"application/pdf","dc_identifier":"nl.gm1954.2c.2025.7259913-1.doc.2","dc_source":"https://api1.ibabs.eu/publicdownload.aspx?site=Beekdaelen&id=daa9c47f-59fe-41ad-af96-4227bce65a9b","dc_title":"Technische vragen GL PvdA FLO B4","dc_type":"bijlage","foi_fairiscoreVersions":{"v1":1,"v2":1},"foi_fileName":"Technische%20vragen%20GL%20PvdA%20FLO%20B4.pdf","foi_nrPages":1},{"dc_format":"application/pdf","dc_identifier":"nl.gm1954.2c.2025.7259913-1.doc.5","dc_source":"https://api1.ibabs.eu/publicdownload.aspx?site=Beekdaelen&id=e013e459-a559-404c-b65a-f3da8b834c44","dc_title":"Technische vragen Rijkx Koll\u00e9e FLO B1 B2 B4 B5","dc_type":"bijlage","foi_fairiscoreVersions":{"v1":1,"v2":1},"foi_fileName":"Technische%20vragen%20Rijkx%20Koll%C3%A9e%20FLO%20B1%20B2%20B4%20B5.pdf","foi_nrPages":2},{"dc_format":"application/pdf","dc_identifier":"nl.gm1954.2c.2025.7259913-1.doc.7","dc_source":"https://api1.ibabs.eu/publicdownload.aspx?site=Beekdaelen&id=f7b8c4cd-1b43-4f24-bfb3-3c8d7dd9c6e0","dc_title":"Technische vragen VG FLO A1 (Wotk)","dc_type":"bijlage","foi_fairiscoreVersions":{"v1":1,"v2":1},"foi_fileName":"Technische%20vragen%20VG%20FLO%20A1%20%28Wotk%29.pdf","foi_nrPages":1},{"dc_format":"application/pdf","dc_identifier":"nl.gm1954.2c.2025.7259913-1.doc.3","dc_source":"https://api1.ibabs.eu/publicdownload.aspx?site=Beekdaelen&id=7320d829-eebe-4f76-91a7-cd320971a497","dc_title":"Technische vragen VG FLO B1 B2 B3 B4 B5 en Rondvraag","dc_type":"bijlage","foi_fairiscoreVersions":{"v1":1,"v2":1},"foi_fileName":"Technische%20vragen%20VG%20FLO%20B1%20B2%20B3%20B4%20B5%20en%20Rondvraag.pdf","foi_nrPages":4}],"foi_nrDocuments":7,"foi_nrPagesInDossier":16,"foi_publishedDate":"2025-09-04","foi_retrievedDate":"2026-03-01"},{"dc_creator":"HandelingScraper_v1","dc_date_year":2025,"dc_description":"Vergadering van de Gemeente Beekdaelen op 2025-09-04. Onderdeel: Raadsvoorstel inzake: Garantstelling Woningbouw op Korte Termijn (WoKT).","dc_identifier":"nl.gm1954.2c.2025.7259913-10","dc_publisher":"gm1954","dc_source":"https://beekdaelen.bestuurlijkeinformatie.nl/Agenda/Index/f1881056-f8ab-4893-a9ab-f8831ce54e2f","dc_title":"Raadscommissie Fysieke Leefomgeving 2025-09-04 - Raadsvoorstel inzake: Garantstelling Woningbouw op Korte Termijn (WoKT)","dc_type":"2c","dc_type_description":"Vergaderstuk decentrale overheid","foi_fairiscoreVersions":{"v1":2,"v2":1},"foi_files":[{"dc_format":"application/pdf","dc_identifier":"nl.gm1954.2c.2025.7259913-10.doc.1","dc_source":"https://api1.ibabs.eu/publicdownload.aspx?site=Beekdaelen&id=40ad9ea8-891a-4e77-8ce3-74ef5abaf31b","dc_title":"Raadsvoorstel inzake: Garantstelling Woningbouw op Korte Termijn (WoKT)","dc_type":"bijlage","foi_fairiscoreVersions":{"v1":1,"v2":1},"foi_fileName":"392794_1.pdf","foi_nrPages":4},{"dc_format":"application/pdf","dc_identifier":"nl.gm1954.2c.2025.7259913-10.doc.3","dc_source":"https://api1.ibabs.eu/publicdownload.aspx?site=Beekdaelen&id=2f2bda68-8d73-452b-a015-fe8f3e7574d6","dc_title":"Bijlage 4: Concept raadsbesluit Garantstelling Woningbouw op Korte Termijn (WoKT)","dc_type":"bijlage","foi_fairiscoreVersions":{"v1":1,"v2":1},"foi_fileName":"392795_1.pdf","foi_nrPages":1},{"dc_format":"application/octet-stream","dc_identifier":"nl.gm1954.2c.2025.7259913-10.doc.5","dc_source":"https://api1.ibabs.eu/publicdownload.aspx?site=Beekdaelen&id=e1e65c34-5ea8-4437-b798-c0f74858ab93","dc_title":"B6 1e termijn","dc_type":"bijlage","foi_fileName":"B6%201e%20termijn.mp3"},{"dc_format":"application/octet-stream","dc_identifier":"nl.gm1954.2c.2025.7259913-10.doc.7","dc_source":"https://api1.ibabs.eu/publicdownload.aspx?site=Beekdaelen&id=7669f8d9-e7e5-4378-b6f7-d52b7c5d12bb","dc_title":"B6 2e termijn","dc_type":"bijlage","foi_fileName":"B6%202e%20termijn.mp3"},{"dc_format":"application/octet-stream","dc_identifier":"nl.gm1954.2c.2025.7259913-10.doc.9","dc_source":"https://api1.ibabs.eu/publicdownload.aspx?site=Beekdaelen&id=bc8960e3-e45c-407c-93f1-536a0fd2a1b1","dc_title":"B6 advies commissie","dc_type":"bijlage","foi_fileName":"B6%20advies%20commissie.mp3"},{"dc_format":"application/octet-stream","dc_identifier":"nl.gm1954.2c.2025.7259913-10.doc.6","dc_source":"https://api1.ibabs.eu/publicdownload.aspx?site=Beekdaelen&id=ce05aa8b-1e3e-40ed-acd0-fd0fac253f0e","dc_title":"B6 antwoord 1e termijn","dc_type":"bijlage","foi_fileName":"B6%20antwoord%201e%20termijn.mp3"},{"dc_format":"application/octet-stream","dc_identifier":"nl.gm1954.2c.2025.7259913-10.doc.8","dc_source":"https://api1.ibabs.eu/publicdownload.aspx?site=Beekdaelen&id=cdf9705c-a558-4f7f-b7e6-bff361717d7d","dc_title":"B6 antwoord 2e termijn","dc_type":"bijlage","foi_fileName":"B6%20antwoord%202e%20termijn.mp3"},{"dc_format":"application/pdf","dc_identifier":"nl.gm1954.2c.2025.7259913-10.doc.2","dc_source":"https://api1.ibabs.eu/publicdownload.aspx?site=Beekdaelen&id=6fe14185-d2ef-4f02-b80f-53e60acbb67f","dc_title":"Bijlage 1: Brochure Regeling Woningbouw op de korte termijn","dc_type":"bijlage","foi_fairiscoreVersions":{"v1":2,"v2":1},"foi_fileName":"Bijlage%201-%20Brochure%20Regeling%20Woningbouw%20op%20de%20korte%20termijn.pdf","foi_nrPages":20},{"dc_format":"application/pdf","dc_identifier":"nl.gm1954.2c.2025.7259913-10.doc.4","dc_source":"https://api1.ibabs.eu/publicdownload.aspx?site=Beekdaelen&id=ea66bbce-d7c5-4e30-9f49-b92c9f95dc33","dc_title":"MvA technische vragen VG FLO A1 (WoTk)","dc_type":"bijlage","foi_fairiscoreVersions":{"v1":1,"v2":1},"foi_fileName":"MvA%20technische%20vragen%20VG%20FLO%20A1%20%28WoTk%29.pdf","foi_nrPages":3}],"foi_nrDocuments":9,"foi_nrPagesInDossier":28,"foi_publishedDate":"2025-09-04","foi_retrievedDate":"2026-03-06"},{"dc_creator":"HandelingScraper_v1","dc_date_year":2025,"dc_description":"Vergadering van de Gemeente Beekdaelen op 2025-09-04. Onderdeel: Rondvraag Fysieke Leefomgeving.","dc_identifier":"nl.gm1954.2c.2025.7259913-11","dc_publisher":"gm1954","dc_source":"https://beekdaelen.bestuurlijkeinformatie.nl/Agenda/Index/f1881056-f8ab-4893-a9ab-f8831ce54e2f","dc_title":"Raadscommissie Fysieke Leefomgeving 2025-09-04 - Rondvraag Fysieke Leefomgeving","dc_type":"2c","dc_type_description":"Vergaderstuk decentrale overheid","foi_fairiscoreVersions":{"v1":1,"v2":1},"foi_files":[{"dc_format":"application/pdf","dc_identifier":"nl.gm1954.2c.2025.7259913-11.doc.2","dc_source":"https://api1.ibabs.eu/publicdownload.aspx?site=Beekdaelen&id=9294b845-9e78-4be9-831b-c3049a263898","dc_title":"MvA technische vragen CDA FLO Rondvraag","dc_type":"bijlage","foi_fairiscoreVersions":{"v1":1,"v2":1},"foi_fileName":"MvA%20technische%20vragen%20CDA%20FLO%20Rondvraag.pdf","foi_nrPages":2},{"dc_format":"application/pdf","dc_identifier":"nl.gm1954.2c.2025.7259913-11.doc.1","dc_source":"https://api1.ibabs.eu/publicdownload.aspx?site=Beekdaelen&id=7be8b68d-3e8e-42dd-a05f-81a9c9d8c0b3","dc_title":"MvA technische vragen VG FLO Rondvraag","dc_type":"bijlage","foi_fairiscoreVersions":{"v1":1,"v2":1},"foi_fileName":"MvA%20technische%20vragen%20VG%20FLO%20Rondvraag.pdf","foi_nrPages":3},{"dc_format":"application/octet-stream","dc_identifier":"nl.gm1954.2c.2025.7259913-11.doc.3","dc_source":"https://api1.ibabs.eu/publicdownload.aspx?site=Beekdaelen&id=25bbc083-e815-45d4-8584-7b9111c1f45e","dc_title":"Rondvraag","dc_type":"bijlage","foi_fileName":"Rondvraag.mp3","foi_nrPages":1}],"foi_nrDocuments":3,"foi_nrPagesInDossier":6,"foi_publishedDate":"2025-09-04","foi_retrievedDate":"2026-03-09"},{"dc_creator":"HandelingScraper_v1","dc_date_year":2025,"dc_description":"Vergadering van de Gemeente Beekdaelen op 2025-09-04. Onderdeel: Opening, mededelingen voorzitter en vaststellen agenda..","dc_identifier":"nl.gm1954.2c.2025.7259913-2","dc_publisher":"gm1954","dc_source":"https://beekdaelen.bestuurlijkeinformatie.nl/Agenda/Index/f1881056-f8ab-4893-a9ab-f8831ce54e2f","dc_title":"Raadscommissie Fysieke Leefomgeving 2025-09-04 - Opening, mededelingen voorzitter en vaststellen agenda.","dc_type":"2c","dc_type_description":"Vergaderstuk decentrale overheid","foi_fairiscoreVersions":{"v1":2,"v2":1},"foi_files":[{"dc_format":"application/octet-stream","dc_identifier":"nl.gm1954.2c.2025.7259913-2.doc.2","dc_source":"https://api1.ibabs.eu/publicdownload.aspx?site=Beekdaelen&id=1e81600d-4abd-4253-be7a-264afa8479bb","dc_title":"A1","dc_type":"bijlage","foi_fileName":"A1.mp3"},{"dc_format":"application/pdf","dc_identifier":"nl.gm1954.2c.2025.7259913-2.doc.1","dc_source":"https://api1.ibabs.eu/publicdownload.aspx?site=Beekdaelen&id=cb652efa-fbc4-474d-af5f-e2269c18641b","dc_title":"uitnodiging en voorlopige agenda raadscie. FLO 04092025","dc_type":"bijlage","foi_fairiscoreVersions":{"v1":2,"v2":1},"foi_fileName":"uitnodiging%20en%20voorlopige%20agenda%20raadscie.pdf","foi_nrPages":2}],"foi_nrDocuments":2,"foi_nrPagesInDossier":2,"foi_publishedDate":"2025-09-04","foi_retrievedDate":"2026-01-22"},{"dc_creator":"HandelingScraper_v1","dc_date_year":2025,"dc_description":"Vergadering van de Gemeente Beekdaelen op 2025-09-04. Onderdeel: Spreekrecht burgers..","dc_identifier":"nl.gm1954.2c.2025.7259913-3","dc_publisher":"gm1954","dc_source":"https://beekdaelen.bestuurlijkeinformatie.nl/Agenda/Index/f1881056-f8ab-4893-a9ab-f8831ce54e2f","dc_title":"Raadscommissie Fysieke Leefomgeving 2025-09-04 - Spreekrecht burgers.","dc_type":"2c","dc_type_description":"Vergaderstuk decentrale overheid","foi_fairiscoreVersions":{"v1":2,"v2":1},"foi_files":[{"dc_format":"application/octet-stream","dc_identifier":"nl.gm1954.2c.2025.7259913-3.doc.10","dc_source":"https://api1.ibabs.eu/publicdownload.aspx?site=Beekdaelen&id=fe1709c7-6e13-4e43-955c-c3ac5c313047","dc_title":"A2 dhr Godec","dc_type":"bijlage","foi_fileName":"A2%20dhr%20Godec.mp3","foi_nrPages":1},{"dc_format":"application/octet-stream","dc_identifier":"nl.gm1954.2c.2025.7259913-3.doc.2","dc_source":"https://api1.ibabs.eu/publicdownload.aspx?site=Beekdaelen&id=922def5b-64be-4d7e-a751-9d6015ba731e","dc_title":"A2 dhr Hondelink","dc_type":"bijlage","foi_fileName":"A2%20dhr%20Hondelink.mp3","foi_nrPages":1},{"dc_format":"application/octet-stream","dc_identifier":"nl.gm1954.2c.2025.7259913-3.doc.13","dc_source":"https://api1.ibabs.eu/publicdownload.aspx?site=Beekdaelen&id=5ad5c1aa-ccb7-487c-a79e-278882fb3073","dc_title":"A2 dhr Koopmans","dc_type":"bijlage","foi_fileName":"A2%20dhr%20Koopmans.mp3","foi_nrPages":1},{"dc_format":"application/octet-stream","dc_identifier":"nl.gm1954.2c.2025.7259913-3.doc.4","dc_source":"https://api1.ibabs.eu/publicdownload.aspx?site=Beekdaelen&id=c993c23a-28f1-4af4-b467-268b4609b220","dc_title":"A2 dhr Ritzen","dc_type":"bijlage","foi_fileName":"A2%20dhr%20Ritzen.mp3","foi_nrPages":1},{"dc_format":"application/octet-stream","dc_identifier":"nl.gm1954.2c.2025.7259913-3.doc.8","dc_source":"https://api1.ibabs.eu/publicdownload.aspx?site=Beekdaelen&id=d07cd8d1-48d5-4eea-91df-41a8c6abeae1","dc_title":"A2 dhr Ritzen namens mevr Kanters","dc_type":"bijlage","foi_fileName":"A2%20dhr%20Ritzen%20namens%20mevr%20Kanters.mp3","foi_nrPages":1},{"dc_format":"application/octet-stream","dc_identifier":"nl.gm1954.2c.2025.7259913-3.doc.7","dc_source":"https://api1.ibabs.eu/publicdownload.aspx?site=Beekdaelen&id=74f51965-fb19-4132-9e23-a85ec09e862b","dc_title":"A2 dhr van de Walle","dc_type":"bijlage","foi_fileName":"A2%20dhr%20van%20de%20Walle.mp3","foi_nrPages":1},{"dc_format":"application/octet-stream","dc_identifier":"nl.gm1954.2c.2025.7259913-3.doc.11","dc_source":"https://api1.ibabs.eu/publicdownload.aspx?site=Beekdaelen&id=8af80367-90c9-4b20-8939-368f5c9f4ea0","dc_title":"A2 mevr van Reisen","dc_type":"bijlage","foi_fileName":"A2%20mevr%20van%20Reisen.mp3","foi_nrPages":1},{"dc_format":"application/pdf","dc_identifier":"nl.gm1954.2c.2025.7259913-3.doc.3","dc_source":"https://api1.ibabs.eu/publicdownload.aspx?site=Beekdaelen&id=92f87f1e-78a6-4559-9e5a-218c3416f5a5","dc_title":"Inspreektekst dhr Hondelink","dc_type":"bijlage","foi_fairiscoreVersions":{"v1":1,"v2":1},"foi_fileName":"Inspreektekst%20dhr%20Hondelink.pdf","foi_nrPages":3},{"dc_format":"application/pdf","dc_identifier":"nl.gm1954.2c.2025.7259913-3.doc.5","dc_source":"https://api1.ibabs.eu/publicdownload.aspx?site=Beekdaelen&id=5876d993-8aee-4ca5-a76c-07e3a8617ebf","dc_title":"Inspreektekst dhr Ritzen","dc_type":"bijlage","foi_fairiscoreVersions":{"v1":1,"v2":1},"foi_fileName":"Inspreektekst%20dhr%20Ritzen.pdf","foi_nrPages":5},{"dc_format":"application/pdf","dc_identifier":"nl.gm1954.2c.2025.7259913-3.doc.6","dc_source":"https://api1.ibabs.eu/publicdownload.aspx?site=Beekdaelen&id=e990a89d-8da6-461d-b1f0-82582bac804b","dc_title":"Inspreektekst dhr Ritzen bijlage (foto's)","dc_type":"bijlage","foi_fairiscoreVersions":{"v1":1,"v2":1},"foi_fileName":"Inspreektekst%20dhr%20Ritzen%20bijlage%20%28foto%27s%29.pdf","foi_nrPages":11},{"dc_format":"application/pdf","dc_identifier":"nl.gm1954.2c.2025.7259913-3.doc.14","dc_source":"https://api1.ibabs.eu/publicdownload.aspx?site=Beekdaelen&id=664ce475-1ef4-488c-a937-e69d8faf277b","dc_title":"Inspreektekst dhr Koopmans IVN","dc_type":"bijlage","foi_fairiscoreVersions":{"v1":1,"v2":1},"foi_fileName":"Inspreektekst%20IVN.pdf","foi_nrPages":2},{"dc_format":"application/pdf","dc_identifier":"nl.gm1954.2c.2025.7259913-3.doc.9","dc_source":"https://api1.ibabs.eu/publicdownload.aspx?site=Beekdaelen&id=810e3832-7cbf-44b0-8ac7-003fb063d0d1","dc_title":"Inspreektekst mevr Kanters","dc_type":"bijlage","foi_fairiscoreVersions":{"v1":1,"v2":1},"foi_fileName":"Inspreektekst%20mevr%20Kanters.pdf","foi_nrPages":6},{"dc_format":"application/pdf","dc_identifier":"nl.gm1954.2c.2025.7259913-3.doc.12","dc_source":"https://api1.ibabs.eu/publicdownload.aspx?site=Beekdaelen&id=9c7db717-acd3-4cd8-afae-b31b247349bc","dc_title":"Inspreektekst mevr van Reisen","dc_type":"bijlage","foi_fairiscoreVersions":{"v1":2,"v2":1},"foi_fileName":"Inspreektekst%20mevr%20van%20Reisen.pdf","foi_nrPages":4},{"dc_format":"application/pdf","dc_identifier":"nl.gm1954.2c.2025.7259913-3.doc.1","dc_source":"https://api1.ibabs.eu/publicdownload.aspx?site=Beekdaelen&id=e0f092d3-0c86-469a-bdd7-153015e78156","dc_title":"De heer drs. H.J.W. Hondelink: Zienswijzen Erfgoedvereniging Bond Heemschut inzake uitbreiding AZC","dc_type":"bijlage","foi_fairiscoreVersions":{"v1":1,"v2":1},"foi_fileName":"Zienswijzen%20Erfgoedvereniging%20Bond%20Heemschut%20inzake%20uitbreiding%20AZC.pdf","foi_nrPages":7}],"foi_nrDocuments":14,"foi_nrPagesInDossier":45,"foi_publishedDate":"2025-09-04","foi_retrievedDate":"2026-03-01"},{"dc_creator":"HandelingScraper_v1","dc_date_year":2025,"dc_description":"Vergadering van de Gemeente Beekdaelen op 2025-09-04. Onderdeel: Vaststellen actiepuntenlijst van de raadscommissie Fysieke Leefomgeving d.d. 15 mei 2025.","dc_identifier":"nl.gm1954.2c.2025.7259913-4","dc_publisher":"gm1954","dc_source":"https://beekdaelen.bestuurlijkeinformatie.nl/Agenda/Index/f1881056-f8ab-4893-a9ab-f8831ce54e2f","dc_title":"Raadscommissie Fysieke Leefomgeving 2025-09-04 - Vaststellen actiepuntenlijst van de raadscommissie Fysieke Leefomgeving d.d. 15 mei 2025","dc_type":"2c","dc_type_description":"Vergaderstuk decentrale overheid","foi_fairiscoreVersions":{"v1":1,"v2":1},"foi_files":[{"dc_format":"application/octet-stream","dc_identifier":"nl.gm1954.2c.2025.7259913-4.doc.2","dc_source":"https://api1.ibabs.eu/publicdownload.aspx?site=Beekdaelen&id=432732d5-0611-40c7-aeb5-31576dbc8a81","dc_title":"A4","dc_type":"bijlage","foi_fileName":"A4.mp3"},{"dc_format":"application/pdf","dc_identifier":"nl.gm1954.2c.2025.7259913-4.doc.1","dc_source":"https://api1.ibabs.eu/publicdownload.aspx?site=Beekdaelen&id=058c4562-588f-4378-9832-315ea5d2b5cb","dc_title":"Actiepuntenlijst cie FLO 15.05.2025","dc_type":"bijlage","foi_fairiscoreVersions":{"v1":1,"v2":1},"foi_fileName":"Actiepuntenlijst%20cie%20FLO%2015.05.pdf","foi_nrPages":5}],"foi_nrDocuments":2,"foi_nrPagesInDossier":5,"foi_publishedDate":"2025-09-04","foi_retrievedDate":"2025-12-05"},{"dc_creator":"HandelingScraper_v1","dc_date_year":2025,"dc_description":"Vergadering van de Gemeente Beekdaelen op 2025-09-04. Onderdeel: Raadsvoorstel inzake: \"Het oprichten van zorgboerderij\" (op de locatie Heringsbosch naast 8 te  Schinveld).","dc_identifier":"nl.gm1954.2c.2025.7259913-5","dc_publisher":"gm1954","dc_source":"https://beekdaelen.bestuurlijkeinformatie.nl/Agenda/Index/f1881056-f8ab-4893-a9ab-f8831ce54e2f","dc_title":"Raadscommissie Fysieke Leefomgeving 2025-09-04 - Raadsvoorstel inzake: \"Het oprichten van zorgboerderij\" (op de locatie Heringsbosch naast 8 te  Schinveld)","dc_type":"2c","dc_type_description":"Vergaderstuk decentrale overheid","foi_fairiscoreVersions":{"v1":2,"v2":2},"foi_files":[{"dc_format":"application/pdf","dc_identifier":"nl.gm1954.2c.2025.7259913-5.doc.3","dc_source":"https://api1.ibabs.eu/publicdownload.aspx?site=Beekdaelen&id=fbdf435d-8a8e-4560-abf6-d942971265ed","dc_title":"Bijlage 1: Ruimtelijke onderbouwing oorspronkelijke plan d.d. 10-12-2018","dc_type":"bijlage","foi_fairiscoreVersions":{"v1":2,"v2":3},"foi_fileName":"1.%20Ruimtelijke%20onderbouwing%20oorspronkelijke%20plan%20d.d.pdf","foi_nrPages":49},{"dc_format":"application/pdf","dc_identifier":"nl.gm1954.2c.2025.7259913-5.doc.4","dc_source":"https://api1.ibabs.eu/publicdownload.aspx?site=Beekdaelen&id=2d6e5237-e49f-4bfa-9794-072de72499f3","dc_title":"Bijlage 2. Ruimtelijke onderbouwing nieuwe plan d.d. 29-01-2025","dc_type":"bijlage","foi_fairiscoreVersions":{"v1":2,"v2":2},"foi_fileName":"2.%20Ruimtelijke%20onderbouwing%20nieuwe%20plan%20d.d.pdf","foi_nrPages":48},{"dc_format":"application/pdf","dc_identifier":"nl.gm1954.2c.2025.7259913-5.doc.5","dc_source":"https://api1.ibabs.eu/publicdownload.aspx?site=Beekdaelen&id=d8462086-0bd0-4af2-91d3-cfde17c2d3c7","dc_title":"Bijlage 3. Tekeningen Project Bronsgroener-Hof d.d 06-01-2025","dc_type":"bijlage","foi_fairiscoreVersions":{"v1":2,"v2":1},"foi_fileName":"3.%20Tekeningen%20Project%20Bronsgroener-Hof%20d.pdf","foi_nrPages":2},{"dc_format":"application/pdf","dc_identifier":"nl.gm1954.2c.2025.7259913-5.doc.6","dc_source":"https://api1.ibabs.eu/publicdownload.aspx?site=Beekdaelen&id=e74ade09-4f39-4357-aba9-98ed2449bee7","dc_title":"Bijlage 4. Motie gemeenteraad Beekdaelen d.d. 20 september 2020","dc_type":"bijlage","foi_fairiscoreVersions":{"v1":1,"v2":1},"foi_fileName":"4.%20Motie%20gemeenteraad%20Beekdaelen%20d.d.pdf","foi_nrPages":2},{"dc_format":"application/pdf","dc_identifier":"nl.gm1954.2c.2025.7259913-5.doc.7","dc_source":"https://api1.ibabs.eu/publicdownload.aspx?site=Beekdaelen&id=ab51eeac-a9ac-40f3-838e-2384de74c616","dc_title":"Bijlage 5. Ontwerpbesluit op aanvraag Heringsbosch 7b Schinveld d.d. 08-07-2025","dc_type":"bijlage","foi_fairiscoreVersions":{"v1":2,"v2":2},"foi_fileName":"5.%20Ontwerpbesluit%20op%20aanvraag%20Heringsbosch%207b%20Schinveld%20d.d.pdf","foi_nrPages":6},{"dc_format":"application/octet-stream","dc_identifier":"nl.gm1954.2c.2025.7259913-5.doc.14","dc_source":"https://api1.ibabs.eu/publicdownload.aspx?site=Beekdaelen&id=4d9b8696-1b5f-49d7-a078-da2b401d7194","dc_title":"B1 1e termijn","dc_type":"bijlage","foi_fileName":"B1%201e%20termijn.mp3"},{"dc_format":"application/octet-stream","dc_identifier":"nl.gm1954.2c.2025.7259913-5.doc.16","dc_source":"https://api1.ibabs.eu/publicdownload.aspx?site=Beekdaelen&id=24d248cd-032a-4b9c-970f-e75f6817264e","dc_title":"B1 2e termijn + advies commissie","dc_type":"bijlage","foi_fileName":"B1%202e%20termijn%20%2B%20advies%20commissie.mp3"},{"dc_format":"application/octet-stream","dc_identifier":"nl.gm1954.2c.2025.7259913-5.doc.15","dc_source":"https://api1.ibabs.eu/publicdownload.aspx?site=Beekdaelen&id=45d12c49-2738-403d-92c7-7d7f9dec17f6","dc_title":"B1 antwoord 1e termijn","dc_type":"bijlage","foi_fileName":"B1%20antwoord%201e%20termijn.mp3"},{"dc_format":"application/pdf","dc_identifier":"nl.gm1954.2c.2025.7259913-5.doc.13","dc_source":"https://api1.ibabs.eu/publicdownload.aspx?site=Beekdaelen&id=257d51c1-8b5b-4975-add6-0fa0848f06e0","dc_title":"MvA technische vragen CDA FLO B1","dc_type":"bijlage","foi_fairiscoreVersions":{"v1":1,"v2":1},"foi_fileName":"MvA%20technische%20vragen%20CDA%20FLO%20B1.pdf","foi_nrPages":2},{"dc_format":"application/pdf","dc_identifier":"nl.gm1954.2c.2025.7259913-5.doc.10","dc_source":"https://api1.ibabs.eu/publicdownload.aspx?site=Beekdaelen&id=455fc163-2697-4e99-ad98-bd8a083b7676","dc_title":"MvA technische vragen GL PvdA FLO B1","dc_type":"bijlage","foi_fairiscoreVersions":{"v1":1,"v2":1},"foi_fileName":"MvA%20technische%20vragen%20GL%20PvdA%20FLO%20B1.pdf","foi_nrPages":1},{"dc_format":"application/pdf","dc_identifier":"nl.gm1954.2c.2025.7259913-5.doc.11","dc_source":"https://api1.ibabs.eu/publicdownload.aspx?site=Beekdaelen&id=46dadf41-de57-4194-ac58-00ddfd62e1ef","dc_title":"MvA technische vragen GL Pvda FLO B1 Bijlage 1 - Afbeeldingen Heringsbosch","dc_type":"bijlage","foi_fairiscoreVersions":{"v1":2,"v2":1},"foi_fileName":"MvA%20technische%20vragen%20GL%20Pvda%20FLO%20B1%20Bijlage%201%20-%20Afbeeldingen%20Heringsbosch.pdf","foi_nrPages":5},{"dc_format":"application/pdf","dc_identifier":"nl.gm1954.2c.2025.7259913-5.doc.12","dc_source":"https://api1.ibabs.eu/publicdownload.aspx?site=Beekdaelen&id=c88e5c35-0ba9-46a6-a3b4-647e1bc519e4","dc_title":"MvA technische vragen GL Pvda FLO B1 Bijlage 2 - Landschappelijke inpassing","dc_type":"bijlage","foi_fairiscoreVersions":{"v1":2,"v2":1},"foi_fileName":"MvA%20technische%20vragen%20GL%20Pvda%20FLO%20B1%20Bijlage%202%20-%20Landschappelijke%20inpassing.pdf","foi_nrPages":14},{"dc_format":"application/pdf","dc_identifier":"nl.gm1954.2c.2025.7259913-5.doc.9","dc_source":"https://api1.ibabs.eu/publicdownload.aspx?site=Beekdaelen&id=815702c8-6087-4769-abf6-1db27079a8ff","dc_title":"MvA technische vragen Rijkx Koll\u00e9e FLO B1","dc_type":"bijlage","foi_fairiscoreVersions":{"v1":2,"v2":1},"foi_fileName":"MvA%20technische%20vragen%20Rijkx%20Koll%C3%A9e%20FLO%20B1.pdf","foi_nrPages":2},{"dc_format":"application/pdf","dc_identifier":"nl.gm1954.2c.2025.7259913-5.doc.8","dc_source":"https://api1.ibabs.eu/publicdownload.aspx?site=Beekdaelen&id=bf000808-c2cb-4ce5-b000-9161d255ce7b","dc_title":"MvA technische vragen VG FLO B1","dc_type":"bijlage","foi_fairiscoreVersions":{"v1":1,"v2":1},"foi_fileName":"MvA%20technische%20vragen%20VG%20FLO%20B1.pdf","foi_nrPages":2},{"dc_format":"application/pdf","dc_identifier":"nl.gm1954.2c.2025.7259913-5.doc.2","dc_source":"https://api1.ibabs.eu/publicdownload.aspx?site=Beekdaelen&id=05a245ce-1193-4542-943e-38be1bdb31a0","dc_title":"Raadsbesluit \"Het oprichten van zorgboerderij\" (op de locatie Heringsbosch naast 8 te  Schinveld)","dc_type":"bijlage","foi_fairiscoreVersions":{"v1":1,"v2":1},"foi_fileName":"Raadsbesluit%20Bronsgroener-Hof.pdf","foi_nrPages":1},{"dc_format":"application/pdf","dc_identifier":"nl.gm1954.2c.2025.7259913-5.doc.1","dc_source":"https://api1.ibabs.eu/publicdownload.aspx?site=Beekdaelen&id=56ebf198-4027-4ec1-bd58-8311d2dd1a7e","dc_title":"Raadsvoorstel \"het oprichten van een zorgboerderij\"","dc_type":"bijlage","foi_fairiscoreVersions":{"v1":1,"v2":1},"foi_fileName":"Raadsvoorstel%20Bronsgroener-Hof.pdf","foi_nrPages":3}],"foi_nrDocuments":16,"foi_nrPagesInDossier":137,"foi_publishedDate":"2025-09-04","foi_retrievedDate":"2026-02-05"},{"dc_creator":"HandelingScraper_v1","dc_date_year":2025,"dc_description":"Vergadering van de Gemeente Beekdaelen op 2025-09-04. Onderdeel: Raadsvoorstel inzake: : \"Benodigde middelen MIP 2024 - 2027\".","dc_identifier":"nl.gm1954.2c.2025.7259913-6","dc_publisher":"gm1954","dc_source":"https://beekdaelen.bestuurlijkeinformatie.nl/Agenda/Index/f1881056-f8ab-4893-a9ab-f8831ce54e2f","dc_title":"Raadscommissie Fysieke Leefomgeving 2025-09-04 - Raadsvoorstel inzake: : \"Benodigde middelen MIP 2024 - 2027\"","dc_type":"2c","dc_type_description":"Vergaderstuk decentrale overheid","foi_fairiscoreVersions":{"v1":1,"v2":1},"foi_files":[{"dc_format":"application/octet-stream","dc_identifier":"nl.gm1954.2c.2025.7259913-6.doc.9","dc_source":"https://api1.ibabs.eu/publicdownload.aspx?site=Beekdaelen&id=3b1202f7-a34b-4465-a5b7-a6df4473656f","dc_title":"B2 1e termijn","dc_type":"bijlage","foi_fileName":"B2%201e%20termijn.mp3"},{"dc_format":"application/octet-stream","dc_identifier":"nl.gm1954.2c.2025.7259913-6.doc.11","dc_source":"https://api1.ibabs.eu/publicdownload.aspx?site=Beekdaelen&id=f3c3bf4a-b5d6-4308-82dc-1dff703e736c","dc_title":"B2 2e termijn","dc_type":"bijlage","foi_fileName":"B2%202e%20termijn.mp3"},{"dc_format":"application/octet-stream","dc_identifier":"nl.gm1954.2c.2025.7259913-6.doc.13","dc_source":"https://api1.ibabs.eu/publicdownload.aspx?site=Beekdaelen&id=44f9eda6-9c7e-4b87-a56c-0461c4e7def6","dc_title":"B2 advies commissie","dc_type":"bijlage","foi_fileName":"B2%20advies%20commissie.mp3"},{"dc_format":"application/octet-stream","dc_identifier":"nl.gm1954.2c.2025.7259913-6.doc.10","dc_source":"https://api1.ibabs.eu/publicdownload.aspx?site=Beekdaelen&id=5120ad05-1108-44f6-acd0-4bcd6afdadb8","dc_title":"B2 antwoord 1e termijn","dc_type":"bijlage","foi_fileName":"B2%20antwoord%201e%20termijn.mp3"},{"dc_format":"application/octet-stream","dc_identifier":"nl.gm1954.2c.2025.7259913-6.doc.12","dc_source":"https://api1.ibabs.eu/publicdownload.aspx?site=Beekdaelen&id=405e6dbf-32ab-427a-b348-c13ed6eff9da","dc_title":"B2 antwoord 2e termijn","dc_type":"bijlage","foi_fileName":"B2%20antwoord%202e%20termijn.mp3"},{"dc_format":"application/pdf","dc_identifier":"nl.gm1954.2c.2025.7259913-6.doc.6","dc_source":"https://api1.ibabs.eu/publicdownload.aspx?site=Beekdaelen&id=adf2917a-050b-42bd-ab1a-2bc40a4ab54c","dc_title":"MvA technische vragen CDA FLO B2","dc_type":"bijlage","foi_fairiscoreVersions":{"v1":1,"v2":1},"foi_fileName":"MvA%20technische%20vragen%20CDA%20FLO%20B2.pdf","foi_nrPages":1},{"dc_format":"application/pdf","dc_identifier":"nl.gm1954.2c.2025.7259913-6.doc.7","dc_source":"https://api1.ibabs.eu/publicdownload.aspx?site=Beekdaelen&id=b07a8527-74c8-4d99-aac6-04be3accc6c5","dc_title":"MvA technische vragen Rijkx Koll\u00e9e FLO B2","dc_type":"bijlage","foi_fairiscoreVersions":{"v1":1,"v2":1},"foi_fileName":"MvA%20technische%20vragen%20Rijkx%20Koll%C3%A9e%20FLO%20B2.pdf","foi_nrPages":2},{"dc_format":"application/pdf","dc_identifier":"nl.gm1954.2c.2025.7259913-6.doc.8","dc_source":"https://api1.ibabs.eu/publicdownload.aspx?site=Beekdaelen&id=dae05084-407e-4e65-b455-3994b019f0ba","dc_title":"MvA technische vragen VG FLO B2","dc_type":"bijlage","foi_fairiscoreVersions":{"v1":1,"v2":1},"foi_fileName":"MvA%20technische%20vragen%20VG%20FLO%20B2.pdf","foi_nrPages":2},{"dc_format":"application/pdf","dc_identifier":"nl.gm1954.2c.2025.7259913-6.doc.1","dc_source":"https://api1.ibabs.eu/publicdownload.aspx?site=Beekdaelen&id=fee29478-2107-48ee-8ab0-0a454b9bb5b2","dc_title":"Raadsvoorstel inzake \"benodigde middelen MIP 2024 - 2027\"","dc_type":"bijlage","foi_fairiscoreVersions":{"v1":1,"v2":1},"foi_fileName":"Z%2F25%2F214575%20-%20388688%20-%20Raadsvoorstel%20benodigde%20middelen%20MIP%202024%20-%202027.pdf","foi_nrPages":5},{"dc_format":"application/pdf","dc_identifier":"nl.gm1954.2c.2025.7259913-6.doc.2","dc_source":"https://api1.ibabs.eu/publicdownload.aspx?site=Beekdaelen&id=1eec2229-e855-453f-a1ea-0778b08f23ce","dc_title":"Bijlage 1: concept raadsbesluit","dc_type":"bijlage","foi_fairiscoreVersions":{"v1":1,"v2":1},"foi_fileName":"Z%2F25%2F214575%20-%20388692%20-%20Voorstel%20aanvullend%20krediet%205%20projecten.pdf","foi_nrPages":1},{"dc_format":"application/pdf","dc_identifier":"nl.gm1954.2c.2025.7259913-6.doc.3","dc_source":"https://api1.ibabs.eu/publicdownload.aspx?site=Beekdaelen&id=01e4cf93-68a1-4a37-a7bd-f577ee9103c9","dc_title":"Bijlage 2: begrotingswijziging 8.2-2025","dc_type":"bijlage","foi_fairiscoreVersions":{"v1":1,"v2":1},"foi_fileName":"Z%2F25%2F214575%20-%20391751%20-.pdf","foi_nrPages":1},{"dc_format":"application/pdf","dc_identifier":"nl.gm1954.2c.2025.7259913-6.doc.5","dc_source":"https://api1.ibabs.eu/publicdownload.aspx?site=Beekdaelen&id=d71f8554-f74b-44b4-b257-db53ad188118","dc_title":"Bijlage 4: Onderbouwing benodigd krediet","dc_type":"bijlage","foi_fairiscoreVersions":{"v1":1,"v2":1},"foi_fileName":"Z%2F25%2F214575%20-%20391752%20-%20Onderbouwing%20benodigd%20krediet.pdf","foi_nrPages":1},{"dc_format":"application/pdf","dc_identifier":"nl.gm1954.2c.2025.7259913-6.doc.4","dc_source":"https://api1.ibabs.eu/publicdownload.aspx?site=Beekdaelen&id=8e04035a-2ada-4f61-8e46-637ab5abb9e7","dc_title":"Bijlage 3: geactualiseerde planning MIP-projecten","dc_type":"bijlage","foi_fairiscoreVersions":{"v1":1,"v2":1},"foi_fileName":"Z%2F25%2F214575%20-%20392372%20-.pdf","foi_nrPages":1}],"foi_nrDocuments":13,"foi_nrPagesInDossier":14,"foi_publishedDate":"2025-09-04","foi_retrievedDate":"2025-12-01"},{"dc_creator":"HandelingScraper_v1","dc_date_year":2025,"dc_description":"Vergadering van de Gemeente Beekdaelen op 2025-09-04. Onderdeel: Raadsvoorstel inzake: \u201cAanvraag omgevingsvergunning revitalisering en uitbreiding van AZC Sweikhuizen \u2013  Moorheide 1 te Sweikhuizen (BOPA-procedure)\u201d.","dc_identifier":"nl.gm1954.2c.2025.7259913-7","dc_publisher":"gm1954","dc_source":"https://beekdaelen.bestuurlijkeinformatie.nl/Agenda/Index/f1881056-f8ab-4893-a9ab-f8831ce54e2f","dc_title":"Raadscommissie Fysieke Leefomgeving 2025-09-04 - Raadsvoorstel inzake: \u201cAanvraag omgevingsvergunning revitalisering en uitbreiding van AZC Sweikhuizen \u2013  Moorheide 1 te Sweikhuizen (BOPA-procedure)\u201d","dc_type":"2c","dc_type_description":"Vergaderstuk decentrale overheid","foi_fairiscoreVersions":{"v1":2,"v2":2},"foi_files":[{"dc_format":"application/octet-stream","dc_identifier":"nl.gm1954.2c.2025.7259913-7.doc.31","dc_source":"https://api1.ibabs.eu/publicdownload.aspx?site=Beekdaelen&id=b16598d2-e340-4e46-9c55-95df978ce802","dc_title":"B3 1e termijn","dc_type":"bijlage","foi_fileName":"B3%201e%20termijn.mp3"},{"dc_format":"application/octet-stream","dc_identifier":"nl.gm1954.2c.2025.7259913-7.doc.33","dc_source":"https://api1.ibabs.eu/publicdownload.aspx?site=Beekdaelen&id=cf7f65a1-f5de-432a-9b50-eabf43b6be0b","dc_title":"B3 2e termijn","dc_type":"bijlage","foi_fileName":"B3%202e%20termijn.mp3"},{"dc_format":"application/octet-stream","dc_identifier":"nl.gm1954.2c.2025.7259913-7.doc.35","dc_source":"https://api1.ibabs.eu/publicdownload.aspx?site=Beekdaelen&id=9eeeafce-fcd8-481a-b1d4-8b5a1bb29e76","dc_title":"B3 advies commissie","dc_type":"bijlage","foi_fileName":"B3%20advies%20commissie.mp3"},{"dc_format":"application/octet-stream","dc_identifier":"nl.gm1954.2c.2025.7259913-7.doc.32","dc_source":"https://api1.ibabs.eu/publicdownload.aspx?site=Beekdaelen&id=dd71aa7c-e51e-4372-90f2-65d52bffae0c","dc_title":"B3 antwoord 1e termijn","dc_type":"bijlage","foi_fileName":"B3%20antwoord%201e%20termijn.mp3"},{"dc_format":"application/octet-stream","dc_identifier":"nl.gm1954.2c.2025.7259913-7.doc.34","dc_source":"https://api1.ibabs.eu/publicdownload.aspx?site=Beekdaelen&id=ff1a4634-15c9-4b05-a9e5-016e99f8ef82","dc_title":"B3 antwoord 2e termijn","dc_type":"bijlage","foi_fileName":"B3%20antwoord%202e%20termijn.mp3"},{"dc_format":"application/pdf","dc_identifier":"nl.gm1954.2c.2025.7259913-7.doc.2","dc_source":"https://api1.ibabs.eu/publicdownload.aspx?site=Beekdaelen&id=08d660be-330a-45d0-9d21-2238ce8888e1","dc_title":"Bijlage 1 concept raadsbesluit","dc_type":"bijlage","foi_fairiscoreVersions":{"v1":1,"v2":1},"foi_fileName":"Bijlage%201%20concept%20raadsbesluit.pdf","foi_nrPages":1},{"dc_format":"application/pdf","dc_identifier":"nl.gm1954.2c.2025.7259913-7.doc.11","dc_source":"https://api1.ibabs.eu/publicdownload.aspx?site=Beekdaelen&id=8d2bf919-a400-4a54-ab84-8a8982b2fa9f","dc_title":"Bijlage 10 klooster 2e verdieping nieuw","dc_type":"bijlage","foi_fairiscoreVersions":{"v1":1,"v2":1},"foi_fileName":"Bijlage%2010%20klooster%202e%20verdieping%20nieuw.pdf","foi_nrPages":1},{"dc_format":"application/pdf","dc_identifier":"nl.gm1954.2c.2025.7259913-7.doc.12","dc_source":"https://api1.ibabs.eu/publicdownload.aspx?site=Beekdaelen&id=f0b7af7c-ec52-42b6-8650-c2e76e3b977a","dc_title":"Bijlage 11 tekening 3e verdieping klooster nieuw","dc_type":"bijlage","foi_fairiscoreVersions":{"v1":1,"v2":1},"foi_fileName":"Bijlage%2011%20tekening%203e%20verdieping%20klooster%20nieuw.pdf","foi_nrPages":1},{"dc_format":"application/pdf","dc_identifier":"nl.gm1954.2c.2025.7259913-7.doc.13","dc_source":"https://api1.ibabs.eu/publicdownload.aspx?site=Beekdaelen&id=4c05c476-fa9d-43d1-be31-b86c9105b192","dc_title":"Bijlage 12 tekening klooster 4e verdieping nieuw","dc_type":"bijlage","foi_fairiscoreVersions":{"v1":1,"v2":1},"foi_fileName":"Bijlage%2012%20tekening%20klooster%204e%20verdieping%20nieuw.pdf","foi_nrPages":1},{"dc_format":"application/pdf","dc_identifier":"nl.gm1954.2c.2025.7259913-7.doc.14","dc_source":"https://api1.ibabs.eu/publicdownload.aspx?site=Beekdaelen&id=a5d1c407-8bc4-4ac0-aff1-2cacaceb7853","dc_title":"Bijlage 13 tekening klooster 5e verdieping","dc_type":"bijlage","foi_fairiscoreVersions":{"v1":1,"v2":1},"foi_fileName":"Bijlage%2013%20tekening%20klooster%205e%20verdieping.pdf","foi_nrPages":1},{"dc_format":"application/pdf","dc_identifier":"nl.gm1954.2c.2025.7259913-7.doc.15","dc_source":"https://api1.ibabs.eu/publicdownload.aspx?site=Beekdaelen&id=9cfc73ac-20d0-4747-8da2-5411f405202b","dc_title":"Bijlage 14  tekening klooster 6e verdieping nieuw","dc_type":"bijlage","foi_fairiscoreVersions":{"v1":1,"v2":1},"foi_fileName":"Bijlage%2014%20%20tekening%20klooster%206e%20verdieping%20nieuw.pdf","foi_nrPages":1},{"dc_format":"application/pdf","dc_identifier":"nl.gm1954.2c.2025.7259913-7.doc.16","dc_source":"https://api1.ibabs.eu/publicdownload.aspx?site=Beekdaelen&id=4a901d67-efa8-4fb2-a8fb-61bf10aa8aa0","dc_title":"Bijlage 15 tekening doorsnede klooster A C Nieuw","dc_type":"bijlage","foi_fairiscoreVersions":{"v1":1,"v2":1},"foi_fileName":"Bijlage%2015%20tekening%20doorsnede%20klooster%20A%20C%20Nieuw.pdf","foi_nrPages":1},{"dc_format":"application/pdf","dc_identifier":"nl.gm1954.2c.2025.7259913-7.doc.17","dc_source":"https://api1.ibabs.eu/publicdownload.aspx?site=Beekdaelen&id=332a90a3-abe4-4221-b93f-e55042df5285","dc_title":"Bijlage 16  tekening klooster doorsnede BD nieuw","dc_type":"bijlage","foi_fairiscoreVersions":{"v1":1,"v2":1},"foi_fileName":"Bijlage%2016%20%20tekening%20klooster%20doorsnede%20BD%20nieuw.pdf","foi_nrPages":1},{"dc_format":"application/pdf","dc_identifier":"nl.gm1954.2c.2025.7259913-7.doc.18","dc_source":"https://api1.ibabs.eu/publicdownload.aspx?site=Beekdaelen&id=b12ac6cb-3d97-48ee-94cb-6aac175917f6","dc_title":"Bijlage 17 tekening klooster aanzichten Noord- en Zuidgevel","dc_type":"bijlage","foi_fairiscoreVersions":{"v1":1,"v2":1},"foi_fileName":"Bijlage%2017%20tekening%20klooster%20aanzichten%20Noord-%20en%20Zuidgevel.pdf","foi_nrPages":1},{"dc_format":"application/pdf","dc_identifier":"nl.gm1954.2c.2025.7259913-7.doc.19","dc_source":"https://api1.ibabs.eu/publicdownload.aspx?site=Beekdaelen&id=ccd7a3b1-d8e0-428f-9592-ebf20762acc2","dc_title":"Bijlage 18 tekening klooster Oost-West","dc_type":"bijlage","foi_fairiscoreVersions":{"v1":1,"v2":1},"foi_fileName":"Bijlage%2018%20tekening%20klooster%20Oost-West.pdf","foi_nrPages":1},{"dc_format":"application/pdf","dc_identifier":"nl.gm1954.2c.2025.7259913-7.doc.20","dc_source":"https://api1.ibabs.eu/publicdownload.aspx?site=Beekdaelen&id=f3cd18ad-5b10-4ba5-a1b0-4eda6bb534f3","dc_title":"Bijlage 19 nieuwbouw souterrain en begane grondvloer","dc_type":"bijlage","foi_fairiscoreVersions":{"v1":1,"v2":1},"foi_fileName":"Bijlage%2019%20nieuwbouw%20souterrain%20en%20begane%20grondvloer.pdf","foi_nrPages":1},{"dc_format":"application/pdf","dc_identifier":"nl.gm1954.2c.2025.7259913-7.doc.3","dc_source":"https://api1.ibabs.eu/publicdownload.aspx?site=Beekdaelen&id=4eb79c02-73c2-4466-953c-66f56f55b095","dc_title":"Bijlage 2 motivering BOPA-aanvraag COA","dc_type":"bijlage","foi_fairiscoreVersions":{"v1":2,"v2":2},"foi_fileName":"Bijlage%202%20motivering%20BOPA-aanvraag%20COA.pdf","foi_nrPages":55},{"dc_format":"application/pdf","dc_identifier":"nl.gm1954.2c.2025.7259913-7.doc.21","dc_source":"https://api1.ibabs.eu/publicdownload.aspx?site=Beekdaelen&id=ffec3bec-aa31-41d6-a107-682bc29ee1ce","dc_title":"Bijlage 20 tekening nieuwbouw 1e,2e,3e,4e verdieping","dc_type":"bijlage","foi_fairiscoreVersions":{"v1":1,"v2":1},"foi_fileName":"Bijlage%2020%20tekening%20nieuwbouw%201e_2e_3e_4e%20verdieping.pdf","foi_nrPages":1},{"dc_format":"application/pdf","dc_identifier":"nl.gm1954.2c.2025.7259913-7.doc.22","dc_source":"https://api1.ibabs.eu/publicdownload.aspx?site=Beekdaelen&id=2a1aacf7-269e-4ce0-9b09-9cce9d38162f","dc_title":"Bijlage 21 tekening nieuwbouw doorsnede ABC","dc_type":"bijlage","foi_fairiscoreVersions":{"v1":1,"v2":1},"foi_fileName":"Bijlage%2021%20tekening%20nieuwbouw%20doorsnede%20ABC.pdf","foi_nrPages":1},{"dc_format":"application/pdf","dc_identifier":"nl.gm1954.2c.2025.7259913-7.doc.23","dc_source":"https://api1.ibabs.eu/publicdownload.aspx?site=Beekdaelen&id=3215b4c0-95b6-42fd-9f79-349cfcd4e041","dc_title":"Bijlage 22 tekening neuwbouw doorsneden DEF","dc_type":"bijlage","foi_fairiscoreVersions":{"v1":1,"v2":1},"foi_fileName":"Bijlage%2022%20tekening%20neuwbouw%20doorsneden%20DEF.pdf","foi_nrPages":1},{"dc_format":"application/pdf","dc_identifier":"nl.gm1954.2c.2025.7259913-7.doc.24","dc_source":"https://api1.ibabs.eu/publicdownload.aspx?site=Beekdaelen&id=3c559c71-c3c1-4eb8-80d4-57dece05a924","dc_title":"Bijlage 23 tekening nieuwbouw aanzicht Noord en Zuid","dc_type":"bijlage","foi_fairiscoreVersions":{"v1":1,"v2":1},"foi_fileName":"Bijlage%2023%20tekening%20nieuwbouw%20aanzicht%20Noord%20en%20Zuid.pdf","foi_nrPages":1},{"dc_format":"application/pdf","dc_identifier":"nl.gm1954.2c.2025.7259913-7.doc.25","dc_source":"https://api1.ibabs.eu/publicdownload.aspx?site=Beekdaelen&id=8197cbbc-c41e-4745-b9ea-25b1d2c9412d","dc_title":"Bijlage 24 tekening nieuwbouw aanzichten Oost en West","dc_type":"bijlage","foi_fairiscoreVersions":{"v1":1,"v2":1},"foi_fileName":"Bijlage%2024%20tekening%20nieuwbouw%20aanzichten%20Oost%20en%20West.pdf","foi_nrPages":1},{"dc_format":"application/pdf","dc_identifier":"nl.gm1954.2c.2025.7259913-7.doc.26","dc_source":"https://api1.ibabs.eu/publicdownload.aspx?site=Beekdaelen&id=21f3222a-8353-4172-9a03-3596641ec10f","dc_title":"Bijlage 25 terreininrichting bijgebouwen","dc_type":"bijlage","foi_fairiscoreVersions":{"v1":1,"v2":1},"foi_fileName":"Bijlage%2025%20terreininrichting%20bijgebouwen.pdf","foi_nrPages":8},{"dc_format":"application/pdf","dc_identifier":"nl.gm1954.2c.2025.7259913-7.doc.27","dc_source":"https://api1.ibabs.eu/publicdownload.aspx?site=Beekdaelen&id=1e60c44f-2fcb-4811-b605-5d840491cf93","dc_title":"Bijlage 26 tekening toegangspoort","dc_type":"bijlage","foi_fairiscoreVersions":{"v1":2,"v2":1},"foi_fileName":"Bijlage%2026%20tekening%20toegangspoort.pdf","foi_nrPages":12},{"dc_format":"application/pdf","dc_identifier":"nl.gm1954.2c.2025.7259913-7.doc.28","dc_source":"https://api1.ibabs.eu/publicdownload.aspx?site=Beekdaelen&id=267262e7-808b-406d-825b-1b2bc3a62e09","dc_title":"Bijlage 27 Landschapsplan","dc_type":"bijlage","foi_fairiscoreVersions":{"v1":2,"v2":2},"foi_fileName":"Bijlage%2027%20Landschapsplan.pdf","foi_nrPages":58},{"dc_format":"application/pdf","dc_identifier":"nl.gm1954.2c.2025.7259913-7.doc.4","dc_source":"https://api1.ibabs.eu/publicdownload.aspx?site=Beekdaelen&id=e05c74cb-c088-4ae7-9a9c-257130e4d4f0","dc_title":"Bijlage 3 Participatieverslag","dc_type":"bijlage","foi_fairiscoreVersions":{"v1":3,"v2":3},"foi_fileName":"Bijlage%203%20Participatieverslag.pdf","foi_nrPages":211},{"dc_format":"application/pdf","dc_identifier":"nl.gm1954.2c.2025.7259913-7.doc.5","dc_source":"https://api1.ibabs.eu/publicdownload.aspx?site=Beekdaelen&id=621489f1-5fe7-4602-980e-b93fe3864f04","dc_title":"Bijlage 4 Advies Rijksdienst","dc_type":"bijlage","foi_fairiscoreVersions":{"v1":1,"v2":1},"foi_fileName":"Bijlage%204-%20Advies%20Rijksdienst.pdf","foi_nrPages":5},{"dc_format":"application/pdf","dc_identifier":"nl.gm1954.2c.2025.7259913-7.doc.6","dc_source":"https://api1.ibabs.eu/publicdownload.aspx?site=Beekdaelen&id=4b54f758-8f3b-425f-ac1b-ef5212ad3af5","dc_title":"Bijlage 5 advies Monumentencommissie","dc_type":"bijlage","foi_fairiscoreVersions":{"v1":5,"v2":5},"foi_fileName":"Bijlage%205%20advies%20Monumentencommissie.pdf","foi_nrPages":2},{"dc_format":"application/pdf","dc_identifier":"nl.gm1954.2c.2025.7259913-7.doc.7","dc_source":"https://api1.ibabs.eu/publicdownload.aspx?site=Beekdaelen&id=337be2b9-b988-442d-bee1-8eea106753a1","dc_title":"Bijlage 6  Situatie Nieuw","dc_type":"bijlage","foi_fairiscoreVersions":{"v1":1,"v2":1},"foi_fileName":"Bijlage%206%20%20Situatie%20Nieuw.pdf","foi_nrPages":1},{"dc_format":"application/pdf","dc_identifier":"nl.gm1954.2c.2025.7259913-7.doc.8","dc_source":"https://api1.ibabs.eu/publicdownload.aspx?site=Beekdaelen&id=4f5086b1-a614-43db-be36-32db17443bcd","dc_title":"Bijlage 7 tekening klooster souterrain nieuw","dc_type":"bijlage","foi_fairiscoreVersions":{"v1":1,"v2":1},"foi_fileName":"Bijlage%207%20tekening%20klooster%20souterrain%20nieuw.pdf","foi_nrPages":1},{"dc_format":"application/pdf","dc_identifier":"nl.gm1954.2c.2025.7259913-7.doc.9","dc_source":"https://api1.ibabs.eu/publicdownload.aspx?site=Beekdaelen&id=d22e803b-d82d-4181-a249-c9b52c79137a","dc_title":"Bijlage 8 tekening klooster begane grond nieuw","dc_type":"bijlage","foi_fairiscoreVersions":{"v1":1,"v2":1},"foi_fileName":"Bijlage%208%20tekening%20klooster%20begane%20grond%20nieuw.pdf","foi_nrPages":1},{"dc_format":"application/pdf","dc_identifier":"nl.gm1954.2c.2025.7259913-7.doc.10","dc_source":"https://api1.ibabs.eu/publicdownload.aspx?site=Beekdaelen&id=585586af-09d3-4db4-800b-3fae897c81e2","dc_title":"Bijlage 9 klooster 1e verdieping nieuw","dc_type":"bijlage","foi_fairiscoreVersions":{"v1":1,"v2":1},"foi_fileName":"Bijlage%209%20klooster%201e%20verdieping%20nieuw.pdf","foi_nrPages":1},{"dc_format":"application/pdf","dc_identifier":"nl.gm1954.2c.2025.7259913-7.doc.30","dc_source":"https://api1.ibabs.eu/publicdownload.aspx?site=Beekdaelen&id=d5b7db11-2156-47d5-a507-86381064528b","dc_title":"MvA technische vragen CDA FLO B3","dc_type":"bijlage","foi_fairiscoreVersions":{"v1":1,"v2":1},"foi_fileName":"MvA%20technische%20vragen%20CDA%20FLO%20B3.pdf","foi_nrPages":2},{"dc_format":"application/pdf","dc_identifier":"nl.gm1954.2c.2025.7259913-7.doc.29","dc_source":"https://api1.ibabs.eu/publicdownload.aspx?site=Beekdaelen&id=403dd53d-f3ba-4aef-8c8d-23b0b504a89c","dc_title":"MvA technische vragen VG FLO B3","dc_type":"bijlage","foi_fairiscoreVersions":{"v1":1,"v2":1},"foi_fileName":"MvA%20technische%20vragen%20VG%20FLO%20B3.pdf","foi_nrPages":3},{"dc_format":"application/pdf","dc_identifier":"nl.gm1954.2c.2025.7259913-7.doc.1","dc_source":"https://api1.ibabs.eu/publicdownload.aspx?site=Beekdaelen&id=7835acb2-1852-49c3-b4cd-768bc4ecbf29","dc_title":"Raadsvoorstel inzake: Aanvraag omgevingsvergunning revitalisering en uitbreiding van AZC Sweikhuizen \u2013  Moorheide 1 te Sweikhuizen (BOPA-procedure)","dc_type":"bijlage","foi_fairiscoreVersions":{"v1":1,"v2":1},"foi_fileName":"Raadsvoorstel%20renovatie%20verduurzaming%20en%20uitbreiding%20AZ.pdf","foi_nrPages":9}],"foi_nrDocuments":35,"foi_nrPagesInDossier":385,"foi_publishedDate":"2025-09-04","foi_retrievedDate":"2026-01-22"},{"dc_creator":"HandelingScraper_v1","dc_date_year":2025,"dc_description":"Vergadering van de Gemeente Beekdaelen op 2025-09-04. Onderdeel: Raadsvoorstel inzake: \"Centrumplan Nuth\".","dc_identifier":"nl.gm1954.2c.2025.7259913-8","dc_publisher":"gm1954","dc_source":"https://beekdaelen.bestuurlijkeinformatie.nl/Agenda/Index/f1881056-f8ab-4893-a9ab-f8831ce54e2f","dc_title":"Raadscommissie Fysieke Leefomgeving 2025-09-04 - Raadsvoorstel inzake: \"Centrumplan Nuth\"","dc_type":"2c","dc_type_description":"Vergaderstuk decentrale overheid","foi_fairiscoreVersions":{"v1":2,"v2":2},"foi_files":[{"dc_format":"application/octet-stream","dc_identifier":"nl.gm1954.2c.2025.7259913-8.doc.20","dc_source":"https://api1.ibabs.eu/publicdownload.aspx?site=Beekdaelen&id=4ada0e71-4dae-43e0-bc0f-59e70795d9f5","dc_title":"B4 1e termijn","dc_type":"bijlage","foi_fileName":"B4%201e%20termijn.mp3"},{"dc_format":"application/octet-stream","dc_identifier":"nl.gm1954.2c.2025.7259913-8.doc.23","dc_source":"https://api1.ibabs.eu/publicdownload.aspx?site=Beekdaelen&id=9dbbd975-3b0c-4c0f-b89d-e2473712084f","dc_title":"B4 2e termijn","dc_type":"bijlage","foi_fileName":"B4%202e%20termijn.mp3"},{"dc_format":"application/octet-stream","dc_identifier":"nl.gm1954.2c.2025.7259913-8.doc.26","dc_source":"https://api1.ibabs.eu/publicdownload.aspx?site=Beekdaelen&id=5132543d-5397-4419-8ee0-3e3732b08fb5","dc_title":"B4 advies commissie","dc_type":"bijlage","foi_fileName":"B4%20advies%20commissie.mp3"},{"dc_format":"application/octet-stream","dc_identifier":"nl.gm1954.2c.2025.7259913-8.doc.21","dc_source":"https://api1.ibabs.eu/publicdownload.aspx?site=Beekdaelen&id=7d469d89-1072-419c-8cdb-480434052d8c","dc_title":"B4 antwoord 1e termijn I","dc_type":"bijlage","foi_fileName":"B4%20antwoord%201e%20termijn%20I.mp3"},{"dc_format":"application/octet-stream","dc_identifier":"nl.gm1954.2c.2025.7259913-8.doc.22","dc_source":"https://api1.ibabs.eu/publicdownload.aspx?site=Beekdaelen&id=f91a501c-9f9f-49df-9944-579a9175b30c","dc_title":"B4 antwoord 1e termijn II","dc_type":"bijlage","foi_fileName":"B4%20antwoord%201e%20termijn%20II.mp3"},{"dc_format":"application/octet-stream","dc_identifier":"nl.gm1954.2c.2025.7259913-8.doc.24","dc_source":"https://api1.ibabs.eu/publicdownload.aspx?site=Beekdaelen&id=563c4690-af67-4233-82ed-8c84ed6fa2a7","dc_title":"B4 antwoord 2e termijn I","dc_type":"bijlage","foi_fileName":"B4%20antwoord%202e%20termijn%20I.mp3"},{"dc_format":"application/octet-stream","dc_identifier":"nl.gm1954.2c.2025.7259913-8.doc.25","dc_source":"https://api1.ibabs.eu/publicdownload.aspx?site=Beekdaelen&id=3a98f23e-372a-4064-b0a2-b3ab0d21bac0","dc_title":"B4 antwoord 2e termijn II","dc_type":"bijlage","foi_fileName":"B4%20antwoord%202e%20termijn%20II.mp3"},{"dc_format":"application/pdf","dc_identifier":"nl.gm1954.2c.2025.7259913-8.doc.4","dc_source":"https://api1.ibabs.eu/publicdownload.aspx?site=Beekdaelen&id=e9ca6946-f620-47c9-89aa-e8fe87398710","dc_title":"Bijlage 1: Centrumplan Nuth (Beekdaelen)","dc_type":"bijlage","foi_fairiscoreVersions":{"v1":2,"v2":1},"foi_fileName":"Bijlage%201%20-%20Centrumplan%20Nuth%20%28Beekdaelen%29.pdf","foi_nrPages":14},{"dc_format":"application/pdf","dc_identifier":"nl.gm1954.2c.2025.7259913-8.doc.5","dc_source":"https://api1.ibabs.eu/publicdownload.aspx?site=Beekdaelen&id=e3f5818a-f8cb-4c1d-88d6-2676f2e406ac","dc_title":"Bijlage 2: Ontwerpstudie herbestemming Bavo-kerk, HVN Architecten","dc_type":"bijlage","foi_fairiscoreVersions":{"v1":2,"v2":1},"foi_fileName":"Bijlage%202%20-%20Ontwerpstudie%20herbestemming%20Bavo-kerk_%20HVN%20Architecten.pdf","foi_nrPages":34},{"dc_format":"application/pdf","dc_identifier":"nl.gm1954.2c.2025.7259913-8.doc.13","dc_source":"https://api1.ibabs.eu/publicdownload.aspx?site=Beekdaelen&id=564868b1-f8c9-4242-b6b4-cdad1ff91aa5","dc_title":"Bijlage 4: Gewijzigd raadsbesluit Centrumplan Nuth na NvW","dc_type":"bijlage","foi_fairiscoreVersions":{"v1":1,"v2":1},"foi_fileName":"Gewijzigd%20raadsbesluit%20Centrumplan%20Nuth.pdf","foi_nrPages":1},{"dc_format":"application/pdf","dc_identifier":"nl.gm1954.2c.2025.7259913-8.doc.2","dc_source":"https://api1.ibabs.eu/publicdownload.aspx?site=Beekdaelen&id=661001df-d027-4365-8de0-74b7f586055b","dc_title":"Gewijzigd raadsvoorstel Centrumplan Nuth na NvW","dc_type":"bijlage","foi_fairiscoreVersions":{"v1":1,"v2":1},"foi_fileName":"Gewijzigd%20raadsvoorstel%20Centrumplan%20Nuth.pdf","foi_nrPages":9},{"dc_format":"application/pdf","dc_identifier":"nl.gm1954.2c.2025.7259913-8.doc.17","dc_source":"https://api1.ibabs.eu/publicdownload.aspx?site=Beekdaelen&id=598ec365-65d2-4079-85a1-8a5308c292bd","dc_title":"MvA technische vragen BL FLO B4","dc_type":"bijlage","foi_fairiscoreVersions":{"v1":1,"v2":1},"foi_fileName":"MvA%20technische%20vragen%20BL%20FLO%20B4.pdf","foi_nrPages":5},{"dc_format":"application/pdf","dc_identifier":"nl.gm1954.2c.2025.7259913-8.doc.14","dc_source":"https://api1.ibabs.eu/publicdownload.aspx?site=Beekdaelen&id=77873114-abba-4270-a879-446d9c1586ca","dc_title":"MvA technische vragen CDA FLO B4","dc_type":"bijlage","foi_fairiscoreVersions":{"v1":1,"v2":1},"foi_fileName":"MvA%20technische%20vragen%20CDA%20FLO%20B4.pdf","foi_nrPages":5},{"dc_format":"application/pdf","dc_identifier":"nl.gm1954.2c.2025.7259913-8.doc.15","dc_source":"https://api1.ibabs.eu/publicdownload.aspx?site=Beekdaelen&id=aeb72b71-c2a8-4914-98c8-66c14818cefc","dc_title":"MvA technische vragen CDA FLO B4 Bijlage (geanonimiseerd)","dc_type":"bijlage","foi_fairiscoreVersions":{"v1":2,"v2":2},"foi_fileName":"MvA%20technische%20vragen%20CDA%20FLO%20B4%20Bijlage%20%28geanonimiseerd%29.pdf","foi_nrPages":2},{"dc_format":"application/pdf","dc_identifier":"nl.gm1954.2c.2025.7259913-8.doc.18","dc_source":"https://api1.ibabs.eu/publicdownload.aspx?site=Beekdaelen&id=78741f2d-fd05-4bdf-91cb-b8f4f6a7e3e8","dc_title":"MvA technische vragen GL PvdA FLO B4","dc_type":"bijlage","foi_fairiscoreVersions":{"v1":1,"v2":1},"foi_fileName":"MvA%20technische%20vragen%20GL%20PvdA%20FLO%20B4.pdf","foi_nrPages":2},{"dc_format":"application/pdf","dc_identifier":"nl.gm1954.2c.2025.7259913-8.doc.19","dc_source":"https://api1.ibabs.eu/publicdownload.aspx?site=Beekdaelen&id=25f35560-2ddb-4c0b-aa4e-700b5a85790b","dc_title":"MvA technische vragen Rijkx Koll\u00e9e FLO B4","dc_type":"bijlage","foi_fairiscoreVersions":{"v1":1,"v2":1},"foi_fileName":"MvA%20technische%20vragen%20Rijkx%20Koll%C3%A9e%20FLO%20B4.pdf","foi_nrPages":3},{"dc_format":"application/pdf","dc_identifier":"nl.gm1954.2c.2025.7259913-8.doc.16","dc_source":"https://api1.ibabs.eu/publicdownload.aspx?site=Beekdaelen&id=20561adf-217e-4e40-9130-39315f20edb3","dc_title":"MvA technische vragen VG FLO B4","dc_type":"bijlage","foi_fairiscoreVersions":{"v1":1,"v2":1},"foi_fileName":"MvA%20technische%20vragen%20VG%20FLO%20B4.pdf","foi_nrPages":4},{"dc_format":"application/pdf","dc_identifier":"nl.gm1954.2c.2025.7259913-8.doc.1","dc_source":"https://api1.ibabs.eu/publicdownload.aspx?site=Beekdaelen&id=9504f5ef-c39e-4b46-ac52-88ead8104d92","dc_title":"Nota van wijziging Centrumplan Nuth","dc_type":"bijlage","foi_fairiscoreVersions":{"v1":1,"v2":1},"foi_fileName":"Nota%20van%20wijziging%20Centrumplan%20Nuth.pdf","foi_nrPages":2},{"dc_format":"application/pdf","dc_identifier":"nl.gm1954.2c.2025.7259913-8.doc.3","dc_source":"https://api1.ibabs.eu/publicdownload.aspx?site=Beekdaelen&id=62c5150e-3f66-476b-8631-4c5b20974526","dc_title":"VERVALLEN Raadsvoorstel Centrumplan Nuth","dc_type":"bijlage","foi_fairiscoreVersions":{"v1":1,"v2":1},"foi_fileName":"Z%2F25%2F215269%20-%20391059%20-%20Centrumplan%20Nuth.pdf","foi_nrPages":9},{"dc_format":"application/pdf","dc_identifier":"nl.gm1954.2c.2025.7259913-8.doc.12","dc_source":"https://api1.ibabs.eu/publicdownload.aspx?site=Beekdaelen&id=62052bb0-ddb9-4d4c-b783-65849a9abd2b","dc_title":"VERVALLEN Bijlage 4: Raadsbesluit Centrumplan Nuth","dc_type":"bijlage","foi_fairiscoreVersions":{"v1":1,"v2":1},"foi_fileName":"Z%2F25%2F215269%20-%20391707%20-%20Raadsbesluit%20Centrumplan%20Nuth.pdf","foi_nrPages":1},{"dc_format":"application/pdf","dc_identifier":"nl.gm1954.2c.2025.7259913-8.doc.11","dc_source":"https://api1.ibabs.eu/publicdownload.aspx?site=Beekdaelen&id=197a88bf-7d98-46d8-92c1-3f383b011af1","dc_title":"Bijlage 3f: Resultaten participatieproces Braining the Future - Stakeholdersbijeenkomsten","dc_type":"bijlage","foi_fairiscoreVersions":{"v1":2,"v2":1},"foi_fileName":"Z%2F25%2F215269%20-%20391808.pdf","foi_nrPages":26},{"dc_format":"application/pdf","dc_identifier":"nl.gm1954.2c.2025.7259913-8.doc.10","dc_source":"https://api1.ibabs.eu/publicdownload.aspx?site=Beekdaelen&id=29975534-45f4-4cd0-a1fa-76c73f9d2d3c","dc_title":"Bijlage 3e: Resultaten participatieproces Braining the Future - Data-analyse","dc_type":"bijlage","foi_fairiscoreVersions":{"v1":2,"v2":1},"foi_fileName":"Z%2F25%2F215269%20-%20391808.pdf","foi_nrPages":14},{"dc_format":"application/pdf","dc_identifier":"nl.gm1954.2c.2025.7259913-8.doc.9","dc_source":"https://api1.ibabs.eu/publicdownload.aspx?site=Beekdaelen&id=e2059f61-cd1e-43c5-87e1-7b2f2505b9ac","dc_title":"Bijlage 3d: Resultaten participatieproces Braining the Future - Pop-up locaties","dc_type":"bijlage","foi_fairiscoreVersions":{"v1":2,"v2":2},"foi_fileName":"Z%2F25%2F215269%20-%20391808.pdf","foi_nrPages":16},{"dc_format":"application/pdf","dc_identifier":"nl.gm1954.2c.2025.7259913-8.doc.8","dc_source":"https://api1.ibabs.eu/publicdownload.aspx?site=Beekdaelen&id=235c1a56-c83a-4013-85f7-94f80b14969c","dc_title":"Bijlage 3c: Resultaten participatieproces Braining the Future - Enqu\u00eate","dc_type":"bijlage","foi_fairiscoreVersions":{"v1":2,"v2":1},"foi_fileName":"Z%2F25%2F215269%20-%20391808.pdf","foi_nrPages":10},{"dc_format":"application/pdf","dc_identifier":"nl.gm1954.2c.2025.7259913-8.doc.7","dc_source":"https://api1.ibabs.eu/publicdownload.aspx?site=Beekdaelen&id=a40b97ee-8423-44c8-8989-c4d42e4bb339","dc_title":"Bijlage 3b: Resultaten participatieproces Braining the Future - Bewonersbijeenkomsten","dc_type":"bijlage","foi_fairiscoreVersions":{"v1":2,"v2":2},"foi_fileName":"Z%2F25%2F215269%20-%20391808.pdf","foi_nrPages":26},{"dc_format":"application/pdf","dc_identifier":"nl.gm1954.2c.2025.7259913-8.doc.6","dc_source":"https://api1.ibabs.eu/publicdownload.aspx?site=Beekdaelen&id=544bd1cd-be69-4f73-82ee-4818688cd608","dc_title":"Bijlage 3a: Resultaten participatieproces Braining the Future - Kinderperspectief","dc_type":"bijlage","foi_fairiscoreVersions":{"v1":3,"v2":3},"foi_fileName":"Z%2F25%2F215269%20-%20391808%20-%20Resultaten%20participatieproces%20Braining%20the%20Future.pdf","foi_nrPages":17}],"foi_nrDocuments":26,"foi_nrPagesInDossier":200,"foi_publishedDate":"2025-09-04","foi_retrievedDate":"2026-03-06"},{"dc_creator":"HandelingScraper_v1","dc_date_year":2025,"dc_description":"Vergadering van de Gemeente Beekdaelen op 2025-09-04. Onderdeel: Raadsvoorstel inzake: \"Ruimtelijke plankaders voor de herontwikkeling van de deelgebieden Beekstraat-noord en Aan de Platz in de kern Schinveld\".","dc_identifier":"nl.gm1954.2c.2025.7259913-9","dc_publisher":"gm1954","dc_source":"https://beekdaelen.bestuurlijkeinformatie.nl/Agenda/Index/f1881056-f8ab-4893-a9ab-f8831ce54e2f","dc_title":"Raadscommissie Fysieke Leefomgeving 2025-09-04 - Raadsvoorstel inzake: \"Ruimtelijke plankaders voor de herontwikkeling van de deelgebieden Beekstraat-noord en Aan de Platz in de kern Schinveld\"","dc_type":"2c","dc_type_description":"Vergaderstuk decentrale overheid","foi_fairiscoreVersions":{"v1":2,"v2":2},"foi_files":[{"dc_format":"application/octet-stream","dc_identifier":"nl.gm1954.2c.2025.7259913-9.doc.7","dc_source":"https://api1.ibabs.eu/publicdownload.aspx?site=Beekdaelen&id=0f3d01f2-1824-4a08-aa60-4caee2cfc4fc","dc_title":"B5 1e termijn","dc_type":"bijlage","foi_fileName":"B5%201e%20termijn.mp3"},{"dc_format":"application/octet-stream","dc_identifier":"nl.gm1954.2c.2025.7259913-9.doc.9","dc_source":"https://api1.ibabs.eu/publicdownload.aspx?site=Beekdaelen&id=12d21059-87a3-4dc8-a7b0-9fbeee22a001","dc_title":"B5 2e termijn + advies commissie","dc_type":"bijlage","foi_fileName":"B5%202e%20termijn%20%2B%20advies%20commissie.mp3"},{"dc_format":"application/octet-stream","dc_identifier":"nl.gm1954.2c.2025.7259913-9.doc.8","dc_source":"https://api1.ibabs.eu/publicdownload.aspx?site=Beekdaelen&id=f2505b7b-a6cd-44d5-b247-aa76b480f853","dc_title":"B5 antwoord 1e termijn","dc_type":"bijlage","foi_fileName":"B5%20antwoord%201e%20termijn.mp3"},{"dc_format":"application/pdf","dc_identifier":"nl.gm1954.2c.2025.7259913-9.doc.6","dc_source":"https://api1.ibabs.eu/publicdownload.aspx?site=Beekdaelen&id=ddc3e2d4-fef0-41f2-8da0-366e71ac923c","dc_title":"MvA technische vragen CDA FLO B5","dc_type":"bijlage","foi_fairiscoreVersions":{"v1":1,"v2":1},"foi_fileName":"MvA%20technische%20vragen%20CDA%20FLO%20B5.pdf","foi_nrPages":2},{"dc_format":"application/pdf","dc_identifier":"nl.gm1954.2c.2025.7259913-9.doc.4","dc_source":"https://api1.ibabs.eu/publicdownload.aspx?site=Beekdaelen&id=3741650f-4c88-46bb-b3f8-9154321776fb","dc_title":"MvA technische vragen Rijkx Koll\u00e9e FLO B5","dc_type":"bijlage","foi_fairiscoreVersions":{"v1":1,"v2":1},"foi_fileName":"MvA%20technische%20vragen%20Rijkx%20Koll%C3%A9e%20FLO%20B5.pdf","foi_nrPages":1},{"dc_format":"application/pdf","dc_identifier":"nl.gm1954.2c.2025.7259913-9.doc.5","dc_source":"https://api1.ibabs.eu/publicdownload.aspx?site=Beekdaelen&id=e978f294-de35-40b0-9b61-fb4bd053c4e4","dc_title":"MvA technische vragen VG FLO B5","dc_type":"bijlage","foi_fairiscoreVersions":{"v1":1,"v2":1},"foi_fileName":"MvA%20technische%20vragen%20VG%20FLO%20B5.pdf","foi_nrPages":2},{"dc_format":"application/pdf","dc_identifier":"nl.gm1954.2c.2025.7259913-9.doc.2","dc_source":"https://api1.ibabs.eu/publicdownload.aspx?site=Beekdaelen&id=0e7fabea-38b3-4430-8b71-e07581026b6c","dc_title":"Bijlage 1: Plankaders: Doorontwikkeling Deelgebieden II en III d.d. 01-08-2025","dc_type":"bijlage","foi_fairiscoreVersions":{"v1":2,"v2":2},"foi_fileName":"Z%2F25%2F215512%20-%20391793%20-%20Collegevoorstel%20Bijlage%201%20Plankaders%3A%20Doorontwikkeling%20Deelgebieden%20II%20en%20III%20d.d.pdf","foi_nrPages":41},{"dc_format":"application/pdf","dc_identifier":"nl.gm1954.2c.2025.7259913-9.doc.1","dc_source":"https://api1.ibabs.eu/publicdownload.aspx?site=Beekdaelen&id=1614e03e-b770-455b-a6a2-1bd5f16aa751","dc_title":"Raadsvoorstel \"Ruimtelijke Plankaders voor de herontwikkeling van de deelgebieden Beekstraat-noord  en Aan de Platz in de kern Schinveld.\"","dc_type":"bijlage","foi_fairiscoreVersions":{"v1":1,"v2":1},"foi_fileName":"Z%2F25%2F215512%20-%20391795%20-%20Collegevoorstel%20Bijlage%202%20Raadsvoorstel%20Ruimtelijke%20plankaders%20voor%20de%20herontwikkeling%20van%20de%20deelgebieden%20Beekstraat-noord%20en%20Aan%20de%20Platz.pdf","foi_nrPages":4},{"dc_format":"application/pdf","dc_identifier":"nl.gm1954.2c.2025.7259913-9.doc.3","dc_source":"https://api1.ibabs.eu/publicdownload.aspx?site=Beekdaelen&id=74094d4f-29b8-4d11-aabb-4d3b7a67d251","dc_title":"Bijlage 2: Concept raadsbesluit","dc_type":"bijlage","foi_fairiscoreVersions":{"v1":1,"v2":1},"foi_fileName":"Z%2F25%2F215512%20-%20391796%20-%20Bijlage%203%20collegevoorstel%3A%20concept%20raadsbesluit.pdf","foi_nrPages":1}],"foi_nrDocuments":9,"foi_nrPagesInDossier":51,"foi_publishedDate":"2025-09-04","foi_retrievedDate":"2026-03-03"},{"dc_creator":"HandelingScraper_v1","dc_date_year":2025,"dc_description":"Vergadering van de Gemeente Beekdaelen op 2025-09-16. Onderdeel: Opening.","dc_identifier":"nl.gm1954.2c.2025.7259914-1","dc_publisher":"gm1954","dc_source":"https://beekdaelen.bestuurlijkeinformatie.nl/Agenda/Index/d39a1188-df8f-4767-8490-396541b22dba","dc_title":"Raadsvergadering 2025-09-16 - Opening","dc_type":"2c","dc_type_description":"Vergaderstuk decentrale overheid","foi_fairiscoreVersions":{"v1":1,"v2":1},"foi_files":[{"dc_format":"application/pdf","dc_identifier":"nl.gm1954.2c.2025.7259914-1.doc.1","dc_source":"https://api1.ibabs.eu/publicdownload.aspx?site=Beekdaelen&id=69bd7e5e-f511-4314-8634-0264374d75ca","dc_title":"Uitnodiging en voorlopige agenda raadsvergadering 16 september 2025","dc_type":"bijlage","foi_fairiscoreVersions":{"v1":1,"v2":1},"foi_fileName":"Uitnodiging%20en%20voorlopige%20agenda%20raadsvergadering%2016%20september%202025.pdf","foi_nrPages":2}],"foi_nrDocuments":1,"foi_nrPagesInDossier":2,"foi_publishedDate":"2025-09-16","foi_retrievedDate":"2026-03-05"},{"dc_creator":"HandelingScraper_v1","dc_date_year":2025,"dc_description":"Vergadering van de Gemeente Beekdaelen op 2025-09-16. Onderdeel: Voorstel inzake benodigde middelen MIP 2024 - 2027.","dc_identifier":"nl.gm1954.2c.2025.7259914-10","dc_publisher":"gm1954","dc_source":"https://beekdaelen.bestuurlijkeinformatie.nl/Agenda/Index/d39a1188-df8f-4767-8490-396541b22dba","dc_title":"Raadsvergadering 2025-09-16 - Voorstel inzake benodigde middelen MIP 2024 - 2027","dc_type":"2c","dc_type_description":"Vergaderstuk decentrale overheid","foi_fairiscoreVersions":{"v1":1,"v2":1},"foi_files":[{"dc_format":"application/pdf","dc_identifier":"nl.gm1954.2c.2025.7259914-10.doc.6","dc_source":"https://api1.ibabs.eu/publicdownload.aspx?site=Beekdaelen&id=d032afc4-7586-4c58-b7eb-3b030d41672c","dc_title":"Memorie van Antwoord n.a.v. openstaande vragen VVD in cie FLO 04092025","dc_type":"bijlage","foi_fairiscoreVersions":{"v1":1,"v2":1},"foi_fileName":"Memorie%20van%20Antwoord%20n.a.v.pdf","foi_nrPages":1},{"dc_format":"application/pdf","dc_identifier":"nl.gm1954.2c.2025.7259914-10.doc.1","dc_source":"https://api1.ibabs.eu/publicdownload.aspx?site=Beekdaelen&id=9127f407-de40-4b62-b88b-7b32deecc375","dc_title":"Raadsvoorstel inzake benodigde middelen MIP 2024-2027 aangepast n.a.v. commissiebehandeling","dc_type":"bijlage","foi_fairiscoreVersions":{"v1":1,"v2":1},"foi_fileName":"Raadsvoorstel%20inzake%20benodigde%20middelen%20MIP%202024-2027%20aangepast%20n.a.v.pdf","foi_nrPages":5},{"dc_format":"application/pdf","dc_identifier":"nl.gm1954.2c.2025.7259914-10.doc.7","dc_source":"https://api1.ibabs.eu/publicdownload.aspx?site=Beekdaelen&id=fee29478-2107-48ee-8ab0-0a454b9bb5b2","dc_title":"Raadsvoorstel inzake \"benodigde middelen MIP 2024 - 2027\"","dc_type":"bijlage","foi_fairiscoreVersions":{"v1":1,"v2":1},"foi_fileName":"Z%2F25%2F214575%20-%20388688%20-%20Raadsvoorstel%20benodigde%20middelen%20MIP%202024%20-%202027.pdf","foi_nrPages":5},{"dc_format":"application/pdf","dc_identifier":"nl.gm1954.2c.2025.7259914-10.doc.2","dc_source":"https://api1.ibabs.eu/publicdownload.aspx?site=Beekdaelen&id=1eec2229-e855-453f-a1ea-0778b08f23ce","dc_title":"Bijlage 1: concept raadsbesluit","dc_type":"bijlage","foi_fairiscoreVersions":{"v1":1,"v2":1},"foi_fileName":"Z%2F25%2F214575%20-%20388692%20-%20Voorstel%20aanvullend%20krediet%205%20projecten.pdf","foi_nrPages":1},{"dc_format":"application/pdf","dc_identifier":"nl.gm1954.2c.2025.7259914-10.doc.3","dc_source":"https://api1.ibabs.eu/publicdownload.aspx?site=Beekdaelen&id=01e4cf93-68a1-4a37-a7bd-f577ee9103c9","dc_title":"Bijlage 2: begrotingswijziging 8.2-2025","dc_type":"bijlage","foi_fairiscoreVersions":{"v1":1,"v2":1},"foi_fileName":"Z%2F25%2F214575%20-%20391751%20-.pdf","foi_nrPages":1},{"dc_format":"application/pdf","dc_identifier":"nl.gm1954.2c.2025.7259914-10.doc.5","dc_source":"https://api1.ibabs.eu/publicdownload.aspx?site=Beekdaelen&id=d71f8554-f74b-44b4-b257-db53ad188118","dc_title":"Bijlage 4: Onderbouwing benodigd krediet","dc_type":"bijlage","foi_fairiscoreVersions":{"v1":1,"v2":1},"foi_fileName":"Z%2F25%2F214575%20-%20391752%20-%20Onderbouwing%20benodigd%20krediet.pdf","foi_nrPages":1},{"dc_format":"application/pdf","dc_identifier":"nl.gm1954.2c.2025.7259914-10.doc.4","dc_source":"https://api1.ibabs.eu/publicdownload.aspx?site=Beekdaelen&id=8e04035a-2ada-4f61-8e46-637ab5abb9e7","dc_title":"Bijlage 3: geactualiseerde planning MIP-projecten","dc_type":"bijlage","foi_fairiscoreVersions":{"v1":1,"v2":1},"foi_fileName":"Z%2F25%2F214575%20-%20392372%20-.pdf","foi_nrPages":1}],"foi_nrDocuments":7,"foi_nrPagesInDossier":15,"foi_publishedDate":"2025-09-16","foi_retrievedDate":"2026-01-22"},{"dc_creator":"HandelingScraper_v1","dc_date_year":2025,"dc_description":"Vergadering van de Gemeente Beekdaelen op 2025-09-16. Onderdeel: Voorstel inzake aanvraag omgevingsvergunning revitalisering en uitbreiding van AZC Sweikhuizen \u2013  Moorheide 1 te Sweikhuizen (BOPA-procedure)\u201d.","dc_identifier":"nl.gm1954.2c.2025.7259914-11","dc_publisher":"gm1954","dc_source":"https://beekdaelen.bestuurlijkeinformatie.nl/Agenda/Index/d39a1188-df8f-4767-8490-396541b22dba","dc_title":"Raadsvergadering 2025-09-16 - Voorstel inzake aanvraag omgevingsvergunning revitalisering en uitbreiding van AZC Sweikhuizen \u2013  Moorheide 1 te Sweikhuizen (BOPA-procedure)\u201d","dc_type":"2c","dc_type_description":"Vergaderstuk decentrale overheid","foi_fairiscoreVersions":{"v1":2,"v2":2},"foi_files":[{"dc_format":"application/pdf","dc_identifier":"nl.gm1954.2c.2025.7259914-11.doc.2","dc_source":"https://api1.ibabs.eu/publicdownload.aspx?site=Beekdaelen&id=08d660be-330a-45d0-9d21-2238ce8888e1","dc_title":"Bijlage 1 concept raadsbesluit","dc_type":"bijlage","foi_fairiscoreVersions":{"v1":1,"v2":1},"foi_fileName":"Bijlage%201%20concept%20raadsbesluit.pdf","foi_nrPages":1},{"dc_format":"application/pdf","dc_identifier":"nl.gm1954.2c.2025.7259914-11.doc.11","dc_source":"https://api1.ibabs.eu/publicdownload.aspx?site=Beekdaelen&id=8d2bf919-a400-4a54-ab84-8a8982b2fa9f","dc_title":"Bijlage 10 klooster 2e verdieping nieuw","dc_type":"bijlage","foi_fairiscoreVersions":{"v1":1,"v2":1},"foi_fileName":"Bijlage%2010%20klooster%202e%20verdieping%20nieuw.pdf","foi_nrPages":1},{"dc_format":"application/pdf","dc_identifier":"nl.gm1954.2c.2025.7259914-11.doc.12","dc_source":"https://api1.ibabs.eu/publicdownload.aspx?site=Beekdaelen&id=f0b7af7c-ec52-42b6-8650-c2e76e3b977a","dc_title":"Bijlage 11 tekening 3e verdieping klooster nieuw","dc_type":"bijlage","foi_fairiscoreVersions":{"v1":1,"v2":1},"foi_fileName":"Bijlage%2011%20tekening%203e%20verdieping%20klooster%20nieuw.pdf","foi_nrPages":1},{"dc_format":"application/pdf","dc_identifier":"nl.gm1954.2c.2025.7259914-11.doc.13","dc_source":"https://api1.ibabs.eu/publicdownload.aspx?site=Beekdaelen&id=4c05c476-fa9d-43d1-be31-b86c9105b192","dc_title":"Bijlage 12 tekening klooster 4e verdieping nieuw","dc_type":"bijlage","foi_fairiscoreVersions":{"v1":1,"v2":1},"foi_fileName":"Bijlage%2012%20tekening%20klooster%204e%20verdieping%20nieuw.pdf","foi_nrPages":1},{"dc_format":"application/pdf","dc_identifier":"nl.gm1954.2c.2025.7259914-11.doc.14","dc_source":"https://api1.ibabs.eu/publicdownload.aspx?site=Beekdaelen&id=a5d1c407-8bc4-4ac0-aff1-2cacaceb7853","dc_title":"Bijlage 13 tekening klooster 5e verdieping","dc_type":"bijlage","foi_fairiscoreVersions":{"v1":1,"v2":1},"foi_fileName":"Bijlage%2013%20tekening%20klooster%205e%20verdieping.pdf","foi_nrPages":1},{"dc_format":"application/pdf","dc_identifier":"nl.gm1954.2c.2025.7259914-11.doc.15","dc_source":"https://api1.ibabs.eu/publicdownload.aspx?site=Beekdaelen&id=9cfc73ac-20d0-4747-8da2-5411f405202b","dc_title":"Bijlage 14  tekening klooster 6e verdieping nieuw","dc_type":"bijlage","foi_fairiscoreVersions":{"v1":1,"v2":1},"foi_fileName":"Bijlage%2014%20%20tekening%20klooster%206e%20verdieping%20nieuw.pdf","foi_nrPages":1},{"dc_format":"application/pdf","dc_identifier":"nl.gm1954.2c.2025.7259914-11.doc.16","dc_source":"https://api1.ibabs.eu/publicdownload.aspx?site=Beekdaelen&id=4a901d67-efa8-4fb2-a8fb-61bf10aa8aa0","dc_title":"Bijlage 15 tekening doorsnede klooster A C Nieuw","dc_type":"bijlage","foi_fairiscoreVersions":{"v1":1,"v2":1},"foi_fileName":"Bijlage%2015%20tekening%20doorsnede%20klooster%20A%20C%20Nieuw.pdf","foi_nrPages":1},{"dc_format":"application/pdf","dc_identifier":"nl.gm1954.2c.2025.7259914-11.doc.17","dc_source":"https://api1.ibabs.eu/publicdownload.aspx?site=Beekdaelen&id=332a90a3-abe4-4221-b93f-e55042df5285","dc_title":"Bijlage 16  tekening klooster doorsnede BD nieuw","dc_type":"bijlage","foi_fairiscoreVersions":{"v1":1,"v2":1},"foi_fileName":"Bijlage%2016%20%20tekening%20klooster%20doorsnede%20BD%20nieuw.pdf","foi_nrPages":1},{"dc_format":"application/pdf","dc_identifier":"nl.gm1954.2c.2025.7259914-11.doc.18","dc_source":"https://api1.ibabs.eu/publicdownload.aspx?site=Beekdaelen&id=b12ac6cb-3d97-48ee-94cb-6aac175917f6","dc_title":"Bijlage 17 tekening klooster aanzichten Noord- en Zuidgevel","dc_type":"bijlage","foi_fairiscoreVersions":{"v1":1,"v2":1},"foi_fileName":"Bijlage%2017%20tekening%20klooster%20aanzichten%20Noord-%20en%20Zuidgevel.pdf","foi_nrPages":1},{"dc_format":"application/pdf","dc_identifier":"nl.gm1954.2c.2025.7259914-11.doc.19","dc_source":"https://api1.ibabs.eu/publicdownload.aspx?site=Beekdaelen&id=ccd7a3b1-d8e0-428f-9592-ebf20762acc2","dc_title":"Bijlage 18 tekening klooster Oost-West","dc_type":"bijlage","foi_fairiscoreVersions":{"v1":1,"v2":1},"foi_fileName":"Bijlage%2018%20tekening%20klooster%20Oost-West.pdf","foi_nrPages":1},{"dc_format":"application/pdf","dc_identifier":"nl.gm1954.2c.2025.7259914-11.doc.20","dc_source":"https://api1.ibabs.eu/publicdownload.aspx?site=Beekdaelen&id=f3cd18ad-5b10-4ba5-a1b0-4eda6bb534f3","dc_title":"Bijlage 19 nieuwbouw souterrain en begane grondvloer","dc_type":"bijlage","foi_fairiscoreVersions":{"v1":1,"v2":1},"foi_fileName":"Bijlage%2019%20nieuwbouw%20souterrain%20en%20begane%20grondvloer.pdf","foi_nrPages":1},{"dc_format":"application/pdf","dc_identifier":"nl.gm1954.2c.2025.7259914-11.doc.3","dc_source":"https://api1.ibabs.eu/publicdownload.aspx?site=Beekdaelen&id=4eb79c02-73c2-4466-953c-66f56f55b095","dc_title":"Bijlage 2 motivering BOPA-aanvraag COA","dc_type":"bijlage","foi_fairiscoreVersions":{"v1":2,"v2":2},"foi_fileName":"Bijlage%202%20motivering%20BOPA-aanvraag%20COA.pdf","foi_nrPages":55},{"dc_format":"application/pdf","dc_identifier":"nl.gm1954.2c.2025.7259914-11.doc.21","dc_source":"https://api1.ibabs.eu/publicdownload.aspx?site=Beekdaelen&id=ffec3bec-aa31-41d6-a107-682bc29ee1ce","dc_title":"Bijlage 20 tekening nieuwbouw 1e,2e,3e,4e verdieping","dc_type":"bijlage","foi_fairiscoreVersions":{"v1":1,"v2":1},"foi_fileName":"Bijlage%2020%20tekening%20nieuwbouw%201e_2e_3e_4e%20verdieping.pdf","foi_nrPages":1},{"dc_format":"application/pdf","dc_identifier":"nl.gm1954.2c.2025.7259914-11.doc.22","dc_source":"https://api1.ibabs.eu/publicdownload.aspx?site=Beekdaelen&id=2a1aacf7-269e-4ce0-9b09-9cce9d38162f","dc_title":"Bijlage 21 tekening nieuwbouw doorsnede ABC","dc_type":"bijlage","foi_fairiscoreVersions":{"v1":1,"v2":1},"foi_fileName":"Bijlage%2021%20tekening%20nieuwbouw%20doorsnede%20ABC.pdf","foi_nrPages":1},{"dc_format":"application/pdf","dc_identifier":"nl.gm1954.2c.2025.7259914-11.doc.23","dc_source":"https://api1.ibabs.eu/publicdownload.aspx?site=Beekdaelen&id=3215b4c0-95b6-42fd-9f79-349cfcd4e041","dc_title":"Bijlage 22 tekening neuwbouw doorsneden DEF","dc_type":"bijlage","foi_fairiscoreVersions":{"v1":1,"v2":1},"foi_fileName":"Bijlage%2022%20tekening%20neuwbouw%20doorsneden%20DEF.pdf","foi_nrPages":1},{"dc_format":"application/pdf","dc_identifier":"nl.gm1954.2c.2025.7259914-11.doc.24","dc_source":"https://api1.ibabs.eu/publicdownload.aspx?site=Beekdaelen&id=3c559c71-c3c1-4eb8-80d4-57dece05a924","dc_title":"Bijlage 23 tekening nieuwbouw aanzicht Noord en Zuid","dc_type":"bijlage","foi_fairiscoreVersions":{"v1":1,"v2":1},"foi_fileName":"Bijlage%2023%20tekening%20nieuwbouw%20aanzicht%20Noord%20en%20Zuid.pdf","foi_nrPages":1},{"dc_format":"application/pdf","dc_identifier":"nl.gm1954.2c.2025.7259914-11.doc.25","dc_source":"https://api1.ibabs.eu/publicdownload.aspx?site=Beekdaelen&id=8197cbbc-c41e-4745-b9ea-25b1d2c9412d","dc_title":"Bijlage 24 tekening nieuwbouw aanzichten Oost en West","dc_type":"bijlage","foi_fairiscoreVersions":{"v1":1,"v2":1},"foi_fileName":"Bijlage%2024%20tekening%20nieuwbouw%20aanzichten%20Oost%20en%20West.pdf","foi_nrPages":1},{"dc_format":"application/pdf","dc_identifier":"nl.gm1954.2c.2025.7259914-11.doc.26","dc_source":"https://api1.ibabs.eu/publicdownload.aspx?site=Beekdaelen&id=21f3222a-8353-4172-9a03-3596641ec10f","dc_title":"Bijlage 25 terreininrichting bijgebouwen","dc_type":"bijlage","foi_fairiscoreVersions":{"v1":1,"v2":1},"foi_fileName":"Bijlage%2025%20terreininrichting%20bijgebouwen.pdf","foi_nrPages":8},{"dc_format":"application/pdf","dc_identifier":"nl.gm1954.2c.2025.7259914-11.doc.27","dc_source":"https://api1.ibabs.eu/publicdownload.aspx?site=Beekdaelen&id=1e60c44f-2fcb-4811-b605-5d840491cf93","dc_title":"Bijlage 26 tekening toegangspoort","dc_type":"bijlage","foi_fairiscoreVersions":{"v1":2,"v2":1},"foi_fileName":"Bijlage%2026%20tekening%20toegangspoort.pdf","foi_nrPages":12},{"dc_format":"application/pdf","dc_identifier":"nl.gm1954.2c.2025.7259914-11.doc.28","dc_source":"https://api1.ibabs.eu/publicdownload.aspx?site=Beekdaelen&id=267262e7-808b-406d-825b-1b2bc3a62e09","dc_title":"Bijlage 27 Landschapsplan","dc_type":"bijlage","foi_fairiscoreVersions":{"v1":2,"v2":2},"foi_fileName":"Bijlage%2027%20Landschapsplan.pdf","foi_nrPages":58},{"dc_format":"application/pdf","dc_identifier":"nl.gm1954.2c.2025.7259914-11.doc.4","dc_source":"https://api1.ibabs.eu/publicdownload.aspx?site=Beekdaelen&id=e05c74cb-c088-4ae7-9a9c-257130e4d4f0","dc_title":"Bijlage 3 Participatieverslag","dc_type":"bijlage","foi_fairiscoreVersions":{"v1":3,"v2":3},"foi_fileName":"Bijlage%203%20Participatieverslag.pdf","foi_nrPages":211},{"dc_format":"application/pdf","dc_identifier":"nl.gm1954.2c.2025.7259914-11.doc.5","dc_source":"https://api1.ibabs.eu/publicdownload.aspx?site=Beekdaelen&id=621489f1-5fe7-4602-980e-b93fe3864f04","dc_title":"Bijlage 4 Advies Rijksdienst","dc_type":"bijlage","foi_fairiscoreVersions":{"v1":1,"v2":1},"foi_fileName":"Bijlage%204-%20Advies%20Rijksdienst.pdf","foi_nrPages":5},{"dc_format":"application/pdf","dc_identifier":"nl.gm1954.2c.2025.7259914-11.doc.6","dc_source":"https://api1.ibabs.eu/publicdownload.aspx?site=Beekdaelen&id=4b54f758-8f3b-425f-ac1b-ef5212ad3af5","dc_title":"Bijlage 5 advies Monumentencommissie","dc_type":"bijlage","foi_fairiscoreVersions":{"v1":5,"v2":5},"foi_fileName":"Bijlage%205%20advies%20Monumentencommissie.pdf","foi_nrPages":2},{"dc_format":"application/pdf","dc_identifier":"nl.gm1954.2c.2025.7259914-11.doc.7","dc_source":"https://api1.ibabs.eu/publicdownload.aspx?site=Beekdaelen&id=337be2b9-b988-442d-bee1-8eea106753a1","dc_title":"Bijlage 6  Situatie Nieuw","dc_type":"bijlage","foi_fairiscoreVersions":{"v1":1,"v2":1},"foi_fileName":"Bijlage%206%20%20Situatie%20Nieuw.pdf","foi_nrPages":1},{"dc_format":"application/pdf","dc_identifier":"nl.gm1954.2c.2025.7259914-11.doc.8","dc_source":"https://api1.ibabs.eu/publicdownload.aspx?site=Beekdaelen&id=4f5086b1-a614-43db-be36-32db17443bcd","dc_title":"Bijlage 7 tekening klooster souterrain nieuw","dc_type":"bijlage","foi_fairiscoreVersions":{"v1":1,"v2":1},"foi_fileName":"Bijlage%207%20tekening%20klooster%20souterrain%20nieuw.pdf","foi_nrPages":1},{"dc_format":"application/pdf","dc_identifier":"nl.gm1954.2c.2025.7259914-11.doc.9","dc_source":"https://api1.ibabs.eu/publicdownload.aspx?site=Beekdaelen&id=d22e803b-d82d-4181-a249-c9b52c79137a","dc_title":"Bijlage 8 tekening klooster begane grond nieuw","dc_type":"bijlage","foi_fairiscoreVersions":{"v1":1,"v2":1},"foi_fileName":"Bijlage%208%20tekening%20klooster%20begane%20grond%20nieuw.pdf","foi_nrPages":1},{"dc_format":"application/pdf","dc_identifier":"nl.gm1954.2c.2025.7259914-11.doc.10","dc_source":"https://api1.ibabs.eu/publicdownload.aspx?site=Beekdaelen&id=585586af-09d3-4db4-800b-3fae897c81e2","dc_title":"Bijlage 9 klooster 1e verdieping nieuw","dc_type":"bijlage","foi_fairiscoreVersions":{"v1":1,"v2":1},"foi_fileName":"Bijlage%209%20klooster%201e%20verdieping%20nieuw.pdf","foi_nrPages":1},{"dc_format":"application/pdf","dc_identifier":"nl.gm1954.2c.2025.7259914-11.doc.1","dc_source":"https://api1.ibabs.eu/publicdownload.aspx?site=Beekdaelen&id=7835acb2-1852-49c3-b4cd-768bc4ecbf29","dc_title":"Raadsvoorstel inzake: Aanvraag omgevingsvergunning revitalisering en uitbreiding van AZC Sweikhuizen \u2013  Moorheide 1 te Sweikhuizen (BOPA-procedure)","dc_type":"bijlage","foi_fairiscoreVersions":{"v1":1,"v2":1},"foi_fileName":"Raadsvoorstel%20renovatie%20verduurzaming%20en%20uitbreiding%20AZ.pdf","foi_nrPages":9}],"foi_nrDocuments":28,"foi_nrPagesInDossier":380,"foi_publishedDate":"2025-09-16","foi_retrievedDate":"2025-12-07"},{"dc_creator":"HandelingScraper_v1","dc_date_year":2025,"dc_description":"Vergadering van de Gemeente Beekdaelen op 2025-09-16. Onderdeel: Voorstel inzake ontwikkelperspectief centrum Nuth.","dc_identifier":"nl.gm1954.2c.2025.7259914-12","dc_publisher":"gm1954","dc_source":"https://beekdaelen.bestuurlijkeinformatie.nl/Agenda/Index/d39a1188-df8f-4767-8490-396541b22dba","dc_title":"Raadsvergadering 2025-09-16 - Voorstel inzake ontwikkelperspectief centrum Nuth","dc_type":"2c","dc_type_description":"Vergaderstuk decentrale overheid","foi_fairiscoreVersions":{"v1":2,"v2":2},"foi_files":[{"dc_format":"application/pdf","dc_identifier":"nl.gm1954.2c.2025.7259914-12.doc.6","dc_source":"https://api1.ibabs.eu/publicdownload.aspx?site=Beekdaelen&id=e9ca6946-f620-47c9-89aa-e8fe87398710","dc_title":"Bijlage 1: Centrumplan Nuth (Beekdaelen)","dc_type":"bijlage","foi_fairiscoreVersions":{"v1":2,"v2":1},"foi_fileName":"Bijlage%201%20-%20Centrumplan%20Nuth%20%28Beekdaelen%29.pdf","foi_nrPages":14},{"dc_format":"application/pdf","dc_identifier":"nl.gm1954.2c.2025.7259914-12.doc.7","dc_source":"https://api1.ibabs.eu/publicdownload.aspx?site=Beekdaelen&id=e3f5818a-f8cb-4c1d-88d6-2676f2e406ac","dc_title":"Bijlage 2: Ontwerpstudie herbestemming Bavo-kerk, HVN Architecten","dc_type":"bijlage","foi_fairiscoreVersions":{"v1":2,"v2":2},"foi_fileName":"Bijlage%202%20-%20Ontwerpstudie%20herbestemming%20Bavo-kerk_%20HVN%20Architecten.pdf","foi_nrPages":34},{"dc_format":"application/pdf","dc_identifier":"nl.gm1954.2c.2025.7259914-12.doc.4","dc_source":"https://api1.ibabs.eu/publicdownload.aspx?site=Beekdaelen&id=5593597d-6410-43d3-9147-a15647d0044a","dc_title":"Gewijzigd Bijlage 1- Centrumplan Nuth","dc_type":"bijlage","foi_fairiscoreVersions":{"v1":2,"v2":1},"foi_fileName":"Gewijzigd%20Bijlage%201-%20Centrumplan%20Nuth.pdf","foi_nrPages":15},{"dc_format":"application/pdf","dc_identifier":"nl.gm1954.2c.2025.7259914-12.doc.5","dc_source":"https://api1.ibabs.eu/publicdownload.aspx?site=Beekdaelen&id=564868b1-f8c9-4242-b6b4-cdad1ff91aa5","dc_title":"Bijlage 4: Gewijzigd raadsbesluit Centrumplan Nuth na NvW","dc_type":"bijlage","foi_fairiscoreVersions":{"v1":1,"v2":1},"foi_fileName":"Gewijzigd%20raadsbesluit%20Centrumplan%20Nuth.pdf","foi_nrPages":1},{"dc_format":"application/pdf","dc_identifier":"nl.gm1954.2c.2025.7259914-12.doc.1","dc_source":"https://api1.ibabs.eu/publicdownload.aspx?site=Beekdaelen&id=661001df-d027-4365-8de0-74b7f586055b","dc_title":"Gewijzigd raadsvoorstel Centrumplan Nuth na NvW","dc_type":"bijlage","foi_fairiscoreVersions":{"v1":1,"v2":1},"foi_fileName":"Gewijzigd%20raadsvoorstel%20Centrumplan%20Nuth.pdf","foi_nrPages":9},{"dc_format":"application/pdf","dc_identifier":"nl.gm1954.2c.2025.7259914-12.doc.2","dc_source":"https://api1.ibabs.eu/publicdownload.aspx?site=Beekdaelen&id=9504f5ef-c39e-4b46-ac52-88ead8104d92","dc_title":"Nota van wijziging Centrumplan Nuth","dc_type":"bijlage","foi_fairiscoreVersions":{"v1":1,"v2":1},"foi_fileName":"Nota%20van%20wijziging%20Centrumplan%20Nuth.pdf","foi_nrPages":2},{"dc_format":"application/pdf","dc_identifier":"nl.gm1954.2c.2025.7259914-12.doc.3","dc_source":"https://api1.ibabs.eu/publicdownload.aspx?site=Beekdaelen&id=88c71478-7067-4622-bf7f-6a7f091c211c","dc_title":"Nota van wijziging II Centrumplan Nuth","dc_type":"bijlage","foi_fairiscoreVersions":{"v1":1,"v2":1},"foi_fileName":"Nota%20van%20wijziging%20Centrumplan%20Nuth.pdf","foi_nrPages":2},{"dc_format":"application/pdf","dc_identifier":"nl.gm1954.2c.2025.7259914-12.doc.14","dc_source":"https://api1.ibabs.eu/publicdownload.aspx?site=Beekdaelen&id=62c5150e-3f66-476b-8631-4c5b20974526","dc_title":"VERVALLEN Raadsvoorstel Centrumplan Nuth","dc_type":"bijlage","foi_fairiscoreVersions":{"v1":1,"v2":1},"foi_fileName":"Z%2F25%2F215269%20-%20391059%20-%20Centrumplan%20Nuth.pdf","foi_nrPages":9},{"dc_format":"application/pdf","dc_identifier":"nl.gm1954.2c.2025.7259914-12.doc.9","dc_source":"https://api1.ibabs.eu/publicdownload.aspx?site=Beekdaelen&id=a40b97ee-8423-44c8-8989-c4d42e4bb339","dc_title":"Bijlage 3b: Resultaten participatieproces Braining the Future - Bewonersbijeenkomsten","dc_type":"bijlage","foi_fairiscoreVersions":{"v1":2,"v2":2},"foi_fileName":"Z%2F25%2F215269%20-%20391808.pdf","foi_nrPages":26},{"dc_format":"application/pdf","dc_identifier":"nl.gm1954.2c.2025.7259914-12.doc.10","dc_source":"https://api1.ibabs.eu/publicdownload.aspx?site=Beekdaelen&id=235c1a56-c83a-4013-85f7-94f80b14969c","dc_title":"Bijlage 3c: Resultaten participatieproces Braining the Future - Enqu\u00eate","dc_type":"bijlage","foi_fairiscoreVersions":{"v1":2,"v2":1},"foi_fileName":"Z%2F25%2F215269%20-%20391808.pdf","foi_nrPages":10},{"dc_format":"application/pdf","dc_identifier":"nl.gm1954.2c.2025.7259914-12.doc.11","dc_source":"https://api1.ibabs.eu/publicdownload.aspx?site=Beekdaelen&id=e2059f61-cd1e-43c5-87e1-7b2f2505b9ac","dc_title":"Bijlage 3d: Resultaten participatieproces Braining the Future - Pop-up locaties","dc_type":"bijlage","foi_fairiscoreVersions":{"v1":2,"v2":2},"foi_fileName":"Z%2F25%2F215269%20-%20391808.pdf","foi_nrPages":16},{"dc_format":"application/pdf","dc_identifier":"nl.gm1954.2c.2025.7259914-12.doc.12","dc_source":"https://api1.ibabs.eu/publicdownload.aspx?site=Beekdaelen&id=29975534-45f4-4cd0-a1fa-76c73f9d2d3c","dc_title":"Bijlage 3e: Resultaten participatieproces Braining the Future - Data-analyse","dc_type":"bijlage","foi_fairiscoreVersions":{"v1":2,"v2":1},"foi_fileName":"Z%2F25%2F215269%20-%20391808.pdf","foi_nrPages":14},{"dc_format":"application/pdf","dc_identifier":"nl.gm1954.2c.2025.7259914-12.doc.13","dc_source":"https://api1.ibabs.eu/publicdownload.aspx?site=Beekdaelen&id=197a88bf-7d98-46d8-92c1-3f383b011af1","dc_title":"Bijlage 3f: Resultaten participatieproces Braining the Future - Stakeholdersbijeenkomsten","dc_type":"bijlage","foi_fairiscoreVersions":{"v1":2,"v2":1},"foi_fileName":"Z%2F25%2F215269%20-%20391808.pdf","foi_nrPages":26},{"dc_format":"application/pdf","dc_identifier":"nl.gm1954.2c.2025.7259914-12.doc.8","dc_source":"https://api1.ibabs.eu/publicdownload.aspx?site=Beekdaelen&id=544bd1cd-be69-4f73-82ee-4818688cd608","dc_title":"Bijlage 3a: Resultaten participatieproces Braining the Future - Kinderperspectief","dc_type":"bijlage","foi_fairiscoreVersions":{"v1":3,"v2":3},"foi_fileName":"Z%2F25%2F215269%20-%20391808%20-%20Resultaten%20participatieproces%20Braining%20the%20Future.pdf","foi_nrPages":17}],"foi_nrDocuments":14,"foi_nrPagesInDossier":195,"foi_publishedDate":"2025-09-16","foi_retrievedDate":"2026-03-09"},{"dc_creator":"HandelingScraper_v1","dc_date_year":2025,"dc_description":"Vergadering van de Gemeente Beekdaelen op 2025-09-16. Onderdeel: Vaststelling lijst ingekomen stukken.","dc_identifier":"nl.gm1954.2c.2025.7259914-13","dc_publisher":"gm1954","dc_source":"https://beekdaelen.bestuurlijkeinformatie.nl/Agenda/Index/d39a1188-df8f-4767-8490-396541b22dba","dc_title":"Raadsvergadering 2025-09-16 - Vaststelling lijst ingekomen stukken","dc_type":"2c","dc_type_description":"Vergaderstuk decentrale overheid","foi_fairiscoreVersions":{"v1":1,"v2":1},"foi_files":[{"dc_format":"application/pdf","dc_identifier":"nl.gm1954.2c.2025.7259914-13.doc.1","dc_source":"https://api1.ibabs.eu/publicdownload.aspx?site=Beekdaelen&id=a1edd699-8d59-42bb-ba67-c6fa533b580d","dc_title":"Lijst ingekomen stukken raad - vastgesteld 16-09-2025","dc_type":"bijlage","foi_fairiscoreVersions":{"v1":1,"v2":1},"foi_fileName":"Lijst%20ingekomen%20stukken%20raad.pdf","foi_nrPages":7}],"foi_nrDocuments":1,"foi_nrPagesInDossier":7,"foi_publishedDate":"2025-09-16","foi_retrievedDate":"2026-03-06"},{"dc_creator":"HandelingScraper_v1","dc_date_year":2025,"dc_description":"Vergadering van de Gemeente Beekdaelen op 2025-09-16. Onderdeel: Motie Vernieuwingsgroep en Beekdaelen Lokaal inzake groene daken en gevels.","dc_identifier":"nl.gm1954.2c.2025.7259914-14","dc_publisher":"gm1954","dc_source":"https://beekdaelen.bestuurlijkeinformatie.nl/Agenda/Index/d39a1188-df8f-4767-8490-396541b22dba","dc_title":"Raadsvergadering 2025-09-16 - Motie Vernieuwingsgroep en Beekdaelen Lokaal inzake groene daken en gevels","dc_type":"2c","dc_type_description":"Vergaderstuk decentrale overheid","foi_fairiscoreVersions":{"v1":1,"v2":1},"foi_files":[{"dc_format":"application/pdf","dc_identifier":"nl.gm1954.2c.2025.7259914-14.doc.1","dc_source":"https://api1.ibabs.eu/publicdownload.aspx?site=Beekdaelen&id=67699902-8351-496e-a6e6-ca1095f69539","dc_title":"Motie VG en BL inzake groene daken en gevels AANGENOMEN","dc_type":"bijlage","foi_fairiscoreVersions":{"v1":1,"v2":1},"foi_fileName":"Motie%20VG%20en%20BL%20inzake%20groene%20daken%20en%20gevels%20AANGENOMEN.pdf","foi_nrPages":2}],"foi_nrDocuments":1,"foi_nrPagesInDossier":2,"foi_publishedDate":"2025-09-16","foi_retrievedDate":"2025-12-02"},{"dc_creator":"HandelingScraper_v1","dc_date_year":2025,"dc_description":"Vergadering van de Gemeente Beekdaelen op 2025-09-16. Onderdeel: Motie GroenLinks en PvdA inzake oproep tot publieke stellingname tegen mensenrechtenschendingen in Gaza.","dc_identifier":"nl.gm1954.2c.2025.7259914-15","dc_publisher":"gm1954","dc_source":"https://beekdaelen.bestuurlijkeinformatie.nl/Agenda/Index/d39a1188-df8f-4767-8490-396541b22dba","dc_title":"Raadsvergadering 2025-09-16 - Motie GroenLinks en PvdA inzake oproep tot publieke stellingname tegen mensenrechtenschendingen in Gaza","dc_type":"2c","dc_type_description":"Vergaderstuk decentrale overheid","foi_fairiscoreVersions":{"v1":1,"v2":1},"foi_files":[{"dc_format":"application/pdf","dc_identifier":"nl.gm1954.2c.2025.7259914-15.doc.1","dc_source":"https://api1.ibabs.eu/publicdownload.aspx?site=Beekdaelen&id=ec26a0b3-1406-4567-bb00-77ed0b2a850b","dc_title":"Motie GL en PvdA inzake publieke stellingname aan te nemen tegen de mensenrechtenschendingen in Gaza INGETROKKEN","dc_type":"bijlage","foi_fairiscoreVersions":{"v1":1,"v2":1},"foi_fileName":"Motie%20GL%20en%20PvdA%20inzake%20publieke%20stellingname%20aan%20te%20nemen%20tegen%20de%20mensenrechtenschendingen%20in%20Gaza%20INGETROKKEN.pdf","foi_nrPages":1}],"foi_nrDocuments":1,"foi_nrPagesInDossier":1,"foi_publishedDate":"2025-09-16","foi_retrievedDate":"2025-12-03"},{"dc_creator":"HandelingScraper_v1","dc_date_year":2025,"dc_description":"Vergadering van de Gemeente Beekdaelen op 2025-09-16. Onderdeel: Motie VVD inzake oproep tot publieke stellingname tegen onderdrukking Oeigoeren in China.","dc_identifier":"nl.gm1954.2c.2025.7259914-16","dc_publisher":"gm1954","dc_source":"https://beekdaelen.bestuurlijkeinformatie.nl/Agenda/Index/d39a1188-df8f-4767-8490-396541b22dba","dc_title":"Raadsvergadering 2025-09-16 - Motie VVD inzake oproep tot publieke stellingname tegen onderdrukking Oeigoeren in China","dc_type":"2c","dc_type_description":"Vergaderstuk decentrale overheid","foi_fairiscoreVersions":{"v1":1,"v2":1},"foi_files":[{"dc_format":"application/pdf","dc_identifier":"nl.gm1954.2c.2025.7259914-16.doc.1","dc_source":"https://api1.ibabs.eu/publicdownload.aspx?site=Beekdaelen&id=db1c0533-75b4-475a-b921-d5be79e6f416","dc_title":"Motie VVD inzake publieke stellingname tegen onderdrukking Oeigoeren in China INGETROKKEN","dc_type":"bijlage","foi_fairiscoreVersions":{"v1":1,"v2":1},"foi_fileName":"Motie%20VVD%20inzake%20publieke%20stellingname%20tegen%20onderdrukking%20Oeigoeren%20in%20China%20INGETROKKEN.pdf","foi_nrPages":1}],"foi_nrDocuments":1,"foi_nrPagesInDossier":1,"foi_publishedDate":"2025-09-16","foi_retrievedDate":"2026-03-05"},{"dc_creator":"HandelingScraper_v1","dc_date_year":2025,"dc_description":"Vergadering van de Gemeente Beekdaelen op 2025-09-16. Onderdeel: Motie VVD inzake oproep tot be\u00ebindiging oorlogsgeweld in Soedan.","dc_identifier":"nl.gm1954.2c.2025.7259914-17","dc_publisher":"gm1954","dc_source":"https://beekdaelen.bestuurlijkeinformatie.nl/Agenda/Index/d39a1188-df8f-4767-8490-396541b22dba","dc_title":"Raadsvergadering 2025-09-16 - Motie VVD inzake oproep tot be\u00ebindiging oorlogsgeweld in Soedan","dc_type":"2c","dc_type_description":"Vergaderstuk decentrale overheid","foi_fairiscoreVersions":{"v1":1,"v2":1},"foi_files":[{"dc_format":"application/pdf","dc_identifier":"nl.gm1954.2c.2025.7259914-17.doc.1","dc_source":"https://api1.ibabs.eu/publicdownload.aspx?site=Beekdaelen&id=f25bfc75-bd14-4560-9485-d1317e6bb606","dc_title":"Motie VVD inzake oproep tot be\u00ebindiging oorlogsgeweld in Soedan INGETROKKEN","dc_type":"bijlage","foi_fairiscoreVersions":{"v1":1,"v2":1},"foi_fileName":"Motie%20VVD%20inzake%20oproep%20tot%20be%C3%ABindiging%20oorlogsgeweld%20in%20Soedan%20INGETROKKEN.pdf","foi_nrPages":1}],"foi_nrDocuments":1,"foi_nrPagesInDossier":1,"foi_publishedDate":"2025-09-16","foi_retrievedDate":"2026-03-05"},{"dc_creator":"HandelingScraper_v1","dc_date_year":2025,"dc_description":"Vergadering van de Gemeente Beekdaelen op 2025-09-16. Onderdeel: Motie VVD inzake oproep tot stoppen onderdrukking vrouwen in Afghanistan.","dc_identifier":"nl.gm1954.2c.2025.7259914-18","dc_publisher":"gm1954","dc_source":"https://beekdaelen.bestuurlijkeinformatie.nl/Agenda/Index/d39a1188-df8f-4767-8490-396541b22dba","dc_title":"Raadsvergadering 2025-09-16 - Motie VVD inzake oproep tot stoppen onderdrukking vrouwen in Afghanistan","dc_type":"2c","dc_type_description":"Vergaderstuk decentrale overheid","foi_fairiscoreVersions":{"v1":1,"v2":1},"foi_files":[{"dc_format":"application/pdf","dc_identifier":"nl.gm1954.2c.2025.7259914-18.doc.1","dc_source":"https://api1.ibabs.eu/publicdownload.aspx?site=Beekdaelen&id=32382aca-f3ad-4207-bcc2-463ecaa37acf","dc_title":"Motie VVD inzake oproep stoppen onderdrukking vrouwen in Afghanistan INGETROKKEN","dc_type":"bijlage","foi_fairiscoreVersions":{"v1":1,"v2":1},"foi_fileName":"Motie%20VVD%20inzake%20oproep%20stoppen%20onderdrukking%20vrouwen%20in%20Afghanistan%20INGETROKKEN.pdf","foi_nrPages":1}],"foi_nrDocuments":1,"foi_nrPagesInDossier":1,"foi_publishedDate":"2025-09-16","foi_retrievedDate":"2026-03-01"},{"dc_creator":"HandelingScraper_v1","dc_date_year":2025,"dc_description":"Vergadering van de Gemeente Beekdaelen op 2025-09-16. Onderdeel: Motie, CDA, Vernieuwingsgroep, VVD, PvdA, GroenLinks en Beekdaelen Lokaal inzake Aziatische Hoornaar.","dc_identifier":"nl.gm1954.2c.2025.7259914-19","dc_publisher":"gm1954","dc_source":"https://beekdaelen.bestuurlijkeinformatie.nl/Agenda/Index/d39a1188-df8f-4767-8490-396541b22dba","dc_title":"Raadsvergadering 2025-09-16 - Motie, CDA, Vernieuwingsgroep, VVD, PvdA, GroenLinks en Beekdaelen Lokaal inzake Aziatische Hoornaar","dc_type":"2c","dc_type_description":"Vergaderstuk decentrale overheid","foi_fairiscoreVersions":{"v1":1,"v2":1},"foi_files":[{"dc_format":"application/pdf","dc_identifier":"nl.gm1954.2c.2025.7259914-19.doc.1","dc_source":"https://api1.ibabs.eu/publicdownload.aspx?site=Beekdaelen&id=a1e5e172-ceef-4635-8860-bb77e3c3268d","dc_title":"Motie CDA, VG, PvdA, GL, BL en VVD inzake Aziatische Hoornaar AANGENOMEN","dc_type":"bijlage","foi_fairiscoreVersions":{"v1":1,"v2":1},"foi_fileName":"Motie%20CDA_%20VG_%20PvdA_%20GL_%20BL%20en%20VVD%20inzake%20Aziatische%20Hoornaar%20AANGENOMEN.pdf","foi_nrPages":2}],"foi_nrDocuments":1,"foi_nrPagesInDossier":2,"foi_publishedDate":"2025-09-16","foi_retrievedDate":"2026-03-02"},{"dc_creator":"HandelingScraper_v1","dc_date_year":2025,"dc_description":"Vergadering van de Gemeente Beekdaelen op 2025-09-16. Onderdeel: Vaststelling van de agenda.","dc_identifier":"nl.gm1954.2c.2025.7259914-2","dc_publisher":"gm1954","dc_source":"https://beekdaelen.bestuurlijkeinformatie.nl/Agenda/Index/d39a1188-df8f-4767-8490-396541b22dba","dc_title":"Raadsvergadering 2025-09-16 - Vaststelling van de agenda","dc_type":"2c","dc_type_description":"Vergaderstuk decentrale overheid","foi_fairiscoreVersions":{"v1":1,"v2":1},"foi_files":[{"dc_format":"application/pdf","dc_identifier":"nl.gm1954.2c.2025.7259914-2.doc.5","dc_source":"https://api1.ibabs.eu/publicdownload.aspx?site=Beekdaelen&id=43ac6e5c-9d99-420f-9271-23b774ca74a3","dc_title":"Motie CDA, VG, PvdA, GL en BL inzake Aziatische Hoornaar","dc_type":"bijlage","foi_fairiscoreVersions":{"v1":1,"v2":1},"foi_fileName":"Motie%20CDA_%20VG_%20PvdA_%20GL%20en%20BL%20inzake%20Aziatische%20Hoornaar.pdf","foi_nrPages":2},{"dc_format":"application/pdf","dc_identifier":"nl.gm1954.2c.2025.7259914-2.doc.1","dc_source":"https://api1.ibabs.eu/publicdownload.aspx?site=Beekdaelen&id=cd131327-af36-4e90-ace5-1b5c8e479275","dc_title":"Motie GL en PvdA inzake publieke stellingname aan te nemen tegen de mensenrechtenschendingen in Gaza","dc_type":"bijlage","foi_fairiscoreVersions":{"v1":1,"v2":1},"foi_fileName":"Motie%20GL%20en%20PvdA%20inzake%20publieke%20stellingname%20aan%20te%20nemen%20tegen%20de%20mensenrechtenschendingen%20in%20Gaza.pdf","foi_nrPages":1},{"dc_format":"application/pdf","dc_identifier":"nl.gm1954.2c.2025.7259914-2.doc.2","dc_source":"https://api1.ibabs.eu/publicdownload.aspx?site=Beekdaelen&id=f4e7159a-6fe3-4570-8878-81bc82a519b8","dc_title":"Motie VVD inzake onderdrukking Oeigoeren in China","dc_type":"bijlage","foi_fairiscoreVersions":{"v1":1,"v2":1},"foi_fileName":"Motie%20VVD%20inzake%20onderdrukking%20Oeigoeren.pdf","foi_nrPages":1},{"dc_format":"application/pdf","dc_identifier":"nl.gm1954.2c.2025.7259914-2.doc.4","dc_source":"https://api1.ibabs.eu/publicdownload.aspx?site=Beekdaelen&id=afd4d68f-38cc-433b-9645-0e2acf86acc5","dc_title":"Motie VVD inzake oproep stoppen onderdrukking vrouwen in Afghanistan","dc_type":"bijlage","foi_fairiscoreVersions":{"v1":1,"v2":1},"foi_fileName":"Motie%20VVD%20inzake%20oproep%20stoppen%20onderdrukking%20vrouwen%20in%20Afghanistan.pdf","foi_nrPages":1},{"dc_format":"application/pdf","dc_identifier":"nl.gm1954.2c.2025.7259914-2.doc.3","dc_source":"https://api1.ibabs.eu/publicdownload.aspx?site=Beekdaelen&id=f6bd1dac-d288-48fa-9c7d-584227412ae1","dc_title":"Motie VVD inzake oproep tot be\u00ebindiging oorlogsgeweld in Soedan","dc_type":"bijlage","foi_fairiscoreVersions":{"v1":1,"v2":1},"foi_fileName":"Motie%20VVD%20inzake%20oproep%20tot%20be%C3%ABindiging%20oorlogsgeweld%20in%20Soedan.pdf","foi_nrPages":1}],"foi_nrDocuments":5,"foi_nrPagesInDossier":6,"foi_publishedDate":"2025-09-16","foi_retrievedDate":"2026-01-23"},{"dc_creator":"HandelingScraper_v1","dc_date_year":2025,"dc_description":"Vergadering van de Gemeente Beekdaelen op 2025-09-16. Onderdeel: Vaststellen besluitenlijsten raadsvergaderingen d.d. 1 juli en 27 augustus 2025.","dc_identifier":"nl.gm1954.2c.2025.7259914-3","dc_publisher":"gm1954","dc_source":"https://beekdaelen.bestuurlijkeinformatie.nl/Agenda/Index/d39a1188-df8f-4767-8490-396541b22dba","dc_title":"Raadsvergadering 2025-09-16 - Vaststellen besluitenlijsten raadsvergaderingen d.d. 1 juli en 27 augustus 2025","dc_type":"2c","dc_type_description":"Vergaderstuk decentrale overheid","foi_fairiscoreVersions":{"v1":1,"v2":1},"foi_files":[{"dc_format":"application/pdf","dc_identifier":"nl.gm1954.2c.2025.7259914-3.doc.1","dc_source":"https://api1.ibabs.eu/publicdownload.aspx?site=Beekdaelen&id=a84fde77-1c68-4c34-99ed-f75502b9f700","dc_title":"Besluitenlijst raadsvergadering 01072025 - vastgesteld 16-09-2025","dc_type":"bijlage","foi_fairiscoreVersions":{"v1":1,"v2":1},"foi_fileName":"Besluitenlijst%20raadsvergadering%2001072025.pdf","foi_nrPages":26},{"dc_format":"application/pdf","dc_identifier":"nl.gm1954.2c.2025.7259914-3.doc.3","dc_source":"https://api1.ibabs.eu/publicdownload.aspx?site=Beekdaelen&id=43a21b8d-9314-4535-84fc-31eab8cb299d","dc_title":"Besluitenlijst raadsvergadering 27082025 - vastgesteld 16-09-2025","dc_type":"bijlage","foi_fairiscoreVersions":{"v1":1,"v2":1},"foi_fileName":"Besluitenlijst%20raadsvergadering%2027082025%20BESLOTEN-GEHEIM.pdf","foi_nrPages":4},{"dc_format":"application/pdf","dc_identifier":"nl.gm1954.2c.2025.7259914-3.doc.2","dc_source":"https://api1.ibabs.eu/publicdownload.aspx?site=Beekdaelen&id=ed73f99c-57ad-4931-8ce0-51a13bfc3d6d","dc_title":"Raadsbesluit inzake opheffen geheimhouding raad 27082025 - vastgesteld 16-09-2025","dc_type":"bijlage","foi_fairiscoreVersions":{"v1":1,"v2":1},"foi_fileName":"Raadsbesluit%20inzake%20opheffen%20geheimhouding%20raad%2027082025.pdf","foi_nrPages":1}],"foi_nrDocuments":3,"foi_nrPagesInDossier":31,"foi_publishedDate":"2025-09-16","foi_retrievedDate":"2026-03-05"},{"dc_creator":"HandelingScraper_v1","dc_date_year":2025,"dc_description":"Vergadering van de Gemeente Beekdaelen op 2025-09-16. Onderdeel: Voorstel inzake Regionaal Gezondheidsbeleid 2025 - 2030.","dc_identifier":"nl.gm1954.2c.2025.7259914-4","dc_publisher":"gm1954","dc_source":"https://beekdaelen.bestuurlijkeinformatie.nl/Agenda/Index/d39a1188-df8f-4767-8490-396541b22dba","dc_title":"Raadsvergadering 2025-09-16 - Voorstel inzake Regionaal Gezondheidsbeleid 2025 - 2030","dc_type":"2c","dc_type_description":"Vergaderstuk decentrale overheid","foi_fairiscoreVersions":{"v1":2,"v2":2},"foi_files":[{"dc_format":"application/pdf","dc_identifier":"nl.gm1954.2c.2025.7259914-4.doc.2","dc_source":"https://api1.ibabs.eu/publicdownload.aspx?site=Beekdaelen&id=542f9785-fa23-4648-b589-aed2f70373b8","dc_title":"Raadsbesluit inzake Regionaal Gezondheidsbeleid 2025-2030 - vastgesteld 16-09-2025","dc_type":"bijlage","foi_fairiscoreVersions":{"v1":1,"v2":1},"foi_fileName":"concept%20raadsbesluit%20gezondheidsbeleid.pdf","foi_nrPages":1},{"dc_format":"application/pdf","dc_identifier":"nl.gm1954.2c.2025.7259914-4.doc.3","dc_source":"https://api1.ibabs.eu/publicdownload.aspx?site=Beekdaelen&id=d1b58c73-383c-443a-8f72-406118aea1ff","dc_title":"Bijlage:  Regionaal Gezondheidsbeleid 2025-2030 \u2018Gezondheid nu voor later!\u2019","dc_type":"bijlage","foi_fairiscoreVersions":{"v1":2,"v2":2},"foi_fileName":"Z%2F25%2F214417%20-%20388149%20-%20Regionaal%20Gezondheidsbeleid%202025-2030.pdf","foi_nrPages":56},{"dc_format":"application/pdf","dc_identifier":"nl.gm1954.2c.2025.7259914-4.doc.6","dc_source":"https://api1.ibabs.eu/publicdownload.aspx?site=Beekdaelen&id=7e660a19-c25f-4b8e-9d14-d128f4833069","dc_title":"Bijlage: Bijlage bij concept reactie op advies (addendum)","dc_type":"bijlage","foi_fairiscoreVersions":{"v1":1,"v2":1},"foi_fileName":"Z%2F25%2F214417%20-%20388173%20-%20Addendum%20bij%20nota%20regionaal%20gezondheidsbeleid%20Gezondheid%20nu_%20voor%20later%21.pdf","foi_nrPages":20},{"dc_format":"application/pdf","dc_identifier":"nl.gm1954.2c.2025.7259914-4.doc.4","dc_source":"https://api1.ibabs.eu/publicdownload.aspx?site=Beekdaelen&id=0b5102e5-7a4f-4ea3-a123-694d66d8b01a","dc_title":"Bijlage: Advies ASD Beekdaelen (Pre advies ASD over RGB ZL 2030)","dc_type":"bijlage","foi_fairiscoreVersions":{"v1":1,"v2":1},"foi_fileName":"Z%2F25%2F214417%20-%20388177%20-%20Pre%20advies%20ASD%20over%20RGB%20ZL%202030.pdf","foi_nrPages":4},{"dc_format":"application/pdf","dc_identifier":"nl.gm1954.2c.2025.7259914-4.doc.5","dc_source":"https://api1.ibabs.eu/publicdownload.aspx?site=Beekdaelen&id=a7eb86b2-7d82-4c25-8c26-e538cb785074","dc_title":"Bijlage: Concept reactie op advies van de ASD Beekdaelen (als onderdeel van de gezamenlijke advisering  door de Adviesraden Zuid Limburg)","dc_type":"bijlage","foi_fairiscoreVersions":{"v1":3,"v2":3},"foi_fileName":"Z%2F25%2F214417%20-%20388178%20-%20Concept%20reactie%20op%20advies%20van%20de%20ASD%20Beekdaelen%20%28als%20onderdeel%20van%20de%20gezamenlijke%20advisering%20door%20de%20Adviesraden%20Zuid%20Limburg%29.pdf","foi_nrPages":4},{"dc_format":"application/pdf","dc_identifier":"nl.gm1954.2c.2025.7259914-4.doc.1","dc_source":"https://api1.ibabs.eu/publicdownload.aspx?site=Beekdaelen&id=dfec1783-962c-43b7-a928-2754b3583f52","dc_title":"Raadsvoorstel inzake Regionaal Gezondheidsbeleid 2025 - 2030","dc_type":"bijlage","foi_fairiscoreVersions":{"v1":1,"v2":1},"foi_fileName":"Z%2F25%2F214417%20-%20388181%20-%20Regionaal%20Gezondheidsbeleid%202025%20-%202030.pdf","foi_nrPages":6}],"foi_nrDocuments":6,"foi_nrPagesInDossier":91,"foi_publishedDate":"2025-09-16","foi_retrievedDate":"2026-03-01"},{"dc_creator":"HandelingScraper_v1","dc_date_year":2025,"dc_description":"Vergadering van de Gemeente Beekdaelen op 2025-09-16. Onderdeel: Voorstel inzake ruimtelijke plankaders voor de herontwikkeling van de deelgebieden Beekstraat-noord en Aan de Platz in de kern Schinveld.","dc_identifier":"nl.gm1954.2c.2025.7259914-5","dc_publisher":"gm1954","dc_source":"https://beekdaelen.bestuurlijkeinformatie.nl/Agenda/Index/d39a1188-df8f-4767-8490-396541b22dba","dc_title":"Raadsvergadering 2025-09-16 - Voorstel inzake ruimtelijke plankaders voor de herontwikkeling van de deelgebieden Beekstraat-noord en Aan de Platz in de kern Schinveld","dc_type":"2c","dc_type_description":"Vergaderstuk decentrale overheid","foi_fairiscoreVersions":{"v1":2,"v2":2},"foi_files":[{"dc_format":"application/pdf","dc_identifier":"nl.gm1954.2c.2025.7259914-5.doc.3","dc_source":"https://api1.ibabs.eu/publicdownload.aspx?site=Beekdaelen&id=f762ddc7-f340-48ab-811a-074cdc9c3a38","dc_title":"Bijlage: Plankaders: Doorontwikkeling Deelgebieden II en III d.d. 01-08-2025","dc_type":"bijlage","foi_fairiscoreVersions":{"v1":2,"v2":2},"foi_fileName":"Z%2F25%2F215512%20-%20391793%20-%20Collegevoorstel%20Bijlage%201%20Plankaders%3A%20Doorontwikkeling%20Deelgebieden%20II%20en%20III%20d.d.pdf","foi_nrPages":41},{"dc_format":"application/pdf","dc_identifier":"nl.gm1954.2c.2025.7259914-5.doc.1","dc_source":"https://api1.ibabs.eu/publicdownload.aspx?site=Beekdaelen&id=85668f42-1e5f-47b5-ba58-04ffa7441adb","dc_title":"Raadsvoorstel inzake ruimtelijke plankaders voor de herontwikkeling van de deelgebieden Beekstraat-noord en Aan de Platz","dc_type":"bijlage","foi_fairiscoreVersions":{"v1":1,"v2":1},"foi_fileName":"Z%2F25%2F215512%20-%20391795%20-%20Collegevoorstel%20Bijlage%202%20Raadsvoorstel%20Ruimtelijke%20plankaders%20voor%20de%20herontwikkeling%20van%20de%20deelgebieden%20Beekstraat-noord%20en%20Aan%20de%20Platz.pdf","foi_nrPages":4},{"dc_format":"application/pdf","dc_identifier":"nl.gm1954.2c.2025.7259914-5.doc.2","dc_source":"https://api1.ibabs.eu/publicdownload.aspx?site=Beekdaelen&id=d60edd75-2bbf-47e7-900f-ed5ec18d3615","dc_title":"Raadsbesluit inzake ruimtelijke plankaders voor de herontwikkeling van de deelgebieden Beekstraat-noord en Aan de Platz - vastgesteld 16-09-2025","dc_type":"bijlage","foi_fairiscoreVersions":{"v1":1,"v2":1},"foi_fileName":"Z%2F25%2F215512%20-%20391796%20-%20Bijlage%203%20collegevoorstel%3A%20concept%20raadsbesluit.pdf","foi_nrPages":1}],"foi_nrDocuments":3,"foi_nrPagesInDossier":46,"foi_publishedDate":"2025-09-16","foi_retrievedDate":"2026-02-12"},{"dc_creator":"HandelingScraper_v1","dc_date_year":2025,"dc_description":"Vergadering van de Gemeente Beekdaelen op 2025-09-16. Onderdeel: Voorstel inzake Garantstelling Woningbouw op Korte Termijn (WoKT).","dc_identifier":"nl.gm1954.2c.2025.7259914-6","dc_publisher":"gm1954","dc_source":"https://beekdaelen.bestuurlijkeinformatie.nl/Agenda/Index/d39a1188-df8f-4767-8490-396541b22dba","dc_title":"Raadsvergadering 2025-09-16 - Voorstel inzake Garantstelling Woningbouw op Korte Termijn (WoKT)","dc_type":"2c","dc_type_description":"Vergaderstuk decentrale overheid","foi_fairiscoreVersions":{"v1":2,"v2":1},"foi_files":[{"dc_format":"application/pdf","dc_identifier":"nl.gm1954.2c.2025.7259914-6.doc.1","dc_source":"https://api1.ibabs.eu/publicdownload.aspx?site=Beekdaelen&id=9ad458f9-0602-4925-be58-2a25a6cdde6b","dc_title":"Raadsvoorstel inzake Garantstelling Woningbouw op Korte Termijn (WoKT)","dc_type":"bijlage","foi_fairiscoreVersions":{"v1":1,"v2":1},"foi_fileName":"392794_1.pdf","foi_nrPages":4},{"dc_format":"application/pdf","dc_identifier":"nl.gm1954.2c.2025.7259914-6.doc.2","dc_source":"https://api1.ibabs.eu/publicdownload.aspx?site=Beekdaelen&id=7a910f1c-4426-4592-86c1-ece8a7300b25","dc_title":"Raadsbesluit inzake Garantstelling Woningbouw op Korte Termijn (WoKT) - vastgesteld 16-09-2025","dc_type":"bijlage","foi_fairiscoreVersions":{"v1":1,"v2":1},"foi_fileName":"392795_1.pdf","foi_nrPages":1},{"dc_format":"application/pdf","dc_identifier":"nl.gm1954.2c.2025.7259914-6.doc.3","dc_source":"https://api1.ibabs.eu/publicdownload.aspx?site=Beekdaelen&id=fbdf7422-947b-4213-8e44-7a5398fbde6e","dc_title":"Bijlage 1- Brochure Regeling Woningbouw op de korte termijn","dc_type":"bijlage","foi_fairiscoreVersions":{"v1":2,"v2":1},"foi_fileName":"Bijlage%201-%20Brochure%20Regeling%20Woningbouw%20op%20de%20korte%20termijn.pdf","foi_nrPages":20}],"foi_nrDocuments":3,"foi_nrPagesInDossier":25,"foi_publishedDate":"2025-09-16","foi_retrievedDate":"2026-03-04"},{"dc_creator":"HandelingScraper_v1","dc_date_year":2025,"dc_description":"Vergadering van de Gemeente Beekdaelen op 2025-09-16. Onderdeel: Voorstel inzake meerjarenplan 2025-2028 Bibliotheek Landgraaf-Beekdaelen.","dc_identifier":"nl.gm1954.2c.2025.7259914-7","dc_publisher":"gm1954","dc_source":"https://beekdaelen.bestuurlijkeinformatie.nl/Agenda/Index/d39a1188-df8f-4767-8490-396541b22dba","dc_title":"Raadsvergadering 2025-09-16 - Voorstel inzake meerjarenplan 2025-2028 Bibliotheek Landgraaf-Beekdaelen","dc_type":"2c","dc_type_description":"Vergaderstuk decentrale overheid","foi_fairiscoreVersions":{"v1":2,"v2":2},"foi_files":[{"dc_format":"application/pdf","dc_identifier":"nl.gm1954.2c.2025.7259914-7.doc.6","dc_source":"https://api1.ibabs.eu/publicdownload.aspx?site=Beekdaelen&id=9b27f40d-5866-452d-a6fb-73d984274431","dc_title":"Memorie van Antwoord n.a.v. openstaande vragen van GL-PvdA in cie SLO 02092025","dc_type":"bijlage","foi_fairiscoreVersions":{"v1":1,"v2":1},"foi_fileName":"Memorie%20van%20Antwoord%20aanvullende%20voorvragen%20van%20GL%20PvdA%20besproken%20in%20cie%20SLO%2002092025%20%28agendapunt%20B2%29.pdf","foi_nrPages":6},{"dc_format":"application/pdf","dc_identifier":"nl.gm1954.2c.2025.7259914-7.doc.1","dc_source":"https://api1.ibabs.eu/publicdownload.aspx?site=Beekdaelen&id=4eff8be3-e332-4237-852f-6b018e9c4a38","dc_title":"Raadsvoorstel inzake Meerjarenplan 2025-2028 Bibliotheek Landgraaf-Beekdaelen","dc_type":"bijlage","foi_fairiscoreVersions":{"v1":1,"v2":1},"foi_fileName":"Z%2F25%2F215312%20-%20391552%20-%20Meerjarenplan%20Bibliotheek%20Landgraaf-Beekdaelen.pdf","foi_nrPages":4},{"dc_format":"application/pdf","dc_identifier":"nl.gm1954.2c.2025.7259914-7.doc.2","dc_source":"https://api1.ibabs.eu/publicdownload.aspx?site=Beekdaelen&id=14bdf89b-b5b4-47c2-801d-e3399f690cbf","dc_title":"Raadsbesluit inzake Meerjarenplan 2025-2028 Bibliotheek Landgraaf-Beekdaelen - vastgesteld 16-09-2025","dc_type":"bijlage","foi_fairiscoreVersions":{"v1":1,"v2":1},"foi_fileName":"Z%2F25%2F215312%20-%20391557%20-%20Meerjarenplan%20Bibliotheek%20Landgraaf-Beekdaelen.pdf","foi_nrPages":1},{"dc_format":"application/pdf","dc_identifier":"nl.gm1954.2c.2025.7259914-7.doc.5","dc_source":"https://api1.ibabs.eu/publicdownload.aspx?site=Beekdaelen&id=4f716c91-5596-45fc-8687-da1d9858e9c7","dc_title":"Bijlage 1b: Meerjarenplan: Uitvoeringsplan 2025-2028","dc_type":"bijlage","foi_fairiscoreVersions":{"v1":3,"v2":2},"foi_fileName":"Z%2F25%2F215312%20-%20391559%20-%20Bijlage%204%20Meerjarenplan%3A%20Uitvoeringsplan%202025-2028.pdf","foi_nrPages":22},{"dc_format":"application/pdf","dc_identifier":"nl.gm1954.2c.2025.7259914-7.doc.4","dc_source":"https://api1.ibabs.eu/publicdownload.aspx?site=Beekdaelen&id=88f8f2c8-8a17-476a-8a0c-f9ce60768bc2","dc_title":"Bijlage 1a: Meerjarenplan: Meerjarenbegroting 2025-2028","dc_type":"bijlage","foi_fairiscoreVersions":{"v1":2,"v2":2},"foi_fileName":"Z%2F25%2F215312%20-%20391560%20-%20Bijlage%205%20Meerjarenplan%3A%20meerjarenbegroting%202025-2028.pdf","foi_nrPages":8},{"dc_format":"application/pdf","dc_identifier":"nl.gm1954.2c.2025.7259914-7.doc.3","dc_source":"https://api1.ibabs.eu/publicdownload.aspx?site=Beekdaelen&id=02ec687d-e0f0-4684-959d-4eb648b27d7d","dc_title":"Bijlage 1: Meerjarenplan 2025-2028 Bibliotheek Landgraaf-Beekdaelen, gemeenten Beekdaelen en Landgraaf","dc_type":"bijlage","foi_fairiscoreVersions":{"v1":2,"v2":2},"foi_fileName":"Z%2F25%2F215312%20-%20391719%20-%20Meerjarenplan%202025-2028%20Bibliotheek%20Landgraaf-Beekdaelen_%20gemeenten%20Beekdaelen%20en%20Landgraaf.pdf","foi_nrPages":29}],"foi_nrDocuments":6,"foi_nrPagesInDossier":70,"foi_publishedDate":"2025-09-16","foi_retrievedDate":"2026-03-01"},{"dc_creator":"HandelingScraper_v1","dc_date_year":2025,"dc_description":"Vergadering van de Gemeente Beekdaelen op 2025-09-16. Onderdeel: Motie VG, BL, CDA, VVD, PvdA en GL inzake bibliotheek Merkelbeek.","dc_identifier":"nl.gm1954.2c.2025.7259914-8","dc_publisher":"gm1954","dc_source":"https://beekdaelen.bestuurlijkeinformatie.nl/Agenda/Index/d39a1188-df8f-4767-8490-396541b22dba","dc_title":"Raadsvergadering 2025-09-16 - Motie VG, BL, CDA, VVD, PvdA en GL inzake bibliotheek Merkelbeek","dc_type":"2c","dc_type_description":"Vergaderstuk decentrale overheid","foi_fairiscoreVersions":{"v1":1,"v2":1},"foi_files":[{"dc_format":"application/pdf","dc_identifier":"nl.gm1954.2c.2025.7259914-8.doc.1","dc_source":"https://api1.ibabs.eu/publicdownload.aspx?site=Beekdaelen&id=7b4531af-9312-4001-ad4b-8a19cb378efc","dc_title":"Motie VG, BL, CDA, VVD, PvdA en GL inzake bibliotheek Merkelbeek AANGENOMEN","dc_type":"bijlage","foi_fairiscoreVersions":{"v1":1,"v2":1},"foi_fileName":"Motie%20VG_%20BL_%20CDA_%20VVD_%20PvdA_%20GL%20inzake%20bibliotheek%20Merkelbeek%20AANGENOMEN.pdf","foi_nrPages":1}],"foi_nrDocuments":1,"foi_nrPagesInDossier":1,"foi_publishedDate":"2025-09-16","foi_retrievedDate":"2025-12-01"},{"dc_creator":"HandelingScraper_v1","dc_date_year":2025,"dc_description":"Vergadering van de Gemeente Beekdaelen op 2025-09-16. Onderdeel: Voorstel inzake het oprichten van een zorgboerderij.","dc_identifier":"nl.gm1954.2c.2025.7259914-9","dc_publisher":"gm1954","dc_source":"https://beekdaelen.bestuurlijkeinformatie.nl/Agenda/Index/d39a1188-df8f-4767-8490-396541b22dba","dc_title":"Raadsvergadering 2025-09-16 - Voorstel inzake het oprichten van een zorgboerderij","dc_type":"2c","dc_type_description":"Vergaderstuk decentrale overheid","foi_fairiscoreVersions":{"v1":2,"v2":2},"foi_files":[{"dc_format":"application/pdf","dc_identifier":"nl.gm1954.2c.2025.7259914-9.doc.3","dc_source":"https://api1.ibabs.eu/publicdownload.aspx?site=Beekdaelen&id=82beaa53-a5be-4516-87d2-eb4093903708","dc_title":"Bijlage 1- Ruimtelijke onderbouwing oorspronkelijke plan d.d. 10-12-2018","dc_type":"bijlage","foi_fairiscoreVersions":{"v1":2,"v2":3},"foi_fileName":"Bijlage%201-%20Ruimtelijke%20onderbouwing%20oorspronkelijke%20plan%20d.d.pdf","foi_nrPages":49},{"dc_format":"application/pdf","dc_identifier":"nl.gm1954.2c.2025.7259914-9.doc.4","dc_source":"https://api1.ibabs.eu/publicdownload.aspx?site=Beekdaelen&id=4ec4a247-2a9e-4236-9e39-b3e8414d7e01","dc_title":"Bijlage 2. Ruimtelijke onderbouwing nieuwe plan d.d. 29-01-2025","dc_type":"bijlage","foi_fairiscoreVersions":{"v1":2,"v2":2},"foi_fileName":"Bijlage%202.%20Ruimtelijke%20onderbouwing%20nieuwe%20plan%20d.d.pdf","foi_nrPages":48},{"dc_format":"application/pdf","dc_identifier":"nl.gm1954.2c.2025.7259914-9.doc.5","dc_source":"https://api1.ibabs.eu/publicdownload.aspx?site=Beekdaelen&id=cbb01a88-681f-4128-88c0-df40620e0dc3","dc_title":"Bijlage 3. Tekeningen Project Bronsgroener-Hof d.d 06-01-2025","dc_type":"bijlage","foi_fairiscoreVersions":{"v1":2,"v2":1},"foi_fileName":"Bijlage%203.%20Tekeningen%20Project%20Bronsgroener-Hof%20d.pdf","foi_nrPages":2},{"dc_format":"application/pdf","dc_identifier":"nl.gm1954.2c.2025.7259914-9.doc.6","dc_source":"https://api1.ibabs.eu/publicdownload.aspx?site=Beekdaelen&id=44d6af2a-c1fb-465c-a49b-824cebb04413","dc_title":"Bijlage 4. Motie gemeenteraad Beekdaelen d.d. 20-09-2020","dc_type":"bijlage","foi_fairiscoreVersions":{"v1":1,"v2":1},"foi_fileName":"Bijlage%204.%20Motie%20gemeenteraad%20Beekdaelen%20d.d.pdf","foi_nrPages":2},{"dc_format":"application/pdf","dc_identifier":"nl.gm1954.2c.2025.7259914-9.doc.7","dc_source":"https://api1.ibabs.eu/publicdownload.aspx?site=Beekdaelen&id=f78e9412-f316-4cff-9135-f634bba0ee64","dc_title":"Bijlage 5. Ontwerpbesluit op aanvraag Heringsbosch 7b Schinveld d.d. 08-07-2025","dc_type":"bijlage","foi_fairiscoreVersions":{"v1":2,"v2":2},"foi_fileName":"Bijlage%205.%20Ontwerpbesluit%20op%20aanvraag%20Heringsbosch%207b%20Schinveld%20d.d.pdf","foi_nrPages":6},{"dc_format":"application/pdf","dc_identifier":"nl.gm1954.2c.2025.7259914-9.doc.2","dc_source":"https://api1.ibabs.eu/publicdownload.aspx?site=Beekdaelen&id=bb1b177a-512a-41ef-ae4b-4c702f23831b","dc_title":"Raadsbesluit inzake het oprichten van zorgboerderij (locatie Heringsbosch naast 8 te Schinveld) - vastgesteld 16-09-2025","dc_type":"bijlage","foi_fairiscoreVersions":{"v1":1,"v2":1},"foi_fileName":"Raadsbesluit%20-Het%20oprichten%20van%20zorgboerderij-%20%28op%20de%20locatie%20Heringsbosch%20naast%208%20te%20%20Schinveld%29.pdf","foi_nrPages":1},{"dc_format":"application/pdf","dc_identifier":"nl.gm1954.2c.2025.7259914-9.doc.1","dc_source":"https://api1.ibabs.eu/publicdownload.aspx?site=Beekdaelen&id=79c7b7dc-56b9-404d-9b1f-fb1da28ddebe","dc_title":"Raadsvoorstel inzake het oprichten van een zorgboerderij (locatie Heringsbosch naast 8 te Schinveld)","dc_type":"bijlage","foi_fairiscoreVersions":{"v1":1,"v2":1},"foi_fileName":"Raadsvoorstel%20-het%20oprichten%20van%20een%20zorgboerderij-.pdf","foi_nrPages":3}],"foi_nrDocuments":7,"foi_nrPagesInDossier":111,"foi_publishedDate":"2025-09-16","foi_retrievedDate":"2026-03-06"},{"dc_creator":"HandelingScraper_v1","dc_date_year":2025,"dc_description":"Vergadering van de Gemeente Beekdaelen op 2025-09-24. Onderdeel: Vaststellen concept-agenda.","dc_identifier":"nl.gm1954.2c.2025.7260093-1","dc_publisher":"gm1954","dc_source":"https://beekdaelen.bestuurlijkeinformatie.nl/Agenda/Index/03d055b1-0526-405f-a00e-8ca51785797f","dc_title":"BDN Commissie AWACS Limburg 2025-09-24 - Vaststellen concept-agenda","dc_type":"2c","dc_type_description":"Vergaderstuk decentrale overheid","foi_fairiscoreVersions":{"v1":1,"v2":1},"foi_files":[{"dc_format":"application/pdf","dc_identifier":"nl.gm1954.2c.2025.7260093-1.doc.1","dc_source":"https://api1.ibabs.eu/publicdownload.aspx?site=Beekdaelen&id=fffa7610-a0bb-43f4-a33a-642f2f360daf","dc_title":"008-CAL-AWACS-2025-concept-agenda 24-09-2025","dc_type":"bijlage","foi_fairiscoreVersions":{"v1":1,"v2":1},"foi_fileName":"008-CAL-AWACS-2025-concept-agenda%2024-09-2025.pdf","foi_nrPages":3}],"foi_nrDocuments":1,"foi_nrPagesInDossier":3,"foi_publishedDate":"2025-09-24","foi_retrievedDate":"2026-01-22"},{"dc_creator":"HandelingScraper_v1","dc_date_year":2025,"dc_description":"Vergadering van de Gemeente Beekdaelen op 2025-09-24. Onderdeel: Stand van zaken Wetsvoorstel Wet Luchtvaart.","dc_identifier":"nl.gm1954.2c.2025.7260093-10","dc_publisher":"gm1954","dc_source":"https://beekdaelen.bestuurlijkeinformatie.nl/Agenda/Index/03d055b1-0526-405f-a00e-8ca51785797f","dc_title":"BDN Commissie AWACS Limburg 2025-09-24 - Stand van zaken Wetsvoorstel Wet Luchtvaart","dc_type":"2c","dc_type_description":"Vergaderstuk decentrale overheid","foi_fairiscoreVersions":{"v1":1,"v2":1},"foi_files":[{"dc_format":"application/pdf","dc_identifier":"nl.gm1954.2c.2025.7260093-10.doc.1","dc_source":"https://api1.ibabs.eu/publicdownload.aspx?site=Beekdaelen&id=de6f9f58-14e0-4550-a91d-b41f54e5bed3","dc_title":"022-CAL-AWACS-2025-Stand van zaken wetswijziging","dc_type":"bijlage","foi_fairiscoreVersions":{"v1":1,"v2":1},"foi_fileName":"022-CAL-AWACS-2025-Stand%20van%20zaken%20wetswijziging.pdf","foi_nrPages":3}],"foi_nrDocuments":1,"foi_nrPagesInDossier":3,"foi_publishedDate":"2025-09-24","foi_retrievedDate":"2025-11-29"},{"dc_creator":"HandelingScraper_v1","dc_date_year":2025,"dc_description":"Vergadering van de Gemeente Beekdaelen op 2025-09-24. Onderdeel: Overzicht klachten van het 4e kwartaal 2024.","dc_identifier":"nl.gm1954.2c.2025.7260093-11","dc_publisher":"gm1954","dc_source":"https://beekdaelen.bestuurlijkeinformatie.nl/Agenda/Index/03d055b1-0526-405f-a00e-8ca51785797f","dc_title":"BDN Commissie AWACS Limburg 2025-09-24 - Overzicht klachten van het 4e kwartaal 2024","dc_type":"2c","dc_type_description":"Vergaderstuk decentrale overheid","foi_fairiscoreVersions":{"v1":2,"v2":1},"foi_files":[{"dc_format":"application/pdf","dc_identifier":"nl.gm1954.2c.2025.7260093-11.doc.1","dc_source":"https://api1.ibabs.eu/publicdownload.aspx?site=Beekdaelen&id=f4a33105-e4b5-4369-a32d-7f8c57f365eb","dc_title":"006-CAL-AWACS-2025-rapportage klachten Q4 2024","dc_type":"bijlage","foi_fairiscoreVersions":{"v1":2,"v2":1},"foi_fileName":"006-CAL-AWACS-2025-rapportage%20klachten%20Q4%202024.pdf","foi_nrPages":22}],"foi_nrDocuments":1,"foi_nrPagesInDossier":22,"foi_publishedDate":"2025-09-24","foi_retrievedDate":"2025-11-29"},{"dc_creator":"HandelingScraper_v1","dc_date_year":2025,"dc_description":"Vergadering van de Gemeente Beekdaelen op 2025-09-24. Onderdeel: Vliegbewegingen boven de woonkernen van Schinveld en Brunssum 4e kwartaalrapport 2024 - aangepast.","dc_identifier":"nl.gm1954.2c.2025.7260093-12","dc_publisher":"gm1954","dc_source":"https://beekdaelen.bestuurlijkeinformatie.nl/Agenda/Index/03d055b1-0526-405f-a00e-8ca51785797f","dc_title":"BDN Commissie AWACS Limburg 2025-09-24 - Vliegbewegingen boven de woonkernen van Schinveld en Brunssum 4e kwartaalrapport 2024 - aangepast","dc_type":"2c","dc_type_description":"Vergaderstuk decentrale overheid","foi_fairiscoreVersions":{"v1":1,"v2":1},"foi_files":[{"dc_format":"application/pdf","dc_identifier":"nl.gm1954.2c.2025.7260093-12.doc.1","dc_source":"https://api1.ibabs.eu/publicdownload.aspx?site=Beekdaelen&id=41259c1b-a713-4ebf-a71d-146e5365d087","dc_title":"016-CAL-AWACS-2025-Vliegbewegingen boven de woonbebouwing van Schinveld en Brunssumn 4e kw aangepast","dc_type":"bijlage","foi_fairiscoreVersions":{"v1":1,"v2":1},"foi_fileName":"016-CAL-AWACS-2025-Vliegbewegingen%20boven%20de%20woonbebouwing%20van%20Schinveld%20en%20Brunssumn%204e%20kw%20aangepast.pdf","foi_nrPages":10}],"foi_nrDocuments":1,"foi_nrPagesInDossier":10,"foi_publishedDate":"2025-09-24","foi_retrievedDate":"2025-11-29"},{"dc_creator":"HandelingScraper_v1","dc_date_year":2025,"dc_description":"Vergadering van de Gemeente Beekdaelen op 2025-09-24. Onderdeel: Overzicht klachten van het 1e kwartaal 2025.","dc_identifier":"nl.gm1954.2c.2025.7260093-13","dc_publisher":"gm1954","dc_source":"https://beekdaelen.bestuurlijkeinformatie.nl/Agenda/Index/03d055b1-0526-405f-a00e-8ca51785797f","dc_title":"BDN Commissie AWACS Limburg 2025-09-24 - Overzicht klachten van het 1e kwartaal 2025","dc_type":"2c","dc_type_description":"Vergaderstuk decentrale overheid","foi_fairiscoreVersions":{"v1":2,"v2":1},"foi_files":[{"dc_format":"application/pdf","dc_identifier":"nl.gm1954.2c.2025.7260093-13.doc.1","dc_source":"https://api1.ibabs.eu/publicdownload.aspx?site=Beekdaelen&id=ec74c782-41a1-4c89-b0c5-4fa004b5e720","dc_title":"009-CAL-AWACS-2025-Overzict klachten 1e kwartaal 20251","dc_type":"bijlage","foi_fairiscoreVersions":{"v1":2,"v2":1},"foi_fileName":"009-CAL-AWACS-2025-Overzict%20klachten%201e%20kwartaal%2020251.pdf","foi_nrPages":21}],"foi_nrDocuments":1,"foi_nrPagesInDossier":21,"foi_publishedDate":"2025-09-24","foi_retrievedDate":"2025-11-29"},{"dc_creator":"HandelingScraper_v1","dc_date_year":2025,"dc_description":"Vergadering van de Gemeente Beekdaelen op 2025-09-24. Onderdeel: Vliegbewegingen boven de woonkernen van Schinveld en Brunssum 1e kwartaalrapport 2025.","dc_identifier":"nl.gm1954.2c.2025.7260093-14","dc_publisher":"gm1954","dc_source":"https://beekdaelen.bestuurlijkeinformatie.nl/Agenda/Index/03d055b1-0526-405f-a00e-8ca51785797f","dc_title":"BDN Commissie AWACS Limburg 2025-09-24 - Vliegbewegingen boven de woonkernen van Schinveld en Brunssum 1e kwartaalrapport 2025","dc_type":"2c","dc_type_description":"Vergaderstuk decentrale overheid","foi_fairiscoreVersions":{"v1":2,"v2":1},"foi_files":[{"dc_format":"application/pdf","dc_identifier":"nl.gm1954.2c.2025.7260093-14.doc.1","dc_source":"https://api1.ibabs.eu/publicdownload.aspx?site=Beekdaelen&id=9349be12-9e23-4ace-9b4e-83cf277470b6","dc_title":"017-CAL-AWACS-2025-Woonkernoffenders 1e kw 2025 aangepast","dc_type":"bijlage","foi_fairiscoreVersions":{"v1":2,"v2":1},"foi_fileName":"017-CAL-AWACS-2025-Woonkernoffenders%201e%20kw%202025%20aangepast.pdf","foi_nrPages":13}],"foi_nrDocuments":1,"foi_nrPagesInDossier":13,"foi_publishedDate":"2025-09-24","foi_retrievedDate":"2025-11-29"},{"dc_creator":"HandelingScraper_v1","dc_date_year":2025,"dc_description":"Vergadering van de Gemeente Beekdaelen op 2025-09-24. Onderdeel: Reactie Basis Geilenkirchen op rapportage onder D.","dc_identifier":"nl.gm1954.2c.2025.7260093-15","dc_publisher":"gm1954","dc_source":"https://beekdaelen.bestuurlijkeinformatie.nl/Agenda/Index/03d055b1-0526-405f-a00e-8ca51785797f","dc_title":"BDN Commissie AWACS Limburg 2025-09-24 - Reactie Basis Geilenkirchen op rapportage onder D","dc_type":"2c","dc_type_description":"Vergaderstuk decentrale overheid","foi_fairiscoreVersions":{"v1":2,"v2":2},"foi_files":[{"dc_format":"application/pdf","dc_identifier":"nl.gm1954.2c.2025.7260093-15.doc.2","dc_source":"https://api1.ibabs.eu/publicdownload.aspx?site=Beekdaelen&id=2a579cfb-4a20-46b5-8f21-b44d370f0159","dc_title":"011-CAL-AWACS-2025-Reactie Basis Geilenirchen rapportage woonkernoffenders 1e kwartaal","dc_type":"bijlage","foi_fairiscoreVersions":{"v1":2,"v2":2},"foi_fileName":"011-CAL-AWACS-2025-Reactie%20Basis%20Geilenirchen%20rapportage%20woonkernoffenders%201e%20kwartaal.pdf","foi_nrPages":1},{"dc_format":"application/pdf","dc_identifier":"nl.gm1954.2c.2025.7260093-15.doc.1","dc_source":"https://api1.ibabs.eu/publicdownload.aspx?site=Beekdaelen&id=71bc49a7-b805-43f4-abc7-e9f4d78151f7","dc_title":"018-CAL-AWACS-2025-Opmerkingen BASIS Geilenkirchen","dc_type":"bijlage","foi_fairiscoreVersions":{"v1":2,"v2":2},"foi_fileName":"018-CAL-AWACS-2025-Opmerkingen%20BASIS%20Geilenkirchen.pdf","foi_nrPages":1}],"foi_nrDocuments":2,"foi_nrPagesInDossier":2,"foi_publishedDate":"2025-09-24","foi_retrievedDate":"2025-11-29"},{"dc_creator":"HandelingScraper_v1","dc_date_year":2025,"dc_description":"Vergadering van de Gemeente Beekdaelen op 2025-09-24. Onderdeel: Overzicht klachten van het 2e kwartaal 2025.","dc_identifier":"nl.gm1954.2c.2025.7260093-16","dc_publisher":"gm1954","dc_source":"https://beekdaelen.bestuurlijkeinformatie.nl/Agenda/Index/03d055b1-0526-405f-a00e-8ca51785797f","dc_title":"BDN Commissie AWACS Limburg 2025-09-24 - Overzicht klachten van het 2e kwartaal 2025","dc_type":"2c","dc_type_description":"Vergaderstuk decentrale overheid","foi_fairiscoreVersions":{"v1":2,"v2":1},"foi_files":[{"dc_format":"application/pdf","dc_identifier":"nl.gm1954.2c.2025.7260093-16.doc.1","dc_source":"https://api1.ibabs.eu/publicdownload.aspx?site=Beekdaelen&id=0d5e13bf-206f-434f-bd6d-70c4456536a4","dc_title":"019-CAL-AWACS-2025-Klachten 2e KW 2025","dc_type":"bijlage","foi_fairiscoreVersions":{"v1":2,"v2":1},"foi_fileName":"019-CAL-AWACS-2025-Klachten%202e%20KW%202025.pdf","foi_nrPages":22}],"foi_nrDocuments":1,"foi_nrPagesInDossier":22,"foi_publishedDate":"2025-09-24","foi_retrievedDate":"2025-11-29"},{"dc_creator":"HandelingScraper_v1","dc_date_year":2025,"dc_description":"Vergadering van de Gemeente Beekdaelen op 2025-09-24. Onderdeel: Vliegbewegingen boven de woonkernen van Schinveld en Brunssum 2e kwartaalrapport 2025.","dc_identifier":"nl.gm1954.2c.2025.7260093-17","dc_publisher":"gm1954","dc_source":"https://beekdaelen.bestuurlijkeinformatie.nl/Agenda/Index/03d055b1-0526-405f-a00e-8ca51785797f","dc_title":"BDN Commissie AWACS Limburg 2025-09-24 - Vliegbewegingen boven de woonkernen van Schinveld en Brunssum 2e kwartaalrapport 2025","dc_type":"2c","dc_type_description":"Vergaderstuk decentrale overheid","foi_fairiscoreVersions":{"v1":1,"v2":1},"foi_files":[{"dc_format":"application/pdf","dc_identifier":"nl.gm1954.2c.2025.7260093-17.doc.1","dc_source":"https://api1.ibabs.eu/publicdownload.aspx?site=Beekdaelen&id=704c1172-8f61-4ce3-9bbb-81392ff3715d","dc_title":"020-CAL-AWACS-2025-2e KW Woonkernoffenders","dc_type":"bijlage","foi_fairiscoreVersions":{"v1":1,"v2":1},"foi_fileName":"020-CAL-AWACS-2025-2e%20KW%20Woonkernoffenders.pdf","foi_nrPages":11}],"foi_nrDocuments":1,"foi_nrPagesInDossier":11,"foi_publishedDate":"2025-09-24","foi_retrievedDate":"2025-11-29"},{"dc_creator":"HandelingScraper_v1","dc_date_year":2025,"dc_description":"Vergadering van de Gemeente Beekdaelen op 2025-09-24. Onderdeel: DGMR - Rapportage vliegtuiggeluid vliegbasis Geilenkirchen 2024.","dc_identifier":"nl.gm1954.2c.2025.7260093-18","dc_publisher":"gm1954","dc_source":"https://beekdaelen.bestuurlijkeinformatie.nl/Agenda/Index/03d055b1-0526-405f-a00e-8ca51785797f","dc_title":"BDN Commissie AWACS Limburg 2025-09-24 - DGMR - Rapportage vliegtuiggeluid vliegbasis Geilenkirchen 2024","dc_type":"2c","dc_type_description":"Vergaderstuk decentrale overheid","foi_fairiscoreVersions":{"v1":1,"v2":1},"foi_files":[{"dc_format":"application/pdf","dc_identifier":"nl.gm1954.2c.2025.7260093-18.doc.1","dc_source":"https://api1.ibabs.eu/publicdownload.aspx?site=Beekdaelen&id=2701110f-d3b3-47c9-95d7-87c3925dac9f","dc_title":"021-CAL-AWACS-2025-DGMR--rapportage vliegtuiggeluid","dc_type":"bijlage","foi_fairiscoreVersions":{"v1":1,"v2":1},"foi_fileName":"021-CAL-AWACS-2025-DGMR--rapportage%20vliegtuiggeluid.pdf","foi_nrPages":37}],"foi_nrDocuments":1,"foi_nrPagesInDossier":37,"foi_publishedDate":"2025-09-24","foi_retrievedDate":"2025-11-29"},{"dc_creator":"HandelingScraper_v1","dc_date_year":2025,"dc_description":"Vergadering van de Gemeente Beekdaelen op 2025-09-24. Onderdeel: Concept-verslag d.d. 11-12-2024.","dc_identifier":"nl.gm1954.2c.2025.7260093-2","dc_publisher":"gm1954","dc_source":"https://beekdaelen.bestuurlijkeinformatie.nl/Agenda/Index/03d055b1-0526-405f-a00e-8ca51785797f","dc_title":"BDN Commissie AWACS Limburg 2025-09-24 - Concept-verslag d.d. 11-12-2024","dc_type":"2c","dc_type_description":"Vergaderstuk decentrale overheid","foi_fairiscoreVersions":{"v1":1,"v2":1},"foi_files":[{"dc_format":"application/pdf","dc_identifier":"nl.gm1954.2c.2025.7260093-2.doc.1","dc_source":"https://api1.ibabs.eu/publicdownload.aspx?site=Beekdaelen&id=e38d18ef-2704-4200-b0cd-9d7e3e51260a","dc_title":"002-CAL-AWACS-2025-concept-verslag","dc_type":"bijlage","foi_fairiscoreVersions":{"v1":1,"v2":1},"foi_fileName":"002-CAL-AWACS-2025-concept-verslag.pdf","foi_nrPages":4}],"foi_nrDocuments":1,"foi_nrPagesInDossier":4,"foi_publishedDate":"2025-09-24","foi_retrievedDate":"2026-01-22"},{"dc_creator":"HandelingScraper_v1","dc_date_year":2025,"dc_description":"Vergadering van de Gemeente Beekdaelen op 2025-09-24. Onderdeel: Bespreken actielijst.","dc_identifier":"nl.gm1954.2c.2025.7260093-3","dc_publisher":"gm1954","dc_source":"https://beekdaelen.bestuurlijkeinformatie.nl/Agenda/Index/03d055b1-0526-405f-a00e-8ca51785797f","dc_title":"BDN Commissie AWACS Limburg 2025-09-24 - Bespreken actielijst","dc_type":"2c","dc_type_description":"Vergaderstuk decentrale overheid","foi_fairiscoreVersions":{"v1":1,"v2":1},"foi_files":[{"dc_format":"application/pdf","dc_identifier":"nl.gm1954.2c.2025.7260093-3.doc.1","dc_source":"https://api1.ibabs.eu/publicdownload.aspx?site=Beekdaelen&id=cc972f1e-1387-42c9-b25d-76796e9d4480","dc_title":"014-CAL-AWACS-2025-actielijst","dc_type":"bijlage","foi_fairiscoreVersions":{"v1":1,"v2":1},"foi_fileName":"014-CAL-AWACS-2025-actielijst.pdf","foi_nrPages":3}],"foi_nrDocuments":1,"foi_nrPagesInDossier":3,"foi_publishedDate":"2025-09-24","foi_retrievedDate":"2026-03-03"},{"dc_creator":"HandelingScraper_v1","dc_date_year":2025,"dc_description":"Vergadering van de Gemeente Beekdaelen op 2025-09-24. Onderdeel: Persbericht inzake leefbaarheidsfonds.","dc_identifier":"nl.gm1954.2c.2025.7260093-4","dc_publisher":"gm1954","dc_source":"https://beekdaelen.bestuurlijkeinformatie.nl/Agenda/Index/03d055b1-0526-405f-a00e-8ca51785797f","dc_title":"BDN Commissie AWACS Limburg 2025-09-24 - Persbericht inzake leefbaarheidsfonds","dc_type":"2c","dc_type_description":"Vergaderstuk decentrale overheid","foi_fairiscoreVersions":{"v1":1,"v2":1},"foi_files":[{"dc_format":"application/pdf","dc_identifier":"nl.gm1954.2c.2025.7260093-4.doc.1","dc_source":"https://api1.ibabs.eu/publicdownload.aspx?site=Beekdaelen&id=c0c0d4ad-d565-487f-ac8a-e7ddff21a3d1","dc_title":"004-CAL-AWACS-2025-PERSBERICHT Afspraken om leefbaarheid en veiligheid rond vliegbasis Geilenkirchen DEF","dc_type":"bijlage","foi_fairiscoreVersions":{"v1":1,"v2":1},"foi_fileName":"004-CAL-AWACS-2025-PERSBERICHT%20Afspraken%20om%20leefbaarheid%20en%20veiligheid%20rond%20vliegbasis%20Geilenkirchen%20DEF.pdf","foi_nrPages":2}],"foi_nrDocuments":1,"foi_nrPagesInDossier":2,"foi_publishedDate":"2025-09-24","foi_retrievedDate":"2026-03-04"},{"dc_creator":"HandelingScraper_v1","dc_date_year":2025,"dc_description":"Vergadering van de Gemeente Beekdaelen op 2025-09-24. Onderdeel: Opzegging leden Commissie Awacs Limburg.","dc_identifier":"nl.gm1954.2c.2025.7260093-5","dc_publisher":"gm1954","dc_source":"https://beekdaelen.bestuurlijkeinformatie.nl/Agenda/Index/03d055b1-0526-405f-a00e-8ca51785797f","dc_title":"BDN Commissie AWACS Limburg 2025-09-24 - Opzegging leden Commissie Awacs Limburg","dc_type":"2c","dc_type_description":"Vergaderstuk decentrale overheid","foi_fairiscoreVersions":{"v1":1,"v2":1},"foi_files":[{"dc_format":"application/pdf","dc_identifier":"nl.gm1954.2c.2025.7260093-5.doc.1","dc_source":"https://api1.ibabs.eu/publicdownload.aspx?site=Beekdaelen&id=8bf63fcd-4447-4cd9-8979-d7ab67000a3d","dc_title":"023-CAL-AWACS-2025-Opzeggging leden CAL AWACS 09-03-2025","dc_type":"bijlage","foi_fairiscoreVersions":{"v1":1,"v2":1},"foi_fileName":"023-CAL-AWACS-2025-Opzeggging%20leden%20CAL%20AWACS%2009-03-2025.pdf","foi_nrPages":1}],"foi_nrDocuments":1,"foi_nrPagesInDossier":1,"foi_publishedDate":"2025-09-24","foi_retrievedDate":"2025-12-02"},{"dc_creator":"HandelingScraper_v1","dc_date_year":2025,"dc_description":"Vergadering van de Gemeente Beekdaelen op 2025-09-24. Onderdeel: Reactie van Ministerie van Defensie op schriftelijke vragen van de voorzitter CAL AWACS.","dc_identifier":"nl.gm1954.2c.2025.7260093-6","dc_publisher":"gm1954","dc_source":"https://beekdaelen.bestuurlijkeinformatie.nl/Agenda/Index/03d055b1-0526-405f-a00e-8ca51785797f","dc_title":"BDN Commissie AWACS Limburg 2025-09-24 - Reactie van Ministerie van Defensie op schriftelijke vragen van de voorzitter CAL AWACS","dc_type":"2c","dc_type_description":"Vergaderstuk decentrale overheid","foi_fairiscoreVersions":{"v1":2,"v2":1},"foi_files":[{"dc_format":"application/pdf","dc_identifier":"nl.gm1954.2c.2025.7260093-6.doc.1","dc_source":"https://api1.ibabs.eu/publicdownload.aspx?site=Beekdaelen&id=325ab15b-1b49-4864-8d35-6e5f1ca9a977","dc_title":"040-CAL-AWACS-2024-Beantwoording schriftelijke vragen CAL van 28 maart 2024_def","dc_type":"bijlage","foi_fairiscoreVersions":{"v1":2,"v2":1},"foi_fileName":"040-CAL-AWACS-2024-Beantwoording%20schriftelijke%20vragen%20CAL%20van%2028%20maart%202024_def.pdf","foi_nrPages":12}],"foi_nrDocuments":1,"foi_nrPagesInDossier":12,"foi_publishedDate":"2025-09-24","foi_retrievedDate":"2025-11-30"},{"dc_creator":"HandelingScraper_v1","dc_date_year":2025,"dc_description":"Vergadering van de Gemeente Beekdaelen op 2025-09-24. Onderdeel: Antwoorden schriftelijke ronde medio 2024.","dc_identifier":"nl.gm1954.2c.2025.7260093-7","dc_publisher":"gm1954","dc_source":"https://beekdaelen.bestuurlijkeinformatie.nl/Agenda/Index/03d055b1-0526-405f-a00e-8ca51785797f","dc_title":"BDN Commissie AWACS Limburg 2025-09-24 - Antwoorden schriftelijke ronde medio 2024","dc_type":"2c","dc_type_description":"Vergaderstuk decentrale overheid","foi_fairiscoreVersions":{"v1":1,"v2":1},"foi_files":[{"dc_format":"application/pdf","dc_identifier":"nl.gm1954.2c.2025.7260093-7.doc.1","dc_source":"https://api1.ibabs.eu/publicdownload.aspx?site=Beekdaelen&id=0d3bbede-735e-4f0e-b948-f0117ade5133","dc_title":"042-CAL-AWACS-2024Beantwoording schriftelijke vragen CAL van 25 september 2024","dc_type":"bijlage","foi_fairiscoreVersions":{"v1":1,"v2":1},"foi_fileName":"042-CAL-AWACS-2024Beantwoording%20schriftelijke%20vragen%20CAL%20van%2025%20september%202024.pdf","foi_nrPages":13}],"foi_nrDocuments":1,"foi_nrPagesInDossier":13,"foi_publishedDate":"2025-09-24","foi_retrievedDate":"2026-02-05"},{"dc_creator":"HandelingScraper_v1","dc_date_year":2025,"dc_description":"Vergadering van de Gemeente Beekdaelen op 2025-09-24. Onderdeel: Stand van zaken evaluatie n.a.v. de appreciatie brief aan de Tweede Kamer (blz. 2 en 3).","dc_identifier":"nl.gm1954.2c.2025.7260093-8","dc_publisher":"gm1954","dc_source":"https://beekdaelen.bestuurlijkeinformatie.nl/Agenda/Index/03d055b1-0526-405f-a00e-8ca51785797f","dc_title":"BDN Commissie AWACS Limburg 2025-09-24 - Stand van zaken evaluatie n.a.v. de appreciatie brief aan de Tweede Kamer (blz. 2 en 3)","dc_type":"2c","dc_type_description":"Vergaderstuk decentrale overheid","foi_fairiscoreVersions":{"v1":null,"v2":null},"foi_files":[{"dc_format":"application/pdf","dc_identifier":"nl.gm1954.2c.2025.7260093-8.doc.1","dc_source":"https://api1.ibabs.eu/publicdownload.aspx?site=Beekdaelen&id=7372e6c6-5c38-451d-9d6f-8d51a02747c9","dc_title":"010-CAL-AWACS-2025-appreciatie","dc_type":"bijlage","foi_fileName":"010-CAL-AWACS-2025-appreciatie.pdf"}],"foi_nrDocuments":1,"foi_nrPagesInDossier":0,"foi_publishedDate":"2025-09-24","foi_retrievedDate":"2025-11-30"},{"dc_creator":"HandelingScraper_v1","dc_date_year":2025,"dc_description":"Vergadering van de Gemeente Beekdaelen op 2025-09-24. Onderdeel: Brieven gemeente Beekdaelen inzake geluidsmeetnet 2026-2028.","dc_identifier":"nl.gm1954.2c.2025.7260093-9","dc_publisher":"gm1954","dc_source":"https://beekdaelen.bestuurlijkeinformatie.nl/Agenda/Index/03d055b1-0526-405f-a00e-8ca51785797f","dc_title":"BDN Commissie AWACS Limburg 2025-09-24 - Brieven gemeente Beekdaelen inzake geluidsmeetnet 2026-2028","dc_type":"2c","dc_type_description":"Vergaderstuk decentrale overheid","foi_fairiscoreVersions":{"v1":2,"v2":2},"foi_files":[{"dc_format":"application/pdf","dc_identifier":"nl.gm1954.2c.2025.7260093-9.doc.1","dc_source":"https://api1.ibabs.eu/publicdownload.aspx?site=Beekdaelen&id=f5395a37-680f-486f-8674-6d3b22321aab","dc_title":"015-CAL-AWACS-2025-Brieven Beekdaelen Geluidsmeetnet","dc_type":"bijlage","foi_fairiscoreVersions":{"v1":2,"v2":2},"foi_fileName":"015-CAL-AWACS-2025-Brieven%20Beekdaelen%20Geluidsmeetnet.pdf","foi_nrPages":15}],"foi_nrDocuments":1,"foi_nrPagesInDossier":15,"foi_publishedDate":"2025-09-24","foi_retrievedDate":"2026-03-02"},{"dc_creator":"HandelingScraper_v1","dc_date_year":2025,"dc_description":"Vergadering van de Gemeente Beekdaelen op 2025-10-09. Onderdeel: Algemeen.","dc_identifier":"nl.gm1954.2c.2025.7313073-1","dc_publisher":"gm1954","dc_source":"https://beekdaelen.bestuurlijkeinformatie.nl/Agenda/Index/51625f06-147b-4277-8129-a056b89e2ec1","dc_title":"Raadscommissie Fysieke Leefomgeving 2025-10-09 - Algemeen","dc_type":"2c","dc_type_description":"Vergaderstuk decentrale overheid","foi_fairiscoreVersions":{"v1":1,"v2":1},"foi_files":[{"dc_format":"application/pdf","dc_identifier":"nl.gm1954.2c.2025.7313073-1.doc.2","dc_source":"https://api1.ibabs.eu/publicdownload.aspx?site=Beekdaelen&id=1e62b877-64fe-42a2-85c4-3d6e9c2dc4d9","dc_title":"Technische vragen BL SLO FLO B1 C1 C2 C5","dc_type":"bijlage","foi_fairiscoreVersions":{"v1":1,"v2":1},"foi_fileName":"Technische%20vragen%20BL%20SLO%20FLO%20B1%20C1%20C2%20C5.pdf","foi_nrPages":2},{"dc_format":"application/pdf","dc_identifier":"nl.gm1954.2c.2025.7313073-1.doc.4","dc_source":"https://api1.ibabs.eu/publicdownload.aspx?site=Beekdaelen&id=3f260f37-94c4-4be0-9a23-112404982430","dc_title":"Technische vragen CDA SLO FLO C1 C2 C4","dc_type":"bijlage","foi_fairiscoreVersions":{"v1":1,"v2":1},"foi_fileName":"Technische%20vragen%20CDA%20SLO%20FLO%20C1%20C2%20C4.pdf","foi_nrPages":2},{"dc_format":"application/pdf","dc_identifier":"nl.gm1954.2c.2025.7313073-1.doc.6","dc_source":"https://api1.ibabs.eu/publicdownload.aspx?site=Beekdaelen&id=bc6c0fbb-6025-4c9b-a8ca-a48a4c521f79","dc_title":"Technische vragen CDA SLO FLO C4","dc_type":"bijlage","foi_fairiscoreVersions":{"v1":1,"v2":1},"foi_fileName":"Technische%20vragen%20CDA%20SLO%20FLO%20C4.pdf","foi_nrPages":1},{"dc_format":"application/pdf","dc_identifier":"nl.gm1954.2c.2025.7313073-1.doc.7","dc_source":"https://api1.ibabs.eu/publicdownload.aspx?site=Beekdaelen&id=e073f3dc-4823-4d6d-b0cb-4b4b6ee18383","dc_title":"Technische vragen GL PvdA SLO FLO B1 C2 C4 C5","dc_type":"bijlage","foi_fairiscoreVersions":{"v1":1,"v2":1},"foi_fileName":"Technische%20vragen%20GL%20PvdA%20SLO%20FLO%20B1%20C2%20C4%20C5.pdf","foi_nrPages":2},{"dc_format":"application/pdf","dc_identifier":"nl.gm1954.2c.2025.7313073-1.doc.3","dc_source":"https://api1.ibabs.eu/publicdownload.aspx?site=Beekdaelen&id=4d108434-05a2-45a2-b995-cba7ca0d6a47","dc_title":"Technische vragen RijkxKoll\u00e9e SLO FLO B1 C1 C2 C5","dc_type":"bijlage","foi_fairiscoreVersions":{"v1":1,"v2":1},"foi_fileName":"Technische%20vragen%20RijkxKoll%C3%A9e%20SLO%20FLO%20B1%20C1%20C2%20C5.pdf","foi_nrPages":2},{"dc_format":"application/pdf","dc_identifier":"nl.gm1954.2c.2025.7313073-1.doc.1","dc_source":"https://api1.ibabs.eu/publicdownload.aspx?site=Beekdaelen&id=49ebc651-8aad-4276-b8b4-4d6dc876510b","dc_title":"Technische vragen VG SLO FLO B1 C1 C2 C3 C4 C5","dc_type":"bijlage","foi_fairiscoreVersions":{"v1":1,"v2":1},"foi_fileName":"Technische%20vragen%20VG%20SLO%20FLO%20B1%20C1%20C2%20C3%20C4%20C5.pdf","foi_nrPages":5},{"dc_format":"application/pdf","dc_identifier":"nl.gm1954.2c.2025.7313073-1.doc.5","dc_source":"https://api1.ibabs.eu/publicdownload.aspx?site=Beekdaelen&id=982aea12-e01b-4abf-9b7d-f6e4806b4981","dc_title":"Technische vragen VVD SLO FLO B1 C1","dc_type":"bijlage","foi_fairiscoreVersions":{"v1":1,"v2":1},"foi_fileName":"Technische%20vragen%20VVD%20SLO%20FLO%20B1%20C1.pdf","foi_nrPages":1}],"foi_nrDocuments":7,"foi_nrPagesInDossier":15,"foi_publishedDate":"2025-10-09","foi_retrievedDate":"2025-11-29"},{"dc_creator":"HandelingScraper_v1","dc_date_year":2025,"dc_description":"Vergadering van de Gemeente Beekdaelen op 2025-10-09. Onderdeel: Voorstel inzake: \"Omgevingsvisie  \u2018Leven en werken in het landschap\u2019 gemeente Beekdaelen\".","dc_identifier":"nl.gm1954.2c.2025.7313073-10","dc_publisher":"gm1954","dc_source":"https://beekdaelen.bestuurlijkeinformatie.nl/Agenda/Index/51625f06-147b-4277-8129-a056b89e2ec1","dc_title":"Raadscommissie Fysieke Leefomgeving 2025-10-09 - Voorstel inzake: \"Omgevingsvisie  \u2018Leven en werken in het landschap\u2019 gemeente Beekdaelen\"","dc_type":"2c","dc_type_description":"Vergaderstuk decentrale overheid","foi_fairiscoreVersions":{"v1":2,"v2":2},"foi_files":[{"dc_format":"application/pdf","dc_identifier":"nl.gm1954.2c.2025.7313073-10.doc.1","dc_source":"https://api1.ibabs.eu/publicdownload.aspx?site=Beekdaelen&id=7661980e-91a2-4742-aeb1-934e68695ab5","dc_title":"Raadsvoorstel inzake omgevingsvisie \u2018Leven en werken in het landschap\u2019 gemeente Beekdaelen","dc_type":"bijlage","foi_fairiscoreVersions":{"v1":1,"v2":1},"foi_fileName":"392735_1.pdf","foi_nrPages":4},{"dc_format":"application/pdf","dc_identifier":"nl.gm1954.2c.2025.7313073-10.doc.6","dc_source":"https://api1.ibabs.eu/publicdownload.aspx?site=Beekdaelen&id=ed12b98a-393e-46ab-a8c7-31e15d48ed09","dc_title":"Raadsbesluit inzake omgevingsvisie \u2018Leven en werken in het landschap\u2019 gemeente Beekdaelen - vastgesteld 21-10-2025","dc_type":"bijlage","foi_fairiscoreVersions":{"v1":1,"v2":1},"foi_fileName":"392737_1.pdf","foi_nrPages":1},{"dc_format":"application/octet-stream","dc_identifier":"nl.gm1954.2c.2025.7313073-10.doc.10","dc_source":"https://api1.ibabs.eu/publicdownload.aspx?site=Beekdaelen&id=f0b0786d-f58a-411b-87c4-cc1bdcf99e47","dc_title":"C3 advies commissie + C4 1e termijn","dc_type":"bijlage","foi_fileName":"C3%20advies%20commissie%20%2B%20C4%201e%20termijn.mp3"},{"dc_format":"application/octet-stream","dc_identifier":"nl.gm1954.2c.2025.7313073-10.doc.12","dc_source":"https://api1.ibabs.eu/publicdownload.aspx?site=Beekdaelen&id=8c01b824-9b33-4d3c-b5fd-ef5c89f1b9f8","dc_title":"C4 2e termijn + beantwoording 2e termijn","dc_type":"bijlage","foi_fileName":"C4%202e%20termijn%20%2B%20beantwoording%202e%20termijn.mp3"},{"dc_format":"application/octet-stream","dc_identifier":"nl.gm1954.2c.2025.7313073-10.doc.13","dc_source":"https://api1.ibabs.eu/publicdownload.aspx?site=Beekdaelen&id=58025c1c-725f-486b-b28d-92fa6e862ae6","dc_title":"C4 advies commissie","dc_type":"bijlage","foi_fileName":"C4%20advies%20commissie.mp3"},{"dc_format":"application/octet-stream","dc_identifier":"nl.gm1954.2c.2025.7313073-10.doc.11","dc_source":"https://api1.ibabs.eu/publicdownload.aspx?site=Beekdaelen&id=656108c2-b878-4a92-85bd-6dbefbc061b5","dc_title":"C4 antwoord 1e termijn","dc_type":"bijlage","foi_fileName":"C4%20antwoord%201e%20termijn.mp3"},{"dc_format":"application/pdf","dc_identifier":"nl.gm1954.2c.2025.7313073-10.doc.7","dc_source":"https://api1.ibabs.eu/publicdownload.aspx?site=Beekdaelen&id=f1c46e3b-45f8-41e2-a70c-d0dc63b661f3","dc_title":"MvA technische vragen CDA C4","dc_type":"bijlage","foi_fairiscoreVersions":{"v1":1,"v2":1},"foi_fileName":"MvA%20technische%20vragen%20CDA%20C4.pdf","foi_nrPages":5},{"dc_format":"application/pdf","dc_identifier":"nl.gm1954.2c.2025.7313073-10.doc.9","dc_source":"https://api1.ibabs.eu/publicdownload.aspx?site=Beekdaelen&id=8d569024-d520-4515-849c-debcc4fdbaaf","dc_title":"MvA technische vragen GL PvdA C4","dc_type":"bijlage","foi_fairiscoreVersions":{"v1":1,"v2":1},"foi_fileName":"MvA%20technische%20vragen%20GL%20PvdA%20C4.pdf","foi_nrPages":1},{"dc_format":"application/pdf","dc_identifier":"nl.gm1954.2c.2025.7313073-10.doc.8","dc_source":"https://api1.ibabs.eu/publicdownload.aspx?site=Beekdaelen&id=2473d65b-780e-4349-b4ac-2ab734698329","dc_title":"MvA technische vragen VG C4","dc_type":"bijlage","foi_fairiscoreVersions":{"v1":1,"v2":1},"foi_fileName":"MvA%20technische%20vragen%20VG%20C4.pdf","foi_nrPages":3},{"dc_format":"application/pdf","dc_identifier":"nl.gm1954.2c.2025.7313073-10.doc.2","dc_source":"https://api1.ibabs.eu/publicdownload.aspx?site=Beekdaelen&id=b0fa2d25-6617-4827-a5c1-e8789a0643be","dc_title":"Bijlage 1: Omgevingsvisie \u2018Leven en werken in het landschap\u2019 gemeente Beekdaelen (publieksversie)","dc_type":"bijlage","foi_fairiscoreVersions":{"v1":2,"v2":3},"foi_fileName":"Omgevingsvisie%20Beekdaelen%20september%202025.pdf","foi_nrPages":89},{"dc_format":"application/pdf","dc_identifier":"nl.gm1954.2c.2025.7313073-10.doc.4","dc_source":"https://api1.ibabs.eu/publicdownload.aspx?site=Beekdaelen&id=5a760490-8eec-4b23-9f10-77855f87d9f0","dc_title":"Bijlage 3: Reacties op de Concept Ontwerp Omgevingsvisie inclusief terugkoppeling","dc_type":"bijlage","foi_fairiscoreVersions":{"v1":1,"v2":1},"foi_fileName":"Reacties%20op%20Concept%20Ontwerp%20Omgevingsvisie.pdf","foi_nrPages":45},{"dc_format":"application/pdf","dc_identifier":"nl.gm1954.2c.2025.7313073-10.doc.5","dc_source":"https://api1.ibabs.eu/publicdownload.aspx?site=Beekdaelen&id=8332552d-e31e-4fea-bb3c-341e9fdd8b7c","dc_title":"Bijlage 4: Nota van zienswijzen behorende bij Omgevingsvisie Beekdaelen","dc_type":"bijlage","foi_fairiscoreVersions":{"v1":2,"v2":1},"foi_fileName":"Z%2F25%2F215776%20-%20392739%20-%20Nota%20van%20zienswijzen%20-%20Omgevingsvisie.pdf","foi_nrPages":6},{"dc_format":"application/pdf","dc_identifier":"nl.gm1954.2c.2025.7313073-10.doc.3","dc_source":"https://api1.ibabs.eu/publicdownload.aspx?site=Beekdaelen&id=df37895c-6850-4ef9-b149-adefb86b3c3c","dc_title":"Bijlage 2: Participatieverslag totstandkoming Omgevingsvisie gemeente Beekdaelen","dc_type":"bijlage","foi_fairiscoreVersions":{"v1":2,"v2":2},"foi_fileName":"Z%2F25%2F215776%20-%20393572%20-%20Bijlage%3A%20Participatieverslag.pdf","foi_nrPages":42}],"foi_nrDocuments":13,"foi_nrPagesInDossier":196,"foi_publishedDate":"2025-10-09","foi_retrievedDate":"2026-03-06"},{"dc_creator":"HandelingScraper_v1","dc_date_year":2025,"dc_description":"Vergadering van de Gemeente Beekdaelen op 2025-10-09. Onderdeel: Voorstel inzake: \"Gebiedsontwikkeling Doenrade-Zuid\".","dc_identifier":"nl.gm1954.2c.2025.7313073-11","dc_publisher":"gm1954","dc_source":"https://beekdaelen.bestuurlijkeinformatie.nl/Agenda/Index/51625f06-147b-4277-8129-a056b89e2ec1","dc_title":"Raadscommissie Fysieke Leefomgeving 2025-10-09 - Voorstel inzake: \"Gebiedsontwikkeling Doenrade-Zuid\"","dc_type":"2c","dc_type_description":"Vergaderstuk decentrale overheid","foi_fairiscoreVersions":{"v1":2,"v2":2},"foi_files":[{"dc_format":"application/pdf","dc_identifier":"nl.gm1954.2c.2025.7313073-11.doc.2","dc_source":"https://api1.ibabs.eu/publicdownload.aspx?site=Beekdaelen&id=36e63488-11c7-4fc8-b6ac-dfccb1d43c4e","dc_title":"Bijlage: Ontwikkelperspectief Doenrade-Zuid, Studio BNL, d.d. 2 september 2025","dc_type":"bijlage","foi_fairiscoreVersions":{"v1":3,"v2":3},"foi_fileName":"20250902%20BNLVoetbalvelden%20Doenrade.pdf","foi_nrPages":75},{"dc_format":"application/pdf","dc_identifier":"nl.gm1954.2c.2025.7313073-11.doc.3","dc_source":"https://api1.ibabs.eu/publicdownload.aspx?site=Beekdaelen&id=35169a7d-5c19-4588-b98b-ff0ba54377f5","dc_title":"Bijlage: Ontwikkelperspectief Doenrade-Zuid, Studio BNL, d.d. 2 september 2025 - verbeelding","dc_type":"bijlage","foi_fairiscoreVersions":{"v1":2,"v2":1},"foi_fileName":"20250902%20PLANKAART%20Doenrade1.pdf","foi_nrPages":1},{"dc_format":"application/pdf","dc_identifier":"nl.gm1954.2c.2025.7313073-11.doc.1","dc_source":"https://api1.ibabs.eu/publicdownload.aspx?site=Beekdaelen&id=bade53e2-079c-496c-aa0b-567996133ef4","dc_title":"Raadsvoorstel inzake gebiedsontwikkeling Doenrade-Zuid","dc_type":"bijlage","foi_fairiscoreVersions":{"v1":1,"v2":1},"foi_fileName":"392093_1.pdf","foi_nrPages":9},{"dc_format":"application/pdf","dc_identifier":"nl.gm1954.2c.2025.7313073-11.doc.5","dc_source":"https://api1.ibabs.eu/publicdownload.aspx?site=Beekdaelen&id=4de6cd44-440d-48dd-9196-ea5203b07eb1","dc_title":"Raadsbesluit inzake gebiedsontwikkeling Doenrade-Zuid - vastgesteld 21-10-2025","dc_type":"bijlage","foi_fairiscoreVersions":{"v1":1,"v2":1},"foi_fileName":"393577_1.pdf","foi_nrPages":1},{"dc_format":"application/pdf","dc_identifier":"nl.gm1954.2c.2025.7313073-11.doc.6","dc_source":"https://api1.ibabs.eu/publicdownload.aspx?site=Beekdaelen&id=5db48ab1-99d4-457f-81f1-2cdaa571fe52","dc_title":"Bijlage: Begrotingswijziging 9.4 Voorbereidingskrediet gebiedsontwikkeling Doenrade-Zuid","dc_type":"bijlage","foi_fairiscoreVersions":{"v1":1,"v2":1},"foi_fileName":"Begrotingswijziging%209.pdf","foi_nrPages":1},{"dc_format":"application/pdf","dc_identifier":"nl.gm1954.2c.2025.7313073-11.doc.11","dc_source":"https://api1.ibabs.eu/publicdownload.aspx?site=Beekdaelen&id=9f6b2713-363d-4d8c-840a-b6d5b425626f","dc_title":"Bezwaren_Kluisstraat-KasteelPark_Doenrade (geanonimiseerd)","dc_type":"bijlage","foi_fairiscoreVersions":{"v1":2,"v2":2},"foi_fileName":"Bezwaren_Kluisstraat-KasteelPark_Doenrade%20%28geanonimiseerd%29.pdf","foi_nrPages":10},{"dc_format":"application/octet-stream","dc_identifier":"nl.gm1954.2c.2025.7313073-11.doc.13","dc_source":"https://api1.ibabs.eu/publicdownload.aspx?site=Beekdaelen&id=e5851b2c-0d50-4a2c-93eb-9abe48cb8dbf","dc_title":"C5 1e termijn","dc_type":"bijlage","foi_fileName":"C5%201e%20termijn.mp3","foi_nrPages":1},{"dc_format":"application/octet-stream","dc_identifier":"nl.gm1954.2c.2025.7313073-11.doc.15","dc_source":"https://api1.ibabs.eu/publicdownload.aspx?site=Beekdaelen&id=c62f838c-31c3-4948-aa0e-55062a58af21","dc_title":"C5 2e termijn","dc_type":"bijlage","foi_fileName":"C5%202e%20termijn.mp3","foi_nrPages":1},{"dc_format":"application/octet-stream","dc_identifier":"nl.gm1954.2c.2025.7313073-11.doc.17","dc_source":"https://api1.ibabs.eu/publicdownload.aspx?site=Beekdaelen&id=c7ffe50d-4243-4b09-8053-1279c093c4af","dc_title":"C5 advies commissie","dc_type":"bijlage","foi_fileName":"C5%20advies%20commissie.mp3","foi_nrPages":1},{"dc_format":"application/octet-stream","dc_identifier":"nl.gm1954.2c.2025.7313073-11.doc.14","dc_source":"https://api1.ibabs.eu/publicdownload.aspx?site=Beekdaelen&id=ec5ec36f-ed65-4a8e-858b-31ebb0593aab","dc_title":"C5 antwoord 1e termijn","dc_type":"bijlage","foi_fileName":"C5%20antwoord%201e%20termijn.mp3","foi_nrPages":1},{"dc_format":"application/octet-stream","dc_identifier":"nl.gm1954.2c.2025.7313073-11.doc.16","dc_source":"https://api1.ibabs.eu/publicdownload.aspx?site=Beekdaelen&id=b4ff9c5a-63ec-47b0-aac1-d22cdca13d5a","dc_title":"C5 antwoord 2e termijn","dc_type":"bijlage","foi_fileName":"C5%20antwoord%202e%20termijn.mp3","foi_nrPages":1},{"dc_format":"application/pdf","dc_identifier":"nl.gm1954.2c.2025.7313073-11.doc.10","dc_source":"https://api1.ibabs.eu/publicdownload.aspx?site=Beekdaelen&id=6466e232-bd20-4fc5-b19a-17b5792a4028","dc_title":"Mail ter toelichting op reactie bewoners Kluisstraat op plan Kasteelpark Doenrade verzoek om herziening participatieproces GEANONIMISEERD","dc_type":"bijlage","foi_fairiscoreVersions":{"v1":1,"v2":1},"foi_fileName":"Mail%20ter%20toelichting%20op%20reactie%20bewoners%20Kluisstraat%20op%20plan%20Kasteelpark%20Doenrade%20verzoek%20om%20herziening%20participatieproces%20GEANONIMISEERD.pdf","foi_nrPages":1},{"dc_format":"application/pdf","dc_identifier":"nl.gm1954.2c.2025.7313073-11.doc.9","dc_source":"https://api1.ibabs.eu/publicdownload.aspx?site=Beekdaelen&id=58ef852d-4720-4b22-8e00-d4e5771dd123","dc_title":"MvA technische vragen BL C5","dc_type":"bijlage","foi_fairiscoreVersions":{"v1":1,"v2":1},"foi_fileName":"MvA%20technische%20vragen%20BL%20C5.pdf","foi_nrPages":2},{"dc_format":"application/pdf","dc_identifier":"nl.gm1954.2c.2025.7313073-11.doc.12","dc_source":"https://api1.ibabs.eu/publicdownload.aspx?site=Beekdaelen&id=be30e1c8-29ee-41a1-8f84-3091033bd31e","dc_title":"MvA technische vragen GL PvdA C5","dc_type":"bijlage","foi_fairiscoreVersions":{"v1":1,"v2":1},"foi_fileName":"MvA%20technische%20vragen%20GL%20PvdA%20C5.pdf","foi_nrPages":2},{"dc_format":"application/pdf","dc_identifier":"nl.gm1954.2c.2025.7313073-11.doc.8","dc_source":"https://api1.ibabs.eu/publicdownload.aspx?site=Beekdaelen&id=20b47410-69da-4591-ae57-16cc905cdc9b","dc_title":"MvA technische vragen RijkxKoll\u00e9e C5","dc_type":"bijlage","foi_fairiscoreVersions":{"v1":1,"v2":1},"foi_fileName":"MvA%20technische%20vragen%20RijkxKoll%C3%A9e%20C5.pdf","foi_nrPages":2},{"dc_format":"application/pdf","dc_identifier":"nl.gm1954.2c.2025.7313073-11.doc.7","dc_source":"https://api1.ibabs.eu/publicdownload.aspx?site=Beekdaelen&id=a7bc545d-53ef-4875-b83d-00b933719e59","dc_title":"MvA technische vragen VG C5","dc_type":"bijlage","foi_fairiscoreVersions":{"v1":1,"v2":1},"foi_fileName":"MvA%20technische%20vragen%20VG%20C5.pdf","foi_nrPages":3},{"dc_format":"application/pdf","dc_identifier":"nl.gm1954.2c.2025.7313073-11.doc.4","dc_source":"https://api1.ibabs.eu/publicdownload.aspx?site=Beekdaelen&id=b3727787-75a8-4735-bfb1-23ed5db55f85","dc_title":"Bijlage: Omgevingsdialoog gebiedsontwikkeling Doenrade-Zuid","dc_type":"bijlage","foi_fairiscoreVersions":{"v1":2,"v2":1},"foi_fileName":"Participatieverslag%20Doenrade-Zuid.pdf","foi_nrPages":11}],"foi_nrDocuments":17,"foi_nrPagesInDossier":123,"foi_publishedDate":"2025-10-09","foi_retrievedDate":"2026-03-09"},{"dc_creator":"HandelingScraper_v1","dc_date_year":2025,"dc_description":"Vergadering van de Gemeente Beekdaelen op 2025-10-09. Onderdeel: Rondvraag Fysieke Leefomgeving.","dc_identifier":"nl.gm1954.2c.2025.7313073-12","dc_publisher":"gm1954","dc_source":"https://beekdaelen.bestuurlijkeinformatie.nl/Agenda/Index/51625f06-147b-4277-8129-a056b89e2ec1","dc_title":"Raadscommissie Fysieke Leefomgeving 2025-10-09 - Rondvraag Fysieke Leefomgeving","dc_type":"2c","dc_type_description":"Vergaderstuk decentrale overheid","foi_fairiscoreVersions":{"v1":null,"v2":null},"foi_files":[{"dc_format":"application/octet-stream","dc_identifier":"nl.gm1954.2c.2025.7313073-12.doc.1","dc_source":"https://api1.ibabs.eu/publicdownload.aspx?site=Beekdaelen&id=fe25bb7a-b5cb-409b-bc65-0d791e5bca26","dc_title":"Rondvraag en sluiting","dc_type":"bijlage","foi_fileName":"Rondvraag%20en%20sluiting.mp3"}],"foi_nrDocuments":1,"foi_nrPagesInDossier":0,"foi_publishedDate":"2025-10-09","foi_retrievedDate":"2026-03-03"},{"dc_creator":"HandelingScraper_v1","dc_date_year":2025,"dc_description":"Vergadering van de Gemeente Beekdaelen op 2025-10-09. Onderdeel: Opening, mededelingen voorzitter en vaststellen agenda..","dc_identifier":"nl.gm1954.2c.2025.7313073-2","dc_publisher":"gm1954","dc_source":"https://beekdaelen.bestuurlijkeinformatie.nl/Agenda/Index/51625f06-147b-4277-8129-a056b89e2ec1","dc_title":"Raadscommissie Fysieke Leefomgeving 2025-10-09 - Opening, mededelingen voorzitter en vaststellen agenda.","dc_type":"2c","dc_type_description":"Vergaderstuk decentrale overheid","foi_fairiscoreVersions":{"v1":1,"v2":1},"foi_files":[{"dc_format":"application/octet-stream","dc_identifier":"nl.gm1954.2c.2025.7313073-2.doc.2","dc_source":"https://api1.ibabs.eu/publicdownload.aspx?site=Beekdaelen&id=25ecb8dc-e14a-45c0-b6a8-01eb8219bca8","dc_title":"A1","dc_type":"bijlage","foi_fileName":"A1.mp3","foi_nrPages":1},{"dc_format":"application/pdf","dc_identifier":"nl.gm1954.2c.2025.7313073-2.doc.1","dc_source":"https://api1.ibabs.eu/publicdownload.aspx?site=Beekdaelen&id=ab3f3ce6-a818-4339-ae98-d020f28efad7","dc_title":"Uitnodiging en voorlopige agenda gecombineerde raadscie. Soc. en Fys. Leefomgeving 09102025","dc_type":"bijlage","foi_fairiscoreVersions":{"v1":1,"v2":1},"foi_fileName":"Uitnodiging%20en%20voorlopige%20agenda%20gecombineerde%20raadscie.%20Soc.%20en%20Fys.pdf","foi_nrPages":2}],"foi_nrDocuments":2,"foi_nrPagesInDossier":3,"foi_publishedDate":"2025-10-09","foi_retrievedDate":"2025-11-29"},{"dc_creator":"HandelingScraper_v1","dc_date_year":2025,"dc_description":"Vergadering van de Gemeente Beekdaelen op 2025-10-09. Onderdeel: Spreekrecht burgers..","dc_identifier":"nl.gm1954.2c.2025.7313073-3","dc_publisher":"gm1954","dc_source":"https://beekdaelen.bestuurlijkeinformatie.nl/Agenda/Index/51625f06-147b-4277-8129-a056b89e2ec1","dc_title":"Raadscommissie Fysieke Leefomgeving 2025-10-09 - Spreekrecht burgers.","dc_type":"2c","dc_type_description":"Vergaderstuk decentrale overheid","foi_fairiscoreVersions":{"v1":3,"v2":3},"foi_files":[{"dc_format":"application/octet-stream","dc_identifier":"nl.gm1954.2c.2025.7313073-3.doc.3","dc_source":"https://api1.ibabs.eu/publicdownload.aspx?site=Beekdaelen&id=3a7ba0df-20b9-456f-a88c-94d967c0e76f","dc_title":"A2 dhr. Dijkstra","dc_type":"bijlage","foi_fileName":"A2%20dhr.mp3","foi_nrPages":1},{"dc_format":"application/octet-stream","dc_identifier":"nl.gm1954.2c.2025.7313073-3.doc.5","dc_source":"https://api1.ibabs.eu/publicdownload.aspx?site=Beekdaelen&id=d8f785ce-9dad-428c-8d76-f767e287339f","dc_title":"A2 dhr. Smeets + A4 + C2 1e termijn","dc_type":"bijlage","foi_fileName":"A2%20dhr.mp3","foi_nrPages":1},{"dc_format":"application/octet-stream","dc_identifier":"nl.gm1954.2c.2025.7313073-3.doc.1","dc_source":"https://api1.ibabs.eu/publicdownload.aspx?site=Beekdaelen&id=f038ada3-632e-42c0-a288-81f7e071b830","dc_title":"A2 mevr. Frantzen","dc_type":"bijlage","foi_fileName":"A2%20mevr.mp3","foi_nrPages":1},{"dc_format":"application/pdf","dc_identifier":"nl.gm1954.2c.2025.7313073-3.doc.4","dc_source":"https://api1.ibabs.eu/publicdownload.aspx?site=Beekdaelen&id=c3fe9fa5-dbdf-4256-9b7f-dff0e93f8c1c","dc_title":"Inspreektekst dhr. Dijkstra","dc_type":"bijlage","foi_fairiscoreVersions":{"v1":5,"v2":5},"foi_fileName":"Inspreektekst%20dhr.pdf","foi_nrPages":6},{"dc_format":"application/pdf","dc_identifier":"nl.gm1954.2c.2025.7313073-3.doc.6","dc_source":"https://api1.ibabs.eu/publicdownload.aspx?site=Beekdaelen&id=0b590269-d48b-4f2e-97b6-45c8dae9034e","dc_title":"Inspreektekst dhr. Smeets","dc_type":"bijlage","foi_fairiscoreVersions":{"v1":1,"v2":1},"foi_fileName":"Inspreektekst%20dhr.pdf","foi_nrPages":3},{"dc_format":"application/pdf","dc_identifier":"nl.gm1954.2c.2025.7313073-3.doc.2","dc_source":"https://api1.ibabs.eu/publicdownload.aspx?site=Beekdaelen&id=903acc0e-1db2-406a-b9f8-f6f7993053a0","dc_title":"Inspreektekst mevr. Frantzen","dc_type":"bijlage","foi_fairiscoreVersions":{"v1":2,"v2":2},"foi_fileName":"Inspreektekst%20mevr.pdf","foi_nrPages":3}],"foi_nrDocuments":6,"foi_nrPagesInDossier":15,"foi_publishedDate":"2025-10-09","foi_retrievedDate":"2025-11-29"},{"dc_creator":"HandelingScraper_v1","dc_date_year":2025,"dc_description":"Vergadering van de Gemeente Beekdaelen op 2025-10-09. Onderdeel: Vaststellen actiepuntenlijst van de raadscommissie Sociale Leefomgeving d.d. 2 september 2025.","dc_identifier":"nl.gm1954.2c.2025.7313073-4","dc_publisher":"gm1954","dc_source":"https://beekdaelen.bestuurlijkeinformatie.nl/Agenda/Index/51625f06-147b-4277-8129-a056b89e2ec1","dc_title":"Raadscommissie Fysieke Leefomgeving 2025-10-09 - Vaststellen actiepuntenlijst van de raadscommissie Sociale Leefomgeving d.d. 2 september 2025","dc_type":"2c","dc_type_description":"Vergaderstuk decentrale overheid","foi_fairiscoreVersions":{"v1":1,"v2":1},"foi_files":[{"dc_format":"application/octet-stream","dc_identifier":"nl.gm1954.2c.2025.7313073-4.doc.2","dc_source":"https://api1.ibabs.eu/publicdownload.aspx?site=Beekdaelen&id=086b798f-49e3-4bb9-8c6c-ae09041f3c4e","dc_title":"A2 dhr. Smeets + A4 + C2 1e termijn","dc_type":"bijlage","foi_fileName":"A2%20dhr.mp3"},{"dc_format":"application/pdf","dc_identifier":"nl.gm1954.2c.2025.7313073-4.doc.1","dc_source":"https://api1.ibabs.eu/publicdownload.aspx?site=Beekdaelen&id=fa7cf942-cdc2-4e06-8a9b-f014365e4394","dc_title":"Actiepuntenlijst cie SLO 02092025","dc_type":"bijlage","foi_fairiscoreVersions":{"v1":1,"v2":1},"foi_fileName":"Actiepuntenlijst%20cie%20SLO%2002092025.pdf","foi_nrPages":5}],"foi_nrDocuments":2,"foi_nrPagesInDossier":5,"foi_publishedDate":"2025-10-09","foi_retrievedDate":"2025-12-03"},{"dc_creator":"HandelingScraper_v1","dc_date_year":2025,"dc_description":"Vergadering van de Gemeente Beekdaelen op 2025-10-09. Onderdeel: Vaststellen actiepuntenlijst van de raadscommissie Fysieke Leefomgeving d.d. 4 september 2025.","dc_identifier":"nl.gm1954.2c.2025.7313073-5","dc_publisher":"gm1954","dc_source":"https://beekdaelen.bestuurlijkeinformatie.nl/Agenda/Index/51625f06-147b-4277-8129-a056b89e2ec1","dc_title":"Raadscommissie Fysieke Leefomgeving 2025-10-09 - Vaststellen actiepuntenlijst van de raadscommissie Fysieke Leefomgeving d.d. 4 september 2025","dc_type":"2c","dc_type_description":"Vergaderstuk decentrale overheid","foi_fairiscoreVersions":{"v1":1,"v2":1},"foi_files":[{"dc_format":"application/octet-stream","dc_identifier":"nl.gm1954.2c.2025.7313073-5.doc.2","dc_source":"https://api1.ibabs.eu/publicdownload.aspx?site=Beekdaelen&id=efdcc1b9-4034-40f8-b048-242b016bbbf7","dc_title":"A2 dhr. Smeets + A4 + C2 1e termijn","dc_type":"bijlage","foi_fileName":"A2%20dhr.mp3"},{"dc_format":"application/pdf","dc_identifier":"nl.gm1954.2c.2025.7313073-5.doc.1","dc_source":"https://api1.ibabs.eu/publicdownload.aspx?site=Beekdaelen&id=034405de-dbd9-4323-8759-e3fed428c7e1","dc_title":"Actiepuntenlijst cie FLO 04092025","dc_type":"bijlage","foi_fairiscoreVersions":{"v1":1,"v2":1},"foi_fileName":"Actiepuntenlijst%20cie%20FLO%2004092025.pdf","foi_nrPages":7}],"foi_nrDocuments":2,"foi_nrPagesInDossier":7,"foi_publishedDate":"2025-10-09","foi_retrievedDate":"2026-03-04"},{"dc_creator":"HandelingScraper_v1","dc_date_year":2025,"dc_description":"Vergadering van de Gemeente Beekdaelen op 2025-10-09. Onderdeel: Voorstel inzake: \"incidentele onderhoudsbijdrage aan gemeenschapsaccommodaties die  voorheen geen gemeentelijk onderhoud genoten, ten behoeve van de realisatie van  een nul-situatie\".","dc_identifier":"nl.gm1954.2c.2025.7313073-6","dc_publisher":"gm1954","dc_source":"https://beekdaelen.bestuurlijkeinformatie.nl/Agenda/Index/51625f06-147b-4277-8129-a056b89e2ec1","dc_title":"Raadscommissie Fysieke Leefomgeving 2025-10-09 - Voorstel inzake: \"incidentele onderhoudsbijdrage aan gemeenschapsaccommodaties die  voorheen geen gemeentelijk onderhoud genoten, ten behoeve van de realisatie van  een nul-situatie\"","dc_type":"2c","dc_type_description":"Vergaderstuk decentrale overheid","foi_fairiscoreVersions":{"v1":1,"v2":1},"foi_files":[{"dc_format":"application/pdf","dc_identifier":"nl.gm1954.2c.2025.7313073-6.doc.2","dc_source":"https://api1.ibabs.eu/publicdownload.aspx?site=Beekdaelen&id=581d3574-261e-4109-8b1f-787b54394313","dc_title":"Bijlage 1: Demarcatielijst gebouwenbeheer gemeente Beekdaelen","dc_type":"bijlage","foi_fairiscoreVersions":{"v1":1,"v2":1},"foi_fileName":"2023-05-02--Demarcatielijst%20gebouwenbeheer%20gemeente%20Beekdaelen.pdf","foi_nrPages":13},{"dc_format":"application/octet-stream","dc_identifier":"nl.gm1954.2c.2025.7313073-6.doc.11","dc_source":"https://api1.ibabs.eu/publicdownload.aspx?site=Beekdaelen&id=110f780b-eecb-498c-9e66-a67835feec8f","dc_title":"B1 1e termijn","dc_type":"bijlage","foi_fileName":"B1%201e%20termijn.mp3","foi_nrPages":1},{"dc_format":"application/octet-stream","dc_identifier":"nl.gm1954.2c.2025.7313073-6.doc.13","dc_source":"https://api1.ibabs.eu/publicdownload.aspx?site=Beekdaelen&id=30b17cac-cb0a-467b-845d-bc060e767862","dc_title":"B1 2e termijn","dc_type":"bijlage","foi_fileName":"B1%202e%20termijn.mp3","foi_nrPages":1},{"dc_format":"application/octet-stream","dc_identifier":"nl.gm1954.2c.2025.7313073-6.doc.16","dc_source":"https://api1.ibabs.eu/publicdownload.aspx?site=Beekdaelen&id=39e4a16e-00fb-4d96-bb3c-c28662d6d778","dc_title":"B1 advies commissie","dc_type":"bijlage","foi_fileName":"B1%20advies%20commissie.mp3","foi_nrPages":1},{"dc_format":"application/octet-stream","dc_identifier":"nl.gm1954.2c.2025.7313073-6.doc.12","dc_source":"https://api1.ibabs.eu/publicdownload.aspx?site=Beekdaelen&id=1ba605a7-d36b-4e56-a426-35e69a1763ff","dc_title":"B1 antwoord 1e termijn","dc_type":"bijlage","foi_fileName":"B1%20antwoord%201e%20termijn.mp3","foi_nrPages":1},{"dc_format":"application/octet-stream","dc_identifier":"nl.gm1954.2c.2025.7313073-6.doc.14","dc_source":"https://api1.ibabs.eu/publicdownload.aspx?site=Beekdaelen&id=99ecc2eb-6d34-4919-af8c-f668e3b9ec62","dc_title":"B1 antwoord 2e termijn I","dc_type":"bijlage","foi_fileName":"B1%20antwoord%202e%20termijn%20I.mp3","foi_nrPages":1},{"dc_format":"application/octet-stream","dc_identifier":"nl.gm1954.2c.2025.7313073-6.doc.15","dc_source":"https://api1.ibabs.eu/publicdownload.aspx?site=Beekdaelen&id=c3debb84-928c-4470-ac29-e25984418c56","dc_title":"B1 antwoord 2e termijn II","dc_type":"bijlage","foi_fileName":"B1%20antwoord%202e%20termijn%20II.mp3","foi_nrPages":1},{"dc_format":"application/pdf","dc_identifier":"nl.gm1954.2c.2025.7313073-6.doc.4","dc_source":"https://api1.ibabs.eu/publicdownload.aspx?site=Beekdaelen&id=a35a164f-7a1d-4ddc-87bd-dfd60d9b4ca2","dc_title":"Bijlage 3: Begrotingswijziging 9.3 Transitie accommodatiebeleid gemeenschapshuizen","dc_type":"bijlage","foi_fairiscoreVersions":{"v1":1,"v2":1},"foi_fileName":"Begrotingswijziging%209.pdf","foi_nrPages":1},{"dc_format":"application/pdf","dc_identifier":"nl.gm1954.2c.2025.7313073-6.doc.3","dc_source":"https://api1.ibabs.eu/publicdownload.aspx?site=Beekdaelen&id=38f8a50d-b944-46c0-84c0-dff291765314","dc_title":"Bijlage 2: Beheersmaatregelen","dc_type":"bijlage","foi_fairiscoreVersions":{"v1":1,"v2":1},"foi_fileName":"Beheersmaatregelen.pdf","foi_nrPages":1},{"dc_format":"application/pdf","dc_identifier":"nl.gm1954.2c.2025.7313073-6.doc.7","dc_source":"https://api1.ibabs.eu/publicdownload.aspx?site=Beekdaelen&id=fef25485-d801-477f-a093-4e3c12501a07","dc_title":"MvA technische vragen BL B1","dc_type":"bijlage","foi_fairiscoreVersions":{"v1":1,"v2":1},"foi_fileName":"MvA%20technische%20vragen%20BL%20B1.pdf","foi_nrPages":3},{"dc_format":"application/pdf","dc_identifier":"nl.gm1954.2c.2025.7313073-6.doc.10","dc_source":"https://api1.ibabs.eu/publicdownload.aspx?site=Beekdaelen&id=578d736d-90c6-451e-a445-2c8a186fdb27","dc_title":"MvA technische vragen GL PvdA B1","dc_type":"bijlage","foi_fairiscoreVersions":{"v1":1,"v2":1},"foi_fileName":"MvA%20technische%20vragen%20GL%20PvdA%20B1.pdf","foi_nrPages":2},{"dc_format":"application/pdf","dc_identifier":"nl.gm1954.2c.2025.7313073-6.doc.6","dc_source":"https://api1.ibabs.eu/publicdownload.aspx?site=Beekdaelen&id=4805547e-2698-4584-84d0-eaceaed8d2a3","dc_title":"MvA technische vragen RijkxKoll\u00e9e B1","dc_type":"bijlage","foi_fairiscoreVersions":{"v1":1,"v2":1},"foi_fileName":"MvA%20technische%20vragen%20RijkxKoll%C3%A9e%20B1.pdf","foi_nrPages":2},{"dc_format":"application/pdf","dc_identifier":"nl.gm1954.2c.2025.7313073-6.doc.9","dc_source":"https://api1.ibabs.eu/publicdownload.aspx?site=Beekdaelen&id=67f5aec8-105c-4a8a-bdc9-9aa31c7aace8","dc_title":"MvA technische vragen VG B1","dc_type":"bijlage","foi_fairiscoreVersions":{"v1":1,"v2":1},"foi_fileName":"MvA%20technische%20vragen%20VG%20B1.pdf","foi_nrPages":2},{"dc_format":"application/pdf","dc_identifier":"nl.gm1954.2c.2025.7313073-6.doc.8","dc_source":"https://api1.ibabs.eu/publicdownload.aspx?site=Beekdaelen&id=362584c7-fe68-48d1-9945-5f74e8a065c9","dc_title":"MvA technische vragen VVD B1","dc_type":"bijlage","foi_fairiscoreVersions":{"v1":1,"v2":1},"foi_fileName":"MvA%20technische%20vragen%20VVD%20B1.pdf","foi_nrPages":3},{"dc_format":"application/pdf","dc_identifier":"nl.gm1954.2c.2025.7313073-6.doc.5","dc_source":"https://api1.ibabs.eu/publicdownload.aspx?site=Beekdaelen&id=d38b4fd4-8dc0-4835-92f4-820e5b80a465","dc_title":"Raadsbesluit inzake incidentele onderhoudsbijdrage aan gemeenschapsaccommodaties - vastgesteld 21-10-2025","dc_type":"bijlage","foi_fairiscoreVersions":{"v1":1,"v2":1},"foi_fileName":"Raadsbesluit%20-%20Z25215824%20incidentele%20onderhoudsbijdrage.pdf","foi_nrPages":1},{"dc_format":"application/pdf","dc_identifier":"nl.gm1954.2c.2025.7313073-6.doc.1","dc_source":"https://api1.ibabs.eu/publicdownload.aspx?site=Beekdaelen&id=edfcc279-6bc6-4fc2-9955-afe337a53eb0","dc_title":"Raadsvoorstel inzake incidentele onderhoudsbijdrage aan gemeenschapsaccommodaties","dc_type":"bijlage","foi_fairiscoreVersions":{"v1":1,"v2":1},"foi_fileName":"Raadsvoorstel%20-%20Z25215824%20incidentele%20onderhoudsbijdrage.pdf","foi_nrPages":4}],"foi_nrDocuments":16,"foi_nrPagesInDossier":38,"foi_publishedDate":"2025-10-09","foi_retrievedDate":"2026-03-09"},{"dc_creator":"HandelingScraper_v1","dc_date_year":2025,"dc_description":"Vergadering van de Gemeente Beekdaelen op 2025-10-09. Onderdeel: Voorstel inzake: \"Aanleg parkeerplaats Quabeeksweg 1 te Bingelrade\".","dc_identifier":"nl.gm1954.2c.2025.7313073-7","dc_publisher":"gm1954","dc_source":"https://beekdaelen.bestuurlijkeinformatie.nl/Agenda/Index/51625f06-147b-4277-8129-a056b89e2ec1","dc_title":"Raadscommissie Fysieke Leefomgeving 2025-10-09 - Voorstel inzake: \"Aanleg parkeerplaats Quabeeksweg 1 te Bingelrade\"","dc_type":"2c","dc_type_description":"Vergaderstuk decentrale overheid","foi_fairiscoreVersions":{"v1":2,"v2":2},"foi_files":[{"dc_format":"application/octet-stream","dc_identifier":"nl.gm1954.2c.2025.7313073-7.doc.10","dc_source":"https://api1.ibabs.eu/publicdownload.aspx?site=Beekdaelen&id=5f863759-e8bc-486a-a0f0-ca81464de301","dc_title":"C1 1e termijn","dc_type":"bijlage","foi_fileName":"C1%201e%20termijn.mp3"},{"dc_format":"application/octet-stream","dc_identifier":"nl.gm1954.2c.2025.7313073-7.doc.12","dc_source":"https://api1.ibabs.eu/publicdownload.aspx?site=Beekdaelen&id=16b860f1-acae-49b1-8e67-2a3edd266d1e","dc_title":"C1 2e termijn","dc_type":"bijlage","foi_fileName":"C1%202e%20termijn.mp3"},{"dc_format":"application/octet-stream","dc_identifier":"nl.gm1954.2c.2025.7313073-7.doc.14","dc_source":"https://api1.ibabs.eu/publicdownload.aspx?site=Beekdaelen&id=9f66c5a3-1b9a-4215-a9d5-14fd4379d23b","dc_title":"C1 advies commissie","dc_type":"bijlage","foi_fileName":"C1%20advies%20commissie.mp3"},{"dc_format":"application/octet-stream","dc_identifier":"nl.gm1954.2c.2025.7313073-7.doc.11","dc_source":"https://api1.ibabs.eu/publicdownload.aspx?site=Beekdaelen&id=bcda215b-13f3-40ae-8109-bd0a5cd09d0f","dc_title":"C1 antwoord 1e termijn","dc_type":"bijlage","foi_fileName":"C1%20antwoord%201e%20termijn.mp3"},{"dc_format":"application/octet-stream","dc_identifier":"nl.gm1954.2c.2025.7313073-7.doc.13","dc_source":"https://api1.ibabs.eu/publicdownload.aspx?site=Beekdaelen&id=2d69ea85-099d-4bd6-a5ea-49f2e32aa102","dc_title":"C1 antwoord 2e termijn","dc_type":"bijlage","foi_fileName":"C1%20antwoord%202e%20termijn.mp3"},{"dc_format":"application/pdf","dc_identifier":"nl.gm1954.2c.2025.7313073-7.doc.9","dc_source":"https://api1.ibabs.eu/publicdownload.aspx?site=Beekdaelen&id=67b1e8c7-5b02-4968-a62e-bb2651541292","dc_title":"MvA technische vragen BL C1","dc_type":"bijlage","foi_fairiscoreVersions":{"v1":1,"v2":1},"foi_fileName":"MvA%20technische%20vragen%20BL%20C1.pdf","foi_nrPages":2},{"dc_format":"application/pdf","dc_identifier":"nl.gm1954.2c.2025.7313073-7.doc.8","dc_source":"https://api1.ibabs.eu/publicdownload.aspx?site=Beekdaelen&id=a2699a3b-6d62-4aba-a18c-f990fd7ab6cd","dc_title":"MvA technische vragen CDA C1","dc_type":"bijlage","foi_fairiscoreVersions":{"v1":1,"v2":1},"foi_fileName":"MvA%20technische%20vragen%20CDA%20C1.pdf","foi_nrPages":1},{"dc_format":"application/pdf","dc_identifier":"nl.gm1954.2c.2025.7313073-7.doc.7","dc_source":"https://api1.ibabs.eu/publicdownload.aspx?site=Beekdaelen&id=940bdd5b-42a7-48d1-aaf7-cab2dc0adfe3","dc_title":"MvA technische vragen RijkxKoll\u00e9e C1","dc_type":"bijlage","foi_fairiscoreVersions":{"v1":1,"v2":1},"foi_fileName":"MvA%20technische%20vragen%20RijkxKoll%C3%A9e%20C1.pdf","foi_nrPages":2},{"dc_format":"application/pdf","dc_identifier":"nl.gm1954.2c.2025.7313073-7.doc.6","dc_source":"https://api1.ibabs.eu/publicdownload.aspx?site=Beekdaelen&id=58fa0eeb-4ae9-48e6-a144-ec8a6424cdd6","dc_title":"MvA technische vragen VG C1","dc_type":"bijlage","foi_fairiscoreVersions":{"v1":1,"v2":1},"foi_fileName":"MvA%20technische%20vragen%20VG%20C1.pdf","foi_nrPages":3},{"dc_format":"application/pdf","dc_identifier":"nl.gm1954.2c.2025.7313073-7.doc.5","dc_source":"https://api1.ibabs.eu/publicdownload.aspx?site=Beekdaelen&id=89665638-7fb3-4125-a5a7-2a80219179c9","dc_title":"MvA technische vragen VVD C1","dc_type":"bijlage","foi_fairiscoreVersions":{"v1":1,"v2":1},"foi_fileName":"MvA%20technische%20vragen%20VVD%20C1.pdf","foi_nrPages":2},{"dc_format":"application/pdf","dc_identifier":"nl.gm1954.2c.2025.7313073-7.doc.1","dc_source":"https://api1.ibabs.eu/publicdownload.aspx?site=Beekdaelen&id=e21733b8-5fa7-43db-85db-7bd8b321316e","dc_title":"Raadsvoorstel inzake aanleg parkeerplaats Quabeeksweg 1 te Bingelrade","dc_type":"bijlage","foi_fairiscoreVersions":{"v1":1,"v2":1},"foi_fileName":"Raadsvoorstel%20Aanleg%20parkeerplaats%20Quabeeksweg%201%20te%20Bingelrade.pdf","foi_nrPages":4},{"dc_format":"application/pdf","dc_identifier":"nl.gm1954.2c.2025.7313073-7.doc.2","dc_source":"https://api1.ibabs.eu/publicdownload.aspx?site=Beekdaelen&id=1041a49d-9f2b-4257-b996-49f9fd027865","dc_title":"Bijlage: Inrichtingstekening Aanleg parkeerplaats Quabeeksweg 1 te Bingelrade","dc_type":"bijlage","foi_fairiscoreVersions":{"v1":2,"v2":2},"foi_fileName":"Z%2F25%2F214790%20-%20393824.pdf","foi_nrPages":1},{"dc_format":"application/pdf","dc_identifier":"nl.gm1954.2c.2025.7313073-7.doc.3","dc_source":"https://api1.ibabs.eu/publicdownload.aspx?site=Beekdaelen&id=1c247c02-4e9f-4fbe-b6de-0c0708aff596","dc_title":"Raadsbesluit inzake aanleg parkeerplaats Quabeeksweg 1 te Bingelrade - vastgesteld 21-10-2025","dc_type":"bijlage","foi_fairiscoreVersions":{"v1":1,"v2":1},"foi_fileName":"Z%2F25%2F214790%20-%20393824.pdf","foi_nrPages":1},{"dc_format":"application/pdf","dc_identifier":"nl.gm1954.2c.2025.7313073-7.doc.4","dc_source":"https://api1.ibabs.eu/publicdownload.aspx?site=Beekdaelen&id=b76c986b-95b2-42de-9b99-a607041cebd6","dc_title":"Bijlage: Begrotingswijziging 9.1 Aanleg parkeerplaats Quabeeksweg 1 te Bingelrade","dc_type":"bijlage","foi_fairiscoreVersions":{"v1":1,"v2":1},"foi_fileName":"Z%2F25%2F214790%20-%20393824.pdf","foi_nrPages":1}],"foi_nrDocuments":14,"foi_nrPagesInDossier":17,"foi_publishedDate":"2025-10-09","foi_retrievedDate":"2026-03-02"},{"dc_creator":"HandelingScraper_v1","dc_date_year":2025,"dc_description":"Vergadering van de Gemeente Beekdaelen op 2025-10-09. Onderdeel: Voorstel inzake: \"Uitvoeringsprogramma verkeersveiligheid 2026-2030\".","dc_identifier":"nl.gm1954.2c.2025.7313073-8","dc_publisher":"gm1954","dc_source":"https://beekdaelen.bestuurlijkeinformatie.nl/Agenda/Index/51625f06-147b-4277-8129-a056b89e2ec1","dc_title":"Raadscommissie Fysieke Leefomgeving 2025-10-09 - Voorstel inzake: \"Uitvoeringsprogramma verkeersveiligheid 2026-2030\"","dc_type":"2c","dc_type_description":"Vergaderstuk decentrale overheid","foi_fairiscoreVersions":{"v1":2,"v2":2},"foi_files":[{"dc_format":"application/octet-stream","dc_identifier":"nl.gm1954.2c.2025.7313073-8.doc.10","dc_source":"https://api1.ibabs.eu/publicdownload.aspx?site=Beekdaelen&id=c1db098b-aad1-49c6-886c-4bc89f626c33","dc_title":"A2 dhr. Smeets + A4 + C2 1e termijn","dc_type":"bijlage","foi_fileName":"A2%20dhr.mp3"},{"dc_format":"application/octet-stream","dc_identifier":"nl.gm1954.2c.2025.7313073-8.doc.12","dc_source":"https://api1.ibabs.eu/publicdownload.aspx?site=Beekdaelen&id=6c048dbc-9d6e-4ae0-b3ce-019ecf794176","dc_title":"C2 2e termijn I","dc_type":"bijlage","foi_fileName":"C2%202e%20termijn%20I.mp3"},{"dc_format":"application/octet-stream","dc_identifier":"nl.gm1954.2c.2025.7313073-8.doc.13","dc_source":"https://api1.ibabs.eu/publicdownload.aspx?site=Beekdaelen&id=503691dd-6816-40ed-a20b-2a4cfc109e34","dc_title":"C2 2e termijn II","dc_type":"bijlage","foi_fileName":"C2%202e%20termijn%20II.mp3"},{"dc_format":"application/octet-stream","dc_identifier":"nl.gm1954.2c.2025.7313073-8.doc.15","dc_source":"https://api1.ibabs.eu/publicdownload.aspx?site=Beekdaelen&id=2fb88b69-3cd9-4aa4-b604-52b8975397a7","dc_title":"C2 advies commissie I","dc_type":"bijlage","foi_fileName":"C2%20advies%20commissie%20I.mp3"},{"dc_format":"application/octet-stream","dc_identifier":"nl.gm1954.2c.2025.7313073-8.doc.16","dc_source":"https://api1.ibabs.eu/publicdownload.aspx?site=Beekdaelen&id=b20bc3e4-53ae-4702-a3e6-2bd18ef6e728","dc_title":"C2 advies commissie II","dc_type":"bijlage","foi_fileName":"C2%20advies%20commissie%20II.mp3"},{"dc_format":"application/octet-stream","dc_identifier":"nl.gm1954.2c.2025.7313073-8.doc.11","dc_source":"https://api1.ibabs.eu/publicdownload.aspx?site=Beekdaelen&id=75bac21e-9bd0-452a-97dd-15e480c93b8e","dc_title":"C2 antwoord 1e termijn","dc_type":"bijlage","foi_fileName":"C2%20antwoord%201e%20termijn.mp3"},{"dc_format":"application/octet-stream","dc_identifier":"nl.gm1954.2c.2025.7313073-8.doc.14","dc_source":"https://api1.ibabs.eu/publicdownload.aspx?site=Beekdaelen&id=98207653-e709-464f-989f-cd5a2ba94e73","dc_title":"C2 antwoord 2e termijn","dc_type":"bijlage","foi_fileName":"C2%20antwoord%202e%20termijn.mp3"},{"dc_format":"application/pdf","dc_identifier":"nl.gm1954.2c.2025.7313073-8.doc.5","dc_source":"https://api1.ibabs.eu/publicdownload.aspx?site=Beekdaelen&id=1fbe4f0b-38f1-4a5f-99a6-f50949ac52ea","dc_title":"MvA technische vragen BL C2","dc_type":"bijlage","foi_fairiscoreVersions":{"v1":1,"v2":1},"foi_fileName":"MvA%20technische%20vragen%20BL%20C2.pdf","foi_nrPages":2},{"dc_format":"application/pdf","dc_identifier":"nl.gm1954.2c.2025.7313073-8.doc.8","dc_source":"https://api1.ibabs.eu/publicdownload.aspx?site=Beekdaelen&id=890c9d3a-d184-4ebb-9a4b-fd57602b788c","dc_title":"MvA technische vragen CDA C2","dc_type":"bijlage","foi_fairiscoreVersions":{"v1":1,"v2":1},"foi_fileName":"MvA%20technische%20vragen%20CDA%20C2.pdf","foi_nrPages":2},{"dc_format":"application/pdf","dc_identifier":"nl.gm1954.2c.2025.7313073-8.doc.9","dc_source":"https://api1.ibabs.eu/publicdownload.aspx?site=Beekdaelen&id=4b4e25f7-3656-492c-8af3-85fbdac14fd8","dc_title":"MvA technische vragen GL PvdA C2","dc_type":"bijlage","foi_fairiscoreVersions":{"v1":1,"v2":1},"foi_fileName":"MvA%20technische%20vragen%20GL%20PvdA%20C2.pdf","foi_nrPages":1},{"dc_format":"application/pdf","dc_identifier":"nl.gm1954.2c.2025.7313073-8.doc.7","dc_source":"https://api1.ibabs.eu/publicdownload.aspx?site=Beekdaelen&id=da6e9b21-2c60-44e8-a9cf-f9df41ed2944","dc_title":"MvA technische vragen RijkxKoll\u00e9e C2","dc_type":"bijlage","foi_fairiscoreVersions":{"v1":1,"v2":1},"foi_fileName":"MvA%20technische%20vragen%20RijkxKoll%C3%A9e%20C2.pdf","foi_nrPages":2},{"dc_format":"application/pdf","dc_identifier":"nl.gm1954.2c.2025.7313073-8.doc.6","dc_source":"https://api1.ibabs.eu/publicdownload.aspx?site=Beekdaelen&id=36615029-eb50-41f2-9871-bca6f6745fe1","dc_title":"MvA technische vragen VG C2","dc_type":"bijlage","foi_fairiscoreVersions":{"v1":1,"v2":1},"foi_fileName":"MvA%20technische%20vragen%20VG%20C2.pdf","foi_nrPages":4},{"dc_format":"application/pdf","dc_identifier":"nl.gm1954.2c.2025.7313073-8.doc.1","dc_source":"https://api1.ibabs.eu/publicdownload.aspx?site=Beekdaelen&id=ce9a356f-8dc1-4206-8e51-a55c7bfc8625","dc_title":"Raadsvoorstel inzake uitvoeringsprogramma verkeersveiligheid 2026-2030","dc_type":"bijlage","foi_fairiscoreVersions":{"v1":1,"v2":1},"foi_fileName":"Z%2F25%2F213345%20-%20390399%20-%20Raadsvoorstel%20uitvoeringsprogramma%20verkeersveiligheid%202026-2030.pdf","foi_nrPages":4},{"dc_format":"application/pdf","dc_identifier":"nl.gm1954.2c.2025.7313073-8.doc.2","dc_source":"https://api1.ibabs.eu/publicdownload.aspx?site=Beekdaelen&id=52ae6b5e-736c-4cd7-9d7f-824d21fb4cb8","dc_title":"Raadsbesluit inzake uitvoeringsprogramma verkeersveiligheid 2026-2030 - vastgesteld 21-10-2025","dc_type":"bijlage","foi_fairiscoreVersions":{"v1":1,"v2":1},"foi_fileName":"Z%2F25%2F213345%20-%20390426%20-%20Raadsbesluit%20uitvoeringsprogramma%20verkeersveiligheid%202026-2030.pdf","foi_nrPages":1},{"dc_format":"application/pdf","dc_identifier":"nl.gm1954.2c.2025.7313073-8.doc.3","dc_source":"https://api1.ibabs.eu/publicdownload.aspx?site=Beekdaelen&id=ca921381-ec3d-44b4-b523-c1cc88549912","dc_title":"Bijlage: Uitvoeringsprogramma verkeersveiligheid 2026-2030","dc_type":"bijlage","foi_fairiscoreVersions":{"v1":2,"v2":2},"foi_fileName":"Z%2F25%2F213345%20-%20390601%20-%20Uitvoeringsprogramma%20verkeersveiligheid%202026-2030.pdf","foi_nrPages":17},{"dc_format":"application/pdf","dc_identifier":"nl.gm1954.2c.2025.7313073-8.doc.4","dc_source":"https://api1.ibabs.eu/publicdownload.aspx?site=Beekdaelen&id=a00a9986-f8cb-477c-8998-c09beea26661","dc_title":"Bijlage: Begrotingswijziging 9.2 uitvoeringsprogramma verkeersveiligheid 2026-2030","dc_type":"bijlage","foi_fairiscoreVersions":{"v1":1,"v2":1},"foi_fileName":"Z%2F25%2F213345%20-%20394125%20-%20Begrotingswijziging%209.pdf","foi_nrPages":1}],"foi_nrDocuments":16,"foi_nrPagesInDossier":34,"foi_publishedDate":"2025-10-09","foi_retrievedDate":"2026-01-22"},{"dc_creator":"HandelingScraper_v1","dc_date_year":2025,"dc_description":"Vergadering van de Gemeente Beekdaelen op 2025-10-09. Onderdeel: Voorstel inzake: \"Het toevoegen van een woning Wolfhagen tussen 23 en 31 te Schinnen\".","dc_identifier":"nl.gm1954.2c.2025.7313073-9","dc_publisher":"gm1954","dc_source":"https://beekdaelen.bestuurlijkeinformatie.nl/Agenda/Index/51625f06-147b-4277-8129-a056b89e2ec1","dc_title":"Raadscommissie Fysieke Leefomgeving 2025-10-09 - Voorstel inzake: \"Het toevoegen van een woning Wolfhagen tussen 23 en 31 te Schinnen\"","dc_type":"2c","dc_type_description":"Vergaderstuk decentrale overheid","foi_fairiscoreVersions":{"v1":2,"v2":2},"foi_files":[{"dc_format":"application/pdf","dc_identifier":"nl.gm1954.2c.2025.7313073-9.doc.5","dc_source":"https://api1.ibabs.eu/publicdownload.aspx?site=Beekdaelen&id=f40d0a86-e1e9-4e16-9058-be7de9a1f85e","dc_title":"Bijlage 3 - Ontwerpbesluit op aanvraag d.d. 09-09-2025","dc_type":"bijlage","foi_fairiscoreVersions":{"v1":2,"v2":2},"foi_fileName":"3.%20Ontwerpbesluit%20op%20aanvraag%20d.d.pdf","foi_nrPages":9},{"dc_format":"application/pdf","dc_identifier":"nl.gm1954.2c.2025.7313073-9.doc.3","dc_source":"https://api1.ibabs.eu/publicdownload.aspx?site=Beekdaelen&id=10ef2bd3-d1e5-459d-b7fc-99618498f3cb","dc_title":"Bijlage 1 - Ruimtelijke onderbouwing","dc_type":"bijlage","foi_fairiscoreVersions":{"v1":3,"v2":3},"foi_fileName":"Bijlage%201%20-%20Ruimtelijke%20onderbouwing.pdf","foi_nrPages":231},{"dc_format":"application/pdf","dc_identifier":"nl.gm1954.2c.2025.7313073-9.doc.4","dc_source":"https://api1.ibabs.eu/publicdownload.aspx?site=Beekdaelen&id=ecf13433-3820-456b-ba32-50adad0bb2b7","dc_title":"Bijlage 2 - Tekeningen","dc_type":"bijlage","foi_fairiscoreVersions":{"v1":2,"v2":2},"foi_fileName":"Bijlage%202%20-%20Tekeningen.pdf","foi_nrPages":23},{"dc_format":"application/pdf","dc_identifier":"nl.gm1954.2c.2025.7313073-9.doc.2","dc_source":"https://api1.ibabs.eu/publicdownload.aspx?site=Beekdaelen&id=c610e324-3a9d-43ab-a973-904842a43c95","dc_title":"Raadsbesluit inzake het toevoegen van een woning Wolfhagen tussen 23 en 31 te Schinnen - vastgesteld 21-10-2025","dc_type":"bijlage","foi_fairiscoreVersions":{"v1":1,"v2":1},"foi_fileName":"Bijlage%205%20-%20Raadsbesluit.pdf","foi_nrPages":1},{"dc_format":"application/octet-stream","dc_identifier":"nl.gm1954.2c.2025.7313073-9.doc.7","dc_source":"https://api1.ibabs.eu/publicdownload.aspx?site=Beekdaelen&id=c5c2f6dc-e14c-46c4-b321-5d96a9e39c33","dc_title":"C3 1e termijn","dc_type":"bijlage","foi_fileName":"C3%201e%20termijn.mp3"},{"dc_format":"application/octet-stream","dc_identifier":"nl.gm1954.2c.2025.7313073-9.doc.8","dc_source":"https://api1.ibabs.eu/publicdownload.aspx?site=Beekdaelen&id=7d059f1b-96a9-46a8-b9fb-941ee0ff1547","dc_title":"C3 advies commissie + C4 1e termijn","dc_type":"bijlage","foi_fileName":"C3%20advies%20commissie%20%2B%20C4%201e%20termijn.mp3"},{"dc_format":"application/pdf","dc_identifier":"nl.gm1954.2c.2025.7313073-9.doc.6","dc_source":"https://api1.ibabs.eu/publicdownload.aspx?site=Beekdaelen&id=900bd439-10c9-4a5b-a41a-7db13587aa6b","dc_title":"MvA technische vragen VG C3","dc_type":"bijlage","foi_fairiscoreVersions":{"v1":1,"v2":1},"foi_fileName":"MvA%20technische%20vragen%20VG%20C3.pdf","foi_nrPages":4},{"dc_format":"application/pdf","dc_identifier":"nl.gm1954.2c.2025.7313073-9.doc.1","dc_source":"https://api1.ibabs.eu/publicdownload.aspx?site=Beekdaelen&id=e5d048a2-5c09-436d-93bc-ebfbe671efcc","dc_title":"Raadsvoorstel inzake het toevoegen van een woning Wolfhagen tussen 23 en 31 te Schinnen","dc_type":"bijlage","foi_fairiscoreVersions":{"v1":1,"v2":1},"foi_fileName":"Raadsvoorstel%20Wolfhagen%20tussen%2023%20en%2031%20te%20Schinnen.pdf","foi_nrPages":3}],"foi_nrDocuments":8,"foi_nrPagesInDossier":271,"foi_publishedDate":"2025-10-09","foi_retrievedDate":"2026-01-23"},{"dc_creator":"HandelingScraper_v1","dc_date_year":2025,"dc_description":"Vergadering van de Gemeente Beekdaelen op 2025-10-21. Onderdeel: Opening.","dc_identifier":"nl.gm1954.2c.2025.7333200-1","dc_publisher":"gm1954","dc_source":"https://beekdaelen.bestuurlijkeinformatie.nl/Agenda/Index/78286952-9505-49fc-868f-5a7147ffdcd1","dc_title":"Raadsvergadering 2025-10-21 - Opening","dc_type":"2c","dc_type_description":"Vergaderstuk decentrale overheid","foi_fairiscoreVersions":{"v1":null,"v2":null},"foi_files":[{"dc_format":"application/pdf","dc_identifier":"nl.gm1954.2c.2025.7333200-1.doc.1","dc_source":"https://api1.ibabs.eu/publicdownload.aspx?site=Beekdaelen&id=1f0ac9e0-e06e-432d-ac33-5c395b14f68c","dc_title":"Uitnodiging en voorlopige agenda raadsvergadering 21 oktober 2025","dc_type":"bijlage","foi_fileName":"Uitnodiging%20en%20voorlopige%20agenda%20raadsvergadering%2021%20oktober%202025.pdf"}],"foi_nrDocuments":1,"foi_nrPagesInDossier":0,"foi_publishedDate":"2025-10-21","foi_retrievedDate":"2025-11-30"},{"dc_creator":"HandelingScraper_v1","dc_date_year":2025,"dc_description":"Vergadering van de Gemeente Beekdaelen op 2025-10-21. Onderdeel: Voorstel inzake uitvoeringsprogramma verkeersveiligheid 2026-2030.","dc_identifier":"nl.gm1954.2c.2025.7333200-10","dc_publisher":"gm1954","dc_source":"https://beekdaelen.bestuurlijkeinformatie.nl/Agenda/Index/78286952-9505-49fc-868f-5a7147ffdcd1","dc_title":"Raadsvergadering 2025-10-21 - Voorstel inzake uitvoeringsprogramma verkeersveiligheid 2026-2030","dc_type":"2c","dc_type_description":"Vergaderstuk decentrale overheid","foi_fairiscoreVersions":{"v1":2,"v2":2},"foi_files":[{"dc_format":"application/pdf","dc_identifier":"nl.gm1954.2c.2025.7333200-10.doc.5","dc_source":"https://api1.ibabs.eu/publicdownload.aspx?site=Beekdaelen&id=b5dc05e3-b77a-4816-857e-eb94922fa360","dc_title":"Bijlage: uitsplitsing investeringen verkeersprojecten 2026","dc_type":"bijlage","foi_fairiscoreVersions":{"v1":1,"v2":1},"foi_fileName":"Bijlage%20uitsplitsing%20investeringen%20verkeersprojecten%202026.pdf","foi_nrPages":1},{"dc_format":"application/pdf","dc_identifier":"nl.gm1954.2c.2025.7333200-10.doc.1","dc_source":"https://api1.ibabs.eu/publicdownload.aspx?site=Beekdaelen&id=ce9a356f-8dc1-4206-8e51-a55c7bfc8625","dc_title":"Raadsvoorstel inzake uitvoeringsprogramma verkeersveiligheid 2026-2030","dc_type":"bijlage","foi_fairiscoreVersions":{"v1":1,"v2":1},"foi_fileName":"Z%2F25%2F213345%20-%20390399%20-%20Raadsvoorstel%20uitvoeringsprogramma%20verkeersveiligheid%202026-2030.pdf","foi_nrPages":4},{"dc_format":"application/pdf","dc_identifier":"nl.gm1954.2c.2025.7333200-10.doc.2","dc_source":"https://api1.ibabs.eu/publicdownload.aspx?site=Beekdaelen&id=52ae6b5e-736c-4cd7-9d7f-824d21fb4cb8","dc_title":"Raadsbesluit inzake uitvoeringsprogramma verkeersveiligheid 2026-2030 - vastgesteld 21-10-2025","dc_type":"bijlage","foi_fairiscoreVersions":{"v1":1,"v2":1},"foi_fileName":"Z%2F25%2F213345%20-%20390426%20-%20Raadsbesluit%20uitvoeringsprogramma%20verkeersveiligheid%202026-2030.pdf","foi_nrPages":1},{"dc_format":"application/pdf","dc_identifier":"nl.gm1954.2c.2025.7333200-10.doc.3","dc_source":"https://api1.ibabs.eu/publicdownload.aspx?site=Beekdaelen&id=ca921381-ec3d-44b4-b523-c1cc88549912","dc_title":"Bijlage: Uitvoeringsprogramma verkeersveiligheid 2026-2030","dc_type":"bijlage","foi_fairiscoreVersions":{"v1":2,"v2":2},"foi_fileName":"Z%2F25%2F213345%20-%20390601%20-%20Uitvoeringsprogramma%20verkeersveiligheid%202026-2030.pdf","foi_nrPages":17},{"dc_format":"application/pdf","dc_identifier":"nl.gm1954.2c.2025.7333200-10.doc.4","dc_source":"https://api1.ibabs.eu/publicdownload.aspx?site=Beekdaelen&id=a00a9986-f8cb-477c-8998-c09beea26661","dc_title":"Bijlage: Begrotingswijziging 9.2 uitvoeringsprogramma verkeersveiligheid 2026-2030","dc_type":"bijlage","foi_fairiscoreVersions":{"v1":1,"v2":1},"foi_fileName":"Z%2F25%2F213345%20-%20394125%20-%20Begrotingswijziging%209.pdf","foi_nrPages":1}],"foi_nrDocuments":5,"foi_nrPagesInDossier":24,"foi_publishedDate":"2025-10-21","foi_retrievedDate":"2025-12-02"},{"dc_creator":"HandelingScraper_v1","dc_date_year":2025,"dc_description":"Vergadering van de Gemeente Beekdaelen op 2025-10-21. Onderdeel: Vaststelling lijst ingekomen stukken.","dc_identifier":"nl.gm1954.2c.2025.7333200-12","dc_publisher":"gm1954","dc_source":"https://beekdaelen.bestuurlijkeinformatie.nl/Agenda/Index/78286952-9505-49fc-868f-5a7147ffdcd1","dc_title":"Raadsvergadering 2025-10-21 - Vaststelling lijst ingekomen stukken","dc_type":"2c","dc_type_description":"Vergaderstuk decentrale overheid","foi_fairiscoreVersions":{"v1":1,"v2":1},"foi_files":[{"dc_format":"application/pdf","dc_identifier":"nl.gm1954.2c.2025.7333200-12.doc.1","dc_source":"https://api1.ibabs.eu/publicdownload.aspx?site=Beekdaelen&id=3e23b9a9-5935-4751-9819-1d0e3dba04ab","dc_title":"Lijst ingekomen stukken raad - vastgesteld 21-10-2025","dc_type":"bijlage","foi_fairiscoreVersions":{"v1":1,"v2":1},"foi_fileName":"Lijst%20ingekomen%20stukken%20raad.pdf","foi_nrPages":6}],"foi_nrDocuments":1,"foi_nrPagesInDossier":6,"foi_publishedDate":"2025-10-21","foi_retrievedDate":"2025-11-30"},{"dc_creator":"HandelingScraper_v1","dc_date_year":2025,"dc_description":"Vergadering van de Gemeente Beekdaelen op 2025-10-21. Onderdeel: Vaststellen besluitenlijst openbare raadsvergadering d.d. 16 september 2025.","dc_identifier":"nl.gm1954.2c.2025.7333200-3","dc_publisher":"gm1954","dc_source":"https://beekdaelen.bestuurlijkeinformatie.nl/Agenda/Index/78286952-9505-49fc-868f-5a7147ffdcd1","dc_title":"Raadsvergadering 2025-10-21 - Vaststellen besluitenlijst openbare raadsvergadering d.d. 16 september 2025","dc_type":"2c","dc_type_description":"Vergaderstuk decentrale overheid","foi_fairiscoreVersions":{"v1":1,"v2":1},"foi_files":[{"dc_format":"application/pdf","dc_identifier":"nl.gm1954.2c.2025.7333200-3.doc.1","dc_source":"https://api1.ibabs.eu/publicdownload.aspx?site=Beekdaelen&id=57ec31e1-fafa-43f2-a3f1-c15f3bee8152","dc_title":"Besluitenlijst raadsvergadering 16092025 - vastgesteld 21-10-2025","dc_type":"bijlage","foi_fairiscoreVersions":{"v1":1,"v2":1},"foi_fileName":"Besluitenlijst%20raadsvergadering%2016092025.pdf","foi_nrPages":10}],"foi_nrDocuments":1,"foi_nrPagesInDossier":10,"foi_publishedDate":"2025-10-21","foi_retrievedDate":"2025-12-04"},{"dc_creator":"HandelingScraper_v1","dc_date_year":2025,"dc_description":"Vergadering van de Gemeente Beekdaelen op 2025-10-21. Onderdeel: Voorstel inzake benoeming en be\u00ebdiging burgercommissielid.","dc_identifier":"nl.gm1954.2c.2025.7333200-4","dc_publisher":"gm1954","dc_source":"https://beekdaelen.bestuurlijkeinformatie.nl/Agenda/Index/78286952-9505-49fc-868f-5a7147ffdcd1","dc_title":"Raadsvergadering 2025-10-21 - Voorstel inzake benoeming en be\u00ebdiging burgercommissielid","dc_type":"2c","dc_type_description":"Vergaderstuk decentrale overheid","foi_fairiscoreVersions":{"v1":1,"v2":1},"foi_files":[{"dc_format":"application/pdf","dc_identifier":"nl.gm1954.2c.2025.7333200-4.doc.2","dc_source":"https://api1.ibabs.eu/publicdownload.aspx?site=Beekdaelen&id=92bb89aa-eebe-4d96-8b26-793fba41c124","dc_title":"Raadsbesluit inzake benoeming burgercommissielid - vastgesteld 21-10-2025","dc_type":"bijlage","foi_fairiscoreVersions":{"v1":1,"v2":1},"foi_fileName":"Raadsbesluit%20inzake%20benoeming%20burgercommissielid.pdf","foi_nrPages":1},{"dc_format":"application/pdf","dc_identifier":"nl.gm1954.2c.2025.7333200-4.doc.1","dc_source":"https://api1.ibabs.eu/publicdownload.aspx?site=Beekdaelen&id=10819f33-8a00-41f4-8ffe-18dba85d50b6","dc_title":"Raadsvoorstel inzake benoeming burgercommissielid","dc_type":"bijlage","foi_fairiscoreVersions":{"v1":1,"v2":1},"foi_fileName":"Raadsvoorstel%20inzake%20benoeming%20burgercommissielid.pdf","foi_nrPages":1}],"foi_nrDocuments":2,"foi_nrPagesInDossier":2,"foi_publishedDate":"2025-10-21","foi_retrievedDate":"2025-12-01"},{"dc_creator":"HandelingScraper_v1","dc_date_year":2025,"dc_description":"Vergadering van de Gemeente Beekdaelen op 2025-10-21. Onderdeel: Voorstel inzake het toevoegen van een woning Wolfhagen tussen 23 en 31 te Schinnen.","dc_identifier":"nl.gm1954.2c.2025.7333200-5","dc_publisher":"gm1954","dc_source":"https://beekdaelen.bestuurlijkeinformatie.nl/Agenda/Index/78286952-9505-49fc-868f-5a7147ffdcd1","dc_title":"Raadsvergadering 2025-10-21 - Voorstel inzake het toevoegen van een woning Wolfhagen tussen 23 en 31 te Schinnen","dc_type":"2c","dc_type_description":"Vergaderstuk decentrale overheid","foi_fairiscoreVersions":{"v1":2,"v2":2},"foi_files":[{"dc_format":"application/pdf","dc_identifier":"nl.gm1954.2c.2025.7333200-5.doc.5","dc_source":"https://api1.ibabs.eu/publicdownload.aspx?site=Beekdaelen&id=f40d0a86-e1e9-4e16-9058-be7de9a1f85e","dc_title":"Bijlage 3 - Ontwerpbesluit op aanvraag d.d. 09-09-2025","dc_type":"bijlage","foi_fairiscoreVersions":{"v1":2,"v2":2},"foi_fileName":"3.%20Ontwerpbesluit%20op%20aanvraag%20d.d.pdf","foi_nrPages":9},{"dc_format":"application/pdf","dc_identifier":"nl.gm1954.2c.2025.7333200-5.doc.3","dc_source":"https://api1.ibabs.eu/publicdownload.aspx?site=Beekdaelen&id=10ef2bd3-d1e5-459d-b7fc-99618498f3cb","dc_title":"Bijlage 1 - Ruimtelijke onderbouwing","dc_type":"bijlage","foi_fairiscoreVersions":{"v1":3,"v2":3},"foi_fileName":"Bijlage%201%20-%20Ruimtelijke%20onderbouwing.pdf","foi_nrPages":231},{"dc_format":"application/pdf","dc_identifier":"nl.gm1954.2c.2025.7333200-5.doc.4","dc_source":"https://api1.ibabs.eu/publicdownload.aspx?site=Beekdaelen&id=ecf13433-3820-456b-ba32-50adad0bb2b7","dc_title":"Bijlage 2 - Tekeningen","dc_type":"bijlage","foi_fairiscoreVersions":{"v1":2,"v2":2},"foi_fileName":"Bijlage%202%20-%20Tekeningen.pdf","foi_nrPages":23},{"dc_format":"application/pdf","dc_identifier":"nl.gm1954.2c.2025.7333200-5.doc.2","dc_source":"https://api1.ibabs.eu/publicdownload.aspx?site=Beekdaelen&id=c610e324-3a9d-43ab-a973-904842a43c95","dc_title":"Raadsbesluit inzake het toevoegen van een woning Wolfhagen tussen 23 en 31 te Schinnen - vastgesteld 21-10-2025","dc_type":"bijlage","foi_fairiscoreVersions":{"v1":1,"v2":1},"foi_fileName":"Bijlage%205%20-%20Raadsbesluit.pdf","foi_nrPages":1},{"dc_format":"application/pdf","dc_identifier":"nl.gm1954.2c.2025.7333200-5.doc.1","dc_source":"https://api1.ibabs.eu/publicdownload.aspx?site=Beekdaelen&id=e5d048a2-5c09-436d-93bc-ebfbe671efcc","dc_title":"Raadsvoorstel inzake het toevoegen van een woning Wolfhagen tussen 23 en 31 te Schinnen","dc_type":"bijlage","foi_fairiscoreVersions":{"v1":1,"v2":1},"foi_fileName":"Raadsvoorstel%20Wolfhagen%20tussen%2023%20en%2031%20te%20Schinnen.pdf","foi_nrPages":3}],"foi_nrDocuments":5,"foi_nrPagesInDossier":267,"foi_publishedDate":"2025-10-21","foi_retrievedDate":"2025-11-30"},{"dc_creator":"HandelingScraper_v1","dc_date_year":2025,"dc_description":"Vergadering van de Gemeente Beekdaelen op 2025-10-21. Onderdeel: Voorstel inzake omgevingsvisie  \u2018Leven en werken in het landschap\u2019 gemeente Beekdaelen.","dc_identifier":"nl.gm1954.2c.2025.7333200-6","dc_publisher":"gm1954","dc_source":"https://beekdaelen.bestuurlijkeinformatie.nl/Agenda/Index/78286952-9505-49fc-868f-5a7147ffdcd1","dc_title":"Raadsvergadering 2025-10-21 - Voorstel inzake omgevingsvisie  \u2018Leven en werken in het landschap\u2019 gemeente Beekdaelen","dc_type":"2c","dc_type_description":"Vergaderstuk decentrale overheid","foi_fairiscoreVersions":{"v1":2,"v2":2},"foi_files":[{"dc_format":"application/pdf","dc_identifier":"nl.gm1954.2c.2025.7333200-6.doc.1","dc_source":"https://api1.ibabs.eu/publicdownload.aspx?site=Beekdaelen&id=7661980e-91a2-4742-aeb1-934e68695ab5","dc_title":"Raadsvoorstel inzake omgevingsvisie \u2018Leven en werken in het landschap\u2019 gemeente Beekdaelen","dc_type":"bijlage","foi_fairiscoreVersions":{"v1":1,"v2":1},"foi_fileName":"392735_1.pdf","foi_nrPages":4},{"dc_format":"application/pdf","dc_identifier":"nl.gm1954.2c.2025.7333200-6.doc.2","dc_source":"https://api1.ibabs.eu/publicdownload.aspx?site=Beekdaelen&id=ed12b98a-393e-46ab-a8c7-31e15d48ed09","dc_title":"Raadsbesluit inzake omgevingsvisie \u2018Leven en werken in het landschap\u2019 gemeente Beekdaelen - vastgesteld 21-10-2025","dc_type":"bijlage","foi_fairiscoreVersions":{"v1":1,"v2":1},"foi_fileName":"392737_1.pdf","foi_nrPages":1},{"dc_format":"application/pdf","dc_identifier":"nl.gm1954.2c.2025.7333200-6.doc.3","dc_source":"https://api1.ibabs.eu/publicdownload.aspx?site=Beekdaelen&id=b0fa2d25-6617-4827-a5c1-e8789a0643be","dc_title":"Bijlage 1: Omgevingsvisie \u2018Leven en werken in het landschap\u2019 gemeente Beekdaelen (publieksversie)","dc_type":"bijlage","foi_fairiscoreVersions":{"v1":2,"v2":3},"foi_fileName":"Omgevingsvisie%20Beekdaelen%20september%202025.pdf","foi_nrPages":89},{"dc_format":"application/pdf","dc_identifier":"nl.gm1954.2c.2025.7333200-6.doc.5","dc_source":"https://api1.ibabs.eu/publicdownload.aspx?site=Beekdaelen&id=5a760490-8eec-4b23-9f10-77855f87d9f0","dc_title":"Bijlage 3: Reacties op de Concept Ontwerp Omgevingsvisie inclusief terugkoppeling","dc_type":"bijlage","foi_fairiscoreVersions":{"v1":1,"v2":1},"foi_fileName":"Reacties%20op%20Concept%20Ontwerp%20Omgevingsvisie.pdf","foi_nrPages":45},{"dc_format":"application/pdf","dc_identifier":"nl.gm1954.2c.2025.7333200-6.doc.6","dc_source":"https://api1.ibabs.eu/publicdownload.aspx?site=Beekdaelen&id=8332552d-e31e-4fea-bb3c-341e9fdd8b7c","dc_title":"Bijlage 4: Nota van zienswijzen behorende bij Omgevingsvisie Beekdaelen","dc_type":"bijlage","foi_fairiscoreVersions":{"v1":2,"v2":1},"foi_fileName":"Z%2F25%2F215776%20-%20392739%20-%20Nota%20van%20zienswijzen%20-%20Omgevingsvisie.pdf","foi_nrPages":6},{"dc_format":"application/pdf","dc_identifier":"nl.gm1954.2c.2025.7333200-6.doc.4","dc_source":"https://api1.ibabs.eu/publicdownload.aspx?site=Beekdaelen&id=df37895c-6850-4ef9-b149-adefb86b3c3c","dc_title":"Bijlage 2: Participatieverslag totstandkoming Omgevingsvisie gemeente Beekdaelen","dc_type":"bijlage","foi_fairiscoreVersions":{"v1":2,"v2":2},"foi_fileName":"Z%2F25%2F215776%20-%20393572%20-%20Bijlage%3A%20Participatieverslag.pdf","foi_nrPages":42}],"foi_nrDocuments":6,"foi_nrPagesInDossier":187,"foi_publishedDate":"2025-10-21","foi_retrievedDate":"2025-12-02"},{"dc_creator":"HandelingScraper_v1","dc_date_year":2025,"dc_description":"Vergadering van de Gemeente Beekdaelen op 2025-10-21. Onderdeel: Voorstel inzake gebiedsontwikkeling Doenrade-Zuid.","dc_identifier":"nl.gm1954.2c.2025.7333200-7","dc_publisher":"gm1954","dc_source":"https://beekdaelen.bestuurlijkeinformatie.nl/Agenda/Index/78286952-9505-49fc-868f-5a7147ffdcd1","dc_title":"Raadsvergadering 2025-10-21 - Voorstel inzake gebiedsontwikkeling Doenrade-Zuid","dc_type":"2c","dc_type_description":"Vergaderstuk decentrale overheid","foi_fairiscoreVersions":{"v1":2,"v2":2},"foi_files":[{"dc_format":"application/pdf","dc_identifier":"nl.gm1954.2c.2025.7333200-7.doc.3","dc_source":"https://api1.ibabs.eu/publicdownload.aspx?site=Beekdaelen&id=36e63488-11c7-4fc8-b6ac-dfccb1d43c4e","dc_title":"Bijlage: Ontwikkelperspectief Doenrade-Zuid, Studio BNL, d.d. 2 september 2025","dc_type":"bijlage","foi_fairiscoreVersions":{"v1":3,"v2":3},"foi_fileName":"20250902%20BNLVoetbalvelden%20Doenrade.pdf","foi_nrPages":75},{"dc_format":"application/pdf","dc_identifier":"nl.gm1954.2c.2025.7333200-7.doc.4","dc_source":"https://api1.ibabs.eu/publicdownload.aspx?site=Beekdaelen&id=35169a7d-5c19-4588-b98b-ff0ba54377f5","dc_title":"Bijlage: Ontwikkelperspectief Doenrade-Zuid, Studio BNL, d.d. 2 september 2025 - verbeelding","dc_type":"bijlage","foi_fairiscoreVersions":{"v1":2,"v2":1},"foi_fileName":"20250902%20PLANKAART%20Doenrade1.pdf","foi_nrPages":1},{"dc_format":"application/pdf","dc_identifier":"nl.gm1954.2c.2025.7333200-7.doc.1","dc_source":"https://api1.ibabs.eu/publicdownload.aspx?site=Beekdaelen&id=bade53e2-079c-496c-aa0b-567996133ef4","dc_title":"Raadsvoorstel inzake gebiedsontwikkeling Doenrade-Zuid","dc_type":"bijlage","foi_fairiscoreVersions":{"v1":1,"v2":1},"foi_fileName":"392093_1.pdf","foi_nrPages":9},{"dc_format":"application/pdf","dc_identifier":"nl.gm1954.2c.2025.7333200-7.doc.2","dc_source":"https://api1.ibabs.eu/publicdownload.aspx?site=Beekdaelen&id=4de6cd44-440d-48dd-9196-ea5203b07eb1","dc_title":"Raadsbesluit inzake gebiedsontwikkeling Doenrade-Zuid - vastgesteld 21-10-2025","dc_type":"bijlage","foi_fairiscoreVersions":{"v1":1,"v2":1},"foi_fileName":"393577_1.pdf","foi_nrPages":1},{"dc_format":"application/pdf","dc_identifier":"nl.gm1954.2c.2025.7333200-7.doc.6","dc_source":"https://api1.ibabs.eu/publicdownload.aspx?site=Beekdaelen&id=5db48ab1-99d4-457f-81f1-2cdaa571fe52","dc_title":"Bijlage: Begrotingswijziging 9.4 Voorbereidingskrediet gebiedsontwikkeling Doenrade-Zuid","dc_type":"bijlage","foi_fairiscoreVersions":{"v1":1,"v2":1},"foi_fileName":"Begrotingswijziging%209.pdf","foi_nrPages":1},{"dc_format":"application/pdf","dc_identifier":"nl.gm1954.2c.2025.7333200-7.doc.5","dc_source":"https://api1.ibabs.eu/publicdownload.aspx?site=Beekdaelen&id=b3727787-75a8-4735-bfb1-23ed5db55f85","dc_title":"Bijlage: Omgevingsdialoog gebiedsontwikkeling Doenrade-Zuid","dc_type":"bijlage","foi_fairiscoreVersions":{"v1":2,"v2":1},"foi_fileName":"Participatieverslag%20Doenrade-Zuid.pdf","foi_nrPages":11}],"foi_nrDocuments":6,"foi_nrPagesInDossier":98,"foi_publishedDate":"2025-10-21","foi_retrievedDate":"2026-03-05"},{"dc_creator":"HandelingScraper_v1","dc_date_year":2025,"dc_description":"Vergadering van de Gemeente Beekdaelen op 2025-10-21. Onderdeel: Voorstel inzake incidentele onderhoudsbijdrage gemeenschapsaccommodaties.","dc_identifier":"nl.gm1954.2c.2025.7333200-8","dc_publisher":"gm1954","dc_source":"https://beekdaelen.bestuurlijkeinformatie.nl/Agenda/Index/78286952-9505-49fc-868f-5a7147ffdcd1","dc_title":"Raadsvergadering 2025-10-21 - Voorstel inzake incidentele onderhoudsbijdrage gemeenschapsaccommodaties","dc_type":"2c","dc_type_description":"Vergaderstuk decentrale overheid","foi_fairiscoreVersions":{"v1":1,"v2":1},"foi_files":[{"dc_format":"application/pdf","dc_identifier":"nl.gm1954.2c.2025.7333200-8.doc.3","dc_source":"https://api1.ibabs.eu/publicdownload.aspx?site=Beekdaelen&id=581d3574-261e-4109-8b1f-787b54394313","dc_title":"Bijlage 1: Demarcatielijst gebouwenbeheer gemeente Beekdaelen","dc_type":"bijlage","foi_fairiscoreVersions":{"v1":1,"v2":1},"foi_fileName":"2023-05-02--Demarcatielijst%20gebouwenbeheer%20gemeente%20Beekdaelen.pdf","foi_nrPages":13},{"dc_format":"application/pdf","dc_identifier":"nl.gm1954.2c.2025.7333200-8.doc.6","dc_source":"https://api1.ibabs.eu/publicdownload.aspx?site=Beekdaelen&id=511df765-b008-4341-b258-fb332ca8f952","dc_title":"Aanpak Fasila","dc_type":"bijlage","foi_fairiscoreVersions":{"v1":1,"v2":1},"foi_fileName":"Aanpak%20Fasila.pdf","foi_nrPages":3},{"dc_format":"application/pdf","dc_identifier":"nl.gm1954.2c.2025.7333200-8.doc.5","dc_source":"https://api1.ibabs.eu/publicdownload.aspx?site=Beekdaelen&id=a35a164f-7a1d-4ddc-87bd-dfd60d9b4ca2","dc_title":"Bijlage 3: Begrotingswijziging 9.3 Transitie accommodatiebeleid gemeenschapshuizen","dc_type":"bijlage","foi_fairiscoreVersions":{"v1":1,"v2":1},"foi_fileName":"Begrotingswijziging%209.pdf","foi_nrPages":1},{"dc_format":"application/pdf","dc_identifier":"nl.gm1954.2c.2025.7333200-8.doc.4","dc_source":"https://api1.ibabs.eu/publicdownload.aspx?site=Beekdaelen&id=38f8a50d-b944-46c0-84c0-dff291765314","dc_title":"Bijlage 2: Beheersmaatregelen","dc_type":"bijlage","foi_fairiscoreVersions":{"v1":1,"v2":1},"foi_fileName":"Beheersmaatregelen.pdf","foi_nrPages":1},{"dc_format":"application/pdf","dc_identifier":"nl.gm1954.2c.2025.7333200-8.doc.7","dc_source":"https://api1.ibabs.eu/publicdownload.aspx?site=Beekdaelen&id=6134ed05-79c6-4118-8e6d-71ce74928e73","dc_title":"Overzicht conform verzoek fractie Rijkx Koll\u00e9e","dc_type":"bijlage","foi_fairiscoreVersions":{"v1":1,"v2":1},"foi_fileName":"Overzicht%20conform%20verzoek%20fractie%20Rijkx%20Koll%C3%A9e.pdf","foi_nrPages":1},{"dc_format":"application/pdf","dc_identifier":"nl.gm1954.2c.2025.7333200-8.doc.2","dc_source":"https://api1.ibabs.eu/publicdownload.aspx?site=Beekdaelen&id=d38b4fd4-8dc0-4835-92f4-820e5b80a465","dc_title":"Raadsbesluit inzake incidentele onderhoudsbijdrage aan gemeenschapsaccommodaties - vastgesteld 21-10-2025","dc_type":"bijlage","foi_fairiscoreVersions":{"v1":1,"v2":1},"foi_fileName":"Raadsbesluit%20-%20Z25215824%20incidentele%20onderhoudsbijdrage.pdf","foi_nrPages":1},{"dc_format":"application/pdf","dc_identifier":"nl.gm1954.2c.2025.7333200-8.doc.1","dc_source":"https://api1.ibabs.eu/publicdownload.aspx?site=Beekdaelen&id=edfcc279-6bc6-4fc2-9955-afe337a53eb0","dc_title":"Raadsvoorstel inzake incidentele onderhoudsbijdrage aan gemeenschapsaccommodaties","dc_type":"bijlage","foi_fairiscoreVersions":{"v1":1,"v2":1},"foi_fileName":"Raadsvoorstel%20-%20Z25215824%20incidentele%20onderhoudsbijdrage.pdf","foi_nrPages":4}],"foi_nrDocuments":7,"foi_nrPagesInDossier":24,"foi_publishedDate":"2025-10-21","foi_retrievedDate":"2026-03-02"},{"dc_creator":"HandelingScraper_v1","dc_date_year":2025,"dc_description":"Vergadering van de Gemeente Beekdaelen op 2025-10-21. Onderdeel: Voorstel inzake aanleg parkeerplaats Quabeeksweg 1 te Bingelrade.","dc_identifier":"nl.gm1954.2c.2025.7333200-9","dc_publisher":"gm1954","dc_source":"https://beekdaelen.bestuurlijkeinformatie.nl/Agenda/Index/78286952-9505-49fc-868f-5a7147ffdcd1","dc_title":"Raadsvergadering 2025-10-21 - Voorstel inzake aanleg parkeerplaats Quabeeksweg 1 te Bingelrade","dc_type":"2c","dc_type_description":"Vergaderstuk decentrale overheid","foi_fairiscoreVersions":{"v1":null,"v2":null},"foi_files":[{"dc_format":"application/pdf","dc_identifier":"nl.gm1954.2c.2025.7333200-9.doc.5","dc_source":"https://api1.ibabs.eu/publicdownload.aspx?site=Beekdaelen&id=ddd86856-9916-4ec5-8e55-f568328df290","dc_title":"Bijlage: overzicht fietsparkeerplaatsen Quabeeksweg 1","dc_type":"bijlage","foi_fileName":"Bijlage%20overzicht%20fietsparkeerplaatsen%20Quabeeksweg%201.pdf"},{"dc_format":"application/pdf","dc_identifier":"nl.gm1954.2c.2025.7333200-9.doc.6","dc_source":"https://api1.ibabs.eu/publicdownload.aspx?site=Beekdaelen&id=8bd05185-c853-4c3c-b456-93b5c96e7849","dc_title":"Bijlage: parkeerdruk","dc_type":"bijlage","foi_fileName":"parkeerdruk.pdf"},{"dc_format":"application/pdf","dc_identifier":"nl.gm1954.2c.2025.7333200-9.doc.1","dc_source":"https://api1.ibabs.eu/publicdownload.aspx?site=Beekdaelen&id=e21733b8-5fa7-43db-85db-7bd8b321316e","dc_title":"Raadsvoorstel inzake aanleg parkeerplaats Quabeeksweg 1 te Bingelrade","dc_type":"bijlage","foi_fileName":"Raadsvoorstel%20Aanleg%20parkeerplaats%20Quabeeksweg%201%20te%20Bingelrade.pdf"},{"dc_format":"application/pdf","dc_identifier":"nl.gm1954.2c.2025.7333200-9.doc.2","dc_source":"https://api1.ibabs.eu/publicdownload.aspx?site=Beekdaelen&id=1c247c02-4e9f-4fbe-b6de-0c0708aff596","dc_title":"Raadsbesluit inzake aanleg parkeerplaats Quabeeksweg 1 te Bingelrade - vastgesteld 21-10-2025","dc_type":"bijlage","foi_fileName":"Z%2F25%2F214790%20-%20393824.pdf"},{"dc_format":"application/pdf","dc_identifier":"nl.gm1954.2c.2025.7333200-9.doc.3","dc_source":"https://api1.ibabs.eu/publicdownload.aspx?site=Beekdaelen&id=1041a49d-9f2b-4257-b996-49f9fd027865","dc_title":"Bijlage: Inrichtingstekening Aanleg parkeerplaats Quabeeksweg 1 te Bingelrade","dc_type":"bijlage","foi_fileName":"Z%2F25%2F214790%20-%20393824.pdf"},{"dc_format":"application/pdf","dc_identifier":"nl.gm1954.2c.2025.7333200-9.doc.4","dc_source":"https://api1.ibabs.eu/publicdownload.aspx?site=Beekdaelen&id=b76c986b-95b2-42de-9b99-a607041cebd6","dc_title":"Bijlage: Begrotingswijziging 9.1 Aanleg parkeerplaats Quabeeksweg 1 te Bingelrade","dc_type":"bijlage","foi_fileName":"Z%2F25%2F214790%20-%20393824.pdf"}],"foi_nrDocuments":6,"foi_nrPagesInDossier":0,"foi_publishedDate":"2025-10-21","foi_retrievedDate":"2025-11-30"}],"foi_totalDossiers":2190},"resource":"nl.gm1954.2c"}
