{"infobox":{"foi_dossiers":[{"dc_creator":"WooScraper_v1","dc_date_year":2024,"dc_description":"Besluit tijdelijk afwijken van artikel 4.17a, derde, vierde en vijfde lid, Vreemdelingenbesluit 2000","dc_identifier":"nl.mnre1162.1a.2024.1","dc_publisher":"mnre1162","dc_source":"https://wetten.overheid.nl/BWBR0050404","dc_title":"Besluit tijdelijk afwijken van artikel 4.17a, derde, vierde en vijfde lid, Vreemdelingenbesluit 2000","dc_type":"1a","dc_type_description":"Wet/algemeen verbindend voorschrift","foi_fairiscoreVersions":{"v1":null,"v2":null},"foi_files":[{"dc_format":"text/plain","dc_identifier":"nl.mnre1162.1a.2024.1.doc.1","dc_source":"https://wetten.overheid.nl/jci1.3:c:BWBR0050404&artikel=I","dc_title":"Artikel I ","dc_type":"wetsartikel","foi_fileName":"Artikel_I.txt","foi_nrPages":1},{"dc_format":"text/plain","dc_identifier":"nl.mnre1162.1a.2024.1.doc.2","dc_source":"https://wetten.overheid.nl/jci1.3:c:BWBR0050404&artikel=II","dc_title":"Artikel II ","dc_type":"wetsartikel","foi_fileName":"Artikel_II.txt","foi_nrPages":1}],"foi_nrDocuments":2,"foi_nrPagesInDossier":2,"foi_publishedDate":"2024-11-16","foi_retrievedDate":"2025-01-06","foi_startDate":"2024-11-14","foi_updateDate":"2024-11-14"},{"dc_creator":"WooScraper_v1","dc_date_year":2024,"dc_description":"Besluit instellen besluitmoratorium en vertrekmoratorium vreemdelingen uit Libanon","dc_identifier":"nl.mnre1162.1a.2024.2","dc_publisher":"mnre1162","dc_source":"https://wetten.overheid.nl/BWBR0050432","dc_title":"Besluit instellen besluitmoratorium en vertrekmoratorium vreemdelingen uit Libanon","dc_type":"1a","dc_type_description":"Wet/algemeen verbindend voorschrift","foi_fairiscoreVersions":{"v1":null,"v2":null},"foi_files":[{"dc_format":"text/plain","dc_identifier":"nl.mnre1162.1a.2024.2.doc.1","dc_source":"https://wetten.overheid.nl/jci1.3:c:BWBR0050432&artikel=1","dc_title":"Artikel 1 ","dc_type":"wetsartikel","foi_fileName":"Artikel_1.txt","foi_nrPages":1},{"dc_format":"text/plain","dc_identifier":"nl.mnre1162.1a.2024.2.doc.2","dc_source":"https://wetten.overheid.nl/jci1.3:c:BWBR0050432&artikel=2","dc_title":"Artikel 2 ","dc_type":"wetsartikel","foi_fileName":"Artikel_2.txt","foi_nrPages":1},{"dc_format":"text/plain","dc_identifier":"nl.mnre1162.1a.2024.2.doc.3","dc_source":"https://wetten.overheid.nl/jci1.3:c:BWBR0050432&artikel=3","dc_title":"Artikel 3 ","dc_type":"wetsartikel","foi_fileName":"Artikel_3.txt","foi_nrPages":1},{"dc_format":"text/plain","dc_identifier":"nl.mnre1162.1a.2024.2.doc.4","dc_source":"https://wetten.overheid.nl/jci1.3:c:BWBR0050432&artikel=4","dc_title":"Artikel 4 ","dc_type":"wetsartikel","foi_fileName":"Artikel_4.txt","foi_nrPages":1},{"dc_format":"text/plain","dc_identifier":"nl.mnre1162.1a.2024.2.doc.5","dc_source":"https://wetten.overheid.nl/jci1.3:c:BWBR0050432&artikel=5","dc_title":"Artikel 5 ","dc_type":"wetsartikel","foi_fileName":"Artikel_5.txt","foi_nrPages":1}],"foi_nrDocuments":5,"foi_nrPagesInDossier":5,"foi_publishedDate":"2024-11-22","foi_retrievedDate":"2025-01-06","foi_startDate":"2024-11-20","foi_updateDate":"2024-11-20"},{"dc_creator":"WooScraper_v1","dc_date_year":2024,"dc_description":"Wijzigingswet Vreemdelingenwet 2000 (aanscherping van het openbare ordebeleid voor criminele vreemdelingen)","dc_identifier":"nl.mnre1162.1a.2024.3","dc_publisher":"mnre1162","dc_source":"https://wetten.overheid.nl/BWBR0050057","dc_title":"Wijzigingswet Vreemdelingenwet 2000 (aanscherping van het openbare ordebeleid voor criminele vreemdelingen)","dc_type":"1a","dc_type_description":"Wet/algemeen verbindend voorschrift","foi_fairiscoreVersions":{"v1":null,"v2":null},"foi_files":[{"dc_format":"text/plain","dc_identifier":"nl.mnre1162.1a.2024.3.doc.1","dc_source":"https://wetten.overheid.nl/jci1.3:c:BWBR0050057&artikel=I","dc_title":"Artikel I ","dc_type":"wetsartikel","foi_fileName":"Artikel_I.txt","foi_nrPages":1},{"dc_format":"text/plain","dc_identifier":"nl.mnre1162.1a.2024.3.doc.2","dc_source":"https://wetten.overheid.nl/jci1.3:c:BWBR0050057&artikel=Ia","dc_title":"Artikel Ia ","dc_type":"wetsartikel","foi_fileName":"Artikel_Ia.txt","foi_nrPages":1},{"dc_format":"text/plain","dc_identifier":"nl.mnre1162.1a.2024.3.doc.3","dc_source":"https://wetten.overheid.nl/jci1.3:c:BWBR0050057&artikel=II","dc_title":"Artikel II ","dc_type":"wetsartikel","foi_fileName":"Artikel_II.txt","foi_nrPages":1},{"dc_format":"text/plain","dc_identifier":"nl.mnre1162.1a.2024.3.doc.4","dc_source":"https://wetten.overheid.nl/jci1.3:c:BWBR0050057&artikel=III","dc_title":"Artikel III ","dc_type":"wetsartikel","foi_fileName":"Artikel_III.txt","foi_nrPages":1}],"foi_nrDocuments":4,"foi_nrPagesInDossier":4,"foi_publishedDate":"2024-07-26","foi_retrievedDate":"2025-01-06","foi_startDate":"2024-07-25","foi_updateDate":"2024-07-25"},{"dc_creator":"WooScraper_v1","dc_date_year":2024,"dc_description":"Besluit instellen besluitmoratorium en vertrekmoratorium vreemdelingen afkomstig uit Syri\u00eb","dc_identifier":"nl.mnre1162.1a.2024.4","dc_publisher":"mnre1162","dc_source":"https://wetten.overheid.nl/BWBR0050563","dc_title":"Besluit instellen besluitmoratorium en vertrekmoratorium vreemdelingen afkomstig uit Syri\u00eb","dc_type":"1a","dc_type_description":"Wet/algemeen verbindend voorschrift","foi_fairiscoreVersions":{"v1":null,"v2":null},"foi_files":[{"dc_format":"text/plain","dc_identifier":"nl.mnre1162.1a.2024.4.doc.1","dc_source":"https://wetten.overheid.nl/jci1.3:c:BWBR0050563&artikel=1","dc_title":"Artikel 1 ","dc_type":"wetsartikel","foi_fileName":"Artikel_1.txt","foi_nrPages":1},{"dc_format":"text/plain","dc_identifier":"nl.mnre1162.1a.2024.4.doc.2","dc_source":"https://wetten.overheid.nl/jci1.3:c:BWBR0050563&artikel=2","dc_title":"Artikel 2 ","dc_type":"wetsartikel","foi_fileName":"Artikel_2.txt","foi_nrPages":1},{"dc_format":"text/plain","dc_identifier":"nl.mnre1162.1a.2024.4.doc.3","dc_source":"https://wetten.overheid.nl/jci1.3:c:BWBR0050563&artikel=3","dc_title":"Artikel 3 ","dc_type":"wetsartikel","foi_fileName":"Artikel_3.txt","foi_nrPages":1},{"dc_format":"text/plain","dc_identifier":"nl.mnre1162.1a.2024.4.doc.4","dc_source":"https://wetten.overheid.nl/jci1.3:c:BWBR0050563&artikel=4","dc_title":"Artikel 4 ","dc_type":"wetsartikel","foi_fileName":"Artikel_4.txt","foi_nrPages":1},{"dc_format":"text/plain","dc_identifier":"nl.mnre1162.1a.2024.4.doc.5","dc_source":"https://wetten.overheid.nl/jci1.3:c:BWBR0050563&artikel=5","dc_title":"Artikel 5 ","dc_type":"wetsartikel","foi_fileName":"Artikel_5.txt","foi_nrPages":1}],"foi_nrDocuments":5,"foi_nrPagesInDossier":5,"foi_publishedDate":"2024-12-17","foi_retrievedDate":"2025-01-07","foi_startDate":"2024-12-14","foi_updateDate":"2024-12-14"},{"dc_creator":"WooScraper_v1","dc_date_year":2025,"dc_description":"Bekostigingsregeling huisvesting vergunninghouders in doorstroomlocaties","dc_identifier":"nl.mnre1162.1a.2025.1","dc_publisher":"mnre1162","dc_source":"https://wetten.overheid.nl/BWBR0050928","dc_title":"Bekostigingsregeling huisvesting vergunninghouders in doorstroomlocaties","dc_type":"1a","dc_type_description":"Wet/algemeen verbindend voorschrift","foi_fairiscoreVersions":{"v1":null,"v2":null},"foi_files":[{"dc_format":"text/plain","dc_identifier":"nl.mnre1162.1a.2025.1.doc.1","dc_source":"https://wetten.overheid.nl/jci1.3:c:BWBR0050928&artikel=1","dc_title":"Artikel 1. Begripsbepalingen","dc_type":"wetsartikel","foi_fileName":"Artikel_1__Begripsbepalingen.txt","foi_nrPages":1},{"dc_format":"text/plain","dc_identifier":"nl.mnre1162.1a.2025.1.doc.10","dc_source":"https://wetten.overheid.nl/jci1.3:c:BWBR0050928&artikel=10","dc_title":"Artikel 10. Informatievoorziening na uitkering","dc_type":"wetsartikel","foi_fileName":"Artikel_10__Informatievoorziening_na_uitkering.txt","foi_nrPages":1},{"dc_format":"text/plain","dc_identifier":"nl.mnre1162.1a.2025.1.doc.11","dc_source":"https://wetten.overheid.nl/jci1.3:c:BWBR0050928&artikel=11","dc_title":"Artikel 11. Procedure tot vaststelling van de uitkering","dc_type":"wetsartikel","foi_fileName":"Artikel_11__Procedure_tot_vaststelling_van_de_uitkering.txt","foi_nrPages":1},{"dc_format":"text/plain","dc_identifier":"nl.mnre1162.1a.2025.1.doc.12","dc_source":"https://wetten.overheid.nl/jci1.3:c:BWBR0050928&artikel=12","dc_title":"Artikel 12. Terugvordering","dc_type":"wetsartikel","foi_fileName":"Artikel_12__Terugvordering.txt","foi_nrPages":1},{"dc_format":"text/plain","dc_identifier":"nl.mnre1162.1a.2025.1.doc.13","dc_source":"https://wetten.overheid.nl/jci1.3:c:BWBR0050928&artikel=13","dc_title":"Artikel 13. Inwerkingtreding en verval","dc_type":"wetsartikel","foi_fileName":"Artikel_13__Inwerkingtreding_en_verval.txt","foi_nrPages":1},{"dc_format":"text/plain","dc_identifier":"nl.mnre1162.1a.2025.1.doc.14","dc_source":"https://wetten.overheid.nl/jci1.3:c:BWBR0050928&artikel=14","dc_title":"Artikel 14. Citeertitel","dc_type":"wetsartikel","foi_fileName":"Artikel_14__Citeertitel.txt","foi_nrPages":1},{"dc_format":"text/plain","dc_identifier":"nl.mnre1162.1a.2025.1.doc.2","dc_source":"https://wetten.overheid.nl/jci1.3:c:BWBR0050928&artikel=2","dc_title":"Artikel 2. Verstrekking van een specifieke uitkering","dc_type":"wetsartikel","foi_fileName":"Artikel_2__Verstrekking_van_een_specifieke_uitkering.txt","foi_nrPages":1},{"dc_format":"text/plain","dc_identifier":"nl.mnre1162.1a.2025.1.doc.3","dc_source":"https://wetten.overheid.nl/jci1.3:c:BWBR0050928&artikel=3","dc_title":"Artikel 3. Aanvraag tot verlening van een specifieke uitkering","dc_type":"wetsartikel","foi_fileName":"Artikel_3__Aanvraag_tot_verlening_van_een_specifieke_uitkering.txt","foi_nrPages":1},{"dc_format":"text/plain","dc_identifier":"nl.mnre1162.1a.2025.1.doc.4","dc_source":"https://wetten.overheid.nl/jci1.3:c:BWBR0050928&artikel=4","dc_title":"Artikel 4. Weigeringsgronden","dc_type":"wetsartikel","foi_fileName":"Artikel_4__Weigeringsgronden.txt","foi_nrPages":1},{"dc_format":"text/plain","dc_identifier":"nl.mnre1162.1a.2025.1.doc.5","dc_source":"https://wetten.overheid.nl/jci1.3:c:BWBR0050928&artikel=5","dc_title":"Artikel 5. Eisen aan de doorstroomlocatie","dc_type":"wetsartikel","foi_fileName":"Artikel_5__Eisen_aan_de_doorstroomlocatie.txt","foi_nrPages":1},{"dc_format":"text/plain","dc_identifier":"nl.mnre1162.1a.2025.1.doc.6","dc_source":"https://wetten.overheid.nl/jci1.3:c:BWBR0050928&artikel=6","dc_title":"Artikel 6. Hoogte van de specifieke uitkering","dc_type":"wetsartikel","foi_fileName":"Artikel_6__Hoogte_van_de_specifieke_uitkering.txt","foi_nrPages":1},{"dc_format":"text/plain","dc_identifier":"nl.mnre1162.1a.2025.1.doc.7","dc_source":"https://wetten.overheid.nl/jci1.3:c:BWBR0050928&artikel=7","dc_title":"Artikel 7. Eisen aan doelgroep","dc_type":"wetsartikel","foi_fileName":"Artikel_7__Eisen_aan_doelgroep.txt","foi_nrPages":1},{"dc_format":"text/plain","dc_identifier":"nl.mnre1162.1a.2025.1.doc.8","dc_source":"https://wetten.overheid.nl/jci1.3:c:BWBR0050928&artikel=8","dc_title":"Artikel 8. Verstrekking en voorschot","dc_type":"wetsartikel","foi_fileName":"Artikel_8__Verstrekking_en_voorschot.txt","foi_nrPages":1},{"dc_format":"text/plain","dc_identifier":"nl.mnre1162.1a.2025.1.doc.9","dc_source":"https://wetten.overheid.nl/jci1.3:c:BWBR0050928&artikel=9","dc_title":"Artikel 9. Verantwoording","dc_type":"wetsartikel","foi_fileName":"Artikel_9__Verantwoording.txt","foi_nrPages":1}],"foi_nrDocuments":14,"foi_nrPagesInDossier":14,"foi_publishedDate":"2025-04-09","foi_retrievedDate":"2025-04-12","foi_startDate":"2025-04-09","foi_updateDate":"2025-04-09"},{"dc_creator":"WooScraper_v1","dc_date_year":2025,"dc_description":"Wet herziening regels niet tijdig beslissen in vreemdelingenzaken","dc_identifier":"nl.mnre1162.1a.2025.2","dc_publisher":"mnre1162","dc_source":"https://wetten.overheid.nl/BWBR0050946","dc_title":"Wet herziening regels niet tijdig beslissen in vreemdelingenzaken","dc_type":"1a","dc_type_description":"Wet/algemeen verbindend voorschrift","foi_fairiscoreVersions":{"v1":null,"v2":null},"foi_files":[{"dc_format":"text/plain","dc_identifier":"nl.mnre1162.1a.2025.2.doc.1","dc_source":"https://wetten.overheid.nl/jci1.3:c:BWBR0050946&artikel=I","dc_title":"Artikel I","dc_type":"wetsartikel","foi_fileName":"Artikel_I.txt","foi_nrPages":1},{"dc_format":"text/plain","dc_identifier":"nl.mnre1162.1a.2025.2.doc.2","dc_source":"https://wetten.overheid.nl/jci1.3:c:BWBR0050946&artikel=Ia","dc_title":"Artikel Ia","dc_type":"wetsartikel","foi_fileName":"Artikel_Ia.txt","foi_nrPages":1},{"dc_format":"text/plain","dc_identifier":"nl.mnre1162.1a.2025.2.doc.3","dc_source":"https://wetten.overheid.nl/jci1.3:c:BWBR0050946&artikel=II","dc_title":"Artikel II","dc_type":"wetsartikel","foi_fileName":"Artikel_II.txt","foi_nrPages":1},{"dc_format":"text/plain","dc_identifier":"nl.mnre1162.1a.2025.2.doc.4","dc_source":"https://wetten.overheid.nl/jci1.3:c:BWBR0050946&artikel=III","dc_title":"Artikel III","dc_type":"wetsartikel","foi_fileName":"Artikel_III.txt","foi_nrPages":1},{"dc_format":"text/plain","dc_identifier":"nl.mnre1162.1a.2025.2.doc.5","dc_source":"https://wetten.overheid.nl/jci1.3:c:BWBR0050946&artikel=IV","dc_title":"Artikel IV","dc_type":"wetsartikel","foi_fileName":"Artikel_IV.txt","foi_nrPages":1},{"dc_format":"text/plain","dc_identifier":"nl.mnre1162.1a.2025.2.doc.6","dc_source":"https://wetten.overheid.nl/jci1.3:c:BWBR0050946&artikel=V","dc_title":"Artikel V","dc_type":"wetsartikel","foi_fileName":"Artikel_V.txt","foi_nrPages":1}],"foi_nrDocuments":6,"foi_nrPagesInDossier":6,"foi_publishedDate":"2025-04-17","foi_retrievedDate":"2025-04-19","foi_startDate":"2025-04-15","foi_updateDate":"2025-04-15"},{"dc_creator":"WooScraper_v1","dc_date_year":2025,"dc_description":"Verzamelwet Justitie en Veiligheid en Asiel en Migratie 2025","dc_identifier":"nl.mnre1162.1a.2025.3","dc_publisher":"mnre1162","dc_source":"https://wetten.overheid.nl/BWBR0051035","dc_title":"Verzamelwet Justitie en Veiligheid en Asiel en Migratie 2025","dc_type":"1a","dc_type_description":"Wet/algemeen verbindend voorschrift","foi_fairiscoreVersions":{"v1":null,"v2":null},"foi_files":[{"dc_format":"text/plain","dc_identifier":"nl.mnre1162.1a.2025.3.doc.1","dc_source":"https://wetten.overheid.nl/jci1.3:c:BWBR0051035&artikel=I","dc_title":"Artikel I","dc_type":"wetsartikel","foi_fileName":"Artikel_I.txt"},{"dc_format":"text/plain","dc_identifier":"nl.mnre1162.1a.2025.3.doc.2","dc_source":"https://wetten.overheid.nl/jci1.3:c:BWBR0051035&artikel=II","dc_title":"Artikel II","dc_type":"wetsartikel","foi_fileName":"Artikel_II.txt"},{"dc_format":"text/plain","dc_identifier":"nl.mnre1162.1a.2025.3.doc.3","dc_source":"https://wetten.overheid.nl/jci1.3:c:BWBR0051035&artikel=III","dc_title":"Artikel III","dc_type":"wetsartikel","foi_fileName":"Artikel_III.txt"},{"dc_format":"text/plain","dc_identifier":"nl.mnre1162.1a.2025.3.doc.4","dc_source":"https://wetten.overheid.nl/jci1.3:c:BWBR0051035&artikel=IV","dc_title":"Artikel IV","dc_type":"wetsartikel","foi_fileName":"Artikel_IV.txt"},{"dc_format":"text/plain","dc_identifier":"nl.mnre1162.1a.2025.3.doc.9","dc_source":"https://wetten.overheid.nl/jci1.3:c:BWBR0051035&artikel=IX","dc_title":"Artikel IX","dc_type":"wetsartikel","foi_fileName":"Artikel_IX.txt"},{"dc_format":"text/plain","dc_identifier":"nl.mnre1162.1a.2025.3.doc.53","dc_source":"https://wetten.overheid.nl/jci1.3:c:BWBR0051035&artikel=L","dc_title":"Artikel L","dc_type":"wetsartikel","foi_fileName":"Artikel_L.txt"},{"dc_format":"text/plain","dc_identifier":"nl.mnre1162.1a.2025.3.doc.54","dc_source":"https://wetten.overheid.nl/jci1.3:c:BWBR0051035&artikel=LI","dc_title":"Artikel LI","dc_type":"wetsartikel","foi_fileName":"Artikel_LI.txt"},{"dc_format":"text/plain","dc_identifier":"nl.mnre1162.1a.2025.3.doc.55","dc_source":"https://wetten.overheid.nl/jci1.3:c:BWBR0051035&artikel=LII","dc_title":"Artikel LII","dc_type":"wetsartikel","foi_fileName":"Artikel_LII.txt"},{"dc_format":"text/plain","dc_identifier":"nl.mnre1162.1a.2025.3.doc.56","dc_source":"https://wetten.overheid.nl/jci1.3:c:BWBR0051035&artikel=LIIa","dc_title":"Artikel LIIa","dc_type":"wetsartikel","foi_fileName":"Artikel_LIIa.txt"},{"dc_format":"text/plain","dc_identifier":"nl.mnre1162.1a.2025.3.doc.57","dc_source":"https://wetten.overheid.nl/jci1.3:c:BWBR0051035&artikel=LIII","dc_title":"Artikel LIII","dc_type":"wetsartikel","foi_fileName":"Artikel_LIII.txt"},{"dc_format":"text/plain","dc_identifier":"nl.mnre1162.1a.2025.3.doc.58","dc_source":"https://wetten.overheid.nl/jci1.3:c:BWBR0051035&artikel=LIV","dc_title":"Artikel LIV","dc_type":"wetsartikel","foi_fileName":"Artikel_LIV.txt"},{"dc_format":"text/plain","dc_identifier":"nl.mnre1162.1a.2025.3.doc.5","dc_source":"https://wetten.overheid.nl/jci1.3:c:BWBR0051035&artikel=V","dc_title":"Artikel V","dc_type":"wetsartikel","foi_fileName":"Artikel_V.txt"},{"dc_format":"text/plain","dc_identifier":"nl.mnre1162.1a.2025.3.doc.6","dc_source":"https://wetten.overheid.nl/jci1.3:c:BWBR0051035&artikel=VI","dc_title":"Artikel VI","dc_type":"wetsartikel","foi_fileName":"Artikel_VI.txt"},{"dc_format":"text/plain","dc_identifier":"nl.mnre1162.1a.2025.3.doc.7","dc_source":"https://wetten.overheid.nl/jci1.3:c:BWBR0051035&artikel=VII","dc_title":"Artikel VII","dc_type":"wetsartikel","foi_fileName":"Artikel_VII.txt"},{"dc_format":"text/plain","dc_identifier":"nl.mnre1162.1a.2025.3.doc.8","dc_source":"https://wetten.overheid.nl/jci1.3:c:BWBR0051035&artikel=VIII","dc_title":"Artikel VIII","dc_type":"wetsartikel","foi_fileName":"Artikel_VIII.txt"},{"dc_format":"text/plain","dc_identifier":"nl.mnre1162.1a.2025.3.doc.10","dc_source":"https://wetten.overheid.nl/jci1.3:c:BWBR0051035&artikel=X","dc_title":"Artikel X","dc_type":"wetsartikel","foi_fileName":"Artikel_X.txt"},{"dc_format":"text/plain","dc_identifier":"nl.mnre1162.1a.2025.3.doc.11","dc_source":"https://wetten.overheid.nl/jci1.3:c:BWBR0051035&artikel=XI","dc_title":"Artikel XI","dc_type":"wetsartikel","foi_fileName":"Artikel_XI.txt"},{"dc_format":"text/plain","dc_identifier":"nl.mnre1162.1a.2025.3.doc.12","dc_source":"https://wetten.overheid.nl/jci1.3:c:BWBR0051035&artikel=XII","dc_title":"Artikel XII","dc_type":"wetsartikel","foi_fileName":"Artikel_XII.txt"},{"dc_format":"text/plain","dc_identifier":"nl.mnre1162.1a.2025.3.doc.13","dc_source":"https://wetten.overheid.nl/jci1.3:c:BWBR0051035&artikel=XIII","dc_title":"Artikel XIII","dc_type":"wetsartikel","foi_fileName":"Artikel_XIII.txt"},{"dc_format":"text/plain","dc_identifier":"nl.mnre1162.1a.2025.3.doc.14","dc_source":"https://wetten.overheid.nl/jci1.3:c:BWBR0051035&artikel=XIV","dc_title":"Artikel XIV","dc_type":"wetsartikel","foi_fileName":"Artikel_XIV.txt"},{"dc_format":"text/plain","dc_identifier":"nl.mnre1162.1a.2025.3.doc.19","dc_source":"https://wetten.overheid.nl/jci1.3:c:BWBR0051035&artikel=XIX","dc_title":"Artikel XIX","dc_type":"wetsartikel","foi_fileName":"Artikel_XIX.txt"},{"dc_format":"text/plain","dc_identifier":"nl.mnre1162.1a.2025.3.doc.43","dc_source":"https://wetten.overheid.nl/jci1.3:c:BWBR0051035&artikel=XL","dc_title":"Artikel XL","dc_type":"wetsartikel","foi_fileName":"Artikel_XL.txt"},{"dc_format":"text/plain","dc_identifier":"nl.mnre1162.1a.2025.3.doc.44","dc_source":"https://wetten.overheid.nl/jci1.3:c:BWBR0051035&artikel=XLI","dc_title":"Artikel XLI","dc_type":"wetsartikel","foi_fileName":"Artikel_XLI.txt"},{"dc_format":"text/plain","dc_identifier":"nl.mnre1162.1a.2025.3.doc.45","dc_source":"https://wetten.overheid.nl/jci1.3:c:BWBR0051035&artikel=XLII","dc_title":"Artikel XLII","dc_type":"wetsartikel","foi_fileName":"Artikel_XLII.txt"},{"dc_format":"text/plain","dc_identifier":"nl.mnre1162.1a.2025.3.doc.46","dc_source":"https://wetten.overheid.nl/jci1.3:c:BWBR0051035&artikel=XLIII","dc_title":"Artikel XLIII","dc_type":"wetsartikel","foi_fileName":"Artikel_XLIII.txt"},{"dc_format":"text/plain","dc_identifier":"nl.mnre1162.1a.2025.3.doc.47","dc_source":"https://wetten.overheid.nl/jci1.3:c:BWBR0051035&artikel=XLIV","dc_title":"Artikel XLIV","dc_type":"wetsartikel","foi_fileName":"Artikel_XLIV.txt"},{"dc_format":"text/plain","dc_identifier":"nl.mnre1162.1a.2025.3.doc.52","dc_source":"https://wetten.overheid.nl/jci1.3:c:BWBR0051035&artikel=XLIX","dc_title":"Artikel XLIX","dc_type":"wetsartikel","foi_fileName":"Artikel_XLIX.txt"},{"dc_format":"text/plain","dc_identifier":"nl.mnre1162.1a.2025.3.doc.49","dc_source":"https://wetten.overheid.nl/jci1.3:c:BWBR0051035&artikel=XLVI","dc_title":"Artikel XLVI","dc_type":"wetsartikel","foi_fileName":"Artikel_XLVI.txt"},{"dc_format":"text/plain","dc_identifier":"nl.mnre1162.1a.2025.3.doc.50","dc_source":"https://wetten.overheid.nl/jci1.3:c:BWBR0051035&artikel=XLVII","dc_title":"Artikel XLVII","dc_type":"wetsartikel","foi_fileName":"Artikel_XLVII.txt"},{"dc_format":"text/plain","dc_identifier":"nl.mnre1162.1a.2025.3.doc.51","dc_source":"https://wetten.overheid.nl/jci1.3:c:BWBR0051035&artikel=XLVIII","dc_title":"Artikel XLVIII","dc_type":"wetsartikel","foi_fileName":"Artikel_XLVIII.txt"},{"dc_format":"text/plain","dc_identifier":"nl.mnre1162.1a.2025.3.doc.15","dc_source":"https://wetten.overheid.nl/jci1.3:c:BWBR0051035&artikel=XV","dc_title":"Artikel XV","dc_type":"wetsartikel","foi_fileName":"Artikel_XV.txt"},{"dc_format":"text/plain","dc_identifier":"nl.mnre1162.1a.2025.3.doc.16","dc_source":"https://wetten.overheid.nl/jci1.3:c:BWBR0051035&artikel=XVI","dc_title":"Artikel XVI","dc_type":"wetsartikel","foi_fileName":"Artikel_XVI.txt"},{"dc_format":"text/plain","dc_identifier":"nl.mnre1162.1a.2025.3.doc.17","dc_source":"https://wetten.overheid.nl/jci1.3:c:BWBR0051035&artikel=XVII","dc_title":"Artikel XVII","dc_type":"wetsartikel","foi_fileName":"Artikel_XVII.txt"},{"dc_format":"text/plain","dc_identifier":"nl.mnre1162.1a.2025.3.doc.18","dc_source":"https://wetten.overheid.nl/jci1.3:c:BWBR0051035&artikel=XVIII","dc_title":"Artikel XVIII","dc_type":"wetsartikel","foi_fileName":"Artikel_XVIII.txt"},{"dc_format":"text/plain","dc_identifier":"nl.mnre1162.1a.2025.3.doc.20","dc_source":"https://wetten.overheid.nl/jci1.3:c:BWBR0051035&artikel=XX","dc_title":"Artikel XX","dc_type":"wetsartikel","foi_fileName":"Artikel_XX.txt"},{"dc_format":"text/plain","dc_identifier":"nl.mnre1162.1a.2025.3.doc.21","dc_source":"https://wetten.overheid.nl/jci1.3:c:BWBR0051035&artikel=XXI","dc_title":"Artikel XXI","dc_type":"wetsartikel","foi_fileName":"Artikel_XXI.txt"},{"dc_format":"text/plain","dc_identifier":"nl.mnre1162.1a.2025.3.doc.22","dc_source":"https://wetten.overheid.nl/jci1.3:c:BWBR0051035&artikel=XXII","dc_title":"Artikel XXII","dc_type":"wetsartikel","foi_fileName":"Artikel_XXII.txt"},{"dc_format":"text/plain","dc_identifier":"nl.mnre1162.1a.2025.3.doc.23","dc_source":"https://wetten.overheid.nl/jci1.3:c:BWBR0051035&artikel=XXIII","dc_title":"Artikel XXIII","dc_type":"wetsartikel","foi_fileName":"Artikel_XXIII.txt"},{"dc_format":"text/plain","dc_identifier":"nl.mnre1162.1a.2025.3.doc.24","dc_source":"https://wetten.overheid.nl/jci1.3:c:BWBR0051035&artikel=XXIV","dc_title":"Artikel XXIV","dc_type":"wetsartikel","foi_fileName":"Artikel_XXIV.txt"},{"dc_format":"text/plain","dc_identifier":"nl.mnre1162.1a.2025.3.doc.30","dc_source":"https://wetten.overheid.nl/jci1.3:c:BWBR0051035&artikel=XXIX","dc_title":"Artikel XXIX","dc_type":"wetsartikel","foi_fileName":"Artikel_XXIX.txt"},{"dc_format":"text/plain","dc_identifier":"nl.mnre1162.1a.2025.3.doc.25","dc_source":"https://wetten.overheid.nl/jci1.3:c:BWBR0051035&artikel=XXV","dc_title":"Artikel XXV","dc_type":"wetsartikel","foi_fileName":"Artikel_XXV.txt"},{"dc_format":"text/plain","dc_identifier":"nl.mnre1162.1a.2025.3.doc.26","dc_source":"https://wetten.overheid.nl/jci1.3:c:BWBR0051035&artikel=XXVI","dc_title":"Artikel XXVI","dc_type":"wetsartikel","foi_fileName":"Artikel_XXVI.txt"},{"dc_format":"text/plain","dc_identifier":"nl.mnre1162.1a.2025.3.doc.27","dc_source":"https://wetten.overheid.nl/jci1.3:c:BWBR0051035&artikel=XXVII","dc_title":"Artikel XXVII","dc_type":"wetsartikel","foi_fileName":"Artikel_XXVII.txt"},{"dc_format":"text/plain","dc_identifier":"nl.mnre1162.1a.2025.3.doc.28","dc_source":"https://wetten.overheid.nl/jci1.3:c:BWBR0051035&artikel=XXVIII","dc_title":"Artikel XXVIII","dc_type":"wetsartikel","foi_fileName":"Artikel_XXVIII.txt"},{"dc_format":"text/plain","dc_identifier":"nl.mnre1162.1a.2025.3.doc.29","dc_source":"https://wetten.overheid.nl/jci1.3:c:BWBR0051035&artikel=XXVIIIa","dc_title":"Artikel XXVIIIa","dc_type":"wetsartikel","foi_fileName":"Artikel_XXVIIIa.txt"},{"dc_format":"text/plain","dc_identifier":"nl.mnre1162.1a.2025.3.doc.31","dc_source":"https://wetten.overheid.nl/jci1.3:c:BWBR0051035&artikel=XXX","dc_title":"Artikel XXX","dc_type":"wetsartikel","foi_fileName":"Artikel_XXX.txt"},{"dc_format":"text/plain","dc_identifier":"nl.mnre1162.1a.2025.3.doc.32","dc_source":"https://wetten.overheid.nl/jci1.3:c:BWBR0051035&artikel=XXXI","dc_title":"Artikel XXXI","dc_type":"wetsartikel","foi_fileName":"Artikel_XXXI.txt"},{"dc_format":"text/plain","dc_identifier":"nl.mnre1162.1a.2025.3.doc.33","dc_source":"https://wetten.overheid.nl/jci1.3:c:BWBR0051035&artikel=XXXII","dc_title":"Artikel XXXII","dc_type":"wetsartikel","foi_fileName":"Artikel_XXXII.txt"},{"dc_format":"text/plain","dc_identifier":"nl.mnre1162.1a.2025.3.doc.34","dc_source":"https://wetten.overheid.nl/jci1.3:c:BWBR0051035&artikel=XXXIII","dc_title":"Artikel XXXIII","dc_type":"wetsartikel","foi_fileName":"Artikel_XXXIII.txt"},{"dc_format":"text/plain","dc_identifier":"nl.mnre1162.1a.2025.3.doc.35","dc_source":"https://wetten.overheid.nl/jci1.3:c:BWBR0051035&artikel=XXXIV","dc_title":"Artikel XXXIV","dc_type":"wetsartikel","foi_fileName":"Artikel_XXXIV.txt"},{"dc_format":"text/plain","dc_identifier":"nl.mnre1162.1a.2025.3.doc.36","dc_source":"https://wetten.overheid.nl/jci1.3:c:BWBR0051035&artikel=XXXIVa","dc_title":"Artikel XXXIVa","dc_type":"wetsartikel","foi_fileName":"Artikel_XXXIVa.txt"},{"dc_format":"text/plain","dc_identifier":"nl.mnre1162.1a.2025.3.doc.37","dc_source":"https://wetten.overheid.nl/jci1.3:c:BWBR0051035&artikel=XXXIVb","dc_title":"Artikel XXXIVb","dc_type":"wetsartikel","foi_fileName":"Artikel_XXXIVb.txt"},{"dc_format":"text/plain","dc_identifier":"nl.mnre1162.1a.2025.3.doc.42","dc_source":"https://wetten.overheid.nl/jci1.3:c:BWBR0051035&artikel=XXXIX","dc_title":"Artikel XXXIX","dc_type":"wetsartikel","foi_fileName":"Artikel_XXXIX.txt"},{"dc_format":"text/plain","dc_identifier":"nl.mnre1162.1a.2025.3.doc.38","dc_source":"https://wetten.overheid.nl/jci1.3:c:BWBR0051035&artikel=XXXV","dc_title":"Artikel XXXV","dc_type":"wetsartikel","foi_fileName":"Artikel_XXXV.txt"},{"dc_format":"text/plain","dc_identifier":"nl.mnre1162.1a.2025.3.doc.39","dc_source":"https://wetten.overheid.nl/jci1.3:c:BWBR0051035&artikel=XXXVI","dc_title":"Artikel XXXVI","dc_type":"wetsartikel","foi_fileName":"Artikel_XXXVI.txt"},{"dc_format":"text/plain","dc_identifier":"nl.mnre1162.1a.2025.3.doc.40","dc_source":"https://wetten.overheid.nl/jci1.3:c:BWBR0051035&artikel=XXXVII","dc_title":"Artikel XXXVII","dc_type":"wetsartikel","foi_fileName":"Artikel_XXXVII.txt"},{"dc_format":"text/plain","dc_identifier":"nl.mnre1162.1a.2025.3.doc.41","dc_source":"https://wetten.overheid.nl/jci1.3:c:BWBR0051035&artikel=XXXVIII","dc_title":"Artikel XXXVIII","dc_type":"wetsartikel","foi_fileName":"Artikel_XXXVIII.txt"},{"dc_format":"text/plain","dc_identifier":"nl.mnre1162.1a.2025.3.doc.48","dc_source":"https://wetten.overheid.nl/jci1.3:c:BWBR0051035&artikel=XLV","dc_title":"Artkel XLV","dc_type":"wetsartikel","foi_fileName":"Artkel_XLV.txt"}],"foi_nrDocuments":58,"foi_nrPagesInDossier":0,"foi_publishedDate":"2025-06-17","foi_retrievedDate":"2025-07-08","foi_startDate":"2025-05-15","foi_updateDate":"2025-07-01"},{"dc_creator":"WooScraper_v1","dc_date_year":2025,"dc_description":"Regeling stimuleren uitstroom vergunninghouders uit de asielopvang 2025","dc_identifier":"nl.mnre1162.1a.2025.4","dc_publisher":"mnre1162","dc_source":"https://wetten.overheid.nl/BWBR0051407","dc_title":"Regeling stimuleren uitstroom vergunninghouders uit de asielopvang 2025","dc_type":"1a","dc_type_description":"Wet/algemeen verbindend voorschrift","foi_fairiscoreVersions":{"v1":null,"v2":null},"foi_files":[{"dc_format":"text/plain","dc_identifier":"nl.mnre1162.1a.2025.4.doc.1","dc_source":"https://wetten.overheid.nl/jci1.3:c:BWBR0051407&artikel=1","dc_title":"Artikel 1","dc_type":"wetsartikel","foi_fileName":"Artikel_1.txt","foi_nrPages":1},{"dc_format":"text/plain","dc_identifier":"nl.mnre1162.1a.2025.4.doc.2","dc_source":"https://wetten.overheid.nl/jci1.3:c:BWBR0051407&artikel=2","dc_title":"Artikel 2","dc_type":"wetsartikel","foi_fileName":"Artikel_2.txt","foi_nrPages":1},{"dc_format":"text/plain","dc_identifier":"nl.mnre1162.1a.2025.4.doc.3","dc_source":"https://wetten.overheid.nl/jci1.3:c:BWBR0051407&artikel=3","dc_title":"Artikel 3","dc_type":"wetsartikel","foi_fileName":"Artikel_3.txt","foi_nrPages":1},{"dc_format":"text/plain","dc_identifier":"nl.mnre1162.1a.2025.4.doc.4","dc_source":"https://wetten.overheid.nl/jci1.3:c:BWBR0051407&artikel=4","dc_title":"Artikel 4","dc_type":"wetsartikel","foi_fileName":"Artikel_4.txt","foi_nrPages":1},{"dc_format":"text/plain","dc_identifier":"nl.mnre1162.1a.2025.4.doc.5","dc_source":"https://wetten.overheid.nl/jci1.3:c:BWBR0051407&artikel=5","dc_title":"Artikel 5","dc_type":"wetsartikel","foi_fileName":"Artikel_5.txt","foi_nrPages":1},{"dc_format":"text/plain","dc_identifier":"nl.mnre1162.1a.2025.4.doc.6","dc_source":"https://wetten.overheid.nl/jci1.3:c:BWBR0051407&artikel=6","dc_title":"Artikel 6","dc_type":"wetsartikel","foi_fileName":"Artikel_6.txt","foi_nrPages":1},{"dc_format":"text/plain","dc_identifier":"nl.mnre1162.1a.2025.4.doc.7","dc_source":"https://wetten.overheid.nl/jci1.3:c:BWBR0051407&artikel=7","dc_title":"Artikel 7","dc_type":"wetsartikel","foi_fileName":"Artikel_7.txt","foi_nrPages":1},{"dc_format":"text/plain","dc_identifier":"nl.mnre1162.1a.2025.4.doc.8","dc_source":"https://wetten.overheid.nl/jci1.3:c:BWBR0051407&artikel=8","dc_title":"Artikel 8","dc_type":"wetsartikel","foi_fileName":"Artikel_8.txt","foi_nrPages":1}],"foi_nrDocuments":8,"foi_nrPagesInDossier":8,"foi_publishedDate":"2025-08-21","foi_retrievedDate":"2025-08-23","foi_startDate":"2025-08-21","foi_updateDate":"2025-08-21"},{"dc_creator":"WooScraper_v1","dc_date_year":2025,"dc_description":"Regeling voortzetting mandaat, volmacht en machtiging Ministerie van Asiel en Migratie 2025","dc_identifier":"nl.mnre1162.1a.2025.5","dc_publisher":"mnre1162","dc_source":"https://wetten.overheid.nl/BWBR0051962","dc_title":"Regeling voortzetting mandaat, volmacht en machtiging Ministerie van Asiel en Migratie 2025","dc_type":"1a","dc_type_description":"Wet/algemeen verbindend voorschrift","foi_fairiscoreVersions":{"v1":null,"v2":null},"foi_files":[{"dc_format":"text/plain","dc_identifier":"nl.mnre1162.1a.2025.5.doc.1","dc_source":"https://wetten.overheid.nl/jci1.3:c:BWBR0051962&artikel=1","dc_title":"Artikel 1","dc_type":"wetsartikel","foi_fileName":"Artikel_1.txt","foi_nrPages":1},{"dc_format":"text/plain","dc_identifier":"nl.mnre1162.1a.2025.5.doc.2","dc_source":"https://wetten.overheid.nl/jci1.3:c:BWBR0051962&artikel=2","dc_title":"Artikel 2","dc_type":"wetsartikel","foi_fileName":"Artikel_2.txt","foi_nrPages":1},{"dc_format":"text/plain","dc_identifier":"nl.mnre1162.1a.2025.5.doc.3","dc_source":"https://wetten.overheid.nl/jci1.3:c:BWBR0051962&artikel=3","dc_title":"Artikel 3","dc_type":"wetsartikel","foi_fileName":"Artikel_3.txt","foi_nrPages":1}],"foi_nrDocuments":3,"foi_nrPagesInDossier":3,"foi_publishedDate":"2025-12-17","foi_retrievedDate":"2025-12-20","foi_startDate":"2025-12-16","foi_updateDate":"2025-12-16"},{"dc_creator":"WooScraper_v1","dc_date_year":2026,"dc_description":"Wijzigingsregeling Subsidieregeling ondersteuning zelfstandig vertrek 2023 (derde wijziging)","dc_identifier":"nl.mnre1162.1a.2026.1","dc_publisher":"mnre1162","dc_source":"https://wetten.overheid.nl/BWBR0052186","dc_title":"Wijzigingsregeling Subsidieregeling ondersteuning zelfstandig vertrek 2023 (derde wijziging)","dc_type":"1a","dc_type_description":"Wet/algemeen verbindend voorschrift","foi_fairiscoreVersions":{"v1":null,"v2":null},"foi_files":[{"dc_format":"text/plain","dc_identifier":"nl.mnre1162.1a.2026.1.doc.1","dc_source":"https://wetten.overheid.nl/jci1.3:c:BWBR0052186&artikel=I","dc_title":"Artikel I","dc_type":"wetsartikel","foi_fileName":"Artikel_I.txt","foi_nrPages":1},{"dc_format":"text/plain","dc_identifier":"nl.mnre1162.1a.2026.1.doc.2","dc_source":"https://wetten.overheid.nl/jci1.3:c:BWBR0052186&artikel=II","dc_title":"Artikel II","dc_type":"wetsartikel","foi_fileName":"Artikel_II.txt","foi_nrPages":1},{"dc_format":"text/plain","dc_identifier":"nl.mnre1162.1a.2026.1.doc.3","dc_source":"https://wetten.overheid.nl/jci1.3:c:BWBR0052186&artikel=III","dc_title":"Artikel III","dc_type":"wetsartikel","foi_fileName":"Artikel_III.txt","foi_nrPages":1}],"foi_nrDocuments":3,"foi_nrPagesInDossier":3,"foi_publishedDate":"2026-01-16","foi_retrievedDate":"2026-01-20","foi_startDate":"2026-01-16","foi_updateDate":"2026-01-16"},{"dc_creator":"WooScraper_v1","dc_date_year":2026,"dc_description":"Tijdelijke regeling stimuleren uitstroom vergunninghouders uit de asielopvang 2026","dc_identifier":"nl.mnre1162.1a.2026.2","dc_publisher":"mnre1162","dc_source":"https://wetten.overheid.nl/BWBR0052215","dc_title":"Tijdelijke regeling stimuleren uitstroom vergunninghouders uit de asielopvang 2026","dc_type":"1a","dc_type_description":"Wet/algemeen verbindend voorschrift","foi_fairiscoreVersions":{"v1":null,"v2":null},"foi_files":[{"dc_format":"text/plain","dc_identifier":"nl.mnre1162.1a.2026.2.doc.1","dc_source":"https://wetten.overheid.nl/jci1.3:c:BWBR0052215&artikel=1","dc_title":"Artikel 1","dc_type":"wetsartikel","foi_fileName":"Artikel_1.txt","foi_nrPages":1},{"dc_format":"text/plain","dc_identifier":"nl.mnre1162.1a.2026.2.doc.2","dc_source":"https://wetten.overheid.nl/jci1.3:c:BWBR0052215&artikel=2","dc_title":"Artikel 2","dc_type":"wetsartikel","foi_fileName":"Artikel_2.txt","foi_nrPages":1},{"dc_format":"text/plain","dc_identifier":"nl.mnre1162.1a.2026.2.doc.3","dc_source":"https://wetten.overheid.nl/jci1.3:c:BWBR0052215&artikel=3","dc_title":"Artikel 3","dc_type":"wetsartikel","foi_fileName":"Artikel_3.txt","foi_nrPages":1},{"dc_format":"text/plain","dc_identifier":"nl.mnre1162.1a.2026.2.doc.4","dc_source":"https://wetten.overheid.nl/jci1.3:c:BWBR0052215&artikel=4","dc_title":"Artikel 4","dc_type":"wetsartikel","foi_fileName":"Artikel_4.txt","foi_nrPages":1},{"dc_format":"text/plain","dc_identifier":"nl.mnre1162.1a.2026.2.doc.5","dc_source":"https://wetten.overheid.nl/jci1.3:c:BWBR0052215&artikel=5","dc_title":"Artikel 5","dc_type":"wetsartikel","foi_fileName":"Artikel_5.txt","foi_nrPages":1},{"dc_format":"text/plain","dc_identifier":"nl.mnre1162.1a.2026.2.doc.6","dc_source":"https://wetten.overheid.nl/jci1.3:c:BWBR0052215&artikel=6","dc_title":"Artikel 6","dc_type":"wetsartikel","foi_fileName":"Artikel_6.txt","foi_nrPages":1},{"dc_format":"text/plain","dc_identifier":"nl.mnre1162.1a.2026.2.doc.7","dc_source":"https://wetten.overheid.nl/jci1.3:c:BWBR0052215&artikel=7","dc_title":"Artikel 7","dc_type":"wetsartikel","foi_fileName":"Artikel_7.txt","foi_nrPages":1},{"dc_format":"text/plain","dc_identifier":"nl.mnre1162.1a.2026.2.doc.8","dc_source":"https://wetten.overheid.nl/jci1.3:c:BWBR0052215&artikel=8","dc_title":"Artikel 8","dc_type":"wetsartikel","foi_fileName":"Artikel_8.txt","foi_nrPages":1},{"dc_format":"text/plain","dc_identifier":"nl.mnre1162.1a.2026.2.doc.9","dc_source":"https://wetten.overheid.nl/jci1.3:c:BWBR0052215&artikel=9","dc_title":"Artikel 9","dc_type":"wetsartikel","foi_fileName":"Artikel_9.txt","foi_nrPages":1}],"foi_nrDocuments":9,"foi_nrPagesInDossier":9,"foi_publishedDate":"2026-01-29","foi_retrievedDate":"2026-02-01","foi_startDate":"2026-01-28","foi_updateDate":"2026-01-28"},{"dc_creator":"WooScraper_v1","dc_date_year":2026,"dc_description":"Locaties Woo-documenten Asiel en Migratie","dc_identifier":"nl.mnre1162.1e-i.2026.1","dc_publisher":"mnre1162","dc_source":"https://organisaties.overheid.nl/woo/29481986/Asiel_en_Migratie#locaties-woo-documenten","dc_title":"Locaties Woo-documenten Asiel en Migratie","dc_type":"1e-i","dc_type_description":"Verwijsindex","foi_fairiscoreVersions":{"v1":null,"v2":null},"foi_files":[{"dc_description":"Het gaat hier om jaarverslagen over de voorgenomen uitvoering van de taak of verantwoording van die uitvoering. Hier gaat het om informatie op het niveau van het ministerie, haar diensten en haar agentschappen.","dc_identifier":"nl.mnre1162.1e-i.2026.1.doc.1","dc_source":"https://www.rijksfinancien.nl/","dc_title":"Jaarplannen en jaarverslagen","dc_type":"URL"},{"dc_description":"Alle geanonimiseerde Woo-besluiten voor het ministerie van AenM (met de openbaar gemaakte documenten).","dc_identifier":"nl.mnre1162.1e-i.2026.1.doc.2","dc_source":"https://www.rijksoverheid.nl/ministeries/ministerie-van-asiel-en-migratie/documenten?trefwoord=&startdatum=&einddatum=&onderdeel=Ministerie+van+Asiel+en+Migratie&type=Woo-besluit","dc_title":"Woo-verzoeken en -besluiten","dc_type":"URL"}],"foi_nrDocuments":2,"foi_nrPagesInDossier":0,"foi_retrievedDate":"2026-02-25","foi_updateDate":"2026-04-24","foi_wooIndexNrOfCategories":2,"foi_wooIndexRequestAddress":"Postbus 20301 2500 EH","foi_wooIndexRequestInfoURL":"https://www.rijksoverheid.nl/ministeries/ministerie-van-asiel-en-migratie/contact/woo-verzoek-indienen-bij-het-ministerie-van-aenm","foi_wooIndexRequestURL":"https://www.rijksoverheid.nl/ministeries/ministerie-van-asiel-en-migratie/contact/woo-verzoek-indienen-bij-het-ministerie-van-aenm","foi_wooIndexSomethingFilled":1,"foi_wooIndexURL":"https://organisaties.overheid.nl/woo/29481986/Asiel_en_Migratie"},{"dc_creator":"R0m4ndu","dc_date_year":2024,"dc_description":"Bereikbaarheidsgegevens Asiel en Migratie (1e).","dc_identifier":"nl.mnre1162.1e.8011.1","dc_publisher":"mnre1162","dc_source":"https://organisaties.overheid.nl/archive/exportOO.xml","dc_title":"Ministerie - Asiel en Migratie","dc_type":"1e","dc_type_description":"Bereikbaarheidsgegevens","foaf_homepage":"https://www.rijksoverheid.nl/ministeries/ministerie-van-asiel-en-migratie","foaf_name":"Asiel en Migratie","foaf_phone":"(070) 370 79 11","foi_files":[],"foi_function":"8011","foi_functionDescription":"Organisatie","foi_mailAddress":"20301 2500 EH Den Haag","foi_nrDocuments":0,"foi_nrPagesInDossier":0,"foi_retrievedDate":"2026-02-21","foi_startDate":"2024-07-02","foi_updateDate":"2026-02-16","foi_visitAddress":"Turfmarkt 147 2511 DP Den Haag","foi_wikipedia":"https://nl.wikipedia.org/wiki/Ministerie_van_Asiel_en_Migratie"},{"dc_creator":"R0m4ndu","dc_date_year":2026,"dc_description":"Bereikbaarheidsgegevens van David van Weel, Minister van Asiel en Migratie voor VVD in de Asiel en Migratie","dc_identifier":"nl.mnre1162.1e.8012.16","dc_publisher":"mnre1162","dc_source":"https://organisaties.overheid.nl/archive/exportOO.xml","dc_title":"David van Weel - Minister van Asiel en Migratie (VVD)","dc_type":"1e","dc_type_description":"Bereikbaarheidsgegevens","foaf_firstName":"David","foaf_homepage":"https://www.rijksoverheid.nl/regering/bewindspersonen/david-van-weel","foaf_initials":"D.M.","foaf_lastName":"van Weel","foaf_name":"David van Weel","foi_academicTitle":"dhr.","foi_files":[],"foi_function":"8012","foi_functionDescription":"Minister","foi_nrDocuments":0,"foi_nrPagesInDossier":0,"foi_party":"VVD","foi_partyName":"VVD","foi_rawFunction":"Minister van Asiel en Migratie","foi_retrievedDate":"2026-02-21","foi_startDate":"2025-06-03"},{"dc_creator":"R0m4ndu","dc_date_year":2026,"dc_description":"Bereikbaarheidsgegevens van Mona Keijzer, Minister voor Asiel en Migratie voor BBB in de Asiel en Migratie","dc_identifier":"nl.mnre1162.1e.8012.17","dc_publisher":"mnre1162","dc_source":"https://organisaties.overheid.nl/archive/exportOO.xml","dc_title":"Mona Keijzer - Minister voor Asiel en Migratie (BBB)","dc_type":"1e","dc_type_description":"Bereikbaarheidsgegevens","foaf_firstName":"Mona","foaf_homepage":"https://www.rijksoverheid.nl/regering/bewindspersonen/mona-keijzer","foaf_initials":"M.C.G.","foaf_lastName":"Keijzer","foaf_name":"Mona Keijzer","foi_academicTitle":"mw. mr. drs.","foi_files":[],"foi_function":"8012","foi_functionDescription":"Minister","foi_nrDocuments":0,"foi_nrPagesInDossier":0,"foi_party":"BBB","foi_partyName":"BBB","foi_rawFunction":"Minister voor Asiel en Migratie","foi_retrievedDate":"2026-02-21","foi_startDate":"2025-06-03"},{"dc_creator":"WooScraper_v1","dc_date_year":2024,"dc_description":"Hoort bij <a href='https://open.overheid.nl/Details/dpc-df12c279e411734799d81dca6a88c71131f3eb7f/3'>Kamerbrief over opvangcapaciteit aanmeldcentrum Ter Apel</a>. \n               Minister Faber - Van de Klashorst (Asiel en Migratie) informeert de Tweede Kamer over\n               de stand van zaken van de opvangcapaciteit op de opvanglocatie bij het aanmeldcentrum\n               in Ter Apel. De bezetting ligt boven het afgesproken maximum van 2.000 personen. ","dc_identifier":"nl.mnre1162.2e-b.2024.1","dc_publisher":"mnre1162","dc_source":"https://open.overheid.nl/Details/dpc-7f2e01ebdd493ba6c3ea4f62778f8979629bec41/3","dc_title":"Beslisnota bij Kamerbrief over opvangcapaciteit aanmeldcentrum Ter Apel","dc_type":"2e-b","dc_type_description":"Advies: Beslisnota","foi_decisionDate":"2024-09-04","foi_fairiscoreVersions":{"v1":1,"v2":1},"foi_files":[{"dc_format":"application/pdf","dc_identifier":"nl.mnre1162.2e-b.2024.1.doc.1","dc_source":"https://open.overheid.nl/documenten/dpc-7f2e01ebdd493ba6c3ea4f62778f8979629bec41/pdf","dc_title":"tk-beslisnota-bij-asielzoekers-uit-ter-apel","dc_type":"bijlage","foi_fairiscoreVersions":{"v1":1,"v2":1},"foi_fileName":"tk-beslisnota-bij-asielzoekers-uit-ter-apel.pdf","foi_nrPages":1}],"foi_nrDocuments":1,"foi_nrPagesInDossier":1,"foi_publishedDate":"2024-09-04","foi_retrievedDate":"2024-09-16","tooiwl_topic":"migratie"},{"dc_creator":"WooScraper_v1","dc_date_year":2024,"dc_description":"Hoort bij <a href='https://open.overheid.nl/Details/dpc-ccd3617c06db93f92558526af42420d317e29fc6/4'>Verzamelbrief asielopvang oktober 2024</a>. \n               Minister Faber (AenM) informeert de Tweede Kamer over de stand van zaken bij de asielopvang.\n               Zij gaat daarbij in op enkele moties en toezeggingen.","dc_identifier":"nl.mnre1162.2e-b.2024.10","dc_publisher":"mnre1162","dc_source":"https://open.overheid.nl/Details/dpc-476ad22028c3b8e7d3d3b5ac076024073e957fa6/4","dc_title":"Beslisnota bij Verzamelbrief asielopvang oktober 2024","dc_type":"2e-b","dc_type_description":"Advies: Beslisnota","foi_decisionDate":"2024-10-25","foi_fairiscoreVersions":{"v1":1,"v2":1},"foi_files":[{"dc_format":"application/pdf","dc_identifier":"nl.mnre1162.2e-b.2024.10.doc.1","dc_source":"https://open.overheid.nl/documenten/dpc-476ad22028c3b8e7d3d3b5ac076024073e957fa6/pdf","dc_title":"tk-beslisnota-bij-kamerbrief-verzamelbrief-opvang","dc_type":"bijlage","foi_fairiscoreVersions":{"v1":1,"v2":1},"foi_fileName":"tk-beslisnota-bij-kamerbrief-verzamelbrief-opvang.pdf","foi_nrPages":2}],"foi_nrDocuments":1,"foi_nrPagesInDossier":2,"foi_publishedDate":"2024-10-25","foi_retrievedDate":"2024-10-29","tooiwl_topic":"migratie"},{"dc_creator":"WooScraper_v1","dc_date_year":2024,"dc_description":"Hoort bij <a href='https://open.overheid.nl/Details/dpc-081d4cb13249ad2765b3e6be2f9088ae59299303/3'>Kamerbrief bij notificatie herinvoering binnengrenstoezicht Nederland</a>. Minister Faber (Asiel en Migratie) stuurt de Tweede Kamer de 'Notification of reintroduction\n               of border control at internal borders of the Netherlands'. Ook stuurt zij een afschrift\n               van haar brief aan leden van de Europese Commissie en de Raad van Europa. In de Kamerbrief\n               geeft zij een toelichting op de herinvoering van de controle aan de Nederlandse grens.","dc_identifier":"nl.mnre1162.2e-b.2024.11","dc_publisher":"mnre1162","dc_source":"https://open.overheid.nl/Details/dpc-d917314707487c850efafb843e509ce69f840bae/3","dc_title":"Beslisnota bij Kamerbrief bij notificatie herinvoering binnengrenstoezicht Nederland","dc_type":"2e-b","dc_type_description":"Advies: Beslisnota","foi_decisionDate":"2024-11-11","foi_fairiscoreVersions":{"v1":1,"v2":1},"foi_files":[{"dc_format":"application/pdf","dc_identifier":"nl.mnre1162.2e-b.2024.11.doc.1","dc_source":"https://open.overheid.nl/documenten/dpc-d917314707487c850efafb843e509ce69f840bae/pdf","dc_title":"tk-beslisnota-bij-herinvoering-binnengrenstoezicht","dc_type":"bijlage","foi_fairiscoreVersions":{"v1":1,"v2":1},"foi_fileName":"tk-beslisnota-bij-herinvoering-binnengrenstoezicht.pdf","foi_nrPages":3}],"foi_nrDocuments":1,"foi_nrPagesInDossier":3,"foi_publishedDate":"2024-11-11","foi_retrievedDate":"2024-11-12","tooiwl_topic":"migratie"},{"dc_creator":"WooScraper_v1","dc_date_year":2024,"dc_description":"Hoort bij <a href='https://open.overheid.nl/Details/dpc-8cbbd3a514c37006298308966de3f7010254fbd6/4'>Kamerbrief met reactie op informatieverzoek Centrum voor Transculturele Psychiatrie\n                  Veldzicht</a>. \n               Minister Faber (Asiel en Migratie) en staatssecretaris Coenradie (JenV) reageren op\n               een informatieverzoek van de Tweede Kamerleden Podt (D66) en Van Nispen (SP). Het\n               verzoek ging over signalen dat het Centrum voor Transculturele Psychiatrie (CTP) Veldzicht\n               zou gaan stoppen met het opnemen van bewoners van het Centraal Orgaan opvang asielzoekers\n               (COA) met ernstige psychiatrische problematiek.","dc_identifier":"nl.mnre1162.2e-b.2024.12","dc_publisher":"mnre1162","dc_source":"https://open.overheid.nl/Details/dpc-6038f2bf72f3614dd84ec6c56fcf20689c07b765/4","dc_title":"Beslisnota bij Kamerbrief met reactie op informatieverzoek Centrum voor Transculturele Psychiatrie Veldzicht","dc_type":"2e-b","dc_type_description":"Advies: Beslisnota","foi_decisionDate":"2024-10-08","foi_fairiscoreVersions":{"v1":1,"v2":1},"foi_files":[{"dc_format":"application/pdf","dc_identifier":"nl.mnre1162.2e-b.2024.12.doc.1","dc_source":"https://open.overheid.nl/documenten/dpc-6038f2bf72f3614dd84ec6c56fcf20689c07b765/pdf","dc_title":"tk-beslisnota-bij-kamerbrief-informatieverzoek-van-het-lid-podt-over-veldzicht","dc_type":"verzoek","foi_fairiscoreVersions":{"v1":1,"v2":1},"foi_fileName":"tk-beslisnota-bij-kamerbrief-informatieverzoek-van-het-lid-podt-over-veldzicht.pdf","foi_nrPages":1}],"foi_nrDocuments":1,"foi_nrPagesInDossier":1,"foi_publishedDate":"2024-10-02","foi_retrievedDate":"2024-11-16","tooiwl_topic":"migratie"},{"dc_creator":"WooScraper_v1","dc_date_year":2024,"dc_description":"Hoort bij <a href='https://open.overheid.nl/Details/dpc-6708a8bd1a0c79e73591daa357083139cd636a80/4'>Kamerbrief over wijzigingen asielbeleid omringende landen 2e kwartaal 2024</a>. Minister Faber (Asiel en Migratie) stuurt de Tweede Kamer een brief met een rapportage\n               over wijzigingen in het asielbeleid van een aantal Europese lidstaten. Het gaat om\n               de landen Oostenrijk, Belgi\u00eb, Frankrijk, Duitsland en Zweden. De rapportage gaat over\n               de periode van april tot en met juni 2024 (2e kwartaal).","dc_identifier":"nl.mnre1162.2e-b.2024.13","dc_publisher":"mnre1162","dc_source":"https://open.overheid.nl/Details/dpc-7a6f5c9adce6d003aaceaa5d45a6625622e117ed/4","dc_title":"Beslisnota bij Kamerbrief over wijzigingen asielbeleid omringende landen 2e kwartaal 2024","dc_type":"2e-b","dc_type_description":"Advies: Beslisnota","foi_decisionDate":"2024-10-09","foi_fairiscoreVersions":{"v1":1,"v2":1},"foi_files":[{"dc_format":"application/pdf","dc_identifier":"nl.mnre1162.2e-b.2024.13.doc.1","dc_source":"https://open.overheid.nl/documenten/dpc-7a6f5c9adce6d003aaceaa5d45a6625622e117ed/pdf","dc_title":"tk-beslisnota-bij-rapportage-wijzigingen-in-het-asielbeleid-in-omringende-landen","dc_type":"bijlage","foi_fairiscoreVersions":{"v1":1,"v2":1},"foi_fileName":"tk-beslisnota-bij-rapportage-wijzigingen-in-het-asielbeleid-in-omringende-landen.pdf","foi_nrPages":9}],"foi_nrDocuments":1,"foi_nrPagesInDossier":9,"foi_publishedDate":"2024-10-09","foi_retrievedDate":"2024-11-16","tooiwl_topic":"migratie"},{"dc_creator":"WooScraper_v1","dc_date_year":2024,"dc_description":"Hoort bij <a href='https://open.overheid.nl/Details/dpc-774f7a1fc836aff93fb6e2817d3f2034370a159b/3'>Kamerbrief over evaluatie Wet biometrie in de vreemdelingenketen</a>. Minister Faber (AenM) informeert de Tweede Kamer over de evaluatie van de Wet biometrie\n               in de vreemdelingenketen. Zij gaat in op de antwoorden die de evaluatie op de vragen\n               in de brief geeft. Ook gaat de minister in op de doeltreffendheid en de eventuele\n               voortzetting van de wet.","dc_identifier":"nl.mnre1162.2e-b.2024.14","dc_publisher":"mnre1162","dc_source":"https://open.overheid.nl/Details/dpc-aa78b2efd1de4de92c77b212fba88a71afde871b/3","dc_title":"Beslisnota bij Kamerbrief over evaluatie Wet biometrie in de vreemdelingenketen","dc_type":"2e-b","dc_type_description":"Advies: Beslisnota","foi_decisionDate":"2024-11-08","foi_fairiscoreVersions":{"v1":1,"v2":1},"foi_files":[{"dc_format":"application/pdf","dc_identifier":"nl.mnre1162.2e-b.2024.14.doc.1","dc_source":"https://open.overheid.nl/documenten/dpc-aa78b2efd1de4de92c77b212fba88a71afde871b/pdf","dc_title":"tk-beslisnota-bij-evaluatie-wet-biometrie-in-de-vreemdelingenketen","dc_type":"bijlage","foi_fairiscoreVersions":{"v1":1,"v2":1},"foi_fileName":"tk-beslisnota-bij-evaluatie-wet-biometrie-in-de-vreemdelingenketen.pdf","foi_nrPages":5}],"foi_nrDocuments":1,"foi_nrPagesInDossier":5,"foi_publishedDate":"2024-09-17","foi_retrievedDate":"2024-11-27","tooiwl_topic":"migratie"},{"dc_creator":"WooScraper_v1","dc_date_year":2024,"dc_description":"Hoort bij <a href='https://open.overheid.nl/Details/dpc-158511504fc4364c69177751076b493ef1a8fc4e/4'>Aanbiedingsbrief bij afschrift Kamerbrief Tweede Kamer over planning wetgeving hoofdstuk\n                  2 Regeerprogramma</a>. Minister Faber (AenM) stuurt de Eerste Kamer een afschrift van de Tweede Kamerbrief\n               van 14 november 2024. De Tweede Kamerbrief ging over de planning van wetgeving op\n               het gebied van asiel en migratie.","dc_identifier":"nl.mnre1162.2e-b.2024.15","dc_publisher":"mnre1162","dc_source":"https://open.overheid.nl/Details/dpc-eb809bb91e6b737c7bbcb3789e69af3aa05c68fb/4","dc_title":"Beslisnota bij Aanbiedingsbrief afschrift Kamerbrief Tweede Kamer over planning wetgeving hoofdstuk 2 Regeerprogramma","dc_type":"2e-b","dc_type_description":"Advies: Beslisnota","foi_decisionDate":"2024-11-22","foi_fairiscoreVersions":{"v1":1,"v2":1},"foi_files":[{"dc_format":"application/pdf","dc_identifier":"nl.mnre1162.2e-b.2024.15.doc.1","dc_source":"https://open.overheid.nl/documenten/dpc-eb809bb91e6b737c7bbcb3789e69af3aa05c68fb/pdf","dc_title":"ek-beslisnota-bij-planning-wetgeving-hoofdstuk-2-regeerprogramma","dc_type":"bijlage","foi_fairiscoreVersions":{"v1":1,"v2":1},"foi_fileName":"ek-beslisnota-bij-planning-wetgeving-hoofdstuk-2-regeerprogramma.pdf","foi_nrPages":2}],"foi_nrDocuments":1,"foi_nrPagesInDossier":2,"foi_publishedDate":"2024-11-11","foi_retrievedDate":"2024-11-27","tooiwl_topic":"migratie"},{"dc_creator":"WooScraper_v1","dc_date_year":2024,"dc_description":"Hoort bij <a href='https://open.overheid.nl/Details/dpc-c0bec53a526caba746d15de26a4442ad461df320/2'>Kamerbrief over landenbeleid Pakistan</a>. Minister Faber (AenM) informeert de Tweede Kamer over wijzigingen in het landgebonden\n               asielbeleid voor Pakistan. Deze wijzigingen zijn gebaseerd op het algemeen ambtsbericht\n               van 5 juli 2024 over de (veiligheids)situatie in Pakistan.","dc_identifier":"nl.mnre1162.2e-b.2024.16","dc_publisher":"mnre1162","dc_source":"https://open.overheid.nl/Details/dpc-5647e0fa1a17d86576e185dfed05f2ec9402530b/2","dc_title":"Beslisnota bij Kamerbrief over landenbeleid Pakistan","dc_type":"2e-b","dc_type_description":"Advies: Beslisnota","foi_decisionDate":"2024-11-26","foi_fairiscoreVersions":{"v1":1,"v2":1},"foi_files":[{"dc_format":"application/pdf","dc_identifier":"nl.mnre1162.2e-b.2024.16.doc.1","dc_source":"https://open.overheid.nl/documenten/dpc-5647e0fa1a17d86576e185dfed05f2ec9402530b/pdf","dc_title":"tk-beslisnota-bij-landenbeleid-pakistan","dc_type":"bijlage","foi_fairiscoreVersions":{"v1":1,"v2":1},"foi_fileName":"tk-beslisnota-bij-landenbeleid-pakistan.pdf","foi_nrPages":8}],"foi_nrDocuments":1,"foi_nrPagesInDossier":8,"foi_publishedDate":"2024-09-18","foi_retrievedDate":"2024-11-27","tooiwl_topic":"migratie"},{"dc_creator":"WooScraper_v1","dc_date_year":2024,"dc_description":"Hoort bij <a href='https://open.overheid.nl/Details/dpc-801ef82b8e39169af747db408431fdacd80c4e4b/4'>Aanbiedingsbrief bij antwoorden op Kamervragen over het Entry/Exit System (EES)</a>. Minister Faber (AenM) stuurt de Eerste Kamer de antwoorden op vragen over het uitstel\n               van de invoering van het Entry/Exit System (EES). De vaste Eerste Kamercommissies\n               voor Immigratie en Asiel/JBZ-Raad hebben de vragen gesteld.","dc_identifier":"nl.mnre1162.2e-b.2024.17","dc_publisher":"mnre1162","dc_source":"https://open.overheid.nl/Details/dpc-6e7ed0a22cb4485484e3f7278865e1b27d8a3505/4","dc_title":"Beslisnota bij antwoorden op Kamervragen over het Entry/Exit System (EES)","dc_type":"2e-b","dc_type_description":"Advies: Beslisnota","foi_decisionDate":"2024-11-12","foi_fairiscoreVersions":{"v1":1,"v2":1},"foi_files":[{"dc_format":"application/pdf","dc_identifier":"nl.mnre1162.2e-b.2024.17.doc.1","dc_source":"https://open.overheid.nl/documenten/dpc-6e7ed0a22cb4485484e3f7278865e1b27d8a3505/pdf","dc_title":"ek-beslisnota-bij-kamervragen-eerste-kamer-inzake-uitstel-van-het-entry-exit-system-ees-","dc_type":"bijlage","foi_fairiscoreVersions":{"v1":1,"v2":1},"foi_fileName":"ek-beslisnota-bij-kamervragen-eerste-kamer-inzake-uitstel-van-het-entry-exit-system-ees-.pdf","foi_nrPages":2}],"foi_nrDocuments":1,"foi_nrPagesInDossier":2,"foi_publishedDate":"2024-10-27","foi_retrievedDate":"2024-11-28","tooiwl_topic":"migratie"},{"dc_creator":"WooScraper_v1","dc_date_year":2024,"dc_description":"Hoort bij <a href='https://open.overheid.nl/Details/acb22c59-f223-408f-b69d-e6a45bb72ff0/3'>Aanbiedingsbrief informatievoorziening nieuwe Commissievoorstellen</a>. Minister Veldkamp (BZ) biedt de Tweede Kamer 2 fiches aan van de werkgroep Beoordeling\n               Nieuwe Commissie voorstellen (BNC). Fiche 1 Verordening identiteitskaart gebaseerde\n               reiscredentials; Fiche 2 Verordening EU-reisapplicatie. Eenzelfde brief is naar de\n               Eerste Kamer gestuurd.","dc_identifier":"nl.mnre1162.2e-b.2024.18","dc_publisher":"mnre1162","dc_source":"https://open.overheid.nl/Details/097f10c9-4276-4095-9683-c316d1ab107f/3","dc_title":"Beslisnota AenM bij fiche 2 - Verordering EU-reisapplicaatie","dc_type":"2e-b","dc_type_description":"Advies: Beslisnota","foi_fairiscoreVersions":{"v1":1,"v2":1},"foi_files":[{"dc_format":"application/pdf","dc_identifier":"nl.mnre1162.2e-b.2024.18.doc.1","dc_source":"https://open.overheid.nl/documenten/097f10c9-4276-4095-9683-c316d1ab107f/file","dc_title":"Beslisnota bij fiche 2 - verordering EU-reisapplicaatie AenM","dc_type":"bijlage","foi_fairiscoreVersions":{"v1":1,"v2":1},"foi_fileName":"Beslisnota bij fiche 2 - verordering EU-reisapplicaatie AenM.pdf","foi_nrPages":5}],"foi_nrDocuments":1,"foi_nrPagesInDossier":5,"foi_publishedDate":"2024-10-30","foi_retrievedDate":"2024-11-30","tooiwl_topic":"europese zaken"},{"dc_creator":"WooScraper_v1","dc_date_year":2024,"dc_description":"Hoort bij <a href='https://open.overheid.nl/Details/23404b87-0d83-43da-9981-9370ed946f0a/2'>Verzamelbrief over opvang Oekra\u00efne</a>. Minister Faber (AenM) informeert de Tweede Kamer over de bijgestelde prognose instroom\n               Oekra\u00efense ontheemden en wat dit betekent voor het benodigde aantal gemeentelijke\n               opvangplekken voor juli 2025. Ook gaat zij in op de wijzigingen in de normbedragen\n               onder de bekostigingsregeling opvang ontheemden Oekra\u00efne (BooO) en de voornemen om\n               in te zetten op meer duurzame opvang, die op termijn ook voor andere doelgroepen zoals\n               spoedzoekers en studenten beschikbaar zou kunnen komen. Tot slot gaat de brief in\n               op het verbeteren van de arbeidsmarktpositie van ontheemden uit Oekra\u00efne.","dc_identifier":"nl.mnre1162.2e-b.2024.19","dc_publisher":"mnre1162","dc_source":"https://open.overheid.nl/Details/9a742c7c-80b8-464f-a166-03c102fa5e51/2","dc_title":"Beslisnota Prognose instroom Oekra\u00efense ontheemden voor de tweede helft van 2024 (week 34 t/m 52)","dc_type":"2e-b","dc_type_description":"Advies: Beslisnota","foi_fairiscoreVersions":{"v1":1,"v2":1},"foi_files":[{"dc_format":"application/pdf","dc_identifier":"nl.mnre1162.2e-b.2024.19.doc.1","dc_source":"https://open.overheid.nl/documenten/9a742c7c-80b8-464f-a166-03c102fa5e51/file","dc_title":"TK Bijlage 1 De prognose instroom Oekraiense ontheemden","dc_type":"bijlage","foi_fairiscoreVersions":{"v1":1,"v2":1},"foi_fileName":"TK Bijlage 1 De prognose instroom Oekraiense ontheemden.pdf","foi_nrPages":5}],"foi_nrDocuments":1,"foi_nrPagesInDossier":5,"foi_publishedDate":"2024-09-12","foi_retrievedDate":"2024-11-30","tooiwl_topic":"internationale betrekkingen"},{"dc_creator":"WooScraper_v1","dc_date_year":2024,"dc_description":"Hoort bij <a href='https://open.overheid.nl/Details/dpc-1ce68c1f343ce5ad00f91019c0a429e73f37f5f6/3'>Kamerbrief over bewaartermijnen bij het gebruik van biometrie bij automatische grenscontroles</a>. Minister Faber - Van de Klashorst (Asiel en Migratie) stuurt de Tweede Kamer een toelichting\n               over de lengte van de bewaartermijn bij het gebruik van biometrische gegevens voor\n               automatische grenscontroles. ","dc_identifier":"nl.mnre1162.2e-b.2024.2","dc_publisher":"mnre1162","dc_source":"https://open.overheid.nl/Details/dpc-ed61e5386f18d3e371a2dc6c486077bc55e13e1b/3","dc_title":"Beslisnota bij Kamerbrief over bewaartermijnen bij het gebruik van biometrie bij automatische grenscontroles","dc_type":"2e-b","dc_type_description":"Advies: Beslisnota","foi_decisionDate":"2024-09-24","foi_fairiscoreVersions":{"v1":1,"v2":1},"foi_files":[{"dc_format":"application/pdf","dc_identifier":"nl.mnre1162.2e-b.2024.2.doc.1","dc_source":"https://open.overheid.nl/documenten/dpc-ed61e5386f18d3e371a2dc6c486077bc55e13e1b/pdf","dc_title":"tk-beslisnota-bij-kamerbrief-over-bewaartermijnen-bij-het-gebruik-van-biometrie-bij-automatische-grenscontroles","dc_type":"bijlage","foi_fairiscoreVersions":{"v1":1,"v2":1},"foi_fileName":"tk-beslisnota-bij-kamerbrief-over-bewaartermijnen-bij-het-gebruik-van-biometrie-bij-automatische-grenscontroles.pdf","foi_nrPages":2}],"foi_nrDocuments":1,"foi_nrPagesInDossier":2,"foi_publishedDate":"2024-09-24","foi_retrievedDate":"2024-09-24","tooiwl_topic":"migratie"},{"dc_creator":"WooScraper_v1","dc_date_year":2024,"dc_description":"Hoort bij <a href='https://open.overheid.nl/Details/23404b87-0d83-43da-9981-9370ed946f0a/2'>Verzamelbrief over opvang Oekra\u00efne</a>. Minister Faber (AenM) informeert de Tweede Kamer over de bijgestelde prognose instroom\n               Oekra\u00efense ontheemden en wat dit betekent voor het benodigde aantal gemeentelijke\n               opvangplekken voor juli 2025. Ook gaat zij in op de wijzigingen in de normbedragen\n               onder de bekostigingsregeling opvang ontheemden Oekra\u00efne (BooO) en de voornemen om\n               in te zetten op meer duurzame opvang, die op termijn ook voor andere doelgroepen zoals\n               spoedzoekers en studenten beschikbaar zou kunnen komen. Tot slot gaat de brief in\n               op het verbeteren van de arbeidsmarktpositie van ontheemden uit Oekra\u00efne.","dc_identifier":"nl.mnre1162.2e-b.2024.20","dc_publisher":"mnre1162","dc_source":"https://open.overheid.nl/Details/71122521-6b45-4361-8aab-6b12fce94b0b/2","dc_title":"Beslisnota Wijziging Bekostigingsregeling opvang ontheemden Oekra\u00efne (BooO) naar aanleiding van kostprijsonderzoek","dc_type":"2e-b","dc_type_description":"Advies: Beslisnota","foi_fairiscoreVersions":{"v1":1,"v2":1},"foi_files":[{"dc_format":"application/pdf","dc_identifier":"nl.mnre1162.2e-b.2024.20.doc.1","dc_source":"https://open.overheid.nl/documenten/71122521-6b45-4361-8aab-6b12fce94b0b/file","dc_title":"TK Bijlage 4 Beslisnota Bekostigingsregeling opvang ontheemden uit Oekraine","dc_type":"bijlage","foi_fairiscoreVersions":{"v1":1,"v2":1},"foi_fileName":"TK Bijlage 4 Beslisnota Bekostigingsregeling opvang ontheemden uit Oekraine.pdf","foi_nrPages":10}],"foi_nrDocuments":1,"foi_nrPagesInDossier":10,"foi_publishedDate":"2024-09-30","foi_retrievedDate":"2024-11-30","tooiwl_topic":"internationale betrekkingen"},{"dc_creator":"WooScraper_v1","dc_date_year":2024,"dc_description":"Hoort bij <a href='https://open.overheid.nl/Details/23404b87-0d83-43da-9981-9370ed946f0a/2'>Verzamelbrief over opvang Oekra\u00efne</a>. Minister Faber (AenM) informeert de Tweede Kamer over de bijgestelde prognose instroom\n               Oekra\u00efense ontheemden en wat dit betekent voor het benodigde aantal gemeentelijke\n               opvangplekken voor juli 2025. Ook gaat zij in op de wijzigingen in de normbedragen\n               onder de bekostigingsregeling opvang ontheemden Oekra\u00efne (BooO) en de voornemen om\n               in te zetten op meer duurzame opvang, die op termijn ook voor andere doelgroepen zoals\n               spoedzoekers en studenten beschikbaar zou kunnen komen. Tot slot gaat de brief in\n               op het verbeteren van de arbeidsmarktpositie van ontheemden uit Oekra\u00efne.","dc_identifier":"nl.mnre1162.2e-b.2024.21","dc_publisher":"mnre1162","dc_source":"https://open.overheid.nl/Details/4169561a-1304-4717-bae4-f7fbf41ed08d/2","dc_title":"Beslisnota Beleidsmatige toelichting bij bijgestelde prognose instroom Oekra\u00efense ontheemden september 2024 opvangopgave en de opvangopgave","dc_type":"2e-b","dc_type_description":"Advies: Beslisnota","foi_fairiscoreVersions":{"v1":1,"v2":1},"foi_files":[{"dc_format":"application/pdf","dc_identifier":"nl.mnre1162.2e-b.2024.21.doc.1","dc_source":"https://open.overheid.nl/documenten/4169561a-1304-4717-bae4-f7fbf41ed08d/file","dc_title":"TK Bijlage 2 De beleidsmatige toelichting bij prognose instroom Oekraiense ontheemden","dc_type":"bijlage","foi_fairiscoreVersions":{"v1":1,"v2":1},"foi_fileName":"TK Bijlage 2 De beleidsmatige toelichting bij prognose instroom Oekraiense ontheemden.pdf","foi_nrPages":5}],"foi_nrDocuments":1,"foi_nrPagesInDossier":5,"foi_publishedDate":"2024-10-23","foi_retrievedDate":"2024-11-30","tooiwl_topic":"internationale betrekkingen"},{"dc_creator":"WooScraper_v1","dc_date_year":2024,"dc_description":"Hoort bij <a href='https://open.overheid.nl/Details/23404b87-0d83-43da-9981-9370ed946f0a/2'>Verzamelbrief over opvang Oekra\u00efne</a>. Minister Faber (AenM) informeert de Tweede Kamer over de bijgestelde prognose instroom\n               Oekra\u00efense ontheemden en wat dit betekent voor het benodigde aantal gemeentelijke\n               opvangplekken voor juli 2025. Ook gaat zij in op de wijzigingen in de normbedragen\n               onder de bekostigingsregeling opvang ontheemden Oekra\u00efne (BooO) en de voornemen om\n               in te zetten op meer duurzame opvang, die op termijn ook voor andere doelgroepen zoals\n               spoedzoekers en studenten beschikbaar zou kunnen komen. Tot slot gaat de brief in\n               op het verbeteren van de arbeidsmarktpositie van ontheemden uit Oekra\u00efne.","dc_identifier":"nl.mnre1162.2e-b.2024.22","dc_publisher":"mnre1162","dc_source":"https://open.overheid.nl/Details/03ce7fad-b270-4feb-9929-83bc3ee5a1f8/2","dc_title":"Beslisnota bij Verzamelbrief over opvang Oekra\u00efne","dc_type":"2e-b","dc_type_description":"Advies: Beslisnota","foi_fairiscoreVersions":{"v1":1,"v2":1},"foi_files":[{"dc_format":"application/pdf","dc_identifier":"nl.mnre1162.2e-b.2024.22.doc.1","dc_source":"https://open.overheid.nl/documenten/03ce7fad-b270-4feb-9929-83bc3ee5a1f8/file","dc_title":"TK Beslisnota Verzamelbrief opvang Oekraine dd 13 november 2024","dc_type":"bijlage","foi_fairiscoreVersions":{"v1":1,"v2":1},"foi_fileName":"TK Beslisnota Verzamelbrief opvang Oekraine dd 13 november 2024.pdf","foi_nrPages":2}],"foi_nrDocuments":1,"foi_nrPagesInDossier":2,"foi_publishedDate":"2024-10-22","foi_retrievedDate":"2024-11-30","tooiwl_topic":"internationale betrekkingen"},{"dc_creator":"WooScraper_v1","dc_date_year":2024,"dc_description":"Hoort bij <a href='https://open.overheid.nl/Details/dpc-5e62ce3d35b1f6147d58b7b00e5cf19019a454fd/3'>Verzamelbrief opvang Oekra\u00efne november 2024</a>. Minister Faber \u2013 Van de Klashorst (Asiel en Migratie) stuurt de Tweede Kamer het rapport\n               'Tijdelijk thuis? De positie van Oekra\u00efense vluchtelingen in Nederland' van het Wetenschappelijk\n               Onderzoek en Datacentrum (WODC). Daarnaast informeert zij de Kamer over derdelanders\n               met tijdelijk verblijf in Oekra\u00efne, de wijziging van de Regeling opvang ontheemden\n               Oekra\u00efne en het uitkeren van meerkosten die gemeenten maken voor zorg aan ontheemden\n               uit Oekra\u00efne. \n               ","dc_identifier":"nl.mnre1162.2e-b.2024.23","dc_publisher":"mnre1162","dc_source":"https://open.overheid.nl/Details/dpc-01b0c1a742807c89da174a0b7d731e8efe5e0ac6/3","dc_title":"Beslisnota bij Verzamelbrief opvang Oekra\u00efne november 2024","dc_type":"2e-b","dc_type_description":"Advies: Beslisnota","foi_decisionDate":"2024-11-29","foi_fairiscoreVersions":{"v1":1,"v2":1},"foi_files":[{"dc_format":"application/pdf","dc_identifier":"nl.mnre1162.2e-b.2024.23.doc.1","dc_source":"https://open.overheid.nl/documenten/dpc-01b0c1a742807c89da174a0b7d731e8efe5e0ac6/pdf","dc_title":"tk-beslisnota-bij-verzamelbrief-opvang-oekraine-d-d-29-november-2024","dc_type":"bijlage","foi_fairiscoreVersions":{"v1":1,"v2":1},"foi_fileName":"tk-beslisnota-bij-verzamelbrief-opvang-oekraine-d-d-29-november-2024.pdf","foi_nrPages":2}],"foi_nrDocuments":1,"foi_nrPagesInDossier":2,"foi_publishedDate":"2024-11-29","foi_retrievedDate":"2024-12-02","tooiwl_topic":"integratie"},{"dc_creator":"WooScraper_v1","dc_date_year":2024,"dc_description":"Hoort bij <a href='https://open.overheid.nl/Details/dpc-8dce3c66ff80ebf6d5926a99c7b15cac03714ac0/4'>Kamerbrief over actuele situatie asielketen en Oekraiense ontheemden december 2024</a>. \n               Minister Faber \u2013 Van de Klashorst (Asiel en Migratie) informeert de Tweede Kamer over\n               de belangrijkste ontwikkelingen op het gebied van instroom, doorstroom en uitstroom\n               in de Migratieketen. Zij bespreekt onder meer de behoefte aan opvangplekken voor de\n               verwachte instroom van Oekra\u00efense ontheemden. ","dc_identifier":"nl.mnre1162.2e-b.2024.24","dc_publisher":"mnre1162","dc_source":"https://open.overheid.nl/Details/dpc-964035d81a92cc8f9644ab3254575e66ac6b158e/4","dc_title":"Beslisnota bij Kamerbrief over actuele situatie asielketen en Oekraiense ontheemden december 2024","dc_type":"2e-b","dc_type_description":"Advies: Beslisnota","foi_decisionDate":"2024-12-02","foi_fairiscoreVersions":{"v1":1,"v2":1},"foi_files":[{"dc_format":"application/pdf","dc_identifier":"nl.mnre1162.2e-b.2024.24.doc.1","dc_source":"https://open.overheid.nl/documenten/dpc-964035d81a92cc8f9644ab3254575e66ac6b158e/pdf","dc_title":"tk-beslisnota-bij-kamerbrief-inzake-mpp2024-ii-","dc_type":"bijlage","foi_fairiscoreVersions":{"v1":1,"v2":1},"foi_fileName":"tk-beslisnota-bij-kamerbrief-inzake-mpp2024-ii-.pdf","foi_nrPages":2}],"foi_nrDocuments":1,"foi_nrPagesInDossier":2,"foi_publishedDate":"2024-12-02","foi_retrievedDate":"2024-12-03","tooiwl_topic":"migratie"},{"dc_creator":"WooScraper_v1","dc_date_year":2024,"dc_description":"Hoort bij <a href='https://open.overheid.nl/Details/dpc-b48de80327e95a66d7b657a97530353ff9b777c6/3'>Kamerbrief bij antwoorden op Kamervragen over herinvoeren grenscontroles</a>. Minister Faber \u2013 Van de Klashorst (Asiel en Migratie) geeft antwoord op vragen over\n               het tijdelijk herinvoeren van de binnengrenscontroles. De Tweede Kamerleden Podt en\n               Sneller (beiden D66), Dassen en Koekkoek (beiden Volt) en Rajkowski (VVD) hadden de\n               vragen gesteld. Daarnaast gaat zij dieper in op de herinvoering van de binnengrenscontroles\n               per 9 december 2024.","dc_identifier":"nl.mnre1162.2e-b.2024.25","dc_publisher":"mnre1162","dc_source":"https://open.overheid.nl/Details/dpc-670b2e72b38cad74fad423807859c6a827b297d2/3","dc_title":"Beslisnota bij Kamerbrief bij antwoorden op Kamervragen over herinvoeren grenscontroles","dc_type":"2e-b","dc_type_description":"Advies: Beslisnota","foi_decisionDate":"2024-12-05","foi_fairiscoreVersions":{"v1":1,"v2":1},"foi_files":[{"dc_format":"application/pdf","dc_identifier":"nl.mnre1162.2e-b.2024.25.doc.1","dc_source":"https://open.overheid.nl/documenten/dpc-670b2e72b38cad74fad423807859c6a827b297d2/pdf","dc_title":"tk-beslisnota-bij-kamerbrief-informatieverzoek-over-het-bericht-grensgemeenten-uiten-in-brief-aan-faber-zorgen-over-grenscontroles","dc_type":"verzoek","foi_fairiscoreVersions":{"v1":1,"v2":1},"foi_fileName":"tk-beslisnota-bij-kamerbrief-informatieverzoek-over-het-bericht-grensgemeenten-uiten-in-brief-aan-faber-zorgen-over-grenscontroles.pdf","foi_nrPages":2}],"foi_nrDocuments":1,"foi_nrPagesInDossier":2,"foi_publishedDate":"2024-12-05","foi_retrievedDate":"2024-12-06","tooiwl_topic":"migratie"},{"dc_creator":"WooScraper_v1","dc_date_year":2024,"dc_description":"Hoort bij <a href='https://open.overheid.nl/Details/dpc-62fe8d02fb6e2283acd137036ad509476981cab8/3'>Kamerbrief over samenwerkingsconvenant COA en Veldzicht</a>. Minister Faber \u2013 Van de Klashorst (Asiel en Migratie) en staatssecretaris Coenradie\n               (JenV) informeren de Tweede Kamer over de actuele stand van zaken bij de samenwerking\n               rondom asielzoekers en ongedocumenteerde vreemdelingen in het Centrum voor Transculturele\n               Psychiatrie Veldzicht (CTP Veldzicht). Het gaat om een samenwerkingsverband met het\n               Centraal Orgaan opvang asielzoekers (COA).","dc_identifier":"nl.mnre1162.2e-b.2024.26","dc_publisher":"mnre1162","dc_source":"https://open.overheid.nl/Details/dpc-dde55cd8e54a7338589e98d9451d2f6f661cea01/3","dc_title":"Beslisnota bij Kamerbrief over samenwerkingsconvenant COA en Veldzicht","dc_type":"2e-b","dc_type_description":"Advies: Beslisnota","foi_decisionDate":"2024-12-06","foi_fairiscoreVersions":{"v1":1,"v2":1},"foi_files":[{"dc_format":"application/pdf","dc_identifier":"nl.mnre1162.2e-b.2024.26.doc.1","dc_source":"https://open.overheid.nl/documenten/dpc-dde55cd8e54a7338589e98d9451d2f6f661cea01/pdf","dc_title":"tk-beslisnota-bij-kamerbrief-samenwerkingsconvenant-coa-en-veldzicht","dc_type":"bijlage","foi_fairiscoreVersions":{"v1":1,"v2":1},"foi_fileName":"tk-beslisnota-bij-kamerbrief-samenwerkingsconvenant-coa-en-veldzicht.pdf","foi_nrPages":2}],"foi_nrDocuments":1,"foi_nrPagesInDossier":2,"foi_publishedDate":"2024-12-06","foi_retrievedDate":"2024-12-09","tooiwl_topic":"migratie"},{"dc_creator":"WooScraper_v1","dc_date_year":2024,"dc_description":"Hoort bij <a href='https://open.overheid.nl/Details/dpc-ad57c08e21b389b9795495125cdd8b104fa2b0cb/3'>Kamerbrief over invoering EU Migratiepact</a>. \n               Minister Faber \u2013 Van de Klashorst (Asiel en Migratie) informeert de Tweede Kamer over\n               de invoering van het Europese asiel- en migratiepact in het Nederlandse stelsel voor\n               asiel en opvang. Zij stuurt het Nationaal Implementatieplan Asiel en Migratiepact\n               mee met de Kamerbrief.","dc_identifier":"nl.mnre1162.2e-b.2024.27","dc_publisher":"mnre1162","dc_source":"https://open.overheid.nl/Details/dpc-88c8cc20f6132d5cc79d06146844de01b6e4a0dc/3","dc_title":"Beslisnota bij Kamerbrief over invoering EU Migratiepact","dc_type":"2e-b","dc_type_description":"Advies: Beslisnota","foi_decisionDate":"2024-12-06","foi_fairiscoreVersions":{"v1":1,"v2":1},"foi_files":[{"dc_format":"application/pdf","dc_identifier":"nl.mnre1162.2e-b.2024.27.doc.1","dc_source":"https://open.overheid.nl/documenten/dpc-88c8cc20f6132d5cc79d06146844de01b6e4a0dc/pdf","dc_title":"tk-beslisnota-bij-stand-van-zaken-aantallen-implicaties-en-kosten-van-het-europese-migratiepact-voor-nederland","dc_type":"bijlage","foi_fairiscoreVersions":{"v1":1,"v2":1},"foi_fileName":"tk-beslisnota-bij-stand-van-zaken-aantallen-implicaties-en-kosten-van-het-europese-migratiepact-voor-nederland.pdf","foi_nrPages":2}],"foi_nrDocuments":1,"foi_nrPagesInDossier":2,"foi_publishedDate":"2024-12-06","foi_retrievedDate":"2024-12-09","tooiwl_topic":"migratie"},{"dc_creator":"WooScraper_v1","dc_date_year":2024,"dc_description":"Hoort bij <a href='https://open.overheid.nl/Details/dpc-3948b2b3aa2f7685bc958204e43082220f9169e5/3'>Aanbiedingsbrief bij afschrift Tweede Kamerbrief over invoering EU Migratiepact</a>. \n               Minister Faber \u2013 Van de Klashorst (Asiel en Migratie)  stuurt de Eerste Kamer een\n               afschrift van de Tweede Kamerbrief van 6 december 2024. Deze ging over de invoering\n               van het Europese asiel- en migratiepact in het Nederlandse stelsel voor asiel en opvang.","dc_identifier":"nl.mnre1162.2e-b.2024.28","dc_publisher":"mnre1162","dc_source":"https://open.overheid.nl/Details/dpc-6710ac8c6b934a363b1de5606eced67215f7547d/3","dc_title":"Beslisnota bij afschrift Tweede Kamerbrief over invoering EU Migratiepact","dc_type":"2e-b","dc_type_description":"Advies: Beslisnota","foi_decisionDate":"2024-12-06","foi_fairiscoreVersions":{"v1":1,"v2":1},"foi_files":[{"dc_format":"application/pdf","dc_identifier":"nl.mnre1162.2e-b.2024.28.doc.1","dc_source":"https://open.overheid.nl/documenten/dpc-6710ac8c6b934a363b1de5606eced67215f7547d/pdf","dc_title":"ek-beslisnota-bij-stand-van-zaken-aantallen-implicaties-en-kosten-van-het-europese-migratiepact-voor-nederland","dc_type":"bijlage","foi_fairiscoreVersions":{"v1":1,"v2":1},"foi_fileName":"ek-beslisnota-bij-stand-van-zaken-aantallen-implicaties-en-kosten-van-het-europese-migratiepact-voor-nederland.pdf","foi_nrPages":2}],"foi_nrDocuments":1,"foi_nrPagesInDossier":2,"foi_publishedDate":"2024-12-06","foi_retrievedDate":"2024-12-09","tooiwl_topic":"europese zaken"},{"dc_creator":"WooScraper_v1","dc_date_year":2024,"dc_description":"Hoort bij <a href='https://open.overheid.nl/Details/dpc-0660176894bd8f113ba90d65762b3c757dd5d722/3'>Kamerbrief over besluit en vertrekmoratorium Syri\u00eb december 2024</a>. Minister Faber- Van de Klashorst (Asiel en Migratie) informeert de Tweede Kamer over\n               het besluit- en vertrekmoratorium voor Syri\u00eb voor de duur van 6 maanden. Het gaat\n               hierbij om het tijdelijk aanhouden van asielaanvragen.","dc_identifier":"nl.mnre1162.2e-b.2024.29","dc_publisher":"mnre1162","dc_source":"https://open.overheid.nl/Details/dpc-8157586b42781c278966b81f6da475355d4835bb/3","dc_title":"Beslisnota bij Kamerbrief over besluit en vertrekmoratorium Syri\u00eb december 2024","dc_type":"2e-b","dc_type_description":"Advies: Beslisnota","foi_decisionDate":"2024-12-09","foi_fairiscoreVersions":{"v1":1,"v2":1},"foi_files":[{"dc_format":"application/pdf","dc_identifier":"nl.mnre1162.2e-b.2024.29.doc.1","dc_source":"https://open.overheid.nl/documenten/dpc-8157586b42781c278966b81f6da475355d4835bb/pdf","dc_title":"tk-beslisnota-bij-beslis-en-vertrekmoratorium-syrie","dc_type":"bijlage","foi_fairiscoreVersions":{"v1":1,"v2":1},"foi_fileName":"tk-beslisnota-bij-beslis-en-vertrekmoratorium-syrie.pdf","foi_nrPages":3}],"foi_nrDocuments":1,"foi_nrPagesInDossier":3,"foi_publishedDate":"2024-12-09","foi_retrievedDate":"2024-12-10","tooiwl_topic":"migratie"},{"dc_creator":"WooScraper_v1","dc_date_year":2024,"dc_description":"Hoort bij <a href='https://open.overheid.nl/Details/dpc-918b7c396a6e401ae6ec107b5ea77052cb46d14d/3'>Verzamelbrief opvang Oekraine september 2024</a>. \n               Minister Faber \u2013 Van de Klashorst (Asiel en Migratie) informeert de Tweede Kamer over\n               de stand van zaken bij de opvang van Oekra\u00efense vluchtelingen in Nedeland. Zij gaat\n               onder meer in op de opvangcapaciteit bij de noodopvang, de bekostigingsregeling opvang\n               ontheemden Oekra\u00efne voor gemeenten en de Tijdelijke wet opvang ontheemden Oekra\u00efne.\n               ","dc_identifier":"nl.mnre1162.2e-b.2024.3","dc_publisher":"mnre1162","dc_source":"https://open.overheid.nl/Details/dpc-3ad9bb26c7a2905cdbf3b1aedfa28d047956791e/3","dc_title":"Beslisnota bij Verzamelbrief opvang Oekraine september 2024","dc_type":"2e-b","dc_type_description":"Advies: Beslisnota","foi_decisionDate":"2024-09-27","foi_fairiscoreVersions":{"v1":1,"v2":1},"foi_files":[{"dc_format":"application/pdf","dc_identifier":"nl.mnre1162.2e-b.2024.3.doc.1","dc_source":"https://open.overheid.nl/documenten/dpc-3ad9bb26c7a2905cdbf3b1aedfa28d047956791e/pdf","dc_title":"tk-beslisnota-bij-verzamelbrief-opvang-oekraine-dd-27-september-2024","dc_type":"bijlage","foi_fairiscoreVersions":{"v1":1,"v2":1},"foi_fileName":"tk-beslisnota-bij-verzamelbrief-opvang-oekraine-dd-27-september-2024.pdf","foi_nrPages":2}],"foi_nrDocuments":1,"foi_nrPagesInDossier":2,"foi_publishedDate":"2024-09-27","foi_retrievedDate":"2024-09-30","tooiwl_topic":"migratie"},{"dc_creator":"WooScraper_v1","dc_date_year":2024,"dc_description":"Hoort bij <a href='https://open.overheid.nl/Details/dpc-4030c311232891cacef08c76370b2c675e4272e1/3'>Aanbiedingsbrief bij antwoorden op feitelijke vragen over asiel en migratie bij 2e\n                  suppletoire begroting JenV 2024</a>. Minister Faber-Van de Klashorst (Asiel en Migratie) stuurt de Tweede Kamer de antwoorden\n               op feitelijke vragen over de 2e suppletoire begroting Justitie en Veiligheid (JenV)\n               2024. Het gaat om onderdeel asiel en migratie. De vaste Tweede Kamercommissie voor\n               Asiel en Migratie had de vragen gesteld.","dc_identifier":"nl.mnre1162.2e-b.2024.30","dc_publisher":"mnre1162","dc_source":"https://open.overheid.nl/Details/dpc-7fb28bfb06c8b929aee6ae6e640eeb8ef2f3894f/3","dc_title":"Beslisnota bij antwoorden op feitelijke vragen over asiel en migratie bij 2e suppletoire begroting JenV 2024","dc_type":"2e-b","dc_type_description":"Advies: Beslisnota","foi_decisionDate":"2024-12-10","foi_fairiscoreVersions":{"v1":1,"v2":1},"foi_files":[{"dc_format":"application/pdf","dc_identifier":"nl.mnre1162.2e-b.2024.30.doc.1","dc_source":"https://open.overheid.nl/documenten/dpc-7fb28bfb06c8b929aee6ae6e640eeb8ef2f3894f/pdf","dc_title":"tk-beslisnota-bij-beantwoording-feitelijke-vragen-tweede-suppletoire-begroting-2024","dc_type":"bijlage","foi_fairiscoreVersions":{"v1":1,"v2":1},"foi_fileName":"tk-beslisnota-bij-beantwoording-feitelijke-vragen-tweede-suppletoire-begroting-2024.pdf","foi_nrPages":1}],"foi_nrDocuments":1,"foi_nrPagesInDossier":1,"foi_publishedDate":"2024-12-10","foi_retrievedDate":"2024-12-11","tooiwl_topic":"migratie"},{"dc_creator":"WooScraper_v1","dc_date_year":2024,"dc_description":"Hoort bij <a href='https://open.overheid.nl/Details/dpc-9eb6dc242c39ee0340137d782998f185e07b70b8/4'>Kamerbrief over nota van wijziging Wet terugkeer en vreemdelingenbewaring</a>. \n               Minister Faber \u2013 Van de Klashorst (Asiel en Migratie) informeert de Eerste Kamer over\n               het besluit de ministerraad om de nota van wijziging over de Wet terugkeer en vreemdelingenbewaring\n               voor advies voor te leggen aan de Afdeling advisering van de Raad van State (RvS).\n               ","dc_identifier":"nl.mnre1162.2e-b.2024.31","dc_publisher":"mnre1162","dc_source":"https://open.overheid.nl/Details/dpc-a67b811ea90608d77f8500ae62b38c2f7778c1ee/4","dc_title":"Beslisnota bij Kamerbrief over nota van wijziging Wet terugkeer en vreemdelingenbewaring","dc_type":"2e-b","dc_type_description":"Advies: Beslisnota","foi_decisionDate":"2024-12-20","foi_fairiscoreVersions":{"v1":1,"v2":1},"foi_files":[{"dc_format":"application/pdf","dc_identifier":"nl.mnre1162.2e-b.2024.31.doc.1","dc_source":"https://open.overheid.nl/documenten/dpc-a67b811ea90608d77f8500ae62b38c2f7778c1ee/pdf","dc_title":"ek-beslisnota-bij-aanbieden-aan-raad-van-state-nota-van-wijziging-wet-terugkeer-en-vreemdelingenbewaring","dc_type":"bijlage","foi_fairiscoreVersions":{"v1":1,"v2":1},"foi_fileName":"ek-beslisnota-bij-aanbieden-aan-raad-van-state-nota-van-wijziging-wet-terugkeer-en-vreemdelingenbewaring.pdf","foi_nrPages":8}],"foi_nrDocuments":1,"foi_nrPagesInDossier":8,"foi_publishedDate":"2024-12-20","foi_retrievedDate":"2024-12-24","tooiwl_topic":"migratie"},{"dc_creator":"WooScraper_v1","dc_date_year":2024,"dc_description":"Hoort bij <a href='https://open.overheid.nl/Details/dpc-66af8559ac6c7010c3eb52aa9135cdd70b24441c/4'>Kamerbrief over verdeelbesluiten asielopvangvoorzieningen per provincie</a>. Minister Faber \u2013 Van de Klashorst (Asiel en Migratie) informeert de Tweede Kamer over\n               de verdeelbesluiten in het kader van de Wet gemeentelijke taak mogelijk maken asielopvangvoorzieningen.\n               Zij stuurt de verdeelbesluiten per provincie mee met de Kamerbrief. Ook stuurt zij\n               een afschrift van haar brief aan de commissarissen van de Koning en de colleges van\n               burgemeester en wethouders in de provincies.","dc_identifier":"nl.mnre1162.2e-b.2024.32","dc_publisher":"mnre1162","dc_source":"https://open.overheid.nl/Details/dpc-a95277e265324dc31b866b1e1d3fa1a5cd965588/4","dc_title":"Beslisnota bij Kamerbrief over verdeelbesluiten asielopvangvoorzieningen per provincie","dc_type":"2e-b","dc_type_description":"Advies: Beslisnota","foi_decisionDate":"2024-12-23","foi_fairiscoreVersions":{"v1":1,"v2":1},"foi_files":[{"dc_format":"application/pdf","dc_identifier":"nl.mnre1162.2e-b.2024.32.doc.1","dc_source":"https://open.overheid.nl/documenten/dpc-a95277e265324dc31b866b1e1d3fa1a5cd965588/pdf","dc_title":"tk-beslisnota-bij-kamerbrief-inzake-verdeelbesluiten","dc_type":"besluit","foi_fairiscoreVersions":{"v1":1,"v2":1},"foi_fileName":"tk-beslisnota-bij-kamerbrief-inzake-verdeelbesluiten.pdf","foi_nrPages":2}],"foi_nrDocuments":1,"foi_nrPagesInDossier":2,"foi_publishedDate":"2024-12-23","foi_retrievedDate":"2024-12-24","tooiwl_topic":"migratie"},{"dc_creator":"WooScraper_v1","dc_date_year":2024,"dc_description":"Hoort bij <a href='https://open.overheid.nl/Details/dpc-3d2980ac3403fad8ffa60f59f543b03abf4f132b/4'>Kamerbrief over uitspraak rechtbank Rotterdam voorlopige voorziening LVV</a>. Minister Faber \u2013 Van de Klashorst (Asiel en Migratie) informeert de Tweede Kamer over\n               de uitspraak van de voorzieningenrechter van de rechtbank Rotterdam. De uitspraak\n               ging over het verzoek van 22 deelnemers aan de Landelijke Vreemdelingen Voorziening\n               (LVV) in Rotterdam om een voorlopige voorziening.","dc_identifier":"nl.mnre1162.2e-b.2024.33","dc_publisher":"mnre1162","dc_source":"https://open.overheid.nl/Details/dpc-a1dfb69fcabe5db7ac573eb3db1cafc48c44b143/4","dc_title":"Beslisnota bij Kamerbrief over uitspraak rechtbank Rotterdam voorlopige voorziening LVV","dc_type":"2e-b","dc_type_description":"Advies: Beslisnota","foi_decisionDate":"2024-12-19","foi_fairiscoreVersions":{"v1":1,"v2":1},"foi_files":[{"dc_format":"application/pdf","dc_identifier":"nl.mnre1162.2e-b.2024.33.doc.1","dc_source":"https://open.overheid.nl/documenten/dpc-a1dfb69fcabe5db7ac573eb3db1cafc48c44b143/pdf","dc_title":"tk-beslisnota-bij-kamerbrief-voorlopige-voorzieningen-lvv-rotterdam-","dc_type":"bijlage","foi_fairiscoreVersions":{"v1":1,"v2":1},"foi_fileName":"tk-beslisnota-bij-kamerbrief-voorlopige-voorzieningen-lvv-rotterdam-.pdf","foi_nrPages":1}],"foi_nrDocuments":1,"foi_nrPagesInDossier":1,"foi_publishedDate":"2024-12-19","foi_retrievedDate":"2025-01-06","tooiwl_topic":"rechtspraak"},{"dc_creator":"WooScraper_v1","dc_date_year":2024,"dc_description":"Hoort bij <a href='https://open.overheid.nl/Details/dpc-0a0387a47c9e74b65a0f701d612b1205990ba040/2'>Kamerbrief aanpassingen landenbeleid Ethiopi\u00eb, Irak, Somali\u00eb en Sudan</a>. Minister Faber (AenM) informeert de Tweede Kamer over enkele aanpassingen in het landenbeleid\n               voor Ethiopi\u00eb, Irak, Somali\u00eb en Sudan. Deze aanpassingen komen voort uit de wijzigingen\n               op het gebied van de beoordeling van een risico op ernstige schade in de zin van artikel\n               15, onder c van de Kwalificatierichtlijn.","dc_identifier":"nl.mnre1162.2e-b.2024.34","dc_publisher":"mnre1162","dc_source":"https://open.overheid.nl/Details/dpc-9cc7bbea89bbf8aa4f4dc3f40695b8afd706bd93/2","dc_title":"Beslisnota bij Kamerbrief aanpassingen landenbeleid Ethiopi\u00eb, Irak, Somali\u00eb en Sudan","dc_type":"2e-b","dc_type_description":"Advies: Beslisnota","foi_decisionDate":"2024-11-27","foi_fairiscoreVersions":{"v1":1,"v2":1},"foi_files":[{"dc_format":"application/pdf","dc_identifier":"nl.mnre1162.2e-b.2024.34.doc.1","dc_source":"https://open.overheid.nl/documenten/dpc-9cc7bbea89bbf8aa4f4dc3f40695b8afd706bd93/pdf","dc_title":"tk-beslisnota-bij-toepassing-gewijzigd-kader-artikel-15-onder-c-kwalificatierichtlijn","dc_type":"bijlage","foi_fairiscoreVersions":{"v1":1,"v2":1},"foi_fileName":"tk-beslisnota-bij-toepassing-gewijzigd-kader-artikel-15-onder-c-kwalificatierichtlijn.pdf","foi_nrPages":3}],"foi_nrDocuments":1,"foi_nrPagesInDossier":3,"foi_publishedDate":"2024-11-27","foi_retrievedDate":"2025-01-18","tooiwl_topic":"migratie"},{"dc_creator":"WooScraper_v1","dc_date_year":2024,"dc_description":"Hoort bij <a href='https://open.overheid.nl/Details/dpc-918b7c396a6e401ae6ec107b5ea77052cb46d14d/4'>Verzamelbrief opvang Oekraine september 2024</a>. Minister Faber \u2013 Van de Klashorst (Asiel en Migratie) informeert de Tweede Kamer over\n               de stand van zaken bij de opvang van Oekra\u00efense vluchtelingen in Nedeland. Zij gaat\n               onder meer in op de opvangcapaciteit bij de noodopvang, de bekostigingsregeling opvang\n               ontheemden Oekra\u00efne voor gemeenten en de Tijdelijke wet opvang ontheemden Oekra\u00efne.\n               ","dc_identifier":"nl.mnre1162.2e-b.2024.4","dc_publisher":"mnre1162","dc_source":"https://open.overheid.nl/Details/dpc-3ad9bb26c7a2905cdbf3b1aedfa28d047956791e/4","dc_title":"Beslisnota bij verzamelbrief opvang Oekraine september 2024","dc_type":"2e-b","dc_type_description":"Advies: Beslisnota","foi_decisionDate":"2024-09-27","foi_fairiscoreVersions":{"v1":1,"v2":1},"foi_files":[{"dc_format":"application/pdf","dc_identifier":"nl.mnre1162.2e-b.2024.4.doc.1","dc_source":"https://open.overheid.nl/documenten/dpc-3ad9bb26c7a2905cdbf3b1aedfa28d047956791e/pdf","dc_title":"tk-beslisnota-bij-verzamelbrief-opvang-oekraine-dd-27-september-2024","dc_type":"bijlage","foi_fairiscoreVersions":{"v1":1,"v2":1},"foi_fileName":"tk-beslisnota-bij-verzamelbrief-opvang-oekraine-dd-27-september-2024.pdf","foi_nrPages":2}],"foi_nrDocuments":1,"foi_nrPagesInDossier":2,"foi_publishedDate":"2024-09-27","foi_retrievedDate":"2024-10-01","tooiwl_topic":"migratie"},{"dc_creator":"WooScraper_v1","dc_date_year":2024,"dc_description":"Hoort bij <a href='https://open.overheid.nl/Details/dpc-bc6a8a1875145b8bae0ec694cbb30f9b35a43eb1/3'>Kamerbrief reactie op motie stimuleren vrijwillige remigratie</a>. Minister Faber (AenM) reageert op een motie van het Tweede Kamerlid Van Meijeren (FvD)\n               over het stimuleren van vrijwillige remigratie. Het Tweede Kamerlid Ceder (ChristenUnie)\n               had om een reactie op formuleringen in deze motie gevraagd.","dc_identifier":"nl.mnre1162.2e-b.2024.5","dc_publisher":"mnre1162","dc_source":"https://open.overheid.nl/Details/dpc-00bfdcf93ca486cab20c649c6fc1422b703d29f3/3","dc_title":"Beslisnota bij Kamerbrief reactie op motie stimuleren vrijwillige remigratie","dc_type":"2e-b","dc_type_description":"Advies: Beslisnota","foi_decisionDate":"2024-10-01","foi_fairiscoreVersions":{"v1":1,"v2":1},"foi_files":[{"dc_format":"application/pdf","dc_identifier":"nl.mnre1162.2e-b.2024.5.doc.1","dc_source":"https://open.overheid.nl/documenten/dpc-00bfdcf93ca486cab20c649c6fc1422b703d29f3/pdf","dc_title":"tk-beslisnota-bij-kamerbrief-inzake-het-stimuleren-van-vrijwillige-remigratie","dc_type":"bijlage","foi_fairiscoreVersions":{"v1":1,"v2":1},"foi_fileName":"tk-beslisnota-bij-kamerbrief-inzake-het-stimuleren-van-vrijwillige-remigratie.pdf","foi_nrPages":1}],"foi_nrDocuments":1,"foi_nrPagesInDossier":1,"foi_publishedDate":"2024-09-26","foi_retrievedDate":"2024-10-01"},{"dc_creator":"WooScraper_v1","dc_date_year":2024,"dc_description":"Hoort bij <a href='https://open.overheid.nl/Details/dpc-2b49d82aa0dd98293490843188ae41cfda7f078c/2'>Aanbiedingsbrief antwoorden Kamervragen over wijziging begroting 2024 Justitie en\n                  Veiligheid (Asiel en Migratie)</a>. Minister Faber (AenM) stuurt de Tweede Kamer de antwoorden op vragen over de wijziging\n               van de begrotingsstaten van het ministerie van Justitie en Veiligheid voor het jaar\n               2024 (wijziging samenhangende met de Miljoenennota).","dc_identifier":"nl.mnre1162.2e-b.2024.6","dc_publisher":"mnre1162","dc_source":"https://open.overheid.nl/Details/dpc-bf9867b2d306abe31d72e1d29854fc7aa53633c5/2","dc_title":"Beslisnota bij antwoorden Kamervragen wijziging begroting 2024 Justitie en Veiligheid (Asiel en Migratie)","dc_type":"2e-b","dc_type_description":"Advies: Beslisnota","foi_decisionDate":"2024-10-04","foi_fairiscoreVersions":{"v1":1,"v2":1},"foi_files":[{"dc_format":"application/pdf","dc_identifier":"nl.mnre1162.2e-b.2024.6.doc.1","dc_source":"https://open.overheid.nl/documenten/dpc-bf9867b2d306abe31d72e1d29854fc7aa53633c5/pdf","dc_title":"tk-beslisnota-bij-beantwoording-schriftelijke-kamervragen-wijziging-begroting-2024-van-justitie-en-veiligheid-","dc_type":"bijlage","foi_fairiscoreVersions":{"v1":1,"v2":1},"foi_fileName":"tk-beslisnota-bij-beantwoording-schriftelijke-kamervragen-wijziging-begroting-2024-van-justitie-en-veiligheid-.pdf","foi_nrPages":2}],"foi_nrDocuments":1,"foi_nrPagesInDossier":2,"foi_publishedDate":"2024-10-02","foi_retrievedDate":"2024-10-07"},{"dc_creator":"WooScraper_v1","dc_date_year":2024,"dc_description":"Hoort bij <a href='https://open.overheid.nl/Details/dpc-7ec703383c8972ff238b42d2e95d2acf26dd2b0e/3'>Antwoorden op Kamervragen over Reba-beschikking bij dwangsomuitbetaling</a>. Minister Faber (AenM) geeft antwoord op vragen over hoe vaak dwangsommen voor te laat\n               beslissen worden teruggevorderd voor opvang op basis van de regeling eigen bijdrage\n               asielzoekers met inkomen en vermogen (Reba-regeling). De (toenmalige) Tweede Kamerleden\n               Vondeling (PVV) en Brekelmans (VVD) hebben deze vragen tijdens een debat op 17 april\n               2024 gesteld.","dc_identifier":"nl.mnre1162.2e-b.2024.7","dc_publisher":"mnre1162","dc_source":"https://open.overheid.nl/Details/dpc-a67f92cf7f49d07792b6619d45432b0fa802ea98/3","dc_title":"Beslisnota bij antwoorden Kamervragen Reba-beschikking bij dwangsomuitbetaling","dc_type":"2e-b","dc_type_description":"Advies: Beslisnota","foi_decisionDate":"2024-10-04","foi_fairiscoreVersions":{"v1":1,"v2":1},"foi_files":[{"dc_format":"application/pdf","dc_identifier":"nl.mnre1162.2e-b.2024.7.doc.1","dc_source":"https://open.overheid.nl/documenten/dpc-a67f92cf7f49d07792b6619d45432b0fa802ea98/pdf","dc_title":"tk-beslisnota-bij-kamerbrief-over-reba-beschikking-bij-dwangsomuitbetaling-","dc_type":"bijlage","foi_fairiscoreVersions":{"v1":1,"v2":1},"foi_fileName":"tk-beslisnota-bij-kamerbrief-over-reba-beschikking-bij-dwangsomuitbetaling-.pdf","foi_nrPages":1}],"foi_nrDocuments":1,"foi_nrPagesInDossier":1,"foi_publishedDate":"2024-09-09","foi_retrievedDate":"2024-10-07"},{"dc_creator":"WooScraper_v1","dc_date_year":2024,"dc_description":"Hoort bij <a href='https://open.overheid.nl/Details/dpc-417da16fa687440f7b83b9d45851d5e9d04c0d0a/2'>Kamerbrief appreciatie motie Eerdmans over einddatum opvang asielzoekers in voormalige\n                  hotel in Albergen</a>. Minister Faber (AenM) reageert op de motie Eerdmans over 1 november 2032 als einddatum\n               van de opvang van asielzoekers in het voormalige hotel in Albergen juridisch bindend\n               maken in de bestuursovereenkomst tussen de gemeente Tubbergen en het COA.","dc_identifier":"nl.mnre1162.2e-b.2024.8","dc_publisher":"mnre1162","dc_source":"https://open.overheid.nl/Details/dpc-f9f00a10ebca0d35247a40ad0c5532177fcbae08/2","dc_title":"Beslisnota bij Kamerbrief appreciatie motie Eerdmans over einddatum opvang asielzoekers in voormalige hotel in Albergen","dc_type":"2e-b","dc_type_description":"Advies: Beslisnota","foi_decisionDate":"2024-10-08","foi_fairiscoreVersions":{"v1":1,"v2":1},"foi_files":[{"dc_format":"application/pdf","dc_identifier":"nl.mnre1162.2e-b.2024.8.doc.1","dc_source":"https://open.overheid.nl/documenten/dpc-f9f00a10ebca0d35247a40ad0c5532177fcbae08/pdf","dc_title":"tk-beslisnota-bij-kamerbief-appreciatie-motie-19637-nr-3278-van-het-lid-eerdmans","dc_type":"bijlage","foi_fairiscoreVersions":{"v1":1,"v2":1},"foi_fileName":"tk-beslisnota-bij-kamerbief-appreciatie-motie-19637-nr-3278-van-het-lid-eerdmans.pdf","foi_nrPages":1}],"foi_nrDocuments":1,"foi_nrPagesInDossier":1,"foi_publishedDate":"2024-10-02","foi_retrievedDate":"2024-10-09"},{"dc_creator":"WooScraper_v1","dc_date_year":2024,"dc_description":"Hoort bij <a href='https://open.overheid.nl/Details/dpc-f694d183e5e79e1cc85467229d7b9f804d5c98ab/4'>Kamerbrief over voortgang aanpak overlastgevende asielzoekers</a>. Minister Faber-Van de Klashorst (Asiel en Migratie) informeert de Tweede Kamer over\n               de intensivering van de\n               aanpak van overlastgevend en crimineel gedrag.","dc_identifier":"nl.mnre1162.2e-b.2024.9","dc_publisher":"mnre1162","dc_source":"https://open.overheid.nl/Details/dpc-a2adf0f96d3a8f5188f51780a1c65d77c3b718e8/4","dc_title":"Beslisnota bij Kamerbrief over voortgang aanpak overlastgevende asielzoekers","dc_type":"2e-b","dc_type_description":"Advies: Beslisnota","foi_decisionDate":"2024-10-25","foi_fairiscoreVersions":{"v1":1,"v2":1},"foi_files":[{"dc_format":"application/pdf","dc_identifier":"nl.mnre1162.2e-b.2024.9.doc.1","dc_source":"https://open.overheid.nl/documenten/dpc-a2adf0f96d3a8f5188f51780a1c65d77c3b718e8/pdf","dc_title":"tk-beslisnota-bij-voortgang-aanpak-overlastgevende-asielzoekers","dc_type":"bijlage","foi_fairiscoreVersions":{"v1":1,"v2":1},"foi_fileName":"tk-beslisnota-bij-voortgang-aanpak-overlastgevende-asielzoekers.pdf","foi_nrPages":3}],"foi_nrDocuments":1,"foi_nrPagesInDossier":3,"foi_publishedDate":"2024-10-25","foi_retrievedDate":"2024-10-29","tooiwl_topic":"migratie"},{"dc_creator":"WooScraper_v1","dc_date_year":2025,"dc_description":"Hoort bij <a href='https://open.overheid.nl/Details/dpc-4a106b0fec9fdeb16137899b5b86da9bd1fbce4a/3'>Kamerbrief over plan van aanpak periodieke rapportage migratiebeleid toegang toelating\n                  en opvang vreemdelingen</a>. \n               Minister Faber \u2013 Van de Klashorst (Asiel en Migratie) informeert de Tweede Kamer over\n               de planning en opzet van de periodieke rapportage (PR) van het begrotingsartikel 37.2\n               over de toegang, toelating en opvang van vreemdelingen. Zij stuurt het plan van aanpak\n               'Uitvoering periodieke rapportage begrotingsartikel 37.2 Migratiebeleid' mee met de\n               Kamerbrief.","dc_identifier":"nl.mnre1162.2e-b.2025.1","dc_publisher":"mnre1162","dc_source":"https://open.overheid.nl/Details/dpc-b88b076bf290380e73c3ac17dc08d61748f7a6df/3","dc_title":"Beslisnota bij Kamerbrief over plan van aanpak periodieke rapportage migratiebeleid toegang toelating en opvang vreemdelingen","dc_type":"2e-b","dc_type_description":"Advies: Beslisnota","foi_decisionDate":"2025-01-13","foi_fairiscoreVersions":{"v1":1,"v2":1},"foi_files":[{"dc_format":"application/pdf","dc_identifier":"nl.mnre1162.2e-b.2025.1.doc.1","dc_source":"https://open.overheid.nl/documenten/dpc-b88b076bf290380e73c3ac17dc08d61748f7a6df/pdf","dc_title":"tk-beslisnota-bij-harbersbrief-periodieke-rapportage-37-2","dc_type":"bijlage","foi_fairiscoreVersions":{"v1":1,"v2":1},"foi_fileName":"tk-beslisnota-bij-harbersbrief-periodieke-rapportage-37-2.pdf","foi_nrPages":2}],"foi_nrDocuments":1,"foi_nrPagesInDossier":2,"foi_publishedDate":"2025-01-13","foi_retrievedDate":"2025-01-18","tooiwl_topic":"migratie"},{"dc_creator":"WooScraper_v1","dc_date_year":2025,"dc_description":"Hoort bij <a href='https://open.overheid.nl/Details/2102cda2-0667-4781-bc8d-ce37e0ec57f5/3'>Wet invoering tweestatusstelsel Voorstel van wet</a>. \n               Wetsvoorstel voor wijziging van de Vreemdelingenwet 2000. Het gaat daarbij om de introductie\n               van een\n               tweestatusstelsel en het aanscherpen van de vereisten bij nareis.","dc_identifier":"nl.mnre1162.2e-b.2025.10","dc_publisher":"mnre1162","dc_source":"https://open.overheid.nl/Details/6615f763-3900-4251-9d70-7106bfb8b833/3","dc_title":"Beslisnota bij Nader rapport Wet invoering tweestatusstelsel","dc_type":"2e-b","dc_type_description":"Advies: Beslisnota","foi_decisionDate":"2025-03-07","foi_fairiscoreVersions":{"v1":1,"v2":1},"foi_files":[{"dc_format":"application/pdf","dc_identifier":"nl.mnre1162.2e-b.2025.10.doc.1","dc_source":"https://open.overheid.nl/documenten/6615f763-3900-4251-9d70-7106bfb8b833/file","dc_title":"TK Nota ter publicatie MAenM Nader rapport Wet invoering tweestatusstelsel","dc_type":"bijlage","foi_fairiscoreVersions":{"v1":1,"v2":1},"foi_fileName":"TK Nota ter publicatie MAenM Nader rapport Wet invoering tweestatusstelsel.pdf","foi_nrPages":7}],"foi_nrDocuments":1,"foi_nrPagesInDossier":7,"foi_publishedDate":"2025-03-07","foi_retrievedDate":"2025-03-15","tooiwl_topic":"migratie en integratie"},{"dc_creator":"WooScraper_v1","dc_date_year":2025,"dc_description":"Hoort bij <a href='https://open.overheid.nl/Details/9b756474-f4c5-426b-a5e3-dd11a17ece96/2'>Aanbiedingsbrief bij antwoorden op vragen tweede verslag over de begrotingsstaat van\n                  het ministerie van Asiel en Migratie XX voor het jaar 2025 </a>. Minister Faber-van de Klashorst (Asiel en Migratie) stuurt de Eerste Kamer de antwoorden\n               op vragen uit het tweede verslag van de vaste Eerste KamerCommissie voor Immigratie\n               en Asiel bij de begrotingsstaat van het ministerie van Asiel en Migratie voor het\n               jaar 2025.\n               \n               ","dc_identifier":"nl.mnre1162.2e-b.2025.11","dc_publisher":"mnre1162","dc_source":"https://open.overheid.nl/Details/38a75f11-4927-4c1b-a06a-f6f16a00d7d2/2","dc_title":"Beslisnota bij antwoorden op vragen tweede verslag over de begrotingsstaat van het ministerie van Asiel en Migratie XX voor het jaar 2025","dc_type":"2e-b","dc_type_description":"Advies: Beslisnota","foi_decisionDate":"2025-03-10","foi_fairiscoreVersions":{"v1":1,"v2":1},"foi_files":[{"dc_format":"application/pdf","dc_identifier":"nl.mnre1162.2e-b.2025.11.doc.1","dc_source":"https://open.overheid.nl/documenten/38a75f11-4927-4c1b-a06a-f6f16a00d7d2/file","dc_title":"EK Beslisnota naar aanleiding van het tweede verslag van de Eerste Kamer over de Begrotingsstaat 2025 Asiel en Migratie","dc_type":"bijlage","foi_fairiscoreVersions":{"v1":1,"v2":1},"foi_fileName":"EK Beslisnota naar aanleiding van het tweede verslag van de Eerste Kamer over de Begrotingsstaat 2025 Asiel en Migratie.pdf","foi_nrPages":1}],"foi_nrDocuments":1,"foi_nrPagesInDossier":1,"foi_publishedDate":"2025-03-10","foi_retrievedDate":"2025-03-15","tooiwl_topic":"migratie"},{"dc_creator":"WooScraper_v1","dc_date_year":2025,"dc_description":"Hoort bij <a href='https://open.overheid.nl/Details/2102cda2-0667-4781-bc8d-ce37e0ec57f5/4'>Wet invoering tweestatusstelsel Voorstel van wet</a>. \n               Wetsvoorstel voor wijziging van de Vreemdelingenwet 2000. Het gaat daarbij om de introductie\n               van een\n               tweestatusstelsel en het aanscherpen van de vereisten bij nareis.","dc_identifier":"nl.mnre1162.2e-b.2025.12","dc_publisher":"mnre1162","dc_source":"https://open.overheid.nl/Details/0361a14b-f052-47d2-8e4f-d7e6073ee6a3/4","dc_title":"Beslisnota Conceptwetsvoorstel tweestatusstelsel met nareisbeperkingen","dc_type":"2e-b","dc_type_description":"Advies: Beslisnota","foi_decisionDate":"2025-03-07","foi_fairiscoreVersions":{"v1":1,"v2":1},"foi_files":[{"dc_format":"application/pdf","dc_identifier":"nl.mnre1162.2e-b.2025.12.doc.1","dc_source":"https://open.overheid.nl/documenten/0361a14b-f052-47d2-8e4f-d7e6073ee6a3/file","dc_title":"TK Bijlage 7 Nota ter publicatie 22 november 2024","dc_type":"bijlage","foi_fairiscoreVersions":{"v1":1,"v2":1},"foi_fileName":"TK Bijlage 7 Nota ter publicatie  22 november 2024.pdf","foi_nrPages":4}],"foi_nrDocuments":1,"foi_nrPagesInDossier":4,"foi_publishedDate":"2025-03-07","foi_retrievedDate":"2025-03-15","tooiwl_topic":"migratie en integratie"},{"dc_creator":"WooScraper_v1","dc_date_year":2025,"dc_description":"Hoort bij <a href='https://open.overheid.nl/Details/0121a551-af59-440e-9140-ffdd71f90174/4'>Asielnoodmaatregelenwet Voorstel van Wet</a>. Wetsvoorstel tot wijziging van de Vreemdelingenwet 2000 en de Algemene wet bestuursrecht\n               (Awb). De wijziging gaat over maatregelen om de asielketen te ontlasten en de instroom\n               van asielzoekers te verminderen.","dc_identifier":"nl.mnre1162.2e-b.2025.13","dc_publisher":"mnre1162","dc_source":"https://open.overheid.nl/Details/ffb669bd-7190-442c-ab7c-826737481661/4","dc_title":"Beslisnota Advies Asielnoodmaatregelenwet en Advies Wet invoering tweestatusstelsel","dc_type":"2e-b","dc_type_description":"Advies: Beslisnota","foi_decisionDate":"2025-02-14","foi_fairiscoreVersions":{"v1":1,"v2":1},"foi_files":[{"dc_format":"application/pdf","dc_identifier":"nl.mnre1162.2e-b.2025.13.doc.1","dc_source":"https://open.overheid.nl/documenten/ffb669bd-7190-442c-ab7c-826737481661/file","dc_title":"TK Bijlage 7d Nota ter publicatie van 14 februari 2025","dc_type":"bijlage","foi_fairiscoreVersions":{"v1":1,"v2":1},"foi_fileName":"TK Bijlage 7d Nota ter publicatie van 14 februari 2025.pdf","foi_nrPages":6}],"foi_nrDocuments":1,"foi_nrPagesInDossier":6,"foi_publishedDate":"2025-02-14","foi_retrievedDate":"2025-03-15","tooiwl_topic":"migratie"},{"dc_creator":"WooScraper_v1","dc_date_year":2025,"dc_description":"Hoort bij <a href='https://open.overheid.nl/Details/0121a551-af59-440e-9140-ffdd71f90174/3'>Asielnoodmaatregelenwet Voorstel van Wet</a>. Wetsvoorstel tot wijziging van de Vreemdelingenwet 2000 en de Algemene wet bestuursrecht\n               (Awb). De wijziging gaat over maatregelen om de asielketen te ontlasten en de instroom\n               van asielzoekers te verminderen.","dc_identifier":"nl.mnre1162.2e-b.2025.14","dc_publisher":"mnre1162","dc_source":"https://open.overheid.nl/Details/c25cfa17-9f62-48eb-b365-3d34b14c4aab/3","dc_title":"Beslisnota Consultatie Asielnoodmaatregelenwet","dc_type":"2e-b","dc_type_description":"Advies: Beslisnota","foi_decisionDate":"2025-03-07","foi_fairiscoreVersions":{"v1":1,"v2":1},"foi_files":[{"dc_format":"application/pdf","dc_identifier":"nl.mnre1162.2e-b.2025.14.doc.1","dc_source":"https://open.overheid.nl/documenten/c25cfa17-9f62-48eb-b365-3d34b14c4aab/file","dc_title":"TK Bijlage 7b Nota ter publicatie van 22 november 2024","dc_type":"bijlage","foi_fairiscoreVersions":{"v1":1,"v2":1},"foi_fileName":"TK Bijlage 7b Nota ter publicatie van 22 november 2024.pdf","foi_nrPages":6}],"foi_nrDocuments":1,"foi_nrPagesInDossier":6,"foi_publishedDate":"2025-03-07","foi_retrievedDate":"2025-03-15","tooiwl_topic":"migratie"},{"dc_creator":"WooScraper_v1","dc_date_year":2025,"dc_description":"Hoort bij <a href='https://open.overheid.nl/Details/31dd1c82-378e-4429-9dc8-c9d922cdad62/3'>Kamerbrief over resultaten binnengrenscontroles</a>. Minister Faber \u2013 van de Klashorst (Asiel en Migratie) informeert de Tweede Kamer over\n               de resultaten van de invoering van binnengrenscontroles. Het binnengrenstoezicht vindt\n               plaats vanaf 9 december 2024 tot en met 8 juni 2025. ","dc_identifier":"nl.mnre1162.2e-b.2025.15","dc_publisher":"mnre1162","dc_source":"https://open.overheid.nl/Details/f775c351-cc2f-4338-a597-da98cf932c40/3","dc_title":"Beslisnota bij Kamerbrief over resultaten binnengrenscontroles","dc_type":"2e-b","dc_type_description":"Advies: Beslisnota","foi_decisionDate":"2025-03-21","foi_fairiscoreVersions":{"v1":1,"v2":1},"foi_files":[{"dc_format":"application/pdf","dc_identifier":"nl.mnre1162.2e-b.2025.15.doc.1","dc_source":"https://open.overheid.nl/documenten/f775c351-cc2f-4338-a597-da98cf932c40/file","dc_title":"TK Beslisnota bij Resultaten binnengrenscontroles ","dc_type":"bijlage","foi_fairiscoreVersions":{"v1":1,"v2":1},"foi_fileName":"TK Beslisnota bij Resultaten binnengrenscontroles .pdf","foi_nrPages":2}],"foi_nrDocuments":1,"foi_nrPagesInDossier":2,"foi_publishedDate":"2025-03-21","foi_retrievedDate":"2025-03-29"},{"dc_creator":"WooScraper_v1","dc_date_year":2025,"dc_description":"Hoort bij <a href='https://open.overheid.nl/Details/aff2327d-80bd-46bd-8734-370478e03280/3'>Kamerbrief met toestemming deelname IND aan rondetafelgesprek over de Wetsvoorstellen\n                  Wet invoering tweestatusstelsel en Asielnoodmaatregelenwet</a>. Minister Faber \u2013 van de Klashorst (Asiel en Migratie) geeft toestemming aan enkele\n               ambtenaren van de Immigratie- en Naturalisatiedienst (IND) voor deelname aan een rondetafelgesprek\n               met de vaste Tweede Kamecommissie voor Asiel en Migratie over de Wetsvoorstellen Wet\n               invoering tweestatusstelsel en Asielnoodmaatregelenwet. Het rondetafelgesprek vindt\n               plaats op maandag 24 maart 2025.","dc_identifier":"nl.mnre1162.2e-b.2025.16","dc_publisher":"mnre1162","dc_source":"https://open.overheid.nl/Details/deab0134-e5b5-4462-ab91-9871e1b0fc7a/3","dc_title":"Beslisnota bij Kamerbrief met toestemming deelname IND aan rondetafelgesprek over de Wetsvoorstellen Wet invoering tweestatusstelsel en Asielnoodmaatregelenwet","dc_type":"2e-b","dc_type_description":"Advies: Beslisnota","foi_decisionDate":"2025-03-21","foi_fairiscoreVersions":{"v1":1,"v2":1},"foi_files":[{"dc_format":"application/pdf","dc_identifier":"nl.mnre1162.2e-b.2025.16.doc.1","dc_source":"https://open.overheid.nl/documenten/deab0134-e5b5-4462-ab91-9871e1b0fc7a/file","dc_title":"TK Beslisnota bij Verzoek toestemming deelname IND aan rondetafelgesprek over de Wetsvoorstellen Wet invoering tweestatusstelsel en Asielnoodmaatregelenwet","dc_type":"verzoek","foi_fairiscoreVersions":{"v1":1,"v2":1},"foi_fileName":"TK Beslisnota bij Verzoek toestemming deelname IND aan rondetafelgesprek over de Wetsvoorstellen Wet invoering tweestatusstelsel en Asielnoodmaatregelenwet.pdf","foi_nrPages":1}],"foi_nrDocuments":1,"foi_nrPagesInDossier":1,"foi_publishedDate":"2025-03-21","foi_retrievedDate":"2025-03-29","tooiwl_topic":"migratie"},{"dc_creator":"WooScraper_v1","dc_date_year":2025,"dc_description":"Hoort bij <a href='https://open.overheid.nl/Details/01022c2f-29c3-443c-9192-afd7b13b1991/3'>Kamerbrief over versobering asielopvang</a>. \n               Minister Faber-van de Klashorst (Asiel en Migratie) informeert de Tweede Kamer over\n               bestaande en toekomstige maatregelen voor de versobering van de asielopvang. Zij stuurt\n               de 'Huidige en herziene Opvangrichtlijn' en het 'Overzicht van rechten en plichten\n               in de asielopvang naar doelgroepen' mee met de Kamerbrief.","dc_identifier":"nl.mnre1162.2e-b.2025.17","dc_publisher":"mnre1162","dc_source":"https://open.overheid.nl/Details/041ef4d7-9ef9-4afe-b8a2-2075a0fcc3a4/3","dc_title":"Beslisnota bij Kamerbrief over versobering asielopvang","dc_type":"2e-b","dc_type_description":"Advies: Beslisnota","foi_decisionDate":"2025-04-23","foi_fairiscoreVersions":{"v1":1,"v2":1},"foi_files":[{"dc_format":"application/pdf","dc_identifier":"nl.mnre1162.2e-b.2025.17.doc.1","dc_source":"https://open.overheid.nl/documenten/041ef4d7-9ef9-4afe-b8a2-2075a0fcc3a4/file","dc_title":"TK Beslisnota Versobering asielopvang","dc_type":"bijlage","foi_fairiscoreVersions":{"v1":1,"v2":1},"foi_fileName":"TK Beslisnota Versobering asielopvang.pdf","foi_nrPages":9}],"foi_nrDocuments":1,"foi_nrPagesInDossier":9,"foi_publishedDate":"2025-04-23","foi_retrievedDate":"2025-05-03","tooiwl_topic":"migratie en integratie"},{"dc_creator":"WooScraper_v1","dc_date_year":2025,"dc_description":"Hoort bij <a href='https://open.overheid.nl/Details/ecb519ef-b64d-44f3-99c4-ec3da05f477d/3'>Kamerbrief over stand van zaken verbetering situatie van kinderen en amv in asielopvang</a>. Minister Faber-van de Klashorst (Asiel en Migratie) informeert de Tweede Kamer over\n               de stand van zaken van de verbetering van de situatie van kinderen en alleenstaande\n               minderjarige vreemdelingen (amv's) in de asielopvang. Zij bespreekt het plaatsingsbeleid,\n               de voorzieningen, de toegang tot onderwijs en gezondheidszorg en de opvang van amv's.\n               ","dc_identifier":"nl.mnre1162.2e-b.2025.18","dc_publisher":"mnre1162","dc_source":"https://open.overheid.nl/Details/7771acc3-9768-47b5-b74c-4e53c6876d3c/3","dc_title":"Beslisnota bij Kamerbrief over stand van zaken verbetering situatie van kinderen en amv in asielopvang","dc_type":"2e-b","dc_type_description":"Advies: Beslisnota","foi_decisionDate":"2025-04-23","foi_fairiscoreVersions":{"v1":1,"v2":1},"foi_files":[{"dc_format":"application/pdf","dc_identifier":"nl.mnre1162.2e-b.2025.18.doc.1","dc_source":"https://open.overheid.nl/documenten/7771acc3-9768-47b5-b74c-4e53c6876d3c/file","dc_title":"TK Beslisnota bij Kinderen en alleenstaande minderjarige vreemdelingen in de opvang","dc_type":"bijlage","foi_fairiscoreVersions":{"v1":1,"v2":1},"foi_fileName":"TK Beslisnota bij Kinderen en alleenstaande minderjarige vreemdelingen in de opvang.pdf","foi_nrPages":2}],"foi_nrDocuments":1,"foi_nrPagesInDossier":2,"foi_publishedDate":"2025-04-23","foi_retrievedDate":"2025-05-10","tooiwl_topic":"migratie en integratie"},{"dc_creator":"WooScraper_v1","dc_date_year":2025,"dc_description":"Hoort bij <a href='https://open.overheid.nl/Details/0b4c1aa8-53d6-4b2b-b6e7-7dc99665a8fc/3'>Kamerbrief over verlenging binnengrenscontroles</a>. Minister Faber \u2013 van de Klashorst (Asiel en Migratie) informeert de Kamer over de\n               motivering van het besluit om de binnengrenstoezicht te verlengen tot 9 december 2025.","dc_identifier":"nl.mnre1162.2e-b.2025.19","dc_publisher":"mnre1162","dc_source":"https://open.overheid.nl/Details/04cfbc19-e8e5-478d-9453-ec1095870da1/3","dc_title":"Beslisnota bij Kamerbrief over verlenging binnengrenscontroles","dc_type":"2e-b","dc_type_description":"Advies: Beslisnota","foi_decisionDate":"2025-04-25","foi_fairiscoreVersions":{"v1":1,"v2":1},"foi_files":[{"dc_format":"application/pdf","dc_identifier":"nl.mnre1162.2e-b.2025.19.doc.1","dc_source":"https://open.overheid.nl/documenten/04cfbc19-e8e5-478d-9453-ec1095870da1/file","dc_title":"TK Beslisnota bij Kamerbrief Verlenging binnengrenscontroles","dc_type":"bijlage","foi_fairiscoreVersions":{"v1":1,"v2":1},"foi_fileName":"TK Beslisnota bij Kamerbrief Verlenging binnengrenscontroles.pdf","foi_nrPages":3}],"foi_nrDocuments":1,"foi_nrPagesInDossier":3,"foi_publishedDate":"2025-04-25","foi_retrievedDate":"2025-05-10","tooiwl_topic":"migratie"},{"dc_creator":"WooScraper_v1","dc_date_year":2025,"dc_description":"Hoort bij <a href='https://open.overheid.nl/Details/dpc-a81d410c0aff6e68773aa7502897c3d1d198770b/3'>Kamerbrief over uitvoering motie Bontenbal over bandbreedte voor verschillende typen\n                  migratie</a>. Minister Faber- Van de Klashorst (Asiel en Migratie) informeert de Tweede Kamer over\n               de uitvoering van de motie van het Tweede Kamerlid Bontenbal. Het gaat om een voorstel\n               voor opties van bandbreedtes voor verschillende typen migratie.","dc_identifier":"nl.mnre1162.2e-b.2025.2","dc_publisher":"mnre1162","dc_source":"https://open.overheid.nl/Details/dpc-88ed2db43ae9d1e1bc9dd870e97c3d16a2379f23/3","dc_title":"Beslisnota bij Kamerbrief over uitvoering motie Bontenbal over bandbreedte voor verschillende typen migratie","dc_type":"2e-b","dc_type_description":"Advies: Beslisnota","foi_decisionDate":"2025-01-15","foi_fairiscoreVersions":{"v1":1,"v2":1},"foi_files":[{"dc_format":"application/pdf","dc_identifier":"nl.mnre1162.2e-b.2025.2.doc.1","dc_source":"https://open.overheid.nl/documenten/dpc-88ed2db43ae9d1e1bc9dd870e97c3d16a2379f23/pdf","dc_title":"tk-beslisnota-bij-kamerbrief-over-de-uitvoering-motie-bontenbal-inzake-de-bandbreedte-voor-verschillende-typen-migratie","dc_type":"bijlage","foi_fairiscoreVersions":{"v1":1,"v2":1},"foi_fileName":"tk-beslisnota-bij-kamerbrief-over-de-uitvoering-motie-bontenbal-inzake-de-bandbreedte-voor-verschillende-typen-migratie.pdf","foi_nrPages":1}],"foi_nrDocuments":1,"foi_nrPagesInDossier":1,"foi_publishedDate":"2025-01-15","foi_retrievedDate":"2025-01-18","tooiwl_topic":"migratie"},{"dc_creator":"WooScraper_v1","dc_date_year":2025,"dc_description":"Hoort bij <a href='https://open.overheid.nl/Details/0acad32f-668b-4b91-8960-f0f275b8ae60/3'>Kamerbrief over adviesaanvraag Migratiepartnerschappen</a>. Minister Faber \u2013 van de Klashorst (Asiel en Migratie) stuurt de Tweede Kamer een afschrift\n               van de adviesaanvraag die zij met de ministers van Buitenlandse Zaken (BZ) en voor\n               Buitenlandse Handel en Ontwikkelingshulp  heeft verstuurd aan de Adviesraad Migratie.\n               Zij geeft een korte toelichting.","dc_identifier":"nl.mnre1162.2e-b.2025.20","dc_publisher":"mnre1162","dc_source":"https://open.overheid.nl/Details/fde56c8d-bceb-46a6-9b68-6e8a58a034dc/3","dc_title":"Beslisnota bij Adviesaanvraag Migratiepartnerschappen","dc_type":"2e-b","dc_type_description":"Advies: Beslisnota","foi_decisionDate":"2025-05-20","foi_fairiscoreVersions":{"v1":1,"v2":1},"foi_files":[{"dc_format":"application/pdf","dc_identifier":"nl.mnre1162.2e-b.2025.20.doc.1","dc_source":"https://open.overheid.nl/documenten/fde56c8d-bceb-46a6-9b68-6e8a58a034dc/file","dc_title":"TK Beslisnota bij Adviesaanvraag Migratiepartnerschappen","dc_type":"bijlage","foi_fairiscoreVersions":{"v1":1,"v2":1},"foi_fileName":"TK Beslisnota bij Adviesaanvraag Migratiepartnerschappen.pdf","foi_nrPages":1}],"foi_nrDocuments":1,"foi_nrPagesInDossier":1,"foi_publishedDate":"2025-05-20","foi_retrievedDate":"2025-05-24"},{"dc_creator":"WooScraper_v1","dc_date_year":2025,"dc_description":"Hoort bij <a href='https://open.overheid.nl/Details/9e370cee-18d1-4781-a05b-9a78a0eaa077/3'>Kamerbrief met beleidsreactie  op monitor mensenhandel 2019 - 2023</a>. \n               Minister Van Weel (JenV) informeert de Tweede Kamer over de bevindingen uit de Monitor\n               Mensenhandel 2019-2023 van de Nationaal Rapporteur Mensenhandel en Seksueel Geweld\n               tegen Kinderen. Hij geeft zijn beleidsreactie op de aanbevelingen uit de monitor.","dc_identifier":"nl.mnre1162.2e-b.2025.21","dc_publisher":"mnre1162","dc_source":"https://open.overheid.nl/Details/d232951f-f3f4-4dd6-8ee1-7b9ab71c8f60/3","dc_title":"Beslisnota bij Kamerbrief met beleidsreactie op monitor mensenhandel 2019 - 2023","dc_type":"2e-b","dc_type_description":"Advies: Beslisnota","foi_decisionDate":"2025-05-19","foi_fairiscoreVersions":{"v1":1,"v2":1},"foi_files":[{"dc_format":"application/pdf","dc_identifier":"nl.mnre1162.2e-b.2025.21.doc.1","dc_source":"https://open.overheid.nl/documenten/d232951f-f3f4-4dd6-8ee1-7b9ab71c8f60/file","dc_title":"TK Beslisnota Beleidsreactie Monitor Mensenhandel 2019 2023","dc_type":"bijlage","foi_fairiscoreVersions":{"v1":1,"v2":1},"foi_fileName":"TK Beslisnota Beleidsreactie Monitor Mensenhandel 2019 2023.pdf","foi_nrPages":3}],"foi_nrDocuments":1,"foi_nrPagesInDossier":3,"foi_publishedDate":"2025-05-19","foi_retrievedDate":"2025-05-24","tooiwl_topic":"criminaliteit"},{"dc_creator":"WooScraper_v1","dc_date_year":2025,"dc_description":"Hoort bij <a href='https://open.overheid.nl/Details/ab6dcf93-928c-4fc6-a870-db37a4f21720/2'>Kamerbrief over vervolg derdelanders met tijdelijk verblijfsrecht in Oekra\u00efne</a>. Minister Faber (AenM) informeert de Tweede Kamer over de vervolgstappen naar aanleiding\n               van de uitspraak van de Raad van State over de be\u00ebindiging van de tijdelijke bescherming\n               van derdelanders met een tijdelijk verblijfsrecht in Oekra\u00efne.   ","dc_identifier":"nl.mnre1162.2e-b.2025.22","dc_publisher":"mnre1162","dc_source":"https://open.overheid.nl/Details/ce1aec14-6f1e-44b8-a9f5-dfabf3ab5fb3/2","dc_title":"Beslisnota bij Kamerbrief over vervolg derdelanders met tijdelijk verblijfsrecht in Oekra\u00efne","dc_type":"2e-b","dc_type_description":"Advies: Beslisnota","foi_decisionDate":"2025-05-23","foi_fairiscoreVersions":{"v1":1,"v2":1},"foi_files":[{"dc_format":"application/pdf","dc_identifier":"nl.mnre1162.2e-b.2025.22.doc.1","dc_source":"https://open.overheid.nl/documenten/ce1aec14-6f1e-44b8-a9f5-dfabf3ab5fb3/file","dc_title":"TK Beslisnota bij Kamerbrief over vervolg derdelanders met tijdelijk verblijfsrecht in Oekraine","dc_type":"bijlage","foi_fairiscoreVersions":{"v1":1,"v2":1},"foi_fileName":"TK Beslisnota bij Kamerbrief over vervolg derdelanders met tijdelijk verblijfsrecht in Oekraine.pdf","foi_nrPages":1}],"foi_nrDocuments":1,"foi_nrPagesInDossier":1,"foi_publishedDate":"2025-05-23","foi_retrievedDate":"2025-06-07","tooiwl_topic":"migratie en integratie"},{"dc_creator":"WooScraper_v1","dc_date_year":2025,"dc_description":"Hoort bij <a href='https://open.overheid.nl/Details/1b04b67e-4c71-46ad-a5d9-5e275e362fa6/2'>Kamerbrief over landenbeleid Syri\u00eb</a>. Minister Van Weel (AenM) informeert de Tweede Kamer over de gevolgen van de ontwikkelingen\n               in Syri\u00eb voor het landgebonden asielbeleid. ","dc_identifier":"nl.mnre1162.2e-b.2025.23","dc_publisher":"mnre1162","dc_source":"https://open.overheid.nl/Details/24166939-90bd-4302-b168-a9b355696d33/2","dc_title":"Beslisnota bij Kamerbrief over landenbeleid Syri\u00eb","dc_type":"2e-b","dc_type_description":"Advies: Beslisnota","foi_decisionDate":"2025-06-04","foi_fairiscoreVersions":{"v1":1,"v2":1},"foi_files":[{"dc_format":"application/pdf","dc_identifier":"nl.mnre1162.2e-b.2025.23.doc.1","dc_source":"https://open.overheid.nl/documenten/24166939-90bd-4302-b168-a9b355696d33/file","dc_title":"TK beslisnota bij Landenbeleid Syrie","dc_type":"bijlage","foi_fairiscoreVersions":{"v1":1,"v2":1},"foi_fileName":"TK beslisnota bij Landenbeleid Syrie.pdf","foi_nrPages":7}],"foi_nrDocuments":1,"foi_nrPagesInDossier":7,"foi_publishedDate":"2025-06-04","foi_retrievedDate":"2025-06-14","tooiwl_topic":"migratie"},{"dc_creator":"WooScraper_v1","dc_date_year":2025,"dc_description":"Hoort bij <a href='https://open.overheid.nl/Details/6f91a8a8-145d-4aaf-819a-6143c482149c/3'>Kamerbrief bij aanbieding rapport Staat van Migratie 2025</a>. Minister Van Weel (AenM) informeert de Tweede Kamer over het rapport 'De Staat van\n               Migratie 2025'.","dc_identifier":"nl.mnre1162.2e-b.2025.24","dc_publisher":"mnre1162","dc_source":"https://open.overheid.nl/Details/b0cfc019-893d-4ee7-9053-0f85c909a1c8/3","dc_title":"Beslisnota bij Kamerbrief aanbieding rapport Staat van Migratie 2025","dc_type":"2e-b","dc_type_description":"Advies: Beslisnota","foi_decisionDate":"2025-06-11","foi_fairiscoreVersions":{"v1":1,"v2":1},"foi_files":[{"dc_format":"application/pdf","dc_identifier":"nl.mnre1162.2e-b.2025.24.doc.1","dc_source":"https://open.overheid.nl/documenten/b0cfc019-893d-4ee7-9053-0f85c909a1c8/file","dc_title":"TK Beslisnota bij Staat van Migratie 2025","dc_type":"bijlage","foi_fairiscoreVersions":{"v1":1,"v2":1},"foi_fileName":"TK Beslisnota bij Staat van Migratie 2025.pdf","foi_nrPages":2}],"foi_nrDocuments":1,"foi_nrPagesInDossier":2,"foi_publishedDate":"2025-06-11","foi_retrievedDate":"2025-07-15","tooiwl_topic":"migratie"},{"dc_creator":"WooScraper_v1","dc_date_year":2025,"dc_description":"Hoort bij <a href='https://open.overheid.nl/Details/d02c4854-8928-4a40-942e-45c190dbeaee/2'>Kamerbrief Staat van Migratie 2025</a>. Minister Van Weel (AenM) informeert de Eerste Kamer over de Staat van Migratie 2025.\n               ","dc_identifier":"nl.mnre1162.2e-b.2025.25","dc_publisher":"mnre1162","dc_source":"https://open.overheid.nl/Details/498ca6f1-3b42-43c1-b5e6-e1c142f4b6d6/2","dc_title":"Beslisnota bij Staat van Migratie 2025","dc_type":"2e-b","dc_type_description":"Advies: Beslisnota","foi_decisionDate":"2025-06-11","foi_fairiscoreVersions":{"v1":1,"v2":1},"foi_files":[{"dc_format":"application/pdf","dc_identifier":"nl.mnre1162.2e-b.2025.25.doc.1","dc_source":"https://open.overheid.nl/documenten/498ca6f1-3b42-43c1-b5e6-e1c142f4b6d6/file","dc_title":"EK Beslisnota bij Staat van Migratie 2025","dc_type":"bijlage","foi_fairiscoreVersions":{"v1":1,"v2":1},"foi_fileName":"EK Beslisnota bij Staat van Migratie 2025.pdf","foi_nrPages":2}],"foi_nrDocuments":1,"foi_nrPagesInDossier":2,"foi_publishedDate":"2025-06-11","foi_retrievedDate":"2025-07-15","tooiwl_topic":"migratie"},{"dc_creator":"WooScraper_v1","dc_date_year":2025,"dc_description":"Hoort bij <a href='https://open.overheid.nl/Details/ec6f91c4-21da-4570-b73d-573b47b5c308/2'>Kamerbrief over onrust rondom komst asielzoekerscentra en reactie VNG daarop</a>. Minister Keijzer (Asiel en Migratie) stuurt de Tweede Kamer haar reactie op de onrust\n               rondom de komst van asielzoekerscentra en de reactie van de Vereniging van Nederlandse\n               Gemeenten (VNG) daarop. Het Tweede Kamerlid Podt (D66) en de Commissie van Asiel en\n               Migratie hadden om een schriftelijke reactie gevraagd.","dc_identifier":"nl.mnre1162.2e-b.2025.26","dc_publisher":"mnre1162","dc_source":"https://open.overheid.nl/Details/d75c74e2-ad48-4b33-b846-eb0b72d8959b/2","dc_title":"Beslisnota bij Kamerbrief over onrust rondom komst asielzoekerscentra en reactie VNG daarop","dc_type":"2e-b","dc_type_description":"Advies: Beslisnota","foi_decisionDate":"2025-07-11","foi_fairiscoreVersions":{"v1":1,"v2":1},"foi_files":[{"dc_format":"application/pdf","dc_identifier":"nl.mnre1162.2e-b.2025.26.doc.1","dc_source":"https://open.overheid.nl/documenten/d75c74e2-ad48-4b33-b846-eb0b72d8959b/file","dc_title":"TK Beslisnota bij reactie VKC verzoek over de onrust rondom de komst van asielzoekerscentra en de reactie van de VNG daarop","dc_type":"verzoek","foi_fairiscoreVersions":{"v1":1,"v2":1},"foi_fileName":"TK Beslisnota bij reactie VKC verzoek over de onrust rondom de komst van asielzoekerscentra en de reactie van de VNG daarop.pdf","foi_nrPages":1}],"foi_nrDocuments":1,"foi_nrPagesInDossier":1,"foi_publishedDate":"2025-07-11","foi_retrievedDate":"2025-07-15","tooiwl_topic":"migratie"},{"dc_creator":"WooScraper_v1","dc_date_year":2025,"dc_description":"Hoort bij <a href='https://open.overheid.nl/Details/914cc59d-10de-466d-9787-812b5b1b5a05/3'>Verzamelbrief opvang ontheemden Oekra\u00efne juli 2025</a>. Minister Keijzer (Asiel en Migratie) informeert de Tweede Kamer over de opvang van\n               ontheemden uit Oekra\u00efne. In deze verzamelbrief besteedt de minister onder meer aandacht\n               aan de verlenging van de activatie van de Richtlijn tijdelijke bescherming (RTB) met\n               1 jaar. ","dc_identifier":"nl.mnre1162.2e-b.2025.27","dc_publisher":"mnre1162","dc_source":"https://open.overheid.nl/Details/c4d79ec8-a42d-41a7-adf5-f458bbaadc0a/3","dc_title":"Beslisnota bij Verzamelbrief opvang ontheemden Oekra\u00efne juli 2025","dc_type":"2e-b","dc_type_description":"Advies: Beslisnota","foi_decisionDate":"2025-07-04","foi_fairiscoreVersions":{"v1":1,"v2":1},"foi_files":[{"dc_format":"application/pdf","dc_identifier":"nl.mnre1162.2e-b.2025.27.doc.1","dc_source":"https://open.overheid.nl/documenten/c4d79ec8-a42d-41a7-adf5-f458bbaadc0a/file","dc_title":"TK Beslisnota bij Verzamelbrief opvang Oekraine RAenM","dc_type":"bijlage","foi_fairiscoreVersions":{"v1":1,"v2":1},"foi_fileName":"TK Beslisnota bij Verzamelbrief opvang Oekraine RAenM.pdf","foi_nrPages":5}],"foi_nrDocuments":1,"foi_nrPagesInDossier":5,"foi_publishedDate":"2025-07-04","foi_retrievedDate":"2025-07-15","tooiwl_topic":"internationale betrekkingen"},{"dc_creator":"WooScraper_v1","dc_date_year":2025,"dc_description":"Hoort bij <a href='https://open.overheid.nl/Details/1f0967af-f8b3-4688-8a76-2d77c14d9b25/2'>Kamerbrief inzake informatievoorziening over nieuwe Commissievoorstellen</a>. Minister Veldkamp (BZ)  informeert de Tweede Kamer over 2 fiches van de werkgroep\n               Beoordeling Nieuwe Commissievoorstellen (BNC). Eenzelfde brief is aan de Eerste Kamer\n               gestuurd. ","dc_identifier":"nl.mnre1162.2e-b.2025.28","dc_publisher":"mnre1162","dc_source":"https://open.overheid.nl/Details/3b78cbd5-b239-478c-a974-4988cf414d03/2","dc_title":"Beslisnota bij fiche 2 - Verordening veilige derde landen","dc_type":"2e-b","dc_type_description":"Advies: Beslisnota","foi_decisionDate":"2025-06-12","foi_fairiscoreVersions":{"v1":1,"v2":1},"foi_files":[{"dc_format":"application/pdf","dc_identifier":"nl.mnre1162.2e-b.2025.28.doc.1","dc_source":"https://open.overheid.nl/documenten/3b78cbd5-b239-478c-a974-4988cf414d03/file","dc_title":"Beslisnota bij fiche 2 - Verordening veilige derde landen","dc_type":"bijlage","foi_fairiscoreVersions":{"v1":1,"v2":1},"foi_fileName":"Beslisnota bij fiche 2 - Verordening veilige derde landen.pdf","foi_nrPages":4}],"foi_nrDocuments":1,"foi_nrPagesInDossier":4,"foi_publishedDate":"2025-06-12","foi_retrievedDate":"2025-07-15","tooiwl_topic":"europese zaken"},{"dc_creator":"WooScraper_v1","dc_date_year":2025,"dc_description":"Hoort bij <a href='https://open.overheid.nl/Details/9a638ac5-be18-4e5b-86bb-0f7c7f509e6a/2'>Kamerbrief over voorlichting Raad van State over strafbaarstelling illegaliteit</a>. Minister van Weel (Asiel en Migratie) stuurt de Tweede Kamer een afschrift van zijn\n               verzoek aan de Afdeling advisering van de \n               Raad van State om een voorlichting over de voorgestelde strafbaarstelling van illegaliteit\n               in het gewijzigde wetsvoorstel Asielnoodmaatregelenwet. Eenzelfde brief is aan de\n               Eerste Kamer gestuurd.","dc_identifier":"nl.mnre1162.2e-b.2025.29","dc_publisher":"mnre1162","dc_source":"https://open.overheid.nl/Details/1fe8ce39-b0b8-4f57-81a8-f26cef2b7a71/2","dc_title":"Beslisnota bij Kamerbrief over voorlichting Raad van State over strafbaarstelling illegaliteit","dc_type":"2e-b","dc_type_description":"Advies: Beslisnota","foi_decisionDate":"2025-07-11","foi_fairiscoreVersions":{"v1":1,"v2":1},"foi_files":[{"dc_format":"application/pdf","dc_identifier":"nl.mnre1162.2e-b.2025.29.doc.1","dc_source":"https://open.overheid.nl/documenten/1fe8ce39-b0b8-4f57-81a8-f26cef2b7a71/file","dc_title":"TK beslisnota bij Spoedadvies Afdeling advisering RvS over strafbaarstelling illegaliteit ","dc_type":"bijlage","foi_fairiscoreVersions":{"v1":1,"v2":1},"foi_fileName":"TK beslisnota bij Spoedadvies Afdeling advisering RvS over strafbaarstelling illegaliteit .pdf","foi_nrPages":2}],"foi_nrDocuments":1,"foi_nrPagesInDossier":2,"foi_publishedDate":"2025-07-11","foi_retrievedDate":"2025-07-15","tooiwl_topic":"migratie"},{"dc_creator":"WooScraper_v1","dc_date_year":2025,"dc_description":"Hoort bij <a href='https://open.overheid.nl/Details/dpc-00e949c956185ac241962c3276c0d8cb9769186c/3'>Kamerbrief met reactie op inspectierapport over de opvangsituatie in Ter Apel</a>. Minister Faber- Van de Klashorst (Asiel en Migratie) informeert de Tweede Kamer over\n               de bevindingen en aanbevelingen van de Inspectie Justitie en Veiligheid (IJ&V) voor\n               de opvangsituatie in het aanmeldcentrum in Ter Apel en de opvangvoorzieningen. Zij\n               stuurt de brief van de inspectie over de bevindingen mee met de Kamerbrief.","dc_identifier":"nl.mnre1162.2e-b.2025.3","dc_publisher":"mnre1162","dc_source":"https://open.overheid.nl/Details/dpc-675b21a7c57bfd09d4b1b7772ad762c131d5864e/3","dc_title":"Beslisnota bij Kamerbrief met reactie op inspectierapport over de opvangsituatie in Ter Apel","dc_type":"2e-b","dc_type_description":"Advies: Beslisnota","foi_decisionDate":"2025-01-15","foi_fairiscoreVersions":{"v1":1,"v2":1},"foi_files":[{"dc_format":"application/pdf","dc_identifier":"nl.mnre1162.2e-b.2025.3.doc.1","dc_source":"https://open.overheid.nl/documenten/dpc-675b21a7c57bfd09d4b1b7772ad762c131d5864e/pdf","dc_title":"tk-beslisnota-bij-inspectierapport-over-de-situatie-in-aanmeldcentrum-ter-apel","dc_type":"bijlage","foi_fairiscoreVersions":{"v1":1,"v2":1},"foi_fileName":"tk-beslisnota-bij-inspectierapport-over-de-situatie-in-aanmeldcentrum-ter-apel.pdf","foi_nrPages":1}],"foi_nrDocuments":1,"foi_nrPagesInDossier":1,"foi_publishedDate":"2025-01-15","foi_retrievedDate":"2025-01-18","tooiwl_topic":"migratie"},{"dc_creator":"WooScraper_v1","dc_date_year":2025,"dc_description":"Hoort bij <a href='https://open.overheid.nl/Details/e355126c-954c-4a2c-8ca0-84ef2c0af303/2'>Aanbiedingsbrief afschrift Kamerbrief over rapport IGJ over Nidos, regio Apeldoorn</a>. Minister Keijzer (AenM) stuurt de Eerste Kamer een afschrift van de brief die de Tweede\n               Kamer heeft ontvangen over het rapport van de Inspectie Gezondheidszorg en Jeugd over\n               de Nidos, regio Apeldoorn.","dc_identifier":"nl.mnre1162.2e-b.2025.30","dc_publisher":"mnre1162","dc_source":"https://open.overheid.nl/Details/c9f7296b-f48e-4129-b46e-09c2c5f147b2/2","dc_title":"Beslisnota bij aanbiedingsbrief afschrift Kamerbrief over rapport IGJ over Nidos, regio Apeldoorn","dc_type":"2e-b","dc_type_description":"Advies: Beslisnota","foi_decisionDate":"2025-07-16","foi_fairiscoreVersions":{"v1":1,"v2":1},"foi_files":[{"dc_format":"application/pdf","dc_identifier":"nl.mnre1162.2e-b.2025.30.doc.1","dc_source":"https://open.overheid.nl/documenten/c9f7296b-f48e-4129-b46e-09c2c5f147b2/file","dc_title":"EK Beslisnota bij Kamerbrief Rapport Inspectie Gezondheidszorg en Jeugd over Nidos regio Apeldoorn","dc_type":"bijlage","foi_fairiscoreVersions":{"v1":1,"v2":1},"foi_fileName":"EK Beslisnota bij Kamerbrief Rapport Inspectie Gezondheidszorg en Jeugd over Nidos regio Apeldoorn.pdf","foi_nrPages":2}],"foi_nrDocuments":1,"foi_nrPagesInDossier":2,"foi_publishedDate":"2025-07-16","foi_retrievedDate":"2025-07-19","tooiwl_topic":"jeugdzorg"},{"dc_creator":"WooScraper_v1","dc_date_year":2025,"dc_description":"Hoort bij <a href='https://open.overheid.nl/Details/938dd877-5dc0-4ce6-a2b8-e1946547abdd/2'>Kamerbrief over rapport IGJ over Nidos, regio Apeldoorn</a>. Minister Keijzer (AenM) stuurt de Tweede Kamer het rapport van de Inspectie Gezondheidszorg\n               en Jeugd over de Nidos, regio Apeldoorn.","dc_identifier":"nl.mnre1162.2e-b.2025.31","dc_publisher":"mnre1162","dc_source":"https://open.overheid.nl/Details/21e981c2-fe06-4f87-b6f9-6f6934226e3b/2","dc_title":"Beslisnota bij Kamerbrief over rapport IGJ over Nidos regio Apeldoorn","dc_type":"2e-b","dc_type_description":"Advies: Beslisnota","foi_decisionDate":"2025-07-01","foi_fairiscoreVersions":{"v1":1,"v2":1},"foi_files":[{"dc_format":"application/pdf","dc_identifier":"nl.mnre1162.2e-b.2025.31.doc.1","dc_source":"https://open.overheid.nl/documenten/21e981c2-fe06-4f87-b6f9-6f6934226e3b/file","dc_title":"TK Beslisnota bij Kamerbrief Rapport Inspectie Gezondheidszorg en Jeugd over Nidos regio Apeldoorn","dc_type":"bijlage","foi_fairiscoreVersions":{"v1":1,"v2":1},"foi_fileName":"TK Beslisnota bij Kamerbrief Rapport Inspectie Gezondheidszorg en Jeugd over Nidos regio Apeldoorn.pdf","foi_nrPages":2}],"foi_nrDocuments":1,"foi_nrPagesInDossier":2,"foi_publishedDate":"2025-07-01","foi_retrievedDate":"2025-07-19","tooiwl_topic":"jeugdzorg"},{"dc_creator":"WooScraper_v1","dc_date_year":2025,"dc_description":"Hoort bij <a href='https://open.overheid.nl/Details/050f5fb3-da94-42ac-907e-57ae20b8f862/2'>Kamerbrief over diverse onderwerpen op het gebied van opvang</a>. Minister Keijzer (Asiel en Migratie) informeert de Tweede Kamer over verschillende\n               - door de Kamer aangenomen - moties en toezeggingen over opvang in de Migratieketen,\n               en over een financi\u00eble integriteitsschending bij Nidos.  ","dc_identifier":"nl.mnre1162.2e-b.2025.32","dc_publisher":"mnre1162","dc_source":"https://open.overheid.nl/Details/9563f506-81df-4032-a43f-af0173dea9a3/2","dc_title":"Beslisnota bij Kamerbrief over diverse onderwerpen op het gebied van opvang","dc_type":"2e-b","dc_type_description":"Advies: Beslisnota","foi_decisionDate":"2025-07-11","foi_fairiscoreVersions":{"v1":1,"v2":1},"foi_files":[{"dc_format":"application/pdf","dc_identifier":"nl.mnre1162.2e-b.2025.32.doc.1","dc_source":"https://open.overheid.nl/documenten/9563f506-81df-4032-a43f-af0173dea9a3/file","dc_title":"TK Beslisnota bij Diverse onderwerpen op het gebied van opvang","dc_type":"bijlage","foi_fairiscoreVersions":{"v1":1,"v2":1},"foi_fileName":"TK Beslisnota bij Diverse onderwerpen op het gebied van opvang.pdf","foi_nrPages":3}],"foi_nrDocuments":1,"foi_nrPagesInDossier":3,"foi_publishedDate":"2025-07-11","foi_retrievedDate":"2025-08-02","tooiwl_topic":"migratie"},{"dc_creator":"WooScraper_v1","dc_date_year":2025,"dc_description":"Hoort bij <a href='https://open.overheid.nl/Details/c07a0568-bc81-4ed5-98ea-48c8224ee709/1'>Kamerbrief maatregelen huisvesting statushouders</a>. Minister Keijzer (AenM en VRO) en staatssecretaris Nobel (Participatie en Integratie)\n               informeren de Tweede Kamer over een gewijzigde aanpak voor de huisvesting van asielzoekers\n               die een verblijfsvergunning hebben gekregen. Het gaat daarbij onder meer over het\n               afschaffen van de voorrang voor het krijgen van een huurwoning en snellere integratie\n               door het leren van Nederlands en het vinden van werk.","dc_identifier":"nl.mnre1162.2e-b.2025.33","dc_publisher":"mnre1162","dc_source":"https://open.overheid.nl/Details/e69dfa76-fede-4ba4-8d97-1c77305da23b/1","dc_title":"Beslisnota bij Kamerbrief maatregelen huisvesting statushouders","dc_type":"2e-b","dc_type_description":"Advies: Beslisnota","foi_decisionDate":"2025-07-10","foi_fairiscoreVersions":{"v1":1,"v2":1},"foi_files":[{"dc_format":"application/pdf","dc_identifier":"nl.mnre1162.2e-b.2025.33.doc.1","dc_source":"https://open.overheid.nl/documenten/e69dfa76-fede-4ba4-8d97-1c77305da23b/file","dc_title":"TK Beslisnota bij Aanbieding beleidsbrief samenhangend pakket","dc_type":"bijlage","foi_fairiscoreVersions":{"v1":1,"v2":1},"foi_fileName":"TK Beslisnota bij Aanbieding beleidsbrief samenhangend pakket.pdf","foi_nrPages":5}],"foi_nrDocuments":1,"foi_nrPagesInDossier":5,"foi_publishedDate":"2025-07-10","foi_retrievedDate":"2025-08-02","tooiwl_topic":"migratie"},{"dc_creator":"WooScraper_v1","dc_date_year":2025,"dc_description":"In een beslisnota staat achtergrondinformatie die bewindspersonen gebruiken bij de besluitvorming over een Kamerstuk. Onderdeel van <a href='https://open.overheid.nl/details/335790d1-1eb8-495e-b94a-53c7820e01f7'>Kamerbrief over uitspraak Raad van State over discretionaire bevoegdheid</a>.","dc_identifier":"nl.mnre1162.2e-b.2025.34","dc_publisher":"mnre1162","dc_source":"https://open.overheid.nl/details/5313d521-1aaf-46a3-b193-1d05f12b3ec3","dc_title":"Beslisnota bij Kamerbrief over uitspraak Raad van State over discretionaire bevoegdheid","dc_type":"2e-b","dc_type_description":"Advies: Beslisnota","foi_decisionDate":"2025-08-27","foi_fairiscoreVersions":{"v1":1,"v2":1},"foi_files":[{"dc_format":"application/pdf","dc_identifier":"nl.mnre1162.2e-b.2025.34.doc.1","dc_source":"https://open.overheid.nl/documenten/5313d521-1aaf-46a3-b193-1d05f12b3ec3/file","dc_title":"Beslisnota bij Kamerbrief over uitspraak Raad van State over discretionaire bevoegdheid","dc_type":"bijlage","foi_fairiscoreVersions":{"v1":1,"v2":1},"foi_fileName":"Beslisnota bij Kamerbrief over uitspraak RvS over discretionaire bevoegdheid.pdf","foi_nrPages":1}],"foi_nrDocuments":1,"foi_nrPagesInDossier":1,"foi_publishedDate":"2025-08-27","foi_retrievedDate":"2025-09-28"},{"dc_creator":"WooScraper_v1","dc_date_year":2025,"dc_description":"Hoort bij <a href='https://open.overheid.nl/Details/dpc-01fbdfd2b189e96399f407d29a5d25cf06f9485a/3'>Kamerbrief met toestemming technische briefing over nationale implementatie van het\n                  EU Migratiepact</a>. \n               Minister Faber- Van de Klashorst (Asiel en Migratie) geeft toestemming aan enkele\n               ambtenaren voor deelname aan een technische briefing over het migtatiepact van de\n               Europese Unie (EU). Zij doet dit op verzoek van de vaste Tweede Kamercommissie voor\n               Asiel en Migratie.","dc_identifier":"nl.mnre1162.2e-b.2025.4","dc_publisher":"mnre1162","dc_source":"https://open.overheid.nl/Details/dpc-80762bb708902cedcd44e48a488a4c59a4cea5d1/3","dc_title":"Beslisnota bij Kamerbrief met toestemming technische briefing over nationale implementatie van het EU Migratiepact","dc_type":"2e-b","dc_type_description":"Advies: Beslisnota","foi_decisionDate":"2025-01-15","foi_fairiscoreVersions":{"v1":1,"v2":1},"foi_files":[{"dc_format":"application/pdf","dc_identifier":"nl.mnre1162.2e-b.2025.4.doc.1","dc_source":"https://open.overheid.nl/documenten/dpc-80762bb708902cedcd44e48a488a4c59a4cea5d1/pdf","dc_title":"tk-beslisnota-bij-toestemming-deelname-technische-briefing-over-de-implementatie-van-het-eu-migratiepact","dc_type":"bijlage","foi_fairiscoreVersions":{"v1":1,"v2":1},"foi_fileName":"tk-beslisnota-bij-toestemming-deelname-technische-briefing-over-de-implementatie-van-het-eu-migratiepact.pdf","foi_nrPages":2}],"foi_nrDocuments":1,"foi_nrPagesInDossier":2,"foi_publishedDate":"2025-01-15","foi_retrievedDate":"2025-01-18","tooiwl_topic":"europese zaken"},{"dc_creator":"WooScraper_v1","dc_date_year":2025,"dc_description":"In een beslisnota staat achtergrondinformatie die bewindspersonen gebruiken bij de besluitvorming over een Kamerstuk. Onderdeel van <a href='https://open.overheid.nl/details/6143e84f-8d88-41d5-b622-b0a5bcd6a609'>Kamerbrief over terugkeerkeerondersteuning naar Syri\u00eb</a>.","dc_identifier":"nl.mnre1162.2e-b.2025.42","dc_publisher":"mnre1162","dc_source":"https://open.overheid.nl/details/4c4e1a59-2135-4ed0-b1d8-1f928f3629ab","dc_title":"Beslisnota bij Kamerbrief over terugkeerkeerondersteuning naar Syri\u00eb","dc_type":"2e-b","dc_type_description":"Advies: Beslisnota","foi_decisionDate":"2025-07-01","foi_fairiscoreVersions":{"v1":1,"v2":1},"foi_files":[{"dc_format":"application/pdf","dc_identifier":"nl.mnre1162.2e-b.2025.42.doc.1","dc_source":"https://open.overheid.nl/documenten/4c4e1a59-2135-4ed0-b1d8-1f928f3629ab/file","dc_title":"Beslisnota bij Kamerbrief over terugkeerkeerondersteuning naar Syri\u00eb","dc_type":"bijlage","foi_fairiscoreVersions":{"v1":1,"v2":1},"foi_fileName":"TK Beslisnota bij Inzet op terugkeer Syrie.pdf","foi_nrPages":6}],"foi_nrDocuments":1,"foi_nrPagesInDossier":6,"foi_publishedDate":"2025-10-21","foi_retrievedDate":"2025-11-08"},{"dc_creator":"WooScraper_v1","dc_date_year":2025,"dc_description":"Hoort bij <a href='https://open.overheid.nl/Details/dpc-3353ddb5c1ff3ead1f8e6751fc61954b6337b760/3'>Kamerbrief over landenbeleid Colombia januari 2025</a>. Minister Faber- van de Klashorst (Asiel en Migratie) informeert de Tweede Kamer over\n               wijzigingen in het landenbeleid voor Colombia. Aanleiding is het algemeen ambtsbericht\n               (AAB) van het ministerie van Buitenlandse Zaken (BZ) van 24 juni 2024.","dc_identifier":"nl.mnre1162.2e-b.2025.5","dc_publisher":"mnre1162","dc_source":"https://open.overheid.nl/Details/dpc-c79bffdc8109fa30b54999901984f152e0a3775a/3","dc_title":"Beslisnota bij Kamerbrief over landenbeleid Colombia januari 2025","dc_type":"2e-b","dc_type_description":"Advies: Beslisnota","foi_decisionDate":"2025-01-30","foi_fairiscoreVersions":{"v1":1,"v2":1},"foi_files":[{"dc_format":"application/pdf","dc_identifier":"nl.mnre1162.2e-b.2025.5.doc.1","dc_source":"https://open.overheid.nl/documenten/dpc-c79bffdc8109fa30b54999901984f152e0a3775a/pdf","dc_title":"tk-beslisnota-bij-het-landenbeleid-colombia","dc_type":"bijlage","foi_fairiscoreVersions":{"v1":1,"v2":1},"foi_fileName":"tk-beslisnota-bij-het-landenbeleid-colombia.pdf","foi_nrPages":6}],"foi_nrDocuments":1,"foi_nrPagesInDossier":6,"foi_publishedDate":"2025-01-30","foi_retrievedDate":"2025-02-04","tooiwl_topic":"migratie"},{"dc_creator":"WooScraper_v1","dc_date_year":2025,"dc_description":"Hoort bij <a href='https://open.overheid.nl/Details/dpc-c0ff0220cfde8c4b3651f9daeb6719eba434776c/4'>Kamerbrief over procesbeschikbaarheidsaanpak</a>. Minister Faber-van de Klashorst (Asiel en Migratie) informeert de Tweede Kamer over\n               de gefaseerde doorstart van de procesbeschikbaarheidsaanpak voor overlastgevende asielzoekers\n               in Ter Apel en Budel. De procesbeschikbaarheidsaanpak is een escalatiemodel van verschillende\n               treden met toepassing van een steeds zwaarder regime als de vreemdeling niet meewerkt\n               aan zijn procedure of overlast veroorzaakt. ","dc_identifier":"nl.mnre1162.2e-b.2025.6","dc_publisher":"mnre1162","dc_source":"https://open.overheid.nl/Details/dpc-125581c053d3c9b61e5818f9ac33c09ef17bf4f9/4","dc_title":"Beslisnota bij Kamerbrief over procesbeschikbaarheidsaanpak","dc_type":"2e-b","dc_type_description":"Advies: Beslisnota","foi_decisionDate":"2025-02-06","foi_fairiscoreVersions":{"v1":1,"v2":1},"foi_files":[{"dc_format":"application/pdf","dc_identifier":"nl.mnre1162.2e-b.2025.6.doc.1","dc_source":"https://open.overheid.nl/documenten/dpc-125581c053d3c9b61e5818f9ac33c09ef17bf4f9/pdf","dc_title":"tk-beslisnota-bij-kamerbrief-over-de-procesbeschikbaarheidsaanpak","dc_type":"bijlage","foi_fairiscoreVersions":{"v1":1,"v2":1},"foi_fileName":"tk-beslisnota-bij-kamerbrief-over-de-procesbeschikbaarheidsaanpak.pdf","foi_nrPages":1}],"foi_nrDocuments":1,"foi_nrPagesInDossier":1,"foi_publishedDate":"2025-02-06","foi_retrievedDate":"2025-02-07","tooiwl_topic":"migratie"},{"dc_creator":"WooScraper_v1","dc_date_year":2025,"dc_description":"Hoort bij <a href='https://open.overheid.nl/Details/dpc-45d52e0ea3c7c478c5ff8ede94c1040059b7dd9c/3'>Kamerbrief over afbouw subsidie Vluchtelingenwerk Nederland</a>. Minister Faber-van de Klashorst (Asiel en Migratie) informeert de Tweede Kamer over\n               de afbouw van de subsidie aan VluchtelingenWerk Nederland (VWN) en de gevolgen voor\n               de migratieketen.","dc_identifier":"nl.mnre1162.2e-b.2025.7","dc_publisher":"mnre1162","dc_source":"https://open.overheid.nl/Details/dpc-6f4003381cd4c34cd8d8ddb2611cddc4ef933539/3","dc_title":"Beslisnota bij Kamerbrief over afbouw subsidie Vluchtelingenwerk Nederland","dc_type":"2e-b","dc_type_description":"Advies: Beslisnota","foi_decisionDate":"2025-02-10","foi_fairiscoreVersions":{"v1":1,"v2":1},"foi_files":[{"dc_format":"application/pdf","dc_identifier":"nl.mnre1162.2e-b.2025.7.doc.1","dc_source":"https://open.overheid.nl/documenten/dpc-6f4003381cd4c34cd8d8ddb2611cddc4ef933539/pdf","dc_title":"tk-beslisnota-bij-kamerbrief-over-de-afbouw-van-vluchtelingenwerk-nederland","dc_type":"bijlage","foi_fairiscoreVersions":{"v1":1,"v2":1},"foi_fileName":"tk-beslisnota-bij-kamerbrief-over-de-afbouw-van-vluchtelingenwerk-nederland.pdf","foi_nrPages":1}],"foi_nrDocuments":1,"foi_nrPagesInDossier":1,"foi_publishedDate":"2025-02-10","foi_retrievedDate":"2025-02-11","tooiwl_topic":"migratie"},{"dc_creator":"WooScraper_v1","dc_date_year":2025,"dc_description":"Hoort bij <a href='https://open.overheid.nl/Details/dpc-d6df9560e6c76080682d226b6665070c62c72dfa/3'>Kamerbrief over versnelde uitstroom statushouders</a>. Minister Faber- van de Klashorst (Asiel en Migratie) informeert de Tweede Kamer over\n               aanvullende maatregelen om het vraagstuk over opvang en huisvesting van asielzoekers\n               en statushouders op de korte en (middel)lange termijn aan te pakken.","dc_identifier":"nl.mnre1162.2e-b.2025.8","dc_publisher":"mnre1162","dc_source":"https://open.overheid.nl/Details/dpc-f49f62f932aaeb58685b7cd7e764502e330c9eed/3","dc_title":"Beslisnota bij Kamerbrief over versnelde uitstroom statushouders","dc_type":"2e-b","dc_type_description":"Advies: Beslisnota","foi_decisionDate":"2025-02-14","foi_fairiscoreVersions":{"v1":1,"v2":1},"foi_files":[{"dc_format":"application/pdf","dc_identifier":"nl.mnre1162.2e-b.2025.8.doc.1","dc_source":"https://open.overheid.nl/documenten/dpc-f49f62f932aaeb58685b7cd7e764502e330c9eed/pdf","dc_title":"tk-beslisnota-bij-kamerbrief-inzake-de-versnelde-uitstroom-statushouders","dc_type":"bijlage","foi_fairiscoreVersions":{"v1":1,"v2":1},"foi_fileName":"tk-beslisnota-bij-kamerbrief-inzake-de-versnelde-uitstroom-statushouders.pdf","foi_nrPages":3}],"foi_nrDocuments":1,"foi_nrPagesInDossier":3,"foi_publishedDate":"2025-02-14","foi_retrievedDate":"2025-02-18","tooiwl_topic":"migratie"},{"dc_creator":"WooScraper_v1","dc_date_year":2025,"dc_description":"Hoort bij <a href='https://open.overheid.nl/Details/0121a551-af59-440e-9140-ffdd71f90174/3'>Asielnoodmaatregelenwet Voorstel van Wet</a>. Wetsvoorstel tot wijziging van de Vreemdelingenwet 2000 en de Algemene wet bestuursrecht\n               (Awb). De wijziging gaat over maatregelen om de asielketen te ontlasten en de instroom\n               van asielzoekers te verminderen.","dc_identifier":"nl.mnre1162.2e-b.2025.9","dc_publisher":"mnre1162","dc_source":"https://open.overheid.nl/Details/af70a98c-5534-49fc-88ed-2ba60602472d/3","dc_title":"Beslisnota aanbieding Asielnoodmaatregelenwet aan Ministerraad voor spoedadvies Raad van State","dc_type":"2e-b","dc_type_description":"Advies: Beslisnota","foi_decisionDate":"2025-03-07","foi_fairiscoreVersions":{"v1":1,"v2":1},"foi_files":[{"dc_format":"application/pdf","dc_identifier":"nl.mnre1162.2e-b.2025.9.doc.1","dc_source":"https://open.overheid.nl/documenten/af70a98c-5534-49fc-88ed-2ba60602472d/file","dc_title":"TK Bijlage 7c Nota ter publicatie van 10 december 2024","dc_type":"bijlage","foi_fairiscoreVersions":{"v1":1,"v2":1},"foi_fileName":"TK Bijlage 7c Nota ter publicatie van 10 december 2024.pdf","foi_nrPages":5}],"foi_nrDocuments":1,"foi_nrPagesInDossier":5,"foi_publishedDate":"2025-03-07","foi_retrievedDate":"2025-03-15","tooiwl_topic":"migratie"},{"dc_creator":"WooScraper_v1","dc_date_year":2024,"dc_description":"Op 11 juni 2024 is het Asiel- en migratiepact in werking getreden. Het pact beoogt verdergaande harmonisatie van de regels over asiel en migratie in de lidstaten van de Europese Unie.","dc_identifier":"nl.mnre1162.2e-i.2024.2","dc_publisher":"mnre1162","dc_source":"https://www.internetconsultatie.nl/asielenmigratiepact/b1","dc_title":"Uitvoerings- en implementatiewet Asiel- en Migratiepact 2026","dc_type":"2e-i","dc_type_description":"Advies: Internetconsultatie","foi_endDate":"2025-02-17","foi_fairiscoreVersions":{"v1":2,"v2":2},"foi_files":[{"dc_identifier":"nl.mnre1162.2e-i.2024.2.doc.5","dc_source":"https://eur-lex.europa.eu/resource.html?uri=cellar:85ff8b4f-ff13-11ea-b44f-01aa75ed71a1.0019.02/DOC_1&format=PDF","dc_title":"Mededeling van de Europese Commissie over het Asiel- en MIgratiepact","dc_type":"URL"},{"dc_identifier":"nl.mnre1162.2e-i.2024.2.doc.6","dc_source":"https://wetgevingskalender.overheid.nl/Regeling/WGK026430","dc_title":"Bekijk de voortgang van de betreffende Wet op de Wetgevingskalender","dc_type":"URL"},{"dc_format":"application/pdf","dc_identifier":"nl.mnre1162.2e-i.2024.2.doc.10","dc_source":"https://www.internetconsultatie.nl/asielenmigratiepact/reactie/270041/bestand","dc_title":"Reactie: Secretariaat Nederlandse orde van advocaten uit Den Haag op 17 februari 2025","dc_type":"reactie","foi_fileName":"20250217%20MinJenV%20-%20advies%20uitvoerings-%20en%20implementatiewet%20asiel-%20en%20migratiepact%202026_signed_1739806311511.pdf","foi_nrPages":1},{"dc_format":"application/pdf","dc_identifier":"nl.mnre1162.2e-i.2024.2.doc.16","dc_source":"https://www.internetconsultatie.nl/asielenmigratiepact/reactie/269132/bestand","dc_title":"Reactie: Anoniem uit Den Haag op 15 februari 2025","dc_type":"reactie","foi_fairiscoreVersions":{"v1":2,"v2":2},"foi_fileName":"840.%20Advies%20asiel-%20en%20migratiepact%20%28def-1%29.pdf","foi_nrPages":3},{"dc_format":"application/pdf","dc_identifier":"nl.mnre1162.2e-i.2024.2.doc.14","dc_source":"https://www.internetconsultatie.nl/asielenmigratiepact/reactie/269794/bestand","dc_title":"Reactie: College voor de Rechten van de Mens (E. Nissen) uit Utrecht op 16 februari 2025","dc_type":"reactie","foi_fairiscoreVersions":{"v1":1,"v2":1},"foi_fileName":"Advies%20College%20internetconsultatie%20uitvoerings-%20en%20implementatiewet%20EU%20asiel-%20en%20migratiepact%20final%20%281%29.pdf","foi_nrPages":9},{"dc_format":"application/pdf","dc_identifier":"nl.mnre1162.2e-i.2024.2.doc.8","dc_source":"https://www.internetconsultatie.nl/asielenmigratiepact/reactie/270103/bestand","dc_title":"Reactie: NJCM (Kavita Hira) uit Leiden op 17 februari 2025","dc_type":"reactie","foi_fairiscoreVersions":{"v1":1,"v2":1},"foi_fileName":"Brief%20NJCM%20-%20Consultatie%20uitvoerings-%20en%20implementatiewet%20Asiel-%20Migratiepact%20.pdf","foi_nrPages":5},{"dc_format":"text/plain;charset=utf-8","dc_identifier":"nl.mnre1162.2e-i.2024.2.doc.4","dc_source":"https://wetten.overheid.nl/BWBR0011823/2024-07-25/0/txt","dc_title":"Te wijzigen regeling Vreemdelingenwet 2000","dc_type":"bijlage","foi_fileName":"BWBR0011823-geldend_van_25-07-2024_tm_heden_zichtdatum_24-02-2025.txt","foi_nrPages":1},{"dc_format":"application/pdf","dc_identifier":"nl.mnre1162.2e-i.2024.2.doc.13","dc_source":"https://www.internetconsultatie.nl/asielenmigratiepact/reactie/269827/bestand","dc_title":"Reactie: VluchtelingenWerk Nederland (M.H. Kruyt) uit Amsterdam op 17 februari 2025","dc_type":"reactie","foi_fairiscoreVersions":{"v1":1,"v2":1},"foi_fileName":"Consultatie_Implementatiewet_Asiel_en_Migratiepact_VluchtelingenWerk.pdf","foi_nrPages":48},{"dc_format":"application/pdf","dc_identifier":"nl.mnre1162.2e-i.2024.2.doc.20","dc_source":"https://www.internetconsultatie.nl/asielenmigratiepact/reactie/268355/bestand","dc_title":"Reactie: Werkgroep Kind in azc (Co\u00f6rdinator Werkgroep Kind in azc C.P. Lemmens) uit Amsterdam op 12 februari 2025","dc_type":"reactie","foi_fairiscoreVersions":{"v1":1,"v2":1},"foi_fileName":"Consultatie%20impact%20migratiepact%20op%20welzijn%20kinderen%20Werkgroep%20Kind%20in%20azc.pdf","foi_nrPages":3},{"dc_format":"application/pdf","dc_identifier":"nl.mnre1162.2e-i.2024.2.doc.17","dc_source":"https://www.internetconsultatie.nl/asielenmigratiepact/reactie/269079/bestand","dc_title":"Reactie: Stichting LOS (namens 17 organisaties voor ongedocumenteerde mensen) (A.M. Ederveen) uit Rotterdam op 14 februari 2025","dc_type":"reactie","foi_fairiscoreVersions":{"v1":1,"v2":1},"foi_fileName":"Consultatiebrief%20Asiel-%20en%20Migratiepact%20ongedocumenteerden%2014-02.pdf","foi_nrPages":5},{"dc_format":"application/pdf","dc_identifier":"nl.mnre1162.2e-i.2024.2.doc.18","dc_source":"https://www.internetconsultatie.nl/asielenmigratiepact/reactie/269005/bestand","dc_title":"Reactie: Nidos (Germa Lourens) uit Utrecht op 14 februari 2025","dc_type":"reactie","foi_fairiscoreVersions":{"v1":1,"v2":1},"foi_fileName":"Consultatiebrief%20Uitvoerings-%20en%20implementatiewet%20MP%202026.pdf","foi_nrPages":6},{"dc_format":"application/pdf","dc_identifier":"nl.mnre1162.2e-i.2024.2.doc.2","dc_source":"https://www.internetconsultatie.nl/asielenmigratiepact/document/13500","dc_title":"Memorie van Toelichting","dc_type":"bijlage","foi_fairiscoreVersions":{"v1":2,"v2":1},"foi_fileName":"Memorie%20van%20toelichting%20Uitvoerings-%20en%20implementatiewet%20Asiel-%20en%20migratiepact%202026%20CONSULTATIEVERSIE.pdf","foi_nrPages":91},{"dc_format":"text/plain","dc_identifier":"nl.mnre1162.2e-i.2024.2.doc.25","dc_title":"Pagina tekst: Uitvoerings- en implementatiewet Asiel- en Migratiepact 2026","dc_type":"bijlage","foi_fileName":"page_text.txt","foi_nrPages":1},{"dc_format":"text/plain","dc_identifier":"nl.mnre1162.2e-i.2024.2.doc.22","dc_title":"Reactie: Anoniem uit Amsterdam op 31 januari 2025","dc_type":"reactie","foi_fileName":"reactie_Anoniem_Amsterdam_31 januari 2025.txt","foi_nrPages":1},{"dc_format":"text/plain","dc_identifier":"nl.mnre1162.2e-i.2024.2.doc.23","dc_title":"Reactie: drs L Philips uit Leiden op 27 december 2024","dc_type":"reactie","foi_fileName":"reactie_drs L Philips_Leiden_27 december 2024.txt","foi_nrPages":1},{"dc_format":"text/plain","dc_identifier":"nl.mnre1162.2e-i.2024.2.doc.24","dc_title":"Reactie: KS Hiddinga uit Leeuwarden op 25 december 2024","dc_type":"reactie","foi_fileName":"reactie_KS Hiddinga_Leeuwarden_25 december 2024.txt","foi_nrPages":1},{"dc_format":"text/plain","dc_identifier":"nl.mnre1162.2e-i.2024.2.doc.21","dc_title":"Reactie: Mr. H. Kooiker uit Termunterzijl op 1 februari 2025","dc_type":"reactie","foi_fileName":"reactie_Mr. H. Kooiker_Termunterzijl_1 februari 2025.txt","foi_nrPages":1},{"dc_format":"application/pdf","dc_identifier":"nl.mnre1162.2e-i.2024.2.doc.19","dc_source":"https://www.internetconsultatie.nl/asielenmigratiepact/reactie/268984/bestand","dc_title":"Reactie: Anoniem uit Den Haag op 14 februari 2025","dc_type":"reactie","foi_fairiscoreVersions":{"v1":2,"v2":2},"foi_fileName":"Reactie%20consultatie%20Migratiepact%20Vereniging%20Nederlandse%20Gemeenten.pdf","foi_nrPages":5},{"dc_format":"application/pdf","dc_identifier":"nl.mnre1162.2e-i.2024.2.doc.9","dc_source":"https://www.internetconsultatie.nl/asielenmigratiepact/reactie/270095/bestand","dc_title":"Reactie: Defence for Children Nederland (R. Roodhuizen) uit Leiden op 17 februari 2025","dc_type":"reactie","foi_fairiscoreVersions":{"v1":1,"v2":1},"foi_fileName":"Reactie%20Defence%20for%20Children%20Nederland%20t.b.v.%20de%20internetconsultatie%20uitvoerings-%20en%20implementatiewet%20Asiel-en%20Migratiepact.pdf","foi_nrPages":15},{"dc_format":"application/pdf","dc_identifier":"nl.mnre1162.2e-i.2024.2.doc.12","dc_source":"https://www.internetconsultatie.nl/asielenmigratiepact/reactie/269870/bestand","dc_title":"Reactie: UNICEF Nederland (M. van Schalkwijk) uit Den Haag op 17 februari 2025","dc_type":"reactie","foi_fairiscoreVersions":{"v1":1,"v2":1},"foi_fileName":"Reactie%20op%20de%20Uitvoerings-%20en%20implementatiewet%20Asiel-%20en%20Migratiepact%202026.pdf","foi_nrPages":7},{"dc_format":"application/pdf","dc_identifier":"nl.mnre1162.2e-i.2024.2.doc.7","dc_source":"https://www.internetconsultatie.nl/asielenmigratiepact/reactie/270110/bestand","dc_title":"Reactie: Vereniging van Asieladvocaten en -Juristen Nederland (mr. B.W.M. Toemen) uit Amsterdam op 17 februari 2025","dc_type":"reactie","foi_fairiscoreVersions":{"v1":1,"v2":1},"foi_fileName":"Recactie%20VAJN%20internetconsultatie%20Migratiepact.pdf","foi_nrPages":10},{"dc_format":"application/pdf","dc_identifier":"nl.mnre1162.2e-i.2024.2.doc.3","dc_source":"https://www.internetconsultatie.nl/asielenmigratiepact/document/13502","dc_title":"Transponeringstabellen","dc_type":"bijlage","foi_fairiscoreVersions":{"v1":1,"v2":1},"foi_fileName":"Transponeringstabellen%20Uitvoerings-%20en%20implementatiewet%20Asiel-%20en%20migratiepact%202026%20CONSULTATIEVERSIE.pdf","foi_nrPages":78},{"dc_format":"application/pdf","dc_identifier":"nl.mnre1162.2e-i.2024.2.doc.15","dc_source":"https://www.internetconsultatie.nl/asielenmigratiepact/reactie/269759/bestand","dc_title":"Reactie: Anoniem uit Rotterdam op 16 februari 2025","dc_type":"reactie","foi_fairiscoreVersions":{"v1":1,"v2":1},"foi_fileName":"Uitvoerings-%20en%20implementatiewet%20Asiel-%20en%20Migratiepact%202026.pdf","foi_nrPages":3},{"dc_format":"application/pdf","dc_identifier":"nl.mnre1162.2e-i.2024.2.doc.1","dc_source":"https://www.internetconsultatie.nl/asielenmigratiepact/document/13501","dc_title":"Wetsvoorstel","dc_type":"bijlage","foi_fairiscoreVersions":{"v1":1,"v2":1},"foi_fileName":"Uitvoerings-%20en%20implementatiewet%20Asiel-%20en%20migratiepact%202026%20CONSULTATIEVERSIE.pdf","foi_nrPages":23},{"dc_format":"application/pdf","dc_identifier":"nl.mnre1162.2e-i.2024.2.doc.11","dc_source":"https://www.internetconsultatie.nl/asielenmigratiepact/reactie/269891/bestand","dc_title":"Reactie: UNHCR (ME Jans) uit Den Haag op 17 februari 2025","dc_type":"reactie","foi_fairiscoreVersions":{"v1":1,"v2":1},"foi_fileName":"UNHCR%20Observations%20Pact%20implementation%20law.pdf","foi_nrPages":21}],"foi_nrDocuments":25,"foi_nrPagesInDossier":339,"foi_publishedDate":"2024-12-20","foi_retrievedDate":"2025-02-24","foi_startDate":"2024-12-20","tooiwl_topic":"Migratie en integratie | Emigratie | Immigratie | Organisatie en beleid"},{"dc_creator":"WooScraper_v1","dc_date_year":2025,"dc_description":"Op periodieke basis wordt een verzamelbesluit voorbereid. Dit besluit bevat verschillende technische en kleine inhoudelijke wijzigingen van regelgeving op het terrein van het ministerie van Justitie en Veiligheid en op het terrein van het ministerie van Asiel en Migratie. De wijzigingen zijn veelal ter herstel van redactionele omissies of het gevolg van gewijzigde regelgeving of recente ontwikkelingen in de rechtspraak.","dc_identifier":"nl.mnre1162.2e-i.2025.1","dc_publisher":"mnre1162","dc_source":"https://www.internetconsultatie.nl/verzamelbesluitjenvaenm/b1","dc_title":"Verzamelbesluit Justitie en Veiligheid en Asiel en Migratie","dc_type":"2e-i","dc_type_description":"Advies: Internetconsultatie","foi_endDate":"2025-02-04","foi_fairiscoreVersions":{"v1":1,"v2":1},"foi_files":[{"dc_identifier":"nl.mnre1162.2e-i.2025.1.doc.3","dc_source":"https://wetgevingskalender.overheid.nl/Regeling/WGK026338","dc_title":"Bekijk de voortgang van de betreffende AMvB op de Wetgevingskalender","dc_type":"URL"},{"dc_format":"application/pdf","dc_identifier":"nl.mnre1162.2e-i.2025.1.doc.2","dc_source":"https://www.internetconsultatie.nl/verzamelbesluitjenvaenm/document/13530","dc_title":"Beleidskompas","dc_type":"bijlage","foi_fairiscoreVersions":{"v1":1,"v2":1},"foi_fileName":"BK-formulier%20voor%20internetconsultatie.pdf","foi_nrPages":4},{"dc_format":"application/pdf","dc_identifier":"nl.mnre1162.2e-i.2025.1.doc.1","dc_source":"https://www.internetconsultatie.nl/verzamelbesluitjenvaenm/document/13529","dc_title":"Ontwerpbesluit met toelichting","dc_type":"bijlage","foi_fairiscoreVersions":{"v1":1,"v2":1},"foi_fileName":"Ontwerp%20Verzamelbesluit%20JenV%20en%20AenM%20met%20NvT%20consultatieversie.pdf","foi_nrPages":17},{"dc_format":"text/plain","dc_identifier":"nl.mnre1162.2e-i.2025.1.doc.5","dc_title":"Pagina tekst: Verzamelbesluit Justitie en Veiligheid en Asiel en Migratie","dc_type":"bijlage","foi_fileName":"page_text.txt","foi_nrPages":1},{"dc_format":"text/plain","dc_identifier":"nl.mnre1162.2e-i.2025.1.doc.4","dc_title":"Reactie: R.C.T. Menses-Vu uit Rotterdam op 2 februari 2025","dc_type":"reactie","foi_fileName":"reactie_R.C.T. Menses-Vu_Rotterdam_2 februari 2025.txt","foi_nrPages":1}],"foi_nrDocuments":5,"foi_nrPagesInDossier":23,"foi_publishedDate":"2025-01-07","foi_retrievedDate":"2025-02-06","foi_startDate":"2025-01-07","tooiwl_topic":"Recht | Bestuursrecht | Rechtspraak | Staatsrecht | Strafrecht"},{"dc_creator":"WooScraper_v1","dc_date_year":2025,"dc_description":"In het Regeerprogramma en de \u2018Nadere afspraken ten aanzien van de uitvoering van hoofdstuk 2 van het Hoofdlijnenakkoord 2024-2028\u2019 van 25 oktober 2024 is de intrekking van de Wet gemeentelijke taak mogelijk maken asielopvangvoorzieningen (Spreidingswet) aangekondigd.","dc_identifier":"nl.mnre1162.2e-i.2025.2","dc_publisher":"mnre1162","dc_source":"https://www.internetconsultatie.nl/contourennotaintrekkingspreidingswet/b1","dc_title":"Contourennota intrekking Spreidingswet","dc_type":"2e-i","dc_type_description":"Advies: Internetconsultatie","foi_endDate":"2025-05-15","foi_fairiscoreVersions":{"v1":2,"v2":2},"foi_files":[{"dc_format":"application/pdf","dc_identifier":"nl.mnre1162.2e-i.2025.2.doc.30","dc_source":"https://www.internetconsultatie.nl/contourennotaintrekkingspreidingswet/reactie/278432/bestand","dc_title":"Reactie: Anoniem uit Assen op 14 mei 2025","dc_type":"reactie","foi_fairiscoreVersions":{"v1":2,"v2":2},"foi_fileName":"2025000660%20Drentse%20reactie%20op%20contourennota%20intrekking%20Spreidingswet.pdf","foi_nrPages":1},{"dc_format":"application/pdf","dc_identifier":"nl.mnre1162.2e-i.2025.2.doc.84","dc_source":"https://www.internetconsultatie.nl/contourennotaintrekkingspreidingswet/reactie/278116/bestand","dc_title":"Reactie: Secretariaat Nederlandse orde van advocaten uit Den Haag op 12 mei 2025","dc_type":"reactie","foi_fairiscoreVersions":{"v1":1,"v2":1},"foi_fileName":"20250512%20MinAenM%20-%20advies%20contourennota%20intrekking%20spreidingswet_signed_1747043743366.pdf","foi_nrPages":3},{"dc_format":"application/pdf","dc_identifier":"nl.mnre1162.2e-i.2025.2.doc.13","dc_source":"https://www.internetconsultatie.nl/contourennotaintrekkingspreidingswet/reactie/278522/bestand","dc_title":"Reactie: Kring van Commissarissen van de Koning uit Groningen op 15 mei 2025","dc_type":"reactie","foi_fairiscoreVersions":{"v1":5,"v2":5},"foi_fileName":"20250514%20Consultatiereactie%20kring%20van%20commissarissen%20van%20de%20Koning%20-%20contourennota%20intrekking%20Spreidingswet%2014%20mei%202025.pdf","foi_nrPages":5},{"dc_format":"application/pdf","dc_identifier":"nl.mnre1162.2e-i.2025.2.doc.25","dc_source":"https://www.internetconsultatie.nl/contourennotaintrekkingspreidingswet/reactie/278450/bestand","dc_title":"Reactie: Stichting Nidos uit Utrecht op 14 mei 2025","dc_type":"reactie","foi_fairiscoreVersions":{"v1":1,"v2":1},"foi_fileName":"25.049%20-%20Reactie%20Nidos%20-%20consultatie%20contourennota%20intrekking%20spreidingswet.pdf","foi_nrPages":3},{"dc_format":"application/pdf","dc_identifier":"nl.mnre1162.2e-i.2025.2.doc.83","dc_source":"https://www.internetconsultatie.nl/contourennotaintrekkingspreidingswet/reactie/278282/bestand","dc_title":"Reactie: VluchtelingenWerk Nederland (M.H. Kruyt) uit Amsterdam op 13 mei 2025","dc_type":"reactie","foi_fairiscoreVersions":{"v1":1,"v2":1},"foi_fileName":"250513_Consultatie_Contourennota_intrekking_Spreidingswet.pdf","foi_nrPages":4},{"dc_format":"application/pdf","dc_identifier":"nl.mnre1162.2e-i.2025.2.doc.6","dc_source":"https://www.internetconsultatie.nl/contourennotaintrekkingspreidingswet/reactie/278557/bestand","dc_title":"Reactie: Anoniem uit Zwolle op 15 mei 2025","dc_type":"reactie","foi_fairiscoreVersions":{"v1":1,"v2":1},"foi_fileName":"Adhesiebetuiging%20reactie%20contourennota%20intrekking%20spreidingwet.pdf","foi_nrPages":1},{"dc_format":"application/pdf","dc_identifier":"nl.mnre1162.2e-i.2025.2.doc.81","dc_source":"https://www.internetconsultatie.nl/contourennotaintrekkingspreidingswet/reactie/278305/bestand","dc_title":"Reactie: Centraal Orgaan opvang asielzoekers (Centraal Orgaan opvang asielzoekers Berry Huijts) uit Den Haag op 14 mei 2025","dc_type":"reactie","foi_fairiscoreVersions":{"v1":2,"v2":2},"foi_fileName":"Brief%20COA%20Uitvoeringstoets%20en%20consultatie%20Contourennota%20Intrekking%20Spreidingswet.pdf","foi_nrPages":15},{"dc_format":"text/plain;charset=utf-8","dc_identifier":"nl.mnre1162.2e-i.2025.2.doc.2","dc_source":"https://wetten.overheid.nl/BWBR0049307/2024-01-31/0/txt","dc_title":"Grondslag Wet gemeentelijke taak mogelijk maken asielopvangvoorzieningen (Spreidingswet)","dc_type":"bijlage","foi_fileName":"BWBR0049307-geldend_van_31-01-2024_tm_heden_zichtdatum_16-05-2025.txt","foi_nrPages":1},{"dc_format":"application/pdf","dc_identifier":"nl.mnre1162.2e-i.2025.2.doc.80","dc_source":"https://www.internetconsultatie.nl/contourennotaintrekkingspreidingswet/reactie/278314/bestand","dc_title":"Reactie: Werkgroep Kind in azc (C.P. Lemmens) uit Amsterdam op 14 mei 2025","dc_type":"reactie","foi_fairiscoreVersions":{"v1":1,"v2":1},"foi_fileName":"Consultatie%20Countourennota%20intrekking%20Spreidingswet_Kind%20in%20azc.pdf","foi_nrPages":1},{"dc_format":"application/pdf","dc_identifier":"nl.mnre1162.2e-i.2025.2.doc.8","dc_source":"https://www.internetconsultatie.nl/contourennotaintrekkingspreidingswet/reactie/278553/bestand","dc_title":"Reactie: Interprovinciaal Overleg (M. Bolhuis) uit Den Haag op 15 mei 2025","dc_type":"reactie","foi_fairiscoreVersions":{"v1":5,"v2":5},"foi_fileName":"Consultatiereactie%20IPO%20Contourennota%20intrekken%20Spreidingswet.pdf","foi_nrPages":4},{"dc_format":"application/pdf","dc_identifier":"nl.mnre1162.2e-i.2025.2.doc.26","dc_source":"https://www.internetconsultatie.nl/contourennotaintrekkingspreidingswet/reactie/278449/bestand","dc_title":"Reactie: Provinciale regietafel Noord-Holland (N.C. Sonne) uit Haarlem op 14 mei 2025","dc_type":"reactie","foi_fairiscoreVersions":{"v1":1,"v2":1},"foi_fileName":"Consultatiereactie%20PRT%20NH%20contourennota%20intrekking%20spreidingswet.pdf","foi_nrPages":4},{"dc_format":"application/pdf","dc_identifier":"nl.mnre1162.2e-i.2025.2.doc.63","dc_source":"https://www.internetconsultatie.nl/contourennotaintrekkingspreidingswet/reactie/278365/bestand","dc_title":"Reactie: Stichting voor Vluchteling-Studenten UAF (M. Huisman) uit Utrecht op 14 mei 2025","dc_type":"reactie","foi_fairiscoreVersions":{"v1":1,"v2":1},"foi_fileName":"Consultatiereactie%20UAF.pdf","foi_nrPages":2},{"dc_format":"application/pdf","dc_identifier":"nl.mnre1162.2e-i.2025.2.doc.3","dc_source":"https://www.internetconsultatie.nl/contourennotaintrekkingspreidingswet/reactie/278562/bestand","dc_title":"Reactie: Anoniem uit Maashorst op 15 mei 2025","dc_type":"reactie","foi_fairiscoreVersions":{"v1":1,"v2":1},"foi_fileName":"Contourennota%20intrekking%20Spreidingswet-Mijn%20commentaar%20donderdag%2015%20mei%202025.pdf","foi_nrPages":9},{"dc_format":"application/pdf","dc_identifier":"nl.mnre1162.2e-i.2025.2.doc.1","dc_source":"https://www.internetconsultatie.nl/contourennotaintrekkingspreidingswet/document/13931","dc_title":"Contourennota intrekking Spreidingswet en Bijlage samenhangend pakket","dc_type":"bijlage","foi_fairiscoreVersions":{"v1":1,"v2":1},"foi_fileName":"Contourennota%20intrekking%20Spreidingswet%20en%20Bijlage%20samenhangend%20pakket.pdf","foi_nrPages":6},{"dc_format":"application/pdf","dc_identifier":"nl.mnre1162.2e-i.2025.2.doc.22","dc_source":"https://www.internetconsultatie.nl/contourennotaintrekkingspreidingswet/reactie/278474/bestand","dc_title":"Reactie: Regio Gooi en Vechtstreek (T. B\u00f6hm) uit Bussum op 14 mei 2025","dc_type":"reactie","foi_fairiscoreVersions":{"v1":1,"v2":1},"foi_fileName":"DOC-25010834%20%20Consultatie%20reactie%20Regio%20GV.pdf","foi_nrPages":4},{"dc_format":"application/pdf","dc_identifier":"nl.mnre1162.2e-i.2025.2.doc.45","dc_source":"https://www.internetconsultatie.nl/contourennotaintrekkingspreidingswet/reactie/278392/bestand","dc_title":"Reactie: gemeente Berkelland (H.A. van Faassen) uit Borculo op 14 mei 2025","dc_type":"reactie","foi_fairiscoreVersions":{"v1":1,"v2":1},"foi_fileName":"Inbreng%20Berkelland%20consultatie%20intrekken%20Spreidingswet.pdf","foi_nrPages":2},{"dc_format":"text/plain","dc_identifier":"nl.mnre1162.2e-i.2025.2.doc.103","dc_title":"Pagina tekst: Contourennota intrekking Spreidingswet","dc_type":"bijlage","foi_fileName":"page_text.txt","foi_nrPages":1},{"dc_format":"text/plain","dc_identifier":"nl.mnre1162.2e-i.2025.2.doc.93","dc_title":"Reactie: A Lam uit Alkmaar op 19 april 2025","dc_type":"reactie","foi_fileName":"reactie_A Lam_Alkmaar_19 april 2025.txt","foi_nrPages":1},{"dc_format":"text/plain","dc_identifier":"nl.mnre1162.2e-i.2025.2.doc.51","dc_title":"Reactie: A Oldenkamp uit Wageningen op 14 mei 2025","dc_type":"reactie","foi_fileName":"reactie_A Oldenkamp_Wageningen_14 mei 2025.txt","foi_nrPages":1},{"dc_format":"text/plain","dc_identifier":"nl.mnre1162.2e-i.2025.2.doc.65","dc_title":"Reactie: A. As uit IJsselstein op 14 mei 2025","dc_type":"reactie","foi_fileName":"reactie_A. As_IJsselstein_14 mei 2025.txt","foi_nrPages":1},{"dc_format":"text/plain","dc_identifier":"nl.mnre1162.2e-i.2025.2.doc.33","dc_title":"Reactie: Amersfoort voor Vrijheid (T.J. van Lamoen) uit Amersfoort op 14 mei 2025","dc_type":"reactie","foi_fileName":"reactie_Amersfoort voor Vrijheid (T.J. van Lamoen)_Amersfoort_14 mei 2025.txt","foi_nrPages":1},{"dc_format":"text/plain","dc_identifier":"nl.mnre1162.2e-i.2025.2.doc.71","dc_title":"Reactie: Anoniem uit Aalsmeer op 14 mei 2025","dc_type":"reactie","foi_fileName":"reactie_Anoniem_Aalsmeer_14 mei 2025.txt","foi_nrPages":1},{"dc_format":"text/plain","dc_identifier":"nl.mnre1162.2e-i.2025.2.doc.69","dc_title":"Reactie: Anoniem uit Almere op 14 mei 2025","dc_type":"reactie","foi_fileName":"reactie_Anoniem_Almere_14 mei 2025.txt","foi_nrPages":1},{"dc_format":"text/plain","dc_identifier":"nl.mnre1162.2e-i.2025.2.doc.99","dc_title":"Reactie: Anoniem uit Almere op 15 april 2025","dc_type":"reactie","foi_fileName":"reactie_Anoniem_Almere_15 april 2025.txt","foi_nrPages":1},{"dc_format":"text/plain","dc_identifier":"nl.mnre1162.2e-i.2025.2.doc.77","dc_title":"Reactie: Anoniem uit Amsterdam op 14 mei 2025","dc_type":"reactie","foi_fileName":"reactie_Anoniem_Amsterdam_14 mei 2025.txt","foi_nrPages":1},{"dc_format":"text/plain","dc_identifier":"nl.mnre1162.2e-i.2025.2.doc.88","dc_title":"Reactie: Anoniem uit Amsterdam op 4 mei 2025","dc_type":"reactie","foi_fileName":"reactie_Anoniem_Amsterdam_4 mei 2025.txt","foi_nrPages":1},{"dc_format":"text/plain","dc_identifier":"nl.mnre1162.2e-i.2025.2.doc.38","dc_title":"Reactie: Anoniem uit Apeldoorn op 14 mei 2025","dc_type":"reactie","foi_fileName":"reactie_Anoniem_Apeldoorn_14 mei 2025.txt","foi_nrPages":1},{"dc_format":"text/plain","dc_identifier":"nl.mnre1162.2e-i.2025.2.doc.73","dc_title":"Reactie: Anoniem uit Arnhem op 14 mei 2025","dc_type":"reactie","foi_fileName":"reactie_Anoniem_Arnhem_14 mei 2025.txt","foi_nrPages":1},{"dc_format":"text/plain","dc_identifier":"nl.mnre1162.2e-i.2025.2.doc.53","dc_title":"Reactie: Anoniem uit Assen op 14 mei 2025","dc_type":"reactie","foi_fileName":"reactie_Anoniem_Assen_14 mei 2025.txt","foi_nrPages":1},{"dc_format":"text/plain","dc_identifier":"nl.mnre1162.2e-i.2025.2.doc.76","dc_title":"Reactie: Anoniem uit Assen op 14 mei 2025","dc_type":"reactie","foi_fileName":"reactie_Anoniem_Assen_14 mei 2025.txt","foi_nrPages":1},{"dc_format":"text/plain","dc_identifier":"nl.mnre1162.2e-i.2025.2.doc.91","dc_title":"Reactie: Anoniem uit Bedum op 21 april 2025","dc_type":"reactie","foi_fileName":"reactie_Anoniem_Bedum_21 april 2025.txt","foi_nrPages":1},{"dc_format":"text/plain","dc_identifier":"nl.mnre1162.2e-i.2025.2.doc.97","dc_title":"Reactie: Anoniem uit Bergen op Zoom op 17 april 2025","dc_type":"reactie","foi_fileName":"reactie_Anoniem_Bergen op Zoom_17 april 2025.txt","foi_nrPages":1},{"dc_format":"text/plain","dc_identifier":"nl.mnre1162.2e-i.2025.2.doc.29","dc_title":"Reactie: Anoniem uit Best op 14 mei 2025","dc_type":"reactie","foi_fileName":"reactie_Anoniem_Best_14 mei 2025.txt","foi_nrPages":1},{"dc_format":"text/plain","dc_identifier":"nl.mnre1162.2e-i.2025.2.doc.96","dc_title":"Reactie: Anoniem uit Breda op 18 april 2025","dc_type":"reactie","foi_fileName":"reactie_Anoniem_Breda_18 april 2025.txt","foi_nrPages":1},{"dc_format":"text/plain","dc_identifier":"nl.mnre1162.2e-i.2025.2.doc.94","dc_title":"Reactie: Anoniem uit Den Bosch op 19 april 2025","dc_type":"reactie","foi_fileName":"reactie_Anoniem_Den Bosch_19 april 2025.txt","foi_nrPages":1},{"dc_format":"text/plain","dc_identifier":"nl.mnre1162.2e-i.2025.2.doc.60","dc_title":"Reactie: Anoniem uit Den Haag op 14 mei 2025","dc_type":"reactie","foi_fileName":"reactie_Anoniem_Den Haag_14 mei 2025.txt","foi_nrPages":1},{"dc_format":"text/plain","dc_identifier":"nl.mnre1162.2e-i.2025.2.doc.100","dc_title":"Reactie: Anoniem uit Den Haag op 15 april 2025","dc_type":"reactie","foi_fileName":"reactie_Anoniem_Den Haag_15 april 2025.txt","foi_nrPages":1},{"dc_format":"text/plain","dc_identifier":"nl.mnre1162.2e-i.2025.2.doc.79","dc_title":"Reactie: Anoniem uit Groningen op 14 mei 2025","dc_type":"reactie","foi_fileName":"reactie_Anoniem_Groningen_14 mei 2025.txt","foi_nrPages":1},{"dc_format":"text/plain","dc_identifier":"nl.mnre1162.2e-i.2025.2.doc.57","dc_title":"Reactie: Anoniem uit Groningen op 14 mei 2025","dc_type":"reactie","foi_fileName":"reactie_Anoniem_Groningen_14 mei 2025.txt","foi_nrPages":1},{"dc_format":"text/plain","dc_identifier":"nl.mnre1162.2e-i.2025.2.doc.78","dc_title":"Reactie: Anoniem uit Haarlem op 14 mei 2025","dc_type":"reactie","foi_fileName":"reactie_Anoniem_Haarlem_14 mei 2025.txt","foi_nrPages":1},{"dc_format":"text/plain","dc_identifier":"nl.mnre1162.2e-i.2025.2.doc.23","dc_title":"Reactie: Anoniem uit Hazerswoude-Dorp op 14 mei 2025","dc_type":"reactie","foi_fileName":"reactie_Anoniem_Hazerswoude-Dorp_14 mei 2025.txt","foi_nrPages":1},{"dc_format":"text/plain","dc_identifier":"nl.mnre1162.2e-i.2025.2.doc.44","dc_title":"Reactie: Anoniem uit Hoorn op 14 mei 2025","dc_type":"reactie","foi_fileName":"reactie_Anoniem_Hoorn_14 mei 2025.txt","foi_nrPages":1},{"dc_format":"text/plain","dc_identifier":"nl.mnre1162.2e-i.2025.2.doc.47","dc_title":"Reactie: Anoniem uit Marum op 14 mei 2025","dc_type":"reactie","foi_fileName":"reactie_Anoniem_Marum_14 mei 2025.txt","foi_nrPages":1},{"dc_format":"text/plain","dc_identifier":"nl.mnre1162.2e-i.2025.2.doc.37","dc_title":"Reactie: Anoniem uit Nijmegen op 14 mei 2025","dc_type":"reactie","foi_fileName":"reactie_Anoniem_Nijmegen_14 mei 2025.txt","foi_nrPages":1},{"dc_format":"text/plain","dc_identifier":"nl.mnre1162.2e-i.2025.2.doc.70","dc_title":"Reactie: Anoniem uit Nijmegen op 14 mei 2025","dc_type":"reactie","foi_fileName":"reactie_Anoniem_Nijmegen_14 mei 2025.txt","foi_nrPages":1},{"dc_format":"text/plain","dc_identifier":"nl.mnre1162.2e-i.2025.2.doc.43","dc_title":"Reactie: Anoniem uit Oegstgeest op 14 mei 2025","dc_type":"reactie","foi_fileName":"reactie_Anoniem_Oegstgeest_14 mei 2025.txt","foi_nrPages":1},{"dc_format":"text/plain","dc_identifier":"nl.mnre1162.2e-i.2025.2.doc.54","dc_title":"Reactie: Anoniem uit Roden op 14 mei 2025","dc_type":"reactie","foi_fileName":"reactie_Anoniem_Roden_14 mei 2025.txt","foi_nrPages":1},{"dc_format":"text/plain","dc_identifier":"nl.mnre1162.2e-i.2025.2.doc.35","dc_title":"Reactie: Anoniem uit Rotterdam op 14 mei 2025","dc_type":"reactie","foi_fileName":"reactie_Anoniem_Rotterdam_14 mei 2025.txt","foi_nrPages":1},{"dc_format":"text/plain","dc_identifier":"nl.mnre1162.2e-i.2025.2.doc.18","dc_title":"Reactie: Anoniem uit Santpoort Zuid op 15 mei 2025","dc_type":"reactie","foi_fileName":"reactie_Anoniem_Santpoort Zuid_15 mei 2025.txt","foi_nrPages":1},{"dc_format":"text/plain","dc_identifier":"nl.mnre1162.2e-i.2025.2.doc.19","dc_title":"Reactie: Anoniem uit Santpoort-Zuid op 14 mei 2025","dc_type":"reactie","foi_fileName":"reactie_Anoniem_Santpoort-Zuid_14 mei 2025.txt","foi_nrPages":1},{"dc_format":"text/plain","dc_identifier":"nl.mnre1162.2e-i.2025.2.doc.75","dc_title":"Reactie: Anoniem uit Steyl op 14 mei 2025","dc_type":"reactie","foi_fileName":"reactie_Anoniem_Steyl_14 mei 2025.txt","foi_nrPages":1},{"dc_format":"text/plain","dc_identifier":"nl.mnre1162.2e-i.2025.2.doc.40","dc_title":"Reactie: Anoniem uit Texel op 14 mei 2025","dc_type":"reactie","foi_fileName":"reactie_Anoniem_Texel_14 mei 2025.txt","foi_nrPages":1},{"dc_format":"text/plain","dc_identifier":"nl.mnre1162.2e-i.2025.2.doc.16","dc_title":"Reactie: Anoniem uit Uden op 15 mei 2025","dc_type":"reactie","foi_fileName":"reactie_Anoniem_Uden_15 mei 2025.txt","foi_nrPages":1},{"dc_format":"text/plain","dc_identifier":"nl.mnre1162.2e-i.2025.2.doc.61","dc_title":"Reactie: Anoniem uit Utrecht op 14 mei 2025","dc_type":"reactie","foi_fileName":"reactie_Anoniem_Utrecht_14 mei 2025.txt","foi_nrPages":1},{"dc_format":"text/plain","dc_identifier":"nl.mnre1162.2e-i.2025.2.doc.64","dc_title":"Reactie: Anoniem uit Valkenswaard op 14 mei 2025","dc_type":"reactie","foi_fileName":"reactie_Anoniem_Valkenswaard_14 mei 2025.txt","foi_nrPages":1},{"dc_format":"text/plain","dc_identifier":"nl.mnre1162.2e-i.2025.2.doc.46","dc_title":"Reactie: Anoniem uit Velsen op 14 mei 2025","dc_type":"reactie","foi_fileName":"reactie_Anoniem_Velsen_14 mei 2025.txt","foi_nrPages":1},{"dc_format":"text/plain","dc_identifier":"nl.mnre1162.2e-i.2025.2.doc.5","dc_title":"Reactie: Anoniem uit Warffum op 15 mei 2025","dc_type":"reactie","foi_fileName":"reactie_Anoniem_Warffum_15 mei 2025.txt","foi_nrPages":1},{"dc_format":"text/plain","dc_identifier":"nl.mnre1162.2e-i.2025.2.doc.58","dc_title":"Reactie: Anoniem uit Waspik op 14 mei 2025","dc_type":"reactie","foi_fileName":"reactie_Anoniem_Waspik_14 mei 2025.txt","foi_nrPages":1},{"dc_format":"text/plain","dc_identifier":"nl.mnre1162.2e-i.2025.2.doc.59","dc_title":"Reactie: Anoniem uit Zoetermeer op 14 mei 2025","dc_type":"reactie","foi_fileName":"reactie_Anoniem_Zoetermeer_14 mei 2025.txt","foi_nrPages":1},{"dc_format":"text/plain","dc_identifier":"nl.mnre1162.2e-i.2025.2.doc.31","dc_title":"Reactie: Anoniem uit Zutphen op 14 mei 2025","dc_type":"reactie","foi_fileName":"reactie_Anoniem_Zutphen_14 mei 2025.txt","foi_nrPages":1},{"dc_format":"text/plain","dc_identifier":"nl.mnre1162.2e-i.2025.2.doc.15","dc_title":"Reactie: Anoniem uit Zutphen op 15 mei 2025","dc_type":"reactie","foi_fileName":"reactie_Anoniem_Zutphen_15 mei 2025.txt","foi_nrPages":1},{"dc_format":"text/plain","dc_identifier":"nl.mnre1162.2e-i.2025.2.doc.52","dc_title":"Reactie: Anoniem uit Zwolle op 14 mei 2025","dc_type":"reactie","foi_fileName":"reactie_Anoniem_Zwolle_14 mei 2025.txt","foi_nrPages":1},{"dc_format":"text/plain","dc_identifier":"nl.mnre1162.2e-i.2025.2.doc.92","dc_title":"Reactie: B.M. Rijvers uit Velserbroek op 20 april 2025","dc_type":"reactie","foi_fileName":"reactie_B.M. Rijvers_Velserbroek_20 april 2025.txt","foi_nrPages":1},{"dc_format":"text/plain","dc_identifier":"nl.mnre1162.2e-i.2025.2.doc.32","dc_title":"Reactie: Ba G Beunis uit Oss op 14 mei 2025","dc_type":"reactie","foi_fileName":"reactie_Ba G Beunis_Oss_14 mei 2025.txt","foi_nrPages":1},{"dc_format":"text/plain","dc_identifier":"nl.mnre1162.2e-i.2025.2.doc.86","dc_title":"Reactie: Behoud spreidingswet is noodzakelijk J van Katwijk uit Utrecht op 10 mei 2025","dc_type":"reactie","foi_fileName":"reactie_Behoud spreidingswet is noodzakelijk J van Katwijk_Utrecht_10 mei 2025.txt","foi_nrPages":1},{"dc_format":"text/plain","dc_identifier":"nl.mnre1162.2e-i.2025.2.doc.14","dc_title":"Reactie: C. Donnier uit Amstelveen op 15 mei 2025","dc_type":"reactie","foi_fileName":"reactie_C. Donnier_Amstelveen_15 mei 2025.txt","foi_nrPages":1},{"dc_format":"text/plain","dc_identifier":"nl.mnre1162.2e-i.2025.2.doc.39","dc_title":"Reactie: CJA Nouwen uit Berkel-Enschot op 14 mei 2025","dc_type":"reactie","foi_fileName":"reactie_CJA Nouwen_Berkel-Enschot_14 mei 2025.txt","foi_nrPages":1},{"dc_format":"text/plain","dc_identifier":"nl.mnre1162.2e-i.2025.2.doc.90","dc_title":"Reactie: Dhr C.W. van Houwelingen uit Capelle aan den IJssel op 22 april 2025","dc_type":"reactie","foi_fileName":"reactie_Dhr C.W. van Houwelingen_Capelle aan den IJssel_22 april 2025.txt","foi_nrPages":1},{"dc_format":"text/plain","dc_identifier":"nl.mnre1162.2e-i.2025.2.doc.67","dc_title":"Reactie: Drs Peter Geukes uit Rotterdam op 14 mei 2025","dc_type":"reactie","foi_fileName":"reactie_Drs Peter Geukes_Rotterdam_14 mei 2025.txt","foi_nrPages":1},{"dc_format":"text/plain","dc_identifier":"nl.mnre1162.2e-i.2025.2.doc.48","dc_title":"Reactie: Drs W Hoogeveen uit Apeldoorn op 14 mei 2025","dc_type":"reactie","foi_fileName":"reactie_Drs W Hoogeveen_Apeldoorn_14 mei 2025.txt","foi_nrPages":1},{"dc_format":"text/plain","dc_identifier":"nl.mnre1162.2e-i.2025.2.doc.68","dc_title":"Reactie: Drs. A.M. Rowaan-van den Hondel uit Zwolle op 14 mei 2025","dc_type":"reactie","foi_fileName":"reactie_Drs. A.M. Rowaan-van den Hondel_Zwolle_14 mei 2025.txt","foi_nrPages":1},{"dc_format":"text/plain","dc_identifier":"nl.mnre1162.2e-i.2025.2.doc.9","dc_title":"Reactie: DVDK (Docentvluchtelingen - lerarentekort MJFM Voorhoeve) uit Utrecht op 15 mei 2025","dc_type":"reactie","foi_fileName":"reactie_DVDK (Docentvluchtelingen - lerarentekort MJFM Voorhoeve)_Utrecht_15 mei 2025.txt","foi_nrPages":1},{"dc_format":"text/plain","dc_identifier":"nl.mnre1162.2e-i.2025.2.doc.36","dc_title":"Reactie: E.A. van der Kooij uit Santpoort Zuid op 14 mei 2025","dc_type":"reactie","foi_fileName":"reactie_E.A. van der Kooij_Santpoort Zuid_14 mei 2025.txt","foi_nrPages":1},{"dc_format":"text/plain","dc_identifier":"nl.mnre1162.2e-i.2025.2.doc.50","dc_title":"Reactie: EM Blenkers-Noordzij uit Hoogeveen op 14 mei 2025","dc_type":"reactie","foi_fileName":"reactie_EM Blenkers-Noordzij_Hoogeveen_14 mei 2025.txt","foi_nrPages":1},{"dc_format":"text/plain","dc_identifier":"nl.mnre1162.2e-i.2025.2.doc.66","dc_title":"Reactie: F Hagen uit Rijswijk op 14 mei 2025","dc_type":"reactie","foi_fileName":"reactie_F Hagen_Rijswijk_14 mei 2025.txt","foi_nrPages":1},{"dc_format":"text/plain","dc_identifier":"nl.mnre1162.2e-i.2025.2.doc.41","dc_title":"Reactie: F. Bried\u00e9 uit Velsen op 14 mei 2025","dc_type":"reactie","foi_fileName":"reactie_F. Bried\u00e9_Velsen_14 mei 2025.txt","foi_nrPages":1},{"dc_format":"text/plain","dc_identifier":"nl.mnre1162.2e-i.2025.2.doc.102","dc_title":"Reactie: H. het Lam uit Haarlem op 14 april 2025","dc_type":"reactie","foi_fileName":"reactie_H. het Lam_Haarlem_14 april 2025.txt","foi_nrPages":1},{"dc_format":"text/plain","dc_identifier":"nl.mnre1162.2e-i.2025.2.doc.98","dc_title":"Reactie: KS Hiddinga uit Leeuwarden op 15 april 2025","dc_type":"reactie","foi_fileName":"reactie_KS Hiddinga_Leeuwarden_15 april 2025.txt","foi_nrPages":1},{"dc_format":"text/plain","dc_identifier":"nl.mnre1162.2e-i.2025.2.doc.55","dc_title":"Reactie: M N Bloemendaal uit Amsterdam op 14 mei 2025","dc_type":"reactie","foi_fileName":"reactie_M N Bloemendaal_Amsterdam_14 mei 2025.txt","foi_nrPages":1},{"dc_format":"text/plain","dc_identifier":"nl.mnre1162.2e-i.2025.2.doc.42","dc_title":"Reactie: m van Zijderveld uit Oud-Beijerland op 14 mei 2025","dc_type":"reactie","foi_fileName":"reactie_m van Zijderveld_Oud-Beijerland_14 mei 2025.txt","foi_nrPages":1},{"dc_format":"text/plain","dc_identifier":"nl.mnre1162.2e-i.2025.2.doc.24","dc_title":"Reactie: M Voorhoeve uit Utrecht op 14 mei 2025","dc_type":"reactie","foi_fileName":"reactie_M Voorhoeve_Utrecht_14 mei 2025.txt","foi_nrPages":1},{"dc_format":"text/plain","dc_identifier":"nl.mnre1162.2e-i.2025.2.doc.7","dc_title":"Reactie: M vos uit Eindhoven op 15 mei 2025","dc_type":"reactie","foi_fileName":"reactie_M vos_Eindhoven_15 mei 2025.txt","foi_nrPages":1},{"dc_format":"text/plain","dc_identifier":"nl.mnre1162.2e-i.2025.2.doc.89","dc_title":"Reactie: Marjolein van Gelder uit Amsterdam op 2 mei 2025","dc_type":"reactie","foi_fileName":"reactie_Marjolein van Gelder_Amsterdam_2 mei 2025.txt","foi_nrPages":1},{"dc_format":"text/plain","dc_identifier":"nl.mnre1162.2e-i.2025.2.doc.74","dc_title":"Reactie: Mr N.J. Van de Vrie uit Ijsselstein op 14 mei 2025","dc_type":"reactie","foi_fileName":"reactie_Mr N.J. Van de Vrie_Ijsselstein_14 mei 2025.txt","foi_nrPages":1},{"dc_format":"text/plain","dc_identifier":"nl.mnre1162.2e-i.2025.2.doc.101","dc_title":"Reactie: mr. P.C. Kwikkers uit Alphen aan den Rijn op 15 april 2025","dc_type":"reactie","foi_fileName":"reactie_mr. P.C. Kwikkers_Alphen aan den Rijn_15 april 2025.txt","foi_nrPages":1},{"dc_format":"text/plain","dc_identifier":"nl.mnre1162.2e-i.2025.2.doc.56","dc_title":"Reactie: Mw. mr. A.P. Zweers-van Vollenhoven uit Bussum op 14 mei 2025","dc_type":"reactie","foi_fileName":"reactie_Mw. mr. A.P. Zweers-van Vollenhoven_Bussum_14 mei 2025.txt","foi_nrPages":1},{"dc_format":"text/plain","dc_identifier":"nl.mnre1162.2e-i.2025.2.doc.62","dc_title":"Reactie: P.F. Woesthuis uit Gorssel op 14 mei 2025","dc_type":"reactie","foi_fileName":"reactie_P.F. Woesthuis_Gorssel_14 mei 2025.txt","foi_nrPages":1},{"dc_format":"text/plain","dc_identifier":"nl.mnre1162.2e-i.2025.2.doc.72","dc_title":"Reactie: Reactie op voornemen intrekken spreidingswet B.A. Kenters uit Wildervank op 14 mei 2025","dc_type":"reactie","foi_fileName":"reactie_Reactie op voornemen intrekken spreidingswet B.A. Kenters_Wildervank_14 mei 2025.txt","foi_nrPages":1},{"dc_format":"application/pdf","dc_identifier":"nl.mnre1162.2e-i.2025.2.doc.17","dc_source":"https://www.internetconsultatie.nl/contourennotaintrekkingspreidingswet/reactie/278495/bestand","dc_title":"Reactie: Anoniem uit Rockanje op 15 mei 2025","dc_type":"reactie","foi_fairiscoreVersions":{"v1":1,"v2":1},"foi_fileName":"reactie.pdf","foi_nrPages":3},{"dc_format":"application/pdf","dc_identifier":"nl.mnre1162.2e-i.2025.2.doc.12","dc_source":"https://www.internetconsultatie.nl/contourennotaintrekkingspreidingswet/reactie/278535/bestand","dc_title":"Reactie: Gemeente Leidschendam-Voorburg (R.J. den Haan) uit Leidschendam-Voorburg op 15 mei 2025","dc_type":"reactie","foi_fairiscoreVersions":{"v1":1,"v2":1},"foi_fileName":"Reactie%20College%20Leidschendam-Voorburg%20ondertekend.pdf","foi_nrPages":3},{"dc_format":"application/pdf","dc_identifier":"nl.mnre1162.2e-i.2025.2.doc.11","dc_source":"https://www.internetconsultatie.nl/contourennotaintrekkingspreidingswet/reactie/278541/bestand","dc_title":"Reactie: Gemeente Rheden (M.H. Crum) uit Rheden op 15 mei 2025","dc_type":"reactie","foi_fairiscoreVersions":{"v1":2,"v2":2},"foi_fileName":"Reactie%20consultatie%20contourennota%20regietafel%20subregio%20Arnhem.pdf","foi_nrPages":2},{"dc_format":"application/pdf","dc_identifier":"nl.mnre1162.2e-i.2025.2.doc.20","dc_source":"https://www.internetconsultatie.nl/contourennotaintrekkingspreidingswet/reactie/278480/bestand","dc_title":"Reactie: OpenEmbassy (Hoofd Communicatie F. Brand) uit Amsterdam op 14 mei 2025","dc_type":"reactie","foi_fairiscoreVersions":{"v1":1,"v2":1},"foi_fileName":"Reactie%20consultatie%20Spreidingswet_OpenEmbassy.pdf","foi_nrPages":3},{"dc_format":"application/pdf","dc_identifier":"nl.mnre1162.2e-i.2025.2.doc.28","dc_source":"https://www.internetconsultatie.nl/contourennotaintrekkingspreidingswet/reactie/278439/bestand","dc_title":"Reactie: Gemeente Den Haag (H. Benthem) uit Den Haag op 14 mei 2025","dc_type":"reactie","foi_fairiscoreVersions":{"v1":1,"v2":1},"foi_fileName":"Reactie%20gemeente%20Den%20Haag%20consultatie%20contourennota%20intrekking%20spreidingswet%20-%2014%20mei%202025.pdf","foi_nrPages":3},{"dc_format":"application/pdf","dc_identifier":"nl.mnre1162.2e-i.2025.2.doc.21","dc_source":"https://www.internetconsultatie.nl/contourennotaintrekkingspreidingswet/reactie/278478/bestand","dc_title":"Reactie: Anoniem uit Rotterdam op 14 mei 2025","dc_type":"reactie","foi_fairiscoreVersions":{"v1":1,"v2":1},"foi_fileName":"Reactie%20internetconsultatie%20contourennota%20intrekking%20spreidingswet%20namens%20Gemeente%20Rotterdam.pdf","foi_nrPages":2},{"dc_format":"application/pdf","dc_identifier":"nl.mnre1162.2e-i.2025.2.doc.87","dc_source":"https://www.internetconsultatie.nl/contourennotaintrekkingspreidingswet/reactie/277869/bestand","dc_title":"Reactie: Anoniem uit Molenhoek op 9 mei 2025","dc_type":"reactie","foi_fairiscoreVersions":{"v1":1,"v2":1},"foi_fileName":"Reactie%20op%20Contourennota%20intrekking%20Spreidingswet.pdf","foi_nrPages":4},{"dc_format":"application/pdf","dc_identifier":"nl.mnre1162.2e-i.2025.2.doc.27","dc_source":"https://www.internetconsultatie.nl/contourennotaintrekkingspreidingswet/reactie/278441/bestand","dc_title":"Reactie: Anoniem uit Den Haag op 14 mei 2025","dc_type":"reactie","foi_fairiscoreVersions":{"v1":1,"v2":1},"foi_fileName":"Reactie%20op%20contourennota%20UNICEF%20Nederland.pdf","foi_nrPages":3},{"dc_format":"application/pdf","dc_identifier":"nl.mnre1162.2e-i.2025.2.doc.4","dc_source":"https://www.internetconsultatie.nl/contourennotaintrekkingspreidingswet/reactie/278560/bestand","dc_title":"Reactie: Valente (L.G.J. van Eekeren) uit Amersfoort op 15 mei 2025","dc_type":"reactie","foi_fairiscoreVersions":{"v1":1,"v2":1},"foi_fileName":"Reactie%20Valente%20Contourennota%20intrekking%20Spreidingswet.pdf","foi_nrPages":1},{"dc_format":"application/pdf","dc_identifier":"nl.mnre1162.2e-i.2025.2.doc.10","dc_source":"https://www.internetconsultatie.nl/contourennotaintrekkingspreidingswet/reactie/278546/bestand","dc_title":"Reactie: Anoniem uit Ede op 15 mei 2025","dc_type":"reactie","foi_fairiscoreVersions":{"v1":5,"v2":5},"foi_fileName":"Reactie%20van%20PRT%20sub%20regio%20Foodvalley%2C%20Consultatie%20contourennota%20intrekking%20Spreidingswet.pdf","foi_nrPages":1},{"dc_format":"application/pdf","dc_identifier":"nl.mnre1162.2e-i.2025.2.doc.95","dc_source":"https://www.internetconsultatie.nl/contourennotaintrekkingspreidingswet/reactie/277199/bestand","dc_title":"Reactie: Anoniem uit De Bilt op 18 april 2025","dc_type":"reactie","foi_fairiscoreVersions":{"v1":1,"v2":1},"foi_fileName":"Spreidingswet.pdf","foi_nrPages":1},{"dc_format":"application/pdf","dc_identifier":"nl.mnre1162.2e-i.2025.2.doc.34","dc_source":"https://www.internetconsultatie.nl/contourennotaintrekkingspreidingswet/reactie/278418/bestand","dc_title":"Reactie: Anoniem uit Amsterdam op 14 mei 2025","dc_type":"reactie","foi_fairiscoreVersions":{"v1":1,"v2":1},"foi_fileName":"Spreidingswet.pdf","foi_nrPages":1},{"dc_format":"application/pdf","dc_identifier":"nl.mnre1162.2e-i.2025.2.doc.85","dc_source":"https://www.internetconsultatie.nl/contourennotaintrekkingspreidingswet/reactie/278046/bestand","dc_title":"Reactie: Anoniem uit Winschoten op 12 mei 2025","dc_type":"reactie","foi_fairiscoreVersions":{"v1":1,"v2":1},"foi_fileName":"Spreidingswet%20reactie%20%2811-05-2025%29.pdf","foi_nrPages":3},{"dc_format":"application/pdf","dc_identifier":"nl.mnre1162.2e-i.2025.2.doc.49","dc_source":"https://www.internetconsultatie.nl/contourennotaintrekkingspreidingswet/reactie/278385/bestand","dc_title":"Reactie: UNHCR (L. Korlaar) uit Den Haag op 14 mei 2025","dc_type":"reactie","foi_fairiscoreVersions":{"v1":1,"v2":1},"foi_fileName":"UNHCR%27s%20Observations_%20Contourennota%20Intrekking%20Spreidingswet.pdf","foi_nrPages":3},{"dc_format":"application/pdf","dc_identifier":"nl.mnre1162.2e-i.2025.2.doc.82","dc_source":"https://www.internetconsultatie.nl/contourennotaintrekkingspreidingswet/reactie/278301/bestand","dc_title":"Reactie: VNG (Vereniging van Nederlandse Gemeenten) uit Den Haag op 14 mei 2025","dc_type":"reactie","foi_fairiscoreVersions":{"v1":1,"v2":1},"foi_fileName":"VNG%20Consultatiereactie%20contourennota%20intrekking%20Spreidingswet.pdf","foi_nrPages":8}],"foi_nrDocuments":103,"foi_nrPagesInDossier":178,"foi_publishedDate":"2025-04-14","foi_retrievedDate":"2025-05-16","foi_startDate":"2025-04-14","tooiwl_topic":"Bestuur | Gemeenten | Organisatie en beleid | Provincies | Rijksoverheid"},{"dc_creator":"WooScraper_v1","dc_date_year":2025,"dc_description":"Dit wetsvoorstel zorgt ervoor dat het na 1 maart 2026 mogelijk blijft om vingerafdrukken en gezichtsopnames van\u00a0vreemdelingen af te nemen, te verwerken en in de vreemdelingenadministratie op te slaan.","dc_identifier":"nl.mnre1162.2e-i.2025.3","dc_publisher":"mnre1162","dc_source":"https://www.internetconsultatie.nl/bestendigingwbvk/b1","dc_title":"Wetsvoorstel bestendiging bevoegdheden biometrische gegevens vreemdelingen","dc_type":"2e-i","dc_type_description":"Advies: Internetconsultatie","foi_endDate":"2025-05-27","foi_fairiscoreVersions":{"v1":1,"v2":1},"foi_files":[{"dc_identifier":"nl.mnre1162.2e-i.2025.3.doc.5","dc_source":"https://wetgevingskalender.overheid.nl/Regeling/WGK027739","dc_title":"Bekijk de voortgang van de betreffende Wet op de Wetgevingskalender","dc_type":"URL"},{"dc_format":"application/pdf","dc_identifier":"nl.mnre1162.2e-i.2025.3.doc.7","dc_source":"https://www.internetconsultatie.nl/bestendigingwbvk/reactie/278973/bestand","dc_title":"Reactie: Amnesty International (M Sluijter) uit Amsterdam op 26 mei 2025","dc_type":"reactie","foi_fairiscoreVersions":{"v1":1,"v2":1},"foi_fileName":"20250526_AINL%20inbreng%20consultatie%20voorstel%20biometrische%20gegevensverwerking%20vreemdelingen.pdf","foi_nrPages":3},{"dc_format":"application/pdf","dc_identifier":"nl.mnre1162.2e-i.2025.3.doc.3","dc_source":"https://www.internetconsultatie.nl/bestendigingwbvk/document/13974","dc_title":"Beleidskompas bestendiging bevoegdheden Wbvk","dc_type":"bijlage","foi_fairiscoreVersions":{"v1":1,"v2":1},"foi_fileName":"Beleidskompas%20internetconsultatie%20bestendiging%20Wbvk.pdf","foi_nrPages":8},{"dc_format":"text/plain;charset=utf-8","dc_identifier":"nl.mnre1162.2e-i.2025.3.doc.4","dc_source":"https://wetten.overheid.nl/BWBR0011823/2025-04-15/0/txt","dc_title":"Te wijzigen regeling Vreemdelingenwet 2000","dc_type":"bijlage","foi_fileName":"BWBR0011823-geldend_van_15-04-2025_tm_heden_zichtdatum_28-05-2025.txt","foi_nrPages":1},{"dc_format":"application/pdf","dc_identifier":"nl.mnre1162.2e-i.2025.3.doc.1","dc_source":"https://www.internetconsultatie.nl/bestendigingwbvk/document/14047","dc_title":"Conceptwetsvoorstel bestendiging bevoegdheden Wbvk","dc_type":"bijlage","foi_fairiscoreVersions":{"v1":1,"v2":1},"foi_fileName":"Conceptwetsvoorstel%20bestendiging%20Wbvk.pdf","foi_nrPages":1},{"dc_format":"application/pdf","dc_identifier":"nl.mnre1162.2e-i.2025.3.doc.2","dc_source":"https://www.internetconsultatie.nl/bestendigingwbvk/document/14048","dc_title":"Memorie van toelichting bestendiging bevoegdheden Wbvk","dc_type":"bijlage","foi_fairiscoreVersions":{"v1":1,"v2":1},"foi_fileName":"MvT%20bestendiging%20Wbvk.pdf","foi_nrPages":7},{"dc_format":"text/plain","dc_identifier":"nl.mnre1162.2e-i.2025.3.doc.15","dc_title":"Pagina tekst: Wetsvoorstel bestendiging bevoegdheden biometrische gegevens vreemdelingen","dc_type":"bijlage","foi_fileName":"page_text.txt","foi_nrPages":1},{"dc_format":"text/plain","dc_identifier":"nl.mnre1162.2e-i.2025.3.doc.8","dc_title":"Reactie: A Lam uit Alkmaar op 25 mei 2025","dc_type":"reactie","foi_fileName":"reactie_A Lam_Alkmaar_25 mei 2025.txt","foi_nrPages":1},{"dc_format":"text/plain","dc_identifier":"nl.mnre1162.2e-i.2025.3.doc.12","dc_title":"Reactie: Anoniem uit Almere op 30 april 2025","dc_type":"reactie","foi_fileName":"reactie_Anoniem_Almere_30 april 2025.txt","foi_nrPages":1},{"dc_format":"text/plain","dc_identifier":"nl.mnre1162.2e-i.2025.3.doc.13","dc_title":"Reactie: Anoniem uit Breda op 30 april 2025","dc_type":"reactie","foi_fileName":"reactie_Anoniem_Breda_30 april 2025.txt","foi_nrPages":1},{"dc_format":"text/plain","dc_identifier":"nl.mnre1162.2e-i.2025.3.doc.6","dc_title":"Reactie: Anoniem uit Maashorst op 27 mei 2025","dc_type":"reactie","foi_fileName":"reactie_Anoniem_Maashorst_27 mei 2025.txt","foi_nrPages":1},{"dc_format":"text/plain","dc_identifier":"nl.mnre1162.2e-i.2025.3.doc.10","dc_title":"Reactie: Anoniem uit Spijkenisse op 19 mei 2025","dc_type":"reactie","foi_fileName":"reactie_Anoniem_Spijkenisse_19 mei 2025.txt","foi_nrPages":1},{"dc_format":"text/plain","dc_identifier":"nl.mnre1162.2e-i.2025.3.doc.11","dc_title":"Reactie: Anoniem uit Warnsveld op 30 april 2025","dc_type":"reactie","foi_fileName":"reactie_Anoniem_Warnsveld_30 april 2025.txt","foi_nrPages":1},{"dc_format":"text/plain","dc_identifier":"nl.mnre1162.2e-i.2025.3.doc.9","dc_title":"Reactie: Anoniem uit Winschoten op 25 mei 2025","dc_type":"reactie","foi_fileName":"reactie_Anoniem_Winschoten_25 mei 2025.txt","foi_nrPages":1},{"dc_format":"text/plain","dc_identifier":"nl.mnre1162.2e-i.2025.3.doc.14","dc_title":"Reactie: Eigen meldpunt (Diana Niens Gj Niens) uit Ommen op 30 april 2025","dc_type":"reactie","foi_fileName":"reactie_Eigen meldpunt (Diana Niens Gj Niens)_Ommen_30 april 2025.txt","foi_nrPages":1}],"foi_nrDocuments":15,"foi_nrPagesInDossier":29,"foi_publishedDate":"2025-04-29","foi_retrievedDate":"2025-05-28","foi_startDate":"2025-04-29","tooiwl_topic":"Migratie en integratie | Organisatie en beleid"},{"dc_creator":"WooScraper_v1","dc_date_year":2025,"dc_description":"Dit wetsvoorstel (een novelle) wijzigt het voorstel van wet voor de Asielnoodmaatregelenwet en het daarin voorgestelde artikel 108a van de Vreemdelingenwet 2000 (strafbaarstelling illegaal verblijf). Doel van het wetsvoorstel is om ervoor te zorgen dat hulp aan vreemdelingen die illegaal in Nederland verblijven, niet strafbaar zal zijn. Daartoe wordt in artikel 108a geregeld dat deelname aan het daarin strafbaar gestelde feit, anders dan als pleger, niet strafbaar is.","dc_identifier":"nl.mnre1162.2e-i.2025.4","dc_publisher":"mnre1162","dc_source":"https://www.internetconsultatie.nl/novelle/b1","dc_title":"Novelle strafbaarstelling illegaal verblijf","dc_type":"2e-i","dc_type_description":"Advies: Internetconsultatie","foi_endDate":"2025-09-26","foi_fairiscoreVersions":{"v1":2,"v2":2},"foi_files":[{"dc_identifier":"nl.mnre1162.2e-i.2025.4.doc.4","dc_source":"https://www.tweedekamer.nl/downloads/document?id=2025D29821 ","dc_title":"Gewijzigd amendement van het lid Vondeling.","dc_type":"URL"},{"dc_identifier":"nl.mnre1162.2e-i.2025.4.doc.5","dc_source":"https://www.eerstekamer.nl/behandeling/20250703/gewijzigd_voorstel_van_wet_15","dc_title":"Het voorstel voor de Asielnoodmaatregelenwet, dat thans aanhangig is bij de Eerste Kamer.","dc_type":"URL"},{"dc_identifier":"nl.mnre1162.2e-i.2025.4.doc.6","dc_source":"https://www.raadvanstate.nl/adviezen/@152476/w03-25-00207-ii/","dc_title":"Voorlichting van de Afdeling advisering van de Raad van State.","dc_type":"URL"},{"dc_format":"application/pdf","dc_identifier":"nl.mnre1162.2e-i.2025.4.doc.1","dc_source":"https://www.internetconsultatie.nl/novelle/document/14548","dc_title":"Wetsvoorstel","dc_type":"bijlage","foi_fairiscoreVersions":{"v1":1,"v2":1},"foi_fileName":"1.%20Wetsvoorstel%20consultatie%20Novelle%20strafbaarstelling%20illegaal%20verblijf.pdf","foi_nrPages":1},{"dc_format":"application/pdf","dc_identifier":"nl.mnre1162.2e-i.2025.4.doc.2","dc_source":"https://www.internetconsultatie.nl/novelle/document/14549","dc_title":"Memorie van Toelichting","dc_type":"bijlage","foi_fairiscoreVersions":{"v1":1,"v2":1},"foi_fileName":"2.%20MvT%20consultatie%20Novelle%20strafbaarstelling%20illegaal%20verblijf.pdf","foi_nrPages":4},{"dc_format":"application/pdf","dc_identifier":"nl.mnre1162.2e-i.2025.4.doc.138","dc_source":"https://www.internetconsultatie.nl/novelle/reactie/316482/bestand","dc_title":"Reactie: Artsenfederatie KNMG (Artsenfederatie KNMG (voorzitter J. Penders) Jurriaan Penders) uit Utrecht op 24 september 2025","dc_type":"reactie","foi_fairiscoreVersions":{"v1":1,"v2":1},"foi_fileName":"2024%2009%2024%20Reactie%20KNMG%20internetconsultatie%20novelle%20strafbaarstelling%20illegaal%20verblijf%20def.%20%20.pdf","foi_nrPages":2},{"dc_format":"application/pdf","dc_identifier":"nl.mnre1162.2e-i.2025.4.doc.178","dc_source":"https://www.internetconsultatie.nl/novelle/reactie/316415/bestand","dc_title":"Reactie: Wereldvrouwenhuis (T Havinga) uit Nijmegen op 23 september 2025","dc_type":"reactie","foi_fairiscoreVersions":{"v1":1,"v2":1},"foi_fileName":"2025_09%20Nieuwsbrief%20stop%20de%20asiel%20wetten%20v2.pdf","foi_nrPages":7},{"dc_format":"application/pdf","dc_identifier":"nl.mnre1162.2e-i.2025.4.doc.84","dc_source":"https://www.internetconsultatie.nl/novelle/reactie/316576/bestand","dc_title":"Reactie: Geloven in Leeuwarden (Dr. A.M.J. Riemersma) uit Leeuwarden-Ljouwert op 25 september 2025","dc_type":"reactie","foi_fairiscoreVersions":{"v1":1,"v2":1},"foi_fileName":"20250909%20Lysbeth%20Minnema.pdf","foi_nrPages":1},{"dc_format":"application/pdf","dc_identifier":"nl.mnre1162.2e-i.2025.4.doc.396","dc_source":"https://www.internetconsultatie.nl/novelle/reactie/315828/bestand","dc_title":"Reactie: Anoniem uit Utrecht op 10 september 2025","dc_type":"reactie","foi_fairiscoreVersions":{"v1":1,"v2":1},"foi_fileName":"20250910%20Consultatie%20Novelle%20strafbaarstelling%20illegaal%20verblijf.pdf","foi_nrPages":1},{"dc_format":"application/pdf","dc_identifier":"nl.mnre1162.2e-i.2025.4.doc.308","dc_source":"https://www.internetconsultatie.nl/novelle/reactie/316091/bestand","dc_title":"Reactie: Stichting Nederlandse Straatdokters Groep (D Abels) uit Utrecht op 16 september 2025","dc_type":"reactie","foi_fairiscoreVersions":{"v1":1,"v2":1},"foi_fileName":"20250916NSGconsultatieNovelle.pdf","foi_nrPages":2},{"dc_format":"application/pdf","dc_identifier":"nl.mnre1162.2e-i.2025.4.doc.275","dc_source":"https://www.internetconsultatie.nl/novelle/reactie/316220/bestand","dc_title":"Reactie: Stichting Neighborhood Feminists (T.P. Sheldon) uit Amsterdam op 19 september 2025","dc_type":"reactie","foi_fairiscoreVersions":{"v1":1,"v2":1},"foi_fileName":"20250919%20Internetconsultatie%20novelle%20strafbaarstelling%20illegaal%20verblijf.pdf","foi_nrPages":2},{"dc_format":"application/pdf","dc_identifier":"nl.mnre1162.2e-i.2025.4.doc.266","dc_source":"https://www.internetconsultatie.nl/novelle/reactie/316241/bestand","dc_title":"Reactie: Anoniem uit Utrecht op 20 september 2025","dc_type":"reactie","foi_fairiscoreVersions":{"v1":1,"v2":1},"foi_fileName":"20250920%20Consultatie%20novelle%20strafbaarstelling.pdf","foi_nrPages":5},{"dc_format":"application/pdf","dc_identifier":"nl.mnre1162.2e-i.2025.4.doc.116","dc_source":"https://www.internetconsultatie.nl/novelle/reactie/316515/bestand","dc_title":"Reactie: Stichting PVP, pati\u00ebntenvertrouwenspersonen in de ggz (S.I. Attema (directeur/bestuurder)) uit Utrecht op 25 september 2025","dc_type":"reactie","foi_fairiscoreVersions":{"v1":2,"v2":2},"foi_fileName":"20250925-661%20Ministerie%20van%20Asiel%20en%20Migratie%20-%20internetconsultatie%20novelle%20asielnoodmaatregelenwet.pdf","foi_nrPages":2},{"dc_format":"application/pdf","dc_identifier":"nl.mnre1162.2e-i.2025.4.doc.9","dc_source":"https://www.internetconsultatie.nl/novelle/reactie/316763/bestand","dc_title":"Reactie: FNV (mr. B.B. Salomons) uit Utrecht op 26 september 2025","dc_type":"reactie","foi_fairiscoreVersions":{"v1":1,"v2":1},"foi_fileName":"20250926%20Internetconsultatie%20FNV%20Novelle%20strafbaarstelling%20illegaal%20verblijf.pdf","foi_nrPages":6},{"dc_format":"application/pdf","dc_identifier":"nl.mnre1162.2e-i.2025.4.doc.35","dc_source":"https://www.internetconsultatie.nl/novelle/reactie/316717/bestand","dc_title":"Reactie: Sociaal Werk Nederland (L. Staal) uit Utrecht op 26 september 2025","dc_type":"reactie","foi_fairiscoreVersions":{"v1":1,"v2":1},"foi_fileName":"20252609%20SWN%20reactie%20internetconsultatie%20novelle%20.pdf","foi_nrPages":2},{"dc_format":"application/pdf","dc_identifier":"nl.mnre1162.2e-i.2025.4.doc.42","dc_source":"https://www.internetconsultatie.nl/novelle/reactie/316691/bestand","dc_title":"Reactie: College voor de Rechten van de Mens (R. Lawson) uit Utrecht op 26 september 2025","dc_type":"reactie","foi_fairiscoreVersions":{"v1":1,"v2":1},"foi_fileName":"25-073%20Internetconsultatie%20%20Minister%20Asiel%20en%20Migratie%20%20Novelle%20strafbaarstelling%20illegaal%20verblijf.pdf","foi_nrPages":3},{"dc_format":"application/pdf","dc_identifier":"nl.mnre1162.2e-i.2025.4.doc.87","dc_source":"https://www.internetconsultatie.nl/novelle/reactie/316572/bestand","dc_title":"Reactie: V&VN (J.M.M. Naber) uit Utrecht op 25 september 2025","dc_type":"reactie","foi_fairiscoreVersions":{"v1":1,"v2":1},"foi_fileName":"25-09-25%20Reactie%20VVN%20internetconsultatie%20Novelle%20strafbaarstelling%20illegaal%20verblijf.pdf","foi_nrPages":2},{"dc_format":"application/pdf","dc_identifier":"nl.mnre1162.2e-i.2025.4.doc.31","dc_source":"https://www.internetconsultatie.nl/novelle/reactie/316725/bestand","dc_title":"Reactie: ASKV (R.W.G. van Oene) uit Amsterdam op 26 september 2025","dc_type":"reactie","foi_fairiscoreVersions":{"v1":1,"v2":1},"foi_fileName":"25-09-26%20Reactie%20ASKV%20novelle%20strafbaarstelling%20onrechtmatig%20verblijf.pdf","foi_nrPages":14},{"dc_format":"application/pdf","dc_identifier":"nl.mnre1162.2e-i.2025.4.doc.170","dc_source":"https://www.internetconsultatie.nl/novelle/reactie/316434/bestand","dc_title":"Reactie: De Nederlandse ggz (H. Swartjes) uit Amersfoort op 23 september 2025","dc_type":"reactie","foi_fairiscoreVersions":{"v1":1,"v2":1},"foi_fileName":"250922%20Reactie%20op%20internetconsultatie%20Novelle%20strafbaarstelling%20illegaal%20verblijf.pdf","foi_nrPages":1},{"dc_format":"application/pdf","dc_identifier":"nl.mnre1162.2e-i.2025.4.doc.90","dc_source":"https://www.internetconsultatie.nl/novelle/reactie/316565/bestand","dc_title":"Reactie: VluchtelingenWerk Nederland (M.H. Kruyt) uit Amsterdam op 25 september 2025","dc_type":"reactie","foi_fairiscoreVersions":{"v1":1,"v2":1},"foi_fileName":"250925_Reactie_VWN_internetconsultatie_novelle_strafbaarstelling.pdf","foi_nrPages":5},{"dc_format":"application/pdf","dc_identifier":"nl.mnre1162.2e-i.2025.4.doc.110","dc_source":"https://www.internetconsultatie.nl/novelle/reactie/316522/bestand","dc_title":"Reactie: Anoniem uit Amersfoort op 25 september 2025","dc_type":"reactie","foi_fairiscoreVersions":{"v1":1,"v2":1},"foi_fileName":"250925-AenM-MIND%20novelle%20strafbaarstelling%20illegaal%20verblijf.pdf","foi_nrPages":2},{"dc_format":"application/pdf","dc_identifier":"nl.mnre1162.2e-i.2025.4.doc.539","dc_source":"https://www.internetconsultatie.nl/novelle/reactie/315595/bestand","dc_title":"Reactie: Drs S Nanoha uit Waddinxveen op 9 september 2025","dc_type":"reactie","foi_fairiscoreVersions":{"v1":1,"v2":1},"foi_fileName":"Argumenten_tegen_strafbaarstelling_illegaal_verblijf.pdf","foi_nrPages":2},{"dc_format":"application/pdf","dc_identifier":"nl.mnre1162.2e-i.2025.4.doc.3","dc_source":"https://www.internetconsultatie.nl/novelle/document/14550","dc_title":"Beleidskompasformulier","dc_type":"bijlage","foi_fairiscoreVersions":{"v1":1,"v2":1},"foi_fileName":"Beleidskompas%20novelle%20strafbaarstelling%20illegaal%20verblijf.pdf","foi_nrPages":4},{"dc_format":"application/pdf","dc_identifier":"nl.mnre1162.2e-i.2025.4.doc.340","dc_source":"https://www.internetconsultatie.nl/novelle/reactie/315978/bestand","dc_title":"Reactie: drs. M.J.F.M. Voorhoeve uit Utrecht op 12 september 2025","dc_type":"reactie","foi_fairiscoreVersions":{"v1":2,"v2":1},"foi_fileName":"Bijdrage%20internetconsultatie_2%20asielwetten.pdf","foi_nrPages":3},{"dc_format":"application/pdf","dc_identifier":"nl.mnre1162.2e-i.2025.4.doc.89","dc_source":"https://www.internetconsultatie.nl/novelle/reactie/316567/bestand","dc_title":"Reactie: Nidos (G. H. Lourens) uit Utrecht op 25 september 2025","dc_type":"reactie","foi_fairiscoreVersions":{"v1":1,"v2":1},"foi_fileName":"bijdrage%20internetconsultatie%20Novelle%20strafbaarheid%20illegaliteit.pdf","foi_nrPages":3},{"dc_format":"application/pdf","dc_identifier":"nl.mnre1162.2e-i.2025.4.doc.55","dc_source":"https://www.internetconsultatie.nl/novelle/reactie/316640/bestand","dc_title":"Reactie: Commissie Meijers (CM2514 Commissie Meijers B E Okoobo) uit Amsterdam op 26 september 2025","dc_type":"reactie","foi_fairiscoreVersions":{"v1":1,"v2":1},"foi_fileName":"CM2514%20Commissie%20Meijers%20reactie%20op%20novelle%20strafbaarstelling%20illegaal%20verblijf.pdf","foi_nrPages":5},{"dc_format":"application/pdf","dc_identifier":"nl.mnre1162.2e-i.2025.4.doc.58","dc_source":"https://www.internetconsultatie.nl/novelle/reactie/316632/bestand","dc_title":"Reactie: Commissie Meijers (Commissie Meijers CM2514 B E Okoobo) uit Amsterdam op 26 september 2025","dc_type":"reactie","foi_fairiscoreVersions":{"v1":1,"v2":1},"foi_fileName":"CM2514%20Commissie%20Meijers%20reactie%20op%20novelle%20strafbaarstelling%20illegaal%20verblijf.pdf","foi_nrPages":5},{"dc_format":"application/pdf","dc_identifier":"nl.mnre1162.2e-i.2025.4.doc.132","dc_source":"https://www.internetconsultatie.nl/novelle/reactie/316494/bestand","dc_title":"Reactie: Anoniem uit Amsterdam op 24 september 2025","dc_type":"reactie","foi_fairiscoreVersions":{"v1":1,"v2":1},"foi_fileName":"Consultatie_novelle_strafbaarstelling.pdf","foi_nrPages":4},{"dc_format":"application/pdf","dc_identifier":"nl.mnre1162.2e-i.2025.4.doc.7","dc_source":"https://www.internetconsultatie.nl/novelle/reactie/316767/bestand","dc_title":"Reactie: T. Westra uit Utrecht op 26 september 2025","dc_type":"reactie","foi_fairiscoreVersions":{"v1":1,"v2":1},"foi_fileName":"Consultatiereactie%20Novelle%20Strafbaarstelling%20Illegaal%20Verblijf.pdf","foi_nrPages":3},{"dc_format":"application/pdf","dc_identifier":"nl.mnre1162.2e-i.2025.4.doc.315","dc_source":"https://www.internetconsultatie.nl/novelle/reactie/316058/bestand","dc_title":"Reactie: Anoniem uit Hilversum op 15 september 2025","dc_type":"reactie","foi_fairiscoreVersions":{"v1":2,"v2":1},"foi_fileName":"de-nationale-beroepscode-voor-verpleegkundigen-en-verzorgenden.pdf","foi_nrPages":17},{"dc_format":"application/pdf","dc_identifier":"nl.mnre1162.2e-i.2025.4.doc.122","dc_source":"https://www.internetconsultatie.nl/novelle/reactie/316507/bestand","dc_title":"Reactie: Stichting Pastoraal Diaconaal Centrum Bijlmermeer (j van vliet) uit Amsterdam op 25 september 2025","dc_type":"reactie","foi_fairiscoreVersions":{"v1":1,"v2":1},"foi_fileName":"De%20stichting%20Pastoraal%20Diaconaal%20Centrum%20Bijlmermeer%20spreekt%20zich%20krachtig%20uit%20tegen%20het%20strafbaar%20stellen%20van%20illegaliteit.pdf","foi_nrPages":1},{"dc_format":"application/pdf","dc_identifier":"nl.mnre1162.2e-i.2025.4.doc.70","dc_source":"https://www.internetconsultatie.nl/novelle/reactie/316600/bestand","dc_title":"Reactie: Amnesty International (A. Donse) uit Amsterdam op 25 september 2025","dc_type":"reactie","foi_fairiscoreVersions":{"v1":1,"v2":1},"foi_fileName":"DEF%20Reactie%20Amnesty%20International%20op%20novelle%20strafbaarstelling%20onrechtmatig%20verblijf%2025%2009%202025.pdf","foi_nrPages":2},{"dc_format":"application/pdf","dc_identifier":"nl.mnre1162.2e-i.2025.4.doc.68","dc_source":"https://www.internetconsultatie.nl/novelle/reactie/316602/bestand","dc_title":"Reactie: Stichting Gast (W Last) uit Nijmegen op 25 september 2025","dc_type":"reactie","foi_fairiscoreVersions":{"v1":1,"v2":1},"foi_fileName":"Definitieve%20reactie%20op%20strafbaarheidstelling%20illegaliteit.pdf","foi_nrPages":1},{"dc_format":"application/pdf","dc_identifier":"nl.mnre1162.2e-i.2025.4.doc.140","dc_source":"https://www.internetconsultatie.nl/novelle/reactie/316479/bestand","dc_title":"Reactie: T Karsten uit Amsterdam op 24 september 2025","dc_type":"reactie","foi_fairiscoreVersions":{"v1":1,"v2":1},"foi_fileName":"Het%20gaat%20om%20een%20onmenselijke%20wet.pdf","foi_nrPages":1},{"dc_format":"application/pdf","dc_identifier":"nl.mnre1162.2e-i.2025.4.doc.51","dc_source":"https://www.internetconsultatie.nl/novelle/reactie/316649/bestand","dc_title":"Reactie: HVO-Querido (HVO-Querido T Stout) uit Amsterdam op 26 september 2025","dc_type":"reactie","foi_fairiscoreVersions":{"v1":1,"v2":1},"foi_fileName":"HVO-Querido.pdf","foi_nrPages":1},{"dc_format":"application/pdf","dc_identifier":"nl.mnre1162.2e-i.2025.4.doc.27","dc_source":"https://www.internetconsultatie.nl/novelle/reactie/316732/bestand","dc_title":"Reactie: Gemeente Utrecht (de heer J Braat) uit Utrecht op 26 september 2025","dc_type":"reactie","foi_fairiscoreVersions":{"v1":1,"v2":1},"foi_fileName":"inbreng%20internet%20consultatie%20strafbaarstelling%20J%20Braat%20%281%29.pdf","foi_nrPages":2},{"dc_format":"application/pdf","dc_identifier":"nl.mnre1162.2e-i.2025.4.doc.95","dc_source":"https://www.internetconsultatie.nl/novelle/reactie/316556/bestand","dc_title":"Reactie: Valente (L.G.J. van Eekeren) uit Amersfoort op 25 september 2025","dc_type":"reactie","foi_fairiscoreVersions":{"v1":1,"v2":1},"foi_fileName":"Inbreng%20Valente%20internetconsultatie%20novelle%20illegaal%20verblijf%20in%20asielnoodmaatregelenwet.pdf","foi_nrPages":2},{"dc_format":"application/pdf","dc_identifier":"nl.mnre1162.2e-i.2025.4.doc.249","dc_source":"https://www.internetconsultatie.nl/novelle/reactie/316277/bestand","dc_title":"Reactie: Hildegardparochie (A.T. Oosting) uit Groningen op 21 september 2025","dc_type":"reactie","foi_fairiscoreVersions":{"v1":1,"v2":1},"foi_fileName":"internetconsultatie.pdf","foi_nrPages":2},{"dc_format":"application/pdf","dc_identifier":"nl.mnre1162.2e-i.2025.4.doc.136","dc_source":"https://www.internetconsultatie.nl/novelle/reactie/316484/bestand","dc_title":"Reactie: F. Zoer uit Amsterdam op 24 september 2025","dc_type":"reactie","foi_fairiscoreVersions":{"v1":1,"v2":1},"foi_fileName":"internetconsultatie%20-%20Frans%20Zoer.pdf","foi_nrPages":1},{"dc_format":"application/pdf","dc_identifier":"nl.mnre1162.2e-i.2025.4.doc.91","dc_source":"https://www.internetconsultatie.nl/novelle/reactie/316562/bestand","dc_title":"Reactie: A en H Westeneng/Schalk uit Amsterdam op 25 september 2025","dc_type":"reactie","foi_fairiscoreVersions":{"v1":1,"v2":1},"foi_fileName":"internetconsultatie%2023-09-2025.pdf","foi_nrPages":1},{"dc_format":"application/pdf","dc_identifier":"nl.mnre1162.2e-i.2025.4.doc.12","dc_source":"https://www.internetconsultatie.nl/novelle/reactie/316756/bestand","dc_title":"Reactie: G. Visser uit Amsterdam op 26 september 2025","dc_type":"reactie","foi_fairiscoreVersions":{"v1":1,"v2":1},"foi_fileName":"internetconsultatie%20260925.pdf","foi_nrPages":1},{"dc_format":"application/pdf","dc_identifier":"nl.mnre1162.2e-i.2025.4.doc.347","dc_source":"https://www.internetconsultatie.nl/novelle/reactie/315958/bestand","dc_title":"Reactie: ir R Meerwijk uit Workum op 12 september 2025","dc_type":"reactie","foi_fairiscoreVersions":{"v1":1,"v2":1},"foi_fileName":"Internetconsultatie%20asielnoodmaatregelenwet.pdf","foi_nrPages":2},{"dc_format":"application/pdf","dc_identifier":"nl.mnre1162.2e-i.2025.4.doc.295","dc_source":"https://www.internetconsultatie.nl/novelle/reactie/316169/bestand","dc_title":"Reactie: Anoniem uit Diemen op 18 september 2025","dc_type":"reactie","foi_fairiscoreVersions":{"v1":1,"v2":1},"foi_fileName":"Internetconsultatie%20Asielwet%20ARQ%20Nationaal%20Psychotrauma%20Centrum%2018%20september%202025.pdf","foi_nrPages":2},{"dc_format":"application/pdf","dc_identifier":"nl.mnre1162.2e-i.2025.4.doc.101","dc_source":"https://www.internetconsultatie.nl/novelle/reactie/316538/bestand","dc_title":"Reactie: Stichting LOS (R. Ederveen) uit Rotterdam op 25 september 2025","dc_type":"reactie","foi_fairiscoreVersions":{"v1":1,"v2":1},"foi_fileName":"Internetconsultatie%20LOS.pdf","foi_nrPages":2},{"dc_format":"application/pdf","dc_identifier":"nl.mnre1162.2e-i.2025.4.doc.11","dc_source":"https://www.internetconsultatie.nl/novelle/reactie/316758/bestand","dc_title":"Reactie: Meldpunt Vreemdelingendetentie (R Oosterhuis) uit Rotterdam op 26 september 2025","dc_type":"reactie","foi_fairiscoreVersions":{"v1":1,"v2":1},"foi_fileName":"Internetconsultatie%20Meldpunt%20Vreemdelingendetentie.pdf","foi_nrPages":1},{"dc_format":"application/pdf","dc_identifier":"nl.mnre1162.2e-i.2025.4.doc.97","dc_source":"https://www.internetconsultatie.nl/novelle/reactie/316553/bestand","dc_title":"Reactie: Anoniem uit Almere op 25 september 2025","dc_type":"reactie","foi_fairiscoreVersions":{"v1":1,"v2":1},"foi_fileName":"Internetconsultatie%20Novelle%20Asielnoodmaatregelenwet.pdf","foi_nrPages":2},{"dc_format":"application/pdf","dc_identifier":"nl.mnre1162.2e-i.2025.4.doc.381","dc_source":"https://www.internetconsultatie.nl/novelle/reactie/315862/bestand","dc_title":"Reactie: Anoniem uit Oegstgeest op 11 september 2025","dc_type":"reactie","foi_fairiscoreVersions":{"v1":1,"v2":1},"foi_fileName":"Internetconsultatie%20Novelle%20Asielwet.pdf","foi_nrPages":2},{"dc_format":"application/pdf","dc_identifier":"nl.mnre1162.2e-i.2025.4.doc.53","dc_source":"https://www.internetconsultatie.nl/novelle/reactie/316642/bestand","dc_title":"Reactie: Gemeente Groningen (M. Molema) uit Groningen op 26 september 2025","dc_type":"reactie","foi_fairiscoreVersions":{"v1":1,"v2":1},"foi_fileName":"Internetconsultatie%20Novelle%20strafbaarstelling%20illegaal%20verblijf%20-%20Gemeente%20Groningen.pdf","foi_nrPages":1},{"dc_format":"application/pdf","dc_identifier":"nl.mnre1162.2e-i.2025.4.doc.76","dc_source":"https://www.internetconsultatie.nl/novelle/reactie/316588/bestand","dc_title":"Reactie: Gemeente Nijmegen (Beleidsadviseur T.W. van Loon) uit Nijmegen op 25 september 2025","dc_type":"reactie","foi_fairiscoreVersions":{"v1":1,"v2":1},"foi_fileName":"Internetconsultatie%20novelle%20strafbaarstelling%20illegaliteit%20-%20reactie%20burgemeester%20Nijmegen%20-%2025-09-2025.pdf","foi_nrPages":2},{"dc_format":"application/pdf","dc_identifier":"nl.mnre1162.2e-i.2025.4.doc.74","dc_source":"https://www.internetconsultatie.nl/novelle/reactie/316595/bestand","dc_title":"Reactie: BPSW (Drs J.W. Bruins) uit Utrecht op 25 september 2025","dc_type":"reactie","foi_fairiscoreVersions":{"v1":1,"v2":1},"foi_fileName":"Internetconsultatie%20novelle%20strafbaarstelling%20mensen%20zonder%20verblijfsvergunning.pdf","foi_nrPages":1},{"dc_format":"application/pdf","dc_identifier":"nl.mnre1162.2e-i.2025.4.doc.54","dc_source":"https://www.internetconsultatie.nl/novelle/reactie/316641/bestand","dc_title":"Reactie: Stem in de Stad (Herman Stomphorst) uit Haarlem op 26 september 2025","dc_type":"reactie","foi_fairiscoreVersions":{"v1":1,"v2":1},"foi_fileName":"Internetconsultatie%20Strafbaarstelling.pdf","foi_nrPages":2},{"dc_format":"application/pdf","dc_identifier":"nl.mnre1162.2e-i.2025.4.doc.71","dc_source":"https://www.internetconsultatie.nl/novelle/reactie/316599/bestand","dc_title":"Reactie: NVvP (M. Oosterkamp) uit Utrecht op 25 september 2025","dc_type":"reactie","foi_fairiscoreVersions":{"v1":1,"v2":1},"foi_fileName":"Internetconsultatie%20strafbaarstelling.pdf","foi_nrPages":2},{"dc_format":"application/pdf","dc_identifier":"nl.mnre1162.2e-i.2025.4.doc.135","dc_source":"https://www.internetconsultatie.nl/novelle/reactie/316487/bestand","dc_title":"Reactie: Vereniging Asieladvocaten en -Juristen Nederland (VAJN) (mr S Thelosen) uit Amsterdam op 24 september 2025","dc_type":"reactie","foi_fairiscoreVersions":{"v1":1,"v2":1},"foi_fileName":"Internetconsultatie%20strafbaarstelling%20illegaal%20verblijf.pdf","foi_nrPages":4},{"dc_format":"application/pdf","dc_identifier":"nl.mnre1162.2e-i.2025.4.doc.77","dc_source":"https://www.internetconsultatie.nl/novelle/reactie/316587/bestand","dc_title":"Reactie: Koepel Artsen Maatschappij + Gezondheid (KAMG) (Dr. C.J. van 't Land) uit Utrecht op 25 september 2025","dc_type":"reactie","foi_fairiscoreVersions":{"v1":1,"v2":1},"foi_fileName":"KAMG%20consultatie%20novelle%20strafbaarheidsstelling.pdf","foi_nrPages":2},{"dc_format":"application/pdf","dc_identifier":"nl.mnre1162.2e-i.2025.4.doc.109","dc_source":"https://www.internetconsultatie.nl/novelle/reactie/316523/bestand","dc_title":"Reactie: Centrum voor Migratierecht, Radboud Universiteit (mr dr C. Gr\u00fctters) uit Nijmegen op 25 september 2025","dc_type":"reactie","foi_fairiscoreVersions":{"v1":1,"v2":1},"foi_fileName":"Kanttekeningen.Carolus.Grutters.pdf","foi_nrPages":2},{"dc_format":"application/pdf","dc_identifier":"nl.mnre1162.2e-i.2025.4.doc.112","dc_source":"https://www.internetconsultatie.nl/novelle/reactie/316519/bestand","dc_title":"Reactie: Keizersgrachtkerk (Keizersgrachtkerk KGK Keizersgrachtkerk) uit Amsterdam op 25 september 2025","dc_type":"reactie","foi_fairiscoreVersions":{"v1":1,"v2":1},"foi_fileName":"Keizersgrachtkerk%20Amsterdam%20internetconsultatie%20strafbaarstelling%20illegaal%20verblijf%2024-09-2025.pdf","foi_nrPages":1},{"dc_format":"application/pdf","dc_identifier":"nl.mnre1162.2e-i.2025.4.doc.131","dc_source":"https://www.internetconsultatie.nl/novelle/reactie/316495/bestand","dc_title":"Reactie: Keizersgrachtkerk Amsterdam (scriba Keizersgrachtkerk A.J. Westeneng) uit Amsterdam op 24 september 2025","dc_type":"reactie","foi_fairiscoreVersions":{"v1":1,"v2":1},"foi_fileName":"Keizersgrachtkerk%20Amsterdam%20internetconsultatie%20strafbaarstelling%20illegaal%20verblijf%2024-09-2025.pdf","foi_nrPages":1},{"dc_format":"application/pdf","dc_identifier":"nl.mnre1162.2e-i.2025.4.doc.490","dc_source":"https://www.internetconsultatie.nl/novelle/reactie/315667/bestand","dc_title":"Reactie: Kritische beoordeling van het wetsvoorstel SM KAHRAMAN uit HOORN op 9 september 2025","dc_type":"reactie","foi_fairiscoreVersions":{"v1":1,"v2":1},"foi_fileName":"Kritische%20Beoordeling.pdf","foi_nrPages":1},{"dc_format":"application/pdf","dc_identifier":"nl.mnre1162.2e-i.2025.4.doc.268","dc_source":"https://www.internetconsultatie.nl/novelle/reactie/316238/bestand","dc_title":"Reactie: oud-tropenarts YEC Ratsma uit Bennekom op 20 september 2025","dc_type":"reactie","foi_fairiscoreVersions":{"v1":1,"v2":1},"foi_fileName":"mijn%20reactie%20op%20strafbaarstelling%20illegaal%20verblijf.pdf","foi_nrPages":1},{"dc_format":"application/pdf","dc_identifier":"nl.mnre1162.2e-i.2025.4.doc.390","dc_source":"https://www.internetconsultatie.nl/novelle/reactie/315849/bestand","dc_title":"Reactie: H R uit Midden Groningen op 11 september 2025","dc_type":"reactie","foi_fairiscoreVersions":{"v1":1,"v2":1},"foi_fileName":"Motivatiebrief_zonder_naam.pdf","foi_nrPages":1},{"dc_format":"application/pdf","dc_identifier":"nl.mnre1162.2e-i.2025.4.doc.88","dc_source":"https://www.internetconsultatie.nl/novelle/reactie/316569/bestand","dc_title":"Reactie: Dokters van de Wereld (S.L. Burger) uit Amsterdam op 25 september 2025","dc_type":"reactie","foi_fairiscoreVersions":{"v1":1,"v2":1},"foi_fileName":"Novelle_Strafbaarstelling_Inbreng_DvdW_definitief.pdf","foi_nrPages":2},{"dc_format":"application/pdf","dc_identifier":"nl.mnre1162.2e-i.2025.4.doc.46","dc_source":"https://www.internetconsultatie.nl/novelle/reactie/316678/bestand","dc_title":"Reactie: Anoniem uit Brabant op 26 september 2025","dc_type":"reactie","foi_fairiscoreVersions":{"v1":1,"v2":1},"foi_fileName":"Novelle%20strafbaarstelling%20illegaal%20verblijf%20-%20reactie%20gegeven%20op%20vrijdag%2026-09-2025%20.pdf","foi_nrPages":8},{"dc_format":"application/pdf","dc_identifier":"nl.mnre1162.2e-i.2025.4.doc.246","dc_source":"https://www.internetconsultatie.nl/novelle/reactie/316281/bestand","dc_title":"Reactie: Anoniem uit Amsterdam op 21 september 2025","dc_type":"reactie","foi_fairiscoreVersions":{"v1":1,"v2":1},"foi_fileName":"Novelle%20strafbaarstelling%20illegaal%20verblijf%281%29.pdf","foi_nrPages":2},{"dc_format":"application/pdf","dc_identifier":"nl.mnre1162.2e-i.2025.4.doc.168","dc_source":"https://www.internetconsultatie.nl/novelle/reactie/316440/bestand","dc_title":"Reactie: Anoniem uit Leeuwarden op 24 september 2025","dc_type":"reactie","foi_fairiscoreVersions":{"v1":1,"v2":1},"foi_fileName":"NovellereactiePKN20250917.pdf","foi_nrPages":1},{"dc_format":"application/pdf","dc_identifier":"nl.mnre1162.2e-i.2025.4.doc.24","dc_source":"https://www.internetconsultatie.nl/novelle/reactie/316739/bestand","dc_title":"Reactie: Erasmus Universiteit Rotterdam (OCON - OnderzoeksCollectief Ongedocumenteerden NL Mieke Kox) uit Rotterdam op 26 september 2025","dc_type":"reactie","foi_fairiscoreVersions":{"v1":1,"v2":1},"foi_fileName":"OCON%20internetconsultatie%20strafbaarstelling%20illegaliteit.pdf","foi_nrPages":8},{"dc_format":"text/plain","dc_identifier":"nl.mnre1162.2e-i.2025.4.doc.568","dc_title":"Pagina tekst: Novelle strafbaarstelling illegaal verblijf","dc_type":"bijlage","foi_fileName":"page_text.txt","foi_nrPages":1},{"dc_format":"application/pdf","dc_identifier":"nl.mnre1162.2e-i.2025.4.doc.52","dc_source":"https://www.internetconsultatie.nl/novelle/reactie/316648/bestand","dc_title":"Reactie: Anoniem uit Rotterdam op 26 september 2025","dc_type":"reactie","foi_fairiscoreVersions":{"v1":1,"v2":1},"foi_fileName":"Pauluskerk%20Rotterdam_bijdrage%20internetconsultatie%20novelle%20strafbaarstelling.pdf","foi_nrPages":2},{"dc_format":"text/plain","dc_identifier":"nl.mnre1162.2e-i.2025.4.doc.537","dc_title":"Reactie: - (G.H. Pool Meeuwsen) uit Hattem op 9 september 2025","dc_type":"reactie","foi_fileName":"reactie_- (G.H. Pool Meeuwsen)_Hattem_9 september 2025.txt","foi_nrPages":1},{"dc_format":"text/plain","dc_identifier":"nl.mnre1162.2e-i.2025.4.doc.176","dc_title":"Reactie: A Dijksterhuis uit Groningen op 23 september 2025","dc_type":"reactie","foi_fileName":"reactie_A Dijksterhuis_Groningen_23 september 2025.txt","foi_nrPages":1},{"dc_format":"text/plain","dc_identifier":"nl.mnre1162.2e-i.2025.4.doc.276","dc_title":"Reactie: A Meekes uit Nijmegen op 19 september 2025","dc_type":"reactie","foi_fileName":"reactie_A Meekes_Nijmegen_19 september 2025.txt","foi_nrPages":1},{"dc_format":"text/plain","dc_identifier":"nl.mnre1162.2e-i.2025.4.doc.428","dc_title":"Reactie: A. H. Oldenbeuving uit Emmen op 10 september 2025","dc_type":"reactie","foi_fileName":"reactie_A. H. Oldenbeuving_Emmen_10 september 2025.txt","foi_nrPages":1},{"dc_format":"text/plain","dc_identifier":"nl.mnre1162.2e-i.2025.4.doc.82","dc_title":"Reactie: A. Jager uit Utrecht op 25 september 2025","dc_type":"reactie","foi_fileName":"reactie_A. Jager_Utrecht_25 september 2025.txt","foi_nrPages":1},{"dc_format":"text/plain","dc_identifier":"nl.mnre1162.2e-i.2025.4.doc.133","dc_title":"Reactie: A.D. Braakman uit Dronten op 24 september 2025","dc_type":"reactie","foi_fileName":"reactie_A.D. Braakman_Dronten_24 september 2025.txt","foi_nrPages":1},{"dc_format":"text/plain","dc_identifier":"nl.mnre1162.2e-i.2025.4.doc.422","dc_title":"Reactie: A.E. Fransen uit Stedum op 10 september 2025","dc_type":"reactie","foi_fileName":"reactie_A.E. Fransen_Stedum_10 september 2025.txt","foi_nrPages":1},{"dc_format":"text/plain","dc_identifier":"nl.mnre1162.2e-i.2025.4.doc.118","dc_title":"Reactie: A.J. Krijger uit Dordrecht op 25 september 2025","dc_type":"reactie","foi_fileName":"reactie_A.J. Krijger_Dordrecht_25 september 2025.txt","foi_nrPages":1},{"dc_format":"text/plain","dc_identifier":"nl.mnre1162.2e-i.2025.4.doc.443","dc_title":"Reactie: Admin (Admin Admin) uit Nederland op 9 september 2025","dc_type":"reactie","foi_fileName":"reactie_Admin (Admin Admin)_Nederland_9 september 2025.txt","foi_nrPages":1},{"dc_format":"text/plain","dc_identifier":"nl.mnre1162.2e-i.2025.4.doc.237","dc_title":"Reactie: Ahmet Kara uit Capelle aan den IJsswl op 22 september 2025","dc_type":"reactie","foi_fileName":"reactie_Ahmet Kara_Capelle aan den IJsswl_22 september 2025.txt","foi_nrPages":1},{"dc_format":"text/plain","dc_identifier":"nl.mnre1162.2e-i.2025.4.doc.65","dc_title":"Reactie: Alinda Arkema uit Groningen op 25 september 2025","dc_type":"reactie","foi_fileName":"reactie_Alinda Arkema_Groningen_25 september 2025.txt","foi_nrPages":1},{"dc_format":"text/plain","dc_identifier":"nl.mnre1162.2e-i.2025.4.doc.148","dc_title":"Reactie: Amsta (Dr. E Helmich) uit Amsterdam op 24 september 2025","dc_type":"reactie","foi_fileName":"reactie_Amsta (Dr. E Helmich)_Amsterdam_24 september 2025.txt","foi_nrPages":1},{"dc_format":"text/plain","dc_identifier":"nl.mnre1162.2e-i.2025.4.doc.458","dc_title":"Reactie: Anneke Harmsen uit ROTTERDAM op 9 september 2025","dc_type":"reactie","foi_fileName":"reactie_Anneke Harmsen_ROTTERDAM_9 september 2025.txt","foi_nrPages":1},{"dc_format":"text/plain","dc_identifier":"nl.mnre1162.2e-i.2025.4.doc.125","dc_title":"Reactie: Annet Visser uit Utrecht op 25 september 2025","dc_type":"reactie","foi_fileName":"reactie_Annet Visser_Utrecht_25 september 2025.txt","foi_nrPages":1},{"dc_format":"text/plain","dc_identifier":"nl.mnre1162.2e-i.2025.4.doc.346","dc_title":"Reactie: Anoniem uit 's Hertogenbosch op 12 september 2025","dc_type":"reactie","foi_fileName":"reactie_Anoniem_'s Hertogenbosch_12 september 2025.txt","foi_nrPages":1},{"dc_format":"text/plain","dc_identifier":"nl.mnre1162.2e-i.2025.4.doc.47","dc_title":"Reactie: Anoniem uit Aalsmeer op 26 september 2025","dc_type":"reactie","foi_fileName":"reactie_Anoniem_Aalsmeer_26 september 2025.txt","foi_nrPages":1},{"dc_format":"text/plain","dc_identifier":"nl.mnre1162.2e-i.2025.4.doc.405","dc_title":"Reactie: Anoniem uit Alkmaar op 10 september 2025","dc_type":"reactie","foi_fileName":"reactie_Anoniem_Alkmaar_10 september 2025.txt","foi_nrPages":1},{"dc_format":"text/plain","dc_identifier":"nl.mnre1162.2e-i.2025.4.doc.36","dc_title":"Reactie: Anoniem uit Almelo op 26 september 2025","dc_type":"reactie","foi_fileName":"reactie_Anoniem_Almelo_26 september 2025.txt","foi_nrPages":1},{"dc_format":"text/plain","dc_identifier":"nl.mnre1162.2e-i.2025.4.doc.356","dc_title":"Reactie: Anoniem uit Almere op 12 september 2025","dc_type":"reactie","foi_fileName":"reactie_Anoniem_Almere_12 september 2025.txt","foi_nrPages":1},{"dc_format":"text/plain","dc_identifier":"nl.mnre1162.2e-i.2025.4.doc.290","dc_title":"Reactie: Anoniem uit Almere op 18 september 2025","dc_type":"reactie","foi_fileName":"reactie_Anoniem_Almere_18 september 2025.txt","foi_nrPages":1},{"dc_format":"text/plain","dc_identifier":"nl.mnre1162.2e-i.2025.4.doc.277","dc_title":"Reactie: Anoniem uit Almere op 19 september 2025","dc_type":"reactie","foi_fileName":"reactie_Anoniem_Almere_19 september 2025.txt","foi_nrPages":1},{"dc_format":"text/plain","dc_identifier":"nl.mnre1162.2e-i.2025.4.doc.486","dc_title":"Reactie: Anoniem uit Almere op 9 september 2025","dc_type":"reactie","foi_fileName":"reactie_Anoniem_Almere_9 september 2025.txt","foi_nrPages":1},{"dc_format":"text/plain","dc_identifier":"nl.mnre1162.2e-i.2025.4.doc.440","dc_title":"Reactie: Anoniem uit Altena op 9 september 2025","dc_type":"reactie","foi_fileName":"reactie_Anoniem_Altena_9 september 2025.txt","foi_nrPages":1},{"dc_format":"text/plain","dc_identifier":"nl.mnre1162.2e-i.2025.4.doc.334","dc_title":"Reactie: Anoniem uit Amersfoort op 13 september 2025","dc_type":"reactie","foi_fileName":"reactie_Anoniem_Amersfoort_13 september 2025.txt","foi_nrPages":1},{"dc_format":"text/plain","dc_identifier":"nl.mnre1162.2e-i.2025.4.doc.403","dc_title":"Reactie: Anoniem uit Amstelveen op 10 september 2025","dc_type":"reactie","foi_fileName":"reactie_Anoniem_Amstelveen_10 september 2025.txt","foi_nrPages":1},{"dc_format":"text/plain","dc_identifier":"nl.mnre1162.2e-i.2025.4.doc.238","dc_title":"Reactie: Anoniem uit Amstelveen op 21 september 2025","dc_type":"reactie","foi_fileName":"reactie_Anoniem_Amstelveen_21 september 2025.txt","foi_nrPages":1},{"dc_format":"text/plain","dc_identifier":"nl.mnre1162.2e-i.2025.4.doc.395","dc_title":"Reactie: Anoniem uit Amsterdam op 10 september 2025","dc_type":"reactie","foi_fileName":"reactie_Anoniem_Amsterdam_10 september 2025.txt","foi_nrPages":1},{"dc_format":"text/plain","dc_identifier":"nl.mnre1162.2e-i.2025.4.doc.412","dc_title":"Reactie: Anoniem uit Amsterdam op 10 september 2025","dc_type":"reactie","foi_fileName":"reactie_Anoniem_Amsterdam_10 september 2025.txt","foi_nrPages":1},{"dc_format":"text/plain","dc_identifier":"nl.mnre1162.2e-i.2025.4.doc.392","dc_title":"Reactie: Anoniem uit Amsterdam op 10 september 2025","dc_type":"reactie","foi_fileName":"reactie_Anoniem_Amsterdam_10 september 2025.txt","foi_nrPages":1},{"dc_format":"text/plain","dc_identifier":"nl.mnre1162.2e-i.2025.4.doc.401","dc_title":"Reactie: Anoniem uit Amsterdam op 10 september 2025","dc_type":"reactie","foi_fileName":"reactie_Anoniem_Amsterdam_10 september 2025.txt","foi_nrPages":1},{"dc_format":"text/plain","dc_identifier":"nl.mnre1162.2e-i.2025.4.doc.389","dc_title":"Reactie: Anoniem uit Amsterdam op 11 september 2025","dc_type":"reactie","foi_fileName":"reactie_Anoniem_Amsterdam_11 september 2025.txt","foi_nrPages":1},{"dc_format":"text/plain","dc_identifier":"nl.mnre1162.2e-i.2025.4.doc.383","dc_title":"Reactie: Anoniem uit Amsterdam op 11 september 2025","dc_type":"reactie","foi_fileName":"reactie_Anoniem_Amsterdam_11 september 2025.txt","foi_nrPages":1},{"dc_format":"text/plain","dc_identifier":"nl.mnre1162.2e-i.2025.4.doc.363","dc_title":"Reactie: Anoniem uit Amsterdam op 11 september 2025","dc_type":"reactie","foi_fileName":"reactie_Anoniem_Amsterdam_11 september 2025.txt","foi_nrPages":1},{"dc_format":"text/plain","dc_identifier":"nl.mnre1162.2e-i.2025.4.doc.377","dc_title":"Reactie: Anoniem uit Amsterdam op 11 september 2025","dc_type":"reactie","foi_fileName":"reactie_Anoniem_Amsterdam_11 september 2025.txt","foi_nrPages":1},{"dc_format":"text/plain","dc_identifier":"nl.mnre1162.2e-i.2025.4.doc.352","dc_title":"Reactie: Anoniem uit Amsterdam op 12 september 2025","dc_type":"reactie","foi_fileName":"reactie_Anoniem_Amsterdam_12 september 2025.txt","foi_nrPages":1},{"dc_format":"text/plain","dc_identifier":"nl.mnre1162.2e-i.2025.4.doc.336","dc_title":"Reactie: Anoniem uit Amsterdam op 12 september 2025","dc_type":"reactie","foi_fileName":"reactie_Anoniem_Amsterdam_12 september 2025.txt","foi_nrPages":1},{"dc_format":"text/plain","dc_identifier":"nl.mnre1162.2e-i.2025.4.doc.358","dc_title":"Reactie: Anoniem uit Amsterdam op 12 september 2025","dc_type":"reactie","foi_fileName":"reactie_Anoniem_Amsterdam_12 september 2025.txt","foi_nrPages":1},{"dc_format":"text/plain","dc_identifier":"nl.mnre1162.2e-i.2025.4.doc.287","dc_title":"Reactie: Anoniem uit Amsterdam op 18 september 2025","dc_type":"reactie","foi_fileName":"reactie_Anoniem_Amsterdam_18 september 2025.txt","foi_nrPages":1},{"dc_format":"text/plain","dc_identifier":"nl.mnre1162.2e-i.2025.4.doc.296","dc_title":"Reactie: Anoniem uit Amsterdam op 18 september 2025","dc_type":"reactie","foi_fileName":"reactie_Anoniem_Amsterdam_18 september 2025.txt","foi_nrPages":1},{"dc_format":"text/plain","dc_identifier":"nl.mnre1162.2e-i.2025.4.doc.269","dc_title":"Reactie: Anoniem uit Amsterdam op 20 september 2025","dc_type":"reactie","foi_fileName":"reactie_Anoniem_Amsterdam_20 september 2025.txt","foi_nrPages":1},{"dc_format":"text/plain","dc_identifier":"nl.mnre1162.2e-i.2025.4.doc.256","dc_title":"Reactie: Anoniem uit Amsterdam op 20 september 2025","dc_type":"reactie","foi_fileName":"reactie_Anoniem_Amsterdam_20 september 2025.txt","foi_nrPages":1},{"dc_format":"text/plain","dc_identifier":"nl.mnre1162.2e-i.2025.4.doc.255","dc_title":"Reactie: Anoniem uit Amsterdam op 21 september 2025","dc_type":"reactie","foi_fileName":"reactie_Anoniem_Amsterdam_21 september 2025.txt","foi_nrPages":1},{"dc_format":"text/plain","dc_identifier":"nl.mnre1162.2e-i.2025.4.doc.231","dc_title":"Reactie: Anoniem uit Amsterdam op 22 september 2025","dc_type":"reactie","foi_fileName":"reactie_Anoniem_Amsterdam_22 september 2025.txt","foi_nrPages":1},{"dc_format":"text/plain","dc_identifier":"nl.mnre1162.2e-i.2025.4.doc.205","dc_title":"Reactie: Anoniem uit Amsterdam op 22 september 2025","dc_type":"reactie","foi_fileName":"reactie_Anoniem_Amsterdam_22 september 2025.txt","foi_nrPages":1},{"dc_format":"text/plain","dc_identifier":"nl.mnre1162.2e-i.2025.4.doc.230","dc_title":"Reactie: Anoniem uit Amsterdam op 22 september 2025","dc_type":"reactie","foi_fileName":"reactie_Anoniem_Amsterdam_22 september 2025.txt","foi_nrPages":1},{"dc_format":"text/plain","dc_identifier":"nl.mnre1162.2e-i.2025.4.doc.216","dc_title":"Reactie: Anoniem uit Amsterdam op 22 september 2025","dc_type":"reactie","foi_fileName":"reactie_Anoniem_Amsterdam_22 september 2025.txt","foi_nrPages":1},{"dc_format":"text/plain","dc_identifier":"nl.mnre1162.2e-i.2025.4.doc.174","dc_title":"Reactie: Anoniem uit Amsterdam op 23 september 2025","dc_type":"reactie","foi_fileName":"reactie_Anoniem_Amsterdam_23 september 2025.txt","foi_nrPages":1},{"dc_format":"text/plain","dc_identifier":"nl.mnre1162.2e-i.2025.4.doc.197","dc_title":"Reactie: Anoniem uit Amsterdam op 23 september 2025","dc_type":"reactie","foi_fileName":"reactie_Anoniem_Amsterdam_23 september 2025.txt","foi_nrPages":1},{"dc_format":"text/plain","dc_identifier":"nl.mnre1162.2e-i.2025.4.doc.145","dc_title":"Reactie: Anoniem uit Amsterdam op 24 september 2025","dc_type":"reactie","foi_fileName":"reactie_Anoniem_Amsterdam_24 september 2025.txt","foi_nrPages":1},{"dc_format":"text/plain","dc_identifier":"nl.mnre1162.2e-i.2025.4.doc.151","dc_title":"Reactie: Anoniem uit Amsterdam op 24 september 2025","dc_type":"reactie","foi_fileName":"reactie_Anoniem_Amsterdam_24 september 2025.txt","foi_nrPages":1},{"dc_format":"text/plain","dc_identifier":"nl.mnre1162.2e-i.2025.4.doc.153","dc_title":"Reactie: Anoniem uit Amsterdam op 24 september 2025","dc_type":"reactie","foi_fileName":"reactie_Anoniem_Amsterdam_24 september 2025.txt","foi_nrPages":1},{"dc_format":"text/plain","dc_identifier":"nl.mnre1162.2e-i.2025.4.doc.154","dc_title":"Reactie: Anoniem uit Amsterdam op 24 september 2025","dc_type":"reactie","foi_fileName":"reactie_Anoniem_Amsterdam_24 september 2025.txt","foi_nrPages":1},{"dc_format":"text/plain","dc_identifier":"nl.mnre1162.2e-i.2025.4.doc.98","dc_title":"Reactie: Anoniem uit Amsterdam op 25 september 2025","dc_type":"reactie","foi_fileName":"reactie_Anoniem_Amsterdam_25 september 2025.txt","foi_nrPages":1},{"dc_format":"text/plain","dc_identifier":"nl.mnre1162.2e-i.2025.4.doc.126","dc_title":"Reactie: Anoniem uit Amsterdam op 25 september 2025","dc_type":"reactie","foi_fileName":"reactie_Anoniem_Amsterdam_25 september 2025.txt","foi_nrPages":1},{"dc_format":"text/plain","dc_identifier":"nl.mnre1162.2e-i.2025.4.doc.121","dc_title":"Reactie: Anoniem uit Amsterdam op 25 september 2025","dc_type":"reactie","foi_fileName":"reactie_Anoniem_Amsterdam_25 september 2025.txt","foi_nrPages":1},{"dc_format":"text/plain","dc_identifier":"nl.mnre1162.2e-i.2025.4.doc.115","dc_title":"Reactie: Anoniem uit Amsterdam op 25 september 2025","dc_type":"reactie","foi_fileName":"reactie_Anoniem_Amsterdam_25 september 2025.txt","foi_nrPages":1},{"dc_format":"text/plain","dc_identifier":"nl.mnre1162.2e-i.2025.4.doc.93","dc_title":"Reactie: Anoniem uit Amsterdam op 25 september 2025","dc_type":"reactie","foi_fileName":"reactie_Anoniem_Amsterdam_25 september 2025.txt","foi_nrPages":1},{"dc_format":"text/plain","dc_identifier":"nl.mnre1162.2e-i.2025.4.doc.40","dc_title":"Reactie: Anoniem uit Amsterdam op 26 september 2025","dc_type":"reactie","foi_fileName":"reactie_Anoniem_Amsterdam_26 september 2025.txt","foi_nrPages":1},{"dc_format":"text/plain","dc_identifier":"nl.mnre1162.2e-i.2025.4.doc.550","dc_title":"Reactie: Anoniem uit Amsterdam op 8 september 2025","dc_type":"reactie","foi_fileName":"reactie_Anoniem_Amsterdam_8 september 2025.txt","foi_nrPages":1},{"dc_format":"text/plain","dc_identifier":"nl.mnre1162.2e-i.2025.4.doc.494","dc_title":"Reactie: Anoniem uit Amsterdam op 9 september 2025","dc_type":"reactie","foi_fileName":"reactie_Anoniem_Amsterdam_9 september 2025.txt","foi_nrPages":1},{"dc_format":"text/plain","dc_identifier":"nl.mnre1162.2e-i.2025.4.doc.469","dc_title":"Reactie: Anoniem uit Amsterdam op 9 september 2025","dc_type":"reactie","foi_fileName":"reactie_Anoniem_Amsterdam_9 september 2025.txt","foi_nrPages":1},{"dc_format":"text/plain","dc_identifier":"nl.mnre1162.2e-i.2025.4.doc.461","dc_title":"Reactie: Anoniem uit Amsterdam op 9 september 2025","dc_type":"reactie","foi_fileName":"reactie_Anoniem_Amsterdam_9 september 2025.txt","foi_nrPages":1},{"dc_format":"text/plain","dc_identifier":"nl.mnre1162.2e-i.2025.4.doc.472","dc_title":"Reactie: Anoniem uit Amsterdam op 9 september 2025","dc_type":"reactie","foi_fileName":"reactie_Anoniem_Amsterdam_9 september 2025.txt","foi_nrPages":1},{"dc_format":"text/plain","dc_identifier":"nl.mnre1162.2e-i.2025.4.doc.435","dc_title":"Reactie: Anoniem uit Apeldoorn op 10 september 2025","dc_type":"reactie","foi_fileName":"reactie_Anoniem_Apeldoorn_10 september 2025.txt","foi_nrPages":1},{"dc_format":"text/plain","dc_identifier":"nl.mnre1162.2e-i.2025.4.doc.80","dc_title":"Reactie: Anoniem uit Apeldoorn op 25 september 2025","dc_type":"reactie","foi_fileName":"reactie_Anoniem_Apeldoorn_25 september 2025.txt","foi_nrPages":1},{"dc_format":"text/plain","dc_identifier":"nl.mnre1162.2e-i.2025.4.doc.294","dc_title":"Reactie: Anoniem uit Arnhem op 18 september 2025","dc_type":"reactie","foi_fileName":"reactie_Anoniem_Arnhem_18 september 2025.txt","foi_nrPages":1},{"dc_format":"text/plain","dc_identifier":"nl.mnre1162.2e-i.2025.4.doc.273","dc_title":"Reactie: Anoniem uit Arnhem op 20 september 2025","dc_type":"reactie","foi_fileName":"reactie_Anoniem_Arnhem_20 september 2025.txt","foi_nrPages":1},{"dc_format":"text/plain","dc_identifier":"nl.mnre1162.2e-i.2025.4.doc.85","dc_title":"Reactie: Anoniem uit Arnhem op 25 september 2025","dc_type":"reactie","foi_fileName":"reactie_Anoniem_Arnhem_25 september 2025.txt","foi_nrPages":1},{"dc_format":"text/plain","dc_identifier":"nl.mnre1162.2e-i.2025.4.doc.562","dc_title":"Reactie: Anoniem uit Arnhem op 8 september 2025","dc_type":"reactie","foi_fileName":"reactie_Anoniem_Arnhem_8 september 2025.txt","foi_nrPages":1},{"dc_format":"text/plain","dc_identifier":"nl.mnre1162.2e-i.2025.4.doc.460","dc_title":"Reactie: Anoniem uit Arnhem op 9 september 2025","dc_type":"reactie","foi_fileName":"reactie_Anoniem_Arnhem_9 september 2025.txt","foi_nrPages":1},{"dc_format":"text/plain","dc_identifier":"nl.mnre1162.2e-i.2025.4.doc.195","dc_title":"Reactie: Anoniem uit Assen op 23 september 2025","dc_type":"reactie","foi_fileName":"reactie_Anoniem_Assen_23 september 2025.txt","foi_nrPages":1},{"dc_format":"text/plain","dc_identifier":"nl.mnre1162.2e-i.2025.4.doc.41","dc_title":"Reactie: Anoniem uit Assen op 26 september 2025","dc_type":"reactie","foi_fileName":"reactie_Anoniem_Assen_26 september 2025.txt","foi_nrPages":1},{"dc_format":"text/plain","dc_identifier":"nl.mnre1162.2e-i.2025.4.doc.510","dc_title":"Reactie: Anoniem uit Assen op 9 september 2025","dc_type":"reactie","foi_fileName":"reactie_Anoniem_Assen_9 september 2025.txt","foi_nrPages":1},{"dc_format":"text/plain","dc_identifier":"nl.mnre1162.2e-i.2025.4.doc.167","dc_title":"Reactie: Anoniem uit Baambrugge op 24 september 2025","dc_type":"reactie","foi_fileName":"reactie_Anoniem_Baambrugge_24 september 2025.txt","foi_nrPages":1},{"dc_format":"text/plain","dc_identifier":"nl.mnre1162.2e-i.2025.4.doc.33","dc_title":"Reactie: Anoniem uit Baarn op 26 september 2025","dc_type":"reactie","foi_fileName":"reactie_Anoniem_Baarn_26 september 2025.txt","foi_nrPages":1},{"dc_format":"text/plain","dc_identifier":"nl.mnre1162.2e-i.2025.4.doc.307","dc_title":"Reactie: Anoniem uit Bennekom op 16 september 2025","dc_type":"reactie","foi_fileName":"reactie_Anoniem_Bennekom_16 september 2025.txt","foi_nrPages":1},{"dc_format":"text/plain","dc_identifier":"nl.mnre1162.2e-i.2025.4.doc.259","dc_title":"Reactie: Anoniem uit BENNEKOM op 20 september 2025","dc_type":"reactie","foi_fileName":"reactie_Anoniem_BENNEKOM_20 september 2025.txt","foi_nrPages":1},{"dc_format":"text/plain","dc_identifier":"nl.mnre1162.2e-i.2025.4.doc.163","dc_title":"Reactie: Anoniem uit Bergen op Zoom op 24 september 2025","dc_type":"reactie","foi_fileName":"reactie_Anoniem_Bergen op Zoom_24 september 2025.txt","foi_nrPages":1},{"dc_format":"text/plain","dc_identifier":"nl.mnre1162.2e-i.2025.4.doc.480","dc_title":"Reactie: Anoniem uit Best op 9 september 2025","dc_type":"reactie","foi_fileName":"reactie_Anoniem_Best_9 september 2025.txt","foi_nrPages":1},{"dc_format":"text/plain","dc_identifier":"nl.mnre1162.2e-i.2025.4.doc.299","dc_title":"Reactie: Anoniem uit Bitgummole op 18 september 2025","dc_type":"reactie","foi_fileName":"reactie_Anoniem_Bitgummole_18 september 2025.txt","foi_nrPages":1},{"dc_format":"text/plain","dc_identifier":"nl.mnre1162.2e-i.2025.4.doc.265","dc_title":"Reactie: Anoniem uit Bolsward op 20 september 2025","dc_type":"reactie","foi_fileName":"reactie_Anoniem_Bolsward_20 september 2025.txt","foi_nrPages":1},{"dc_format":"text/plain","dc_identifier":"nl.mnre1162.2e-i.2025.4.doc.342","dc_title":"Reactie: Anoniem uit Borculo op 12 september 2025","dc_type":"reactie","foi_fileName":"reactie_Anoniem_Borculo_12 september 2025.txt","foi_nrPages":1},{"dc_format":"text/plain","dc_identifier":"nl.mnre1162.2e-i.2025.4.doc.504","dc_title":"Reactie: Anoniem uit Breda op 9 september 2025","dc_type":"reactie","foi_fileName":"reactie_Anoniem_Breda_9 september 2025.txt","foi_nrPages":1},{"dc_format":"text/plain","dc_identifier":"nl.mnre1162.2e-i.2025.4.doc.365","dc_title":"Reactie: Anoniem uit Bunschoten op 11 september 2025","dc_type":"reactie","foi_fileName":"reactie_Anoniem_Bunschoten_11 september 2025.txt","foi_nrPages":1},{"dc_format":"text/plain","dc_identifier":"nl.mnre1162.2e-i.2025.4.doc.421","dc_title":"Reactie: Anoniem uit Bunschoten-Spakenburg op 10 september 2025","dc_type":"reactie","foi_fileName":"reactie_Anoniem_Bunschoten-Spakenburg_10 september 2025.txt","foi_nrPages":1},{"dc_format":"text/plain","dc_identifier":"nl.mnre1162.2e-i.2025.4.doc.99","dc_title":"Reactie: Anoniem uit Burgum op 25 september 2025","dc_type":"reactie","foi_fileName":"reactie_Anoniem_Burgum_25 september 2025.txt","foi_nrPages":1},{"dc_format":"text/plain","dc_identifier":"nl.mnre1162.2e-i.2025.4.doc.387","dc_title":"Reactie: Anoniem uit Capelle aan den IJssel op 11 september 2025","dc_type":"reactie","foi_fileName":"reactie_Anoniem_Capelle aan den IJssel_11 september 2025.txt","foi_nrPages":1},{"dc_format":"text/plain","dc_identifier":"nl.mnre1162.2e-i.2025.4.doc.242","dc_title":"Reactie: Anoniem uit Culemborg op 21 september 2025","dc_type":"reactie","foi_fileName":"reactie_Anoniem_Culemborg_21 september 2025.txt","foi_nrPages":1},{"dc_format":"text/plain","dc_identifier":"nl.mnre1162.2e-i.2025.4.doc.474","dc_title":"Reactie: Anoniem uit De Bilt op 9 september 2025","dc_type":"reactie","foi_fileName":"reactie_Anoniem_De Bilt_9 september 2025.txt","foi_nrPages":1},{"dc_format":"text/plain","dc_identifier":"nl.mnre1162.2e-i.2025.4.doc.207","dc_title":"Reactie: Anoniem uit Dedemsvaart op 22 september 2025","dc_type":"reactie","foi_fileName":"reactie_Anoniem_Dedemsvaart_22 september 2025.txt","foi_nrPages":1},{"dc_format":"text/plain","dc_identifier":"nl.mnre1162.2e-i.2025.4.doc.169","dc_title":"Reactie: Anoniem uit Dedemsvaart op 24 september 2025","dc_type":"reactie","foi_fileName":"reactie_Anoniem_Dedemsvaart_24 september 2025.txt","foi_nrPages":1},{"dc_format":"text/plain","dc_identifier":"nl.mnre1162.2e-i.2025.4.doc.447","dc_title":"Reactie: Anoniem uit Delft op 9 september 2025","dc_type":"reactie","foi_fileName":"reactie_Anoniem_Delft_9 september 2025.txt","foi_nrPages":1},{"dc_format":"text/plain","dc_identifier":"nl.mnre1162.2e-i.2025.4.doc.429","dc_title":"Reactie: Anoniem uit Den Boch op 10 september 2025","dc_type":"reactie","foi_fileName":"reactie_Anoniem_Den Boch_10 september 2025.txt","foi_nrPages":1},{"dc_format":"text/plain","dc_identifier":"nl.mnre1162.2e-i.2025.4.doc.431","dc_title":"Reactie: Anoniem uit Den Haag op 10 september 2025","dc_type":"reactie","foi_fileName":"reactie_Anoniem_Den Haag_10 september 2025.txt","foi_nrPages":1},{"dc_format":"text/plain","dc_identifier":"nl.mnre1162.2e-i.2025.4.doc.348","dc_title":"Reactie: Anoniem uit Den Haag op 12 september 2025","dc_type":"reactie","foi_fileName":"reactie_Anoniem_Den Haag_12 september 2025.txt","foi_nrPages":1},{"dc_format":"text/plain","dc_identifier":"nl.mnre1162.2e-i.2025.4.doc.291","dc_title":"Reactie: Anoniem uit Den Haag op 18 september 2025","dc_type":"reactie","foi_fileName":"reactie_Anoniem_Den Haag_18 september 2025.txt","foi_nrPages":1},{"dc_format":"text/plain","dc_identifier":"nl.mnre1162.2e-i.2025.4.doc.198","dc_title":"Reactie: Anoniem uit Den Haag op 23 september 2025","dc_type":"reactie","foi_fileName":"reactie_Anoniem_Den Haag_23 september 2025.txt","foi_nrPages":1},{"dc_format":"text/plain","dc_identifier":"nl.mnre1162.2e-i.2025.4.doc.182","dc_title":"Reactie: Anoniem uit Den Haag op 23 september 2025","dc_type":"reactie","foi_fileName":"reactie_Anoniem_Den Haag_23 september 2025.txt","foi_nrPages":1},{"dc_format":"text/plain","dc_identifier":"nl.mnre1162.2e-i.2025.4.doc.171","dc_title":"Reactie: Anoniem uit den haag op 23 september 2025","dc_type":"reactie","foi_fileName":"reactie_Anoniem_den haag_23 september 2025.txt","foi_nrPages":1},{"dc_format":"text/plain","dc_identifier":"nl.mnre1162.2e-i.2025.4.doc.32","dc_title":"Reactie: Anoniem uit Den Haag op 26 september 2025","dc_type":"reactie","foi_fileName":"reactie_Anoniem_Den Haag_26 september 2025.txt","foi_nrPages":1},{"dc_format":"text/plain","dc_identifier":"nl.mnre1162.2e-i.2025.4.doc.555","dc_title":"Reactie: Anoniem uit Den Haag op 8 september 2025","dc_type":"reactie","foi_fileName":"reactie_Anoniem_Den Haag_8 september 2025.txt","foi_nrPages":1},{"dc_format":"text/plain","dc_identifier":"nl.mnre1162.2e-i.2025.4.doc.547","dc_title":"Reactie: Anoniem uit Den Haag op 8 september 2025","dc_type":"reactie","foi_fileName":"reactie_Anoniem_Den Haag_8 september 2025.txt","foi_nrPages":1},{"dc_format":"text/plain","dc_identifier":"nl.mnre1162.2e-i.2025.4.doc.503","dc_title":"Reactie: Anoniem uit Den Haag op 9 september 2025","dc_type":"reactie","foi_fileName":"reactie_Anoniem_Den Haag_9 september 2025.txt","foi_nrPages":1},{"dc_format":"text/plain","dc_identifier":"nl.mnre1162.2e-i.2025.4.doc.511","dc_title":"Reactie: Anoniem uit Den Haag op 9 september 2025","dc_type":"reactie","foi_fileName":"reactie_Anoniem_Den Haag_9 september 2025.txt","foi_nrPages":1},{"dc_format":"text/plain","dc_identifier":"nl.mnre1162.2e-i.2025.4.doc.137","dc_title":"Reactie: Anoniem uit Deventer op 24 september 2025","dc_type":"reactie","foi_fileName":"reactie_Anoniem_Deventer_24 september 2025.txt","foi_nrPages":1},{"dc_format":"text/plain","dc_identifier":"nl.mnre1162.2e-i.2025.4.doc.451","dc_title":"Reactie: Anoniem uit Deventer op 9 september 2025","dc_type":"reactie","foi_fileName":"reactie_Anoniem_Deventer_9 september 2025.txt","foi_nrPages":1},{"dc_format":"text/plain","dc_identifier":"nl.mnre1162.2e-i.2025.4.doc.413","dc_title":"Reactie: Anoniem uit Diemen op 10 september 2025","dc_type":"reactie","foi_fileName":"reactie_Anoniem_Diemen_10 september 2025.txt","foi_nrPages":1},{"dc_format":"text/plain","dc_identifier":"nl.mnre1162.2e-i.2025.4.doc.448","dc_title":"Reactie: Anoniem uit Dieren op 9 september 2025","dc_type":"reactie","foi_fileName":"reactie_Anoniem_Dieren_9 september 2025.txt","foi_nrPages":1},{"dc_format":"text/plain","dc_identifier":"nl.mnre1162.2e-i.2025.4.doc.156","dc_title":"Reactie: Anoniem uit Doorwerth op 24 september 2025","dc_type":"reactie","foi_fileName":"reactie_Anoniem_Doorwerth_24 september 2025.txt","foi_nrPages":1},{"dc_format":"text/plain","dc_identifier":"nl.mnre1162.2e-i.2025.4.doc.322","dc_title":"Reactie: Anoniem uit Dordrecht op 14 september 2025","dc_type":"reactie","foi_fileName":"reactie_Anoniem_Dordrecht_14 september 2025.txt","foi_nrPages":1},{"dc_format":"text/plain","dc_identifier":"nl.mnre1162.2e-i.2025.4.doc.235","dc_title":"Reactie: Anoniem uit Driebergen op 22 september 2025","dc_type":"reactie","foi_fileName":"reactie_Anoniem_Driebergen_22 september 2025.txt","foi_nrPages":1},{"dc_format":"text/plain","dc_identifier":"nl.mnre1162.2e-i.2025.4.doc.406","dc_title":"Reactie: Anoniem uit Driebergen-Rijsenburg op 10 september 2025","dc_type":"reactie","foi_fileName":"reactie_Anoniem_Driebergen-Rijsenburg_10 september 2025.txt","foi_nrPages":1},{"dc_format":"text/plain","dc_identifier":"nl.mnre1162.2e-i.2025.4.doc.300","dc_title":"Reactie: Anoniem uit Dronten op 18 september 2025","dc_type":"reactie","foi_fileName":"reactie_Anoniem_Dronten_18 september 2025.txt","foi_nrPages":1},{"dc_format":"text/plain","dc_identifier":"nl.mnre1162.2e-i.2025.4.doc.161","dc_title":"Reactie: Anoniem uit Dronten op 24 september 2025","dc_type":"reactie","foi_fileName":"reactie_Anoniem_Dronten_24 september 2025.txt","foi_nrPages":1},{"dc_format":"text/plain","dc_identifier":"nl.mnre1162.2e-i.2025.4.doc.292","dc_title":"Reactie: Anoniem uit Eelde op 18 september 2025","dc_type":"reactie","foi_fileName":"reactie_Anoniem_Eelde_18 september 2025.txt","foi_nrPages":1},{"dc_format":"text/plain","dc_identifier":"nl.mnre1162.2e-i.2025.4.doc.374","dc_title":"Reactie: Anoniem uit Eemsdelta op 11 september 2025","dc_type":"reactie","foi_fileName":"reactie_Anoniem_Eemsdelta_11 september 2025.txt","foi_nrPages":1},{"dc_format":"text/plain","dc_identifier":"nl.mnre1162.2e-i.2025.4.doc.361","dc_title":"Reactie: Anoniem uit Eindhoven op 12 september 2025","dc_type":"reactie","foi_fileName":"reactie_Anoniem_Eindhoven_12 september 2025.txt","foi_nrPages":1},{"dc_format":"text/plain","dc_identifier":"nl.mnre1162.2e-i.2025.4.doc.173","dc_title":"Reactie: Anoniem uit Eindhoven op 23 september 2025","dc_type":"reactie","foi_fileName":"reactie_Anoniem_Eindhoven_23 september 2025.txt","foi_nrPages":1},{"dc_format":"text/plain","dc_identifier":"nl.mnre1162.2e-i.2025.4.doc.193","dc_title":"Reactie: Anoniem uit Eindhoven op 23 september 2025","dc_type":"reactie","foi_fileName":"reactie_Anoniem_Eindhoven_23 september 2025.txt","foi_nrPages":1},{"dc_format":"text/plain","dc_identifier":"nl.mnre1162.2e-i.2025.4.doc.141","dc_title":"Reactie: Anoniem uit Eindhoven op 24 september 2025","dc_type":"reactie","foi_fileName":"reactie_Anoniem_Eindhoven_24 september 2025.txt","foi_nrPages":1},{"dc_format":"text/plain","dc_identifier":"nl.mnre1162.2e-i.2025.4.doc.111","dc_title":"Reactie: Anoniem uit Eindhoven op 25 september 2025","dc_type":"reactie","foi_fileName":"reactie_Anoniem_Eindhoven_25 september 2025.txt","foi_nrPages":1},{"dc_format":"text/plain","dc_identifier":"nl.mnre1162.2e-i.2025.4.doc.18","dc_title":"Reactie: Anoniem uit Ekehaar op 26 september 2025","dc_type":"reactie","foi_fileName":"reactie_Anoniem_Ekehaar_26 september 2025.txt","foi_nrPages":1},{"dc_format":"text/plain","dc_identifier":"nl.mnre1162.2e-i.2025.4.doc.491","dc_title":"Reactie: Anoniem uit Elahuizen op 9 september 2025","dc_type":"reactie","foi_fileName":"reactie_Anoniem_Elahuizen_9 september 2025.txt","foi_nrPages":1},{"dc_format":"text/plain","dc_identifier":"nl.mnre1162.2e-i.2025.4.doc.534","dc_title":"Reactie: Anoniem uit Emmen op 9 september 2025","dc_type":"reactie","foi_fileName":"reactie_Anoniem_Emmen_9 september 2025.txt","foi_nrPages":1},{"dc_format":"text/plain","dc_identifier":"nl.mnre1162.2e-i.2025.4.doc.372","dc_title":"Reactie: Anoniem uit Emmer-Compascuum op 11 september 2025","dc_type":"reactie","foi_fileName":"reactie_Anoniem_Emmer-Compascuum_11 september 2025.txt","foi_nrPages":1},{"dc_format":"text/plain","dc_identifier":"nl.mnre1162.2e-i.2025.4.doc.554","dc_title":"Reactie: Anoniem uit Enschede op 8 september 2025","dc_type":"reactie","foi_fileName":"reactie_Anoniem_Enschede_8 september 2025.txt","foi_nrPages":1},{"dc_format":"text/plain","dc_identifier":"nl.mnre1162.2e-i.2025.4.doc.541","dc_title":"Reactie: Anoniem uit Enschede op 9 september 2025","dc_type":"reactie","foi_fileName":"reactie_Anoniem_Enschede_9 september 2025.txt","foi_nrPages":1},{"dc_format":"text/plain","dc_identifier":"nl.mnre1162.2e-i.2025.4.doc.449","dc_title":"Reactie: Anoniem uit Epse op 9 september 2025","dc_type":"reactie","foi_fileName":"reactie_Anoniem_Epse_9 september 2025.txt","foi_nrPages":1},{"dc_format":"text/plain","dc_identifier":"nl.mnre1162.2e-i.2025.4.doc.502","dc_title":"Reactie: Anoniem uit Epse op 9 september 2025","dc_type":"reactie","foi_fileName":"reactie_Anoniem_Epse_9 september 2025.txt","foi_nrPages":1},{"dc_format":"text/plain","dc_identifier":"nl.mnre1162.2e-i.2025.4.doc.201","dc_title":"Reactie: Anoniem uit Ermelo op 22 september 2025","dc_type":"reactie","foi_fileName":"reactie_Anoniem_Ermelo_22 september 2025.txt","foi_nrPages":1},{"dc_format":"text/plain","dc_identifier":"nl.mnre1162.2e-i.2025.4.doc.250","dc_title":"Reactie: Anoniem uit ETTEN-LEUR op 21 september 2025","dc_type":"reactie","foi_fileName":"reactie_Anoniem_ETTEN-LEUR_21 september 2025.txt","foi_nrPages":1},{"dc_format":"text/plain","dc_identifier":"nl.mnre1162.2e-i.2025.4.doc.209","dc_title":"Reactie: Anoniem uit Etten-Leur op 22 september 2025","dc_type":"reactie","foi_fileName":"reactie_Anoniem_Etten-Leur_22 september 2025.txt","foi_nrPages":1},{"dc_format":"text/plain","dc_identifier":"nl.mnre1162.2e-i.2025.4.doc.284","dc_title":"Reactie: Anoniem uit Gemonde op 19 september 2025","dc_type":"reactie","foi_fileName":"reactie_Anoniem_Gemonde_19 september 2025.txt","foi_nrPages":1},{"dc_format":"text/plain","dc_identifier":"nl.mnre1162.2e-i.2025.4.doc.493","dc_title":"Reactie: Anoniem uit Gouda op 9 september 2025","dc_type":"reactie","foi_fileName":"reactie_Anoniem_Gouda_9 september 2025.txt","foi_nrPages":1},{"dc_format":"text/plain","dc_identifier":"nl.mnre1162.2e-i.2025.4.doc.380","dc_title":"Reactie: Anoniem uit Groningen op 11 september 2025","dc_type":"reactie","foi_fileName":"reactie_Anoniem_Groningen_11 september 2025.txt","foi_nrPages":1},{"dc_format":"text/plain","dc_identifier":"nl.mnre1162.2e-i.2025.4.doc.283","dc_title":"Reactie: Anoniem uit Groningen op 19 september 2025","dc_type":"reactie","foi_fileName":"reactie_Anoniem_Groningen_19 september 2025.txt","foi_nrPages":1},{"dc_format":"text/plain","dc_identifier":"nl.mnre1162.2e-i.2025.4.doc.254","dc_title":"Reactie: Anoniem uit Groningen op 21 september 2025","dc_type":"reactie","foi_fileName":"reactie_Anoniem_Groningen_21 september 2025.txt","foi_nrPages":1},{"dc_format":"text/plain","dc_identifier":"nl.mnre1162.2e-i.2025.4.doc.215","dc_title":"Reactie: Anoniem uit Groningen op 22 september 2025","dc_type":"reactie","foi_fileName":"reactie_Anoniem_Groningen_22 september 2025.txt","foi_nrPages":1},{"dc_format":"text/plain","dc_identifier":"nl.mnre1162.2e-i.2025.4.doc.175","dc_title":"Reactie: Anoniem uit Groningen op 23 september 2025","dc_type":"reactie","foi_fileName":"reactie_Anoniem_Groningen_23 september 2025.txt","foi_nrPages":1},{"dc_format":"text/plain","dc_identifier":"nl.mnre1162.2e-i.2025.4.doc.177","dc_title":"Reactie: Anoniem uit Groningen op 23 september 2025","dc_type":"reactie","foi_fileName":"reactie_Anoniem_Groningen_23 september 2025.txt","foi_nrPages":1},{"dc_format":"text/plain","dc_identifier":"nl.mnre1162.2e-i.2025.4.doc.69","dc_title":"Reactie: Anoniem uit Groningen op 25 september 2025","dc_type":"reactie","foi_fileName":"reactie_Anoniem_Groningen_25 september 2025.txt","foi_nrPages":1},{"dc_format":"text/plain","dc_identifier":"nl.mnre1162.2e-i.2025.4.doc.107","dc_title":"Reactie: Anoniem uit Groningen op 25 september 2025","dc_type":"reactie","foi_fileName":"reactie_Anoniem_Groningen_25 september 2025.txt","foi_nrPages":1},{"dc_format":"text/plain","dc_identifier":"nl.mnre1162.2e-i.2025.4.doc.515","dc_title":"Reactie: Anoniem uit Groningen op 9 september 2025","dc_type":"reactie","foi_fileName":"reactie_Anoniem_Groningen_9 september 2025.txt","foi_nrPages":1},{"dc_format":"text/plain","dc_identifier":"nl.mnre1162.2e-i.2025.4.doc.507","dc_title":"Reactie: Anoniem uit Groningen op 9 september 2025","dc_type":"reactie","foi_fileName":"reactie_Anoniem_Groningen_9 september 2025.txt","foi_nrPages":1},{"dc_format":"text/plain","dc_identifier":"nl.mnre1162.2e-i.2025.4.doc.397","dc_title":"Reactie: Anoniem uit Haarlem op 10 september 2025","dc_type":"reactie","foi_fileName":"reactie_Anoniem_Haarlem_10 september 2025.txt","foi_nrPages":1},{"dc_format":"text/plain","dc_identifier":"nl.mnre1162.2e-i.2025.4.doc.330","dc_title":"Reactie: Anoniem uit Haarlemmermeer op 13 september 2025","dc_type":"reactie","foi_fileName":"reactie_Anoniem_Haarlemmermeer_13 september 2025.txt","foi_nrPages":1},{"dc_format":"text/plain","dc_identifier":"nl.mnre1162.2e-i.2025.4.doc.543","dc_title":"Reactie: Anoniem uit Heerhugowaard op 9 september 2025","dc_type":"reactie","foi_fileName":"reactie_Anoniem_Heerhugowaard_9 september 2025.txt","foi_nrPages":1},{"dc_format":"text/plain","dc_identifier":"nl.mnre1162.2e-i.2025.4.doc.519","dc_title":"Reactie: Anoniem uit Heerhugowaard op 9 september 2025","dc_type":"reactie","foi_fileName":"reactie_Anoniem_Heerhugowaard_9 september 2025.txt","foi_nrPages":1},{"dc_format":"text/plain","dc_identifier":"nl.mnre1162.2e-i.2025.4.doc.561","dc_title":"Reactie: Anoniem uit Heerlen op 8 september 2025","dc_type":"reactie","foi_fileName":"reactie_Anoniem_Heerlen_8 september 2025.txt","foi_nrPages":1},{"dc_format":"text/plain","dc_identifier":"nl.mnre1162.2e-i.2025.4.doc.506","dc_title":"Reactie: Anoniem uit Helmond op 9 september 2025","dc_type":"reactie","foi_fileName":"reactie_Anoniem_Helmond_9 september 2025.txt","foi_nrPages":1},{"dc_format":"text/plain","dc_identifier":"nl.mnre1162.2e-i.2025.4.doc.464","dc_title":"Reactie: Anoniem uit Hengelo Ov op 9 september 2025","dc_type":"reactie","foi_fileName":"reactie_Anoniem_Hengelo Ov_9 september 2025.txt","foi_nrPages":1},{"dc_format":"text/plain","dc_identifier":"nl.mnre1162.2e-i.2025.4.doc.436","dc_title":"Reactie: Anoniem uit Hengelo op 10 september 2025","dc_type":"reactie","foi_fileName":"reactie_Anoniem_Hengelo_10 september 2025.txt","foi_nrPages":1},{"dc_format":"text/plain","dc_identifier":"nl.mnre1162.2e-i.2025.4.doc.332","dc_title":"Reactie: Anoniem uit Hilversum op 13 september 2025","dc_type":"reactie","foi_fileName":"reactie_Anoniem_Hilversum_13 september 2025.txt","foi_nrPages":1},{"dc_format":"text/plain","dc_identifier":"nl.mnre1162.2e-i.2025.4.doc.226","dc_title":"Reactie: Anoniem uit Hilversum op 22 september 2025","dc_type":"reactie","foi_fileName":"reactie_Anoniem_Hilversum_22 september 2025.txt","foi_nrPages":1},{"dc_format":"text/plain","dc_identifier":"nl.mnre1162.2e-i.2025.4.doc.523","dc_title":"Reactie: Anoniem uit Hoogvliet op 9 september 2025","dc_type":"reactie","foi_fileName":"reactie_Anoniem_Hoogvliet_9 september 2025.txt","foi_nrPages":1},{"dc_format":"text/plain","dc_identifier":"nl.mnre1162.2e-i.2025.4.doc.187","dc_title":"Reactie: Anoniem uit Houten op 23 september 2025","dc_type":"reactie","foi_fileName":"reactie_Anoniem_Houten_23 september 2025.txt","foi_nrPages":1},{"dc_format":"text/plain","dc_identifier":"nl.mnre1162.2e-i.2025.4.doc.190","dc_title":"Reactie: Anoniem uit Houten op 23 september 2025","dc_type":"reactie","foi_fileName":"reactie_Anoniem_Houten_23 september 2025.txt","foi_nrPages":1},{"dc_format":"text/plain","dc_identifier":"nl.mnre1162.2e-i.2025.4.doc.527","dc_title":"Reactie: Anoniem uit Hurdegaryp op 9 september 2025","dc_type":"reactie","foi_fileName":"reactie_Anoniem_Hurdegaryp_9 september 2025.txt","foi_nrPages":1},{"dc_format":"text/plain","dc_identifier":"nl.mnre1162.2e-i.2025.4.doc.208","dc_title":"Reactie: Anoniem uit Joure op 22 september 2025","dc_type":"reactie","foi_fileName":"reactie_Anoniem_Joure_22 september 2025.txt","foi_nrPages":1},{"dc_format":"text/plain","dc_identifier":"nl.mnre1162.2e-i.2025.4.doc.194","dc_title":"Reactie: Anoniem uit Kampen op 23 september 2025","dc_type":"reactie","foi_fileName":"reactie_Anoniem_Kampen_23 september 2025.txt","foi_nrPages":1},{"dc_format":"text/plain","dc_identifier":"nl.mnre1162.2e-i.2025.4.doc.545","dc_title":"Reactie: Anoniem uit Kampen op 8 september 2025","dc_type":"reactie","foi_fileName":"reactie_Anoniem_Kampen_8 september 2025.txt","foi_nrPages":1},{"dc_format":"text/plain","dc_identifier":"nl.mnre1162.2e-i.2025.4.doc.318","dc_title":"Reactie: Anoniem uit Koedijk op 15 september 2025","dc_type":"reactie","foi_fileName":"reactie_Anoniem_Koedijk_15 september 2025.txt","foi_nrPages":1},{"dc_format":"text/plain","dc_identifier":"nl.mnre1162.2e-i.2025.4.doc.196","dc_title":"Reactie: Anoniem uit Leeuwarden op 23 september 2025","dc_type":"reactie","foi_fileName":"reactie_Anoniem_Leeuwarden_23 september 2025.txt","foi_nrPages":1},{"dc_format":"text/plain","dc_identifier":"nl.mnre1162.2e-i.2025.4.doc.189","dc_title":"Reactie: Anoniem uit Leeuwarden op 23 september 2025","dc_type":"reactie","foi_fileName":"reactie_Anoniem_Leeuwarden_23 september 2025.txt","foi_nrPages":1},{"dc_format":"text/plain","dc_identifier":"nl.mnre1162.2e-i.2025.4.doc.192","dc_title":"Reactie: Anoniem uit Leeuwarden op 23 september 2025","dc_type":"reactie","foi_fileName":"reactie_Anoniem_Leeuwarden_23 september 2025.txt","foi_nrPages":1},{"dc_format":"text/plain","dc_identifier":"nl.mnre1162.2e-i.2025.4.doc.371","dc_title":"Reactie: Anoniem uit Leiden op 11 september 2025","dc_type":"reactie","foi_fileName":"reactie_Anoniem_Leiden_11 september 2025.txt","foi_nrPages":1},{"dc_format":"text/plain","dc_identifier":"nl.mnre1162.2e-i.2025.4.doc.146","dc_title":"Reactie: Anoniem uit Leiden op 24 september 2025","dc_type":"reactie","foi_fileName":"reactie_Anoniem_Leiden_24 september 2025.txt","foi_nrPages":1},{"dc_format":"text/plain","dc_identifier":"nl.mnre1162.2e-i.2025.4.doc.526","dc_title":"Reactie: Anoniem uit Leiden op 9 september 2025","dc_type":"reactie","foi_fileName":"reactie_Anoniem_Leiden_9 september 2025.txt","foi_nrPages":1},{"dc_format":"text/plain","dc_identifier":"nl.mnre1162.2e-i.2025.4.doc.483","dc_title":"Reactie: Anoniem uit Leiden op 9 september 2025","dc_type":"reactie","foi_fileName":"reactie_Anoniem_Leiden_9 september 2025.txt","foi_nrPages":1},{"dc_format":"text/plain","dc_identifier":"nl.mnre1162.2e-i.2025.4.doc.558","dc_title":"Reactie: Anoniem uit Lelystad op 8 september 2025","dc_type":"reactie","foi_fileName":"reactie_Anoniem_Lelystad_8 september 2025.txt","foi_nrPages":1},{"dc_format":"text/plain","dc_identifier":"nl.mnre1162.2e-i.2025.4.doc.509","dc_title":"Reactie: Anoniem uit Lelystad op 9 september 2025","dc_type":"reactie","foi_fileName":"reactie_Anoniem_Lelystad_9 september 2025.txt","foi_nrPages":1},{"dc_format":"text/plain","dc_identifier":"nl.mnre1162.2e-i.2025.4.doc.524","dc_title":"Reactie: Anoniem uit Lemmer op 9 september 2025","dc_type":"reactie","foi_fileName":"reactie_Anoniem_Lemmer_9 september 2025.txt","foi_nrPages":1},{"dc_format":"text/plain","dc_identifier":"nl.mnre1162.2e-i.2025.4.doc.305","dc_title":"Reactie: Anoniem uit Medemblik op 17 september 2025","dc_type":"reactie","foi_fileName":"reactie_Anoniem_Medemblik_17 september 2025.txt","foi_nrPages":1},{"dc_format":"text/plain","dc_identifier":"nl.mnre1162.2e-i.2025.4.doc.560","dc_title":"Reactie: Anoniem uit Middelburg op 8 september 2025","dc_type":"reactie","foi_fileName":"reactie_Anoniem_Middelburg_8 september 2025.txt","foi_nrPages":1},{"dc_format":"text/plain","dc_identifier":"nl.mnre1162.2e-i.2025.4.doc.479","dc_title":"Reactie: Anoniem uit Mijdrecht op 9 september 2025","dc_type":"reactie","foi_fileName":"reactie_Anoniem_Mijdrecht_9 september 2025.txt","foi_nrPages":1},{"dc_format":"text/plain","dc_identifier":"nl.mnre1162.2e-i.2025.4.doc.475","dc_title":"Reactie: Anoniem uit Mijdrecht op 9 september 2025","dc_type":"reactie","foi_fileName":"reactie_Anoniem_Mijdrecht_9 september 2025.txt","foi_nrPages":1},{"dc_format":"text/plain","dc_identifier":"nl.mnre1162.2e-i.2025.4.doc.117","dc_title":"Reactie: Anoniem uit Montfoort op 25 september 2025","dc_type":"reactie","foi_fileName":"reactie_Anoniem_Montfoort_25 september 2025.txt","foi_nrPages":1},{"dc_format":"text/plain","dc_identifier":"nl.mnre1162.2e-i.2025.4.doc.496","dc_title":"Reactie: Anoniem uit Naarden op 9 september 2025","dc_type":"reactie","foi_fileName":"reactie_Anoniem_Naarden_9 september 2025.txt","foi_nrPages":1},{"dc_format":"text/plain","dc_identifier":"nl.mnre1162.2e-i.2025.4.doc.529","dc_title":"Reactie: Anoniem uit Nieuw vennep op 9 september 2025","dc_type":"reactie","foi_fileName":"reactie_Anoniem_Nieuw vennep_9 september 2025.txt","foi_nrPages":1},{"dc_format":"text/plain","dc_identifier":"nl.mnre1162.2e-i.2025.4.doc.225","dc_title":"Reactie: Anoniem uit Nieuw-Amsterdam op 22 september 2025","dc_type":"reactie","foi_fileName":"reactie_Anoniem_Nieuw-Amsterdam_22 september 2025.txt","foi_nrPages":1},{"dc_format":"text/plain","dc_identifier":"nl.mnre1162.2e-i.2025.4.doc.351","dc_title":"Reactie: Anoniem uit Nieuwegein op 12 september 2025","dc_type":"reactie","foi_fileName":"reactie_Anoniem_Nieuwegein_12 september 2025.txt","foi_nrPages":1},{"dc_format":"text/plain","dc_identifier":"nl.mnre1162.2e-i.2025.4.doc.302","dc_title":"Reactie: Anoniem uit Nieuwegein op 17 september 2025","dc_type":"reactie","foi_fileName":"reactie_Anoniem_Nieuwegein_17 september 2025.txt","foi_nrPages":1},{"dc_format":"text/plain","dc_identifier":"nl.mnre1162.2e-i.2025.4.doc.247","dc_title":"Reactie: Anoniem uit Nieuwerkerk aan den IJssel op 21 september 2025","dc_type":"reactie","foi_fileName":"reactie_Anoniem_Nieuwerkerk aan den IJssel_21 september 2025.txt","foi_nrPages":1},{"dc_format":"text/plain","dc_identifier":"nl.mnre1162.2e-i.2025.4.doc.400","dc_title":"Reactie: Anoniem uit Nijmegen op 10 september 2025","dc_type":"reactie","foi_fileName":"reactie_Anoniem_Nijmegen_10 september 2025.txt","foi_nrPages":1},{"dc_format":"text/plain","dc_identifier":"nl.mnre1162.2e-i.2025.4.doc.369","dc_title":"Reactie: Anoniem uit Nijmegen op 11 september 2025","dc_type":"reactie","foi_fileName":"reactie_Anoniem_Nijmegen_11 september 2025.txt","foi_nrPages":1},{"dc_format":"text/plain","dc_identifier":"nl.mnre1162.2e-i.2025.4.doc.206","dc_title":"Reactie: Anoniem uit Nijmegen op 22 september 2025","dc_type":"reactie","foi_fileName":"reactie_Anoniem_Nijmegen_22 september 2025.txt","foi_nrPages":1},{"dc_format":"text/plain","dc_identifier":"nl.mnre1162.2e-i.2025.4.doc.155","dc_title":"Reactie: Anoniem uit Noordhorn op 24 september 2025","dc_type":"reactie","foi_fileName":"reactie_Anoniem_Noordhorn_24 september 2025.txt","foi_nrPages":1},{"dc_format":"text/plain","dc_identifier":"nl.mnre1162.2e-i.2025.4.doc.505","dc_title":"Reactie: Anoniem uit Nootdorp op 9 september 2025","dc_type":"reactie","foi_fileName":"reactie_Anoniem_Nootdorp_9 september 2025.txt","foi_nrPages":1},{"dc_format":"text/plain","dc_identifier":"nl.mnre1162.2e-i.2025.4.doc.354","dc_title":"Reactie: Anoniem uit norg op 12 september 2025","dc_type":"reactie","foi_fileName":"reactie_Anoniem_norg_12 september 2025.txt","foi_nrPages":1},{"dc_format":"text/plain","dc_identifier":"nl.mnre1162.2e-i.2025.4.doc.311","dc_title":"Reactie: Anoniem uit Nunspeet op 16 september 2025","dc_type":"reactie","foi_fileName":"reactie_Anoniem_Nunspeet_16 september 2025.txt","foi_nrPages":1},{"dc_format":"text/plain","dc_identifier":"nl.mnre1162.2e-i.2025.4.doc.362","dc_title":"Reactie: Anoniem uit Oegstgeest op 11 september 2025","dc_type":"reactie","foi_fileName":"reactie_Anoniem_Oegstgeest_11 september 2025.txt","foi_nrPages":1},{"dc_format":"text/plain","dc_identifier":"nl.mnre1162.2e-i.2025.4.doc.221","dc_title":"Reactie: Anoniem uit Oene op 22 september 2025","dc_type":"reactie","foi_fileName":"reactie_Anoniem_Oene_22 september 2025.txt","foi_nrPages":1},{"dc_format":"text/plain","dc_identifier":"nl.mnre1162.2e-i.2025.4.doc.324","dc_title":"Reactie: Anoniem uit Oisterwijk op 14 september 2025","dc_type":"reactie","foi_fileName":"reactie_Anoniem_Oisterwijk_14 september 2025.txt","foi_nrPages":1},{"dc_format":"text/plain","dc_identifier":"nl.mnre1162.2e-i.2025.4.doc.427","dc_title":"Reactie: Anoniem uit Oldebroek op 10 september 2025","dc_type":"reactie","foi_fileName":"reactie_Anoniem_Oldebroek_10 september 2025.txt","foi_nrPages":1},{"dc_format":"text/plain","dc_identifier":"nl.mnre1162.2e-i.2025.4.doc.520","dc_title":"Reactie: Anoniem uit Oosterbeek op 9 september 2025","dc_type":"reactie","foi_fileName":"reactie_Anoniem_Oosterbeek_9 september 2025.txt","foi_nrPages":1},{"dc_format":"text/plain","dc_identifier":"nl.mnre1162.2e-i.2025.4.doc.500","dc_title":"Reactie: Anoniem uit Overloon op 9 september 2025","dc_type":"reactie","foi_fileName":"reactie_Anoniem_Overloon_9 september 2025.txt","foi_nrPages":1},{"dc_format":"text/plain","dc_identifier":"nl.mnre1162.2e-i.2025.4.doc.476","dc_title":"Reactie: Anoniem uit Overloon op 9 september 2025","dc_type":"reactie","foi_fileName":"reactie_Anoniem_Overloon_9 september 2025.txt","foi_nrPages":1},{"dc_format":"text/plain","dc_identifier":"nl.mnre1162.2e-i.2025.4.doc.244","dc_title":"Reactie: Anoniem uit Peize op 21 september 2025","dc_type":"reactie","foi_fileName":"reactie_Anoniem_Peize_21 september 2025.txt","foi_nrPages":1},{"dc_format":"text/plain","dc_identifier":"nl.mnre1162.2e-i.2025.4.doc.56","dc_title":"Reactie: Anoniem uit Renkum op 26 september 2025","dc_type":"reactie","foi_fileName":"reactie_Anoniem_Renkum_26 september 2025.txt","foi_nrPages":1},{"dc_format":"text/plain","dc_identifier":"nl.mnre1162.2e-i.2025.4.doc.323","dc_title":"Reactie: Anoniem uit Rhenen op 14 september 2025","dc_type":"reactie","foi_fileName":"reactie_Anoniem_Rhenen_14 september 2025.txt","foi_nrPages":1},{"dc_format":"text/plain","dc_identifier":"nl.mnre1162.2e-i.2025.4.doc.375","dc_title":"Reactie: Anoniem uit Rijnsburg op 11 september 2025","dc_type":"reactie","foi_fileName":"reactie_Anoniem_Rijnsburg_11 september 2025.txt","foi_nrPages":1},{"dc_format":"text/plain","dc_identifier":"nl.mnre1162.2e-i.2025.4.doc.501","dc_title":"Reactie: Anoniem uit Roden op 9 september 2025","dc_type":"reactie","foi_fileName":"reactie_Anoniem_Roden_9 september 2025.txt","foi_nrPages":1},{"dc_format":"text/plain","dc_identifier":"nl.mnre1162.2e-i.2025.4.doc.48","dc_title":"Reactie: Anoniem uit Rolde op 26 september 2025","dc_type":"reactie","foi_fileName":"reactie_Anoniem_Rolde_26 september 2025.txt","foi_nrPages":1},{"dc_format":"text/plain","dc_identifier":"nl.mnre1162.2e-i.2025.4.doc.60","dc_title":"Reactie: Anoniem uit Rolde op 26 september 2025","dc_type":"reactie","foi_fileName":"reactie_Anoniem_Rolde_26 september 2025.txt","foi_nrPages":1},{"dc_format":"text/plain","dc_identifier":"nl.mnre1162.2e-i.2025.4.doc.28","dc_title":"Reactie: Anoniem uit Rolde op 26 september 2025","dc_type":"reactie","foi_fileName":"reactie_Anoniem_Rolde_26 september 2025.txt","foi_nrPages":1},{"dc_format":"text/plain","dc_identifier":"nl.mnre1162.2e-i.2025.4.doc.517","dc_title":"Reactie: Anoniem uit Rolde op 9 september 2025","dc_type":"reactie","foi_fileName":"reactie_Anoniem_Rolde_9 september 2025.txt","foi_nrPages":1},{"dc_format":"text/plain","dc_identifier":"nl.mnre1162.2e-i.2025.4.doc.415","dc_title":"Reactie: Anoniem uit Rotterdam op 10 september 2025","dc_type":"reactie","foi_fileName":"reactie_Anoniem_Rotterdam_10 september 2025.txt","foi_nrPages":1},{"dc_format":"text/plain","dc_identifier":"nl.mnre1162.2e-i.2025.4.doc.328","dc_title":"Reactie: Anoniem uit Rotterdam op 13 september 2025","dc_type":"reactie","foi_fileName":"reactie_Anoniem_Rotterdam_13 september 2025.txt","foi_nrPages":1},{"dc_format":"text/plain","dc_identifier":"nl.mnre1162.2e-i.2025.4.doc.293","dc_title":"Reactie: Anoniem uit Rotterdam op 18 september 2025","dc_type":"reactie","foi_fileName":"reactie_Anoniem_Rotterdam_18 september 2025.txt","foi_nrPages":1},{"dc_format":"text/plain","dc_identifier":"nl.mnre1162.2e-i.2025.4.doc.224","dc_title":"Reactie: Anoniem uit Rotterdam op 22 september 2025","dc_type":"reactie","foi_fileName":"reactie_Anoniem_Rotterdam_22 september 2025.txt","foi_nrPages":1},{"dc_format":"text/plain","dc_identifier":"nl.mnre1162.2e-i.2025.4.doc.223","dc_title":"Reactie: Anoniem uit Rotterdam op 22 september 2025","dc_type":"reactie","foi_fileName":"reactie_Anoniem_Rotterdam_22 september 2025.txt","foi_nrPages":1},{"dc_format":"text/plain","dc_identifier":"nl.mnre1162.2e-i.2025.4.doc.227","dc_title":"Reactie: Anoniem uit Rotterdam op 22 september 2025","dc_type":"reactie","foi_fileName":"reactie_Anoniem_Rotterdam_22 september 2025.txt","foi_nrPages":1},{"dc_format":"text/plain","dc_identifier":"nl.mnre1162.2e-i.2025.4.doc.150","dc_title":"Reactie: Anoniem uit Rotterdam op 24 september 2025","dc_type":"reactie","foi_fileName":"reactie_Anoniem_Rotterdam_24 september 2025.txt","foi_nrPages":1},{"dc_format":"text/plain","dc_identifier":"nl.mnre1162.2e-i.2025.4.doc.134","dc_title":"Reactie: Anoniem uit Rotterdam op 24 september 2025","dc_type":"reactie","foi_fileName":"reactie_Anoniem_Rotterdam_24 september 2025.txt","foi_nrPages":1},{"dc_format":"text/plain","dc_identifier":"nl.mnre1162.2e-i.2025.4.doc.528","dc_title":"Reactie: Anoniem uit Santpoort-Zuid op 9 september 2025","dc_type":"reactie","foi_fileName":"reactie_Anoniem_Santpoort-Zuid_9 september 2025.txt","foi_nrPages":1},{"dc_format":"text/plain","dc_identifier":"nl.mnre1162.2e-i.2025.4.doc.385","dc_title":"Reactie: Anoniem uit Schiedam op 11 september 2025","dc_type":"reactie","foi_fileName":"reactie_Anoniem_Schiedam_11 september 2025.txt","foi_nrPages":1},{"dc_format":"text/plain","dc_identifier":"nl.mnre1162.2e-i.2025.4.doc.414","dc_title":"Reactie: Anoniem uit Schoorl op 10 september 2025","dc_type":"reactie","foi_fileName":"reactie_Anoniem_Schoorl_10 september 2025.txt","foi_nrPages":1},{"dc_format":"text/plain","dc_identifier":"nl.mnre1162.2e-i.2025.4.doc.158","dc_title":"Reactie: Anoniem uit Smilde op 24 september 2025","dc_type":"reactie","foi_fileName":"reactie_Anoniem_Smilde_24 september 2025.txt","foi_nrPages":1},{"dc_format":"text/plain","dc_identifier":"nl.mnre1162.2e-i.2025.4.doc.409","dc_title":"Reactie: Anoniem uit Spijkenisse op 10 september 2025","dc_type":"reactie","foi_fileName":"reactie_Anoniem_Spijkenisse_10 september 2025.txt","foi_nrPages":1},{"dc_format":"text/plain","dc_identifier":"nl.mnre1162.2e-i.2025.4.doc.281","dc_title":"Reactie: Anoniem uit Ten Boer op 19 september 2025","dc_type":"reactie","foi_fileName":"reactie_Anoniem_Ten Boer_19 september 2025.txt","foi_nrPages":1},{"dc_format":"text/plain","dc_identifier":"nl.mnre1162.2e-i.2025.4.doc.220","dc_title":"Reactie: Anoniem uit Ten Post op 22 september 2025","dc_type":"reactie","foi_fileName":"reactie_Anoniem_Ten Post_22 september 2025.txt","foi_nrPages":1},{"dc_format":"text/plain","dc_identifier":"nl.mnre1162.2e-i.2025.4.doc.188","dc_title":"Reactie: Anoniem uit Tolbert op 23 september 2025","dc_type":"reactie","foi_fileName":"reactie_Anoniem_Tolbert_23 september 2025.txt","foi_nrPages":1},{"dc_format":"text/plain","dc_identifier":"nl.mnre1162.2e-i.2025.4.doc.423","dc_title":"Reactie: Anoniem uit Utrecht op 10 september 2025","dc_type":"reactie","foi_fileName":"reactie_Anoniem_Utrecht_10 september 2025.txt","foi_nrPages":1},{"dc_format":"text/plain","dc_identifier":"nl.mnre1162.2e-i.2025.4.doc.418","dc_title":"Reactie: Anoniem uit Utrecht op 10 september 2025","dc_type":"reactie","foi_fileName":"reactie_Anoniem_Utrecht_10 september 2025.txt","foi_nrPages":1},{"dc_format":"text/plain","dc_identifier":"nl.mnre1162.2e-i.2025.4.doc.368","dc_title":"Reactie: Anoniem uit Utrecht op 11 september 2025","dc_type":"reactie","foi_fileName":"reactie_Anoniem_Utrecht_11 september 2025.txt","foi_nrPages":1},{"dc_format":"text/plain","dc_identifier":"nl.mnre1162.2e-i.2025.4.doc.366","dc_title":"Reactie: Anoniem uit utrecht op 11 september 2025","dc_type":"reactie","foi_fileName":"reactie_Anoniem_utrecht_11 september 2025.txt","foi_nrPages":1},{"dc_format":"text/plain","dc_identifier":"nl.mnre1162.2e-i.2025.4.doc.357","dc_title":"Reactie: Anoniem uit Utrecht op 12 september 2025","dc_type":"reactie","foi_fileName":"reactie_Anoniem_Utrecht_12 september 2025.txt","foi_nrPages":1},{"dc_format":"text/plain","dc_identifier":"nl.mnre1162.2e-i.2025.4.doc.338","dc_title":"Reactie: Anoniem uit Utrecht op 12 september 2025","dc_type":"reactie","foi_fileName":"reactie_Anoniem_Utrecht_12 september 2025.txt","foi_nrPages":1},{"dc_format":"text/plain","dc_identifier":"nl.mnre1162.2e-i.2025.4.doc.297","dc_title":"Reactie: Anoniem uit Utrecht op 18 september 2025","dc_type":"reactie","foi_fileName":"reactie_Anoniem_Utrecht_18 september 2025.txt","foi_nrPages":1},{"dc_format":"text/plain","dc_identifier":"nl.mnre1162.2e-i.2025.4.doc.289","dc_title":"Reactie: Anoniem uit Utrecht op 18 september 2025","dc_type":"reactie","foi_fileName":"reactie_Anoniem_Utrecht_18 september 2025.txt","foi_nrPages":1},{"dc_format":"text/plain","dc_identifier":"nl.mnre1162.2e-i.2025.4.doc.239","dc_title":"Reactie: Anoniem uit Utrecht op 21 september 2025","dc_type":"reactie","foi_fileName":"reactie_Anoniem_Utrecht_21 september 2025.txt","foi_nrPages":1},{"dc_format":"text/plain","dc_identifier":"nl.mnre1162.2e-i.2025.4.doc.124","dc_title":"Reactie: Anoniem uit Utrecht op 25 september 2025","dc_type":"reactie","foi_fileName":"reactie_Anoniem_Utrecht_25 september 2025.txt","foi_nrPages":1},{"dc_format":"text/plain","dc_identifier":"nl.mnre1162.2e-i.2025.4.doc.94","dc_title":"Reactie: Anoniem uit Utrecht op 25 september 2025","dc_type":"reactie","foi_fileName":"reactie_Anoniem_Utrecht_25 september 2025.txt","foi_nrPages":1},{"dc_format":"text/plain","dc_identifier":"nl.mnre1162.2e-i.2025.4.doc.73","dc_title":"Reactie: Anoniem uit Utrecht op 25 september 2025","dc_type":"reactie","foi_fileName":"reactie_Anoniem_Utrecht_25 september 2025.txt","foi_nrPages":1},{"dc_format":"text/plain","dc_identifier":"nl.mnre1162.2e-i.2025.4.doc.548","dc_title":"Reactie: Anoniem uit Utrecht op 8 september 2025","dc_type":"reactie","foi_fileName":"reactie_Anoniem_Utrecht_8 september 2025.txt","foi_nrPages":1},{"dc_format":"text/plain","dc_identifier":"nl.mnre1162.2e-i.2025.4.doc.471","dc_title":"Reactie: Anoniem uit Utrecht op 9 september 2025","dc_type":"reactie","foi_fileName":"reactie_Anoniem_Utrecht_9 september 2025.txt","foi_nrPages":1},{"dc_format":"text/plain","dc_identifier":"nl.mnre1162.2e-i.2025.4.doc.489","dc_title":"Reactie: Anoniem uit Utrecht op 9 september 2025","dc_type":"reactie","foi_fileName":"reactie_Anoniem_Utrecht_9 september 2025.txt","foi_nrPages":1},{"dc_format":"text/plain","dc_identifier":"nl.mnre1162.2e-i.2025.4.doc.484","dc_title":"Reactie: Anoniem uit Utrecht op 9 september 2025","dc_type":"reactie","foi_fileName":"reactie_Anoniem_Utrecht_9 september 2025.txt","foi_nrPages":1},{"dc_format":"text/plain","dc_identifier":"nl.mnre1162.2e-i.2025.4.doc.339","dc_title":"Reactie: Anoniem uit Utrechtse Heuvelrug op 12 september 2025","dc_type":"reactie","foi_fileName":"reactie_Anoniem_Utrechtse Heuvelrug_12 september 2025.txt","foi_nrPages":1},{"dc_format":"text/plain","dc_identifier":"nl.mnre1162.2e-i.2025.4.doc.456","dc_title":"Reactie: Anoniem uit Veere op 9 september 2025","dc_type":"reactie","foi_fileName":"reactie_Anoniem_Veere_9 september 2025.txt","foi_nrPages":1},{"dc_format":"text/plain","dc_identifier":"nl.mnre1162.2e-i.2025.4.doc.360","dc_title":"Reactie: Anoniem uit Voorburg op 12 september 2025","dc_type":"reactie","foi_fileName":"reactie_Anoniem_Voorburg_12 september 2025.txt","foi_nrPages":1},{"dc_format":"text/plain","dc_identifier":"nl.mnre1162.2e-i.2025.4.doc.303","dc_title":"Reactie: Anoniem uit Voorburg op 17 september 2025","dc_type":"reactie","foi_fileName":"reactie_Anoniem_Voorburg_17 september 2025.txt","foi_nrPages":1},{"dc_format":"text/plain","dc_identifier":"nl.mnre1162.2e-i.2025.4.doc.514","dc_title":"Reactie: Anoniem uit Waddinxveen op 9 september 2025","dc_type":"reactie","foi_fileName":"reactie_Anoniem_Waddinxveen_9 september 2025.txt","foi_nrPages":1},{"dc_format":"text/plain","dc_identifier":"nl.mnre1162.2e-i.2025.4.doc.364","dc_title":"Reactie: Anoniem uit Wageningen op 11 september 2025","dc_type":"reactie","foi_fileName":"reactie_Anoniem_Wageningen_11 september 2025.txt","foi_nrPages":1},{"dc_format":"text/plain","dc_identifier":"nl.mnre1162.2e-i.2025.4.doc.181","dc_title":"Reactie: Anoniem uit Wageningen op 23 september 2025","dc_type":"reactie","foi_fileName":"reactie_Anoniem_Wageningen_23 september 2025.txt","foi_nrPages":1},{"dc_format":"text/plain","dc_identifier":"nl.mnre1162.2e-i.2025.4.doc.166","dc_title":"Reactie: Anoniem uit Wageningen op 24 september 2025","dc_type":"reactie","foi_fileName":"reactie_Anoniem_Wageningen_24 september 2025.txt","foi_nrPages":1},{"dc_format":"text/plain","dc_identifier":"nl.mnre1162.2e-i.2025.4.doc.120","dc_title":"Reactie: Anoniem uit Warnsveld op 25 september 2025","dc_type":"reactie","foi_fileName":"reactie_Anoniem_Warnsveld_25 september 2025.txt","foi_nrPages":1},{"dc_format":"text/plain","dc_identifier":"nl.mnre1162.2e-i.2025.4.doc.521","dc_title":"Reactie: Anoniem uit Weesp op 9 september 2025","dc_type":"reactie","foi_fileName":"reactie_Anoniem_Weesp_9 september 2025.txt","foi_nrPages":1},{"dc_format":"text/plain","dc_identifier":"nl.mnre1162.2e-i.2025.4.doc.459","dc_title":"Reactie: Anoniem uit Weesp op 9 september 2025","dc_type":"reactie","foi_fileName":"reactie_Anoniem_Weesp_9 september 2025.txt","foi_nrPages":1},{"dc_format":"text/plain","dc_identifier":"nl.mnre1162.2e-i.2025.4.doc.531","dc_title":"Reactie: Anoniem uit Westeremden op 9 september 2025","dc_type":"reactie","foi_fileName":"reactie_Anoniem_Westeremden_9 september 2025.txt","foi_nrPages":1},{"dc_format":"text/plain","dc_identifier":"nl.mnre1162.2e-i.2025.4.doc.319","dc_title":"Reactie: Anoniem uit westerkwartier op 15 september 2025","dc_type":"reactie","foi_fileName":"reactie_Anoniem_westerkwartier_15 september 2025.txt","foi_nrPages":1},{"dc_format":"text/plain","dc_identifier":"nl.mnre1162.2e-i.2025.4.doc.487","dc_title":"Reactie: Anoniem uit Wezep op 9 september 2025","dc_type":"reactie","foi_fileName":"reactie_Anoniem_Wezep_9 september 2025.txt","foi_nrPages":1},{"dc_format":"text/plain","dc_identifier":"nl.mnre1162.2e-i.2025.4.doc.316","dc_title":"Reactie: Anoniem uit Wilp op 15 september 2025","dc_type":"reactie","foi_fileName":"reactie_Anoniem_Wilp_15 september 2025.txt","foi_nrPages":1},{"dc_format":"text/plain","dc_identifier":"nl.mnre1162.2e-i.2025.4.doc.13","dc_title":"Reactie: Anoniem uit Winschoten op 26 september 2025","dc_type":"reactie","foi_fileName":"reactie_Anoniem_Winschoten_26 september 2025.txt"},{"dc_format":"text/plain","dc_identifier":"nl.mnre1162.2e-i.2025.4.doc.279","dc_title":"Reactie: Anoniem uit Woerden op 19 september 2025","dc_type":"reactie","foi_fileName":"reactie_Anoniem_Woerden_19 september 2025.txt","foi_nrPages":1},{"dc_format":"text/plain","dc_identifier":"nl.mnre1162.2e-i.2025.4.doc.525","dc_title":"Reactie: Anoniem uit woerden op 9 september 2025","dc_type":"reactie","foi_fileName":"reactie_Anoniem_woerden_9 september 2025.txt","foi_nrPages":1},{"dc_format":"text/plain","dc_identifier":"nl.mnre1162.2e-i.2025.4.doc.367","dc_title":"Reactie: Anoniem uit Zaandam op 11 september 2025","dc_type":"reactie","foi_fileName":"reactie_Anoniem_Zaandam_11 september 2025.txt","foi_nrPages":1},{"dc_format":"text/plain","dc_identifier":"nl.mnre1162.2e-i.2025.4.doc.257","dc_title":"Reactie: Anoniem uit Zeewolde op 20 september 2025","dc_type":"reactie","foi_fileName":"reactie_Anoniem_Zeewolde_20 september 2025.txt","foi_nrPages":1},{"dc_format":"text/plain","dc_identifier":"nl.mnre1162.2e-i.2025.4.doc.359","dc_title":"Reactie: Anoniem uit Zegveld op 12 september 2025","dc_type":"reactie","foi_fileName":"reactie_Anoniem_Zegveld_12 september 2025.txt","foi_nrPages":1},{"dc_format":"text/plain","dc_identifier":"nl.mnre1162.2e-i.2025.4.doc.349","dc_title":"Reactie: Anoniem uit Zegveld op 12 september 2025","dc_type":"reactie","foi_fileName":"reactie_Anoniem_Zegveld_12 september 2025.txt","foi_nrPages":1},{"dc_format":"text/plain","dc_identifier":"nl.mnre1162.2e-i.2025.4.doc.434","dc_title":"Reactie: Anoniem uit Zeist op 10 september 2025","dc_type":"reactie","foi_fileName":"reactie_Anoniem_Zeist_10 september 2025.txt","foi_nrPages":1},{"dc_format":"text/plain","dc_identifier":"nl.mnre1162.2e-i.2025.4.doc.62","dc_title":"Reactie: Anoniem uit Zevenhoven op 26 september 2025","dc_type":"reactie","foi_fileName":"reactie_Anoniem_Zevenhoven_26 september 2025.txt","foi_nrPages":1},{"dc_format":"text/plain","dc_identifier":"nl.mnre1162.2e-i.2025.4.doc.552","dc_title":"Reactie: Anoniem uit Zoetermeer op 8 september 2025","dc_type":"reactie","foi_fileName":"reactie_Anoniem_Zoetermeer_8 september 2025.txt","foi_nrPages":1},{"dc_format":"text/plain","dc_identifier":"nl.mnre1162.2e-i.2025.4.doc.542","dc_title":"Reactie: Anoniem uit Zuid-Beijerland op 9 september 2025","dc_type":"reactie","foi_fileName":"reactie_Anoniem_Zuid-Beijerland_9 september 2025.txt","foi_nrPages":1},{"dc_format":"text/plain","dc_identifier":"nl.mnre1162.2e-i.2025.4.doc.263","dc_title":"Reactie: Anoniem uit Zuidhorn op 20 september 2025","dc_type":"reactie","foi_fileName":"reactie_Anoniem_Zuidhorn_20 september 2025.txt","foi_nrPages":1},{"dc_format":"text/plain","dc_identifier":"nl.mnre1162.2e-i.2025.4.doc.96","dc_title":"Reactie: Anoniem uit Zuidhorn op 25 september 2025","dc_type":"reactie","foi_fileName":"reactie_Anoniem_Zuidhorn_25 september 2025.txt","foi_nrPages":1},{"dc_format":"text/plain","dc_identifier":"nl.mnre1162.2e-i.2025.4.doc.49","dc_title":"Reactie: Anoniem uit Zutphen op 26 september 2025","dc_type":"reactie","foi_fileName":"reactie_Anoniem_Zutphen_26 september 2025.txt","foi_nrPages":1},{"dc_format":"text/plain","dc_identifier":"nl.mnre1162.2e-i.2025.4.doc.564","dc_title":"Reactie: Anoniem uit Zutphen op 8 september 2025","dc_type":"reactie","foi_fileName":"reactie_Anoniem_Zutphen_8 september 2025.txt","foi_nrPages":1},{"dc_format":"text/plain","dc_identifier":"nl.mnre1162.2e-i.2025.4.doc.532","dc_title":"Reactie: Anoniem uit Zutphen op 9 september 2025","dc_type":"reactie","foi_fileName":"reactie_Anoniem_Zutphen_9 september 2025.txt","foi_nrPages":1},{"dc_format":"text/plain","dc_identifier":"nl.mnre1162.2e-i.2025.4.doc.301","dc_title":"Reactie: Anoniem uit Zwolle op 17 september 2025","dc_type":"reactie","foi_fileName":"reactie_Anoniem_Zwolle_17 september 2025.txt","foi_nrPages":1},{"dc_format":"text/plain","dc_identifier":"nl.mnre1162.2e-i.2025.4.doc.463","dc_title":"Reactie: Anoniem uit Zwolle op 9 september 2025","dc_type":"reactie","foi_fileName":"reactie_Anoniem_Zwolle_9 september 2025.txt","foi_nrPages":1},{"dc_format":"text/plain","dc_identifier":"nl.mnre1162.2e-i.2025.4.doc.439","dc_title":"Reactie: Anonim Anonim uit Brummen op 9 september 2025","dc_type":"reactie","foi_fileName":"reactie_Anonim Anonim_Brummen_9 september 2025.txt","foi_nrPages":1},{"dc_format":"text/plain","dc_identifier":"nl.mnre1162.2e-i.2025.4.doc.473","dc_title":"Reactie: ANT Tatarlar uit Lopik op 9 september 2025","dc_type":"reactie","foi_fileName":"reactie_ANT Tatarlar_Lopik_9 september 2025.txt","foi_nrPages":1},{"dc_format":"text/plain","dc_identifier":"nl.mnre1162.2e-i.2025.4.doc.191","dc_title":"Reactie: AQ Quist uit Etten-Leur op 23 september 2025","dc_type":"reactie","foi_fileName":"reactie_AQ Quist_Etten-Leur_23 september 2025.txt","foi_nrPages":1},{"dc_format":"text/plain","dc_identifier":"nl.mnre1162.2e-i.2025.4.doc.424","dc_title":"Reactie: Aysel Karasu uit Naarden op 10 september 2025","dc_type":"reactie","foi_fileName":"reactie_Aysel Karasu_Naarden_10 september 2025.txt","foi_nrPages":1},{"dc_format":"text/plain","dc_identifier":"nl.mnre1162.2e-i.2025.4.doc.565","dc_title":"Reactie: B van Loon uit Koekange op 8 september 2025","dc_type":"reactie","foi_fileName":"reactie_B van Loon_Koekange_8 september 2025.txt","foi_nrPages":1},{"dc_format":"text/plain","dc_identifier":"nl.mnre1162.2e-i.2025.4.doc.430","dc_title":"Reactie: B.L. de Kok uit Geldermalsen op 10 september 2025","dc_type":"reactie","foi_fileName":"reactie_B.L. de Kok_Geldermalsen_10 september 2025.txt","foi_nrPages":1},{"dc_format":"text/plain","dc_identifier":"nl.mnre1162.2e-i.2025.4.doc.59","dc_title":"Reactie: Berend Arkema uit Groningen op 26 september 2025","dc_type":"reactie","foi_fileName":"reactie_Berend Arkema_Groningen_26 september 2025.txt","foi_nrPages":1},{"dc_format":"text/plain","dc_identifier":"nl.mnre1162.2e-i.2025.4.doc.477","dc_title":"Reactie: BS Sarioglu uit Amstelveen op 9 september 2025","dc_type":"reactie","foi_fileName":"reactie_BS Sarioglu_Amstelveen_9 september 2025.txt","foi_nrPages":1},{"dc_format":"text/plain","dc_identifier":"nl.mnre1162.2e-i.2025.4.doc.310","dc_title":"Reactie: C Kuiper uit Utrecht op 16 september 2025","dc_type":"reactie","foi_fileName":"reactie_C Kuiper_Utrecht_16 september 2025.txt","foi_nrPages":1},{"dc_format":"text/plain","dc_identifier":"nl.mnre1162.2e-i.2025.4.doc.180","dc_title":"Reactie: C Stolwijk uit Zuidhorn op 23 september 2025","dc_type":"reactie","foi_fileName":"reactie_C Stolwijk_Zuidhorn_23 september 2025.txt","foi_nrPages":1},{"dc_format":"text/plain","dc_identifier":"nl.mnre1162.2e-i.2025.4.doc.370","dc_title":"Reactie: C Stuij uit Sliedrecht op 11 september 2025","dc_type":"reactie","foi_fileName":"reactie_C Stuij_Sliedrecht_11 september 2025.txt","foi_nrPages":1},{"dc_format":"text/plain","dc_identifier":"nl.mnre1162.2e-i.2025.4.doc.219","dc_title":"Reactie: C van Melle uit Amsterdam op 22 september 2025","dc_type":"reactie","foi_fileName":"reactie_C van Melle_Amsterdam_22 september 2025.txt","foi_nrPages":1},{"dc_format":"text/plain","dc_identifier":"nl.mnre1162.2e-i.2025.4.doc.144","dc_title":"Reactie: C.A.L.V. Zum V\u00f6rde Sive V\u00f6rding uit Hoek van Holland op 24 september 2025","dc_type":"reactie","foi_fileName":"reactie_C.A.L.V. Zum V\u00f6rde Sive V\u00f6rding_Hoek van Holland_24 september 2025.txt","foi_nrPages":1},{"dc_format":"text/plain","dc_identifier":"nl.mnre1162.2e-i.2025.4.doc.416","dc_title":"Reactie: CJM Dupont uit Gouda op 10 september 2025","dc_type":"reactie","foi_fileName":"reactie_CJM Dupont_Gouda_10 september 2025.txt","foi_nrPages":1},{"dc_format":"text/plain","dc_identifier":"nl.mnre1162.2e-i.2025.4.doc.105","dc_title":"Reactie: D Oomkes uit Gorinchem op 25 september 2025","dc_type":"reactie","foi_fileName":"reactie_D Oomkes_Gorinchem_25 september 2025.txt","foi_nrPages":1},{"dc_format":"text/plain","dc_identifier":"nl.mnre1162.2e-i.2025.4.doc.234","dc_title":"Reactie: De heer T.J. Podt uit Assen op 22 september 2025","dc_type":"reactie","foi_fileName":"reactie_De heer T.J. Podt_Assen_22 september 2025.txt","foi_nrPages":1},{"dc_format":"text/plain","dc_identifier":"nl.mnre1162.2e-i.2025.4.doc.306","dc_title":"Reactie: De Regenboog Groep (A Berendsen) uit Amsterdam op 17 september 2025","dc_type":"reactie","foi_fileName":"reactie_De Regenboog Groep (A Berendsen)_Amsterdam_17 september 2025.txt","foi_nrPages":1},{"dc_format":"text/plain","dc_identifier":"nl.mnre1162.2e-i.2025.4.doc.102","dc_title":"Reactie: De Regenboog Groep (CL van Bokkem) uit Amsterdam op 25 september 2025","dc_type":"reactie","foi_fileName":"reactie_De Regenboog Groep (CL van Bokkem)_Amsterdam_25 september 2025.txt","foi_nrPages":1},{"dc_format":"text/plain","dc_identifier":"nl.mnre1162.2e-i.2025.4.doc.317","dc_title":"Reactie: De Regenboog Groep (DJ Wolkers) uit Amsterdam op 15 september 2025","dc_type":"reactie","foi_fileName":"reactie_De Regenboog Groep (DJ Wolkers)_Amsterdam_15 september 2025.txt","foi_nrPages":1},{"dc_format":"text/plain","dc_identifier":"nl.mnre1162.2e-i.2025.4.doc.159","dc_title":"Reactie: De Regenboog Groep (ICM Sol) uit Amsterdam op 24 september 2025","dc_type":"reactie","foi_fileName":"reactie_De Regenboog Groep (ICM Sol)_Amsterdam_24 september 2025.txt","foi_nrPages":1},{"dc_format":"text/plain","dc_identifier":"nl.mnre1162.2e-i.2025.4.doc.210","dc_title":"Reactie: De Regenboog Groep (mevr C.S.M. Denkers) uit Amsterdam op 22 september 2025","dc_type":"reactie","foi_fileName":"reactie_De Regenboog Groep (mevr C.S.M. Denkers)_Amsterdam_22 september 2025.txt","foi_nrPages":1},{"dc_format":"text/plain","dc_identifier":"nl.mnre1162.2e-i.2025.4.doc.497","dc_title":"Reactie: DG van Lohuizen uit Deventer op 9 september 2025","dc_type":"reactie","foi_fileName":"reactie_DG van Lohuizen_Deventer_9 september 2025.txt","foi_nrPages":1},{"dc_format":"text/plain","dc_identifier":"nl.mnre1162.2e-i.2025.4.doc.21","dc_title":"Reactie: Dhr A de Roos uit Scheemda op 26 september 2025","dc_type":"reactie","foi_fileName":"reactie_Dhr A de Roos_Scheemda_26 september 2025.txt","foi_nrPages":1},{"dc_format":"text/plain","dc_identifier":"nl.mnre1162.2e-i.2025.4.doc.512","dc_title":"Reactie: Dhr G Schuurman uit Zoetermeer op 9 september 2025","dc_type":"reactie","foi_fileName":"reactie_Dhr G Schuurman_Zoetermeer_9 september 2025.txt","foi_nrPages":1},{"dc_format":"text/plain","dc_identifier":"nl.mnre1162.2e-i.2025.4.doc.467","dc_title":"Reactie: Dhr H Van de Donk uit Eindhoven op 9 september 2025","dc_type":"reactie","foi_fileName":"reactie_Dhr H Van de Donk_Eindhoven_9 september 2025.txt","foi_nrPages":1},{"dc_format":"text/plain","dc_identifier":"nl.mnre1162.2e-i.2025.4.doc.344","dc_title":"Reactie: Dhr Joop Bos uit Valthermond op 12 september 2025","dc_type":"reactie","foi_fileName":"reactie_Dhr Joop Bos_Valthermond_12 september 2025.txt","foi_nrPages":1},{"dc_format":"text/plain","dc_identifier":"nl.mnre1162.2e-i.2025.4.doc.241","dc_title":"Reactie: dhr. / LLM W Veenstra uit Franeker op 21 september 2025","dc_type":"reactie","foi_fileName":"reactie_dhr. / LLM W Veenstra_Franeker_21 september 2025.txt","foi_nrPages":1},{"dc_format":"text/plain","dc_identifier":"nl.mnre1162.2e-i.2025.4.doc.394","dc_title":"Reactie: Dhr. A.B. Kluyskens uit Almere op 10 september 2025","dc_type":"reactie","foi_fileName":"reactie_Dhr. A.B. Kluyskens_Almere_10 september 2025.txt","foi_nrPages":1},{"dc_format":"text/plain","dc_identifier":"nl.mnre1162.2e-i.2025.4.doc.470","dc_title":"Reactie: Dhr. J. van\u00b4t Zand uit Zoetermeer op 9 september 2025","dc_type":"reactie","foi_fileName":"reactie_Dhr. J. van\u00b4t Zand_Zoetermeer_9 september 2025.txt","foi_nrPages":1},{"dc_format":"text/plain","dc_identifier":"nl.mnre1162.2e-i.2025.4.doc.229","dc_title":"Reactie: dhr. R Tuitman uit Middelstum op 22 september 2025","dc_type":"reactie","foi_fileName":"reactie_dhr. R Tuitman_Middelstum_22 september 2025.txt","foi_nrPages":1},{"dc_format":"text/plain","dc_identifier":"nl.mnre1162.2e-i.2025.4.doc.213","dc_title":"Reactie: dhr. S Hoekstra uit Akmarijp op 22 september 2025","dc_type":"reactie","foi_fileName":"reactie_dhr. S Hoekstra_Akmarijp_22 september 2025.txt","foi_nrPages":1},{"dc_format":"text/plain","dc_identifier":"nl.mnre1162.2e-i.2025.4.doc.549","dc_title":"Reactie: Dhr. W. ten Hove uit Emmeloord op 8 september 2025","dc_type":"reactie","foi_fileName":"reactie_Dhr. W. ten Hove_Emmeloord_8 september 2025.txt","foi_nrPages":1},{"dc_format":"text/plain","dc_identifier":"nl.mnre1162.2e-i.2025.4.doc.233","dc_title":"Reactie: DIaconie van de Evangelisch Lutherse Gemeente Amsterdam (M. Teunissen) uit Amsterdam op 22 september 2025","dc_type":"reactie","foi_fileName":"reactie_DIaconie van de Evangelisch Lutherse Gemeente Amsterdam (M. Teunissen)_Amsterdam_22 september 2025.txt","foi_nrPages":1},{"dc_format":"text/plain","dc_identifier":"nl.mnre1162.2e-i.2025.4.doc.402","dc_title":"Reactie: dr A.R. van der Deijl uit Baambrugge op 10 september 2025","dc_type":"reactie","foi_fileName":"reactie_dr A.R. van der Deijl_Baambrugge_10 september 2025.txt","foi_nrPages":1},{"dc_format":"text/plain","dc_identifier":"nl.mnre1162.2e-i.2025.4.doc.445","dc_title":"Reactie: Dr CMJ Vrijmoet uit Den Haag op 9 september 2025","dc_type":"reactie","foi_fileName":"reactie_Dr CMJ Vrijmoet_Den Haag_9 september 2025.txt","foi_nrPages":1},{"dc_format":"text/plain","dc_identifier":"nl.mnre1162.2e-i.2025.4.doc.38","dc_title":"Reactie: dr G.P. de Jong uit Arnhem op 26 september 2025","dc_type":"reactie","foi_fileName":"reactie_dr G.P. de Jong_Arnhem_26 september 2025.txt","foi_nrPages":1},{"dc_format":"text/plain","dc_identifier":"nl.mnre1162.2e-i.2025.4.doc.407","dc_title":"Reactie: Dr JG Vinke uit Bilthoven op 10 september 2025","dc_type":"reactie","foi_fileName":"reactie_Dr JG Vinke_Bilthoven_10 september 2025.txt","foi_nrPages":1},{"dc_format":"text/plain","dc_identifier":"nl.mnre1162.2e-i.2025.4.doc.16","dc_title":"Reactie: Dr. A Altena uit Ekehaar op 26 september 2025","dc_type":"reactie","foi_fileName":"reactie_Dr. A Altena_Ekehaar_26 september 2025.txt","foi_nrPages":1},{"dc_format":"text/plain","dc_identifier":"nl.mnre1162.2e-i.2025.4.doc.288","dc_title":"Reactie: Dr. ESM Goosen uit Utrecht op 18 september 2025","dc_type":"reactie","foi_fileName":"reactie_Dr. ESM Goosen_Utrecht_18 september 2025.txt","foi_nrPages":1},{"dc_format":"text/plain","dc_identifier":"nl.mnre1162.2e-i.2025.4.doc.260","dc_title":"Reactie: Dr. G.H. Bouman-Komen uit Groningen op 20 september 2025","dc_type":"reactie","foi_fileName":"reactie_Dr. G.H. Bouman-Komen_Groningen_20 september 2025.txt","foi_nrPages":1},{"dc_format":"text/plain","dc_identifier":"nl.mnre1162.2e-i.2025.4.doc.345","dc_title":"Reactie: Dr. J. ten Kate uit Bloemendaal op 12 september 2025","dc_type":"reactie","foi_fileName":"reactie_Dr. J. ten Kate_Bloemendaal_12 september 2025.txt","foi_nrPages":1},{"dc_format":"text/plain","dc_identifier":"nl.mnre1162.2e-i.2025.4.doc.67","dc_title":"Reactie: Dr. WAHJ van Stiphout uit Zweeloo op 25 september 2025","dc_type":"reactie","foi_fileName":"reactie_Dr. WAHJ van Stiphout_Zweeloo_25 september 2025.txt","foi_nrPages":1},{"dc_format":"text/plain","dc_identifier":"nl.mnre1162.2e-i.2025.4.doc.398","dc_title":"Reactie: dra FD Brouwer uit Coevorden op 10 september 2025","dc_type":"reactie","foi_fileName":"reactie_dra FD Brouwer_Coevorden_10 september 2025.txt","foi_nrPages":1},{"dc_format":"text/plain","dc_identifier":"nl.mnre1162.2e-i.2025.4.doc.43","dc_title":"Reactie: Drs (pastor) M.W. Meijer uit Oosterwijtwerd op 26 september 2025","dc_type":"reactie","foi_fileName":"reactie_Drs (pastor) M.W. Meijer_Oosterwijtwerd_26 september 2025.txt","foi_nrPages":1},{"dc_format":"text/plain","dc_identifier":"nl.mnre1162.2e-i.2025.4.doc.411","dc_title":"Reactie: Drs B. Roukema uit Ermelo op 10 september 2025","dc_type":"reactie","foi_fileName":"reactie_Drs B. Roukema_Ermelo_10 september 2025.txt","foi_nrPages":1},{"dc_format":"text/plain","dc_identifier":"nl.mnre1162.2e-i.2025.4.doc.261","dc_title":"Reactie: drs G.W.M. Haverkamp uit Arnhem op 20 september 2025","dc_type":"reactie","foi_fileName":"reactie_drs G.W.M. Haverkamp_Arnhem_20 september 2025.txt","foi_nrPages":1},{"dc_format":"text/plain","dc_identifier":"nl.mnre1162.2e-i.2025.4.doc.203","dc_title":"Reactie: Drs MJM van der Horst uit Tolbert op 22 september 2025","dc_type":"reactie","foi_fileName":"reactie_Drs MJM van der Horst_Tolbert_22 september 2025.txt","foi_nrPages":1},{"dc_format":"text/plain","dc_identifier":"nl.mnre1162.2e-i.2025.4.doc.25","dc_title":"Reactie: Drs P Veldman uit Almere op 26 september 2025","dc_type":"reactie","foi_fileName":"reactie_Drs P Veldman_Almere_26 september 2025.txt"},{"dc_format":"text/plain","dc_identifier":"nl.mnre1162.2e-i.2025.4.doc.379","dc_title":"Reactie: drs PC NOORT uit MALDEN op 11 september 2025","dc_type":"reactie","foi_fileName":"reactie_drs PC NOORT_MALDEN_11 september 2025.txt","foi_nrPages":1},{"dc_format":"text/plain","dc_identifier":"nl.mnre1162.2e-i.2025.4.doc.485","dc_title":"Reactie: drs. CKM Biezen uit Veldhoven op 9 september 2025","dc_type":"reactie","foi_fileName":"reactie_drs. CKM Biezen_Veldhoven_9 september 2025.txt","foi_nrPages":1},{"dc_format":"text/plain","dc_identifier":"nl.mnre1162.2e-i.2025.4.doc.444","dc_title":"Reactie: drs. G.J. Westerveld uit Utrecht op 9 september 2025","dc_type":"reactie","foi_fileName":"reactie_drs. G.J. Westerveld_Utrecht_9 september 2025.txt","foi_nrPages":1},{"dc_format":"text/plain","dc_identifier":"nl.mnre1162.2e-i.2025.4.doc.22","dc_title":"Reactie: Drs. G.W. van der Werf uit Finsterwolde op 26 september 2025","dc_type":"reactie","foi_fileName":"reactie_Drs. G.W. van der Werf_Finsterwolde_26 september 2025.txt","foi_nrPages":1},{"dc_format":"text/plain","dc_identifier":"nl.mnre1162.2e-i.2025.4.doc.538","dc_title":"Reactie: drs. H Koppelaar uit Woerden op 9 september 2025","dc_type":"reactie","foi_fileName":"reactie_drs. H Koppelaar_Woerden_9 september 2025.txt","foi_nrPages":1},{"dc_format":"text/plain","dc_identifier":"nl.mnre1162.2e-i.2025.4.doc.321","dc_title":"Reactie: Drs. ing. E.A. van der Linden uit Den Haag op 14 september 2025","dc_type":"reactie","foi_fileName":"reactie_Drs. ing. E.A. van der Linden_Den Haag_14 september 2025.txt","foi_nrPages":1},{"dc_format":"text/plain","dc_identifier":"nl.mnre1162.2e-i.2025.4.doc.179","dc_title":"Reactie: Drs. L Molenaar uit Eindhoven op 23 september 2025","dc_type":"reactie","foi_fileName":"reactie_Drs. L Molenaar_Eindhoven_23 september 2025.txt","foi_nrPages":1},{"dc_format":"text/plain","dc_identifier":"nl.mnre1162.2e-i.2025.4.doc.270","dc_title":"Reactie: drs. MA E.K. Verhagen-Krikke uit Zwolle op 20 september 2025","dc_type":"reactie","foi_fileName":"reactie_drs. MA E.K. Verhagen-Krikke_Zwolle_20 september 2025.txt","foi_nrPages":1},{"dc_format":"text/plain","dc_identifier":"nl.mnre1162.2e-i.2025.4.doc.72","dc_title":"Reactie: Drs. P.J. Sweep uit Assen op 25 september 2025","dc_type":"reactie","foi_fileName":"reactie_Drs. P.J. Sweep_Assen_25 september 2025.txt","foi_nrPages":1},{"dc_format":"text/plain","dc_identifier":"nl.mnre1162.2e-i.2025.4.doc.143","dc_title":"Reactie: Ds. A.W. Beute uit Amsterdam op 24 september 2025","dc_type":"reactie","foi_fileName":"reactie_Ds. A.W. Beute_Amsterdam_24 september 2025.txt","foi_nrPages":1},{"dc_format":"text/plain","dc_identifier":"nl.mnre1162.2e-i.2025.4.doc.264","dc_title":"Reactie: ds. M. Bogaard uit Rotterdam op 20 september 2025","dc_type":"reactie","foi_fileName":"reactie_ds. M. Bogaard_Rotterdam_20 september 2025.txt","foi_nrPages":1},{"dc_format":"text/plain","dc_identifier":"nl.mnre1162.2e-i.2025.4.doc.272","dc_title":"Reactie: Ds.drs. P. J. van Helden uit 's-Hertogenbosch op 20 september 2025","dc_type":"reactie","foi_fileName":"reactie_Ds.drs. P. J. van Helden_'s-Hertogenbosch_20 september 2025.txt","foi_nrPages":1},{"dc_format":"text/plain","dc_identifier":"nl.mnre1162.2e-i.2025.4.doc.492","dc_title":"Reactie: Dus ing FAP Meier uit 's-Gravenhage op 9 september 2025","dc_type":"reactie","foi_fileName":"reactie_Dus ing FAP Meier_'s-Gravenhage_9 september 2025.txt","foi_nrPages":1},{"dc_format":"text/plain","dc_identifier":"nl.mnre1162.2e-i.2025.4.doc.104","dc_title":"Reactie: E.A. Kwakkel-Vroegop uit Wageningen op 25 september 2025","dc_type":"reactie","foi_fileName":"reactie_E.A. Kwakkel-Vroegop_Wageningen_25 september 2025.txt","foi_nrPages":1},{"dc_format":"text/plain","dc_identifier":"nl.mnre1162.2e-i.2025.4.doc.540","dc_title":"Reactie: E.P. Bouman uit Kloosterburen op 9 september 2025","dc_type":"reactie","foi_fileName":"reactie_E.P. Bouman_Kloosterburen_9 september 2025.txt","foi_nrPages":1},{"dc_format":"text/plain","dc_identifier":"nl.mnre1162.2e-i.2025.4.doc.119","dc_title":"Reactie: ECM Tiggeler- de Jong uit Amsterdam op 25 september 2025","dc_type":"reactie","foi_fileName":"reactie_ECM Tiggeler- de Jong_Amsterdam_25 september 2025.txt","foi_nrPages":1},{"dc_format":"text/plain","dc_identifier":"nl.mnre1162.2e-i.2025.4.doc.468","dc_title":"Reactie: Eline Gumbert uit Nieuw-Vennep op 9 september 2025","dc_type":"reactie","foi_fileName":"reactie_Eline Gumbert_Nieuw-Vennep_9 september 2025.txt","foi_nrPages":1},{"dc_format":"text/plain","dc_identifier":"nl.mnre1162.2e-i.2025.4.doc.258","dc_title":"Reactie: emeritus studentenpredikant A.H. van Osnabrugge uit Amsterdam op 20 september 2025","dc_type":"reactie","foi_fileName":"reactie_emeritus studentenpredikant A.H. van Osnabrugge_Amsterdam_20 september 2025.txt","foi_nrPages":1},{"dc_format":"text/plain","dc_identifier":"nl.mnre1162.2e-i.2025.4.doc.466","dc_title":"Reactie: Evang. Lutherse Gemeente Utrecht (Gerrit Krul) uit Utrecht op 9 september 2025","dc_type":"reactie","foi_fileName":"reactie_Evang. Lutherse Gemeente Utrecht (Gerrit Krul)_Utrecht_9 september 2025.txt","foi_nrPages":1},{"dc_format":"text/plain","dc_identifier":"nl.mnre1162.2e-i.2025.4.doc.566","dc_title":"Reactie: F Booij uit Oldeholtpade op 8 september 2025","dc_type":"reactie","foi_fileName":"reactie_F Booij_Oldeholtpade_8 september 2025.txt","foi_nrPages":1},{"dc_format":"text/plain","dc_identifier":"nl.mnre1162.2e-i.2025.4.doc.320","dc_title":"Reactie: F.H. Harman uit Lisse op 14 september 2025","dc_type":"reactie","foi_fileName":"reactie_F.H. Harman_Lisse_14 september 2025.txt","foi_nrPages":1},{"dc_format":"text/plain","dc_identifier":"nl.mnre1162.2e-i.2025.4.doc.26","dc_title":"Reactie: Fam J.W. Roosenbrand uit Leens op 26 september 2025","dc_type":"reactie","foi_fileName":"reactie_Fam J.W. Roosenbrand_Leens_26 september 2025.txt","foi_nrPages":1},{"dc_format":"text/plain","dc_identifier":"nl.mnre1162.2e-i.2025.4.doc.160","dc_title":"Reactie: Federatie van samenwerkende kerkgenootschappen in Gouda en omstreken (secretaris FederatieGouda C. van Dijk) uit Gouda op 24 september 2025","dc_type":"reactie","foi_fileName":"reactie_Federatie van samenwerkende kerkgenootschappen in Gouda en omstreken (secretaris FederatieGouda C. van Dijk)_Gouda_24 september 2025.txt","foi_nrPages":1},{"dc_format":"text/plain","dc_identifier":"nl.mnre1162.2e-i.2025.4.doc.419","dc_title":"Reactie: FJMM Vliegenberg uit Asten op 10 september 2025","dc_type":"reactie","foi_fileName":"reactie_FJMM Vliegenberg_Asten_10 september 2025.txt","foi_nrPages":1},{"dc_format":"text/plain","dc_identifier":"nl.mnre1162.2e-i.2025.4.doc.518","dc_title":"Reactie: G Klein Hofmeijer uit Middelburg op 9 september 2025","dc_type":"reactie","foi_fileName":"reactie_G Klein Hofmeijer_Middelburg_9 september 2025.txt","foi_nrPages":1},{"dc_format":"text/plain","dc_identifier":"nl.mnre1162.2e-i.2025.4.doc.535","dc_title":"Reactie: g van Bohemen uit Assen op 9 september 2025","dc_type":"reactie","foi_fileName":"reactie_g van Bohemen_Assen_9 september 2025.txt","foi_nrPages":1},{"dc_format":"text/plain","dc_identifier":"nl.mnre1162.2e-i.2025.4.doc.19","dc_title":"Reactie: G. Drevel uit Midwolda op 26 september 2025","dc_type":"reactie","foi_fileName":"reactie_G. Drevel_Midwolda_26 september 2025.txt","foi_nrPages":1},{"dc_format":"text/plain","dc_identifier":"nl.mnre1162.2e-i.2025.4.doc.462","dc_title":"Reactie: G.J. van Doesburg uit Delfzijl op 9 september 2025","dc_type":"reactie","foi_fileName":"reactie_G.J. van Doesburg_Delfzijl_9 september 2025.txt","foi_nrPages":1},{"dc_format":"text/plain","dc_identifier":"nl.mnre1162.2e-i.2025.4.doc.172","dc_title":"Reactie: G.M. Lohmann uit Zuidwolde op 23 september 2025","dc_type":"reactie","foi_fileName":"reactie_G.M. Lohmann_Zuidwolde_23 september 2025.txt","foi_nrPages":1},{"dc_format":"text/plain","dc_identifier":"nl.mnre1162.2e-i.2025.4.doc.426","dc_title":"Reactie: Gemeente Ambtenaar Nationaliteiten (A.F. Sackman) uit Amsterdam op 10 september 2025","dc_type":"reactie","foi_fileName":"reactie_Gemeente Ambtenaar Nationaliteiten (A.F. Sackman)_Amsterdam_10 september 2025.txt","foi_nrPages":1},{"dc_format":"text/plain","dc_identifier":"nl.mnre1162.2e-i.2025.4.doc.185","dc_title":"Reactie: Gemeente Arnhem (Thor Smits) uit Arnhem op 23 september 2025","dc_type":"reactie","foi_fileName":"reactie_Gemeente Arnhem (Thor Smits)_Arnhem_23 september 2025.txt","foi_nrPages":1},{"dc_format":"text/plain","dc_identifier":"nl.mnre1162.2e-i.2025.4.doc.408","dc_title":"Reactie: GFJ van Santen uit Rotterdam op 10 september 2025","dc_type":"reactie","foi_fileName":"reactie_GFJ van Santen_Rotterdam_10 september 2025.txt","foi_nrPages":1},{"dc_format":"text/plain","dc_identifier":"nl.mnre1162.2e-i.2025.4.doc.567","dc_title":"Reactie: GGA Kramer uit Doorn op 8 september 2025","dc_type":"reactie","foi_fileName":"reactie_GGA Kramer_Doorn_8 september 2025.txt","foi_nrPages":1},{"dc_format":"text/plain","dc_identifier":"nl.mnre1162.2e-i.2025.4.doc.559","dc_title":"Reactie: Griffieondersteunig Gemeenteraad Utrecht uit Utrecht op 8 september 2025","dc_type":"reactie","foi_fileName":"reactie_Griffieondersteunig Gemeenteraad Utrecht_Utrecht_8 september 2025.txt","foi_nrPages":1},{"dc_format":"text/plain","dc_identifier":"nl.mnre1162.2e-i.2025.4.doc.425","dc_title":"Reactie: H Karasu uit Naarden op 10 september 2025","dc_type":"reactie","foi_fileName":"reactie_H Karasu_Naarden_10 september 2025.txt","foi_nrPages":1},{"dc_format":"text/plain","dc_identifier":"nl.mnre1162.2e-i.2025.4.doc.184","dc_title":"Reactie: H Scholten uit nijmegen op 23 september 2025","dc_type":"reactie","foi_fileName":"reactie_H Scholten_nijmegen_23 september 2025.txt","foi_nrPages":1},{"dc_format":"text/plain","dc_identifier":"nl.mnre1162.2e-i.2025.4.doc.522","dc_title":"Reactie: H Smits uit Amsterdam op 9 september 2025","dc_type":"reactie","foi_fileName":"reactie_H Smits_Amsterdam_9 september 2025.txt","foi_nrPages":1},{"dc_format":"text/plain","dc_identifier":"nl.mnre1162.2e-i.2025.4.doc.498","dc_title":"Reactie: H. het Lam uit Haarlem op 9 september 2025","dc_type":"reactie","foi_fileName":"reactie_H. het Lam_Haarlem_9 september 2025.txt","foi_nrPages":1},{"dc_format":"text/plain","dc_identifier":"nl.mnre1162.2e-i.2025.4.doc.152","dc_title":"Reactie: H.E. Wuite-Harmsma uit Amsterdam op 24 september 2025","dc_type":"reactie","foi_fileName":"reactie_H.E. Wuite-Harmsma_Amsterdam_24 september 2025.txt","foi_nrPages":1},{"dc_format":"text/plain","dc_identifier":"nl.mnre1162.2e-i.2025.4.doc.513","dc_title":"Reactie: Henk Venema uit De Fryske Marren op 9 september 2025","dc_type":"reactie","foi_fileName":"reactie_Henk Venema_De Fryske Marren_9 september 2025.txt","foi_nrPages":1},{"dc_format":"text/plain","dc_identifier":"nl.mnre1162.2e-i.2025.4.doc.139","dc_title":"Reactie: Hiv Vereniging (mr R.A.M. Brands) uit Amsterdam op 24 september 2025","dc_type":"reactie","foi_fileName":"reactie_Hiv Vereniging (mr R.A.M. Brands)_Amsterdam_24 september 2025.txt","foi_nrPages":1},{"dc_format":"text/plain","dc_identifier":"nl.mnre1162.2e-i.2025.4.doc.353","dc_title":"Reactie: Huize Agnes (D Maas) uit Utrecht op 12 september 2025","dc_type":"reactie","foi_fileName":"reactie_Huize Agnes (D Maas)_Utrecht_12 september 2025.txt","foi_nrPages":1},{"dc_format":"text/plain","dc_identifier":"nl.mnre1162.2e-i.2025.4.doc.78","dc_title":"Reactie: I Huisman uit Gouda op 25 september 2025","dc_type":"reactie","foi_fileName":"reactie_I Huisman_Gouda_25 september 2025.txt","foi_nrPages":1},{"dc_format":"text/plain","dc_identifier":"nl.mnre1162.2e-i.2025.4.doc.446","dc_title":"Reactie: I Van liempt uit Amsterdam op 9 september 2025","dc_type":"reactie","foi_fileName":"reactie_I Van liempt_Amsterdam_9 september 2025.txt","foi_nrPages":1},{"dc_format":"text/plain","dc_identifier":"nl.mnre1162.2e-i.2025.4.doc.384","dc_title":"Reactie: I. van Beijnum uit Gouda op 11 september 2025","dc_type":"reactie","foi_fileName":"reactie_I. van Beijnum_Gouda_11 september 2025.txt","foi_nrPages":1},{"dc_format":"text/plain","dc_identifier":"nl.mnre1162.2e-i.2025.4.doc.343","dc_title":"Reactie: Ik vind de voorgestelde wet niet eerlijk. Ismet \u00dcnsal uit Maastricht op 12 september 2025","dc_type":"reactie","foi_fileName":"reactie_Ik vind de voorgestelde wet niet eerlijk. Ismet \u00dcnsal_Maastricht_12 september 2025.txt","foi_nrPages":1},{"dc_format":"text/plain","dc_identifier":"nl.mnre1162.2e-i.2025.4.doc.376","dc_title":"Reactie: Ik wil gewoon als mens leven Esra Yakut uit Farmsum op 11 september 2025","dc_type":"reactie","foi_fileName":"reactie_Ik wil gewoon als mens leven Esra Yakut_Farmsum_11 september 2025.txt","foi_nrPages":1},{"dc_format":"text/plain","dc_identifier":"nl.mnre1162.2e-i.2025.4.doc.530","dc_title":"Reactie: Illegaliteit moet strafbaar worden I Guliyev uit Leeuwarden op 9 september 2025","dc_type":"reactie","foi_fileName":"reactie_Illegaliteit moet strafbaar worden I Guliyev_Leeuwarden_9 september 2025.txt","foi_nrPages":1},{"dc_format":"text/plain","dc_identifier":"nl.mnre1162.2e-i.2025.4.doc.373","dc_title":"Reactie: Ir K De Jong uit Groningen op 11 september 2025","dc_type":"reactie","foi_fileName":"reactie_Ir K De Jong_Groningen_11 september 2025.txt","foi_nrPages":1},{"dc_format":"text/plain","dc_identifier":"nl.mnre1162.2e-i.2025.4.doc.335","dc_title":"Reactie: Ir. L.C. Maas uit Wageningen op 12 september 2025","dc_type":"reactie","foi_fileName":"reactie_Ir. L.C. Maas_Wageningen_12 september 2025.txt","foi_nrPages":1},{"dc_format":"text/plain","dc_identifier":"nl.mnre1162.2e-i.2025.4.doc.533","dc_title":"Reactie: J Beckers uit Echt-Susteren op 9 september 2025","dc_type":"reactie","foi_fileName":"reactie_J Beckers_Echt-Susteren_9 september 2025.txt","foi_nrPages":1},{"dc_format":"text/plain","dc_identifier":"nl.mnre1162.2e-i.2025.4.doc.563","dc_title":"Reactie: J Smelik uit Austerlitz op 8 september 2025","dc_type":"reactie","foi_fileName":"reactie_J Smelik_Austerlitz_8 september 2025.txt","foi_nrPages":1},{"dc_format":"text/plain","dc_identifier":"nl.mnre1162.2e-i.2025.4.doc.108","dc_title":"Reactie: J. Renes uit Julianadorp op 25 september 2025","dc_type":"reactie","foi_fileName":"reactie_J. Renes_Julianadorp_25 september 2025.txt","foi_nrPages":1},{"dc_format":"text/plain","dc_identifier":"nl.mnre1162.2e-i.2025.4.doc.450","dc_title":"Reactie: J.A. Van der Tuijn uit Rotterdam op 9 september 2025","dc_type":"reactie","foi_fileName":"reactie_J.A. Van der Tuijn_Rotterdam_9 september 2025.txt","foi_nrPages":1},{"dc_format":"text/plain","dc_identifier":"nl.mnre1162.2e-i.2025.4.doc.30","dc_title":"Reactie: j.b quik-verweij uit heelsum op 26 september 2025","dc_type":"reactie","foi_fileName":"reactie_j.b quik-verweij_heelsum_26 september 2025.txt","foi_nrPages":1},{"dc_format":"text/plain","dc_identifier":"nl.mnre1162.2e-i.2025.4.doc.127","dc_title":"Reactie: J.C.M. Vogten uit Den Haag op 25 september 2025","dc_type":"reactie","foi_fileName":"reactie_J.C.M. Vogten_Den Haag_25 september 2025.txt","foi_nrPages":1},{"dc_format":"text/plain","dc_identifier":"nl.mnre1162.2e-i.2025.4.doc.391","dc_title":"Reactie: J.L. van Alkemade uit Amersfoort op 11 september 2025","dc_type":"reactie","foi_fileName":"reactie_J.L. van Alkemade_Amersfoort_11 september 2025.txt","foi_nrPages":1},{"dc_format":"text/plain","dc_identifier":"nl.mnre1162.2e-i.2025.4.doc.280","dc_title":"Reactie: J.W.A. Langendijk uit Bitgummole op 19 september 2025","dc_type":"reactie","foi_fileName":"reactie_J.W.A. Langendijk_Bitgummole_19 september 2025.txt","foi_nrPages":1},{"dc_format":"text/plain","dc_identifier":"nl.mnre1162.2e-i.2025.4.doc.10","dc_title":"Reactie: Jan Drewel uit Nieuwolda op 26 september 2025","dc_type":"reactie","foi_fileName":"reactie_Jan Drewel_Nieuwolda_26 september 2025.txt"},{"dc_format":"text/plain","dc_identifier":"nl.mnre1162.2e-i.2025.4.doc.465","dc_title":"Reactie: JBJ Hatenboer uit Rotterdam op 9 september 2025","dc_type":"reactie","foi_fileName":"reactie_JBJ Hatenboer_Rotterdam_9 september 2025.txt","foi_nrPages":1},{"dc_format":"text/plain","dc_identifier":"nl.mnre1162.2e-i.2025.4.doc.551","dc_title":"Reactie: JFO Neels uit Soest op 8 september 2025","dc_type":"reactie","foi_fileName":"reactie_JFO Neels_Soest_8 september 2025.txt","foi_nrPages":1},{"dc_format":"text/plain","dc_identifier":"nl.mnre1162.2e-i.2025.4.doc.433","dc_title":"Reactie: JK Bommer uit Wijnandsrade op 10 september 2025","dc_type":"reactie","foi_fileName":"reactie_JK Bommer_Wijnandsrade_10 september 2025.txt","foi_nrPages":1},{"dc_format":"text/plain","dc_identifier":"nl.mnre1162.2e-i.2025.4.doc.536","dc_title":"Reactie: JLGJ Morsink uit Borne op 9 september 2025","dc_type":"reactie","foi_fileName":"reactie_JLGJ Morsink_Borne_9 september 2025.txt","foi_nrPages":1},{"dc_format":"text/plain","dc_identifier":"nl.mnre1162.2e-i.2025.4.doc.204","dc_title":"Reactie: Johannes Wier Stichting (dr. A.J. Struijs) uit Amsterdam op 22 september 2025","dc_type":"reactie","foi_fileName":"reactie_Johannes Wier Stichting (dr. A.J. Struijs)_Amsterdam_22 september 2025.txt","foi_nrPages":1},{"dc_format":"text/plain","dc_identifier":"nl.mnre1162.2e-i.2025.4.doc.251","dc_title":"Reactie: Johannes Wier Stichting (MPH A.G. Broekens) uit Den Haag op 21 september 2025","dc_type":"reactie","foi_fileName":"reactie_Johannes Wier Stichting (MPH A.G. Broekens)_Den Haag_21 september 2025.txt","foi_nrPages":1},{"dc_format":"text/plain","dc_identifier":"nl.mnre1162.2e-i.2025.4.doc.285","dc_title":"Reactie: Johannes Wierstichting (N.E. Warmenhoven) uit Utrecht op 18 september 2025","dc_type":"reactie","foi_fileName":"reactie_Johannes Wierstichting (N.E. Warmenhoven)_Utrecht_18 september 2025.txt","foi_nrPages":1},{"dc_format":"text/plain","dc_identifier":"nl.mnre1162.2e-i.2025.4.doc.232","dc_title":"Reactie: Journalist en ouderling van een kerk F Mulder uit Utrecht op 22 september 2025","dc_type":"reactie","foi_fileName":"reactie_Journalist en ouderling van een kerk F Mulder_Utrecht_22 september 2025.txt","foi_nrPages":1},{"dc_format":"text/plain","dc_identifier":"nl.mnre1162.2e-i.2025.4.doc.453","dc_title":"Reactie: K Beek uit Schiedam op 9 september 2025","dc_type":"reactie","foi_fileName":"reactie_K Beek_Schiedam_9 september 2025.txt","foi_nrPages":1},{"dc_format":"text/plain","dc_identifier":"nl.mnre1162.2e-i.2025.4.doc.8","dc_title":"Reactie: K Keegstra uit Groningen op 26 september 2025","dc_type":"reactie","foi_fileName":"reactie_K Keegstra_Groningen_26 september 2025.txt"},{"dc_format":"text/plain","dc_identifier":"nl.mnre1162.2e-i.2025.4.doc.455","dc_title":"Reactie: K. Achterhof uit Gytsjerk op 9 september 2025","dc_type":"reactie","foi_fileName":"reactie_K. Achterhof_Gytsjerk_9 september 2025.txt","foi_nrPages":1},{"dc_format":"text/plain","dc_identifier":"nl.mnre1162.2e-i.2025.4.doc.130","dc_title":"Reactie: K.J. Suidgeest uit Rotterdam op 24 september 2025","dc_type":"reactie","foi_fileName":"reactie_K.J. Suidgeest_Rotterdam_24 september 2025.txt","foi_nrPages":1},{"dc_format":"text/plain","dc_identifier":"nl.mnre1162.2e-i.2025.4.doc.499","dc_title":"Reactie: Kees Versluis uit Veenendaal op 9 september 2025","dc_type":"reactie","foi_fileName":"reactie_Kees Versluis_Veenendaal_9 september 2025.txt","foi_nrPages":1},{"dc_format":"text/plain","dc_identifier":"nl.mnre1162.2e-i.2025.4.doc.228","dc_title":"Reactie: Kies voor humaan beleid JI Hulleman uit Amsterdam op 22 september 2025","dc_type":"reactie","foi_fileName":"reactie_Kies voor humaan beleid JI Hulleman_Amsterdam_22 september 2025.txt","foi_nrPages":1},{"dc_format":"text/plain","dc_identifier":"nl.mnre1162.2e-i.2025.4.doc.17","dc_title":"Reactie: L Hut uit Nieuwolda op 26 september 2025","dc_type":"reactie","foi_fileName":"reactie_L Hut_Nieuwolda_26 september 2025.txt","foi_nrPages":1},{"dc_format":"text/plain","dc_identifier":"nl.mnre1162.2e-i.2025.4.doc.313","dc_title":"Reactie: M Kaya uit Katwijk aan Zee op 16 september 2025","dc_type":"reactie","foi_fileName":"reactie_M Kaya_Katwijk aan Zee_16 september 2025.txt","foi_nrPages":1},{"dc_format":"text/plain","dc_identifier":"nl.mnre1162.2e-i.2025.4.doc.248","dc_title":"Reactie: M Koelewijn uit Ruurlo op 21 september 2025","dc_type":"reactie","foi_fileName":"reactie_M Koelewijn_Ruurlo_21 september 2025.txt","foi_nrPages":1},{"dc_format":"text/plain","dc_identifier":"nl.mnre1162.2e-i.2025.4.doc.454","dc_title":"Reactie: M Schrier uit Delft op 9 september 2025","dc_type":"reactie","foi_fileName":"reactie_M Schrier_Delft_9 september 2025.txt","foi_nrPages":1},{"dc_format":"text/plain","dc_identifier":"nl.mnre1162.2e-i.2025.4.doc.183","dc_title":"Reactie: M. Groot uit Amsterdam op 23 september 2025","dc_type":"reactie","foi_fileName":"reactie_M. Groot_Amsterdam_23 september 2025.txt","foi_nrPages":1},{"dc_format":"text/plain","dc_identifier":"nl.mnre1162.2e-i.2025.4.doc.482","dc_title":"Reactie: M. Van Schoot uit Diemen op 9 september 2025","dc_type":"reactie","foi_fileName":"reactie_M. Van Schoot_Diemen_9 september 2025.txt","foi_nrPages":1},{"dc_format":"text/plain","dc_identifier":"nl.mnre1162.2e-i.2025.4.doc.236","dc_title":"Reactie: M. Weijs uit Amsterdam op 22 september 2025","dc_type":"reactie","foi_fileName":"reactie_M. Weijs_Amsterdam_22 september 2025.txt","foi_nrPages":1},{"dc_format":"text/plain","dc_identifier":"nl.mnre1162.2e-i.2025.4.doc.326","dc_title":"Reactie: M.A O uit Purmerend op 13 september 2025","dc_type":"reactie","foi_fileName":"reactie_M.A O_Purmerend_13 september 2025.txt","foi_nrPages":1},{"dc_format":"text/plain","dc_identifier":"nl.mnre1162.2e-i.2025.4.doc.553","dc_title":"Reactie: M.A. Breddels uit Alkmaar op 8 september 2025","dc_type":"reactie","foi_fileName":"reactie_M.A. Breddels_Alkmaar_8 september 2025.txt","foi_nrPages":1},{"dc_format":"text/plain","dc_identifier":"nl.mnre1162.2e-i.2025.4.doc.262","dc_title":"Reactie: M.Ed M.J. Kanis uit Leiden op 20 september 2025","dc_type":"reactie","foi_fileName":"reactie_M.Ed M.J. Kanis_Leiden_20 september 2025.txt","foi_nrPages":1},{"dc_format":"text/plain","dc_identifier":"nl.mnre1162.2e-i.2025.4.doc.544","dc_title":"Reactie: M.P.M. Hagendoorn uit Leiden op 8 september 2025","dc_type":"reactie","foi_fileName":"reactie_M.P.M. Hagendoorn_Leiden_8 september 2025.txt","foi_nrPages":1},{"dc_format":"text/plain","dc_identifier":"nl.mnre1162.2e-i.2025.4.doc.199","dc_title":"Reactie: MA, MSEN A. Scholten uit Haarlem op 23 september 2025","dc_type":"reactie","foi_fileName":"reactie_MA, MSEN A. Scholten_Haarlem_23 september 2025.txt","foi_nrPages":1},{"dc_format":"text/plain","dc_identifier":"nl.mnre1162.2e-i.2025.4.doc.164","dc_title":"Reactie: Maya Angelou Opvang/Gelagkameroverleg (G.J Hovingh) uit Amsterdam op 24 september 2025","dc_type":"reactie","foi_fileName":"reactie_Maya Angelou Opvang/Gelagkameroverleg (G.J Hovingh)_Amsterdam_24 september 2025.txt","foi_nrPages":1},{"dc_format":"text/plain","dc_identifier":"nl.mnre1162.2e-i.2025.4.doc.128","dc_title":"Reactie: mensen zonder documenten zijn GEEN criminelen F. A. M. Rops uit NongPrue (Darkside Pattaya), Thailand op 25 september 2025","dc_type":"reactie","foi_fileName":"reactie_mensen zonder documenten zijn GEEN criminelen F. A. M. Rops_NongPrue (Darkside Pattaya), Thailand_25 september 2025.txt","foi_nrPages":1},{"dc_format":"text/plain","dc_identifier":"nl.mnre1162.2e-i.2025.4.doc.478","dc_title":"Reactie: mevr l roof uit boornbergum op 9 september 2025","dc_type":"reactie","foi_fileName":"reactie_mevr l roof_boornbergum_9 september 2025.txt","foi_nrPages":1},{"dc_format":"text/plain","dc_identifier":"nl.mnre1162.2e-i.2025.4.doc.149","dc_title":"Reactie: Mevrouw B Beikes uit Hoogvliet op 24 september 2025","dc_type":"reactie","foi_fileName":"reactie_Mevrouw B Beikes_Hoogvliet_24 september 2025.txt","foi_nrPages":1},{"dc_format":"text/plain","dc_identifier":"nl.mnre1162.2e-i.2025.4.doc.298","dc_title":"Reactie: Mevrouw CF Visser uit Etten-Leur op 18 september 2025","dc_type":"reactie","foi_fileName":"reactie_Mevrouw CF Visser_Etten-Leur_18 september 2025.txt","foi_nrPages":1},{"dc_format":"text/plain","dc_identifier":"nl.mnre1162.2e-i.2025.4.doc.378","dc_title":"Reactie: Mevrouw MLIM Cornelis uit Vlijmen op 11 september 2025","dc_type":"reactie","foi_fileName":"reactie_Mevrouw MLIM Cornelis_Vlijmen_11 september 2025.txt","foi_nrPages":1},{"dc_format":"text/plain","dc_identifier":"nl.mnre1162.2e-i.2025.4.doc.516","dc_title":"Reactie: Mr L. De Vries uit Zoetermeer op 9 september 2025","dc_type":"reactie","foi_fileName":"reactie_Mr L. De Vries_Zoetermeer_9 september 2025.txt","foi_nrPages":1},{"dc_format":"text/plain","dc_identifier":"nl.mnre1162.2e-i.2025.4.doc.410","dc_title":"Reactie: mr s van den Berg uit Lent op 10 september 2025","dc_type":"reactie","foi_fileName":"reactie_mr s van den Berg_Lent_10 september 2025.txt","foi_nrPages":1},{"dc_format":"text/plain","dc_identifier":"nl.mnre1162.2e-i.2025.4.doc.556","dc_title":"Reactie: mvandersteltbv@gmail.com (REACTIE CONSULTATIE M. VAN DER STELT) uit Dordrecht op 8 september 2025","dc_type":"reactie","foi_fileName":"reactie_mvandersteltbv@gmail.com (REACTIE CONSULTATIE M. VAN DER STELT)_Dordrecht_8 september 2025.txt","foi_nrPages":1},{"dc_format":"text/plain","dc_identifier":"nl.mnre1162.2e-i.2025.4.doc.165","dc_title":"Reactie: Mw H.S.M. Lases uit Noordhorn op 24 september 2025","dc_type":"reactie","foi_fileName":"reactie_Mw H.S.M. Lases_Noordhorn_24 september 2025.txt","foi_nrPages":1},{"dc_format":"text/plain","dc_identifier":"nl.mnre1162.2e-i.2025.4.doc.81","dc_title":"Reactie: Mw. Marry Scholten uit Hoofddorp op 25 september 2025","dc_type":"reactie","foi_fileName":"reactie_Mw. Marry Scholten_Hoofddorp_25 september 2025.txt","foi_nrPages":1},{"dc_format":"text/plain","dc_identifier":"nl.mnre1162.2e-i.2025.4.doc.113","dc_title":"Reactie: Nederlandse Vereniging van Spoedeisende Hulp Artsen (NVSHA) (Dr Y.L. Basta) uit Utrecht op 25 september 2025","dc_type":"reactie","foi_fileName":"reactie_Nederlandse Vereniging van Spoedeisende Hulp Artsen (NVSHA) (Dr Y.L. Basta)_Utrecht_25 september 2025.txt","foi_nrPages":1},{"dc_format":"text/plain","dc_identifier":"nl.mnre1162.2e-i.2025.4.doc.325","dc_title":"Reactie: Nee tegen Asielwet Mehmet Kambur uit Den Bosch op 13 september 2025","dc_type":"reactie","foi_fileName":"reactie_Nee tegen Asielwet Mehmet Kambur_Den Bosch_13 september 2025.txt","foi_nrPages":1},{"dc_format":"text/plain","dc_identifier":"nl.mnre1162.2e-i.2025.4.doc.243","dc_title":"Reactie: Nee tegen Asielwet: Bescherm Rechten en Waarden F Cengiz uit Epe op 21 september 2025","dc_type":"reactie","foi_fileName":"reactie_Nee tegen Asielwet: Bescherm Rechten en Waarden F Cengiz_Epe_21 september 2025.txt","foi_nrPages":1},{"dc_format":"text/plain","dc_identifier":"nl.mnre1162.2e-i.2025.4.doc.557","dc_title":"Reactie: Netto Belastingbetaler (B vd Steeg) uit Apeldoorn op 8 september 2025","dc_type":"reactie","foi_fileName":"reactie_Netto Belastingbetaler (B vd Steeg)_Apeldoorn_8 september 2025.txt","foi_nrPages":1},{"dc_format":"text/plain","dc_identifier":"nl.mnre1162.2e-i.2025.4.doc.404","dc_title":"Reactie: Nieuwe asielwetgeving Yavuz Yakut uit Nederland op 10 september 2025","dc_type":"reactie","foi_fileName":"reactie_Nieuwe asielwetgeving Yavuz Yakut_Nederland_10 september 2025.txt","foi_nrPages":1},{"dc_format":"text/plain","dc_identifier":"nl.mnre1162.2e-i.2025.4.doc.441","dc_title":"Reactie: Novelle strafbaarstelling illegaal verblijf A. Gedik uit Venhuizen op 9 september 2025","dc_type":"reactie","foi_fileName":"reactie_Novelle strafbaarstelling illegaal verblijf A. Gedik_Venhuizen_9 september 2025.txt","foi_nrPages":1},{"dc_format":"text/plain","dc_identifier":"nl.mnre1162.2e-i.2025.4.doc.341","dc_title":"Reactie: Novelle strafbaarstelling illegaal verblijf MMH Hoiland uit Noordwijk op 12 september 2025","dc_type":"reactie","foi_fileName":"reactie_Novelle strafbaarstelling illegaal verblijf MMH Hoiland_Noordwijk_12 september 2025.txt","foi_nrPages":1},{"dc_format":"text/plain","dc_identifier":"nl.mnre1162.2e-i.2025.4.doc.546","dc_title":"Reactie: NVT (ir C M WILSON) uit LEIDEN op 8 september 2025","dc_type":"reactie","foi_fileName":"reactie_NVT (ir C M WILSON)_LEIDEN_8 september 2025.txt","foi_nrPages":1},{"dc_format":"text/plain","dc_identifier":"nl.mnre1162.2e-i.2025.4.doc.452","dc_title":"Reactie: nvt (Mw Mieke Smeulers) uit Eindhoven op 9 september 2025","dc_type":"reactie","foi_fileName":"reactie_nvt (Mw Mieke Smeulers)_Eindhoven_9 september 2025.txt","foi_nrPages":1},{"dc_format":"text/plain","dc_identifier":"nl.mnre1162.2e-i.2025.4.doc.437","dc_title":"Reactie: NY Noortje Yska uit venlo op 9 september 2025","dc_type":"reactie","foi_fileName":"reactie_NY Noortje Yska_venlo_9 september 2025.txt","foi_nrPages":1},{"dc_format":"text/plain","dc_identifier":"nl.mnre1162.2e-i.2025.4.doc.488","dc_title":"Reactie: O K\u00fclege uit Utrecht op 9 september 2025","dc_type":"reactie","foi_fileName":"reactie_O K\u00fclege_Utrecht_9 september 2025.txt","foi_nrPages":1},{"dc_format":"text/plain","dc_identifier":"nl.mnre1162.2e-i.2025.4.doc.333","dc_title":"Reactie: Operatie Merel (P.H. Tazelaar) uit Utrecht op 13 september 2025","dc_type":"reactie","foi_fileName":"reactie_Operatie Merel (P.H. Tazelaar)_Utrecht_13 september 2025.txt","foi_nrPages":1},{"dc_format":"text/plain","dc_identifier":"nl.mnre1162.2e-i.2025.4.doc.103","dc_title":"Reactie: P Elzinga uit Leeuwarden op 25 september 2025","dc_type":"reactie","foi_fileName":"reactie_P Elzinga_Leeuwarden_25 september 2025.txt","foi_nrPages":1},{"dc_format":"text/plain","dc_identifier":"nl.mnre1162.2e-i.2025.4.doc.222","dc_title":"Reactie: P. de Vries uit Groningen op 22 september 2025","dc_type":"reactie","foi_fileName":"reactie_P. de Vries_Groningen_22 september 2025.txt","foi_nrPages":1},{"dc_format":"text/plain","dc_identifier":"nl.mnre1162.2e-i.2025.4.doc.253","dc_title":"Reactie: Particulier (Dhr Harm van Houte) uit Groningen op 21 september 2025","dc_type":"reactie","foi_fileName":"reactie_Particulier (Dhr Harm van Houte)_Groningen_21 september 2025.txt","foi_nrPages":1},{"dc_format":"text/plain","dc_identifier":"nl.mnre1162.2e-i.2025.4.doc.438","dc_title":"Reactie: Pd Dogan uit Zuid Holland op 9 september 2025","dc_type":"reactie","foi_fileName":"reactie_Pd Dogan_Zuid Holland_9 september 2025.txt","foi_nrPages":1},{"dc_format":"text/plain","dc_identifier":"nl.mnre1162.2e-i.2025.4.doc.271","dc_title":"Reactie: Prof. Dr. M. Hadders-Algra uit Appingedam op 20 september 2025","dc_type":"reactie","foi_fileName":"reactie_Prof. Dr. M. Hadders-Algra_Appingedam_20 september 2025.txt","foi_nrPages":1},{"dc_format":"text/plain","dc_identifier":"nl.mnre1162.2e-i.2025.4.doc.157","dc_title":"Reactie: Prof.em.dr. R.H. Bremmer uit Franeker op 24 september 2025","dc_type":"reactie","foi_fileName":"reactie_Prof.em.dr. R.H. Bremmer_Franeker_24 september 2025.txt","foi_nrPages":1},{"dc_format":"text/plain","dc_identifier":"nl.mnre1162.2e-i.2025.4.doc.106","dc_title":"Reactie: Protestantse Kerk in Nederland (ds H.E. de Boer) uit Ten Boer op 25 september 2025","dc_type":"reactie","foi_fileName":"reactie_Protestantse Kerk in Nederland (ds H.E. de Boer)_Ten Boer_25 september 2025.txt","foi_nrPages":1},{"dc_format":"text/plain","dc_identifier":"nl.mnre1162.2e-i.2025.4.doc.309","dc_title":"Reactie: Protestantse Kerk in Nederland (J.F.K. Jungheim) uit Utrecht op 16 september 2025","dc_type":"reactie","foi_fileName":"reactie_Protestantse Kerk in Nederland (J.F.K. Jungheim)_Utrecht_16 september 2025.txt","foi_nrPages":1},{"dc_format":"text/plain","dc_identifier":"nl.mnre1162.2e-i.2025.4.doc.417","dc_title":"Reactie: R Kraaij uit Hellevoetsluis op 10 september 2025","dc_type":"reactie","foi_fileName":"reactie_R Kraaij_Hellevoetsluis_10 september 2025.txt","foi_nrPages":1},{"dc_format":"text/plain","dc_identifier":"nl.mnre1162.2e-i.2025.4.doc.274","dc_title":"Reactie: R.K. Parochie H. Joannes de Doper (Drs. W.C. Piels) uit Hoofddorp op 19 september 2025","dc_type":"reactie","foi_fileName":"reactie_R.K. Parochie H. Joannes de Doper (Drs. W.C. Piels)_Hoofddorp_19 september 2025.txt","foi_nrPages":1},{"dc_format":"text/plain","dc_identifier":"nl.mnre1162.2e-i.2025.4.doc.212","dc_title":"Reactie: Raad van Kerken Amsterdam (A Verbeek) uit Amsterdam op 22 september 2025","dc_type":"reactie","foi_fileName":"reactie_Raad van Kerken Amsterdam (A Verbeek)_Amsterdam_22 september 2025.txt","foi_nrPages":1},{"dc_format":"text/plain","dc_identifier":"nl.mnre1162.2e-i.2025.4.doc.350","dc_title":"Reactie: Raad van Kerken in Nederland / Werkgroep Vluchtelingen (ds. D.N. Stegeman) uit Amersfoort / Den Haag op 12 september 2025","dc_type":"reactie","foi_fileName":"reactie_Raad van Kerken in Nederland / Werkgroep Vluchtelingen (ds. D.N. Stegeman)_Amersfoort / Den Haag_12 september 2025.txt","foi_nrPages":1},{"dc_format":"text/plain","dc_identifier":"nl.mnre1162.2e-i.2025.4.doc.286","dc_title":"Reactie: Reinhard Maas uit Amstelveen op 18 september 2025","dc_type":"reactie","foi_fileName":"reactie_Reinhard Maas_Amstelveen_18 september 2025.txt","foi_nrPages":1},{"dc_format":"text/plain","dc_identifier":"nl.mnre1162.2e-i.2025.4.doc.432","dc_title":"Reactie: S F uit Nijmegen op 10 september 2025","dc_type":"reactie","foi_fileName":"reactie_S F_Nijmegen_10 september 2025.txt","foi_nrPages":1},{"dc_format":"text/plain","dc_identifier":"nl.mnre1162.2e-i.2025.4.doc.15","dc_title":"Reactie: S Hut uit Nieuwolda op 26 september 2025","dc_type":"reactie","foi_fileName":"reactie_S Hut_Nieuwolda_26 september 2025.txt"},{"dc_format":"text/plain","dc_identifier":"nl.mnre1162.2e-i.2025.4.doc.388","dc_title":"Reactie: S Oldenborg uit Amsterdam op 11 september 2025","dc_type":"reactie","foi_fileName":"reactie_S Oldenborg_Amsterdam_11 september 2025.txt","foi_nrPages":1},{"dc_format":"text/plain","dc_identifier":"nl.mnre1162.2e-i.2025.4.doc.442","dc_title":"Reactie: S. O. Oz uit Emmen op 9 september 2025","dc_type":"reactie","foi_fileName":"reactie_S. O. Oz_Emmen_9 september 2025.txt","foi_nrPages":1},{"dc_format":"text/plain","dc_identifier":"nl.mnre1162.2e-i.2025.4.doc.386","dc_title":"Reactie: S.C.J. van der Hijden uit Amsterdam op 11 september 2025","dc_type":"reactie","foi_fileName":"reactie_S.C.J. van der Hijden_Amsterdam_11 september 2025.txt","foi_nrPages":1},{"dc_format":"text/plain","dc_identifier":"nl.mnre1162.2e-i.2025.4.doc.457","dc_title":"Reactie: SH Esselink uit IJsselstein op 9 september 2025","dc_type":"reactie","foi_fileName":"reactie_SH Esselink_IJsselstein_9 september 2025.txt","foi_nrPages":1},{"dc_format":"text/plain","dc_identifier":"nl.mnre1162.2e-i.2025.4.doc.314","dc_title":"Reactie: Sinan Y\u00fccel uit Wassenaar op 15 september 2025","dc_type":"reactie","foi_fileName":"reactie_Sinan Y\u00fccel_Wassenaar_15 september 2025.txt","foi_nrPages":1},{"dc_format":"text/plain","dc_identifier":"nl.mnre1162.2e-i.2025.4.doc.267","dc_title":"Reactie: Stichting Noodopvang Papendrecht (E Kouwenhoven-Hebels) uit Papendrecht op 20 september 2025","dc_type":"reactie","foi_fileName":"reactie_Stichting Noodopvang Papendrecht (E Kouwenhoven-Hebels)_Papendrecht_20 september 2025.txt","foi_nrPages":1},{"dc_format":"text/plain","dc_identifier":"nl.mnre1162.2e-i.2025.4.doc.245","dc_title":"Reactie: Stichting Vrouwen Tegen Uitzetting (Drs M Sax) uit Amsterdam op 21 september 2025","dc_type":"reactie","foi_fileName":"reactie_Stichting Vrouwen Tegen Uitzetting (Drs M Sax)_Amsterdam_21 september 2025.txt","foi_nrPages":1},{"dc_format":"text/plain","dc_identifier":"nl.mnre1162.2e-i.2025.4.doc.481","dc_title":"Reactie: Stoppen Asielnoodmaatregelenwet SAS Dekking uit Utrecht op 9 september 2025","dc_type":"reactie","foi_fileName":"reactie_Stoppen Asielnoodmaatregelenwet SAS Dekking_Utrecht_9 september 2025.txt","foi_nrPages":1},{"dc_format":"text/plain","dc_identifier":"nl.mnre1162.2e-i.2025.4.doc.331","dc_title":"Reactie: S\u00fckr\u00fc Erdin\u00e7 uit Harlingen op 13 september 2025","dc_type":"reactie","foi_fileName":"reactie_S\u00fckr\u00fc Erdin\u00e7_Harlingen_13 september 2025.txt","foi_nrPages":1},{"dc_format":"text/plain","dc_identifier":"nl.mnre1162.2e-i.2025.4.doc.129","dc_title":"Reactie: T de Jong uit Amsterdam op 24 september 2025","dc_type":"reactie","foi_fileName":"reactie_T de Jong_Amsterdam_24 september 2025.txt","foi_nrPages":1},{"dc_format":"text/plain","dc_identifier":"nl.mnre1162.2e-i.2025.4.doc.355","dc_title":"Reactie: T Oedayraj Singh Varma uit Amsterdam op 12 september 2025","dc_type":"reactie","foi_fileName":"reactie_T Oedayraj Singh Varma_Amsterdam_12 september 2025.txt","foi_nrPages":1},{"dc_format":"text/plain","dc_identifier":"nl.mnre1162.2e-i.2025.4.doc.329","dc_title":"Reactie: Tegen de asielwet-een persoonlijk beroep Aa Agras uit Venlo op 13 september 2025","dc_type":"reactie","foi_fileName":"reactie_Tegen de asielwet-een persoonlijk beroep Aa Agras_Venlo_13 september 2025.txt","foi_nrPages":1},{"dc_format":"text/plain","dc_identifier":"nl.mnre1162.2e-i.2025.4.doc.186","dc_title":"Reactie: V.C.M. van Campenhout uit 's-Hertogenbosch op 23 september 2025","dc_type":"reactie","foi_fileName":"reactie_V.C.M. van Campenhout_'s-Hertogenbosch_23 september 2025.txt","foi_nrPages":1},{"dc_format":"text/plain","dc_identifier":"nl.mnre1162.2e-i.2025.4.doc.20","dc_title":"Reactie: verloskundige (M Karssen) uit Winschoten op 26 september 2025","dc_type":"reactie","foi_fileName":"reactie_verloskundige (M Karssen)_Winschoten_26 september 2025.txt","foi_nrPages":1},{"dc_format":"text/plain","dc_identifier":"nl.mnre1162.2e-i.2025.4.doc.278","dc_title":"Reactie: voormailig huisarts en gevangenisarts Jeannette van Andel uit Zeist op 19 september 2025","dc_type":"reactie","foi_fileName":"reactie_voormailig huisarts en gevangenisarts Jeannette van Andel_Zeist_19 september 2025.txt","foi_nrPages":1},{"dc_format":"text/plain","dc_identifier":"nl.mnre1162.2e-i.2025.4.doc.282","dc_title":"Reactie: voormalig huisarts (mevr V.M. Kampsch\u00f6er) uit Almere op 19 september 2025","dc_type":"reactie","foi_fileName":"reactie_voormalig huisarts (mevr V.M. Kampsch\u00f6er)_Almere_19 september 2025.txt","foi_nrPages":1},{"dc_format":"text/plain","dc_identifier":"nl.mnre1162.2e-i.2025.4.doc.217","dc_title":"Reactie: voormalig voorzitter Johannes Wier Stichting (Mevr. dr., arts niet praktiserend L.H.M. van Willigen) uit Amsterdam op 22 september 2025","dc_type":"reactie","foi_fileName":"reactie_voormalig voorzitter Johannes Wier Stichting (Mevr. dr., arts niet praktiserend L.H.M. van Willigen)_Amsterdam_22 september 2025.txt","foi_nrPages":1},{"dc_format":"text/plain","dc_identifier":"nl.mnre1162.2e-i.2025.4.doc.34","dc_title":"Reactie: Vrouwen Tegen Uitzetting (VTU) (M Maassen) uit Amsterdam op 26 september 2025","dc_type":"reactie","foi_fileName":"reactie_Vrouwen Tegen Uitzetting (VTU) (M Maassen)_Amsterdam_26 september 2025.txt","foi_nrPages":1},{"dc_format":"text/plain","dc_identifier":"nl.mnre1162.2e-i.2025.4.doc.312","dc_title":"Reactie: W Lippes uit Amsterdam op 16 september 2025","dc_type":"reactie","foi_fileName":"reactie_W Lippes_Amsterdam_16 september 2025.txt","foi_nrPages":1},{"dc_format":"text/plain","dc_identifier":"nl.mnre1162.2e-i.2025.4.doc.337","dc_title":"Reactie: Wat na een detentie? En je niet terug kunt? HJFM Soyer uit Oosterend Texel op 12 september 2025","dc_type":"reactie","foi_fileName":"reactie_Wat na een detentie? En je niet terug kunt? HJFM Soyer_Oosterend Texel_12 september 2025.txt","foi_nrPages":1},{"dc_format":"text/plain","dc_identifier":"nl.mnre1162.2e-i.2025.4.doc.39","dc_title":"Reactie: Werkgroep Amsterdams convenant Toegang onderwijs voor ongedocumenteerde jongeren (L. Bakker) uit Amsterdam op 26 september 2025","dc_type":"reactie","foi_fileName":"reactie_Werkgroep Amsterdams convenant Toegang onderwijs voor ongedocumenteerde jongeren (L. Bakker)_Amsterdam_26 september 2025.txt","foi_nrPages":1},{"dc_format":"text/plain","dc_identifier":"nl.mnre1162.2e-i.2025.4.doc.382","dc_title":"Reactie: Wetsvoorstel is contraproduktief P Vrieler uit Amsterdam op 11 september 2025","dc_type":"reactie","foi_fileName":"reactie_Wetsvoorstel is contraproduktief P Vrieler_Amsterdam_11 september 2025.txt","foi_nrPages":1},{"dc_format":"text/plain","dc_identifier":"nl.mnre1162.2e-i.2025.4.doc.393","dc_title":"Reactie: Yu C uit Gelderland op 10 september 2025","dc_type":"reactie","foi_fileName":"reactie_Yu C_Gelderland_10 september 2025.txt","foi_nrPages":1},{"dc_format":"text/plain","dc_identifier":"nl.mnre1162.2e-i.2025.4.doc.495","dc_title":"Reactie: Z. Cinar uit Montfoort op 9 september 2025","dc_type":"reactie","foi_fileName":"reactie_Z. Cinar_Montfoort_9 september 2025.txt","foi_nrPages":1},{"dc_format":"application/pdf","dc_identifier":"nl.mnre1162.2e-i.2025.4.doc.200","dc_source":"https://www.internetconsultatie.nl/novelle/reactie/316373/bestand","dc_title":"Reactie: Ellen Schwantje uit Kampen op 23 september 2025","dc_type":"reactie","foi_fairiscoreVersions":{"v1":1,"v2":1},"foi_fileName":"Reactie-internetconsultatie-novelle-strafbaarstelling-onrechtmatig-verblijf-september-2025.pdf","foi_nrPages":5},{"dc_format":"application/pdf","dc_identifier":"nl.mnre1162.2e-i.2025.4.doc.202","dc_source":"https://www.internetconsultatie.nl/novelle/reactie/316371/bestand","dc_title":"Reactie: B.F. Zeven uit Kampen op 22 september 2025","dc_type":"reactie","foi_fairiscoreVersions":{"v1":1,"v2":1},"foi_fileName":"Reactie-internetconsultatie-novelle-strafbaarstelling-onrechtmatig-verblijf-september-2025.pdf","foi_nrPages":5},{"dc_format":"application/pdf","dc_identifier":"nl.mnre1162.2e-i.2025.4.doc.211","dc_source":"https://www.internetconsultatie.nl/novelle/reactie/316351/bestand","dc_title":"Reactie: Mr. Jessica van de Haar uit Utrecht op 22 september 2025","dc_type":"reactie","foi_fairiscoreVersions":{"v1":1,"v2":1},"foi_fileName":"Reactie-internetconsultatie-novelle-strafbaarstelling-onrechtmatig-verblijf-september-2025.pdf","foi_nrPages":5},{"dc_format":"application/pdf","dc_identifier":"nl.mnre1162.2e-i.2025.4.doc.23","dc_source":"https://www.internetconsultatie.nl/novelle/reactie/316740/bestand","dc_title":"Reactie: B. van Reemst uit Utrecht op 26 september 2025","dc_type":"reactie","foi_fairiscoreVersions":{"v1":1,"v2":1},"foi_fileName":"Reactie%20BvR%20op%20novelle%20strafbaarstelling%20illegaal%20verblijf.pdf","foi_nrPages":5},{"dc_format":"application/pdf","dc_identifier":"nl.mnre1162.2e-i.2025.4.doc.147","dc_source":"https://www.internetconsultatie.nl/novelle/reactie/316470/bestand","dc_title":"Reactie: UNICEF Nederland (A. Al Malai) uit Den Haag op 24 september 2025","dc_type":"reactie","foi_fairiscoreVersions":{"v1":1,"v2":1},"foi_fileName":"Reactie%20consultatie%20novelle%20strafbaarstelling%20illegaliteit%20.pdf","foi_nrPages":2},{"dc_format":"application/pdf","dc_identifier":"nl.mnre1162.2e-i.2025.4.doc.123","dc_source":"https://www.internetconsultatie.nl/novelle/reactie/316506/bestand","dc_title":"Reactie: Anoniem uit Leiden op 25 september 2025","dc_type":"reactie","foi_fairiscoreVersions":{"v1":1,"v2":1},"foi_fileName":"Reactie%20Consultatie%20novelle%20strafbaarstelling%20WORD.pdf","foi_nrPages":4},{"dc_format":"application/pdf","dc_identifier":"nl.mnre1162.2e-i.2025.4.doc.14","dc_source":"https://www.internetconsultatie.nl/novelle/reactie/316751/bestand","dc_title":"Reactie: De Braziliaanse Burgerraad in Nederland (Conselho de Cidadania dos Pa\u00edses Baixos - CCPB) (M. Nunes Farias de Souza) uit Amsterdam op 26 september 2025","dc_type":"reactie","foi_fairiscoreVersions":{"v1":1,"v2":1},"foi_fileName":"reactie%20final%20in%20het%20Nederlands.pdf","foi_nrPages":1},{"dc_format":"application/pdf","dc_identifier":"nl.mnre1162.2e-i.2025.4.doc.61","dc_source":"https://www.internetconsultatie.nl/novelle/reactie/316622/bestand","dc_title":"Reactie: GGD GHOR Nederland (T Coenen) uit Utrecht op 26 september 2025","dc_type":"reactie","foi_fairiscoreVersions":{"v1":2,"v2":2},"foi_fileName":"Reactie%20GGD%20GHOR%20Nederland%20op%20internetconsultatie%20Novelle%20strafbaarstelling%20illegaliteit.pdf","foi_nrPages":1},{"dc_format":"application/pdf","dc_identifier":"nl.mnre1162.2e-i.2025.4.doc.218","dc_source":"https://www.internetconsultatie.nl/novelle/reactie/316340/bestand","dc_title":"Reactie: Stichting INLIA (John W. R. van Tilborg, directeur) uit Groningen op 22 september 2025","dc_type":"reactie","foi_fairiscoreVersions":{"v1":1,"v2":1},"foi_fileName":"Reactie%20INLIA%20internetconsultatie%20-%2019%20sep%202025.pdf","foi_nrPages":2},{"dc_format":"application/pdf","dc_identifier":"nl.mnre1162.2e-i.2025.4.doc.240","dc_source":"https://www.internetconsultatie.nl/novelle/reactie/316293/bestand","dc_title":"Reactie: Anoniem uit Lochem op 21 september 2025","dc_type":"reactie","foi_fairiscoreVersions":{"v1":1,"v2":1},"foi_fileName":"Reactie%20INLIA%20internetconsultatie%20voorbeeld%20voor%20de%20kerken%20-%20DEF%2019%20sep%202025.pdf","foi_nrPages":2},{"dc_format":"application/pdf","dc_identifier":"nl.mnre1162.2e-i.2025.4.doc.86","dc_source":"https://www.internetconsultatie.nl/novelle/reactie/316573/bestand","dc_title":"Reactie: Anoniem uit Hoogeveen op 25 september 2025","dc_type":"reactie","foi_fairiscoreVersions":{"v1":1,"v2":1},"foi_fileName":"Reactie%20internet%20consultatie%20Novelle%20strafbaarstelling%20van%20illegalal%20verblijf.pdf","foi_nrPages":1},{"dc_format":"application/pdf","dc_identifier":"nl.mnre1162.2e-i.2025.4.doc.45","dc_source":"https://www.internetconsultatie.nl/novelle/reactie/316683/bestand","dc_title":"Reactie: Anoniem uit Groningen op 26 september 2025","dc_type":"reactie","foi_fairiscoreVersions":{"v1":1,"v2":1},"foi_fileName":"Reactie%20internetconsultatie%20.pdf","foi_nrPages":3},{"dc_format":"application/pdf","dc_identifier":"nl.mnre1162.2e-i.2025.4.doc.214","dc_source":"https://www.internetconsultatie.nl/novelle/reactie/316347/bestand","dc_title":"Reactie: Mr. F Zeven uit Amsterdam op 22 september 2025","dc_type":"reactie","foi_fairiscoreVersions":{"v1":1,"v2":1},"foi_fileName":"Reactie%20internetconsultatie%20novelle%20strafbaarstelling%20onrechtmatig%20verblijf%2C%20september%202025.pdf","foi_nrPages":5},{"dc_format":"application/pdf","dc_identifier":"nl.mnre1162.2e-i.2025.4.doc.252","dc_source":"https://www.internetconsultatie.nl/novelle/reactie/316270/bestand","dc_title":"Reactie: dhr H.J. Heusinkveld uit Beilen op 21 september 2025","dc_type":"reactie","foi_fairiscoreVersions":{"v1":1,"v2":1},"foi_fileName":"Reactie%20internetconsultatie%20Strafbaarstelling%20Illegaal%20verblijf.pdf","foi_nrPages":2},{"dc_format":"application/pdf","dc_identifier":"nl.mnre1162.2e-i.2025.4.doc.162","dc_source":"https://www.internetconsultatie.nl/novelle/reactie/316450/bestand","dc_title":"Reactie: Stichting de Tussenvoorziening (J Wolterink) uit Utrecht op 24 september 2025","dc_type":"reactie","foi_fairiscoreVersions":{"v1":1,"v2":1},"foi_fileName":"Reactie%20internetconsultatie%20strafbaarstelling%20illegaliteit%20Tussenvoorziening.pdf","foi_nrPages":2},{"dc_format":"application/pdf","dc_identifier":"nl.mnre1162.2e-i.2025.4.doc.83","dc_source":"https://www.internetconsultatie.nl/novelle/reactie/316577/bestand","dc_title":"Reactie: Netwerk DAK (V. Rooze) uit Utrecht op 25 september 2025","dc_type":"reactie","foi_fairiscoreVersions":{"v1":2,"v2":2},"foi_fileName":"Reactie%20Novelle-Netwerk%20DAK.pdf","foi_nrPages":1},{"dc_format":"application/pdf","dc_identifier":"nl.mnre1162.2e-i.2025.4.doc.114","dc_source":"https://www.internetconsultatie.nl/novelle/reactie/316517/bestand","dc_title":"Reactie: Kansfonds (G. de Jong) uit Hilversum op 25 september 2025","dc_type":"reactie","foi_fairiscoreVersions":{"v1":1,"v2":1},"foi_fileName":"Reactie%20novelle%20Kansfonds.pdf","foi_nrPages":2},{"dc_format":"application/pdf","dc_identifier":"nl.mnre1162.2e-i.2025.4.doc.50","dc_source":"https://www.internetconsultatie.nl/novelle/reactie/316650/bestand","dc_title":"Reactie: Stichting Oudezijds 100 (M Knipping) uit Amsterdam op 26 september 2025","dc_type":"reactie","foi_fairiscoreVersions":{"v1":1,"v2":1},"foi_fileName":"Reactie%20Novelle%20strafbaarstelling%20illegaal%20verblijf.pdf","foi_nrPages":2},{"dc_format":"application/pdf","dc_identifier":"nl.mnre1162.2e-i.2025.4.doc.399","dc_source":"https://www.internetconsultatie.nl/novelle/reactie/315824/bestand","dc_title":"Reactie: mr M.F. Cornelis uit Amsterdam op 10 september 2025","dc_type":"reactie","foi_fairiscoreVersions":{"v1":1,"v2":1},"foi_fileName":"Reactie%20op%20internetconsultatie.pdf","foi_nrPages":2},{"dc_format":"application/pdf","dc_identifier":"nl.mnre1162.2e-i.2025.4.doc.304","dc_source":"https://www.internetconsultatie.nl/novelle/reactie/316125/bestand","dc_title":"Reactie: Noodopvang Friesland (drs. L. Minnema) uit Leeuwarden op 17 september 2025","dc_type":"reactie","foi_fairiscoreVersions":{"v1":1,"v2":1},"foi_fileName":"reactie%20op%20novelle%20sept%202025.pdf","foi_nrPages":1},{"dc_format":"application/pdf","dc_identifier":"nl.mnre1162.2e-i.2025.4.doc.79","dc_source":"https://www.internetconsultatie.nl/novelle/reactie/316584/bestand","dc_title":"Reactie: Anoniem uit Nijmegen op 25 september 2025","dc_type":"reactie","foi_fairiscoreVersions":{"v1":1,"v2":1},"foi_fileName":"Reactie%20op%20wetsvoorstellen%20asielwetgeving.pdf","foi_nrPages":2},{"dc_format":"application/pdf","dc_identifier":"nl.mnre1162.2e-i.2025.4.doc.142","dc_source":"https://www.internetconsultatie.nl/novelle/reactie/316477/bestand","dc_title":"Reactie: Stichting Pharos (Ir. R.A.C. Fortuin) uit Utrecht op 24 september 2025","dc_type":"reactie","foi_fairiscoreVersions":{"v1":1,"v2":1},"foi_fileName":"Reactie%20Pharos%20Consultatie%20novelle%20strafbaarstelling%20illegaal%20verblijf%20definitief.pdf","foi_nrPages":2},{"dc_format":"application/pdf","dc_identifier":"nl.mnre1162.2e-i.2025.4.doc.57","dc_source":"https://www.internetconsultatie.nl/novelle/reactie/316634/bestand","dc_title":"Reactie: SHOP - Kennis en expertisecentrum sekswerk en mensenhandel (Reactie SHOP JJ Veldboom) uit Den Haag op 26 september 2025","dc_type":"reactie","foi_fairiscoreVersions":{"v1":1,"v2":1},"foi_fileName":"Reactie%20SHOP%20novelle%20strafbaarstelling%20illegaal%20verblijf%2026092025.pdf","foi_nrPages":2},{"dc_format":"application/pdf","dc_identifier":"nl.mnre1162.2e-i.2025.4.doc.29","dc_source":"https://www.internetconsultatie.nl/novelle/reactie/316730/bestand","dc_title":"Reactie: C van Tuyll uit Nijmegen op 26 september 2025","dc_type":"reactie","foi_fairiscoreVersions":{"v1":1,"v2":1},"foi_fileName":"reactie%20Stichting%20Gast%20novelle%20strafbaarstelling%20onrechtmatig%20verblijf.pdf","foi_nrPages":1},{"dc_format":"application/pdf","dc_identifier":"nl.mnre1162.2e-i.2025.4.doc.64","dc_source":"https://www.internetconsultatie.nl/novelle/reactie/316611/bestand","dc_title":"Reactie: RD Blommaert uit Den Haag op 26 september 2025","dc_type":"reactie","foi_fairiscoreVersions":{"v1":1,"v2":1},"foi_fileName":"Reactie%20Strafbaarstelling%20Illegaliteit.pdf","foi_nrPages":4},{"dc_format":"application/pdf","dc_identifier":"nl.mnre1162.2e-i.2025.4.doc.63","dc_source":"https://www.internetconsultatie.nl/novelle/reactie/316614/bestand","dc_title":"Reactie: Anoniem uit Den Haag op 26 september 2025","dc_type":"reactie","foi_fairiscoreVersions":{"v1":1,"v2":1},"foi_fileName":"Reactie%20van%20de%20VNG%20op%20de%20internetconstulatie%20novelle%20strafbaarstelling%20illegaal%20verblijf%20U202500597.pdf","foi_nrPages":2},{"dc_format":"application/pdf","dc_identifier":"nl.mnre1162.2e-i.2025.4.doc.37","dc_source":"https://www.internetconsultatie.nl/novelle/reactie/316713/bestand","dc_title":"Reactie: Anoniem uit Loppersum op 26 september 2025","dc_type":"reactie","foi_fairiscoreVersions":{"v1":1,"v2":1},"foi_fileName":"reactie%20voor%20de%20internetconsultatie.pdf","foi_nrPages":2},{"dc_format":"application/pdf","dc_identifier":"nl.mnre1162.2e-i.2025.4.doc.44","dc_source":"https://www.internetconsultatie.nl/novelle/reactie/316688/bestand","dc_title":"Reactie: Anoniem uit Groningen op 26 september 2025","dc_type":"reactie","foi_fairiscoreVersions":{"v1":1,"v2":1},"foi_fileName":"Reactie%2520op%2520novelle%2520strafbaarstelling%2520illegaal%2520verblijf.pdf.pdf","foi_nrPages":1},{"dc_format":"application/pdf","dc_identifier":"nl.mnre1162.2e-i.2025.4.doc.75","dc_source":"https://www.internetconsultatie.nl/novelle/reactie/316590/bestand","dc_title":"Reactie: Anoniem uit Rotterdam op 25 september 2025","dc_type":"reactie","foi_fairiscoreVersions":{"v1":1,"v2":1},"foi_fileName":"ros.pdf","foi_nrPages":1},{"dc_format":"application/pdf","dc_identifier":"nl.mnre1162.2e-i.2025.4.doc.66","dc_source":"https://www.internetconsultatie.nl/novelle/reactie/316605/bestand","dc_title":"Reactie: Gemeente Utrecht - Sociaal Medische Straatzorg & Procesregie (C. Hugen) uit Utrecht op 25 september 2025","dc_type":"reactie","foi_fairiscoreVersions":{"v1":1,"v2":1},"foi_fileName":"Sociaal%20Medische%20Straatzorg%20Utrecht%20-%20consultatie%20novelle%20strafbaarstelling.pdf","foi_nrPages":2},{"dc_format":"application/pdf","dc_identifier":"nl.mnre1162.2e-i.2025.4.doc.92","dc_source":"https://www.internetconsultatie.nl/novelle/reactie/316560/bestand","dc_title":"Reactie: Anoniem uit Almere op 25 september 2025","dc_type":"reactie","foi_fairiscoreVersions":{"v1":1,"v2":1},"foi_fileName":"SOM%20reactie%20op%20de%20novelle%20asielnoodmaatregelenwet%20sept%2025.pdf","foi_nrPages":3},{"dc_format":"application/pdf","dc_identifier":"nl.mnre1162.2e-i.2025.4.doc.327","dc_source":"https://www.internetconsultatie.nl/novelle/reactie/316004/bestand","dc_title":"Reactie: huisarts/straatdokter CVD-Havenzicht (huisarts/straatdokter M.T. Slockers) uit Rotterdam op 13 september 2025","dc_type":"reactie","foi_fairiscoreVersions":{"v1":1,"v2":1},"foi_fileName":"strafbaarheidsstelling.pdf","foi_nrPages":2},{"dc_format":"application/pdf","dc_identifier":"nl.mnre1162.2e-i.2025.4.doc.420","dc_source":"https://www.internetconsultatie.nl/novelle/reactie/315778/bestand","dc_title":"Reactie: T. H. Heath uit Groningen op 10 september 2025","dc_type":"reactie","foi_fairiscoreVersions":{"v1":1,"v2":1},"foi_fileName":"Strafbaarstelling%20%28hulp%20bij%29%20illegaliteit.pdf","foi_nrPages":2},{"dc_format":"application/pdf","dc_identifier":"nl.mnre1162.2e-i.2025.4.doc.508","dc_source":"https://www.internetconsultatie.nl/novelle/reactie/315634/bestand","dc_title":"Reactie: Anoniem uit Maastricht op 9 september 2025","dc_type":"reactie","foi_fairiscoreVersions":{"v1":1,"v2":1},"foi_fileName":"W03.24.00364-II.pdf","foi_nrPages":33},{"dc_format":"application/pdf","dc_identifier":"nl.mnre1162.2e-i.2025.4.doc.100","dc_source":"https://www.internetconsultatie.nl/novelle/reactie/316539/bestand","dc_title":"Reactie: Anoniem uit Beilen op 25 september 2025","dc_type":"reactie","foi_fairiscoreVersions":{"v1":1,"v2":1},"foi_fileName":"Zorgelijke%20gevolgen%20van%20strafbaarstelling%20ongedocumenteerde%20%282%29.pdf","foi_nrPages":2}],"foi_nrDocuments":568,"foi_nrPagesInDossier":754,"foi_publishedDate":"2025-09-08","foi_retrievedDate":"2025-09-29","foi_startDate":"2025-09-08","tooiwl_topic":"Recht | Strafrecht | Immigratie"},{"dc_creator":"WooScraper_v1","dc_date_year":2025,"dc_description":"Met de inwerkingtreding van de Asielnoodmaatregelenwet wordt de Vreemdelingenwet 2000 op een aantal onderdelen gewijzigd. Als gevolg daarvan is het noodzakelijk om het Vreemdelingenbesluit 2000 op een aantal onderdelen te wijzigingen om discrepanties tussen de Vreemdelingenwet 2000 en het Vreemdelingenbesluit 2000 te vermijden.","dc_identifier":"nl.mnre1162.2e-i.2025.5","dc_publisher":"mnre1162","dc_source":"https://www.internetconsultatie.nl/aanpassingsbesluitasielnoodmaatregelenwet/b1","dc_title":"Aanpassingsbesluit Asielnoodmaatregelenwet","dc_type":"2e-i","dc_type_description":"Advies: Internetconsultatie","foi_endDate":"2025-11-09","foi_fairiscoreVersions":{"v1":1,"v2":1},"foi_files":[{"dc_identifier":"nl.mnre1162.2e-i.2025.5.doc.4","dc_source":"https://www.eerstekamer.nl/behandeling/20250703/gewijzigd_voorstel_van_wet_15/document3/f=/vmoshpd4qzzz_opgemaakt.pdf","dc_title":"De Asielnoodmaatregelenwet","dc_type":"URL"},{"dc_identifier":"nl.mnre1162.2e-i.2025.5.doc.5","dc_source":"https://wetgevingskalender.overheid.nl/Regeling/WGK028486","dc_title":"Bekijk de voortgang van de betreffende AMvB op de Wetgevingskalender","dc_type":"URL"},{"dc_format":"application/pdf","dc_identifier":"nl.mnre1162.2e-i.2025.5.doc.6","dc_source":"https://www.internetconsultatie.nl/aanpassingsbesluitasielnoodmaatregelenwet/reactie/323745/bestand","dc_title":"Reactie: VluchtelingenWerk Nederland (M.H. Kruyt) uit Amsterdam op 9 november 2025","dc_type":"reactie","foi_fairiscoreVersions":{"v1":1,"v2":1},"foi_fileName":"251107_Reactie_VWN_Internetconsultatie_Aanpassingsbesluit_Asielnoodmaatregelenwet.pdf","foi_nrPages":1},{"dc_format":"application/pdf","dc_identifier":"nl.mnre1162.2e-i.2025.5.doc.2","dc_source":"https://www.internetconsultatie.nl/aanpassingsbesluitasielnoodmaatregelenwet/document/14834","dc_title":"Beleidskompas","dc_type":"bijlage","foi_fairiscoreVersions":{"v1":1,"v2":1},"foi_fileName":"27102025%20Beleidskompas%20Aanpassingsbesluit%20ANMW.pdf","foi_nrPages":4},{"dc_format":"application/pdf","dc_identifier":"nl.mnre1162.2e-i.2025.5.doc.1","dc_source":"https://www.internetconsultatie.nl/aanpassingsbesluitasielnoodmaatregelenwet/document/14833","dc_title":"Besluit met nota van toelichting","dc_type":"bijlage","foi_fairiscoreVersions":{"v1":1,"v2":1},"foi_fileName":"Besluit%20met%20Nota%20van%20toelichting%20Aanpassingsbesluit%20ANMW%20v23102025.pdf","foi_nrPages":9},{"dc_format":"application/pdf","dc_identifier":"nl.mnre1162.2e-i.2025.5.doc.11","dc_source":"https://www.internetconsultatie.nl/aanpassingsbesluitasielnoodmaatregelenwet/reactie/323278/bestand","dc_title":"Reactie: Bezwaren tegen asielnoodmaatregelenwet A.B. Cortel uit Voorschoten op 3 november 2025","dc_type":"reactie","foi_fairiscoreVersions":{"v1":1,"v2":1},"foi_fileName":"Bezwaren%20tegen%20de%20asielnoodmaatregelenwet.pdf","foi_nrPages":1},{"dc_format":"text/plain;charset=utf-8","dc_identifier":"nl.mnre1162.2e-i.2025.5.doc.3","dc_source":"https://wetten.overheid.nl/BWBR0011825/2025-07-01/0/txt","dc_title":"Te wijzigen regeling Vreemdelingenbesluit 2000","dc_type":"bijlage","foi_fileName":"BWBR0011825-geldend_van_01-07-2025_tm_heden_zichtdatum_10-11-2025.txt","foi_nrPages":1},{"dc_format":"text/plain","dc_identifier":"nl.mnre1162.2e-i.2025.5.doc.45","dc_title":"Pagina tekst: Aanpassingsbesluit Asielnoodmaatregelenwet","dc_type":"bijlage","foi_fileName":"page_text.txt","foi_nrPages":1},{"dc_format":"text/plain","dc_identifier":"nl.mnre1162.2e-i.2025.5.doc.31","dc_title":"Reactie: - (2631xb O A A) uit Nootdorp op 2 november 2025","dc_type":"reactie","foi_fileName":"reactie_- (2631xb O A A)_Nootdorp_2 november 2025.txt","foi_nrPages":1},{"dc_format":"text/plain","dc_identifier":"nl.mnre1162.2e-i.2025.5.doc.27","dc_title":"Reactie: . (A.M Awed) uit Den Haag op 2 november 2025","dc_type":"reactie","foi_fileName":"reactie_. (A.M Awed)_Den Haag_2 november 2025.txt","foi_nrPages":1},{"dc_format":"text/plain","dc_identifier":"nl.mnre1162.2e-i.2025.5.doc.30","dc_title":"Reactie: A Alkarrt uit Oldenzaal op 2 november 2025","dc_type":"reactie","foi_fileName":"reactie_A Alkarrt_Oldenzaal_2 november 2025.txt","foi_nrPages":1},{"dc_format":"text/plain","dc_identifier":"nl.mnre1162.2e-i.2025.5.doc.12","dc_title":"Reactie: Anoniem A Anoniem uit Middelburg op 3 november 2025","dc_type":"reactie","foi_fileName":"reactie_Anoniem A Anoniem_Middelburg_3 november 2025.txt","foi_nrPages":1},{"dc_format":"text/plain","dc_identifier":"nl.mnre1162.2e-i.2025.5.doc.19","dc_title":"Reactie: Anoniem uit Almelo op 2 november 2025","dc_type":"reactie","foi_fileName":"reactie_Anoniem_Almelo_2 november 2025.txt","foi_nrPages":1},{"dc_format":"text/plain","dc_identifier":"nl.mnre1162.2e-i.2025.5.doc.9","dc_title":"Reactie: Anoniem uit Amsterdam op 4 november 2025","dc_type":"reactie","foi_fileName":"reactie_Anoniem_Amsterdam_4 november 2025.txt","foi_nrPages":1},{"dc_format":"text/plain","dc_identifier":"nl.mnre1162.2e-i.2025.5.doc.7","dc_title":"Reactie: Anoniem uit Amsterdam op 9 november 2025","dc_type":"reactie","foi_fileName":"reactie_Anoniem_Amsterdam_9 november 2025.txt","foi_nrPages":1},{"dc_format":"text/plain","dc_identifier":"nl.mnre1162.2e-i.2025.5.doc.36","dc_title":"Reactie: Anoniem uit Arnhem op 2 november 2025","dc_type":"reactie","foi_fileName":"reactie_Anoniem_Arnhem_2 november 2025.txt","foi_nrPages":1},{"dc_format":"text/plain","dc_identifier":"nl.mnre1162.2e-i.2025.5.doc.39","dc_title":"Reactie: Anoniem uit Breda op 2 november 2025","dc_type":"reactie","foi_fileName":"reactie_Anoniem_Breda_2 november 2025.txt","foi_nrPages":1},{"dc_format":"text/plain","dc_identifier":"nl.mnre1162.2e-i.2025.5.doc.44","dc_title":"Reactie: Anoniem uit De Bilt op 2 november 2025","dc_type":"reactie","foi_fileName":"reactie_Anoniem_De Bilt_2 november 2025.txt","foi_nrPages":1},{"dc_format":"text/plain","dc_identifier":"nl.mnre1162.2e-i.2025.5.doc.40","dc_title":"Reactie: Anoniem uit Den Bosch op 2 november 2025","dc_type":"reactie","foi_fileName":"reactie_Anoniem_Den Bosch_2 november 2025.txt","foi_nrPages":1},{"dc_format":"text/plain","dc_identifier":"nl.mnre1162.2e-i.2025.5.doc.23","dc_title":"Reactie: Anoniem uit Den haag op 2 november 2025","dc_type":"reactie","foi_fileName":"reactie_Anoniem_Den haag_2 november 2025.txt","foi_nrPages":1},{"dc_format":"text/plain","dc_identifier":"nl.mnre1162.2e-i.2025.5.doc.41","dc_title":"Reactie: Anoniem uit Groesbeek op 2 november 2025","dc_type":"reactie","foi_fileName":"reactie_Anoniem_Groesbeek_2 november 2025.txt","foi_nrPages":1},{"dc_format":"text/plain","dc_identifier":"nl.mnre1162.2e-i.2025.5.doc.17","dc_title":"Reactie: Anoniem uit Groningen op 2 november 2025","dc_type":"reactie","foi_fileName":"reactie_Anoniem_Groningen_2 november 2025.txt","foi_nrPages":1},{"dc_format":"text/plain","dc_identifier":"nl.mnre1162.2e-i.2025.5.doc.28","dc_title":"Reactie: Anoniem uit Haarlem op 2 november 2025","dc_type":"reactie","foi_fileName":"reactie_Anoniem_Haarlem_2 november 2025.txt","foi_nrPages":1},{"dc_format":"text/plain","dc_identifier":"nl.mnre1162.2e-i.2025.5.doc.10","dc_title":"Reactie: Anoniem uit Haarlem op 4 november 2025","dc_type":"reactie","foi_fileName":"reactie_Anoniem_Haarlem_4 november 2025.txt","foi_nrPages":1},{"dc_format":"text/plain","dc_identifier":"nl.mnre1162.2e-i.2025.5.doc.33","dc_title":"Reactie: Anoniem uit Heerhugowaard op 2 november 2025","dc_type":"reactie","foi_fileName":"reactie_Anoniem_Heerhugowaard_2 november 2025.txt","foi_nrPages":1},{"dc_format":"text/plain","dc_identifier":"nl.mnre1162.2e-i.2025.5.doc.13","dc_title":"Reactie: Anoniem uit Nederland op 3 november 2025","dc_type":"reactie","foi_fileName":"reactie_Anoniem_Nederland_3 november 2025.txt","foi_nrPages":1},{"dc_format":"text/plain","dc_identifier":"nl.mnre1162.2e-i.2025.5.doc.42","dc_title":"Reactie: Anoniem uit Rietmolen op 2 november 2025","dc_type":"reactie","foi_fileName":"reactie_Anoniem_Rietmolen_2 november 2025.txt","foi_nrPages":1},{"dc_format":"text/plain","dc_identifier":"nl.mnre1162.2e-i.2025.5.doc.24","dc_title":"Reactie: Anoniem uit Rotterdam op 2 november 2025","dc_type":"reactie","foi_fileName":"reactie_Anoniem_Rotterdam_2 november 2025.txt","foi_nrPages":1},{"dc_format":"text/plain","dc_identifier":"nl.mnre1162.2e-i.2025.5.doc.15","dc_title":"Reactie: Anoniem uit Twijzel op 3 november 2025","dc_type":"reactie","foi_fileName":"reactie_Anoniem_Twijzel_3 november 2025.txt","foi_nrPages":1},{"dc_format":"text/plain","dc_identifier":"nl.mnre1162.2e-i.2025.5.doc.26","dc_title":"Reactie: Anoniem uit Wateringen op 2 november 2025","dc_type":"reactie","foi_fileName":"reactie_Anoniem_Wateringen_2 november 2025.txt","foi_nrPages":1},{"dc_format":"text/plain","dc_identifier":"nl.mnre1162.2e-i.2025.5.doc.34","dc_title":"Reactie: Anoniem uit Zandvoort op 2 november 2025","dc_type":"reactie","foi_fileName":"reactie_Anoniem_Zandvoort_2 november 2025.txt","foi_nrPages":1},{"dc_format":"text/plain","dc_identifier":"nl.mnre1162.2e-i.2025.5.doc.32","dc_title":"Reactie: Assen N Guhaish uit Van der Valk Hotel Assen op 2 november 2025","dc_type":"reactie","foi_fileName":"reactie_Assen N Guhaish_Van der Valk Hotel Assen_2 november 2025.txt","foi_nrPages":1},{"dc_format":"text/plain","dc_identifier":"nl.mnre1162.2e-i.2025.5.doc.37","dc_title":"Reactie: DG van Lohuizen uit Deventer op 2 november 2025","dc_type":"reactie","foi_fileName":"reactie_DG van Lohuizen_Deventer_2 november 2025.txt","foi_nrPages":1},{"dc_format":"text/plain","dc_identifier":"nl.mnre1162.2e-i.2025.5.doc.35","dc_title":"Reactie: Fadi Joud uit Waalre op 2 november 2025","dc_type":"reactie","foi_fileName":"reactie_Fadi Joud_Waalre_2 november 2025.txt","foi_nrPages":1},{"dc_format":"text/plain","dc_identifier":"nl.mnre1162.2e-i.2025.5.doc.43","dc_title":"Reactie: Genoegen zij ons Streven (Msc Pmm Bakens) uit Den Haag op 2 november 2025","dc_type":"reactie","foi_fileName":"reactie_Genoegen zij ons Streven (Msc Pmm Bakens)_Den Haag_2 november 2025.txt","foi_nrPages":1},{"dc_format":"text/plain","dc_identifier":"nl.mnre1162.2e-i.2025.5.doc.18","dc_title":"Reactie: H.A Hatem uit Haarlem op 2 november 2025","dc_type":"reactie","foi_fileName":"reactie_H.A Hatem_Haarlem_2 november 2025.txt","foi_nrPages":1},{"dc_format":"text/plain","dc_identifier":"nl.mnre1162.2e-i.2025.5.doc.22","dc_title":"Reactie: HMF Elshinnawi uit Oss op 2 november 2025","dc_type":"reactie","foi_fileName":"reactie_HMF Elshinnawi_Oss_2 november 2025.txt","foi_nrPages":1},{"dc_format":"text/plain","dc_identifier":"nl.mnre1162.2e-i.2025.5.doc.38","dc_title":"Reactie: J Beckers uit Echt-Susteren op 2 november 2025","dc_type":"reactie","foi_fileName":"reactie_J Beckers_Echt-Susteren_2 november 2025.txt","foi_nrPages":1},{"dc_format":"text/plain","dc_identifier":"nl.mnre1162.2e-i.2025.5.doc.8","dc_title":"Reactie: K Alshrida uit Zaandam op 6 november 2025","dc_type":"reactie","foi_fileName":"reactie_K Alshrida_Zaandam_6 november 2025.txt","foi_nrPages":1},{"dc_format":"text/plain","dc_identifier":"nl.mnre1162.2e-i.2025.5.doc.14","dc_title":"Reactie: Loozen A Alfandi uit Loozen op 3 november 2025","dc_type":"reactie","foi_fileName":"reactie_Loozen A Alfandi_Loozen_3 november 2025.txt","foi_nrPages":1},{"dc_format":"text/plain","dc_identifier":"nl.mnre1162.2e-i.2025.5.doc.20","dc_title":"Reactie: M A uit Nederland op 2 november 2025","dc_type":"reactie","foi_fileName":"reactie_M A_Nederland_2 november 2025.txt","foi_nrPages":1},{"dc_format":"text/plain","dc_identifier":"nl.mnre1162.2e-i.2025.5.doc.29","dc_title":"Reactie: N Aljaafar uit Waalre op 2 november 2025","dc_type":"reactie","foi_fileName":"reactie_N Aljaafar_Waalre_2 november 2025.txt","foi_nrPages":1},{"dc_format":"text/plain","dc_identifier":"nl.mnre1162.2e-i.2025.5.doc.21","dc_title":"Reactie: R A uit Nederland op 2 november 2025","dc_type":"reactie","foi_fileName":"reactie_R A_Nederland_2 november 2025.txt","foi_nrPages":1},{"dc_format":"text/plain","dc_identifier":"nl.mnre1162.2e-i.2025.5.doc.16","dc_title":"Reactie: R S uit Enschede op 2 november 2025","dc_type":"reactie","foi_fileName":"reactie_R S_Enschede_2 november 2025.txt","foi_nrPages":1},{"dc_format":"text/plain","dc_identifier":"nl.mnre1162.2e-i.2025.5.doc.25","dc_title":"Reactie: Reactie op het Aanpassingsbesluit W Youssef uit Apeldoorn op 2 november 2025","dc_type":"reactie","foi_fileName":"reactie_Reactie op het Aanpassingsbesluit W Youssef_Apeldoorn_2 november 2025.txt","foi_nrPages":1}],"foi_nrDocuments":45,"foi_nrPagesInDossier":54,"foi_publishedDate":"2025-10-31","foi_retrievedDate":"2025-11-10","foi_startDate":"2025-10-31","tooiwl_topic":"Recht | Bestuursrecht | Bezwaar en klachten | Immigratie | Organisatie en beleid | Tijdelijk verblijf"},{"dc_creator":"WooScraper_v1","dc_date_year":2023,"dc_description":"Woo-besluit over signaleren risico's Ter Apel. Het verzoek is gedaan op basis van de Wet open overheid (Woo).","dc_identifier":"nl.mnre1162.2i.2023.2","dc_publisher":"mnre1162","dc_source":"https://open.overheid.nl/Details/f4848067-b42e-4e3b-b1ad-bb9c5c48b3eb/1","dc_title":"Woo-besluit over signaleren risico's Ter Apel","dc_type":"2i","dc_type_description":"Woo-verzoek en -besluit","foi_decisionDate":"2023-06-05","foi_fairiscoreVersions":{"v1":3,"v2":3},"foi_files":[{"dc_format":"application/pdf","dc_identifier":"nl.mnre1162.2i.2023.2.doc.3","dc_source":"https://open.overheid.nl/documenten/14570e56-379a-4c7e-b582-f9df2ba02917/file","dc_title":"bundel","dc_type":"bijlage","foi_fairiscoreVersions":{"v1":3,"v2":3},"foi_fileName":"Documenten bij Woo-besluit over signaleren risico_s Ter Apel.pdf","foi_nrPages":825},{"dc_format":"application/pdf","dc_identifier":"nl.mnre1162.2i.2023.2.doc.2","dc_source":"https://open.overheid.nl/documenten/8a26cba6-52f8-4eed-b7bc-9b7d2fc73554/file","dc_title":"bundel","dc_type":"bijlage","foi_fairiscoreVersions":{"v1":4,"v2":4},"foi_fileName":"Inventarislijst bij Woo-besluit over signaleren risico_s Ter Apel.pdf","foi_nrPages":12},{"dc_format":"application/pdf","dc_identifier":"nl.mnre1162.2i.2023.2.doc.1","dc_source":"https://open.overheid.nl/documenten/f4848067-b42e-4e3b-b1ad-bb9c5c48b3eb/file","dc_title":"Woo-besluit over signaleren risico_s Ter Apel","dc_type":"besluit","foi_fairiscoreVersions":{"v1":1,"v2":1},"foi_fileName":"Woo-besluit over signaleren risico_s Ter Apel.pdf","foi_nrPages":4}],"foi_nrDocuments":3,"foi_nrPagesInDossier":841,"foi_publishedDate":"2023-06-05","foi_retrievedDate":"2025-07-19"},{"dc_creator":"WooScraper_v1","dc_date_year":2024,"dc_description":"Besluit op Woo-verzoek over stukken uit het verblijfsdossier van een individueel persoon. Het verzoek is gedaan op basis van de Wet open overheid (Woo).","dc_identifier":"nl.mnre1162.2i.2024.1","dc_publisher":"mnre1162","dc_source":"https://open.overheid.nl/Details/11279bdf-445b-400b-95ad-b502020fd3d5/2","dc_title":"Besluit op Woo-verzoek over stukken uit het verblijfsdossier van een individueel persoon","dc_type":"2i","dc_type_description":"Woo-verzoek en -besluit","foi_fairiscoreVersions":{"v1":1,"v2":1},"foi_files":[{"dc_format":"application/pdf","dc_identifier":"nl.mnre1162.2i.2024.1.doc.1","dc_source":"https://open.overheid.nl/documenten/11279bdf-445b-400b-95ad-b502020fd3d5/file","dc_title":"Besluit op Woo-verzoek over stukken uit het verblijfsdossier van een individueel persoon","dc_type":"besluit","foi_fairiscoreVersions":{"v1":1,"v2":1},"foi_fileName":"Besluit op Woo-verzoek over stukken uit het verblijfsdossier van een individueel persoon.pdf","foi_nrPages":5},{"dc_format":"application/pdf","dc_identifier":"nl.mnre1162.2i.2024.1.doc.2","dc_source":"https://open.overheid.nl/documenten/2ebd6b79-76cc-41cc-a92a-090122b79bb5/file","dc_title":"bundel","dc_type":"bijlage","foi_fairiscoreVersions":{"v1":1,"v2":1},"foi_fileName":"Relevante artikelen uit de Woo.pdf","foi_nrPages":2}],"foi_nrDocuments":2,"foi_nrPagesInDossier":7,"foi_publishedDate":"2024-10-11","foi_retrievedDate":"2024-10-12"},{"dc_creator":"WooScraper_v1","dc_date_year":2024,"dc_description":"Besluit Woo-verzoek nareismaatregel. Het verzoek is gedaan op basis van de Wet open overheid (Woo).","dc_identifier":"nl.mnre1162.2i.2024.10","dc_publisher":"mnre1162","dc_source":"https://open.overheid.nl/Details/7cfe93b9-05b4-4c23-8d0c-98c8681fb5f3/1","dc_title":"Besluit Woo-verzoek nareismaatregel","dc_type":"2i","dc_type_description":"Woo-verzoek en -besluit","foi_fairiscoreVersions":{"v1":4,"v2":4},"foi_files":[{"dc_format":"application/pdf","dc_identifier":"nl.mnre1162.2i.2024.10.doc.1","dc_source":"https://open.overheid.nl/documenten/7cfe93b9-05b4-4c23-8d0c-98c8681fb5f3/file","dc_title":"Besluit Woo-verzoek nareismaatregel","dc_type":"besluit","foi_fairiscoreVersions":{"v1":4,"v2":4},"foi_fileName":"Besluit Woo-verzoek nareismaatregel.pdf","foi_nrPages":2}],"foi_nrDocuments":1,"foi_nrPagesInDossier":2,"foi_publishedDate":"2024-11-11","foi_retrievedDate":"2024-11-16"},{"dc_creator":"WooScraper_v1","dc_date_year":2024,"dc_description":"Besluit op Woo-verzoek over Terms of Reference Syri\u00eb. Het verzoek is gedaan op basis van de Wet open overheid (Woo).","dc_identifier":"nl.mnre1162.2i.2024.11","dc_publisher":"mnre1162","dc_source":"https://open.overheid.nl/Details/8c8319f4-709f-42fd-9b32-d0861445a430/1","dc_title":"Besluit op Woo-verzoek over Terms of Reference Syri\u00eb","dc_type":"2i","dc_type_description":"Woo-verzoek en -besluit","foi_fairiscoreVersions":{"v1":1,"v2":1},"foi_files":[{"dc_format":"application/pdf","dc_identifier":"nl.mnre1162.2i.2024.11.doc.1","dc_source":"https://open.overheid.nl/documenten/8c8319f4-709f-42fd-9b32-d0861445a430/file","dc_title":"Besluit op Woo-verzoek Terms of Reference","dc_type":"besluit","foi_fairiscoreVersions":{"v1":1,"v2":1},"foi_fileName":"Besluit op Woo-verzoek Terms of Reference.pdf","foi_nrPages":3}],"foi_nrDocuments":1,"foi_nrPagesInDossier":3,"foi_publishedDate":"2024-11-18","foi_retrievedDate":"2024-11-23"},{"dc_creator":"WooScraper_v1","dc_date_year":2024,"dc_description":"Besluit op Woo-verzoek over nareismaatregel. Het verzoek is gedaan op basis van de Wet open overheid (Woo).","dc_identifier":"nl.mnre1162.2i.2024.12","dc_publisher":"mnre1162","dc_source":"https://open.overheid.nl/Details/5aaf80b7-1d49-4f33-bb8f-9f019af23cf9/2","dc_title":"Besluit op Woo-verzoek over nareismaatregel","dc_type":"2i","dc_type_description":"Woo-verzoek en -besluit","foi_fairiscoreVersions":{"v1":3,"v2":3},"foi_files":[{"dc_format":"application/pdf","dc_identifier":"nl.mnre1162.2i.2024.12.doc.1","dc_source":"https://open.overheid.nl/documenten/5aaf80b7-1d49-4f33-bb8f-9f019af23cf9/file","dc_title":"Besluit op Woo-verzoek over nareismatregel","dc_type":"besluit","foi_fairiscoreVersions":{"v1":2,"v2":2},"foi_fileName":"Besluit op Woo-verzoek over nareismatregel.pdf","foi_nrPages":10},{"dc_format":"application/pdf","dc_identifier":"nl.mnre1162.2i.2024.12.doc.5","dc_source":"https://open.overheid.nl/documenten/830b0ba8-cdf6-41af-95db-34f2a60dd934/file","dc_title":"bundel","dc_type":"bijlage","foi_fairiscoreVersions":{"v1":2,"v2":2},"foi_fileName":"Documentenset Lijst A definitief.pdf","foi_nrPages":1584},{"dc_format":"application/pdf","dc_identifier":"nl.mnre1162.2i.2024.12.doc.4","dc_source":"https://open.overheid.nl/documenten/5caff7b1-0bfa-40ba-a180-27953ba4de6d/file","dc_title":"bundel","dc_type":"bijlage","foi_fairiscoreVersions":{"v1":3,"v2":3},"foi_fileName":"Documentenset Lijst B definitief _IND stukken_ .pdf","foi_nrPages":430},{"dc_format":"application/pdf","dc_identifier":"nl.mnre1162.2i.2024.12.doc.2","dc_source":"https://open.overheid.nl/documenten/37a8c968-e912-4fc8-bdca-c844ed7237bb/file","dc_title":"bundel","dc_type":"bijlage","foi_fairiscoreVersions":{"v1":1,"v2":1},"foi_fileName":"Inventarislijst A _Asiel en Migratie_.pdf","foi_nrPages":1},{"dc_format":"application/pdf","dc_identifier":"nl.mnre1162.2i.2024.12.doc.3","dc_source":"https://open.overheid.nl/documenten/6d469311-a641-499c-a34f-f622a570de3f/file","dc_title":"bundel","dc_type":"bijlage","foi_fairiscoreVersions":{"v1":5,"v2":5},"foi_fileName":"Inventarislijst B - IND gezinshereniging.pdf","foi_nrPages":14}],"foi_nrDocuments":5,"foi_nrPagesInDossier":2039,"foi_publishedDate":"2024-11-05","foi_retrievedDate":"2024-11-23"},{"dc_creator":"WooScraper_v1","dc_date_year":2024,"dc_description":"Besluit op Woo-verzoek over de procesbeschikbaarheidslocatie in Ter Apel (deelbesluit 2 van 2). Het verzoek is gedaan op basis van de Wet open overheid (Woo).","dc_identifier":"nl.mnre1162.2i.2024.13","dc_publisher":"mnre1162","dc_source":"https://open.overheid.nl/Details/75be0edf-e14f-46bd-a890-7426ecf4d65a/1","dc_title":"Besluit op Woo-verzoek over de procesbeschikbaarheidslocatie in Ter Apel (deelbesluit 2 van 2)","dc_type":"2i","dc_type_description":"Woo-verzoek en -besluit","foi_decisionDate":"2024-12-11","foi_fairiscoreVersions":{"v1":2,"v2":2},"foi_files":[{"dc_format":"application/pdf","dc_identifier":"nl.mnre1162.2i.2024.13.doc.4","dc_source":"https://open.overheid.nl/documenten/3e283c99-bc87-436a-bf90-d5bcf941004a/file","dc_title":"bundel","dc_type":"bijlage","foi_fairiscoreVersions":{"v1":3,"v2":3},"foi_fileName":"_Deels_ geopenbaarde documenten bij besluit op Woo-verzoek over de procesbeschikbaarheidslocatie in Ter Apel _deelbesluit 2 van 2_.pdf","foi_nrPages":134},{"dc_format":"application/pdf","dc_identifier":"nl.mnre1162.2i.2024.13.doc.1","dc_source":"https://open.overheid.nl/documenten/75be0edf-e14f-46bd-a890-7426ecf4d65a/file","dc_title":"Besluit op Woo-verzoek over de procesbeschikbaarheidslocatie in Ter Apel _deelbesluit 2 van 2_","dc_type":"besluit","foi_fairiscoreVersions":{"v1":1,"v2":1},"foi_fileName":"Besluit op Woo-verzoek over de procesbeschikbaarheidslocatie in Ter Apel _deelbesluit 2 van 2_.pdf","foi_nrPages":5},{"dc_format":"application/pdf","dc_identifier":"nl.mnre1162.2i.2024.13.doc.2","dc_source":"https://open.overheid.nl/documenten/3058395f-560e-4438-8c9d-023bffc666d1/file","dc_title":"bundel","dc_type":"bijlage","foi_fairiscoreVersions":{"v1":1,"v2":1},"foi_fileName":"Inventarislijst bij besluit op Woo-verzoek over de procesbeschikbaarheidslocatie in Ter Apel _deelbesluit 2 van 2_.pdf","foi_nrPages":7},{"dc_format":"application/pdf","dc_identifier":"nl.mnre1162.2i.2024.13.doc.3","dc_source":"https://open.overheid.nl/documenten/f2807a82-f34c-4864-9e01-0cd2c4e178a0/file","dc_title":"bundel","dc_type":"bijlage","foi_fairiscoreVersions":{"v1":1,"v2":1},"foi_fileName":"Relevante Wetsartikelen.pdf","foi_nrPages":2}],"foi_nrDocuments":4,"foi_nrPagesInDossier":148,"foi_publishedDate":"2024-12-11","foi_retrievedDate":"2024-12-14"},{"dc_creator":"WooScraper_v1","dc_date_year":2024,"dc_description":"Besluit op Woo-verzoek over informatieberichten. Het verzoek is gedaan op basis van de Wet open overheid (Woo).","dc_identifier":"nl.mnre1162.2i.2024.14","dc_publisher":"mnre1162","dc_source":"https://open.overheid.nl/Details/19f97495-db85-4e0c-b99b-2016cad357e3/1","dc_title":"Besluit op Woo-verzoek over informatieberichten","dc_type":"2i","dc_type_description":"Woo-verzoek en -besluit","foi_decisionDate":"2024-12-30","foi_fairiscoreVersions":{"v1":1,"v2":1},"foi_files":[{"dc_format":"application/pdf","dc_identifier":"nl.mnre1162.2i.2024.14.doc.1","dc_source":"https://open.overheid.nl/documenten/19f97495-db85-4e0c-b99b-2016cad357e3/file","dc_title":"Besluit op Woo-verzoek informatieberichten","dc_type":"besluit","foi_fairiscoreVersions":{"v1":1,"v2":1},"foi_fileName":"Besluit op Woo-verzoek informatieberichten.pdf","foi_nrPages":5},{"dc_format":"application/pdf","dc_identifier":"nl.mnre1162.2i.2024.14.doc.2","dc_source":"https://open.overheid.nl/documenten/45efea41-38a7-4e49-9513-e999cbd9d5f2/file","dc_title":"bundel","dc_type":"bijlage","foi_fairiscoreVersions":{"v1":1,"v2":1},"foi_fileName":"Documenten besluit op Woo-verzoek over informatieberichten.pdf","foi_nrPages":20}],"foi_nrDocuments":2,"foi_nrPagesInDossier":25,"foi_publishedDate":"2024-12-30","foi_retrievedDate":"2025-01-04"},{"dc_creator":"WooScraper_v1","dc_date_year":2024,"dc_description":"Besluit op Woo-verzoek inzake geldstromen voor opvang Oekra\u00efense ontheemden vluchtelingen en inburgering. Het verzoek is gedaan op basis van de Wet open overheid (Woo).","dc_identifier":"nl.mnre1162.2i.2024.15","dc_publisher":"mnre1162","dc_source":"https://open.overheid.nl/Details/e1bd1475-f57f-46f5-9df0-ee17b02932f8/2","dc_title":"Besluit op Woo-verzoek inzake geldstromen voor opvang Oekra\u00efense ontheemden vluchtelingen en inburgering","dc_type":"2i","dc_type_description":"Woo-verzoek en -besluit","foi_decisionDate":"2024-12-23","foi_fairiscoreVersions":{"v1":1,"v2":1},"foi_files":[{"dc_format":"application/pdf","dc_identifier":"nl.mnre1162.2i.2024.15.doc.1","dc_source":"https://open.overheid.nl/documenten/e1bd1475-f57f-46f5-9df0-ee17b02932f8/file","dc_title":"Besluit op Woo-verzoek over geldstromen voor opvang Oekra_ense ontheemden vluchtelingen en inburgering","dc_type":"besluit","foi_fairiscoreVersions":{"v1":1,"v2":1},"foi_fileName":"Besluit op Woo-verzoek over geldstromen voor opvang Oekra_ense ontheemden vluchtelingen en inburgering.pdf","foi_nrPages":2}],"foi_nrDocuments":1,"foi_nrPagesInDossier":2,"foi_publishedDate":"2024-12-23","foi_retrievedDate":"2025-01-18"},{"dc_creator":"WooScraper_v1","dc_date_year":2024,"dc_description":"Besluit op een verzoek om informatie over documenten over de Procesbeschikbaarheidslocatie Ter Apel. Het verzoek is gedaan op basis van de Wet open overheid (Woo).","dc_identifier":"nl.mnre1162.2i.2024.16","dc_publisher":"mnre1162","dc_source":"https://open.overheid.nl/Details/19fd1e9c-eb19-410b-a2bc-226f7b313ce7/1","dc_title":"Woo besluit over Procesbeschikbaarheidslocatie Ter Apel","dc_type":"2i","dc_type_description":"Woo-verzoek en -besluit","foi_decisionDate":"2024-12-18","foi_fairiscoreVersions":{"v1":1,"v2":1},"foi_files":[{"dc_format":"application/pdf","dc_identifier":"nl.mnre1162.2i.2024.16.doc.1","dc_source":"https://open.overheid.nl/documenten/19fd1e9c-eb19-410b-a2bc-226f7b313ce7/file","dc_title":"Woo-besluit Woo verzoek procesbeschikbaarheidslocatie","dc_type":"besluit","foi_fairiscoreVersions":{"v1":1,"v2":1},"foi_fileName":"Woo-besluit Woo verzoek procesbeschikbaarheidslocatie.pdf","foi_nrPages":2}],"foi_nrDocuments":1,"foi_nrPagesInDossier":2,"foi_publishedDate":"2024-12-18","foi_retrievedDate":"2025-01-18","tooiwl_topic":"migratie"},{"dc_creator":"WooScraper_v1","dc_date_year":2024,"dc_description":"Besluit op Woo-verzoek inzet dwangmiddelen vluchtelingen. Het verzoek is gedaan op basis van de Wet open overheid (Woo).","dc_identifier":"nl.mnre1162.2i.2024.17","dc_publisher":"mnre1162","dc_source":"https://open.overheid.nl/details/db2b8f01-2353-4435-ad57-419512651d34","dc_title":"Besluit op Woo-verzoek inzet dwangmiddelen vluchtelingen","dc_type":"2i","dc_type_description":"Woo-verzoek en -besluit","foi_decisionDate":"2024-08-19","foi_fairiscoreVersions":{"v1":5,"v2":5},"foi_files":[{"dc_format":"application/pdf","dc_identifier":"nl.mnre1162.2i.2024.17.doc.1","dc_source":"https://open.overheid.nl/documenten/db2b8f01-2353-4435-ad57-419512651d34/file","dc_title":"Besluit op Woo-verzoek inzet dwangmiddelen vluchtelingen","dc_type":"besluit","foi_fairiscoreVersions":{"v1":3,"v2":3},"foi_fileName":"Besluit op Woo-verzoek inzet dwangmiddelen vluchtelingen.pdf","foi_nrPages":6},{"dc_format":"application/pdf","dc_identifier":"nl.mnre1162.2i.2024.17.doc.3","dc_source":"https://open.overheid.nl/documenten/9e1f138c-0592-46a2-ae01-8264dfd48feb/file","dc_title":"Documenten bij besluit op Woo-verzoek dwangmiddelen vluchtelingen","dc_type":"besluit","foi_fairiscoreVersions":{"v1":5,"v2":5},"foi_fileName":"Documenten bij besluit op Woo-verzoek dwangmiddelen vluchtelingen.pdf","foi_nrPages":109},{"dc_format":"application/pdf","dc_identifier":"nl.mnre1162.2i.2024.17.doc.2","dc_source":"https://open.overheid.nl/documenten/a3d925b7-bb46-4138-a0ad-6b2e244caa1e/file","dc_title":"Inventarislijst bij besluit op Woo-verzoek inzet dwangmiddelen vluchtelingen","dc_type":"besluit","foi_fairiscoreVersions":{"v1":5,"v2":5},"foi_fileName":"Inventarislijst bij besluit op Woo-verzoek inzet dwangmiddelen vluchtelingen.pdf","foi_nrPages":3}],"foi_nrDocuments":3,"foi_nrPagesInDossier":118,"foi_publishedDate":"2024-09-02","foi_retrievedDate":"2025-09-28"},{"dc_creator":"WooScraper_v1","dc_date_year":2024,"dc_description":"Besluit op Woo-verzoek over misstanden HTL. Het verzoek is gedaan op basis van de Wet open overheid (Woo).","dc_identifier":"nl.mnre1162.2i.2024.18","dc_publisher":"mnre1162","dc_source":"https://open.overheid.nl/details/9019b183-7ef5-47c1-890e-220da9e982b9","dc_title":"Besluit op Woo-verzoek over misstanden HTL","dc_type":"2i","dc_type_description":"Woo-verzoek en -besluit","foi_decisionDate":"2024-08-01","foi_fairiscoreVersions":{"v1":3,"v2":3},"foi_files":[{"dc_format":"application/pdf","dc_identifier":"nl.mnre1162.2i.2024.18.doc.1","dc_source":"https://open.overheid.nl/documenten/9019b183-7ef5-47c1-890e-220da9e982b9/file","dc_title":"Besluit op Woo-verzoek over misstanden HTL","dc_type":"besluit","foi_fairiscoreVersions":{"v1":3,"v2":3},"foi_fileName":"Besluit Woo-verzoek misstanden HTL.pdf","foi_nrPages":3}],"foi_nrDocuments":1,"foi_nrPagesInDossier":3,"foi_publishedDate":"2024-08-01","foi_retrievedDate":"2025-09-28"},{"dc_creator":"WooScraper_v1","dc_date_year":2024,"dc_description":"Besluit op Woo-verzoek over Jurisprudentie overzicht Afdeling bestuursrechtspraak Raad van State inzake Habeas Corpus. Het verzoek is gedaan op basis van de Wet open overheid (Woo).","dc_identifier":"nl.mnre1162.2i.2024.2","dc_publisher":"mnre1162","dc_source":"https://open.overheid.nl/Details/06cbb11d-b0a6-4ee3-b22a-57c5dbda0dd2/2","dc_title":"Besluit op Woo-verzoek over Jurisprudentie overzicht Afdeling bestuursrechtspraak Raad van State inzake Habeas Corpus","dc_type":"2i","dc_type_description":"Woo-verzoek en -besluit","foi_fairiscoreVersions":{"v1":1,"v2":1},"foi_files":[{"dc_format":"application/pdf","dc_identifier":"nl.mnre1162.2i.2024.2.doc.2","dc_source":"https://open.overheid.nl/documenten/5af0bd33-149d-4321-9447-553d9349276e/file","dc_title":"bundel","dc_type":"bijlage","foi_fairiscoreVersions":{"v1":1,"v2":1},"foi_fileName":"_Deels_ verstrekt document bij besluit op een Woo-verzoek over Jurisprudentie overzicht Afdeling bestuursrechtspraak Raad van State inzake Habeas Corpus.pdf","foi_nrPages":572},{"dc_format":"application/pdf","dc_identifier":"nl.mnre1162.2i.2024.2.doc.1","dc_source":"https://open.overheid.nl/documenten/06cbb11d-b0a6-4ee3-b22a-57c5dbda0dd2/file","dc_title":"Besluit op Woo-verzoek over Jurisprudentie overzicht Afdeling bestuursrechtspraak Raad van State inzake Habeas Corpus","dc_type":"besluit","foi_fairiscoreVersions":{"v1":1,"v2":1},"foi_fileName":"Besluit op Woo-verzoek over Jurisprudentie overzicht Afdeling bestuursrechtspraak Raad van State inzake Habeas Corpus.pdf","foi_nrPages":3}],"foi_nrDocuments":2,"foi_nrPagesInDossier":575,"foi_publishedDate":"2024-10-03","foi_retrievedDate":"2024-10-12"},{"dc_creator":"WooScraper_v1","dc_date_year":2024,"dc_description":"Besluit op Woo-verzoek over de procesbeschikbaarheidslocatie in Ter Apel (deelbesluit 1 van 2). Het verzoek is gedaan op basis van de Wet open overheid (Woo).","dc_identifier":"nl.mnre1162.2i.2024.3","dc_publisher":"mnre1162","dc_source":"https://open.overheid.nl/Details/5498ec1e-d894-4363-9ffe-cc03c05e2844/1","dc_title":"Besluit op Woo-verzoek over de procesbeschikbaarheidslocatie in Ter Apel (deelbesluit 1 van 2)","dc_type":"2i","dc_type_description":"Woo-verzoek en -besluit","foi_fairiscoreVersions":{"v1":2,"v2":2},"foi_files":[{"dc_format":"application/pdf","dc_identifier":"nl.mnre1162.2i.2024.3.doc.3","dc_source":"https://open.overheid.nl/documenten/3a9fd005-50e2-422b-ac44-cf80e06f4432/file","dc_title":"bundel","dc_type":"bijlage","foi_fairiscoreVersions":{"v1":3,"v2":3},"foi_fileName":"_Deels_ geopenbaarde documenten bij besluit op Woo-verzoek over de procesbeschikbaarheidslocatie in Ter Apel _deelbesluit 1 van 2_.pdf","foi_nrPages":134},{"dc_format":"application/pdf","dc_identifier":"nl.mnre1162.2i.2024.3.doc.1","dc_source":"https://open.overheid.nl/documenten/5498ec1e-d894-4363-9ffe-cc03c05e2844/file","dc_title":"Besluit op Woo-verzoek over de procesbeschikbaarheidslocatie in Ter Apel _deelbesluit 1 van 2_","dc_type":"besluit","foi_fairiscoreVersions":{"v1":1,"v2":1},"foi_fileName":"Besluit op Woo-verzoek over de procesbeschikbaarheidslocatie in Ter Apel _deelbesluit 1 van 2_.pdf","foi_nrPages":5},{"dc_format":"application/pdf","dc_identifier":"nl.mnre1162.2i.2024.3.doc.2","dc_source":"https://open.overheid.nl/documenten/f364ddb4-f88d-4c8d-8f1e-d5e5a126c893/file","dc_title":"bundel","dc_type":"bijlage","foi_fairiscoreVersions":{"v1":1,"v2":1},"foi_fileName":"Inventarislijst bij besluit op Woo-verzoek over de procesbeschikbaarheidslocatie in Ter Apel _deelbesluit 1 van 2_.pdf","foi_nrPages":6},{"dc_format":"application/pdf","dc_identifier":"nl.mnre1162.2i.2024.3.doc.4","dc_source":"https://open.overheid.nl/documenten/eafda2fd-b128-474c-b2cd-5797752cc077/file","dc_title":"bundel","dc_type":"bijlage","foi_fairiscoreVersions":{"v1":1,"v2":1},"foi_fileName":"Relevante Wetsartikelen.pdf","foi_nrPages":2}],"foi_nrDocuments":4,"foi_nrPagesInDossier":147,"foi_publishedDate":"2024-09-11","foi_retrievedDate":"2024-11-02"},{"dc_creator":"WooScraper_v1","dc_date_year":2024,"dc_description":"Besluit op Woo-verzoek over woordenlijsten met vertalingen in Engels en Duits. Het verzoek is gedaan op basis van de Wet open overheid (Woo).","dc_identifier":"nl.mnre1162.2i.2024.4","dc_publisher":"mnre1162","dc_source":"https://open.overheid.nl/Details/7d4e70a8-b32d-41f7-9725-5efd531d9ce8/1","dc_title":"Besluit op Woo-verzoek over woordenlijsten met vertalingen in Engels en Duits","dc_type":"2i","dc_type_description":"Woo-verzoek en -besluit","foi_fairiscoreVersions":{"v1":1,"v2":1},"foi_files":[{"dc_format":"application/pdf","dc_identifier":"nl.mnre1162.2i.2024.4.doc.1","dc_source":"https://open.overheid.nl/documenten/7d4e70a8-b32d-41f7-9725-5efd531d9ce8/file","dc_title":"Besluit op Woo-verzoek over woordenlijsten met vertalingen in Engels en Duits","dc_type":"besluit","foi_fairiscoreVersions":{"v1":1,"v2":1},"foi_fileName":"Besluit op Woo-verzoek over woordenlijsten met vertalingen in Engels en Duits.pdf","foi_nrPages":3},{"dc_format":"application/pdf","dc_identifier":"nl.mnre1162.2i.2024.4.doc.2","dc_source":"https://open.overheid.nl/documenten/a47e9c8c-12dc-4812-b125-2f201b6bcb96/file","dc_title":"bundel","dc_type":"bijlage","foi_fairiscoreVersions":{"v1":1,"v2":1},"foi_fileName":"Vertaallijst vreemdelingenbeleid begrippen IND COA en DTV 2017.pdf","foi_nrPages":28}],"foi_nrDocuments":2,"foi_nrPagesInDossier":31,"foi_publishedDate":"2024-10-07","foi_retrievedDate":"2024-11-09"},{"dc_creator":"WooScraper_v1","dc_date_year":2024,"dc_description":"Besluit op Woo-verzoek om informatie over nareismaatregel. Het verzoek is gedaan op basis van de Wet open overheid (Woo).","dc_identifier":"nl.mnre1162.2i.2024.5","dc_publisher":"mnre1162","dc_source":"https://open.overheid.nl/Details/f6bc1a3d-3df4-4f83-a18c-5ab81b93ef0a/1","dc_title":"Besluit op Woo-verzoek om informatie over nareismaatregel","dc_type":"2i","dc_type_description":"Woo-verzoek en -besluit","foi_fairiscoreVersions":{"v1":4,"v2":4},"foi_files":[{"dc_format":"application/pdf","dc_identifier":"nl.mnre1162.2i.2024.5.doc.1","dc_source":"https://open.overheid.nl/documenten/f6bc1a3d-3df4-4f83-a18c-5ab81b93ef0a/file","dc_title":"Besluit op Woo-verzoek nareismaatregel","dc_type":"besluit","foi_fairiscoreVersions":{"v1":4,"v2":4},"foi_fileName":"Besluit op Woo-verzoek nareismaatregel.pdf","foi_nrPages":2}],"foi_nrDocuments":1,"foi_nrPagesInDossier":2,"foi_publishedDate":"2024-11-11","foi_retrievedDate":"2024-11-16"},{"dc_creator":"WooScraper_v1","dc_date_year":2024,"dc_description":"Besluit op Woo-verzoek nareismaatregel. Het verzoek is gedaan op basis van de Wet open overheid (Woo).","dc_identifier":"nl.mnre1162.2i.2024.6","dc_publisher":"mnre1162","dc_source":"https://open.overheid.nl/Details/e3656097-f3b9-4f37-9187-2f4145b7462f/1","dc_title":"Besluit op Woo-verzoek nareismaatregel","dc_type":"2i","dc_type_description":"Woo-verzoek en -besluit","foi_fairiscoreVersions":{"v1":4,"v2":4},"foi_files":[{"dc_format":"application/pdf","dc_identifier":"nl.mnre1162.2i.2024.6.doc.1","dc_source":"https://open.overheid.nl/documenten/e3656097-f3b9-4f37-9187-2f4145b7462f/file","dc_title":"Besluit op Woo-verzoek nareismaatregel","dc_type":"besluit","foi_fairiscoreVersions":{"v1":4,"v2":4},"foi_fileName":"Besluit op Woo-verzoek nareismaatregel.pdf","foi_nrPages":2}],"foi_nrDocuments":1,"foi_nrPagesInDossier":2,"foi_publishedDate":"2024-11-11","foi_retrievedDate":"2024-11-16"},{"dc_creator":"WooScraper_v1","dc_date_year":2024,"dc_description":"Woo-besluit over interne dossierstukken uit een bezwaarprocedure visum kort verblijf. Het verzoek is gedaan op basis van de Wet open overheid (Woo).","dc_identifier":"nl.mnre1162.2i.2024.7","dc_publisher":"mnre1162","dc_source":"https://open.overheid.nl/Details/ba935a00-ea14-46ee-879e-cb03a128a98f/2","dc_title":"Woo-besluit over interne dossierstukken uit een bezwaarprocedure visum kort verblijf","dc_type":"2i","dc_type_description":"Woo-verzoek en -besluit","foi_fairiscoreVersions":{"v1":1,"v2":1},"foi_files":[{"dc_format":"application/pdf","dc_identifier":"nl.mnre1162.2i.2024.7.doc.1","dc_source":"https://open.overheid.nl/documenten/ba935a00-ea14-46ee-879e-cb03a128a98f/file","dc_title":"Woo-besluit over interne dossierstukken uit een bezwaarprocedure visum kort verblijf","dc_type":"besluit","foi_fairiscoreVersions":{"v1":1,"v2":1},"foi_fileName":"Woo-besluit over interne dossierstukken uit een bezwaarprocedure visum kort verblijf.pdf","foi_nrPages":2}],"foi_nrDocuments":1,"foi_nrPagesInDossier":2,"foi_publishedDate":"2024-09-05","foi_retrievedDate":"2024-11-16"},{"dc_creator":"WooScraper_v1","dc_date_year":2024,"dc_description":"Deelbesluit I op Woo-verzoek inzake de tijdelijke nareismaatregel. Het verzoek is gedaan op basis van de Wet open overheid (Woo).","dc_identifier":"nl.mnre1162.2i.2024.9","dc_publisher":"mnre1162","dc_source":"https://open.overheid.nl/Details/980041bd-91f0-40fe-8655-cac20fc203d5/1","dc_title":"Deelbesluit I op Woo-verzoek inzake de tijdelijke nareismaatregel","dc_type":"2i","dc_type_description":"Woo-verzoek en -besluit","foi_fairiscoreVersions":{"v1":1,"v2":1},"foi_files":[{"dc_format":"application/pdf","dc_identifier":"nl.mnre1162.2i.2024.9.doc.1","dc_source":"https://open.overheid.nl/documenten/980041bd-91f0-40fe-8655-cac20fc203d5/file","dc_title":"Deelbesluit I op Woo-verzoek inzake de tijdelijke nareismaatregel","dc_type":"besluit","foi_fairiscoreVersions":{"v1":1,"v2":1},"foi_fileName":"Deelbesluit I op Woo-verzoek inzake de tijdelijke nareismaatregel.pdf","foi_nrPages":3}],"foi_nrDocuments":1,"foi_nrPagesInDossier":3,"foi_publishedDate":"2024-11-11","foi_retrievedDate":"2024-11-16"},{"dc_creator":"WooScraper_v1","dc_date_year":2025,"dc_description":"Besluit op Woo-verzoek over mogelijke opvang in hotel \u2019t Elshuys. Het verzoek is gedaan op basis van de Wet open overheid (Woo).","dc_identifier":"nl.mnre1162.2i.2025.1","dc_publisher":"mnre1162","dc_source":"https://open.overheid.nl/Details/cd6eb240-2a5f-4a54-b3ac-b377ed75cdd6/1","dc_title":"Besluit op Woo-verzoek mogelijke opvang hotel 't Elshuys","dc_type":"2i","dc_type_description":"Woo-verzoek en -besluit","foi_decisionDate":"2025-01-21","foi_fairiscoreVersions":{"v1":1,"v2":1},"foi_files":[{"dc_format":"application/pdf","dc_identifier":"nl.mnre1162.2i.2025.1.doc.1","dc_source":"https://open.overheid.nl/documenten/cd6eb240-2a5f-4a54-b3ac-b377ed75cdd6/file","dc_title":"Besluit Woo-verzoek Elshuys 5156214","dc_type":"besluit","foi_fairiscoreVersions":{"v1":1,"v2":1},"foi_fileName":"Besluit Woo-verzoek Elshuys 5156214.pdf","foi_nrPages":3}],"foi_nrDocuments":1,"foi_nrPagesInDossier":3,"foi_publishedDate":"2025-01-21","foi_retrievedDate":"2025-01-25"},{"dc_creator":"WooScraper_v1","dc_date_year":2025,"dc_description":"Besluit op Woo-verzoek over selectie en opname Eritreeers uit vluchtelingenkamp in Niger. Het verzoek is gedaan op basis van de Wet open overheid (Woo).","dc_identifier":"nl.mnre1162.2i.2025.10","dc_publisher":"mnre1162","dc_source":"https://open.overheid.nl/Details/2b3ef783-aa2b-4ae5-bfa9-84906c6c0ed4/1","dc_title":"Besluit op Woo-verzoek over selectie en opname Eritreeers uit vluchtelingenkamp in Niger","dc_type":"2i","dc_type_description":"Woo-verzoek en -besluit","foi_decisionDate":"2025-03-31","foi_fairiscoreVersions":{"v1":3,"v2":3},"foi_files":[{"dc_format":"application/pdf","dc_identifier":"nl.mnre1162.2i.2025.10.doc.1","dc_source":"https://open.overheid.nl/documenten/2b3ef783-aa2b-4ae5-bfa9-84906c6c0ed4/file","dc_title":"Besluit op Woo-verzoek over selectie en opname Eritreeers uit vluchtelingenkamp in Niger","dc_type":"besluit","foi_fairiscoreVersions":{"v1":3,"v2":3},"foi_fileName":"Besluit op Woo-verzoek over selectie en opname Eritreeers uit vluchtelingenkamp in Niger.pdf","foi_nrPages":7},{"dc_format":"application/pdf","dc_identifier":"nl.mnre1162.2i.2025.10.doc.3","dc_source":"https://open.overheid.nl/documenten/49e02455-8056-41eb-b7e3-bf5ba7be7d74/file","dc_title":"bundel","dc_type":"bijlage","foi_fairiscoreVersions":{"v1":4,"v2":4},"foi_fileName":"Documenten bij besluit op Woo-verzoek over selectie en opname Eritreeers uit vluchtelingenkamp in Niger.pdf","foi_nrPages":22},{"dc_format":"application/pdf","dc_identifier":"nl.mnre1162.2i.2025.10.doc.2","dc_source":"https://open.overheid.nl/documenten/dc859aa0-1833-406f-9d00-b4eb0a29a2d5/file","dc_title":"bundel","dc_type":"bijlage","foi_fairiscoreVersions":{"v1":1,"v2":1},"foi_fileName":"Inventarislijst bij besluit op Woo-verzoek inzake selectie en opname Eritreeers uit vluchtelingenkamp in Niger.pdf","foi_nrPages":3}],"foi_nrDocuments":3,"foi_nrPagesInDossier":32,"foi_publishedDate":"2025-03-31","foi_retrievedDate":"2025-04-05"},{"dc_creator":"WooScraper_v1","dc_date_year":2025,"dc_description":"Besluit op Woo-verzoek over vervoerskosten vreemdelingen. Het verzoek is gedaan op basis van de Wet open overheid (Woo).","dc_identifier":"nl.mnre1162.2i.2025.11","dc_publisher":"mnre1162","dc_source":"https://open.overheid.nl/Details/0df7dbc8-e679-4c04-a294-203bdf3ada0e/1","dc_title":"Besluit op Woo-verzoek over vervoerskosten vreemdelingen","dc_type":"2i","dc_type_description":"Woo-verzoek en -besluit","foi_decisionDate":"2025-04-02","foi_fairiscoreVersions":{"v1":1,"v2":1},"foi_files":[{"dc_format":"application/pdf","dc_identifier":"nl.mnre1162.2i.2025.11.doc.2","dc_source":"https://open.overheid.nl/documenten/378f5b3b-b70b-4e9e-b315-009585ac8380/file","dc_title":"bundel","dc_type":"bijlage","foi_fairiscoreVersions":{"v1":1,"v2":1},"foi_fileName":"_Deels_ geopenbaarde documenten bij besluit op Woo-verzoek over vervoerskosten vreemdelingen.pdf","foi_nrPages":488},{"dc_format":"application/pdf","dc_identifier":"nl.mnre1162.2i.2025.11.doc.1","dc_source":"https://open.overheid.nl/documenten/0df7dbc8-e679-4c04-a294-203bdf3ada0e/file","dc_title":"Besluit op Woo-verzoek over vervoerskosten vreemdelingen","dc_type":"besluit","foi_fairiscoreVersions":{"v1":1,"v2":1},"foi_fileName":"Besluit op Woo-verzoek over vervoerskosten vreemdelingen.pdf","foi_nrPages":10},{"dc_format":"application/pdf","dc_identifier":"nl.mnre1162.2i.2025.11.doc.4","dc_source":"https://open.overheid.nl/documenten/ccdf228e-1045-48b7-aa90-6178142bcf14/file","dc_title":"bundel","dc_type":"bijlage","foi_fairiscoreVersions":{"v1":1,"v2":1},"foi_fileName":"Inventarislijst bij besluit op Woo-verzoek over vervoerskosten vreemdelingen.pdf","foi_nrPages":1},{"dc_format":"application/pdf","dc_identifier":"nl.mnre1162.2i.2025.11.doc.3","dc_source":"https://open.overheid.nl/documenten/7a13f255-65ee-42c6-914e-4ad150fc068f/file","dc_title":"bundel","dc_type":"bijlage","foi_fairiscoreVersions":{"v1":1,"v2":1},"foi_fileName":"Relevante wetsartikelen.pdf","foi_nrPages":2}],"foi_nrDocuments":4,"foi_nrPagesInDossier":501,"foi_publishedDate":"2025-04-02","foi_retrievedDate":"2025-04-19"},{"dc_creator":"WooScraper_v1","dc_date_year":2025,"dc_description":"Besluit op uw Woo-verzoek over communicatie tussen minister Asiel en Migratie en gemeente Harderwijk over de Spreidingswet. Het verzoek is gedaan op basis van de Wet open overheid (Woo).","dc_identifier":"nl.mnre1162.2i.2025.12","dc_publisher":"mnre1162","dc_source":"https://open.overheid.nl/Details/4092fa58-1ecf-4e29-84b6-990416ed39db/2","dc_title":"Besluit Woo-verzoek geen documenten aangetroffen communicatie Minister Asiel en Migratie en gemeente Harderwijk","dc_type":"2i","dc_type_description":"Woo-verzoek en -besluit","foi_decisionDate":"2025-04-14","foi_fairiscoreVersions":{"v1":1,"v2":1},"foi_files":[{"dc_format":"application/pdf","dc_identifier":"nl.mnre1162.2i.2025.12.doc.1","dc_source":"https://open.overheid.nl/documenten/4092fa58-1ecf-4e29-84b6-990416ed39db/file","dc_title":"Besluit Woo-verzoek geen documenten aangetroffen communicatie MAenM en gemeente Harderwijk","dc_type":"bijlage","foi_fairiscoreVersions":{"v1":1,"v2":1},"foi_fileName":"Besluit Woo-verzoek geen documenten aangetroffen communicatie MAenM en gemeente Harderwijk.pdf","foi_nrPages":2}],"foi_nrDocuments":1,"foi_nrPagesInDossier":2,"foi_publishedDate":"2025-04-14","foi_retrievedDate":"2025-04-19"},{"dc_creator":"WooScraper_v1","dc_date_year":2025,"dc_description":"Besluit op een Woo-verzoek over communicatie tussen minister Asiel en Migratie en gemeente Harderwijk over de Spreidingswet. Het verzoek is gedaan op basis van de Wet open overheid (Woo).","dc_identifier":"nl.mnre1162.2i.2025.13","dc_publisher":"mnre1162","dc_source":"https://open.overheid.nl/Details/4092fa58-1ecf-4e29-84b6-990416ed39db/3","dc_title":"Besluit op Woo-verzoek communicatie tussen minister Asiel en Migratie en gemeente Harderwijk over de Spreidingswet","dc_type":"2i","dc_type_description":"Woo-verzoek en -besluit","foi_decisionDate":"2025-04-14","foi_fairiscoreVersions":{"v1":1,"v2":1},"foi_files":[{"dc_format":"application/pdf","dc_identifier":"nl.mnre1162.2i.2025.13.doc.1","dc_source":"https://open.overheid.nl/documenten/4092fa58-1ecf-4e29-84b6-990416ed39db/file","dc_title":"Besluit Woo-verzoek geen documenten aangetroffen communicatie MAenM en gemeente Harderwijk","dc_type":"bijlage","foi_fairiscoreVersions":{"v1":1,"v2":1},"foi_fileName":"Besluit Woo-verzoek geen documenten aangetroffen communicatie MAenM en gemeente Harderwijk.pdf","foi_nrPages":2}],"foi_nrDocuments":1,"foi_nrPagesInDossier":2,"foi_publishedDate":"2025-04-14","foi_retrievedDate":"2025-04-26"},{"dc_creator":"WooScraper_v1","dc_date_year":2025,"dc_description":"Besluit op Woo-verzoek over beleid en financiele aspecten asielzoekers. Het verzoek is gedaan op basis van de Wet open overheid (Woo).","dc_identifier":"nl.mnre1162.2i.2025.14","dc_publisher":"mnre1162","dc_source":"https://open.overheid.nl/Details/dc8a6c09-22bf-45fc-ae4c-51a754db4d0b/1","dc_title":"Besluit op Woo-verzoek over beleid en financiele aspecten asielzoekers","dc_type":"2i","dc_type_description":"Woo-verzoek en -besluit","foi_decisionDate":"2025-04-24","foi_fairiscoreVersions":{"v1":1,"v2":1},"foi_files":[{"dc_format":"application/pdf","dc_identifier":"nl.mnre1162.2i.2025.14.doc.1","dc_source":"https://open.overheid.nl/documenten/dc8a6c09-22bf-45fc-ae4c-51a754db4d0b/file","dc_title":"Besluit op Woo-verzoek over beleid en financiele aspecten asielzoekers","dc_type":"besluit","foi_fairiscoreVersions":{"v1":1,"v2":1},"foi_fileName":"Besluit op Woo-verzoek over beleid en financiele aspecten asielzoekers.pdf","foi_nrPages":5}],"foi_nrDocuments":1,"foi_nrPagesInDossier":5,"foi_publishedDate":"2025-04-24","foi_retrievedDate":"2025-05-03"},{"dc_creator":"WooScraper_v1","dc_date_year":2025,"dc_description":"Besluit op Woo-verzoek aanpassing beoordelingskader asiel. Het verzoek is gedaan op basis van de Wet open overheid (Woo).","dc_identifier":"nl.mnre1162.2i.2025.15","dc_publisher":"mnre1162","dc_source":"https://open.overheid.nl/Details/db273ad3-5e89-40ab-94cf-c763f2ef7d3f/1","dc_title":"Besluit op Woo-verzoek aanpassing beoordelingskader asiel","dc_type":"2i","dc_type_description":"Woo-verzoek en -besluit","foi_decisionDate":"2025-05-06","foi_fairiscoreVersions":{"v1":2,"v2":2},"foi_files":[{"dc_format":"application/pdf","dc_identifier":"nl.mnre1162.2i.2025.15.doc.4","dc_source":"https://open.overheid.nl/documenten/230edad9-e92e-4473-a9f2-305bb1176ecc/file","dc_title":"bundel","dc_type":"bijlage","foi_fairiscoreVersions":{"v1":4,"v2":4},"foi_fileName":"_deels_ geopenbaarde documenten bij besluit op Woo-verzoek aanpassing beoordelingskader asiel.pdf","foi_nrPages":217},{"dc_format":"application/pdf","dc_identifier":"nl.mnre1162.2i.2025.15.doc.1","dc_source":"https://open.overheid.nl/documenten/db273ad3-5e89-40ab-94cf-c763f2ef7d3f/file","dc_title":"Besluit op Woo-verzoek aanpassing beoordelingskader asiel","dc_type":"besluit","foi_fairiscoreVersions":{"v1":1,"v2":1},"foi_fileName":"Besluit op Woo-verzoek aanpassing beoordelingskader asiel.pdf","foi_nrPages":7},{"dc_format":"application/pdf","dc_identifier":"nl.mnre1162.2i.2025.15.doc.2","dc_source":"https://open.overheid.nl/documenten/b6f87d3a-8312-42f4-968f-74f6f328e9ed/file","dc_title":"bundel","dc_type":"bijlage","foi_fairiscoreVersions":{"v1":1,"v2":1},"foi_fileName":"Inventarislijst bij besluit op Woo-verzoek aanpassing beoordelingskader asiel.pdf","foi_nrPages":6},{"dc_format":"application/pdf","dc_identifier":"nl.mnre1162.2i.2025.15.doc.3","dc_source":"https://open.overheid.nl/documenten/4e1c8634-2e1c-48e4-b3cf-6db7f2f9157c/file","dc_title":"bundel","dc_type":"bijlage","foi_fairiscoreVersions":{"v1":1,"v2":1},"foi_fileName":"Relevante artikelen uit de Woo.pdf","foi_nrPages":2}],"foi_nrDocuments":4,"foi_nrPagesInDossier":232,"foi_publishedDate":"2025-05-06","foi_retrievedDate":"2025-05-17"},{"dc_creator":"WooScraper_v1","dc_date_year":2025,"dc_description":"Besluit op Woo-verzoek over terugkeerborden bij asielzoekerscentra. Het verzoek is gedaan op basis van de Wet open overheid (Woo).","dc_identifier":"nl.mnre1162.2i.2025.16","dc_publisher":"mnre1162","dc_source":"https://open.overheid.nl/Details/712389b1-f251-40f8-b12a-0397ca7a8e45/1","dc_title":"Besluit op Woo-verzoek over terugkeerborden bij asielzoekerscentra","dc_type":"2i","dc_type_description":"Woo-verzoek en -besluit","foi_decisionDate":"2025-05-08","foi_fairiscoreVersions":{"v1":2,"v2":2},"foi_files":[{"dc_format":"application/pdf","dc_identifier":"nl.mnre1162.2i.2025.16.doc.1","dc_source":"https://open.overheid.nl/documenten/712389b1-f251-40f8-b12a-0397ca7a8e45/file","dc_title":"Besluit op Woo-verzoek over terugkeerborden bij asielzoekerscentra","dc_type":"besluit","foi_fairiscoreVersions":{"v1":3,"v2":3},"foi_fileName":"Besluit op Woo-verzoek over terugkeerborden bij asielzoekerscentra.pdf","foi_nrPages":6},{"dc_format":"application/pdf","dc_identifier":"nl.mnre1162.2i.2025.16.doc.3","dc_source":"https://open.overheid.nl/documenten/10e5e863-df0d-4138-b810-a6c2cbe9a7a7/file","dc_title":"bundel","dc_type":"bijlage","foi_fairiscoreVersions":{"v1":2,"v2":2},"foi_fileName":"Documentenset bij Woo-verzoek over terugkeerborden asielzoekerscentra.pdf","foi_nrPages":20},{"dc_format":"application/pdf","dc_identifier":"nl.mnre1162.2i.2025.16.doc.2","dc_source":"https://open.overheid.nl/documenten/6d06ab58-f670-4186-ae94-0df564e75b49/file","dc_title":"bundel","dc_type":"bijlage","foi_fairiscoreVersions":{"v1":1,"v2":1},"foi_fileName":"Inventarislijst bij Woo-verzoek over terugkeerborden bij asielzoekerscentra.pdf","foi_nrPages":1}],"foi_nrDocuments":3,"foi_nrPagesInDossier":27,"foi_publishedDate":"2025-05-08","foi_retrievedDate":"2025-05-17"},{"dc_creator":"WooScraper_v1","dc_date_year":2025,"dc_description":"Besluit Woo-verzoek over de adviesnota terugkeerborden in asielzoekerscentra. Het verzoek is gedaan op basis van de Wet open overheid (Woo).","dc_identifier":"nl.mnre1162.2i.2025.17","dc_publisher":"mnre1162","dc_source":"https://open.overheid.nl/Details/1be416f4-81a7-4259-af43-5e451f92364a/1","dc_title":"Besluit Woo-verzoek over de adviesnota terugkeerborden in asielzoekerscentra","dc_type":"2i","dc_type_description":"Woo-verzoek en -besluit","foi_decisionDate":"2025-05-15","foi_fairiscoreVersions":{"v1":1,"v2":1},"foi_files":[{"dc_format":"application/pdf","dc_identifier":"nl.mnre1162.2i.2025.17.doc.1","dc_source":"https://open.overheid.nl/documenten/1be416f4-81a7-4259-af43-5e451f92364a/file","dc_title":"Besluit Woo-verzoek over de adviesnota terugkeerborden in asielzoekerscentra","dc_type":"besluit","foi_fairiscoreVersions":{"v1":1,"v2":1},"foi_fileName":"Besluit Woo-verzoek over de adviesnota terugkeerborden in asielzoekerscentra.pdf","foi_nrPages":3}],"foi_nrDocuments":1,"foi_nrPagesInDossier":3,"foi_publishedDate":"2025-05-15","foi_retrievedDate":"2025-05-17"},{"dc_creator":"WooScraper_v1","dc_date_year":2025,"dc_description":"Besluit op Woo-verzoek over het voorstel tot het plaatsen van terugkeerborden bij asielzoekerscentra. Het verzoek is gedaan op basis van de Wet open overheid (Woo).","dc_identifier":"nl.mnre1162.2i.2025.18","dc_publisher":"mnre1162","dc_source":"https://open.overheid.nl/Details/6b8c71f4-c835-49ef-b07f-88395903f4c0/1","dc_title":"Besluit op Woo-verzoek over het voorstel tot het plaatsen van terugkeerborden bij asielzoekerscentra","dc_type":"2i","dc_type_description":"Woo-verzoek en -besluit","foi_decisionDate":"2025-05-15","foi_fairiscoreVersions":{"v1":4,"v2":4},"foi_files":[{"dc_format":"application/pdf","dc_identifier":"nl.mnre1162.2i.2025.18.doc.1","dc_source":"https://open.overheid.nl/documenten/6b8c71f4-c835-49ef-b07f-88395903f4c0/file","dc_title":"Besluit op Woo-verzoek over het voorstel tot het plaatsen van terugkeerborden bij asielzoekerscentra","dc_type":"besluit","foi_fairiscoreVersions":{"v1":4,"v2":4},"foi_fileName":"Besluit op Woo-verzoek over het voorstel tot het plaatsen van terugkeerborden bij asielzoekerscentra.pdf","foi_nrPages":2}],"foi_nrDocuments":1,"foi_nrPagesInDossier":2,"foi_publishedDate":"2025-05-15","foi_retrievedDate":"2025-05-24"},{"dc_creator":"WooScraper_v1","dc_date_year":2025,"dc_description":"Woo-besluit bezwaarschrift gemeentes Noord-Brabant verdeelbesluit spreidingswet. Het verzoek is gedaan op basis van de Wet open overheid (Woo).","dc_identifier":"nl.mnre1162.2i.2025.19","dc_publisher":"mnre1162","dc_source":"https://open.overheid.nl/Details/a59b8a6e-cf0c-4328-a2f0-b2107bb0d19d/1","dc_title":"Woo-besluit bezwaarschrift gemeentes Noord-Brabant verdeelbesluit spreidingswet","dc_type":"2i","dc_type_description":"Woo-verzoek en -besluit","foi_decisionDate":"2025-05-28","foi_fairiscoreVersions":{"v1":2,"v2":2},"foi_files":[{"dc_format":"application/pdf","dc_identifier":"nl.mnre1162.2i.2025.19.doc.3","dc_source":"https://open.overheid.nl/documenten/ca9b5a24-2b6f-4b96-b029-2aa7041026c4/file","dc_title":"bundel","dc_type":"bijlage","foi_fairiscoreVersions":{"v1":4,"v2":4},"foi_fileName":"Documenten Woo-besluit bezwaarschrift Noord-Brabant verdeelbesluit spreidingswet.pdf","foi_nrPages":26},{"dc_format":"application/pdf","dc_identifier":"nl.mnre1162.2i.2025.19.doc.2","dc_source":"https://open.overheid.nl/documenten/f7aac63d-4282-48aa-bd37-74de46f2ad35/file","dc_title":"bundel","dc_type":"bijlage","foi_fairiscoreVersions":{"v1":1,"v2":1},"foi_fileName":"Overzicht declaraties 2024  Excel 4.pdf","foi_nrPages":1},{"dc_format":"application/pdf","dc_identifier":"nl.mnre1162.2i.2025.19.doc.1","dc_source":"https://open.overheid.nl/documenten/a59b8a6e-cf0c-4328-a2f0-b2107bb0d19d/file","dc_title":"Woo-besluit bezwaarschrift gemeentes Noord-Brabant verdeelbesluit spreidingswet","dc_type":"besluit","foi_fairiscoreVersions":{"v1":1,"v2":1},"foi_fileName":"Woo-besluit bezwaarschrift gemeentes Noord-Brabant verdeelbesluit spreidingswet.pdf","foi_nrPages":4}],"foi_nrDocuments":3,"foi_nrPagesInDossier":31,"foi_publishedDate":"2025-05-28","foi_retrievedDate":"2025-05-31"},{"dc_creator":"WooScraper_v1","dc_date_year":2025,"dc_description":"Besluit op Woo-verzoek over mogelijke opvang in hotel \u2019t Elshuys. Het verzoek is gedaan op basis van de Wet open overheid (Woo).","dc_identifier":"nl.mnre1162.2i.2025.2","dc_publisher":"mnre1162","dc_source":"https://open.overheid.nl/Details/0badad99-22b7-4950-b958-71cb153a21f3/2","dc_title":"Besluit op Woo-verzoek over mogelijke opvang in hotel 't Elshuys","dc_type":"2i","dc_type_description":"Woo-verzoek en -besluit","foi_decisionDate":"2025-01-21","foi_fairiscoreVersions":{"v1":1,"v2":1},"foi_files":[{"dc_format":"application/pdf","dc_identifier":"nl.mnre1162.2i.2025.2.doc.1","dc_source":"https://open.overheid.nl/documenten/0badad99-22b7-4950-b958-71cb153a21f3/file","dc_title":"Besluit op Woo-verzoek over mogelijke opvang Elshuys","dc_type":"besluit","foi_fairiscoreVersions":{"v1":1,"v2":1},"foi_fileName":"Besluit op Woo-verzoek over mogelijke opvang Elshuys.pdf","foi_nrPages":3}],"foi_nrDocuments":1,"foi_nrPagesInDossier":3,"foi_publishedDate":"2025-01-21","foi_retrievedDate":"2025-01-25"},{"dc_creator":"WooScraper_v1","dc_date_year":2025,"dc_description":"Besluit op Woo-verzoek over Avans+ en Yomema. Het verzoek is gedaan op basis van de Wet open overheid (Woo).","dc_identifier":"nl.mnre1162.2i.2025.20","dc_publisher":"mnre1162","dc_source":"https://open.overheid.nl/Details/70bc19a9-34d0-413b-96d6-d0b0da9d4335/2","dc_title":"Besluit op Woo-verzoek over Avans+ en Yomema","dc_type":"2i","dc_type_description":"Woo-verzoek en -besluit","foi_decisionDate":"2025-06-03","foi_fairiscoreVersions":{"v1":2,"v2":2},"foi_files":[{"dc_format":"application/pdf","dc_identifier":"nl.mnre1162.2i.2025.20.doc.3","dc_source":"https://open.overheid.nl/documenten/7786a1f8-c987-4629-bb5e-4014aa76e1ca/file","dc_title":"bundel","dc_type":"bijlage","foi_fairiscoreVersions":{"v1":3,"v2":3},"foi_fileName":"_deels_ geopenbaarde documenten bij besluit op Woo-verzoek over Avans_ en Yomema.pdf","foi_nrPages":67},{"dc_format":"application/pdf","dc_identifier":"nl.mnre1162.2i.2025.20.doc.1","dc_source":"https://open.overheid.nl/documenten/70bc19a9-34d0-413b-96d6-d0b0da9d4335/file","dc_title":"Besluit op Woo-verzoek over Avans_ en Yomema","dc_type":"besluit","foi_fairiscoreVersions":{"v1":1,"v2":1},"foi_fileName":"Besluit op Woo-verzoek over Avans_ en Yomema.pdf","foi_nrPages":8},{"dc_format":"application/pdf","dc_identifier":"nl.mnre1162.2i.2025.20.doc.2","dc_source":"https://open.overheid.nl/documenten/3ef77cc6-641d-4154-88c4-08745d4f648f/file","dc_title":"bundel","dc_type":"bijlage","foi_fairiscoreVersions":{"v1":1,"v2":1},"foi_fileName":"Inventarislijst Woo Avans_ Omroep Brabant.pdf","foi_nrPages":1}],"foi_nrDocuments":3,"foi_nrPagesInDossier":76,"foi_publishedDate":"2025-06-03","foi_retrievedDate":"2025-06-07"},{"dc_creator":"WooScraper_v1","dc_date_year":2025,"dc_description":"Besluit op Woo-verzoek totstandkoming van het gewijzigde beoordelingsbeleid. Het verzoek is gedaan op basis van de Wet open overheid (Woo).","dc_identifier":"nl.mnre1162.2i.2025.21","dc_publisher":"mnre1162","dc_source":"https://open.overheid.nl/Details/42c96ffe-39f9-4705-952b-cbe4e4cf379c/1","dc_title":"Besluit op Woo-verzoek totstandkoming van het gewijzigde beoordelingsbeleid","dc_type":"2i","dc_type_description":"Woo-verzoek en -besluit","foi_decisionDate":"2025-06-03","foi_fairiscoreVersions":{"v1":1,"v2":1},"foi_files":[{"dc_format":"application/pdf","dc_identifier":"nl.mnre1162.2i.2025.21.doc.1","dc_source":"https://open.overheid.nl/documenten/42c96ffe-39f9-4705-952b-cbe4e4cf379c/file","dc_title":"Besluit op Woo-verzoek totstandkoming van het gewijzigde beoordelingsbeleid","dc_type":"besluit","foi_fairiscoreVersions":{"v1":1,"v2":1},"foi_fileName":"Besluit op Woo-verzoek totstandkoming van het gewijzigde beoordelingsbeleid.pdf","foi_nrPages":2}],"foi_nrDocuments":1,"foi_nrPagesInDossier":2,"foi_publishedDate":"2025-06-03","foi_retrievedDate":"2025-06-07"},{"dc_creator":"WooScraper_v1","dc_date_year":2025,"dc_description":"Besluit op Woo-verzoek over asielcrisiswet en activeren van de uitzonderingsbepaling. Het verzoek is gedaan op basis van de Wet open overheid (Woo).","dc_identifier":"nl.mnre1162.2i.2025.22","dc_publisher":"mnre1162","dc_source":"https://open.overheid.nl/Details/727daca7-9a0f-4440-8752-f5270d7ad9f2/1","dc_title":"Besluit op Woo-verzoek over asielcrisiswet en activeren van de uitzonderingsbepaling","dc_type":"2i","dc_type_description":"Woo-verzoek en -besluit","foi_decisionDate":"2025-06-27","foi_fairiscoreVersions":{"v1":1,"v2":1},"foi_files":[{"dc_format":"application/pdf","dc_identifier":"nl.mnre1162.2i.2025.22.doc.4","dc_source":"https://open.overheid.nl/documenten/c785200f-df2b-4289-93d3-851b72af234a/file","dc_title":"bundel","dc_type":"bijlage","foi_fileName":"_Deels_ geopenbaarde documenten bij besluit op Woo-verzoek over asielcrisiswet en activeren van de uitzonderingsbepaling.pdf"},{"dc_format":"application/pdf","dc_identifier":"nl.mnre1162.2i.2025.22.doc.1","dc_source":"https://open.overheid.nl/documenten/727daca7-9a0f-4440-8752-f5270d7ad9f2/file","dc_title":"Besluit op Woo-verzoek over asielcrisiswet en activeren van de uitzonderingsbepaling","dc_type":"besluit","foi_fileName":"Besluit op Woo-verzoek over asielcrisiswet en activeren van de uitzonderingsbepaling.pdf"},{"dc_format":"application/pdf","dc_identifier":"nl.mnre1162.2i.2025.22.doc.3","dc_source":"https://open.overheid.nl/documenten/9e932738-80b7-4345-88c6-c088e2fac66a/file","dc_title":"bundel","dc_type":"bijlage","foi_fairiscoreVersions":{"v1":1,"v2":1},"foi_fileName":"Inventarislijst bij besluit op Woo-verzoek over asielcrisiswet en activeren van de uitzonderingsbepaling.pdf","foi_nrPages":4},{"dc_format":"application/pdf","dc_identifier":"nl.mnre1162.2i.2025.22.doc.2","dc_source":"https://open.overheid.nl/documenten/cd058a58-1b1c-4df7-80dd-a60f331c3ce7/file","dc_title":"bundel","dc_type":"bijlage","foi_fairiscoreVersions":{"v1":1,"v2":1},"foi_fileName":"Relevante artikelen uit de Woo.pdf","foi_nrPages":2}],"foi_nrDocuments":4,"foi_nrPagesInDossier":6,"foi_publishedDate":"2025-06-27","foi_retrievedDate":"2025-06-28"},{"dc_creator":"WooScraper_v1","dc_date_year":2025,"dc_description":"Besluit op Woo verzoek case matcher. Het gaat om een verzoek op basis van de Wet open overheid (Woo).","dc_identifier":"nl.mnre1162.2i.2025.23","dc_publisher":"mnre1162","dc_source":"https://open.overheid.nl/Details/03a46879-dbfb-4b75-9b61-deb6107429db/1","dc_title":"Besluit op Woo verzoek case matcher","dc_type":"2i","dc_type_description":"Woo-verzoek en -besluit","foi_decisionDate":"2025-05-13","foi_fairiscoreVersions":{"v1":1,"v2":1},"foi_files":[{"dc_format":"application/pdf","dc_identifier":"nl.mnre1162.2i.2025.23.doc.1","dc_source":"https://open.overheid.nl/documenten/03a46879-dbfb-4b75-9b61-deb6107429db/file","dc_title":"Besluit op Woo verzoek case matcher","dc_type":"besluit","foi_fairiscoreVersions":{"v1":1,"v2":1},"foi_fileName":"Besluit op Woo verzoek case matcher.pdf","foi_nrPages":9},{"dc_format":"application/pdf","dc_identifier":"nl.mnre1162.2i.2025.23.doc.3","dc_source":"https://open.overheid.nl/documenten/4d5088da-5a82-4522-872e-cfa69cced429/file","dc_title":"bundel","dc_type":"bijlage","foi_fileName":"Bijlage 1 Evaluatie Experiment Case Matcher.pdf"},{"dc_format":"application/pdf","dc_identifier":"nl.mnre1162.2i.2025.23.doc.2","dc_source":"https://open.overheid.nl/documenten/5f13b1da-6ec9-44d4-8442-ee4109a1af5f/file","dc_title":"bundel","dc_type":"bijlage","foi_fairiscoreVersions":{"v1":1,"v2":1},"foi_fileName":"Bijlage 2 IBQS Casematcher.pdf","foi_nrPages":4}],"foi_nrDocuments":3,"foi_nrPagesInDossier":13,"foi_publishedDate":"2025-05-13","foi_retrievedDate":"2025-06-28"},{"dc_creator":"WooScraper_v1","dc_date_year":2025,"dc_description":"Besluit op Woo-verzoek over adviezen Spreidingswet. Het verzoek is gedaan op basis van de Wet open overheid (Woo).","dc_identifier":"nl.mnre1162.2i.2025.26","dc_publisher":"mnre1162","dc_source":"https://open.overheid.nl/Details/80592637-0e5d-42da-84b3-a7d5b75f9ef0/1","dc_title":"Besluit op Woo-verzoek over adviezen Spreidingswet","dc_type":"2i","dc_type_description":"Woo-verzoek en -besluit","foi_decisionDate":"2025-07-02","foi_fairiscoreVersions":{"v1":1,"v2":1},"foi_files":[{"dc_format":"application/pdf","dc_identifier":"nl.mnre1162.2i.2025.26.doc.1","dc_source":"https://open.overheid.nl/documenten/80592637-0e5d-42da-84b3-a7d5b75f9ef0/file","dc_title":"Besluit Woo-verzoek adviezen Spreidingswet","dc_type":"besluit","foi_fairiscoreVersions":{"v1":1,"v2":1},"foi_fileName":"Besluit Woo-verzoek adviezen Spreidingswet.pdf","foi_nrPages":2}],"foi_nrDocuments":1,"foi_nrPagesInDossier":2,"foi_publishedDate":"2025-07-02","foi_retrievedDate":"2025-07-15"},{"dc_creator":"WooScraper_v1","dc_date_year":2025,"dc_description":"Woo-besluit over de minuten betreffende V-nummer....Het verzoek is gedaan op basis van de Wet open overheid (Woo).","dc_identifier":"nl.mnre1162.2i.2025.28","dc_publisher":"mnre1162","dc_source":"https://open.overheid.nl/Details/0c8bc739-43b3-4177-9688-de36b0fb7fe6/1","dc_title":"Woo-besluit over de minuten betreffende V-nummer","dc_type":"2i","dc_type_description":"Woo-verzoek en -besluit","foi_decisionDate":"2025-07-04","foi_fairiscoreVersions":{"v1":4,"v2":4},"foi_files":[{"dc_format":"application/pdf","dc_identifier":"nl.mnre1162.2i.2025.28.doc.1","dc_source":"https://open.overheid.nl/documenten/0c8bc739-43b3-4177-9688-de36b0fb7fe6/file","dc_title":"Woo-besluit over de minuten betreffende V-nummer","dc_type":"besluit","foi_fairiscoreVersions":{"v1":4,"v2":4},"foi_fileName":"Woo-besluit over de minuten betreffende  V-nummer.pdf","foi_nrPages":2}],"foi_nrDocuments":1,"foi_nrPagesInDossier":2,"foi_publishedDate":"2025-07-04","foi_retrievedDate":"2025-07-19"},{"dc_creator":"WooScraper_v1","dc_date_year":2025,"dc_description":"Besluit op Woo-verzoek over energiecontracten van het COA. Het verzoek is gedaan op basis van de Wet open overheid (Woo).","dc_identifier":"nl.mnre1162.2i.2025.29","dc_publisher":"mnre1162","dc_source":"https://open.overheid.nl/Details/a7425bc0-273c-4b70-974f-4eca855ba6a2/1","dc_title":"Besluit op Woo-verzoek over energiecontracten van het COA","dc_type":"2i","dc_type_description":"Woo-verzoek en -besluit","foi_decisionDate":"2025-07-02","foi_fairiscoreVersions":{"v1":1,"v2":1},"foi_files":[{"dc_format":"application/pdf","dc_identifier":"nl.mnre1162.2i.2025.29.doc.1","dc_source":"https://open.overheid.nl/documenten/a7425bc0-273c-4b70-974f-4eca855ba6a2/file","dc_title":"Besluit op Woo-verzoek over energiecontracten van het COA","dc_type":"besluit","foi_fairiscoreVersions":{"v1":1,"v2":1},"foi_fileName":"Besluit op Woo-verzoek over energiecontracten van het COA.pdf","foi_nrPages":2}],"foi_nrDocuments":1,"foi_nrPagesInDossier":2,"foi_publishedDate":"2025-07-02","foi_retrievedDate":"2025-07-19"},{"dc_creator":"WooScraper_v1","dc_date_year":2025,"dc_description":"Besluit op bezwaar over woordenlijsten met vertalingen in het Engels en Duits. Het verzoek is gedaan op basis van de Wet open overheid (Woo).","dc_identifier":"nl.mnre1162.2i.2025.3","dc_publisher":"mnre1162","dc_source":"https://open.overheid.nl/Details/511d465c-8911-4338-8a96-7219c2c31254/1","dc_title":"Besluit op bezwaar over woordenlijsten met vertalingen in het Engels en Duits","dc_type":"2i","dc_type_description":"Woo-verzoek en -besluit","foi_decisionDate":"2025-01-20","foi_fairiscoreVersions":{"v1":2,"v2":2},"foi_files":[{"dc_format":"application/pdf","dc_identifier":"nl.mnre1162.2i.2025.3.doc.1","dc_source":"https://open.overheid.nl/documenten/511d465c-8911-4338-8a96-7219c2c31254/file","dc_title":"Besluit op bezwaar over woordenlijsten met vertalingen in het Engels en Duits","dc_type":"besluit","foi_fairiscoreVersions":{"v1":3,"v2":3},"foi_fileName":"Besluit op bezwaar over woordenlijsten met vertalingen in het Engels en Duits.pdf","foi_nrPages":5},{"dc_format":"application/pdf","dc_identifier":"nl.mnre1162.2i.2025.3.doc.4","dc_source":"https://open.overheid.nl/documenten/cc461413-afb8-4f07-8b17-decdfc711eea/file","dc_title":"bundel","dc_type":"bijlage","foi_fairiscoreVersions":{"v1":1,"v2":1},"foi_fileName":"Geopenbaarde documenten bij besluit op bezwaar over woordenlijsten met vertalingen in het Engels en Duits.pdf","foi_nrPages":19},{"dc_format":"application/pdf","dc_identifier":"nl.mnre1162.2i.2025.3.doc.2","dc_source":"https://open.overheid.nl/documenten/1cefce2a-92e3-4cc4-b870-3e3ba611e3a2/file","dc_title":"bundel","dc_type":"bijlage","foi_fairiscoreVersions":{"v1":1,"v2":1},"foi_fileName":"Inventarislijst bij besluit op bezwaar over woordenlijsten met vertalingen in het Engels en Duits.pdf","foi_nrPages":1},{"dc_format":"application/pdf","dc_identifier":"nl.mnre1162.2i.2025.3.doc.3","dc_source":"https://open.overheid.nl/documenten/fce7bf36-b5ff-477f-aea7-5556c56a316e/file","dc_title":"bundel","dc_type":"bijlage","foi_fairiscoreVersions":{"v1":1,"v2":1},"foi_fileName":"Relevante Woo-artikelen.pdf","foi_nrPages":2}],"foi_nrDocuments":4,"foi_nrPagesInDossier":27,"foi_publishedDate":"2025-01-20","foi_retrievedDate":"2025-02-01"},{"dc_creator":"WooScraper_v1","dc_date_year":2025,"dc_description":"Besluit Woo-verzoek over Tijdelijke herinvoering grenscontroles. Het verzoek is gedaan op basis van de Wet open overheid (Woo).","dc_identifier":"nl.mnre1162.2i.2025.30","dc_publisher":"mnre1162","dc_source":"https://open.overheid.nl/Details/4a571e1b-1157-48d1-a55f-308b507bceb2/1","dc_title":"Besluit Woo-verzoek over Tijdelijke herinvoering grenscontroles","dc_type":"2i","dc_type_description":"Woo-verzoek en -besluit","foi_decisionDate":"2025-07-01","foi_fairiscoreVersions":{"v1":1,"v2":1},"foi_files":[{"dc_format":"application/pdf","dc_identifier":"nl.mnre1162.2i.2025.30.doc.1","dc_source":"https://open.overheid.nl/documenten/4a571e1b-1157-48d1-a55f-308b507bceb2/file","dc_title":"Besluit Woo-verzoek over Tijdelijke herinvoering grenscontroles","dc_type":"besluit","foi_fairiscoreVersions":{"v1":1,"v2":1},"foi_fileName":"Besluit Woo-verzoek over Tijdelijke herinvoering grenscontroles.pdf","foi_nrPages":2}],"foi_nrDocuments":1,"foi_nrPagesInDossier":2,"foi_publishedDate":"2025-07-01","foi_retrievedDate":"2025-07-19"},{"dc_creator":"WooScraper_v1","dc_date_year":2025,"dc_description":"Besluit op Woo-verzoek over het aanwijzingsbesluit pontons gemeente Zaanstad. Het verzoek is gedaan op basis van de Wet open overheid (Woo).","dc_identifier":"nl.mnre1162.2i.2025.31","dc_publisher":"mnre1162","dc_source":"https://open.overheid.nl/Details/284d416e-e5e4-4351-bf0e-7ec1584471c6/1","dc_title":"Besluit op Woo-verzoek over het aanwijzingsbesluit pontons gemeente Zaanstad","dc_type":"2i","dc_type_description":"Woo-verzoek en -besluit","foi_decisionDate":"2025-07-17","foi_fairiscoreVersions":{"v1":1,"v2":1},"foi_files":[{"dc_format":"application/pdf","dc_identifier":"nl.mnre1162.2i.2025.31.doc.1","dc_source":"https://open.overheid.nl/documenten/284d416e-e5e4-4351-bf0e-7ec1584471c6/file","dc_title":"Besluit op Woo-verzoek over het aanwijzingsbesluit pontons gemeente Zaanstad","dc_type":"besluit","foi_fairiscoreVersions":{"v1":1,"v2":1},"foi_fileName":"Besluit op Woo-verzoek over het aanwijzingsbesluit pontons gemeente Zaanstad.pdf","foi_nrPages":3}],"foi_nrDocuments":1,"foi_nrPagesInDossier":3,"foi_publishedDate":"2025-07-17","foi_retrievedDate":"2025-07-19"},{"dc_creator":"WooScraper_v1","dc_date_year":2025,"dc_description":"Besluit op Woo-verzoek over asielopvang gemeente Enschede zaak. Het verzoek is gedaan op basis van de Wet open overheid (Woo).","dc_identifier":"nl.mnre1162.2i.2025.32","dc_publisher":"mnre1162","dc_source":"https://open.overheid.nl/Details/ceb86dcb-8964-4e82-9172-2fffa662f530/2","dc_title":"Besluit op Woo-verzoek over asielopvang gemeente Enschede","dc_type":"2i","dc_type_description":"Woo-verzoek en -besluit","foi_decisionDate":"2025-07-14","foi_fairiscoreVersions":{"v1":2,"v2":2},"foi_files":[{"dc_format":"application/pdf","dc_identifier":"nl.mnre1162.2i.2025.32.doc.1","dc_source":"https://open.overheid.nl/documenten/ceb86dcb-8964-4e82-9172-2fffa662f530/file","dc_title":"Besluit op Woo-verzoek over asielopvang gemeente Enschede zaak","dc_type":"besluit","foi_fairiscoreVersions":{"v1":1,"v2":1},"foi_fileName":"Besluit op Woo-verzoek over asielopvang gemeente Enschede zaak.pdf","foi_nrPages":6},{"dc_format":"application/pdf","dc_identifier":"nl.mnre1162.2i.2025.32.doc.3","dc_source":"https://open.overheid.nl/documenten/bf00f00e-f0fb-461e-8361-a6efd6d9c0be/file","dc_title":"bundel","dc_type":"bijlage","foi_fairiscoreVersions":{"v1":4,"v2":4},"foi_fileName":"Documenten bij besluit op Woo-verzoek over asielopvang Enschede.pdf","foi_nrPages":56},{"dc_format":"application/pdf","dc_identifier":"nl.mnre1162.2i.2025.32.doc.2","dc_source":"https://open.overheid.nl/documenten/23d0ec10-8a33-432e-9ebb-0575f6c3de86/file","dc_title":"bundel","dc_type":"bijlage","foi_fairiscoreVersions":{"v1":1,"v2":1},"foi_fileName":"Inventarislijst bij besluit op Woo-verzoek over asielopvang Enschede.pdf","foi_nrPages":5}],"foi_nrDocuments":3,"foi_nrPagesInDossier":67,"foi_publishedDate":"2025-07-14","foi_retrievedDate":"2025-08-02"},{"dc_creator":"WooScraper_v1","dc_date_year":2025,"dc_description":"Besluit op Woo-verzoek over geldstromen naar NGO's. Het verzoek is gedaan op basis van de Wet open overheid (Woo). ","dc_identifier":"nl.mnre1162.2i.2025.33","dc_publisher":"mnre1162","dc_source":"https://open.overheid.nl/details/645e9149-934e-40a4-8259-f65e23d8829d","dc_title":"Besluit op Woo-verzoek over geldstromen naar NGO's","dc_type":"2i","dc_type_description":"Woo-verzoek en -besluit","foi_decisionDate":"2025-09-12","foi_fairiscoreVersions":{"v1":1,"v2":1},"foi_files":[{"dc_format":"application/pdf","dc_identifier":"nl.mnre1162.2i.2025.33.doc.1","dc_source":"https://open.overheid.nl/documenten/645e9149-934e-40a4-8259-f65e23d8829d/file","dc_title":"Besluit op Woo-verzoek over geldstromen naar NGO's","dc_type":"foi_besluit","foi_fairiscoreVersions":{"v1":1,"v2":1},"foi_fileName":"Besluit Woo-verzoek over geldstromen naar NGO_s.pdf","foi_nrPages":2}],"foi_nrDocuments":1,"foi_nrPagesInDossier":2,"foi_publishedDate":"2025-09-15","foi_retrievedDate":"2025-09-22"},{"dc_creator":"WooScraper_v1","dc_date_year":2025,"dc_description":"Besluit op Woo-verzoek over niet geopenbaarde werkinstructies. Het verzoek is gedaan op basis van de Wet open overheid (Woo). ","dc_identifier":"nl.mnre1162.2i.2025.34","dc_publisher":"mnre1162","dc_source":"https://open.overheid.nl/details/658b361d-a44c-4c08-82c9-797a807a66bd","dc_title":"Besluit op Woo-verzoek over niet geopenbaarde werkinstructies","dc_type":"2i","dc_type_description":"Woo-verzoek en -besluit","foi_decisionDate":"2025-08-04","foi_fairiscoreVersions":{"v1":3,"v2":3},"foi_files":[{"dc_format":"application/pdf","dc_identifier":"nl.mnre1162.2i.2025.34.doc.1","dc_source":"https://open.overheid.nl/documenten/658b361d-a44c-4c08-82c9-797a807a66bd/file","dc_title":"Besluit op Woo-verzoek over niet geopenbaarde werkinstructies","dc_type":"besluit","foi_fairiscoreVersions":{"v1":4,"v2":4},"foi_fileName":"Besluit op Woo-verzoek over niet geopenbaarde werkinstructies.pdf","foi_nrPages":2},{"dc_format":"application/pdf","dc_identifier":"nl.mnre1162.2i.2025.34.doc.2","dc_source":"https://open.overheid.nl/documenten/66c3732f-82a5-4cee-9631-2e0cda441a5e/file","dc_title":"Document bij besluit op Woo-verzoek over niet geopenbaarde werkinstructies","dc_type":"besluit","foi_fairiscoreVersions":{"v1":2,"v2":1},"foi_fileName":"Document bij besluit op Woo-verzoek over niet geopenbaarde werkinstructies.pdf","foi_nrPages":28}],"foi_nrDocuments":2,"foi_nrPagesInDossier":30,"foi_publishedDate":"2025-10-06","foi_retrievedDate":"2025-10-06"},{"dc_creator":"WooScraper_v1","dc_date_year":2025,"dc_description":"Besluit op Woo-verzoek over informatie over de weigering van een vijftal onderscheidingen voor medewerkers COA. Het verzoek is gedaan op basis van de Wet open overheid (Woo).","dc_identifier":"nl.mnre1162.2i.2025.35","dc_publisher":"mnre1162","dc_source":"https://open.overheid.nl/details/e605635b-7d75-4316-a78e-77ddb92e3a76","dc_title":"Besluit op Woo-verzoek over informatie over de weigering van een vijftal onderscheidingen voor medewerkers COA","dc_type":"2i","dc_type_description":"Woo-verzoek en -besluit","foi_decisionDate":"2025-11-04","foi_fairiscoreVersions":{"v1":1,"v2":1},"foi_files":[{"dc_format":"application/pdf","dc_identifier":"nl.mnre1162.2i.2025.35.doc.1","dc_source":"https://open.overheid.nl/documenten/e605635b-7d75-4316-a78e-77ddb92e3a76/file","dc_title":"Besluit op Woo-verzoek over informatie over de weigering van een vijftal onderscheidingen voor medewerkers COA","dc_type":"besluit","foi_fairiscoreVersions":{"v1":1,"v2":1},"foi_fileName":"Besluit op Woo-verzoek over informatie over de weigering van een vijftal onderscheidingen voor medewerkers COA.pdf","foi_nrPages":2}],"foi_nrDocuments":1,"foi_nrPagesInDossier":2,"foi_publishedDate":"2025-11-18","foi_retrievedDate":"2025-11-18"},{"dc_creator":"WooScraper_v1","dc_date_year":2025,"dc_description":"Besluit op Woo-verzoek over 'Rapport Mali Veiligheidssituatie 2024'. Het verzoek is gedaan op basis van de Wet open overheid (Woo).","dc_identifier":"nl.mnre1162.2i.2025.36","dc_publisher":"mnre1162","dc_source":"https://open.overheid.nl/details/4c2157f4-9972-42ab-be1d-df7e5cb93527","dc_title":"Besluit op Woo-verzoek over 'Rapport Mali Veiligheidssituatie 2024'","dc_type":"2i","dc_type_description":"Woo-verzoek en -besluit","foi_decisionDate":"2025-11-20","foi_fairiscoreVersions":{"v1":3,"v2":3},"foi_files":[{"dc_format":"application/pdf","dc_identifier":"nl.mnre1162.2i.2025.36.doc.1","dc_source":"https://open.overheid.nl/documenten/4c2157f4-9972-42ab-be1d-df7e5cb93527/file","dc_title":"Besluit op Woo-verzoek over 'Rapport Mali Veiligheidssituatie 2024'","dc_type":"besluit","foi_fairiscoreVersions":{"v1":3,"v2":3},"foi_fileName":"Besluit op Woo-verzoek over _Rapport Mali Veiligheidssituatie 2024_.pdf","foi_nrPages":3},{"dc_format":"application/pdf","dc_identifier":"nl.mnre1162.2i.2025.36.doc.2","dc_source":"https://open.overheid.nl/documenten/64462544-2c7e-4b2d-a2e5-17add24dcd2f/file","dc_title":"Document bij besluit op Woo-verzoek over 'Rapport Mali Veiligheidssituatie 2024'","dc_type":"besluit","foi_fairiscoreVersions":{"v1":2,"v2":2},"foi_fileName":"Document bij besluit op Woo-verzoek over _Rapport Mali Veiligheidssituatie 2024_.pdf","foi_nrPages":51}],"foi_nrDocuments":2,"foi_nrPagesInDossier":54,"foi_publishedDate":"2025-11-24","foi_retrievedDate":"2025-11-24"},{"dc_creator":"WooScraper_v1","dc_date_year":2025,"dc_description":"Besluit op Woo-verzoek over de financi\u00eble regeling met betrekking tot de opvang in de Gemeente Tubbergen. Het verzoek is gedaan op basis van de Wet open overheid (Woo). ","dc_identifier":"nl.mnre1162.2i.2025.37","dc_publisher":"mnre1162","dc_source":"https://open.overheid.nl/details/0be8a7c4-7bb1-4c6d-949b-d8033a8b8cf6","dc_title":"Besluit op Woo-verzoek over de financi\u00eble regeling met betrekking tot de opvang in de Gemeente Tubbergen","dc_type":"2i","dc_type_description":"Woo-verzoek en -besluit","foi_decisionDate":"2025-11-26","foi_fairiscoreVersions":{"v1":1,"v2":1},"foi_files":[{"dc_format":"application/pdf","dc_identifier":"nl.mnre1162.2i.2025.37.doc.1","dc_source":"https://open.overheid.nl/documenten/0be8a7c4-7bb1-4c6d-949b-d8033a8b8cf6/file","dc_title":"Besluit op Woo-verzoek over de financi\u00eble regeling met betrekking tot de opvang in de Gemeente Tubbergen","dc_type":"besluit","foi_fairiscoreVersions":{"v1":1,"v2":1},"foi_fileName":"Besluit op Woo-verzoek over de financi_le regeling met betrekking tot de opvang in de Gemeente Tubbergen.pdf","foi_nrPages":4}],"foi_nrDocuments":1,"foi_nrPagesInDossier":4,"foi_publishedDate":"2025-11-26","foi_retrievedDate":"2025-11-26"},{"dc_creator":"WooScraper_v1","dc_date_year":2025,"dc_description":"Beschikking op Woo-verzoek over toezicht- en handhavingsdocumenten au-pairbureau. Het verzoek is gedaan op basis van de Wet open overheid (Woo). ","dc_identifier":"nl.mnre1162.2i.2025.38","dc_publisher":"mnre1162","dc_source":"https://open.overheid.nl/details/f936df4f-4f5b-45b5-863f-52dddb3cb02d","dc_title":"Beschikking op Woo-verzoek over toezicht- en handhavingsdocumenten au-pairbureau","dc_type":"2i","dc_type_description":"Woo-verzoek en -besluit","foi_decisionDate":"2025-12-08","foi_fairiscoreVersions":{"v1":3,"v2":3},"foi_files":[{"dc_format":"application/pdf","dc_identifier":"nl.mnre1162.2i.2025.38.doc.1","dc_source":"https://open.overheid.nl/documenten/f936df4f-4f5b-45b5-863f-52dddb3cb02d/file","dc_title":"Beschikking op Woo-verzoek over toezicht- en handhavingsdocumenten au-pairbureau","dc_type":"bijlage","foi_fairiscoreVersions":{"v1":3,"v2":3},"foi_fileName":"Beschikking op Woo-verzoek over toezicht- en handhavingsdocumenten au-pairbureau.pdf","foi_nrPages":4}],"foi_nrDocuments":1,"foi_nrPagesInDossier":4,"foi_publishedDate":"2025-12-08","foi_retrievedDate":"2025-12-08"},{"dc_creator":"WooScraper_v1","dc_date_year":2025,"dc_description":"Beschikking op Woo-verzoek over weekcijfers asielinstroom. Het verzoek is gedaan op basis van de Wet open overheid (Woo). ","dc_identifier":"nl.mnre1162.2i.2025.39","dc_publisher":"mnre1162","dc_source":"https://open.overheid.nl/details/30315c39-d76c-4c5b-837f-5522ba0c2d61","dc_title":"Beschikking op Woo-verzoek over weekcijfers asielinstroom","dc_type":"2i","dc_type_description":"Woo-verzoek en -besluit","foi_decisionDate":"2025-12-11","foi_fairiscoreVersions":{"v1":2,"v2":2},"foi_files":[{"dc_format":"application/pdf","dc_identifier":"nl.mnre1162.2i.2025.39.doc.1","dc_source":"https://open.overheid.nl/documenten/30315c39-d76c-4c5b-837f-5522ba0c2d61/file","dc_title":"Beschikking op Woo-verzoek over weekcijfers asielinstroom","dc_type":"verzoek","foi_fairiscoreVersions":{"v1":3,"v2":3},"foi_fileName":"Beschikking op Woo-verzoek over weekcijfers asielinstroom.pdf","foi_nrPages":3},{"dc_format":"application/pdf","dc_identifier":"nl.mnre1162.2i.2025.39.doc.2","dc_source":"https://open.overheid.nl/documenten/93030896-f7ce-4010-b172-72470e22313c/file","dc_title":"Document bij beschikking op Woo-verzoek over weekcijfers asielinstroom","dc_type":"verzoek","foi_fairiscoreVersions":{"v1":1,"v2":1},"foi_fileName":"Document bij beschikking op Woo-verzoek over weekcijfers asielinstroom.pdf","foi_nrPages":12}],"foi_nrDocuments":2,"foi_nrPagesInDossier":15,"foi_publishedDate":"2025-12-11","foi_retrievedDate":"2025-12-11"},{"dc_creator":"WooScraper_v1","dc_date_year":2025,"dc_description":"Besluit op Woo-verzoek over Frontex. Het verzoek is gedaan op basis van de Wet open overheid (Woo).","dc_identifier":"nl.mnre1162.2i.2025.4","dc_publisher":"mnre1162","dc_source":"https://open.overheid.nl/Details/95d1d9a2-ba1c-4a97-914a-72db1ada1447/1","dc_title":"Besluit op Woo-verzoek over Frontex","dc_type":"2i","dc_type_description":"Woo-verzoek en -besluit","foi_decisionDate":"2025-01-27","foi_fairiscoreVersions":{"v1":2,"v2":2},"foi_files":[{"dc_format":"application/pdf","dc_identifier":"nl.mnre1162.2i.2025.4.doc.1","dc_source":"https://open.overheid.nl/documenten/95d1d9a2-ba1c-4a97-914a-72db1ada1447/file","dc_title":"Besluit op Woo-verzoek over Frontex","dc_type":"besluit","foi_fairiscoreVersions":{"v1":1,"v2":1},"foi_fileName":"Besluit op Woo-verzoek over Frontex.pdf","foi_nrPages":7},{"dc_format":"application/pdf","dc_identifier":"nl.mnre1162.2i.2025.4.doc.3","dc_source":"https://open.overheid.nl/documenten/c95d50c4-3ca6-40d1-9214-465107b906d1/file","dc_title":"bundel","dc_type":"bijlage","foi_fairiscoreVersions":{"v1":2,"v2":2},"foi_fileName":"Documenten bij  besluit op Woo-verzoek Frontex.pdf","foi_nrPages":22},{"dc_format":"application/pdf","dc_identifier":"nl.mnre1162.2i.2025.4.doc.2","dc_source":"https://open.overheid.nl/documenten/540262c0-4abe-4c4a-90ed-26d2e744b23a/file","dc_title":"bundel","dc_type":"bijlage","foi_fairiscoreVersions":{"v1":1,"v2":1},"foi_fileName":"Inventarislijst bij besluit op Woo-verzoek Frontex.pdf","foi_nrPages":11}],"foi_nrDocuments":3,"foi_nrPagesInDossier":40,"foi_publishedDate":"2025-01-27","foi_retrievedDate":"2025-02-01"},{"dc_creator":"WooScraper_v1","dc_date_year":2025,"dc_description":"Beschikking op Woo verzoek over rechterlijke dwangsom. Het verzoek is gedaan op basis van de Wet open overheid (Woo). ","dc_identifier":"nl.mnre1162.2i.2025.40","dc_publisher":"mnre1162","dc_source":"https://open.overheid.nl/details/e2378010-2aa9-4822-a854-4bd41fd773f8","dc_title":"Beschikking op Woo verzoek over rechterlijke dwangsom","dc_type":"2i","dc_type_description":"Woo-verzoek en -besluit","foi_decisionDate":"2025-06-11","foi_fairiscoreVersions":{"v1":3,"v2":2},"foi_files":[{"dc_format":"application/pdf","dc_identifier":"nl.mnre1162.2i.2025.40.doc.1","dc_source":"https://open.overheid.nl/documenten/e2378010-2aa9-4822-a854-4bd41fd773f8/file","dc_title":"Beschikking op Woo verzoek over rechterlijke dwangsom","dc_type":"verzoek","foi_fairiscoreVersions":{"v1":3,"v2":3},"foi_fileName":"Beschikking op Woo verzoek over rechterlijke dwangsom.pdf","foi_nrPages":5},{"dc_format":"application/pdf","dc_identifier":"nl.mnre1162.2i.2025.40.doc.2","dc_source":"https://open.overheid.nl/documenten/b5aeecb9-9acc-40d8-bea5-c7f726bd5011/file","dc_title":"Documenten bij beschikking op Woo verzoek over rechterlijke dwangsom","dc_type":"bijlage","foi_fairiscoreVersions":{"v1":2,"v2":1},"foi_fileName":"Documenten bij beschikking op Woo verzoek over rechterlijke dwangsom.pdf","foi_nrPages":260}],"foi_nrDocuments":2,"foi_nrPagesInDossier":265,"foi_publishedDate":"2026-02-03","foi_retrievedDate":"2026-02-03"},{"dc_creator":"WooScraper_v1","dc_date_year":2025,"dc_description":"Besluit op Woo-verzoek over nareis op nareis. Het verzoek is gedaan op basis van de Wet open overheid (Woo).","dc_identifier":"nl.mnre1162.2i.2025.5","dc_publisher":"mnre1162","dc_source":"https://open.overheid.nl/Details/cc922587-3dba-42b1-be49-3a609f0c4d87/2","dc_title":"Besluit op Woo-verzoek over nareis op nareis","dc_type":"2i","dc_type_description":"Woo-verzoek en -besluit","foi_decisionDate":"2025-02-10","foi_fairiscoreVersions":{"v1":2,"v2":2},"foi_files":[{"dc_format":"application/pdf","dc_identifier":"nl.mnre1162.2i.2025.5.doc.1","dc_source":"https://open.overheid.nl/documenten/cc922587-3dba-42b1-be49-3a609f0c4d87/file","dc_title":"Besluit op Woo-verzoek over nareis op nareis","dc_type":"besluit","foi_fairiscoreVersions":{"v1":1,"v2":1},"foi_fileName":"Besluit op Woo-verzoek over nareis op nareis.pdf","foi_nrPages":9},{"dc_format":"application/pdf","dc_identifier":"nl.mnre1162.2i.2025.5.doc.3","dc_source":"https://open.overheid.nl/documenten/35fe0401-39f8-42a8-9dc7-405b296b86c8/file","dc_title":"bundel","dc_type":"bijlage","foi_fairiscoreVersions":{"v1":2,"v2":2},"foi_fileName":"Documenten bij besluit Woo-verzoek nareis op nareis.pdf","foi_nrPages":421},{"dc_format":"application/pdf","dc_identifier":"nl.mnre1162.2i.2025.5.doc.2","dc_source":"https://open.overheid.nl/documenten/721ba5a5-85bd-498d-aaa4-dceea6aa7a27/file","dc_title":"bundel","dc_type":"bijlage","foi_fairiscoreVersions":{"v1":1,"v2":1},"foi_fileName":"Inventarislijst bij besluit op Woo-verzoek nareis op nareis.pdf","foi_nrPages":4}],"foi_nrDocuments":3,"foi_nrPagesInDossier":434,"foi_publishedDate":"2025-02-10","foi_retrievedDate":"2025-02-15"},{"dc_creator":"WooScraper_v1","dc_date_year":2025,"dc_description":"Besluit op Woo-verzoek over de aanvullende dwangsom over de nareismaatregel. Het verzoek is gedaan op basis van de Wet open overheid (Woo).","dc_identifier":"nl.mnre1162.2i.2025.6","dc_publisher":"mnre1162","dc_source":"https://open.overheid.nl/Details/f45d40af-0c91-4d65-9af5-4fd48a68853a/2","dc_title":"Besluit op Woo-verzoek over de aanvullende dwangsom over de nareismaatregel","dc_type":"2i","dc_type_description":"Woo-verzoek en -besluit","foi_decisionDate":"2025-02-26","foi_fairiscoreVersions":{"v1":4,"v2":4},"foi_files":[{"dc_format":"application/pdf","dc_identifier":"nl.mnre1162.2i.2025.6.doc.1","dc_source":"https://open.overheid.nl/documenten/f45d40af-0c91-4d65-9af5-4fd48a68853a/file","dc_title":"Besluit op Woo-verzoek over de aanvullende dwangsom over de nareismaatregel","dc_type":"besluit","foi_fairiscoreVersions":{"v1":4,"v2":4},"foi_fileName":"Besluit op Woo-verzoek over de aanvullende dwangsom over de nareismaatregel.pdf","foi_nrPages":2}],"foi_nrDocuments":1,"foi_nrPagesInDossier":2,"foi_publishedDate":"2025-02-26","foi_retrievedDate":"2025-03-01"},{"dc_creator":"WooScraper_v1","dc_date_year":2025,"dc_description":"Besluit op uw Woo-verzoeken over onderzoek politiek adviseur PVV bewindspersoon Justitie en Veiligheid en onderzoek politiek adviseur bewindspersoon Asiel en Migratie. Het verzoek is gedaan op basis van de Wet open overheid (Woo).","dc_identifier":"nl.mnre1162.2i.2025.7","dc_publisher":"mnre1162","dc_source":"https://open.overheid.nl/Details/cd45a4c7-149c-49ee-8bbe-7294d118e8c1/2","dc_title":"Besluit op Woo-verzoeken over onderzoek politiek adviseur PVV bewindspersoon Justitie en Veiligheid en onderzoek politiek adviseur bewindspersoon Asiel en Migratie","dc_type":"2i","dc_type_description":"Woo-verzoek en -besluit","foi_decisionDate":"2025-03-03","foi_fairiscoreVersions":{"v1":1,"v2":1},"foi_files":[{"dc_format":"application/pdf","dc_identifier":"nl.mnre1162.2i.2025.7.doc.1","dc_source":"https://open.overheid.nl/documenten/cd45a4c7-149c-49ee-8bbe-7294d118e8c1/file","dc_title":"Besluit op uw Woo-verzoeken over onderzoek politiek adviseur PVV bewindspersoon Justitie en Veiligheid en onderzoek politiek adv-...-bbc668a","dc_type":"besluit","foi_fairiscoreVersions":{"v1":1,"v2":1},"foi_fileName":"Besluit op uw Woo-verzoeken over onderzoek politiek adviseur PVV bewindspersoon Justitie en Veiligheid en onderzoek politiek adv-...-bbc668a.pdf","foi_nrPages":5}],"foi_nrDocuments":1,"foi_nrPagesInDossier":5,"foi_publishedDate":"2025-03-03","foi_retrievedDate":"2025-03-08"},{"dc_creator":"WooScraper_v1","dc_date_year":2025,"dc_description":"Besluit op Woo-verzoek over goederen huisraad bij vakantiepark de Lindenberg. Het verzoek is gedaan op basis van de Wet open overheid (Woo).","dc_identifier":"nl.mnre1162.2i.2025.8","dc_publisher":"mnre1162","dc_source":"https://open.overheid.nl/Details/89aaf584-c847-4b26-b55a-4727fdd4e01a/1","dc_title":"Besluit op Woo-verzoek over goederen huisraad bij vakantiepark de Lindenberg","dc_type":"2i","dc_type_description":"Woo-verzoek en -besluit","foi_decisionDate":"2025-03-04","foi_fairiscoreVersions":{"v1":1,"v2":1},"foi_files":[{"dc_format":"application/pdf","dc_identifier":"nl.mnre1162.2i.2025.8.doc.1","dc_source":"https://open.overheid.nl/documenten/89aaf584-c847-4b26-b55a-4727fdd4e01a/file","dc_title":"Besluit op Woo-verzoek over goederen huisraad bij vakantiepark de Lindenberg","dc_type":"besluit","foi_fairiscoreVersions":{"v1":1,"v2":1},"foi_fileName":"Besluit op Woo-verzoek over goederen huisraad bij vakantiepark de Lindenberg.pdf","foi_nrPages":3}],"foi_nrDocuments":1,"foi_nrPagesInDossier":3,"foi_publishedDate":"2025-03-04","foi_retrievedDate":"2025-03-08"},{"dc_creator":"WooScraper_v1","dc_date_year":2025,"dc_description":"Besluit Woo verzoek over wekelijkse nieuwsberichten ministerie AenM. Het verzoek is gedaan op basis van de Wet open overheid (Woo).","dc_identifier":"nl.mnre1162.2i.2025.9","dc_publisher":"mnre1162","dc_source":"https://open.overheid.nl/Details/16a35418-3b07-4757-9568-69e0fa787c77/1","dc_title":"Besluit Woo verzoek over wekelijkse nieuwsberichten ministerie AenM","dc_type":"2i","dc_type_description":"Woo-verzoek en -besluit","foi_decisionDate":"2025-03-17","foi_fairiscoreVersions":{"v1":1,"v2":1},"foi_files":[{"dc_format":"application/pdf","dc_identifier":"nl.mnre1162.2i.2025.9.doc.1","dc_source":"https://open.overheid.nl/documenten/16a35418-3b07-4757-9568-69e0fa787c77/file","dc_title":"Besluit Woo verzoek over wekelijkse nieuwsberichten ministerie AenM","dc_type":"besluit","foi_fairiscoreVersions":{"v1":1,"v2":1},"foi_fileName":"Besluit Woo verzoek over wekelijkse nieuwsberichten ministerie AenM.pdf","foi_nrPages":3}],"foi_nrDocuments":1,"foi_nrPagesInDossier":3,"foi_publishedDate":"2025-03-17","foi_retrievedDate":"2025-03-29"},{"dc_creator":"WooScraper_v1","dc_date_year":2026,"dc_description":"Besluit op Woo-verzoek over het jaarverslag FG 2024 van het ministerie van Asiel en Migratie. Het verzoek is gedaan op basis van de Wet open overheid (Woo). ","dc_identifier":"nl.mnre1162.2i.2026.1","dc_publisher":"mnre1162","dc_source":"https://open.overheid.nl/details/a87d64e9-f5cb-4b1b-8944-12e298ae97a7","dc_title":"Besluit op Woo-verzoek over het jaarverslag FG 2024 van het ministerie van Asiel en Migratie","dc_type":"2i","dc_type_description":"Woo-verzoek en -besluit","foi_decisionDate":"2026-01-19","foi_fairiscoreVersions":{"v1":2,"v2":2},"foi_files":[{"dc_format":"application/pdf","dc_identifier":"nl.mnre1162.2i.2026.1.doc.1","dc_source":"https://open.overheid.nl/documenten/a87d64e9-f5cb-4b1b-8944-12e298ae97a7/file","dc_title":"Besluit op Woo-verzoek over het jaarverslag FG 2024 van het ministerie van Asiel en Migratie","dc_type":"besluit","foi_fairiscoreVersions":{"v1":1,"v2":1},"foi_fileName":"Besluit op Woo-verzoek over het jaarverslag FG 2024 van het ministerie van Asiel en Migratie.pdf","foi_nrPages":4},{"dc_format":"application/pdf","dc_identifier":"nl.mnre1162.2i.2026.1.doc.2","dc_source":"https://open.overheid.nl/documenten/60830641-81b3-4788-a610-f6e3c1abf2d3/file","dc_title":"Documenten bij besluit op Woo-verzoek over het jaarverslag FG 2024 van het ministerie van Asiel en Migratie","dc_type":"besluit","foi_fairiscoreVersions":{"v1":2,"v2":2},"foi_fileName":"Documenten bij besluit op Woo-verzoek over het jaarverslag FG 2024 van het ministerie van Asiel en Migratie.pdf","foi_nrPages":57}],"foi_nrDocuments":2,"foi_nrPagesInDossier":61,"foi_publishedDate":"2026-01-19","foi_retrievedDate":"2026-01-20"},{"dc_creator":"WooScraper_v1","dc_date_year":2026,"dc_description":"Besluit op Woo-verzoek over subsidiebesluit Vluchtelingenwerk. Het verzoek is gedaan op basis van de Wet open overheid (Woo). ","dc_identifier":"nl.mnre1162.2i.2026.2","dc_publisher":"mnre1162","dc_source":"https://open.overheid.nl/details/a00a1fc1-59be-4a84-b932-ee502d8d2c5d","dc_title":"Besluit op Woo-verzoek over subsidiebesluit Vluchtelingenwerk","dc_type":"2i","dc_type_description":"Woo-verzoek en -besluit","foi_decisionDate":"2026-02-05","foi_fairiscoreVersions":{"v1":3,"v2":3},"foi_files":[{"dc_format":"application/pdf","dc_identifier":"nl.mnre1162.2i.2026.2.doc.1","dc_source":"https://open.overheid.nl/documenten/a00a1fc1-59be-4a84-b932-ee502d8d2c5d/file","dc_title":"Besluit op Woo-verzoek over subsidiebesluit Vluchtelingenwerk","dc_type":"besluit","foi_fairiscoreVersions":{"v1":1,"v2":1},"foi_fileName":"Besluit op Woo-verzoek over subsidiebesluit Vluchtelingenwerk.pdf","foi_nrPages":3},{"dc_format":"application/pdf","dc_identifier":"nl.mnre1162.2i.2026.2.doc.2","dc_source":"https://open.overheid.nl/documenten/e744bdd9-a759-4565-b539-4176b8e43ac8/file","dc_title":"Documenten bij besluit op Woo-verzoek over subsidiebesluit Vluchtelingenwerk","dc_type":"besluit","foi_fairiscoreVersions":{"v1":5,"v2":5},"foi_fileName":"Documenten bij besluit op Woo-verzoek over subsidiebesluit Vluchtelingenwerk.pdf","foi_nrPages":4}],"foi_nrDocuments":2,"foi_nrPagesInDossier":7,"foi_publishedDate":"2026-02-05","foi_retrievedDate":"2026-02-05"},{"dc_creator":"WooScraper_v1","dc_date_year":2023,"dc_description":"Maandelijks overzicht van de belangrijkste asiel- en migratiecijfers.","dc_identifier":"nl.mnre1162.2j.2023.1","dc_publisher":"mnre1162","dc_source":"https://open.overheid.nl/Details/ronl-8abaa66c-9e48-4854-8583-e498a7ad1e40/1","dc_title":"Kerncijfers Asiel en Migratie","dc_type":"2j","dc_type_description":"Onderzoek","foi_decisionDate":"2023-02-02","foi_files":[],"foi_nrDocuments":0,"foi_nrPagesInDossier":0,"foi_publishedDate":"2023-02-02","foi_retrievedDate":"2024-10-03","tooiwl_topic":"migratie"},{"dc_creator":"WooScraper_v1","dc_date_year":2024,"dc_description":"Overzicht van de indicatie van financi\u00eble gevolgen van het aanpassen van de terugkeerondersteuningsbedragen door Frontex. Onderdeel van <a href='https://open.overheid.nl/Details/dpc-c5468379e533a688c5db4a1a3798a52ab7553e09/4'>Kamerbrief over terugkeerondersteuning nationaal versus Frontex</a>.","dc_identifier":"nl.mnre1162.2j.2024.1","dc_publisher":"mnre1162","dc_source":"https://open.overheid.nl/Details/dpc-d1cad25c3b65c6d71b5a01dcf5d5b13b99985541/4","dc_title":"Financiele onderbouwing aanpassen terugkeerondersteuningsbedragen door Frontex JRS","dc_type":"2j","dc_type_description":"Onderzoek","foi_decisionDate":"2024-09-26","foi_fairiscoreVersions":{"v1":1,"v2":1},"foi_files":[{"dc_format":"application/pdf","dc_identifier":"nl.mnre1162.2j.2024.1.doc.1","dc_source":"https://open.overheid.nl/documenten/dpc-d1cad25c3b65c6d71b5a01dcf5d5b13b99985541/pdf","dc_title":"tk-bijlage-financiele-onderbouwing-aanpassen-terugkeerondersteuningsbedragen-door-frontex-jrs","dc_type":"bijlage","foi_fairiscoreVersions":{"v1":1,"v2":1},"foi_fileName":"tk-bijlage-financiele-onderbouwing-aanpassen-terugkeerondersteuningsbedragen-door-frontex-jrs.pdf","foi_nrPages":2}],"foi_nrDocuments":1,"foi_nrPagesInDossier":2,"foi_publishedDate":"2024-09-26","foi_retrievedDate":"2024-10-03","tooiwl_topic":"migratie"},{"dc_creator":"WooScraper_v1","dc_date_year":2024,"dc_description":"Bijlage bij het antwoord op de vraag 'Hoe vaak werd er tussen 2020 en 2024 een buitenschuld vergunning aangevraagd en afgegeven, gespecificeerd per nationaliteit (inclusief staatloos en nationaliteit onbekend)?'. Onderdeel van <a href='https://open.overheid.nl/Details/dpc-18ed5c512ad24d70052cd975c37f2b38253fa015/2'>Aanbiedingsbrief bij beantwoording Kamervragen over begroting Asiel en Migratie</a>.","dc_identifier":"nl.mnre1162.2j.2024.10","dc_publisher":"mnre1162","dc_source":"https://open.overheid.nl/Details/dpc-0e91ca0ae21e88cdeccdb55b5cbe4ec8dd4e4e47/2","dc_title":"Bijlage bij vraag 87 over buitenschuldvergunningen","dc_type":"2j","dc_type_description":"Onderzoek","foi_decisionDate":"2024-10-24","foi_fairiscoreVersions":{"v1":1,"v2":1},"foi_files":[{"dc_format":"application/pdf","dc_identifier":"nl.mnre1162.2j.2024.10.doc.1","dc_source":"https://open.overheid.nl/documenten/dpc-0e91ca0ae21e88cdeccdb55b5cbe4ec8dd4e4e47/pdf","dc_title":"tk-bijlage-3-bijlage-vraag-87-buitenschuld-vergunningen","dc_type":"bijlage","foi_fairiscoreVersions":{"v1":1,"v2":1},"foi_fileName":"tk-bijlage-3-bijlage-vraag-87-buitenschuld-vergunningen.pdf","foi_nrPages":2}],"foi_nrDocuments":1,"foi_nrPagesInDossier":2,"foi_publishedDate":"2024-10-24","foi_retrievedDate":"2024-10-25","tooiwl_topic":"migratie"},{"dc_creator":"WooScraper_v1","dc_date_year":2024,"dc_description":"Ketenbreed vertrek per nationaliteit, 2021-2023, behorend bij beantwoording Kamervragen over begroting Asiel en Migratie. Onderdeel van <a href='https://open.overheid.nl/Details/dpc-18ed5c512ad24d70052cd975c37f2b38253fa015/2'>Aanbiedingsbrief bij beantwoording Kamervragen over begroting Asiel en Migratie</a>.","dc_identifier":"nl.mnre1162.2j.2024.11","dc_publisher":"mnre1162","dc_source":"https://open.overheid.nl/Details/dpc-2afdad7218a66adb612b6e8bfaa8cea1cb7fac9d/2","dc_title":"Bijlage bij antwoord op vraag 86 Overzicht Ketenbreed Vertrek","dc_type":"2j","dc_type_description":"Onderzoek","foi_decisionDate":"2024-10-24","foi_fairiscoreVersions":{"v1":1,"v2":1},"foi_files":[{"dc_format":"application/pdf","dc_identifier":"nl.mnre1162.2j.2024.11.doc.1","dc_source":"https://open.overheid.nl/documenten/dpc-2afdad7218a66adb612b6e8bfaa8cea1cb7fac9d/pdf","dc_title":"tk-bijlage-2-bijlage-vraag-86-overzicht-ketenbreed-vertrek","dc_type":"bijlage","foi_fairiscoreVersions":{"v1":1,"v2":1},"foi_fileName":"tk-bijlage-2-bijlage-vraag-86-overzicht-ketenbreed-vertrek.pdf","foi_nrPages":3}],"foi_nrDocuments":1,"foi_nrPagesInDossier":3,"foi_publishedDate":"2024-10-24","foi_retrievedDate":"2024-10-28","tooiwl_topic":"migratie"},{"dc_creator":"WooScraper_v1","dc_date_year":2024,"dc_description":"Minister Faber (AenM) beantwoordt vragen over de vaststelling van de begrotingsstaten van het ministerie van Asiel en Migratie (XX) voor het jaar 2025. De vragen zijn door de vaste commissie voor Asiel en Migratie gesteld. Onderdeel van <a href='https://open.overheid.nl/Details/dpc-18ed5c512ad24d70052cd975c37f2b38253fa015/2'>Aanbiedingsbrief bij beantwoording Kamervragen over begroting Asiel en Migratie</a>.","dc_identifier":"nl.mnre1162.2j.2024.12","dc_publisher":"mnre1162","dc_source":"https://open.overheid.nl/Details/dpc-1bf12a21c746873cfa363b63db7d19374e2f6e7a/2","dc_title":"Beantwoording Kamervragen over begroting Asiel en Migratie","dc_type":"2j","dc_type_description":"Onderzoek","foi_decisionDate":"2024-10-24","foi_fairiscoreVersions":{"v1":1,"v2":1},"foi_files":[{"dc_format":"application/pdf","dc_identifier":"nl.mnre1162.2j.2024.12.doc.1","dc_source":"https://open.overheid.nl/documenten/dpc-1bf12a21c746873cfa363b63db7d19374e2f6e7a/pdf","dc_title":"tk-bijlage-1-antwoorden-feitelijke-vragen-aenm","dc_type":"bijlage","foi_fairiscoreVersions":{"v1":1,"v2":1},"foi_fileName":"tk-bijlage-1-antwoorden-feitelijke-vragen-aenm.pdf","foi_nrPages":54}],"foi_nrDocuments":1,"foi_nrPagesInDossier":54,"foi_publishedDate":"2024-10-24","foi_retrievedDate":"2024-10-28","tooiwl_topic":"migratie"},{"dc_creator":"WooScraper_v1","dc_date_year":2024,"dc_description":"Rapport van het Directoraat-Generaal Migratie van het ministerie van Justitie en Veiligheid (JenV). Het rapport bevat cijfers over de verwachtingen (2e helft 2024) voor de toekomst voor de instroom, doorstroom en uitstroom van verschillende onderdelen van de migratieketen. Onderdeel van <a href='https://open.overheid.nl/Details/dpc-130ef674698842d3af76eaed46852c16cd23ff80/3'>Kamerbrief bij Meerjaren Productie Prognose 2024 II</a>.","dc_identifier":"nl.mnre1162.2j.2024.13","dc_publisher":"mnre1162","dc_source":"https://open.overheid.nl/Details/dpc-7097ecf4d1f95728f96986ecd25cc1c3a2c52645/3","dc_title":"Meerjaren Productie Prognose 2024-II","dc_type":"2j","dc_type_description":"Onderzoek","foi_decisionDate":"2024-11-05","foi_fairiscoreVersions":{"v1":1,"v2":1},"foi_files":[{"dc_format":"application/pdf","dc_identifier":"nl.mnre1162.2j.2024.13.doc.1","dc_source":"https://open.overheid.nl/documenten/dpc-7097ecf4d1f95728f96986ecd25cc1c3a2c52645/pdf","dc_title":"tk-bijlage-datavisualisatie-mpp-2024","dc_type":"bijlage","foi_fairiscoreVersions":{"v1":1,"v2":1},"foi_fileName":"tk-bijlage-datavisualisatie-mpp-2024.pdf","foi_nrPages":7}],"foi_nrDocuments":1,"foi_nrPagesInDossier":7,"foi_publishedDate":"2024-11-05","foi_retrievedDate":"2024-11-07","tooiwl_topic":"migratie"},{"dc_creator":"WooScraper_v1","dc_date_year":2024,"dc_description":"De notificatie gaat over het herinvoeren van grenscontroles aan de grenzen met Duitsland en Belgi\u00eb. Onderdeel van <a href='https://open.overheid.nl/Details/dpc-081d4cb13249ad2765b3e6be2f9088ae59299303/3'>Kamerbrief bij notificatie herinvoering binnengrenstoezicht Nederland</a>.","dc_identifier":"nl.mnre1162.2j.2024.14","dc_publisher":"mnre1162","dc_source":"https://open.overheid.nl/Details/dpc-0aa437d8de787c54417fac845450dc287338d58e/3","dc_title":"Notification of reintroduction of border control at internal borders of the Netherlands","dc_type":"2j","dc_type_description":"Onderzoek","foi_decisionDate":"2024-11-11","foi_fairiscoreVersions":{"v1":1,"v2":1},"foi_files":[{"dc_format":"application/pdf","dc_identifier":"nl.mnre1162.2j.2024.14.doc.1","dc_source":"https://open.overheid.nl/documenten/dpc-0aa437d8de787c54417fac845450dc287338d58e/pdf","dc_title":"tk-bijlage-2-notificatie-herinvoering-binnengrenstoezicht","dc_type":"bijlage","foi_fairiscoreVersions":{"v1":1,"v2":1},"foi_fileName":"tk-bijlage-2-notificatie-herinvoering-binnengrenstoezicht.pdf","foi_nrPages":7}],"foi_nrDocuments":1,"foi_nrPagesInDossier":7,"foi_publishedDate":"2024-11-12","foi_retrievedDate":"2024-11-12","tooiwl_topic":"europese zaken"},{"dc_creator":"WooScraper_v1","dc_date_year":2024,"dc_description":"Bestand: tk-bijlage-1-algemeen-ambtsbericht-pakistan-juli-2024.pdf Onderdeel van <a href='https://open.overheid.nl/Details/dpc-c0bec53a526caba746d15de26a4442ad461df320/2'>TK Landenbeleid Pakistan</a>.","dc_identifier":"nl.mnre1162.2j.2024.15","dc_publisher":"mnre1162","dc_source":"https://open.overheid.nl/Details/dpc-51aca86fe7668974ac2e6f4bbc32cae2fc8eb137/2","dc_title":"TK bijlage 1 Algemeen ambtsbericht Pakistan juli 2024","dc_type":"2j","dc_type_description":"Onderzoek","foi_decisionDate":"2024-11-26","foi_fairiscoreVersions":{"v1":2,"v2":1},"foi_files":[{"dc_format":"application/pdf","dc_identifier":"nl.mnre1162.2j.2024.15.doc.1","dc_source":"https://open.overheid.nl/documenten/dpc-51aca86fe7668974ac2e6f4bbc32cae2fc8eb137/pdf","dc_title":"tk-bijlage-1-algemeen-ambtsbericht-pakistan-juli-2024","dc_type":"bijlage","foi_fairiscoreVersions":{"v1":2,"v2":1},"foi_fileName":"tk-bijlage-1-algemeen-ambtsbericht-pakistan-juli-2024.pdf","foi_nrPages":145}],"foi_nrDocuments":1,"foi_nrPagesInDossier":145,"foi_publishedDate":"2024-11-26","foi_retrievedDate":"2024-11-26"},{"dc_creator":"WooScraper_v1","dc_date_year":2024,"dc_description":"Samenvatting van het algemeen ambtsbericht Pakistan voor zover dat relevant is voor het landgebonden asielbeleid voor Pakistan. Onderdeel van <a href='https://open.overheid.nl/Details/dpc-c0bec53a526caba746d15de26a4442ad461df320/2'>Kamerbrief over landenbeleid Pakistan</a>.","dc_identifier":"nl.mnre1162.2j.2024.16","dc_publisher":"mnre1162","dc_source":"https://open.overheid.nl/Details/dpc-f55c56fd1e2500dc0cd665b23ff7d55ac3ee97af/2","dc_title":"Samenvatting algemeen ambtsbericht Pakistan","dc_type":"2j","dc_type_description":"Onderzoek","foi_decisionDate":"2024-11-26","foi_fairiscoreVersions":{"v1":1,"v2":1},"foi_files":[{"dc_format":"application/pdf","dc_identifier":"nl.mnre1162.2j.2024.16.doc.1","dc_source":"https://open.overheid.nl/documenten/dpc-f55c56fd1e2500dc0cd665b23ff7d55ac3ee97af/pdf","dc_title":"tk-bijlage-3-samenvatting-algemeen-ambtsbericht-pakistan","dc_type":"bijlage","foi_fairiscoreVersions":{"v1":1,"v2":1},"foi_fileName":"tk-bijlage-3-samenvatting-algemeen-ambtsbericht-pakistan.pdf","foi_nrPages":5}],"foi_nrDocuments":1,"foi_nrPagesInDossier":5,"foi_publishedDate":"2024-08-26","foi_retrievedDate":"2024-11-27","tooiwl_topic":"migratie"},{"dc_creator":"WooScraper_v1","dc_date_year":2024,"dc_description":"Bestand: tk-bijlage-4-hoofdstuk-c7-27-vreemdelingencirculaire.pdf Onderdeel van <a href='https://open.overheid.nl/Details/dpc-c0bec53a526caba746d15de26a4442ad461df320/2'>Kamerbrief over landenbeleid Pakistan</a>.","dc_identifier":"nl.mnre1162.2j.2024.17","dc_publisher":"mnre1162","dc_source":"https://open.overheid.nl/Details/dpc-b334bae235cbfdaee869d686ae6e1693178c0234/2","dc_title":"Bijlage bij beslisnota landenbeleid Pakistan","dc_type":"2j","dc_type_description":"Onderzoek","foi_decisionDate":"2024-11-26","foi_fairiscoreVersions":{"v1":1,"v2":1},"foi_files":[{"dc_format":"application/pdf","dc_identifier":"nl.mnre1162.2j.2024.17.doc.1","dc_source":"https://open.overheid.nl/documenten/dpc-b334bae235cbfdaee869d686ae6e1693178c0234/pdf","dc_title":"tk-bijlage-4-hoofdstuk-c7-27-vreemdelingencirculaire","dc_type":"bijlage","foi_fairiscoreVersions":{"v1":1,"v2":1},"foi_fileName":"tk-bijlage-4-hoofdstuk-c7-27-vreemdelingencirculaire.pdf","foi_nrPages":2}],"foi_nrDocuments":1,"foi_nrPagesInDossier":2,"foi_publishedDate":"2024-09-18","foi_retrievedDate":"2024-11-27","tooiwl_topic":"migratie"},{"dc_creator":"WooScraper_v1","dc_date_year":2024,"dc_description":"Derde evaluatie Wet biometrie in de vreemdelingenketen. Onderdeel van <a href='https://open.overheid.nl/Details/dpc-774f7a1fc836aff93fb6e2817d3f2034370a159b/3'>Kamerbrief over evaluatie Wet biometrie in de vreemdelingenketen</a>.","dc_identifier":"nl.mnre1162.2j.2024.18","dc_publisher":"mnre1162","dc_source":"https://open.overheid.nl/Details/dpc-c578297c1b8e281c62c1830ba88e63a3fabaaf6a/3","dc_title":"Door de vingers bekeken","dc_type":"2j","dc_type_description":"Onderzoek","foi_decisionDate":"2024-11-08","foi_fairiscoreVersions":{"v1":2,"v2":2},"foi_files":[{"dc_format":"application/pdf","dc_identifier":"nl.mnre1162.2j.2024.18.doc.1","dc_source":"https://open.overheid.nl/documenten/dpc-c578297c1b8e281c62c1830ba88e63a3fabaaf6a/pdf","dc_title":"tk-bijlage-3429-2024-07-15-evaluatie-wbvk-eindrapport","dc_type":"bijlage","foi_fairiscoreVersions":{"v1":2,"v2":2},"foi_fileName":"tk-bijlage-3429-2024-07-15-evaluatie-wbvk-eindrapport.pdf","foi_nrPages":103}],"foi_nrDocuments":1,"foi_nrPagesInDossier":103,"foi_publishedDate":"2024-07-15","foi_retrievedDate":"2024-11-28","tooiwl_topic":"migratie"},{"dc_creator":"WooScraper_v1","dc_date_year":2024,"dc_description":"Rapport van het Wetenschappelijk Onderzoek en Datacentrum (WODC). Het rapport onderzoekt hoe Oekra\u00efense vluchtelingen hun weg vinden in Nederland. Het gaat daarbij om terreinen waarbij de Richtlijn Tijdelijke Bescherming (RTB) van invloed is, zoals wonen en werk. Daarnaast brengt het thema\u2019s in kaart als (mentale) gezondheid, sociale contacten en taal. Onderdeel van <a href='https://open.overheid.nl/Details/dpc-5e62ce3d35b1f6147d58b7b00e5cf19019a454fd/3'>Verzamelbrief opvang Oekra\u00efne november 2024</a>.","dc_identifier":"nl.mnre1162.2j.2024.19","dc_publisher":"mnre1162","dc_source":"https://open.overheid.nl/Details/dpc-bbc22d72bddc61f1896a49b1f44eebfefb2d96e7/3","dc_title":"Tijdelijk thuis - De positie van Oekraiense vluchtelingen in Nederland","dc_type":"2j","dc_type_description":"Onderzoek","foi_decisionDate":"2024-11-29","foi_fairiscoreVersions":{"v1":2,"v2":1},"foi_files":[{"dc_format":"application/pdf","dc_identifier":"nl.mnre1162.2j.2024.19.doc.1","dc_source":"https://open.overheid.nl/documenten/dpc-bbc22d72bddc61f1896a49b1f44eebfefb2d96e7/pdf","dc_title":"tk-bijlage-wodc-rapport-tijdelijk-thuis-de-positie-van-oekraiense-vluchtelingen-in-nederland","dc_type":"bijlage","foi_fairiscoreVersions":{"v1":2,"v2":1},"foi_fileName":"tk-bijlage-wodc-rapport-tijdelijk-thuis-de-positie-van-oekraiense-vluchtelingen-in-nederland.pdf","foi_nrPages":86}],"foi_nrDocuments":1,"foi_nrPagesInDossier":86,"foi_publishedDate":"2024-11-29","foi_retrievedDate":"2024-12-02","tooiwl_topic":"migratie"},{"dc_creator":"WooScraper_v1","dc_date_year":2024,"dc_description":"Factsheet van het Wetenschappelijk Onderzoek- en Datacentrum (WODC) . Het factsheet bevat representatieve cijfers over het welzijn en de positieverwerving van Oekra\u00efense vluchtelingen in Nederland. Onderdeel van <a href='https://open.overheid.nl/Details/dpc-918b7c396a6e401ae6ec107b5ea77052cb46d14d/3'>Verzamelbrief opvang Oekraine september 2024</a>.","dc_identifier":"nl.mnre1162.2j.2024.2","dc_publisher":"mnre1162","dc_source":"https://open.overheid.nl/Details/dpc-eed43afbbd646464d1cc530c567f78e1d60b45e6/3","dc_title":"Oekra\u00efense vluchtelingen in Nederland","dc_type":"2j","dc_type_description":"Onderzoek","foi_decisionDate":"2024-09-27","foi_fairiscoreVersions":{"v1":2,"v2":2},"foi_files":[{"dc_format":"application/pdf","dc_identifier":"nl.mnre1162.2j.2024.2.doc.1","dc_source":"https://open.overheid.nl/documenten/dpc-eed43afbbd646464d1cc530c567f78e1d60b45e6/pdf","dc_title":"tk-bijlage-1-wodc-rapport","dc_type":"bijlage","foi_fairiscoreVersions":{"v1":2,"v2":2},"foi_fileName":"tk-bijlage-1-wodc-rapport.pdf","foi_nrPages":6}],"foi_nrDocuments":1,"foi_nrPagesInDossier":6,"foi_publishedDate":"2024-09-27","foi_retrievedDate":"2024-10-04","tooiwl_topic":"migratie"},{"dc_creator":"WooScraper_v1","dc_date_year":2024,"dc_description":"Het plan geeft een overzicht van de stappen voor de invoering van het Europese asiel- en migratiepact in het Nederlandse stelsel voor asiel en opvang. Onderdeel van <a href='https://open.overheid.nl/Details/dpc-3948b2b3aa2f7685bc958204e43082220f9169e5/3'>Aanbiedingsbrief bij afschrift Tweede Kamerbrief over invoering EU Migratiepact</a>.","dc_identifier":"nl.mnre1162.2j.2024.20","dc_publisher":"mnre1162","dc_source":"https://open.overheid.nl/Details/dpc-b2e1727e15aed396def64bd844c15700b20558e6/3","dc_title":"Nationaal Implementatieplan Asiel en Migratiepact","dc_type":"2j","dc_type_description":"Onderzoek","foi_decisionDate":"2024-12-06","foi_fairiscoreVersions":{"v1":2,"v2":1},"foi_files":[{"dc_format":"application/pdf","dc_identifier":"nl.mnre1162.2j.2024.20.doc.1","dc_source":"https://open.overheid.nl/documenten/dpc-b2e1727e15aed396def64bd844c15700b20558e6/pdf","dc_title":"ek-bijlage-2-nationaal-implementatieplan-asiel-en-migratiepact","dc_type":"bijlage","foi_fairiscoreVersions":{"v1":2,"v2":1},"foi_fileName":"ek-bijlage-2-nationaal-implementatieplan-asiel-en-migratiepact.pdf","foi_nrPages":51}],"foi_nrDocuments":1,"foi_nrPagesInDossier":51,"foi_publishedDate":"2024-12-06","foi_retrievedDate":"2024-12-09","tooiwl_topic":"migratie"},{"dc_creator":"WooScraper_v1","dc_date_year":2024,"dc_description":"Minister Faber-Van de Klashorst (Asiel en Migratie) geeft antwoorden op feitelijke vragen over de 2e suppletoire begroting Justitie en Veiligheid (JenV) 2024. Het gaat om onderdeel asiel en migratie. De vaste Tweede Kamercommissie voor Asiel en Migratie had de vragen gesteld. Onderdeel van <a href='https://open.overheid.nl/Details/dpc-4030c311232891cacef08c76370b2c675e4272e1/3'>Aanbiedingsbrief bij antwoorden op feitelijke vragen over asiel en migratie bij 2e\n                  suppletoire begroting JenV 2024</a>.","dc_identifier":"nl.mnre1162.2j.2024.21","dc_publisher":"mnre1162","dc_source":"https://open.overheid.nl/Details/dpc-66aeee4225da1fdd01a50033eebab8f46e0e63dc/3","dc_title":"Antwoorden feitelijke vragen over asiel en migratie bij 2e suppletoire begroting JenV 2024","dc_type":"2j","dc_type_description":"Onderzoek","foi_decisionDate":"2024-12-10","foi_fairiscoreVersions":{"v1":1,"v2":1},"foi_files":[{"dc_format":"application/pdf","dc_identifier":"nl.mnre1162.2j.2024.21.doc.1","dc_source":"https://open.overheid.nl/documenten/dpc-66aeee4225da1fdd01a50033eebab8f46e0e63dc/pdf","dc_title":"tk-bijlage-aenm-beantwoording-feitelijke-vragen-tweede-suppletoire-begroting-2024","dc_type":"bijlage","foi_fairiscoreVersions":{"v1":1,"v2":1},"foi_fileName":"tk-bijlage-aenm-beantwoording-feitelijke-vragen-tweede-suppletoire-begroting-2024.pdf","foi_nrPages":9}],"foi_nrDocuments":1,"foi_nrPagesInDossier":9,"foi_publishedDate":"2024-12-10","foi_retrievedDate":"2024-12-11","tooiwl_topic":"migratie"},{"dc_creator":"WooScraper_v1","dc_date_year":2024,"dc_description":"Het rapport gaat over onderzoek in opdracht van het Wetenschappelijk Onderzoeks- en Documentatiecentrum (WODC). Het onderzoekt de beweegredenen van mensen die gevlucht zijn uit voormalig Joegoslavi\u00eb om in Nederland te blijven of weer te vertrekken. Onderdeel van <a href='https://open.overheid.nl/Details/dpc-aceae39f6347bfb139cd335d2ead2a7f54d8f5c1/4'>Verzamelbrief opvang Oekraine december 2024</a>.","dc_identifier":"nl.mnre1162.2j.2024.22","dc_publisher":"mnre1162","dc_source":"https://open.overheid.nl/Details/dpc-ae394045b25f797a9ac3d8b19b454f2f020d5d48/4","dc_title":"Over komen en gaan","dc_type":"2j","dc_type_description":"Onderzoek","foi_decisionDate":"2024-12-20","foi_fairiscoreVersions":{"v1":1,"v2":1},"foi_files":[{"dc_format":"application/pdf","dc_identifier":"nl.mnre1162.2j.2024.22.doc.1","dc_source":"https://open.overheid.nl/documenten/dpc-ae394045b25f797a9ac3d8b19b454f2f020d5d48/pdf","dc_title":"tk-bijlage-1-wodc-rapport-over-komen-en-gaan-eindrapport","dc_type":"bijlage","foi_fairiscoreVersions":{"v1":1,"v2":1},"foi_fileName":"tk-bijlage-1-wodc-rapport-over-komen-en-gaan-eindrapport.pdf","foi_nrPages":108}],"foi_nrDocuments":1,"foi_nrPagesInDossier":108,"foi_publishedDate":"2024-12-20","foi_retrievedDate":"2024-12-26","tooiwl_topic":"migratie"},{"dc_creator":"WooScraper_v1","dc_date_year":2024,"dc_description":"Het overzicht bevat de stand van zaken van de moties van de Eerste Kamer van 26 september 2023 tot 8 oktober 2024 op het gebied van asiel en migratie. Onderdeel van <a href='https://open.overheid.nl/Details/dpc-e09b52213ca61e888c996bf2d7b5d72512c2e42f/4'>Kamerbrief met reactie op rappel oktober 2024 halfjaarlijks moties en toezeggingen\n                  </a>.","dc_identifier":"nl.mnre1162.2j.2024.23","dc_publisher":"mnre1162","dc_source":"https://open.overheid.nl/Details/dpc-98ece7feb8d7271b189081f5994360ed477ecb5b/4","dc_title":"Rappel moties Eerste Kamer \u2013 AenM oktober 2024","dc_type":"2j","dc_type_description":"Onderzoek","foi_decisionDate":"2024-12-20","foi_fairiscoreVersions":{"v1":1,"v2":1},"foi_files":[{"dc_format":"application/pdf","dc_identifier":"nl.mnre1162.2j.2024.23.doc.1","dc_source":"https://open.overheid.nl/documenten/dpc-98ece7feb8d7271b189081f5994360ed477ecb5b/pdf","dc_title":"ek-bijlage-1-aenm-motiesrappel-ek-oktober-2024-def","dc_type":"bijlage","foi_fairiscoreVersions":{"v1":1,"v2":1},"foi_fileName":"ek-bijlage-1-aenm-motiesrappel-ek-oktober-2024-def.pdf","foi_nrPages":2}],"foi_nrDocuments":1,"foi_nrPagesInDossier":2,"foi_publishedDate":"2024-12-20","foi_retrievedDate":"2024-12-27","tooiwl_topic":"migratie"},{"dc_creator":"WooScraper_v1","dc_date_year":2024,"dc_description":"Het overzicht bevat de stand van zaken van de toezeggingen aan de Eerste Kamer van 2 juni 2020 tot 16 januari 2024 op het gebied van asiel en migratie. Onderdeel van <a href='https://open.overheid.nl/Details/dpc-e09b52213ca61e888c996bf2d7b5d72512c2e42f/3'>Kamerbrief met reactie op rappel oktober 2024 halfjaarlijks moties en toezeggingen\n                  </a>.","dc_identifier":"nl.mnre1162.2j.2024.24","dc_publisher":"mnre1162","dc_source":"https://open.overheid.nl/Details/dpc-be8057817a6f9de47e791961a69e7326c666872e/3","dc_title":"Halfjaarlijks rappel toezeggingen Eerste Kamer \u2013 A&M oktober 2024","dc_type":"2j","dc_type_description":"Onderzoek","foi_decisionDate":"2024-12-20","foi_fairiscoreVersions":{"v1":1,"v2":1},"foi_files":[{"dc_format":"application/pdf","dc_identifier":"nl.mnre1162.2j.2024.24.doc.1","dc_source":"https://open.overheid.nl/documenten/dpc-be8057817a6f9de47e791961a69e7326c666872e/pdf","dc_title":"ek-bijlage-2-aenm-toezeggingenrappel-ek-oktober-2024-def","dc_type":"bijlage","foi_fairiscoreVersions":{"v1":1,"v2":1},"foi_fileName":"ek-bijlage-2-aenm-toezeggingenrappel-ek-oktober-2024-def.pdf","foi_nrPages":3}],"foi_nrDocuments":1,"foi_nrPagesInDossier":3,"foi_publishedDate":"2024-12-20","foi_retrievedDate":"2024-12-27","tooiwl_topic":"migratie"},{"dc_creator":"WooScraper_v1","dc_date_year":2024,"dc_description":"Overzicht van aanpassingen in het landenbeleid voor Ethiopi\u00eb, Irak, Somali\u00eb en Sudan. Deze aanpassingen komen voort uit de wijzigingen op het gebied van de beoordeling van een risico op ernstige schade in de zin van artikel 15, onder c van de Kwalificatierichtlijn. Onderdeel van <a href='https://open.overheid.nl/Details/dpc-0a0387a47c9e74b65a0f701d612b1205990ba040/2'>Kamerbrief aanpassingen landenbeleid Ethiopi\u00eb, Irak, Somali\u00eb en Sudan</a>.","dc_identifier":"nl.mnre1162.2j.2024.25","dc_publisher":"mnre1162","dc_source":"https://open.overheid.nl/Details/dpc-c66e2ba3a41100622d57acb56bce9ac79601e86b/2","dc_title":"Aanpassingen landenbeleid Ethiopi\u00eb, Irak, Somali\u00eb en Sudan","dc_type":"2j","dc_type_description":"Onderzoek","foi_decisionDate":"2024-10-23","foi_fairiscoreVersions":{"v1":1,"v2":1},"foi_files":[{"dc_format":"application/pdf","dc_identifier":"nl.mnre1162.2j.2024.25.doc.1","dc_source":"https://open.overheid.nl/documenten/dpc-c66e2ba3a41100622d57acb56bce9ac79601e86b/pdf","dc_title":"tk-bijlage-wijziging-15c-overzicht-landen","dc_type":"bijlage","foi_fairiscoreVersions":{"v1":1,"v2":1},"foi_fileName":"tk-bijlage-wijziging-15c-overzicht-landen.pdf","foi_nrPages":6}],"foi_nrDocuments":1,"foi_nrPagesInDossier":6,"foi_publishedDate":"2024-10-23","foi_retrievedDate":"2025-01-21","tooiwl_topic":"migratie"},{"dc_creator":"WooScraper_v1","dc_date_year":2024,"dc_description":"Rappport van het Uitvoeringsinstituut Werknemersverzekeringen (UWV)). Het rapport bevat de uitvoeringstoets op de voorgenomen wijziging van de Regeling opvang ontheemden Oekra\u00efne (RooO). Onderdeel van <a href='https://open.overheid.nl/Details/dpc-918b7c396a6e401ae6ec107b5ea77052cb46d14d/6'>Verzamelbrief opvang Oekraine september 2024</a>.","dc_identifier":"nl.mnre1162.2j.2024.3","dc_publisher":"mnre1162","dc_source":"https://open.overheid.nl/Details/dpc-dda74a9d128173ab9fa795009f02582090d085d0/6","dc_title":"Samenvatting en oordeel Regeling opvang ontheemden Oekra\u00efne","dc_type":"2j","dc_type_description":"Onderzoek","foi_decisionDate":"2024-09-27","foi_fairiscoreVersions":{"v1":2,"v2":1},"foi_files":[{"dc_format":"application/pdf","dc_identifier":"nl.mnre1162.2j.2024.3.doc.1","dc_source":"https://open.overheid.nl/documenten/dpc-dda74a9d128173ab9fa795009f02582090d085d0/pdf","dc_title":"tk-bijlage-5-uitvoeringstoets-uwv","dc_type":"bijlage","foi_fairiscoreVersions":{"v1":2,"v2":1},"foi_fileName":"tk-bijlage-5-uitvoeringstoets-uwv.pdf","foi_nrPages":8}],"foi_nrDocuments":1,"foi_nrPagesInDossier":8,"foi_publishedDate":"2024-09-27","foi_retrievedDate":"2024-10-03","tooiwl_topic":"migratie"},{"dc_creator":"WooScraper_v1","dc_date_year":2024,"dc_description":"Rapport van VNG Realisatie, onderdeel van de Vereniging van Nederlandse Gemeenten (VNG). Het rapport bevat een beoordeling van de uitvoerbaarheid van gewijzigde Regeling opvang ontheemden Oekra\u00efne (RooO). Onderdeel van <a href='https://open.overheid.nl/Details/dpc-918b7c396a6e401ae6ec107b5ea77052cb46d14d/4'>Verzamelbrief opvang Oekraine september 2024</a>.","dc_identifier":"nl.mnre1162.2j.2024.4","dc_publisher":"mnre1162","dc_source":"https://open.overheid.nl/Details/dpc-74a8eaa3c75fb27921344e3d8ebbd940f430b2e3/4","dc_title":"Uitvoeringstoets Regeling opvang ontheemden Oekra\u00efne - Eindrapport","dc_type":"2j","dc_type_description":"Onderzoek","foi_decisionDate":"2024-09-27","foi_fairiscoreVersions":{"v1":2,"v2":1},"foi_files":[{"dc_format":"application/pdf","dc_identifier":"nl.mnre1162.2j.2024.4.doc.1","dc_source":"https://open.overheid.nl/documenten/dpc-74a8eaa3c75fb27921344e3d8ebbd940f430b2e3/pdf","dc_title":"tk-bijlage-3-eindrapportage-uitvoeringstoets-wijzigingen-rooo-2023","dc_type":"bijlage","foi_fairiscoreVersions":{"v1":2,"v2":1},"foi_fileName":"tk-bijlage-3-eindrapportage-uitvoeringstoets-wijzigingen-rooo-2023.pdf","foi_nrPages":47}],"foi_nrDocuments":1,"foi_nrPagesInDossier":47,"foi_publishedDate":"2024-09-27","foi_retrievedDate":"2024-10-03","tooiwl_topic":"migratie"},{"dc_creator":"WooScraper_v1","dc_date_year":2024,"dc_description":"Bestand: tk-bijlage-brief-cie-opt-out-eu-migratie-en-asielacquis.pdf Onderdeel van <a href='https://open.overheid.nl/Details/dpc-b1feb01be7dda481aa71260875e71ec79cf6c5a6/2'>Kamerbrief bij afschrift brief Opt out EU Migratie  en asielacquis</a>.","dc_identifier":"nl.mnre1162.2j.2024.5","dc_publisher":"mnre1162","dc_source":"https://open.overheid.nl/Details/dpc-0834e3ae479a8166f90f0eb64bd458ef18c238d3/2","dc_title":"TK Bijlage Brief CIE Opt out EU Migratie en asielacquis","dc_type":"2j","dc_type_description":"Onderzoek","foi_decisionDate":"2024-09-18","foi_fairiscoreVersions":{"v1":2,"v2":2},"foi_files":[{"dc_format":"application/pdf","dc_identifier":"nl.mnre1162.2j.2024.5.doc.1","dc_source":"https://open.overheid.nl/documenten/dpc-0834e3ae479a8166f90f0eb64bd458ef18c238d3/pdf","dc_title":"tk-bijlage-brief-cie-opt-out-eu-migratie-en-asielacquis","dc_type":"bijlage","foi_fairiscoreVersions":{"v1":2,"v2":2},"foi_fileName":"tk-bijlage-brief-cie-opt-out-eu-migratie-en-asielacquis.pdf","foi_nrPages":1}],"foi_nrDocuments":1,"foi_nrPagesInDossier":1,"foi_publishedDate":"2024-09-18","foi_retrievedDate":"2024-10-10"},{"dc_creator":"WooScraper_v1","dc_date_year":2024,"dc_description":"Deze tabellen horen bij de antwoorden op vragen over de wijziging van de begrotingsstaten van het ministerie van Justitie en Veiligheid voor het jaar 2024 (wijziging samenhangende met de Miljoenennota). De vaste commissie voor Asiel en Migratie in de Tweede Kamer heeft de vragen gesteld. Onderdeel van <a href='https://open.overheid.nl/Details/dpc-2b49d82aa0dd98293490843188ae41cfda7f078c/2'>Aanbiedingsbrief antwoorden Kamervragen over wijziging begroting 2024 Justitie en\n                  Veiligheid (Asiel en Migratie)</a>.","dc_identifier":"nl.mnre1162.2j.2024.6","dc_publisher":"mnre1162","dc_source":"https://open.overheid.nl/Details/dpc-dbf1cc480fcaa4c7e66d5552e135865e1eae80b0/2","dc_title":"Tabellen bij antwoorden Kamervragen wijziging begroting 2024 Justitie en Veiligheid (Asiel en Migratie)","dc_type":"2j","dc_type_description":"Onderzoek","foi_decisionDate":"2024-10-04","foi_fairiscoreVersions":{"v1":2,"v2":2},"foi_files":[{"dc_format":"application/pdf","dc_identifier":"nl.mnre1162.2j.2024.6.doc.1","dc_source":"https://open.overheid.nl/documenten/dpc-dbf1cc480fcaa4c7e66d5552e135865e1eae80b0/pdf","dc_title":"tk-bijlage-aenm-bijlage-tabellen-overig","dc_type":"bijlage","foi_fairiscoreVersions":{"v1":2,"v2":2},"foi_fileName":"tk-bijlage-aenm-bijlage-tabellen-overig.pdf","foi_nrPages":33}],"foi_nrDocuments":1,"foi_nrPagesInDossier":33,"foi_publishedDate":"2024-10-04","foi_retrievedDate":"2024-10-10"},{"dc_creator":"WooScraper_v1","dc_date_year":2024,"dc_description":"In deze tabel staat per locatie van het Centraal Orgaan opvang asielzoekers (COA) hoeveel incidenten er zijn geweest in 2023. Deze tabel hoort bij het antwoord op vraag 18 over de wijziging van de begrotingsstaten van het ministerie van Justitie en Veiligheid voor het jaar 2024 (wijziging samenhangende met de Miljoenennota). De vaste commissie voor Asiel en Migratie in de Tweede Kamer heeft de vraag gesteld. Onderdeel van <a href='https://open.overheid.nl/Details/dpc-2b49d82aa0dd98293490843188ae41cfda7f078c/2'>Aanbiedingsbrief antwoorden Kamervragen over wijziging begroting 2024 Justitie en\n                  Veiligheid (Asiel en Migratie)</a>.","dc_identifier":"nl.mnre1162.2j.2024.7","dc_publisher":"mnre1162","dc_source":"https://open.overheid.nl/Details/dpc-6a5b3d83afcf5abfeef28e215bff1a684b486a1d/2","dc_title":"Incidentenoverzicht per COA-locatie 2023","dc_type":"2j","dc_type_description":"Onderzoek","foi_decisionDate":"2024-10-04","foi_fairiscoreVersions":{"v1":1,"v2":1},"foi_files":[{"dc_format":"application/pdf","dc_identifier":"nl.mnre1162.2j.2024.7.doc.1","dc_source":"https://open.overheid.nl/documenten/dpc-6a5b3d83afcf5abfeef28e215bff1a684b486a1d/pdf","dc_title":"tk-bijlage-aenm-bijlage-tabellen-vraag-18","dc_type":"bijlage","foi_fairiscoreVersions":{"v1":1,"v2":1},"foi_fileName":"tk-bijlage-aenm-bijlage-tabellen-vraag-18.pdf","foi_nrPages":13}],"foi_nrDocuments":1,"foi_nrPagesInDossier":13,"foi_publishedDate":"2024-10-04","foi_retrievedDate":"2024-10-10"},{"dc_creator":"WooScraper_v1","dc_date_year":2024,"dc_description":"Bestand: tk-bijlage-bijlage-documentenset-1.pdf Onderdeel van <a href='https://open.overheid.nl/Details/dpc-c934c9e4a2d1951fb852d8f37dc2157049893ca0/2'>Kamerbrief over onderliggende adviezen van de opt out EU Migratie en asielacquis</a>.","dc_identifier":"nl.mnre1162.2j.2024.8","dc_publisher":"mnre1162","dc_source":"https://open.overheid.nl/Details/dpc-bb14771b105bc7ca5b7b3d3c410466533164fdb5/2","dc_title":"Documenten over onderliggende adviezen van de opt out EU Migratie en asielacquis","dc_type":"2j","dc_type_description":"Onderzoek","foi_decisionDate":"2024-10-09","foi_fairiscoreVersions":{"v1":3,"v2":3},"foi_files":[{"dc_format":"application/pdf","dc_identifier":"nl.mnre1162.2j.2024.8.doc.1","dc_source":"https://open.overheid.nl/documenten/dpc-bb14771b105bc7ca5b7b3d3c410466533164fdb5/pdf","dc_title":"tk-bijlage-bijlage-documentenset-1","dc_type":"bijlage","foi_fairiscoreVersions":{"v1":3,"v2":3},"foi_fileName":"tk-bijlage-bijlage-documentenset-1.pdf","foi_nrPages":31}],"foi_nrDocuments":1,"foi_nrPagesInDossier":31,"foi_publishedDate":"2024-10-09","foi_retrievedDate":"2024-10-10"},{"dc_creator":"WooScraper_v1","dc_date_year":2024,"dc_description":"Behorend bij beantwoording Kamervragen over begroting Asiel en Migratie. Onderdeel van <a href='https://open.overheid.nl/Details/dpc-18ed5c512ad24d70052cd975c37f2b38253fa015/2'>Aanbiedingsbrief bij beantwoording Kamervragen over begroting Asiel en Migratie</a>.","dc_identifier":"nl.mnre1162.2j.2024.9","dc_publisher":"mnre1162","dc_source":"https://open.overheid.nl/Details/dpc-c7f1b9cfc89f79d2e60137e5b1cabdf074927551/2","dc_title":"Bijlage bij antwoord op vraag 152 Overzicht aangenomen moties","dc_type":"2j","dc_type_description":"Onderzoek","foi_decisionDate":"2024-10-24","foi_fairiscoreVersions":{"v1":1,"v2":1},"foi_files":[{"dc_format":"application/pdf","dc_identifier":"nl.mnre1162.2j.2024.9.doc.1","dc_source":"https://open.overheid.nl/documenten/dpc-c7f1b9cfc89f79d2e60137e5b1cabdf074927551/pdf","dc_title":"tk-bijlage-4-bijlage-vraag-152-overzicht-aangenomen-moties","dc_type":"bijlage","foi_fairiscoreVersions":{"v1":1,"v2":1},"foi_fileName":"tk-bijlage-4-bijlage-vraag-152-overzicht-aangenomen-moties.pdf","foi_nrPages":2}],"foi_nrDocuments":1,"foi_nrPagesInDossier":2,"foi_publishedDate":"2024-10-24","foi_retrievedDate":"2024-10-25","tooiwl_topic":"migratie"},{"dc_creator":"WooScraper_v1","dc_date_year":2025,"dc_description":"Bestand: ek-jaarlijkse-rapportage-staatloosheid.pdf","dc_identifier":"nl.mnre1162.2j.2025.1","dc_publisher":"mnre1162","dc_source":"https://open.overheid.nl/Details/dpc-3ef91ab4dddc265f23f325e248ece998a24b24bd/2","dc_title":"EK Jaarlijkse rapportage staatloosheid","dc_type":"2j","dc_type_description":"Onderzoek","foi_decisionDate":"2025-01-06","foi_fairiscoreVersions":{"v1":1,"v2":1},"foi_files":[{"dc_format":"application/pdf","dc_identifier":"nl.mnre1162.2j.2025.1.doc.1","dc_source":"https://open.overheid.nl/documenten/dpc-3ef91ab4dddc265f23f325e248ece998a24b24bd/pdf","dc_title":"ek-jaarlijkse-rapportage-staatloosheid","dc_type":"bijlage","foi_fairiscoreVersions":{"v1":1,"v2":1},"foi_fileName":"ek-jaarlijkse-rapportage-staatloosheid.pdf","foi_nrPages":2}],"foi_nrDocuments":1,"foi_nrPagesInDossier":2,"foi_publishedDate":"2025-01-06","foi_retrievedDate":"2025-01-06"},{"dc_creator":"WooScraper_v1","dc_date_year":2025,"dc_identifier":"nl.mnre1162.2j.2025.10","dc_publisher":"mnre1162","dc_source":"https://open.overheid.nl/details/abca2711-9e0a-43b8-bd76-3214d166afab","dc_title":"Kerncijfers Asiel en Migratie, juli 2025 ","dc_type":"2j","dc_type_description":"Onderzoek","foi_decisionDate":"2025-10-13","foi_fairiscoreVersions":{"v1":1,"v2":1},"foi_files":[{"dc_format":"application/pdf","dc_identifier":"nl.mnre1162.2j.2025.10.doc.1","dc_source":"https://open.overheid.nl/documenten/abca2711-9e0a-43b8-bd76-3214d166afab/file","dc_title":"Kerncijfers Asiel en Migratie, juli 2025 ","dc_type":"bijlage","foi_fairiscoreVersions":{"v1":1,"v2":1},"foi_fileName":"2025-07 Maand-Editie-Kerncijfers_Asiel_Migratie.pdf","foi_nrPages":7}],"foi_nrDocuments":1,"foi_nrPagesInDossier":7,"foi_publishedDate":"2025-10-13","foi_retrievedDate":"2025-10-13"},{"dc_creator":"WooScraper_v1","dc_date_year":2025,"dc_description":"Rapport van de Auditdienst Rijk (ADR) over de stand van zaken van de bevindingen bij het agentschap Immigratie- en Naturalisatiedienst (IND). Het rapport is gebaseerd op de jaarrekeningcontrole over het eerste halfjaar van 2025.","dc_identifier":"nl.mnre1162.2j.2025.11","dc_publisher":"mnre1162","dc_source":"https://open.overheid.nl/details/0a183bba-cbe2-45d9-a998-99e58f278455","dc_title":"Interim-auditrapport 2025 Agentschap Immigratie- en Naturalisatiedienst (IND)","dc_type":"2j","dc_type_description":"Onderzoek","foi_decisionDate":"2025-10-14","foi_fairiscoreVersions":{"v1":2,"v2":1},"foi_files":[{"dc_format":"application/pdf","dc_identifier":"nl.mnre1162.2j.2025.11.doc.1","dc_source":"https://open.overheid.nl/documenten/0a183bba-cbe2-45d9-a998-99e58f278455/file","dc_title":"Interim-auditrapport 2025 Agentschap Immigratie- en Naturalisatiedienst (IND)","dc_type":"bijlage","foi_fairiscoreVersions":{"v1":2,"v2":1},"foi_fileName":"interim-auditrapport-2025-agentschap-ind.pdf","foi_nrPages":29}],"foi_nrDocuments":1,"foi_nrPagesInDossier":29,"foi_publishedDate":"2026-02-17","foi_retrievedDate":"2026-02-17"},{"dc_creator":"WooScraper_v1","dc_date_year":2025,"dc_description":"Het rapport bevat een plan van aanpak voor het opstellen van een periodieke rapportage over de doeltreffendheid en de doelmatigheid van het beleid voor begrotingsartikel 37.2 Migratiebeleid. Onderdeel van <a href='https://open.overheid.nl/Details/dpc-4a106b0fec9fdeb16137899b5b86da9bd1fbce4a/3'>Kamerbrief over plan van aanpak periodieke rapportage migratiebeleid toegang toelating\n                  en opvang vreemdelingen</a>.","dc_identifier":"nl.mnre1162.2j.2025.2","dc_publisher":"mnre1162","dc_source":"https://open.overheid.nl/Details/dpc-14bc1b7fb2c144f5d75213b1e06ca1a51929b409/3","dc_title":"Plan van aanpak Uitvoering periodieke rapportage begrotingsartikel 37.2 Migratiebeleid","dc_type":"2j","dc_type_description":"Onderzoek","foi_decisionDate":"2025-01-13","foi_fairiscoreVersions":{"v1":3,"v2":3},"foi_files":[{"dc_format":"application/pdf","dc_identifier":"nl.mnre1162.2j.2025.2.doc.1","dc_source":"https://open.overheid.nl/documenten/dpc-14bc1b7fb2c144f5d75213b1e06ca1a51929b409/pdf","dc_title":"tk-bijlage-1-plan-van-aanpak-pr","dc_type":"bijlage","foi_fairiscoreVersions":{"v1":3,"v2":3},"foi_fileName":"tk-bijlage-1-plan-van-aanpak-pr.pdf","foi_nrPages":5}],"foi_nrDocuments":1,"foi_nrPagesInDossier":5,"foi_publishedDate":"2025-01-13","foi_retrievedDate":"2025-01-20","tooiwl_topic":"migratie"},{"dc_creator":"WooScraper_v1","dc_date_year":2025,"dc_description":"De rapportage gaat over de belangrijkste wijzigingen in het asielbeleid van een aantal relevante lidstaten van de Europese Unie: Oostenrijk, Belgi\u00eb, Frankrijk, Duitsland en Zweden. Het gaat om de periode van 1 juli tot en met 30 september 2024. Onderdeel van <a href='https://open.overheid.nl/Details/dpc-5a08ba215b87717b18bb1965354f9effa95607ac/3'>Kamerbrief bij rapportage wijzigingen in het asielbeleid in omringende EU-landen Q3\n                  2024</a>.","dc_identifier":"nl.mnre1162.2j.2025.3","dc_publisher":"mnre1162","dc_source":"https://open.overheid.nl/Details/dpc-d256856167b6a77cb961a55ca524e32ffc4539d4/3","dc_title":"Rapportage wijzigingen in het asielbeleid in een aantal relevante EU-lidstaten","dc_type":"2j","dc_type_description":"Onderzoek","foi_decisionDate":"2025-01-14","foi_fairiscoreVersions":{"v1":1,"v2":1},"foi_files":[{"dc_format":"application/pdf","dc_identifier":"nl.mnre1162.2j.2025.3.doc.1","dc_source":"https://open.overheid.nl/documenten/dpc-d256856167b6a77cb961a55ca524e32ffc4539d4/pdf","dc_title":"tk-bijlage-rapportage-wijzigingen-in-het-asielbeleid-in-een-aantal-relevante-eu-lidstaten","dc_type":"bijlage","foi_fairiscoreVersions":{"v1":1,"v2":1},"foi_fileName":"tk-bijlage-rapportage-wijzigingen-in-het-asielbeleid-in-een-aantal-relevante-eu-lidstaten.pdf","foi_nrPages":5}],"foi_nrDocuments":1,"foi_nrPagesInDossier":5,"foi_publishedDate":"2025-01-14","foi_retrievedDate":"2025-01-20","tooiwl_topic":"europese zaken"},{"dc_creator":"WooScraper_v1","dc_date_year":2025,"dc_description":"Minister Faber (Asiel en Migratie) geeft antwoorden op vragen die de vaste Tweede Kamercommissie voor Asiel en Migratie heeft gesteld tijdens het schriftelijk overleg (so) over de Informele JBZ-Raad van 30 en 31 januari 2025. JBZ staat voor Justitie en Binnenlandse Zaken. Onderdeel van <a href='https://open.overheid.nl/Details/dpc-365e86c65d7e69f407aaa4d8eb05e280bbc75b00/4'>Aanbiedingsbrief bij antwoorden vragen so over de Informele JBZ Raad van 30 en 31\n                  januari 2025</a>.","dc_identifier":"nl.mnre1162.2j.2025.4","dc_publisher":"mnre1162","dc_source":"https://open.overheid.nl/Details/dpc-fdbe0fe6b147333eb8e7bcab9e222441a25374cf/4","dc_title":"Antwoorden vragen so over de Informele JBZ Raad van 30 en 31 januari 2025","dc_type":"2j","dc_type_description":"Onderzoek","foi_decisionDate":"2025-01-29","foi_fairiscoreVersions":{"v1":1,"v2":1},"foi_files":[{"dc_format":"application/pdf","dc_identifier":"nl.mnre1162.2j.2025.4.doc.1","dc_source":"https://open.overheid.nl/documenten/dpc-fdbe0fe6b147333eb8e7bcab9e222441a25374cf/pdf","dc_title":"tk-bijlage-20250127-inbreng-verslag-schriftelijk-overleg-commissieaenm-informele-jbz-raad-30-31-januari-2025-te-polen-vreemdelingen-en-asielbeleid","dc_type":"bijlage","foi_fairiscoreVersions":{"v1":1,"v2":1},"foi_fileName":"tk-bijlage-20250127-inbreng-verslag-schriftelijk-overleg-commissieaenm-informele-jbz-raad-30-31-januari-2025-te-polen-vreemdelingen-en-asielbeleid.pdf","foi_nrPages":25}],"foi_nrDocuments":1,"foi_nrPagesInDossier":25,"foi_publishedDate":"2025-01-29","foi_retrievedDate":"2025-02-06","tooiwl_topic":"europese zaken"},{"dc_creator":"WooScraper_v1","dc_date_year":2025,"dc_description":"Bestand: ek-bijlage-2e-nnavv-ek-wetsvoorstel-verlenging-beslistermijnen-in-asiel-en-nareiszaken.pdf Onderdeel van <a href='https://open.overheid.nl/Details/dpc-ea64687ab9c3d41265c26c50a603fefbae86a042/2'>EK Wijziging van de Vreemdelingenwet 2000 in verband met verlenging van de beslistermijnen\n                  in asiel en nareiszaken</a>.","dc_identifier":"nl.mnre1162.2j.2025.5","dc_publisher":"mnre1162","dc_source":"https://open.overheid.nl/Details/dpc-0302d9a649d7738f3d7ce76bb2715eaac03185ac/2","dc_title":"EK bijlage 2e NnavV EK wetsvoorstel verlenging beslistermijnen in asiel en nareiszaken","dc_type":"2j","dc_type_description":"Onderzoek","foi_decisionDate":"2025-02-17","foi_fairiscoreVersions":{"v1":1,"v2":1},"foi_files":[{"dc_format":"application/pdf","dc_identifier":"nl.mnre1162.2j.2025.5.doc.1","dc_source":"https://open.overheid.nl/documenten/dpc-0302d9a649d7738f3d7ce76bb2715eaac03185ac/pdf","dc_title":"ek-bijlage-2e-nnavv-ek-wetsvoorstel-verlenging-beslistermijnen-in-asiel-en-nareiszaken","dc_type":"bijlage","foi_fairiscoreVersions":{"v1":1,"v2":1},"foi_fileName":"ek-bijlage-2e-nnavv-ek-wetsvoorstel-verlenging-beslistermijnen-in-asiel-en-nareiszaken.pdf","foi_nrPages":17}],"foi_nrDocuments":1,"foi_nrPagesInDossier":17,"foi_publishedDate":"2025-02-17","foi_retrievedDate":"2025-02-18"},{"dc_creator":"WooScraper_v1","dc_date_year":2025,"dc_description":"Het ministerie maakt samenvattingen openbaar van piketmeldingen binnen de migratieketen. Het zijn piketmeldingen van het Centraal Orgaan opvang asielzoekers en de Immigratie- en Naturalisatiedienst.","dc_identifier":"nl.mnre1162.2j.2025.6","dc_publisher":"mnre1162","dc_source":"https://open.overheid.nl/details/7169093b-831f-4b5d-bdbd-4b2db97f6add","dc_title":"Piketmeldingen Q4 2024 ","dc_type":"2j","dc_type_description":"Onderzoek","foi_decisionDate":"2025-09-15","foi_fairiscoreVersions":{"v1":1,"v2":1},"foi_files":[{"dc_format":"application/pdf","dc_identifier":"nl.mnre1162.2j.2025.6.doc.1","dc_source":"https://open.overheid.nl/documenten/7169093b-831f-4b5d-bdbd-4b2db97f6add/file","dc_title":"Piketmeldingen Q4 2024 ","dc_type":"bijlage","foi_fairiscoreVersions":{"v1":1,"v2":1},"foi_fileName":"Piketmeldingen Q4 2024 def.pdf","foi_nrPages":7}],"foi_nrDocuments":1,"foi_nrPagesInDossier":7,"foi_publishedDate":"2025-09-15","foi_retrievedDate":"2025-09-22"},{"dc_creator":"WooScraper_v1","dc_date_year":2025,"dc_description":"Regelmatig wordt onderzoek gedaan naar meningen in de samenleving over belangrijke thema\u2019s op het terrein van Justitie en Veiligheid. Op 22/23 juli 2025 is een peiling gedaan naar de houding van Nederlanders tegenover de komst en opvang van vluchtelingen uit Oekra\u00efne.","dc_identifier":"nl.mnre1162.2j.2025.7","dc_publisher":"mnre1162","dc_source":"https://open.overheid.nl/details/e43bb75d-238c-4c11-9724-6d50d9459731","dc_title":"Flitspeiling (23e) Vluchtelingen uit Oekra\u00efne - 22 en 23 juli 2025","dc_type":"2j","dc_type_description":"Onderzoek","foi_decisionDate":"2025-07-24","foi_fairiscoreVersions":{"v1":2,"v2":1},"foi_files":[{"dc_format":"application/pdf","dc_identifier":"nl.mnre1162.2j.2025.7.doc.1","dc_source":"https://open.overheid.nl/documenten/e43bb75d-238c-4c11-9724-6d50d9459731/file","dc_title":"Flitspeiling (23e) Vluchtelingen uit Oekra\u00efne - 22 en 23 juli 2025","dc_type":"bijlage","foi_fairiscoreVersions":{"v1":2,"v2":1},"foi_fileName":"Ipsos IO 23e peiling opvang vluchtelingen Oekra_ne_DEF.pdf","foi_nrPages":56}],"foi_nrDocuments":1,"foi_nrPagesInDossier":56,"foi_publishedDate":"2025-07-28","foi_retrievedDate":"2025-09-22"},{"dc_creator":"WooScraper_v1","dc_date_year":2025,"dc_description":"Het ministerie maakt samenvattingen openbaar van piketmeldingen binnen de migratieketen. Het zijn piketmeldingen van het Centraal Orgaan opvang asielzoekers en de Immigratie- en Naturalisatiedienst. ","dc_identifier":"nl.mnre1162.2j.2025.8","dc_publisher":"mnre1162","dc_source":"https://open.overheid.nl/details/d6c6d678-620e-4635-ad7f-fb36f86cdb23","dc_title":"Piketmeldingen Q3 2024 def","dc_type":"2j","dc_type_description":"Onderzoek","foi_decisionDate":"2025-09-15","foi_fairiscoreVersions":{"v1":1,"v2":1},"foi_files":[{"dc_format":"application/pdf","dc_identifier":"nl.mnre1162.2j.2025.8.doc.1","dc_source":"https://open.overheid.nl/documenten/d6c6d678-620e-4635-ad7f-fb36f86cdb23/file","dc_title":"Piketmeldingen Q3 2024 def","dc_type":"bijlage","foi_fairiscoreVersions":{"v1":1,"v2":1},"foi_fileName":"Piketmeldingen Q3 2024 def.pdf","foi_nrPages":9}],"foi_nrDocuments":1,"foi_nrPagesInDossier":9,"foi_publishedDate":"2025-09-15","foi_retrievedDate":"2025-09-22"},{"dc_creator":"WooScraper_v1","dc_date_year":2025,"dc_identifier":"nl.mnre1162.2j.2025.9","dc_publisher":"mnre1162","dc_source":"https://open.overheid.nl/details/0b52519c-ea7b-440e-80ca-043c22cc9b22","dc_title":"Kerncijfers Asiel en Migratie, augustus 2025","dc_type":"2j","dc_type_description":"Onderzoek","foi_decisionDate":"2025-08-31","foi_fairiscoreVersions":{"v1":1,"v2":1},"foi_files":[{"dc_format":"application/pdf","dc_identifier":"nl.mnre1162.2j.2025.9.doc.1","dc_source":"https://open.overheid.nl/documenten/0b52519c-ea7b-440e-80ca-043c22cc9b22/file","dc_title":"Kerncijfers Asiel en Migratie, augustus 2025","dc_type":"bijlage","foi_fairiscoreVersions":{"v1":1,"v2":1},"foi_fileName":"2025-08-maand-editie-kerncijfers-asiel-migratie.pdf","foi_nrPages":7}],"foi_nrDocuments":1,"foi_nrPagesInDossier":7,"foi_publishedDate":"2025-10-09","foi_retrievedDate":"2025-10-09"},{"dc_creator":"WooScraper_v1","dc_date_year":2026,"dc_description":"Regelmatig wordt onderzoek gedaan naar meningen in de samenleving over belangrijke thema's op het terrein van Justitie en Veiligheid. Op 17/18 februari 2026 is een peiling gedaan naar de houding van Nederlanders tegenover de komst en opvang van vluchtelingen uit Oekra\u00efne.","dc_identifier":"nl.mnre1162.2j.2026.1","dc_publisher":"mnre1162","dc_source":"https://open.overheid.nl/details/59e11213-ac6c-43ec-91be-fe0b584ffd5d","dc_title":"Flitspeiling (26e) Vluchtelingen uit Oekra\u00efne - 17 en 18 februari 2026","dc_type":"2j","dc_type_description":"Onderzoek","foi_decisionDate":"2026-02-20","foi_fairiscoreVersions":{"v1":2,"v2":2},"foi_files":[{"dc_format":"application/pdf","dc_identifier":"nl.mnre1162.2j.2026.1.doc.1","dc_source":"https://open.overheid.nl/documenten/59e11213-ac6c-43ec-91be-fe0b584ffd5d/file","dc_title":"Flitspeiling (26e) Vluchtelingen uit Oekra\u00efne - 17 en 18 februari 2026","dc_type":"bijlage","foi_fairiscoreVersions":{"v1":2,"v2":2},"foi_fileName":"26e-peiling-opvang-oekraiense-ontheemden.pdf","foi_nrPages":55}],"foi_nrDocuments":1,"foi_nrPagesInDossier":55,"foi_publishedDate":"2026-02-25","foi_retrievedDate":"2026-02-25"}],"foi_totalDossiers":185},"resource":"nl.mnre1162"}
